{"id":418279,"date":"2026-09-01T15:04:33","date_gmt":"2026-09-01T13:04:33","guid":{"rendered":"https:\/\/loudavymkrokem.cz\/bulgaria-plaze-najpiekniejsze\/"},"modified":"2026-09-05T20:43:09","modified_gmt":"2026-09-05T18:43:09","slug":"bulgaria-plaze-najpiekniejsze","status":"publish","type":"post","link":"https:\/\/loudavymkrokem.cz\/pl\/bulgaria-plaze-najpiekniejsze\/","title":{"rendered":"Bu\u0142garia pla\u017ce: 20 najpi\u0119kniejszych miejsc, kt\u00f3re warto odwiedzi\u0107"},"content":{"rendered":"\n<p class=\"wp-block-paragraph\">Kiedy mowa o tym, jak wygl\u0105daj\u0105 w Bu\u0142garii pla\u017ce, wi\u0119kszo\u015b\u0107 polskich podr\u00f3\u017cnych wyobra\u017ca sobie wzd\u0142u\u017c tego 378-kilometrowego wybrze\u017ca jedynie dwa g\u0142\u00f3wne, gwarne kurorty. Tymczasem wystarczy przejecha\u0107 kilkadziesi\u0105t kilometr\u00f3w dalej na po\u0142udnie, by odkry\u0107 zupe\u0142nie inny \u015bwiat. Zaczynaj\u0105 si\u0119 tu <strong>nieko\u0144cz\u0105ce si\u0119 piaszczyste wydmy, malownicze uj\u015bcia rzek i dzikie pla\u017ce<\/strong>, na kt\u00f3re na wakacje je\u017cd\u017c\u0105 g\u0142\u00f3wnie sami Bu\u0142garzy.<\/p>\n\n\n\n<p class=\"wp-block-paragraph\">Przygotowali\u015bmy dla ciebie szczeg\u00f3\u0142owy przewodnik, w kt\u00f3rym znajdziesz obie twarze wybrze\u017ca: od zorganizowanych kurort\u00f3w po dzikie zatoki, do kt\u00f3rych nie prowadz\u0105 nawet porz\u0105dne drogi. Dowiesz si\u0119, gdzie znajdziesz <strong>najlepsze warunki dla rodzin z dzie\u0107mi<\/strong>, w kt\u00f3rych miejscach sporo zaoszcz\u0119dzisz na le\u017cakach i gdzie lepiej wybra\u0107 si\u0119 z w\u0142asnym namiotem albo kamperem.<\/p>\n\n\n\n<p class=\"wp-block-paragraph\">Bu\u0142garia od 1 stycznia 2026 roku <strong>oficjalnie przesz\u0142a na euro<\/strong>, co przynios\u0142o szereg zmian nie tylko w codziennych cenach, ale te\u017c w bardziej rygorystycznych zasadach dotycz\u0105cych kempingowania.<\/p>\n\n\n\n<figure data-wp-context=\"{&quot;imageId&quot;:&quot;6a9c8220892af&quot;}\" data-wp-interactive=\"core\/image\" data-wp-key=\"6a9c8220892af\" class=\"wp-block-image size-full wp-lightbox-container\"><img decoding=\"async\" width=\"1800\" height=\"1285\" data-wp-class--hide=\"state.isContentHidden\" data-wp-class--show=\"state.isContentVisible\" data-wp-init=\"callbacks.setButtonStyles\" data-wp-on--click=\"actions.showLightbox\" data-wp-on--load=\"callbacks.setButtonStyles\" data-wp-on--pointerdown=\"actions.preloadImage\" data-wp-on--pointerenter=\"actions.preloadImageWithDelay\" data-wp-on--pointerleave=\"actions.cancelPreload\" data-wp-on-window--resize=\"callbacks.setButtonStyles\" src=\"https:\/\/loudavymkrokem.cz\/wp-content\/uploads\/2026\/08\/bulharsko-research-plaze-bulharsko-01.jpg\" alt=\"Uj\u015bcie Veleki ko\u0142o Sinemorca, jedno z najcz\u0119\u015bciej fotografowanych miejsc na wybrze\u017cu\" class=\"wp-image-404184\" title=\"\" srcset=\"https:\/\/loudavymkrokem.cz\/wp-content\/uploads\/2026\/08\/bulharsko-research-plaze-bulharsko-01.jpg 1800w, https:\/\/loudavymkrokem.cz\/wp-content\/uploads\/2026\/08\/bulharsko-research-plaze-bulharsko-01-300x214.jpg 300w, https:\/\/loudavymkrokem.cz\/wp-content\/uploads\/2026\/08\/bulharsko-research-plaze-bulharsko-01-700x500.jpg 700w, https:\/\/loudavymkrokem.cz\/wp-content\/uploads\/2026\/08\/bulharsko-research-plaze-bulharsko-01-768x548.jpg 768w, https:\/\/loudavymkrokem.cz\/wp-content\/uploads\/2026\/08\/bulharsko-research-plaze-bulharsko-01-1536x1097.jpg 1536w, https:\/\/loudavymkrokem.cz\/wp-content\/uploads\/2026\/08\/bulharsko-research-plaze-bulharsko-01-696x497.jpg 696w, https:\/\/loudavymkrokem.cz\/wp-content\/uploads\/2026\/08\/bulharsko-research-plaze-bulharsko-01-1392x994.jpg 1392w\" sizes=\"(max-width: 1800px) 100vw, 1800px\" \/><button\n\t\t\tclass=\"lightbox-trigger\"\n\t\t\ttype=\"button\"\n\t\t\taria-haspopup=\"dialog\"\n\t\t\tdata-wp-bind--aria-label=\"state.thisImage.triggerButtonAriaLabel\"\n\t\t\tdata-wp-init=\"callbacks.initTriggerButton\"\n\t\t\tdata-wp-on--click=\"actions.showLightbox\"\n\t\t\tdata-wp-style--right=\"state.thisImage.buttonRight\"\n\t\t\tdata-wp-style--top=\"state.thisImage.buttonTop\"\n\t\t>\n\t\t\t<svg xmlns=\"http:\/\/www.w3.org\/2000\/svg\" width=\"12\" height=\"12\" fill=\"none\" viewBox=\"0 0 12 12\">\n\t\t\t\t<path fill=\"#fff\" d=\"M2 0a2 2 0 0 0-2 2v2h1.5V2a.5.5 0 0 1 .5-.5h2V0H2Zm2 10.5H2a.5.5 0 0 1-.5-.5V8H0v2a2 2 0 0 0 2 2h2v-1.5ZM8 12v-1.5h2a.5.5 0 0 0 .5-.5V8H12v2a2 2 0 0 1-2 2H8Zm2-12a2 2 0 0 1 2 2v2h-1.5V2a.5.5 0 0 0-.5-.5H8V0h2Z\" \/>\n\t\t\t<\/svg>\n\t\t<\/button><figcaption class=\"wp-element-caption\">Foto: Evgeni Dinev @ Flickr \/ Wikimedia Commons (CC BY 2.0)<\/figcaption><\/figure>\n\n\n\n<div id=\"ez-toc-container\" class=\"ez-toc-v2_0_87 ez-toc-wrap-left counter-hierarchy ez-toc-counter ez-toc-grey ez-toc-container-direction\">\n<div class=\"ez-toc-title-container\">\n<p class=\"ez-toc-title\" style=\"cursor:inherit\">Tre\u015b\u0107 artyku\u0142u<\/p>\n<span class=\"ez-toc-title-toggle\"><a href=\"#\" class=\"ez-toc-pull-right ez-toc-btn ez-toc-btn-xs ez-toc-btn-default ez-toc-toggle\" aria-label=\"Prze\u0142\u0105cznik Spisu Tre\u015bci\"><span class=\"ez-toc-js-icon-con\"><span class=\"\"><span class=\"eztoc-hide\" style=\"display:none;\">Toggle<\/span><span class=\"ez-toc-icon-toggle-span\"><svg style=\"fill: #999;color:#999\" xmlns=\"http:\/\/www.w3.org\/2000\/svg\" class=\"list-377408\" width=\"20px\" height=\"20px\" viewBox=\"0 0 24 24\" fill=\"none\"><path d=\"M6 6H4v2h2V6zm14 0H8v2h12V6zM4 11h2v2H4v-2zm16 0H8v2h12v-2zM4 16h2v2H4v-2zm16 0H8v2h12v-2z\" fill=\"currentColor\"><\/path><\/svg><svg style=\"fill: #999;color:#999\" class=\"arrow-unsorted-368013\" xmlns=\"http:\/\/www.w3.org\/2000\/svg\" width=\"10px\" height=\"10px\" viewBox=\"0 0 24 24\" version=\"1.2\" baseProfile=\"tiny\"><path d=\"M18.2 9.3l-6.2-6.3-6.2 6.3c-.2.2-.3.4-.3.7s.1.5.3.7c.2.2.4.3.7.3h11c.3 0 .5-.1.7-.3.2-.2.3-.5.3-.7s-.1-.5-.3-.7zM5.8 14.7l6.2 6.3 6.2-6.3c.2-.2.3-.5.3-.7s-.1-.5-.3-.7c-.2-.2-.4-.3-.7-.3h-11c-.3 0-.5.1-.7.3-.2.2-.3.5-.3.7s.1.5.3.7z\"\/><\/svg><\/span><\/span><\/span><\/a><\/span><\/div>\n<nav><ul class='ez-toc-list ez-toc-list-level-1 ' ><ul class='ez-toc-list-level-3' ><li class='ez-toc-heading-level-3'><a class=\"ez-toc-link ez-toc-heading-1\" href=\"https:\/\/loudavymkrokem.cz\/pl\/bulgaria-plaze-najpiekniejsze\/#Podsumowanie_dla_tych_ktorzy_nie_maja_czasu_czytac_calego_artykulu\" >Podsumowanie dla tych, kt\u00f3rzy nie maj\u0105 czasu czyta\u0107 ca\u0142ego artyku\u0142u<\/a><\/li><\/ul><\/li><li class='ez-toc-page-1 ez-toc-heading-level-2'><a class=\"ez-toc-link ez-toc-heading-2\" href=\"https:\/\/loudavymkrokem.cz\/pl\/bulgaria-plaze-najpiekniejsze\/#Jak_dzialaja_bulgarskie_plaze_strefy_platne_i_wolne\" >Jak dzia\u0142aj\u0105 bu\u0142garskie pla\u017ce: strefy p\u0142atne i wolne<\/a><\/li><li class='ez-toc-page-1 ez-toc-heading-level-2'><a class=\"ez-toc-link ez-toc-heading-3\" href=\"https:\/\/loudavymkrokem.cz\/pl\/bulgaria-plaze-najpiekniejsze\/#Rekordowe_26_blekitnych_flag\" >Rekordowe 26 b\u0142\u0119kitnych flag<\/a><\/li><li class='ez-toc-page-1 ez-toc-heading-level-2'><a class=\"ez-toc-link ez-toc-heading-4\" href=\"https:\/\/loudavymkrokem.cz\/pl\/bulgaria-plaze-najpiekniejsze\/#Dzikie_poludnie_plaze_na_ktore_jezdza_sami_Bulgarzy\" >Dzikie po\u0142udnie: pla\u017ce, na kt\u00f3re je\u017cd\u017c\u0105 sami Bu\u0142garzy<\/a><ul class='ez-toc-list-level-3' ><li class='ez-toc-heading-level-3'><a class=\"ez-toc-link ez-toc-heading-5\" href=\"https:\/\/loudavymkrokem.cz\/pl\/bulgaria-plaze-najpiekniejsze\/#1_Silistar\" >1. Silistar<\/a><\/li><li class='ez-toc-page-1 ez-toc-heading-level-3'><a class=\"ez-toc-link ez-toc-heading-6\" href=\"https:\/\/loudavymkrokem.cz\/pl\/bulgaria-plaze-najpiekniejsze\/#2_Veleka_Sinemorec\" >2. Veleka (Sinemorec)<\/a><\/li><li class='ez-toc-page-1 ez-toc-heading-level-3'><a class=\"ez-toc-link ez-toc-heading-7\" href=\"https:\/\/loudavymkrokem.cz\/pl\/bulgaria-plaze-najpiekniejsze\/#3_Butamjata\" >3. Butamjata<\/a><\/li><li class='ez-toc-page-1 ez-toc-heading-level-3'><a class=\"ez-toc-link ez-toc-heading-8\" href=\"https:\/\/loudavymkrokem.cz\/pl\/bulgaria-plaze-najpiekniejsze\/#4_Arkutino\" >4. Arkutino<\/a><\/li><li class='ez-toc-page-1 ez-toc-heading-level-3'><a class=\"ez-toc-link ez-toc-heading-9\" href=\"https:\/\/loudavymkrokem.cz\/pl\/bulgaria-plaze-najpiekniejsze\/#5_Koral\" >5. Koral<\/a><\/li><li class='ez-toc-page-1 ez-toc-heading-level-3'><a class=\"ez-toc-link ez-toc-heading-10\" href=\"https:\/\/loudavymkrokem.cz\/pl\/bulgaria-plaze-najpiekniejsze\/#6_Alepu\" >6. Alepu<\/a><\/li><li class='ez-toc-page-1 ez-toc-heading-level-3'><a class=\"ez-toc-link ez-toc-heading-11\" href=\"https:\/\/loudavymkrokem.cz\/pl\/bulgaria-plaze-najpiekniejsze\/#7_Kastric_i_Rezovo\" >7. Kastri\u010d i Rezovo<\/a><\/li><\/ul><\/li><li class='ez-toc-page-1 ez-toc-heading-level-2'><a class=\"ez-toc-link ez-toc-heading-12\" href=\"https:\/\/loudavymkrokem.cz\/pl\/bulgaria-plaze-najpiekniejsze\/#Warna_%E2%80%93_bulgaria_plaze_na_polnocy_i_dzicz_w_jej_okolicy\" >Warna \u2013 bu\u0142garia pla\u017ce na p\u00f3\u0142nocy i dzicz w jej okolicy<\/a><ul class='ez-toc-list-level-3' ><li class='ez-toc-heading-level-3'><a class=\"ez-toc-link ez-toc-heading-13\" href=\"https:\/\/loudavymkrokem.cz\/pl\/bulgaria-plaze-najpiekniejsze\/#8_Bolata\" >8. Bolata<\/a><\/li><li class='ez-toc-page-1 ez-toc-heading-level-3'><a class=\"ez-toc-link ez-toc-heading-14\" href=\"https:\/\/loudavymkrokem.cz\/pl\/bulgaria-plaze-najpiekniejsze\/#9_Biala_Laguna_Topola\" >9. Bia\u0142a Laguna (Topola)<\/a><\/li><li class='ez-toc-page-1 ez-toc-heading-level-3'><a class=\"ez-toc-link ez-toc-heading-15\" href=\"https:\/\/loudavymkrokem.cz\/pl\/bulgaria-plaze-najpiekniejsze\/#10_Krapec_i_Durankulak\" >10. Krapec i Durankulak<\/a><\/li><li class='ez-toc-page-1 ez-toc-heading-level-3'><a class=\"ez-toc-link ez-toc-heading-16\" href=\"https:\/\/loudavymkrokem.cz\/pl\/bulgaria-plaze-najpiekniejsze\/#11_Skorpilovci_i_Kamcija\" >11. \u0160korpilovci i Kam\u010dija<\/a><\/li><li class='ez-toc-page-1 ez-toc-heading-level-3'><a class=\"ez-toc-link ez-toc-heading-17\" href=\"https:\/\/loudavymkrokem.cz\/pl\/bulgaria-plaze-najpiekniejsze\/#12_Pasa_dere\" >12. Pa\u0161a dere<\/a><\/li><li class='ez-toc-page-1 ez-toc-heading-level-3'><a class=\"ez-toc-link ez-toc-heading-18\" href=\"https:\/\/loudavymkrokem.cz\/pl\/bulgaria-plaze-najpiekniejsze\/#13_Karadere\" >13. Karadere<\/a><\/li><\/ul><\/li><li class='ez-toc-page-1 ez-toc-heading-level-2'><a class=\"ez-toc-link ez-toc-heading-19\" href=\"https:\/\/loudavymkrokem.cz\/pl\/bulgaria-plaze-najpiekniejsze\/#Klasyka_kurorty_i_plaze_miejskie\" >Klasyka: kurorty i pla\u017ce miejskie<\/a><ul class='ez-toc-list-level-3' ><li class='ez-toc-heading-level-3'><a class=\"ez-toc-link ez-toc-heading-20\" href=\"https:\/\/loudavymkrokem.cz\/pl\/bulgaria-plaze-najpiekniejsze\/#14_Plaza_Albena_w_Bulgarii\" >14. Pla\u017ca Albena w Bu\u0142garii<\/a><\/li><li class='ez-toc-page-1 ez-toc-heading-level-3'><a class=\"ez-toc-link ez-toc-heading-21\" href=\"https:\/\/loudavymkrokem.cz\/pl\/bulgaria-plaze-najpiekniejsze\/#15_Kranevo\" >15. Kranevo<\/a><\/li><li class='ez-toc-page-1 ez-toc-heading-level-3'><a class=\"ez-toc-link ez-toc-heading-22\" href=\"https:\/\/loudavymkrokem.cz\/pl\/bulgaria-plaze-najpiekniejsze\/#16_Plaze_Zlote_Piaski_w_Bulgarii\" >16. Pla\u017ce Z\u0142ote Piaski w Bu\u0142garii<\/a><\/li><li class='ez-toc-page-1 ez-toc-heading-level-3'><a class=\"ez-toc-link ez-toc-heading-23\" href=\"https:\/\/loudavymkrokem.cz\/pl\/bulgaria-plaze-najpiekniejsze\/#17_Sloneczny_Brzeg\" >17. S\u0142oneczny Brzeg<\/a><\/li><li class='ez-toc-page-1 ez-toc-heading-level-3'><a class=\"ez-toc-link ez-toc-heading-24\" href=\"https:\/\/loudavymkrokem.cz\/pl\/bulgaria-plaze-najpiekniejsze\/#18_Nesebyr-poludnie\" >18. Nesebyr-po\u0142udnie<\/a><\/li><li class='ez-toc-page-1 ez-toc-heading-level-3'><a class=\"ez-toc-link ez-toc-heading-25\" href=\"https:\/\/loudavymkrokem.cz\/pl\/bulgaria-plaze-najpiekniejsze\/#19_Sozopol\" >19. Sozopol<\/a><\/li><li class='ez-toc-page-1 ez-toc-heading-level-3'><a class=\"ez-toc-link ez-toc-heading-26\" href=\"https:\/\/loudavymkrokem.cz\/pl\/bulgaria-plaze-najpiekniejsze\/#20_Primorsko_i_Kiten\" >20. Primorsko i Kiten<\/a><\/li><\/ul><\/li><li class='ez-toc-page-1 ez-toc-heading-level-2'><a class=\"ez-toc-link ez-toc-heading-27\" href=\"https:\/\/loudavymkrokem.cz\/pl\/bulgaria-plaze-najpiekniejsze\/#Najlepsze_plaze_dla_rodzin_z_malymi_dziecmi\" >Najlepsze pla\u017ce dla rodzin z ma\u0142ymi dzie\u0107mi<\/a><\/li><li class='ez-toc-page-1 ez-toc-heading-level-2'><a class=\"ez-toc-link ez-toc-heading-28\" href=\"https:\/\/loudavymkrokem.cz\/pl\/bulgaria-plaze-najpiekniejsze\/#Bezpieczenstwo_prady_fale_i_ratownicy\" >Bezpiecze\u0144stwo: pr\u0105dy, fale i ratownicy<\/a><\/li><li class='ez-toc-page-1 ez-toc-heading-level-2'><a class=\"ez-toc-link ez-toc-heading-29\" href=\"https:\/\/loudavymkrokem.cz\/pl\/bulgaria-plaze-najpiekniejsze\/#Kempingowanie_i_kampery_co_sie_zmienilo_w_2026_roku\" >Kempingowanie i kampery: co si\u0119 zmieni\u0142o w 2026 roku<\/a><\/li><li class='ez-toc-page-1 ez-toc-heading-level-2'><a class=\"ez-toc-link ez-toc-heading-30\" href=\"https:\/\/loudavymkrokem.cz\/pl\/bulgaria-plaze-najpiekniejsze\/#Kiedy_jechac_na_bulgarskie_plaze\" >Kiedy jecha\u0107 na bu\u0142garskie pla\u017ce<\/a><\/li><li class='ez-toc-page-1 ez-toc-heading-level-2'><a class=\"ez-toc-link ez-toc-heading-31\" href=\"https:\/\/loudavymkrokem.cz\/pl\/bulgaria-plaze-najpiekniejsze\/#Co_dalej\" >Co dalej<\/a><\/li><li class='ez-toc-page-1 ez-toc-heading-level-2'><a class=\"ez-toc-link ez-toc-heading-32\" href=\"https:\/\/loudavymkrokem.cz\/pl\/bulgaria-plaze-najpiekniejsze\/#Najczesciej_zadawane_pytania\" >Najcz\u0119\u015bciej zadawane pytania<\/a><ul class='ez-toc-list-level-3' ><li class='ez-toc-heading-level-3'><a class=\"ez-toc-link ez-toc-heading-33\" href=\"https:\/\/loudavymkrokem.cz\/pl\/bulgaria-plaze-najpiekniejsze\/#Ktore_plaze_sa_najpiekniejsze\" >Kt\u00f3re pla\u017ce s\u0105 najpi\u0119kniejsze?<\/a><\/li><li class='ez-toc-page-1 ez-toc-heading-level-3'><a class=\"ez-toc-link ez-toc-heading-34\" href=\"https:\/\/loudavymkrokem.cz\/pl\/bulgaria-plaze-najpiekniejsze\/#Ile_kosztuje_lezak\" >Ile kosztuje le\u017cak?<\/a><\/li><li class='ez-toc-page-1 ez-toc-heading-level-3'><a class=\"ez-toc-link ez-toc-heading-35\" href=\"https:\/\/loudavymkrokem.cz\/pl\/bulgaria-plaze-najpiekniejsze\/#Czy_musze_placic_za_plaze\" >Czy musz\u0119 p\u0142aci\u0107 za pla\u017c\u0119?<\/a><\/li><li class='ez-toc-page-1 ez-toc-heading-level-3'><a class=\"ez-toc-link ez-toc-heading-36\" href=\"https:\/\/loudavymkrokem.cz\/pl\/bulgaria-plaze-najpiekniejsze\/#Gdzie_z_malymi_dziecmi\" >Gdzie z ma\u0142ymi dzie\u0107mi?<\/a><\/li><li class='ez-toc-page-1 ez-toc-heading-level-3'><a class=\"ez-toc-link ez-toc-heading-37\" href=\"https:\/\/loudavymkrokem.cz\/pl\/bulgaria-plaze-najpiekniejsze\/#Ktore_plaze_sa_niebezpieczne\" >Kt\u00f3re pla\u017ce s\u0105 niebezpieczne?<\/a><\/li><li class='ez-toc-page-1 ez-toc-heading-level-3'><a class=\"ez-toc-link ez-toc-heading-38\" href=\"https:\/\/loudavymkrokem.cz\/pl\/bulgaria-plaze-najpiekniejsze\/#Czy_w_Bulgarii_sa_plaze_nudystyczne\" >Czy w Bu\u0142garii s\u0105 pla\u017ce nudystyczne?<\/a><\/li><li class='ez-toc-page-1 ez-toc-heading-level-3'><a class=\"ez-toc-link ez-toc-heading-39\" href=\"https:\/\/loudavymkrokem.cz\/pl\/bulgaria-plaze-najpiekniejsze\/#Czy_mozna_tam_biwakowac_na_dziko\" >Czy mo\u017cna tam biwakowa\u0107 na dziko?<\/a><\/li><li class='ez-toc-page-1 ez-toc-heading-level-3'><a class=\"ez-toc-link ez-toc-heading-40\" href=\"https:\/\/loudavymkrokem.cz\/pl\/bulgaria-plaze-najpiekniejsze\/#Kiedy_morze_jest_najcieplejsze\" >Kiedy morze jest najcieplejsze?<\/a><\/li><li class='ez-toc-page-1 ez-toc-heading-level-3'><a class=\"ez-toc-link ez-toc-heading-41\" href=\"https:\/\/loudavymkrokem.cz\/pl\/bulgaria-plaze-najpiekniejsze\/#Czy_w_morzu_sa_meduzy\" >Czy w morzu s\u0105 meduzy?<\/a><\/li><li class='ez-toc-page-1 ez-toc-heading-level-3'><a class=\"ez-toc-link ez-toc-heading-42\" href=\"https:\/\/loudavymkrokem.cz\/pl\/bulgaria-plaze-najpiekniejsze\/#Jak_dojechac_na_dzikie_plaze\" >Jak dojecha\u0107 na dzikie pla\u017ce?<\/a><\/li><\/ul><\/li><\/ul><\/nav><\/div>\n<h3 class=\"wp-block-heading\"><span class=\"ez-toc-section\" id=\"Podsumowanie_dla_tych_ktorzy_nie_maja_czasu_czytac_calego_artykulu\"><\/span>Podsumowanie dla tych, kt\u00f3rzy nie maj\u0105 czasu czyta\u0107 ca\u0142ego artyku\u0142u<span class=\"ez-toc-section-end\"><\/span><\/h3>\n\n\n\n<ul class=\"wp-block-list\">\n\n<li><strong>Zasada stref wolnych:<\/strong> Zgodnie z prawem co najmniej 50% pla\u017cy musi pozosta\u0107 wolne, wi\u0119c z w\u0142asnym kocem mo\u017cesz po\u0142o\u017cy\u0107 si\u0119 za darmo nawet przed najdro\u017cszym pi\u0119ciogwiazdkowym hotelem.<\/li>\n\n\n\n<li><strong>Ceny le\u017cak\u00f3w:<\/strong> R\u00f3\u017cnice s\u0105 ogromne. O ile na pla\u017cy Burgas-p\u00f3\u0142noc zap\u0142acisz zaledwie 0,60 \u20ac (ok. 3 z\u0142), to na Z\u0142otych Piaskach jedna sztuka kosztuje 5\u20136 \u20ac (nawet 26 z\u0142).<\/li>\n\n\n\n<li><strong>P\u00f3\u0142noc i po\u0142udnie:<\/strong> P\u00f3\u0142nocne wybrze\u017ce oferuje zorganizowane kurorty i p\u0142ycizny na obrze\u017cach, podczas gdy po\u0142udnie za Burgasem kryje dzicz, chronione wydmy i znacznie bardziej strome wej\u015bcie do wody.<\/li>\n\n\n\n<li><strong>Rekord b\u0142\u0119kitnych flag:<\/strong> W 2026 roku Bu\u0142garia zdoby\u0142a historycznie najwi\u0119cej wyr\u00f3\u017cnie\u0144 za czysto\u015b\u0107, przy czym flag\u0119 maj\u0105 r\u00f3wnie\u017c niekt\u00f3re dzikie pla\u017ce bez du\u017cych hoteli.<\/li>\n\n\n\n<li><strong>Najp\u0142ytsza woda dla dzieci:<\/strong> Bezapelacyjnym zwyci\u0119zc\u0105 jest Albena, gdzie g\u0142\u0119boko\u015b\u0107 nie przekracza 1,6 metra nawet 150 metr\u00f3w od brzegu.<\/li>\n\n\n\n<li><strong>Ratownicy i bezpiecze\u0144stwo:<\/strong> Oficjalny sezon trwa tylko do ko\u0144ca wrze\u015bnia, a ratownicy pe\u0142ni\u0105 dy\u017cur zwykle jedynie do 18:00; na po\u0142udniowym wybrze\u017cu musisz dodatkowo uwa\u017ca\u0107 na pr\u0105dy wsteczne.<\/li>\n\n\n<\/ul>\n\n\n\n<figure class=\"wp-block-table\"><table><thead><tr><th>Pla\u017ca<\/th><th>Gdzie si\u0119 znajduje<\/th><th>Typ pla\u017cy<\/th><th>Dla kogo<\/th><\/tr><\/thead><tbody><tr><td>:&#8212;<\/td><td>:&#8212;<\/td><td>:&#8212;<\/td><td>:&#8212;<\/td><\/tr><tr><td>1. Silistar<\/td><td>Po\u0142udnie, przy granicy z Turcj\u0105<\/td><td>Dzika, naturalna<\/td><td>Mi\u0142o\u015bnicy przyrody, pary<\/td><\/tr><tr><td>2. Veleka<\/td><td>Sinemorec<\/td><td>Dzika, uj\u015bcie rzeki<\/td><td>Romantycy, surferzy<\/td><\/tr><tr><td>3. Butamjata<\/td><td>Sinemorec<\/td><td>Zorganizowana<\/td><td>Rodziny ze starszymi dzie\u0107mi<\/td><\/tr><tr><td>4. Arkutino<\/td><td>Rezerwat Ropotamo<\/td><td>Naturalna z wydmami<\/td><td>Poszukiwacze spokoju<\/td><\/tr><tr><td>5. Koral<\/td><td>Mi\u0119dzy Lozencem a Achtopolem<\/td><td>Naturalna, kite spot<\/td><td>Kitesurferzy, kempingowicze<\/td><\/tr><tr><td>6. Alepu<\/td><td>Na po\u0142udnie od Sozopolu<\/td><td>Dzika, nieoficjalna nudystyczna<\/td><td>Natury\u015bci, samotnicy<\/td><\/tr><tr><td>7. Kastri\u010d i Rezovo<\/td><td>Skrajne po\u0142udnie<\/td><td>Odosobniona, skalista<\/td><td>Do\u015bwiadczeni p\u0142ywacy, nurkuj\u0105cy z fajk\u0105<\/td><\/tr><tr><td>8. Bolata<\/td><td>Przyl\u0105dek Kaliakra (p\u00f3\u0142noc)<\/td><td>Zatoka w rezerwacie<\/td><td>Snorkelerzy, fotografowie<\/td><\/tr><tr><td>9. Bia\u0142a Laguna<\/td><td>Topola<\/td><td>Zorganizowana<\/td><td>Rodziny z dzie\u0107mi<\/td><\/tr><tr><td>10. Krapec i Durankulak<\/td><td>P\u00f3\u0142noc, przy granicy z Rumuni\u0105<\/td><td>D\u0142uga, naturalna<\/td><td>Mi\u0142o\u015bnicy samotno\u015bci<\/td><\/tr><tr><td>11. \u0160korpilovci i Kam\u010dija<\/td><td>Na po\u0142udnie od Warny<\/td><td>Najd\u0142u\u017csza w kraju, dzika<\/td><td>Podr\u00f3\u017cni bez wyg\u00f3rowanych oczekiwa\u0144<\/td><\/tr><tr><td>12. Pa\u0161a dere<\/td><td>Kawa\u0142ek od Warny<\/td><td>Dzika, trudny dojazd<\/td><td>Poszukiwacze przyg\u00f3d z autem terenowym<\/td><\/tr><tr><td>13. Karadere<\/td><td>Mi\u0119dzy Bja\u0142\u0105 a Obzorem<\/td><td>Dzicz bez zaplecza<\/td><td>Podr\u00f3\u017cnicy z plecakiem (bez kampera!)<\/td><\/tr><tr><td>14. Albena<\/td><td>Na p\u00f3\u0142noc od Warny<\/td><td>Kurortowa, szeroka<\/td><td>Rodziny z ma\u0142ymi dzie\u0107mi<\/td><\/tr><tr><td>15. Kranevo<\/td><td>Obok Albeny<\/td><td>Kurortowa, spokojniejsza<\/td><td>Rodziny szukaj\u0105ce ta\u0144szej opcji<\/td><\/tr><tr><td>16. Z\u0142ote Piaski<\/td><td>Na p\u00f3\u0142noc od Warny<\/td><td>Gwarna, kurortowa<\/td><td>M\u0142odzi ludzie, mi\u0142o\u015bnicy zabawy<\/td><\/tr><tr><td>17. S\u0142oneczny Brzeg<\/td><td>Cz\u0119\u015b\u0107 centralna<\/td><td>Najgwarniejszy kurort<\/td><td>Mi\u0142o\u015bnicy \u017cycia nocnego<\/td><\/tr><tr><td>18. Nesebyr-po\u0142udnie<\/td><td>Przy zabytkowym mie\u015bcie<\/td><td>Miejska, zorganizowana<\/td><td>Mi\u0142o\u015bnicy zabytk\u00f3w<\/td><\/tr><tr><td>19. Sozopol<\/td><td>Cz\u0119\u015b\u0107 po\u0142udniowa<\/td><td>Miejska i imprezowa<\/td><td>Grupy znajomych<\/td><\/tr><tr><td>20. Primorsko i Kiten<\/td><td>Cz\u0119\u015b\u0107 po\u0142udniowa<\/td><td>P\u0142ytka, tradycyjna<\/td><td>Rodziny, polska klientela<\/td><\/tr><\/tbody><\/table><\/figure>\n\n\n\n<figure data-wp-context=\"{&quot;imageId&quot;:&quot;6a9c82208993b&quot;}\" data-wp-interactive=\"core\/image\" data-wp-key=\"6a9c82208993b\" class=\"wp-block-image size-full wp-lightbox-container\"><img decoding=\"async\" width=\"1800\" height=\"1204\" data-wp-class--hide=\"state.isContentHidden\" data-wp-class--show=\"state.isContentVisible\" data-wp-init=\"callbacks.setButtonStyles\" data-wp-on--click=\"actions.showLightbox\" data-wp-on--load=\"callbacks.setButtonStyles\" data-wp-on--pointerdown=\"actions.preloadImage\" data-wp-on--pointerenter=\"actions.preloadImageWithDelay\" data-wp-on--pointerleave=\"actions.cancelPreload\" data-wp-on-window--resize=\"callbacks.setButtonStyles\" src=\"https:\/\/loudavymkrokem.cz\/wp-content\/uploads\/2026\/08\/bulharsko-research-plaze-bulharsko-02.jpg\" alt=\"P\u0142atna strefa z le\u017cakami i parasolami\" class=\"wp-image-404185\" title=\"\" srcset=\"https:\/\/loudavymkrokem.cz\/wp-content\/uploads\/2026\/08\/bulharsko-research-plaze-bulharsko-02.jpg 1800w, https:\/\/loudavymkrokem.cz\/wp-content\/uploads\/2026\/08\/bulharsko-research-plaze-bulharsko-02-300x201.jpg 300w, https:\/\/loudavymkrokem.cz\/wp-content\/uploads\/2026\/08\/bulharsko-research-plaze-bulharsko-02-700x468.jpg 700w, https:\/\/loudavymkrokem.cz\/wp-content\/uploads\/2026\/08\/bulharsko-research-plaze-bulharsko-02-768x514.jpg 768w, https:\/\/loudavymkrokem.cz\/wp-content\/uploads\/2026\/08\/bulharsko-research-plaze-bulharsko-02-1536x1027.jpg 1536w, https:\/\/loudavymkrokem.cz\/wp-content\/uploads\/2026\/08\/bulharsko-research-plaze-bulharsko-02-696x466.jpg 696w, https:\/\/loudavymkrokem.cz\/wp-content\/uploads\/2026\/08\/bulharsko-research-plaze-bulharsko-02-1392x931.jpg 1392w\" sizes=\"(max-width: 1800px) 100vw, 1800px\" \/><button\n\t\t\tclass=\"lightbox-trigger\"\n\t\t\ttype=\"button\"\n\t\t\taria-haspopup=\"dialog\"\n\t\t\tdata-wp-bind--aria-label=\"state.thisImage.triggerButtonAriaLabel\"\n\t\t\tdata-wp-init=\"callbacks.initTriggerButton\"\n\t\t\tdata-wp-on--click=\"actions.showLightbox\"\n\t\t\tdata-wp-style--right=\"state.thisImage.buttonRight\"\n\t\t\tdata-wp-style--top=\"state.thisImage.buttonTop\"\n\t\t>\n\t\t\t<svg xmlns=\"http:\/\/www.w3.org\/2000\/svg\" width=\"12\" height=\"12\" fill=\"none\" viewBox=\"0 0 12 12\">\n\t\t\t\t<path fill=\"#fff\" d=\"M2 0a2 2 0 0 0-2 2v2h1.5V2a.5.5 0 0 1 .5-.5h2V0H2Zm2 10.5H2a.5.5 0 0 1-.5-.5V8H0v2a2 2 0 0 0 2 2h2v-1.5ZM8 12v-1.5h2a.5.5 0 0 0 .5-.5V8H12v2a2 2 0 0 1-2 2H8Zm2-12a2 2 0 0 1 2 2v2h-1.5V2a.5.5 0 0 0-.5-.5H8V0h2Z\" \/>\n\t\t\t<\/svg>\n\t\t<\/button><figcaption class=\"wp-element-caption\">Foto: Ay\u015feg\u00fcl  Ayt\u00f6ren \/ Pexels<\/figcaption><\/figure>\n\n\n\n<h2 class=\"wp-block-heading\"><span class=\"ez-toc-section\" id=\"Jak_dzialaja_bulgarskie_plaze_strefy_platne_i_wolne\"><\/span>Jak dzia\u0142aj\u0105 bu\u0142garskie pla\u017ce: strefy p\u0142atne i wolne<span class=\"ez-toc-section-end\"><\/span><\/h2>\n\n\n\n<p class=\"wp-block-paragraph\">Je\u015bli obawiasz si\u0119, \u017ce wakacje nad Morzem Czarnym zrujnuj\u0105 ci\u0119 przez op\u0142aty za pla\u017cowy serwis, mo\u017cesz by\u0107 spokojny. Bu\u0142garskie prawo \u015bci\u015ble nakazuje bowiem, aby <strong>co najmniej 50% aktywnej powierzchni ka\u017cdej pla\u017cy pozosta\u0142o woln\u0105 stref\u0105<\/strong>. W praktyce oznacza to, \u017ce p\u0142atne odcinki z le\u017cakami regularnie przeplataj\u0105 si\u0119 z pustym piaskiem.<\/p>\n\n\n\n<p class=\"wp-block-paragraph\">Dzi\u0119ki tej zasadzie mo\u017cesz <strong>z w\u0142asnym kocem i parasolem po\u0142o\u017cy\u0107 si\u0119 ca\u0142kowicie za darmo<\/strong> gdziekolwiek w strefie wolnej. Dotyczy to nawet sytuacji, gdy znajdujesz si\u0119 bezpo\u015brednio przed najbardziej luksusowym pi\u0119ciogwiazdkowym hotelem na S\u0142onecznym Brzegu. Nikt nie ma prawa ci\u0119 stamt\u0105d wyprosi\u0107, o ile respektujesz granice p\u0142atnego sektora.<\/p>\n\n\n\n<p class=\"wp-block-paragraph\">Je\u015bli chodzi o same ceny wynajmu w 2026 roku, r\u00f3\u017cnice na wybrze\u017cu s\u0105 przepastne. Wed\u0142ug <a href=\"https:\/\/www.tourism.government.bg\/\" rel=\"nofollow noopener\" target=\"_blank\">oficjalnej mapy ministerstwa turystyki<\/a> najmniej zap\u0142acisz <strong>na pla\u017cy Burgas-p\u00f3\u0142noc, gdzie sztuka kosztuje zaledwie 0,60 \u20ac<\/strong> (ok. 3 z\u0142). Z kolei na s\u0142ynnych Z\u0142otych Piaskach przygotuj 5\u20136 \u20ac (nawet 26 z\u0142) za jeden le\u017cak czy parasol na dzie\u0144.<\/p>\n\n\n\n<p class=\"wp-block-paragraph\">W \u015bredniej kategorii cenowej plasuje si\u0119 na przyk\u0142ad Nesebyr-po\u0142udnie albo Sozopol-Harmani z cen\u0105 4,09 \u20ac (ok. 18 z\u0142) za sztuk\u0119. Standardowy zestaw dw\u00f3ch le\u017cak\u00f3w i jednego parasola w wi\u0119kszo\u015bci miejsc <strong>kosztuje 10\u201315 \u20ac za dzie\u0144<\/strong> (45\u201365 z\u0142). W por\u00f3wnaniu z p\u00f3\u0142nocn\u0105 Grecj\u0105, gdzie zestawy cz\u0119sto kosztuj\u0105 20\u201350 \u20ac, a do tego dochodzi obowi\u0105zek konsumpcji, to wci\u0105\u017c bardzo przyjazna kwota.<\/p>\n\n\n\n<figure class=\"wp-block-table\"><table><thead><tr><th>Pla\u017ca<\/th><th>Le\u017cak lub parasol (sztuka)<\/th><th>Zestaw (parasol + 2 le\u017caki)<\/th><\/tr><\/thead><tbody><tr><td>Z\u0142ote Piaski<\/td><td>5\u20136 \u20ac<\/td><td>\u2014<\/td><\/tr><tr><td>S\u0142oneczny Brzeg-po\u0142udnie<\/td><td>5,11 \u20ac (ustalone umownie)<\/td><td>15,30 \u20ac<\/td><\/tr><tr><td>Nesebyr-po\u0142udnie, Sozopol-Harmani<\/td><td>4,09 \u20ac<\/td><td>12,27 \u20ac<\/td><\/tr><tr><td>Primorsko<\/td><td>3,60 \u20ac<\/td><td>\u2014<\/td><\/tr><tr><td>Albena, Sozopol-centrum, Warna<\/td><td>3,58 \u20ac<\/td><td>\u2014<\/td><\/tr><tr><td>Burgas-p\u00f3\u0142noc<\/td><td>0,60 \u20ac (najtaniej w kraju)<\/td><td>\u2014<\/td><\/tr><\/tbody><\/table><\/figure>\n\n\n\n<p class=\"wp-block-paragraph\"><em>Ceny pla\u017cowego serwisu na sezon 2026 wed\u0142ug oficjalnej mapy ministerstwa turystyki.<\/em><\/p>\n\n\n\n<figure data-wp-context=\"{&quot;imageId&quot;:&quot;6a9c822089ece&quot;}\" data-wp-interactive=\"core\/image\" data-wp-key=\"6a9c822089ece\" class=\"wp-block-image size-full wp-lightbox-container\"><img decoding=\"async\" width=\"1800\" height=\"1350\" data-wp-class--hide=\"state.isContentHidden\" data-wp-class--show=\"state.isContentVisible\" data-wp-init=\"callbacks.setButtonStyles\" data-wp-on--click=\"actions.showLightbox\" data-wp-on--load=\"callbacks.setButtonStyles\" data-wp-on--pointerdown=\"actions.preloadImage\" data-wp-on--pointerenter=\"actions.preloadImageWithDelay\" data-wp-on--pointerleave=\"actions.cancelPreload\" data-wp-on-window--resize=\"callbacks.setButtonStyles\" src=\"https:\/\/loudavymkrokem.cz\/wp-content\/uploads\/2026\/08\/bulharsko-research-plaze-bulharsko-03.jpg\" alt=\"Pla\u017ca z b\u0142\u0119kitn\u0105 flag\u0105 ko\u0142o Nesebyru\" class=\"wp-image-404186\" title=\"\" srcset=\"https:\/\/loudavymkrokem.cz\/wp-content\/uploads\/2026\/08\/bulharsko-research-plaze-bulharsko-03.jpg 1800w, https:\/\/loudavymkrokem.cz\/wp-content\/uploads\/2026\/08\/bulharsko-research-plaze-bulharsko-03-300x225.jpg 300w, https:\/\/loudavymkrokem.cz\/wp-content\/uploads\/2026\/08\/bulharsko-research-plaze-bulharsko-03-700x525.jpg 700w, https:\/\/loudavymkrokem.cz\/wp-content\/uploads\/2026\/08\/bulharsko-research-plaze-bulharsko-03-768x576.jpg 768w, https:\/\/loudavymkrokem.cz\/wp-content\/uploads\/2026\/08\/bulharsko-research-plaze-bulharsko-03-1536x1152.jpg 1536w, https:\/\/loudavymkrokem.cz\/wp-content\/uploads\/2026\/08\/bulharsko-research-plaze-bulharsko-03-80x60.jpg 80w, https:\/\/loudavymkrokem.cz\/wp-content\/uploads\/2026\/08\/bulharsko-research-plaze-bulharsko-03-160x120.jpg 160w, https:\/\/loudavymkrokem.cz\/wp-content\/uploads\/2026\/08\/bulharsko-research-plaze-bulharsko-03-696x522.jpg 696w, https:\/\/loudavymkrokem.cz\/wp-content\/uploads\/2026\/08\/bulharsko-research-plaze-bulharsko-03-1392x1044.jpg 1392w\" sizes=\"(max-width: 1800px) 100vw, 1800px\" \/><button\n\t\t\tclass=\"lightbox-trigger\"\n\t\t\ttype=\"button\"\n\t\t\taria-haspopup=\"dialog\"\n\t\t\tdata-wp-bind--aria-label=\"state.thisImage.triggerButtonAriaLabel\"\n\t\t\tdata-wp-init=\"callbacks.initTriggerButton\"\n\t\t\tdata-wp-on--click=\"actions.showLightbox\"\n\t\t\tdata-wp-style--right=\"state.thisImage.buttonRight\"\n\t\t\tdata-wp-style--top=\"state.thisImage.buttonTop\"\n\t\t>\n\t\t\t<svg xmlns=\"http:\/\/www.w3.org\/2000\/svg\" width=\"12\" height=\"12\" fill=\"none\" viewBox=\"0 0 12 12\">\n\t\t\t\t<path fill=\"#fff\" d=\"M2 0a2 2 0 0 0-2 2v2h1.5V2a.5.5 0 0 1 .5-.5h2V0H2Zm2 10.5H2a.5.5 0 0 1-.5-.5V8H0v2a2 2 0 0 0 2 2h2v-1.5ZM8 12v-1.5h2a.5.5 0 0 0 .5-.5V8H12v2a2 2 0 0 1-2 2H8Zm2-12a2 2 0 0 1 2 2v2h-1.5V2a.5.5 0 0 0-.5-.5H8V0h2Z\" \/>\n\t\t\t<\/svg>\n\t\t<\/button><figcaption class=\"wp-element-caption\">Foto: \u041c\u0438\u0445\u0430\u043b \u041e\u0440\u0435\u043b\u0430 \/ Wikimedia Commons, CC BY 3.0<\/figcaption><\/figure>\n\n\n\n<h2 class=\"wp-block-heading\"><span class=\"ez-toc-section\" id=\"Rekordowe_26_blekitnych_flag\"><\/span>Rekordowe 26 b\u0142\u0119kitnych flag<span class=\"ez-toc-section-end\"><\/span><\/h2>\n\n\n\n<p class=\"wp-block-paragraph\">Rok 2026 przyni\u00f3s\u0142 bu\u0142garskiemu wybrze\u017cu \u015bwietn\u0105 wiadomo\u015b\u0107 dla wszystkich, kt\u00f3rzy boj\u0105 si\u0119 k\u0105pa\u0107 w podejrzanej wodzie. Kraj zdoby\u0142 <strong>historycznie najwy\u017csz\u0105 liczb\u0119 <a href=\"https:\/\/www.blueflag.global\/\" rel=\"nofollow noopener\" target=\"_blank\">B\u0142\u0119kitnych Flag<\/a><\/strong>, dok\u0142adnie 26 dla pla\u017c i kolejne 6 dla port\u00f3w. Wyr\u00f3\u017cnienia og\u0142oszono wiosn\u0105 w Kopenhadze i potwierdzaj\u0105 one, \u017ce jako\u015b\u0107 wody w Morzu Czarnym jest wed\u0142ug monitoringu UE w wi\u0119kszo\u015bci miejsc doskona\u0142a.<\/p>\n\n\n\n<p class=\"wp-block-paragraph\">Ciekawostk\u0105 jest to, \u017ce to presti\u017cowe wyr\u00f3\u017cnienie nie nale\u017cy tylko do wielkich komercyjnych kurort\u00f3w. Zdoby\u0142y je r\u00f3wnie\u017c <strong>przepi\u0119kne naturalne miejsca jak Arkutino czy Butamjata<\/strong>, kt\u00f3re zachowa\u0142y sw\u00f3j dziki charakter. To w\u0142a\u015bciwie dobra wiadomo\u015b\u0107, bo dobra k\u0105piel i nieniszczenie przyrody da si\u0119 pogodzi\u0107 tak\u017ce bez kilometr\u00f3w betonu.<\/p>\n\n\n\n<p class=\"wp-block-paragraph\">Z drugiej strony, je\u015bli na li\u015bcie wyr\u00f3\u017cnionych nie znajdziesz s\u0142ynnych dzikich pla\u017c jak Irakli czy Karadere, nie oznacza to z\u0142ej jako\u015bci wody. B\u0142\u0119kitna flaga <strong>wymaga bowiem surowych standard\u00f3w zaplecza<\/strong>, takich jak toalety, ratownicy czy dost\u0119p dla os\u00f3b z niepe\u0142nosprawno\u015bciami. A w\u0142a\u015bnie tych cywilizacyjnych udogodnie\u0144 w najdzikszych miejscach celowo brakuje.<\/p>\n\n\n\n<figure data-wp-context=\"{&quot;imageId&quot;:&quot;6a9c82208a426&quot;}\" data-wp-interactive=\"core\/image\" data-wp-key=\"6a9c82208a426\" class=\"wp-block-image size-full wp-lightbox-container\"><img decoding=\"async\" width=\"1800\" height=\"1248\" data-wp-class--hide=\"state.isContentHidden\" data-wp-class--show=\"state.isContentVisible\" data-wp-init=\"callbacks.setButtonStyles\" data-wp-on--click=\"actions.showLightbox\" data-wp-on--load=\"callbacks.setButtonStyles\" data-wp-on--pointerdown=\"actions.preloadImage\" data-wp-on--pointerenter=\"actions.preloadImageWithDelay\" data-wp-on--pointerleave=\"actions.cancelPreload\" data-wp-on-window--resize=\"callbacks.setButtonStyles\" src=\"https:\/\/loudavymkrokem.cz\/wp-content\/uploads\/2026\/08\/bulharsko-research-plaze-bulharsko-04.jpg\" alt=\"Dzika pla\u017ca w rezerwacie Ropotamo\" class=\"wp-image-404189\" title=\"\" srcset=\"https:\/\/loudavymkrokem.cz\/wp-content\/uploads\/2026\/08\/bulharsko-research-plaze-bulharsko-04.jpg 1800w, https:\/\/loudavymkrokem.cz\/wp-content\/uploads\/2026\/08\/bulharsko-research-plaze-bulharsko-04-300x208.jpg 300w, https:\/\/loudavymkrokem.cz\/wp-content\/uploads\/2026\/08\/bulharsko-research-plaze-bulharsko-04-700x485.jpg 700w, https:\/\/loudavymkrokem.cz\/wp-content\/uploads\/2026\/08\/bulharsko-research-plaze-bulharsko-04-768x532.jpg 768w, https:\/\/loudavymkrokem.cz\/wp-content\/uploads\/2026\/08\/bulharsko-research-plaze-bulharsko-04-1536x1065.jpg 1536w, https:\/\/loudavymkrokem.cz\/wp-content\/uploads\/2026\/08\/bulharsko-research-plaze-bulharsko-04-696x483.jpg 696w, https:\/\/loudavymkrokem.cz\/wp-content\/uploads\/2026\/08\/bulharsko-research-plaze-bulharsko-04-1392x965.jpg 1392w\" sizes=\"(max-width: 1800px) 100vw, 1800px\" \/><button\n\t\t\tclass=\"lightbox-trigger\"\n\t\t\ttype=\"button\"\n\t\t\taria-haspopup=\"dialog\"\n\t\t\tdata-wp-bind--aria-label=\"state.thisImage.triggerButtonAriaLabel\"\n\t\t\tdata-wp-init=\"callbacks.initTriggerButton\"\n\t\t\tdata-wp-on--click=\"actions.showLightbox\"\n\t\t\tdata-wp-style--right=\"state.thisImage.buttonRight\"\n\t\t\tdata-wp-style--top=\"state.thisImage.buttonTop\"\n\t\t>\n\t\t\t<svg xmlns=\"http:\/\/www.w3.org\/2000\/svg\" width=\"12\" height=\"12\" fill=\"none\" viewBox=\"0 0 12 12\">\n\t\t\t\t<path fill=\"#fff\" d=\"M2 0a2 2 0 0 0-2 2v2h1.5V2a.5.5 0 0 1 .5-.5h2V0H2Zm2 10.5H2a.5.5 0 0 1-.5-.5V8H0v2a2 2 0 0 0 2 2h2v-1.5ZM8 12v-1.5h2a.5.5 0 0 0 .5-.5V8H12v2a2 2 0 0 1-2 2H8Zm2-12a2 2 0 0 1 2 2v2h-1.5V2a.5.5 0 0 0-.5-.5H8V0h2Z\" \/>\n\t\t\t<\/svg>\n\t\t<\/button><figcaption class=\"wp-element-caption\">Foto: Sinkuchi \/ Wikimedia Commons (CC BY-SA 4.0)<\/figcaption><\/figure>\n\n\n\n<h2 class=\"wp-block-heading\"><span class=\"ez-toc-section\" id=\"Dzikie_poludnie_plaze_na_ktore_jezdza_sami_Bulgarzy\"><\/span>Dzikie po\u0142udnie: pla\u017ce, na kt\u00f3re je\u017cd\u017c\u0105 sami Bu\u0142garzy<span class=\"ez-toc-section-end\"><\/span><\/h2>\n\n\n\n<p class=\"wp-block-paragraph\">Je\u015bli znudzi\u0142y ci\u0119 rz\u0119dy parasoli i dudnienie dyskotek, <strong>po\u0142udniowe wybrze\u017ce za Burgasem<\/strong> jest w\u0142a\u015bnie dla ciebie. Znajdziesz tu <strong>przepi\u0119kne dzikie zatoki<\/strong>, gdzie przyroda nie pad\u0142a jeszcze ofiar\u0105 masowej turystyki. To dok\u0142adnie ta cz\u0119\u015b\u0107 kraju, dok\u0105d na weekendy znikaj\u0105 sami miejscowi, by odpocz\u0105\u0107 nad krystaliczn\u0105 wod\u0105.<\/p>\n\n\n\n<p class=\"wp-block-paragraph\">Licz si\u0119 jednak z tym, \u017ce za romantyzm <strong>zap\u0142acisz brakiem luksusu<\/strong>. Do wielu zatok prowadzi tylko piaszczysta droga, nie znajdziesz tu toalet ze sp\u0142uczk\u0105, a przek\u0105sk\u0119 musisz przynie\u015b\u0107 ze sob\u0105 w plecaku. W nagrod\u0119 czeka ci\u0119 jednak <strong>absolutny spok\u00f3j<\/strong> i sceneria, kt\u00f3rej w og\u00f3le nie skojarzysz z klasyczn\u0105 Bu\u0142gari\u0105.<\/p>\n\n\n\n<figure data-wp-context=\"{&quot;imageId&quot;:&quot;6a9c82208a995&quot;}\" data-wp-interactive=\"core\/image\" data-wp-key=\"6a9c82208a995\" class=\"wp-block-image size-full wp-lightbox-container\"><img decoding=\"async\" width=\"1800\" height=\"1063\" data-wp-class--hide=\"state.isContentHidden\" data-wp-class--show=\"state.isContentVisible\" data-wp-init=\"callbacks.setButtonStyles\" data-wp-on--click=\"actions.showLightbox\" data-wp-on--load=\"callbacks.setButtonStyles\" data-wp-on--pointerdown=\"actions.preloadImage\" data-wp-on--pointerenter=\"actions.preloadImageWithDelay\" data-wp-on--pointerleave=\"actions.cancelPreload\" data-wp-on-window--resize=\"callbacks.setButtonStyles\" src=\"https:\/\/loudavymkrokem.cz\/wp-content\/uploads\/2026\/08\/bulharsko-research-plaze-bulharsko-05.jpg\" alt=\"Pla\u017ca Silistar niedaleko granicy z Turcj\u0105\" class=\"wp-image-404190\" title=\"\" srcset=\"https:\/\/loudavymkrokem.cz\/wp-content\/uploads\/2026\/08\/bulharsko-research-plaze-bulharsko-05.jpg 1800w, https:\/\/loudavymkrokem.cz\/wp-content\/uploads\/2026\/08\/bulharsko-research-plaze-bulharsko-05-300x177.jpg 300w, https:\/\/loudavymkrokem.cz\/wp-content\/uploads\/2026\/08\/bulharsko-research-plaze-bulharsko-05-700x413.jpg 700w, https:\/\/loudavymkrokem.cz\/wp-content\/uploads\/2026\/08\/bulharsko-research-plaze-bulharsko-05-768x454.jpg 768w, https:\/\/loudavymkrokem.cz\/wp-content\/uploads\/2026\/08\/bulharsko-research-plaze-bulharsko-05-1536x907.jpg 1536w, https:\/\/loudavymkrokem.cz\/wp-content\/uploads\/2026\/08\/bulharsko-research-plaze-bulharsko-05-696x411.jpg 696w, https:\/\/loudavymkrokem.cz\/wp-content\/uploads\/2026\/08\/bulharsko-research-plaze-bulharsko-05-1392x822.jpg 1392w\" sizes=\"(max-width: 1800px) 100vw, 1800px\" \/><button\n\t\t\tclass=\"lightbox-trigger\"\n\t\t\ttype=\"button\"\n\t\t\taria-haspopup=\"dialog\"\n\t\t\tdata-wp-bind--aria-label=\"state.thisImage.triggerButtonAriaLabel\"\n\t\t\tdata-wp-init=\"callbacks.initTriggerButton\"\n\t\t\tdata-wp-on--click=\"actions.showLightbox\"\n\t\t\tdata-wp-style--right=\"state.thisImage.buttonRight\"\n\t\t\tdata-wp-style--top=\"state.thisImage.buttonTop\"\n\t\t>\n\t\t\t<svg xmlns=\"http:\/\/www.w3.org\/2000\/svg\" width=\"12\" height=\"12\" fill=\"none\" viewBox=\"0 0 12 12\">\n\t\t\t\t<path fill=\"#fff\" d=\"M2 0a2 2 0 0 0-2 2v2h1.5V2a.5.5 0 0 1 .5-.5h2V0H2Zm2 10.5H2a.5.5 0 0 1-.5-.5V8H0v2a2 2 0 0 0 2 2h2v-1.5ZM8 12v-1.5h2a.5.5 0 0 0 .5-.5V8H12v2a2 2 0 0 1-2 2H8Zm2-12a2 2 0 0 1 2 2v2h-1.5V2a.5.5 0 0 0-.5-.5H8V0h2Z\" \/>\n\t\t\t<\/svg>\n\t\t<\/button><figcaption class=\"wp-element-caption\">Foto: Pudelek (Marcin Szala) \/ Wikimedia Commons, CC BY-SA 3.0<\/figcaption><\/figure>\n\n\n\n<h3 class=\"wp-block-heading\"><span class=\"ez-toc-section\" id=\"1_Silistar\"><\/span>1. Silistar<span class=\"ez-toc-section-end\"><\/span><\/h3>\n\n\n\n<p class=\"wp-block-paragraph\">Zatoka Silistar le\u017cy tu\u017c przed granic\u0105 z Turcj\u0105, a bu\u0142garska prasa cz\u0119sto okre\u015bla j\u0105 mianem <strong>najpi\u0119kniejszej naturalnej zatoki ca\u0142ego wybrze\u017ca<\/strong>. Pla\u017ca ma nieca\u0142y kilometr d\u0142ugo\u015bci, oko\u0142o 70 metr\u00f3w szeroko\u015bci i nie znajdziesz tu \u017cadnej zabudowy hotelowej. Do dyspozycji jest jedynie podstawowe zaplecze w postaci budek z napojami i ekotoalety na g\u00f3rze przy parkingu.<\/p>\n\n\n\n<p class=\"wp-block-paragraph\">Dojazd tutaj to ma\u0142a przygoda, bo z drogi w kierunku Rezova trzeba skr\u0119ci\u0107 na mniej wi\u0119cej kilometrow\u0105 drog\u0119 le\u015bn\u0105. Wed\u0142ug podr\u00f3\u017cnych jest ona jednak <strong>przejezdna nawet zwyk\u0142ym samochodem osobowym<\/strong>. Sama op\u0142ata za parking to co roku loteria. O ile w 2025 roku wjazd by\u0142 po raz pierwszy zupe\u0142nie darmowy, to na ten rok sytuacja nie jest pewna, dlatego lepiej licz si\u0119 z op\u0142at\u0105 oko\u0142o 2 \u20ac (ok. 9 z\u0142).<\/p>\n\n\n\n<p class=\"wp-block-paragraph\">Pla\u017ca dzieli si\u0119 na dwie cz\u0119\u015bci. Odcinek p\u00f3\u0142nocny i \u015brodkowy oferuje p\u0142atn\u0105 stref\u0119 z parasolami, a <strong>rozleg\u0142a strefa wolna znajduje si\u0119 dopiero na samym po\u0142udniowym ko\u0144cu<\/strong>. To jednocze\u015bnie najbardziej wysuni\u0119ta na po\u0142udnie strze\u017cona pla\u017ca w Bu\u0142garii. Je\u015bli si\u0119 tu wybierzesz, nie zapomnij zabra\u0107 w\u0142asnego parasola, bo naturalnego cienia praktycznie tu w ci\u0105gu dnia nie ma.<\/p>\n\n\n\n<figure data-wp-context=\"{&quot;imageId&quot;:&quot;6a9c82208b074&quot;}\" data-wp-interactive=\"core\/image\" data-wp-key=\"6a9c82208b074\" class=\"wp-block-image size-full wp-lightbox-container\"><img decoding=\"async\" width=\"1800\" height=\"1207\" data-wp-class--hide=\"state.isContentHidden\" data-wp-class--show=\"state.isContentVisible\" data-wp-init=\"callbacks.setButtonStyles\" data-wp-on--click=\"actions.showLightbox\" data-wp-on--load=\"callbacks.setButtonStyles\" data-wp-on--pointerdown=\"actions.preloadImage\" data-wp-on--pointerenter=\"actions.preloadImageWithDelay\" data-wp-on--pointerleave=\"actions.cancelPreload\" data-wp-on-window--resize=\"callbacks.setButtonStyles\" src=\"https:\/\/loudavymkrokem.cz\/wp-content\/uploads\/2026\/08\/bulharsko-research-plaze-bulharsko-06.jpg\" alt=\"Uj\u015bcie rzeki Veleka ko\u0142o Sinemorca\" class=\"wp-image-404193\" title=\"\" srcset=\"https:\/\/loudavymkrokem.cz\/wp-content\/uploads\/2026\/08\/bulharsko-research-plaze-bulharsko-06.jpg 1800w, https:\/\/loudavymkrokem.cz\/wp-content\/uploads\/2026\/08\/bulharsko-research-plaze-bulharsko-06-300x201.jpg 300w, https:\/\/loudavymkrokem.cz\/wp-content\/uploads\/2026\/08\/bulharsko-research-plaze-bulharsko-06-700x469.jpg 700w, https:\/\/loudavymkrokem.cz\/wp-content\/uploads\/2026\/08\/bulharsko-research-plaze-bulharsko-06-768x515.jpg 768w, https:\/\/loudavymkrokem.cz\/wp-content\/uploads\/2026\/08\/bulharsko-research-plaze-bulharsko-06-1536x1030.jpg 1536w, https:\/\/loudavymkrokem.cz\/wp-content\/uploads\/2026\/08\/bulharsko-research-plaze-bulharsko-06-696x467.jpg 696w, https:\/\/loudavymkrokem.cz\/wp-content\/uploads\/2026\/08\/bulharsko-research-plaze-bulharsko-06-1392x933.jpg 1392w\" sizes=\"(max-width: 1800px) 100vw, 1800px\" \/><button\n\t\t\tclass=\"lightbox-trigger\"\n\t\t\ttype=\"button\"\n\t\t\taria-haspopup=\"dialog\"\n\t\t\tdata-wp-bind--aria-label=\"state.thisImage.triggerButtonAriaLabel\"\n\t\t\tdata-wp-init=\"callbacks.initTriggerButton\"\n\t\t\tdata-wp-on--click=\"actions.showLightbox\"\n\t\t\tdata-wp-style--right=\"state.thisImage.buttonRight\"\n\t\t\tdata-wp-style--top=\"state.thisImage.buttonTop\"\n\t\t>\n\t\t\t<svg xmlns=\"http:\/\/www.w3.org\/2000\/svg\" width=\"12\" height=\"12\" fill=\"none\" viewBox=\"0 0 12 12\">\n\t\t\t\t<path fill=\"#fff\" d=\"M2 0a2 2 0 0 0-2 2v2h1.5V2a.5.5 0 0 1 .5-.5h2V0H2Zm2 10.5H2a.5.5 0 0 1-.5-.5V8H0v2a2 2 0 0 0 2 2h2v-1.5ZM8 12v-1.5h2a.5.5 0 0 0 .5-.5V8H12v2a2 2 0 0 1-2 2H8Zm2-12a2 2 0 0 1 2 2v2h-1.5V2a.5.5 0 0 0-.5-.5H8V0h2Z\" \/>\n\t\t\t<\/svg>\n\t\t<\/button><figcaption class=\"wp-element-caption\">Foto (upraven\u00e9): Pudelek (Marcin Szala) \/ Wikimedia Commons, CC BY-SA 3.0<\/figcaption><\/figure>\n\n\n\n<h3 class=\"wp-block-heading\"><span class=\"ez-toc-section\" id=\"2_Veleka_Sinemorec\"><\/span>2. Veleka (Sinemorec)<span class=\"ez-toc-section-end\"><\/span><\/h3>\n\n\n\n<p class=\"wp-block-paragraph\">To miejsce znasz z wielu zdj\u0119\u0107 promocyjnych. Rzeka Veleka wpada tu do morza przez w\u0105sk\u0105 piaszczyst\u0105 mierzej\u0119 i tworzy zupe\u0142nie <strong>ikoniczny widok, kt\u00f3rego nigdzie indziej w kraju nie zobaczysz<\/strong>. Dojazd jest do tego bardzo \u0142atwy. Z centrum kurortu Sinemorec dojdziesz tu pieszo w kilka minut, a tu\u017c nad pla\u017c\u0105 znajduje si\u0119 przestronny parking.<\/p>\n\n\n\n<p class=\"wp-block-paragraph\">K\u0105piel oferuje tu wyj\u0105tkowe doznanie, bo mo\u017cesz naprzemiennie korzysta\u0107 ze s\u0142onej wody morskiej i s\u0142odkiej, ch\u0142odniejszej wody z rzeki. Miejscowi polecaj\u0105 <strong>wypo\u017cyczy\u0107 na pla\u017cy kajak albo desk\u0119 SUP<\/strong> i wybra\u0107 si\u0119 na spokojny rejs pod pr\u0105d rzeki, gdzie otocz\u0105 ci\u0119 g\u0119ste zielone lasy. Na samej pla\u017cy dzia\u0142aj\u0105 ratownicy i wypo\u017cyczalnia desek.<\/p>\n\n\n\n<p class=\"wp-block-paragraph\">Musisz jednak bardzo uwa\u017ca\u0107 przy wej\u015bciu do morza. Zatoka jest bowiem <strong>g\u0142\u0119boka tu\u017c od samego brzegu<\/strong>. Wystarczy zrobi\u0107 dwa kroki i dno znika, wi\u0119c z ma\u0142ymi dzie\u0107mi cz\u0119\u015b\u0107 morsk\u0105 lepiej sobie odpu\u015b\u0107 i korzystaj ze spokojniejszej rzeki. Wieczorem, ze wzgl\u0119du na blisko\u015b\u0107 rzeki, pojawia si\u0119 tu te\u017c wi\u0119cej komar\u00f3w, wi\u0119c repelent to konieczno\u015b\u0107.<\/p>\n\n\n\n<figure data-wp-context=\"{&quot;imageId&quot;:&quot;6a9c82208b58c&quot;}\" data-wp-interactive=\"core\/image\" data-wp-key=\"6a9c82208b58c\" class=\"wp-block-image size-full wp-lightbox-container\"><img decoding=\"async\" width=\"1800\" height=\"687\" data-wp-class--hide=\"state.isContentHidden\" data-wp-class--show=\"state.isContentVisible\" data-wp-init=\"callbacks.setButtonStyles\" data-wp-on--click=\"actions.showLightbox\" data-wp-on--load=\"callbacks.setButtonStyles\" data-wp-on--pointerdown=\"actions.preloadImage\" data-wp-on--pointerenter=\"actions.preloadImageWithDelay\" data-wp-on--pointerleave=\"actions.cancelPreload\" data-wp-on-window--resize=\"callbacks.setButtonStyles\" src=\"https:\/\/loudavymkrokem.cz\/wp-content\/uploads\/2026\/08\/bulharsko-research-plaze-bulharsko-07.jpg\" alt=\"Pla\u017ca Butamjata ko\u0142o Sinemorca\" class=\"wp-image-404194\" title=\"\" srcset=\"https:\/\/loudavymkrokem.cz\/wp-content\/uploads\/2026\/08\/bulharsko-research-plaze-bulharsko-07.jpg 1800w, https:\/\/loudavymkrokem.cz\/wp-content\/uploads\/2026\/08\/bulharsko-research-plaze-bulharsko-07-300x115.jpg 300w, https:\/\/loudavymkrokem.cz\/wp-content\/uploads\/2026\/08\/bulharsko-research-plaze-bulharsko-07-700x267.jpg 700w, https:\/\/loudavymkrokem.cz\/wp-content\/uploads\/2026\/08\/bulharsko-research-plaze-bulharsko-07-768x293.jpg 768w, https:\/\/loudavymkrokem.cz\/wp-content\/uploads\/2026\/08\/bulharsko-research-plaze-bulharsko-07-1536x586.jpg 1536w, https:\/\/loudavymkrokem.cz\/wp-content\/uploads\/2026\/08\/bulharsko-research-plaze-bulharsko-07-696x266.jpg 696w, https:\/\/loudavymkrokem.cz\/wp-content\/uploads\/2026\/08\/bulharsko-research-plaze-bulharsko-07-1392x531.jpg 1392w\" sizes=\"(max-width: 1800px) 100vw, 1800px\" \/><button\n\t\t\tclass=\"lightbox-trigger\"\n\t\t\ttype=\"button\"\n\t\t\taria-haspopup=\"dialog\"\n\t\t\tdata-wp-bind--aria-label=\"state.thisImage.triggerButtonAriaLabel\"\n\t\t\tdata-wp-init=\"callbacks.initTriggerButton\"\n\t\t\tdata-wp-on--click=\"actions.showLightbox\"\n\t\t\tdata-wp-style--right=\"state.thisImage.buttonRight\"\n\t\t\tdata-wp-style--top=\"state.thisImage.buttonTop\"\n\t\t>\n\t\t\t<svg xmlns=\"http:\/\/www.w3.org\/2000\/svg\" width=\"12\" height=\"12\" fill=\"none\" viewBox=\"0 0 12 12\">\n\t\t\t\t<path fill=\"#fff\" d=\"M2 0a2 2 0 0 0-2 2v2h1.5V2a.5.5 0 0 1 .5-.5h2V0H2Zm2 10.5H2a.5.5 0 0 1-.5-.5V8H0v2a2 2 0 0 0 2 2h2v-1.5ZM8 12v-1.5h2a.5.5 0 0 0 .5-.5V8H12v2a2 2 0 0 1-2 2H8Zm2-12a2 2 0 0 1 2 2v2h-1.5V2a.5.5 0 0 0-.5-.5H8V0h2Z\" \/>\n\t\t\t<\/svg>\n\t\t<\/button><figcaption class=\"wp-element-caption\">Foto: Pudelek (Marcin Szala) \/ Wikimedia Commons (CC BY-SA 3.0)<\/figcaption><\/figure>\n\n\n\n<h3 class=\"wp-block-heading\"><span class=\"ez-toc-section\" id=\"3_Butamjata\"><\/span>3. Butamjata<span class=\"ez-toc-section-end\"><\/span><\/h3>\n\n\n\n<p class=\"wp-block-paragraph\">Tu\u017c w s\u0105siedztwie dzikiej Veleki znajdziesz zatok\u0119 Butamjata, kt\u00f3ra stanowi bardziej ucywilizowan\u0105 twarz kurortu Sinemorec. To mniejsza zatoka pokryta <strong>przepi\u0119knym z\u0142otym piaskiem<\/strong>, chroniona z dw\u00f3ch stron przez klify. W tym roku mo\u017ce si\u0119 do tego pochwali\u0107 presti\u017cowym wyr\u00f3\u017cnieniem B\u0142\u0119kitnej Flagi za czysto\u015b\u0107 wody i doskona\u0142e us\u0142ugi.<\/p>\n\n\n\n<p class=\"wp-block-paragraph\">W przeciwie\u0144stwie do Veleki znajdziesz tu pe\u0142ne zaplecze pla\u017cowe. Do dyspozycji s\u0105 p\u0142atne strefy z le\u017cakami i parasolami, prysznice, przebieralnie i kilka bar\u00f3w pla\u017cowych. Je\u015bli zg\u0142odniejesz, w miejscowych tawernach koniecznie zam\u00f3w <strong>orze\u017awiaj\u0105cy tarator, klasyczn\u0105 sa\u0142atk\u0119 szopsk\u0105 albo tradycyjn\u0105 banic\u0119<\/strong>.<\/p>\n\n\n\n<p class=\"wp-block-paragraph\">Butamjata to idealny wyb\u00f3r dla tych, kt\u00f3rzy chc\u0105 sp\u0119dzi\u0107 wakacje na po\u0142udniu, ale jednocze\u015bnie <strong>wymagaj\u0105 komfortu i bezpiecznego zaplecza<\/strong>. Wej\u015bcie do wody jest tu nieco \u0142agodniejsze ni\u017c na s\u0105siedniej pla\u017cy, ale w sierpniu i tu musisz uwa\u017ca\u0107 na zdradliwe pr\u0105dy morskie. Ratownicy na szcz\u0119\u015bcie pe\u0142ni\u0105 tu dy\u017cur przez ca\u0142y sezon.<\/p>\n\n\n\n<figure data-wp-context=\"{&quot;imageId&quot;:&quot;6a9c82208ba6a&quot;}\" data-wp-interactive=\"core\/image\" data-wp-key=\"6a9c82208ba6a\" class=\"wp-block-image size-full wp-lightbox-container\"><img decoding=\"async\" width=\"1800\" height=\"1350\" data-wp-class--hide=\"state.isContentHidden\" data-wp-class--show=\"state.isContentVisible\" data-wp-init=\"callbacks.setButtonStyles\" data-wp-on--click=\"actions.showLightbox\" data-wp-on--load=\"callbacks.setButtonStyles\" data-wp-on--pointerdown=\"actions.preloadImage\" data-wp-on--pointerenter=\"actions.preloadImageWithDelay\" data-wp-on--pointerleave=\"actions.cancelPreload\" data-wp-on-window--resize=\"callbacks.setButtonStyles\" src=\"https:\/\/loudavymkrokem.cz\/wp-content\/uploads\/2026\/08\/bulharsko-research-plaze-bulharsko-08.jpg\" alt=\"Piaszczyste wydmy na pla\u017cy Arkutino\" class=\"wp-image-404195\" title=\"\" srcset=\"https:\/\/loudavymkrokem.cz\/wp-content\/uploads\/2026\/08\/bulharsko-research-plaze-bulharsko-08.jpg 1800w, https:\/\/loudavymkrokem.cz\/wp-content\/uploads\/2026\/08\/bulharsko-research-plaze-bulharsko-08-300x225.jpg 300w, https:\/\/loudavymkrokem.cz\/wp-content\/uploads\/2026\/08\/bulharsko-research-plaze-bulharsko-08-700x525.jpg 700w, https:\/\/loudavymkrokem.cz\/wp-content\/uploads\/2026\/08\/bulharsko-research-plaze-bulharsko-08-768x576.jpg 768w, https:\/\/loudavymkrokem.cz\/wp-content\/uploads\/2026\/08\/bulharsko-research-plaze-bulharsko-08-1536x1152.jpg 1536w, https:\/\/loudavymkrokem.cz\/wp-content\/uploads\/2026\/08\/bulharsko-research-plaze-bulharsko-08-80x60.jpg 80w, https:\/\/loudavymkrokem.cz\/wp-content\/uploads\/2026\/08\/bulharsko-research-plaze-bulharsko-08-160x120.jpg 160w, https:\/\/loudavymkrokem.cz\/wp-content\/uploads\/2026\/08\/bulharsko-research-plaze-bulharsko-08-696x522.jpg 696w, https:\/\/loudavymkrokem.cz\/wp-content\/uploads\/2026\/08\/bulharsko-research-plaze-bulharsko-08-1392x1044.jpg 1392w\" sizes=\"(max-width: 1800px) 100vw, 1800px\" \/><button\n\t\t\tclass=\"lightbox-trigger\"\n\t\t\ttype=\"button\"\n\t\t\taria-haspopup=\"dialog\"\n\t\t\tdata-wp-bind--aria-label=\"state.thisImage.triggerButtonAriaLabel\"\n\t\t\tdata-wp-init=\"callbacks.initTriggerButton\"\n\t\t\tdata-wp-on--click=\"actions.showLightbox\"\n\t\t\tdata-wp-style--right=\"state.thisImage.buttonRight\"\n\t\t\tdata-wp-style--top=\"state.thisImage.buttonTop\"\n\t\t>\n\t\t\t<svg xmlns=\"http:\/\/www.w3.org\/2000\/svg\" width=\"12\" height=\"12\" fill=\"none\" viewBox=\"0 0 12 12\">\n\t\t\t\t<path fill=\"#fff\" d=\"M2 0a2 2 0 0 0-2 2v2h1.5V2a.5.5 0 0 1 .5-.5h2V0H2Zm2 10.5H2a.5.5 0 0 1-.5-.5V8H0v2a2 2 0 0 0 2 2h2v-1.5ZM8 12v-1.5h2a.5.5 0 0 0 .5-.5V8H12v2a2 2 0 0 1-2 2H8Zm2-12a2 2 0 0 1 2 2v2h-1.5V2a.5.5 0 0 0-.5-.5H8V0h2Z\" \/>\n\t\t\t<\/svg>\n\t\t<\/button><figcaption class=\"wp-element-caption\">Foto: Delysia v \/ Wikimedia Commons (CC BY-SA 4.0)<\/figcaption><\/figure>\n\n\n\n<h3 class=\"wp-block-heading\"><span class=\"ez-toc-section\" id=\"4_Arkutino\"><\/span>4. Arkutino<span class=\"ez-toc-section-end\"><\/span><\/h3>\n\n\n\n<p class=\"wp-block-paragraph\">Arkutino le\u017cy mi\u0119dzy kurortami Sozopol i Primorsko, bezpo\u015brednio na terenie rezerwatu przyrody Ropotamo. Bu\u0142garska prasa cz\u0119sto okre\u015bla j\u0105 mianem <strong>najbardziej romantycznej pla\u017cy w kraju<\/strong>. Nie znajdziesz tu \u017cadnych ogromnych hoteli, tylko nieko\u0144cz\u0105ce si\u0119 piaszczyste wydmy i fantastyczny widok na poblisk\u0105 Wysp\u0119 W\u0119\u017cy.<\/p>\n\n\n\n<p class=\"wp-block-paragraph\">Najwi\u0119kszym unikatem tej pla\u017cy jest miejscowa flora. Bezpo\u015brednio w piaszczystych wydmach ro\u015bnie tu bowiem <strong>chroniony piaskolubny narcyz morski<\/strong>, wpisany do bu\u0142garskiej Czerwonej Ksi\u0119gi, kt\u00f3ry kwitnie a\u017c do pocz\u0105tku wrze\u015bnia. Ze wzgl\u0119du na ochron\u0119 przyrody prowadzi tu tylko w\u0105ska drewniana k\u0142adka, kt\u00f3ra kieruje odwiedzaj\u0105cych do morza tak, by nie zadeptali cennych ro\u015blin.<\/p>\n\n\n\n<p class=\"wp-block-paragraph\">Mimo swojego naturalnego charakteru Arkutino ma w 2026 roku B\u0142\u0119kitn\u0105 Flag\u0119. Znajdziesz tu mniejsz\u0105 p\u0142atn\u0105 stref\u0119, ale wi\u0119kszo\u015b\u0107 pla\u017cy pozostaje wolna. To <strong>idealna kryj\u00f3wka dla poszukiwaczy absolutnego spokoju<\/strong>, kt\u00f3rzy lubi\u0105 d\u0142ugie spacery po mi\u0119kkim piasku z dala od g\u0142o\u015bnych dyskotek.<\/p>\n\n\n\n<figure data-wp-context=\"{&quot;imageId&quot;:&quot;6a9c82208bf67&quot;}\" data-wp-interactive=\"core\/image\" data-wp-key=\"6a9c82208bf67\" class=\"wp-block-image size-full wp-lightbox-container\"><img decoding=\"async\" width=\"1800\" height=\"1350\" data-wp-class--hide=\"state.isContentHidden\" data-wp-class--show=\"state.isContentVisible\" data-wp-init=\"callbacks.setButtonStyles\" data-wp-on--click=\"actions.showLightbox\" data-wp-on--load=\"callbacks.setButtonStyles\" data-wp-on--pointerdown=\"actions.preloadImage\" data-wp-on--pointerenter=\"actions.preloadImageWithDelay\" data-wp-on--pointerleave=\"actions.cancelPreload\" data-wp-on-window--resize=\"callbacks.setButtonStyles\" src=\"https:\/\/loudavymkrokem.cz\/wp-content\/uploads\/2026\/08\/bulharsko-research-plaze-bulharsko-09.jpg\" alt=\"Szeroka pla\u017ca Koral mi\u0119dzy Lozencem a Achtopolem\" class=\"wp-image-404198\" title=\"\" srcset=\"https:\/\/loudavymkrokem.cz\/wp-content\/uploads\/2026\/08\/bulharsko-research-plaze-bulharsko-09.jpg 1800w, https:\/\/loudavymkrokem.cz\/wp-content\/uploads\/2026\/08\/bulharsko-research-plaze-bulharsko-09-300x225.jpg 300w, https:\/\/loudavymkrokem.cz\/wp-content\/uploads\/2026\/08\/bulharsko-research-plaze-bulharsko-09-700x525.jpg 700w, https:\/\/loudavymkrokem.cz\/wp-content\/uploads\/2026\/08\/bulharsko-research-plaze-bulharsko-09-768x576.jpg 768w, https:\/\/loudavymkrokem.cz\/wp-content\/uploads\/2026\/08\/bulharsko-research-plaze-bulharsko-09-1536x1152.jpg 1536w, https:\/\/loudavymkrokem.cz\/wp-content\/uploads\/2026\/08\/bulharsko-research-plaze-bulharsko-09-80x60.jpg 80w, https:\/\/loudavymkrokem.cz\/wp-content\/uploads\/2026\/08\/bulharsko-research-plaze-bulharsko-09-160x120.jpg 160w, https:\/\/loudavymkrokem.cz\/wp-content\/uploads\/2026\/08\/bulharsko-research-plaze-bulharsko-09-696x522.jpg 696w, https:\/\/loudavymkrokem.cz\/wp-content\/uploads\/2026\/08\/bulharsko-research-plaze-bulharsko-09-1392x1044.jpg 1392w\" sizes=\"(max-width: 1800px) 100vw, 1800px\" \/><button\n\t\t\tclass=\"lightbox-trigger\"\n\t\t\ttype=\"button\"\n\t\t\taria-haspopup=\"dialog\"\n\t\t\tdata-wp-bind--aria-label=\"state.thisImage.triggerButtonAriaLabel\"\n\t\t\tdata-wp-init=\"callbacks.initTriggerButton\"\n\t\t\tdata-wp-on--click=\"actions.showLightbox\"\n\t\t\tdata-wp-style--right=\"state.thisImage.buttonRight\"\n\t\t\tdata-wp-style--top=\"state.thisImage.buttonTop\"\n\t\t>\n\t\t\t<svg xmlns=\"http:\/\/www.w3.org\/2000\/svg\" width=\"12\" height=\"12\" fill=\"none\" viewBox=\"0 0 12 12\">\n\t\t\t\t<path fill=\"#fff\" d=\"M2 0a2 2 0 0 0-2 2v2h1.5V2a.5.5 0 0 1 .5-.5h2V0H2Zm2 10.5H2a.5.5 0 0 1-.5-.5V8H0v2a2 2 0 0 0 2 2h2v-1.5ZM8 12v-1.5h2a.5.5 0 0 0 .5-.5V8H12v2a2 2 0 0 1-2 2H8Zm2-12a2 2 0 0 1 2 2v2h-1.5V2a.5.5 0 0 0-.5-.5H8V0h2Z\" \/>\n\t\t\t<\/svg>\n\t\t<\/button><figcaption class=\"wp-element-caption\">Foto: Svilen Enev \/ Wikimedia Commons, CC BY-SA 3.0<\/figcaption><\/figure>\n\n\n\n<h3 class=\"wp-block-heading\"><span class=\"ez-toc-section\" id=\"5_Koral\"><\/span>5. Koral<span class=\"ez-toc-section-end\"><\/span><\/h3>\n\n\n\n<p class=\"wp-block-paragraph\">Pla\u017ca Koral znajduje si\u0119 mi\u0119dzy kurortami Lozenec i Achtopol i dla wielu miejscowych stanowi <strong>symbol udanej bitwy o czyst\u0105 przyrod\u0119<\/strong>. Aktywistom ekologicznym uda\u0142o si\u0119 tu bowiem zatrzyma\u0107 plany budowy du\u017cego betonowego kurortu. Dzi\u0119ki temu pla\u017ca, kt\u00f3ra z szeroko\u015bci\u0105 do 377 metr\u00f3w jest jedn\u0105 z najszerszych w kraju, zachowa\u0142a sw\u00f3j dziki charakter.<\/p>\n\n\n\n<p class=\"wp-block-paragraph\">Ten rejon s\u0142ynie z doskona\u0142ych warunk\u00f3w do sport\u00f3w wodnych. Podr\u00f3\u017cni chwal\u0105 Koral jako <strong>jeden z najlepszych spot\u00f3w do kitesurfingu i windsurfingu<\/strong> na po\u0142udniowym wybrze\u017cu. Je\u015bli dopiero zaczynasz z tymi sportami, wiedz, \u017ce Bu\u0142garia generalnie nie jest ekstremalnie wietrzn\u0105 destynacj\u0105. Najlepsze warunki panuj\u0105 wiosn\u0105 i jesieni\u0105, latem liczy si\u0119 raczej popo\u0142udniowa bryza.<\/p>\n\n\n\n<p class=\"wp-block-paragraph\">Od 2026 roku zasz\u0142a tu zasadnicza zmiana dla mi\u0142o\u015bnik\u00f3w kempingowania. Gmina Carevo utworzy\u0142a tu <strong>oficjaln\u0105 legaln\u0105 stref\u0119 namiotow\u0105<\/strong>, pr\u00f3buj\u0105c uregulowa\u0107 dawniej \u017cywio\u0142owe nocowanie w wydmach. Licz si\u0119 jednak z tym, \u017ce nie prowadzi tu \u017cadna asfaltowa droga, a ca\u0142e zaplecze musisz przywie\u017a\u0107 ze sob\u0105.<\/p>\n\n\n\n<figure data-wp-context=\"{&quot;imageId&quot;:&quot;6a9c82208c5f0&quot;}\" data-wp-interactive=\"core\/image\" data-wp-key=\"6a9c82208c5f0\" class=\"wp-block-image size-full wp-lightbox-container\"><img decoding=\"async\" width=\"1800\" height=\"1350\" data-wp-class--hide=\"state.isContentHidden\" data-wp-class--show=\"state.isContentVisible\" data-wp-init=\"callbacks.setButtonStyles\" data-wp-on--click=\"actions.showLightbox\" data-wp-on--load=\"callbacks.setButtonStyles\" data-wp-on--pointerdown=\"actions.preloadImage\" data-wp-on--pointerenter=\"actions.preloadImageWithDelay\" data-wp-on--pointerleave=\"actions.cancelPreload\" data-wp-on-window--resize=\"callbacks.setButtonStyles\" src=\"https:\/\/loudavymkrokem.cz\/wp-content\/uploads\/2026\/08\/bulharsko-research-plaze-bulharsko-10.jpg\" alt=\"Pla\u017ca i laguna Alepu na po\u0142udnie od Sozopolu\" class=\"wp-image-404201\" title=\"\" srcset=\"https:\/\/loudavymkrokem.cz\/wp-content\/uploads\/2026\/08\/bulharsko-research-plaze-bulharsko-10.jpg 1800w, https:\/\/loudavymkrokem.cz\/wp-content\/uploads\/2026\/08\/bulharsko-research-plaze-bulharsko-10-300x225.jpg 300w, https:\/\/loudavymkrokem.cz\/wp-content\/uploads\/2026\/08\/bulharsko-research-plaze-bulharsko-10-700x525.jpg 700w, https:\/\/loudavymkrokem.cz\/wp-content\/uploads\/2026\/08\/bulharsko-research-plaze-bulharsko-10-768x576.jpg 768w, https:\/\/loudavymkrokem.cz\/wp-content\/uploads\/2026\/08\/bulharsko-research-plaze-bulharsko-10-1536x1152.jpg 1536w, https:\/\/loudavymkrokem.cz\/wp-content\/uploads\/2026\/08\/bulharsko-research-plaze-bulharsko-10-80x60.jpg 80w, https:\/\/loudavymkrokem.cz\/wp-content\/uploads\/2026\/08\/bulharsko-research-plaze-bulharsko-10-160x120.jpg 160w, https:\/\/loudavymkrokem.cz\/wp-content\/uploads\/2026\/08\/bulharsko-research-plaze-bulharsko-10-696x522.jpg 696w, https:\/\/loudavymkrokem.cz\/wp-content\/uploads\/2026\/08\/bulharsko-research-plaze-bulharsko-10-1392x1044.jpg 1392w\" sizes=\"(max-width: 1800px) 100vw, 1800px\" \/><button\n\t\t\tclass=\"lightbox-trigger\"\n\t\t\ttype=\"button\"\n\t\t\taria-haspopup=\"dialog\"\n\t\t\tdata-wp-bind--aria-label=\"state.thisImage.triggerButtonAriaLabel\"\n\t\t\tdata-wp-init=\"callbacks.initTriggerButton\"\n\t\t\tdata-wp-on--click=\"actions.showLightbox\"\n\t\t\tdata-wp-style--right=\"state.thisImage.buttonRight\"\n\t\t\tdata-wp-style--top=\"state.thisImage.buttonTop\"\n\t\t>\n\t\t\t<svg xmlns=\"http:\/\/www.w3.org\/2000\/svg\" width=\"12\" height=\"12\" fill=\"none\" viewBox=\"0 0 12 12\">\n\t\t\t\t<path fill=\"#fff\" d=\"M2 0a2 2 0 0 0-2 2v2h1.5V2a.5.5 0 0 1 .5-.5h2V0H2Zm2 10.5H2a.5.5 0 0 1-.5-.5V8H0v2a2 2 0 0 0 2 2h2v-1.5ZM8 12v-1.5h2a.5.5 0 0 0 .5-.5V8H12v2a2 2 0 0 1-2 2H8Zm2-12a2 2 0 0 1 2 2v2h-1.5V2a.5.5 0 0 0-.5-.5H8V0h2Z\" \/>\n\t\t\t<\/svg>\n\t\t<\/button><figcaption class=\"wp-element-caption\">Foto: Footballer99 \/ Wikimedia Commons (CC BY-SA 3.0)<\/figcaption><\/figure>\n\n\n\n<h3 class=\"wp-block-heading\"><span class=\"ez-toc-section\" id=\"6_Alepu\"><\/span>6. Alepu<span class=\"ez-toc-section-end\"><\/span><\/h3>\n\n\n\n<p class=\"wp-block-paragraph\">T\u0119 d\u0142ug\u0105 piaszczyst\u0105 mierzej\u0119 le\u017c\u0105c\u0105 na po\u0142udnie od Sozopolu miejscowi przezywaj\u0105 \u201epla\u017c\u0105 kierowc\u00f3w&#8221;. Pow\u00f3d jest prosty, tu\u017c wzd\u0142u\u017c niej biegnie bowiem stara droga nadmorska, wi\u0119c <strong>z auta mo\u017cesz wysi\u0105\u015b\u0107 praktycznie prosto w piasek<\/strong>. To ogromna zaleta dla tych, kt\u00f3rzy wo\u017c\u0105 nad wod\u0119 mn\u00f3stwo sprz\u0119tu.<\/p>\n\n\n\n<p class=\"wp-block-paragraph\">Alepu nie jest oficjalnie zorganizowana, brakuje tu ratownik\u00f3w, wypo\u017cyczalni le\u017cak\u00f3w i budek z jedzeniem. Du\u017ca cz\u0119\u015b\u0107 odwiedzaj\u0105cych przyje\u017cd\u017ca tu w\u0142a\u015bnie dla tego zupe\u0142nego spokoju. Rejon wok\u00f3\u0142 pobliskich mokrade\u0142 jest do tego <strong>wa\u017cnym miejscem l\u0119gowym rzadkich ptak\u00f3w<\/strong>, co przyci\u0105ga fotograf\u00f3w przyrody.<\/p>\n\n\n\n<p class=\"wp-block-paragraph\">Dzi\u0119ki swojej ogromnej powierzchni i zupe\u0142nemu brakowi cywilizacji Alepu funkcjonuje r\u00f3wnie\u017c jako <strong>nieoficjalna, ale tolerowana pla\u017ca nudystyczna<\/strong>. Natury\u015bci zwykle zajmuj\u0105 bardziej odleg\u0142e odcinki w kierunku laguny. Miej jednak na uwadze, \u017ce wej\u015bcie do wody bywa bardziej strome, a przy p\u00f3\u0142nocnym wietrze tworz\u0105 si\u0119 tu nieprzyjemne fale.<\/p>\n\n\n\n<figure data-wp-context=\"{&quot;imageId&quot;:&quot;6a9c82208cb13&quot;}\" data-wp-interactive=\"core\/image\" data-wp-key=\"6a9c82208cb13\" class=\"wp-block-image size-full wp-lightbox-container\"><img decoding=\"async\" width=\"1800\" height=\"1207\" data-wp-class--hide=\"state.isContentHidden\" data-wp-class--show=\"state.isContentVisible\" data-wp-init=\"callbacks.setButtonStyles\" data-wp-on--click=\"actions.showLightbox\" data-wp-on--load=\"callbacks.setButtonStyles\" data-wp-on--pointerdown=\"actions.preloadImage\" data-wp-on--pointerenter=\"actions.preloadImageWithDelay\" data-wp-on--pointerleave=\"actions.cancelPreload\" data-wp-on-window--resize=\"callbacks.setButtonStyles\" src=\"https:\/\/loudavymkrokem.cz\/wp-content\/uploads\/2026\/08\/bulharsko-research-plaze-bulharsko-11.jpg\" alt=\"Rezovo na granicy bu\u0142garsko-tureckiej\" class=\"wp-image-404202\" title=\"\" srcset=\"https:\/\/loudavymkrokem.cz\/wp-content\/uploads\/2026\/08\/bulharsko-research-plaze-bulharsko-11.jpg 1800w, https:\/\/loudavymkrokem.cz\/wp-content\/uploads\/2026\/08\/bulharsko-research-plaze-bulharsko-11-300x201.jpg 300w, https:\/\/loudavymkrokem.cz\/wp-content\/uploads\/2026\/08\/bulharsko-research-plaze-bulharsko-11-700x469.jpg 700w, https:\/\/loudavymkrokem.cz\/wp-content\/uploads\/2026\/08\/bulharsko-research-plaze-bulharsko-11-768x515.jpg 768w, https:\/\/loudavymkrokem.cz\/wp-content\/uploads\/2026\/08\/bulharsko-research-plaze-bulharsko-11-1536x1030.jpg 1536w, https:\/\/loudavymkrokem.cz\/wp-content\/uploads\/2026\/08\/bulharsko-research-plaze-bulharsko-11-696x467.jpg 696w, https:\/\/loudavymkrokem.cz\/wp-content\/uploads\/2026\/08\/bulharsko-research-plaze-bulharsko-11-1392x933.jpg 1392w\" sizes=\"(max-width: 1800px) 100vw, 1800px\" \/><button\n\t\t\tclass=\"lightbox-trigger\"\n\t\t\ttype=\"button\"\n\t\t\taria-haspopup=\"dialog\"\n\t\t\tdata-wp-bind--aria-label=\"state.thisImage.triggerButtonAriaLabel\"\n\t\t\tdata-wp-init=\"callbacks.initTriggerButton\"\n\t\t\tdata-wp-on--click=\"actions.showLightbox\"\n\t\t\tdata-wp-style--right=\"state.thisImage.buttonRight\"\n\t\t\tdata-wp-style--top=\"state.thisImage.buttonTop\"\n\t\t>\n\t\t\t<svg xmlns=\"http:\/\/www.w3.org\/2000\/svg\" width=\"12\" height=\"12\" fill=\"none\" viewBox=\"0 0 12 12\">\n\t\t\t\t<path fill=\"#fff\" d=\"M2 0a2 2 0 0 0-2 2v2h1.5V2a.5.5 0 0 1 .5-.5h2V0H2Zm2 10.5H2a.5.5 0 0 1-.5-.5V8H0v2a2 2 0 0 0 2 2h2v-1.5ZM8 12v-1.5h2a.5.5 0 0 0 .5-.5V8H12v2a2 2 0 0 1-2 2H8Zm2-12a2 2 0 0 1 2 2v2h-1.5V2a.5.5 0 0 0-.5-.5H8V0h2Z\" \/>\n\t\t\t<\/svg>\n\t\t<\/button><figcaption class=\"wp-element-caption\">Foto (upraven\u00e9): Pudelek (Marcin Szala) \/ Wikimedia Commons, CC BY-SA 3.0<\/figcaption><\/figure>\n\n\n\n<h3 class=\"wp-block-heading\"><span class=\"ez-toc-section\" id=\"7_Kastric_i_Rezovo\"><\/span>7. Kastri\u010d i Rezovo<span class=\"ez-toc-section-end\"><\/span><\/h3>\n\n\n\n<p class=\"wp-block-paragraph\">Zupe\u0142nie na po\u0142udniu, za popularnym Silistarem, kryj\u0105 si\u0119 miejsca dla prawdziwych poszukiwaczy przyg\u00f3d. Zatoka Kastri\u010d jest dost\u0119pna tylko pieszo, nieoznakowan\u0105 \u015bcie\u017ck\u0105, kt\u00f3ra prowadzi mniej wi\u0119cej <strong>dwa i p\u00f3\u0142 kilometra przez g\u0119sty las<\/strong>. Droga trwa nieca\u0142e trzy kwadranse, ale na ko\u0144cu czeka na ciebie dziewicza zatoka, kt\u00f3r\u0105 z du\u017cym prawdopodobie\u0144stwem b\u0119dziesz mie\u0107 tylko dla siebie.<\/p>\n\n\n\n<p class=\"wp-block-paragraph\">Samo Rezovo to z kolei ostatnia bu\u0142garska miejscowo\u015b\u0107 przed granic\u0105 z Turcj\u0105. Klasycznej piaszczystej pla\u017cy tu nie szukaj, wybrze\u017ce jest tu dzikie, skaliste i pe\u0142ne ma\u0142ych zatok. Wed\u0142ug do\u015bwiadczonych podr\u00f3\u017cnych to <strong>jedno z najlepszych miejsc do nurkowania z fajk\u0105<\/strong> w ca\u0142ym rejonie, bo woda jest tu, przez brak piasku, niesamowicie krystaliczna.<\/p>\n\n\n\n<p class=\"wp-block-paragraph\">Ten rejon wymaga respektu. Wej\u015bcie do wody przez kamienie i ska\u0142y bywa trudne, a pr\u0105dy mog\u0105 by\u0107 nieprzewidywalne. To zdecydowanie <strong>nie miejsce na rodzinn\u0105 wycieczk\u0119 z ma\u0142ymi dzie\u0107mi<\/strong>, ale raczej cel dla do\u015bwiadczonych p\u0142ywak\u00f3w, kt\u00f3rzy chc\u0105 do\u015bwiadczy\u0107 surowej atmosfery samego ko\u0144ca Unii Europejskiej.<\/p>\n\n\n\n<figure data-wp-context=\"{&quot;imageId&quot;:&quot;6a9c82208d0d3&quot;}\" data-wp-interactive=\"core\/image\" data-wp-key=\"6a9c82208d0d3\" class=\"wp-block-image size-full wp-lightbox-container\"><img decoding=\"async\" width=\"1800\" height=\"1350\" data-wp-class--hide=\"state.isContentHidden\" data-wp-class--show=\"state.isContentVisible\" data-wp-init=\"callbacks.setButtonStyles\" data-wp-on--click=\"actions.showLightbox\" data-wp-on--load=\"callbacks.setButtonStyles\" data-wp-on--pointerdown=\"actions.preloadImage\" data-wp-on--pointerenter=\"actions.preloadImageWithDelay\" data-wp-on--pointerleave=\"actions.cancelPreload\" data-wp-on-window--resize=\"callbacks.setButtonStyles\" src=\"https:\/\/loudavymkrokem.cz\/wp-content\/uploads\/2026\/08\/bulharsko-research-plaze-bulharsko-12.jpg\" alt=\"P\u00f3\u0142nocne wybrze\u017ce Morza Czarnego ko\u0142o przyl\u0105dka Kaliakra\" class=\"wp-image-404204\" title=\"\" srcset=\"https:\/\/loudavymkrokem.cz\/wp-content\/uploads\/2026\/08\/bulharsko-research-plaze-bulharsko-12.jpg 1800w, https:\/\/loudavymkrokem.cz\/wp-content\/uploads\/2026\/08\/bulharsko-research-plaze-bulharsko-12-300x225.jpg 300w, https:\/\/loudavymkrokem.cz\/wp-content\/uploads\/2026\/08\/bulharsko-research-plaze-bulharsko-12-700x525.jpg 700w, https:\/\/loudavymkrokem.cz\/wp-content\/uploads\/2026\/08\/bulharsko-research-plaze-bulharsko-12-768x576.jpg 768w, https:\/\/loudavymkrokem.cz\/wp-content\/uploads\/2026\/08\/bulharsko-research-plaze-bulharsko-12-1536x1152.jpg 1536w, https:\/\/loudavymkrokem.cz\/wp-content\/uploads\/2026\/08\/bulharsko-research-plaze-bulharsko-12-80x60.jpg 80w, https:\/\/loudavymkrokem.cz\/wp-content\/uploads\/2026\/08\/bulharsko-research-plaze-bulharsko-12-160x120.jpg 160w, https:\/\/loudavymkrokem.cz\/wp-content\/uploads\/2026\/08\/bulharsko-research-plaze-bulharsko-12-696x522.jpg 696w, https:\/\/loudavymkrokem.cz\/wp-content\/uploads\/2026\/08\/bulharsko-research-plaze-bulharsko-12-1392x1044.jpg 1392w\" sizes=\"(max-width: 1800px) 100vw, 1800px\" \/><button\n\t\t\tclass=\"lightbox-trigger\"\n\t\t\ttype=\"button\"\n\t\t\taria-haspopup=\"dialog\"\n\t\t\tdata-wp-bind--aria-label=\"state.thisImage.triggerButtonAriaLabel\"\n\t\t\tdata-wp-init=\"callbacks.initTriggerButton\"\n\t\t\tdata-wp-on--click=\"actions.showLightbox\"\n\t\t\tdata-wp-style--right=\"state.thisImage.buttonRight\"\n\t\t\tdata-wp-style--top=\"state.thisImage.buttonTop\"\n\t\t>\n\t\t\t<svg xmlns=\"http:\/\/www.w3.org\/2000\/svg\" width=\"12\" height=\"12\" fill=\"none\" viewBox=\"0 0 12 12\">\n\t\t\t\t<path fill=\"#fff\" d=\"M2 0a2 2 0 0 0-2 2v2h1.5V2a.5.5 0 0 1 .5-.5h2V0H2Zm2 10.5H2a.5.5 0 0 1-.5-.5V8H0v2a2 2 0 0 0 2 2h2v-1.5ZM8 12v-1.5h2a.5.5 0 0 0 .5-.5V8H12v2a2 2 0 0 1-2 2H8Zm2-12a2 2 0 0 1 2 2v2h-1.5V2a.5.5 0 0 0-.5-.5H8V0h2Z\" \/>\n\t\t\t<\/svg>\n\t\t<\/button><figcaption class=\"wp-element-caption\">Foto: Spiridon Manoliu \/ Wikimedia Commons, CC BY 3.0<\/figcaption><\/figure>\n\n\n\n<h2 class=\"wp-block-heading\"><span class=\"ez-toc-section\" id=\"Warna_%E2%80%93_bulgaria_plaze_na_polnocy_i_dzicz_w_jej_okolicy\"><\/span>Warna \u2013 bu\u0142garia pla\u017ce na p\u00f3\u0142nocy i dzicz w jej okolicy<span class=\"ez-toc-section-end\"><\/span><\/h2>\n\n\n\n<p class=\"wp-block-paragraph\"><strong>P\u00f3\u0142nocna cz\u0119\u015b\u0107 wybrze\u017ca<\/strong> wok\u00f3\u0142 Warny ma w\u015br\u00f3d podr\u00f3\u017cnych opini\u0119 jednej wielkiej strefy imprezowej, ale nie daj si\u0119 zwie\u015b\u0107. Tak\u017ce tutaj odkryjesz ukryte miejsca, kt\u00f3re zachowa\u0142y swoj\u0105 surow\u0105 twarz. O ile na po\u0142udniu dominuj\u0105 mniejsze skaliste zatoki, to p\u00f3\u0142noc oferuje <strong>zapieraj\u0105ce dech czerwone klify<\/strong> i kilometry d\u0142ugie, opustosza\u0142e pla\u017ce.<\/p>\n\n\n\n<p class=\"wp-block-paragraph\">Ten rejon jest idealny dla tych z was, kt\u00f3rzy lubi\u0105 \u0142\u0105czy\u0107 <strong>poznawanie nietkni\u0119tej przyrody<\/strong> z okazjonalnymi wypadami do cywilizacji. Do tego dzi\u0119ki p\u0142ytkim i os\u0142oni\u0119tym zatokom panuj\u0105 tu doskona\u0142e <strong>warunki do nurkowania z fajk\u0105<\/strong>.<\/p>\n\n\n\n<figure data-wp-context=\"{&quot;imageId&quot;:&quot;6a9c82208d6d1&quot;}\" data-wp-interactive=\"core\/image\" data-wp-key=\"6a9c82208d6d1\" class=\"wp-block-image size-full wp-lightbox-container\"><img decoding=\"async\" width=\"1800\" height=\"1012\" data-wp-class--hide=\"state.isContentHidden\" data-wp-class--show=\"state.isContentVisible\" data-wp-init=\"callbacks.setButtonStyles\" data-wp-on--click=\"actions.showLightbox\" data-wp-on--load=\"callbacks.setButtonStyles\" data-wp-on--pointerdown=\"actions.preloadImage\" data-wp-on--pointerenter=\"actions.preloadImageWithDelay\" data-wp-on--pointerleave=\"actions.cancelPreload\" data-wp-on-window--resize=\"callbacks.setButtonStyles\" src=\"https:\/\/loudavymkrokem.cz\/wp-content\/uploads\/2026\/08\/bulharsko-research-plaze-bulharsko-13.jpg\" alt=\"Zatoka Bolata pod czerwonymi klifami\" class=\"wp-image-404208\" title=\"\" srcset=\"https:\/\/loudavymkrokem.cz\/wp-content\/uploads\/2026\/08\/bulharsko-research-plaze-bulharsko-13.jpg 1800w, https:\/\/loudavymkrokem.cz\/wp-content\/uploads\/2026\/08\/bulharsko-research-plaze-bulharsko-13-300x169.jpg 300w, https:\/\/loudavymkrokem.cz\/wp-content\/uploads\/2026\/08\/bulharsko-research-plaze-bulharsko-13-700x394.jpg 700w, https:\/\/loudavymkrokem.cz\/wp-content\/uploads\/2026\/08\/bulharsko-research-plaze-bulharsko-13-768x432.jpg 768w, https:\/\/loudavymkrokem.cz\/wp-content\/uploads\/2026\/08\/bulharsko-research-plaze-bulharsko-13-1536x864.jpg 1536w, https:\/\/loudavymkrokem.cz\/wp-content\/uploads\/2026\/08\/bulharsko-research-plaze-bulharsko-13-696x391.jpg 696w, https:\/\/loudavymkrokem.cz\/wp-content\/uploads\/2026\/08\/bulharsko-research-plaze-bulharsko-13-1392x783.jpg 1392w\" sizes=\"(max-width: 1800px) 100vw, 1800px\" \/><button\n\t\t\tclass=\"lightbox-trigger\"\n\t\t\ttype=\"button\"\n\t\t\taria-haspopup=\"dialog\"\n\t\t\tdata-wp-bind--aria-label=\"state.thisImage.triggerButtonAriaLabel\"\n\t\t\tdata-wp-init=\"callbacks.initTriggerButton\"\n\t\t\tdata-wp-on--click=\"actions.showLightbox\"\n\t\t\tdata-wp-style--right=\"state.thisImage.buttonRight\"\n\t\t\tdata-wp-style--top=\"state.thisImage.buttonTop\"\n\t\t>\n\t\t\t<svg xmlns=\"http:\/\/www.w3.org\/2000\/svg\" width=\"12\" height=\"12\" fill=\"none\" viewBox=\"0 0 12 12\">\n\t\t\t\t<path fill=\"#fff\" d=\"M2 0a2 2 0 0 0-2 2v2h1.5V2a.5.5 0 0 1 .5-.5h2V0H2Zm2 10.5H2a.5.5 0 0 1-.5-.5V8H0v2a2 2 0 0 0 2 2h2v-1.5ZM8 12v-1.5h2a.5.5 0 0 0 .5-.5V8H12v2a2 2 0 0 1-2 2H8Zm2-12a2 2 0 0 1 2 2v2h-1.5V2a.5.5 0 0 0-.5-.5H8V0h2Z\" \/>\n\t\t\t<\/svg>\n\t\t<\/button><figcaption class=\"wp-element-caption\">Foto: Gery Romanova \/ Wikimedia Commons, CC BY-SA 4.0<\/figcaption><\/figure>\n\n\n\n<h3 class=\"wp-block-heading\"><span class=\"ez-toc-section\" id=\"8_Bolata\"><\/span>8. Bolata<span class=\"ez-toc-section-end\"><\/span><\/h3>\n\n\n\n<p class=\"wp-block-paragraph\">Niedaleko znanego przyl\u0105dka Kaliakra w wysokie rude klify wcina si\u0119 zupe\u0142nie unikatowa zatoka. Bolata ma kszta\u0142t idealnego p\u00f3\u0142ksi\u0119\u017cyca i jako <strong>jedyny bu\u0142garski rezerwat obejmuje r\u00f3wnie\u017c powierzchni\u0119 wodn\u0105<\/strong>. Dojazd prowadzi tu bardzo w\u0105sk\u0105 i kr\u0119t\u0105 asfaltow\u0105 dr\u00f3\u017ck\u0105, na kt\u00f3rej ko\u0144cu znajdziesz mniejszy parking.<\/p>\n\n\n\n<p class=\"wp-block-paragraph\">Woda jest tu, dzi\u0119ki ochronnym klifom i sztucznemu molu, niesamowicie spokojna i p\u0142ytka. W\u0142a\u015bnie dlatego Bolata zalicza si\u0119 do <strong>absolutnej czo\u0142\u00f3wki dla mi\u0142o\u015bnik\u00f3w nurkowania z fajk\u0105<\/strong>. Pod powierzchni\u0105 \u0142atwo dostrze\u017cesz tu \u0142awice ryb, kraby i mn\u00f3stwo innych stworze\u0144 morskich, kt\u00f3re chowaj\u0105 si\u0119 mi\u0119dzy kamieniami.<\/p>\n\n\n\n<p class=\"wp-block-paragraph\"><strong>Zaplecze jest tu minimalne<\/strong> (tylko jedna budka z kaw\u0105), ale je\u015bli wybierasz si\u0119 tu w sezonie, <strong>przyjed\u017a jak najwcze\u015bniej rano<\/strong>, bo zatoka jest ma\u0142a i w\u015br\u00f3d miejscowych ekstremalnie lubiana, wi\u0119c ju\u017c ko\u0142o dziesi\u0105tej bywa problem znale\u017a\u0107 miejsce na r\u0119cznik.<\/p>\n\n\n\n<figure data-wp-context=\"{&quot;imageId&quot;:&quot;6a9c82208dcc1&quot;}\" data-wp-interactive=\"core\/image\" data-wp-key=\"6a9c82208dcc1\" class=\"wp-block-image size-full wp-lightbox-container\"><img decoding=\"async\" width=\"1800\" height=\"1350\" data-wp-class--hide=\"state.isContentHidden\" data-wp-class--show=\"state.isContentVisible\" data-wp-init=\"callbacks.setButtonStyles\" data-wp-on--click=\"actions.showLightbox\" data-wp-on--load=\"callbacks.setButtonStyles\" data-wp-on--pointerdown=\"actions.preloadImage\" data-wp-on--pointerenter=\"actions.preloadImageWithDelay\" data-wp-on--pointerleave=\"actions.cancelPreload\" data-wp-on-window--resize=\"callbacks.setButtonStyles\" src=\"https:\/\/loudavymkrokem.cz\/wp-content\/uploads\/2026\/08\/bulharsko-research-plaze-bulharsko-14.jpg\" alt=\"Wybrze\u017ce ko\u0142o wsi Topola z Bia\u0142\u0105 Lagun\u0105\" class=\"wp-image-404210\" title=\"\" srcset=\"https:\/\/loudavymkrokem.cz\/wp-content\/uploads\/2026\/08\/bulharsko-research-plaze-bulharsko-14.jpg 1800w, https:\/\/loudavymkrokem.cz\/wp-content\/uploads\/2026\/08\/bulharsko-research-plaze-bulharsko-14-300x225.jpg 300w, https:\/\/loudavymkrokem.cz\/wp-content\/uploads\/2026\/08\/bulharsko-research-plaze-bulharsko-14-700x525.jpg 700w, https:\/\/loudavymkrokem.cz\/wp-content\/uploads\/2026\/08\/bulharsko-research-plaze-bulharsko-14-768x576.jpg 768w, https:\/\/loudavymkrokem.cz\/wp-content\/uploads\/2026\/08\/bulharsko-research-plaze-bulharsko-14-1536x1152.jpg 1536w, https:\/\/loudavymkrokem.cz\/wp-content\/uploads\/2026\/08\/bulharsko-research-plaze-bulharsko-14-80x60.jpg 80w, https:\/\/loudavymkrokem.cz\/wp-content\/uploads\/2026\/08\/bulharsko-research-plaze-bulharsko-14-160x120.jpg 160w, https:\/\/loudavymkrokem.cz\/wp-content\/uploads\/2026\/08\/bulharsko-research-plaze-bulharsko-14-696x522.jpg 696w, https:\/\/loudavymkrokem.cz\/wp-content\/uploads\/2026\/08\/bulharsko-research-plaze-bulharsko-14-1392x1044.jpg 1392w\" sizes=\"(max-width: 1800px) 100vw, 1800px\" \/><button\n\t\t\tclass=\"lightbox-trigger\"\n\t\t\ttype=\"button\"\n\t\t\taria-haspopup=\"dialog\"\n\t\t\tdata-wp-bind--aria-label=\"state.thisImage.triggerButtonAriaLabel\"\n\t\t\tdata-wp-init=\"callbacks.initTriggerButton\"\n\t\t\tdata-wp-on--click=\"actions.showLightbox\"\n\t\t\tdata-wp-style--right=\"state.thisImage.buttonRight\"\n\t\t\tdata-wp-style--top=\"state.thisImage.buttonTop\"\n\t\t>\n\t\t\t<svg xmlns=\"http:\/\/www.w3.org\/2000\/svg\" width=\"12\" height=\"12\" fill=\"none\" viewBox=\"0 0 12 12\">\n\t\t\t\t<path fill=\"#fff\" d=\"M2 0a2 2 0 0 0-2 2v2h1.5V2a.5.5 0 0 1 .5-.5h2V0H2Zm2 10.5H2a.5.5 0 0 1-.5-.5V8H0v2a2 2 0 0 0 2 2h2v-1.5ZM8 12v-1.5h2a.5.5 0 0 0 .5-.5V8H12v2a2 2 0 0 1-2 2H8Zm2-12a2 2 0 0 1 2 2v2h-1.5V2a.5.5 0 0 0-.5-.5H8V0h2Z\" \/>\n\t\t\t<\/svg>\n\t\t<\/button><figcaption class=\"wp-element-caption\">Foto: Nikolai Karaneschev \/ Wikimedia Commons, CC BY 3.0<\/figcaption><\/figure>\n\n\n\n<h3 class=\"wp-block-heading\"><span class=\"ez-toc-section\" id=\"9_Biala_Laguna_Topola\"><\/span>9. Bia\u0142a Laguna (Topola)<span class=\"ez-toc-section-end\"><\/span><\/h3>\n\n\n\n<p class=\"wp-block-paragraph\">Mi\u0119dzy miastami Ba\u0142czik i Kawarna znajdziesz bardzo przyjemn\u0105 alternatyw\u0119 dla du\u017cych, gwarnych kurort\u00f3w. Bia\u0142a Laguna zawdzi\u0119cza swoj\u0105 nazw\u0119 <strong>jasnym wapiennym ska\u0142om<\/strong>, kt\u00f3re otaczaj\u0105 ca\u0142y ten rejon i nadaj\u0105 wodzie przepi\u0119kny turkusowy odcie\u0144. W 2026 roku pla\u017ca do\u0142\u0105czy\u0142a do presti\u017cowej listy zdobywc\u00f3w B\u0142\u0119kitnej Flagi.<\/p>\n\n\n\n<p class=\"wp-block-paragraph\">Pla\u017ca jest dobrze zorganizowana, znajdziesz tu porz\u0105dne le\u017caki, parasole, prysznice i nowoczesne toalety. Wej\u015bcie do morza jest \u0142agodne, a woda bywa, dzi\u0119ki os\u0142oni\u0119temu po\u0142o\u017ceniu, bardzo spokojna. Je\u015bli cenisz sobie wygod\u0119 i chcesz unikn\u0105\u0107 t\u0142um\u00f3w ze Z\u0142otych Piask\u00f3w, <strong>miejscowi polecaj\u0105 w\u0142a\u015bnie t\u0119 lokalizacj\u0119<\/strong>.<\/p>\n\n\n\n<p class=\"wp-block-paragraph\">Jedyn\u0105 wad\u0105 mo\u017ce by\u0107 sam dost\u0119p do wody. Wi\u0119kszo\u015b\u0107 bazy noclegowej znajduje si\u0119 na klifie nad pla\u017c\u0105, wi\u0119c <strong>licz si\u0119 z codziennym pokonywaniem kilkudziesi\u0119ciu schod\u00f3w<\/strong>. Dla rodzin z w\u00f3zkiem mo\u017ce to stanowi\u0107 drobne utrudnienie, ale widoki z g\u00f3ry zdecydowanie warte s\u0105 tego wysi\u0142ku.<\/p>\n\n\n\n<figure data-wp-context=\"{&quot;imageId&quot;:&quot;6a9c82208e299&quot;}\" data-wp-interactive=\"core\/image\" data-wp-key=\"6a9c82208e299\" class=\"wp-block-image size-full wp-lightbox-container\"><img decoding=\"async\" width=\"1800\" height=\"1207\" data-wp-class--hide=\"state.isContentHidden\" data-wp-class--show=\"state.isContentVisible\" data-wp-init=\"callbacks.setButtonStyles\" data-wp-on--click=\"actions.showLightbox\" data-wp-on--load=\"callbacks.setButtonStyles\" data-wp-on--pointerdown=\"actions.preloadImage\" data-wp-on--pointerenter=\"actions.preloadImageWithDelay\" data-wp-on--pointerleave=\"actions.cancelPreload\" data-wp-on-window--resize=\"callbacks.setButtonStyles\" src=\"https:\/\/loudavymkrokem.cz\/wp-content\/uploads\/2026\/08\/bulharsko-research-plaze-bulharsko-15.jpg\" alt=\"Wybrze\u017ce ko\u0142o Krapca i Durankulaka na dalekiej p\u00f3\u0142nocy\" class=\"wp-image-404215\" title=\"\" srcset=\"https:\/\/loudavymkrokem.cz\/wp-content\/uploads\/2026\/08\/bulharsko-research-plaze-bulharsko-15.jpg 1800w, https:\/\/loudavymkrokem.cz\/wp-content\/uploads\/2026\/08\/bulharsko-research-plaze-bulharsko-15-300x201.jpg 300w, https:\/\/loudavymkrokem.cz\/wp-content\/uploads\/2026\/08\/bulharsko-research-plaze-bulharsko-15-700x469.jpg 700w, https:\/\/loudavymkrokem.cz\/wp-content\/uploads\/2026\/08\/bulharsko-research-plaze-bulharsko-15-768x515.jpg 768w, https:\/\/loudavymkrokem.cz\/wp-content\/uploads\/2026\/08\/bulharsko-research-plaze-bulharsko-15-1536x1030.jpg 1536w, https:\/\/loudavymkrokem.cz\/wp-content\/uploads\/2026\/08\/bulharsko-research-plaze-bulharsko-15-696x467.jpg 696w, https:\/\/loudavymkrokem.cz\/wp-content\/uploads\/2026\/08\/bulharsko-research-plaze-bulharsko-15-1392x933.jpg 1392w\" sizes=\"(max-width: 1800px) 100vw, 1800px\" \/><button\n\t\t\tclass=\"lightbox-trigger\"\n\t\t\ttype=\"button\"\n\t\t\taria-haspopup=\"dialog\"\n\t\t\tdata-wp-bind--aria-label=\"state.thisImage.triggerButtonAriaLabel\"\n\t\t\tdata-wp-init=\"callbacks.initTriggerButton\"\n\t\t\tdata-wp-on--click=\"actions.showLightbox\"\n\t\t\tdata-wp-style--right=\"state.thisImage.buttonRight\"\n\t\t\tdata-wp-style--top=\"state.thisImage.buttonTop\"\n\t\t>\n\t\t\t<svg xmlns=\"http:\/\/www.w3.org\/2000\/svg\" width=\"12\" height=\"12\" fill=\"none\" viewBox=\"0 0 12 12\">\n\t\t\t\t<path fill=\"#fff\" d=\"M2 0a2 2 0 0 0-2 2v2h1.5V2a.5.5 0 0 1 .5-.5h2V0H2Zm2 10.5H2a.5.5 0 0 1-.5-.5V8H0v2a2 2 0 0 0 2 2h2v-1.5ZM8 12v-1.5h2a.5.5 0 0 0 .5-.5V8H12v2a2 2 0 0 1-2 2H8Zm2-12a2 2 0 0 1 2 2v2h-1.5V2a.5.5 0 0 0-.5-.5H8V0h2Z\" \/>\n\t\t\t<\/svg>\n\t\t<\/button><figcaption class=\"wp-element-caption\">Foto (upraven\u00e9): Inkey \/ Wikimedia Commons, CC BY-SA 3.0<\/figcaption><\/figure>\n\n\n\n<h3 class=\"wp-block-heading\"><span class=\"ez-toc-section\" id=\"10_Krapec_i_Durankulak\"><\/span>10. Krapec i Durankulak<span class=\"ez-toc-section-end\"><\/span><\/h3>\n\n\n\n<p class=\"wp-block-paragraph\">Je\u015bli szukasz zupe\u0142nej samotno\u015bci i nie przeszkadza ci d\u0142u\u017csza droga, wybierz si\u0119 na skrajn\u0105 p\u00f3\u0142noc, w stron\u0119 granicy z Rumuni\u0105. D\u0142ugi pas piasku mi\u0119dzy wsi\u0105 Krapec a jeziorem Durankulak mierzy imponuj\u0105ce 6 kilometr\u00f3w i tworz\u0105 go <strong>jedne z najpi\u0119kniejszych naturalnych wydm<\/strong> na ca\u0142ym czarnomorskim wybrze\u017cu.<\/p>\n\n\n\n<p class=\"wp-block-paragraph\">Nie znajdziesz tu w og\u00f3le \u017cadnych hoteli, dyskotek ani promenad ze sklepikami. Rejon jest odwiedzany przede wszystkim przez podr\u00f3\u017cnik\u00f3w z plecakami i mi\u0142o\u015bnik\u00f3w namiot\u00f3w, kt\u00f3rzy przyje\u017cd\u017caj\u0105 tu po doskona\u0142y spok\u00f3j. Na pla\u017cy nie ma ratownik\u00f3w, a przez otwarte morze cz\u0119sto <strong>wieje tu silniejszy wiatr<\/strong>, co z kolei czasem przyci\u0105ga samotnych kitesurfer\u00f3w.<\/p>\n\n\n\n<p class=\"wp-block-paragraph\">Kawa\u0142ek za pla\u017c\u0105 znajduje si\u0119 jezioro Durankulak, kt\u00f3re jest wa\u017cn\u0105 ostoj\u0105 ptak\u00f3w. Dla mi\u0142o\u015bnik\u00f3w przyrody to idealne po\u0142\u0105czenie. W okolicznych wsiach dzia\u0142a tylko kilka drobnych pensjonat\u00f3w i knajpek, gdzie mo\u017cesz zje\u015b\u0107 <strong>wyborny pieczony bak\u0142a\u017can, \u015bwie\u017cy mi\u0448-ma\u0448 albo lokalne owcze sery<\/strong>.<\/p>\n\n\n\n<figure data-wp-context=\"{&quot;imageId&quot;:&quot;6a9c82208e947&quot;}\" data-wp-interactive=\"core\/image\" data-wp-key=\"6a9c82208e947\" class=\"wp-block-image size-full wp-lightbox-container\"><img decoding=\"async\" width=\"1800\" height=\"1350\" data-wp-class--hide=\"state.isContentHidden\" data-wp-class--show=\"state.isContentVisible\" data-wp-init=\"callbacks.setButtonStyles\" data-wp-on--click=\"actions.showLightbox\" data-wp-on--load=\"callbacks.setButtonStyles\" data-wp-on--pointerdown=\"actions.preloadImage\" data-wp-on--pointerenter=\"actions.preloadImageWithDelay\" data-wp-on--pointerleave=\"actions.cancelPreload\" data-wp-on-window--resize=\"callbacks.setButtonStyles\" src=\"https:\/\/loudavymkrokem.cz\/wp-content\/uploads\/2026\/08\/bulharsko-research-plaze-bulharsko-16.jpg\" alt=\"Najd\u0142u\u017csza bu\u0142garska pla\u017ca u uj\u015bcia Kam\u010dii\" class=\"wp-image-404220\" title=\"\" srcset=\"https:\/\/loudavymkrokem.cz\/wp-content\/uploads\/2026\/08\/bulharsko-research-plaze-bulharsko-16.jpg 1800w, https:\/\/loudavymkrokem.cz\/wp-content\/uploads\/2026\/08\/bulharsko-research-plaze-bulharsko-16-300x225.jpg 300w, https:\/\/loudavymkrokem.cz\/wp-content\/uploads\/2026\/08\/bulharsko-research-plaze-bulharsko-16-700x525.jpg 700w, https:\/\/loudavymkrokem.cz\/wp-content\/uploads\/2026\/08\/bulharsko-research-plaze-bulharsko-16-768x576.jpg 768w, https:\/\/loudavymkrokem.cz\/wp-content\/uploads\/2026\/08\/bulharsko-research-plaze-bulharsko-16-1536x1152.jpg 1536w, https:\/\/loudavymkrokem.cz\/wp-content\/uploads\/2026\/08\/bulharsko-research-plaze-bulharsko-16-80x60.jpg 80w, https:\/\/loudavymkrokem.cz\/wp-content\/uploads\/2026\/08\/bulharsko-research-plaze-bulharsko-16-160x120.jpg 160w, https:\/\/loudavymkrokem.cz\/wp-content\/uploads\/2026\/08\/bulharsko-research-plaze-bulharsko-16-696x522.jpg 696w, https:\/\/loudavymkrokem.cz\/wp-content\/uploads\/2026\/08\/bulharsko-research-plaze-bulharsko-16-1392x1044.jpg 1392w\" sizes=\"(max-width: 1800px) 100vw, 1800px\" \/><button\n\t\t\tclass=\"lightbox-trigger\"\n\t\t\ttype=\"button\"\n\t\t\taria-haspopup=\"dialog\"\n\t\t\tdata-wp-bind--aria-label=\"state.thisImage.triggerButtonAriaLabel\"\n\t\t\tdata-wp-init=\"callbacks.initTriggerButton\"\n\t\t\tdata-wp-on--click=\"actions.showLightbox\"\n\t\t\tdata-wp-style--right=\"state.thisImage.buttonRight\"\n\t\t\tdata-wp-style--top=\"state.thisImage.buttonTop\"\n\t\t>\n\t\t\t<svg xmlns=\"http:\/\/www.w3.org\/2000\/svg\" width=\"12\" height=\"12\" fill=\"none\" viewBox=\"0 0 12 12\">\n\t\t\t\t<path fill=\"#fff\" d=\"M2 0a2 2 0 0 0-2 2v2h1.5V2a.5.5 0 0 1 .5-.5h2V0H2Zm2 10.5H2a.5.5 0 0 1-.5-.5V8H0v2a2 2 0 0 0 2 2h2v-1.5ZM8 12v-1.5h2a.5.5 0 0 0 .5-.5V8H12v2a2 2 0 0 1-2 2H8Zm2-12a2 2 0 0 1 2 2v2h-1.5V2a.5.5 0 0 0-.5-.5H8V0h2Z\" \/>\n\t\t\t<\/svg>\n\t\t<\/button><figcaption class=\"wp-element-caption\">Foto: Svilen Enev Svik \/ Wikimedia Commons, CC BY-SA 3.0<\/figcaption><\/figure>\n\n\n\n<h3 class=\"wp-block-heading\"><span class=\"ez-toc-section\" id=\"11_Skorpilovci_i_Kamcija\"><\/span>11. \u0160korpilovci i Kam\u010dija<span class=\"ez-toc-section-end\"><\/span><\/h3>\n\n\n\n<p class=\"wp-block-paragraph\">Ten pas piasku le\u017c\u0105cy na po\u0142udnie od Warny dzier\u017cy jeden wa\u017cny krajowy rekord. Po\u0142\u0105czone pla\u017ce \u0160korpilovci i Kam\u010dija tworz\u0105, z d\u0142ugo\u015bci\u0105 11,96 kilometra, <strong>zdecydowanie najd\u0142u\u017csz\u0105 nieprzerwan\u0105 pla\u017c\u0119 w ca\u0142ej Bu\u0142garii<\/strong>. W niekt\u00f3rych miejscach szeroko\u015b\u0107 piaszczystego dywanu si\u0119ga do tego niewiarygodnych 100\u2013120 metr\u00f3w.<\/p>\n\n\n\n<p class=\"wp-block-paragraph\">Bu\u0142garska prasa okre\u015bli\u0142a ten rejon na lato 2026 jako najlepsze miejsce, by uciec przed t\u0142umami turyst\u00f3w. Dzi\u0119ki ogromnej powierzchni nigdy nie do\u015bwiadczysz tu poczucia \u015bcisku. Znajdziesz tu wprawdzie kilka mniejszych hoteli i restauracji, ale <strong>wi\u0119kszo\u015b\u0107 pla\u017cy pozostaje zupe\u0142nie dzika<\/strong> i otoczona g\u0119stymi lasami d\u0119bowymi.<\/p>\n\n\n\n<p class=\"wp-block-paragraph\">Rejon jest r\u00f3wnie\u017c domem dla najwi\u0119kszej legalnej strefy namiotowej w kraju. Je\u015bli lubisz wolno\u015b\u0107, na pewno ucieszy ci\u0119, \u017ce odleg\u0142e p\u00f3\u0142nocne odcinki w \u0160korpilovci funkcjonuj\u0105 jako <strong>tolerowane nieoficjalne pla\u017ce nudystyczne<\/strong>. Nowo\u015bci\u0105 tegorocznego sezonu jest do tego to, \u017ce zarz\u0105d rejonu po raz pierwszy wy\u0142oni\u0142 tu ratownik\u00f3w.<\/p>\n\n\n\n<figure data-wp-context=\"{&quot;imageId&quot;:&quot;6a9c82208f3ab&quot;}\" data-wp-interactive=\"core\/image\" data-wp-key=\"6a9c82208f3ab\" class=\"wp-block-image size-full wp-lightbox-container\"><img decoding=\"async\" width=\"1800\" height=\"1350\" data-wp-class--hide=\"state.isContentHidden\" data-wp-class--show=\"state.isContentVisible\" data-wp-init=\"callbacks.setButtonStyles\" data-wp-on--click=\"actions.showLightbox\" data-wp-on--load=\"callbacks.setButtonStyles\" data-wp-on--pointerdown=\"actions.preloadImage\" data-wp-on--pointerenter=\"actions.preloadImageWithDelay\" data-wp-on--pointerleave=\"actions.cancelPreload\" data-wp-on-window--resize=\"callbacks.setButtonStyles\" src=\"https:\/\/loudavymkrokem.cz\/wp-content\/uploads\/2026\/08\/bulharsko-research-plaze-bulharsko-17.jpg\" alt=\"Dzika pla\u017ca Pa\u0161a dere na po\u0142udnie od Warny\" class=\"wp-image-404223\" title=\"\" srcset=\"https:\/\/loudavymkrokem.cz\/wp-content\/uploads\/2026\/08\/bulharsko-research-plaze-bulharsko-17.jpg 1800w, https:\/\/loudavymkrokem.cz\/wp-content\/uploads\/2026\/08\/bulharsko-research-plaze-bulharsko-17-300x225.jpg 300w, https:\/\/loudavymkrokem.cz\/wp-content\/uploads\/2026\/08\/bulharsko-research-plaze-bulharsko-17-700x525.jpg 700w, https:\/\/loudavymkrokem.cz\/wp-content\/uploads\/2026\/08\/bulharsko-research-plaze-bulharsko-17-768x576.jpg 768w, https:\/\/loudavymkrokem.cz\/wp-content\/uploads\/2026\/08\/bulharsko-research-plaze-bulharsko-17-1536x1152.jpg 1536w, https:\/\/loudavymkrokem.cz\/wp-content\/uploads\/2026\/08\/bulharsko-research-plaze-bulharsko-17-80x60.jpg 80w, https:\/\/loudavymkrokem.cz\/wp-content\/uploads\/2026\/08\/bulharsko-research-plaze-bulharsko-17-160x120.jpg 160w, https:\/\/loudavymkrokem.cz\/wp-content\/uploads\/2026\/08\/bulharsko-research-plaze-bulharsko-17-696x522.jpg 696w, https:\/\/loudavymkrokem.cz\/wp-content\/uploads\/2026\/08\/bulharsko-research-plaze-bulharsko-17-1392x1044.jpg 1392w\" sizes=\"(max-width: 1800px) 100vw, 1800px\" \/><button\n\t\t\tclass=\"lightbox-trigger\"\n\t\t\ttype=\"button\"\n\t\t\taria-haspopup=\"dialog\"\n\t\t\tdata-wp-bind--aria-label=\"state.thisImage.triggerButtonAriaLabel\"\n\t\t\tdata-wp-init=\"callbacks.initTriggerButton\"\n\t\t\tdata-wp-on--click=\"actions.showLightbox\"\n\t\t\tdata-wp-style--right=\"state.thisImage.buttonRight\"\n\t\t\tdata-wp-style--top=\"state.thisImage.buttonTop\"\n\t\t>\n\t\t\t<svg xmlns=\"http:\/\/www.w3.org\/2000\/svg\" width=\"12\" height=\"12\" fill=\"none\" viewBox=\"0 0 12 12\">\n\t\t\t\t<path fill=\"#fff\" d=\"M2 0a2 2 0 0 0-2 2v2h1.5V2a.5.5 0 0 1 .5-.5h2V0H2Zm2 10.5H2a.5.5 0 0 1-.5-.5V8H0v2a2 2 0 0 0 2 2h2v-1.5ZM8 12v-1.5h2a.5.5 0 0 0 .5-.5V8H12v2a2 2 0 0 1-2 2H8Zm2-12a2 2 0 0 1 2 2v2h-1.5V2a.5.5 0 0 0-.5-.5H8V0h2Z\" \/>\n\t\t\t<\/svg>\n\t\t<\/button><figcaption class=\"wp-element-caption\">Foto: Original uploader was Svilen Enev at bg.wikipedia \/ Wikimedia Commons, CC BY-SA 3.0<\/figcaption><\/figure>\n\n\n\n<h3 class=\"wp-block-heading\"><span class=\"ez-toc-section\" id=\"12_Pasa_dere\"><\/span>12. Pa\u0161a dere<span class=\"ez-toc-section-end\"><\/span><\/h3>\n\n\n\n<p class=\"wp-block-paragraph\">Kawa\u0142ek na po\u0142udnie od Warny kryje si\u0119 ulubiona kryj\u00f3wka samych mieszka\u0144c\u00f3w tej metropolii. Pa\u0161a dere to zupe\u0142nie nietkni\u0119ta dzika pla\u017ca, do kt\u00f3rej prowadzi jednak <strong>bardzo z\u0142a i rozje\u017cd\u017cona polna droga<\/strong>. Je\u015bli nie masz auta terenowego z wy\u017cszym prze\u015bwitem, miejscowi polecaj\u0105 zostawi\u0107 samoch\u00f3d raczej na g\u00f3rze, a reszt\u0119 drogi przej\u015b\u0107 pieszo.<\/p>\n\n\n\n<p class=\"wp-block-paragraph\">Zaplecza tu nie oczekuj (brakuje zasi\u0119gu, wody pitnej i \u015bmietnik\u00f3w), ale w nagrod\u0119 czeka ci\u0119 <strong>czysta przyroda, drobny piasek i minimum ludzi<\/strong> nawet w \u015brodku sierpnia. Okoliczne lasy daj\u0105 przyjemny cie\u0144, kt\u00f3rego gdzie indziej na wybrze\u017cu cz\u0119sto brakuje.<\/p>\n\n\n\n<p class=\"wp-block-paragraph\">Pa\u0161a dere s\u0142ynie ze swojej lu\u017anej, wsp\u00f3lnotowej atmosfery. Wieczorem cz\u0119sto us\u0142yszysz tu graj\u0105ce przy ogniskach gitary, a cz\u0119\u015b\u0107 pla\u017cy <strong>tradycyjnie wykorzystuj\u0105 zwolennicy naturyzmu<\/strong>. To idealne miejsce na jednodniow\u0105 ucieczk\u0119 z gwarnej Warny, tylko musisz przywie\u017a\u0107 ze sob\u0105 do\u015b\u0107 jedzenia, wody i work\u00f3w na \u015bmieci.<\/p>\n\n\n\n<figure data-wp-context=\"{&quot;imageId&quot;:&quot;6a9c82208fce8&quot;}\" data-wp-interactive=\"core\/image\" data-wp-key=\"6a9c82208fce8\" class=\"wp-block-image size-full wp-lightbox-container\"><img decoding=\"async\" width=\"1800\" height=\"1350\" data-wp-class--hide=\"state.isContentHidden\" data-wp-class--show=\"state.isContentVisible\" data-wp-init=\"callbacks.setButtonStyles\" data-wp-on--click=\"actions.showLightbox\" data-wp-on--load=\"callbacks.setButtonStyles\" data-wp-on--pointerdown=\"actions.preloadImage\" data-wp-on--pointerenter=\"actions.preloadImageWithDelay\" data-wp-on--pointerleave=\"actions.cancelPreload\" data-wp-on-window--resize=\"callbacks.setButtonStyles\" src=\"https:\/\/loudavymkrokem.cz\/wp-content\/uploads\/2026\/08\/bulharsko-research-plaze-bulharsko-18.jpg\" alt=\"Dzika pla\u017ca Karadere ko\u0142o Bja\u0142y\" class=\"wp-image-404226\" title=\"\" srcset=\"https:\/\/loudavymkrokem.cz\/wp-content\/uploads\/2026\/08\/bulharsko-research-plaze-bulharsko-18.jpg 1800w, https:\/\/loudavymkrokem.cz\/wp-content\/uploads\/2026\/08\/bulharsko-research-plaze-bulharsko-18-300x225.jpg 300w, https:\/\/loudavymkrokem.cz\/wp-content\/uploads\/2026\/08\/bulharsko-research-plaze-bulharsko-18-700x525.jpg 700w, https:\/\/loudavymkrokem.cz\/wp-content\/uploads\/2026\/08\/bulharsko-research-plaze-bulharsko-18-768x576.jpg 768w, https:\/\/loudavymkrokem.cz\/wp-content\/uploads\/2026\/08\/bulharsko-research-plaze-bulharsko-18-1536x1152.jpg 1536w, https:\/\/loudavymkrokem.cz\/wp-content\/uploads\/2026\/08\/bulharsko-research-plaze-bulharsko-18-80x60.jpg 80w, https:\/\/loudavymkrokem.cz\/wp-content\/uploads\/2026\/08\/bulharsko-research-plaze-bulharsko-18-160x120.jpg 160w, https:\/\/loudavymkrokem.cz\/wp-content\/uploads\/2026\/08\/bulharsko-research-plaze-bulharsko-18-696x522.jpg 696w, https:\/\/loudavymkrokem.cz\/wp-content\/uploads\/2026\/08\/bulharsko-research-plaze-bulharsko-18-1392x1044.jpg 1392w\" sizes=\"(max-width: 1800px) 100vw, 1800px\" \/><button\n\t\t\tclass=\"lightbox-trigger\"\n\t\t\ttype=\"button\"\n\t\t\taria-haspopup=\"dialog\"\n\t\t\tdata-wp-bind--aria-label=\"state.thisImage.triggerButtonAriaLabel\"\n\t\t\tdata-wp-init=\"callbacks.initTriggerButton\"\n\t\t\tdata-wp-on--click=\"actions.showLightbox\"\n\t\t\tdata-wp-style--right=\"state.thisImage.buttonRight\"\n\t\t\tdata-wp-style--top=\"state.thisImage.buttonTop\"\n\t\t>\n\t\t\t<svg xmlns=\"http:\/\/www.w3.org\/2000\/svg\" width=\"12\" height=\"12\" fill=\"none\" viewBox=\"0 0 12 12\">\n\t\t\t\t<path fill=\"#fff\" d=\"M2 0a2 2 0 0 0-2 2v2h1.5V2a.5.5 0 0 1 .5-.5h2V0H2Zm2 10.5H2a.5.5 0 0 1-.5-.5V8H0v2a2 2 0 0 0 2 2h2v-1.5ZM8 12v-1.5h2a.5.5 0 0 0 .5-.5V8H12v2a2 2 0 0 1-2 2H8Zm2-12a2 2 0 0 1 2 2v2h-1.5V2a.5.5 0 0 0-.5-.5H8V0h2Z\" \/>\n\t\t\t<\/svg>\n\t\t<\/button><figcaption class=\"wp-element-caption\">Foto: Svilen Enev \/ Wikimedia Commons (CC BY-SA 3.0)<\/figcaption><\/figure>\n\n\n\n<!-- LKM_GYG_CARD start q=\"bulgaria\" lang=\"pl\" rendered=\"2026-09-05T18:42:46+00:00\" v=\"1\" -->\n<style id=\"lk-gyg-styles\">\n@import url(\"https:\/\/fonts.googleapis.com\/css2?family=Playfair+Display:wght@700&family=DM+Sans:wght@300;400;500;600&display=swap\");\n\/* === LK GYG karty \u2014 CRO redesign 2026-05 (namespace .lkx-) ===\n   C\u00edl: vy\u0161\u0161\u00ed CTR (hero + v\u00fdrazn\u00fd social proof + ak\u010dn\u00ed CTA, m\u00e9n\u011b \"reklamn\u00ed\").\n   Injektuje se inline do prvn\u00edho markeru postu (refresh_cards.py --inline-css). *\/\n.lkx-module, .lkx-module *{box-sizing:border-box;margin:0;padding:0}\n.lkx-module{\n  font-family:'DM Sans',-apple-system,Segoe UI,Roboto,Georgia,sans-serif;\n  max-width:860px;margin:2.5rem auto;color:#1f2328;\n}\n\n\/* HEADER \u2014 lehk\u00fd editorsk\u00fd, \u017e\u00e1dn\u00fd bannerov\u00fd blok; nadpis + popisek pod n\u00edm *\/\n.lkx-head{margin-bottom:16px}\n.lkx-head-main{display:flex;align-items:center;gap:10px}\n.lkx-head-accent{width:26px;height:3px;border-radius:2px;background:#c39f76;flex-shrink:0}\n.lkx-head-title{font-family:'Playfair Display',Georgia,serif;font-size:21px;font-weight:700;color:#1a1a1a;line-height:1.25}\n.lkx-head-meta{display:block;font-size:11px;letter-spacing:.3px;color:#9aa0a6;margin-top:4px;margin-left:36px}\n\n\/* HERO *\/\n.lkx-hero{display:grid;grid-template-columns:300px 1fr;background:#fff;border:1px solid #ece7df;border-radius:14px;overflow:hidden;text-decoration:none!important;color:inherit;box-shadow:0 6px 20px rgba(0,0,0,.06);transition:box-shadow .2s,transform .2s;margin-bottom:14px}\n.lkx-hero:hover{box-shadow:0 12px 30px rgba(0,0,0,.12);transform:translateY(-2px)}\n.lkx-hero-img{position:relative;min-height:230px;background-size:cover;background-position:center;background-color:#eee}\n.lkx-hero-body{padding:22px 24px;display:flex;flex-direction:column}\n.lkx-pick{position:absolute;top:12px;left:12px;background:#1a1a1a;color:#fff;font-size:11px;font-weight:700;letter-spacing:.5px;padding:5px 11px;border-radius:20px}\n\n\/* TITLE *\/\n.lkx-title{font-size:19px;font-weight:700;color:#161616;line-height:1.3}\n.lkx-title-sm{font-size:14.5px;line-height:1.35;display:-webkit-box;-webkit-line-clamp:2;-webkit-box-orient:vertical;overflow:hidden}\n\n\/* SOCIAL PROOF \u2014 v\u00fdrazn\u011b, naho\u0159e *\/\n.lkx-proof{display:flex;align-items:center;gap:7px;margin-top:12px;font-size:15px;color:#3a3a3a}\n.lkx-proof b{font-size:16px;color:#161616}\n.lkx-stars{color:#f5a623;letter-spacing:1px}\n.lkx-proof-sm{font-size:12.5px;margin-top:8px;gap:5px}\n.lkx-proof-sm b{font-size:13px}\n.lkx-proof-new{color:#3685fc;font-weight:600}\n\n\/* PRICE \u2014 n\u00edzk\u00e1 kotva *\/\n.lkx-price{font-size:14px;color:#6b7280}\n.lkx-price b{font-size:20px;color:#161616;font-weight:700}\n.lkx-price-sm b{font-size:15px}\n\n\/* CTA \u2014 tepl\u00e9 ak\u010dn\u00ed tla\u010d\u00edtko *\/\n.lkx-cta{display:inline-flex;align-items:center;justify-content:center;text-decoration:none!important;font-weight:700;color:#fff!important;background:linear-gradient(135deg,#f6743f,#e8552a);border-radius:10px;box-shadow:0 6px 16px rgba(232,85,42,.32);transition:box-shadow .2s}\n.lkx-cta-hero{font-size:15px;padding:13px 22px}\n.lkx-hero:hover .lkx-cta-hero{box-shadow:0 8px 22px rgba(232,85,42,.45)}\n.lkx-cta-sm{font-size:12.5px;padding:9px 14px;width:100%;margin-top:2px}\n.lkx-hero-bottom{margin-top:auto;padding-top:18px;display:flex;align-items:center;justify-content:space-between;gap:14px;flex-wrap:wrap}\n\n\/* BADGE \u2014 jeden v\u00fdrazn\u00fd na fotce *\/\n.lkx-badge{position:absolute;top:12px;right:12px;font-size:10.5px;font-weight:700;letter-spacing:.3px;padding:5px 10px;border-radius:16px;color:#fff}\n.lkx-badge.badge-urgency{background:rgba(214,40,40,.92)}\n.lkx-badge.badge-new{background:rgba(54,133,252,.92)}\n.lkx-badge.badge-top{background:rgba(195,159,118,.95)}\n.lkx-badge.badge-info{background:rgba(40,40,40,.78)}\n\n\/* SECONDARY GRID *\/\n.lkx-grid{display:grid;grid-template-columns:1fr 1fr;gap:14px}\n.lkx-card{background:#fff;border:1px solid #ece7df;border-radius:14px;overflow:hidden;text-decoration:none!important;color:inherit;box-shadow:0 4px 14px rgba(0,0,0,.05);display:flex;flex-direction:column;transition:box-shadow .2s,transform .2s}\n.lkx-card:hover{box-shadow:0 10px 24px rgba(0,0,0,.1);transform:translateY(-2px)}\n.lkx-card-img{position:relative;aspect-ratio:16\/10;background-size:cover;background-position:center;background-color:#eee}\n.lkx-card-body{padding:14px 16px 16px;display:flex;flex-direction:column;gap:7px;flex:1}\n.lkx-card-bottom{margin-top:auto;padding-top:10px;display:flex;align-items:center;justify-content:space-between;gap:8px}\n\n\/* DISCLOSURE \u2014 drobn\u00e1, kv\u016fli d\u016fv\u011b\u0159e\/z\u00e1konu *\/\n.lkx-disclosure{font-size:11px;color:#a7adb3;text-align:center;margin-top:14px;line-height:1.6}\n.lkx-disclosure a{color:#c39f76;text-decoration:none}\n\n@media(max-width:680px){\n  .lkx-hero{grid-template-columns:1fr}\n  .lkx-hero-img{min-height:180px}\n  .lkx-grid{grid-template-columns:1fr}\n  .lkx-head-meta{margin-left:0;width:100%}\n  .lkx-head-title{font-size:19px}\n}\n\n<\/style>\n<div class=\"lkx-module\" data-query=\"bulgaria\">\n  <div class=\"lkx-head\">\n    <div class=\"lkx-head-main\">\n      <span class=\"lkx-head-accent\"><\/span>\n      <span class=\"lkx-head-title\">Atrakcje i bilety<\/span>\n    <\/div>\n    <span class=\"lkx-head-meta\">oceniane przez podr\u00f3\u017cnych \u00b7 GetYourGuide<\/span>\n  <\/div><a class=\"lkx-hero\" href=\"https:\/\/www.getyourguide.com\/pl-pl\/pomorie-l149447\/sloneczny-brzeg-wyprawa-do-jezior-solnych-i-kapieli-blotnych-t1259959\/?partner_id=MKZ64IS&amp;utm_medium=online_publisher&amp;cmp=bulgaria-plaze-najpiekniejsze\" target=\"_blank\" rel=\"sponsored noopener nofollow\">\n    <div class=\"lkx-hero-img\" style=\"background-image:url('https:\/\/cdn.getyourguide.com\/img\/tour\/378ce030b6b58bfca59767d2cffdf74a461b5fb0d66cd6d8a87bf21be2776b91.jpg\/132.jpg')\" role=\"img\" aria-label=\"S\u0142oneczny Brzeg: wyprawa do jezior solnych i k\u0105pieli b\u0142otnych\">\n      <span class=\"lkx-pick\">\u2605 Nasz wyb\u00f3r<\/span><\/div>\n    <div class=\"lkx-hero-body\">\n      <div class=\"lkx-title\">S\u0142oneczny Brzeg: wyprawa do jezior solnych i k\u0105pieli b\u0142otnych<\/div>\n      <div class=\"lkx-proof\">\n      <span class=\"lkx-stars\">\u2605\u2605\u2605\u2605\u2605<\/span>\n      <b>4.7<\/b> \u00b7 119 opinii\n    <\/div>\n      <div class=\"lkx-hero-bottom\"><div class=\"lkx-price\">od <b>45\u00a0EUR<\/b><\/div><span class=\"lkx-cta lkx-cta-hero\">Chc\u0119 tego do\u015bwiadczy\u0107 \u2192<\/span>\n      <\/div>\n    <\/div>\n  <\/a><div class=\"lkx-disclosure\">\ud83d\udd17 Linki afiliacyjne \u2014 nie zmieniaj\u0105 ceny dla Ciebie, pomagaj\u0105 nam tworzy\u0107 tre\u015bci. \u00b7 <a href=\"https:\/\/www.getyourguide.com\/pl-pl\/s\/?q=bulgaria&amp;partner_id=MKZ64IS&amp;utm_medium=online_publisher\" target=\"_blank\" rel=\"sponsored noopener nofollow\">Wszystkie atrakcje \u2192<\/a><\/div>\n<\/div>\n<!-- LKM_GYG_CARD end -->\n\n\n\n\n<div class=\"lk-stays-module\">\n<style>\n\/* \u2500\u2500\u2500 RESET PRO GUTENBERG \u2500\u2500\u2500 *\/\n.lk-stays-module * { box-sizing: border-box; margin: 0; padding: 0; }\n\n\/* \u2500\u2500\u2500 WRAPPER \u2500\u2500\u2500 *\/\n.lk-stays-module {\n  font-family: 'DM Sans', Georgia, sans-serif;\n  max-width: 100%;\n  margin: 2.5rem auto;\n  background: linear-gradient(135deg, #fdfaf5 0%, #fcf8f0 100%);\n  border: 1px solid #e8dfd4;\n  border-radius: 16px;\n  overflow: hidden;\n  box-shadow: 0 16px 48px rgba(195, 159, 118, 0.25), 0 4px 12px rgba(0,0,0,0.08);\n}\n\n\/* \u2500\u2500\u2500 HEADER \u2500\u2500\u2500 *\/\n.lk-stays-header {\n  position: relative;\n  padding: 24px 36px 24px;\n  background: linear-gradient(135deg, #c39f76 0%, #d4b188 60%, #c39f76 100%);\n  border-bottom: 1px solid rgba(255,255,255,.15);\n  display: flex;\n  align-items: center;\n  gap: 18px;\n}\n.lk-stays-header::before {\n  content: '';\n  position: absolute;\n  inset: 0;\n  background: url(\"data:image\/svg+xml,%3Csvg width='60' height='60' viewBox='0 0 60 60' xmlns='http:\/\/www.w3.org\/2000\/svg'%3E%3Cg fill='none' fill-rule='evenodd'%3E%3Cg fill='%23ffffff' fill-opacity='0.05'%3E%3Cpath d='M36 34v-4h-2v4h-4v2h4v4h2v-4h4v-2h-4zm0-30V0h-2v4h-4v2h4v4h2V6h4V4h-4zM6 34v-4H4v4H0v2h4v4h2v-4h4v-2H6zM6 4V0H4v4H0v2h4v4h2V6h4V4H6z'\/%3E%3C\/g%3E%3C\/g%3E%3C\/svg%3E\") repeat;\n  pointer-events: none;\n}\n.lk-stays-icon {\n  flex-shrink: 0;\n  width: 68px;\n  height: 68px;\n  border-radius: 14px;\n  background: linear-gradient(135deg, #fff 0%, #f9f6f0 100%);\n  display: flex;\n  align-items: center;\n  justify-content: center;\n  font-size: 26px;\n  box-shadow: 0 4px 12px rgba(0,0,0,0.15);\n}\n.lk-stays-eyebrow {\n  font-size: 10px;\n  font-weight: 500;\n  letter-spacing: 2.5px;\n  text-transform: uppercase;\n  color: rgba(255,255,255,.85);\n  margin: 0 0 5px 0;\n}\n.lk-stays-title {\n  font-family: 'Playfair Display', Georgia, serif;\n  font-size: 24px;\n  font-weight: 700;\n  color: #fff;\n  line-height: 1.2;\n  text-shadow: 0 1px 2px rgba(0,0,0,0.1);\n  margin: 0;\n}\n.lk-stays-subtitle {\n  font-size: 13px;\n  color: rgba(255,255,255,.75);\n  margin: 4px 0 0 0;\n  font-weight: 300;\n}\n\n\/* \u2500\u2500\u2500 CARDS GRID \u2500\u2500\u2500 *\/\n.lk-stays-grid {\n  display: grid;\n  grid-template-columns: 1fr 1fr;\n  gap: 1px;\n  background: rgba(195, 159, 118, 0.12);\n}\n\n\/* \u2500\u2500\u2500 SINGLE CARD \u2500\u2500\u2500 *\/\n.lk-stay-card {\n  background: #ffffff;\n  padding: 26px;\n  display: flex;\n  flex-direction: column;\n  gap: 11px;\n  transition: all 0.3s ease;\n  text-decoration: none;\n  color: inherit;\n  position: relative;\n}\n.lk-stay-card:hover {\n  background: #fffbf5;\n  transform: translateY(-2px);\n  box-shadow: 0 8px 24px rgba(195, 159, 118, 0.18);\n  z-index: 1;\n}\n.lk-stay-card.featured {\n  background: linear-gradient(135deg, #fffdf9 0%, #fff9f0 100%);\n  box-shadow: 0 4px 16px rgba(195, 159, 118, 0.15), inset 0 1px 0 rgba(195, 159, 118, 0.1);\n}\n.lk-stay-card.featured:hover {\n  background: linear-gradient(135deg, #fffbf5 0%, #fff8ed 100%);\n  box-shadow: 0 8px 24px rgba(195, 159, 118, 0.25), inset 0 1px 0 rgba(195, 159, 118, 0.15);\n}\n\n.lk-stay-badge {\n  display: inline-flex;\n  align-items: center;\n  gap: 5px;\n  font-size: 10px;\n  font-weight: 500;\n  letter-spacing: 1.5px;\n  text-transform: uppercase;\n  padding: 5px 11px;\n  border-radius: 20px;\n  width: fit-content;\n}\n.badge-top     { background: linear-gradient(135deg, #c39f76 0%, #d4b188 100%); color: #fff; border: 1px solid #c39f76; font-weight: 600; box-shadow: 0 2px 8px rgba(195,159,118,0.3); }\n.badge-luxury  { background: rgba(195,159,118,.12); color: #c39f76; border: 1px solid rgba(195,159,118,.25); }\n.badge-boutique{ background: rgba(54,133,252,.08); color: #3685fc; border: 1px solid rgba(54,133,252,.2); }\n.badge-nature  { background: rgba(130,190,100,.1); color: #6b9c4a; border: 1px solid rgba(130,190,100,.2); }\n.badge-remote  { background: rgba(195,159,118,.12); color: #a67e50; border: 1px solid rgba(195,159,118,.25); }\n\n.lk-stay-name {\n  font-family: 'Playfair Display', Georgia, serif;\n  font-size: 18px;\n  font-weight: 700;\n  color: #111827;\n  line-height: 1.3;\n}\n.lk-stay-desc {\n  font-size: 13.5px;\n  color: #525252;\n  line-height: 1.65;\n  font-weight: 300;\n  flex: 1;\n}\n\n.lk-stay-meta {\n  display: flex;\n  align-items: center;\n  gap: 12px;\n  flex-wrap: wrap;\n  margin-top: 4px;\n}\n.lk-stay-price {\n  font-size: 13px;\n  color: #6b7280;\n}\n.lk-stay-price strong {\n  color: #c39f76;\n  font-weight: 500;\n}\n.lk-stay-stars {\n  color: #c39f76;\n  font-size: 11px;\n  letter-spacing: 1px;\n}\n\n\/* \u2500\u2500\u2500 CTA BUTTON \u2500\u2500\u2500 *\/\n.lk-stay-cta {\n  display: inline-flex;\n  align-items: center;\n  justify-content: center;\n  gap: 7px;\n  margin-top: 8px;\n  padding: 11px 20px;\n  border-radius: 8px;\n  background: linear-gradient(135deg, #3685fc 0%, #2a6fd9 100%);\n  color: #fff;\n  font-size: 13px;\n  font-weight: 500;\n  text-decoration: none;\n  letter-spacing: .3px;\n  transition: all .2s ease;\n  cursor: pointer;\n  border: none;\n  text-align: center;\n  box-shadow: 0 4px 12px rgba(54, 133, 252, 0.25);\n}\n.lk-stay-cta:hover {\n  background: linear-gradient(135deg, #2a6fd9 0%, #1e5bc4 100%);\n  transform: translateY(-1px);\n  box-shadow: 0 6px 16px rgba(54, 133, 252, 0.35);\n}\n.lk-stay-cta svg { flex-shrink: 0; }\n\n\/* \u2500\u2500\u2500 FOOTER \u2500\u2500\u2500 *\/\n.lk-stays-footer {\n  padding: 18px 36px;\n  background: linear-gradient(to bottom, #fdfaf5 0%, #f9f4ed 100%);\n  border-top: 1px solid rgba(195, 159, 118, 0.15);\n  display: flex;\n  align-items: center;\n  justify-content: space-between;\n  flex-wrap: wrap;\n  gap: 12px;\n}\n.lk-stays-footer-note {\n  font-size: 11.5px;\n  color: #6b7280;\n  font-weight: 300;\n  line-height: 1.5;\n}\n.lk-stays-footer-note a {\n  color: #c39f76;\n  text-decoration: none;\n  font-weight: 400;\n}\n.lk-stays-footer-note a:hover {\n  text-decoration: underline;\n}\n.lk-stays-all-btn {\n  display: inline-flex;\n  align-items: center;\n  gap: 6px;\n  font-size: 12.5px;\n  font-weight: 500;\n  color: #c39f76;\n  text-decoration: none;\n  border: 1px solid rgba(195, 159, 118, 0.35);\n  padding: 8px 18px;\n  border-radius: 8px;\n  transition: all .2s ease;\n}\n.lk-stays-all-btn:hover {\n  background: rgba(195, 159, 118, 0.08);\n  border-color: rgba(195, 159, 118, 0.5);\n}\n\n\/* \u2500\u2500\u2500 RESPONSIVE \u2500\u2500\u2500 *\/\n@media (max-width: 600px) {\n  .lk-stays-grid { grid-template-columns: 1fr; }\n  .lk-stays-header { padding: 24px 20px; }\n  .lk-stays-footer { padding: 16px 20px; }\n  .lk-stay-card { padding: 22px; }\n  .lk-stays-title { font-size: 20px; }\n}\n<\/style>\n\n  <!-- HEADER -->\n  <div class=\"lk-stays-header\">\n    <img decoding=\"async\" src=\"https:\/\/loudavymkrokem.cz\/wp-content\/uploads\/2026\/02\/lukas-a-lucka.jpg\" alt=\"\" style=\"width: 75px; height: 75px; border-radius: 8px; flex-shrink: 0; object-fit: cover; display: block; margin: 4px 0;\" title=\"\">\n    <div class=\"lk-stays-header-text\">\n      <div class=\"lk-stays-eyebrow\">Luk\u00e1\u0161 i Lucie polecaj\u0105<\/div>\n      <div class=\"lk-stays-title\">Gdzie si\u0119 zatrzyma\u0107 w Bu\u0142garii<\/div>\n      <div class=\"lk-stays-subtitle\">6 nocleg\u00f3w \u2014 hotele i inne opcje zakwaterowania<\/div>\n    <\/div>\n  <\/div>\n\n  <!-- CARDS -->\n  <div class=\"lk-stays-grid\">\n\n    <a class=\"lk-stay-card featured\" href=\"https:\/\/www.stay22.com\/allez\/roam?aid=lukaskonecny&#038;campaign=loudavymkrokemcz&#038;campaign=pl&#038;campaign=plaze-bulharsko&#038;address=Albena%2C%20Bulharsko\" target=\"_blank\" rel=\"nofollow noopener\">\n      <span class=\"lk-stay-badge badge-top\">\u2b50 TOP WYB\u00d3R<\/span>\n      <span class=\"lk-stay-badge badge-nature\">\ud83c\udfd6\ufe0f Beach<\/span>\n      <div class=\"lk-stay-name\">Noclegi w Albenie<\/div>\n      <div class=\"lk-stay-desc\">Zamkni\u0119ty kompleks wypoczynkowy z 6-kilometrow\u0105 pla\u017c\u0105, naj\u0142agodniejszym zej\u015bciem do morza na wybrze\u017cu, idealny dla rodzin z dzie\u0107mi.<\/div>\n      <div class=\"lk-stay-meta\">\n        <span class=\"lk-stay-stars\">\u2605\u2605\u2605\u2605<\/span>\n        <span class=\"lk-stay-price\">Sprawd\u017a ceny<\/span>\n      <\/div>\n      <span class=\"lk-stay-cta\">\n        <svg width=\"14\" height=\"14\" viewBox=\"0 0 24 24\" fill=\"none\" stroke=\"currentColor\" stroke-width=\"2\"><path d=\"M18 13v6a2 2 0 0 1-2 2H5a2 2 0 0 1-2-2V8a2 2 0 0 1 2-2h6\"\/><polyline points=\"15 3 21 3 21 9\"\/><line x1=\"10\" y1=\"14\" x2=\"21\" y2=\"3\"\/><\/svg>\n        Sprawd\u017a dost\u0119pno\u015b\u0107\n      <\/span>\n    <\/a>\n\n    <a class=\"lk-stay-card\" href=\"https:\/\/www.stay22.com\/allez\/roam?aid=lukaskonecny&#038;campaign=loudavymkrokemcz&#038;campaign=pl&#038;campaign=plaze-bulharsko&#038;address=Kranevo%2C%20Bulharsko\" target=\"_blank\" rel=\"nofollow noopener\">\n      <span class=\"lk-stay-badge badge-nature\">\ud83c\udfd6\ufe0f Beach<\/span>\n      <div class=\"lk-stay-name\">Noclegi w Kranewie<\/div>\n      <div class=\"lk-stay-desc\">Spokojniejsza alternatywa dla Albeny z najwy\u017csz\u0105 jako\u015bci\u0105 pla\u017cy z B\u0142\u0119kitn\u0105 Flag\u0105, ni\u017csze ceny ni\u017c w s\u0105siednich kurortach.<\/div>\n      <div class=\"lk-stay-meta\">\n        <span class=\"lk-stay-stars\">\u2605\u2605\u2605\u2605<\/span>\n        <span class=\"lk-stay-price\">Sprawd\u017a ceny<\/span>\n      <\/div>\n      <span class=\"lk-stay-cta\">\n        <svg width=\"14\" height=\"14\" viewBox=\"0 0 24 24\" fill=\"none\" stroke=\"currentColor\" stroke-width=\"2\"><path d=\"M18 13v6a2 2 0 0 1-2 2H5a2 2 0 0 1-2-2V8a2 2 0 0 1 2-2h6\"\/><polyline points=\"15 3 21 3 21 9\"\/><line x1=\"10\" y1=\"14\" x2=\"21\" y2=\"3\"\/><\/svg>\n        Sprawd\u017a dost\u0119pno\u015b\u0107\n      <\/span>\n    <\/a>\n\n    <a class=\"lk-stay-card\" href=\"https:\/\/www.stay22.com\/allez\/roam?aid=lukaskonecny&#038;campaign=loudavymkrokemcz&#038;campaign=pl&#038;campaign=plaze-bulharsko&#038;address=Zlat%C3%A9%20p%C3%ADsky%2C%20Bulharsko\" target=\"_blank\" rel=\"nofollow noopener\">\n      <span class=\"lk-stay-badge badge-nature\">\ud83c\udfd6\ufe0f Beach<\/span>\n      <div class=\"lk-stay-name\">Noclegi na Z\u0142otych Piaskach<\/div>\n      <div class=\"lk-stay-desc\">Drugi co do wielko\u015bci kurort w kraju z 3,5-kilometrow\u0105 pla\u017c\u0105 w parku przyrody, dziesi\u0105tki bar\u00f3w pla\u017cowych i aktywne \u017cycie nocne.<\/div>\n      <div class=\"lk-stay-meta\">\n        <span class=\"lk-stay-stars\">\u2605\u2605\u2605\u2605<\/span>\n        <span class=\"lk-stay-price\">Sprawd\u017a ceny<\/span>\n      <\/div>\n      <span class=\"lk-stay-cta\">\n        <svg width=\"14\" height=\"14\" viewBox=\"0 0 24 24\" fill=\"none\" stroke=\"currentColor\" stroke-width=\"2\"><path d=\"M18 13v6a2 2 0 0 1-2 2H5a2 2 0 0 1-2-2V8a2 2 0 0 1 2-2h6\"\/><polyline points=\"15 3 21 3 21 9\"\/><line x1=\"10\" y1=\"14\" x2=\"21\" y2=\"3\"\/><\/svg>\n        Sprawd\u017a dost\u0119pno\u015b\u0107\n      <\/span>\n    <\/a>\n\n    <a class=\"lk-stay-card\" href=\"https:\/\/www.stay22.com\/allez\/roam?aid=lukaskonecny&#038;campaign=loudavymkrokemcz&#038;campaign=pl&#038;campaign=plaze-bulharsko&#038;address=Slune%C4%8Dn%C3%A9%20pob%C5%99e%C5%BE%C3%AD%2C%20Bulharsko\" target=\"_blank\" rel=\"nofollow noopener\">\n      <span class=\"lk-stay-badge badge-nature\">\ud83c\udfd6\ufe0f Beach<\/span>\n      <div class=\"lk-stay-name\">Noclegi na S\u0142onecznym Brzegu<\/div>\n      <div class=\"lk-stay-desc\">Najwi\u0119kszy bu\u0142garski kurort z 6,1-kilometrow\u0105 pla\u017c\u0105, centrum turystyki z t\u0119tni\u0105cym \u017cyciem nocnym i aquaparkami.<\/div>\n      <div class=\"lk-stay-meta\">\n        <span class=\"lk-stay-stars\">\u2605\u2605\u2605\u2605<\/span>\n        <span class=\"lk-stay-price\">Sprawd\u017a ceny<\/span>\n      <\/div>\n      <span class=\"lk-stay-cta\">\n        <svg width=\"14\" height=\"14\" viewBox=\"0 0 24 24\" fill=\"none\" stroke=\"currentColor\" stroke-width=\"2\"><path d=\"M18 13v6a2 2 0 0 1-2 2H5a2 2 0 0 1-2-2V8a2 2 0 0 1 2-2h6\"\/><polyline points=\"15 3 21 3 21 9\"\/><line x1=\"10\" y1=\"14\" x2=\"21\" y2=\"3\"\/><\/svg>\n        Sprawd\u017a dost\u0119pno\u015b\u0107\n      <\/span>\n    <\/a>\n\n    <a class=\"lk-stay-card\" href=\"https:\/\/www.stay22.com\/allez\/roam?aid=lukaskonecny&#038;campaign=loudavymkrokemcz&#038;campaign=pl&#038;campaign=plaze-bulharsko&#038;address=Nesebar%2C%20Bulharsko\" target=\"_blank\" rel=\"nofollow noopener\">\n      <span class=\"lk-stay-badge badge-nature\">\ud83c\udfe8 Hotel<\/span>\n      <div class=\"lk-stay-name\">Noclegi w Nesebyrze<\/div>\n      <div class=\"lk-stay-desc\">Historyczne miasto UNESCO z po\u0142udniow\u0105 pla\u017c\u0105, wyrafinowana atmosfera, po\u0142\u0105czenie k\u0105pieli i zwiedzania zabytk\u00f3w.<\/div>\n      <div class=\"lk-stay-meta\">\n        <span class=\"lk-stay-stars\">\u2605\u2605\u2605\u2605<\/span>\n        <span class=\"lk-stay-price\">Sprawd\u017a ceny<\/span>\n      <\/div>\n      <span class=\"lk-stay-cta\">\n        <svg width=\"14\" height=\"14\" viewBox=\"0 0 24 24\" fill=\"none\" stroke=\"currentColor\" stroke-width=\"2\"><path d=\"M18 13v6a2 2 0 0 1-2 2H5a2 2 0 0 1-2-2V8a2 2 0 0 1 2-2h6\"\/><polyline points=\"15 3 21 3 21 9\"\/><line x1=\"10\" y1=\"14\" x2=\"21\" y2=\"3\"\/><\/svg>\n        Sprawd\u017a dost\u0119pno\u015b\u0107\n      <\/span>\n    <\/a>\n\n    <a class=\"lk-stay-card\" href=\"https:\/\/www.stay22.com\/allez\/roam?aid=lukaskonecny&#038;campaign=loudavymkrokemcz&#038;campaign=pl&#038;campaign=plaze-bulharsko&#038;address=Sozopol%2C%20Bulharsko\" target=\"_blank\" rel=\"nofollow noopener\">\n      <span class=\"lk-stay-badge badge-nature\">\ud83c\udfe8 Hotel<\/span>\n      <div class=\"lk-stay-name\">Noclegi w Sozopolu<\/div>\n      <div class=\"lk-stay-desc\">Najbardziej stylowy kurort na po\u0142udniu ze starym centrum, dwie pla\u017ce z B\u0142\u0119kitn\u0105 Flag\u0105, najlepsza gastronomia.<\/div>\n      <div class=\"lk-stay-meta\">\n        <span class=\"lk-stay-stars\">\u2605\u2605\u2605\u2605<\/span>\n        <span class=\"lk-stay-price\">Sprawd\u017a ceny<\/span>\n      <\/div>\n      <span class=\"lk-stay-cta\">\n        <svg width=\"14\" height=\"14\" viewBox=\"0 0 24 24\" fill=\"none\" stroke=\"currentColor\" stroke-width=\"2\"><path d=\"M18 13v6a2 2 0 0 1-2 2H5a2 2 0 0 1-2-2V8a2 2 0 0 1 2-2h6\"\/><polyline points=\"15 3 21 3 21 9\"\/><line x1=\"10\" y1=\"14\" x2=\"21\" y2=\"3\"\/><\/svg>\n        Sprawd\u017a dost\u0119pno\u015b\u0107\n      <\/span>\n    <\/a>\n\n  <\/div>\n\n  \n<\/div>\n\n\n\n\n<h3 class=\"wp-block-heading\"><span class=\"ez-toc-section\" id=\"13_Karadere\"><\/span>13. Karadere<span class=\"ez-toc-section-end\"><\/span><\/h3>\n\n\n\n<p class=\"wp-block-paragraph\">Mniej wi\u0119cej w po\u0142owie drogi mi\u0119dzy Warn\u0105 a Burgasem, ko\u0142o miasteczka Bja\u0142a, le\u017cy pla\u017ca, kt\u00f3ra od lat budzi ogromne emocje. Karadere mierzy kilka kilometr\u00f3w i to <strong>prawdziwa dzicz chroniona w programie <a href=\"https:\/\/ec.europa.eu\/environment\/nature\/natura2000\/index_en.htm\" rel=\"nofollow noopener\" target=\"_blank\">Natura 2000<\/a><\/strong>. Droga tutaj prowadzi bardzo z\u0142\u0105 poln\u0105 drog\u0105, kt\u00f3ra po silniejszym deszczu staje si\u0119 dla zwyk\u0142ych niskich aut zupe\u0142nie nieprzejezdna.<\/p>\n\n\n\n<p class=\"wp-block-paragraph\">Na Karadere nie znajdziesz pr\u0105du, \u015bmietnik\u00f3w ani ratownik\u00f3w, a <strong>jedynym \u017ar\u00f3d\u0142em wody pitnej jest ma\u0142e \u017ar\u00f3de\u0142ko<\/strong> w lesie. I w\u0142a\u015bnie to przyci\u0105ga tu dzicz, ka\u017cdego lata ci\u0105gn\u0105 tu arty\u015bci, surferzy i ludzie, kt\u00f3rzy nie potrzebuj\u0105 cywilizacji. Zatoka s\u0142ynie do tego z tego, \u017ce bardzo cz\u0119sto blisko brzegu pokazuj\u0105 si\u0119 tu dzikie delfiny.<\/p>\n\n\n\n<p class=\"wp-block-paragraph\">Niestety lokalizacja jest trwale zagro\u017cona planami wielkich deweloper\u00f3w, przeciwko kt\u00f3rym regularnie organizowane s\u0105 protesty. Inicjatywa ekologiczna \u201eDa spasim Karadere&#8221; walczy\u0142a tu o ratowanie przyrody r\u00f3wnie\u017c w 2025 roku. Dla podr\u00f3\u017cnik\u00f3w z plecakiem to przepi\u0119kne miejsce, ale <strong>z kamperem zdecydowanie si\u0119 tu w tym roku nie wybieraj<\/strong> (wi\u0119cej w sekcji o kempingowaniu poni\u017cej).<\/p>\n\n\n\n<figure data-wp-context=\"{&quot;imageId&quot;:&quot;6a9c82209045c&quot;}\" data-wp-interactive=\"core\/image\" data-wp-key=\"6a9c82209045c\" class=\"wp-block-image size-full wp-lightbox-container\"><img decoding=\"async\" width=\"1800\" height=\"1350\" data-wp-class--hide=\"state.isContentHidden\" data-wp-class--show=\"state.isContentVisible\" data-wp-init=\"callbacks.setButtonStyles\" data-wp-on--click=\"actions.showLightbox\" data-wp-on--load=\"callbacks.setButtonStyles\" data-wp-on--pointerdown=\"actions.preloadImage\" data-wp-on--pointerenter=\"actions.preloadImageWithDelay\" data-wp-on--pointerleave=\"actions.cancelPreload\" data-wp-on-window--resize=\"callbacks.setButtonStyles\" src=\"https:\/\/loudavymkrokem.cz\/wp-content\/uploads\/2026\/08\/bulharsko-research-plaze-bulharsko-19.jpg\" alt=\"Kurort na bu\u0142garskim wybrze\u017cu\" class=\"wp-image-404230\" title=\"\" srcset=\"https:\/\/loudavymkrokem.cz\/wp-content\/uploads\/2026\/08\/bulharsko-research-plaze-bulharsko-19.jpg 1800w, https:\/\/loudavymkrokem.cz\/wp-content\/uploads\/2026\/08\/bulharsko-research-plaze-bulharsko-19-300x225.jpg 300w, https:\/\/loudavymkrokem.cz\/wp-content\/uploads\/2026\/08\/bulharsko-research-plaze-bulharsko-19-700x525.jpg 700w, https:\/\/loudavymkrokem.cz\/wp-content\/uploads\/2026\/08\/bulharsko-research-plaze-bulharsko-19-768x576.jpg 768w, https:\/\/loudavymkrokem.cz\/wp-content\/uploads\/2026\/08\/bulharsko-research-plaze-bulharsko-19-1536x1152.jpg 1536w, https:\/\/loudavymkrokem.cz\/wp-content\/uploads\/2026\/08\/bulharsko-research-plaze-bulharsko-19-80x60.jpg 80w, https:\/\/loudavymkrokem.cz\/wp-content\/uploads\/2026\/08\/bulharsko-research-plaze-bulharsko-19-160x120.jpg 160w, https:\/\/loudavymkrokem.cz\/wp-content\/uploads\/2026\/08\/bulharsko-research-plaze-bulharsko-19-696x522.jpg 696w, https:\/\/loudavymkrokem.cz\/wp-content\/uploads\/2026\/08\/bulharsko-research-plaze-bulharsko-19-1392x1044.jpg 1392w\" sizes=\"(max-width: 1800px) 100vw, 1800px\" \/><button\n\t\t\tclass=\"lightbox-trigger\"\n\t\t\ttype=\"button\"\n\t\t\taria-haspopup=\"dialog\"\n\t\t\tdata-wp-bind--aria-label=\"state.thisImage.triggerButtonAriaLabel\"\n\t\t\tdata-wp-init=\"callbacks.initTriggerButton\"\n\t\t\tdata-wp-on--click=\"actions.showLightbox\"\n\t\t\tdata-wp-style--right=\"state.thisImage.buttonRight\"\n\t\t\tdata-wp-style--top=\"state.thisImage.buttonTop\"\n\t\t>\n\t\t\t<svg xmlns=\"http:\/\/www.w3.org\/2000\/svg\" width=\"12\" height=\"12\" fill=\"none\" viewBox=\"0 0 12 12\">\n\t\t\t\t<path fill=\"#fff\" d=\"M2 0a2 2 0 0 0-2 2v2h1.5V2a.5.5 0 0 1 .5-.5h2V0H2Zm2 10.5H2a.5.5 0 0 1-.5-.5V8H0v2a2 2 0 0 0 2 2h2v-1.5ZM8 12v-1.5h2a.5.5 0 0 0 .5-.5V8H12v2a2 2 0 0 1-2 2H8Zm2-12a2 2 0 0 1 2 2v2h-1.5V2a.5.5 0 0 0-.5-.5H8V0h2Z\" \/>\n\t\t\t<\/svg>\n\t\t<\/button><figcaption class=\"wp-element-caption\">Foto: Denitsa Kireva \/ Pexels<\/figcaption><\/figure>\n\n\n\n<h2 class=\"wp-block-heading\"><span class=\"ez-toc-section\" id=\"Klasyka_kurorty_i_plaze_miejskie\"><\/span>Klasyka: kurorty i pla\u017ce miejskie<span class=\"ez-toc-section-end\"><\/span><\/h2>\n\n\n\n<p class=\"wp-block-paragraph\">Dla tych z was, kt\u00f3rzy na wakacjach szukaj\u0105 przede wszystkim wygody, bezb\u0142\u0119dnej obs\u0142ugi i gwarantowanej rozrywki, <strong>bu\u0142garskie kurorty<\/strong> oferuj\u0105 <strong>pierwszorz\u0119dne zaplecze<\/strong>. Zapomnij o starych wielkop\u0142ytowych hotelach z czas\u00f3w socjalizmu, dzisiejsze kurorty \u015bmia\u0142o dor\u00f3wnuj\u0105 tym zachodnioeuropejskim.<\/p>\n\n\n\n<p class=\"wp-block-paragraph\">Czy szukasz <strong>bezpiecznych p\u0142ycizn dla maluch\u00f3w<\/strong>, nieko\u0144cz\u0105cego si\u0119 \u017cycia nocnego czy <strong>romantycznych spacer\u00f3w po zabytkowych uliczkach<\/strong>, z tej oferty na pewno co\u015b wybierzesz. Do tego w cenach, kt\u00f3re w por\u00f3wnaniu z po\u0142udniem Europy wci\u0105\u017c s\u0105 bardzo przyjemne.<\/p>\n\n\n\n<figure data-wp-context=\"{&quot;imageId&quot;:&quot;6a9c822090be1&quot;}\" data-wp-interactive=\"core\/image\" data-wp-key=\"6a9c822090be1\" class=\"wp-block-image size-full wp-lightbox-container\"><img decoding=\"async\" width=\"1800\" height=\"1196\" data-wp-class--hide=\"state.isContentHidden\" data-wp-class--show=\"state.isContentVisible\" data-wp-init=\"callbacks.setButtonStyles\" data-wp-on--click=\"actions.showLightbox\" data-wp-on--load=\"callbacks.setButtonStyles\" data-wp-on--pointerdown=\"actions.preloadImage\" data-wp-on--pointerenter=\"actions.preloadImageWithDelay\" data-wp-on--pointerleave=\"actions.cancelPreload\" data-wp-on-window--resize=\"callbacks.setButtonStyles\" src=\"https:\/\/loudavymkrokem.cz\/wp-content\/uploads\/2026\/08\/bulharsko-research-plaze-bulharsko-20.jpg\" alt=\"Szeroka piaszczysta pla\u017ca kurortu Albena\" class=\"wp-image-404233\" title=\"\" srcset=\"https:\/\/loudavymkrokem.cz\/wp-content\/uploads\/2026\/08\/bulharsko-research-plaze-bulharsko-20.jpg 1800w, https:\/\/loudavymkrokem.cz\/wp-content\/uploads\/2026\/08\/bulharsko-research-plaze-bulharsko-20-300x199.jpg 300w, https:\/\/loudavymkrokem.cz\/wp-content\/uploads\/2026\/08\/bulharsko-research-plaze-bulharsko-20-700x465.jpg 700w, https:\/\/loudavymkrokem.cz\/wp-content\/uploads\/2026\/08\/bulharsko-research-plaze-bulharsko-20-768x510.jpg 768w, https:\/\/loudavymkrokem.cz\/wp-content\/uploads\/2026\/08\/bulharsko-research-plaze-bulharsko-20-1536x1021.jpg 1536w, https:\/\/loudavymkrokem.cz\/wp-content\/uploads\/2026\/08\/bulharsko-research-plaze-bulharsko-20-696x462.jpg 696w, https:\/\/loudavymkrokem.cz\/wp-content\/uploads\/2026\/08\/bulharsko-research-plaze-bulharsko-20-1392x925.jpg 1392w\" sizes=\"(max-width: 1800px) 100vw, 1800px\" \/><button\n\t\t\tclass=\"lightbox-trigger\"\n\t\t\ttype=\"button\"\n\t\t\taria-haspopup=\"dialog\"\n\t\t\tdata-wp-bind--aria-label=\"state.thisImage.triggerButtonAriaLabel\"\n\t\t\tdata-wp-init=\"callbacks.initTriggerButton\"\n\t\t\tdata-wp-on--click=\"actions.showLightbox\"\n\t\t\tdata-wp-style--right=\"state.thisImage.buttonRight\"\n\t\t\tdata-wp-style--top=\"state.thisImage.buttonTop\"\n\t\t>\n\t\t\t<svg xmlns=\"http:\/\/www.w3.org\/2000\/svg\" width=\"12\" height=\"12\" fill=\"none\" viewBox=\"0 0 12 12\">\n\t\t\t\t<path fill=\"#fff\" d=\"M2 0a2 2 0 0 0-2 2v2h1.5V2a.5.5 0 0 1 .5-.5h2V0H2Zm2 10.5H2a.5.5 0 0 1-.5-.5V8H0v2a2 2 0 0 0 2 2h2v-1.5ZM8 12v-1.5h2a.5.5 0 0 0 .5-.5V8H12v2a2 2 0 0 1-2 2H8Zm2-12a2 2 0 0 1 2 2v2h-1.5V2a.5.5 0 0 0-.5-.5H8V0h2Z\" \/>\n\t\t\t<\/svg>\n\t\t<\/button><figcaption class=\"wp-element-caption\">Foto: www.bdmundo.com \/ Wikimedia Commons, CC BY-SA 2.0<\/figcaption><\/figure>\n\n\n\n<h3 class=\"wp-block-heading\"><span class=\"ez-toc-section\" id=\"14_Plaza_Albena_w_Bulgarii\"><\/span>14. Pla\u017ca Albena w Bu\u0142garii<span class=\"ez-toc-section-end\"><\/span><\/h3>\n\n\n\n<p class=\"wp-block-paragraph\">Albena to na rodzinne wakacje z ma\u0142ymi dzie\u0107mi chyba najstaranniej zaprojektowany kurort na ca\u0142ym wybrze\u017cu, a liczby dotycz\u0105ce g\u0142\u0119boko\u015bci wody to potwierdzaj\u0105. Albena to zamkni\u0119ty kompleks na p\u00f3\u0142noc od Warny, kt\u00f3ry szczyci si\u0119 <strong>sze\u015bciokilometrow\u0105 i niewiarygodnie, bo a\u017c 150 metr\u00f3w szerok\u0105<\/strong> piaszczyst\u0105 pla\u017c\u0105. W sezonie ca\u0142y teren jest do tego zamkni\u0119ty dla zwyk\u0142ego ruchu samochodowego.<\/p>\n\n\n\n<p class=\"wp-block-paragraph\">Pla\u017ca jest wzorowo zorganizowana i oczywi\u015bcie ma B\u0142\u0119kitn\u0105 Flag\u0119. Znajdziesz tu nawet pierwsz\u0105 pla\u017cow\u0105 bibliotek\u0119 w Europie, kt\u00f3ra za darmo oferuje ponad 6000 tytu\u0142\u00f3w w pi\u0119tnastu j\u0119zykach, a tak\u017ce bezpieczne mini-sejfy wbudowane bezpo\u015brednio przy parasolach. Za wynajem jednego le\u017caka zap\u0142acisz <strong>bardzo sympatyczne 3,58 \u20ac<\/strong> (ok. 16 z\u0142), co jak na kurort premium jest \u015bwietn\u0105 cen\u0105.<\/p>\n\n\n\n<p class=\"wp-block-paragraph\">To, co najwa\u017cniejsze, kryje si\u0119 jednak pod powierzchni\u0105. Albena ma <strong>naj\u0142agodniejsze wej\u015bcie do morza na ca\u0142ym wybrze\u017cu<\/strong> (wi\u0119cej szczeg\u00f3\u0142\u00f3w znajdziesz w sekcji dla rodzin). Woda jest tu przepi\u0119knie czysta, a dzi\u0119ki drobnemu piaskowi bez jakichkolwiek kamieni nie potrzebujesz but\u00f3w do wody.<\/p>\n\n\n\n<figure data-wp-context=\"{&quot;imageId&quot;:&quot;6a9c8220912f5&quot;}\" data-wp-interactive=\"core\/image\" data-wp-key=\"6a9c8220912f5\" class=\"wp-block-image size-full wp-lightbox-container\"><img decoding=\"async\" width=\"1800\" height=\"1350\" data-wp-class--hide=\"state.isContentHidden\" data-wp-class--show=\"state.isContentVisible\" data-wp-init=\"callbacks.setButtonStyles\" data-wp-on--click=\"actions.showLightbox\" data-wp-on--load=\"callbacks.setButtonStyles\" data-wp-on--pointerdown=\"actions.preloadImage\" data-wp-on--pointerenter=\"actions.preloadImageWithDelay\" data-wp-on--pointerleave=\"actions.cancelPreload\" data-wp-on-window--resize=\"callbacks.setButtonStyles\" src=\"https:\/\/loudavymkrokem.cz\/wp-content\/uploads\/2026\/08\/bulharsko-research-plaze-bulharsko-21.jpg\" alt=\"Pla\u017ca w Kranevie mi\u0119dzy Alben\u0105 a Z\u0142otymi Piaskami\" class=\"wp-image-404237\" title=\"\" srcset=\"https:\/\/loudavymkrokem.cz\/wp-content\/uploads\/2026\/08\/bulharsko-research-plaze-bulharsko-21.jpg 1800w, https:\/\/loudavymkrokem.cz\/wp-content\/uploads\/2026\/08\/bulharsko-research-plaze-bulharsko-21-300x225.jpg 300w, https:\/\/loudavymkrokem.cz\/wp-content\/uploads\/2026\/08\/bulharsko-research-plaze-bulharsko-21-700x525.jpg 700w, https:\/\/loudavymkrokem.cz\/wp-content\/uploads\/2026\/08\/bulharsko-research-plaze-bulharsko-21-768x576.jpg 768w, https:\/\/loudavymkrokem.cz\/wp-content\/uploads\/2026\/08\/bulharsko-research-plaze-bulharsko-21-1536x1152.jpg 1536w, https:\/\/loudavymkrokem.cz\/wp-content\/uploads\/2026\/08\/bulharsko-research-plaze-bulharsko-21-80x60.jpg 80w, https:\/\/loudavymkrokem.cz\/wp-content\/uploads\/2026\/08\/bulharsko-research-plaze-bulharsko-21-160x120.jpg 160w, https:\/\/loudavymkrokem.cz\/wp-content\/uploads\/2026\/08\/bulharsko-research-plaze-bulharsko-21-696x522.jpg 696w, https:\/\/loudavymkrokem.cz\/wp-content\/uploads\/2026\/08\/bulharsko-research-plaze-bulharsko-21-1392x1044.jpg 1392w\" sizes=\"(max-width: 1800px) 100vw, 1800px\" \/><button\n\t\t\tclass=\"lightbox-trigger\"\n\t\t\ttype=\"button\"\n\t\t\taria-haspopup=\"dialog\"\n\t\t\tdata-wp-bind--aria-label=\"state.thisImage.triggerButtonAriaLabel\"\n\t\t\tdata-wp-init=\"callbacks.initTriggerButton\"\n\t\t\tdata-wp-on--click=\"actions.showLightbox\"\n\t\t\tdata-wp-style--right=\"state.thisImage.buttonRight\"\n\t\t\tdata-wp-style--top=\"state.thisImage.buttonTop\"\n\t\t>\n\t\t\t<svg xmlns=\"http:\/\/www.w3.org\/2000\/svg\" width=\"12\" height=\"12\" fill=\"none\" viewBox=\"0 0 12 12\">\n\t\t\t\t<path fill=\"#fff\" d=\"M2 0a2 2 0 0 0-2 2v2h1.5V2a.5.5 0 0 1 .5-.5h2V0H2Zm2 10.5H2a.5.5 0 0 1-.5-.5V8H0v2a2 2 0 0 0 2 2h2v-1.5ZM8 12v-1.5h2a.5.5 0 0 0 .5-.5V8H12v2a2 2 0 0 1-2 2H8Zm2-12a2 2 0 0 1 2 2v2h-1.5V2a.5.5 0 0 0-.5-.5H8V0h2Z\" \/>\n\t\t\t<\/svg>\n\t\t<\/button><figcaption class=\"wp-element-caption\">Foto: Dziadzik me!!! \/ Wikimedia Commons (CC BY-SA 3.0)<\/figcaption><\/figure>\n\n\n\n<p class=\"wp-block-paragraph\">\ud83d\udc49 <a href=\"https:\/\/www.stay22.com\/allez\/roam?aid=lukaskonecny&#038;campaign=loudavymkrokemcz&#038;campaign=plaze-bulharsko&#038;address=Albena%2C%20Bulharsko\" target=\"_blank\" rel=\"nofollow noopener\"><strong>Sprawd\u017a ceny nocleg\u00f3w w okolicy tej pla\u017cy<\/strong><\/a><\/p>\n\n\n\n<h3 class=\"wp-block-heading\"><span class=\"ez-toc-section\" id=\"15_Kranevo\"><\/span>15. Kranevo<span class=\"ez-toc-section-end\"><\/span><\/h3>\n\n\n\n<p class=\"wp-block-paragraph\">Tu\u017c w s\u0105siedztwie bardziej luksusowej Albeny le\u017cy mniejszy kurort Kranevo. Dzieli z ni\u0105 praktycznie ten sam pas piasku, ale panuje tu <strong>znacznie lu\u017aniejsza, a przede wszystkim ta\u0144sza atmosfera<\/strong>. Pla\u017ca utrzymuje tu najwy\u017csz\u0105 jako\u015b\u0107, o czym \u015bwiadczy r\u00f3wnie\u017c fakt, \u017ce cz\u0119\u015b\u0107 p\u00f3\u0142nocna i centralna zdoby\u0142y na 2026 rok B\u0142\u0119kitn\u0105 Flag\u0119.<\/p>\n\n\n\n<p class=\"wp-block-paragraph\">Podr\u00f3\u017cni chwal\u0105 Kranevo jako idealny kompromis. Piasek jest tu l\u015bni\u0105co czysty, dno nie zawiera \u017cadnych nieprzyjemnych kamieni ani glon\u00f3w, a nachylenie do wody jest bardzo \u0142agodne. W przeciwie\u0144stwie do s\u0105siednich du\u017cych kurort\u00f3w w miejscowych restauracjach <strong>zap\u0142acisz za obiad znacznie mniej<\/strong>, a jako\u015b\u0107 us\u0142ug pozostaje wysoka.<\/p>\n\n\n\n<p class=\"wp-block-paragraph\">Ciekawostk\u0105 jest to, \u017ce Kranevo nale\u017cy do tych rzadkich lokalizacji na p\u00f3\u0142nocnym wybrze\u017cu, dok\u0105d czasem zagl\u0105daj\u0105 te\u017c <strong>mi\u0142o\u015bnicy kitesurfingu<\/strong>. Wed\u0142ug statystyk u\u017cywalny wiatr wieje tu jednak tylko przez oko\u0142o 11% dni w roku, i to g\u0142\u00f3wnie wiosn\u0105 i jesieni\u0105, wi\u0119c <strong>letniej k\u0105pieli<\/strong> fale zdecydowanie w \u017caden spos\u00f3b nie zak\u0142\u00f3caj\u0105.<\/p>\n\n\n\n<figure data-wp-context=\"{&quot;imageId&quot;:&quot;6a9c822091a56&quot;}\" data-wp-interactive=\"core\/image\" data-wp-key=\"6a9c822091a56\" class=\"wp-block-image size-full wp-lightbox-container\"><img decoding=\"async\" width=\"1800\" height=\"1012\" data-wp-class--hide=\"state.isContentHidden\" data-wp-class--show=\"state.isContentVisible\" data-wp-init=\"callbacks.setButtonStyles\" data-wp-on--click=\"actions.showLightbox\" data-wp-on--load=\"callbacks.setButtonStyles\" data-wp-on--pointerdown=\"actions.preloadImage\" data-wp-on--pointerenter=\"actions.preloadImageWithDelay\" data-wp-on--pointerleave=\"actions.cancelPreload\" data-wp-on-window--resize=\"callbacks.setButtonStyles\" src=\"https:\/\/loudavymkrokem.cz\/wp-content\/uploads\/2026\/08\/bulharsko-research-plaze-bulharsko-22.jpg\" alt=\"Pla\u017ca Z\u0142ote Piaski na p\u00f3\u0142noc od Warny\" class=\"wp-image-404241\" title=\"\" srcset=\"https:\/\/loudavymkrokem.cz\/wp-content\/uploads\/2026\/08\/bulharsko-research-plaze-bulharsko-22.jpg 1800w, https:\/\/loudavymkrokem.cz\/wp-content\/uploads\/2026\/08\/bulharsko-research-plaze-bulharsko-22-300x169.jpg 300w, https:\/\/loudavymkrokem.cz\/wp-content\/uploads\/2026\/08\/bulharsko-research-plaze-bulharsko-22-700x394.jpg 700w, https:\/\/loudavymkrokem.cz\/wp-content\/uploads\/2026\/08\/bulharsko-research-plaze-bulharsko-22-768x432.jpg 768w, https:\/\/loudavymkrokem.cz\/wp-content\/uploads\/2026\/08\/bulharsko-research-plaze-bulharsko-22-1536x864.jpg 1536w, https:\/\/loudavymkrokem.cz\/wp-content\/uploads\/2026\/08\/bulharsko-research-plaze-bulharsko-22-696x391.jpg 696w, https:\/\/loudavymkrokem.cz\/wp-content\/uploads\/2026\/08\/bulharsko-research-plaze-bulharsko-22-1392x783.jpg 1392w\" sizes=\"(max-width: 1800px) 100vw, 1800px\" \/><button\n\t\t\tclass=\"lightbox-trigger\"\n\t\t\ttype=\"button\"\n\t\t\taria-haspopup=\"dialog\"\n\t\t\tdata-wp-bind--aria-label=\"state.thisImage.triggerButtonAriaLabel\"\n\t\t\tdata-wp-init=\"callbacks.initTriggerButton\"\n\t\t\tdata-wp-on--click=\"actions.showLightbox\"\n\t\t\tdata-wp-style--right=\"state.thisImage.buttonRight\"\n\t\t\tdata-wp-style--top=\"state.thisImage.buttonTop\"\n\t\t>\n\t\t\t<svg xmlns=\"http:\/\/www.w3.org\/2000\/svg\" width=\"12\" height=\"12\" fill=\"none\" viewBox=\"0 0 12 12\">\n\t\t\t\t<path fill=\"#fff\" d=\"M2 0a2 2 0 0 0-2 2v2h1.5V2a.5.5 0 0 1 .5-.5h2V0H2Zm2 10.5H2a.5.5 0 0 1-.5-.5V8H0v2a2 2 0 0 0 2 2h2v-1.5ZM8 12v-1.5h2a.5.5 0 0 0 .5-.5V8H12v2a2 2 0 0 1-2 2H8Zm2-12a2 2 0 0 1 2 2v2h-1.5V2a.5.5 0 0 0-.5-.5H8V0h2Z\" \/>\n\t\t\t<\/svg>\n\t\t<\/button><figcaption class=\"wp-element-caption\">Foto: karel291 \/ Wikimedia Commons, CC BY 3.0<\/figcaption><\/figure>\n\n\n\n<p class=\"wp-block-paragraph\">\ud83d\udc49 <a href=\"https:\/\/www.stay22.com\/allez\/roam?aid=lukaskonecny&#038;campaign=loudavymkrokemcz&#038;campaign=plaze-bulharsko&#038;address=Kranevo%2C%20Bulharsko\" target=\"_blank\" rel=\"nofollow noopener\"><strong>Sprawd\u017a ceny nocleg\u00f3w w okolicy tej pla\u017cy<\/strong><\/a><\/p>\n\n\n\n<h3 class=\"wp-block-heading\"><span class=\"ez-toc-section\" id=\"16_Plaze_Zlote_Piaski_w_Bulgarii\"><\/span>16. Pla\u017ce Z\u0142ote Piaski w Bu\u0142garii<span class=\"ez-toc-section-end\"><\/span><\/h3>\n\n\n\n<p class=\"wp-block-paragraph\">Z\u0142ote Piaski to, po S\u0142onecznym Brzegu, drugi najbardziej znany kurort w kraju. Pla\u017ca ma oko\u0142o trzech i p\u00f3\u0142 kilometra d\u0142ugo\u015bci, jakie\u015b 100 metr\u00f3w szeroko\u015bci, a ca\u0142y rejon korzysta z fantastycznego po\u0142o\u017cenia. Hotele s\u0105 bowiem <strong>zbudowane bezpo\u015brednio w g\u0119stym lesie parku przyrody<\/strong>, co tworzy pi\u0119kny kontrast z \u017c\u00f3\u0142tym piaskiem i b\u0142\u0119kitnym morzem.<\/p>\n\n\n\n<p class=\"wp-block-paragraph\">Rejon le\u017cy zaledwie 20 minut jazdy od Warny i nastawiony jest przede wszystkim na aktywne wakacje. Znajdziesz tu <strong>dziesi\u0105tki bar\u00f3w pla\u017cowych, klub\u00f3w i atrakcji wodnych<\/strong>. Licz si\u0119 jednak z tym, \u017ce za ten komfort dop\u0142acisz. Ceny le\u017cak\u00f3w si\u0119gn\u0119\u0142y tu w 2026 roku 5\u20136 \u20ac za sztuk\u0119, co czyni je jednym z najdro\u017cszych miejsc w Bu\u0142garii.<\/p>\n\n\n\n<p class=\"wp-block-paragraph\">Na samym p\u00f3\u0142nocnym kra\u0144cu Z\u0142otych Piask\u00f3w znajdziesz r\u00f3wnie\u017c jedn\u0105 du\u017c\u0105 ciekawostk\u0119. Znajduje si\u0119 tu <strong>pla\u017ca Nirvana, czyli jedyna oficjalna pla\u017ca nudystyczna<\/strong> w kraju z kompletnym serwisem. Koncesjonariusz prowadzi j\u0105 ju\u017c 18 lat, dzia\u0142aj\u0105 tu ratownicy, kontrola wst\u0119pu i bar, a le\u017caki nie kosztuj\u0105 wi\u0119cej ni\u017c w s\u0105siedniej strefie \u201etekstylnej&#8221;.<\/p>\n\n\n\n<figure data-wp-context=\"{&quot;imageId&quot;:&quot;6a9c82209201c&quot;}\" data-wp-interactive=\"core\/image\" data-wp-key=\"6a9c82209201c\" class=\"wp-block-image size-full wp-lightbox-container\"><img decoding=\"async\" width=\"1800\" height=\"1207\" data-wp-class--hide=\"state.isContentHidden\" data-wp-class--show=\"state.isContentVisible\" data-wp-init=\"callbacks.setButtonStyles\" data-wp-on--click=\"actions.showLightbox\" data-wp-on--load=\"callbacks.setButtonStyles\" data-wp-on--pointerdown=\"actions.preloadImage\" data-wp-on--pointerenter=\"actions.preloadImageWithDelay\" data-wp-on--pointerleave=\"actions.cancelPreload\" data-wp-on-window--resize=\"callbacks.setButtonStyles\" src=\"https:\/\/loudavymkrokem.cz\/wp-content\/uploads\/2026\/08\/bulharsko-research-plaze-bulharsko-23.jpg\" alt=\"S\u0142oneczny Brzeg, najwi\u0119kszy bu\u0142garski kurort\" class=\"wp-image-404245\" title=\"\" srcset=\"https:\/\/loudavymkrokem.cz\/wp-content\/uploads\/2026\/08\/bulharsko-research-plaze-bulharsko-23.jpg 1800w, https:\/\/loudavymkrokem.cz\/wp-content\/uploads\/2026\/08\/bulharsko-research-plaze-bulharsko-23-300x201.jpg 300w, https:\/\/loudavymkrokem.cz\/wp-content\/uploads\/2026\/08\/bulharsko-research-plaze-bulharsko-23-700x469.jpg 700w, https:\/\/loudavymkrokem.cz\/wp-content\/uploads\/2026\/08\/bulharsko-research-plaze-bulharsko-23-768x515.jpg 768w, https:\/\/loudavymkrokem.cz\/wp-content\/uploads\/2026\/08\/bulharsko-research-plaze-bulharsko-23-1536x1030.jpg 1536w, https:\/\/loudavymkrokem.cz\/wp-content\/uploads\/2026\/08\/bulharsko-research-plaze-bulharsko-23-696x467.jpg 696w, https:\/\/loudavymkrokem.cz\/wp-content\/uploads\/2026\/08\/bulharsko-research-plaze-bulharsko-23-1392x933.jpg 1392w\" sizes=\"(max-width: 1800px) 100vw, 1800px\" \/><button\n\t\t\tclass=\"lightbox-trigger\"\n\t\t\ttype=\"button\"\n\t\t\taria-haspopup=\"dialog\"\n\t\t\tdata-wp-bind--aria-label=\"state.thisImage.triggerButtonAriaLabel\"\n\t\t\tdata-wp-init=\"callbacks.initTriggerButton\"\n\t\t\tdata-wp-on--click=\"actions.showLightbox\"\n\t\t\tdata-wp-style--right=\"state.thisImage.buttonRight\"\n\t\t\tdata-wp-style--top=\"state.thisImage.buttonTop\"\n\t\t>\n\t\t\t<svg xmlns=\"http:\/\/www.w3.org\/2000\/svg\" width=\"12\" height=\"12\" fill=\"none\" viewBox=\"0 0 12 12\">\n\t\t\t\t<path fill=\"#fff\" d=\"M2 0a2 2 0 0 0-2 2v2h1.5V2a.5.5 0 0 1 .5-.5h2V0H2Zm2 10.5H2a.5.5 0 0 1-.5-.5V8H0v2a2 2 0 0 0 2 2h2v-1.5ZM8 12v-1.5h2a.5.5 0 0 0 .5-.5V8H12v2a2 2 0 0 1-2 2H8Zm2-12a2 2 0 0 1 2 2v2h-1.5V2a.5.5 0 0 0-.5-.5H8V0h2Z\" \/>\n\t\t\t<\/svg>\n\t\t<\/button><figcaption class=\"wp-element-caption\">Foto (upraven\u00e9): Wizzard \/ Wikimedia Commons (Public domain)<\/figcaption><\/figure>\n\n\n\n<p class=\"wp-block-paragraph\">\ud83d\udc49 <a href=\"https:\/\/www.stay22.com\/allez\/roam?aid=lukaskonecny&#038;campaign=loudavymkrokemcz&#038;campaign=plaze-bulharsko&#038;address=Zlat%C3%A9%20p%C3%ADsky%2C%20Bulharsko\" target=\"_blank\" rel=\"nofollow noopener\"><strong>Sprawd\u017a ceny nocleg\u00f3w w okolicy tej pla\u017cy<\/strong><\/a><\/p>\n\n\n\n<h3 class=\"wp-block-heading\"><span class=\"ez-toc-section\" id=\"17_Sloneczny_Brzeg\"><\/span>17. S\u0142oneczny Brzeg<span class=\"ez-toc-section-end\"><\/span><\/h3>\n\n\n\n<p class=\"wp-block-paragraph\">To absolutne centrum bu\u0142garskiej turystyki. S\u0142oneczny Brzeg tworzy zatoka z pla\u017c\u0105, kt\u00f3ra mierzy dok\u0142adnie 6,1 kilometra i \u015brednio ma oko\u0142o 60 metr\u00f3w szeroko\u015bci. Wszystkie trzy jej g\u0142\u00f3wne odcinki (p\u00f3\u0142noc, centrum i po\u0142udnie) <strong>szczyc\u0105 si\u0119 B\u0142\u0119kitn\u0105 Flag\u0105<\/strong>. To w\u0142a\u015bnie tutaj powiewa\u0142a do tego 4 lipca 1995 roku pierwsza bu\u0142garska b\u0142\u0119kitna flaga, dwa lata po tym, jak kraj jako pierwsze pa\u0144stwo spoza \u00f3wczesnej zachodniej Europy do\u0142\u0105czy\u0142 do programu.<\/p>\n\n\n\n<p class=\"wp-block-paragraph\">O\u015brodek s\u0142ynie ze swojego t\u0119tni\u0105cego \u017cycia nocnego i ogromnej liczby atrakcji. Znajdziesz tu wszystko, od parasailingu przez wielkie aquaparki po setki restauracji. Ceny pla\u017cowego serwisu s\u0105 tu do\u015b\u0107 wysokie, w cz\u0119\u015bci po\u0142udniowej <strong>umownie ustalona cena to 5,11 \u20ac<\/strong> (ok. 23 z\u0142) za jeden le\u017cak.<\/p>\n\n\n\n<p class=\"wp-block-paragraph\">\ud83d\udca1 <strong>Wskaz\u00f3wka:<\/strong> Je\u015bli chcesz unikn\u0105\u0107 najwi\u0119kszego ha\u0142asu, zatrzymaj si\u0119 na samych obrze\u017cach kurortu. O ile centrum dzia\u0142a non stop, to obrze\u017ca w kierunku Sveti Vlas albo przeciwnie, ku Nesebyrowi, oferuj\u0105 znacznie spokojniejsz\u0105, rodzinn\u0105 atmosfer\u0119. Nawiasem m\u00f3wi\u0105c, informacja o tym, \u017ce cz\u0119\u015b\u0107 po\u0142udniowa jest nudystyczna, to tylko popularny mit. To w pe\u0142ni komercyjny, zorganizowany odcinek.<\/p>\n\n\n\n<figure data-wp-context=\"{&quot;imageId&quot;:&quot;6a9c822092616&quot;}\" data-wp-interactive=\"core\/image\" data-wp-key=\"6a9c822092616\" class=\"wp-block-image size-full wp-lightbox-container\"><img decoding=\"async\" width=\"1800\" height=\"1205\" data-wp-class--hide=\"state.isContentHidden\" data-wp-class--show=\"state.isContentVisible\" data-wp-init=\"callbacks.setButtonStyles\" data-wp-on--click=\"actions.showLightbox\" data-wp-on--load=\"callbacks.setButtonStyles\" data-wp-on--pointerdown=\"actions.preloadImage\" data-wp-on--pointerenter=\"actions.preloadImageWithDelay\" data-wp-on--pointerleave=\"actions.cancelPreload\" data-wp-on-window--resize=\"callbacks.setButtonStyles\" src=\"https:\/\/loudavymkrokem.cz\/wp-content\/uploads\/2026\/08\/bulharsko-research-plaze-bulharsko-24.jpg\" alt=\"Pla\u017ca po\u0142udniowa pod starym Nesebyrem\" class=\"wp-image-404248\" title=\"\" srcset=\"https:\/\/loudavymkrokem.cz\/wp-content\/uploads\/2026\/08\/bulharsko-research-plaze-bulharsko-24.jpg 1800w, https:\/\/loudavymkrokem.cz\/wp-content\/uploads\/2026\/08\/bulharsko-research-plaze-bulharsko-24-300x201.jpg 300w, https:\/\/loudavymkrokem.cz\/wp-content\/uploads\/2026\/08\/bulharsko-research-plaze-bulharsko-24-700x469.jpg 700w, https:\/\/loudavymkrokem.cz\/wp-content\/uploads\/2026\/08\/bulharsko-research-plaze-bulharsko-24-768x514.jpg 768w, https:\/\/loudavymkrokem.cz\/wp-content\/uploads\/2026\/08\/bulharsko-research-plaze-bulharsko-24-1536x1028.jpg 1536w, https:\/\/loudavymkrokem.cz\/wp-content\/uploads\/2026\/08\/bulharsko-research-plaze-bulharsko-24-696x466.jpg 696w, https:\/\/loudavymkrokem.cz\/wp-content\/uploads\/2026\/08\/bulharsko-research-plaze-bulharsko-24-1392x932.jpg 1392w\" sizes=\"(max-width: 1800px) 100vw, 1800px\" \/><button\n\t\t\tclass=\"lightbox-trigger\"\n\t\t\ttype=\"button\"\n\t\t\taria-haspopup=\"dialog\"\n\t\t\tdata-wp-bind--aria-label=\"state.thisImage.triggerButtonAriaLabel\"\n\t\t\tdata-wp-init=\"callbacks.initTriggerButton\"\n\t\t\tdata-wp-on--click=\"actions.showLightbox\"\n\t\t\tdata-wp-style--right=\"state.thisImage.buttonRight\"\n\t\t\tdata-wp-style--top=\"state.thisImage.buttonTop\"\n\t\t>\n\t\t\t<svg xmlns=\"http:\/\/www.w3.org\/2000\/svg\" width=\"12\" height=\"12\" fill=\"none\" viewBox=\"0 0 12 12\">\n\t\t\t\t<path fill=\"#fff\" d=\"M2 0a2 2 0 0 0-2 2v2h1.5V2a.5.5 0 0 1 .5-.5h2V0H2Zm2 10.5H2a.5.5 0 0 1-.5-.5V8H0v2a2 2 0 0 0 2 2h2v-1.5ZM8 12v-1.5h2a.5.5 0 0 0 .5-.5V8H12v2a2 2 0 0 1-2 2H8Zm2-12a2 2 0 0 1 2 2v2h-1.5V2a.5.5 0 0 0-.5-.5H8V0h2Z\" \/>\n\t\t\t<\/svg>\n\t\t<\/button><figcaption class=\"wp-element-caption\">Foto: Valeria Drozdova \/ Pexels<\/figcaption><\/figure>\n\n\n\n<p class=\"wp-block-paragraph\">\ud83d\udc49 <a href=\"https:\/\/www.stay22.com\/allez\/roam?aid=lukaskonecny&#038;campaign=loudavymkrokemcz&#038;campaign=plaze-bulharsko&#038;address=Slune%C4%8Dn%C3%A9%20pob%C5%99e%C5%BE%C3%AD%2C%20Bulharsko\" target=\"_blank\" rel=\"nofollow noopener\"><strong>Sprawd\u017a ceny nocleg\u00f3w w okolicy tej pla\u017cy<\/strong><\/a><\/p>\n\n\n\n<h3 class=\"wp-block-heading\"><span class=\"ez-toc-section\" id=\"18_Nesebyr-poludnie\"><\/span>18. Nesebyr-po\u0142udnie<span class=\"ez-toc-section-end\"><\/span><\/h3>\n\n\n\n<p class=\"wp-block-paragraph\">Zabytkowe miasto Nesebyr figuruje na <a href=\"https:\/\/whc.unesco.org\/\" rel=\"nofollow noopener\" target=\"_blank\">li\u015bcie UNESCO<\/a>, a jego po\u0142udniowa pla\u017ca oferuje <strong>\u015bwietne po\u0142\u0105czenie k\u0105pieli i zwiedzania zabytk\u00f3w<\/strong>. Piaszczysty pas ci\u0105gnie si\u0119 od starego miasta w kierunku po\u0142udniowym i oferuje doskonale zorganizowane zaplecze z B\u0142\u0119kitn\u0105 Flag\u0105 na 2026 rok.<\/p>\n\n\n\n<p class=\"wp-block-paragraph\">W przeciwie\u0144stwie do s\u0105siedniego S\u0142onecznego Brzegu atmosfera jest tu wyra\u017anie bardziej kulturalna. Za le\u017cak zap\u0142acisz tu <strong>oficjaln\u0105 cen\u0119 4,09 \u20ac<\/strong> (nieca\u0142e 18 z\u0142). Wej\u015bcie do morza jest wygodne, a woda bywa, dzi\u0119ki orientacji zatoki, do\u015b\u0107 spokojna i czysta.<\/p>\n\n\n\n<p class=\"wp-block-paragraph\">Je\u015bli znudzi ci\u0119 opalanie, wystarczy podnie\u015b\u0107 si\u0119 z r\u0119cznika i po kilku minutach pieszo znajdziesz si\u0119 <strong>w kr\u0119tych uliczkach starego miasta<\/strong> pe\u0142nych drewnianych dom\u00f3w i pozosta\u0142o\u015bci bizantyjskich ko\u015bcio\u0142\u00f3w. W miejscowych tawernach z widokiem na morze ch\u0119tnie przygotuj\u0105 ci wyborny sma\u017cony ser kaszkawa\u0142 albo zapiekane papryki nadziewane serem ba\u0142ka\u0144skim.<\/p>\n\n\n\n<figure data-wp-context=\"{&quot;imageId&quot;:&quot;6a9c822092b24&quot;}\" data-wp-interactive=\"core\/image\" data-wp-key=\"6a9c822092b24\" class=\"wp-block-image size-full wp-lightbox-container\"><img decoding=\"async\" width=\"1800\" height=\"1350\" data-wp-class--hide=\"state.isContentHidden\" data-wp-class--show=\"state.isContentVisible\" data-wp-init=\"callbacks.setButtonStyles\" data-wp-on--click=\"actions.showLightbox\" data-wp-on--load=\"callbacks.setButtonStyles\" data-wp-on--pointerdown=\"actions.preloadImage\" data-wp-on--pointerenter=\"actions.preloadImageWithDelay\" data-wp-on--pointerleave=\"actions.cancelPreload\" data-wp-on-window--resize=\"callbacks.setButtonStyles\" src=\"https:\/\/loudavymkrokem.cz\/wp-content\/uploads\/2026\/08\/bulharsko-research-plaze-bulharsko-25.jpg\" alt=\"Pla\u017ca w starodawnym Sozopolu\" class=\"wp-image-404251\" title=\"\" srcset=\"https:\/\/loudavymkrokem.cz\/wp-content\/uploads\/2026\/08\/bulharsko-research-plaze-bulharsko-25.jpg 1800w, https:\/\/loudavymkrokem.cz\/wp-content\/uploads\/2026\/08\/bulharsko-research-plaze-bulharsko-25-300x225.jpg 300w, https:\/\/loudavymkrokem.cz\/wp-content\/uploads\/2026\/08\/bulharsko-research-plaze-bulharsko-25-700x525.jpg 700w, https:\/\/loudavymkrokem.cz\/wp-content\/uploads\/2026\/08\/bulharsko-research-plaze-bulharsko-25-768x576.jpg 768w, https:\/\/loudavymkrokem.cz\/wp-content\/uploads\/2026\/08\/bulharsko-research-plaze-bulharsko-25-1536x1152.jpg 1536w, https:\/\/loudavymkrokem.cz\/wp-content\/uploads\/2026\/08\/bulharsko-research-plaze-bulharsko-25-80x60.jpg 80w, https:\/\/loudavymkrokem.cz\/wp-content\/uploads\/2026\/08\/bulharsko-research-plaze-bulharsko-25-160x120.jpg 160w, https:\/\/loudavymkrokem.cz\/wp-content\/uploads\/2026\/08\/bulharsko-research-plaze-bulharsko-25-696x522.jpg 696w, https:\/\/loudavymkrokem.cz\/wp-content\/uploads\/2026\/08\/bulharsko-research-plaze-bulharsko-25-1392x1044.jpg 1392w\" sizes=\"(max-width: 1800px) 100vw, 1800px\" \/><button\n\t\t\tclass=\"lightbox-trigger\"\n\t\t\ttype=\"button\"\n\t\t\taria-haspopup=\"dialog\"\n\t\t\tdata-wp-bind--aria-label=\"state.thisImage.triggerButtonAriaLabel\"\n\t\t\tdata-wp-init=\"callbacks.initTriggerButton\"\n\t\t\tdata-wp-on--click=\"actions.showLightbox\"\n\t\t\tdata-wp-style--right=\"state.thisImage.buttonRight\"\n\t\t\tdata-wp-style--top=\"state.thisImage.buttonTop\"\n\t\t>\n\t\t\t<svg xmlns=\"http:\/\/www.w3.org\/2000\/svg\" width=\"12\" height=\"12\" fill=\"none\" viewBox=\"0 0 12 12\">\n\t\t\t\t<path fill=\"#fff\" d=\"M2 0a2 2 0 0 0-2 2v2h1.5V2a.5.5 0 0 1 .5-.5h2V0H2Zm2 10.5H2a.5.5 0 0 1-.5-.5V8H0v2a2 2 0 0 0 2 2h2v-1.5ZM8 12v-1.5h2a.5.5 0 0 0 .5-.5V8H12v2a2 2 0 0 1-2 2H8Zm2-12a2 2 0 0 1 2 2v2h-1.5V2a.5.5 0 0 0-.5-.5H8V0h2Z\" \/>\n\t\t\t<\/svg>\n\t\t<\/button><figcaption class=\"wp-element-caption\">Foto: vitsoft \/ Wikimedia Commons, CC BY 3.0<\/figcaption><\/figure>\n\n\n\n<p class=\"wp-block-paragraph\">\ud83d\udc49 <a href=\"https:\/\/www.stay22.com\/allez\/roam?aid=lukaskonecny&#038;campaign=loudavymkrokemcz&#038;campaign=plaze-bulharsko&#038;address=Nesebar%2C%20Bulharsko\" target=\"_blank\" rel=\"nofollow noopener\"><strong>Sprawd\u017a ceny nocleg\u00f3w w okolicy tej pla\u017cy<\/strong><\/a><\/p>\n\n\n\n<h3 class=\"wp-block-heading\"><span class=\"ez-toc-section\" id=\"19_Sozopol\"><\/span>19. Sozopol<span class=\"ez-toc-section-end\"><\/span><\/h3>\n\n\n\n<p class=\"wp-block-paragraph\">Starodawny Sozopol to ogromny hit ostatnich lat i wielu podr\u00f3\u017cnych uwa\u017ca go za najbardziej stylowy kurort na po\u0142udniu. Miasto oferuje dwie g\u0142\u00f3wne pla\u017ce. Centralna le\u017cy bezpo\u015brednio pod historycznym centrum i jest do\u015b\u0107 ma\u0142a, natomiast <strong>przestronniejsza pla\u017ca Harmani ci\u0105gnie si\u0119 w kierunku po\u0142udniowym<\/strong> wzd\u0142u\u017c nowszej zabudowy.<\/p>\n\n\n\n<p class=\"wp-block-paragraph\">Obie g\u0142\u00f3wne pla\u017ce maj\u0105 B\u0142\u0119kitn\u0105 Flag\u0119 i oferuj\u0105 \u015bwietny serwis. Na Harmani za le\u017cak zap\u0142acisz 4,09 \u20ac, natomiast na mniejszej pla\u017cy centralnej jest to 3,58 \u20ac. Kawa\u0142ek na po\u0142udnie od miasta le\u017c\u0105 z kolei popularne pla\u017ce <strong>Smokinya i Gradina, kt\u00f3re odwiedza g\u0142\u00f3wnie m\u0142odsze pokolenie<\/strong>. Panuje tam lu\u017aniejsza, kempingowa atmosfera i dzia\u0142aj\u0105 stylowe beach bary.<\/p>\n\n\n\n<p class=\"wp-block-paragraph\"><strong>Restauracje w Sozopolu<\/strong> nale\u017c\u0105 do najlepszych, ale te\u017c najdro\u017cszych na wybrze\u017cu. Wed\u0142ug miejscowych ceny \u015bwie\u017cych grillowanych ryb i owoc\u00f3w morza dor\u00f3wnuj\u0105 ju\u017c w tych rejonach greckim tawernom. Si\u0119gnij raczej po <strong>tradycyjne bu\u0142garskie warzywne przystawki<\/strong> (na przyk\u0142ad kjopoolu z czosnkiem) i domowe placki.<\/p>\n\n\n\n<figure data-wp-context=\"{&quot;imageId&quot;:&quot;6a9c82209322a&quot;}\" data-wp-interactive=\"core\/image\" data-wp-key=\"6a9c82209322a\" class=\"wp-block-image size-full wp-lightbox-container\"><img decoding=\"async\" width=\"1800\" height=\"1192\" data-wp-class--hide=\"state.isContentHidden\" data-wp-class--show=\"state.isContentVisible\" data-wp-init=\"callbacks.setButtonStyles\" data-wp-on--click=\"actions.showLightbox\" data-wp-on--load=\"callbacks.setButtonStyles\" data-wp-on--pointerdown=\"actions.preloadImage\" data-wp-on--pointerenter=\"actions.preloadImageWithDelay\" data-wp-on--pointerleave=\"actions.cancelPreload\" data-wp-on-window--resize=\"callbacks.setButtonStyles\" src=\"https:\/\/loudavymkrokem.cz\/wp-content\/uploads\/2026\/08\/bulharsko-research-plaze-bulharsko-26.jpg\" alt=\"P\u0142ytkie pla\u017ce ko\u0142o Primorska i Kitenu\" class=\"wp-image-404255\" title=\"\" srcset=\"https:\/\/loudavymkrokem.cz\/wp-content\/uploads\/2026\/08\/bulharsko-research-plaze-bulharsko-26.jpg 1800w, https:\/\/loudavymkrokem.cz\/wp-content\/uploads\/2026\/08\/bulharsko-research-plaze-bulharsko-26-300x199.jpg 300w, https:\/\/loudavymkrokem.cz\/wp-content\/uploads\/2026\/08\/bulharsko-research-plaze-bulharsko-26-700x464.jpg 700w, https:\/\/loudavymkrokem.cz\/wp-content\/uploads\/2026\/08\/bulharsko-research-plaze-bulharsko-26-768x509.jpg 768w, https:\/\/loudavymkrokem.cz\/wp-content\/uploads\/2026\/08\/bulharsko-research-plaze-bulharsko-26-1536x1017.jpg 1536w, https:\/\/loudavymkrokem.cz\/wp-content\/uploads\/2026\/08\/bulharsko-research-plaze-bulharsko-26-696x461.jpg 696w, https:\/\/loudavymkrokem.cz\/wp-content\/uploads\/2026\/08\/bulharsko-research-plaze-bulharsko-26-1392x922.jpg 1392w\" sizes=\"(max-width: 1800px) 100vw, 1800px\" \/><button\n\t\t\tclass=\"lightbox-trigger\"\n\t\t\ttype=\"button\"\n\t\t\taria-haspopup=\"dialog\"\n\t\t\tdata-wp-bind--aria-label=\"state.thisImage.triggerButtonAriaLabel\"\n\t\t\tdata-wp-init=\"callbacks.initTriggerButton\"\n\t\t\tdata-wp-on--click=\"actions.showLightbox\"\n\t\t\tdata-wp-style--right=\"state.thisImage.buttonRight\"\n\t\t\tdata-wp-style--top=\"state.thisImage.buttonTop\"\n\t\t>\n\t\t\t<svg xmlns=\"http:\/\/www.w3.org\/2000\/svg\" width=\"12\" height=\"12\" fill=\"none\" viewBox=\"0 0 12 12\">\n\t\t\t\t<path fill=\"#fff\" d=\"M2 0a2 2 0 0 0-2 2v2h1.5V2a.5.5 0 0 1 .5-.5h2V0H2Zm2 10.5H2a.5.5 0 0 1-.5-.5V8H0v2a2 2 0 0 0 2 2h2v-1.5ZM8 12v-1.5h2a.5.5 0 0 0 .5-.5V8H12v2a2 2 0 0 1-2 2H8Zm2-12a2 2 0 0 1 2 2v2h-1.5V2a.5.5 0 0 0-.5-.5H8V0h2Z\" \/>\n\t\t\t<\/svg>\n\t\t<\/button><figcaption class=\"wp-element-caption\">Foto: Katya from Moscow, Russia \/ Wikimedia Commons, CC BY-SA 2.0<\/figcaption><\/figure>\n\n\n\n<p class=\"wp-block-paragraph\">\ud83d\udc49 <a href=\"https:\/\/www.stay22.com\/allez\/roam?aid=lukaskonecny&#038;campaign=loudavymkrokemcz&#038;campaign=plaze-bulharsko&#038;address=Sozopol%2C%20Bulharsko\" target=\"_blank\" rel=\"nofollow noopener\"><strong>Sprawd\u017a ceny nocleg\u00f3w w okolicy tej pla\u017cy<\/strong><\/a><\/p>\n\n\n\n<h3 class=\"wp-block-heading\"><span class=\"ez-toc-section\" id=\"20_Primorsko_i_Kiten\"><\/span>20. Primorsko i Kiten<span class=\"ez-toc-section-end\"><\/span><\/h3>\n\n\n\n<p class=\"wp-block-paragraph\">Te dwa s\u0105siednie kurorty to dla polskich turyst\u00f3w absolutna klasyka. I maj\u0105 ku temu dobry pow\u00f3d. Tutejsze pla\u017ce (zw\u0142aszcza pla\u017ca Perla i Pla\u017ca Po\u0142udniowa w Primorsku) otaczaj\u0105 pi\u0119kne sosnowe gaje i oferuj\u0105 <strong>jeden z najlepszych stosunk\u00f3w ceny do jako\u015bci<\/strong> na ca\u0142ym po\u0142udniowym wybrze\u017cu.<\/p>\n\n\n\n<p class=\"wp-block-paragraph\">Woda jest tu krystalicznie czysta, a pla\u017ce s\u0142yn\u0105 ze swojego drobnego piasku. Wynajem le\u017cak\u00f3w jest tu bardzo przyjazny, za jedn\u0105 sztuk\u0119 i parasol zap\u0142acisz zgodnie <strong>tylko 3,60 \u20ac<\/strong> (ok. 16 z\u0142). W okolicy nadal natkniesz si\u0119 do tego na mn\u00f3stwo szyld\u00f3w i menu w j\u0119zykach turyst\u00f3w z Europy \u015arodkowej.<\/p>\n\n\n\n<p class=\"wp-block-paragraph\">Primorsko to \u015bwietna baza wypadowa na wycieczki po okolicy. Je\u015bli si\u0119 tu wybierzesz, koniecznie znajd\u017a czas r\u00f3wnie\u017c na <strong>obserwacj\u0119 dzikich delfin\u00f3w<\/strong>, kt\u00f3re przy pobliskim skalistym przyl\u0105dku Maslen pokazuj\u0105 si\u0119 z du\u017c\u0105 regularno\u015bci\u0105. W ca\u0142ym Morzu Czarnym \u017cyje oko\u0142o 73 000 tych niesamowitych ssak\u00f3w i na po\u0142udniu Bu\u0142garii masz spore szanse je zobaczy\u0107.<\/p>\n\n\n\n<figure data-wp-context=\"{&quot;imageId&quot;:&quot;6a9c822093857&quot;}\" data-wp-interactive=\"core\/image\" data-wp-key=\"6a9c822093857\" class=\"wp-block-image size-full wp-lightbox-container\"><img decoding=\"async\" width=\"1800\" height=\"1207\" data-wp-class--hide=\"state.isContentHidden\" data-wp-class--show=\"state.isContentVisible\" data-wp-init=\"callbacks.setButtonStyles\" data-wp-on--click=\"actions.showLightbox\" data-wp-on--load=\"callbacks.setButtonStyles\" data-wp-on--pointerdown=\"actions.preloadImage\" data-wp-on--pointerenter=\"actions.preloadImageWithDelay\" data-wp-on--pointerleave=\"actions.cancelPreload\" data-wp-on-window--resize=\"callbacks.setButtonStyles\" src=\"https:\/\/loudavymkrokem.cz\/wp-content\/uploads\/2026\/08\/bulharsko-research-plaze-bulharsko-27.jpg\" alt=\"P\u0142ytka woda w Albenie odpowiednia dla rodzin z dzie\u0107mi\" class=\"wp-image-404258\" title=\"\" srcset=\"https:\/\/loudavymkrokem.cz\/wp-content\/uploads\/2026\/08\/bulharsko-research-plaze-bulharsko-27.jpg 1800w, https:\/\/loudavymkrokem.cz\/wp-content\/uploads\/2026\/08\/bulharsko-research-plaze-bulharsko-27-300x201.jpg 300w, https:\/\/loudavymkrokem.cz\/wp-content\/uploads\/2026\/08\/bulharsko-research-plaze-bulharsko-27-700x469.jpg 700w, https:\/\/loudavymkrokem.cz\/wp-content\/uploads\/2026\/08\/bulharsko-research-plaze-bulharsko-27-768x515.jpg 768w, https:\/\/loudavymkrokem.cz\/wp-content\/uploads\/2026\/08\/bulharsko-research-plaze-bulharsko-27-1536x1030.jpg 1536w, https:\/\/loudavymkrokem.cz\/wp-content\/uploads\/2026\/08\/bulharsko-research-plaze-bulharsko-27-696x467.jpg 696w, https:\/\/loudavymkrokem.cz\/wp-content\/uploads\/2026\/08\/bulharsko-research-plaze-bulharsko-27-1392x933.jpg 1392w\" sizes=\"(max-width: 1800px) 100vw, 1800px\" \/><button\n\t\t\tclass=\"lightbox-trigger\"\n\t\t\ttype=\"button\"\n\t\t\taria-haspopup=\"dialog\"\n\t\t\tdata-wp-bind--aria-label=\"state.thisImage.triggerButtonAriaLabel\"\n\t\t\tdata-wp-init=\"callbacks.initTriggerButton\"\n\t\t\tdata-wp-on--click=\"actions.showLightbox\"\n\t\t\tdata-wp-style--right=\"state.thisImage.buttonRight\"\n\t\t\tdata-wp-style--top=\"state.thisImage.buttonTop\"\n\t\t>\n\t\t\t<svg xmlns=\"http:\/\/www.w3.org\/2000\/svg\" width=\"12\" height=\"12\" fill=\"none\" viewBox=\"0 0 12 12\">\n\t\t\t\t<path fill=\"#fff\" d=\"M2 0a2 2 0 0 0-2 2v2h1.5V2a.5.5 0 0 1 .5-.5h2V0H2Zm2 10.5H2a.5.5 0 0 1-.5-.5V8H0v2a2 2 0 0 0 2 2h2v-1.5ZM8 12v-1.5h2a.5.5 0 0 0 .5-.5V8H12v2a2 2 0 0 1-2 2H8Zm2-12a2 2 0 0 1 2 2v2h-1.5V2a.5.5 0 0 0-.5-.5H8V0h2Z\" \/>\n\t\t\t<\/svg>\n\t\t<\/button><figcaption class=\"wp-element-caption\">Foto (upraven\u00e9): karel291 \/ Wikimedia Commons (CC BY 3.0)<\/figcaption><\/figure>\n\n\n\n<h2 class=\"wp-block-heading\"><span class=\"ez-toc-section\" id=\"Najlepsze_plaze_dla_rodzin_z_malymi_dziecmi\"><\/span>Najlepsze pla\u017ce dla rodzin z ma\u0142ymi dzie\u0107mi<span class=\"ez-toc-section-end\"><\/span><\/h2>\n\n\n\n<p class=\"wp-block-paragraph\">Je\u015bli podr\u00f3\u017cujesz z maluchami albo mniejszymi dzie\u0107mi, p\u00f3\u0142nocne wybrze\u017ce ma jednoznacznego zwyci\u0119zc\u0119. <strong>Albena ma po swojej stronie konkretne liczby, a te m\u00f3wi\u0105 jasno:<\/strong> g\u0142\u0119boko\u015b\u0107 wody nie przekracza tu 1,6 metra nawet w niewiarygodnej odleg\u0142o\u015bci 150 metr\u00f3w od brzegu. Dzieci mog\u0105 tu wi\u0119c bezpiecznie budowa\u0107 zamki z piasku i pluska\u0107 si\u0119 w ogromnych p\u0142yciznach bez obaw o nag\u0142e uskoki dna.<\/p>\n\n\n\n<p class=\"wp-block-paragraph\">Na p\u00f3\u0142nocy obowi\u0105zuje og\u00f3lna zasada, \u017ce <strong>obrze\u017cne cz\u0119\u015bci pla\u017c maj\u0105 bardzo \u0142agodne wej\u015bcie<\/strong>, podczas gdy na po\u0142udniu jest dok\u0142adnie odwrotnie (p\u0142ycizny znajdziesz tu\u017c przy brzegu, ale dno opada szybciej). Typowym przyk\u0142adem, przed kt\u00f3rym trzeba rodziny stanowczo ostrzec, jest przepi\u0119kna Veleka w Sinemorcu. Zatoka jest tam ekstremalnie g\u0142\u0119boka tu\u017c od pierwszego kroku do wody.<\/p>\n\n\n\n<p class=\"wp-block-paragraph\">\u015awietnym wyborem dla rodzin s\u0105 kurorty Kranevo, Primorsko i Kiten. Bu\u0142garscy rodzice chwal\u0105 tutejsze pla\u017ce za krystaliczn\u0105 wod\u0119 i dno bez kamieni. Je\u015bli szukasz miejsca, gdzie morze przypomina spokojny staw, <strong>wybierz si\u0119 na pla\u017ce Sarafowo-po\u0142udnie albo Pomorie-po\u0142udnie<\/strong>. Te zatoki le\u017c\u0105 w doskona\u0142ym zaciszu, wi\u0119c czerwona flaga zakazuj\u0105ca k\u0105pieli wywieszana jest tu tylko bardzo wyj\u0105tkowo.<\/p>\n\n\n\n<figure data-wp-context=\"{&quot;imageId&quot;:&quot;6a9c822093d90&quot;}\" data-wp-interactive=\"core\/image\" data-wp-key=\"6a9c822093d90\" class=\"wp-block-image size-full wp-lightbox-container\"><img decoding=\"async\" width=\"1707\" height=\"2560\" data-wp-class--hide=\"state.isContentHidden\" data-wp-class--show=\"state.isContentVisible\" data-wp-init=\"callbacks.setButtonStyles\" data-wp-on--click=\"actions.showLightbox\" data-wp-on--load=\"callbacks.setButtonStyles\" data-wp-on--pointerdown=\"actions.preloadImage\" data-wp-on--pointerenter=\"actions.preloadImageWithDelay\" data-wp-on--pointerleave=\"actions.cancelPreload\" data-wp-on-window--resize=\"callbacks.setButtonStyles\" src=\"https:\/\/loudavymkrokem.cz\/wp-content\/uploads\/2026\/08\/bulharsko-research-plaze-bulharsko-28-scaled.jpg\" alt=\"Sygnalizacja flagowa i strze\u017cona strefa na bu\u0142garskiej pla\u017cy\" class=\"wp-image-404261\" title=\"\" srcset=\"https:\/\/loudavymkrokem.cz\/wp-content\/uploads\/2026\/08\/bulharsko-research-plaze-bulharsko-28-scaled.jpg 1707w, https:\/\/loudavymkrokem.cz\/wp-content\/uploads\/2026\/08\/bulharsko-research-plaze-bulharsko-28-200x300.jpg 200w, https:\/\/loudavymkrokem.cz\/wp-content\/uploads\/2026\/08\/bulharsko-research-plaze-bulharsko-28-700x1050.jpg 700w, https:\/\/loudavymkrokem.cz\/wp-content\/uploads\/2026\/08\/bulharsko-research-plaze-bulharsko-28-768x1152.jpg 768w, https:\/\/loudavymkrokem.cz\/wp-content\/uploads\/2026\/08\/bulharsko-research-plaze-bulharsko-28-1024x1536.jpg 1024w, https:\/\/loudavymkrokem.cz\/wp-content\/uploads\/2026\/08\/bulharsko-research-plaze-bulharsko-28-1365x2048.jpg 1365w, https:\/\/loudavymkrokem.cz\/wp-content\/uploads\/2026\/08\/bulharsko-research-plaze-bulharsko-28-696x1044.jpg 696w, https:\/\/loudavymkrokem.cz\/wp-content\/uploads\/2026\/08\/bulharsko-research-plaze-bulharsko-28-1392x2088.jpg 1392w\" sizes=\"(max-width: 1707px) 100vw, 1707px\" \/><button\n\t\t\tclass=\"lightbox-trigger\"\n\t\t\ttype=\"button\"\n\t\t\taria-haspopup=\"dialog\"\n\t\t\tdata-wp-bind--aria-label=\"state.thisImage.triggerButtonAriaLabel\"\n\t\t\tdata-wp-init=\"callbacks.initTriggerButton\"\n\t\t\tdata-wp-on--click=\"actions.showLightbox\"\n\t\t\tdata-wp-style--right=\"state.thisImage.buttonRight\"\n\t\t\tdata-wp-style--top=\"state.thisImage.buttonTop\"\n\t\t>\n\t\t\t<svg xmlns=\"http:\/\/www.w3.org\/2000\/svg\" width=\"12\" height=\"12\" fill=\"none\" viewBox=\"0 0 12 12\">\n\t\t\t\t<path fill=\"#fff\" d=\"M2 0a2 2 0 0 0-2 2v2h1.5V2a.5.5 0 0 1 .5-.5h2V0H2Zm2 10.5H2a.5.5 0 0 1-.5-.5V8H0v2a2 2 0 0 0 2 2h2v-1.5ZM8 12v-1.5h2a.5.5 0 0 0 .5-.5V8H12v2a2 2 0 0 1-2 2H8Zm2-12a2 2 0 0 1 2 2v2h-1.5V2a.5.5 0 0 0-.5-.5H8V0h2Z\" \/>\n\t\t\t<\/svg>\n\t\t<\/button><figcaption class=\"wp-element-caption\">Foto: Kritzolina \/ Wikimedia Commons (CC BY-SA 4.0)<\/figcaption><\/figure>\n\n\n\n<h2 class=\"wp-block-heading\"><span class=\"ez-toc-section\" id=\"Bezpieczenstwo_prady_fale_i_ratownicy\"><\/span>Bezpiecze\u0144stwo: pr\u0105dy, fale i ratownicy<span class=\"ez-toc-section-end\"><\/span><\/h2>\n\n\n\n<p class=\"wp-block-paragraph\">Morze Czarne potrafi by\u0107 zdradliwe i bezpiecze\u0144stwa nie powiniene\u015b lekcewa\u017cy\u0107. Bu\u0142garska wodna s\u0142u\u017cba ratownicza interweniowa\u0142a w 2025 roku w ponad 2400 przypadkach. Chocia\u017c w ubieg\u0142ym roku uton\u0119\u0142o 89 os\u00f3b, <strong>dzieci by\u0142o z tego tylko troje<\/strong>, co jest najni\u017cszym wynikiem w historii. Najbardziej ryzykown\u0105 grup\u0105 s\u0105, co zaskakuj\u0105ce, m\u0119\u017cczy\u017ani mi\u0119dzy 25 a 45 rokiem \u017cycia, cz\u0119sto pod wp\u0142ywem alkoholu.<\/p>\n\n\n\n<p class=\"wp-block-paragraph\">G\u0142\u00f3wnym niebezpiecze\u0144stwem po\u0142udniowego wybrze\u017ca s\u0105 tak zwane <strong>pr\u0105dy wsteczne, kt\u00f3re miejscowi nazywaj\u0105 martwym falowaniem (meltem)<\/strong>. Powstaj\u0105 najcz\u0119\u015bciej przy p\u00f3\u0142nocnym wietrze i potrafi\u0105 wci\u0105gn\u0105\u0107 cz\u0142owieka do morza ju\u017c w chwili, gdy stoi po kolana w wodzie. Do\u015bwiadczony ratownik Petar Rusew wskaza\u0142 dla publicznego radia jako najbardziej niebezpieczne pla\u017ce w sierpniu te lokalizacje: Silistar, Butamjata, Primorsko-p\u00f3\u0142noc, Sozopol-Harmani, Obzor i Burgas-p\u00f3\u0142noc.<\/p>\n\n\n\n<p class=\"wp-block-paragraph\">\ud83d\udca1 <strong>Jak wydosta\u0107 si\u0119 z pr\u0105du wstecznego:<\/strong> Je\u015bli pr\u0105d zacznie ci\u0119 ci\u0105gn\u0105\u0107 na otwarte morze, nie panikuj. <strong>Zasadniczym b\u0142\u0119dem jest p\u0142yni\u0119cie pod pr\u0105d w stron\u0119 brzegu<\/strong>, tylko si\u0119 wyczerpiesz. Musisz <strong>p\u0142yn\u0105\u0107 r\u00f3wnolegle do brzegu<\/strong>, dop\u00f3ki nie wyp\u0142yniesz z pr\u0105du na spokojniejsz\u0105 wod\u0119, i dopiero potem skierowa\u0107 si\u0119 na l\u0105d.<\/p>\n\n\n\n<p class=\"wp-block-paragraph\">Miej te\u017c na uwadze, \u017ce oficjalny sezon, kiedy dzia\u0142aj\u0105 dy\u017cury, trwa <strong>tylko od 1 czerwca do 30 wrze\u015bnia<\/strong>. Ratownicy s\u0105 na stanowiskach zwykle jedynie do 18:00. Je\u015bli chodzi o meduzy, nie musisz si\u0119 ba\u0107. W po\u0142owie lata pojawiaj\u0105 si\u0119 tu wprawdzie dwa gatunki, ale s\u0105 praktycznie nieszkodliwe i parz\u0105 najwy\u017cej jak s\u0142aba pokrzywa. Przed wyjazdem na po\u0142udnie sprawd\u017a tylko aktualne doniesienia, w czerwcu 2026 ko\u0142o Sinemorca i Warwary pojawi\u0142y si\u0119 niespodziewane plamy mazutu, ale sytuacja cz\u0119sto si\u0119 zmienia.<\/p>\n\n\n\n<figure data-wp-context=\"{&quot;imageId&quot;:&quot;6a9c822094491&quot;}\" data-wp-interactive=\"core\/image\" data-wp-key=\"6a9c822094491\" class=\"wp-block-image size-full wp-lightbox-container\"><img decoding=\"async\" width=\"1800\" height=\"1350\" data-wp-class--hide=\"state.isContentHidden\" data-wp-class--show=\"state.isContentVisible\" data-wp-init=\"callbacks.setButtonStyles\" data-wp-on--click=\"actions.showLightbox\" data-wp-on--load=\"callbacks.setButtonStyles\" data-wp-on--pointerdown=\"actions.preloadImage\" data-wp-on--pointerenter=\"actions.preloadImageWithDelay\" data-wp-on--pointerleave=\"actions.cancelPreload\" data-wp-on-window--resize=\"callbacks.setButtonStyles\" src=\"https:\/\/loudavymkrokem.cz\/wp-content\/uploads\/2026\/08\/bulharsko-research-plaze-bulharsko-29.jpg\" alt=\"Dzika pla\u017ca Irakli, gdzie obowi\u0105zuj\u0105 nowe zasady kempingowania\" class=\"wp-image-404264\" title=\"\" srcset=\"https:\/\/loudavymkrokem.cz\/wp-content\/uploads\/2026\/08\/bulharsko-research-plaze-bulharsko-29.jpg 1800w, https:\/\/loudavymkrokem.cz\/wp-content\/uploads\/2026\/08\/bulharsko-research-plaze-bulharsko-29-300x225.jpg 300w, https:\/\/loudavymkrokem.cz\/wp-content\/uploads\/2026\/08\/bulharsko-research-plaze-bulharsko-29-700x525.jpg 700w, https:\/\/loudavymkrokem.cz\/wp-content\/uploads\/2026\/08\/bulharsko-research-plaze-bulharsko-29-768x576.jpg 768w, https:\/\/loudavymkrokem.cz\/wp-content\/uploads\/2026\/08\/bulharsko-research-plaze-bulharsko-29-1536x1152.jpg 1536w, https:\/\/loudavymkrokem.cz\/wp-content\/uploads\/2026\/08\/bulharsko-research-plaze-bulharsko-29-80x60.jpg 80w, https:\/\/loudavymkrokem.cz\/wp-content\/uploads\/2026\/08\/bulharsko-research-plaze-bulharsko-29-160x120.jpg 160w, https:\/\/loudavymkrokem.cz\/wp-content\/uploads\/2026\/08\/bulharsko-research-plaze-bulharsko-29-696x522.jpg 696w, https:\/\/loudavymkrokem.cz\/wp-content\/uploads\/2026\/08\/bulharsko-research-plaze-bulharsko-29-1392x1044.jpg 1392w\" sizes=\"(max-width: 1800px) 100vw, 1800px\" \/><button\n\t\t\tclass=\"lightbox-trigger\"\n\t\t\ttype=\"button\"\n\t\t\taria-haspopup=\"dialog\"\n\t\t\tdata-wp-bind--aria-label=\"state.thisImage.triggerButtonAriaLabel\"\n\t\t\tdata-wp-init=\"callbacks.initTriggerButton\"\n\t\t\tdata-wp-on--click=\"actions.showLightbox\"\n\t\t\tdata-wp-style--right=\"state.thisImage.buttonRight\"\n\t\t\tdata-wp-style--top=\"state.thisImage.buttonTop\"\n\t\t>\n\t\t\t<svg xmlns=\"http:\/\/www.w3.org\/2000\/svg\" width=\"12\" height=\"12\" fill=\"none\" viewBox=\"0 0 12 12\">\n\t\t\t\t<path fill=\"#fff\" d=\"M2 0a2 2 0 0 0-2 2v2h1.5V2a.5.5 0 0 1 .5-.5h2V0H2Zm2 10.5H2a.5.5 0 0 1-.5-.5V8H0v2a2 2 0 0 0 2 2h2v-1.5ZM8 12v-1.5h2a.5.5 0 0 0 .5-.5V8H12v2a2 2 0 0 1-2 2H8Zm2-12a2 2 0 0 1 2 2v2h-1.5V2a.5.5 0 0 0-.5-.5H8V0h2Z\" \/>\n\t\t\t<\/svg>\n\t\t<\/button><figcaption class=\"wp-element-caption\">Foto: Wikimedia Commons (CC BY-SA 3.0)<\/figcaption><\/figure>\n\n\n\n<h2 class=\"wp-block-heading\"><span class=\"ez-toc-section\" id=\"Kempingowanie_i_kampery_co_sie_zmienilo_w_2026_roku\"><\/span>Kempingowanie i kampery: co si\u0119 zmieni\u0142o w 2026 roku<span class=\"ez-toc-section-end\"><\/span><\/h2>\n\n\n\n<p class=\"wp-block-paragraph\">Czasy, kiedy z kamperem albo namiotem mog\u0142e\u015b zatrzyma\u0107 si\u0119 gdziekolwiek na klifie, w Bu\u0142garii ostatecznie min\u0119\u0142y. Od 2026 roku obowi\u0105zuj\u0105 surowe zasady: <strong>kempingowa\u0107 wolno tylko na terenach, kt\u00f3re gminy wyra\u017anie do tego wyznaczy\u0142y<\/strong> i kt\u00f3re nie zahaczaj\u0105 o obszary chronione. Mapa tych legalnych stref jest dost\u0119pna na <a href=\"https:\/\/bulgariatravel.org\/\" rel=\"nofollow noopener\" target=\"_blank\">cyfrowym portalu ministerstwa turystyki<\/a>.<\/p>\n\n\n\n<p class=\"wp-block-paragraph\">Najwi\u0119ksza zmiana dotyczy strefy ochronnej. O ile zwykle nie wolno kempingowa\u0107 bli\u017cej ni\u017c 100 metr\u00f3w od morza, to przy dzikich pla\u017cach Irakli, Karadere i Koral ta <strong>strefa zakazu rozszerzy\u0142a si\u0119 a\u017c do 500 metr\u00f3w<\/strong>. Powodem jest ochrona cennych piaszczystych wydm, kt\u00f3re s\u0105 teraz chronione bezpo\u015brednio ustaw\u0105 i nie wolno na nich nawet budowa\u0107.<\/p>\n\n\n\n<p class=\"wp-block-paragraph\">O tym, \u017ce urz\u0119dy traktuj\u0105 to powa\u017cnie, \u015bwiadczy nalot z ko\u0144ca lipca 2026 roku w\u0142a\u015bnie na pla\u017cy Karadere. Urz\u0119dnicy naliczyli tam oko\u0142o <strong>1000 nielegalnie stoj\u0105cych kamper\u00f3w, przyczep i namiot\u00f3w<\/strong>, kt\u00f3re zajmowa\u0142y po\u0142ow\u0119 pla\u017cy wraz z wydmami. Wszyscy dostali ostrze\u017cenie, a przy kolejnych kontrolach pojazdy bez tablic zaczn\u0105 by\u0107 odholowywane. <strong>Z kamperem dlatego zdecydowanie nie jed\u017a w tym roku na Karadere.<\/strong><\/p>\n\n\n\n<p class=\"wp-block-paragraph\">Je\u015bli chcesz kempingowa\u0107 legalnie, na po\u0142udniowym wybrze\u017cu dzia\u0142a szereg \u015bwietnych kemping\u00f3w (np. Gradina, Kavaci, Smokinja czy Nestinarka). Ceny w 2026 roku s\u0105 do\u015b\u0107 przyjazne: <strong>za namiot zap\u0142acisz 8\u201315 \u20ac za noc<\/strong> (plus 3\u20137 \u20ac za osob\u0119), natomiast stanowisko dla kampera z pod\u0142\u0105czeniem do pr\u0105du kosztuje 15\u201330 \u20ac (65\u2013135 z\u0142). Sankcje za dziki post\u00f3j urz\u0119dy zaczn\u0105 w pe\u0142ni egzekwowa\u0107 od 1 pa\u017adziernika 2026 roku, a mandaty b\u0119d\u0105 zaczyna\u0107 si\u0119 od 250 euro.<\/p>\n\n\n\n<figure data-wp-context=\"{&quot;imageId&quot;:&quot;6a9c822094a16&quot;}\" data-wp-interactive=\"core\/image\" data-wp-key=\"6a9c822094a16\" class=\"wp-block-image size-full wp-lightbox-container\"><img decoding=\"async\" width=\"1800\" height=\"1013\" data-wp-class--hide=\"state.isContentHidden\" data-wp-class--show=\"state.isContentVisible\" data-wp-init=\"callbacks.setButtonStyles\" data-wp-on--click=\"actions.showLightbox\" data-wp-on--load=\"callbacks.setButtonStyles\" data-wp-on--pointerdown=\"actions.preloadImage\" data-wp-on--pointerenter=\"actions.preloadImageWithDelay\" data-wp-on--pointerleave=\"actions.cancelPreload\" data-wp-on-window--resize=\"callbacks.setButtonStyles\" src=\"https:\/\/loudavymkrokem.cz\/wp-content\/uploads\/2026\/08\/bulharsko-research-plaze-bulharsko-30.jpg\" alt=\"Wiecz\u00f3r na bu\u0142garskim wybrze\u017cu\" class=\"wp-image-404267\" title=\"\" srcset=\"https:\/\/loudavymkrokem.cz\/wp-content\/uploads\/2026\/08\/bulharsko-research-plaze-bulharsko-30.jpg 1800w, https:\/\/loudavymkrokem.cz\/wp-content\/uploads\/2026\/08\/bulharsko-research-plaze-bulharsko-30-300x169.jpg 300w, https:\/\/loudavymkrokem.cz\/wp-content\/uploads\/2026\/08\/bulharsko-research-plaze-bulharsko-30-700x394.jpg 700w, https:\/\/loudavymkrokem.cz\/wp-content\/uploads\/2026\/08\/bulharsko-research-plaze-bulharsko-30-768x432.jpg 768w, https:\/\/loudavymkrokem.cz\/wp-content\/uploads\/2026\/08\/bulharsko-research-plaze-bulharsko-30-1536x864.jpg 1536w, https:\/\/loudavymkrokem.cz\/wp-content\/uploads\/2026\/08\/bulharsko-research-plaze-bulharsko-30-696x392.jpg 696w, https:\/\/loudavymkrokem.cz\/wp-content\/uploads\/2026\/08\/bulharsko-research-plaze-bulharsko-30-1392x783.jpg 1392w\" sizes=\"(max-width: 1800px) 100vw, 1800px\" \/><button\n\t\t\tclass=\"lightbox-trigger\"\n\t\t\ttype=\"button\"\n\t\t\taria-haspopup=\"dialog\"\n\t\t\tdata-wp-bind--aria-label=\"state.thisImage.triggerButtonAriaLabel\"\n\t\t\tdata-wp-init=\"callbacks.initTriggerButton\"\n\t\t\tdata-wp-on--click=\"actions.showLightbox\"\n\t\t\tdata-wp-style--right=\"state.thisImage.buttonRight\"\n\t\t\tdata-wp-style--top=\"state.thisImage.buttonTop\"\n\t\t>\n\t\t\t<svg xmlns=\"http:\/\/www.w3.org\/2000\/svg\" width=\"12\" height=\"12\" fill=\"none\" viewBox=\"0 0 12 12\">\n\t\t\t\t<path fill=\"#fff\" d=\"M2 0a2 2 0 0 0-2 2v2h1.5V2a.5.5 0 0 1 .5-.5h2V0H2Zm2 10.5H2a.5.5 0 0 1-.5-.5V8H0v2a2 2 0 0 0 2 2h2v-1.5ZM8 12v-1.5h2a.5.5 0 0 0 .5-.5V8H12v2a2 2 0 0 1-2 2H8Zm2-12a2 2 0 0 1 2 2v2h-1.5V2a.5.5 0 0 0-.5-.5H8V0h2Z\" \/>\n\t\t\t<\/svg>\n\t\t<\/button><figcaption class=\"wp-element-caption\">Foto: Milo\u0161 La\u0161\u00e1k \/ Pexels<\/figcaption><\/figure>\n\n\n\n<h2 class=\"wp-block-heading\"><span class=\"ez-toc-section\" id=\"Kiedy_jechac_na_bulgarskie_plaze\"><\/span>Kiedy jecha\u0107 na bu\u0142garskie pla\u017ce<span class=\"ez-toc-section-end\"><\/span><\/h2>\n\n\n\n<p class=\"wp-block-paragraph\">Bu\u0142garskie lato jest do\u015b\u0107 kr\u00f3tkie, ale tym bardziej intensywne. Temperatura morza w czerwcu waha si\u0119 wok\u00f3\u0142 orze\u017awiaj\u0105cych 20,5\u201321 \u00b0C. <strong>Najcieplejszym, a zarazem najsuchszym miesi\u0105cem jest zdecydowanie sierpie\u0144<\/strong>, kiedy woda ma pi\u0119kne 25\u201326 \u00b0C, a na wybrze\u017cu spada \u015brednio zaledwie 24\u201330 mm opad\u00f3w w ci\u0105gu jedynie trzech deszczowych dni.<\/p>\n\n\n\n<p class=\"wp-block-paragraph\">Ciekaw\u0105 wskaz\u00f3wk\u0105 od miejscowych jest zaplanowanie podr\u00f3\u017cy dopiero na koniec lata. <strong>We wrze\u015bniu morze jest bowiem paradoksalnie cieplejsze ni\u017c w czerwcu<\/strong> (utrzymuje 22\u201323 \u00b0C), powietrze nie jest ju\u017c tak spiekaj\u0105ce, a g\u0142\u00f3wne t\u0142umy turyst\u00f3w dawno si\u0119 rozjecha\u0142y. Sprawd\u017a tylko godziny otwarcia bar\u00f3w pla\u017cowych, wiele z nich zamyka si\u0119 ju\u017c w po\u0142owie wrze\u015bnia.<\/p>\n\n\n\n<h2 class=\"wp-block-heading\"><span class=\"ez-toc-section\" id=\"Co_dalej\"><\/span>Co dalej<span class=\"ez-toc-section-end\"><\/span><\/h2>\n\n\n\n<ul class=\"wp-block-list\">\n\n<li>  Ciekawi ci\u0119, jaka jest tam pla\u017ca? Zajrzyj do artyku\u0142u <strong><a href=\"https:\/\/loudavymkrokem.cz\/zlate-pisky\/\">Z\u0142ote Piaski: co zobaczy\u0107, pla\u017ce i ile to kosztuje<\/a><\/strong>.<\/li>\n\n\n\n<li>  Chcesz pla\u017ce i histori\u0119 naraz? Zerknij na <strong><a href=\"https:\/\/loudavymkrokem.cz\/pl\/?p=406041\">Sozopol: co zobaczy\u0107 w najstarszym mie\u015bcie nad morzem<\/a><\/strong>.<\/li>\n\n\n\n<li>  Chcesz przy pla\u017cy r\u00f3wnie\u017c historii? Zajrzyj do <strong><a href=\"https:\/\/loudavymkrokem.cz\/nesebar\/\">Nesebyr: co zobaczy\u0107 w mie\u015bcie UNESCO<\/a><\/strong>.<\/li>\n\n\n\n<li><a href=\"https:\/\/loudavymkrokem.cz\/pl\/wakacje-bulgaria-najpiekniejsze-miejsca\/\">Wakacje w Bu\u0142garii: 30 najpi\u0119kniejszych miejsc<\/a><\/li>\n\n\n\n<li><a href=\"https:\/\/loudavymkrokem.cz\/pl\/bulgaria-sloneczny-brzeg\/\">S\u0142oneczny Brzeg: 15 wskaz\u00f3wek i na co uwa\u017ca\u0107<\/a><\/li>\n\n\n\n<li><a href=\"https:\/\/loudavymkrokem.cz\/pl\/ceny-w-bulgarii-euro\/\">Ceny w Bu\u0142garii po przej\u015bciu na euro<\/a><\/li>\n\n\n\n<li><a href=\"https:\/\/loudavymkrokem.cz\/pl\/bulgaria-pogoda-morze\/\">Pogoda w Bu\u0142garii: temperatury morza wed\u0142ug miesi\u0119cy<\/a><\/li>\n\n\n\n<li><a href=\"https:\/\/loudavymkrokem.cz\/pl\/bulgaria-all-inclusive-resorty\/\">Bu\u0142garia all inclusive: 22 najlepsze kurorty<\/a><\/li>\n\n\n<\/ul>\n\n\n\n<h2 class=\"wp-block-heading\"><span class=\"ez-toc-section\" id=\"Najczesciej_zadawane_pytania\"><\/span>Najcz\u0119\u015bciej zadawane pytania<span class=\"ez-toc-section-end\"><\/span><\/h2>\n\n\n<div id=\"rank-math-faq\" class=\"rank-math-block\">\n<div class=\"rank-math-list \">\n<div id=\"faq-question-1787919927000\" class=\"rank-math-list-item\">\n<h3 class=\"rank-math-question \"><span class=\"ez-toc-section\" id=\"Ktore_plaze_sa_najpiekniejsze\"><\/span>Kt\u00f3re pla\u017ce s\u0105 najpi\u0119kniejsze?<span class=\"ez-toc-section-end\"><\/span><\/h3>\n<div class=\"rank-math-answer \">\n\n<p>Zale\u017cy od tego, czego szukasz. Dla mi\u0142o\u015bnik\u00f3w dzikiej przyrody i dramatycznych klif\u00f3w absolutnym szczytem jest zatoka Silistar na po\u0142udniu lub rejon Bolata na p\u00f3\u0142nocy. Je\u015bli szukasz nieko\u0144cz\u0105cych si\u0119 piaszczystych wydm, wybierz si\u0119 do Arkutino.<\/p>\n\n<\/div>\n<\/div>\n<div id=\"faq-question-1787919927001\" class=\"rank-math-list-item\">\n<h3 class=\"rank-math-question \"><span class=\"ez-toc-section\" id=\"Ile_kosztuje_lezak\"><\/span>Ile kosztuje le\u017cak?<span class=\"ez-toc-section-end\"><\/span><\/h3>\n<div class=\"rank-math-answer \">\n\n<p>Ceny w 2026 roku r\u00f3\u017cni\u0105 si\u0119 dwudziestokrotnie. Najta\u0144sze le\u017caki znajdziesz w Burgas (od 0,60 \u20ac za sztuk\u0119), podczas gdy na Z\u0142otych Piaskach zap\u0142acisz 5 do 6 \u20ac. \u015arednia cena za zestaw (dwa le\u017caki i parasol) na wybrze\u017cu wynosi oko\u0142o 10 do 15 \u20ac.<\/p>\n\n<\/div>\n<\/div>\n<div id=\"faq-question-1787919927002\" class=\"rank-math-list-item\">\n<h3 class=\"rank-math-question \"><span class=\"ez-toc-section\" id=\"Czy_musze_placic_za_plaze\"><\/span>Czy musz\u0119 p\u0142aci\u0107 za pla\u017c\u0119?<span class=\"ez-toc-section-end\"><\/span><\/h3>\n<div class=\"rank-math-answer \">\n\n<p>Nie, wst\u0119p na wszystkie bu\u0142garskie pla\u017ce jest bezp\u0142atny. Co wi\u0119cej, prawo nakazuje, aby przynajmniej 50% powierzchni stanowi\u0142a tak zwana strefa wolna. Tam mo\u017cesz zawsze bezp\u0142atnie roz\u0142o\u017cy\u0107 w\u0142asny koc i parasol, nawet przed luksusowymi hotelami.<\/p>\n\n<\/div>\n<\/div>\n<div id=\"faq-question-1787919927003\" class=\"rank-math-list-item\">\n<h3 class=\"rank-math-question \"><span class=\"ez-toc-section\" id=\"Gdzie_z_malymi_dziecmi\"><\/span>Gdzie z ma\u0142ymi dzie\u0107mi?<span class=\"ez-toc-section-end\"><\/span><\/h3>\n<div class=\"rank-math-answer \">\n\n<p>Najlepszym wyborem jest kurort Albena na p\u00f3\u0142nocy, gdzie g\u0142\u0119boko\u015b\u0107 wody nie przekracza 1,6 metra nawet 150 metr\u00f3w od brzegu. \u015awietne mielizny znajdziesz tak\u017ce w kurortach Kranevo, Primorsko i Kiten. Unikaj natomiast pla\u017cy Veleka, gdzie g\u0142\u0119boko jest ju\u017c przy brzegu.<\/p>\n\n<\/div>\n<\/div>\n<div id=\"faq-question-1787919927004\" class=\"rank-math-list-item\">\n<h3 class=\"rank-math-question \"><span class=\"ez-toc-section\" id=\"Ktore_plaze_sa_niebezpieczne\"><\/span>Kt\u00f3re pla\u017ce s\u0105 niebezpieczne?<span class=\"ez-toc-section-end\"><\/span><\/h3>\n<div class=\"rank-math-answer \">\n\n<p>Ze wzgl\u0119du na zdradliwe pr\u0105dy wsteczne (tzw. martwe fale) szczeg\u00f3lnie ryzykowne w sierpniu s\u0105 pla\u017ce po\u0142udniowe: Silistar, Butamjata, Primorsko-sever, Sozopol-Harmani i Obzor. Je\u015bli z\u0142apie ci\u0119 pr\u0105d, p\u0142y\u0144 zawsze r\u00f3wnolegle do brzegu, nigdy pod pr\u0105d.<\/p>\n\n<\/div>\n<\/div>\n<div id=\"faq-question-1787919927005\" class=\"rank-math-list-item\">\n<h3 class=\"rank-math-question \"><span class=\"ez-toc-section\" id=\"Czy_w_Bulgarii_sa_plaze_nudystyczne\"><\/span>Czy w Bu\u0142garii s\u0105 pla\u017ce nudystyczne?<span class=\"ez-toc-section-end\"><\/span><\/h3>\n<div class=\"rank-math-answer \">\n\n<p>Oficjalna pla\u017ca naturystyczna z pe\u0142nym zapleczem to tylko Nirvana na Z\u0142otych Piaskach. Tolerowane nieoficjalne strefy nudystyczne znajdziesz jednak na bardziej odleg\u0142ych odcinkach pla\u017c Alepu, Pa\u0161a dere, Karadere lub na p\u00f3\u0142nocnym kra\u0144cu \u0160korpilovc\u00f3w.<\/p>\n\n<\/div>\n<\/div>\n<div id=\"faq-question-1787919927006\" class=\"rank-math-list-item\">\n<h3 class=\"rank-math-question \"><span class=\"ez-toc-section\" id=\"Czy_mozna_tam_biwakowac_na_dziko\"><\/span>Czy mo\u017cna tam biwakowa\u0107 na dziko?<span class=\"ez-toc-section-end\"><\/span><\/h3>\n<div class=\"rank-math-answer \">\n\n<p>Od 2026 roku obowi\u0105zuj\u0105 bardzo rygorystyczne zasady i biwakowanie na dziko na pla\u017cach czy wydmach jest zabronione. Wok\u00f3\u0142 pla\u017c Karadere, Irakli i Koral obowi\u0105zuje nawet strefa ochronna 500 metr\u00f3w. Biwakowa\u0107 mo\u017cna tylko w wyznaczonych legalnych strefach i na kempingach.<\/p>\n\n<\/div>\n<\/div>\n<div id=\"faq-question-1787919927007\" class=\"rank-math-list-item\">\n<h3 class=\"rank-math-question \"><span class=\"ez-toc-section\" id=\"Kiedy_morze_jest_najcieplejsze\"><\/span>Kiedy morze jest najcieplejsze?<span class=\"ez-toc-section-end\"><\/span><\/h3>\n<div class=\"rank-math-answer \">\n\n<p>Najcieplejsza woda czeka na Ciebie w sierpniu, kiedy temperatura Morza Czarnego osi\u0105ga 25 do 26 \u00b0C. Sierpie\u0144 jest jednocze\u015bnie najsuchszym miesi\u0105cem z minimaln\u0105 ilo\u015bci\u0105 opad\u00f3w. \u015awietnym wyborem jest tak\u017ce wrzesie\u0144, kiedy morze o temperaturze 22 do 23 \u00b0C jest zaskakuj\u0105co cieplejsze ni\u017c w czerwcu.<\/p>\n\n<\/div>\n<\/div>\n<div id=\"faq-question-1787919927008\" class=\"rank-math-list-item\">\n<h3 class=\"rank-math-question \"><span class=\"ez-toc-section\" id=\"Czy_w_morzu_sa_meduzy\"><\/span>Czy w morzu s\u0105 meduzy?<span class=\"ez-toc-section-end\"><\/span><\/h3>\n<div class=\"rank-math-answer \">\n\n<p>W Morzu Czarnym \u017cyj\u0105 powszechnie dwa gatunki meduz (np. uszanka b\u0142\u0119kitna), kt\u00f3re pojawiaj\u0105 si\u0119 najcz\u0119\u015bciej w po\u0142owie lata. S\u0105 jednak dla cz\u0142owieka nieszkodliwe, a ich u\u017c\u0105dlenie jest bardzo s\u0142abe, przypomina raczej przelotny dotyk pokrzywy.<\/p>\n\n<\/div>\n<\/div>\n<div id=\"faq-question-1787919927009\" class=\"rank-math-list-item\">\n<h3 class=\"rank-math-question \"><span class=\"ez-toc-section\" id=\"Jak_dojechac_na_dzikie_plaze\"><\/span>Jak dojecha\u0107 na dzikie pla\u017ce?<span class=\"ez-toc-section-end\"><\/span><\/h3>\n<div class=\"rank-math-answer \">\n\n<p>Do wi\u0119kszo\u015bci dzikich pla\u017c (Irakli, Karadere, Pa\u0161a dere) nie prowadzi asfaltowa droga, a jedynie pyli\u015bcie i wyboisty polny trakt. Cz\u0119sto musisz zostawi\u0107 samoch\u00f3d dalej od morza i ostatnie setki metr\u00f3w przej\u015b\u0107 pieszo. Po obfitym deszczu drogi bywaj\u0105 nieprzejezdne dla zwyk\u0142ych samochod\u00f3w.<\/p>\n\n<\/div>\n<\/div>\n<\/div>\n<\/div>\n\n\n<p class=\"wp-block-paragraph\">\ud83d\udc49 <a href=\"https:\/\/www.stay22.com\/allez\/roam?aid=lukaskonecny&#038;campaign=loudavymkrokemcz&#038;campaign=plaze-bulharsko&#038;address=Primorsko%2C%20Bulharsko\" target=\"_blank\" rel=\"nofollow noopener\"><strong>Sprawd\u017a ceny nocleg\u00f3w w okolicy tej pla\u017cy<\/strong><\/a><\/p>\n","protected":false},"excerpt":{"rendered":"<p>Odkryj 20 najpi\u0119kniejszych pla\u017c w Bu\u0142garii \u2013 od nieko\u0144cz\u0105cych si\u0119 piaszczystych wydm i dzikich zatok bez hoteli po p\u0142ytkie kurorty idealne dla rodzin z dzie\u0107mi.<\/p>\n","protected":false},"author":3,"featured_media":404281,"comment_status":"open","ping_status":"open","sticky":false,"template":"","format":"standard","meta":{"_acf_changed":false,"footnotes":"","rank_math_title":"Bu\u0142garia pla\u017ce: 20 najpi\u0119kniejszych miejsc","rank_math_description":"Bu\u0142garia pla\u017ce: poznaj 20 najpi\u0119kniejszych miejsc, od dzikich zatok po kurorty dla rodzin. Ceny le\u017cak\u00f3w, b\u0142\u0119kitne flagi i wskaz\u00f3wki. Sprawd\u017a, gdzie jecha\u0107!","rank_math_focus_keyword":"bu\u0142garia pla\u017ce","rank_math_seo_score":""},"categories":[560,267,740],"tags":[],"class_list":["post-418279","post","type-post","status-publish","format-standard","has-post-thumbnail","category-bulgaria","category-europa","category-podroze"],"acf":[],"featured_image_src":"https:\/\/loudavymkrokem.cz\/wp-content\/uploads\/2026\/08\/plaze-bulharsko-zatoka-bolata.jpg","author_info":{"display_name":"Lucie Kone\u010dn\u00e1","author_link":"https:\/\/loudavymkrokem.cz\/pl\/author\/lucie-konecna\/"},"_links":{"self":[{"href":"https:\/\/loudavymkrokem.cz\/pl\/wp-json\/wp\/v2\/posts\/418279","targetHints":{"allow":["GET"]}}],"collection":[{"href":"https:\/\/loudavymkrokem.cz\/pl\/wp-json\/wp\/v2\/posts"}],"about":[{"href":"https:\/\/loudavymkrokem.cz\/pl\/wp-json\/wp\/v2\/types\/post"}],"author":[{"embeddable":true,"href":"https:\/\/loudavymkrokem.cz\/pl\/wp-json\/wp\/v2\/users\/3"}],"replies":[{"embeddable":true,"href":"https:\/\/loudavymkrokem.cz\/pl\/wp-json\/wp\/v2\/comments?post=418279"}],"version-history":[{"count":2,"href":"https:\/\/loudavymkrokem.cz\/pl\/wp-json\/wp\/v2\/posts\/418279\/revisions"}],"predecessor-version":[{"id":418285,"href":"https:\/\/loudavymkrokem.cz\/pl\/wp-json\/wp\/v2\/posts\/418279\/revisions\/418285"}],"wp:featuredmedia":[{"embeddable":true,"href":"https:\/\/loudavymkrokem.cz\/pl\/wp-json\/wp\/v2\/media\/404281"}],"wp:attachment":[{"href":"https:\/\/loudavymkrokem.cz\/pl\/wp-json\/wp\/v2\/media?parent=418279"}],"wp:term":[{"taxonomy":"category","embeddable":true,"href":"https:\/\/loudavymkrokem.cz\/pl\/wp-json\/wp\/v2\/categories?post=418279"},{"taxonomy":"post_tag","embeddable":true,"href":"https:\/\/loudavymkrokem.cz\/pl\/wp-json\/wp\/v2\/tags?post=418279"}],"curies":[{"name":"wp","href":"https:\/\/api.w.org\/{rel}","templated":true}]}}