{"id":418268,"date":"2026-09-04T10:00:00","date_gmt":"2026-09-04T08:00:00","guid":{"rendered":"https:\/\/loudavymkrokem.cz\/warna-bulgaria-atrakcje\/"},"modified":"2026-09-05T20:41:33","modified_gmt":"2026-09-05T18:41:33","slug":"warna-bulgaria-atrakcje","status":"publish","type":"post","link":"https:\/\/loudavymkrokem.cz\/pl\/warna-bulgaria-atrakcje\/","title":{"rendered":"Warna w Bu\u0142garii: 20 pomys\u0142\u00f3w, co zobaczy\u0107 w nadmorskiej metropolii 2026"},"content":{"rendered":"\n<p class=\"wp-block-paragraph\">Kiedy m\u00f3wi si\u0119 o Bu\u0142garii, wi\u0119kszo\u015bci z nas przychodz\u0105 na my\u015bl nieko\u0144cz\u0105ce si\u0119 rz\u0119dy hoteli na S\u0142onecznym Brzegu. Ale <strong>Warna w Bu\u0142garii<\/strong> to zupe\u0142nie inna historia \u2014 miasto, w kt\u00f3rym uwa\u017cny podr\u00f3\u017cnik odkryje wi\u0119cej \u015blad\u00f3w przesz\u0142o\u015bci, ni\u017c m\u00f3g\u0142by si\u0119 spodziewa\u0107. Muzeum Archeologiczne, w kt\u00f3rym przechowuje si\u0119 najstarsze obrobione z\u0142oto na \u015bwiecie, za\u0142o\u017cy\u0142 Czech <strong>Karel \u0160korpil<\/strong>. Ogromny Ogr\u00f3d Nadmorski, dum\u0119 ca\u0142ego wybrze\u017ca, zaprojektowa\u0142 z kolei <strong>Anton Nov\u00e1k<\/strong>. A gdy staniesz na przystanku komunikacji miejskiej, z du\u017cym prawdopodobie\u0144stwem podwiezie ci\u0119 <strong>czeski trolejbus \u0160koda<\/strong>.<\/p>\n\n\n\n<p class=\"wp-block-paragraph\">Warna to po prostu nie sztuczny letni kurort, ale <strong>trzecie najwi\u0119ksze miasto Bu\u0142garii<\/strong>, kt\u00f3re \u017cyje w\u0142asnym rytmem przez ca\u0142y rok. Znajdziesz tu najwi\u0119ksze rzymskie termy na Ba\u0142kanach, zacienione bulwary pe\u0142ne kawiarni oraz miejskie pla\u017ce, do kt\u00f3rych dojdziesz pieszo prosto z historycznego centrum. To dok\u0142adnie taka destynacja, gdzie rano mo\u017cesz podziwia\u0107 trackie wykopaliska, w po\u0142udnie zje\u015b\u0107 \u015bwietn\u0105 sa\u0142atk\u0119 szopsk\u0105 w tradycyjnej mechanie, a po po\u0142udniu le\u017ce\u0107 ju\u017c na drobnym piasku nad Morzem Czarnym.<\/p>\n\n\n\n<p class=\"wp-block-paragraph\">W tym przewodniku znajdziesz <strong>20 konkretnych pomys\u0142\u00f3w, co zobaczy\u0107 i prze\u017cy\u0107 w Warnie<\/strong>. Podpowiem ci, jak nie wpa\u015b\u0107 w turystyczne pu\u0142apki z transportem, gdzie wybra\u0107 si\u0119 na najlepsze wycieczki po okolicy, w kt\u00f3rej dzielnicy strategicznie si\u0119 zatrzyma\u0107 i na co uwa\u017ca\u0107 przy wyborze restauracji. Bu\u0142garia od 1 stycznia 2026 roku przyj\u0119\u0142a euro, wi\u0119c znikaj\u0105 zmartwienia z wymian\u0105 lew\u00f3w i ci\u0105g\u0142ym przeliczaniem.<\/p>\n\n\n\n<figure data-wp-context=\"{&quot;imageId&quot;:&quot;6a9c821eba56d&quot;}\" data-wp-interactive=\"core\/image\" data-wp-key=\"6a9c821eba56d\" class=\"wp-block-image size-full wp-lightbox-container\"><img decoding=\"async\" width=\"1800\" height=\"1012\" data-wp-class--hide=\"state.isContentHidden\" data-wp-class--show=\"state.isContentVisible\" data-wp-init=\"callbacks.setButtonStyles\" data-wp-on--click=\"actions.showLightbox\" data-wp-on--load=\"callbacks.setButtonStyles\" data-wp-on--pointerdown=\"actions.preloadImage\" data-wp-on--pointerenter=\"actions.preloadImageWithDelay\" data-wp-on--pointerleave=\"actions.cancelPreload\" data-wp-on-window--resize=\"callbacks.setButtonStyles\" src=\"https:\/\/loudavymkrokem.cz\/wp-content\/uploads\/2026\/08\/bulharsko-research-varna-01-3be9ec14.jpg\" alt=\"Widok na wybrze\u017ce i pla\u017ce Warny\" class=\"wp-image-407776\" title=\"\" srcset=\"https:\/\/loudavymkrokem.cz\/wp-content\/uploads\/2026\/08\/bulharsko-research-varna-01-3be9ec14.jpg 1800w, https:\/\/loudavymkrokem.cz\/wp-content\/uploads\/2026\/08\/bulharsko-research-varna-01-3be9ec14-300x169.jpg 300w, https:\/\/loudavymkrokem.cz\/wp-content\/uploads\/2026\/08\/bulharsko-research-varna-01-3be9ec14-700x394.jpg 700w, https:\/\/loudavymkrokem.cz\/wp-content\/uploads\/2026\/08\/bulharsko-research-varna-01-3be9ec14-768x432.jpg 768w, https:\/\/loudavymkrokem.cz\/wp-content\/uploads\/2026\/08\/bulharsko-research-varna-01-3be9ec14-1536x864.jpg 1536w, https:\/\/loudavymkrokem.cz\/wp-content\/uploads\/2026\/08\/bulharsko-research-varna-01-3be9ec14-696x391.jpg 696w, https:\/\/loudavymkrokem.cz\/wp-content\/uploads\/2026\/08\/bulharsko-research-varna-01-3be9ec14-1392x783.jpg 1392w\" sizes=\"(max-width: 1800px) 100vw, 1800px\" \/><button\n\t\t\tclass=\"lightbox-trigger\"\n\t\t\ttype=\"button\"\n\t\t\taria-haspopup=\"dialog\"\n\t\t\tdata-wp-bind--aria-label=\"state.thisImage.triggerButtonAriaLabel\"\n\t\t\tdata-wp-init=\"callbacks.initTriggerButton\"\n\t\t\tdata-wp-on--click=\"actions.showLightbox\"\n\t\t\tdata-wp-style--right=\"state.thisImage.buttonRight\"\n\t\t\tdata-wp-style--top=\"state.thisImage.buttonTop\"\n\t\t>\n\t\t\t<svg xmlns=\"http:\/\/www.w3.org\/2000\/svg\" width=\"12\" height=\"12\" fill=\"none\" viewBox=\"0 0 12 12\">\n\t\t\t\t<path fill=\"#fff\" d=\"M2 0a2 2 0 0 0-2 2v2h1.5V2a.5.5 0 0 1 .5-.5h2V0H2Zm2 10.5H2a.5.5 0 0 1-.5-.5V8H0v2a2 2 0 0 0 2 2h2v-1.5ZM8 12v-1.5h2a.5.5 0 0 0 .5-.5V8H12v2a2 2 0 0 1-2 2H8Zm2-12a2 2 0 0 1 2 2v2h-1.5V2a.5.5 0 0 0-.5-.5H8V0h2Z\" \/>\n\t\t\t<\/svg>\n\t\t<\/button><figcaption class=\"wp-element-caption\">Foto: karel291, CC BY 3.0 (Wikimedia Commons)<\/figcaption><\/figure>\n\n\n\n<div id=\"ez-toc-container\" class=\"ez-toc-v2_0_87 ez-toc-wrap-left counter-hierarchy ez-toc-counter ez-toc-grey ez-toc-container-direction\">\n<div class=\"ez-toc-title-container\">\n<p class=\"ez-toc-title\" style=\"cursor:inherit\">Tre\u015b\u0107 artyku\u0142u<\/p>\n<span class=\"ez-toc-title-toggle\"><a href=\"#\" class=\"ez-toc-pull-right ez-toc-btn ez-toc-btn-xs ez-toc-btn-default ez-toc-toggle\" aria-label=\"Prze\u0142\u0105cznik Spisu Tre\u015bci\"><span class=\"ez-toc-js-icon-con\"><span class=\"\"><span class=\"eztoc-hide\" style=\"display:none;\">Toggle<\/span><span class=\"ez-toc-icon-toggle-span\"><svg style=\"fill: #999;color:#999\" xmlns=\"http:\/\/www.w3.org\/2000\/svg\" class=\"list-377408\" width=\"20px\" height=\"20px\" viewBox=\"0 0 24 24\" fill=\"none\"><path d=\"M6 6H4v2h2V6zm14 0H8v2h12V6zM4 11h2v2H4v-2zm16 0H8v2h12v-2zM4 16h2v2H4v-2zm16 0H8v2h12v-2z\" fill=\"currentColor\"><\/path><\/svg><svg style=\"fill: #999;color:#999\" class=\"arrow-unsorted-368013\" xmlns=\"http:\/\/www.w3.org\/2000\/svg\" width=\"10px\" height=\"10px\" viewBox=\"0 0 24 24\" version=\"1.2\" baseProfile=\"tiny\"><path d=\"M18.2 9.3l-6.2-6.3-6.2 6.3c-.2.2-.3.4-.3.7s.1.5.3.7c.2.2.4.3.7.3h11c.3 0 .5-.1.7-.3.2-.2.3-.5.3-.7s-.1-.5-.3-.7zM5.8 14.7l6.2 6.3 6.2-6.3c.2-.2.3-.5.3-.7s-.1-.5-.3-.7c-.2-.2-.4-.3-.7-.3h-11c-.3 0-.5.1-.7.3-.2.2-.3.5-.3.7s.1.5.3.7z\"\/><\/svg><\/span><\/span><\/span><\/a><\/span><\/div>\n<nav><ul class='ez-toc-list ez-toc-list-level-1 ' ><ul class='ez-toc-list-level-3' ><li class='ez-toc-heading-level-3'><a class=\"ez-toc-link ez-toc-heading-1\" href=\"https:\/\/loudavymkrokem.cz\/pl\/warna-bulgaria-atrakcje\/#Podsumowanie_dla_tych_ktorzy_nie_maja_czasu_czytac_calego_artykulu\" >Podsumowanie dla tych, kt\u00f3rzy nie maj\u0105 czasu czyta\u0107 ca\u0142ego artyku\u0142u<\/a><\/li><\/ul><\/li><li class='ez-toc-page-1 ez-toc-heading-level-2'><a class=\"ez-toc-link ez-toc-heading-2\" href=\"https:\/\/loudavymkrokem.cz\/pl\/warna-bulgaria-atrakcje\/#Ile_kosztuje_pobyt_w_Warnie\" >Ile kosztuje pobyt w Warnie<\/a><\/li><li class='ez-toc-page-1 ez-toc-heading-level-2'><a class=\"ez-toc-link ez-toc-heading-3\" href=\"https:\/\/loudavymkrokem.cz\/pl\/warna-bulgaria-atrakcje\/#Jak_dostac_sie_do_Warny_i_jak_sie_po_niej_poruszac\" >Jak dosta\u0107 si\u0119 do Warny i jak si\u0119 po niej porusza\u0107<\/a><\/li><li class='ez-toc-page-1 ez-toc-heading-level-2'><a class=\"ez-toc-link ez-toc-heading-4\" href=\"https:\/\/loudavymkrokem.cz\/pl\/warna-bulgaria-atrakcje\/#Historyczne_centrum_i_muzea_%E2%80%94_najwazniejsze_atrakcje_Warny\" >Historyczne centrum i muzea \u2014 najwa\u017cniejsze atrakcje Warny<\/a><ul class='ez-toc-list-level-3' ><li class='ez-toc-heading-level-3'><a class=\"ez-toc-link ez-toc-heading-5\" href=\"https:\/\/loudavymkrokem.cz\/pl\/warna-bulgaria-atrakcje\/#1_Muzeum_Archeologiczne_i_najstarsze_zloto_swiata\" >1. Muzeum Archeologiczne i najstarsze z\u0142oto \u015bwiata<\/a><\/li><li class='ez-toc-page-1 ez-toc-heading-level-3'><a class=\"ez-toc-link ez-toc-heading-6\" href=\"https:\/\/loudavymkrokem.cz\/pl\/warna-bulgaria-atrakcje\/#2_Termy_rzymskie_Odessos\" >2. Termy rzymskie (Odessos)<\/a><\/li><li class='ez-toc-page-1 ez-toc-heading-level-3'><a class=\"ez-toc-link ez-toc-heading-7\" href=\"https:\/\/loudavymkrokem.cz\/pl\/warna-bulgaria-atrakcje\/#3_Katedra_Zasniecia_Matki_Bozej\" >3. Katedra Za\u015bni\u0119cia Matki Bo\u017cej<\/a><\/li><li class='ez-toc-page-1 ez-toc-heading-level-3'><a class=\"ez-toc-link ez-toc-heading-8\" href=\"https:\/\/loudavymkrokem.cz\/pl\/warna-bulgaria-atrakcje\/#4_Muzeum_Marynarki_Wojennej_i_torpedowiec_Drazki\" >4. Muzeum Marynarki Wojennej i torpedowiec Drazki<\/a><\/li><li class='ez-toc-page-1 ez-toc-heading-level-3'><a class=\"ez-toc-link ez-toc-heading-9\" href=\"https:\/\/loudavymkrokem.cz\/pl\/warna-bulgaria-atrakcje\/#5_Muzeum_Etnograficzne\" >5. Muzeum Etnograficzne<\/a><\/li><li class='ez-toc-page-1 ez-toc-heading-level-3'><a class=\"ez-toc-link ez-toc-heading-10\" href=\"https:\/\/loudavymkrokem.cz\/pl\/warna-bulgaria-atrakcje\/#6_Muzeum_Retro\" >6. Muzeum Retro<\/a><\/li><li class='ez-toc-page-1 ez-toc-heading-level-3'><a class=\"ez-toc-link ez-toc-heading-11\" href=\"https:\/\/loudavymkrokem.cz\/pl\/warna-bulgaria-atrakcje\/#7_Wieza_zegarowa\" >7. Wie\u017ca zegarowa<\/a><\/li><\/ul><\/li><li class='ez-toc-page-1 ez-toc-heading-level-2'><a class=\"ez-toc-link ez-toc-heading-12\" href=\"https:\/\/loudavymkrokem.cz\/pl\/warna-bulgaria-atrakcje\/#Ogrod_Nadmorski_i_wybrzeze\" >Ogr\u00f3d Nadmorski i wybrze\u017ce<\/a><ul class='ez-toc-list-level-3' ><li class='ez-toc-heading-level-3'><a class=\"ez-toc-link ez-toc-heading-13\" href=\"https:\/\/loudavymkrokem.cz\/pl\/warna-bulgaria-atrakcje\/#8_Ogrod_Nadmorski\" >8. Ogr\u00f3d Nadmorski<\/a><\/li><li class='ez-toc-page-1 ez-toc-heading-level-3'><a class=\"ez-toc-link ez-toc-heading-14\" href=\"https:\/\/loudavymkrokem.cz\/pl\/warna-bulgaria-atrakcje\/#9_Akwarium_Warna\" >9. Akwarium Warna<\/a><\/li><li class='ez-toc-page-1 ez-toc-heading-level-3'><a class=\"ez-toc-link ez-toc-heading-15\" href=\"https:\/\/loudavymkrokem.cz\/pl\/warna-bulgaria-atrakcje\/#10_Delfinarium_Festa\" >10. Delfinarium Festa<\/a><\/li><li class='ez-toc-page-1 ez-toc-heading-level-3'><a class=\"ez-toc-link ez-toc-heading-16\" href=\"https:\/\/loudavymkrokem.cz\/pl\/warna-bulgaria-atrakcje\/#11_Zoo_Warna\" >11. Zoo Warna<\/a><\/li><li class='ez-toc-page-1 ez-toc-heading-level-3'><a class=\"ez-toc-link ez-toc-heading-17\" href=\"https:\/\/loudavymkrokem.cz\/pl\/warna-bulgaria-atrakcje\/#12_Planetarium_M_Kopernika\" >12. Planetarium M. Kopernika<\/a><\/li><li class='ez-toc-page-1 ez-toc-heading-level-3'><a class=\"ez-toc-link ez-toc-heading-18\" href=\"https:\/\/loudavymkrokem.cz\/pl\/warna-bulgaria-atrakcje\/#13_Plaze_miejskie_i_jakosc_wody\" >13. Pla\u017ce miejskie i jako\u015b\u0107 wody<\/a><\/li><\/ul><\/li><li class='ez-toc-page-1 ez-toc-heading-level-2'><a class=\"ez-toc-link ez-toc-heading-19\" href=\"https:\/\/loudavymkrokem.cz\/pl\/warna-bulgaria-atrakcje\/#Poza_granicami_centrum\" >Poza granicami centrum<\/a><ul class='ez-toc-list-level-3' ><li class='ez-toc-heading-level-3'><a class=\"ez-toc-link ez-toc-heading-20\" href=\"https:\/\/loudavymkrokem.cz\/pl\/warna-bulgaria-atrakcje\/#14_Park-muzeum_Wladyslawa_Warnenczyka\" >14. Park-muzeum W\u0142adys\u0142awa Warne\u0144czyka<\/a><\/li><li class='ez-toc-page-1 ez-toc-heading-level-3'><a class=\"ez-toc-link ez-toc-heading-21\" href=\"https:\/\/loudavymkrokem.cz\/pl\/warna-bulgaria-atrakcje\/#15_Plaza_Asparuchowo\" >15. Pla\u017ca Asparuchowo<\/a><\/li><li class='ez-toc-page-1 ez-toc-heading-level-3'><a class=\"ez-toc-link ez-toc-heading-22\" href=\"https:\/\/loudavymkrokem.cz\/pl\/warna-bulgaria-atrakcje\/#16_Sw_Konstantyn_i_Helena\" >16. \u015aw. Konstantyn i Helena<\/a><\/li><\/ul><\/li><li class='ez-toc-page-1 ez-toc-heading-level-2'><a class=\"ez-toc-link ez-toc-heading-23\" href=\"https:\/\/loudavymkrokem.cz\/pl\/warna-bulgaria-atrakcje\/#Wycieczki_z_Warny\" >Wycieczki z Warny<\/a><ul class='ez-toc-list-level-3' ><li class='ez-toc-heading-level-3'><a class=\"ez-toc-link ez-toc-heading-24\" href=\"https:\/\/loudavymkrokem.cz\/pl\/warna-bulgaria-atrakcje\/#17_Palac_i_ogrody_Balczik\" >17. Pa\u0142ac i ogrody Ba\u0142czik<\/a><\/li><li class='ez-toc-page-1 ez-toc-heading-level-3'><a class=\"ez-toc-link ez-toc-heading-25\" href=\"https:\/\/loudavymkrokem.cz\/pl\/warna-bulgaria-atrakcje\/#18_Przyladek_Kaliakra\" >18. Przyl\u0105dek Kaliakra<\/a><\/li><li class='ez-toc-page-1 ez-toc-heading-level-3'><a class=\"ez-toc-link ez-toc-heading-26\" href=\"https:\/\/loudavymkrokem.cz\/pl\/warna-bulgaria-atrakcje\/#19_Klasztor_Aladza\" >19. Klasztor A\u0142ad\u017ca<\/a><\/li><li class='ez-toc-page-1 ez-toc-heading-level-3'><a class=\"ez-toc-link ez-toc-heading-27\" href=\"https:\/\/loudavymkrokem.cz\/pl\/warna-bulgaria-atrakcje\/#20_Pobiti_kamani_i_Jezdziec_z_Madary\" >20. Pobiti kamani i Je\u017adziec z Madary<\/a><\/li><\/ul><\/li><li class='ez-toc-page-1 ez-toc-heading-level-2'><a class=\"ez-toc-link ez-toc-heading-28\" href=\"https:\/\/loudavymkrokem.cz\/pl\/warna-bulgaria-atrakcje\/#Gdzie_zjesc_w_Warnie\" >Gdzie zje\u015b\u0107 w Warnie<\/a><\/li><li class='ez-toc-page-1 ez-toc-heading-level-2'><a class=\"ez-toc-link ez-toc-heading-29\" href=\"https:\/\/loudavymkrokem.cz\/pl\/warna-bulgaria-atrakcje\/#Gdzie_sie_zatrzymac_%E2%80%94_hotele_w_Warnie_w_Bulgarii\" >Gdzie si\u0119 zatrzyma\u0107 \u2014 hotele w Warnie w Bu\u0142garii<\/a><\/li><li class='ez-toc-page-1 ez-toc-heading-level-2'><a class=\"ez-toc-link ez-toc-heading-30\" href=\"https:\/\/loudavymkrokem.cz\/pl\/warna-bulgaria-atrakcje\/#Kiedy_jechac_do_Warny_%E2%80%94_pogoda_w_Warnie_w_Bulgarii\" >Kiedy jecha\u0107 do Warny \u2014 pogoda w Warnie w Bu\u0142garii<\/a><ul class='ez-toc-list-level-3' ><li class='ez-toc-heading-level-3'><a class=\"ez-toc-link ez-toc-heading-31\" href=\"https:\/\/loudavymkrokem.cz\/pl\/warna-bulgaria-atrakcje\/#Warna_poza_sezonem\" >Warna poza sezonem<\/a><\/li><\/ul><\/li><li class='ez-toc-page-1 ez-toc-heading-level-2'><a class=\"ez-toc-link ez-toc-heading-32\" href=\"https:\/\/loudavymkrokem.cz\/pl\/warna-bulgaria-atrakcje\/#Na_co_uwazac\" >Na co uwa\u017ca\u0107<\/a><\/li><li class='ez-toc-page-1 ez-toc-heading-level-2'><a class=\"ez-toc-link ez-toc-heading-33\" href=\"https:\/\/loudavymkrokem.cz\/pl\/warna-bulgaria-atrakcje\/#Dokad_dalej\" >Dok\u0105d dalej<\/a><\/li><li class='ez-toc-page-1 ez-toc-heading-level-2'><a class=\"ez-toc-link ez-toc-heading-34\" href=\"https:\/\/loudavymkrokem.cz\/pl\/warna-bulgaria-atrakcje\/#Najczesciej_zadawane_pytania\" >Najcz\u0119\u015bciej zadawane pytania<\/a><ul class='ez-toc-list-level-3' ><li class='ez-toc-heading-level-3'><a class=\"ez-toc-link ez-toc-heading-35\" href=\"https:\/\/loudavymkrokem.cz\/pl\/warna-bulgaria-atrakcje\/#Czy_w_Warnie_placi_sie_euro_czy_lewami\" >Czy w Warnie p\u0142aci si\u0119 euro czy lewami?<\/a><\/li><li class='ez-toc-page-1 ez-toc-heading-level-3'><a class=\"ez-toc-link ez-toc-heading-36\" href=\"https:\/\/loudavymkrokem.cz\/pl\/warna-bulgaria-atrakcje\/#Czy_Warna_jest_odpowiednia_dla_rodzin_z_dziecmi\" >Czy Warna jest odpowiednia dla rodzin z dzie\u0107mi?<\/a><\/li><li class='ez-toc-page-1 ez-toc-heading-level-3'><a class=\"ez-toc-link ez-toc-heading-37\" href=\"https:\/\/loudavymkrokem.cz\/pl\/warna-bulgaria-atrakcje\/#Jak_jest_z_parkowaniem_w_Warnie\" >Jak jest z parkowaniem w Warnie?<\/a><\/li><li class='ez-toc-page-1 ez-toc-heading-level-3'><a class=\"ez-toc-link ez-toc-heading-38\" href=\"https:\/\/loudavymkrokem.cz\/pl\/warna-bulgaria-atrakcje\/#Czy_mozna_poleciec_do_Warny_bezposrednio_z_Polski\" >Czy mo\u017cna polecie\u0107 do Warny bezpo\u015brednio z Polski?<\/a><\/li><li class='ez-toc-page-1 ez-toc-heading-level-3'><a class=\"ez-toc-link ez-toc-heading-39\" href=\"https:\/\/loudavymkrokem.cz\/pl\/warna-bulgaria-atrakcje\/#Czy_warto_jechac_do_Warny_poza_letnimi_wakacjami\" >Czy warto jecha\u0107 do Warny poza letnimi wakacjami?<\/a><\/li><li class='ez-toc-page-1 ez-toc-heading-level-3'><a class=\"ez-toc-link ez-toc-heading-40\" href=\"https:\/\/loudavymkrokem.cz\/pl\/warna-bulgaria-atrakcje\/#Jak_dostac_sie_z_Warny_na_Zlote_Piaski\" >Jak dosta\u0107 si\u0119 z Warny na Z\u0142ote Piaski?<\/a><\/li><li class='ez-toc-page-1 ez-toc-heading-level-3'><a class=\"ez-toc-link ez-toc-heading-41\" href=\"https:\/\/loudavymkrokem.cz\/pl\/warna-bulgaria-atrakcje\/#Czy_Warna_to_bezpieczne_miasto\" >Czy Warna to bezpieczne miasto?<\/a><\/li><\/ul><\/li><\/ul><\/nav><\/div>\n<h3 class=\"wp-block-heading\"><span class=\"ez-toc-section\" id=\"Podsumowanie_dla_tych_ktorzy_nie_maja_czasu_czytac_calego_artykulu\"><\/span>Podsumowanie dla tych, kt\u00f3rzy nie maj\u0105 czasu czyta\u0107 ca\u0142ego artyku\u0142u<span class=\"ez-toc-section-end\"><\/span><\/h3>\n\n\n\n<ul class=\"wp-block-list\">\n\n<li><strong>Czym jest Warna:<\/strong> Trzecie najwi\u0119ksze miasto Bu\u0142garii (ponad 322 tysi\u0105ce mieszka\u0144c\u00f3w) i wa\u017cny port morski, kt\u00f3ry funkcjonuje ca\u0142orocznie, nie tylko latem.<\/li>\n\n\n\n<li><strong>Najwi\u0119ksza atrakcja:<\/strong> Skarb Warne\u0144ski z okresu 4600\u20134200 p.n.e., kt\u00f3ry stanowi najstarsze obrobione z\u0142oto na \u015bwiecie.<\/li>\n\n\n\n<li><strong>Waluta i ceny:<\/strong> Od 1.01.2026 w ca\u0142ej Bu\u0142garii p\u0142aci si\u0119 euro. Podw\u00f3jne wy\u015bwietlanie cen ju\u017c si\u0119 zako\u0144czy\u0142o.<\/li>\n\n\n\n<li><strong>Pla\u017ce:<\/strong> Miasto ma ponad 22 pla\u017ce o \u0142\u0105cznej d\u0142ugo\u015bci 32 kilometr\u00f3w. Do najlepszych nale\u017cy szeroka pla\u017ca Po\u0142udniowa (Ju\u017cen) lub spokojniejsze Asparuchowo.<\/li>\n\n\n\n<li><strong>Transport:<\/strong> Lotnisko jest oddalone o zaledwie 8 kilometr\u00f3w, do centrum dowiezie ci\u0119 autobus linii 409 w niespe\u0142na dwadzie\u015bcia minut.<\/li>\n\n\n\n<li><strong>Kiedy jecha\u0107:<\/strong> Sierpie\u0144 jest najsuchszy i najcieplejszy, ale po kultur\u0119 i zabytki warto przyjecha\u0107 te\u017c wiosn\u0105 lub jesieni\u0105.<\/li>\n\n\n\n<li><strong>Wycieczki po okolicy:<\/strong> Z Warny \u0142atwo dojedziesz do klif\u00f3w przyl\u0105dka Kaliakra, do skalnego klasztoru A\u0142ad\u017ca czy do wyj\u0105tkowego Kamiennego Lasu (Pobiti kamani).<\/li>\n\n\n<\/ul>\n\n\n\n<figure class=\"wp-block-table\"><table><thead><tr><th>#<\/th><th>Miejsce<\/th><th>Typ<\/th><th>Wst\u0119p 2026<\/th><\/tr><\/thead><tbody><tr><td>1<\/td><td>Muzeum Archeologiczne<\/td><td>Historia<\/td><td>10,00 \u20ac<\/td><\/tr><tr><td>2<\/td><td>Termy rzymskie<\/td><td>Zabytek antyczny<\/td><td>4,00 \u20ac<\/td><\/tr><tr><td>3<\/td><td>Katedra Za\u015bni\u0119cia Matki Bo\u017cej<\/td><td>Budowla sakralna<\/td><td>Bezp\u0142atnie<\/td><\/tr><tr><td>4<\/td><td>Muzeum Marynarki Wojennej<\/td><td>Historia wojskowa<\/td><td>4,09 \u20ac (bilet \u0142\u0105czony)<\/td><\/tr><tr><td>5<\/td><td>Muzeum Etnograficzne<\/td><td>Kultura i tradycje<\/td><td>5,00 \u20ac<\/td><\/tr><tr><td>6<\/td><td>Muzeum Retro (Grand Mall)<\/td><td>Historia najnowsza<\/td><td>Ok. 15,34 \u20ac<\/td><\/tr><tr><td>7<\/td><td>Wie\u017ca zegarowa<\/td><td>Architektura<\/td><td>Z zewn\u0105trz bezp\u0142atnie<\/td><\/tr><tr><td>8<\/td><td>Ogr\u00f3d Nadmorski<\/td><td>Park i wypoczynek<\/td><td>Bezp\u0142atnie<\/td><\/tr><tr><td>9<\/td><td>Akwarium<\/td><td>Przyroda<\/td><td>2,00 \u20ac<\/td><\/tr><tr><td>10<\/td><td>Delfinarium Festa<\/td><td>Rozrywka<\/td><td>14,00 \u2013 26,00 \u20ac (wg sezonu)<\/td><\/tr><tr><td>11<\/td><td>Zoo Warna<\/td><td>Przyroda<\/td><td>3,00 \u20ac<\/td><\/tr><tr><td>12<\/td><td>Planetarium M. Kopernika<\/td><td>Edukacja<\/td><td>3,58 \u20ac<\/td><\/tr><tr><td>13<\/td><td>Pla\u017ce miejskie<\/td><td>K\u0105piel<\/td><td>Bezp\u0142atnie (le\u017caki ok. 3,5\u20135 \u20ac)<\/td><\/tr><tr><td>14<\/td><td>Park-muzeum W\u0142adys\u0142awa Warne\u0144czyka<\/td><td>Historia<\/td><td>4,09 \u20ac<\/td><\/tr><tr><td>15<\/td><td>Pla\u017ca Asparuchowo<\/td><td>K\u0105piel<\/td><td>Bezp\u0142atnie<\/td><\/tr><tr><td>16<\/td><td>\u015aw. Konstantyn i Helena<\/td><td>Uzdrowisko termalne<\/td><td>Wg wybranego resortu<\/td><\/tr><tr><td>17<\/td><td>Pa\u0142ac i ogrody Ba\u0142czik<\/td><td>Wycieczka (historia\/przyroda)<\/td><td>10,00 \u20ac (pa\u0142ac) + 10,00 \u20ac (ogr\u00f3d)<\/td><\/tr><tr><td>18<\/td><td>Przyl\u0105dek Kaliakra<\/td><td>Wycieczka (przyroda\/historia)<\/td><td>Ok. 3,00 \u20ac<\/td><\/tr><tr><td>19<\/td><td>Klasztor A\u0142ad\u017ca<\/td><td>Wycieczka (klasztor skalny)<\/td><td>5,00 \u20ac<\/td><\/tr><tr><td>20<\/td><td>Pobiti kamani i Je\u017adziec z Madary<\/td><td>Wycieczka (przyroda\/UNESCO)<\/td><td>3,00 \u20ac \/ ok. 3,58 \u20ac<\/td><\/tr><\/tbody><\/table><\/figure>\n\n\n\n<figure data-wp-context=\"{&quot;imageId&quot;:&quot;6a9c821ebadce&quot;}\" data-wp-interactive=\"core\/image\" data-wp-key=\"6a9c821ebadce\" class=\"wp-block-image size-full wp-lightbox-container\"><img decoding=\"async\" width=\"1800\" height=\"892\" data-wp-class--hide=\"state.isContentHidden\" data-wp-class--show=\"state.isContentVisible\" data-wp-init=\"callbacks.setButtonStyles\" data-wp-on--click=\"actions.showLightbox\" data-wp-on--load=\"callbacks.setButtonStyles\" data-wp-on--pointerdown=\"actions.preloadImage\" data-wp-on--pointerenter=\"actions.preloadImageWithDelay\" data-wp-on--pointerleave=\"actions.cancelPreload\" data-wp-on-window--resize=\"callbacks.setButtonStyles\" src=\"https:\/\/loudavymkrokem.cz\/wp-content\/uploads\/2026\/08\/bulharsko-research-varna-02-57328bc9.jpg\" alt=\"Stoiska z \u017cywno\u015bci\u0105 na centralnym targu w Warnie\" class=\"wp-image-407777\" title=\"\" srcset=\"https:\/\/loudavymkrokem.cz\/wp-content\/uploads\/2026\/08\/bulharsko-research-varna-02-57328bc9.jpg 1800w, https:\/\/loudavymkrokem.cz\/wp-content\/uploads\/2026\/08\/bulharsko-research-varna-02-57328bc9-300x149.jpg 300w, https:\/\/loudavymkrokem.cz\/wp-content\/uploads\/2026\/08\/bulharsko-research-varna-02-57328bc9-700x347.jpg 700w, https:\/\/loudavymkrokem.cz\/wp-content\/uploads\/2026\/08\/bulharsko-research-varna-02-57328bc9-768x381.jpg 768w, https:\/\/loudavymkrokem.cz\/wp-content\/uploads\/2026\/08\/bulharsko-research-varna-02-57328bc9-1536x761.jpg 1536w, https:\/\/loudavymkrokem.cz\/wp-content\/uploads\/2026\/08\/bulharsko-research-varna-02-57328bc9-696x345.jpg 696w, https:\/\/loudavymkrokem.cz\/wp-content\/uploads\/2026\/08\/bulharsko-research-varna-02-57328bc9-1392x690.jpg 1392w\" sizes=\"(max-width: 1800px) 100vw, 1800px\" \/><button\n\t\t\tclass=\"lightbox-trigger\"\n\t\t\ttype=\"button\"\n\t\t\taria-haspopup=\"dialog\"\n\t\t\tdata-wp-bind--aria-label=\"state.thisImage.triggerButtonAriaLabel\"\n\t\t\tdata-wp-init=\"callbacks.initTriggerButton\"\n\t\t\tdata-wp-on--click=\"actions.showLightbox\"\n\t\t\tdata-wp-style--right=\"state.thisImage.buttonRight\"\n\t\t\tdata-wp-style--top=\"state.thisImage.buttonTop\"\n\t\t>\n\t\t\t<svg xmlns=\"http:\/\/www.w3.org\/2000\/svg\" width=\"12\" height=\"12\" fill=\"none\" viewBox=\"0 0 12 12\">\n\t\t\t\t<path fill=\"#fff\" d=\"M2 0a2 2 0 0 0-2 2v2h1.5V2a.5.5 0 0 1 .5-.5h2V0H2Zm2 10.5H2a.5.5 0 0 1-.5-.5V8H0v2a2 2 0 0 0 2 2h2v-1.5ZM8 12v-1.5h2a.5.5 0 0 0 .5-.5V8H12v2a2 2 0 0 1-2 2H8Zm2-12a2 2 0 0 1 2 2v2h-1.5V2a.5.5 0 0 0-.5-.5H8V0h2Z\" \/>\n\t\t\t<\/svg>\n\t\t<\/button><figcaption class=\"wp-element-caption\">Foto: Victoria Rangelova (Google Maps)<\/figcaption><\/figure>\n\n\n\n<h2 class=\"wp-block-heading\"><span class=\"ez-toc-section\" id=\"Ile_kosztuje_pobyt_w_Warnie\"><\/span>Ile kosztuje pobyt w Warnie<span class=\"ez-toc-section-end\"><\/span><\/h2>\n\n\n\n<p class=\"wp-block-paragraph\">Bu\u0142garia <strong>od 1 stycznia 2026 roku oficjalnie przyj\u0119\u0142a euro<\/strong>. Sta\u0142y kurs wymiany ustalono na 1 \u20ac = 1,95583 lewa. Okres, w kt\u00f3rym ceny obowi\u0105zkowo podawano w obu walutach, zako\u0144czy\u0142 si\u0119 8 sierpnia 2026 roku, wi\u0119c dzi\u015b na paragonach w restauracjach i w sklepach <strong>zobaczysz ju\u017c tylko euro<\/strong>. To ogromna ulga, bo odpada szukanie uczciwego kantoru i przeliczanie lew\u00f3w.<\/p>\n\n\n\n<p class=\"wp-block-paragraph\">Przy planowaniu bud\u017cetu zwr\u00f3\u0107 szczeg\u00f3ln\u0105 uwag\u0119 na to, gdzie jesz. <strong>W Warnie panuje przepastna r\u00f3\u017cnica mi\u0119dzy lokalami dla miejscowych a turystyczn\u0105 promenad\u0105.<\/strong> O ile w tradycyjnej mechanie w centrum (tzw. Dzielnica Grecka) zap\u0142acisz za bezmi\u0119sne danie g\u0142\u00f3wne oko\u0142o 9\u201310 euro, a za sa\u0142atk\u0119 szopsk\u0105 niewiele ponad 6 euro, o tyle na pla\u017cowej promenadzie (Krajbre\u017cna aleja) sa\u0142atka wyjdzie ci\u0119 spokojnie na 14 euro, a danie g\u0142\u00f3wne dobija do 20\u201330 euro. <strong>R\u00f3\u017cnica to wi\u0119c spokojnie 200 do 300 procent.<\/strong><\/p>\n\n\n\n<p class=\"wp-block-paragraph\"><strong>Tabela orientacyjnych cen w Warnie (2026):<\/strong><\/p>\n\n\n\n<figure class=\"wp-block-table\"><table><thead><tr><th>Pozycja<\/th><th>Cena w euro<\/th><th>Orientacyjnie w z\u0142<\/th><\/tr><\/thead><tbody><tr><td>Bilet komunikacji miejskiej (przez aplikacj\u0119)<\/td><td>0,51 \u20ac<\/td><td>ok. 2 z\u0142<\/td><\/tr><tr><td>Op\u0142ata pocz\u0105tkowa taxi \/ cena za 1 km<\/td><td>1,58 \u20ac \/ 0,79 \u20ac<\/td><td>ok. 7 \/ 3,5 z\u0142<\/td><\/tr><tr><td>Espresso w kawiarni<\/td><td>1,99 \u20ac<\/td><td>ok. 8,5 z\u0142<\/td><\/tr><tr><td>Piwo z beczki (0,5 l) w restauracji<\/td><td>2,50 \u2013 2,56 \u20ac<\/td><td>ok. 11 z\u0142<\/td><\/tr><tr><td>Obiad w tradycyjnej mechanie (poza pla\u017c\u0105)<\/td><td>10,00 \u2013 12,00 \u20ac<\/td><td>ok. 43 \u2013 51 z\u0142<\/td><\/tr><tr><td>Kolacja dla dwojga w restauracji \u015bredniej klasy<\/td><td>ok. 52,00 \u20ac<\/td><td>ok. 220 z\u0142<\/td><\/tr><tr><td>Wynajem le\u017caka na pla\u017cy<\/td><td>3,50 \u2013 5,00 \u20ac<\/td><td>ok. 15 \u2013 21 z\u0142<\/td><\/tr><tr><td>Wst\u0119p do g\u0142\u00f3wnych muze\u00f3w<\/td><td>4,00 \u2013 10,00 \u20ac<\/td><td>ok. 17 \u2013 43 z\u0142<\/td><\/tr><\/tbody><\/table><\/figure>\n\n\n\n<p class=\"wp-block-paragraph\"><em>Przeliczenie jest orientacyjne, liczone kursem oko\u0142o 4,3 z\u0142 za euro.<\/em><\/p>\n\n\n\n<figure data-wp-context=\"{&quot;imageId&quot;:&quot;6a9c821ebb529&quot;}\" data-wp-interactive=\"core\/image\" data-wp-key=\"6a9c821ebb529\" class=\"wp-block-image size-full wp-lightbox-container\"><img decoding=\"async\" width=\"1800\" height=\"1350\" data-wp-class--hide=\"state.isContentHidden\" data-wp-class--show=\"state.isContentVisible\" data-wp-init=\"callbacks.setButtonStyles\" data-wp-on--click=\"actions.showLightbox\" data-wp-on--load=\"callbacks.setButtonStyles\" data-wp-on--pointerdown=\"actions.preloadImage\" data-wp-on--pointerenter=\"actions.preloadImageWithDelay\" data-wp-on--pointerleave=\"actions.cancelPreload\" data-wp-on-window--resize=\"callbacks.setButtonStyles\" src=\"https:\/\/loudavymkrokem.cz\/wp-content\/uploads\/2026\/08\/bulharsko-research-varna-03-2c415b95.jpg\" alt=\"Trolejbus \u0160koda w Warnie\" class=\"wp-image-407778\" title=\"\" srcset=\"https:\/\/loudavymkrokem.cz\/wp-content\/uploads\/2026\/08\/bulharsko-research-varna-03-2c415b95.jpg 1800w, https:\/\/loudavymkrokem.cz\/wp-content\/uploads\/2026\/08\/bulharsko-research-varna-03-2c415b95-300x225.jpg 300w, https:\/\/loudavymkrokem.cz\/wp-content\/uploads\/2026\/08\/bulharsko-research-varna-03-2c415b95-700x525.jpg 700w, https:\/\/loudavymkrokem.cz\/wp-content\/uploads\/2026\/08\/bulharsko-research-varna-03-2c415b95-768x576.jpg 768w, https:\/\/loudavymkrokem.cz\/wp-content\/uploads\/2026\/08\/bulharsko-research-varna-03-2c415b95-1536x1152.jpg 1536w, https:\/\/loudavymkrokem.cz\/wp-content\/uploads\/2026\/08\/bulharsko-research-varna-03-2c415b95-80x60.jpg 80w, https:\/\/loudavymkrokem.cz\/wp-content\/uploads\/2026\/08\/bulharsko-research-varna-03-2c415b95-160x120.jpg 160w, https:\/\/loudavymkrokem.cz\/wp-content\/uploads\/2026\/08\/bulharsko-research-varna-03-2c415b95-696x522.jpg 696w, https:\/\/loudavymkrokem.cz\/wp-content\/uploads\/2026\/08\/bulharsko-research-varna-03-2c415b95-1392x1044.jpg 1392w\" sizes=\"(max-width: 1800px) 100vw, 1800px\" \/><button\n\t\t\tclass=\"lightbox-trigger\"\n\t\t\ttype=\"button\"\n\t\t\taria-haspopup=\"dialog\"\n\t\t\tdata-wp-bind--aria-label=\"state.thisImage.triggerButtonAriaLabel\"\n\t\t\tdata-wp-init=\"callbacks.initTriggerButton\"\n\t\t\tdata-wp-on--click=\"actions.showLightbox\"\n\t\t\tdata-wp-style--right=\"state.thisImage.buttonRight\"\n\t\t\tdata-wp-style--top=\"state.thisImage.buttonTop\"\n\t\t>\n\t\t\t<svg xmlns=\"http:\/\/www.w3.org\/2000\/svg\" width=\"12\" height=\"12\" fill=\"none\" viewBox=\"0 0 12 12\">\n\t\t\t\t<path fill=\"#fff\" d=\"M2 0a2 2 0 0 0-2 2v2h1.5V2a.5.5 0 0 1 .5-.5h2V0H2Zm2 10.5H2a.5.5 0 0 1-.5-.5V8H0v2a2 2 0 0 0 2 2h2v-1.5ZM8 12v-1.5h2a.5.5 0 0 0 .5-.5V8H12v2a2 2 0 0 1-2 2H8Zm2-12a2 2 0 0 1 2 2v2h-1.5V2a.5.5 0 0 0-.5-.5H8V0h2Z\" \/>\n\t\t\t<\/svg>\n\t\t<\/button><figcaption class=\"wp-element-caption\">Foto: Powerfox, CC BY-SA 4.0 (Wikimedia Commons)<\/figcaption><\/figure>\n\n\n\n<h2 class=\"wp-block-heading\"><span class=\"ez-toc-section\" id=\"Jak_dostac_sie_do_Warny_i_jak_sie_po_niej_poruszac\"><\/span>Jak dosta\u0107 si\u0119 do Warny i jak si\u0119 po niej porusza\u0107<span class=\"ez-toc-section-end\"><\/span><\/h2>\n\n\n\n<p class=\"wp-block-paragraph\"><a href=\"https:\/\/varna-airport.bg\/\" rel=\"nofollow noopener\" target=\"_blank\">Lotnisko Warna (VAR)<\/a> le\u017cy <strong>zaledwie 8 kilometr\u00f3w na zach\u00f3d od centrum<\/strong>. Odprawia niespe\u0142na dwa miliony pasa\u017cer\u00f3w rocznie, a w sezonie letnim lataj\u0105 tu bezpo\u015brednie po\u0142\u0105czenia z Polski \u2014 Wizz Air i Ryanair obs\u0142uguj\u0105 loty z Warszawy, Krakowa czy Katowic. Sama droga z lotniska do centrum jest b\u0142yskawiczna, zajmuje <strong>niespe\u0142na 20 minut<\/strong>.<\/p>\n\n\n\n<p class=\"wp-block-paragraph\">Najta\u0144sz\u0105 drog\u0105 z lotniska jest <strong>linia autobusowa 409<\/strong>, kt\u00f3ra przeje\u017cd\u017ca przez dworzec autobusowy prosto do centrum pod Katedr\u0119, a latem jedzie dalej a\u017c na Z\u0142ote Piaski. Tu jednak czyha <strong>du\u017ca turystyczna pu\u0142apka<\/strong>. T\u0119 lini\u0119 obs\u0142uguj\u0105 r\u00f3wnolegle dwie r\u00f3\u017cne firmy przewozowe. Je\u015bli kupisz bilet w automacie, obowi\u0105zuje on wy\u0142\u0105cznie w pojazdach miejskiego przewo\u017anika Gradski Transport. Je\u015bli zatrzyma ci si\u0119 pojazd drugiego przewo\u017anika, musisz kupi\u0107 bilet jeszcze raz u konduktora w \u015brodku.<\/p>\n\n\n\n<p class=\"wp-block-paragraph\">Do poruszania si\u0119 po mie\u015bcie komunikacja miejska jest do\u015b\u0107 niezawodna, ale ma swoje pu\u0142apki. <strong>Automaty na przystankach przyjmuj\u0105 wy\u0142\u0105cznie monety euro.<\/strong> \u017badnych banknot\u00f3w, \u017cadnych kart. Je\u015bli nie masz drobnych, po prostu nie kupisz biletu. Zdecydowanie najlepszym rozwi\u0105zaniem jest pobranie <strong>nowej aplikacji <a href=\"https:\/\/varnatraffic.com\/\" rel=\"nofollow noopener\" target=\"_blank\">TTickets Varna<\/a><\/strong>. Zap\u0142acisz w niej kart\u0105, a bilet elektroniczny kosztuje <strong>tylko 0,51 \u20ac<\/strong>, podczas gdy papierowy z automatu wyjdzie ci\u0119 na r\u00f3wne 1 euro.<\/p>\n\n\n\n<p class=\"wp-block-paragraph\">Je\u015bli planujesz wypo\u017cyczy\u0107 auto, przygotuj si\u0119 na specyfik\u0119 tutejszego parkowania. <strong>Strefa niebieska w centrum Warny obowi\u0105zuje od poniedzia\u0142ku do niedzieli<\/strong>, co jest najcz\u0119stsz\u0105 pu\u0142apk\u0105 dla turyst\u00f3w, kt\u00f3rzy s\u0105dz\u0105, \u017ce w weekend parkuj\u0105 za darmo. Warna w dodatku <strong>nie ma klasycznych parkomat\u00f3w<\/strong>. Op\u0142at\u0119 za parkowanie (0,51 \u20ac za godzin\u0119) uiszcza si\u0119 przez SMS, co z polskiego numeru cz\u0119sto bywa zawodne, albo znacznie lepiej <strong>przez aplikacj\u0119 MPark<\/strong>. Je\u015bli nie zap\u0142acisz, blokada na ko\u0142o wyjdzie ci\u0119 na ponad 10 euro \u2014 mo\u017cesz j\u0105 op\u0142aci\u0107 od razu online, bez czekania przy aucie.<\/p>\n\n\n\n<p class=\"wp-block-paragraph\">Taks\u00f3wki w Warnie s\u0105 do\u015b\u0107 tanie, dzienna stawka to <strong>0,79 \u20ac za kilometr<\/strong>. Zawsze jednak wybieraj uczciwe firmy (na przyk\u0142ad Triumf, Omega Trans lub Hipo) i pami\u0119taj, \u017ce <strong>Bolt ani Uber nie realizuj\u0105 w Warnie przejazd\u00f3w<\/strong> (Bolt oferuje tu jedynie hulajnogi i dow\u00f3z jedzenia). Zam\u00f3wienie taks\u00f3wki telefonicznie lub przez aplikacj\u0119 danej firmy jest bezp\u0142atne, dlatego nie ma sensu bra\u0107 przypadkowego auta z ulicy, gdzie grozi ci zawy\u017cona cena.<\/p>\n\n\n\n<figure data-wp-context=\"{&quot;imageId&quot;:&quot;6a9c821ebbd08&quot;}\" data-wp-interactive=\"core\/image\" data-wp-key=\"6a9c821ebbd08\" class=\"wp-block-image size-full wp-lightbox-container\"><img decoding=\"async\" width=\"1800\" height=\"1012\" data-wp-class--hide=\"state.isContentHidden\" data-wp-class--show=\"state.isContentVisible\" data-wp-init=\"callbacks.setButtonStyles\" data-wp-on--click=\"actions.showLightbox\" data-wp-on--load=\"callbacks.setButtonStyles\" data-wp-on--pointerdown=\"actions.preloadImage\" data-wp-on--pointerenter=\"actions.preloadImageWithDelay\" data-wp-on--pointerleave=\"actions.cancelPreload\" data-wp-on-window--resize=\"callbacks.setButtonStyles\" src=\"https:\/\/loudavymkrokem.cz\/wp-content\/uploads\/2026\/08\/bulharsko-research-varna-04-0df9e0d1.jpg\" alt=\"Budynek Muzeum Archeologicznego w Warnie, dawne gimnazjum \u017ce\u0144skie\" class=\"wp-image-407779\" title=\"\" srcset=\"https:\/\/loudavymkrokem.cz\/wp-content\/uploads\/2026\/08\/bulharsko-research-varna-04-0df9e0d1.jpg 1800w, https:\/\/loudavymkrokem.cz\/wp-content\/uploads\/2026\/08\/bulharsko-research-varna-04-0df9e0d1-300x169.jpg 300w, https:\/\/loudavymkrokem.cz\/wp-content\/uploads\/2026\/08\/bulharsko-research-varna-04-0df9e0d1-700x394.jpg 700w, https:\/\/loudavymkrokem.cz\/wp-content\/uploads\/2026\/08\/bulharsko-research-varna-04-0df9e0d1-768x432.jpg 768w, https:\/\/loudavymkrokem.cz\/wp-content\/uploads\/2026\/08\/bulharsko-research-varna-04-0df9e0d1-1536x864.jpg 1536w, https:\/\/loudavymkrokem.cz\/wp-content\/uploads\/2026\/08\/bulharsko-research-varna-04-0df9e0d1-696x391.jpg 696w, https:\/\/loudavymkrokem.cz\/wp-content\/uploads\/2026\/08\/bulharsko-research-varna-04-0df9e0d1-1392x783.jpg 1392w\" sizes=\"(max-width: 1800px) 100vw, 1800px\" \/><button\n\t\t\tclass=\"lightbox-trigger\"\n\t\t\ttype=\"button\"\n\t\t\taria-haspopup=\"dialog\"\n\t\t\tdata-wp-bind--aria-label=\"state.thisImage.triggerButtonAriaLabel\"\n\t\t\tdata-wp-init=\"callbacks.initTriggerButton\"\n\t\t\tdata-wp-on--click=\"actions.showLightbox\"\n\t\t\tdata-wp-style--right=\"state.thisImage.buttonRight\"\n\t\t\tdata-wp-style--top=\"state.thisImage.buttonTop\"\n\t\t>\n\t\t\t<svg xmlns=\"http:\/\/www.w3.org\/2000\/svg\" width=\"12\" height=\"12\" fill=\"none\" viewBox=\"0 0 12 12\">\n\t\t\t\t<path fill=\"#fff\" d=\"M2 0a2 2 0 0 0-2 2v2h1.5V2a.5.5 0 0 1 .5-.5h2V0H2Zm2 10.5H2a.5.5 0 0 1-.5-.5V8H0v2a2 2 0 0 0 2 2h2v-1.5ZM8 12v-1.5h2a.5.5 0 0 0 .5-.5V8H12v2a2 2 0 0 1-2 2H8Zm2-12a2 2 0 0 1 2 2v2h-1.5V2a.5.5 0 0 0-.5-.5H8V0h2Z\" \/>\n\t\t\t<\/svg>\n\t\t<\/button><figcaption class=\"wp-element-caption\">Foto: karel291, CC BY 3.0 (Wikimedia Commons)<\/figcaption><\/figure>\n\n\n\n<h2 class=\"wp-block-heading\"><span class=\"ez-toc-section\" id=\"Historyczne_centrum_i_muzea_%E2%80%94_najwazniejsze_atrakcje_Warny\"><\/span>Historyczne centrum i muzea \u2014 najwa\u017cniejsze atrakcje Warny<span class=\"ez-toc-section-end\"><\/span><\/h2>\n\n\n\n<p class=\"wp-block-paragraph\">Warna ma pi\u0119kne, <strong>zwarte centrum<\/strong>, po kt\u00f3rym <strong>najlepiej spacerowa\u0107 pieszo<\/strong>. Natkniesz si\u0119 tu na pozosta\u0142o\u015bci pot\u0119\u017cnego Rzymu, osza\u0142amiaj\u0105ce zbiory z zarania ludzko\u015bci oraz pami\u0105tki najnowszej historii.<\/p>\n\n\n\n<figure data-wp-context=\"{&quot;imageId&quot;:&quot;6a9c821ebc2cb&quot;}\" data-wp-interactive=\"core\/image\" data-wp-key=\"6a9c821ebc2cb\" class=\"wp-block-image size-full wp-lightbox-container\"><img decoding=\"async\" width=\"1800\" height=\"1207\" data-wp-class--hide=\"state.isContentHidden\" data-wp-class--show=\"state.isContentVisible\" data-wp-init=\"callbacks.setButtonStyles\" data-wp-on--click=\"actions.showLightbox\" data-wp-on--load=\"callbacks.setButtonStyles\" data-wp-on--pointerdown=\"actions.preloadImage\" data-wp-on--pointerenter=\"actions.preloadImageWithDelay\" data-wp-on--pointerleave=\"actions.cancelPreload\" data-wp-on-window--resize=\"callbacks.setButtonStyles\" src=\"https:\/\/loudavymkrokem.cz\/wp-content\/uploads\/2026\/08\/bulharsko-research-varna-05-d71bfb98.jpg\" alt=\"Skarb Warne\u0144ski w Muzeum Archeologicznym\" class=\"wp-image-407780\" title=\"\" srcset=\"https:\/\/loudavymkrokem.cz\/wp-content\/uploads\/2026\/08\/bulharsko-research-varna-05-d71bfb98.jpg 1800w, https:\/\/loudavymkrokem.cz\/wp-content\/uploads\/2026\/08\/bulharsko-research-varna-05-d71bfb98-300x201.jpg 300w, https:\/\/loudavymkrokem.cz\/wp-content\/uploads\/2026\/08\/bulharsko-research-varna-05-d71bfb98-700x469.jpg 700w, https:\/\/loudavymkrokem.cz\/wp-content\/uploads\/2026\/08\/bulharsko-research-varna-05-d71bfb98-768x515.jpg 768w, https:\/\/loudavymkrokem.cz\/wp-content\/uploads\/2026\/08\/bulharsko-research-varna-05-d71bfb98-1536x1030.jpg 1536w, https:\/\/loudavymkrokem.cz\/wp-content\/uploads\/2026\/08\/bulharsko-research-varna-05-d71bfb98-696x467.jpg 696w, https:\/\/loudavymkrokem.cz\/wp-content\/uploads\/2026\/08\/bulharsko-research-varna-05-d71bfb98-1392x933.jpg 1392w\" sizes=\"(max-width: 1800px) 100vw, 1800px\" \/><button\n\t\t\tclass=\"lightbox-trigger\"\n\t\t\ttype=\"button\"\n\t\t\taria-haspopup=\"dialog\"\n\t\t\tdata-wp-bind--aria-label=\"state.thisImage.triggerButtonAriaLabel\"\n\t\t\tdata-wp-init=\"callbacks.initTriggerButton\"\n\t\t\tdata-wp-on--click=\"actions.showLightbox\"\n\t\t\tdata-wp-style--right=\"state.thisImage.buttonRight\"\n\t\t\tdata-wp-style--top=\"state.thisImage.buttonTop\"\n\t\t>\n\t\t\t<svg xmlns=\"http:\/\/www.w3.org\/2000\/svg\" width=\"12\" height=\"12\" fill=\"none\" viewBox=\"0 0 12 12\">\n\t\t\t\t<path fill=\"#fff\" d=\"M2 0a2 2 0 0 0-2 2v2h1.5V2a.5.5 0 0 1 .5-.5h2V0H2Zm2 10.5H2a.5.5 0 0 1-.5-.5V8H0v2a2 2 0 0 0 2 2h2v-1.5ZM8 12v-1.5h2a.5.5 0 0 0 .5-.5V8H12v2a2 2 0 0 1-2 2H8Zm2-12a2 2 0 0 1 2 2v2h-1.5V2a.5.5 0 0 0-.5-.5H8V0h2Z\" \/>\n\t\t\t<\/svg>\n\t\t<\/button><figcaption class=\"wp-element-caption\">Foto: Ivano Giambattista, CC0 (Wikimedia Commons)<\/figcaption><\/figure>\n\n\n\n<h3 class=\"wp-block-heading\"><span class=\"ez-toc-section\" id=\"1_Muzeum_Archeologiczne_i_najstarsze_zloto_swiata\"><\/span>1. Muzeum Archeologiczne i najstarsze z\u0142oto \u015bwiata<span class=\"ez-toc-section-end\"><\/span><\/h3>\n\n\n\n<p class=\"wp-block-paragraph\">To nie jest zwyk\u0142e muzeum miejskie. W\u0142a\u015bnie tutaj mo\u017cna zobaczy\u0107 s\u0142ynny <strong>Skarb Warne\u0144ski<\/strong>, kt\u00f3ry przypadkowo odkry\u0142 operator koparki w 1972 roku. Badania wykaza\u0142y, \u017ce przedmioty pochodz\u0105 mniej wi\u0119cej z lat <strong>4600\u20134200 p.n.e.<\/strong>, co czyni je najstarszym obrobionym z\u0142otem znalezionym gdziekolwiek na \u015bwiecie. Waga i liczba tych z\u0142otych znalezisk wielokrotnie przewy\u017csza sum\u0119 wszystkich z\u0142otych przedmiot\u00f3w odnalezionych w tym samym okresie na ca\u0142ym \u015bwiecie, \u0142\u0105cznie z Mezopotami\u0105 i Egiptem.<\/p>\n\n\n\n<p class=\"wp-block-paragraph\">Najs\u0142ynniejszym eksponatem jest replika <strong>grobu numer 43<\/strong>, kt\u00f3ry zawiera\u0142 ponad tysi\u0105c z\u0142otych przedmiot\u00f3w o wadze przekraczaj\u0105cej 1,5 kilograma. D\u0142ugo s\u0105dzono, \u017ce to szcz\u0105tki pot\u0119\u017cnego ksi\u0119cia, ale wsp\u00f3\u0142czesna archeologia sk\u0142ania si\u0119 ku temu, \u017ce by\u0142 to <strong>wysoko postawiony kowal<\/strong>. Samo muzeum mie\u015bci si\u0119 w pi\u0119knym budynku dawnego gimnazjum \u017ce\u0144skiego. \ud83d\udca1 <strong>Wskaz\u00f3wka:<\/strong> Bilety za 10 \u20ac kupisz <strong>tylko w kasie stacjonarnej<\/strong>, muzeum ostrzega przed sprzeda\u017c\u0105 online od po\u015brednik\u00f3w. W sezonie zimowym (od pa\u017adziernika do kwietnia) jest ponadto zamkni\u0119te w niedziel\u0119 i poniedzia\u0142ek.<\/p>\n\n\n\n<figure data-wp-context=\"{&quot;imageId&quot;:&quot;6a9c821ebc935&quot;}\" data-wp-interactive=\"core\/image\" data-wp-key=\"6a9c821ebc935\" class=\"wp-block-image size-full wp-lightbox-container\"><img decoding=\"async\" width=\"1800\" height=\"1200\" data-wp-class--hide=\"state.isContentHidden\" data-wp-class--show=\"state.isContentVisible\" data-wp-init=\"callbacks.setButtonStyles\" data-wp-on--click=\"actions.showLightbox\" data-wp-on--load=\"callbacks.setButtonStyles\" data-wp-on--pointerdown=\"actions.preloadImage\" data-wp-on--pointerenter=\"actions.preloadImageWithDelay\" data-wp-on--pointerleave=\"actions.cancelPreload\" data-wp-on-window--resize=\"callbacks.setButtonStyles\" src=\"https:\/\/loudavymkrokem.cz\/wp-content\/uploads\/2026\/08\/bulharsko-research-varna-06-51bd3e82.jpg\" alt=\"Termy rzymskie w Warnie\" class=\"wp-image-407781\" title=\"\" srcset=\"https:\/\/loudavymkrokem.cz\/wp-content\/uploads\/2026\/08\/bulharsko-research-varna-06-51bd3e82.jpg 1800w, https:\/\/loudavymkrokem.cz\/wp-content\/uploads\/2026\/08\/bulharsko-research-varna-06-51bd3e82-300x200.jpg 300w, https:\/\/loudavymkrokem.cz\/wp-content\/uploads\/2026\/08\/bulharsko-research-varna-06-51bd3e82-700x467.jpg 700w, https:\/\/loudavymkrokem.cz\/wp-content\/uploads\/2026\/08\/bulharsko-research-varna-06-51bd3e82-768x512.jpg 768w, https:\/\/loudavymkrokem.cz\/wp-content\/uploads\/2026\/08\/bulharsko-research-varna-06-51bd3e82-1536x1024.jpg 1536w, https:\/\/loudavymkrokem.cz\/wp-content\/uploads\/2026\/08\/bulharsko-research-varna-06-51bd3e82-696x464.jpg 696w, https:\/\/loudavymkrokem.cz\/wp-content\/uploads\/2026\/08\/bulharsko-research-varna-06-51bd3e82-1392x928.jpg 1392w\" sizes=\"(max-width: 1800px) 100vw, 1800px\" \/><button\n\t\t\tclass=\"lightbox-trigger\"\n\t\t\ttype=\"button\"\n\t\t\taria-haspopup=\"dialog\"\n\t\t\tdata-wp-bind--aria-label=\"state.thisImage.triggerButtonAriaLabel\"\n\t\t\tdata-wp-init=\"callbacks.initTriggerButton\"\n\t\t\tdata-wp-on--click=\"actions.showLightbox\"\n\t\t\tdata-wp-style--right=\"state.thisImage.buttonRight\"\n\t\t\tdata-wp-style--top=\"state.thisImage.buttonTop\"\n\t\t>\n\t\t\t<svg xmlns=\"http:\/\/www.w3.org\/2000\/svg\" width=\"12\" height=\"12\" fill=\"none\" viewBox=\"0 0 12 12\">\n\t\t\t\t<path fill=\"#fff\" d=\"M2 0a2 2 0 0 0-2 2v2h1.5V2a.5.5 0 0 1 .5-.5h2V0H2Zm2 10.5H2a.5.5 0 0 1-.5-.5V8H0v2a2 2 0 0 0 2 2h2v-1.5ZM8 12v-1.5h2a.5.5 0 0 0 .5-.5V8H12v2a2 2 0 0 1-2 2H8Zm2-12a2 2 0 0 1 2 2v2h-1.5V2a.5.5 0 0 0-.5-.5H8V0h2Z\" \/>\n\t\t\t<\/svg>\n\t\t<\/button><figcaption class=\"wp-element-caption\">Foto: Dina Rogatnykh, CC BY-SA 4.0 (Wikimedia Commons)<\/figcaption><\/figure>\n\n\n\n<h3 class=\"wp-block-heading\"><span class=\"ez-toc-section\" id=\"2_Termy_rzymskie_Odessos\"><\/span>2. Termy rzymskie (Odessos)<span class=\"ez-toc-section-end\"><\/span><\/h3>\n\n\n\n<p class=\"wp-block-paragraph\">W samym sercu miasta, ukryte mi\u0119dzy blokami mieszkalnymi, le\u017c\u0105 ruiny antycznego Odessos. Te termy, zbudowane na prze\u0142omie II i III wieku naszej ery, rozci\u0105gaj\u0105 si\u0119 na imponuj\u0105cej powierzchni ponad 7000 metr\u00f3w kwadratowych. To <strong>najwi\u0119ksze rzymskie termy na Ba\u0142kanach<\/strong>, a wed\u0142ug warne\u0144skiej centrali turystycznej wr\u0119cz czwarte co do wielko\u015bci w Europie.<\/p>\n\n\n\n<p class=\"wp-block-paragraph\">Podczas spaceru w\u015br\u00f3d pot\u0119\u017cnych mur\u00f3w, kt\u00f3re miejscami wznosz\u0105 si\u0119 a\u017c na 22 metry, pi\u0119knie rozpoznasz system ogrzewania pod\u0142ogowego (hypocaustum). Ich datowanie umo\u017cliwi\u0142o znalezisko monet z czas\u00f3w cesarza Septymiusza Sewera. Latem pod\u015bwietlone ruiny s\u0142u\u017c\u0105 jako absolutnie magiczna sceneria dla letniego teatru i koncert\u00f3w. \ud83d\udca1 <strong>Wskaz\u00f3wka:<\/strong> Podstawowy wst\u0119p to 4 \u20ac. Je\u015bli podr\u00f3\u017cujesz poza sezonem, pami\u0119taj, \u017ce <strong>termy maj\u0105 zim\u0105 odwr\u00f3cony dzie\u0144 zamkni\u0119cia<\/strong> i nie wejdziesz do nich w niedziel\u0119 i poniedzia\u0142ek. (Uwaga, mniejsze Ma\u0142e Termy Rzymskie tu\u017c obok bywaj\u0105 cz\u0119sto zamkni\u0119te, dost\u0119p lepiej sprawd\u017a na miejscu).<\/p>\n\n\n\n<figure data-wp-context=\"{&quot;imageId&quot;:&quot;6a9c821ebcf8f&quot;}\" data-wp-interactive=\"core\/image\" data-wp-key=\"6a9c821ebcf8f\" class=\"wp-block-image size-full wp-lightbox-container\"><img decoding=\"async\" width=\"1800\" height=\"1572\" data-wp-class--hide=\"state.isContentHidden\" data-wp-class--show=\"state.isContentVisible\" data-wp-init=\"callbacks.setButtonStyles\" data-wp-on--click=\"actions.showLightbox\" data-wp-on--load=\"callbacks.setButtonStyles\" data-wp-on--pointerdown=\"actions.preloadImage\" data-wp-on--pointerenter=\"actions.preloadImageWithDelay\" data-wp-on--pointerleave=\"actions.cancelPreload\" data-wp-on-window--resize=\"callbacks.setButtonStyles\" src=\"https:\/\/loudavymkrokem.cz\/wp-content\/uploads\/2026\/08\/bulharsko-research-varna-07-df780fd6.jpg\" alt=\"Katedra Za\u015bni\u0119cia Matki Bo\u017cej w Warnie\" class=\"wp-image-407782\" title=\"\" srcset=\"https:\/\/loudavymkrokem.cz\/wp-content\/uploads\/2026\/08\/bulharsko-research-varna-07-df780fd6.jpg 1800w, https:\/\/loudavymkrokem.cz\/wp-content\/uploads\/2026\/08\/bulharsko-research-varna-07-df780fd6-300x262.jpg 300w, https:\/\/loudavymkrokem.cz\/wp-content\/uploads\/2026\/08\/bulharsko-research-varna-07-df780fd6-700x611.jpg 700w, https:\/\/loudavymkrokem.cz\/wp-content\/uploads\/2026\/08\/bulharsko-research-varna-07-df780fd6-768x671.jpg 768w, https:\/\/loudavymkrokem.cz\/wp-content\/uploads\/2026\/08\/bulharsko-research-varna-07-df780fd6-1536x1341.jpg 1536w, https:\/\/loudavymkrokem.cz\/wp-content\/uploads\/2026\/08\/bulharsko-research-varna-07-df780fd6-696x608.jpg 696w, https:\/\/loudavymkrokem.cz\/wp-content\/uploads\/2026\/08\/bulharsko-research-varna-07-df780fd6-1392x1216.jpg 1392w\" sizes=\"(max-width: 1800px) 100vw, 1800px\" \/><button\n\t\t\tclass=\"lightbox-trigger\"\n\t\t\ttype=\"button\"\n\t\t\taria-haspopup=\"dialog\"\n\t\t\tdata-wp-bind--aria-label=\"state.thisImage.triggerButtonAriaLabel\"\n\t\t\tdata-wp-init=\"callbacks.initTriggerButton\"\n\t\t\tdata-wp-on--click=\"actions.showLightbox\"\n\t\t\tdata-wp-style--right=\"state.thisImage.buttonRight\"\n\t\t\tdata-wp-style--top=\"state.thisImage.buttonTop\"\n\t\t>\n\t\t\t<svg xmlns=\"http:\/\/www.w3.org\/2000\/svg\" width=\"12\" height=\"12\" fill=\"none\" viewBox=\"0 0 12 12\">\n\t\t\t\t<path fill=\"#fff\" d=\"M2 0a2 2 0 0 0-2 2v2h1.5V2a.5.5 0 0 1 .5-.5h2V0H2Zm2 10.5H2a.5.5 0 0 1-.5-.5V8H0v2a2 2 0 0 0 2 2h2v-1.5ZM8 12v-1.5h2a.5.5 0 0 0 .5-.5V8H12v2a2 2 0 0 1-2 2H8Zm2-12a2 2 0 0 1 2 2v2h-1.5V2a.5.5 0 0 0-.5-.5H8V0h2Z\" \/>\n\t\t\t<\/svg>\n\t\t<\/button><figcaption class=\"wp-element-caption\">Foto: MrPanyGoff, CC BY-SA 3.0 (Wikimedia Commons)<\/figcaption><\/figure>\n\n\n\n<h3 class=\"wp-block-heading\"><span class=\"ez-toc-section\" id=\"3_Katedra_Zasniecia_Matki_Bozej\"><\/span>3. Katedra Za\u015bni\u0119cia Matki Bo\u017cej<span class=\"ez-toc-section-end\"><\/span><\/h3>\n\n\n\n<p class=\"wp-block-paragraph\">Z\u0142ote kopu\u0142y tej monumentalnej budowli stanowi\u0105 g\u0142\u00f3wny punkt orientacyjny ca\u0142ej Warny. Katedr\u0119 zbudowano na wz\u00f3r \u015bwi\u0105tyni w rosyjskim Peterhofie, a jej kamie\u0144 w\u0119gielny po\u0142o\u017cy\u0142 ksi\u0105\u017c\u0119 Aleksander I Battenberg w 1880 roku. W \u015brodku zachwyc\u0105 ci\u0119 bogato zdobione freski i wspania\u0142y drewniany ikonostas. W sierpniu 2026 roku katedra \u015bwi\u0119tuje dok\u0142adnie <strong>140 lat od pierwszego nabo\u017ce\u0144stwa<\/strong>. \ud83d\udca1 <strong>Wskaz\u00f3wka:<\/strong> Wst\u0119p do katedry jest <strong>ca\u0142kowicie bezp\u0142atny<\/strong>, a otwarta jest codziennie od 7:00 do 17:30.<\/p>\n\n\n\n<figure data-wp-context=\"{&quot;imageId&quot;:&quot;6a9c821ebd5a3&quot;}\" data-wp-interactive=\"core\/image\" data-wp-key=\"6a9c821ebd5a3\" class=\"wp-block-image size-full wp-lightbox-container\"><img decoding=\"async\" width=\"1800\" height=\"1350\" data-wp-class--hide=\"state.isContentHidden\" data-wp-class--show=\"state.isContentVisible\" data-wp-init=\"callbacks.setButtonStyles\" data-wp-on--click=\"actions.showLightbox\" data-wp-on--load=\"callbacks.setButtonStyles\" data-wp-on--pointerdown=\"actions.preloadImage\" data-wp-on--pointerenter=\"actions.preloadImageWithDelay\" data-wp-on--pointerleave=\"actions.cancelPreload\" data-wp-on-window--resize=\"callbacks.setButtonStyles\" src=\"https:\/\/loudavymkrokem.cz\/wp-content\/uploads\/2026\/08\/bulharsko-research-varna-08-0a22195f.jpg\" alt=\"Torpedowiec Drazki w Muzeum Marynarki Wojennej w Warnie\" class=\"wp-image-407783\" title=\"\" srcset=\"https:\/\/loudavymkrokem.cz\/wp-content\/uploads\/2026\/08\/bulharsko-research-varna-08-0a22195f.jpg 1800w, https:\/\/loudavymkrokem.cz\/wp-content\/uploads\/2026\/08\/bulharsko-research-varna-08-0a22195f-300x225.jpg 300w, https:\/\/loudavymkrokem.cz\/wp-content\/uploads\/2026\/08\/bulharsko-research-varna-08-0a22195f-700x525.jpg 700w, https:\/\/loudavymkrokem.cz\/wp-content\/uploads\/2026\/08\/bulharsko-research-varna-08-0a22195f-768x576.jpg 768w, https:\/\/loudavymkrokem.cz\/wp-content\/uploads\/2026\/08\/bulharsko-research-varna-08-0a22195f-1536x1152.jpg 1536w, https:\/\/loudavymkrokem.cz\/wp-content\/uploads\/2026\/08\/bulharsko-research-varna-08-0a22195f-80x60.jpg 80w, https:\/\/loudavymkrokem.cz\/wp-content\/uploads\/2026\/08\/bulharsko-research-varna-08-0a22195f-160x120.jpg 160w, https:\/\/loudavymkrokem.cz\/wp-content\/uploads\/2026\/08\/bulharsko-research-varna-08-0a22195f-696x522.jpg 696w, https:\/\/loudavymkrokem.cz\/wp-content\/uploads\/2026\/08\/bulharsko-research-varna-08-0a22195f-1392x1044.jpg 1392w\" sizes=\"(max-width: 1800px) 100vw, 1800px\" \/><button\n\t\t\tclass=\"lightbox-trigger\"\n\t\t\ttype=\"button\"\n\t\t\taria-haspopup=\"dialog\"\n\t\t\tdata-wp-bind--aria-label=\"state.thisImage.triggerButtonAriaLabel\"\n\t\t\tdata-wp-init=\"callbacks.initTriggerButton\"\n\t\t\tdata-wp-on--click=\"actions.showLightbox\"\n\t\t\tdata-wp-style--right=\"state.thisImage.buttonRight\"\n\t\t\tdata-wp-style--top=\"state.thisImage.buttonTop\"\n\t\t>\n\t\t\t<svg xmlns=\"http:\/\/www.w3.org\/2000\/svg\" width=\"12\" height=\"12\" fill=\"none\" viewBox=\"0 0 12 12\">\n\t\t\t\t<path fill=\"#fff\" d=\"M2 0a2 2 0 0 0-2 2v2h1.5V2a.5.5 0 0 1 .5-.5h2V0H2Zm2 10.5H2a.5.5 0 0 1-.5-.5V8H0v2a2 2 0 0 0 2 2h2v-1.5ZM8 12v-1.5h2a.5.5 0 0 0 .5-.5V8H12v2a2 2 0 0 1-2 2H8Zm2-12a2 2 0 0 1 2 2v2h-1.5V2a.5.5 0 0 0-.5-.5H8V0h2Z\" \/>\n\t\t\t<\/svg>\n\t\t<\/button><figcaption class=\"wp-element-caption\">Foto: Micha\u0142 Derela, CC BY-SA 4.0 (Wikimedia Commons)<\/figcaption><\/figure>\n\n\n\n<h3 class=\"wp-block-heading\"><span class=\"ez-toc-section\" id=\"4_Muzeum_Marynarki_Wojennej_i_torpedowiec_Drazki\"><\/span>4. Muzeum Marynarki Wojennej i torpedowiec Drazki<span class=\"ez-toc-section-end\"><\/span><\/h3>\n\n\n\n<p class=\"wp-block-paragraph\">Bu\u0142garia jest dumna ze swojej historii morskiej, a Warna jest g\u0142\u00f3wn\u0105 siedzib\u0105 jej floty. Najwi\u0119ksz\u0105 atrakcj\u0105 tego muzeum nie jest wewn\u0119trzna ekspozycja, lecz zewn\u0119trzny park, gdzie stoi <strong>torpedowiec Drazki<\/strong>. To jedyny zachowany na \u015bwiecie niszczyciel torpedowy swojego typu. Ten niepozorny okr\u0119t zas\u0142yn\u0105\u0142 w 1912 roku, gdy z bezpo\u015bredniej blisko\u015bci zaledwie stu metr\u00f3w skutecznie storpedowa\u0142 pot\u0119\u017cny turecki kr\u0105\u017cownik Hamidije. \ud83d\udca1 <strong>Wskaz\u00f3wka:<\/strong> Przestrza\u0142 od od\u0142amka z tej s\u0142ynnej bitwy jest do dzi\u015b widoczny w drugim kominie okr\u0119tu. Bilet \u0142\u0105czony do muzeum i na pok\u0142ad okr\u0119tu wyjdzie na 4,09 \u20ac, a <strong>w ostatni\u0105 \u015brod\u0119 miesi\u0105ca wst\u0119p jest bezp\u0142atny<\/strong>.<\/p>\n\n\n\n<figure data-wp-context=\"{&quot;imageId&quot;:&quot;6a9c821ebdbb3&quot;}\" data-wp-interactive=\"core\/image\" data-wp-key=\"6a9c821ebdbb3\" class=\"wp-block-image size-full wp-lightbox-container\"><img decoding=\"async\" width=\"1800\" height=\"1200\" data-wp-class--hide=\"state.isContentHidden\" data-wp-class--show=\"state.isContentVisible\" data-wp-init=\"callbacks.setButtonStyles\" data-wp-on--click=\"actions.showLightbox\" data-wp-on--load=\"callbacks.setButtonStyles\" data-wp-on--pointerdown=\"actions.preloadImage\" data-wp-on--pointerenter=\"actions.preloadImageWithDelay\" data-wp-on--pointerleave=\"actions.cancelPreload\" data-wp-on-window--resize=\"callbacks.setButtonStyles\" src=\"https:\/\/loudavymkrokem.cz\/wp-content\/uploads\/2026\/08\/bulharsko-research-varna-09-1de3faeb.jpg\" alt=\"Muzeum Etnograficzne w Warnie\" class=\"wp-image-407784\" title=\"\" srcset=\"https:\/\/loudavymkrokem.cz\/wp-content\/uploads\/2026\/08\/bulharsko-research-varna-09-1de3faeb.jpg 1800w, https:\/\/loudavymkrokem.cz\/wp-content\/uploads\/2026\/08\/bulharsko-research-varna-09-1de3faeb-300x200.jpg 300w, https:\/\/loudavymkrokem.cz\/wp-content\/uploads\/2026\/08\/bulharsko-research-varna-09-1de3faeb-700x467.jpg 700w, https:\/\/loudavymkrokem.cz\/wp-content\/uploads\/2026\/08\/bulharsko-research-varna-09-1de3faeb-768x512.jpg 768w, https:\/\/loudavymkrokem.cz\/wp-content\/uploads\/2026\/08\/bulharsko-research-varna-09-1de3faeb-1536x1024.jpg 1536w, https:\/\/loudavymkrokem.cz\/wp-content\/uploads\/2026\/08\/bulharsko-research-varna-09-1de3faeb-696x464.jpg 696w, https:\/\/loudavymkrokem.cz\/wp-content\/uploads\/2026\/08\/bulharsko-research-varna-09-1de3faeb-1392x928.jpg 1392w\" sizes=\"(max-width: 1800px) 100vw, 1800px\" \/><button\n\t\t\tclass=\"lightbox-trigger\"\n\t\t\ttype=\"button\"\n\t\t\taria-haspopup=\"dialog\"\n\t\t\tdata-wp-bind--aria-label=\"state.thisImage.triggerButtonAriaLabel\"\n\t\t\tdata-wp-init=\"callbacks.initTriggerButton\"\n\t\t\tdata-wp-on--click=\"actions.showLightbox\"\n\t\t\tdata-wp-style--right=\"state.thisImage.buttonRight\"\n\t\t\tdata-wp-style--top=\"state.thisImage.buttonTop\"\n\t\t>\n\t\t\t<svg xmlns=\"http:\/\/www.w3.org\/2000\/svg\" width=\"12\" height=\"12\" fill=\"none\" viewBox=\"0 0 12 12\">\n\t\t\t\t<path fill=\"#fff\" d=\"M2 0a2 2 0 0 0-2 2v2h1.5V2a.5.5 0 0 1 .5-.5h2V0H2Zm2 10.5H2a.5.5 0 0 1-.5-.5V8H0v2a2 2 0 0 0 2 2h2v-1.5ZM8 12v-1.5h2a.5.5 0 0 0 .5-.5V8H12v2a2 2 0 0 1-2 2H8Zm2-12a2 2 0 0 1 2 2v2h-1.5V2a.5.5 0 0 0-.5-.5H8V0h2Z\" \/>\n\t\t\t<\/svg>\n\t\t<\/button><figcaption class=\"wp-element-caption\">Foto: Ilonamay, CC BY-SA 3.0 (Wikimedia Commons)<\/figcaption><\/figure>\n\n\n\n<h3 class=\"wp-block-heading\"><span class=\"ez-toc-section\" id=\"5_Muzeum_Etnograficzne\"><\/span>5. Muzeum Etnograficzne<span class=\"ez-toc-section-end\"><\/span><\/h3>\n\n\n\n<p class=\"wp-block-paragraph\">Je\u015bli chcesz nasi\u0105kn\u0105\u0107 atmosfer\u0105 starej Bu\u0142garii, wybierz si\u0119 do tego muzeum mieszcz\u0105cego si\u0119 w pi\u0119knie odrestaurowanym domu z XIX wieku. Dowiesz si\u0119 tu wszystkiego o tradycyjnych rzemios\u0142ach, rolnictwie i zwyczajach regionu warne\u0144skiego. Zachwycaj\u0105ca jest zw\u0142aszcza kolekcja bogato haftowanych stroj\u00f3w ludowych i masek obrz\u0119dowych. \ud83d\udca1 <strong>Wskaz\u00f3wka:<\/strong> Wst\u0119p kosztuje 5 \u20ac. Uwa\u017caj bardzo na zimowe godziny otwarcia \u2014 <strong>od pa\u017adziernika do kwietnia muzeum jest zamkni\u0119te w soboty i niedziele<\/strong>, funkcjonuje wi\u0119c tylko w dni robocze!<\/p>\n\n\n\n<figure data-wp-context=\"{&quot;imageId&quot;:&quot;6a9c821ebe1d3&quot;}\" data-wp-interactive=\"core\/image\" data-wp-key=\"6a9c821ebe1d3\" class=\"wp-block-image size-full wp-lightbox-container\"><img decoding=\"async\" width=\"1800\" height=\"1350\" data-wp-class--hide=\"state.isContentHidden\" data-wp-class--show=\"state.isContentVisible\" data-wp-init=\"callbacks.setButtonStyles\" data-wp-on--click=\"actions.showLightbox\" data-wp-on--load=\"callbacks.setButtonStyles\" data-wp-on--pointerdown=\"actions.preloadImage\" data-wp-on--pointerenter=\"actions.preloadImageWithDelay\" data-wp-on--pointerleave=\"actions.cancelPreload\" data-wp-on-window--resize=\"callbacks.setButtonStyles\" src=\"https:\/\/loudavymkrokem.cz\/wp-content\/uploads\/2026\/08\/bulharsko-research-varna-10-562a1f9e.jpg\" alt=\"Rz\u0105dowy samoch\u00f3d Czajka GAZ-13 w Muzeum Retro w Warnie\" class=\"wp-image-407785\" title=\"\" srcset=\"https:\/\/loudavymkrokem.cz\/wp-content\/uploads\/2026\/08\/bulharsko-research-varna-10-562a1f9e.jpg 1800w, https:\/\/loudavymkrokem.cz\/wp-content\/uploads\/2026\/08\/bulharsko-research-varna-10-562a1f9e-300x225.jpg 300w, https:\/\/loudavymkrokem.cz\/wp-content\/uploads\/2026\/08\/bulharsko-research-varna-10-562a1f9e-700x525.jpg 700w, https:\/\/loudavymkrokem.cz\/wp-content\/uploads\/2026\/08\/bulharsko-research-varna-10-562a1f9e-768x576.jpg 768w, https:\/\/loudavymkrokem.cz\/wp-content\/uploads\/2026\/08\/bulharsko-research-varna-10-562a1f9e-1536x1152.jpg 1536w, https:\/\/loudavymkrokem.cz\/wp-content\/uploads\/2026\/08\/bulharsko-research-varna-10-562a1f9e-80x60.jpg 80w, https:\/\/loudavymkrokem.cz\/wp-content\/uploads\/2026\/08\/bulharsko-research-varna-10-562a1f9e-160x120.jpg 160w, https:\/\/loudavymkrokem.cz\/wp-content\/uploads\/2026\/08\/bulharsko-research-varna-10-562a1f9e-696x522.jpg 696w, https:\/\/loudavymkrokem.cz\/wp-content\/uploads\/2026\/08\/bulharsko-research-varna-10-562a1f9e-1392x1044.jpg 1392w\" sizes=\"(max-width: 1800px) 100vw, 1800px\" \/><button\n\t\t\tclass=\"lightbox-trigger\"\n\t\t\ttype=\"button\"\n\t\t\taria-haspopup=\"dialog\"\n\t\t\tdata-wp-bind--aria-label=\"state.thisImage.triggerButtonAriaLabel\"\n\t\t\tdata-wp-init=\"callbacks.initTriggerButton\"\n\t\t\tdata-wp-on--click=\"actions.showLightbox\"\n\t\t\tdata-wp-style--right=\"state.thisImage.buttonRight\"\n\t\t\tdata-wp-style--top=\"state.thisImage.buttonTop\"\n\t\t>\n\t\t\t<svg xmlns=\"http:\/\/www.w3.org\/2000\/svg\" width=\"12\" height=\"12\" fill=\"none\" viewBox=\"0 0 12 12\">\n\t\t\t\t<path fill=\"#fff\" d=\"M2 0a2 2 0 0 0-2 2v2h1.5V2a.5.5 0 0 1 .5-.5h2V0H2Zm2 10.5H2a.5.5 0 0 1-.5-.5V8H0v2a2 2 0 0 0 2 2h2v-1.5ZM8 12v-1.5h2a.5.5 0 0 0 .5-.5V8H12v2a2 2 0 0 1-2 2H8Zm2-12a2 2 0 0 1 2 2v2h-1.5V2a.5.5 0 0 0-.5-.5H8V0h2Z\" \/>\n\t\t\t<\/svg>\n\t\t<\/button><figcaption class=\"wp-element-caption\">Foto: Thomas Peters (Google Maps)<\/figcaption><\/figure>\n\n\n\n<h3 class=\"wp-block-heading\"><span class=\"ez-toc-section\" id=\"6_Muzeum_Retro\"><\/span>6. Muzeum Retro<span class=\"ez-toc-section-end\"><\/span><\/h3>\n\n\n\n<p class=\"wp-block-paragraph\">Dla mi\u0142o\u015bnik\u00f3w niedawnej historii i nostalgii Muzeum Retro to absolutny obowi\u0105zek. Otwarto je w 2015 roku jako <strong>pierwsze muzeum w Bu\u0142garii ulokowane w centrum handlowym<\/strong> (Grand Mall). Na powierzchni 4000 metr\u00f3w kwadratowych gromadzi przedmioty z lat 1944\u20131989. Gwiazdami kolekcji jest ponad 50 perfekcyjnie odrestaurowanych samochod\u00f3w z epoki, w tym stare \u0160kody, Moskwicze i luksusowa rz\u0105dowa Czajka GAZ-13. \ud83d\udca1 <strong>Wskaz\u00f3wka:<\/strong> Muzeum jest otwarte codziennie od 10:00 do 19:00, wi\u0119c to \u015bwietny ratunek na deszczowe popo\u0142udnie. Wst\u0119p wychodzi w przeliczeniu na oko\u0142o 15,34 \u20ac.<\/p>\n\n\n\n<figure data-wp-context=\"{&quot;imageId&quot;:&quot;6a9c821ebe949&quot;}\" data-wp-interactive=\"core\/image\" data-wp-key=\"6a9c821ebe949\" class=\"wp-block-image size-full wp-lightbox-container\"><img decoding=\"async\" width=\"1800\" height=\"1350\" data-wp-class--hide=\"state.isContentHidden\" data-wp-class--show=\"state.isContentVisible\" data-wp-init=\"callbacks.setButtonStyles\" data-wp-on--click=\"actions.showLightbox\" data-wp-on--load=\"callbacks.setButtonStyles\" data-wp-on--pointerdown=\"actions.preloadImage\" data-wp-on--pointerenter=\"actions.preloadImageWithDelay\" data-wp-on--pointerleave=\"actions.cancelPreload\" data-wp-on-window--resize=\"callbacks.setButtonStyles\" src=\"https:\/\/loudavymkrokem.cz\/wp-content\/uploads\/2026\/08\/bulharsko-research-varna-11-931a6f62.jpg\" alt=\"Wie\u017ca zegarowa w Warnie w wieczornym o\u015bwietleniu\" class=\"wp-image-407786\" title=\"\" srcset=\"https:\/\/loudavymkrokem.cz\/wp-content\/uploads\/2026\/08\/bulharsko-research-varna-11-931a6f62.jpg 1800w, https:\/\/loudavymkrokem.cz\/wp-content\/uploads\/2026\/08\/bulharsko-research-varna-11-931a6f62-300x225.jpg 300w, https:\/\/loudavymkrokem.cz\/wp-content\/uploads\/2026\/08\/bulharsko-research-varna-11-931a6f62-700x525.jpg 700w, https:\/\/loudavymkrokem.cz\/wp-content\/uploads\/2026\/08\/bulharsko-research-varna-11-931a6f62-768x576.jpg 768w, https:\/\/loudavymkrokem.cz\/wp-content\/uploads\/2026\/08\/bulharsko-research-varna-11-931a6f62-1536x1152.jpg 1536w, https:\/\/loudavymkrokem.cz\/wp-content\/uploads\/2026\/08\/bulharsko-research-varna-11-931a6f62-80x60.jpg 80w, https:\/\/loudavymkrokem.cz\/wp-content\/uploads\/2026\/08\/bulharsko-research-varna-11-931a6f62-160x120.jpg 160w, https:\/\/loudavymkrokem.cz\/wp-content\/uploads\/2026\/08\/bulharsko-research-varna-11-931a6f62-696x522.jpg 696w, https:\/\/loudavymkrokem.cz\/wp-content\/uploads\/2026\/08\/bulharsko-research-varna-11-931a6f62-1392x1044.jpg 1392w\" sizes=\"(max-width: 1800px) 100vw, 1800px\" \/><button\n\t\t\tclass=\"lightbox-trigger\"\n\t\t\ttype=\"button\"\n\t\t\taria-haspopup=\"dialog\"\n\t\t\tdata-wp-bind--aria-label=\"state.thisImage.triggerButtonAriaLabel\"\n\t\t\tdata-wp-init=\"callbacks.initTriggerButton\"\n\t\t\tdata-wp-on--click=\"actions.showLightbox\"\n\t\t\tdata-wp-style--right=\"state.thisImage.buttonRight\"\n\t\t\tdata-wp-style--top=\"state.thisImage.buttonTop\"\n\t\t>\n\t\t\t<svg xmlns=\"http:\/\/www.w3.org\/2000\/svg\" width=\"12\" height=\"12\" fill=\"none\" viewBox=\"0 0 12 12\">\n\t\t\t\t<path fill=\"#fff\" d=\"M2 0a2 2 0 0 0-2 2v2h1.5V2a.5.5 0 0 1 .5-.5h2V0H2Zm2 10.5H2a.5.5 0 0 1-.5-.5V8H0v2a2 2 0 0 0 2 2h2v-1.5ZM8 12v-1.5h2a.5.5 0 0 0 .5-.5V8H12v2a2 2 0 0 1-2 2H8Zm2-12a2 2 0 0 1 2 2v2h-1.5V2a.5.5 0 0 0-.5-.5H8V0h2Z\" \/>\n\t\t\t<\/svg>\n\t\t<\/button><figcaption class=\"wp-element-caption\">Foto: Dian1981, CC BY-SA 4.0 (Wikimedia Commons)<\/figcaption><\/figure>\n\n\n\n<h3 class=\"wp-block-heading\"><span class=\"ez-toc-section\" id=\"7_Wieza_zegarowa\"><\/span>7. Wie\u017ca zegarowa<span class=\"ez-toc-section-end\"><\/span><\/h3>\n\n\n\n<p class=\"wp-block-paragraph\">Kawa\u0142ek od centralnego placu Niepodleg\u0142o\u015bci, na budynku zro\u015bni\u0119tym z teatrem miejskim, stoi <strong>24-metrowa wie\u017ca zegarowa<\/strong>. Pierwotnie by\u0142a to wie\u017ca obserwacyjna stra\u017cy po\u017carnej, bo z jej wysoko\u015bci wida\u0107 by\u0142o ca\u0142e \u00f3wczesne miasto. Mechanizm zegarowy angielskiej produkcji wbudowano w ni\u0105 w 1890 roku, a s\u0142u\u017cb\u0119 po\u017carnicz\u0105 zako\u0144czono tu dopiero osiem lat p\u00f3\u017aniej, gdy stra\u017cacy w ko\u0144cu dostali telefon. W sali dobudowanej do wie\u017cy 9 grudnia 1934 roku po raz pierwszy nadawa\u0142o radio Warna. \ud83d\udca1 <strong>Wskaz\u00f3wka:<\/strong> Wie\u017c\u0119 obejrzysz tylko z zewn\u0105trz, czyli <strong>ca\u0142kowicie bezp\u0142atnie<\/strong>. Okolica placu jest pe\u0142na \u0142awek i kawiarni, wi\u0119c warto tu zajrze\u0107 na szybk\u0105 kaw\u0119 przy przemieszczaniu si\u0119 mi\u0119dzy katedr\u0105 a Ogrodem Nadmorskim.<\/p>\n\n\n\n<figure data-wp-context=\"{&quot;imageId&quot;:&quot;6a9c821ebf1a4&quot;}\" data-wp-interactive=\"core\/image\" data-wp-key=\"6a9c821ebf1a4\" class=\"wp-block-image size-full wp-lightbox-container\"><img decoding=\"async\" width=\"1800\" height=\"1350\" data-wp-class--hide=\"state.isContentHidden\" data-wp-class--show=\"state.isContentVisible\" data-wp-init=\"callbacks.setButtonStyles\" data-wp-on--click=\"actions.showLightbox\" data-wp-on--load=\"callbacks.setButtonStyles\" data-wp-on--pointerdown=\"actions.preloadImage\" data-wp-on--pointerenter=\"actions.preloadImageWithDelay\" data-wp-on--pointerleave=\"actions.cancelPreload\" data-wp-on-window--resize=\"callbacks.setButtonStyles\" src=\"https:\/\/loudavymkrokem.cz\/wp-content\/uploads\/2026\/08\/bulharsko-research-varna-12-40e5b778.jpg\" alt=\"Aleja drzew z rabatami kwiatowymi w Ogrodzie Nadmorskim w Warnie\" class=\"wp-image-407787\" title=\"\" srcset=\"https:\/\/loudavymkrokem.cz\/wp-content\/uploads\/2026\/08\/bulharsko-research-varna-12-40e5b778.jpg 1800w, https:\/\/loudavymkrokem.cz\/wp-content\/uploads\/2026\/08\/bulharsko-research-varna-12-40e5b778-300x225.jpg 300w, https:\/\/loudavymkrokem.cz\/wp-content\/uploads\/2026\/08\/bulharsko-research-varna-12-40e5b778-700x525.jpg 700w, https:\/\/loudavymkrokem.cz\/wp-content\/uploads\/2026\/08\/bulharsko-research-varna-12-40e5b778-768x576.jpg 768w, https:\/\/loudavymkrokem.cz\/wp-content\/uploads\/2026\/08\/bulharsko-research-varna-12-40e5b778-1536x1152.jpg 1536w, https:\/\/loudavymkrokem.cz\/wp-content\/uploads\/2026\/08\/bulharsko-research-varna-12-40e5b778-80x60.jpg 80w, https:\/\/loudavymkrokem.cz\/wp-content\/uploads\/2026\/08\/bulharsko-research-varna-12-40e5b778-160x120.jpg 160w, https:\/\/loudavymkrokem.cz\/wp-content\/uploads\/2026\/08\/bulharsko-research-varna-12-40e5b778-696x522.jpg 696w, https:\/\/loudavymkrokem.cz\/wp-content\/uploads\/2026\/08\/bulharsko-research-varna-12-40e5b778-1392x1044.jpg 1392w\" sizes=\"(max-width: 1800px) 100vw, 1800px\" \/><button\n\t\t\tclass=\"lightbox-trigger\"\n\t\t\ttype=\"button\"\n\t\t\taria-haspopup=\"dialog\"\n\t\t\tdata-wp-bind--aria-label=\"state.thisImage.triggerButtonAriaLabel\"\n\t\t\tdata-wp-init=\"callbacks.initTriggerButton\"\n\t\t\tdata-wp-on--click=\"actions.showLightbox\"\n\t\t\tdata-wp-style--right=\"state.thisImage.buttonRight\"\n\t\t\tdata-wp-style--top=\"state.thisImage.buttonTop\"\n\t\t>\n\t\t\t<svg xmlns=\"http:\/\/www.w3.org\/2000\/svg\" width=\"12\" height=\"12\" fill=\"none\" viewBox=\"0 0 12 12\">\n\t\t\t\t<path fill=\"#fff\" d=\"M2 0a2 2 0 0 0-2 2v2h1.5V2a.5.5 0 0 1 .5-.5h2V0H2Zm2 10.5H2a.5.5 0 0 1-.5-.5V8H0v2a2 2 0 0 0 2 2h2v-1.5ZM8 12v-1.5h2a.5.5 0 0 0 .5-.5V8H12v2a2 2 0 0 1-2 2H8Zm2-12a2 2 0 0 1 2 2v2h-1.5V2a.5.5 0 0 0-.5-.5H8V0h2Z\" \/>\n\t\t\t<\/svg>\n\t\t<\/button><figcaption class=\"wp-element-caption\">Foto: Petar Petrov (Google Maps)<\/figcaption><\/figure>\n\n\n\n<h2 class=\"wp-block-heading\"><span class=\"ez-toc-section\" id=\"Ogrod_Nadmorski_i_wybrzeze\"><\/span>Ogr\u00f3d Nadmorski i wybrze\u017ce<span class=\"ez-toc-section-end\"><\/span><\/h2>\n\n\n\n<p class=\"wp-block-paragraph\">O ile historia rozgrywa si\u0119 w centrum, serce miasta bije wzd\u0142u\u017c wybrze\u017ca. <strong>Ogr\u00f3d Nadmorski (Morska gradina)<\/strong> jest zielonymi p\u0142ucami Warny i p\u0142ynnie przechodzi w <strong>d\u0142ugie kilometry piaszczystych pla\u017c<\/strong>.<\/p>\n\n\n\n<figure data-wp-context=\"{&quot;imageId&quot;:&quot;6a9c821ebfa15&quot;}\" data-wp-interactive=\"core\/image\" data-wp-key=\"6a9c821ebfa15\" class=\"wp-block-image size-full wp-lightbox-container\"><img decoding=\"async\" width=\"1800\" height=\"1350\" data-wp-class--hide=\"state.isContentHidden\" data-wp-class--show=\"state.isContentVisible\" data-wp-init=\"callbacks.setButtonStyles\" data-wp-on--click=\"actions.showLightbox\" data-wp-on--load=\"callbacks.setButtonStyles\" data-wp-on--pointerdown=\"actions.preloadImage\" data-wp-on--pointerenter=\"actions.preloadImageWithDelay\" data-wp-on--pointerleave=\"actions.cancelPreload\" data-wp-on-window--resize=\"callbacks.setButtonStyles\" src=\"https:\/\/loudavymkrokem.cz\/wp-content\/uploads\/2026\/08\/bulharsko-research-varna-13-57ac5022.jpg\" alt=\"Rabaty kwiatowe w Ogrodzie Nadmorskim w Warnie\" class=\"wp-image-407788\" title=\"\" srcset=\"https:\/\/loudavymkrokem.cz\/wp-content\/uploads\/2026\/08\/bulharsko-research-varna-13-57ac5022.jpg 1800w, https:\/\/loudavymkrokem.cz\/wp-content\/uploads\/2026\/08\/bulharsko-research-varna-13-57ac5022-300x225.jpg 300w, https:\/\/loudavymkrokem.cz\/wp-content\/uploads\/2026\/08\/bulharsko-research-varna-13-57ac5022-700x525.jpg 700w, https:\/\/loudavymkrokem.cz\/wp-content\/uploads\/2026\/08\/bulharsko-research-varna-13-57ac5022-768x576.jpg 768w, https:\/\/loudavymkrokem.cz\/wp-content\/uploads\/2026\/08\/bulharsko-research-varna-13-57ac5022-1536x1152.jpg 1536w, https:\/\/loudavymkrokem.cz\/wp-content\/uploads\/2026\/08\/bulharsko-research-varna-13-57ac5022-80x60.jpg 80w, https:\/\/loudavymkrokem.cz\/wp-content\/uploads\/2026\/08\/bulharsko-research-varna-13-57ac5022-160x120.jpg 160w, https:\/\/loudavymkrokem.cz\/wp-content\/uploads\/2026\/08\/bulharsko-research-varna-13-57ac5022-696x522.jpg 696w, https:\/\/loudavymkrokem.cz\/wp-content\/uploads\/2026\/08\/bulharsko-research-varna-13-57ac5022-1392x1044.jpg 1392w\" sizes=\"(max-width: 1800px) 100vw, 1800px\" \/><button\n\t\t\tclass=\"lightbox-trigger\"\n\t\t\ttype=\"button\"\n\t\t\taria-haspopup=\"dialog\"\n\t\t\tdata-wp-bind--aria-label=\"state.thisImage.triggerButtonAriaLabel\"\n\t\t\tdata-wp-init=\"callbacks.initTriggerButton\"\n\t\t\tdata-wp-on--click=\"actions.showLightbox\"\n\t\t\tdata-wp-style--right=\"state.thisImage.buttonRight\"\n\t\t\tdata-wp-style--top=\"state.thisImage.buttonTop\"\n\t\t>\n\t\t\t<svg xmlns=\"http:\/\/www.w3.org\/2000\/svg\" width=\"12\" height=\"12\" fill=\"none\" viewBox=\"0 0 12 12\">\n\t\t\t\t<path fill=\"#fff\" d=\"M2 0a2 2 0 0 0-2 2v2h1.5V2a.5.5 0 0 1 .5-.5h2V0H2Zm2 10.5H2a.5.5 0 0 1-.5-.5V8H0v2a2 2 0 0 0 2 2h2v-1.5ZM8 12v-1.5h2a.5.5 0 0 0 .5-.5V8H12v2a2 2 0 0 1-2 2H8Zm2-12a2 2 0 0 1 2 2v2h-1.5V2a.5.5 0 0 0-.5-.5H8V0h2Z\" \/>\n\t\t\t<\/svg>\n\t\t<\/button><figcaption class=\"wp-element-caption\">Foto: Alicia Fagerving, CC BY-SA 3.0 (Wikimedia Commons)<\/figcaption><\/figure>\n\n\n\n<h3 class=\"wp-block-heading\"><span class=\"ez-toc-section\" id=\"8_Ogrod_Nadmorski\"><\/span>8. Ogr\u00f3d Nadmorski<span class=\"ez-toc-section-end\"><\/span><\/h3>\n\n\n\n<p class=\"wp-block-paragraph\">Ten ogromny park o powierzchni oko\u0142o 82 hektar\u00f3w jest dzie\u0142em czeskiego architekta ogrodowego <strong>Antona Nov\u00e1ka<\/strong>, kt\u00f3ry przyby\u0142 tu na zaproszenie braci \u0160korpil\u00f3w. Nov\u00e1k kaza\u0142 przenie\u015b\u0107 \u00f3wczesne wysypisko i rze\u017ani\u0119, a na ich miejscu zbudowa\u0142 zachwycaj\u0105cy park z ro\u015blin, kt\u00f3re zwo\u017cono tu wozami z ca\u0142ych Ba\u0142kan\u00f3w i basenu Morza \u015ar\u00f3dziemnego. Za sw\u0105 ca\u0142o\u017cyciow\u0105 prac\u0119 dla miasta ma w parku zas\u0142u\u017cony pomnik. \ud83d\udca1 <strong>Wskaz\u00f3wka:<\/strong> Wst\u0119p do parku jest bezp\u0142atny przez ca\u0142\u0105 dob\u0119. Jego historyczne j\u0105dro o powierzchni 55 hektar\u00f3w jest terenem chronionym, wi\u0119c zachowa\u0142o pierwotny wygl\u0105d wraz z monumentaln\u0105 kolumnad\u0105 wej\u015bciow\u0105 z 1939 roku.<\/p>\n\n\n\n<figure data-wp-context=\"{&quot;imageId&quot;:&quot;6a9c821ec0148&quot;}\" data-wp-interactive=\"core\/image\" data-wp-key=\"6a9c821ec0148\" class=\"wp-block-image size-full wp-lightbox-container\"><img decoding=\"async\" width=\"1800\" height=\"1350\" data-wp-class--hide=\"state.isContentHidden\" data-wp-class--show=\"state.isContentVisible\" data-wp-init=\"callbacks.setButtonStyles\" data-wp-on--click=\"actions.showLightbox\" data-wp-on--load=\"callbacks.setButtonStyles\" data-wp-on--pointerdown=\"actions.preloadImage\" data-wp-on--pointerenter=\"actions.preloadImageWithDelay\" data-wp-on--pointerleave=\"actions.cancelPreload\" data-wp-on-window--resize=\"callbacks.setButtonStyles\" src=\"https:\/\/loudavymkrokem.cz\/wp-content\/uploads\/2026\/08\/bulharsko-research-varna-14-bf783a56.jpg\" alt=\"Akwarium w Warnie\" class=\"wp-image-407789\" title=\"\" srcset=\"https:\/\/loudavymkrokem.cz\/wp-content\/uploads\/2026\/08\/bulharsko-research-varna-14-bf783a56.jpg 1800w, https:\/\/loudavymkrokem.cz\/wp-content\/uploads\/2026\/08\/bulharsko-research-varna-14-bf783a56-300x225.jpg 300w, https:\/\/loudavymkrokem.cz\/wp-content\/uploads\/2026\/08\/bulharsko-research-varna-14-bf783a56-700x525.jpg 700w, https:\/\/loudavymkrokem.cz\/wp-content\/uploads\/2026\/08\/bulharsko-research-varna-14-bf783a56-768x576.jpg 768w, https:\/\/loudavymkrokem.cz\/wp-content\/uploads\/2026\/08\/bulharsko-research-varna-14-bf783a56-1536x1152.jpg 1536w, https:\/\/loudavymkrokem.cz\/wp-content\/uploads\/2026\/08\/bulharsko-research-varna-14-bf783a56-80x60.jpg 80w, https:\/\/loudavymkrokem.cz\/wp-content\/uploads\/2026\/08\/bulharsko-research-varna-14-bf783a56-160x120.jpg 160w, https:\/\/loudavymkrokem.cz\/wp-content\/uploads\/2026\/08\/bulharsko-research-varna-14-bf783a56-696x522.jpg 696w, https:\/\/loudavymkrokem.cz\/wp-content\/uploads\/2026\/08\/bulharsko-research-varna-14-bf783a56-1392x1044.jpg 1392w\" sizes=\"(max-width: 1800px) 100vw, 1800px\" \/><button\n\t\t\tclass=\"lightbox-trigger\"\n\t\t\ttype=\"button\"\n\t\t\taria-haspopup=\"dialog\"\n\t\t\tdata-wp-bind--aria-label=\"state.thisImage.triggerButtonAriaLabel\"\n\t\t\tdata-wp-init=\"callbacks.initTriggerButton\"\n\t\t\tdata-wp-on--click=\"actions.showLightbox\"\n\t\t\tdata-wp-style--right=\"state.thisImage.buttonRight\"\n\t\t\tdata-wp-style--top=\"state.thisImage.buttonTop\"\n\t\t>\n\t\t\t<svg xmlns=\"http:\/\/www.w3.org\/2000\/svg\" width=\"12\" height=\"12\" fill=\"none\" viewBox=\"0 0 12 12\">\n\t\t\t\t<path fill=\"#fff\" d=\"M2 0a2 2 0 0 0-2 2v2h1.5V2a.5.5 0 0 1 .5-.5h2V0H2Zm2 10.5H2a.5.5 0 0 1-.5-.5V8H0v2a2 2 0 0 0 2 2h2v-1.5ZM8 12v-1.5h2a.5.5 0 0 0 .5-.5V8H12v2a2 2 0 0 1-2 2H8Zm2-12a2 2 0 0 1 2 2v2h-1.5V2a.5.5 0 0 0-.5-.5H8V0h2Z\" \/>\n\t\t\t<\/svg>\n\t\t<\/button><figcaption class=\"wp-element-caption\">Foto: \u0421\u043f\u0430\u0441\u0438\u043c\u0438\u0440 (Spasimir Pilev), CC BY-SA 4.0 (Wikimedia Commons)<\/figcaption><\/figure>\n\n\n\n<h3 class=\"wp-block-heading\"><span class=\"ez-toc-section\" id=\"9_Akwarium_Warna\"><\/span>9. Akwarium Warna<span class=\"ez-toc-section-end\"><\/span><\/h3>\n\n\n\n<p class=\"wp-block-paragraph\">Historyczny budynek akwarium, kt\u00f3rego kamie\u0144 w\u0119gielny po\u0142o\u017cy\u0142 ksi\u0105\u017c\u0119 Ferdynand ju\u017c w 1906 roku, kryje fascynuj\u0105cy widok pod tafl\u0119 Morza Czarnego. Sama instytucja funkcjonuje od 1932 roku. Nie oczekuj wielkich oceanari\u00f3w jak w Europie Zachodniej, to raczej tradycyjna, cenna historycznie ekspozycja skupiaj\u0105ca si\u0119 na lokalnej czarnomorskiej florze i faunie. \ud83d\udca1 <strong>Wskaz\u00f3wka:<\/strong> Ze wst\u0119pem zaledwie 2 \u20ac to <strong>najta\u0144sza p\u0142atna atrakcja w mie\u015bcie<\/strong>. Zim\u0105 otwarte jest od 9:00 do 17:00 z poniedzia\u0142kowym dniem zamkni\u0119cia.<\/p>\n\n\n\n<figure data-wp-context=\"{&quot;imageId&quot;:&quot;6a9c821ec079b&quot;}\" data-wp-interactive=\"core\/image\" data-wp-key=\"6a9c821ec079b\" class=\"wp-block-image size-full wp-lightbox-container\"><img decoding=\"async\" width=\"1800\" height=\"1195\" data-wp-class--hide=\"state.isContentHidden\" data-wp-class--show=\"state.isContentVisible\" data-wp-init=\"callbacks.setButtonStyles\" data-wp-on--click=\"actions.showLightbox\" data-wp-on--load=\"callbacks.setButtonStyles\" data-wp-on--pointerdown=\"actions.preloadImage\" data-wp-on--pointerenter=\"actions.preloadImageWithDelay\" data-wp-on--pointerleave=\"actions.cancelPreload\" data-wp-on-window--resize=\"callbacks.setButtonStyles\" src=\"https:\/\/loudavymkrokem.cz\/wp-content\/uploads\/2026\/08\/bulharsko-research-varna-15-e0bcc689.jpg\" alt=\"Wyst\u0119p delfin\u00f3w w delfinarium Festa w Warnie\" class=\"wp-image-407790\" title=\"\" srcset=\"https:\/\/loudavymkrokem.cz\/wp-content\/uploads\/2026\/08\/bulharsko-research-varna-15-e0bcc689.jpg 1800w, https:\/\/loudavymkrokem.cz\/wp-content\/uploads\/2026\/08\/bulharsko-research-varna-15-e0bcc689-300x199.jpg 300w, https:\/\/loudavymkrokem.cz\/wp-content\/uploads\/2026\/08\/bulharsko-research-varna-15-e0bcc689-700x465.jpg 700w, https:\/\/loudavymkrokem.cz\/wp-content\/uploads\/2026\/08\/bulharsko-research-varna-15-e0bcc689-768x510.jpg 768w, https:\/\/loudavymkrokem.cz\/wp-content\/uploads\/2026\/08\/bulharsko-research-varna-15-e0bcc689-1536x1020.jpg 1536w, https:\/\/loudavymkrokem.cz\/wp-content\/uploads\/2026\/08\/bulharsko-research-varna-15-e0bcc689-696x462.jpg 696w, https:\/\/loudavymkrokem.cz\/wp-content\/uploads\/2026\/08\/bulharsko-research-varna-15-e0bcc689-1392x924.jpg 1392w\" sizes=\"(max-width: 1800px) 100vw, 1800px\" \/><button\n\t\t\tclass=\"lightbox-trigger\"\n\t\t\ttype=\"button\"\n\t\t\taria-haspopup=\"dialog\"\n\t\t\tdata-wp-bind--aria-label=\"state.thisImage.triggerButtonAriaLabel\"\n\t\t\tdata-wp-init=\"callbacks.initTriggerButton\"\n\t\t\tdata-wp-on--click=\"actions.showLightbox\"\n\t\t\tdata-wp-style--right=\"state.thisImage.buttonRight\"\n\t\t\tdata-wp-style--top=\"state.thisImage.buttonTop\"\n\t\t>\n\t\t\t<svg xmlns=\"http:\/\/www.w3.org\/2000\/svg\" width=\"12\" height=\"12\" fill=\"none\" viewBox=\"0 0 12 12\">\n\t\t\t\t<path fill=\"#fff\" d=\"M2 0a2 2 0 0 0-2 2v2h1.5V2a.5.5 0 0 1 .5-.5h2V0H2Zm2 10.5H2a.5.5 0 0 1-.5-.5V8H0v2a2 2 0 0 0 2 2h2v-1.5ZM8 12v-1.5h2a.5.5 0 0 0 .5-.5V8H12v2a2 2 0 0 1-2 2H8Zm2-12a2 2 0 0 1 2 2v2h-1.5V2a.5.5 0 0 0-.5-.5H8V0h2Z\" \/>\n\t\t\t<\/svg>\n\t\t<\/button><figcaption class=\"wp-element-caption\">Foto: INSAR, CC BY-SA 3.0 (Wikimedia Commons)<\/figcaption><\/figure>\n\n\n\n<h3 class=\"wp-block-heading\"><span class=\"ez-toc-section\" id=\"10_Delfinarium_Festa\"><\/span>10. Delfinarium Festa<span class=\"ez-toc-section-end\"><\/span><\/h3>\n\n\n\n<p class=\"wp-block-paragraph\">Najs\u0142ynniejsza atrakcja Ogrodu Nadmorskiego kusi rodziny z dzie\u0107mi regularnymi wyst\u0119pami delfin\u00f3w. <a href=\"https:\/\/dolphinariumvarna.bg\/\" rel=\"nofollow noopener\" target=\"_blank\">Delfinarium<\/a> dzia\u0142a ca\u0142orocznie, co jest dowodem, \u017ce Warna naprawd\u0119 nie \u015bpi nawet poza sezonem. W g\u0142\u00f3wnym sezonie letnim odbywaj\u0105 si\u0119 nawet cztery przedstawienia dziennie, podczas gdy zim\u0105 organizowany jest tylko jeden po\u0142udniowy wyst\u0119p. \ud83d\udca1 <strong>Wskaz\u00f3wka:<\/strong> Bilety s\u0105 do\u015b\u0107 drogie, w letnim szczycie doros\u0142y zap\u0142aci <strong>26 \u20ac<\/strong>. Je\u015bli wybierzesz si\u0119 zim\u0105, cena spada do 14 \u20ac. Pami\u0119taj, \u017ce w sezonie zimowym delfinarium ma w poniedzia\u0142ek zamkni\u0119te.<\/p>\n\n\n\n<figure data-wp-context=\"{&quot;imageId&quot;:&quot;6a9c821ec0dfa&quot;}\" data-wp-interactive=\"core\/image\" data-wp-key=\"6a9c821ec0dfa\" class=\"wp-block-image size-full wp-lightbox-container\"><img decoding=\"async\" width=\"1800\" height=\"1350\" data-wp-class--hide=\"state.isContentHidden\" data-wp-class--show=\"state.isContentVisible\" data-wp-init=\"callbacks.setButtonStyles\" data-wp-on--click=\"actions.showLightbox\" data-wp-on--load=\"callbacks.setButtonStyles\" data-wp-on--pointerdown=\"actions.preloadImage\" data-wp-on--pointerenter=\"actions.preloadImageWithDelay\" data-wp-on--pointerleave=\"actions.cancelPreload\" data-wp-on-window--resize=\"callbacks.setButtonStyles\" src=\"https:\/\/loudavymkrokem.cz\/wp-content\/uploads\/2026\/08\/bulharsko-research-varna-16-580f258c.jpg\" alt=\"Alpaka w strefie kontaktowej ogrodu zoologicznego w Warnie\" class=\"wp-image-407791\" title=\"\" srcset=\"https:\/\/loudavymkrokem.cz\/wp-content\/uploads\/2026\/08\/bulharsko-research-varna-16-580f258c.jpg 1800w, https:\/\/loudavymkrokem.cz\/wp-content\/uploads\/2026\/08\/bulharsko-research-varna-16-580f258c-300x225.jpg 300w, https:\/\/loudavymkrokem.cz\/wp-content\/uploads\/2026\/08\/bulharsko-research-varna-16-580f258c-700x525.jpg 700w, https:\/\/loudavymkrokem.cz\/wp-content\/uploads\/2026\/08\/bulharsko-research-varna-16-580f258c-768x576.jpg 768w, https:\/\/loudavymkrokem.cz\/wp-content\/uploads\/2026\/08\/bulharsko-research-varna-16-580f258c-1536x1152.jpg 1536w, https:\/\/loudavymkrokem.cz\/wp-content\/uploads\/2026\/08\/bulharsko-research-varna-16-580f258c-80x60.jpg 80w, https:\/\/loudavymkrokem.cz\/wp-content\/uploads\/2026\/08\/bulharsko-research-varna-16-580f258c-160x120.jpg 160w, https:\/\/loudavymkrokem.cz\/wp-content\/uploads\/2026\/08\/bulharsko-research-varna-16-580f258c-696x522.jpg 696w, https:\/\/loudavymkrokem.cz\/wp-content\/uploads\/2026\/08\/bulharsko-research-varna-16-580f258c-1392x1044.jpg 1392w\" sizes=\"(max-width: 1800px) 100vw, 1800px\" \/><button\n\t\t\tclass=\"lightbox-trigger\"\n\t\t\ttype=\"button\"\n\t\t\taria-haspopup=\"dialog\"\n\t\t\tdata-wp-bind--aria-label=\"state.thisImage.triggerButtonAriaLabel\"\n\t\t\tdata-wp-init=\"callbacks.initTriggerButton\"\n\t\t\tdata-wp-on--click=\"actions.showLightbox\"\n\t\t\tdata-wp-style--right=\"state.thisImage.buttonRight\"\n\t\t\tdata-wp-style--top=\"state.thisImage.buttonTop\"\n\t\t>\n\t\t\t<svg xmlns=\"http:\/\/www.w3.org\/2000\/svg\" width=\"12\" height=\"12\" fill=\"none\" viewBox=\"0 0 12 12\">\n\t\t\t\t<path fill=\"#fff\" d=\"M2 0a2 2 0 0 0-2 2v2h1.5V2a.5.5 0 0 1 .5-.5h2V0H2Zm2 10.5H2a.5.5 0 0 1-.5-.5V8H0v2a2 2 0 0 0 2 2h2v-1.5ZM8 12v-1.5h2a.5.5 0 0 0 .5-.5V8H12v2a2 2 0 0 1-2 2H8Zm2-12a2 2 0 0 1 2 2v2h-1.5V2a.5.5 0 0 0-.5-.5H8V0h2Z\" \/>\n\t\t\t<\/svg>\n\t\t<\/button><figcaption class=\"wp-element-caption\">Foto: \u041a\u0430\u043b\u043e\u044f\u043d \u041c\u0438\u0446\u0435\u0432 (Google Maps)<\/figcaption><\/figure>\n\n\n\n<h3 class=\"wp-block-heading\"><span class=\"ez-toc-section\" id=\"11_Zoo_Warna\"><\/span>11. Zoo Warna<span class=\"ez-toc-section-end\"><\/span><\/h3>\n\n\n\n<p class=\"wp-block-paragraph\">Tu\u017c w s\u0105siedztwie delfinarium znajdziesz mniejsze miejskie zoo. Nie jest jako\u015b ogromne, ale na spokojny spacer z dzie\u0107mi jest absolutnie idealne. Poza klasycznymi ekspozycjami funkcjonuje tu te\u017c strefa kontaktowa, gdzie dzieci mog\u0105 pog\u0142aska\u0107 zwierz\u0119ta. Ciekawostk\u0105 jest to, \u017ce tu\u017c pod zoo przy pla\u017cy Vtora buna co roku zimuj\u0105 setki \u0142ab\u0119dzi. \ud83d\udca1 <strong>Wskaz\u00f3wka:<\/strong> Wst\u0119p kosztuje 3 \u20ac, a zoo jest otwarte <strong>bez dnia zamkni\u0119cia przez ca\u0142y rok<\/strong>. W miesi\u0105cach zimowych (pa\u017adziernik\u2013marzec) zamyka si\u0119 ju\u017c o 16:30.<\/p>\n\n\n\n<figure data-wp-context=\"{&quot;imageId&quot;:&quot;6a9c821ec147b&quot;}\" data-wp-interactive=\"core\/image\" data-wp-key=\"6a9c821ec147b\" class=\"wp-block-image size-full wp-lightbox-container\"><img decoding=\"async\" width=\"1800\" height=\"1350\" data-wp-class--hide=\"state.isContentHidden\" data-wp-class--show=\"state.isContentVisible\" data-wp-init=\"callbacks.setButtonStyles\" data-wp-on--click=\"actions.showLightbox\" data-wp-on--load=\"callbacks.setButtonStyles\" data-wp-on--pointerdown=\"actions.preloadImage\" data-wp-on--pointerenter=\"actions.preloadImageWithDelay\" data-wp-on--pointerleave=\"actions.cancelPreload\" data-wp-on-window--resize=\"callbacks.setButtonStyles\" src=\"https:\/\/loudavymkrokem.cz\/wp-content\/uploads\/2026\/08\/bulharsko-research-varna-17-df359c79.jpg\" alt=\"Planetarium Miko\u0142aja Kopernika w Warnie\" class=\"wp-image-407792\" title=\"\" srcset=\"https:\/\/loudavymkrokem.cz\/wp-content\/uploads\/2026\/08\/bulharsko-research-varna-17-df359c79.jpg 1800w, https:\/\/loudavymkrokem.cz\/wp-content\/uploads\/2026\/08\/bulharsko-research-varna-17-df359c79-300x225.jpg 300w, https:\/\/loudavymkrokem.cz\/wp-content\/uploads\/2026\/08\/bulharsko-research-varna-17-df359c79-700x525.jpg 700w, https:\/\/loudavymkrokem.cz\/wp-content\/uploads\/2026\/08\/bulharsko-research-varna-17-df359c79-768x576.jpg 768w, https:\/\/loudavymkrokem.cz\/wp-content\/uploads\/2026\/08\/bulharsko-research-varna-17-df359c79-1536x1152.jpg 1536w, https:\/\/loudavymkrokem.cz\/wp-content\/uploads\/2026\/08\/bulharsko-research-varna-17-df359c79-80x60.jpg 80w, https:\/\/loudavymkrokem.cz\/wp-content\/uploads\/2026\/08\/bulharsko-research-varna-17-df359c79-160x120.jpg 160w, https:\/\/loudavymkrokem.cz\/wp-content\/uploads\/2026\/08\/bulharsko-research-varna-17-df359c79-696x522.jpg 696w, https:\/\/loudavymkrokem.cz\/wp-content\/uploads\/2026\/08\/bulharsko-research-varna-17-df359c79-1392x1044.jpg 1392w\" sizes=\"(max-width: 1800px) 100vw, 1800px\" \/><button\n\t\t\tclass=\"lightbox-trigger\"\n\t\t\ttype=\"button\"\n\t\t\taria-haspopup=\"dialog\"\n\t\t\tdata-wp-bind--aria-label=\"state.thisImage.triggerButtonAriaLabel\"\n\t\t\tdata-wp-init=\"callbacks.initTriggerButton\"\n\t\t\tdata-wp-on--click=\"actions.showLightbox\"\n\t\t\tdata-wp-style--right=\"state.thisImage.buttonRight\"\n\t\t\tdata-wp-style--top=\"state.thisImage.buttonTop\"\n\t\t>\n\t\t\t<svg xmlns=\"http:\/\/www.w3.org\/2000\/svg\" width=\"12\" height=\"12\" fill=\"none\" viewBox=\"0 0 12 12\">\n\t\t\t\t<path fill=\"#fff\" d=\"M2 0a2 2 0 0 0-2 2v2h1.5V2a.5.5 0 0 1 .5-.5h2V0H2Zm2 10.5H2a.5.5 0 0 1-.5-.5V8H0v2a2 2 0 0 0 2 2h2v-1.5ZM8 12v-1.5h2a.5.5 0 0 0 .5-.5V8H12v2a2 2 0 0 1-2 2H8Zm2-12a2 2 0 0 1 2 2v2h-1.5V2a.5.5 0 0 0-.5-.5H8V0h2Z\" \/>\n\t\t\t<\/svg>\n\t\t<\/button><figcaption class=\"wp-element-caption\">Foto: Mister No, CC BY 3.0 (Wikimedia Commons)<\/figcaption><\/figure>\n\n\n\n<h3 class=\"wp-block-heading\"><span class=\"ez-toc-section\" id=\"12_Planetarium_M_Kopernika\"><\/span>12. Planetarium M. Kopernika<span class=\"ez-toc-section-end\"><\/span><\/h3>\n\n\n\n<p class=\"wp-block-paragraph\">Pierwszy kompleks astronomiczny w Bu\u0142garii, otwarty w 1968 roku, wy\u015bwietla dzi\u0119ki projektorowi Zeiss na sw\u0105 ogromn\u0105 kopu\u0142\u0119 ponad 5500 gwiazd. To \u015bwietne prze\u017cycie dla fan\u00f3w kosmosu, ale sama instytucja wyda\u0142a <strong>bardzo surowe ostrze\u017cenia dotycz\u0105ce zwiedzaj\u0105cych<\/strong>. \ud83d\udca1 <strong>Wskaz\u00f3wka:<\/strong> Efekty d\u017awi\u0119kowe i wizualne w og\u00f3le nie s\u0105 odpowiednie dla dzieci poni\u017cej 10 lat, a wst\u0119p z w\u00f3zkami jest skrajnie odradzany. Do sali dla 72 os\u00f3b nie wpuszcza si\u0119 po rozpocz\u0119ciu prelekcji. Wst\u0119p to 3,58 \u20ac.<\/p>\n\n\n\n<figure data-wp-context=\"{&quot;imageId&quot;:&quot;6a9c821ec1950&quot;}\" data-wp-interactive=\"core\/image\" data-wp-key=\"6a9c821ec1950\" class=\"wp-block-image size-full wp-lightbox-container\"><img decoding=\"async\" width=\"1800\" height=\"706\" data-wp-class--hide=\"state.isContentHidden\" data-wp-class--show=\"state.isContentVisible\" data-wp-init=\"callbacks.setButtonStyles\" data-wp-on--click=\"actions.showLightbox\" data-wp-on--load=\"callbacks.setButtonStyles\" data-wp-on--pointerdown=\"actions.preloadImage\" data-wp-on--pointerenter=\"actions.preloadImageWithDelay\" data-wp-on--pointerleave=\"actions.cancelPreload\" data-wp-on-window--resize=\"callbacks.setButtonStyles\" src=\"https:\/\/loudavymkrokem.cz\/wp-content\/uploads\/2026\/08\/bulharsko-research-varna-18-0e8828ac.jpg\" alt=\"Pla\u017ca Po\u0142udniowa w Warnie\" class=\"wp-image-407793\" title=\"\" srcset=\"https:\/\/loudavymkrokem.cz\/wp-content\/uploads\/2026\/08\/bulharsko-research-varna-18-0e8828ac.jpg 1800w, https:\/\/loudavymkrokem.cz\/wp-content\/uploads\/2026\/08\/bulharsko-research-varna-18-0e8828ac-300x118.jpg 300w, https:\/\/loudavymkrokem.cz\/wp-content\/uploads\/2026\/08\/bulharsko-research-varna-18-0e8828ac-700x275.jpg 700w, https:\/\/loudavymkrokem.cz\/wp-content\/uploads\/2026\/08\/bulharsko-research-varna-18-0e8828ac-768x301.jpg 768w, https:\/\/loudavymkrokem.cz\/wp-content\/uploads\/2026\/08\/bulharsko-research-varna-18-0e8828ac-1536x602.jpg 1536w, https:\/\/loudavymkrokem.cz\/wp-content\/uploads\/2026\/08\/bulharsko-research-varna-18-0e8828ac-696x273.jpg 696w, https:\/\/loudavymkrokem.cz\/wp-content\/uploads\/2026\/08\/bulharsko-research-varna-18-0e8828ac-1392x546.jpg 1392w\" sizes=\"(max-width: 1800px) 100vw, 1800px\" \/><button\n\t\t\tclass=\"lightbox-trigger\"\n\t\t\ttype=\"button\"\n\t\t\taria-haspopup=\"dialog\"\n\t\t\tdata-wp-bind--aria-label=\"state.thisImage.triggerButtonAriaLabel\"\n\t\t\tdata-wp-init=\"callbacks.initTriggerButton\"\n\t\t\tdata-wp-on--click=\"actions.showLightbox\"\n\t\t\tdata-wp-style--right=\"state.thisImage.buttonRight\"\n\t\t\tdata-wp-style--top=\"state.thisImage.buttonTop\"\n\t\t>\n\t\t\t<svg xmlns=\"http:\/\/www.w3.org\/2000\/svg\" width=\"12\" height=\"12\" fill=\"none\" viewBox=\"0 0 12 12\">\n\t\t\t\t<path fill=\"#fff\" d=\"M2 0a2 2 0 0 0-2 2v2h1.5V2a.5.5 0 0 1 .5-.5h2V0H2Zm2 10.5H2a.5.5 0 0 1-.5-.5V8H0v2a2 2 0 0 0 2 2h2v-1.5ZM8 12v-1.5h2a.5.5 0 0 0 .5-.5V8H12v2a2 2 0 0 1-2 2H8Zm2-12a2 2 0 0 1 2 2v2h-1.5V2a.5.5 0 0 0-.5-.5H8V0h2Z\" \/>\n\t\t\t<\/svg>\n\t\t<\/button><figcaption class=\"wp-element-caption\">Foto: kuchin ster, CC BY 3.0 (Wikimedia Commons)<\/figcaption><\/figure>\n\n\n\n<h3 class=\"wp-block-heading\"><span class=\"ez-toc-section\" id=\"13_Plaze_miejskie_i_jakosc_wody\"><\/span>13. Pla\u017ce miejskie i jako\u015b\u0107 wody<span class=\"ez-toc-section-end\"><\/span><\/h3>\n\n\n\n<p class=\"wp-block-paragraph\">Warna szczyci si\u0119 32 kilometrami wybrze\u017ca i ponad dwudziestoma pla\u017cami. W samym centrum najpopularniejsza jest <strong>pla\u017ca Centralna<\/strong>, kt\u00f3ra ma drobny piasek i metry p\u0142ytkiego, r\u00f3wnego dna, wi\u0119c jest idealna dla ma\u0142ych dzieci. S\u0105siednia pla\u017ca Oficerski ma bardziej stromy spadek do wody i s\u0142ynie z bar\u00f3w otwartych do p\u00f3\u017anej nocy. Tu\u017c obok niej wyp\u0142ywa \u201eToplata woda&#8221; \u2014 og\u00f3lnodost\u0119pne \u017ar\u00f3d\u0142o leczniczej wody termalnej o temperaturze ponad 40 \u00b0C.<\/p>\n\n\n\n<p class=\"wp-block-paragraph\">Dobr\u0105 wiadomo\u015bci\u0105 dla turyst\u00f3w jest to, \u017ce w sierpniu 2026 roku Komisja Ochrony Konsument\u00f3w zakaza\u0142a nieuczciwej praktyki wciskania ca\u0142ych zestaw\u00f3w. Dzi\u015b masz <strong>pe\u0142ne prawo wynaj\u0105\u0107 na warne\u0144skiej pla\u017cy parasol i le\u017cak osobno<\/strong> (cena za sztuk\u0119 wynosi oko\u0142o 3,5\u20135 \u20ac). Co najmniej po\u0142owa ka\u017cdej pla\u017cy musi w dodatku z mocy prawa pozosta\u0107 jako wolna strefa na r\u0119czniki za darmo. \ud83d\udca1 <strong>Wskaz\u00f3wka co do jako\u015bci wody:<\/strong> Wed\u0142ug oficjalnego monitoringu woda przez wi\u0119kszo\u015b\u0107 lata jest czysta, d\u0142ugotrwale najlepsze wyniki ma pla\u017ca Centralna i Asparuchowo. <strong>Po silnych ulewach unikaj jednak pla\u017cy Oficerski<\/strong>, gdzie czasem przelewa si\u0119 kanalizacja deszczowa (aktualne wyniki zawsze wisz\u0105 na <a href=\"https:\/\/rzi-varna.com\/\" rel=\"nofollow noopener\" target=\"_blank\">stronie rzi-varna.com<\/a>).<\/p>\n\n\n\n<figure data-wp-context=\"{&quot;imageId&quot;:&quot;6a9c821ec1ee9&quot;}\" data-wp-interactive=\"core\/image\" data-wp-key=\"6a9c821ec1ee9\" class=\"wp-block-image size-full wp-lightbox-container\"><img decoding=\"async\" width=\"1800\" height=\"1012\" data-wp-class--hide=\"state.isContentHidden\" data-wp-class--show=\"state.isContentVisible\" data-wp-init=\"callbacks.setButtonStyles\" data-wp-on--click=\"actions.showLightbox\" data-wp-on--load=\"callbacks.setButtonStyles\" data-wp-on--pointerdown=\"actions.preloadImage\" data-wp-on--pointerenter=\"actions.preloadImageWithDelay\" data-wp-on--pointerleave=\"actions.cancelPreload\" data-wp-on-window--resize=\"callbacks.setButtonStyles\" src=\"https:\/\/loudavymkrokem.cz\/wp-content\/uploads\/2026\/08\/bulharsko-research-varna-19-fdecea77.jpg\" alt=\"Przyl\u0105dek Galata na po\u0142udnie od Warny\" class=\"wp-image-407794\" title=\"\" srcset=\"https:\/\/loudavymkrokem.cz\/wp-content\/uploads\/2026\/08\/bulharsko-research-varna-19-fdecea77.jpg 1800w, https:\/\/loudavymkrokem.cz\/wp-content\/uploads\/2026\/08\/bulharsko-research-varna-19-fdecea77-300x169.jpg 300w, https:\/\/loudavymkrokem.cz\/wp-content\/uploads\/2026\/08\/bulharsko-research-varna-19-fdecea77-700x394.jpg 700w, https:\/\/loudavymkrokem.cz\/wp-content\/uploads\/2026\/08\/bulharsko-research-varna-19-fdecea77-768x432.jpg 768w, https:\/\/loudavymkrokem.cz\/wp-content\/uploads\/2026\/08\/bulharsko-research-varna-19-fdecea77-1536x864.jpg 1536w, https:\/\/loudavymkrokem.cz\/wp-content\/uploads\/2026\/08\/bulharsko-research-varna-19-fdecea77-696x391.jpg 696w, https:\/\/loudavymkrokem.cz\/wp-content\/uploads\/2026\/08\/bulharsko-research-varna-19-fdecea77-1392x783.jpg 1392w\" sizes=\"(max-width: 1800px) 100vw, 1800px\" \/><button\n\t\t\tclass=\"lightbox-trigger\"\n\t\t\ttype=\"button\"\n\t\t\taria-haspopup=\"dialog\"\n\t\t\tdata-wp-bind--aria-label=\"state.thisImage.triggerButtonAriaLabel\"\n\t\t\tdata-wp-init=\"callbacks.initTriggerButton\"\n\t\t\tdata-wp-on--click=\"actions.showLightbox\"\n\t\t\tdata-wp-style--right=\"state.thisImage.buttonRight\"\n\t\t\tdata-wp-style--top=\"state.thisImage.buttonTop\"\n\t\t>\n\t\t\t<svg xmlns=\"http:\/\/www.w3.org\/2000\/svg\" width=\"12\" height=\"12\" fill=\"none\" viewBox=\"0 0 12 12\">\n\t\t\t\t<path fill=\"#fff\" d=\"M2 0a2 2 0 0 0-2 2v2h1.5V2a.5.5 0 0 1 .5-.5h2V0H2Zm2 10.5H2a.5.5 0 0 1-.5-.5V8H0v2a2 2 0 0 0 2 2h2v-1.5ZM8 12v-1.5h2a.5.5 0 0 0 .5-.5V8H12v2a2 2 0 0 1-2 2H8Zm2-12a2 2 0 0 1 2 2v2h-1.5V2a.5.5 0 0 0-.5-.5H8V0h2Z\" \/>\n\t\t\t<\/svg>\n\t\t<\/button><figcaption class=\"wp-element-caption\">Foto: Spiritia, CC BY-SA 4.0 (Wikimedia Commons)<\/figcaption><\/figure>\n\n\n\n<!-- LKM_GYG_CARD start q=\"varna\" lang=\"pl\" rendered=\"2026-09-05T18:41:11+00:00\" v=\"1\" -->\n<style id=\"lk-gyg-styles\">\n@import url(\"https:\/\/fonts.googleapis.com\/css2?family=Playfair+Display:wght@700&family=DM+Sans:wght@300;400;500;600&display=swap\");\n\/* === LK GYG karty \u2014 CRO redesign 2026-05 (namespace .lkx-) ===\n   C\u00edl: vy\u0161\u0161\u00ed CTR (hero + v\u00fdrazn\u00fd social proof + ak\u010dn\u00ed CTA, m\u00e9n\u011b \"reklamn\u00ed\").\n   Injektuje se inline do prvn\u00edho markeru postu (refresh_cards.py --inline-css). *\/\n.lkx-module, .lkx-module *{box-sizing:border-box;margin:0;padding:0}\n.lkx-module{\n  font-family:'DM Sans',-apple-system,Segoe UI,Roboto,Georgia,sans-serif;\n  max-width:860px;margin:2.5rem auto;color:#1f2328;\n}\n\n\/* HEADER \u2014 lehk\u00fd editorsk\u00fd, \u017e\u00e1dn\u00fd bannerov\u00fd blok; nadpis + popisek pod n\u00edm *\/\n.lkx-head{margin-bottom:16px}\n.lkx-head-main{display:flex;align-items:center;gap:10px}\n.lkx-head-accent{width:26px;height:3px;border-radius:2px;background:#c39f76;flex-shrink:0}\n.lkx-head-title{font-family:'Playfair Display',Georgia,serif;font-size:21px;font-weight:700;color:#1a1a1a;line-height:1.25}\n.lkx-head-meta{display:block;font-size:11px;letter-spacing:.3px;color:#9aa0a6;margin-top:4px;margin-left:36px}\n\n\/* HERO *\/\n.lkx-hero{display:grid;grid-template-columns:300px 1fr;background:#fff;border:1px solid #ece7df;border-radius:14px;overflow:hidden;text-decoration:none!important;color:inherit;box-shadow:0 6px 20px rgba(0,0,0,.06);transition:box-shadow .2s,transform .2s;margin-bottom:14px}\n.lkx-hero:hover{box-shadow:0 12px 30px rgba(0,0,0,.12);transform:translateY(-2px)}\n.lkx-hero-img{position:relative;min-height:230px;background-size:cover;background-position:center;background-color:#eee}\n.lkx-hero-body{padding:22px 24px;display:flex;flex-direction:column}\n.lkx-pick{position:absolute;top:12px;left:12px;background:#1a1a1a;color:#fff;font-size:11px;font-weight:700;letter-spacing:.5px;padding:5px 11px;border-radius:20px}\n\n\/* TITLE *\/\n.lkx-title{font-size:19px;font-weight:700;color:#161616;line-height:1.3}\n.lkx-title-sm{font-size:14.5px;line-height:1.35;display:-webkit-box;-webkit-line-clamp:2;-webkit-box-orient:vertical;overflow:hidden}\n\n\/* SOCIAL PROOF \u2014 v\u00fdrazn\u011b, naho\u0159e *\/\n.lkx-proof{display:flex;align-items:center;gap:7px;margin-top:12px;font-size:15px;color:#3a3a3a}\n.lkx-proof b{font-size:16px;color:#161616}\n.lkx-stars{color:#f5a623;letter-spacing:1px}\n.lkx-proof-sm{font-size:12.5px;margin-top:8px;gap:5px}\n.lkx-proof-sm b{font-size:13px}\n.lkx-proof-new{color:#3685fc;font-weight:600}\n\n\/* PRICE \u2014 n\u00edzk\u00e1 kotva *\/\n.lkx-price{font-size:14px;color:#6b7280}\n.lkx-price b{font-size:20px;color:#161616;font-weight:700}\n.lkx-price-sm b{font-size:15px}\n\n\/* CTA \u2014 tepl\u00e9 ak\u010dn\u00ed tla\u010d\u00edtko *\/\n.lkx-cta{display:inline-flex;align-items:center;justify-content:center;text-decoration:none!important;font-weight:700;color:#fff!important;background:linear-gradient(135deg,#f6743f,#e8552a);border-radius:10px;box-shadow:0 6px 16px rgba(232,85,42,.32);transition:box-shadow .2s}\n.lkx-cta-hero{font-size:15px;padding:13px 22px}\n.lkx-hero:hover .lkx-cta-hero{box-shadow:0 8px 22px rgba(232,85,42,.45)}\n.lkx-cta-sm{font-size:12.5px;padding:9px 14px;width:100%;margin-top:2px}\n.lkx-hero-bottom{margin-top:auto;padding-top:18px;display:flex;align-items:center;justify-content:space-between;gap:14px;flex-wrap:wrap}\n\n\/* BADGE \u2014 jeden v\u00fdrazn\u00fd na fotce *\/\n.lkx-badge{position:absolute;top:12px;right:12px;font-size:10.5px;font-weight:700;letter-spacing:.3px;padding:5px 10px;border-radius:16px;color:#fff}\n.lkx-badge.badge-urgency{background:rgba(214,40,40,.92)}\n.lkx-badge.badge-new{background:rgba(54,133,252,.92)}\n.lkx-badge.badge-top{background:rgba(195,159,118,.95)}\n.lkx-badge.badge-info{background:rgba(40,40,40,.78)}\n\n\/* SECONDARY GRID *\/\n.lkx-grid{display:grid;grid-template-columns:1fr 1fr;gap:14px}\n.lkx-card{background:#fff;border:1px solid #ece7df;border-radius:14px;overflow:hidden;text-decoration:none!important;color:inherit;box-shadow:0 4px 14px rgba(0,0,0,.05);display:flex;flex-direction:column;transition:box-shadow .2s,transform .2s}\n.lkx-card:hover{box-shadow:0 10px 24px rgba(0,0,0,.1);transform:translateY(-2px)}\n.lkx-card-img{position:relative;aspect-ratio:16\/10;background-size:cover;background-position:center;background-color:#eee}\n.lkx-card-body{padding:14px 16px 16px;display:flex;flex-direction:column;gap:7px;flex:1}\n.lkx-card-bottom{margin-top:auto;padding-top:10px;display:flex;align-items:center;justify-content:space-between;gap:8px}\n\n\/* DISCLOSURE \u2014 drobn\u00e1, kv\u016fli d\u016fv\u011b\u0159e\/z\u00e1konu *\/\n.lkx-disclosure{font-size:11px;color:#a7adb3;text-align:center;margin-top:14px;line-height:1.6}\n.lkx-disclosure a{color:#c39f76;text-decoration:none}\n\n@media(max-width:680px){\n  .lkx-hero{grid-template-columns:1fr}\n  .lkx-hero-img{min-height:180px}\n  .lkx-grid{grid-template-columns:1fr}\n  .lkx-head-meta{margin-left:0;width:100%}\n  .lkx-head-title{font-size:19px}\n}\n\n<\/style>\n<div class=\"lkx-module\" data-query=\"varna\">\n  <div class=\"lkx-head\">\n    <div class=\"lkx-head-main\">\n      <span class=\"lkx-head-accent\"><\/span>\n      <span class=\"lkx-head-title\">Atrakcje i bilety<\/span>\n    <\/div>\n    <span class=\"lkx-head-meta\">oceniane przez podr\u00f3\u017cnych \u00b7 GetYourGuide<\/span>\n  <\/div><a class=\"lkx-hero\" href=\"https:\/\/www.getyourguide.com\/pl-pl\/warna-l412\/warna-rejs-o-zachodzie-slonca-z-napojami-i-pirackim-poszukiwaniem-skarbu-t1288459\/?partner_id=MKZ64IS&amp;utm_medium=online_publisher&amp;cmp=warna-bulgaria-atrakcje\" target=\"_blank\" rel=\"sponsored noopener nofollow\">\n    <div class=\"lkx-hero-img\" style=\"background-image:url('https:\/\/cdn.getyourguide.com\/img\/tour\/eb41ecd853d11f185e58ecab4209dc5a16d762d19434e10d71e2216479c9508b.jpg\/132.jpg')\" role=\"img\" aria-label=\"Warna: rejs o zachodzie s\u0142o\u0144ca z napojami i pirackim poszukiwaniem skarbu\">\n      <span class=\"lkx-pick\">\u2605 Nasz wyb\u00f3r<\/span><\/div>\n    <div class=\"lkx-hero-body\">\n      <div class=\"lkx-title\">Warna: rejs o zachodzie s\u0142o\u0144ca z napojami i pirackim poszukiwaniem skarbu<\/div>\n      <div class=\"lkx-proof\">\n      <span class=\"lkx-stars\">\u2605\u2605\u2605\u2605\u2605<\/span>\n      <b>4.6<\/b> \u00b7 143 opinii\n    <\/div>\n      <div class=\"lkx-hero-bottom\"><div class=\"lkx-price\">od <b>16\u00a0EUR<\/b><\/div><span class=\"lkx-cta lkx-cta-hero\">Chc\u0119 tego do\u015bwiadczy\u0107 \u2192<\/span>\n      <\/div>\n    <\/div>\n  <\/a><div class=\"lkx-grid\"><a class=\"lkx-card\" href=\"https:\/\/www.getyourguide.com\/pl-pl\/warna-l412\/warna-piracki-rejs-z-bitw-bitwa-morska-i-pizza-t1017577\/?partner_id=MKZ64IS&amp;utm_medium=online_publisher&amp;cmp=warna-bulgaria-atrakcje\" target=\"_blank\" rel=\"sponsored noopener nofollow\">\n      <div class=\"lkx-card-img\" style=\"background-image:url('https:\/\/cdn.getyourguide.com\/img\/tour\/97bcf2c7a1c149d93ac9d5dca71b723d4c685dd42182d7583334ad88d4d27c9e.jpeg\/132.jpg')\" role=\"img\" aria-label=\"Warna: Piracki rejs z bitw bitw\u0105 morsk\u0105 i pizz\u0105\"><\/div>\n      <div class=\"lkx-card-body\">\n        <div class=\"lkx-title lkx-title-sm\">Warna: Piracki rejs z bitw bitw\u0105 morsk\u0105 i pizz\u0105<\/div>\n        <div class=\"lkx-proof lkx-proof-sm\">\n      <span class=\"lkx-stars\">\u2605<\/span>\n      <b>4.7<\/b> \u00b7 168\n    <\/div>\n        <div class=\"lkx-card-bottom\"><span class=\"lkx-price lkx-price-sm\">od <b>19\u00a0EUR<\/b><\/span><span class=\"lkx-cta lkx-cta-sm\">Zobacz terminy \u2192<\/span>\n        <\/div>\n      <\/div>\n    <\/a><a class=\"lkx-card\" href=\"https:\/\/www.getyourguide.com\/pl-pl\/warna-l412\/varna-goldensands-t439759\/?partner_id=MKZ64IS&amp;utm_medium=online_publisher&amp;cmp=warna-bulgaria-atrakcje\" target=\"_blank\" rel=\"sponsored noopener nofollow\">\n      <div class=\"lkx-card-img\" style=\"background-image:url('https:\/\/cdn.getyourguide.com\/img\/tour\/e1b92ad313f2644839b60729e94bd9b11187f4a7b9e0f42f75bde08719c8c11d.png\/132.jpg')\" role=\"img\" aria-label=\"Lotnisko Warna\/Miasto Warna - Z\u0142ote Piaski\"><\/div>\n      <div class=\"lkx-card-body\">\n        <div class=\"lkx-title lkx-title-sm\">Lotnisko Warna\/Miasto Warna &#8211; Z\u0142ote Piaski<\/div>\n        <div class=\"lkx-proof lkx-proof-sm\">\n      <span class=\"lkx-stars\">\u2605<\/span>\n      <b>4.8<\/b> \u00b7 17\n    <\/div>\n        <div class=\"lkx-card-bottom\"><span class=\"lkx-price lkx-price-sm\">od <b>55\u00a0EUR<\/b><\/span><span class=\"lkx-cta lkx-cta-sm\">Zobacz terminy \u2192<\/span>\n        <\/div>\n      <\/div>\n    <\/a><\/div><div class=\"lkx-disclosure\">\ud83d\udd17 Linki afiliacyjne \u2014 nie zmieniaj\u0105 ceny dla Ciebie, pomagaj\u0105 nam tworzy\u0107 tre\u015bci. \u00b7 <a href=\"https:\/\/www.getyourguide.com\/pl-pl\/s\/?q=varna&amp;partner_id=MKZ64IS&amp;utm_medium=online_publisher\" target=\"_blank\" rel=\"sponsored noopener nofollow\">Wszystkie atrakcje \u2192<\/a><\/div>\n<\/div>\n<!-- LKM_GYG_CARD end -->\n\n\n\n\n<div class=\"lk-stays-module\">\n<style>\n\/* \u2500\u2500\u2500 RESET PRO GUTENBERG \u2500\u2500\u2500 *\/\n.lk-stays-module * { box-sizing: border-box; margin: 0; padding: 0; }\n\n\/* \u2500\u2500\u2500 WRAPPER \u2500\u2500\u2500 *\/\n.lk-stays-module {\n  font-family: 'DM Sans', Georgia, sans-serif;\n  max-width: 100%;\n  margin: 2.5rem auto;\n  background: linear-gradient(135deg, #fdfaf5 0%, #fcf8f0 100%);\n  border: 1px solid #e8dfd4;\n  border-radius: 16px;\n  overflow: hidden;\n  box-shadow: 0 16px 48px rgba(195, 159, 118, 0.25), 0 4px 12px rgba(0,0,0,0.08);\n}\n\n\/* \u2500\u2500\u2500 HEADER \u2500\u2500\u2500 *\/\n.lk-stays-header {\n  position: relative;\n  padding: 24px 36px 24px;\n  background: linear-gradient(135deg, #c39f76 0%, #d4b188 60%, #c39f76 100%);\n  border-bottom: 1px solid rgba(255,255,255,.15);\n  display: flex;\n  align-items: center;\n  gap: 18px;\n}\n.lk-stays-header::before {\n  content: '';\n  position: absolute;\n  inset: 0;\n  background: url(\"data:image\/svg+xml,%3Csvg width='60' height='60' viewBox='0 0 60 60' xmlns='http:\/\/www.w3.org\/2000\/svg'%3E%3Cg fill='none' fill-rule='evenodd'%3E%3Cg fill='%23ffffff' fill-opacity='0.05'%3E%3Cpath d='M36 34v-4h-2v4h-4v2h4v4h2v-4h4v-2h-4zm0-30V0h-2v4h-4v2h4v4h2V6h4V4h-4zM6 34v-4H4v4H0v2h4v4h2v-4h4v-2H6zM6 4V0H4v4H0v2h4v4h2V6h4V4H6z'\/%3E%3C\/g%3E%3C\/g%3E%3C\/svg%3E\") repeat;\n  pointer-events: none;\n}\n.lk-stays-icon {\n  flex-shrink: 0;\n  width: 68px;\n  height: 68px;\n  border-radius: 14px;\n  background: linear-gradient(135deg, #fff 0%, #f9f6f0 100%);\n  display: flex;\n  align-items: center;\n  justify-content: center;\n  font-size: 26px;\n  box-shadow: 0 4px 12px rgba(0,0,0,0.15);\n}\n.lk-stays-eyebrow {\n  font-size: 10px;\n  font-weight: 500;\n  letter-spacing: 2.5px;\n  text-transform: uppercase;\n  color: rgba(255,255,255,.85);\n  margin: 0 0 5px 0;\n}\n.lk-stays-title {\n  font-family: 'Playfair Display', Georgia, serif;\n  font-size: 24px;\n  font-weight: 700;\n  color: #fff;\n  line-height: 1.2;\n  text-shadow: 0 1px 2px rgba(0,0,0,0.1);\n  margin: 0;\n}\n.lk-stays-subtitle {\n  font-size: 13px;\n  color: rgba(255,255,255,.75);\n  margin: 4px 0 0 0;\n  font-weight: 300;\n}\n\n\/* \u2500\u2500\u2500 CARDS GRID \u2500\u2500\u2500 *\/\n.lk-stays-grid {\n  display: grid;\n  grid-template-columns: 1fr 1fr;\n  gap: 1px;\n  background: rgba(195, 159, 118, 0.12);\n}\n\n\/* \u2500\u2500\u2500 SINGLE CARD \u2500\u2500\u2500 *\/\n.lk-stay-card {\n  background: #ffffff;\n  padding: 26px;\n  display: flex;\n  flex-direction: column;\n  gap: 11px;\n  transition: all 0.3s ease;\n  text-decoration: none;\n  color: inherit;\n  position: relative;\n}\n.lk-stay-card:hover {\n  background: #fffbf5;\n  transform: translateY(-2px);\n  box-shadow: 0 8px 24px rgba(195, 159, 118, 0.18);\n  z-index: 1;\n}\n.lk-stay-card.featured {\n  background: linear-gradient(135deg, #fffdf9 0%, #fff9f0 100%);\n  box-shadow: 0 4px 16px rgba(195, 159, 118, 0.15), inset 0 1px 0 rgba(195, 159, 118, 0.1);\n}\n.lk-stay-card.featured:hover {\n  background: linear-gradient(135deg, #fffbf5 0%, #fff8ed 100%);\n  box-shadow: 0 8px 24px rgba(195, 159, 118, 0.25), inset 0 1px 0 rgba(195, 159, 118, 0.15);\n}\n\n.lk-stay-badge {\n  display: inline-flex;\n  align-items: center;\n  gap: 5px;\n  font-size: 10px;\n  font-weight: 500;\n  letter-spacing: 1.5px;\n  text-transform: uppercase;\n  padding: 5px 11px;\n  border-radius: 20px;\n  width: fit-content;\n}\n.badge-top     { background: linear-gradient(135deg, #c39f76 0%, #d4b188 100%); color: #fff; border: 1px solid #c39f76; font-weight: 600; box-shadow: 0 2px 8px rgba(195,159,118,0.3); }\n.badge-luxury  { background: rgba(195,159,118,.12); color: #c39f76; border: 1px solid rgba(195,159,118,.25); }\n.badge-boutique{ background: rgba(54,133,252,.08); color: #3685fc; border: 1px solid rgba(54,133,252,.2); }\n.badge-nature  { background: rgba(130,190,100,.1); color: #6b9c4a; border: 1px solid rgba(130,190,100,.2); }\n.badge-remote  { background: rgba(195,159,118,.12); color: #a67e50; border: 1px solid rgba(195,159,118,.25); }\n\n.lk-stay-name {\n  font-family: 'Playfair Display', Georgia, serif;\n  font-size: 18px;\n  font-weight: 700;\n  color: #111827;\n  line-height: 1.3;\n}\n.lk-stay-desc {\n  font-size: 13.5px;\n  color: #525252;\n  line-height: 1.65;\n  font-weight: 300;\n  flex: 1;\n}\n\n.lk-stay-meta {\n  display: flex;\n  align-items: center;\n  gap: 12px;\n  flex-wrap: wrap;\n  margin-top: 4px;\n}\n.lk-stay-price {\n  font-size: 13px;\n  color: #6b7280;\n}\n.lk-stay-price strong {\n  color: #c39f76;\n  font-weight: 500;\n}\n.lk-stay-stars {\n  color: #c39f76;\n  font-size: 11px;\n  letter-spacing: 1px;\n}\n\n\/* \u2500\u2500\u2500 CTA BUTTON \u2500\u2500\u2500 *\/\n.lk-stay-cta {\n  display: inline-flex;\n  align-items: center;\n  justify-content: center;\n  gap: 7px;\n  margin-top: 8px;\n  padding: 11px 20px;\n  border-radius: 8px;\n  background: linear-gradient(135deg, #3685fc 0%, #2a6fd9 100%);\n  color: #fff;\n  font-size: 13px;\n  font-weight: 500;\n  text-decoration: none;\n  letter-spacing: .3px;\n  transition: all .2s ease;\n  cursor: pointer;\n  border: none;\n  text-align: center;\n  box-shadow: 0 4px 12px rgba(54, 133, 252, 0.25);\n}\n.lk-stay-cta:hover {\n  background: linear-gradient(135deg, #2a6fd9 0%, #1e5bc4 100%);\n  transform: translateY(-1px);\n  box-shadow: 0 6px 16px rgba(54, 133, 252, 0.35);\n}\n.lk-stay-cta svg { flex-shrink: 0; }\n\n\/* \u2500\u2500\u2500 FOOTER \u2500\u2500\u2500 *\/\n.lk-stays-footer {\n  padding: 18px 36px;\n  background: linear-gradient(to bottom, #fdfaf5 0%, #f9f4ed 100%);\n  border-top: 1px solid rgba(195, 159, 118, 0.15);\n  display: flex;\n  align-items: center;\n  justify-content: space-between;\n  flex-wrap: wrap;\n  gap: 12px;\n}\n.lk-stays-footer-note {\n  font-size: 11.5px;\n  color: #6b7280;\n  font-weight: 300;\n  line-height: 1.5;\n}\n.lk-stays-footer-note a {\n  color: #c39f76;\n  text-decoration: none;\n  font-weight: 400;\n}\n.lk-stays-footer-note a:hover {\n  text-decoration: underline;\n}\n.lk-stays-all-btn {\n  display: inline-flex;\n  align-items: center;\n  gap: 6px;\n  font-size: 12.5px;\n  font-weight: 500;\n  color: #c39f76;\n  text-decoration: none;\n  border: 1px solid rgba(195, 159, 118, 0.35);\n  padding: 8px 18px;\n  border-radius: 8px;\n  transition: all .2s ease;\n}\n.lk-stays-all-btn:hover {\n  background: rgba(195, 159, 118, 0.08);\n  border-color: rgba(195, 159, 118, 0.5);\n}\n\n\/* \u2500\u2500\u2500 RESPONSIVE \u2500\u2500\u2500 *\/\n@media (max-width: 600px) {\n  .lk-stays-grid { grid-template-columns: 1fr; }\n  .lk-stays-header { padding: 24px 20px; }\n  .lk-stays-footer { padding: 16px 20px; }\n  .lk-stay-card { padding: 22px; }\n  .lk-stays-title { font-size: 20px; }\n}\n<\/style>\n\n  <!-- HEADER -->\n  <div class=\"lk-stays-header\">\n    <img decoding=\"async\" src=\"https:\/\/loudavymkrokem.cz\/wp-content\/uploads\/2026\/02\/lukas-a-lucka.jpg\" alt=\"\" style=\"width: 75px; height: 75px; border-radius: 8px; flex-shrink: 0; object-fit: cover; display: block; margin: 4px 0;\" title=\"\">\n    <div class=\"lk-stays-header-text\">\n      <div class=\"lk-stays-eyebrow\">Luk\u00e1\u0161 i Lucie polecaj\u0105<\/div>\n      <div class=\"lk-stays-title\">Gdzie si\u0119 zatrzyma\u0107 w Warnie<\/div>\n      <div class=\"lk-stays-subtitle\">6 nocleg\u00f3w \u2014 hotele wellness, hotele i inne opcje zakwaterowania<\/div>\n    <\/div>\n  <\/div>\n\n  <!-- CARDS -->\n  <div class=\"lk-stays-grid\">\n\n    <a class=\"lk-stay-card featured\" href=\"https:\/\/www.stay22.com\/allez\/roam?aid=lukaskonecny&#038;campaign=loudavymkrokemcz&#038;campaign=pl&#038;campaign=varna&#038;hotelname=Modus%20Hotel&#038;address=Varna%2C%20Bulharsko\" target=\"_blank\" rel=\"nofollow noopener\">\n      <span class=\"lk-stay-badge badge-top\">\u2b50 TOP WYB\u00d3R<\/span>\n      <span class=\"lk-stay-badge badge-nature\">\u2b50 Luxury<\/span>\n      <div class=\"lk-stay-name\">Modus Hotel<\/div>\n      <div class=\"lk-stay-desc\">Doskona\u0142y hotel w Greckiej Dzielnicy, 130 metr\u00f3w od Ogrodu Morskiego. Najlepsza ocena i lokalizacja w mie\u015bcie.<\/div>\n      <div class=\"lk-stay-meta\">\n        <span class=\"lk-stay-stars\">\u2605\u2605\u2605\u2605<\/span>\n        <span class=\"lk-stay-price\">Sprawd\u017a ceny<\/span>\n      <\/div>\n      <span class=\"lk-stay-cta\">\n        <svg width=\"14\" height=\"14\" viewBox=\"0 0 24 24\" fill=\"none\" stroke=\"currentColor\" stroke-width=\"2\"><path d=\"M18 13v6a2 2 0 0 1-2 2H5a2 2 0 0 1-2-2V8a2 2 0 0 1 2-2h6\"\/><polyline points=\"15 3 21 3 21 9\"\/><line x1=\"10\" y1=\"14\" x2=\"21\" y2=\"3\"\/><\/svg>\n        Sprawd\u017a dost\u0119pno\u015b\u0107\n      <\/span>\n    <\/a>\n\n    <a class=\"lk-stay-card\" href=\"https:\/\/www.stay22.com\/allez\/roam?aid=lukaskonecny&#038;campaign=loudavymkrokemcz&#038;campaign=pl&#038;campaign=varna&#038;hotelname=Grand%20Hotel%20London&#038;address=Varna%2C%20Bulharsko\" target=\"_blank\" rel=\"nofollow noopener\">\n      <span class=\"lk-stay-badge badge-nature\">\ud83c\udfe8 Hotel<\/span>\n      <div class=\"lk-stay-name\">Grand Hotel London<\/div>\n      <div class=\"lk-stay-desc\">Wspania\u0142y secesyjny budynek z 1912 roku w samym centrum Warny. Dla mi\u0142o\u015bnik\u00f3w historii.<\/div>\n      <div class=\"lk-stay-meta\">\n        <span class=\"lk-stay-stars\">\u2605\u2605\u2605\u2605<\/span>\n        <span class=\"lk-stay-price\">Sprawd\u017a ceny<\/span>\n      <\/div>\n      <span class=\"lk-stay-cta\">\n        <svg width=\"14\" height=\"14\" viewBox=\"0 0 24 24\" fill=\"none\" stroke=\"currentColor\" stroke-width=\"2\"><path d=\"M18 13v6a2 2 0 0 1-2 2H5a2 2 0 0 1-2-2V8a2 2 0 0 1 2-2h6\"\/><polyline points=\"15 3 21 3 21 9\"\/><line x1=\"10\" y1=\"14\" x2=\"21\" y2=\"3\"\/><\/svg>\n        Sprawd\u017a dost\u0119pno\u015b\u0107\n      <\/span>\n    <\/a>\n\n    <a class=\"lk-stay-card\" href=\"https:\/\/www.stay22.com\/allez\/roam?aid=lukaskonecny&#038;campaign=loudavymkrokemcz&#038;campaign=pl&#038;campaign=varna&#038;hotelname=Hotel%20Cherno%20More&#038;address=Varna%2C%20Bulharsko\" target=\"_blank\" rel=\"nofollow noopener\">\n      <span class=\"lk-stay-badge badge-nature\">\ud83c\udfe8 Hotel<\/span>\n      <div class=\"lk-stay-name\">Hotel Cherno More<\/div>\n      <div class=\"lk-stay-desc\">Z\u0142oty \u015brodek z balkonami z widokiem na morze. Znajduje si\u0119 przy wej\u015bciu do parku.<\/div>\n      <div class=\"lk-stay-meta\">\n        <span class=\"lk-stay-stars\">\u2605\u2605\u2605\u2605<\/span>\n        <span class=\"lk-stay-price\">Sprawd\u017a ceny<\/span>\n      <\/div>\n      <span class=\"lk-stay-cta\">\n        <svg width=\"14\" height=\"14\" viewBox=\"0 0 24 24\" fill=\"none\" stroke=\"currentColor\" stroke-width=\"2\"><path d=\"M18 13v6a2 2 0 0 1-2 2H5a2 2 0 0 1-2-2V8a2 2 0 0 1 2-2h6\"\/><polyline points=\"15 3 21 3 21 9\"\/><line x1=\"10\" y1=\"14\" x2=\"21\" y2=\"3\"\/><\/svg>\n        Sprawd\u017a dost\u0119pno\u015b\u0107\n      <\/span>\n    <\/a>\n\n    <a class=\"lk-stay-card\" href=\"https:\/\/www.stay22.com\/allez\/roam?aid=lukaskonecny&#038;campaign=loudavymkrokemcz&#038;campaign=pl&#038;campaign=varna&#038;hotelname=Boutique%20Splendid&#038;address=Varna%2C%20Bulharsko\" target=\"_blank\" rel=\"nofollow noopener\">\n      <span class=\"lk-stay-badge badge-nature\">\ud83c\udfe8 Hotel<\/span>\n      <div class=\"lk-stay-name\">Boutique Splendid<\/div>\n      <div class=\"lk-stay-desc\">Najbli\u017cej zabytk\u00f3w, nieca\u0142e sto metr\u00f3w od Katedry Wniebowzi\u0119cia Naj\u015bwi\u0119tszej Maryi Panny.<\/div>\n      <div class=\"lk-stay-meta\">\n        <span class=\"lk-stay-stars\">\u2605\u2605\u2605\u2605<\/span>\n        <span class=\"lk-stay-price\">Sprawd\u017a ceny<\/span>\n      <\/div>\n      <span class=\"lk-stay-cta\">\n        <svg width=\"14\" height=\"14\" viewBox=\"0 0 24 24\" fill=\"none\" stroke=\"currentColor\" stroke-width=\"2\"><path d=\"M18 13v6a2 2 0 0 1-2 2H5a2 2 0 0 1-2-2V8a2 2 0 0 1 2-2h6\"\/><polyline points=\"15 3 21 3 21 9\"\/><line x1=\"10\" y1=\"14\" x2=\"21\" y2=\"3\"\/><\/svg>\n        Sprawd\u017a dost\u0119pno\u015b\u0107\n      <\/span>\n    <\/a>\n\n    <a class=\"lk-stay-card\" href=\"https:\/\/www.stay22.com\/allez\/roam?aid=lukaskonecny&#038;campaign=loudavymkrokemcz&#038;campaign=pl&#038;campaign=varna&#038;hotelname=Nomado%20hostel&#038;address=Varna%2C%20Bulharsko\" target=\"_blank\" rel=\"nofollow noopener\">\n      <span class=\"lk-stay-badge badge-nature\">\ud83c\udfe1 Pension\/B&#038;B<\/span>\n      <div class=\"lk-stay-name\">Nomado hostel<\/div>\n      <div class=\"lk-stay-desc\">Znakomicie oceniany tani hostel w centrum miasta dla podr\u00f3\u017cnych z ograniczonym bud\u017cetem.<\/div>\n      <div class=\"lk-stay-meta\">\n        <span class=\"lk-stay-stars\">\u2605\u2605\u2605\u2605<\/span>\n        <span class=\"lk-stay-price\">Sprawd\u017a ceny<\/span>\n      <\/div>\n      <span class=\"lk-stay-cta\">\n        <svg width=\"14\" height=\"14\" viewBox=\"0 0 24 24\" fill=\"none\" stroke=\"currentColor\" stroke-width=\"2\"><path d=\"M18 13v6a2 2 0 0 1-2 2H5a2 2 0 0 1-2-2V8a2 2 0 0 1 2-2h6\"\/><polyline points=\"15 3 21 3 21 9\"\/><line x1=\"10\" y1=\"14\" x2=\"21\" y2=\"3\"\/><\/svg>\n        Sprawd\u017a dost\u0119pno\u015b\u0107\n      <\/span>\n    <\/a>\n\n    <a class=\"lk-stay-card\" href=\"https:\/\/www.stay22.com\/allez\/roam?aid=lukaskonecny&#038;campaign=loudavymkrokemcz&#038;campaign=pl&#038;campaign=varna&#038;address=Varna&#038;hotelname=Ensana+Aquahouse&#038;search=Ensana+Aquahouse&#038;category=accommodation\" target=\"_blank\" rel=\"nofollow noopener\">\n      <span class=\"lk-stay-badge badge-nature\">\u2b50 Luxury<\/span>\n      <div class=\"lk-stay-name\">Ensana Aquahouse<\/div>\n      <div class=\"lk-stay-desc\">Pierwszy hotel w Warnie wymieniony w Michelin Guide 2026. \u0179r\u00f3d\u0142a termalne do 42\u00b0C.<\/div>\n      <div class=\"lk-stay-meta\">\n        <span class=\"lk-stay-stars\">\u2605\u2605\u2605\u2605<\/span>\n        <span class=\"lk-stay-price\">Sprawd\u017a ceny<\/span>\n      <\/div>\n      <span class=\"lk-stay-cta\">\n        <svg width=\"14\" height=\"14\" viewBox=\"0 0 24 24\" fill=\"none\" stroke=\"currentColor\" stroke-width=\"2\"><path d=\"M18 13v6a2 2 0 0 1-2 2H5a2 2 0 0 1-2-2V8a2 2 0 0 1 2-2h6\"\/><polyline points=\"15 3 21 3 21 9\"\/><line x1=\"10\" y1=\"14\" x2=\"21\" y2=\"3\"\/><\/svg>\n        Sprawd\u017a dost\u0119pno\u015b\u0107\n      <\/span>\n    <\/a>\n\n  <\/div>\n\n  \n<\/div>\n\n\n\n\n<h2 class=\"wp-block-heading\"><span class=\"ez-toc-section\" id=\"Poza_granicami_centrum\"><\/span>Poza granicami centrum<span class=\"ez-toc-section-end\"><\/span><\/h2>\n\n\n\n<p class=\"wp-block-paragraph\">Je\u015bli wybierzesz si\u0119 kawa\u0142ek dalej od historycznego j\u0105dra, Warna ods\u0142oni ci kolejne ze swoich warstw \u2014 czy to poruszaj\u0105c\u0105 <strong>histori\u0119 wojskow\u0105<\/strong>, czy <strong>spokojne podmiejskie kurorty<\/strong>.<\/p>\n\n\n\n<figure data-wp-context=\"{&quot;imageId&quot;:&quot;6a9c821ec24f8&quot;}\" data-wp-interactive=\"core\/image\" data-wp-key=\"6a9c821ec24f8\" class=\"wp-block-image size-full wp-lightbox-container\"><img decoding=\"async\" width=\"1800\" height=\"1355\" data-wp-class--hide=\"state.isContentHidden\" data-wp-class--show=\"state.isContentVisible\" data-wp-init=\"callbacks.setButtonStyles\" data-wp-on--click=\"actions.showLightbox\" data-wp-on--load=\"callbacks.setButtonStyles\" data-wp-on--pointerdown=\"actions.preloadImage\" data-wp-on--pointerenter=\"actions.preloadImageWithDelay\" data-wp-on--pointerleave=\"actions.cancelPreload\" data-wp-on-window--resize=\"callbacks.setButtonStyles\" src=\"https:\/\/loudavymkrokem.cz\/wp-content\/uploads\/2026\/08\/bulharsko-research-varna-20-7df8a708.jpg\" alt=\"Park-muzeum W\u0142adys\u0142awa Warne\u0144czyka w Warnie\" class=\"wp-image-407795\" title=\"\" srcset=\"https:\/\/loudavymkrokem.cz\/wp-content\/uploads\/2026\/08\/bulharsko-research-varna-20-7df8a708.jpg 1800w, https:\/\/loudavymkrokem.cz\/wp-content\/uploads\/2026\/08\/bulharsko-research-varna-20-7df8a708-300x226.jpg 300w, https:\/\/loudavymkrokem.cz\/wp-content\/uploads\/2026\/08\/bulharsko-research-varna-20-7df8a708-700x527.jpg 700w, https:\/\/loudavymkrokem.cz\/wp-content\/uploads\/2026\/08\/bulharsko-research-varna-20-7df8a708-768x578.jpg 768w, https:\/\/loudavymkrokem.cz\/wp-content\/uploads\/2026\/08\/bulharsko-research-varna-20-7df8a708-1536x1156.jpg 1536w, https:\/\/loudavymkrokem.cz\/wp-content\/uploads\/2026\/08\/bulharsko-research-varna-20-7df8a708-80x60.jpg 80w, https:\/\/loudavymkrokem.cz\/wp-content\/uploads\/2026\/08\/bulharsko-research-varna-20-7df8a708-160x120.jpg 160w, https:\/\/loudavymkrokem.cz\/wp-content\/uploads\/2026\/08\/bulharsko-research-varna-20-7df8a708-696x524.jpg 696w, https:\/\/loudavymkrokem.cz\/wp-content\/uploads\/2026\/08\/bulharsko-research-varna-20-7df8a708-1392x1048.jpg 1392w\" sizes=\"(max-width: 1800px) 100vw, 1800px\" \/><button\n\t\t\tclass=\"lightbox-trigger\"\n\t\t\ttype=\"button\"\n\t\t\taria-haspopup=\"dialog\"\n\t\t\tdata-wp-bind--aria-label=\"state.thisImage.triggerButtonAriaLabel\"\n\t\t\tdata-wp-init=\"callbacks.initTriggerButton\"\n\t\t\tdata-wp-on--click=\"actions.showLightbox\"\n\t\t\tdata-wp-style--right=\"state.thisImage.buttonRight\"\n\t\t\tdata-wp-style--top=\"state.thisImage.buttonTop\"\n\t\t>\n\t\t\t<svg xmlns=\"http:\/\/www.w3.org\/2000\/svg\" width=\"12\" height=\"12\" fill=\"none\" viewBox=\"0 0 12 12\">\n\t\t\t\t<path fill=\"#fff\" d=\"M2 0a2 2 0 0 0-2 2v2h1.5V2a.5.5 0 0 1 .5-.5h2V0H2Zm2 10.5H2a.5.5 0 0 1-.5-.5V8H0v2a2 2 0 0 0 2 2h2v-1.5ZM8 12v-1.5h2a.5.5 0 0 0 .5-.5V8H12v2a2 2 0 0 1-2 2H8Zm2-12a2 2 0 0 1 2 2v2h-1.5V2a.5.5 0 0 0-.5-.5H8V0h2Z\" \/>\n\t\t\t<\/svg>\n\t\t<\/button><figcaption class=\"wp-element-caption\">Foto: Micha\u0142 Derela, CC BY-SA 4.0 (Wikimedia Commons)<\/figcaption><\/figure>\n\n\n\n<h3 class=\"wp-block-heading\"><span class=\"ez-toc-section\" id=\"14_Park-muzeum_Wladyslawa_Warnenczyka\"><\/span>14. Park-muzeum W\u0142adys\u0142awa Warne\u0144czyka<span class=\"ez-toc-section-end\"><\/span><\/h3>\n\n\n\n<p class=\"wp-block-paragraph\">Ten trzydziestohektarowy park stoi dok\u0142adnie w miejscu krwawego pola bitwy z 10 listopada 1444 roku, gdzie wojska aliansu chrze\u015bcija\u0144skiego uleg\u0142y osma\u0144skiej przewadze. W bitwie zgin\u0105\u0142 zaledwie dwudziestoletni polski i w\u0119gierski kr\u00f3l W\u0142adys\u0142aw III, kt\u00f3ry od tego miejsca zyska\u0142 przydomek Warne\u0144czyk. W bitwie walczyli te\u017c czescy i rusi\u0144scy najemnicy, kt\u00f3rzy do obrony u\u017cyli tu tradycyjnego husyckiego taboru woz\u00f3w wyposa\u017conego w bombardy. \ud83d\udca1 <strong>Wskaz\u00f3wka:<\/strong> Cia\u0142a m\u0142odego kr\u00f3la nigdy nie odnaleziono. W parku stoi wi\u0119c symboliczne mauzoleum zbudowane w opuszczonym kurhanie trackim. Wst\u0119p kosztuje 4,09 \u20ac, a niekt\u00f3re eksponaty przekaza\u0142y tu bezpo\u015brednio muzea z Pragi.<\/p>\n\n\n\n<figure data-wp-context=\"{&quot;imageId&quot;:&quot;6a9c821ec2a46&quot;}\" data-wp-interactive=\"core\/image\" data-wp-key=\"6a9c821ec2a46\" class=\"wp-block-image size-full wp-lightbox-container\"><img decoding=\"async\" width=\"1800\" height=\"1350\" data-wp-class--hide=\"state.isContentHidden\" data-wp-class--show=\"state.isContentVisible\" data-wp-init=\"callbacks.setButtonStyles\" data-wp-on--click=\"actions.showLightbox\" data-wp-on--load=\"callbacks.setButtonStyles\" data-wp-on--pointerdown=\"actions.preloadImage\" data-wp-on--pointerenter=\"actions.preloadImageWithDelay\" data-wp-on--pointerleave=\"actions.cancelPreload\" data-wp-on-window--resize=\"callbacks.setButtonStyles\" src=\"https:\/\/loudavymkrokem.cz\/wp-content\/uploads\/2026\/08\/bulharsko-research-varna-21-f5e596df.jpg\" alt=\"Szeroka piaszczysta pla\u017ca w warne\u0144skiej dzielnicy Asparuchowo\" class=\"wp-image-407796\" title=\"\" srcset=\"https:\/\/loudavymkrokem.cz\/wp-content\/uploads\/2026\/08\/bulharsko-research-varna-21-f5e596df.jpg 1800w, https:\/\/loudavymkrokem.cz\/wp-content\/uploads\/2026\/08\/bulharsko-research-varna-21-f5e596df-300x225.jpg 300w, https:\/\/loudavymkrokem.cz\/wp-content\/uploads\/2026\/08\/bulharsko-research-varna-21-f5e596df-700x525.jpg 700w, https:\/\/loudavymkrokem.cz\/wp-content\/uploads\/2026\/08\/bulharsko-research-varna-21-f5e596df-768x576.jpg 768w, https:\/\/loudavymkrokem.cz\/wp-content\/uploads\/2026\/08\/bulharsko-research-varna-21-f5e596df-1536x1152.jpg 1536w, https:\/\/loudavymkrokem.cz\/wp-content\/uploads\/2026\/08\/bulharsko-research-varna-21-f5e596df-80x60.jpg 80w, https:\/\/loudavymkrokem.cz\/wp-content\/uploads\/2026\/08\/bulharsko-research-varna-21-f5e596df-160x120.jpg 160w, https:\/\/loudavymkrokem.cz\/wp-content\/uploads\/2026\/08\/bulharsko-research-varna-21-f5e596df-696x522.jpg 696w, https:\/\/loudavymkrokem.cz\/wp-content\/uploads\/2026\/08\/bulharsko-research-varna-21-f5e596df-1392x1044.jpg 1392w\" sizes=\"(max-width: 1800px) 100vw, 1800px\" \/><button\n\t\t\tclass=\"lightbox-trigger\"\n\t\t\ttype=\"button\"\n\t\t\taria-haspopup=\"dialog\"\n\t\t\tdata-wp-bind--aria-label=\"state.thisImage.triggerButtonAriaLabel\"\n\t\t\tdata-wp-init=\"callbacks.initTriggerButton\"\n\t\t\tdata-wp-on--click=\"actions.showLightbox\"\n\t\t\tdata-wp-style--right=\"state.thisImage.buttonRight\"\n\t\t\tdata-wp-style--top=\"state.thisImage.buttonTop\"\n\t\t>\n\t\t\t<svg xmlns=\"http:\/\/www.w3.org\/2000\/svg\" width=\"12\" height=\"12\" fill=\"none\" viewBox=\"0 0 12 12\">\n\t\t\t\t<path fill=\"#fff\" d=\"M2 0a2 2 0 0 0-2 2v2h1.5V2a.5.5 0 0 1 .5-.5h2V0H2Zm2 10.5H2a.5.5 0 0 1-.5-.5V8H0v2a2 2 0 0 0 2 2h2v-1.5ZM8 12v-1.5h2a.5.5 0 0 0 .5-.5V8H12v2a2 2 0 0 1-2 2H8Zm2-12a2 2 0 0 1 2 2v2h-1.5V2a.5.5 0 0 0-.5-.5H8V0h2Z\" \/>\n\t\t\t<\/svg>\n\t\t<\/button><figcaption class=\"wp-element-caption\">Foto: Dobrin Gueorguiev (Google Maps)<\/figcaption><\/figure>\n\n\n\n<h3 class=\"wp-block-heading\"><span class=\"ez-toc-section\" id=\"15_Plaza_Asparuchowo\"><\/span>15. Pla\u017ca Asparuchowo<span class=\"ez-toc-section-end\"><\/span><\/h3>\n\n\n\n<p class=\"wp-block-paragraph\">Je\u015bli m\u0119czy ci\u0119 zgie\u0142k centralnych pla\u017c, przejed\u017a przez wielki most na po\u0142udnie do dzielnicy Asparuchowo. Tutejsza pla\u017ca jest <strong>ponad kilometrowej d\u0142ugo\u015bci i miejscami a\u017c stumetrowej szeroko\u015bci<\/strong>. W og\u00f3le nie jest oblegana przez masow\u0105 turystyk\u0119, oferuje pi\u0119knie drobny piasek, spok\u00f3j i sporo zieleni. D\u0142ugotrwale nale\u017cy do najczystszych w ca\u0142ym mie\u015bcie. Asparuchowo ma te\u017c nieoczekiwany czeski \u015blad. Jest tu pochowany <strong>Hermenegild \u0160korpil<\/strong> (1858 Vysok\u00e9 M\u00fdto \u2013 1923 Warna), przyrodnik i brat Karla \u0160korpila, z kt\u00f3rym zak\u0142ada\u0142 warne\u0144skie Muzeum Archeologiczne. Spoczywa bezpo\u015brednio w stanowisku archeologicznym, kt\u00f3re sam bada\u0142. \ud83d\udca1 <strong>Wskaz\u00f3wka:<\/strong> W\u0142a\u015bnie w Asparuchowie znajdziesz najta\u0144sze i najlepiej oceniane restauracje rybne, do kt\u00f3rych jedz\u0105 chodzi\u0107 przewa\u017cnie miejscowi.<\/p>\n\n\n\n<figure data-wp-context=\"{&quot;imageId&quot;:&quot;6a9c821ec2ecb&quot;}\" data-wp-interactive=\"core\/image\" data-wp-key=\"6a9c821ec2ecb\" class=\"wp-block-image size-full wp-lightbox-container\"><img decoding=\"async\" width=\"1800\" height=\"1350\" data-wp-class--hide=\"state.isContentHidden\" data-wp-class--show=\"state.isContentVisible\" data-wp-init=\"callbacks.setButtonStyles\" data-wp-on--click=\"actions.showLightbox\" data-wp-on--load=\"callbacks.setButtonStyles\" data-wp-on--pointerdown=\"actions.preloadImage\" data-wp-on--pointerenter=\"actions.preloadImageWithDelay\" data-wp-on--pointerleave=\"actions.cancelPreload\" data-wp-on-window--resize=\"callbacks.setButtonStyles\" src=\"https:\/\/loudavymkrokem.cz\/wp-content\/uploads\/2026\/08\/bulharsko-research-varna-22-19b9282d.jpg\" alt=\"Pla\u017ca i hotele w kurorcie \u015aw. Konstantyn i Helena ko\u0142o Warny\" class=\"wp-image-407797\" title=\"\" srcset=\"https:\/\/loudavymkrokem.cz\/wp-content\/uploads\/2026\/08\/bulharsko-research-varna-22-19b9282d.jpg 1800w, https:\/\/loudavymkrokem.cz\/wp-content\/uploads\/2026\/08\/bulharsko-research-varna-22-19b9282d-300x225.jpg 300w, https:\/\/loudavymkrokem.cz\/wp-content\/uploads\/2026\/08\/bulharsko-research-varna-22-19b9282d-700x525.jpg 700w, https:\/\/loudavymkrokem.cz\/wp-content\/uploads\/2026\/08\/bulharsko-research-varna-22-19b9282d-768x576.jpg 768w, https:\/\/loudavymkrokem.cz\/wp-content\/uploads\/2026\/08\/bulharsko-research-varna-22-19b9282d-1536x1152.jpg 1536w, https:\/\/loudavymkrokem.cz\/wp-content\/uploads\/2026\/08\/bulharsko-research-varna-22-19b9282d-80x60.jpg 80w, https:\/\/loudavymkrokem.cz\/wp-content\/uploads\/2026\/08\/bulharsko-research-varna-22-19b9282d-160x120.jpg 160w, https:\/\/loudavymkrokem.cz\/wp-content\/uploads\/2026\/08\/bulharsko-research-varna-22-19b9282d-696x522.jpg 696w, https:\/\/loudavymkrokem.cz\/wp-content\/uploads\/2026\/08\/bulharsko-research-varna-22-19b9282d-1392x1044.jpg 1392w\" sizes=\"(max-width: 1800px) 100vw, 1800px\" \/><button\n\t\t\tclass=\"lightbox-trigger\"\n\t\t\ttype=\"button\"\n\t\t\taria-haspopup=\"dialog\"\n\t\t\tdata-wp-bind--aria-label=\"state.thisImage.triggerButtonAriaLabel\"\n\t\t\tdata-wp-init=\"callbacks.initTriggerButton\"\n\t\t\tdata-wp-on--click=\"actions.showLightbox\"\n\t\t\tdata-wp-style--right=\"state.thisImage.buttonRight\"\n\t\t\tdata-wp-style--top=\"state.thisImage.buttonTop\"\n\t\t>\n\t\t\t<svg xmlns=\"http:\/\/www.w3.org\/2000\/svg\" width=\"12\" height=\"12\" fill=\"none\" viewBox=\"0 0 12 12\">\n\t\t\t\t<path fill=\"#fff\" d=\"M2 0a2 2 0 0 0-2 2v2h1.5V2a.5.5 0 0 1 .5-.5h2V0H2Zm2 10.5H2a.5.5 0 0 1-.5-.5V8H0v2a2 2 0 0 0 2 2h2v-1.5ZM8 12v-1.5h2a.5.5 0 0 0 .5-.5V8H12v2a2 2 0 0 1-2 2H8Zm2-12a2 2 0 0 1 2 2v2h-1.5V2a.5.5 0 0 0-.5-.5H8V0h2Z\" \/>\n\t\t\t<\/svg>\n\t\t<\/button><figcaption class=\"wp-element-caption\">Foto: Mariana Negrea (Google Maps)<\/figcaption><\/figure>\n\n\n\n<h3 class=\"wp-block-heading\"><span class=\"ez-toc-section\" id=\"16_Sw_Konstantyn_i_Helena\"><\/span>16. \u015aw. Konstantyn i Helena<span class=\"ez-toc-section-end\"><\/span><\/h3>\n\n\n\n<p class=\"wp-block-paragraph\">Zaledwie 9 kilometr\u00f3w na p\u00f3\u0142noc od centrum le\u017cy w og\u00f3le najstarszy bu\u0142garski kurort nadmorski. Dawniej nazywa\u0142 si\u0119 Dru\u017cba, a dzi\u015b s\u0142ynie przede wszystkim ze swoich \u017ar\u00f3de\u0142 termalnych. Znajdziesz tu rozleg\u0142y Aquahouse Thermal &#038; Beach z czternastoma basenami i wod\u0105 ciep\u0142\u0105 a\u017c do 42 \u00b0C. Kurort jest otoczony zielonymi parkami i oferuje niesamowity spok\u00f3j. \ud83d\udca1 <strong>Wskaz\u00f3wka:<\/strong> Jako\u015b\u0107 tutejszych us\u0142ug jest na takim poziomie, \u017ce miejscowy hotel Ensana Aquahouse w sierpniu 2026 roku sta\u0142 si\u0119 <strong>pierwszym hotelem w Warnie umieszczonym w presti\u017cowym przewodniku Michelin Guide<\/strong> (podczas gdy stolica Sofia do dzi\u015b nie ma ani jednego).<\/p>\n\n\n\n<figure data-wp-context=\"{&quot;imageId&quot;:&quot;6a9c821ec341f&quot;}\" data-wp-interactive=\"core\/image\" data-wp-key=\"6a9c821ec341f\" class=\"wp-block-image size-full wp-lightbox-container\"><img decoding=\"async\" width=\"1800\" height=\"1350\" data-wp-class--hide=\"state.isContentHidden\" data-wp-class--show=\"state.isContentVisible\" data-wp-init=\"callbacks.setButtonStyles\" data-wp-on--click=\"actions.showLightbox\" data-wp-on--load=\"callbacks.setButtonStyles\" data-wp-on--pointerdown=\"actions.preloadImage\" data-wp-on--pointerenter=\"actions.preloadImageWithDelay\" data-wp-on--pointerleave=\"actions.cancelPreload\" data-wp-on-window--resize=\"callbacks.setButtonStyles\" src=\"https:\/\/loudavymkrokem.cz\/wp-content\/uploads\/2026\/08\/bulharsko-research-varna-23-e2205d32.jpg\" alt=\"Masyw skalny ko\u0142o Madary, gdzie wykuty jest Je\u017adziec z Madary\" class=\"wp-image-407798\" title=\"\" srcset=\"https:\/\/loudavymkrokem.cz\/wp-content\/uploads\/2026\/08\/bulharsko-research-varna-23-e2205d32.jpg 1800w, https:\/\/loudavymkrokem.cz\/wp-content\/uploads\/2026\/08\/bulharsko-research-varna-23-e2205d32-300x225.jpg 300w, https:\/\/loudavymkrokem.cz\/wp-content\/uploads\/2026\/08\/bulharsko-research-varna-23-e2205d32-700x525.jpg 700w, https:\/\/loudavymkrokem.cz\/wp-content\/uploads\/2026\/08\/bulharsko-research-varna-23-e2205d32-768x576.jpg 768w, https:\/\/loudavymkrokem.cz\/wp-content\/uploads\/2026\/08\/bulharsko-research-varna-23-e2205d32-1536x1152.jpg 1536w, https:\/\/loudavymkrokem.cz\/wp-content\/uploads\/2026\/08\/bulharsko-research-varna-23-e2205d32-80x60.jpg 80w, https:\/\/loudavymkrokem.cz\/wp-content\/uploads\/2026\/08\/bulharsko-research-varna-23-e2205d32-160x120.jpg 160w, https:\/\/loudavymkrokem.cz\/wp-content\/uploads\/2026\/08\/bulharsko-research-varna-23-e2205d32-696x522.jpg 696w, https:\/\/loudavymkrokem.cz\/wp-content\/uploads\/2026\/08\/bulharsko-research-varna-23-e2205d32-1392x1044.jpg 1392w\" sizes=\"(max-width: 1800px) 100vw, 1800px\" \/><button\n\t\t\tclass=\"lightbox-trigger\"\n\t\t\ttype=\"button\"\n\t\t\taria-haspopup=\"dialog\"\n\t\t\tdata-wp-bind--aria-label=\"state.thisImage.triggerButtonAriaLabel\"\n\t\t\tdata-wp-init=\"callbacks.initTriggerButton\"\n\t\t\tdata-wp-on--click=\"actions.showLightbox\"\n\t\t\tdata-wp-style--right=\"state.thisImage.buttonRight\"\n\t\t\tdata-wp-style--top=\"state.thisImage.buttonTop\"\n\t\t>\n\t\t\t<svg xmlns=\"http:\/\/www.w3.org\/2000\/svg\" width=\"12\" height=\"12\" fill=\"none\" viewBox=\"0 0 12 12\">\n\t\t\t\t<path fill=\"#fff\" d=\"M2 0a2 2 0 0 0-2 2v2h1.5V2a.5.5 0 0 1 .5-.5h2V0H2Zm2 10.5H2a.5.5 0 0 1-.5-.5V8H0v2a2 2 0 0 0 2 2h2v-1.5ZM8 12v-1.5h2a.5.5 0 0 0 .5-.5V8H12v2a2 2 0 0 1-2 2H8Zm2-12a2 2 0 0 1 2 2v2h-1.5V2a.5.5 0 0 0-.5-.5H8V0h2Z\" \/>\n\t\t\t<\/svg>\n\t\t<\/button><figcaption class=\"wp-element-caption\">Foto: valeri mladenov (Google Maps)<\/figcaption><\/figure>\n\n\n\n<h2 class=\"wp-block-heading\"><span class=\"ez-toc-section\" id=\"Wycieczki_z_Warny\"><\/span>Wycieczki z Warny<span class=\"ez-toc-section-end\"><\/span><\/h2>\n\n\n\n<p class=\"wp-block-paragraph\">Gdy zwiedzisz ju\u017c samo miasto, warto <strong>wypo\u017cyczy\u0107 auto<\/strong>. Okolica Warny kryje <strong>zjawiska przyrodnicze i zabytki<\/strong>, kt\u00f3re nie maj\u0105 w Europie odpowiednika.<\/p>\n\n\n\n<figure data-wp-context=\"{&quot;imageId&quot;:&quot;6a9c821ec3986&quot;}\" data-wp-interactive=\"core\/image\" data-wp-key=\"6a9c821ec3986\" class=\"wp-block-image size-full wp-lightbox-container\"><img decoding=\"async\" width=\"1800\" height=\"1200\" data-wp-class--hide=\"state.isContentHidden\" data-wp-class--show=\"state.isContentVisible\" data-wp-init=\"callbacks.setButtonStyles\" data-wp-on--click=\"actions.showLightbox\" data-wp-on--load=\"callbacks.setButtonStyles\" data-wp-on--pointerdown=\"actions.preloadImage\" data-wp-on--pointerenter=\"actions.preloadImageWithDelay\" data-wp-on--pointerleave=\"actions.cancelPreload\" data-wp-on-window--resize=\"callbacks.setButtonStyles\" src=\"https:\/\/loudavymkrokem.cz\/wp-content\/uploads\/2026\/08\/bulharsko-research-varna-24-368732fd.jpg\" alt=\"Pa\u0142ac i ogr\u00f3d botaniczny w Ba\u0142cziku\" class=\"wp-image-407799\" title=\"\" srcset=\"https:\/\/loudavymkrokem.cz\/wp-content\/uploads\/2026\/08\/bulharsko-research-varna-24-368732fd.jpg 1800w, https:\/\/loudavymkrokem.cz\/wp-content\/uploads\/2026\/08\/bulharsko-research-varna-24-368732fd-300x200.jpg 300w, https:\/\/loudavymkrokem.cz\/wp-content\/uploads\/2026\/08\/bulharsko-research-varna-24-368732fd-700x467.jpg 700w, https:\/\/loudavymkrokem.cz\/wp-content\/uploads\/2026\/08\/bulharsko-research-varna-24-368732fd-768x512.jpg 768w, https:\/\/loudavymkrokem.cz\/wp-content\/uploads\/2026\/08\/bulharsko-research-varna-24-368732fd-1536x1024.jpg 1536w, https:\/\/loudavymkrokem.cz\/wp-content\/uploads\/2026\/08\/bulharsko-research-varna-24-368732fd-696x464.jpg 696w, https:\/\/loudavymkrokem.cz\/wp-content\/uploads\/2026\/08\/bulharsko-research-varna-24-368732fd-1392x928.jpg 1392w\" sizes=\"(max-width: 1800px) 100vw, 1800px\" \/><button\n\t\t\tclass=\"lightbox-trigger\"\n\t\t\ttype=\"button\"\n\t\t\taria-haspopup=\"dialog\"\n\t\t\tdata-wp-bind--aria-label=\"state.thisImage.triggerButtonAriaLabel\"\n\t\t\tdata-wp-init=\"callbacks.initTriggerButton\"\n\t\t\tdata-wp-on--click=\"actions.showLightbox\"\n\t\t\tdata-wp-style--right=\"state.thisImage.buttonRight\"\n\t\t\tdata-wp-style--top=\"state.thisImage.buttonTop\"\n\t\t>\n\t\t\t<svg xmlns=\"http:\/\/www.w3.org\/2000\/svg\" width=\"12\" height=\"12\" fill=\"none\" viewBox=\"0 0 12 12\">\n\t\t\t\t<path fill=\"#fff\" d=\"M2 0a2 2 0 0 0-2 2v2h1.5V2a.5.5 0 0 1 .5-.5h2V0H2Zm2 10.5H2a.5.5 0 0 1-.5-.5V8H0v2a2 2 0 0 0 2 2h2v-1.5ZM8 12v-1.5h2a.5.5 0 0 0 .5-.5V8H12v2a2 2 0 0 1-2 2H8Zm2-12a2 2 0 0 1 2 2v2h-1.5V2a.5.5 0 0 0-.5-.5H8V0h2Z\" \/>\n\t\t\t<\/svg>\n\t\t<\/button><figcaption class=\"wp-element-caption\">Foto: Dan Kollmann, CC BY-SA 4.0 (Wikimedia Commons)<\/figcaption><\/figure>\n\n\n\n<h3 class=\"wp-block-heading\"><span class=\"ez-toc-section\" id=\"17_Palac_i_ogrody_Balczik\"><\/span>17. Pa\u0142ac i ogrody Ba\u0142czik<span class=\"ez-toc-section-end\"><\/span><\/h3>\n\n\n\n<p class=\"wp-block-paragraph\">Oko\u0142o 40 minut jazdy na p\u00f3\u0142noc od Warny le\u017cy urokliwe miasteczko Ba\u0142czik. Rumu\u0144ska kr\u00f3lowa Maria pokocha\u0142a je tak bardzo, \u017ce kaza\u0142a sobie tu zbudowa\u0107 letni\u0105 rezydencj\u0119, kt\u00f3r\u0105 nazywa\u0142a Cichym Gniazdem. Willa jest otoczona absolutnie zachwycaj\u0105cym ogrodem botanicznym, kt\u00f3ry opada tarasami a\u017c do morza. Jego obszerna kolekcja kaktus\u00f3w bywa w przewodnikach okre\u015blana jako jedna z najwi\u0119kszych w Europie. \ud83d\udca1 <strong>Wskaz\u00f3wka:<\/strong> <strong>Bilet \u0142\u0105czony nie istnieje!<\/strong> Musisz kupi\u0107 osobno wst\u0119p do pa\u0142acu (10 \u20ac) i osobno do ogrod\u00f3w (10 \u20ac). Uwa\u017caj na zni\u017cki dla dzieci: o ile do pa\u0142acu dzieci wchodz\u0105 za darmo do 6. roku \u017cycia, o tyle ogr\u00f3d wpuszcza za darmo tylko do 4. roku \u017cycia.<\/p>\n\n\n\n<figure data-wp-context=\"{&quot;imageId&quot;:&quot;6a9c821ec401f&quot;}\" data-wp-interactive=\"core\/image\" data-wp-key=\"6a9c821ec401f\" class=\"wp-block-image size-full wp-lightbox-container\"><img decoding=\"async\" width=\"1800\" height=\"1080\" data-wp-class--hide=\"state.isContentHidden\" data-wp-class--show=\"state.isContentVisible\" data-wp-init=\"callbacks.setButtonStyles\" data-wp-on--click=\"actions.showLightbox\" data-wp-on--load=\"callbacks.setButtonStyles\" data-wp-on--pointerdown=\"actions.preloadImage\" data-wp-on--pointerenter=\"actions.preloadImageWithDelay\" data-wp-on--pointerleave=\"actions.cancelPreload\" data-wp-on-window--resize=\"callbacks.setButtonStyles\" src=\"https:\/\/loudavymkrokem.cz\/wp-content\/uploads\/2026\/08\/bulharsko-research-varna-25-5c253189.jpg\" alt=\"Klify przyl\u0105dka Kaliakra\" class=\"wp-image-407800\" title=\"\" srcset=\"https:\/\/loudavymkrokem.cz\/wp-content\/uploads\/2026\/08\/bulharsko-research-varna-25-5c253189.jpg 1800w, https:\/\/loudavymkrokem.cz\/wp-content\/uploads\/2026\/08\/bulharsko-research-varna-25-5c253189-300x180.jpg 300w, https:\/\/loudavymkrokem.cz\/wp-content\/uploads\/2026\/08\/bulharsko-research-varna-25-5c253189-700x420.jpg 700w, https:\/\/loudavymkrokem.cz\/wp-content\/uploads\/2026\/08\/bulharsko-research-varna-25-5c253189-768x461.jpg 768w, https:\/\/loudavymkrokem.cz\/wp-content\/uploads\/2026\/08\/bulharsko-research-varna-25-5c253189-1536x922.jpg 1536w, https:\/\/loudavymkrokem.cz\/wp-content\/uploads\/2026\/08\/bulharsko-research-varna-25-5c253189-696x418.jpg 696w, https:\/\/loudavymkrokem.cz\/wp-content\/uploads\/2026\/08\/bulharsko-research-varna-25-5c253189-1392x835.jpg 1392w\" sizes=\"(max-width: 1800px) 100vw, 1800px\" \/><button\n\t\t\tclass=\"lightbox-trigger\"\n\t\t\ttype=\"button\"\n\t\t\taria-haspopup=\"dialog\"\n\t\t\tdata-wp-bind--aria-label=\"state.thisImage.triggerButtonAriaLabel\"\n\t\t\tdata-wp-init=\"callbacks.initTriggerButton\"\n\t\t\tdata-wp-on--click=\"actions.showLightbox\"\n\t\t\tdata-wp-style--right=\"state.thisImage.buttonRight\"\n\t\t\tdata-wp-style--top=\"state.thisImage.buttonTop\"\n\t\t>\n\t\t\t<svg xmlns=\"http:\/\/www.w3.org\/2000\/svg\" width=\"12\" height=\"12\" fill=\"none\" viewBox=\"0 0 12 12\">\n\t\t\t\t<path fill=\"#fff\" d=\"M2 0a2 2 0 0 0-2 2v2h1.5V2a.5.5 0 0 1 .5-.5h2V0H2Zm2 10.5H2a.5.5 0 0 1-.5-.5V8H0v2a2 2 0 0 0 2 2h2v-1.5ZM8 12v-1.5h2a.5.5 0 0 0 .5-.5V8H12v2a2 2 0 0 1-2 2H8Zm2-12a2 2 0 0 1 2 2v2h-1.5V2a.5.5 0 0 0-.5-.5H8V0h2Z\" \/>\n\t\t\t<\/svg>\n\t\t<\/button><figcaption class=\"wp-element-caption\">Foto: Dan Kollmann, CC BY-SA 4.0 (Wikimedia Commons)<\/figcaption><\/figure>\n\n\n\n<h3 class=\"wp-block-heading\"><span class=\"ez-toc-section\" id=\"18_Przyladek_Kaliakra\"><\/span>18. Przyl\u0105dek Kaliakra<span class=\"ez-toc-section-end\"><\/span><\/h3>\n\n\n\n<p class=\"wp-block-paragraph\">Kawa\u0142ek za Ba\u0142cikiem w morze wcina si\u0119 dwukilometrowy skalisty cypel przyl\u0105dka Kaliakra. Do 70 metr\u00f3w wysokie purpurowe klify opadaj\u0105 prostopadle w fale, tworz\u0105c jedno z najbardziej fotogenicznych miejsc bu\u0142garskiego wybrze\u017ca. Miejsce ma bogat\u0105 histori\u0119 od trackiego osadnictwa a\u017c po stolic\u0119 \u015bredniowiecznego despotatu dobrudzkiego. Wed\u0142ug legendy z tych klif\u00f3w skoczy\u0142o 40 dziewic ze zwi\u0105zanymi w\u0142osami, by nie wpa\u015b\u0107 w osma\u0144sk\u0105 niewol\u0119. \ud83d\udca1 <strong>Wskaz\u00f3wka:<\/strong> Wst\u0119p na teren kosztuje wed\u0142ug odwiedzaj\u0105cych oko\u0142o 3 \u20ac. Bez auta dostaniesz si\u0119 tu tylko z du\u017cym trudem, autobus jedzie z Warny jedynie do Kawarny, a reszt\u0119 musisz dojecha\u0107 taks\u00f3wk\u0105. Miej oczy szeroko otwarte \u2014 z klif\u00f3w cz\u0119sto mo\u017cna obserwowa\u0107 delfiny.<\/p>\n\n\n\n<figure data-wp-context=\"{&quot;imageId&quot;:&quot;6a9c821ec489e&quot;}\" data-wp-interactive=\"core\/image\" data-wp-key=\"6a9c821ec489e\" class=\"wp-block-image size-full wp-lightbox-container\"><img decoding=\"async\" width=\"1800\" height=\"1350\" data-wp-class--hide=\"state.isContentHidden\" data-wp-class--show=\"state.isContentVisible\" data-wp-init=\"callbacks.setButtonStyles\" data-wp-on--click=\"actions.showLightbox\" data-wp-on--load=\"callbacks.setButtonStyles\" data-wp-on--pointerdown=\"actions.preloadImage\" data-wp-on--pointerenter=\"actions.preloadImageWithDelay\" data-wp-on--pointerleave=\"actions.cancelPreload\" data-wp-on-window--resize=\"callbacks.setButtonStyles\" src=\"https:\/\/loudavymkrokem.cz\/wp-content\/uploads\/2026\/08\/bulharsko-research-varna-26-0919ed51.jpg\" alt=\"Skalny klasztor A\u0142ad\u017ca ko\u0142o Warny\" class=\"wp-image-407801\" title=\"\" srcset=\"https:\/\/loudavymkrokem.cz\/wp-content\/uploads\/2026\/08\/bulharsko-research-varna-26-0919ed51.jpg 1800w, https:\/\/loudavymkrokem.cz\/wp-content\/uploads\/2026\/08\/bulharsko-research-varna-26-0919ed51-300x225.jpg 300w, https:\/\/loudavymkrokem.cz\/wp-content\/uploads\/2026\/08\/bulharsko-research-varna-26-0919ed51-700x525.jpg 700w, https:\/\/loudavymkrokem.cz\/wp-content\/uploads\/2026\/08\/bulharsko-research-varna-26-0919ed51-768x576.jpg 768w, https:\/\/loudavymkrokem.cz\/wp-content\/uploads\/2026\/08\/bulharsko-research-varna-26-0919ed51-1536x1152.jpg 1536w, https:\/\/loudavymkrokem.cz\/wp-content\/uploads\/2026\/08\/bulharsko-research-varna-26-0919ed51-80x60.jpg 80w, https:\/\/loudavymkrokem.cz\/wp-content\/uploads\/2026\/08\/bulharsko-research-varna-26-0919ed51-160x120.jpg 160w, https:\/\/loudavymkrokem.cz\/wp-content\/uploads\/2026\/08\/bulharsko-research-varna-26-0919ed51-696x522.jpg 696w, https:\/\/loudavymkrokem.cz\/wp-content\/uploads\/2026\/08\/bulharsko-research-varna-26-0919ed51-1392x1044.jpg 1392w\" sizes=\"(max-width: 1800px) 100vw, 1800px\" \/><button\n\t\t\tclass=\"lightbox-trigger\"\n\t\t\ttype=\"button\"\n\t\t\taria-haspopup=\"dialog\"\n\t\t\tdata-wp-bind--aria-label=\"state.thisImage.triggerButtonAriaLabel\"\n\t\t\tdata-wp-init=\"callbacks.initTriggerButton\"\n\t\t\tdata-wp-on--click=\"actions.showLightbox\"\n\t\t\tdata-wp-style--right=\"state.thisImage.buttonRight\"\n\t\t\tdata-wp-style--top=\"state.thisImage.buttonTop\"\n\t\t>\n\t\t\t<svg xmlns=\"http:\/\/www.w3.org\/2000\/svg\" width=\"12\" height=\"12\" fill=\"none\" viewBox=\"0 0 12 12\">\n\t\t\t\t<path fill=\"#fff\" d=\"M2 0a2 2 0 0 0-2 2v2h1.5V2a.5.5 0 0 1 .5-.5h2V0H2Zm2 10.5H2a.5.5 0 0 1-.5-.5V8H0v2a2 2 0 0 0 2 2h2v-1.5ZM8 12v-1.5h2a.5.5 0 0 0 .5-.5V8H12v2a2 2 0 0 1-2 2H8Zm2-12a2 2 0 0 1 2 2v2h-1.5V2a.5.5 0 0 0-.5-.5H8V0h2Z\" \/>\n\t\t\t<\/svg>\n\t\t<\/button><figcaption class=\"wp-element-caption\">Foto: Utilizator:\u021aetcu Mircea Rare\u0219 at ro.wikipedia, CC BY-SA 2.5 (Wikimedia Commons)<\/figcaption><\/figure>\n\n\n\n<h3 class=\"wp-block-heading\"><span class=\"ez-toc-section\" id=\"19_Klasztor_Aladza\"><\/span>19. Klasztor A\u0142ad\u017ca<span class=\"ez-toc-section-end\"><\/span><\/h3>\n\n\n\n<p class=\"wp-block-paragraph\">Zaledwie 16 kilometr\u00f3w od Warny w 40-metrowym wapiennym klifie kryje si\u0119 \u015bredniowieczny klasztor skalny. W XII\u2013XIV wieku \u017cy\u0142a tu mnisza wsp\u00f3lnota hezychastyczna, kt\u00f3ra swoje cele i kaplice wyku\u0142a bezpo\u015brednio w skale na dw\u00f3ch poziomach wysoko\u015bci. Nazwa pochodzi od tureckiego s\u0142owa oznaczaj\u0105cego \u201epstry&#8221;, co odnosi si\u0119 do dzi\u015b ju\u017c zniszczonych barwnych fresk\u00f3w. \ud83d\udca1 <strong>Wskaz\u00f3wka:<\/strong> Wst\u0119p wynosi 5 \u20ac. Je\u015bli wybierasz si\u0119 do Warny zim\u0105, t\u0119 wycieczk\u0119 wykre\u015bl \u2014 <strong>od grudnia do lutego klasztor jest ca\u0142kowicie zamkni\u0119ty<\/strong> dla zwiedzaj\u0105cych.<\/p>\n\n\n\n<figure data-wp-context=\"{&quot;imageId&quot;:&quot;6a9c821ec4dd7&quot;}\" data-wp-interactive=\"core\/image\" data-wp-key=\"6a9c821ec4dd7\" class=\"wp-block-image size-full wp-lightbox-container\"><img decoding=\"async\" width=\"1800\" height=\"813\" data-wp-class--hide=\"state.isContentHidden\" data-wp-class--show=\"state.isContentVisible\" data-wp-init=\"callbacks.setButtonStyles\" data-wp-on--click=\"actions.showLightbox\" data-wp-on--load=\"callbacks.setButtonStyles\" data-wp-on--pointerdown=\"actions.preloadImage\" data-wp-on--pointerenter=\"actions.preloadImageWithDelay\" data-wp-on--pointerleave=\"actions.cancelPreload\" data-wp-on-window--resize=\"callbacks.setButtonStyles\" src=\"https:\/\/loudavymkrokem.cz\/wp-content\/uploads\/2026\/08\/bulharsko-research-varna-27-1a79dd3a.jpg\" alt=\"Kamienny Las Pobiti kamani ko\u0142o Warny\" class=\"wp-image-407802\" title=\"\" srcset=\"https:\/\/loudavymkrokem.cz\/wp-content\/uploads\/2026\/08\/bulharsko-research-varna-27-1a79dd3a.jpg 1800w, https:\/\/loudavymkrokem.cz\/wp-content\/uploads\/2026\/08\/bulharsko-research-varna-27-1a79dd3a-300x136.jpg 300w, https:\/\/loudavymkrokem.cz\/wp-content\/uploads\/2026\/08\/bulharsko-research-varna-27-1a79dd3a-700x316.jpg 700w, https:\/\/loudavymkrokem.cz\/wp-content\/uploads\/2026\/08\/bulharsko-research-varna-27-1a79dd3a-768x347.jpg 768w, https:\/\/loudavymkrokem.cz\/wp-content\/uploads\/2026\/08\/bulharsko-research-varna-27-1a79dd3a-1536x694.jpg 1536w, https:\/\/loudavymkrokem.cz\/wp-content\/uploads\/2026\/08\/bulharsko-research-varna-27-1a79dd3a-696x314.jpg 696w, https:\/\/loudavymkrokem.cz\/wp-content\/uploads\/2026\/08\/bulharsko-research-varna-27-1a79dd3a-1392x629.jpg 1392w\" sizes=\"(max-width: 1800px) 100vw, 1800px\" \/><button\n\t\t\tclass=\"lightbox-trigger\"\n\t\t\ttype=\"button\"\n\t\t\taria-haspopup=\"dialog\"\n\t\t\tdata-wp-bind--aria-label=\"state.thisImage.triggerButtonAriaLabel\"\n\t\t\tdata-wp-init=\"callbacks.initTriggerButton\"\n\t\t\tdata-wp-on--click=\"actions.showLightbox\"\n\t\t\tdata-wp-style--right=\"state.thisImage.buttonRight\"\n\t\t\tdata-wp-style--top=\"state.thisImage.buttonTop\"\n\t\t>\n\t\t\t<svg xmlns=\"http:\/\/www.w3.org\/2000\/svg\" width=\"12\" height=\"12\" fill=\"none\" viewBox=\"0 0 12 12\">\n\t\t\t\t<path fill=\"#fff\" d=\"M2 0a2 2 0 0 0-2 2v2h1.5V2a.5.5 0 0 1 .5-.5h2V0H2Zm2 10.5H2a.5.5 0 0 1-.5-.5V8H0v2a2 2 0 0 0 2 2h2v-1.5ZM8 12v-1.5h2a.5.5 0 0 0 .5-.5V8H12v2a2 2 0 0 1-2 2H8Zm2-12a2 2 0 0 1 2 2v2h-1.5V2a.5.5 0 0 0-.5-.5H8V0h2Z\" \/>\n\t\t\t<\/svg>\n\t\t<\/button><figcaption class=\"wp-element-caption\">Foto: Diego Delso, CC BY-SA 4.0 (Wikimedia Commons)<\/figcaption><\/figure>\n\n\n\n<h3 class=\"wp-block-heading\"><span class=\"ez-toc-section\" id=\"20_Pobiti_kamani_i_Jezdziec_z_Madary\"><\/span>20. Pobiti kamani i Je\u017adziec z Madary<span class=\"ez-toc-section-end\"><\/span><\/h3>\n\n\n\n<p class=\"wp-block-paragraph\">Oko\u0142o dwudziestu minut jazdy w kierunku wn\u0119trza kraju natkniesz si\u0119 na Kamienny Las (Pobiti kamani). Z suchszego, piaszczystego krajobrazu stercz\u0105 tu setki kamiennych kolumn wysokich nawet na 6 metr\u00f3w. Jak dok\u0142adnie powsta\u0142y, do dzi\u015b nikt z pewno\u015bci\u0105 nie wie, ale wsp\u00f3\u0142czesne badania sk\u0142aniaj\u0105 si\u0119 ku teorii, \u017ce to skamienia\u0142e kominy pradawnego uchodzenia metanu z dna morskiego. Wst\u0119p kosztuje 3 \u20ac. \ud83d\udca1 <strong>Wskaz\u00f3wka na ca\u0142odniow\u0105 wycieczk\u0119:<\/strong> Je\u015bli masz auto, po\u0142\u0105cz Pobiti kamani z odwiedzeniem <strong>Je\u017ad\u017aca z Madary<\/strong> (ok. 75 km od Warny). Ten wyj\u0105tkowy \u015bredniowieczny relief wykuty 23 metry wysoko w skale jest chroniony przez UNESCO, a prowadz\u0105 do niego oko\u0142o stu metr\u00f3w przewy\u017cszenia po schodach. Wst\u0119p waha si\u0119 w okolicach 3,58 \u20ac.<\/p>\n\n\n\n<figure data-wp-context=\"{&quot;imageId&quot;:&quot;6a9c821ec5257&quot;}\" data-wp-interactive=\"core\/image\" data-wp-key=\"6a9c821ec5257\" class=\"wp-block-image size-full wp-lightbox-container\"><img decoding=\"async\" width=\"1800\" height=\"1014\" data-wp-class--hide=\"state.isContentHidden\" data-wp-class--show=\"state.isContentVisible\" data-wp-init=\"callbacks.setButtonStyles\" data-wp-on--click=\"actions.showLightbox\" data-wp-on--load=\"callbacks.setButtonStyles\" data-wp-on--pointerdown=\"actions.preloadImage\" data-wp-on--pointerenter=\"actions.preloadImageWithDelay\" data-wp-on--pointerleave=\"actions.cancelPreload\" data-wp-on-window--resize=\"callbacks.setButtonStyles\" src=\"https:\/\/loudavymkrokem.cz\/wp-content\/uploads\/2026\/08\/bulharsko-research-varna-28-8417c058.jpg\" alt=\"Sa\u0142atka szopska, klasyk kuchni bu\u0142garskiej\" class=\"wp-image-407803\" title=\"\" srcset=\"https:\/\/loudavymkrokem.cz\/wp-content\/uploads\/2026\/08\/bulharsko-research-varna-28-8417c058.jpg 1800w, https:\/\/loudavymkrokem.cz\/wp-content\/uploads\/2026\/08\/bulharsko-research-varna-28-8417c058-300x169.jpg 300w, https:\/\/loudavymkrokem.cz\/wp-content\/uploads\/2026\/08\/bulharsko-research-varna-28-8417c058-700x394.jpg 700w, https:\/\/loudavymkrokem.cz\/wp-content\/uploads\/2026\/08\/bulharsko-research-varna-28-8417c058-768x433.jpg 768w, https:\/\/loudavymkrokem.cz\/wp-content\/uploads\/2026\/08\/bulharsko-research-varna-28-8417c058-1536x865.jpg 1536w, https:\/\/loudavymkrokem.cz\/wp-content\/uploads\/2026\/08\/bulharsko-research-varna-28-8417c058-696x392.jpg 696w, https:\/\/loudavymkrokem.cz\/wp-content\/uploads\/2026\/08\/bulharsko-research-varna-28-8417c058-1392x784.jpg 1392w\" sizes=\"(max-width: 1800px) 100vw, 1800px\" \/><button\n\t\t\tclass=\"lightbox-trigger\"\n\t\t\ttype=\"button\"\n\t\t\taria-haspopup=\"dialog\"\n\t\t\tdata-wp-bind--aria-label=\"state.thisImage.triggerButtonAriaLabel\"\n\t\t\tdata-wp-init=\"callbacks.initTriggerButton\"\n\t\t\tdata-wp-on--click=\"actions.showLightbox\"\n\t\t\tdata-wp-style--right=\"state.thisImage.buttonRight\"\n\t\t\tdata-wp-style--top=\"state.thisImage.buttonTop\"\n\t\t>\n\t\t\t<svg xmlns=\"http:\/\/www.w3.org\/2000\/svg\" width=\"12\" height=\"12\" fill=\"none\" viewBox=\"0 0 12 12\">\n\t\t\t\t<path fill=\"#fff\" d=\"M2 0a2 2 0 0 0-2 2v2h1.5V2a.5.5 0 0 1 .5-.5h2V0H2Zm2 10.5H2a.5.5 0 0 1-.5-.5V8H0v2a2 2 0 0 0 2 2h2v-1.5ZM8 12v-1.5h2a.5.5 0 0 0 .5-.5V8H12v2a2 2 0 0 1-2 2H8Zm2-12a2 2 0 0 1 2 2v2h-1.5V2a.5.5 0 0 0-.5-.5H8V0h2Z\" \/>\n\t\t\t<\/svg>\n\t\t<\/button><figcaption class=\"wp-element-caption\">Foto: Viktorija N. Ivanov, CC BY-SA 4.0 (Wikimedia Commons)<\/figcaption><\/figure>\n\n\n\n<h2 class=\"wp-block-heading\"><span class=\"ez-toc-section\" id=\"Gdzie_zjesc_w_Warnie\"><\/span>Gdzie zje\u015b\u0107 w Warnie<span class=\"ez-toc-section-end\"><\/span><\/h2>\n\n\n\n<p class=\"wp-block-paragraph\">Gastronomia w Warnie jest znakomita, ale musisz wiedzie\u0107, gdzie i\u015b\u0107. D\u0142ugotrwa\u0142ym pewniakiem dla mi\u0142o\u015bnik\u00f3w dobrego jedzenia jest <strong>sie\u0107 restauracji Starija \u010cinar<\/strong>. Maj\u0105 w mie\u015bcie pi\u0119\u0107 lokali (\u015bwietnie oceniane s\u0105 te przy Port Varna lub Cherno More) i oferuj\u0105 perfekcyjny stosunek ceny do jako\u015bci. Je\u015bli chcesz je\u015b\u0107 dok\u0142adnie tam, gdzie chodz\u0105 miejscowi z historycznej Dzielnicy Greckiej, wybierz si\u0119 do <strong>rodzinnego lokalu Erato<\/strong>, gdzie najesz si\u0119 do 15 euro. Na kaw\u0119 i \u015bniadanie \u015bwietne oceny maj\u0105 kawiarnie Blend Coffee i Stretto.<\/p>\n\n\n\n<p class=\"wp-block-paragraph\"><strong>Dla wegetarian kuchnia bu\u0142garska jest do\u015b\u0107 przyjazna, je\u015bli wiesz, co zam\u00f3wi\u0107.<\/strong> Szukaj klasyk\u00f3w: <strong>sa\u0142atka szopska, zimna zupa og\u00f3rkowa tarator, zapiekany ser sirene po szopsku, warzywne misz-masz lub bak\u0142a\u017canowe kjopoolu<\/strong>. Restauracja Starija \u010cinar ma w karcie wprost oddzielon\u0105 sekcj\u0119 da\u0144 bezmi\u0119snych, gdzie znajdziesz znakomite papryki bjurek nadziewane serem lub risotto. Czysto wegetaria\u0144skim pewniakiem w centrum Warny s\u0105 za\u015b lokale <strong>SUPA<\/strong> lub <strong>\u017biwa priroda<\/strong>. Wcze\u015bniej polecana wega\u0144ska restauracja Vege Joy jest natomiast ju\u017c trwale zamkni\u0119ta.<\/p>\n\n\n\n<p class=\"wp-block-paragraph\"><strong>Gastronomiczne pu\u0142apki dla wegetarian:<\/strong> Nie daj si\u0119 zwie\u015b\u0107 nazwom! <strong>Tarama<\/strong> brzmi kusz\u0105co, ale to pasta z ikry rybnej. <strong>Owczarska sa\u0142ata<\/strong> wygl\u0105da jak niewinna sa\u0142atka, ale zawsze zawiera boczek. Popularna ba\u0142ka\u0144ska <strong>musaka<\/strong>, zapiekane tosty <strong>princesi<\/strong> oraz tradycyjne <strong>drob sarma<\/strong> s\u0105 zawsze z mi\u0119sem lub podrobami, a ich wegetaria\u0144skich wersji w zwyk\u0142ych mechanach praktycznie si\u0119 nie robi.<\/p>\n\n\n\n<figure data-wp-context=\"{&quot;imageId&quot;:&quot;6a9c821ec582a&quot;}\" data-wp-interactive=\"core\/image\" data-wp-key=\"6a9c821ec582a\" class=\"wp-block-image size-full wp-lightbox-container\"><img decoding=\"async\" width=\"1800\" height=\"1199\" data-wp-class--hide=\"state.isContentHidden\" data-wp-class--show=\"state.isContentVisible\" data-wp-init=\"callbacks.setButtonStyles\" data-wp-on--click=\"actions.showLightbox\" data-wp-on--load=\"callbacks.setButtonStyles\" data-wp-on--pointerdown=\"actions.preloadImage\" data-wp-on--pointerenter=\"actions.preloadImageWithDelay\" data-wp-on--pointerleave=\"actions.cancelPreload\" data-wp-on-window--resize=\"callbacks.setButtonStyles\" src=\"https:\/\/loudavymkrokem.cz\/wp-content\/uploads\/2026\/08\/bulharsko-research-varna-29-7619f99e.jpg\" alt=\"Pok\u00f3j w Grand Hotel London w Warnie\" class=\"wp-image-407804\" title=\"\" srcset=\"https:\/\/loudavymkrokem.cz\/wp-content\/uploads\/2026\/08\/bulharsko-research-varna-29-7619f99e.jpg 1800w, https:\/\/loudavymkrokem.cz\/wp-content\/uploads\/2026\/08\/bulharsko-research-varna-29-7619f99e-300x200.jpg 300w, https:\/\/loudavymkrokem.cz\/wp-content\/uploads\/2026\/08\/bulharsko-research-varna-29-7619f99e-700x466.jpg 700w, https:\/\/loudavymkrokem.cz\/wp-content\/uploads\/2026\/08\/bulharsko-research-varna-29-7619f99e-768x512.jpg 768w, https:\/\/loudavymkrokem.cz\/wp-content\/uploads\/2026\/08\/bulharsko-research-varna-29-7619f99e-1536x1023.jpg 1536w, https:\/\/loudavymkrokem.cz\/wp-content\/uploads\/2026\/08\/bulharsko-research-varna-29-7619f99e-696x464.jpg 696w, https:\/\/loudavymkrokem.cz\/wp-content\/uploads\/2026\/08\/bulharsko-research-varna-29-7619f99e-1392x927.jpg 1392w\" sizes=\"(max-width: 1800px) 100vw, 1800px\" \/><button\n\t\t\tclass=\"lightbox-trigger\"\n\t\t\ttype=\"button\"\n\t\t\taria-haspopup=\"dialog\"\n\t\t\tdata-wp-bind--aria-label=\"state.thisImage.triggerButtonAriaLabel\"\n\t\t\tdata-wp-init=\"callbacks.initTriggerButton\"\n\t\t\tdata-wp-on--click=\"actions.showLightbox\"\n\t\t\tdata-wp-style--right=\"state.thisImage.buttonRight\"\n\t\t\tdata-wp-style--top=\"state.thisImage.buttonTop\"\n\t\t>\n\t\t\t<svg xmlns=\"http:\/\/www.w3.org\/2000\/svg\" width=\"12\" height=\"12\" fill=\"none\" viewBox=\"0 0 12 12\">\n\t\t\t\t<path fill=\"#fff\" d=\"M2 0a2 2 0 0 0-2 2v2h1.5V2a.5.5 0 0 1 .5-.5h2V0H2Zm2 10.5H2a.5.5 0 0 1-.5-.5V8H0v2a2 2 0 0 0 2 2h2v-1.5ZM8 12v-1.5h2a.5.5 0 0 0 .5-.5V8H12v2a2 2 0 0 1-2 2H8Zm2-12a2 2 0 0 1 2 2v2h-1.5V2a.5.5 0 0 0-.5-.5H8V0h2Z\" \/>\n\t\t\t<\/svg>\n\t\t<\/button><figcaption class=\"wp-element-caption\">Foto: Grand Hotel London (Google Maps)<\/figcaption><\/figure>\n\n\n\n<h2 class=\"wp-block-heading\"><span class=\"ez-toc-section\" id=\"Gdzie_sie_zatrzymac_%E2%80%94_hotele_w_Warnie_w_Bulgarii\"><\/span>Gdzie si\u0119 zatrzyma\u0107 \u2014 hotele w Warnie w Bu\u0142garii<span class=\"ez-toc-section-end\"><\/span><\/h2>\n\n\n\n<p class=\"wp-block-paragraph\"><em>\ud83d\udca1 Wskaz\u00f3wka co do nocleg\u00f3w i atrakcji: Noclegi w danym miejscu <a href=\"https:\/\/www.stay22.com\/allez\/roam?aid=lukaskonecny&#038;campaign=loudavymkrokemcz&#038;address=Varna\" target=\"_blank\" rel=\"nofollow noopener sponsored\">por\u00f3wnujemy tutaj<\/a>, \u017ceby by\u0142o wida\u0107, co jest wolne i za ile. Najch\u0119tniej szukamy ich na <a class=\"thirstylink\" rel=\"nofollow\" target=\"_blank\" title=\"Booking.com\" href=\"https:\/\/loudavymkrokem.cz\/doporucujeme\/booking-com\/\" data-shortcode=\"true\">Booking.com<\/a>, gdzie zwykle s\u0105 najlepsze warunki anulowania. Bilety, wycieczki i aktywno\u015bci warto za\u015b por\u00f3wna\u0107 i kupi\u0107 przez <a class=\"thirstylink\" rel=\"nofollow\" target=\"_blank\" title=\"GetYourGuide\" href=\"https:\/\/loudavymkrokem.cz\/doporucujeme\/getyourguide\/\" data-shortcode=\"true\">GetYourGuide<\/a>.<\/em><\/p>\n\n\n\n<p class=\"wp-block-paragraph\">Przy <strong>wyborze noclegu<\/strong> musisz sobie ustali\u0107, czego oczekujesz od pobytu. Oto kr\u00f3tki przegl\u0105d <strong>najlepszych lokalizacji<\/strong>:<\/p>\n\n\n\n<ul class=\"wp-block-list\">\n\n<li><strong>Dzielnica Grecka (Gr\u0103cka machala):<\/strong> Najstarsza cz\u0119\u015b\u0107 miasta. Jeste\u015b kilkaset metr\u00f3w od pla\u017cy i masz tu najlepszy stosunek ceny do jako\u015bci w gastronomii. Minusem s\u0105 bary otwarte do rana. Idealna dla par i foodies.<\/li>\n\n\n\n<li><strong>Okolica katedry:<\/strong> Bardziej ruchliwe centrum, ale wszystko masz w zasi\u0119gu spaceru. \u015awietne na pierwsz\u0105 wizyt\u0119.<\/li>\n\n\n\n<li><strong>Czajka:<\/strong> Zielona dzielnica kawa\u0142ek dalej od centrum, bardzo blisko delfinarium i Ogrodu Nadmorskiego. Cicha okolica z nowoczesnymi apartamentami, idealna dla rodzin z dzie\u0107mi.<\/li>\n\n\n\n<li><strong>Asparuchowo:<\/strong> Ta\u0144sze noclegi za mostem, ogromna spokojna pla\u017ca i \u015bwietne restauracje rybne. Odpowiednie dla tych, kt\u00f3rzy przyjechali autem.<\/li>\n\n\n<\/ul>\n\n\n\n<p class=\"wp-block-paragraph\"><strong>Konkretne propozycje nocleg\u00f3w:<\/strong> Je\u015bli szukasz absolutnej czo\u0142\u00f3wki z najlepsz\u0105 ocen\u0105 i lokalizacj\u0105, wybierz <strong><a href=\"https:\/\/www.stay22.com\/allez\/roam?aid=lukaskonecny&#038;campaign=loudavymkrokemcz&#038;campaign=varna&#038;hotelname=Modus%20Hotel&#038;address=Varna%2C%20Bulharsko\" target=\"_blank\" rel=\"noopener nofollow sponsored\">Modus Hotel<\/a><\/strong> bezpo\u015brednio w Dzielnicy Greckiej. Do Ogrodu Nadmorskiego masz 130 metr\u00f3w, do pla\u017cy tylko kawa\u0142ek dalej. Mi\u0142o\u015bnicy historii doceni\u0105 <strong><a href=\"https:\/\/www.stay22.com\/allez\/roam?aid=lukaskonecny&#038;campaign=loudavymkrokemcz&#038;campaign=varna&#038;hotelname=Grand%20Hotel%20London&#038;address=Varna%2C%20Bulharsko\" target=\"_blank\" rel=\"noopener nofollow sponsored\">Grand Hotel London<\/a><\/strong>, przepi\u0119kny secesyjny budynek z 1912 roku w samym centrum (licz si\u0119 jednak ze schodami). Je\u015bli szukasz z\u0142otego \u015brodka z widokiem, ogromny <strong><a href=\"https:\/\/www.stay22.com\/allez\/roam?aid=lukaskonecny&#038;campaign=loudavymkrokemcz&#038;campaign=varna&#038;hotelname=Hotel%20Cherno%20More&#038;address=Varna%2C%20Bulharsko\" target=\"_blank\" rel=\"noopener nofollow sponsored\">Hotel Cherno More<\/a><\/strong> oferuje balkony z widokiem na morze i stoi tu\u017c przy wej\u015bciu do parku. Kto chce by\u0107 jak najbli\u017cej zabytk\u00f3w, zatrzyma si\u0119 w <strong><a href=\"https:\/\/www.stay22.com\/allez\/roam?aid=lukaskonecny&#038;campaign=loudavymkrokemcz&#038;campaign=varna&#038;hotelname=Boutique%20Splendid&#038;address=Varna%2C%20Bulharsko\" target=\"_blank\" rel=\"noopener nofollow sponsored\">Boutique Splendid<\/a><\/strong>, kt\u00f3ry le\u017cy niespe\u0142na sto metr\u00f3w od samej katedry. Dla podr\u00f3\u017cnik\u00f3w low-cost w centrum \u015bwietnie oceniany jest <strong><a href=\"https:\/\/www.stay22.com\/allez\/roam?aid=lukaskonecny&#038;campaign=loudavymkrokemcz&#038;campaign=varna&#038;hotelname=Nomado%20hostel&#038;address=Varna%2C%20Bulharsko\" target=\"_blank\" rel=\"noopener nofollow sponsored\">Nomado hostel<\/a><\/strong>.<\/p>\n\n\n\n<figure data-wp-context=\"{&quot;imageId&quot;:&quot;6a9c821ec6045&quot;}\" data-wp-interactive=\"core\/image\" data-wp-key=\"6a9c821ec6045\" class=\"wp-block-image size-full wp-lightbox-container\"><img decoding=\"async\" width=\"1800\" height=\"1190\" data-wp-class--hide=\"state.isContentHidden\" data-wp-class--show=\"state.isContentVisible\" data-wp-init=\"callbacks.setButtonStyles\" data-wp-on--click=\"actions.showLightbox\" data-wp-on--load=\"callbacks.setButtonStyles\" data-wp-on--pointerdown=\"actions.preloadImage\" data-wp-on--pointerenter=\"actions.preloadImageWithDelay\" data-wp-on--pointerleave=\"actions.cancelPreload\" data-wp-on-window--resize=\"callbacks.setButtonStyles\" src=\"https:\/\/loudavymkrokem.cz\/wp-content\/uploads\/2026\/08\/bulharsko-research-varna-30-0ccc3d89.jpg\" alt=\"Zach\u00f3d s\u0142o\u0144ca nad pla\u017cami Warny\" class=\"wp-image-407805\" title=\"\" srcset=\"https:\/\/loudavymkrokem.cz\/wp-content\/uploads\/2026\/08\/bulharsko-research-varna-30-0ccc3d89.jpg 1800w, https:\/\/loudavymkrokem.cz\/wp-content\/uploads\/2026\/08\/bulharsko-research-varna-30-0ccc3d89-300x198.jpg 300w, https:\/\/loudavymkrokem.cz\/wp-content\/uploads\/2026\/08\/bulharsko-research-varna-30-0ccc3d89-700x463.jpg 700w, https:\/\/loudavymkrokem.cz\/wp-content\/uploads\/2026\/08\/bulharsko-research-varna-30-0ccc3d89-768x508.jpg 768w, https:\/\/loudavymkrokem.cz\/wp-content\/uploads\/2026\/08\/bulharsko-research-varna-30-0ccc3d89-1536x1015.jpg 1536w, https:\/\/loudavymkrokem.cz\/wp-content\/uploads\/2026\/08\/bulharsko-research-varna-30-0ccc3d89-696x460.jpg 696w, https:\/\/loudavymkrokem.cz\/wp-content\/uploads\/2026\/08\/bulharsko-research-varna-30-0ccc3d89-1392x920.jpg 1392w\" sizes=\"(max-width: 1800px) 100vw, 1800px\" \/><button\n\t\t\tclass=\"lightbox-trigger\"\n\t\t\ttype=\"button\"\n\t\t\taria-haspopup=\"dialog\"\n\t\t\tdata-wp-bind--aria-label=\"state.thisImage.triggerButtonAriaLabel\"\n\t\t\tdata-wp-init=\"callbacks.initTriggerButton\"\n\t\t\tdata-wp-on--click=\"actions.showLightbox\"\n\t\t\tdata-wp-style--right=\"state.thisImage.buttonRight\"\n\t\t\tdata-wp-style--top=\"state.thisImage.buttonTop\"\n\t\t>\n\t\t\t<svg xmlns=\"http:\/\/www.w3.org\/2000\/svg\" width=\"12\" height=\"12\" fill=\"none\" viewBox=\"0 0 12 12\">\n\t\t\t\t<path fill=\"#fff\" d=\"M2 0a2 2 0 0 0-2 2v2h1.5V2a.5.5 0 0 1 .5-.5h2V0H2Zm2 10.5H2a.5.5 0 0 1-.5-.5V8H0v2a2 2 0 0 0 2 2h2v-1.5ZM8 12v-1.5h2a.5.5 0 0 0 .5-.5V8H12v2a2 2 0 0 1-2 2H8Zm2-12a2 2 0 0 1 2 2v2h-1.5V2a.5.5 0 0 0-.5-.5H8V0h2Z\" \/>\n\t\t\t<\/svg>\n\t\t<\/button><figcaption class=\"wp-element-caption\">Foto: Alex Yosifov, CC BY-SA 2.0 (Wikimedia Commons)<\/figcaption><\/figure>\n\n\n\n<p class=\"wp-block-paragraph\">\ud83d\udc49 <a href=\"https:\/\/www.stay22.com\/allez\/roam?aid=lukaskonecny&#038;campaign=loudavymkrokemcz&#038;campaign=varna&#038;address=Varna%2C%20Bulharsko\" target=\"_blank\" rel=\"nofollow noopener\"><strong>Por\u00f3wnaj ceny nocleg\u00f3w w Warnie<\/strong><\/a><\/p>\n\n\n\n<h2 class=\"wp-block-heading\"><span class=\"ez-toc-section\" id=\"Kiedy_jechac_do_Warny_%E2%80%94_pogoda_w_Warnie_w_Bulgarii\"><\/span>Kiedy jecha\u0107 do Warny \u2014 pogoda w Warnie w Bu\u0142garii<span class=\"ez-toc-section-end\"><\/span><\/h2>\n\n\n\n<p class=\"wp-block-paragraph\">Warna ma klasyczny czarnomorski klimat. Lata s\u0105 gor\u0105ce, a zimy \u0142agodne, cho\u0107 wietrzne. <strong>Sierpie\u0144 jest statystycznie najsuchszym i najs\u0142oneczniejszym miesi\u0105cem w roku<\/strong> (tylko 3 deszczowe dni i \u015brednio ponad 318 godzin nas\u0142onecznienia). Morze w sierpniu nagrzewa si\u0119 do wspania\u0142ych 24,8 \u00b0C. Najwi\u0119cej z kolei pada w pa\u017adzierniku.<\/p>\n\n\n\n<figure class=\"wp-block-table\"><table><thead><tr><th>Miesi\u0105c<\/th><th>\u015ar. maks. temperatura (\u00b0C)<\/th><th>Opady (mm)<\/th><\/tr><\/thead><tbody><tr><td>Maj<\/td><td>21,2<\/td><td>38<\/td><\/tr><tr><td>Czerwiec<\/td><td>26,1<\/td><td>52<\/td><\/tr><tr><td>Lipiec<\/td><td>28,9<\/td><td>48<\/td><\/tr><tr><td>Sierpie\u0144<\/td><td>29,4<\/td><td>29<\/td><\/tr><tr><td>Wrzesie\u0144<\/td><td>24,8<\/td><td>49<\/td><\/tr><tr><td>Pa\u017adziernik<\/td><td>19,0<\/td><td>56<\/td><\/tr><\/tbody><\/table><\/figure>\n\n\n\n<p class=\"wp-block-paragraph\">Lato w Warnie stoi pod znakiem kultury. W 2026 roku \u015bwi\u0119tuje <strong>100. rocznic\u0119 najstarszy festiwal muzyczny w Bu\u0142garii \u2014 Warne\u0144skie Lato<\/strong>. Od czerwca do pa\u017adziernika odbywaj\u0105 si\u0119 koncerty muzyki klasycznej na dziedzi\u0144cu Muzeum Archeologicznego oraz w operze. W sierpniu organizowany jest s\u0142ynny festiwal jazzowy, a dok\u0142adnie na 15 sierpnia przypada <strong>Dzie\u0144 Warny<\/strong>, kt\u00f3ry kulminuje pokazem sztucznych ogni o 23:00. (Uwaga: s\u0142ynny Mi\u0119dzynarodowy Konkurs Baletowy w 2026 roku si\u0119 nie odby\u0142, po d\u0142ugiej przerwie og\u0142oszono jedynie jego przysz\u0142e wznowienie bez konkretnego terminu).<\/p>\n\n\n\n<figure data-wp-context=\"{&quot;imageId&quot;:&quot;6a9c821ec669b&quot;}\" data-wp-interactive=\"core\/image\" data-wp-key=\"6a9c821ec669b\" class=\"wp-block-image size-full wp-lightbox-container\"><img decoding=\"async\" width=\"1800\" height=\"1012\" data-wp-class--hide=\"state.isContentHidden\" data-wp-class--show=\"state.isContentVisible\" data-wp-init=\"callbacks.setButtonStyles\" data-wp-on--click=\"actions.showLightbox\" data-wp-on--load=\"callbacks.setButtonStyles\" data-wp-on--pointerdown=\"actions.preloadImage\" data-wp-on--pointerenter=\"actions.preloadImageWithDelay\" data-wp-on--pointerleave=\"actions.cancelPreload\" data-wp-on-window--resize=\"callbacks.setButtonStyles\" src=\"https:\/\/loudavymkrokem.cz\/wp-content\/uploads\/2026\/08\/bulharsko-research-varna-31-3a8e6131.jpg\" alt=\"Zamarzni\u0119te wybrze\u017ce w Warnie zim\u0105\" class=\"wp-image-407806\" title=\"\" srcset=\"https:\/\/loudavymkrokem.cz\/wp-content\/uploads\/2026\/08\/bulharsko-research-varna-31-3a8e6131.jpg 1800w, https:\/\/loudavymkrokem.cz\/wp-content\/uploads\/2026\/08\/bulharsko-research-varna-31-3a8e6131-300x169.jpg 300w, https:\/\/loudavymkrokem.cz\/wp-content\/uploads\/2026\/08\/bulharsko-research-varna-31-3a8e6131-700x394.jpg 700w, https:\/\/loudavymkrokem.cz\/wp-content\/uploads\/2026\/08\/bulharsko-research-varna-31-3a8e6131-768x432.jpg 768w, https:\/\/loudavymkrokem.cz\/wp-content\/uploads\/2026\/08\/bulharsko-research-varna-31-3a8e6131-1536x864.jpg 1536w, https:\/\/loudavymkrokem.cz\/wp-content\/uploads\/2026\/08\/bulharsko-research-varna-31-3a8e6131-696x391.jpg 696w, https:\/\/loudavymkrokem.cz\/wp-content\/uploads\/2026\/08\/bulharsko-research-varna-31-3a8e6131-1392x783.jpg 1392w\" sizes=\"(max-width: 1800px) 100vw, 1800px\" \/><button\n\t\t\tclass=\"lightbox-trigger\"\n\t\t\ttype=\"button\"\n\t\t\taria-haspopup=\"dialog\"\n\t\t\tdata-wp-bind--aria-label=\"state.thisImage.triggerButtonAriaLabel\"\n\t\t\tdata-wp-init=\"callbacks.initTriggerButton\"\n\t\t\tdata-wp-on--click=\"actions.showLightbox\"\n\t\t\tdata-wp-style--right=\"state.thisImage.buttonRight\"\n\t\t\tdata-wp-style--top=\"state.thisImage.buttonTop\"\n\t\t>\n\t\t\t<svg xmlns=\"http:\/\/www.w3.org\/2000\/svg\" width=\"12\" height=\"12\" fill=\"none\" viewBox=\"0 0 12 12\">\n\t\t\t\t<path fill=\"#fff\" d=\"M2 0a2 2 0 0 0-2 2v2h1.5V2a.5.5 0 0 1 .5-.5h2V0H2Zm2 10.5H2a.5.5 0 0 1-.5-.5V8H0v2a2 2 0 0 0 2 2h2v-1.5ZM8 12v-1.5h2a.5.5 0 0 0 .5-.5V8H12v2a2 2 0 0 1-2 2H8Zm2-12a2 2 0 0 1 2 2v2h-1.5V2a.5.5 0 0 0-.5-.5H8V0h2Z\" \/>\n\t\t\t<\/svg>\n\t\t<\/button><figcaption class=\"wp-element-caption\">Foto: Shtilian Shterev, CC BY-SA 3.0 (Wikimedia Commons)<\/figcaption><\/figure>\n\n\n\n<h3 class=\"wp-block-heading\"><span class=\"ez-toc-section\" id=\"Warna_poza_sezonem\"><\/span>Warna poza sezonem<span class=\"ez-toc-section-end\"><\/span><\/h3>\n\n\n\n<p class=\"wp-block-paragraph\">W odr\u00f3\u017cnieniu od sztucznych kurort\u00f3w typu S\u0142oneczny Brzeg, <strong>Warna zim\u0105 nie \u015bpi<\/strong>. To funkcjonalne miasto. Delfinarium, akwarium i zoo pozostaj\u0105 otwarte przez ca\u0142y rok (cho\u0107 z kr\u00f3tszymi godzinami otwarcia). \ud83d\udca1 <strong>Wa\u017cna zimowa wskaz\u00f3wka dla muze\u00f3w:<\/strong> G\u0142\u00f3wne instytucje, jak Muzeum Archeologiczne czy Termy Rzymskie, maj\u0105 zim\u0105 zamkni\u0119te w niedziel\u0119 i poniedzia\u0142ek. Za to Muzeum Etnograficzne i Muzeum Dziej\u00f3w Warny maj\u0105 <strong>zim\u0105 zamkni\u0119te w weekend i funkcjonuj\u0105 tylko w dni robocze!<\/strong> K\u0105piel zim\u0105 zapewni\u0105 baseny termalne w \u015aw. Konstantynie lub naturalne gor\u0105ce \u017ar\u00f3d\u0142o przy pla\u017cy Oficerski.<\/p>\n\n\n\n<figure data-wp-context=\"{&quot;imageId&quot;:&quot;6a9c821ec6b7e&quot;}\" data-wp-interactive=\"core\/image\" data-wp-key=\"6a9c821ec6b7e\" class=\"wp-block-image size-full wp-lightbox-container\"><img decoding=\"async\" width=\"1800\" height=\"1350\" data-wp-class--hide=\"state.isContentHidden\" data-wp-class--show=\"state.isContentVisible\" data-wp-init=\"callbacks.setButtonStyles\" data-wp-on--click=\"actions.showLightbox\" data-wp-on--load=\"callbacks.setButtonStyles\" data-wp-on--pointerdown=\"actions.preloadImage\" data-wp-on--pointerenter=\"actions.preloadImageWithDelay\" data-wp-on--pointerleave=\"actions.cancelPreload\" data-wp-on-window--resize=\"callbacks.setButtonStyles\" src=\"https:\/\/loudavymkrokem.cz\/wp-content\/uploads\/2026\/08\/bulharsko-research-varna-32-f1c3d69e.jpg\" alt=\"Wieczorne nabrze\u017ce w porcie w Warnie\" class=\"wp-image-407807\" title=\"\" srcset=\"https:\/\/loudavymkrokem.cz\/wp-content\/uploads\/2026\/08\/bulharsko-research-varna-32-f1c3d69e.jpg 1800w, https:\/\/loudavymkrokem.cz\/wp-content\/uploads\/2026\/08\/bulharsko-research-varna-32-f1c3d69e-300x225.jpg 300w, https:\/\/loudavymkrokem.cz\/wp-content\/uploads\/2026\/08\/bulharsko-research-varna-32-f1c3d69e-700x525.jpg 700w, https:\/\/loudavymkrokem.cz\/wp-content\/uploads\/2026\/08\/bulharsko-research-varna-32-f1c3d69e-768x576.jpg 768w, https:\/\/loudavymkrokem.cz\/wp-content\/uploads\/2026\/08\/bulharsko-research-varna-32-f1c3d69e-1536x1152.jpg 1536w, https:\/\/loudavymkrokem.cz\/wp-content\/uploads\/2026\/08\/bulharsko-research-varna-32-f1c3d69e-80x60.jpg 80w, https:\/\/loudavymkrokem.cz\/wp-content\/uploads\/2026\/08\/bulharsko-research-varna-32-f1c3d69e-160x120.jpg 160w, https:\/\/loudavymkrokem.cz\/wp-content\/uploads\/2026\/08\/bulharsko-research-varna-32-f1c3d69e-696x522.jpg 696w, https:\/\/loudavymkrokem.cz\/wp-content\/uploads\/2026\/08\/bulharsko-research-varna-32-f1c3d69e-1392x1044.jpg 1392w\" sizes=\"(max-width: 1800px) 100vw, 1800px\" \/><button\n\t\t\tclass=\"lightbox-trigger\"\n\t\t\ttype=\"button\"\n\t\t\taria-haspopup=\"dialog\"\n\t\t\tdata-wp-bind--aria-label=\"state.thisImage.triggerButtonAriaLabel\"\n\t\t\tdata-wp-init=\"callbacks.initTriggerButton\"\n\t\t\tdata-wp-on--click=\"actions.showLightbox\"\n\t\t\tdata-wp-style--right=\"state.thisImage.buttonRight\"\n\t\t\tdata-wp-style--top=\"state.thisImage.buttonTop\"\n\t\t>\n\t\t\t<svg xmlns=\"http:\/\/www.w3.org\/2000\/svg\" width=\"12\" height=\"12\" fill=\"none\" viewBox=\"0 0 12 12\">\n\t\t\t\t<path fill=\"#fff\" d=\"M2 0a2 2 0 0 0-2 2v2h1.5V2a.5.5 0 0 1 .5-.5h2V0H2Zm2 10.5H2a.5.5 0 0 1-.5-.5V8H0v2a2 2 0 0 0 2 2h2v-1.5ZM8 12v-1.5h2a.5.5 0 0 0 .5-.5V8H12v2a2 2 0 0 1-2 2H8Zm2-12a2 2 0 0 1 2 2v2h-1.5V2a.5.5 0 0 0-.5-.5H8V0h2Z\" \/>\n\t\t\t<\/svg>\n\t\t<\/button><figcaption class=\"wp-element-caption\">Foto: Claudiu Balta (Google Maps)<\/figcaption><\/figure>\n\n\n\n<h2 class=\"wp-block-heading\"><span class=\"ez-toc-section\" id=\"Na_co_uwazac\"><\/span>Na co uwa\u017ca\u0107<span class=\"ez-toc-section-end\"><\/span><\/h2>\n\n\n\n<p class=\"wp-block-paragraph\">Warna jest og\u00f3lnie <strong>bardzo bezpiecznym miastem<\/strong> (wed\u0142ug wska\u017anik\u00f3w bezpiecze\u0144stwa wr\u0119cz wyra\u017anie bezpieczniejszym ni\u017c stolica Sofia), ale ruch turystyczny zawsze niesie ze sob\u0105 te\u017c <strong>negatywne zjawiska<\/strong>.<\/p>\n\n\n\n<ul class=\"wp-block-list\">\n\n<li><strong>Kieszonkowcy na przystankach:<\/strong> W sierpniu 2026 roku Zwi\u0105zek Przewodnik\u00f3w Bu\u0142garii wyda\u0142 ostre ostrze\u017cenie przed zorganizowanymi grupami kieszonkowc\u00f3w, kt\u00f3re dzia\u0142aj\u0105 <strong>bezpo\u015brednio przed Muzeum Archeologicznym<\/strong>. \u015aledz\u0105 trasy turystyczne i uderzaj\u0105 dok\u0142adnie w chwili, gdy grupa wysiada z autobusu. Pilnuj plecak\u00f3w i nie no\u015b kosztowno\u015bci w bocznych kieszeniach.<\/li>\n\n\n\n<li><strong>Pu\u0142apki bankomatowe i p\u0142atnicze:<\/strong> Klasyczne kantory z niekorzystnym kursem straci\u0142y po przyj\u0119ciu euro sens. Now\u0105 g\u0142\u00f3wn\u0105 pu\u0142apk\u0105 s\u0105 <strong>bankomaty sieci Euronet<\/strong>, kt\u00f3re mog\u0105 nalicza\u0107 absurdalne op\u0142aty (na przyk\u0142ad 1,95 \u20ac za wyp\u0142at\u0119 20 \u20ac, czyli 10% prowizji). Podobnie <strong>zawsze odrzucaj us\u0142ug\u0119 DCC<\/strong> (Dynamic Currency Conversion) na terminalach p\u0142atniczych \u2014 je\u015bli terminal w Bu\u0142garii zaproponuje ci rozliczenie w z\u0142ot\u00f3wkach, narzut mo\u017ce wspi\u0105\u0107 si\u0119 a\u017c do 18%.<\/li>\n\n\n\n<li><strong>Woda z kranu:<\/strong> Woda wodoci\u0105gowa jest bakteriologicznie bezpieczna, ale lekarze nie polecaj\u0105 jej d\u0142ugotrwa\u0142ego picia ze wzgl\u0119du na wysok\u0105 twardo\u015b\u0107. Zupe\u0142nie natomiast <strong>unikaj picia z ulicznych mineralnych fontann i studzienek<\/strong>.<\/li>\n\n\n\n<li><strong>Uwa\u017caj na fale i pr\u0105dy:<\/strong> Morze Czarne potrafi by\u0107 zdradliwe. Nawet blisko brzegu mog\u0105 tworzy\u0107 si\u0119 silne pr\u0105dy podmorskie, dlatego zawsze respektuj kolor flagi u ratownik\u00f3w. Na meduzy (Rhizostoma pulmo) co prawda tu natrafisz, ale nie s\u0105 gro\u017ane dla \u017cycia, powoduj\u0105 tylko lekkie pieczenie.<\/li>\n\n\n<\/ul>\n\n\n\n<h2 class=\"wp-block-heading\"><span class=\"ez-toc-section\" id=\"Dokad_dalej\"><\/span>Dok\u0105d dalej<span class=\"ez-toc-section-end\"><\/span><\/h2>\n\n\n\n<p class=\"wp-block-paragraph\">Je\u015bli Bu\u0142garia ci\u0119 zainteresowa\u0142a i chcesz zwiedzi\u0107 te\u017c inne miejsca wzd\u0142u\u017c wybrze\u017ca lub wyrobi\u0107 sobie lepsze poj\u0119cie o tutejszych cenach po wprowadzeniu nowej waluty, koniecznie zajrzyj do naszych innych artyku\u0142\u00f3w:<\/p>\n\n\n\n<ul class=\"wp-block-list\">\n\n<li><a href=\"https:\/\/loudavymkrokem.cz\/pl\/wakacje-bulgaria-najpiekniejsze-miejsca\/\">Wakacje w Bu\u0142garii: 30 najpi\u0119kniejszych miejsc<\/a><\/li>\n\n\n\n<li><a href=\"https:\/\/loudavymkrokem.cz\/zlate-pisky\/\">Z\u0142ote Piaski: 15 wskaz\u00f3wek i por\u00f3wnanie ze S\u0142onecznym Brzegiem<\/a><\/li>\n\n\n\n<li><a href=\"https:\/\/loudavymkrokem.cz\/plaze-bulharsko\/\">Najpi\u0119kniejsze pla\u017ce Bu\u0142garii: 20 pomys\u0142\u00f3w<\/a><\/li>\n\n\n\n<li><a href=\"https:\/\/loudavymkrokem.cz\/nesebar\/\">Nesebyr: co zobaczy\u0107 w mie\u015bcie wpisanym na list\u0119 UNESCO<\/a><\/li>\n\n\n\n<li><a href=\"https:\/\/loudavymkrokem.cz\/pl\/ceny-w-bulgarii-euro\/\">Ceny w Bu\u0142garii po przej\u015bciu na euro<\/a><\/li>\n\n\n\n<li><a href=\"https:\/\/loudavymkrokem.cz\/pl\/bulgaria-all-inclusive-resorty\/\">Bu\u0142garia all inclusive: 22 najlepsze resorty<\/a><\/li>\n\n\n<\/ul>\n\n\n\n<h2 class=\"wp-block-heading\"><span class=\"ez-toc-section\" id=\"Najczesciej_zadawane_pytania\"><\/span>Najcz\u0119\u015bciej zadawane pytania<span class=\"ez-toc-section-end\"><\/span><\/h2>\n\n\n<div id=\"rank-math-faq\" class=\"rank-math-block\">\n<div class=\"rank-math-list \">\n<div id=\"faq-question-1788110183000\" class=\"rank-math-list-item\">\n<h3 class=\"rank-math-question \"><span class=\"ez-toc-section\" id=\"Czy_w_Warnie_placi_sie_euro_czy_lewami\"><\/span>Czy w Warnie p\u0142aci si\u0119 euro czy lewami?<span class=\"ez-toc-section-end\"><\/span><\/h3>\n<div class=\"rank-math-answer \">\n\n<p>Od 1 stycznia 2026 roku Bu\u0142garia przyj\u0119\u0142a euro jako swoj\u0105 oficjaln\u0105 walut\u0119. Stare lewy ju\u017c nie s\u0105 w obiegu, a okres podw\u00f3jnych cen zako\u0144czy\u0142 si\u0119 w sierpniu 2026 roku. Wsz\u0119dzie zap\u0142acisz wygodnie euro, tylko uwa\u017caj na bankomaty Euronet i ich wysokie op\u0142aty za wyp\u0142at\u0119.<\/p>\n\n<\/div>\n<\/div>\n<div id=\"faq-question-1788110183001\" class=\"rank-math-list-item\">\n<h3 class=\"rank-math-question \"><span class=\"ez-toc-section\" id=\"Czy_Warna_jest_odpowiednia_dla_rodzin_z_dziecmi\"><\/span>Czy Warna jest odpowiednia dla rodzin z dzie\u0107mi?<span class=\"ez-toc-section-end\"><\/span><\/h3>\n<div class=\"rank-math-answer \">\n\n<p>Zdecydowanie tak! Znajdziesz tu ogromny Ogr\u00f3d Nadmorski z k\u0105cikiem dla dzieci, delfinarium i zoo. Centralna pla\u017ca i pla\u017ca Ju\u017een maj\u0105 drobny piasek, a dno opada bardzo \u0142agodnie, co jest idealne dla ma\u0142ych dzieci. Poza tym znajdziesz tu apartamenty z dala od ha\u0142a\u015bliwego centrum.<\/p>\n\n<\/div>\n<\/div>\n<div id=\"faq-question-1788110183002\" class=\"rank-math-list-item\">\n<h3 class=\"rank-math-question \"><span class=\"ez-toc-section\" id=\"Jak_jest_z_parkowaniem_w_Warnie\"><\/span>Jak jest z parkowaniem w Warnie?<span class=\"ez-toc-section-end\"><\/span><\/h3>\n<div class=\"rank-math-answer \">\n\n<p>Je\u015bli przyjedziesz samochodem, przygotuj si\u0119 na to, \u017ce niebieska strefa w centrum obowi\u0105zuje codziennie, tak\u017ce w niedziel\u0119 (w przeciwie\u0144stwie do zielonej strefy, kt\u00f3ra obowi\u0105zuje tylko w dni robocze). Miasto nie ma fizycznych parkomat\u00f3w. Dla turysty najlepiej pobra\u0107 aplikacj\u0119 MPark i p\u0142aci\u0107 za parking wygodnie z telefonu.<\/p>\n\n<\/div>\n<\/div>\n<div id=\"faq-question-1788110183003\" class=\"rank-math-list-item\">\n<h3 class=\"rank-math-question \"><span class=\"ez-toc-section\" id=\"Czy_mozna_poleciec_do_Warny_bezposrednio_z_Polski\"><\/span>Czy mo\u017cna polecie\u0107 do Warny bezpo\u015brednio z Polski?<span class=\"ez-toc-section-end\"><\/span><\/h3>\n<div class=\"rank-math-answer \">\n\n<p>Tak, lotnisko w Warnie jest dost\u0119pne bezpo\u015brednimi sezonowymi lotami z Warszawy. Lot trwa tylko oko\u0142o dw\u00f3ch godzin, a samo lotnisko znajduje si\u0119 oko\u0142o 20 minut jazdy autobusem linii 409 od historycznego centrum.<\/p>\n\n<\/div>\n<\/div>\n<div id=\"faq-question-1788110183004\" class=\"rank-math-list-item\">\n<h3 class=\"rank-math-question \"><span class=\"ez-toc-section\" id=\"Czy_warto_jechac_do_Warny_poza_letnimi_wakacjami\"><\/span>Czy warto jecha\u0107 do Warny poza letnimi wakacjami?<span class=\"ez-toc-section-end\"><\/span><\/h3>\n<div class=\"rank-math-answer \">\n\n<p>Zdecydowanie. Warna to trzecie co do wielko\u015bci miasto w kraju i funkcjonuje przez ca\u0142y rok. Muzea, galerie i \u015bwietne restauracje nie zamykaj\u0105 si\u0119. Wiosn\u0105 i jesieni\u0105 dodatkowo unikniesz najwi\u0119kszych t\u0142um\u00f3w i upa\u0142\u00f3w, co jest idealn\u0105 pogod\u0105 na zwiedzanie staro\u017cytnych wykopalisk lub wycieczk\u0119 na przyl\u0105dek Kaliakra.<\/p>\n\n<\/div>\n<\/div>\n<div id=\"faq-question-1788110183005\" class=\"rank-math-list-item\">\n<h3 class=\"rank-math-question \"><span class=\"ez-toc-section\" id=\"Jak_dostac_sie_z_Warny_na_Zlote_Piaski\"><\/span>Jak dosta\u0107 si\u0119 z Warny na Z\u0142ote Piaski?<span class=\"ez-toc-section-end\"><\/span><\/h3>\n<div class=\"rank-math-answer \">\n\n<p>Najpro\u015bciej autobusem linii 409, kt\u00f3ry \u0142\u0105czy lotnisko, centrum i kurorty wzd\u0142u\u017c wybrze\u017ca. Z centrum Warny na Z\u0142ote Piaski jedziesz oko\u0142o p\u00f3\u0142 godziny, z lotniska to nieca\u0142a godzina. Pami\u0119taj jednak, \u017ce odcinek do Z\u0142otych Piask\u00f3w kursuje tylko w sezonie, mniej wi\u0119cej od maja do pa\u017adziernika.<\/p>\n\n<\/div>\n<\/div>\n<div id=\"faq-question-1788110183006\" class=\"rank-math-list-item\">\n<h3 class=\"rank-math-question \"><span class=\"ez-toc-section\" id=\"Czy_Warna_to_bezpieczne_miasto\"><\/span>Czy Warna to bezpieczne miasto?<span class=\"ez-toc-section-end\"><\/span><\/h3>\n<div class=\"rank-math-answer \">\n\n<p>Wed\u0142ug mi\u0119dzynarodowych indeks\u00f3w bezpiecze\u0144stwa Warna wypada nawet nieco lepiej ni\u017c Sofia, a nocne spacery po centrum s\u0105 oceniane jako bezpieczne. G\u0142\u00f3wnym zagro\u017ceniem s\u0105 kradzie\u017ce kieszonkowe: w sierpniu 2026 roku Zwi\u0105zek Przewodnik\u00f3w Bu\u0142garii ostrzega\u0142 przed zorganizowanymi kieszonkowcami, kt\u00f3rzy czyhaj\u0105 bezpo\u015brednio przed Muzeum Archeologicznym w momencie, gdy tury\u015bci wysiadaj\u0105 z autobus\u00f3w.<\/p>\n\n<\/div>\n<\/div>\n<\/div>\n<\/div>","protected":false},"excerpt":{"rendered":"<p>Warna to nie tylko przystanek w drodze na Z\u0142ote Piaski. To trzecie najwi\u0119ksze miasto Bu\u0142garii z najstarszym obrobionym z\u0142otem \u015bwiata i najwi\u0119kszymi rzymskimi termami na Ba\u0142kanach. Oto 20 pomys\u0142\u00f3w, orientacyjne ceny w euro i pu\u0142apki, kt\u00f3rych warto unika\u0107.<\/p>\n","protected":false},"author":3,"featured_media":407810,"comment_status":"open","ping_status":"open","sticky":false,"template":"","format":"standard","meta":{"_acf_changed":false,"footnotes":"","rank_math_title":"Warna Bu\u0142garia: 20 atrakcji i wskaz\u00f3wek 2026","rank_math_description":"Warna w Bu\u0142garii \u2014 20 atrakcji, aktualne ceny w euro, pla\u017ce, wycieczki i pu\u0142apki, kt\u00f3rych warto unika\u0107. Sprawd\u017a, co zobaczy\u0107 w nadmorskiej metropolii!","rank_math_focus_keyword":"warna bu\u0142garia","rank_math_seo_score":""},"categories":[560,267,740],"tags":[],"class_list":["post-418268","post","type-post","status-publish","format-standard","has-post-thumbnail","category-bulgaria","category-europa","category-podroze"],"acf":[],"featured_image_src":"https:\/\/loudavymkrokem.cz\/wp-content\/uploads\/2026\/08\/varna-majak-pri-zapadu-slunce.jpg","author_info":{"display_name":"Lucie Kone\u010dn\u00e1","author_link":"https:\/\/loudavymkrokem.cz\/pl\/author\/lucie-konecna\/"},"_links":{"self":[{"href":"https:\/\/loudavymkrokem.cz\/pl\/wp-json\/wp\/v2\/posts\/418268","targetHints":{"allow":["GET"]}}],"collection":[{"href":"https:\/\/loudavymkrokem.cz\/pl\/wp-json\/wp\/v2\/posts"}],"about":[{"href":"https:\/\/loudavymkrokem.cz\/pl\/wp-json\/wp\/v2\/types\/post"}],"author":[{"embeddable":true,"href":"https:\/\/loudavymkrokem.cz\/pl\/wp-json\/wp\/v2\/users\/3"}],"replies":[{"embeddable":true,"href":"https:\/\/loudavymkrokem.cz\/pl\/wp-json\/wp\/v2\/comments?post=418268"}],"version-history":[{"count":2,"href":"https:\/\/loudavymkrokem.cz\/pl\/wp-json\/wp\/v2\/posts\/418268\/revisions"}],"predecessor-version":[{"id":418274,"href":"https:\/\/loudavymkrokem.cz\/pl\/wp-json\/wp\/v2\/posts\/418268\/revisions\/418274"}],"wp:featuredmedia":[{"embeddable":true,"href":"https:\/\/loudavymkrokem.cz\/pl\/wp-json\/wp\/v2\/media\/407810"}],"wp:attachment":[{"href":"https:\/\/loudavymkrokem.cz\/pl\/wp-json\/wp\/v2\/media?parent=418268"}],"wp:term":[{"taxonomy":"category","embeddable":true,"href":"https:\/\/loudavymkrokem.cz\/pl\/wp-json\/wp\/v2\/categories?post=418268"},{"taxonomy":"post_tag","embeddable":true,"href":"https:\/\/loudavymkrokem.cz\/pl\/wp-json\/wp\/v2\/tags?post=418268"}],"curies":[{"name":"wp","href":"https:\/\/api.w.org\/{rel}","templated":true}]}}