{"id":418260,"date":"2026-09-05T09:44:09","date_gmt":"2026-09-05T07:44:09","guid":{"rendered":"https:\/\/loudavymkrokem.cz\/termy-niemcy-najlepsze\/"},"modified":"2026-09-05T20:40:03","modified_gmt":"2026-09-05T18:40:03","slug":"termy-niemcy-najlepsze","status":"publish","type":"post","link":"https:\/\/loudavymkrokem.cz\/pl\/termy-niemcy-najlepsze\/","title":{"rendered":"Termy w Niemczech: 51 najlepszych propozycji na rok 2026"},"content":{"rendered":"\n<p class=\"wp-block-paragraph\">Za oknem pi\u0119\u0107 stopni i m\u017cy, a ty stoisz po pas w wodzie pod szklan\u0105 kopu\u0142\u0105, nad g\u0142ow\u0105 szumi\u0105 ci prawdziwe palmy. <strong>Termy w Niemczech<\/strong> dzia\u0142aj\u0105 inaczej ni\u017c nasze, i to nie tylko ze wzgl\u0119du na tropikaln\u0105 sceneri\u0119. Zaskocz\u0105 ci\u0119 g\u0142\u00f3wnie dwie rzeczy: do saun wchodzi si\u0119 bez stroju k\u0105pielowego, a bilet p\u0142aci si\u0119 na dok\u0142adnie okre\u015blon\u0105 liczb\u0119 godzin, po kt\u00f3rych nalicza si\u0119 dop\u0142at\u0119.<\/p>\n\n\n\n<p class=\"wp-block-paragraph\">Na szcz\u0119\u015bcie wcale to nie przeszkadza, bo gdy tylko zrozumiesz ten system, czeka ci\u0119 <strong>absolutnie luksusowy odpoczynek<\/strong>. Najcz\u0119\u015bciej dostajesz na r\u0119k\u0119 chip, kt\u00f3rym pikasz szafk\u0119 oraz rachunek w restauracji, a portfel mo\u017cesz spokojnie zostawi\u0107 zamkni\u0119ty przez ca\u0142y czas. Musisz tylko pilnowa\u0107 czasu, bo za <strong>ka\u017cde kolejne rozpocz\u0119te p\u00f3\u0142 godziny<\/strong> przy wyj\u015bciu automatycznie doliczaj\u0105 dop\u0142at\u0119.<\/p>\n\n\n\n<p class=\"wp-block-paragraph\">W tym artykule znajdziesz 51 niemieckich term podzielonych wed\u0142ug kraj\u00f3w zwi\u0105zkowych, od ogromnych Therme Erding pod Monachium, przez <strong>tropikalne Badewelty w Sinsheim i Euskirchen<\/strong>, a\u017c po urokliwe uzdrowiska nadmorskie nad Ba\u0142tykiem. Podpowiem ci, ile kosztuje k\u0105piel, jak dok\u0142adnie dzia\u0142a <strong>niemiecka etykieta saunowa<\/strong> i gdzie spa\u0107 prosto w szlafroku tu\u017c przy termach.<\/p>\n\n\n\n<figure data-wp-context=\"{&quot;imageId&quot;:&quot;6a9c821d0e864&quot;}\" data-wp-interactive=\"core\/image\" data-wp-key=\"6a9c821d0e864\" class=\"wp-block-image size-full wp-lightbox-container\"><img decoding=\"async\" width=\"1800\" height=\"1201\" data-wp-class--hide=\"state.isContentHidden\" data-wp-class--show=\"state.isContentVisible\" data-wp-init=\"callbacks.setButtonStyles\" data-wp-on--click=\"actions.showLightbox\" data-wp-on--load=\"callbacks.setButtonStyles\" data-wp-on--pointerdown=\"actions.preloadImage\" data-wp-on--pointerenter=\"actions.preloadImageWithDelay\" data-wp-on--pointerleave=\"actions.cancelPreload\" data-wp-on-window--resize=\"callbacks.setButtonStyles\" src=\"https:\/\/loudavymkrokem.cz\/wp-content\/uploads\/2026\/09\/nemecko-clanky-termaly-nemecko-01-0dcc0000.jpg\" alt=\"Basen z wod\u0105 mineraln\u0105 pod szklan\u0105 kopu\u0142\u0105 w Thermen &#038; Badewelt Sinsheim\" class=\"wp-image-415288\" title=\"\" srcset=\"https:\/\/loudavymkrokem.cz\/wp-content\/uploads\/2026\/09\/nemecko-clanky-termaly-nemecko-01-0dcc0000.jpg 1800w, https:\/\/loudavymkrokem.cz\/wp-content\/uploads\/2026\/09\/nemecko-clanky-termaly-nemecko-01-0dcc0000-300x200.jpg 300w, https:\/\/loudavymkrokem.cz\/wp-content\/uploads\/2026\/09\/nemecko-clanky-termaly-nemecko-01-0dcc0000-700x467.jpg 700w, https:\/\/loudavymkrokem.cz\/wp-content\/uploads\/2026\/09\/nemecko-clanky-termaly-nemecko-01-0dcc0000-768x512.jpg 768w, https:\/\/loudavymkrokem.cz\/wp-content\/uploads\/2026\/09\/nemecko-clanky-termaly-nemecko-01-0dcc0000-1536x1025.jpg 1536w, https:\/\/loudavymkrokem.cz\/wp-content\/uploads\/2026\/09\/nemecko-clanky-termaly-nemecko-01-0dcc0000-696x464.jpg 696w, https:\/\/loudavymkrokem.cz\/wp-content\/uploads\/2026\/09\/nemecko-clanky-termaly-nemecko-01-0dcc0000-1392x929.jpg 1392w\" sizes=\"(max-width: 1800px) 100vw, 1800px\" \/><button\n\t\t\tclass=\"lightbox-trigger\"\n\t\t\ttype=\"button\"\n\t\t\taria-haspopup=\"dialog\"\n\t\t\tdata-wp-bind--aria-label=\"state.thisImage.triggerButtonAriaLabel\"\n\t\t\tdata-wp-init=\"callbacks.initTriggerButton\"\n\t\t\tdata-wp-on--click=\"actions.showLightbox\"\n\t\t\tdata-wp-style--right=\"state.thisImage.buttonRight\"\n\t\t\tdata-wp-style--top=\"state.thisImage.buttonTop\"\n\t\t>\n\t\t\t<svg xmlns=\"http:\/\/www.w3.org\/2000\/svg\" width=\"12\" height=\"12\" fill=\"none\" viewBox=\"0 0 12 12\">\n\t\t\t\t<path fill=\"#fff\" d=\"M2 0a2 2 0 0 0-2 2v2h1.5V2a.5.5 0 0 1 .5-.5h2V0H2Zm2 10.5H2a.5.5 0 0 1-.5-.5V8H0v2a2 2 0 0 0 2 2h2v-1.5ZM8 12v-1.5h2a.5.5 0 0 0 .5-.5V8H12v2a2 2 0 0 1-2 2H8Zm2-12a2 2 0 0 1 2 2v2h-1.5V2a.5.5 0 0 0-.5-.5H8V0h2Z\" \/>\n\t\t\t<\/svg>\n\t\t<\/button><\/figure>\n\n\n\n<div id=\"ez-toc-container\" class=\"ez-toc-v2_0_87 ez-toc-wrap-left counter-hierarchy ez-toc-counter ez-toc-grey ez-toc-container-direction\">\n<div class=\"ez-toc-title-container\">\n<p class=\"ez-toc-title\" style=\"cursor:inherit\">Tre\u015b\u0107 artyku\u0142u<\/p>\n<span class=\"ez-toc-title-toggle\"><a href=\"#\" class=\"ez-toc-pull-right ez-toc-btn ez-toc-btn-xs ez-toc-btn-default ez-toc-toggle\" aria-label=\"Prze\u0142\u0105cznik Spisu Tre\u015bci\"><span class=\"ez-toc-js-icon-con\"><span class=\"\"><span class=\"eztoc-hide\" style=\"display:none;\">Toggle<\/span><span class=\"ez-toc-icon-toggle-span\"><svg style=\"fill: #999;color:#999\" xmlns=\"http:\/\/www.w3.org\/2000\/svg\" class=\"list-377408\" width=\"20px\" height=\"20px\" viewBox=\"0 0 24 24\" fill=\"none\"><path d=\"M6 6H4v2h2V6zm14 0H8v2h12V6zM4 11h2v2H4v-2zm16 0H8v2h12v-2zM4 16h2v2H4v-2zm16 0H8v2h12v-2z\" fill=\"currentColor\"><\/path><\/svg><svg style=\"fill: #999;color:#999\" class=\"arrow-unsorted-368013\" xmlns=\"http:\/\/www.w3.org\/2000\/svg\" width=\"10px\" height=\"10px\" viewBox=\"0 0 24 24\" version=\"1.2\" baseProfile=\"tiny\"><path d=\"M18.2 9.3l-6.2-6.3-6.2 6.3c-.2.2-.3.4-.3.7s.1.5.3.7c.2.2.4.3.7.3h11c.3 0 .5-.1.7-.3.2-.2.3-.5.3-.7s-.1-.5-.3-.7zM5.8 14.7l6.2 6.3 6.2-6.3c.2-.2.3-.5.3-.7s-.1-.5-.3-.7c-.2-.2-.4-.3-.7-.3h-11c-.3 0-.5.1-.7.3-.2.2-.3.5-.3.7s.1.5.3.7z\"\/><\/svg><\/span><\/span><\/span><\/a><\/span><\/div>\n<nav><ul class='ez-toc-list ez-toc-list-level-1 ' ><ul class='ez-toc-list-level-3' ><li class='ez-toc-heading-level-3'><a class=\"ez-toc-link ez-toc-heading-1\" href=\"https:\/\/loudavymkrokem.cz\/pl\/termy-niemcy-najlepsze\/#Podsumowanie_dla_tych_ktorzy_nie_maja_czasu_czytac_calego_artykulu\" >Podsumowanie dla tych, kt\u00f3rzy nie maj\u0105 czasu czyta\u0107 ca\u0142ego artyku\u0142u<\/a><\/li><\/ul><\/li><li class='ez-toc-page-1 ez-toc-heading-level-2'><a class=\"ez-toc-link ez-toc-heading-2\" href=\"https:\/\/loudavymkrokem.cz\/pl\/termy-niemcy-najlepsze\/#Jak_dzialaja_niemieckie_termy_i_czym_roznia_sie_od_polskich\" >Jak dzia\u0142aj\u0105 niemieckie termy (i czym r\u00f3\u017cni\u0105 si\u0119 od polskich)<\/a><\/li><li class='ez-toc-page-1 ez-toc-heading-level-2'><a class=\"ez-toc-link ez-toc-heading-3\" href=\"https:\/\/loudavymkrokem.cz\/pl\/termy-niemcy-najlepsze\/#Ile_to_kosztuje_i_kiedy_jechac\" >Ile to kosztuje i kiedy jecha\u0107<\/a><\/li><li class='ez-toc-page-1 ez-toc-heading-level-2'><a class=\"ez-toc-link ez-toc-heading-4\" href=\"https:\/\/loudavymkrokem.cz\/pl\/termy-niemcy-najlepsze\/#Gdzie_sie_zatrzymac_hotel_z_Bademantelgangiem\" >Gdzie si\u0119 zatrzyma\u0107: hotel z Bademantelgangiem<\/a><\/li><li class='ez-toc-page-1 ez-toc-heading-level-2'><a class=\"ez-toc-link ez-toc-heading-5\" href=\"https:\/\/loudavymkrokem.cz\/pl\/termy-niemcy-najlepsze\/#Termy_w_Bawarii\" >Termy w Bawarii<\/a><ul class='ez-toc-list-level-3' ><li class='ez-toc-heading-level-3'><a class=\"ez-toc-link ez-toc-heading-6\" href=\"https:\/\/loudavymkrokem.cz\/pl\/termy-niemcy-najlepsze\/#1_Therme_Erding_Erding\" >1. Therme Erding (Erding)<\/a><\/li><li class='ez-toc-page-1 ez-toc-heading-level-3'><a class=\"ez-toc-link ez-toc-heading-7\" href=\"https:\/\/loudavymkrokem.cz\/pl\/termy-niemcy-najlepsze\/#2_Therme_Bad_Worishofen_Bad_Worishofen\" >2. Therme Bad W\u00f6rishofen (Bad W\u00f6rishofen)<\/a><\/li><li class='ez-toc-page-1 ez-toc-heading-level-3'><a class=\"ez-toc-link ez-toc-heading-8\" href=\"https:\/\/loudavymkrokem.cz\/pl\/termy-niemcy-najlepsze\/#3_Therme_Bad_Aibling_Bad_Aibling\" >3. Therme Bad Aibling (Bad Aibling)<\/a><\/li><li class='ez-toc-page-1 ez-toc-heading-level-3'><a class=\"ez-toc-link ez-toc-heading-9\" href=\"https:\/\/loudavymkrokem.cz\/pl\/termy-niemcy-najlepsze\/#4_KissSalis_Therme_Bad_Kissingen\" >4. KissSalis Therme (Bad Kissingen)<\/a><\/li><li class='ez-toc-page-1 ez-toc-heading-level-3'><a class=\"ez-toc-link ez-toc-heading-10\" href=\"https:\/\/loudavymkrokem.cz\/pl\/termy-niemcy-najlepsze\/#5_Hotel_Victory_Therme_Erding_Erding\" >5. Hotel Victory Therme Erding (Erding)<\/a><\/li><li class='ez-toc-page-1 ez-toc-heading-level-3'><a class=\"ez-toc-link ez-toc-heading-11\" href=\"https:\/\/loudavymkrokem.cz\/pl\/termy-niemcy-najlepsze\/#6_Franken-Therme_Bad_Windsheim\" >6. Franken-Therme (Bad Windsheim)<\/a><\/li><li class='ez-toc-page-1 ez-toc-heading-level-3'><a class=\"ez-toc-link ez-toc-heading-12\" href=\"https:\/\/loudavymkrokem.cz\/pl\/termy-niemcy-najlepsze\/#7_Konigliche_Kristall-Therme_Schwangau\" >7. K\u00f6nigliche Kristall-Therme (Schwangau)<\/a><\/li><li class='ez-toc-page-1 ez-toc-heading-level-3'><a class=\"ez-toc-link ez-toc-heading-13\" href=\"https:\/\/loudavymkrokem.cz\/pl\/termy-niemcy-najlepsze\/#8_Limes-Therme_Bad_Gogging\" >8. Limes-Therme (Bad G\u00f6gging)<\/a><\/li><li class='ez-toc-page-1 ez-toc-heading-level-3'><a class=\"ez-toc-link ez-toc-heading-14\" href=\"https:\/\/loudavymkrokem.cz\/pl\/termy-niemcy-najlepsze\/#9_Therme_Bad_Griesbach_Bad_Griesbach\" >9. Therme Bad Griesbach (Bad Griesbach)<\/a><\/li><li class='ez-toc-page-1 ez-toc-heading-level-3'><a class=\"ez-toc-link ez-toc-heading-15\" href=\"https:\/\/loudavymkrokem.cz\/pl\/termy-niemcy-najlepsze\/#10_Titania_Neusas_Neusas\" >10. Titania Neus\u00e4\u00df (Neus\u00e4\u00df)<\/a><\/li><li class='ez-toc-page-1 ez-toc-heading-level-3'><a class=\"ez-toc-link ez-toc-heading-16\" href=\"https:\/\/loudavymkrokem.cz\/pl\/termy-niemcy-najlepsze\/#11_Fackelmann_Therme_Hersbruck_Hersbruck\" >11. Fackelmann Therme Hersbruck (Hersbruck)<\/a><\/li><li class='ez-toc-page-1 ez-toc-heading-level-3'><a class=\"ez-toc-link ez-toc-heading-17\" href=\"https:\/\/loudavymkrokem.cz\/pl\/termy-niemcy-najlepsze\/#12_ThermeNatur_Bad_Rodach\" >12. ThermeNatur (Bad Rodach)<\/a><\/li><li class='ez-toc-page-1 ez-toc-heading-level-3'><a class=\"ez-toc-link ez-toc-heading-18\" href=\"https:\/\/loudavymkrokem.cz\/pl\/termy-niemcy-najlepsze\/#13_Johannesbad_Therme_Bad_Fussing_Bad_Fussing\" >13. Johannesbad Therme Bad F\u00fcssing (Bad F\u00fcssing)<\/a><\/li><li class='ez-toc-page-1 ez-toc-heading-level-3'><a class=\"ez-toc-link ez-toc-heading-19\" href=\"https:\/\/loudavymkrokem.cz\/pl\/termy-niemcy-najlepsze\/#14_Europa_Therme_Bad_Fussing\" >14. Europa Therme (Bad F\u00fcssing)<\/a><\/li><li class='ez-toc-page-1 ez-toc-heading-level-3'><a class=\"ez-toc-link ez-toc-heading-20\" href=\"https:\/\/loudavymkrokem.cz\/pl\/termy-niemcy-najlepsze\/#15_Sibyllenbad_Neualbenreuth\" >15. Sibyllenbad (Neualbenreuth)<\/a><\/li><\/ul><\/li><li class='ez-toc-page-1 ez-toc-heading-level-2'><a class=\"ez-toc-link ez-toc-heading-21\" href=\"https:\/\/loudavymkrokem.cz\/pl\/termy-niemcy-najlepsze\/#Termy_w_Badenii-Wirtembergii\" >Termy w Badenii-Wirtembergii<\/a><ul class='ez-toc-list-level-3' ><li class='ez-toc-heading-level-3'><a class=\"ez-toc-link ez-toc-heading-22\" href=\"https:\/\/loudavymkrokem.cz\/pl\/termy-niemcy-najlepsze\/#16_Thermen_Badewelt_Sinsheim_Sinsheim\" >16. Thermen &#038; Badewelt Sinsheim (Sinsheim)<\/a><\/li><li class='ez-toc-page-1 ez-toc-heading-level-3'><a class=\"ez-toc-link ez-toc-heading-23\" href=\"https:\/\/loudavymkrokem.cz\/pl\/termy-niemcy-najlepsze\/#17_Mineraltherme_Boblingen_Boblingen\" >17. Mineraltherme B\u00f6blingen (B\u00f6blingen)<\/a><\/li><li class='ez-toc-page-1 ez-toc-heading-level-3'><a class=\"ez-toc-link ez-toc-heading-24\" href=\"https:\/\/loudavymkrokem.cz\/pl\/termy-niemcy-najlepsze\/#18_Panorama_Therme_Beuren_Beuren\" >18. Panorama Therme Beuren (Beuren)<\/a><\/li><li class='ez-toc-page-1 ez-toc-heading-level-3'><a class=\"ez-toc-link ez-toc-heading-25\" href=\"https:\/\/loudavymkrokem.cz\/pl\/termy-niemcy-najlepsze\/#19_Bodensee-Therme_Konstanz_Konstanz\" >19. Bodensee-Therme Konstanz (Konstanz)<\/a><\/li><li class='ez-toc-page-1 ez-toc-heading-level-3'><a class=\"ez-toc-link ez-toc-heading-26\" href=\"https:\/\/loudavymkrokem.cz\/pl\/termy-niemcy-najlepsze\/#20_Adelindis_Therme_Bad_Buchau\" >20. Adelindis Therme (Bad Buchau)<\/a><\/li><li class='ez-toc-page-1 ez-toc-heading-level-3'><a class=\"ez-toc-link ez-toc-heading-27\" href=\"https:\/\/loudavymkrokem.cz\/pl\/termy-niemcy-najlepsze\/#21_Sonnenhof-Therme_Bad_Saulgau\" >21. Sonnenhof-Therme (Bad Saulgau)<\/a><\/li><li class='ez-toc-page-1 ez-toc-heading-level-3'><a class=\"ez-toc-link ez-toc-heading-28\" href=\"https:\/\/loudavymkrokem.cz\/pl\/termy-niemcy-najlepsze\/#22_Caracalla_Therme_Baden-Baden\" >22. Caracalla Therme (Baden-Baden)<\/a><\/li><li class='ez-toc-page-1 ez-toc-heading-level-3'><a class=\"ez-toc-link ez-toc-heading-29\" href=\"https:\/\/loudavymkrokem.cz\/pl\/termy-niemcy-najlepsze\/#23_Solemar_Bad_Durrheim_Bad_Durrheim\" >23. Solemar Bad D\u00fcrrheim (Bad D\u00fcrrheim)<\/a><\/li><li class='ez-toc-page-1 ez-toc-heading-level-3'><a class=\"ez-toc-link ez-toc-heading-30\" href=\"https:\/\/loudavymkrokem.cz\/pl\/termy-niemcy-najlepsze\/#24_AlbThermen_Bad_Urach\" >24. AlbThermen (Bad Urach)<\/a><\/li><li class='ez-toc-page-1 ez-toc-heading-level-3'><a class=\"ez-toc-link ez-toc-heading-31\" href=\"https:\/\/loudavymkrokem.cz\/pl\/termy-niemcy-najlepsze\/#25_Friedrichsbad_Baden-Baden\" >25. Friedrichsbad (Baden-Baden)<\/a><\/li><li class='ez-toc-page-1 ez-toc-heading-level-3'><a class=\"ez-toc-link ez-toc-heading-32\" href=\"https:\/\/loudavymkrokem.cz\/pl\/termy-niemcy-najlepsze\/#26_Vita_Classica_Bad_Krozingen\" >26. Vita Classica (Bad Krozingen)<\/a><\/li><\/ul><\/li><li class='ez-toc-page-1 ez-toc-heading-level-2'><a class=\"ez-toc-link ez-toc-heading-33\" href=\"https:\/\/loudavymkrokem.cz\/pl\/termy-niemcy-najlepsze\/#Termy_w_Nadrenii_Polnocnej-Westfalii\" >Termy w Nadrenii P\u00f3\u0142nocnej-Westfalii<\/a><ul class='ez-toc-list-level-3' ><li class='ez-toc-heading-level-3'><a class=\"ez-toc-link ez-toc-heading-34\" href=\"https:\/\/loudavymkrokem.cz\/pl\/termy-niemcy-najlepsze\/#27_Thermen_Badewelt_Euskirchen_Euskirchen\" >27. Thermen &#038; Badewelt Euskirchen (Euskirchen)<\/a><\/li><li class='ez-toc-page-1 ez-toc-heading-level-3'><a class=\"ez-toc-link ez-toc-heading-35\" href=\"https:\/\/loudavymkrokem.cz\/pl\/termy-niemcy-najlepsze\/#28_Bali_Therme_Bad_Oeynhausen\" >28. Bali Therme (Bad Oeynhausen)<\/a><\/li><li class='ez-toc-page-1 ez-toc-heading-level-3'><a class=\"ez-toc-link ez-toc-heading-36\" href=\"https:\/\/loudavymkrokem.cz\/pl\/termy-niemcy-najlepsze\/#29_Carolus_Thermen_Aachen\" >29. Carolus Thermen (Aachen)<\/a><\/li><li class='ez-toc-page-1 ez-toc-heading-level-3'><a class=\"ez-toc-link ez-toc-heading-37\" href=\"https:\/\/loudavymkrokem.cz\/pl\/termy-niemcy-najlepsze\/#30_Mediterana_Bergisch_Gladbach\" >30. Mediterana (Bergisch Gladbach)<\/a><\/li><li class='ez-toc-page-1 ez-toc-heading-level-3'><a class=\"ez-toc-link ez-toc-heading-38\" href=\"https:\/\/loudavymkrokem.cz\/pl\/termy-niemcy-najlepsze\/#31_Vitasol_Therme_Bad_Salzuflen\" >31. Vitasol Therme (Bad Salzuflen)<\/a><\/li><li class='ez-toc-page-1 ez-toc-heading-level-3'><a class=\"ez-toc-link ez-toc-heading-39\" href=\"https:\/\/loudavymkrokem.cz\/pl\/termy-niemcy-najlepsze\/#32_Mauritius_Hotel_Therme_Koln_Koln\" >32. Mauritius Hotel &#038; Therme K\u00f6ln (K\u00f6ln)<\/a><\/li><li class='ez-toc-page-1 ez-toc-heading-level-3'><a class=\"ez-toc-link ez-toc-heading-40\" href=\"https:\/\/loudavymkrokem.cz\/pl\/termy-niemcy-najlepsze\/#33_Claudius_Therme_Koln\" >33. Claudius Therme (K\u00f6ln)<\/a><\/li><\/ul><\/li><li class='ez-toc-page-1 ez-toc-heading-level-2'><a class=\"ez-toc-link ez-toc-heading-41\" href=\"https:\/\/loudavymkrokem.cz\/pl\/termy-niemcy-najlepsze\/#Termy_w_Hesji\" >Termy w Hesji<\/a><ul class='ez-toc-list-level-3' ><li class='ez-toc-heading-level-3'><a class=\"ez-toc-link ez-toc-heading-42\" href=\"https:\/\/loudavymkrokem.cz\/pl\/termy-niemcy-najlepsze\/#34_Taunus-Therme_Bad_Homburg\" >34. Taunus-Therme (Bad Homburg)<\/a><\/li><li class='ez-toc-page-1 ez-toc-heading-level-3'><a class=\"ez-toc-link ez-toc-heading-43\" href=\"https:\/\/loudavymkrokem.cz\/pl\/termy-niemcy-najlepsze\/#35_KurhessenTherme_Kassel\" >35. KurhessenTherme (Kassel)<\/a><\/li><li class='ez-toc-page-1 ez-toc-heading-level-3'><a class=\"ez-toc-link ez-toc-heading-44\" href=\"https:\/\/loudavymkrokem.cz\/pl\/termy-niemcy-najlepsze\/#36_Odenwald-Therme_Bad_Konig\" >36. Odenwald-Therme (Bad K\u00f6nig)<\/a><\/li><li class='ez-toc-page-1 ez-toc-heading-level-3'><a class=\"ez-toc-link ez-toc-heading-45\" href=\"https:\/\/loudavymkrokem.cz\/pl\/termy-niemcy-najlepsze\/#37_Thermalbad_Aukammtal_Wiesbaden\" >37. Thermalbad Aukammtal (Wiesbaden)<\/a><\/li><li class='ez-toc-page-1 ez-toc-heading-level-3'><a class=\"ez-toc-link ez-toc-heading-46\" href=\"https:\/\/loudavymkrokem.cz\/pl\/termy-niemcy-najlepsze\/#38_Kaiser-Friedrich-Therme_Wiesbaden\" >38. Kaiser-Friedrich-Therme (Wiesbaden)<\/a><\/li><\/ul><\/li><li class='ez-toc-page-1 ez-toc-heading-level-2'><a class=\"ez-toc-link ez-toc-heading-47\" href=\"https:\/\/loudavymkrokem.cz\/pl\/termy-niemcy-najlepsze\/#Termy_w_Brandenburgii_i_Berlinie\" >Termy w Brandenburgii i Berlinie<\/a><ul class='ez-toc-list-level-3' ><li class='ez-toc-heading-level-3'><a class=\"ez-toc-link ez-toc-heading-48\" href=\"https:\/\/loudavymkrokem.cz\/pl\/termy-niemcy-najlepsze\/#39_Havel_Therme_Werder_an_der_Havel\" >39. Havel Therme (Werder an der Havel)<\/a><\/li><li class='ez-toc-page-1 ez-toc-heading-level-3'><a class=\"ez-toc-link ez-toc-heading-49\" href=\"https:\/\/loudavymkrokem.cz\/pl\/termy-niemcy-najlepsze\/#40_Spreewald_Therme_Burg\" >40. Spreewald Therme (Burg)<\/a><\/li><li class='ez-toc-page-1 ez-toc-heading-level-3'><a class=\"ez-toc-link ez-toc-heading-50\" href=\"https:\/\/loudavymkrokem.cz\/pl\/termy-niemcy-najlepsze\/#41_NaturThermeTemplin_Templin\" >41. NaturThermeTemplin (Templin)<\/a><\/li><li class='ez-toc-page-1 ez-toc-heading-level-3'><a class=\"ez-toc-link ez-toc-heading-51\" href=\"https:\/\/loudavymkrokem.cz\/pl\/termy-niemcy-najlepsze\/#42_Spreewelten_Bad_Lubbenau_Lubbenau\" >42. Spreewelten Bad L\u00fcbbenau (L\u00fcbbenau)<\/a><\/li><li class='ez-toc-page-1 ez-toc-heading-level-3'><a class=\"ez-toc-link ez-toc-heading-52\" href=\"https:\/\/loudavymkrokem.cz\/pl\/termy-niemcy-najlepsze\/#43_Kristalltherme_Bad_Wilsnack_Bad_Wilsnack\" >43. Kristalltherme Bad Wilsnack (Bad Wilsnack)<\/a><\/li><li class='ez-toc-page-1 ez-toc-heading-level-3'><a class=\"ez-toc-link ez-toc-heading-53\" href=\"https:\/\/loudavymkrokem.cz\/pl\/termy-niemcy-najlepsze\/#44_vabali_spa_Berlin_Berlin\" >44. vabali spa Berlin (Berlin)<\/a><\/li><\/ul><\/li><li class='ez-toc-page-1 ez-toc-heading-level-2'><a class=\"ez-toc-link ez-toc-heading-54\" href=\"https:\/\/loudavymkrokem.cz\/pl\/termy-niemcy-najlepsze\/#Termy_na_polnocy_Morze_Baltyckie_i_Polnocne\" >Termy na p\u00f3\u0142nocy: Morze Ba\u0142tyckie i P\u00f3\u0142nocne<\/a><ul class='ez-toc-list-level-3' ><li class='ez-toc-heading-level-3'><a class=\"ez-toc-link ez-toc-heading-55\" href=\"https:\/\/loudavymkrokem.cz\/pl\/termy-niemcy-najlepsze\/#45_Ostsee-Therme_Scharbeutz\" >45. Ostsee-Therme (Scharbeutz)<\/a><\/li><li class='ez-toc-page-1 ez-toc-heading-level-3'><a class=\"ez-toc-link ez-toc-heading-56\" href=\"https:\/\/loudavymkrokem.cz\/pl\/termy-niemcy-najlepsze\/#46_Dunen-Therme_St_Peter-Ording\" >46. D\u00fcnen-Therme (St. Peter-Ording)<\/a><\/li><li class='ez-toc-page-1 ez-toc-heading-level-3'><a class=\"ez-toc-link ez-toc-heading-57\" href=\"https:\/\/loudavymkrokem.cz\/pl\/termy-niemcy-najlepsze\/#47_Ostsee_Therme_Usedom_Ahlbeck\" >47. Ostsee Therme Usedom (Ahlbeck)<\/a><\/li><\/ul><\/li><li class='ez-toc-page-1 ez-toc-heading-level-2'><a class=\"ez-toc-link ez-toc-heading-58\" href=\"https:\/\/loudavymkrokem.cz\/pl\/termy-niemcy-najlepsze\/#Termy_w_Saksonii_i_Turyngii\" >Termy w Saksonii i Turyngii<\/a><ul class='ez-toc-list-level-3' ><li class='ez-toc-heading-level-3'><a class=\"ez-toc-link ez-toc-heading-59\" href=\"https:\/\/loudavymkrokem.cz\/pl\/termy-niemcy-najlepsze\/#48_Toskana_Therme_Bad_Schandau_Bad_Schandau\" >48. Toskana Therme Bad Schandau (Bad Schandau)<\/a><\/li><li class='ez-toc-page-1 ez-toc-heading-level-3'><a class=\"ez-toc-link ez-toc-heading-60\" href=\"https:\/\/loudavymkrokem.cz\/pl\/termy-niemcy-najlepsze\/#49_Toskana_Therme_Bad_Sulza_Bad_Sulza\" >49. Toskana Therme Bad Sulza (Bad Sulza)<\/a><\/li><\/ul><\/li><li class='ez-toc-page-1 ez-toc-heading-level-2'><a class=\"ez-toc-link ez-toc-heading-61\" href=\"https:\/\/loudavymkrokem.cz\/pl\/termy-niemcy-najlepsze\/#Termy_w_Nadrenii-Palatynacie\" >Termy w Nadrenii-Palatynacie<\/a><ul class='ez-toc-list-level-3' ><li class='ez-toc-heading-level-3'><a class=\"ez-toc-link ez-toc-heading-62\" href=\"https:\/\/loudavymkrokem.cz\/pl\/termy-niemcy-najlepsze\/#50_Crucenia_Thermen_Bad_Kreuznach\" >50. Crucenia Thermen (Bad Kreuznach)<\/a><\/li><li class='ez-toc-page-1 ez-toc-heading-level-3'><a class=\"ez-toc-link ez-toc-heading-63\" href=\"https:\/\/loudavymkrokem.cz\/pl\/termy-niemcy-najlepsze\/#51_Emser_Therme_Bad_Ems\" >51. Emser Therme (Bad Ems)<\/a><\/li><\/ul><\/li><li class='ez-toc-page-1 ez-toc-heading-level-2'><a class=\"ez-toc-link ez-toc-heading-64\" href=\"https:\/\/loudavymkrokem.cz\/pl\/termy-niemcy-najlepsze\/#Praktyczny_poradnik_co_zabrac_z_dziecmi_i_w_gotowce\" >Praktyczny poradnik: co zabra\u0107, z dzie\u0107mi i w got\u00f3wce<\/a><\/li><li class='ez-toc-page-1 ez-toc-heading-level-2'><a class=\"ez-toc-link ez-toc-heading-65\" href=\"https:\/\/loudavymkrokem.cz\/pl\/termy-niemcy-najlepsze\/#Dokad_dalej_kolejne_artykuly_o_termach_i_wellness\" >Dok\u0105d dalej: kolejne artyku\u0142y o termach i wellness<\/a><\/li><li class='ez-toc-page-1 ez-toc-heading-level-2'><a class=\"ez-toc-link ez-toc-heading-66\" href=\"https:\/\/loudavymkrokem.cz\/pl\/termy-niemcy-najlepsze\/#Czesto_zadawane_pytania\" >Cz\u0119sto zadawane pytania<\/a><ul class='ez-toc-list-level-3' ><li class='ez-toc-heading-level-3'><a class=\"ez-toc-link ez-toc-heading-67\" href=\"https:\/\/loudavymkrokem.cz\/pl\/termy-niemcy-najlepsze\/#Jakie_sa_najwieksze_termy_w_Niemczech\" >Jakie s\u0105 najwi\u0119ksze termy w Niemczech?<\/a><\/li><li class='ez-toc-page-1 ez-toc-heading-level-3'><a class=\"ez-toc-link ez-toc-heading-68\" href=\"https:\/\/loudavymkrokem.cz\/pl\/termy-niemcy-najlepsze\/#Ile_kosztuje_wstep_do_niemieckich_term\" >Ile kosztuje wst\u0119p do niemieckich term?<\/a><\/li><li class='ez-toc-page-1 ez-toc-heading-level-3'><a class=\"ez-toc-link ez-toc-heading-69\" href=\"https:\/\/loudavymkrokem.cz\/pl\/termy-niemcy-najlepsze\/#Czy_w_niemieckiej_saunie_trzeba_chodzic_nago\" >Czy w niemieckiej saunie trzeba chodzi\u0107 nago?<\/a><\/li><li class='ez-toc-page-1 ez-toc-heading-level-3'><a class=\"ez-toc-link ez-toc-heading-70\" href=\"https:\/\/loudavymkrokem.cz\/pl\/termy-niemcy-najlepsze\/#Ktore_niemieckie_termy_sa_najblizej_polskiej_granicy\" >Kt\u00f3re niemieckie termy s\u0105 najbli\u017cej polskiej granicy?<\/a><\/li><li class='ez-toc-page-1 ez-toc-heading-level-3'><a class=\"ez-toc-link ez-toc-heading-71\" href=\"https:\/\/loudavymkrokem.cz\/pl\/termy-niemcy-najlepsze\/#Czy_dzieci_moga_wchodzic_do_niemieckich_term\" >Czy dzieci mog\u0105 wchodzi\u0107 do niemieckich term?<\/a><\/li><li class='ez-toc-page-1 ez-toc-heading-level-3'><a class=\"ez-toc-link ez-toc-heading-72\" href=\"https:\/\/loudavymkrokem.cz\/pl\/termy-niemcy-najlepsze\/#Co_oznacza_Bademantelgang\" >Co oznacza Bademantelgang?<\/a><\/li><li class='ez-toc-page-1 ez-toc-heading-level-3'><a class=\"ez-toc-link ez-toc-heading-73\" href=\"https:\/\/loudavymkrokem.cz\/pl\/termy-niemcy-najlepsze\/#Czy_musze_zabrac_wlasny_recznik_i_szlafrok\" >Czy musz\u0119 zabra\u0107 w\u0142asny r\u0119cznik i szlafrok?<\/a><\/li><li class='ez-toc-page-1 ez-toc-heading-level-3'><a class=\"ez-toc-link ez-toc-heading-74\" href=\"https:\/\/loudavymkrokem.cz\/pl\/termy-niemcy-najlepsze\/#Kiedy_w_niemieckich_termach_jest_najmniej_ludzi\" >Kiedy w niemieckich termach jest najmniej ludzi?<\/a><\/li><li class='ez-toc-page-1 ez-toc-heading-level-3'><a class=\"ez-toc-link ez-toc-heading-75\" href=\"https:\/\/loudavymkrokem.cz\/pl\/termy-niemcy-najlepsze\/#Czy_w_Niemczech_placi_sie_oplate_uzdrowiskowa\" >Czy w Niemczech p\u0142aci si\u0119 op\u0142at\u0119 uzdrowiskow\u0105?<\/a><\/li><li class='ez-toc-page-1 ez-toc-heading-level-3'><a class=\"ez-toc-link ez-toc-heading-76\" href=\"https:\/\/loudavymkrokem.cz\/pl\/termy-niemcy-najlepsze\/#Ktore_niemieckie_termy_najlepiej_nadaja_sie_dla_rodzin_z_dziecmi\" >Kt\u00f3re niemieckie termy najlepiej nadaj\u0105 si\u0119 dla rodzin z dzie\u0107mi?<\/a><\/li><\/ul><\/li><\/ul><\/nav><\/div>\n<h3 class=\"wp-block-heading\"><span class=\"ez-toc-section\" id=\"Podsumowanie_dla_tych_ktorzy_nie_maja_czasu_czytac_calego_artykulu\"><\/span>Podsumowanie dla tych, kt\u00f3rzy nie maj\u0105 czasu czyta\u0107 ca\u0142ego artyku\u0142u<span class=\"ez-toc-section-end\"><\/span><\/h3>\n\n\n\n<ul class=\"wp-block-list\">\n\n<li><strong>Najwi\u0119ksze i najbardziej znane<\/strong> s\u0105 Therme Erding w Bawarii, kt\u00f3re wed\u0142ug w\u0142asnej strony nazywaj\u0105 si\u0119 najwi\u0119kszymi termami \u015bwiata: 40 basen\u00f3w i 38 saun oraz \u0142a\u017ani parowych.<\/li>\n\n\n\n<li><strong>Tropikalny raj<\/strong> z setkami palm prze\u017cyjesz w term Thermen &#038; Badewelt Sinsheim oraz Thermen &#038; Badewelt Euskirchen.<\/li>\n\n\n\n<li><strong>Najbli\u017cej polskiej granicy<\/strong> le\u017cy lubiany Sibyllenbad tu\u017c przy Chebie albo przepi\u0119kna Toskana Therme Bad Schandau.<\/li>\n\n\n\n<li><strong>Dla rodzin z dzie\u0107mi<\/strong> nadaje si\u0119 Erding, podczas gdy wiele innych term (na przyk\u0142ad Sinsheim) zezwala na wst\u0119p \u015bci\u015ble dopiero od 16 lat.<\/li>\n\n\n\n<li><strong>Balijski styl<\/strong> i orientaln\u0105 atmosfer\u0119 poczujesz w Bali Therme albo w vabali spa Berlin.<\/li>\n\n\n\n<li><strong>Typowa cena<\/strong> za dwie do trzech godzin k\u0105pieli waha si\u0119 mi\u0119dzy 15 a 25 euro.<\/li>\n\n\n\n<li><strong>W saunie przebywa si\u0119 nago<\/strong>, tak zwana strefa textilfreie jest w Niemczech standardem higienicznym, a stroje k\u0105pielowe do sauny po prostu nie nale\u017c\u0105.<\/li>\n\n\n\n<li><strong>Taryfy czasowe<\/strong> s\u0105 zdradliwe, bo p\u0142aci si\u0119 za dok\u0142adn\u0105 liczb\u0119 godzin, a za przekroczenie nalicza si\u0119 dop\u0142at\u0119.<\/li>\n\n\n\n<li><strong>Hotel z Bademantelgangiem<\/strong> to najlepszy wynalazek, bo z pokoju przejdziesz prosto do basenu tylko w szlafroku.<\/li>\n\n\n<\/ul>\n\n\n\n<figure data-wp-context=\"{&quot;imageId&quot;:&quot;6a9c821d0f418&quot;}\" data-wp-interactive=\"core\/image\" data-wp-key=\"6a9c821d0f418\" class=\"wp-block-image size-full wp-lightbox-container\"><img decoding=\"async\" width=\"1800\" height=\"1201\" data-wp-class--hide=\"state.isContentHidden\" data-wp-class--show=\"state.isContentVisible\" data-wp-init=\"callbacks.setButtonStyles\" data-wp-on--click=\"actions.showLightbox\" data-wp-on--load=\"callbacks.setButtonStyles\" data-wp-on--pointerdown=\"actions.preloadImage\" data-wp-on--pointerenter=\"actions.preloadImageWithDelay\" data-wp-on--pointerleave=\"actions.cancelPreload\" data-wp-on-window--resize=\"callbacks.setButtonStyles\" src=\"https:\/\/loudavymkrokem.cz\/wp-content\/uploads\/2026\/09\/nemecko-clanky-termaly-nemecko-02-a0bf9c2b.jpg\" alt=\"Ceremonia saunowa Aufguss w krajobrazie saunowym Thermen &#038; Badewelt Sinsheim\" class=\"wp-image-415289\" title=\"\" srcset=\"https:\/\/loudavymkrokem.cz\/wp-content\/uploads\/2026\/09\/nemecko-clanky-termaly-nemecko-02-a0bf9c2b.jpg 1800w, https:\/\/loudavymkrokem.cz\/wp-content\/uploads\/2026\/09\/nemecko-clanky-termaly-nemecko-02-a0bf9c2b-300x200.jpg 300w, https:\/\/loudavymkrokem.cz\/wp-content\/uploads\/2026\/09\/nemecko-clanky-termaly-nemecko-02-a0bf9c2b-700x467.jpg 700w, https:\/\/loudavymkrokem.cz\/wp-content\/uploads\/2026\/09\/nemecko-clanky-termaly-nemecko-02-a0bf9c2b-768x512.jpg 768w, https:\/\/loudavymkrokem.cz\/wp-content\/uploads\/2026\/09\/nemecko-clanky-termaly-nemecko-02-a0bf9c2b-1536x1025.jpg 1536w, https:\/\/loudavymkrokem.cz\/wp-content\/uploads\/2026\/09\/nemecko-clanky-termaly-nemecko-02-a0bf9c2b-696x464.jpg 696w, https:\/\/loudavymkrokem.cz\/wp-content\/uploads\/2026\/09\/nemecko-clanky-termaly-nemecko-02-a0bf9c2b-1392x929.jpg 1392w\" sizes=\"(max-width: 1800px) 100vw, 1800px\" \/><button\n\t\t\tclass=\"lightbox-trigger\"\n\t\t\ttype=\"button\"\n\t\t\taria-haspopup=\"dialog\"\n\t\t\tdata-wp-bind--aria-label=\"state.thisImage.triggerButtonAriaLabel\"\n\t\t\tdata-wp-init=\"callbacks.initTriggerButton\"\n\t\t\tdata-wp-on--click=\"actions.showLightbox\"\n\t\t\tdata-wp-style--right=\"state.thisImage.buttonRight\"\n\t\t\tdata-wp-style--top=\"state.thisImage.buttonTop\"\n\t\t>\n\t\t\t<svg xmlns=\"http:\/\/www.w3.org\/2000\/svg\" width=\"12\" height=\"12\" fill=\"none\" viewBox=\"0 0 12 12\">\n\t\t\t\t<path fill=\"#fff\" d=\"M2 0a2 2 0 0 0-2 2v2h1.5V2a.5.5 0 0 1 .5-.5h2V0H2Zm2 10.5H2a.5.5 0 0 1-.5-.5V8H0v2a2 2 0 0 0 2 2h2v-1.5ZM8 12v-1.5h2a.5.5 0 0 0 .5-.5V8H12v2a2 2 0 0 1-2 2H8Zm2-12a2 2 0 0 1 2 2v2h-1.5V2a.5.5 0 0 0-.5-.5H8V0h2Z\" \/>\n\t\t\t<\/svg>\n\t\t<\/button><\/figure>\n\n\n\n<h2 class=\"wp-block-heading\"><span class=\"ez-toc-section\" id=\"Jak_dzialaja_niemieckie_termy_i_czym_roznia_sie_od_polskich\"><\/span>Jak dzia\u0142aj\u0105 niemieckie termy (i czym r\u00f3\u017cni\u0105 si\u0119 od polskich)<span class=\"ez-toc-section-end\"><\/span><\/h2>\n\n\n\n<p class=\"wp-block-paragraph\">U naszych s\u0105siad\u00f3w bilet rzadko kiedy kupuje si\u0119 od razu na ca\u0142y dzie\u0144. Absolutnym standardem s\u0105 <strong>taryfy na dwie do czterech godzin<\/strong>, przy czym czas nieub\u0142aganie biegnie ju\u017c od przej\u015bcia przez bramk\u0119. Je\u015bli zapomnisz si\u0119 w jacuzzi, nic strasznego si\u0119 nie dzieje, ale licz si\u0119 z tym, \u017ce dolicz\u0105 ci <strong>dop\u0142at\u0119 za przekroczenie czasu<\/strong>. Na przyk\u0142ad w Europa Therme Bad F\u00fcssing to euro za ka\u017cde rozpocz\u0119te p\u00f3\u0142 godziny.<\/p>\n\n\n\n<p class=\"wp-block-paragraph\">Kolejna du\u017ca r\u00f3\u017cnica tkwi w podziale na strefy. Sam wst\u0119p najcz\u0119\u015bciej obowi\u0105zuje tylko w basenach termalnych, a za sauny si\u0119 dop\u0142aca. Mo\u017cesz wi\u0119c kupi\u0107 albo <strong>osobny bilet, albo korzystniejsz\u0105 taryf\u0119 kombinowan\u0105<\/strong>. Gdy jednak przejdziesz przez drzwi do \u015bwiata saun, musisz zostawi\u0107 str\u00f3j k\u0105pielowy na haczyku, bo niemieckie sauny s\u0105 <strong>\u015bci\u015ble textilfreie<\/strong> (bez stroju k\u0105pielowego).<\/p>\n\n\n\n<p class=\"wp-block-paragraph\">Z\u0142ot\u0105 zasad\u0105 higieny jest <strong>obowi\u0105zkowy r\u0119cznik pod ca\u0142e cia\u0142o<\/strong>. W saunie nie wolno siada\u0107 go\u0142\u0105 sk\u00f3r\u0105 bezpo\u015brednio na drewnie, dotyczy to r\u00f3wnie\u017c st\u00f3p, wi\u0119c naprawd\u0119 du\u017cy r\u0119cznik to absolutna konieczno\u015b\u0107. Je\u015bli go nie masz, w wi\u0119kszo\u015bci term dzia\u0142a <strong>wypo\u017cyczalnia szlafrok\u00f3w i r\u0119cznik\u00f3w<\/strong>, gdzie za op\u0142at\u0105 i zwrotn\u0105 kaucj\u0105 ch\u0119tnie ci je udost\u0119pni\u0105.<\/p>\n\n\n\n<p class=\"wp-block-paragraph\">Osobnym rozdzia\u0142em s\u0105 ceremonie saunowe, kt\u00f3re po niemiecku nazywaj\u0105 si\u0119 Aufguss. Prowadzi je <strong>do\u015bwiadczony Saunameister<\/strong> dok\u0142adnie wed\u0142ug grafiku, kt\u00f3ry wisi przy ka\u017cdej kabinie. Gdy tylko drzwi si\u0119 zamkn\u0105 i polewanie kamieni si\u0119 zacznie, ju\u017c <strong>nikt ci\u0119 do \u015brodka nie wpu\u015bci<\/strong>, dlatego lepiej przyj\u015b\u0107 z lekkim wyprzedzeniem.<\/p>\n\n\n\n<p class=\"wp-block-paragraph\">Ca\u0142y pobyt jest w dodatku maksymalnie beztroski dzi\u0119ki sprytnym technologiom. Zamiast portfela <strong>dostajesz chip lub opask\u0119<\/strong>, kt\u00f3r\u0105 zamykasz szafk\u0119 i p\u0142acisz za kaw\u0119 czy masa\u017c. Panie powinny wiedzie\u0107, \u017ce wiele term, jak na przyk\u0142ad Bodensee-Therme Konstanz, oferuje te\u017c <strong>specjalne damskie dni saunowe<\/strong>, kiedy ca\u0142a przestrze\u0144 jest zarezerwowana tylko dla nich.<\/p>\n\n\n\n<figure data-wp-context=\"{&quot;imageId&quot;:&quot;6a9c821d0ffa4&quot;}\" data-wp-interactive=\"core\/image\" data-wp-key=\"6a9c821d0ffa4\" class=\"wp-block-image size-full wp-lightbox-container\"><img decoding=\"async\" width=\"1800\" height=\"1012\" data-wp-class--hide=\"state.isContentHidden\" data-wp-class--show=\"state.isContentVisible\" data-wp-init=\"callbacks.setButtonStyles\" data-wp-on--click=\"actions.showLightbox\" data-wp-on--load=\"callbacks.setButtonStyles\" data-wp-on--pointerdown=\"actions.preloadImage\" data-wp-on--pointerenter=\"actions.preloadImageWithDelay\" data-wp-on--pointerleave=\"actions.cancelPreload\" data-wp-on-window--resize=\"callbacks.setButtonStyles\" src=\"https:\/\/loudavymkrokem.cz\/wp-content\/uploads\/2026\/09\/nemecko-clanky-termaly-nemecko-03-ffbe5d3a.jpg\" alt=\"Basen wewn\u0119trzny w orientalnym stylu w \u015bwiecie saun Mediterana\" class=\"wp-image-415290\" title=\"\" srcset=\"https:\/\/loudavymkrokem.cz\/wp-content\/uploads\/2026\/09\/nemecko-clanky-termaly-nemecko-03-ffbe5d3a.jpg 1800w, https:\/\/loudavymkrokem.cz\/wp-content\/uploads\/2026\/09\/nemecko-clanky-termaly-nemecko-03-ffbe5d3a-300x169.jpg 300w, https:\/\/loudavymkrokem.cz\/wp-content\/uploads\/2026\/09\/nemecko-clanky-termaly-nemecko-03-ffbe5d3a-700x394.jpg 700w, https:\/\/loudavymkrokem.cz\/wp-content\/uploads\/2026\/09\/nemecko-clanky-termaly-nemecko-03-ffbe5d3a-768x432.jpg 768w, https:\/\/loudavymkrokem.cz\/wp-content\/uploads\/2026\/09\/nemecko-clanky-termaly-nemecko-03-ffbe5d3a-1536x864.jpg 1536w, https:\/\/loudavymkrokem.cz\/wp-content\/uploads\/2026\/09\/nemecko-clanky-termaly-nemecko-03-ffbe5d3a-696x391.jpg 696w, https:\/\/loudavymkrokem.cz\/wp-content\/uploads\/2026\/09\/nemecko-clanky-termaly-nemecko-03-ffbe5d3a-1392x783.jpg 1392w\" sizes=\"(max-width: 1800px) 100vw, 1800px\" \/><button\n\t\t\tclass=\"lightbox-trigger\"\n\t\t\ttype=\"button\"\n\t\t\taria-haspopup=\"dialog\"\n\t\t\tdata-wp-bind--aria-label=\"state.thisImage.triggerButtonAriaLabel\"\n\t\t\tdata-wp-init=\"callbacks.initTriggerButton\"\n\t\t\tdata-wp-on--click=\"actions.showLightbox\"\n\t\t\tdata-wp-style--right=\"state.thisImage.buttonRight\"\n\t\t\tdata-wp-style--top=\"state.thisImage.buttonTop\"\n\t\t>\n\t\t\t<svg xmlns=\"http:\/\/www.w3.org\/2000\/svg\" width=\"12\" height=\"12\" fill=\"none\" viewBox=\"0 0 12 12\">\n\t\t\t\t<path fill=\"#fff\" d=\"M2 0a2 2 0 0 0-2 2v2h1.5V2a.5.5 0 0 1 .5-.5h2V0H2Zm2 10.5H2a.5.5 0 0 1-.5-.5V8H0v2a2 2 0 0 0 2 2h2v-1.5ZM8 12v-1.5h2a.5.5 0 0 0 .5-.5V8H12v2a2 2 0 0 1-2 2H8Zm2-12a2 2 0 0 1 2 2v2h-1.5V2a.5.5 0 0 0-.5-.5H8V0h2Z\" \/>\n\t\t\t<\/svg>\n\t\t<\/button><\/figure>\n\n\n\n<h2 class=\"wp-block-heading\"><span class=\"ez-toc-section\" id=\"Ile_to_kosztuje_i_kiedy_jechac\"><\/span>Ile to kosztuje i kiedy jecha\u0107<span class=\"ez-toc-section-end\"><\/span><\/h2>\n\n\n\n<p class=\"wp-block-paragraph\">Ceny (wed\u0142ug cennik\u00f3w z roku 2026) oczywi\u015bcie zale\u017c\u0105 od tego, na jaki luksus sobie pozwolisz. Najta\u0144sze termy, takie jak Sibyllenbad, wyjd\u0105 ci\u0119 na przyk\u0142ad zaledwie 9 euro za dwie godziny. Wi\u0119kszo\u015b\u0107 klasycznych term przy kr\u00f3tszym wst\u0119pie plasuje si\u0119 gdzie\u015b w okolicach 15 do 20 euro. Za to za <strong>ogromne tropikalne kompleksy<\/strong>, jak Therme Bad W\u00f6rishofen, zap\u0142acisz spokojnie i 51 euro za ca\u0142odzienny bilet. Ceny mog\u0105 si\u0119 oczywi\u015bcie z czasem zmienia\u0107.<\/p>\n\n\n\n<p class=\"wp-block-paragraph\">Je\u015bli chcesz troch\u0119 zaoszcz\u0119dzi\u0107, warto poszuka\u0107 specjalnych promocji. Wiele miejsc oferuje <strong>korzystniejsze taryfy poranne lub wieczorne<\/strong>, kt\u00f3re cz\u0119sto nazywaj\u0105 si\u0119 Feierabendtarif. Za to weekendy i \u015bwi\u0119ta pa\u0144stwowe bywaj\u0105 dro\u017csze, bo operatorzy zwykle doliczaj\u0105 do ceny podstawowej <strong>dop\u0142at\u0119 weekendow\u0105<\/strong> w wysoko\u015bci dw\u00f3ch do trzech euro.<\/p>\n\n\n\n<p class=\"wp-block-paragraph\">Rodziny z dzie\u0107mi powinny wcze\u015bniej sprawdzi\u0107, czy termy w og\u00f3le przyjmuj\u0105 ma\u0142ych go\u015bci. Podczas gdy niekt\u00f3re obiekty sprzedaj\u0105 <strong>korzystne taryfy rodzinne<\/strong>, gdzie indziej, jak w luksusowych Badeweltach, obowi\u0105zuje surowy wst\u0119p dopiero od 16 lat. Najwi\u0119kszy spok\u00f3j poczujesz podczas <strong>zwyk\u0142ych przedpo\u0142udni<\/strong>, najlepiej poza ruchliwymi niemieckimi wakacjami szkolnymi.<\/p>\n\n\n\n<p class=\"wp-block-paragraph\">W sezonie zimowym zewn\u0119trzne gor\u0105ce baseny oczywi\u015bcie p\u0119kaj\u0105 w szwach, wi\u0119c miesi\u0105ce letnie obiecuj\u0105 znacznie bardziej kameraln\u0105 atmosfer\u0119. Nie zapomnij te\u017c, \u017ce w miastach uzdrowiskowych p\u0142aci si\u0119 op\u0142at\u0119 klimatyczn\u0105 zwan\u0105 Kurbeitrag. Za ni\u0105 jednak <strong>dostajesz por\u0119czn\u0105 G\u00e4stekarte<\/strong>, z kt\u00f3r\u0105 masz cz\u0119sto prawo do przyjemnych zni\u017cek na wst\u0119p.<\/p>\n\n\n\n<figure data-wp-context=\"{&quot;imageId&quot;:&quot;6a9c821d10a44&quot;}\" data-wp-interactive=\"core\/image\" data-wp-key=\"6a9c821d10a44\" class=\"wp-block-image size-full wp-lightbox-container\"><img decoding=\"async\" width=\"1800\" height=\"1201\" data-wp-class--hide=\"state.isContentHidden\" data-wp-class--show=\"state.isContentVisible\" data-wp-init=\"callbacks.setButtonStyles\" data-wp-on--click=\"actions.showLightbox\" data-wp-on--load=\"callbacks.setButtonStyles\" data-wp-on--pointerdown=\"actions.preloadImage\" data-wp-on--pointerenter=\"actions.preloadImageWithDelay\" data-wp-on--pointerleave=\"actions.cancelPreload\" data-wp-on-window--resize=\"callbacks.setButtonStyles\" src=\"https:\/\/loudavymkrokem.cz\/wp-content\/uploads\/2026\/09\/nemecko-clanky-termaly-nemecko-04-a6d37903.jpg\" alt=\"Go\u015b\u0107 w szlafroku w ogrodzie Thermen &#038; Badewelt Euskirchen\" class=\"wp-image-415291\" title=\"\" srcset=\"https:\/\/loudavymkrokem.cz\/wp-content\/uploads\/2026\/09\/nemecko-clanky-termaly-nemecko-04-a6d37903.jpg 1800w, https:\/\/loudavymkrokem.cz\/wp-content\/uploads\/2026\/09\/nemecko-clanky-termaly-nemecko-04-a6d37903-300x200.jpg 300w, https:\/\/loudavymkrokem.cz\/wp-content\/uploads\/2026\/09\/nemecko-clanky-termaly-nemecko-04-a6d37903-700x467.jpg 700w, https:\/\/loudavymkrokem.cz\/wp-content\/uploads\/2026\/09\/nemecko-clanky-termaly-nemecko-04-a6d37903-768x512.jpg 768w, https:\/\/loudavymkrokem.cz\/wp-content\/uploads\/2026\/09\/nemecko-clanky-termaly-nemecko-04-a6d37903-1536x1025.jpg 1536w, https:\/\/loudavymkrokem.cz\/wp-content\/uploads\/2026\/09\/nemecko-clanky-termaly-nemecko-04-a6d37903-696x464.jpg 696w, https:\/\/loudavymkrokem.cz\/wp-content\/uploads\/2026\/09\/nemecko-clanky-termaly-nemecko-04-a6d37903-1392x929.jpg 1392w\" sizes=\"(max-width: 1800px) 100vw, 1800px\" \/><button\n\t\t\tclass=\"lightbox-trigger\"\n\t\t\ttype=\"button\"\n\t\t\taria-haspopup=\"dialog\"\n\t\t\tdata-wp-bind--aria-label=\"state.thisImage.triggerButtonAriaLabel\"\n\t\t\tdata-wp-init=\"callbacks.initTriggerButton\"\n\t\t\tdata-wp-on--click=\"actions.showLightbox\"\n\t\t\tdata-wp-style--right=\"state.thisImage.buttonRight\"\n\t\t\tdata-wp-style--top=\"state.thisImage.buttonTop\"\n\t\t>\n\t\t\t<svg xmlns=\"http:\/\/www.w3.org\/2000\/svg\" width=\"12\" height=\"12\" fill=\"none\" viewBox=\"0 0 12 12\">\n\t\t\t\t<path fill=\"#fff\" d=\"M2 0a2 2 0 0 0-2 2v2h1.5V2a.5.5 0 0 1 .5-.5h2V0H2Zm2 10.5H2a.5.5 0 0 1-.5-.5V8H0v2a2 2 0 0 0 2 2h2v-1.5ZM8 12v-1.5h2a.5.5 0 0 0 .5-.5V8H12v2a2 2 0 0 1-2 2H8Zm2-12a2 2 0 0 1 2 2v2h-1.5V2a.5.5 0 0 0-.5-.5H8V0h2Z\" \/>\n\t\t\t<\/svg>\n\t\t<\/button><\/figure>\n\n\n\n<h2 class=\"wp-block-heading\"><span class=\"ez-toc-section\" id=\"Gdzie_sie_zatrzymac_hotel_z_Bademantelgangiem\"><\/span>Gdzie si\u0119 zatrzyma\u0107: hotel z Bademantelgangiem<span class=\"ez-toc-section-end\"><\/span><\/h2>\n\n\n\n<p class=\"wp-block-paragraph\"><em>\ud83d\udca1 Wskaz\u00f3wka na nocleg i atrakcje: Noclegi w danym miejscu <a href=\"https:\/\/www.stay22.com\/allez\/roam?aid=lukaskonecny&#038;campaign=loudavymkrokemcz&#038;address=N%C4%9Bmecko\" target=\"_blank\" rel=\"nofollow noopener sponsored\">por\u00f3wnujemy tutaj<\/a>, \u017ceby by\u0142o wida\u0107, co jest wolne i za ile. Najch\u0119tniej szukamy ich na <a href=\"https:\/\/www.booking.com\/searchresults.html?ss=N%C4%9Bmecko&#038;aid=2397601\" target=\"_blank\" rel=\"nofollow noopener sponsored\">Booking.com<\/a>, gdzie zwykle s\u0105 najlepsze warunki anulacji. Bilety, wycieczki i atrakcje warto z kolei por\u00f3wna\u0107 i kupi\u0107 przez <a href=\"https:\/\/www.getyourguide.com\/s\/?q=N%C4%9Bmecko&#038;partner_id=MKZ64IS\" target=\"_blank\" rel=\"nofollow noopener sponsored\">GetYourGuide<\/a>.<\/em><\/p>\n\n\n\n<p class=\"wp-block-paragraph\">Je\u015bli istnieje co\u015b, co przenosi weekend w term na zupe\u0142nie inny poziom, to jest to tak zwany Bademantelgang. Dos\u0142ownie oznacza to <strong>korytarz dla szlafrok\u00f3w<\/strong> i jest to przeszklony lub podziemny tunel, kt\u00f3ry \u0142\u0105czy tw\u00f3j hotel bezpo\u015brednio z kompleksem termalnym. Rano po prostu wstajesz z \u0142\u00f3\u017cka, zak\u0142adasz szlafrok i <strong>w kapciach dochodzisz prosto do basenu<\/strong>.<\/p>\n\n\n\n<p class=\"wp-block-paragraph\">Odpada ci wi\u0119c skomplikowane ubieranie, pakowanie toreb do szafek i przebieganie przez ulic\u0119 na zimowym mrozie. Wi\u0119kszo\u015b\u0107 takich nocleg\u00f3w oferuje w dodatku <strong>wst\u0119p do basen\u00f3w od razu w cenie noclegu<\/strong>, co w rezultacie ogromnie si\u0119 op\u0142aca. Wszystkie te pere\u0142ki mo\u017cesz w dodatku \u0142atwo wyszuka\u0107 i zarezerwowa\u0107 przez Booking, gdzie od razu zobaczysz te\u017c prawdziwe recenzje.<\/p>\n\n\n\n<p class=\"wp-block-paragraph\"><strong><a href=\"https:\/\/www.stay22.com\/allez\/roam?aid=lukaskonecny&#038;campaign=loudavymkrokemcz&#038;campaign=termaly-nemecko&#038;hotelname=Hotel%20Victory%20Therme%20Erding&#038;address=Erding%2C%20Nemecko\" target=\"_blank\" rel=\"noopener nofollow sponsored\">Hotel Victory Therme Erding<\/a><\/strong> w bawarskim Erding stoi bezpo\u015brednio wewn\u0105trz ogromnego kompleksu termalnego. Pokoje przypominaj\u0105 replik\u0119 s\u0142ynnego okr\u0119tu HMS Victory albo weneckie palazzo, a go\u015bcie hotelowi maj\u0105 <strong>w cenie noclegu r\u00f3wnie\u017c bezpo\u015bredni wst\u0119p z lobby<\/strong> do term, w tym stref VitalOase i VitalTherme &#038; Saunen.<\/p>\n\n\n\n<p class=\"wp-block-paragraph\"><strong><a href=\"https:\/\/www.stay22.com\/allez\/roam?aid=lukaskonecny&#038;campaign=loudavymkrokemcz&#038;campaign=termaly-nemecko&#038;hotelname=Thermenhotel%20Gass&#038;address=Bad%20Fussing%2C%20Nemecko\" target=\"_blank\" rel=\"noopener nofollow sponsored\">Thermenhotel Gass<\/a><\/strong> w bawarskim Bad F\u00fcssing to trzygwiazdkowy hotel superior i jedno z niewielu miejsc w mie\u015bcie z w\u0142asnymi basenami. S\u0105 <strong>nape\u0142niane termaln\u0105 wod\u0105 siarkow\u0105<\/strong> czerpan\u0105 bezpo\u015brednio z lubianej Therme 1, a znajdziesz tu te\u017c \u015bwietne wellness z saun\u0105 bio, saun\u0105 fi\u0144sk\u0105, kabin\u0105 na podczerwie\u0144 i \u0142a\u017ani\u0105 parow\u0105.<\/p>\n\n\n\n<p class=\"wp-block-paragraph\"><strong><a href=\"https:\/\/www.stay22.com\/allez\/roam?aid=lukaskonecny&#038;campaign=loudavymkrokemcz&#038;campaign=termaly-nemecko&#038;hotelname=Hotel%20an%20der%20Therme%20Bad%20Sulza&#038;address=Bad%20Sulza%2C%20Nemecko\" target=\"_blank\" rel=\"noopener nofollow sponsored\">Hotel an der Therme Bad Sulza<\/a><\/strong> w Turyngii nale\u017cy do grupy Toskanaworld, a z sam\u0105 Toskana Therme \u0142\u0105czy go w\u0142a\u015bnie wymarzony Bademantelgang. W cenie noclegu masz <strong>natychmiastowy wst\u0119p do term, w tym \u015bwiata saun<\/strong>, i z pewno\u015bci\u0105 ucieszy ci\u0119 te\u017c wy\u015bmienite \u015bniadanie oraz przestronne, wyremontowane pokoje.<\/p>\n\n\n\n<p class=\"wp-block-paragraph\"><strong><a href=\"https:\/\/www.stay22.com\/allez\/roam?aid=lukaskonecny&#038;campaign=loudavymkrokemcz&#038;campaign=termaly-nemecko&#038;hotelname=Mauritius%20Hotel%20%26%20Therme&#038;address=Kolin%20nad%20Rynem%2C%20Nemecko\" target=\"_blank\" rel=\"noopener nofollow sponsored\">Mauritius Hotel &#038; Therme<\/a><\/strong> le\u017cy bezpo\u015brednio w Kolonii i szczyci si\u0119 czterema gwiazdkami oraz ogromnym wellness na 3500 metrach kwadratowych. Znajdziesz tu siedem saun, dwa jacuzzi i <strong>zewn\u0119trzny basen z sol\u0105 z Morza Martwego<\/strong>, przy czym go\u015b\u0107 hotelowy p\u0142aci za ten luksus tylko symboliczne 10 euro dziennie (nawet w dzie\u0144 wyjazdu).<\/p>\n\n\n\n<p class=\"wp-block-paragraph\"><strong><a href=\"https:\/\/www.stay22.com\/allez\/roam?aid=lukaskonecny&#038;campaign=loudavymkrokemcz&#038;campaign=termaly-nemecko&#038;hotelname=Hotel%20Zum%20Rittmeister&#038;address=Werder%20Havel%2C%20Nemecko\" target=\"_blank\" rel=\"noopener nofollow sponsored\">Hotel Zum Rittmeister<\/a><\/strong> w brandenburskim miasteczku Werder oferuje 35 przytulnych pokoi i wy\u015bmienite \u015bniadania z lokalnych, regionalnych produkt\u00f3w. Zakwaterowani go\u015bcie po op\u0142aceniu op\u0142aty klimatycznej i okazaniu G\u00e4stekarte otrzymuj\u0105 tu <strong>zni\u017ckowy wst\u0119p do pobliskiej Havel Therme<\/strong>, zw\u0142aszcza w dni powszednie.<\/p>\n\n\n\n<p class=\"wp-block-paragraph\"><strong><a href=\"https:\/\/www.stay22.com\/allez\/roam?aid=lukaskonecny&#038;campaign=loudavymkrokemcz&#038;campaign=termaly-nemecko&#038;hotelname=Hotel%20Palatin&#038;address=Wiesloch%2C%20Nemecko\" target=\"_blank\" rel=\"noopener nofollow sponsored\">Hotel Palatin<\/a><\/strong> w bade\u0144sko-wirtemberskim Wiesloch dzia\u0142a jako oficjalny hotel partnerski s\u0142ynnego kompleksu Thermen &#038; Badewelt Sinsheim. Oferuje bardzo <strong>korzystne pakiety z noclegiem i \u015bniadaniem<\/strong>, kt\u00f3re zawieraj\u0105 od razu r\u00f3wnie\u017c bilet do term, i to ju\u017c od 79 euro za osob\u0119.<\/p>\n\n\n\n<p class=\"wp-block-paragraph\"><strong>\ud83d\udca1 Wskaz\u00f3wka:<\/strong> Je\u015bli lubisz pr\u00f3bowa\u0107 nowo\u015bci, przy VitaSol Therme w Bad Salzuflen od lata 2025 <strong>powstaje zupe\u0142nie nowy czterogwiazdkowy hotel<\/strong> ze setk\u0105 pokoi. Jego uko\u0144czenie zaplanowano na rok 2027 i z pewno\u015bci\u0105 b\u0119dzie to ogromny hit.<\/p>\n\n\n\n<figure data-wp-context=\"{&quot;imageId&quot;:&quot;6a9c821d1154c&quot;}\" data-wp-interactive=\"core\/image\" data-wp-key=\"6a9c821d1154c\" class=\"wp-block-image size-full wp-lightbox-container\"><img decoding=\"async\" width=\"1800\" height=\"1397\" data-wp-class--hide=\"state.isContentHidden\" data-wp-class--show=\"state.isContentVisible\" data-wp-init=\"callbacks.setButtonStyles\" data-wp-on--click=\"actions.showLightbox\" data-wp-on--load=\"callbacks.setButtonStyles\" data-wp-on--pointerdown=\"actions.preloadImage\" data-wp-on--pointerenter=\"actions.preloadImageWithDelay\" data-wp-on--pointerleave=\"actions.cancelPreload\" data-wp-on-window--resize=\"callbacks.setButtonStyles\" src=\"https:\/\/loudavymkrokem.cz\/wp-content\/uploads\/2026\/09\/nemecko-clanky-termaly-nemecko-05-08e1f8c8.jpg\" alt=\"Zewn\u0119trzny basen z palmami w Therme Erding w Bawarii\" class=\"wp-image-415292\" title=\"\" srcset=\"https:\/\/loudavymkrokem.cz\/wp-content\/uploads\/2026\/09\/nemecko-clanky-termaly-nemecko-05-08e1f8c8.jpg 1800w, https:\/\/loudavymkrokem.cz\/wp-content\/uploads\/2026\/09\/nemecko-clanky-termaly-nemecko-05-08e1f8c8-300x233.jpg 300w, https:\/\/loudavymkrokem.cz\/wp-content\/uploads\/2026\/09\/nemecko-clanky-termaly-nemecko-05-08e1f8c8-700x543.jpg 700w, https:\/\/loudavymkrokem.cz\/wp-content\/uploads\/2026\/09\/nemecko-clanky-termaly-nemecko-05-08e1f8c8-768x596.jpg 768w, https:\/\/loudavymkrokem.cz\/wp-content\/uploads\/2026\/09\/nemecko-clanky-termaly-nemecko-05-08e1f8c8-1536x1192.jpg 1536w, https:\/\/loudavymkrokem.cz\/wp-content\/uploads\/2026\/09\/nemecko-clanky-termaly-nemecko-05-08e1f8c8-696x540.jpg 696w, https:\/\/loudavymkrokem.cz\/wp-content\/uploads\/2026\/09\/nemecko-clanky-termaly-nemecko-05-08e1f8c8-1392x1080.jpg 1392w\" sizes=\"(max-width: 1800px) 100vw, 1800px\" \/><button\n\t\t\tclass=\"lightbox-trigger\"\n\t\t\ttype=\"button\"\n\t\t\taria-haspopup=\"dialog\"\n\t\t\tdata-wp-bind--aria-label=\"state.thisImage.triggerButtonAriaLabel\"\n\t\t\tdata-wp-init=\"callbacks.initTriggerButton\"\n\t\t\tdata-wp-on--click=\"actions.showLightbox\"\n\t\t\tdata-wp-style--right=\"state.thisImage.buttonRight\"\n\t\t\tdata-wp-style--top=\"state.thisImage.buttonTop\"\n\t\t>\n\t\t\t<svg xmlns=\"http:\/\/www.w3.org\/2000\/svg\" width=\"12\" height=\"12\" fill=\"none\" viewBox=\"0 0 12 12\">\n\t\t\t\t<path fill=\"#fff\" d=\"M2 0a2 2 0 0 0-2 2v2h1.5V2a.5.5 0 0 1 .5-.5h2V0H2Zm2 10.5H2a.5.5 0 0 1-.5-.5V8H0v2a2 2 0 0 0 2 2h2v-1.5ZM8 12v-1.5h2a.5.5 0 0 0 .5-.5V8H12v2a2 2 0 0 1-2 2H8Zm2-12a2 2 0 0 1 2 2v2h-1.5V2a.5.5 0 0 0-.5-.5H8V0h2Z\" \/>\n\t\t\t<\/svg>\n\t\t<\/button><figcaption class=\"wp-element-caption\">Foto: Therme Erding \/ Wikimedia Commons, CC BY-SA 3.0<\/figcaption><\/figure>\n\n\n\n<h2 class=\"wp-block-heading\"><span class=\"ez-toc-section\" id=\"Termy_w_Bawarii\"><\/span>Termy w Bawarii<span class=\"ez-toc-section-end\"><\/span><\/h2>\n\n\n\n<p class=\"wp-block-paragraph\">Bawaria to termalne mocarstwo: w jednym miejscu stoj\u0105 tu obok siebie tropikalne kompleksy ze zje\u017cd\u017calniami oraz spokojne miasta uzdrowiskowe, gdzie wod\u0119 pije si\u0119 r\u00f3wnie cz\u0119sto, jak si\u0119 w niej siedzi. Znajdziesz tu wed\u0142ug operatora najwi\u0119kszy kompleks termalny na \u015bwiecie, a znane miasta uzdrowiskowe jak Bad F\u00fcssing, Bad Griesbach czy Bad Kissingen oferuj\u0105 w og\u00f3le najszersz\u0105 ofert\u0119 k\u0105pieli w ca\u0142ych Niemczech. Zalet\u0105 jest to, \u017ce wiele z tych kompleks\u00f3w le\u017cy kawa\u0142ek od granicy.<\/p>\n\n\n\n<p class=\"wp-block-paragraph\">Dla nas najbardziej dost\u0119pne s\u0105 obiekty w Bad F\u00fcssing i Neualbenreuth, do kt\u00f3rych z granicy dojedziesz w mniej wi\u0119cej godzin\u0119. To absolutnie idealny wyb\u00f3r, je\u015bli my\u015blisz o szybkiej weekendowej ucieczce przed zim\u0105 i stresem. Licz si\u0119 z tym, \u017ce bawarskie termy s\u0105 ogromne, nowoczesne i cz\u0119sto maj\u0105 surowe zasady wst\u0119pu dla dzieci, wi\u0119c zawsze sprawd\u017a wcze\u015bniej, dla kogo dane miejsce najlepiej si\u0119 nadaje.<\/p>\n\n\n\n<figure data-wp-context=\"{&quot;imageId&quot;:&quot;6a9c821d11bfe&quot;}\" data-wp-interactive=\"core\/image\" data-wp-key=\"6a9c821d11bfe\" class=\"wp-block-image size-full wp-lightbox-container\"><img decoding=\"async\" width=\"1800\" height=\"1350\" data-wp-class--hide=\"state.isContentHidden\" data-wp-class--show=\"state.isContentVisible\" data-wp-init=\"callbacks.setButtonStyles\" data-wp-on--click=\"actions.showLightbox\" data-wp-on--load=\"callbacks.setButtonStyles\" data-wp-on--pointerdown=\"actions.preloadImage\" data-wp-on--pointerenter=\"actions.preloadImageWithDelay\" data-wp-on--pointerleave=\"actions.cancelPreload\" data-wp-on-window--resize=\"callbacks.setButtonStyles\" src=\"https:\/\/loudavymkrokem.cz\/wp-content\/uploads\/2026\/09\/nemecko-clanky-termaly-nemecko-06-89de543b.jpg\" alt=\"Therme Erding (Erding): tropikalny basen z palmami\" class=\"wp-image-415293\" title=\"\" srcset=\"https:\/\/loudavymkrokem.cz\/wp-content\/uploads\/2026\/09\/nemecko-clanky-termaly-nemecko-06-89de543b.jpg 1800w, https:\/\/loudavymkrokem.cz\/wp-content\/uploads\/2026\/09\/nemecko-clanky-termaly-nemecko-06-89de543b-300x225.jpg 300w, https:\/\/loudavymkrokem.cz\/wp-content\/uploads\/2026\/09\/nemecko-clanky-termaly-nemecko-06-89de543b-700x525.jpg 700w, https:\/\/loudavymkrokem.cz\/wp-content\/uploads\/2026\/09\/nemecko-clanky-termaly-nemecko-06-89de543b-768x576.jpg 768w, https:\/\/loudavymkrokem.cz\/wp-content\/uploads\/2026\/09\/nemecko-clanky-termaly-nemecko-06-89de543b-1536x1152.jpg 1536w, https:\/\/loudavymkrokem.cz\/wp-content\/uploads\/2026\/09\/nemecko-clanky-termaly-nemecko-06-89de543b-80x60.jpg 80w, https:\/\/loudavymkrokem.cz\/wp-content\/uploads\/2026\/09\/nemecko-clanky-termaly-nemecko-06-89de543b-160x120.jpg 160w, https:\/\/loudavymkrokem.cz\/wp-content\/uploads\/2026\/09\/nemecko-clanky-termaly-nemecko-06-89de543b-696x522.jpg 696w, https:\/\/loudavymkrokem.cz\/wp-content\/uploads\/2026\/09\/nemecko-clanky-termaly-nemecko-06-89de543b-1392x1044.jpg 1392w\" sizes=\"(max-width: 1800px) 100vw, 1800px\" \/><button\n\t\t\tclass=\"lightbox-trigger\"\n\t\t\ttype=\"button\"\n\t\t\taria-haspopup=\"dialog\"\n\t\t\tdata-wp-bind--aria-label=\"state.thisImage.triggerButtonAriaLabel\"\n\t\t\tdata-wp-init=\"callbacks.initTriggerButton\"\n\t\t\tdata-wp-on--click=\"actions.showLightbox\"\n\t\t\tdata-wp-style--right=\"state.thisImage.buttonRight\"\n\t\t\tdata-wp-style--top=\"state.thisImage.buttonTop\"\n\t\t>\n\t\t\t<svg xmlns=\"http:\/\/www.w3.org\/2000\/svg\" width=\"12\" height=\"12\" fill=\"none\" viewBox=\"0 0 12 12\">\n\t\t\t\t<path fill=\"#fff\" d=\"M2 0a2 2 0 0 0-2 2v2h1.5V2a.5.5 0 0 1 .5-.5h2V0H2Zm2 10.5H2a.5.5 0 0 1-.5-.5V8H0v2a2 2 0 0 0 2 2h2v-1.5ZM8 12v-1.5h2a.5.5 0 0 0 .5-.5V8H12v2a2 2 0 0 1-2 2H8Zm2-12a2 2 0 0 1 2 2v2h-1.5V2a.5.5 0 0 0-.5-.5H8V0h2Z\" \/>\n\t\t\t<\/svg>\n\t\t<\/button><figcaption class=\"wp-element-caption\">Foto: Therme Erding \/ Wikimedia Commons, Public domain<\/figcaption><\/figure>\n\n\n\n<h3 class=\"wp-block-heading\"><span class=\"ez-toc-section\" id=\"1_Therme_Erding_Erding\"><\/span>1. Therme Erding (Erding)<span class=\"ez-toc-section-end\"><\/span><\/h3>\n\n\n\n<p class=\"wp-block-paragraph\">Ten kompleks le\u017c\u0105cy w mie\u015bcie Erding szczyci si\u0119 wed\u0142ug operatora tytu\u0142em <strong>najwi\u0119kszych term na \u015bwiecie<\/strong>. Jego ca\u0142kowita powierzchnia w roku 2019 rozci\u0105ga\u0142a si\u0119 na niewiarygodnych <strong>430 000 metrach kwadratowych<\/strong>. Z tego pe\u0142ne 185 000 metr\u00f3w kwadratowych stanowi powierzchnia u\u017cytkowa bezpo\u015brednio dla go\u015bci. Kompleks dzieli si\u0119 na cztery g\u0142\u00f3wne cz\u0119\u015bci, kt\u00f3rymi s\u0105 klasyczna cz\u0119\u015b\u0107 termalna Thermenparadies, strefa akcji Galaxy Erding oraz strefy spokoju VitalOase i VitalTherme &#038; Saunen.<\/p>\n\n\n\n<p class=\"wp-block-paragraph\">W \u015brodku czeka na ciebie osza\u0142amiaj\u0105ce <strong>40 basen\u00f3w i tafli wodnych<\/strong>, kt\u00f3re uzupe\u0142nia w sumie 38 r\u00f3\u017cnych saun i \u0142a\u017ani parowych. Temperatury w saunach wahaj\u0105 si\u0119 od przyjemnych 38\u00b0C a\u017c po piekielne 90\u00b0C. Dla mi\u0142o\u015bnik\u00f3w adrenaliny przygotowano <strong>28 zje\u017cd\u017calni<\/strong> o \u0142\u0105cznej d\u0142ugo\u015bci ponad 2850 metr\u00f3w. Je\u015bli lubisz ko\u0142ysa\u0107 si\u0119 na falach, z pewno\u015bci\u0105 zachwyci ci\u0119 ogromny basen z falami, gdzie woda ma 34\u00b0C, a fale si\u0119gaj\u0105 nawet dw\u00f3ch metr\u00f3w.<\/p>\n\n\n\n<p class=\"wp-block-paragraph\">\u015arednia temperatura powietrza w ca\u0142ym kompleksie utrzymuje si\u0119 na tropikalnych 28\u00b0C. Znajdziesz tu te\u017c prawdziwy unikat, kt\u00f3rym jest Polaris, podobno <strong>najwi\u0119kszy zimny basen na \u015bwiecie<\/strong> o temperaturze wody 14 do 18\u00b0C. Za to w strefie VitalTherme ogrzejesz si\u0119 w wielkim basenie szampa\u0144skim czy basenie medytacyjnym z wod\u0105 o temperaturze 34\u00b0C. <strong>\ud83d\udca1 Wskaz\u00f3wka:<\/strong> Zarezerwuj na wizyt\u0119 naprawd\u0119 ca\u0142y dzie\u0144, bo kompleks jest tak ogromny, \u017ce w kilka godzin zd\u0105\u017cysz zaledwie u\u0142amek wszystkich atrakcji.<\/p>\n\n\n\n<figure data-wp-context=\"{&quot;imageId&quot;:&quot;6a9c821d122de&quot;}\" data-wp-interactive=\"core\/image\" data-wp-key=\"6a9c821d122de\" class=\"wp-block-image size-full wp-lightbox-container\"><img decoding=\"async\" width=\"1800\" height=\"1350\" data-wp-class--hide=\"state.isContentHidden\" data-wp-class--show=\"state.isContentVisible\" data-wp-init=\"callbacks.setButtonStyles\" data-wp-on--click=\"actions.showLightbox\" data-wp-on--load=\"callbacks.setButtonStyles\" data-wp-on--pointerdown=\"actions.preloadImage\" data-wp-on--pointerenter=\"actions.preloadImageWithDelay\" data-wp-on--pointerleave=\"actions.cancelPreload\" data-wp-on-window--resize=\"callbacks.setButtonStyles\" src=\"https:\/\/loudavymkrokem.cz\/wp-content\/uploads\/2026\/09\/nemecko-clanky-termaly-nemecko-07-5c780451.jpg\" alt=\"Therme Bad W\u00f6rishofen (Bad W\u00f6rishofen)\" class=\"wp-image-415294\" title=\"\" srcset=\"https:\/\/loudavymkrokem.cz\/wp-content\/uploads\/2026\/09\/nemecko-clanky-termaly-nemecko-07-5c780451.jpg 1800w, https:\/\/loudavymkrokem.cz\/wp-content\/uploads\/2026\/09\/nemecko-clanky-termaly-nemecko-07-5c780451-300x225.jpg 300w, https:\/\/loudavymkrokem.cz\/wp-content\/uploads\/2026\/09\/nemecko-clanky-termaly-nemecko-07-5c780451-700x525.jpg 700w, https:\/\/loudavymkrokem.cz\/wp-content\/uploads\/2026\/09\/nemecko-clanky-termaly-nemecko-07-5c780451-768x576.jpg 768w, https:\/\/loudavymkrokem.cz\/wp-content\/uploads\/2026\/09\/nemecko-clanky-termaly-nemecko-07-5c780451-1536x1152.jpg 1536w, https:\/\/loudavymkrokem.cz\/wp-content\/uploads\/2026\/09\/nemecko-clanky-termaly-nemecko-07-5c780451-80x60.jpg 80w, https:\/\/loudavymkrokem.cz\/wp-content\/uploads\/2026\/09\/nemecko-clanky-termaly-nemecko-07-5c780451-160x120.jpg 160w, https:\/\/loudavymkrokem.cz\/wp-content\/uploads\/2026\/09\/nemecko-clanky-termaly-nemecko-07-5c780451-696x522.jpg 696w, https:\/\/loudavymkrokem.cz\/wp-content\/uploads\/2026\/09\/nemecko-clanky-termaly-nemecko-07-5c780451-1392x1044.jpg 1392w\" sizes=\"(max-width: 1800px) 100vw, 1800px\" \/><button\n\t\t\tclass=\"lightbox-trigger\"\n\t\t\ttype=\"button\"\n\t\t\taria-haspopup=\"dialog\"\n\t\t\tdata-wp-bind--aria-label=\"state.thisImage.triggerButtonAriaLabel\"\n\t\t\tdata-wp-init=\"callbacks.initTriggerButton\"\n\t\t\tdata-wp-on--click=\"actions.showLightbox\"\n\t\t\tdata-wp-style--right=\"state.thisImage.buttonRight\"\n\t\t\tdata-wp-style--top=\"state.thisImage.buttonTop\"\n\t\t>\n\t\t\t<svg xmlns=\"http:\/\/www.w3.org\/2000\/svg\" width=\"12\" height=\"12\" fill=\"none\" viewBox=\"0 0 12 12\">\n\t\t\t\t<path fill=\"#fff\" d=\"M2 0a2 2 0 0 0-2 2v2h1.5V2a.5.5 0 0 1 .5-.5h2V0H2Zm2 10.5H2a.5.5 0 0 1-.5-.5V8H0v2a2 2 0 0 0 2 2h2v-1.5ZM8 12v-1.5h2a.5.5 0 0 0 .5-.5V8H12v2a2 2 0 0 1-2 2H8Zm2-12a2 2 0 0 1 2 2v2h-1.5V2a.5.5 0 0 0-.5-.5H8V0h2Z\" \/>\n\t\t\t<\/svg>\n\t\t<\/button><figcaption class=\"wp-element-caption\">Foto: Therme Bad W\u00f6rishofen 2010 \/ Wikimedia Commons, CC BY-SA 3.0<\/figcaption><\/figure>\n\n\n\n<h3 class=\"wp-block-heading\"><span class=\"ez-toc-section\" id=\"2_Therme_Bad_Worishofen_Bad_Worishofen\"><\/span>2. Therme Bad W\u00f6rishofen (Bad W\u00f6rishofen)<span class=\"ez-toc-section-end\"><\/span><\/h3>\n\n\n\n<p class=\"wp-block-paragraph\">Termy w miasteczku Bad W\u00f6rishofen kryj\u0105 jeden \u015bwiatowy unikat, kt\u00f3rym jest ogromna rustykalna sauna <strong>Blockhaus am See dla ponad 150 go\u015bci<\/strong>. Zalicza si\u0119 do najwi\u0119kszych saun na \u015bwiecie i prze\u017cyjesz w niej absolutnie niepowtarzaln\u0105 atmosfer\u0119. Ca\u0142y krajobraz termalny rozci\u0105ga si\u0119 tu na imponuj\u0105cej powierzchni ponad <strong>5000 metr\u00f3w kwadratowych<\/strong>, a jego budowa trwa\u0142a w latach 2001 do 2004 pod batut\u0105 inwestora Josefa Wunda.<\/p>\n\n\n\n<p class=\"wp-block-paragraph\">K\u0105piel przyjemnie sp\u0119dzisz w \u0142\u0105cznie o\u015bmiu basenach nape\u0142nionych dobroczynn\u0105 wod\u0105 termaln\u0105. \u015awiat saun oferuje <strong>ponad 15 saun tematycznych<\/strong>, w\u015br\u00f3d kt\u00f3rych wyr\u00f3\u017cnia si\u0119 przepi\u0119kna maureta\u0144ska Alhambra, klasyczna sauna rzymska czy japo\u0144ska sauna medytacyjna uzupe\u0142niona o pi\u0119kne akwarium z karpiami koi. Dzieci maj\u0105 tu do dyspozycji zje\u017cd\u017calni\u0119 oraz szerok\u0105 zje\u017cd\u017calni\u0119 pr\u0119dko\u015bciow\u0105, kt\u00f3re s\u0105 jednak dost\u0119pne tylko w wyznaczonych godzinach w basenie sportowym.<\/p>\n\n\n\n<p class=\"wp-block-paragraph\">Wed\u0142ug cennika na rok 2026 za dwugodzinny wst\u0119p zap\u0142acisz <strong>27 EUR<\/strong>, cztery godziny wyjd\u0105 ci\u0119 na 35 EUR, a bilet ca\u0142odzienny kosztuje 51 EUR. Za wst\u0119p do sauny dop\u0142aca si\u0119 5 EUR, a w weekendy czy \u015bwi\u0119ta licz si\u0119 z dop\u0142at\u0105 3 EUR. Minimalny wiek wst\u0119pu jest tu <strong>\u015bci\u015ble ustalony na 16 lat<\/strong>. <strong>\ud83d\udca1 Wskaz\u00f3wka:<\/strong> Je\u015bli chcesz przyjecha\u0107 z mniejszymi dzie\u0107mi, musisz przyby\u0107 wy\u0142\u0105cznie w sobot\u0119 mi\u0119dzy 9. a 19. godzin\u0105 na tak zwany Family Samstag, kiedy wst\u0119p rodzinny dla trzech os\u00f3b wyjdzie 74 EUR.<\/p>\n\n\n\n<figure data-wp-context=\"{&quot;imageId&quot;:&quot;6a9c821d128f6&quot;}\" data-wp-interactive=\"core\/image\" data-wp-key=\"6a9c821d128f6\" class=\"wp-block-image size-full wp-lightbox-container\"><img decoding=\"async\" width=\"1800\" height=\"1350\" data-wp-class--hide=\"state.isContentHidden\" data-wp-class--show=\"state.isContentVisible\" data-wp-init=\"callbacks.setButtonStyles\" data-wp-on--click=\"actions.showLightbox\" data-wp-on--load=\"callbacks.setButtonStyles\" data-wp-on--pointerdown=\"actions.preloadImage\" data-wp-on--pointerenter=\"actions.preloadImageWithDelay\" data-wp-on--pointerleave=\"actions.cancelPreload\" data-wp-on-window--resize=\"callbacks.setButtonStyles\" src=\"https:\/\/loudavymkrokem.cz\/wp-content\/uploads\/2026\/09\/nemecko-clanky-termaly-nemecko-08-779c2251.jpg\" alt=\"Wej\u015bcie do Therme Bad Aibling z przeszklon\u0105 kopu\u0142\u0105\" class=\"wp-image-415295\" title=\"\" srcset=\"https:\/\/loudavymkrokem.cz\/wp-content\/uploads\/2026\/09\/nemecko-clanky-termaly-nemecko-08-779c2251.jpg 1800w, https:\/\/loudavymkrokem.cz\/wp-content\/uploads\/2026\/09\/nemecko-clanky-termaly-nemecko-08-779c2251-300x225.jpg 300w, https:\/\/loudavymkrokem.cz\/wp-content\/uploads\/2026\/09\/nemecko-clanky-termaly-nemecko-08-779c2251-700x525.jpg 700w, https:\/\/loudavymkrokem.cz\/wp-content\/uploads\/2026\/09\/nemecko-clanky-termaly-nemecko-08-779c2251-768x576.jpg 768w, https:\/\/loudavymkrokem.cz\/wp-content\/uploads\/2026\/09\/nemecko-clanky-termaly-nemecko-08-779c2251-1536x1152.jpg 1536w, https:\/\/loudavymkrokem.cz\/wp-content\/uploads\/2026\/09\/nemecko-clanky-termaly-nemecko-08-779c2251-80x60.jpg 80w, https:\/\/loudavymkrokem.cz\/wp-content\/uploads\/2026\/09\/nemecko-clanky-termaly-nemecko-08-779c2251-160x120.jpg 160w, https:\/\/loudavymkrokem.cz\/wp-content\/uploads\/2026\/09\/nemecko-clanky-termaly-nemecko-08-779c2251-696x522.jpg 696w, https:\/\/loudavymkrokem.cz\/wp-content\/uploads\/2026\/09\/nemecko-clanky-termaly-nemecko-08-779c2251-1392x1044.jpg 1392w\" sizes=\"(max-width: 1800px) 100vw, 1800px\" \/><button\n\t\t\tclass=\"lightbox-trigger\"\n\t\t\ttype=\"button\"\n\t\t\taria-haspopup=\"dialog\"\n\t\t\tdata-wp-bind--aria-label=\"state.thisImage.triggerButtonAriaLabel\"\n\t\t\tdata-wp-init=\"callbacks.initTriggerButton\"\n\t\t\tdata-wp-on--click=\"actions.showLightbox\"\n\t\t\tdata-wp-style--right=\"state.thisImage.buttonRight\"\n\t\t\tdata-wp-style--top=\"state.thisImage.buttonTop\"\n\t\t>\n\t\t\t<svg xmlns=\"http:\/\/www.w3.org\/2000\/svg\" width=\"12\" height=\"12\" fill=\"none\" viewBox=\"0 0 12 12\">\n\t\t\t\t<path fill=\"#fff\" d=\"M2 0a2 2 0 0 0-2 2v2h1.5V2a.5.5 0 0 1 .5-.5h2V0H2Zm2 10.5H2a.5.5 0 0 1-.5-.5V8H0v2a2 2 0 0 0 2 2h2v-1.5ZM8 12v-1.5h2a.5.5 0 0 0 .5-.5V8H12v2a2 2 0 0 1-2 2H8Zm2-12a2 2 0 0 1 2 2v2h-1.5V2a.5.5 0 0 0-.5-.5H8V0h2Z\" \/>\n\t\t\t<\/svg>\n\t\t<\/button><\/figure>\n\n\n\n<h3 class=\"wp-block-heading\"><span class=\"ez-toc-section\" id=\"3_Therme_Bad_Aibling_Bad_Aibling\"><\/span>3. Therme Bad Aibling (Bad Aibling)<span class=\"ez-toc-section-end\"><\/span><\/h3>\n\n\n\n<p class=\"wp-block-paragraph\">Zupe\u0142nie nietypowe doznanie czeka ci\u0119 w Bad Aibling, gdzie kompleks zbudowano w kszta\u0142cie po\u0142\u0105czonych kopu\u0142. W jednej z nich, o \u015brednicy 11 metr\u00f3w, a\u017c <strong>7 projektor\u00f3w wideo wy\u015bwietla obraz o wielko\u015bci 135 metr\u00f3w kwadratowych<\/strong> bezpo\u015brednio na wewn\u0119trzn\u0105 stron\u0119 sklepienia. Ca\u0142y krajobraz termalny delikatnie wtapia si\u0119 w topografi\u0119 okolicznego terenu i rozci\u0105ga si\u0119 na cudownych <strong>10 000 metrach kwadratowych<\/strong>, z czego ponad 600 metr\u00f3w kwadratowych stanowi\u0105 tafle wodne.<\/p>\n\n\n\n<p class=\"wp-block-paragraph\">W poszczeg\u00f3lnych, r\u00f3\u017cnie zamkni\u0119tych kopu\u0142ach sp\u0119dzisz medytacyjny odpoczynek w wodzie termalnej o pi\u0119knych <strong>32 do 36\u00b0C<\/strong>. Osobliwo\u015bci\u0105 jest tu korzystanie z sauny wykorzystuj\u0105ce zasad\u0119 Physiotherm, wi\u0119c \u0142agodne pocenie od \u015brodka na zewn\u0105trz jest gwarantowane ju\u017c przy temperaturach od 30\u00b0C. To chyba idealny wyb\u00f3r dla tych z was, kt\u00f3rym klasyczne gor\u0105ce sauny nie s\u0142u\u017c\u0105 kr\u0105\u017ceniu.<\/p>\n\n\n\n<p class=\"wp-block-paragraph\">Wed\u0142ug cennika na rok 2026 czterogodzinny wst\u0119p dla doros\u0142ego kosztuje <strong>28 EUR<\/strong>, a bilet ca\u0142odzienny kupisz za 33 EUR. Je\u015bli chcesz cieszy\u0107 si\u0119 te\u017c saun\u0105, dop\u0142acisz 6 EUR. Dzieci i m\u0142odzie\u017c do 14 lat mog\u0105 wej\u015b\u0107 tylko w towarzystwie osoby doros\u0142ej. <strong>\ud83d\udca1 Wskaz\u00f3wka:<\/strong> Koniecznie dokup na miejscu ceremoni\u0119 b\u0142otn\u0105 (Moorzeremonie) za 7 EUR lub przyjemny peeling solny za 4 EUR, twoja sk\u00f3ra ci podzi\u0119kuje.<\/p>\n\n\n\n<figure data-wp-context=\"{&quot;imageId&quot;:&quot;6a9c821d12e6a&quot;}\" data-wp-interactive=\"core\/image\" data-wp-key=\"6a9c821d12e6a\" class=\"wp-block-image size-full wp-lightbox-container\"><img decoding=\"async\" width=\"1800\" height=\"1800\" data-wp-class--hide=\"state.isContentHidden\" data-wp-class--show=\"state.isContentVisible\" data-wp-init=\"callbacks.setButtonStyles\" data-wp-on--click=\"actions.showLightbox\" data-wp-on--load=\"callbacks.setButtonStyles\" data-wp-on--pointerdown=\"actions.preloadImage\" data-wp-on--pointerenter=\"actions.preloadImageWithDelay\" data-wp-on--pointerleave=\"actions.cancelPreload\" data-wp-on-window--resize=\"callbacks.setButtonStyles\" src=\"https:\/\/loudavymkrokem.cz\/wp-content\/uploads\/2026\/09\/nemecko-clanky-termaly-nemecko-09-cf7ab67f.jpg\" alt=\"KissSalis Therme (Bad Kissingen): basen zewn\u0119trzny\" class=\"wp-image-415296\" title=\"\" srcset=\"https:\/\/loudavymkrokem.cz\/wp-content\/uploads\/2026\/09\/nemecko-clanky-termaly-nemecko-09-cf7ab67f.jpg 1800w, https:\/\/loudavymkrokem.cz\/wp-content\/uploads\/2026\/09\/nemecko-clanky-termaly-nemecko-09-cf7ab67f-300x300.jpg 300w, https:\/\/loudavymkrokem.cz\/wp-content\/uploads\/2026\/09\/nemecko-clanky-termaly-nemecko-09-cf7ab67f-700x700.jpg 700w, https:\/\/loudavymkrokem.cz\/wp-content\/uploads\/2026\/09\/nemecko-clanky-termaly-nemecko-09-cf7ab67f-150x150.jpg 150w, https:\/\/loudavymkrokem.cz\/wp-content\/uploads\/2026\/09\/nemecko-clanky-termaly-nemecko-09-cf7ab67f-768x768.jpg 768w, https:\/\/loudavymkrokem.cz\/wp-content\/uploads\/2026\/09\/nemecko-clanky-termaly-nemecko-09-cf7ab67f-1536x1536.jpg 1536w, https:\/\/loudavymkrokem.cz\/wp-content\/uploads\/2026\/09\/nemecko-clanky-termaly-nemecko-09-cf7ab67f-696x696.jpg 696w, https:\/\/loudavymkrokem.cz\/wp-content\/uploads\/2026\/09\/nemecko-clanky-termaly-nemecko-09-cf7ab67f-1392x1392.jpg 1392w\" sizes=\"(max-width: 1800px) 100vw, 1800px\" \/><button\n\t\t\tclass=\"lightbox-trigger\"\n\t\t\ttype=\"button\"\n\t\t\taria-haspopup=\"dialog\"\n\t\t\tdata-wp-bind--aria-label=\"state.thisImage.triggerButtonAriaLabel\"\n\t\t\tdata-wp-init=\"callbacks.initTriggerButton\"\n\t\t\tdata-wp-on--click=\"actions.showLightbox\"\n\t\t\tdata-wp-style--right=\"state.thisImage.buttonRight\"\n\t\t\tdata-wp-style--top=\"state.thisImage.buttonTop\"\n\t\t>\n\t\t\t<svg xmlns=\"http:\/\/www.w3.org\/2000\/svg\" width=\"12\" height=\"12\" fill=\"none\" viewBox=\"0 0 12 12\">\n\t\t\t\t<path fill=\"#fff\" d=\"M2 0a2 2 0 0 0-2 2v2h1.5V2a.5.5 0 0 1 .5-.5h2V0H2Zm2 10.5H2a.5.5 0 0 1-.5-.5V8H0v2a2 2 0 0 0 2 2h2v-1.5ZM8 12v-1.5h2a.5.5 0 0 0 .5-.5V8H12v2a2 2 0 0 1-2 2H8Zm2-12a2 2 0 0 1 2 2v2h-1.5V2a.5.5 0 0 0-.5-.5H8V0h2Z\" \/>\n\t\t\t<\/svg>\n\t\t<\/button><\/figure>\n\n\n\n<h3 class=\"wp-block-heading\"><span class=\"ez-toc-section\" id=\"4_KissSalis_Therme_Bad_Kissingen\"><\/span>4. KissSalis Therme (Bad Kissingen)<span class=\"ez-toc-section-end\"><\/span><\/h3>\n\n\n\n<p class=\"wp-block-paragraph\">Do tych term w Bad Kissingen wybierz si\u0119, je\u015bli szukasz naprawd\u0119 rozleg\u0142ego i r\u00f3\u017cnorodnego obiektu. Rozci\u0105ga si\u0119 na powierzchni <strong>8000 metr\u00f3w kwadratowych<\/strong> i znajdziesz tu w sumie 10 basen\u00f3w wewn\u0119trznych i zewn\u0119trznych. Zdecydowana wi\u0119kszo\u015b\u0107 z nich jest nape\u0142niona cenn\u0105 wod\u0105 termaln\u0105 prosto z Bad Kissingen. Sam wewn\u0119trzny krajobraz termalny, kt\u00f3ry oferuje hojne 1000 metr\u00f3w kwadratowych tafli wodnej, rozgrzeje ci\u0119 wod\u0105 o temperaturze <strong>32 do 38\u00b0C<\/strong>.<\/p>\n\n\n\n<p class=\"wp-block-paragraph\">Sercem kompleksu jest wielki basen wewn\u0119trzny z le\u017cankami do masa\u017cu i wodospadem, do kt\u00f3rego przylegaj\u0105 dwa jacuzzi o temperaturze nawet 38\u00b0C. Na zewn\u0105trz zachwyci ci\u0119 ciep\u0142y basen zewn\u0119trzny, kana\u0142 z pr\u0105dem oraz specjalny intensywny basen solny, kt\u00f3ry ma <strong>6 do 8% st\u0119\u017cenie soli<\/strong> i pi\u0119knie si\u0119 w nim unosisz pod rozgwie\u017cd\u017conym niebem. Do sch\u0142odzenia \u015bwietnie pos\u0142u\u017cy zimny basen z 18\u00b0C albo naprzemienne \u015bcie\u017cki Kneippa, gdzie kamyczki przyjemnie masuj\u0105 punkty refleksyjne st\u00f3p.<\/p>\n\n\n\n<p class=\"wp-block-paragraph\">Park saunowy to tu prawdziwa oaza spokoju z rozleg\u0142ym ogrodem saunowym. Oferuje w sumie <strong>9 r\u00f3\u017cnych saun i \u0142a\u017ani parowych<\/strong>, gdzie odbywaj\u0105 si\u0119 liczne rytua\u0142y saunowe. Je\u015bli zniesiesz wysok\u0105 wilgotno\u015b\u0107, wypr\u00f3buj przeszklon\u0105 \u0142a\u017ani\u0119 parow\u0105 o temperaturze 47\u00b0C i stuprocentowej wilgotno\u015bci powietrza. <strong>\ud83d\udca1 Wskaz\u00f3wka:<\/strong> Nie zapomnij zajrze\u0107 do inhalacji solnej, gdzie przy 40 do 45\u00b0C kapie naturalna solanka, co absolutnie fantastycznie udra\u017cnia drogi oddechowe.<\/p>\n\n\n\n<figure data-wp-context=\"{&quot;imageId&quot;:&quot;6a9c821d1336c&quot;}\" data-wp-interactive=\"core\/image\" data-wp-key=\"6a9c821d1336c\" class=\"wp-block-image size-full wp-lightbox-container\"><img decoding=\"async\" width=\"1800\" height=\"1200\" data-wp-class--hide=\"state.isContentHidden\" data-wp-class--show=\"state.isContentVisible\" data-wp-init=\"callbacks.setButtonStyles\" data-wp-on--click=\"actions.showLightbox\" data-wp-on--load=\"callbacks.setButtonStyles\" data-wp-on--pointerdown=\"actions.preloadImage\" data-wp-on--pointerenter=\"actions.preloadImageWithDelay\" data-wp-on--pointerleave=\"actions.cancelPreload\" data-wp-on-window--resize=\"callbacks.setButtonStyles\" src=\"https:\/\/loudavymkrokem.cz\/wp-content\/uploads\/2026\/09\/nemecko-clanky-termaly-nemecko-10-62b37e1f.jpg\" alt=\"Hotel Victory Therme Erding (Erding)\" class=\"wp-image-415297\" title=\"\" srcset=\"https:\/\/loudavymkrokem.cz\/wp-content\/uploads\/2026\/09\/nemecko-clanky-termaly-nemecko-10-62b37e1f.jpg 1800w, https:\/\/loudavymkrokem.cz\/wp-content\/uploads\/2026\/09\/nemecko-clanky-termaly-nemecko-10-62b37e1f-300x200.jpg 300w, https:\/\/loudavymkrokem.cz\/wp-content\/uploads\/2026\/09\/nemecko-clanky-termaly-nemecko-10-62b37e1f-700x467.jpg 700w, https:\/\/loudavymkrokem.cz\/wp-content\/uploads\/2026\/09\/nemecko-clanky-termaly-nemecko-10-62b37e1f-768x512.jpg 768w, https:\/\/loudavymkrokem.cz\/wp-content\/uploads\/2026\/09\/nemecko-clanky-termaly-nemecko-10-62b37e1f-1536x1024.jpg 1536w, https:\/\/loudavymkrokem.cz\/wp-content\/uploads\/2026\/09\/nemecko-clanky-termaly-nemecko-10-62b37e1f-696x464.jpg 696w, https:\/\/loudavymkrokem.cz\/wp-content\/uploads\/2026\/09\/nemecko-clanky-termaly-nemecko-10-62b37e1f-1392x928.jpg 1392w\" sizes=\"(max-width: 1800px) 100vw, 1800px\" \/><button\n\t\t\tclass=\"lightbox-trigger\"\n\t\t\ttype=\"button\"\n\t\t\taria-haspopup=\"dialog\"\n\t\t\tdata-wp-bind--aria-label=\"state.thisImage.triggerButtonAriaLabel\"\n\t\t\tdata-wp-init=\"callbacks.initTriggerButton\"\n\t\t\tdata-wp-on--click=\"actions.showLightbox\"\n\t\t\tdata-wp-style--right=\"state.thisImage.buttonRight\"\n\t\t\tdata-wp-style--top=\"state.thisImage.buttonTop\"\n\t\t>\n\t\t\t<svg xmlns=\"http:\/\/www.w3.org\/2000\/svg\" width=\"12\" height=\"12\" fill=\"none\" viewBox=\"0 0 12 12\">\n\t\t\t\t<path fill=\"#fff\" d=\"M2 0a2 2 0 0 0-2 2v2h1.5V2a.5.5 0 0 1 .5-.5h2V0H2Zm2 10.5H2a.5.5 0 0 1-.5-.5V8H0v2a2 2 0 0 0 2 2h2v-1.5ZM8 12v-1.5h2a.5.5 0 0 0 .5-.5V8H12v2a2 2 0 0 1-2 2H8Zm2-12a2 2 0 0 1 2 2v2h-1.5V2a.5.5 0 0 0-.5-.5H8V0h2Z\" \/>\n\t\t\t<\/svg>\n\t\t<\/button><\/figure>\n\n\n\n<h3 class=\"wp-block-heading\"><span class=\"ez-toc-section\" id=\"5_Hotel_Victory_Therme_Erding_Erding\"><\/span>5. Hotel Victory Therme Erding (Erding)<span class=\"ez-toc-section-end\"><\/span><\/h3>\n\n\n\n<p class=\"wp-block-paragraph\">Tutaj trzeba od razu na pocz\u0105tku powiedzie\u0107, \u017ce nie chodzi o klasyczne publiczne termy, ale o <strong>luksusowy hotel stoj\u0105cy bezpo\u015brednio w kompleksie<\/strong> s\u0142ynnych term Therme Erding. Architektura budynku jest absolutnie zapieraj\u0105ca dech, bo z zewn\u0105trz wygl\u0105da jak doskona\u0142a replika historycznego okr\u0119tu HMS Victory po\u0142\u0105czona z okaza\u0142ym weneckim pa\u0142acem. To chyba najbardziej romantyczny nocleg, jaki mo\u017cesz prze\u017cy\u0107 w niemieckich termach.<\/p>\n\n\n\n<p class=\"wp-block-paragraph\">Do dyspozycji go\u015bci jest <strong>128 tematycznie urz\u0105dzonych pokoi<\/strong>, podzielonych na siedem r\u00f3\u017cnych kategorii. Mo\u017cesz spa\u0107 w tak zwanych Captain&#8217;s Cabins, kt\u00f3re oferuj\u0105 okr\u0119towe \u0142\u00f3\u017cka i pi\u0119kny panoramiczny widok bezpo\u015brednio na tropikalny basen z falami. Je\u015bli wolisz w\u0142osk\u0105 elegancj\u0119, wybierz pokoje Serenissima w weneckim stylu z wielkimi drzwiami loggi.<\/p>\n\n\n\n<p class=\"wp-block-paragraph\">Ogromn\u0105 zalet\u0105 jest to, \u017ce z hotelowego lobby dostaniesz si\u0119 w szlafroku bezpo\u015brednio do basenu z falami. W cenie ka\u017cdej nocy zawarty jest w dodatku <strong>wst\u0119p do term<\/strong>, w tym stref spokoju VitalOase i VitalTherme &#038; Saunen. Nadaje si\u0119 to zar\u00f3wno dla par, jak i dla rodzin szukaj\u0105cych nietypowego prze\u017cycia. <strong>\ud83d\udca1 Wskaz\u00f3wka:<\/strong> Uwa\u017caj przy rezerwacji, oficjalna strona to therme-erding.de, podczas gdy witryna hotelerding.com to jedynie por\u00f3wnywarka nocleg\u00f3w i nie nale\u017cy bezpo\u015brednio do hotelu.<\/p>\n\n\n\n<figure data-wp-context=\"{&quot;imageId&quot;:&quot;6a9c821d13833&quot;}\" data-wp-interactive=\"core\/image\" data-wp-key=\"6a9c821d13833\" class=\"wp-block-image size-full wp-lightbox-container\"><img decoding=\"async\" width=\"1800\" height=\"2400\" data-wp-class--hide=\"state.isContentHidden\" data-wp-class--show=\"state.isContentVisible\" data-wp-init=\"callbacks.setButtonStyles\" data-wp-on--click=\"actions.showLightbox\" data-wp-on--load=\"callbacks.setButtonStyles\" data-wp-on--pointerdown=\"actions.preloadImage\" data-wp-on--pointerenter=\"actions.preloadImageWithDelay\" data-wp-on--pointerleave=\"actions.cancelPreload\" data-wp-on-window--resize=\"callbacks.setButtonStyles\" src=\"https:\/\/loudavymkrokem.cz\/wp-content\/uploads\/2026\/09\/nemecko-clanky-termaly-nemecko-11-338dff9e.jpg\" alt=\"Franken-Therme (Bad Windsheim)\" class=\"wp-image-415298\" title=\"\" srcset=\"https:\/\/loudavymkrokem.cz\/wp-content\/uploads\/2026\/09\/nemecko-clanky-termaly-nemecko-11-338dff9e.jpg 1800w, https:\/\/loudavymkrokem.cz\/wp-content\/uploads\/2026\/09\/nemecko-clanky-termaly-nemecko-11-338dff9e-225x300.jpg 225w, https:\/\/loudavymkrokem.cz\/wp-content\/uploads\/2026\/09\/nemecko-clanky-termaly-nemecko-11-338dff9e-700x933.jpg 700w, https:\/\/loudavymkrokem.cz\/wp-content\/uploads\/2026\/09\/nemecko-clanky-termaly-nemecko-11-338dff9e-768x1024.jpg 768w, https:\/\/loudavymkrokem.cz\/wp-content\/uploads\/2026\/09\/nemecko-clanky-termaly-nemecko-11-338dff9e-1152x1536.jpg 1152w, https:\/\/loudavymkrokem.cz\/wp-content\/uploads\/2026\/09\/nemecko-clanky-termaly-nemecko-11-338dff9e-1536x2048.jpg 1536w, https:\/\/loudavymkrokem.cz\/wp-content\/uploads\/2026\/09\/nemecko-clanky-termaly-nemecko-11-338dff9e-696x928.jpg 696w, https:\/\/loudavymkrokem.cz\/wp-content\/uploads\/2026\/09\/nemecko-clanky-termaly-nemecko-11-338dff9e-1392x1856.jpg 1392w\" sizes=\"(max-width: 1800px) 100vw, 1800px\" \/><button\n\t\t\tclass=\"lightbox-trigger\"\n\t\t\ttype=\"button\"\n\t\t\taria-haspopup=\"dialog\"\n\t\t\tdata-wp-bind--aria-label=\"state.thisImage.triggerButtonAriaLabel\"\n\t\t\tdata-wp-init=\"callbacks.initTriggerButton\"\n\t\t\tdata-wp-on--click=\"actions.showLightbox\"\n\t\t\tdata-wp-style--right=\"state.thisImage.buttonRight\"\n\t\t\tdata-wp-style--top=\"state.thisImage.buttonTop\"\n\t\t>\n\t\t\t<svg xmlns=\"http:\/\/www.w3.org\/2000\/svg\" width=\"12\" height=\"12\" fill=\"none\" viewBox=\"0 0 12 12\">\n\t\t\t\t<path fill=\"#fff\" d=\"M2 0a2 2 0 0 0-2 2v2h1.5V2a.5.5 0 0 1 .5-.5h2V0H2Zm2 10.5H2a.5.5 0 0 1-.5-.5V8H0v2a2 2 0 0 0 2 2h2v-1.5ZM8 12v-1.5h2a.5.5 0 0 0 .5-.5V8H12v2a2 2 0 0 1-2 2H8Zm2-12a2 2 0 0 1 2 2v2h-1.5V2a.5.5 0 0 0-.5-.5H8V0h2Z\" \/>\n\t\t\t<\/svg>\n\t\t<\/button><figcaption class=\"wp-element-caption\">Foto: Andreas Wolf 01 \/ Wikimedia Commons, CC BY 4.0<\/figcaption><\/figure>\n\n\n\n<h3 class=\"wp-block-heading\"><span class=\"ez-toc-section\" id=\"6_Franken-Therme_Bad_Windsheim\"><\/span>6. Franken-Therme (Bad Windsheim)<span class=\"ez-toc-section-end\"><\/span><\/h3>\n\n\n\n<p class=\"wp-block-paragraph\">W bawarskim miasteczku Bad Windsheim czeka na ciebie doznanie jak znad Morza Martwego. Chlub\u0105 jest tu bowiem specjalna strefa ze sztucznym s\u0142onym jeziorem, kt\u00f3re ma ekstremalne <strong>zasolenie 26,9%<\/strong>. Woda jest temperowana na przyjemnych 26 do 30\u00b0C i dzi\u0119ki ogromnej g\u0119sto\u015bci soli b\u0119dziesz si\u0119 w niej unosi\u0107 na powierzchni bez \u017cadnego wysi\u0142ku. Ta termalna solanka jest czerpana ze \u017ar\u00f3d\u0142a oddalonego zaledwie o 200 metr\u00f3w od kompleksu.<\/p>\n\n\n\n<p class=\"wp-block-paragraph\">Opr\u00f3cz tego ekstremalnie s\u0142onego jeziora znajdziesz tu jeszcze dwa baseny wewn\u0119trzne z 12% soli i wod\u0105 o temperaturze 34 do 36\u00b0C. Klasyczne hale k\u0105pielowe oferuj\u0105 natomiast <strong>trzy termalne baseny solne<\/strong> ze st\u0119\u017ceniem od 1,5 do 4% soli oraz basen zewn\u0119trzny. Kompleks, kt\u00f3ry uroczy\u015bcie otwarto w grudniu 2005 za prawie 19 milion\u00f3w euro i nast\u0119pnie rozbudowano, sprawia bardzo nowoczesne i przewiewne wra\u017cenie.<\/p>\n\n\n\n<p class=\"wp-block-paragraph\">Nie brakuje tu te\u017c dw\u00f3ch tekstylnych \u0142a\u017ani parowych i przestronnych sal odpoczynku. Mo\u017cesz sobie w dodatku sprawi\u0107 najr\u00f3\u017cniejsze zabiegi wellness, kt\u00f3re trwaj\u0105 od <strong>20 do 120 minut<\/strong>. Ca\u0142o\u015b\u0107 dzia\u0142a jak cudowny balsam na zm\u0119czone cia\u0142o i sk\u00f3r\u0119. <strong>\ud83d\udca1 Wskaz\u00f3wka:<\/strong> Po k\u0105pieli w tym najs\u0142oniejszym jeziorze id\u017a zawsze od razu pod prysznic, kryszta\u0142ki soli po zaschni\u0119ciu potrafi\u0105 do\u015b\u0107 nieprzyjemnie sw\u0119dzi\u0107 na sk\u00f3rze.<\/p>\n\n\n\n<figure data-wp-context=\"{&quot;imageId&quot;:&quot;6a9c821d13d4a&quot;}\" data-wp-interactive=\"core\/image\" data-wp-key=\"6a9c821d13d4a\" class=\"wp-block-image size-full wp-lightbox-container\"><img decoding=\"async\" width=\"1800\" height=\"1200\" data-wp-class--hide=\"state.isContentHidden\" data-wp-class--show=\"state.isContentVisible\" data-wp-init=\"callbacks.setButtonStyles\" data-wp-on--click=\"actions.showLightbox\" data-wp-on--load=\"callbacks.setButtonStyles\" data-wp-on--pointerdown=\"actions.preloadImage\" data-wp-on--pointerenter=\"actions.preloadImageWithDelay\" data-wp-on--pointerleave=\"actions.cancelPreload\" data-wp-on-window--resize=\"callbacks.setButtonStyles\" src=\"https:\/\/loudavymkrokem.cz\/wp-content\/uploads\/2026\/09\/nemecko-clanky-termaly-nemecko-12-c567f0aa.jpg\" alt=\"Zewn\u0119trzny basen K\u00f6nigliche Kristall-Therme w Schwangau z widokiem na Alpy\" class=\"wp-image-415476\" title=\"\" srcset=\"https:\/\/loudavymkrokem.cz\/wp-content\/uploads\/2026\/09\/nemecko-clanky-termaly-nemecko-12-c567f0aa.jpg 1800w, https:\/\/loudavymkrokem.cz\/wp-content\/uploads\/2026\/09\/nemecko-clanky-termaly-nemecko-12-c567f0aa-300x200.jpg 300w, https:\/\/loudavymkrokem.cz\/wp-content\/uploads\/2026\/09\/nemecko-clanky-termaly-nemecko-12-c567f0aa-700x467.jpg 700w, https:\/\/loudavymkrokem.cz\/wp-content\/uploads\/2026\/09\/nemecko-clanky-termaly-nemecko-12-c567f0aa-768x512.jpg 768w, https:\/\/loudavymkrokem.cz\/wp-content\/uploads\/2026\/09\/nemecko-clanky-termaly-nemecko-12-c567f0aa-1536x1024.jpg 1536w, https:\/\/loudavymkrokem.cz\/wp-content\/uploads\/2026\/09\/nemecko-clanky-termaly-nemecko-12-c567f0aa-696x464.jpg 696w, https:\/\/loudavymkrokem.cz\/wp-content\/uploads\/2026\/09\/nemecko-clanky-termaly-nemecko-12-c567f0aa-1392x928.jpg 1392w\" sizes=\"(max-width: 1800px) 100vw, 1800px\" \/><button\n\t\t\tclass=\"lightbox-trigger\"\n\t\t\ttype=\"button\"\n\t\t\taria-haspopup=\"dialog\"\n\t\t\tdata-wp-bind--aria-label=\"state.thisImage.triggerButtonAriaLabel\"\n\t\t\tdata-wp-init=\"callbacks.initTriggerButton\"\n\t\t\tdata-wp-on--click=\"actions.showLightbox\"\n\t\t\tdata-wp-style--right=\"state.thisImage.buttonRight\"\n\t\t\tdata-wp-style--top=\"state.thisImage.buttonTop\"\n\t\t>\n\t\t\t<svg xmlns=\"http:\/\/www.w3.org\/2000\/svg\" width=\"12\" height=\"12\" fill=\"none\" viewBox=\"0 0 12 12\">\n\t\t\t\t<path fill=\"#fff\" d=\"M2 0a2 2 0 0 0-2 2v2h1.5V2a.5.5 0 0 1 .5-.5h2V0H2Zm2 10.5H2a.5.5 0 0 1-.5-.5V8H0v2a2 2 0 0 0 2 2h2v-1.5ZM8 12v-1.5h2a.5.5 0 0 0 .5-.5V8H12v2a2 2 0 0 1-2 2H8Zm2-12a2 2 0 0 1 2 2v2h-1.5V2a.5.5 0 0 0-.5-.5H8V0h2Z\" \/>\n\t\t\t<\/svg>\n\t\t<\/button><\/figure>\n\n\n\n<h3 class=\"wp-block-heading\"><span class=\"ez-toc-section\" id=\"7_Konigliche_Kristall-Therme_Schwangau\"><\/span>7. K\u00f6nigliche Kristall-Therme (Schwangau)<span class=\"ez-toc-section-end\"><\/span><\/h3>\n\n\n\n<p class=\"wp-block-paragraph\">To miejsce w Schwangau oczaruje ci\u0119 ju\u017c samym po\u0142o\u017ceniem, bo bezpo\u015brednio z basen\u00f3w termalnych masz <strong>panoramiczny widok<\/strong> na okoliczny krajobraz, a zim\u0105 r\u00f3wnie\u017c na o\u015bnie\u017cone Alpy. Ca\u0142a strefa odpoczynku i termalna rozci\u0105ga si\u0119 na imponuj\u0105cych 14 000 metrach kwadratowych. Miejscowa woda termalna zawiera 2,5% soli i dzi\u0119ki temperaturze oko\u0142o 34\u00b0C dzia\u0142a na sk\u00f3r\u0119 jak delikatny peeling, wi\u0119c po k\u0105pieli b\u0119dzie ona znacznie g\u0142adsza.<\/p>\n\n\n\n<p class=\"wp-block-paragraph\">Baseny zewn\u0119trzne i wewn\u0119trzne rozgrzej\u0105 ci\u0119 wod\u0105 o temperaturach mi\u0119dzy 32 a 36\u00b0C. Zupe\u0142nie cudowne s\u0105 tutejsze dysze do masa\u017cu, kt\u00f3re delikatnie ugniataj\u0105 plecy, nogi, brzuch i po\u015bladki. Mi\u0142o\u015bnicy sauny znajd\u0105 tu co\u015b dla siebie, kompleks kryje <strong>5 saun tematycznych<\/strong> o temperaturach od 60 do 100\u00b0C, z czego trzy s\u0105 w \u015brodku, a dwie na zewn\u0105trz. W dodatku znajdziesz tu osma\u0144ski hammam i dwie \u0142a\u017anie parowe o temperaturze do 48\u00b0C.<\/p>\n\n\n\n<p class=\"wp-block-paragraph\">Wed\u0142ug cennika na rok 2026 taryfa wieczorna (Feierabendtarif) od godziny 18 kosztuje <strong>19 EUR<\/strong> dla doros\u0142ego do samych term oraz <strong>26 EUR<\/strong> w wariancie z Wohlf\u00fchltherme i Zauberbergiem. To idealne miejsce na romantyczn\u0105 ucieczk\u0119 we dwoje. <strong>\ud83d\udca1 Wskaz\u00f3wka:<\/strong> Taryfa wieczorna obowi\u0105zuje przez ca\u0142y rok, ale uwa\u017caj, nie uznaj\u0105 jej w weekendy i podczas bawarskich \u015bwi\u0105t.<\/p>\n\n\n\n<figure data-wp-context=\"{&quot;imageId&quot;:&quot;6a9c821d142b3&quot;}\" data-wp-interactive=\"core\/image\" data-wp-key=\"6a9c821d142b3\" class=\"wp-block-image size-full wp-lightbox-container\"><img decoding=\"async\" width=\"1714\" height=\"2560\" data-wp-class--hide=\"state.isContentHidden\" data-wp-class--show=\"state.isContentVisible\" data-wp-init=\"callbacks.setButtonStyles\" data-wp-on--click=\"actions.showLightbox\" data-wp-on--load=\"callbacks.setButtonStyles\" data-wp-on--pointerdown=\"actions.preloadImage\" data-wp-on--pointerenter=\"actions.preloadImageWithDelay\" data-wp-on--pointerleave=\"actions.cancelPreload\" data-wp-on-window--resize=\"callbacks.setButtonStyles\" src=\"https:\/\/loudavymkrokem.cz\/wp-content\/uploads\/2026\/09\/nemecko-clanky-termaly-nemecko-13-83289bd6-scaled.jpg\" alt=\"Limes-Therme (Bad G\u00f6gging): cz\u0119\u015b\u0107 saunowa\" class=\"wp-image-415302\" title=\"\" srcset=\"https:\/\/loudavymkrokem.cz\/wp-content\/uploads\/2026\/09\/nemecko-clanky-termaly-nemecko-13-83289bd6-scaled.jpg 1714w, https:\/\/loudavymkrokem.cz\/wp-content\/uploads\/2026\/09\/nemecko-clanky-termaly-nemecko-13-83289bd6-201x300.jpg 201w, https:\/\/loudavymkrokem.cz\/wp-content\/uploads\/2026\/09\/nemecko-clanky-termaly-nemecko-13-83289bd6-700x1045.jpg 700w, https:\/\/loudavymkrokem.cz\/wp-content\/uploads\/2026\/09\/nemecko-clanky-termaly-nemecko-13-83289bd6-768x1147.jpg 768w, https:\/\/loudavymkrokem.cz\/wp-content\/uploads\/2026\/09\/nemecko-clanky-termaly-nemecko-13-83289bd6-1029x1536.jpg 1029w, https:\/\/loudavymkrokem.cz\/wp-content\/uploads\/2026\/09\/nemecko-clanky-termaly-nemecko-13-83289bd6-1371x2048.jpg 1371w, https:\/\/loudavymkrokem.cz\/wp-content\/uploads\/2026\/09\/nemecko-clanky-termaly-nemecko-13-83289bd6-696x1039.jpg 696w, https:\/\/loudavymkrokem.cz\/wp-content\/uploads\/2026\/09\/nemecko-clanky-termaly-nemecko-13-83289bd6-1392x2079.jpg 1392w\" sizes=\"(max-width: 1714px) 100vw, 1714px\" \/><button\n\t\t\tclass=\"lightbox-trigger\"\n\t\t\ttype=\"button\"\n\t\t\taria-haspopup=\"dialog\"\n\t\t\tdata-wp-bind--aria-label=\"state.thisImage.triggerButtonAriaLabel\"\n\t\t\tdata-wp-init=\"callbacks.initTriggerButton\"\n\t\t\tdata-wp-on--click=\"actions.showLightbox\"\n\t\t\tdata-wp-style--right=\"state.thisImage.buttonRight\"\n\t\t\tdata-wp-style--top=\"state.thisImage.buttonTop\"\n\t\t>\n\t\t\t<svg xmlns=\"http:\/\/www.w3.org\/2000\/svg\" width=\"12\" height=\"12\" fill=\"none\" viewBox=\"0 0 12 12\">\n\t\t\t\t<path fill=\"#fff\" d=\"M2 0a2 2 0 0 0-2 2v2h1.5V2a.5.5 0 0 1 .5-.5h2V0H2Zm2 10.5H2a.5.5 0 0 1-.5-.5V8H0v2a2 2 0 0 0 2 2h2v-1.5ZM8 12v-1.5h2a.5.5 0 0 0 .5-.5V8H12v2a2 2 0 0 1-2 2H8Zm2-12a2 2 0 0 1 2 2v2h-1.5V2a.5.5 0 0 0-.5-.5H8V0h2Z\" \/>\n\t\t\t<\/svg>\n\t\t<\/button><figcaption class=\"wp-element-caption\">Foto: Bad G\u00f6gging from Bad G\u00f6gging, Deutschland \/ Wikimedia Commons, CC BY 2.0<\/figcaption><\/figure>\n\n\n\n<h3 class=\"wp-block-heading\"><span class=\"ez-toc-section\" id=\"8_Limes-Therme_Bad_Gogging\"><\/span>8. Limes-Therme (Bad G\u00f6gging)<span class=\"ez-toc-section-end\"><\/span><\/h3>\n\n\n\n<p class=\"wp-block-paragraph\">W Bad G\u00f6gging natrafisz na termy o bardzo g\u0142\u0119bokich korzeniach. Lecznicza woda jest tu bowiem czerpana z imponuj\u0105cej <strong>g\u0142\u0119boko\u015bci ponad 600 metr\u00f3w<\/strong> i jest pe\u0142na wa\u017cnych pierwiastk\u00f3w \u015bladowych. Poza tym kompleks szczyci si\u0119 te\u017c wod\u0105 siarkow\u0105, kt\u00f3ra wyp\u0142ywa z g\u0142\u0119boko\u015bci 120 metr\u00f3w i zachowuje naturaln\u0105 temperatur\u0119 13,5\u00b0C oraz wysok\u0105 zawarto\u015b\u0107 siarki. To bardzo specyficzny obiekt, kt\u00f3ry zachwyci g\u0142\u00f3wnie mi\u0142o\u015bnik\u00f3w spokojnego uzdrowiska.<\/p>\n\n\n\n<p class=\"wp-block-paragraph\">Do dyspozycji go\u015bci jest w sumie <strong>15 basen\u00f3w wewn\u0119trznych i zewn\u0119trznych<\/strong>, kt\u00f3re razem tworz\u0105 tafl\u0119 wodn\u0105 o wielko\u015bci 1250 metr\u00f3w kwadratowych. W basenach termalnych temperatura waha si\u0119 od orze\u017awiaj\u0105cych 28\u00b0C a\u017c po gor\u0105ce 36\u00b0C. Znajdziesz tu na przyk\u0142ad trzy r\u00f3\u017cnie usytuowane baseny Nymph\u00e4a czy specjalny basen terapeutyczny. Gwo\u017adziem programu jest sauna rzymska, kt\u00f3ra oferuje gor\u0105ce pomieszczenia rozgrzane nawet do 90\u00b0C, baseny do sch\u0142odzenia i strefy do mycia.<\/p>\n\n\n\n<p class=\"wp-block-paragraph\">Wed\u0142ug cennika na rok 2026 trzygodzinny bilet wieczorny od godziny 17 wyjdzie <strong>15 EUR<\/strong>. Je\u015bli chcia\u0142by\u015b wypr\u00f3bowa\u0107 te\u017c wspomnian\u0105 saun\u0119 rzymsk\u0105, dop\u0142acisz do taryfy kolejne 7 EUR. Ca\u0142y kompleks otacza w dodatku idylliczny ogr\u00f3d o powierzchni 600 metr\u00f3w kwadratowych. <strong>\ud83d\udca1 Wskaz\u00f3wka:<\/strong> W miesi\u0105cach letnich koniecznie zarezerwuj czas w\u0142a\u015bnie na odpoczynek w tym ogromnym ogrodzie, panuje tu cudowny spok\u00f3j i luz.<\/p>\n\n\n\n<figure data-wp-context=\"{&quot;imageId&quot;:&quot;6a9c821d148df&quot;}\" data-wp-interactive=\"core\/image\" data-wp-key=\"6a9c821d148df\" class=\"wp-block-image size-full wp-lightbox-container\"><img decoding=\"async\" width=\"1800\" height=\"1200\" data-wp-class--hide=\"state.isContentHidden\" data-wp-class--show=\"state.isContentVisible\" data-wp-init=\"callbacks.setButtonStyles\" data-wp-on--click=\"actions.showLightbox\" data-wp-on--load=\"callbacks.setButtonStyles\" data-wp-on--pointerdown=\"actions.preloadImage\" data-wp-on--pointerenter=\"actions.preloadImageWithDelay\" data-wp-on--pointerleave=\"actions.cancelPreload\" data-wp-on-window--resize=\"callbacks.setButtonStyles\" src=\"https:\/\/loudavymkrokem.cz\/wp-content\/uploads\/2026\/09\/nemecko-clanky-termaly-nemecko-14-1b6f61cf.jpg\" alt=\"Therme Bad Griesbach (Bad Griesbach)\" class=\"wp-image-415303\" title=\"\" srcset=\"https:\/\/loudavymkrokem.cz\/wp-content\/uploads\/2026\/09\/nemecko-clanky-termaly-nemecko-14-1b6f61cf.jpg 1800w, https:\/\/loudavymkrokem.cz\/wp-content\/uploads\/2026\/09\/nemecko-clanky-termaly-nemecko-14-1b6f61cf-300x200.jpg 300w, https:\/\/loudavymkrokem.cz\/wp-content\/uploads\/2026\/09\/nemecko-clanky-termaly-nemecko-14-1b6f61cf-700x467.jpg 700w, https:\/\/loudavymkrokem.cz\/wp-content\/uploads\/2026\/09\/nemecko-clanky-termaly-nemecko-14-1b6f61cf-768x512.jpg 768w, https:\/\/loudavymkrokem.cz\/wp-content\/uploads\/2026\/09\/nemecko-clanky-termaly-nemecko-14-1b6f61cf-1536x1024.jpg 1536w, https:\/\/loudavymkrokem.cz\/wp-content\/uploads\/2026\/09\/nemecko-clanky-termaly-nemecko-14-1b6f61cf-696x464.jpg 696w, https:\/\/loudavymkrokem.cz\/wp-content\/uploads\/2026\/09\/nemecko-clanky-termaly-nemecko-14-1b6f61cf-1392x928.jpg 1392w\" sizes=\"(max-width: 1800px) 100vw, 1800px\" \/><button\n\t\t\tclass=\"lightbox-trigger\"\n\t\t\ttype=\"button\"\n\t\t\taria-haspopup=\"dialog\"\n\t\t\tdata-wp-bind--aria-label=\"state.thisImage.triggerButtonAriaLabel\"\n\t\t\tdata-wp-init=\"callbacks.initTriggerButton\"\n\t\t\tdata-wp-on--click=\"actions.showLightbox\"\n\t\t\tdata-wp-style--right=\"state.thisImage.buttonRight\"\n\t\t\tdata-wp-style--top=\"state.thisImage.buttonTop\"\n\t\t>\n\t\t\t<svg xmlns=\"http:\/\/www.w3.org\/2000\/svg\" width=\"12\" height=\"12\" fill=\"none\" viewBox=\"0 0 12 12\">\n\t\t\t\t<path fill=\"#fff\" d=\"M2 0a2 2 0 0 0-2 2v2h1.5V2a.5.5 0 0 1 .5-.5h2V0H2Zm2 10.5H2a.5.5 0 0 1-.5-.5V8H0v2a2 2 0 0 0 2 2h2v-1.5ZM8 12v-1.5h2a.5.5 0 0 0 .5-.5V8H12v2a2 2 0 0 1-2 2H8Zm2-12a2 2 0 0 1 2 2v2h-1.5V2a.5.5 0 0 0-.5-.5H8V0h2Z\" \/>\n\t\t\t<\/svg>\n\t\t<\/button><\/figure>\n\n\n\n<h3 class=\"wp-block-heading\"><span class=\"ez-toc-section\" id=\"9_Therme_Bad_Griesbach_Bad_Griesbach\"><\/span>9. Therme Bad Griesbach (Bad Griesbach)<span class=\"ez-toc-section-end\"><\/span><\/h3>\n\n\n\n<p class=\"wp-block-paragraph\">Ten kompleks ludzie najcz\u0119\u015bciej szukaj\u0105 pod nazw\u0105 miasteczka, ale oficjalnie nazywa si\u0119 THERME EINS. Jego absolutnym unikatem jest \u015bwiat saun Saunahof, zbudowany w <strong>oryginalnej rottalskiej czterobocznej zagrodzie z XVIII wieku<\/strong>. Po\u0142\u0105czenie starej rustykalnej architektury z nowoczesnym doznaniem wellness dzia\u0142a tu na medal i tworzy niesamowicie przytuln\u0105 atmosfer\u0119.<\/p>\n\n\n\n<p class=\"wp-block-paragraph\">Sama cz\u0119\u015b\u0107 k\u0105pielowa oferuje a\u017c <strong>12 basen\u00f3w termalnych<\/strong>, kt\u00f3re s\u0105 nabite najr\u00f3\u017cniejszymi atrakcjami wodnymi. Mo\u017cesz da\u0107 si\u0119 masowa\u0107 pod wodospadami, przej\u015b\u0107 tor do masa\u017cu albo po prostu relaksowa\u0107 si\u0119 w jacuzzi. Temperatura wody zadowoli naprawd\u0119 ka\u017cdego, bo waha si\u0119 od przyjemnych 30\u00b0C a\u017c po niesamowicie gor\u0105ce 42\u00b0C.<\/p>\n\n\n\n<p class=\"wp-block-paragraph\">We wspomnianej historycznej zagrodzie kryje si\u0119 z kolei w sumie siedem r\u00f3\u017cnych saun, a nie brakuje te\u017c klasycznej rzymskiej \u0142a\u017ani parowej. To miejsce jak stworzone dla par i mi\u0142o\u015bnik\u00f3w tradycyjnej sauny w nietypowym otoczeniu. <strong>\ud83d\udca1 Wskaz\u00f3wka:<\/strong> Wpisuj\u0105c do nawigacji, szukaj naprawd\u0119 nazwy THERME EINS, oficjalna nazwa doprowadzi ci\u0119 do parkingu o wiele pewniej.<\/p>\n\n\n\n<figure data-wp-context=\"{&quot;imageId&quot;:&quot;6a9c821d14e3a&quot;}\" data-wp-interactive=\"core\/image\" data-wp-key=\"6a9c821d14e3a\" class=\"wp-block-image size-full wp-lightbox-container\"><img decoding=\"async\" width=\"1800\" height=\"843\" data-wp-class--hide=\"state.isContentHidden\" data-wp-class--show=\"state.isContentVisible\" data-wp-init=\"callbacks.setButtonStyles\" data-wp-on--click=\"actions.showLightbox\" data-wp-on--load=\"callbacks.setButtonStyles\" data-wp-on--pointerdown=\"actions.preloadImage\" data-wp-on--pointerenter=\"actions.preloadImageWithDelay\" data-wp-on--pointerleave=\"actions.cancelPreload\" data-wp-on-window--resize=\"callbacks.setButtonStyles\" src=\"https:\/\/loudavymkrokem.cz\/wp-content\/uploads\/2026\/09\/nemecko-clanky-termaly-nemecko-15-c78f7327.jpg\" alt=\"Zewn\u0119trzna cz\u0119\u015b\u0107 saunowa term Titania w Neus\u00e4\u00df\" class=\"wp-image-415478\" title=\"\" srcset=\"https:\/\/loudavymkrokem.cz\/wp-content\/uploads\/2026\/09\/nemecko-clanky-termaly-nemecko-15-c78f7327.jpg 1800w, https:\/\/loudavymkrokem.cz\/wp-content\/uploads\/2026\/09\/nemecko-clanky-termaly-nemecko-15-c78f7327-300x141.jpg 300w, https:\/\/loudavymkrokem.cz\/wp-content\/uploads\/2026\/09\/nemecko-clanky-termaly-nemecko-15-c78f7327-700x328.jpg 700w, https:\/\/loudavymkrokem.cz\/wp-content\/uploads\/2026\/09\/nemecko-clanky-termaly-nemecko-15-c78f7327-768x360.jpg 768w, https:\/\/loudavymkrokem.cz\/wp-content\/uploads\/2026\/09\/nemecko-clanky-termaly-nemecko-15-c78f7327-1536x719.jpg 1536w, https:\/\/loudavymkrokem.cz\/wp-content\/uploads\/2026\/09\/nemecko-clanky-termaly-nemecko-15-c78f7327-696x326.jpg 696w, https:\/\/loudavymkrokem.cz\/wp-content\/uploads\/2026\/09\/nemecko-clanky-termaly-nemecko-15-c78f7327-1392x652.jpg 1392w\" sizes=\"(max-width: 1800px) 100vw, 1800px\" \/><button\n\t\t\tclass=\"lightbox-trigger\"\n\t\t\ttype=\"button\"\n\t\t\taria-haspopup=\"dialog\"\n\t\t\tdata-wp-bind--aria-label=\"state.thisImage.triggerButtonAriaLabel\"\n\t\t\tdata-wp-init=\"callbacks.initTriggerButton\"\n\t\t\tdata-wp-on--click=\"actions.showLightbox\"\n\t\t\tdata-wp-style--right=\"state.thisImage.buttonRight\"\n\t\t\tdata-wp-style--top=\"state.thisImage.buttonTop\"\n\t\t>\n\t\t\t<svg xmlns=\"http:\/\/www.w3.org\/2000\/svg\" width=\"12\" height=\"12\" fill=\"none\" viewBox=\"0 0 12 12\">\n\t\t\t\t<path fill=\"#fff\" d=\"M2 0a2 2 0 0 0-2 2v2h1.5V2a.5.5 0 0 1 .5-.5h2V0H2Zm2 10.5H2a.5.5 0 0 1-.5-.5V8H0v2a2 2 0 0 0 2 2h2v-1.5ZM8 12v-1.5h2a.5.5 0 0 0 .5-.5V8H12v2a2 2 0 0 1-2 2H8Zm2-12a2 2 0 0 1 2 2v2h-1.5V2a.5.5 0 0 0-.5-.5H8V0h2Z\" \/>\n\t\t\t<\/svg>\n\t\t<\/button><\/figure>\n\n\n\n<h3 class=\"wp-block-heading\"><span class=\"ez-toc-section\" id=\"10_Titania_Neusas_Neusas\"><\/span>10. Titania Neus\u00e4\u00df (Neus\u00e4\u00df)<span class=\"ez-toc-section-end\"><\/span><\/h3>\n\n\n\n<p class=\"wp-block-paragraph\">Rozrywkowy i termalny kompleks w Neus\u00e4\u00df jest rajem dla mi\u0142o\u015bnik\u00f3w ekstremalnych r\u00f3\u017cnic temperatur. \u015awiat saun oferuje tu ogromn\u0105 r\u00f3\u017cnorodno\u015b\u0107, kt\u00f3ra osi\u0105ga szczyt w <strong>rozgrzanej do 95\u00b0C nordyckiej saunie Kelo<\/strong>. Opr\u00f3cz niej znajdziesz tu saun\u0119 kamienn\u0105 (85\u00b0C), saun\u0119 soln\u0105 (90\u00b0C), saun\u0119 ziemn\u0105 Erdsauna (80\u00b0C) czy absolutnie unikatow\u0105 saun\u0119 piwn\u0105 Bierst\u00fcberl. To chyba jedno z najbardziej kreatywnych centr\u00f3w saunowych w szerokiej okolicy.<\/p>\n\n\n\n<p class=\"wp-block-paragraph\">Opr\u00f3cz saun ucieszy te\u017c bogata oferta basen\u00f3w i \u0142a\u017ani. Mo\u017cesz si\u0119 rozgrza\u0107 w basenie hammam o temperaturze 34\u00b0C albo spr\u00f3bowa\u0107 gor\u0105cego basenu do siedzenia. Do sch\u0142odzenia \u015bwietnie pos\u0142u\u017cy natomiast <strong>basen zanurzeniowy z 20\u00b0C<\/strong>. Je\u015bli wolisz wilgotniejsze ciep\u0142o, skieruj si\u0119 do \u0142a\u017ani parowej albo laconicum, gdzie temperatura utrzymuje si\u0119 na przyjemnych 45\u00b0C.<\/p>\n\n\n\n<p class=\"wp-block-paragraph\">Wed\u0142ug cennika na rok 2026 zwyk\u0142y wst\u0119p dla doros\u0142ych waha si\u0119 od <strong>18,50 EUR<\/strong> za kr\u00f3tszy wst\u0119p a\u017c po 28 EUR. Bilety dzieci\u0119ce kosztuj\u0105 od 12 do 21,50 EUR w zale\u017cno\u015bci od d\u0142ugo\u015bci pobytu. Kompleks \u015bwietnie nadaje si\u0119 dla rodzin ze starszymi dzie\u0107mi, kt\u00f3re ju\u017c potrafi\u0105 doceni\u0107 r\u00f3\u017cnorodno\u015b\u0107 tutejszych atrakcji. <strong>\ud83d\udca1 Wskaz\u00f3wka:<\/strong> Je\u015bli planujesz tu przyje\u017cd\u017ca\u0107 cz\u0119\u015bciej, sprawd\u017a warunki ich klubu, bo z tak zwanymi Clubtarife doros\u0142y zap\u0142aci za wst\u0119p ju\u017c od 9,25 EUR.<\/p>\n\n\n\n<figure data-wp-context=\"{&quot;imageId&quot;:&quot;6a9c821d154e6&quot;}\" data-wp-interactive=\"core\/image\" data-wp-key=\"6a9c821d154e6\" class=\"wp-block-image size-full wp-lightbox-container\"><img decoding=\"async\" width=\"1800\" height=\"1200\" data-wp-class--hide=\"state.isContentHidden\" data-wp-class--show=\"state.isContentVisible\" data-wp-init=\"callbacks.setButtonStyles\" data-wp-on--click=\"actions.showLightbox\" data-wp-on--load=\"callbacks.setButtonStyles\" data-wp-on--pointerdown=\"actions.preloadImage\" data-wp-on--pointerenter=\"actions.preloadImageWithDelay\" data-wp-on--pointerleave=\"actions.cancelPreload\" data-wp-on-window--resize=\"callbacks.setButtonStyles\" src=\"https:\/\/loudavymkrokem.cz\/wp-content\/uploads\/2026\/09\/nemecko-clanky-termaly-nemecko-16-25ba2f69.jpg\" alt=\"Fackelmann Therme Hersbruck (Hersbruck)\" class=\"wp-image-415305\" title=\"\" srcset=\"https:\/\/loudavymkrokem.cz\/wp-content\/uploads\/2026\/09\/nemecko-clanky-termaly-nemecko-16-25ba2f69.jpg 1800w, https:\/\/loudavymkrokem.cz\/wp-content\/uploads\/2026\/09\/nemecko-clanky-termaly-nemecko-16-25ba2f69-300x200.jpg 300w, https:\/\/loudavymkrokem.cz\/wp-content\/uploads\/2026\/09\/nemecko-clanky-termaly-nemecko-16-25ba2f69-700x467.jpg 700w, https:\/\/loudavymkrokem.cz\/wp-content\/uploads\/2026\/09\/nemecko-clanky-termaly-nemecko-16-25ba2f69-768x512.jpg 768w, https:\/\/loudavymkrokem.cz\/wp-content\/uploads\/2026\/09\/nemecko-clanky-termaly-nemecko-16-25ba2f69-1536x1024.jpg 1536w, https:\/\/loudavymkrokem.cz\/wp-content\/uploads\/2026\/09\/nemecko-clanky-termaly-nemecko-16-25ba2f69-696x464.jpg 696w, https:\/\/loudavymkrokem.cz\/wp-content\/uploads\/2026\/09\/nemecko-clanky-termaly-nemecko-16-25ba2f69-1392x928.jpg 1392w\" sizes=\"(max-width: 1800px) 100vw, 1800px\" \/><button\n\t\t\tclass=\"lightbox-trigger\"\n\t\t\ttype=\"button\"\n\t\t\taria-haspopup=\"dialog\"\n\t\t\tdata-wp-bind--aria-label=\"state.thisImage.triggerButtonAriaLabel\"\n\t\t\tdata-wp-init=\"callbacks.initTriggerButton\"\n\t\t\tdata-wp-on--click=\"actions.showLightbox\"\n\t\t\tdata-wp-style--right=\"state.thisImage.buttonRight\"\n\t\t\tdata-wp-style--top=\"state.thisImage.buttonTop\"\n\t\t>\n\t\t\t<svg xmlns=\"http:\/\/www.w3.org\/2000\/svg\" width=\"12\" height=\"12\" fill=\"none\" viewBox=\"0 0 12 12\">\n\t\t\t\t<path fill=\"#fff\" d=\"M2 0a2 2 0 0 0-2 2v2h1.5V2a.5.5 0 0 1 .5-.5h2V0H2Zm2 10.5H2a.5.5 0 0 1-.5-.5V8H0v2a2 2 0 0 0 2 2h2v-1.5ZM8 12v-1.5h2a.5.5 0 0 0 .5-.5V8H12v2a2 2 0 0 1-2 2H8Zm2-12a2 2 0 0 1 2 2v2h-1.5V2a.5.5 0 0 0-.5-.5H8V0h2Z\" \/>\n\t\t\t<\/svg>\n\t\t<\/button><figcaption class=\"wp-element-caption\">Foto: Fackelmann Therme Hersbruck \/ Wikimedia Commons, CC BY-SA 3.0<\/figcaption><\/figure>\n\n\n\n<h3 class=\"wp-block-heading\"><span class=\"ez-toc-section\" id=\"11_Fackelmann_Therme_Hersbruck_Hersbruck\"><\/span>11. Fackelmann Therme Hersbruck (Hersbruck)<span class=\"ez-toc-section-end\"><\/span><\/h3>\n\n\n\n<p class=\"wp-block-paragraph\">Ten obiekt, otwarty w grudniu 2004 we franko\u0144skim Hersbrucku, kusi przede wszystkim uznan\u0105 przez pa\u0144stwo wod\u0105 lecznicz\u0105. Ma ona \u015bwietne parametry i ju\u017c bezpo\u015brednio przy \u017ar\u00f3dle osi\u0105ga temperatur\u0119 <strong>29,4\u00b0C<\/strong>. Wewn\u0119trzna cz\u0119\u015b\u0107 \u015bwiata termalnego jest pi\u0119knie o\u015bwietlona i oferuje basen z wod\u0105 o temperaturze 34\u00b0C, gdzie mo\u017cesz nawet pod powierzchni\u0105 cieszy\u0107 si\u0119 relaksuj\u0105c\u0105 muzyk\u0105 podwodn\u0105.<\/p>\n\n\n\n<p class=\"wp-block-paragraph\">Je\u015bli wolisz oddycha\u0107 \u015bwie\u017cym powietrzem, skieruj si\u0119 do zewn\u0119trznego basenu termalnego, kt\u00f3ry jest rozgrzany do wspania\u0142ych <strong>36\u00b0C<\/strong>. Mo\u017cesz si\u0119 tu po\u0142o\u017cy\u0107 na le\u017cankach z b\u0105belkami albo da\u0107 sobie wymasowa\u0107 plecy tutejszymi dyszami. Z kompleksu bije luz i dzi\u0119ki mniejszym rozmiarom nie sprawia tak anonimowego wra\u017cenia jak ogromne giganty typu Erding.<\/p>\n\n\n\n<p class=\"wp-block-paragraph\">Wed\u0142ug cennika na rok 2026 przy przekroczeniu op\u0142aconego czasu naliczaj\u0105 dop\u0142at\u0119 <strong>1 EUR za ka\u017cde rozpocz\u0119te p\u00f3\u0142 godziny<\/strong>. Je\u015bli zapomnisz sprz\u0119tu w domu, to \u017caden problem, bo za 2,50 EUR wypo\u017cycz\u0105 ci tu r\u0119cznik, a za 5 EUR szlafrok. <strong>\ud83d\udca1 Wskaz\u00f3wka:<\/strong> Wykorzystaj mo\u017cliwo\u015b\u0107 wypo\u017cyczenia szlafroka na miejscu, do plecaka lub walizki zmie\u015bci ci si\u0119 wtedy du\u017co innych rzeczy i nie musisz taszczy\u0107 obszernego prania.<\/p>\n\n\n\n<figure data-wp-context=\"{&quot;imageId&quot;:&quot;6a9c821d159d7&quot;}\" data-wp-interactive=\"core\/image\" data-wp-key=\"6a9c821d159d7\" class=\"wp-block-image size-full wp-lightbox-container\"><img decoding=\"async\" width=\"1800\" height=\"1350\" data-wp-class--hide=\"state.isContentHidden\" data-wp-class--show=\"state.isContentVisible\" data-wp-init=\"callbacks.setButtonStyles\" data-wp-on--click=\"actions.showLightbox\" data-wp-on--load=\"callbacks.setButtonStyles\" data-wp-on--pointerdown=\"actions.preloadImage\" data-wp-on--pointerenter=\"actions.preloadImageWithDelay\" data-wp-on--pointerleave=\"actions.cancelPreload\" data-wp-on-window--resize=\"callbacks.setButtonStyles\" src=\"https:\/\/loudavymkrokem.cz\/wp-content\/uploads\/2026\/09\/nemecko-clanky-termaly-nemecko-17-4ae5052a.jpg\" alt=\"ThermeNatur (Bad Rodach)\" class=\"wp-image-415306\" title=\"\" srcset=\"https:\/\/loudavymkrokem.cz\/wp-content\/uploads\/2026\/09\/nemecko-clanky-termaly-nemecko-17-4ae5052a.jpg 1800w, https:\/\/loudavymkrokem.cz\/wp-content\/uploads\/2026\/09\/nemecko-clanky-termaly-nemecko-17-4ae5052a-300x225.jpg 300w, https:\/\/loudavymkrokem.cz\/wp-content\/uploads\/2026\/09\/nemecko-clanky-termaly-nemecko-17-4ae5052a-700x525.jpg 700w, https:\/\/loudavymkrokem.cz\/wp-content\/uploads\/2026\/09\/nemecko-clanky-termaly-nemecko-17-4ae5052a-768x576.jpg 768w, https:\/\/loudavymkrokem.cz\/wp-content\/uploads\/2026\/09\/nemecko-clanky-termaly-nemecko-17-4ae5052a-1536x1152.jpg 1536w, https:\/\/loudavymkrokem.cz\/wp-content\/uploads\/2026\/09\/nemecko-clanky-termaly-nemecko-17-4ae5052a-80x60.jpg 80w, https:\/\/loudavymkrokem.cz\/wp-content\/uploads\/2026\/09\/nemecko-clanky-termaly-nemecko-17-4ae5052a-160x120.jpg 160w, https:\/\/loudavymkrokem.cz\/wp-content\/uploads\/2026\/09\/nemecko-clanky-termaly-nemecko-17-4ae5052a-696x522.jpg 696w, https:\/\/loudavymkrokem.cz\/wp-content\/uploads\/2026\/09\/nemecko-clanky-termaly-nemecko-17-4ae5052a-1392x1044.jpg 1392w\" sizes=\"(max-width: 1800px) 100vw, 1800px\" \/><button\n\t\t\tclass=\"lightbox-trigger\"\n\t\t\ttype=\"button\"\n\t\t\taria-haspopup=\"dialog\"\n\t\t\tdata-wp-bind--aria-label=\"state.thisImage.triggerButtonAriaLabel\"\n\t\t\tdata-wp-init=\"callbacks.initTriggerButton\"\n\t\t\tdata-wp-on--click=\"actions.showLightbox\"\n\t\t\tdata-wp-style--right=\"state.thisImage.buttonRight\"\n\t\t\tdata-wp-style--top=\"state.thisImage.buttonTop\"\n\t\t>\n\t\t\t<svg xmlns=\"http:\/\/www.w3.org\/2000\/svg\" width=\"12\" height=\"12\" fill=\"none\" viewBox=\"0 0 12 12\">\n\t\t\t\t<path fill=\"#fff\" d=\"M2 0a2 2 0 0 0-2 2v2h1.5V2a.5.5 0 0 1 .5-.5h2V0H2Zm2 10.5H2a.5.5 0 0 1-.5-.5V8H0v2a2 2 0 0 0 2 2h2v-1.5ZM8 12v-1.5h2a.5.5 0 0 0 .5-.5V8H12v2a2 2 0 0 1-2 2H8Zm2-12a2 2 0 0 1 2 2v2h-1.5V2a.5.5 0 0 0-.5-.5H8V0h2Z\" \/>\n\t\t\t<\/svg>\n\t\t<\/button><\/figure>\n\n\n\n<h3 class=\"wp-block-heading\"><span class=\"ez-toc-section\" id=\"12_ThermeNatur_Bad_Rodach\"><\/span>12. ThermeNatur (Bad Rodach)<span class=\"ez-toc-section-end\"><\/span><\/h3>\n\n\n\n<p class=\"wp-block-paragraph\">Ten kompleks uzdrowiskowy znajdziesz w miasteczku Bad Rodach i jest znany przede wszystkim dzi\u0119ki wyj\u0105tkowo wysokiej jako\u015bci wodzie. Tutejsze \u017ar\u00f3d\u0142o termalne, odkryte w roku 1972, jest czerpane z <strong>g\u0142\u0119boko\u015bci 652 metr\u00f3w<\/strong> i szczyci si\u0119 tytu\u0142em najcieplejszego \u017ar\u00f3d\u0142a w ca\u0142ym szerokim regionie. Bezpo\u015brednio z g\u0142\u0119bin ziemi wyp\u0142ywa o temperaturze pi\u0119knych 34\u00b0C.<\/p>\n\n\n\n<p class=\"wp-block-paragraph\">Kompleks jest pomy\u015blany raczej jako tradycyjne uzdrowisko i nie znajdziesz tu dzikich t\u0142um\u00f3w \u017c\u0105dnych adrenaliny. Do dyspozycji jest tu <strong>krajobraz k\u0105pielowy i saunowy<\/strong>, kt\u00f3ry uzupe\u0142nia wyspecjalizowany dzia\u0142 wellness. To dok\u0142adnie ten typ miejsca, dok\u0105d jedziesz nabra\u0107 si\u0142, zwolni\u0107 i pozwoli\u0107 leczniczej wodzie, by wykona\u0142a swoj\u0105 prac\u0119 na twoim aparacie ruchu.<\/p>\n\n\n\n<p class=\"wp-block-paragraph\">Nadaje si\u0119 przede wszystkim dla doros\u0142ych, par i senior\u00f3w szukaj\u0105cych spokoju i prawdziwej rehabilitacji. Je\u015bli wi\u0119c my\u015blisz o cichym weekendzie z ksi\u0105\u017ck\u0105 i rozgrzewaniem staw\u00f3w, tu nie chybisz. <strong>\ud83d\udca1 Wskaz\u00f3wka:<\/strong> Je\u015bli masz problemy z plecami, zapisz si\u0119 wcze\u015bniej na jeden z zabieg\u00f3w w tutejszym dziale wellness, maj\u0105 ogromne do\u015bwiadczenie w wykorzystaniu miejscowej wody.<\/p>\n\n\n\n<figure data-wp-context=\"{&quot;imageId&quot;:&quot;6a9c821d15f42&quot;}\" data-wp-interactive=\"core\/image\" data-wp-key=\"6a9c821d15f42\" class=\"wp-block-image size-full wp-lightbox-container\"><img decoding=\"async\" width=\"1800\" height=\"1200\" data-wp-class--hide=\"state.isContentHidden\" data-wp-class--show=\"state.isContentVisible\" data-wp-init=\"callbacks.setButtonStyles\" data-wp-on--click=\"actions.showLightbox\" data-wp-on--load=\"callbacks.setButtonStyles\" data-wp-on--pointerdown=\"actions.preloadImage\" data-wp-on--pointerenter=\"actions.preloadImageWithDelay\" data-wp-on--pointerleave=\"actions.cancelPreload\" data-wp-on-window--resize=\"callbacks.setButtonStyles\" src=\"https:\/\/loudavymkrokem.cz\/wp-content\/uploads\/2026\/09\/nemecko-clanky-termaly-nemecko-18-1233e231.jpg\" alt=\"Johannesbad Therme Bad F\u00fcssing (Bad F\u00fcssing)\" class=\"wp-image-415307\" title=\"\" srcset=\"https:\/\/loudavymkrokem.cz\/wp-content\/uploads\/2026\/09\/nemecko-clanky-termaly-nemecko-18-1233e231.jpg 1800w, https:\/\/loudavymkrokem.cz\/wp-content\/uploads\/2026\/09\/nemecko-clanky-termaly-nemecko-18-1233e231-300x200.jpg 300w, https:\/\/loudavymkrokem.cz\/wp-content\/uploads\/2026\/09\/nemecko-clanky-termaly-nemecko-18-1233e231-700x467.jpg 700w, https:\/\/loudavymkrokem.cz\/wp-content\/uploads\/2026\/09\/nemecko-clanky-termaly-nemecko-18-1233e231-768x512.jpg 768w, https:\/\/loudavymkrokem.cz\/wp-content\/uploads\/2026\/09\/nemecko-clanky-termaly-nemecko-18-1233e231-1536x1024.jpg 1536w, https:\/\/loudavymkrokem.cz\/wp-content\/uploads\/2026\/09\/nemecko-clanky-termaly-nemecko-18-1233e231-696x464.jpg 696w, https:\/\/loudavymkrokem.cz\/wp-content\/uploads\/2026\/09\/nemecko-clanky-termaly-nemecko-18-1233e231-1392x928.jpg 1392w\" sizes=\"(max-width: 1800px) 100vw, 1800px\" \/><button\n\t\t\tclass=\"lightbox-trigger\"\n\t\t\ttype=\"button\"\n\t\t\taria-haspopup=\"dialog\"\n\t\t\tdata-wp-bind--aria-label=\"state.thisImage.triggerButtonAriaLabel\"\n\t\t\tdata-wp-init=\"callbacks.initTriggerButton\"\n\t\t\tdata-wp-on--click=\"actions.showLightbox\"\n\t\t\tdata-wp-style--right=\"state.thisImage.buttonRight\"\n\t\t\tdata-wp-style--top=\"state.thisImage.buttonTop\"\n\t\t>\n\t\t\t<svg xmlns=\"http:\/\/www.w3.org\/2000\/svg\" width=\"12\" height=\"12\" fill=\"none\" viewBox=\"0 0 12 12\">\n\t\t\t\t<path fill=\"#fff\" d=\"M2 0a2 2 0 0 0-2 2v2h1.5V2a.5.5 0 0 1 .5-.5h2V0H2Zm2 10.5H2a.5.5 0 0 1-.5-.5V8H0v2a2 2 0 0 0 2 2h2v-1.5ZM8 12v-1.5h2a.5.5 0 0 0 .5-.5V8H12v2a2 2 0 0 1-2 2H8Zm2-12a2 2 0 0 1 2 2v2h-1.5V2a.5.5 0 0 0-.5-.5H8V0h2Z\" \/>\n\t\t\t<\/svg>\n\t\t<\/button><\/figure>\n\n\n\n<h3 class=\"wp-block-heading\"><span class=\"ez-toc-section\" id=\"13_Johannesbad_Therme_Bad_Fussing_Bad_Fussing\"><\/span>13. Johannesbad Therme Bad F\u00fcssing (Bad F\u00fcssing)<span class=\"ez-toc-section-end\"><\/span><\/h3>\n\n\n\n<p class=\"wp-block-paragraph\">Podczas wizyty w Bad F\u00fcssing natrafisz na kompleks, kt\u00f3ry zalicza si\u0119 do najwi\u0119kszych term w ca\u0142ej Europie. Oferuje bowiem niewiarygodne <strong>4500 metr\u00f3w kwadratowych tafli wodnej<\/strong>, kt\u00f3ra rozci\u0105ga si\u0119 w trzynastu ogromnych basenach. Woda pochodzi ze \u017ar\u00f3d\u0142a Johannesquelle, kt\u00f3re odwierci\u0142a tu w roku 1964 rodzina Zwick\u00f3w, i przychodzi z g\u0142\u0119boko\u015bci r\u00f3wnego tysi\u0105ca metr\u00f3w.<\/p>\n\n\n\n<p class=\"wp-block-paragraph\">Bezpo\u015brednio przy \u017ar\u00f3dle woda ma <strong>56\u00b0C<\/strong>, ale w basenach sp\u0119dzisz z ni\u0105 czas sch\u0142odzon\u0105 do przyjemnych 27 do 39\u00b0C. Kompleks, kt\u00f3ry funkcjonuje od roku 1969 wraz z przyleg\u0142\u0105 klinik\u0105, otaczaj\u0105 gigantyczne zewn\u0119trzne powierzchnie do le\u017cenia o wielko\u015bci 60 000 metr\u00f3w kwadratowych. Nie brakuje tu te\u017c cz\u0119\u015bci saunowej wielko\u015bci 800 metr\u00f3w kwadratowych z czterema saunami i \u0142a\u017ani\u0105 parow\u0105.<\/p>\n\n\n\n<p class=\"wp-block-paragraph\">To gigant nastawiony mocno na zdrowie, profilaktyk\u0119 i leczenie, wi\u0119c kieruje si\u0119 tu ogromna liczba os\u00f3b na rehabilitacj\u0119. Nie oczekuj tu intymnej atmosfery, ale raczej pierwszorz\u0119dnej opieki uzdrowiskowej na ogromn\u0105 skal\u0119. <strong>\ud83d\udca1 Wskaz\u00f3wka:<\/strong> W miesi\u0105cach letnich koniecznie we\u017a du\u017cy koc, te ogromne trawiaste powierzchnie na zewn\u0105trz s\u0105 idealne do ca\u0142odziennego le\u017cenia na s\u0142o\u0144cu.<\/p>\n\n\n\n<figure data-wp-context=\"{&quot;imageId&quot;:&quot;6a9c821d164cf&quot;}\" data-wp-interactive=\"core\/image\" data-wp-key=\"6a9c821d164cf\" class=\"wp-block-image size-full wp-lightbox-container\"><img decoding=\"async\" width=\"1800\" height=\"750\" data-wp-class--hide=\"state.isContentHidden\" data-wp-class--show=\"state.isContentVisible\" data-wp-init=\"callbacks.setButtonStyles\" data-wp-on--click=\"actions.showLightbox\" data-wp-on--load=\"callbacks.setButtonStyles\" data-wp-on--pointerdown=\"actions.preloadImage\" data-wp-on--pointerenter=\"actions.preloadImageWithDelay\" data-wp-on--pointerleave=\"actions.cancelPreload\" data-wp-on-window--resize=\"callbacks.setButtonStyles\" src=\"https:\/\/loudavymkrokem.cz\/wp-content\/uploads\/2026\/09\/nemecko-clanky-termaly-nemecko-19-48dd8934.jpg\" alt=\"Basen z atrakcjami wodnymi w Europa Therme w Bad F\u00fcssing\" class=\"wp-image-415483\" title=\"\" srcset=\"https:\/\/loudavymkrokem.cz\/wp-content\/uploads\/2026\/09\/nemecko-clanky-termaly-nemecko-19-48dd8934.jpg 1800w, https:\/\/loudavymkrokem.cz\/wp-content\/uploads\/2026\/09\/nemecko-clanky-termaly-nemecko-19-48dd8934-300x125.jpg 300w, https:\/\/loudavymkrokem.cz\/wp-content\/uploads\/2026\/09\/nemecko-clanky-termaly-nemecko-19-48dd8934-700x292.jpg 700w, https:\/\/loudavymkrokem.cz\/wp-content\/uploads\/2026\/09\/nemecko-clanky-termaly-nemecko-19-48dd8934-768x320.jpg 768w, https:\/\/loudavymkrokem.cz\/wp-content\/uploads\/2026\/09\/nemecko-clanky-termaly-nemecko-19-48dd8934-1536x640.jpg 1536w, https:\/\/loudavymkrokem.cz\/wp-content\/uploads\/2026\/09\/nemecko-clanky-termaly-nemecko-19-48dd8934-696x290.jpg 696w, https:\/\/loudavymkrokem.cz\/wp-content\/uploads\/2026\/09\/nemecko-clanky-termaly-nemecko-19-48dd8934-1392x580.jpg 1392w\" sizes=\"(max-width: 1800px) 100vw, 1800px\" \/><button\n\t\t\tclass=\"lightbox-trigger\"\n\t\t\ttype=\"button\"\n\t\t\taria-haspopup=\"dialog\"\n\t\t\tdata-wp-bind--aria-label=\"state.thisImage.triggerButtonAriaLabel\"\n\t\t\tdata-wp-init=\"callbacks.initTriggerButton\"\n\t\t\tdata-wp-on--click=\"actions.showLightbox\"\n\t\t\tdata-wp-style--right=\"state.thisImage.buttonRight\"\n\t\t\tdata-wp-style--top=\"state.thisImage.buttonTop\"\n\t\t>\n\t\t\t<svg xmlns=\"http:\/\/www.w3.org\/2000\/svg\" width=\"12\" height=\"12\" fill=\"none\" viewBox=\"0 0 12 12\">\n\t\t\t\t<path fill=\"#fff\" d=\"M2 0a2 2 0 0 0-2 2v2h1.5V2a.5.5 0 0 1 .5-.5h2V0H2Zm2 10.5H2a.5.5 0 0 1-.5-.5V8H0v2a2 2 0 0 0 2 2h2v-1.5ZM8 12v-1.5h2a.5.5 0 0 0 .5-.5V8H12v2a2 2 0 0 1-2 2H8Zm2-12a2 2 0 0 1 2 2v2h-1.5V2a.5.5 0 0 0-.5-.5H8V0h2Z\" \/>\n\t\t\t<\/svg>\n\t\t<\/button><\/figure>\n\n\n\n<h3 class=\"wp-block-heading\"><span class=\"ez-toc-section\" id=\"14_Europa_Therme_Bad_Fussing\"><\/span>14. Europa Therme (Bad F\u00fcssing)<span class=\"ez-toc-section-end\"><\/span><\/h3>\n\n\n\n<p class=\"wp-block-paragraph\">Drugi ogromny kompleks uzdrowiskowy w Bad F\u00fcssing kusi krajobrazem termalnym o powierzchni 3000 metr\u00f3w kwadratowych. Jego absolutn\u0105 dominant\u0105 jest <strong>120-metrowy kana\u0142 z pr\u0105dem<\/strong>, kt\u00f3ry jest pod\u0142\u0105czony do ogromnego basenu z atrakcjami Nymph\u00e4um z wod\u0105 o temperaturze 36\u00b0C. Tutejsze pr\u0105dy, \u0142aweczki z b\u0105belkami i dzia\u0142a wodne potrafi\u0105 ci\u0119 zabawi\u0107 na bardzo d\u0142ugi czas.<\/p>\n\n\n\n<p class=\"wp-block-paragraph\">Znajdziesz tu <strong>17 r\u00f3\u017cnych basen\u00f3w<\/strong> o temperaturach od 27 do 40\u00b0C. Odpoczywa\u0107 mo\u017cesz w basenie z muzyk\u0105 podwodn\u0105 rozgrzanym do 37\u00b0C, w grocie z rozgwie\u017cd\u017conym niebem albo przy powietrznych le\u017cankach z b\u0105belkami. Kto chce pop\u0142ywa\u0107, doceni dwa baseny dla p\u0142ywaj\u0105cych na plecach z ch\u0142odniejsz\u0105 wod\u0105 oko\u0142o 29\u00b0C. Nie brakuje te\u017c lubianego zewn\u0119trznego basenu naprzemiennego o temperaturach 18 i 40\u00b0C.<\/p>\n\n\n\n<p class=\"wp-block-paragraph\">Wed\u0142ug cennika na rok 2026 wst\u0119p jest dozwolony tylko dla <strong>dzieci od 3 lat<\/strong>, wi\u0119c z niemowlakami niestety ci\u0119 tu nie wpuszcz\u0105. Je\u015bli w kompleksie zabawisz d\u0142u\u017cej, ni\u017c masz op\u0142acone, naliczaj\u0105 dop\u0142at\u0119 1 EUR za ka\u017cde rozpocz\u0119te p\u00f3\u0142 godziny. <strong>\ud83d\udca1 Wskaz\u00f3wka:<\/strong> Za drobn\u0105 dop\u0142at\u0105 2 euro mo\u017cesz do wst\u0119pu termalnego dokupi\u0107 wizyt\u0119 w Aerosalza, czyli specjalnym pomieszczeniu \u015bwietnym dla twoich p\u0142uc.<\/p>\n\n\n\n<figure data-wp-context=\"{&quot;imageId&quot;:&quot;6a9c821d169b9&quot;}\" data-wp-interactive=\"core\/image\" data-wp-key=\"6a9c821d169b9\" class=\"wp-block-image size-full wp-lightbox-container\"><img decoding=\"async\" width=\"1800\" height=\"1012\" data-wp-class--hide=\"state.isContentHidden\" data-wp-class--show=\"state.isContentVisible\" data-wp-init=\"callbacks.setButtonStyles\" data-wp-on--click=\"actions.showLightbox\" data-wp-on--load=\"callbacks.setButtonStyles\" data-wp-on--pointerdown=\"actions.preloadImage\" data-wp-on--pointerenter=\"actions.preloadImageWithDelay\" data-wp-on--pointerleave=\"actions.cancelPreload\" data-wp-on-window--resize=\"callbacks.setButtonStyles\" src=\"https:\/\/loudavymkrokem.cz\/wp-content\/uploads\/2026\/09\/nemecko-clanky-termaly-nemecko-20-018a6875.jpg\" alt=\"Kompleks termalny Sibyllenbad w Neualbenreuth z lotu ptaka\" class=\"wp-image-415309\" title=\"\" srcset=\"https:\/\/loudavymkrokem.cz\/wp-content\/uploads\/2026\/09\/nemecko-clanky-termaly-nemecko-20-018a6875.jpg 1800w, https:\/\/loudavymkrokem.cz\/wp-content\/uploads\/2026\/09\/nemecko-clanky-termaly-nemecko-20-018a6875-300x169.jpg 300w, https:\/\/loudavymkrokem.cz\/wp-content\/uploads\/2026\/09\/nemecko-clanky-termaly-nemecko-20-018a6875-700x394.jpg 700w, https:\/\/loudavymkrokem.cz\/wp-content\/uploads\/2026\/09\/nemecko-clanky-termaly-nemecko-20-018a6875-768x432.jpg 768w, https:\/\/loudavymkrokem.cz\/wp-content\/uploads\/2026\/09\/nemecko-clanky-termaly-nemecko-20-018a6875-1536x864.jpg 1536w, https:\/\/loudavymkrokem.cz\/wp-content\/uploads\/2026\/09\/nemecko-clanky-termaly-nemecko-20-018a6875-696x391.jpg 696w, https:\/\/loudavymkrokem.cz\/wp-content\/uploads\/2026\/09\/nemecko-clanky-termaly-nemecko-20-018a6875-1392x783.jpg 1392w\" sizes=\"(max-width: 1800px) 100vw, 1800px\" \/><button\n\t\t\tclass=\"lightbox-trigger\"\n\t\t\ttype=\"button\"\n\t\t\taria-haspopup=\"dialog\"\n\t\t\tdata-wp-bind--aria-label=\"state.thisImage.triggerButtonAriaLabel\"\n\t\t\tdata-wp-init=\"callbacks.initTriggerButton\"\n\t\t\tdata-wp-on--click=\"actions.showLightbox\"\n\t\t\tdata-wp-style--right=\"state.thisImage.buttonRight\"\n\t\t\tdata-wp-style--top=\"state.thisImage.buttonTop\"\n\t\t>\n\t\t\t<svg xmlns=\"http:\/\/www.w3.org\/2000\/svg\" width=\"12\" height=\"12\" fill=\"none\" viewBox=\"0 0 12 12\">\n\t\t\t\t<path fill=\"#fff\" d=\"M2 0a2 2 0 0 0-2 2v2h1.5V2a.5.5 0 0 1 .5-.5h2V0H2Zm2 10.5H2a.5.5 0 0 1-.5-.5V8H0v2a2 2 0 0 0 2 2h2v-1.5ZM8 12v-1.5h2a.5.5 0 0 0 .5-.5V8H12v2a2 2 0 0 1-2 2H8Zm2-12a2 2 0 0 1 2 2v2h-1.5V2a.5.5 0 0 0-.5-.5H8V0h2Z\" \/>\n\t\t\t<\/svg>\n\t\t<\/button><\/figure>\n\n\n\n<h3 class=\"wp-block-heading\"><span class=\"ez-toc-section\" id=\"15_Sibyllenbad_Neualbenreuth\"><\/span>15. Sibyllenbad (Neualbenreuth)<span class=\"ez-toc-section-end\"><\/span><\/h3>\n\n\n\n<p class=\"wp-block-paragraph\">Ten kompleks znajdziesz dos\u0142ownie kawa\u0142ek od granicy z Czechami, a jego g\u0142\u00f3wnym magnesem jest lecznicza <strong>woda w\u0119glanowo-mineralna ze \u017ar\u00f3d\u0142a Sibyllenquelle<\/strong>. Tutejsza lecznicza woda rozgrzeje ci\u0119 do wspania\u0142ych 34 do 36\u00b0C, a mo\u017cesz si\u0119 ni\u0105 delektowa\u0107 pod licznymi wodnymi wylewkami w kszta\u0142cie \u0142ab\u0119dzich szyj albo da\u0107 si\u0119 delikatnie masowa\u0107 pod\u0142ogowym b\u0105belkarkom.<\/p>\n\n\n\n<p class=\"wp-block-paragraph\">Kompleks jest zaprojektowany bardzo gustownie i dzi\u0119ki blisko\u015bci jest w\u015br\u00f3d odwiedzaj\u0105cych z okolicy do\u015b\u0107 popularny, cho\u0107 nie nale\u017cy do tych najwi\u0119kszych gigant\u00f3w. Wed\u0142ug cennika na rok 2026 za dwie godziny w cz\u0119\u015bci basenowej zap\u0142acisz <strong>9 EUR<\/strong>, trzy godziny kosztuj\u0105 12 EUR, a bilet ca\u0142odzienny kupisz za 19 EUR. Je\u015bli chcia\u0142by\u015b po\u0142\u0105czy\u0107 baseny od razu ze \u015bwiatem saun, bilet ca\u0142odzienny wyjdzie ci\u0119 29 EUR.<\/p>\n\n\n\n<p class=\"wp-block-paragraph\">Od czerwca do sierpnia oferuj\u0105 w dodatku specjalny wieczorny wst\u0119p do sauny. Obowi\u0105zuje od godziny 17 i kosztuje sympatyczne 15 EUR. To idealny i przyst\u0119pny cenowo wariant na spokojne rozgrzanie cia\u0142a po ci\u0119\u017ckim dniu w pracy. <strong>\ud83d\udca1 Wskaz\u00f3wka:<\/strong> Je\u015bli mieszkasz kawa\u0142ek od granicy, wykorzystaj w\u0142a\u015bnie t\u0119 letni\u0105 taryf\u0119 wieczorn\u0105, za t\u0119 cen\u0119 to chyba najlepszy relaks w okolicy.<\/p>\n\n\n\n<figure data-wp-context=\"{&quot;imageId&quot;:&quot;6a9c821d16f77&quot;}\" data-wp-interactive=\"core\/image\" data-wp-key=\"6a9c821d16f77\" class=\"wp-block-image size-full wp-lightbox-container\"><img decoding=\"async\" width=\"1800\" height=\"1200\" data-wp-class--hide=\"state.isContentHidden\" data-wp-class--show=\"state.isContentVisible\" data-wp-init=\"callbacks.setButtonStyles\" data-wp-on--click=\"actions.showLightbox\" data-wp-on--load=\"callbacks.setButtonStyles\" data-wp-on--pointerdown=\"actions.preloadImage\" data-wp-on--pointerenter=\"actions.preloadImageWithDelay\" data-wp-on--pointerleave=\"actions.cancelPreload\" data-wp-on-window--resize=\"callbacks.setButtonStyles\" src=\"https:\/\/loudavymkrokem.cz\/wp-content\/uploads\/2026\/09\/nemecko-clanky-termaly-nemecko-21-f3489141.jpg\" alt=\"Zdobiona fasada historycznego uzdrowiska Friedrichsbad w Baden-Baden\" class=\"wp-image-415310\" title=\"\" srcset=\"https:\/\/loudavymkrokem.cz\/wp-content\/uploads\/2026\/09\/nemecko-clanky-termaly-nemecko-21-f3489141.jpg 1800w, https:\/\/loudavymkrokem.cz\/wp-content\/uploads\/2026\/09\/nemecko-clanky-termaly-nemecko-21-f3489141-300x200.jpg 300w, https:\/\/loudavymkrokem.cz\/wp-content\/uploads\/2026\/09\/nemecko-clanky-termaly-nemecko-21-f3489141-700x467.jpg 700w, https:\/\/loudavymkrokem.cz\/wp-content\/uploads\/2026\/09\/nemecko-clanky-termaly-nemecko-21-f3489141-768x512.jpg 768w, https:\/\/loudavymkrokem.cz\/wp-content\/uploads\/2026\/09\/nemecko-clanky-termaly-nemecko-21-f3489141-1536x1024.jpg 1536w, https:\/\/loudavymkrokem.cz\/wp-content\/uploads\/2026\/09\/nemecko-clanky-termaly-nemecko-21-f3489141-696x464.jpg 696w, https:\/\/loudavymkrokem.cz\/wp-content\/uploads\/2026\/09\/nemecko-clanky-termaly-nemecko-21-f3489141-1392x928.jpg 1392w\" sizes=\"(max-width: 1800px) 100vw, 1800px\" \/><button\n\t\t\tclass=\"lightbox-trigger\"\n\t\t\ttype=\"button\"\n\t\t\taria-haspopup=\"dialog\"\n\t\t\tdata-wp-bind--aria-label=\"state.thisImage.triggerButtonAriaLabel\"\n\t\t\tdata-wp-init=\"callbacks.initTriggerButton\"\n\t\t\tdata-wp-on--click=\"actions.showLightbox\"\n\t\t\tdata-wp-style--right=\"state.thisImage.buttonRight\"\n\t\t\tdata-wp-style--top=\"state.thisImage.buttonTop\"\n\t\t>\n\t\t\t<svg xmlns=\"http:\/\/www.w3.org\/2000\/svg\" width=\"12\" height=\"12\" fill=\"none\" viewBox=\"0 0 12 12\">\n\t\t\t\t<path fill=\"#fff\" d=\"M2 0a2 2 0 0 0-2 2v2h1.5V2a.5.5 0 0 1 .5-.5h2V0H2Zm2 10.5H2a.5.5 0 0 1-.5-.5V8H0v2a2 2 0 0 0 2 2h2v-1.5ZM8 12v-1.5h2a.5.5 0 0 0 .5-.5V8H12v2a2 2 0 0 1-2 2H8Zm2-12a2 2 0 0 1 2 2v2h-1.5V2a.5.5 0 0 0-.5-.5H8V0h2Z\" \/>\n\t\t\t<\/svg>\n\t\t<\/button><figcaption class=\"wp-element-caption\">Foto: A.Savin \/ Wikimedia Commons, CC BY-SA 3.0<\/figcaption><\/figure>\n\n\n\n<h2 class=\"wp-block-heading\"><span class=\"ez-toc-section\" id=\"Termy_w_Badenii-Wirtembergii\"><\/span>Termy w Badenii-Wirtembergii<span class=\"ez-toc-section-end\"><\/span><\/h2>\n\n\n\n<p class=\"wp-block-paragraph\">Badenia-Wirtembergia to absolutna klasyka, je\u015bli szukasz prawdziwej <strong>tradycyjnej kultury uzdrowiskowej<\/strong>. W\u0142a\u015bnie tu znajdziesz s\u0142ynne Baden-Baden i prawdopodobnie najwi\u0119ksz\u0105 koncentracj\u0119 miast z przedrostkiem \u201eBad&#8221; z ca\u0142ych Niemiec. Uwierz mi, \u017ce o \u017ar\u00f3d\u0142a mineralne tu na pewno nie trudno, a na swoje przyjd\u0105 mi\u0142o\u015bnicy historii i nowoczesnej relaksacji.<\/p>\n\n\n\n<p class=\"wp-block-paragraph\">Opr\u00f3cz historycznych uzdrowisk ten kraj zwi\u0105zkowy szczyci si\u0119 jednak te\u017c unikatem. Stoj\u0105 tu bowiem <strong>dwie ogromne tropikalne termy<\/strong>, kt\u00f3re wybudowa\u0142 znany wizjoner Josef Wund. Je\u015bli wi\u0119c marzysz o egzotyce pod przeszklon\u0105 kopu\u0142\u0105, masz si\u0119 na co cieszy\u0107.<\/p>\n\n\n\n<figure data-wp-context=\"{&quot;imageId&quot;:&quot;6a9c821d17506&quot;}\" data-wp-interactive=\"core\/image\" data-wp-key=\"6a9c821d17506\" class=\"wp-block-image size-full wp-lightbox-container\"><img decoding=\"async\" width=\"1800\" height=\"1201\" data-wp-class--hide=\"state.isContentHidden\" data-wp-class--show=\"state.isContentVisible\" data-wp-init=\"callbacks.setButtonStyles\" data-wp-on--click=\"actions.showLightbox\" data-wp-on--load=\"callbacks.setButtonStyles\" data-wp-on--pointerdown=\"actions.preloadImage\" data-wp-on--pointerenter=\"actions.preloadImageWithDelay\" data-wp-on--pointerleave=\"actions.cancelPreload\" data-wp-on-window--resize=\"callbacks.setButtonStyles\" src=\"https:\/\/loudavymkrokem.cz\/wp-content\/uploads\/2026\/09\/nemecko-clanky-termaly-nemecko-22-938982ac.jpg\" alt=\"Thermen &#038; Badewelt Sinsheim (Sinsheim): basen pod panoramicznym dachem\" class=\"wp-image-415311\" title=\"\" srcset=\"https:\/\/loudavymkrokem.cz\/wp-content\/uploads\/2026\/09\/nemecko-clanky-termaly-nemecko-22-938982ac.jpg 1800w, https:\/\/loudavymkrokem.cz\/wp-content\/uploads\/2026\/09\/nemecko-clanky-termaly-nemecko-22-938982ac-300x200.jpg 300w, https:\/\/loudavymkrokem.cz\/wp-content\/uploads\/2026\/09\/nemecko-clanky-termaly-nemecko-22-938982ac-700x467.jpg 700w, https:\/\/loudavymkrokem.cz\/wp-content\/uploads\/2026\/09\/nemecko-clanky-termaly-nemecko-22-938982ac-768x512.jpg 768w, https:\/\/loudavymkrokem.cz\/wp-content\/uploads\/2026\/09\/nemecko-clanky-termaly-nemecko-22-938982ac-1536x1025.jpg 1536w, https:\/\/loudavymkrokem.cz\/wp-content\/uploads\/2026\/09\/nemecko-clanky-termaly-nemecko-22-938982ac-696x464.jpg 696w, https:\/\/loudavymkrokem.cz\/wp-content\/uploads\/2026\/09\/nemecko-clanky-termaly-nemecko-22-938982ac-1392x929.jpg 1392w\" sizes=\"(max-width: 1800px) 100vw, 1800px\" \/><button\n\t\t\tclass=\"lightbox-trigger\"\n\t\t\ttype=\"button\"\n\t\t\taria-haspopup=\"dialog\"\n\t\t\tdata-wp-bind--aria-label=\"state.thisImage.triggerButtonAriaLabel\"\n\t\t\tdata-wp-init=\"callbacks.initTriggerButton\"\n\t\t\tdata-wp-on--click=\"actions.showLightbox\"\n\t\t\tdata-wp-style--right=\"state.thisImage.buttonRight\"\n\t\t\tdata-wp-style--top=\"state.thisImage.buttonTop\"\n\t\t>\n\t\t\t<svg xmlns=\"http:\/\/www.w3.org\/2000\/svg\" width=\"12\" height=\"12\" fill=\"none\" viewBox=\"0 0 12 12\">\n\t\t\t\t<path fill=\"#fff\" d=\"M2 0a2 2 0 0 0-2 2v2h1.5V2a.5.5 0 0 1 .5-.5h2V0H2Zm2 10.5H2a.5.5 0 0 1-.5-.5V8H0v2a2 2 0 0 0 2 2h2v-1.5ZM8 12v-1.5h2a.5.5 0 0 0 .5-.5V8H12v2a2 2 0 0 1-2 2H8Zm2-12a2 2 0 0 1 2 2v2h-1.5V2a.5.5 0 0 0-.5-.5H8V0h2Z\" \/>\n\t\t\t<\/svg>\n\t\t<\/button><\/figure>\n\n\n\n<h3 class=\"wp-block-heading\"><span class=\"ez-toc-section\" id=\"16_Thermen_Badewelt_Sinsheim_Sinsheim\"><\/span>16. Thermen &#038; Badewelt Sinsheim (Sinsheim)<span class=\"ez-toc-section-end\"><\/span><\/h3>\n\n\n\n<p class=\"wp-block-paragraph\">Ten ogromny kompleks w mie\u015bcie Sinsheim nale\u017cy do s\u0142ynnej rodziny term Josefa Wunda, a w \u015brodku wygl\u0105da jak w doskona\u0142ym egzotycznym raju. G\u0142\u00f3wnym magnesem jest <strong>imponuj\u0105ce Palmenparadies<\/strong>, gdzie ro\u015bnie ponad 400 \u017cywych tropikalnych palm i ponad tysi\u0105c przepi\u0119knych storczyk\u00f3w. To naprawd\u0119 wyj\u0105tkowe prze\u017cycie, zw\u0142aszcza gdy na zewn\u0105trz panuje s\u0142otna pogoda, a ty spacerujesz w stroju k\u0105pielowym mi\u0119dzy palmami.<\/p>\n\n\n\n<p class=\"wp-block-paragraph\">Temperatury wody na pewno ci\u0119 uciesz\u0105, bo w lagunach ogrzejesz si\u0119 w 34\u00b0C, a basen Quellen der Gesundheit oferuje <strong>przyjemne 36\u00b0C<\/strong>. Pop\u0142ywa\u0107 mo\u017cesz w 25-metrowym basenie sportowym z 26\u00b0C, podczas gdy basen do nauki ma 32\u00b0C. Do sch\u0142odzenia s\u0142u\u017cy basen zanurzeniowy z 16\u00b0C. Strefa Vitaltherme &#038; Sauna kryje 13 r\u00f3\u017cnych saun, w\u015br\u00f3d kt\u00f3rych nie brakuje te\u017c specjalnej sauny na \u0142odzi. W lagunie z turkusow\u0105 wod\u0105 mo\u017cesz w dodatku delektowa\u0107 si\u0119 egzotycznym koktajlem prosto z poolbaru.<\/p>\n\n\n\n<p class=\"wp-block-paragraph\">Termy s\u0105 dost\u0119pne <strong>wy\u0142\u0105cznie od 16 lat<\/strong>, wi\u0119c z dzie\u0107mi nie planuj tu drogi. Aktualne ceny sprawd\u017a przed podr\u00f3\u017c\u0105 na stronie, bo zmieniaj\u0105 si\u0119 w zale\u017cno\u015bci od dnia i d\u0142ugo\u015bci pobytu. Je\u015bli wybierasz si\u0119 tu wi\u0119cej razy, op\u0142aca si\u0119 przedp\u0142acona karta warto\u015bciowa: za kredyt 150 euro zap\u0142acisz 142,50 euro, czyli z 5% zni\u017ck\u0105. <strong>\ud83d\udca1 Wskaz\u00f3wka:<\/strong> Je\u015bli zapomnisz wyposa\u017cenia, wypo\u017cyczenie szlafroka kosztuje 9 euro (plus kaucja 40 euro), a r\u0119cznik wyjdzie 6 euro (kaucja 20 euro).<\/p>\n\n\n\n<figure data-wp-context=\"{&quot;imageId&quot;:&quot;6a9c821d17b43&quot;}\" data-wp-interactive=\"core\/image\" data-wp-key=\"6a9c821d17b43\" class=\"wp-block-image size-full wp-lightbox-container\"><img decoding=\"async\" width=\"1800\" height=\"1200\" data-wp-class--hide=\"state.isContentHidden\" data-wp-class--show=\"state.isContentVisible\" data-wp-init=\"callbacks.setButtonStyles\" data-wp-on--click=\"actions.showLightbox\" data-wp-on--load=\"callbacks.setButtonStyles\" data-wp-on--pointerdown=\"actions.preloadImage\" data-wp-on--pointerenter=\"actions.preloadImageWithDelay\" data-wp-on--pointerleave=\"actions.cancelPreload\" data-wp-on-window--resize=\"callbacks.setButtonStyles\" src=\"https:\/\/loudavymkrokem.cz\/wp-content\/uploads\/2026\/09\/nemecko-clanky-termaly-nemecko-23-69c5fa9a.jpg\" alt=\"Budynek Mineraltherme w B\u00f6blingen\" class=\"wp-image-415485\" title=\"\" srcset=\"https:\/\/loudavymkrokem.cz\/wp-content\/uploads\/2026\/09\/nemecko-clanky-termaly-nemecko-23-69c5fa9a.jpg 1800w, https:\/\/loudavymkrokem.cz\/wp-content\/uploads\/2026\/09\/nemecko-clanky-termaly-nemecko-23-69c5fa9a-300x200.jpg 300w, https:\/\/loudavymkrokem.cz\/wp-content\/uploads\/2026\/09\/nemecko-clanky-termaly-nemecko-23-69c5fa9a-700x467.jpg 700w, https:\/\/loudavymkrokem.cz\/wp-content\/uploads\/2026\/09\/nemecko-clanky-termaly-nemecko-23-69c5fa9a-768x512.jpg 768w, https:\/\/loudavymkrokem.cz\/wp-content\/uploads\/2026\/09\/nemecko-clanky-termaly-nemecko-23-69c5fa9a-1536x1024.jpg 1536w, https:\/\/loudavymkrokem.cz\/wp-content\/uploads\/2026\/09\/nemecko-clanky-termaly-nemecko-23-69c5fa9a-696x464.jpg 696w, https:\/\/loudavymkrokem.cz\/wp-content\/uploads\/2026\/09\/nemecko-clanky-termaly-nemecko-23-69c5fa9a-1392x928.jpg 1392w\" sizes=\"(max-width: 1800px) 100vw, 1800px\" \/><button\n\t\t\tclass=\"lightbox-trigger\"\n\t\t\ttype=\"button\"\n\t\t\taria-haspopup=\"dialog\"\n\t\t\tdata-wp-bind--aria-label=\"state.thisImage.triggerButtonAriaLabel\"\n\t\t\tdata-wp-init=\"callbacks.initTriggerButton\"\n\t\t\tdata-wp-on--click=\"actions.showLightbox\"\n\t\t\tdata-wp-style--right=\"state.thisImage.buttonRight\"\n\t\t\tdata-wp-style--top=\"state.thisImage.buttonTop\"\n\t\t>\n\t\t\t<svg xmlns=\"http:\/\/www.w3.org\/2000\/svg\" width=\"12\" height=\"12\" fill=\"none\" viewBox=\"0 0 12 12\">\n\t\t\t\t<path fill=\"#fff\" d=\"M2 0a2 2 0 0 0-2 2v2h1.5V2a.5.5 0 0 1 .5-.5h2V0H2Zm2 10.5H2a.5.5 0 0 1-.5-.5V8H0v2a2 2 0 0 0 2 2h2v-1.5ZM8 12v-1.5h2a.5.5 0 0 0 .5-.5V8H12v2a2 2 0 0 1-2 2H8Zm2-12a2 2 0 0 1 2 2v2h-1.5V2a.5.5 0 0 0-.5-.5H8V0h2Z\" \/>\n\t\t\t<\/svg>\n\t\t<\/button><figcaption class=\"wp-element-caption\">Foto: Giftzwerg 88 \/ Wikimedia Commons, CC BY-SA 3.0<\/figcaption><\/figure>\n\n\n\n<h3 class=\"wp-block-heading\"><span class=\"ez-toc-section\" id=\"17_Mineraltherme_Boblingen_Boblingen\"><\/span>17. Mineraltherme B\u00f6blingen (B\u00f6blingen)<span class=\"ez-toc-section-end\"><\/span><\/h3>\n\n\n\n<p class=\"wp-block-paragraph\">W uzdrowisku w mie\u015bcie B\u00f6blingen czeka na ciebie \u015bwiat saun, kt\u00f3ry <strong>zajmuje hojne 3300 metr\u00f3w kwadratowych<\/strong>. K\u0105pa\u0107 si\u0119 b\u0119dziesz w pi\u0119ciu r\u00f3\u017cnych basenach relaksacyjnych, gdzie temperatura wody waha si\u0119 od bardzo przyjemnych 31 do 36\u00b0C. Ten kompleks nadaje si\u0119 dla ka\u017cdego, kto szuka ucieczki od codziennych zmartwie\u0144 i ceni sobie wysokiej jako\u015bci zaplecze wellness w \u015brodku miasta.<\/p>\n\n\n\n<p class=\"wp-block-paragraph\">Fani sauny naprawd\u0119 znajd\u0105 tu co\u015b dla siebie, bo rozleg\u0142y kompleks oferuje klasyczn\u0105 saun\u0119 fi\u0144sk\u0105, pachn\u0105c\u0105 saun\u0119 zio\u0142ow\u0105, \u0142agodniejsz\u0105 softsaun\u0119, specjalne SinnBad oraz tradycyjne rzymskie \u0142a\u017anie parowe. Otwarto dla go\u015bci codziennie od 9 do 22. Je\u015bli uwielbiasz d\u0142ug\u0105 wieczorn\u0105 k\u0105piel, przyjed\u017a tu w pierwszy pi\u0105tek miesi\u0105ca, kiedy <strong>mo\u017cesz relaksowa\u0107 si\u0119 a\u017c do p\u00f3\u0142nocy<\/strong>. Dzieciom do 5 lat wst\u0119p jest ca\u0142kowicie zabroniony, a m\u0142odzie\u017c do 16 lat musi mie\u0107 doros\u0142\u0105 asyst\u0119.<\/p>\n\n\n\n<p class=\"wp-block-paragraph\">Wed\u0142ug cennika na rok 2026 trzygodzinny wst\u0119p do term i Classic-Sauna kosztuje <strong>17,50 euro w dni powszednie<\/strong> i 19 euro w weekend. Bilet na 4 godziny wraz ze stref\u0105 Saunagarten kosztuje 26,50 euro, wzgl\u0119dnie 28 euro. Bilet ca\u0142odzienny do obu stref saunowych wyjdzie 33,50 euro w tygodniu. Taryfa rodzinna dla dw\u00f3ch doros\u0142ych i dwojga dzieci (5 do 16 lat) wyjdzie 50 euro na trzy godziny. <strong>\ud83d\udca1 Wskaz\u00f3wka:<\/strong> Za ka\u017cde wydane w kompleksie euro na masa\u017ce otrzymasz minut\u0119 czasowego kredytu ekstra. Jubilaci urodzinowi maj\u0105 po okazaniu dokumentu 50% zni\u017cki na wst\u0119p.<\/p>\n\n\n\n<figure data-wp-context=\"{&quot;imageId&quot;:&quot;6a9c821d18117&quot;}\" data-wp-interactive=\"core\/image\" data-wp-key=\"6a9c821d18117\" class=\"wp-block-image size-full wp-lightbox-container\"><img decoding=\"async\" width=\"1800\" height=\"1350\" data-wp-class--hide=\"state.isContentHidden\" data-wp-class--show=\"state.isContentVisible\" data-wp-init=\"callbacks.setButtonStyles\" data-wp-on--click=\"actions.showLightbox\" data-wp-on--load=\"callbacks.setButtonStyles\" data-wp-on--pointerdown=\"actions.preloadImage\" data-wp-on--pointerenter=\"actions.preloadImageWithDelay\" data-wp-on--pointerleave=\"actions.cancelPreload\" data-wp-on-window--resize=\"callbacks.setButtonStyles\" src=\"https:\/\/loudavymkrokem.cz\/wp-content\/uploads\/2026\/09\/nemecko-clanky-termaly-nemecko-24-fb363786-1.jpg\" alt=\"Panorama Therme Beuren (Beuren)\" class=\"wp-image-415315\" title=\"\" srcset=\"https:\/\/loudavymkrokem.cz\/wp-content\/uploads\/2026\/09\/nemecko-clanky-termaly-nemecko-24-fb363786-1.jpg 1800w, https:\/\/loudavymkrokem.cz\/wp-content\/uploads\/2026\/09\/nemecko-clanky-termaly-nemecko-24-fb363786-1-300x225.jpg 300w, https:\/\/loudavymkrokem.cz\/wp-content\/uploads\/2026\/09\/nemecko-clanky-termaly-nemecko-24-fb363786-1-700x525.jpg 700w, https:\/\/loudavymkrokem.cz\/wp-content\/uploads\/2026\/09\/nemecko-clanky-termaly-nemecko-24-fb363786-1-768x576.jpg 768w, https:\/\/loudavymkrokem.cz\/wp-content\/uploads\/2026\/09\/nemecko-clanky-termaly-nemecko-24-fb363786-1-1536x1152.jpg 1536w, https:\/\/loudavymkrokem.cz\/wp-content\/uploads\/2026\/09\/nemecko-clanky-termaly-nemecko-24-fb363786-1-80x60.jpg 80w, https:\/\/loudavymkrokem.cz\/wp-content\/uploads\/2026\/09\/nemecko-clanky-termaly-nemecko-24-fb363786-1-160x120.jpg 160w, https:\/\/loudavymkrokem.cz\/wp-content\/uploads\/2026\/09\/nemecko-clanky-termaly-nemecko-24-fb363786-1-696x522.jpg 696w, https:\/\/loudavymkrokem.cz\/wp-content\/uploads\/2026\/09\/nemecko-clanky-termaly-nemecko-24-fb363786-1-1392x1044.jpg 1392w\" sizes=\"(max-width: 1800px) 100vw, 1800px\" \/><button\n\t\t\tclass=\"lightbox-trigger\"\n\t\t\ttype=\"button\"\n\t\t\taria-haspopup=\"dialog\"\n\t\t\tdata-wp-bind--aria-label=\"state.thisImage.triggerButtonAriaLabel\"\n\t\t\tdata-wp-init=\"callbacks.initTriggerButton\"\n\t\t\tdata-wp-on--click=\"actions.showLightbox\"\n\t\t\tdata-wp-style--right=\"state.thisImage.buttonRight\"\n\t\t\tdata-wp-style--top=\"state.thisImage.buttonTop\"\n\t\t>\n\t\t\t<svg xmlns=\"http:\/\/www.w3.org\/2000\/svg\" width=\"12\" height=\"12\" fill=\"none\" viewBox=\"0 0 12 12\">\n\t\t\t\t<path fill=\"#fff\" d=\"M2 0a2 2 0 0 0-2 2v2h1.5V2a.5.5 0 0 1 .5-.5h2V0H2Zm2 10.5H2a.5.5 0 0 1-.5-.5V8H0v2a2 2 0 0 0 2 2h2v-1.5ZM8 12v-1.5h2a.5.5 0 0 0 .5-.5V8H12v2a2 2 0 0 1-2 2H8Zm2-12a2 2 0 0 1 2 2v2h-1.5V2a.5.5 0 0 0-.5-.5H8V0h2Z\" \/>\n\t\t\t<\/svg>\n\t\t<\/button><\/figure>\n\n\n\n<h3 class=\"wp-block-heading\"><span class=\"ez-toc-section\" id=\"18_Panorama_Therme_Beuren_Beuren\"><\/span>18. Panorama Therme Beuren (Beuren)<span class=\"ez-toc-section-end\"><\/span><\/h3>\n\n\n\n<p class=\"wp-block-paragraph\">Te termy le\u017c\u0105 w malowniczym mie\u015bcie Beuren, a ich po\u0142o\u017cenie jest unikatowe, bo du\u017ca cz\u0119\u015b\u0107 terenu gminy <strong>nale\u017cy do rezerwatu biosfery Schw\u00e4bische Alb<\/strong>. Przyroda doko\u0142a jest wi\u0119c po prostu przepi\u0119kna, a ty odpoczniesz tu na maksa ze \u015bwiadomo\u015bci\u0105, \u017ce znajdujesz si\u0119 w obszarze chronionym. Termy dzi\u0119ki temu doskonale nadaj\u0105 si\u0119 na zako\u0144czenie aktywnego dnia na Jurze Szwabskiej.<\/p>\n\n\n\n<p class=\"wp-block-paragraph\">Do dyspozycji jest klasyczna cz\u0119\u015b\u0107 termalna oraz bardzo lubiane \u0142a\u017anie parowe (Dampfb\u00e4der). Otoczenie jest og\u00f3lnie spokojniejsze i nastawione g\u0142\u00f3wnie na doros\u0142ych go\u015bci, kt\u00f3rzy szukaj\u0105 porz\u0105dnego odpoczynku po w\u0119dr\u00f3wkach po okolicznej przyrodzie. Atmosfera p\u0142ynie tu w wolniejszym tempie, a ty mo\u017cesz bez wyrzut\u00f3w cieszy\u0107 si\u0119 dobroczynnymi w\u0142a\u015bciwo\u015bciami ciep\u0142ej wody.<\/p>\n\n\n\n<p class=\"wp-block-paragraph\">Wed\u0142ug cennika na rok 2026 bilet do \u0142a\u017ani parowych na 2,5 godziny wyjdzie <strong>17,50 euro w dni powszednie<\/strong>, w weekend i \u015bwi\u0119ta dop\u0142acisz 1,50 euro. Osoby z ci\u0119\u017ck\u0105 niepe\u0142nosprawno\u015bci\u0105 maj\u0105 lekk\u0105 zni\u017ck\u0119 i p\u0142ac\u0105 16,50 euro. Kombinacja term i pary na 3 godziny kosztuje 25,50 euro w tygodniu i 27 euro w weekend. <strong>\ud83d\udca1 Wskaz\u00f3wka:<\/strong> Je\u015bli masz w domu starsze bilety w formacie biletu parkingowego z kodem kreskowym, wci\u0105\u017c mo\u017cesz je wykorzysta\u0107, ale dop\u0142acisz 3 do 3,50 euro. Przy prastarych biletach z paskiem magnetycznym dop\u0142ata wynosi 5 do 5,50 euro.<\/p>\n\n\n\n<figure data-wp-context=\"{&quot;imageId&quot;:&quot;6a9c821d187a7&quot;}\" data-wp-interactive=\"core\/image\" data-wp-key=\"6a9c821d187a7\" class=\"wp-block-image size-full wp-lightbox-container\"><img decoding=\"async\" width=\"1800\" height=\"1200\" data-wp-class--hide=\"state.isContentHidden\" data-wp-class--show=\"state.isContentVisible\" data-wp-init=\"callbacks.setButtonStyles\" data-wp-on--click=\"actions.showLightbox\" data-wp-on--load=\"callbacks.setButtonStyles\" data-wp-on--pointerdown=\"actions.preloadImage\" data-wp-on--pointerenter=\"actions.preloadImageWithDelay\" data-wp-on--pointerleave=\"actions.cancelPreload\" data-wp-on-window--resize=\"callbacks.setButtonStyles\" src=\"https:\/\/loudavymkrokem.cz\/wp-content\/uploads\/2026\/09\/nemecko-clanky-termaly-nemecko-25-92e2b50c.jpg\" alt=\"Bodensee-Therme Konstanz z restauracj\u0105 nad brzegiem Jeziora Bode\u0144skiego\" class=\"wp-image-415489\" title=\"\" srcset=\"https:\/\/loudavymkrokem.cz\/wp-content\/uploads\/2026\/09\/nemecko-clanky-termaly-nemecko-25-92e2b50c.jpg 1800w, https:\/\/loudavymkrokem.cz\/wp-content\/uploads\/2026\/09\/nemecko-clanky-termaly-nemecko-25-92e2b50c-300x200.jpg 300w, https:\/\/loudavymkrokem.cz\/wp-content\/uploads\/2026\/09\/nemecko-clanky-termaly-nemecko-25-92e2b50c-700x467.jpg 700w, https:\/\/loudavymkrokem.cz\/wp-content\/uploads\/2026\/09\/nemecko-clanky-termaly-nemecko-25-92e2b50c-768x512.jpg 768w, https:\/\/loudavymkrokem.cz\/wp-content\/uploads\/2026\/09\/nemecko-clanky-termaly-nemecko-25-92e2b50c-1536x1024.jpg 1536w, https:\/\/loudavymkrokem.cz\/wp-content\/uploads\/2026\/09\/nemecko-clanky-termaly-nemecko-25-92e2b50c-696x464.jpg 696w, https:\/\/loudavymkrokem.cz\/wp-content\/uploads\/2026\/09\/nemecko-clanky-termaly-nemecko-25-92e2b50c-1392x928.jpg 1392w\" sizes=\"(max-width: 1800px) 100vw, 1800px\" \/><button\n\t\t\tclass=\"lightbox-trigger\"\n\t\t\ttype=\"button\"\n\t\t\taria-haspopup=\"dialog\"\n\t\t\tdata-wp-bind--aria-label=\"state.thisImage.triggerButtonAriaLabel\"\n\t\t\tdata-wp-init=\"callbacks.initTriggerButton\"\n\t\t\tdata-wp-on--click=\"actions.showLightbox\"\n\t\t\tdata-wp-style--right=\"state.thisImage.buttonRight\"\n\t\t\tdata-wp-style--top=\"state.thisImage.buttonTop\"\n\t\t>\n\t\t\t<svg xmlns=\"http:\/\/www.w3.org\/2000\/svg\" width=\"12\" height=\"12\" fill=\"none\" viewBox=\"0 0 12 12\">\n\t\t\t\t<path fill=\"#fff\" d=\"M2 0a2 2 0 0 0-2 2v2h1.5V2a.5.5 0 0 1 .5-.5h2V0H2Zm2 10.5H2a.5.5 0 0 1-.5-.5V8H0v2a2 2 0 0 0 2 2h2v-1.5ZM8 12v-1.5h2a.5.5 0 0 0 .5-.5V8H12v2a2 2 0 0 1-2 2H8Zm2-12a2 2 0 0 1 2 2v2h-1.5V2a.5.5 0 0 0-.5-.5H8V0h2Z\" \/>\n\t\t\t<\/svg>\n\t\t<\/button><figcaption class=\"wp-element-caption\">Foto: Rizzo \/ Wikimedia Commons, CC BY-SA 3.0<\/figcaption><\/figure>\n\n\n\n<h3 class=\"wp-block-heading\"><span class=\"ez-toc-section\" id=\"19_Bodensee-Therme_Konstanz_Konstanz\"><\/span>19. Bodensee-Therme Konstanz (Konstanz)<span class=\"ez-toc-section-end\"><\/span><\/h3>\n\n\n\n<p class=\"wp-block-paragraph\">Tutaj b\u0119dziesz si\u0119 k\u0105pa\u0107 <strong>bezpo\u015brednio nad brzegiem s\u0142ynnego Jeziora Bode\u0144skiego<\/strong> w mie\u015bcie Konstanz. Ca\u0142y kompleks sprytnie dzieli si\u0119 na cztery g\u0142\u00f3wne cz\u0119\u015bci, kt\u00f3re obejmuj\u0105 wewn\u0119trzny basen termalny, zewn\u0119trzny basen termalny, specjalny Quelltopf oraz k\u0105pielisko letnie (Freibad), w kt\u00f3rym nie mo\u017ce zabrakn\u0105\u0107 porz\u0105dnego 50-metrowego basenu p\u0142ywackiego. Po\u0142\u0105czenie basen\u00f3w i jeziora jest urzekaj\u0105ce.<\/p>\n\n\n\n<p class=\"wp-block-paragraph\">Latem ludzie ciesz\u0105 si\u0119 k\u0105piel\u0105 bezpo\u015brednio w jeziorze, podczas gdy w ch\u0142odniejszych miesi\u0105cach kusz\u0105 ich rozgrzane termy. Cz\u0119\u015b\u0107 saunowa jest otwarta codziennie od 10 do 22, a w ka\u017cdy wtorek dzia\u0142a <strong>wy\u0142\u0105cznie jako sauna damska<\/strong>, co jest \u015bwietn\u0105 wiadomo\u015bci\u0105 dla wszystkich odwiedzaj\u0105cych szukaj\u0105cych prywatno\u015bci. Dzieci do sauny i Quelltopfu mog\u0105 dopiero od 6 lat. Do letniego Freibadu maluchy do 5 lat maj\u0105 wst\u0119p za darmo, do term nie p\u0142ac\u0105 dzieci do 2 lat.<\/p>\n\n\n\n<p class=\"wp-block-paragraph\">Wed\u0142ug cennika na rok 2026 za 3 godziny w termach zap\u0142acisz <strong>16,50 euro w tygodniu<\/strong> i 19 euro w weekend czy \u015bwi\u0119ta. Pobyt ca\u0142odzienny w basenach kosztuje 19,50 euro, wzgl\u0119dnie 22 euro. Trzygodzinna sauna wyjdzie 27,50 euro w dni powszednie i 30,50 euro w weekend. <strong>\ud83d\udca1 Wskaz\u00f3wka:<\/strong> Zewn\u0119trzny basen termalny przechodzi przegl\u0105d i b\u0119dzie nieczynny a\u017c do 25 wrze\u015bnia 2026, wi\u0119c lepiej we\u017a to pod uwag\u0119 podczas planowania wycieczki.<\/p>\n\n\n\n<figure data-wp-context=\"{&quot;imageId&quot;:&quot;6a9c821d18ebd&quot;}\" data-wp-interactive=\"core\/image\" data-wp-key=\"6a9c821d18ebd\" class=\"wp-block-image size-full wp-lightbox-container\"><img decoding=\"async\" width=\"1800\" height=\"1200\" data-wp-class--hide=\"state.isContentHidden\" data-wp-class--show=\"state.isContentVisible\" data-wp-init=\"callbacks.setButtonStyles\" data-wp-on--click=\"actions.showLightbox\" data-wp-on--load=\"callbacks.setButtonStyles\" data-wp-on--pointerdown=\"actions.preloadImage\" data-wp-on--pointerenter=\"actions.preloadImageWithDelay\" data-wp-on--pointerleave=\"actions.cancelPreload\" data-wp-on-window--resize=\"callbacks.setButtonStyles\" src=\"https:\/\/loudavymkrokem.cz\/wp-content\/uploads\/2026\/09\/nemecko-clanky-termaly-nemecko-26-4ac25752-1.jpg\" alt=\"Adelindis Therme (Bad Buchau): basen relaksacyjny\" class=\"wp-image-415319\" title=\"\" srcset=\"https:\/\/loudavymkrokem.cz\/wp-content\/uploads\/2026\/09\/nemecko-clanky-termaly-nemecko-26-4ac25752-1.jpg 1800w, https:\/\/loudavymkrokem.cz\/wp-content\/uploads\/2026\/09\/nemecko-clanky-termaly-nemecko-26-4ac25752-1-300x200.jpg 300w, https:\/\/loudavymkrokem.cz\/wp-content\/uploads\/2026\/09\/nemecko-clanky-termaly-nemecko-26-4ac25752-1-700x467.jpg 700w, https:\/\/loudavymkrokem.cz\/wp-content\/uploads\/2026\/09\/nemecko-clanky-termaly-nemecko-26-4ac25752-1-768x512.jpg 768w, https:\/\/loudavymkrokem.cz\/wp-content\/uploads\/2026\/09\/nemecko-clanky-termaly-nemecko-26-4ac25752-1-1536x1024.jpg 1536w, https:\/\/loudavymkrokem.cz\/wp-content\/uploads\/2026\/09\/nemecko-clanky-termaly-nemecko-26-4ac25752-1-696x464.jpg 696w, https:\/\/loudavymkrokem.cz\/wp-content\/uploads\/2026\/09\/nemecko-clanky-termaly-nemecko-26-4ac25752-1-1392x928.jpg 1392w\" sizes=\"(max-width: 1800px) 100vw, 1800px\" \/><button\n\t\t\tclass=\"lightbox-trigger\"\n\t\t\ttype=\"button\"\n\t\t\taria-haspopup=\"dialog\"\n\t\t\tdata-wp-bind--aria-label=\"state.thisImage.triggerButtonAriaLabel\"\n\t\t\tdata-wp-init=\"callbacks.initTriggerButton\"\n\t\t\tdata-wp-on--click=\"actions.showLightbox\"\n\t\t\tdata-wp-style--right=\"state.thisImage.buttonRight\"\n\t\t\tdata-wp-style--top=\"state.thisImage.buttonTop\"\n\t\t>\n\t\t\t<svg xmlns=\"http:\/\/www.w3.org\/2000\/svg\" width=\"12\" height=\"12\" fill=\"none\" viewBox=\"0 0 12 12\">\n\t\t\t\t<path fill=\"#fff\" d=\"M2 0a2 2 0 0 0-2 2v2h1.5V2a.5.5 0 0 1 .5-.5h2V0H2Zm2 10.5H2a.5.5 0 0 1-.5-.5V8H0v2a2 2 0 0 0 2 2h2v-1.5ZM8 12v-1.5h2a.5.5 0 0 0 .5-.5V8H12v2a2 2 0 0 1-2 2H8Zm2-12a2 2 0 0 1 2 2v2h-1.5V2a.5.5 0 0 0-.5-.5H8V0h2Z\" \/>\n\t\t\t<\/svg>\n\t\t<\/button><\/figure>\n\n\n\n<h3 class=\"wp-block-heading\"><span class=\"ez-toc-section\" id=\"20_Adelindis_Therme_Bad_Buchau\"><\/span>20. Adelindis Therme (Bad Buchau)<span class=\"ez-toc-section-end\"><\/span><\/h3>\n\n\n\n<p class=\"wp-block-paragraph\">Je\u015bli uwielbiasz porz\u0105dne rozgrzanie i cenisz sobie r\u00f3\u017cnorodno\u015b\u0107, w miasteczku uzdrowiskowym Bad Buchau b\u0119dziesz stuprocentowo zachwycony. Miejscowy \u015bwiat saun oferuje bowiem a\u017c <strong>7 r\u00f3\u017cnych saun<\/strong> o odmiennych stopniach temperatury, wi\u0119c swoj\u0105 ulubion\u0105 wybierze tu absolutnie ka\u017cdy, niezale\u017cnie od tego, czy wolisz \u0142agodniejsze ciep\u0142o, czy wr\u0119cz przeciwnie, intensywne nordyckie pocenie.<\/p>\n\n\n\n<p class=\"wp-block-paragraph\">Opr\u00f3cz sauny znajdziesz tu bardzo przyjemn\u0105 cz\u0119\u015b\u0107 termaln\u0105, gdzie mo\u017cesz spokojnie sp\u0119dzi\u0107 ca\u0142y dzie\u0144. Atmosfera jest bardzo odpoczynkowa, a kompleks jest wr\u0119cz idealny dla par lub podr\u00f3\u017cnych, kt\u00f3rzy chc\u0105 odpocz\u0105\u0107 od codziennego stresu w spokojnym otoczeniu uzdrowiskowym. Termy zapewniaj\u0105 \u015bwietne schronienie zw\u0142aszcza w ch\u0142odniejszej porze roku.<\/p>\n\n\n\n<p class=\"wp-block-paragraph\">Wed\u0142ug cennika na rok 2026 czterogodzinny wst\u0119p do term kosztuje <strong>15 euro w tygodniu<\/strong> i 16,50 euro w weekendy czy \u015bwi\u0119ta. Bilet ca\u0142odzienny do basen\u00f3w kosztuje 18 euro, z dop\u0142at\u0105 weekendow\u0105 natomiast 19,50 euro. Bilet ca\u0142odzienny obejmuj\u0105cy termy i saun\u0119 wyjdzie 23 euro w dzie\u0144 powszedni. <strong>\ud83d\udca1 Wskaz\u00f3wka:<\/strong> Podr\u00f3\u017cujesz kamperem? Wykorzystaj specjaln\u0105 taryf\u0119 na 1 godzin\u0119 z kart\u0105 parkingow\u0105 za 7 euro. \u015awietnym wyborem jest te\u017c taryfa wieczorna po godzinie 18, kiedy wst\u0119p do term tanieje do 12,50 euro. W ka\u017cdy ostatni pi\u0105tek miesi\u0105ca odbywa si\u0119 w dodatku lubiana Eventsauna za 32 euro.<\/p>\n\n\n\n<figure data-wp-context=\"{&quot;imageId&quot;:&quot;6a9c821d1952b&quot;}\" data-wp-interactive=\"core\/image\" data-wp-key=\"6a9c821d1952b\" class=\"wp-block-image size-full wp-lightbox-container\"><img decoding=\"async\" width=\"1800\" height=\"1200\" data-wp-class--hide=\"state.isContentHidden\" data-wp-class--show=\"state.isContentVisible\" data-wp-init=\"callbacks.setButtonStyles\" data-wp-on--click=\"actions.showLightbox\" data-wp-on--load=\"callbacks.setButtonStyles\" data-wp-on--pointerdown=\"actions.preloadImage\" data-wp-on--pointerenter=\"actions.preloadImageWithDelay\" data-wp-on--pointerleave=\"actions.cancelPreload\" data-wp-on-window--resize=\"callbacks.setButtonStyles\" src=\"https:\/\/loudavymkrokem.cz\/wp-content\/uploads\/2026\/09\/nemecko-clanky-termaly-nemecko-27-457f21a5.jpg\" alt=\"Zewn\u0119trzne baseny Sonnenhof-Therme w Bad Saulgau o zachodzie s\u0142o\u0144ca\" class=\"wp-image-415493\" title=\"\" srcset=\"https:\/\/loudavymkrokem.cz\/wp-content\/uploads\/2026\/09\/nemecko-clanky-termaly-nemecko-27-457f21a5.jpg 1800w, https:\/\/loudavymkrokem.cz\/wp-content\/uploads\/2026\/09\/nemecko-clanky-termaly-nemecko-27-457f21a5-300x200.jpg 300w, https:\/\/loudavymkrokem.cz\/wp-content\/uploads\/2026\/09\/nemecko-clanky-termaly-nemecko-27-457f21a5-700x467.jpg 700w, https:\/\/loudavymkrokem.cz\/wp-content\/uploads\/2026\/09\/nemecko-clanky-termaly-nemecko-27-457f21a5-768x512.jpg 768w, https:\/\/loudavymkrokem.cz\/wp-content\/uploads\/2026\/09\/nemecko-clanky-termaly-nemecko-27-457f21a5-1536x1024.jpg 1536w, https:\/\/loudavymkrokem.cz\/wp-content\/uploads\/2026\/09\/nemecko-clanky-termaly-nemecko-27-457f21a5-696x464.jpg 696w, https:\/\/loudavymkrokem.cz\/wp-content\/uploads\/2026\/09\/nemecko-clanky-termaly-nemecko-27-457f21a5-1392x928.jpg 1392w\" sizes=\"(max-width: 1800px) 100vw, 1800px\" \/><button\n\t\t\tclass=\"lightbox-trigger\"\n\t\t\ttype=\"button\"\n\t\t\taria-haspopup=\"dialog\"\n\t\t\tdata-wp-bind--aria-label=\"state.thisImage.triggerButtonAriaLabel\"\n\t\t\tdata-wp-init=\"callbacks.initTriggerButton\"\n\t\t\tdata-wp-on--click=\"actions.showLightbox\"\n\t\t\tdata-wp-style--right=\"state.thisImage.buttonRight\"\n\t\t\tdata-wp-style--top=\"state.thisImage.buttonTop\"\n\t\t>\n\t\t\t<svg xmlns=\"http:\/\/www.w3.org\/2000\/svg\" width=\"12\" height=\"12\" fill=\"none\" viewBox=\"0 0 12 12\">\n\t\t\t\t<path fill=\"#fff\" d=\"M2 0a2 2 0 0 0-2 2v2h1.5V2a.5.5 0 0 1 .5-.5h2V0H2Zm2 10.5H2a.5.5 0 0 1-.5-.5V8H0v2a2 2 0 0 0 2 2h2v-1.5ZM8 12v-1.5h2a.5.5 0 0 0 .5-.5V8H12v2a2 2 0 0 1-2 2H8Zm2-12a2 2 0 0 1 2 2v2h-1.5V2a.5.5 0 0 0-.5-.5H8V0h2Z\" \/>\n\t\t\t<\/svg>\n\t\t<\/button><\/figure>\n\n\n\n<h3 class=\"wp-block-heading\"><span class=\"ez-toc-section\" id=\"21_Sonnenhof-Therme_Bad_Saulgau\"><\/span>21. Sonnenhof-Therme (Bad Saulgau)<span class=\"ez-toc-section-end\"><\/span><\/h3>\n\n\n\n<p class=\"wp-block-paragraph\">Te termy w mie\u015bcie Bad Saulgau szczyc\u0105 si\u0119 ogromnym bogactwem naturalnym, po kt\u00f3re zje\u017cd\u017caj\u0105 si\u0119 ludzie z szerokiej okolicy. Ka\u017cdego dnia z imponuj\u0105cej g\u0142\u0119boko\u015bci 650 metr\u00f3w <strong>wyp\u0142ywa tu do 1,5 miliona litr\u00f3w leczniczej wody siarkowej<\/strong>, kt\u00f3ra nieustannie nape\u0142nia wszystkie miejscowe baseny. Ju\u017c sama nowoczesna architektura jest osza\u0142amiaj\u0105ca, bo budynek jest roz\u015bwietlony mn\u00f3stwem dziennego \u015bwiat\u0142a.<\/p>\n\n\n\n<p class=\"wp-block-paragraph\">Na powierzchni 900 metr\u00f3w kwadratowych odkryjesz siedem basen\u00f3w wewn\u0119trznych i zewn\u0119trznych o temperaturach od 28 do 40\u00b0C. Najcieplejszy jest wewn\u0119trzny Quellbecken, kt\u00f3ry oferuje <strong>41\u00b0C<\/strong>. Nie brakuje basenu kaskadowego z 34\u00b0C czy rzymskiej \u0142a\u017ani parowej ze 100% wilgotno\u015bci\u0105 i temperatur\u0105 od 40 do 50\u00b0C. W pomieszczeniu solnym rozgrzeje ci\u0119 minimum 42\u00b0C. Cz\u0119\u015bci\u0105 basen\u00f3w s\u0105 te\u017c najr\u00f3\u017cniejsze wodospady i dysze podwodne.<\/p>\n\n\n\n<p class=\"wp-block-paragraph\">Wed\u0142ug cennika na rok 2026 dwugodzinny bilet do term wyjdzie 13,80 euro. Trzygodzinny wst\u0119p kosztuje 14,80 euro, a wariant ca\u0142odzienny sprzedaje si\u0119 za 20,40 euro. Wst\u0119p do sauny, kt\u00f3ry obejmuje ju\u017c te\u017c k\u0105piel w termach, wyjdzie na 3 godziny 21,60 euro. <strong>\ud83d\udca1 Wskaz\u00f3wka:<\/strong> Zatrzymaj si\u0119 przy wodospadach i dyszach do masa\u017cu w basenie o bardzo przyjemnych 37\u00b0C, bo \u015bwietnie rozlu\u017ani zesztywnia\u0142e plecy i barki.<\/p>\n\n\n\n<figure data-wp-context=\"{&quot;imageId&quot;:&quot;6a9c821d19bad&quot;}\" data-wp-interactive=\"core\/image\" data-wp-key=\"6a9c821d19bad\" class=\"wp-block-image size-full wp-lightbox-container\"><img decoding=\"async\" width=\"1800\" height=\"1200\" data-wp-class--hide=\"state.isContentHidden\" data-wp-class--show=\"state.isContentVisible\" data-wp-init=\"callbacks.setButtonStyles\" data-wp-on--click=\"actions.showLightbox\" data-wp-on--load=\"callbacks.setButtonStyles\" data-wp-on--pointerdown=\"actions.preloadImage\" data-wp-on--pointerenter=\"actions.preloadImageWithDelay\" data-wp-on--pointerleave=\"actions.cancelPreload\" data-wp-on-window--resize=\"callbacks.setButtonStyles\" src=\"https:\/\/loudavymkrokem.cz\/wp-content\/uploads\/2026\/09\/nemecko-clanky-termaly-nemecko-28-5b36a3a0-1.jpg\" alt=\"Caracalla Therme (Baden-Baden)\" class=\"wp-image-415324\" title=\"\" srcset=\"https:\/\/loudavymkrokem.cz\/wp-content\/uploads\/2026\/09\/nemecko-clanky-termaly-nemecko-28-5b36a3a0-1.jpg 1800w, https:\/\/loudavymkrokem.cz\/wp-content\/uploads\/2026\/09\/nemecko-clanky-termaly-nemecko-28-5b36a3a0-1-300x200.jpg 300w, https:\/\/loudavymkrokem.cz\/wp-content\/uploads\/2026\/09\/nemecko-clanky-termaly-nemecko-28-5b36a3a0-1-700x467.jpg 700w, https:\/\/loudavymkrokem.cz\/wp-content\/uploads\/2026\/09\/nemecko-clanky-termaly-nemecko-28-5b36a3a0-1-768x512.jpg 768w, https:\/\/loudavymkrokem.cz\/wp-content\/uploads\/2026\/09\/nemecko-clanky-termaly-nemecko-28-5b36a3a0-1-1536x1024.jpg 1536w, https:\/\/loudavymkrokem.cz\/wp-content\/uploads\/2026\/09\/nemecko-clanky-termaly-nemecko-28-5b36a3a0-1-696x464.jpg 696w, https:\/\/loudavymkrokem.cz\/wp-content\/uploads\/2026\/09\/nemecko-clanky-termaly-nemecko-28-5b36a3a0-1-1392x928.jpg 1392w\" sizes=\"(max-width: 1800px) 100vw, 1800px\" \/><button\n\t\t\tclass=\"lightbox-trigger\"\n\t\t\ttype=\"button\"\n\t\t\taria-haspopup=\"dialog\"\n\t\t\tdata-wp-bind--aria-label=\"state.thisImage.triggerButtonAriaLabel\"\n\t\t\tdata-wp-init=\"callbacks.initTriggerButton\"\n\t\t\tdata-wp-on--click=\"actions.showLightbox\"\n\t\t\tdata-wp-style--right=\"state.thisImage.buttonRight\"\n\t\t\tdata-wp-style--top=\"state.thisImage.buttonTop\"\n\t\t>\n\t\t\t<svg xmlns=\"http:\/\/www.w3.org\/2000\/svg\" width=\"12\" height=\"12\" fill=\"none\" viewBox=\"0 0 12 12\">\n\t\t\t\t<path fill=\"#fff\" d=\"M2 0a2 2 0 0 0-2 2v2h1.5V2a.5.5 0 0 1 .5-.5h2V0H2Zm2 10.5H2a.5.5 0 0 1-.5-.5V8H0v2a2 2 0 0 0 2 2h2v-1.5ZM8 12v-1.5h2a.5.5 0 0 0 .5-.5V8H12v2a2 2 0 0 1-2 2H8Zm2-12a2 2 0 0 1 2 2v2h-1.5V2a.5.5 0 0 0-.5-.5H8V0h2Z\" \/>\n\t\t\t<\/svg>\n\t\t<\/button><figcaption class=\"wp-element-caption\">Foto: Gerd Eichmann \/ Wikimedia Commons, CC BY-SA 4.0<\/figcaption><\/figure>\n\n\n\n<h3 class=\"wp-block-heading\"><span class=\"ez-toc-section\" id=\"22_Caracalla_Therme_Baden-Baden\"><\/span>22. Caracalla Therme (Baden-Baden)<span class=\"ez-toc-section-end\"><\/span><\/h3>\n\n\n\n<p class=\"wp-block-paragraph\">W legendarnym Baden-Baden znajdziesz ten luksusowy kompleks o ca\u0142kowitej powierzchni 5000 metr\u00f3w kwadratowych, kt\u00f3ry kusi ogromn\u0105 <strong>tafl\u0105 wodn\u0105 przekraczaj\u0105c\u0105 900 metr\u00f3w kwadratowych<\/strong>. Dziennie przep\u0142ywa tu oko\u0142o 800 000 litr\u00f3w czystej wody termalnej, a g\u0142\u0119boko\u015b\u0107 basen\u00f3w si\u0119ga maksymalnie 1,35 metra, wi\u0119c b\u0119dziesz si\u0119 tu czu\u0107 bezpiecznie.<\/p>\n\n\n\n<p class=\"wp-block-paragraph\">Temperatury wody wahaj\u0105 si\u0119 od 18 do 38\u00b0C. Rozgrzejesz si\u0119 w wielkim basenie wewn\u0119trznym (34\u00b0C) albo w wielkim basenie zewn\u0119trznym (32\u00b0C). Do dyspozycji jest te\u017c ma\u0142y basen zewn\u0119trzny z 35\u00b0C oraz dwa gor\u0105ce jacuzzi z 38\u00b0C. Prze\u017cycia dostarczy gor\u0105ca grota z 38\u00b0C (gdzie zaleca si\u0119 przebywa\u0107 5 minut), do kt\u00f3rej <strong>od razu przylega zimna grota<\/strong> z zaledwie 18\u00b0C na szybkie sch\u0142odzenie na 10 do 20 sekund. Odwa\u017cni doceni\u0105 \u0142a\u017ani\u0119 parow\u0105 dost\u0119pn\u0105 w stroju k\u0105pielowym z 43\u00b0C i 100% wilgotno\u015bci\u0105 albo soln\u0105 komor\u0119 inhalacyjn\u0105 o temperaturze 28 do 30\u00b0C.<\/p>\n\n\n\n<p class=\"wp-block-paragraph\">Wed\u0142ug cennika na rok 2026 bilet do basen\u00f3w na 2 godziny kosztuje 21 euro, na 3 godziny 25 euro, a ca\u0142odzienny 35 euro. Kombinacja z saun\u0105 wyjdzie 26 euro na 2 godziny. Dzieci maj\u0105 wst\u0119p dozwolony dopiero od 7 lat, do 14 lat wy\u0142\u0105cznie z doros\u0142\u0105 asyst\u0105. <strong>\ud83d\udca1 Wskaz\u00f3wka:<\/strong> Je\u015bli sprawisz sobie tak zwany VIP-Chip, otrzymasz nawet 20% zni\u017cki na wst\u0119p nie tylko tutaj, ale te\u017c do zaprzyja\u017anionego historycznego uzdrowiska Friedrichsbad.<\/p>\n\n\n\n<figure data-wp-context=\"{&quot;imageId&quot;:&quot;6a9c821d1a8db&quot;}\" data-wp-interactive=\"core\/image\" data-wp-key=\"6a9c821d1a8db\" class=\"wp-block-image size-full wp-lightbox-container\"><img decoding=\"async\" width=\"1800\" height=\"1083\" data-wp-class--hide=\"state.isContentHidden\" data-wp-class--show=\"state.isContentVisible\" data-wp-init=\"callbacks.setButtonStyles\" data-wp-on--click=\"actions.showLightbox\" data-wp-on--load=\"callbacks.setButtonStyles\" data-wp-on--pointerdown=\"actions.preloadImage\" data-wp-on--pointerenter=\"actions.preloadImageWithDelay\" data-wp-on--pointerleave=\"actions.cancelPreload\" data-wp-on-window--resize=\"callbacks.setButtonStyles\" src=\"https:\/\/loudavymkrokem.cz\/wp-content\/uploads\/2026\/09\/nemecko-clanky-termaly-nemecko-29-aa48ec15.jpg\" alt=\"Falisty dach i basen zewn\u0119trzny term Solemar w Bad D\u00fcrrheim\" class=\"wp-image-415497\" title=\"\" srcset=\"https:\/\/loudavymkrokem.cz\/wp-content\/uploads\/2026\/09\/nemecko-clanky-termaly-nemecko-29-aa48ec15.jpg 1800w, https:\/\/loudavymkrokem.cz\/wp-content\/uploads\/2026\/09\/nemecko-clanky-termaly-nemecko-29-aa48ec15-300x181.jpg 300w, https:\/\/loudavymkrokem.cz\/wp-content\/uploads\/2026\/09\/nemecko-clanky-termaly-nemecko-29-aa48ec15-700x421.jpg 700w, https:\/\/loudavymkrokem.cz\/wp-content\/uploads\/2026\/09\/nemecko-clanky-termaly-nemecko-29-aa48ec15-768x462.jpg 768w, https:\/\/loudavymkrokem.cz\/wp-content\/uploads\/2026\/09\/nemecko-clanky-termaly-nemecko-29-aa48ec15-1536x924.jpg 1536w, https:\/\/loudavymkrokem.cz\/wp-content\/uploads\/2026\/09\/nemecko-clanky-termaly-nemecko-29-aa48ec15-696x419.jpg 696w, https:\/\/loudavymkrokem.cz\/wp-content\/uploads\/2026\/09\/nemecko-clanky-termaly-nemecko-29-aa48ec15-1392x838.jpg 1392w\" sizes=\"(max-width: 1800px) 100vw, 1800px\" \/><button\n\t\t\tclass=\"lightbox-trigger\"\n\t\t\ttype=\"button\"\n\t\t\taria-haspopup=\"dialog\"\n\t\t\tdata-wp-bind--aria-label=\"state.thisImage.triggerButtonAriaLabel\"\n\t\t\tdata-wp-init=\"callbacks.initTriggerButton\"\n\t\t\tdata-wp-on--click=\"actions.showLightbox\"\n\t\t\tdata-wp-style--right=\"state.thisImage.buttonRight\"\n\t\t\tdata-wp-style--top=\"state.thisImage.buttonTop\"\n\t\t>\n\t\t\t<svg xmlns=\"http:\/\/www.w3.org\/2000\/svg\" width=\"12\" height=\"12\" fill=\"none\" viewBox=\"0 0 12 12\">\n\t\t\t\t<path fill=\"#fff\" d=\"M2 0a2 2 0 0 0-2 2v2h1.5V2a.5.5 0 0 1 .5-.5h2V0H2Zm2 10.5H2a.5.5 0 0 1-.5-.5V8H0v2a2 2 0 0 0 2 2h2v-1.5ZM8 12v-1.5h2a.5.5 0 0 0 .5-.5V8H12v2a2 2 0 0 1-2 2H8Zm2-12a2 2 0 0 1 2 2v2h-1.5V2a.5.5 0 0 0-.5-.5H8V0h2Z\" \/>\n\t\t\t<\/svg>\n\t\t<\/button><\/figure>\n\n\n\n<h3 class=\"wp-block-heading\"><span class=\"ez-toc-section\" id=\"23_Solemar_Bad_Durrheim_Bad_Durrheim\"><\/span>23. Solemar Bad D\u00fcrrheim (Bad D\u00fcrrheim)<span class=\"ez-toc-section-end\"><\/span><\/h3>\n\n\n\n<p class=\"wp-block-paragraph\">W mie\u015bcie uzdrowiskowym Bad D\u00fcrrheim czeka na ciebie wspania\u0142a relaksacja, kt\u00f3rej g\u0142\u00f3wnym magnesem jest <strong>przestronna Schwarzwald-Sauna<\/strong>. W ca\u0142ym kompleksie panuje wyj\u0105tkowo spokojna atmosfera, kt\u00f3ra jest jak stworzona na odpoczynkowy weekend bez jakiegokolwiek po\u015bpiechu. Je\u015bli potrzebujesz oczy\u015bci\u0107 g\u0142ow\u0119 i po prostu leni\u0107 si\u0119, tu na pewno ci si\u0119 to uda.<\/p>\n\n\n\n<p class=\"wp-block-paragraph\">Termy maj\u0105 otwarte codziennie od 9 do 22, w pi\u0105tek dzia\u0142anie wieczorne przed\u0142u\u017ca si\u0119 nawet do 23. Opr\u00f3cz klasycznych basen\u00f3w termalnych odkryjesz tu te\u017c specjaln\u0105 grot\u0119 soln\u0105 z Morza Martwego (Totes-Meer-Salzgrotte), kt\u00f3ra ma \u015bwietne dzia\u0142anie na drogi oddechowe. Sam \u015bwiat saun otwiera si\u0119 dla wszystkich odwiedzaj\u0105cych o godzinie dziesi\u0105tej rano.<\/p>\n\n\n\n<p class=\"wp-block-paragraph\">Wed\u0142ug cennika na rok 2026 trzygodzinny bilet do term kosztuje 17,90 euro, a wariant ca\u0142odzienny 19,90 euro. Za czterogodzinn\u0105 kombinacj\u0119 z saun\u0105 dasz 26,50 euro, ca\u0142odzienna natomiast kosztuje 29,50 euro. Wst\u0119p do groty solnej kosztuje 11 euro dla doros\u0142ych i 5 euro dla dzieci do 12 lat. Do sauny m\u0142odzie\u017c mo\u017ce dopiero od 13 lat. Dla dzieci od 3 do 12 lat ca\u0142odzienne termy kosztuj\u0105 10,20 euro. <strong>\ud83d\udca1 Wskaz\u00f3wka:<\/strong> Je\u015bli chcesz zaoszcz\u0119dzi\u0107, przyb\u0105d\u017a dopiero wieczorem na taryf\u0119 zni\u017ckow\u0105 obowi\u0105zuj\u0105c\u0105 od godziny 19, kt\u00f3ra wyjdzie tylko 14,90 euro do term i 21,50 euro do sauny.<\/p>\n\n\n\n<figure data-wp-context=\"{&quot;imageId&quot;:&quot;6a9c821d1b254&quot;}\" data-wp-interactive=\"core\/image\" data-wp-key=\"6a9c821d1b254\" class=\"wp-block-image size-full wp-lightbox-container\"><img decoding=\"async\" width=\"1800\" height=\"1350\" data-wp-class--hide=\"state.isContentHidden\" data-wp-class--show=\"state.isContentVisible\" data-wp-init=\"callbacks.setButtonStyles\" data-wp-on--click=\"actions.showLightbox\" data-wp-on--load=\"callbacks.setButtonStyles\" data-wp-on--pointerdown=\"actions.preloadImage\" data-wp-on--pointerenter=\"actions.preloadImageWithDelay\" data-wp-on--pointerleave=\"actions.cancelPreload\" data-wp-on-window--resize=\"callbacks.setButtonStyles\" src=\"https:\/\/loudavymkrokem.cz\/wp-content\/uploads\/2026\/09\/nemecko-clanky-termaly-nemecko-30-ccda264f-1.jpg\" alt=\"Zewn\u0119trzny basen AlbThermen w Bad Urach w zimowej parze\" class=\"wp-image-415329\" title=\"\" srcset=\"https:\/\/loudavymkrokem.cz\/wp-content\/uploads\/2026\/09\/nemecko-clanky-termaly-nemecko-30-ccda264f-1.jpg 1800w, https:\/\/loudavymkrokem.cz\/wp-content\/uploads\/2026\/09\/nemecko-clanky-termaly-nemecko-30-ccda264f-1-300x225.jpg 300w, https:\/\/loudavymkrokem.cz\/wp-content\/uploads\/2026\/09\/nemecko-clanky-termaly-nemecko-30-ccda264f-1-700x525.jpg 700w, https:\/\/loudavymkrokem.cz\/wp-content\/uploads\/2026\/09\/nemecko-clanky-termaly-nemecko-30-ccda264f-1-768x576.jpg 768w, https:\/\/loudavymkrokem.cz\/wp-content\/uploads\/2026\/09\/nemecko-clanky-termaly-nemecko-30-ccda264f-1-1536x1152.jpg 1536w, https:\/\/loudavymkrokem.cz\/wp-content\/uploads\/2026\/09\/nemecko-clanky-termaly-nemecko-30-ccda264f-1-80x60.jpg 80w, https:\/\/loudavymkrokem.cz\/wp-content\/uploads\/2026\/09\/nemecko-clanky-termaly-nemecko-30-ccda264f-1-160x120.jpg 160w, https:\/\/loudavymkrokem.cz\/wp-content\/uploads\/2026\/09\/nemecko-clanky-termaly-nemecko-30-ccda264f-1-696x522.jpg 696w, https:\/\/loudavymkrokem.cz\/wp-content\/uploads\/2026\/09\/nemecko-clanky-termaly-nemecko-30-ccda264f-1-1392x1044.jpg 1392w\" sizes=\"(max-width: 1800px) 100vw, 1800px\" \/><button\n\t\t\tclass=\"lightbox-trigger\"\n\t\t\ttype=\"button\"\n\t\t\taria-haspopup=\"dialog\"\n\t\t\tdata-wp-bind--aria-label=\"state.thisImage.triggerButtonAriaLabel\"\n\t\t\tdata-wp-init=\"callbacks.initTriggerButton\"\n\t\t\tdata-wp-on--click=\"actions.showLightbox\"\n\t\t\tdata-wp-style--right=\"state.thisImage.buttonRight\"\n\t\t\tdata-wp-style--top=\"state.thisImage.buttonTop\"\n\t\t>\n\t\t\t<svg xmlns=\"http:\/\/www.w3.org\/2000\/svg\" width=\"12\" height=\"12\" fill=\"none\" viewBox=\"0 0 12 12\">\n\t\t\t\t<path fill=\"#fff\" d=\"M2 0a2 2 0 0 0-2 2v2h1.5V2a.5.5 0 0 1 .5-.5h2V0H2Zm2 10.5H2a.5.5 0 0 1-.5-.5V8H0v2a2 2 0 0 0 2 2h2v-1.5ZM8 12v-1.5h2a.5.5 0 0 0 .5-.5V8H12v2a2 2 0 0 1-2 2H8Zm2-12a2 2 0 0 1 2 2v2h-1.5V2a.5.5 0 0 0-.5-.5H8V0h2Z\" \/>\n\t\t\t<\/svg>\n\t\t<\/button><figcaption class=\"wp-element-caption\">Foto: qwesy qwesy \/ Wikimedia Commons, CC BY 3.0<\/figcaption><\/figure>\n\n\n\n<h3 class=\"wp-block-heading\"><span class=\"ez-toc-section\" id=\"24_AlbThermen_Bad_Urach\"><\/span>24. AlbThermen (Bad Urach)<span class=\"ez-toc-section-end\"><\/span><\/h3>\n\n\n\n<p class=\"wp-block-paragraph\">Ten lubiany obiekt w mie\u015bcie Bad Urach pokochaj\u0105 przede wszystkim doro\u015bli go\u015bcie, bo dzieci poni\u017cej 8 lat <strong>w og\u00f3le nie maj\u0105 dozwolonego wst\u0119pu do cz\u0119\u015bci k\u0105pielowej<\/strong>. Otoczenie jest dzi\u0119ki temu ograniczeniu bardzo ciche i oferuje naprawd\u0119 niezak\u0142\u00f3cony spok\u00f3j. Je\u015bli wi\u0119c szukasz miejsca, gdzie odpoczniesz od dzieci\u0119cego krzyku, tu nie chybisz.<\/p>\n\n\n\n<p class=\"wp-block-paragraph\">Bramy term otwieraj\u0105 si\u0119 codziennie od 9 do 22, krajobraz saunowy zaczyna dzia\u0142a\u0107 od godziny 10, a miejscowa restauracja gotuje od godziny 11. Ceny s\u0105 tu podzielone na dok\u0142adne bloki czasowe, wi\u0119c op\u0142aca si\u0119 starannie pilnowa\u0107 zegarka, \u017ceby przy wyj\u015bciu nie musie\u0107 niepotrzebnie dop\u0142aca\u0107 2,50 euro za przekroczenie ustalonego czasu.<\/p>\n\n\n\n<p class=\"wp-block-paragraph\">Podstawowe taryfy wed\u0142ug cennika na rok 2026 obowi\u0105zuj\u0105 dok\u0142adnie na 3,5 godziny do basen\u00f3w albo na 4 godziny, je\u015bli wybierzesz kombinacj\u0119 basen\u00f3w z saun\u0105. W weekendy do ka\u017cdej podstawowej taryfy doliczasz drobn\u0105 dop\u0142at\u0119 w wysoko\u015bci 2 euro. <strong>\ud83d\udca1 Wskaz\u00f3wka:<\/strong> Planujesz kilka wizyt lub jedziesz w wi\u0119kszej grupie? Sprawd\u017a kart\u0119 przedp\u0142acon\u0105 na 10 wst\u0119p\u00f3w do basen\u00f3w za 189 euro (ewentualnie z saun\u0105 za 288 euro), do kt\u00f3rej dostaniesz kolejne 3 darmowe wst\u0119py zupe\u0142nie za darmo.<\/p>\n\n\n\n<figure data-wp-context=\"{&quot;imageId&quot;:&quot;6a9c821d1ba73&quot;}\" data-wp-interactive=\"core\/image\" data-wp-key=\"6a9c821d1ba73\" class=\"wp-block-image size-full wp-lightbox-container\"><img decoding=\"async\" width=\"1800\" height=\"1064\" data-wp-class--hide=\"state.isContentHidden\" data-wp-class--show=\"state.isContentVisible\" data-wp-init=\"callbacks.setButtonStyles\" data-wp-on--click=\"actions.showLightbox\" data-wp-on--load=\"callbacks.setButtonStyles\" data-wp-on--pointerdown=\"actions.preloadImage\" data-wp-on--pointerenter=\"actions.preloadImageWithDelay\" data-wp-on--pointerleave=\"actions.cancelPreload\" data-wp-on-window--resize=\"callbacks.setButtonStyles\" src=\"https:\/\/loudavymkrokem.cz\/wp-content\/uploads\/2026\/09\/nemecko-clanky-termaly-nemecko-31-616f54cf-1.jpg\" alt=\"Friedrichsbad (Baden-Baden)\" class=\"wp-image-415332\" title=\"\" srcset=\"https:\/\/loudavymkrokem.cz\/wp-content\/uploads\/2026\/09\/nemecko-clanky-termaly-nemecko-31-616f54cf-1.jpg 1800w, https:\/\/loudavymkrokem.cz\/wp-content\/uploads\/2026\/09\/nemecko-clanky-termaly-nemecko-31-616f54cf-1-300x177.jpg 300w, https:\/\/loudavymkrokem.cz\/wp-content\/uploads\/2026\/09\/nemecko-clanky-termaly-nemecko-31-616f54cf-1-700x414.jpg 700w, https:\/\/loudavymkrokem.cz\/wp-content\/uploads\/2026\/09\/nemecko-clanky-termaly-nemecko-31-616f54cf-1-768x454.jpg 768w, https:\/\/loudavymkrokem.cz\/wp-content\/uploads\/2026\/09\/nemecko-clanky-termaly-nemecko-31-616f54cf-1-1536x908.jpg 1536w, https:\/\/loudavymkrokem.cz\/wp-content\/uploads\/2026\/09\/nemecko-clanky-termaly-nemecko-31-616f54cf-1-696x411.jpg 696w, https:\/\/loudavymkrokem.cz\/wp-content\/uploads\/2026\/09\/nemecko-clanky-termaly-nemecko-31-616f54cf-1-1392x823.jpg 1392w\" sizes=\"(max-width: 1800px) 100vw, 1800px\" \/><button\n\t\t\tclass=\"lightbox-trigger\"\n\t\t\ttype=\"button\"\n\t\t\taria-haspopup=\"dialog\"\n\t\t\tdata-wp-bind--aria-label=\"state.thisImage.triggerButtonAriaLabel\"\n\t\t\tdata-wp-init=\"callbacks.initTriggerButton\"\n\t\t\tdata-wp-on--click=\"actions.showLightbox\"\n\t\t\tdata-wp-style--right=\"state.thisImage.buttonRight\"\n\t\t\tdata-wp-style--top=\"state.thisImage.buttonTop\"\n\t\t>\n\t\t\t<svg xmlns=\"http:\/\/www.w3.org\/2000\/svg\" width=\"12\" height=\"12\" fill=\"none\" viewBox=\"0 0 12 12\">\n\t\t\t\t<path fill=\"#fff\" d=\"M2 0a2 2 0 0 0-2 2v2h1.5V2a.5.5 0 0 1 .5-.5h2V0H2Zm2 10.5H2a.5.5 0 0 1-.5-.5V8H0v2a2 2 0 0 0 2 2h2v-1.5ZM8 12v-1.5h2a.5.5 0 0 0 .5-.5V8H12v2a2 2 0 0 1-2 2H8Zm2-12a2 2 0 0 1 2 2v2h-1.5V2a.5.5 0 0 0-.5-.5H8V0h2Z\" \/>\n\t\t\t<\/svg>\n\t\t<\/button><figcaption class=\"wp-element-caption\">Foto: Gerd Eichmann \/ Wikimedia Commons, CC BY-SA 4.0<\/figcaption><\/figure>\n\n\n\n<h3 class=\"wp-block-heading\"><span class=\"ez-toc-section\" id=\"25_Friedrichsbad_Baden-Baden\"><\/span>25. Friedrichsbad (Baden-Baden)<span class=\"ez-toc-section-end\"><\/span><\/h3>\n\n\n\n<p class=\"wp-block-paragraph\">To historyczne uzdrowisko w Baden-Baden natychmiast przeniesie ci\u0119 w czasie do zupe\u0142nie innej epoki. Zosta\u0142o bowiem zbudowane w latach 1869 do 1877 <strong>bezpo\u015brednio na wzg\u00f3rzu Florentinerberg<\/strong>, gdzie k\u0105pali si\u0119 ju\u017c starzy Rzymianie. W drugiej po\u0142owie XIX wieku chodzi\u0142o nawet o najwa\u017cniejsze termy w ca\u0142ych \u00f3wczesnych Niemczech i do dzi\u015b zachowa\u0142y sw\u00f3j okaza\u0142y charakter.<\/p>\n\n\n\n<p class=\"wp-block-paragraph\">Imponuj\u0105cy budynek z czerwonego i bia\u0142ego piaskowca ma wymiary 62,5 na 50 metr\u00f3w. Jego najwi\u0119ksz\u0105 dum\u0105 jest <strong>ogromna centralna kopu\u0142a wysoka na 17,5 metra<\/strong>, kt\u00f3r\u0105 wspaniale nios\u0105 \u015blepe \u0142uki na kolumnach korynckich. Ca\u0142a budowla inspirowa\u0142a si\u0119 architektonicznie Termami Karakalli w Rzymie. Dzia\u0142aj\u0105 na starej zasadzie \u0142a\u017ani irlandzko-rzymskiej, kt\u00f3r\u0105 do Europy przywi\u00f3z\u0142 brytyjski dyplomata David Urquhart, a w roku 1856 za\u0142o\u017cy\u0142 irlandzki lekarz Richard Barter.<\/p>\n\n\n\n<p class=\"wp-block-paragraph\">Wybudowanie i modernizacja tego uzdrowiska by\u0142y dla miasta kluczowe, bo po powszechnym zakazie hazardu w roku 1872 mia\u0142y przyci\u0105gn\u0105\u0107 now\u0105 bogat\u0105 \u015bmietank\u0119. Miejsce jest po prostu idealne dla mi\u0142o\u015bnik\u00f3w historii i wielbicieli architektury. <strong>\ud83d\udca1 Wskaz\u00f3wka:<\/strong> Podczas relaksu uwa\u017cnie przyjrzyj si\u0119 dekoracji. Oryginalne malowid\u0142a zosta\u0142y wprawdzie w latach 50. XX wieku niedelikatnie zamalowane, ale na pocz\u0105tku lat 80. uda\u0142o si\u0119 je przy renowacji przynajmniej cz\u0119\u015bciowo odrestaurowa\u0107.<\/p>\n\n\n\n<figure data-wp-context=\"{&quot;imageId&quot;:&quot;6a9c821d1c451&quot;}\" data-wp-interactive=\"core\/image\" data-wp-key=\"6a9c821d1c451\" class=\"wp-block-image size-full wp-lightbox-container\"><img decoding=\"async\" width=\"1800\" height=\"1350\" data-wp-class--hide=\"state.isContentHidden\" data-wp-class--show=\"state.isContentVisible\" data-wp-init=\"callbacks.setButtonStyles\" data-wp-on--click=\"actions.showLightbox\" data-wp-on--load=\"callbacks.setButtonStyles\" data-wp-on--pointerdown=\"actions.preloadImage\" data-wp-on--pointerenter=\"actions.preloadImageWithDelay\" data-wp-on--pointerleave=\"actions.cancelPreload\" data-wp-on-window--resize=\"callbacks.setButtonStyles\" src=\"https:\/\/loudavymkrokem.cz\/wp-content\/uploads\/2026\/09\/nemecko-clanky-termaly-nemecko-32-9c1729cf.jpg\" alt=\"Ogr\u00f3d term Vita Classica w Bad Krozingen z ukszta\u0142towanymi drzewami\" class=\"wp-image-415500\" title=\"\" srcset=\"https:\/\/loudavymkrokem.cz\/wp-content\/uploads\/2026\/09\/nemecko-clanky-termaly-nemecko-32-9c1729cf.jpg 1800w, https:\/\/loudavymkrokem.cz\/wp-content\/uploads\/2026\/09\/nemecko-clanky-termaly-nemecko-32-9c1729cf-300x225.jpg 300w, https:\/\/loudavymkrokem.cz\/wp-content\/uploads\/2026\/09\/nemecko-clanky-termaly-nemecko-32-9c1729cf-700x525.jpg 700w, https:\/\/loudavymkrokem.cz\/wp-content\/uploads\/2026\/09\/nemecko-clanky-termaly-nemecko-32-9c1729cf-768x576.jpg 768w, https:\/\/loudavymkrokem.cz\/wp-content\/uploads\/2026\/09\/nemecko-clanky-termaly-nemecko-32-9c1729cf-1536x1152.jpg 1536w, https:\/\/loudavymkrokem.cz\/wp-content\/uploads\/2026\/09\/nemecko-clanky-termaly-nemecko-32-9c1729cf-80x60.jpg 80w, https:\/\/loudavymkrokem.cz\/wp-content\/uploads\/2026\/09\/nemecko-clanky-termaly-nemecko-32-9c1729cf-160x120.jpg 160w, https:\/\/loudavymkrokem.cz\/wp-content\/uploads\/2026\/09\/nemecko-clanky-termaly-nemecko-32-9c1729cf-696x522.jpg 696w, https:\/\/loudavymkrokem.cz\/wp-content\/uploads\/2026\/09\/nemecko-clanky-termaly-nemecko-32-9c1729cf-1392x1044.jpg 1392w\" sizes=\"(max-width: 1800px) 100vw, 1800px\" \/><button\n\t\t\tclass=\"lightbox-trigger\"\n\t\t\ttype=\"button\"\n\t\t\taria-haspopup=\"dialog\"\n\t\t\tdata-wp-bind--aria-label=\"state.thisImage.triggerButtonAriaLabel\"\n\t\t\tdata-wp-init=\"callbacks.initTriggerButton\"\n\t\t\tdata-wp-on--click=\"actions.showLightbox\"\n\t\t\tdata-wp-style--right=\"state.thisImage.buttonRight\"\n\t\t\tdata-wp-style--top=\"state.thisImage.buttonTop\"\n\t\t>\n\t\t\t<svg xmlns=\"http:\/\/www.w3.org\/2000\/svg\" width=\"12\" height=\"12\" fill=\"none\" viewBox=\"0 0 12 12\">\n\t\t\t\t<path fill=\"#fff\" d=\"M2 0a2 2 0 0 0-2 2v2h1.5V2a.5.5 0 0 1 .5-.5h2V0H2Zm2 10.5H2a.5.5 0 0 1-.5-.5V8H0v2a2 2 0 0 0 2 2h2v-1.5ZM8 12v-1.5h2a.5.5 0 0 0 .5-.5V8H12v2a2 2 0 0 1-2 2H8Zm2-12a2 2 0 0 1 2 2v2h-1.5V2a.5.5 0 0 0-.5-.5H8V0h2Z\" \/>\n\t\t\t<\/svg>\n\t\t<\/button><figcaption class=\"wp-element-caption\">Foto: Baden de \/ Wikimedia Commons, CC BY 3.0<\/figcaption><\/figure>\n\n\n\n<h3 class=\"wp-block-heading\"><span class=\"ez-toc-section\" id=\"26_Vita_Classica_Bad_Krozingen\"><\/span>26. Vita Classica (Bad Krozingen)<span class=\"ez-toc-section-end\"><\/span><\/h3>\n\n\n\n<p class=\"wp-block-paragraph\">Je\u015bli na wakacjach cenisz sobie naprawd\u0119 luksusow\u0105 opiek\u0119, w uzdrowisku Vita Classica w miasteczku Bad Krozingen znajdziesz dok\u0142adnie to, czego szukasz. Ich najwi\u0119ksz\u0105 dum\u0105 jest bowiem <strong>specjalny Wohlf\u00fchlhaus<\/strong>, kt\u00f3ry skupia si\u0119 \u015bci\u015ble na ekskluzywnych masa\u017cach i najlepszych premium rytua\u0142ach wellness. Atmosfera tchnie tu spokojem, a profesjonalny personel zadba o to, \u017ceby\u015b wychodzi\u0142 jak odrodzony.<\/p>\n\n\n\n<p class=\"wp-block-paragraph\">K\u0105piel sp\u0119dzisz tu do syta, bo rozleg\u0142y kompleks oferuje a\u017c trzy zewn\u0119trzne i sze\u015b\u0107 wewn\u0119trznych basen\u00f3w nape\u0142nionych przyjemnie ciep\u0142\u0105 wod\u0105 termaln\u0105. To tylko od ciebie zale\u017cy, czy wolisz p\u0142ywa\u0107 pod go\u0142ym niebem, czy schowa\u0107 si\u0119 w \u015brodku. Saunowy raj kryje z kolei osiem r\u00f3\u017cnych kabin saunowych i jedn\u0105 okaza\u0142\u0105 \u015bwi\u0105tyni\u0119 parow\u0105, gdzie dzi\u0119ki gor\u0105cej parze \u0142atwo zapomnisz o wszystkich zmartwieniach dnia codziennego.<\/p>\n\n\n\n<p class=\"wp-block-paragraph\">Te termy s\u0105 po prostu idealne dla ka\u017cdego, kto szuka g\u0142\u0119bokiej relaksacji i nie przeszkadza mu troch\u0119 dop\u0142aci\u0107 za ponadstandardowe zabiegi lecznicze w pi\u0119knym otoczeniu. S\u0105 doskona\u0142ym wyborem na romantyczny weekend we dwoje. <strong>\ud83d\udca1 Wskaz\u00f3wka:<\/strong> Polecam zarezerwowa\u0107 ulubione premium rytua\u0142y lub masa\u017ce w Wohlf\u00fchlhaus odpowiednio wcze\u015bnie przez internet, bo najlepsze weekendowe terminy bywaj\u0105 cz\u0119sto bardzo szybko wyprzedane.<\/p>\n\n\n\n<figure data-wp-context=\"{&quot;imageId&quot;:&quot;6a9c821d1ce37&quot;}\" data-wp-interactive=\"core\/image\" data-wp-key=\"6a9c821d1ce37\" class=\"wp-block-image size-full wp-lightbox-container\"><img decoding=\"async\" width=\"1800\" height=\"1198\" data-wp-class--hide=\"state.isContentHidden\" data-wp-class--show=\"state.isContentVisible\" data-wp-init=\"callbacks.setButtonStyles\" data-wp-on--click=\"actions.showLightbox\" data-wp-on--load=\"callbacks.setButtonStyles\" data-wp-on--pointerdown=\"actions.preloadImage\" data-wp-on--pointerenter=\"actions.preloadImageWithDelay\" data-wp-on--pointerleave=\"actions.cancelPreload\" data-wp-on-window--resize=\"callbacks.setButtonStyles\" src=\"https:\/\/loudavymkrokem.cz\/wp-content\/uploads\/2026\/09\/nemecko-clanky-termaly-nemecko-33-009e6b3b.jpg\" alt=\"Wieczorny basen i balijski pawilon w Bali Therme w Bad Oeynhausen\" class=\"wp-image-415504\" title=\"\" srcset=\"https:\/\/loudavymkrokem.cz\/wp-content\/uploads\/2026\/09\/nemecko-clanky-termaly-nemecko-33-009e6b3b.jpg 1800w, https:\/\/loudavymkrokem.cz\/wp-content\/uploads\/2026\/09\/nemecko-clanky-termaly-nemecko-33-009e6b3b-300x200.jpg 300w, https:\/\/loudavymkrokem.cz\/wp-content\/uploads\/2026\/09\/nemecko-clanky-termaly-nemecko-33-009e6b3b-700x466.jpg 700w, https:\/\/loudavymkrokem.cz\/wp-content\/uploads\/2026\/09\/nemecko-clanky-termaly-nemecko-33-009e6b3b-768x511.jpg 768w, https:\/\/loudavymkrokem.cz\/wp-content\/uploads\/2026\/09\/nemecko-clanky-termaly-nemecko-33-009e6b3b-1536x1022.jpg 1536w, https:\/\/loudavymkrokem.cz\/wp-content\/uploads\/2026\/09\/nemecko-clanky-termaly-nemecko-33-009e6b3b-696x463.jpg 696w, https:\/\/loudavymkrokem.cz\/wp-content\/uploads\/2026\/09\/nemecko-clanky-termaly-nemecko-33-009e6b3b-1392x926.jpg 1392w\" sizes=\"(max-width: 1800px) 100vw, 1800px\" \/><button\n\t\t\tclass=\"lightbox-trigger\"\n\t\t\ttype=\"button\"\n\t\t\taria-haspopup=\"dialog\"\n\t\t\tdata-wp-bind--aria-label=\"state.thisImage.triggerButtonAriaLabel\"\n\t\t\tdata-wp-init=\"callbacks.initTriggerButton\"\n\t\t\tdata-wp-on--click=\"actions.showLightbox\"\n\t\t\tdata-wp-style--right=\"state.thisImage.buttonRight\"\n\t\t\tdata-wp-style--top=\"state.thisImage.buttonTop\"\n\t\t>\n\t\t\t<svg xmlns=\"http:\/\/www.w3.org\/2000\/svg\" width=\"12\" height=\"12\" fill=\"none\" viewBox=\"0 0 12 12\">\n\t\t\t\t<path fill=\"#fff\" d=\"M2 0a2 2 0 0 0-2 2v2h1.5V2a.5.5 0 0 1 .5-.5h2V0H2Zm2 10.5H2a.5.5 0 0 1-.5-.5V8H0v2a2 2 0 0 0 2 2h2v-1.5ZM8 12v-1.5h2a.5.5 0 0 0 .5-.5V8H12v2a2 2 0 0 1-2 2H8Zm2-12a2 2 0 0 1 2 2v2h-1.5V2a.5.5 0 0 0-.5-.5H8V0h2Z\" \/>\n\t\t\t<\/svg>\n\t\t<\/button><\/figure>\n\n\n\n<h2 class=\"wp-block-heading\"><span class=\"ez-toc-section\" id=\"Termy_w_Nadrenii_Polnocnej-Westfalii\"><\/span>Termy w Nadrenii P\u00f3\u0142nocnej-Westfalii<span class=\"ez-toc-section-end\"><\/span><\/h2>\n\n\n\n<p class=\"wp-block-paragraph\">Nadrenia P\u00f3\u0142nocna-Westfalia to najludniejszy kraj zwi\u0105zkowy Niemiec, wi\u0119c o wspania\u0142\u0105 k\u0105piel na pewno tu nie trudno. Wi\u0119kszo\u015b\u0107 najlepszych obiekt\u00f3w le\u017cy w wygodnym zasi\u0119gu Kolonii, D\u00fcsseldorfu lub Akwizgranu, co czyni z nich idealny cel na przed\u0142u\u017cony weekend. Je\u015bli uwielbiasz rozleg\u0142e \u015bwiaty wodne albo nietypow\u0105 architektur\u0119, tu przyjdziesz na swoje.<\/p>\n\n\n\n<p class=\"wp-block-paragraph\">Mocnym tematem tego obszaru s\u0105 ogromne parki saunowe, jak s\u0142ynna Mediterana, oraz unikatowe egzotyczne stylizacje. \u015awietnym przyk\u0142adem jest chocia\u017cby Bali Therme, gdzie b\u0119dziesz si\u0119 czu\u0107 jak na prawdziwych wakacjach w Azji. Chod\u017a, sp\u00f3jrzmy na siedem miejsc, kt\u00f3re w tym regionie zdecydowanie nie powinny ci umkn\u0105\u0107.<\/p>\n\n\n\n<figure data-wp-context=\"{&quot;imageId&quot;:&quot;6a9c821d1d50d&quot;}\" data-wp-interactive=\"core\/image\" data-wp-key=\"6a9c821d1d50d\" class=\"wp-block-image size-full wp-lightbox-container\"><img decoding=\"async\" width=\"1800\" height=\"1201\" data-wp-class--hide=\"state.isContentHidden\" data-wp-class--show=\"state.isContentVisible\" data-wp-init=\"callbacks.setButtonStyles\" data-wp-on--click=\"actions.showLightbox\" data-wp-on--load=\"callbacks.setButtonStyles\" data-wp-on--pointerdown=\"actions.preloadImage\" data-wp-on--pointerenter=\"actions.preloadImageWithDelay\" data-wp-on--pointerleave=\"actions.cancelPreload\" data-wp-on-window--resize=\"callbacks.setButtonStyles\" src=\"https:\/\/loudavymkrokem.cz\/wp-content\/uploads\/2026\/09\/nemecko-clanky-termaly-nemecko-34-d5cf2c11-1.jpg\" alt=\"Thermen &#038; Badewelt Euskirchen (Euskirchen): cz\u0119\u015b\u0107 saunowa\" class=\"wp-image-415338\" title=\"\" srcset=\"https:\/\/loudavymkrokem.cz\/wp-content\/uploads\/2026\/09\/nemecko-clanky-termaly-nemecko-34-d5cf2c11-1.jpg 1800w, https:\/\/loudavymkrokem.cz\/wp-content\/uploads\/2026\/09\/nemecko-clanky-termaly-nemecko-34-d5cf2c11-1-300x200.jpg 300w, https:\/\/loudavymkrokem.cz\/wp-content\/uploads\/2026\/09\/nemecko-clanky-termaly-nemecko-34-d5cf2c11-1-700x467.jpg 700w, https:\/\/loudavymkrokem.cz\/wp-content\/uploads\/2026\/09\/nemecko-clanky-termaly-nemecko-34-d5cf2c11-1-768x512.jpg 768w, https:\/\/loudavymkrokem.cz\/wp-content\/uploads\/2026\/09\/nemecko-clanky-termaly-nemecko-34-d5cf2c11-1-1536x1025.jpg 1536w, https:\/\/loudavymkrokem.cz\/wp-content\/uploads\/2026\/09\/nemecko-clanky-termaly-nemecko-34-d5cf2c11-1-696x464.jpg 696w, https:\/\/loudavymkrokem.cz\/wp-content\/uploads\/2026\/09\/nemecko-clanky-termaly-nemecko-34-d5cf2c11-1-1392x929.jpg 1392w\" sizes=\"(max-width: 1800px) 100vw, 1800px\" \/><button\n\t\t\tclass=\"lightbox-trigger\"\n\t\t\ttype=\"button\"\n\t\t\taria-haspopup=\"dialog\"\n\t\t\tdata-wp-bind--aria-label=\"state.thisImage.triggerButtonAriaLabel\"\n\t\t\tdata-wp-init=\"callbacks.initTriggerButton\"\n\t\t\tdata-wp-on--click=\"actions.showLightbox\"\n\t\t\tdata-wp-style--right=\"state.thisImage.buttonRight\"\n\t\t\tdata-wp-style--top=\"state.thisImage.buttonTop\"\n\t\t>\n\t\t\t<svg xmlns=\"http:\/\/www.w3.org\/2000\/svg\" width=\"12\" height=\"12\" fill=\"none\" viewBox=\"0 0 12 12\">\n\t\t\t\t<path fill=\"#fff\" d=\"M2 0a2 2 0 0 0-2 2v2h1.5V2a.5.5 0 0 1 .5-.5h2V0H2Zm2 10.5H2a.5.5 0 0 1-.5-.5V8H0v2a2 2 0 0 0 2 2h2v-1.5ZM8 12v-1.5h2a.5.5 0 0 0 .5-.5V8H12v2a2 2 0 0 1-2 2H8Zm2-12a2 2 0 0 1 2 2v2h-1.5V2a.5.5 0 0 0-.5-.5H8V0h2Z\" \/>\n\t\t\t<\/svg>\n\t\t<\/button><\/figure>\n\n\n\n<!-- LKM_GYG_CARD start q=\"germany\" lang=\"pl\" rendered=\"2026-09-05T18:39:40+00:00\" v=\"1\" -->\n\n<!-- LKM_GYG_CARD end -->\n\n\n\n\n<div class=\"lk-stays-module\">\n<style>\n\/* \u2500\u2500\u2500 RESET PRO GUTENBERG \u2500\u2500\u2500 *\/\n.lk-stays-module * { box-sizing: border-box; margin: 0; padding: 0; }\n\n\/* \u2500\u2500\u2500 WRAPPER \u2500\u2500\u2500 *\/\n.lk-stays-module {\n  font-family: 'DM Sans', Georgia, sans-serif;\n  max-width: 100%;\n  margin: 2.5rem auto;\n  background: linear-gradient(135deg, #fdfaf5 0%, #fcf8f0 100%);\n  border: 1px solid #e8dfd4;\n  border-radius: 16px;\n  overflow: hidden;\n  box-shadow: 0 16px 48px rgba(195, 159, 118, 0.25), 0 4px 12px rgba(0,0,0,0.08);\n}\n\n\/* \u2500\u2500\u2500 HEADER \u2500\u2500\u2500 *\/\n.lk-stays-header {\n  position: relative;\n  padding: 24px 36px 24px;\n  background: linear-gradient(135deg, #c39f76 0%, #d4b188 60%, #c39f76 100%);\n  border-bottom: 1px solid rgba(255,255,255,.15);\n  display: flex;\n  align-items: center;\n  gap: 18px;\n}\n.lk-stays-header::before {\n  content: '';\n  position: absolute;\n  inset: 0;\n  background: url(\"data:image\/svg+xml,%3Csvg width='60' height='60' viewBox='0 0 60 60' xmlns='http:\/\/www.w3.org\/2000\/svg'%3E%3Cg fill='none' fill-rule='evenodd'%3E%3Cg fill='%23ffffff' fill-opacity='0.05'%3E%3Cpath d='M36 34v-4h-2v4h-4v2h4v4h2v-4h4v-2h-4zm0-30V0h-2v4h-4v2h4v4h2V6h4V4h-4zM6 34v-4H4v4H0v2h4v4h2v-4h4v-2H6zM6 4V0H4v4H0v2h4v4h2V6h4V4H6z'\/%3E%3C\/g%3E%3C\/g%3E%3C\/svg%3E\") repeat;\n  pointer-events: none;\n}\n.lk-stays-icon {\n  flex-shrink: 0;\n  width: 68px;\n  height: 68px;\n  border-radius: 14px;\n  background: linear-gradient(135deg, #fff 0%, #f9f6f0 100%);\n  display: flex;\n  align-items: center;\n  justify-content: center;\n  font-size: 26px;\n  box-shadow: 0 4px 12px rgba(0,0,0,0.15);\n}\n.lk-stays-eyebrow {\n  font-size: 10px;\n  font-weight: 500;\n  letter-spacing: 2.5px;\n  text-transform: uppercase;\n  color: rgba(255,255,255,.85);\n  margin: 0 0 5px 0;\n}\n.lk-stays-title {\n  font-family: 'Playfair Display', Georgia, serif;\n  font-size: 24px;\n  font-weight: 700;\n  color: #fff;\n  line-height: 1.2;\n  text-shadow: 0 1px 2px rgba(0,0,0,0.1);\n  margin: 0;\n}\n.lk-stays-subtitle {\n  font-size: 13px;\n  color: rgba(255,255,255,.75);\n  margin: 4px 0 0 0;\n  font-weight: 300;\n}\n\n\/* \u2500\u2500\u2500 CARDS GRID \u2500\u2500\u2500 *\/\n.lk-stays-grid {\n  display: grid;\n  grid-template-columns: 1fr 1fr;\n  gap: 1px;\n  background: rgba(195, 159, 118, 0.12);\n}\n\n\/* \u2500\u2500\u2500 SINGLE CARD \u2500\u2500\u2500 *\/\n.lk-stay-card {\n  background: #ffffff;\n  padding: 26px;\n  display: flex;\n  flex-direction: column;\n  gap: 11px;\n  transition: all 0.3s ease;\n  text-decoration: none;\n  color: inherit;\n  position: relative;\n}\n.lk-stay-card:hover {\n  background: #fffbf5;\n  transform: translateY(-2px);\n  box-shadow: 0 8px 24px rgba(195, 159, 118, 0.18);\n  z-index: 1;\n}\n.lk-stay-card.featured {\n  background: linear-gradient(135deg, #fffdf9 0%, #fff9f0 100%);\n  box-shadow: 0 4px 16px rgba(195, 159, 118, 0.15), inset 0 1px 0 rgba(195, 159, 118, 0.1);\n}\n.lk-stay-card.featured:hover {\n  background: linear-gradient(135deg, #fffbf5 0%, #fff8ed 100%);\n  box-shadow: 0 8px 24px rgba(195, 159, 118, 0.25), inset 0 1px 0 rgba(195, 159, 118, 0.15);\n}\n\n.lk-stay-badge {\n  display: inline-flex;\n  align-items: center;\n  gap: 5px;\n  font-size: 10px;\n  font-weight: 500;\n  letter-spacing: 1.5px;\n  text-transform: uppercase;\n  padding: 5px 11px;\n  border-radius: 20px;\n  width: fit-content;\n}\n.badge-top     { background: linear-gradient(135deg, #c39f76 0%, #d4b188 100%); color: #fff; border: 1px solid #c39f76; font-weight: 600; box-shadow: 0 2px 8px rgba(195,159,118,0.3); }\n.badge-luxury  { background: rgba(195,159,118,.12); color: #c39f76; border: 1px solid rgba(195,159,118,.25); }\n.badge-boutique{ background: rgba(54,133,252,.08); color: #3685fc; border: 1px solid rgba(54,133,252,.2); }\n.badge-nature  { background: rgba(130,190,100,.1); color: #6b9c4a; border: 1px solid rgba(130,190,100,.2); }\n.badge-remote  { background: rgba(195,159,118,.12); color: #a67e50; border: 1px solid rgba(195,159,118,.25); }\n\n.lk-stay-name {\n  font-family: 'Playfair Display', Georgia, serif;\n  font-size: 18px;\n  font-weight: 700;\n  color: #111827;\n  line-height: 1.3;\n}\n.lk-stay-desc {\n  font-size: 13.5px;\n  color: #525252;\n  line-height: 1.65;\n  font-weight: 300;\n  flex: 1;\n}\n\n.lk-stay-meta {\n  display: flex;\n  align-items: center;\n  gap: 12px;\n  flex-wrap: wrap;\n  margin-top: 4px;\n}\n.lk-stay-price {\n  font-size: 13px;\n  color: #6b7280;\n}\n.lk-stay-price strong {\n  color: #c39f76;\n  font-weight: 500;\n}\n.lk-stay-stars {\n  color: #c39f76;\n  font-size: 11px;\n  letter-spacing: 1px;\n}\n\n\/* \u2500\u2500\u2500 CTA BUTTON \u2500\u2500\u2500 *\/\n.lk-stay-cta {\n  display: inline-flex;\n  align-items: center;\n  justify-content: center;\n  gap: 7px;\n  margin-top: 8px;\n  padding: 11px 20px;\n  border-radius: 8px;\n  background: linear-gradient(135deg, #3685fc 0%, #2a6fd9 100%);\n  color: #fff;\n  font-size: 13px;\n  font-weight: 500;\n  text-decoration: none;\n  letter-spacing: .3px;\n  transition: all .2s ease;\n  cursor: pointer;\n  border: none;\n  text-align: center;\n  box-shadow: 0 4px 12px rgba(54, 133, 252, 0.25);\n}\n.lk-stay-cta:hover {\n  background: linear-gradient(135deg, #2a6fd9 0%, #1e5bc4 100%);\n  transform: translateY(-1px);\n  box-shadow: 0 6px 16px rgba(54, 133, 252, 0.35);\n}\n.lk-stay-cta svg { flex-shrink: 0; }\n\n\/* \u2500\u2500\u2500 FOOTER \u2500\u2500\u2500 *\/\n.lk-stays-footer {\n  padding: 18px 36px;\n  background: linear-gradient(to bottom, #fdfaf5 0%, #f9f4ed 100%);\n  border-top: 1px solid rgba(195, 159, 118, 0.15);\n  display: flex;\n  align-items: center;\n  justify-content: space-between;\n  flex-wrap: wrap;\n  gap: 12px;\n}\n.lk-stays-footer-note {\n  font-size: 11.5px;\n  color: #6b7280;\n  font-weight: 300;\n  line-height: 1.5;\n}\n.lk-stays-footer-note a {\n  color: #c39f76;\n  text-decoration: none;\n  font-weight: 400;\n}\n.lk-stays-footer-note a:hover {\n  text-decoration: underline;\n}\n.lk-stays-all-btn {\n  display: inline-flex;\n  align-items: center;\n  gap: 6px;\n  font-size: 12.5px;\n  font-weight: 500;\n  color: #c39f76;\n  text-decoration: none;\n  border: 1px solid rgba(195, 159, 118, 0.35);\n  padding: 8px 18px;\n  border-radius: 8px;\n  transition: all .2s ease;\n}\n.lk-stays-all-btn:hover {\n  background: rgba(195, 159, 118, 0.08);\n  border-color: rgba(195, 159, 118, 0.5);\n}\n\n\/* \u2500\u2500\u2500 RESPONSIVE \u2500\u2500\u2500 *\/\n@media (max-width: 600px) {\n  .lk-stays-grid { grid-template-columns: 1fr; }\n  .lk-stays-header { padding: 24px 20px; }\n  .lk-stays-footer { padding: 16px 20px; }\n  .lk-stay-card { padding: 22px; }\n  .lk-stays-title { font-size: 20px; }\n}\n<\/style>\n\n  <!-- HEADER -->\n  <div class=\"lk-stays-header\">\n    <img decoding=\"async\" src=\"https:\/\/loudavymkrokem.cz\/wp-content\/uploads\/2026\/02\/lukas-a-lucka.jpg\" alt=\"\" style=\"width: 75px; height: 75px; border-radius: 8px; flex-shrink: 0; object-fit: cover; display: block; margin: 4px 0;\" title=\"\">\n    <div class=\"lk-stays-header-text\">\n      <div class=\"lk-stays-eyebrow\">Luk\u00e1\u0161 i Lucie polecaj\u0105<\/div>\n      <div class=\"lk-stays-title\">Gdzie si\u0119 zatrzyma\u0107 w Niemczech<\/div>\n      <div class=\"lk-stays-subtitle\">6 obiekt\u00f3w noclegowych \u2014 hotele wellness, hotele i inne opcje zakwaterowania<\/div>\n    <\/div>\n  <\/div>\n\n  <!-- CARDS -->\n  <div class=\"lk-stays-grid\">\n\n    <a class=\"lk-stay-card featured\" href=\"https:\/\/www.stay22.com\/allez\/roam?aid=lukaskonecny&#038;campaign=loudavymkrokemcz&#038;campaign=pl&#038;campaign=termaly-nemecko&#038;hotelname=Hotel%20Victory%20Therme%20Erding&#038;address=Erding%2C%20Nemecko\" target=\"_blank\" rel=\"nofollow noopener\">\n      <span class=\"lk-stay-badge badge-top\">\u2b50 TOP WYB\u00d3R<\/span>\n      <span class=\"lk-stay-badge badge-nature\">\ud83c\udfe8 Hotel<\/span>\n      <div class=\"lk-stay-name\">Hotel Victory Therme Erding<\/div>\n      <div class=\"lk-stay-desc\">Luksusowy hotel zlokalizowany bezpo\u015brednio na terenie Therme Erding z pokojami stylizowanymi na okr\u0119t HMS Victory. W cenie noclegu wst\u0119p do term.<\/div>\n      <div class=\"lk-stay-meta\">\n        <span class=\"lk-stay-stars\">\u2605\u2605\u2605\u2605<\/span>\n        <span class=\"lk-stay-price\">Sprawd\u017a ceny<\/span>\n      <\/div>\n      <span class=\"lk-stay-cta\">\n        <svg width=\"14\" height=\"14\" viewBox=\"0 0 24 24\" fill=\"none\" stroke=\"currentColor\" stroke-width=\"2\"><path d=\"M18 13v6a2 2 0 0 1-2 2H5a2 2 0 0 1-2-2V8a2 2 0 0 1 2-2h6\"\/><polyline points=\"15 3 21 3 21 9\"\/><line x1=\"10\" y1=\"14\" x2=\"21\" y2=\"3\"\/><\/svg>\n        Sprawd\u017a dost\u0119pno\u015b\u0107\n      <\/span>\n    <\/a>\n\n    <a class=\"lk-stay-card\" href=\"https:\/\/www.stay22.com\/allez\/roam?aid=lukaskonecny&#038;campaign=loudavymkrokemcz&#038;campaign=pl&#038;campaign=termaly-nemecko&#038;hotelname=Thermenhotel%20Gass&#038;address=Bad%20Fussing%2C%20Nemecko\" target=\"_blank\" rel=\"nofollow noopener\">\n      <span class=\"lk-stay-badge badge-nature\">\ud83c\udfe8 Hotel<\/span>\n      <div class=\"lk-stay-name\">Thermenhotel Gass<\/div>\n      <div class=\"lk-stay-desc\">Trzygwiazdkowy hotel superior z w\u0142asnymi basenami wype\u0142nionymi termaln\u0105 wod\u0105 siarkow\u0105 bezpo\u015brednio z Therme 1.<\/div>\n      <div class=\"lk-stay-meta\">\n        <span class=\"lk-stay-stars\">\u2605\u2605\u2605<\/span>\n        <span class=\"lk-stay-price\">Sprawd\u017a ceny<\/span>\n      <\/div>\n      <span class=\"lk-stay-cta\">\n        <svg width=\"14\" height=\"14\" viewBox=\"0 0 24 24\" fill=\"none\" stroke=\"currentColor\" stroke-width=\"2\"><path d=\"M18 13v6a2 2 0 0 1-2 2H5a2 2 0 0 1-2-2V8a2 2 0 0 1 2-2h6\"\/><polyline points=\"15 3 21 3 21 9\"\/><line x1=\"10\" y1=\"14\" x2=\"21\" y2=\"3\"\/><\/svg>\n        Sprawd\u017a dost\u0119pno\u015b\u0107\n      <\/span>\n    <\/a>\n\n    <a class=\"lk-stay-card\" href=\"https:\/\/www.stay22.com\/allez\/roam?aid=lukaskonecny&#038;campaign=loudavymkrokemcz&#038;campaign=pl&#038;campaign=termaly-nemecko&#038;hotelname=Hotel%20an%20der%20Therme%20Bad%20Sulza&#038;address=Bad%20Sulza%2C%20Nemecko\" target=\"_blank\" rel=\"nofollow noopener\">\n      <span class=\"lk-stay-badge badge-nature\">\ud83c\udfe8 Hotel<\/span>\n      <div class=\"lk-stay-name\">Hotel an der Therme Bad Sulza<\/div>\n      <div class=\"lk-stay-desc\">Hotel po\u0142\u0105czony szlafrokowym korytarzem z Toskana Therme. W cenie noclegu wst\u0119p do term wraz ze \u015bwiatem saun.<\/div>\n      <div class=\"lk-stay-meta\">\n        <span class=\"lk-stay-stars\">\u2605\u2605\u2605\u2605<\/span>\n        <span class=\"lk-stay-price\">Sprawd\u017a ceny<\/span>\n      <\/div>\n      <span class=\"lk-stay-cta\">\n        <svg width=\"14\" height=\"14\" viewBox=\"0 0 24 24\" fill=\"none\" stroke=\"currentColor\" stroke-width=\"2\"><path d=\"M18 13v6a2 2 0 0 1-2 2H5a2 2 0 0 1-2-2V8a2 2 0 0 1 2-2h6\"\/><polyline points=\"15 3 21 3 21 9\"\/><line x1=\"10\" y1=\"14\" x2=\"21\" y2=\"3\"\/><\/svg>\n        Sprawd\u017a dost\u0119pno\u015b\u0107\n      <\/span>\n    <\/a>\n\n    <a class=\"lk-stay-card\" href=\"https:\/\/www.stay22.com\/allez\/roam?aid=lukaskonecny&#038;campaign=loudavymkrokemcz&#038;campaign=pl&#038;campaign=termaly-nemecko&#038;hotelname=Mauritius%20Hotel%20%26%20Therme&#038;address=Kolin%20nad%20Rynem%2C%20Nemecko\" target=\"_blank\" rel=\"nofollow noopener\">\n      <span class=\"lk-stay-badge badge-nature\">\u2b50 Luxury<\/span>\n      <div class=\"lk-stay-name\">Mauritius Hotel &#038; Therme<\/div>\n      <div class=\"lk-stay-desc\">Czterogwiazdkowy hotel z ogromnym centrum wellness o powierzchni 3500 m\u00b2. Siedem saun i basen zewn\u0119trzny z sol\u0105 z Morza Martwego.<\/div>\n      <div class=\"lk-stay-meta\">\n        <span class=\"lk-stay-stars\">\u2605\u2605\u2605\u2605<\/span>\n        <span class=\"lk-stay-price\">od 10 EUR\/dzie\u0144 wellness<\/span>\n      <\/div>\n      <span class=\"lk-stay-cta\">\n        <svg width=\"14\" height=\"14\" viewBox=\"0 0 24 24\" fill=\"none\" stroke=\"currentColor\" stroke-width=\"2\"><path d=\"M18 13v6a2 2 0 0 1-2 2H5a2 2 0 0 1-2-2V8a2 2 0 0 1 2-2h6\"\/><polyline points=\"15 3 21 3 21 9\"\/><line x1=\"10\" y1=\"14\" x2=\"21\" y2=\"3\"\/><\/svg>\n        Sprawd\u017a dost\u0119pno\u015b\u0107\n      <\/span>\n    <\/a>\n\n    <a class=\"lk-stay-card\" href=\"https:\/\/www.stay22.com\/allez\/roam?aid=lukaskonecny&#038;campaign=loudavymkrokemcz&#038;campaign=pl&#038;campaign=termaly-nemecko&#038;hotelname=Hotel%20Zum%20Rittmeister&#038;address=Werder%20Havel%2C%20Nemecko\" target=\"_blank\" rel=\"nofollow noopener\">\n      <span class=\"lk-stay-badge badge-nature\">\ud83c\udfe8 Hotel<\/span>\n      <div class=\"lk-stay-name\">Hotel Zum Rittmeister<\/div>\n      <div class=\"lk-stay-desc\">Hotel z 35 przytulnymi pokojami. Go\u015bcie otrzymaj\u0105 zni\u017ck\u0119 na wst\u0119p do pobliskiego Havel Therme po okazaniu G\u00e4stekarte.<\/div>\n      <div class=\"lk-stay-meta\">\n        <span class=\"lk-stay-stars\">\u2605\u2605\u2605\u2605<\/span>\n        <span class=\"lk-stay-price\">Sprawd\u017a ceny<\/span>\n      <\/div>\n      <span class=\"lk-stay-cta\">\n        <svg width=\"14\" height=\"14\" viewBox=\"0 0 24 24\" fill=\"none\" stroke=\"currentColor\" stroke-width=\"2\"><path d=\"M18 13v6a2 2 0 0 1-2 2H5a2 2 0 0 1-2-2V8a2 2 0 0 1 2-2h6\"\/><polyline points=\"15 3 21 3 21 9\"\/><line x1=\"10\" y1=\"14\" x2=\"21\" y2=\"3\"\/><\/svg>\n        Sprawd\u017a dost\u0119pno\u015b\u0107\n      <\/span>\n    <\/a>\n\n    <a class=\"lk-stay-card\" href=\"https:\/\/www.stay22.com\/allez\/roam?aid=lukaskonecny&#038;campaign=loudavymkrokemcz&#038;campaign=pl&#038;campaign=termaly-nemecko&#038;hotelname=Hotel%20Palatin&#038;address=Wiesloch%2C%20Nemecko\" target=\"_blank\" rel=\"nofollow noopener\">\n      <span class=\"lk-stay-badge badge-nature\">\ud83c\udfe8 Hotel<\/span>\n      <div class=\"lk-stay-name\">Hotel Palatin<\/div>\n      <div class=\"lk-stay-desc\">Hotel partnerski term Sinsheim. Korzystne pakiety z noclegiem, \u015bniadaniem i biletem do term od 79 EUR.<\/div>\n      <div class=\"lk-stay-meta\">\n        <span class=\"lk-stay-stars\">\u2605\u2605\u2605\u2605<\/span>\n        <span class=\"lk-stay-price\">od 79 EUR\/osoba<\/span>\n      <\/div>\n      <span class=\"lk-stay-cta\">\n        <svg width=\"14\" height=\"14\" viewBox=\"0 0 24 24\" fill=\"none\" stroke=\"currentColor\" stroke-width=\"2\"><path d=\"M18 13v6a2 2 0 0 1-2 2H5a2 2 0 0 1-2-2V8a2 2 0 0 1 2-2h6\"\/><polyline points=\"15 3 21 3 21 9\"\/><line x1=\"10\" y1=\"14\" x2=\"21\" y2=\"3\"\/><\/svg>\n        Sprawd\u017a dost\u0119pno\u015b\u0107\n      <\/span>\n    <\/a>\n\n  <\/div>\n\n  \n<\/div>\n\n\n\n\n<h3 class=\"wp-block-heading\"><span class=\"ez-toc-section\" id=\"27_Thermen_Badewelt_Euskirchen_Euskirchen\"><\/span>27. Thermen &#038; Badewelt Euskirchen (Euskirchen)<span class=\"ez-toc-section-end\"><\/span><\/h3>\n\n\n\n<p class=\"wp-block-paragraph\">Ten nowoczesny kompleks le\u017cy oko\u0142o <strong>45 minut drogi od Kolonii<\/strong> i nale\u017cy do tego samego operatora co s\u0142ynny kompleks w Sinsheim. Ju\u017c na pierwszy rzut oka porwie ci\u0119 hojna k\u0105piel w lagunach, kt\u00f3re rozci\u0105gaj\u0105 si\u0119 przy <strong>naturalnym jeziorze o imponuj\u0105cej powierzchni 6500 m\u00b2<\/strong>. Widoki z wygodnych le\u017canek bezpo\u015brednio na t\u0119 rozleg\u0142\u0105 tafl\u0119 wodn\u0105 dzia\u0142aj\u0105 uspokajaj\u0105co.<\/p>\n\n\n\n<p class=\"wp-block-paragraph\">Mo\u017cesz cieszy\u0107 si\u0119 <strong>Blaue Lagune z wod\u0105 ciep\u0142\u0105 na 33\u00b0C<\/strong>, kt\u00f3r\u0105 przyjemnie sp\u0119dzisz w cz\u0119\u015bci wewn\u0119trznej i zewn\u0119trznej. Opr\u00f3cz niej czekaj\u0105 na ciebie najr\u00f3\u017cniejsze oazy relaksacyjne, orze\u017awiaj\u0105ca lodowa studnia czy bardzo efektowny prysznic w kszta\u0142cie kwiat\u00f3w kalii. Je\u015bli dopiero zaczynasz z rozgrzewaniem cia\u0142a i nie chcesz od razu w ekstremalny \u017car, operator zaleca wystartowa\u0107 <strong>w saunie o przyjemnych 60\u00b0C<\/strong>.<\/p>\n\n\n\n<p class=\"wp-block-paragraph\">Kompleks jest pomy\u015blany przede wszystkim na spokojny odpoczynek, dlatego od niedzieli do pi\u0105tku maj\u0105 tu <strong>wst\u0119p tylko odwiedzaj\u0105cy starsi ni\u017c 16 lat<\/strong>. Dla rodzin z mniejszymi dzie\u0107mi ten obiekt w dni powszednie si\u0119 nie nadaje. <strong>\ud83d\udca1 Wskaz\u00f3wka:<\/strong> Je\u015bli lubisz prawdziwy spok\u00f3j, wykorzystaj w\u0142a\u015bnie dni powszednie, kiedy wst\u0119p dla m\u0142odszych kategorii wiekowych jest ograniczony, a termy oferuj\u0105 oaz\u0119 ciszy.<\/p>\n\n\n\n<figure data-wp-context=\"{&quot;imageId&quot;:&quot;6a9c821d1de33&quot;}\" data-wp-interactive=\"core\/image\" data-wp-key=\"6a9c821d1de33\" class=\"wp-block-image size-full wp-lightbox-container\"><img decoding=\"async\" width=\"1800\" height=\"1012\" data-wp-class--hide=\"state.isContentHidden\" data-wp-class--show=\"state.isContentVisible\" data-wp-init=\"callbacks.setButtonStyles\" data-wp-on--click=\"actions.showLightbox\" data-wp-on--load=\"callbacks.setButtonStyles\" data-wp-on--pointerdown=\"actions.preloadImage\" data-wp-on--pointerenter=\"actions.preloadImageWithDelay\" data-wp-on--pointerleave=\"actions.cancelPreload\" data-wp-on-window--resize=\"callbacks.setButtonStyles\" src=\"https:\/\/loudavymkrokem.cz\/wp-content\/uploads\/2026\/09\/nemecko-clanky-termaly-nemecko-35-2fe13158-1.jpg\" alt=\"Bali Therme (Bad Oeynhausen): basen relaksacyjny\" class=\"wp-image-415340\" title=\"\" srcset=\"https:\/\/loudavymkrokem.cz\/wp-content\/uploads\/2026\/09\/nemecko-clanky-termaly-nemecko-35-2fe13158-1.jpg 1800w, https:\/\/loudavymkrokem.cz\/wp-content\/uploads\/2026\/09\/nemecko-clanky-termaly-nemecko-35-2fe13158-1-300x169.jpg 300w, https:\/\/loudavymkrokem.cz\/wp-content\/uploads\/2026\/09\/nemecko-clanky-termaly-nemecko-35-2fe13158-1-700x394.jpg 700w, https:\/\/loudavymkrokem.cz\/wp-content\/uploads\/2026\/09\/nemecko-clanky-termaly-nemecko-35-2fe13158-1-768x432.jpg 768w, https:\/\/loudavymkrokem.cz\/wp-content\/uploads\/2026\/09\/nemecko-clanky-termaly-nemecko-35-2fe13158-1-1536x864.jpg 1536w, https:\/\/loudavymkrokem.cz\/wp-content\/uploads\/2026\/09\/nemecko-clanky-termaly-nemecko-35-2fe13158-1-696x391.jpg 696w, https:\/\/loudavymkrokem.cz\/wp-content\/uploads\/2026\/09\/nemecko-clanky-termaly-nemecko-35-2fe13158-1-1392x783.jpg 1392w\" sizes=\"(max-width: 1800px) 100vw, 1800px\" \/><button\n\t\t\tclass=\"lightbox-trigger\"\n\t\t\ttype=\"button\"\n\t\t\taria-haspopup=\"dialog\"\n\t\t\tdata-wp-bind--aria-label=\"state.thisImage.triggerButtonAriaLabel\"\n\t\t\tdata-wp-init=\"callbacks.initTriggerButton\"\n\t\t\tdata-wp-on--click=\"actions.showLightbox\"\n\t\t\tdata-wp-style--right=\"state.thisImage.buttonRight\"\n\t\t\tdata-wp-style--top=\"state.thisImage.buttonTop\"\n\t\t>\n\t\t\t<svg xmlns=\"http:\/\/www.w3.org\/2000\/svg\" width=\"12\" height=\"12\" fill=\"none\" viewBox=\"0 0 12 12\">\n\t\t\t\t<path fill=\"#fff\" d=\"M2 0a2 2 0 0 0-2 2v2h1.5V2a.5.5 0 0 1 .5-.5h2V0H2Zm2 10.5H2a.5.5 0 0 1-.5-.5V8H0v2a2 2 0 0 0 2 2h2v-1.5ZM8 12v-1.5h2a.5.5 0 0 0 .5-.5V8H12v2a2 2 0 0 1-2 2H8Zm2-12a2 2 0 0 1 2 2v2h-1.5V2a.5.5 0 0 0-.5-.5H8V0h2Z\" \/>\n\t\t\t<\/svg>\n\t\t<\/button><\/figure>\n\n\n\n<h3 class=\"wp-block-heading\"><span class=\"ez-toc-section\" id=\"28_Bali_Therme_Bad_Oeynhausen\"><\/span>28. Bali Therme (Bad Oeynhausen)<span class=\"ez-toc-section-end\"><\/span><\/h3>\n\n\n\n<p class=\"wp-block-paragraph\">Jak sama nazwa wskazuje, w tym kompleksie czeka na ciebie doskona\u0142a balijska architektura pe\u0142na drewnianych \u015bcie\u017cek, oryginalnych rze\u017ab i tradycyjnych ornament\u00f3w. Tutejsze baseny nape\u0142nia uznana przez pa\u0144stwo lecznicza woda ze \u017ar\u00f3d\u0142a, kt\u00f3re <strong>wydobywa si\u0119 z unikatowej g\u0142\u0119boko\u015bci 1034 metr\u00f3w<\/strong>. Zaciekawi\u0142o mnie, \u017ce ta woda przep\u0142ywa\u0142a podziemiem przez wapie\u0144 i dolomit przez <strong>39 000 lat<\/strong>, zanim dotar\u0142a do ludzi na powierzchni.<\/p>\n\n\n\n<p class=\"wp-block-paragraph\">Mi\u0142o\u015bnicy rozgrzewania b\u0119d\u0105 tu w si\u00f3dmym niebie, bo kompleks oferuje a\u017c <strong>14 r\u00f3\u017cnych saun<\/strong>, w tym parow\u0105 i specjaln\u0105 ziemn\u0105. Absolutnym unikatem jest jednak <strong>150-letnia i 6-metrowa sucha sauna<\/strong> zbudowana na wz\u00f3r \u015bwi\u0105tyni. Do przewiezienia do Niemiec musieli j\u0105 rozebra\u0107 na 500 pojedynczych cz\u0119\u015bci i na miejscu ponownie dok\u0142adnie z\u0142o\u017cy\u0107.<\/p>\n\n\n\n<p class=\"wp-block-paragraph\">Wed\u0142ug cennika na rok 2026 <strong>za bilet ca\u0142odzienny zap\u0142acisz 28 EUR<\/strong>, z dost\u0119pem do saun natomiast 41 EUR. Dop\u0142ata weekendowa wynosi 3 do 5 EUR. Dzieci do 3 lat maj\u0105 wst\u0119p za darmo, ale te do 12 lat <strong>w og\u00f3le nie mog\u0105 do cz\u0119\u015bci saunowej<\/strong>. M\u0142odzie\u017c do 16 lat wpuszcz\u0105 do \u015brodka tylko w towarzystwie osoby doros\u0142ej. <strong>\ud83d\udca1 Wskaz\u00f3wka:<\/strong> Odpocznij w oryginalnym balijskim pawilonie, kt\u00f3ry doskonale podkre\u015bla ca\u0142\u0105 egzotyczn\u0105 atmosfer\u0119 tego miejsca.<\/p>\n\n\n\n<figure data-wp-context=\"{&quot;imageId&quot;:&quot;6a9c821d1e5b5&quot;}\" data-wp-interactive=\"core\/image\" data-wp-key=\"6a9c821d1e5b5\" class=\"wp-block-image size-full wp-lightbox-container\"><img decoding=\"async\" width=\"1800\" height=\"1429\" data-wp-class--hide=\"state.isContentHidden\" data-wp-class--show=\"state.isContentVisible\" data-wp-init=\"callbacks.setButtonStyles\" data-wp-on--click=\"actions.showLightbox\" data-wp-on--load=\"callbacks.setButtonStyles\" data-wp-on--pointerdown=\"actions.preloadImage\" data-wp-on--pointerenter=\"actions.preloadImageWithDelay\" data-wp-on--pointerleave=\"actions.cancelPreload\" data-wp-on-window--resize=\"callbacks.setButtonStyles\" src=\"https:\/\/loudavymkrokem.cz\/wp-content\/uploads\/2026\/09\/nemecko-clanky-termaly-nemecko-36-6c0708ca-1.jpg\" alt=\"Carolus Thermen (Aachen): cz\u0119\u015b\u0107 saunowa\" class=\"wp-image-415342\" title=\"\" srcset=\"https:\/\/loudavymkrokem.cz\/wp-content\/uploads\/2026\/09\/nemecko-clanky-termaly-nemecko-36-6c0708ca-1.jpg 1800w, https:\/\/loudavymkrokem.cz\/wp-content\/uploads\/2026\/09\/nemecko-clanky-termaly-nemecko-36-6c0708ca-1-300x238.jpg 300w, https:\/\/loudavymkrokem.cz\/wp-content\/uploads\/2026\/09\/nemecko-clanky-termaly-nemecko-36-6c0708ca-1-700x556.jpg 700w, https:\/\/loudavymkrokem.cz\/wp-content\/uploads\/2026\/09\/nemecko-clanky-termaly-nemecko-36-6c0708ca-1-768x610.jpg 768w, https:\/\/loudavymkrokem.cz\/wp-content\/uploads\/2026\/09\/nemecko-clanky-termaly-nemecko-36-6c0708ca-1-1536x1219.jpg 1536w, https:\/\/loudavymkrokem.cz\/wp-content\/uploads\/2026\/09\/nemecko-clanky-termaly-nemecko-36-6c0708ca-1-696x553.jpg 696w, https:\/\/loudavymkrokem.cz\/wp-content\/uploads\/2026\/09\/nemecko-clanky-termaly-nemecko-36-6c0708ca-1-1392x1105.jpg 1392w\" sizes=\"(max-width: 1800px) 100vw, 1800px\" \/><button\n\t\t\tclass=\"lightbox-trigger\"\n\t\t\ttype=\"button\"\n\t\t\taria-haspopup=\"dialog\"\n\t\t\tdata-wp-bind--aria-label=\"state.thisImage.triggerButtonAriaLabel\"\n\t\t\tdata-wp-init=\"callbacks.initTriggerButton\"\n\t\t\tdata-wp-on--click=\"actions.showLightbox\"\n\t\t\tdata-wp-style--right=\"state.thisImage.buttonRight\"\n\t\t\tdata-wp-style--top=\"state.thisImage.buttonTop\"\n\t\t>\n\t\t\t<svg xmlns=\"http:\/\/www.w3.org\/2000\/svg\" width=\"12\" height=\"12\" fill=\"none\" viewBox=\"0 0 12 12\">\n\t\t\t\t<path fill=\"#fff\" d=\"M2 0a2 2 0 0 0-2 2v2h1.5V2a.5.5 0 0 1 .5-.5h2V0H2Zm2 10.5H2a.5.5 0 0 1-.5-.5V8H0v2a2 2 0 0 0 2 2h2v-1.5ZM8 12v-1.5h2a.5.5 0 0 0 .5-.5V8H12v2a2 2 0 0 1-2 2H8Zm2-12a2 2 0 0 1 2 2v2h-1.5V2a.5.5 0 0 0-.5-.5H8V0h2Z\" \/>\n\t\t\t<\/svg>\n\t\t<\/button><\/figure>\n\n\n\n<h3 class=\"wp-block-heading\"><span class=\"ez-toc-section\" id=\"29_Carolus_Thermen_Aachen\"><\/span>29. Carolus Thermen (Aachen)<span class=\"ez-toc-section-end\"><\/span><\/h3>\n\n\n\n<p class=\"wp-block-paragraph\">To miejsce nawi\u0105zuje do niesamowicie d\u0142ugiej tradycji, bo miasto Akwizgran funkcjonowa\u0142o jako rzymskie termy Aquae Granni <strong>ju\u017c od roku 85 naszej ery<\/strong>. Miejscowy architektoniczny klejnot zaprojektowa\u0142 monachijski architekt Rudolf Wienands, a kompleks po trzech latach budowy <strong>uroczy\u015bcie otwarto 9 lutego 2001<\/strong>. P\u0142ynnie zast\u0105pi\u0142 starsze \u015br\u00f3dmiejskie obiekty, kt\u00f3re sko\u0144czy\u0142y na prze\u0142omie tysi\u0105cleci.<\/p>\n\n\n\n<p class=\"wp-block-paragraph\">O funkcjonowanie kompleksu dba miejska sp\u00f3\u0142ka uzdrowiskowa dzia\u0142aj\u0105ca ju\u017c od roku 1932, kt\u00f3ra zarazem zarz\u0105dza <strong>uznanym przez pa\u0144stwo uzdrowiskiem Akwizgran<\/strong>. Warto tu wypr\u00f3bowa\u0107 przede wszystkim popularn\u0105 \u0142a\u017ani\u0119 parow\u0105 Strokkur, kt\u00f3ra przedstawi\u0142a si\u0119 odwiedzaj\u0105cym po bardzo kosztownej przebudowie w styczniu 2012.<\/p>\n\n\n\n<p class=\"wp-block-paragraph\">Wed\u0142ug cennika na rok 2026 licz si\u0119 z praktyczn\u0105 <strong>op\u0142at\u0105 rycza\u0142tow\u0105 za parking w wysoko\u015bci 6 EUR<\/strong>. Za t\u0119 kwot\u0119 mo\u017cesz w parkingu wielopoziomowym zostawi\u0107 auto przez ca\u0142y czas swojej wizyty, a do uzdrowiska przejdziesz wygodnie such\u0105 stop\u0105. Kompleks nadaje si\u0119 raczej na spokojne rozgrzewanie bez wielkich atrakcji wodnych. <strong>\ud83d\udca1 Wskaz\u00f3wka:<\/strong> Rycza\u0142t za parking op\u0142aca si\u0119 te\u017c wtedy, gdy po k\u0105pieli chcesz zajrze\u0107 do centrum Akwizgranu, gara\u017c jest od katedry kilka minut pieszo.<\/p>\n\n\n\n<figure data-wp-context=\"{&quot;imageId&quot;:&quot;6a9c821d1ebb7&quot;}\" data-wp-interactive=\"core\/image\" data-wp-key=\"6a9c821d1ebb7\" class=\"wp-block-image size-full wp-lightbox-container\"><img decoding=\"async\" width=\"1800\" height=\"964\" data-wp-class--hide=\"state.isContentHidden\" data-wp-class--show=\"state.isContentVisible\" data-wp-init=\"callbacks.setButtonStyles\" data-wp-on--click=\"actions.showLightbox\" data-wp-on--load=\"callbacks.setButtonStyles\" data-wp-on--pointerdown=\"actions.preloadImage\" data-wp-on--pointerenter=\"actions.preloadImageWithDelay\" data-wp-on--pointerleave=\"actions.cancelPreload\" data-wp-on-window--resize=\"callbacks.setButtonStyles\" src=\"https:\/\/loudavymkrokem.cz\/wp-content\/uploads\/2026\/09\/nemecko-clanky-termaly-nemecko-37-63e6c760-1.jpg\" alt=\"Mediterana (Bergisch Gladbach)\" class=\"wp-image-415345\" title=\"\" srcset=\"https:\/\/loudavymkrokem.cz\/wp-content\/uploads\/2026\/09\/nemecko-clanky-termaly-nemecko-37-63e6c760-1.jpg 1800w, https:\/\/loudavymkrokem.cz\/wp-content\/uploads\/2026\/09\/nemecko-clanky-termaly-nemecko-37-63e6c760-1-300x161.jpg 300w, https:\/\/loudavymkrokem.cz\/wp-content\/uploads\/2026\/09\/nemecko-clanky-termaly-nemecko-37-63e6c760-1-700x375.jpg 700w, https:\/\/loudavymkrokem.cz\/wp-content\/uploads\/2026\/09\/nemecko-clanky-termaly-nemecko-37-63e6c760-1-768x411.jpg 768w, https:\/\/loudavymkrokem.cz\/wp-content\/uploads\/2026\/09\/nemecko-clanky-termaly-nemecko-37-63e6c760-1-1536x823.jpg 1536w, https:\/\/loudavymkrokem.cz\/wp-content\/uploads\/2026\/09\/nemecko-clanky-termaly-nemecko-37-63e6c760-1-696x373.jpg 696w, https:\/\/loudavymkrokem.cz\/wp-content\/uploads\/2026\/09\/nemecko-clanky-termaly-nemecko-37-63e6c760-1-1392x745.jpg 1392w\" sizes=\"(max-width: 1800px) 100vw, 1800px\" \/><button\n\t\t\tclass=\"lightbox-trigger\"\n\t\t\ttype=\"button\"\n\t\t\taria-haspopup=\"dialog\"\n\t\t\tdata-wp-bind--aria-label=\"state.thisImage.triggerButtonAriaLabel\"\n\t\t\tdata-wp-init=\"callbacks.initTriggerButton\"\n\t\t\tdata-wp-on--click=\"actions.showLightbox\"\n\t\t\tdata-wp-style--right=\"state.thisImage.buttonRight\"\n\t\t\tdata-wp-style--top=\"state.thisImage.buttonTop\"\n\t\t>\n\t\t\t<svg xmlns=\"http:\/\/www.w3.org\/2000\/svg\" width=\"12\" height=\"12\" fill=\"none\" viewBox=\"0 0 12 12\">\n\t\t\t\t<path fill=\"#fff\" d=\"M2 0a2 2 0 0 0-2 2v2h1.5V2a.5.5 0 0 1 .5-.5h2V0H2Zm2 10.5H2a.5.5 0 0 1-.5-.5V8H0v2a2 2 0 0 0 2 2h2v-1.5ZM8 12v-1.5h2a.5.5 0 0 0 .5-.5V8H12v2a2 2 0 0 1-2 2H8Zm2-12a2 2 0 0 1 2 2v2h-1.5V2a.5.5 0 0 0-.5-.5H8V0h2Z\" \/>\n\t\t\t<\/svg>\n\t\t<\/button><\/figure>\n\n\n\n<h3 class=\"wp-block-heading\"><span class=\"ez-toc-section\" id=\"30_Mediterana_Bergisch_Gladbach\"><\/span>30. Mediterana (Bergisch Gladbach)<span class=\"ez-toc-section-end\"><\/span><\/h3>\n\n\n\n<p class=\"wp-block-paragraph\">Je\u015bli szukasz ogromnego wyboru mo\u017cliwo\u015bci relaksacyjnych, tu b\u0119dziesz zachwycony, bo kompleks oferuje a\u017c <strong>13 r\u00f3\u017cnych \u015bwiat\u00f3w<\/strong>, z kt\u00f3rych ka\u017cdy ma sw\u00f3j specyficzny charakter. Obiekt znajduje si\u0119 w Bergisch Gladbach i rozgrzejesz si\u0119 tu <strong>w 12 r\u00f3\u017cnorodnych saunach i 1 \u0142a\u017ani parowej<\/strong>. Wszystko to uzupe\u0142nia pi\u0119kne otoczenie inspirowane architektur\u0105 kraj\u00f3w po\u0142udniowych.<\/p>\n\n\n\n<p class=\"wp-block-paragraph\">Mi\u0142o\u015bnicy wody maj\u0105 do dyspozycji w sumie <strong>7 basen\u00f3w i zbiornik\u00f3w wodnych<\/strong>, kt\u00f3re wprost zach\u0119caj\u0105 do d\u0142ugiego p\u0142ywania, spokojnego zanurzenia lub zdrowotnego Kneippowania. Tutejsze przestrzenie s\u0105 ogromne, wi\u0119c ka\u017cdy \u0142atwo znajdzie tu sw\u00f3j ulubiony zak\u0105tek na niezak\u0142\u00f3cony odpoczynek po ci\u0119\u017ckim tygodniu pracy.<\/p>\n\n\n\n<p class=\"wp-block-paragraph\">Wed\u0142ug cennika obowi\u0105zuj\u0105cego na rok 2026 bilet ca\u0142odzienny od poniedzia\u0142ku do czwartku wyjdzie <strong>na bardzo przyjemne 19,50 EUR<\/strong>. Je\u015bli wybierzesz si\u0119 tylko na dwie godziny, zap\u0142acisz 16,50 EUR w dni powszednie i 19,50 EUR od pi\u0105tku do niedzieli. Za ka\u017cd\u0105 kolejn\u0105 rozpocz\u0119t\u0105 godzin\u0119 dop\u0142acisz 1,50 EUR. <strong>\ud83d\udca1 Wskaz\u00f3wka:<\/strong> Jeste\u015b rannym ptaszkiem? Wykorzystaj specjaln\u0105 taryf\u0119 dla porannych p\u0142ywak\u00f3w, kiedy dwugodzinny wst\u0119p mi\u0119dzy 8:00 a 10:00 wyjdzie ci\u0119 tylko 14 EUR.<\/p>\n\n\n\n<figure data-wp-context=\"{&quot;imageId&quot;:&quot;6a9c821d1f174&quot;}\" data-wp-interactive=\"core\/image\" data-wp-key=\"6a9c821d1f174\" class=\"wp-block-image size-full wp-lightbox-container\"><img decoding=\"async\" width=\"1800\" height=\"900\" data-wp-class--hide=\"state.isContentHidden\" data-wp-class--show=\"state.isContentVisible\" data-wp-init=\"callbacks.setButtonStyles\" data-wp-on--click=\"actions.showLightbox\" data-wp-on--load=\"callbacks.setButtonStyles\" data-wp-on--pointerdown=\"actions.preloadImage\" data-wp-on--pointerenter=\"actions.preloadImageWithDelay\" data-wp-on--pointerleave=\"actions.cancelPreload\" data-wp-on-window--resize=\"callbacks.setButtonStyles\" src=\"https:\/\/loudavymkrokem.cz\/wp-content\/uploads\/2026\/09\/nemecko-clanky-termaly-nemecko-38-d726c943-1.jpg\" alt=\"Vitasol Therme (Bad Salzuflen)\" class=\"wp-image-415347\" title=\"\" srcset=\"https:\/\/loudavymkrokem.cz\/wp-content\/uploads\/2026\/09\/nemecko-clanky-termaly-nemecko-38-d726c943-1.jpg 1800w, https:\/\/loudavymkrokem.cz\/wp-content\/uploads\/2026\/09\/nemecko-clanky-termaly-nemecko-38-d726c943-1-300x150.jpg 300w, https:\/\/loudavymkrokem.cz\/wp-content\/uploads\/2026\/09\/nemecko-clanky-termaly-nemecko-38-d726c943-1-700x350.jpg 700w, https:\/\/loudavymkrokem.cz\/wp-content\/uploads\/2026\/09\/nemecko-clanky-termaly-nemecko-38-d726c943-1-768x384.jpg 768w, https:\/\/loudavymkrokem.cz\/wp-content\/uploads\/2026\/09\/nemecko-clanky-termaly-nemecko-38-d726c943-1-1536x768.jpg 1536w, https:\/\/loudavymkrokem.cz\/wp-content\/uploads\/2026\/09\/nemecko-clanky-termaly-nemecko-38-d726c943-1-696x348.jpg 696w, https:\/\/loudavymkrokem.cz\/wp-content\/uploads\/2026\/09\/nemecko-clanky-termaly-nemecko-38-d726c943-1-1392x696.jpg 1392w\" sizes=\"(max-width: 1800px) 100vw, 1800px\" \/><button\n\t\t\tclass=\"lightbox-trigger\"\n\t\t\ttype=\"button\"\n\t\t\taria-haspopup=\"dialog\"\n\t\t\tdata-wp-bind--aria-label=\"state.thisImage.triggerButtonAriaLabel\"\n\t\t\tdata-wp-init=\"callbacks.initTriggerButton\"\n\t\t\tdata-wp-on--click=\"actions.showLightbox\"\n\t\t\tdata-wp-style--right=\"state.thisImage.buttonRight\"\n\t\t\tdata-wp-style--top=\"state.thisImage.buttonTop\"\n\t\t>\n\t\t\t<svg xmlns=\"http:\/\/www.w3.org\/2000\/svg\" width=\"12\" height=\"12\" fill=\"none\" viewBox=\"0 0 12 12\">\n\t\t\t\t<path fill=\"#fff\" d=\"M2 0a2 2 0 0 0-2 2v2h1.5V2a.5.5 0 0 1 .5-.5h2V0H2Zm2 10.5H2a.5.5 0 0 1-.5-.5V8H0v2a2 2 0 0 0 2 2h2v-1.5ZM8 12v-1.5h2a.5.5 0 0 0 .5-.5V8H12v2a2 2 0 0 1-2 2H8Zm2-12a2 2 0 0 1 2 2v2h-1.5V2a.5.5 0 0 0-.5-.5H8V0h2Z\" \/>\n\t\t\t<\/svg>\n\t\t<\/button><\/figure>\n\n\n\n<h3 class=\"wp-block-heading\"><span class=\"ez-toc-section\" id=\"31_Vitasol_Therme_Bad_Salzuflen\"><\/span>31. Vitasol Therme (Bad Salzuflen)<span class=\"ez-toc-section-end\"><\/span><\/h3>\n\n\n\n<p class=\"wp-block-paragraph\">W tym mie\u015bcie uzdrowiskowym czeka na ciebie imponuj\u0105cy kompleks, kt\u00f3ry rozci\u0105ga si\u0119 na <strong>powierzchni ponad 6000 m\u00b2<\/strong>, przy czym sama tafla wodna zajmuje pi\u0119kne 1700 m\u00b2. Tutejsze termalne s\u0142one \u017ar\u00f3d\u0142o o temperaturze 37,5\u00b0C tryska na powierzchni\u0119 <strong>z pr\u0119dko\u015bci\u0105 90 000 litr\u00f3w na godzin\u0119<\/strong>. Pierwotne zasolenie tej leczniczej wody kiedy\u015b si\u0119ga\u0142o 12%.<\/p>\n\n\n\n<p class=\"wp-block-paragraph\">Droga do tego bogactwa nie by\u0142a jednak wcale \u0142atwa. Pierwsze pr\u00f3by wiercenia odbywa\u0142y si\u0119 ju\u017c w roku 1919, ale sko\u0144czy\u0142y si\u0119 niepowodzeniem na 375 metrach. Dopiero w roku 1967 ameryka\u0144skimi specjalnymi wiert\u0142ami uda\u0142o si\u0119 <strong>dotrze\u0107 a\u017c do g\u0142\u0119boko\u015bci 1018 metr\u00f3w<\/strong>. Sam obiekt funkcjonuje od roku 1969, a od roku 1998 znamy go pod obecn\u0105 nazw\u0105.<\/p>\n\n\n\n<p class=\"wp-block-paragraph\">Kompleks jest \u015bwietnym wyborem dla wszystkich mi\u0142o\u015bnik\u00f3w p\u0142ywania i leczniczej s\u0142onej wody. Operatorzy my\u015bl\u0105 te\u017c o przysz\u0142o\u015bci, bo od lata roku 2025 <strong>powstaje tu nowy czterogwiazdkowy hotel<\/strong> ze setk\u0105 pokoi i dwustoma \u0142\u00f3\u017ckami. Jego uko\u0144czenie zaplanowano na rok 2027. <strong>\ud83d\udca1 Wskaz\u00f3wka:<\/strong> Zanim kompleksowy hotel powstanie, rozejrzyj si\u0119 za noclegiem w pobliskim centrum miasta, sk\u0105d do uzdrowiska b\u0119dziesz mie\u0107 zaledwie ma\u0142y kawa\u0142ek pieszo.<\/p>\n\n\n\n<figure data-wp-context=\"{&quot;imageId&quot;:&quot;6a9c821d1f85d&quot;}\" data-wp-interactive=\"core\/image\" data-wp-key=\"6a9c821d1f85d\" class=\"wp-block-image size-full wp-lightbox-container\"><img decoding=\"async\" width=\"1800\" height=\"1350\" data-wp-class--hide=\"state.isContentHidden\" data-wp-class--show=\"state.isContentVisible\" data-wp-init=\"callbacks.setButtonStyles\" data-wp-on--click=\"actions.showLightbox\" data-wp-on--load=\"callbacks.setButtonStyles\" data-wp-on--pointerdown=\"actions.preloadImage\" data-wp-on--pointerenter=\"actions.preloadImageWithDelay\" data-wp-on--pointerleave=\"actions.cancelPreload\" data-wp-on-window--resize=\"callbacks.setButtonStyles\" src=\"https:\/\/loudavymkrokem.cz\/wp-content\/uploads\/2026\/09\/nemecko-clanky-termaly-nemecko-39-605251b4-1.jpg\" alt=\"Mauritius Hotel &#038; Therme K\u00f6ln (K\u00f6ln)\" class=\"wp-image-415351\" title=\"\" srcset=\"https:\/\/loudavymkrokem.cz\/wp-content\/uploads\/2026\/09\/nemecko-clanky-termaly-nemecko-39-605251b4-1.jpg 1800w, https:\/\/loudavymkrokem.cz\/wp-content\/uploads\/2026\/09\/nemecko-clanky-termaly-nemecko-39-605251b4-1-300x225.jpg 300w, https:\/\/loudavymkrokem.cz\/wp-content\/uploads\/2026\/09\/nemecko-clanky-termaly-nemecko-39-605251b4-1-700x525.jpg 700w, https:\/\/loudavymkrokem.cz\/wp-content\/uploads\/2026\/09\/nemecko-clanky-termaly-nemecko-39-605251b4-1-768x576.jpg 768w, https:\/\/loudavymkrokem.cz\/wp-content\/uploads\/2026\/09\/nemecko-clanky-termaly-nemecko-39-605251b4-1-1536x1152.jpg 1536w, https:\/\/loudavymkrokem.cz\/wp-content\/uploads\/2026\/09\/nemecko-clanky-termaly-nemecko-39-605251b4-1-80x60.jpg 80w, https:\/\/loudavymkrokem.cz\/wp-content\/uploads\/2026\/09\/nemecko-clanky-termaly-nemecko-39-605251b4-1-160x120.jpg 160w, https:\/\/loudavymkrokem.cz\/wp-content\/uploads\/2026\/09\/nemecko-clanky-termaly-nemecko-39-605251b4-1-696x522.jpg 696w, https:\/\/loudavymkrokem.cz\/wp-content\/uploads\/2026\/09\/nemecko-clanky-termaly-nemecko-39-605251b4-1-1392x1044.jpg 1392w\" sizes=\"(max-width: 1800px) 100vw, 1800px\" \/><button\n\t\t\tclass=\"lightbox-trigger\"\n\t\t\ttype=\"button\"\n\t\t\taria-haspopup=\"dialog\"\n\t\t\tdata-wp-bind--aria-label=\"state.thisImage.triggerButtonAriaLabel\"\n\t\t\tdata-wp-init=\"callbacks.initTriggerButton\"\n\t\t\tdata-wp-on--click=\"actions.showLightbox\"\n\t\t\tdata-wp-style--right=\"state.thisImage.buttonRight\"\n\t\t\tdata-wp-style--top=\"state.thisImage.buttonTop\"\n\t\t>\n\t\t\t<svg xmlns=\"http:\/\/www.w3.org\/2000\/svg\" width=\"12\" height=\"12\" fill=\"none\" viewBox=\"0 0 12 12\">\n\t\t\t\t<path fill=\"#fff\" d=\"M2 0a2 2 0 0 0-2 2v2h1.5V2a.5.5 0 0 1 .5-.5h2V0H2Zm2 10.5H2a.5.5 0 0 1-.5-.5V8H0v2a2 2 0 0 0 2 2h2v-1.5ZM8 12v-1.5h2a.5.5 0 0 0 .5-.5V8H12v2a2 2 0 0 1-2 2H8Zm2-12a2 2 0 0 1 2 2v2h-1.5V2a.5.5 0 0 0-.5-.5H8V0h2Z\" \/>\n\t\t\t<\/svg>\n\t\t<\/button><figcaption class=\"wp-element-caption\">Foto: Duhon \/ Wikimedia Commons, CC BY 3.0<\/figcaption><\/figure>\n\n\n\n<h3 class=\"wp-block-heading\"><span class=\"ez-toc-section\" id=\"32_Mauritius_Hotel_Therme_Koln_Koln\"><\/span>32. Mauritius Hotel &#038; Therme K\u00f6ln (K\u00f6ln)<span class=\"ez-toc-section-end\"><\/span><\/h3>\n\n\n\n<p class=\"wp-block-paragraph\">W tym przypadku nie chodzi o klasyczne publiczne k\u0105pielisko, ale o <strong>luksusowy czterogwiazdkowy hotel z ogromnym centrum wellness<\/strong>. Znajdziesz go ukryty w spokojnym zak\u0105tku samego centrum Kolonii, tu\u017c obok historycznego ko\u015bcio\u0142a \u015bwi\u0119tego Maurycego. Miejsce jest jak stworzone dla par, kt\u00f3re chc\u0105 po\u0142\u0105czy\u0107 zwiedzanie wielkiego miasta z wieczorn\u0105 relaksacj\u0105.<\/p>\n\n\n\n<p class=\"wp-block-paragraph\">Sama cz\u0119\u015b\u0107 termalna i odpoczynkowa rozci\u0105ga si\u0119 na <strong>hojnej powierzchni 3500 m\u00b2<\/strong>. B\u0119dziesz mie\u0107 z czego wybiera\u0107, bo znajduje si\u0119 tu 7 r\u00f3\u017cnych saun, 1 \u0142a\u017ania parowa i a\u017c 2 jacuzzi. Specjalno\u015bci\u0105 kompleksu jest natomiast zewn\u0119trzny <strong>basen wzbogacony o s\u00f3l z Morza Martwego<\/strong>. Pami\u0119taj, \u017ce do \u015bwiata saun wchodzi si\u0119 \u015bci\u015ble bez stroju k\u0105pielowego. Do dyspozycji jest tu te\u017c centrum fitness i bogata oferta masa\u017cy.<\/p>\n\n\n\n<p class=\"wp-block-paragraph\">Je\u015bli si\u0119 tu zatrzymasz, wed\u0142ug cennika na rok 2026 go\u015bcie hotelowi p\u0142ac\u0105 za wst\u0119p do strefy wellness <strong>dop\u0142at\u0119 10 EUR za osob\u0119 i dzie\u0144<\/strong>. Z tej korzystnej ceny mo\u017cesz przy tym skorzysta\u0107 nawet w dzie\u0144 swojego wyjazdu. <strong>\ud83d\udca1 Wskaz\u00f3wka:<\/strong> Po ca\u0142odziennym chodzeniu po kolo\u0144skich zabytkach twoje nogi na pewno doceni\u0105 d\u0142ug\u0105 k\u0105piel w leczniczej s\u0142onej wodzie, wi\u0119c zdecydowanie jej sobie nie odmawiaj.<\/p>\n\n\n\n<figure data-wp-context=\"{&quot;imageId&quot;:&quot;6a9c821d2001a&quot;}\" data-wp-interactive=\"core\/image\" data-wp-key=\"6a9c821d2001a\" class=\"wp-block-image size-full wp-lightbox-container\"><img decoding=\"async\" width=\"1800\" height=\"1200\" data-wp-class--hide=\"state.isContentHidden\" data-wp-class--show=\"state.isContentVisible\" data-wp-init=\"callbacks.setButtonStyles\" data-wp-on--click=\"actions.showLightbox\" data-wp-on--load=\"callbacks.setButtonStyles\" data-wp-on--pointerdown=\"actions.preloadImage\" data-wp-on--pointerenter=\"actions.preloadImageWithDelay\" data-wp-on--pointerleave=\"actions.cancelPreload\" data-wp-on-window--resize=\"callbacks.setButtonStyles\" src=\"https:\/\/loudavymkrokem.cz\/wp-content\/uploads\/2026\/09\/nemecko-clanky-termaly-nemecko-40-b4685b4f-1.jpg\" alt=\"Claudius Therme (K\u00f6ln)\" class=\"wp-image-415353\" title=\"\" srcset=\"https:\/\/loudavymkrokem.cz\/wp-content\/uploads\/2026\/09\/nemecko-clanky-termaly-nemecko-40-b4685b4f-1.jpg 1800w, https:\/\/loudavymkrokem.cz\/wp-content\/uploads\/2026\/09\/nemecko-clanky-termaly-nemecko-40-b4685b4f-1-300x200.jpg 300w, https:\/\/loudavymkrokem.cz\/wp-content\/uploads\/2026\/09\/nemecko-clanky-termaly-nemecko-40-b4685b4f-1-700x467.jpg 700w, https:\/\/loudavymkrokem.cz\/wp-content\/uploads\/2026\/09\/nemecko-clanky-termaly-nemecko-40-b4685b4f-1-768x512.jpg 768w, https:\/\/loudavymkrokem.cz\/wp-content\/uploads\/2026\/09\/nemecko-clanky-termaly-nemecko-40-b4685b4f-1-1536x1024.jpg 1536w, https:\/\/loudavymkrokem.cz\/wp-content\/uploads\/2026\/09\/nemecko-clanky-termaly-nemecko-40-b4685b4f-1-696x464.jpg 696w, https:\/\/loudavymkrokem.cz\/wp-content\/uploads\/2026\/09\/nemecko-clanky-termaly-nemecko-40-b4685b4f-1-1392x928.jpg 1392w\" sizes=\"(max-width: 1800px) 100vw, 1800px\" \/><button\n\t\t\tclass=\"lightbox-trigger\"\n\t\t\ttype=\"button\"\n\t\t\taria-haspopup=\"dialog\"\n\t\t\tdata-wp-bind--aria-label=\"state.thisImage.triggerButtonAriaLabel\"\n\t\t\tdata-wp-init=\"callbacks.initTriggerButton\"\n\t\t\tdata-wp-on--click=\"actions.showLightbox\"\n\t\t\tdata-wp-style--right=\"state.thisImage.buttonRight\"\n\t\t\tdata-wp-style--top=\"state.thisImage.buttonTop\"\n\t\t>\n\t\t\t<svg xmlns=\"http:\/\/www.w3.org\/2000\/svg\" width=\"12\" height=\"12\" fill=\"none\" viewBox=\"0 0 12 12\">\n\t\t\t\t<path fill=\"#fff\" d=\"M2 0a2 2 0 0 0-2 2v2h1.5V2a.5.5 0 0 1 .5-.5h2V0H2Zm2 10.5H2a.5.5 0 0 1-.5-.5V8H0v2a2 2 0 0 0 2 2h2v-1.5ZM8 12v-1.5h2a.5.5 0 0 0 .5-.5V8H12v2a2 2 0 0 1-2 2H8Zm2-12a2 2 0 0 1 2 2v2h-1.5V2a.5.5 0 0 0-.5-.5H8V0h2Z\" \/>\n\t\t\t<\/svg>\n\t\t<\/button><figcaption class=\"wp-element-caption\">Foto: Maksym Kozlenko \/ Wikimedia Commons, CC BY-SA 4.0<\/figcaption><\/figure>\n\n\n\n<h3 class=\"wp-block-heading\"><span class=\"ez-toc-section\" id=\"33_Claudius_Therme_Koln\"><\/span>33. Claudius Therme (K\u00f6ln)<span class=\"ez-toc-section-end\"><\/span><\/h3>\n\n\n\n<p class=\"wp-block-paragraph\">Szukasz k\u0105pieli z najlepszym adresem? Ten kompleks le\u017cy bezpo\u015brednio w kolo\u0144skim Rheinparku na prawym brzegu rzeki Ren i oferuje <strong>fantastyczny widok na s\u0142ynn\u0105 katedr\u0119 kolo\u0144sk\u0105<\/strong>. Miejscowe baseny zasila wysokiej jako\u015bci, uznane przez pa\u0144stwo naturalne termalne \u017ar\u00f3d\u0142o mineralne, kt\u00f3re gwarantuje doskona\u0142e odpr\u0119\u017cenie dla cia\u0142a i umys\u0142u.<\/p>\n\n\n\n<p class=\"wp-block-paragraph\">Na odwiedzaj\u0105cych czeka tu ogromny \u015bwiat wodny, kt\u00f3ry tworzy <strong>w sumie 12 r\u00f3\u017cnych basen\u00f3w<\/strong>. Je\u015bli wolisz porz\u0105dne ciep\u0142o, na pewno ucieszy ci\u0119 oferta 8 saun i 3 \u0142a\u017ani parowych. Wed\u0142ug aktualnego cennika na rok 2026 za dwie godziny k\u0105pieli zap\u0142acisz od 19,50 do 22,50 EUR. Wariant z saun\u0105 wyjdzie 27,50 do 30,50 EUR, a <strong>bilet ca\u0142odzienny kosztuje 36,50 do 47,50 EUR<\/strong>.<\/p>\n\n\n\n<p class=\"wp-block-paragraph\">Obiekt my\u015bli te\u017c o zmotoryzowanych, wi\u0119c ca\u0142odzienny rycza\u0142t za <strong>parking wyjdzie ci\u0119 przyjemne 3 EUR<\/strong>. Co do ogranicze\u0144 wiekowych, wst\u0119p jest dozwolony tylko dla dzieci od 6 lat. M\u0142odzie\u017c do 16 lat mo\u017ce natomiast odwiedzi\u0107 kompleks tylko w towarzystwie osoby doros\u0142ej. <strong>\ud83d\udca1 Wskaz\u00f3wka:<\/strong> Spr\u00f3buj zaplanowa\u0107 wizyt\u0119 na p\u00f3\u017ane popo\u0142udnie, widok na o\u015bwietlon\u0105 katedr\u0119 z zewn\u0119trznego basenu termalnego jest niezapomniany.<\/p>\n\n\n\n<figure data-wp-context=\"{&quot;imageId&quot;:&quot;6a9c821d206c0&quot;}\" data-wp-interactive=\"core\/image\" data-wp-key=\"6a9c821d206c0\" class=\"wp-block-image size-full wp-lightbox-container\"><img decoding=\"async\" width=\"1800\" height=\"1200\" data-wp-class--hide=\"state.isContentHidden\" data-wp-class--show=\"state.isContentVisible\" data-wp-init=\"callbacks.setButtonStyles\" data-wp-on--click=\"actions.showLightbox\" data-wp-on--load=\"callbacks.setButtonStyles\" data-wp-on--pointerdown=\"actions.preloadImage\" data-wp-on--pointerenter=\"actions.preloadImageWithDelay\" data-wp-on--pointerleave=\"actions.cancelPreload\" data-wp-on-window--resize=\"callbacks.setButtonStyles\" src=\"https:\/\/loudavymkrokem.cz\/wp-content\/uploads\/2026\/09\/nemecko-clanky-termaly-nemecko-41-eecaebfa-1.jpg\" alt=\"Taunus-Therme w Bad Homburg\" class=\"wp-image-415356\" title=\"\" srcset=\"https:\/\/loudavymkrokem.cz\/wp-content\/uploads\/2026\/09\/nemecko-clanky-termaly-nemecko-41-eecaebfa-1.jpg 1800w, https:\/\/loudavymkrokem.cz\/wp-content\/uploads\/2026\/09\/nemecko-clanky-termaly-nemecko-41-eecaebfa-1-300x200.jpg 300w, https:\/\/loudavymkrokem.cz\/wp-content\/uploads\/2026\/09\/nemecko-clanky-termaly-nemecko-41-eecaebfa-1-700x467.jpg 700w, https:\/\/loudavymkrokem.cz\/wp-content\/uploads\/2026\/09\/nemecko-clanky-termaly-nemecko-41-eecaebfa-1-768x512.jpg 768w, https:\/\/loudavymkrokem.cz\/wp-content\/uploads\/2026\/09\/nemecko-clanky-termaly-nemecko-41-eecaebfa-1-1536x1024.jpg 1536w, https:\/\/loudavymkrokem.cz\/wp-content\/uploads\/2026\/09\/nemecko-clanky-termaly-nemecko-41-eecaebfa-1-696x464.jpg 696w, https:\/\/loudavymkrokem.cz\/wp-content\/uploads\/2026\/09\/nemecko-clanky-termaly-nemecko-41-eecaebfa-1-1392x928.jpg 1392w\" sizes=\"(max-width: 1800px) 100vw, 1800px\" \/><button\n\t\t\tclass=\"lightbox-trigger\"\n\t\t\ttype=\"button\"\n\t\t\taria-haspopup=\"dialog\"\n\t\t\tdata-wp-bind--aria-label=\"state.thisImage.triggerButtonAriaLabel\"\n\t\t\tdata-wp-init=\"callbacks.initTriggerButton\"\n\t\t\tdata-wp-on--click=\"actions.showLightbox\"\n\t\t\tdata-wp-style--right=\"state.thisImage.buttonRight\"\n\t\t\tdata-wp-style--top=\"state.thisImage.buttonTop\"\n\t\t>\n\t\t\t<svg xmlns=\"http:\/\/www.w3.org\/2000\/svg\" width=\"12\" height=\"12\" fill=\"none\" viewBox=\"0 0 12 12\">\n\t\t\t\t<path fill=\"#fff\" d=\"M2 0a2 2 0 0 0-2 2v2h1.5V2a.5.5 0 0 1 .5-.5h2V0H2Zm2 10.5H2a.5.5 0 0 1-.5-.5V8H0v2a2 2 0 0 0 2 2h2v-1.5ZM8 12v-1.5h2a.5.5 0 0 0 .5-.5V8H12v2a2 2 0 0 1-2 2H8Zm2-12a2 2 0 0 1 2 2v2h-1.5V2a.5.5 0 0 0-.5-.5H8V0h2Z\" \/>\n\t\t\t<\/svg>\n\t\t<\/button><\/figure>\n\n\n\n<h2 class=\"wp-block-heading\"><span class=\"ez-toc-section\" id=\"Termy_w_Hesji\"><\/span>Termy w Hesji<span class=\"ez-toc-section-end\"><\/span><\/h2>\n\n\n\n<p class=\"wp-block-paragraph\">Je\u015bli szukasz miejsca, gdzie \u0142\u0105czy si\u0119 g\u0142\u0119boka historia z prawdziwym odpoczynkiem, kraj zwi\u0105zkowy Hesja na pewno ci\u0119 zachwyci. Znajdziesz tu s\u0142ynne miasta uzdrowiskowe jak Wiesbaden czy Bad Homburg, kt\u00f3re szczyc\u0105 si\u0119 bogat\u0105 tradycj\u0105 i jednymi z <strong>najcieplejszych \u017ar\u00f3de\u0142 w ca\u0142ych Niemczech<\/strong>. To idealny cel na przed\u0142u\u017cony weekend, bo z Polski dostaniesz si\u0119 tu do\u015b\u0107 \u0142atwo, zw\u0142aszcza je\u015bli pojedziesz w kierunku Frankfurtu.<\/p>\n\n\n\n<p class=\"wp-block-paragraph\">Heskie uzdrowiska maj\u0105 atmosfer\u0119, kt\u00f3ra cz\u0119sto przypomina stare antyczne \u015bwi\u0105tynie lub luksusowe pa\u0142ace. Niezale\u017cnie od tego, czy marzysz o cichym rozmy\u015blaniu w historycznej scenerii, czy wolisz nowoczesne rytua\u0142y saunowe, tu przyjdziesz na swoje. Chod\u017a, sp\u00f3jrzmy na najciekawsze obiekty, kt\u00f3rych podczas planowania drogi zdecydowanie nie powiniene\u015b omin\u0105\u0107.<\/p>\n\n\n\n<figure data-wp-context=\"{&quot;imageId&quot;:&quot;6a9c821d20d7a&quot;}\" data-wp-interactive=\"core\/image\" data-wp-key=\"6a9c821d20d7a\" class=\"wp-block-image size-full wp-lightbox-container\"><img decoding=\"async\" width=\"1800\" height=\"1347\" data-wp-class--hide=\"state.isContentHidden\" data-wp-class--show=\"state.isContentVisible\" data-wp-init=\"callbacks.setButtonStyles\" data-wp-on--click=\"actions.showLightbox\" data-wp-on--load=\"callbacks.setButtonStyles\" data-wp-on--pointerdown=\"actions.preloadImage\" data-wp-on--pointerenter=\"actions.preloadImageWithDelay\" data-wp-on--pointerleave=\"actions.cancelPreload\" data-wp-on-window--resize=\"callbacks.setButtonStyles\" src=\"https:\/\/loudavymkrokem.cz\/wp-content\/uploads\/2026\/09\/nemecko-clanky-termaly-nemecko-42-4670ad94-1.jpg\" alt=\"Taunus-Therme (Bad Homburg): wej\u015bcie do term z k\u0142adk\u0105\" class=\"wp-image-415359\" title=\"\" srcset=\"https:\/\/loudavymkrokem.cz\/wp-content\/uploads\/2026\/09\/nemecko-clanky-termaly-nemecko-42-4670ad94-1.jpg 1800w, https:\/\/loudavymkrokem.cz\/wp-content\/uploads\/2026\/09\/nemecko-clanky-termaly-nemecko-42-4670ad94-1-300x225.jpg 300w, https:\/\/loudavymkrokem.cz\/wp-content\/uploads\/2026\/09\/nemecko-clanky-termaly-nemecko-42-4670ad94-1-700x524.jpg 700w, https:\/\/loudavymkrokem.cz\/wp-content\/uploads\/2026\/09\/nemecko-clanky-termaly-nemecko-42-4670ad94-1-768x575.jpg 768w, https:\/\/loudavymkrokem.cz\/wp-content\/uploads\/2026\/09\/nemecko-clanky-termaly-nemecko-42-4670ad94-1-1536x1149.jpg 1536w, https:\/\/loudavymkrokem.cz\/wp-content\/uploads\/2026\/09\/nemecko-clanky-termaly-nemecko-42-4670ad94-1-80x60.jpg 80w, https:\/\/loudavymkrokem.cz\/wp-content\/uploads\/2026\/09\/nemecko-clanky-termaly-nemecko-42-4670ad94-1-160x120.jpg 160w, https:\/\/loudavymkrokem.cz\/wp-content\/uploads\/2026\/09\/nemecko-clanky-termaly-nemecko-42-4670ad94-1-696x521.jpg 696w, https:\/\/loudavymkrokem.cz\/wp-content\/uploads\/2026\/09\/nemecko-clanky-termaly-nemecko-42-4670ad94-1-1392x1042.jpg 1392w\" sizes=\"(max-width: 1800px) 100vw, 1800px\" \/><button\n\t\t\tclass=\"lightbox-trigger\"\n\t\t\ttype=\"button\"\n\t\t\taria-haspopup=\"dialog\"\n\t\t\tdata-wp-bind--aria-label=\"state.thisImage.triggerButtonAriaLabel\"\n\t\t\tdata-wp-init=\"callbacks.initTriggerButton\"\n\t\t\tdata-wp-on--click=\"actions.showLightbox\"\n\t\t\tdata-wp-style--right=\"state.thisImage.buttonRight\"\n\t\t\tdata-wp-style--top=\"state.thisImage.buttonTop\"\n\t\t>\n\t\t\t<svg xmlns=\"http:\/\/www.w3.org\/2000\/svg\" width=\"12\" height=\"12\" fill=\"none\" viewBox=\"0 0 12 12\">\n\t\t\t\t<path fill=\"#fff\" d=\"M2 0a2 2 0 0 0-2 2v2h1.5V2a.5.5 0 0 1 .5-.5h2V0H2Zm2 10.5H2a.5.5 0 0 1-.5-.5V8H0v2a2 2 0 0 0 2 2h2v-1.5ZM8 12v-1.5h2a.5.5 0 0 0 .5-.5V8H12v2a2 2 0 0 1-2 2H8Zm2-12a2 2 0 0 1 2 2v2h-1.5V2a.5.5 0 0 0-.5-.5H8V0h2Z\" \/>\n\t\t\t<\/svg>\n\t\t<\/button><figcaption class=\"wp-element-caption\">Foto: Karsten11 \/ Wikimedia Commons, Public domain<\/figcaption><\/figure>\n\n\n\n<h3 class=\"wp-block-heading\"><span class=\"ez-toc-section\" id=\"34_Taunus-Therme_Bad_Homburg\"><\/span>34. Taunus-Therme (Bad Homburg)<span class=\"ez-toc-section-end\"><\/span><\/h3>\n\n\n\n<p class=\"wp-block-paragraph\">Kompleks Taunus-Therme w mie\u015bcie Bad Homburg jest wyj\u0105tkowy g\u0142\u00f3wnie ze wzgl\u0119du na ogromn\u0105 przestrze\u0144, bo oferuje <strong>1200 metr\u00f3w kwadratowych powierzchni wewn\u0119trznej i zewn\u0119trznej<\/strong> do doskona\u0142ej relaksacji. Woda do basen\u00f3w przyp\u0142ywa z miejscowego \u017ar\u00f3d\u0142a Viktoria-Louise-Quelle, kt\u00f3re pierwotnie ma temperatur\u0119 22,4\u00b0C, ale dla twojego maksymalnego komfortu jest ogrzewana do <strong>przyjemnych 34,5\u00b0C<\/strong>.<\/p>\n\n\n\n<p class=\"wp-block-paragraph\">Mo\u017cesz cieszy\u0107 si\u0119 mn\u00f3stwem zak\u0105tk\u00f3w z wod\u0105 termaln\u0105, gdzie czeka na ciebie spok\u00f3j. Je\u015bli uwielbiasz b\u0105belki, ucieszy ci\u0119 a\u017c <strong>cztery gor\u0105ce jacuzzi o temperaturze 37\u00b0C<\/strong>, kt\u00f3re doskonale rozlu\u017ani\u0105 zm\u0119czone mi\u0119\u015bnie. Mi\u0142o\u015bnicy pocenia doceni\u0105 natomiast bogat\u0105 cz\u0119\u015b\u0107 saunow\u0105, w kt\u00f3rej znajdziesz w sumie osiem saun tematycznych o temperaturach od 45\u00b0C a\u017c do 100\u00b0C.<\/p>\n\n\n\n<p class=\"wp-block-paragraph\">Dwie z tych o\u015bmiu saun s\u0105 <strong>zarezerwowane ekskluzywnie tylko dla pa\u0144<\/strong>, co jest \u015bwietn\u0105 wiadomo\u015bci\u0105 dla wszystkich kobiet szukaj\u0105cych wi\u0119cej prywatno\u015bci. Kompleks jest og\u00f3lnie odpowiedni raczej dla doros\u0142ych go\u015bci szukaj\u0105cych spokoju i cichego odpoczynku. <strong>\ud83d\udca1 Wskaz\u00f3wka:<\/strong> Cho\u0107 nie znajdziesz tu dzikich zje\u017cd\u017calni, ogromna powierzchnia gwarantuje, \u017ce nie b\u0119dziesz si\u0119 t\u0142oczy\u0107 z innymi lud\u017ami i zawsze znajdziesz sw\u00f3j cichy zak\u0105tek.<\/p>\n\n\n\n<figure data-wp-context=\"{&quot;imageId&quot;:&quot;6a9c821d21377&quot;}\" data-wp-interactive=\"core\/image\" data-wp-key=\"6a9c821d21377\" class=\"wp-block-image size-full wp-lightbox-container\"><img decoding=\"async\" width=\"1800\" height=\"1350\" data-wp-class--hide=\"state.isContentHidden\" data-wp-class--show=\"state.isContentVisible\" data-wp-init=\"callbacks.setButtonStyles\" data-wp-on--click=\"actions.showLightbox\" data-wp-on--load=\"callbacks.setButtonStyles\" data-wp-on--pointerdown=\"actions.preloadImage\" data-wp-on--pointerenter=\"actions.preloadImageWithDelay\" data-wp-on--pointerleave=\"actions.cancelPreload\" data-wp-on-window--resize=\"callbacks.setButtonStyles\" src=\"https:\/\/loudavymkrokem.cz\/wp-content\/uploads\/2026\/09\/nemecko-clanky-termaly-nemecko-43-b17240b7-1.jpg\" alt=\"KurhessenTherme (Kassel)\" class=\"wp-image-415361\" title=\"\" srcset=\"https:\/\/loudavymkrokem.cz\/wp-content\/uploads\/2026\/09\/nemecko-clanky-termaly-nemecko-43-b17240b7-1.jpg 1800w, https:\/\/loudavymkrokem.cz\/wp-content\/uploads\/2026\/09\/nemecko-clanky-termaly-nemecko-43-b17240b7-1-300x225.jpg 300w, https:\/\/loudavymkrokem.cz\/wp-content\/uploads\/2026\/09\/nemecko-clanky-termaly-nemecko-43-b17240b7-1-700x525.jpg 700w, https:\/\/loudavymkrokem.cz\/wp-content\/uploads\/2026\/09\/nemecko-clanky-termaly-nemecko-43-b17240b7-1-768x576.jpg 768w, https:\/\/loudavymkrokem.cz\/wp-content\/uploads\/2026\/09\/nemecko-clanky-termaly-nemecko-43-b17240b7-1-1536x1152.jpg 1536w, https:\/\/loudavymkrokem.cz\/wp-content\/uploads\/2026\/09\/nemecko-clanky-termaly-nemecko-43-b17240b7-1-80x60.jpg 80w, https:\/\/loudavymkrokem.cz\/wp-content\/uploads\/2026\/09\/nemecko-clanky-termaly-nemecko-43-b17240b7-1-160x120.jpg 160w, https:\/\/loudavymkrokem.cz\/wp-content\/uploads\/2026\/09\/nemecko-clanky-termaly-nemecko-43-b17240b7-1-696x522.jpg 696w, https:\/\/loudavymkrokem.cz\/wp-content\/uploads\/2026\/09\/nemecko-clanky-termaly-nemecko-43-b17240b7-1-1392x1044.jpg 1392w\" sizes=\"(max-width: 1800px) 100vw, 1800px\" \/><button\n\t\t\tclass=\"lightbox-trigger\"\n\t\t\ttype=\"button\"\n\t\t\taria-haspopup=\"dialog\"\n\t\t\tdata-wp-bind--aria-label=\"state.thisImage.triggerButtonAriaLabel\"\n\t\t\tdata-wp-init=\"callbacks.initTriggerButton\"\n\t\t\tdata-wp-on--click=\"actions.showLightbox\"\n\t\t\tdata-wp-style--right=\"state.thisImage.buttonRight\"\n\t\t\tdata-wp-style--top=\"state.thisImage.buttonTop\"\n\t\t>\n\t\t\t<svg xmlns=\"http:\/\/www.w3.org\/2000\/svg\" width=\"12\" height=\"12\" fill=\"none\" viewBox=\"0 0 12 12\">\n\t\t\t\t<path fill=\"#fff\" d=\"M2 0a2 2 0 0 0-2 2v2h1.5V2a.5.5 0 0 1 .5-.5h2V0H2Zm2 10.5H2a.5.5 0 0 1-.5-.5V8H0v2a2 2 0 0 0 2 2h2v-1.5ZM8 12v-1.5h2a.5.5 0 0 0 .5-.5V8H12v2a2 2 0 0 1-2 2H8Zm2-12a2 2 0 0 1 2 2v2h-1.5V2a.5.5 0 0 0-.5-.5H8V0h2Z\" \/>\n\t\t\t<\/svg>\n\t\t<\/button><figcaption class=\"wp-element-caption\">Foto: Pedelecs \/ Wikimedia Commons, CC BY-SA 3.0<\/figcaption><\/figure>\n\n\n\n<h3 class=\"wp-block-heading\"><span class=\"ez-toc-section\" id=\"35_KurhessenTherme_Kassel\"><\/span>35. KurhessenTherme (Kassel)<span class=\"ez-toc-section-end\"><\/span><\/h3>\n\n\n\n<p class=\"wp-block-paragraph\">Je\u015bli skierujesz si\u0119 do miasta Kassel, nie pomi\u0144 kompleksu KurhessenTherme, kt\u00f3ry zaskoczy ci\u0119 jedynym w swoim rodzaju <strong>saunowym jeziorem o powierzchni 200 metr\u00f3w kwadratowych<\/strong>. To jezioro ma orze\u017awiaj\u0105c\u0105 temperatur\u0119 mi\u0119dzy 19 a 21\u00b0C i jest wkomponowane w tak zwany Rajski Ogr\u00f3d. Ten oferuje ponad <strong>400 metr\u00f3w kwadratowych na odpoczynek bez stroju k\u0105pielowego<\/strong>, co ucieszy wszystkich zwolennik\u00f3w naturyzmu.<\/p>\n\n\n\n<p class=\"wp-block-paragraph\">\u015awiat saun jest tu hojny, znajdziesz w nim w sumie osiem r\u00f3\u017cnych saun. Pocz\u0105tkuj\u0105cy mog\u0105 wypr\u00f3bowa\u0107 delikatn\u0105 saun\u0119 \u015bwietln\u0105 z kryszta\u0142ami soli i temperatur\u0105 45\u00b0C albo saun\u0119 z 55\u00b0C, kt\u00f3ra jest \u015bwietna na drogi oddechowe. Do\u015bwiadczeni saunowicze natomiast skieruj\u0105 si\u0119 do <strong>sauny z gor\u0105cymi kamieniami rozgrzanej do 100\u00b0C<\/strong>. Panie maj\u0105 do dyspozycji te\u017c w\u0142asn\u0105 orientaln\u0105 saun\u0119 damsk\u0105.<\/p>\n\n\n\n<p class=\"wp-block-paragraph\">Wed\u0142ug cennika na rok 2026 za dwugodzinny wst\u0119p do term i saun zap\u0142acisz <strong>od 23 do 24,50 euro<\/strong>, bilet ca\u0142odzienny wyjdzie natomiast 26,50 do 28 euro w zale\u017cno\u015bci od dnia tygodnia. Za ka\u017cde rozpocz\u0119te pi\u0119tna\u015bcie minut ekstra dop\u0142aca si\u0119 1,50 euro. <strong>\ud83d\udca1 Wskaz\u00f3wka:<\/strong> Je\u015bli po k\u0105pieli zg\u0142odniejesz, miejscowa restauracja oferuje wy\u015bmienite bezmi\u0119sne gnocchi albo spaghetti z zielonym pesto i grillowanymi warzywami za 11,50 euro.<\/p>\n\n\n\n<figure data-wp-context=\"{&quot;imageId&quot;:&quot;6a9c821d21944&quot;}\" data-wp-interactive=\"core\/image\" data-wp-key=\"6a9c821d21944\" class=\"wp-block-image size-full wp-lightbox-container\"><img decoding=\"async\" width=\"1800\" height=\"1800\" data-wp-class--hide=\"state.isContentHidden\" data-wp-class--show=\"state.isContentVisible\" data-wp-init=\"callbacks.setButtonStyles\" data-wp-on--click=\"actions.showLightbox\" data-wp-on--load=\"callbacks.setButtonStyles\" data-wp-on--pointerdown=\"actions.preloadImage\" data-wp-on--pointerenter=\"actions.preloadImageWithDelay\" data-wp-on--pointerleave=\"actions.cancelPreload\" data-wp-on-window--resize=\"callbacks.setButtonStyles\" src=\"https:\/\/loudavymkrokem.cz\/wp-content\/uploads\/2026\/09\/nemecko-clanky-termaly-nemecko-44-2d6e2fb5-1.jpg\" alt=\"Odenwald-Therme (Bad K\u00f6nig): cz\u0119\u015b\u0107 saunowa\" class=\"wp-image-415363\" title=\"\" srcset=\"https:\/\/loudavymkrokem.cz\/wp-content\/uploads\/2026\/09\/nemecko-clanky-termaly-nemecko-44-2d6e2fb5-1.jpg 1800w, https:\/\/loudavymkrokem.cz\/wp-content\/uploads\/2026\/09\/nemecko-clanky-termaly-nemecko-44-2d6e2fb5-1-300x300.jpg 300w, https:\/\/loudavymkrokem.cz\/wp-content\/uploads\/2026\/09\/nemecko-clanky-termaly-nemecko-44-2d6e2fb5-1-700x700.jpg 700w, https:\/\/loudavymkrokem.cz\/wp-content\/uploads\/2026\/09\/nemecko-clanky-termaly-nemecko-44-2d6e2fb5-1-150x150.jpg 150w, https:\/\/loudavymkrokem.cz\/wp-content\/uploads\/2026\/09\/nemecko-clanky-termaly-nemecko-44-2d6e2fb5-1-768x768.jpg 768w, https:\/\/loudavymkrokem.cz\/wp-content\/uploads\/2026\/09\/nemecko-clanky-termaly-nemecko-44-2d6e2fb5-1-1536x1536.jpg 1536w, https:\/\/loudavymkrokem.cz\/wp-content\/uploads\/2026\/09\/nemecko-clanky-termaly-nemecko-44-2d6e2fb5-1-696x696.jpg 696w, https:\/\/loudavymkrokem.cz\/wp-content\/uploads\/2026\/09\/nemecko-clanky-termaly-nemecko-44-2d6e2fb5-1-1392x1392.jpg 1392w\" sizes=\"(max-width: 1800px) 100vw, 1800px\" \/><button\n\t\t\tclass=\"lightbox-trigger\"\n\t\t\ttype=\"button\"\n\t\t\taria-haspopup=\"dialog\"\n\t\t\tdata-wp-bind--aria-label=\"state.thisImage.triggerButtonAriaLabel\"\n\t\t\tdata-wp-init=\"callbacks.initTriggerButton\"\n\t\t\tdata-wp-on--click=\"actions.showLightbox\"\n\t\t\tdata-wp-style--right=\"state.thisImage.buttonRight\"\n\t\t\tdata-wp-style--top=\"state.thisImage.buttonTop\"\n\t\t>\n\t\t\t<svg xmlns=\"http:\/\/www.w3.org\/2000\/svg\" width=\"12\" height=\"12\" fill=\"none\" viewBox=\"0 0 12 12\">\n\t\t\t\t<path fill=\"#fff\" d=\"M2 0a2 2 0 0 0-2 2v2h1.5V2a.5.5 0 0 1 .5-.5h2V0H2Zm2 10.5H2a.5.5 0 0 1-.5-.5V8H0v2a2 2 0 0 0 2 2h2v-1.5ZM8 12v-1.5h2a.5.5 0 0 0 .5-.5V8H12v2a2 2 0 0 1-2 2H8Zm2-12a2 2 0 0 1 2 2v2h-1.5V2a.5.5 0 0 0-.5-.5H8V0h2Z\" \/>\n\t\t\t<\/svg>\n\t\t<\/button><\/figure>\n\n\n\n<h3 class=\"wp-block-heading\"><span class=\"ez-toc-section\" id=\"36_Odenwald-Therme_Bad_Konig\"><\/span>36. Odenwald-Therme (Bad K\u00f6nig)<span class=\"ez-toc-section-end\"><\/span><\/h3>\n\n\n\n<p class=\"wp-block-paragraph\">W malowniczym miasteczku Bad K\u00f6nig znajduje si\u0119 Odenwald-Therme, gdzie na powierzchni <strong>ponad 1300 metr\u00f3w kwadratowych<\/strong> znajdziesz bardzo przyjemny \u015bwiat saun i baseny termalne. Ten kompleks jest \u015bwietnym wyborem dla tych, kt\u00f3rzy szukaj\u0105 bardziej kameralnej i spokojniejszej atmosfery bez ogromnych t\u0142um\u00f3w, i doceni\u0105 <strong>wielki basen zewn\u0119trzny<\/strong> do p\u0142ywania na \u015bwie\u017cym powietrzu.<\/p>\n\n\n\n<p class=\"wp-block-paragraph\">W \u015brodku czekaj\u0105 na ciebie cztery r\u00f3\u017cnie temperowane sauny. Najcieplejsza jest <strong>Odenwald-Sauna z 90\u00b0C<\/strong>, gdzie regularnie odbywaj\u0105 si\u0119 lubiane ceremonie saunowe, tak zwane Aufg\u00fcsse. Opr\u00f3cz niej mo\u017cesz rozgrza\u0107 cia\u0142o w saunie ptasiej z 80\u00b0C, delikatnym sanarium rozgrzanym do 60\u00b0C albo w \u0142a\u017ani parowej i aromatycznej, kt\u00f3ra ma przyjemne 40\u00b0C. Odpocz\u0105\u0107 mo\u017cesz natomiast w wyznaczonych pomieszczeniach relaksacyjnych albo sprawi\u0107 sobie peeling cia\u0142a.<\/p>\n\n\n\n<p class=\"wp-block-paragraph\">Podstawowy bilet do term i saun wyjdzie wed\u0142ug cennika na rok 2026 <strong>22,50 euro<\/strong>, podczas gdy bilet ca\u0142odzienny kosztuje 28,50 euro. Kompleks jest idealny dla par i doros\u0142ych, kt\u00f3rzy chc\u0105 spokojnie odpocz\u0105\u0107. <strong>\ud83d\udca1 Wskaz\u00f3wka:<\/strong> Je\u015bli w miejscowej gastronomii zjesz ciep\u0142y posi\u0142ek o warto\u015bci przynajmniej 4,90 euro, otrzymasz automatycznie jedn\u0105 godzin\u0119 czasu do swojego wst\u0119pu ekstra zupe\u0142nie za darmo.<\/p>\n\n\n\n<figure data-wp-context=\"{&quot;imageId&quot;:&quot;6a9c821d21e97&quot;}\" data-wp-interactive=\"core\/image\" data-wp-key=\"6a9c821d21e97\" class=\"wp-block-image size-full wp-lightbox-container\"><img decoding=\"async\" width=\"1800\" height=\"1200\" data-wp-class--hide=\"state.isContentHidden\" data-wp-class--show=\"state.isContentVisible\" data-wp-init=\"callbacks.setButtonStyles\" data-wp-on--click=\"actions.showLightbox\" data-wp-on--load=\"callbacks.setButtonStyles\" data-wp-on--pointerdown=\"actions.preloadImage\" data-wp-on--pointerenter=\"actions.preloadImageWithDelay\" data-wp-on--pointerleave=\"actions.cancelPreload\" data-wp-on-window--resize=\"callbacks.setButtonStyles\" src=\"https:\/\/loudavymkrokem.cz\/wp-content\/uploads\/2026\/09\/nemecko-clanky-termaly-nemecko-45-cfe756aa.jpg\" alt=\"Budynek Thermalbad Aukammtal w wiesbade\u0144skim parku\" class=\"wp-image-415508\" title=\"\" srcset=\"https:\/\/loudavymkrokem.cz\/wp-content\/uploads\/2026\/09\/nemecko-clanky-termaly-nemecko-45-cfe756aa.jpg 1800w, https:\/\/loudavymkrokem.cz\/wp-content\/uploads\/2026\/09\/nemecko-clanky-termaly-nemecko-45-cfe756aa-300x200.jpg 300w, https:\/\/loudavymkrokem.cz\/wp-content\/uploads\/2026\/09\/nemecko-clanky-termaly-nemecko-45-cfe756aa-700x467.jpg 700w, https:\/\/loudavymkrokem.cz\/wp-content\/uploads\/2026\/09\/nemecko-clanky-termaly-nemecko-45-cfe756aa-768x512.jpg 768w, https:\/\/loudavymkrokem.cz\/wp-content\/uploads\/2026\/09\/nemecko-clanky-termaly-nemecko-45-cfe756aa-1536x1024.jpg 1536w, https:\/\/loudavymkrokem.cz\/wp-content\/uploads\/2026\/09\/nemecko-clanky-termaly-nemecko-45-cfe756aa-696x464.jpg 696w, https:\/\/loudavymkrokem.cz\/wp-content\/uploads\/2026\/09\/nemecko-clanky-termaly-nemecko-45-cfe756aa-1392x928.jpg 1392w\" sizes=\"(max-width: 1800px) 100vw, 1800px\" \/><button\n\t\t\tclass=\"lightbox-trigger\"\n\t\t\ttype=\"button\"\n\t\t\taria-haspopup=\"dialog\"\n\t\t\tdata-wp-bind--aria-label=\"state.thisImage.triggerButtonAriaLabel\"\n\t\t\tdata-wp-init=\"callbacks.initTriggerButton\"\n\t\t\tdata-wp-on--click=\"actions.showLightbox\"\n\t\t\tdata-wp-style--right=\"state.thisImage.buttonRight\"\n\t\t\tdata-wp-style--top=\"state.thisImage.buttonTop\"\n\t\t>\n\t\t\t<svg xmlns=\"http:\/\/www.w3.org\/2000\/svg\" width=\"12\" height=\"12\" fill=\"none\" viewBox=\"0 0 12 12\">\n\t\t\t\t<path fill=\"#fff\" d=\"M2 0a2 2 0 0 0-2 2v2h1.5V2a.5.5 0 0 1 .5-.5h2V0H2Zm2 10.5H2a.5.5 0 0 1-.5-.5V8H0v2a2 2 0 0 0 2 2h2v-1.5ZM8 12v-1.5h2a.5.5 0 0 0 .5-.5V8H12v2a2 2 0 0 1-2 2H8Zm2-12a2 2 0 0 1 2 2v2h-1.5V2a.5.5 0 0 0-.5-.5H8V0h2Z\" \/>\n\t\t\t<\/svg>\n\t\t<\/button><figcaption class=\"wp-element-caption\">Foto: Renate007 \/ Wikimedia Commons, CC BY-SA 4.0<\/figcaption><\/figure>\n\n\n\n<h3 class=\"wp-block-heading\"><span class=\"ez-toc-section\" id=\"37_Thermalbad_Aukammtal_Wiesbaden\"><\/span>37. Thermalbad Aukammtal (Wiesbaden)<span class=\"ez-toc-section-end\"><\/span><\/h3>\n\n\n\n<p class=\"wp-block-paragraph\">Miasto Wiesbaden to uzdrowiskowy klejnot, a Thermalbad Aukammtal jest jednym z powod\u00f3w, dla kt\u00f3rych warto tu przyjecha\u0107. Kompleks le\u017cy w pi\u0119knym otoczeniu miejskiego parku, a jego najwi\u0119kszym magnesem jest <strong>woda o bardzo wysokiej zawarto\u015bci soli<\/strong>. Tradycyjnie zaleca si\u0119 j\u0105 przy dolegliwo\u015bciach ortopedycznych i reumatycznych, wi\u0119c je\u015bli dokuczaj\u0105 ci stawy lub plecy, to miejsce dobrze ci zrobi.<\/p>\n\n\n\n<p class=\"wp-block-paragraph\">Miejscowa woda termalna ma <strong>bardzo przyjemne 32\u00b0C<\/strong> i mo\u017cesz si\u0119 ni\u0105 delektowa\u0107 zar\u00f3wno w basenie wewn\u0119trznym o powierzchni 435 metr\u00f3w kwadratowych, jak i w podobnie wielkim basenie zewn\u0119trznym, kt\u00f3ry ma oko\u0142o 450 metr\u00f3w kwadratowych. Dla fan\u00f3w sauny przygotowano zaplecze z odmiennym wyposa\u017ceniem, gdzie kryj\u0105 si\u0119 cztery sauny wewn\u0119trzne i trzy zewn\u0119trzne.<\/p>\n\n\n\n<p class=\"wp-block-paragraph\">Termy s\u0105 otwarte przez ca\u0142y rok, ale godziny otwarcia zmieniaj\u0105 si\u0119 lekko wed\u0142ug sezonu. Od pocz\u0105tku pa\u017adziernika do ko\u0144ca kwietnia mo\u017cesz si\u0119 tu wybra\u0107 codziennie od dziewi\u0105tej rano do dziesi\u0105tej wieczorem, przy czym w pi\u0105tek i sobot\u0119 jest <strong>otwarte a\u017c do jedenastej wieczorem<\/strong>. W sezonie letnim zamyka si\u0119 zawsze o godzinie 22. <strong>\ud83d\udca1 Wskaz\u00f3wka:<\/strong> Dzi\u0119ki po\u0142o\u017ceniu bezpo\u015brednio w parku w dolinie Aukammtal polecam po\u0142\u0105czy\u0107 wizyt\u0119 w basenach z d\u0142ugim popo\u0142udniowym spacerem po okolicznej zieleni.<\/p>\n\n\n\n<figure data-wp-context=\"{&quot;imageId&quot;:&quot;6a9c821d22449&quot;}\" data-wp-interactive=\"core\/image\" data-wp-key=\"6a9c821d22449\" class=\"wp-block-image size-full wp-lightbox-container\"><img decoding=\"async\" width=\"1800\" height=\"1350\" data-wp-class--hide=\"state.isContentHidden\" data-wp-class--show=\"state.isContentVisible\" data-wp-init=\"callbacks.setButtonStyles\" data-wp-on--click=\"actions.showLightbox\" data-wp-on--load=\"callbacks.setButtonStyles\" data-wp-on--pointerdown=\"actions.preloadImage\" data-wp-on--pointerenter=\"actions.preloadImageWithDelay\" data-wp-on--pointerleave=\"actions.cancelPreload\" data-wp-on-window--resize=\"callbacks.setButtonStyles\" src=\"https:\/\/loudavymkrokem.cz\/wp-content\/uploads\/2026\/09\/nemecko-clanky-termaly-nemecko-46-fef6372e.jpg\" alt=\"Historyczne foyer Kaiser-Friedrich-Therme w Wiesbaden\" class=\"wp-image-415512\" title=\"\" srcset=\"https:\/\/loudavymkrokem.cz\/wp-content\/uploads\/2026\/09\/nemecko-clanky-termaly-nemecko-46-fef6372e.jpg 1800w, https:\/\/loudavymkrokem.cz\/wp-content\/uploads\/2026\/09\/nemecko-clanky-termaly-nemecko-46-fef6372e-300x225.jpg 300w, https:\/\/loudavymkrokem.cz\/wp-content\/uploads\/2026\/09\/nemecko-clanky-termaly-nemecko-46-fef6372e-700x525.jpg 700w, https:\/\/loudavymkrokem.cz\/wp-content\/uploads\/2026\/09\/nemecko-clanky-termaly-nemecko-46-fef6372e-768x576.jpg 768w, https:\/\/loudavymkrokem.cz\/wp-content\/uploads\/2026\/09\/nemecko-clanky-termaly-nemecko-46-fef6372e-1536x1152.jpg 1536w, https:\/\/loudavymkrokem.cz\/wp-content\/uploads\/2026\/09\/nemecko-clanky-termaly-nemecko-46-fef6372e-80x60.jpg 80w, https:\/\/loudavymkrokem.cz\/wp-content\/uploads\/2026\/09\/nemecko-clanky-termaly-nemecko-46-fef6372e-160x120.jpg 160w, https:\/\/loudavymkrokem.cz\/wp-content\/uploads\/2026\/09\/nemecko-clanky-termaly-nemecko-46-fef6372e-696x522.jpg 696w, https:\/\/loudavymkrokem.cz\/wp-content\/uploads\/2026\/09\/nemecko-clanky-termaly-nemecko-46-fef6372e-1392x1044.jpg 1392w\" sizes=\"(max-width: 1800px) 100vw, 1800px\" \/><button\n\t\t\tclass=\"lightbox-trigger\"\n\t\t\ttype=\"button\"\n\t\t\taria-haspopup=\"dialog\"\n\t\t\tdata-wp-bind--aria-label=\"state.thisImage.triggerButtonAriaLabel\"\n\t\t\tdata-wp-init=\"callbacks.initTriggerButton\"\n\t\t\tdata-wp-on--click=\"actions.showLightbox\"\n\t\t\tdata-wp-style--right=\"state.thisImage.buttonRight\"\n\t\t\tdata-wp-style--top=\"state.thisImage.buttonTop\"\n\t\t>\n\t\t\t<svg xmlns=\"http:\/\/www.w3.org\/2000\/svg\" width=\"12\" height=\"12\" fill=\"none\" viewBox=\"0 0 12 12\">\n\t\t\t\t<path fill=\"#fff\" d=\"M2 0a2 2 0 0 0-2 2v2h1.5V2a.5.5 0 0 1 .5-.5h2V0H2Zm2 10.5H2a.5.5 0 0 1-.5-.5V8H0v2a2 2 0 0 0 2 2h2v-1.5ZM8 12v-1.5h2a.5.5 0 0 0 .5-.5V8H12v2a2 2 0 0 1-2 2H8Zm2-12a2 2 0 0 1 2 2v2h-1.5V2a.5.5 0 0 0-.5-.5H8V0h2Z\" \/>\n\t\t\t<\/svg>\n\t\t<\/button><figcaption class=\"wp-element-caption\">Foto: WiesbAdler \/ Wikimedia Commons, Public domain<\/figcaption><\/figure>\n\n\n\n<h3 class=\"wp-block-heading\"><span class=\"ez-toc-section\" id=\"38_Kaiser-Friedrich-Therme_Wiesbaden\"><\/span>38. Kaiser-Friedrich-Therme (Wiesbaden)<span class=\"ez-toc-section-end\"><\/span><\/h3>\n\n\n\n<p class=\"wp-block-paragraph\">Zostajemy w Wiesbaden, ale przenosimy si\u0119 do unikatowego historycznego budynku Kaiser-Friedrich-Therme. To uzdrowisko zosta\u0142o zbudowane mi\u0119dzy rokiem 1910 a 1913 wed\u0142ug projektu architekta Augusta O. Paulyego i <strong>ma silny wyd\u017awi\u0119k secesji<\/strong>. Ju\u017c przy wej\u015bciu owionie ci\u0119 atmosfera dawnych czas\u00f3w i b\u0119dziesz si\u0119 czu\u0107 jak prawdziwa szlachta na odpoczynku.<\/p>\n\n\n\n<p class=\"wp-block-paragraph\">Miejscowa woda termalna jest gor\u0105ca, ze \u017ar\u00f3d\u0142a wyp\u0142ywa <strong>o temperaturze 64,6\u00b0C<\/strong>, zanim zostanie sch\u0142odzona na potrzeby k\u0105pieli. Sercem ca\u0142ego kompleksu jest przepi\u0119kna \u0142a\u017ania irlandzko-rzymska z oryginalnymi mozaikowymi ok\u0142adzinami, kt\u00f3ra przesz\u0142a w roku 1999 delikatn\u0105 renowacj\u0119. Dzi\u015b na powierzchni 1450 metr\u00f3w kwadratowych znajdziesz tu r\u00f3\u017cnorodny krajobraz saunowy.<\/p>\n\n\n\n<p class=\"wp-block-paragraph\">Mo\u017cesz cieszy\u0107 si\u0119 klasyczn\u0105 saun\u0105 fi\u0144sk\u0105, tepidarium, sudatorium, sanarium, ale te\u017c <strong>rosyjsk\u0105 \u0142a\u017ani\u0105 parow\u0105 lub specjaln\u0105 kamienn\u0105 \u0142a\u017ani\u0105 parow\u0105<\/strong>. Kompleks jest pomy\u015blany jako historyczne uzdrowisko, wi\u0119c przychodzi si\u0119 tu g\u0142\u00f3wnie na cich\u0105 relaksacj\u0119, a dla rodzin z ma\u0142ymi dzie\u0107mi nie jest to ca\u0142kiem idealny wyb\u00f3r. <strong>\ud83d\udca1 Wskaz\u00f3wka:<\/strong> Nie odmawiaj sobie szczeg\u00f3\u0142owego spojrzenia na przepi\u0119kne historyczne mozaiki w cz\u0119\u015bci irlandzko-rzymskiej, kt\u00f3re nale\u017c\u0105 do najpi\u0119kniejszych element\u00f3w architektonicznych w ca\u0142ej Hesji.<\/p>\n\n\n\n<figure data-wp-context=\"{&quot;imageId&quot;:&quot;6a9c821d22a22&quot;}\" data-wp-interactive=\"core\/image\" data-wp-key=\"6a9c821d22a22\" class=\"wp-block-image size-full wp-lightbox-container\"><img decoding=\"async\" width=\"1800\" height=\"1012\" data-wp-class--hide=\"state.isContentHidden\" data-wp-class--show=\"state.isContentVisible\" data-wp-init=\"callbacks.setButtonStyles\" data-wp-on--click=\"actions.showLightbox\" data-wp-on--load=\"callbacks.setButtonStyles\" data-wp-on--pointerdown=\"actions.preloadImage\" data-wp-on--pointerenter=\"actions.preloadImageWithDelay\" data-wp-on--pointerleave=\"actions.cancelPreload\" data-wp-on-window--resize=\"callbacks.setButtonStyles\" src=\"https:\/\/loudavymkrokem.cz\/wp-content\/uploads\/2026\/09\/nemecko-clanky-termaly-nemecko-47-57afd95a-1.jpg\" alt=\"Termy Spreewald Therme w Burg o zachodzie s\u0142o\u0144ca\" class=\"wp-image-415371\" title=\"\" srcset=\"https:\/\/loudavymkrokem.cz\/wp-content\/uploads\/2026\/09\/nemecko-clanky-termaly-nemecko-47-57afd95a-1.jpg 1800w, https:\/\/loudavymkrokem.cz\/wp-content\/uploads\/2026\/09\/nemecko-clanky-termaly-nemecko-47-57afd95a-1-300x169.jpg 300w, https:\/\/loudavymkrokem.cz\/wp-content\/uploads\/2026\/09\/nemecko-clanky-termaly-nemecko-47-57afd95a-1-700x394.jpg 700w, https:\/\/loudavymkrokem.cz\/wp-content\/uploads\/2026\/09\/nemecko-clanky-termaly-nemecko-47-57afd95a-1-768x432.jpg 768w, https:\/\/loudavymkrokem.cz\/wp-content\/uploads\/2026\/09\/nemecko-clanky-termaly-nemecko-47-57afd95a-1-1536x864.jpg 1536w, https:\/\/loudavymkrokem.cz\/wp-content\/uploads\/2026\/09\/nemecko-clanky-termaly-nemecko-47-57afd95a-1-696x391.jpg 696w, https:\/\/loudavymkrokem.cz\/wp-content\/uploads\/2026\/09\/nemecko-clanky-termaly-nemecko-47-57afd95a-1-1392x783.jpg 1392w\" sizes=\"(max-width: 1800px) 100vw, 1800px\" \/><button\n\t\t\tclass=\"lightbox-trigger\"\n\t\t\ttype=\"button\"\n\t\t\taria-haspopup=\"dialog\"\n\t\t\tdata-wp-bind--aria-label=\"state.thisImage.triggerButtonAriaLabel\"\n\t\t\tdata-wp-init=\"callbacks.initTriggerButton\"\n\t\t\tdata-wp-on--click=\"actions.showLightbox\"\n\t\t\tdata-wp-style--right=\"state.thisImage.buttonRight\"\n\t\t\tdata-wp-style--top=\"state.thisImage.buttonTop\"\n\t\t>\n\t\t\t<svg xmlns=\"http:\/\/www.w3.org\/2000\/svg\" width=\"12\" height=\"12\" fill=\"none\" viewBox=\"0 0 12 12\">\n\t\t\t\t<path fill=\"#fff\" d=\"M2 0a2 2 0 0 0-2 2v2h1.5V2a.5.5 0 0 1 .5-.5h2V0H2Zm2 10.5H2a.5.5 0 0 1-.5-.5V8H0v2a2 2 0 0 0 2 2h2v-1.5ZM8 12v-1.5h2a.5.5 0 0 0 .5-.5V8H12v2a2 2 0 0 1-2 2H8Zm2-12a2 2 0 0 1 2 2v2h-1.5V2a.5.5 0 0 0-.5-.5H8V0h2Z\" \/>\n\t\t\t<\/svg>\n\t\t<\/button><\/figure>\n\n\n\n<h2 class=\"wp-block-heading\"><span class=\"ez-toc-section\" id=\"Termy_w_Brandenburgii_i_Berlinie\"><\/span>Termy w Brandenburgii i Berlinie<span class=\"ez-toc-section-end\"><\/span><\/h2>\n\n\n\n<p class=\"wp-block-paragraph\">Je\u015bli wybierasz si\u0119 na przed\u0142u\u017cony weekend do niemieckiej stolicy, szkoda by\u0142oby nie zatrzyma\u0107 si\u0119 w kt\u00f3rym\u015b z miejscowych kompleks\u00f3w wellness. Okolice Berlina i s\u0105siednia Brandenburgia kryj\u0105 bowiem prawdziwe skarby, kt\u00f3re z twoich miejskich wakacji uczyni\u0105 doskona\u0142e prze\u017cycie relaksacyjne. Droga z Warszawy trwa w dodatku tylko kilka godzin, wi\u0119c na miejsce \u0142atwo dostaniesz si\u0119 nawet na skoczka.<\/p>\n\n\n\n<p class=\"wp-block-paragraph\">Mo\u017cesz cieszy\u0107 si\u0119 ogromn\u0105 r\u00f3\u017cnorodno\u015bci\u0105 i pi\u0119knymi obiektami. Znajdziesz tu s\u0142ynny Spreewald ze swoj\u0105 lecznicz\u0105 solank\u0105, przepi\u0119kne Havel Therme le\u017c\u0105ce bezpo\u015brednio nad jeziorem czy s\u0142ynne berli\u0144skie vabali spa, czyli ogromny balijski \u015bwiat saun bezpo\u015brednio w sercu stolicy. Miejscowe termy \u015bwietnie nadaj\u0105 si\u0119 zar\u00f3wno na romantyczn\u0105 ucieczk\u0119 we dwoje, jak i dla rodzin z dzie\u0107mi, kt\u00f3re szukaj\u0105 po ca\u0142odziennym bieganiu po zabytkach troch\u0119 zas\u0142u\u017conego odpoczynku.<\/p>\n\n\n\n<figure data-wp-context=\"{&quot;imageId&quot;:&quot;6a9c821d22f5b&quot;}\" data-wp-interactive=\"core\/image\" data-wp-key=\"6a9c821d22f5b\" class=\"wp-block-image size-full wp-lightbox-container\"><img decoding=\"async\" width=\"1800\" height=\"1200\" data-wp-class--hide=\"state.isContentHidden\" data-wp-class--show=\"state.isContentVisible\" data-wp-init=\"callbacks.setButtonStyles\" data-wp-on--click=\"actions.showLightbox\" data-wp-on--load=\"callbacks.setButtonStyles\" data-wp-on--pointerdown=\"actions.preloadImage\" data-wp-on--pointerenter=\"actions.preloadImageWithDelay\" data-wp-on--pointerleave=\"actions.cancelPreload\" data-wp-on-window--resize=\"callbacks.setButtonStyles\" src=\"https:\/\/loudavymkrokem.cz\/wp-content\/uploads\/2026\/09\/nemecko-clanky-termaly-nemecko-48-a26adcb0-1.jpg\" alt=\"Havel Therme (Werder an der Havel)\" class=\"wp-image-415374\" title=\"\" srcset=\"https:\/\/loudavymkrokem.cz\/wp-content\/uploads\/2026\/09\/nemecko-clanky-termaly-nemecko-48-a26adcb0-1.jpg 1800w, https:\/\/loudavymkrokem.cz\/wp-content\/uploads\/2026\/09\/nemecko-clanky-termaly-nemecko-48-a26adcb0-1-300x200.jpg 300w, https:\/\/loudavymkrokem.cz\/wp-content\/uploads\/2026\/09\/nemecko-clanky-termaly-nemecko-48-a26adcb0-1-700x467.jpg 700w, https:\/\/loudavymkrokem.cz\/wp-content\/uploads\/2026\/09\/nemecko-clanky-termaly-nemecko-48-a26adcb0-1-768x512.jpg 768w, https:\/\/loudavymkrokem.cz\/wp-content\/uploads\/2026\/09\/nemecko-clanky-termaly-nemecko-48-a26adcb0-1-1536x1024.jpg 1536w, https:\/\/loudavymkrokem.cz\/wp-content\/uploads\/2026\/09\/nemecko-clanky-termaly-nemecko-48-a26adcb0-1-696x464.jpg 696w, https:\/\/loudavymkrokem.cz\/wp-content\/uploads\/2026\/09\/nemecko-clanky-termaly-nemecko-48-a26adcb0-1-1392x928.jpg 1392w\" sizes=\"(max-width: 1800px) 100vw, 1800px\" \/><button\n\t\t\tclass=\"lightbox-trigger\"\n\t\t\ttype=\"button\"\n\t\t\taria-haspopup=\"dialog\"\n\t\t\tdata-wp-bind--aria-label=\"state.thisImage.triggerButtonAriaLabel\"\n\t\t\tdata-wp-init=\"callbacks.initTriggerButton\"\n\t\t\tdata-wp-on--click=\"actions.showLightbox\"\n\t\t\tdata-wp-style--right=\"state.thisImage.buttonRight\"\n\t\t\tdata-wp-style--top=\"state.thisImage.buttonTop\"\n\t\t>\n\t\t\t<svg xmlns=\"http:\/\/www.w3.org\/2000\/svg\" width=\"12\" height=\"12\" fill=\"none\" viewBox=\"0 0 12 12\">\n\t\t\t\t<path fill=\"#fff\" d=\"M2 0a2 2 0 0 0-2 2v2h1.5V2a.5.5 0 0 1 .5-.5h2V0H2Zm2 10.5H2a.5.5 0 0 1-.5-.5V8H0v2a2 2 0 0 0 2 2h2v-1.5ZM8 12v-1.5h2a.5.5 0 0 0 .5-.5V8H12v2a2 2 0 0 1-2 2H8Zm2-12a2 2 0 0 1 2 2v2h-1.5V2a.5.5 0 0 0-.5-.5H8V0h2Z\" \/>\n\t\t\t<\/svg>\n\t\t<\/button><\/figure>\n\n\n\n<h3 class=\"wp-block-heading\"><span class=\"ez-toc-section\" id=\"39_Havel_Therme_Werder_an_der_Havel\"><\/span>39. Havel Therme (Werder an der Havel)<span class=\"ez-toc-section-end\"><\/span><\/h3>\n\n\n\n<p class=\"wp-block-paragraph\">Tu\u017c za granicami Berlina w miasteczku Werder znajduje si\u0119 <strong>Havel Therme<\/strong>, kt\u00f3re zachwyc\u0105 ci\u0119 swoim przepi\u0119knym po\u0142o\u017ceniem. Magnesem jest przede wszystkim <strong>wewn\u0119trzny basen z poolbarem i temperatur\u0105 36\u00b0C<\/strong>, gdzie mo\u017cesz delektowa\u0107 si\u0119 drinkiem bezpo\u015brednio w wodzie. Ca\u0142y kompleks jest pomy\u015blany w przepi\u0119knym stylu \u015br\u00f3dziemnomorskim, a na swoje przyjd\u0105 tu g\u0142\u00f3wnie doro\u015bli go\u015bcie, kt\u00f3rzy szukaj\u0105 spokoju i relaksacji po ci\u0119\u017ckim dniu.<\/p>\n\n\n\n<p class=\"wp-block-paragraph\">Tutejsze baseny oferuj\u0105 mn\u00f3stwo przestrzeni na odpoczynek na zewn\u0105trz i w \u015brodku. W ka\u017cdej pogodzie mo\u017cesz zanurzy\u0107 si\u0119 w wielkim <strong>zewn\u0119trznym basenie termalnym o powierzchni 235 m\u00b2 z temperatur\u0105 34\u00b0C<\/strong>. Je\u015bli uwielbiasz ciep\u0142o, nie pomi\u0144 te\u017c \u0142a\u017ani parowych, gdzie czeka na ciebie przyjemne 45\u00b0C, albo specjalnej \u0142a\u017ani o temperaturze 43\u00b0C przeznaczonej do peeling\u00f3w regeneracyjnych i zabieg\u00f3w z leczniczym b\u0142otem.<\/p>\n\n\n\n<p class=\"wp-block-paragraph\">Dla mi\u0142o\u015bnik\u00f3w sauny przygotowano rozleg\u0142y \u015bwiat saun. Po\u015brodku \u015br\u00f3dziemnomorskiego ogrodu saunowego znajdziesz <strong>panoramiczny basen zewn\u0119trzny z wod\u0105 ciep\u0142\u0105 na 34\u00b0C<\/strong>, do kt\u00f3rego jednak wchodzi si\u0119 zasadniczo bez stroju k\u0105pielowego. <strong>\ud83d\udca1 Wskaz\u00f3wka:<\/strong> W cz\u0119\u015bci saunowej obowi\u0105zuje \u015bcis\u0142a strefa bez stroj\u00f3w k\u0105pielowych, wi\u0119c nie zapomnij zabra\u0107 wystarczaj\u0105co du\u017co r\u0119cznik\u00f3w lub szlafroka, \u017ceby czu\u0107 si\u0119 komfortowo przy przechodzeniu mi\u0119dzy poszczeg\u00f3lnymi zabiegami.<\/p>\n\n\n\n<figure data-wp-context=\"{&quot;imageId&quot;:&quot;6a9c821d23540&quot;}\" data-wp-interactive=\"core\/image\" data-wp-key=\"6a9c821d23540\" class=\"wp-block-image size-full wp-lightbox-container\"><img decoding=\"async\" width=\"1800\" height=\"1199\" data-wp-class--hide=\"state.isContentHidden\" data-wp-class--show=\"state.isContentVisible\" data-wp-init=\"callbacks.setButtonStyles\" data-wp-on--click=\"actions.showLightbox\" data-wp-on--load=\"callbacks.setButtonStyles\" data-wp-on--pointerdown=\"actions.preloadImage\" data-wp-on--pointerenter=\"actions.preloadImageWithDelay\" data-wp-on--pointerleave=\"actions.cancelPreload\" data-wp-on-window--resize=\"callbacks.setButtonStyles\" src=\"https:\/\/loudavymkrokem.cz\/wp-content\/uploads\/2026\/09\/nemecko-clanky-termaly-nemecko-49-71f9a6ee-1.jpg\" alt=\"Spreewald Therme (Burg)\" class=\"wp-image-415377\" title=\"\" srcset=\"https:\/\/loudavymkrokem.cz\/wp-content\/uploads\/2026\/09\/nemecko-clanky-termaly-nemecko-49-71f9a6ee-1.jpg 1800w, https:\/\/loudavymkrokem.cz\/wp-content\/uploads\/2026\/09\/nemecko-clanky-termaly-nemecko-49-71f9a6ee-1-300x200.jpg 300w, https:\/\/loudavymkrokem.cz\/wp-content\/uploads\/2026\/09\/nemecko-clanky-termaly-nemecko-49-71f9a6ee-1-700x466.jpg 700w, https:\/\/loudavymkrokem.cz\/wp-content\/uploads\/2026\/09\/nemecko-clanky-termaly-nemecko-49-71f9a6ee-1-768x512.jpg 768w, https:\/\/loudavymkrokem.cz\/wp-content\/uploads\/2026\/09\/nemecko-clanky-termaly-nemecko-49-71f9a6ee-1-1536x1023.jpg 1536w, https:\/\/loudavymkrokem.cz\/wp-content\/uploads\/2026\/09\/nemecko-clanky-termaly-nemecko-49-71f9a6ee-1-696x464.jpg 696w, https:\/\/loudavymkrokem.cz\/wp-content\/uploads\/2026\/09\/nemecko-clanky-termaly-nemecko-49-71f9a6ee-1-1392x927.jpg 1392w\" sizes=\"(max-width: 1800px) 100vw, 1800px\" \/><button\n\t\t\tclass=\"lightbox-trigger\"\n\t\t\ttype=\"button\"\n\t\t\taria-haspopup=\"dialog\"\n\t\t\tdata-wp-bind--aria-label=\"state.thisImage.triggerButtonAriaLabel\"\n\t\t\tdata-wp-init=\"callbacks.initTriggerButton\"\n\t\t\tdata-wp-on--click=\"actions.showLightbox\"\n\t\t\tdata-wp-style--right=\"state.thisImage.buttonRight\"\n\t\t\tdata-wp-style--top=\"state.thisImage.buttonTop\"\n\t\t>\n\t\t\t<svg xmlns=\"http:\/\/www.w3.org\/2000\/svg\" width=\"12\" height=\"12\" fill=\"none\" viewBox=\"0 0 12 12\">\n\t\t\t\t<path fill=\"#fff\" d=\"M2 0a2 2 0 0 0-2 2v2h1.5V2a.5.5 0 0 1 .5-.5h2V0H2Zm2 10.5H2a.5.5 0 0 1-.5-.5V8H0v2a2 2 0 0 0 2 2h2v-1.5ZM8 12v-1.5h2a.5.5 0 0 0 .5-.5V8H12v2a2 2 0 0 1-2 2H8Zm2-12a2 2 0 0 1 2 2v2h-1.5V2a.5.5 0 0 0-.5-.5H8V0h2Z\" \/>\n\t\t\t<\/svg>\n\t\t<\/button><\/figure>\n\n\n\n<h3 class=\"wp-block-heading\"><span class=\"ez-toc-section\" id=\"40_Spreewald_Therme_Burg\"><\/span>40. Spreewald Therme (Burg)<span class=\"ez-toc-section-end\"><\/span><\/h3>\n\n\n\n<p class=\"wp-block-paragraph\">Je\u015bli kierujesz si\u0119 do urokliwego regionu pe\u0142nego kana\u0142\u00f3w wodnych, nie pomi\u0144 <strong>Spreewald Therme<\/strong> w miejscowo\u015bci Burg. Ten kompleks wyr\u00f3\u017cnia si\u0119 przede wszystkim <strong>lecznicz\u0105 termaln\u0105 solank\u0105<\/strong>, kt\u00f3ra w r\u00f3\u017cnych basenach ma st\u0119\u017cenie od 2,5% a\u017c po imponuj\u0105ce 8%. To idealne miejsce dla wszystkich, kt\u00f3rzy chc\u0105 po\u0142\u0105czy\u0107 wycieczki do malowniczej przyrody z trosk\u0105 o swoje zdrowie i drogi oddechowe.<\/p>\n\n\n\n<p class=\"wp-block-paragraph\">W \u015brodku czeka na ciebie kilka basen\u00f3w o r\u00f3\u017cnych temperaturach, wi\u0119c ka\u017cdy znajdzie dok\u0142adnie to, czego szuka. Mo\u017cesz si\u0119 rozgrza\u0107 w basenach o temperaturze <strong>od 34\u00b0C a\u017c do pi\u0119knie ciep\u0142ych 38\u00b0C<\/strong> albo, wr\u0119cz przeciwnie, sch\u0142odzi\u0107 si\u0119 w zimnym basenie, kt\u00f3ry ma zaledwie 18\u00b0C. Je\u015bli lubisz pr\u00f3bowa\u0107 czego\u015b nowego, zainteresuje ci\u0119 miejscowa sauna parowa, gdzie przy temperaturze 47\u00b0C utrzymywana jest stuprocentowa wilgotno\u015b\u0107 powietrza.<\/p>\n\n\n\n<p class=\"wp-block-paragraph\">Wed\u0142ug cennika na rok 2026 podstawowy dwugodzinny bilet do basen\u00f3w wyjdzie 21 \u20ac, podczas gdy <strong>bilet kombinowany z saunami kosztuje 27 \u20ac<\/strong>. W weekendy i \u015bwi\u0119ta licz si\u0119 z dop\u0142at\u0105 2 \u20ac, a mo\u017cesz te\u017c wypo\u017cyczy\u0107 tu szlafrok za 7 \u20ac lub zarezerwowa\u0107 le\u017cank\u0119 za 7,50 \u20ac. <strong>\ud83d\udca1 Wskaz\u00f3wka:<\/strong> Je\u015bli wybierasz si\u0119 podr\u00f3\u017cowa\u0107 lokalnym transportem Cottbusverkehr, zapytaj o specjalny Wellnessticket, kt\u00f3ry dla doros\u0142ego wyjdzie 23 \u20ac, a dla dzieci do dwunastu lat 17 \u20ac.<\/p>\n\n\n\n<figure data-wp-context=\"{&quot;imageId&quot;:&quot;6a9c821d23b07&quot;}\" data-wp-interactive=\"core\/image\" data-wp-key=\"6a9c821d23b07\" class=\"wp-block-image size-full wp-lightbox-container\"><img decoding=\"async\" width=\"1800\" height=\"881\" data-wp-class--hide=\"state.isContentHidden\" data-wp-class--show=\"state.isContentVisible\" data-wp-init=\"callbacks.setButtonStyles\" data-wp-on--click=\"actions.showLightbox\" data-wp-on--load=\"callbacks.setButtonStyles\" data-wp-on--pointerdown=\"actions.preloadImage\" data-wp-on--pointerenter=\"actions.preloadImageWithDelay\" data-wp-on--pointerleave=\"actions.cancelPreload\" data-wp-on-window--resize=\"callbacks.setButtonStyles\" src=\"https:\/\/loudavymkrokem.cz\/wp-content\/uploads\/2026\/09\/nemecko-clanky-termaly-nemecko-50-ecf98ec5-1.jpg\" alt=\"NaturThermeTemplin (Templin): cz\u0119\u015b\u0107 saunowa\" class=\"wp-image-415380\" title=\"\" srcset=\"https:\/\/loudavymkrokem.cz\/wp-content\/uploads\/2026\/09\/nemecko-clanky-termaly-nemecko-50-ecf98ec5-1.jpg 1800w, https:\/\/loudavymkrokem.cz\/wp-content\/uploads\/2026\/09\/nemecko-clanky-termaly-nemecko-50-ecf98ec5-1-300x147.jpg 300w, https:\/\/loudavymkrokem.cz\/wp-content\/uploads\/2026\/09\/nemecko-clanky-termaly-nemecko-50-ecf98ec5-1-700x343.jpg 700w, https:\/\/loudavymkrokem.cz\/wp-content\/uploads\/2026\/09\/nemecko-clanky-termaly-nemecko-50-ecf98ec5-1-768x376.jpg 768w, https:\/\/loudavymkrokem.cz\/wp-content\/uploads\/2026\/09\/nemecko-clanky-termaly-nemecko-50-ecf98ec5-1-1536x752.jpg 1536w, https:\/\/loudavymkrokem.cz\/wp-content\/uploads\/2026\/09\/nemecko-clanky-termaly-nemecko-50-ecf98ec5-1-696x341.jpg 696w, https:\/\/loudavymkrokem.cz\/wp-content\/uploads\/2026\/09\/nemecko-clanky-termaly-nemecko-50-ecf98ec5-1-1392x681.jpg 1392w\" sizes=\"(max-width: 1800px) 100vw, 1800px\" \/><button\n\t\t\tclass=\"lightbox-trigger\"\n\t\t\ttype=\"button\"\n\t\t\taria-haspopup=\"dialog\"\n\t\t\tdata-wp-bind--aria-label=\"state.thisImage.triggerButtonAriaLabel\"\n\t\t\tdata-wp-init=\"callbacks.initTriggerButton\"\n\t\t\tdata-wp-on--click=\"actions.showLightbox\"\n\t\t\tdata-wp-style--right=\"state.thisImage.buttonRight\"\n\t\t\tdata-wp-style--top=\"state.thisImage.buttonTop\"\n\t\t>\n\t\t\t<svg xmlns=\"http:\/\/www.w3.org\/2000\/svg\" width=\"12\" height=\"12\" fill=\"none\" viewBox=\"0 0 12 12\">\n\t\t\t\t<path fill=\"#fff\" d=\"M2 0a2 2 0 0 0-2 2v2h1.5V2a.5.5 0 0 1 .5-.5h2V0H2Zm2 10.5H2a.5.5 0 0 1-.5-.5V8H0v2a2 2 0 0 0 2 2h2v-1.5ZM8 12v-1.5h2a.5.5 0 0 0 .5-.5V8H12v2a2 2 0 0 1-2 2H8Zm2-12a2 2 0 0 1 2 2v2h-1.5V2a.5.5 0 0 0-.5-.5H8V0h2Z\" \/>\n\t\t\t<\/svg>\n\t\t<\/button><\/figure>\n\n\n\n<h3 class=\"wp-block-heading\"><span class=\"ez-toc-section\" id=\"41_NaturThermeTemplin_Templin\"><\/span>41. NaturThermeTemplin (Templin)<span class=\"ez-toc-section-end\"><\/span><\/h3>\n\n\n\n<p class=\"wp-block-paragraph\">W p\u00f3\u0142nocno-wschodniej cz\u0119\u015bci Brandenburgii kusi do wizyty <strong>NaturThermeTemplin<\/strong>, lubiany kompleks termalny i rozrywkowy po\u015brodku las\u00f3w Uckermark. G\u0142\u00f3wnym magnesem jest tutejsza <strong>termalna solanka o st\u0119\u017ceniu 1 do 6%<\/strong>, kt\u00f3ra wyp\u0142ywa g\u0142\u0119boko spod ziemi i osi\u0105ga przyjemne temperatury od 30 do 36\u00b0C. To \u015bwietny wyb\u00f3r dla rodzin i par, bo kompleks \u0142\u0105czy spokojne uzdrowisko z aktywniejszym odpoczynkiem.<\/p>\n\n\n\n<p class=\"wp-block-paragraph\">Woda z miejscowego \u017ar\u00f3d\u0142a spe\u0142nia surowe kryteria oznaczenia leczniczej wody termalnej, bo ju\u017c przy samym wyp\u0142ywie ma temperatur\u0119 wy\u017csz\u0105 ni\u017c 20\u00b0C. Po nast\u0119pnym uzdatnieniu mo\u017cesz wi\u0119c cieszy\u0107 si\u0119 <strong>dobroczynnymi w\u0142a\u015bciwo\u015bciami ciep\u0142ej s\u0142onej wody<\/strong>, kt\u00f3ra pi\u0119knie unosi i rozlu\u017ania zm\u0119czone mi\u0119\u015bnie. W kompleksie da si\u0119 sp\u0119dzi\u0107 spokojnie ca\u0142y dzie\u0144, bo oferuje wystarczaj\u0105co du\u017co przestrzeni do p\u0142ywania, relaksacji i rozgrzania.<\/p>\n\n\n\n<p class=\"wp-block-paragraph\">Cennik na rok 2026 podaje, \u017ce za przej\u015bcie do \u015bwiata saun zap\u0142acisz <strong>jednorazow\u0105 dop\u0142at\u0119 4 \u20ac<\/strong>. Je\u015bli wybierzesz si\u0119 w weekend lub \u015bwi\u0119ta, licz si\u0119 jeszcze z dop\u0142at\u0105 weekendow\u0105 3 \u20ac, kt\u00f3ra dotyczy jednak tylko doros\u0142ych go\u015bci. <strong>\ud83d\udca1 Wskaz\u00f3wka:<\/strong> \u015aled\u017a uwa\u017cnie prognoz\u0119 pogody, bo je\u015bli meteorolodzy zapowiadaj\u0105 25\u00b0C i wi\u0119cej, w termach obowi\u0105zuje korzystniejsza taryfa letnia.<\/p>\n\n\n\n<figure data-wp-context=\"{&quot;imageId&quot;:&quot;6a9c821d23ff5&quot;}\" data-wp-interactive=\"core\/image\" data-wp-key=\"6a9c821d23ff5\" class=\"wp-block-image size-full wp-lightbox-container\"><img decoding=\"async\" width=\"1800\" height=\"900\" data-wp-class--hide=\"state.isContentHidden\" data-wp-class--show=\"state.isContentVisible\" data-wp-init=\"callbacks.setButtonStyles\" data-wp-on--click=\"actions.showLightbox\" data-wp-on--load=\"callbacks.setButtonStyles\" data-wp-on--pointerdown=\"actions.preloadImage\" data-wp-on--pointerenter=\"actions.preloadImageWithDelay\" data-wp-on--pointerleave=\"actions.cancelPreload\" data-wp-on-window--resize=\"callbacks.setButtonStyles\" src=\"https:\/\/loudavymkrokem.cz\/wp-content\/uploads\/2026\/09\/nemecko-clanky-termaly-nemecko-51-a4b55ee4-1.jpg\" alt=\"Cz\u0119\u015b\u0107 saunowa Spreewelten Bad w L\u00fcbbenau\" class=\"wp-image-415385\" title=\"\" srcset=\"https:\/\/loudavymkrokem.cz\/wp-content\/uploads\/2026\/09\/nemecko-clanky-termaly-nemecko-51-a4b55ee4-1.jpg 1800w, https:\/\/loudavymkrokem.cz\/wp-content\/uploads\/2026\/09\/nemecko-clanky-termaly-nemecko-51-a4b55ee4-1-300x150.jpg 300w, https:\/\/loudavymkrokem.cz\/wp-content\/uploads\/2026\/09\/nemecko-clanky-termaly-nemecko-51-a4b55ee4-1-700x350.jpg 700w, https:\/\/loudavymkrokem.cz\/wp-content\/uploads\/2026\/09\/nemecko-clanky-termaly-nemecko-51-a4b55ee4-1-768x384.jpg 768w, https:\/\/loudavymkrokem.cz\/wp-content\/uploads\/2026\/09\/nemecko-clanky-termaly-nemecko-51-a4b55ee4-1-1536x768.jpg 1536w, https:\/\/loudavymkrokem.cz\/wp-content\/uploads\/2026\/09\/nemecko-clanky-termaly-nemecko-51-a4b55ee4-1-696x348.jpg 696w, https:\/\/loudavymkrokem.cz\/wp-content\/uploads\/2026\/09\/nemecko-clanky-termaly-nemecko-51-a4b55ee4-1-1392x696.jpg 1392w\" sizes=\"(max-width: 1800px) 100vw, 1800px\" \/><button\n\t\t\tclass=\"lightbox-trigger\"\n\t\t\ttype=\"button\"\n\t\t\taria-haspopup=\"dialog\"\n\t\t\tdata-wp-bind--aria-label=\"state.thisImage.triggerButtonAriaLabel\"\n\t\t\tdata-wp-init=\"callbacks.initTriggerButton\"\n\t\t\tdata-wp-on--click=\"actions.showLightbox\"\n\t\t\tdata-wp-style--right=\"state.thisImage.buttonRight\"\n\t\t\tdata-wp-style--top=\"state.thisImage.buttonTop\"\n\t\t>\n\t\t\t<svg xmlns=\"http:\/\/www.w3.org\/2000\/svg\" width=\"12\" height=\"12\" fill=\"none\" viewBox=\"0 0 12 12\">\n\t\t\t\t<path fill=\"#fff\" d=\"M2 0a2 2 0 0 0-2 2v2h1.5V2a.5.5 0 0 1 .5-.5h2V0H2Zm2 10.5H2a.5.5 0 0 1-.5-.5V8H0v2a2 2 0 0 0 2 2h2v-1.5ZM8 12v-1.5h2a.5.5 0 0 0 .5-.5V8H12v2a2 2 0 0 1-2 2H8Zm2-12a2 2 0 0 1 2 2v2h-1.5V2a.5.5 0 0 0-.5-.5H8V0h2Z\" \/>\n\t\t\t<\/svg>\n\t\t<\/button><\/figure>\n\n\n\n<h3 class=\"wp-block-heading\"><span class=\"ez-toc-section\" id=\"42_Spreewelten_Bad_Lubbenau_Lubbenau\"><\/span>42. Spreewelten Bad L\u00fcbbenau (L\u00fcbbenau)<span class=\"ez-toc-section-end\"><\/span><\/h3>\n\n\n\n<p class=\"wp-block-paragraph\">To najbardziej oryginalne termy w ca\u0142ym zestawieniu, bo sami operatorzy m\u00f3wi\u0105 o sobie: <strong>\u201ejeste\u015bmy ci z pingwinami&#8221;<\/strong>. W kompleksie w L\u00fcbbenau basen s\u0105siaduje bowiem z wybiegiem pingwin\u00f3w, kt\u00f3re oddzielaj\u0105 jedynie szklane \u015bciany, wi\u0119c podczas p\u0142ywania masz te ptaki na wyci\u0105gni\u0119cie r\u0119ki. Dla rodzin z dzie\u0107mi to prze\u017cycie, kt\u00f3rego w Niemczech nigdzie indziej nie da si\u0119 powt\u00f3rzy\u0107.<\/p>\n\n\n\n<p class=\"wp-block-paragraph\">Wok\u00f3\u0142 pingwin\u00f3w zbudowany jest ca\u0142y program: odbywa si\u0119 <strong>komentowane karmienie oraz zwiedzanie VIP wybiegu<\/strong>, a mniejsze dzieci maj\u0105 sw\u00f3j Pingu Kids Club. Opr\u00f3cz basenu z atrakcjami i zje\u017cd\u017calni dzia\u0142a tu jednak te\u017c pe\u0142noprawny \u015bwiat saun z bardzo szerok\u0105 skal\u0105 temperatur, wi\u0119c doro\u015bli nie zostan\u0105 pomini\u0119ci. Cz\u0119\u015bci\u0105 kompleksu jest te\u017c w\u0142asny hotel z wellness, je\u015bli chcesz zosta\u0107 na noc.<\/p>\n\n\n\n<p class=\"wp-block-paragraph\">Wybiera\u0107 mo\u017cesz od \u0142agodnych saun z <strong>40 do 50\u00b0C<\/strong>, przez \u015brednio ciep\u0142e sauny z 60, 70 i 80\u00b0C, a\u017c po prawdziwe piek\u0142a z 85 i <strong>95\u00b0C<\/strong>. Do \u015bwiata saun dzieci mog\u0105 dopiero od 7 lat, a ich ca\u0142odzienny wst\u0119p jest p\u0142atny 8 euro. <strong>\ud83d\udca1 Wskaz\u00f3wka:<\/strong> Je\u015bli chcesz zobaczy\u0107 pingwiny aktywne, zaplanuj wizyt\u0119 na czas karmienia, kt\u00f3ry operator wypisuje na swojej stronie.<\/p>\n\n\n\n<figure data-wp-context=\"{&quot;imageId&quot;:&quot;6a9c821d24516&quot;}\" data-wp-interactive=\"core\/image\" data-wp-key=\"6a9c821d24516\" class=\"wp-block-image size-full wp-lightbox-container\"><img decoding=\"async\" width=\"1800\" height=\"852\" data-wp-class--hide=\"state.isContentHidden\" data-wp-class--show=\"state.isContentVisible\" data-wp-init=\"callbacks.setButtonStyles\" data-wp-on--click=\"actions.showLightbox\" data-wp-on--load=\"callbacks.setButtonStyles\" data-wp-on--pointerdown=\"actions.preloadImage\" data-wp-on--pointerenter=\"actions.preloadImageWithDelay\" data-wp-on--pointerleave=\"actions.cancelPreload\" data-wp-on-window--resize=\"callbacks.setButtonStyles\" src=\"https:\/\/loudavymkrokem.cz\/wp-content\/uploads\/2026\/09\/nemecko-clanky-termaly-nemecko-52-6414cd66.jpg\" alt=\"Zewn\u0119trzne s\u0142one jezioro Kristalltherme w Bad Wilsnack\" class=\"wp-image-415515\" title=\"\" srcset=\"https:\/\/loudavymkrokem.cz\/wp-content\/uploads\/2026\/09\/nemecko-clanky-termaly-nemecko-52-6414cd66.jpg 1800w, https:\/\/loudavymkrokem.cz\/wp-content\/uploads\/2026\/09\/nemecko-clanky-termaly-nemecko-52-6414cd66-300x142.jpg 300w, https:\/\/loudavymkrokem.cz\/wp-content\/uploads\/2026\/09\/nemecko-clanky-termaly-nemecko-52-6414cd66-700x331.jpg 700w, https:\/\/loudavymkrokem.cz\/wp-content\/uploads\/2026\/09\/nemecko-clanky-termaly-nemecko-52-6414cd66-768x364.jpg 768w, https:\/\/loudavymkrokem.cz\/wp-content\/uploads\/2026\/09\/nemecko-clanky-termaly-nemecko-52-6414cd66-1536x727.jpg 1536w, https:\/\/loudavymkrokem.cz\/wp-content\/uploads\/2026\/09\/nemecko-clanky-termaly-nemecko-52-6414cd66-696x329.jpg 696w, https:\/\/loudavymkrokem.cz\/wp-content\/uploads\/2026\/09\/nemecko-clanky-termaly-nemecko-52-6414cd66-1392x659.jpg 1392w\" sizes=\"(max-width: 1800px) 100vw, 1800px\" \/><button\n\t\t\tclass=\"lightbox-trigger\"\n\t\t\ttype=\"button\"\n\t\t\taria-haspopup=\"dialog\"\n\t\t\tdata-wp-bind--aria-label=\"state.thisImage.triggerButtonAriaLabel\"\n\t\t\tdata-wp-init=\"callbacks.initTriggerButton\"\n\t\t\tdata-wp-on--click=\"actions.showLightbox\"\n\t\t\tdata-wp-style--right=\"state.thisImage.buttonRight\"\n\t\t\tdata-wp-style--top=\"state.thisImage.buttonTop\"\n\t\t>\n\t\t\t<svg xmlns=\"http:\/\/www.w3.org\/2000\/svg\" width=\"12\" height=\"12\" fill=\"none\" viewBox=\"0 0 12 12\">\n\t\t\t\t<path fill=\"#fff\" d=\"M2 0a2 2 0 0 0-2 2v2h1.5V2a.5.5 0 0 1 .5-.5h2V0H2Zm2 10.5H2a.5.5 0 0 1-.5-.5V8H0v2a2 2 0 0 0 2 2h2v-1.5ZM8 12v-1.5h2a.5.5 0 0 0 .5-.5V8H12v2a2 2 0 0 1-2 2H8Zm2-12a2 2 0 0 1 2 2v2h-1.5V2a.5.5 0 0 0-.5-.5H8V0h2Z\" \/>\n\t\t\t<\/svg>\n\t\t<\/button><\/figure>\n\n\n\n<h3 class=\"wp-block-heading\"><span class=\"ez-toc-section\" id=\"43_Kristalltherme_Bad_Wilsnack_Bad_Wilsnack\"><\/span>43. Kristalltherme Bad Wilsnack (Bad Wilsnack)<span class=\"ez-toc-section-end\"><\/span><\/h3>\n\n\n\n<p class=\"wp-block-paragraph\">Ogromny kompleks o powierzchni prawie 12 000 m\u00b2 oferuje s\u0142ynna <strong>Kristalltherme Bad Wilsnack<\/strong>. Jej absolutn\u0105 dum\u0105 jest w\u0142asne \u017ar\u00f3d\u0142o termalne, kt\u00f3re wydobywa si\u0119 z imponuj\u0105cej g\u0142\u0119boko\u015bci 1018 metr\u00f3w i na powierzchni\u0119 wyp\u0142ywa o temperaturze 39\u00b0C. <strong>Woda zawiera du\u017c\u0105 ilo\u015b\u0107 \u017celaza i jodu<\/strong>, a dzi\u0119ki st\u0119\u017ceniu soli od 1,5% a\u017c do 24% dos\u0142ownie k\u0105piesz si\u0119 tu w zdrowiu.<\/p>\n\n\n\n<p class=\"wp-block-paragraph\">Znajdziesz tu basen z 24% st\u0119\u017ceniem soli i temperatur\u0105 32\u00b0C, w kt\u00f3rym b\u0119dziesz si\u0119 unosi\u0107 jak w Morzu Martwym. Pozosta\u0142e baseny z lecznicz\u0105 wod\u0105 maj\u0105 zwykle przyjemne 34 do 36\u00b0C, a minera\u0142y w nich dzia\u0142aj\u0105 jak <strong>naturalny peeling do zmi\u0119kczenia sk\u00f3ry<\/strong>. W wodzie o 34\u00b0C z ni\u017csz\u0105 zawarto\u015bci\u0105 soli odbywaj\u0105 si\u0119 nawet regularne \u0107wiczenia pod okiem do\u015bwiadczonych trener\u00f3w.<\/p>\n\n\n\n<p class=\"wp-block-paragraph\">Ogrza\u0107 si\u0119 mo\u017cesz w sumie w 8 saunach tematycznych o temperaturach od 70 do 100\u00b0C, z czego trzy s\u0105 w \u015brodku, a pi\u0119\u0107 na zewn\u0105trz. Wed\u0142ug cennika na rok 2026 zap\u0142acisz za <strong>dop\u0142at\u0119 saunow\u0105 do biletu ca\u0142odziennego 5,50 \u20ac<\/strong>, przy czym dzieci do 6 lat dop\u0142acaj\u0105 4,50 \u20ac. <strong>\ud83d\udca1 Wskaz\u00f3wka:<\/strong> Je\u015bli nie chcesz wozi\u0107 pe\u0142nej torby prania, mo\u017cesz na miejscu wypo\u017cyczy\u0107 r\u0119cznik za 5 \u20ac lub szlafrok za 7 \u20ac, tylko przygotuj sobie dodatkowo 15 \u20ac na zwrotn\u0105 kaucj\u0119.<\/p>\n\n\n\n<figure data-wp-context=\"{&quot;imageId&quot;:&quot;6a9c821d24baf&quot;}\" data-wp-interactive=\"core\/image\" data-wp-key=\"6a9c821d24baf\" class=\"wp-block-image size-full wp-lightbox-container\"><img decoding=\"async\" width=\"1800\" height=\"1199\" data-wp-class--hide=\"state.isContentHidden\" data-wp-class--show=\"state.isContentVisible\" data-wp-init=\"callbacks.setButtonStyles\" data-wp-on--click=\"actions.showLightbox\" data-wp-on--load=\"callbacks.setButtonStyles\" data-wp-on--pointerdown=\"actions.preloadImage\" data-wp-on--pointerenter=\"actions.preloadImageWithDelay\" data-wp-on--pointerleave=\"actions.cancelPreload\" data-wp-on-window--resize=\"callbacks.setButtonStyles\" src=\"https:\/\/loudavymkrokem.cz\/wp-content\/uploads\/2026\/09\/nemecko-clanky-termaly-nemecko-53-7b17d971-1.jpg\" alt=\"vabali spa Berlin (Berlin)\" class=\"wp-image-415394\" title=\"\" srcset=\"https:\/\/loudavymkrokem.cz\/wp-content\/uploads\/2026\/09\/nemecko-clanky-termaly-nemecko-53-7b17d971-1.jpg 1800w, https:\/\/loudavymkrokem.cz\/wp-content\/uploads\/2026\/09\/nemecko-clanky-termaly-nemecko-53-7b17d971-1-300x200.jpg 300w, https:\/\/loudavymkrokem.cz\/wp-content\/uploads\/2026\/09\/nemecko-clanky-termaly-nemecko-53-7b17d971-1-700x466.jpg 700w, https:\/\/loudavymkrokem.cz\/wp-content\/uploads\/2026\/09\/nemecko-clanky-termaly-nemecko-53-7b17d971-1-768x512.jpg 768w, https:\/\/loudavymkrokem.cz\/wp-content\/uploads\/2026\/09\/nemecko-clanky-termaly-nemecko-53-7b17d971-1-1536x1023.jpg 1536w, https:\/\/loudavymkrokem.cz\/wp-content\/uploads\/2026\/09\/nemecko-clanky-termaly-nemecko-53-7b17d971-1-696x464.jpg 696w, https:\/\/loudavymkrokem.cz\/wp-content\/uploads\/2026\/09\/nemecko-clanky-termaly-nemecko-53-7b17d971-1-1392x927.jpg 1392w\" sizes=\"(max-width: 1800px) 100vw, 1800px\" \/><button\n\t\t\tclass=\"lightbox-trigger\"\n\t\t\ttype=\"button\"\n\t\t\taria-haspopup=\"dialog\"\n\t\t\tdata-wp-bind--aria-label=\"state.thisImage.triggerButtonAriaLabel\"\n\t\t\tdata-wp-init=\"callbacks.initTriggerButton\"\n\t\t\tdata-wp-on--click=\"actions.showLightbox\"\n\t\t\tdata-wp-style--right=\"state.thisImage.buttonRight\"\n\t\t\tdata-wp-style--top=\"state.thisImage.buttonTop\"\n\t\t>\n\t\t\t<svg xmlns=\"http:\/\/www.w3.org\/2000\/svg\" width=\"12\" height=\"12\" fill=\"none\" viewBox=\"0 0 12 12\">\n\t\t\t\t<path fill=\"#fff\" d=\"M2 0a2 2 0 0 0-2 2v2h1.5V2a.5.5 0 0 1 .5-.5h2V0H2Zm2 10.5H2a.5.5 0 0 1-.5-.5V8H0v2a2 2 0 0 0 2 2h2v-1.5ZM8 12v-1.5h2a.5.5 0 0 0 .5-.5V8H12v2a2 2 0 0 1-2 2H8Zm2-12a2 2 0 0 1 2 2v2h-1.5V2a.5.5 0 0 0-.5-.5H8V0h2Z\" \/>\n\t\t\t<\/svg>\n\t\t<\/button><\/figure>\n\n\n\n<h3 class=\"wp-block-heading\"><span class=\"ez-toc-section\" id=\"44_vabali_spa_Berlin_Berlin\"><\/span>44. vabali spa Berlin (Berlin)<span class=\"ez-toc-section-end\"><\/span><\/h3>\n\n\n\n<p class=\"wp-block-paragraph\">Je\u015bli szukasz ucieczki przed zgie\u0142kiem wielkiego miasta, skieruj si\u0119 do <strong>vabali spa Berlin<\/strong>, kt\u00f3re le\u017cy bezpo\u015brednio w sercu niemieckiej metropolii. Ten unikatowy kompleks jest pomy\u015blany jako <strong>autentyczna balijska oaza wellness<\/strong>, gdzie otocz\u0105 ci\u0119 tradycyjne drewniane budowle, rze\u017aby i materia\u0142y sprowadzone bezpo\u015brednio z Indonezji. Tutejsze otoczenie jest nastawione wy\u0142\u0105cznie na spok\u00f3j i doros\u0142ych go\u015bci, wi\u0119c zapomnij o zje\u017cd\u017calniach i dzieci\u0119cym krzyku.<\/p>\n\n\n\n<p class=\"wp-block-paragraph\">Kompleks oferuje <strong>13 saun i \u0142a\u017ani parowych<\/strong>, kt\u00f3re uzupe\u0142niaj\u0105 4 orze\u017awiaj\u0105ce baseny. Wyb\u00f3r jest r\u00f3\u017cnorodny i zadowoli ka\u017cdego saunowicza. Mo\u017cesz wypr\u00f3bowa\u0107 panoramiczn\u0105 saun\u0119 Pandangan czy medytacyjn\u0105 Jiwa z przyjemnymi 70\u00b0C, ewentualnie brzozow\u0105 saun\u0119 Kayu. Dla mi\u0142o\u015bnik\u00f3w wy\u017cszych temperatur przygotowano sauny aufgussowe Awan, Di Luar lub Di Dalam, gdzie termometr pokazuje oko\u0142o 80\u00b0C.<\/p>\n\n\n\n<p class=\"wp-block-paragraph\">Do delikatniejszego rozgrzania pos\u0142u\u017cy natomiast sauna zio\u0142owa Bali Boreh z 70\u00b0C lub \u0142agodne laconium rozgrzane do 45\u00b0C. Wed\u0142ug cennika na rok 2026 <strong>czterogodzinny wst\u0119p wyjdzie w dni robocze 36,50 \u20ac<\/strong>, podczas gdy w weekendy i \u015bwi\u0119ta dop\u0142acisz do 39,50 \u20ac. <strong>\ud83d\udca1 Wskaz\u00f3wka:<\/strong> Ten lubiany berli\u0144ski kompleks bywa w weekendy bardzo pe\u0142ny, dlatego wybierz si\u0119 tu najlepiej z samego rana lub w dni powszednie, kiedy balijsk\u0105 atmosfer\u0119 sp\u0119dzisz w znacznie wi\u0119kszym spokoju.<\/p>\n\n\n\n<figure data-wp-context=\"{&quot;imageId&quot;:&quot;6a9c821d250ee&quot;}\" data-wp-interactive=\"core\/image\" data-wp-key=\"6a9c821d250ee\" class=\"wp-block-image size-full wp-lightbox-container\"><img decoding=\"async\" width=\"1800\" height=\"1348\" data-wp-class--hide=\"state.isContentHidden\" data-wp-class--show=\"state.isContentVisible\" data-wp-init=\"callbacks.setButtonStyles\" data-wp-on--click=\"actions.showLightbox\" data-wp-on--load=\"callbacks.setButtonStyles\" data-wp-on--pointerdown=\"actions.preloadImage\" data-wp-on--pointerenter=\"actions.preloadImageWithDelay\" data-wp-on--pointerleave=\"actions.cancelPreload\" data-wp-on-window--resize=\"callbacks.setButtonStyles\" src=\"https:\/\/loudavymkrokem.cz\/wp-content\/uploads\/2026\/09\/nemecko-clanky-termaly-nemecko-54-eb39270c-1.jpg\" alt=\"Budynek Ostsee-Therme w Scharbeutz nad Morzem Ba\u0142tyckim\" class=\"wp-image-415398\" title=\"\" srcset=\"https:\/\/loudavymkrokem.cz\/wp-content\/uploads\/2026\/09\/nemecko-clanky-termaly-nemecko-54-eb39270c-1.jpg 1800w, https:\/\/loudavymkrokem.cz\/wp-content\/uploads\/2026\/09\/nemecko-clanky-termaly-nemecko-54-eb39270c-1-300x225.jpg 300w, https:\/\/loudavymkrokem.cz\/wp-content\/uploads\/2026\/09\/nemecko-clanky-termaly-nemecko-54-eb39270c-1-700x524.jpg 700w, https:\/\/loudavymkrokem.cz\/wp-content\/uploads\/2026\/09\/nemecko-clanky-termaly-nemecko-54-eb39270c-1-768x575.jpg 768w, https:\/\/loudavymkrokem.cz\/wp-content\/uploads\/2026\/09\/nemecko-clanky-termaly-nemecko-54-eb39270c-1-1536x1150.jpg 1536w, https:\/\/loudavymkrokem.cz\/wp-content\/uploads\/2026\/09\/nemecko-clanky-termaly-nemecko-54-eb39270c-1-80x60.jpg 80w, https:\/\/loudavymkrokem.cz\/wp-content\/uploads\/2026\/09\/nemecko-clanky-termaly-nemecko-54-eb39270c-1-160x120.jpg 160w, https:\/\/loudavymkrokem.cz\/wp-content\/uploads\/2026\/09\/nemecko-clanky-termaly-nemecko-54-eb39270c-1-696x521.jpg 696w, https:\/\/loudavymkrokem.cz\/wp-content\/uploads\/2026\/09\/nemecko-clanky-termaly-nemecko-54-eb39270c-1-1392x1042.jpg 1392w\" sizes=\"(max-width: 1800px) 100vw, 1800px\" \/><button\n\t\t\tclass=\"lightbox-trigger\"\n\t\t\ttype=\"button\"\n\t\t\taria-haspopup=\"dialog\"\n\t\t\tdata-wp-bind--aria-label=\"state.thisImage.triggerButtonAriaLabel\"\n\t\t\tdata-wp-init=\"callbacks.initTriggerButton\"\n\t\t\tdata-wp-on--click=\"actions.showLightbox\"\n\t\t\tdata-wp-style--right=\"state.thisImage.buttonRight\"\n\t\t\tdata-wp-style--top=\"state.thisImage.buttonTop\"\n\t\t>\n\t\t\t<svg xmlns=\"http:\/\/www.w3.org\/2000\/svg\" width=\"12\" height=\"12\" fill=\"none\" viewBox=\"0 0 12 12\">\n\t\t\t\t<path fill=\"#fff\" d=\"M2 0a2 2 0 0 0-2 2v2h1.5V2a.5.5 0 0 1 .5-.5h2V0H2Zm2 10.5H2a.5.5 0 0 1-.5-.5V8H0v2a2 2 0 0 0 2 2h2v-1.5ZM8 12v-1.5h2a.5.5 0 0 0 .5-.5V8H12v2a2 2 0 0 1-2 2H8Zm2-12a2 2 0 0 1 2 2v2h-1.5V2a.5.5 0 0 0-.5-.5H8V0h2Z\" \/>\n\t\t\t<\/svg>\n\t\t<\/button><figcaption class=\"wp-element-caption\">Foto: qwesy qwesy \/ Wikimedia Commons, CC BY 3.0<\/figcaption><\/figure>\n\n\n\n<h2 class=\"wp-block-heading\"><span class=\"ez-toc-section\" id=\"Termy_na_polnocy_Morze_Baltyckie_i_Polnocne\"><\/span>Termy na p\u00f3\u0142nocy: Morze Ba\u0142tyckie i P\u00f3\u0142nocne<span class=\"ez-toc-section-end\"><\/span><\/h2>\n\n\n\n<p class=\"wp-block-paragraph\">P\u00f3\u0142nocne Niemcy oferuj\u0105 zupe\u0142nie inne doznanie uzdrowiskowe ni\u017c to, do jakiego przywykli\u015bmy z po\u0142udnia. <strong>Termy nadmorskie<\/strong> czerpi\u0105 tu ze swojego \u015bwietnego po\u0142o\u017cenia, a zamiast klasycznej wody mineralnej cz\u0119sto znajdziesz w nich lecznicz\u0105 solank\u0119 lub <strong>rzadk\u0105 s\u00f3l jodow\u0105<\/strong>. Widoki z basen\u00f3w w dodatku niejednokrotnie kieruj\u0105 si\u0119 bezpo\u015brednio na niesko\u0144czon\u0105 tafl\u0119 morza lub piaszczyste wydmy, co jest idyll\u0105, je\u015bli uwielbiasz zapach oceanu i \u015bwie\u017ce nordyckie powietrze.<\/p>\n\n\n\n<p class=\"wp-block-paragraph\">Te obiekty \u015bwietnie nadaj\u0105 si\u0119 do uzupe\u0142nienia twoich <strong>letnich wakacji nad Ba\u0142tykiem<\/strong> lub jako ratunek podczas deszczowego weekendu w popularnym kurorcie St. Peter-Ording. Niezale\u017cnie od tego, czy wybierzesz si\u0119 z rodzin\u0105, czy szukasz spokojnej ucieczki wellness we dwoje, p\u00f3\u0142nocnoniemieckie uzdrowiska zachwyc\u0105 ci\u0119 swoj\u0105 swobodn\u0105 atmosfer\u0105. Z Polski to wprawdzie d\u0142u\u017csza droga, ale to <strong>prze\u017cycie zdecydowanie warte zachodu<\/strong>.<\/p>\n\n\n\n<figure data-wp-context=\"{&quot;imageId&quot;:&quot;6a9c821d2558b&quot;}\" data-wp-interactive=\"core\/image\" data-wp-key=\"6a9c821d2558b\" class=\"wp-block-image size-full wp-lightbox-container\"><img decoding=\"async\" width=\"1800\" height=\"2400\" data-wp-class--hide=\"state.isContentHidden\" data-wp-class--show=\"state.isContentVisible\" data-wp-init=\"callbacks.setButtonStyles\" data-wp-on--click=\"actions.showLightbox\" data-wp-on--load=\"callbacks.setButtonStyles\" data-wp-on--pointerdown=\"actions.preloadImage\" data-wp-on--pointerenter=\"actions.preloadImageWithDelay\" data-wp-on--pointerleave=\"actions.cancelPreload\" data-wp-on-window--resize=\"callbacks.setButtonStyles\" src=\"https:\/\/loudavymkrokem.cz\/wp-content\/uploads\/2026\/09\/nemecko-clanky-termaly-nemecko-55-47c15516-1.jpg\" alt=\"Ostsee-Therme (Scharbeutz): wie\u017ca term\" class=\"wp-image-415401\" title=\"\" srcset=\"https:\/\/loudavymkrokem.cz\/wp-content\/uploads\/2026\/09\/nemecko-clanky-termaly-nemecko-55-47c15516-1.jpg 1800w, https:\/\/loudavymkrokem.cz\/wp-content\/uploads\/2026\/09\/nemecko-clanky-termaly-nemecko-55-47c15516-1-225x300.jpg 225w, https:\/\/loudavymkrokem.cz\/wp-content\/uploads\/2026\/09\/nemecko-clanky-termaly-nemecko-55-47c15516-1-700x933.jpg 700w, https:\/\/loudavymkrokem.cz\/wp-content\/uploads\/2026\/09\/nemecko-clanky-termaly-nemecko-55-47c15516-1-768x1024.jpg 768w, https:\/\/loudavymkrokem.cz\/wp-content\/uploads\/2026\/09\/nemecko-clanky-termaly-nemecko-55-47c15516-1-1152x1536.jpg 1152w, https:\/\/loudavymkrokem.cz\/wp-content\/uploads\/2026\/09\/nemecko-clanky-termaly-nemecko-55-47c15516-1-1536x2048.jpg 1536w, https:\/\/loudavymkrokem.cz\/wp-content\/uploads\/2026\/09\/nemecko-clanky-termaly-nemecko-55-47c15516-1-696x928.jpg 696w, https:\/\/loudavymkrokem.cz\/wp-content\/uploads\/2026\/09\/nemecko-clanky-termaly-nemecko-55-47c15516-1-1392x1856.jpg 1392w\" sizes=\"(max-width: 1800px) 100vw, 1800px\" \/><button\n\t\t\tclass=\"lightbox-trigger\"\n\t\t\ttype=\"button\"\n\t\t\taria-haspopup=\"dialog\"\n\t\t\tdata-wp-bind--aria-label=\"state.thisImage.triggerButtonAriaLabel\"\n\t\t\tdata-wp-init=\"callbacks.initTriggerButton\"\n\t\t\tdata-wp-on--click=\"actions.showLightbox\"\n\t\t\tdata-wp-style--right=\"state.thisImage.buttonRight\"\n\t\t\tdata-wp-style--top=\"state.thisImage.buttonTop\"\n\t\t>\n\t\t\t<svg xmlns=\"http:\/\/www.w3.org\/2000\/svg\" width=\"12\" height=\"12\" fill=\"none\" viewBox=\"0 0 12 12\">\n\t\t\t\t<path fill=\"#fff\" d=\"M2 0a2 2 0 0 0-2 2v2h1.5V2a.5.5 0 0 1 .5-.5h2V0H2Zm2 10.5H2a.5.5 0 0 1-.5-.5V8H0v2a2 2 0 0 0 2 2h2v-1.5ZM8 12v-1.5h2a.5.5 0 0 0 .5-.5V8H12v2a2 2 0 0 1-2 2H8Zm2-12a2 2 0 0 1 2 2v2h-1.5V2a.5.5 0 0 0-.5-.5H8V0h2Z\" \/>\n\t\t\t<\/svg>\n\t\t<\/button><figcaption class=\"wp-element-caption\">Foto: Gerd Fahrenhorst \/ Wikimedia Commons, CC BY 4.0<\/figcaption><\/figure>\n\n\n\n<h3 class=\"wp-block-heading\"><span class=\"ez-toc-section\" id=\"45_Ostsee-Therme_Scharbeutz\"><\/span>45. Ostsee-Therme (Scharbeutz)<span class=\"ez-toc-section-end\"><\/span><\/h3>\n\n\n\n<p class=\"wp-block-paragraph\">Ten okaza\u0142y kompleks w lubianym kurorcie Scharbeutz natychmiast oszo\u0142omi ci\u0119 swoj\u0105 rozleg\u0142\u0105 <strong>stref\u0105 wellness o powierzchni 4000 m\u00b2<\/strong>. Je\u015bli szukasz odpoczynku z bezpo\u015brednim dost\u0119pem na piaszczyst\u0105 pla\u017c\u0119, to miejsce po prostu pokochasz. To idealny wyb\u00f3r dla mi\u0142o\u015bnik\u00f3w sauny, kt\u00f3rzy chc\u0105 po rozgrzaniu cia\u0142a wbiec prosto w ch\u0142odne fale morza.<\/p>\n\n\n\n<p class=\"wp-block-paragraph\">W cz\u0119\u015bci basenowej zwanej Ostsee-Lagune pi\u0119knie odpoczniesz w <strong>wodzie rozgrzanej do 33\u00b0C<\/strong>, kt\u00f3r\u0105 w dodatku uzupe\u0142niaj\u0105 efektowne efekty \u015bwietlne i le\u017canki do masa\u017cu. Dla jeszcze wi\u0119kszej relaksacji przygotowano jacuzzi o temperaturze 35\u00b0C oraz <strong>wielkie baseny zewn\u0119trzne z 30\u00b0C<\/strong>, obok kt\u00f3rych rozci\u0105ga si\u0119 \u0142\u0105ka do opalania. \u015awiat saun to natomiast osobny rozdzia\u0142. Znajdziesz tu wszystko od \u0142agodnej sauny Salzstein czy Frische Brise o 60\u00b0C, przez saun\u0119 Wald o 80\u00b0C, a\u017c po <strong>ekstremaln\u0105 saun\u0119 Arctic o 110\u00b0C<\/strong>.<\/p>\n\n\n\n<p class=\"wp-block-paragraph\">Ciekawostk\u0105 jest wielka arena Ostsee o 85\u00b0C do ceremonii saunowych czy <strong>tekstylna sauna o temperaturze 70\u00b0C<\/strong> w Breeze Spa, dok\u0105d mo\u017cesz si\u0119 wybra\u0107 bezpo\u015brednio w stroju k\u0105pielowym. Wst\u0119p r\u00f3\u017cni si\u0119 tu wed\u0142ug strefy i d\u0142ugo\u015bci pobytu, wi\u0119c aktualny cennik na rok 2026 sprawd\u017a bezpo\u015brednio na stronie term. Kompleks nadaje si\u0119 zar\u00f3wno dla par, jak i dla rodzin szukaj\u0105cych r\u00f3\u017cnorodnej rozrywki wodnej. <strong>\ud83d\udca1 Wskaz\u00f3wka:<\/strong> Dla mi\u0142o\u015bnik\u00f3w drewna i zi\u00f3\u0142 polecam nie pomija\u0107 specjalnej sauny z pachn\u0105cej sosny alpejskiej zwanej Zirbenholzsauna.<\/p>\n\n\n\n<figure data-wp-context=\"{&quot;imageId&quot;:&quot;6a9c821d25cac&quot;}\" data-wp-interactive=\"core\/image\" data-wp-key=\"6a9c821d25cac\" class=\"wp-block-image size-full wp-lightbox-container\"><img decoding=\"async\" width=\"1800\" height=\"1012\" data-wp-class--hide=\"state.isContentHidden\" data-wp-class--show=\"state.isContentVisible\" data-wp-init=\"callbacks.setButtonStyles\" data-wp-on--click=\"actions.showLightbox\" data-wp-on--load=\"callbacks.setButtonStyles\" data-wp-on--pointerdown=\"actions.preloadImage\" data-wp-on--pointerenter=\"actions.preloadImageWithDelay\" data-wp-on--pointerleave=\"actions.cancelPreload\" data-wp-on-window--resize=\"callbacks.setButtonStyles\" src=\"https:\/\/loudavymkrokem.cz\/wp-content\/uploads\/2026\/09\/nemecko-clanky-termaly-nemecko-56-30ed6a22-1.jpg\" alt=\"D\u00fcnen-Therme (St. Peter-Ording)\" class=\"wp-image-415406\" title=\"\" srcset=\"https:\/\/loudavymkrokem.cz\/wp-content\/uploads\/2026\/09\/nemecko-clanky-termaly-nemecko-56-30ed6a22-1.jpg 1800w, https:\/\/loudavymkrokem.cz\/wp-content\/uploads\/2026\/09\/nemecko-clanky-termaly-nemecko-56-30ed6a22-1-300x169.jpg 300w, https:\/\/loudavymkrokem.cz\/wp-content\/uploads\/2026\/09\/nemecko-clanky-termaly-nemecko-56-30ed6a22-1-700x394.jpg 700w, https:\/\/loudavymkrokem.cz\/wp-content\/uploads\/2026\/09\/nemecko-clanky-termaly-nemecko-56-30ed6a22-1-768x432.jpg 768w, https:\/\/loudavymkrokem.cz\/wp-content\/uploads\/2026\/09\/nemecko-clanky-termaly-nemecko-56-30ed6a22-1-1536x864.jpg 1536w, https:\/\/loudavymkrokem.cz\/wp-content\/uploads\/2026\/09\/nemecko-clanky-termaly-nemecko-56-30ed6a22-1-696x391.jpg 696w, https:\/\/loudavymkrokem.cz\/wp-content\/uploads\/2026\/09\/nemecko-clanky-termaly-nemecko-56-30ed6a22-1-1392x783.jpg 1392w\" sizes=\"(max-width: 1800px) 100vw, 1800px\" \/><button\n\t\t\tclass=\"lightbox-trigger\"\n\t\t\ttype=\"button\"\n\t\t\taria-haspopup=\"dialog\"\n\t\t\tdata-wp-bind--aria-label=\"state.thisImage.triggerButtonAriaLabel\"\n\t\t\tdata-wp-init=\"callbacks.initTriggerButton\"\n\t\t\tdata-wp-on--click=\"actions.showLightbox\"\n\t\t\tdata-wp-style--right=\"state.thisImage.buttonRight\"\n\t\t\tdata-wp-style--top=\"state.thisImage.buttonTop\"\n\t\t>\n\t\t\t<svg xmlns=\"http:\/\/www.w3.org\/2000\/svg\" width=\"12\" height=\"12\" fill=\"none\" viewBox=\"0 0 12 12\">\n\t\t\t\t<path fill=\"#fff\" d=\"M2 0a2 2 0 0 0-2 2v2h1.5V2a.5.5 0 0 1 .5-.5h2V0H2Zm2 10.5H2a.5.5 0 0 1-.5-.5V8H0v2a2 2 0 0 0 2 2h2v-1.5ZM8 12v-1.5h2a.5.5 0 0 0 .5-.5V8H12v2a2 2 0 0 1-2 2H8Zm2-12a2 2 0 0 1 2 2v2h-1.5V2a.5.5 0 0 0-.5-.5H8V0h2Z\" \/>\n\t\t\t<\/svg>\n\t\t<\/button><\/figure>\n\n\n\n<h3 class=\"wp-block-heading\"><span class=\"ez-toc-section\" id=\"46_Dunen-Therme_St_Peter-Ording\"><\/span>46. D\u00fcnen-Therme (St. Peter-Ording)<span class=\"ez-toc-section-end\"><\/span><\/h3>\n\n\n\n<p class=\"wp-block-paragraph\">W malowniczym miasteczku St. Peter-Ording odkryjesz unikatowe uzdrowisko, gdzie <strong>k\u0105piesz si\u0119 w oczyszczonej wodzie prosto z Morza P\u00f3\u0142nocnego<\/strong>. To prze\u017cycie jest wyj\u0105tkowe i dodaje ca\u0142emu kompleksowi nadmorskiej energii. Rozleg\u0142a tafla wodna <strong>przekracza tu 1000 m\u00b2<\/strong>, wi\u0119c b\u0119dziesz mie\u0107 mn\u00f3stwo przestrzeni na p\u0142ywanie i zas\u0142u\u017cony odpoczynek po ci\u0119\u017ckim dniu na wietrznych pla\u017cach.<\/p>\n\n\n\n<p class=\"wp-block-paragraph\">W \u015brodku czeka na ciebie przyjemny <strong>basen z atrakcjami o temperaturze 30\u00b0C<\/strong>, a rozgrzejesz si\u0119 te\u017c w podgrzewanym basenie zewn\u0119trznym, kt\u00f3ry ma dok\u0142adnie t\u0119 sam\u0105 temperatur\u0119. Je\u015bli podr\u00f3\u017cujesz z dzie\u0107mi, zwykle zachwyci\u0142by je basen ze sztucznymi falami i ciep\u0142\u0105 wod\u0105 o 28\u00b0C lub lubiana zje\u017cd\u017calnia Turbo-Rutsche. Wed\u0142ug stanu z wrze\u015bnia 2026 obie te <strong>atrakcje s\u0105 jednak z przyczyn technicznych nieczynne<\/strong>, wi\u0119c we\u017a to pod uwag\u0119 przed wizyt\u0105.<\/p>\n\n\n\n<p class=\"wp-block-paragraph\">Termy nadaj\u0105 si\u0119 dla ka\u017cdego, kto chce cieszy\u0107 si\u0119 dobroczynnymi w\u0142a\u015bciwo\u015bciami wody morskiej niezale\u017cnie od pogody na zewn\u0105trz. Wed\u0142ug aktualnego cennika na rok 2026 doro\u015bli zap\u0142ac\u0105 za dwuip\u00f3\u0142godzinny wst\u0119p <strong>bardzo przyjemne 13,50 euro<\/strong>, podczas gdy bilet ca\u0142odzienny kosztuje 18,50 euro. Dla dzieci i m\u0142odzie\u017cy od 3 do 17 lat ceny wahaj\u0105 si\u0119 od 6,50 do 8,50 euro w zale\u017cno\u015bci od d\u0142ugo\u015bci pobytu. <strong>\ud83d\udca1 Wskaz\u00f3wka:<\/strong> Je\u015bli zamierzasz zabawi\u0107 d\u0142u\u017cej, op\u0142aca ci si\u0119 wybra\u0107 przed\u0142u\u017cony wst\u0119p na 3,5 godziny za <strong>16 euro<\/strong>, kt\u00f3ry oferuje \u015bwietny stosunek ceny do czasu.<\/p>\n\n\n\n<figure data-wp-context=\"{&quot;imageId&quot;:&quot;6a9c821d26318&quot;}\" data-wp-interactive=\"core\/image\" data-wp-key=\"6a9c821d26318\" class=\"wp-block-image size-full wp-lightbox-container\"><img decoding=\"async\" width=\"1800\" height=\"1350\" data-wp-class--hide=\"state.isContentHidden\" data-wp-class--show=\"state.isContentVisible\" data-wp-init=\"callbacks.setButtonStyles\" data-wp-on--click=\"actions.showLightbox\" data-wp-on--load=\"callbacks.setButtonStyles\" data-wp-on--pointerdown=\"actions.preloadImage\" data-wp-on--pointerenter=\"actions.preloadImageWithDelay\" data-wp-on--pointerleave=\"actions.cancelPreload\" data-wp-on-window--resize=\"callbacks.setButtonStyles\" src=\"https:\/\/loudavymkrokem.cz\/wp-content\/uploads\/2026\/09\/nemecko-clanky-termaly-nemecko-57-6f96bd47-1.jpg\" alt=\"Ostsee Therme Usedom (Ahlbeck): cz\u0119\u015b\u0107 saunowa\" class=\"wp-image-415409\" title=\"\" srcset=\"https:\/\/loudavymkrokem.cz\/wp-content\/uploads\/2026\/09\/nemecko-clanky-termaly-nemecko-57-6f96bd47-1.jpg 1800w, https:\/\/loudavymkrokem.cz\/wp-content\/uploads\/2026\/09\/nemecko-clanky-termaly-nemecko-57-6f96bd47-1-300x225.jpg 300w, https:\/\/loudavymkrokem.cz\/wp-content\/uploads\/2026\/09\/nemecko-clanky-termaly-nemecko-57-6f96bd47-1-700x525.jpg 700w, https:\/\/loudavymkrokem.cz\/wp-content\/uploads\/2026\/09\/nemecko-clanky-termaly-nemecko-57-6f96bd47-1-768x576.jpg 768w, https:\/\/loudavymkrokem.cz\/wp-content\/uploads\/2026\/09\/nemecko-clanky-termaly-nemecko-57-6f96bd47-1-1536x1152.jpg 1536w, https:\/\/loudavymkrokem.cz\/wp-content\/uploads\/2026\/09\/nemecko-clanky-termaly-nemecko-57-6f96bd47-1-80x60.jpg 80w, https:\/\/loudavymkrokem.cz\/wp-content\/uploads\/2026\/09\/nemecko-clanky-termaly-nemecko-57-6f96bd47-1-160x120.jpg 160w, https:\/\/loudavymkrokem.cz\/wp-content\/uploads\/2026\/09\/nemecko-clanky-termaly-nemecko-57-6f96bd47-1-696x522.jpg 696w, https:\/\/loudavymkrokem.cz\/wp-content\/uploads\/2026\/09\/nemecko-clanky-termaly-nemecko-57-6f96bd47-1-1392x1044.jpg 1392w\" sizes=\"(max-width: 1800px) 100vw, 1800px\" \/><button\n\t\t\tclass=\"lightbox-trigger\"\n\t\t\ttype=\"button\"\n\t\t\taria-haspopup=\"dialog\"\n\t\t\tdata-wp-bind--aria-label=\"state.thisImage.triggerButtonAriaLabel\"\n\t\t\tdata-wp-init=\"callbacks.initTriggerButton\"\n\t\t\tdata-wp-on--click=\"actions.showLightbox\"\n\t\t\tdata-wp-style--right=\"state.thisImage.buttonRight\"\n\t\t\tdata-wp-style--top=\"state.thisImage.buttonTop\"\n\t\t>\n\t\t\t<svg xmlns=\"http:\/\/www.w3.org\/2000\/svg\" width=\"12\" height=\"12\" fill=\"none\" viewBox=\"0 0 12 12\">\n\t\t\t\t<path fill=\"#fff\" d=\"M2 0a2 2 0 0 0-2 2v2h1.5V2a.5.5 0 0 1 .5-.5h2V0H2Zm2 10.5H2a.5.5 0 0 1-.5-.5V8H0v2a2 2 0 0 0 2 2h2v-1.5ZM8 12v-1.5h2a.5.5 0 0 0 .5-.5V8H12v2a2 2 0 0 1-2 2H8Zm2-12a2 2 0 0 1 2 2v2h-1.5V2a.5.5 0 0 0-.5-.5H8V0h2Z\" \/>\n\t\t\t<\/svg>\n\t\t<\/button><\/figure>\n\n\n\n<h3 class=\"wp-block-heading\"><span class=\"ez-toc-section\" id=\"47_Ostsee_Therme_Usedom_Ahlbeck\"><\/span>47. Ostsee Therme Usedom (Ahlbeck)<span class=\"ez-toc-section-end\"><\/span><\/h3>\n\n\n\n<p class=\"wp-block-paragraph\">Ten lubiany kompleks le\u017cy bezpo\u015brednio w centrum s\u0142ynnej tr\u00f3jki uzdrowiskowej Ahlbeck, Heringsdorf i Bansin, konkretnie <strong>w tak zwanym Kaiserbad Ahlbeck<\/strong> na ulicy Lindenstra\u00dfe. Ju\u017c od swojego uroczystego otwarcia w marcu 1996 przyci\u0105ga t\u0142umy spragnionych odpoczynku odwiedzaj\u0105cych i do dnia dzisiejszego przewin\u0119\u0142o si\u0119 przez niego <strong>imponuj\u0105ce 3,7 miliona go\u015bci<\/strong>. To bardzo tradycyjne miejsce, kt\u00f3re \u015bwietnie \u0142\u0105czy swobodn\u0105 nadmorsk\u0105 rekreacj\u0119 z profesjonaln\u0105 opiek\u0105 uzdrowiskow\u0105.<\/p>\n\n\n\n<p class=\"wp-block-paragraph\">Opr\u00f3cz klasycznego \u015bwiata saun i wodnego zwanego Badewelt i Saunawelt znajdziesz tu bowiem te\u017c <strong>specjalny Kurmittelhaus z fizjoterapi\u0105<\/strong> i prawdziwymi lekarzami uzdrowiskowymi. Mo\u017cesz sobie tu porz\u0105dnie da\u0107 w ko\u015b\u0107 w studio sportowym i zdrowotnym albo po prostu podziwia\u0107 pi\u0119kn\u0105 okolic\u0119 z miejscowej wie\u017cy widokowej. Je\u015bli skierujesz si\u0119 do wewn\u0119trznych przestrzeni \u015bwiata saun, pi\u0119knie rozgrzeje ci\u0119 <strong>klasyczna wewn\u0119trzna sauna o temperaturze 80\u00b0C<\/strong>.<\/p>\n\n\n\n<p class=\"wp-block-paragraph\">Miejsce jest jak stworzone przede wszystkim dla doros\u0142ych go\u015bci, kt\u00f3rzy na wakacjach szukaj\u0105 spokoju i skupiaj\u0105 si\u0119 na wzmocnieniu swojego zdrowia. Tutejsze zabiegi lecznicze maj\u0105 d\u0142ug\u0105 tradycj\u0119 i s\u0105 s\u0142ynne w ca\u0142ym wybrze\u017cu, dlatego ludzie tak ch\u0119tnie tu wracaj\u0105. <strong>\ud83d\udca1 Wskaz\u00f3wka:<\/strong> Zdecydowanie we\u017a udzia\u0142 w kt\u00f3rej\u015b z ceremonii saunowych, kt\u00f3re tutejsi mistrzowie robi\u0105 kilka razy dziennie ze <strong>rzadk\u0105 sol\u0105 jodow\u0105 z Heringsdorf<\/strong>, to b\u0119dzie fantastyczne prze\u017cycie dla twoich dr\u00f3g oddechowych.<\/p>\n\n\n\n<figure data-wp-context=\"{&quot;imageId&quot;:&quot;6a9c821d2693e&quot;}\" data-wp-interactive=\"core\/image\" data-wp-key=\"6a9c821d2693e\" class=\"wp-block-image size-full wp-lightbox-container\"><img decoding=\"async\" width=\"1800\" height=\"1198\" data-wp-class--hide=\"state.isContentHidden\" data-wp-class--show=\"state.isContentVisible\" data-wp-init=\"callbacks.setButtonStyles\" data-wp-on--click=\"actions.showLightbox\" data-wp-on--load=\"callbacks.setButtonStyles\" data-wp-on--pointerdown=\"actions.preloadImage\" data-wp-on--pointerenter=\"actions.preloadImageWithDelay\" data-wp-on--pointerleave=\"actions.cancelPreload\" data-wp-on-window--resize=\"callbacks.setButtonStyles\" src=\"https:\/\/loudavymkrokem.cz\/wp-content\/uploads\/2026\/09\/nemecko-clanky-termaly-nemecko-58-72086aed-1.jpg\" alt=\"Toskana Therme w Bad Schandau w Saskiej Szwajcarii\" class=\"wp-image-415412\" title=\"\" srcset=\"https:\/\/loudavymkrokem.cz\/wp-content\/uploads\/2026\/09\/nemecko-clanky-termaly-nemecko-58-72086aed-1.jpg 1800w, https:\/\/loudavymkrokem.cz\/wp-content\/uploads\/2026\/09\/nemecko-clanky-termaly-nemecko-58-72086aed-1-300x200.jpg 300w, https:\/\/loudavymkrokem.cz\/wp-content\/uploads\/2026\/09\/nemecko-clanky-termaly-nemecko-58-72086aed-1-700x466.jpg 700w, https:\/\/loudavymkrokem.cz\/wp-content\/uploads\/2026\/09\/nemecko-clanky-termaly-nemecko-58-72086aed-1-768x511.jpg 768w, https:\/\/loudavymkrokem.cz\/wp-content\/uploads\/2026\/09\/nemecko-clanky-termaly-nemecko-58-72086aed-1-1536x1022.jpg 1536w, https:\/\/loudavymkrokem.cz\/wp-content\/uploads\/2026\/09\/nemecko-clanky-termaly-nemecko-58-72086aed-1-696x463.jpg 696w, https:\/\/loudavymkrokem.cz\/wp-content\/uploads\/2026\/09\/nemecko-clanky-termaly-nemecko-58-72086aed-1-1392x926.jpg 1392w\" sizes=\"(max-width: 1800px) 100vw, 1800px\" \/><button\n\t\t\tclass=\"lightbox-trigger\"\n\t\t\ttype=\"button\"\n\t\t\taria-haspopup=\"dialog\"\n\t\t\tdata-wp-bind--aria-label=\"state.thisImage.triggerButtonAriaLabel\"\n\t\t\tdata-wp-init=\"callbacks.initTriggerButton\"\n\t\t\tdata-wp-on--click=\"actions.showLightbox\"\n\t\t\tdata-wp-style--right=\"state.thisImage.buttonRight\"\n\t\t\tdata-wp-style--top=\"state.thisImage.buttonTop\"\n\t\t>\n\t\t\t<svg xmlns=\"http:\/\/www.w3.org\/2000\/svg\" width=\"12\" height=\"12\" fill=\"none\" viewBox=\"0 0 12 12\">\n\t\t\t\t<path fill=\"#fff\" d=\"M2 0a2 2 0 0 0-2 2v2h1.5V2a.5.5 0 0 1 .5-.5h2V0H2Zm2 10.5H2a.5.5 0 0 1-.5-.5V8H0v2a2 2 0 0 0 2 2h2v-1.5ZM8 12v-1.5h2a.5.5 0 0 0 .5-.5V8H12v2a2 2 0 0 1-2 2H8Zm2-12a2 2 0 0 1 2 2v2h-1.5V2a.5.5 0 0 0-.5-.5H8V0h2Z\" \/>\n\t\t\t<\/svg>\n\t\t<\/button><\/figure>\n\n\n\n<h2 class=\"wp-block-heading\"><span class=\"ez-toc-section\" id=\"Termy_w_Saksonii_i_Turyngii\"><\/span>Termy w Saksonii i Turyngii<span class=\"ez-toc-section-end\"><\/span><\/h2>\n\n\n\n<p class=\"wp-block-paragraph\">Je\u015bli szukasz odpoczynku kawa\u0142ek za granic\u0105, te dwa kraje zwi\u0105zkowe ci\u0119 nie zawiod\u0105. Znajdziesz tu bowiem unikatowy koncept uzdrowisk, kt\u00f3re \u0142\u0105cz\u0105 g\u0142\u0119bok\u0105 relaksacj\u0119 z niecodziennym prze\u017cyciem artystycznym. <strong>G\u0142\u00f3wnym magnesem jest tu tak zwany Liquid Sound<\/strong>, czyli k\u0105piel w s\u0142onej wodzie przy akompaniamencie podwodnej muzyki i fascynuj\u0105cego pokazu \u015bwietlnego.<\/p>\n\n\n\n<p class=\"wp-block-paragraph\">Mo\u017cesz wybiera\u0107 spo\u015br\u00f3d dw\u00f3ch miejsc, kt\u00f3re oferuj\u0105 ten koncept. Jedno uzdrowisko le\u017cy w malowniczej Saskiej Szwajcarii <strong>dos\u0142ownie kilka kilometr\u00f3w od granicy z Czechami<\/strong>, drugie natomiast kawa\u0142ek dalej w tury\u0144skim miasteczku uzdrowiskowym. S\u0105 idealne dla wszystkich, kt\u00f3rzy chc\u0105 na weekend odci\u0105\u0107 g\u0142ow\u0119 i po prostu da\u0107 si\u0119 unosi\u0107 na falach spokoju.<\/p>\n\n\n\n<figure data-wp-context=\"{&quot;imageId&quot;:&quot;6a9c821d26edb&quot;}\" data-wp-interactive=\"core\/image\" data-wp-key=\"6a9c821d26edb\" class=\"wp-block-image size-full wp-lightbox-container\"><img decoding=\"async\" width=\"1800\" height=\"1342\" data-wp-class--hide=\"state.isContentHidden\" data-wp-class--show=\"state.isContentVisible\" data-wp-init=\"callbacks.setButtonStyles\" data-wp-on--click=\"actions.showLightbox\" data-wp-on--load=\"callbacks.setButtonStyles\" data-wp-on--pointerdown=\"actions.preloadImage\" data-wp-on--pointerenter=\"actions.preloadImageWithDelay\" data-wp-on--pointerleave=\"actions.cancelPreload\" data-wp-on-window--resize=\"callbacks.setButtonStyles\" src=\"https:\/\/loudavymkrokem.cz\/wp-content\/uploads\/2026\/09\/nemecko-clanky-termaly-nemecko-59-fc0e1c55-1.jpg\" alt=\"Toskana Therme Bad Schandau (Bad Schandau)\" class=\"wp-image-415417\" title=\"\" srcset=\"https:\/\/loudavymkrokem.cz\/wp-content\/uploads\/2026\/09\/nemecko-clanky-termaly-nemecko-59-fc0e1c55-1.jpg 1800w, https:\/\/loudavymkrokem.cz\/wp-content\/uploads\/2026\/09\/nemecko-clanky-termaly-nemecko-59-fc0e1c55-1-300x224.jpg 300w, https:\/\/loudavymkrokem.cz\/wp-content\/uploads\/2026\/09\/nemecko-clanky-termaly-nemecko-59-fc0e1c55-1-700x522.jpg 700w, https:\/\/loudavymkrokem.cz\/wp-content\/uploads\/2026\/09\/nemecko-clanky-termaly-nemecko-59-fc0e1c55-1-768x573.jpg 768w, https:\/\/loudavymkrokem.cz\/wp-content\/uploads\/2026\/09\/nemecko-clanky-termaly-nemecko-59-fc0e1c55-1-1536x1145.jpg 1536w, https:\/\/loudavymkrokem.cz\/wp-content\/uploads\/2026\/09\/nemecko-clanky-termaly-nemecko-59-fc0e1c55-1-80x60.jpg 80w, https:\/\/loudavymkrokem.cz\/wp-content\/uploads\/2026\/09\/nemecko-clanky-termaly-nemecko-59-fc0e1c55-1-160x120.jpg 160w, https:\/\/loudavymkrokem.cz\/wp-content\/uploads\/2026\/09\/nemecko-clanky-termaly-nemecko-59-fc0e1c55-1-696x519.jpg 696w, https:\/\/loudavymkrokem.cz\/wp-content\/uploads\/2026\/09\/nemecko-clanky-termaly-nemecko-59-fc0e1c55-1-1392x1038.jpg 1392w\" sizes=\"(max-width: 1800px) 100vw, 1800px\" \/><button\n\t\t\tclass=\"lightbox-trigger\"\n\t\t\ttype=\"button\"\n\t\t\taria-haspopup=\"dialog\"\n\t\t\tdata-wp-bind--aria-label=\"state.thisImage.triggerButtonAriaLabel\"\n\t\t\tdata-wp-init=\"callbacks.initTriggerButton\"\n\t\t\tdata-wp-on--click=\"actions.showLightbox\"\n\t\t\tdata-wp-style--right=\"state.thisImage.buttonRight\"\n\t\t\tdata-wp-style--top=\"state.thisImage.buttonTop\"\n\t\t>\n\t\t\t<svg xmlns=\"http:\/\/www.w3.org\/2000\/svg\" width=\"12\" height=\"12\" fill=\"none\" viewBox=\"0 0 12 12\">\n\t\t\t\t<path fill=\"#fff\" d=\"M2 0a2 2 0 0 0-2 2v2h1.5V2a.5.5 0 0 1 .5-.5h2V0H2Zm2 10.5H2a.5.5 0 0 1-.5-.5V8H0v2a2 2 0 0 0 2 2h2v-1.5ZM8 12v-1.5h2a.5.5 0 0 0 .5-.5V8H12v2a2 2 0 0 1-2 2H8Zm2-12a2 2 0 0 1 2 2v2h-1.5V2a.5.5 0 0 0-.5-.5H8V0h2Z\" \/>\n\t\t\t<\/svg>\n\t\t<\/button><figcaption class=\"wp-element-caption\">Foto: J\u00f6rg Blobelt \/ Wikimedia Commons, CC BY-SA 4.0<\/figcaption><\/figure>\n\n\n\n<h3 class=\"wp-block-heading\"><span class=\"ez-toc-section\" id=\"48_Toskana_Therme_Bad_Schandau_Bad_Schandau\"><\/span>48. Toskana Therme Bad Schandau (Bad Schandau)<span class=\"ez-toc-section-end\"><\/span><\/h3>\n\n\n\n<p class=\"wp-block-paragraph\">Ten lubiany kompleks le\u017cy bezpo\u015brednio na brzegu \u0141aby, a jego wielk\u0105 zalet\u0105 jest <strong>zapieraj\u0105cy dech widok na rzek\u0119 bezpo\u015brednio z sauny<\/strong>. Z Czech dojedziesz tu w chwil\u0119, wi\u0119c kompleks \u015bwietnie nadaje si\u0119 jako doskona\u0142y cel na spontaniczn\u0105 popo\u0142udniow\u0105 wycieczk\u0119. Je\u015bli uwielbiasz przyrod\u0119 Saskiej Szwajcarii, to dok\u0142adnie to miejsce, gdzie mo\u017cesz po dniu na szlakach ul\u017cy\u0107 zm\u0119czonym nogom.<\/p>\n\n\n\n<p class=\"wp-block-paragraph\">\u015awiat saun oferuje tu r\u00f3\u017cnorodn\u0105 skal\u0119 temperatur dla ka\u017cdego. Mo\u017cesz wypr\u00f3bowa\u0107 tradycyjne <strong>Laconium w greckim stylu rozgrzane do przyjemnych 55\u00b0C<\/strong> albo specjaln\u0105 k\u0105piel promiennego ciep\u0142a, kt\u00f3ra przy 65\u00b0C rozgrzeje cia\u0142o pi\u0119knie do g\u0142\u0119bi. Znajdziesz tu te\u017c saun\u0119 zio\u0142ow\u0105, gdzie ogrzewanie wody zio\u0142owej <strong>zwi\u0119ksza wilgotno\u015b\u0107 powietrza przy temperaturze 65\u00b0C<\/strong>. Dla do\u015bwiadczonych saunowicz\u00f3w przygotowano natomiast klasyczn\u0105 saun\u0119 z kaflowym piecem, gdzie sp\u0119dzisz porz\u0105dny \u017car przy 96\u00b0C.<\/p>\n\n\n\n<p class=\"wp-block-paragraph\">Kompleks jest \u015bwietny przede wszystkim dla doros\u0142ych i par, kt\u00f3rzy szukaj\u0105 spokojnej atmosfery bez dzikich zje\u017cd\u017calni. Aktualny wst\u0119p polecam sprawdzi\u0107 przed drog\u0105 na stronie, \u017ceby\u015b wiedzia\u0142, jak dok\u0142adnie wygl\u0105da cennik na rok 2026. <strong>\ud83d\udca1 Wskaz\u00f3wka:<\/strong> Zdecydowanie nie odmawiaj sobie pocenia w specjalnej saunie rozgrzanej do 90\u00b0C, z kt\u00f3rej roztacza si\u0119 <strong>najpi\u0119kniejszy widok na p\u0142yn\u0105c\u0105 \u0141ab\u0119<\/strong>.<\/p>\n\n\n\n<figure data-wp-context=\"{&quot;imageId&quot;:&quot;6a9c821d273c4&quot;}\" data-wp-interactive=\"core\/image\" data-wp-key=\"6a9c821d273c4\" class=\"wp-block-image size-full wp-lightbox-container\"><img decoding=\"async\" width=\"1800\" height=\"1200\" data-wp-class--hide=\"state.isContentHidden\" data-wp-class--show=\"state.isContentVisible\" data-wp-init=\"callbacks.setButtonStyles\" data-wp-on--click=\"actions.showLightbox\" data-wp-on--load=\"callbacks.setButtonStyles\" data-wp-on--pointerdown=\"actions.preloadImage\" data-wp-on--pointerenter=\"actions.preloadImageWithDelay\" data-wp-on--pointerleave=\"actions.cancelPreload\" data-wp-on-window--resize=\"callbacks.setButtonStyles\" src=\"https:\/\/loudavymkrokem.cz\/wp-content\/uploads\/2026\/09\/nemecko-clanky-termaly-nemecko-60-42995404-1.jpg\" alt=\"Toskana Therme Bad Sulza (Bad Sulza)\" class=\"wp-image-415421\" title=\"\" srcset=\"https:\/\/loudavymkrokem.cz\/wp-content\/uploads\/2026\/09\/nemecko-clanky-termaly-nemecko-60-42995404-1.jpg 1800w, https:\/\/loudavymkrokem.cz\/wp-content\/uploads\/2026\/09\/nemecko-clanky-termaly-nemecko-60-42995404-1-300x200.jpg 300w, https:\/\/loudavymkrokem.cz\/wp-content\/uploads\/2026\/09\/nemecko-clanky-termaly-nemecko-60-42995404-1-700x467.jpg 700w, https:\/\/loudavymkrokem.cz\/wp-content\/uploads\/2026\/09\/nemecko-clanky-termaly-nemecko-60-42995404-1-768x512.jpg 768w, https:\/\/loudavymkrokem.cz\/wp-content\/uploads\/2026\/09\/nemecko-clanky-termaly-nemecko-60-42995404-1-1536x1024.jpg 1536w, https:\/\/loudavymkrokem.cz\/wp-content\/uploads\/2026\/09\/nemecko-clanky-termaly-nemecko-60-42995404-1-696x464.jpg 696w, https:\/\/loudavymkrokem.cz\/wp-content\/uploads\/2026\/09\/nemecko-clanky-termaly-nemecko-60-42995404-1-1392x928.jpg 1392w\" sizes=\"(max-width: 1800px) 100vw, 1800px\" \/><button\n\t\t\tclass=\"lightbox-trigger\"\n\t\t\ttype=\"button\"\n\t\t\taria-haspopup=\"dialog\"\n\t\t\tdata-wp-bind--aria-label=\"state.thisImage.triggerButtonAriaLabel\"\n\t\t\tdata-wp-init=\"callbacks.initTriggerButton\"\n\t\t\tdata-wp-on--click=\"actions.showLightbox\"\n\t\t\tdata-wp-style--right=\"state.thisImage.buttonRight\"\n\t\t\tdata-wp-style--top=\"state.thisImage.buttonTop\"\n\t\t>\n\t\t\t<svg xmlns=\"http:\/\/www.w3.org\/2000\/svg\" width=\"12\" height=\"12\" fill=\"none\" viewBox=\"0 0 12 12\">\n\t\t\t\t<path fill=\"#fff\" d=\"M2 0a2 2 0 0 0-2 2v2h1.5V2a.5.5 0 0 1 .5-.5h2V0H2Zm2 10.5H2a.5.5 0 0 1-.5-.5V8H0v2a2 2 0 0 0 2 2h2v-1.5ZM8 12v-1.5h2a.5.5 0 0 0 .5-.5V8H12v2a2 2 0 0 1-2 2H8Zm2-12a2 2 0 0 1 2 2v2h-1.5V2a.5.5 0 0 0-.5-.5H8V0h2Z\" \/>\n\t\t\t<\/svg>\n\t\t<\/button><\/figure>\n\n\n\n<h3 class=\"wp-block-heading\"><span class=\"ez-toc-section\" id=\"49_Toskana_Therme_Bad_Sulza_Bad_Sulza\"><\/span>49. Toskana Therme Bad Sulza (Bad Sulza)<span class=\"ez-toc-section-end\"><\/span><\/h3>\n\n\n\n<p class=\"wp-block-paragraph\">Druga siostrzana filia s\u0142ynnych uzdrowisk kryje si\u0119 w spokojnym tury\u0144skim miasteczku i <strong>oferuje ten sam koncept Liquid Sound<\/strong> co ta w Saskiej Szwajcarii. To idealny wyb\u00f3r, je\u015bli wybierasz si\u0119 na weekendowy roadtrip po zabytkach w \u015brodkowych Niemczech i szukasz miejsca, gdzie m\u00f3g\u0142by\u015b wieczorami porz\u0105dnie zregenerowa\u0107 si\u0142y. Atmosfera jest tu cudownie odpr\u0119\u017cona, a ca\u0142a przestrze\u0144 zach\u0119ca do d\u0142ugiego cichego odpoczynku.<\/p>\n\n\n\n<p class=\"wp-block-paragraph\">Sercem kompleksu jest <strong>\u015bwi\u0105tynia Liquid Sound<\/strong>, gdzie w s\u0142onej wodzie dasz si\u0119 unosi\u0107 przy akompaniamencie muzyki pod powierzchni\u0105 i kolorowych projekcji \u015bwietlnych na kopule. Wed\u0142ug opisu operatora nale\u017cy do niej <strong>pi\u0119\u0107 kaskadowych basen\u00f3w solnych<\/strong> z dyszami do masa\u017cu, cztery jacuzzi i podgrzewany zewn\u0119trzny basen solny, wi\u0119c da si\u0119 przechodzi\u0107 z jednej temperatury do drugiej ca\u0142y dzie\u0144. \u015awiat saun jest tu oczywisto\u015bci\u0105.<\/p>\n\n\n\n<p class=\"wp-block-paragraph\">Wielk\u0105 zalet\u0105 Bad Sulzy jest po\u0142\u0105czenie z hotelem: <strong>Hotel an der Therme Bad Sulza<\/strong> stoi tu\u017c przy uzdrowisku, a \u0142\u0105czy go z nim szlafrokowy korytarz, wi\u0119c wst\u0119p do term, w tym \u015bwiata saun, masz w cenie noclegu. Przed wizyt\u0105 zajrzyj na stron\u0119, bo cennik na rok 2026 zmienia si\u0119 wed\u0142ug sezonu. <strong>\ud83d\udca1 Wskaz\u00f3wka:<\/strong> Na Liquid Sound zarezerwuj sobie p\u00f3\u017ane przedwieczorze, kiedy pokaz muzyczny i \u015bwietlny bywa najsilniejszy, a w basenie jest najmniej ludzi.<\/p>\n\n\n\n<figure data-wp-context=\"{&quot;imageId&quot;:&quot;6a9c821d27951&quot;}\" data-wp-interactive=\"core\/image\" data-wp-key=\"6a9c821d27951\" class=\"wp-block-image size-full wp-lightbox-container\"><img decoding=\"async\" width=\"1800\" height=\"1800\" data-wp-class--hide=\"state.isContentHidden\" data-wp-class--show=\"state.isContentVisible\" data-wp-init=\"callbacks.setButtonStyles\" data-wp-on--click=\"actions.showLightbox\" data-wp-on--load=\"callbacks.setButtonStyles\" data-wp-on--pointerdown=\"actions.preloadImage\" data-wp-on--pointerenter=\"actions.preloadImageWithDelay\" data-wp-on--pointerleave=\"actions.cancelPreload\" data-wp-on-window--resize=\"callbacks.setButtonStyles\" src=\"https:\/\/loudavymkrokem.cz\/wp-content\/uploads\/2026\/09\/nemecko-clanky-termaly-nemecko-61-82598cd9-1.jpg\" alt=\"Basen Emser Therme w Bad Ems w wieczornym o\u015bwietleniu\" class=\"wp-image-415425\" title=\"\" srcset=\"https:\/\/loudavymkrokem.cz\/wp-content\/uploads\/2026\/09\/nemecko-clanky-termaly-nemecko-61-82598cd9-1.jpg 1800w, https:\/\/loudavymkrokem.cz\/wp-content\/uploads\/2026\/09\/nemecko-clanky-termaly-nemecko-61-82598cd9-1-300x300.jpg 300w, https:\/\/loudavymkrokem.cz\/wp-content\/uploads\/2026\/09\/nemecko-clanky-termaly-nemecko-61-82598cd9-1-700x700.jpg 700w, https:\/\/loudavymkrokem.cz\/wp-content\/uploads\/2026\/09\/nemecko-clanky-termaly-nemecko-61-82598cd9-1-150x150.jpg 150w, https:\/\/loudavymkrokem.cz\/wp-content\/uploads\/2026\/09\/nemecko-clanky-termaly-nemecko-61-82598cd9-1-768x768.jpg 768w, https:\/\/loudavymkrokem.cz\/wp-content\/uploads\/2026\/09\/nemecko-clanky-termaly-nemecko-61-82598cd9-1-1536x1536.jpg 1536w, https:\/\/loudavymkrokem.cz\/wp-content\/uploads\/2026\/09\/nemecko-clanky-termaly-nemecko-61-82598cd9-1-696x696.jpg 696w, https:\/\/loudavymkrokem.cz\/wp-content\/uploads\/2026\/09\/nemecko-clanky-termaly-nemecko-61-82598cd9-1-1392x1392.jpg 1392w\" sizes=\"(max-width: 1800px) 100vw, 1800px\" \/><button\n\t\t\tclass=\"lightbox-trigger\"\n\t\t\ttype=\"button\"\n\t\t\taria-haspopup=\"dialog\"\n\t\t\tdata-wp-bind--aria-label=\"state.thisImage.triggerButtonAriaLabel\"\n\t\t\tdata-wp-init=\"callbacks.initTriggerButton\"\n\t\t\tdata-wp-on--click=\"actions.showLightbox\"\n\t\t\tdata-wp-style--right=\"state.thisImage.buttonRight\"\n\t\t\tdata-wp-style--top=\"state.thisImage.buttonTop\"\n\t\t>\n\t\t\t<svg xmlns=\"http:\/\/www.w3.org\/2000\/svg\" width=\"12\" height=\"12\" fill=\"none\" viewBox=\"0 0 12 12\">\n\t\t\t\t<path fill=\"#fff\" d=\"M2 0a2 2 0 0 0-2 2v2h1.5V2a.5.5 0 0 1 .5-.5h2V0H2Zm2 10.5H2a.5.5 0 0 1-.5-.5V8H0v2a2 2 0 0 0 2 2h2v-1.5ZM8 12v-1.5h2a.5.5 0 0 0 .5-.5V8H12v2a2 2 0 0 1-2 2H8Zm2-12a2 2 0 0 1 2 2v2h-1.5V2a.5.5 0 0 0-.5-.5H8V0h2Z\" \/>\n\t\t\t<\/svg>\n\t\t<\/button><\/figure>\n\n\n\n<h2 class=\"wp-block-heading\"><span class=\"ez-toc-section\" id=\"Termy_w_Nadrenii-Palatynacie\"><\/span>Termy w Nadrenii-Palatynacie<span class=\"ez-toc-section-end\"><\/span><\/h2>\n\n\n\n<p class=\"wp-block-paragraph\">Nadrenia-Palatynat mo\u017ce nie nale\u017cy do najbardziej znanych niemieckich destynacji na wodne uciechy, ale kryje prawdziwe skarby. Je\u015bli szukasz <strong>mniejszych, ale wysokiej jako\u015bci uzdrowisk<\/strong>, w\u0142a\u015bnie tu przyjdziesz na swoje. W przeciwie\u0144stwie do ogromnych tropikalnych aquapark\u00f3w pe\u0142nych zje\u017cd\u017calni znajdziesz tu znacznie spokojniejsz\u0105 atmosfer\u0119. Miejscowe obiekty skupiaj\u0105 si\u0119 raczej na prawdziwym odpoczynku, leczniczej wodzie i porz\u0105dnej saunie w cichym otoczeniu.<\/p>\n\n\n\n<p class=\"wp-block-paragraph\">Wybierz si\u0119 tu, je\u015bli chcesz cieszy\u0107 si\u0119 dobroczynnymi w\u0142a\u015bciwo\u015bciami naturalnych \u017ar\u00f3de\u0142 bez zb\u0119dnego po\u015bpiechu. Znane miasta jak Bad Kreuznach czy Bad Ems kusz\u0105 <strong>wod\u0105 radonow\u0105 lub soln\u0105<\/strong>, kt\u00f3ra rozlu\u017ani zm\u0119czone mi\u0119\u015bnie. Droga autem z Polski wprawdzie zajmie nieco wi\u0119cej czasu, ale za ten boski spok\u00f3j i mniejsze t\u0142umy odwiedzaj\u0105cych to si\u0119 op\u0142aca. To po prostu idealny wyb\u00f3r na <strong>przyjemny przed\u0142u\u017cony weekend<\/strong> pe\u0142en relaksacji.<\/p>\n\n\n\n<figure data-wp-context=\"{&quot;imageId&quot;:&quot;6a9c821d27dd6&quot;}\" data-wp-interactive=\"core\/image\" data-wp-key=\"6a9c821d27dd6\" class=\"wp-block-image size-full wp-lightbox-container\"><img decoding=\"async\" width=\"1800\" height=\"1203\" data-wp-class--hide=\"state.isContentHidden\" data-wp-class--show=\"state.isContentVisible\" data-wp-init=\"callbacks.setButtonStyles\" data-wp-on--click=\"actions.showLightbox\" data-wp-on--load=\"callbacks.setButtonStyles\" data-wp-on--pointerdown=\"actions.preloadImage\" data-wp-on--pointerenter=\"actions.preloadImageWithDelay\" data-wp-on--pointerleave=\"actions.cancelPreload\" data-wp-on-window--resize=\"callbacks.setButtonStyles\" src=\"https:\/\/loudavymkrokem.cz\/wp-content\/uploads\/2026\/09\/nemecko-clanky-termaly-nemecko-62-7c30d429.jpg\" alt=\"Crucenia Thermen w Bad Kreuznach nad rzek\u0105 Nahe\" class=\"wp-image-415518\" title=\"\" srcset=\"https:\/\/loudavymkrokem.cz\/wp-content\/uploads\/2026\/09\/nemecko-clanky-termaly-nemecko-62-7c30d429.jpg 1800w, https:\/\/loudavymkrokem.cz\/wp-content\/uploads\/2026\/09\/nemecko-clanky-termaly-nemecko-62-7c30d429-300x201.jpg 300w, https:\/\/loudavymkrokem.cz\/wp-content\/uploads\/2026\/09\/nemecko-clanky-termaly-nemecko-62-7c30d429-700x468.jpg 700w, https:\/\/loudavymkrokem.cz\/wp-content\/uploads\/2026\/09\/nemecko-clanky-termaly-nemecko-62-7c30d429-768x513.jpg 768w, https:\/\/loudavymkrokem.cz\/wp-content\/uploads\/2026\/09\/nemecko-clanky-termaly-nemecko-62-7c30d429-1536x1027.jpg 1536w, https:\/\/loudavymkrokem.cz\/wp-content\/uploads\/2026\/09\/nemecko-clanky-termaly-nemecko-62-7c30d429-696x465.jpg 696w, https:\/\/loudavymkrokem.cz\/wp-content\/uploads\/2026\/09\/nemecko-clanky-termaly-nemecko-62-7c30d429-1392x930.jpg 1392w\" sizes=\"(max-width: 1800px) 100vw, 1800px\" \/><button\n\t\t\tclass=\"lightbox-trigger\"\n\t\t\ttype=\"button\"\n\t\t\taria-haspopup=\"dialog\"\n\t\t\tdata-wp-bind--aria-label=\"state.thisImage.triggerButtonAriaLabel\"\n\t\t\tdata-wp-init=\"callbacks.initTriggerButton\"\n\t\t\tdata-wp-on--click=\"actions.showLightbox\"\n\t\t\tdata-wp-style--right=\"state.thisImage.buttonRight\"\n\t\t\tdata-wp-style--top=\"state.thisImage.buttonTop\"\n\t\t>\n\t\t\t<svg xmlns=\"http:\/\/www.w3.org\/2000\/svg\" width=\"12\" height=\"12\" fill=\"none\" viewBox=\"0 0 12 12\">\n\t\t\t\t<path fill=\"#fff\" d=\"M2 0a2 2 0 0 0-2 2v2h1.5V2a.5.5 0 0 1 .5-.5h2V0H2Zm2 10.5H2a.5.5 0 0 1-.5-.5V8H0v2a2 2 0 0 0 2 2h2v-1.5ZM8 12v-1.5h2a.5.5 0 0 0 .5-.5V8H12v2a2 2 0 0 1-2 2H8Zm2-12a2 2 0 0 1 2 2v2h-1.5V2a.5.5 0 0 0-.5-.5H8V0h2Z\" \/>\n\t\t\t<\/svg>\n\t\t<\/button><figcaption class=\"wp-element-caption\">Foto: Pudelek (Marcin Szala) \/ Wikimedia Commons, CC BY-SA 3.0<\/figcaption><\/figure>\n\n\n\n<h3 class=\"wp-block-heading\"><span class=\"ez-toc-section\" id=\"50_Crucenia_Thermen_Bad_Kreuznach\"><\/span>50. Crucenia Thermen (Bad Kreuznach)<span class=\"ez-toc-section-end\"><\/span><\/h3>\n\n\n\n<p class=\"wp-block-paragraph\">To przyjemne uzdrowisko w mie\u015bcie Bad Kreuznach szczyci si\u0119 jednym bardzo sympatycznym szczeg\u00f3\u0142em, a mianowicie <strong>oficjalnie certyfikowan\u0105 dost\u0119pno\u015bci\u0105 dla os\u00f3b z niepe\u0142nosprawno\u015bci\u0105<\/strong>. Je\u015bli wi\u0119c sam masz trudno\u015bci z poruszaniem albo jedziesz na weekend z kim\u015b starszym z rodziny, Crucenia Thermen b\u0119dzie dla ciebie idealnym wyborem. Ca\u0142y kompleks stawia og\u00f3lnie raczej na spok\u00f3j, zdrowie i wolniejsze tempo ni\u017c na dzikie atrakcje wodne.<\/p>\n\n\n\n<p class=\"wp-block-paragraph\">Mo\u017cesz cieszy\u0107 si\u0119 <strong>dwoma basenami wewn\u0119trznymi i jednym zewn\u0119trznym<\/strong>, do kt\u00f3rych nieustannie nap\u0142ywa woda termalna o temperaturze oko\u0142o 33\u00b0C. Je\u015bli lubisz d\u0142ugo si\u0119 moczy\u0107, docenisz kolejny basen rozgrzany dok\u0142adnie do 30\u00b0C, kt\u00f3ry uzupe\u0142niaj\u0105 le\u017canki z b\u0105belkami do masa\u017cu i przytulna sala odpoczynku. W cenie wst\u0119pu <strong>masz zawarty te\u017c aquafitness<\/strong>, wi\u0119c mo\u017cesz si\u0119 nawet troch\u0119 aktywnie porozci\u0105ga\u0107. Do szybkiego rozgrzania cia\u0142a \u015bwietnie pos\u0142u\u017cy natomiast miejscowa sauna na podczerwie\u0144.<\/p>\n\n\n\n<p class=\"wp-block-paragraph\">Co do koszt\u00f3w, uciesz\u0105 us\u0142ugi dodatkowe, kt\u00f3re kupisz tu za bardzo przyjazne kwoty. Wed\u0142ug cennika na rok 2026 zap\u0142acisz za <strong>p\u00f3\u0142godzinny cz\u0119\u015bciowy masa\u017c zaledwie 8 \u20ac<\/strong>, co jak na Niemcy jest bardzo przyzwoit\u0105 cen\u0105. Je\u015bli chcia\u0142by\u015b komu\u015b podarowa\u0107 pobyt, vouchery zaczynaj\u0105 si\u0119 ju\u017c od 5 \u20ac. <strong>\ud83d\udca1 Wskaz\u00f3wka:<\/strong> Cho\u0107 nie oczekuj tu ogromnego parku saunowego, sama lecznicza woda bogato wystarczy na rozgrzanie ko\u015bci po ca\u0142odziennej wycieczce.<\/p>\n\n\n\n<figure data-wp-context=\"{&quot;imageId&quot;:&quot;6a9c821d28340&quot;}\" data-wp-interactive=\"core\/image\" data-wp-key=\"6a9c821d28340\" class=\"wp-block-image size-full wp-lightbox-container\"><img decoding=\"async\" width=\"1800\" height=\"1800\" data-wp-class--hide=\"state.isContentHidden\" data-wp-class--show=\"state.isContentVisible\" data-wp-init=\"callbacks.setButtonStyles\" data-wp-on--click=\"actions.showLightbox\" data-wp-on--load=\"callbacks.setButtonStyles\" data-wp-on--pointerdown=\"actions.preloadImage\" data-wp-on--pointerenter=\"actions.preloadImageWithDelay\" data-wp-on--pointerleave=\"actions.cancelPreload\" data-wp-on-window--resize=\"callbacks.setButtonStyles\" src=\"https:\/\/loudavymkrokem.cz\/wp-content\/uploads\/2026\/09\/nemecko-clanky-termaly-nemecko-63-ec29e746-1.jpg\" alt=\"Emser Therme (Bad Ems)\" class=\"wp-image-415437\" title=\"\" srcset=\"https:\/\/loudavymkrokem.cz\/wp-content\/uploads\/2026\/09\/nemecko-clanky-termaly-nemecko-63-ec29e746-1.jpg 1800w, https:\/\/loudavymkrokem.cz\/wp-content\/uploads\/2026\/09\/nemecko-clanky-termaly-nemecko-63-ec29e746-1-300x300.jpg 300w, https:\/\/loudavymkrokem.cz\/wp-content\/uploads\/2026\/09\/nemecko-clanky-termaly-nemecko-63-ec29e746-1-700x700.jpg 700w, https:\/\/loudavymkrokem.cz\/wp-content\/uploads\/2026\/09\/nemecko-clanky-termaly-nemecko-63-ec29e746-1-150x150.jpg 150w, https:\/\/loudavymkrokem.cz\/wp-content\/uploads\/2026\/09\/nemecko-clanky-termaly-nemecko-63-ec29e746-1-768x768.jpg 768w, https:\/\/loudavymkrokem.cz\/wp-content\/uploads\/2026\/09\/nemecko-clanky-termaly-nemecko-63-ec29e746-1-1536x1536.jpg 1536w, https:\/\/loudavymkrokem.cz\/wp-content\/uploads\/2026\/09\/nemecko-clanky-termaly-nemecko-63-ec29e746-1-696x696.jpg 696w, https:\/\/loudavymkrokem.cz\/wp-content\/uploads\/2026\/09\/nemecko-clanky-termaly-nemecko-63-ec29e746-1-1392x1392.jpg 1392w\" sizes=\"(max-width: 1800px) 100vw, 1800px\" \/><button\n\t\t\tclass=\"lightbox-trigger\"\n\t\t\ttype=\"button\"\n\t\t\taria-haspopup=\"dialog\"\n\t\t\tdata-wp-bind--aria-label=\"state.thisImage.triggerButtonAriaLabel\"\n\t\t\tdata-wp-init=\"callbacks.initTriggerButton\"\n\t\t\tdata-wp-on--click=\"actions.showLightbox\"\n\t\t\tdata-wp-style--right=\"state.thisImage.buttonRight\"\n\t\t\tdata-wp-style--top=\"state.thisImage.buttonTop\"\n\t\t>\n\t\t\t<svg xmlns=\"http:\/\/www.w3.org\/2000\/svg\" width=\"12\" height=\"12\" fill=\"none\" viewBox=\"0 0 12 12\">\n\t\t\t\t<path fill=\"#fff\" d=\"M2 0a2 2 0 0 0-2 2v2h1.5V2a.5.5 0 0 1 .5-.5h2V0H2Zm2 10.5H2a.5.5 0 0 1-.5-.5V8H0v2a2 2 0 0 0 2 2h2v-1.5ZM8 12v-1.5h2a.5.5 0 0 0 .5-.5V8H12v2a2 2 0 0 1-2 2H8Zm2-12a2 2 0 0 1 2 2v2h-1.5V2a.5.5 0 0 0-.5-.5H8V0h2Z\" \/>\n\t\t\t<\/svg>\n\t\t<\/button><\/figure>\n\n\n\n<h3 class=\"wp-block-heading\"><span class=\"ez-toc-section\" id=\"51_Emser_Therme_Bad_Ems\"><\/span>51. Emser Therme (Bad Ems)<span class=\"ez-toc-section-end\"><\/span><\/h3>\n\n\n\n<p class=\"wp-block-paragraph\">To przepi\u0119kne uzdrowisko le\u017cy bezpo\u015brednio nad brzegiem rzeki Lahn i zaoferuje ci <strong>6600 metr\u00f3w kwadratowych powierzchni relaksacyjnej<\/strong>. Znajdziesz tu rozleg\u0142y krajobraz termalny, park saunowy, galeri\u0119 wellness, panoram\u0119 fitness oraz restauracj\u0119 Halberts. Emser Therme to po prostu ogromny i kompleksowy \u015bwiat odpoczynku, gdzie spokojnie sp\u0119dzisz ca\u0142y dzie\u0144 i ci\u0105gle b\u0119dziesz mie\u0107 co odkrywa\u0107.<\/p>\n\n\n\n<p class=\"wp-block-paragraph\">Wodne uciechy sp\u0119dzisz na <strong>ponad 700 metrach kwadratowych tafli wodnej<\/strong>. G\u0142\u00f3wny wewn\u0119trzny basen termalny przywita ci\u0119 temperatur\u0105 33\u00b0C, ale od razu przylega do niego jeszcze cieplejsza strefa z 36\u00b0C. Pop\u0142ywa\u0107 mo\u017cna te\u017c na zewn\u0105trz, gdzie woda ma 32 do 35\u00b0C i zaoferuje ci pi\u0119kny widok na rzek\u0119. Dla aktywniejszych p\u0142ywak\u00f3w kompleks kryje natomiast <strong>basen sportowy o temperaturze 24 do 28\u00b0C<\/strong> oraz specjalny basen do aktywno\u015bci ruchowych.<\/p>\n\n\n\n<p class=\"wp-block-paragraph\">Mi\u0142o\u015bnicy pocenia b\u0119d\u0105 zachwyceni ogromnym obiektem, kt\u00f3ry oferuje ponad <strong>1000 metr\u00f3w kwadratowych przestrzeni na saun\u0119<\/strong>. To po prostu optymalne miejsce na g\u0142\u0119bok\u0105 regeneracj\u0119 cia\u0142a i umys\u0142u. Do saunowego hartowania wykorzystasz gor\u0105cy basen z 38\u00b0C, a nast\u0119pnie szybko sch\u0142odzisz si\u0119 w osiemnastostopniowej lodowej wodzie. <strong>\ud83d\udca1 Wskaz\u00f3wka:<\/strong> Je\u015bli po p\u0142ywaniu dopadnie ci\u0119 g\u0142\u00f3d, od razu wypr\u00f3buj tutejsz\u0105 restauracj\u0119 Halberts, \u017ceby\u015b nie musia\u0142 w ci\u0105gu dnia w og\u00f3le opuszcza\u0107 kompleksu.<\/p>\n\n\n\n<figure data-wp-context=\"{&quot;imageId&quot;:&quot;6a9c821d288e7&quot;}\" data-wp-interactive=\"core\/image\" data-wp-key=\"6a9c821d288e7\" class=\"wp-block-image size-full wp-lightbox-container\"><img decoding=\"async\" width=\"1800\" height=\"1350\" data-wp-class--hide=\"state.isContentHidden\" data-wp-class--show=\"state.isContentVisible\" data-wp-init=\"callbacks.setButtonStyles\" data-wp-on--click=\"actions.showLightbox\" data-wp-on--load=\"callbacks.setButtonStyles\" data-wp-on--pointerdown=\"actions.preloadImage\" data-wp-on--pointerenter=\"actions.preloadImageWithDelay\" data-wp-on--pointerleave=\"actions.cancelPreload\" data-wp-on-window--resize=\"callbacks.setButtonStyles\" src=\"https:\/\/loudavymkrokem.cz\/wp-content\/uploads\/2026\/09\/nemecko-clanky-termaly-nemecko-64-23e551d5-1.jpg\" alt=\"Ogr\u00f3d saunowy vabali spa w Berlinie\" class=\"wp-image-415441\" title=\"\" srcset=\"https:\/\/loudavymkrokem.cz\/wp-content\/uploads\/2026\/09\/nemecko-clanky-termaly-nemecko-64-23e551d5-1.jpg 1800w, https:\/\/loudavymkrokem.cz\/wp-content\/uploads\/2026\/09\/nemecko-clanky-termaly-nemecko-64-23e551d5-1-300x225.jpg 300w, https:\/\/loudavymkrokem.cz\/wp-content\/uploads\/2026\/09\/nemecko-clanky-termaly-nemecko-64-23e551d5-1-700x525.jpg 700w, https:\/\/loudavymkrokem.cz\/wp-content\/uploads\/2026\/09\/nemecko-clanky-termaly-nemecko-64-23e551d5-1-768x576.jpg 768w, https:\/\/loudavymkrokem.cz\/wp-content\/uploads\/2026\/09\/nemecko-clanky-termaly-nemecko-64-23e551d5-1-1536x1152.jpg 1536w, https:\/\/loudavymkrokem.cz\/wp-content\/uploads\/2026\/09\/nemecko-clanky-termaly-nemecko-64-23e551d5-1-80x60.jpg 80w, https:\/\/loudavymkrokem.cz\/wp-content\/uploads\/2026\/09\/nemecko-clanky-termaly-nemecko-64-23e551d5-1-160x120.jpg 160w, https:\/\/loudavymkrokem.cz\/wp-content\/uploads\/2026\/09\/nemecko-clanky-termaly-nemecko-64-23e551d5-1-696x522.jpg 696w, https:\/\/loudavymkrokem.cz\/wp-content\/uploads\/2026\/09\/nemecko-clanky-termaly-nemecko-64-23e551d5-1-1392x1044.jpg 1392w\" sizes=\"(max-width: 1800px) 100vw, 1800px\" \/><button\n\t\t\tclass=\"lightbox-trigger\"\n\t\t\ttype=\"button\"\n\t\t\taria-haspopup=\"dialog\"\n\t\t\tdata-wp-bind--aria-label=\"state.thisImage.triggerButtonAriaLabel\"\n\t\t\tdata-wp-init=\"callbacks.initTriggerButton\"\n\t\t\tdata-wp-on--click=\"actions.showLightbox\"\n\t\t\tdata-wp-style--right=\"state.thisImage.buttonRight\"\n\t\t\tdata-wp-style--top=\"state.thisImage.buttonTop\"\n\t\t>\n\t\t\t<svg xmlns=\"http:\/\/www.w3.org\/2000\/svg\" width=\"12\" height=\"12\" fill=\"none\" viewBox=\"0 0 12 12\">\n\t\t\t\t<path fill=\"#fff\" d=\"M2 0a2 2 0 0 0-2 2v2h1.5V2a.5.5 0 0 1 .5-.5h2V0H2Zm2 10.5H2a.5.5 0 0 1-.5-.5V8H0v2a2 2 0 0 0 2 2h2v-1.5ZM8 12v-1.5h2a.5.5 0 0 0 .5-.5V8H12v2a2 2 0 0 1-2 2H8Zm2-12a2 2 0 0 1 2 2v2h-1.5V2a.5.5 0 0 0-.5-.5H8V0h2Z\" \/>\n\t\t\t<\/svg>\n\t\t<\/button><\/figure>\n\n\n\n<h2 class=\"wp-block-heading\"><span class=\"ez-toc-section\" id=\"Praktyczny_poradnik_co_zabrac_z_dziecmi_i_w_gotowce\"><\/span>Praktyczny poradnik: co zabra\u0107, z dzie\u0107mi i w got\u00f3wce<span class=\"ez-toc-section-end\"><\/span><\/h2>\n\n\n\n<p class=\"wp-block-paragraph\">Zanim wyruszysz, spakuj <strong>du\u017cy r\u0119cznik pod siebie do sauny<\/strong>, bo u naszych s\u0105siad\u00f3w w saunie przebywa si\u0119 zasadniczo bez stroju k\u0105pielowego, a r\u0119cznik musi by\u0107 pod ca\u0142ym cia\u0142em. Do przemieszczania si\u0119 mi\u0119dzy basenami przydadz\u0105 si\u0119 klapki, a na sam\u0105 k\u0105piel oczywi\u015bcie str\u00f3j k\u0105pielowy. Wypo\u017cyczenie szlafroka lub r\u0119cznika na miejscu jest prawie wsz\u0119dzie p\u0142atne, na przyk\u0142ad w Thermen &#038; Badewelt Sinsheim <strong>dasz za szlafrok 9 \u20ac i kolejne 40 \u20ac jako kaucj\u0119<\/strong>. W Kristalltherme Bad Wilsnack r\u0119cznik ze szlafrokiem wyjd\u0105 ci\u0119 12 \u20ac, a do tego przygotuj kaucj\u0119 15 \u20ac.<\/p>\n\n\n\n<p class=\"wp-block-paragraph\">Portfel mo\u017cesz spokojnie zostawi\u0107 w szafce, bo w \u015brodku <strong>p\u0142aci si\u0119 za pomoc\u0105 chipa lub opaski<\/strong>, kt\u00f3r\u0105 dostajesz przy wej\u015bciu. Rachunek za jedzenie i ewentualne dop\u0142aty za d\u0142u\u017cszy pobyt rozliczysz dopiero na ko\u0144cu przy kasie wyj\u015bciowej, przy czym niekt\u00f3re obiekty maj\u0105 ustawione limity kredytowe, jak na przyk\u0142ad Titania Neus\u00e4\u00df z limitem 50 \u20ac na doros\u0142ego. <strong>\ud83d\udca1 Wskaz\u00f3wka:<\/strong> Je\u015bli odwiedzasz termy cz\u0119\u015bciej, zapytaj o karty przedp\u0142acone, bo na przyk\u0142ad w Sinsheim otrzymasz z kredytem 150 \u20ac od razu 5% zni\u017cki na wst\u0119p.<\/p>\n\n\n\n<p class=\"wp-block-paragraph\">Parkowanie bywa u wi\u0119kszo\u015bci obiekt\u00f3w rozwi\u0105zane hojnymi parkingami, przy czym niekt\u00f3re miejsca my\u015bl\u0105 te\u017c o kamperach, co oferuje na przyk\u0142ad Adelindis Therme Bad Buchau. W takim Carolus Thermen Aachen <strong>zap\u0142acisz za gara\u017c rycza\u0142t 6 \u20ac<\/strong> na ca\u0142y czas wizyty, a do basen\u00f3w przejdziesz wygodnie od razu such\u0105 stop\u0105.<\/p>\n\n\n\n<p class=\"wp-block-paragraph\">Chcesz spokoju? Wtedy <strong>omi\u0144 weekendy, \u015bwi\u0119ta pa\u0144stwowe i niemieckie wakacje<\/strong>, kiedy wsz\u0119dzie jest nie tylko najwi\u0119cej ludzi, ale cz\u0119sto p\u0142aci si\u0119 te\u017c dop\u0142aty weekendowe w przedziale 1,50 do 5 \u20ac. Niekt\u00f3re obiekty, jak VitaSol Therme Bad Salzuflen, <strong>pokazuj\u0105 nawet na stronie aktualne ob\u0142o\u017cenie<\/strong>, wi\u0119c mo\u017cesz przed wyjazdem sprawdzi\u0107 wolne miejsca. W Spreewald Therme Burg mo\u017cesz natomiast za 7,50 \u20ac zarezerwowa\u0107 konkretn\u0105 le\u017cank\u0119 w strefie spokoju na ca\u0142y dzie\u0144 i mie\u0107 tak swoje miejsce pewne.<\/p>\n\n\n\n<p class=\"wp-block-paragraph\">Rodziny z dzie\u0107mi powinny wcze\u015bniej starannie wybiera\u0107, bo <strong>niekt\u00f3re obiekty maj\u0105 surowe limity wiekowe<\/strong> i stawiaj\u0105 raczej na cichy odpoczynek doros\u0142ych. Do Thermen &#038; Badewelt Sinsheim wpuszcz\u0105 ci\u0119 dopiero od 16 lat, a chocia\u017cby Mineraltherme B\u00f6blingen nie wpuszcza dzieci m\u0142odszych ni\u017c pi\u0119\u0107 lat. Za to w Therme Erding lub w Titania Neus\u00e4\u00df z korzystnymi taryfami rodzinnymi <strong>dzieci wyszalej\u0105 si\u0119 na zje\u017cd\u017calniach i basenie z falami do syta<\/strong>.<\/p>\n\n\n\n<p class=\"wp-block-paragraph\">Przed sam\u0105 podr\u00f3\u017c\u0105 polecam ci <strong>sprawdzi\u0107 aktualny cennik na rok 2026<\/strong> i ewentualne wy\u0142\u0105czenia techniczne bezpo\u015brednio na stronie wybranych uzdrowisk. Unikniesz tak niepotrzebnego rozczarowania na miejscu, bo na przyk\u0142ad zewn\u0119trzny basen termalny w Bodensee-Therme Konstanz ma przegl\u0105d a\u017c do 25 wrze\u015bnia 2026. Warto te\u017c wiedzie\u0107, \u017ce <strong>w D\u00fcnen-Therme St. Peter-Ording jest obecnie nieczynny basen z falami<\/strong> i lubiana Turbo-Rutsche.<\/p>\n\n\n\n<h2 class=\"wp-block-heading\"><span class=\"ez-toc-section\" id=\"Dokad_dalej_kolejne_artykuly_o_termach_i_wellness\"><\/span>Dok\u0105d dalej: kolejne artyku\u0142y o termach i wellness<span class=\"ez-toc-section-end\"><\/span><\/h2>\n\n\n\n<ul class=\"wp-block-list\">\n\n<li><strong><a href=\"https:\/\/loudavymkrokem.cz\/pl\/hotele-wellness-niemcy\/\">Hotele wellness w Niemczech<\/a><\/strong> &#8211; zajrzyj do naszych propozycji najlepszych miejsc na relaks u naszych s\u0105siad\u00f3w.<\/li>\n\n\n\n<li><strong><a href=\"https:\/\/loudavymkrokem.cz\/pl\/najlepsze-aquaparki-niemcy\/\">Najlepsze aquaparki w Niemczech<\/a><\/strong> &#8211; je\u015bli szukasz raczej adrenaliny i zje\u017cd\u017calni, te miejsca ci\u0119 zachwyc\u0105.<\/li>\n\n\n\n<li><strong><a href=\"https:\/\/loudavymkrokem.cz\/pl\/termy-czechy-najlepsze\/\">Najlepsze termy w Czechach<\/a><\/strong> &#8211; odkryj najpi\u0119kniejsze czeskie obiekty, po kt\u00f3re nie musisz podr\u00f3\u017cowa\u0107 za granic\u0119.<\/li>\n\n\n\n<li><strong><a href=\"https:\/\/loudavymkrokem.cz\/pl\/terminale-slowacja\/\">Termy S\u0142owacja<\/a><\/strong> &#8211; dowiedz si\u0119, dok\u0105d wybra\u0107 si\u0119 po gor\u0105ce \u017ar\u00f3d\u0142a i odpoczynek na S\u0142owacji.<\/li>\n\n\n\n<li><strong><a href=\"https:\/\/loudavymkrokem.cz\/pl\/hotele-wellness-austria\/\">Hotele wellness w Austrii<\/a><\/strong> &#8211; zainspiruj si\u0119 przepi\u0119knymi austriackimi hotelami, kt\u00f3re \u0142\u0105cz\u0105 g\u00f3ry i luksusow\u0105 opiek\u0119.<\/li>\n\n\n\n<li><strong><a href=\"https:\/\/loudavymkrokem.cz\/pl\/zamek-neuschwanstein-niemcy\/\">Zamek Neuschwanstein<\/a><\/strong> &#8211; przeczytaj o bajkowym zamku, bo K\u00f6nigliche Kristall-Therme w Schwangau stoi bezpo\u015brednio pod nim.<\/li>\n\n\n<\/ul>\n\n\n\n<h2 class=\"wp-block-heading\"><span class=\"ez-toc-section\" id=\"Czesto_zadawane_pytania\"><\/span>Cz\u0119sto zadawane pytania<span class=\"ez-toc-section-end\"><\/span><\/h2>\n\n\n\n<p class=\"wp-block-paragraph\">Masz jeszcze jakie\u015b dodatkowe pytania dotycz\u0105ce wizyty w niemieckich uzdrowiskach? Przygotowa\u0142am dla ciebie zestawienie najcz\u0119stszych pyta\u0144, kt\u00f3re u\u0142atwi\u0105 ci planowanie twojej drogi.<\/p>\n\n\n<div id=\"rank-math-faq\" class=\"rank-math-block\">\n<div class=\"rank-math-list \">\n<div id=\"faq-question-1788420581000\" class=\"rank-math-list-item\">\n<h3 class=\"rank-math-question \"><span class=\"ez-toc-section\" id=\"Jakie_sa_najwieksze_termy_w_Niemczech\"><\/span>Jakie s\u0105 najwi\u0119ksze termy w Niemczech?<span class=\"ez-toc-section-end\"><\/span><\/h3>\n<div class=\"rank-math-answer \">\n\n<p>Tytu\u0142 najwi\u0119kszych term w Niemczech dzier\u017cy Therme Erding. Wed\u0142ug oficjalnej strony internetowej znajdziesz tam 40 basen\u00f3w, 38 saun i \u0142a\u017ani parowych oraz a\u017c 28 zje\u017cd\u017cal\u0144 o \u0142\u0105cznej d\u0142ugo\u015bci ponad 2 850 metr\u00f3w. To ogromny kompleks, kt\u00f3ry rozci\u0105ga si\u0119 na ogromnej powierzchni i oferuje rozrywk\u0119 na ca\u0142y dzie\u0144 dla doros\u0142ych i dzieci.<\/p>\n\n<\/div>\n<\/div>\n<div id=\"faq-question-1788420581001\" class=\"rank-math-list-item\">\n<h3 class=\"rank-math-question \"><span class=\"ez-toc-section\" id=\"Ile_kosztuje_wstep_do_niemieckich_term\"><\/span>Ile kosztuje wst\u0119p do niemieckich term?<span class=\"ez-toc-section-end\"><\/span><\/h3>\n<div class=\"rank-math-answer \">\n\n<p>Poziom cen na rok 2026 typowo waha si\u0119 mi\u0119dzy 55 a 90 z\u0142 (13\u201321 \u20ac) za dwie godziny k\u0105pieli. Za ca\u0142odzienny wst\u0119p zap\u0142acisz zazwyczaj od 75 do 160 z\u0142 (18\u201337 \u20ac). Najdro\u017csze w naszym zestawieniu s\u0105 \u0142a\u017anie Therme Bad W\u00f6rishofen, gdzie bilet ca\u0142odzienny kosztuje 220 z\u0142 (51 \u20ac). Je\u015bli chcesz odwiedzi\u0107 tak\u017ce \u015bwiat saun, licz si\u0119 z dop\u0142at\u0105 oko\u0142o 20\u201345 z\u0142 (5\u201310 \u20ac).<\/p>\n\n<\/div>\n<\/div>\n<div id=\"faq-question-1788420581002\" class=\"rank-math-list-item\">\n<h3 class=\"rank-math-question \"><span class=\"ez-toc-section\" id=\"Czy_w_niemieckiej_saunie_trzeba_chodzic_nago\"><\/span>Czy w niemieckiej saunie trzeba chodzi\u0107 nago?<span class=\"ez-toc-section-end\"><\/span><\/h3>\n<div class=\"rank-math-answer \">\n\n<p>Tak, do saun w Niemczech wchodzi si\u0119 wy\u0142\u0105cznie bez stroj\u00f3w k\u0105pielowych. Nie zapomnij wi\u0119c zabra\u0107 du\u017cego r\u0119cznika lub prze\u015bcierad\u0142a, poniewa\u017c musisz mie\u0107 pod\u0142o\u017cone ca\u0142e cia\u0142o, w\u0142\u0105cznie ze stopami. Je\u015bli si\u0119 wstydzisz, mo\u017cesz owin\u0105\u0107 si\u0119 w saun\u0119, ale w mokrych strojach ratownicy nie wpuszcz\u0105 ci\u0119 tam ze wzgl\u0119d\u00f3w higienicznych.<\/p>\n\n<\/div>\n<\/div>\n<div id=\"faq-question-1788420581003\" class=\"rank-math-list-item\">\n<h3 class=\"rank-math-question \"><span class=\"ez-toc-section\" id=\"Ktore_niemieckie_termy_sa_najblizej_polskiej_granicy\"><\/span>Kt\u00f3re niemieckie termy s\u0105 najbli\u017cej polskiej granicy?<span class=\"ez-toc-section-end\"><\/span><\/h3>\n<div class=\"rank-math-answer \">\n\n<p>Tu\u017c za granic\u0105 w Saksonii niedaleko G\u00f6rlitz znajduj\u0105 si\u0119 r\u00f3\u017cne obiekty termalne, takie jak Toskana Therme Bad Schandau w Saskiej Szwajcarii ze znan\u0105 koncepcj\u0105 muzyki pod wod\u0105. Z zachodniej i po\u0142udniowo-zachodniej Polski \u0142atwo dotrze\u0107 tak\u017ce do Therme Erding pod Monachium, a tak\u017ce do uzdrowisk Bad F\u00fcssing i Bad Griesbach w Bawarii.<\/p>\n\n<\/div>\n<\/div>\n<div id=\"faq-question-1788420581004\" class=\"rank-math-list-item\">\n<h3 class=\"rank-math-question \"><span class=\"ez-toc-section\" id=\"Czy_dzieci_moga_wchodzic_do_niemieckich_term\"><\/span>Czy dzieci mog\u0105 wchodzi\u0107 do niemieckich term?<span class=\"ez-toc-section-end\"><\/span><\/h3>\n<div class=\"rank-math-answer \">\n\n<p>Zale\u017cy to od konkretnego obiektu, poniewa\u017c wiele z nich koncentruje si\u0119 raczej na doros\u0142ych. Na przyk\u0142ad do Thermen &amp; Badewelt Sinsheim wst\u0119p maj\u0105 osoby dopiero od 16 roku \u017cycia, a Mineraltherme B\u00f6blingen nie wpuszcza dzieci poni\u017cej 5 lat. Z kolei Therme Erding czy Titania Neus\u00e4\u00df s\u0105 stworzone dla rodzin z dzie\u0107mi i oferuj\u0105 taryfy rodzinne oraz atrakcje.<\/p>\n\n<\/div>\n<\/div>\n<div id=\"faq-question-1788420581005\" class=\"rank-math-list-item\">\n<h3 class=\"rank-math-question \"><span class=\"ez-toc-section\" id=\"Co_oznacza_Bademantelgang\"><\/span>Co oznacza Bademantelgang?<span class=\"ez-toc-section-end\"><\/span><\/h3>\n<div class=\"rank-math-answer \">\n\n<p>S\u0142owo Bademantelgang oznacza ogrzewany korytarz, kt\u00f3ry \u0142\u0105czy wybrane obiekty noclegowe bezpo\u015brednio z kompleksem termalnym. Dzi\u0119ki temu mo\u017cesz przebra\u0107 si\u0119 w str\u00f3j k\u0105pielowy i szlafrok ju\u017c w zaciszu swojego pokoju hotelowego i przej\u015b\u0107 do basen\u00f3w tzw. such\u0105 stop\u0105. Odpadnie ci w ten spos\u00f3b konieczno\u015b\u0107 korzystania ze wsp\u00f3lnych szatni i szafek w \u0142a\u017aniach.<\/p>\n\n<\/div>\n<\/div>\n<div id=\"faq-question-1788420581006\" class=\"rank-math-list-item\">\n<h3 class=\"rank-math-question \"><span class=\"ez-toc-section\" id=\"Czy_musze_zabrac_wlasny_recznik_i_szlafrok\"><\/span>Czy musz\u0119 zabra\u0107 w\u0142asny r\u0119cznik i szlafrok?<span class=\"ez-toc-section-end\"><\/span><\/h3>\n<div class=\"rank-math-answer \">\n\n<p>Zabierz w\u0142asne wyposa\u017cenie, poniewa\u017c wypo\u017cyczenie szlafroka i r\u0119cznika w niemieckich termach jest prawie zawsze p\u0142atne i wymaga kaucji. Na przyk\u0142ad w Kristalltherme Bad Wilsnack zap\u0142acisz za r\u0119cznik 5 \u20ac i za szlafrok 7 \u20ac, a dodatkowo zostawisz kaucj\u0119 15 \u20ac. W ten spos\u00f3b niepotrzebnie zwi\u0119kszysz koszty wizyty.<\/p>\n\n<\/div>\n<\/div>\n<div id=\"faq-question-1788420581007\" class=\"rank-math-list-item\">\n<h3 class=\"rank-math-question \"><span class=\"ez-toc-section\" id=\"Kiedy_w_niemieckich_termach_jest_najmniej_ludzi\"><\/span>Kiedy w niemieckich termach jest najmniej ludzi?<span class=\"ez-toc-section-end\"><\/span><\/h3>\n<div class=\"rank-math-answer \">\n\n<p>Najwi\u0119kszy spok\u00f3j b\u0119dziesz cieszy\u0107 si\u0119 w dni powszednie, idealnie zaraz po porannym otwarciu lub wieczorami. Z pewno\u015bci\u0105 unikaj weekend\u00f3w, \u015bwi\u0105t pa\u0144stwowych i termin\u00f3w niemieckich ferii szkolnych. Wiele \u0142a\u017ani dodatkowo w weekendy pobiera dop\u0142aty do wst\u0119pu, zwykle w przedziale 1,50\u20135 \u20ac, wi\u0119c wizyt\u0105 w dzie\u0144 powszedni jeszcze zaoszcz\u0119dzisz.<\/p>\n\n<\/div>\n<\/div>\n<div id=\"faq-question-1788420581008\" class=\"rank-math-list-item\">\n<h3 class=\"rank-math-question \"><span class=\"ez-toc-section\" id=\"Czy_w_Niemczech_placi_sie_oplate_uzdrowiskowa\"><\/span>Czy w Niemczech p\u0142aci si\u0119 op\u0142at\u0119 uzdrowiskow\u0105?<span class=\"ez-toc-section-end\"><\/span><\/h3>\n<div class=\"rank-math-answer \">\n\n<p>Tak, je\u015bli zatrzymasz si\u0119 w tradycyjnym mie\u015bcie uzdrowiskowym, zap\u0142acisz op\u0142at\u0119 pobytow\u0105, czyli Kurbeitrag. W zamian za to jednak zazwyczaj otrzymasz kart\u0119 go\u015bcia, kt\u00f3ra zapewni ci zni\u017cki na wst\u0119py. Na przyk\u0142ad go\u015bcie zakwaterowani w okolicy Havel Therme Werder maj\u0105 w dni powszednie prawo do zni\u017cki na wst\u0119p, wystarczy tylko pokaza\u0107 kart\u0119 w kasie.<\/p>\n\n<\/div>\n<\/div>\n<div id=\"faq-question-1788420581009\" class=\"rank-math-list-item\">\n<h3 class=\"rank-math-question \"><span class=\"ez-toc-section\" id=\"Ktore_niemieckie_termy_najlepiej_nadaja_sie_dla_rodzin_z_dziecmi\"><\/span>Kt\u00f3re niemieckie termy najlepiej nadaj\u0105 si\u0119 dla rodzin z dzie\u0107mi?<span class=\"ez-toc-section-end\"><\/span><\/h3>\n<div class=\"rank-math-answer \">\n\n<p>Jednoznacznie najlepszym wyborem dla rodzin jest Therme Erding, gdzie dzieci wyszalej\u0105 si\u0119 na 28 zje\u017cd\u017calniach i w du\u017cym basenie z falami. \u015awietne s\u0105 tak\u017ce \u0142a\u017anie Spreewelten Bad L\u00fcbbenau, gdzie przez szklan\u0105 \u015bcian\u0119 w basenie mo\u017cesz obserwowa\u0107 \u017cywe pingwiny. Doskona\u0142e zaplecze oferuje te\u017c Titania Neus\u00e4\u00df czy D\u00fcnen-Therme St. Peter-Ording, kt\u00f3re maj\u0105 przygotowane korzystne taryfy dla dzieci.<\/p>\n\n<\/div>\n<\/div>\n<\/div>\n<\/div>","protected":false},"excerpt":{"rendered":"<p>Kompletne zestawienie 51 niemieckich term wed\u0142ug kraj\u00f3w zwi\u0105zkowych: ceny 2026, gdzie chodzi si\u0119 bez stroju k\u0105pielowego i gdzie spa\u0107 prosto przy basenie.<\/p>\n","protected":false},"author":3,"featured_media":415526,"comment_status":"open","ping_status":"open","sticky":false,"template":"","format":"standard","meta":{"_acf_changed":false,"footnotes":"","rank_math_title":"Termy w Niemczech: 51 najlepszych na 2026","rank_math_description":"Termy w Niemczech: 51 sprawdzonych propozycji z cenami 2026, wskaz\u00f3wkami o saunach bez stroju i hotelami przy basenie. Zobacz, dok\u0105d wybra\u0107 si\u0119 na relaks!","rank_math_focus_keyword":"termy niemcy","rank_math_seo_score":""},"categories":[267,298,740],"tags":[],"class_list":["post-418260","post","type-post","status-publish","format-standard","has-post-thumbnail","category-europa","category-niemcy","category-podroze"],"acf":[],"featured_image_src":"https:\/\/loudavymkrokem.cz\/wp-content\/uploads\/2026\/09\/nemecko-clanky-termaly-nemecko-featured-c2c297a7.jpg","author_info":{"display_name":"Lucie Kone\u010dn\u00e1","author_link":"https:\/\/loudavymkrokem.cz\/pl\/author\/lucie-konecna\/"},"_links":{"self":[{"href":"https:\/\/loudavymkrokem.cz\/pl\/wp-json\/wp\/v2\/posts\/418260","targetHints":{"allow":["GET"]}}],"collection":[{"href":"https:\/\/loudavymkrokem.cz\/pl\/wp-json\/wp\/v2\/posts"}],"about":[{"href":"https:\/\/loudavymkrokem.cz\/pl\/wp-json\/wp\/v2\/types\/post"}],"author":[{"embeddable":true,"href":"https:\/\/loudavymkrokem.cz\/pl\/wp-json\/wp\/v2\/users\/3"}],"replies":[{"embeddable":true,"href":"https:\/\/loudavymkrokem.cz\/pl\/wp-json\/wp\/v2\/comments?post=418260"}],"version-history":[{"count":2,"href":"https:\/\/loudavymkrokem.cz\/pl\/wp-json\/wp\/v2\/posts\/418260\/revisions"}],"predecessor-version":[{"id":418265,"href":"https:\/\/loudavymkrokem.cz\/pl\/wp-json\/wp\/v2\/posts\/418260\/revisions\/418265"}],"wp:featuredmedia":[{"embeddable":true,"href":"https:\/\/loudavymkrokem.cz\/pl\/wp-json\/wp\/v2\/media\/415526"}],"wp:attachment":[{"href":"https:\/\/loudavymkrokem.cz\/pl\/wp-json\/wp\/v2\/media?parent=418260"}],"wp:term":[{"taxonomy":"category","embeddable":true,"href":"https:\/\/loudavymkrokem.cz\/pl\/wp-json\/wp\/v2\/categories?post=418260"},{"taxonomy":"post_tag","embeddable":true,"href":"https:\/\/loudavymkrokem.cz\/pl\/wp-json\/wp\/v2\/tags?post=418260"}],"curies":[{"name":"wp","href":"https:\/\/api.w.org\/{rel}","templated":true}]}}