{"id":409960,"date":"2026-08-27T11:40:20","date_gmt":"2026-08-27T09:40:20","guid":{"rendered":"https:\/\/loudavymkrokem.cz\/?p=409960"},"modified":"2026-09-02T04:07:58","modified_gmt":"2026-09-02T02:07:58","slug":"olomuniec-czechy-z-dziecmi","status":"publish","type":"post","link":"https:\/\/loudavymkrokem.cz\/pl\/olomuniec-czechy-z-dziecmi\/","title":{"rendered":"O\u0142omuniec z dzie\u0107mi: 34 pomys\u0142y, co robi\u0107 w 2026 roku"},"content":{"rendered":"\n<p class=\"wp-block-paragraph\"><strong>O\u0142omuniec z dzie\u0107mi<\/strong> brzmi na pierwszy rzut oka jak do\u015b\u0107 ryzykowny plan. Kiedy s\u0142yszysz &#8222;drugi co do wielko\u015bci zesp\u00f3\u0142 zabytkowy w Czechach&#8221;, wielu rodzic\u00f3w od razu wyobra\u017ca sobie znudzone dzieci, kt\u00f3re wlek\u0105 si\u0119 po brukowanych uliczkach i co pi\u0119\u0107 minut pytaj\u0105, kiedy wreszcie p\u00f3jd\u0105 na plac zabaw. Ale O\u0142omuniec potrafi zaskoczy\u0107. To niesamowicie kompaktowe miasto, gdzie wszystko, co wa\u017cne, masz w zasi\u0119gu spaceru, historyczne centrum dzia\u0142a jak rozleg\u0142a strefa piesza, a co najwa\u017cniejsze, oferuje tyle interaktywnej zabawy, \u017ce nie b\u0119dziesz wiedzie\u0107, w co r\u0119ce w\u0142o\u017cy\u0107. Je\u015bli wi\u0119c zastanawiasz si\u0119, <strong>gdzie wybra\u0107 si\u0119 z dzie\u0107mi w O\u0142omu\u0144cu<\/strong>, przygotuj si\u0119, \u017ce jeden weekend mo\u017ce ci nie wystarczy\u0107.<\/p>\n\n\n\n<p class=\"wp-block-paragraph\">Nasza rodzina zakocha\u0142a si\u0119 w tym mie\u015bcie bez pami\u0119ci, bo z punktu widzenia rodzica to po prostu idealny cel. Nie musisz si\u0119 bez przerwy przemieszcza\u0107 zat\u0142oczon\u0105 komunikacj\u0105, w\u00f3zek prowadzi si\u0119 tu zaskakuj\u0105co dobrze, a lokalna kultura kawiarniana jest wr\u0119cz s\u0142ynna. Zebra\u0142am wi\u0119c pomys\u0142y na <strong>O\u0142omuniec z dzie\u0107mi<\/strong> tak, aby sprawdzi\u0142y si\u0119 przy ka\u017cdej pogodzie: co robi\u0107 na dworze, gdy \u015bwieci s\u0142o\u0144ce, gdzie si\u0119 schowa\u0107, gdy zacznie pada\u0107, i dok\u0105d wyruszy\u0107, gdy zostanie ci jeszcze jeden dzie\u0144 w zapasie.<\/p>\n\n\n\n<p class=\"wp-block-paragraph\">Czy masz w domu malucha, kt\u00f3ry potrzebuje przede wszystkim bezpiecznej przestrzeni do biegania, czy starszego uczniaka ceni\u0105cego raczej adrenalin\u0119 i naukowe eksperymenty, znajdziesz tu co\u015b dla siebie. Czekaj\u0105 tu najlepsze atrakcje, ulubione sale zabaw, ogr\u00f3d zoologiczny na wzg\u00f3rzu nad miastem oraz miejsca, gdzie zjecie z rodzin\u0105 bez stresu.<\/p>\n\n\n\n<figure data-wp-context=\"{&quot;imageId&quot;:&quot;6a97aa5e16903&quot;}\" data-wp-interactive=\"core\/image\" data-wp-key=\"6a97aa5e16903\" class=\"wp-block-image size-full wp-lightbox-container\"><img decoding=\"async\" width=\"1650\" height=\"2200\" data-wp-class--hide=\"state.isContentHidden\" data-wp-class--show=\"state.isContentVisible\" data-wp-init=\"callbacks.setButtonStyles\" data-wp-on--click=\"actions.showLightbox\" data-wp-on--load=\"callbacks.setButtonStyles\" data-wp-on--pointerdown=\"actions.preloadImage\" data-wp-on--pointerenter=\"actions.preloadImageWithDelay\" data-wp-on--pointerleave=\"actions.cancelPreload\" data-wp-on-window--resize=\"callbacks.setButtonStyles\" src=\"https:\/\/loudavymkrokem.cz\/wp-content\/uploads\/2026\/08\/olomouc-s-detmi-hernicka-drevene-hracky.jpg\" alt=\"Dzieci\u0119ca sala zabaw w centrum O\u0142omu\u0144ca z drewnianymi zabawkami i domkiem\" class=\"wp-image-401018\" title=\"\" srcset=\"https:\/\/loudavymkrokem.cz\/wp-content\/uploads\/2026\/08\/olomouc-s-detmi-hernicka-drevene-hracky.jpg 1650w, https:\/\/loudavymkrokem.cz\/wp-content\/uploads\/2026\/08\/olomouc-s-detmi-hernicka-drevene-hracky-225x300.jpg 225w, https:\/\/loudavymkrokem.cz\/wp-content\/uploads\/2026\/08\/olomouc-s-detmi-hernicka-drevene-hracky-700x933.jpg 700w, https:\/\/loudavymkrokem.cz\/wp-content\/uploads\/2026\/08\/olomouc-s-detmi-hernicka-drevene-hracky-768x1024.jpg 768w, https:\/\/loudavymkrokem.cz\/wp-content\/uploads\/2026\/08\/olomouc-s-detmi-hernicka-drevene-hracky-1152x1536.jpg 1152w, https:\/\/loudavymkrokem.cz\/wp-content\/uploads\/2026\/08\/olomouc-s-detmi-hernicka-drevene-hracky-1536x2048.jpg 1536w, https:\/\/loudavymkrokem.cz\/wp-content\/uploads\/2026\/08\/olomouc-s-detmi-hernicka-drevene-hracky-696x928.jpg 696w, https:\/\/loudavymkrokem.cz\/wp-content\/uploads\/2026\/08\/olomouc-s-detmi-hernicka-drevene-hracky-1392x1856.jpg 1392w\" sizes=\"(max-width: 1650px) 100vw, 1650px\" \/><button\n\t\t\tclass=\"lightbox-trigger\"\n\t\t\ttype=\"button\"\n\t\t\taria-haspopup=\"dialog\"\n\t\t\tdata-wp-bind--aria-label=\"state.thisImage.triggerButtonAriaLabel\"\n\t\t\tdata-wp-init=\"callbacks.initTriggerButton\"\n\t\t\tdata-wp-on--click=\"actions.showLightbox\"\n\t\t\tdata-wp-style--right=\"state.thisImage.buttonRight\"\n\t\t\tdata-wp-style--top=\"state.thisImage.buttonTop\"\n\t\t>\n\t\t\t<svg xmlns=\"http:\/\/www.w3.org\/2000\/svg\" width=\"12\" height=\"12\" fill=\"none\" viewBox=\"0 0 12 12\">\n\t\t\t\t<path fill=\"#fff\" d=\"M2 0a2 2 0 0 0-2 2v2h1.5V2a.5.5 0 0 1 .5-.5h2V0H2Zm2 10.5H2a.5.5 0 0 1-.5-.5V8H0v2a2 2 0 0 0 2 2h2v-1.5ZM8 12v-1.5h2a.5.5 0 0 0 .5-.5V8H12v2a2 2 0 0 1-2 2H8Zm2-12a2 2 0 0 1 2 2v2h-1.5V2a.5.5 0 0 0-.5-.5H8V0h2Z\" \/>\n\t\t\t<\/svg>\n\t\t<\/button><figcaption class=\"wp-element-caption\">O\u0142omunieckie sale zabaw w centrum uratuj\u0105 ka\u017cdy deszczowy dzie\u0144<\/figcaption><\/figure>\n\n\n\n<div id=\"ez-toc-container\" class=\"ez-toc-v2_0_87 ez-toc-wrap-left counter-hierarchy ez-toc-counter ez-toc-grey ez-toc-container-direction\">\n<div class=\"ez-toc-title-container\">\n<p class=\"ez-toc-title\" style=\"cursor:inherit\">Tre\u015b\u0107 artyku\u0142u<\/p>\n<span class=\"ez-toc-title-toggle\"><a href=\"#\" class=\"ez-toc-pull-right ez-toc-btn ez-toc-btn-xs ez-toc-btn-default ez-toc-toggle\" aria-label=\"Prze\u0142\u0105cznik Spisu Tre\u015bci\"><span class=\"ez-toc-js-icon-con\"><span class=\"\"><span class=\"eztoc-hide\" style=\"display:none;\">Toggle<\/span><span class=\"ez-toc-icon-toggle-span\"><svg style=\"fill: #999;color:#999\" xmlns=\"http:\/\/www.w3.org\/2000\/svg\" class=\"list-377408\" width=\"20px\" height=\"20px\" viewBox=\"0 0 24 24\" fill=\"none\"><path d=\"M6 6H4v2h2V6zm14 0H8v2h12V6zM4 11h2v2H4v-2zm16 0H8v2h12v-2zM4 16h2v2H4v-2zm16 0H8v2h12v-2z\" fill=\"currentColor\"><\/path><\/svg><svg style=\"fill: #999;color:#999\" class=\"arrow-unsorted-368013\" xmlns=\"http:\/\/www.w3.org\/2000\/svg\" width=\"10px\" height=\"10px\" viewBox=\"0 0 24 24\" version=\"1.2\" baseProfile=\"tiny\"><path d=\"M18.2 9.3l-6.2-6.3-6.2 6.3c-.2.2-.3.4-.3.7s.1.5.3.7c.2.2.4.3.7.3h11c.3 0 .5-.1.7-.3.2-.2.3-.5.3-.7s-.1-.5-.3-.7zM5.8 14.7l6.2 6.3 6.2-6.3c.2-.2.3-.5.3-.7s-.1-.5-.3-.7c-.2-.2-.4-.3-.7-.3h-11c-.3 0-.5.1-.7.3-.2.2-.3.5-.3.7s.1.5.3.7z\"\/><\/svg><\/span><\/span><\/span><\/a><\/span><\/div>\n<nav><ul class='ez-toc-list ez-toc-list-level-1 ' ><ul class='ez-toc-list-level-3' ><li class='ez-toc-heading-level-3'><a class=\"ez-toc-link ez-toc-heading-1\" href=\"https:\/\/loudavymkrokem.cz\/pl\/olomuniec-czechy-z-dziecmi\/#Podsumowanie_Olomuniec_z_dziecmi_w_pigulce\" >Podsumowanie: O\u0142omuniec z dzie\u0107mi w pigu\u0142ce<\/a><\/li><\/ul><\/li><li class='ez-toc-page-1 ez-toc-heading-level-2'><a class=\"ez-toc-link ez-toc-heading-2\" href=\"https:\/\/loudavymkrokem.cz\/pl\/olomuniec-czechy-z-dziecmi\/#Kiedy_wybrac_sie_do_Olomunca_z_dziecmi\" >Kiedy wybra\u0107 si\u0119 do O\u0142omu\u0144ca z dzie\u0107mi<\/a><\/li><li class='ez-toc-page-1 ez-toc-heading-level-2'><a class=\"ez-toc-link ez-toc-heading-3\" href=\"https:\/\/loudavymkrokem.cz\/pl\/olomuniec-czechy-z-dziecmi\/#Gdzie_sie_zatrzymac_w_Olomuncu_z_dziecmi\" >Gdzie si\u0119 zatrzyma\u0107 w O\u0142omu\u0144cu z dzie\u0107mi<\/a><\/li><li class='ez-toc-page-1 ez-toc-heading-level-2'><a class=\"ez-toc-link ez-toc-heading-4\" href=\"https:\/\/loudavymkrokem.cz\/pl\/olomuniec-czechy-z-dziecmi\/#Co_robic_w_Olomuncu_z_dziecmi_na_dworze\" >Co robi\u0107 w O\u0142omu\u0144cu z dzie\u0107mi na dworze<\/a><ul class='ez-toc-list-level-3' ><li class='ez-toc-heading-level-3'><a class=\"ez-toc-link ez-toc-heading-5\" href=\"https:\/\/loudavymkrokem.cz\/pl\/olomuniec-czechy-z-dziecmi\/#1_Olomuniecki_zegar_astronomiczny\" >1. O\u0142omuniecki zegar astronomiczny<\/a><\/li><li class='ez-toc-page-1 ez-toc-heading-level-3'><a class=\"ez-toc-link ez-toc-heading-6\" href=\"https:\/\/loudavymkrokem.cz\/pl\/olomuniec-czechy-z-dziecmi\/#2_Kolumna_Trojcy_Przenajswietszej\" >2. Kolumna Tr\u00f3jcy Przenaj\u015bwi\u0119tszej<\/a><\/li><li class='ez-toc-page-1 ez-toc-heading-level-3'><a class=\"ez-toc-link ez-toc-heading-7\" href=\"https:\/\/loudavymkrokem.cz\/pl\/olomuniec-czechy-z-dziecmi\/#3_Poszukiwanie_barokowych_fontann\" >3. Poszukiwanie barokowych fontann<\/a><\/li><li class='ez-toc-page-1 ez-toc-heading-level-3'><a class=\"ez-toc-link ez-toc-heading-8\" href=\"https:\/\/loudavymkrokem.cz\/pl\/olomuniec-czechy-z-dziecmi\/#4_Wieza_ratuszowa\" >4. Wie\u017ca ratuszowa<\/a><\/li><li class='ez-toc-page-1 ez-toc-heading-level-3'><a class=\"ez-toc-link ez-toc-heading-9\" href=\"https:\/\/loudavymkrokem.cz\/pl\/olomuniec-czechy-z-dziecmi\/#5_Kosciol_sw_Maurycego_i_wejscie_na_wieze\" >5. Ko\u015bci\u00f3\u0142 \u015bw. Maurycego i wej\u015bcie na wie\u017c\u0119<\/a><\/li><li class='ez-toc-page-1 ez-toc-heading-level-3'><a class=\"ez-toc-link ez-toc-heading-10\" href=\"https:\/\/loudavymkrokem.cz\/pl\/olomuniec-czechy-z-dziecmi\/#6_Parki_Smetany\" >6. Parki Smetany<\/a><\/li><li class='ez-toc-page-1 ez-toc-heading-level-3'><a class=\"ez-toc-link ez-toc-heading-11\" href=\"https:\/\/loudavymkrokem.cz\/pl\/olomuniec-czechy-z-dziecmi\/#7_Parki_Bezruca_i_mury_obronne\" >7. Parki Bezru\u010da i mury obronne<\/a><\/li><li class='ez-toc-page-1 ez-toc-heading-level-3'><a class=\"ez-toc-link ez-toc-heading-12\" href=\"https:\/\/loudavymkrokem.cz\/pl\/olomuniec-czechy-z-dziecmi\/#8_Rozarium\" >8. Rozarium<\/a><\/li><li class='ez-toc-page-1 ez-toc-heading-level-3'><a class=\"ez-toc-link ez-toc-heading-13\" href=\"https:\/\/loudavymkrokem.cz\/pl\/olomuniec-czechy-z-dziecmi\/#9_Twierdza_Koronna\" >9. Twierdza Koronna<\/a><\/li><li class='ez-toc-page-1 ez-toc-heading-level-3'><a class=\"ez-toc-link ez-toc-heading-14\" href=\"https:\/\/loudavymkrokem.cz\/pl\/olomuniec-czechy-z-dziecmi\/#10_Murale_i_street_art_w_przejsciach\" >10. Murale i street art w przej\u015bciach<\/a><\/li><\/ul><\/li><li class='ez-toc-page-1 ez-toc-heading-level-2'><a class=\"ez-toc-link ez-toc-heading-15\" href=\"https:\/\/loudavymkrokem.cz\/pl\/olomuniec-czechy-z-dziecmi\/#Gdy_pada_sale_zabaw_muzea_i_centra_rozrywki\" >Gdy pada: sale zabaw, muzea i centra rozrywki<\/a><ul class='ez-toc-list-level-3' ><li class='ez-toc-heading-level-3'><a class=\"ez-toc-link ez-toc-heading-16\" href=\"https:\/\/loudavymkrokem.cz\/pl\/olomuniec-czechy-z-dziecmi\/#11_Twierdza_Poznania_Pevnost_poznani\" >11. Twierdza Poznania (Pevnost pozn\u00e1n\u00ed)<\/a><\/li><li class='ez-toc-page-1 ez-toc-heading-level-3'><a class=\"ez-toc-link ez-toc-heading-17\" href=\"https:\/\/loudavymkrokem.cz\/pl\/olomuniec-czechy-z-dziecmi\/#12_JaSam\" >12. J\u00e1S\u00e1m<\/a><\/li><li class='ez-toc-page-1 ez-toc-heading-level-3'><a class=\"ez-toc-link ez-toc-heading-18\" href=\"https:\/\/loudavymkrokem.cz\/pl\/olomuniec-czechy-z-dziecmi\/#13_V_lese\" >13. V lese<\/a><\/li><li class='ez-toc-page-1 ez-toc-heading-level-3'><a class=\"ez-toc-link ez-toc-heading-19\" href=\"https:\/\/loudavymkrokem.cz\/pl\/olomuniec-czechy-z-dziecmi\/#14_Clovickov\" >14. \u010clov\u00ed\u010dkov<\/a><\/li><li class='ez-toc-page-1 ez-toc-heading-level-3'><a class=\"ez-toc-link ez-toc-heading-20\" href=\"https:\/\/loudavymkrokem.cz\/pl\/olomuniec-czechy-z-dziecmi\/#15_Snoezelen_Olomouc\" >15. Snoezelen Olomouc<\/a><\/li><li class='ez-toc-page-1 ez-toc-heading-level-3'><a class=\"ez-toc-link ez-toc-heading-21\" href=\"https:\/\/loudavymkrokem.cz\/pl\/olomuniec-czechy-z-dziecmi\/#16_Rodzinny_park_rozrywki_Krokodylek\" >16. Rodzinny park rozrywki Krokodylek<\/a><\/li><li class='ez-toc-page-1 ez-toc-heading-level-3'><a class=\"ez-toc-link ez-toc-heading-22\" href=\"https:\/\/loudavymkrokem.cz\/pl\/olomuniec-czechy-z-dziecmi\/#17_Amazonie_Olomouc\" >17. Amazonie Olomouc<\/a><\/li><li class='ez-toc-page-1 ez-toc-heading-level-3'><a class=\"ez-toc-link ez-toc-heading-23\" href=\"https:\/\/loudavymkrokem.cz\/pl\/olomuniec-czechy-z-dziecmi\/#18_Park_linowy_PROUD\" >18. Park linowy PROUD<\/a><\/li><li class='ez-toc-page-1 ez-toc-heading-level-3'><a class=\"ez-toc-link ez-toc-heading-24\" href=\"https:\/\/loudavymkrokem.cz\/pl\/olomuniec-czechy-z-dziecmi\/#19_Muzeum_Regionalne_w_Olomuncu\" >19. Muzeum Regionalne w O\u0142omu\u0144cu<\/a><\/li><li class='ez-toc-page-1 ez-toc-heading-level-3'><a class=\"ez-toc-link ez-toc-heading-25\" href=\"https:\/\/loudavymkrokem.cz\/pl\/olomuniec-czechy-z-dziecmi\/#20_Dom_Strachu_Strasidelny_dum\" >20. Dom Strachu (Stra\u0161ideln\u00fd d\u016fm)<\/a><\/li><\/ul><\/li><li class='ez-toc-page-1 ez-toc-heading-level-2'><a class=\"ez-toc-link ez-toc-heading-26\" href=\"https:\/\/loudavymkrokem.cz\/pl\/olomuniec-czechy-z-dziecmi\/#Woda_sport_i_szalenstwo\" >Woda, sport i szale\u0144stwo<\/a><ul class='ez-toc-list-level-3' ><li class='ez-toc-heading-level-3'><a class=\"ez-toc-link ez-toc-heading-27\" href=\"https:\/\/loudavymkrokem.cz\/pl\/olomuniec-czechy-z-dziecmi\/#21_Aquapark_Olomouc\" >21. Aquapark Olomouc<\/a><\/li><li class='ez-toc-page-1 ez-toc-heading-level-3'><a class=\"ez-toc-link ez-toc-heading-28\" href=\"https:\/\/loudavymkrokem.cz\/pl\/olomuniec-czechy-z-dziecmi\/#22_Centrum_Semafor\" >22. Centrum Semafor<\/a><\/li><li class='ez-toc-page-1 ez-toc-heading-level-3'><a class=\"ez-toc-link ez-toc-heading-29\" href=\"https:\/\/loudavymkrokem.cz\/pl\/olomuniec-czechy-z-dziecmi\/#23_Park_linowy_Veverak\" >23. Park linowy Vever\u00e1k<\/a><\/li><li class='ez-toc-page-1 ez-toc-heading-level-3'><a class=\"ez-toc-link ez-toc-heading-30\" href=\"https:\/\/loudavymkrokem.cz\/pl\/olomuniec-czechy-z-dziecmi\/#24_Place_zabaw_w_parkach\" >24. Place zabaw w parkach<\/a><\/li><\/ul><\/li><li class='ez-toc-page-1 ez-toc-heading-level-2'><a class=\"ez-toc-link ez-toc-heading-31\" href=\"https:\/\/loudavymkrokem.cz\/pl\/olomuniec-czechy-z-dziecmi\/#Svaty_Kopecek_ZOO_i_caly_dzien_nad_miastem\" >Svat\u00fd Kope\u010dek: ZOO i ca\u0142y dzie\u0144 nad miastem<\/a><ul class='ez-toc-list-level-3' ><li class='ez-toc-heading-level-3'><a class=\"ez-toc-link ez-toc-heading-32\" href=\"https:\/\/loudavymkrokem.cz\/pl\/olomuniec-czechy-z-dziecmi\/#25_ZOO_Olomuniec_na_Svatym_Kopecku\" >25. ZOO O\u0142omuniec na Svat\u00fdm Kope\u010dku<\/a><\/li><li class='ez-toc-page-1 ez-toc-heading-level-3'><a class=\"ez-toc-link ez-toc-heading-33\" href=\"https:\/\/loudavymkrokem.cz\/pl\/olomuniec-czechy-z-dziecmi\/#26_Wieza_widokowa_w_ZOO\" >26. Wie\u017ca widokowa w ZOO<\/a><\/li><li class='ez-toc-page-1 ez-toc-heading-level-3'><a class=\"ez-toc-link ez-toc-heading-34\" href=\"https:\/\/loudavymkrokem.cz\/pl\/olomuniec-czechy-z-dziecmi\/#27_Bazylika_Nawiedzenia_Najswietszej_Marii_Panny\" >27. Bazylika Nawiedzenia Naj\u015bwi\u0119tszej Marii Panny<\/a><\/li><\/ul><\/li><li class='ez-toc-page-1 ez-toc-heading-level-2'><a class=\"ez-toc-link ez-toc-heading-35\" href=\"https:\/\/loudavymkrokem.cz\/pl\/olomuniec-czechy-z-dziecmi\/#Wycieczki_z_Olomunca_z_dziecmi\" >Wycieczki z O\u0142omu\u0144ca z dzie\u0107mi<\/a><ul class='ez-toc-list-level-3' ><li class='ez-toc-heading-level-3'><a class=\"ez-toc-link ez-toc-heading-36\" href=\"https:\/\/loudavymkrokem.cz\/pl\/olomuniec-czechy-z-dziecmi\/#28_DinoPark_i_ZOO_Park_Vyskov\" >28. DinoPark i ZOO Park Vy\u0161kov<\/a><\/li><li class='ez-toc-page-1 ez-toc-heading-level-3'><a class=\"ez-toc-link ez-toc-heading-37\" href=\"https:\/\/loudavymkrokem.cz\/pl\/olomuniec-czechy-z-dziecmi\/#29_Zamek_Bouzov\" >29. Zamek Bouzov<\/a><\/li><li class='ez-toc-page-1 ez-toc-heading-level-3'><a class=\"ez-toc-link ez-toc-heading-38\" href=\"https:\/\/loudavymkrokem.cz\/pl\/olomuniec-czechy-z-dziecmi\/#30_Jaskinie_Mladec\" >30. Jaskinie Mlade\u010d<\/a><\/li><li class='ez-toc-page-1 ez-toc-heading-level-3'><a class=\"ez-toc-link ez-toc-heading-39\" href=\"https:\/\/loudavymkrokem.cz\/pl\/olomuniec-czechy-z-dziecmi\/#31_Jaskinie_Javoricko\" >31. Jaskinie Javo\u0159\u00ed\u010dko<\/a><\/li><li class='ez-toc-page-1 ez-toc-heading-level-3'><a class=\"ez-toc-link ez-toc-heading-40\" href=\"https:\/\/loudavymkrokem.cz\/pl\/olomuniec-czechy-z-dziecmi\/#32_Muzeum_olomunieckich_tvaruzkow_w_Losticach\" >32. Muzeum o\u0142omunieckich tvar\u016f\u017ek\u00f3w w Lo\u0161ticach<\/a><\/li><li class='ez-toc-page-1 ez-toc-heading-level-3'><a class=\"ez-toc-link ez-toc-heading-41\" href=\"https:\/\/loudavymkrokem.cz\/pl\/olomuniec-czechy-z-dziecmi\/#33_Dzieciece_Muzeum_Dziadka_Pradeda_w_Bludovie\" >33. Dzieci\u0119ce Muzeum Dziadka Prad\u011bda w Bludovie<\/a><\/li><li class='ez-toc-page-1 ez-toc-heading-level-3'><a class=\"ez-toc-link ez-toc-heading-42\" href=\"https:\/\/loudavymkrokem.cz\/pl\/olomuniec-czechy-z-dziecmi\/#34_Fort_Radikov\" >34. Fort Rad\u00edkov<\/a><\/li><\/ul><\/li><li class='ez-toc-page-1 ez-toc-heading-level-2'><a class=\"ez-toc-link ez-toc-heading-43\" href=\"https:\/\/loudavymkrokem.cz\/pl\/olomuniec-czechy-z-dziecmi\/#Gdzie_zjesc_z_dziecmi\" >Gdzie zje\u015b\u0107 z dzie\u0107mi<\/a><\/li><li class='ez-toc-page-1 ez-toc-heading-level-2'><a class=\"ez-toc-link ez-toc-heading-44\" href=\"https:\/\/loudavymkrokem.cz\/pl\/olomuniec-czechy-z-dziecmi\/#Praktyczne_informacje\" >Praktyczne informacje<\/a><\/li><li class='ez-toc-page-1 ez-toc-heading-level-2'><a class=\"ez-toc-link ez-toc-heading-45\" href=\"https:\/\/loudavymkrokem.cz\/pl\/olomuniec-czechy-z-dziecmi\/#Dokad_dalej\" >Dok\u0105d dalej<\/a><\/li><li class='ez-toc-page-1 ez-toc-heading-level-2'><a class=\"ez-toc-link ez-toc-heading-46\" href=\"https:\/\/loudavymkrokem.cz\/pl\/olomuniec-czechy-z-dziecmi\/#Najczesciej_zadawane_pytania\" >Najcz\u0119\u015bciej zadawane pytania<\/a><ul class='ez-toc-list-level-3' ><li class='ez-toc-heading-level-3'><a class=\"ez-toc-link ez-toc-heading-47\" href=\"https:\/\/loudavymkrokem.cz\/pl\/olomuniec-czechy-z-dziecmi\/#Gdzie_wybrac_sie_w_Olomuncu_z_dziecmi_gdy_pada_deszcz\" >Gdzie wybra\u0107 si\u0119 w O\u0142omu\u0144cu z dzie\u0107mi, gdy pada deszcz?<\/a><\/li><li class='ez-toc-page-1 ez-toc-heading-level-3'><a class=\"ez-toc-link ez-toc-heading-48\" href=\"https:\/\/loudavymkrokem.cz\/pl\/olomuniec-czechy-z-dziecmi\/#Ile_kosztuje_ZOO_Olomouc\" >Ile kosztuje ZOO Olomouc?<\/a><\/li><li class='ez-toc-page-1 ez-toc-heading-level-3'><a class=\"ez-toc-link ez-toc-heading-49\" href=\"https:\/\/loudavymkrokem.cz\/pl\/olomuniec-czechy-z-dziecmi\/#Jak_dostac_sie_na_Svaty_Kopecek\" >Jak dosta\u0107 si\u0119 na Svat\u00fd Kope\u010dek?<\/a><\/li><li class='ez-toc-page-1 ez-toc-heading-level-3'><a class=\"ez-toc-link ez-toc-heading-50\" href=\"https:\/\/loudavymkrokem.cz\/pl\/olomuniec-czechy-z-dziecmi\/#Czy_Olomuniec_jest_odpowiedni_dla_wozkow_dzieciecych\" >Czy O\u0142omuniec jest odpowiedni dla w\u00f3zk\u00f3w dzieci\u0119cych?<\/a><\/li><li class='ez-toc-page-1 ez-toc-heading-level-3'><a class=\"ez-toc-link ez-toc-heading-51\" href=\"https:\/\/loudavymkrokem.cz\/pl\/olomuniec-czechy-z-dziecmi\/#Gdzie_w_Olomuncu_z_dziecmi_za_darmo\" >Gdzie w O\u0142omu\u0144cu z dzie\u0107mi za darmo?<\/a><\/li><li class='ez-toc-page-1 ez-toc-heading-level-3'><a class=\"ez-toc-link ez-toc-heading-52\" href=\"https:\/\/loudavymkrokem.cz\/pl\/olomuniec-czechy-z-dziecmi\/#Ile_dni_potrzebujemy_na_Olomuniec_z_dziecmi\" >Ile dni potrzebujemy na O\u0142omuniec z dzie\u0107mi?<\/a><\/li><li class='ez-toc-page-1 ez-toc-heading-level-3'><a class=\"ez-toc-link ez-toc-heading-53\" href=\"https:\/\/loudavymkrokem.cz\/pl\/olomuniec-czechy-z-dziecmi\/#Gdzie_wybrac_sie_na_wycieczke_z_Olomunca_z_dziecmi\" >Gdzie wybra\u0107 si\u0119 na wycieczk\u0119 z O\u0142omu\u0144ca z dzie\u0107mi?<\/a><\/li><li class='ez-toc-page-1 ez-toc-heading-level-3'><a class=\"ez-toc-link ez-toc-heading-54\" href=\"https:\/\/loudavymkrokem.cz\/pl\/olomuniec-czechy-z-dziecmi\/#Jak_daleko_jest_DinoPark_Vyskov_z_Olomunca\" >Jak daleko jest DinoPark Vy\u0161kov z O\u0142omu\u0144ca?<\/a><\/li><\/ul><\/li><\/ul><\/nav><\/div>\n<h3 class=\"wp-block-heading\"><span class=\"ez-toc-section\" id=\"Podsumowanie_Olomuniec_z_dziecmi_w_pigulce\"><\/span>Podsumowanie: O\u0142omuniec z dzie\u0107mi w pigu\u0142ce<span class=\"ez-toc-section-end\"><\/span><\/h3>\n\n\n\n<ul class=\"wp-block-list\">\n\n<li><strong>Przy \u0142adnej pogodzie:<\/strong> Zr\u00f3bcie sobie poszukiwanie barokowych fontann w centrum, poczekajcie na po\u0142udniowe wybicie nietypowego zegara astronomicznego, wyruszcie do rozleg\u0142ych Park\u00f3w Smetany albo na zwiedzanie Twierdzy Koronnej.<\/li>\n\n\n\n<li><strong>Gdy pada:<\/strong> O\u0142omuniec to raj na deszczowe dni. Czeka tu na was wielka Twierdza Poznania pe\u0142na nauki, ogromny park rozrywki Krokodylek oraz niespotykana koncentracja pi\u0119knych dzieci\u0119cych sal zabaw w samym centrum, z kaw\u0105 specialty dla rodzic\u00f3w.<\/li>\n\n\n\n<li><strong>Na wycieczk\u0119:<\/strong> Svat\u00fd Kope\u010dek z ogrodem zoologicznym to absolutny obowi\u0105zek, ale je\u015bli masz auto, koniecznie rozwa\u017c te\u017c fantastyczny DinoPark w Vy\u0161kovie albo bajkowy zamek Bouzov.<\/li>\n\n\n\n<li><strong>Gdzie si\u0119 zatrzyma\u0107:<\/strong> \u015awietnym wyborem w centrum jest OREA Hotel Arigone, gdzie dzieci do 5,99 roku \u015bpi\u0105 za darmo, a rodzice po ich u\u015bpieniu mog\u0105 wskoczy\u0107 do jacuzzi w pokoju.<\/li>\n\n\n\n<li><strong>Ile dni potrzebujesz:<\/strong> Historyczne centrum obejdziesz w jeden dzie\u0144, ale je\u015bli chcesz zobaczy\u0107 te\u017c ZOO i skorzysta\u0107 z sal zabaw lub aquaparku, idealne s\u0105 2 do 3 dni.<\/li>\n\n\n<\/ul>\n\n\n\n<h2 class=\"wp-block-heading\"><span class=\"ez-toc-section\" id=\"Kiedy_wybrac_sie_do_Olomunca_z_dziecmi\"><\/span>Kiedy wybra\u0107 si\u0119 do O\u0142omu\u0144ca z dzie\u0107mi<span class=\"ez-toc-section-end\"><\/span><\/h2>\n\n\n\n<figure data-wp-context=\"{&quot;imageId&quot;:&quot;6a97aa5e1703d&quot;}\" data-wp-interactive=\"core\/image\" data-wp-key=\"6a97aa5e1703d\" class=\"wp-block-image size-full wp-lightbox-container\"><img decoding=\"async\" width=\"2200\" height=\"1467\" data-wp-class--hide=\"state.isContentHidden\" data-wp-class--show=\"state.isContentVisible\" data-wp-init=\"callbacks.setButtonStyles\" data-wp-on--click=\"actions.showLightbox\" data-wp-on--load=\"callbacks.setButtonStyles\" data-wp-on--pointerdown=\"actions.preloadImage\" data-wp-on--pointerenter=\"actions.preloadImageWithDelay\" data-wp-on--pointerleave=\"actions.cancelPreload\" data-wp-on-window--resize=\"callbacks.setButtonStyles\" src=\"https:\/\/loudavymkrokem.cz\/wp-content\/uploads\/2026\/08\/olomouc-s-detmi-namesti-se-stromy.jpg\" alt=\"Barokowa kamienica i rze\u017aba na o\u0142omunieckim rynku z drzewami\" class=\"wp-image-401042\" title=\"\" srcset=\"https:\/\/loudavymkrokem.cz\/wp-content\/uploads\/2026\/08\/olomouc-s-detmi-namesti-se-stromy.jpg 2200w, https:\/\/loudavymkrokem.cz\/wp-content\/uploads\/2026\/08\/olomouc-s-detmi-namesti-se-stromy-300x200.jpg 300w, https:\/\/loudavymkrokem.cz\/wp-content\/uploads\/2026\/08\/olomouc-s-detmi-namesti-se-stromy-700x467.jpg 700w, https:\/\/loudavymkrokem.cz\/wp-content\/uploads\/2026\/08\/olomouc-s-detmi-namesti-se-stromy-768x512.jpg 768w, https:\/\/loudavymkrokem.cz\/wp-content\/uploads\/2026\/08\/olomouc-s-detmi-namesti-se-stromy-1536x1024.jpg 1536w, https:\/\/loudavymkrokem.cz\/wp-content\/uploads\/2026\/08\/olomouc-s-detmi-namesti-se-stromy-2048x1366.jpg 2048w, https:\/\/loudavymkrokem.cz\/wp-content\/uploads\/2026\/08\/olomouc-s-detmi-namesti-se-stromy-696x464.jpg 696w, https:\/\/loudavymkrokem.cz\/wp-content\/uploads\/2026\/08\/olomouc-s-detmi-namesti-se-stromy-1392x928.jpg 1392w, https:\/\/loudavymkrokem.cz\/wp-content\/uploads\/2026\/08\/olomouc-s-detmi-namesti-se-stromy-1920x1280.jpg 1920w\" sizes=\"(max-width: 2200px) 100vw, 2200px\" \/><button\n\t\t\tclass=\"lightbox-trigger\"\n\t\t\ttype=\"button\"\n\t\t\taria-haspopup=\"dialog\"\n\t\t\tdata-wp-bind--aria-label=\"state.thisImage.triggerButtonAriaLabel\"\n\t\t\tdata-wp-init=\"callbacks.initTriggerButton\"\n\t\t\tdata-wp-on--click=\"actions.showLightbox\"\n\t\t\tdata-wp-style--right=\"state.thisImage.buttonRight\"\n\t\t\tdata-wp-style--top=\"state.thisImage.buttonTop\"\n\t\t>\n\t\t\t<svg xmlns=\"http:\/\/www.w3.org\/2000\/svg\" width=\"12\" height=\"12\" fill=\"none\" viewBox=\"0 0 12 12\">\n\t\t\t\t<path fill=\"#fff\" d=\"M2 0a2 2 0 0 0-2 2v2h1.5V2a.5.5 0 0 1 .5-.5h2V0H2Zm2 10.5H2a.5.5 0 0 1-.5-.5V8H0v2a2 2 0 0 0 2 2h2v-1.5ZM8 12v-1.5h2a.5.5 0 0 0 .5-.5V8H12v2a2 2 0 0 1-2 2H8Zm2-12a2 2 0 0 1 2 2v2h-1.5V2a.5.5 0 0 0-.5-.5H8V0h2Z\" \/>\n\t\t\t<\/svg>\n\t\t<\/button><figcaption class=\"wp-element-caption\">Spokojne o\u0142omunieckie place z drzewami, gdzie mo\u017cna z dzie\u0107mi odetchn\u0105\u0107<\/figcaption><\/figure>\n\n\n\n<p class=\"wp-block-paragraph\">O\u0142omuniec ma ogromn\u0105 zalet\u0119: to ca\u0142oroczny cel, kt\u00f3ry nie zamyka bram wraz z ko\u0144cem wakacji. Kiedy wi\u0119c najbardziej op\u0142aca si\u0119 tu przyjecha\u0107? Zale\u017cy przede wszystkim od tego, czego oczekujesz od wyjazdu i jak stare dzieci ze sob\u0105 zabierasz. Liczy si\u0119 to, jakie aktywno\u015bci z rodzin\u0105 preferujesz.<\/p>\n\n\n\n<p class=\"wp-block-paragraph\">Wiosna jest w O\u0142omu\u0144cu wr\u0119cz magiczna, zw\u0142aszcza kwiecie\u0144 i maj. Je\u015bli trafisz w odpowiedni tydzie\u0144, zobaczysz w Parkach Bezru\u010da pod murami rozkwit\u0142e magnolie \u2014 widok, kt\u00f3ry zachwyci nawet zatwardzia\u0142ych wrog\u00f3w romantyzmu \u2014 a kawa\u0142ek dalej powoli budzi si\u0119 do \u017cycia przepi\u0119kne Rozarium. Lato oferuje z kolei mo\u017cliwo\u015b\u0107 och\u0142ody w lokalnym aquaparku, d\u0142ugie dni w zoo na Svat\u00fdm Kope\u010dku i wieczorne spacery po wyludnionym centrum z lodami w r\u0119ku.<\/p>\n\n\n\n<p class=\"wp-block-paragraph\">Jesie\u0144 barwi rozleg\u0142e o\u0142omunieckie parki na z\u0142oto i to idealny czas na zwiedzanie muze\u00f3w oraz krytych sal zabaw, kt\u00f3rych jest tu mn\u00f3stwo. No i nie mog\u0119 zapomnie\u0107 o zimie, a dok\u0142adniej o adwencie. O\u0142omunieckie jarmarki bo\u017conarodzeniowe na G\u00f3rnym i Dolnym Rynku regularnie zaliczane s\u0105 do najpi\u0119kniejszych w ca\u0142ych Czechach \u2014 pachnie tu grzaniec, roz\u015bwietlaj\u0105 si\u0119 dekoracje, a dla dzieci to prawdziwa bajka. Na to, co najwa\u017cniejsze, czyli centrum i ZOO, wystarcz\u0105 ci dwa dni, ale je\u015bli chcesz doliczy\u0107 wycieczki po okolicy, \u015bmia\u0142o zarezerwuj sobie d\u0142ugi weekend.<\/p>\n\n\n\n<h2 class=\"wp-block-heading\"><span class=\"ez-toc-section\" id=\"Gdzie_sie_zatrzymac_w_Olomuncu_z_dziecmi\"><\/span>Gdzie si\u0119 zatrzyma\u0107 w O\u0142omu\u0144cu z dzie\u0107mi<span class=\"ez-toc-section-end\"><\/span><\/h2>\n\n\n\n<figure data-wp-context=\"{&quot;imageId&quot;:&quot;6a97aa5e17563&quot;}\" data-wp-interactive=\"core\/image\" data-wp-key=\"6a97aa5e17563\" class=\"wp-block-image size-full wp-lightbox-container\"><img decoding=\"async\" width=\"2200\" height=\"1467\" data-wp-class--hide=\"state.isContentHidden\" data-wp-class--show=\"state.isContentVisible\" data-wp-init=\"callbacks.setButtonStyles\" data-wp-on--click=\"actions.showLightbox\" data-wp-on--load=\"callbacks.setButtonStyles\" data-wp-on--pointerdown=\"actions.preloadImage\" data-wp-on--pointerenter=\"actions.preloadImageWithDelay\" data-wp-on--pointerleave=\"actions.cancelPreload\" data-wp-on-window--resize=\"callbacks.setButtonStyles\" src=\"https:\/\/loudavymkrokem.cz\/wp-content\/uploads\/2026\/08\/olomouc-s-detmi-hotel-arigone-wellness.jpg\" alt=\"Dziecko na le\u017caku w pokoju wellness hotelu Arigone w O\u0142omu\u0144cu\" class=\"wp-image-401101\" title=\"\" srcset=\"https:\/\/loudavymkrokem.cz\/wp-content\/uploads\/2026\/08\/olomouc-s-detmi-hotel-arigone-wellness.jpg 2200w, https:\/\/loudavymkrokem.cz\/wp-content\/uploads\/2026\/08\/olomouc-s-detmi-hotel-arigone-wellness-300x200.jpg 300w, https:\/\/loudavymkrokem.cz\/wp-content\/uploads\/2026\/08\/olomouc-s-detmi-hotel-arigone-wellness-700x467.jpg 700w, https:\/\/loudavymkrokem.cz\/wp-content\/uploads\/2026\/08\/olomouc-s-detmi-hotel-arigone-wellness-768x512.jpg 768w, https:\/\/loudavymkrokem.cz\/wp-content\/uploads\/2026\/08\/olomouc-s-detmi-hotel-arigone-wellness-1536x1024.jpg 1536w, https:\/\/loudavymkrokem.cz\/wp-content\/uploads\/2026\/08\/olomouc-s-detmi-hotel-arigone-wellness-2048x1366.jpg 2048w, https:\/\/loudavymkrokem.cz\/wp-content\/uploads\/2026\/08\/olomouc-s-detmi-hotel-arigone-wellness-696x464.jpg 696w, https:\/\/loudavymkrokem.cz\/wp-content\/uploads\/2026\/08\/olomouc-s-detmi-hotel-arigone-wellness-1392x928.jpg 1392w, https:\/\/loudavymkrokem.cz\/wp-content\/uploads\/2026\/08\/olomouc-s-detmi-hotel-arigone-wellness-1920x1280.jpg 1920w\" sizes=\"(max-width: 2200px) 100vw, 2200px\" \/><button\n\t\t\tclass=\"lightbox-trigger\"\n\t\t\ttype=\"button\"\n\t\t\taria-haspopup=\"dialog\"\n\t\t\tdata-wp-bind--aria-label=\"state.thisImage.triggerButtonAriaLabel\"\n\t\t\tdata-wp-init=\"callbacks.initTriggerButton\"\n\t\t\tdata-wp-on--click=\"actions.showLightbox\"\n\t\t\tdata-wp-style--right=\"state.thisImage.buttonRight\"\n\t\t\tdata-wp-style--top=\"state.thisImage.buttonTop\"\n\t\t>\n\t\t\t<svg xmlns=\"http:\/\/www.w3.org\/2000\/svg\" width=\"12\" height=\"12\" fill=\"none\" viewBox=\"0 0 12 12\">\n\t\t\t\t<path fill=\"#fff\" d=\"M2 0a2 2 0 0 0-2 2v2h1.5V2a.5.5 0 0 1 .5-.5h2V0H2Zm2 10.5H2a.5.5 0 0 1-.5-.5V8H0v2a2 2 0 0 0 2 2h2v-1.5ZM8 12v-1.5h2a.5.5 0 0 0 .5-.5V8H12v2a2 2 0 0 1-2 2H8Zm2-12a2 2 0 0 1 2 2v2h-1.5V2a.5.5 0 0 0-.5-.5H8V0h2Z\" \/>\n\t\t\t<\/svg>\n\t\t<\/button><figcaption class=\"wp-element-caption\">Pok\u00f3j wellness w hotelu Arigone: dziecko za\u015bnie, a rodzice maj\u0105 wreszcie chwil\u0119 dla siebie<\/figcaption><\/figure>\n\n\n\n<p class=\"wp-block-paragraph\">Nocleg z dzie\u0107mi w historycznych miastach bywa czasem orzechem do zgryzienia, bo trzeba pogodzi\u0107 blisko\u015b\u0107 zabytk\u00f3w z wygod\u0105, dobrym parkingiem i, je\u015bli si\u0119 da, odrobin\u0105 rodzicielskiego luksusu. My podczas naszej wizyty mieli\u015bmy ogromne szcz\u0119\u015bcie do wyboru hotelu i musz\u0119 przyzna\u0107, \u017ce niesamowicie umili\u0142 nam pobyt.<\/p>\n\n\n\n<p class=\"wp-block-paragraph\">Mieszkali\u015bmy w <strong>OREA Hotel Arigone<\/strong> w samym historycznym centrum i by\u0142o to strza\u0142em w dziesi\u0105tk\u0119. Nie jest to typowy hotel z ha\u0142a\u015bliwym programem animacyjnym i maskotkami przy \u015bniadaniu, ale dla nas, rodzic\u00f3w, dzia\u0142a\u0142 jak doskona\u0142a terapia. Mieli\u015bmy bowiem pok\u00f3j wellness z w\u0142asnym jacuzzi i saun\u0105. Wyobra\u017casz sobie t\u0119 ulg\u0119, kiedy wieczorem wreszcie u\u015bpili\u015bmy ma\u0142ego Jon\u00e1\u0161a i razem z Luk\u00e1\u0161em mogli\u015bmy zanurzy\u0107 si\u0119 w b\u0105belkach, nie ruszaj\u0105c si\u0119 nawet z pokoju. Do tego maj\u0105 tu fantastyczne \u015bniadania, dzieci do 5,99 roku \u015bpi\u0105 ca\u0142kowicie za darmo, a najlepsze dzieci\u0119ce sale zabaw i kawiarnie masz zaledwie kilka minut spokojnym spacerem.<\/p>\n\n\n\n<p class=\"wp-block-paragraph\">\ud83d\udc49 <strong><a href=\"https:\/\/www.stay22.com\/allez\/roam?aid=lukaskonecny&#038;campaign=loudavymkrokemcz&#038;campaign=olomoucsdetmi&#038;hotelname=OREA%20Hotel%20Arigone%20Olomouc&#038;address=Olomouc%2C%20Cesko&#038;category=accommodation\" target=\"_blank\" rel=\"nofollow sponsored noopener\">Sprawd\u017a ceny i dost\u0119pno\u015b\u0107 hotelu Arigone<\/a><\/strong> \u00b7 szczeg\u00f3\u0142owo opisali\u015bmy go w <a href=\"https:\/\/loudavymkrokem.cz\/pl\/orea-hotel-arigone-olomuniec\/\">recenzji OREA Hotel Arigone<\/a>.<\/p>\n\n\n\n<p class=\"wp-block-paragraph\">Gdyby ten hotel by\u0142 zaj\u0119ty, <strong><a href=\"https:\/\/www.stay22.com\/allez\/roam?aid=lukaskonecny&amp;campaign=loudavymkrokemcz&amp;campaign=olomouc-s-detmi&amp;address=Olomouc%2C%20Cesko\" target=\"_blank\" rel=\"nofollow sponsored noopener\">zajrzyj do innych nocleg\u00f3w w O\u0142omu\u0144cu<\/a><\/strong> \u2014 mo\u017cliwo\u015bci jest tu mn\u00f3stwo. Rodzice chwal\u0105 w recenzjach zw\u0142aszcza rodzinne apartamenty rozsiane po centrum, w kt\u00f3rych mo\u017cesz sobie ugotowa\u0107 w\u0142asny posi\u0142ek, co przy mniejszych dzieciach zawsze si\u0119 przydaje. Przy rezerwacji noclegu w samym sercu miasta zawsze dok\u0142adnie sprawd\u017a, jak wygl\u0105da kwestia parkowania, bo strefa piesza ma swoje surowe zasady, a publiczne parkingi w okolicy potrafi\u0105 nadszarpn\u0105\u0107 rodzinny bud\u017cet.<\/p>\n\n\n\n<h2 class=\"wp-block-heading\"><span class=\"ez-toc-section\" id=\"Co_robic_w_Olomuncu_z_dziecmi_na_dworze\"><\/span>Co robi\u0107 w O\u0142omu\u0144cu z dzie\u0107mi na dworze<span class=\"ez-toc-section-end\"><\/span><\/h2>\n\n\n\n<p class=\"wp-block-paragraph\">Kiedy wyjdzie s\u0142o\u0144ce i pogoda ci sprzyja, historyczne centrum O\u0142omu\u0144ca staje si\u0119 jednym wielkim placem zabaw pe\u0142nym niespodzianek. To nie tylko suche podziwianie starych fasad \u2014 miasto ma zabawow\u0105 dusz\u0119 i mn\u00f3stwo zak\u0105tk\u00f3w, kt\u00f3re zainteresuj\u0105 nawet najm\u0142odszych podr\u00f3\u017cnik\u00f3w. Przygotowa\u0142am dziesi\u0119\u0107 pomys\u0142\u00f3w na aktywno\u015bci na \u015bwie\u017cym powietrzu, dzi\u0119ki kt\u00f3rym <strong>O\u0142omuniec dla dzieci<\/strong> b\u0119dzie przygod\u0105, a nie kar\u0105.<\/p>\n\n\n\n<h3 class=\"wp-block-heading\"><span class=\"ez-toc-section\" id=\"1_Olomuniecki_zegar_astronomiczny\"><\/span>1. O\u0142omuniecki zegar astronomiczny<span class=\"ez-toc-section-end\"><\/span><\/h3>\n\n\n\n<figure data-wp-context=\"{&quot;imageId&quot;:&quot;6a97aa5e17c4a&quot;}\" data-wp-interactive=\"core\/image\" data-wp-key=\"6a97aa5e17c4a\" class=\"wp-block-image size-full wp-lightbox-container\"><img decoding=\"async\" width=\"2200\" height=\"1467\" data-wp-class--hide=\"state.isContentHidden\" data-wp-class--show=\"state.isContentVisible\" data-wp-init=\"callbacks.setButtonStyles\" data-wp-on--click=\"actions.showLightbox\" data-wp-on--load=\"callbacks.setButtonStyles\" data-wp-on--pointerdown=\"actions.preloadImage\" data-wp-on--pointerenter=\"actions.preloadImageWithDelay\" data-wp-on--pointerleave=\"actions.cancelPreload\" data-wp-on-window--resize=\"callbacks.setButtonStyles\" src=\"https:\/\/loudavymkrokem.cz\/wp-content\/uploads\/2026\/08\/olomouc-s-detmi-orloj-detail.jpg\" alt=\"Detal o\u0142omunieckiego zegara astronomicznego z postaciami robotnik\u00f3w i tarczami\" class=\"wp-image-401020\" title=\"\" srcset=\"https:\/\/loudavymkrokem.cz\/wp-content\/uploads\/2026\/08\/olomouc-s-detmi-orloj-detail.jpg 2200w, https:\/\/loudavymkrokem.cz\/wp-content\/uploads\/2026\/08\/olomouc-s-detmi-orloj-detail-300x200.jpg 300w, https:\/\/loudavymkrokem.cz\/wp-content\/uploads\/2026\/08\/olomouc-s-detmi-orloj-detail-700x467.jpg 700w, https:\/\/loudavymkrokem.cz\/wp-content\/uploads\/2026\/08\/olomouc-s-detmi-orloj-detail-768x512.jpg 768w, https:\/\/loudavymkrokem.cz\/wp-content\/uploads\/2026\/08\/olomouc-s-detmi-orloj-detail-1536x1024.jpg 1536w, https:\/\/loudavymkrokem.cz\/wp-content\/uploads\/2026\/08\/olomouc-s-detmi-orloj-detail-2048x1366.jpg 2048w, https:\/\/loudavymkrokem.cz\/wp-content\/uploads\/2026\/08\/olomouc-s-detmi-orloj-detail-696x464.jpg 696w, https:\/\/loudavymkrokem.cz\/wp-content\/uploads\/2026\/08\/olomouc-s-detmi-orloj-detail-1392x928.jpg 1392w, https:\/\/loudavymkrokem.cz\/wp-content\/uploads\/2026\/08\/olomouc-s-detmi-orloj-detail-1920x1280.jpg 1920w\" sizes=\"(max-width: 2200px) 100vw, 2200px\" \/><button\n\t\t\tclass=\"lightbox-trigger\"\n\t\t\ttype=\"button\"\n\t\t\taria-haspopup=\"dialog\"\n\t\t\tdata-wp-bind--aria-label=\"state.thisImage.triggerButtonAriaLabel\"\n\t\t\tdata-wp-init=\"callbacks.initTriggerButton\"\n\t\t\tdata-wp-on--click=\"actions.showLightbox\"\n\t\t\tdata-wp-style--right=\"state.thisImage.buttonRight\"\n\t\t\tdata-wp-style--top=\"state.thisImage.buttonTop\"\n\t\t>\n\t\t\t<svg xmlns=\"http:\/\/www.w3.org\/2000\/svg\" width=\"12\" height=\"12\" fill=\"none\" viewBox=\"0 0 12 12\">\n\t\t\t\t<path fill=\"#fff\" d=\"M2 0a2 2 0 0 0-2 2v2h1.5V2a.5.5 0 0 1 .5-.5h2V0H2Zm2 10.5H2a.5.5 0 0 1-.5-.5V8H0v2a2 2 0 0 0 2 2h2v-1.5ZM8 12v-1.5h2a.5.5 0 0 0 .5-.5V8H12v2a2 2 0 0 1-2 2H8Zm2-12a2 2 0 0 1 2 2v2h-1.5V2a.5.5 0 0 0-.5-.5H8V0h2Z\" \/>\n\t\t\t<\/svg>\n\t\t<\/button><figcaption class=\"wp-element-caption\">Na zegarze zamiast aposto\u0142\u00f3w defiluj\u0105 robotnicy. Dzieci to zwykle bawi.<\/figcaption><\/figure>\n\n\n\n<p class=\"wp-block-paragraph\">Podczas gdy praski zegar astronomiczny pokazuje aposto\u0142\u00f3w gdzie\u015b wysoko nad g\u0142owami t\u0142um\u00f3w, ten o\u0142omuniecki na G\u00f3rnym Rynku, wprost na budynku ratusza, ma od razu dwie ogromne zalety dla rodzin z dzie\u0107mi. Po pierwsze znajduje si\u0119 pi\u0119knie na wysoko\u015bci oczu, wi\u0119c nawet mniejsze pociechy bez problemu dostrzeg\u0105 wszystkie ruszaj\u0105ce si\u0119 postacie, a po drugie to po prostu \u015bwiatowy unikat. To jeden z niewielu zegar\u00f3w na \u015bwiecie, kt\u00f3ry po zniszczeniu pod koniec wojny zosta\u0142 przebudowany w latach 1947\u20131955 w duchu socrealizmu wed\u0142ug projektu Karla Svolinskiego.<\/p>\n\n\n\n<p class=\"wp-block-paragraph\">Zamiast \u015bwi\u0119tych zobaczysz tu wi\u0119c defiluj\u0105cych kowala, piekarza, chemika i innych uczciwych proletariuszy, co dzieci zwykle strasznie bawi, bo te zawody rozumiej\u0105 lepiej ni\u017c postaci historyczne. Ca\u0142e to widowisko rusza codziennie <strong>dok\u0142adnie w samo po\u0142udnie<\/strong>, wi\u0119c zaplanuj spacer po mie\u015bcie tak, by przed dwunast\u0105 sta\u0107 tu ju\u017c w gotowo\u015bci.<\/p>\n\n\n\n<h3 class=\"wp-block-heading\"><span class=\"ez-toc-section\" id=\"2_Kolumna_Trojcy_Przenajswietszej\"><\/span>2. Kolumna Tr\u00f3jcy Przenaj\u015bwi\u0119tszej<span class=\"ez-toc-section-end\"><\/span><\/h3>\n\n\n\n<figure data-wp-context=\"{&quot;imageId&quot;:&quot;6a97aa5e18092&quot;}\" data-wp-interactive=\"core\/image\" data-wp-key=\"6a97aa5e18092\" class=\"wp-block-image size-full wp-lightbox-container\"><img decoding=\"async\" width=\"1800\" height=\"1208\" data-wp-class--hide=\"state.isContentHidden\" data-wp-class--show=\"state.isContentVisible\" data-wp-init=\"callbacks.setButtonStyles\" data-wp-on--click=\"actions.showLightbox\" data-wp-on--load=\"callbacks.setButtonStyles\" data-wp-on--pointerdown=\"actions.preloadImage\" data-wp-on--pointerenter=\"actions.preloadImageWithDelay\" data-wp-on--pointerleave=\"actions.cancelPreload\" data-wp-on-window--resize=\"callbacks.setButtonStyles\" src=\"https:\/\/loudavymkrokem.cz\/wp-content\/uploads\/2026\/08\/olomouc-s-detmi-sloup-horni-namesti.jpg\" alt=\"Kolumna Tr\u00f3jcy Przenaj\u015bwi\u0119tszej na G\u00f3rnym Rynku w O\u0142omu\u0144cu\" class=\"wp-image-401195\" title=\"\" srcset=\"https:\/\/loudavymkrokem.cz\/wp-content\/uploads\/2026\/08\/olomouc-s-detmi-sloup-horni-namesti.jpg 1800w, https:\/\/loudavymkrokem.cz\/wp-content\/uploads\/2026\/08\/olomouc-s-detmi-sloup-horni-namesti-300x201.jpg 300w, https:\/\/loudavymkrokem.cz\/wp-content\/uploads\/2026\/08\/olomouc-s-detmi-sloup-horni-namesti-700x470.jpg 700w, https:\/\/loudavymkrokem.cz\/wp-content\/uploads\/2026\/08\/olomouc-s-detmi-sloup-horni-namesti-768x515.jpg 768w, https:\/\/loudavymkrokem.cz\/wp-content\/uploads\/2026\/08\/olomouc-s-detmi-sloup-horni-namesti-1536x1031.jpg 1536w, https:\/\/loudavymkrokem.cz\/wp-content\/uploads\/2026\/08\/olomouc-s-detmi-sloup-horni-namesti-696x467.jpg 696w, https:\/\/loudavymkrokem.cz\/wp-content\/uploads\/2026\/08\/olomouc-s-detmi-sloup-horni-namesti-1392x934.jpg 1392w\" sizes=\"(max-width: 1800px) 100vw, 1800px\" \/><button\n\t\t\tclass=\"lightbox-trigger\"\n\t\t\ttype=\"button\"\n\t\t\taria-haspopup=\"dialog\"\n\t\t\tdata-wp-bind--aria-label=\"state.thisImage.triggerButtonAriaLabel\"\n\t\t\tdata-wp-init=\"callbacks.initTriggerButton\"\n\t\t\tdata-wp-on--click=\"actions.showLightbox\"\n\t\t\tdata-wp-style--right=\"state.thisImage.buttonRight\"\n\t\t\tdata-wp-style--top=\"state.thisImage.buttonTop\"\n\t\t>\n\t\t\t<svg xmlns=\"http:\/\/www.w3.org\/2000\/svg\" width=\"12\" height=\"12\" fill=\"none\" viewBox=\"0 0 12 12\">\n\t\t\t\t<path fill=\"#fff\" d=\"M2 0a2 2 0 0 0-2 2v2h1.5V2a.5.5 0 0 1 .5-.5h2V0H2Zm2 10.5H2a.5.5 0 0 1-.5-.5V8H0v2a2 2 0 0 0 2 2h2v-1.5ZM8 12v-1.5h2a.5.5 0 0 0 .5-.5V8H12v2a2 2 0 0 1-2 2H8Zm2-12a2 2 0 0 1 2 2v2h-1.5V2a.5.5 0 0 0-.5-.5H8V0h2Z\" \/>\n\t\t\t<\/svg>\n\t\t<\/button><figcaption class=\"wp-element-caption\">Kolumna Tr\u00f3jcy Przenaj\u015bwi\u0119tszej to najwi\u0119ksza barokowa grupa rze\u017abiarska w Europie \u015arodkowej<\/figcaption><\/figure>\n\n\n\n<p class=\"wp-block-paragraph\">Tu\u017c obok zegara na G\u00f3rnym Rynku g\u00f3ruje zabytek, kt\u00f3ry grzechem by\u0142oby omin\u0105\u0107, bo szczyci si\u0119 wpisem na list\u0119 <strong>UNESCO od 2000 roku<\/strong>. To pot\u0119\u017cna, mierz\u0105ca oko\u0142o 32 metr\u00f3w kolumna morowa, b\u0119d\u0105ca najwi\u0119ksz\u0105 barokow\u0105 grup\u0105 rze\u017abiarsk\u0105 w jednej figurze w ca\u0142ej Europie \u015arodkowej.<\/p>\n\n\n\n<p class=\"wp-block-paragraph\">Na dzieci sam rozmiar kolumny dzia\u0142a osza\u0142amiaj\u0105co, a co wi\u0119cej, w jej masywnej podstawie ukryta jest ma\u0142a kaplica. Cho\u0107 nie mo\u017cna wej\u015b\u0107 do \u015brodka o dowolnej porze, ju\u017c sama \u015bwiadomo\u015b\u0107, \u017ce w &#8222;tej wielkiej kolumnie schowany jest domek&#8221;, dzia\u0142a na dzieci\u0119c\u0105 wyobra\u017ani\u0119 niezawodnie.<\/p>\n\n\n\n<h3 class=\"wp-block-heading\"><span class=\"ez-toc-section\" id=\"3_Poszukiwanie_barokowych_fontann\"><\/span>3. Poszukiwanie barokowych fontann<span class=\"ez-toc-section-end\"><\/span><\/h3>\n\n\n\n<figure data-wp-context=\"{&quot;imageId&quot;:&quot;6a97aa5e1892c&quot;}\" data-wp-interactive=\"core\/image\" data-wp-key=\"6a97aa5e1892c\" class=\"wp-block-image size-full wp-lightbox-container\"><img decoding=\"async\" width=\"2200\" height=\"1467\" data-wp-class--hide=\"state.isContentHidden\" data-wp-class--show=\"state.isContentVisible\" data-wp-init=\"callbacks.setButtonStyles\" data-wp-on--click=\"actions.showLightbox\" data-wp-on--load=\"callbacks.setButtonStyles\" data-wp-on--pointerdown=\"actions.preloadImage\" data-wp-on--pointerenter=\"actions.preloadImageWithDelay\" data-wp-on--pointerleave=\"actions.cancelPreload\" data-wp-on-window--resize=\"callbacks.setButtonStyles\" src=\"https:\/\/loudavymkrokem.cz\/wp-content\/uploads\/2026\/08\/olomouc-s-detmi-caesarova-kasna.jpg\" alt=\"Fontanna Cezara na G\u00f3rnym Rynku w O\u0142omu\u0144cu\" class=\"wp-image-401030\" title=\"\" srcset=\"https:\/\/loudavymkrokem.cz\/wp-content\/uploads\/2026\/08\/olomouc-s-detmi-caesarova-kasna.jpg 2200w, https:\/\/loudavymkrokem.cz\/wp-content\/uploads\/2026\/08\/olomouc-s-detmi-caesarova-kasna-300x200.jpg 300w, https:\/\/loudavymkrokem.cz\/wp-content\/uploads\/2026\/08\/olomouc-s-detmi-caesarova-kasna-700x467.jpg 700w, https:\/\/loudavymkrokem.cz\/wp-content\/uploads\/2026\/08\/olomouc-s-detmi-caesarova-kasna-768x512.jpg 768w, https:\/\/loudavymkrokem.cz\/wp-content\/uploads\/2026\/08\/olomouc-s-detmi-caesarova-kasna-1536x1024.jpg 1536w, https:\/\/loudavymkrokem.cz\/wp-content\/uploads\/2026\/08\/olomouc-s-detmi-caesarova-kasna-2048x1366.jpg 2048w, https:\/\/loudavymkrokem.cz\/wp-content\/uploads\/2026\/08\/olomouc-s-detmi-caesarova-kasna-696x464.jpg 696w, https:\/\/loudavymkrokem.cz\/wp-content\/uploads\/2026\/08\/olomouc-s-detmi-caesarova-kasna-1392x928.jpg 1392w, https:\/\/loudavymkrokem.cz\/wp-content\/uploads\/2026\/08\/olomouc-s-detmi-caesarova-kasna-1920x1280.jpg 1920w\" sizes=\"(max-width: 2200px) 100vw, 2200px\" \/><button\n\t\t\tclass=\"lightbox-trigger\"\n\t\t\ttype=\"button\"\n\t\t\taria-haspopup=\"dialog\"\n\t\t\tdata-wp-bind--aria-label=\"state.thisImage.triggerButtonAriaLabel\"\n\t\t\tdata-wp-init=\"callbacks.initTriggerButton\"\n\t\t\tdata-wp-on--click=\"actions.showLightbox\"\n\t\t\tdata-wp-style--right=\"state.thisImage.buttonRight\"\n\t\t\tdata-wp-style--top=\"state.thisImage.buttonTop\"\n\t\t>\n\t\t\t<svg xmlns=\"http:\/\/www.w3.org\/2000\/svg\" width=\"12\" height=\"12\" fill=\"none\" viewBox=\"0 0 12 12\">\n\t\t\t\t<path fill=\"#fff\" d=\"M2 0a2 2 0 0 0-2 2v2h1.5V2a.5.5 0 0 1 .5-.5h2V0H2Zm2 10.5H2a.5.5 0 0 1-.5-.5V8H0v2a2 2 0 0 0 2 2h2v-1.5ZM8 12v-1.5h2a.5.5 0 0 0 .5-.5V8H12v2a2 2 0 0 1-2 2H8Zm2-12a2 2 0 0 1 2 2v2h-1.5V2a.5.5 0 0 0-.5-.5H8V0h2Z\" \/>\n\t\t\t<\/svg>\n\t\t<\/button><figcaption class=\"wp-element-caption\">Fontanna Cezara na G\u00f3rnym Rynku. Poszukajcie pod koniem psa, symbolu wierno\u015bci miasta.<\/figcaption><\/figure>\n\n\n\n<p class=\"wp-block-paragraph\">To moim zdaniem najlepszy spos\u00f3b, by oprowadzi\u0107 dzieci po ca\u0142ym historycznym centrum, tak by w og\u00f3le nie zauwa\u017cy\u0142y, \u017ce w\u0142a\u015bciwie &#8222;zwiedzaj\u0105 zabytki&#8221;. O\u0142omuniec ma bowiem jedyny tak obszerny zachowany zesp\u00f3\u0142 barokowych fontann w Czechach, a z tego mo\u017cesz zrobi\u0107 \u015bwietn\u0105 rodzinn\u0105 gr\u0119.<\/p>\n\n\n\n<p class=\"wp-block-paragraph\">Rozdaj dzieciom plan i pozw\u00f3l im szuka\u0107 fontanny Neptuna z 1683 roku, kt\u00f3ra jest najstarsza, fontanny Herkulesa, Jowisza, Merkurego, fontanny Tryton\u00f3w oraz majestatycznej <strong>fontanny Cezara<\/strong>, gdzie musz\u0105 znale\u017a\u0107 psa pod koniem, symbolizuj\u0105cego wierno\u015b\u0107 miasta w\u0142adcy. Absolutnym hitem dla dzieci jest jednak nowoczesna <strong>fontanna Ariona<\/strong> z 2002 roku autorstwa rze\u017abiarza Ivana Theimera. Jej cz\u0119\u015bci\u0105 jest bowiem wielki br\u0105zowy <strong>\u017c\u00f3\u0142w<\/strong>, przy kt\u00f3rym zatrzymuje si\u0119 chyba ka\u017cde przechodz\u0105ce dziecko.<\/p>\n\n\n\n<h3 class=\"wp-block-heading\"><span class=\"ez-toc-section\" id=\"4_Wieza_ratuszowa\"><\/span>4. Wie\u017ca ratuszowa<span class=\"ez-toc-section-end\"><\/span><\/h3>\n\n\n\n<figure data-wp-context=\"{&quot;imageId&quot;:&quot;6a97aa5e18e9a&quot;}\" data-wp-interactive=\"core\/image\" data-wp-key=\"6a97aa5e18e9a\" class=\"wp-block-image size-full wp-lightbox-container\"><img decoding=\"async\" width=\"2200\" height=\"1467\" data-wp-class--hide=\"state.isContentHidden\" data-wp-class--show=\"state.isContentVisible\" data-wp-init=\"callbacks.setButtonStyles\" data-wp-on--click=\"actions.showLightbox\" data-wp-on--load=\"callbacks.setButtonStyles\" data-wp-on--pointerdown=\"actions.preloadImage\" data-wp-on--pointerenter=\"actions.preloadImageWithDelay\" data-wp-on--pointerleave=\"actions.cancelPreload\" data-wp-on-window--resize=\"callbacks.setButtonStyles\" src=\"https:\/\/loudavymkrokem.cz\/wp-content\/uploads\/2026\/08\/olomouc-s-detmi-radnice-orloj.jpg\" alt=\"O\u0142omuniecki ratusz z zegarem astronomicznym na G\u00f3rnym Rynku\" class=\"wp-image-401026\" title=\"\" srcset=\"https:\/\/loudavymkrokem.cz\/wp-content\/uploads\/2026\/08\/olomouc-s-detmi-radnice-orloj.jpg 2200w, https:\/\/loudavymkrokem.cz\/wp-content\/uploads\/2026\/08\/olomouc-s-detmi-radnice-orloj-300x200.jpg 300w, https:\/\/loudavymkrokem.cz\/wp-content\/uploads\/2026\/08\/olomouc-s-detmi-radnice-orloj-700x467.jpg 700w, https:\/\/loudavymkrokem.cz\/wp-content\/uploads\/2026\/08\/olomouc-s-detmi-radnice-orloj-768x512.jpg 768w, https:\/\/loudavymkrokem.cz\/wp-content\/uploads\/2026\/08\/olomouc-s-detmi-radnice-orloj-1536x1024.jpg 1536w, https:\/\/loudavymkrokem.cz\/wp-content\/uploads\/2026\/08\/olomouc-s-detmi-radnice-orloj-2048x1366.jpg 2048w, https:\/\/loudavymkrokem.cz\/wp-content\/uploads\/2026\/08\/olomouc-s-detmi-radnice-orloj-696x464.jpg 696w, https:\/\/loudavymkrokem.cz\/wp-content\/uploads\/2026\/08\/olomouc-s-detmi-radnice-orloj-1392x928.jpg 1392w, https:\/\/loudavymkrokem.cz\/wp-content\/uploads\/2026\/08\/olomouc-s-detmi-radnice-orloj-1920x1280.jpg 1920w\" sizes=\"(max-width: 2200px) 100vw, 2200px\" \/><button\n\t\t\tclass=\"lightbox-trigger\"\n\t\t\ttype=\"button\"\n\t\t\taria-haspopup=\"dialog\"\n\t\t\tdata-wp-bind--aria-label=\"state.thisImage.triggerButtonAriaLabel\"\n\t\t\tdata-wp-init=\"callbacks.initTriggerButton\"\n\t\t\tdata-wp-on--click=\"actions.showLightbox\"\n\t\t\tdata-wp-style--right=\"state.thisImage.buttonRight\"\n\t\t\tdata-wp-style--top=\"state.thisImage.buttonTop\"\n\t\t>\n\t\t\t<svg xmlns=\"http:\/\/www.w3.org\/2000\/svg\" width=\"12\" height=\"12\" fill=\"none\" viewBox=\"0 0 12 12\">\n\t\t\t\t<path fill=\"#fff\" d=\"M2 0a2 2 0 0 0-2 2v2h1.5V2a.5.5 0 0 1 .5-.5h2V0H2Zm2 10.5H2a.5.5 0 0 1-.5-.5V8H0v2a2 2 0 0 0 2 2h2v-1.5ZM8 12v-1.5h2a.5.5 0 0 0 .5-.5V8H12v2a2 2 0 0 1-2 2H8Zm2-12a2 2 0 0 1 2 2v2h-1.5V2a.5.5 0 0 0-.5-.5H8V0h2Z\" \/>\n\t\t\t<\/svg>\n\t\t<\/button><figcaption class=\"wp-element-caption\">Ratusz z zegarem astronomicznym i wie\u017c\u0105, na kt\u00f3r\u0105 mo\u017cna wej\u015b\u0107 z przewodnikiem<\/figcaption><\/figure>\n\n\n\n<p class=\"wp-block-paragraph\">Je\u015bli masz ze sob\u0105 nieco starsze dzieci, kt\u00f3re poradz\u0105 sobie ju\u017c z pokonaniem kilku schod\u00f3w, koniecznie nie przegap widoku na miasto z lotu ptaka. Wie\u017ca ratuszowa mierzy imponuj\u0105ce 75 metr\u00f3w i wznosi si\u0119 wprost nad G\u00f3rnym Rynkiem, tu\u017c obok s\u0142ynnego zegara astronomicznego.<\/p>\n\n\n\n<p class=\"wp-block-paragraph\">Wej\u015bcie odbywa si\u0119 sezonowo i zawsze z przewodnikiem, wi\u0119c dowiesz si\u0119 te\u017c czego\u015b ciekawego z historii. Widok z tarasu jest zapieraj\u0105cy dech w piersiach \u2014 zobaczysz st\u0105d wszystkie te czerwone dachy, pl\u0105tanin\u0119 uliczek oraz okoliczne wzg\u00f3rza, co zdecydowanie warte jest zm\u0119czonych n\u00f3g.<\/p>\n\n\n\n<h3 class=\"wp-block-heading\"><span class=\"ez-toc-section\" id=\"5_Kosciol_sw_Maurycego_i_wejscie_na_wieze\"><\/span>5. Ko\u015bci\u00f3\u0142 \u015bw. Maurycego i wej\u015bcie na wie\u017c\u0119<span class=\"ez-toc-section-end\"><\/span><\/h3>\n\n\n\n<figure data-wp-context=\"{&quot;imageId&quot;:&quot;6a97aa5e1936f&quot;}\" data-wp-interactive=\"core\/image\" data-wp-key=\"6a97aa5e1936f\" class=\"wp-block-image size-full wp-lightbox-container\"><img decoding=\"async\" width=\"1467\" height=\"2200\" data-wp-class--hide=\"state.isContentHidden\" data-wp-class--show=\"state.isContentVisible\" data-wp-init=\"callbacks.setButtonStyles\" data-wp-on--click=\"actions.showLightbox\" data-wp-on--load=\"callbacks.setButtonStyles\" data-wp-on--pointerdown=\"actions.preloadImage\" data-wp-on--pointerenter=\"actions.preloadImageWithDelay\" data-wp-on--pointerleave=\"actions.cancelPreload\" data-wp-on-window--resize=\"callbacks.setButtonStyles\" src=\"https:\/\/loudavymkrokem.cz\/wp-content\/uploads\/2026\/08\/olomouc-s-detmi-ulicka-s-vezi.jpg\" alt=\"O\u0142omuniecka uliczka z wie\u017c\u0105 ko\u015bcieln\u0105 w tle\" class=\"wp-image-401159\" title=\"\" srcset=\"https:\/\/loudavymkrokem.cz\/wp-content\/uploads\/2026\/08\/olomouc-s-detmi-ulicka-s-vezi.jpg 1467w, https:\/\/loudavymkrokem.cz\/wp-content\/uploads\/2026\/08\/olomouc-s-detmi-ulicka-s-vezi-200x300.jpg 200w, https:\/\/loudavymkrokem.cz\/wp-content\/uploads\/2026\/08\/olomouc-s-detmi-ulicka-s-vezi-700x1050.jpg 700w, https:\/\/loudavymkrokem.cz\/wp-content\/uploads\/2026\/08\/olomouc-s-detmi-ulicka-s-vezi-768x1152.jpg 768w, https:\/\/loudavymkrokem.cz\/wp-content\/uploads\/2026\/08\/olomouc-s-detmi-ulicka-s-vezi-1024x1536.jpg 1024w, https:\/\/loudavymkrokem.cz\/wp-content\/uploads\/2026\/08\/olomouc-s-detmi-ulicka-s-vezi-1366x2048.jpg 1366w, https:\/\/loudavymkrokem.cz\/wp-content\/uploads\/2026\/08\/olomouc-s-detmi-ulicka-s-vezi-696x1044.jpg 696w, https:\/\/loudavymkrokem.cz\/wp-content\/uploads\/2026\/08\/olomouc-s-detmi-ulicka-s-vezi-1392x2088.jpg 1392w\" sizes=\"(max-width: 1467px) 100vw, 1467px\" \/><button\n\t\t\tclass=\"lightbox-trigger\"\n\t\t\ttype=\"button\"\n\t\t\taria-haspopup=\"dialog\"\n\t\t\tdata-wp-bind--aria-label=\"state.thisImage.triggerButtonAriaLabel\"\n\t\t\tdata-wp-init=\"callbacks.initTriggerButton\"\n\t\t\tdata-wp-on--click=\"actions.showLightbox\"\n\t\t\tdata-wp-style--right=\"state.thisImage.buttonRight\"\n\t\t\tdata-wp-style--top=\"state.thisImage.buttonTop\"\n\t\t>\n\t\t\t<svg xmlns=\"http:\/\/www.w3.org\/2000\/svg\" width=\"12\" height=\"12\" fill=\"none\" viewBox=\"0 0 12 12\">\n\t\t\t\t<path fill=\"#fff\" d=\"M2 0a2 2 0 0 0-2 2v2h1.5V2a.5.5 0 0 1 .5-.5h2V0H2Zm2 10.5H2a.5.5 0 0 1-.5-.5V8H0v2a2 2 0 0 0 2 2h2v-1.5ZM8 12v-1.5h2a.5.5 0 0 0 .5-.5V8H12v2a2 2 0 0 1-2 2H8Zm2-12a2 2 0 0 1 2 2v2h-1.5V2a.5.5 0 0 0-.5-.5H8V0h2Z\" \/>\n\t\t\t<\/svg>\n\t\t<\/button><figcaption class=\"wp-element-caption\">Wie\u017ce ko\u015bcielne wy\u0142aniaj\u0105 si\u0119 nad o\u0142omunieckimi uliczkami niemal na ka\u017cdym rogu<\/figcaption><\/figure>\n\n\n\n<p class=\"wp-block-paragraph\">Jeszcze lepszy widok podobno oferuje wie\u017ca ko\u015bcio\u0142a \u015bw. Maurycego, kt\u00f3ra mierzy 46 metr\u00f3w, a na g\u00f3r\u0119 prowadz\u0105 pi\u0119kne, stare kr\u0119cone schody, kt\u00f3re same w sobie wygl\u0105daj\u0105 troch\u0119 jak z filmu przygodowego. Otwarte bywa tu mniej wi\u0119cej od maja do wrze\u015bnia i tylko przy dobrej pogodzie, dla bezpiecze\u0144stwa.<\/p>\n\n\n\n<p class=\"wp-block-paragraph\">Opr\u00f3cz \u015bwietnej panoramy ko\u015bci\u00f3\u0142 ten ma jeszcze jedn\u0105 wielk\u0105 atrakcj\u0119. Kryj\u0105 si\u0119 w nim bowiem <strong>najwi\u0119ksze organy w Europie \u015arodkowej<\/strong>. Je\u015bli b\u0119dziesz mie\u0107 szcz\u0119\u015bcie i kto\u015b akurat b\u0119dzie \u0107wiczy\u0142 albo odb\u0119dzie si\u0119 koncert, ten majestatyczny d\u017awi\u0119k rozchodz\u0105cy si\u0119 po ogromnej nawie ko\u015bcio\u0142a z pewno\u015bci\u0105 przykuje ci\u0119 do miejsca.<\/p>\n\n\n\n<h3 class=\"wp-block-heading\"><span class=\"ez-toc-section\" id=\"6_Parki_Smetany\"><\/span>6. Parki Smetany<span class=\"ez-toc-section-end\"><\/span><\/h3>\n\n\n\n<figure data-wp-context=\"{&quot;imageId&quot;:&quot;6a97aa5e1987d&quot;}\" data-wp-interactive=\"core\/image\" data-wp-key=\"6a97aa5e1987d\" class=\"wp-block-image size-full wp-lightbox-container\"><img decoding=\"async\" width=\"1350\" height=\"1800\" data-wp-class--hide=\"state.isContentHidden\" data-wp-class--show=\"state.isContentVisible\" data-wp-init=\"callbacks.setButtonStyles\" data-wp-on--click=\"actions.showLightbox\" data-wp-on--load=\"callbacks.setButtonStyles\" data-wp-on--pointerdown=\"actions.preloadImage\" data-wp-on--pointerenter=\"actions.preloadImageWithDelay\" data-wp-on--pointerleave=\"actions.cancelPreload\" data-wp-on-window--resize=\"callbacks.setButtonStyles\" src=\"https:\/\/loudavymkrokem.cz\/wp-content\/uploads\/2026\/08\/olomouc-s-detmi-smetanovy-sady.jpg\" alt=\"Aleja i rabaty w Parkach Smetany w O\u0142omu\u0144cu\" class=\"wp-image-401155\" title=\"\" srcset=\"https:\/\/loudavymkrokem.cz\/wp-content\/uploads\/2026\/08\/olomouc-s-detmi-smetanovy-sady.jpg 1350w, https:\/\/loudavymkrokem.cz\/wp-content\/uploads\/2026\/08\/olomouc-s-detmi-smetanovy-sady-225x300.jpg 225w, https:\/\/loudavymkrokem.cz\/wp-content\/uploads\/2026\/08\/olomouc-s-detmi-smetanovy-sady-700x933.jpg 700w, https:\/\/loudavymkrokem.cz\/wp-content\/uploads\/2026\/08\/olomouc-s-detmi-smetanovy-sady-768x1024.jpg 768w, https:\/\/loudavymkrokem.cz\/wp-content\/uploads\/2026\/08\/olomouc-s-detmi-smetanovy-sady-1152x1536.jpg 1152w, https:\/\/loudavymkrokem.cz\/wp-content\/uploads\/2026\/08\/olomouc-s-detmi-smetanovy-sady-696x928.jpg 696w\" sizes=\"(max-width: 1350px) 100vw, 1350px\" \/><button\n\t\t\tclass=\"lightbox-trigger\"\n\t\t\ttype=\"button\"\n\t\t\taria-haspopup=\"dialog\"\n\t\t\tdata-wp-bind--aria-label=\"state.thisImage.triggerButtonAriaLabel\"\n\t\t\tdata-wp-init=\"callbacks.initTriggerButton\"\n\t\t\tdata-wp-on--click=\"actions.showLightbox\"\n\t\t\tdata-wp-style--right=\"state.thisImage.buttonRight\"\n\t\t\tdata-wp-style--top=\"state.thisImage.buttonTop\"\n\t\t>\n\t\t\t<svg xmlns=\"http:\/\/www.w3.org\/2000\/svg\" width=\"12\" height=\"12\" fill=\"none\" viewBox=\"0 0 12 12\">\n\t\t\t\t<path fill=\"#fff\" d=\"M2 0a2 2 0 0 0-2 2v2h1.5V2a.5.5 0 0 1 .5-.5h2V0H2Zm2 10.5H2a.5.5 0 0 1-.5-.5V8H0v2a2 2 0 0 0 2 2h2v-1.5ZM8 12v-1.5h2a.5.5 0 0 0 .5-.5V8H12v2a2 2 0 0 1-2 2H8Zm2-12a2 2 0 0 1 2 2v2h-1.5V2a.5.5 0 0 0-.5-.5H8V0h2Z\" \/>\n\t\t\t<\/svg>\n\t\t<\/button><figcaption class=\"wp-element-caption\">Szerokie aleje w Parkach Smetany s\u0105 idealne na rowerki biegowe i w\u00f3zek<\/figcaption><\/figure>\n\n\n\n<p class=\"wp-block-paragraph\">Kiedy wszyscy maj\u0105 ju\u017c do\u015b\u0107 brukowanych kostek, a ty potrzebujesz pozwoli\u0107 dzieciom troch\u0119 si\u0119 wybiega\u0107, skieruj si\u0119 do Park\u00f3w Smetany. To rozleg\u0142y i pi\u0119knie utrzymany park tu\u017c obok centrum, kt\u00f3ry na mapach szczyci si\u0119 \u015bwietn\u0105 ocen\u0105 4,6 gwiazdki. Znajdziesz tu mn\u00f3stwo doros\u0142ych drzew daj\u0105cych dobroczynny cie\u0144 w upalne letnie dni oraz niesko\u0144czone asfaltowe \u015bcie\u017cki idealne na jazd\u0119 rowerkami biegowymi.<\/p>\n\n\n\n<p class=\"wp-block-paragraph\">Panuje tu ogromny spok\u00f3j i jest przestrze\u0144 na piknik na trawie. Rodzice szczerze zwracaj\u0105 jednak w recenzjach uwag\u0119 na jedn\u0105 drobn\u0105 wad\u0119 \u2014 na tak ogromny park dost\u0119pny jest tylko jeden plac zabaw, wi\u0119c w gor\u0105cych godzinach potrafi by\u0107 na nim t\u0142oczno.<\/p>\n\n\n\n<h3 class=\"wp-block-heading\"><span class=\"ez-toc-section\" id=\"7_Parki_Bezruca_i_mury_obronne\"><\/span>7. Parki Bezru\u010da i mury obronne<span class=\"ez-toc-section-end\"><\/span><\/h3>\n\n\n\n<figure data-wp-context=\"{&quot;imageId&quot;:&quot;6a97aa5e19d1c&quot;}\" data-wp-interactive=\"core\/image\" data-wp-key=\"6a97aa5e19d1c\" class=\"wp-block-image size-full wp-lightbox-container\"><img decoding=\"async\" width=\"1800\" height=\"1350\" data-wp-class--hide=\"state.isContentHidden\" data-wp-class--show=\"state.isContentVisible\" data-wp-init=\"callbacks.setButtonStyles\" data-wp-on--click=\"actions.showLightbox\" data-wp-on--load=\"callbacks.setButtonStyles\" data-wp-on--pointerdown=\"actions.preloadImage\" data-wp-on--pointerenter=\"actions.preloadImageWithDelay\" data-wp-on--pointerleave=\"actions.cancelPreload\" data-wp-on-window--resize=\"callbacks.setButtonStyles\" src=\"https:\/\/loudavymkrokem.cz\/wp-content\/uploads\/2026\/08\/olomouc-s-detmi-bezrucovy-sady.jpg\" alt=\"Miejskie mury obronne z wie\u017cyczk\u0105 w Parkach Bezru\u010da w O\u0142omu\u0144cu\" class=\"wp-image-401121\" title=\"\" srcset=\"https:\/\/loudavymkrokem.cz\/wp-content\/uploads\/2026\/08\/olomouc-s-detmi-bezrucovy-sady.jpg 1800w, https:\/\/loudavymkrokem.cz\/wp-content\/uploads\/2026\/08\/olomouc-s-detmi-bezrucovy-sady-300x225.jpg 300w, https:\/\/loudavymkrokem.cz\/wp-content\/uploads\/2026\/08\/olomouc-s-detmi-bezrucovy-sady-700x525.jpg 700w, https:\/\/loudavymkrokem.cz\/wp-content\/uploads\/2026\/08\/olomouc-s-detmi-bezrucovy-sady-768x576.jpg 768w, https:\/\/loudavymkrokem.cz\/wp-content\/uploads\/2026\/08\/olomouc-s-detmi-bezrucovy-sady-1536x1152.jpg 1536w, https:\/\/loudavymkrokem.cz\/wp-content\/uploads\/2026\/08\/olomouc-s-detmi-bezrucovy-sady-80x60.jpg 80w, https:\/\/loudavymkrokem.cz\/wp-content\/uploads\/2026\/08\/olomouc-s-detmi-bezrucovy-sady-160x120.jpg 160w, https:\/\/loudavymkrokem.cz\/wp-content\/uploads\/2026\/08\/olomouc-s-detmi-bezrucovy-sady-696x522.jpg 696w, https:\/\/loudavymkrokem.cz\/wp-content\/uploads\/2026\/08\/olomouc-s-detmi-bezrucovy-sady-1392x1044.jpg 1392w\" sizes=\"(max-width: 1800px) 100vw, 1800px\" \/><button\n\t\t\tclass=\"lightbox-trigger\"\n\t\t\ttype=\"button\"\n\t\t\taria-haspopup=\"dialog\"\n\t\t\tdata-wp-bind--aria-label=\"state.thisImage.triggerButtonAriaLabel\"\n\t\t\tdata-wp-init=\"callbacks.initTriggerButton\"\n\t\t\tdata-wp-on--click=\"actions.showLightbox\"\n\t\t\tdata-wp-style--right=\"state.thisImage.buttonRight\"\n\t\t\tdata-wp-style--top=\"state.thisImage.buttonTop\"\n\t\t>\n\t\t\t<svg xmlns=\"http:\/\/www.w3.org\/2000\/svg\" width=\"12\" height=\"12\" fill=\"none\" viewBox=\"0 0 12 12\">\n\t\t\t\t<path fill=\"#fff\" d=\"M2 0a2 2 0 0 0-2 2v2h1.5V2a.5.5 0 0 1 .5-.5h2V0H2Zm2 10.5H2a.5.5 0 0 1-.5-.5V8H0v2a2 2 0 0 0 2 2h2v-1.5ZM8 12v-1.5h2a.5.5 0 0 0 .5-.5V8H12v2a2 2 0 0 1-2 2H8Zm2-12a2 2 0 0 1 2 2v2h-1.5V2a.5.5 0 0 0-.5-.5H8V0h2Z\" \/>\n\t\t\t<\/svg>\n\t\t<\/button><figcaption class=\"wp-element-caption\">Mury z wie\u017cyczk\u0105 w Parkach Bezru\u010da, idealna sceneria na rycerskie zabawy<\/figcaption><\/figure>\n\n\n\n<p class=\"wp-block-paragraph\">Zaraz w zasi\u0119gu wzroku od Park\u00f3w Smetany, ci\u0105gn\u0105ce si\u0119 pod starymi miejskimi murami, le\u017c\u0105 Parki Bezru\u010da. Je\u015bli wybierzesz si\u0119 tu wiosn\u0105, prze\u017cyjesz niesamowite widowisko, bo ca\u0142y park roz\u015bwietlaj\u0105 przepi\u0119knie kwitn\u0105ce magnolie, pod kt\u00f3rymi fotografuje si\u0119 chyba ka\u017cdy odwiedzaj\u0105cy miasto.<\/p>\n\n\n\n<p class=\"wp-block-paragraph\">Dla dzieci super atrakcj\u0105 jest tu \u015bcie\u017cka edukacyjna biegn\u0105ca wzd\u0142u\u017c starych barokowych fortyfikacji. Powieje na ciebie histori\u0105 starego umocnionego miasta, a dla ch\u0142opc\u00f3w kochaj\u0105cych rycerzy i zamki te pot\u0119\u017cne ceglane mury s\u0105 jak stworzone do rozmaitych zabaw pe\u0142nych fantazji.<\/p>\n\n\n\n<h3 class=\"wp-block-heading\"><span class=\"ez-toc-section\" id=\"8_Rozarium\"><\/span>8. Rozarium<span class=\"ez-toc-section-end\"><\/span><\/h3>\n\n\n\n<figure data-wp-context=\"{&quot;imageId&quot;:&quot;6a97aa5e1a226&quot;}\" data-wp-interactive=\"core\/image\" data-wp-key=\"6a97aa5e1a226\" class=\"wp-block-image size-full wp-lightbox-container\"><img decoding=\"async\" width=\"1800\" height=\"1347\" data-wp-class--hide=\"state.isContentHidden\" data-wp-class--show=\"state.isContentVisible\" data-wp-init=\"callbacks.setButtonStyles\" data-wp-on--click=\"actions.showLightbox\" data-wp-on--load=\"callbacks.setButtonStyles\" data-wp-on--pointerdown=\"actions.preloadImage\" data-wp-on--pointerenter=\"actions.preloadImageWithDelay\" data-wp-on--pointerleave=\"actions.cancelPreload\" data-wp-on-window--resize=\"callbacks.setButtonStyles\" src=\"https:\/\/loudavymkrokem.cz\/wp-content\/uploads\/2026\/08\/olomouc-s-detmi-rozarium.jpg\" alt=\"Rozarium w O\u0142omu\u0144cu z kwitn\u0105cymi rabatami r\u00f3\u017c\" class=\"wp-image-401109\" title=\"\" srcset=\"https:\/\/loudavymkrokem.cz\/wp-content\/uploads\/2026\/08\/olomouc-s-detmi-rozarium.jpg 1800w, https:\/\/loudavymkrokem.cz\/wp-content\/uploads\/2026\/08\/olomouc-s-detmi-rozarium-300x225.jpg 300w, https:\/\/loudavymkrokem.cz\/wp-content\/uploads\/2026\/08\/olomouc-s-detmi-rozarium-700x524.jpg 700w, https:\/\/loudavymkrokem.cz\/wp-content\/uploads\/2026\/08\/olomouc-s-detmi-rozarium-768x575.jpg 768w, https:\/\/loudavymkrokem.cz\/wp-content\/uploads\/2026\/08\/olomouc-s-detmi-rozarium-1536x1149.jpg 1536w, https:\/\/loudavymkrokem.cz\/wp-content\/uploads\/2026\/08\/olomouc-s-detmi-rozarium-80x60.jpg 80w, https:\/\/loudavymkrokem.cz\/wp-content\/uploads\/2026\/08\/olomouc-s-detmi-rozarium-160x120.jpg 160w, https:\/\/loudavymkrokem.cz\/wp-content\/uploads\/2026\/08\/olomouc-s-detmi-rozarium-696x521.jpg 696w, https:\/\/loudavymkrokem.cz\/wp-content\/uploads\/2026\/08\/olomouc-s-detmi-rozarium-1392x1042.jpg 1392w\" sizes=\"(max-width: 1800px) 100vw, 1800px\" \/><button\n\t\t\tclass=\"lightbox-trigger\"\n\t\t\ttype=\"button\"\n\t\t\taria-haspopup=\"dialog\"\n\t\t\tdata-wp-bind--aria-label=\"state.thisImage.triggerButtonAriaLabel\"\n\t\t\tdata-wp-init=\"callbacks.initTriggerButton\"\n\t\t\tdata-wp-on--click=\"actions.showLightbox\"\n\t\t\tdata-wp-style--right=\"state.thisImage.buttonRight\"\n\t\t\tdata-wp-style--top=\"state.thisImage.buttonTop\"\n\t\t>\n\t\t\t<svg xmlns=\"http:\/\/www.w3.org\/2000\/svg\" width=\"12\" height=\"12\" fill=\"none\" viewBox=\"0 0 12 12\">\n\t\t\t\t<path fill=\"#fff\" d=\"M2 0a2 2 0 0 0-2 2v2h1.5V2a.5.5 0 0 1 .5-.5h2V0H2Zm2 10.5H2a.5.5 0 0 1-.5-.5V8H0v2a2 2 0 0 0 2 2h2v-1.5ZM8 12v-1.5h2a.5.5 0 0 0 .5-.5V8H12v2a2 2 0 0 1-2 2H8Zm2-12a2 2 0 0 1 2 2v2h-1.5V2a.5.5 0 0 0-.5-.5H8V0h2Z\" \/>\n\t\t\t<\/svg>\n\t\t<\/button><figcaption class=\"wp-element-caption\">Rozarium ma szerokie, proste \u015bcie\u017cki, wi\u0119c dobrze je\u017adzi si\u0119 tu z w\u00f3zkiem<\/figcaption><\/figure>\n\n\n\n<p class=\"wp-block-paragraph\">Przy ulicy 17. listopadu znajdziesz kolejn\u0105 zielon\u0105 oaz\u0119, czyli o\u0142omunieckie Rozarium, b\u0119d\u0105ce ogrodem botanicznym i r\u00f3\u017canym w jednym. To ogromnie lubiane miejsce, o czym \u015bwiadczy ocena <strong>4,7 z 1877 recenzji<\/strong>, a mieszka\u0144cy ch\u0119tnie przychodz\u0105 tu na weekendowe spacery.<\/p>\n\n\n\n<p class=\"wp-block-paragraph\">Ogromn\u0105 zalet\u0105 dla rodzin jest fakt, \u017ce teren jest cz\u0119\u015bciowo bezbarierowy i szczyci si\u0119 szerokimi, prostymi \u015bcie\u017ckami, wi\u0119c to prawdziwa gratka, je\u015bli poruszasz si\u0119 <strong>z w\u00f3zkiem<\/strong>. W okresie kwitnienia r\u00f3\u017c panuje tu ponadto taki zapach, \u017ce w og\u00f3le nie b\u0119dzie ci si\u0119 chcia\u0142o st\u0105d wychodzi\u0107.<\/p>\n\n\n\n<h3 class=\"wp-block-heading\"><span class=\"ez-toc-section\" id=\"9_Twierdza_Koronna\"><\/span>9. Twierdza Koronna<span class=\"ez-toc-section-end\"><\/span><\/h3>\n\n\n\n<figure data-wp-context=\"{&quot;imageId&quot;:&quot;6a97aa5e1a7ab&quot;}\" data-wp-interactive=\"core\/image\" data-wp-key=\"6a97aa5e1a7ab\" class=\"wp-block-image size-full wp-lightbox-container\"><img decoding=\"async\" width=\"1800\" height=\"1350\" data-wp-class--hide=\"state.isContentHidden\" data-wp-class--show=\"state.isContentVisible\" data-wp-init=\"callbacks.setButtonStyles\" data-wp-on--click=\"actions.showLightbox\" data-wp-on--load=\"callbacks.setButtonStyles\" data-wp-on--pointerdown=\"actions.preloadImage\" data-wp-on--pointerenter=\"actions.preloadImageWithDelay\" data-wp-on--pointerleave=\"actions.cancelPreload\" data-wp-on-window--resize=\"callbacks.setButtonStyles\" src=\"https:\/\/loudavymkrokem.cz\/wp-content\/uploads\/2026\/08\/olomouc-s-detmi-korunni-pevnustka.jpg\" alt=\"Mury Twierdzy Koronnej w O\u0142omu\u0144cu\" class=\"wp-image-401103\" title=\"\" srcset=\"https:\/\/loudavymkrokem.cz\/wp-content\/uploads\/2026\/08\/olomouc-s-detmi-korunni-pevnustka.jpg 1800w, https:\/\/loudavymkrokem.cz\/wp-content\/uploads\/2026\/08\/olomouc-s-detmi-korunni-pevnustka-300x225.jpg 300w, https:\/\/loudavymkrokem.cz\/wp-content\/uploads\/2026\/08\/olomouc-s-detmi-korunni-pevnustka-700x525.jpg 700w, https:\/\/loudavymkrokem.cz\/wp-content\/uploads\/2026\/08\/olomouc-s-detmi-korunni-pevnustka-768x576.jpg 768w, https:\/\/loudavymkrokem.cz\/wp-content\/uploads\/2026\/08\/olomouc-s-detmi-korunni-pevnustka-1536x1152.jpg 1536w, https:\/\/loudavymkrokem.cz\/wp-content\/uploads\/2026\/08\/olomouc-s-detmi-korunni-pevnustka-80x60.jpg 80w, https:\/\/loudavymkrokem.cz\/wp-content\/uploads\/2026\/08\/olomouc-s-detmi-korunni-pevnustka-160x120.jpg 160w, https:\/\/loudavymkrokem.cz\/wp-content\/uploads\/2026\/08\/olomouc-s-detmi-korunni-pevnustka-696x522.jpg 696w, https:\/\/loudavymkrokem.cz\/wp-content\/uploads\/2026\/08\/olomouc-s-detmi-korunni-pevnustka-1392x1044.jpg 1392w\" sizes=\"(max-width: 1800px) 100vw, 1800px\" \/><button\n\t\t\tclass=\"lightbox-trigger\"\n\t\t\ttype=\"button\"\n\t\t\taria-haspopup=\"dialog\"\n\t\t\tdata-wp-bind--aria-label=\"state.thisImage.triggerButtonAriaLabel\"\n\t\t\tdata-wp-init=\"callbacks.initTriggerButton\"\n\t\t\tdata-wp-on--click=\"actions.showLightbox\"\n\t\t\tdata-wp-style--right=\"state.thisImage.buttonRight\"\n\t\t\tdata-wp-style--top=\"state.thisImage.buttonTop\"\n\t\t>\n\t\t\t<svg xmlns=\"http:\/\/www.w3.org\/2000\/svg\" width=\"12\" height=\"12\" fill=\"none\" viewBox=\"0 0 12 12\">\n\t\t\t\t<path fill=\"#fff\" d=\"M2 0a2 2 0 0 0-2 2v2h1.5V2a.5.5 0 0 1 .5-.5h2V0H2Zm2 10.5H2a.5.5 0 0 1-.5-.5V8H0v2a2 2 0 0 0 2 2h2v-1.5ZM8 12v-1.5h2a.5.5 0 0 0 .5-.5V8H12v2a2 2 0 0 1-2 2H8Zm2-12a2 2 0 0 1 2 2v2h-1.5V2a.5.5 0 0 0-.5-.5H8V0h2Z\" \/>\n\t\t\t<\/svg>\n\t\t<\/button><figcaption class=\"wp-element-caption\">Mury Twierdzy Koronnej, gdzie mie\u015bci si\u0119 te\u017c Twierdza Poznania<\/figcaption><\/figure>\n\n\n\n<p class=\"wp-block-paragraph\">O\u0142omuniec by\u0142 niegdy\u015b pot\u0119\u017cn\u0105 twierdz\u0105, a kawa\u0142ek tej militarnej historii mo\u017cesz dotkn\u0105\u0107 na terenie Twierdzy Koronnej pod adresem Michalsk\u00e1 8. Znajduje si\u0119 tu zachowany fragment barokowej twierdzy terezja\u0144skiej, a w dawnej prochowni mie\u015bci si\u0119 dzi\u015b muzeum, gdzie mo\u017cesz obejrze\u0107 ogromny gipsowy model pierwotnych umocnie\u0144 miasta. Ludzie bardzo lubi\u0105 to miejsce i przyznaj\u0105 mu pi\u0119kn\u0105 ocen\u0119 <strong>4,6 z 733 recenzji<\/strong>.<\/p>\n\n\n\n<p class=\"wp-block-paragraph\">Teren otwarty jest od kwietnia do pa\u017adziernika (w poniedzia\u0142ek nieczynne, poza tym wtorek\u2013pi\u0105tek 9\u201317, w weekend 10\u201317), a ostatnie wej\u015bcie o 16:30. Bilet wst\u0119pu jest bardzo przyst\u0119pny \u2014 doro\u015bli p\u0142ac\u0105 <strong>11 z\u0142<\/strong> (60 K\u010d), dzieci od 6 do 15 lat <strong>5 z\u0142<\/strong> (30 K\u010d), przy czym najm\u0142odsze maluchy do 6 lat wchodz\u0105 ca\u0142kiem za darmo. Dost\u0119pne s\u0105 te\u017c korzystne bilety rodzinne za 22 z\u0142 (2+1) lub 27 z\u0142 dla wi\u0119kszych rodzin.<\/p>\n\n\n\n<h3 class=\"wp-block-heading\"><span class=\"ez-toc-section\" id=\"10_Murale_i_street_art_w_przejsciach\"><\/span>10. Murale i street art w przej\u015bciach<span class=\"ez-toc-section-end\"><\/span><\/h3>\n\n\n\n<figure data-wp-context=\"{&quot;imageId&quot;:&quot;6a97aa5e1ad1a&quot;}\" data-wp-interactive=\"core\/image\" data-wp-key=\"6a97aa5e1ad1a\" class=\"wp-block-image size-full wp-lightbox-container\"><img decoding=\"async\" width=\"2200\" height=\"1467\" data-wp-class--hide=\"state.isContentHidden\" data-wp-class--show=\"state.isContentVisible\" data-wp-init=\"callbacks.setButtonStyles\" data-wp-on--click=\"actions.showLightbox\" data-wp-on--load=\"callbacks.setButtonStyles\" data-wp-on--pointerdown=\"actions.preloadImage\" data-wp-on--pointerenter=\"actions.preloadImageWithDelay\" data-wp-on--pointerleave=\"actions.cancelPreload\" data-wp-on-window--resize=\"callbacks.setButtonStyles\" src=\"https:\/\/loudavymkrokem.cz\/wp-content\/uploads\/2026\/08\/olomouc-s-detmi-mural-detail-klenba.jpg\" alt=\"Niebieski malunek na sklepieniu przejazdu w centrum O\u0142omu\u0144ca\" class=\"wp-image-401048\" title=\"\" srcset=\"https:\/\/loudavymkrokem.cz\/wp-content\/uploads\/2026\/08\/olomouc-s-detmi-mural-detail-klenba.jpg 2200w, https:\/\/loudavymkrokem.cz\/wp-content\/uploads\/2026\/08\/olomouc-s-detmi-mural-detail-klenba-300x200.jpg 300w, https:\/\/loudavymkrokem.cz\/wp-content\/uploads\/2026\/08\/olomouc-s-detmi-mural-detail-klenba-700x467.jpg 700w, https:\/\/loudavymkrokem.cz\/wp-content\/uploads\/2026\/08\/olomouc-s-detmi-mural-detail-klenba-768x512.jpg 768w, https:\/\/loudavymkrokem.cz\/wp-content\/uploads\/2026\/08\/olomouc-s-detmi-mural-detail-klenba-1536x1024.jpg 1536w, https:\/\/loudavymkrokem.cz\/wp-content\/uploads\/2026\/08\/olomouc-s-detmi-mural-detail-klenba-2048x1366.jpg 2048w, https:\/\/loudavymkrokem.cz\/wp-content\/uploads\/2026\/08\/olomouc-s-detmi-mural-detail-klenba-696x464.jpg 696w, https:\/\/loudavymkrokem.cz\/wp-content\/uploads\/2026\/08\/olomouc-s-detmi-mural-detail-klenba-1392x928.jpg 1392w, https:\/\/loudavymkrokem.cz\/wp-content\/uploads\/2026\/08\/olomouc-s-detmi-mural-detail-klenba-1920x1280.jpg 1920w\" sizes=\"(max-width: 2200px) 100vw, 2200px\" \/><button\n\t\t\tclass=\"lightbox-trigger\"\n\t\t\ttype=\"button\"\n\t\t\taria-haspopup=\"dialog\"\n\t\t\tdata-wp-bind--aria-label=\"state.thisImage.triggerButtonAriaLabel\"\n\t\t\tdata-wp-init=\"callbacks.initTriggerButton\"\n\t\t\tdata-wp-on--click=\"actions.showLightbox\"\n\t\t\tdata-wp-style--right=\"state.thisImage.buttonRight\"\n\t\t\tdata-wp-style--top=\"state.thisImage.buttonTop\"\n\t\t>\n\t\t\t<svg xmlns=\"http:\/\/www.w3.org\/2000\/svg\" width=\"12\" height=\"12\" fill=\"none\" viewBox=\"0 0 12 12\">\n\t\t\t\t<path fill=\"#fff\" d=\"M2 0a2 2 0 0 0-2 2v2h1.5V2a.5.5 0 0 1 .5-.5h2V0H2Zm2 10.5H2a.5.5 0 0 1-.5-.5V8H0v2a2 2 0 0 0 2 2h2v-1.5ZM8 12v-1.5h2a.5.5 0 0 0 .5-.5V8H12v2a2 2 0 0 1-2 2H8Zm2-12a2 2 0 0 1 2 2v2h-1.5V2a.5.5 0 0 0-.5-.5H8V0h2Z\" \/>\n\t\t\t<\/svg>\n\t\t<\/button><figcaption class=\"wp-element-caption\">Przejazdy z malowid\u0142ami to dla dzieci najlepsza cz\u0119\u015b\u0107 spaceru po centrum<\/figcaption><\/figure>\n\n\n\n<figure data-wp-context=\"{&quot;imageId&quot;:&quot;6a97aa5e1b133&quot;}\" data-wp-interactive=\"core\/image\" data-wp-key=\"6a97aa5e1b133\" class=\"wp-block-image size-full wp-lightbox-container\"><img decoding=\"async\" width=\"2200\" height=\"1467\" data-wp-class--hide=\"state.isContentHidden\" data-wp-class--show=\"state.isContentVisible\" data-wp-init=\"callbacks.setButtonStyles\" data-wp-on--click=\"actions.showLightbox\" data-wp-on--load=\"callbacks.setButtonStyles\" data-wp-on--pointerdown=\"actions.preloadImage\" data-wp-on--pointerenter=\"actions.preloadImageWithDelay\" data-wp-on--pointerleave=\"actions.cancelPreload\" data-wp-on-window--resize=\"callbacks.setButtonStyles\" src=\"https:\/\/loudavymkrokem.cz\/wp-content\/uploads\/2026\/08\/olomouc-s-detmi-mural-stit-domu.jpg\" alt=\"Wielkoformatowy malunek na szczycie kamienicy w O\u0142omu\u0144cu\" class=\"wp-image-401040\" title=\"\" srcset=\"https:\/\/loudavymkrokem.cz\/wp-content\/uploads\/2026\/08\/olomouc-s-detmi-mural-stit-domu.jpg 2200w, https:\/\/loudavymkrokem.cz\/wp-content\/uploads\/2026\/08\/olomouc-s-detmi-mural-stit-domu-300x200.jpg 300w, https:\/\/loudavymkrokem.cz\/wp-content\/uploads\/2026\/08\/olomouc-s-detmi-mural-stit-domu-700x467.jpg 700w, https:\/\/loudavymkrokem.cz\/wp-content\/uploads\/2026\/08\/olomouc-s-detmi-mural-stit-domu-768x512.jpg 768w, https:\/\/loudavymkrokem.cz\/wp-content\/uploads\/2026\/08\/olomouc-s-detmi-mural-stit-domu-1536x1024.jpg 1536w, https:\/\/loudavymkrokem.cz\/wp-content\/uploads\/2026\/08\/olomouc-s-detmi-mural-stit-domu-2048x1366.jpg 2048w, https:\/\/loudavymkrokem.cz\/wp-content\/uploads\/2026\/08\/olomouc-s-detmi-mural-stit-domu-696x464.jpg 696w, https:\/\/loudavymkrokem.cz\/wp-content\/uploads\/2026\/08\/olomouc-s-detmi-mural-stit-domu-1392x928.jpg 1392w, https:\/\/loudavymkrokem.cz\/wp-content\/uploads\/2026\/08\/olomouc-s-detmi-mural-stit-domu-1920x1280.jpg 1920w\" sizes=\"(max-width: 2200px) 100vw, 2200px\" \/><button\n\t\t\tclass=\"lightbox-trigger\"\n\t\t\ttype=\"button\"\n\t\t\taria-haspopup=\"dialog\"\n\t\t\tdata-wp-bind--aria-label=\"state.thisImage.triggerButtonAriaLabel\"\n\t\t\tdata-wp-init=\"callbacks.initTriggerButton\"\n\t\t\tdata-wp-on--click=\"actions.showLightbox\"\n\t\t\tdata-wp-style--right=\"state.thisImage.buttonRight\"\n\t\t\tdata-wp-style--top=\"state.thisImage.buttonTop\"\n\t\t>\n\t\t\t<svg xmlns=\"http:\/\/www.w3.org\/2000\/svg\" width=\"12\" height=\"12\" fill=\"none\" viewBox=\"0 0 12 12\">\n\t\t\t\t<path fill=\"#fff\" d=\"M2 0a2 2 0 0 0-2 2v2h1.5V2a.5.5 0 0 1 .5-.5h2V0H2Zm2 10.5H2a.5.5 0 0 1-.5-.5V8H0v2a2 2 0 0 0 2 2h2v-1.5ZM8 12v-1.5h2a.5.5 0 0 0 .5-.5V8H12v2a2 2 0 0 1-2 2H8Zm2-12a2 2 0 0 1 2 2v2h-1.5V2a.5.5 0 0 0-.5-.5H8V0h2Z\" \/>\n\t\t\t<\/svg>\n\t\t<\/button><figcaption class=\"wp-element-caption\">Wielkoformatowe malowid\u0142a znajdziesz te\u017c na szczytach zwyk\u0142ych kamienic<\/figcaption><\/figure>\n\n\n\n<p class=\"wp-block-paragraph\">Ostatni pomys\u0142 na aktywno\u015b\u0107 na dworze to taki miejski podchody. O\u0142omuniec co prawda oddycha histori\u0105, ale nie boi si\u0119 te\u017c nowoczesnej sztuki. Wprost w centrum, cz\u0119sto ukryte w przej\u015bciach, podcieniach albo na wysokich szczytach starych kamienic, znajduje si\u0119 kilka zachwycaj\u0105cych wielkoformatowych malowide\u0142, tak zwanych murali.<\/p>\n\n\n\n<p class=\"wp-block-paragraph\">Spr\u00f3buj wcze\u015bniej znale\u017a\u0107 ich lokalizacje i zr\u00f3b ze spaceru po mie\u015bcie gr\u0119 w tropicieli. Dzieci zwykle odkrywaj\u0105 te ogromne kolorowe obrazy z ogromnym entuzjazmem, a mo\u017cna to idealnie po\u0142\u0105czy\u0107 na przyk\u0142ad ze wspomnianym ju\u017c polowaniem na barokowe fontanny.<\/p>\n\n\n\n<h2 class=\"wp-block-heading\"><span class=\"ez-toc-section\" id=\"Gdy_pada_sale_zabaw_muzea_i_centra_rozrywki\"><\/span>Gdy pada: sale zabaw, muzea i centra rozrywki<span class=\"ez-toc-section-end\"><\/span><\/h2>\n\n\n\n<p class=\"wp-block-paragraph\">Je\u015bli zastanawiasz si\u0119, <strong>gdzie w O\u0142omu\u0144cu z dzie\u0107mi, gdy pada<\/strong>, mam dla ciebie \u015bwietn\u0105 wiadomo\u015b\u0107. To miasto jest przygotowane na deszczowe dni chyba najlepiej w ca\u0142ych Czechach. Koncentracja dobrych krytych sal zabaw i interaktywnych ekspozycji jest tu niespotykana, a nam samym jedna z tych pi\u0119knych sal zabaw w centrum uratowa\u0142a ca\u0142e popo\u0142udnie. Przyjrzyjmy si\u0119 najlepszym opcjom.<\/p>\n\n\n\n<h3 class=\"wp-block-heading\"><span class=\"ez-toc-section\" id=\"11_Twierdza_Poznania_Pevnost_poznani\"><\/span>11. Twierdza Poznania (Pevnost pozn\u00e1n\u00ed)<span class=\"ez-toc-section-end\"><\/span><\/h3>\n\n\n\n<figure data-wp-context=\"{&quot;imageId&quot;:&quot;6a97aa5e1b6cb&quot;}\" data-wp-interactive=\"core\/image\" data-wp-key=\"6a97aa5e1b6cb\" class=\"wp-block-image size-full wp-lightbox-container\"><img decoding=\"async\" width=\"1800\" height=\"1347\" data-wp-class--hide=\"state.isContentHidden\" data-wp-class--show=\"state.isContentVisible\" data-wp-init=\"callbacks.setButtonStyles\" data-wp-on--click=\"actions.showLightbox\" data-wp-on--load=\"callbacks.setButtonStyles\" data-wp-on--pointerdown=\"actions.preloadImage\" data-wp-on--pointerenter=\"actions.preloadImageWithDelay\" data-wp-on--pointerleave=\"actions.cancelPreload\" data-wp-on-window--resize=\"callbacks.setButtonStyles\" src=\"https:\/\/loudavymkrokem.cz\/wp-content\/uploads\/2026\/08\/olomouc-s-detmi-pevnost-poznani.jpg\" alt=\"Interaktywna ekspozycja w Twierdzy Poznania w O\u0142omu\u0144cu\" class=\"wp-image-401123\" title=\"\" srcset=\"https:\/\/loudavymkrokem.cz\/wp-content\/uploads\/2026\/08\/olomouc-s-detmi-pevnost-poznani.jpg 1800w, https:\/\/loudavymkrokem.cz\/wp-content\/uploads\/2026\/08\/olomouc-s-detmi-pevnost-poznani-300x225.jpg 300w, https:\/\/loudavymkrokem.cz\/wp-content\/uploads\/2026\/08\/olomouc-s-detmi-pevnost-poznani-700x524.jpg 700w, https:\/\/loudavymkrokem.cz\/wp-content\/uploads\/2026\/08\/olomouc-s-detmi-pevnost-poznani-768x575.jpg 768w, https:\/\/loudavymkrokem.cz\/wp-content\/uploads\/2026\/08\/olomouc-s-detmi-pevnost-poznani-1536x1149.jpg 1536w, https:\/\/loudavymkrokem.cz\/wp-content\/uploads\/2026\/08\/olomouc-s-detmi-pevnost-poznani-80x60.jpg 80w, https:\/\/loudavymkrokem.cz\/wp-content\/uploads\/2026\/08\/olomouc-s-detmi-pevnost-poznani-160x120.jpg 160w, https:\/\/loudavymkrokem.cz\/wp-content\/uploads\/2026\/08\/olomouc-s-detmi-pevnost-poznani-696x521.jpg 696w, https:\/\/loudavymkrokem.cz\/wp-content\/uploads\/2026\/08\/olomouc-s-detmi-pevnost-poznani-1392x1042.jpg 1392w\" sizes=\"(max-width: 1800px) 100vw, 1800px\" \/><button\n\t\t\tclass=\"lightbox-trigger\"\n\t\t\ttype=\"button\"\n\t\t\taria-haspopup=\"dialog\"\n\t\t\tdata-wp-bind--aria-label=\"state.thisImage.triggerButtonAriaLabel\"\n\t\t\tdata-wp-init=\"callbacks.initTriggerButton\"\n\t\t\tdata-wp-on--click=\"actions.showLightbox\"\n\t\t\tdata-wp-style--right=\"state.thisImage.buttonRight\"\n\t\t\tdata-wp-style--top=\"state.thisImage.buttonTop\"\n\t\t>\n\t\t\t<svg xmlns=\"http:\/\/www.w3.org\/2000\/svg\" width=\"12\" height=\"12\" fill=\"none\" viewBox=\"0 0 12 12\">\n\t\t\t\t<path fill=\"#fff\" d=\"M2 0a2 2 0 0 0-2 2v2h1.5V2a.5.5 0 0 1 .5-.5h2V0H2Zm2 10.5H2a.5.5 0 0 1-.5-.5V8H0v2a2 2 0 0 0 2 2h2v-1.5ZM8 12v-1.5h2a.5.5 0 0 0 .5-.5V8H12v2a2 2 0 0 1-2 2H8Zm2-12a2 2 0 0 1 2 2v2h-1.5V2a.5.5 0 0 0-.5-.5H8V0h2Z\" \/>\n\t\t\t<\/svg>\n\t\t<\/button><figcaption class=\"wp-element-caption\">Ponad sto interaktywnych eksponat\u00f3w, przy kt\u00f3rych dzieci mog\u0105 wszystkiego dotkn\u0105\u0107<\/figcaption><\/figure>\n\n\n\n<p class=\"wp-block-paragraph\">Je\u015bli szukasz zaj\u0119cia na ca\u0142e deszczowe popo\u0142udnie, interaktywne centrum nauki Uniwersytetu Palackiego <a href=\"https:\/\/www.pevnostpoznani.cz\/\" target=\"_blank\" rel=\"nofollow noopener\">Pevnost pozn\u00e1n\u00ed<\/a>, mieszcz\u0105ce si\u0119 na terenie Twierdzy Koronnej (17. listopadu 939), to absolutny numer jeden. Twierdza Poznania ma niesamowit\u0105 ocen\u0119 <strong>4,7 z niemal trzech tysi\u0119cy recenzji<\/strong>, a na powierzchni starego budynku wojskowego rozk\u0142ada si\u0119 tu cztery g\u0142\u00f3wne ekspozycje: Do historii!, \u017bywa woda, Rozum w gar\u015bci oraz \u015awiat\u0142o i ciemno\u015b\u0107.<\/p>\n\n\n\n<p class=\"wp-block-paragraph\">W sumie czeka tu na was ponad <strong>100 interaktywnych eksponat\u00f3w<\/strong>, przy kt\u00f3rych dzieci mog\u0105 wszystkiego dotkn\u0105\u0107, wypr\u00f3bowa\u0107 i zbada\u0107, plus wspania\u0142e <strong>cyfrowe planetarium<\/strong>. Otwarte maj\u0105 w dni powszednie od 9 do 17, a w weekendy od 10 do 18 (uwaga, od wrze\u015bnia do maja w poniedzia\u0142ek nieczynne). Doros\u0142y zap\u0142aci <strong>34 z\u0142<\/strong> (190 K\u010d), bilet ulgowy dla dzieci, student\u00f3w i senior\u00f3w to <strong>29 z\u0142<\/strong> (160 K\u010d), a bilety rodzinne wahaj\u0105 si\u0119 od 83 do 140 z\u0142 w zale\u017cno\u015bci od liczby os\u00f3b. Je\u015bli chcesz tylko do jednej konkretnej ekspozycji, wyjdzie ci\u0119 to na 13 z\u0142.<\/p>\n\n\n\n<h3 class=\"wp-block-heading\"><span class=\"ez-toc-section\" id=\"12_JaSam\"><\/span>12. J\u00e1S\u00e1m<span class=\"ez-toc-section-end\"><\/span><\/h3>\n\n\n\n<p class=\"wp-block-paragraph\">W samym sercu miasta, na <strong>G\u00f3rnym Rynku 7<\/strong>, kilka krok\u00f3w naprzeciw zegara astronomicznego, mi\u0119dzy bistrem lawendowym a sklepem z serkami tvar\u016f\u017eky, kryje si\u0119 dzieci\u0119ca sala zabaw z kawiarni\u0105 J\u00e1S\u00e1m. To miejsce jest uciele\u015bnieniem marzenia ka\u017cdego rodzica, kt\u00f3ry chce w spokoju wypi\u0107 ciep\u0142\u0105 kaw\u0119, podczas gdy dziecko bezpiecznie si\u0119 bawi. Ocena <strong>4,7 od 219 odwiedzaj\u0105cych<\/strong> m\u00f3wi sama za siebie.<\/p>\n\n\n\n<p class=\"wp-block-paragraph\">Jest tu ogromnie przytulnie, pe\u0142no dobrej jako\u015bci drewnianych zabawek. Dzieci znajd\u0105 tu dzieci\u0119c\u0105 kuchenk\u0119, sklepik, wyposa\u017cenie lekarskie, \u015bwietny warsztat dla ma\u0142ych majsterkowicz\u00f3w oraz du\u017ce drabinki i zje\u017cd\u017calnie. Rodzice mog\u0105 w tym czasie delektowa\u0107 si\u0119 kaw\u0105 specialty z lokalnej palarni albo \u015bwietnymi domowymi ciastami i \u015bniadaniowymi zestawami. Otwarte jest w dni powszednie od 8:00 do 19:00, a w weekendy od 9:00 do 19:00. Ogromnym plusem jest to, \u017ce wst\u0119p p\u0142aci si\u0119 tylko za bawi\u0105ce si\u0119 dzieci, a doros\u0142a opieka nie p\u0142aci nic.<\/p>\n\n\n\n<h3 class=\"wp-block-heading\"><span class=\"ez-toc-section\" id=\"13_V_lese\"><\/span>13. V lese<span class=\"ez-toc-section-end\"><\/span><\/h3>\n\n\n\n<figure data-wp-context=\"{&quot;imageId&quot;:&quot;6a97aa5e1bc91&quot;}\" data-wp-interactive=\"core\/image\" data-wp-key=\"6a97aa5e1bc91\" class=\"wp-block-image size-full wp-lightbox-container\"><img decoding=\"async\" width=\"2200\" height=\"1467\" data-wp-class--hide=\"state.isContentHidden\" data-wp-class--show=\"state.isContentVisible\" data-wp-init=\"callbacks.setButtonStyles\" data-wp-on--click=\"actions.showLightbox\" data-wp-on--load=\"callbacks.setButtonStyles\" data-wp-on--pointerdown=\"actions.preloadImage\" data-wp-on--pointerenter=\"actions.preloadImageWithDelay\" data-wp-on--pointerleave=\"actions.cancelPreload\" data-wp-on-window--resize=\"callbacks.setButtonStyles\" src=\"https:\/\/loudavymkrokem.cz\/wp-content\/uploads\/2026\/08\/olomouc-s-detmi-zerotinovo-namesti.jpg\" alt=\"Kamienice na Placu \u017berotina w O\u0142omu\u0144cu\" class=\"wp-image-401044\" title=\"\" srcset=\"https:\/\/loudavymkrokem.cz\/wp-content\/uploads\/2026\/08\/olomouc-s-detmi-zerotinovo-namesti.jpg 2200w, https:\/\/loudavymkrokem.cz\/wp-content\/uploads\/2026\/08\/olomouc-s-detmi-zerotinovo-namesti-300x200.jpg 300w, https:\/\/loudavymkrokem.cz\/wp-content\/uploads\/2026\/08\/olomouc-s-detmi-zerotinovo-namesti-700x467.jpg 700w, https:\/\/loudavymkrokem.cz\/wp-content\/uploads\/2026\/08\/olomouc-s-detmi-zerotinovo-namesti-768x512.jpg 768w, https:\/\/loudavymkrokem.cz\/wp-content\/uploads\/2026\/08\/olomouc-s-detmi-zerotinovo-namesti-1536x1024.jpg 1536w, https:\/\/loudavymkrokem.cz\/wp-content\/uploads\/2026\/08\/olomouc-s-detmi-zerotinovo-namesti-2048x1366.jpg 2048w, https:\/\/loudavymkrokem.cz\/wp-content\/uploads\/2026\/08\/olomouc-s-detmi-zerotinovo-namesti-696x464.jpg 696w, https:\/\/loudavymkrokem.cz\/wp-content\/uploads\/2026\/08\/olomouc-s-detmi-zerotinovo-namesti-1392x928.jpg 1392w, https:\/\/loudavymkrokem.cz\/wp-content\/uploads\/2026\/08\/olomouc-s-detmi-zerotinovo-namesti-1920x1280.jpg 1920w\" sizes=\"(max-width: 2200px) 100vw, 2200px\" \/><button\n\t\t\tclass=\"lightbox-trigger\"\n\t\t\ttype=\"button\"\n\t\t\taria-haspopup=\"dialog\"\n\t\t\tdata-wp-bind--aria-label=\"state.thisImage.triggerButtonAriaLabel\"\n\t\t\tdata-wp-init=\"callbacks.initTriggerButton\"\n\t\t\tdata-wp-on--click=\"actions.showLightbox\"\n\t\t\tdata-wp-style--right=\"state.thisImage.buttonRight\"\n\t\t\tdata-wp-style--top=\"state.thisImage.buttonTop\"\n\t\t>\n\t\t\t<svg xmlns=\"http:\/\/www.w3.org\/2000\/svg\" width=\"12\" height=\"12\" fill=\"none\" viewBox=\"0 0 12 12\">\n\t\t\t\t<path fill=\"#fff\" d=\"M2 0a2 2 0 0 0-2 2v2h1.5V2a.5.5 0 0 1 .5-.5h2V0H2Zm2 10.5H2a.5.5 0 0 1-.5-.5V8H0v2a2 2 0 0 0 2 2h2v-1.5ZM8 12v-1.5h2a.5.5 0 0 0 .5-.5V8H12v2a2 2 0 0 1-2 2H8Zm2-12a2 2 0 0 1 2 2v2h-1.5V2a.5.5 0 0 0-.5-.5H8V0h2Z\" \/>\n\t\t\t<\/svg>\n\t\t<\/button><figcaption class=\"wp-element-caption\">Plac \u017berotina, gdzie znajdziesz kawiarni\u0119 z sal\u0105 zabaw w duchu Montessori<\/figcaption><\/figure>\n\n\n\n<figure data-wp-context=\"{&quot;imageId&quot;:&quot;6a97aa5e1c08a&quot;}\" data-wp-interactive=\"core\/image\" data-wp-key=\"6a97aa5e1c08a\" class=\"wp-block-image size-full wp-lightbox-container\"><img decoding=\"async\" width=\"2200\" height=\"1467\" data-wp-class--hide=\"state.isContentHidden\" data-wp-class--show=\"state.isContentVisible\" data-wp-init=\"callbacks.setButtonStyles\" data-wp-on--click=\"actions.showLightbox\" data-wp-on--load=\"callbacks.setButtonStyles\" data-wp-on--pointerdown=\"actions.preloadImage\" data-wp-on--pointerenter=\"actions.preloadImageWithDelay\" data-wp-on--pointerleave=\"actions.cancelPreload\" data-wp-on-window--resize=\"callbacks.setButtonStyles\" src=\"https:\/\/loudavymkrokem.cz\/wp-content\/uploads\/2026\/08\/olomouc-s-detmi-kavarna-interier.jpg\" alt=\"Wn\u0119trze o\u0142omunieckiej kawiarni z naturalnym wystrojem\" class=\"wp-image-401023\" title=\"\" srcset=\"https:\/\/loudavymkrokem.cz\/wp-content\/uploads\/2026\/08\/olomouc-s-detmi-kavarna-interier.jpg 2200w, https:\/\/loudavymkrokem.cz\/wp-content\/uploads\/2026\/08\/olomouc-s-detmi-kavarna-interier-300x200.jpg 300w, https:\/\/loudavymkrokem.cz\/wp-content\/uploads\/2026\/08\/olomouc-s-detmi-kavarna-interier-700x467.jpg 700w, https:\/\/loudavymkrokem.cz\/wp-content\/uploads\/2026\/08\/olomouc-s-detmi-kavarna-interier-768x512.jpg 768w, https:\/\/loudavymkrokem.cz\/wp-content\/uploads\/2026\/08\/olomouc-s-detmi-kavarna-interier-1536x1024.jpg 1536w, https:\/\/loudavymkrokem.cz\/wp-content\/uploads\/2026\/08\/olomouc-s-detmi-kavarna-interier-2048x1366.jpg 2048w, https:\/\/loudavymkrokem.cz\/wp-content\/uploads\/2026\/08\/olomouc-s-detmi-kavarna-interier-696x464.jpg 696w, https:\/\/loudavymkrokem.cz\/wp-content\/uploads\/2026\/08\/olomouc-s-detmi-kavarna-interier-1392x928.jpg 1392w, https:\/\/loudavymkrokem.cz\/wp-content\/uploads\/2026\/08\/olomouc-s-detmi-kavarna-interier-1920x1280.jpg 1920w\" sizes=\"(max-width: 2200px) 100vw, 2200px\" \/><button\n\t\t\tclass=\"lightbox-trigger\"\n\t\t\ttype=\"button\"\n\t\t\taria-haspopup=\"dialog\"\n\t\t\tdata-wp-bind--aria-label=\"state.thisImage.triggerButtonAriaLabel\"\n\t\t\tdata-wp-init=\"callbacks.initTriggerButton\"\n\t\t\tdata-wp-on--click=\"actions.showLightbox\"\n\t\t\tdata-wp-style--right=\"state.thisImage.buttonRight\"\n\t\t\tdata-wp-style--top=\"state.thisImage.buttonTop\"\n\t\t>\n\t\t\t<svg xmlns=\"http:\/\/www.w3.org\/2000\/svg\" width=\"12\" height=\"12\" fill=\"none\" viewBox=\"0 0 12 12\">\n\t\t\t\t<path fill=\"#fff\" d=\"M2 0a2 2 0 0 0-2 2v2h1.5V2a.5.5 0 0 1 .5-.5h2V0H2Zm2 10.5H2a.5.5 0 0 1-.5-.5V8H0v2a2 2 0 0 0 2 2h2v-1.5ZM8 12v-1.5h2a.5.5 0 0 0 .5-.5V8H12v2a2 2 0 0 1-2 2H8Zm2-12a2 2 0 0 1 2 2v2h-1.5V2a.5.5 0 0 0-.5-.5H8V0h2Z\" \/>\n\t\t\t<\/svg>\n\t\t<\/button><figcaption class=\"wp-element-caption\">Kawiarnie w centrum O\u0142omu\u0144ca my\u015bl\u0105 o dzieciach i o rodzicach<\/figcaption><\/figure>\n\n\n\n<p class=\"wp-block-paragraph\">Kawa\u0142ek dalej, na Placu \u017berotina 3, znajdziesz kolejny klejnot w\u015br\u00f3d kawiarni z sal\u0105 zabaw. Lokal V lese wyznaje sympatyczne podej\u015bcie montessori i zero waste, a z recenzji ze \u015bredni\u0105 <strong>4,7 od ponad pi\u0119ciuset os\u00f3b<\/strong> jasno wynika, \u017ce robi\u0105 to \u015bwietnie. Zamiast ha\u0142a\u015bliwych plastikowych zabawek panuje tu spok\u00f3j i mn\u00f3stwo solidnych <strong>czeskich drewnianych zabawek<\/strong>.<\/p>\n\n\n\n<p class=\"wp-block-paragraph\">Dzieci mog\u0105 tu szale\u0107 na hu\u015btawce, odkrywa\u0107 drzewo d\u017awi\u0119k\u00f3w, bawi\u0107 si\u0119 drewnian\u0105 t\u0119cz\u0105, bada\u0107 wielk\u0105 tablic\u0119 manipulacyjn\u0105 albo dotykowe memory. Ca\u0142odniowy wst\u0119p kosztuje ludowe <strong>11 z\u0142<\/strong> (60 K\u010d, ulgowy 30 K\u010d), a ogromn\u0105 zalet\u0105 jest to, \u017ce z opask\u0105 na r\u0119ku mo\u017cesz w ci\u0105gu dnia wyj\u015b\u0107 i zn\u00f3w wr\u00f3ci\u0107. Ze wzgl\u0119du na popularno\u015b\u0107 bywa tu jednak czasem t\u0142oczno. Otwarte maj\u0105 od poniedzia\u0142ku do pi\u0105tku 9:00\u201319:00, a w weekendy 10:00\u201319:00.<\/p>\n\n\n\n<h3 class=\"wp-block-heading\"><span class=\"ez-toc-section\" id=\"14_Clovickov\"><\/span>14. \u010clov\u00ed\u010dkov<span class=\"ez-toc-section-end\"><\/span><\/h3>\n\n\n\n<p class=\"wp-block-paragraph\">Je\u015bli potrzebujesz naprawd\u0119 du\u017cej przestrzeni, by dzieci spali\u0142y nagromadzon\u0105 energi\u0119, przy ulicy 8. kv\u011btna 24 znajdziesz lubian\u0105 sal\u0119 zabaw \u010clov\u00ed\u010dkov (ocena 4,1). To klasyczna du\u017ca przestrze\u0144 zabawowa z drabinkami, gdzie mniejsze dzieci niezawodnie zajm\u0105 si\u0119 na kilka godzin.<\/p>\n\n\n\n<p class=\"wp-block-paragraph\">Rodzice maj\u0105 tu do dyspozycji miejsce do siedzenia z ofert\u0105 kawy i herbat, a wielkim wabikiem jest bez w\u0105tpienia cena. Wst\u0119p wynosi bowiem pi\u0119kne <strong>11 z\u0142<\/strong> (59 K\u010d) za dziecko na czas nieograniczony, co dzi\u015b jest naprawd\u0119 bardzo przyjemn\u0105 kwot\u0105 za uratowanie deszczowego popo\u0142udnia.<\/p>\n\n\n\n<h3 class=\"wp-block-heading\"><span class=\"ez-toc-section\" id=\"15_Snoezelen_Olomouc\"><\/span>15. Snoezelen Olomouc<span class=\"ez-toc-section-end\"><\/span><\/h3>\n\n\n\n<figure data-wp-context=\"{&quot;imageId&quot;:&quot;6a97aa5e1c6ea&quot;}\" data-wp-interactive=\"core\/image\" data-wp-key=\"6a97aa5e1c6ea\" class=\"wp-block-image size-full wp-lightbox-container\"><img decoding=\"async\" width=\"1200\" height=\"800\" data-wp-class--hide=\"state.isContentHidden\" data-wp-class--show=\"state.isContentVisible\" data-wp-init=\"callbacks.setButtonStyles\" data-wp-on--click=\"actions.showLightbox\" data-wp-on--load=\"callbacks.setButtonStyles\" data-wp-on--pointerdown=\"actions.preloadImage\" data-wp-on--pointerenter=\"actions.preloadImageWithDelay\" data-wp-on--pointerleave=\"actions.cancelPreload\" data-wp-on-window--resize=\"callbacks.setButtonStyles\" src=\"https:\/\/loudavymkrokem.cz\/wp-content\/uploads\/2026\/08\/olomouc-s-detmi-snoezelen.jpg\" alt=\"Wielozmys\u0142owa sala zabaw Snoezelen Olomouc z kolorowym o\u015bwietleniem\" class=\"wp-image-403598\" title=\"\" srcset=\"https:\/\/loudavymkrokem.cz\/wp-content\/uploads\/2026\/08\/olomouc-s-detmi-snoezelen.jpg 1200w, https:\/\/loudavymkrokem.cz\/wp-content\/uploads\/2026\/08\/olomouc-s-detmi-snoezelen-300x200.jpg 300w, https:\/\/loudavymkrokem.cz\/wp-content\/uploads\/2026\/08\/olomouc-s-detmi-snoezelen-700x467.jpg 700w, https:\/\/loudavymkrokem.cz\/wp-content\/uploads\/2026\/08\/olomouc-s-detmi-snoezelen-768x512.jpg 768w, https:\/\/loudavymkrokem.cz\/wp-content\/uploads\/2026\/08\/olomouc-s-detmi-snoezelen-696x464.jpg 696w\" sizes=\"(max-width: 1200px) 100vw, 1200px\" \/><button\n\t\t\tclass=\"lightbox-trigger\"\n\t\t\ttype=\"button\"\n\t\t\taria-haspopup=\"dialog\"\n\t\t\tdata-wp-bind--aria-label=\"state.thisImage.triggerButtonAriaLabel\"\n\t\t\tdata-wp-init=\"callbacks.initTriggerButton\"\n\t\t\tdata-wp-on--click=\"actions.showLightbox\"\n\t\t\tdata-wp-style--right=\"state.thisImage.buttonRight\"\n\t\t\tdata-wp-style--top=\"state.thisImage.buttonTop\"\n\t\t>\n\t\t\t<svg xmlns=\"http:\/\/www.w3.org\/2000\/svg\" width=\"12\" height=\"12\" fill=\"none\" viewBox=\"0 0 12 12\">\n\t\t\t\t<path fill=\"#fff\" d=\"M2 0a2 2 0 0 0-2 2v2h1.5V2a.5.5 0 0 1 .5-.5h2V0H2Zm2 10.5H2a.5.5 0 0 1-.5-.5V8H0v2a2 2 0 0 0 2 2h2v-1.5ZM8 12v-1.5h2a.5.5 0 0 0 .5-.5V8H12v2a2 2 0 0 1-2 2H8Zm2-12a2 2 0 0 1 2 2v2h-1.5V2a.5.5 0 0 0-.5-.5H8V0h2Z\" \/>\n\t\t\t<\/svg>\n\t\t<\/button><figcaption class=\"wp-element-caption\">Wielozmys\u0142owa sala zabaw Snoezelen dzia\u0142a w zupe\u0142nie innym tempie ni\u017c zwyk\u0142e sale | Foto: Snoezelen Olomouc<\/figcaption><\/figure>\n\n\n\n<p class=\"wp-block-paragraph\">Przy ulicy Mari\u00e1nsk\u00e1 7 kryje si\u0119 nieco inny typ sali zabaw, kt\u00f3ry docenisz zw\u0142aszcza wtedy, gdy masz bardzo ma\u0142e dzieci albo dzieci ze specjalnymi potrzebami, kt\u00f3re nie znosz\u0105 typowego ha\u0142asu du\u017cych sal. Snoezelen to bowiem relaksacyjna, wielozmys\u0142owa sala zaprojektowana tak, by uspokaja\u0107 i delikatnie stymulowa\u0107 zmys\u0142y (ocena 4,5).<\/p>\n\n\n\n<p class=\"wp-block-paragraph\">Znajdziesz tu rozmaite elementy \u015bwietlne, kolumny z b\u0105belkami, relaksacyjn\u0105 muzyk\u0119 i przyjemne materia\u0142y dotykowe. To oaza spokoju w \u015brodku miasta, gdzie przychodzi si\u0119 naprawd\u0119 odpocz\u0105\u0107 i odbiera\u0107 \u015bwiat troch\u0119 innym, wolniejszym tempem.<\/p>\n\n\n\n<h3 class=\"wp-block-heading\"><span class=\"ez-toc-section\" id=\"16_Rodzinny_park_rozrywki_Krokodylek\"><\/span>16. Rodzinny park rozrywki Krokodylek<span class=\"ez-toc-section-end\"><\/span><\/h3>\n\n\n\n<figure data-wp-context=\"{&quot;imageId&quot;:&quot;6a97aa5e1cd12&quot;}\" data-wp-interactive=\"core\/image\" data-wp-key=\"6a97aa5e1cd12\" class=\"wp-block-image size-full wp-lightbox-container\"><img decoding=\"async\" width=\"1498\" height=\"1000\" data-wp-class--hide=\"state.isContentHidden\" data-wp-class--show=\"state.isContentVisible\" data-wp-init=\"callbacks.setButtonStyles\" data-wp-on--click=\"actions.showLightbox\" data-wp-on--load=\"callbacks.setButtonStyles\" data-wp-on--pointerdown=\"actions.preloadImage\" data-wp-on--pointerenter=\"actions.preloadImageWithDelay\" data-wp-on--pointerleave=\"actions.cancelPreload\" data-wp-on-window--resize=\"callbacks.setButtonStyles\" src=\"https:\/\/loudavymkrokem.cz\/wp-content\/uploads\/2026\/08\/olomouc-s-detmi-krokodylek.jpg\" alt=\"Dzieci na dmuchanej atrakcji w parku rozrywki Krokodylek w O\u0142omu\u0144cu\" class=\"wp-image-403596\" title=\"\" srcset=\"https:\/\/loudavymkrokem.cz\/wp-content\/uploads\/2026\/08\/olomouc-s-detmi-krokodylek.jpg 1498w, https:\/\/loudavymkrokem.cz\/wp-content\/uploads\/2026\/08\/olomouc-s-detmi-krokodylek-300x200.jpg 300w, https:\/\/loudavymkrokem.cz\/wp-content\/uploads\/2026\/08\/olomouc-s-detmi-krokodylek-700x467.jpg 700w, https:\/\/loudavymkrokem.cz\/wp-content\/uploads\/2026\/08\/olomouc-s-detmi-krokodylek-768x513.jpg 768w, https:\/\/loudavymkrokem.cz\/wp-content\/uploads\/2026\/08\/olomouc-s-detmi-krokodylek-696x465.jpg 696w, https:\/\/loudavymkrokem.cz\/wp-content\/uploads\/2026\/08\/olomouc-s-detmi-krokodylek-1392x929.jpg 1392w\" sizes=\"(max-width: 1498px) 100vw, 1498px\" \/><button\n\t\t\tclass=\"lightbox-trigger\"\n\t\t\ttype=\"button\"\n\t\t\taria-haspopup=\"dialog\"\n\t\t\tdata-wp-bind--aria-label=\"state.thisImage.triggerButtonAriaLabel\"\n\t\t\tdata-wp-init=\"callbacks.initTriggerButton\"\n\t\t\tdata-wp-on--click=\"actions.showLightbox\"\n\t\t\tdata-wp-style--right=\"state.thisImage.buttonRight\"\n\t\t\tdata-wp-style--top=\"state.thisImage.buttonTop\"\n\t\t>\n\t\t\t<svg xmlns=\"http:\/\/www.w3.org\/2000\/svg\" width=\"12\" height=\"12\" fill=\"none\" viewBox=\"0 0 12 12\">\n\t\t\t\t<path fill=\"#fff\" d=\"M2 0a2 2 0 0 0-2 2v2h1.5V2a.5.5 0 0 1 .5-.5h2V0H2Zm2 10.5H2a.5.5 0 0 1-.5-.5V8H0v2a2 2 0 0 0 2 2h2v-1.5ZM8 12v-1.5h2a.5.5 0 0 0 .5-.5V8H12v2a2 2 0 0 1-2 2H8Zm2-12a2 2 0 0 1 2 2v2h-1.5V2a.5.5 0 0 0-.5-.5H8V0h2Z\" \/>\n\t\t\t<\/svg>\n\t\t<\/button><figcaption class=\"wp-element-caption\">Krokodylek ma 25 atrakcji na powierzchni 3000 m\u00b2 | Foto: Krokod\u00fdlek Olomouc<\/figcaption><\/figure>\n\n\n\n<p class=\"wp-block-paragraph\">Kiedy trzeba wyci\u0105gn\u0105\u0107 najci\u0119\u017csz\u0105 bro\u0144 przeciwko dzieci\u0119cej nudzie, musisz wyruszy\u0107 do dzielnicy Lazce na ulic\u0119 Florykova 556. Tutaj bowiem stoi <a href=\"https:\/\/www.krokodylek-olomouc.cz\/\" target=\"_blank\" rel=\"nofollow noopener\">Krokodylek<\/a>, jeden z najwi\u0119kszych dzieci\u0119cych park\u00f3w rozrywki na ca\u0142ych Morawach, szczyc\u0105cy si\u0119 imponuj\u0105c\u0105 ocen\u0105 <strong>4,5 z 1659 recenzji<\/strong>. Na powierzchni ponad <strong>3000 metr\u00f3w kwadratowych<\/strong> rozk\u0142ada si\u0119 tu niesamowitych <strong>25 wielkich atrakcji<\/strong>.<\/p>\n\n\n\n<p class=\"wp-block-paragraph\">Dzieci nie b\u0119d\u0105 wiedzia\u0142y, w co r\u0119ce w\u0142o\u017cy\u0107. Jest tu pot\u0119\u017cny drewniany statek piracki, trzypi\u0119trowe drabinki ze zje\u017cd\u017calniami, trampoliny, \u015bciana wspinaczkowa, jeziorko z atrakcjami, arena dzia\u0142owa do bitew mi\u0119kkimi pi\u0142eczkami, tor motocyklowy oraz unikatowy panel pin-art z 40 000 pr\u0119cik\u00f3w do odbijania cia\u0142a. Do dyspozycji jest te\u017c restauracja i spokojniejszy k\u0105cik z grami planszowymi. Ca\u0142odniowy wst\u0119p od pi\u0105tku do niedzieli wychodzi na <strong>61 z\u0142 za dziecko i 25 z\u0142 za doros\u0142ego<\/strong> (rodzinny 158 z\u0142), a od poniedzia\u0142ku do czwartku jest taniej: <strong>47 z\u0142 za dziecko i 21 z\u0142 za doros\u0142ego<\/strong> (rodzinny 126 z\u0142). Mo\u017cesz te\u017c wybra\u0107 wst\u0119p godzinowy od 20 z\u0142 za dziecko.<\/p>\n\n\n\n<h3 class=\"wp-block-heading\"><span class=\"ez-toc-section\" id=\"17_Amazonie_Olomouc\"><\/span>17. Amazonie Olomouc<span class=\"ez-toc-section-end\"><\/span><\/h3>\n\n\n\n<p class=\"wp-block-paragraph\">Kolejnym lubianym punktem na mapie deszczowych dni jest dzieci\u0119ce centrum Amazonie pod adresem Pra\u017esk\u00e1 255\/41 (ocena 4,3). To klasyczna, ale bardzo dobrze wyposa\u017cona kryta sala zabaw, idealna na te dni, gdy dzieci po prostu potrzebuj\u0105 si\u0119 wspina\u0107, skaka\u0107 i zje\u017cd\u017ca\u0107.<\/p>\n\n\n\n<p class=\"wp-block-paragraph\">W \u015brodku czeka na nie ogromna drabinka ci\u0105gn\u0105ca si\u0119 przez kilka pi\u0119ter, dmuchany zamek dla mi\u0142o\u015bnik\u00f3w skok\u00f3w, mn\u00f3stwo bezpiecznie wy\u015bcie\u0142anych hu\u015btawek, szybkie zje\u017cd\u017calnie i oczywi\u015bcie tak uwielbiany ogromny basen pe\u0142en kolorowych plastikowych pi\u0142eczek, z kt\u00f3rego zwykle nie da si\u0119 dzieci wyci\u0105gn\u0105\u0107.<\/p>\n\n\n\n<h3 class=\"wp-block-heading\"><span class=\"ez-toc-section\" id=\"18_Park_linowy_PROUD\"><\/span>18. Park linowy PROUD<span class=\"ez-toc-section-end\"><\/span><\/h3>\n\n\n\n<p class=\"wp-block-paragraph\">Mo\u017ce my\u015blisz, \u017ce park linowy z ma\u0142ymi dzie\u0107mi nie ma sensu, ale oddzia\u0142 PROUD przy ulicy Lazeck\u00e1 50\/49 wyprowadzi ci\u0119 z b\u0142\u0119du (\u015bwietna ocena <strong>4,6 z 347 recenzji<\/strong>). Maj\u0105 tu bowiem rozrywk\u0119 zaprojektowan\u0105 tak, by ka\u017cda grupa wiekowa znalaz\u0142a co\u015b dla siebie.<\/p>\n\n\n\n<p class=\"wp-block-paragraph\">Opr\u00f3cz wysokich przeszk\u00f3d dla starszych dzieci i doros\u0142ych znajdziesz tu rozmaite hu\u015btawki, ogromne pneumatyczne trampoliny wbudowane w ziemi\u0119, poduszki wodne, a przede wszystkim niskie przeszkody linowe przy ziemi, kt\u00f3re s\u0105 bezpieczne i <strong>odpowiednie ju\u017c dla dzieci od 1. roku \u017cycia<\/strong>. To \u015bwietne miejsce na trening motoryki du\u017cej i r\u00f3wnowagi.<\/p>\n\n\n\n<h3 class=\"wp-block-heading\"><span class=\"ez-toc-section\" id=\"19_Muzeum_Regionalne_w_Olomuncu\"><\/span>19. Muzeum Regionalne w O\u0142omu\u0144cu<span class=\"ez-toc-section-end\"><\/span><\/h3>\n\n\n\n<figure data-wp-context=\"{&quot;imageId&quot;:&quot;6a97aa5e1d410&quot;}\" data-wp-interactive=\"core\/image\" data-wp-key=\"6a97aa5e1d410\" class=\"wp-block-image size-full wp-lightbox-container\"><img decoding=\"async\" width=\"2200\" height=\"1467\" data-wp-class--hide=\"state.isContentHidden\" data-wp-class--show=\"state.isContentVisible\" data-wp-init=\"callbacks.setButtonStyles\" data-wp-on--click=\"actions.showLightbox\" data-wp-on--load=\"callbacks.setButtonStyles\" data-wp-on--pointerdown=\"actions.preloadImage\" data-wp-on--pointerenter=\"actions.preloadImageWithDelay\" data-wp-on--pointerleave=\"actions.cancelPreload\" data-wp-on-window--resize=\"callbacks.setButtonStyles\" src=\"https:\/\/loudavymkrokem.cz\/wp-content\/uploads\/2026\/08\/olomouc-s-detmi-muzeum-umeni.jpg\" alt=\"Budynek Muzeum Sztuki w O\u0142omu\u0144cu\" class=\"wp-image-401036\" title=\"\" srcset=\"https:\/\/loudavymkrokem.cz\/wp-content\/uploads\/2026\/08\/olomouc-s-detmi-muzeum-umeni.jpg 2200w, https:\/\/loudavymkrokem.cz\/wp-content\/uploads\/2026\/08\/olomouc-s-detmi-muzeum-umeni-300x200.jpg 300w, https:\/\/loudavymkrokem.cz\/wp-content\/uploads\/2026\/08\/olomouc-s-detmi-muzeum-umeni-700x467.jpg 700w, https:\/\/loudavymkrokem.cz\/wp-content\/uploads\/2026\/08\/olomouc-s-detmi-muzeum-umeni-768x512.jpg 768w, https:\/\/loudavymkrokem.cz\/wp-content\/uploads\/2026\/08\/olomouc-s-detmi-muzeum-umeni-1536x1024.jpg 1536w, https:\/\/loudavymkrokem.cz\/wp-content\/uploads\/2026\/08\/olomouc-s-detmi-muzeum-umeni-2048x1366.jpg 2048w, https:\/\/loudavymkrokem.cz\/wp-content\/uploads\/2026\/08\/olomouc-s-detmi-muzeum-umeni-696x464.jpg 696w, https:\/\/loudavymkrokem.cz\/wp-content\/uploads\/2026\/08\/olomouc-s-detmi-muzeum-umeni-1392x928.jpg 1392w, https:\/\/loudavymkrokem.cz\/wp-content\/uploads\/2026\/08\/olomouc-s-detmi-muzeum-umeni-1920x1280.jpg 1920w\" sizes=\"(max-width: 2200px) 100vw, 2200px\" \/><button\n\t\t\tclass=\"lightbox-trigger\"\n\t\t\ttype=\"button\"\n\t\t\taria-haspopup=\"dialog\"\n\t\t\tdata-wp-bind--aria-label=\"state.thisImage.triggerButtonAriaLabel\"\n\t\t\tdata-wp-init=\"callbacks.initTriggerButton\"\n\t\t\tdata-wp-on--click=\"actions.showLightbox\"\n\t\t\tdata-wp-style--right=\"state.thisImage.buttonRight\"\n\t\t\tdata-wp-style--top=\"state.thisImage.buttonTop\"\n\t\t>\n\t\t\t<svg xmlns=\"http:\/\/www.w3.org\/2000\/svg\" width=\"12\" height=\"12\" fill=\"none\" viewBox=\"0 0 12 12\">\n\t\t\t\t<path fill=\"#fff\" d=\"M2 0a2 2 0 0 0-2 2v2h1.5V2a.5.5 0 0 1 .5-.5h2V0H2Zm2 10.5H2a.5.5 0 0 1-.5-.5V8H0v2a2 2 0 0 0 2 2h2v-1.5ZM8 12v-1.5h2a.5.5 0 0 0 .5-.5V8H12v2a2 2 0 0 1-2 2H8Zm2-12a2 2 0 0 1 2 2v2h-1.5V2a.5.5 0 0 0-.5-.5H8V0h2Z\" \/>\n\t\t\t<\/svg>\n\t\t<\/button><figcaption class=\"wp-element-caption\">O\u0142omunieckie muzea mieszcz\u0105 si\u0119 w historycznych budynkach w samym centrum<\/figcaption><\/figure>\n\n\n\n<p class=\"wp-block-paragraph\">Je\u015bli wolisz troch\u0119 kultury i edukacji pod dachem, Muzeum Regionalne przy Placu Republiki 5 to \u015bwietny wyb\u00f3r, kt\u00f3ry chwali ponad 900 odwiedzaj\u0105cych ze \u015bredni\u0105 ocen\u0105 4,5. To \u017cadna zakurzona nuda pe\u0142na zakaz\u00f3w dotykania gablot.<\/p>\n\n\n\n<p class=\"wp-block-paragraph\">Muzeum bardzo \u0142adnie i wci\u0105gaj\u0105co przedstawia histori\u0119 miasta i ca\u0142ego regionu oraz ma pi\u0119kn\u0105 ekspozycj\u0119 przyrodnicz\u0105. Ekspozycje staraj\u0105 si\u0119 i\u015b\u0107 z duchem czasu, wi\u0119c znajdziesz w nich mn\u00f3stwo interaktywnych element\u00f3w, ekran\u00f3w dotykowych i pokaz\u00f3w, kt\u00f3re bez problemu utrzymaj\u0105 uwag\u0119 dzieci.<\/p>\n\n\n\n<h3 class=\"wp-block-heading\"><span class=\"ez-toc-section\" id=\"20_Dom_Strachu_Strasidelny_dum\"><\/span>20. Dom Strachu (Stra\u0161ideln\u00fd d\u016fm)<span class=\"ez-toc-section-end\"><\/span><\/h3>\n\n\n\n<figure data-wp-context=\"{&quot;imageId&quot;:&quot;6a97aa5e1da67&quot;}\" data-wp-interactive=\"core\/image\" data-wp-key=\"6a97aa5e1da67\" class=\"wp-block-image size-full wp-lightbox-container\"><img decoding=\"async\" width=\"1024\" height=\"1536\" data-wp-class--hide=\"state.isContentHidden\" data-wp-class--show=\"state.isContentVisible\" data-wp-init=\"callbacks.setButtonStyles\" data-wp-on--click=\"actions.showLightbox\" data-wp-on--load=\"callbacks.setButtonStyles\" data-wp-on--pointerdown=\"actions.preloadImage\" data-wp-on--pointerenter=\"actions.preloadImageWithDelay\" data-wp-on--pointerleave=\"actions.cancelPreload\" data-wp-on-window--resize=\"callbacks.setButtonStyles\" src=\"https:\/\/loudavymkrokem.cz\/wp-content\/uploads\/2026\/08\/olomouc-s-detmi-strasidelny-dum.jpg\" alt=\"Straszna posta\u0107 w o\u0142omunieckim Domu Strachu\" class=\"wp-image-403603\" title=\"\" srcset=\"https:\/\/loudavymkrokem.cz\/wp-content\/uploads\/2026\/08\/olomouc-s-detmi-strasidelny-dum.jpg 1024w, https:\/\/loudavymkrokem.cz\/wp-content\/uploads\/2026\/08\/olomouc-s-detmi-strasidelny-dum-200x300.jpg 200w, https:\/\/loudavymkrokem.cz\/wp-content\/uploads\/2026\/08\/olomouc-s-detmi-strasidelny-dum-700x1050.jpg 700w, https:\/\/loudavymkrokem.cz\/wp-content\/uploads\/2026\/08\/olomouc-s-detmi-strasidelny-dum-768x1152.jpg 768w, https:\/\/loudavymkrokem.cz\/wp-content\/uploads\/2026\/08\/olomouc-s-detmi-strasidelny-dum-696x1044.jpg 696w\" sizes=\"(max-width: 1024px) 100vw, 1024px\" \/><button\n\t\t\tclass=\"lightbox-trigger\"\n\t\t\ttype=\"button\"\n\t\t\taria-haspopup=\"dialog\"\n\t\t\tdata-wp-bind--aria-label=\"state.thisImage.triggerButtonAriaLabel\"\n\t\t\tdata-wp-init=\"callbacks.initTriggerButton\"\n\t\t\tdata-wp-on--click=\"actions.showLightbox\"\n\t\t\tdata-wp-style--right=\"state.thisImage.buttonRight\"\n\t\t\tdata-wp-style--top=\"state.thisImage.buttonTop\"\n\t\t>\n\t\t\t<svg xmlns=\"http:\/\/www.w3.org\/2000\/svg\" width=\"12\" height=\"12\" fill=\"none\" viewBox=\"0 0 12 12\">\n\t\t\t\t<path fill=\"#fff\" d=\"M2 0a2 2 0 0 0-2 2v2h1.5V2a.5.5 0 0 1 .5-.5h2V0H2Zm2 10.5H2a.5.5 0 0 1-.5-.5V8H0v2a2 2 0 0 0 2 2h2v-1.5ZM8 12v-1.5h2a.5.5 0 0 0 .5-.5V8H12v2a2 2 0 0 1-2 2H8Zm2-12a2 2 0 0 1 2 2v2h-1.5V2a.5.5 0 0 0-.5-.5H8V0h2Z\" \/>\n\t\t\t<\/svg>\n\t\t<\/button><figcaption class=\"wp-element-caption\">Dom Strachu naprawd\u0119 jest tylko dla wi\u0119kszych dzieci | Foto: Stra\u0161ideln\u00fd d\u016fm Olomouc<\/figcaption><\/figure>\n\n\n\n<p class=\"wp-block-paragraph\">Masz w domu ju\u017c nieco starsze dzieci, kt\u00f3re nudz\u0105 klasyczne sale zabaw, a szukaj\u0105 raczej adrenaliny? W takim razie wyruszcie na ulic\u0119 Komensk\u00e9ho 865, gdzie znajdziesz Dom Strachu z absolutnie niesamowit\u0105 ocen\u0105 <strong>4,9 z ponad 400 recenzji<\/strong>. Ale zn\u00f3w szczerze ostrzegam \u2014 to <strong>naprawd\u0119 tylko dla wi\u0119kszych i odwa\u017cniejszych dzieci<\/strong>, te ma\u0142e z pewno\u015bci\u0105 wystraszy\u0142by do p\u0142aczu.<\/p>\n\n\n\n<p class=\"wp-block-paragraph\">To mroczne, adrenalinowe zwiedzanie z dopracowan\u0105 horrorow\u0105 fabu\u0142\u0105, kt\u00f3rej motyw co roku si\u0119 zmienia i od\u015bwie\u017ca, wi\u0119c si\u0119 nie nudzi. Gdyby\u015b szuka\u0142 jeszcze innej rozrywki dla nastolatk\u00f3w, kawa\u0142ek dalej w mie\u015bcie dzia\u0142a te\u017c \u015bwietnie oceniany escape room <strong>Mistr \u00faniku<\/strong>, gdzie musz\u0105 u\u017cy\u0107 g\u0142\u00f3w, by wydosta\u0107 si\u0119 w limicie czasu.<\/p>\n\n\n\n<!-- LKM_GYG_CARD start q=\"olomouc detmi\" lang=\"pl\" --><!-- LKM_GYG_CARD end -->\n\n\n\n\n<div class=\"lk-stays-module\">\n<style>\n\/* \u2500\u2500\u2500 RESET PRO GUTENBERG \u2500\u2500\u2500 *\/\n.lk-stays-module * { box-sizing: border-box; margin: 0; padding: 0; }\n\n\/* \u2500\u2500\u2500 WRAPPER \u2500\u2500\u2500 *\/\n.lk-stays-module {\n  font-family: 'DM Sans', Georgia, sans-serif;\n  max-width: 100%;\n  margin: 2.5rem auto;\n  background: linear-gradient(135deg, #fdfaf5 0%, #fcf8f0 100%);\n  border: 1px solid #e8dfd4;\n  border-radius: 16px;\n  overflow: hidden;\n  box-shadow: 0 16px 48px rgba(195, 159, 118, 0.25), 0 4px 12px rgba(0,0,0,0.08);\n}\n\n\/* \u2500\u2500\u2500 HEADER \u2500\u2500\u2500 *\/\n.lk-stays-header {\n  position: relative;\n  padding: 24px 36px 24px;\n  background: linear-gradient(135deg, #c39f76 0%, #d4b188 60%, #c39f76 100%);\n  border-bottom: 1px solid rgba(255,255,255,.15);\n  display: flex;\n  align-items: center;\n  gap: 18px;\n}\n.lk-stays-header::before {\n  content: '';\n  position: absolute;\n  inset: 0;\n  background: url(\"data:image\/svg+xml,%3Csvg width='60' height='60' viewBox='0 0 60 60' xmlns='http:\/\/www.w3.org\/2000\/svg'%3E%3Cg fill='none' fill-rule='evenodd'%3E%3Cg fill='%23ffffff' fill-opacity='0.05'%3E%3Cpath d='M36 34v-4h-2v4h-4v2h4v4h2v-4h4v-2h-4zm0-30V0h-2v4h-4v2h4v4h2V6h4V4h-4zM6 34v-4H4v4H0v2h4v4h2v-4h4v-2H6zM6 4V0H4v4H0v2h4v4h2V6h4V4H6z'\/%3E%3C\/g%3E%3C\/g%3E%3C\/svg%3E\") repeat;\n  pointer-events: none;\n}\n.lk-stays-icon {\n  flex-shrink: 0;\n  width: 68px;\n  height: 68px;\n  border-radius: 14px;\n  background: linear-gradient(135deg, #fff 0%, #f9f6f0 100%);\n  display: flex;\n  align-items: center;\n  justify-content: center;\n  font-size: 26px;\n  box-shadow: 0 4px 12px rgba(0,0,0,0.15);\n}\n.lk-stays-eyebrow {\n  font-size: 10px;\n  font-weight: 500;\n  letter-spacing: 2.5px;\n  text-transform: uppercase;\n  color: rgba(255,255,255,.85);\n  margin: 0 0 5px 0;\n}\n.lk-stays-title {\n  font-family: 'Playfair Display', Georgia, serif;\n  font-size: 24px;\n  font-weight: 700;\n  color: #fff;\n  line-height: 1.2;\n  text-shadow: 0 1px 2px rgba(0,0,0,0.1);\n  margin: 0;\n}\n.lk-stays-subtitle {\n  font-size: 13px;\n  color: rgba(255,255,255,.75);\n  margin: 4px 0 0 0;\n  font-weight: 300;\n}\n\n\/* \u2500\u2500\u2500 CARDS GRID \u2500\u2500\u2500 *\/\n.lk-stays-grid {\n  display: grid;\n  grid-template-columns: 1fr 1fr;\n  gap: 1px;\n  background: rgba(195, 159, 118, 0.12);\n}\n\n\/* \u2500\u2500\u2500 SINGLE CARD \u2500\u2500\u2500 *\/\n.lk-stay-card {\n  background: #ffffff;\n  padding: 26px;\n  display: flex;\n  flex-direction: column;\n  gap: 11px;\n  transition: all 0.3s ease;\n  text-decoration: none;\n  color: inherit;\n  position: relative;\n}\n.lk-stay-card:hover {\n  background: #fffbf5;\n  transform: translateY(-2px);\n  box-shadow: 0 8px 24px rgba(195, 159, 118, 0.18);\n  z-index: 1;\n}\n.lk-stay-card.featured {\n  background: linear-gradient(135deg, #fffdf9 0%, #fff9f0 100%);\n  box-shadow: 0 4px 16px rgba(195, 159, 118, 0.15), inset 0 1px 0 rgba(195, 159, 118, 0.1);\n}\n.lk-stay-card.featured:hover {\n  background: linear-gradient(135deg, #fffbf5 0%, #fff8ed 100%);\n  box-shadow: 0 8px 24px rgba(195, 159, 118, 0.25), inset 0 1px 0 rgba(195, 159, 118, 0.15);\n}\n\n.lk-stay-badge {\n  display: inline-flex;\n  align-items: center;\n  gap: 5px;\n  font-size: 10px;\n  font-weight: 500;\n  letter-spacing: 1.5px;\n  text-transform: uppercase;\n  padding: 5px 11px;\n  border-radius: 20px;\n  width: fit-content;\n}\n.badge-top     { background: linear-gradient(135deg, #c39f76 0%, #d4b188 100%); color: #fff; border: 1px solid #c39f76; font-weight: 600; box-shadow: 0 2px 8px rgba(195,159,118,0.3); }\n.badge-luxury  { background: rgba(195,159,118,.12); color: #c39f76; border: 1px solid rgba(195,159,118,.25); }\n.badge-boutique{ background: rgba(54,133,252,.08); color: #3685fc; border: 1px solid rgba(54,133,252,.2); }\n.badge-nature  { background: rgba(130,190,100,.1); color: #6b9c4a; border: 1px solid rgba(130,190,100,.2); }\n.badge-remote  { background: rgba(195,159,118,.12); color: #a67e50; border: 1px solid rgba(195,159,118,.25); }\n\n.lk-stay-name {\n  font-family: 'Playfair Display', Georgia, serif;\n  font-size: 18px;\n  font-weight: 700;\n  color: #111827;\n  line-height: 1.3;\n}\n.lk-stay-desc {\n  font-size: 13.5px;\n  color: #525252;\n  line-height: 1.65;\n  font-weight: 300;\n  flex: 1;\n}\n\n.lk-stay-meta {\n  display: flex;\n  align-items: center;\n  gap: 12px;\n  flex-wrap: wrap;\n  margin-top: 4px;\n}\n.lk-stay-price {\n  font-size: 13px;\n  color: #6b7280;\n}\n.lk-stay-price strong {\n  color: #c39f76;\n  font-weight: 500;\n}\n.lk-stay-stars {\n  color: #c39f76;\n  font-size: 11px;\n  letter-spacing: 1px;\n}\n\n\/* \u2500\u2500\u2500 CTA BUTTON \u2500\u2500\u2500 *\/\n.lk-stay-cta {\n  display: inline-flex;\n  align-items: center;\n  justify-content: center;\n  gap: 7px;\n  margin-top: 8px;\n  padding: 11px 20px;\n  border-radius: 8px;\n  background: linear-gradient(135deg, #3685fc 0%, #2a6fd9 100%);\n  color: #fff;\n  font-size: 13px;\n  font-weight: 500;\n  text-decoration: none;\n  letter-spacing: .3px;\n  transition: all .2s ease;\n  cursor: pointer;\n  border: none;\n  text-align: center;\n  box-shadow: 0 4px 12px rgba(54, 133, 252, 0.25);\n}\n.lk-stay-cta:hover {\n  background: linear-gradient(135deg, #2a6fd9 0%, #1e5bc4 100%);\n  transform: translateY(-1px);\n  box-shadow: 0 6px 16px rgba(54, 133, 252, 0.35);\n}\n.lk-stay-cta svg { flex-shrink: 0; }\n\n\/* \u2500\u2500\u2500 FOOTER \u2500\u2500\u2500 *\/\n.lk-stays-footer {\n  padding: 18px 36px;\n  background: linear-gradient(to bottom, #fdfaf5 0%, #f9f4ed 100%);\n  border-top: 1px solid rgba(195, 159, 118, 0.15);\n  display: flex;\n  align-items: center;\n  justify-content: space-between;\n  flex-wrap: wrap;\n  gap: 12px;\n}\n.lk-stays-footer-note {\n  font-size: 11.5px;\n  color: #6b7280;\n  font-weight: 300;\n  line-height: 1.5;\n}\n.lk-stays-footer-note a {\n  color: #c39f76;\n  text-decoration: none;\n  font-weight: 400;\n}\n.lk-stays-footer-note a:hover {\n  text-decoration: underline;\n}\n.lk-stays-all-btn {\n  display: inline-flex;\n  align-items: center;\n  gap: 6px;\n  font-size: 12.5px;\n  font-weight: 500;\n  color: #c39f76;\n  text-decoration: none;\n  border: 1px solid rgba(195, 159, 118, 0.35);\n  padding: 8px 18px;\n  border-radius: 8px;\n  transition: all .2s ease;\n}\n.lk-stays-all-btn:hover {\n  background: rgba(195, 159, 118, 0.08);\n  border-color: rgba(195, 159, 118, 0.5);\n}\n\n\/* \u2500\u2500\u2500 RESPONSIVE \u2500\u2500\u2500 *\/\n@media (max-width: 600px) {\n  .lk-stays-grid { grid-template-columns: 1fr; }\n  .lk-stays-header { padding: 24px 20px; }\n  .lk-stays-footer { padding: 16px 20px; }\n  .lk-stay-card { padding: 22px; }\n  .lk-stays-title { font-size: 20px; }\n}\n<\/style>\n\n  <!-- HEADER -->\n  <div class=\"lk-stays-header\">\n    <img decoding=\"async\" src=\"https:\/\/loudavymkrokem.cz\/wp-content\/uploads\/2026\/02\/lukas-a-lucka.jpg\" alt=\"\" style=\"width: 75px; height: 75px; border-radius: 8px; flex-shrink: 0; object-fit: cover; display: block; margin: 4px 0;\" title=\"\">\n    <div class=\"lk-stays-header-text\">\n      <div class=\"lk-stays-eyebrow\">Luk\u00e1\u0161 i Lucie polecaj\u0105<\/div>\n      <div class=\"lk-stays-title\">Gdzie si\u0119 zatrzyma\u0107 w Olomoucu<\/div>\n      <div class=\"lk-stays-subtitle\">2 noclegi \u2014 hotele wellness i inne opcje zakwaterowania<\/div>\n    <\/div>\n  <\/div>\n\n  <!-- CARDS -->\n  <div class=\"lk-stays-grid\">\n\n    <a class=\"lk-stay-card featured\" href=\"https:\/\/www.stay22.com\/allez\/roam?aid=lukaskonecny&#038;campaign=loudavymkrokemcz&#038;campaign=pl&#038;campaign=olomoucsdetmi&#038;hotelname=OREA%20Hotel%20Arigone%20Olomouc&#038;address=Olomouc%2C%20Cesko&#038;category=accommodation\" target=\"_blank\" rel=\"nofollow noopener\">\n      <span class=\"lk-stay-badge badge-top\">\u2b50 TOP WYB\u00d3R<\/span>\n      <span class=\"lk-stay-badge badge-nature\">\u2b50 Luxury<\/span>\n      <div class=\"lk-stay-name\">OREA Hotel Arigone<\/div>\n      <div class=\"lk-stay-desc\">Hotel w historycznym centrum z pokojami wellness, w\u0142asnym jacuzzi i saun\u0105. Dzieci do 5,99 lat za darmo, fantastyczne \u015bniadania.<\/div>\n      <div class=\"lk-stay-meta\">\n        <span class=\"lk-stay-stars\">\u2605\u2605\u2605\u2605<\/span>\n        <span class=\"lk-stay-price\">Sprawd\u017a ceny<\/span>\n      <\/div>\n      <span class=\"lk-stay-cta\">\n        <svg width=\"14\" height=\"14\" viewBox=\"0 0 24 24\" fill=\"none\" stroke=\"currentColor\" stroke-width=\"2\"><path d=\"M18 13v6a2 2 0 0 1-2 2H5a2 2 0 0 1-2-2V8a2 2 0 0 1 2-2h6\"\/><polyline points=\"15 3 21 3 21 9\"\/><line x1=\"10\" y1=\"14\" x2=\"21\" y2=\"3\"\/><\/svg>\n        Sprawd\u017a dost\u0119pno\u015b\u0107\n      <\/span>\n    <\/a>\n\n    <a class=\"lk-stay-card\" href=\"https:\/\/www.stay22.com\/allez\/roam?aid=lukaskonecny&#038;campaign=loudavymkrokemcz&#038;campaign=pl&#038;campaign=olomouc-s-detmi&#038;address=Olomouc%2C%20Cesko\" target=\"_blank\" rel=\"nofollow noopener\">\n      <span class=\"lk-stay-badge badge-nature\">\ud83c\udfe1 Pension\/B&#038;B<\/span>\n      <div class=\"lk-stay-name\">Inne zakwaterowanie w Olomoucu<\/div>\n      <div class=\"lk-stay-desc\">Apartamenty rodzinne w centrum z mo\u017cliwo\u015bci\u0105 samodzielnego gotowania. Odpowiednie dla rodzin z ma\u0142ymi dzie\u0107mi.<\/div>\n      <div class=\"lk-stay-meta\">\n        <span class=\"lk-stay-stars\">\u2605\u2605\u2605\u2605<\/span>\n        <span class=\"lk-stay-price\">Sprawd\u017a ceny<\/span>\n      <\/div>\n      <span class=\"lk-stay-cta\">\n        <svg width=\"14\" height=\"14\" viewBox=\"0 0 24 24\" fill=\"none\" stroke=\"currentColor\" stroke-width=\"2\"><path d=\"M18 13v6a2 2 0 0 1-2 2H5a2 2 0 0 1-2-2V8a2 2 0 0 1 2-2h6\"\/><polyline points=\"15 3 21 3 21 9\"\/><line x1=\"10\" y1=\"14\" x2=\"21\" y2=\"3\"\/><\/svg>\n        Sprawd\u017a dost\u0119pno\u015b\u0107\n      <\/span>\n    <\/a>\n\n  <\/div>\n\n  \n<\/div>\n\n\n\n\n<h2 class=\"wp-block-heading\"><span class=\"ez-toc-section\" id=\"Woda_sport_i_szalenstwo\"><\/span>Woda, sport i szale\u0144stwo<span class=\"ez-toc-section-end\"><\/span><\/h2>\n\n\n\n<p class=\"wp-block-paragraph\">Kiedy s\u0142upek rt\u0119ci szybuje wysoko albo wr\u0119cz przeciwnie \u2014 potrzebujesz zm\u0119czy\u0107 dzieci aktywnym sportem \u2014 O\u0142omuniec oferuje \u015bwietne mo\u017cliwo\u015bci na wyszalenie si\u0119. Czy jeste\u015b mi\u0142o\u015bnikiem zje\u017cd\u017calni, czy raczej preferujesz rowery i drabinki, na pewno si\u0119 tu nie znudzisz.<\/p>\n\n\n\n<h3 class=\"wp-block-heading\"><span class=\"ez-toc-section\" id=\"21_Aquapark_Olomouc\"><\/span>21. Aquapark Olomouc<span class=\"ez-toc-section-end\"><\/span><\/h3>\n\n\n\n<figure data-wp-context=\"{&quot;imageId&quot;:&quot;6a97aa5e1e003&quot;}\" data-wp-interactive=\"core\/image\" data-wp-key=\"6a97aa5e1e003\" class=\"wp-block-image size-full wp-lightbox-container\"><img decoding=\"async\" width=\"1800\" height=\"1013\" data-wp-class--hide=\"state.isContentHidden\" data-wp-class--show=\"state.isContentVisible\" data-wp-init=\"callbacks.setButtonStyles\" data-wp-on--click=\"actions.showLightbox\" data-wp-on--load=\"callbacks.setButtonStyles\" data-wp-on--pointerdown=\"actions.preloadImage\" data-wp-on--pointerenter=\"actions.preloadImageWithDelay\" data-wp-on--pointerleave=\"actions.cancelPreload\" data-wp-on-window--resize=\"callbacks.setButtonStyles\" src=\"https:\/\/loudavymkrokem.cz\/wp-content\/uploads\/2026\/08\/olomouc-s-detmi-aquapark.jpg\" alt=\"Budynek Aquaparku Olomouc w dzielnicy Slavon\u00edn\" class=\"wp-image-401126\" title=\"\" srcset=\"https:\/\/loudavymkrokem.cz\/wp-content\/uploads\/2026\/08\/olomouc-s-detmi-aquapark.jpg 1800w, https:\/\/loudavymkrokem.cz\/wp-content\/uploads\/2026\/08\/olomouc-s-detmi-aquapark-300x169.jpg 300w, https:\/\/loudavymkrokem.cz\/wp-content\/uploads\/2026\/08\/olomouc-s-detmi-aquapark-700x394.jpg 700w, https:\/\/loudavymkrokem.cz\/wp-content\/uploads\/2026\/08\/olomouc-s-detmi-aquapark-768x432.jpg 768w, https:\/\/loudavymkrokem.cz\/wp-content\/uploads\/2026\/08\/olomouc-s-detmi-aquapark-1536x864.jpg 1536w, https:\/\/loudavymkrokem.cz\/wp-content\/uploads\/2026\/08\/olomouc-s-detmi-aquapark-696x392.jpg 696w, https:\/\/loudavymkrokem.cz\/wp-content\/uploads\/2026\/08\/olomouc-s-detmi-aquapark-1392x783.jpg 1392w\" sizes=\"(max-width: 1800px) 100vw, 1800px\" \/><button\n\t\t\tclass=\"lightbox-trigger\"\n\t\t\ttype=\"button\"\n\t\t\taria-haspopup=\"dialog\"\n\t\t\tdata-wp-bind--aria-label=\"state.thisImage.triggerButtonAriaLabel\"\n\t\t\tdata-wp-init=\"callbacks.initTriggerButton\"\n\t\t\tdata-wp-on--click=\"actions.showLightbox\"\n\t\t\tdata-wp-style--right=\"state.thisImage.buttonRight\"\n\t\t\tdata-wp-style--top=\"state.thisImage.buttonTop\"\n\t\t>\n\t\t\t<svg xmlns=\"http:\/\/www.w3.org\/2000\/svg\" width=\"12\" height=\"12\" fill=\"none\" viewBox=\"0 0 12 12\">\n\t\t\t\t<path fill=\"#fff\" d=\"M2 0a2 2 0 0 0-2 2v2h1.5V2a.5.5 0 0 1 .5-.5h2V0H2Zm2 10.5H2a.5.5 0 0 1-.5-.5V8H0v2a2 2 0 0 0 2 2h2v-1.5ZM8 12v-1.5h2a.5.5 0 0 0 .5-.5V8H12v2a2 2 0 0 1-2 2H8Zm2-12a2 2 0 0 1 2 2v2h-1.5V2a.5.5 0 0 0-.5-.5H8V0h2Z\" \/>\n\t\t\t<\/svg>\n\t\t<\/button><figcaption class=\"wp-element-caption\">Aquapark w Slavon\u00ednie ma cz\u0119\u015b\u0107 kryt\u0105 i zewn\u0119trzn\u0105 oraz dzieci\u0119cy \u015bwiat Akv\u00e1rko<\/figcaption><\/figure>\n\n\n\n<p class=\"wp-block-paragraph\">Wielki <a href=\"https:\/\/www.aqua-olomouc.cz\/\" target=\"_blank\" rel=\"nofollow noopener\">o\u0142omuniecki \u015bwiat wodny<\/a> znajdziesz pod adresem Kafkova 526\/21 w dzielnicy Slavon\u00edn. To ogromny kompleks z ocen\u0105 4,2 od niemal czterech tysi\u0119cy os\u00f3b, \u0142\u0105cz\u0105cy rozleg\u0142\u0105 cz\u0119\u015b\u0107 kryt\u0105 na zim\u0119 i \u015bwietny teren zewn\u0119trzny na lato. Znajdziesz tu porz\u0105dne zje\u017cd\u017calnie rurowe, mn\u00f3stwo szybkich \u015blizg\u00f3w, stref\u0119 saun dla doros\u0142ych, park aktywno\u015bci oraz restauracj\u0119, gdzie \u0142atwo zaspokoisz wilczy g\u0142\u00f3d po p\u0142ywaniu.<\/p>\n\n\n\n<p class=\"wp-block-paragraph\">Dla najm\u0142odszych przygotowany jest specjalny dzieci\u0119cy \u015bwiat <strong>Akv\u00e1rko<\/strong>. Je\u015bli chodzi o temperatur\u0119 wody, <strong>brodzik ma pi\u0119kne 32 \u00b0C<\/strong>, basen masa\u017cowy r\u00f3wnie\u017c 32 \u00b0C, a jacuzzi grzej\u0105 nawet do 34\u201336 \u00b0C. Z recenzji od rodzic\u00f3w wynika jednak jedno wa\u017cne ostrze\u017cenie: du\u017cy basen rekreacyjny ma tylko 28 \u00b0C, co dla mniejszych dzieci po chwili mo\u017ce by\u0107 odczuwalnie ch\u0142odne, dlatego z tymi najmniejszymi lepiej sp\u0119dza\u0107 czas g\u0142\u00f3wnie w wydzielonym Akv\u00e1rku. Aquapark ma jedn\u0105 praktyczn\u0105 zalet\u0119, kt\u00f3r\u0105 z dzie\u0107mi w aucie docenisz: zje\u017cd\u017casz do niego wprost z autostrady i parkujesz bez szukania miejsca.<\/p>\n\n\n\n<h3 class=\"wp-block-heading\"><span class=\"ez-toc-section\" id=\"22_Centrum_Semafor\"><\/span>22. Centrum Semafor<span class=\"ez-toc-section-end\"><\/span><\/h3>\n\n\n\n<figure data-wp-context=\"{&quot;imageId&quot;:&quot;6a97aa5e1e452&quot;}\" data-wp-interactive=\"core\/image\" data-wp-key=\"6a97aa5e1e452\" class=\"wp-block-image size-full wp-lightbox-container\"><img decoding=\"async\" width=\"1216\" height=\"913\" data-wp-class--hide=\"state.isContentHidden\" data-wp-class--show=\"state.isContentVisible\" data-wp-init=\"callbacks.setButtonStyles\" data-wp-on--click=\"actions.showLightbox\" data-wp-on--load=\"callbacks.setButtonStyles\" data-wp-on--pointerdown=\"actions.preloadImage\" data-wp-on--pointerenter=\"actions.preloadImageWithDelay\" data-wp-on--pointerleave=\"actions.cancelPreload\" data-wp-on-window--resize=\"callbacks.setButtonStyles\" src=\"https:\/\/loudavymkrokem.cz\/wp-content\/uploads\/2026\/08\/olomouc-s-detmi-centrum-semafor.jpg\" alt=\"Miasteczko ruchu drogowego Centrum Semafor w O\u0142omu\u0144cu z sygnalizacj\u0105 i znakami\" class=\"wp-image-403597\" title=\"\" srcset=\"https:\/\/loudavymkrokem.cz\/wp-content\/uploads\/2026\/08\/olomouc-s-detmi-centrum-semafor.jpg 1216w, https:\/\/loudavymkrokem.cz\/wp-content\/uploads\/2026\/08\/olomouc-s-detmi-centrum-semafor-300x225.jpg 300w, https:\/\/loudavymkrokem.cz\/wp-content\/uploads\/2026\/08\/olomouc-s-detmi-centrum-semafor-700x526.jpg 700w, https:\/\/loudavymkrokem.cz\/wp-content\/uploads\/2026\/08\/olomouc-s-detmi-centrum-semafor-768x577.jpg 768w, https:\/\/loudavymkrokem.cz\/wp-content\/uploads\/2026\/08\/olomouc-s-detmi-centrum-semafor-80x60.jpg 80w, https:\/\/loudavymkrokem.cz\/wp-content\/uploads\/2026\/08\/olomouc-s-detmi-centrum-semafor-160x120.jpg 160w, https:\/\/loudavymkrokem.cz\/wp-content\/uploads\/2026\/08\/olomouc-s-detmi-centrum-semafor-696x523.jpg 696w\" sizes=\"(max-width: 1216px) 100vw, 1216px\" \/><button\n\t\t\tclass=\"lightbox-trigger\"\n\t\t\ttype=\"button\"\n\t\t\taria-haspopup=\"dialog\"\n\t\t\tdata-wp-bind--aria-label=\"state.thisImage.triggerButtonAriaLabel\"\n\t\t\tdata-wp-init=\"callbacks.initTriggerButton\"\n\t\t\tdata-wp-on--click=\"actions.showLightbox\"\n\t\t\tdata-wp-style--right=\"state.thisImage.buttonRight\"\n\t\t\tdata-wp-style--top=\"state.thisImage.buttonTop\"\n\t\t>\n\t\t\t<svg xmlns=\"http:\/\/www.w3.org\/2000\/svg\" width=\"12\" height=\"12\" fill=\"none\" viewBox=\"0 0 12 12\">\n\t\t\t\t<path fill=\"#fff\" d=\"M2 0a2 2 0 0 0-2 2v2h1.5V2a.5.5 0 0 1 .5-.5h2V0H2Zm2 10.5H2a.5.5 0 0 1-.5-.5V8H0v2a2 2 0 0 0 2 2h2v-1.5ZM8 12v-1.5h2a.5.5 0 0 0 .5-.5V8H12v2a2 2 0 0 1-2 2H8Zm2-12a2 2 0 0 1 2 2v2h-1.5V2a.5.5 0 0 0-.5-.5H8V0h2Z\" \/>\n\t\t\t<\/svg>\n\t\t<\/button><figcaption class=\"wp-element-caption\">Jedyne miasteczko ruchu drogowego w O\u0142omu\u0144cu ma dzia\u0142aj\u0105c\u0105 sygnalizacj\u0119 i przejazd | Foto: Centrum Semafor Olomouc<\/figcaption><\/figure>\n\n\n\n<p class=\"wp-block-paragraph\">Je\u015bli twoje dzieci kochaj\u0105 jazd\u0119 na czymkolwiek, co ma ko\u0142a, nie mo\u017cesz pomin\u0105\u0107 Centrum Semafor przy ulicy Legion\u00e1\u0159sk\u00e1 15 (fantastyczna ocena <strong>4,8 z 140 recenzji<\/strong>). To <strong>jedyne wyspecjalizowane miasteczko ruchu drogowego w ca\u0142ym O\u0142omu\u0144cu<\/strong> i jest naprawd\u0119 na poziomie. Drogi wyznaczaj\u0105 tu prawdziwe znaki, na skrzy\u017cowaniach migaj\u0105 dzia\u0142aj\u0105ce sygnalizatory, nie brakuje przej\u015b\u0107 ani przejazdu kolejowego z elementami d\u017awi\u0119kowymi i \u015bwietlnymi.<\/p>\n\n\n\n<p class=\"wp-block-paragraph\">Je\u015bli nie masz ze sob\u0105 w\u0142asnego taboru, wcale nie szkodzi. Dzia\u0142a tu \u015bwietna <strong>wypo\u017cyczalnia za 9 z\u0142 na godzin\u0119 lub 36 z\u0142 na ca\u0142y dzie\u0144<\/strong>. Wypo\u017cyczenie dzieci\u0119cych rower\u00f3w do 24 cali wychodzi nawet za po\u0142ow\u0119 ceny, a do dyspozycji jest oko\u0142o 50 rower\u00f3w, hulajnogi, lubiane gokarty na peda\u0142y, a nawet handbike&#8217;i. Otwarte maj\u0105 od kwietnia do czerwca oraz jesieni\u0105 we wrze\u015bniu i pa\u017adzierniku (dni powszednie 14\u201318, weekendy i \u015bwi\u0119ta 10\u201312 i 14\u201318), w wakacyjnych miesi\u0105cach letnich godziny nieco si\u0119 r\u00f3\u017cni\u0105, wi\u0119c lepiej je sprawd\u017a.<\/p>\n\n\n\n<h3 class=\"wp-block-heading\"><span class=\"ez-toc-section\" id=\"23_Park_linowy_Veverak\"><\/span>23. Park linowy Vever\u00e1k<span class=\"ez-toc-section-end\"><\/span><\/h3>\n\n\n\n<figure data-wp-context=\"{&quot;imageId&quot;:&quot;6a97aa5e1e89c&quot;}\" data-wp-interactive=\"core\/image\" data-wp-key=\"6a97aa5e1e89c\" class=\"wp-block-image size-full wp-lightbox-container\"><img decoding=\"async\" width=\"1800\" height=\"1013\" data-wp-class--hide=\"state.isContentHidden\" data-wp-class--show=\"state.isContentVisible\" data-wp-init=\"callbacks.setButtonStyles\" data-wp-on--click=\"actions.showLightbox\" data-wp-on--load=\"callbacks.setButtonStyles\" data-wp-on--pointerdown=\"actions.preloadImage\" data-wp-on--pointerenter=\"actions.preloadImageWithDelay\" data-wp-on--pointerleave=\"actions.cancelPreload\" data-wp-on-window--resize=\"callbacks.setButtonStyles\" src=\"https:\/\/loudavymkrokem.cz\/wp-content\/uploads\/2026\/08\/olomouc-s-detmi-lanovy-park-veverak.jpg\" alt=\"Dziecko na przeszkodzie linowej w Parku linowym Vever\u00e1k na Svat\u00fdm Kope\u010dku\" class=\"wp-image-403608\" title=\"\" srcset=\"https:\/\/loudavymkrokem.cz\/wp-content\/uploads\/2026\/08\/olomouc-s-detmi-lanovy-park-veverak.jpg 1800w, https:\/\/loudavymkrokem.cz\/wp-content\/uploads\/2026\/08\/olomouc-s-detmi-lanovy-park-veverak-300x169.jpg 300w, https:\/\/loudavymkrokem.cz\/wp-content\/uploads\/2026\/08\/olomouc-s-detmi-lanovy-park-veverak-700x394.jpg 700w, https:\/\/loudavymkrokem.cz\/wp-content\/uploads\/2026\/08\/olomouc-s-detmi-lanovy-park-veverak-768x432.jpg 768w, https:\/\/loudavymkrokem.cz\/wp-content\/uploads\/2026\/08\/olomouc-s-detmi-lanovy-park-veverak-1536x864.jpg 1536w, https:\/\/loudavymkrokem.cz\/wp-content\/uploads\/2026\/08\/olomouc-s-detmi-lanovy-park-veverak-696x392.jpg 696w, https:\/\/loudavymkrokem.cz\/wp-content\/uploads\/2026\/08\/olomouc-s-detmi-lanovy-park-veverak-1392x783.jpg 1392w\" sizes=\"(max-width: 1800px) 100vw, 1800px\" \/><button\n\t\t\tclass=\"lightbox-trigger\"\n\t\t\ttype=\"button\"\n\t\t\taria-haspopup=\"dialog\"\n\t\t\tdata-wp-bind--aria-label=\"state.thisImage.triggerButtonAriaLabel\"\n\t\t\tdata-wp-init=\"callbacks.initTriggerButton\"\n\t\t\tdata-wp-on--click=\"actions.showLightbox\"\n\t\t\tdata-wp-style--right=\"state.thisImage.buttonRight\"\n\t\t\tdata-wp-style--top=\"state.thisImage.buttonTop\"\n\t\t>\n\t\t\t<svg xmlns=\"http:\/\/www.w3.org\/2000\/svg\" width=\"12\" height=\"12\" fill=\"none\" viewBox=\"0 0 12 12\">\n\t\t\t\t<path fill=\"#fff\" d=\"M2 0a2 2 0 0 0-2 2v2h1.5V2a.5.5 0 0 1 .5-.5h2V0H2Zm2 10.5H2a.5.5 0 0 1-.5-.5V8H0v2a2 2 0 0 0 2 2h2v-1.5ZM8 12v-1.5h2a.5.5 0 0 0 .5-.5V8H12v2a2 2 0 0 1-2 2H8Zm2-12a2 2 0 0 1 2 2v2h-1.5V2a.5.5 0 0 0-.5-.5H8V0h2Z\" \/>\n\t\t\t<\/svg>\n\t\t<\/button><figcaption class=\"wp-element-caption\">Park linowy Vever\u00e1k \u015bwietnie po\u0142\u0105czysz z wizyt\u0105 w zoo | Foto: Lanov\u00fd park Vever\u00e1k<\/figcaption><\/figure>\n\n\n\n<p class=\"wp-block-paragraph\">Kolejn\u0105 porz\u0105dn\u0105 dawk\u0119 ruchu mo\u017cesz sobie zapewni\u0107 w parku linowym Vever\u00e1k, kt\u00f3ry znajduje si\u0119 przy ulicy Darwinova, wprost na Svat\u00fdm Kope\u010dku. Rodzice chwal\u0105 go bardzo wysok\u0105 ocen\u0105 <strong>4,7<\/strong>, bo oferuje trasy podzielone wed\u0142ug trudno\u015bci tak, by odnalaz\u0142y si\u0119 w nim zar\u00f3wno mniejsze dzieci, jak i doro\u015bli szukaj\u0105cy odrobiny adrenaliny na wysoko\u015bci.<\/p>\n\n\n\n<p class=\"wp-block-paragraph\">Nad wszystkim czuwaj\u0105 dodatkowo profesjonalni instruktorzy, kt\u00f3rzy wyja\u015bni\u0105 asekuracj\u0119 i pomog\u0105, gdy kto\u015b akurat utknie na trudniejszej przeszkodzie. Ogromn\u0105 zalet\u0105 tego parku jest jego po\u0142o\u017cenie \u2014 wizyt\u0119 mo\u017cna genialnie po\u0142\u0105czy\u0107 z ca\u0142odniow\u0105 wycieczk\u0105 do pobliskiego ogrodu zoologicznego.<\/p>\n\n\n\n<h3 class=\"wp-block-heading\"><span class=\"ez-toc-section\" id=\"24_Place_zabaw_w_parkach\"><\/span>24. Place zabaw w parkach<span class=\"ez-toc-section-end\"><\/span><\/h3>\n\n\n\n<p class=\"wp-block-paragraph\">Kiedy nie potrzebujesz \u017cadnych du\u017cych, zorganizowanych aktywno\u015bci, a chcesz tylko chwil\u0119 posiedzie\u0107 na \u0142awce, podczas gdy dzieci si\u0119 hu\u015btaj\u0105, O\u0142omuniec oferuje szereg klasycznych publicznych plac\u00f3w zabaw. Te najbardziej lubiane i najlepiej utrzymane znajdziesz we wspomnianych ju\u017c Parkach Smetany i Bezru\u010da, ale mniejsze drabinki i piaskownice s\u0105 rozsiane te\u017c po innych cz\u0119\u015bciach centrum i szerszej okolicy, wi\u0119c podczas w\u0119dr\u00f3wek po mie\u015bcie pr\u0119dzej czy p\u00f3\u017aniej na nie trafisz.<\/p>\n\n\n\n<h2 class=\"wp-block-heading\"><span class=\"ez-toc-section\" id=\"Svaty_Kopecek_ZOO_i_caly_dzien_nad_miastem\"><\/span>Svat\u00fd Kope\u010dek: ZOO i ca\u0142y dzie\u0144 nad miastem<span class=\"ez-toc-section-end\"><\/span><\/h2>\n\n\n\n<p class=\"wp-block-paragraph\">Je\u015bli wybierasz si\u0119 do O\u0142omu\u0144ca na wi\u0119cej ni\u017c jeden dzie\u0144, Svat\u00fd Kope\u010dek po prostu musisz w\u0142\u0105czy\u0107 do planu. Ta zalesiona dzielnica wznosz\u0105ca si\u0119 nad miastem jest bowiem synonimem idealnego rodzinnego dnia pe\u0142nego zwierz\u0105tek, pi\u0119knych widok\u00f3w i spacer\u00f3w na \u0142onie natury.<\/p>\n\n\n\n<h3 class=\"wp-block-heading\"><span class=\"ez-toc-section\" id=\"25_ZOO_Olomuniec_na_Svatym_Kopecku\"><\/span>25. ZOO O\u0142omuniec na Svat\u00fdm Kope\u010dku<span class=\"ez-toc-section-end\"><\/span><\/h3>\n\n\n\n<figure data-wp-context=\"{&quot;imageId&quot;:&quot;6a97aa5e1ee10&quot;}\" data-wp-interactive=\"core\/image\" data-wp-key=\"6a97aa5e1ee10\" class=\"wp-block-image size-full wp-lightbox-container\"><img decoding=\"async\" width=\"1800\" height=\"1350\" data-wp-class--hide=\"state.isContentHidden\" data-wp-class--show=\"state.isContentVisible\" data-wp-init=\"callbacks.setButtonStyles\" data-wp-on--click=\"actions.showLightbox\" data-wp-on--load=\"callbacks.setButtonStyles\" data-wp-on--pointerdown=\"actions.preloadImage\" data-wp-on--pointerenter=\"actions.preloadImageWithDelay\" data-wp-on--pointerleave=\"actions.cancelPreload\" data-wp-on-window--resize=\"callbacks.setButtonStyles\" src=\"https:\/\/loudavymkrokem.cz\/wp-content\/uploads\/2026\/08\/olomouc-s-detmi-zoo-voliera.jpg\" alt=\"\u017burawie w wolierze w ZOO O\u0142omuniec na Svat\u00fdm Kope\u010dku\" class=\"wp-image-401082\" title=\"\" srcset=\"https:\/\/loudavymkrokem.cz\/wp-content\/uploads\/2026\/08\/olomouc-s-detmi-zoo-voliera.jpg 1800w, https:\/\/loudavymkrokem.cz\/wp-content\/uploads\/2026\/08\/olomouc-s-detmi-zoo-voliera-300x225.jpg 300w, https:\/\/loudavymkrokem.cz\/wp-content\/uploads\/2026\/08\/olomouc-s-detmi-zoo-voliera-700x525.jpg 700w, https:\/\/loudavymkrokem.cz\/wp-content\/uploads\/2026\/08\/olomouc-s-detmi-zoo-voliera-768x576.jpg 768w, https:\/\/loudavymkrokem.cz\/wp-content\/uploads\/2026\/08\/olomouc-s-detmi-zoo-voliera-1536x1152.jpg 1536w, https:\/\/loudavymkrokem.cz\/wp-content\/uploads\/2026\/08\/olomouc-s-detmi-zoo-voliera-80x60.jpg 80w, https:\/\/loudavymkrokem.cz\/wp-content\/uploads\/2026\/08\/olomouc-s-detmi-zoo-voliera-160x120.jpg 160w, https:\/\/loudavymkrokem.cz\/wp-content\/uploads\/2026\/08\/olomouc-s-detmi-zoo-voliera-696x522.jpg 696w, https:\/\/loudavymkrokem.cz\/wp-content\/uploads\/2026\/08\/olomouc-s-detmi-zoo-voliera-1392x1044.jpg 1392w\" sizes=\"(max-width: 1800px) 100vw, 1800px\" \/><button\n\t\t\tclass=\"lightbox-trigger\"\n\t\t\ttype=\"button\"\n\t\t\taria-haspopup=\"dialog\"\n\t\t\tdata-wp-bind--aria-label=\"state.thisImage.triggerButtonAriaLabel\"\n\t\t\tdata-wp-init=\"callbacks.initTriggerButton\"\n\t\t\tdata-wp-on--click=\"actions.showLightbox\"\n\t\t\tdata-wp-style--right=\"state.thisImage.buttonRight\"\n\t\t\tdata-wp-style--top=\"state.thisImage.buttonTop\"\n\t\t>\n\t\t\t<svg xmlns=\"http:\/\/www.w3.org\/2000\/svg\" width=\"12\" height=\"12\" fill=\"none\" viewBox=\"0 0 12 12\">\n\t\t\t\t<path fill=\"#fff\" d=\"M2 0a2 2 0 0 0-2 2v2h1.5V2a.5.5 0 0 1 .5-.5h2V0H2Zm2 10.5H2a.5.5 0 0 1-.5-.5V8H0v2a2 2 0 0 0 2 2h2v-1.5ZM8 12v-1.5h2a.5.5 0 0 0 .5-.5V8H12v2a2 2 0 0 1-2 2H8Zm2-12a2 2 0 0 1 2 2v2h-1.5V2a.5.5 0 0 0-.5-.5H8V0h2Z\" \/>\n\t\t\t<\/svg>\n\t\t<\/button><figcaption class=\"wp-element-caption\">Wybiegi s\u0105 wkomponowane wprost w le\u015bny teren<\/figcaption><\/figure>\n\n\n\n<figure data-wp-context=\"{&quot;imageId&quot;:&quot;6a97aa5e1f185&quot;}\" data-wp-interactive=\"core\/image\" data-wp-key=\"6a97aa5e1f185\" class=\"wp-block-image size-full wp-lightbox-container\"><img decoding=\"async\" width=\"1800\" height=\"1195\" data-wp-class--hide=\"state.isContentHidden\" data-wp-class--show=\"state.isContentVisible\" data-wp-init=\"callbacks.setButtonStyles\" data-wp-on--click=\"actions.showLightbox\" data-wp-on--load=\"callbacks.setButtonStyles\" data-wp-on--pointerdown=\"actions.preloadImage\" data-wp-on--pointerenter=\"actions.preloadImageWithDelay\" data-wp-on--pointerleave=\"actions.cancelPreload\" data-wp-on-window--resize=\"callbacks.setButtonStyles\" src=\"https:\/\/loudavymkrokem.cz\/wp-content\/uploads\/2026\/08\/olomouc-s-detmi-zoo-vstup.jpg\" alt=\"Budynek wej\u015bciowy ZOO O\u0142omuniec na Svat\u00fdm Kope\u010dku\" class=\"wp-image-401078\" title=\"\" srcset=\"https:\/\/loudavymkrokem.cz\/wp-content\/uploads\/2026\/08\/olomouc-s-detmi-zoo-vstup.jpg 1800w, https:\/\/loudavymkrokem.cz\/wp-content\/uploads\/2026\/08\/olomouc-s-detmi-zoo-vstup-300x199.jpg 300w, https:\/\/loudavymkrokem.cz\/wp-content\/uploads\/2026\/08\/olomouc-s-detmi-zoo-vstup-700x465.jpg 700w, https:\/\/loudavymkrokem.cz\/wp-content\/uploads\/2026\/08\/olomouc-s-detmi-zoo-vstup-768x510.jpg 768w, https:\/\/loudavymkrokem.cz\/wp-content\/uploads\/2026\/08\/olomouc-s-detmi-zoo-vstup-1536x1020.jpg 1536w, https:\/\/loudavymkrokem.cz\/wp-content\/uploads\/2026\/08\/olomouc-s-detmi-zoo-vstup-696x462.jpg 696w, https:\/\/loudavymkrokem.cz\/wp-content\/uploads\/2026\/08\/olomouc-s-detmi-zoo-vstup-1392x924.jpg 1392w\" sizes=\"(max-width: 1800px) 100vw, 1800px\" \/><button\n\t\t\tclass=\"lightbox-trigger\"\n\t\t\ttype=\"button\"\n\t\t\taria-haspopup=\"dialog\"\n\t\t\tdata-wp-bind--aria-label=\"state.thisImage.triggerButtonAriaLabel\"\n\t\t\tdata-wp-init=\"callbacks.initTriggerButton\"\n\t\t\tdata-wp-on--click=\"actions.showLightbox\"\n\t\t\tdata-wp-style--right=\"state.thisImage.buttonRight\"\n\t\t\tdata-wp-style--top=\"state.thisImage.buttonTop\"\n\t\t>\n\t\t\t<svg xmlns=\"http:\/\/www.w3.org\/2000\/svg\" width=\"12\" height=\"12\" fill=\"none\" viewBox=\"0 0 12 12\">\n\t\t\t\t<path fill=\"#fff\" d=\"M2 0a2 2 0 0 0-2 2v2h1.5V2a.5.5 0 0 1 .5-.5h2V0H2Zm2 10.5H2a.5.5 0 0 1-.5-.5V8H0v2a2 2 0 0 0 2 2h2v-1.5ZM8 12v-1.5h2a.5.5 0 0 0 .5-.5V8H12v2a2 2 0 0 1-2 2H8Zm2-12a2 2 0 0 1 2 2v2h-1.5V2a.5.5 0 0 0-.5-.5H8V0h2Z\" \/>\n\t\t\t<\/svg>\n\t\t<\/button><figcaption class=\"wp-element-caption\">Wej\u015bcie do ZOO O\u0142omuniec, schowanego w lesie nad miastem<\/figcaption><\/figure>\n\n\n\n<p class=\"wp-block-paragraph\">To bez dyskusji g\u0142\u00f3wna rodzinna atrakcja ca\u0142ego regionu. <a href=\"https:\/\/www.zoo-olomouc.cz\/\" target=\"_blank\" rel=\"nofollow noopener\">O\u0142omunieckie ZOO<\/a>, schowane w pi\u0119knym iglastym lesie, zbiera entuzjastyczne opinie, a jego wynik <strong>4,4 z ponad 16 500 recenzji<\/strong> pokazuje, jak bardzo jest lubiane. Zwierz\u0119ta maj\u0105 tu rozleg\u0142e wybiegi wkomponowane wprost w pochy\u0142y le\u015bny teren, wi\u0119c wizyta jest zarazem przyjemnym spacerem mi\u0119dzy drzewami, gdzie nawet latem panuje przyjemny cie\u0144.<\/p>\n\n\n\n<p class=\"wp-block-paragraph\">Ceny bilet\u00f3w r\u00f3\u017cni\u0105 si\u0119 w zale\u017cno\u015bci od sezonu. W tym g\u0142\u00f3wnym (od marca do pa\u017adziernika) doros\u0142y zap\u0142aci <strong>32 z\u0142<\/strong> (180 K\u010d), a dzieci, studenci czy seniorzy <strong>25 z\u0142<\/strong> (140 K\u010d). Poza sezonem, w miesi\u0105cach zimowych (listopad\u2013luty), ceny s\u0105 przyst\u0119pniejsze: 27 z\u0142 za doros\u0142ego i 22 z\u0142 ulgowy. Najm\u0142odsze dzieci do 3. roku \u017cycia wchodz\u0105 ca\u0142kowicie za darmo, a bilet rodzinny (2+2) wychodzi na uczciwe <strong>108 z\u0142<\/strong> (600 K\u010d). Godziny otwarcia r\u00f3wnie\u017c zmieniaj\u0105 si\u0119 z por\u0105 roku. W styczniu i lutym otwarte jest 9\u201316, w marcu i wrze\u015bniu 9\u201317, od kwietnia do sierpnia wyd\u0142u\u017ca si\u0119 do 9\u201318, a od pa\u017adziernika do grudnia bramy zamykaj\u0105 si\u0119 zn\u00f3w o 16.<\/p>\n\n\n\n<p class=\"wp-block-paragraph\">A jak si\u0119 tu dosta\u0107, je\u015bli nie chcesz p\u0142aci\u0107 za parking przy ZOO? Zupe\u0142nie prosto. Z dworca g\u0142\u00f3wnego (stanowisko D) kursuje regularnie <strong>autobus nr 11<\/strong>. Kursy je\u017cd\u017c\u0105 w \u015bwietnych, 10- do 15-minutowych odst\u0119pach, sama jazda trwa oko\u0142o 20 minut, a od przystanku czeka ci\u0119 ju\u017c tylko kr\u00f3tki, pi\u0119cio- do dziesi\u0119ciominutowy spacer lekko pod g\u00f3rk\u0119 wprost do wej\u015bcia na teren.<\/p>\n\n\n\n<h3 class=\"wp-block-heading\"><span class=\"ez-toc-section\" id=\"26_Wieza_widokowa_w_ZOO\"><\/span>26. Wie\u017ca widokowa w ZOO<span class=\"ez-toc-section-end\"><\/span><\/h3>\n\n\n\n<figure data-wp-context=\"{&quot;imageId&quot;:&quot;6a97aa5e1f6b2&quot;}\" data-wp-interactive=\"core\/image\" data-wp-key=\"6a97aa5e1f6b2\" class=\"wp-block-image size-full wp-lightbox-container\"><img decoding=\"async\" width=\"1800\" height=\"1202\" data-wp-class--hide=\"state.isContentHidden\" data-wp-class--show=\"state.isContentVisible\" data-wp-init=\"callbacks.setButtonStyles\" data-wp-on--click=\"actions.showLightbox\" data-wp-on--load=\"callbacks.setButtonStyles\" data-wp-on--pointerdown=\"actions.preloadImage\" data-wp-on--pointerenter=\"actions.preloadImageWithDelay\" data-wp-on--pointerleave=\"actions.cancelPreload\" data-wp-on-window--resize=\"callbacks.setButtonStyles\" src=\"https:\/\/loudavymkrokem.cz\/wp-content\/uploads\/2026\/08\/olomouc-s-detmi-vyhlidkova-vez-zoo.jpg\" alt=\"Wie\u017ca widokowa w ZOO O\u0142omuniec na Svat\u00fdm Kope\u010dku\" class=\"wp-image-403612\" title=\"\" srcset=\"https:\/\/loudavymkrokem.cz\/wp-content\/uploads\/2026\/08\/olomouc-s-detmi-vyhlidkova-vez-zoo.jpg 1800w, https:\/\/loudavymkrokem.cz\/wp-content\/uploads\/2026\/08\/olomouc-s-detmi-vyhlidkova-vez-zoo-300x200.jpg 300w, https:\/\/loudavymkrokem.cz\/wp-content\/uploads\/2026\/08\/olomouc-s-detmi-vyhlidkova-vez-zoo-700x467.jpg 700w, https:\/\/loudavymkrokem.cz\/wp-content\/uploads\/2026\/08\/olomouc-s-detmi-vyhlidkova-vez-zoo-768x513.jpg 768w, https:\/\/loudavymkrokem.cz\/wp-content\/uploads\/2026\/08\/olomouc-s-detmi-vyhlidkova-vez-zoo-1536x1026.jpg 1536w, https:\/\/loudavymkrokem.cz\/wp-content\/uploads\/2026\/08\/olomouc-s-detmi-vyhlidkova-vez-zoo-696x465.jpg 696w, https:\/\/loudavymkrokem.cz\/wp-content\/uploads\/2026\/08\/olomouc-s-detmi-vyhlidkova-vez-zoo-1392x930.jpg 1392w\" sizes=\"(max-width: 1800px) 100vw, 1800px\" \/><button\n\t\t\tclass=\"lightbox-trigger\"\n\t\t\ttype=\"button\"\n\t\t\taria-haspopup=\"dialog\"\n\t\t\tdata-wp-bind--aria-label=\"state.thisImage.triggerButtonAriaLabel\"\n\t\t\tdata-wp-init=\"callbacks.initTriggerButton\"\n\t\t\tdata-wp-on--click=\"actions.showLightbox\"\n\t\t\tdata-wp-style--right=\"state.thisImage.buttonRight\"\n\t\t\tdata-wp-style--top=\"state.thisImage.buttonTop\"\n\t\t>\n\t\t\t<svg xmlns=\"http:\/\/www.w3.org\/2000\/svg\" width=\"12\" height=\"12\" fill=\"none\" viewBox=\"0 0 12 12\">\n\t\t\t\t<path fill=\"#fff\" d=\"M2 0a2 2 0 0 0-2 2v2h1.5V2a.5.5 0 0 1 .5-.5h2V0H2Zm2 10.5H2a.5.5 0 0 1-.5-.5V8H0v2a2 2 0 0 0 2 2h2v-1.5ZM8 12v-1.5h2a.5.5 0 0 0 .5-.5V8H12v2a2 2 0 0 1-2 2H8Zm2-12a2 2 0 0 1 2 2v2h-1.5V2a.5.5 0 0 0-.5-.5H8V0h2Z\" \/>\n\t\t\t<\/svg>\n\t\t<\/button><figcaption class=\"wp-element-caption\">Z wie\u017cy widokowej przy dobrej widoczno\u015bci dostrze\u017cesz a\u017c Jesioniki | Foto: Zoo Olomouc<\/figcaption><\/figure>\n\n\n\n<p class=\"wp-block-paragraph\">Wprost na terenie ogrodu zoologicznego stoi ogromna stalowa wie\u017ca widokowa (ocena 4,6), kt\u00f3rej na pewno nie powiniene\u015b pomin\u0105\u0107, je\u015bli nie cierpisz na l\u0119k wysoko\u015bci. Wej\u015bcie po kratowych schodach da co prawda troch\u0119 w ko\u015b\u0107, ale na g\u00f3rze czeka nagroda w postaci widoku, kt\u00f3rego nie zobaczysz nigdzie indziej.<\/p>\n\n\n\n<p class=\"wp-block-paragraph\">Przy dobrej widoczno\u015bci otworzy si\u0119 przed tob\u0105 zapieraj\u0105ca dech panorama na ca\u0142y O\u0142omuniec rozpo\u015bcieraj\u0105cy si\u0119 w dole na nizinie, a gdy obr\u00f3cisz si\u0119 w drug\u0105 stron\u0119, dostrze\u017cesz a\u017c grzbiety majestatycznych Jesionik\u00f3w. A dla tych, kt\u00f3rzy potrzebuj\u0105 si\u0119 po wysi\u0142ku posili\u0107, tu\u017c pod wie\u017c\u0105 dzia\u0142a przyjemna kawiarnia.<\/p>\n\n\n\n<h3 class=\"wp-block-heading\"><span class=\"ez-toc-section\" id=\"27_Bazylika_Nawiedzenia_Najswietszej_Marii_Panny\"><\/span>27. Bazylika Nawiedzenia Naj\u015bwi\u0119tszej Marii Panny<span class=\"ez-toc-section-end\"><\/span><\/h3>\n\n\n\n<figure data-wp-context=\"{&quot;imageId&quot;:&quot;6a97aa5e1fbb1&quot;}\" data-wp-interactive=\"core\/image\" data-wp-key=\"6a97aa5e1fbb1\" class=\"wp-block-image size-full wp-lightbox-container\"><img decoding=\"async\" width=\"1800\" height=\"1350\" data-wp-class--hide=\"state.isContentHidden\" data-wp-class--show=\"state.isContentVisible\" data-wp-init=\"callbacks.setButtonStyles\" data-wp-on--click=\"actions.showLightbox\" data-wp-on--load=\"callbacks.setButtonStyles\" data-wp-on--pointerdown=\"actions.preloadImage\" data-wp-on--pointerenter=\"actions.preloadImageWithDelay\" data-wp-on--pointerleave=\"actions.cancelPreload\" data-wp-on-window--resize=\"callbacks.setButtonStyles\" src=\"https:\/\/loudavymkrokem.cz\/wp-content\/uploads\/2026\/08\/olomouc-s-detmi-bazilika-svaty-kopecek.jpg\" alt=\"Bazylika Nawiedzenia NMP na Svat\u00fdm Kope\u010dku ko\u0142o O\u0142omu\u0144ca\" class=\"wp-image-401087\" title=\"\" srcset=\"https:\/\/loudavymkrokem.cz\/wp-content\/uploads\/2026\/08\/olomouc-s-detmi-bazilika-svaty-kopecek.jpg 1800w, https:\/\/loudavymkrokem.cz\/wp-content\/uploads\/2026\/08\/olomouc-s-detmi-bazilika-svaty-kopecek-300x225.jpg 300w, https:\/\/loudavymkrokem.cz\/wp-content\/uploads\/2026\/08\/olomouc-s-detmi-bazilika-svaty-kopecek-700x525.jpg 700w, https:\/\/loudavymkrokem.cz\/wp-content\/uploads\/2026\/08\/olomouc-s-detmi-bazilika-svaty-kopecek-768x576.jpg 768w, https:\/\/loudavymkrokem.cz\/wp-content\/uploads\/2026\/08\/olomouc-s-detmi-bazilika-svaty-kopecek-1536x1152.jpg 1536w, https:\/\/loudavymkrokem.cz\/wp-content\/uploads\/2026\/08\/olomouc-s-detmi-bazilika-svaty-kopecek-80x60.jpg 80w, https:\/\/loudavymkrokem.cz\/wp-content\/uploads\/2026\/08\/olomouc-s-detmi-bazilika-svaty-kopecek-160x120.jpg 160w, https:\/\/loudavymkrokem.cz\/wp-content\/uploads\/2026\/08\/olomouc-s-detmi-bazilika-svaty-kopecek-696x522.jpg 696w, https:\/\/loudavymkrokem.cz\/wp-content\/uploads\/2026\/08\/olomouc-s-detmi-bazilika-svaty-kopecek-1392x1044.jpg 1392w\" sizes=\"(max-width: 1800px) 100vw, 1800px\" \/><button\n\t\t\tclass=\"lightbox-trigger\"\n\t\t\ttype=\"button\"\n\t\t\taria-haspopup=\"dialog\"\n\t\t\tdata-wp-bind--aria-label=\"state.thisImage.triggerButtonAriaLabel\"\n\t\t\tdata-wp-init=\"callbacks.initTriggerButton\"\n\t\t\tdata-wp-on--click=\"actions.showLightbox\"\n\t\t\tdata-wp-style--right=\"state.thisImage.buttonRight\"\n\t\t\tdata-wp-style--top=\"state.thisImage.buttonTop\"\n\t\t>\n\t\t\t<svg xmlns=\"http:\/\/www.w3.org\/2000\/svg\" width=\"12\" height=\"12\" fill=\"none\" viewBox=\"0 0 12 12\">\n\t\t\t\t<path fill=\"#fff\" d=\"M2 0a2 2 0 0 0-2 2v2h1.5V2a.5.5 0 0 1 .5-.5h2V0H2Zm2 10.5H2a.5.5 0 0 1-.5-.5V8H0v2a2 2 0 0 0 2 2h2v-1.5ZM8 12v-1.5h2a.5.5 0 0 0 .5-.5V8H12v2a2 2 0 0 1-2 2H8Zm2-12a2 2 0 0 1 2 2v2h-1.5V2a.5.5 0 0 0-.5-.5H8V0h2Z\" \/>\n\t\t\t<\/svg>\n\t\t<\/button><figcaption class=\"wp-element-caption\">Bazylika pielgrzymkowa na Svat\u00fdm Kope\u010dku widoczna jest ju\u017c przy podje\u017adzie do O\u0142omu\u0144ca<\/figcaption><\/figure>\n\n\n\n<p class=\"wp-block-paragraph\">Skoro ju\u017c b\u0119dziesz na Svat\u00fdm Kope\u010dku, przejd\u017a kawa\u0142ek na Plac Sadov\u00e9 1, gdzie znajduje si\u0119 imponuj\u0105ca pielgrzymkowa Bazylika Nawiedzenia NMP (fantastyczna ocena <strong>4,8 z 2572 recenzji<\/strong>). To dominanta, kt\u00f3r\u0105 zobaczysz \u015bwiec\u0105c\u0105 w okolicy ju\u017c przy podje\u017adzie do O\u0142omu\u0144ca.<\/p>\n\n\n\n<p class=\"wp-block-paragraph\">T\u0119 przepi\u0119kn\u0105 barokow\u0105 budowl\u0119 odwiedzi\u0142 swego czasu sam papie\u017c Jan Pawe\u0142 II. Cho\u0107 na pierwszy rzut oka mo\u017ce to nie brzmie\u0107 jak typowa dzieci\u0119ca atrakcja, budowla jest tak ogromna i majestatyczna, \u017ce potrafi zaciekawi\u0107 nawet ma\u0142ych odkrywc\u00f3w, a w dodatku wok\u00f3\u0142 niej mo\u017cna odby\u0107 bardzo \u0142adne i spokojne spacery po okolicy.<\/p>\n\n\n\n<h2 class=\"wp-block-heading\"><span class=\"ez-toc-section\" id=\"Wycieczki_z_Olomunca_z_dziecmi\"><\/span>Wycieczki z O\u0142omu\u0144ca z dzie\u0107mi<span class=\"ez-toc-section-end\"><\/span><\/h2>\n\n\n\n<p class=\"wp-block-paragraph\">O\u0142omuniec jest strategicznie po\u0142o\u017cony w sercu Moraw, co oznacza, \u017ce je\u015bli masz do dyspozycji auto, w promieniu godziny jazdy otwiera si\u0119 przed tob\u0105 niesamowita liczba kolejnych atrakcyjnych cel\u00f3w. Je\u015bli wi\u0119c zostanie ci czas i b\u0119dziesz chcia\u0142 wyruszy\u0107 kawa\u0142ek za granice miasta, oto najlepsze pomys\u0142y na p\u00f3\u0142dniowe czy ca\u0142odniowe wycieczki.<\/p>\n\n\n\n<h3 class=\"wp-block-heading\"><span class=\"ez-toc-section\" id=\"28_DinoPark_i_ZOO_Park_Vyskov\"><\/span>28. DinoPark i ZOO Park Vy\u0161kov<span class=\"ez-toc-section-end\"><\/span><\/h3>\n\n\n\n<figure data-wp-context=\"{&quot;imageId&quot;:&quot;6a97aa5e2020d&quot;}\" data-wp-interactive=\"core\/image\" data-wp-key=\"6a97aa5e2020d\" class=\"wp-block-image size-full wp-lightbox-container\"><img decoding=\"async\" width=\"1800\" height=\"1209\" data-wp-class--hide=\"state.isContentHidden\" data-wp-class--show=\"state.isContentVisible\" data-wp-init=\"callbacks.setButtonStyles\" data-wp-on--click=\"actions.showLightbox\" data-wp-on--load=\"callbacks.setButtonStyles\" data-wp-on--pointerdown=\"actions.preloadImage\" data-wp-on--pointerenter=\"actions.preloadImageWithDelay\" data-wp-on--pointerleave=\"actions.cancelPreload\" data-wp-on-window--resize=\"callbacks.setButtonStyles\" src=\"https:\/\/loudavymkrokem.cz\/wp-content\/uploads\/2026\/08\/olomouc-s-detmi-zoopark-vyskov.jpg\" alt=\"Wielb\u0142\u0105d jednogarbny w ZOO Parku Vy\u0161kov\" class=\"wp-image-401131\" title=\"\" srcset=\"https:\/\/loudavymkrokem.cz\/wp-content\/uploads\/2026\/08\/olomouc-s-detmi-zoopark-vyskov.jpg 1800w, https:\/\/loudavymkrokem.cz\/wp-content\/uploads\/2026\/08\/olomouc-s-detmi-zoopark-vyskov-300x202.jpg 300w, https:\/\/loudavymkrokem.cz\/wp-content\/uploads\/2026\/08\/olomouc-s-detmi-zoopark-vyskov-700x470.jpg 700w, https:\/\/loudavymkrokem.cz\/wp-content\/uploads\/2026\/08\/olomouc-s-detmi-zoopark-vyskov-768x516.jpg 768w, https:\/\/loudavymkrokem.cz\/wp-content\/uploads\/2026\/08\/olomouc-s-detmi-zoopark-vyskov-1536x1032.jpg 1536w, https:\/\/loudavymkrokem.cz\/wp-content\/uploads\/2026\/08\/olomouc-s-detmi-zoopark-vyskov-696x467.jpg 696w, https:\/\/loudavymkrokem.cz\/wp-content\/uploads\/2026\/08\/olomouc-s-detmi-zoopark-vyskov-1392x935.jpg 1392w\" sizes=\"(max-width: 1800px) 100vw, 1800px\" \/><button\n\t\t\tclass=\"lightbox-trigger\"\n\t\t\ttype=\"button\"\n\t\t\taria-haspopup=\"dialog\"\n\t\t\tdata-wp-bind--aria-label=\"state.thisImage.triggerButtonAriaLabel\"\n\t\t\tdata-wp-init=\"callbacks.initTriggerButton\"\n\t\t\tdata-wp-on--click=\"actions.showLightbox\"\n\t\t\tdata-wp-style--right=\"state.thisImage.buttonRight\"\n\t\t\tdata-wp-style--top=\"state.thisImage.buttonTop\"\n\t\t>\n\t\t\t<svg xmlns=\"http:\/\/www.w3.org\/2000\/svg\" width=\"12\" height=\"12\" fill=\"none\" viewBox=\"0 0 12 12\">\n\t\t\t\t<path fill=\"#fff\" d=\"M2 0a2 2 0 0 0-2 2v2h1.5V2a.5.5 0 0 1 .5-.5h2V0H2Zm2 10.5H2a.5.5 0 0 1-.5-.5V8H0v2a2 2 0 0 0 2 2h2v-1.5ZM8 12v-1.5h2a.5.5 0 0 0 .5-.5V8H12v2a2 2 0 0 1-2 2H8Zm2-12a2 2 0 0 1 2 2v2h-1.5V2a.5.5 0 0 0-.5-.5H8V0h2Z\" \/>\n\t\t\t<\/svg>\n\t\t<\/button><figcaption class=\"wp-element-caption\">W tym samym bilecie masz te\u017c ZOO Park Vy\u0161kov z wielb\u0142\u0105dami i zwierz\u0119tami gospodarskimi<\/figcaption><\/figure>\n\n\n\n<figure data-wp-context=\"{&quot;imageId&quot;:&quot;6a97aa5e206f2&quot;}\" data-wp-interactive=\"core\/image\" data-wp-key=\"6a97aa5e206f2\" class=\"wp-block-image size-full wp-lightbox-container\"><img decoding=\"async\" width=\"1800\" height=\"1350\" data-wp-class--hide=\"state.isContentHidden\" data-wp-class--show=\"state.isContentVisible\" data-wp-init=\"callbacks.setButtonStyles\" data-wp-on--click=\"actions.showLightbox\" data-wp-on--load=\"callbacks.setButtonStyles\" data-wp-on--pointerdown=\"actions.preloadImage\" data-wp-on--pointerenter=\"actions.preloadImageWithDelay\" data-wp-on--pointerleave=\"actions.cancelPreload\" data-wp-on-window--resize=\"callbacks.setButtonStyles\" src=\"https:\/\/loudavymkrokem.cz\/wp-content\/uploads\/2026\/08\/olomouc-s-detmi-dinopark-vyskov.jpg\" alt=\"Model dinozaura w DinoParku w Vy\u0161kovie\" class=\"wp-image-401129\" title=\"\" srcset=\"https:\/\/loudavymkrokem.cz\/wp-content\/uploads\/2026\/08\/olomouc-s-detmi-dinopark-vyskov.jpg 1800w, https:\/\/loudavymkrokem.cz\/wp-content\/uploads\/2026\/08\/olomouc-s-detmi-dinopark-vyskov-300x225.jpg 300w, https:\/\/loudavymkrokem.cz\/wp-content\/uploads\/2026\/08\/olomouc-s-detmi-dinopark-vyskov-700x525.jpg 700w, https:\/\/loudavymkrokem.cz\/wp-content\/uploads\/2026\/08\/olomouc-s-detmi-dinopark-vyskov-768x576.jpg 768w, https:\/\/loudavymkrokem.cz\/wp-content\/uploads\/2026\/08\/olomouc-s-detmi-dinopark-vyskov-1536x1152.jpg 1536w, https:\/\/loudavymkrokem.cz\/wp-content\/uploads\/2026\/08\/olomouc-s-detmi-dinopark-vyskov-80x60.jpg 80w, https:\/\/loudavymkrokem.cz\/wp-content\/uploads\/2026\/08\/olomouc-s-detmi-dinopark-vyskov-160x120.jpg 160w, https:\/\/loudavymkrokem.cz\/wp-content\/uploads\/2026\/08\/olomouc-s-detmi-dinopark-vyskov-696x522.jpg 696w, https:\/\/loudavymkrokem.cz\/wp-content\/uploads\/2026\/08\/olomouc-s-detmi-dinopark-vyskov-1392x1044.jpg 1392w\" sizes=\"(max-width: 1800px) 100vw, 1800px\" \/><button\n\t\t\tclass=\"lightbox-trigger\"\n\t\t\ttype=\"button\"\n\t\t\taria-haspopup=\"dialog\"\n\t\t\tdata-wp-bind--aria-label=\"state.thisImage.triggerButtonAriaLabel\"\n\t\t\tdata-wp-init=\"callbacks.initTriggerButton\"\n\t\t\tdata-wp-on--click=\"actions.showLightbox\"\n\t\t\tdata-wp-style--right=\"state.thisImage.buttonRight\"\n\t\t\tdata-wp-style--top=\"state.thisImage.buttonTop\"\n\t\t>\n\t\t\t<svg xmlns=\"http:\/\/www.w3.org\/2000\/svg\" width=\"12\" height=\"12\" fill=\"none\" viewBox=\"0 0 12 12\">\n\t\t\t\t<path fill=\"#fff\" d=\"M2 0a2 2 0 0 0-2 2v2h1.5V2a.5.5 0 0 1 .5-.5h2V0H2Zm2 10.5H2a.5.5 0 0 1-.5-.5V8H0v2a2 2 0 0 0 2 2h2v-1.5ZM8 12v-1.5h2a.5.5 0 0 0 .5-.5V8H12v2a2 2 0 0 1-2 2H8Zm2-12a2 2 0 0 1 2 2v2h-1.5V2a.5.5 0 0 0-.5-.5H8V0h2Z\" \/>\n\t\t\t<\/svg>\n\t\t<\/button><figcaption class=\"wp-element-caption\">W DinoParku w Vy\u0161kovie jest ponad sto dinozaur\u00f3w, cz\u0119\u015b\u0107 z nich si\u0119 rusza i ryczy<\/figcaption><\/figure>\n\n\n\n<p class=\"wp-block-paragraph\">T\u0119 wycieczk\u0119 do <a href=\"https:\/\/www.dinopark.cz\/vyskov\" target=\"_blank\" rel=\"nofollow noopener\">DinoParku Vy\u0161kov<\/a>, oko\u0142o 45 kilometr\u00f3w od O\u0142omu\u0144ca (Cukrovarsk\u00e1 9, Vy\u0161kov), po prostu musz\u0119 poleci\u0107 z ca\u0142ego serca, bo Luk\u00e1\u0161, Jon\u00e1\u0161 i ja wybrali\u015bmy si\u0119 tu osobi\u015bcie i by\u0142 to absolutny hit. Znasz te momenty, kiedy dziecku oczy b\u0142yszcz\u0105 z zachwytu? Dok\u0142adnie to si\u0119 sta\u0142o, gdy odkryli\u015bmy ogromnego chodz\u0105cego robotycznego stegozaura. Na ca\u0142ym terenie jest bowiem ponad <strong>100 dinozaur\u00f3w<\/strong>, cz\u0119\u015b\u0107 z nich statyczna, ale mn\u00f3stwo wspaniale ozwuczonych i ruchomych. Znajdziesz tu te\u017c <strong>kino 4D<\/strong>, wietrzny DinoHurik\u00e1n, \u015bwietny plac paleontologiczny dla ma\u0142ych odkrywc\u00f3w, dopracowan\u0105 scen\u0119 z rozbitym samolotem i mg\u0142odrzewa, kt\u00f3re latem \u015bwietnie orze\u017awiaj\u0105.<\/p>\n\n\n\n<p class=\"wp-block-paragraph\">Ciekawostk\u0105 jest, \u017ce bilet obowi\u0105zuje wsp\u00f3lnie tak\u017ce w przyleg\u0142ym <strong>ZOO Parku Vy\u0161kov<\/strong>, kt\u00f3ry jest co prawda mniejszy i skupia si\u0119 g\u0142\u00f3wnie na zwierz\u0119tach z wiejskich zagr\u00f3d i zwierz\u0119tach gospodarskich, ale natkniesz si\u0119 tu te\u017c na wielb\u0142\u0105dy, ciekawskie ma\u0142py czy strusie. Mi\u0119dzy dinozaurami a ogrodem zoologicznym kursuje specjalny poci\u0105gzik zwany <strong>DinoExpres<\/strong>, kt\u00f3ry sam w sobie jest dla dzieci atrakcj\u0105. Ludzie kochaj\u0105 te tereny \u2014 DinoPark ma ocen\u0119 <strong>4,5 z niemal 7 tysi\u0119cy recenzji<\/strong>, a ZOO Park nawet <strong>4,5 z ponad 7700 ocen<\/strong>. \ud83d\udca1 Z praktycznego punktu widzenia musz\u0119 potwierdzi\u0107 jedno, na co cz\u0119sto zwracaj\u0105 uwag\u0119 recenzje: oferta gastronomiczna wprost na terenie jest do\u015b\u0107 uboga, a w niekt\u00f3rych miejscach w ZOO Parku nie da si\u0119 p\u0142aci\u0107 kart\u0105. Koniecznie spakuj wi\u0119c do plecaka porz\u0105dn\u0105 w\u0142asn\u0105 przek\u0105sk\u0119 i nie zapomnij o got\u00f3wce, \u017ceby nie zaskoczy\u0142a ci\u0119 ochota na loda.<\/p>\n\n\n\n<h3 class=\"wp-block-heading\"><span class=\"ez-toc-section\" id=\"29_Zamek_Bouzov\"><\/span>29. Zamek Bouzov<span class=\"ez-toc-section-end\"><\/span><\/h3>\n\n\n\n<figure data-wp-context=\"{&quot;imageId&quot;:&quot;6a97aa5e20d13&quot;}\" data-wp-interactive=\"core\/image\" data-wp-key=\"6a97aa5e20d13\" class=\"wp-block-image size-full wp-lightbox-container\"><img decoding=\"async\" width=\"1800\" height=\"1056\" data-wp-class--hide=\"state.isContentHidden\" data-wp-class--show=\"state.isContentVisible\" data-wp-init=\"callbacks.setButtonStyles\" data-wp-on--click=\"actions.showLightbox\" data-wp-on--load=\"callbacks.setButtonStyles\" data-wp-on--pointerdown=\"actions.preloadImage\" data-wp-on--pointerenter=\"actions.preloadImageWithDelay\" data-wp-on--pointerleave=\"actions.cancelPreload\" data-wp-on-window--resize=\"callbacks.setButtonStyles\" src=\"https:\/\/loudavymkrokem.cz\/wp-content\/uploads\/2026\/08\/olomouc-s-detmi-hrad-bouzov.jpg\" alt=\"Bajkowy zamek Bouzov nad krajobrazem niedaleko O\u0142omu\u0144ca\" class=\"wp-image-401093\" title=\"\" srcset=\"https:\/\/loudavymkrokem.cz\/wp-content\/uploads\/2026\/08\/olomouc-s-detmi-hrad-bouzov.jpg 1800w, https:\/\/loudavymkrokem.cz\/wp-content\/uploads\/2026\/08\/olomouc-s-detmi-hrad-bouzov-300x176.jpg 300w, https:\/\/loudavymkrokem.cz\/wp-content\/uploads\/2026\/08\/olomouc-s-detmi-hrad-bouzov-700x411.jpg 700w, https:\/\/loudavymkrokem.cz\/wp-content\/uploads\/2026\/08\/olomouc-s-detmi-hrad-bouzov-768x451.jpg 768w, https:\/\/loudavymkrokem.cz\/wp-content\/uploads\/2026\/08\/olomouc-s-detmi-hrad-bouzov-1536x901.jpg 1536w, https:\/\/loudavymkrokem.cz\/wp-content\/uploads\/2026\/08\/olomouc-s-detmi-hrad-bouzov-696x408.jpg 696w, https:\/\/loudavymkrokem.cz\/wp-content\/uploads\/2026\/08\/olomouc-s-detmi-hrad-bouzov-1392x817.jpg 1392w\" sizes=\"(max-width: 1800px) 100vw, 1800px\" \/><button\n\t\t\tclass=\"lightbox-trigger\"\n\t\t\ttype=\"button\"\n\t\t\taria-haspopup=\"dialog\"\n\t\t\tdata-wp-bind--aria-label=\"state.thisImage.triggerButtonAriaLabel\"\n\t\t\tdata-wp-init=\"callbacks.initTriggerButton\"\n\t\t\tdata-wp-on--click=\"actions.showLightbox\"\n\t\t\tdata-wp-style--right=\"state.thisImage.buttonRight\"\n\t\t\tdata-wp-style--top=\"state.thisImage.buttonTop\"\n\t\t>\n\t\t\t<svg xmlns=\"http:\/\/www.w3.org\/2000\/svg\" width=\"12\" height=\"12\" fill=\"none\" viewBox=\"0 0 12 12\">\n\t\t\t\t<path fill=\"#fff\" d=\"M2 0a2 2 0 0 0-2 2v2h1.5V2a.5.5 0 0 1 .5-.5h2V0H2Zm2 10.5H2a.5.5 0 0 1-.5-.5V8H0v2a2 2 0 0 0 2 2h2v-1.5ZM8 12v-1.5h2a.5.5 0 0 0 .5-.5V8H12v2a2 2 0 0 1-2 2H8Zm2-12a2 2 0 0 1 2 2v2h-1.5V2a.5.5 0 0 0-.5-.5H8V0h2Z\" \/>\n\t\t\t<\/svg>\n\t\t<\/button><figcaption class=\"wp-element-caption\">Bouzov wygl\u0105da jak z bajki. Zreszt\u0105 nakr\u0119cono ich tu mn\u00f3stwo.<\/figcaption><\/figure>\n\n\n\n<p class=\"wp-block-paragraph\">Oko\u0142o 30 kilometr\u00f3w od O\u0142omu\u0144ca stoi zamek, kt\u00f3ry wygl\u0105da, jakby kto\u015b wyci\u0105\u0142 go wprost z ksi\u0105\u017ceczki dla dzieci. Nic dziwnego, \u017ce w bajkowym Bouzovie nakr\u0119cono ogromn\u0105 liczb\u0119 czeskich ba\u015bni. Odwiedzaj\u0105cy go uwielbiaj\u0105 i przyznali mu niesamowity wynik <strong>4,8 z niemal 12 000 recenzji<\/strong>.<\/p>\n\n\n\n<p class=\"wp-block-paragraph\">Z ma\u0142ymi dzie\u0107mi, kt\u00f3re nudzi\u0142by d\u0142ugi wyk\u0142ad przewodnika, jest super wiadomo\u015b\u0107 \u2014 na pierwszy dziedziniec zamkowy dostaniesz si\u0119 zupe\u0142nie swobodnie, nawet bez kupowania biletu. Mo\u017cesz wi\u0119c obejrze\u0107 zamek, wch\u0142on\u0105\u0107 t\u0119 magiczn\u0105 rycersk\u0105 atmosfer\u0119, zrobi\u0107 sobie zdj\u0119cie przy zwodzonym mo\u015bcie i spokojnie ruszy\u0107 dalej.<\/p>\n\n\n\n<h3 class=\"wp-block-heading\"><span class=\"ez-toc-section\" id=\"30_Jaskinie_Mladec\"><\/span>30. Jaskinie Mlade\u010d<span class=\"ez-toc-section-end\"><\/span><\/h3>\n\n\n\n<figure data-wp-context=\"{&quot;imageId&quot;:&quot;6a97aa5e211dd&quot;}\" data-wp-interactive=\"core\/image\" data-wp-key=\"6a97aa5e211dd\" class=\"wp-block-image size-full wp-lightbox-container\"><img decoding=\"async\" width=\"1350\" height=\"1800\" data-wp-class--hide=\"state.isContentHidden\" data-wp-class--show=\"state.isContentVisible\" data-wp-init=\"callbacks.setButtonStyles\" data-wp-on--click=\"actions.showLightbox\" data-wp-on--load=\"callbacks.setButtonStyles\" data-wp-on--pointerdown=\"actions.preloadImage\" data-wp-on--pointerenter=\"actions.preloadImageWithDelay\" data-wp-on--pointerleave=\"actions.cancelPreload\" data-wp-on-window--resize=\"callbacks.setButtonStyles\" src=\"https:\/\/loudavymkrokem.cz\/wp-content\/uploads\/2026\/08\/olomouc-s-detmi-mladecske-jeskyne.jpg\" alt=\"O\u015bwietlony stalaktyt w Jaskiniach Mlade\u010d\" class=\"wp-image-401100\" title=\"\" srcset=\"https:\/\/loudavymkrokem.cz\/wp-content\/uploads\/2026\/08\/olomouc-s-detmi-mladecske-jeskyne.jpg 1350w, https:\/\/loudavymkrokem.cz\/wp-content\/uploads\/2026\/08\/olomouc-s-detmi-mladecske-jeskyne-225x300.jpg 225w, https:\/\/loudavymkrokem.cz\/wp-content\/uploads\/2026\/08\/olomouc-s-detmi-mladecske-jeskyne-700x933.jpg 700w, https:\/\/loudavymkrokem.cz\/wp-content\/uploads\/2026\/08\/olomouc-s-detmi-mladecske-jeskyne-768x1024.jpg 768w, https:\/\/loudavymkrokem.cz\/wp-content\/uploads\/2026\/08\/olomouc-s-detmi-mladecske-jeskyne-1152x1536.jpg 1152w, https:\/\/loudavymkrokem.cz\/wp-content\/uploads\/2026\/08\/olomouc-s-detmi-mladecske-jeskyne-696x928.jpg 696w\" sizes=\"(max-width: 1350px) 100vw, 1350px\" \/><button\n\t\t\tclass=\"lightbox-trigger\"\n\t\t\ttype=\"button\"\n\t\t\taria-haspopup=\"dialog\"\n\t\t\tdata-wp-bind--aria-label=\"state.thisImage.triggerButtonAriaLabel\"\n\t\t\tdata-wp-init=\"callbacks.initTriggerButton\"\n\t\t\tdata-wp-on--click=\"actions.showLightbox\"\n\t\t\tdata-wp-style--right=\"state.thisImage.buttonRight\"\n\t\t\tdata-wp-style--top=\"state.thisImage.buttonTop\"\n\t\t>\n\t\t\t<svg xmlns=\"http:\/\/www.w3.org\/2000\/svg\" width=\"12\" height=\"12\" fill=\"none\" viewBox=\"0 0 12 12\">\n\t\t\t\t<path fill=\"#fff\" d=\"M2 0a2 2 0 0 0-2 2v2h1.5V2a.5.5 0 0 1 .5-.5h2V0H2Zm2 10.5H2a.5.5 0 0 1-.5-.5V8H0v2a2 2 0 0 0 2 2h2v-1.5ZM8 12v-1.5h2a.5.5 0 0 0 .5-.5V8H12v2a2 2 0 0 1-2 2H8Zm2-12a2 2 0 0 1 2 2v2h-1.5V2a.5.5 0 0 0-.5-.5H8V0h2Z\" \/>\n\t\t\t<\/svg>\n\t\t<\/button><figcaption class=\"wp-element-caption\">Zwiedzanie Jaski\u0144 Mlade\u010d trwa nieca\u0142\u0105 godzin\u0119 i poradz\u0105 sobie z nim nawet mniejsze dzieci<\/figcaption><\/figure>\n\n\n\n<p class=\"wp-block-paragraph\">Je\u015bli szukasz kr\u00f3tszej podziemnej przygody, oko\u0142o 25 kilometr\u00f3w dalej we wsi Mlade\u010d znajduj\u0105 si\u0119 pi\u0119kne jaskinie krasowe z ocen\u0105 <strong>4,7<\/strong>. Znane s\u0105 mi\u0119dzy innymi dzi\u0119ki znaleziskom archeologicznym ko\u015bci ludzi pierwotnych.<\/p>\n\n\n\n<p class=\"wp-block-paragraph\">Ale dlaczego s\u0105 \u015bwietne dla rodzin? Sama trasa zwiedzania trwa nieca\u0142\u0105 godzink\u0119, nie jest w \u017caden spos\u00f3b fizycznie ekstremalnie wymagaj\u0105ca i wed\u0142ug do\u015bwiadcze\u0144 wielu odwiedzaj\u0105cych jest <strong>bardzo odpowiednia tak\u017ce dla ma\u0142ych dzieci<\/strong>, kt\u00f3re d\u0142u\u017cszego pobytu w ch\u0142odnym podziemiu mog\u0142yby nie znie\u015b\u0107 dobrze.<\/p>\n\n\n\n<h3 class=\"wp-block-heading\"><span class=\"ez-toc-section\" id=\"31_Jaskinie_Javoricko\"><\/span>31. Jaskinie Javo\u0159\u00ed\u010dko<span class=\"ez-toc-section-end\"><\/span><\/h3>\n\n\n\n<figure data-wp-context=\"{&quot;imageId&quot;:&quot;6a97aa5e2161a&quot;}\" data-wp-interactive=\"core\/image\" data-wp-key=\"6a97aa5e2161a\" class=\"wp-block-image size-full wp-lightbox-container\"><img decoding=\"async\" width=\"1350\" height=\"1800\" data-wp-class--hide=\"state.isContentHidden\" data-wp-class--show=\"state.isContentVisible\" data-wp-init=\"callbacks.setButtonStyles\" data-wp-on--click=\"actions.showLightbox\" data-wp-on--load=\"callbacks.setButtonStyles\" data-wp-on--pointerdown=\"actions.preloadImage\" data-wp-on--pointerenter=\"actions.preloadImageWithDelay\" data-wp-on--pointerleave=\"actions.cancelPreload\" data-wp-on-window--resize=\"callbacks.setButtonStyles\" src=\"https:\/\/loudavymkrokem.cz\/wp-content\/uploads\/2026\/08\/olomouc-s-detmi-javoricske-jeskyne.jpg\" alt=\"Szata naciekowa w Jaskiniach Javo\u0159\u00ed\u010dko\" class=\"wp-image-401096\" title=\"\" srcset=\"https:\/\/loudavymkrokem.cz\/wp-content\/uploads\/2026\/08\/olomouc-s-detmi-javoricske-jeskyne.jpg 1350w, https:\/\/loudavymkrokem.cz\/wp-content\/uploads\/2026\/08\/olomouc-s-detmi-javoricske-jeskyne-225x300.jpg 225w, https:\/\/loudavymkrokem.cz\/wp-content\/uploads\/2026\/08\/olomouc-s-detmi-javoricske-jeskyne-700x933.jpg 700w, https:\/\/loudavymkrokem.cz\/wp-content\/uploads\/2026\/08\/olomouc-s-detmi-javoricske-jeskyne-768x1024.jpg 768w, https:\/\/loudavymkrokem.cz\/wp-content\/uploads\/2026\/08\/olomouc-s-detmi-javoricske-jeskyne-1152x1536.jpg 1152w, https:\/\/loudavymkrokem.cz\/wp-content\/uploads\/2026\/08\/olomouc-s-detmi-javoricske-jeskyne-696x928.jpg 696w\" sizes=\"(max-width: 1350px) 100vw, 1350px\" \/><button\n\t\t\tclass=\"lightbox-trigger\"\n\t\t\ttype=\"button\"\n\t\t\taria-haspopup=\"dialog\"\n\t\t\tdata-wp-bind--aria-label=\"state.thisImage.triggerButtonAriaLabel\"\n\t\t\tdata-wp-init=\"callbacks.initTriggerButton\"\n\t\t\tdata-wp-on--click=\"actions.showLightbox\"\n\t\t\tdata-wp-style--right=\"state.thisImage.buttonRight\"\n\t\t\tdata-wp-style--top=\"state.thisImage.buttonTop\"\n\t\t>\n\t\t\t<svg xmlns=\"http:\/\/www.w3.org\/2000\/svg\" width=\"12\" height=\"12\" fill=\"none\" viewBox=\"0 0 12 12\">\n\t\t\t\t<path fill=\"#fff\" d=\"M2 0a2 2 0 0 0-2 2v2h1.5V2a.5.5 0 0 1 .5-.5h2V0H2Zm2 10.5H2a.5.5 0 0 1-.5-.5V8H0v2a2 2 0 0 0 2 2h2v-1.5ZM8 12v-1.5h2a.5.5 0 0 0 .5-.5V8H12v2a2 2 0 0 1-2 2H8Zm2-12a2 2 0 0 1 2 2v2h-1.5V2a.5.5 0 0 0-.5-.5H8V0h2Z\" \/>\n\t\t\t<\/svg>\n\t\t<\/button><figcaption class=\"wp-element-caption\">Jaskinie Javo\u0159\u00ed\u010dko maj\u0105 przepi\u0119kn\u0105 szat\u0119 naciekow\u0105, ale te\u017c 250 schod\u00f3w<\/figcaption><\/figure>\n\n\n\n<p class=\"wp-block-paragraph\">Nieco dalej, jakie\u015b 35 kilometr\u00f3w od miasta, kryje si\u0119 kolejny i jeszcze wi\u0119kszy podziemny klejnot \u2014 Jaskinie Javo\u0159\u00ed\u010dko z zapieraj\u0105c\u0105 dech szat\u0105 naciekow\u0105 (\u015bwietna ocena <strong>4,8 z niemal 3 tysi\u0119cy recenzji<\/strong>). Wizyta w tym miejscu to ogromne prze\u017cycie, ale szczerze ostrzegam, \u017ce to wycieczka odpowiednia raczej dla wi\u0119kszych i sprawniejszych fizycznie dzieci.<\/p>\n\n\n\n<p class=\"wp-block-paragraph\">Je\u015bli bowiem wybierzesz si\u0119 na nieskr\u00f3con\u0105 tras\u0119 d\u0142ug\u0105 nieca\u0142e 800 metr\u00f3w, sp\u0119dzisz w jaskini ponad godzin\u0119, miejscami b\u0119dziesz si\u0119 przeciska\u0107 do\u015b\u0107 w\u0105skimi korytarzami, a przede wszystkim b\u0119dziesz musia\u0142 podczas zwiedzania pokona\u0107 oko\u0142o <strong>250 schod\u00f3w<\/strong>. Z maluchem na r\u0119kach by\u0142by to naprawd\u0119 koszmar.<\/p>\n\n\n\n<h3 class=\"wp-block-heading\"><span class=\"ez-toc-section\" id=\"32_Muzeum_olomunieckich_tvaruzkow_w_Losticach\"><\/span>32. Muzeum o\u0142omunieckich tvar\u016f\u017ek\u00f3w w Lo\u0161ticach<span class=\"ez-toc-section-end\"><\/span><\/h3>\n\n\n\n<figure data-wp-context=\"{&quot;imageId&quot;:&quot;6a97aa5e21bb0&quot;}\" data-wp-interactive=\"core\/image\" data-wp-key=\"6a97aa5e21bb0\" class=\"wp-block-image size-full wp-lightbox-container\"><img decoding=\"async\" width=\"1800\" height=\"1246\" data-wp-class--hide=\"state.isContentHidden\" data-wp-class--show=\"state.isContentVisible\" data-wp-init=\"callbacks.setButtonStyles\" data-wp-on--click=\"actions.showLightbox\" data-wp-on--load=\"callbacks.setButtonStyles\" data-wp-on--pointerdown=\"actions.preloadImage\" data-wp-on--pointerenter=\"actions.preloadImageWithDelay\" data-wp-on--pointerleave=\"actions.cancelPreload\" data-wp-on-window--resize=\"callbacks.setButtonStyles\" src=\"https:\/\/loudavymkrokem.cz\/wp-content\/uploads\/2026\/08\/olomouc-s-detmi-muzeum-tvaruzku.jpg\" alt=\"Ekspozycja w Muzeum o\u0142omunieckich tvar\u016f\u017ek\u00f3w w Lo\u0161ticach\" class=\"wp-image-401116\" title=\"\" srcset=\"https:\/\/loudavymkrokem.cz\/wp-content\/uploads\/2026\/08\/olomouc-s-detmi-muzeum-tvaruzku.jpg 1800w, https:\/\/loudavymkrokem.cz\/wp-content\/uploads\/2026\/08\/olomouc-s-detmi-muzeum-tvaruzku-300x208.jpg 300w, https:\/\/loudavymkrokem.cz\/wp-content\/uploads\/2026\/08\/olomouc-s-detmi-muzeum-tvaruzku-700x485.jpg 700w, https:\/\/loudavymkrokem.cz\/wp-content\/uploads\/2026\/08\/olomouc-s-detmi-muzeum-tvaruzku-768x532.jpg 768w, https:\/\/loudavymkrokem.cz\/wp-content\/uploads\/2026\/08\/olomouc-s-detmi-muzeum-tvaruzku-1536x1063.jpg 1536w, https:\/\/loudavymkrokem.cz\/wp-content\/uploads\/2026\/08\/olomouc-s-detmi-muzeum-tvaruzku-696x482.jpg 696w, https:\/\/loudavymkrokem.cz\/wp-content\/uploads\/2026\/08\/olomouc-s-detmi-muzeum-tvaruzku-1392x964.jpg 1392w\" sizes=\"(max-width: 1800px) 100vw, 1800px\" \/><button\n\t\t\tclass=\"lightbox-trigger\"\n\t\t\ttype=\"button\"\n\t\t\taria-haspopup=\"dialog\"\n\t\t\tdata-wp-bind--aria-label=\"state.thisImage.triggerButtonAriaLabel\"\n\t\t\tdata-wp-init=\"callbacks.initTriggerButton\"\n\t\t\tdata-wp-on--click=\"actions.showLightbox\"\n\t\t\tdata-wp-style--right=\"state.thisImage.buttonRight\"\n\t\t\tdata-wp-style--top=\"state.thisImage.buttonTop\"\n\t\t>\n\t\t\t<svg xmlns=\"http:\/\/www.w3.org\/2000\/svg\" width=\"12\" height=\"12\" fill=\"none\" viewBox=\"0 0 12 12\">\n\t\t\t\t<path fill=\"#fff\" d=\"M2 0a2 2 0 0 0-2 2v2h1.5V2a.5.5 0 0 1 .5-.5h2V0H2Zm2 10.5H2a.5.5 0 0 1-.5-.5V8H0v2a2 2 0 0 0 2 2h2v-1.5ZM8 12v-1.5h2a.5.5 0 0 0 .5-.5V8H12v2a2 2 0 0 1-2 2H8Zm2-12a2 2 0 0 1 2 2v2h-1.5V2a.5.5 0 0 0-.5-.5H8V0h2Z\" \/>\n\t\t\t<\/svg>\n\t\t<\/button><figcaption class=\"wp-element-caption\">W Lo\u0161ticach zobaczysz, jak produkuje si\u0119 serki tvar\u016f\u017eky ju\u017c od ponad 400 lat<\/figcaption><\/figure>\n\n\n\n<p class=\"wp-block-paragraph\">Serki tvar\u016f\u017eky po prostu nale\u017c\u0105 do tego regionu, a je\u015bli chcesz zobaczy\u0107, jak powstaje ten pachn\u0105cy (a dla niekt\u00f3rych raczej \u015bmierdz\u0105cy) skarb, wybierz si\u0119 jakie\u015b 35 kilometr\u00f3w do Lo\u0161tic przy ulicy Palack\u00e9ho numer 56. Tutejsze muzeum (ocena <strong>4,8<\/strong>) po\u015bwi\u0119cone jest jedynemu oryginalnemu czeskiemu serowi, kt\u00f3ry produkowany jest tu nieprzerwanie od imponuj\u0105cych 400 lat.<\/p>\n\n\n\n<p class=\"wp-block-paragraph\">Cho\u0107 brzmi to jak nuda dla doros\u0142ych, dzieci zwykle ta wycieczka strasznie bawi, g\u0142\u00f3wnie dzi\u0119ki temu specyficznemu i wszechobecnemu zapachowi dojrzewania, nad kt\u00f3rym mog\u0105 si\u0119 przekomarza\u0107 i \u015bmia\u0107. \ud83d\ude05 Ser jest oczywi\u015bcie pod wzgl\u0119dem sk\u0142adnik\u00f3w zupe\u0142nie wegetaria\u0144ski, wi\u0119c po zwiedzaniu mo\u017cesz go bez wyrzut\u00f3w sumienia kupi\u0107 do domu.<\/p>\n\n\n\n<h3 class=\"wp-block-heading\"><span class=\"ez-toc-section\" id=\"33_Dzieciece_Muzeum_Dziadka_Pradeda_w_Bludovie\"><\/span>33. Dzieci\u0119ce Muzeum Dziadka Prad\u011bda w Bludovie<span class=\"ez-toc-section-end\"><\/span><\/h3>\n\n\n\n<figure data-wp-context=\"{&quot;imageId&quot;:&quot;6a97aa5e220bd&quot;}\" data-wp-interactive=\"core\/image\" data-wp-key=\"6a97aa5e220bd\" class=\"wp-block-image size-full wp-lightbox-container\"><img decoding=\"async\" width=\"800\" height=\"533\" data-wp-class--hide=\"state.isContentHidden\" data-wp-class--show=\"state.isContentVisible\" data-wp-init=\"callbacks.setButtonStyles\" data-wp-on--click=\"actions.showLightbox\" data-wp-on--load=\"callbacks.setButtonStyles\" data-wp-on--pointerdown=\"actions.preloadImage\" data-wp-on--pointerenter=\"actions.preloadImageWithDelay\" data-wp-on--pointerleave=\"actions.cancelPreload\" data-wp-on-window--resize=\"callbacks.setButtonStyles\" src=\"https:\/\/loudavymkrokem.cz\/wp-content\/uploads\/2026\/08\/olomouc-s-detmi-pradedovo-muzeum.jpg\" alt=\"Drewniany domek w Dzieci\u0119cym Muzeum Dziadka Prad\u011bda w Bludovie\" class=\"wp-image-403605\" title=\"\" srcset=\"https:\/\/loudavymkrokem.cz\/wp-content\/uploads\/2026\/08\/olomouc-s-detmi-pradedovo-muzeum.jpg 800w, https:\/\/loudavymkrokem.cz\/wp-content\/uploads\/2026\/08\/olomouc-s-detmi-pradedovo-muzeum-300x200.jpg 300w, https:\/\/loudavymkrokem.cz\/wp-content\/uploads\/2026\/08\/olomouc-s-detmi-pradedovo-muzeum-700x466.jpg 700w, https:\/\/loudavymkrokem.cz\/wp-content\/uploads\/2026\/08\/olomouc-s-detmi-pradedovo-muzeum-768x512.jpg 768w, https:\/\/loudavymkrokem.cz\/wp-content\/uploads\/2026\/08\/olomouc-s-detmi-pradedovo-muzeum-696x464.jpg 696w\" sizes=\"(max-width: 800px) 100vw, 800px\" \/><button\n\t\t\tclass=\"lightbox-trigger\"\n\t\t\ttype=\"button\"\n\t\t\taria-haspopup=\"dialog\"\n\t\t\tdata-wp-bind--aria-label=\"state.thisImage.triggerButtonAriaLabel\"\n\t\t\tdata-wp-init=\"callbacks.initTriggerButton\"\n\t\t\tdata-wp-on--click=\"actions.showLightbox\"\n\t\t\tdata-wp-style--right=\"state.thisImage.buttonRight\"\n\t\t\tdata-wp-style--top=\"state.thisImage.buttonTop\"\n\t\t>\n\t\t\t<svg xmlns=\"http:\/\/www.w3.org\/2000\/svg\" width=\"12\" height=\"12\" fill=\"none\" viewBox=\"0 0 12 12\">\n\t\t\t\t<path fill=\"#fff\" d=\"M2 0a2 2 0 0 0-2 2v2h1.5V2a.5.5 0 0 1 .5-.5h2V0H2Zm2 10.5H2a.5.5 0 0 1-.5-.5V8H0v2a2 2 0 0 0 2 2h2v-1.5ZM8 12v-1.5h2a.5.5 0 0 0 .5-.5V8H12v2a2 2 0 0 1-2 2H8Zm2-12a2 2 0 0 1 2 2v2h-1.5V2a.5.5 0 0 0-.5-.5H8V0h2Z\" \/>\n\t\t\t<\/svg>\n\t\t<\/button><figcaption class=\"wp-element-caption\">Muzeum Dziadka Prad\u011bda zbudowano tak, by dzieci mog\u0142y si\u0119 wszystkim bawi\u0107 | Foto: Prad\u011bdovo d\u011btsk\u00e9 muzeum<\/figcaption><\/figure>\n\n\n\n<p class=\"wp-block-paragraph\">Je\u015bli zrobisz sobie nieco d\u0142u\u017csz\u0105, jakie\u015b 45 kilometr\u00f3w wycieczk\u0119 na p\u00f3\u0142noc do Bludova, trafisz na raj stworzony wy\u0142\u0105cznie dla najm\u0142odszych. Dzieci\u0119ce Muzeum Dziadka Prad\u011bda trzyma \u015bwietn\u0105 ocen\u0119 <strong>4,7 z niemal tysi\u0105ca recenzji<\/strong> i jest miejscem, w kt\u00f3rym pomy\u015blano naprawd\u0119 o ka\u017cdym dzieci\u0119cym kaprysie.<\/p>\n\n\n\n<p class=\"wp-block-paragraph\">Ca\u0142a ekspozycja i przyleg\u0142y teren zewn\u0119trzny s\u0105 zbudowane tak, by dzieci mog\u0142y si\u0119 wszystkim bawi\u0107, odkrywa\u0107 przyrod\u0119 Jesionik\u00f3w w zabawowej formie, biega\u0107 i cieszy\u0107 si\u0119 swobod\u0105 bez ci\u0105g\u0142ego upominania, \u017ce eksponat\u00f3w w muzeum nie wolno dotyka\u0107.<\/p>\n\n\n\n<h3 class=\"wp-block-heading\"><span class=\"ez-toc-section\" id=\"34_Fort_Radikov\"><\/span>34. Fort Rad\u00edkov<span class=\"ez-toc-section-end\"><\/span><\/h3>\n\n\n\n<figure data-wp-context=\"{&quot;imageId&quot;:&quot;6a97aa5e224f9&quot;}\" data-wp-interactive=\"core\/image\" data-wp-key=\"6a97aa5e224f9\" class=\"wp-block-image size-full wp-lightbox-container\"><img decoding=\"async\" width=\"1800\" height=\"1350\" data-wp-class--hide=\"state.isContentHidden\" data-wp-class--show=\"state.isContentVisible\" data-wp-init=\"callbacks.setButtonStyles\" data-wp-on--click=\"actions.showLightbox\" data-wp-on--load=\"callbacks.setButtonStyles\" data-wp-on--pointerdown=\"actions.preloadImage\" data-wp-on--pointerenter=\"actions.preloadImageWithDelay\" data-wp-on--pointerleave=\"actions.cancelPreload\" data-wp-on-window--resize=\"callbacks.setButtonStyles\" src=\"https:\/\/loudavymkrokem.cz\/wp-content\/uploads\/2026\/08\/olomouc-s-detmi-fort-radikov.jpg\" alt=\"Wej\u015bcie do Fortu Rad\u00edkov na obrze\u017cach O\u0142omu\u0144ca\" class=\"wp-image-401112\" title=\"\" srcset=\"https:\/\/loudavymkrokem.cz\/wp-content\/uploads\/2026\/08\/olomouc-s-detmi-fort-radikov.jpg 1800w, https:\/\/loudavymkrokem.cz\/wp-content\/uploads\/2026\/08\/olomouc-s-detmi-fort-radikov-300x225.jpg 300w, https:\/\/loudavymkrokem.cz\/wp-content\/uploads\/2026\/08\/olomouc-s-detmi-fort-radikov-700x525.jpg 700w, https:\/\/loudavymkrokem.cz\/wp-content\/uploads\/2026\/08\/olomouc-s-detmi-fort-radikov-768x576.jpg 768w, https:\/\/loudavymkrokem.cz\/wp-content\/uploads\/2026\/08\/olomouc-s-detmi-fort-radikov-1536x1152.jpg 1536w, https:\/\/loudavymkrokem.cz\/wp-content\/uploads\/2026\/08\/olomouc-s-detmi-fort-radikov-80x60.jpg 80w, https:\/\/loudavymkrokem.cz\/wp-content\/uploads\/2026\/08\/olomouc-s-detmi-fort-radikov-160x120.jpg 160w, https:\/\/loudavymkrokem.cz\/wp-content\/uploads\/2026\/08\/olomouc-s-detmi-fort-radikov-696x522.jpg 696w, https:\/\/loudavymkrokem.cz\/wp-content\/uploads\/2026\/08\/olomouc-s-detmi-fort-radikov-1392x1044.jpg 1392w\" sizes=\"(max-width: 1800px) 100vw, 1800px\" \/><button\n\t\t\tclass=\"lightbox-trigger\"\n\t\t\ttype=\"button\"\n\t\t\taria-haspopup=\"dialog\"\n\t\t\tdata-wp-bind--aria-label=\"state.thisImage.triggerButtonAriaLabel\"\n\t\t\tdata-wp-init=\"callbacks.initTriggerButton\"\n\t\t\tdata-wp-on--click=\"actions.showLightbox\"\n\t\t\tdata-wp-style--right=\"state.thisImage.buttonRight\"\n\t\t\tdata-wp-style--top=\"state.thisImage.buttonTop\"\n\t\t>\n\t\t\t<svg xmlns=\"http:\/\/www.w3.org\/2000\/svg\" width=\"12\" height=\"12\" fill=\"none\" viewBox=\"0 0 12 12\">\n\t\t\t\t<path fill=\"#fff\" d=\"M2 0a2 2 0 0 0-2 2v2h1.5V2a.5.5 0 0 1 .5-.5h2V0H2Zm2 10.5H2a.5.5 0 0 1-.5-.5V8H0v2a2 2 0 0 0 2 2h2v-1.5ZM8 12v-1.5h2a.5.5 0 0 0 .5-.5V8H12v2a2 2 0 0 1-2 2H8Zm2-12a2 2 0 0 1 2 2v2h-1.5V2a.5.5 0 0 0-.5-.5H8V0h2Z\" \/>\n\t\t\t<\/svg>\n\t\t<\/button><figcaption class=\"wp-element-caption\">Fort Rad\u00edkov na obrze\u017cach miasta, wok\u00f3\u0142 kt\u00f3rego prowadzi \u0142adny spacer po lesie<\/figcaption><\/figure>\n\n\n\n<p class=\"wp-block-paragraph\">A ostatni pomys\u0142 zabierze ci\u0119 z powrotem na same obrze\u017ca O\u0142omu\u0144ca. Je\u015bli zaciekawi\u0142a ci\u0119 Twierdza Koronna w centrum, koniecznie zajed\u017a te\u017c obejrze\u0107 Fort Rad\u00edkov (ocena 4,3), czyli jedn\u0105 z kolejnych zachowanych fortyfikacji, kt\u00f3re niegdy\u015b tworzy\u0142y przemy\u015blany pier\u015bcie\u0144 obronny wok\u00f3\u0142 miasta.<\/p>\n\n\n\n<p class=\"wp-block-paragraph\">Opr\u00f3cz samej ciekawej budowli wojskowej g\u0142\u00f3wnym wabikiem jest tu pi\u0119kna przyroda. Wok\u00f3\u0142 umocnie\u0144 prowadzi bardzo \u0142adny, nietrudny spacer po lesie, gdzie mo\u017cecie zbiera\u0107 szyszki, budowa\u0107 domki dla skrzat\u00f3w i nacieszy\u0107 si\u0119 chwil\u0105 spokoju z dala od zgie\u0142ku miasta.<\/p>\n\n\n\n<h2 class=\"wp-block-heading\"><span class=\"ez-toc-section\" id=\"Gdzie_zjesc_z_dziecmi\"><\/span>Gdzie zje\u015b\u0107 z dzie\u0107mi<span class=\"ez-toc-section-end\"><\/span><\/h2>\n\n\n\n<p class=\"wp-block-paragraph\">Jako wegetarianie z maluchem mamy wobec restauracji do\u015b\u0107 specyficzne wymagania, a w O\u0142omu\u0144cu nie mieli\u015bmy z nimi najmniejszego problemu. Jako rodzina, kt\u00f3ra nie je mi\u0119sa, mam dla ciebie pomys\u0142y na miejsca, kt\u00f3re lokalni go\u015bcie, a zw\u0142aszcza ci wegetaria\u0144scy, wynosz\u0105 w recenzjach pod niebiosa. A z pizz\u0105 z dzie\u0107mi po prostu nigdy si\u0119 nie pomylisz.<\/p>\n\n\n\n<ul class=\"wp-block-list\">\n\n<li><strong>Koza z\u016fstala cel\u00e1<\/strong> (Ml\u00fdnsk\u00e1 952): Absolutnie fantastyczna i s\u0142ynna restauracja wegetaria\u0144ska, trzymaj\u0105ca szczytow\u0105 ocen\u0119 <strong>4,8 z 517 recenzji<\/strong>. Go\u015bcie chwal\u0105 tu ogromn\u0105 kreatywno\u015b\u0107 na talerzu, a latem mo\u017cesz w dodatku posiedzie\u0107 na pi\u0119knym i spokojnym tarasie, gdzie dzieci nikomu nie b\u0119d\u0105 przeszkadza\u0107.<\/li>\n\n\n\n<li><strong>Bistro ROZMAR\u00ddNY<\/strong> (Masarykova t\u0159. 61): Kolejny czysto wegetaria\u0144ski lokal (ocena <strong>4,8 z 184<\/strong>), dzia\u0142aj\u0105cy jako bistro. To idealny wyb\u00f3r, gdy potrzebujesz poda\u0107 dzieciom szybki, ale od\u017cywczo zbilansowany i zdrowy obiad pe\u0142en warzyw i str\u0105czk\u00f3w.<\/li>\n\n\n\n<li><strong>GREEN BAR<\/strong> (Ztracen\u00e1 3): Je\u015bli g\u0142\u00f3d dopadnie ci\u0119 w \u015brodku porannej w\u0119dr\u00f3wki po centrum, uratuje ci\u0119 to miejsce (ocena 4,6 z 379). Maj\u0105 tu otwarte ju\u017c od 10 i oferuj\u0105 pyszne, a przede wszystkim szybkie jedzenie wegetaria\u0144skie w formie bufetu, wi\u0119c dok\u0142adnie widzisz, co nak\u0142adasz na talerz.<\/li>\n\n\n\n<li><strong>Kathmandu<\/strong> (Doln\u00ed n\u00e1m. 25): Lubisz odrobin\u0119 egzotyki? Ta nepalska restauracja to w O\u0142omu\u0144cu ogromny hit (fantastyczne <strong>4,7 z 1789 ocen<\/strong>). Rodzice bardzo cz\u0119sto wspominaj\u0105 o niezwykle uprzejmym personelu, kt\u00f3ry ch\u0119tnie i cierpliwie doradzi w wyborze najlepszych wegetaria\u0144skich wariant\u00f3w, by nie by\u0142y zbyt ostre i smakowa\u0142y te\u017c ma\u0142ym go\u015bciom.<\/li>\n\n\n\n<li><strong>Pizza Hradlo<\/strong> (Mr\u0161t\u00edkovo n\u00e1m. 6): Ocena 4,7 z ponad tysi\u0105ca recenzji m\u00f3wi jasno. Z dzie\u0107mi pizza to po prostu zawsze pewniak, a gdy zam\u00f3wisz klasyczn\u0105 Margherit\u0119, wszyscy b\u0119d\u0105 zadowoleni.<\/li>\n\n\n\n<li><strong>Buon Gusto<\/strong> (Velkomoravsk\u00e1 8) i <strong>La Scala<\/strong> (Masarykova t\u0159. 15): Kolejne dwie wspania\u0142e pizzerie ze znakomitymi ocenami (4,9 i 4,7). Oferuj\u0105 mn\u00f3stwo \u015bwietnych makaron\u00f3w i bezmi\u0119snych pizz, kt\u00f3re pachn\u0105 prawdziw\u0105 Itali\u0105.<\/li>\n\n\n\n<li><strong>Zmrzlin\u00e1rium Caf\u00e9 Centro<\/strong> (Na St\u0159elnici 37): \u017badna rodzinna wycieczka nie obejdzie si\u0119 bez s\u0142odkiej kropki. To miejsce ma ocen\u0119 4,7 z niemal 1700 ocen, a wed\u0142ug mieszka\u0144c\u00f3w robi\u0105 tu najlepsze desery i lody w okolicy.<\/li>\n\n\n\n<li><strong>O\u0142omunieckie tvar\u016f\u017eky<\/strong>: Na koniec nie mog\u0119 zapomnie\u0107 o lokalnej chlubie. Jedyny oryginalny czeski ser z chronionym oznaczeniem UE jest oczywi\u015bcie bez mi\u0119sa, wi\u0119c mo\u017cesz go spokojnie spr\u00f3bowa\u0107. W samym centrum znajdziesz specjalistyczny sklep. Je\u015bli na zimno b\u0119d\u0105 dla ciebie zbyt aromatyczne, spr\u00f3buj ich w jakiej\u015b knajpce sma\u017conych albo rozpuszczonych w gor\u0105cej zupie czosnkowej \u2014 podobno smakuj\u0105 wtedy zauwa\u017calnie \u0142agodniej.<\/li>\n\n\n<\/ul>\n\n\n\n<h2 class=\"wp-block-heading\"><span class=\"ez-toc-section\" id=\"Praktyczne_informacje\"><\/span>Praktyczne informacje<span class=\"ez-toc-section-end\"><\/span><\/h2>\n\n\n\n<figure data-wp-context=\"{&quot;imageId&quot;:&quot;6a97aa5e22bd4&quot;}\" data-wp-interactive=\"core\/image\" data-wp-key=\"6a97aa5e22bd4\" class=\"wp-block-image size-full wp-lightbox-container\"><img decoding=\"async\" width=\"2200\" height=\"1467\" data-wp-class--hide=\"state.isContentHidden\" data-wp-class--show=\"state.isContentVisible\" data-wp-init=\"callbacks.setButtonStyles\" data-wp-on--click=\"actions.showLightbox\" data-wp-on--load=\"callbacks.setButtonStyles\" data-wp-on--pointerdown=\"actions.preloadImage\" data-wp-on--pointerenter=\"actions.preloadImageWithDelay\" data-wp-on--pointerleave=\"actions.cancelPreload\" data-wp-on-window--resize=\"callbacks.setButtonStyles\" src=\"https:\/\/loudavymkrokem.cz\/wp-content\/uploads\/2026\/08\/olomouc-s-detmi-ulice-tramvaj.jpg\" alt=\"O\u0142omuniecka ulica z torami tramwajowymi w centrum miasta\" class=\"wp-image-401032\" title=\"\" srcset=\"https:\/\/loudavymkrokem.cz\/wp-content\/uploads\/2026\/08\/olomouc-s-detmi-ulice-tramvaj.jpg 2200w, https:\/\/loudavymkrokem.cz\/wp-content\/uploads\/2026\/08\/olomouc-s-detmi-ulice-tramvaj-300x200.jpg 300w, https:\/\/loudavymkrokem.cz\/wp-content\/uploads\/2026\/08\/olomouc-s-detmi-ulice-tramvaj-700x467.jpg 700w, https:\/\/loudavymkrokem.cz\/wp-content\/uploads\/2026\/08\/olomouc-s-detmi-ulice-tramvaj-768x512.jpg 768w, https:\/\/loudavymkrokem.cz\/wp-content\/uploads\/2026\/08\/olomouc-s-detmi-ulice-tramvaj-1536x1024.jpg 1536w, https:\/\/loudavymkrokem.cz\/wp-content\/uploads\/2026\/08\/olomouc-s-detmi-ulice-tramvaj-2048x1366.jpg 2048w, https:\/\/loudavymkrokem.cz\/wp-content\/uploads\/2026\/08\/olomouc-s-detmi-ulice-tramvaj-696x464.jpg 696w, https:\/\/loudavymkrokem.cz\/wp-content\/uploads\/2026\/08\/olomouc-s-detmi-ulice-tramvaj-1392x928.jpg 1392w, https:\/\/loudavymkrokem.cz\/wp-content\/uploads\/2026\/08\/olomouc-s-detmi-ulice-tramvaj-1920x1280.jpg 1920w\" sizes=\"(max-width: 2200px) 100vw, 2200px\" \/><button\n\t\t\tclass=\"lightbox-trigger\"\n\t\t\ttype=\"button\"\n\t\t\taria-haspopup=\"dialog\"\n\t\t\tdata-wp-bind--aria-label=\"state.thisImage.triggerButtonAriaLabel\"\n\t\t\tdata-wp-init=\"callbacks.initTriggerButton\"\n\t\t\tdata-wp-on--click=\"actions.showLightbox\"\n\t\t\tdata-wp-style--right=\"state.thisImage.buttonRight\"\n\t\t\tdata-wp-style--top=\"state.thisImage.buttonTop\"\n\t\t>\n\t\t\t<svg xmlns=\"http:\/\/www.w3.org\/2000\/svg\" width=\"12\" height=\"12\" fill=\"none\" viewBox=\"0 0 12 12\">\n\t\t\t\t<path fill=\"#fff\" d=\"M2 0a2 2 0 0 0-2 2v2h1.5V2a.5.5 0 0 1 .5-.5h2V0H2Zm2 10.5H2a.5.5 0 0 1-.5-.5V8H0v2a2 2 0 0 0 2 2h2v-1.5ZM8 12v-1.5h2a.5.5 0 0 0 .5-.5V8H12v2a2 2 0 0 1-2 2H8Zm2-12a2 2 0 0 1 2 2v2h-1.5V2a.5.5 0 0 0-.5-.5H8V0h2Z\" \/>\n\t\t\t<\/svg>\n\t\t<\/button><figcaption class=\"wp-element-caption\">Centrum to strefa piesza, wi\u0119c dobrze je\u017adzi si\u0119 tu z w\u00f3zkiem<\/figcaption><\/figure>\n\n\n\n<p class=\"wp-block-paragraph\">Zanim wyruszysz, warto zna\u0107 kilka praktycznych szczeg\u00f3\u0142\u00f3w, kt\u00f3re oszcz\u0119dz\u0105 ci sporo nerw\u00f3w i pieni\u0119dzy zaraz po przyje\u017adzie. O\u0142omuniec jest \u015bwietnie dost\u0119pny, zw\u0142aszcza je\u015bli zdecydujesz si\u0119 zostawi\u0107 auto w domu i wybierzesz poci\u0105g. Z Warszawy dojedziesz tu z jedn\u0105 przesiadk\u0105 (np. w Katowicach lub Ostrawie) w oko\u0142o 6\u20137 godzin, a z Krakowa jest jeszcze bli\u017cej. Podr\u00f3\u017c poci\u0105giem z dzie\u0107mi jest zreszt\u0105 sama w sobie o wiele spokojniejsza ni\u017c stresowanie si\u0119 w korkach na autostradzie.<\/p>\n\n\n\n<p class=\"wp-block-paragraph\">Je\u015bli chodzi o poruszanie si\u0119 po mie\u015bcie, historyczne centrum dzia\u0142a jak jedna wielka strefa piesza i jest bardzo kompaktowe, wi\u0119c bez problemu wszystko obejdziesz pieszo. Z w\u00f3zkiem je\u017adzi si\u0119 tu ca\u0142kiem dobrze i wygodnie, musisz tylko troch\u0119 uwa\u017ca\u0107 na wyboist\u0105 kostk\u0119 brukow\u0105 pokrywaj\u0105c\u0105 g\u0142\u00f3wne place, co jednak przy mniejszych bobasach mo\u017ce pos\u0142u\u017cy\u0107 jako \u015bwietny \u015brodek usypiaj\u0105cy. \u263a\ufe0f<\/p>\n\n\n\n<p class=\"wp-block-paragraph\">Je\u015bli mimo wszystko podr\u00f3\u017cujesz autem, przygotuj si\u0119 na to, \u017ce parkowanie wprost w historycznym centrum jest bardzo drogie, a miejsc parkingowych rozpaczliwie brakuje. Zdecydowanie warto poszuka\u0107 raczej kt\u00f3rego\u015b z krytych parking\u00f3w wielopoziomowych na obrze\u017cach centrum albo, jeszcze lepiej, zarezerwowa\u0107 hotel oferuj\u0105cy w\u0142asny parking dla go\u015bci. Pami\u0119taj te\u017c, \u017ce do jazdy po czeskich autostradach potrzebujesz winiety autostradowej (elektronicznej). Na dalsze miejsca \u015bwietnie dzia\u0142a niezawodna miejska komunikacja z\u0142o\u017cona z sieci tramwaj\u00f3w i autobus\u00f3w, przy czym na lubiany Svat\u00fd Kope\u010dek zawiezie ci\u0119 niezawodnie wspomniany ju\u017c <strong>autobus nr 11<\/strong> odje\u017cd\u017caj\u0105cy z dworca g\u0142\u00f3wnego.<\/p>\n\n\n\n<h2 class=\"wp-block-heading\"><span class=\"ez-toc-section\" id=\"Dokad_dalej\"><\/span>Dok\u0105d dalej<span class=\"ez-toc-section-end\"><\/span><\/h2>\n\n\n\n<p class=\"wp-block-paragraph\">Wybierasz si\u0119 na Morawy albo szukasz kolejnych pomys\u0142\u00f3w na wycieczki z dzie\u0107mi? Zajrzyj do naszych innych artyku\u0142\u00f3w:<\/p>\n\n\n\n<ul class=\"wp-block-list\">\n\n<li><a href=\"https:\/\/loudavymkrokem.cz\/pl\/olomuniec-czechy-atrakcje\/\">Co zobaczy\u0107 w O\u0142omu\u0144cu<\/a>: 14 pomys\u0142\u00f3w na zabytki, kt\u00f3re warto zobaczy\u0107 nawet bez dzieci.<\/li>\n\n\n\n<li><a href=\"https:\/\/loudavymkrokem.cz\/pl\/orea-hotel-arigone-olomuniec\/\">Recenzja OREA Hotel Arigone<\/a>: hotel w centrum z jacuzzi i saun\u0105 wprost w pokoju.<\/li>\n\n\n\n<li><a href=\"https:\/\/loudavymkrokem.cz\/pl\/aquaparki-czechy\/\">Najlepsze aquaparki w Czechach<\/a>: 13 pomys\u0142\u00f3w, dok\u0105d wyruszy\u0107 z dzie\u0107mi po wodne szale\u0144stwo.<\/li>\n\n\n\n<li><a href=\"https:\/\/loudavymkrokem.cz\/pl\/morawy-czechy-atrakcje\/\">Dok\u0105d na wakacje na \u015brodkowe Morawy<\/a>: 15 pomys\u0142\u00f3w na Han\u0119 i Wo\u0142oszczyzn\u0119.<\/li>\n\n\n\n<li><a href=\"https:\/\/loudavymkrokem.cz\/pl\/pisek-czechy-z-dziecmi\/\">P\u00edsek z dzie\u0107mi<\/a>: kolejne kompaktowe czeskie miasto, gdzie dzieci si\u0119 nie nudz\u0105.<\/li>\n\n\n<\/ul>\n\n\n\n<h2 class=\"wp-block-heading\"><span class=\"ez-toc-section\" id=\"Najczesciej_zadawane_pytania\"><\/span>Najcz\u0119\u015bciej zadawane pytania<span class=\"ez-toc-section-end\"><\/span><\/h2>\n\n\n\n<p class=\"wp-block-paragraph\">Na koniec zebra\u0142am pytania, kt\u00f3re rodzice przed podr\u00f3\u017c\u0105 do O\u0142omu\u0144ca zadaj\u0105 najcz\u0119\u015bciej. <strong>Ceny i godziny otwarcia si\u0119 jednak zmieniaj\u0105, wi\u0119c przed wyjazdem lepiej je jeszcze sprawd\u017a.<\/strong><\/p>\n\n\n<div id=\"rank-math-faq\" class=\"rank-math-block\">\n<div class=\"rank-math-list \">\n<div id=\"faq-question-1787773774000\" class=\"rank-math-list-item\">\n<h3 class=\"rank-math-question \"><span class=\"ez-toc-section\" id=\"Gdzie_wybrac_sie_w_Olomuncu_z_dziecmi_gdy_pada_deszcz\"><\/span>Gdzie wybra\u0107 si\u0119 w O\u0142omu\u0144cu z dzie\u0107mi, gdy pada deszcz?<span class=\"ez-toc-section-end\"><\/span><\/h3>\n<div class=\"rank-math-answer \">\n\n<p>O\u0142omuniec jest \u015bwietnie przygotowany na deszcz. Najwi\u0119kszym hitem jest interaktywne centrum nauki Pevnost pozn\u00e1n\u00ed w Korunn\u00ed pevn\u016fstce, dla mniejszych dzieci polecam pi\u0119kne kawiarnie z k\u0105cikami zabaw w samym centrum (J\u00e1S\u00e1m lub montessoria\u0144ski k\u0105cik zabaw V lese). Starsze dzieci wy\u017cyj\u0105 si\u0119 przez d\u0142ugie godziny w ogromnym parku rozrywki Krokod\u00fdlek lub w Amazonii.<\/p>\n\n<\/div>\n<\/div>\n<div id=\"faq-question-1787773774001\" class=\"rank-math-list-item\">\n<h3 class=\"rank-math-question \"><span class=\"ez-toc-section\" id=\"Ile_kosztuje_ZOO_Olomouc\"><\/span>Ile kosztuje ZOO Olomouc?<span class=\"ez-toc-section-end\"><\/span><\/h3>\n<div class=\"rank-math-answer \">\n\n<p>Ceny w ZOO na Svat\u00e9m Kope\u010dku r\u00f3\u017cni\u0105 si\u0119 w zale\u017cno\u015bci od aktualnego sezonu. W g\u0142\u00f3wnym (od marca do pa\u017adziernika) doro\u015bli p\u0142ac\u0105 30 z\u0142 (180 K\u010d), bilet ulgowy dla dzieci i student\u00f3w to 23 z\u0142 (140 K\u010d). Poza sezonem (od listopada do lutego) ceny wynosz\u0105 25 z\u0142 (150 K\u010d) i 20 z\u0142 (120 K\u010d). Dzieci do 3 lat maj\u0105 zawsze wst\u0119p ca\u0142kowicie bezp\u0142atny, a bilet rodzinny dla dw\u00f3ch doros\u0142ych i dw\u00f3jki dzieci kosztuje korzystnie 100 z\u0142 (600 K\u010d).<\/p>\n\n<\/div>\n<\/div>\n<div id=\"faq-question-1787773774002\" class=\"rank-math-list-item\">\n<h3 class=\"rank-math-question \"><span class=\"ez-toc-section\" id=\"Jak_dostac_sie_na_Svaty_Kopecek\"><\/span>Jak dosta\u0107 si\u0119 na Svat\u00fd Kope\u010dek?<span class=\"ez-toc-section-end\"><\/span><\/h3>\n<div class=\"rank-math-answer \">\n\n<p>Naj\u0142atwiejszy i najwygodniejszy spos\u00f3b to skorzystanie z komunikacji miejskiej. Z g\u0142\u00f3wnego dworca kolejowego w O\u0142omu\u0144cu (konkretnie z przystanku D) regularnie kursuje autobus numer 11. Po\u0142\u0105czenia s\u0105 dost\u0119pne w doskona\u0142ych 10-15 minutowych odst\u0119pach, sama podr\u00f3\u017c trwa oko\u0142o 20 minut, a od przystanku na wzg\u00f3rzu dojdziesz do ZOO pieszo w nieca\u0142e dziesi\u0119\u0107 minut.<\/p>\n\n<\/div>\n<\/div>\n<div id=\"faq-question-1787773774003\" class=\"rank-math-list-item\">\n<h3 class=\"rank-math-question \"><span class=\"ez-toc-section\" id=\"Czy_Olomuniec_jest_odpowiedni_dla_wozkow_dzieciecych\"><\/span>Czy O\u0142omuniec jest odpowiedni dla w\u00f3zk\u00f3w dzieci\u0119cych?<span class=\"ez-toc-section-end\"><\/span><\/h3>\n<div class=\"rank-math-answer \">\n\n<p>Tak, bardzo. Ca\u0142e historyczne centrum to w\u0142a\u015bciwie jedna wielka zwarta strefa piesza, wi\u0119c nie musisz ci\u0105gle unika\u0107 samochod\u00f3w. Jedyn\u0105 przeszkod\u0105 dla ma\u0142ych k\u00f3\u0142ek mog\u0105 by\u0107 kocio\u0142 kamienie i kostka brukowa na g\u0142\u00f3wnych placach. Spacery z w\u00f3zkiem s\u0105 natomiast absolutnie idealne w rozleg\u0142ych i p\u0142askich miejskich parkach, takich jak Smetanovy sady czy pi\u0119kne Roz\u00e1rium.<\/p>\n\n<\/div>\n<\/div>\n<div id=\"faq-question-1787773774004\" class=\"rank-math-list-item\">\n<h3 class=\"rank-math-question \"><span class=\"ez-toc-section\" id=\"Gdzie_w_Olomuncu_z_dziecmi_za_darmo\"><\/span>Gdzie w O\u0142omu\u0144cu z dzie\u0107mi za darmo?<span class=\"ez-toc-section-end\"><\/span><\/h3>\n<div class=\"rank-math-answer \">\n\n<p>Ca\u0142kowicie bez p\u0142acenia mo\u017cecie cieszy\u0107 si\u0119 poszukiwaniem wszystkich barokowych fontann w centrum miasta, poczeka\u0107 na po\u0142udniowe wybijanie s\u0142ynnego zegara orloj na ratuszu lub szuka\u0107 ogromnych kolorowych murali i street artu na fasadach dom\u00f3w. Wolny dost\u0119p maj\u0105 r\u00f3wnie\u017c wszystkie rozleg\u0142e parki miejskie, w tym pi\u0119kne Roz\u00e1rium i Bezru\u010dovy sady pod murami.<\/p>\n\n<\/div>\n<\/div>\n<div id=\"faq-question-1787773774005\" class=\"rank-math-list-item\">\n<h3 class=\"rank-math-question \"><span class=\"ez-toc-section\" id=\"Ile_dni_potrzebujemy_na_Olomuniec_z_dziecmi\"><\/span>Ile dni potrzebujemy na O\u0142omuniec z dzie\u0107mi?<span class=\"ez-toc-section-end\"><\/span><\/h3>\n<div class=\"rank-math-answer \">\n\n<p>Historyczne centrum miasta ze wszystkimi fontannami i orlojem spokojnie zwiedzicie w ci\u0105gu jednego dnia. Je\u015bli jednak chcecie po\u0142\u0105czy\u0107 wizyt\u0119 z p\u00f3\u0142dniow\u0105 wycieczk\u0105 na Svat\u00fd Kope\u010dek do ZOO, wizyt\u0105 w Pevnosti pozn\u00e1n\u00ed lub k\u0105piel\u0105 w aquaparku, idealny czas na wizyt\u0119 to 2-3 dni, czyli doskona\u0142y przed\u0142u\u017cony weekend.<\/p>\n\n<\/div>\n<\/div>\n<div id=\"faq-question-1787773774006\" class=\"rank-math-list-item\">\n<h3 class=\"rank-math-question \"><span class=\"ez-toc-section\" id=\"Gdzie_wybrac_sie_na_wycieczke_z_Olomunca_z_dziecmi\"><\/span>Gdzie wybra\u0107 si\u0119 na wycieczk\u0119 z O\u0142omu\u0144ca z dzie\u0107mi?<span class=\"ez-toc-section-end\"><\/span><\/h3>\n<div class=\"rank-math-answer \">\n\n<p>Je\u015bli macie samoch\u00f3d, w promieniu oko\u0142o 45 minut jazdy od O\u0142omu\u0144ca znajdziecie mn\u00f3stwo pi\u0119knych miejsc. Ogromnym hitem jest DinoPark oraz ZOO Park Vy\u0161kov, w poszukiwaniu historii mo\u017cecie wybra\u0107 si\u0119 na ba\u015bniowy zamek Bouzov, a chc\u0105c zwiedzi\u0107 podziemia \u2014 do kr\u00f3tszych i mniej wymagaj\u0105cych Jaski\u0144 Mlade\u010dskich. Dla mniejszych dzieci fantastyczne jest r\u00f3wnie\u017c Muzeum Dzieci\u0119ce Prad\u011bda w Bludovie.<\/p>\n\n<\/div>\n<\/div>\n<div id=\"faq-question-1787773774007\" class=\"rank-math-list-item\">\n<h3 class=\"rank-math-question \"><span class=\"ez-toc-section\" id=\"Jak_daleko_jest_DinoPark_Vyskov_z_Olomunca\"><\/span>Jak daleko jest DinoPark Vy\u0161kov z O\u0142omu\u0144ca?<span class=\"ez-toc-section-end\"><\/span><\/h3>\n<div class=\"rank-math-answer \">\n\n<p>DinoPark i ZOO Park w Vy\u0161kov\u011b znajduj\u0105 si\u0119 oko\u0142o 45 kilometr\u00f3w od O\u0142omu\u0144ca. Podr\u00f3\u017c samochodem autostrad\u0105 zajmie wam oko\u0142o p\u00f3\u0142 godziny, wi\u0119c jest to absolutnie idealny i nieskomplikowany cel na \u015bwietn\u0105 p\u00f3\u0142dniow\u0105 rodzinn\u0105 wycieczk\u0119.<\/p>\n\n<\/div>\n<\/div>\n<\/div>\n<\/div>","protected":false},"excerpt":{"rendered":"<p>Sale zabaw wprost na G\u00f3rnym Rynku, Twierdza Poznania, zoo na Svat\u00fdm Kope\u010dku i DinoPark w Vy\u0161kovie. 34 pomys\u0142y, dok\u0105d w O\u0142omu\u0144cu z dzie\u0107mi przy \u0142adnej pogodzie i gdy pada, z cenami i godzinami otwarcia.<\/p>\n","protected":false},"author":3,"featured_media":401014,"comment_status":"open","ping_status":"open","sticky":false,"template":"","format":"standard","meta":{"_acf_changed":false,"footnotes":"","rank_math_title":"O\u0142omuniec z dzie\u0107mi: 34 atrakcje (Czechy) 2026","rank_math_description":"O\u0142omuniec (Czechy) z dzie\u0107mi: 34 pomys\u0142y na atrakcje przy ka\u017cdej pogodzie \u2014 zoo, Twierdza Poznania, DinoPark, sale zabaw. Sprawd\u017a ceny i zaplanuj wyjazd!","rank_math_focus_keyword":"o\u0142omuniec czechy","rank_math_seo_score":""},"categories":[275,267,740],"tags":[],"class_list":["post-409960","post","type-post","status-publish","format-standard","has-post-thumbnail","category-czechy","category-europa","category-podroze"],"acf":[],"featured_image_src":"https:\/\/loudavymkrokem.cz\/wp-content\/uploads\/2026\/08\/olomouc-s-detmi-mural-prujezd.jpg","author_info":{"display_name":"Lucie Kone\u010dn\u00e1","author_link":"https:\/\/loudavymkrokem.cz\/pl\/author\/lucie-konecna\/"},"_links":{"self":[{"href":"https:\/\/loudavymkrokem.cz\/pl\/wp-json\/wp\/v2\/posts\/409960","targetHints":{"allow":["GET"]}}],"collection":[{"href":"https:\/\/loudavymkrokem.cz\/pl\/wp-json\/wp\/v2\/posts"}],"about":[{"href":"https:\/\/loudavymkrokem.cz\/pl\/wp-json\/wp\/v2\/types\/post"}],"author":[{"embeddable":true,"href":"https:\/\/loudavymkrokem.cz\/pl\/wp-json\/wp\/v2\/users\/3"}],"replies":[{"embeddable":true,"href":"https:\/\/loudavymkrokem.cz\/pl\/wp-json\/wp\/v2\/comments?post=409960"}],"version-history":[{"count":0,"href":"https:\/\/loudavymkrokem.cz\/pl\/wp-json\/wp\/v2\/posts\/409960\/revisions"}],"wp:featuredmedia":[{"embeddable":true,"href":"https:\/\/loudavymkrokem.cz\/pl\/wp-json\/wp\/v2\/media\/401014"}],"wp:attachment":[{"href":"https:\/\/loudavymkrokem.cz\/pl\/wp-json\/wp\/v2\/media?parent=409960"}],"wp:term":[{"taxonomy":"category","embeddable":true,"href":"https:\/\/loudavymkrokem.cz\/pl\/wp-json\/wp\/v2\/categories?post=409960"},{"taxonomy":"post_tag","embeddable":true,"href":"https:\/\/loudavymkrokem.cz\/pl\/wp-json\/wp\/v2\/tags?post=409960"}],"curies":[{"name":"wp","href":"https:\/\/api.w.org\/{rel}","templated":true}]}}