{"id":409454,"date":"2026-08-25T20:45:06","date_gmt":"2026-08-25T18:45:06","guid":{"rendered":"https:\/\/loudavymkrokem.cz\/dc-8-amazonia-ostatnia-podroz\/"},"modified":"2026-09-01T06:38:57","modified_gmt":"2026-09-01T04:38:57","slug":"dc-8-amazonia-ostatnia-podroz","status":"publish","type":"post","link":"https:\/\/loudavymkrokem.cz\/pl\/dc-8-amazonia-ostatnia-podroz\/","title":{"rendered":"DC-8 Air New Zealand po 20 latach w Amazonii rusza w ostatni\u0105 podr\u00f3\u017c do domu"},"content":{"rendered":"<p>Samolot o rejestracji ZK-NZC to jedyny zachowany egzemplarz z o\u015bmiu maszyn DC-8, kt\u00f3re kiedy\u015b tworzy\u0142y dalekodystansow\u0105 flot\u0119 Air New Zealand \u2014 i przez ostatnie dwie dekady niszcza\u0142 na lotnisku w sercu Amazonii, pisze <a href=\"https:\/\/www.nttmuseumwanaka.co.nz\/blog\/bring-our-birds-home\" target=\"_blank\" rel=\"noreferrer noopener nofollow\">National Transport and Toy Museum W\u0101naka<\/a>. Zbudowa\u0142a go fabryka Douglas w kalifornijskim Long Beach, a linia lotnicza przej\u0119\u0142a go we wrze\u015bniu 1965 roku.<\/p>\n<p>Air New Zealand wycofa\u0142a maszyn\u0119 z eksploatacji w 1981 roku. P\u00f3\u017aniej zmienia\u0142a ona w\u0142a\u015bcicieli, a\u017c trafi\u0142a do brazylijskiego przewo\u017anika cargo TCB, kt\u00f3ry zako\u0144czy\u0142 dzia\u0142alno\u015b\u0107 w 2006 roku. Od tamtej pory samolot niszcza\u0142 na lotnisku Manaus-Eduardo Gomes.<\/p>\n<div id=\"ez-toc-container\" class=\"ez-toc-v2_0_86 ez-toc-wrap-left counter-hierarchy ez-toc-counter ez-toc-grey ez-toc-container-direction\">\n<div class=\"ez-toc-title-container\">\n<p class=\"ez-toc-title\" style=\"cursor:inherit\">Tre\u015b\u0107 artyku\u0142u<\/p>\n<span class=\"ez-toc-title-toggle\"><a href=\"#\" class=\"ez-toc-pull-right ez-toc-btn ez-toc-btn-xs ez-toc-btn-default ez-toc-toggle\" aria-label=\"Prze\u0142\u0105cznik Spisu Tre\u015bci\"><span class=\"ez-toc-js-icon-con\"><span class=\"\"><span class=\"eztoc-hide\" style=\"display:none;\">Toggle<\/span><span class=\"ez-toc-icon-toggle-span\"><svg style=\"fill: #999;color:#999\" xmlns=\"http:\/\/www.w3.org\/2000\/svg\" class=\"list-377408\" width=\"20px\" height=\"20px\" viewBox=\"0 0 24 24\" fill=\"none\"><path d=\"M6 6H4v2h2V6zm14 0H8v2h12V6zM4 11h2v2H4v-2zm16 0H8v2h12v-2zM4 16h2v2H4v-2zm16 0H8v2h12v-2z\" fill=\"currentColor\"><\/path><\/svg><svg style=\"fill: #999;color:#999\" class=\"arrow-unsorted-368013\" xmlns=\"http:\/\/www.w3.org\/2000\/svg\" width=\"10px\" height=\"10px\" viewBox=\"0 0 24 24\" version=\"1.2\" baseProfile=\"tiny\"><path d=\"M18.2 9.3l-6.2-6.3-6.2 6.3c-.2.2-.3.4-.3.7s.1.5.3.7c.2.2.4.3.7.3h11c.3 0 .5-.1.7-.3.2-.2.3-.5.3-.7s-.1-.5-.3-.7zM5.8 14.7l6.2 6.3 6.2-6.3c.2-.2.3-.5.3-.7s-.1-.5-.3-.7c-.2-.2-.4-.3-.7-.3h-11c-.3 0-.5.1-.7.3-.2.2-.3.5-.3.7s.1.5.3.7z\"\/><\/svg><\/span><\/span><\/span><\/a><\/span><\/div>\n<nav><ul class='ez-toc-list ez-toc-list-level-1 ' ><li class='ez-toc-page-1 ez-toc-heading-level-2'><a class=\"ez-toc-link ez-toc-heading-1\" href=\"https:\/\/loudavymkrokem.cz\/pl\/dc-8-amazonia-ostatnia-podroz\/#Legenda_ktora_wozila_krolowa\" >Legenda, kt\u00f3ra wozi\u0142a kr\u00f3low\u0105<\/a><\/li><li class='ez-toc-page-1 ez-toc-heading-level-2'><a class=\"ez-toc-link ez-toc-heading-2\" href=\"https:\/\/loudavymkrokem.cz\/pl\/dc-8-amazonia-ostatnia-podroz\/#Droga_do_domu_przez_ocean\" >Droga do domu przez ocean<\/a><\/li><li class='ez-toc-page-1 ez-toc-heading-level-2'><a class=\"ez-toc-link ez-toc-heading-3\" href=\"https:\/\/loudavymkrokem.cz\/pl\/dc-8-amazonia-ostatnia-podroz\/#Co_to_oznacza_w_praktyce\" >Co to oznacza w praktyce<\/a><\/li><\/ul><\/nav><\/div>\n<h2><span class=\"ez-toc-section\" id=\"Legenda_ktora_wozila_krolowa\"><\/span>Legenda, kt\u00f3ra wozi\u0142a kr\u00f3low\u0105<span class=\"ez-toc-section-end\"><\/span><\/h2>\n<p>Ta konkretna maszyna ma na koncie historyczny lot. <strong>30 stycznia 1974 roku<\/strong> przewioz\u0142a kr\u00f3low\u0105 El\u017cbiet\u0119 II, ksi\u0119\u017cniczk\u0119 Ann\u0119 oraz Marka Phillipsa z Rarotongi do Christchurch, pisze <a href=\"https:\/\/www.odt.co.nz\/regions\/wanaka\/w%C4%81naka-final-resting-place-iconic-aircraft\" target=\"_blank\" rel=\"noreferrer noopener nofollow\">Otago Daily Times<\/a>. Kilka dni p\u00f3\u017aniej kr\u00f3lowa otwiera\u0142a Igrzyska Wsp\u00f3lnoty Narod\u00f3w w parku QEII w Christchurch.<\/p>\n<p>Wed\u0142ug za\u0142o\u017cyciela fundacji Bring Our Birds Home, Paula Brennana, to w\u0142a\u015bnie ten typ samolotu odegra\u0142 kluczow\u0105 rol\u0119 w przekszta\u0142ceniu Air New Zealand w pe\u0142noprawn\u0105 mi\u0119dzynarodow\u0105 lini\u0119 lotnicz\u0105, podaje <a href=\"https:\/\/www.odt.co.nz\/star-news\/star-christchurch\/iconic-dc-8-heading-back-home\" target=\"_blank\" rel=\"noreferrer noopener nofollow\">Otago Daily Times<\/a>.<\/p>\n<h2><span class=\"ez-toc-section\" id=\"Droga_do_domu_przez_ocean\"><\/span>Droga do domu przez ocean<span class=\"ez-toc-section-end\"><\/span><\/h2>\n<p>Demonta\u017c samolotu ma si\u0119 rozpocz\u0105\u0107 <strong>1 wrze\u015bnia 2026 roku<\/strong>. Maszyna zostanie poci\u0119ta na sekcje (kad\u0142ub, skrzyd\u0142a podzielone tak, by zmie\u015bci\u0142y si\u0119 w kontenerach, oraz usterzenie ogonowe) i drog\u0105 morsk\u0105 przewieziona do portu <strong>Timaru<\/strong> na Wyspie Po\u0142udniowej.<\/p>\n<p>Powinna tam dotrze\u0107 jeszcze w tym roku, pisz\u0105 brazylijskie media <a href=\"https:\/\/aerojota.com.br\/dc-8-abandonado-manaus-nova-zelandia\/\" target=\"_blank\" rel=\"noreferrer noopener nofollow\">AeroJota<\/a> oraz <a href=\"https:\/\/www.rondoniaovivo.com\/noticia\/geral\/2026\/08\/13\/fim-do-abandono-dc-8-que-esta-ha-duas-decadas-em-manaus-vai-de-navio-para-a-nova-zelandia.html\" target=\"_blank\" rel=\"noreferrer noopener nofollow\">Rond\u00f4nia ao Vivo<\/a>.<\/p>\n<p>Pusty DC-8-52 wa\u017cy oko\u0142o 60 ton, ma 45,9 metra d\u0142ugo\u015bci i rozpi\u0119to\u015b\u0107 skrzyde\u0142 wynosz\u0105c\u0105 43,4 metra. Wed\u0142ug tego samego \u017ar\u00f3d\u0142a w logistyce bior\u0105 udzia\u0142 operator lotniska VINCI Airports oraz firma Freightplus, specjalizuj\u0105ca si\u0119 w ci\u0119\u017ckim \u0142adunku mi\u0119dzynarodowym.<\/p>\n<p>Koszty pokrywaj\u0105 anonimowi darczy\u0144cy. Fundacja Bring Our Birds Home dodatkowo od dziewi\u0119ciu lat zbiera pieni\u0105dze na portalu <a href=\"https:\/\/givealittle.co.nz\/cause\/bringourbirdshome\" target=\"_blank\" rel=\"noreferrer noopener nofollow\">Givealittle<\/a> i do sierpnia 2026 roku od 467 darczy\u0144c\u00f3w zebra\u0142a <strong>40 035 NZD<\/strong>.<\/p>\n<h2><span class=\"ez-toc-section\" id=\"Co_to_oznacza_w_praktyce\"><\/span>Co to oznacza w praktyce<span class=\"ez-toc-section-end\"><\/span><\/h2>\n<p>Je\u015bli planujesz podr\u00f3\u017c na Wysp\u0119 Po\u0142udniow\u0105 Nowej Zelandii, to po zako\u0144czeniu renowacji zobaczysz ten kawa\u0142ek lotniczej historii w <strong>National Transport and Toy Museum we W\u0101nace<\/strong>. Muzeum le\u017cy tu\u017c przy lotnisku i jest normalnie dost\u0119pne dla zwiedzaj\u0105cych.<\/p>\n<p>Post\u0119py demonta\u017cu i rejsu mo\u017cna \u015bledzi\u0107 tak\u017ce online. Fundacja na bie\u017c\u0105co dokumentuje je w ramach kampanii na Givealittle oraz w mediach spo\u0142eczno\u015bciowych.<\/p>\n<p>Na loty do Brazylii ani na funkcjonowanie lotniska w Manaus ca\u0142a ta akcja nie ma \u017cadnego wp\u0142ywu. Chodzi bowiem wy\u0142\u0105cznie o jednorazowy wyw\u00f3z wycofanego z eksploatacji p\u0142atowca.<\/p>\n<p>Kto dopiero szykuje wypraw\u0119 do Nowej Zelandii, niech we\u017amie pod uwag\u0119, \u017ce samolot powinien dotrze\u0107 do Timaru <strong>do ko\u0144ca 2026 roku<\/strong>, a do muzeum we W\u0101nace trafi dopiero po dalszej renowacji.<\/p>\n\n\n<!-- LKM_GYG_CARD start q=\"cestu domu\" lang=\"pl\" rendered=\"2026-09-01T04:38:35+00:00\" v=\"1\" -->\n\n<!-- LKM_GYG_CARD end -->\n","protected":false},"excerpt":{"rendered":"<p>Jedyny zachowany Douglas DC-8 z floty Air New Zealand przez dwadzie\u015bcia lat niszcza\u0142 na lotnisku w Amazonii. Od 1 wrze\u015bnia 2026 roku zostanie rozebrany i drog\u0105 morsk\u0105 przewieziony do Nowej Zelandii, gdzie trafi do muzeum we W\u0101nace. Kiedy\u015b wozi\u0142 nawet kr\u00f3low\u0105 El\u017cbiet\u0119 II.<\/p>\n","protected":false},"author":2,"featured_media":396130,"comment_status":"open","ping_status":"open","sticky":false,"template":"","format":"standard","meta":{"_acf_changed":false,"footnotes":"","rank_math_title":"DC-8 z Amazonii wraca do domu po 20 latach","rank_math_description":"Zabytkowy DC-8 przez 20 lat niszcza\u0142 na lotnisku w Amazonii. Poznaj histori\u0119 samolotu, kt\u00f3ry wozi\u0142 kr\u00f3low\u0105, i \u015bled\u017a jego ostatni\u0105 podr\u00f3\u017c do Nowej Zelandii.","rank_math_focus_keyword":"amazonia","rank_math_seo_score":""},"categories":[740],"tags":[],"class_list":["post-409454","post","type-post","status-publish","format-standard","has-post-thumbnail","category-podroze"],"acf":[],"featured_image_src":"https:\/\/loudavymkrokem.cz\/wp-content\/uploads\/2026\/08\/abandoned-dc-8-aircraft-tarmac.jpg","author_info":{"display_name":"Luk\u00e1\u0161 Kone\u010dn\u00fd","author_link":"https:\/\/loudavymkrokem.cz\/pl\/author\/lukas-konecny\/"},"_links":{"self":[{"href":"https:\/\/loudavymkrokem.cz\/pl\/wp-json\/wp\/v2\/posts\/409454","targetHints":{"allow":["GET"]}}],"collection":[{"href":"https:\/\/loudavymkrokem.cz\/pl\/wp-json\/wp\/v2\/posts"}],"about":[{"href":"https:\/\/loudavymkrokem.cz\/pl\/wp-json\/wp\/v2\/types\/post"}],"author":[{"embeddable":true,"href":"https:\/\/loudavymkrokem.cz\/pl\/wp-json\/wp\/v2\/users\/2"}],"replies":[{"embeddable":true,"href":"https:\/\/loudavymkrokem.cz\/pl\/wp-json\/wp\/v2\/comments?post=409454"}],"version-history":[{"count":1,"href":"https:\/\/loudavymkrokem.cz\/pl\/wp-json\/wp\/v2\/posts\/409454\/revisions"}],"predecessor-version":[{"id":411592,"href":"https:\/\/loudavymkrokem.cz\/pl\/wp-json\/wp\/v2\/posts\/409454\/revisions\/411592"}],"wp:featuredmedia":[{"embeddable":true,"href":"https:\/\/loudavymkrokem.cz\/pl\/wp-json\/wp\/v2\/media\/396130"}],"wp:attachment":[{"href":"https:\/\/loudavymkrokem.cz\/pl\/wp-json\/wp\/v2\/media?parent=409454"}],"wp:term":[{"taxonomy":"category","embeddable":true,"href":"https:\/\/loudavymkrokem.cz\/pl\/wp-json\/wp\/v2\/categories?post=409454"},{"taxonomy":"post_tag","embeddable":true,"href":"https:\/\/loudavymkrokem.cz\/pl\/wp-json\/wp\/v2\/tags?post=409454"}],"curies":[{"name":"wp","href":"https:\/\/api.w.org\/{rel}","templated":true}]}}