{"id":409434,"date":"2026-08-27T20:49:13","date_gmt":"2026-08-27T18:49:13","guid":{"rendered":"https:\/\/loudavymkrokem.cz\/salzburg-austria-filmowe-lokacje\/"},"modified":"2026-09-01T06:33:29","modified_gmt":"2026-09-01T04:33:29","slug":"salzburg-austria-filmowe-lokacje","status":"publish","type":"post","link":"https:\/\/loudavymkrokem.cz\/pl\/salzburg-austria-filmowe-lokacje\/","title":{"rendered":"D\u017awi\u0119ki muzyki: 11 filmowych lokacji w Salzburgu w Austrii (2026)"},"content":{"rendered":"\n<p class=\"wp-block-paragraph\">Je\u015bli wybierasz si\u0119 odkrywa\u0107 uroki Salzburga w Austrii i nie mo\u017cesz si\u0119 doczeka\u0107 miejsc z legendarnego filmu \u201eD\u017awi\u0119ki muzyki&#8221;, musz\u0119 ci\u0119 na wst\u0119pie troch\u0119 zaskoczy\u0107. <strong>S\u0142ynna willa rodziny von Trapp z filmu w og\u00f3le nie istnieje<\/strong>. Filmowcy posk\u0142adali ten okaza\u0142y dom a\u017c z dw\u00f3ch r\u00f3\u017cnych zamk\u00f3w, a wszystkie sceny wn\u0119trz nakr\u0119cili dodatkowo w hollywoodzkich studiach. Mimo to poszukiwanie tych filmowych \u015blad\u00f3w po mie\u015bcie ca\u0142kowicie ci\u0119 poch\u0142onie.<\/p>\n\n\n\n<p class=\"wp-block-paragraph\">Jeszcze wi\u0119kszy szok czeka ci\u0119 jednak przy samym zako\u0144czeniu historii. Pami\u0119tasz t\u0119 dramatyczn\u0105 <strong>ucieczk\u0119 rodziny przez alpejskie grzbiety do Szwajcarii<\/strong>? To by\u0142a czysta hollywoodzka fantazja, bo w rzeczywisto\u015bci ta trasa zaprowadzi\u0142aby ich prosto do nazistowskich Niemiec. Prawdziwa rodzina von Trapp po prostu spakowa\u0142a walizki, dosz\u0142a na pobliski dworzec kolejowy w Aigen i <strong>wygodnie odjecha\u0142a poci\u0105giem w bezpieczne miejsce<\/strong>.<\/p>\n\n\n\n<p class=\"wp-block-paragraph\">Salzburg to po prostu miasto, w kt\u00f3rym <strong>historyczna rzeczywisto\u015b\u0107 nieustannie przeplata si\u0119 z filmow\u0105 magi\u0105<\/strong>. A gdy tylko zaczniesz st\u0105pa\u0107 po jego bruku i szuka\u0107 w\u0142a\u015bciwych dom\u00f3w, bram i altan, przekonasz si\u0119, \u017ce to napi\u0119cie mi\u0119dzy mitem a prawd\u0105 jest w\u0142a\u015bciwie tym, co ma ci najlepszego do zaoferowania.<\/p>\n\n\n\n<figure data-wp-context=\"{&quot;imageId&quot;:&quot;6a96697981d30&quot;}\" data-wp-interactive=\"core\/image\" data-wp-key=\"6a96697981d30\" class=\"wp-block-image size-full wp-lightbox-container\"><img decoding=\"async\" width=\"1200\" height=\"800\" data-wp-class--hide=\"state.isContentHidden\" data-wp-class--show=\"state.isContentVisible\" data-wp-init=\"callbacks.setButtonStyles\" data-wp-on--click=\"actions.showLightbox\" data-wp-on--load=\"callbacks.setButtonStyles\" data-wp-on--pointerdown=\"actions.preloadImage\" data-wp-on--pointerenter=\"actions.preloadImageWithDelay\" data-wp-on--pointerleave=\"actions.cancelPreload\" data-wp-on-window--resize=\"callbacks.setButtonStyles\" src=\"https:\/\/loudavymkrokem.cz\/wp-content\/uploads\/2025\/05\/co-videt-v-salzburgu-54.jpg\" alt=\"Stare Miasto w Salzburgu pod twierdz\u0105 Hohensalzburg\" class=\"wp-image-96659\" title=\"\" srcset=\"https:\/\/loudavymkrokem.cz\/wp-content\/uploads\/2025\/05\/co-videt-v-salzburgu-54.jpg 1200w, https:\/\/loudavymkrokem.cz\/wp-content\/uploads\/2025\/05\/co-videt-v-salzburgu-54-300x200.jpg 300w, https:\/\/loudavymkrokem.cz\/wp-content\/uploads\/2025\/05\/co-videt-v-salzburgu-54-700x467.jpg 700w, https:\/\/loudavymkrokem.cz\/wp-content\/uploads\/2025\/05\/co-videt-v-salzburgu-54-768x512.jpg 768w, https:\/\/loudavymkrokem.cz\/wp-content\/uploads\/2025\/05\/co-videt-v-salzburgu-54-696x464.jpg 696w\" sizes=\"(max-width: 1200px) 100vw, 1200px\" \/><button\n\t\t\tclass=\"lightbox-trigger\"\n\t\t\ttype=\"button\"\n\t\t\taria-haspopup=\"dialog\"\n\t\t\tdata-wp-bind--aria-label=\"state.thisImage.triggerButtonAriaLabel\"\n\t\t\tdata-wp-init=\"callbacks.initTriggerButton\"\n\t\t\tdata-wp-on--click=\"actions.showLightbox\"\n\t\t\tdata-wp-style--right=\"state.thisImage.buttonRight\"\n\t\t\tdata-wp-style--top=\"state.thisImage.buttonTop\"\n\t\t>\n\t\t\t<svg xmlns=\"http:\/\/www.w3.org\/2000\/svg\" width=\"12\" height=\"12\" fill=\"none\" viewBox=\"0 0 12 12\">\n\t\t\t\t<path fill=\"#fff\" d=\"M2 0a2 2 0 0 0-2 2v2h1.5V2a.5.5 0 0 1 .5-.5h2V0H2Zm2 10.5H2a.5.5 0 0 1-.5-.5V8H0v2a2 2 0 0 0 2 2h2v-1.5ZM8 12v-1.5h2a.5.5 0 0 0 .5-.5V8H12v2a2 2 0 0 1-2 2H8Zm2-12a2 2 0 0 1 2 2v2h-1.5V2a.5.5 0 0 0-.5-.5H8V0h2Z\" \/>\n\t\t\t<\/svg>\n\t\t<\/button><\/figure>\n\n\n\n<div id=\"ez-toc-container\" class=\"ez-toc-v2_0_86 ez-toc-wrap-left counter-hierarchy ez-toc-counter ez-toc-grey ez-toc-container-direction\">\n<div class=\"ez-toc-title-container\">\n<p class=\"ez-toc-title\" style=\"cursor:inherit\">Tre\u015b\u0107 artyku\u0142u<\/p>\n<span class=\"ez-toc-title-toggle\"><a href=\"#\" class=\"ez-toc-pull-right ez-toc-btn ez-toc-btn-xs ez-toc-btn-default ez-toc-toggle\" aria-label=\"Prze\u0142\u0105cznik Spisu Tre\u015bci\"><span class=\"ez-toc-js-icon-con\"><span class=\"\"><span class=\"eztoc-hide\" style=\"display:none;\">Toggle<\/span><span class=\"ez-toc-icon-toggle-span\"><svg style=\"fill: #999;color:#999\" xmlns=\"http:\/\/www.w3.org\/2000\/svg\" class=\"list-377408\" width=\"20px\" height=\"20px\" viewBox=\"0 0 24 24\" fill=\"none\"><path d=\"M6 6H4v2h2V6zm14 0H8v2h12V6zM4 11h2v2H4v-2zm16 0H8v2h12v-2zM4 16h2v2H4v-2zm16 0H8v2h12v-2z\" fill=\"currentColor\"><\/path><\/svg><svg style=\"fill: #999;color:#999\" class=\"arrow-unsorted-368013\" xmlns=\"http:\/\/www.w3.org\/2000\/svg\" width=\"10px\" height=\"10px\" viewBox=\"0 0 24 24\" version=\"1.2\" baseProfile=\"tiny\"><path d=\"M18.2 9.3l-6.2-6.3-6.2 6.3c-.2.2-.3.4-.3.7s.1.5.3.7c.2.2.4.3.7.3h11c.3 0 .5-.1.7-.3.2-.2.3-.5.3-.7s-.1-.5-.3-.7zM5.8 14.7l6.2 6.3 6.2-6.3c.2-.2.3-.5.3-.7s-.1-.5-.3-.7c-.2-.2-.4-.3-.7-.3h-11c-.3 0-.5.1-.7.3-.2.2-.3.5-.3.7s.1.5.3.7z\"\/><\/svg><\/span><\/span><\/span><\/a><\/span><\/div>\n<nav><ul class='ez-toc-list ez-toc-list-level-1 ' ><ul class='ez-toc-list-level-3' ><li class='ez-toc-heading-level-3'><a class=\"ez-toc-link ez-toc-heading-1\" href=\"https:\/\/loudavymkrokem.cz\/pl\/salzburg-austria-filmowe-lokacje\/#Podsumowanie_dla_tych_ktorzy_nie_maja_czasu_na_caly_artykul\" >Podsumowanie dla tych, kt\u00f3rzy nie maj\u0105 czasu na ca\u0142y artyku\u0142<\/a><\/li><\/ul><\/li><li class='ez-toc-page-1 ez-toc-heading-level-2'><a class=\"ez-toc-link ez-toc-heading-2\" href=\"https:\/\/loudavymkrokem.cz\/pl\/salzburg-austria-filmowe-lokacje\/#Salzburg_w_Austrii_praktycznie_jak_dojechac_i_kiedy_jechac\" >Salzburg w Austrii praktycznie: jak dojecha\u0107 i kiedy jecha\u0107<\/a><\/li><li class='ez-toc-page-1 ez-toc-heading-level-2'><a class=\"ez-toc-link ez-toc-heading-3\" href=\"https:\/\/loudavymkrokem.cz\/pl\/salzburg-austria-filmowe-lokacje\/#11_filmowych_miejsc_w_Salzburgu_i_okolicy\" >11 filmowych miejsc w Salzburgu i okolicy<\/a><ul class='ez-toc-list-level-3' ><li class='ez-toc-heading-level-3'><a class=\"ez-toc-link ez-toc-heading-4\" href=\"https:\/\/loudavymkrokem.cz\/pl\/salzburg-austria-filmowe-lokacje\/#1_Ogrody_Mirabell_i_schody_z_Do-Re-Mi\" >1. Ogrody Mirabell i schody z Do-Re-Mi<\/a><\/li><li class='ez-toc-page-1 ez-toc-heading-level-3'><a class=\"ez-toc-link ez-toc-heading-5\" href=\"https:\/\/loudavymkrokem.cz\/pl\/salzburg-austria-filmowe-lokacje\/#2_Klasztor_Nonnberg_i_prawdziwe_zycie_Marii\" >2. Klasztor Nonnberg i prawdziwe \u017cycie Marii<\/a><\/li><li class='ez-toc-page-1 ez-toc-heading-level-3'><a class=\"ez-toc-link ez-toc-heading-6\" href=\"https:\/\/loudavymkrokem.cz\/pl\/salzburg-austria-filmowe-lokacje\/#3_Altana_z_piosenki_Sixteen_Going_on_Seventeen\" >3. Altana z piosenki Sixteen Going on Seventeen<\/a><\/li><li class='ez-toc-page-1 ez-toc-heading-level-3'><a class=\"ez-toc-link ez-toc-heading-7\" href=\"https:\/\/loudavymkrokem.cz\/pl\/salzburg-austria-filmowe-lokacje\/#4_Zamek_Hellbrunn_i_jego_psotne_fontanny\" >4. Zamek Hellbrunn i jego psotne fontanny<\/a><\/li><li class='ez-toc-page-1 ez-toc-heading-level-3'><a class=\"ez-toc-link ez-toc-heading-8\" href=\"https:\/\/loudavymkrokem.cz\/pl\/salzburg-austria-filmowe-lokacje\/#5_Schloss_Leopoldskron_i_sceny_nad_jeziorem\" >5. Schloss Leopoldskron i sceny nad jeziorem<\/a><\/li><li class='ez-toc-page-1 ez-toc-heading-level-3'><a class=\"ez-toc-link ez-toc-heading-9\" href=\"https:\/\/loudavymkrokem.cz\/pl\/salzburg-austria-filmowe-lokacje\/#6_Schloss_Frohnburg_i_filmowa_fasada_willi\" >6. Schloss Frohnburg i filmowa fasada willi<\/a><\/li><li class='ez-toc-page-1 ez-toc-heading-level-3'><a class=\"ez-toc-link ez-toc-heading-10\" href=\"https:\/\/loudavymkrokem.cz\/pl\/salzburg-austria-filmowe-lokacje\/#7_Villa_Trapp_w_Aigen_prawdziwy_dom_rodziny\" >7. Villa Trapp w Aigen: prawdziwy dom rodziny<\/a><\/li><li class='ez-toc-page-1 ez-toc-heading-level-3'><a class=\"ez-toc-link ez-toc-heading-11\" href=\"https:\/\/loudavymkrokem.cz\/pl\/salzburg-austria-filmowe-lokacje\/#8_Bazylika_w_Mondsee_i_slynny_slub\" >8. Bazylika w Mondsee i s\u0142ynny \u015blub<\/a><\/li><li class='ez-toc-page-1 ez-toc-heading-level-3'><a class=\"ez-toc-link ez-toc-heading-12\" href=\"https:\/\/loudavymkrokem.cz\/pl\/salzburg-austria-filmowe-lokacje\/#9_Felsenreitschule_i_dramatyczny_koncert\" >9. Felsenreitschule i dramatyczny koncert<\/a><\/li><li class='ez-toc-page-1 ez-toc-heading-level-3'><a class=\"ez-toc-link ez-toc-heading-13\" href=\"https:\/\/loudavymkrokem.cz\/pl\/salzburg-austria-filmowe-lokacje\/#10_Residenzplatz_i_fontanna_pelna_pewnosci_siebie\" >10. Residenzplatz i fontanna pe\u0142na pewno\u015bci siebie<\/a><\/li><li class='ez-toc-page-1 ez-toc-heading-level-3'><a class=\"ez-toc-link ez-toc-heading-14\" href=\"https:\/\/loudavymkrokem.cz\/pl\/salzburg-austria-filmowe-lokacje\/#11_Wycieczka_do_Werfen_i_na_gorskie_laki\" >11. Wycieczka do Werfen i na g\u00f3rskie \u0142\u0105ki<\/a><\/li><\/ul><\/li><li class='ez-toc-page-1 ez-toc-heading-level-2'><a class=\"ez-toc-link ez-toc-heading-15\" href=\"https:\/\/loudavymkrokem.cz\/pl\/salzburg-austria-filmowe-lokacje\/#Dzwieki_muzyki_co_jest_prawda_a_co_Hollywoodem\" >D\u017awi\u0119ki muzyki: co jest prawd\u0105, a co Hollywoodem<\/a><\/li><li class='ez-toc-page-1 ez-toc-heading-level-2'><a class=\"ez-toc-link ez-toc-heading-16\" href=\"https:\/\/loudavymkrokem.cz\/pl\/salzburg-austria-filmowe-lokacje\/#Gdzie_sie_zatrzymac\" >Gdzie si\u0119 zatrzyma\u0107<\/a><\/li><li class='ez-toc-page-1 ez-toc-heading-level-2'><a class=\"ez-toc-link ez-toc-heading-17\" href=\"https:\/\/loudavymkrokem.cz\/pl\/salzburg-austria-filmowe-lokacje\/#Gdzie_zjesc\" >Gdzie zje\u015b\u0107<\/a><\/li><li class='ez-toc-page-1 ez-toc-heading-level-2'><a class=\"ez-toc-link ez-toc-heading-18\" href=\"https:\/\/loudavymkrokem.cz\/pl\/salzburg-austria-filmowe-lokacje\/#Szybka_sciaga_filmowe_lokacje_w_Salzburgu_i_okolicy\" >Szybka \u015bci\u0105ga: filmowe lokacje w Salzburgu i okolicy<\/a><\/li><li class='ez-toc-page-1 ez-toc-heading-level-2'><a class=\"ez-toc-link ez-toc-heading-19\" href=\"https:\/\/loudavymkrokem.cz\/pl\/salzburg-austria-filmowe-lokacje\/#Dokad_dalej\" >Dok\u0105d dalej<\/a><\/li><li class='ez-toc-page-1 ez-toc-heading-level-2'><a class=\"ez-toc-link ez-toc-heading-20\" href=\"https:\/\/loudavymkrokem.cz\/pl\/salzburg-austria-filmowe-lokacje\/#Najczesciej_zadawane_pytania\" >Najcz\u0119\u015bciej zadawane pytania<\/a><ul class='ez-toc-list-level-3' ><li class='ez-toc-heading-level-3'><a class=\"ez-toc-link ez-toc-heading-21\" href=\"https:\/\/loudavymkrokem.cz\/pl\/salzburg-austria-filmowe-lokacje\/#Czy_mozna_wejsc_do_srodka_slynnej_altany_z_filmu\" >Czy mo\u017cna wej\u015b\u0107 do \u015brodka s\u0142ynnej altany z filmu?<\/a><\/li><li class='ez-toc-page-1 ez-toc-heading-level-3'><a class=\"ez-toc-link ez-toc-heading-22\" href=\"https:\/\/loudavymkrokem.cz\/pl\/salzburg-austria-filmowe-lokacje\/#Gdzie_stala_prawdziwa_willa_rodziny_von_Trappow\" >Gdzie sta\u0142a prawdziwa willa rodziny von Trapp\u00f3w?<\/a><\/li><li class='ez-toc-page-1 ez-toc-heading-level-3'><a class=\"ez-toc-link ez-toc-heading-23\" href=\"https:\/\/loudavymkrokem.cz\/pl\/salzburg-austria-filmowe-lokacje\/#Ile_kosztuje_zorganizowana_wycieczka_Sound_of_Music\" >Ile kosztuje zorganizowana wycieczka Sound of Music?<\/a><\/li><li class='ez-toc-page-1 ez-toc-heading-level-3'><a class=\"ez-toc-link ez-toc-heading-24\" href=\"https:\/\/loudavymkrokem.cz\/pl\/salzburg-austria-filmowe-lokacje\/#Czy_do_Austrii_potrzebna_jest_winieta_autostradowa\" >Czy do Austrii potrzebna jest winieta autostradowa?<\/a><\/li><li class='ez-toc-page-1 ez-toc-heading-level-3'><a class=\"ez-toc-link ez-toc-heading-25\" href=\"https:\/\/loudavymkrokem.cz\/pl\/salzburg-austria-filmowe-lokacje\/#Czy_klasztor_Nonnberg_jest_zwykla_atrakcja_turystyczna\" >Czy klasztor Nonnberg jest zwyk\u0142\u0105 atrakcj\u0105 turystyczn\u0105?<\/a><\/li><li class='ez-toc-page-1 ez-toc-heading-level-3'><a class=\"ez-toc-link ez-toc-heading-26\" href=\"https:\/\/loudavymkrokem.cz\/pl\/salzburg-austria-filmowe-lokacje\/#Czy_moge_zwiedzic_palac_Leopoldskron\" >Czy mog\u0119 zwiedzi\u0107 pa\u0142ac Leopoldskron?<\/a><\/li><li class='ez-toc-page-1 ez-toc-heading-level-3'><a class=\"ez-toc-link ez-toc-heading-27\" href=\"https:\/\/loudavymkrokem.cz\/pl\/salzburg-austria-filmowe-lokacje\/#Dokad_rodzina_uciekla_w_rzeczywistosci\" >Dok\u0105d rodzina uciek\u0142a w rzeczywisto\u015bci?<\/a><\/li><li class='ez-toc-page-1 ez-toc-heading-level-3'><a class=\"ez-toc-link ez-toc-heading-28\" href=\"https:\/\/loudavymkrokem.cz\/pl\/salzburg-austria-filmowe-lokacje\/#Kiedy_jest_najlepszy_czas_na_odwiedziny_Salzburga\" >Kiedy jest najlepszy czas na odwiedziny Salzburga?<\/a><\/li><\/ul><\/li><\/ul><\/nav><\/div>\n<h3 class=\"wp-block-heading\"><span class=\"ez-toc-section\" id=\"Podsumowanie_dla_tych_ktorzy_nie_maja_czasu_na_caly_artykul\"><\/span>Podsumowanie dla tych, kt\u00f3rzy nie maj\u0105 czasu na ca\u0142y artyku\u0142<span class=\"ez-toc-section-end\"><\/span><\/h3>\n\n\n\n<ul class=\"wp-block-list\">\n\n<li>  <strong>Filmowa willa to iluzja:<\/strong> Sk\u0142ada si\u0119 z frontu zamku Schloss Frohnburg i tylnej tarasu nad jeziorem zamku Schloss Leopoldskron.<\/li>\n\n\n\n<li>  <strong>S\u0142ynna altana przenios\u0142a si\u0119:<\/strong> Dzi\u015b nie stoi ju\u017c nad jeziorem, ale znajdziesz j\u0105 w parku zamku Hellbrunn, przy czym ze wzgl\u0119d\u00f3w bezpiecze\u0144stwa nie mo\u017cna wej\u015b\u0107 do \u015brodka.<\/li>\n\n\n\n<li>  <strong>Prawdziwy dom rodziny:<\/strong> Realna Villa Trapp le\u017cy w dzielnicy Aigen, dzi\u015b dzia\u0142a jako hotel i mo\u017cesz przenocowa\u0107 bezpo\u015brednio w pokoju Marii.<\/li>\n\n\n\n<li>  <strong>Zorganizowane wycieczki:<\/strong> Klasyczna autobusowa Sound of Music tour trwa oko\u0142o 4 godziny i kosztuje mniej wi\u0119cej 360 z\u0142 (oko\u0142o 87 USD).<\/li>\n\n\n\n<li>  <strong>Kiedy tu przyjecha\u0107:<\/strong> Najlepsz\u0105 pogod\u0119 na wycieczki oferuje okres od maja do wrze\u015bnia, zachwycaj\u0105cy jest te\u017c adwent, ale licz si\u0119 z t\u0142umami ludzi.<\/li>\n\n\n\n<li>  <strong>Na co uwa\u017ca\u0107:<\/strong> Podczas letniego festiwalu Salzburger Festspiele (lipiec i sierpie\u0144) miasto p\u0119ka w szwach, a ceny nocleg\u00f3w szybuj\u0105 w g\u00f3r\u0119.<\/li>\n\n\n\n<li>  <strong>G\u0142\u00f3wna wskaz\u00f3wka na wizyt\u0119:<\/strong> Klasztor Nonnberg to wci\u0105\u017c funkcjonuj\u0105cy dom zakonnic, dlatego podczas wizyty na dziedzi\u0144cu i w kaplicy wymagany jest absolutny spok\u00f3j i szacunek.<\/li>\n\n\n<\/ul>\n\n\n\n<figure data-wp-context=\"{&quot;imageId&quot;:&quot;6a96697982650&quot;}\" data-wp-interactive=\"core\/image\" data-wp-key=\"6a96697982650\" class=\"wp-block-image size-full wp-lightbox-container\"><img decoding=\"async\" width=\"1200\" height=\"630\" data-wp-class--hide=\"state.isContentHidden\" data-wp-class--show=\"state.isContentVisible\" data-wp-init=\"callbacks.setButtonStyles\" data-wp-on--click=\"actions.showLightbox\" data-wp-on--load=\"callbacks.setButtonStyles\" data-wp-on--pointerdown=\"actions.preloadImage\" data-wp-on--pointerenter=\"actions.preloadImageWithDelay\" data-wp-on--pointerleave=\"actions.cancelPreload\" data-wp-on-window--resize=\"callbacks.setButtonStyles\" src=\"https:\/\/loudavymkrokem.cz\/wp-content\/uploads\/2025\/05\/salzburg.jpg\" alt=\"Widok na Salzburg z twierdz\u0105 Hohensalzburg\" class=\"wp-image-96716\" title=\"\" srcset=\"https:\/\/loudavymkrokem.cz\/wp-content\/uploads\/2025\/05\/salzburg.jpg 1200w, https:\/\/loudavymkrokem.cz\/wp-content\/uploads\/2025\/05\/salzburg-300x158.jpg 300w, https:\/\/loudavymkrokem.cz\/wp-content\/uploads\/2025\/05\/salzburg-700x368.jpg 700w, https:\/\/loudavymkrokem.cz\/wp-content\/uploads\/2025\/05\/salzburg-768x403.jpg 768w, https:\/\/loudavymkrokem.cz\/wp-content\/uploads\/2025\/05\/salzburg-696x365.jpg 696w\" sizes=\"(max-width: 1200px) 100vw, 1200px\" \/><button\n\t\t\tclass=\"lightbox-trigger\"\n\t\t\ttype=\"button\"\n\t\t\taria-haspopup=\"dialog\"\n\t\t\tdata-wp-bind--aria-label=\"state.thisImage.triggerButtonAriaLabel\"\n\t\t\tdata-wp-init=\"callbacks.initTriggerButton\"\n\t\t\tdata-wp-on--click=\"actions.showLightbox\"\n\t\t\tdata-wp-style--right=\"state.thisImage.buttonRight\"\n\t\t\tdata-wp-style--top=\"state.thisImage.buttonTop\"\n\t\t>\n\t\t\t<svg xmlns=\"http:\/\/www.w3.org\/2000\/svg\" width=\"12\" height=\"12\" fill=\"none\" viewBox=\"0 0 12 12\">\n\t\t\t\t<path fill=\"#fff\" d=\"M2 0a2 2 0 0 0-2 2v2h1.5V2a.5.5 0 0 1 .5-.5h2V0H2Zm2 10.5H2a.5.5 0 0 1-.5-.5V8H0v2a2 2 0 0 0 2 2h2v-1.5ZM8 12v-1.5h2a.5.5 0 0 0 .5-.5V8H12v2a2 2 0 0 1-2 2H8Zm2-12a2 2 0 0 1 2 2v2h-1.5V2a.5.5 0 0 0-.5-.5H8V0h2Z\" \/>\n\t\t\t<\/svg>\n\t\t<\/button><\/figure>\n\n\n\n<h2 class=\"wp-block-heading\"><span class=\"ez-toc-section\" id=\"Salzburg_w_Austrii_praktycznie_jak_dojechac_i_kiedy_jechac\"><\/span>Salzburg w Austrii praktycznie: jak dojecha\u0107 i kiedy jecha\u0107<span class=\"ez-toc-section-end\"><\/span><\/h2>\n\n\n\n<p class=\"wp-block-paragraph\">Dojazd z Polski jest bardzo wygodny, a <strong>najszybciej dostaniesz si\u0119 tu w\u0142asnym samochodem<\/strong>. Z Krakowa podr\u00f3\u017c zajmie ci mniej wi\u0119cej pi\u0119\u0107 godzin, z Katowic dotrzesz w podobnym czasie. Nie zapomnij przed przekroczeniem granicy zaopatrzy\u0107 si\u0119 w austriack\u0105 winiet\u0119 autostradow\u0105, kt\u00f3r\u0105 dzi\u015b bez problemu kupisz online. Je\u015bli wolisz transport publiczny, <strong>po\u0142\u0105czenie kolejowe z przesiadk\u0105 w Wiedniu lub Linzu<\/strong> dzia\u0142a ca\u0142kowicie niezawodnie i dowiezie ci\u0119 prosto do centrum wydarze\u0144.<\/p>\n\n\n\n<p class=\"wp-block-paragraph\">Podr\u00f3\u017cnym z dalszych zak\u0105tk\u00f3w Polski proponuj\u0119 <strong>skorzystanie z lot\u00f3w do Salzburga lub Monachium<\/strong>. Loty z Warszawy czy Krakowa (m.in. LOT, Wizz Air, Ryanair) obs\u0142uguj\u0105 pobliskie lotniska, a z Monachium do miasta Mozarta dotrzesz samochodem lub poci\u0105giem w nieca\u0142e dwie godziny. Samo miasto jest do\u015b\u0107 kompaktowe i spor\u0105 cz\u0119\u015b\u0107 zabytk\u00f3w obejdziesz pieszo. Na d\u0142u\u017cszych dystansach do zamk\u00f3w na obrze\u017cach <strong>\u015bwietnie sprawdz\u0105 si\u0119 miejscowe trolejbusy i autobusy<\/strong>, kt\u00f3re kursuj\u0105 bardzo cz\u0119sto i punktualnie.<\/p>\n\n\n\n<p class=\"wp-block-paragraph\">Co do idealnego terminu wizyty, <strong>wszystko zale\u017cy g\u0142\u00f3wnie od twoich oczekiwa\u0144 i bud\u017cetu<\/strong>. Od maja do wrze\u015bnia panuje najlepsza pogoda na spacery po ogrodach i wycieczki nad jeziora. Wyj\u0105tkowo popularny jest okres adwentu, gdy salzburskie jarmarki nale\u017c\u0105 do najbardziej urokliwych w ca\u0142ej Europie, ale musisz przygotowa\u0107 si\u0119 na wysokie ceny i t\u0142umy turyst\u00f3w. Z kolei <strong>najdro\u017csze miesi\u0105ce to lipiec i sierpie\u0144<\/strong>, kiedy odbywa si\u0119 s\u0142ynny letni festiwal, a noclegi s\u0105 cz\u0119sto wyprzedane z du\u017cym wyprzedzeniem.<\/p>\n\n\n\n<h2 class=\"wp-block-heading\"><span class=\"ez-toc-section\" id=\"11_filmowych_miejsc_w_Salzburgu_i_okolicy\"><\/span>11 filmowych miejsc w Salzburgu i okolicy<span class=\"ez-toc-section-end\"><\/span><\/h2>\n\n\n\n<p class=\"wp-block-paragraph\">Filmowych miejsc jest zaskakuj\u0105co du\u017co i s\u0105 rozrzucone po ca\u0142ym mie\u015bcie. Oto te, dla kt\u00f3rych wyprawa naprawd\u0119 si\u0119 op\u0142aca, oraz te, przy kt\u00f3rych szczerze ostrzegam ci\u0119, \u017ceby\u015b nie oczekiwa\u0142 cud\u00f3w.<\/p>\n\n\n\n<figure data-wp-context=\"{&quot;imageId&quot;:&quot;6a96697982c58&quot;}\" data-wp-interactive=\"core\/image\" data-wp-key=\"6a96697982c58\" class=\"wp-block-image size-full wp-lightbox-container\"><img decoding=\"async\" width=\"1280\" height=\"1920\" data-wp-class--hide=\"state.isContentHidden\" data-wp-class--show=\"state.isContentVisible\" data-wp-init=\"callbacks.setButtonStyles\" data-wp-on--click=\"actions.showLightbox\" data-wp-on--load=\"callbacks.setButtonStyles\" data-wp-on--pointerdown=\"actions.preloadImage\" data-wp-on--pointerenter=\"actions.preloadImageWithDelay\" data-wp-on--pointerleave=\"actions.cancelPreload\" data-wp-on-window--resize=\"callbacks.setButtonStyles\" src=\"https:\/\/loudavymkrokem.cz\/wp-content\/uploads\/2026\/07\/mirabell-0.jpg\" alt=\"Ogrody Mirabell z widokiem na twierdz\u0119 Hohensalzburg\" class=\"wp-image-350700\" title=\"\" srcset=\"https:\/\/loudavymkrokem.cz\/wp-content\/uploads\/2026\/07\/mirabell-0.jpg 1280w, https:\/\/loudavymkrokem.cz\/wp-content\/uploads\/2026\/07\/mirabell-0-200x300.jpg 200w, https:\/\/loudavymkrokem.cz\/wp-content\/uploads\/2026\/07\/mirabell-0-700x1050.jpg 700w, https:\/\/loudavymkrokem.cz\/wp-content\/uploads\/2026\/07\/mirabell-0-768x1152.jpg 768w, https:\/\/loudavymkrokem.cz\/wp-content\/uploads\/2026\/07\/mirabell-0-1024x1536.jpg 1024w, https:\/\/loudavymkrokem.cz\/wp-content\/uploads\/2026\/07\/mirabell-0-696x1044.jpg 696w\" sizes=\"(max-width: 1280px) 100vw, 1280px\" \/><button\n\t\t\tclass=\"lightbox-trigger\"\n\t\t\ttype=\"button\"\n\t\t\taria-haspopup=\"dialog\"\n\t\t\tdata-wp-bind--aria-label=\"state.thisImage.triggerButtonAriaLabel\"\n\t\t\tdata-wp-init=\"callbacks.initTriggerButton\"\n\t\t\tdata-wp-on--click=\"actions.showLightbox\"\n\t\t\tdata-wp-style--right=\"state.thisImage.buttonRight\"\n\t\t\tdata-wp-style--top=\"state.thisImage.buttonTop\"\n\t\t>\n\t\t\t<svg xmlns=\"http:\/\/www.w3.org\/2000\/svg\" width=\"12\" height=\"12\" fill=\"none\" viewBox=\"0 0 12 12\">\n\t\t\t\t<path fill=\"#fff\" d=\"M2 0a2 2 0 0 0-2 2v2h1.5V2a.5.5 0 0 1 .5-.5h2V0H2Zm2 10.5H2a.5.5 0 0 1-.5-.5V8H0v2a2 2 0 0 0 2 2h2v-1.5ZM8 12v-1.5h2a.5.5 0 0 0 .5-.5V8H12v2a2 2 0 0 1-2 2H8Zm2-12a2 2 0 0 1 2 2v2h-1.5V2a.5.5 0 0 0-.5-.5H8V0h2Z\" \/>\n\t\t\t<\/svg>\n\t\t<\/button><figcaption class=\"wp-element-caption\">Foto: Raimond Spekking, CC BY-SA 4.0, Wikimedia Commons<\/figcaption><\/figure>\n\n\n\n<h3 class=\"wp-block-heading\"><span class=\"ez-toc-section\" id=\"1_Ogrody_Mirabell_i_schody_z_Do-Re-Mi\"><\/span>1. Ogrody Mirabell i schody z Do-Re-Mi<span class=\"ez-toc-section-end\"><\/span><\/h3>\n\n\n\n<p class=\"wp-block-paragraph\">Gdy pada has\u0142o Salzburg i film \u201eD\u017awi\u0119ki muzyki&#8221;, wi\u0119kszo\u015bci ludzi od razu przychodz\u0105 na my\u015bl w\u0142a\u015bnie <strong>Ogrody Mirabell z ikonicznymi schodami<\/strong>. Te barokowe ogrody le\u017c\u0105 w samym sercu miasta i s\u0105 jedn\u0105 z najpi\u0119kniejszych stref wypoczynkowych w ca\u0142ej Austrii. Mo\u017cesz spacerowa\u0107 mi\u0119dzy idealnie przyci\u0119tymi \u017cywop\u0142otami, podziwia\u0107 kolorowe kwiatowe ornamenty i cieszy\u0107 si\u0119 <strong>wspania\u0142ym widokiem na twierdz\u0119 Hohensalzburg<\/strong>, kt\u00f3ra wznosi si\u0119 wysoko nad miastem.<\/p>\n\n\n\n<p class=\"wp-block-paragraph\">Dla fan\u00f3w filmu to absolutny obowi\u0105zek, bo w\u0142a\u015bnie tutaj kr\u0119cono <strong>wspania\u0142y fina\u0142 s\u0142ynnej piosenki Do-Re-Mi<\/strong>. Maria z dzie\u0107mi w tej scenie skacze po kamiennych schodach, kt\u00f3re znajdziesz w p\u00f3\u0142nocno-zachodnim rogu ogrod\u00f3w, u\u017cywaj\u0105c ich jak wielkich klawiszy. Cz\u0119\u015bci\u0105 tego zabawnego filmowego monta\u017cu jest te\u017c pobliska <strong>fontanna Pegaza<\/strong>, wok\u00f3\u0142 kt\u00f3rej postacie weso\u0142o biegaj\u0105. Wszystkie te miejsca wygl\u0105daj\u0105 dok\u0142adnie tak, jak je pami\u0119tasz z ekranu.<\/p>\n\n\n\n<p class=\"wp-block-paragraph\">Z praktycznego punktu widzenia na pewno ucieszy ci\u0119, \u017ce <strong>ogrody s\u0105 og\u00f3lnodost\u0119pne i ca\u0142kowicie bezp\u0142atne<\/strong>, wi\u0119c mo\u017cesz tu zajrze\u0107 nawet kilka razy dziennie. Najlepsze \u015bwiat\u0142o do zdj\u0119\u0107 panuje wcze\u015bnie rano, gdy unikniesz najwi\u0119kszych t\u0142um\u00f3w turyst\u00f3w z autokar\u00f3w. Je\u015bli masz ju\u017c zm\u0119czone nogi od chodzenia, ogrody s\u0105 \u015bwietnym miejscem, by usi\u0105\u015b\u0107 na \u0142awce, rozpakowa\u0107 kanapk\u0119 i przez chwil\u0119 po prostu popatrze\u0107 na twierdz\u0119.<\/p>\n\n\n\n<p class=\"wp-block-paragraph\">\ud83d\udca1 Wskaz\u00f3wka: Je\u015bli wybierasz si\u0119 do Salzburga zim\u0105, licz si\u0119 z tym, \u017ce <strong>Ogrody Mirabell trac\u0105 cz\u0119\u015b\u0107 swojego uroku<\/strong>, bo rze\u017aby bywaj\u0105 zakryte przed mrozem, a rabaty kwiatowe puste. Mimo to warto tu zajrze\u0107 cho\u0107by dla spokojnej atmosfery zamarzni\u0119tego miasta.<\/p>\n\n\n\n<figure data-wp-context=\"{&quot;imageId&quot;:&quot;6a966979830b8&quot;}\" data-wp-interactive=\"core\/image\" data-wp-key=\"6a966979830b8\" class=\"wp-block-image size-full wp-lightbox-container\"><img decoding=\"async\" width=\"1280\" height=\"1924\" data-wp-class--hide=\"state.isContentHidden\" data-wp-class--show=\"state.isContentVisible\" data-wp-init=\"callbacks.setButtonStyles\" data-wp-on--click=\"actions.showLightbox\" data-wp-on--load=\"callbacks.setButtonStyles\" data-wp-on--pointerdown=\"actions.preloadImage\" data-wp-on--pointerenter=\"actions.preloadImageWithDelay\" data-wp-on--pointerleave=\"actions.cancelPreload\" data-wp-on-window--resize=\"callbacks.setButtonStyles\" src=\"https:\/\/loudavymkrokem.cz\/wp-content\/uploads\/2026\/07\/nonnberg-0.jpg\" alt=\"Benedykty\u0144ski klasztor Nonnberg nad salzburskim Starym Miastem\" class=\"wp-image-350708\" title=\"\" srcset=\"https:\/\/loudavymkrokem.cz\/wp-content\/uploads\/2026\/07\/nonnberg-0.jpg 1280w, https:\/\/loudavymkrokem.cz\/wp-content\/uploads\/2026\/07\/nonnberg-0-200x300.jpg 200w, https:\/\/loudavymkrokem.cz\/wp-content\/uploads\/2026\/07\/nonnberg-0-700x1052.jpg 700w, https:\/\/loudavymkrokem.cz\/wp-content\/uploads\/2026\/07\/nonnberg-0-768x1154.jpg 768w, https:\/\/loudavymkrokem.cz\/wp-content\/uploads\/2026\/07\/nonnberg-0-1022x1536.jpg 1022w, https:\/\/loudavymkrokem.cz\/wp-content\/uploads\/2026\/07\/nonnberg-0-696x1046.jpg 696w\" sizes=\"(max-width: 1280px) 100vw, 1280px\" \/><button\n\t\t\tclass=\"lightbox-trigger\"\n\t\t\ttype=\"button\"\n\t\t\taria-haspopup=\"dialog\"\n\t\t\tdata-wp-bind--aria-label=\"state.thisImage.triggerButtonAriaLabel\"\n\t\t\tdata-wp-init=\"callbacks.initTriggerButton\"\n\t\t\tdata-wp-on--click=\"actions.showLightbox\"\n\t\t\tdata-wp-style--right=\"state.thisImage.buttonRight\"\n\t\t\tdata-wp-style--top=\"state.thisImage.buttonTop\"\n\t\t>\n\t\t\t<svg xmlns=\"http:\/\/www.w3.org\/2000\/svg\" width=\"12\" height=\"12\" fill=\"none\" viewBox=\"0 0 12 12\">\n\t\t\t\t<path fill=\"#fff\" d=\"M2 0a2 2 0 0 0-2 2v2h1.5V2a.5.5 0 0 1 .5-.5h2V0H2Zm2 10.5H2a.5.5 0 0 1-.5-.5V8H0v2a2 2 0 0 0 2 2h2v-1.5ZM8 12v-1.5h2a.5.5 0 0 0 .5-.5V8H12v2a2 2 0 0 1-2 2H8Zm2-12a2 2 0 0 1 2 2v2h-1.5V2a.5.5 0 0 0-.5-.5H8V0h2Z\" \/>\n\t\t\t<\/svg>\n\t\t<\/button><figcaption class=\"wp-element-caption\">Foto: Isiwal, CC BY-SA 4.0, Wikimedia Commons<\/figcaption><\/figure>\n\n\n\n<h3 class=\"wp-block-heading\"><span class=\"ez-toc-section\" id=\"2_Klasztor_Nonnberg_i_prawdziwe_zycie_Marii\"><\/span>2. Klasztor Nonnberg i prawdziwe \u017cycie Marii<span class=\"ez-toc-section-end\"><\/span><\/h3>\n\n\n\n<p class=\"wp-block-paragraph\">Benedykty\u0144ski klasztor na skale nad Starym Miastem jest <strong>najstarszym \u017ce\u0144skim klasztorem w obszarze niemieckoj\u0119zycznym<\/strong>. To w\u0142a\u015bnie tutaj przyby\u0142a m\u0142oda Maria jako kandydatka na zakonnic\u0119 i st\u0105d zosta\u0142a wys\u0142ana do rodziny von Trapp, by opiekowa\u0107 si\u0119 dzie\u0107mi. Atmosfera tego miejsca ca\u0142kowicie ci\u0119 poch\u0142ania, a wiekowa historia niemal na ciebie tchnie. Je\u015bli dotrzesz tu wcze\u015bnie rano, masz szans\u0119 trafi\u0107 na porann\u0105 msz\u0119, z kt\u00f3rej rozbrzmiewa \u015bpiew miejscowych zakonnic \u2014 to prze\u017cycie, kt\u00f3rego si\u0119 szybko nie zapomina.<\/p>\n\n\n\n<p class=\"wp-block-paragraph\">Podczas wizyty niezmiernie wa\u017cne jest, by pami\u0119ta\u0107, \u017ce to <strong>nie \u017cadna filmowa atrakcja, ale prawdziwy dom zakonnic<\/strong>. Dost\u0119pne s\u0105 jedynie malowniczy dziedziniec i pi\u0119kna, stara kaplica, podczas gdy reszta rozleg\u0142ego kompleksu pozostaje za zamkni\u0119tymi drzwiami. Oficjalne informacje o nabo\u017ce\u0144stwach znajdziesz na <a href=\"https:\/\/www.stiftnonnberg.at\" target=\"_blank\" rel=\"nofollow noopener\">oficjalnej stronie klasztoru Nonnberg<\/a>, kt\u00f3r\u0105 polecam sprawdzi\u0107 przed wizyt\u0105.<\/p>\n\n\n\n<p class=\"wp-block-paragraph\">Droga na g\u00f3r\u0119 do bram daje nie\u017ale w ko\u015b\u0107, bo trzeba <strong>wspi\u0105\u0107 si\u0119 pieszo po stromych schodach ze Starego Miasta<\/strong>. Widoki z tarasu przed klasztorem na po\u0142udniow\u0105 cz\u0119\u015b\u0107 Salzburga i o\u015bnie\u017cone szczyty Alp bogato wynagrodz\u0105 ci jednak ten wysi\u0142ek. Nie ma tu \u017cadnej op\u0142aty za wst\u0119p, tym bardziej oczekiwany jest szacunek dla \u015bwi\u0119to\u015bci tego miejsca.<\/p>\n\n\n\n<p class=\"wp-block-paragraph\">\ud83d\udca1 Wskaz\u00f3wka: Pami\u0119taj o odpowiednim ubraniu, bo <strong>do kaplicy nie wpuszcz\u0105 ci\u0119 z odkrytymi ramionami ani w zbyt kr\u00f3tkich spodenkach<\/strong>. Zawsze warto mie\u0107 przy sobie chust\u0119, kt\u00f3r\u0105 mo\u017cesz si\u0119 okry\u0107 przed wej\u015bciem, \u017ceby nie zak\u0142\u00f3ca\u0107 spokoju miejscowej wsp\u00f3lnoty.<\/p>\n\n\n\n<figure data-wp-context=\"{&quot;imageId&quot;:&quot;6a966979835f2&quot;}\" data-wp-interactive=\"core\/image\" data-wp-key=\"6a966979835f2\" class=\"wp-block-image size-full wp-lightbox-container\"><img decoding=\"async\" width=\"1280\" height=\"853\" data-wp-class--hide=\"state.isContentHidden\" data-wp-class--show=\"state.isContentVisible\" data-wp-init=\"callbacks.setButtonStyles\" data-wp-on--click=\"actions.showLightbox\" data-wp-on--load=\"callbacks.setButtonStyles\" data-wp-on--pointerdown=\"actions.preloadImage\" data-wp-on--pointerenter=\"actions.preloadImageWithDelay\" data-wp-on--pointerleave=\"actions.cancelPreload\" data-wp-on-window--resize=\"callbacks.setButtonStyles\" src=\"https:\/\/loudavymkrokem.cz\/wp-content\/uploads\/2026\/07\/gazebo-0.jpg\" alt=\"Przeszklona altana z filmu D\u017awi\u0119ki muzyki w parku Hellbrunn\" class=\"wp-image-350714\" title=\"\" srcset=\"https:\/\/loudavymkrokem.cz\/wp-content\/uploads\/2026\/07\/gazebo-0.jpg 1280w, https:\/\/loudavymkrokem.cz\/wp-content\/uploads\/2026\/07\/gazebo-0-300x200.jpg 300w, https:\/\/loudavymkrokem.cz\/wp-content\/uploads\/2026\/07\/gazebo-0-700x466.jpg 700w, https:\/\/loudavymkrokem.cz\/wp-content\/uploads\/2026\/07\/gazebo-0-768x512.jpg 768w, https:\/\/loudavymkrokem.cz\/wp-content\/uploads\/2026\/07\/gazebo-0-696x464.jpg 696w\" sizes=\"(max-width: 1280px) 100vw, 1280px\" \/><button\n\t\t\tclass=\"lightbox-trigger\"\n\t\t\ttype=\"button\"\n\t\t\taria-haspopup=\"dialog\"\n\t\t\tdata-wp-bind--aria-label=\"state.thisImage.triggerButtonAriaLabel\"\n\t\t\tdata-wp-init=\"callbacks.initTriggerButton\"\n\t\t\tdata-wp-on--click=\"actions.showLightbox\"\n\t\t\tdata-wp-style--right=\"state.thisImage.buttonRight\"\n\t\t\tdata-wp-style--top=\"state.thisImage.buttonTop\"\n\t\t>\n\t\t\t<svg xmlns=\"http:\/\/www.w3.org\/2000\/svg\" width=\"12\" height=\"12\" fill=\"none\" viewBox=\"0 0 12 12\">\n\t\t\t\t<path fill=\"#fff\" d=\"M2 0a2 2 0 0 0-2 2v2h1.5V2a.5.5 0 0 1 .5-.5h2V0H2Zm2 10.5H2a.5.5 0 0 1-.5-.5V8H0v2a2 2 0 0 0 2 2h2v-1.5ZM8 12v-1.5h2a.5.5 0 0 0 .5-.5V8H12v2a2 2 0 0 1-2 2H8Zm2-12a2 2 0 0 1 2 2v2h-1.5V2a.5.5 0 0 0-.5-.5H8V0h2Z\" \/>\n\t\t\t<\/svg>\n\t\t<\/button><figcaption class=\"wp-element-caption\">Foto: Bede735, CC BY-SA 4.0, Wikimedia Commons<\/figcaption><\/figure>\n\n\n\n<h3 class=\"wp-block-heading\"><span class=\"ez-toc-section\" id=\"3_Altana_z_piosenki_Sixteen_Going_on_Seventeen\"><\/span>3. Altana z piosenki Sixteen Going on Seventeen<span class=\"ez-toc-section-end\"><\/span><\/h3>\n\n\n\n<p class=\"wp-block-paragraph\">S\u0142ynna szklana altana, w kt\u00f3rej Liesl z Rolfem ta\u0144czyli w deszczu, jest dla wielu fan\u00f3w absolutnym punktem kulminacyjnym wizyty. Pierwotnie sta\u0142a nad jeziorem na terenie zamku Leopoldskron, ale z powodu ogromnego nap\u0142ywu turyst\u00f3w <strong>musia\u0142a przenie\u015b\u0107 si\u0119 w spokojniejsze miejsce<\/strong>. Dzi\u015b znajdziesz j\u0105 w rozleg\u0142ym publicznym parku tu\u017c obok zamku Hellbrunn na po\u0142udniowym kra\u0144cu miasta. Okolica altany otoczona jest zieleni\u0105 i oferuje idealn\u0105 kompozycj\u0119 do zdj\u0119\u0107.<\/p>\n\n\n\n<p class=\"wp-block-paragraph\">Tu\u017c obok tego ikonicznego pawilonu niedawno powsta\u0142o <strong>nowe multimedialne muzeum po\u015bwi\u0119cone kr\u0119ceniu filmu<\/strong>. Znajdziesz w nim mn\u00f3stwo ciekawych rekwizyt\u00f3w, interaktywne ekspozycje i historie zza kulis, kt\u00f3re uciesz\u0105 ka\u017cdego entuzjast\u0119. Fascynuj\u0105ce jest, ile pracy kosztowa\u0142o stworzenie iluzji deszczowej nocy, gdy w rzeczywisto\u015bci kr\u0119cono w ciep\u0142y letni dzie\u0144.<\/p>\n\n\n\n<p class=\"wp-block-paragraph\">Niestety musz\u0119 doda\u0107 jedn\u0105 smutn\u0105 wiadomo\u015b\u0107: do \u015brodka altany ze wzgl\u0119d\u00f3w bezpiecze\u0144stwa wej\u015b\u0107 nie mo\u017cna, bo lata temu jedna z odwiedzaj\u0105cych spr\u00f3bowa\u0142a na\u015bladowa\u0107 taneczny skok po \u0142awkach, dotkliwie si\u0119 zrani\u0142a i miasto wola\u0142o j\u0105 zamkn\u0105\u0107. Dzi\u015b mo\u017cesz wi\u0119c j\u0105 obejrze\u0107 i sfotografowa\u0107 tylko z zewn\u0105trz.<\/p>\n\n\n\n<p class=\"wp-block-paragraph\">\ud83d\udca1 Wskaz\u00f3wka: Cho\u0107 nie wejdziesz do \u015brodka, <strong>park przy Hellbrunn jest dost\u0119pny bezp\u0142atnie<\/strong> i oferuje do\u015b\u0107 przestrzeni, by\u015b zrobi\u0142 przy altanie pi\u0119kne zdj\u0119cia bez t\u0142umu obcych ludzi w kadrze. Idealnie po\u0142\u0105czy\u0107 wizyt\u0119 ze zwiedzaniem pobliskich igraszek wodnych.<\/p>\n\n\n\n<figure data-wp-context=\"{&quot;imageId&quot;:&quot;6a96697983a94&quot;}\" data-wp-interactive=\"core\/image\" data-wp-key=\"6a96697983a94\" class=\"wp-block-image size-full wp-lightbox-container\"><img decoding=\"async\" width=\"1280\" height=\"933\" data-wp-class--hide=\"state.isContentHidden\" data-wp-class--show=\"state.isContentVisible\" data-wp-init=\"callbacks.setButtonStyles\" data-wp-on--click=\"actions.showLightbox\" data-wp-on--load=\"callbacks.setButtonStyles\" data-wp-on--pointerdown=\"actions.preloadImage\" data-wp-on--pointerenter=\"actions.preloadImageWithDelay\" data-wp-on--pointerleave=\"actions.cancelPreload\" data-wp-on-window--resize=\"callbacks.setButtonStyles\" src=\"https:\/\/loudavymkrokem.cz\/wp-content\/uploads\/2026\/07\/hellbrunn-2.jpg\" alt=\"Psotne fontanny wodne w parku zamkowym Hellbrunn\" class=\"wp-image-350719\" title=\"\" srcset=\"https:\/\/loudavymkrokem.cz\/wp-content\/uploads\/2026\/07\/hellbrunn-2.jpg 1280w, https:\/\/loudavymkrokem.cz\/wp-content\/uploads\/2026\/07\/hellbrunn-2-300x219.jpg 300w, https:\/\/loudavymkrokem.cz\/wp-content\/uploads\/2026\/07\/hellbrunn-2-700x510.jpg 700w, https:\/\/loudavymkrokem.cz\/wp-content\/uploads\/2026\/07\/hellbrunn-2-768x560.jpg 768w, https:\/\/loudavymkrokem.cz\/wp-content\/uploads\/2026\/07\/hellbrunn-2-696x507.jpg 696w\" sizes=\"(max-width: 1280px) 100vw, 1280px\" \/><button\n\t\t\tclass=\"lightbox-trigger\"\n\t\t\ttype=\"button\"\n\t\t\taria-haspopup=\"dialog\"\n\t\t\tdata-wp-bind--aria-label=\"state.thisImage.triggerButtonAriaLabel\"\n\t\t\tdata-wp-init=\"callbacks.initTriggerButton\"\n\t\t\tdata-wp-on--click=\"actions.showLightbox\"\n\t\t\tdata-wp-style--right=\"state.thisImage.buttonRight\"\n\t\t\tdata-wp-style--top=\"state.thisImage.buttonTop\"\n\t\t>\n\t\t\t<svg xmlns=\"http:\/\/www.w3.org\/2000\/svg\" width=\"12\" height=\"12\" fill=\"none\" viewBox=\"0 0 12 12\">\n\t\t\t\t<path fill=\"#fff\" d=\"M2 0a2 2 0 0 0-2 2v2h1.5V2a.5.5 0 0 1 .5-.5h2V0H2Zm2 10.5H2a.5.5 0 0 1-.5-.5V8H0v2a2 2 0 0 0 2 2h2v-1.5ZM8 12v-1.5h2a.5.5 0 0 0 .5-.5V8H12v2a2 2 0 0 1-2 2H8Zm2-12a2 2 0 0 1 2 2v2h-1.5V2a.5.5 0 0 0-.5-.5H8V0h2Z\" \/>\n\t\t\t<\/svg>\n\t\t<\/button><figcaption class=\"wp-element-caption\">Foto: Zairon, CC BY-SA 4.0, Wikimedia Commons<\/figcaption><\/figure>\n\n\n\n<h3 class=\"wp-block-heading\"><span class=\"ez-toc-section\" id=\"4_Zamek_Hellbrunn_i_jego_psotne_fontanny\"><\/span>4. Zamek Hellbrunn i jego psotne fontanny<span class=\"ez-toc-section-end\"><\/span><\/h3>\n\n\n\n<p class=\"wp-block-paragraph\">Skoro ju\u017c b\u0119dziesz przy altanie, koniecznie nie pomijaj samego <strong>barokowego zamku Hellbrunn i jego s\u0142ynnych igraszek wodnych<\/strong>. Ten letni pa\u0142ac kaza\u0142 zbudowa\u0107 salzburski arcybiskup z jasnym celem \u2014 chcia\u0142 si\u0119 bawi\u0107 i zaskakiwa\u0107 swoich go\u015bci. Podczas kr\u0119cenia filmu dzieci-aktorzy sp\u0119dza\u0142y tu mn\u00f3stwo czasu i wed\u0142ug \u015bwiadk\u00f3w porz\u0105dnie tu szala\u0142y mi\u0119dzy fontannami.<\/p>\n\n\n\n<p class=\"wp-block-paragraph\">G\u0142\u00f3wn\u0105 atrakcj\u0105 s\u0105 bez w\u0105tpienia <strong>psotne fontanny, kt\u00f3re niezawodnie dzia\u0142aj\u0105 tu od ponad 400 lat<\/strong>. Podczas oprowadzania z przewodnikiem przejdziesz przez ogr\u00f3d pe\u0142en ukrytych dysz, mechanicznych teatrzyk\u00f3w i wodnych sztuczek. Woda tryska tu z kamiennych jeleni, ze schod\u00f3w i z niepozornych dziurek w chodniku. Zwiedzanie trwa nieca\u0142\u0105 godzin\u0119 i to niesamowita zabawa zar\u00f3wno dla doros\u0142ych, jak i dla dzieci.<\/p>\n\n\n\n<p class=\"wp-block-paragraph\">Aktualne godziny otwarcia i ceny bilet\u00f3w mo\u017cesz sprawdzi\u0107 bezpo\u015brednio na <a href=\"https:\/\/www.hellbrunn.at\" target=\"_blank\" rel=\"nofollow noopener\">stronie zamku Hellbrunn<\/a>. Bilet obejmuje zar\u00f3wno igraszki wodne, jak i zwiedzanie samego pa\u0142acu oraz ogromnego parku. Licz si\u0119 z tym, \u017ce igraszki wodne dzia\u0142aj\u0105 <strong>tylko sezonowo od kwietnia do pocz\u0105tku listopada<\/strong>.<\/p>\n\n\n\n<p class=\"wp-block-paragraph\">\ud83d\udca1 Wskaz\u00f3wka: Je\u015bli nie chcesz podczas zwiedzania fontann ca\u0142kiem przemokn\u0105\u0107, <strong>uwa\u017cnie obserwuj, gdzie st\u0105pa przewodnik<\/strong>. On dok\u0142adnie wie, gdzie ukryte s\u0105 dysze, i zawsze staje w jedynym bezpiecznym miejscu. Mimo to lepiej schowaj aparaty i telefony.<\/p>\n\n\n\n<figure data-wp-context=\"{&quot;imageId&quot;:&quot;6a96697983f39&quot;}\" data-wp-interactive=\"core\/image\" data-wp-key=\"6a96697983f39\" class=\"wp-block-image size-full wp-lightbox-container\"><img decoding=\"async\" width=\"1280\" height=\"853\" data-wp-class--hide=\"state.isContentHidden\" data-wp-class--show=\"state.isContentVisible\" data-wp-init=\"callbacks.setButtonStyles\" data-wp-on--click=\"actions.showLightbox\" data-wp-on--load=\"callbacks.setButtonStyles\" data-wp-on--pointerdown=\"actions.preloadImage\" data-wp-on--pointerenter=\"actions.preloadImageWithDelay\" data-wp-on--pointerleave=\"actions.cancelPreload\" data-wp-on-window--resize=\"callbacks.setButtonStyles\" src=\"https:\/\/loudavymkrokem.cz\/wp-content\/uploads\/2026\/07\/leopoldskron-2.jpg\" alt=\"Zamek Leopoldskron nad jeziorem Leopoldskroner Weiher\" class=\"wp-image-350726\" title=\"\" srcset=\"https:\/\/loudavymkrokem.cz\/wp-content\/uploads\/2026\/07\/leopoldskron-2.jpg 1280w, https:\/\/loudavymkrokem.cz\/wp-content\/uploads\/2026\/07\/leopoldskron-2-300x200.jpg 300w, https:\/\/loudavymkrokem.cz\/wp-content\/uploads\/2026\/07\/leopoldskron-2-700x466.jpg 700w, https:\/\/loudavymkrokem.cz\/wp-content\/uploads\/2026\/07\/leopoldskron-2-768x512.jpg 768w, https:\/\/loudavymkrokem.cz\/wp-content\/uploads\/2026\/07\/leopoldskron-2-696x464.jpg 696w\" sizes=\"(max-width: 1280px) 100vw, 1280px\" \/><button\n\t\t\tclass=\"lightbox-trigger\"\n\t\t\ttype=\"button\"\n\t\t\taria-haspopup=\"dialog\"\n\t\t\tdata-wp-bind--aria-label=\"state.thisImage.triggerButtonAriaLabel\"\n\t\t\tdata-wp-init=\"callbacks.initTriggerButton\"\n\t\t\tdata-wp-on--click=\"actions.showLightbox\"\n\t\t\tdata-wp-style--right=\"state.thisImage.buttonRight\"\n\t\t\tdata-wp-style--top=\"state.thisImage.buttonTop\"\n\t\t>\n\t\t\t<svg xmlns=\"http:\/\/www.w3.org\/2000\/svg\" width=\"12\" height=\"12\" fill=\"none\" viewBox=\"0 0 12 12\">\n\t\t\t\t<path fill=\"#fff\" d=\"M2 0a2 2 0 0 0-2 2v2h1.5V2a.5.5 0 0 1 .5-.5h2V0H2Zm2 10.5H2a.5.5 0 0 1-.5-.5V8H0v2a2 2 0 0 0 2 2h2v-1.5ZM8 12v-1.5h2a.5.5 0 0 0 .5-.5V8H12v2a2 2 0 0 1-2 2H8Zm2-12a2 2 0 0 1 2 2v2h-1.5V2a.5.5 0 0 0-.5-.5H8V0h2Z\" \/>\n\t\t\t<\/svg>\n\t\t<\/button><figcaption class=\"wp-element-caption\">Foto: ManfredK, CC BY-SA 4.0, Wikimedia Commons<\/figcaption><\/figure>\n\n\n\n<h3 class=\"wp-block-heading\"><span class=\"ez-toc-section\" id=\"5_Schloss_Leopoldskron_i_sceny_nad_jeziorem\"><\/span>5. Schloss Leopoldskron i sceny nad jeziorem<span class=\"ez-toc-section-end\"><\/span><\/h3>\n\n\n\n<p class=\"wp-block-paragraph\">Ten majestatyczny zamek pos\u0142u\u017cy\u0142 filmowcom jako <strong>tylna strona rodzinnej willi von Trapp\u00f3w<\/strong>. To w\u0142a\u015bnie tutaj znajduje si\u0119 s\u0142ynny taras, z kt\u00f3rego dzieci z Mari\u0105 wpad\u0142y z \u0142\u00f3dki do wody, pr\u00f3buj\u0105c przywita\u0107 barona. Pierwotnie nad tym jeziorem sta\u0142a te\u017c s\u0142ynna altana, zanim miasto wola\u0142o j\u0105 przenie\u015b\u0107. Widok na zamek ze spokojn\u0105 tafl\u0105 jeziora i alpejskimi szczytami w tle jest wprost zapieraj\u0105cy dech.<\/p>\n\n\n\n<p class=\"wp-block-paragraph\">Zamek jest dzi\u015b <strong>luksusowym hotelem i centrum konferencyjnym<\/strong>. Oferuje dziesi\u0105tki pokoi w s\u0105siedniej przybud\u00f3wce Meierhof i dwana\u015bcie ekskluzywnych apartament\u00f3w bezpo\u015brednio w historycznym pa\u0142acu. Orientacyjne ceny w 2024 roku zaczynaj\u0105 si\u0119 od 399 euro za pok\u00f3j dwuosobowy poza sezonem, podczas gdy za noc bezpo\u015brednio w pa\u0142acu zap\u0142acisz oko\u0142o 600 euro. Je\u015bli si\u0119 tu zatrzymasz, zyskasz dost\u0119p do przepi\u0119knej biblioteki Maxa Reinhardta, kt\u00f3ra mocno zainspirowa\u0142a filmowe wn\u0119trza.<\/p>\n\n\n\n<p class=\"wp-block-paragraph\">Zasadnicza informacja dla wszystkich podr\u00f3\u017cnych brzmi, \u017ce <strong>bez wa\u017cnej rezerwacji noclegu lub op\u0142aconego wydarzenia nie dostaniesz si\u0119 do \u015brodka<\/strong>. Zamek po prostu nie jest zwyk\u0142\u0105 publiczn\u0105 atrakcj\u0105. Szczeg\u00f3\u0142y o mo\u017cliwo\u015bciach noclegu znajdziesz na <a href=\"https:\/\/www.schloss-leopoldskron.com\" target=\"_blank\" rel=\"nofollow noopener\">stronie Schloss Leopoldskron<\/a>. Je\u015bli tu nie nocujesz, musisz zadowoli\u0107 si\u0119 widokiem z przeciwleg\u0142ego brzegu jeziora.<\/p>\n\n\n\n<p class=\"wp-block-paragraph\">\ud83d\udca1 Wskaz\u00f3wka: Nawet je\u015bli nie jeste\u015b go\u015bciem hotelu, mo\u017cesz przej\u015b\u0107 si\u0119 publiczn\u0105 \u015bcie\u017ck\u0105 wok\u00f3\u0142 jeziora Leopoldskroner Weiher. <strong>Z przeciwleg\u0142ego brzegu zrobisz najlepsze w og\u00f3le zdj\u0119cia zamku<\/strong> z g\u00f3rami w tle, i to ca\u0142kowicie za darmo.<\/p>\n\n\n\n<figure data-wp-context=\"{&quot;imageId&quot;:&quot;6a966979844c2&quot;}\" data-wp-interactive=\"core\/image\" data-wp-key=\"6a966979844c2\" class=\"wp-block-image size-full wp-lightbox-container\"><img decoding=\"async\" width=\"1280\" height=\"1071\" data-wp-class--hide=\"state.isContentHidden\" data-wp-class--show=\"state.isContentVisible\" data-wp-init=\"callbacks.setButtonStyles\" data-wp-on--click=\"actions.showLightbox\" data-wp-on--load=\"callbacks.setButtonStyles\" data-wp-on--pointerdown=\"actions.preloadImage\" data-wp-on--pointerenter=\"actions.preloadImageWithDelay\" data-wp-on--pointerleave=\"actions.cancelPreload\" data-wp-on-window--resize=\"callbacks.setButtonStyles\" src=\"https:\/\/loudavymkrokem.cz\/wp-content\/uploads\/2026\/07\/frohnburg-1.jpg\" alt=\"Front zamku Frohnburg, filmowa fasada willi von Trapp\u00f3w\" class=\"wp-image-350731\" title=\"\" srcset=\"https:\/\/loudavymkrokem.cz\/wp-content\/uploads\/2026\/07\/frohnburg-1.jpg 1280w, https:\/\/loudavymkrokem.cz\/wp-content\/uploads\/2026\/07\/frohnburg-1-300x251.jpg 300w, https:\/\/loudavymkrokem.cz\/wp-content\/uploads\/2026\/07\/frohnburg-1-700x586.jpg 700w, https:\/\/loudavymkrokem.cz\/wp-content\/uploads\/2026\/07\/frohnburg-1-768x643.jpg 768w, https:\/\/loudavymkrokem.cz\/wp-content\/uploads\/2026\/07\/frohnburg-1-696x582.jpg 696w\" sizes=\"(max-width: 1280px) 100vw, 1280px\" \/><button\n\t\t\tclass=\"lightbox-trigger\"\n\t\t\ttype=\"button\"\n\t\t\taria-haspopup=\"dialog\"\n\t\t\tdata-wp-bind--aria-label=\"state.thisImage.triggerButtonAriaLabel\"\n\t\t\tdata-wp-init=\"callbacks.initTriggerButton\"\n\t\t\tdata-wp-on--click=\"actions.showLightbox\"\n\t\t\tdata-wp-style--right=\"state.thisImage.buttonRight\"\n\t\t\tdata-wp-style--top=\"state.thisImage.buttonTop\"\n\t\t>\n\t\t\t<svg xmlns=\"http:\/\/www.w3.org\/2000\/svg\" width=\"12\" height=\"12\" fill=\"none\" viewBox=\"0 0 12 12\">\n\t\t\t\t<path fill=\"#fff\" d=\"M2 0a2 2 0 0 0-2 2v2h1.5V2a.5.5 0 0 1 .5-.5h2V0H2Zm2 10.5H2a.5.5 0 0 1-.5-.5V8H0v2a2 2 0 0 0 2 2h2v-1.5ZM8 12v-1.5h2a.5.5 0 0 0 .5-.5V8H12v2a2 2 0 0 1-2 2H8Zm2-12a2 2 0 0 1 2 2v2h-1.5V2a.5.5 0 0 0-.5-.5H8V0h2Z\" \/>\n\t\t\t<\/svg>\n\t\t<\/button><figcaption class=\"wp-element-caption\">Foto: Erge123 (talk), CC BY-SA 3.0 at, Wikimedia Commons<\/figcaption><\/figure>\n\n\n\n<h3 class=\"wp-block-heading\"><span class=\"ez-toc-section\" id=\"6_Schloss_Frohnburg_i_filmowa_fasada_willi\"><\/span>6. Schloss Frohnburg i filmowa fasada willi<span class=\"ez-toc-section-end\"><\/span><\/h3>\n\n\n\n<p class=\"wp-block-paragraph\">Je\u015bli Leopoldskron przedstawia\u0142 tyln\u0105 cz\u0119\u015b\u0107 domu, to <strong>Schloss Frohnburg z XVII wieku pos\u0142u\u017cy\u0142 jako przednia fasada<\/strong>. Tutaj kr\u0119cono sceny z wielk\u0105 kut\u0105 bram\u0105, do kt\u00f3rej Maria przychodzi po raz pierwszy z gitar\u0105 w r\u0119ku i \u015bpiewa piosenk\u0119 I Have Confidence. T\u0119dy te\u017c rodzina po cichu pcha samoch\u00f3d, pr\u00f3buj\u0105c uciec przed nazistami podczas napi\u0119tej wieczornej ucieczki.<\/p>\n\n\n\n<p class=\"wp-block-paragraph\">Ten zameczek le\u017cy w spokojnej dzielnicy rezydencjonalnej niedaleko centrum. Dzi\u015b w jego wn\u0119trzach <strong>mie\u015bci si\u0119 uniwersytet muzyczny Mozarteum i s\u0142u\u017cy jako akademiki studenckie<\/strong>. Z tego powodu wn\u0119trze budynku i przyleg\u0142y ogr\u00f3d s\u0105 dla zwiedzaj\u0105cych zwykle ca\u0142kowicie niedost\u0119pne. Musisz wi\u0119c zadowoli\u0107 si\u0119 jedynie widokiem od strony g\u0142\u00f3wnej ulicy.<\/p>\n\n\n\n<p class=\"wp-block-paragraph\">Droga do zamku jest bardzo przyjemna, prowadzi tu <strong>przepi\u0119kna kasztanowa aleja o nazwie Hellbrunner Allee<\/strong>. Mo\u017cesz si\u0119 tu wybra\u0107 pieszo lub rowerem po drodze z centrum w kierunku zamku Hellbrunn. To \u015bwietne miejsce na szybki przystanek i sfotografowanie s\u0142ynnej bramy.<\/p>\n\n\n\n<p class=\"wp-block-paragraph\">\ud83d\udca1 Wskaz\u00f3wka: Spr\u00f3buj trafi\u0107 na okres, gdy studenci maj\u0105 otwarte okna. Cz\u0119sto <strong>us\u0142yszysz z nich \u0107wicz\u0105cych przysz\u0142ych \u015bpiewak\u00f3w operowych lub skrzypk\u00f3w<\/strong>, co dodaje wizycie w filmowym miejscu kolejnego pi\u0119knego muzycznego wymiaru.<\/p>\n\n\n\n<figure data-wp-context=\"{&quot;imageId&quot;:&quot;6a96697984932&quot;}\" data-wp-interactive=\"core\/image\" data-wp-key=\"6a96697984932\" class=\"wp-block-image size-full wp-lightbox-container\"><img decoding=\"async\" width=\"1280\" height=\"719\" data-wp-class--hide=\"state.isContentHidden\" data-wp-class--show=\"state.isContentVisible\" data-wp-init=\"callbacks.setButtonStyles\" data-wp-on--click=\"actions.showLightbox\" data-wp-on--load=\"callbacks.setButtonStyles\" data-wp-on--pointerdown=\"actions.preloadImage\" data-wp-on--pointerenter=\"actions.preloadImageWithDelay\" data-wp-on--pointerleave=\"actions.cancelPreload\" data-wp-on-window--resize=\"callbacks.setButtonStyles\" src=\"https:\/\/loudavymkrokem.cz\/wp-content\/uploads\/2026\/07\/leopoldskron-1.jpg\" alt=\"Salzburg z alpejsk\u0105 panoram\u0105 w tle\" class=\"wp-image-350739\" title=\"\" srcset=\"https:\/\/loudavymkrokem.cz\/wp-content\/uploads\/2026\/07\/leopoldskron-1.jpg 1280w, https:\/\/loudavymkrokem.cz\/wp-content\/uploads\/2026\/07\/leopoldskron-1-300x169.jpg 300w, https:\/\/loudavymkrokem.cz\/wp-content\/uploads\/2026\/07\/leopoldskron-1-700x393.jpg 700w, https:\/\/loudavymkrokem.cz\/wp-content\/uploads\/2026\/07\/leopoldskron-1-768x431.jpg 768w, https:\/\/loudavymkrokem.cz\/wp-content\/uploads\/2026\/07\/leopoldskron-1-696x391.jpg 696w\" sizes=\"(max-width: 1280px) 100vw, 1280px\" \/><button\n\t\t\tclass=\"lightbox-trigger\"\n\t\t\ttype=\"button\"\n\t\t\taria-haspopup=\"dialog\"\n\t\t\tdata-wp-bind--aria-label=\"state.thisImage.triggerButtonAriaLabel\"\n\t\t\tdata-wp-init=\"callbacks.initTriggerButton\"\n\t\t\tdata-wp-on--click=\"actions.showLightbox\"\n\t\t\tdata-wp-style--right=\"state.thisImage.buttonRight\"\n\t\t\tdata-wp-style--top=\"state.thisImage.buttonTop\"\n\t\t>\n\t\t\t<svg xmlns=\"http:\/\/www.w3.org\/2000\/svg\" width=\"12\" height=\"12\" fill=\"none\" viewBox=\"0 0 12 12\">\n\t\t\t\t<path fill=\"#fff\" d=\"M2 0a2 2 0 0 0-2 2v2h1.5V2a.5.5 0 0 1 .5-.5h2V0H2Zm2 10.5H2a.5.5 0 0 1-.5-.5V8H0v2a2 2 0 0 0 2 2h2v-1.5ZM8 12v-1.5h2a.5.5 0 0 0 .5-.5V8H12v2a2 2 0 0 1-2 2H8Zm2-12a2 2 0 0 1 2 2v2h-1.5V2a.5.5 0 0 0-.5-.5H8V0h2Z\" \/>\n\t\t\t<\/svg>\n\t\t<\/button><figcaption class=\"wp-element-caption\">Foto: Arne M\u00fcseler, CC BY-SA 3.0 de, Wikimedia Commons<\/figcaption><\/figure>\n\n\n\n<h3 class=\"wp-block-heading\"><span class=\"ez-toc-section\" id=\"7_Villa_Trapp_w_Aigen_prawdziwy_dom_rodziny\"><\/span>7. Villa Trapp w Aigen: prawdziwy dom rodziny<span class=\"ez-toc-section-end\"><\/span><\/h3>\n\n\n\n<p class=\"wp-block-paragraph\">Podczas gdy filmowa willa jest hollywoodzk\u0105 iluzj\u0105, <strong>prawdziwa Villa Trapp naprawd\u0119 istnieje i stoi w dzielnicy Aigen<\/strong>. W tym przestronnym domu z du\u017cym parkiem realna rodzina von Trapp mieszka\u0142a w latach 1923\u20131938. Budynek ma fascynuj\u0105c\u0105 i zarazem mroczn\u0105 histori\u0119, bo po ucieczce rodziny do Ameryki will\u0119 zaj\u0105\u0142 nazistowski dygnitarz Heinrich Himmler i urz\u0105dzi\u0142 sobie w niej letni\u0105 rezydencj\u0119.<\/p>\n\n\n\n<p class=\"wp-block-paragraph\">Od ko\u0144ca wojny a\u017c do 2008 roku willa by\u0142a dla zwiedzaj\u0105cych \u015bci\u015ble zamkni\u0119ta. Potem sta\u0142a si\u0119 <strong>butikowym hotelem<\/strong>, gdzie mo\u017cna by\u0142o przenocowa\u0107 w oryginalnych pokojach rodziny, nawet w apartamencie, w kt\u00f3rym mieszka\u0142a sama Maria Augusta von Trapp, gdy przyby\u0142a do domu jako m\u0142oda guwernantka.<\/p>\n\n\n\n<p class=\"wp-block-paragraph\">\u26a0\ufe0f <strong>Przed podr\u00f3\u017c\u0105 sprawd\u017a, czy obiekt dzia\u0142a.<\/strong> Informacje aktualnie si\u0119 rozchodz\u0105: portale rezerwacyjne wci\u0105\u017c oferuj\u0105 will\u0119, inne \u017ar\u00f3d\u0142a podaj\u0105 j\u0105 jako zamkni\u0119t\u0105 dla zwiedzaj\u0105cych. Je\u015bli planujesz podr\u00f3\u017c w\u0142a\u015bnie dla niej, napisz wcze\u015bniej bezpo\u015brednio do w\u0142a\u015bcicieli i nie polegaj na portalach.<\/p>\n\n\n\n<p class=\"wp-block-paragraph\">Do willi dostaniesz si\u0119 bardzo \u0142atwo, wystarczy wsi\u0105\u015b\u0107 do lokalnego poci\u0105gu i wysi\u0105\u015b\u0107 na przystanku Aigen, kt\u00f3ry le\u017cy tu\u017c obok parku. To w\u0142a\u015bnie z tego ma\u0142ego przystanku <strong>prawdziwa rodzina odjecha\u0142a poci\u0105giem do W\u0142och<\/strong>, co ca\u0142kowicie obala filmowy mit o dramatycznym nocnym marszu przez o\u015bnie\u017cone g\u00f3ry.<\/p>\n\n\n\n<p class=\"wp-block-paragraph\">\ud83d\udca1 Wskaz\u00f3wka: Je\u015bli nie chcesz si\u0119 w hotelu bezpo\u015brednio zatrzymywa\u0107, <strong>mo\u017cesz op\u0142aci\u0107 oprowadzanie po domu i parku<\/strong>. Takie wycieczki odbywaj\u0105 si\u0119 regularnie i dowiesz si\u0119 na nich niewiarygodnych szczeg\u00f3\u0142\u00f3w o prawdziwym \u017cyciu rodziny, kt\u00f3re w og\u00f3le nie trafi\u0142y do filmu.<\/p>\n\n\n\n<figure data-wp-context=\"{&quot;imageId&quot;:&quot;6a96697984fe9&quot;}\" data-wp-interactive=\"core\/image\" data-wp-key=\"6a96697984fe9\" class=\"wp-block-image size-full wp-lightbox-container\"><img decoding=\"async\" width=\"1280\" height=\"853\" data-wp-class--hide=\"state.isContentHidden\" data-wp-class--show=\"state.isContentVisible\" data-wp-init=\"callbacks.setButtonStyles\" data-wp-on--click=\"actions.showLightbox\" data-wp-on--load=\"callbacks.setButtonStyles\" data-wp-on--pointerdown=\"actions.preloadImage\" data-wp-on--pointerenter=\"actions.preloadImageWithDelay\" data-wp-on--pointerleave=\"actions.cancelPreload\" data-wp-on-window--resize=\"callbacks.setButtonStyles\" src=\"https:\/\/loudavymkrokem.cz\/wp-content\/uploads\/2026\/07\/mondsee-0.jpg\" alt=\"Bazylika \u015bw. Micha\u0142a w Mondsee, gdzie kr\u0119cono filmowy \u015blub\" class=\"wp-image-350749\" title=\"\" srcset=\"https:\/\/loudavymkrokem.cz\/wp-content\/uploads\/2026\/07\/mondsee-0.jpg 1280w, https:\/\/loudavymkrokem.cz\/wp-content\/uploads\/2026\/07\/mondsee-0-300x200.jpg 300w, https:\/\/loudavymkrokem.cz\/wp-content\/uploads\/2026\/07\/mondsee-0-700x466.jpg 700w, https:\/\/loudavymkrokem.cz\/wp-content\/uploads\/2026\/07\/mondsee-0-768x512.jpg 768w, https:\/\/loudavymkrokem.cz\/wp-content\/uploads\/2026\/07\/mondsee-0-696x464.jpg 696w\" sizes=\"(max-width: 1280px) 100vw, 1280px\" \/><button\n\t\t\tclass=\"lightbox-trigger\"\n\t\t\ttype=\"button\"\n\t\t\taria-haspopup=\"dialog\"\n\t\t\tdata-wp-bind--aria-label=\"state.thisImage.triggerButtonAriaLabel\"\n\t\t\tdata-wp-init=\"callbacks.initTriggerButton\"\n\t\t\tdata-wp-on--click=\"actions.showLightbox\"\n\t\t\tdata-wp-style--right=\"state.thisImage.buttonRight\"\n\t\t\tdata-wp-style--top=\"state.thisImage.buttonTop\"\n\t\t>\n\t\t\t<svg xmlns=\"http:\/\/www.w3.org\/2000\/svg\" width=\"12\" height=\"12\" fill=\"none\" viewBox=\"0 0 12 12\">\n\t\t\t\t<path fill=\"#fff\" d=\"M2 0a2 2 0 0 0-2 2v2h1.5V2a.5.5 0 0 1 .5-.5h2V0H2Zm2 10.5H2a.5.5 0 0 1-.5-.5V8H0v2a2 2 0 0 0 2 2h2v-1.5ZM8 12v-1.5h2a.5.5 0 0 0 .5-.5V8H12v2a2 2 0 0 1-2 2H8Zm2-12a2 2 0 0 1 2 2v2h-1.5V2a.5.5 0 0 0-.5-.5H8V0h2Z\" \/>\n\t\t\t<\/svg>\n\t\t<\/button><figcaption class=\"wp-element-caption\">Foto: Thomas Ledl, CC BY-SA 4.0, Wikimedia Commons<\/figcaption><\/figure>\n\n\n\n<h3 class=\"wp-block-heading\"><span class=\"ez-toc-section\" id=\"8_Bazylika_w_Mondsee_i_slynny_slub\"><\/span>8. Bazylika w Mondsee i s\u0142ynny \u015blub<span class=\"ez-toc-section-end\"><\/span><\/h3>\n\n\n\n<p class=\"wp-block-paragraph\">Cho\u0107 wi\u0119kszo\u015b\u0107 akcji rozgrywa si\u0119 bezpo\u015brednio w Salzburgu, na nakr\u0119cenie romantycznej sceny \u015blubu filmowcy wybrali si\u0119 jakie\u015b trzydzie\u015bci kilometr\u00f3w na wsch\u00f3d. W malowniczym miasteczku nad jeziorem o tej samej nazwie stoi <strong>przepi\u0119kna bazylika \u015bw. Micha\u0142a w Mondsee<\/strong>, kt\u00f3rej \u017c\u00f3\u0142ta fasada i bogato zdobione wn\u0119trze na pewno pami\u0119tasz ze wspania\u0142ej sceny, gdy Maria kroczy naw\u0105 do barona.<\/p>\n\n\n\n<p class=\"wp-block-paragraph\">Ko\u015bci\u00f3\u0142 jest bardzo dobrze utrzymany i <strong>przez ca\u0142y rok bezp\u0142atnie dost\u0119pny dla zwiedzaj\u0105cych<\/strong>. W \u015brodku mo\u017cesz podziwia\u0107 wspania\u0142e o\u0142tarze i przej\u015b\u0107 dok\u0142adnie tymi miejscami, kt\u00f3rymi kroczy\u0142a filmowa bohaterka. Miasteczko Mondsee samo w sobie jest niezmiernie urokliwe i oferuje mn\u00f3stwo przyjemnych kawiarni, gdzie mo\u017cesz delektowa\u0107 si\u0119 kaw\u0105 i s\u0142ynnym austriackim strudlem jab\u0142kowym.<\/p>\n\n\n\n<p class=\"wp-block-paragraph\">Je\u015bli przyjedziesz w miesi\u0105cach letnich, <strong>koniecznie spakuj str\u00f3j k\u0105pielowy<\/strong>. Jezioro Mondsee nale\u017cy do najcieplejszych w ca\u0142ym regionie, a k\u0105piel w krystalicznie czystej wodzie z widokiem na majestatyczn\u0105 g\u00f3r\u0119 Schafberg to prze\u017cycie, kt\u00f3rego nie powiniene\u015b sobie odm\u00f3wi\u0107.<\/p>\n\n\n\n<p class=\"wp-block-paragraph\">\ud83d\udca1 Wskaz\u00f3wka: Do bazyliki dojedziesz samochodem autostrad\u0105 w jakie\u015b p\u00f3\u0142 godziny. Je\u015bli nie masz auta, kursuj\u0105 tu <strong>regularne linie autobusowe bezpo\u015brednio z salzburskiego dworca g\u0142\u00f3wnego<\/strong>. Podr\u00f3\u017c autobusem trwa nieca\u0142\u0105 godzin\u0119 i oferuje pi\u0119kne widoki na krajobraz.<\/p>\n\n\n\n<figure data-wp-context=\"{&quot;imageId&quot;:&quot;6a966979855d2&quot;}\" data-wp-interactive=\"core\/image\" data-wp-key=\"6a966979855d2\" class=\"wp-block-image size-full wp-lightbox-container\"><img decoding=\"async\" width=\"1280\" height=\"431\" data-wp-class--hide=\"state.isContentHidden\" data-wp-class--show=\"state.isContentVisible\" data-wp-init=\"callbacks.setButtonStyles\" data-wp-on--click=\"actions.showLightbox\" data-wp-on--load=\"callbacks.setButtonStyles\" data-wp-on--pointerdown=\"actions.preloadImage\" data-wp-on--pointerenter=\"actions.preloadImageWithDelay\" data-wp-on--pointerleave=\"actions.cancelPreload\" data-wp-on-window--resize=\"callbacks.setButtonStyles\" src=\"https:\/\/loudavymkrokem.cz\/wp-content\/uploads\/2026\/07\/felsenb-1.jpg\" alt=\"Budynek salzburskiego domu festiwalowego przy Hofstallgasse\" class=\"wp-image-350759\" title=\"\" srcset=\"https:\/\/loudavymkrokem.cz\/wp-content\/uploads\/2026\/07\/felsenb-1.jpg 1280w, https:\/\/loudavymkrokem.cz\/wp-content\/uploads\/2026\/07\/felsenb-1-300x101.jpg 300w, https:\/\/loudavymkrokem.cz\/wp-content\/uploads\/2026\/07\/felsenb-1-700x236.jpg 700w, https:\/\/loudavymkrokem.cz\/wp-content\/uploads\/2026\/07\/felsenb-1-768x259.jpg 768w, https:\/\/loudavymkrokem.cz\/wp-content\/uploads\/2026\/07\/felsenb-1-696x234.jpg 696w\" sizes=\"(max-width: 1280px) 100vw, 1280px\" \/><button\n\t\t\tclass=\"lightbox-trigger\"\n\t\t\ttype=\"button\"\n\t\t\taria-haspopup=\"dialog\"\n\t\t\tdata-wp-bind--aria-label=\"state.thisImage.triggerButtonAriaLabel\"\n\t\t\tdata-wp-init=\"callbacks.initTriggerButton\"\n\t\t\tdata-wp-on--click=\"actions.showLightbox\"\n\t\t\tdata-wp-style--right=\"state.thisImage.buttonRight\"\n\t\t\tdata-wp-style--top=\"state.thisImage.buttonTop\"\n\t\t>\n\t\t\t<svg xmlns=\"http:\/\/www.w3.org\/2000\/svg\" width=\"12\" height=\"12\" fill=\"none\" viewBox=\"0 0 12 12\">\n\t\t\t\t<path fill=\"#fff\" d=\"M2 0a2 2 0 0 0-2 2v2h1.5V2a.5.5 0 0 1 .5-.5h2V0H2Zm2 10.5H2a.5.5 0 0 1-.5-.5V8H0v2a2 2 0 0 0 2 2h2v-1.5ZM8 12v-1.5h2a.5.5 0 0 0 .5-.5V8H12v2a2 2 0 0 1-2 2H8Zm2-12a2 2 0 0 1 2 2v2h-1.5V2a.5.5 0 0 0-.5-.5H8V0h2Z\" \/>\n\t\t\t<\/svg>\n\t\t<\/button><figcaption class=\"wp-element-caption\">Foto: User:Mateus2019, CC BY-SA 4.0, Wikimedia Commons<\/figcaption><\/figure>\n\n\n\n<!-- LKM_GYG_CARD start q=\"music lokace\" lang=\"pl\" rendered=\"2026-09-01T04:33:07+00:00\" v=\"1\" -->\n<style id=\"lk-gyg-styles\">\n@import url(\"https:\/\/fonts.googleapis.com\/css2?family=Playfair+Display:wght@700&family=DM+Sans:wght@300;400;500;600&display=swap\");\n\/* === LK GYG karty \u2014 CRO redesign 2026-05 (namespace .lkx-) ===\n   C\u00edl: vy\u0161\u0161\u00ed CTR (hero + v\u00fdrazn\u00fd social proof + ak\u010dn\u00ed CTA, m\u00e9n\u011b \"reklamn\u00ed\").\n   Injektuje se inline do prvn\u00edho markeru postu (refresh_cards.py --inline-css). *\/\n.lkx-module, .lkx-module *{box-sizing:border-box;margin:0;padding:0}\n.lkx-module{\n  font-family:'DM Sans',-apple-system,Segoe UI,Roboto,Georgia,sans-serif;\n  max-width:860px;margin:2.5rem auto;color:#1f2328;\n}\n\n\/* HEADER \u2014 lehk\u00fd editorsk\u00fd, \u017e\u00e1dn\u00fd bannerov\u00fd blok; nadpis + popisek pod n\u00edm *\/\n.lkx-head{margin-bottom:16px}\n.lkx-head-main{display:flex;align-items:center;gap:10px}\n.lkx-head-accent{width:26px;height:3px;border-radius:2px;background:#c39f76;flex-shrink:0}\n.lkx-head-title{font-family:'Playfair Display',Georgia,serif;font-size:21px;font-weight:700;color:#1a1a1a;line-height:1.25}\n.lkx-head-meta{display:block;font-size:11px;letter-spacing:.3px;color:#9aa0a6;margin-top:4px;margin-left:36px}\n\n\/* HERO *\/\n.lkx-hero{display:grid;grid-template-columns:300px 1fr;background:#fff;border:1px solid #ece7df;border-radius:14px;overflow:hidden;text-decoration:none!important;color:inherit;box-shadow:0 6px 20px rgba(0,0,0,.06);transition:box-shadow .2s,transform .2s;margin-bottom:14px}\n.lkx-hero:hover{box-shadow:0 12px 30px rgba(0,0,0,.12);transform:translateY(-2px)}\n.lkx-hero-img{position:relative;min-height:230px;background-size:cover;background-position:center;background-color:#eee}\n.lkx-hero-body{padding:22px 24px;display:flex;flex-direction:column}\n.lkx-pick{position:absolute;top:12px;left:12px;background:#1a1a1a;color:#fff;font-size:11px;font-weight:700;letter-spacing:.5px;padding:5px 11px;border-radius:20px}\n\n\/* TITLE *\/\n.lkx-title{font-size:19px;font-weight:700;color:#161616;line-height:1.3}\n.lkx-title-sm{font-size:14.5px;line-height:1.35;display:-webkit-box;-webkit-line-clamp:2;-webkit-box-orient:vertical;overflow:hidden}\n\n\/* SOCIAL PROOF \u2014 v\u00fdrazn\u011b, naho\u0159e *\/\n.lkx-proof{display:flex;align-items:center;gap:7px;margin-top:12px;font-size:15px;color:#3a3a3a}\n.lkx-proof b{font-size:16px;color:#161616}\n.lkx-stars{color:#f5a623;letter-spacing:1px}\n.lkx-proof-sm{font-size:12.5px;margin-top:8px;gap:5px}\n.lkx-proof-sm b{font-size:13px}\n.lkx-proof-new{color:#3685fc;font-weight:600}\n\n\/* PRICE \u2014 n\u00edzk\u00e1 kotva *\/\n.lkx-price{font-size:14px;color:#6b7280}\n.lkx-price b{font-size:20px;color:#161616;font-weight:700}\n.lkx-price-sm b{font-size:15px}\n\n\/* CTA \u2014 tepl\u00e9 ak\u010dn\u00ed tla\u010d\u00edtko *\/\n.lkx-cta{display:inline-flex;align-items:center;justify-content:center;text-decoration:none!important;font-weight:700;color:#fff!important;background:linear-gradient(135deg,#f6743f,#e8552a);border-radius:10px;box-shadow:0 6px 16px rgba(232,85,42,.32);transition:box-shadow .2s}\n.lkx-cta-hero{font-size:15px;padding:13px 22px}\n.lkx-hero:hover .lkx-cta-hero{box-shadow:0 8px 22px rgba(232,85,42,.45)}\n.lkx-cta-sm{font-size:12.5px;padding:9px 14px;width:100%;margin-top:2px}\n.lkx-hero-bottom{margin-top:auto;padding-top:18px;display:flex;align-items:center;justify-content:space-between;gap:14px;flex-wrap:wrap}\n\n\/* BADGE \u2014 jeden v\u00fdrazn\u00fd na fotce *\/\n.lkx-badge{position:absolute;top:12px;right:12px;font-size:10.5px;font-weight:700;letter-spacing:.3px;padding:5px 10px;border-radius:16px;color:#fff}\n.lkx-badge.badge-urgency{background:rgba(214,40,40,.92)}\n.lkx-badge.badge-new{background:rgba(54,133,252,.92)}\n.lkx-badge.badge-top{background:rgba(195,159,118,.95)}\n.lkx-badge.badge-info{background:rgba(40,40,40,.78)}\n\n\/* SECONDARY GRID *\/\n.lkx-grid{display:grid;grid-template-columns:1fr 1fr;gap:14px}\n.lkx-card{background:#fff;border:1px solid #ece7df;border-radius:14px;overflow:hidden;text-decoration:none!important;color:inherit;box-shadow:0 4px 14px rgba(0,0,0,.05);display:flex;flex-direction:column;transition:box-shadow .2s,transform .2s}\n.lkx-card:hover{box-shadow:0 10px 24px rgba(0,0,0,.1);transform:translateY(-2px)}\n.lkx-card-img{position:relative;aspect-ratio:16\/10;background-size:cover;background-position:center;background-color:#eee}\n.lkx-card-body{padding:14px 16px 16px;display:flex;flex-direction:column;gap:7px;flex:1}\n.lkx-card-bottom{margin-top:auto;padding-top:10px;display:flex;align-items:center;justify-content:space-between;gap:8px}\n\n\/* DISCLOSURE \u2014 drobn\u00e1, kv\u016fli d\u016fv\u011b\u0159e\/z\u00e1konu *\/\n.lkx-disclosure{font-size:11px;color:#a7adb3;text-align:center;margin-top:14px;line-height:1.6}\n.lkx-disclosure a{color:#c39f76;text-decoration:none}\n\n@media(max-width:680px){\n  .lkx-hero{grid-template-columns:1fr}\n  .lkx-hero-img{min-height:180px}\n  .lkx-grid{grid-template-columns:1fr}\n  .lkx-head-meta{margin-left:0;width:100%}\n  .lkx-head-title{font-size:19px}\n}\n\n<\/style>\n<div class=\"lkx-module\" data-query=\"music lokace\">\n  <div class=\"lkx-head\">\n    <div class=\"lkx-head-main\">\n      <span class=\"lkx-head-accent\"><\/span>\n      <span class=\"lkx-head-title\">Atrakcje i bilety<\/span>\n    <\/div>\n    <span class=\"lkx-head-meta\">oceniane przez podr\u00f3\u017cnych \u00b7 GetYourGuide<\/span>\n  <\/div><a class=\"lkx-hero\" href=\"https:\/\/www.getyourguide.com\/pl-pl\/salzburg-l4\/oryginalna-trasa-koncertowa-dzwieki-muzyki-t722\/?partner_id=MKZ64IS&amp;utm_medium=online_publisher&amp;cmp=salzburg-austria-filmowe-lokacje\" target=\"_blank\" rel=\"sponsored noopener nofollow\">\n    <div class=\"lkx-hero-img\" style=\"background-image:url('https:\/\/cdn.getyourguide.com\/img\/tour\/c85ae41b3f4ffc84.jpeg\/132.jpg')\" role=\"img\" aria-label=\"Salzburg: Original Sound of Music Tour\">\n      <span class=\"lkx-pick\">\u2605 Nasz wyb\u00f3r<\/span><\/div>\n    <div class=\"lkx-hero-body\">\n      <div class=\"lkx-title\">Salzburg: Original Sound of Music Tour<\/div>\n      <div class=\"lkx-proof\">\n      <span class=\"lkx-stars\">\u2605\u2605\u2605\u2605\u2605<\/span>\n      <b>4.8<\/b> \u00b7 5 984 opinii\n    <\/div>\n      <div class=\"lkx-hero-bottom\"><div class=\"lkx-price\">od <b>75\u00a0EUR<\/b><\/div><span class=\"lkx-cta lkx-cta-hero\">Chc\u0119 tego do\u015bwiadczy\u0107 \u2192<\/span>\n      <\/div>\n    <\/div>\n  <\/a><div class=\"lkx-disclosure\">\ud83d\udd17 Linki afiliacyjne \u2014 nie zmieniaj\u0105 ceny dla Ciebie, pomagaj\u0105 nam tworzy\u0107 tre\u015bci. \u00b7 <a href=\"https:\/\/www.getyourguide.com\/pl-pl\/s\/?q=music+lokace&amp;partner_id=MKZ64IS&amp;utm_medium=online_publisher\" target=\"_blank\" rel=\"sponsored noopener nofollow\">Wszystkie atrakcje \u2192<\/a><\/div>\n<\/div>\n<!-- LKM_GYG_CARD end -->\n\n\n\n\n<div class=\"lk-stays-module\">\n<style>\n\/* \u2500\u2500\u2500 RESET PRO GUTENBERG \u2500\u2500\u2500 *\/\n.lk-stays-module * { box-sizing: border-box; margin: 0; padding: 0; }\n\n\/* \u2500\u2500\u2500 WRAPPER \u2500\u2500\u2500 *\/\n.lk-stays-module {\n  font-family: 'DM Sans', Georgia, sans-serif;\n  max-width: 100%;\n  margin: 2.5rem auto;\n  background: linear-gradient(135deg, #fdfaf5 0%, #fcf8f0 100%);\n  border: 1px solid #e8dfd4;\n  border-radius: 16px;\n  overflow: hidden;\n  box-shadow: 0 16px 48px rgba(195, 159, 118, 0.25), 0 4px 12px rgba(0,0,0,0.08);\n}\n\n\/* \u2500\u2500\u2500 HEADER \u2500\u2500\u2500 *\/\n.lk-stays-header {\n  position: relative;\n  padding: 24px 36px 24px;\n  background: linear-gradient(135deg, #c39f76 0%, #d4b188 60%, #c39f76 100%);\n  border-bottom: 1px solid rgba(255,255,255,.15);\n  display: flex;\n  align-items: center;\n  gap: 18px;\n}\n.lk-stays-header::before {\n  content: '';\n  position: absolute;\n  inset: 0;\n  background: url(\"data:image\/svg+xml,%3Csvg width='60' height='60' viewBox='0 0 60 60' xmlns='http:\/\/www.w3.org\/2000\/svg'%3E%3Cg fill='none' fill-rule='evenodd'%3E%3Cg fill='%23ffffff' fill-opacity='0.05'%3E%3Cpath d='M36 34v-4h-2v4h-4v2h4v4h2v-4h4v-2h-4zm0-30V0h-2v4h-4v2h4v4h2V6h4V4h-4zM6 34v-4H4v4H0v2h4v4h2v-4h4v-2H6zM6 4V0H4v4H0v2h4v4h2V6h4V4H6z'\/%3E%3C\/g%3E%3C\/g%3E%3C\/svg%3E\") repeat;\n  pointer-events: none;\n}\n.lk-stays-icon {\n  flex-shrink: 0;\n  width: 68px;\n  height: 68px;\n  border-radius: 14px;\n  background: linear-gradient(135deg, #fff 0%, #f9f6f0 100%);\n  display: flex;\n  align-items: center;\n  justify-content: center;\n  font-size: 26px;\n  box-shadow: 0 4px 12px rgba(0,0,0,0.15);\n}\n.lk-stays-eyebrow {\n  font-size: 10px;\n  font-weight: 500;\n  letter-spacing: 2.5px;\n  text-transform: uppercase;\n  color: rgba(255,255,255,.85);\n  margin: 0 0 5px 0;\n}\n.lk-stays-title {\n  font-family: 'Playfair Display', Georgia, serif;\n  font-size: 24px;\n  font-weight: 700;\n  color: #fff;\n  line-height: 1.2;\n  text-shadow: 0 1px 2px rgba(0,0,0,0.1);\n  margin: 0;\n}\n.lk-stays-subtitle {\n  font-size: 13px;\n  color: rgba(255,255,255,.75);\n  margin: 4px 0 0 0;\n  font-weight: 300;\n}\n\n\/* \u2500\u2500\u2500 CARDS GRID \u2500\u2500\u2500 *\/\n.lk-stays-grid {\n  display: grid;\n  grid-template-columns: 1fr 1fr;\n  gap: 1px;\n  background: rgba(195, 159, 118, 0.12);\n}\n\n\/* \u2500\u2500\u2500 SINGLE CARD \u2500\u2500\u2500 *\/\n.lk-stay-card {\n  background: #ffffff;\n  padding: 26px;\n  display: flex;\n  flex-direction: column;\n  gap: 11px;\n  transition: all 0.3s ease;\n  text-decoration: none;\n  color: inherit;\n  position: relative;\n}\n.lk-stay-card:hover {\n  background: #fffbf5;\n  transform: translateY(-2px);\n  box-shadow: 0 8px 24px rgba(195, 159, 118, 0.18);\n  z-index: 1;\n}\n.lk-stay-card.featured {\n  background: linear-gradient(135deg, #fffdf9 0%, #fff9f0 100%);\n  box-shadow: 0 4px 16px rgba(195, 159, 118, 0.15), inset 0 1px 0 rgba(195, 159, 118, 0.1);\n}\n.lk-stay-card.featured:hover {\n  background: linear-gradient(135deg, #fffbf5 0%, #fff8ed 100%);\n  box-shadow: 0 8px 24px rgba(195, 159, 118, 0.25), inset 0 1px 0 rgba(195, 159, 118, 0.15);\n}\n\n.lk-stay-badge {\n  display: inline-flex;\n  align-items: center;\n  gap: 5px;\n  font-size: 10px;\n  font-weight: 500;\n  letter-spacing: 1.5px;\n  text-transform: uppercase;\n  padding: 5px 11px;\n  border-radius: 20px;\n  width: fit-content;\n}\n.badge-top     { background: linear-gradient(135deg, #c39f76 0%, #d4b188 100%); color: #fff; border: 1px solid #c39f76; font-weight: 600; box-shadow: 0 2px 8px rgba(195,159,118,0.3); }\n.badge-luxury  { background: rgba(195,159,118,.12); color: #c39f76; border: 1px solid rgba(195,159,118,.25); }\n.badge-boutique{ background: rgba(54,133,252,.08); color: #3685fc; border: 1px solid rgba(54,133,252,.2); }\n.badge-nature  { background: rgba(130,190,100,.1); color: #6b9c4a; border: 1px solid rgba(130,190,100,.2); }\n.badge-remote  { background: rgba(195,159,118,.12); color: #a67e50; border: 1px solid rgba(195,159,118,.25); }\n\n.lk-stay-name {\n  font-family: 'Playfair Display', Georgia, serif;\n  font-size: 18px;\n  font-weight: 700;\n  color: #111827;\n  line-height: 1.3;\n}\n.lk-stay-desc {\n  font-size: 13.5px;\n  color: #525252;\n  line-height: 1.65;\n  font-weight: 300;\n  flex: 1;\n}\n\n.lk-stay-meta {\n  display: flex;\n  align-items: center;\n  gap: 12px;\n  flex-wrap: wrap;\n  margin-top: 4px;\n}\n.lk-stay-price {\n  font-size: 13px;\n  color: #6b7280;\n}\n.lk-stay-price strong {\n  color: #c39f76;\n  font-weight: 500;\n}\n.lk-stay-stars {\n  color: #c39f76;\n  font-size: 11px;\n  letter-spacing: 1px;\n}\n\n\/* \u2500\u2500\u2500 CTA BUTTON \u2500\u2500\u2500 *\/\n.lk-stay-cta {\n  display: inline-flex;\n  align-items: center;\n  justify-content: center;\n  gap: 7px;\n  margin-top: 8px;\n  padding: 11px 20px;\n  border-radius: 8px;\n  background: linear-gradient(135deg, #3685fc 0%, #2a6fd9 100%);\n  color: #fff;\n  font-size: 13px;\n  font-weight: 500;\n  text-decoration: none;\n  letter-spacing: .3px;\n  transition: all .2s ease;\n  cursor: pointer;\n  border: none;\n  text-align: center;\n  box-shadow: 0 4px 12px rgba(54, 133, 252, 0.25);\n}\n.lk-stay-cta:hover {\n  background: linear-gradient(135deg, #2a6fd9 0%, #1e5bc4 100%);\n  transform: translateY(-1px);\n  box-shadow: 0 6px 16px rgba(54, 133, 252, 0.35);\n}\n.lk-stay-cta svg { flex-shrink: 0; }\n\n\/* \u2500\u2500\u2500 FOOTER \u2500\u2500\u2500 *\/\n.lk-stays-footer {\n  padding: 18px 36px;\n  background: linear-gradient(to bottom, #fdfaf5 0%, #f9f4ed 100%);\n  border-top: 1px solid rgba(195, 159, 118, 0.15);\n  display: flex;\n  align-items: center;\n  justify-content: space-between;\n  flex-wrap: wrap;\n  gap: 12px;\n}\n.lk-stays-footer-note {\n  font-size: 11.5px;\n  color: #6b7280;\n  font-weight: 300;\n  line-height: 1.5;\n}\n.lk-stays-footer-note a {\n  color: #c39f76;\n  text-decoration: none;\n  font-weight: 400;\n}\n.lk-stays-footer-note a:hover {\n  text-decoration: underline;\n}\n.lk-stays-all-btn {\n  display: inline-flex;\n  align-items: center;\n  gap: 6px;\n  font-size: 12.5px;\n  font-weight: 500;\n  color: #c39f76;\n  text-decoration: none;\n  border: 1px solid rgba(195, 159, 118, 0.35);\n  padding: 8px 18px;\n  border-radius: 8px;\n  transition: all .2s ease;\n}\n.lk-stays-all-btn:hover {\n  background: rgba(195, 159, 118, 0.08);\n  border-color: rgba(195, 159, 118, 0.5);\n}\n\n\/* \u2500\u2500\u2500 RESPONSIVE \u2500\u2500\u2500 *\/\n@media (max-width: 600px) {\n  .lk-stays-grid { grid-template-columns: 1fr; }\n  .lk-stays-header { padding: 24px 20px; }\n  .lk-stays-footer { padding: 16px 20px; }\n  .lk-stay-card { padding: 22px; }\n  .lk-stays-title { font-size: 20px; }\n}\n<\/style>\n\n  <!-- HEADER -->\n  <div class=\"lk-stays-header\">\n    <img decoding=\"async\" src=\"https:\/\/loudavymkrokem.cz\/wp-content\/uploads\/2026\/02\/lukas-a-lucka.jpg\" alt=\"\" style=\"width: 75px; height: 75px; border-radius: 8px; flex-shrink: 0; object-fit: cover; display: block; margin: 4px 0;\" title=\"\">\n    <div class=\"lk-stays-header-text\">\n      <div class=\"lk-stays-eyebrow\">Luk\u00e1\u0161 i Lucie polecaj\u0105<\/div>\n      <div class=\"lk-stays-title\">Gdzie si\u0119 zatrzyma\u0107 w Salzburgu<\/div>\n      <div class=\"lk-stays-subtitle\">6 miejsc noclegowych \u2014 hotele, hotele wellness i inne opcje zakwaterowania<\/div>\n    <\/div>\n  <\/div>\n\n  <!-- CARDS -->\n  <div class=\"lk-stays-grid\">\n\n    <a class=\"lk-stay-card featured\" href=\"https:\/\/www.stay22.com\/allez\/roam?aid=lukaskonecny&#038;campaign=loudavymkrokemcz&#038;campaign=pl&#038;campaign=soundofmusiclokace&#038;address=Salcburk&#038;hotelname=Schloss+Leopoldskron&#038;search=Schloss+Leopoldskron&#038;category=accommodation\" target=\"_blank\" rel=\"nofollow noopener\">\n      <span class=\"lk-stay-badge badge-top\">\u2b50 TOP WYB\u00d3R<\/span>\n      <span class=\"lk-stay-badge badge-nature\">\u2b50 Luxury<\/span>\n      <div class=\"lk-stay-name\">Schloss Leopoldskron<\/div>\n      <div class=\"lk-stay-desc\">Luksusowy hotel w zamku wykorzystanym jako plan filmowy. \u015aniadania w zdobionych salach, dost\u0119p do biblioteki Maxa Reinhardta.<\/div>\n      <div class=\"lk-stay-meta\">\n        <span class=\"lk-stay-stars\">\u2605\u2605\u2605\u2605<\/span>\n        <span class=\"lk-stay-price\">od 399 EUR\/noc<\/span>\n      <\/div>\n      <span class=\"lk-stay-cta\">\n        <svg width=\"14\" height=\"14\" viewBox=\"0 0 24 24\" fill=\"none\" stroke=\"currentColor\" stroke-width=\"2\"><path d=\"M18 13v6a2 2 0 0 1-2 2H5a2 2 0 0 1-2-2V8a2 2 0 0 1 2-2h6\"\/><polyline points=\"15 3 21 3 21 9\"\/><line x1=\"10\" y1=\"14\" x2=\"21\" y2=\"3\"\/><\/svg>\n        Sprawd\u017a dost\u0119pno\u015b\u0107\n      <\/span>\n    <\/a>\n\n    <a class=\"lk-stay-card\" href=\"https:\/\/www.stay22.com\/allez\/roam?aid=lukaskonecny&#038;campaign=loudavymkrokemcz&#038;campaign=pl&#038;campaign=soundofmusiclokace&#038;address=Salcburk&#038;hotelname=Villa+Trapp&#038;search=Villa+Trapp&#038;category=accommodation\" target=\"_blank\" rel=\"nofollow noopener\">\n      <span class=\"lk-stay-badge badge-nature\">\ud83c\udfe8 Hotel<\/span>\n      <div class=\"lk-stay-name\">Villa Trapp<\/div>\n      <div class=\"lk-stay-desc\">Butikowy hotel w prawdziwym domu rodziny von Trapp\u00f3w. Nocleg w oryginalnych pokojach, w tym apartamencie Marii.<\/div>\n      <div class=\"lk-stay-meta\">\n        <span class=\"lk-stay-stars\">\u2605\u2605\u2605\u2605<\/span>\n        <span class=\"lk-stay-price\">Sprawd\u017a ceny<\/span>\n      <\/div>\n      <span class=\"lk-stay-cta\">\n        <svg width=\"14\" height=\"14\" viewBox=\"0 0 24 24\" fill=\"none\" stroke=\"currentColor\" stroke-width=\"2\"><path d=\"M18 13v6a2 2 0 0 1-2 2H5a2 2 0 0 1-2-2V8a2 2 0 0 1 2-2h6\"\/><polyline points=\"15 3 21 3 21 9\"\/><line x1=\"10\" y1=\"14\" x2=\"21\" y2=\"3\"\/><\/svg>\n        Sprawd\u017a dost\u0119pno\u015b\u0107\n      <\/span>\n    <\/a>\n\n    <a class=\"lk-stay-card\" href=\"https:\/\/www.stay22.com\/allez\/roam?aid=lukaskonecny&#038;campaign=loudavymkrokemcz&#038;campaign=pl&#038;campaign=soundofmusiclokace&#038;address=Salcburk&#038;hotelname=Hotel+Sacher+Salzburg&#038;search=Hotel+Sacher+Salzburg&#038;category=accommodation\" target=\"_blank\" rel=\"nofollow noopener\">\n      <span class=\"lk-stay-badge badge-nature\">\u2b50 Luxury<\/span>\n      <div class=\"lk-stay-name\">Hotel Sacher Salzburg<\/div>\n      <div class=\"lk-stay-desc\">Kultowy pi\u0119ciogwiazdkowy hotel nad rzek\u0105 Salzach ze s\u0142ynn\u0105 kawiarni\u0105 i widokami na Stare Miasto.<\/div>\n      <div class=\"lk-stay-meta\">\n        <span class=\"lk-stay-stars\">\u2605\u2605\u2605\u2605\u2605<\/span>\n        <span class=\"lk-stay-price\">Sprawd\u017a ceny<\/span>\n      <\/div>\n      <span class=\"lk-stay-cta\">\n        <svg width=\"14\" height=\"14\" viewBox=\"0 0 24 24\" fill=\"none\" stroke=\"currentColor\" stroke-width=\"2\"><path d=\"M18 13v6a2 2 0 0 1-2 2H5a2 2 0 0 1-2-2V8a2 2 0 0 1 2-2h6\"\/><polyline points=\"15 3 21 3 21 9\"\/><line x1=\"10\" y1=\"14\" x2=\"21\" y2=\"3\"\/><\/svg>\n        Sprawd\u017a dost\u0119pno\u015b\u0107\n      <\/span>\n    <\/a>\n\n    <a class=\"lk-stay-card\" href=\"https:\/\/www.stay22.com\/allez\/roam?aid=lukaskonecny&#038;campaign=loudavymkrokemcz&#038;campaign=pl&#038;campaign=soundofmusiclokace&#038;address=Salcburk&#038;hotelname=Boutiquehotel+Am+Dom&#038;search=Boutiquehotel+Am+Dom&#038;category=accommodation\" target=\"_blank\" rel=\"nofollow noopener\">\n      <span class=\"lk-stay-badge badge-nature\">\ud83c\udfe8 Hotel<\/span>\n      <div class=\"lk-stay-name\">Boutiquehotel Am Dom<\/div>\n      <div class=\"lk-stay-desc\">Designerski hotel w sercu historycznego centrum. Subtelne po\u0142\u0105czenie historycznych belek i nowoczesnego w\u0142oskiego designu.<\/div>\n      <div class=\"lk-stay-meta\">\n        <span class=\"lk-stay-stars\">\u2605\u2605\u2605\u2605<\/span>\n        <span class=\"lk-stay-price\">Sprawd\u017a ceny<\/span>\n      <\/div>\n      <span class=\"lk-stay-cta\">\n        <svg width=\"14\" height=\"14\" viewBox=\"0 0 24 24\" fill=\"none\" stroke=\"currentColor\" stroke-width=\"2\"><path d=\"M18 13v6a2 2 0 0 1-2 2H5a2 2 0 0 1-2-2V8a2 2 0 0 1 2-2h6\"\/><polyline points=\"15 3 21 3 21 9\"\/><line x1=\"10\" y1=\"14\" x2=\"21\" y2=\"3\"\/><\/svg>\n        Sprawd\u017a dost\u0119pno\u015b\u0107\n      <\/span>\n    <\/a>\n\n    <a class=\"lk-stay-card\" href=\"https:\/\/www.stay22.com\/allez\/roam?aid=lukaskonecny&#038;campaign=loudavymkrokemcz&#038;campaign=pl&#038;campaign=soundofmusiclokace&#038;address=Salcburk&#038;hotelname=Hotel+Goldgasse&#038;search=Hotel+Goldgasse&#038;category=accommodation\" target=\"_blank\" rel=\"nofollow noopener\">\n      <span class=\"lk-stay-badge badge-nature\">\ud83c\udfe8 Hotel<\/span>\n      <div class=\"lk-stay-name\">Hotel Goldgasse<\/div>\n      <div class=\"lk-stay-desc\">Ma\u0142y butikowy hotel przy historycznej uliczce. Ka\u017cdy pok\u00f3j ma inny motyw, wyr\u00f3\u017cnia si\u0119 dba\u0142o\u015bci\u0105 o szczeg\u00f3\u0142y.<\/div>\n      <div class=\"lk-stay-meta\">\n        <span class=\"lk-stay-stars\">\u2605\u2605\u2605\u2605<\/span>\n        <span class=\"lk-stay-price\">Sprawd\u017a ceny<\/span>\n      <\/div>\n      <span class=\"lk-stay-cta\">\n        <svg width=\"14\" height=\"14\" viewBox=\"0 0 24 24\" fill=\"none\" stroke=\"currentColor\" stroke-width=\"2\"><path d=\"M18 13v6a2 2 0 0 1-2 2H5a2 2 0 0 1-2-2V8a2 2 0 0 1 2-2h6\"\/><polyline points=\"15 3 21 3 21 9\"\/><line x1=\"10\" y1=\"14\" x2=\"21\" y2=\"3\"\/><\/svg>\n        Sprawd\u017a dost\u0119pno\u015b\u0107\n      <\/span>\n    <\/a>\n\n    <a class=\"lk-stay-card\" href=\"https:\/\/www.stay22.com\/allez\/roam?aid=lukaskonecny&#038;campaign=loudavymkrokemcz&#038;campaign=pl&#038;campaign=soundofmusiclokace&#038;address=Salcburk&#038;hotelname=IMLAUER+Hotel+Pitter&#038;search=IMLAUER+Hotel+Pitter&#038;category=accommodation\" target=\"_blank\" rel=\"nofollow noopener\">\n      <span class=\"lk-stay-badge badge-nature\">\ud83c\udfe8 Hotel<\/span>\n      <div class=\"lk-stay-name\">IMLAUER Hotel Pitter<\/div>\n      <div class=\"lk-stay-desc\">Nowoczesny hotel przy Ogrodach Mirabellgarten ze wspania\u0142ym barem na dachu i panoramicznym widokiem na miasto.<\/div>\n      <div class=\"lk-stay-meta\">\n        <span class=\"lk-stay-stars\">\u2605\u2605\u2605\u2605<\/span>\n        <span class=\"lk-stay-price\">Sprawd\u017a ceny<\/span>\n      <\/div>\n      <span class=\"lk-stay-cta\">\n        <svg width=\"14\" height=\"14\" viewBox=\"0 0 24 24\" fill=\"none\" stroke=\"currentColor\" stroke-width=\"2\"><path d=\"M18 13v6a2 2 0 0 1-2 2H5a2 2 0 0 1-2-2V8a2 2 0 0 1 2-2h6\"\/><polyline points=\"15 3 21 3 21 9\"\/><line x1=\"10\" y1=\"14\" x2=\"21\" y2=\"3\"\/><\/svg>\n        Sprawd\u017a dost\u0119pno\u015b\u0107\n      <\/span>\n    <\/a>\n\n  <\/div>\n\n  \n<\/div>\n\n\n\n\n<h3 class=\"wp-block-heading\"><span class=\"ez-toc-section\" id=\"9_Felsenreitschule_i_dramatyczny_koncert\"><\/span>9. Felsenreitschule i dramatyczny koncert<span class=\"ez-toc-section-end\"><\/span><\/h3>\n\n\n\n<p class=\"wp-block-paragraph\">Skalna uje\u017cd\u017calnia jest jedn\u0105 z najbardziej niezwyk\u0142ych przestrzeni teatralnych na \u015bwiecie. Te <strong>fascynuj\u0105ce arkady wykute bezpo\u015brednio w skale g\u00f3ry M\u00f6nchsberg<\/strong> pierwotnie s\u0142u\u017cy\u0142y do treningu koni salzburskich arcybiskup\u00f3w. W filmie rozgrywa si\u0119 tu wyj\u0105tkowo napi\u0119ta scena fina\u0142owego festiwalowego koncertu, po kt\u00f3rym rodzina von Trapp znika za kulisami i rozpoczyna swoj\u0105 ucieczk\u0119.<\/p>\n\n\n\n<p class=\"wp-block-paragraph\">W przeciwie\u0144stwie do wielu innych lokacji Felsenreitschule jest <strong>prawdziw\u0105 i bardzo presti\u017cow\u0105 scen\u0105 festiwalow\u0105<\/strong>. Ka\u017cdego lata odbywaj\u0105 si\u0119 tu najwa\u017cniejsze premiery operowe i teatralne w ramach Festiwalu Salzburskiego. Zdobycie bilet\u00f3w na przedstawienie wymaga planowania z wielomiesi\u0119cznym wyprzedzeniem i ca\u0142kiem zasobnego konta bankowego.<\/p>\n\n\n\n<p class=\"wp-block-paragraph\">Na szcz\u0119\u015bcie do \u015brodka zajrzysz te\u017c bez drogiego biletu na oper\u0119: miasto organizuje codzienne oprowadzania po budynkach festiwalowych, wi\u0119c Skaln\u0105 uje\u017cd\u017calni\u0119 i ogromny Wielki Dom Festiwalowy obejrzysz spokojnie z przewodnikiem. Wycieczki zdob\u0119dziesz \u0142atwo na miejscu lub mo\u017cesz je zarezerwowa\u0107 wcze\u015bniej online, tak\u017ce przez portale takie jak <a class=\"thirstylink\" rel=\"nofollow\" target=\"_blank\" title=\"GetYourGuide\" href=\"https:\/\/loudavymkrokem.cz\/doporucujeme\/getyourguide\/\" data-shortcode=\"true\">GetYourGuide<\/a>.<\/p>\n\n\n\n<p class=\"wp-block-paragraph\">\ud83d\udca1 Wskaz\u00f3wka: Oprowadzania odbywaj\u0105 si\u0119 w kilku j\u0119zykach i trwaj\u0105 oko\u0142o pi\u0119\u0107dziesi\u0105t minut. <strong>Polecam sprawdzi\u0107 rozk\u0142ad godzin w punkcie informacyjnym ju\u017c rano<\/strong>, bo podczas trwaj\u0105cych pr\u00f3b trasy zwiedzania czasami si\u0119 zmieniaj\u0105 lub s\u0105 ograniczane.<\/p>\n\n\n\n<figure data-wp-context=\"{&quot;imageId&quot;:&quot;6a96697985c28&quot;}\" data-wp-interactive=\"core\/image\" data-wp-key=\"6a96697985c28\" class=\"wp-block-image size-full wp-lightbox-container\"><img decoding=\"async\" width=\"1280\" height=\"853\" data-wp-class--hide=\"state.isContentHidden\" data-wp-class--show=\"state.isContentVisible\" data-wp-init=\"callbacks.setButtonStyles\" data-wp-on--click=\"actions.showLightbox\" data-wp-on--load=\"callbacks.setButtonStyles\" data-wp-on--pointerdown=\"actions.preloadImage\" data-wp-on--pointerenter=\"actions.preloadImageWithDelay\" data-wp-on--pointerleave=\"actions.cancelPreload\" data-wp-on-window--resize=\"callbacks.setButtonStyles\" src=\"https:\/\/loudavymkrokem.cz\/wp-content\/uploads\/2026\/07\/residenz-1.jpg\" alt=\"Barokowa Residenzbrunnen na placu Residenzplatz\" class=\"wp-image-350766\" title=\"\" srcset=\"https:\/\/loudavymkrokem.cz\/wp-content\/uploads\/2026\/07\/residenz-1.jpg 1280w, https:\/\/loudavymkrokem.cz\/wp-content\/uploads\/2026\/07\/residenz-1-300x200.jpg 300w, https:\/\/loudavymkrokem.cz\/wp-content\/uploads\/2026\/07\/residenz-1-700x466.jpg 700w, https:\/\/loudavymkrokem.cz\/wp-content\/uploads\/2026\/07\/residenz-1-768x512.jpg 768w, https:\/\/loudavymkrokem.cz\/wp-content\/uploads\/2026\/07\/residenz-1-696x464.jpg 696w\" sizes=\"(max-width: 1280px) 100vw, 1280px\" \/><button\n\t\t\tclass=\"lightbox-trigger\"\n\t\t\ttype=\"button\"\n\t\t\taria-haspopup=\"dialog\"\n\t\t\tdata-wp-bind--aria-label=\"state.thisImage.triggerButtonAriaLabel\"\n\t\t\tdata-wp-init=\"callbacks.initTriggerButton\"\n\t\t\tdata-wp-on--click=\"actions.showLightbox\"\n\t\t\tdata-wp-style--right=\"state.thisImage.buttonRight\"\n\t\t\tdata-wp-style--top=\"state.thisImage.buttonTop\"\n\t\t>\n\t\t\t<svg xmlns=\"http:\/\/www.w3.org\/2000\/svg\" width=\"12\" height=\"12\" fill=\"none\" viewBox=\"0 0 12 12\">\n\t\t\t\t<path fill=\"#fff\" d=\"M2 0a2 2 0 0 0-2 2v2h1.5V2a.5.5 0 0 1 .5-.5h2V0H2Zm2 10.5H2a.5.5 0 0 1-.5-.5V8H0v2a2 2 0 0 0 2 2h2v-1.5ZM8 12v-1.5h2a.5.5 0 0 0 .5-.5V8H12v2a2 2 0 0 1-2 2H8Zm2-12a2 2 0 0 1 2 2v2h-1.5V2a.5.5 0 0 0-.5-.5H8V0h2Z\" \/>\n\t\t\t<\/svg>\n\t\t<\/button><figcaption class=\"wp-element-caption\">Foto: Ank Kumar, CC BY-SA 4.0, Wikimedia Commons<\/figcaption><\/figure>\n\n\n\n<h3 class=\"wp-block-heading\"><span class=\"ez-toc-section\" id=\"10_Residenzplatz_i_fontanna_pelna_pewnosci_siebie\"><\/span>10. Residenzplatz i fontanna pe\u0142na pewno\u015bci siebie<span class=\"ez-toc-section-end\"><\/span><\/h3>\n\n\n\n<p class=\"wp-block-paragraph\">Bezpo\u015brednio w historycznym centrum miasta, otoczony pa\u0142acami i muzeum, le\u017cy rozleg\u0142y plac Residenzplatz. Po\u015brodku niego stoi <strong>pot\u0119\u017cna barokowa fontanna z wspinaj\u0105cymi si\u0119 ko\u0144mi<\/strong>, wok\u00f3\u0142 kt\u00f3rej Maria z walizk\u0105 w r\u0119ku rado\u015bnie podskakuje i rozbryzguje wod\u0119, \u015bpiewaj\u0105c I Have Confidence w drodze z klasztoru do nowej pracy.<\/p>\n\n\n\n<p class=\"wp-block-paragraph\">Plac jest absolutnym centralnym punktem Salzburga i <strong>jest ca\u0142kowicie og\u00f3lnodost\u0119pny o ka\u017cdej porze dnia<\/strong>. Opr\u00f3cz s\u0142ynnej fontanny zobaczysz tu r\u00f3wnie\u017c post\u00f3j tradycyjnych konnych powoz\u00f3w zwanych Fiakrami, kt\u00f3re nadaj\u0105 temu miejscu wspania\u0142\u0105 historyczn\u0105 atmosfer\u0119. Okoliczne kuranty regularnie graj\u0105 melodie, w tym te Mozarta.<\/p>\n\n\n\n<p class=\"wp-block-paragraph\">W grudniu ten plac zmienia si\u0119 nie do poznania. <strong>Odbywaj\u0105 si\u0119 tu najwi\u0119ksze salzburskie jarmarki adwentowe<\/strong>, kt\u00f3re pachn\u0105 grzanym winem, piernikami i pieczonymi kasztanami. To przepi\u0119kny widok, ale przez drewniane stragany samej fontanny prawie nie zobaczysz.<\/p>\n\n\n\n<p class=\"wp-block-paragraph\">\ud83d\udca1 Wskaz\u00f3wka: Spr\u00f3buj zatrzyma\u0107 si\u0119 na placu wcze\u015bnie rano, zanim rusz\u0105 pierwsze turystyczne doro\u017cki i zanim otworz\u0105 si\u0119 okoliczne muzea. <strong>Nacieszysz si\u0119 wspania\u0142\u0105 atmosfer\u0105 pustego miasta<\/strong> i zrobisz \u015bwietne zdj\u0119cia ogromnej fontanny bez t\u0142umu ludzi.<\/p>\n\n\n\n<figure data-wp-context=\"{&quot;imageId&quot;:&quot;6a9669798619f&quot;}\" data-wp-interactive=\"core\/image\" data-wp-key=\"6a9669798619f\" class=\"wp-block-image size-full wp-lightbox-container\"><img decoding=\"async\" width=\"1280\" height=\"846\" data-wp-class--hide=\"state.isContentHidden\" data-wp-class--show=\"state.isContentVisible\" data-wp-init=\"callbacks.setButtonStyles\" data-wp-on--click=\"actions.showLightbox\" data-wp-on--load=\"callbacks.setButtonStyles\" data-wp-on--pointerdown=\"actions.preloadImage\" data-wp-on--pointerenter=\"actions.preloadImageWithDelay\" data-wp-on--pointerleave=\"actions.cancelPreload\" data-wp-on-window--resize=\"callbacks.setButtonStyles\" src=\"https:\/\/loudavymkrokem.cz\/wp-content\/uploads\/2026\/07\/werfen-2.jpg\" alt=\"Zamek Hohenwerfen nad dolin\u0105 w g\u00f3rach ko\u0142o Werfen\" class=\"wp-image-350791\" title=\"\" srcset=\"https:\/\/loudavymkrokem.cz\/wp-content\/uploads\/2026\/07\/werfen-2.jpg 1280w, https:\/\/loudavymkrokem.cz\/wp-content\/uploads\/2026\/07\/werfen-2-300x198.jpg 300w, https:\/\/loudavymkrokem.cz\/wp-content\/uploads\/2026\/07\/werfen-2-700x463.jpg 700w, https:\/\/loudavymkrokem.cz\/wp-content\/uploads\/2026\/07\/werfen-2-768x508.jpg 768w, https:\/\/loudavymkrokem.cz\/wp-content\/uploads\/2026\/07\/werfen-2-696x460.jpg 696w\" sizes=\"(max-width: 1280px) 100vw, 1280px\" \/><button\n\t\t\tclass=\"lightbox-trigger\"\n\t\t\ttype=\"button\"\n\t\t\taria-haspopup=\"dialog\"\n\t\t\tdata-wp-bind--aria-label=\"state.thisImage.triggerButtonAriaLabel\"\n\t\t\tdata-wp-init=\"callbacks.initTriggerButton\"\n\t\t\tdata-wp-on--click=\"actions.showLightbox\"\n\t\t\tdata-wp-style--right=\"state.thisImage.buttonRight\"\n\t\t\tdata-wp-style--top=\"state.thisImage.buttonTop\"\n\t\t>\n\t\t\t<svg xmlns=\"http:\/\/www.w3.org\/2000\/svg\" width=\"12\" height=\"12\" fill=\"none\" viewBox=\"0 0 12 12\">\n\t\t\t\t<path fill=\"#fff\" d=\"M2 0a2 2 0 0 0-2 2v2h1.5V2a.5.5 0 0 1 .5-.5h2V0H2Zm2 10.5H2a.5.5 0 0 1-.5-.5V8H0v2a2 2 0 0 0 2 2h2v-1.5ZM8 12v-1.5h2a.5.5 0 0 0 .5-.5V8H12v2a2 2 0 0 1-2 2H8Zm2-12a2 2 0 0 1 2 2v2h-1.5V2a.5.5 0 0 0-.5-.5H8V0h2Z\" \/>\n\t\t\t<\/svg>\n\t\t<\/button><figcaption class=\"wp-element-caption\">Foto: Diego Delso, CC BY-SA 4.0, Wikimedia Commons<\/figcaption><\/figure>\n\n\n\n<h3 class=\"wp-block-heading\"><span class=\"ez-toc-section\" id=\"11_Wycieczka_do_Werfen_i_na_gorskie_laki\"><\/span>11. Wycieczka do Werfen i na g\u00f3rskie \u0142\u0105ki<span class=\"ez-toc-section-end\"><\/span><\/h3>\n\n\n\n<p class=\"wp-block-paragraph\">Je\u015bli masz do dyspozycji samoch\u00f3d i chcesz prze\u017cy\u0107 prawdziw\u0105 wysokog\u00f3rsk\u0105 atmosfer\u0119 z pocz\u0105tku filmu, musisz ruszy\u0107 na po\u0142udnie. Jakie\u015b czterdzie\u015bci kilometr\u00f3w od Salzburga ko\u0142o miasteczka Werfen le\u017cy s\u0142ynny The Sound of Music Trail. To dok\u0142adnie ten obszar, gdzie <strong>Maria na g\u00f3rskiej \u0142\u0105ce \u015bpiewa tytu\u0142ow\u0105 piosenk\u0119 ca\u0142ego musicalu<\/strong> i kr\u0119ci si\u0119 z roz\u0142o\u017conymi r\u0119kami.<\/p>\n\n\n\n<p class=\"wp-block-paragraph\">Trasa poprowadzi ci\u0119 przez przepi\u0119kne punkty widokowe na alpejsk\u0105 dolin\u0119 i <strong>pot\u0119\u017cny zamek Hohenwerfen, kt\u00f3ry wznosi si\u0119 na skale po\u015brodku doliny<\/strong>. Sama \u0142\u0105ka z filmow\u0105 \u0142awk\u0105 jest \u015bwietnie oznakowana i prowadzi do niej niewymagaj\u0105ca trasa turystyczna. To wprost idealne miejsce na piknik z widokiem na masyw Tennengebirge.<\/p>\n\n\n\n<p class=\"wp-block-paragraph\">Skoro ju\u017c b\u0119dziesz w Werfen, koniecznie nie pomijaj te\u017c wizyty w <strong>najwi\u0119kszej lodowej jaskini \u015bwiata Eisriesenwelt<\/strong>. Le\u017cy wysoko w g\u00f3rach i musisz do niej wjecha\u0107 kolejk\u0105 linow\u0105, a potem jeszcze kawa\u0142ek wspi\u0105\u0107 si\u0119 pieszo, ale lodowe formacje w \u015brodku s\u0105 niewiarygodne.<\/p>\n\n\n\n<p class=\"wp-block-paragraph\">\ud83d\udca1 Wskaz\u00f3wka: Ubierz si\u0119 ciep\u0142o. Nawet je\u015bli na dole w Salzburgu panuje upalne lato, <strong>wewn\u0105trz lodowej jaskini mr\u00f3z utrzymuje si\u0119 przez ca\u0142y rok<\/strong>, a na g\u00f3rskich \u0142\u0105kach cz\u0119sto wieje zimny wiatr. Solidne obuwie jest na t\u0119 wycieczk\u0119 absolutn\u0105 konieczno\u015bci\u0105.<\/p>\n\n\n\n<figure data-wp-context=\"{&quot;imageId&quot;:&quot;6a9669798676b&quot;}\" data-wp-interactive=\"core\/image\" data-wp-key=\"6a9669798676b\" class=\"wp-block-image size-full wp-lightbox-container\"><img decoding=\"async\" width=\"640\" height=\"480\" data-wp-class--hide=\"state.isContentHidden\" data-wp-class--show=\"state.isContentVisible\" data-wp-init=\"callbacks.setButtonStyles\" data-wp-on--click=\"actions.showLightbox\" data-wp-on--load=\"callbacks.setButtonStyles\" data-wp-on--pointerdown=\"actions.preloadImage\" data-wp-on--pointerenter=\"actions.preloadImageWithDelay\" data-wp-on--pointerleave=\"actions.cancelPreload\" data-wp-on-window--resize=\"callbacks.setButtonStyles\" src=\"https:\/\/loudavymkrokem.cz\/wp-content\/uploads\/2026\/07\/frohnburg-0.jpg\" alt=\"Zamek Frohnburg w\u015br\u00f3d drzew na obrze\u017cach Salzburga\" class=\"wp-image-350825\" title=\"\" srcset=\"https:\/\/loudavymkrokem.cz\/wp-content\/uploads\/2026\/07\/frohnburg-0.jpg 640w, https:\/\/loudavymkrokem.cz\/wp-content\/uploads\/2026\/07\/frohnburg-0-300x225.jpg 300w, https:\/\/loudavymkrokem.cz\/wp-content\/uploads\/2026\/07\/frohnburg-0-80x60.jpg 80w, https:\/\/loudavymkrokem.cz\/wp-content\/uploads\/2026\/07\/frohnburg-0-160x120.jpg 160w\" sizes=\"(max-width: 640px) 100vw, 640px\" \/><button\n\t\t\tclass=\"lightbox-trigger\"\n\t\t\ttype=\"button\"\n\t\t\taria-haspopup=\"dialog\"\n\t\t\tdata-wp-bind--aria-label=\"state.thisImage.triggerButtonAriaLabel\"\n\t\t\tdata-wp-init=\"callbacks.initTriggerButton\"\n\t\t\tdata-wp-on--click=\"actions.showLightbox\"\n\t\t\tdata-wp-style--right=\"state.thisImage.buttonRight\"\n\t\t\tdata-wp-style--top=\"state.thisImage.buttonTop\"\n\t\t>\n\t\t\t<svg xmlns=\"http:\/\/www.w3.org\/2000\/svg\" width=\"12\" height=\"12\" fill=\"none\" viewBox=\"0 0 12 12\">\n\t\t\t\t<path fill=\"#fff\" d=\"M2 0a2 2 0 0 0-2 2v2h1.5V2a.5.5 0 0 1 .5-.5h2V0H2Zm2 10.5H2a.5.5 0 0 1-.5-.5V8H0v2a2 2 0 0 0 2 2h2v-1.5ZM8 12v-1.5h2a.5.5 0 0 0 .5-.5V8H12v2a2 2 0 0 1-2 2H8Zm2-12a2 2 0 0 1 2 2v2h-1.5V2a.5.5 0 0 0-.5-.5H8V0h2Z\" \/>\n\t\t\t<\/svg>\n\t\t<\/button><figcaption class=\"wp-element-caption\">Foto: Luckyprof (talk), CC BY-SA 3.0 at, Wikimedia Commons<\/figcaption><\/figure>\n\n\n\n<h2 class=\"wp-block-heading\"><span class=\"ez-toc-section\" id=\"Dzwieki_muzyki_co_jest_prawda_a_co_Hollywoodem\"><\/span>D\u017awi\u0119ki muzyki: co jest prawd\u0105, a co Hollywoodem<span class=\"ez-toc-section-end\"><\/span><\/h2>\n\n\n\n<p class=\"wp-block-paragraph\">Gdy zaczniesz docieka\u0107 prawdziwej historii, przekonasz si\u0119, \u017ce filmowcy naprawd\u0119 porz\u0105dnie pobawili si\u0119 rzeczywisto\u015bci\u0105. Najwi\u0119ksz\u0105 iluzj\u0105 jest sama willa rodziny von Trapp. Jak ju\u017c wspomnia\u0142am we wst\u0119pie, <strong>dom z ekranu w rzeczywisto\u015bci nie istnieje<\/strong>. Przednia strona z kut\u0105 bram\u0105 nale\u017cy do zamku Frohnburg, tylny taras z jeziorem jest cz\u0119\u015bci\u0105 zamku Leopoldskron, a wszystkie przestronne wn\u0119trza z olbrzymimi schodami zbudowali stolarze w hollywoodzkich studiach.<\/p>\n\n\n\n<p class=\"wp-block-paragraph\">Jeszcze ciekawiej jest ze s\u0142ynn\u0105 ucieczk\u0105. W filmie rodzina z plecakami na plecach dramatycznie przechodzi przez o\u015bnie\u017cone g\u00f3ry Untersberg w kierunku Szwajcarii. Brzmi \u015bwietnie, ale ma to jeden wielki geograficzny haczyk. <strong>Droga przez te konkretne g\u00f3ry zaprowadzi\u0142aby ich prosto do Niemiec<\/strong>, ledwie kilka kilometr\u00f3w od g\u00f3rskiej rezydencji Hitlera Obersalzberg w Berchtesgaden. Prawdziwa rodzina po prostu zamkn\u0119\u0142a drzwi swojego domu w dzielnicy Aigen, dosz\u0142a na pobliski dworzec kolejowy i spokojnie odjecha\u0142a do W\u0142och, a nast\u0119pnie do Ameryki.<\/p>\n\n\n\n<p class=\"wp-block-paragraph\">Kolejnym przyk\u0142adem filmowej logistyki jest s\u0142ynna szklana altana. Ona podczas kr\u0119cenia rzeczywi\u015bcie sta\u0142a nad jeziorem zamku Leopoldskron. Tyle \u017ce po premierze zacz\u0119\u0142y si\u0119 do niej zje\u017cd\u017ca\u0107 tysi\u0105ce fan\u00f3w, a w\u0142a\u015bciciele teren\u00f3w wcale nie byli z tego zadowoleni. <strong>Miasto dlatego przenios\u0142o altan\u0119<\/strong> do publicznego parku przy zamku Hellbrunn, gdzie stoi do dzi\u015b, cho\u0107 zamkni\u0119ta ze wzgl\u0119du na bezpiecze\u0144stwo turyst\u00f3w, kt\u00f3rzy pr\u00f3bowali w niej na\u015bladowa\u0107 taneczne popisy.<\/p>\n\n\n\n<p class=\"wp-block-paragraph\">Ciekawym paradoksem jest to, jak film postrzegaj\u0105 sami mieszka\u0144cy miasta. Podczas gdy do Salzburga corocznie \u015bci\u0105gaj\u0105 setki tysi\u0119cy Amerykan\u00f3w i Brytyjczyk\u00f3w tylko z powodu tego musicalu, <strong>wi\u0119kszo\u015b\u0107 miejscowych Austriak\u00f3w filmu w\u0142a\u015bciwie nigdy nie widzia\u0142a<\/strong>. Dla nich Salzburg jest wci\u0105\u017c przede wszystkim miastem Mozarta i muzyki klasycznej. Dopiero w ostatnich latach miasto w pe\u0142ni u\u015bwiadomi\u0142o sobie ogromny potencja\u0142 turystyczny i zacz\u0119\u0142o filmowe dziedzictwo bardziej promowa\u0107 i chroni\u0107.<\/p>\n\n\n\n<figure data-wp-context=\"{&quot;imageId&quot;:&quot;6a96697987337&quot;}\" data-wp-interactive=\"core\/image\" data-wp-key=\"6a96697987337\" class=\"wp-block-image size-full wp-lightbox-container\"><img decoding=\"async\" width=\"1280\" height=\"853\" data-wp-class--hide=\"state.isContentHidden\" data-wp-class--show=\"state.isContentVisible\" data-wp-init=\"callbacks.setButtonStyles\" data-wp-on--click=\"actions.showLightbox\" data-wp-on--load=\"callbacks.setButtonStyles\" data-wp-on--pointerdown=\"actions.preloadImage\" data-wp-on--pointerenter=\"actions.preloadImageWithDelay\" data-wp-on--pointerleave=\"actions.cancelPreload\" data-wp-on-window--resize=\"callbacks.setButtonStyles\" src=\"https:\/\/loudavymkrokem.cz\/wp-content\/uploads\/2024\/11\/ubytovani-salzburg.jpg\" alt=\"Nocleg w historycznym centrum Salzburga\" class=\"wp-image-90026\" title=\"\" srcset=\"https:\/\/loudavymkrokem.cz\/wp-content\/uploads\/2024\/11\/ubytovani-salzburg.jpg 1280w, https:\/\/loudavymkrokem.cz\/wp-content\/uploads\/2024\/11\/ubytovani-salzburg-300x200.jpg 300w, https:\/\/loudavymkrokem.cz\/wp-content\/uploads\/2024\/11\/ubytovani-salzburg-700x466.jpg 700w, https:\/\/loudavymkrokem.cz\/wp-content\/uploads\/2024\/11\/ubytovani-salzburg-768x512.jpg 768w, https:\/\/loudavymkrokem.cz\/wp-content\/uploads\/2024\/11\/ubytovani-salzburg-696x464.jpg 696w\" sizes=\"(max-width: 1280px) 100vw, 1280px\" \/><button\n\t\t\tclass=\"lightbox-trigger\"\n\t\t\ttype=\"button\"\n\t\t\taria-haspopup=\"dialog\"\n\t\t\tdata-wp-bind--aria-label=\"state.thisImage.triggerButtonAriaLabel\"\n\t\t\tdata-wp-init=\"callbacks.initTriggerButton\"\n\t\t\tdata-wp-on--click=\"actions.showLightbox\"\n\t\t\tdata-wp-style--right=\"state.thisImage.buttonRight\"\n\t\t\tdata-wp-style--top=\"state.thisImage.buttonTop\"\n\t\t>\n\t\t\t<svg xmlns=\"http:\/\/www.w3.org\/2000\/svg\" width=\"12\" height=\"12\" fill=\"none\" viewBox=\"0 0 12 12\">\n\t\t\t\t<path fill=\"#fff\" d=\"M2 0a2 2 0 0 0-2 2v2h1.5V2a.5.5 0 0 1 .5-.5h2V0H2Zm2 10.5H2a.5.5 0 0 1-.5-.5V8H0v2a2 2 0 0 0 2 2h2v-1.5ZM8 12v-1.5h2a.5.5 0 0 0 .5-.5V8H12v2a2 2 0 0 1-2 2H8Zm2-12a2 2 0 0 1 2 2v2h-1.5V2a.5.5 0 0 0-.5-.5H8V0h2Z\" \/>\n\t\t\t<\/svg>\n\t\t<\/button><\/figure>\n\n\n\n<h2 class=\"wp-block-heading\"><span class=\"ez-toc-section\" id=\"Gdzie_sie_zatrzymac\"><\/span>Gdzie si\u0119 zatrzyma\u0107<span class=\"ez-toc-section-end\"><\/span><\/h2>\n\n\n\n<p class=\"wp-block-paragraph\">Nocleg w Salzburgu potrafi solidnie nadwyr\u0119\u017cy\u0107 bud\u017cet, zw\u0142aszcza latem i w adwencie. Ale je\u015bli chcesz wycisn\u0105\u0107 z wizyty maksimum, op\u0142aca si\u0119 dop\u0142aci\u0107 troch\u0119 za lokalizacj\u0119, bo pieszo chodzisz naprawd\u0119 du\u017co. Stare Miasto oferuje najpi\u0119kniejsze historyczne hotele, ale licz si\u0119 z wy\u017cszymi cenami i ograniczonym parkowaniem. Je\u015bli szukasz ta\u0144szych wariant\u00f3w, rozejrzyj si\u0119 po dzielnicach wok\u00f3\u0142 dworca g\u0142\u00f3wnego lub w stron\u0119 Ogrod\u00f3w Mirabell. <strong>Zupe\u0142nie wyj\u0105tkowym prze\u017cyciem jest z kolei nocleg bezpo\u015brednio w filmowych lokacjach<\/strong>.<\/p>\n\n\n\n<p class=\"wp-block-paragraph\">Oto lista konkretnych i \u015bwietnie ocenianych hoteli, kt\u00f3re mog\u0119 ci poleci\u0107 na twoj\u0105 wizyt\u0119:<\/p>\n\n\n\n<ul class=\"wp-block-list\">\n\n<li>  <strong>Schloss Leopoldskron:<\/strong> Mo\u017cesz spa\u0107 bezpo\u015brednio w zamku, kt\u00f3ry stanowi\u0142 filmowe t\u0142o od strony jeziora. To luksusowe prze\u017cycie dla najbardziej wymagaj\u0105cych, ze wspania\u0142ymi \u015bniadaniami w zdobionych salach.<\/li>\n\n\n\n<li>  <strong>Villa Trapp:<\/strong> Ten butikowy hotel le\u017cy w spokojnej dzielnicy Aigen i pozwoli ci przenocowa\u0107 bezpo\u015brednio w oryginalnych pokojach prawdziwej rodziny von Trapp, w\u0142\u0105cznie z apartamentem Marii.<\/li>\n\n\n\n<li>  <strong>Hotel Sacher Salzburg:<\/strong> Ikoniczny pi\u0119ciogwiazdkowy hotel le\u017cy bezpo\u015brednio nad brzegiem rzeki Salzach i opr\u00f3cz luksusowego serwisu s\u0142ynie z absolutnie doskona\u0142ej kawiarni i widok\u00f3w na Stare Miasto.<\/li>\n\n\n\n<li>  <strong>Boutiquehotel Am Dom:<\/strong> Przepi\u0119kny designerski hotel znajdziesz bezpo\u015brednio w sercu historycznego centrum obok katedry. Wyj\u0105tkowy jest ze wzgl\u0119du na wyczuwalne po\u0142\u0105czenie historycznych belek i nowoczesnego w\u0142oskiego designu.<\/li>\n\n\n\n<li>  <strong>Hotel Goldgasse:<\/strong> Ma\u0142y butikowy hotel kryje si\u0119 w uliczce o tej samej nazwie. Ka\u017cdy pok\u00f3j ma inny motyw i wyr\u00f3\u017cnia si\u0119 przede wszystkim doskona\u0142\u0105 dba\u0142o\u015bci\u0105 o szczeg\u00f3\u0142y oraz nieskaziteln\u0105 czysto\u015bci\u0105.<\/li>\n\n\n\n<li>  <strong>IMLAUER Hotel Pitter:<\/strong> Wi\u0119kszy nowoczesny hotel znajduje si\u0119 kawa\u0142ek od Ogrod\u00f3w Mirabell. Zachwyci ci\u0119 przede wszystkim wspania\u0142ym barem na dachu i restauracj\u0105 z panoramicznym widokiem na miasto.<\/li>\n\n\n\n<li>  <strong>Motel One Salzburg-Mirabell:<\/strong> Niezawodny i bardziej przyst\u0119pny cenowo wyb\u00f3r kawa\u0142ek od rzeki. Oferuje nowoczesne, cho\u0107 mniejsze pokoje, i \u015bwietnie sprawdza si\u0119 jako baza do pieszego zwiedzania miasta.<\/li>\n\n\n<\/ul>\n\n\n\n<p class=\"wp-block-paragraph\">Do \u0142atwego por\u00f3wnania aktualnych cen i dost\u0119pno\u015bci wszystkich tych hoteli <strong>polecam skorzysta\u0107 z portalu <a class=\"thirstylink\" rel=\"nofollow\" target=\"_blank\" title=\"Booking.com\" href=\"https:\/\/loudavymkrokem.cz\/doporucujeme\/booking-com\/\" data-shortcode=\"true\">Booking.com<\/a><\/strong>, gdzie znajdziesz te\u017c szczeg\u00f3\u0142owe recenzje od poprzednich go\u015bci.<\/p>\n\n\n\n\n<figure data-wp-context=\"{&quot;imageId&quot;:&quot;6a96697987f3c&quot;}\" data-wp-interactive=\"core\/image\" data-wp-key=\"6a96697987f3c\" class=\"wp-block-image size-full wp-lightbox-container\"><img decoding=\"async\" width=\"1200\" height=\"800\" data-wp-class--hide=\"state.isContentHidden\" data-wp-class--show=\"state.isContentVisible\" data-wp-init=\"callbacks.setButtonStyles\" data-wp-on--click=\"actions.showLightbox\" data-wp-on--load=\"callbacks.setButtonStyles\" data-wp-on--pointerdown=\"actions.preloadImage\" data-wp-on--pointerenter=\"actions.preloadImageWithDelay\" data-wp-on--pointerleave=\"actions.cancelPreload\" data-wp-on-window--resize=\"callbacks.setButtonStyles\" src=\"https:\/\/loudavymkrokem.cz\/wp-content\/uploads\/2025\/05\/co-videt-v-salzburgu-72.jpg\" alt=\"Uliczki salzburskiego Starego Miasta\" class=\"wp-image-96634\" title=\"\" srcset=\"https:\/\/loudavymkrokem.cz\/wp-content\/uploads\/2025\/05\/co-videt-v-salzburgu-72.jpg 1200w, https:\/\/loudavymkrokem.cz\/wp-content\/uploads\/2025\/05\/co-videt-v-salzburgu-72-300x200.jpg 300w, https:\/\/loudavymkrokem.cz\/wp-content\/uploads\/2025\/05\/co-videt-v-salzburgu-72-700x467.jpg 700w, https:\/\/loudavymkrokem.cz\/wp-content\/uploads\/2025\/05\/co-videt-v-salzburgu-72-768x512.jpg 768w, https:\/\/loudavymkrokem.cz\/wp-content\/uploads\/2025\/05\/co-videt-v-salzburgu-72-696x464.jpg 696w\" sizes=\"(max-width: 1200px) 100vw, 1200px\" \/><button\n\t\t\tclass=\"lightbox-trigger\"\n\t\t\ttype=\"button\"\n\t\t\taria-haspopup=\"dialog\"\n\t\t\tdata-wp-bind--aria-label=\"state.thisImage.triggerButtonAriaLabel\"\n\t\t\tdata-wp-init=\"callbacks.initTriggerButton\"\n\t\t\tdata-wp-on--click=\"actions.showLightbox\"\n\t\t\tdata-wp-style--right=\"state.thisImage.buttonRight\"\n\t\t\tdata-wp-style--top=\"state.thisImage.buttonTop\"\n\t\t>\n\t\t\t<svg xmlns=\"http:\/\/www.w3.org\/2000\/svg\" width=\"12\" height=\"12\" fill=\"none\" viewBox=\"0 0 12 12\">\n\t\t\t\t<path fill=\"#fff\" d=\"M2 0a2 2 0 0 0-2 2v2h1.5V2a.5.5 0 0 1 .5-.5h2V0H2Zm2 10.5H2a.5.5 0 0 1-.5-.5V8H0v2a2 2 0 0 0 2 2h2v-1.5ZM8 12v-1.5h2a.5.5 0 0 0 .5-.5V8H12v2a2 2 0 0 1-2 2H8Zm2-12a2 2 0 0 1 2 2v2h-1.5V2a.5.5 0 0 0-.5-.5H8V0h2Z\" \/>\n\t\t\t<\/svg>\n\t\t<\/button><\/figure>\n\n\n\n<h2 class=\"wp-block-heading\"><span class=\"ez-toc-section\" id=\"Gdzie_zjesc\"><\/span>Gdzie zje\u015b\u0107<span class=\"ez-toc-section-end\"><\/span><\/h2>\n\n\n\n<p class=\"wp-block-paragraph\">Ostrze\u017cenie dla wszystkich, kt\u00f3rzy przyje\u017cd\u017caj\u0105 w lekkim ubraniu: austriacka kuchnia nie \u017ca\u0142uje porcji. <strong>K\u00e4sesp\u00e4tzle<\/strong> (przepysznie ci\u0105gn\u0105ce si\u0119 serowe kluseczki posypane podsma\u017con\u0105 cebulk\u0105) s\u0105 dok\u0142adnie tak serowe i ci\u0119\u017ckie, jak sugeruje nazwa, i niezawodnie nasyc\u0105 ci\u0119 na ca\u0142y dzie\u0144. A je\u015bli chodzi o deser, legendarne <strong>Salzburger Nockerl<\/strong> s\u0105 tak wielkie, \u017ce lekko ci\u0119 przestrasz\u0105 jeszcze przed pierwszym k\u0119sem (a do tego piek\u0105 si\u0119 w kszta\u0142cie trzech alpejskich szczyt\u00f3w). Wyborny jest te\u017c tradycyjny szarpany nale\u015bnik Kaiserschmarrn z musem jab\u0142kowym lub klasyczny strudel jab\u0142kowy.<\/p>\n\n\n\n<p class=\"wp-block-paragraph\">Mi\u0142o\u015bnicy mi\u0119sa z kolei w miejscowych restauracjach zwykle wyszukuj\u0105 wielki <strong>sznycel wiede\u0144ski (Wiener Schnitzel) z sa\u0142atk\u0105 ziemniaczan\u0105<\/strong> lub tradycyjn\u0105 ch\u0142opsk\u0105 uczt\u0119 Bauernschmaus, czyli talerz pe\u0142en r\u00f3\u017cnego pieczonego i w\u0119dzonego mi\u0119sa z kapust\u0105 i knedlem. Wszystkie te lokalne specja\u0142y serwuj\u0105 w s\u0142ynnej restauracji <strong>B\u00e4renwirt<\/strong>, kt\u00f3ra jest jedn\u0105 z najstarszych karczm w mie\u015bcie i gotuj\u0105 tam niewiarygodnie rzetelnie.<\/p>\n\n\n\n<p class=\"wp-block-paragraph\">Je\u015bli szukasz wyj\u0105tkowego prze\u017cycia, spr\u00f3buj zarezerwowa\u0107 stolik w <strong>St. Peter Stiftskulinarium<\/strong>. M\u00f3wi si\u0119, \u017ce to najstarsza dzia\u0142aj\u0105ca restauracja w Europie, mie\u015bci si\u0119 bezpo\u015brednio w skalnych piwnicach, a jej wiekowa atmosfera ma naprawd\u0119 ogromny urok. Na popo\u0142udniow\u0105 kaw\u0119 i s\u0142ynne ciastko musisz z kolei skierowa\u0107 si\u0119 do historycznej kawiarni <strong>Cafe Tomaselli<\/strong> na placu Alter Markt, gdzie na kaw\u0119 chodzi\u0142 ju\u017c sam Mozart. Na klasyczn\u0105 kolacj\u0119 z wybornym lokalnym piwem i \u015bwietn\u0105 atmosfer\u0105 polecam natomiast wielki kompleks <strong>Sternbr\u00e4u<\/strong>, kt\u00f3ry oferuje ogromny wyb\u00f3r da\u0144 oraz przyjemny ogr\u00f3dek na zewn\u0105trz.<\/p>\n\n\n\n<h2 class=\"wp-block-heading\"><span class=\"ez-toc-section\" id=\"Szybka_sciaga_filmowe_lokacje_w_Salzburgu_i_okolicy\"><\/span>Szybka \u015bci\u0105ga: filmowe lokacje w Salzburgu i okolicy<span class=\"ez-toc-section-end\"><\/span><\/h2>\n\n\n\n<p class=\"wp-block-paragraph\">\u017beby\u015b lepiej orientowa\u0142 si\u0119 we wszystkich tych miejscach, przygotowa\u0142am dla ciebie przejrzyst\u0105 tabel\u0119 z kluczowymi filmowymi lokacjami.<\/p>\n\n\n\n<figure class=\"wp-block-table\"><table><thead><tr><th>Scena lub piosenka<\/th><th>Realne miejsce<\/th><th>Gdzie si\u0119 znajduje<\/th><th>Dost\u0119pno\u015b\u0107<\/th><\/tr><\/thead>\n<tbody><tr><td>Piosenka Do-Re-Mi (fina\u0142)<\/td><td>Ogrody Mirabell<\/td><td>Centrum, nad rzek\u0105<\/td><td>Za darmo, og\u00f3lnodost\u0119pne<\/td><\/tr>\n<tr><td>Maria opuszcza klasztor<\/td><td>Klasztor Nonnberg<\/td><td>Na skale nad Starym Miastem<\/td><td>Dziedziniec i kaplica za darmo, reszta zamkni\u0119ta<\/td><\/tr>\n<tr><td>Sixteen Going on Seventeen<\/td><td>Szklana altana<\/td><td>Park przy zamku Hellbrunn<\/td><td>Park za darmo, altana zamkni\u0119ta<\/td><\/tr>\n<tr><td>Dzieci wpadaj\u0105 z \u0142\u00f3dki<\/td><td>Schloss Leopoldskron<\/td><td>Po\u0142udniowy kraniec Salzburga<\/td><td>Dost\u0119pne tylko dla go\u015bci hotelu<\/td><\/tr>\n<tr><td>Przybycie do willi (brama)<\/td><td>Schloss Frohnburg<\/td><td>Przy Hellbrunner Allee<\/td><td>Niedost\u0119pne (uniwersytet muzyczny)<\/td><\/tr>\n<tr><td>Kryj\u00f3wka przed ucieczk\u0105<\/td><td>Felsenreitschule<\/td><td>Centrum miasta<\/td><td>Oprowadzanie z przewodnikiem<\/td><\/tr>\n<tr><td>Piosenka I Have Confidence<\/td><td>Residenzplatz i fontanna<\/td><td>Serce Starego Miasta<\/td><td>Za darmo, og\u00f3lnodost\u0119pne<\/td><\/tr>\n<tr><td>Ceremonia \u015blubna<\/td><td>Bazylika \u015bw. Micha\u0142a<\/td><td>Miasteczko Mondsee (30 km)<\/td><td>Za darmo, og\u00f3lnodost\u0119pne<\/td><\/tr>\n<tr><td>Piosenka otwieraj\u0105ca na \u0142\u0105ce<\/td><td>The Sound of Music Trail<\/td><td>Miasteczko Werfen (40 km)<\/td><td>Za darmo po trasie turystycznej<\/td><\/tr>\n<\/tbody><\/table><\/figure>\n\n\n\n<h2 class=\"wp-block-heading\"><span class=\"ez-toc-section\" id=\"Dokad_dalej\"><\/span>Dok\u0105d dalej<span class=\"ez-toc-section-end\"><\/span><\/h2>\n\n\n\n<p class=\"wp-block-paragraph\">Je\u015bli austriackie scenerie ci\u0119 zachwyci\u0142y, na pewno nie musisz zostawa\u0107 tylko w Salzburgu. Ca\u0142y region Salzkammergut, do kt\u00f3rego Salzburg stanowi symboliczn\u0105 bram\u0119 wjazdow\u0105, oferuje niesko\u0144czon\u0105 liczb\u0119 przepi\u0119knych wycieczek. Krystalicznie czyste <a href=\"https:\/\/loudavymkrokem.cz\/pl\/austria-najlepsze-miejsca-wakacje-jeziorami\/\">austriackie jeziora<\/a> le\u017c\u0105 ledwie kilkadziesi\u0105t minut jazdy samochodem i oferuj\u0105 idealne letnie orze\u017awienie oraz zapieraj\u0105ce dech g\u00f3rskie panoramy.<\/p>\n\n\n\n<p class=\"wp-block-paragraph\">Je\u015bli planujesz d\u0142u\u017cszy urlop i chcesz naprawd\u0119 dok\u0142adnie pozna\u0107 kraj, zajrzyj do naszego szczeg\u00f3\u0142owego <a href=\"https:\/\/loudavymkrokem.cz\/pl\/roadtrip-po-austrii-plan-14-dni\/\">roadtripu po Austrii: plan na 14 dni<\/a>, kt\u00f3ry przeprowadzi ci\u0119 od Wiednia przez Alpy a\u017c po najpi\u0119kniejsze wysokog\u00f3rskie prze\u0142\u0119cze. Austria to po prostu kraj, kt\u00f3ry oferuje o wiele wi\u0119cej, ni\u017c wi\u0119kszo\u015b\u0107 ludzi my\u015bli przed wyjazdem.<\/p>\n\n\n\n\n<p class=\"wp-block-paragraph\">Ten artyku\u0142 skupia si\u0119 na filmowych lokacjach. Je\u015bli szukasz klasycznego przewodnika po mie\u015bcie z twierdz\u0105, domem rodzinnym Mozarta, katedr\u0105 i pomys\u0142ami na wycieczki po okolicy, zajrzyj do <a href=\"https:\/\/loudavymkrokem.cz\/pl\/salzburg-austria\/\">Salzburg: 23 wskaz\u00f3wki, co zobaczy\u0107<\/a>.<\/p>\n\n\n\n<h2 class=\"wp-block-heading\"><span class=\"ez-toc-section\" id=\"Najczesciej_zadawane_pytania\"><\/span>Najcz\u0119\u015bciej zadawane pytania<span class=\"ez-toc-section-end\"><\/span><\/h2>\n\n\n\n<p class=\"wp-block-paragraph\">Przy planowaniu takiej wycieczki zawsze pojawia si\u0119 mn\u00f3stwo praktycznych pyta\u0144. Przygotowa\u0142am wi\u0119c dla ciebie szybkie odpowiedzi na te najcz\u0119stsze, czy to o wst\u0119p do zabytk\u00f3w, czy o podr\u00f3\u017cowanie po okolicy.<\/p>\n\n\n<div id=\"rank-math-faq\" class=\"rank-math-block\">\n<div class=\"rank-math-list \">\n<div id=\"faq-question-1785261183000\" class=\"rank-math-list-item\">\n<h3 class=\"rank-math-question \"><span class=\"ez-toc-section\" id=\"Czy_mozna_wejsc_do_srodka_slynnej_altany_z_filmu\"><\/span>Czy mo\u017cna wej\u015b\u0107 do \u015brodka s\u0142ynnej altany z filmu?<span class=\"ez-toc-section-end\"><\/span><\/h3>\n<div class=\"rank-math-answer \">\n\n<p>Niestety nie jest to ju\u017c mo\u017cliwe. Ze wzgl\u0119d\u00f3w bezpiecze\u0144stwa miasto na sta\u0142e zamkn\u0119\u0142o altan\u0119, poniewa\u017c turystka zrani\u0142a si\u0119 podczas pr\u00f3by odtworzenia tanecznych figur z filmu. Mo\u017cesz jednak obejrze\u0107 j\u0105 z bliska i sfotografowa\u0107 w parku przy pa\u0142acu Hellbrunn.<\/p>\n\n<\/div>\n<\/div>\n<div id=\"faq-question-1785261183001\" class=\"rank-math-list-item\">\n<h3 class=\"rank-math-question \"><span class=\"ez-toc-section\" id=\"Gdzie_stala_prawdziwa_willa_rodziny_von_Trappow\"><\/span>Gdzie sta\u0142a prawdziwa willa rodziny von Trapp\u00f3w?<span class=\"ez-toc-section-end\"><\/span><\/h3>\n<div class=\"rank-math-answer \">\n\n<p>Prawdziwa Villa Trapp znajduje si\u0119 w dzielnicy Aigen (Traunstra\u00dfe 34). Dzi\u015b funkcjonuje jako wspania\u0142y hotel butikowy, gdzie mo\u017cesz zarezerwowa\u0107 pobyt i przenocowa\u0107 bezpo\u015brednio w oryginalnych pokojach rodziny, w tym w apartamencie Marii.<\/p>\n\n<\/div>\n<\/div>\n<div id=\"faq-question-1785261183002\" class=\"rank-math-list-item\">\n<h3 class=\"rank-math-question \"><span class=\"ez-toc-section\" id=\"Ile_kosztuje_zorganizowana_wycieczka_Sound_of_Music\"><\/span>Ile kosztuje zorganizowana wycieczka Sound of Music?<span class=\"ez-toc-section-end\"><\/span><\/h3>\n<div class=\"rank-math-answer \">\n\n<p>Klasyczna wycieczka autobusem, kt\u00f3ra zabiera Ci\u0119 do g\u0142\u00f3wnych lokacji w Salzburgu i do rejonu jezior, trwa oko\u0142o czterech godzin. Cena zaczyna si\u0119 od 87 dolar\u00f3w ameryka\u0144skich, co stanowi r\u00f3wnowarto\u015b\u0107 nieco poni\u017cej 350 z\u0142 za osob\u0119.<\/p>\n\n<\/div>\n<\/div>\n<div id=\"faq-question-1785261183003\" class=\"rank-math-list-item\">\n<h3 class=\"rank-math-question \"><span class=\"ez-toc-section\" id=\"Czy_do_Austrii_potrzebna_jest_winieta_autostradowa\"><\/span>Czy do Austrii potrzebna jest winieta autostradowa?<span class=\"ez-toc-section-end\"><\/span><\/h3>\n<div class=\"rank-math-answer \">\n\n<p>Tak, austriacka winieta autostradowa jest absolutnie obowi\u0105zkowa do jazdy po autostradach. Je\u015bli planujesz jecha\u0107 z Polski przez Wiede\u0144 lub inn\u0105 tras\u0105 przez Austri\u0119, nie zapomnij kupi\u0107 jej najlepiej wcze\u015bniej online na oficjalnej stronie ASFINAG.<\/p>\n\n<\/div>\n<\/div>\n<div id=\"faq-question-1785261183004\" class=\"rank-math-list-item\">\n<h3 class=\"rank-math-question \"><span class=\"ez-toc-section\" id=\"Czy_klasztor_Nonnberg_jest_zwykla_atrakcja_turystyczna\"><\/span>Czy klasztor Nonnberg jest zwyk\u0142\u0105 atrakcj\u0105 turystyczn\u0105?<span class=\"ez-toc-section-end\"><\/span><\/h3>\n<div class=\"rank-math-answer \">\n\n<p>Nie, jest to nadal funkcjonuj\u0105cy dom si\u00f3str benedyktynek. Swobodnie dost\u0119pny jest tylko zewn\u0119trzny malowniczy dziedziniec i zabytkowa kaplica. Podczas wizyty wymagane jest zachowanie ciszy i odpowiedni str\u00f3j zakrywaj\u0105cy ramiona.<\/p>\n\n<\/div>\n<\/div>\n<div id=\"faq-question-1785261183005\" class=\"rank-math-list-item\">\n<h3 class=\"rank-math-question \"><span class=\"ez-toc-section\" id=\"Czy_moge_zwiedzic_palac_Leopoldskron\"><\/span>Czy mog\u0119 zwiedzi\u0107 pa\u0142ac Leopoldskron?<span class=\"ez-toc-section-end\"><\/span><\/h3>\n<div class=\"rank-math-answer \">\n\n<p>Dla og\u00f3\u0142u zwiedzaj\u0105cych pa\u0142ac i jego ogr\u00f3d s\u0105 zamkni\u0119te. Wewn\u0105trz funkcjonuje prywatny luksusowy hotel i centrum konferencyjne. Aby dosta\u0107 si\u0119 do \u015brodka i zobaczy\u0107 s\u0142ynny taras nad jeziorem, musisz zarezerwowa\u0107 tu nocleg lub wzi\u0105\u0107 udzia\u0142 w p\u0142atnym wydarzeniu.<\/p>\n\n<\/div>\n<\/div>\n<div id=\"faq-question-1785261183006\" class=\"rank-math-list-item\">\n<h3 class=\"rank-math-question \"><span class=\"ez-toc-section\" id=\"Dokad_rodzina_uciekla_w_rzeczywistosci\"><\/span>Dok\u0105d rodzina uciek\u0142a w rzeczywisto\u015bci?<span class=\"ez-toc-section-end\"><\/span><\/h3>\n<div class=\"rank-math-answer \">\n\n<p>W przeciwie\u0144stwie do filmu nie uciekali dramatycznie pieszo przez wysokie g\u00f3ry, poniewa\u017c doprowadzi\u0142oby ich to wprost do nazistowskich Niemiec. Prawdziwa rodzina po prostu zamkn\u0119\u0142a dom, dosz\u0142a na przystanek Aigen i wsiad\u0142a do poci\u0105gu w kierunku W\u0142och.<\/p>\n\n<\/div>\n<\/div>\n<div id=\"faq-question-1785261183007\" class=\"rank-math-list-item\">\n<h3 class=\"rank-math-question \"><span class=\"ez-toc-section\" id=\"Kiedy_jest_najlepszy_czas_na_odwiedziny_Salzburga\"><\/span>Kiedy jest najlepszy czas na odwiedziny Salzburga?<span class=\"ez-toc-section-end\"><\/span><\/h3>\n<div class=\"rank-math-answer \">\n\n<p>Do zwiedzania filmowych lokacji i ogrod\u00f3w idealny jest okres od maja do wrze\u015bnia. Bardzo popularny jest tak\u017ce czas adwentowy dzi\u0119ki pi\u0119knym jarmarkom. Unikaj natomiast lipca i sierpnia, kiedy miasto go\u015bci ogromny festiwal, a ceny nocleg\u00f3w s\u0105 ekstremalnie wysokie.<\/p>\n\n<\/div>\n<\/div>\n<\/div>\n<\/div>","protected":false},"excerpt":{"rendered":"<p>Wyrusz z nami do Salzburga w Austrii \u015bladami musicalu D\u017awi\u0119ki muzyki i odkryj miejsca, gdzie ko\u0144czy si\u0119 filmowa iluzja, a zaczyna fascynuj\u0105ca rzeczywisto\u015b\u0107.<\/p>\n","protected":false},"author":3,"featured_media":350851,"comment_status":"open","ping_status":"open","sticky":false,"template":"","format":"standard","meta":{"_acf_changed":false,"footnotes":"","rank_math_title":"Salzburg w Austrii: 11 filmowych lokacji (2026)","rank_math_description":"Salzburg w Austrii kryje 11 filmowych lokacji z musicalu D\u017awi\u0119ki muzyki. Odkryj altany, zamki i ogrody Mirabell \u2014 sprawd\u017a, jak dojecha\u0107 i gdzie si\u0119 zatrzyma\u0107!","rank_math_focus_keyword":"salzburg austria","rank_math_seo_score":""},"categories":[301,267,740],"tags":[],"class_list":["post-409434","post","type-post","status-publish","format-standard","has-post-thumbnail","category-austria","category-europa","category-podroze"],"acf":[],"featured_image_src":"https:\/\/loudavymkrokem.cz\/wp-content\/uploads\/2026\/07\/pevnost-1.jpg","author_info":{"display_name":"Lucie Kone\u010dn\u00e1","author_link":"https:\/\/loudavymkrokem.cz\/pl\/author\/lucie-konecna\/"},"_links":{"self":[{"href":"https:\/\/loudavymkrokem.cz\/pl\/wp-json\/wp\/v2\/posts\/409434","targetHints":{"allow":["GET"]}}],"collection":[{"href":"https:\/\/loudavymkrokem.cz\/pl\/wp-json\/wp\/v2\/posts"}],"about":[{"href":"https:\/\/loudavymkrokem.cz\/pl\/wp-json\/wp\/v2\/types\/post"}],"author":[{"embeddable":true,"href":"https:\/\/loudavymkrokem.cz\/pl\/wp-json\/wp\/v2\/users\/3"}],"replies":[{"embeddable":true,"href":"https:\/\/loudavymkrokem.cz\/pl\/wp-json\/wp\/v2\/comments?post=409434"}],"version-history":[{"count":1,"href":"https:\/\/loudavymkrokem.cz\/pl\/wp-json\/wp\/v2\/posts\/409434\/revisions"}],"predecessor-version":[{"id":411584,"href":"https:\/\/loudavymkrokem.cz\/pl\/wp-json\/wp\/v2\/posts\/409434\/revisions\/411584"}],"wp:featuredmedia":[{"embeddable":true,"href":"https:\/\/loudavymkrokem.cz\/pl\/wp-json\/wp\/v2\/media\/350851"}],"wp:attachment":[{"href":"https:\/\/loudavymkrokem.cz\/pl\/wp-json\/wp\/v2\/media?parent=409434"}],"wp:term":[{"taxonomy":"category","embeddable":true,"href":"https:\/\/loudavymkrokem.cz\/pl\/wp-json\/wp\/v2\/categories?post=409434"},{"taxonomy":"post_tag","embeddable":true,"href":"https:\/\/loudavymkrokem.cz\/pl\/wp-json\/wp\/v2\/tags?post=409434"}],"curies":[{"name":"wp","href":"https:\/\/api.w.org\/{rel}","templated":true}]}}