{"id":409389,"date":"2026-08-26T17:25:52","date_gmt":"2026-08-26T15:25:52","guid":{"rendered":"https:\/\/loudavymkrokem.cz\/pisek-czechy-z-dziecmi\/"},"modified":"2026-08-31T09:42:45","modified_gmt":"2026-08-31T07:42:45","slug":"pisek-czechy-z-dziecmi","status":"publish","type":"post","link":"https:\/\/loudavymkrokem.cz\/pl\/pisek-czechy-z-dziecmi\/","title":{"rendered":"P\u00edsek w Czechach z dzie\u0107mi: 44 pomys\u0142y od miejscowej mamy 2026"},"content":{"rendered":"\n<p class=\"wp-block-paragraph\">Planujesz odwiedzi\u0107 P\u00edsek w Czechach z dzie\u0107mi? To dla mnie sprawa sercowa, bo urodzi\u0142am si\u0119 w tym pi\u0119knym po\u0142udniowoczeskim mie\u015bcie i tu sp\u0119dzi\u0142am dzieci\u0144stwo. Cho\u0107 potem przez d\u0142ugie lata mieszka\u0142am w Pradze, niedawno wraz z m\u0119\u017cem Luk\u00e1\u0161em zdecydowali\u015bmy si\u0119 <strong>wr\u00f3ci\u0107 na po\u0142udnie<\/strong>, wi\u0119c teraz mieszkamy tu razem z naszym dwuletnim synkiem Jon\u00e1\u0161kiem. Jako miejscowa mama mog\u0119 wi\u0119c z czystym sumieniem powiedzie\u0107, \u017ce <strong>P\u00edsek w Czechach to dla rodzin z dzie\u0107mi absolutnie idealny cel podr\u00f3\u017cy<\/strong>, gdzie wszystko masz pi\u0119knie pod r\u0119k\u0105.<\/p>\n\n\n\n<p class=\"wp-block-paragraph\">Skoro codziennie przemierzam miasto z w\u00f3zkiem i energicznym maluchem, doskonale wiem, jak trudno czasem wymy\u015bli\u0107 program, kt\u00f3ry bawi\u0142by ca\u0142\u0105 rodzin\u0119. Dlatego postanowi\u0142am napisa\u0107 ten obszerny przewodnik, w kt\u00f3rym znajdziesz <strong>najlepsze sale zabaw, place zabaw na \u015bwie\u017cym powietrzu oraz pomys\u0142y na wycieczki<\/strong>, aby wasze rodzinne wakacje przebieg\u0142y w jak najwi\u0119kszym spokoju. P\u00edsek to bowiem zdecydowanie nie tylko najstarszy Kamienny Most, ale te\u017c \u015bwietne zaplecze dla dzieci w ka\u017cdym wieku.<\/p>\n\n\n\n<p class=\"wp-block-paragraph\">Przygotowa\u0142am dla ciebie 44 pomys\u0142y, kt\u00f3re my, miejscowe mamy, ci\u0105gle przesy\u0142amy sobie w r\u00f3\u017cnych grupach i podrzucamy kole\u017cankom, kt\u00f3re dopiero przyje\u017cd\u017caj\u0105. Doda\u0142am do nich praktyczne informacje o cenach i godzinach otwarcia na rok 2026. Niezale\u017cnie od tego, czy przyje\u017cd\u017cacie do nas na d\u0142ugi weekend, czy na ca\u0142e wakacje, <strong>wierz\u0119, \u017ce z tej listy z \u0142atwo\u015bci\u0105 u\u0142o\u017cysz plan<\/strong>, kt\u00f3ry b\u0119dziecie d\u0142ugo wspomina\u0107.<\/p>\n\n\n\n<figure data-wp-context=\"{&quot;imageId&quot;:&quot;6a9544b89958b&quot;}\" data-wp-interactive=\"core\/image\" data-wp-key=\"6a9544b89958b\" class=\"wp-block-image size-full wp-lightbox-container\"><img decoding=\"async\" width=\"2200\" height=\"1467\" data-wp-class--hide=\"state.isContentHidden\" data-wp-class--show=\"state.isContentVisible\" data-wp-init=\"callbacks.setButtonStyles\" data-wp-on--click=\"actions.showLightbox\" data-wp-on--load=\"callbacks.setButtonStyles\" data-wp-on--pointerdown=\"actions.preloadImage\" data-wp-on--pointerenter=\"actions.preloadImageWithDelay\" data-wp-on--pointerleave=\"actions.cancelPreload\" data-wp-on-window--resize=\"callbacks.setButtonStyles\" src=\"https:\/\/loudavymkrokem.cz\/wp-content\/uploads\/2026\/08\/pisek-kamenny-most-den.jpg\" alt=\"Kamienny Most w P\u00edsku w letni dzie\u0144\" class=\"wp-image-399336\" title=\"\" srcset=\"https:\/\/loudavymkrokem.cz\/wp-content\/uploads\/2026\/08\/pisek-kamenny-most-den.jpg 2200w, https:\/\/loudavymkrokem.cz\/wp-content\/uploads\/2026\/08\/pisek-kamenny-most-den-300x200.jpg 300w, https:\/\/loudavymkrokem.cz\/wp-content\/uploads\/2026\/08\/pisek-kamenny-most-den-700x467.jpg 700w, https:\/\/loudavymkrokem.cz\/wp-content\/uploads\/2026\/08\/pisek-kamenny-most-den-768x512.jpg 768w, https:\/\/loudavymkrokem.cz\/wp-content\/uploads\/2026\/08\/pisek-kamenny-most-den-1536x1024.jpg 1536w, https:\/\/loudavymkrokem.cz\/wp-content\/uploads\/2026\/08\/pisek-kamenny-most-den-2048x1366.jpg 2048w, https:\/\/loudavymkrokem.cz\/wp-content\/uploads\/2026\/08\/pisek-kamenny-most-den-696x464.jpg 696w, https:\/\/loudavymkrokem.cz\/wp-content\/uploads\/2026\/08\/pisek-kamenny-most-den-1392x928.jpg 1392w, https:\/\/loudavymkrokem.cz\/wp-content\/uploads\/2026\/08\/pisek-kamenny-most-den-1920x1280.jpg 1920w\" sizes=\"(max-width: 2200px) 100vw, 2200px\" \/><button\n\t\t\tclass=\"lightbox-trigger\"\n\t\t\ttype=\"button\"\n\t\t\taria-haspopup=\"dialog\"\n\t\t\tdata-wp-bind--aria-label=\"state.thisImage.triggerButtonAriaLabel\"\n\t\t\tdata-wp-init=\"callbacks.initTriggerButton\"\n\t\t\tdata-wp-on--click=\"actions.showLightbox\"\n\t\t\tdata-wp-style--right=\"state.thisImage.buttonRight\"\n\t\t\tdata-wp-style--top=\"state.thisImage.buttonTop\"\n\t\t>\n\t\t\t<svg xmlns=\"http:\/\/www.w3.org\/2000\/svg\" width=\"12\" height=\"12\" fill=\"none\" viewBox=\"0 0 12 12\">\n\t\t\t\t<path fill=\"#fff\" d=\"M2 0a2 2 0 0 0-2 2v2h1.5V2a.5.5 0 0 1 .5-.5h2V0H2Zm2 10.5H2a.5.5 0 0 1-.5-.5V8H0v2a2 2 0 0 0 2 2h2v-1.5ZM8 12v-1.5h2a.5.5 0 0 0 .5-.5V8H12v2a2 2 0 0 1-2 2H8Zm2-12a2 2 0 0 1 2 2v2h-1.5V2a.5.5 0 0 0-.5-.5H8V0h2Z\" \/>\n\t\t\t<\/svg>\n\t\t<\/button><\/figure>\n\n\n\n<div id=\"ez-toc-container\" class=\"ez-toc-v2_0_86 ez-toc-wrap-left counter-hierarchy ez-toc-counter ez-toc-grey ez-toc-container-direction\">\n<div class=\"ez-toc-title-container\">\n<p class=\"ez-toc-title\" style=\"cursor:inherit\">Tre\u015b\u0107 artyku\u0142u<\/p>\n<span class=\"ez-toc-title-toggle\"><a href=\"#\" class=\"ez-toc-pull-right ez-toc-btn ez-toc-btn-xs ez-toc-btn-default ez-toc-toggle\" aria-label=\"Prze\u0142\u0105cznik Spisu Tre\u015bci\"><span class=\"ez-toc-js-icon-con\"><span class=\"\"><span class=\"eztoc-hide\" style=\"display:none;\">Toggle<\/span><span class=\"ez-toc-icon-toggle-span\"><svg style=\"fill: #999;color:#999\" xmlns=\"http:\/\/www.w3.org\/2000\/svg\" class=\"list-377408\" width=\"20px\" height=\"20px\" viewBox=\"0 0 24 24\" fill=\"none\"><path d=\"M6 6H4v2h2V6zm14 0H8v2h12V6zM4 11h2v2H4v-2zm16 0H8v2h12v-2zM4 16h2v2H4v-2zm16 0H8v2h12v-2z\" fill=\"currentColor\"><\/path><\/svg><svg style=\"fill: #999;color:#999\" class=\"arrow-unsorted-368013\" xmlns=\"http:\/\/www.w3.org\/2000\/svg\" width=\"10px\" height=\"10px\" viewBox=\"0 0 24 24\" version=\"1.2\" baseProfile=\"tiny\"><path d=\"M18.2 9.3l-6.2-6.3-6.2 6.3c-.2.2-.3.4-.3.7s.1.5.3.7c.2.2.4.3.7.3h11c.3 0 .5-.1.7-.3.2-.2.3-.5.3-.7s-.1-.5-.3-.7zM5.8 14.7l6.2 6.3 6.2-6.3c.2-.2.3-.5.3-.7s-.1-.5-.3-.7c-.2-.2-.4-.3-.7-.3h-11c-.3 0-.5.1-.7.3-.2.2-.3.5-.3.7s.1.5.3.7z\"\/><\/svg><\/span><\/span><\/span><\/a><\/span><\/div>\n<nav><ul class='ez-toc-list ez-toc-list-level-1 ' ><ul class='ez-toc-list-level-3' ><li class='ez-toc-heading-level-3'><a class=\"ez-toc-link ez-toc-heading-1\" href=\"https:\/\/loudavymkrokem.cz\/pl\/pisek-czechy-z-dziecmi\/#Podsumowanie_dla_tych_ktorzy_nie_maja_czasu_na_caly_artykul\" >Podsumowanie dla tych, kt\u00f3rzy nie maj\u0105 czasu na ca\u0142y artyku\u0142<\/a><\/li><\/ul><\/li><li class='ez-toc-page-1 ez-toc-heading-level-2'><a class=\"ez-toc-link ez-toc-heading-2\" href=\"https:\/\/loudavymkrokem.cz\/pl\/pisek-czechy-z-dziecmi\/#Kiedy_jechac_do_Pisku_w_Czechach_z_dziecmi\" >Kiedy jecha\u0107 do P\u00edsku w Czechach z dzie\u0107mi<\/a><\/li><li class='ez-toc-page-1 ez-toc-heading-level-2'><a class=\"ez-toc-link ez-toc-heading-3\" href=\"https:\/\/loudavymkrokem.cz\/pl\/pisek-czechy-z-dziecmi\/#Gdzie_sie_zatrzymac_w_Pisku_z_dziecmi\" >Gdzie si\u0119 zatrzyma\u0107 w P\u00edsku z dzie\u0107mi<\/a><\/li><li class='ez-toc-page-1 ez-toc-heading-level-2'><a class=\"ez-toc-link ez-toc-heading-4\" href=\"https:\/\/loudavymkrokem.cz\/pl\/pisek-czechy-z-dziecmi\/#Sale_zabaw_i_rozrywka_pod_dachem_w_Pisku\" >Sale zabaw i rozrywka pod dachem w P\u00edsku<\/a><ul class='ez-toc-list-level-3' ><li class='ez-toc-heading-level-3'><a class=\"ez-toc-link ez-toc-heading-5\" href=\"https:\/\/loudavymkrokem.cz\/pl\/pisek-czechy-z-dziecmi\/#1_Myska_herna\" >1. My\u0161ka herna<\/a><\/li><li class='ez-toc-page-1 ez-toc-heading-level-3'><a class=\"ez-toc-link ez-toc-heading-6\" href=\"https:\/\/loudavymkrokem.cz\/pl\/pisek-czechy-z-dziecmi\/#2_Sladovna_%E2%80%93_ekspozycja_Pilariste\" >2. Sladovna \u2013 ekspozycja Pila\u0159i\u0161t\u011b<\/a><\/li><li class='ez-toc-page-1 ez-toc-heading-level-3'><a class=\"ez-toc-link ez-toc-heading-7\" href=\"https:\/\/loudavymkrokem.cz\/pl\/pisek-czechy-z-dziecmi\/#3_Sladovna_%E2%80%93_ekspozycja_Mraveniste\" >3. Sladovna \u2013 ekspozycja Mraveni\u0161t\u011b<\/a><\/li><li class='ez-toc-page-1 ez-toc-heading-level-3'><a class=\"ez-toc-link ez-toc-heading-8\" href=\"https:\/\/loudavymkrokem.cz\/pl\/pisek-czechy-z-dziecmi\/#4_Fazole_%E2%80%93_pracownie_Montessori\" >4. Fazole \u2013 pracownie Montessori<\/a><\/li><li class='ez-toc-page-1 ez-toc-heading-level-3'><a class=\"ez-toc-link ez-toc-heading-9\" href=\"https:\/\/loudavymkrokem.cz\/pl\/pisek-czechy-z-dziecmi\/#5_Hernajs\" >5. Hernajs<\/a><\/li><li class='ez-toc-page-1 ez-toc-heading-level-3'><a class=\"ez-toc-link ez-toc-heading-10\" href=\"https:\/\/loudavymkrokem.cz\/pl\/pisek-czechy-z-dziecmi\/#6_Mini_Academy_Pisek\" >6. Mini Academy P\u00edsek<\/a><\/li><li class='ez-toc-page-1 ez-toc-heading-level-3'><a class=\"ez-toc-link ez-toc-heading-11\" href=\"https:\/\/loudavymkrokem.cz\/pl\/pisek-czechy-z-dziecmi\/#7_Laser_Arena_Pisek_Game_Cafe_Bar\" >7. Laser Ar\u00e9na P\u00edsek &amp; Game Caf\u00e9 Bar<\/a><\/li><li class='ez-toc-page-1 ez-toc-heading-level-3'><a class=\"ez-toc-link ez-toc-heading-12\" href=\"https:\/\/loudavymkrokem.cz\/pl\/pisek-czechy-z-dziecmi\/#8_LezeTop_%E2%80%93_centrum_wspinaczkowe_Pisek\" >8. LezeTop \u2013 centrum wspinaczkowe P\u00edsek<\/a><\/li><li class='ez-toc-page-1 ez-toc-heading-level-3'><a class=\"ez-toc-link ez-toc-heading-13\" href=\"https:\/\/loudavymkrokem.cz\/pl\/pisek-czechy-z-dziecmi\/#9_Stadion_plywacki\" >9. Stadion p\u0142ywacki<\/a><\/li><li class='ez-toc-page-1 ez-toc-heading-level-3'><a class=\"ez-toc-link ez-toc-heading-14\" href=\"https:\/\/loudavymkrokem.cz\/pl\/pisek-czechy-z-dziecmi\/#10_Centrum_opieki_nad_matka_i_dzieckiem\" >10. Centrum opieki nad matk\u0105 i dzieckiem<\/a><\/li><li class='ez-toc-page-1 ez-toc-heading-level-3'><a class=\"ez-toc-link ez-toc-heading-15\" href=\"https:\/\/loudavymkrokem.cz\/pl\/pisek-czechy-z-dziecmi\/#11_Biblioteka_miejska_i_kawiarnia_Upekla\" >11. Biblioteka miejska i kawiarnia Upekla<\/a><\/li><\/ul><\/li><li class='ez-toc-page-1 ez-toc-heading-level-2'><a class=\"ez-toc-link ez-toc-heading-16\" href=\"https:\/\/loudavymkrokem.cz\/pl\/pisek-czechy-z-dziecmi\/#Place_zabaw_park_i_rzeka_Pisek_w_Czechach_z_dziecmi_na_dworze\" >Place zabaw, park i rzeka: P\u00edsek w Czechach z dzie\u0107mi na dworze<\/a><ul class='ez-toc-list-level-3' ><li class='ez-toc-heading-level-3'><a class=\"ez-toc-link ez-toc-heading-17\" href=\"https:\/\/loudavymkrokem.cz\/pl\/pisek-czechy-z-dziecmi\/#12_Rzezby_z_piasku_na_bulwarze\" >12. Rze\u017aby z piasku na bulwarze<\/a><\/li><li class='ez-toc-page-1 ez-toc-heading-level-3'><a class=\"ez-toc-link ez-toc-heading-18\" href=\"https:\/\/loudavymkrokem.cz\/pl\/pisek-czechy-z-dziecmi\/#13_Kamienny_Most_i_bulwar\" >13. Kamienny Most i bulwar<\/a><\/li><li class='ez-toc-page-1 ez-toc-heading-level-3'><a class=\"ez-toc-link ez-toc-heading-19\" href=\"https:\/\/loudavymkrokem.cz\/pl\/pisek-czechy-z-dziecmi\/#14_Wyspa_Miejska\" >14. Wyspa Miejska<\/a><\/li><li class='ez-toc-page-1 ez-toc-heading-level-3'><a class=\"ez-toc-link ez-toc-heading-20\" href=\"https:\/\/loudavymkrokem.cz\/pl\/pisek-czechy-z-dziecmi\/#15_Miasteczko_ruchu_drogowego_przy_sw_Waclawie\" >15. Miasteczko ruchu drogowego przy \u015bw. Wac\u0142awie<\/a><\/li><li class='ez-toc-page-1 ez-toc-heading-level-3'><a class=\"ez-toc-link ez-toc-heading-21\" href=\"https:\/\/loudavymkrokem.cz\/pl\/pisek-czechy-z-dziecmi\/#16_Bulwar_Jiraska_i_plac_zabaw_na_kulki\" >16. Bulwar Jir\u00e1ska i plac zabaw na kulki<\/a><\/li><li class='ez-toc-page-1 ez-toc-heading-level-3'><a class=\"ez-toc-link ez-toc-heading-22\" href=\"https:\/\/loudavymkrokem.cz\/pl\/pisek-czechy-z-dziecmi\/#17_Plac_zabaw_z_jeleniem_Na_Trubach\" >17. Plac zabaw z jeleniem Na Trub\u00e1ch<\/a><\/li><li class='ez-toc-page-1 ez-toc-heading-level-3'><a class=\"ez-toc-link ez-toc-heading-23\" href=\"https:\/\/loudavymkrokem.cz\/pl\/pisek-czechy-z-dziecmi\/#18_Park_Palackeho\" >18. Park Palack\u00e9ho<\/a><\/li><li class='ez-toc-page-1 ez-toc-heading-level-3'><a class=\"ez-toc-link ez-toc-heading-24\" href=\"https:\/\/loudavymkrokem.cz\/pl\/pisek-czechy-z-dziecmi\/#19_Plywalnia_przy_sw_Waclawie\" >19. P\u0142ywalnia przy \u015bw. Wac\u0142awie<\/a><\/li><li class='ez-toc-page-1 ez-toc-heading-level-3'><a class=\"ez-toc-link ez-toc-heading-25\" href=\"https:\/\/loudavymkrokem.cz\/pl\/pisek-czechy-z-dziecmi\/#20_Lodki_i_kajakarstwo_na_Otavie\" >20. \u0141\u00f3dki i kajakarstwo na Otavie<\/a><\/li><li class='ez-toc-page-1 ez-toc-heading-level-3'><a class=\"ez-toc-link ez-toc-heading-26\" href=\"https:\/\/loudavymkrokem.cz\/pl\/pisek-czechy-z-dziecmi\/#21_Zagroda_U_Vodaka\" >21. Zagroda U Vod\u00e1ka<\/a><\/li><li class='ez-toc-page-1 ez-toc-heading-level-3'><a class=\"ez-toc-link ez-toc-heading-27\" href=\"https:\/\/loudavymkrokem.cz\/pl\/pisek-czechy-z-dziecmi\/#22_Labirynt_3D_Zivec\" >22. Labirynt 3D \u017divec<\/a><\/li><li class='ez-toc-page-1 ez-toc-heading-level-3'><a class=\"ez-toc-link ez-toc-heading-28\" href=\"https:\/\/loudavymkrokem.cz\/pl\/pisek-czechy-z-dziecmi\/#23_Wieza_widokowa_Jarnik\" >23. Wie\u017ca widokowa Jarn\u00edk<\/a><\/li><li class='ez-toc-page-1 ez-toc-heading-level-3'><a class=\"ez-toc-link ez-toc-heading-29\" href=\"https:\/\/loudavymkrokem.cz\/pl\/pisek-czechy-z-dziecmi\/#24_Tor_na_kulki_Hradiste\" >24. Tor na kulki Hradi\u0161t\u011b<\/a><\/li><li class='ez-toc-page-1 ez-toc-heading-level-3'><a class=\"ez-toc-link ez-toc-heading-30\" href=\"https:\/\/loudavymkrokem.cz\/pl\/pisek-czechy-z-dziecmi\/#25_Gigantyczna_piaskownica_Vystaviste\" >25. Gigantyczna piaskownica V\u00fdstavi\u0161t\u011b<\/a><\/li><\/ul><\/li><li class='ez-toc-page-1 ez-toc-heading-level-2'><a class=\"ez-toc-link ez-toc-heading-31\" href=\"https:\/\/loudavymkrokem.cz\/pl\/pisek-czechy-z-dziecmi\/#Wycieczki_z_dziecmi_w_okolicy_Pisku\" >Wycieczki z dzie\u0107mi w okolicy P\u00edsku<\/a><ul class='ez-toc-list-level-3' ><li class='ez-toc-heading-level-3'><a class=\"ez-toc-link ez-toc-heading-32\" href=\"https:\/\/loudavymkrokem.cz\/pl\/pisek-czechy-z-dziecmi\/#26_Farmapark_Maletice\" >26. Farmapark Maletice<\/a><\/li><li class='ez-toc-page-1 ez-toc-heading-level-3'><a class=\"ez-toc-link ez-toc-heading-33\" href=\"https:\/\/loudavymkrokem.cz\/pl\/pisek-czechy-z-dziecmi\/#27_Nase_zviratka_Putim\" >27. Na\u0161e zv\u00ed\u0159\u00e1tka Putim<\/a><\/li><li class='ez-toc-page-1 ez-toc-heading-level-3'><a class=\"ez-toc-link ez-toc-heading-34\" href=\"https:\/\/loudavymkrokem.cz\/pl\/pisek-czechy-z-dziecmi\/#28_Kozluv_statek_w_Predoticach\" >28. Kozl\u016fv statek w P\u0159edoticach<\/a><\/li><li class='ez-toc-page-1 ez-toc-heading-level-3'><a class=\"ez-toc-link ez-toc-heading-35\" href=\"https:\/\/loudavymkrokem.cz\/pl\/pisek-czechy-z-dziecmi\/#29_Farma_Stary_Bor_kolo_Sedlicy\" >29. Farma Star\u00fd Bor ko\u0142o Sedlicy<\/a><\/li><li class='ez-toc-page-1 ez-toc-heading-level-3'><a class=\"ez-toc-link ez-toc-heading-36\" href=\"https:\/\/loudavymkrokem.cz\/pl\/pisek-czechy-z-dziecmi\/#30_Stajnia_Stetice\" >30. Stajnia \u0160t\u011btice<\/a><\/li><li class='ez-toc-page-1 ez-toc-heading-level-3'><a class=\"ez-toc-link ez-toc-heading-37\" href=\"https:\/\/loudavymkrokem.cz\/pl\/pisek-czechy-z-dziecmi\/#31_Ranch_Calamity_Jane_w_Probulovie\" >31. Ranch Calamity Jane w Probulovie<\/a><\/li><li class='ez-toc-page-1 ez-toc-heading-level-3'><a class=\"ez-toc-link ez-toc-heading-38\" href=\"https:\/\/loudavymkrokem.cz\/pl\/pisek-czechy-z-dziecmi\/#32_Fiziland_Protivin\" >32. Fiziland Protiv\u00edn<\/a><\/li><li class='ez-toc-page-1 ez-toc-heading-level-3'><a class=\"ez-toc-link ez-toc-heading-39\" href=\"https:\/\/loudavymkrokem.cz\/pl\/pisek-czechy-z-dziecmi\/#33_Kralovstvi_casu_Protivin\" >33. Kr\u00e1lovstv\u00ed \u010dasu Protiv\u00edn<\/a><\/li><li class='ez-toc-page-1 ez-toc-heading-level-3'><a class=\"ez-toc-link ez-toc-heading-40\" href=\"https:\/\/loudavymkrokem.cz\/pl\/pisek-czechy-z-dziecmi\/#34_Krokodyle_ZOO_Protivin\" >34. Krokodyle ZOO Protiv\u00edn<\/a><\/li><li class='ez-toc-page-1 ez-toc-heading-level-3'><a class=\"ez-toc-link ez-toc-heading-41\" href=\"https:\/\/loudavymkrokem.cz\/pl\/pisek-czechy-z-dziecmi\/#35_Bajkowa_Kuznia_Selibov\" >35. Bajkowa Ku\u017ania Selibov<\/a><\/li><li class='ez-toc-page-1 ez-toc-heading-level-3'><a class=\"ez-toc-link ez-toc-heading-42\" href=\"https:\/\/loudavymkrokem.cz\/pl\/pisek-czechy-z-dziecmi\/#36_Zemeraj_Kovarov\" >36. Zem\u011br\u00e1j Kov\u00e1\u0159ov<\/a><\/li><li class='ez-toc-page-1 ez-toc-heading-level-3'><a class=\"ez-toc-link ez-toc-heading-43\" href=\"https:\/\/loudavymkrokem.cz\/pl\/pisek-czechy-z-dziecmi\/#37_Bagrarium_Strakonice\" >37. Bagr\u00e1rium Strakonice<\/a><\/li><li class='ez-toc-page-1 ez-toc-heading-level-3'><a class=\"ez-toc-link ez-toc-heading-44\" href=\"https:\/\/loudavymkrokem.cz\/pl\/pisek-czechy-z-dziecmi\/#38_Zvikov_i_rejs_na_Orlik\" >38. Zv\u00edkov i rejs na Orl\u00edk<\/a><\/li><li class='ez-toc-page-1 ez-toc-heading-level-3'><a class=\"ez-toc-link ez-toc-heading-45\" href=\"https:\/\/loudavymkrokem.cz\/pl\/pisek-czechy-z-dziecmi\/#39_Zamek_Blatna_i_daniele\" >39. Zamek Blatn\u00e1 i daniele<\/a><\/li><li class='ez-toc-page-1 ez-toc-heading-level-3'><a class=\"ez-toc-link ez-toc-heading-46\" href=\"https:\/\/loudavymkrokem.cz\/pl\/pisek-czechy-z-dziecmi\/#40_ZOO_Hluboka\" >40. ZOO Hlubok\u00e1<\/a><\/li><li class='ez-toc-page-1 ez-toc-heading-level-3'><a class=\"ez-toc-link ez-toc-heading-47\" href=\"https:\/\/loudavymkrokem.cz\/pl\/pisek-czechy-z-dziecmi\/#41_Tabor_i_jego_muzea\" >41. T\u00e1bor i jego muzea<\/a><\/li><li class='ez-toc-page-1 ez-toc-heading-level-3'><a class=\"ez-toc-link ez-toc-heading-48\" href=\"https:\/\/loudavymkrokem.cz\/pl\/pisek-czechy-z-dziecmi\/#42_Muzeum_Milevskich_Masek\" >42. Muzeum Milevskich Masek<\/a><\/li><li class='ez-toc-page-1 ez-toc-heading-level-3'><a class=\"ez-toc-link ez-toc-heading-49\" href=\"https:\/\/loudavymkrokem.cz\/pl\/pisek-czechy-z-dziecmi\/#43_Aquapark_Horazdovice\" >43. Aquapark Hora\u017e\u010fovice<\/a><\/li><li class='ez-toc-page-1 ez-toc-heading-level-3'><a class=\"ez-toc-link ez-toc-heading-50\" href=\"https:\/\/loudavymkrokem.cz\/pl\/pisek-czechy-z-dziecmi\/#44_Vodnany_i_muzeum_rybactwa\" >44. Vod\u0148any i muzeum rybactwa<\/a><\/li><\/ul><\/li><li class='ez-toc-page-1 ez-toc-heading-level-2'><a class=\"ez-toc-link ez-toc-heading-51\" href=\"https:\/\/loudavymkrokem.cz\/pl\/pisek-czechy-z-dziecmi\/#Gdzie_zjesc_w_Pisku_z_dziecmi\" >Gdzie zje\u015b\u0107 w P\u00edsku z dzie\u0107mi<\/a><\/li><li class='ez-toc-page-1 ez-toc-heading-level-2'><a class=\"ez-toc-link ez-toc-heading-52\" href=\"https:\/\/loudavymkrokem.cz\/pl\/pisek-czechy-z-dziecmi\/#Co_robic_w_Pisku_z_dziecmi_gdy_pada\" >Co robi\u0107 w P\u00edsku z dzie\u0107mi, gdy pada<\/a><\/li><li class='ez-toc-page-1 ez-toc-heading-level-2'><a class=\"ez-toc-link ez-toc-heading-53\" href=\"https:\/\/loudavymkrokem.cz\/pl\/pisek-czechy-z-dziecmi\/#Praktyczne_wskazowki_dla_rodzin_parkowanie_wozek_przewijanie\" >Praktyczne wskaz\u00f3wki dla rodzin: parkowanie, w\u00f3zek, przewijanie<\/a><\/li><li class='ez-toc-page-1 ez-toc-heading-level-2'><a class=\"ez-toc-link ez-toc-heading-54\" href=\"https:\/\/loudavymkrokem.cz\/pl\/pisek-czechy-z-dziecmi\/#Dokad_dalej\" >Dok\u0105d dalej<\/a><\/li><li class='ez-toc-page-1 ez-toc-heading-level-2'><a class=\"ez-toc-link ez-toc-heading-55\" href=\"https:\/\/loudavymkrokem.cz\/pl\/pisek-czechy-z-dziecmi\/#Najczesciej_zadawane_pytania\" >Najcz\u0119\u015bciej zadawane pytania<\/a><ul class='ez-toc-list-level-3' ><li class='ez-toc-heading-level-3'><a class=\"ez-toc-link ez-toc-heading-56\" href=\"https:\/\/loudavymkrokem.cz\/pl\/pisek-czechy-z-dziecmi\/#Co_robic_z_dziecmi_w_Pisku_gdy_pada_deszcz\" >Co robi\u0107 z dzie\u0107mi w Pisku, gdy pada deszcz?<\/a><\/li><li class='ez-toc-page-1 ez-toc-heading-level-3'><a class=\"ez-toc-link ez-toc-heading-57\" href=\"https:\/\/loudavymkrokem.cz\/pl\/pisek-czechy-z-dziecmi\/#Ile_kosztuje_Sladovna\" >Ile kosztuje Sladovna?<\/a><\/li><li class='ez-toc-page-1 ez-toc-heading-level-3'><a class=\"ez-toc-link ez-toc-heading-58\" href=\"https:\/\/loudavymkrokem.cz\/pl\/pisek-czechy-z-dziecmi\/#Dokad_w_Pisku_wybrac_sie_z_malym_dzieckiem\" >Dok\u0105d w Pisku wybra\u0107 si\u0119 z ma\u0142ym dzieckiem?<\/a><\/li><li class='ez-toc-page-1 ez-toc-heading-level-3'><a class=\"ez-toc-link ez-toc-heading-59\" href=\"https:\/\/loudavymkrokem.cz\/pl\/pisek-czechy-z-dziecmi\/#Jaka_jest_najlepsza_sala_zabaw_w_Pisku\" >Jaka jest najlepsza sala zabaw w Pisku?<\/a><\/li><li class='ez-toc-page-1 ez-toc-heading-level-3'><a class=\"ez-toc-link ez-toc-heading-60\" href=\"https:\/\/loudavymkrokem.cz\/pl\/pisek-czechy-z-dziecmi\/#Jakie_sa_najlepsze_wycieczki_do_20_minut_jazdy\" >Jakie s\u0105 najlepsze wycieczki do 20 minut jazdy?<\/a><\/li><li class='ez-toc-page-1 ez-toc-heading-level-3'><a class=\"ez-toc-link ez-toc-heading-61\" href=\"https:\/\/loudavymkrokem.cz\/pl\/pisek-czechy-z-dziecmi\/#Czy_Pisek_jest_przyjazny_dla_wozkow\" >Czy Pisek jest przyjazny dla w\u00f3zk\u00f3w?<\/a><\/li><li class='ez-toc-page-1 ez-toc-heading-level-3'><a class=\"ez-toc-link ez-toc-heading-62\" href=\"https:\/\/loudavymkrokem.cz\/pl\/pisek-czechy-z-dziecmi\/#Gdzie_kapac_sie_z_dziecmi_w_Pisku\" >Gdzie k\u0105pa\u0107 si\u0119 z dzie\u0107mi w Pisku?<\/a><\/li><li class='ez-toc-page-1 ez-toc-heading-level-3'><a class=\"ez-toc-link ez-toc-heading-63\" href=\"https:\/\/loudavymkrokem.cz\/pl\/pisek-czechy-z-dziecmi\/#Dokad_z_dziecmi_za_darmo\" >Dok\u0105d z dzie\u0107mi za darmo?<\/a><\/li><\/ul><\/li><\/ul><\/nav><\/div>\n<h3 class=\"wp-block-heading\"><span class=\"ez-toc-section\" id=\"Podsumowanie_dla_tych_ktorzy_nie_maja_czasu_na_caly_artykul\"><\/span>Podsumowanie dla tych, kt\u00f3rzy nie maj\u0105 czasu na ca\u0142y artyku\u0142<span class=\"ez-toc-section-end\"><\/span><\/h3>\n\n\n\n<ul class=\"wp-block-list\">\n<li><strong>Najwi\u0119ksza sala zabaw:<\/strong> My\u0161ka herna na osiedlu Porty\u010d ma ju\u017c do\u015b\u0107 przestarza\u0142e wyposa\u017cenie, ale wci\u0105\u017c jest to najwi\u0119ksza sala zabaw w P\u00edsku, wi\u0119c tam chodzimy.<\/li>\n\n\n\n<li><strong>Kultura dla dzieci:<\/strong> Sladovna z ekspozycjami Pila\u0159i\u0161t\u011b i Mraveni\u0161t\u011b to absolutna konieczno\u015b\u0107, tylko nie zapomnij kupi\u0107 bilet\u00f3w wcze\u015bniej online.<\/li>\n\n\n\n<li><strong>Najpopularniejszy plac zabaw:<\/strong> Nowy plac zabaw z gigantycznym drewnianym jeleniem Na Trub\u00e1ch oraz tory na kulki na bulwarze Jir\u00e1ska zajm\u0105 dzieci na ca\u0142e popo\u0142udnie.<\/li>\n\n\n\n<li><strong>Kawiarnia z k\u0105cikiem dla dzieci:<\/strong> Nasza ulubiona Travel Cafe ma na dziedzi\u0144cu ogr\u00f3dek z rewelacyjn\u0105 piaskownic\u0105 i domkiem.<\/li>\n\n\n\n<li><strong>Top 3 wycieczki po okolicy:<\/strong> Farmapark Maletice, Kr\u00e1lovstv\u00ed \u010dasu (Kr\u00f3lestwo Czasu) w Protiv\u00ednie i Bajkowa Ku\u017ania w Selibovie to pewniaki.<\/li>\n\n\n\n<li><strong>Co robi\u0107, gdy pada:<\/strong> Uratuj\u0105 was Sladovna, My\u0161ka herna, basen na stadionie p\u0142ywackim, ma\u0142a sala zabaw Hernajs lub kino Porty\u010d.<\/li>\n<\/ul>\n\n\n\n<h2 class=\"wp-block-heading\"><span class=\"ez-toc-section\" id=\"Kiedy_jechac_do_Pisku_w_Czechach_z_dziecmi\"><\/span>Kiedy jecha\u0107 do P\u00edsku w Czechach z dzie\u0107mi<span class=\"ez-toc-section-end\"><\/span><\/h2>\n\n\n\n<figure data-wp-context=\"{&quot;imageId&quot;:&quot;6a9544b899bab&quot;}\" data-wp-interactive=\"core\/image\" data-wp-key=\"6a9544b899bab\" class=\"wp-block-image size-full wp-lightbox-container\"><img decoding=\"async\" width=\"2200\" height=\"1467\" data-wp-class--hide=\"state.isContentHidden\" data-wp-class--show=\"state.isContentVisible\" data-wp-init=\"callbacks.setButtonStyles\" data-wp-on--click=\"actions.showLightbox\" data-wp-on--load=\"callbacks.setButtonStyles\" data-wp-on--pointerdown=\"actions.preloadImage\" data-wp-on--pointerenter=\"actions.preloadImageWithDelay\" data-wp-on--pointerleave=\"actions.cancelPreload\" data-wp-on-window--resize=\"callbacks.setButtonStyles\" src=\"https:\/\/loudavymkrokem.cz\/wp-content\/uploads\/2026\/08\/pisek-mestanske-domy-velke-namesti.jpg\" alt=\"Kolorowe kamienice na Wielkim Rynku w P\u00edsku\" class=\"wp-image-399373\" title=\"\" srcset=\"https:\/\/loudavymkrokem.cz\/wp-content\/uploads\/2026\/08\/pisek-mestanske-domy-velke-namesti.jpg 2200w, https:\/\/loudavymkrokem.cz\/wp-content\/uploads\/2026\/08\/pisek-mestanske-domy-velke-namesti-300x200.jpg 300w, https:\/\/loudavymkrokem.cz\/wp-content\/uploads\/2026\/08\/pisek-mestanske-domy-velke-namesti-700x467.jpg 700w, https:\/\/loudavymkrokem.cz\/wp-content\/uploads\/2026\/08\/pisek-mestanske-domy-velke-namesti-768x512.jpg 768w, https:\/\/loudavymkrokem.cz\/wp-content\/uploads\/2026\/08\/pisek-mestanske-domy-velke-namesti-1536x1024.jpg 1536w, https:\/\/loudavymkrokem.cz\/wp-content\/uploads\/2026\/08\/pisek-mestanske-domy-velke-namesti-2048x1366.jpg 2048w, https:\/\/loudavymkrokem.cz\/wp-content\/uploads\/2026\/08\/pisek-mestanske-domy-velke-namesti-696x464.jpg 696w, https:\/\/loudavymkrokem.cz\/wp-content\/uploads\/2026\/08\/pisek-mestanske-domy-velke-namesti-1392x928.jpg 1392w, https:\/\/loudavymkrokem.cz\/wp-content\/uploads\/2026\/08\/pisek-mestanske-domy-velke-namesti-1920x1280.jpg 1920w\" sizes=\"(max-width: 2200px) 100vw, 2200px\" \/><button\n\t\t\tclass=\"lightbox-trigger\"\n\t\t\ttype=\"button\"\n\t\t\taria-haspopup=\"dialog\"\n\t\t\tdata-wp-bind--aria-label=\"state.thisImage.triggerButtonAriaLabel\"\n\t\t\tdata-wp-init=\"callbacks.initTriggerButton\"\n\t\t\tdata-wp-on--click=\"actions.showLightbox\"\n\t\t\tdata-wp-style--right=\"state.thisImage.buttonRight\"\n\t\t\tdata-wp-style--top=\"state.thisImage.buttonTop\"\n\t\t>\n\t\t\t<svg xmlns=\"http:\/\/www.w3.org\/2000\/svg\" width=\"12\" height=\"12\" fill=\"none\" viewBox=\"0 0 12 12\">\n\t\t\t\t<path fill=\"#fff\" d=\"M2 0a2 2 0 0 0-2 2v2h1.5V2a.5.5 0 0 1 .5-.5h2V0H2Zm2 10.5H2a.5.5 0 0 1-.5-.5V8H0v2a2 2 0 0 0 2 2h2v-1.5ZM8 12v-1.5h2a.5.5 0 0 0 .5-.5V8H12v2a2 2 0 0 1-2 2H8Zm2-12a2 2 0 0 1 2 2v2h-1.5V2a.5.5 0 0 0-.5-.5H8V0h2Z\" \/>\n\t\t\t<\/svg>\n\t\t<\/button><\/figure>\n\n\n\n<p class=\"wp-block-paragraph\">P\u00edsek jest pi\u0119kny przez ca\u0142y rok, ale je\u015bli chcesz w pe\u0142ni cieszy\u0107 si\u0119 miastem tak\u017ce z aktywno\u015bciami na \u015bwie\u017cym powietrzu, <strong>idealny czas na wizyt\u0119 to okres od ko\u0144ca maja do wrze\u015bnia<\/strong>. To w\u0142a\u015bnie od ko\u0144ca maja na bulwarze przy Kamiennym Mo\u015bcie regularnie wyrastaj\u0105 olbrzymie rze\u017aby z piasku, kt\u00f3re s\u0105 wielk\u0105 atrakcj\u0105, a letnie miesi\u0105ce wr\u0119cz zach\u0119caj\u0105 do odwiedzenia pi\u0119knej rzecznej p\u0142ywalni przy ko\u015bciele \u015bw. Wac\u0142awa.<\/p>\n\n\n\n<p class=\"wp-block-paragraph\">Je\u015bli wybieracie si\u0119 do nas zim\u0105 lub jesieni\u0105, <strong>na pewno si\u0119 nie znudzicie<\/strong>, bo miasto ma \u015bwietne zaplecze zadaszone na czele ze Sladovn\u0105 i kilkoma salami zabaw, wi\u0119c o program b\u0119dzie zadbane, cho\u0107by la\u0142o jak z cebra. Na wizyt\u0119 z dzie\u0107mi polecam zarezerwowa\u0107 sobie <strong>minimum d\u0142ugi weekend<\/strong>, ale je\u015bli chcecie zd\u0105\u017cy\u0107 te\u017c z wycieczkami po okolicy, spokojnie sp\u0119dzicie tu ca\u0142y tydzie\u0144 pe\u0142en wra\u017ce\u0144.<\/p>\n\n\n\n<h2 class=\"wp-block-heading\"><span class=\"ez-toc-section\" id=\"Gdzie_sie_zatrzymac_w_Pisku_z_dziecmi\"><\/span>Gdzie si\u0119 zatrzyma\u0107 w P\u00edsku z dzie\u0107mi<span class=\"ez-toc-section-end\"><\/span><\/h2>\n\n\n\n<figure data-wp-context=\"{&quot;imageId&quot;:&quot;6a9544b89a159&quot;}\" data-wp-interactive=\"core\/image\" data-wp-key=\"6a9544b89a159\" class=\"wp-block-image size-full wp-lightbox-container\"><img decoding=\"async\" width=\"2200\" height=\"1467\" data-wp-class--hide=\"state.isContentHidden\" data-wp-class--show=\"state.isContentVisible\" data-wp-init=\"callbacks.setButtonStyles\" data-wp-on--click=\"actions.showLightbox\" data-wp-on--load=\"callbacks.setButtonStyles\" data-wp-on--pointerdown=\"actions.preloadImage\" data-wp-on--pointerenter=\"actions.preloadImageWithDelay\" data-wp-on--pointerleave=\"actions.cancelPreload\" data-wp-on-window--resize=\"callbacks.setButtonStyles\" src=\"https:\/\/loudavymkrokem.cz\/wp-content\/uploads\/2026\/08\/pisek-fontana-hotel-otava.jpg\" alt=\"Fontanna w centrum P\u00edsku z Hotelem Otava w tle\" class=\"wp-image-399365\" title=\"\" srcset=\"https:\/\/loudavymkrokem.cz\/wp-content\/uploads\/2026\/08\/pisek-fontana-hotel-otava.jpg 2200w, https:\/\/loudavymkrokem.cz\/wp-content\/uploads\/2026\/08\/pisek-fontana-hotel-otava-300x200.jpg 300w, https:\/\/loudavymkrokem.cz\/wp-content\/uploads\/2026\/08\/pisek-fontana-hotel-otava-700x467.jpg 700w, https:\/\/loudavymkrokem.cz\/wp-content\/uploads\/2026\/08\/pisek-fontana-hotel-otava-768x512.jpg 768w, https:\/\/loudavymkrokem.cz\/wp-content\/uploads\/2026\/08\/pisek-fontana-hotel-otava-1536x1024.jpg 1536w, https:\/\/loudavymkrokem.cz\/wp-content\/uploads\/2026\/08\/pisek-fontana-hotel-otava-2048x1366.jpg 2048w, https:\/\/loudavymkrokem.cz\/wp-content\/uploads\/2026\/08\/pisek-fontana-hotel-otava-696x464.jpg 696w, https:\/\/loudavymkrokem.cz\/wp-content\/uploads\/2026\/08\/pisek-fontana-hotel-otava-1392x928.jpg 1392w, https:\/\/loudavymkrokem.cz\/wp-content\/uploads\/2026\/08\/pisek-fontana-hotel-otava-1920x1280.jpg 1920w\" sizes=\"(max-width: 2200px) 100vw, 2200px\" \/><button\n\t\t\tclass=\"lightbox-trigger\"\n\t\t\ttype=\"button\"\n\t\t\taria-haspopup=\"dialog\"\n\t\t\tdata-wp-bind--aria-label=\"state.thisImage.triggerButtonAriaLabel\"\n\t\t\tdata-wp-init=\"callbacks.initTriggerButton\"\n\t\t\tdata-wp-on--click=\"actions.showLightbox\"\n\t\t\tdata-wp-style--right=\"state.thisImage.buttonRight\"\n\t\t\tdata-wp-style--top=\"state.thisImage.buttonTop\"\n\t\t>\n\t\t\t<svg xmlns=\"http:\/\/www.w3.org\/2000\/svg\" width=\"12\" height=\"12\" fill=\"none\" viewBox=\"0 0 12 12\">\n\t\t\t\t<path fill=\"#fff\" d=\"M2 0a2 2 0 0 0-2 2v2h1.5V2a.5.5 0 0 1 .5-.5h2V0H2Zm2 10.5H2a.5.5 0 0 1-.5-.5V8H0v2a2 2 0 0 0 2 2h2v-1.5ZM8 12v-1.5h2a.5.5 0 0 0 .5-.5V8H12v2a2 2 0 0 1-2 2H8Zm2-12a2 2 0 0 1 2 2v2h-1.5V2a.5.5 0 0 0-.5-.5H8V0h2Z\" \/>\n\t\t\t<\/svg>\n\t\t<\/button><\/figure>\n\n\n\n<p class=\"wp-block-paragraph\">Wyb\u00f3r noclegu jest dla rodzin z dzie\u0107mi kluczowy, a w P\u00edsku znajdziesz od razu kilka \u015bwietnych opcji w samym centrum. <strong><a href=\"https:\/\/www.stay22.com\/allez\/roam?aid=lukaskonecny&amp;campaign=loudavymkrokemcz&amp;campaign=pisek-s-detmi&amp;hotelname=Hotel%20Biograf&amp;address=P%C3%ADsek%2C%20%C4%8Cesko\" target=\"_blank\" rel=\"noopener nofollow sponsored\">Hotel Biograf<\/a><\/strong> to pi\u0119kny czterogwiazdkowy hotel kawa\u0142ek od centrum, kt\u00f3ry na Bookingu ma \u015bwietn\u0105 ocen\u0119 8,6, a rodzice z pewno\u015bci\u0105 doceni\u0105 mo\u017cliwo\u015b\u0107 wieczornego relaksu w saunie.<\/p>\n\n\n\n<p class=\"wp-block-paragraph\">Historyczny <strong>Hotel Otava<\/strong> z malowid\u0142ami Al\u0161a na fasadzie ma po remoncie na parterze now\u0105 <strong>Caf\u00e9 Otava<\/strong> (\u015bniadania od 7:30, menu obiadowe, domowe desery) \u2014 to \u015bwietny adres na \u015bniadanie z dzie\u0107mi. Pokoi na Bookingu jednak obecnie nie znajdziesz, nocleg rezerwuj raczej w Biografie lub U Kapli\u010dky. Je\u015bli szukasz raczej nowoczesnego do\u015bwiadczenia gastronomicznego po\u0142\u0105czonego z noclegiem, zajrzyj do <strong><a href=\"https:\/\/www.stay22.com\/allez\/roam?aid=lukaskonecny&amp;campaign=loudavymkrokemcz&amp;campaign=pisek-s-detmi&amp;hotelname=Hotel%20U%20Kapli%C4%8Dky&amp;address=P%C3%ADsek%2C%20%C4%8Cesko\" target=\"_blank\" rel=\"noopener nofollow sponsored\">Hotelu U Kapli\u010dky<\/a><\/strong>, kt\u00f3rego restauracja Chapelle trafi\u0142a nawet do przewodnika Michelin Guide.<\/p>\n\n\n\n<p class=\"wp-block-paragraph\">Dla rodzin, kt\u00f3re przyje\u017cd\u017caj\u0105 tu g\u0142\u00f3wnie latem po k\u0105piele i sport, absolutnie idealny jest <strong><a href=\"https:\/\/www.stay22.com\/allez\/roam?aid=lukaskonecny&amp;campaign=loudavymkrokemcz&amp;campaign=pisek-s-detmi&amp;hotelname=Penzion%20Sport&amp;address=P%C3%ADsek%2C%20%C4%8Cesko\" target=\"_blank\" rel=\"noopener nofollow sponsored\">Pensjonat Sport<\/a><\/strong>, kt\u00f3ry le\u017cy tu\u017c nad rzek\u0105 na terenie miejskiej p\u0142ywalni. Zalet\u0105 jest to, \u017ce restauracja z tarasem znajduje si\u0119 bezpo\u015brednio na terenie p\u0142ywalni, wi\u0119c do basen\u00f3w i brodzika masz zaledwie kilka krok\u00f3w. Wszystkie te noclegi \u0142atwo zarezerwujesz przez Booking, gdzie czasem trafisz te\u017c na ciekawe zni\u017cki.<\/p>\n\n\n\n<h2 class=\"wp-block-heading\"><span class=\"ez-toc-section\" id=\"Sale_zabaw_i_rozrywka_pod_dachem_w_Pisku\"><\/span>Sale zabaw i rozrywka pod dachem w P\u00edsku<span class=\"ez-toc-section-end\"><\/span><\/h2>\n\n\n\n<p class=\"wp-block-paragraph\">Gdy pogoda nie dopisuje albo po prostu potrzebujecie na kilka godzin schowa\u0107 si\u0119 przed letnim s\u0142o\u0144cem, P\u00edsek oferuje mn\u00f3stwo krytych mo\u017cliwo\u015bci. Na bie\u017c\u0105co aktualizowany przegl\u0105d sal zabaw, kawiarni z k\u0105cikiem oraz plac\u00f3w zabaw ze zweryfikowanymi godzinami otwarcia znajdziesz na <a href=\"https:\/\/pisek.info\/deti\/hernicky\" target=\"_blank\" rel=\"noopener\">pisek.info\/deti\/hernicky<\/a>. Te miejsca ma w telefonie ka\u017cda mama z P\u00edsku.<\/p>\n\n\n\n<h3 class=\"wp-block-heading\"><span class=\"ez-toc-section\" id=\"1_Myska_herna\"><\/span>1. My\u0161ka herna<span class=\"ez-toc-section-end\"><\/span><\/h3>\n\n\n\n<figure data-wp-context=\"{&quot;imageId&quot;:&quot;6a9544b89a910&quot;}\" data-wp-interactive=\"core\/image\" data-wp-key=\"6a9544b89a910\" class=\"wp-block-image size-full wp-lightbox-container\"><img decoding=\"async\" width=\"2200\" height=\"1467\" data-wp-class--hide=\"state.isContentHidden\" data-wp-class--show=\"state.isContentVisible\" data-wp-init=\"callbacks.setButtonStyles\" data-wp-on--click=\"actions.showLightbox\" data-wp-on--load=\"callbacks.setButtonStyles\" data-wp-on--pointerdown=\"actions.preloadImage\" data-wp-on--pointerenter=\"actions.preloadImageWithDelay\" data-wp-on--pointerleave=\"actions.cancelPreload\" data-wp-on-window--resize=\"callbacks.setButtonStyles\" src=\"https:\/\/loudavymkrokem.cz\/wp-content\/uploads\/2026\/08\/pisek-myska-herna-bazenek-s-micky.jpg\" alt=\"Basen z pi\u0142eczkami w My\u0161ka herna w P\u00edsku\" class=\"wp-image-399531\" title=\"\" srcset=\"https:\/\/loudavymkrokem.cz\/wp-content\/uploads\/2026\/08\/pisek-myska-herna-bazenek-s-micky.jpg 2200w, https:\/\/loudavymkrokem.cz\/wp-content\/uploads\/2026\/08\/pisek-myska-herna-bazenek-s-micky-300x200.jpg 300w, https:\/\/loudavymkrokem.cz\/wp-content\/uploads\/2026\/08\/pisek-myska-herna-bazenek-s-micky-700x467.jpg 700w, https:\/\/loudavymkrokem.cz\/wp-content\/uploads\/2026\/08\/pisek-myska-herna-bazenek-s-micky-768x512.jpg 768w, https:\/\/loudavymkrokem.cz\/wp-content\/uploads\/2026\/08\/pisek-myska-herna-bazenek-s-micky-1536x1024.jpg 1536w, https:\/\/loudavymkrokem.cz\/wp-content\/uploads\/2026\/08\/pisek-myska-herna-bazenek-s-micky-2048x1366.jpg 2048w, https:\/\/loudavymkrokem.cz\/wp-content\/uploads\/2026\/08\/pisek-myska-herna-bazenek-s-micky-696x464.jpg 696w, https:\/\/loudavymkrokem.cz\/wp-content\/uploads\/2026\/08\/pisek-myska-herna-bazenek-s-micky-1392x928.jpg 1392w, https:\/\/loudavymkrokem.cz\/wp-content\/uploads\/2026\/08\/pisek-myska-herna-bazenek-s-micky-1920x1280.jpg 1920w\" sizes=\"(max-width: 2200px) 100vw, 2200px\" \/><button\n\t\t\tclass=\"lightbox-trigger\"\n\t\t\ttype=\"button\"\n\t\t\taria-haspopup=\"dialog\"\n\t\t\tdata-wp-bind--aria-label=\"state.thisImage.triggerButtonAriaLabel\"\n\t\t\tdata-wp-init=\"callbacks.initTriggerButton\"\n\t\t\tdata-wp-on--click=\"actions.showLightbox\"\n\t\t\tdata-wp-style--right=\"state.thisImage.buttonRight\"\n\t\t\tdata-wp-style--top=\"state.thisImage.buttonTop\"\n\t\t>\n\t\t\t<svg xmlns=\"http:\/\/www.w3.org\/2000\/svg\" width=\"12\" height=\"12\" fill=\"none\" viewBox=\"0 0 12 12\">\n\t\t\t\t<path fill=\"#fff\" d=\"M2 0a2 2 0 0 0-2 2v2h1.5V2a.5.5 0 0 1 .5-.5h2V0H2Zm2 10.5H2a.5.5 0 0 1-.5-.5V8H0v2a2 2 0 0 0 2 2h2v-1.5ZM8 12v-1.5h2a.5.5 0 0 0 .5-.5V8H12v2a2 2 0 0 1-2 2H8Zm2-12a2 2 0 0 1 2 2v2h-1.5V2a.5.5 0 0 0-.5-.5H8V0h2Z\" \/>\n\t\t\t<\/svg>\n\t\t<\/button><\/figure>\n\n\n\n<p class=\"wp-block-paragraph\">To zdecydowanie <strong>najwi\u0119ksza kryta sala zabaw w P\u00edsku<\/strong>, kt\u00f3r\u0105 znajdziesz przy ulicy V Porty\u010di (nr 450), a my, miejscowe rodziny, kierujemy si\u0119 tu naprawd\u0119 cz\u0119sto, g\u0142\u00f3wnie gdy na dworze leje jak z cebra. W \u015brodku znajdziesz ogromne przeplotnie, zje\u017cd\u017calnie, du\u017c\u0105 trampolin\u0119 i mn\u00f3stwo piankowych klock\u00f3w, z kt\u00f3rych dzieci buduj\u0105 sobie kryj\u00f3wki.<\/p>\n\n\n\n<p class=\"wp-block-paragraph\">Sala jest przede wszystkim <strong>przeznaczona dla dzieci do 10 lat<\/strong>, ale dzi\u0119ki specjalnym elementom zabaw pobawi\u0105 si\u0119 tu te\u017c najmniejsze maluchy, dla kt\u00f3rych przygotowano bezpieczne otoczenie. Rodzice mog\u0105 w tym czasie usi\u0105\u015b\u0107 w cz\u0119\u015bci kawiarnianej, napi\u0107 si\u0119 kawy i mie\u0107 jednocze\u015bnie dzieci przez ca\u0142y czas na oku.<\/p>\n\n\n\n<p class=\"wp-block-paragraph\">Wst\u0119p zale\u017cy od czasu sp\u0119dzonego w sali \u2014 godzina dla dziecka kosztuje ok. 15 z\u0142 (84 K\u010d), ale za ok. 25 z\u0142 (129 K\u010d) mo\u017cna tu spokojnie zosta\u0107 ca\u0142y dzie\u0144. Niemowl\u0119ta do pierwszego roku \u017cycia p\u0142ac\u0105 tylko ok. 9 z\u0142 (49 K\u010d), a osoba doros\u0142a symboliczne ok. 9 z\u0142 (50 K\u010d), co czyni z My\u0161ki bardzo przyst\u0119pn\u0105 rozrywk\u0119.<\/p>\n\n\n\n<p class=\"wp-block-paragraph\">B\u0105d\u017amy szczerzy: <strong>wyposa\u017cenie jest ju\u017c mocno przestarza\u0142e<\/strong> i nowo\u015bci\u0105 tu nic nie pachnie. Wci\u0105\u017c jest to jednak najwi\u0119ksza sala zabaw w P\u00edsku i w\u0142a\u015bnie dlatego nadal tu chodzimy. Nigdzie indziej w mie\u015bcie dzieci nie maj\u0105 tyle przestrzeni do wybiegania si\u0119.<\/p>\n\n\n\n<h3 class=\"wp-block-heading\"><span class=\"ez-toc-section\" id=\"2_Sladovna_%E2%80%93_ekspozycja_Pilariste\"><\/span>2. Sladovna \u2013 ekspozycja Pila\u0159i\u0161t\u011b<span class=\"ez-toc-section-end\"><\/span><\/h3>\n\n\n\n<figure data-wp-context=\"{&quot;imageId&quot;:&quot;6a9544b89b02c&quot;}\" data-wp-interactive=\"core\/image\" data-wp-key=\"6a9544b89b02c\" class=\"wp-block-image size-full wp-lightbox-container\"><img decoding=\"async\" width=\"2200\" height=\"1457\" data-wp-class--hide=\"state.isContentHidden\" data-wp-class--show=\"state.isContentVisible\" data-wp-init=\"callbacks.setButtonStyles\" data-wp-on--click=\"actions.showLightbox\" data-wp-on--load=\"callbacks.setButtonStyles\" data-wp-on--pointerdown=\"actions.preloadImage\" data-wp-on--pointerenter=\"actions.preloadImageWithDelay\" data-wp-on--pointerleave=\"actions.cancelPreload\" data-wp-on-window--resize=\"callbacks.setButtonStyles\" src=\"https:\/\/loudavymkrokem.cz\/wp-content\/uploads\/2026\/08\/sladovna-pisek-pilariste-expozice.jpg\" alt=\"Ekspozycja Pila\u0159i\u0161t\u011b w Sladovnie w P\u00edsku\" class=\"wp-image-399622\" title=\"\" srcset=\"https:\/\/loudavymkrokem.cz\/wp-content\/uploads\/2026\/08\/sladovna-pisek-pilariste-expozice.jpg 2200w, https:\/\/loudavymkrokem.cz\/wp-content\/uploads\/2026\/08\/sladovna-pisek-pilariste-expozice-300x199.jpg 300w, https:\/\/loudavymkrokem.cz\/wp-content\/uploads\/2026\/08\/sladovna-pisek-pilariste-expozice-700x464.jpg 700w, https:\/\/loudavymkrokem.cz\/wp-content\/uploads\/2026\/08\/sladovna-pisek-pilariste-expozice-768x509.jpg 768w, https:\/\/loudavymkrokem.cz\/wp-content\/uploads\/2026\/08\/sladovna-pisek-pilariste-expozice-1536x1017.jpg 1536w, https:\/\/loudavymkrokem.cz\/wp-content\/uploads\/2026\/08\/sladovna-pisek-pilariste-expozice-2048x1356.jpg 2048w, https:\/\/loudavymkrokem.cz\/wp-content\/uploads\/2026\/08\/sladovna-pisek-pilariste-expozice-696x461.jpg 696w, https:\/\/loudavymkrokem.cz\/wp-content\/uploads\/2026\/08\/sladovna-pisek-pilariste-expozice-1392x922.jpg 1392w, https:\/\/loudavymkrokem.cz\/wp-content\/uploads\/2026\/08\/sladovna-pisek-pilariste-expozice-1920x1272.jpg 1920w\" sizes=\"(max-width: 2200px) 100vw, 2200px\" \/><button\n\t\t\tclass=\"lightbox-trigger\"\n\t\t\ttype=\"button\"\n\t\t\taria-haspopup=\"dialog\"\n\t\t\tdata-wp-bind--aria-label=\"state.thisImage.triggerButtonAriaLabel\"\n\t\t\tdata-wp-init=\"callbacks.initTriggerButton\"\n\t\t\tdata-wp-on--click=\"actions.showLightbox\"\n\t\t\tdata-wp-style--right=\"state.thisImage.buttonRight\"\n\t\t\tdata-wp-style--top=\"state.thisImage.buttonTop\"\n\t\t>\n\t\t\t<svg xmlns=\"http:\/\/www.w3.org\/2000\/svg\" width=\"12\" height=\"12\" fill=\"none\" viewBox=\"0 0 12 12\">\n\t\t\t\t<path fill=\"#fff\" d=\"M2 0a2 2 0 0 0-2 2v2h1.5V2a.5.5 0 0 1 .5-.5h2V0H2Zm2 10.5H2a.5.5 0 0 1-.5-.5V8H0v2a2 2 0 0 0 2 2h2v-1.5ZM8 12v-1.5h2a.5.5 0 0 0 .5-.5V8H12v2a2 2 0 0 1-2 2H8Zm2-12a2 2 0 0 1 2 2v2h-1.5V2a.5.5 0 0 0-.5-.5H8V0h2Z\" \/>\n\t\t\t<\/svg>\n\t\t<\/button><\/figure>\n\n\n\n<figure data-wp-context=\"{&quot;imageId&quot;:&quot;6a9544b89b3c9&quot;}\" data-wp-interactive=\"core\/image\" data-wp-key=\"6a9544b89b3c9\" class=\"wp-block-image size-full wp-lightbox-container\"><img decoding=\"async\" width=\"2200\" height=\"1467\" data-wp-class--hide=\"state.isContentHidden\" data-wp-class--show=\"state.isContentVisible\" data-wp-init=\"callbacks.setButtonStyles\" data-wp-on--click=\"actions.showLightbox\" data-wp-on--load=\"callbacks.setButtonStyles\" data-wp-on--pointerdown=\"actions.preloadImage\" data-wp-on--pointerenter=\"actions.preloadImageWithDelay\" data-wp-on--pointerleave=\"actions.cancelPreload\" data-wp-on-window--resize=\"callbacks.setButtonStyles\" src=\"https:\/\/loudavymkrokem.cz\/wp-content\/uploads\/2026\/08\/pisek-sladovna.jpg\" alt=\"Sladovna P\u00edsek, galeria zabaw dla dzieci\" class=\"wp-image-399379\" title=\"\" srcset=\"https:\/\/loudavymkrokem.cz\/wp-content\/uploads\/2026\/08\/pisek-sladovna.jpg 2200w, https:\/\/loudavymkrokem.cz\/wp-content\/uploads\/2026\/08\/pisek-sladovna-300x200.jpg 300w, https:\/\/loudavymkrokem.cz\/wp-content\/uploads\/2026\/08\/pisek-sladovna-700x467.jpg 700w, https:\/\/loudavymkrokem.cz\/wp-content\/uploads\/2026\/08\/pisek-sladovna-768x512.jpg 768w, https:\/\/loudavymkrokem.cz\/wp-content\/uploads\/2026\/08\/pisek-sladovna-1536x1024.jpg 1536w, https:\/\/loudavymkrokem.cz\/wp-content\/uploads\/2026\/08\/pisek-sladovna-2048x1366.jpg 2048w, https:\/\/loudavymkrokem.cz\/wp-content\/uploads\/2026\/08\/pisek-sladovna-696x464.jpg 696w, https:\/\/loudavymkrokem.cz\/wp-content\/uploads\/2026\/08\/pisek-sladovna-1392x928.jpg 1392w, https:\/\/loudavymkrokem.cz\/wp-content\/uploads\/2026\/08\/pisek-sladovna-1920x1280.jpg 1920w\" sizes=\"(max-width: 2200px) 100vw, 2200px\" \/><button\n\t\t\tclass=\"lightbox-trigger\"\n\t\t\ttype=\"button\"\n\t\t\taria-haspopup=\"dialog\"\n\t\t\tdata-wp-bind--aria-label=\"state.thisImage.triggerButtonAriaLabel\"\n\t\t\tdata-wp-init=\"callbacks.initTriggerButton\"\n\t\t\tdata-wp-on--click=\"actions.showLightbox\"\n\t\t\tdata-wp-style--right=\"state.thisImage.buttonRight\"\n\t\t\tdata-wp-style--top=\"state.thisImage.buttonTop\"\n\t\t>\n\t\t\t<svg xmlns=\"http:\/\/www.w3.org\/2000\/svg\" width=\"12\" height=\"12\" fill=\"none\" viewBox=\"0 0 12 12\">\n\t\t\t\t<path fill=\"#fff\" d=\"M2 0a2 2 0 0 0-2 2v2h1.5V2a.5.5 0 0 1 .5-.5h2V0H2Zm2 10.5H2a.5.5 0 0 1-.5-.5V8H0v2a2 2 0 0 0 2 2h2v-1.5ZM8 12v-1.5h2a.5.5 0 0 0 .5-.5V8H12v2a2 2 0 0 1-2 2H8Zm2-12a2 2 0 0 1 2 2v2h-1.5V2a.5.5 0 0 0-.5-.5H8V0h2Z\" \/>\n\t\t\t<\/svg>\n\t\t<\/button><\/figure>\n\n\n\n<p class=\"wp-block-paragraph\"><a href=\"https:\/\/www.sladovna.cz\" target=\"_blank\" rel=\"nofollow noopener\">Sladovna<\/a>, kt\u00f3ra dzia\u0142a jak ogromna galeria zabaw, to <strong>absolutny unikat i duma P\u00edsku<\/strong>, kt\u00f3rego nie mo\u017cesz przegapi\u0107. Jej cz\u0119\u015b\u0107 nazwana Pila\u0159i\u0161t\u011b jest stworzona specjalnie dla najmniejszych dzieci od narodzin do sze\u015bciu lat, kt\u00f3re mog\u0105 tu bezpiecznie odkrywa\u0107 \u015bwiat poprzez kolory, d\u017awi\u0119ki i doznania dotykowe.<\/p>\n\n\n\n<p class=\"wp-block-paragraph\">Przestrze\u0144 jest inspirowana tw\u00f3rczo\u015bci\u0105 ilustratora Radka Pila\u0159e i <strong>dzieci mog\u0105 si\u0119 tu czo\u0142ga\u0107, wspina\u0107 do mi\u0119kkich kryj\u00f3wek<\/strong> oraz bawi\u0107 si\u0119 interaktywnymi elementami. Ze wzgl\u0119du na ogromn\u0105 popularno\u015b\u0107 Sladovny w\u015br\u00f3d turyst\u00f3w polecam sprawdzi\u0107 wolne terminy i kupi\u0107 bilety wcze\u015bniej online.<\/p>\n\n\n\n<p class=\"wp-block-paragraph\">Wej\u015bcia do Pila\u0159i\u0161t\u011b odbywaj\u0105 si\u0119 <strong>w wyznaczonych blokach czasowych po 90 minut<\/strong>, aby w \u015brodku nie by\u0142o zbyt t\u0142oczno, a podstawowy bilet na rok 2026 kosztuje ok. 22 z\u0142 (120 K\u010d) od osoby. Dzieci do pierwszego roku \u017cycia maj\u0105 wst\u0119p bezp\u0142atny, a w\u00f3zki bez problemu zaparkujesz w du\u017cej szatni na parterze.<\/p>\n\n\n\n<h3 class=\"wp-block-heading\"><span class=\"ez-toc-section\" id=\"3_Sladovna_%E2%80%93_ekspozycja_Mraveniste\"><\/span>3. Sladovna \u2013 ekspozycja Mraveni\u0161t\u011b<span class=\"ez-toc-section-end\"><\/span><\/h3>\n\n\n\n<p class=\"wp-block-paragraph\">Podczas gdy Pila\u0159i\u0161t\u011b jest dla maluch\u00f3w, starsze dzieci od trzeciego roku \u017cycia b\u0119d\u0105 <strong>absolutnie zachwycone gigantycznym Mraveni\u0161t\u011bm (Mrowiskiem)<\/strong>, kt\u00f3re znajduje si\u0119 na wy\u017cszym pi\u0119trze Sladovny. To ogromny drewniany labirynt pe\u0142en tuneli, mostk\u00f3w i przeplotni, gdzie dzieci na chwil\u0119 staj\u0105 si\u0119 ma\u0142ymi mr\u00f3wkami i eksploruj\u0105 skomplikowany system korytarzy.<\/p>\n\n\n\n<p class=\"wp-block-paragraph\">Do Mrowiska wpuszczani s\u0105 zwiedzaj\u0105cy <strong>w p\u00f3\u0142godzinnych odst\u0119pach<\/strong>, aby w w\u0105skich tunelach nie tworzy\u0142y si\u0119 korki, a wej\u015bcie jest wliczone w bilet na g\u0142\u00f3wne wystawy (ok. 27 z\u0142 \/ 150 K\u010d, dzieci do 3 lat gratis). Wystawy regularnie si\u0119 zmieniaj\u0105, wi\u0119c nawet je\u015bli przyjedziesz do P\u00edsku kolejny raz, zawsze trafisz na co\u015b nowego.<\/p>\n\n\n\n<p class=\"wp-block-paragraph\">Je\u015bli podczas wizyty chcia\u0142by\u015b odpocz\u0105\u0107, <strong>w foyer znajdziesz automat z kaw\u0105<\/strong>, albo mo\u017cesz od razu zajrze\u0107 do przylegaj\u0105cej kawiarni Balz\u00e1m Caf\u00e9. Bilet rodzinny na g\u0142\u00f3wne wystawy wyjdzie mniej wi\u0119cej na 90 do 110 z\u0142 (500\u2013600 K\u010d), co za te godziny \u015bwietnej zabawy zdecydowanie si\u0119 op\u0142aca.<\/p>\n\n\n\n<h3 class=\"wp-block-heading\"><span class=\"ez-toc-section\" id=\"4_Fazole_%E2%80%93_pracownie_Montessori\"><\/span>4. Fazole \u2013 pracownie Montessori<span class=\"ez-toc-section-end\"><\/span><\/h3>\n\n\n\n<figure data-wp-context=\"{&quot;imageId&quot;:&quot;6a9544b89ba4e&quot;}\" data-wp-interactive=\"core\/image\" data-wp-key=\"6a9544b89ba4e\" class=\"wp-block-image size-full wp-lightbox-container\"><img decoding=\"async\" width=\"1600\" height=\"1067\" data-wp-class--hide=\"state.isContentHidden\" data-wp-class--show=\"state.isContentVisible\" data-wp-init=\"callbacks.setButtonStyles\" data-wp-on--click=\"actions.showLightbox\" data-wp-on--load=\"callbacks.setButtonStyles\" data-wp-on--pointerdown=\"actions.preloadImage\" data-wp-on--pointerenter=\"actions.preloadImageWithDelay\" data-wp-on--pointerleave=\"actions.cancelPreload\" data-wp-on-window--resize=\"callbacks.setButtonStyles\" src=\"https:\/\/loudavymkrokem.cz\/wp-content\/uploads\/2026\/08\/fazole-montessori-pomucky-pisek.jpg\" alt=\"Pomoce Montessori w pracowniach Fazole w P\u00edsku\" class=\"wp-image-399691\" title=\"\" srcset=\"https:\/\/loudavymkrokem.cz\/wp-content\/uploads\/2026\/08\/fazole-montessori-pomucky-pisek.jpg 1600w, https:\/\/loudavymkrokem.cz\/wp-content\/uploads\/2026\/08\/fazole-montessori-pomucky-pisek-300x200.jpg 300w, https:\/\/loudavymkrokem.cz\/wp-content\/uploads\/2026\/08\/fazole-montessori-pomucky-pisek-700x467.jpg 700w, https:\/\/loudavymkrokem.cz\/wp-content\/uploads\/2026\/08\/fazole-montessori-pomucky-pisek-768x512.jpg 768w, https:\/\/loudavymkrokem.cz\/wp-content\/uploads\/2026\/08\/fazole-montessori-pomucky-pisek-1536x1024.jpg 1536w, https:\/\/loudavymkrokem.cz\/wp-content\/uploads\/2026\/08\/fazole-montessori-pomucky-pisek-696x464.jpg 696w, https:\/\/loudavymkrokem.cz\/wp-content\/uploads\/2026\/08\/fazole-montessori-pomucky-pisek-1392x928.jpg 1392w\" sizes=\"(max-width: 1600px) 100vw, 1600px\" \/><button\n\t\t\tclass=\"lightbox-trigger\"\n\t\t\ttype=\"button\"\n\t\t\taria-haspopup=\"dialog\"\n\t\t\tdata-wp-bind--aria-label=\"state.thisImage.triggerButtonAriaLabel\"\n\t\t\tdata-wp-init=\"callbacks.initTriggerButton\"\n\t\t\tdata-wp-on--click=\"actions.showLightbox\"\n\t\t\tdata-wp-style--right=\"state.thisImage.buttonRight\"\n\t\t\tdata-wp-style--top=\"state.thisImage.buttonTop\"\n\t\t>\n\t\t\t<svg xmlns=\"http:\/\/www.w3.org\/2000\/svg\" width=\"12\" height=\"12\" fill=\"none\" viewBox=\"0 0 12 12\">\n\t\t\t\t<path fill=\"#fff\" d=\"M2 0a2 2 0 0 0-2 2v2h1.5V2a.5.5 0 0 1 .5-.5h2V0H2Zm2 10.5H2a.5.5 0 0 1-.5-.5V8H0v2a2 2 0 0 0 2 2h2v-1.5ZM8 12v-1.5h2a.5.5 0 0 0 .5-.5V8H12v2a2 2 0 0 1-2 2H8Zm2-12a2 2 0 0 1 2 2v2h-1.5V2a.5.5 0 0 0-.5-.5H8V0h2Z\" \/>\n\t\t\t<\/svg>\n\t\t<\/button><\/figure>\n\n\n\n<p class=\"wp-block-paragraph\">Dla rodzic\u00f3w maluch\u00f3w w wieku od roku do trzech lat dzia\u0142aj\u0105 w P\u00edsku <strong>pi\u0119kne pracownie Montessori Fazole<\/strong>, kt\u00f3re prowadz\u0105 instruktorki nastawione na podej\u015bcie oparte na szacunku. Dzieci mog\u0105 tu w specjalnie przygotowanym otoczeniu spr\u00f3bowa\u0107 pracy z pomocami Montessori, trenowa\u0107 motoryk\u0119 ma\u0142\u0105 i uczy\u0107 si\u0119 samodzielno\u015bci.<\/p>\n\n\n\n<p class=\"wp-block-paragraph\">Zaj\u0119cia dla publiczno\u015bci odbywaj\u0105 si\u0119 <strong>zwykle w czwartek przed po\u0142udniem<\/strong>, ale poniewa\u017c liczba miejsc jest ograniczona do maksymalnie sze\u015bciorga dzieci, swoje miejsce musisz zawsze zarezerwowa\u0107 z wyprzedzeniem. Wst\u0119p kosztuje ok. 35 z\u0142 (200 K\u010d) za jeden poranek, a w cenie zawarta jest te\u017c zdrowa przek\u0105ska dla dzieci.<\/p>\n\n\n\n<p class=\"wp-block-paragraph\">Uwa\u017caj tylko na w\u0142a\u015bciwy adres, bo <strong>niekt\u00f3re starsze strony podaj\u0105 ulic\u0119 Sedl\u00e1\u010dkova<\/strong>, ale obecnie zaj\u0119cia dla publiczno\u015bci powinny odbywa\u0107 si\u0119 przy ulicy Karlova. Lepiej wi\u0119c przed wizyt\u0105 sprawd\u017a to na ich stronie.<\/p>\n\n\n\n<h3 class=\"wp-block-heading\"><span class=\"ez-toc-section\" id=\"5_Hernajs\"><\/span>5. Hernajs<span class=\"ez-toc-section-end\"><\/span><\/h3>\n\n\n\n<figure data-wp-context=\"{&quot;imageId&quot;:&quot;6a9544b89c283&quot;}\" data-wp-interactive=\"core\/image\" data-wp-key=\"6a9544b89c283\" class=\"wp-block-image size-full wp-lightbox-container\"><img decoding=\"async\" width=\"2200\" height=\"1455\" data-wp-class--hide=\"state.isContentHidden\" data-wp-class--show=\"state.isContentVisible\" data-wp-init=\"callbacks.setButtonStyles\" data-wp-on--click=\"actions.showLightbox\" data-wp-on--load=\"callbacks.setButtonStyles\" data-wp-on--pointerdown=\"actions.preloadImage\" data-wp-on--pointerenter=\"actions.preloadImageWithDelay\" data-wp-on--pointerleave=\"actions.cancelPreload\" data-wp-on-window--resize=\"callbacks.setButtonStyles\" src=\"https:\/\/loudavymkrokem.cz\/wp-content\/uploads\/2026\/08\/pisek-hernajs-hernicka-az-na-pudu.jpg\" alt=\"Sala zabaw Hernajs w P\u00edsku\" class=\"wp-image-399527\" title=\"\" srcset=\"https:\/\/loudavymkrokem.cz\/wp-content\/uploads\/2026\/08\/pisek-hernajs-hernicka-az-na-pudu.jpg 2200w, https:\/\/loudavymkrokem.cz\/wp-content\/uploads\/2026\/08\/pisek-hernajs-hernicka-az-na-pudu-300x198.jpg 300w, https:\/\/loudavymkrokem.cz\/wp-content\/uploads\/2026\/08\/pisek-hernajs-hernicka-az-na-pudu-700x463.jpg 700w, https:\/\/loudavymkrokem.cz\/wp-content\/uploads\/2026\/08\/pisek-hernajs-hernicka-az-na-pudu-768x508.jpg 768w, https:\/\/loudavymkrokem.cz\/wp-content\/uploads\/2026\/08\/pisek-hernajs-hernicka-az-na-pudu-1536x1016.jpg 1536w, https:\/\/loudavymkrokem.cz\/wp-content\/uploads\/2026\/08\/pisek-hernajs-hernicka-az-na-pudu-2048x1354.jpg 2048w, https:\/\/loudavymkrokem.cz\/wp-content\/uploads\/2026\/08\/pisek-hernajs-hernicka-az-na-pudu-696x460.jpg 696w, https:\/\/loudavymkrokem.cz\/wp-content\/uploads\/2026\/08\/pisek-hernajs-hernicka-az-na-pudu-1392x921.jpg 1392w, https:\/\/loudavymkrokem.cz\/wp-content\/uploads\/2026\/08\/pisek-hernajs-hernicka-az-na-pudu-1920x1270.jpg 1920w\" sizes=\"(max-width: 2200px) 100vw, 2200px\" \/><button\n\t\t\tclass=\"lightbox-trigger\"\n\t\t\ttype=\"button\"\n\t\t\taria-haspopup=\"dialog\"\n\t\t\tdata-wp-bind--aria-label=\"state.thisImage.triggerButtonAriaLabel\"\n\t\t\tdata-wp-init=\"callbacks.initTriggerButton\"\n\t\t\tdata-wp-on--click=\"actions.showLightbox\"\n\t\t\tdata-wp-style--right=\"state.thisImage.buttonRight\"\n\t\t\tdata-wp-style--top=\"state.thisImage.buttonTop\"\n\t\t>\n\t\t\t<svg xmlns=\"http:\/\/www.w3.org\/2000\/svg\" width=\"12\" height=\"12\" fill=\"none\" viewBox=\"0 0 12 12\">\n\t\t\t\t<path fill=\"#fff\" d=\"M2 0a2 2 0 0 0-2 2v2h1.5V2a.5.5 0 0 1 .5-.5h2V0H2Zm2 10.5H2a.5.5 0 0 1-.5-.5V8H0v2a2 2 0 0 0 2 2h2v-1.5ZM8 12v-1.5h2a.5.5 0 0 0 .5-.5V8H12v2a2 2 0 0 1-2 2H8Zm2-12a2 2 0 0 1 2 2v2h-1.5V2a.5.5 0 0 0-.5-.5H8V0h2Z\" \/>\n\t\t\t<\/svg>\n\t\t<\/button><\/figure>\n\n\n\n<p class=\"wp-block-paragraph\">Hernajs znajdziesz przy ulicy Jungmannova, w tym samym budynku co kawiarnia A\u017e na p\u016fdu. <strong>Sala zabaw nie nale\u017cy jednak do kawiarni<\/strong>, to osobne miejsce \u2014 maj\u0105 tylko wsp\u00f3lne wej\u015bcie, a kaw\u0119 z kawiarni mo\u017cesz zabra\u0107 na g\u00f3r\u0119 do dzieci.<\/p>\n\n\n\n<p class=\"wp-block-paragraph\">To <strong>ma\u0142a sala zabaw na pi\u0119trze<\/strong> z drewnianymi zabawkami \u2014 kuchenka, domek dla lalek, instrumenty muzyczne dla najm\u0142odszych. Chodzili\u015bmy tu z Jon\u00e1\u0161kiem g\u0142\u00f3wnie mi\u0119dzy pierwszym a drugim rokiem \u017cycia. Gdy tylko zacz\u0105\u0142 by\u0107 bardziej ruchliwy, chodzimy rzadziej, bo po prostu nie ma tu miejsca do biegania.<\/p>\n\n\n\n<p class=\"wp-block-paragraph\">Na <a href=\"https:\/\/www.instagram.com\/her.najs\/\" target=\"_blank\" rel=\"nofollow noopener\">Instagramie @her.najs<\/a> znajdziesz te\u017c informacje o k\u00f3\u0142kach, warsztatach i zaj\u0119ciach sensorycznych. Program bardzo si\u0119 jednak zmienia i cz\u0119sto akurat si\u0119 nie odbywa, wi\u0119c termin lepiej zawsze sprawd\u017a wcze\u015bniej. Publicznego cennika nie maj\u0105.<\/p>\n\n\n\n<h3 class=\"wp-block-heading\"><span class=\"ez-toc-section\" id=\"6_Mini_Academy_Pisek\"><\/span>6. Mini Academy P\u00edsek<span class=\"ez-toc-section-end\"><\/span><\/h3>\n\n\n\n<p class=\"wp-block-paragraph\">Kolejnym ciekawym miejscem dla rodzin jest Mini Academy przy ulicy Pra\u017esk\u00e1, kt\u00f3ra <strong>skupia si\u0119 przede wszystkim na k\u00f3\u0142kach dla dzieci<\/strong> i zorganizowanych zaj\u0119ciach. Oferuje naprawd\u0119 du\u017co (kompletny przegl\u0105d k\u00f3\u0142ek w P\u00edsku wed\u0142ug wieku ma <a href=\"https:\/\/pisek.info\/deti\/krouzky\" target=\"_blank\" rel=\"noopener\">pisek.info<\/a>) \u2014 od lubianych Mimihr\u00e1tek dla dzieci do dw\u00f3ch lat, przez popularne zaj\u0119cia sensoryczne, a\u017c po nowoczesne k\u00f3\u0142ka jak Hobby Horse czy gimnastyka.<\/p>\n\n\n\n<p class=\"wp-block-paragraph\">Chodzi g\u0142\u00f3wnie o regularne k\u00f3\u0142ka, a nie woln\u0105 sal\u0119 zabaw, wi\u0119c konkretne terminy i ceny sprawd\u017a bezpo\u015brednio u nich przez telefon lub na stronie \u2014 a przy okazji, przestrze\u0144 wynajmiesz te\u017c na przyj\u0119cie urodzinowe.<\/p>\n\n\n\n<p class=\"wp-block-paragraph\">\ud83d\udca1 <strong>Wskaz\u00f3wka:<\/strong> P\u00f3\u0142kolonie w wakacje organizuje Laser Ar\u00e9na (patrz kolejny punkt), a w Mini Academy pytaj o aktualn\u0105 ofert\u0119.<\/p>\n\n\n\n<h3 class=\"wp-block-heading\"><span class=\"ez-toc-section\" id=\"7_Laser_Arena_Pisek_Game_Cafe_Bar\"><\/span>7. Laser Ar\u00e9na P\u00edsek &amp; Game Caf\u00e9 Bar<span class=\"ez-toc-section-end\"><\/span><\/h3>\n\n\n\n<figure data-wp-context=\"{&quot;imageId&quot;:&quot;6a9544b89cca7&quot;}\" data-wp-interactive=\"core\/image\" data-wp-key=\"6a9544b89cca7\" class=\"wp-block-image size-full wp-lightbox-container\"><img decoding=\"async\" width=\"2000\" height=\"1333\" data-wp-class--hide=\"state.isContentHidden\" data-wp-class--show=\"state.isContentVisible\" data-wp-init=\"callbacks.setButtonStyles\" data-wp-on--click=\"actions.showLightbox\" data-wp-on--load=\"callbacks.setButtonStyles\" data-wp-on--pointerdown=\"actions.preloadImage\" data-wp-on--pointerenter=\"actions.preloadImageWithDelay\" data-wp-on--pointerleave=\"actions.cancelPreload\" data-wp-on-window--resize=\"callbacks.setButtonStyles\" src=\"https:\/\/loudavymkrokem.cz\/wp-content\/uploads\/2026\/08\/laser-arena-pisek.jpg\" alt=\"Laser game w Laser Ar\u00e9na P\u00edsek\" class=\"wp-image-399679\" title=\"\" srcset=\"https:\/\/loudavymkrokem.cz\/wp-content\/uploads\/2026\/08\/laser-arena-pisek.jpg 2000w, https:\/\/loudavymkrokem.cz\/wp-content\/uploads\/2026\/08\/laser-arena-pisek-300x200.jpg 300w, https:\/\/loudavymkrokem.cz\/wp-content\/uploads\/2026\/08\/laser-arena-pisek-700x467.jpg 700w, https:\/\/loudavymkrokem.cz\/wp-content\/uploads\/2026\/08\/laser-arena-pisek-768x512.jpg 768w, https:\/\/loudavymkrokem.cz\/wp-content\/uploads\/2026\/08\/laser-arena-pisek-1536x1024.jpg 1536w, https:\/\/loudavymkrokem.cz\/wp-content\/uploads\/2026\/08\/laser-arena-pisek-696x464.jpg 696w, https:\/\/loudavymkrokem.cz\/wp-content\/uploads\/2026\/08\/laser-arena-pisek-1392x928.jpg 1392w, https:\/\/loudavymkrokem.cz\/wp-content\/uploads\/2026\/08\/laser-arena-pisek-1920x1280.jpg 1920w\" sizes=\"(max-width: 2000px) 100vw, 2000px\" \/><button\n\t\t\tclass=\"lightbox-trigger\"\n\t\t\ttype=\"button\"\n\t\t\taria-haspopup=\"dialog\"\n\t\t\tdata-wp-bind--aria-label=\"state.thisImage.triggerButtonAriaLabel\"\n\t\t\tdata-wp-init=\"callbacks.initTriggerButton\"\n\t\t\tdata-wp-on--click=\"actions.showLightbox\"\n\t\t\tdata-wp-style--right=\"state.thisImage.buttonRight\"\n\t\t\tdata-wp-style--top=\"state.thisImage.buttonTop\"\n\t\t>\n\t\t\t<svg xmlns=\"http:\/\/www.w3.org\/2000\/svg\" width=\"12\" height=\"12\" fill=\"none\" viewBox=\"0 0 12 12\">\n\t\t\t\t<path fill=\"#fff\" d=\"M2 0a2 2 0 0 0-2 2v2h1.5V2a.5.5 0 0 1 .5-.5h2V0H2Zm2 10.5H2a.5.5 0 0 1-.5-.5V8H0v2a2 2 0 0 0 2 2h2v-1.5ZM8 12v-1.5h2a.5.5 0 0 0 .5-.5V8H12v2a2 2 0 0 1-2 2H8Zm2-12a2 2 0 0 1 2 2v2h-1.5V2a.5.5 0 0 0-.5-.5H8V0h2Z\" \/>\n\t\t\t<\/svg>\n\t\t<\/button><\/figure>\n\n\n\n<p class=\"wp-block-paragraph\">Je\u015bli w rodzinie macie te\u017c starsze dzieci albo nastolatk\u00f3w, koniecznie zabierzcie ich do domu handlowego Luna na Wielkim Rynku, gdzie na trzecim pi\u0119trze kryje si\u0119 <strong>rewelacyjna Laser Ar\u00e9na<\/strong>. Dla ma\u0142ych dzieci od mniej wi\u0119cej sz\u00f3stego roku \u017cycia obowi\u0105zuje zasada, \u017ce gra\u0107 mo\u017ce ka\u017cdy, kto uniesie \u015bwiec\u0105c\u0105 kamizelk\u0119 do gry.<\/p>\n\n\n\n<p class=\"wp-block-paragraph\">Podczas gdy starsze dzieci biegaj\u0105 w zaciemnionej arenie, wy mo\u017cecie usi\u0105\u015b\u0107 w przylegaj\u0105cym Game Caf\u00e9 Barze, w kt\u00f3rym dodatkowo <strong>pomy\u015blano te\u017c o niemowl\u0119tach i wyposa\u017cono go w k\u0105cik dla dzieci<\/strong> z przewijakiem. Opr\u00f3cz laser game znajdziecie tu te\u017c bilard, pi\u0142karzyki, symulator wy\u015bcigowy czy gogle do wirtualnej rzeczywisto\u015bci.<\/p>\n\n\n\n<p class=\"wp-block-paragraph\">Podstawowy <strong>bilet na jedn\u0105 gr\u0119 laser game kosztuje ok. 20 z\u0142 (110 K\u010d)<\/strong>, ale w weekendy i wakacje bywa tu t\u0142oczno, wi\u0119c polecam zrobi\u0107 rezerwacj\u0119 z wyprzedzeniem. Otwarte maj\u0105 zwykle od pi\u0105tku do niedzieli, a w dni powszednie zale\u017cy to od uzgodnienia.<\/p>\n\n\n\n<h3 class=\"wp-block-heading\"><span class=\"ez-toc-section\" id=\"8_LezeTop_%E2%80%93_centrum_wspinaczkowe_Pisek\"><\/span>8. LezeTop \u2013 centrum wspinaczkowe P\u00edsek<span class=\"ez-toc-section-end\"><\/span><\/h3>\n\n\n\n<figure data-wp-context=\"{&quot;imageId&quot;:&quot;6a9544b89d45f&quot;}\" data-wp-interactive=\"core\/image\" data-wp-key=\"6a9544b89d45f\" class=\"wp-block-image size-full wp-lightbox-container\"><img decoding=\"async\" width=\"1280\" height=\"721\" data-wp-class--hide=\"state.isContentHidden\" data-wp-class--show=\"state.isContentVisible\" data-wp-init=\"callbacks.setButtonStyles\" data-wp-on--click=\"actions.showLightbox\" data-wp-on--load=\"callbacks.setButtonStyles\" data-wp-on--pointerdown=\"actions.preloadImage\" data-wp-on--pointerenter=\"actions.preloadImageWithDelay\" data-wp-on--pointerleave=\"actions.cancelPreload\" data-wp-on-window--resize=\"callbacks.setButtonStyles\" src=\"https:\/\/loudavymkrokem.cz\/wp-content\/uploads\/2026\/08\/lezetop-lezecke-centrum-pisek.jpg\" alt=\"\u015aciana wspinaczkowa w centrum LezeTop w P\u00edsku\" class=\"wp-image-399686\" title=\"\" srcset=\"https:\/\/loudavymkrokem.cz\/wp-content\/uploads\/2026\/08\/lezetop-lezecke-centrum-pisek.jpg 1280w, https:\/\/loudavymkrokem.cz\/wp-content\/uploads\/2026\/08\/lezetop-lezecke-centrum-pisek-300x169.jpg 300w, https:\/\/loudavymkrokem.cz\/wp-content\/uploads\/2026\/08\/lezetop-lezecke-centrum-pisek-700x394.jpg 700w, https:\/\/loudavymkrokem.cz\/wp-content\/uploads\/2026\/08\/lezetop-lezecke-centrum-pisek-768x433.jpg 768w, https:\/\/loudavymkrokem.cz\/wp-content\/uploads\/2026\/08\/lezetop-lezecke-centrum-pisek-696x392.jpg 696w\" sizes=\"(max-width: 1280px) 100vw, 1280px\" \/><button\n\t\t\tclass=\"lightbox-trigger\"\n\t\t\ttype=\"button\"\n\t\t\taria-haspopup=\"dialog\"\n\t\t\tdata-wp-bind--aria-label=\"state.thisImage.triggerButtonAriaLabel\"\n\t\t\tdata-wp-init=\"callbacks.initTriggerButton\"\n\t\t\tdata-wp-on--click=\"actions.showLightbox\"\n\t\t\tdata-wp-style--right=\"state.thisImage.buttonRight\"\n\t\t\tdata-wp-style--top=\"state.thisImage.buttonTop\"\n\t\t>\n\t\t\t<svg xmlns=\"http:\/\/www.w3.org\/2000\/svg\" width=\"12\" height=\"12\" fill=\"none\" viewBox=\"0 0 12 12\">\n\t\t\t\t<path fill=\"#fff\" d=\"M2 0a2 2 0 0 0-2 2v2h1.5V2a.5.5 0 0 1 .5-.5h2V0H2Zm2 10.5H2a.5.5 0 0 1-.5-.5V8H0v2a2 2 0 0 0 2 2h2v-1.5ZM8 12v-1.5h2a.5.5 0 0 0 .5-.5V8H12v2a2 2 0 0 1-2 2H8Zm2-12a2 2 0 0 1 2 2v2h-1.5V2a.5.5 0 0 0-.5-.5H8V0h2Z\" \/>\n\t\t\t<\/svg>\n\t\t<\/button><\/figure>\n\n\n\n<p class=\"wp-block-paragraph\">Dla wszystkich ma\u0142ych ma\u0142pek, kt\u00f3re w domu wspinaj\u0105 si\u0119 po meblach, absolutnie <strong>idealna jest wizyta w <a href=\"https:\/\/lezetop.cz\" target=\"_blank\" rel=\"nofollow noopener\">centrum wspinaczkowym LezeTop<\/a><\/strong> przy ulicy U Vod\u00e1rny. Maj\u0105 tu do dyspozycji ogromn\u0105 powierzchni\u0119 ponad 1500 metr\u00f3w kwadratowych i ponad 150 dr\u00f3g wspinaczkowych o r\u00f3\u017cnym stopniu trudno\u015bci.<\/p>\n\n\n\n<p class=\"wp-block-paragraph\">Nie musisz si\u0119 ba\u0107 przyj\u015b\u0107 nawet z zupe\u0142nymi pocz\u0105tkuj\u0105cymi, bo <strong>maj\u0105 tu specjaln\u0105 dzieci\u0119c\u0105 \u015bcian\u0119 i boulder<\/strong>, gdzie wspinaczki bezpiecznie spr\u00f3buj\u0105 nawet najmniejsi bez konieczno\u015bci skomplikowanej asekuracji. Ca\u0142y sprz\u0119t wraz z ma\u0142ymi butami wspinaczkowymi ch\u0119tnie wypo\u017cycz\u0105 ci bezpo\u015brednio w recepcji.<\/p>\n\n\n\n<p class=\"wp-block-paragraph\">Ca\u0142a przestrze\u0144 jest ca\u0142kowicie bez barier, wi\u0119c dostaniesz si\u0119 tu te\u017c z w\u00f3zkiem, a gdy wyczerpiecie si\u0119 wspinaczk\u0105, usi\u0105dziecie przy ich barze, przy kt\u00f3rym nie brakuje te\u017c ma\u0142ego k\u0105cika dla dzieci. Otwarte maj\u0105 codziennie od dziesi\u0105tej rano a\u017c do wieczora.<\/p>\n\n\n\n<h3 class=\"wp-block-heading\"><span class=\"ez-toc-section\" id=\"9_Stadion_plywacki\"><\/span>9. Stadion p\u0142ywacki<span class=\"ez-toc-section-end\"><\/span><\/h3>\n\n\n\n<p class=\"wp-block-paragraph\">Gdy na dworze jest wilgotno i ch\u0142odno, niezawodnie uratuje was stadion p\u0142ywacki w P\u00edsku przy ulicy Ostrovn\u00ed, gdzie <strong>miejscowe rodziny chodz\u0105 na weekendowe k\u0105piele<\/strong>. Dla dzieci przygotowany jest tu basen dzieci\u0119cy o wymiarach dziewi\u0119\u0107 na sze\u015b\u0107 metr\u00f3w i maksymalnej g\u0142\u0119boko\u015bci dziewi\u0119\u0107dziesi\u0119ciu centymetr\u00f3w, wi\u0119c bez trudu dosi\u0119gn\u0105 dna.<\/p>\n\n\n\n<p class=\"wp-block-paragraph\">Podczas gdy dzieci pluskaj\u0105 si\u0119 w ciep\u0142ej wodzie, <strong>doro\u015bli mog\u0105 wymienia\u0107 si\u0119 w \u0142a\u017aniach parowych<\/strong>, kt\u00f3re s\u0105 dost\u0119pne bezpo\u015brednio przy basenie. W letnie miesi\u0105ce mo\u017cna dodatkowo wyj\u015b\u0107 na taras zewn\u0119trzny i \u0142apa\u0107 opalenizn\u0119 na le\u017cakach.<\/p>\n\n\n\n<p class=\"wp-block-paragraph\">Ceny wst\u0119pu cz\u0119sto si\u0119 zmieniaj\u0105, a <strong>na stronie maj\u0105 podany starszy cennik z 2022 roku<\/strong>, wed\u0142ug kt\u00f3rego doro\u015bli p\u0142ac\u0105 ok. 18 z\u0142 (100 K\u010d), a dzieci do 140 centymetr\u00f3w ok. 11 z\u0142 (60 K\u010d) za dwie godziny, wi\u0119c lepiej licz si\u0119 z tym, \u017ce w kasie kwoty mog\u0105 by\u0107 nieco wy\u017csze. Otwarte jest codziennie, ale w weekendy dopiero w godzinach popo\u0142udniowych.<\/p>\n\n\n\n<h3 class=\"wp-block-heading\"><span class=\"ez-toc-section\" id=\"10_Centrum_opieki_nad_matka_i_dzieckiem\"><\/span>10. Centrum opieki nad matk\u0105 i dzieckiem<span class=\"ez-toc-section-end\"><\/span><\/h3>\n\n\n\n<p class=\"wp-block-paragraph\">Je\u015bli masz naprawd\u0119 ma\u0142e niemowl\u0119 i chcesz z nim cieszy\u0107 si\u0119 wod\u0105 w bardziej kameralnym otoczeniu, zajrzyj do oferty Centrum opieki nad matk\u0105 i dzieckiem przy ulicy Erbenova. Maj\u0105 tu <strong>specjalny podgrzewany basenik dzieci\u0119cy<\/strong>, w kt\u00f3rym odbywaj\u0105 si\u0119 kursy p\u0142ywania dla niemowl\u0105t i maluch\u00f3w do sz\u00f3stego roku \u017cycia.<\/p>\n\n\n\n<p class=\"wp-block-paragraph\">Opr\u00f3cz basenu w centrum dzia\u0142a te\u017c <strong>przyjemny k\u0105cik dla dzieci<\/strong>, gdzie po p\u0142ywaniu dzieci mog\u0105 si\u0119 pobawi\u0107 i zaaklimatyzowa\u0107 przed wyj\u015bciem na zewn\u0105trz. Centrum skupia si\u0119 g\u0142\u00f3wnie na regularnych kursach i fizjoterapii, wi\u0119c jednorazowe wej\u015bcia trzeba zawsze uzgodni\u0107 telefonicznie.<\/p>\n\n\n\n<p class=\"wp-block-paragraph\">Godziny otwarcia to <strong>od poniedzia\u0142ku do pi\u0105tku<\/strong> (pon.\u2013czw. 8\u201318, pt. 8\u201316), ale w celu uzyskania dok\u0142adnych informacji o wolnych miejscach i aktualnych cenach polecam zadzwoni\u0107, bo tych informacji niestety brakuje na stronie.<\/p>\n\n\n\n<h3 class=\"wp-block-heading\"><span class=\"ez-toc-section\" id=\"11_Biblioteka_miejska_i_kawiarnia_Upekla\"><\/span>11. Biblioteka miejska i kawiarnia Upekla<span class=\"ez-toc-section-end\"><\/span><\/h3>\n\n\n\n<figure data-wp-context=\"{&quot;imageId&quot;:&quot;6a9544b89dffa&quot;}\" data-wp-interactive=\"core\/image\" data-wp-key=\"6a9544b89dffa\" class=\"wp-block-image size-full wp-lightbox-container\"><img decoding=\"async\" width=\"2200\" height=\"1650\" data-wp-class--hide=\"state.isContentHidden\" data-wp-class--show=\"state.isContentVisible\" data-wp-init=\"callbacks.setButtonStyles\" data-wp-on--click=\"actions.showLightbox\" data-wp-on--load=\"callbacks.setButtonStyles\" data-wp-on--pointerdown=\"actions.preloadImage\" data-wp-on--pointerenter=\"actions.preloadImageWithDelay\" data-wp-on--pointerleave=\"actions.cancelPreload\" data-wp-on-window--resize=\"callbacks.setButtonStyles\" src=\"https:\/\/loudavymkrokem.cz\/wp-content\/uploads\/2026\/08\/pisek-knihovna-vnitroblok-piskoviste-upekla.jpg\" alt=\"Dziedziniec Biblioteki Miejskiej w P\u00edsku z piaskownic\u0105 przy kawiarni Upekla\" class=\"wp-image-399544\" title=\"\" srcset=\"https:\/\/loudavymkrokem.cz\/wp-content\/uploads\/2026\/08\/pisek-knihovna-vnitroblok-piskoviste-upekla.jpg 2200w, https:\/\/loudavymkrokem.cz\/wp-content\/uploads\/2026\/08\/pisek-knihovna-vnitroblok-piskoviste-upekla-300x225.jpg 300w, https:\/\/loudavymkrokem.cz\/wp-content\/uploads\/2026\/08\/pisek-knihovna-vnitroblok-piskoviste-upekla-700x525.jpg 700w, https:\/\/loudavymkrokem.cz\/wp-content\/uploads\/2026\/08\/pisek-knihovna-vnitroblok-piskoviste-upekla-768x576.jpg 768w, https:\/\/loudavymkrokem.cz\/wp-content\/uploads\/2026\/08\/pisek-knihovna-vnitroblok-piskoviste-upekla-1536x1152.jpg 1536w, https:\/\/loudavymkrokem.cz\/wp-content\/uploads\/2026\/08\/pisek-knihovna-vnitroblok-piskoviste-upekla-2048x1536.jpg 2048w, https:\/\/loudavymkrokem.cz\/wp-content\/uploads\/2026\/08\/pisek-knihovna-vnitroblok-piskoviste-upekla-80x60.jpg 80w, https:\/\/loudavymkrokem.cz\/wp-content\/uploads\/2026\/08\/pisek-knihovna-vnitroblok-piskoviste-upekla-160x120.jpg 160w, https:\/\/loudavymkrokem.cz\/wp-content\/uploads\/2026\/08\/pisek-knihovna-vnitroblok-piskoviste-upekla-696x522.jpg 696w, https:\/\/loudavymkrokem.cz\/wp-content\/uploads\/2026\/08\/pisek-knihovna-vnitroblok-piskoviste-upekla-1392x1044.jpg 1392w, https:\/\/loudavymkrokem.cz\/wp-content\/uploads\/2026\/08\/pisek-knihovna-vnitroblok-piskoviste-upekla-1920x1440.jpg 1920w\" sizes=\"(max-width: 2200px) 100vw, 2200px\" \/><button\n\t\t\tclass=\"lightbox-trigger\"\n\t\t\ttype=\"button\"\n\t\t\taria-haspopup=\"dialog\"\n\t\t\tdata-wp-bind--aria-label=\"state.thisImage.triggerButtonAriaLabel\"\n\t\t\tdata-wp-init=\"callbacks.initTriggerButton\"\n\t\t\tdata-wp-on--click=\"actions.showLightbox\"\n\t\t\tdata-wp-style--right=\"state.thisImage.buttonRight\"\n\t\t\tdata-wp-style--top=\"state.thisImage.buttonTop\"\n\t\t>\n\t\t\t<svg xmlns=\"http:\/\/www.w3.org\/2000\/svg\" width=\"12\" height=\"12\" fill=\"none\" viewBox=\"0 0 12 12\">\n\t\t\t\t<path fill=\"#fff\" d=\"M2 0a2 2 0 0 0-2 2v2h1.5V2a.5.5 0 0 1 .5-.5h2V0H2Zm2 10.5H2a.5.5 0 0 1-.5-.5V8H0v2a2 2 0 0 0 2 2h2v-1.5ZM8 12v-1.5h2a.5.5 0 0 0 .5-.5V8H12v2a2 2 0 0 1-2 2H8Zm2-12a2 2 0 0 1 2 2v2h-1.5V2a.5.5 0 0 0-.5-.5H8V0h2Z\" \/>\n\t\t\t<\/svg>\n\t\t<\/button><\/figure>\n\n\n\n<figure data-wp-context=\"{&quot;imageId&quot;:&quot;6a9544b89e51f&quot;}\" data-wp-interactive=\"core\/image\" data-wp-key=\"6a9544b89e51f\" class=\"wp-block-image size-full wp-lightbox-container\"><img decoding=\"async\" width=\"2200\" height=\"1467\" data-wp-class--hide=\"state.isContentHidden\" data-wp-class--show=\"state.isContentVisible\" data-wp-init=\"callbacks.setButtonStyles\" data-wp-on--click=\"actions.showLightbox\" data-wp-on--load=\"callbacks.setButtonStyles\" data-wp-on--pointerdown=\"actions.preloadImage\" data-wp-on--pointerenter=\"actions.preloadImageWithDelay\" data-wp-on--pointerleave=\"actions.cancelPreload\" data-wp-on-window--resize=\"callbacks.setButtonStyles\" src=\"https:\/\/loudavymkrokem.cz\/wp-content\/uploads\/2026\/08\/pisek-mestska-knihovna.jpg\" alt=\"Budynek Biblioteki Miejskiej w P\u00edsku na placu Al\u0161a\" class=\"wp-image-399360\" title=\"\" srcset=\"https:\/\/loudavymkrokem.cz\/wp-content\/uploads\/2026\/08\/pisek-mestska-knihovna.jpg 2200w, https:\/\/loudavymkrokem.cz\/wp-content\/uploads\/2026\/08\/pisek-mestska-knihovna-300x200.jpg 300w, https:\/\/loudavymkrokem.cz\/wp-content\/uploads\/2026\/08\/pisek-mestska-knihovna-700x467.jpg 700w, https:\/\/loudavymkrokem.cz\/wp-content\/uploads\/2026\/08\/pisek-mestska-knihovna-768x512.jpg 768w, https:\/\/loudavymkrokem.cz\/wp-content\/uploads\/2026\/08\/pisek-mestska-knihovna-1536x1024.jpg 1536w, https:\/\/loudavymkrokem.cz\/wp-content\/uploads\/2026\/08\/pisek-mestska-knihovna-2048x1366.jpg 2048w, https:\/\/loudavymkrokem.cz\/wp-content\/uploads\/2026\/08\/pisek-mestska-knihovna-696x464.jpg 696w, https:\/\/loudavymkrokem.cz\/wp-content\/uploads\/2026\/08\/pisek-mestska-knihovna-1392x928.jpg 1392w, https:\/\/loudavymkrokem.cz\/wp-content\/uploads\/2026\/08\/pisek-mestska-knihovna-1920x1280.jpg 1920w\" sizes=\"(max-width: 2200px) 100vw, 2200px\" \/><button\n\t\t\tclass=\"lightbox-trigger\"\n\t\t\ttype=\"button\"\n\t\t\taria-haspopup=\"dialog\"\n\t\t\tdata-wp-bind--aria-label=\"state.thisImage.triggerButtonAriaLabel\"\n\t\t\tdata-wp-init=\"callbacks.initTriggerButton\"\n\t\t\tdata-wp-on--click=\"actions.showLightbox\"\n\t\t\tdata-wp-style--right=\"state.thisImage.buttonRight\"\n\t\t\tdata-wp-style--top=\"state.thisImage.buttonTop\"\n\t\t>\n\t\t\t<svg xmlns=\"http:\/\/www.w3.org\/2000\/svg\" width=\"12\" height=\"12\" fill=\"none\" viewBox=\"0 0 12 12\">\n\t\t\t\t<path fill=\"#fff\" d=\"M2 0a2 2 0 0 0-2 2v2h1.5V2a.5.5 0 0 1 .5-.5h2V0H2Zm2 10.5H2a.5.5 0 0 1-.5-.5V8H0v2a2 2 0 0 0 2 2h2v-1.5ZM8 12v-1.5h2a.5.5 0 0 0 .5-.5V8H12v2a2 2 0 0 1-2 2H8Zm2-12a2 2 0 0 1 2 2v2h-1.5V2a.5.5 0 0 0-.5-.5H8V0h2Z\" \/>\n\t\t\t<\/svg>\n\t\t<\/button><\/figure>\n\n\n\n<p class=\"wp-block-paragraph\">Biblioteka miejska na placu Al\u0161a to nie tylko nudna wypo\u017cyczalnia ksi\u0105\u017cek, ale <strong>dzieci\u0119cy oddzia\u0142 w P\u00edsku to po prostu uczta dla oczu<\/strong>. Przestrze\u0144 jest pi\u0119knie pomalowana w podwodnym stylu, w \u015bcianach s\u0105 wbudowane dwa du\u017ce \u017cywe akwaria z rybkami i nie brakuje nawet prawdziwej dzieci\u0119cej zje\u017cd\u017calni.<\/p>\n\n\n\n<p class=\"wp-block-paragraph\">W tym samym budynku mie\u015bci si\u0119 cukiernia i kawiarnia <strong>Upekla<\/strong>, do kt\u00f3rej nale\u017cy te\u017c dziedziniec. I w\u0142a\u015bnie tam ukryta jest <strong>piaskownica i do\u015b\u0107 du\u017ca przestrze\u0144<\/strong>, gdzie dzieci mog\u0105 si\u0119 w spokoju wyszale\u0107, podczas gdy wy dopijacie kaw\u0119. Z oddzia\u0142u dzieci\u0119cego masz tu przez dziedziniec, wi\u0119c czytanie i szale\u0144stwo mo\u017cna po\u0142\u0105czy\u0107 w jeden poranek.<\/p>\n\n\n\n<p class=\"wp-block-paragraph\">\ud83d\udca1 <strong>Wskaz\u00f3wka:<\/strong> W Upekla my\u015bl\u0105 te\u017c o diecie bezglutenowej, wi\u0119c ciastko zje tu i dziecko z celiaki\u0105.<\/p>\n\n\n\n<h2 class=\"wp-block-heading\"><span class=\"ez-toc-section\" id=\"Place_zabaw_park_i_rzeka_Pisek_w_Czechach_z_dziecmi_na_dworze\"><\/span>Place zabaw, park i rzeka: P\u00edsek w Czechach z dzie\u0107mi na dworze<span class=\"ez-toc-section-end\"><\/span><\/h2>\n\n\n\n<p class=\"wp-block-paragraph\">Gdy tylko wyjrzy s\u0142o\u0144ce, P\u00edsek o\u017cywa i wszystkie rodziny przenosz\u0105 si\u0119 nad rzek\u0119 i do park\u00f3w. Oto przegl\u0105d miejsc, gdzie dzieci na pewno si\u0119 zabawi\u0105 na \u015bwie\u017cym powietrzu.<\/p>\n\n\n\n<h3 class=\"wp-block-heading\"><span class=\"ez-toc-section\" id=\"12_Rzezby_z_piasku_na_bulwarze\"><\/span>12. Rze\u017aby z piasku na bulwarze<span class=\"ez-toc-section-end\"><\/span><\/h3>\n\n\n\n<figure data-wp-context=\"{&quot;imageId&quot;:&quot;6a9544b89edc9&quot;}\" data-wp-interactive=\"core\/image\" data-wp-key=\"6a9544b89edc9\" class=\"wp-block-image size-full wp-lightbox-container\"><img decoding=\"async\" width=\"2000\" height=\"1333\" data-wp-class--hide=\"state.isContentHidden\" data-wp-class--show=\"state.isContentVisible\" data-wp-init=\"callbacks.setButtonStyles\" data-wp-on--click=\"actions.showLightbox\" data-wp-on--load=\"callbacks.setButtonStyles\" data-wp-on--pointerdown=\"actions.preloadImage\" data-wp-on--pointerenter=\"actions.preloadImageWithDelay\" data-wp-on--pointerleave=\"actions.cancelPreload\" data-wp-on-window--resize=\"callbacks.setButtonStyles\" src=\"https:\/\/loudavymkrokem.cz\/wp-content\/uploads\/2026\/08\/sochy-z-pisku-naplavka-kamenny-most.jpg\" alt=\"Rze\u017aby z piasku na bulwarze Otavy przy Kamiennym Mo\u015bcie w P\u00edsku\" class=\"wp-image-399607\" title=\"\" srcset=\"https:\/\/loudavymkrokem.cz\/wp-content\/uploads\/2026\/08\/sochy-z-pisku-naplavka-kamenny-most.jpg 2000w, https:\/\/loudavymkrokem.cz\/wp-content\/uploads\/2026\/08\/sochy-z-pisku-naplavka-kamenny-most-300x200.jpg 300w, https:\/\/loudavymkrokem.cz\/wp-content\/uploads\/2026\/08\/sochy-z-pisku-naplavka-kamenny-most-700x467.jpg 700w, https:\/\/loudavymkrokem.cz\/wp-content\/uploads\/2026\/08\/sochy-z-pisku-naplavka-kamenny-most-768x512.jpg 768w, https:\/\/loudavymkrokem.cz\/wp-content\/uploads\/2026\/08\/sochy-z-pisku-naplavka-kamenny-most-1536x1024.jpg 1536w, https:\/\/loudavymkrokem.cz\/wp-content\/uploads\/2026\/08\/sochy-z-pisku-naplavka-kamenny-most-696x464.jpg 696w, https:\/\/loudavymkrokem.cz\/wp-content\/uploads\/2026\/08\/sochy-z-pisku-naplavka-kamenny-most-1392x928.jpg 1392w, https:\/\/loudavymkrokem.cz\/wp-content\/uploads\/2026\/08\/sochy-z-pisku-naplavka-kamenny-most-1920x1280.jpg 1920w\" sizes=\"(max-width: 2000px) 100vw, 2000px\" \/><button\n\t\t\tclass=\"lightbox-trigger\"\n\t\t\ttype=\"button\"\n\t\t\taria-haspopup=\"dialog\"\n\t\t\tdata-wp-bind--aria-label=\"state.thisImage.triggerButtonAriaLabel\"\n\t\t\tdata-wp-init=\"callbacks.initTriggerButton\"\n\t\t\tdata-wp-on--click=\"actions.showLightbox\"\n\t\t\tdata-wp-style--right=\"state.thisImage.buttonRight\"\n\t\t\tdata-wp-style--top=\"state.thisImage.buttonTop\"\n\t\t>\n\t\t\t<svg xmlns=\"http:\/\/www.w3.org\/2000\/svg\" width=\"12\" height=\"12\" fill=\"none\" viewBox=\"0 0 12 12\">\n\t\t\t\t<path fill=\"#fff\" d=\"M2 0a2 2 0 0 0-2 2v2h1.5V2a.5.5 0 0 1 .5-.5h2V0H2Zm2 10.5H2a.5.5 0 0 1-.5-.5V8H0v2a2 2 0 0 0 2 2h2v-1.5ZM8 12v-1.5h2a.5.5 0 0 0 .5-.5V8H12v2a2 2 0 0 1-2 2H8Zm2-12a2 2 0 0 1 2 2v2h-1.5V2a.5.5 0 0 0-.5-.5H8V0h2Z\" \/>\n\t\t\t<\/svg>\n\t\t<\/button><\/figure>\n\n\n\n<figure data-wp-context=\"{&quot;imageId&quot;:&quot;6a9544b89f2d5&quot;}\" data-wp-interactive=\"core\/image\" data-wp-key=\"6a9544b89f2d5\" class=\"wp-block-image size-full wp-lightbox-container\"><img decoding=\"async\" width=\"2200\" height=\"1467\" data-wp-class--hide=\"state.isContentHidden\" data-wp-class--show=\"state.isContentVisible\" data-wp-init=\"callbacks.setButtonStyles\" data-wp-on--click=\"actions.showLightbox\" data-wp-on--load=\"callbacks.setButtonStyles\" data-wp-on--pointerdown=\"actions.preloadImage\" data-wp-on--pointerenter=\"actions.preloadImageWithDelay\" data-wp-on--pointerleave=\"actions.cancelPreload\" data-wp-on-window--resize=\"callbacks.setButtonStyles\" src=\"https:\/\/loudavymkrokem.cz\/wp-content\/uploads\/2026\/08\/pisek-otava-naplavka-most.jpg\" alt=\"Bulwar nad Otav\u0105 przy Kamiennym Mo\u015bcie w P\u00edsku\" class=\"wp-image-399329\" title=\"\" srcset=\"https:\/\/loudavymkrokem.cz\/wp-content\/uploads\/2026\/08\/pisek-otava-naplavka-most.jpg 2200w, https:\/\/loudavymkrokem.cz\/wp-content\/uploads\/2026\/08\/pisek-otava-naplavka-most-300x200.jpg 300w, https:\/\/loudavymkrokem.cz\/wp-content\/uploads\/2026\/08\/pisek-otava-naplavka-most-700x467.jpg 700w, https:\/\/loudavymkrokem.cz\/wp-content\/uploads\/2026\/08\/pisek-otava-naplavka-most-768x512.jpg 768w, https:\/\/loudavymkrokem.cz\/wp-content\/uploads\/2026\/08\/pisek-otava-naplavka-most-1536x1024.jpg 1536w, https:\/\/loudavymkrokem.cz\/wp-content\/uploads\/2026\/08\/pisek-otava-naplavka-most-2048x1366.jpg 2048w, https:\/\/loudavymkrokem.cz\/wp-content\/uploads\/2026\/08\/pisek-otava-naplavka-most-696x464.jpg 696w, https:\/\/loudavymkrokem.cz\/wp-content\/uploads\/2026\/08\/pisek-otava-naplavka-most-1392x928.jpg 1392w, https:\/\/loudavymkrokem.cz\/wp-content\/uploads\/2026\/08\/pisek-otava-naplavka-most-1920x1280.jpg 1920w\" sizes=\"(max-width: 2200px) 100vw, 2200px\" \/><button\n\t\t\tclass=\"lightbox-trigger\"\n\t\t\ttype=\"button\"\n\t\t\taria-haspopup=\"dialog\"\n\t\t\tdata-wp-bind--aria-label=\"state.thisImage.triggerButtonAriaLabel\"\n\t\t\tdata-wp-init=\"callbacks.initTriggerButton\"\n\t\t\tdata-wp-on--click=\"actions.showLightbox\"\n\t\t\tdata-wp-style--right=\"state.thisImage.buttonRight\"\n\t\t\tdata-wp-style--top=\"state.thisImage.buttonTop\"\n\t\t>\n\t\t\t<svg xmlns=\"http:\/\/www.w3.org\/2000\/svg\" width=\"12\" height=\"12\" fill=\"none\" viewBox=\"0 0 12 12\">\n\t\t\t\t<path fill=\"#fff\" d=\"M2 0a2 2 0 0 0-2 2v2h1.5V2a.5.5 0 0 1 .5-.5h2V0H2Zm2 10.5H2a.5.5 0 0 1-.5-.5V8H0v2a2 2 0 0 0 2 2h2v-1.5ZM8 12v-1.5h2a.5.5 0 0 0 .5-.5V8H12v2a2 2 0 0 1-2 2H8Zm2-12a2 2 0 0 1 2 2v2h-1.5V2a.5.5 0 0 0-.5-.5H8V0h2Z\" \/>\n\t\t\t<\/svg>\n\t\t<\/button><\/figure>\n\n\n\n<p class=\"wp-block-paragraph\">To <strong>absolutny symbol letniego P\u00edsku<\/strong>, kt\u00f3ry przyci\u0105ga odwiedzaj\u0105cych z ca\u0142ego kraju. Co roku od ko\u0144ca maja na bulwarze przy Kamiennym Mo\u015bcie zaczynaj\u0105 wyrasta\u0107 ogromne rze\u017aby z piasku, kt\u00f3re tworz\u0105 do\u015bwiadczeni rze\u017abiarze, i co roku maj\u0105 zupe\u0142nie inny temat.<\/p>\n\n\n\n<p class=\"wp-block-paragraph\">Kiedy\u015b wydarzenie to nazywa\u0142o si\u0119 Cip\u00edskovi\u0161t\u011b, dzi\u015b znajdziesz je pod nazw\u0105 Sochy z p\u00edsku v P\u00edsku, a <strong>ca\u0142a ekspozycja jest dost\u0119pna ca\u0142kowicie za darmo<\/strong> przez ca\u0142e lato, a\u017c do momentu, gdy rze\u017aby zniszcz\u0105 jesienne deszcze. Zawsze towarzyszy jej te\u017c festiwal P\u00edskovi\u0161t\u011b z programem dla rodzin.<\/p>\n\n\n\n<p class=\"wp-block-paragraph\">Dla maluch\u00f3w fascynuj\u0105ce jest <strong>obserwowanie tych ogromnych piaskowych zamk\u00f3w<\/strong>, a dodatkowo mo\u017cecie si\u0119 przy tym przej\u015b\u0107 wzd\u0142u\u017c rzeki i wpa\u015b\u0107 na lody do Pomodoro przy ko\u015bciele lub do kt\u00f3rej\u015b z kawiarni przy mo\u015bcie.<\/p>\n\n\n\n<h3 class=\"wp-block-heading\"><span class=\"ez-toc-section\" id=\"13_Kamienny_Most_i_bulwar\"><\/span>13. Kamienny Most i bulwar<span class=\"ez-toc-section-end\"><\/span><\/h3>\n\n\n\n<figure data-wp-context=\"{&quot;imageId&quot;:&quot;6a9544b89fad8&quot;}\" data-wp-interactive=\"core\/image\" data-wp-key=\"6a9544b89fad8\" class=\"wp-block-image size-full wp-lightbox-container\"><img decoding=\"async\" width=\"2200\" height=\"1467\" data-wp-class--hide=\"state.isContentHidden\" data-wp-class--show=\"state.isContentVisible\" data-wp-init=\"callbacks.setButtonStyles\" data-wp-on--click=\"actions.showLightbox\" data-wp-on--load=\"callbacks.setButtonStyles\" data-wp-on--pointerdown=\"actions.preloadImage\" data-wp-on--pointerenter=\"actions.preloadImageWithDelay\" data-wp-on--pointerleave=\"actions.cancelPreload\" data-wp-on-window--resize=\"callbacks.setButtonStyles\" src=\"https:\/\/loudavymkrokem.cz\/wp-content\/uploads\/2026\/08\/pisek-kamenny-most-sochy.jpg\" alt=\"Kamienny Most w P\u00edsku z barokowymi rze\u017abami \u015bwi\u0119tych\" class=\"wp-image-399324\" title=\"\" srcset=\"https:\/\/loudavymkrokem.cz\/wp-content\/uploads\/2026\/08\/pisek-kamenny-most-sochy.jpg 2200w, https:\/\/loudavymkrokem.cz\/wp-content\/uploads\/2026\/08\/pisek-kamenny-most-sochy-300x200.jpg 300w, https:\/\/loudavymkrokem.cz\/wp-content\/uploads\/2026\/08\/pisek-kamenny-most-sochy-700x467.jpg 700w, https:\/\/loudavymkrokem.cz\/wp-content\/uploads\/2026\/08\/pisek-kamenny-most-sochy-768x512.jpg 768w, https:\/\/loudavymkrokem.cz\/wp-content\/uploads\/2026\/08\/pisek-kamenny-most-sochy-1536x1024.jpg 1536w, https:\/\/loudavymkrokem.cz\/wp-content\/uploads\/2026\/08\/pisek-kamenny-most-sochy-2048x1366.jpg 2048w, https:\/\/loudavymkrokem.cz\/wp-content\/uploads\/2026\/08\/pisek-kamenny-most-sochy-696x464.jpg 696w, https:\/\/loudavymkrokem.cz\/wp-content\/uploads\/2026\/08\/pisek-kamenny-most-sochy-1392x928.jpg 1392w, https:\/\/loudavymkrokem.cz\/wp-content\/uploads\/2026\/08\/pisek-kamenny-most-sochy-1920x1280.jpg 1920w\" sizes=\"(max-width: 2200px) 100vw, 2200px\" \/><button\n\t\t\tclass=\"lightbox-trigger\"\n\t\t\ttype=\"button\"\n\t\t\taria-haspopup=\"dialog\"\n\t\t\tdata-wp-bind--aria-label=\"state.thisImage.triggerButtonAriaLabel\"\n\t\t\tdata-wp-init=\"callbacks.initTriggerButton\"\n\t\t\tdata-wp-on--click=\"actions.showLightbox\"\n\t\t\tdata-wp-style--right=\"state.thisImage.buttonRight\"\n\t\t\tdata-wp-style--top=\"state.thisImage.buttonTop\"\n\t\t>\n\t\t\t<svg xmlns=\"http:\/\/www.w3.org\/2000\/svg\" width=\"12\" height=\"12\" fill=\"none\" viewBox=\"0 0 12 12\">\n\t\t\t\t<path fill=\"#fff\" d=\"M2 0a2 2 0 0 0-2 2v2h1.5V2a.5.5 0 0 1 .5-.5h2V0H2Zm2 10.5H2a.5.5 0 0 1-.5-.5V8H0v2a2 2 0 0 0 2 2h2v-1.5ZM8 12v-1.5h2a.5.5 0 0 0 .5-.5V8H12v2a2 2 0 0 1-2 2H8Zm2-12a2 2 0 0 1 2 2v2h-1.5V2a.5.5 0 0 0-.5-.5H8V0h2Z\" \/>\n\t\t\t<\/svg>\n\t\t<\/button><\/figure>\n\n\n\n<p class=\"wp-block-paragraph\">Gdy ju\u017c b\u0119dziecie przy rze\u017abach, nie mo\u017cecie pomin\u0105\u0107 spaceru po samym Kamiennym Mo\u015bcie, kt\u00f3ry jest <strong>najstarszym zachowanym mostem w Czechach<\/strong> i pochodzi ju\u017c z XIII wieku. Dla dzieci most jest ciekawy dzi\u0119ki swoim wn\u0119kom i rze\u017abom, mi\u0119dzy kt\u00f3rymi mog\u0105 biega\u0107, bo obowi\u0105zuje tu zakaz wjazdu samochod\u00f3w.<\/p>\n\n\n\n<p class=\"wp-block-paragraph\">Pod mostem biegnie pi\u0119knie zagospodarowany bulwar, gdzie <strong>miejscowe rodziny regularnie chodz\u0105 karmi\u0107 kaczki i \u0142ab\u0119dzie<\/strong>. Tylko prosz\u0119, pami\u0119taj o tym, \u017ce pieczywo szkodzi ptakom, wi\u0119c zamiast niego przynie\u015b im troch\u0119 kukurydzy, grochu lub specjalnego granulatu dla ptactwa wodnego.<\/p>\n\n\n\n<p class=\"wp-block-paragraph\">Z bulwaru rozci\u0105ga si\u0119 te\u017c <strong>pi\u0119kny widok na zamek w P\u00edsku<\/strong> i ca\u0142\u0105 sceneri\u0119 mo\u017cecie uwieczni\u0107 w rodzinnym albumie. Spacer wzd\u0142u\u017c wody jest ponadto ca\u0142kowicie bez barier, wi\u0119c w\u00f3zki i dzieci\u0119ce je\u017adziki przejad\u0105 t\u0119dy bez najmniejszego problemu.<\/p>\n\n\n\n<h3 class=\"wp-block-heading\"><span class=\"ez-toc-section\" id=\"14_Wyspa_Miejska\"><\/span>14. Wyspa Miejska<span class=\"ez-toc-section-end\"><\/span><\/h3>\n\n\n\n<figure data-wp-context=\"{&quot;imageId&quot;:&quot;6a9544b8a02d4&quot;}\" data-wp-interactive=\"core\/image\" data-wp-key=\"6a9544b8a02d4\" class=\"wp-block-image size-full wp-lightbox-container\"><img decoding=\"async\" width=\"1200\" height=\"800\" data-wp-class--hide=\"state.isContentHidden\" data-wp-class--show=\"state.isContentVisible\" data-wp-init=\"callbacks.setButtonStyles\" data-wp-on--click=\"actions.showLightbox\" data-wp-on--load=\"callbacks.setButtonStyles\" data-wp-on--pointerdown=\"actions.preloadImage\" data-wp-on--pointerenter=\"actions.preloadImageWithDelay\" data-wp-on--pointerleave=\"actions.cancelPreload\" data-wp-on-window--resize=\"callbacks.setButtonStyles\" src=\"https:\/\/loudavymkrokem.cz\/wp-content\/uploads\/2026\/08\/mestsky-ostrov-pisek-zahradka.jpg\" alt=\"Letni ogr\u00f3dek na Wyspie Miejskiej w P\u00edsku\" class=\"wp-image-399671\" title=\"\" srcset=\"https:\/\/loudavymkrokem.cz\/wp-content\/uploads\/2026\/08\/mestsky-ostrov-pisek-zahradka.jpg 1200w, https:\/\/loudavymkrokem.cz\/wp-content\/uploads\/2026\/08\/mestsky-ostrov-pisek-zahradka-300x200.jpg 300w, https:\/\/loudavymkrokem.cz\/wp-content\/uploads\/2026\/08\/mestsky-ostrov-pisek-zahradka-700x467.jpg 700w, https:\/\/loudavymkrokem.cz\/wp-content\/uploads\/2026\/08\/mestsky-ostrov-pisek-zahradka-768x512.jpg 768w, https:\/\/loudavymkrokem.cz\/wp-content\/uploads\/2026\/08\/mestsky-ostrov-pisek-zahradka-696x464.jpg 696w\" sizes=\"(max-width: 1200px) 100vw, 1200px\" \/><button\n\t\t\tclass=\"lightbox-trigger\"\n\t\t\ttype=\"button\"\n\t\t\taria-haspopup=\"dialog\"\n\t\t\tdata-wp-bind--aria-label=\"state.thisImage.triggerButtonAriaLabel\"\n\t\t\tdata-wp-init=\"callbacks.initTriggerButton\"\n\t\t\tdata-wp-on--click=\"actions.showLightbox\"\n\t\t\tdata-wp-style--right=\"state.thisImage.buttonRight\"\n\t\t\tdata-wp-style--top=\"state.thisImage.buttonTop\"\n\t\t>\n\t\t\t<svg xmlns=\"http:\/\/www.w3.org\/2000\/svg\" width=\"12\" height=\"12\" fill=\"none\" viewBox=\"0 0 12 12\">\n\t\t\t\t<path fill=\"#fff\" d=\"M2 0a2 2 0 0 0-2 2v2h1.5V2a.5.5 0 0 1 .5-.5h2V0H2Zm2 10.5H2a.5.5 0 0 1-.5-.5V8H0v2a2 2 0 0 0 2 2h2v-1.5ZM8 12v-1.5h2a.5.5 0 0 0 .5-.5V8H12v2a2 2 0 0 1-2 2H8Zm2-12a2 2 0 0 1 2 2v2h-1.5V2a.5.5 0 0 0-.5-.5H8V0h2Z\" \/>\n\t\t\t<\/svg>\n\t\t<\/button><\/figure>\n\n\n\n<p class=\"wp-block-paragraph\">Wyspa Miejska op\u0142ywana rzek\u0105 Otav\u0105 to <strong>spokojna, zielona oaza w samym centrum miasta<\/strong>, na kt\u00f3r\u0105 dostaniesz si\u0119 przez k\u0142adk\u0119. Znajdziesz tu du\u017cy park z pi\u0119knymi, wysokimi drzewami, kt\u00f3re w upalne lato daj\u0105 tak potrzebny cie\u0144.<\/p>\n\n\n\n<p class=\"wp-block-paragraph\">Dla dzieci przygotowany jest tu <strong>du\u017cy ogrodzony plac zabaw z nowoczesnymi elementami<\/strong>, gdzie nie musicie si\u0119 ba\u0107, \u017ce maluch gdzie\u015b wam ucieknie. Tu\u017c obok placu zabaw starsze dzieci i doro\u015bli mog\u0105 dodatkowo zagra\u0107 w minigolfa na miejscowym, zadbanym polu.<\/p>\n\n\n\n<p class=\"wp-block-paragraph\">Gdy dzieciom zg\u0142odnieje, <strong>na wyspie dzia\u0142a tradycyjna Restaurace Ostrov<\/strong>, kt\u00f3ra ma przy letnim ogr\u00f3dku sw\u00f3j w\u0142asny mniejszy plac zabaw, wi\u0119c mo\u017cecie w spokoju doko\u0144czy\u0107 obiad, podczas gdy dzieci bawi\u0105 si\u0119 nieopodal.<\/p>\n\n\n\n<h3 class=\"wp-block-heading\"><span class=\"ez-toc-section\" id=\"15_Miasteczko_ruchu_drogowego_przy_sw_Waclawie\"><\/span>15. Miasteczko ruchu drogowego przy \u015bw. Wac\u0142awie<span class=\"ez-toc-section-end\"><\/span><\/h3>\n\n\n\n<figure data-wp-context=\"{&quot;imageId&quot;:&quot;6a9544b8a0afc&quot;}\" data-wp-interactive=\"core\/image\" data-wp-key=\"6a9544b8a0afc\" class=\"wp-block-image size-full wp-lightbox-container\"><img decoding=\"async\" width=\"1024\" height=\"461\" data-wp-class--hide=\"state.isContentHidden\" data-wp-class--show=\"state.isContentVisible\" data-wp-init=\"callbacks.setButtonStyles\" data-wp-on--click=\"actions.showLightbox\" data-wp-on--load=\"callbacks.setButtonStyles\" data-wp-on--pointerdown=\"actions.preloadImage\" data-wp-on--pointerenter=\"actions.preloadImageWithDelay\" data-wp-on--pointerleave=\"actions.cancelPreload\" data-wp-on-window--resize=\"callbacks.setButtonStyles\" src=\"https:\/\/loudavymkrokem.cz\/wp-content\/uploads\/2026\/08\/dopravni-hriste-u-sv-vaclava-pisek.jpg\" alt=\"Dzieci\u0119ce miasteczko ruchu drogowego przy \u015bw. Wac\u0142awie w P\u00edsku po remoncie\" class=\"wp-image-399632\" title=\"\" srcset=\"https:\/\/loudavymkrokem.cz\/wp-content\/uploads\/2026\/08\/dopravni-hriste-u-sv-vaclava-pisek.jpg 1024w, https:\/\/loudavymkrokem.cz\/wp-content\/uploads\/2026\/08\/dopravni-hriste-u-sv-vaclava-pisek-300x135.jpg 300w, https:\/\/loudavymkrokem.cz\/wp-content\/uploads\/2026\/08\/dopravni-hriste-u-sv-vaclava-pisek-700x315.jpg 700w, https:\/\/loudavymkrokem.cz\/wp-content\/uploads\/2026\/08\/dopravni-hriste-u-sv-vaclava-pisek-768x346.jpg 768w, https:\/\/loudavymkrokem.cz\/wp-content\/uploads\/2026\/08\/dopravni-hriste-u-sv-vaclava-pisek-696x313.jpg 696w\" sizes=\"(max-width: 1024px) 100vw, 1024px\" \/><button\n\t\t\tclass=\"lightbox-trigger\"\n\t\t\ttype=\"button\"\n\t\t\taria-haspopup=\"dialog\"\n\t\t\tdata-wp-bind--aria-label=\"state.thisImage.triggerButtonAriaLabel\"\n\t\t\tdata-wp-init=\"callbacks.initTriggerButton\"\n\t\t\tdata-wp-on--click=\"actions.showLightbox\"\n\t\t\tdata-wp-style--right=\"state.thisImage.buttonRight\"\n\t\t\tdata-wp-style--top=\"state.thisImage.buttonTop\"\n\t\t>\n\t\t\t<svg xmlns=\"http:\/\/www.w3.org\/2000\/svg\" width=\"12\" height=\"12\" fill=\"none\" viewBox=\"0 0 12 12\">\n\t\t\t\t<path fill=\"#fff\" d=\"M2 0a2 2 0 0 0-2 2v2h1.5V2a.5.5 0 0 1 .5-.5h2V0H2Zm2 10.5H2a.5.5 0 0 1-.5-.5V8H0v2a2 2 0 0 0 2 2h2v-1.5ZM8 12v-1.5h2a.5.5 0 0 0 .5-.5V8H12v2a2 2 0 0 1-2 2H8Zm2-12a2 2 0 0 1 2 2v2h-1.5V2a.5.5 0 0 0-.5-.5H8V0h2Z\" \/>\n\t\t\t<\/svg>\n\t\t<\/button><\/figure>\n\n\n\n<p class=\"wp-block-paragraph\">Miasteczko ruchu drogowego na bulwarze Z\u00e1tavsk\u00e9 przesz\u0142o niedawno du\u017cy remont i od maja 2025 jest <strong>ponownie otwarte w pe\u0142nej okaza\u0142o\u015bci<\/strong>. To absolutny raj dla wszystkich ma\u0142ych mi\u0142o\u015bnik\u00f3w samochodzik\u00f3w, je\u017adzik\u00f3w i hulajn\u00f3g, kt\u00f3rzy mog\u0105 tu trenowa\u0107 jazd\u0119 zgodnie z przepisami.<\/p>\n\n\n\n<p class=\"wp-block-paragraph\">Na miasteczku nie brakuje <strong>prawdziwych dzia\u0142aj\u0105cych sygnalizator\u00f3w, ronda, przej\u015b\u0107 dla pieszych<\/strong> i r\u00f3\u017cnych znak\u00f3w drogowych. Je\u015bli nie macie ze sob\u0105 w\u0142asnego pojazdu, mo\u017cecie tu za ok. 9 z\u0142 (50 K\u010d) na p\u00f3\u0142 godziny wypo\u017cyczy\u0107 \u015bwietne gokarty na peda\u0142y, kt\u00f3re bawi\u0105 g\u0142\u00f3wnie przedszkolak\u00f3w i m\u0142odszych uczni\u00f3w.<\/p>\n\n\n\n<p class=\"wp-block-paragraph\">W letnie miesi\u0105ce wakacyjne maj\u0105 <strong>otwarte codziennie przed i po po\u0142udniu<\/strong>, wiosn\u0105 i jesieni\u0105 funkcjonuj\u0105 raczej w godzinach popo\u0142udniowych i w weekendy. Wst\u0119p na teren z w\u0142asnym rowerkiem czy je\u017adzikiem jest zupe\u0142nie za darmo.<\/p>\n\n\n\n<p class=\"wp-block-paragraph\">Bezpo\u015brednio przy miasteczku dzia\u0142a dodatkowo <strong>YEZ Caf\u00e9<\/strong>, wi\u0119c jest gdzie usi\u0105\u015b\u0107 na kaw\u0119 i co\u015b do jedzenia. A poniewa\u017c jest tu te\u017c <strong>piaskownica dla najm\u0142odszych<\/strong>, zajm\u0105 si\u0119 i rodze\u0144stwa, kt\u00f3re na gokarty na peda\u0142y jeszcze nie dosi\u0119gaj\u0105.<\/p>\n\n\n\n<h3 class=\"wp-block-heading\"><span class=\"ez-toc-section\" id=\"16_Bulwar_Jiraska_i_plac_zabaw_na_kulki\"><\/span>16. Bulwar Jir\u00e1ska i plac zabaw na kulki<span class=\"ez-toc-section-end\"><\/span><\/h3>\n\n\n\n<p class=\"wp-block-paragraph\">Bulwar Jir\u00e1ska to kolejna \u015bwietnie zagospodarowana przestrze\u0144 nad rzek\u0105, gdzie znajduje si\u0119 <strong>unikatowy plac zabaw na kulki o powierzchni 186 metr\u00f3w kwadratowych<\/strong>. Znajdziesz tu dziewi\u0119\u0107 r\u00f3\u017cnych tor\u00f3w i nawet specjaln\u0105 zje\u017cd\u017calni\u0119 dla kulek, co potrafi zaj\u0105\u0107 dzieci na niesamowicie d\u0142ugo.<\/p>\n\n\n\n<p class=\"wp-block-paragraph\">Je\u015bli nie macie w\u0142asnych szklanych kulek, nie rozpaczajcie \u2014 <strong>kulki mo\u017cecie kupi\u0107 za ok. 4 z\u0142 (20 K\u010d)<\/strong> w pobliskim centrum informacji lub bezpo\u015brednio w automacie przy torze. Ca\u0142a przestrze\u0144 jest niesamowicie interaktywna i zabawowa, cho\u0107 popularny pumptrack zosta\u0142 tu niestety usuni\u0119ty w maju 2026.<\/p>\n\n\n\n<p class=\"wp-block-paragraph\">Opr\u00f3cz kulek znajdziesz tu te\u017c <strong>plac zabaw z \u017cywej wikliny<\/strong>, \u015bcie\u017ck\u0119 do chodzenia na bosaka, gdzie dzieci spr\u00f3buj\u0105 r\u00f3\u017cnych nawierzchni, oraz plac parkourowy Flux dla starszych sportowc\u00f3w, wi\u0119c przeplataj\u0105 si\u0119 tu aktywno\u015bci dla wszystkich grup wiekowych.<\/p>\n\n\n\n<h3 class=\"wp-block-heading\"><span class=\"ez-toc-section\" id=\"17_Plac_zabaw_z_jeleniem_Na_Trubach\"><\/span>17. Plac zabaw z jeleniem Na Trub\u00e1ch<span class=\"ez-toc-section-end\"><\/span><\/h3>\n\n\n\n<figure data-wp-context=\"{&quot;imageId&quot;:&quot;6a9544b8a1399&quot;}\" data-wp-interactive=\"core\/image\" data-wp-key=\"6a9544b8a1399\" class=\"wp-block-image size-full wp-lightbox-container\"><img decoding=\"async\" width=\"1920\" height=\"1440\" data-wp-class--hide=\"state.isContentHidden\" data-wp-class--show=\"state.isContentVisible\" data-wp-init=\"callbacks.setButtonStyles\" data-wp-on--click=\"actions.showLightbox\" data-wp-on--load=\"callbacks.setButtonStyles\" data-wp-on--pointerdown=\"actions.preloadImage\" data-wp-on--pointerenter=\"actions.preloadImageWithDelay\" data-wp-on--pointerleave=\"actions.cancelPreload\" data-wp-on-window--resize=\"callbacks.setButtonStyles\" src=\"https:\/\/loudavymkrokem.cz\/wp-content\/uploads\/2026\/08\/hriste-jelen-na-trubach-pisek.jpg\" alt=\"Drewniany jele\u0144 ze zje\u017cd\u017calni\u0105 na placu zabaw Na Trub\u00e1ch w P\u00edsku\" class=\"wp-image-399616\" title=\"\" srcset=\"https:\/\/loudavymkrokem.cz\/wp-content\/uploads\/2026\/08\/hriste-jelen-na-trubach-pisek.jpg 1920w, https:\/\/loudavymkrokem.cz\/wp-content\/uploads\/2026\/08\/hriste-jelen-na-trubach-pisek-300x225.jpg 300w, https:\/\/loudavymkrokem.cz\/wp-content\/uploads\/2026\/08\/hriste-jelen-na-trubach-pisek-700x525.jpg 700w, https:\/\/loudavymkrokem.cz\/wp-content\/uploads\/2026\/08\/hriste-jelen-na-trubach-pisek-768x576.jpg 768w, https:\/\/loudavymkrokem.cz\/wp-content\/uploads\/2026\/08\/hriste-jelen-na-trubach-pisek-1536x1152.jpg 1536w, https:\/\/loudavymkrokem.cz\/wp-content\/uploads\/2026\/08\/hriste-jelen-na-trubach-pisek-80x60.jpg 80w, https:\/\/loudavymkrokem.cz\/wp-content\/uploads\/2026\/08\/hriste-jelen-na-trubach-pisek-160x120.jpg 160w, https:\/\/loudavymkrokem.cz\/wp-content\/uploads\/2026\/08\/hriste-jelen-na-trubach-pisek-696x522.jpg 696w, https:\/\/loudavymkrokem.cz\/wp-content\/uploads\/2026\/08\/hriste-jelen-na-trubach-pisek-1392x1044.jpg 1392w\" sizes=\"(max-width: 1920px) 100vw, 1920px\" \/><button\n\t\t\tclass=\"lightbox-trigger\"\n\t\t\ttype=\"button\"\n\t\t\taria-haspopup=\"dialog\"\n\t\t\tdata-wp-bind--aria-label=\"state.thisImage.triggerButtonAriaLabel\"\n\t\t\tdata-wp-init=\"callbacks.initTriggerButton\"\n\t\t\tdata-wp-on--click=\"actions.showLightbox\"\n\t\t\tdata-wp-style--right=\"state.thisImage.buttonRight\"\n\t\t\tdata-wp-style--top=\"state.thisImage.buttonTop\"\n\t\t>\n\t\t\t<svg xmlns=\"http:\/\/www.w3.org\/2000\/svg\" width=\"12\" height=\"12\" fill=\"none\" viewBox=\"0 0 12 12\">\n\t\t\t\t<path fill=\"#fff\" d=\"M2 0a2 2 0 0 0-2 2v2h1.5V2a.5.5 0 0 1 .5-.5h2V0H2Zm2 10.5H2a.5.5 0 0 1-.5-.5V8H0v2a2 2 0 0 0 2 2h2v-1.5ZM8 12v-1.5h2a.5.5 0 0 0 .5-.5V8H12v2a2 2 0 0 1-2 2H8Zm2-12a2 2 0 0 1 2 2v2h-1.5V2a.5.5 0 0 0-.5-.5H8V0h2Z\" \/>\n\t\t\t<\/svg>\n\t\t<\/button><\/figure>\n\n\n\n<p class=\"wp-block-paragraph\">To <strong>zupe\u0142nie nowy hit roku 2026<\/strong>, kt\u00f3rym wszystkie dzieci z P\u00edsku s\u0105 absolutnie zachwycone. Dominant\u0105 nowego le\u015bnego placu zabaw Na Trub\u00e1ch jest ogromny, o\u015bmiometrowy drewniany jele\u0144, kt\u00f3ry pe\u0142ni funkcj\u0119 zar\u00f3wno punktu widokowego, jak i przede wszystkim rozbudowanej przeplotni ze zje\u017cd\u017calni\u0105.<\/p>\n\n\n\n<p class=\"wp-block-paragraph\">Wok\u00f3\u0142 jelenia rozci\u0105ga si\u0119 <strong>pi\u0119kna przestrze\u0144 z hu\u015btawkami, drewnianymi k\u0142odami do balansowania<\/strong> i du\u017c\u0105 piaskownic\u0105 dla maluch\u00f3w. Plac zabaw jest zaprojektowany w naturalnym stylu, aby wpasowa\u0107 si\u0119 w otoczenie, a w planach jest stopniowe dodanie jeszcze rze\u017aby mr\u00f3wki, sowy i wiewi\u00f3rki.<\/p>\n\n\n\n<p class=\"wp-block-paragraph\">Ze wzgl\u0119du na to, \u017ce plac zabaw jest zupe\u0142nie nowy, <strong>w weekendy licz si\u0119 z t\u0142okiem<\/strong>, wi\u0119c z mniejszymi dzie\u0107mi polecam wybra\u0107 si\u0119 raczej w dzie\u0144 powszedni przed po\u0142udniem.<\/p>\n\n\n\n<h3 class=\"wp-block-heading\"><span class=\"ez-toc-section\" id=\"18_Park_Palackeho\"><\/span>18. Park Palack\u00e9ho<span class=\"ez-toc-section-end\"><\/span><\/h3>\n\n\n\n<figure data-wp-context=\"{&quot;imageId&quot;:&quot;6a9544b8a1b4f&quot;}\" data-wp-interactive=\"core\/image\" data-wp-key=\"6a9544b8a1b4f\" class=\"wp-block-image size-full wp-lightbox-container\"><img decoding=\"async\" width=\"1200\" height=\"800\" data-wp-class--hide=\"state.isContentHidden\" data-wp-class--show=\"state.isContentVisible\" data-wp-init=\"callbacks.setButtonStyles\" data-wp-on--click=\"actions.showLightbox\" data-wp-on--load=\"callbacks.setButtonStyles\" data-wp-on--pointerdown=\"actions.preloadImage\" data-wp-on--pointerenter=\"actions.preloadImageWithDelay\" data-wp-on--pointerleave=\"actions.cancelPreload\" data-wp-on-window--resize=\"callbacks.setButtonStyles\" src=\"https:\/\/loudavymkrokem.cz\/wp-content\/uploads\/2026\/08\/palackeho-sady-pisek-jaro.jpg\" alt=\"Park Palack\u00e9ho w P\u00edsku wiosn\u0105 z pomnikiem Franti\u0161ka Palackiego\" class=\"wp-image-399648\" title=\"\" srcset=\"https:\/\/loudavymkrokem.cz\/wp-content\/uploads\/2026\/08\/palackeho-sady-pisek-jaro.jpg 1200w, https:\/\/loudavymkrokem.cz\/wp-content\/uploads\/2026\/08\/palackeho-sady-pisek-jaro-300x200.jpg 300w, https:\/\/loudavymkrokem.cz\/wp-content\/uploads\/2026\/08\/palackeho-sady-pisek-jaro-700x467.jpg 700w, https:\/\/loudavymkrokem.cz\/wp-content\/uploads\/2026\/08\/palackeho-sady-pisek-jaro-768x512.jpg 768w, https:\/\/loudavymkrokem.cz\/wp-content\/uploads\/2026\/08\/palackeho-sady-pisek-jaro-696x464.jpg 696w\" sizes=\"(max-width: 1200px) 100vw, 1200px\" \/><button\n\t\t\tclass=\"lightbox-trigger\"\n\t\t\ttype=\"button\"\n\t\t\taria-haspopup=\"dialog\"\n\t\t\tdata-wp-bind--aria-label=\"state.thisImage.triggerButtonAriaLabel\"\n\t\t\tdata-wp-init=\"callbacks.initTriggerButton\"\n\t\t\tdata-wp-on--click=\"actions.showLightbox\"\n\t\t\tdata-wp-style--right=\"state.thisImage.buttonRight\"\n\t\t\tdata-wp-style--top=\"state.thisImage.buttonTop\"\n\t\t>\n\t\t\t<svg xmlns=\"http:\/\/www.w3.org\/2000\/svg\" width=\"12\" height=\"12\" fill=\"none\" viewBox=\"0 0 12 12\">\n\t\t\t\t<path fill=\"#fff\" d=\"M2 0a2 2 0 0 0-2 2v2h1.5V2a.5.5 0 0 1 .5-.5h2V0H2Zm2 10.5H2a.5.5 0 0 1-.5-.5V8H0v2a2 2 0 0 0 2 2h2v-1.5ZM8 12v-1.5h2a.5.5 0 0 0 .5-.5V8H12v2a2 2 0 0 1-2 2H8Zm2-12a2 2 0 0 1 2 2v2h-1.5V2a.5.5 0 0 0-.5-.5H8V0h2Z\" \/>\n\t\t\t<\/svg>\n\t\t<\/button><\/figure>\n\n\n\n<figure data-wp-context=\"{&quot;imageId&quot;:&quot;6a9544b8a22a3&quot;}\" data-wp-interactive=\"core\/image\" data-wp-key=\"6a9544b8a22a3\" class=\"wp-block-image size-full wp-lightbox-container\"><img decoding=\"async\" width=\"2200\" height=\"1467\" data-wp-class--hide=\"state.isContentHidden\" data-wp-class--show=\"state.isContentVisible\" data-wp-init=\"callbacks.setButtonStyles\" data-wp-on--click=\"actions.showLightbox\" data-wp-on--load=\"callbacks.setButtonStyles\" data-wp-on--pointerdown=\"actions.preloadImage\" data-wp-on--pointerenter=\"actions.preloadImageWithDelay\" data-wp-on--pointerleave=\"actions.cancelPreload\" data-wp-on-window--resize=\"callbacks.setButtonStyles\" src=\"https:\/\/loudavymkrokem.cz\/wp-content\/uploads\/2026\/08\/pisek-fontana-centrum.jpg\" alt=\"Fontanna w historycznym centrum P\u00edsku\" class=\"wp-image-399366\" title=\"\" srcset=\"https:\/\/loudavymkrokem.cz\/wp-content\/uploads\/2026\/08\/pisek-fontana-centrum.jpg 2200w, https:\/\/loudavymkrokem.cz\/wp-content\/uploads\/2026\/08\/pisek-fontana-centrum-300x200.jpg 300w, https:\/\/loudavymkrokem.cz\/wp-content\/uploads\/2026\/08\/pisek-fontana-centrum-700x467.jpg 700w, https:\/\/loudavymkrokem.cz\/wp-content\/uploads\/2026\/08\/pisek-fontana-centrum-768x512.jpg 768w, https:\/\/loudavymkrokem.cz\/wp-content\/uploads\/2026\/08\/pisek-fontana-centrum-1536x1024.jpg 1536w, https:\/\/loudavymkrokem.cz\/wp-content\/uploads\/2026\/08\/pisek-fontana-centrum-2048x1366.jpg 2048w, https:\/\/loudavymkrokem.cz\/wp-content\/uploads\/2026\/08\/pisek-fontana-centrum-696x464.jpg 696w, https:\/\/loudavymkrokem.cz\/wp-content\/uploads\/2026\/08\/pisek-fontana-centrum-1392x928.jpg 1392w, https:\/\/loudavymkrokem.cz\/wp-content\/uploads\/2026\/08\/pisek-fontana-centrum-1920x1280.jpg 1920w\" sizes=\"(max-width: 2200px) 100vw, 2200px\" \/><button\n\t\t\tclass=\"lightbox-trigger\"\n\t\t\ttype=\"button\"\n\t\t\taria-haspopup=\"dialog\"\n\t\t\tdata-wp-bind--aria-label=\"state.thisImage.triggerButtonAriaLabel\"\n\t\t\tdata-wp-init=\"callbacks.initTriggerButton\"\n\t\t\tdata-wp-on--click=\"actions.showLightbox\"\n\t\t\tdata-wp-style--right=\"state.thisImage.buttonRight\"\n\t\t\tdata-wp-style--top=\"state.thisImage.buttonTop\"\n\t\t>\n\t\t\t<svg xmlns=\"http:\/\/www.w3.org\/2000\/svg\" width=\"12\" height=\"12\" fill=\"none\" viewBox=\"0 0 12 12\">\n\t\t\t\t<path fill=\"#fff\" d=\"M2 0a2 2 0 0 0-2 2v2h1.5V2a.5.5 0 0 1 .5-.5h2V0H2Zm2 10.5H2a.5.5 0 0 1-.5-.5V8H0v2a2 2 0 0 0 2 2h2v-1.5ZM8 12v-1.5h2a.5.5 0 0 0 .5-.5V8H12v2a2 2 0 0 1-2 2H8Zm2-12a2 2 0 0 1 2 2v2h-1.5V2a.5.5 0 0 0-.5-.5H8V0h2Z\" \/>\n\t\t\t<\/svg>\n\t\t<\/button><\/figure>\n\n\n\n<p class=\"wp-block-paragraph\">Park Palack\u00e9ho to <strong>najwi\u0119kszy park w centrum P\u00edsku<\/strong>, kt\u00f3ry powsta\u0142 na miejscu dawnych fos obronnych. To idealne miejsce na spokojny spacer z w\u00f3zkiem pod koronami starych drzew, a latem odbywaj\u0105 si\u0119 tu cz\u0119sto r\u00f3\u017cne koncerty promenadowe.<\/p>\n\n\n\n<p class=\"wp-block-paragraph\">Na zachodnim skraju parku znajduje si\u0119 <strong>mniejszy plac zabaw z nawierzchni\u0105 z drobnych kamyk\u00f3w<\/strong>, kt\u00f3remu kr\u00f3luje pi\u0119kna drewniana przeplotnia w kszta\u0142cie ryby. Znajdziesz tu te\u017c spr\u0119\u017cynowe bujaki dla maluch\u00f3w i jedn\u0105 lubian\u0105 hu\u015btawk\u0119 wisz\u0105c\u0105.<\/p>\n\n\n\n<p class=\"wp-block-paragraph\">Jedyn\u0105 wad\u0105 tego placu zabaw jest to, \u017ce <strong>bezpo\u015brednio przy elementach zabaw brakuje \u0142awek<\/strong> dla rodzic\u00f3w, wi\u0119c zazwyczaj musicie sta\u0107 opodal lub usi\u0105\u015b\u0107 na skraju drewnianych obrze\u017cy. Mimo to jest to \u015bwietny przystanek podczas spacer\u00f3w po mie\u015bcie.<\/p>\n\n\n\n<h3 class=\"wp-block-heading\"><span class=\"ez-toc-section\" id=\"19_Plywalnia_przy_sw_Waclawie\"><\/span>19. P\u0142ywalnia przy \u015bw. Wac\u0142awie<span class=\"ez-toc-section-end\"><\/span><\/h3>\n\n\n\n<p class=\"wp-block-paragraph\">Gdy uderz\u0105 letnie upa\u0142y, ca\u0142e miasto przenosi si\u0119 na p\u0142ywalni\u0119 przy \u015bw. Wac\u0142awie, kt\u00f3ra znajduje si\u0119 na bulwarze Z\u00e1tavsk\u00e9. Ten kompleks \u0142\u0105czy <strong>klasyczne k\u0105piele w rzece Otavie z nowoczesnymi basenami<\/strong>, wi\u0119c ka\u017cdy znajdzie tu co\u015b dla siebie.<\/p>\n\n\n\n<p class=\"wp-block-paragraph\">Dla rodzin z dzie\u0107mi przygotowany jest tu <strong>p\u0142ytki basenik dzieci\u0119cy ze zje\u017cd\u017calni\u0105 i osobny brodzik<\/strong> dla najmniejszych maluch\u00f3w. Wok\u00f3\u0142 basen\u00f3w s\u0105 trawiaste powierzchnie na koce, nie brakuje te\u017c wysokich drzew, pod kt\u00f3re mo\u017cecie schowa\u0107 si\u0119 z w\u00f3zkiem w cie\u0144.<\/p>\n\n\n\n<p class=\"wp-block-paragraph\">P\u0142ywalnia dzia\u0142a <strong>od maja do wrze\u015bnia codziennie do wp\u00f3\u0142 do \u00f3smej wieczorem<\/strong>, doro\u015bli zap\u0142ac\u0105 za wst\u0119p ok. 16 z\u0142 (90 K\u010d), a dzieci do 140 centymetr\u00f3w ok. 11 z\u0142 (60 K\u010d). Zalet\u0105 jest to, \u017ce bezpo\u015brednio na terenie dzia\u0142a restauracja przylegaj\u0105cego pensjonatu Sport, wi\u0119c macie zapewniony obiad.<\/p>\n\n\n\n<h3 class=\"wp-block-heading\"><span class=\"ez-toc-section\" id=\"20_Lodki_i_kajakarstwo_na_Otavie\"><\/span>20. \u0141\u00f3dki i kajakarstwo na Otavie<span class=\"ez-toc-section-end\"><\/span><\/h3>\n\n\n\n<p class=\"wp-block-paragraph\">Rzeka Otava nie tylko przep\u0142ywa przez P\u00edsek, ale wr\u0119cz zach\u0119ca do r\u00f3\u017cnych wodnych przyjemno\u015bci, kt\u00f3re ogarniecie nawet z mniejszymi dzie\u0107mi. <strong>Bezpo\u015brednio przy Wyspie Miejskiej dzia\u0142a wypo\u017cyczalnia<\/strong>, gdzie w sezonie mo\u017cecie wynaj\u0105\u0107 klasyczne \u0142\u00f3dki z wios\u0142ami lub rowery wodne.<\/p>\n\n\n\n<p class=\"wp-block-paragraph\">Dzieci uwielbiaj\u0105, gdy mog\u0105 z \u0142\u00f3dki <strong>obserwowa\u0107 miasto z zupe\u0142nie innej perspektywy<\/strong> i z bliska \u015bledzi\u0107 kaczki p\u0142ywaj\u0105ce po tafli wody. Na p\u0142ywalni przy \u015bw. Wac\u0142awie z kolei wypo\u017cyczysz \u0142\u00f3dk\u0119 za ok. 18 z\u0142 (100 K\u010d) na godzin\u0119 i mo\u017cecie sobie powios\u0142owa\u0107 kawa\u0142ek po Otavie.<\/p>\n\n\n\n<p class=\"wp-block-paragraph\">Je\u015bli lubicie d\u0142u\u017csze wyprawy, <strong>Otava to s\u0142ynna rzeka kajakowa<\/strong>, wi\u0119c z rodzin\u0105 mo\u017cecie zaplanowa\u0107 sp\u0142yw kt\u00f3rym\u015b ze spokojniejszych odcink\u00f3w \u2014 wypo\u017cyczalni \u0142odzi i tratw w okolicy P\u00edsku jest od razu kilka.<\/p>\n\n\n\n<h3 class=\"wp-block-heading\"><span class=\"ez-toc-section\" id=\"21_Zagroda_U_Vodaka\"><\/span>21. Zagroda U Vod\u00e1ka<span class=\"ez-toc-section-end\"><\/span><\/h3>\n\n\n\n<figure data-wp-context=\"{&quot;imageId&quot;:&quot;6a9544b8a309e&quot;}\" data-wp-interactive=\"core\/image\" data-wp-key=\"6a9544b8a309e\" class=\"wp-block-image size-full wp-lightbox-container\"><img decoding=\"async\" width=\"960\" height=\"640\" data-wp-class--hide=\"state.isContentHidden\" data-wp-class--show=\"state.isContentVisible\" data-wp-init=\"callbacks.setButtonStyles\" data-wp-on--click=\"actions.showLightbox\" data-wp-on--load=\"callbacks.setButtonStyles\" data-wp-on--pointerdown=\"actions.preloadImage\" data-wp-on--pointerenter=\"actions.preloadImageWithDelay\" data-wp-on--pointerleave=\"actions.cancelPreload\" data-wp-on-window--resize=\"callbacks.setButtonStyles\" src=\"https:\/\/loudavymkrokem.cz\/wp-content\/uploads\/2026\/08\/oburka-u-vodaka-danci.jpg\" alt=\"Daniele w zagrodzie U Vod\u00e1ka w G\u00f3rach P\u00edseckich\" class=\"wp-image-399639\" title=\"\" srcset=\"https:\/\/loudavymkrokem.cz\/wp-content\/uploads\/2026\/08\/oburka-u-vodaka-danci.jpg 960w, https:\/\/loudavymkrokem.cz\/wp-content\/uploads\/2026\/08\/oburka-u-vodaka-danci-300x200.jpg 300w, https:\/\/loudavymkrokem.cz\/wp-content\/uploads\/2026\/08\/oburka-u-vodaka-danci-700x467.jpg 700w, https:\/\/loudavymkrokem.cz\/wp-content\/uploads\/2026\/08\/oburka-u-vodaka-danci-768x512.jpg 768w, https:\/\/loudavymkrokem.cz\/wp-content\/uploads\/2026\/08\/oburka-u-vodaka-danci-696x464.jpg 696w\" sizes=\"(max-width: 960px) 100vw, 960px\" \/><button\n\t\t\tclass=\"lightbox-trigger\"\n\t\t\ttype=\"button\"\n\t\t\taria-haspopup=\"dialog\"\n\t\t\tdata-wp-bind--aria-label=\"state.thisImage.triggerButtonAriaLabel\"\n\t\t\tdata-wp-init=\"callbacks.initTriggerButton\"\n\t\t\tdata-wp-on--click=\"actions.showLightbox\"\n\t\t\tdata-wp-style--right=\"state.thisImage.buttonRight\"\n\t\t\tdata-wp-style--top=\"state.thisImage.buttonTop\"\n\t\t>\n\t\t\t<svg xmlns=\"http:\/\/www.w3.org\/2000\/svg\" width=\"12\" height=\"12\" fill=\"none\" viewBox=\"0 0 12 12\">\n\t\t\t\t<path fill=\"#fff\" d=\"M2 0a2 2 0 0 0-2 2v2h1.5V2a.5.5 0 0 1 .5-.5h2V0H2Zm2 10.5H2a.5.5 0 0 1-.5-.5V8H0v2a2 2 0 0 0 2 2h2v-1.5ZM8 12v-1.5h2a.5.5 0 0 0 .5-.5V8H12v2a2 2 0 0 1-2 2H8Zm2-12a2 2 0 0 1 2 2v2h-1.5V2a.5.5 0 0 0-.5-.5H8V0h2Z\" \/>\n\t\t\t<\/svg>\n\t\t<\/button><\/figure>\n\n\n\n<p class=\"wp-block-paragraph\">Dla rodzin, kt\u00f3re kochaj\u0105 zwierz\u0119ta i przyrod\u0119, <strong>pi\u0119knym celem spaceru jest le\u015bna zagroda U Vod\u00e1ka<\/strong>, kt\u00f3ra znajduje si\u0119 na skraju G\u00f3r P\u00edseckich. To zaledwie kawa\u0142ek od miasta, a mimo to znajdziecie si\u0119 w zupe\u0142nym spokoju lasu.<\/p>\n\n\n\n<p class=\"wp-block-paragraph\">Z platformy widokowej i wzd\u0142u\u017c p\u0142otu mo\u017cecie tu <strong>obserwowa\u0107 daniele i muflony<\/strong>, kt\u00f3re s\u0105 przyzwyczajone do ludzi, co niezawodnie zabawi dzieci na d\u0142ugo. Do zagrody prowadzi \u0142atwa le\u015bna droga, kt\u00f3r\u0105 pokonaj\u0105 nawet ma\u0142e n\u00f3\u017cki, z w\u00f3zkiem licz si\u0119 z terenem.<\/p>\n\n\n\n<p class=\"wp-block-paragraph\">Najlepsze w tej wycieczce jest to, \u017ce <strong>jest dost\u0119pna przez ca\u0142y rok i ca\u0142kowicie za darmo<\/strong>, wi\u0119c miejscowe rodziny wybieraj\u0105 si\u0119 tu spokojnie nawet zim\u0105 z termosem herbaty, gdy spadnie \u015bnieg, a zwierz\u0119ta w o\u015bnie\u017conym lesie s\u0105 pi\u0119knie widoczne.<\/p>\n\n\n\n<h3 class=\"wp-block-heading\"><span class=\"ez-toc-section\" id=\"22_Labirynt_3D_Zivec\"><\/span>22. Labirynt 3D \u017divec<span class=\"ez-toc-section-end\"><\/span><\/h3>\n\n\n\n<figure data-wp-context=\"{&quot;imageId&quot;:&quot;6a9544b8a399d&quot;}\" data-wp-interactive=\"core\/image\" data-wp-key=\"6a9544b8a399d\" class=\"wp-block-image size-full wp-lightbox-container\"><img decoding=\"async\" width=\"1200\" height=\"600\" data-wp-class--hide=\"state.isContentHidden\" data-wp-class--show=\"state.isContentVisible\" data-wp-init=\"callbacks.setButtonStyles\" data-wp-on--click=\"actions.showLightbox\" data-wp-on--load=\"callbacks.setButtonStyles\" data-wp-on--pointerdown=\"actions.preloadImage\" data-wp-on--pointerenter=\"actions.preloadImageWithDelay\" data-wp-on--pointerleave=\"actions.cancelPreload\" data-wp-on-window--resize=\"callbacks.setButtonStyles\" src=\"https:\/\/loudavymkrokem.cz\/wp-content\/uploads\/2026\/08\/chata-zivec-3d-bludiste-pisecke-hory.jpg\" alt=\"Park linowy i labirynt 3D przy chacie \u017divec w G\u00f3rach P\u00edseckich\" class=\"wp-image-399626\" title=\"\" srcset=\"https:\/\/loudavymkrokem.cz\/wp-content\/uploads\/2026\/08\/chata-zivec-3d-bludiste-pisecke-hory.jpg 1200w, https:\/\/loudavymkrokem.cz\/wp-content\/uploads\/2026\/08\/chata-zivec-3d-bludiste-pisecke-hory-300x150.jpg 300w, https:\/\/loudavymkrokem.cz\/wp-content\/uploads\/2026\/08\/chata-zivec-3d-bludiste-pisecke-hory-700x350.jpg 700w, https:\/\/loudavymkrokem.cz\/wp-content\/uploads\/2026\/08\/chata-zivec-3d-bludiste-pisecke-hory-768x384.jpg 768w, https:\/\/loudavymkrokem.cz\/wp-content\/uploads\/2026\/08\/chata-zivec-3d-bludiste-pisecke-hory-696x348.jpg 696w\" sizes=\"(max-width: 1200px) 100vw, 1200px\" \/><button\n\t\t\tclass=\"lightbox-trigger\"\n\t\t\ttype=\"button\"\n\t\t\taria-haspopup=\"dialog\"\n\t\t\tdata-wp-bind--aria-label=\"state.thisImage.triggerButtonAriaLabel\"\n\t\t\tdata-wp-init=\"callbacks.initTriggerButton\"\n\t\t\tdata-wp-on--click=\"actions.showLightbox\"\n\t\t\tdata-wp-style--right=\"state.thisImage.buttonRight\"\n\t\t\tdata-wp-style--top=\"state.thisImage.buttonTop\"\n\t\t>\n\t\t\t<svg xmlns=\"http:\/\/www.w3.org\/2000\/svg\" width=\"12\" height=\"12\" fill=\"none\" viewBox=\"0 0 12 12\">\n\t\t\t\t<path fill=\"#fff\" d=\"M2 0a2 2 0 0 0-2 2v2h1.5V2a.5.5 0 0 1 .5-.5h2V0H2Zm2 10.5H2a.5.5 0 0 1-.5-.5V8H0v2a2 2 0 0 0 2 2h2v-1.5ZM8 12v-1.5h2a.5.5 0 0 0 .5-.5V8H12v2a2 2 0 0 1-2 2H8Zm2-12a2 2 0 0 1 2 2v2h-1.5V2a.5.5 0 0 0-.5-.5H8V0h2Z\" \/>\n\t\t\t<\/svg>\n\t\t<\/button><\/figure>\n\n\n\n<p class=\"wp-block-paragraph\">W lasach nad P\u00edskiem, tu\u017c obok znanej chaty \u017divec, powsta\u0142 <strong>unikatowy labirynt 3D zawieszony mi\u0119dzy drzewami<\/strong>. To system wisz\u0105cych k\u0142adek i domk\u00f3w, kt\u00f3re s\u0105 ca\u0142kowicie zabezpieczone siatkami ochronnymi, wi\u0119c nie potrzebujecie \u017cadnej asekuracji wspinaczkowej ani kask\u00f3w.<\/p>\n\n\n\n<p class=\"wp-block-paragraph\">Atrakcja znajduje si\u0119 <strong>na wysoko\u015bci od trzech i p\u00f3\u0142 do sze\u015bciu metr\u00f3w nad ziemi\u0105<\/strong>, co gwarantuje solidn\u0105 porcj\u0119 adrenaliny. Dzieci od trzech do siedmiu lat mog\u0105 tu wej\u015b\u0107 tylko w towarzystwie osoby doros\u0142ej, a dla najmniejszych na dole na ziemi przygotowany jest mniejszy le\u015bny park linowy z kryszta\u0142owym domkiem.<\/p>\n\n\n\n<p class=\"wp-block-paragraph\">Labirynt jest <strong>cz\u0119\u015bci\u0105 edukacyjnej \u015acie\u017cki Kamieni Szlachetnych i jest og\u00f3lnodost\u0119pny<\/strong>, wi\u0119c nie p\u0142acicie \u017cadnego wst\u0119pu. Samoch\u00f3d mo\u017cecie zostawi\u0107 na parkingu U T\u0159\u00ed rybn\u00edk\u016f lub U Honz\u00ed\u010dka i doj\u015b\u0107 tu przyjemnym le\u015bnym spacerem.<\/p>\n\n\n\n<h3 class=\"wp-block-heading\"><span class=\"ez-toc-section\" id=\"23_Wieza_widokowa_Jarnik\"><\/span>23. Wie\u017ca widokowa Jarn\u00edk<span class=\"ez-toc-section-end\"><\/span><\/h3>\n\n\n\n<figure data-wp-context=\"{&quot;imageId&quot;:&quot;6a9544b8a40f1&quot;}\" data-wp-interactive=\"core\/image\" data-wp-key=\"6a9544b8a40f1\" class=\"wp-block-image size-full wp-lightbox-container\"><img decoding=\"async\" width=\"1000\" height=\"562\" data-wp-class--hide=\"state.isContentHidden\" data-wp-class--show=\"state.isContentVisible\" data-wp-init=\"callbacks.setButtonStyles\" data-wp-on--click=\"actions.showLightbox\" data-wp-on--load=\"callbacks.setButtonStyles\" data-wp-on--pointerdown=\"actions.preloadImage\" data-wp-on--pointerenter=\"actions.preloadImageWithDelay\" data-wp-on--pointerleave=\"actions.cancelPreload\" data-wp-on-window--resize=\"callbacks.setButtonStyles\" src=\"https:\/\/loudavymkrokem.cz\/wp-content\/uploads\/2026\/08\/rozhledna-jarnik-pisecke-hory.jpg\" alt=\"Wie\u017ca widokowa Jarn\u00edk w G\u00f3rach P\u00edseckich z lotu ptaka\" class=\"wp-image-399674\" title=\"\" srcset=\"https:\/\/loudavymkrokem.cz\/wp-content\/uploads\/2026\/08\/rozhledna-jarnik-pisecke-hory.jpg 1000w, https:\/\/loudavymkrokem.cz\/wp-content\/uploads\/2026\/08\/rozhledna-jarnik-pisecke-hory-300x169.jpg 300w, https:\/\/loudavymkrokem.cz\/wp-content\/uploads\/2026\/08\/rozhledna-jarnik-pisecke-hory-700x393.jpg 700w, https:\/\/loudavymkrokem.cz\/wp-content\/uploads\/2026\/08\/rozhledna-jarnik-pisecke-hory-768x432.jpg 768w, https:\/\/loudavymkrokem.cz\/wp-content\/uploads\/2026\/08\/rozhledna-jarnik-pisecke-hory-696x391.jpg 696w\" sizes=\"(max-width: 1000px) 100vw, 1000px\" \/><button\n\t\t\tclass=\"lightbox-trigger\"\n\t\t\ttype=\"button\"\n\t\t\taria-haspopup=\"dialog\"\n\t\t\tdata-wp-bind--aria-label=\"state.thisImage.triggerButtonAriaLabel\"\n\t\t\tdata-wp-init=\"callbacks.initTriggerButton\"\n\t\t\tdata-wp-on--click=\"actions.showLightbox\"\n\t\t\tdata-wp-style--right=\"state.thisImage.buttonRight\"\n\t\t\tdata-wp-style--top=\"state.thisImage.buttonTop\"\n\t\t>\n\t\t\t<svg xmlns=\"http:\/\/www.w3.org\/2000\/svg\" width=\"12\" height=\"12\" fill=\"none\" viewBox=\"0 0 12 12\">\n\t\t\t\t<path fill=\"#fff\" d=\"M2 0a2 2 0 0 0-2 2v2h1.5V2a.5.5 0 0 1 .5-.5h2V0H2Zm2 10.5H2a.5.5 0 0 1-.5-.5V8H0v2a2 2 0 0 0 2 2h2v-1.5ZM8 12v-1.5h2a.5.5 0 0 0 .5-.5V8H12v2a2 2 0 0 1-2 2H8Zm2-12a2 2 0 0 1 2 2v2h-1.5V2a.5.5 0 0 0-.5-.5H8V0h2Z\" \/>\n\t\t\t<\/svg>\n\t\t<\/button><\/figure>\n\n\n\n<p class=\"wp-block-paragraph\">Gdy ju\u017c b\u0119dziecie przy chacie \u017divec, koniecznie zr\u00f3bcie sobie mniej wi\u0119cej siedemset metr\u00f3w spaceru niebieskim szlakiem turystycznym <strong>do \u017celaznej wie\u017cy widokowej Jarn\u00edk<\/strong>, kt\u00f3ra wznosi si\u0119 na wysoko\u015b\u0107 606 metr\u00f3w n.p.m. Wej\u015bcie pokonaj\u0105 nawet bardziej aktywne przedszkolaki, tylko uwaga \u2014 na g\u00f3r\u0119 prowadz\u0105 182 do\u015b\u0107 a\u017curowe schody.<\/p>\n\n\n\n<p class=\"wp-block-paragraph\">Z platformy widokowej rozci\u0105gnie si\u0119 przed wami <strong>przepi\u0119kny widok na ca\u0142\u0105 ziemi\u0119 piseck\u0105 i Szumaw\u0119<\/strong>, co za ten wysi\u0142ek zdecydowanie si\u0119 op\u0142aca. Wst\u0119p na wie\u017c\u0119 jest bezp\u0142atny, ale w miesi\u0105cach zimowych i poza sezonem bywa zamkni\u0119ta, a klucze trzeba wypo\u017cyczy\u0107 w\u0142a\u015bnie w chacie \u017divec.<\/p>\n\n\n\n<p class=\"wp-block-paragraph\">\ud83d\udca1 <strong>Wskaz\u00f3wka:<\/strong> Je\u015bli planujecie po\u0142\u0105czy\u0107 wycieczk\u0119 z obiadem, sprawd\u017acie wcze\u015bniej godziny otwarcia restauracji w chacie \u017divec, bo w trybie zimowym maj\u0105 zwykle otwarte tylko od pi\u0105tku do niedzieli.<\/p>\n\n\n\n<h3 class=\"wp-block-heading\"><span class=\"ez-toc-section\" id=\"24_Tor_na_kulki_Hradiste\"><\/span>24. Tor na kulki Hradi\u0161t\u011b<span class=\"ez-toc-section-end\"><\/span><\/h3>\n\n\n\n<p class=\"wp-block-paragraph\">W podmiejskich lasach na Hradi\u0161t\u011b, gdzie sta\u0142o pradawne grodzisko, powsta\u0142 w sierpniu 2025 <strong>fantastyczny czterdziestometrowy le\u015bny tor na kulki<\/strong>. Jest \u015bwietnie wkomponowany w naturalny teren, przecina pniaki i nier\u00f3wno\u015bci terenu, a dzieci potrafi\u0105 biega\u0107 wok\u00f3\u0142 niego w g\u00f3r\u0119 i w d\u00f3\u0142 przez d\u0142ugie godziny.<\/p>\n\n\n\n<p class=\"wp-block-paragraph\">W przeciwie\u0144stwie do placu na kulki na bulwarze tutaj <strong>nie ma \u017cadnego automatu, wi\u0119c musicie przynie\u015b\u0107 w\u0142asne kulki<\/strong> z domu, najlepiej te wi\u0119ksze drewniane lub szklane. Tor jest cz\u0119\u015bci\u0105 szerszych \u015bcie\u017cek sportowych w lesie, wi\u0119c natkniecie si\u0119 tu te\u017c na r\u00f3\u017cne elementy do \u0107wicze\u0144.<\/p>\n\n\n\n<p class=\"wp-block-paragraph\">Spacer lasem na Hradi\u0161t\u011b jest <strong>bardzo relaksuj\u0105cy i ogarniecie go nawet z w\u00f3zkiem terenowym<\/strong>, tylko licz si\u0119 z lekkim podej\u015bciem, bo tor jest zbudowany na zboczu, aby kulki mia\u0142y odpowiedni\u0105 pr\u0119dko\u015b\u0107.<\/p>\n\n\n\n<!-- LKM_GYG_CARD start q=\"pisek detmi\" lang=\"pl\" rendered=\"2026-08-31T07:42:22+00:00\" v=\"1\" -->\n<style id=\"lk-gyg-styles\">\n@import url(\"https:\/\/fonts.googleapis.com\/css2?family=Playfair+Display:wght@700&family=DM+Sans:wght@300;400;500;600&display=swap\");\n\/* === LK GYG karty \u2014 CRO redesign 2026-05 (namespace .lkx-) ===\n   C\u00edl: vy\u0161\u0161\u00ed CTR (hero + v\u00fdrazn\u00fd social proof + ak\u010dn\u00ed CTA, m\u00e9n\u011b \"reklamn\u00ed\").\n   Injektuje se inline do prvn\u00edho markeru postu (refresh_cards.py --inline-css). *\/\n.lkx-module, .lkx-module *{box-sizing:border-box;margin:0;padding:0}\n.lkx-module{\n  font-family:'DM Sans',-apple-system,Segoe UI,Roboto,Georgia,sans-serif;\n  max-width:860px;margin:2.5rem auto;color:#1f2328;\n}\n\n\/* HEADER \u2014 lehk\u00fd editorsk\u00fd, \u017e\u00e1dn\u00fd bannerov\u00fd blok; nadpis + popisek pod n\u00edm *\/\n.lkx-head{margin-bottom:16px}\n.lkx-head-main{display:flex;align-items:center;gap:10px}\n.lkx-head-accent{width:26px;height:3px;border-radius:2px;background:#c39f76;flex-shrink:0}\n.lkx-head-title{font-family:'Playfair Display',Georgia,serif;font-size:21px;font-weight:700;color:#1a1a1a;line-height:1.25}\n.lkx-head-meta{display:block;font-size:11px;letter-spacing:.3px;color:#9aa0a6;margin-top:4px;margin-left:36px}\n\n\/* HERO *\/\n.lkx-hero{display:grid;grid-template-columns:300px 1fr;background:#fff;border:1px solid #ece7df;border-radius:14px;overflow:hidden;text-decoration:none!important;color:inherit;box-shadow:0 6px 20px rgba(0,0,0,.06);transition:box-shadow .2s,transform .2s;margin-bottom:14px}\n.lkx-hero:hover{box-shadow:0 12px 30px rgba(0,0,0,.12);transform:translateY(-2px)}\n.lkx-hero-img{position:relative;min-height:230px;background-size:cover;background-position:center;background-color:#eee}\n.lkx-hero-body{padding:22px 24px;display:flex;flex-direction:column}\n.lkx-pick{position:absolute;top:12px;left:12px;background:#1a1a1a;color:#fff;font-size:11px;font-weight:700;letter-spacing:.5px;padding:5px 11px;border-radius:20px}\n\n\/* TITLE *\/\n.lkx-title{font-size:19px;font-weight:700;color:#161616;line-height:1.3}\n.lkx-title-sm{font-size:14.5px;line-height:1.35;display:-webkit-box;-webkit-line-clamp:2;-webkit-box-orient:vertical;overflow:hidden}\n\n\/* SOCIAL PROOF \u2014 v\u00fdrazn\u011b, naho\u0159e *\/\n.lkx-proof{display:flex;align-items:center;gap:7px;margin-top:12px;font-size:15px;color:#3a3a3a}\n.lkx-proof b{font-size:16px;color:#161616}\n.lkx-stars{color:#f5a623;letter-spacing:1px}\n.lkx-proof-sm{font-size:12.5px;margin-top:8px;gap:5px}\n.lkx-proof-sm b{font-size:13px}\n.lkx-proof-new{color:#3685fc;font-weight:600}\n\n\/* PRICE \u2014 n\u00edzk\u00e1 kotva *\/\n.lkx-price{font-size:14px;color:#6b7280}\n.lkx-price b{font-size:20px;color:#161616;font-weight:700}\n.lkx-price-sm b{font-size:15px}\n\n\/* CTA \u2014 tepl\u00e9 ak\u010dn\u00ed tla\u010d\u00edtko *\/\n.lkx-cta{display:inline-flex;align-items:center;justify-content:center;text-decoration:none!important;font-weight:700;color:#fff!important;background:linear-gradient(135deg,#f6743f,#e8552a);border-radius:10px;box-shadow:0 6px 16px rgba(232,85,42,.32);transition:box-shadow .2s}\n.lkx-cta-hero{font-size:15px;padding:13px 22px}\n.lkx-hero:hover .lkx-cta-hero{box-shadow:0 8px 22px rgba(232,85,42,.45)}\n.lkx-cta-sm{font-size:12.5px;padding:9px 14px;width:100%;margin-top:2px}\n.lkx-hero-bottom{margin-top:auto;padding-top:18px;display:flex;align-items:center;justify-content:space-between;gap:14px;flex-wrap:wrap}\n\n\/* BADGE \u2014 jeden v\u00fdrazn\u00fd na fotce *\/\n.lkx-badge{position:absolute;top:12px;right:12px;font-size:10.5px;font-weight:700;letter-spacing:.3px;padding:5px 10px;border-radius:16px;color:#fff}\n.lkx-badge.badge-urgency{background:rgba(214,40,40,.92)}\n.lkx-badge.badge-new{background:rgba(54,133,252,.92)}\n.lkx-badge.badge-top{background:rgba(195,159,118,.95)}\n.lkx-badge.badge-info{background:rgba(40,40,40,.78)}\n\n\/* SECONDARY GRID *\/\n.lkx-grid{display:grid;grid-template-columns:1fr 1fr;gap:14px}\n.lkx-card{background:#fff;border:1px solid #ece7df;border-radius:14px;overflow:hidden;text-decoration:none!important;color:inherit;box-shadow:0 4px 14px rgba(0,0,0,.05);display:flex;flex-direction:column;transition:box-shadow .2s,transform .2s}\n.lkx-card:hover{box-shadow:0 10px 24px rgba(0,0,0,.1);transform:translateY(-2px)}\n.lkx-card-img{position:relative;aspect-ratio:16\/10;background-size:cover;background-position:center;background-color:#eee}\n.lkx-card-body{padding:14px 16px 16px;display:flex;flex-direction:column;gap:7px;flex:1}\n.lkx-card-bottom{margin-top:auto;padding-top:10px;display:flex;align-items:center;justify-content:space-between;gap:8px}\n\n\/* DISCLOSURE \u2014 drobn\u00e1, kv\u016fli d\u016fv\u011b\u0159e\/z\u00e1konu *\/\n.lkx-disclosure{font-size:11px;color:#a7adb3;text-align:center;margin-top:14px;line-height:1.6}\n.lkx-disclosure a{color:#c39f76;text-decoration:none}\n\n@media(max-width:680px){\n  .lkx-hero{grid-template-columns:1fr}\n  .lkx-hero-img{min-height:180px}\n  .lkx-grid{grid-template-columns:1fr}\n  .lkx-head-meta{margin-left:0;width:100%}\n  .lkx-head-title{font-size:19px}\n}\n\n<\/style>\n<div class=\"lkx-module\" data-query=\"pisek detmi\">\n  <div class=\"lkx-head\">\n    <div class=\"lkx-head-main\">\n      <span class=\"lkx-head-accent\"><\/span>\n      <span class=\"lkx-head-title\">Atrakcje i bilety<\/span>\n    <\/div>\n    <span class=\"lkx-head-meta\">oceniane przez podr\u00f3\u017cnych \u00b7 GetYourGuide<\/span>\n  <\/div><a class=\"lkx-hero\" href=\"https:\/\/www.getyourguide.com\/pl-pl\/piza-l157\/piza-bilet-wstepu-do-krzywej-wiezy-i-katedry-t51230\/?partner_id=MKZ64IS&amp;utm_medium=online_publisher&amp;cmp=pisek-czechy-z-dziecmi\" target=\"_blank\" rel=\"sponsored noopener nofollow\">\n    <div class=\"lkx-hero-img\" style=\"background-image:url('https:\/\/cdn.getyourguide.com\/img\/tour\/54f3f0c6a2ddb2ef.jpeg\/132.jpg')\" role=\"img\" aria-label=\"Piza: bilet wst\u0119pu do Krzywej Wie\u017cy i katedry\">\n      <span class=\"lkx-pick\">\u2605 Nasz wyb\u00f3r<\/span><\/div>\n    <div class=\"lkx-hero-body\">\n      <div class=\"lkx-title\">Piza: bilet wst\u0119pu do Krzywej Wie\u017cy i katedry<\/div>\n      <div class=\"lkx-proof\">\n      <span class=\"lkx-stars\">\u2605\u2605\u2605\u2605\u2605<\/span>\n      <b>4.5<\/b> \u00b7 14 186 opinii\n    <\/div>\n      <div class=\"lkx-hero-bottom\"><div class=\"lkx-price\">od <b>24\u00a0EUR<\/b><\/div><span class=\"lkx-cta lkx-cta-hero\">Chc\u0119 tego do\u015bwiadczy\u0107 \u2192<\/span>\n      <\/div>\n    <\/div>\n  <\/a><div class=\"lkx-grid\"><a class=\"lkx-card\" href=\"https:\/\/www.getyourguide.com\/pl-pl\/piza-l157\/piza-bilet-na-plac-cudow-z-krzywa-wieza-t429972\/?partner_id=MKZ64IS&amp;utm_medium=online_publisher&amp;cmp=pisek-czechy-z-dziecmi\" target=\"_blank\" rel=\"sponsored noopener nofollow\">\n      <div class=\"lkx-card-img\" style=\"background-image:url('https:\/\/cdn.getyourguide.com\/img\/tour\/6316fe2f94af9.jpeg\/132.jpg')\" role=\"img\" aria-label=\"Piza: bilet na Plac Cud\u00f3w z Krzyw\u0105 Wie\u017c\u0105\"><\/div>\n      <div class=\"lkx-card-body\">\n        <div class=\"lkx-title lkx-title-sm\">Piza: bilet na Plac Cud\u00f3w z Krzyw\u0105 Wie\u017c\u0105<\/div>\n        <div class=\"lkx-proof lkx-proof-sm\">\n      <span class=\"lkx-stars\">\u2605<\/span>\n      <b>4.6<\/b> \u00b7 1 293\n    <\/div>\n        <div class=\"lkx-card-bottom\"><span class=\"lkx-price lkx-price-sm\">od <b>37\u00a0EUR<\/b><\/span><span class=\"lkx-cta lkx-cta-sm\">Zobacz terminy \u2192<\/span>\n        <\/div>\n      <\/div>\n    <\/a><a class=\"lkx-card\" href=\"https:\/\/www.getyourguide.com\/pl-pl\/piza-l157\/piza-wejscie-na-czas-krzywa-wieza-i-bilety-do-katedry-t429970\/?partner_id=MKZ64IS&amp;utm_medium=online_publisher&amp;cmp=pisek-czechy-z-dziecmi\" target=\"_blank\" rel=\"sponsored noopener nofollow\">\n      <div class=\"lkx-card-img\" style=\"background-image:url('https:\/\/cdn.getyourguide.com\/img\/tour\/6316f7d9b873b.jpeg\/132.jpg')\" role=\"img\" aria-label=\"Piza: Krzywa Wie\u017ca i bilety do katedry z wej\u015bciem na czas\"><\/div>\n      <div class=\"lkx-card-body\">\n        <div class=\"lkx-title lkx-title-sm\">Piza: Krzywa Wie\u017ca i bilety do katedry z wej\u015bciem na czas<\/div>\n        <div class=\"lkx-proof lkx-proof-sm\">\n      <span class=\"lkx-stars\">\u2605<\/span>\n      <b>4.4<\/b> \u00b7 3 038\n    <\/div>\n        <div class=\"lkx-card-bottom\"><span class=\"lkx-price lkx-price-sm\">od <b>30\u00a0EUR<\/b><\/span><span class=\"lkx-cta lkx-cta-sm\">Zobacz terminy \u2192<\/span>\n        <\/div>\n      <\/div>\n    <\/a><\/div><div class=\"lkx-disclosure\">\ud83d\udd17 Linki afiliacyjne \u2014 nie zmieniaj\u0105 ceny dla Ciebie, pomagaj\u0105 nam tworzy\u0107 tre\u015bci. \u00b7 <a href=\"https:\/\/www.getyourguide.com\/pl-pl\/s\/?q=pisek+detmi&amp;partner_id=MKZ64IS&amp;utm_medium=online_publisher\" target=\"_blank\" rel=\"sponsored noopener nofollow\">Wszystkie atrakcje \u2192<\/a><\/div>\n<\/div>\n<!-- LKM_GYG_CARD end -->\n\n\n\n\n<div class=\"lk-stays-module\">\n<style>\n\/* \u2500\u2500\u2500 RESET PRO GUTENBERG \u2500\u2500\u2500 *\/\n.lk-stays-module * { box-sizing: border-box; margin: 0; padding: 0; }\n\n\/* \u2500\u2500\u2500 WRAPPER \u2500\u2500\u2500 *\/\n.lk-stays-module {\n  font-family: 'DM Sans', Georgia, sans-serif;\n  max-width: 100%;\n  margin: 2.5rem auto;\n  background: linear-gradient(135deg, #fdfaf5 0%, #fcf8f0 100%);\n  border: 1px solid #e8dfd4;\n  border-radius: 16px;\n  overflow: hidden;\n  box-shadow: 0 16px 48px rgba(195, 159, 118, 0.25), 0 4px 12px rgba(0,0,0,0.08);\n}\n\n\/* \u2500\u2500\u2500 HEADER \u2500\u2500\u2500 *\/\n.lk-stays-header {\n  position: relative;\n  padding: 24px 36px 24px;\n  background: linear-gradient(135deg, #c39f76 0%, #d4b188 60%, #c39f76 100%);\n  border-bottom: 1px solid rgba(255,255,255,.15);\n  display: flex;\n  align-items: center;\n  gap: 18px;\n}\n.lk-stays-header::before {\n  content: '';\n  position: absolute;\n  inset: 0;\n  background: url(\"data:image\/svg+xml,%3Csvg width='60' height='60' viewBox='0 0 60 60' xmlns='http:\/\/www.w3.org\/2000\/svg'%3E%3Cg fill='none' fill-rule='evenodd'%3E%3Cg fill='%23ffffff' fill-opacity='0.05'%3E%3Cpath d='M36 34v-4h-2v4h-4v2h4v4h2v-4h4v-2h-4zm0-30V0h-2v4h-4v2h4v4h2V6h4V4h-4zM6 34v-4H4v4H0v2h4v4h2v-4h4v-2H6zM6 4V0H4v4H0v2h4v4h2V6h4V4H6z'\/%3E%3C\/g%3E%3C\/g%3E%3C\/svg%3E\") repeat;\n  pointer-events: none;\n}\n.lk-stays-icon {\n  flex-shrink: 0;\n  width: 68px;\n  height: 68px;\n  border-radius: 14px;\n  background: linear-gradient(135deg, #fff 0%, #f9f6f0 100%);\n  display: flex;\n  align-items: center;\n  justify-content: center;\n  font-size: 26px;\n  box-shadow: 0 4px 12px rgba(0,0,0,0.15);\n}\n.lk-stays-eyebrow {\n  font-size: 10px;\n  font-weight: 500;\n  letter-spacing: 2.5px;\n  text-transform: uppercase;\n  color: rgba(255,255,255,.85);\n  margin: 0 0 5px 0;\n}\n.lk-stays-title {\n  font-family: 'Playfair Display', Georgia, serif;\n  font-size: 24px;\n  font-weight: 700;\n  color: #fff;\n  line-height: 1.2;\n  text-shadow: 0 1px 2px rgba(0,0,0,0.1);\n  margin: 0;\n}\n.lk-stays-subtitle {\n  font-size: 13px;\n  color: rgba(255,255,255,.75);\n  margin: 4px 0 0 0;\n  font-weight: 300;\n}\n\n\/* \u2500\u2500\u2500 CARDS GRID \u2500\u2500\u2500 *\/\n.lk-stays-grid {\n  display: grid;\n  grid-template-columns: 1fr 1fr;\n  gap: 1px;\n  background: rgba(195, 159, 118, 0.12);\n}\n\n\/* \u2500\u2500\u2500 SINGLE CARD \u2500\u2500\u2500 *\/\n.lk-stay-card {\n  background: #ffffff;\n  padding: 26px;\n  display: flex;\n  flex-direction: column;\n  gap: 11px;\n  transition: all 0.3s ease;\n  text-decoration: none;\n  color: inherit;\n  position: relative;\n}\n.lk-stay-card:hover {\n  background: #fffbf5;\n  transform: translateY(-2px);\n  box-shadow: 0 8px 24px rgba(195, 159, 118, 0.18);\n  z-index: 1;\n}\n.lk-stay-card.featured {\n  background: linear-gradient(135deg, #fffdf9 0%, #fff9f0 100%);\n  box-shadow: 0 4px 16px rgba(195, 159, 118, 0.15), inset 0 1px 0 rgba(195, 159, 118, 0.1);\n}\n.lk-stay-card.featured:hover {\n  background: linear-gradient(135deg, #fffbf5 0%, #fff8ed 100%);\n  box-shadow: 0 8px 24px rgba(195, 159, 118, 0.25), inset 0 1px 0 rgba(195, 159, 118, 0.15);\n}\n\n.lk-stay-badge {\n  display: inline-flex;\n  align-items: center;\n  gap: 5px;\n  font-size: 10px;\n  font-weight: 500;\n  letter-spacing: 1.5px;\n  text-transform: uppercase;\n  padding: 5px 11px;\n  border-radius: 20px;\n  width: fit-content;\n}\n.badge-top     { background: linear-gradient(135deg, #c39f76 0%, #d4b188 100%); color: #fff; border: 1px solid #c39f76; font-weight: 600; box-shadow: 0 2px 8px rgba(195,159,118,0.3); }\n.badge-luxury  { background: rgba(195,159,118,.12); color: #c39f76; border: 1px solid rgba(195,159,118,.25); }\n.badge-boutique{ background: rgba(54,133,252,.08); color: #3685fc; border: 1px solid rgba(54,133,252,.2); }\n.badge-nature  { background: rgba(130,190,100,.1); color: #6b9c4a; border: 1px solid rgba(130,190,100,.2); }\n.badge-remote  { background: rgba(195,159,118,.12); color: #a67e50; border: 1px solid rgba(195,159,118,.25); }\n\n.lk-stay-name {\n  font-family: 'Playfair Display', Georgia, serif;\n  font-size: 18px;\n  font-weight: 700;\n  color: #111827;\n  line-height: 1.3;\n}\n.lk-stay-desc {\n  font-size: 13.5px;\n  color: #525252;\n  line-height: 1.65;\n  font-weight: 300;\n  flex: 1;\n}\n\n.lk-stay-meta {\n  display: flex;\n  align-items: center;\n  gap: 12px;\n  flex-wrap: wrap;\n  margin-top: 4px;\n}\n.lk-stay-price {\n  font-size: 13px;\n  color: #6b7280;\n}\n.lk-stay-price strong {\n  color: #c39f76;\n  font-weight: 500;\n}\n.lk-stay-stars {\n  color: #c39f76;\n  font-size: 11px;\n  letter-spacing: 1px;\n}\n\n\/* \u2500\u2500\u2500 CTA BUTTON \u2500\u2500\u2500 *\/\n.lk-stay-cta {\n  display: inline-flex;\n  align-items: center;\n  justify-content: center;\n  gap: 7px;\n  margin-top: 8px;\n  padding: 11px 20px;\n  border-radius: 8px;\n  background: linear-gradient(135deg, #3685fc 0%, #2a6fd9 100%);\n  color: #fff;\n  font-size: 13px;\n  font-weight: 500;\n  text-decoration: none;\n  letter-spacing: .3px;\n  transition: all .2s ease;\n  cursor: pointer;\n  border: none;\n  text-align: center;\n  box-shadow: 0 4px 12px rgba(54, 133, 252, 0.25);\n}\n.lk-stay-cta:hover {\n  background: linear-gradient(135deg, #2a6fd9 0%, #1e5bc4 100%);\n  transform: translateY(-1px);\n  box-shadow: 0 6px 16px rgba(54, 133, 252, 0.35);\n}\n.lk-stay-cta svg { flex-shrink: 0; }\n\n\/* \u2500\u2500\u2500 FOOTER \u2500\u2500\u2500 *\/\n.lk-stays-footer {\n  padding: 18px 36px;\n  background: linear-gradient(to bottom, #fdfaf5 0%, #f9f4ed 100%);\n  border-top: 1px solid rgba(195, 159, 118, 0.15);\n  display: flex;\n  align-items: center;\n  justify-content: space-between;\n  flex-wrap: wrap;\n  gap: 12px;\n}\n.lk-stays-footer-note {\n  font-size: 11.5px;\n  color: #6b7280;\n  font-weight: 300;\n  line-height: 1.5;\n}\n.lk-stays-footer-note a {\n  color: #c39f76;\n  text-decoration: none;\n  font-weight: 400;\n}\n.lk-stays-footer-note a:hover {\n  text-decoration: underline;\n}\n.lk-stays-all-btn {\n  display: inline-flex;\n  align-items: center;\n  gap: 6px;\n  font-size: 12.5px;\n  font-weight: 500;\n  color: #c39f76;\n  text-decoration: none;\n  border: 1px solid rgba(195, 159, 118, 0.35);\n  padding: 8px 18px;\n  border-radius: 8px;\n  transition: all .2s ease;\n}\n.lk-stays-all-btn:hover {\n  background: rgba(195, 159, 118, 0.08);\n  border-color: rgba(195, 159, 118, 0.5);\n}\n\n\/* \u2500\u2500\u2500 RESPONSIVE \u2500\u2500\u2500 *\/\n@media (max-width: 600px) {\n  .lk-stays-grid { grid-template-columns: 1fr; }\n  .lk-stays-header { padding: 24px 20px; }\n  .lk-stays-footer { padding: 16px 20px; }\n  .lk-stay-card { padding: 22px; }\n  .lk-stays-title { font-size: 20px; }\n}\n<\/style>\n\n  <!-- HEADER -->\n  <div class=\"lk-stays-header\">\n    <img decoding=\"async\" src=\"https:\/\/loudavymkrokem.cz\/wp-content\/uploads\/2026\/02\/lukas-a-lucka.jpg\" alt=\"\" style=\"width: 75px; height: 75px; border-radius: 8px; flex-shrink: 0; object-fit: cover; display: block; margin: 4px 0;\" title=\"\">\n    <div class=\"lk-stays-header-text\">\n      <div class=\"lk-stays-eyebrow\">Luk\u00e1\u0161 i Lucie polecaj\u0105<\/div>\n      <div class=\"lk-stays-title\">Gdzie si\u0119 zatrzyma\u0107 w P\u00edsku<\/div>\n      <div class=\"lk-stays-subtitle\">5 obiekt\u00f3w noclegowych \u2014 hotele i inne opcje zakwaterowania<\/div>\n    <\/div>\n  <\/div>\n\n  <!-- CARDS -->\n  <div class=\"lk-stays-grid\">\n\n    <a class=\"lk-stay-card featured\" href=\"https:\/\/www.stay22.com\/allez\/roam?aid=lukaskonecny&#038;campaign=loudavymkrokemcz&#038;campaign=pl&#038;campaign=pisek-s-detmi&#038;hotelname=Hotel%20Biograf&#038;address=P%C3%ADsek%2C%20%C4%8Cesko\" target=\"_blank\" rel=\"nofollow noopener\">\n      <span class=\"lk-stay-badge badge-top\">\u2b50 TOP WYB\u00d3R<\/span>\n      <span class=\"lk-stay-badge badge-nature\">\ud83c\udfe8 Hotel<\/span>\n      <div class=\"lk-stay-name\">Hotel Biograf<\/div>\n      <div class=\"lk-stay-desc\">Czterogwiazdkowy hotel niedaleko centrum z ocen\u0105 8,6 na Bookingu i saun\u0105 do wieczornego relaksu.<\/div>\n      <div class=\"lk-stay-meta\">\n        <span class=\"lk-stay-stars\">\u2605\u2605\u2605\u2605<\/span>\n        <span class=\"lk-stay-price\">Sprawd\u017a ceny<\/span>\n      <\/div>\n      <span class=\"lk-stay-cta\">\n        <svg width=\"14\" height=\"14\" viewBox=\"0 0 24 24\" fill=\"none\" stroke=\"currentColor\" stroke-width=\"2\"><path d=\"M18 13v6a2 2 0 0 1-2 2H5a2 2 0 0 1-2-2V8a2 2 0 0 1 2-2h6\"\/><polyline points=\"15 3 21 3 21 9\"\/><line x1=\"10\" y1=\"14\" x2=\"21\" y2=\"3\"\/><\/svg>\n        Sprawd\u017a dost\u0119pno\u015b\u0107\n      <\/span>\n    <\/a>\n\n    <a class=\"lk-stay-card\" href=\"https:\/\/www.stay22.com\/allez\/roam?aid=lukaskonecny&#038;campaign=loudavymkrokemcz&#038;campaign=pl&#038;campaign=piseksdetmi&#038;address=P%C3%ADsek&#038;hotelname=Hotel+Otava&#038;search=Hotel+Otava&#038;category=accommodation\" target=\"_blank\" rel=\"nofollow noopener\">\n      <span class=\"lk-stay-badge badge-nature\">\ud83c\udfe8 Hotel<\/span>\n      <div class=\"lk-stay-name\">Hotel Otava<\/div>\n      <div class=\"lk-stay-desc\">Zabytkowy hotel z malowid\u0142ami Al\u0161a na fasadzie po renowacji, z Caf\u00e9 Otava na parterze.<\/div>\n      <div class=\"lk-stay-meta\">\n        <span class=\"lk-stay-stars\">\u2605\u2605\u2605\u2605<\/span>\n        <span class=\"lk-stay-price\">Sprawd\u017a ceny<\/span>\n      <\/div>\n      <span class=\"lk-stay-cta\">\n        <svg width=\"14\" height=\"14\" viewBox=\"0 0 24 24\" fill=\"none\" stroke=\"currentColor\" stroke-width=\"2\"><path d=\"M18 13v6a2 2 0 0 1-2 2H5a2 2 0 0 1-2-2V8a2 2 0 0 1 2-2h6\"\/><polyline points=\"15 3 21 3 21 9\"\/><line x1=\"10\" y1=\"14\" x2=\"21\" y2=\"3\"\/><\/svg>\n        Sprawd\u017a dost\u0119pno\u015b\u0107\n      <\/span>\n    <\/a>\n\n    <a class=\"lk-stay-card\" href=\"https:\/\/www.stay22.com\/allez\/roam?aid=lukaskonecny&#038;campaign=loudavymkrokemcz&#038;campaign=pl&#038;campaign=pisek-s-detmi&#038;hotelname=Hotel%20U%20Kapli%C4%8Dky&#038;address=P%C3%ADsek%2C%20%C4%8Cesko\" target=\"_blank\" rel=\"nofollow noopener\">\n      <span class=\"lk-stay-badge badge-nature\">\ud83c\udfe8 Hotel<\/span>\n      <div class=\"lk-stay-name\">Hotel U Kapli\u010dky<\/div>\n      <div class=\"lk-stay-desc\">Nowoczesny hotel z doznaniami gastronomicznymi, restauracja Chapelle znajduje si\u0119 w Michelin Guide.<\/div>\n      <div class=\"lk-stay-meta\">\n        <span class=\"lk-stay-stars\">\u2605\u2605\u2605\u2605<\/span>\n        <span class=\"lk-stay-price\">Sprawd\u017a ceny<\/span>\n      <\/div>\n      <span class=\"lk-stay-cta\">\n        <svg width=\"14\" height=\"14\" viewBox=\"0 0 24 24\" fill=\"none\" stroke=\"currentColor\" stroke-width=\"2\"><path d=\"M18 13v6a2 2 0 0 1-2 2H5a2 2 0 0 1-2-2V8a2 2 0 0 1 2-2h6\"\/><polyline points=\"15 3 21 3 21 9\"\/><line x1=\"10\" y1=\"14\" x2=\"21\" y2=\"3\"\/><\/svg>\n        Sprawd\u017a dost\u0119pno\u015b\u0107\n      <\/span>\n    <\/a>\n\n    <a class=\"lk-stay-card\" href=\"https:\/\/www.stay22.com\/allez\/roam?aid=lukaskonecny&#038;campaign=loudavymkrokemcz&#038;campaign=pl&#038;campaign=pisek-s-detmi&#038;hotelname=Penzion%20Sport&#038;address=P%C3%ADsek%2C%20%C4%8Cesko\" target=\"_blank\" rel=\"nofollow noopener\">\n      <span class=\"lk-stay-badge badge-nature\">\ud83c\udfe1 Pensjonat\/B&#038;B<\/span>\n      <div class=\"lk-stay-name\">Penzion Sport<\/div>\n      <div class=\"lk-stay-desc\">Pensjonat nad rzek\u0105 na terenie k\u0105pieliska, idealny do p\u0142ywania. Restauracja z tarasem kilka krok\u00f3w od basen\u00f3w.<\/div>\n      <div class=\"lk-stay-meta\">\n        <span class=\"lk-stay-stars\">\u2605\u2605\u2605\u2605<\/span>\n        <span class=\"lk-stay-price\">Sprawd\u017a ceny<\/span>\n      <\/div>\n      <span class=\"lk-stay-cta\">\n        <svg width=\"14\" height=\"14\" viewBox=\"0 0 24 24\" fill=\"none\" stroke=\"currentColor\" stroke-width=\"2\"><path d=\"M18 13v6a2 2 0 0 1-2 2H5a2 2 0 0 1-2-2V8a2 2 0 0 1 2-2h6\"\/><polyline points=\"15 3 21 3 21 9\"\/><line x1=\"10\" y1=\"14\" x2=\"21\" y2=\"3\"\/><\/svg>\n        Sprawd\u017a dost\u0119pno\u015b\u0107\n      <\/span>\n    <\/a>\n\n    <a class=\"lk-stay-card\" href=\"https:\/\/www.stay22.com\/allez\/roam?aid=lukaskonecny&#038;campaign=loudavymkrokemcz&#038;campaign=pl&#038;campaign=piseksdetmi&#038;address=p\u00edsek\" target=\"_blank\" rel=\"nofollow noopener\">\n      <span class=\"lk-stay-badge badge-nature\">\ud83d\udd0d Szukaj<\/span>\n      <div class=\"lk-stay-name\">Zobacz wszystkie obiekty noclegowe w P\u00edsku<\/div>\n      <div class=\"lk-stay-desc\">Odkryj wszystkie dost\u0119pne opcje zakwaterowania w P\u00edsku i znajd\u017a najlepsze wed\u0142ug swoich preferencji i bud\u017cetu.<\/div>\n      <div class=\"lk-stay-meta\">\n        <span class=\"lk-stay-stars\">\u2605\u2605\u2605\u2605<\/span>\n        <span class=\"lk-stay-price\">Por\u00f3wnaj ceny<\/span>\n      <\/div>\n      <span class=\"lk-stay-cta\">\n        <svg width=\"14\" height=\"14\" viewBox=\"0 0 24 24\" fill=\"none\" stroke=\"currentColor\" stroke-width=\"2\"><path d=\"M18 13v6a2 2 0 0 1-2 2H5a2 2 0 0 1-2-2V8a2 2 0 0 1 2-2h6\"\/><polyline points=\"15 3 21 3 21 9\"\/><line x1=\"10\" y1=\"14\" x2=\"21\" y2=\"3\"\/><\/svg>\n        Sprawd\u017a dost\u0119pno\u015b\u0107\n      <\/span>\n    <\/a>\n\n  <\/div>\n\n  \n<\/div>\n\n\n\n\n<h3 class=\"wp-block-heading\"><span class=\"ez-toc-section\" id=\"25_Gigantyczna_piaskownica_Vystaviste\"><\/span>25. Gigantyczna piaskownica V\u00fdstavi\u0161t\u011b<span class=\"ez-toc-section-end\"><\/span><\/h3>\n\n\n\n<p class=\"wp-block-paragraph\">Je\u015bli masz w domu zawzi\u0119tego budowniczego piaskowych zamk\u00f3w, zabierz go w rejon piseckiego terenu wystawowego V\u00fdstavi\u0161t\u011b, gdzie znajduje si\u0119 <strong>absolutnie gigantyczna publiczna piaskownica<\/strong>. To tak du\u017ca powierzchnia piasku, \u017ce bawi\u0105 si\u0119 tu dziesi\u0105tki dzieci naraz i wcale sobie nie przeszkadzaj\u0105.<\/p>\n\n\n\n<p class=\"wp-block-paragraph\">Zalet\u0105 tego miejsca jest <strong>ogromny i bardzo tani parking tu\u017c obok<\/strong>, wi\u0119c nie musicie z zabawkami, foremkami i je\u017adzikami i\u015b\u0107 nigdzie daleko. Piaskownica jest dodatkowo cz\u0119\u015bciowo zacieniona drzewami, wi\u0119c da si\u0119 tu wytrzyma\u0107 nawet w letnim upale.<\/p>\n\n\n\n<p class=\"wp-block-paragraph\">To dodatkowo <strong>zaledwie kilka minut spacerem od rzeki i centrum<\/strong>, wi\u0119c \u0142atwo po\u0142\u0105czycie to z innymi aktywno\u015bciami w P\u00edsku.<\/p>\n\n\n\n<h2 class=\"wp-block-heading\"><span class=\"ez-toc-section\" id=\"Wycieczki_z_dziecmi_w_okolicy_Pisku\"><\/span>Wycieczki z dzie\u0107mi w okolicy P\u00edsku<span class=\"ez-toc-section-end\"><\/span><\/h2>\n\n\n\n<p class=\"wp-block-paragraph\">Wszystkie te miejsca znajduj\u0105 si\u0119 maksymalnie 45 minut jazdy samochodem, wi\u0119c mo\u017cna je ogarn\u0105\u0107 jako jednodniowe wycieczki.<\/p>\n\n\n\n<h3 class=\"wp-block-heading\"><span class=\"ez-toc-section\" id=\"26_Farmapark_Maletice\"><\/span>26. Farmapark Maletice<span class=\"ez-toc-section-end\"><\/span><\/h3>\n\n\n\n<figure data-wp-context=\"{&quot;imageId&quot;:&quot;6a9544b8a5080&quot;}\" data-wp-interactive=\"core\/image\" data-wp-key=\"6a9544b8a5080\" class=\"wp-block-image size-full wp-lightbox-container\"><img decoding=\"async\" width=\"2048\" height=\"1365\" data-wp-class--hide=\"state.isContentHidden\" data-wp-class--show=\"state.isContentVisible\" data-wp-init=\"callbacks.setButtonStyles\" data-wp-on--click=\"actions.showLightbox\" data-wp-on--load=\"callbacks.setButtonStyles\" data-wp-on--pointerdown=\"actions.preloadImage\" data-wp-on--pointerenter=\"actions.preloadImageWithDelay\" data-wp-on--pointerleave=\"actions.cancelPreload\" data-wp-on-window--resize=\"callbacks.setButtonStyles\" src=\"https:\/\/loudavymkrokem.cz\/wp-content\/uploads\/2026\/08\/farmapark-maletice-alpaka.jpg\" alt=\"Alpaka na wybiegu Farmaparku Maletice pod P\u00edskiem\" class=\"wp-image-399568\" title=\"\" srcset=\"https:\/\/loudavymkrokem.cz\/wp-content\/uploads\/2026\/08\/farmapark-maletice-alpaka.jpg 2048w, https:\/\/loudavymkrokem.cz\/wp-content\/uploads\/2026\/08\/farmapark-maletice-alpaka-300x200.jpg 300w, https:\/\/loudavymkrokem.cz\/wp-content\/uploads\/2026\/08\/farmapark-maletice-alpaka-700x467.jpg 700w, https:\/\/loudavymkrokem.cz\/wp-content\/uploads\/2026\/08\/farmapark-maletice-alpaka-768x512.jpg 768w, https:\/\/loudavymkrokem.cz\/wp-content\/uploads\/2026\/08\/farmapark-maletice-alpaka-1536x1024.jpg 1536w, https:\/\/loudavymkrokem.cz\/wp-content\/uploads\/2026\/08\/farmapark-maletice-alpaka-696x464.jpg 696w, https:\/\/loudavymkrokem.cz\/wp-content\/uploads\/2026\/08\/farmapark-maletice-alpaka-1392x928.jpg 1392w, https:\/\/loudavymkrokem.cz\/wp-content\/uploads\/2026\/08\/farmapark-maletice-alpaka-1920x1280.jpg 1920w\" sizes=\"(max-width: 2048px) 100vw, 2048px\" \/><button\n\t\t\tclass=\"lightbox-trigger\"\n\t\t\ttype=\"button\"\n\t\t\taria-haspopup=\"dialog\"\n\t\t\tdata-wp-bind--aria-label=\"state.thisImage.triggerButtonAriaLabel\"\n\t\t\tdata-wp-init=\"callbacks.initTriggerButton\"\n\t\t\tdata-wp-on--click=\"actions.showLightbox\"\n\t\t\tdata-wp-style--right=\"state.thisImage.buttonRight\"\n\t\t\tdata-wp-style--top=\"state.thisImage.buttonTop\"\n\t\t>\n\t\t\t<svg xmlns=\"http:\/\/www.w3.org\/2000\/svg\" width=\"12\" height=\"12\" fill=\"none\" viewBox=\"0 0 12 12\">\n\t\t\t\t<path fill=\"#fff\" d=\"M2 0a2 2 0 0 0-2 2v2h1.5V2a.5.5 0 0 1 .5-.5h2V0H2Zm2 10.5H2a.5.5 0 0 1-.5-.5V8H0v2a2 2 0 0 0 2 2h2v-1.5ZM8 12v-1.5h2a.5.5 0 0 0 .5-.5V8H12v2a2 2 0 0 1-2 2H8Zm2-12a2 2 0 0 1 2 2v2h-1.5V2a.5.5 0 0 0-.5-.5H8V0h2Z\" \/>\n\t\t\t<\/svg>\n\t\t<\/button><\/figure>\n\n\n\n<p class=\"wp-block-paragraph\"><a href=\"https:\/\/www.farmaparkmaletice.cz\" target=\"_blank\" rel=\"nofollow noopener\">Ten zupe\u0142nie nowy farmapark<\/a> otworzy\u0142 dopiero latem 2025 i w tym roku prze\u017cywa sw\u00f3j drugi sezon, a le\u017cy <strong>zaledwie dwana\u015bcie minut samochodem w kierunku Protiv\u00edna<\/strong>. Dzieci mog\u0105 tu z bliska zobaczy\u0107 kozy, owieczki, lamy alpaki, urocze \u015bwinki czy papugi, a nawet za dop\u0142at\u0105 spr\u00f3bowa\u0107 czesania zwierz\u0105t i jazdy na kucykach.<\/p>\n\n\n\n<p class=\"wp-block-paragraph\">Najwi\u0119kszym hitem s\u0105 jednak <strong>gigantyczne dmuchane trampoliny, kt\u00f3re w\u0142a\u015bciciele nazywaj\u0105 najwi\u0119kszymi w Czechach<\/strong>, gdzie dzieci wyszalej\u0105 si\u0119 do upad\u0142ego. Opr\u00f3cz tego znajdziecie tu labirynt z siana, wodne poduszki na piaszczystej pla\u017cy, kolejki linowe i kryt\u0105 piaskownic\u0119, wi\u0119c program macie tu na co najmniej p\u00f3\u0142 dnia.<\/p>\n\n\n\n<p class=\"wp-block-paragraph\">Wst\u0119p na miejscu kosztuje <strong>ok. 45 z\u0142 (250 K\u010d) dla dzieci i ok. 38 z\u0142 (210 K\u010d) dla doros\u0142ych<\/strong>, ale je\u015bli kupisz bilety z wyprzedzeniem online, na bilecie rodzinnym zaoszcz\u0119dzisz nawet kilkana\u015bcie z\u0142otych. Dzieci do dw\u00f3ch lat maj\u0105 wst\u0119p za darmo, a w \u015brodku dzia\u0142a bistro, w kt\u00f3rym p\u0142aci si\u0119 wy\u0142\u0105cznie bezgot\u00f3wkowo.<\/p>\n\n\n\n<h3 class=\"wp-block-heading\"><span class=\"ez-toc-section\" id=\"27_Nase_zviratka_Putim\"><\/span>27. Na\u0161e zv\u00ed\u0159\u00e1tka Putim<span class=\"ez-toc-section-end\"><\/span><\/h3>\n\n\n\n<figure data-wp-context=\"{&quot;imageId&quot;:&quot;6a9544b8a5857&quot;}\" data-wp-interactive=\"core\/image\" data-wp-key=\"6a9544b8a5857\" class=\"wp-block-image size-full wp-lightbox-container\"><img decoding=\"async\" width=\"1000\" height=\"563\" data-wp-class--hide=\"state.isContentHidden\" data-wp-class--show=\"state.isContentVisible\" data-wp-init=\"callbacks.setButtonStyles\" data-wp-on--click=\"actions.showLightbox\" data-wp-on--load=\"callbacks.setButtonStyles\" data-wp-on--pointerdown=\"actions.preloadImage\" data-wp-on--pointerenter=\"actions.preloadImageWithDelay\" data-wp-on--pointerleave=\"actions.cancelPreload\" data-wp-on-window--resize=\"callbacks.setButtonStyles\" src=\"https:\/\/loudavymkrokem.cz\/wp-content\/uploads\/2026\/08\/nase-zviratka-putim-klokan.jpg\" alt=\"Kangur w minizoo Na\u0161e zv\u00ed\u0159\u00e1tka w Putimi\" class=\"wp-image-399583\" title=\"\" srcset=\"https:\/\/loudavymkrokem.cz\/wp-content\/uploads\/2026\/08\/nase-zviratka-putim-klokan.jpg 1000w, https:\/\/loudavymkrokem.cz\/wp-content\/uploads\/2026\/08\/nase-zviratka-putim-klokan-300x169.jpg 300w, https:\/\/loudavymkrokem.cz\/wp-content\/uploads\/2026\/08\/nase-zviratka-putim-klokan-700x394.jpg 700w, https:\/\/loudavymkrokem.cz\/wp-content\/uploads\/2026\/08\/nase-zviratka-putim-klokan-768x432.jpg 768w, https:\/\/loudavymkrokem.cz\/wp-content\/uploads\/2026\/08\/nase-zviratka-putim-klokan-696x392.jpg 696w\" sizes=\"(max-width: 1000px) 100vw, 1000px\" \/><button\n\t\t\tclass=\"lightbox-trigger\"\n\t\t\ttype=\"button\"\n\t\t\taria-haspopup=\"dialog\"\n\t\t\tdata-wp-bind--aria-label=\"state.thisImage.triggerButtonAriaLabel\"\n\t\t\tdata-wp-init=\"callbacks.initTriggerButton\"\n\t\t\tdata-wp-on--click=\"actions.showLightbox\"\n\t\t\tdata-wp-style--right=\"state.thisImage.buttonRight\"\n\t\t\tdata-wp-style--top=\"state.thisImage.buttonTop\"\n\t\t>\n\t\t\t<svg xmlns=\"http:\/\/www.w3.org\/2000\/svg\" width=\"12\" height=\"12\" fill=\"none\" viewBox=\"0 0 12 12\">\n\t\t\t\t<path fill=\"#fff\" d=\"M2 0a2 2 0 0 0-2 2v2h1.5V2a.5.5 0 0 1 .5-.5h2V0H2Zm2 10.5H2a.5.5 0 0 1-.5-.5V8H0v2a2 2 0 0 0 2 2h2v-1.5ZM8 12v-1.5h2a.5.5 0 0 0 .5-.5V8H12v2a2 2 0 0 1-2 2H8Zm2-12a2 2 0 0 1 2 2v2h-1.5V2a.5.5 0 0 0-.5-.5H8V0h2Z\" \/>\n\t\t\t<\/svg>\n\t\t<\/button><\/figure>\n\n\n\n<p class=\"wp-block-paragraph\">Do pobliskiej Putimi, kt\u00f3r\u0105 rozs\u0142awi\u0142 dzielny wojak Szwejk, masz z P\u00edsku zaledwie sze\u015b\u0107 kilometr\u00f3w. Znajduje si\u0119 tu <strong>pi\u0119kny i z mi\u0142o\u015bci\u0105 budowany k\u0105cik zoologiczny Na\u0161e zv\u00ed\u0159\u00e1tka<\/strong>, kt\u00f3rym opiekuje si\u0119 pani Koz\u00e1kov\u00e1, i zobaczycie tu kangury Bennetta, surykatki, ptaki drapie\u017cne oraz m\u00f3wi\u0105cego kruka.<\/p>\n\n\n\n<p class=\"wp-block-paragraph\">Ca\u0142y teren jest zaprojektowany bardzo rodzinnie i opr\u00f3cz zwierz\u0105t dzieci znajd\u0105 tu te\u017c <strong>przyjemny plac zabaw w stylu retro z elementami dla dzieci od dw\u00f3ch do dwunastu lat<\/strong>. Maluchy na pewno najbardziej doceni\u0105 wybiegi z kozami, owieczkami i kr\u00f3likami, na kt\u00f3re mog\u0105 patrze\u0107 z bliskiej odleg\u0142o\u015bci.<\/p>\n\n\n\n<p class=\"wp-block-paragraph\">Najlepsze w tym miejscu jest to, \u017ce <strong>wst\u0119p jest zupe\u0142nie za darmo lub za dobrowolny datek<\/strong> do skarbonki, a otwarte maj\u0105 codziennie od dziewi\u0105tej rano a\u017c do si\u00f3dmej wieczorem. Samoch\u00f3d zaparkujesz za darmo mniej wi\u0119cej p\u00f3\u0142 kilometra od terenu, a w \u015brodku mo\u017cesz kupi\u0107 drobne przek\u0105ski.<\/p>\n\n\n\n<h3 class=\"wp-block-heading\"><span class=\"ez-toc-section\" id=\"28_Kozluv_statek_w_Predoticach\"><\/span>28. Kozl\u016fv statek w P\u0159edoticach<span class=\"ez-toc-section-end\"><\/span><\/h3>\n\n\n\n<p class=\"wp-block-paragraph\">Do P\u0159edotic masz z P\u00edsku <strong>nieca\u0142e 13 kilometr\u00f3w i dwana\u015bcie minut jazdy<\/strong>, wi\u0119c jest to jeden z najbli\u017cszych farmapark\u00f3w, jakie mamy. Zwierz\u0119ta s\u0105 tu przyzwyczajone do dzieci, mo\u017cna je g\u0142aska\u0107 i karmi\u0107, a ca\u0142y teren sprawia wra\u017cenie raczej rodzinnego gospodarstwa ni\u017c p\u0142atnej atrakcji.<\/p>\n\n\n\n<p class=\"wp-block-paragraph\">Opr\u00f3cz zwierz\u0105t na dzieci czekaj\u0105 tu <strong>karuzela, zabawki i gry poznawcze<\/strong> po terenie, wi\u0119c zabawi\u0105 si\u0119 i te, kt\u00f3re g\u0142askanie k\u00f3z maj\u0105 szybko za sob\u0105. Przy wej\u015bciu dzia\u0142a kiosk z przek\u0105skami, gdzie mo\u017cna spokojnie posiedzie\u0107.<\/p>\n\n\n\n<p class=\"wp-block-paragraph\">\ud83d\udca1 <strong>Wskaz\u00f3wka:<\/strong> W <strong>\u015brod\u0119 maj\u0105 zamkni\u0119te<\/strong>, poza tym otwarte jest od dziesi\u0105tej do sz\u00f3stej. Aktualne ceny wst\u0119pu znajdziesz na kozluvstatek.cz lub zapytaj pod numerem telefonu 775 172 474.<\/p>\n\n\n\n<h3 class=\"wp-block-heading\"><span class=\"ez-toc-section\" id=\"29_Farma_Stary_Bor_kolo_Sedlicy\"><\/span>29. Farma Star\u00fd Bor ko\u0142o Sedlicy<span class=\"ez-toc-section-end\"><\/span><\/h3>\n\n\n\n<p class=\"wp-block-paragraph\">Farma Star\u00fd Bor le\u017cy ko\u0142o Sedlicy, <strong>16 kilometr\u00f3w i kwadrans jazdy od P\u00edsku<\/strong>, i jest to jedno z tych miejsc, kt\u00f3re zdobywa te\u017c rodzic\u00f3w. Wi\u0119kszo\u015b\u0107 zwierz\u0105t trafi\u0142a tu bowiem od w\u0142a\u015bcicieli, kt\u00f3rzy nie mogli lub nie chcieli si\u0119 nimi opiekowa\u0107, wi\u0119c jest to na wp\u00f3\u0142 farma, a na wp\u00f3\u0142 schronisko.<\/p>\n\n\n\n<p class=\"wp-block-paragraph\">Zobaczycie tu <strong>strusie, emu, lamy, kozy, owce oraz egzotyczne papugi i pawie<\/strong>, zwierz\u0119ta mo\u017cna karmi\u0107, a po terenie rozmieszczone s\u0105 zagadki, kt\u00f3re dzieci rozwi\u0105zuj\u0105 podczas obchodu. Jest tu te\u017c plac zabaw i stoisko z przek\u0105skami, gdzie maj\u0105 mi\u0119dzy innymi lody, tak\u017ce bezglutenowe.<\/p>\n\n\n\n<p class=\"wp-block-paragraph\">Farma dzia\u0142a <strong>sezonowo mniej wi\u0119cej od maja do wrze\u015bnia, codziennie od jedenastej do sz\u00f3stej<\/strong>. Wst\u0119p wed\u0142ug odwiedzaj\u0105cych bywa dobrowolny, ale lepiej sprawd\u017a to wcze\u015bniej na farmastarybor.cz lub pod numerem telefonu 606 560 993. Bardziej terenowy w\u00f3zek teren ogarnie, a wizyt\u0119 mo\u017cecie przed\u0142u\u017cy\u0107 spacerem wok\u00f3\u0142 stawu.<\/p>\n\n\n\n<h3 class=\"wp-block-heading\"><span class=\"ez-toc-section\" id=\"30_Stajnia_Stetice\"><\/span>30. Stajnia \u0160t\u011btice<span class=\"ez-toc-section-end\"><\/span><\/h3>\n\n\n\n<p class=\"wp-block-paragraph\">\u0160t\u011btice ko\u0142o Ra\u017eic to z P\u00edsku <strong>nieca\u0142e 12 kilometr\u00f3w, czyli kwadrans samochodem<\/strong>, i jest to tutejsza stajnia z najlepszymi ocenami. Wyje\u017cd\u017ca si\u0119 st\u0105d na przeja\u017cd\u017cki po okolicy i przyjmuj\u0105 te\u017c zupe\u0142nie pocz\u0105tkuj\u0105cych, wi\u0119c mo\u017cna si\u0119 tu wybra\u0107 nawet z dzieckiem, kt\u00f3re nigdy nie siedzia\u0142o na koniu.<\/p>\n\n\n\n<p class=\"wp-block-paragraph\">W wakacje <strong>rodziny z P\u00edsku je\u017cd\u017c\u0105 na przeja\u017cd\u017cki regularnie<\/strong>, a w recenzjach wielokrotnie podkre\u015bla si\u0119 podej\u015bcie ludzi, kt\u00f3rzy opiekuj\u0105 si\u0119 ko\u0144mi. Terminy i warunki dla dzieci ustal wcze\u015bniej na stajestetice.cz lub pod numerem telefonu 724 759 880.<\/p>\n\n\n\n<h3 class=\"wp-block-heading\"><span class=\"ez-toc-section\" id=\"31_Ranch_Calamity_Jane_w_Probulovie\"><\/span>31. Ranch Calamity Jane w Probulovie<span class=\"ez-toc-section-end\"><\/span><\/h3>\n\n\n\n<p class=\"wp-block-paragraph\">Ranczo ko\u0142o Probulova jest nieco dalej, <strong>32 kilometry i p\u00f3\u0142 godziny jazdy<\/strong>, za to blisko Zapory Orlickiej, wi\u0119c mo\u017cna to po\u0142\u0105czy\u0107 z wycieczk\u0105 nad wod\u0119. Teren jest naprawd\u0119 rozleg\u0142y: konie, zwierz\u0119ta gospodarskie, pastwiska i westernowa atmosfera.<\/p>\n\n\n\n<p class=\"wp-block-paragraph\">Opr\u00f3cz jazdy konnej dzia\u0142a tu te\u017c <strong>obozowisko z tipi, gdzie mo\u017cna przenocowa\u0107<\/strong>, co doceni\u0105 g\u0142\u00f3wnie starsze dzieci. Otwarte maj\u0105 zwykle codziennie od dziesi\u0105tej do sz\u00f3stej, program i ceny sprawd\u017a na calamity.cz lub pod numerem telefonu 775 646 461.<\/p>\n\n\n\n<h3 class=\"wp-block-heading\"><span class=\"ez-toc-section\" id=\"32_Fiziland_Protivin\"><\/span>32. Fiziland Protiv\u00edn<span class=\"ez-toc-section-end\"><\/span><\/h3>\n\n\n\n<figure data-wp-context=\"{&quot;imageId&quot;:&quot;6a9544b8a6552&quot;}\" data-wp-interactive=\"core\/image\" data-wp-key=\"6a9544b8a6552\" class=\"wp-block-image size-full wp-lightbox-container\"><img decoding=\"async\" width=\"2200\" height=\"1467\" data-wp-class--hide=\"state.isContentHidden\" data-wp-class--show=\"state.isContentVisible\" data-wp-init=\"callbacks.setButtonStyles\" data-wp-on--click=\"actions.showLightbox\" data-wp-on--load=\"callbacks.setButtonStyles\" data-wp-on--pointerdown=\"actions.preloadImage\" data-wp-on--pointerenter=\"actions.preloadImageWithDelay\" data-wp-on--pointerleave=\"actions.cancelPreload\" data-wp-on-window--resize=\"callbacks.setButtonStyles\" src=\"https:\/\/loudavymkrokem.cz\/wp-content\/uploads\/2026\/08\/fiziland-protivin-herna.jpg\" alt=\"Kryta sala zabaw Fiziland w Protiv\u00ednie z basenem z pianki i przeplotniami\" class=\"wp-image-399563\" title=\"\" srcset=\"https:\/\/loudavymkrokem.cz\/wp-content\/uploads\/2026\/08\/fiziland-protivin-herna.jpg 2200w, https:\/\/loudavymkrokem.cz\/wp-content\/uploads\/2026\/08\/fiziland-protivin-herna-300x200.jpg 300w, https:\/\/loudavymkrokem.cz\/wp-content\/uploads\/2026\/08\/fiziland-protivin-herna-700x467.jpg 700w, https:\/\/loudavymkrokem.cz\/wp-content\/uploads\/2026\/08\/fiziland-protivin-herna-768x512.jpg 768w, https:\/\/loudavymkrokem.cz\/wp-content\/uploads\/2026\/08\/fiziland-protivin-herna-1536x1024.jpg 1536w, https:\/\/loudavymkrokem.cz\/wp-content\/uploads\/2026\/08\/fiziland-protivin-herna-2048x1366.jpg 2048w, https:\/\/loudavymkrokem.cz\/wp-content\/uploads\/2026\/08\/fiziland-protivin-herna-696x464.jpg 696w, https:\/\/loudavymkrokem.cz\/wp-content\/uploads\/2026\/08\/fiziland-protivin-herna-1392x928.jpg 1392w, https:\/\/loudavymkrokem.cz\/wp-content\/uploads\/2026\/08\/fiziland-protivin-herna-1920x1280.jpg 1920w\" sizes=\"(max-width: 2200px) 100vw, 2200px\" \/><button\n\t\t\tclass=\"lightbox-trigger\"\n\t\t\ttype=\"button\"\n\t\t\taria-haspopup=\"dialog\"\n\t\t\tdata-wp-bind--aria-label=\"state.thisImage.triggerButtonAriaLabel\"\n\t\t\tdata-wp-init=\"callbacks.initTriggerButton\"\n\t\t\tdata-wp-on--click=\"actions.showLightbox\"\n\t\t\tdata-wp-style--right=\"state.thisImage.buttonRight\"\n\t\t\tdata-wp-style--top=\"state.thisImage.buttonTop\"\n\t\t>\n\t\t\t<svg xmlns=\"http:\/\/www.w3.org\/2000\/svg\" width=\"12\" height=\"12\" fill=\"none\" viewBox=\"0 0 12 12\">\n\t\t\t\t<path fill=\"#fff\" d=\"M2 0a2 2 0 0 0-2 2v2h1.5V2a.5.5 0 0 1 .5-.5h2V0H2Zm2 10.5H2a.5.5 0 0 1-.5-.5V8H0v2a2 2 0 0 0 2 2h2v-1.5ZM8 12v-1.5h2a.5.5 0 0 0 .5-.5V8H12v2a2 2 0 0 1-2 2H8Zm2-12a2 2 0 0 1 2 2v2h-1.5V2a.5.5 0 0 0-.5-.5H8V0h2Z\" \/>\n\t\t\t<\/svg>\n\t\t<\/button><\/figure>\n\n\n\n<p class=\"wp-block-paragraph\">Je\u015bli masz w domu uczni\u00f3w albo \u015bledzicie dzieci\u0119cych youtuber\u00f3w, na pewno znacie imi\u0119 Fizi, kt\u00f3ry w Protiv\u00ednie (jakie\u015b 15 minut z P\u00edsku) otworzy\u0142 <strong>w\u0142asny ogromny park rozrywki <a href=\"https:\/\/fiziland.cz\" target=\"_blank\" rel=\"nofollow noopener\">Fiziland<\/a><\/strong>. W ogromnej hali wszyscy musz\u0105 porusza\u0107 si\u0119 tylko w skarpetkach, a ze wzgl\u0119d\u00f3w bezpiecze\u0144stwa na atrakcjach zaleca si\u0119 mie\u0107 d\u0142ugie spodnie i r\u0119kawy.<\/p>\n\n\n\n<p class=\"wp-block-paragraph\">Dzieci znajd\u0105 tu <strong>gigantyczne zje\u017cd\u017calnie, tory wy\u015bcigowe, baseny z pianki i mn\u00f3stwo ogromnych trampolin<\/strong>, nie brakuje te\u017c placu zabaw na zewn\u0105trz i mn\u00f3stwa automat\u00f3w do gier. Dla najmniejszych maluch\u00f3w wydzielona jest strefa spokoju, aby starsze dzieci podczas dzikich zabaw ich nie przewr\u00f3ci\u0142y.<\/p>\n\n\n\n<p class=\"wp-block-paragraph\">Licz si\u0119 z tym, \u017ce <strong>wizyta w Fizilandzie to nie jest tania sprawa<\/strong> \u2014 bilet dzieci\u0119cy kosztuje ok. 70 z\u0142 (389 K\u010d), doros\u0142a osoba towarzysz\u0105ca ok. 29 z\u0142 (159 K\u010d), a najkorzystniejszy pakiet rodzinny dla dwojga doros\u0142ych i dwojga dzieci wyjdzie ok. 160 z\u0142 (889 K\u010d). Zainteresowanie jest jednak tak ogromne, \u017ce sprzeda\u017c bilet\u00f3w na miejscu wcale nie jest gwarantowana i musicie zrobi\u0107 rezerwacj\u0119 w sklepie internetowym przynajmniej dzie\u0144 czy dwa wcze\u015bniej. Wszystkie atrakcje, ceny oraz wskaz\u00f3wki, gdzie si\u0119 w okolicy parku zatrzyma\u0107, opisa\u0142am w osobnym artykule <a href=\"https:\/\/loudavymkrokem.cz\/fiziland-protivin\/\">o Fizilandzie w Protiv\u00ednie<\/a>.<\/p>\n\n\n\n<h3 class=\"wp-block-heading\"><span class=\"ez-toc-section\" id=\"33_Kralovstvi_casu_Protivin\"><\/span>33. Kr\u00e1lovstv\u00ed \u010dasu Protiv\u00edn<span class=\"ez-toc-section-end\"><\/span><\/h3>\n\n\n\n<figure data-wp-context=\"{&quot;imageId&quot;:&quot;6a9544b8a6e4f&quot;}\" data-wp-interactive=\"core\/image\" data-wp-key=\"6a9544b8a6e4f\" class=\"wp-block-image size-full wp-lightbox-container\"><img decoding=\"async\" width=\"1440\" height=\"960\" data-wp-class--hide=\"state.isContentHidden\" data-wp-class--show=\"state.isContentVisible\" data-wp-init=\"callbacks.setButtonStyles\" data-wp-on--click=\"actions.showLightbox\" data-wp-on--load=\"callbacks.setButtonStyles\" data-wp-on--pointerdown=\"actions.preloadImage\" data-wp-on--pointerenter=\"actions.preloadImageWithDelay\" data-wp-on--pointerleave=\"actions.cancelPreload\" data-wp-on-window--resize=\"callbacks.setButtonStyles\" src=\"https:\/\/loudavymkrokem.cz\/wp-content\/uploads\/2026\/08\/kralovstvi-casu-protivin-vila.jpg\" alt=\"Secesyjna willa Kr\u00e1lovstv\u00ed \u010dasu w Protiv\u00ednie\" class=\"wp-image-399570\" title=\"\" srcset=\"https:\/\/loudavymkrokem.cz\/wp-content\/uploads\/2026\/08\/kralovstvi-casu-protivin-vila.jpg 1440w, https:\/\/loudavymkrokem.cz\/wp-content\/uploads\/2026\/08\/kralovstvi-casu-protivin-vila-300x200.jpg 300w, https:\/\/loudavymkrokem.cz\/wp-content\/uploads\/2026\/08\/kralovstvi-casu-protivin-vila-700x467.jpg 700w, https:\/\/loudavymkrokem.cz\/wp-content\/uploads\/2026\/08\/kralovstvi-casu-protivin-vila-768x512.jpg 768w, https:\/\/loudavymkrokem.cz\/wp-content\/uploads\/2026\/08\/kralovstvi-casu-protivin-vila-696x464.jpg 696w, https:\/\/loudavymkrokem.cz\/wp-content\/uploads\/2026\/08\/kralovstvi-casu-protivin-vila-1392x928.jpg 1392w\" sizes=\"(max-width: 1440px) 100vw, 1440px\" \/><button\n\t\t\tclass=\"lightbox-trigger\"\n\t\t\ttype=\"button\"\n\t\t\taria-haspopup=\"dialog\"\n\t\t\tdata-wp-bind--aria-label=\"state.thisImage.triggerButtonAriaLabel\"\n\t\t\tdata-wp-init=\"callbacks.initTriggerButton\"\n\t\t\tdata-wp-on--click=\"actions.showLightbox\"\n\t\t\tdata-wp-style--right=\"state.thisImage.buttonRight\"\n\t\t\tdata-wp-style--top=\"state.thisImage.buttonTop\"\n\t\t>\n\t\t\t<svg xmlns=\"http:\/\/www.w3.org\/2000\/svg\" width=\"12\" height=\"12\" fill=\"none\" viewBox=\"0 0 12 12\">\n\t\t\t\t<path fill=\"#fff\" d=\"M2 0a2 2 0 0 0-2 2v2h1.5V2a.5.5 0 0 1 .5-.5h2V0H2Zm2 10.5H2a.5.5 0 0 1-.5-.5V8H0v2a2 2 0 0 0 2 2h2v-1.5ZM8 12v-1.5h2a.5.5 0 0 0 .5-.5V8H12v2a2 2 0 0 1-2 2H8Zm2-12a2 2 0 0 1 2 2v2h-1.5V2a.5.5 0 0 0-.5-.5H8V0h2Z\" \/>\n\t\t\t<\/svg>\n\t\t<\/button><\/figure>\n\n\n\n<p class=\"wp-block-paragraph\">Gdy ju\u017c b\u0119dziecie w Protiv\u00ednie, zdecydowanie nie mo\u017cecie pomin\u0105\u0107 Kr\u00e1lovstv\u00ed \u010dasu (Kr\u00f3lestwa Czasu), czyli <strong>wspaniale odrestaurowanej secesyjnej willi<\/strong>, kt\u00f3ra funkcjonuje jako muzeum zegar\u00f3w, ale przede wszystkim jako absolutny raj dla rodzin z dzie\u0107mi. Ekspozycja z historycznymi zegarami i mechanizmem wie\u017cowym jest wprawdzie na pi\u0119trze, ale to, co najwa\u017cniejsze dla dzieci, dzieje si\u0119 na parterze i w ogrodzie.<\/p>\n\n\n\n<p class=\"wp-block-paragraph\">Znajdziecie tu <strong>pi\u0119kny warsztat tw\u00f3rczy, gdzie dzieci robi\u0105 budziki lub pacynki<\/strong> oraz wspania\u0142\u0105 sal\u0119 zabaw z kuchenk\u0105 i je\u017adzikami. Jeszcze lepszy jest ogrodzony ogr\u00f3d ze zje\u017cd\u017calni\u0105, kolejk\u0105 linow\u0105 i mn\u00f3stwem przeplotni, gdzie dzieci si\u0119 wyszalej\u0105, podczas gdy wy siedzicie przy kawie.<\/p>\n\n\n\n<p class=\"wp-block-paragraph\">Najlepsze na koniec \u2014 <strong>sala zabaw i ogr\u00f3d s\u0105 dla go\u015bci kawiarni zupe\u0142nie za darmo<\/strong>, p\u0142aci si\u0119 jedynie wst\u0119p do samego muzeum zegar\u00f3w (doro\u015bli ok. 16 z\u0142 \/ 90 K\u010d, dzieci ok. 11 z\u0142 \/ 60 K\u010d). Dla rodzin z dwuletnimi maluchami to idealne miejsce, kt\u00f3re bezpiecznie uratuje was tak\u017ce w razie deszczu.<\/p>\n\n\n\n<h3 class=\"wp-block-heading\"><span class=\"ez-toc-section\" id=\"34_Krokodyle_ZOO_Protivin\"><\/span>34. Krokodyle ZOO Protiv\u00edn<span class=\"ez-toc-section-end\"><\/span><\/h3>\n\n\n\n<figure data-wp-context=\"{&quot;imageId&quot;:&quot;6a9544b8a7525&quot;}\" data-wp-interactive=\"core\/image\" data-wp-key=\"6a9544b8a7525\" class=\"wp-block-image size-full wp-lightbox-container\"><img decoding=\"async\" width=\"1120\" height=\"800\" data-wp-class--hide=\"state.isContentHidden\" data-wp-class--show=\"state.isContentVisible\" data-wp-init=\"callbacks.setButtonStyles\" data-wp-on--click=\"actions.showLightbox\" data-wp-on--load=\"callbacks.setButtonStyles\" data-wp-on--pointerdown=\"actions.preloadImage\" data-wp-on--pointerenter=\"actions.preloadImageWithDelay\" data-wp-on--pointerleave=\"actions.cancelPreload\" data-wp-on-window--resize=\"callbacks.setButtonStyles\" src=\"https:\/\/loudavymkrokem.cz\/wp-content\/uploads\/2026\/08\/krokodyli-zoo-protivin-aligator.jpg\" alt=\"Aligator w Krokodylim ZOO Protiv\u00edn\" class=\"wp-image-399574\" title=\"\" srcset=\"https:\/\/loudavymkrokem.cz\/wp-content\/uploads\/2026\/08\/krokodyli-zoo-protivin-aligator.jpg 1120w, https:\/\/loudavymkrokem.cz\/wp-content\/uploads\/2026\/08\/krokodyli-zoo-protivin-aligator-300x214.jpg 300w, https:\/\/loudavymkrokem.cz\/wp-content\/uploads\/2026\/08\/krokodyli-zoo-protivin-aligator-700x500.jpg 700w, https:\/\/loudavymkrokem.cz\/wp-content\/uploads\/2026\/08\/krokodyli-zoo-protivin-aligator-768x549.jpg 768w, https:\/\/loudavymkrokem.cz\/wp-content\/uploads\/2026\/08\/krokodyli-zoo-protivin-aligator-696x497.jpg 696w\" sizes=\"(max-width: 1120px) 100vw, 1120px\" \/><button\n\t\t\tclass=\"lightbox-trigger\"\n\t\t\ttype=\"button\"\n\t\t\taria-haspopup=\"dialog\"\n\t\t\tdata-wp-bind--aria-label=\"state.thisImage.triggerButtonAriaLabel\"\n\t\t\tdata-wp-init=\"callbacks.initTriggerButton\"\n\t\t\tdata-wp-on--click=\"actions.showLightbox\"\n\t\t\tdata-wp-style--right=\"state.thisImage.buttonRight\"\n\t\t\tdata-wp-style--top=\"state.thisImage.buttonTop\"\n\t\t>\n\t\t\t<svg xmlns=\"http:\/\/www.w3.org\/2000\/svg\" width=\"12\" height=\"12\" fill=\"none\" viewBox=\"0 0 12 12\">\n\t\t\t\t<path fill=\"#fff\" d=\"M2 0a2 2 0 0 0-2 2v2h1.5V2a.5.5 0 0 1 .5-.5h2V0H2Zm2 10.5H2a.5.5 0 0 1-.5-.5V8H0v2a2 2 0 0 0 2 2h2v-1.5ZM8 12v-1.5h2a.5.5 0 0 0 .5-.5V8H12v2a2 2 0 0 1-2 2H8Zm2-12a2 2 0 0 1 2 2v2h-1.5V2a.5.5 0 0 0-.5-.5H8V0h2Z\" \/>\n\t\t\t<\/svg>\n\t\t<\/button><\/figure>\n\n\n\n<p class=\"wp-block-paragraph\">Po raz trzeci Protiv\u00edn, tym razem dla mi\u0142o\u015bnik\u00f3w gad\u00f3w, bo bezpo\u015brednio na rynku znajduje si\u0119 <strong><a href=\"https:\/\/www.krokodylizoo.cz\" target=\"_blank\" rel=\"nofollow noopener\">Krokodyle ZOO<\/a>, gdzie hoduj\u0105 ponad sto tych prehistorycznych zwierz\u0105t<\/strong>. Ca\u0142a ekspozycja jest ponadto ca\u0142kowicie bez barier, wi\u0119c dostaniecie si\u0119 tu z \u0142atwo\u015bci\u0105 nawet z w\u00f3zkiem.<\/p>\n\n\n\n<p class=\"wp-block-paragraph\">Krokodyle mo\u017cna ogl\u0105da\u0107 w ogromnych terrariach, a <strong>bilet rodzinny dla dwojga doros\u0142ych i dwojga dzieci wyjdzie ok. 180 z\u0142 (1000 K\u010d)<\/strong>, przy czym dzieci do dw\u00f3ch lat maj\u0105 wst\u0119p tradycyjnie za darmo. Otwarte maj\u0105 zwykle od wrze\u015bnia do czerwca do czwartej po po\u0142udniu, a latem o godzin\u0119 d\u0142u\u017cej.<\/p>\n\n\n\n<p class=\"wp-block-paragraph\">Uwa\u017caj tylko na to, \u017ce <strong>popularne komentowane karmienie krokodyli jest obecnie cz\u0119\u015bci\u0105 jedynie p\u0142atnej ekskluzywnej wizyty<\/strong>, wi\u0119c je\u015bli chcecie zobaczy\u0107 zwierz\u0119ta w akcji, musicie za to do\u015bwiadczenie dop\u0142aci\u0107. Samoch\u00f3d \u0142atwo zaparkujesz za darmo na okolicznych ulicach lub przy pobliskiej Normie.<\/p>\n\n\n\n<h3 class=\"wp-block-heading\"><span class=\"ez-toc-section\" id=\"35_Bajkowa_Kuznia_Selibov\"><\/span>35. Bajkowa Ku\u017ania Selibov<span class=\"ez-toc-section-end\"><\/span><\/h3>\n\n\n\n<figure data-wp-context=\"{&quot;imageId&quot;:&quot;6a9544b8a7bfe&quot;}\" data-wp-interactive=\"core\/image\" data-wp-key=\"6a9544b8a7bfe\" class=\"wp-block-image size-full wp-lightbox-container\"><img decoding=\"async\" width=\"2000\" height=\"1333\" data-wp-class--hide=\"state.isContentHidden\" data-wp-class--show=\"state.isContentVisible\" data-wp-init=\"callbacks.setButtonStyles\" data-wp-on--click=\"actions.showLightbox\" data-wp-on--load=\"callbacks.setButtonStyles\" data-wp-on--pointerdown=\"actions.preloadImage\" data-wp-on--pointerenter=\"actions.preloadImageWithDelay\" data-wp-on--pointerleave=\"actions.cancelPreload\" data-wp-on-window--resize=\"callbacks.setButtonStyles\" src=\"https:\/\/loudavymkrokem.cz\/wp-content\/uploads\/2026\/08\/pohadkova-kovarna-selibov.jpg\" alt=\"Bajkowa Ku\u017ania w Selibovie ze strzech\u0105\" class=\"wp-image-399577\" title=\"\" srcset=\"https:\/\/loudavymkrokem.cz\/wp-content\/uploads\/2026\/08\/pohadkova-kovarna-selibov.jpg 2000w, https:\/\/loudavymkrokem.cz\/wp-content\/uploads\/2026\/08\/pohadkova-kovarna-selibov-300x200.jpg 300w, https:\/\/loudavymkrokem.cz\/wp-content\/uploads\/2026\/08\/pohadkova-kovarna-selibov-700x467.jpg 700w, https:\/\/loudavymkrokem.cz\/wp-content\/uploads\/2026\/08\/pohadkova-kovarna-selibov-768x512.jpg 768w, https:\/\/loudavymkrokem.cz\/wp-content\/uploads\/2026\/08\/pohadkova-kovarna-selibov-1536x1024.jpg 1536w, https:\/\/loudavymkrokem.cz\/wp-content\/uploads\/2026\/08\/pohadkova-kovarna-selibov-696x464.jpg 696w, https:\/\/loudavymkrokem.cz\/wp-content\/uploads\/2026\/08\/pohadkova-kovarna-selibov-1392x928.jpg 1392w, https:\/\/loudavymkrokem.cz\/wp-content\/uploads\/2026\/08\/pohadkova-kovarna-selibov-1920x1280.jpg 1920w\" sizes=\"(max-width: 2000px) 100vw, 2000px\" \/><button\n\t\t\tclass=\"lightbox-trigger\"\n\t\t\ttype=\"button\"\n\t\t\taria-haspopup=\"dialog\"\n\t\t\tdata-wp-bind--aria-label=\"state.thisImage.triggerButtonAriaLabel\"\n\t\t\tdata-wp-init=\"callbacks.initTriggerButton\"\n\t\t\tdata-wp-on--click=\"actions.showLightbox\"\n\t\t\tdata-wp-style--right=\"state.thisImage.buttonRight\"\n\t\t\tdata-wp-style--top=\"state.thisImage.buttonTop\"\n\t\t>\n\t\t\t<svg xmlns=\"http:\/\/www.w3.org\/2000\/svg\" width=\"12\" height=\"12\" fill=\"none\" viewBox=\"0 0 12 12\">\n\t\t\t\t<path fill=\"#fff\" d=\"M2 0a2 2 0 0 0-2 2v2h1.5V2a.5.5 0 0 1 .5-.5h2V0H2Zm2 10.5H2a.5.5 0 0 1-.5-.5V8H0v2a2 2 0 0 0 2 2h2v-1.5ZM8 12v-1.5h2a.5.5 0 0 0 .5-.5V8H12v2a2 2 0 0 1-2 2H8Zm2-12a2 2 0 0 1 2 2v2h-1.5V2a.5.5 0 0 0-.5-.5H8V0h2Z\" \/>\n\t\t\t<\/svg>\n\t\t<\/button><\/figure>\n\n\n\n<p class=\"wp-block-paragraph\">W drodze do Protiv\u00edna koniecznie zatrzymajcie si\u0119 w ma\u0142ej wiosce Selibov, gdzie znajduje si\u0119 <strong>urocza Bajkowa Ku\u017ania, kt\u00f3ra zachwyci g\u0142\u00f3wnie przedszkolak\u00f3w<\/strong>. Tu\u017c przy wej\u015bciu przywitaj\u0105 was \u017cywe osio\u0142ki Aladyn i Ja\u015bminka, a w \u015brodku dzieci mog\u0105 si\u0119 przebra\u0107 za najr\u00f3\u017cniejsze postacie z bajek.<\/p>\n\n\n\n<p class=\"wp-block-paragraph\">Ca\u0142a wizyta zajmie wam mniej wi\u0119cej dwie godziny, podczas kt\u00f3rych <strong>przejdziecie bajkow\u0105 obor\u0119, spr\u00f3bujecie warsztatu tw\u00f3rczego i zgubicie si\u0119 w labiryncie<\/strong> z postaciami. Wok\u00f3\u0142 ku\u017ani prowadzi ponadto \u015bcie\u017cka bociana Ferdynanda z dwunastoma zabawnymi przystankami.<\/p>\n\n\n\n<p class=\"wp-block-paragraph\">Wst\u0119p jest w tym roku <strong>jednolity dla wszystkich i wynosi ok. 17 z\u0142 (95 K\u010d)<\/strong>, maluchy do dw\u00f3ch lat nie p\u0142ac\u0105 nic. W wakacje maj\u0105 otwarte codziennie, a poza sezonem funkcjonuj\u0105 g\u0142\u00f3wnie w weekendy i organizuj\u0105 pi\u0119kne wydarzenia tak\u017ce w adwencie, gdy pachnie tu przek\u0105skami U Czerwonego Kapturka.<\/p>\n\n\n\n<h3 class=\"wp-block-heading\"><span class=\"ez-toc-section\" id=\"36_Zemeraj_Kovarov\"><\/span>36. Zem\u011br\u00e1j Kov\u00e1\u0159ov<span class=\"ez-toc-section-end\"><\/span><\/h3>\n\n\n\n<figure data-wp-context=\"{&quot;imageId&quot;:&quot;6a9544b8a82bf&quot;}\" data-wp-interactive=\"core\/image\" data-wp-key=\"6a9544b8a82bf\" class=\"wp-block-image size-full wp-lightbox-container\"><img decoding=\"async\" width=\"1400\" height=\"550\" data-wp-class--hide=\"state.isContentHidden\" data-wp-class--show=\"state.isContentVisible\" data-wp-init=\"callbacks.setButtonStyles\" data-wp-on--click=\"actions.showLightbox\" data-wp-on--load=\"callbacks.setButtonStyles\" data-wp-on--pointerdown=\"actions.preloadImage\" data-wp-on--pointerenter=\"actions.preloadImageWithDelay\" data-wp-on--pointerleave=\"actions.cancelPreload\" data-wp-on-window--resize=\"callbacks.setButtonStyles\" src=\"https:\/\/loudavymkrokem.cz\/wp-content\/uploads\/2026\/08\/zemeraj-kovarov-lidova-staveni.jpg\" alt=\"Ludowe budynki w parku przygody Zem\u011br\u00e1j ko\u0142o Kov\u00e1\u0159ova\" class=\"wp-image-399579\" title=\"\" srcset=\"https:\/\/loudavymkrokem.cz\/wp-content\/uploads\/2026\/08\/zemeraj-kovarov-lidova-staveni.jpg 1400w, https:\/\/loudavymkrokem.cz\/wp-content\/uploads\/2026\/08\/zemeraj-kovarov-lidova-staveni-300x118.jpg 300w, https:\/\/loudavymkrokem.cz\/wp-content\/uploads\/2026\/08\/zemeraj-kovarov-lidova-staveni-700x275.jpg 700w, https:\/\/loudavymkrokem.cz\/wp-content\/uploads\/2026\/08\/zemeraj-kovarov-lidova-staveni-768x302.jpg 768w, https:\/\/loudavymkrokem.cz\/wp-content\/uploads\/2026\/08\/zemeraj-kovarov-lidova-staveni-696x273.jpg 696w, https:\/\/loudavymkrokem.cz\/wp-content\/uploads\/2026\/08\/zemeraj-kovarov-lidova-staveni-1392x547.jpg 1392w\" sizes=\"(max-width: 1400px) 100vw, 1400px\" \/><button\n\t\t\tclass=\"lightbox-trigger\"\n\t\t\ttype=\"button\"\n\t\t\taria-haspopup=\"dialog\"\n\t\t\tdata-wp-bind--aria-label=\"state.thisImage.triggerButtonAriaLabel\"\n\t\t\tdata-wp-init=\"callbacks.initTriggerButton\"\n\t\t\tdata-wp-on--click=\"actions.showLightbox\"\n\t\t\tdata-wp-style--right=\"state.thisImage.buttonRight\"\n\t\t\tdata-wp-style--top=\"state.thisImage.buttonTop\"\n\t\t>\n\t\t\t<svg xmlns=\"http:\/\/www.w3.org\/2000\/svg\" width=\"12\" height=\"12\" fill=\"none\" viewBox=\"0 0 12 12\">\n\t\t\t\t<path fill=\"#fff\" d=\"M2 0a2 2 0 0 0-2 2v2h1.5V2a.5.5 0 0 1 .5-.5h2V0H2Zm2 10.5H2a.5.5 0 0 1-.5-.5V8H0v2a2 2 0 0 0 2 2h2v-1.5ZM8 12v-1.5h2a.5.5 0 0 0 .5-.5V8H12v2a2 2 0 0 1-2 2H8Zm2-12a2 2 0 0 1 2 2v2h-1.5V2a.5.5 0 0 0-.5-.5H8V0h2Z\" \/>\n\t\t\t<\/svg>\n\t\t<\/button><\/figure>\n\n\n\n<p class=\"wp-block-paragraph\">Mniej wi\u0119cej 35 minut jazdy od P\u00edsku le\u017cy <strong><a href=\"https:\/\/www.zemeraj.cz\" target=\"_blank\" rel=\"nofollow noopener\">Zem\u011br\u00e1j<\/a>, czyli ogromny teren przyrodniczy po\u015bwi\u0119cony czeskiej historii i tradycjom<\/strong>. Dla najmniejszych przygotowana jest tu przepi\u0119kna dzieci\u0119ca wioska Hrejkov, gdzie mog\u0105 spr\u00f3bowa\u0107 dawnych rzemios\u0142 i pobawi\u0107 si\u0119 w stylowych drewnianych domkach.<\/p>\n\n\n\n<p class=\"wp-block-paragraph\">Co\u015b dla siebie znajd\u0105 tu wszystkie dzieci, kt\u00f3re kochaj\u0105 ruch na \u0142onie natury \u2014 jest tu <strong>kilometrowa \u015bcie\u017cka do chodzenia na bosaka, zabawy wodne i stanowisko archeologiczne<\/strong>, a nawet mo\u017cecie wsp\u00f3lnie upiec placki z ciasta. Ze wzgl\u0119du na naturalny teren zdecydowanie zostaw w domu bia\u0142e trampki i we\u017a solidne obuwie.<\/p>\n\n\n\n<p class=\"wp-block-paragraph\">Wst\u0119p do Zem\u011br\u00e1je kosztuje <strong>ok. 34 z\u0142 (190 K\u010d) dla doros\u0142ych i ok. 31 z\u0142 (170 K\u010d) dla dzieci od dw\u00f3ch lat<\/strong>, parkowanie przy terenie jest za darmo. Otwarte maj\u0105 od maja do ko\u0144ca wrze\u015bnia, przy czym latem funkcjonuj\u0105 codziennie od wp\u00f3\u0142 do dziesi\u0105tej rano a\u017c do wieczora.<\/p>\n\n\n\n<h3 class=\"wp-block-heading\"><span class=\"ez-toc-section\" id=\"37_Bagrarium_Strakonice\"><\/span>37. Bagr\u00e1rium Strakonice<span class=\"ez-toc-section-end\"><\/span><\/h3>\n\n\n\n<p class=\"wp-block-paragraph\">Do Strakonic masz z P\u00edsku mniej wi\u0119cej p\u00f3\u0142 godzinki, a od lutego 2026 znajduje si\u0119 tu <strong>pierwsze kryte Bagr\u00e1rium w Czechach<\/strong>, co jest absolutnym unikatem. To ogromna kryta sala zabaw z piaskownic\u0105, gdzie dzieci steruj\u0105 realistycznymi i du\u017cymi modelami RC koparek, \u0142adowarek i wywrotek.<\/p>\n\n\n\n<p class=\"wp-block-paragraph\">Przy tym punkcie musz\u0119 zdecydowanie zwr\u00f3ci\u0107 uwag\u0119, \u017ce <strong>atrakcja jest odpowiednia dopiero dla dzieci od sze\u015bciu lat<\/strong>, bo sterowanie maszynami wymaga dobrej motoryki ma\u0142ej i koordynacji obu r\u0105k, wi\u0119c dla maluch\u00f3w jest zupe\u0142nie nieodpowiednia. Je\u015bli jednak masz starsze rodze\u0144stwo, kt\u00f3re kocha budowy, b\u0119dzie to dla niego prze\u017cycie roku.<\/p>\n\n\n\n<p class=\"wp-block-paragraph\">Jazdy odbywaj\u0105 si\u0119 w p\u00f3\u0142godzinnych blokach, a <strong>za jedn\u0105 maszyn\u0119 na trzydzie\u015bci minut zap\u0142acisz ok. 50 z\u0142 (279 K\u010d)<\/strong>, przy czym w cenie jest te\u017c nap\u00f3j. Ze wzgl\u0119du na du\u017ce zainteresowanie konieczne jest zrobienie rezerwacji online minimum dzie\u0144 wcze\u015bniej, otwarte maj\u0105 od dziesi\u0105tej do sz\u00f3stej wieczorem.<\/p>\n\n\n\n<h3 class=\"wp-block-heading\"><span class=\"ez-toc-section\" id=\"38_Zvikov_i_rejs_na_Orlik\"><\/span>38. Zv\u00edkov i rejs na Orl\u00edk<span class=\"ez-toc-section-end\"><\/span><\/h3>\n\n\n\n<figure data-wp-context=\"{&quot;imageId&quot;:&quot;6a9544b8a8b8a&quot;}\" data-wp-interactive=\"core\/image\" data-wp-key=\"6a9544b8a8b8a\" class=\"wp-block-image size-full wp-lightbox-container\"><img decoding=\"async\" width=\"1600\" height=\"856\" data-wp-class--hide=\"state.isContentHidden\" data-wp-class--show=\"state.isContentVisible\" data-wp-init=\"callbacks.setButtonStyles\" data-wp-on--click=\"actions.showLightbox\" data-wp-on--load=\"callbacks.setButtonStyles\" data-wp-on--pointerdown=\"actions.preloadImage\" data-wp-on--pointerenter=\"actions.preloadImageWithDelay\" data-wp-on--pointerleave=\"actions.cancelPreload\" data-wp-on-window--resize=\"callbacks.setButtonStyles\" src=\"https:\/\/loudavymkrokem.cz\/wp-content\/uploads\/2026\/08\/hrad-zvikov-soutok-otavy-a-vltavy.jpg\" alt=\"Zamek Zv\u00edkov u zbiegu Otavy i We\u0142tawy\" class=\"wp-image-399401\" title=\"\" srcset=\"https:\/\/loudavymkrokem.cz\/wp-content\/uploads\/2026\/08\/hrad-zvikov-soutok-otavy-a-vltavy.jpg 1600w, https:\/\/loudavymkrokem.cz\/wp-content\/uploads\/2026\/08\/hrad-zvikov-soutok-otavy-a-vltavy-300x161.jpg 300w, https:\/\/loudavymkrokem.cz\/wp-content\/uploads\/2026\/08\/hrad-zvikov-soutok-otavy-a-vltavy-700x375.jpg 700w, https:\/\/loudavymkrokem.cz\/wp-content\/uploads\/2026\/08\/hrad-zvikov-soutok-otavy-a-vltavy-768x411.jpg 768w, https:\/\/loudavymkrokem.cz\/wp-content\/uploads\/2026\/08\/hrad-zvikov-soutok-otavy-a-vltavy-1536x822.jpg 1536w, https:\/\/loudavymkrokem.cz\/wp-content\/uploads\/2026\/08\/hrad-zvikov-soutok-otavy-a-vltavy-696x372.jpg 696w, https:\/\/loudavymkrokem.cz\/wp-content\/uploads\/2026\/08\/hrad-zvikov-soutok-otavy-a-vltavy-1392x745.jpg 1392w\" sizes=\"(max-width: 1600px) 100vw, 1600px\" \/><button\n\t\t\tclass=\"lightbox-trigger\"\n\t\t\ttype=\"button\"\n\t\t\taria-haspopup=\"dialog\"\n\t\t\tdata-wp-bind--aria-label=\"state.thisImage.triggerButtonAriaLabel\"\n\t\t\tdata-wp-init=\"callbacks.initTriggerButton\"\n\t\t\tdata-wp-on--click=\"actions.showLightbox\"\n\t\t\tdata-wp-style--right=\"state.thisImage.buttonRight\"\n\t\t\tdata-wp-style--top=\"state.thisImage.buttonTop\"\n\t\t>\n\t\t\t<svg xmlns=\"http:\/\/www.w3.org\/2000\/svg\" width=\"12\" height=\"12\" fill=\"none\" viewBox=\"0 0 12 12\">\n\t\t\t\t<path fill=\"#fff\" d=\"M2 0a2 2 0 0 0-2 2v2h1.5V2a.5.5 0 0 1 .5-.5h2V0H2Zm2 10.5H2a.5.5 0 0 1-.5-.5V8H0v2a2 2 0 0 0 2 2h2v-1.5ZM8 12v-1.5h2a.5.5 0 0 0 .5-.5V8H12v2a2 2 0 0 1-2 2H8Zm2-12a2 2 0 0 1 2 2v2h-1.5V2a.5.5 0 0 0-.5-.5H8V0h2Z\" \/>\n\t\t\t<\/svg>\n\t\t<\/button><\/figure>\n\n\n\n<p class=\"wp-block-paragraph\">Po\u0142\u0105czenie zamku i \u0142\u00f3dki brzmi jak idealna letnia wycieczka i dok\u0142adnie to oferuje zamek Zv\u00edkov, kt\u00f3ry le\u017cy jakie\u015b 25 minut od P\u00edsku. Ten <strong>majestatyczny zamek u zbiegu We\u0142tawy i Otavy<\/strong> ma pi\u0119kny wygl\u0105d, a zwiedzanie pa\u0142acu kr\u00f3lewskiego odbywa si\u0119 bez przewodnika, wi\u0119c mo\u017cecie je przej\u015b\u0107 we w\u0142asnym tempie, co z niesfornymi dzie\u0107mi maksymalnie docenicie.<\/p>\n\n\n\n<p class=\"wp-block-paragraph\">Tu\u017c pod zamkiem znajduje si\u0119 przysta\u0144, sk\u0105d <strong>w sezonie letnim wyp\u0142ywaj\u0105 statki w kierunku zamku Orl\u00edk<\/strong>. Sam rejs trwa nieca\u0142\u0105 godzink\u0119, co jest w sam raz, aby dzieci to bawi\u0142o i nie zacz\u0119\u0142y si\u0119 nudzi\u0107, a za doros\u0142ego zap\u0142acicie ok. 54 z\u0142 (300 K\u010d), podczas gdy dzieci do trzech lat p\u0142yn\u0105 za darmo.<\/p>\n\n\n\n<p class=\"wp-block-paragraph\">Je\u015bli zdecydujecie si\u0119 odwiedzi\u0107 te\u017c sam zamek Orl\u00edk, licz si\u0119 z tym, \u017ce <strong>zwiedzanie zamku trwa prawie godzin\u0119<\/strong>, co dla dwuletniego malucha mo\u017ce by\u0107 ju\u017c zbyt d\u0142ugie, wi\u0119c z mniejszymi dzie\u0107mi polecam raczej poprzesta\u0107 na rejsie i pikniku w podzamczu.<\/p>\n\n\n\n<h3 class=\"wp-block-heading\"><span class=\"ez-toc-section\" id=\"39_Zamek_Blatna_i_daniele\"><\/span>39. Zamek Blatn\u00e1 i daniele<span class=\"ez-toc-section-end\"><\/span><\/h3>\n\n\n\n<figure data-wp-context=\"{&quot;imageId&quot;:&quot;6a9544b8a930b&quot;}\" data-wp-interactive=\"core\/image\" data-wp-key=\"6a9544b8a930b\" class=\"wp-block-image size-full wp-lightbox-container\"><img decoding=\"async\" width=\"1920\" height=\"1280\" data-wp-class--hide=\"state.isContentHidden\" data-wp-class--show=\"state.isContentVisible\" data-wp-init=\"callbacks.setButtonStyles\" data-wp-on--click=\"actions.showLightbox\" data-wp-on--load=\"callbacks.setButtonStyles\" data-wp-on--pointerdown=\"actions.preloadImage\" data-wp-on--pointerenter=\"actions.preloadImageWithDelay\" data-wp-on--pointerleave=\"actions.cancelPreload\" data-wp-on-window--resize=\"callbacks.setButtonStyles\" src=\"https:\/\/loudavymkrokem.cz\/wp-content\/uploads\/2026\/08\/zamek-blatna-vodni-zamek-park.jpg\" alt=\"Zamek wodny Blatn\u00e1 z parkiem pe\u0142nym danieli\" class=\"wp-image-399409\" title=\"\" srcset=\"https:\/\/loudavymkrokem.cz\/wp-content\/uploads\/2026\/08\/zamek-blatna-vodni-zamek-park.jpg 1920w, https:\/\/loudavymkrokem.cz\/wp-content\/uploads\/2026\/08\/zamek-blatna-vodni-zamek-park-300x200.jpg 300w, https:\/\/loudavymkrokem.cz\/wp-content\/uploads\/2026\/08\/zamek-blatna-vodni-zamek-park-700x467.jpg 700w, https:\/\/loudavymkrokem.cz\/wp-content\/uploads\/2026\/08\/zamek-blatna-vodni-zamek-park-768x512.jpg 768w, https:\/\/loudavymkrokem.cz\/wp-content\/uploads\/2026\/08\/zamek-blatna-vodni-zamek-park-1536x1024.jpg 1536w, https:\/\/loudavymkrokem.cz\/wp-content\/uploads\/2026\/08\/zamek-blatna-vodni-zamek-park-696x464.jpg 696w, https:\/\/loudavymkrokem.cz\/wp-content\/uploads\/2026\/08\/zamek-blatna-vodni-zamek-park-1392x928.jpg 1392w\" sizes=\"(max-width: 1920px) 100vw, 1920px\" \/><button\n\t\t\tclass=\"lightbox-trigger\"\n\t\t\ttype=\"button\"\n\t\t\taria-haspopup=\"dialog\"\n\t\t\tdata-wp-bind--aria-label=\"state.thisImage.triggerButtonAriaLabel\"\n\t\t\tdata-wp-init=\"callbacks.initTriggerButton\"\n\t\t\tdata-wp-on--click=\"actions.showLightbox\"\n\t\t\tdata-wp-style--right=\"state.thisImage.buttonRight\"\n\t\t\tdata-wp-style--top=\"state.thisImage.buttonTop\"\n\t\t>\n\t\t\t<svg xmlns=\"http:\/\/www.w3.org\/2000\/svg\" width=\"12\" height=\"12\" fill=\"none\" viewBox=\"0 0 12 12\">\n\t\t\t\t<path fill=\"#fff\" d=\"M2 0a2 2 0 0 0-2 2v2h1.5V2a.5.5 0 0 1 .5-.5h2V0H2Zm2 10.5H2a.5.5 0 0 1-.5-.5V8H0v2a2 2 0 0 0 2 2h2v-1.5ZM8 12v-1.5h2a.5.5 0 0 0 .5-.5V8H12v2a2 2 0 0 1-2 2H8Zm2-12a2 2 0 0 1 2 2v2h-1.5V2a.5.5 0 0 0-.5-.5H8V0h2Z\" \/>\n\t\t\t<\/svg>\n\t\t<\/button><\/figure>\n\n\n\n<p class=\"wp-block-paragraph\">Zamek wodny Blatn\u00e1 jest oddalony o jakie\u015b p\u00f3\u0142 godziny jazdy i jest to <strong>jedno z najpopularniejszych miejsc miejscowych rodzin<\/strong>, a to dzi\u0119ki wspania\u0142emu parkowi zamkowemu. W nim bowiem swobodnie biega stado danieli, kt\u00f3re s\u0105 przyzwyczajone do odwiedzaj\u0105cych i pozwalaj\u0105 si\u0119 obserwowa\u0107 z kilku metr\u00f3w.<\/p>\n\n\n\n<p class=\"wp-block-paragraph\">Wst\u0119p do parku kosztuje <strong>zaledwie ok. 9 z\u0142 (50 K\u010d), a dzieci do sz\u00f3stego roku \u017cycia maj\u0105 wst\u0119p zupe\u0142nie za darmo<\/strong>, otwarte jest codziennie od wczesnego rana a\u017c do wieczora. Tylko bardzo uwa\u017cajcie w czasie jesiennego rykowiska, gdy obowi\u0105zuje surowy zakaz karmienia i zbli\u017cania si\u0119 do zwierz\u0105t.<\/p>\n\n\n\n<p class=\"wp-block-paragraph\">Zamek latem organizuje te\u017c <strong>specjalne dzieci\u0119ce zwiedzania dla dzieci od trzech lat<\/strong>, kt\u00f3re trwaj\u0105 mniej wi\u0119cej 40 minut i trzeba je zarezerwowa\u0107 z wyprzedzeniem. Po spacerze koniecznie zajd\u017acie do zamkowej kawiarni Oh My Deer, gdzie czasem w zagrodzie zobaczycie te\u017c urocze lamy alpaki.<\/p>\n\n\n\n<h3 class=\"wp-block-heading\"><span class=\"ez-toc-section\" id=\"40_ZOO_Hluboka\"><\/span>40. ZOO Hlubok\u00e1<span class=\"ez-toc-section-end\"><\/span><\/h3>\n\n\n\n<figure data-wp-context=\"{&quot;imageId&quot;:&quot;6a9544b8a9a4e&quot;}\" data-wp-interactive=\"core\/image\" data-wp-key=\"6a9544b8a9a4e\" class=\"wp-block-image size-full wp-lightbox-container\"><img decoding=\"async\" width=\"1600\" height=\"1244\" data-wp-class--hide=\"state.isContentHidden\" data-wp-class--show=\"state.isContentVisible\" data-wp-init=\"callbacks.setButtonStyles\" data-wp-on--click=\"actions.showLightbox\" data-wp-on--load=\"callbacks.setButtonStyles\" data-wp-on--pointerdown=\"actions.preloadImage\" data-wp-on--pointerenter=\"actions.preloadImageWithDelay\" data-wp-on--pointerleave=\"actions.cancelPreload\" data-wp-on-window--resize=\"callbacks.setButtonStyles\" src=\"https:\/\/loudavymkrokem.cz\/wp-content\/uploads\/2026\/08\/zamek-hluboka-nad-vltavou-zapad-slunce.jpg\" alt=\"Zamek Hlubok\u00e1 nad We\u0142taw\u0105 o zachodzie s\u0142o\u0144ca\" class=\"wp-image-399405\" title=\"\" srcset=\"https:\/\/loudavymkrokem.cz\/wp-content\/uploads\/2026\/08\/zamek-hluboka-nad-vltavou-zapad-slunce.jpg 1600w, https:\/\/loudavymkrokem.cz\/wp-content\/uploads\/2026\/08\/zamek-hluboka-nad-vltavou-zapad-slunce-300x233.jpg 300w, https:\/\/loudavymkrokem.cz\/wp-content\/uploads\/2026\/08\/zamek-hluboka-nad-vltavou-zapad-slunce-700x544.jpg 700w, https:\/\/loudavymkrokem.cz\/wp-content\/uploads\/2026\/08\/zamek-hluboka-nad-vltavou-zapad-slunce-768x597.jpg 768w, https:\/\/loudavymkrokem.cz\/wp-content\/uploads\/2026\/08\/zamek-hluboka-nad-vltavou-zapad-slunce-1536x1194.jpg 1536w, https:\/\/loudavymkrokem.cz\/wp-content\/uploads\/2026\/08\/zamek-hluboka-nad-vltavou-zapad-slunce-696x541.jpg 696w, https:\/\/loudavymkrokem.cz\/wp-content\/uploads\/2026\/08\/zamek-hluboka-nad-vltavou-zapad-slunce-1392x1082.jpg 1392w\" sizes=\"(max-width: 1600px) 100vw, 1600px\" \/><button\n\t\t\tclass=\"lightbox-trigger\"\n\t\t\ttype=\"button\"\n\t\t\taria-haspopup=\"dialog\"\n\t\t\tdata-wp-bind--aria-label=\"state.thisImage.triggerButtonAriaLabel\"\n\t\t\tdata-wp-init=\"callbacks.initTriggerButton\"\n\t\t\tdata-wp-on--click=\"actions.showLightbox\"\n\t\t\tdata-wp-style--right=\"state.thisImage.buttonRight\"\n\t\t\tdata-wp-style--top=\"state.thisImage.buttonTop\"\n\t\t>\n\t\t\t<svg xmlns=\"http:\/\/www.w3.org\/2000\/svg\" width=\"12\" height=\"12\" fill=\"none\" viewBox=\"0 0 12 12\">\n\t\t\t\t<path fill=\"#fff\" d=\"M2 0a2 2 0 0 0-2 2v2h1.5V2a.5.5 0 0 1 .5-.5h2V0H2Zm2 10.5H2a.5.5 0 0 1-.5-.5V8H0v2a2 2 0 0 0 2 2h2v-1.5ZM8 12v-1.5h2a.5.5 0 0 0 .5-.5V8H12v2a2 2 0 0 1-2 2H8Zm2-12a2 2 0 0 1 2 2v2h-1.5V2a.5.5 0 0 0-.5-.5H8V0h2Z\" \/>\n\t\t\t<\/svg>\n\t\t<\/button><\/figure>\n\n\n\n<p class=\"wp-block-paragraph\">Po\u0142udniowoczeski ogr\u00f3d zoologiczny w Hlubokiej jest <strong>pi\u0119kny, kompaktowy i le\u017cy mniej wi\u0119cej 40 minut od P\u00edsku<\/strong>, wi\u0119c jest to idealny cel na p\u00f3\u0142dniow\u0105 wycieczk\u0119. Hoduj\u0105 tu przede wszystkim zwierz\u0119ta ze strefy umiarkowanej Europy i Azji, a dzi\u0119ki r\u00f3wnemu terenowi ca\u0142e zoo \u015bwietnie si\u0119 zwiedza z w\u00f3zkiem.<\/p>\n\n\n\n<p class=\"wp-block-paragraph\">Podstawowy bilet dla doros\u0142ego to ok. 32 z\u0142 (180 K\u010d), a <strong>dzieci do 90 centymetr\u00f3w wzrostu maj\u0105 wst\u0119p zupe\u0142nie za darmo<\/strong>. Zoo jest otwarte przez ca\u0142y rok, w sezonie letnim od wp\u00f3\u0142 do dziewi\u0105tej rano a\u017c do si\u00f3dmej wieczorem, a przy wej\u015bciu p\u0142aci si\u0119 za parkowanie ok. 14 z\u0142 (80 K\u010d) za dzie\u0144.<\/p>\n\n\n\n<p class=\"wp-block-paragraph\">Tu\u017c obok ogrodu zoologicznego znajduje si\u0119 <strong>popularny Park Hlubok\u00e1<\/strong>, gdzie starsze dzieci od sz\u00f3stego roku \u017cycia mog\u0105 spr\u00f3bowa\u0107 adrenalinowego parku linowego, albo ca\u0142a rodzina zagra w minigolfa i poskacze na trampolinach bungee.<\/p>\n\n\n\n<h3 class=\"wp-block-heading\"><span class=\"ez-toc-section\" id=\"41_Tabor_i_jego_muzea\"><\/span>41. T\u00e1bor i jego muzea<span class=\"ez-toc-section-end\"><\/span><\/h3>\n\n\n\n<figure data-wp-context=\"{&quot;imageId&quot;:&quot;6a9544b8aa0f0&quot;}\" data-wp-interactive=\"core\/image\" data-wp-key=\"6a9544b8aa0f0\" class=\"wp-block-image size-full wp-lightbox-container\"><img decoding=\"async\" width=\"1200\" height=\"800\" data-wp-class--hide=\"state.isContentHidden\" data-wp-class--show=\"state.isContentVisible\" data-wp-init=\"callbacks.setButtonStyles\" data-wp-on--click=\"actions.showLightbox\" data-wp-on--load=\"callbacks.setButtonStyles\" data-wp-on--pointerdown=\"actions.preloadImage\" data-wp-on--pointerenter=\"actions.preloadImageWithDelay\" data-wp-on--pointerleave=\"actions.cancelPreload\" data-wp-on-window--resize=\"callbacks.setButtonStyles\" src=\"https:\/\/loudavymkrokem.cz\/wp-content\/uploads\/2026\/03\/tabor-co-videt-3.jpg\" alt=\"T\u00e1bor\" class=\"wp-image-132729\" title=\"\" srcset=\"https:\/\/loudavymkrokem.cz\/wp-content\/uploads\/2026\/03\/tabor-co-videt-3.jpg 1200w, https:\/\/loudavymkrokem.cz\/wp-content\/uploads\/2026\/03\/tabor-co-videt-3-300x200.jpg 300w, https:\/\/loudavymkrokem.cz\/wp-content\/uploads\/2026\/03\/tabor-co-videt-3-700x467.jpg 700w, https:\/\/loudavymkrokem.cz\/wp-content\/uploads\/2026\/03\/tabor-co-videt-3-768x512.jpg 768w, https:\/\/loudavymkrokem.cz\/wp-content\/uploads\/2026\/03\/tabor-co-videt-3-696x464.jpg 696w\" sizes=\"(max-width: 1200px) 100vw, 1200px\" \/><button\n\t\t\tclass=\"lightbox-trigger\"\n\t\t\ttype=\"button\"\n\t\t\taria-haspopup=\"dialog\"\n\t\t\tdata-wp-bind--aria-label=\"state.thisImage.triggerButtonAriaLabel\"\n\t\t\tdata-wp-init=\"callbacks.initTriggerButton\"\n\t\t\tdata-wp-on--click=\"actions.showLightbox\"\n\t\t\tdata-wp-style--right=\"state.thisImage.buttonRight\"\n\t\t\tdata-wp-style--top=\"state.thisImage.buttonTop\"\n\t\t>\n\t\t\t<svg xmlns=\"http:\/\/www.w3.org\/2000\/svg\" width=\"12\" height=\"12\" fill=\"none\" viewBox=\"0 0 12 12\">\n\t\t\t\t<path fill=\"#fff\" d=\"M2 0a2 2 0 0 0-2 2v2h1.5V2a.5.5 0 0 1 .5-.5h2V0H2Zm2 10.5H2a.5.5 0 0 1-.5-.5V8H0v2a2 2 0 0 0 2 2h2v-1.5ZM8 12v-1.5h2a.5.5 0 0 0 .5-.5V8H12v2a2 2 0 0 1-2 2H8Zm2-12a2 2 0 0 1 2 2v2h-1.5V2a.5.5 0 0 0-.5-.5H8V0h2Z\" \/>\n\t\t\t<\/svg>\n\t\t<\/button><\/figure>\n\n\n\n<p class=\"wp-block-paragraph\">Historyczne miasto T\u00e1bor, oddalone o nieca\u0142\u0105 godzink\u0119 jazdy, jest <strong>\u015bwietnym ratunkiem, gdy na wakacjach pada<\/strong>, bo znajdziecie tu od razu dwa wspania\u0142e muzea. Pierwszym jest s\u0142ynne Muzeum Czekolady i Marcepanu, gdzie zobaczycie niesamowite rze\u017aby z tych s\u0142odkich mas (wst\u0119p ok. 52 z\u0142 \/ 290 K\u010d, dzieci ok. 36 z\u0142 \/ 200 K\u010d, do 100 cm gratis, rodzinny ok. 150 z\u0142 \/ 830 K\u010d).<\/p>\n\n\n\n<p class=\"wp-block-paragraph\">Tu\u017c obok mie\u015bci si\u0119 <strong>Muzeum Lego, kt\u00f3re oferuje ogromn\u0105 sal\u0119 zabaw z klockami<\/strong>, gdzie dzieci wytrzymaj\u0105 buduj\u0105c przez d\u0142ugie godziny, przy czym maluchy do trzech lat maj\u0105 tu wst\u0119p za darmo. Ekspozycja jest pe\u0142na gigantycznych modeli i interaktywnych przycisk\u00f3w.<\/p>\n\n\n\n<p class=\"wp-block-paragraph\">Je\u015bli natomiast \u015bwieci\u0142oby s\u0142o\u0144ce, <strong>mo\u017cecie wybra\u0107 si\u0119 do miejscowego ZOO T\u00e1bor we V\u011btrovach<\/strong>, kt\u00f3re jest mniejsze, ale bardzo przyjemne. Wst\u0119p wyjdzie doros\u0142ego zaledwie ok. 20 z\u0142 (110 K\u010d), a dzieci do trzech lat zn\u00f3w nie p\u0142ac\u0105 nic.<\/p>\n\n\n\n<h3 class=\"wp-block-heading\"><span class=\"ez-toc-section\" id=\"42_Muzeum_Milevskich_Masek\"><\/span>42. Muzeum Milevskich Masek<span class=\"ez-toc-section-end\"><\/span><\/h3>\n\n\n\n<figure data-wp-context=\"{&quot;imageId&quot;:&quot;6a9544b8aa80e&quot;}\" data-wp-interactive=\"core\/image\" data-wp-key=\"6a9544b8aa80e\" class=\"wp-block-image size-full wp-lightbox-container\"><img decoding=\"async\" width=\"1200\" height=\"800\" data-wp-class--hide=\"state.isContentHidden\" data-wp-class--show=\"state.isContentVisible\" data-wp-init=\"callbacks.setButtonStyles\" data-wp-on--click=\"actions.showLightbox\" data-wp-on--load=\"callbacks.setButtonStyles\" data-wp-on--pointerdown=\"actions.preloadImage\" data-wp-on--pointerenter=\"actions.preloadImageWithDelay\" data-wp-on--pointerleave=\"actions.cancelPreload\" data-wp-on-window--resize=\"callbacks.setButtonStyles\" src=\"https:\/\/loudavymkrokem.cz\/wp-content\/uploads\/2026\/08\/muzeum-milevskych-maskar-expozice.jpg\" alt=\"Zapustne maski w Muzeum Milevskich Masek\" class=\"wp-image-399585\" title=\"\" srcset=\"https:\/\/loudavymkrokem.cz\/wp-content\/uploads\/2026\/08\/muzeum-milevskych-maskar-expozice.jpg 1200w, https:\/\/loudavymkrokem.cz\/wp-content\/uploads\/2026\/08\/muzeum-milevskych-maskar-expozice-300x200.jpg 300w, https:\/\/loudavymkrokem.cz\/wp-content\/uploads\/2026\/08\/muzeum-milevskych-maskar-expozice-700x467.jpg 700w, https:\/\/loudavymkrokem.cz\/wp-content\/uploads\/2026\/08\/muzeum-milevskych-maskar-expozice-768x512.jpg 768w, https:\/\/loudavymkrokem.cz\/wp-content\/uploads\/2026\/08\/muzeum-milevskych-maskar-expozice-696x464.jpg 696w\" sizes=\"(max-width: 1200px) 100vw, 1200px\" \/><button\n\t\t\tclass=\"lightbox-trigger\"\n\t\t\ttype=\"button\"\n\t\t\taria-haspopup=\"dialog\"\n\t\t\tdata-wp-bind--aria-label=\"state.thisImage.triggerButtonAriaLabel\"\n\t\t\tdata-wp-init=\"callbacks.initTriggerButton\"\n\t\t\tdata-wp-on--click=\"actions.showLightbox\"\n\t\t\tdata-wp-style--right=\"state.thisImage.buttonRight\"\n\t\t\tdata-wp-style--top=\"state.thisImage.buttonTop\"\n\t\t>\n\t\t\t<svg xmlns=\"http:\/\/www.w3.org\/2000\/svg\" width=\"12\" height=\"12\" fill=\"none\" viewBox=\"0 0 12 12\">\n\t\t\t\t<path fill=\"#fff\" d=\"M2 0a2 2 0 0 0-2 2v2h1.5V2a.5.5 0 0 1 .5-.5h2V0H2Zm2 10.5H2a.5.5 0 0 1-.5-.5V8H0v2a2 2 0 0 0 2 2h2v-1.5ZM8 12v-1.5h2a.5.5 0 0 0 .5-.5V8H12v2a2 2 0 0 1-2 2H8Zm2-12a2 2 0 0 1 2 2v2h-1.5V2a.5.5 0 0 0-.5-.5H8V0h2Z\" \/>\n\t\t\t<\/svg>\n\t\t<\/button><\/figure>\n\n\n\n<p class=\"wp-block-paragraph\">O mie\u015bcie Milevsko wiadomo, \u017ce ma najstarszy zapustny poch\u00f3d w kraju, i dlatego zaledwie 25 minut od P\u00edsku powsta\u0142o <strong>wyj\u0105tkowe Muzeum Milevskich Masek<\/strong>. To mniejsze, ale bardzo wizualne muzeum pe\u0142ne gigantycznych kolorowych masek, kt\u00f3re zdecydowanie zaciekawi\u0105 dzieci.<\/p>\n\n\n\n<p class=\"wp-block-paragraph\">Zwiedzanie nie trwa niepotrzebnie d\u0142ugo, wi\u0119c <strong>z \u0142atwo\u015bci\u0105 ogarn\u0105 je nawet niecierpliwe maluchy<\/strong>, a bilet rodzinny wyjdzie zaledwie ok. 25 z\u0142 (140 K\u010d). W miesi\u0105cach letnich maj\u0105 otwarte od poniedzia\u0142ku do soboty, a w niedziel\u0119 dopiero w godzinach popo\u0142udniowych.<\/p>\n\n\n\n<p class=\"wp-block-paragraph\">Po wizycie w muzeum mo\u017cecie <strong>przej\u015b\u0107 si\u0119 po pi\u0119knym terenie pobliskiego klasztoru w Milevsku<\/strong>, kt\u00f3ry jest otoczony przyrod\u0105 i gdzie dzieci mog\u0105 swobodnie biega\u0107 po trawiastych powierzchniach z dala od drogi.<\/p>\n\n\n\n<h3 class=\"wp-block-heading\"><span class=\"ez-toc-section\" id=\"43_Aquapark_Horazdovice\"><\/span>43. Aquapark Hora\u017e\u010fovice<span class=\"ez-toc-section-end\"><\/span><\/h3>\n\n\n\n<figure data-wp-context=\"{&quot;imageId&quot;:&quot;6a9544b8aaeb7&quot;}\" data-wp-interactive=\"core\/image\" data-wp-key=\"6a9544b8aaeb7\" class=\"wp-block-image size-full wp-lightbox-container\"><img decoding=\"async\" width=\"1919\" height=\"1281\" data-wp-class--hide=\"state.isContentHidden\" data-wp-class--show=\"state.isContentVisible\" data-wp-init=\"callbacks.setButtonStyles\" data-wp-on--click=\"actions.showLightbox\" data-wp-on--load=\"callbacks.setButtonStyles\" data-wp-on--pointerdown=\"actions.preloadImage\" data-wp-on--pointerenter=\"actions.preloadImageWithDelay\" data-wp-on--pointerleave=\"actions.cancelPreload\" data-wp-on-window--resize=\"callbacks.setButtonStyles\" src=\"https:\/\/loudavymkrokem.cz\/wp-content\/uploads\/2026\/08\/aquapark-horazdovice-bazen-tobogan.jpg\" alt=\"Hala basenowa Aquaparku Hora\u017e\u010fovice ze zje\u017cd\u017calni\u0105\" class=\"wp-image-399591\" title=\"\" srcset=\"https:\/\/loudavymkrokem.cz\/wp-content\/uploads\/2026\/08\/aquapark-horazdovice-bazen-tobogan.jpg 1919w, https:\/\/loudavymkrokem.cz\/wp-content\/uploads\/2026\/08\/aquapark-horazdovice-bazen-tobogan-300x200.jpg 300w, https:\/\/loudavymkrokem.cz\/wp-content\/uploads\/2026\/08\/aquapark-horazdovice-bazen-tobogan-700x467.jpg 700w, https:\/\/loudavymkrokem.cz\/wp-content\/uploads\/2026\/08\/aquapark-horazdovice-bazen-tobogan-768x513.jpg 768w, https:\/\/loudavymkrokem.cz\/wp-content\/uploads\/2026\/08\/aquapark-horazdovice-bazen-tobogan-1536x1025.jpg 1536w, https:\/\/loudavymkrokem.cz\/wp-content\/uploads\/2026\/08\/aquapark-horazdovice-bazen-tobogan-696x465.jpg 696w, https:\/\/loudavymkrokem.cz\/wp-content\/uploads\/2026\/08\/aquapark-horazdovice-bazen-tobogan-1392x929.jpg 1392w\" sizes=\"(max-width: 1919px) 100vw, 1919px\" \/><button\n\t\t\tclass=\"lightbox-trigger\"\n\t\t\ttype=\"button\"\n\t\t\taria-haspopup=\"dialog\"\n\t\t\tdata-wp-bind--aria-label=\"state.thisImage.triggerButtonAriaLabel\"\n\t\t\tdata-wp-init=\"callbacks.initTriggerButton\"\n\t\t\tdata-wp-on--click=\"actions.showLightbox\"\n\t\t\tdata-wp-style--right=\"state.thisImage.buttonRight\"\n\t\t\tdata-wp-style--top=\"state.thisImage.buttonTop\"\n\t\t>\n\t\t\t<svg xmlns=\"http:\/\/www.w3.org\/2000\/svg\" width=\"12\" height=\"12\" fill=\"none\" viewBox=\"0 0 12 12\">\n\t\t\t\t<path fill=\"#fff\" d=\"M2 0a2 2 0 0 0-2 2v2h1.5V2a.5.5 0 0 1 .5-.5h2V0H2Zm2 10.5H2a.5.5 0 0 1-.5-.5V8H0v2a2 2 0 0 0 2 2h2v-1.5ZM8 12v-1.5h2a.5.5 0 0 0 .5-.5V8H12v2a2 2 0 0 1-2 2H8Zm2-12a2 2 0 0 1 2 2v2h-1.5V2a.5.5 0 0 0-.5-.5H8V0h2Z\" \/>\n\t\t\t<\/svg>\n\t\t<\/button><\/figure>\n\n\n\n<p class=\"wp-block-paragraph\">Gdy chcecie si\u0119 porz\u0105dnie wyk\u0105pa\u0107, a p\u00edsecki basen wam nie wystarcza, <strong>wybierzcie si\u0119 do oddalonych o mniej wi\u0119cej 45 minut Hora\u017e\u010fovic do miejscowego aquaparku<\/strong>. W przeciwie\u0144stwie do klasycznych stadion\u00f3w p\u0142ywackich maj\u0105 tu wod\u0119 podgrzan\u0105 do pi\u0119knych 28,4 \u00b0C, co docenicie g\u0142\u00f3wnie z ma\u0142ymi zmarzni\u0119tymi dzie\u0107mi.<\/p>\n\n\n\n<p class=\"wp-block-paragraph\">Dla rodzin jest tu perfekcyjnie wyposa\u017cony <strong>basenik dzieci\u0119cy z dwiema zje\u017cd\u017calniami i wodnym grzybkiem<\/strong> w kszta\u0142cie muchomora. Wst\u0119p jest bardzo przyjazny \u2014 doros\u0142y zap\u0142aci za dwie godziny ok. 29 z\u0142 (160 K\u010d), a bilet rodzinny wyjdzie na pi\u0119kne ok. 88 z\u0142 (490 K\u010d).<\/p>\n\n\n\n<p class=\"wp-block-paragraph\">Jedyna rzecz, na kt\u00f3r\u0105 musicie uwa\u017ca\u0107, to <strong>regularny jesienny przest\u00f3j technologiczny<\/strong>, kt\u00f3ry w roku 2026 przypada na termin od 31 sierpnia do 13 wrze\u015bnia, wi\u0119c w tym czasie zdecydowanie tu nie jed\u017acie i wybierzcie raczej inny program.<\/p>\n\n\n\n<h3 class=\"wp-block-heading\"><span class=\"ez-toc-section\" id=\"44_Vodnany_i_muzeum_rybactwa\"><\/span>44. Vod\u0148any i muzeum rybactwa<span class=\"ez-toc-section-end\"><\/span><\/h3>\n\n\n\n<p class=\"wp-block-paragraph\">Zaledwie nieco ponad dwadzie\u015bcia kilometr\u00f3w od P\u00edsku le\u017cy <strong>rybackie miasto Vod\u0148any<\/strong>, kt\u00f3re oferuje bardzo przyjemn\u0105 i spokojn\u0105 alternatyw\u0119 dla ruchliwszych cel\u00f3w turystycznych. Dzieci na pewno zachwyci miejscowy Lesopark Z\u00e1ti\u0161\u00ed, przez kt\u00f3ry prowadzi zabawna \u015acie\u017cka bociana Vod\u0148ana, kt\u00f3ra jest dodatkowo og\u00f3lnodost\u0119pna i ca\u0142kowicie za darmo.<\/p>\n\n\n\n<p class=\"wp-block-paragraph\">Po spacerze na \u0142onie natury mo\u017cecie <strong>przenie\u015b\u0107 si\u0119 do Muzeum Rybactwa<\/strong>, gdzie mo\u017cna ogl\u0105da\u0107 du\u017ce akwaria z \u017cywymi rybami s\u0142odkowodnymi, co dla maluch\u00f3w jest zawsze wielkim prze\u017cyciem. Je\u015bli zostanie wam energii, wybierzcie si\u0119 kawa\u0142ek za miasto na og\u00f3lnodost\u0119pn\u0105 wie\u017c\u0119 widokow\u0105 Haniperk, sk\u0105d rozci\u0105ga si\u0119 pi\u0119kny widok na okolic\u0119.<\/p>\n\n\n\n<h2 class=\"wp-block-heading\"><span class=\"ez-toc-section\" id=\"Gdzie_zjesc_w_Pisku_z_dziecmi\"><\/span>Gdzie zje\u015b\u0107 w P\u00edsku z dzie\u0107mi<span class=\"ez-toc-section-end\"><\/span><\/h2>\n\n\n\n<figure data-wp-context=\"{&quot;imageId&quot;:&quot;6a9544b8ab73d&quot;}\" data-wp-interactive=\"core\/image\" data-wp-key=\"6a9544b8ab73d\" class=\"wp-block-image size-full wp-lightbox-container\"><img decoding=\"async\" width=\"2200\" height=\"1650\" data-wp-class--hide=\"state.isContentHidden\" data-wp-class--show=\"state.isContentVisible\" data-wp-init=\"callbacks.setButtonStyles\" data-wp-on--click=\"actions.showLightbox\" data-wp-on--load=\"callbacks.setButtonStyles\" data-wp-on--pointerdown=\"actions.preloadImage\" data-wp-on--pointerenter=\"actions.preloadImageWithDelay\" data-wp-on--pointerleave=\"actions.cancelPreload\" data-wp-on-window--resize=\"callbacks.setButtonStyles\" src=\"https:\/\/loudavymkrokem.cz\/wp-content\/uploads\/2026\/08\/pisek-travel-cafe-piskoviste-domecek.jpg\" alt=\"Piaskownica z domkiem w ogr\u00f3dku Travel Cafe w P\u00edsku\" class=\"wp-image-399550\" title=\"\" srcset=\"https:\/\/loudavymkrokem.cz\/wp-content\/uploads\/2026\/08\/pisek-travel-cafe-piskoviste-domecek.jpg 2200w, https:\/\/loudavymkrokem.cz\/wp-content\/uploads\/2026\/08\/pisek-travel-cafe-piskoviste-domecek-300x225.jpg 300w, https:\/\/loudavymkrokem.cz\/wp-content\/uploads\/2026\/08\/pisek-travel-cafe-piskoviste-domecek-700x525.jpg 700w, https:\/\/loudavymkrokem.cz\/wp-content\/uploads\/2026\/08\/pisek-travel-cafe-piskoviste-domecek-768x576.jpg 768w, https:\/\/loudavymkrokem.cz\/wp-content\/uploads\/2026\/08\/pisek-travel-cafe-piskoviste-domecek-1536x1152.jpg 1536w, https:\/\/loudavymkrokem.cz\/wp-content\/uploads\/2026\/08\/pisek-travel-cafe-piskoviste-domecek-2048x1536.jpg 2048w, https:\/\/loudavymkrokem.cz\/wp-content\/uploads\/2026\/08\/pisek-travel-cafe-piskoviste-domecek-80x60.jpg 80w, https:\/\/loudavymkrokem.cz\/wp-content\/uploads\/2026\/08\/pisek-travel-cafe-piskoviste-domecek-160x120.jpg 160w, https:\/\/loudavymkrokem.cz\/wp-content\/uploads\/2026\/08\/pisek-travel-cafe-piskoviste-domecek-696x522.jpg 696w, https:\/\/loudavymkrokem.cz\/wp-content\/uploads\/2026\/08\/pisek-travel-cafe-piskoviste-domecek-1392x1044.jpg 1392w, https:\/\/loudavymkrokem.cz\/wp-content\/uploads\/2026\/08\/pisek-travel-cafe-piskoviste-domecek-1920x1440.jpg 1920w\" sizes=\"(max-width: 2200px) 100vw, 2200px\" \/><button\n\t\t\tclass=\"lightbox-trigger\"\n\t\t\ttype=\"button\"\n\t\t\taria-haspopup=\"dialog\"\n\t\t\tdata-wp-bind--aria-label=\"state.thisImage.triggerButtonAriaLabel\"\n\t\t\tdata-wp-init=\"callbacks.initTriggerButton\"\n\t\t\tdata-wp-on--click=\"actions.showLightbox\"\n\t\t\tdata-wp-style--right=\"state.thisImage.buttonRight\"\n\t\t\tdata-wp-style--top=\"state.thisImage.buttonTop\"\n\t\t>\n\t\t\t<svg xmlns=\"http:\/\/www.w3.org\/2000\/svg\" width=\"12\" height=\"12\" fill=\"none\" viewBox=\"0 0 12 12\">\n\t\t\t\t<path fill=\"#fff\" d=\"M2 0a2 2 0 0 0-2 2v2h1.5V2a.5.5 0 0 1 .5-.5h2V0H2Zm2 10.5H2a.5.5 0 0 1-.5-.5V8H0v2a2 2 0 0 0 2 2h2v-1.5ZM8 12v-1.5h2a.5.5 0 0 0 .5-.5V8H12v2a2 2 0 0 1-2 2H8Zm2-12a2 2 0 0 1 2 2v2h-1.5V2a.5.5 0 0 0-.5-.5H8V0h2Z\" \/>\n\t\t\t<\/svg>\n\t\t<\/button><\/figure>\n\n\n\n<figure data-wp-context=\"{&quot;imageId&quot;:&quot;6a9544b8abd1b&quot;}\" data-wp-interactive=\"core\/image\" data-wp-key=\"6a9544b8abd1b\" class=\"wp-block-image size-full wp-lightbox-container\"><img decoding=\"async\" width=\"2200\" height=\"1467\" data-wp-class--hide=\"state.isContentHidden\" data-wp-class--show=\"state.isContentVisible\" data-wp-init=\"callbacks.setButtonStyles\" data-wp-on--click=\"actions.showLightbox\" data-wp-on--load=\"callbacks.setButtonStyles\" data-wp-on--pointerdown=\"actions.preloadImage\" data-wp-on--pointerenter=\"actions.preloadImageWithDelay\" data-wp-on--pointerleave=\"actions.cancelPreload\" data-wp-on-window--resize=\"callbacks.setButtonStyles\" src=\"https:\/\/loudavymkrokem.cz\/wp-content\/uploads\/2026\/08\/pisek-namesticko-zahradky.jpg\" alt=\"Placyk w centrum P\u00edsku z letnimi ogr\u00f3dkami\" class=\"wp-image-399382\" title=\"\" srcset=\"https:\/\/loudavymkrokem.cz\/wp-content\/uploads\/2026\/08\/pisek-namesticko-zahradky.jpg 2200w, https:\/\/loudavymkrokem.cz\/wp-content\/uploads\/2026\/08\/pisek-namesticko-zahradky-300x200.jpg 300w, https:\/\/loudavymkrokem.cz\/wp-content\/uploads\/2026\/08\/pisek-namesticko-zahradky-700x467.jpg 700w, https:\/\/loudavymkrokem.cz\/wp-content\/uploads\/2026\/08\/pisek-namesticko-zahradky-768x512.jpg 768w, https:\/\/loudavymkrokem.cz\/wp-content\/uploads\/2026\/08\/pisek-namesticko-zahradky-1536x1024.jpg 1536w, https:\/\/loudavymkrokem.cz\/wp-content\/uploads\/2026\/08\/pisek-namesticko-zahradky-2048x1366.jpg 2048w, https:\/\/loudavymkrokem.cz\/wp-content\/uploads\/2026\/08\/pisek-namesticko-zahradky-696x464.jpg 696w, https:\/\/loudavymkrokem.cz\/wp-content\/uploads\/2026\/08\/pisek-namesticko-zahradky-1392x928.jpg 1392w, https:\/\/loudavymkrokem.cz\/wp-content\/uploads\/2026\/08\/pisek-namesticko-zahradky-1920x1280.jpg 1920w\" sizes=\"(max-width: 2200px) 100vw, 2200px\" \/><button\n\t\t\tclass=\"lightbox-trigger\"\n\t\t\ttype=\"button\"\n\t\t\taria-haspopup=\"dialog\"\n\t\t\tdata-wp-bind--aria-label=\"state.thisImage.triggerButtonAriaLabel\"\n\t\t\tdata-wp-init=\"callbacks.initTriggerButton\"\n\t\t\tdata-wp-on--click=\"actions.showLightbox\"\n\t\t\tdata-wp-style--right=\"state.thisImage.buttonRight\"\n\t\t\tdata-wp-style--top=\"state.thisImage.buttonTop\"\n\t\t>\n\t\t\t<svg xmlns=\"http:\/\/www.w3.org\/2000\/svg\" width=\"12\" height=\"12\" fill=\"none\" viewBox=\"0 0 12 12\">\n\t\t\t\t<path fill=\"#fff\" d=\"M2 0a2 2 0 0 0-2 2v2h1.5V2a.5.5 0 0 1 .5-.5h2V0H2Zm2 10.5H2a.5.5 0 0 1-.5-.5V8H0v2a2 2 0 0 0 2 2h2v-1.5ZM8 12v-1.5h2a.5.5 0 0 0 .5-.5V8H12v2a2 2 0 0 1-2 2H8Zm2-12a2 2 0 0 1 2 2v2h-1.5V2a.5.5 0 0 0-.5-.5H8V0h2Z\" \/>\n\t\t\t<\/svg>\n\t\t<\/button><\/figure>\n\n\n\n<p class=\"wp-block-paragraph\">Gdy przychodzi do jedzenia i kawy, nie odpuszcz\u0119 <strong>Travel Cafe przy ulicy Komensk\u00e9ho<\/strong>, dok\u0105d z Jon\u00e1\u0161kiem i Luk\u00e1\u0161em chodzimy najcz\u0119\u015bciej i siadamy prawie zawsze na zewn\u0105trz. Maj\u0105 tu bowiem wspania\u0142y ogr\u00f3dek na dziedzi\u0144cu z rewelacyjn\u0105 piaskownic\u0105 i ma\u0142ym domkiem, wi\u0119c w spokoju wypijam swoj\u0105 speciality kaw\u0119, podczas gdy ma\u0142y bawi si\u0119 foremkami.<\/p>\n\n\n\n<p class=\"wp-block-paragraph\">Nie chodzi tu tylko o kaw\u0119: maj\u0105 <strong>perfekcyjne \u015bniadania i lekkie obiady<\/strong>, wi\u0119c najadamy si\u0119 tu wszyscy \u0142\u0105cznie z ma\u0142ym, kt\u00f3ry zamawia racuchy. Dla nas to zdecydowanie najbardziej ulubiony adres w mie\u015bcie.<\/p>\n\n\n\n<p class=\"wp-block-paragraph\">Je\u015bli szukasz kolejnych kawiarni przyjaznych dzieciom, koniecznie spr\u00f3buj <strong>SOHO Cafe z ogrodzonym k\u0105cikiem i wy\u015bmienitymi nale\u015bnikami<\/strong> lub kawiarni Sova na V\u011btvi, gdzie maj\u0105 w\u0142asn\u0105 palarni\u0119 i k\u0105cik zabaw. \u015awietnym wyborem jest te\u017c <strong>YEZ Caf\u00e9 bezpo\u015brednio przy miasteczku ruchu drogowego<\/strong>, gdzie maj\u0105 piaskownic\u0119 dla najm\u0142odszych, lub cukiernia Upekla (maj\u0105 te\u017c desery bezglutenowe), kt\u00f3ra skrywa kolejn\u0105 piaskownic\u0119 na swoim dziedzi\u0144cu.<\/p>\n\n\n\n<p class=\"wp-block-paragraph\">Je\u015bli chcecie po\u0142\u0105czy\u0107 obiad z pobytem na zewn\u0105trz, <strong>Restaurace Ostrov le\u017cy bezpo\u015brednio w parku nad rzek\u0105<\/strong> i tu\u017c przy jej letnim ogr\u00f3dku znajdziecie ogrodzony dzieci\u0119cy plac zabaw. Rodzice mog\u0105 wi\u0119c w p\u00f3\u0142cieniu delektowa\u0107 si\u0119 jedzeniem, podczas gdy starsze dzieci bawi\u0105 si\u0119 nieopodal lub trenuj\u0105 na miejscowym minigolfie.<\/p>\n\n\n\n<p class=\"wp-block-paragraph\">Na porz\u0105dny obiad czy kolacj\u0119 gor\u0105co polecam <strong>indyjsk\u0105 restauracj\u0119 Tandoor<\/strong>, gdzie gotuj\u0105 \u015bwietni nepalscy kucharze i robi\u0105 najlepsze wegetaria\u0144skie Palak Paneer, na kt\u00f3re z m\u0119\u017cem zawsze si\u0119 cieszymy. Ewentualnie zajd\u017acie do restauracji Do Nebe w Parku Palack\u00e9ho. To wprawdzie g\u0142\u00f3wnie steakhouse, a <strong>menu ci\u0105gle si\u0119 tam zmienia<\/strong>, wi\u0119c z wyprzedzeniem nigdy nie wiem, czy jako wegetarianie si\u0119 najemy. Czasem maj\u0105 tam jednak co\u015b bezmi\u0119snego, wi\u0119c tam chodzimy.<\/p>\n\n\n\n<p class=\"wp-block-paragraph\">Gdy najdzie was ochota na klasyczn\u0105 kuchni\u0119 w\u0142osk\u0105, <strong>Pizzeria San Marco na Wielkim Rynku<\/strong> oferuje \u015bwietn\u0105 pizz\u0119 z pieca opalanego drewnem i wy\u015bmienity domowy makaron. Podobnie \u015bwietna jest w\u0142oska restauracja Pomodoro tu\u017c obok ko\u015bcio\u0142a, gdzie latem na tarasie mo\u017cecie dodatkowo zje\u015b\u0107 ich wy\u015bmienite domowe lody.<\/p>\n\n\n\n<p class=\"wp-block-paragraph\">Je\u015bli chodzi o kolejn\u0105 kaw\u0119 speciality, lepiej skieruj si\u0119 do <strong>lokalu Coffee Dealer przy ulicy Drl\u00ed\u010dov<\/strong>, gdzie robi\u0105 \u015bwietny przelew. Cz\u0119sto polecana Kaf\u00e9rna ma wprawdzie kaw\u0119 dobr\u0105, ale obs\u0142uga jest w stanie z nieznanych powod\u00f3w krzycze\u0107 na was przez ca\u0142\u0105 ulic\u0119. Ten bar kawowy jest w\u015br\u00f3d miejscowych znany z nieprzyjemnej obs\u0142ugi i szkoda psu\u0107 sobie tym wizyt\u0119, wi\u0119c pieni\u0105dze wydaj raczej kilka krok\u00f3w dalej w Coffee Dealer.<\/p>\n\n\n\n<h2 class=\"wp-block-heading\"><span class=\"ez-toc-section\" id=\"Co_robic_w_Pisku_z_dziecmi_gdy_pada\"><\/span>Co robi\u0107 w P\u00edsku z dzie\u0107mi, gdy pada<span class=\"ez-toc-section-end\"><\/span><\/h2>\n\n\n\n<figure data-wp-context=\"{&quot;imageId&quot;:&quot;6a9544b8ac6ac&quot;}\" data-wp-interactive=\"core\/image\" data-wp-key=\"6a9544b8ac6ac\" class=\"wp-block-image size-full wp-lightbox-container\"><img decoding=\"async\" width=\"2200\" height=\"1467\" data-wp-class--hide=\"state.isContentHidden\" data-wp-class--show=\"state.isContentVisible\" data-wp-init=\"callbacks.setButtonStyles\" data-wp-on--click=\"actions.showLightbox\" data-wp-on--load=\"callbacks.setButtonStyles\" data-wp-on--pointerdown=\"actions.preloadImage\" data-wp-on--pointerenter=\"actions.preloadImageWithDelay\" data-wp-on--pointerleave=\"actions.cancelPreload\" data-wp-on-window--resize=\"callbacks.setButtonStyles\" src=\"https:\/\/loudavymkrokem.cz\/wp-content\/uploads\/2026\/08\/pisek-prachenske-muzeum-vstup.jpg\" alt=\"Przej\u015bcie na dziedziniec Muzeum Pr\u00e1che\u0148skiego w P\u00edsku\" class=\"wp-image-399345\" title=\"\" srcset=\"https:\/\/loudavymkrokem.cz\/wp-content\/uploads\/2026\/08\/pisek-prachenske-muzeum-vstup.jpg 2200w, https:\/\/loudavymkrokem.cz\/wp-content\/uploads\/2026\/08\/pisek-prachenske-muzeum-vstup-300x200.jpg 300w, https:\/\/loudavymkrokem.cz\/wp-content\/uploads\/2026\/08\/pisek-prachenske-muzeum-vstup-700x467.jpg 700w, https:\/\/loudavymkrokem.cz\/wp-content\/uploads\/2026\/08\/pisek-prachenske-muzeum-vstup-768x512.jpg 768w, https:\/\/loudavymkrokem.cz\/wp-content\/uploads\/2026\/08\/pisek-prachenske-muzeum-vstup-1536x1024.jpg 1536w, https:\/\/loudavymkrokem.cz\/wp-content\/uploads\/2026\/08\/pisek-prachenske-muzeum-vstup-2048x1366.jpg 2048w, https:\/\/loudavymkrokem.cz\/wp-content\/uploads\/2026\/08\/pisek-prachenske-muzeum-vstup-696x464.jpg 696w, https:\/\/loudavymkrokem.cz\/wp-content\/uploads\/2026\/08\/pisek-prachenske-muzeum-vstup-1392x928.jpg 1392w, https:\/\/loudavymkrokem.cz\/wp-content\/uploads\/2026\/08\/pisek-prachenske-muzeum-vstup-1920x1280.jpg 1920w\" sizes=\"(max-width: 2200px) 100vw, 2200px\" \/><button\n\t\t\tclass=\"lightbox-trigger\"\n\t\t\ttype=\"button\"\n\t\t\taria-haspopup=\"dialog\"\n\t\t\tdata-wp-bind--aria-label=\"state.thisImage.triggerButtonAriaLabel\"\n\t\t\tdata-wp-init=\"callbacks.initTriggerButton\"\n\t\t\tdata-wp-on--click=\"actions.showLightbox\"\n\t\t\tdata-wp-style--right=\"state.thisImage.buttonRight\"\n\t\t\tdata-wp-style--top=\"state.thisImage.buttonTop\"\n\t\t>\n\t\t\t<svg xmlns=\"http:\/\/www.w3.org\/2000\/svg\" width=\"12\" height=\"12\" fill=\"none\" viewBox=\"0 0 12 12\">\n\t\t\t\t<path fill=\"#fff\" d=\"M2 0a2 2 0 0 0-2 2v2h1.5V2a.5.5 0 0 1 .5-.5h2V0H2Zm2 10.5H2a.5.5 0 0 1-.5-.5V8H0v2a2 2 0 0 0 2 2h2v-1.5ZM8 12v-1.5h2a.5.5 0 0 0 .5-.5V8H12v2a2 2 0 0 1-2 2H8Zm2-12a2 2 0 0 1 2 2v2h-1.5V2a.5.5 0 0 0-.5-.5H8V0h2Z\" \/>\n\t\t\t<\/svg>\n\t\t<\/button><\/figure>\n\n\n\n<p class=\"wp-block-paragraph\">Nawet je\u015bli na wakacjach zaskoczy was z\u0142a pogoda, w P\u00edsku to wcale nie przeszkadza. Oto <strong>kr\u00f3tki przegl\u0105d najlepszych mo\u017cliwo\u015bci<\/strong>, gdzie schowa\u0107 si\u0119 z dzie\u0107mi w suche miejsce:<\/p>\n\n\n\n<ul class=\"wp-block-list\">\n<li><strong>Sladovna P\u00edsek:<\/strong> Schowajcie si\u0119 na kilka godzin do Pila\u0159i\u0161t\u011b lub Mraveni\u0161t\u011b, ale bilety kupujcie online.<\/li>\n\n\n\n<li><strong>My\u0161ka herna:<\/strong> Gigantyczne przeplotnie i trampoliny na Porty\u010di niezawodnie zm\u0119cz\u0105 dzieci a\u017c do dziesi\u0105tego roku \u017cycia.<\/li>\n\n\n\n<li><strong>Stadion p\u0142ywacki:<\/strong> Ciep\u0142a woda w baseniku dzieci\u0119cym rozgrzeje was i skr\u00f3ci deszczowe popo\u0142udnie.<\/li>\n\n\n\n<li><strong>Hernajs:<\/strong> Ma\u0142a sala zabaw na pi\u0119trze z drewnianymi zabawkami, idealna dla maluch\u00f3w mniej wi\u0119cej do dw\u00f3ch lat.<\/li>\n\n\n\n<li><strong>Kino Porty\u010d:<\/strong> Nowoczesne kino cyfrowe przy ulicy \u010cechova, kt\u00f3re wprowadza popo\u0142udniowe seanse dla dzieci.<\/li>\n\n\n\n<li><strong>Laser Ar\u00e9na P\u00edsek:<\/strong> \u015awietna, dynamiczna opcja dla starszych dzieci i uczni\u00f3w bezpo\u015brednio na rynku.<\/li>\n\n\n\n<li><strong>LezeTop:<\/strong> Kryta \u015bciana wspinaczkowa z bezpiecznym dzieci\u0119cym boulderem i przyjemnym barem.<\/li>\n<\/ul>\n\n\n\n<h2 class=\"wp-block-heading\"><span class=\"ez-toc-section\" id=\"Praktyczne_wskazowki_dla_rodzin_parkowanie_wozek_przewijanie\"><\/span>Praktyczne wskaz\u00f3wki dla rodzin: parkowanie, w\u00f3zek, przewijanie<span class=\"ez-toc-section-end\"><\/span><\/h2>\n\n\n\n<figure data-wp-context=\"{&quot;imageId&quot;:&quot;6a9544b8ad061&quot;}\" data-wp-interactive=\"core\/image\" data-wp-key=\"6a9544b8ad061\" class=\"wp-block-image size-full wp-lightbox-container\"><img decoding=\"async\" width=\"2200\" height=\"1467\" data-wp-class--hide=\"state.isContentHidden\" data-wp-class--show=\"state.isContentVisible\" data-wp-init=\"callbacks.setButtonStyles\" data-wp-on--click=\"actions.showLightbox\" data-wp-on--load=\"callbacks.setButtonStyles\" data-wp-on--pointerdown=\"actions.preloadImage\" data-wp-on--pointerenter=\"actions.preloadImageWithDelay\" data-wp-on--pointerleave=\"actions.cancelPreload\" data-wp-on-window--resize=\"callbacks.setButtonStyles\" src=\"https:\/\/loudavymkrokem.cz\/wp-content\/uploads\/2026\/08\/pisek-ulicka-vez-radnice.jpg\" alt=\"Uliczka w historycznym centrum P\u00edsku z wie\u017c\u0105 ratusza\" class=\"wp-image-399384\" title=\"\" srcset=\"https:\/\/loudavymkrokem.cz\/wp-content\/uploads\/2026\/08\/pisek-ulicka-vez-radnice.jpg 2200w, https:\/\/loudavymkrokem.cz\/wp-content\/uploads\/2026\/08\/pisek-ulicka-vez-radnice-300x200.jpg 300w, https:\/\/loudavymkrokem.cz\/wp-content\/uploads\/2026\/08\/pisek-ulicka-vez-radnice-700x467.jpg 700w, https:\/\/loudavymkrokem.cz\/wp-content\/uploads\/2026\/08\/pisek-ulicka-vez-radnice-768x512.jpg 768w, https:\/\/loudavymkrokem.cz\/wp-content\/uploads\/2026\/08\/pisek-ulicka-vez-radnice-1536x1024.jpg 1536w, https:\/\/loudavymkrokem.cz\/wp-content\/uploads\/2026\/08\/pisek-ulicka-vez-radnice-2048x1366.jpg 2048w, https:\/\/loudavymkrokem.cz\/wp-content\/uploads\/2026\/08\/pisek-ulicka-vez-radnice-696x464.jpg 696w, https:\/\/loudavymkrokem.cz\/wp-content\/uploads\/2026\/08\/pisek-ulicka-vez-radnice-1392x928.jpg 1392w, https:\/\/loudavymkrokem.cz\/wp-content\/uploads\/2026\/08\/pisek-ulicka-vez-radnice-1920x1280.jpg 1920w\" sizes=\"(max-width: 2200px) 100vw, 2200px\" \/><button\n\t\t\tclass=\"lightbox-trigger\"\n\t\t\ttype=\"button\"\n\t\t\taria-haspopup=\"dialog\"\n\t\t\tdata-wp-bind--aria-label=\"state.thisImage.triggerButtonAriaLabel\"\n\t\t\tdata-wp-init=\"callbacks.initTriggerButton\"\n\t\t\tdata-wp-on--click=\"actions.showLightbox\"\n\t\t\tdata-wp-style--right=\"state.thisImage.buttonRight\"\n\t\t\tdata-wp-style--top=\"state.thisImage.buttonTop\"\n\t\t>\n\t\t\t<svg xmlns=\"http:\/\/www.w3.org\/2000\/svg\" width=\"12\" height=\"12\" fill=\"none\" viewBox=\"0 0 12 12\">\n\t\t\t\t<path fill=\"#fff\" d=\"M2 0a2 2 0 0 0-2 2v2h1.5V2a.5.5 0 0 1 .5-.5h2V0H2Zm2 10.5H2a.5.5 0 0 1-.5-.5V8H0v2a2 2 0 0 0 2 2h2v-1.5ZM8 12v-1.5h2a.5.5 0 0 0 .5-.5V8H12v2a2 2 0 0 1-2 2H8Zm2-12a2 2 0 0 1 2 2v2h-1.5V2a.5.5 0 0 0-.5-.5H8V0h2Z\" \/>\n\t\t\t<\/svg>\n\t\t<\/button><\/figure>\n\n\n\n<p class=\"wp-block-paragraph\">Poruszanie si\u0119 po P\u00edsku jest do\u015b\u0107 \u0142atwe, ale do parkowania w centrum koniecznie <strong>pobierz aplikacj\u0119 MPLA<\/strong>, przez kt\u00f3r\u0105 po prostu zap\u0142acisz za parkowanie bez szukania drobnych. Je\u015bli chcesz parkowa\u0107 zupe\u0142nie za darmo, zostaw samoch\u00f3d przy hali sportowej Elim, ewentualnie bardzo tanio zaparkujesz na du\u017cym parkingu przy V\u00fdstavi\u0161t\u011b. Pami\u0119taj te\u017c, \u017ce przyje\u017cd\u017caj\u0105c do Czech z Polski, na autostradzie potrzebujesz elektronicznej winiety autostradowej.<\/p>\n\n\n\n<p class=\"wp-block-paragraph\">Z w\u00f3zkiem dostaniesz si\u0119 prawie wsz\u0119dzie, ale pami\u0119taj o tym, \u017ce <strong>w historycznym centrum jest kocia kostka i bruk<\/strong>, wi\u0119c przydadz\u0105 si\u0119 raczej wi\u0119ksze pompowane ko\u0142a. Za to wzd\u0142u\u017c rzeki i w parkach drogi s\u0105 pi\u0119knie r\u00f3wne i wyasfaltowane.<\/p>\n\n\n\n<p class=\"wp-block-paragraph\">Podczas wizyty w s\u0142ynnej Sladovnie nie musisz si\u0119 ba\u0107 skomplikowanej logistyki, bo <strong>w\u00f3zki wygodnie zaparkujesz w przestronnej szatni na parterze<\/strong>, gdzie jest na nie wydzielone miejsce. Podobnie wi\u0119kszo\u015b\u0107 kawiarni i restauracji z mojej listy dysponuje krzese\u0142kami dla dzieci i zapleczem do wygodnego przewijania.<\/p>\n\n\n\n<h2 class=\"wp-block-heading\"><span class=\"ez-toc-section\" id=\"Dokad_dalej\"><\/span>Dok\u0105d dalej<span class=\"ez-toc-section-end\"><\/span><\/h2>\n\n\n\n<p class=\"wp-block-paragraph\">Co si\u0119 w P\u00edsku akurat dzieje, \u015bled\u017a na <a href=\"https:\/\/pisek.info\/akce\" target=\"_blank\" rel=\"noopener\">pisek.info\/akce<\/a>, przegl\u0105d miejsc i zabytk\u00f3w ma <a href=\"https:\/\/pisek.info\/mista\" target=\"_blank\" rel=\"noopener\">pisek.info\/mista<\/a>, a rodzice doceni\u0105 ca\u0142\u0105 sekcj\u0119 <a href=\"https:\/\/pisek.info\/deti\" target=\"_blank\" rel=\"noopener\">D\u011bti<\/a> z przedszkolami, grupami dzieci\u0119cymi i k\u00f3\u0142kami.<\/p>\n\n\n\n<p class=\"wp-block-paragraph\">Je\u015bli P\u00edsek ci\u0119 zaciekawi\u0142 i chcesz go pozna\u0107 jeszcze bardziej, przeczytaj nasz artyku\u0142 <a href=\"https:\/\/loudavymkrokem.cz\/co-videt-v-pisku\/\">Co zobaczy\u0107 w P\u00edsku: 39 wskaz\u00f3wek od rodowitej mieszkanki<\/a>, gdzie znajdziesz mn\u00f3stwo ciekawostek historycznych. Do planowania d\u0142u\u017cszych wakacji przyda ci si\u0119 przewodnik <a href=\"https:\/\/loudavymkrokem.cz\/pl\/czechy-poludniowe-atrakcje\/\">Gdzie na wakacje w Czechach Po\u0142udniowych<\/a> lub inspiracja na <a href=\"https:\/\/loudavymkrokem.cz\/pl\/czechy-poludniowe-najpiekniejsze-miasta\/\">8 wycieczek po Czechach Po\u0142udniowych<\/a>.<\/p>\n\n\n\n<p class=\"wp-block-paragraph\">Je\u015bli lubisz odkrywa\u0107 kolejne pi\u0119kne miasta, zajrzyj do naszego artyku\u0142u <a href=\"https:\/\/loudavymkrokem.cz\/pl\/tabor-czechy-co-zobaczyc\/\">Co zobaczy\u0107 w T\u00e1borze<\/a> i nie zapomnij te\u017c o <a href=\"https:\/\/loudavymkrokem.cz\/pl\/ceske-budejovice-czechy-co-zobaczyc\/\">Czeskich Budziejowicach<\/a>. Mi\u0142o\u015bnicy przyrody z pewno\u015bci\u0105 doceni\u0105 wskaz\u00f3wki na <a href=\"https:\/\/loudavymkrokem.cz\/pl\/szumawa-czechy-wozkiem-trasy\/\">Szumawa z w\u00f3zkiem<\/a>, a dla szerszego rozeznania rzu\u0107 okiem na <a href=\"https:\/\/loudavymkrokem.cz\/pl\/czechy-najlepsze-miejsca-wakacje\/\">Gdzie na wakacje w Czechach<\/a>.<\/p>\n\n\n\n<p class=\"wp-block-paragraph\">A je\u015bli planujesz wycieczki tak\u017ce poza celami rodzinnymi, zajrzyj na <a href=\"https:\/\/loudavymkrokem.cz\/vylety-v-okoli-pisku\/\">Wycieczki w okolicy P\u00edsku: 30 wskaz\u00f3wek od rodowitej mieszkanki<\/a>, gdzie znajdziesz zamki, pa\u0142ace, wie\u017ce widokowe i wod\u0119 uszeregowane wed\u0142ug odleg\u0142o\u015bci od P\u00edsku.<\/p>\n\n\n\n<h2 class=\"wp-block-heading\"><span class=\"ez-toc-section\" id=\"Najczesciej_zadawane_pytania\"><\/span>Najcz\u0119\u015bciej zadawane pytania<span class=\"ez-toc-section-end\"><\/span><\/h2>\n\n\n<div id=\"rank-math-faq\" class=\"rank-math-block\">\n<div class=\"rank-math-list \">\n<div id=\"faq-question-1787751907000\" class=\"rank-math-list-item\">\n<h3 class=\"rank-math-question \"><span class=\"ez-toc-section\" id=\"Co_robic_z_dziecmi_w_Pisku_gdy_pada_deszcz\"><\/span>Co robi\u0107 z dzie\u0107mi w Pisku, gdy pada deszcz?<span class=\"ez-toc-section-end\"><\/span><\/h3>\n<div class=\"rank-math-answer \">\n\n<p>Najlepszym ratunkiem przed deszczem jest galeria zabaw Sladovna z ekspozycjami Pila\u0159i\u0161t\u011b i Mraveni\u0161t\u011b. \u015awietn\u0105 alternatyw\u0105 jest ogromna sala zabaw My\u0161ka w Porty\u010du, basen na stadionie p\u0142ywackim lub ma\u0142a sala zabaw Hernajs przy ulicy Jungmanna. Na deszczowe popo\u0142udnie sprawdzi si\u0119 tak\u017ce kino Porty\u010d z pokazami dla dzieci.<\/p>\n\n<\/div>\n<\/div>\n<div id=\"faq-question-1787751907001\" class=\"rank-math-list-item\">\n<h3 class=\"rank-math-question \"><span class=\"ez-toc-section\" id=\"Ile_kosztuje_Sladovna\"><\/span>Ile kosztuje Sladovna?<span class=\"ez-toc-section-end\"><\/span><\/h3>\n<div class=\"rank-math-answer \">\n\n<p>Podstawowy bilet wst\u0119pu do Pila\u0159i\u0161t\u011b kosztuje 25 z\u0142 od osoby, przy czym niemowl\u0119ta do roku \u017cycia maj\u0105 wst\u0119p bezp\u0142atny. Bilet rodzinny na g\u0142\u00f3wne wystawy waha si\u0119 w granicach 100\u2013125 z\u0142. Bilety koniecznie zarezerwuj z wyprzedzeniem online, pojemno\u015b\u0107 bywa szybko wyprzedana.<\/p>\n\n<\/div>\n<\/div>\n<div id=\"faq-question-1787751907002\" class=\"rank-math-list-item\">\n<h3 class=\"rank-math-question \"><span class=\"ez-toc-section\" id=\"Dokad_w_Pisku_wybrac_sie_z_malym_dzieckiem\"><\/span>Dok\u0105d w Pisku wybra\u0107 si\u0119 z ma\u0142ym dzieckiem?<span class=\"ez-toc-section-end\"><\/span><\/h3>\n<div class=\"rank-math-answer \">\n\n<p>Dla dwulatk\u00f3w idealny jest Pila\u0159i\u0161t\u011b w Sladovnie, piaskownica w Travel Cafe lub zupe\u0142nie nowy plac zabaw Na Trub\u00e1ch. Z wycieczek po okolicy maluchy najbardziej doceni\u0105 mini zoo Na\u0161e zv\u00ed\u0159\u00e1tka w Putimie, kt\u00f3re dodatkowo jest ca\u0142kowicie bezp\u0142atne.<\/p>\n\n<\/div>\n<\/div>\n<div id=\"faq-question-1787751907003\" class=\"rank-math-list-item\">\n<h3 class=\"rank-math-question \"><span class=\"ez-toc-section\" id=\"Jaka_jest_najlepsza_sala_zabaw_w_Pisku\"><\/span>Jaka jest najlepsza sala zabaw w Pisku?<span class=\"ez-toc-section-end\"><\/span><\/h3>\n<div class=\"rank-math-answer \">\n\n<p>Najwi\u0119ksza i najcz\u0119\u015bciej odwiedzana to sala zabaw My\u0161ka przy ulicy V Porty\u010di. Wyposa\u017cenie jest ju\u017c przestarza\u0142e, ale wci\u0105\u017c jest to najwi\u0119ksza przestrze\u0144 w mie\u015bcie: ogromne place zabaw do wspinania, trampolina i bezpieczny k\u0105cik dla maluch\u00f3w. Za godzin\u0119 zap\u0142acisz 17 z\u0142, ale dzieci bez problemu bawi\u0105 si\u0119 tu spokojnie przez ca\u0142e przedpo\u0142udnie.<\/p>\n\n<\/div>\n<\/div>\n<div id=\"faq-question-1787751907004\" class=\"rank-math-list-item\">\n<h3 class=\"rank-math-question \"><span class=\"ez-toc-section\" id=\"Jakie_sa_najlepsze_wycieczki_do_20_minut_jazdy\"><\/span>Jakie s\u0105 najlepsze wycieczki do 20 minut jazdy?<span class=\"ez-toc-section-end\"><\/span><\/h3>\n<div class=\"rank-math-answer \">\n\n<p>Zdecydowanie nie przegap nowego Farmapark Maletice z ogromnymi trampolinami i zwierz\u0119tami. \u015awietnym wyborem jest tak\u017ce Kr\u00e1lovstv\u00ed \u010dasu w Protiv\u00ednie, gdzie znajduje si\u0119 wspania\u0142a sala zabaw z kawiarni\u0105, lub czaruj\u0105ca Poh\u00e1dkov\u00e1 kov\u00e1rna w Selibov\u011b z \u017cywymi osio\u0142kami i warsztatami tw\u00f3rczymi.<\/p>\n\n<\/div>\n<\/div>\n<div id=\"faq-question-1787751907005\" class=\"rank-math-list-item\">\n<h3 class=\"rank-math-question \"><span class=\"ez-toc-section\" id=\"Czy_Pisek_jest_przyjazny_dla_wozkow\"><\/span>Czy Pisek jest przyjazny dla w\u00f3zk\u00f3w?<span class=\"ez-toc-section-end\"><\/span><\/h3>\n<div class=\"rank-math-answer \">\n\n<p>Tak, Pisek jest bardzo przyjazny dla w\u00f3zk\u00f3w. Nabrze\u017ce wzd\u0142u\u017c rzeki Otawy, M\u011bstsk\u00fd ostrov oraz okoliczne lasy w P\u00edseck\u00e9 hory maj\u0105 pi\u0119kne asfaltowe lub utwardzone \u015bcie\u017cki. Tylko w historycznym centrum na placach liczy si\u0119 z klasyczn\u0105 kostk\u0105 brukow\u0105 i kocimi \u0142bami.<\/p>\n\n<\/div>\n<\/div>\n<div id=\"faq-question-1787751907006\" class=\"rank-math-list-item\">\n<h3 class=\"rank-math-question \"><span class=\"ez-toc-section\" id=\"Gdzie_kapac_sie_z_dziecmi_w_Pisku\"><\/span>Gdzie k\u0105pa\u0107 si\u0119 z dzie\u0107mi w Pisku?<span class=\"ez-toc-section-end\"><\/span><\/h3>\n<div class=\"rank-math-answer \">\n\n<p>Latem absolutnie niezr\u00f3wnana jest p\u0142ywalnia u V\u00e1clava bezpo\u015brednio nad rzek\u0105, gdzie znajdziesz tak\u017ce basen dla dzieci ze zje\u017cd\u017calni\u0105 i brodzik. Poza sezonem letnim wybierz si\u0119 z dzie\u0107mi na miejski stadion p\u0142ywacki, kt\u00f3ry oferuje podgrzewany basen dla dzieci i \u0142a\u017anie parowe.<\/p>\n\n<\/div>\n<\/div>\n<div id=\"faq-question-1787751907007\" class=\"rank-math-list-item\">\n<h3 class=\"rank-math-question \"><span class=\"ez-toc-section\" id=\"Dokad_z_dziecmi_za_darmo\"><\/span>Dok\u0105d z dzie\u0107mi za darmo?<span class=\"ez-toc-section-end\"><\/span><\/h3>\n<div class=\"rank-math-answer \">\n\n<p>Ca\u0142kowicie bezp\u0142atne jest zwiedzanie ogromnych Rze\u017ab z piasku na nabrze\u017cu oraz karmienie danieli przy le\u015bnym zagrodzie U Vod\u00e1ka. Bezp\u0142atny jest r\u00f3wnie\u017c wst\u0119p na niesamowity plac zabaw z torem kulkowym na Jir\u00e1skovo n\u00e1b\u0159e\u017e\u00ed lub pi\u0119kne mini zoo z kangurami i surykatkami w pobliskiej Putimie.<\/p>\n\n<\/div>\n<\/div>\n<\/div>\n<\/div>","protected":false},"excerpt":{"rendered":"<p>Planujesz rodzinne wakacje na po\u0142udniu Czech? Miejscowa mama doradzi ci najlepsze sale zabaw, place zabaw i wycieczki w P\u00edsku, kt\u00f3re z dzie\u0107mi pokochacie.<\/p>\n","protected":false},"author":3,"featured_media":399352,"comment_status":"open","ping_status":"open","sticky":false,"template":"","format":"standard","meta":{"_acf_changed":false,"footnotes":"","rank_math_title":"P\u00edsek w Czechach z dzie\u0107mi: 44 pomys\u0142y od mamy","rank_math_description":"P\u00edsek w Czechach z dzie\u0107mi \u2014 44 sprawdzone pomys\u0142y od miejscowej mamy na sale zabaw, place zabaw i wycieczki. Zaplanuj rodzinne wakacje ju\u017c dzi\u015b!","rank_math_focus_keyword":"p\u00edsek czechy","rank_math_seo_score":""},"categories":[275,267,740],"tags":[],"class_list":["post-409389","post","type-post","status-publish","format-standard","has-post-thumbnail","category-czechy","category-europa","category-podroze"],"acf":[],"featured_image_src":"https:\/\/loudavymkrokem.cz\/wp-content\/uploads\/2026\/08\/pisek-velke-namesti-vez-kostela.jpg","author_info":{"display_name":"Lucie Kone\u010dn\u00e1","author_link":"https:\/\/loudavymkrokem.cz\/pl\/author\/lucie-konecna\/"},"_links":{"self":[{"href":"https:\/\/loudavymkrokem.cz\/pl\/wp-json\/wp\/v2\/posts\/409389","targetHints":{"allow":["GET"]}}],"collection":[{"href":"https:\/\/loudavymkrokem.cz\/pl\/wp-json\/wp\/v2\/posts"}],"about":[{"href":"https:\/\/loudavymkrokem.cz\/pl\/wp-json\/wp\/v2\/types\/post"}],"author":[{"embeddable":true,"href":"https:\/\/loudavymkrokem.cz\/pl\/wp-json\/wp\/v2\/users\/3"}],"replies":[{"embeddable":true,"href":"https:\/\/loudavymkrokem.cz\/pl\/wp-json\/wp\/v2\/comments?post=409389"}],"version-history":[{"count":2,"href":"https:\/\/loudavymkrokem.cz\/pl\/wp-json\/wp\/v2\/posts\/409389\/revisions"}],"predecessor-version":[{"id":409393,"href":"https:\/\/loudavymkrokem.cz\/pl\/wp-json\/wp\/v2\/posts\/409389\/revisions\/409393"}],"wp:featuredmedia":[{"embeddable":true,"href":"https:\/\/loudavymkrokem.cz\/pl\/wp-json\/wp\/v2\/media\/399352"}],"wp:attachment":[{"href":"https:\/\/loudavymkrokem.cz\/pl\/wp-json\/wp\/v2\/media?parent=409389"}],"wp:term":[{"taxonomy":"category","embeddable":true,"href":"https:\/\/loudavymkrokem.cz\/pl\/wp-json\/wp\/v2\/categories?post=409389"},{"taxonomy":"post_tag","embeddable":true,"href":"https:\/\/loudavymkrokem.cz\/pl\/wp-json\/wp\/v2\/tags?post=409389"}],"curies":[{"name":"wp","href":"https:\/\/api.w.org\/{rel}","templated":true}]}}