{"id":409382,"date":"2026-08-26T14:17:28","date_gmt":"2026-08-26T12:17:28","guid":{"rendered":"https:\/\/loudavymkrokem.cz\/hamburg-niemcy-atrakcje\/"},"modified":"2026-08-31T09:41:15","modified_gmt":"2026-08-31T07:41:15","slug":"hamburg-niemcy-atrakcje","status":"publish","type":"post","link":"https:\/\/loudavymkrokem.cz\/pl\/hamburg-niemcy-atrakcje\/","title":{"rendered":"Hamburg w Niemczech: 22 pomys\u0142y, co zobaczy\u0107 w Wenecji P\u00f3\u0142nocy"},"content":{"rendered":"\n<p class=\"wp-block-paragraph\">Portowe miasto pe\u0142ne czerwonej ceg\u0142y, nieko\u0144cz\u0105cych si\u0119 kana\u0142\u00f3w i nowoczesnej architektury, kt\u00f3ra majestatycznie odbija si\u0119 w tafli \u0141aby. Hamburg w Niemczech to dok\u0142adnie ta destynacja, kt\u00f3ra na pewno zaskoczy ci\u0119 wyluzowan\u0105 atmosfer\u0105 i niesamowit\u0105 r\u00f3\u017cnorodno\u015bci\u0105 \u2014 niezale\u017cnie od tego, czy kochasz fascynuj\u0105c\u0105 histori\u0119, czy szukasz najlepszych kawiarni. <strong>Niemiecka Wenecja P\u00f3\u0142nocy skrywa bowiem wi\u0119cej most\u00f3w ni\u017c Londyn i Amsterdam razem wzi\u0119te<\/strong>, co samo w sobie zapowiada niezapomniane spacery wzd\u0142u\u017c wody.<\/p>\n\n\n\n<p class=\"wp-block-paragraph\">Zebra\u0142am dla ciebie <strong>22 pomys\u0142y na to, co zobaczy\u0107 i zrobi\u0107 w Hamburgu<\/strong>, \u017ceby\u015b wyci\u0105gn\u0105\u0142 ze swojej wizyty absolutne maksimum. Przejdziemy si\u0119 razem po ikonicznym ceglanym kompleksie Speicherstadt, doradz\u0119 ci przy rezerwacji na taras widokowy Elbphilharmonie i nie pominiemy te\u017c niezb\u0119dnych informacji praktycznych. <strong>Dowiesz si\u0119 r\u00f3wnie\u017c, gdzie strategicznie si\u0119 zatrzyma\u0107<\/strong> oraz jak efektywnie korzysta\u0107 z lokalnego transportu publicznego, \u017ceby przemieszczanie si\u0119 po mie\u015bcie nie kosztowa\u0142o ci\u0119 fortuny.<\/p>\n\n\n\n<p class=\"wp-block-paragraph\">Niezale\u017cnie od tego, czy planujesz szybk\u0105 weekendow\u0105 ucieczk\u0119 od codzienno\u015bci, czy d\u0142u\u017csze wakacje pe\u0142ne odkrywania p\u00f3\u0142nocnych Niemiec, to miasto na pewno chwyci ci\u0119 za serce. <strong>Hamburg oferuje absolutnie idealne po\u0142\u0105czenie surowego portowego romantyzmu i nowoczesnego designu<\/strong>, kt\u00f3rym najlepiej cieszy\u0107 si\u0119 z dobr\u0105 kaw\u0105 w d\u0142oni, obserwuj\u0105c wielkie kontenerowce przep\u0142ywaj\u0105ce przez port.<\/p>\n\n\n\n<figure data-wp-context=\"{&quot;imageId&quot;:&quot;6a954c3d36829&quot;}\" data-wp-interactive=\"core\/image\" data-wp-key=\"6a954c3d36829\" class=\"wp-block-image size-full wp-lightbox-container\"><img decoding=\"async\" width=\"1800\" height=\"1200\" data-wp-class--hide=\"state.isContentHidden\" data-wp-class--show=\"state.isContentVisible\" data-wp-init=\"callbacks.setButtonStyles\" data-wp-on--click=\"actions.showLightbox\" data-wp-on--load=\"callbacks.setButtonStyles\" data-wp-on--pointerdown=\"actions.preloadImage\" data-wp-on--pointerenter=\"actions.preloadImageWithDelay\" data-wp-on--pointerleave=\"actions.cancelPreload\" data-wp-on-window--resize=\"callbacks.setButtonStyles\" src=\"https:\/\/loudavymkrokem.cz\/wp-content\/uploads\/2026\/08\/nemecko-clanky-co-videt-v-hamburku-01.jpg\" alt=\"Kana\u0142y Speicherstadt o zmierzchu\" class=\"wp-image-396933\" title=\"\" srcset=\"https:\/\/loudavymkrokem.cz\/wp-content\/uploads\/2026\/08\/nemecko-clanky-co-videt-v-hamburku-01.jpg 1800w, https:\/\/loudavymkrokem.cz\/wp-content\/uploads\/2026\/08\/nemecko-clanky-co-videt-v-hamburku-01-300x200.jpg 300w, https:\/\/loudavymkrokem.cz\/wp-content\/uploads\/2026\/08\/nemecko-clanky-co-videt-v-hamburku-01-700x467.jpg 700w, https:\/\/loudavymkrokem.cz\/wp-content\/uploads\/2026\/08\/nemecko-clanky-co-videt-v-hamburku-01-768x512.jpg 768w, https:\/\/loudavymkrokem.cz\/wp-content\/uploads\/2026\/08\/nemecko-clanky-co-videt-v-hamburku-01-1536x1024.jpg 1536w, https:\/\/loudavymkrokem.cz\/wp-content\/uploads\/2026\/08\/nemecko-clanky-co-videt-v-hamburku-01-696x464.jpg 696w, https:\/\/loudavymkrokem.cz\/wp-content\/uploads\/2026\/08\/nemecko-clanky-co-videt-v-hamburku-01-1392x928.jpg 1392w\" sizes=\"(max-width: 1800px) 100vw, 1800px\" \/><button\n\t\t\tclass=\"lightbox-trigger\"\n\t\t\ttype=\"button\"\n\t\t\taria-haspopup=\"dialog\"\n\t\t\tdata-wp-bind--aria-label=\"state.thisImage.triggerButtonAriaLabel\"\n\t\t\tdata-wp-init=\"callbacks.initTriggerButton\"\n\t\t\tdata-wp-on--click=\"actions.showLightbox\"\n\t\t\tdata-wp-style--right=\"state.thisImage.buttonRight\"\n\t\t\tdata-wp-style--top=\"state.thisImage.buttonTop\"\n\t\t>\n\t\t\t<svg xmlns=\"http:\/\/www.w3.org\/2000\/svg\" width=\"12\" height=\"12\" fill=\"none\" viewBox=\"0 0 12 12\">\n\t\t\t\t<path fill=\"#fff\" d=\"M2 0a2 2 0 0 0-2 2v2h1.5V2a.5.5 0 0 1 .5-.5h2V0H2Zm2 10.5H2a.5.5 0 0 1-.5-.5V8H0v2a2 2 0 0 0 2 2h2v-1.5ZM8 12v-1.5h2a.5.5 0 0 0 .5-.5V8H12v2a2 2 0 0 1-2 2H8Zm2-12a2 2 0 0 1 2 2v2h-1.5V2a.5.5 0 0 0-.5-.5H8V0h2Z\" \/>\n\t\t\t<\/svg>\n\t\t<\/button><figcaption class=\"wp-element-caption\">Foto: Dietmar Rabich \/ Wikimedia Commons, CC BY-SA 4.0<\/figcaption><\/figure>\n\n\n\n<div id=\"ez-toc-container\" class=\"ez-toc-v2_0_86 ez-toc-wrap-left counter-hierarchy ez-toc-counter ez-toc-grey ez-toc-container-direction\">\n<div class=\"ez-toc-title-container\">\n<p class=\"ez-toc-title\" style=\"cursor:inherit\">Tre\u015b\u0107 artyku\u0142u<\/p>\n<span class=\"ez-toc-title-toggle\"><a href=\"#\" class=\"ez-toc-pull-right ez-toc-btn ez-toc-btn-xs ez-toc-btn-default ez-toc-toggle\" aria-label=\"Prze\u0142\u0105cznik Spisu Tre\u015bci\"><span class=\"ez-toc-js-icon-con\"><span class=\"\"><span class=\"eztoc-hide\" style=\"display:none;\">Toggle<\/span><span class=\"ez-toc-icon-toggle-span\"><svg style=\"fill: #999;color:#999\" xmlns=\"http:\/\/www.w3.org\/2000\/svg\" class=\"list-377408\" width=\"20px\" height=\"20px\" viewBox=\"0 0 24 24\" fill=\"none\"><path d=\"M6 6H4v2h2V6zm14 0H8v2h12V6zM4 11h2v2H4v-2zm16 0H8v2h12v-2zM4 16h2v2H4v-2zm16 0H8v2h12v-2z\" fill=\"currentColor\"><\/path><\/svg><svg style=\"fill: #999;color:#999\" class=\"arrow-unsorted-368013\" xmlns=\"http:\/\/www.w3.org\/2000\/svg\" width=\"10px\" height=\"10px\" viewBox=\"0 0 24 24\" version=\"1.2\" baseProfile=\"tiny\"><path d=\"M18.2 9.3l-6.2-6.3-6.2 6.3c-.2.2-.3.4-.3.7s.1.5.3.7c.2.2.4.3.7.3h11c.3 0 .5-.1.7-.3.2-.2.3-.5.3-.7s-.1-.5-.3-.7zM5.8 14.7l6.2 6.3 6.2-6.3c.2-.2.3-.5.3-.7s-.1-.5-.3-.7c-.2-.2-.4-.3-.7-.3h-11c-.3 0-.5.1-.7.3-.2.2-.3.5-.3.7s.1.5.3.7z\"\/><\/svg><\/span><\/span><\/span><\/a><\/span><\/div>\n<nav><ul class='ez-toc-list ez-toc-list-level-1 ' ><ul class='ez-toc-list-level-3' ><li class='ez-toc-heading-level-3'><a class=\"ez-toc-link ez-toc-heading-1\" href=\"https:\/\/loudavymkrokem.cz\/pl\/hamburg-niemcy-atrakcje\/#Podsumowanie_dla_tych_ktorzy_nie_maja_czasu_czytac_calego_artykulu\" >Podsumowanie dla tych, kt\u00f3rzy nie maj\u0105 czasu czyta\u0107 ca\u0142ego artyku\u0142u<\/a><\/li><\/ul><\/li><li class='ez-toc-page-1 ez-toc-heading-level-2'><a class=\"ez-toc-link ez-toc-heading-2\" href=\"https:\/\/loudavymkrokem.cz\/pl\/hamburg-niemcy-atrakcje\/#Kiedy_wybrac_sie_do_Hamburga\" >Kiedy wybra\u0107 si\u0119 do Hamburga<\/a><\/li><li class='ez-toc-page-1 ez-toc-heading-level-2'><a class=\"ez-toc-link ez-toc-heading-3\" href=\"https:\/\/loudavymkrokem.cz\/pl\/hamburg-niemcy-atrakcje\/#Gdzie_sie_zatrzymac_w_Hamburgu\" >Gdzie si\u0119 zatrzyma\u0107 w Hamburgu<\/a><\/li><li class='ez-toc-page-1 ez-toc-heading-level-2'><a class=\"ez-toc-link ez-toc-heading-4\" href=\"https:\/\/loudavymkrokem.cz\/pl\/hamburg-niemcy-atrakcje\/#22_pomysly_co_zobaczyc_i_zrobic_w_Hamburgu\" >22 pomys\u0142y, co zobaczy\u0107 i zrobi\u0107 w Hamburgu<\/a><ul class='ez-toc-list-level-3' ><li class='ez-toc-heading-level-3'><a class=\"ez-toc-link ez-toc-heading-5\" href=\"https:\/\/loudavymkrokem.cz\/pl\/hamburg-niemcy-atrakcje\/#1_Speicherstadt\" >1. Speicherstadt<\/a><\/li><li class='ez-toc-page-1 ez-toc-heading-level-3'><a class=\"ez-toc-link ez-toc-heading-6\" href=\"https:\/\/loudavymkrokem.cz\/pl\/hamburg-niemcy-atrakcje\/#2_Miniatur_Wunderland\" >2. Miniatur Wunderland<\/a><\/li><li class='ez-toc-page-1 ez-toc-heading-level-3'><a class=\"ez-toc-link ez-toc-heading-7\" href=\"https:\/\/loudavymkrokem.cz\/pl\/hamburg-niemcy-atrakcje\/#3_Elbphilharmonie\" >3. Elbphilharmonie<\/a><\/li><li class='ez-toc-page-1 ez-toc-heading-level-3'><a class=\"ez-toc-link ez-toc-heading-8\" href=\"https:\/\/loudavymkrokem.cz\/pl\/hamburg-niemcy-atrakcje\/#4_Nowoczesna_dzielnica_HafenCity\" >4. Nowoczesna dzielnica HafenCity<\/a><\/li><li class='ez-toc-page-1 ez-toc-heading-level-3'><a class=\"ez-toc-link ez-toc-heading-9\" href=\"https:\/\/loudavymkrokem.cz\/pl\/hamburg-niemcy-atrakcje\/#5_International_Maritime_Museum\" >5. International Maritime Museum<\/a><\/li><li class='ez-toc-page-1 ez-toc-heading-level-3'><a class=\"ez-toc-link ez-toc-heading-10\" href=\"https:\/\/loudavymkrokem.cz\/pl\/hamburg-niemcy-atrakcje\/#6_Prom_linia_62_jako_rejs_widokowy\" >6. Prom linia 62 jako rejs widokowy<\/a><\/li><li class='ez-toc-page-1 ez-toc-heading-level-3'><a class=\"ez-toc-link ez-toc-heading-11\" href=\"https:\/\/loudavymkrokem.cz\/pl\/hamburg-niemcy-atrakcje\/#7_Niedzielny_Fischmarkt\" >7. Niedzielny Fischmarkt<\/a><\/li><li class='ez-toc-page-1 ez-toc-heading-level-3'><a class=\"ez-toc-link ez-toc-heading-12\" href=\"https:\/\/loudavymkrokem.cz\/pl\/hamburg-niemcy-atrakcje\/#8_Reeperbahn_i_St_Pauli\" >8. Reeperbahn i St. Pauli<\/a><\/li><li class='ez-toc-page-1 ez-toc-heading-level-3'><a class=\"ez-toc-link ez-toc-heading-13\" href=\"https:\/\/loudavymkrokem.cz\/pl\/hamburg-niemcy-atrakcje\/#9_Park_Planten_un_Blomen\" >9. Park Planten un Blomen<\/a><\/li><li class='ez-toc-page-1 ez-toc-heading-level-3'><a class=\"ez-toc-link ez-toc-heading-14\" href=\"https:\/\/loudavymkrokem.cz\/pl\/hamburg-niemcy-atrakcje\/#10_Ratusz_Rathaus\" >10. Ratusz (Rathaus)<\/a><\/li><li class='ez-toc-page-1 ez-toc-heading-level-3'><a class=\"ez-toc-link ez-toc-heading-15\" href=\"https:\/\/loudavymkrokem.cz\/pl\/hamburg-niemcy-atrakcje\/#11_Jeziora_Alster\" >11. Jeziora Alster<\/a><\/li><li class='ez-toc-page-1 ez-toc-heading-level-3'><a class=\"ez-toc-link ez-toc-heading-16\" href=\"https:\/\/loudavymkrokem.cz\/pl\/hamburg-niemcy-atrakcje\/#12_Pomnik_swietego_Mikolaja_St_Nikolai_Mahnmal\" >12. Pomnik \u015bwi\u0119tego Miko\u0142aja (St. Nikolai Mahnmal)<\/a><\/li><li class='ez-toc-page-1 ez-toc-heading-level-3'><a class=\"ez-toc-link ez-toc-heading-17\" href=\"https:\/\/loudavymkrokem.cz\/pl\/hamburg-niemcy-atrakcje\/#13_Stary_tunel_pod_Laba_Alter_Elbtunnel\" >13. Stary tunel pod \u0141ab\u0105 (Alter Elbtunnel)<\/a><\/li><li class='ez-toc-page-1 ez-toc-heading-level-3'><a class=\"ez-toc-link ez-toc-heading-18\" href=\"https:\/\/loudavymkrokem.cz\/pl\/hamburg-niemcy-atrakcje\/#14_Dzielnica_Kontorhausviertel_i_Chilehaus\" >14. Dzielnica Kontorhausviertel i Chilehaus<\/a><\/li><li class='ez-toc-page-1 ez-toc-heading-level-3'><a class=\"ez-toc-link ez-toc-heading-19\" href=\"https:\/\/loudavymkrokem.cz\/pl\/hamburg-niemcy-atrakcje\/#15_Hamburger_Kunsthalle\" >15. Hamburger Kunsthalle<\/a><\/li><li class='ez-toc-page-1 ez-toc-heading-level-3'><a class=\"ez-toc-link ez-toc-heading-20\" href=\"https:\/\/loudavymkrokem.cz\/pl\/hamburg-niemcy-atrakcje\/#16_Dialog_im_Dunkeln\" >16. Dialog im Dunkeln<\/a><\/li><li class='ez-toc-page-1 ez-toc-heading-level-3'><a class=\"ez-toc-link ez-toc-heading-21\" href=\"https:\/\/loudavymkrokem.cz\/pl\/hamburg-niemcy-atrakcje\/#17_Dzielnica_pelna_schodow_Treppenviertel_Blankenese\" >17. Dzielnica pe\u0142na schod\u00f3w Treppenviertel Blankenese<\/a><\/li><li class='ez-toc-page-1 ez-toc-heading-level-3'><a class=\"ez-toc-link ez-toc-heading-22\" href=\"https:\/\/loudavymkrokem.cz\/pl\/hamburg-niemcy-atrakcje\/#18_Kosciol_swietego_Michala_Michel\" >18. Ko\u015bci\u00f3\u0142 \u015bwi\u0119tego Micha\u0142a (Michel)<\/a><\/li><li class='ez-toc-page-1 ez-toc-heading-level-3'><a class=\"ez-toc-link ez-toc-heading-23\" href=\"https:\/\/loudavymkrokem.cz\/pl\/hamburg-niemcy-atrakcje\/#19_Muzeum_czekolady_Chocoversum\" >19. Muzeum czekolady Chocoversum<\/a><\/li><li class='ez-toc-page-1 ez-toc-heading-level-3'><a class=\"ez-toc-link ez-toc-heading-24\" href=\"https:\/\/loudavymkrokem.cz\/pl\/hamburg-niemcy-atrakcje\/#20_Hipsterska_dzielnica_Schanzenviertel\" >20. Hipsterska dzielnica Schanzenviertel<\/a><\/li><li class='ez-toc-page-1 ez-toc-heading-level-3'><a class=\"ez-toc-link ez-toc-heading-25\" href=\"https:\/\/loudavymkrokem.cz\/pl\/hamburg-niemcy-atrakcje\/#21_Statki_muzea_Cap_San_Diego_i_Rickmer_Rickmers\" >21. Statki muzea Cap San Diego i Rickmer Rickmers<\/a><\/li><li class='ez-toc-page-1 ez-toc-heading-level-3'><a class=\"ez-toc-link ez-toc-heading-26\" href=\"https:\/\/loudavymkrokem.cz\/pl\/hamburg-niemcy-atrakcje\/#22_Zielona_i_zrownowazona_gastronomia\" >22. Zielona i zr\u00f3wnowa\u017cona gastronomia<\/a><\/li><\/ul><\/li><li class='ez-toc-page-1 ez-toc-heading-level-2'><a class=\"ez-toc-link ez-toc-heading-27\" href=\"https:\/\/loudavymkrokem.cz\/pl\/hamburg-niemcy-atrakcje\/#Dokad_dalej_z_Hamburga\" >Dok\u0105d dalej z Hamburga<\/a><\/li><li class='ez-toc-page-1 ez-toc-heading-level-2'><a class=\"ez-toc-link ez-toc-heading-28\" href=\"https:\/\/loudavymkrokem.cz\/pl\/hamburg-niemcy-atrakcje\/#Najczesciej_zadawane_pytania\" >Najcz\u0119\u015bciej zadawane pytania<\/a><ul class='ez-toc-list-level-3' ><li class='ez-toc-heading-level-3'><a class=\"ez-toc-link ez-toc-heading-29\" href=\"https:\/\/loudavymkrokem.cz\/pl\/hamburg-niemcy-atrakcje\/#Ile_dni_potrzebuje_na_zwiedzanie_Hamburga\" >Ile dni potrzebuj\u0119 na zwiedzanie Hamburga?<\/a><\/li><li class='ez-toc-page-1 ez-toc-heading-level-3'><a class=\"ez-toc-link ez-toc-heading-30\" href=\"https:\/\/loudavymkrokem.cz\/pl\/hamburg-niemcy-atrakcje\/#Jak_najlepiej_dostac_sie_z_lotniska_do_centrum_miasta\" >Jak najlepiej dosta\u0107 si\u0119 z lotniska do centrum miasta?<\/a><\/li><li class='ez-toc-page-1 ez-toc-heading-level-3'><a class=\"ez-toc-link ez-toc-heading-31\" href=\"https:\/\/loudavymkrokem.cz\/pl\/hamburg-niemcy-atrakcje\/#Czy_miasto_jest_odpowiednie_dla_rodzin_z_dziecmi\" >Czy miasto jest odpowiednie dla rodzin z dzie\u0107mi?<\/a><\/li><li class='ez-toc-page-1 ez-toc-heading-level-3'><a class=\"ez-toc-link ez-toc-heading-32\" href=\"https:\/\/loudavymkrokem.cz\/pl\/hamburg-niemcy-atrakcje\/#Jak_jest_z_transportem_i_czy_oplaca_sie_Hamburg_Card\" >Jak jest z transportem i czy op\u0142aca si\u0119 Hamburg Card?<\/a><\/li><li class='ez-toc-page-1 ez-toc-heading-level-3'><a class=\"ez-toc-link ez-toc-heading-33\" href=\"https:\/\/loudavymkrokem.cz\/pl\/hamburg-niemcy-atrakcje\/#Jaki_budzet_na_wejsciowki_powinienem_zaplanowac\" >Jaki bud\u017cet na wej\u015bci\u00f3wki powinienem zaplanowa\u0107?<\/a><\/li><li class='ez-toc-page-1 ez-toc-heading-level-3'><a class=\"ez-toc-link ez-toc-heading-34\" href=\"https:\/\/loudavymkrokem.cz\/pl\/hamburg-niemcy-atrakcje\/#Czy_musze_kupowac_bilety_na_glowne_zabytki_z_wyprzedzeniem\" >Czy musz\u0119 kupowa\u0107 bilety na g\u0142\u00f3wne zabytki z wyprzedzeniem?<\/a><\/li><li class='ez-toc-page-1 ez-toc-heading-level-3'><a class=\"ez-toc-link ez-toc-heading-35\" href=\"https:\/\/loudavymkrokem.cz\/pl\/hamburg-niemcy-atrakcje\/#Co_mozna_robic_w_miescie_kiedy_akurat_pada_deszcz\" >Co mo\u017cna robi\u0107 w mie\u015bcie, kiedy akurat pada deszcz?<\/a><\/li><\/ul><\/li><\/ul><\/nav><\/div>\n<h3 class=\"wp-block-heading\"><span class=\"ez-toc-section\" id=\"Podsumowanie_dla_tych_ktorzy_nie_maja_czasu_czytac_calego_artykulu\"><\/span>Podsumowanie dla tych, kt\u00f3rzy nie maj\u0105 czasu czyta\u0107 ca\u0142ego artyku\u0142u<span class=\"ez-toc-section-end\"><\/span><\/h3>\n\n\n\n<ul class=\"wp-block-list\">\n\n<li><strong>Miniatur Wunderland:<\/strong> Najwi\u0119ksza makieta kolejowa na \u015bwiecie za 25 euro, gdzie <strong>musisz zarezerwowa\u0107 wej\u015bcie na konkretn\u0105 godzin\u0119 kilka tygodni wcze\u015bniej<\/strong>.<\/li>\n\n\n\n<li><strong>Speicherstadt:<\/strong> Fascynuj\u0105cy kompleks historycznych magazyn\u00f3w pod ochron\u0105 UNESCO, kt\u00f3ry <strong>najlepiej sfotografujesz po zmroku<\/strong>.<\/li>\n\n\n\n<li><strong>Elbphilharmonie:<\/strong> Ikoniczny gmach koncertowy z tarasem widokowym Plaza, <strong>na kt\u00f3ry wejdziesz za darmo po wcze\u015bniejszej rezerwacji online<\/strong>.<\/li>\n\n\n\n<li><strong>Prom linia 62:<\/strong> Najlepszy spos\u00f3b, by prze\u017cy\u0107 widokowy rejs po \u0141abie <strong>zupe\u0142nie za darmo w ramach zwyk\u0142ego biletu na komunikacj\u0119 miejsk\u0105<\/strong>.<\/li>\n\n\n\n<li><strong>HafenCity:<\/strong> Nowoczesna dzielnica pe\u0142na zachwycaj\u0105cej architektury, kt\u00f3ra wraz z g\u0142\u00f3wnymi muzeami <strong>bez problemu zajmie ci ca\u0142y dzie\u0144<\/strong>.<\/li>\n\n\n\n<li><strong>St. Pauli i Reeperbahn:<\/strong> Legendarna dzielnica s\u0142yn\u0105ca z hucznego \u017cycia nocnego, gdzie <strong>karier\u0119 zaczynali kiedy\u015b s\u0142ynni Beatlesi<\/strong>.<\/li>\n\n\n<\/ul>\n\n\n\n<figure data-wp-context=\"{&quot;imageId&quot;:&quot;6a954c3d37056&quot;}\" data-wp-interactive=\"core\/image\" data-wp-key=\"6a954c3d37056\" class=\"wp-block-image size-full wp-lightbox-container\"><img decoding=\"async\" width=\"1800\" height=\"1200\" data-wp-class--hide=\"state.isContentHidden\" data-wp-class--show=\"state.isContentVisible\" data-wp-init=\"callbacks.setButtonStyles\" data-wp-on--click=\"actions.showLightbox\" data-wp-on--load=\"callbacks.setButtonStyles\" data-wp-on--pointerdown=\"actions.preloadImage\" data-wp-on--pointerenter=\"actions.preloadImageWithDelay\" data-wp-on--pointerleave=\"actions.cancelPreload\" data-wp-on-window--resize=\"callbacks.setButtonStyles\" src=\"https:\/\/loudavymkrokem.cz\/wp-content\/uploads\/2026\/08\/nemecko-clanky-co-videt-v-hamburku-02.jpg\" alt=\"Hamburg i jezioro Alster\" class=\"wp-image-396942\" title=\"\" srcset=\"https:\/\/loudavymkrokem.cz\/wp-content\/uploads\/2026\/08\/nemecko-clanky-co-videt-v-hamburku-02.jpg 1800w, https:\/\/loudavymkrokem.cz\/wp-content\/uploads\/2026\/08\/nemecko-clanky-co-videt-v-hamburku-02-300x200.jpg 300w, https:\/\/loudavymkrokem.cz\/wp-content\/uploads\/2026\/08\/nemecko-clanky-co-videt-v-hamburku-02-700x467.jpg 700w, https:\/\/loudavymkrokem.cz\/wp-content\/uploads\/2026\/08\/nemecko-clanky-co-videt-v-hamburku-02-768x512.jpg 768w, https:\/\/loudavymkrokem.cz\/wp-content\/uploads\/2026\/08\/nemecko-clanky-co-videt-v-hamburku-02-1536x1024.jpg 1536w, https:\/\/loudavymkrokem.cz\/wp-content\/uploads\/2026\/08\/nemecko-clanky-co-videt-v-hamburku-02-696x464.jpg 696w, https:\/\/loudavymkrokem.cz\/wp-content\/uploads\/2026\/08\/nemecko-clanky-co-videt-v-hamburku-02-1392x928.jpg 1392w\" sizes=\"(max-width: 1800px) 100vw, 1800px\" \/><button\n\t\t\tclass=\"lightbox-trigger\"\n\t\t\ttype=\"button\"\n\t\t\taria-haspopup=\"dialog\"\n\t\t\tdata-wp-bind--aria-label=\"state.thisImage.triggerButtonAriaLabel\"\n\t\t\tdata-wp-init=\"callbacks.initTriggerButton\"\n\t\t\tdata-wp-on--click=\"actions.showLightbox\"\n\t\t\tdata-wp-style--right=\"state.thisImage.buttonRight\"\n\t\t\tdata-wp-style--top=\"state.thisImage.buttonTop\"\n\t\t>\n\t\t\t<svg xmlns=\"http:\/\/www.w3.org\/2000\/svg\" width=\"12\" height=\"12\" fill=\"none\" viewBox=\"0 0 12 12\">\n\t\t\t\t<path fill=\"#fff\" d=\"M2 0a2 2 0 0 0-2 2v2h1.5V2a.5.5 0 0 1 .5-.5h2V0H2Zm2 10.5H2a.5.5 0 0 1-.5-.5V8H0v2a2 2 0 0 0 2 2h2v-1.5ZM8 12v-1.5h2a.5.5 0 0 0 .5-.5V8H12v2a2 2 0 0 1-2 2H8Zm2-12a2 2 0 0 1 2 2v2h-1.5V2a.5.5 0 0 0-.5-.5H8V0h2Z\" \/>\n\t\t\t<\/svg>\n\t\t<\/button><figcaption class=\"wp-element-caption\">Foto: Frank Rietsch \/ Pexels<\/figcaption><\/figure>\n\n\n\n<h2 class=\"wp-block-heading\"><span class=\"ez-toc-section\" id=\"Kiedy_wybrac_sie_do_Hamburga\"><\/span>Kiedy wybra\u0107 si\u0119 do Hamburga<span class=\"ez-toc-section-end\"><\/span><\/h2>\n\n\n\n<p class=\"wp-block-paragraph\">P\u00f3\u0142nocne Niemcy s\u0105 absolutnie specyficzne pod wzgl\u0119dem zmiennej nadmorskiej pogody, na kt\u00f3r\u0105 miejscowi maj\u0105 nawet w\u0142asne okre\u015blenie Schietwetter, dlatego zdecydowanie warto nie lekcewa\u017cy\u0107 przygotowa\u0144 i spakowa\u0107 ubrania na cebulk\u0119. <strong>Najlepszym okresem na wizyt\u0119 s\u0105 jednoznacznie letnie miesi\u0105ce od czerwca do sierpnia<\/strong>, gdy temperatury zwykle si\u0119gaj\u0105 przyjemnych dwudziestu pi\u0119ciu stopni, a dni s\u0105 pi\u0119knie d\u0142ugie. Zachodz\u0105ce s\u0142o\u0144ce dodatkowo nadaje ceglanym budynkom w porcie cudownego z\u0142ocistego odcienia, kt\u00f3ry pokochasz. Musisz jednak liczy\u0107 si\u0119 z tym, \u017ce to g\u0142\u00f3wny sezon turystyczny, wi\u0119c przy kluczowych zabytkach spotkasz najwi\u0119cej ludzi, a noclegi bywaj\u0105 najdro\u017csze.<\/p>\n\n\n\n<p class=\"wp-block-paragraph\">Je\u015bli wolisz spokojniejsze tempo i mniejsze t\u0142umy turyst\u00f3w, <strong>\u015bwietnym wyborem jest p\u00f3\u017ana wiosna lub pocz\u0105tek jesieni<\/strong>, gdy miasto mieni si\u0119 przepi\u0119knymi odcieniami, a ceny hoteli spadaj\u0105 do bardziej przyst\u0119pnego poziomu. Cho\u0107 w maju czy we wrze\u015bniu mo\u017ce ci\u0119 czasem zaskoczy\u0107 przelotny deszcz i typowy silny wiatr od morza, miasto ma w tym okresie niesamowicie melancholijn\u0105 atmosfer\u0119. Zawsze jednak warto mie\u0107 pod r\u0119k\u0105 dobr\u0105 przeciwdeszczow\u0105 kurtk\u0119, bo klasyczne parasole przy tutejszym silnym wietrze cz\u0119sto zawodz\u0105 i raczej by\u015b z nimi walczy\u0142.<\/p>\n\n\n\n<p class=\"wp-block-paragraph\">Zimowe miesi\u0105ce wprawdzie przynosz\u0105 ch\u0142odniejsz\u0105 pogod\u0119 i wczesny zmierzch, ale miasto zyskuje wtedy zupe\u0142nie inny czar, kt\u00f3rego warto do\u015bwiadczy\u0107. <strong>Okres przed\u015bwi\u0105teczny jest absolutnie magiczny dzi\u0119ki wielu jarmarkom rozsianym po ca\u0142ym mie\u015bcie<\/strong>, kt\u00f3re pachn\u0105 pieczonymi kasztanami, grzanym winem i tradycyjnymi piernikami. Zim\u0105 znacznie lepiej rozsmakujesz si\u0119 te\u017c w ekspozycjach wewn\u0119trznych, ogrzanych kawiarniach i muzeach, kt\u00f3rych jest tu naprawd\u0119 bez liku, wi\u0119c ewentualny deszcz w og\u00f3le nie musi ci przeszkadza\u0107. \u263a\ufe0f<\/p>\n\n\n\n<figure data-wp-context=\"{&quot;imageId&quot;:&quot;6a954c3d3777c&quot;}\" data-wp-interactive=\"core\/image\" data-wp-key=\"6a954c3d3777c\" class=\"wp-block-image size-full wp-lightbox-container\"><img decoding=\"async\" width=\"1800\" height=\"1200\" data-wp-class--hide=\"state.isContentHidden\" data-wp-class--show=\"state.isContentVisible\" data-wp-init=\"callbacks.setButtonStyles\" data-wp-on--click=\"actions.showLightbox\" data-wp-on--load=\"callbacks.setButtonStyles\" data-wp-on--pointerdown=\"actions.preloadImage\" data-wp-on--pointerenter=\"actions.preloadImageWithDelay\" data-wp-on--pointerleave=\"actions.cancelPreload\" data-wp-on-window--resize=\"callbacks.setButtonStyles\" src=\"https:\/\/loudavymkrokem.cz\/wp-content\/uploads\/2026\/08\/nemecko-clanky-co-videt-v-hamburku-03.jpg\" alt=\"Nowoczesna architektura dzielnicy HafenCity\" class=\"wp-image-396944\" title=\"\" srcset=\"https:\/\/loudavymkrokem.cz\/wp-content\/uploads\/2026\/08\/nemecko-clanky-co-videt-v-hamburku-03.jpg 1800w, https:\/\/loudavymkrokem.cz\/wp-content\/uploads\/2026\/08\/nemecko-clanky-co-videt-v-hamburku-03-300x200.jpg 300w, https:\/\/loudavymkrokem.cz\/wp-content\/uploads\/2026\/08\/nemecko-clanky-co-videt-v-hamburku-03-700x467.jpg 700w, https:\/\/loudavymkrokem.cz\/wp-content\/uploads\/2026\/08\/nemecko-clanky-co-videt-v-hamburku-03-768x512.jpg 768w, https:\/\/loudavymkrokem.cz\/wp-content\/uploads\/2026\/08\/nemecko-clanky-co-videt-v-hamburku-03-1536x1024.jpg 1536w, https:\/\/loudavymkrokem.cz\/wp-content\/uploads\/2026\/08\/nemecko-clanky-co-videt-v-hamburku-03-696x464.jpg 696w, https:\/\/loudavymkrokem.cz\/wp-content\/uploads\/2026\/08\/nemecko-clanky-co-videt-v-hamburku-03-1392x928.jpg 1392w\" sizes=\"(max-width: 1800px) 100vw, 1800px\" \/><button\n\t\t\tclass=\"lightbox-trigger\"\n\t\t\ttype=\"button\"\n\t\t\taria-haspopup=\"dialog\"\n\t\t\tdata-wp-bind--aria-label=\"state.thisImage.triggerButtonAriaLabel\"\n\t\t\tdata-wp-init=\"callbacks.initTriggerButton\"\n\t\t\tdata-wp-on--click=\"actions.showLightbox\"\n\t\t\tdata-wp-style--right=\"state.thisImage.buttonRight\"\n\t\t\tdata-wp-style--top=\"state.thisImage.buttonTop\"\n\t\t>\n\t\t\t<svg xmlns=\"http:\/\/www.w3.org\/2000\/svg\" width=\"12\" height=\"12\" fill=\"none\" viewBox=\"0 0 12 12\">\n\t\t\t\t<path fill=\"#fff\" d=\"M2 0a2 2 0 0 0-2 2v2h1.5V2a.5.5 0 0 1 .5-.5h2V0H2Zm2 10.5H2a.5.5 0 0 1-.5-.5V8H0v2a2 2 0 0 0 2 2h2v-1.5ZM8 12v-1.5h2a.5.5 0 0 0 .5-.5V8H12v2a2 2 0 0 1-2 2H8Zm2-12a2 2 0 0 1 2 2v2h-1.5V2a.5.5 0 0 0-.5-.5H8V0h2Z\" \/>\n\t\t\t<\/svg>\n\t\t<\/button><figcaption class=\"wp-element-caption\">Foto: Dietmar Rabich \/ Wikimedia Commons, CC BY-SA 4.0<\/figcaption><\/figure>\n\n\n\n<h2 class=\"wp-block-heading\"><span class=\"ez-toc-section\" id=\"Gdzie_sie_zatrzymac_w_Hamburgu\"><\/span>Gdzie si\u0119 zatrzyma\u0107 w Hamburgu<span class=\"ez-toc-section-end\"><\/span><\/h2>\n\n\n\n<p class=\"wp-block-paragraph\">\ud83d\udca1 <strong>Wskaz\u00f3wka:<\/strong> Ofert\u0119 nocleg\u00f3w w Hamburgu mo\u017cesz od razu por\u00f3wna\u0107 w jednym miejscu \u2014 <a href=\"https:\/\/www.stay22.com\/allez\/roam?aid=lukaskonecny&#038;campaign=loudavymkrokemcz&#038;campaign=co-videt-v-hamburku&#038;address=Hamburk%2C%20N%C4%9Bmecko\" target=\"_blank\" rel=\"noopener nofollow sponsored\">sprawd\u017a dost\u0119pno\u015b\u0107 i ceny w Hamburgu<\/a>. Warto rezerwowa\u0107 z wyprzedzeniem, bo najlepszy stosunek ceny do lokalizacji znika najszybciej.<\/p>\n\n\n<p class=\"wp-block-paragraph\"><em>\ud83d\udca1 Wskaz\u00f3wka na noclegi i atrakcje: Nocleg\u00f3w najch\u0119tniej szukamy na <a href=\"https:\/\/www.booking.com\/searchresults.html?ss=Hamburk%2C%20N%C4%9Bmecko&#038;aid=2397601\" target=\"_blank\" rel=\"nofollow noopener sponsored\">Booking.com<\/a>, gdzie zwykle s\u0105 <strong>najlepsze warunki anulowania<\/strong>. <strong>Bilety, wycieczki i atrakcje<\/strong> warto natomiast por\u00f3wna\u0107 i kupi\u0107 przez <a href=\"https:\/\/www.getyourguide.com\/s\/?q=Hamburk%2C%20N%C4%9Bmecko&#038;partner_id=MKZ64IS\" target=\"_blank\" rel=\"nofollow noopener sponsored\">GetYourGuide<\/a>.<\/em><\/p>\n\n\n\n<p class=\"wp-block-paragraph\">Wyb\u00f3r odpowiedniej dzielnicy na nocleg mo\u017ce zasadniczo wp\u0142yn\u0105\u0107 na twoje do\u015bwiadczenie z miastem, dlatego dobrze przemy\u015bl z wyprzedzeniem, czego dok\u0142adnie oczekujesz od wyjazdu. <strong>Je\u015bli jedziesz do miasta po raz pierwszy i chcesz mie\u0107 wszystkie g\u0142\u00f3wne atrakcje na wyci\u0105gni\u0119cie r\u0119ki, wybierz nowoczesn\u0105 dzielnic\u0119 HafenCity albo centralne Neustadt i Altstadt<\/strong>. W historycznym centrum ceny za noc zwykle mieszcz\u0105 si\u0119 mi\u0119dzy 100 a 190 euro, ale ogromn\u0105 zalet\u0105 jest to, \u017ce wsz\u0119dzie dojdziesz pieszo i zaoszcz\u0119dzisz mn\u00f3stwo czasu. \u015awietnym do\u015bwiadczeniem jest na przyk\u0142ad stylowy <strong>25hours Hotel HafenCity<\/strong>, kt\u00f3ry oferuje \u017cartobliwy marynistyczny design w samym sercu najnowocze\u015bniejszej dzielnicy z widokiem na doki.<\/p>\n\n\n\n<p class=\"wp-block-paragraph\">Ta\u0144sz\u0105 i bardzo modn\u0105 alternatyw\u0105 jest dzielnica Altona, oferuj\u0105ca mn\u00f3stwo \u015bwietnych niezale\u017cnych kawiarni i pi\u0119kne widoki z klif\u00f3w nad \u0141ab\u0105. M\u0142odsi podr\u00f3\u017cnicy i mi\u0142o\u015bnicy hucznego \u017cycia nocnego cz\u0119sto <strong>szukaj\u0105 noclegu w okolicy Reeperbahn w dzielnicy St. Pauli<\/strong>, gdzie znajdziesz najlepsze bary i przyst\u0119pne cenowo hostele nawet od 40 euro za noc. Musisz tu jednak liczy\u0107 si\u0119 z tym, \u017ce ulice \u017cyj\u0105 do wczesnych godzin porannych, wi\u0119c nie jest to idealna lokalizacja na spokojny rodzinny sen.<\/p>\n\n\n\n<p class=\"wp-block-paragraph\">Na spokojniejszy pobyt z doskona\u0142ym dost\u0119pem do komunikacji publicznej \u015bwietnie natomiast nadaje si\u0119 rejon St. Georg, kt\u00f3ry le\u017cy tu\u017c obok dworca g\u0142\u00f3wnego i oferuje nieco korzystniejsze ceny ni\u017c samo historyczne centrum. <strong>Polecam bardzo lubiany Hotel Volksschule<\/strong>, kt\u00f3ry powsta\u0142 z wra\u017cliwej renowacji starego budynku szkolnego i b\u0142yszczy fantastycznymi \u015bniadaniami. Niezale\u017cnie od tego, kt\u00f3r\u0105 lokalizacj\u0119 wybierzesz, nocleg zawsze rezerwuj z odpowiednim wyprzedzeniem, bo Hamburg jest przez ca\u0142y rok bardzo poszukiwan\u0105 destynacj\u0105, a najlepsze miejsca znikaj\u0105 niesamowicie szybko.<\/p>\n\n\n\n<p class=\"wp-block-paragraph\">Szczeg\u00f3\u0142owe zestawienie dzielnic i konkretnych hoteli znajdziesz w osobnym artykule <a href=\"https:\/\/loudavymkrokem.cz\/pl\/gdzie-spac-hamburg-niemcy\/\">Gdzie mieszka\u0107 w Hamburgu<\/a>, gdzie por\u00f3wnujemy HafenCity, Alton\u0119 i St. Pauli oraz polecamy 12 hoteli od hostelu po luksus. <a href=\"https:\/\/www.stay22.com\/allez\/roam?aid=lukaskonecny&#038;campaign=loudavymkrokemcz&#038;campaign=co-videt-v-hamburku&#038;hotelname=Hotel%20Volksschule&#038;address=Hamburk%2C%20N%C4%9Bmecko\" target=\"_blank\" rel=\"noopener nofollow sponsored\">Sprawdzenie dost\u0119pno\u015bci noclegu<\/a> warto zrobi\u0107 jak najszybciej.<\/p>\n\n\n\n<figure data-wp-context=\"{&quot;imageId&quot;:&quot;6a954c3d37fec&quot;}\" data-wp-interactive=\"core\/image\" data-wp-key=\"6a954c3d37fec\" class=\"wp-block-image size-full wp-lightbox-container\"><img decoding=\"async\" width=\"1800\" height=\"621\" data-wp-class--hide=\"state.isContentHidden\" data-wp-class--show=\"state.isContentVisible\" data-wp-init=\"callbacks.setButtonStyles\" data-wp-on--click=\"actions.showLightbox\" data-wp-on--load=\"callbacks.setButtonStyles\" data-wp-on--pointerdown=\"actions.preloadImage\" data-wp-on--pointerenter=\"actions.preloadImageWithDelay\" data-wp-on--pointerleave=\"actions.cancelPreload\" data-wp-on-window--resize=\"callbacks.setButtonStyles\" src=\"https:\/\/loudavymkrokem.cz\/wp-content\/uploads\/2026\/08\/nemecko-clanky-co-videt-v-hamburku-04.jpg\" alt=\"Port w Hamburgu z lotu ptaka\" class=\"wp-image-396962\" title=\"\" srcset=\"https:\/\/loudavymkrokem.cz\/wp-content\/uploads\/2026\/08\/nemecko-clanky-co-videt-v-hamburku-04.jpg 1800w, https:\/\/loudavymkrokem.cz\/wp-content\/uploads\/2026\/08\/nemecko-clanky-co-videt-v-hamburku-04-300x104.jpg 300w, https:\/\/loudavymkrokem.cz\/wp-content\/uploads\/2026\/08\/nemecko-clanky-co-videt-v-hamburku-04-700x242.jpg 700w, https:\/\/loudavymkrokem.cz\/wp-content\/uploads\/2026\/08\/nemecko-clanky-co-videt-v-hamburku-04-768x265.jpg 768w, https:\/\/loudavymkrokem.cz\/wp-content\/uploads\/2026\/08\/nemecko-clanky-co-videt-v-hamburku-04-1536x530.jpg 1536w, https:\/\/loudavymkrokem.cz\/wp-content\/uploads\/2026\/08\/nemecko-clanky-co-videt-v-hamburku-04-696x240.jpg 696w, https:\/\/loudavymkrokem.cz\/wp-content\/uploads\/2026\/08\/nemecko-clanky-co-videt-v-hamburku-04-1392x480.jpg 1392w\" sizes=\"(max-width: 1800px) 100vw, 1800px\" \/><button\n\t\t\tclass=\"lightbox-trigger\"\n\t\t\ttype=\"button\"\n\t\t\taria-haspopup=\"dialog\"\n\t\t\tdata-wp-bind--aria-label=\"state.thisImage.triggerButtonAriaLabel\"\n\t\t\tdata-wp-init=\"callbacks.initTriggerButton\"\n\t\t\tdata-wp-on--click=\"actions.showLightbox\"\n\t\t\tdata-wp-style--right=\"state.thisImage.buttonRight\"\n\t\t\tdata-wp-style--top=\"state.thisImage.buttonTop\"\n\t\t>\n\t\t\t<svg xmlns=\"http:\/\/www.w3.org\/2000\/svg\" width=\"12\" height=\"12\" fill=\"none\" viewBox=\"0 0 12 12\">\n\t\t\t\t<path fill=\"#fff\" d=\"M2 0a2 2 0 0 0-2 2v2h1.5V2a.5.5 0 0 1 .5-.5h2V0H2Zm2 10.5H2a.5.5 0 0 1-.5-.5V8H0v2a2 2 0 0 0 2 2h2v-1.5ZM8 12v-1.5h2a.5.5 0 0 0 .5-.5V8H12v2a2 2 0 0 1-2 2H8Zm2-12a2 2 0 0 1 2 2v2h-1.5V2a.5.5 0 0 0-.5-.5H8V0h2Z\" \/>\n\t\t\t<\/svg>\n\t\t<\/button><figcaption class=\"wp-element-caption\">Foto: Dietmar Rabich \/ Wikimedia Commons, CC BY-SA 4.0<\/figcaption><\/figure>\n\n\n\n<h2 class=\"wp-block-heading\"><span class=\"ez-toc-section\" id=\"22_pomysly_co_zobaczyc_i_zrobic_w_Hamburgu\"><\/span>22 pomys\u0142y, co zobaczy\u0107 i zrobi\u0107 w Hamburgu<span class=\"ez-toc-section-end\"><\/span><\/h2>\n\n\n\n<p class=\"wp-block-paragraph\">Przyjrzyjmy si\u0119 szczeg\u00f3\u0142owo kompletnej li\u015bcie najpi\u0119kniejszych miejsc i aktywno\u015bci, kt\u00f3re podczas wizyty zdecydowanie nie powinny ci\u0119 omin\u0105\u0107. <strong>Przygotuj si\u0119 na odkrywanie zapieraj\u0105cej dech architektury, ogromnych statk\u00f3w i ukrytych zielonych oaz<\/strong>, kt\u00f3re tworz\u0105 niepowtarzalny charakter tego fascynuj\u0105cego miasta.<\/p>\n\n\n\n<figure data-wp-context=\"{&quot;imageId&quot;:&quot;6a954c3d38625&quot;}\" data-wp-interactive=\"core\/image\" data-wp-key=\"6a954c3d38625\" class=\"wp-block-image size-full wp-lightbox-container\"><img decoding=\"async\" width=\"1800\" height=\"1200\" data-wp-class--hide=\"state.isContentHidden\" data-wp-class--show=\"state.isContentVisible\" data-wp-init=\"callbacks.setButtonStyles\" data-wp-on--click=\"actions.showLightbox\" data-wp-on--load=\"callbacks.setButtonStyles\" data-wp-on--pointerdown=\"actions.preloadImage\" data-wp-on--pointerenter=\"actions.preloadImageWithDelay\" data-wp-on--pointerleave=\"actions.cancelPreload\" data-wp-on-window--resize=\"callbacks.setButtonStyles\" src=\"https:\/\/loudavymkrokem.cz\/wp-content\/uploads\/2026\/08\/nemecko-clanky-co-videt-v-hamburku-05.jpg\" alt=\"Ceglane magazyny Speicherstadt\" class=\"wp-image-397158\" title=\"\" srcset=\"https:\/\/loudavymkrokem.cz\/wp-content\/uploads\/2026\/08\/nemecko-clanky-co-videt-v-hamburku-05.jpg 1800w, https:\/\/loudavymkrokem.cz\/wp-content\/uploads\/2026\/08\/nemecko-clanky-co-videt-v-hamburku-05-300x200.jpg 300w, https:\/\/loudavymkrokem.cz\/wp-content\/uploads\/2026\/08\/nemecko-clanky-co-videt-v-hamburku-05-700x467.jpg 700w, https:\/\/loudavymkrokem.cz\/wp-content\/uploads\/2026\/08\/nemecko-clanky-co-videt-v-hamburku-05-768x512.jpg 768w, https:\/\/loudavymkrokem.cz\/wp-content\/uploads\/2026\/08\/nemecko-clanky-co-videt-v-hamburku-05-1536x1024.jpg 1536w, https:\/\/loudavymkrokem.cz\/wp-content\/uploads\/2026\/08\/nemecko-clanky-co-videt-v-hamburku-05-696x464.jpg 696w, https:\/\/loudavymkrokem.cz\/wp-content\/uploads\/2026\/08\/nemecko-clanky-co-videt-v-hamburku-05-1392x928.jpg 1392w\" sizes=\"(max-width: 1800px) 100vw, 1800px\" \/><button\n\t\t\tclass=\"lightbox-trigger\"\n\t\t\ttype=\"button\"\n\t\t\taria-haspopup=\"dialog\"\n\t\t\tdata-wp-bind--aria-label=\"state.thisImage.triggerButtonAriaLabel\"\n\t\t\tdata-wp-init=\"callbacks.initTriggerButton\"\n\t\t\tdata-wp-on--click=\"actions.showLightbox\"\n\t\t\tdata-wp-style--right=\"state.thisImage.buttonRight\"\n\t\t\tdata-wp-style--top=\"state.thisImage.buttonTop\"\n\t\t>\n\t\t\t<svg xmlns=\"http:\/\/www.w3.org\/2000\/svg\" width=\"12\" height=\"12\" fill=\"none\" viewBox=\"0 0 12 12\">\n\t\t\t\t<path fill=\"#fff\" d=\"M2 0a2 2 0 0 0-2 2v2h1.5V2a.5.5 0 0 1 .5-.5h2V0H2Zm2 10.5H2a.5.5 0 0 1-.5-.5V8H0v2a2 2 0 0 0 2 2h2v-1.5ZM8 12v-1.5h2a.5.5 0 0 0 .5-.5V8H12v2a2 2 0 0 1-2 2H8Zm2-12a2 2 0 0 1 2 2v2h-1.5V2a.5.5 0 0 0-.5-.5H8V0h2Z\" \/>\n\t\t\t<\/svg>\n\t\t<\/button><figcaption class=\"wp-element-caption\">Foto: Dietmar Rabich \/ Wikimedia Commons, CC BY-SA 4.0<\/figcaption><\/figure>\n\n\n\n<h3 class=\"wp-block-heading\"><span class=\"ez-toc-section\" id=\"1_Speicherstadt\"><\/span>1. Speicherstadt<span class=\"ez-toc-section-end\"><\/span><\/h3>\n\n\n\n<p class=\"wp-block-paragraph\">Najwi\u0119kszy zwarty kompleks historycznych magazyn\u00f3w na \u015bwiecie jest absolutn\u0105 dominant\u0105 miasta i <strong>s\u0142usznie szczyci si\u0119 wpisem na list\u0119 \u015bwiatowego dziedzictwa UNESCO<\/strong>. Ca\u0142a dzielnica przetkana jest sieci\u0105 wodnych kana\u0142\u00f3w, nad kt\u00f3rymi wznosz\u0105 si\u0119 masywne budynki z czerwonej ceg\u0142y zwie\u0144czone typowymi miedzianymi dachami i ozdobnymi neogotyckimi szczytami. Spacer tymi uliczkami jest zupe\u0142nie darmowy i owionie ci\u0119 niepodrabialna atmosfera czas\u00f3w, gdy sk\u0142adowano tu na wielk\u0105 skal\u0119 kaw\u0119, kakao, orientalne dywany i drogie przyprawy z ca\u0142ego \u015bwiata.<\/p>\n\n\n\n<p class=\"wp-block-paragraph\">Kompleks powstawa\u0142 pod koniec dziewi\u0119tnastego wieku, a jego budynki stoj\u0105 na tysi\u0105cach d\u0119bowych pali wbitych g\u0142\u0119boko w rzeczne b\u0142oto. <strong>Koniecznie zajrzyj do tak zwanego Wasserschloss, czyli Wodnego Zamku<\/strong>, niezwykle fotogenicznego budynku stoj\u0105cego dok\u0142adnie u zbiegu dw\u00f3ch kana\u0142\u00f3w, w kt\u00f3rym dzi\u015b mie\u015bci si\u0119 przytulna herbaciarnia. Spacer mi\u0119dzy tymi majestatycznymi budynkami dos\u0142ownie przeniesie ci\u0119 do czas\u00f3w najwi\u0119kszej \u015bwietno\u015bci hanzeatyckich kupc\u00f3w.<\/p>\n\n\n\n<p class=\"wp-block-paragraph\">\ud83d\udca1 Wskaz\u00f3wka: <strong>Najbardziej fotogeniczna jest ca\u0142a okolica tu\u017c po zachodzie s\u0142o\u0144ca<\/strong>, gdy zapala si\u0119 romantyczne wieczorne o\u015bwietlenie. Ceglane \u015bciany i mosty zaczynaj\u0105 cudownie odbija\u0107 si\u0119 w ciemnej tafli kana\u0142\u00f3w, co tworzy absolutnie magiczne widowisko.<\/p>\n\n\n\n<figure data-wp-context=\"{&quot;imageId&quot;:&quot;6a954c3d38d4b&quot;}\" data-wp-interactive=\"core\/image\" data-wp-key=\"6a954c3d38d4b\" class=\"wp-block-image size-full wp-lightbox-container\"><img decoding=\"async\" width=\"1800\" height=\"1192\" data-wp-class--hide=\"state.isContentHidden\" data-wp-class--show=\"state.isContentVisible\" data-wp-init=\"callbacks.setButtonStyles\" data-wp-on--click=\"actions.showLightbox\" data-wp-on--load=\"callbacks.setButtonStyles\" data-wp-on--pointerdown=\"actions.preloadImage\" data-wp-on--pointerenter=\"actions.preloadImageWithDelay\" data-wp-on--pointerleave=\"actions.cancelPreload\" data-wp-on-window--resize=\"callbacks.setButtonStyles\" src=\"https:\/\/loudavymkrokem.cz\/wp-content\/uploads\/2026\/08\/nemecko-clanky-co-videt-v-hamburku-06.jpg\" alt=\"Makieta kolejowa w Miniatur Wunderland\" class=\"wp-image-398123\" title=\"\" srcset=\"https:\/\/loudavymkrokem.cz\/wp-content\/uploads\/2026\/08\/nemecko-clanky-co-videt-v-hamburku-06.jpg 1800w, https:\/\/loudavymkrokem.cz\/wp-content\/uploads\/2026\/08\/nemecko-clanky-co-videt-v-hamburku-06-300x199.jpg 300w, https:\/\/loudavymkrokem.cz\/wp-content\/uploads\/2026\/08\/nemecko-clanky-co-videt-v-hamburku-06-700x464.jpg 700w, https:\/\/loudavymkrokem.cz\/wp-content\/uploads\/2026\/08\/nemecko-clanky-co-videt-v-hamburku-06-768x509.jpg 768w, https:\/\/loudavymkrokem.cz\/wp-content\/uploads\/2026\/08\/nemecko-clanky-co-videt-v-hamburku-06-1536x1017.jpg 1536w, https:\/\/loudavymkrokem.cz\/wp-content\/uploads\/2026\/08\/nemecko-clanky-co-videt-v-hamburku-06-696x461.jpg 696w, https:\/\/loudavymkrokem.cz\/wp-content\/uploads\/2026\/08\/nemecko-clanky-co-videt-v-hamburku-06-1392x922.jpg 1392w\" sizes=\"(max-width: 1800px) 100vw, 1800px\" \/><button\n\t\t\tclass=\"lightbox-trigger\"\n\t\t\ttype=\"button\"\n\t\t\taria-haspopup=\"dialog\"\n\t\t\tdata-wp-bind--aria-label=\"state.thisImage.triggerButtonAriaLabel\"\n\t\t\tdata-wp-init=\"callbacks.initTriggerButton\"\n\t\t\tdata-wp-on--click=\"actions.showLightbox\"\n\t\t\tdata-wp-style--right=\"state.thisImage.buttonRight\"\n\t\t\tdata-wp-style--top=\"state.thisImage.buttonTop\"\n\t\t>\n\t\t\t<svg xmlns=\"http:\/\/www.w3.org\/2000\/svg\" width=\"12\" height=\"12\" fill=\"none\" viewBox=\"0 0 12 12\">\n\t\t\t\t<path fill=\"#fff\" d=\"M2 0a2 2 0 0 0-2 2v2h1.5V2a.5.5 0 0 1 .5-.5h2V0H2Zm2 10.5H2a.5.5 0 0 1-.5-.5V8H0v2a2 2 0 0 0 2 2h2v-1.5ZM8 12v-1.5h2a.5.5 0 0 0 .5-.5V8H12v2a2 2 0 0 1-2 2H8Zm2-12a2 2 0 0 1 2 2v2h-1.5V2a.5.5 0 0 0-.5-.5H8V0h2Z\" \/>\n\t\t\t<\/svg>\n\t\t<\/button><figcaption class=\"wp-element-caption\">Foto: Steven Lek \/ Wikimedia Commons, CC BY-SA 4.0<\/figcaption><\/figure>\n\n\n\n<h3 class=\"wp-block-heading\"><span class=\"ez-toc-section\" id=\"2_Miniatur_Wunderland\"><\/span>2. Miniatur Wunderland<span class=\"ez-toc-section-end\"><\/span><\/h3>\n\n\n\n<p class=\"wp-block-paragraph\">Najwi\u0119ksza makieta kolejowa na \u015bwiecie znajduje si\u0119 w samym sercu Speicherstadt i niezawodnie zachwyci doros\u0142ych i dzieci bez wzgl\u0119du na wiek. <strong>Ta fascynuj\u0105ca atrakcja nieustannie ro\u015bnie i do 2026 roku mo\u017cesz spodziewa\u0107 si\u0119 zupe\u0142nie nowych sekcji<\/strong>, obejmuj\u0105cych szczeg\u00f3\u0142owe modele lasu deszczowego, kawa\u0142ek g\u00f3r And\u00f3w czy cho\u0107by such\u0105 pustyni\u0119 Atacama. Ka\u017cdy detal jest tu dopracowany do absolutnej perfekcji, a w regularnych pi\u0119tnastominutowych odst\u0119pach zmienia si\u0119 dzie\u0144 i noc, wi\u0119c zobaczysz wszystkie miasteczka pi\u0119knie pod\u015bwietlone.<\/p>\n\n\n\n<p class=\"wp-block-paragraph\">Bilet dla doros\u0142ego <strong>kosztuje oko\u0142o 25 euro, a zwiedzanie zajmie ci spokojnie p\u00f3\u0142 dnia<\/strong>, je\u015bli chcesz wszystko porz\u0105dnie i na spokojnie obejrze\u0107. B\u0119dziesz podziwia\u0107 miniaturowe lotnisko z realnie startuj\u0105cymi i l\u0105duj\u0105cymi samolotami, szczeg\u00f3\u0142owe alpejskie wioski, za\u015bnie\u017con\u0105 Skandynawi\u0119 i rozgor\u0105czkowane miasta pe\u0142ne drobnych postaci z w\u0142asnymi zabawnymi historyjkami. Tutejsi tw\u00f3rcy maj\u0105 ogromne poczucie humoru, wi\u0119c je\u015bli dobrze si\u0119 przyjrzysz, odkryjesz mn\u00f3stwo zabawnych scenek z \u017cycia.<\/p>\n\n\n\n<p class=\"wp-block-paragraph\">\ud83d\udca1 Wskaz\u00f3wka: <strong>Rezerwacja biletu na konkretn\u0105 godzin\u0119 online jest absolutn\u0105 konieczno\u015bci\u0105<\/strong>, bo w sezonie bywa wyprzedane nawet kilka tygodni naprz\u00f3d. Na miejscu bilet\u00f3w po prostu nie dostaniesz, a szkoda by\u0142oby straci\u0107 to do\u015bwiadczenie.<\/p>\n\n\n\n<figure data-wp-context=\"{&quot;imageId&quot;:&quot;6a954c3d394dc&quot;}\" data-wp-interactive=\"core\/image\" data-wp-key=\"6a954c3d394dc\" class=\"wp-block-image size-full wp-lightbox-container\"><img decoding=\"async\" width=\"1800\" height=\"1800\" data-wp-class--hide=\"state.isContentHidden\" data-wp-class--show=\"state.isContentVisible\" data-wp-init=\"callbacks.setButtonStyles\" data-wp-on--click=\"actions.showLightbox\" data-wp-on--load=\"callbacks.setButtonStyles\" data-wp-on--pointerdown=\"actions.preloadImage\" data-wp-on--pointerenter=\"actions.preloadImageWithDelay\" data-wp-on--pointerleave=\"actions.cancelPreload\" data-wp-on-window--resize=\"callbacks.setButtonStyles\" src=\"https:\/\/loudavymkrokem.cz\/wp-content\/uploads\/2026\/08\/nemecko-clanky-co-videt-v-hamburku-07.jpg\" alt=\"Gmach Elbphilharmonie nad portem\" class=\"wp-image-398583\" title=\"\" srcset=\"https:\/\/loudavymkrokem.cz\/wp-content\/uploads\/2026\/08\/nemecko-clanky-co-videt-v-hamburku-07.jpg 1800w, https:\/\/loudavymkrokem.cz\/wp-content\/uploads\/2026\/08\/nemecko-clanky-co-videt-v-hamburku-07-300x300.jpg 300w, https:\/\/loudavymkrokem.cz\/wp-content\/uploads\/2026\/08\/nemecko-clanky-co-videt-v-hamburku-07-700x700.jpg 700w, https:\/\/loudavymkrokem.cz\/wp-content\/uploads\/2026\/08\/nemecko-clanky-co-videt-v-hamburku-07-150x150.jpg 150w, https:\/\/loudavymkrokem.cz\/wp-content\/uploads\/2026\/08\/nemecko-clanky-co-videt-v-hamburku-07-768x768.jpg 768w, https:\/\/loudavymkrokem.cz\/wp-content\/uploads\/2026\/08\/nemecko-clanky-co-videt-v-hamburku-07-1536x1536.jpg 1536w, https:\/\/loudavymkrokem.cz\/wp-content\/uploads\/2026\/08\/nemecko-clanky-co-videt-v-hamburku-07-696x696.jpg 696w, https:\/\/loudavymkrokem.cz\/wp-content\/uploads\/2026\/08\/nemecko-clanky-co-videt-v-hamburku-07-1392x1392.jpg 1392w\" sizes=\"(max-width: 1800px) 100vw, 1800px\" \/><button\n\t\t\tclass=\"lightbox-trigger\"\n\t\t\ttype=\"button\"\n\t\t\taria-haspopup=\"dialog\"\n\t\t\tdata-wp-bind--aria-label=\"state.thisImage.triggerButtonAriaLabel\"\n\t\t\tdata-wp-init=\"callbacks.initTriggerButton\"\n\t\t\tdata-wp-on--click=\"actions.showLightbox\"\n\t\t\tdata-wp-style--right=\"state.thisImage.buttonRight\"\n\t\t\tdata-wp-style--top=\"state.thisImage.buttonTop\"\n\t\t>\n\t\t\t<svg xmlns=\"http:\/\/www.w3.org\/2000\/svg\" width=\"12\" height=\"12\" fill=\"none\" viewBox=\"0 0 12 12\">\n\t\t\t\t<path fill=\"#fff\" d=\"M2 0a2 2 0 0 0-2 2v2h1.5V2a.5.5 0 0 1 .5-.5h2V0H2Zm2 10.5H2a.5.5 0 0 1-.5-.5V8H0v2a2 2 0 0 0 2 2h2v-1.5ZM8 12v-1.5h2a.5.5 0 0 0 .5-.5V8H12v2a2 2 0 0 1-2 2H8Zm2-12a2 2 0 0 1 2 2v2h-1.5V2a.5.5 0 0 0-.5-.5H8V0h2Z\" \/>\n\t\t\t<\/svg>\n\t\t<\/button><figcaption class=\"wp-element-caption\">Foto: Dietmar Rabich \/ Wikimedia Commons, CC BY-SA 4.0<\/figcaption><\/figure>\n\n\n\n<h3 class=\"wp-block-heading\"><span class=\"ez-toc-section\" id=\"3_Elbphilharmonie\"><\/span>3. Elbphilharmonie<span class=\"ez-toc-section-end\"><\/span><\/h3>\n\n\n\n<p class=\"wp-block-paragraph\">Ikoniczny budynek sali koncertowej, kt\u00f3ry kszta\u0142tem przypomina napi\u0119te \u017cagle lub wzburzone fale, od momentu otwarcia sta\u0142 si\u0119 nowoczesnym symbolem miasta. <strong>Doln\u0105 cz\u0119\u015b\u0107 tworzy stary ceglany magazyn, na kt\u00f3rym posadowiono zachwycaj\u0105c\u0105 szklan\u0105 nadbudow\u0119<\/strong>, cudownie odbijaj\u0105c\u0105 niebo i otaczaj\u0105c\u0105 wod\u0119 oraz zmieniaj\u0105c\u0105 kolor w zale\u017cno\u015bci od aktualnej pogody. Z architektonicznego punktu widzenia to absolutny klejnot, kt\u00f3ry dominuje nad ca\u0142ym portem i przyci\u0105ga wzrok wszystkich odwiedzaj\u0105cych ju\u017c z daleka.<\/p>\n\n\n\n<p class=\"wp-block-paragraph\">Dok\u0142adnie mi\u0119dzy ceglan\u0105 a szklan\u0105 cz\u0119\u015bci\u0105 znajduje si\u0119 <strong>tak zwana Plaza, czyli og\u00f3lnodost\u0119pny taras widokowy z fantastycznym widokiem na miasto i ogromne d\u017awigi w oddali<\/strong>. Mo\u017cesz obej\u015b\u0107 budynek dooko\u0142a i obserwowa\u0107 ruch na rzece oraz wie\u017ce historycznych ko\u015bcio\u0142\u00f3w. Na g\u00f3r\u0119 wywiezie ci\u0119 unikatowe zakrzywione ruchome schody d\u0142ugo\u015bci ponad osiemdziesi\u0119ciu metr\u00f3w, kt\u00f3re same w sobie s\u0105 ogromnym architektonicznym prze\u017cyciem, bo przez zakrzywienie w og\u00f3le nie widzisz ich ko\u0144ca.<\/p>\n\n\n\n<p class=\"wp-block-paragraph\">\ud83d\udca1 Wskaz\u00f3wka: <strong>Wej\u015bcie na taras widokowy jest wprawdzie darmowe, ale musisz wcze\u015bniej zarezerwowa\u0107 slot czasowy<\/strong> na oficjalnej stronie. Bez wa\u017cnej rezerwacji nie wpuszcz\u0105 ci\u0119 niestety do \u0142ukowatych schod\u00f3w i musia\u0142by\u015b liczy\u0107 na to, \u017ce b\u0119dzie wolne w kasie.<\/p>\n\n\n\n<figure data-wp-context=\"{&quot;imageId&quot;:&quot;6a954c3d39c0e&quot;}\" data-wp-interactive=\"core\/image\" data-wp-key=\"6a954c3d39c0e\" class=\"wp-block-image size-full wp-lightbox-container\"><img decoding=\"async\" width=\"1800\" height=\"1350\" data-wp-class--hide=\"state.isContentHidden\" data-wp-class--show=\"state.isContentVisible\" data-wp-init=\"callbacks.setButtonStyles\" data-wp-on--click=\"actions.showLightbox\" data-wp-on--load=\"callbacks.setButtonStyles\" data-wp-on--pointerdown=\"actions.preloadImage\" data-wp-on--pointerenter=\"actions.preloadImageWithDelay\" data-wp-on--pointerleave=\"actions.cancelPreload\" data-wp-on-window--resize=\"callbacks.setButtonStyles\" src=\"https:\/\/loudavymkrokem.cz\/wp-content\/uploads\/2026\/08\/nemecko-clanky-co-videt-v-hamburku-08.jpg\" alt=\"Nabrze\u017ce w HafenCity\" class=\"wp-image-398815\" title=\"\" srcset=\"https:\/\/loudavymkrokem.cz\/wp-content\/uploads\/2026\/08\/nemecko-clanky-co-videt-v-hamburku-08.jpg 1800w, https:\/\/loudavymkrokem.cz\/wp-content\/uploads\/2026\/08\/nemecko-clanky-co-videt-v-hamburku-08-300x225.jpg 300w, https:\/\/loudavymkrokem.cz\/wp-content\/uploads\/2026\/08\/nemecko-clanky-co-videt-v-hamburku-08-700x525.jpg 700w, https:\/\/loudavymkrokem.cz\/wp-content\/uploads\/2026\/08\/nemecko-clanky-co-videt-v-hamburku-08-768x576.jpg 768w, https:\/\/loudavymkrokem.cz\/wp-content\/uploads\/2026\/08\/nemecko-clanky-co-videt-v-hamburku-08-1536x1152.jpg 1536w, https:\/\/loudavymkrokem.cz\/wp-content\/uploads\/2026\/08\/nemecko-clanky-co-videt-v-hamburku-08-80x60.jpg 80w, https:\/\/loudavymkrokem.cz\/wp-content\/uploads\/2026\/08\/nemecko-clanky-co-videt-v-hamburku-08-160x120.jpg 160w, https:\/\/loudavymkrokem.cz\/wp-content\/uploads\/2026\/08\/nemecko-clanky-co-videt-v-hamburku-08-696x522.jpg 696w, https:\/\/loudavymkrokem.cz\/wp-content\/uploads\/2026\/08\/nemecko-clanky-co-videt-v-hamburku-08-1392x1044.jpg 1392w\" sizes=\"(max-width: 1800px) 100vw, 1800px\" \/><button\n\t\t\tclass=\"lightbox-trigger\"\n\t\t\ttype=\"button\"\n\t\t\taria-haspopup=\"dialog\"\n\t\t\tdata-wp-bind--aria-label=\"state.thisImage.triggerButtonAriaLabel\"\n\t\t\tdata-wp-init=\"callbacks.initTriggerButton\"\n\t\t\tdata-wp-on--click=\"actions.showLightbox\"\n\t\t\tdata-wp-style--right=\"state.thisImage.buttonRight\"\n\t\t\tdata-wp-style--top=\"state.thisImage.buttonTop\"\n\t\t>\n\t\t\t<svg xmlns=\"http:\/\/www.w3.org\/2000\/svg\" width=\"12\" height=\"12\" fill=\"none\" viewBox=\"0 0 12 12\">\n\t\t\t\t<path fill=\"#fff\" d=\"M2 0a2 2 0 0 0-2 2v2h1.5V2a.5.5 0 0 1 .5-.5h2V0H2Zm2 10.5H2a.5.5 0 0 1-.5-.5V8H0v2a2 2 0 0 0 2 2h2v-1.5ZM8 12v-1.5h2a.5.5 0 0 0 .5-.5V8H12v2a2 2 0 0 1-2 2H8Zm2-12a2 2 0 0 1 2 2v2h-1.5V2a.5.5 0 0 0-.5-.5H8V0h2Z\" \/>\n\t\t\t<\/svg>\n\t\t<\/button><figcaption class=\"wp-element-caption\">Foto: Miwa \/ Pexels<\/figcaption><\/figure>\n\n\n\n<h3 class=\"wp-block-heading\"><span class=\"ez-toc-section\" id=\"4_Nowoczesna_dzielnica_HafenCity\"><\/span>4. Nowoczesna dzielnica HafenCity<span class=\"ez-toc-section-end\"><\/span><\/h3>\n\n\n\n<p class=\"wp-block-paragraph\">Tu\u017c obok historycznego Speicherstadt wyrasta najwi\u0119kszy europejski projekt rozwoju miejskiego, kt\u00f3ry ca\u0142kowicie zmienia oblicze starego portu. <strong>HafenCity to przegl\u0105d najwy\u017cszej klasy nowoczesnej architektury, gdzie ka\u017cdy budynek powsta\u0142 pod r\u0119kami uznanych \u015bwiatowych architekt\u00f3w<\/strong> i tworzy niesamowity kontrast z ceglanymi magazynami nieopodal. Znajdziesz tu szerokie promenady wzd\u0142u\u017c wody, nowoczesne bloki mieszkalne, luksusowe przeszklone biura, stylowe kawiarnie i futurystyczne mosty \u0142\u0105cz\u0105ce poszczeg\u00f3lne wysepki.<\/p>\n\n\n\n<p class=\"wp-block-paragraph\">Ca\u0142y ten ogromny obszar <strong>wraz z wizyt\u0105 w Elbphilharmonie, Speicherstadt i Miniatur Wunderland niezawodnie zajmie ci ca\u0142y dzie\u0144<\/strong>. Zdecydowanie warto wybra\u0107 si\u0119 tu w wygodnych butach i nie planowa\u0107 na ten sam dzie\u0144 \u017cadnych du\u017cych przejazd\u00f3w do odleglejszych cz\u0119\u015bci miasta. Fascynuj\u0105ce jest obserwowanie, jak miasto poradzi\u0142o sobie z zagro\u017ceniem powodziowym, bo wszystkie nowe budynki i promenady s\u0105 podwy\u017cszone na specjalnych podstawach.<\/p>\n\n\n\n<p class=\"wp-block-paragraph\">\ud83d\udca1 Wskaz\u00f3wka: <strong>Zatrzymaj si\u0119 przy tak zwanych Tarasach Magellana<\/strong>, czyli kaskadowym placu opadaj\u0105cym prosto do wody. To idealne miejsce na odpoczynek z kubkiem dobrej kawy i obserwowanie przep\u0142ywaj\u0105cych \u0142\u00f3dek.<\/p>\n\n\n\n<figure data-wp-context=\"{&quot;imageId&quot;:&quot;6a954c3d3a4e8&quot;}\" data-wp-interactive=\"core\/image\" data-wp-key=\"6a954c3d3a4e8\" class=\"wp-block-image size-full wp-lightbox-container\"><img decoding=\"async\" width=\"1800\" height=\"1195\" data-wp-class--hide=\"state.isContentHidden\" data-wp-class--show=\"state.isContentVisible\" data-wp-init=\"callbacks.setButtonStyles\" data-wp-on--click=\"actions.showLightbox\" data-wp-on--load=\"callbacks.setButtonStyles\" data-wp-on--pointerdown=\"actions.preloadImage\" data-wp-on--pointerenter=\"actions.preloadImageWithDelay\" data-wp-on--pointerleave=\"actions.cancelPreload\" data-wp-on-window--resize=\"callbacks.setButtonStyles\" src=\"https:\/\/loudavymkrokem.cz\/wp-content\/uploads\/2026\/08\/nemecko-clanky-co-videt-v-hamburku-09.jpg\" alt=\"Mi\u0119dzynarodowe Muzeum Morskie w Hamburgu\" class=\"wp-image-398820\" title=\"\" srcset=\"https:\/\/loudavymkrokem.cz\/wp-content\/uploads\/2026\/08\/nemecko-clanky-co-videt-v-hamburku-09.jpg 1800w, https:\/\/loudavymkrokem.cz\/wp-content\/uploads\/2026\/08\/nemecko-clanky-co-videt-v-hamburku-09-300x199.jpg 300w, https:\/\/loudavymkrokem.cz\/wp-content\/uploads\/2026\/08\/nemecko-clanky-co-videt-v-hamburku-09-700x465.jpg 700w, https:\/\/loudavymkrokem.cz\/wp-content\/uploads\/2026\/08\/nemecko-clanky-co-videt-v-hamburku-09-768x510.jpg 768w, https:\/\/loudavymkrokem.cz\/wp-content\/uploads\/2026\/08\/nemecko-clanky-co-videt-v-hamburku-09-1536x1020.jpg 1536w, https:\/\/loudavymkrokem.cz\/wp-content\/uploads\/2026\/08\/nemecko-clanky-co-videt-v-hamburku-09-696x462.jpg 696w, https:\/\/loudavymkrokem.cz\/wp-content\/uploads\/2026\/08\/nemecko-clanky-co-videt-v-hamburku-09-1392x924.jpg 1392w\" sizes=\"(max-width: 1800px) 100vw, 1800px\" \/><button\n\t\t\tclass=\"lightbox-trigger\"\n\t\t\ttype=\"button\"\n\t\t\taria-haspopup=\"dialog\"\n\t\t\tdata-wp-bind--aria-label=\"state.thisImage.triggerButtonAriaLabel\"\n\t\t\tdata-wp-init=\"callbacks.initTriggerButton\"\n\t\t\tdata-wp-on--click=\"actions.showLightbox\"\n\t\t\tdata-wp-style--right=\"state.thisImage.buttonRight\"\n\t\t\tdata-wp-style--top=\"state.thisImage.buttonTop\"\n\t\t>\n\t\t\t<svg xmlns=\"http:\/\/www.w3.org\/2000\/svg\" width=\"12\" height=\"12\" fill=\"none\" viewBox=\"0 0 12 12\">\n\t\t\t\t<path fill=\"#fff\" d=\"M2 0a2 2 0 0 0-2 2v2h1.5V2a.5.5 0 0 1 .5-.5h2V0H2Zm2 10.5H2a.5.5 0 0 1-.5-.5V8H0v2a2 2 0 0 0 2 2h2v-1.5ZM8 12v-1.5h2a.5.5 0 0 0 .5-.5V8H12v2a2 2 0 0 1-2 2H8Zm2-12a2 2 0 0 1 2 2v2h-1.5V2a.5.5 0 0 0-.5-.5H8V0h2Z\" \/>\n\t\t\t<\/svg>\n\t\t<\/button><figcaption class=\"wp-element-caption\">Foto: Frank Schulenburg \/ Wikimedia Commons, CC BY-SA 4.0<\/figcaption><\/figure>\n\n\n\n<h3 class=\"wp-block-heading\"><span class=\"ez-toc-section\" id=\"5_International_Maritime_Museum\"><\/span>5. International Maritime Museum<span class=\"ez-toc-section-end\"><\/span><\/h3>\n\n\n\n<p class=\"wp-block-paragraph\">Je\u015bli fascynuje ci\u0119 \u017ceglarstwo i historia odkry\u0107 morskich, to muzeum mieszcz\u0105ce si\u0119 w ogromnym historycznym magazynie Kaispeicher B ca\u0142kowicie ci\u0119 poch\u0142onie. <strong>Ekspozycja rozci\u0105ga si\u0119 na niesamowitych dziewi\u0119ciu pi\u0119trach i prezentuje tysi\u0105ce precyzyjnych modeli statk\u00f3w<\/strong>, map morskich, mundur\u00f3w, \u015brub okr\u0119towych i historycznych przyrz\u0105d\u00f3w nawigacyjnych z ca\u0142ego \u015bwiata. Zbiory s\u0105 tak obszerne, \u017ce opisuj\u0105 ca\u0142\u0105 histori\u0119 ludzkiego podboju ocean\u00f3w od staro\u017cytno\u015bci, przez s\u0142ynne bitwy, a\u017c po wsp\u00f3\u0142czesne ogromne kontenerowce.<\/p>\n\n\n\n<p class=\"wp-block-paragraph\">Zwiedzanie jest zaprojektowane bardzo interaktywnie, wi\u0119c <strong>mo\u017cesz wypr\u00f3bowa\u0107 symulator sterowania nowoczesnym statkiem lub szczeg\u00f3\u0142owo obejrze\u0107 zrekonstruowane kajuty oceanicznych parowc\u00f3w<\/strong>. Muzeum to absolutnie \u015bwietny wyb\u00f3r tak\u017ce na deszczowe dni, kt\u00f3rych w p\u00f3\u0142nocnych Niemczech jest sporo, i niezawodnie zajmie ca\u0142\u0105 rodzin\u0119 na d\u0142ugie godziny.<\/p>\n\n\n\n<p class=\"wp-block-paragraph\">\ud83d\udca1 Wskaz\u00f3wka: <strong>Na dok\u0142adne zwiedzanie wszystkich dziewi\u0119ciu pok\u0142ad\u00f3w wygospodaruj przynajmniej trzy do czterech godzin<\/strong>. Je\u015bli si\u0119 spieszysz, skup si\u0119 g\u0142\u00f3wnie na pi\u0119trach po\u015bwi\u0119conych nowoczesnej \u017cegludze i wielkim \u017caglowcom, kt\u00f3re zwykle s\u0105 wizualnie najatrakcyjniejsze.<\/p>\n\n\n\n<figure data-wp-context=\"{&quot;imageId&quot;:&quot;6a954c3d3ac92&quot;}\" data-wp-interactive=\"core\/image\" data-wp-key=\"6a954c3d3ac92\" class=\"wp-block-image size-full wp-lightbox-container\"><img decoding=\"async\" width=\"1800\" height=\"1200\" data-wp-class--hide=\"state.isContentHidden\" data-wp-class--show=\"state.isContentVisible\" data-wp-init=\"callbacks.setButtonStyles\" data-wp-on--click=\"actions.showLightbox\" data-wp-on--load=\"callbacks.setButtonStyles\" data-wp-on--pointerdown=\"actions.preloadImage\" data-wp-on--pointerenter=\"actions.preloadImageWithDelay\" data-wp-on--pointerleave=\"actions.cancelPreload\" data-wp-on-window--resize=\"callbacks.setButtonStyles\" src=\"https:\/\/loudavymkrokem.cz\/wp-content\/uploads\/2026\/08\/nemecko-clanky-co-videt-v-hamburku-10.jpg\" alt=\"Prom na \u0141abie w Hamburgu\" class=\"wp-image-398961\" title=\"\" srcset=\"https:\/\/loudavymkrokem.cz\/wp-content\/uploads\/2026\/08\/nemecko-clanky-co-videt-v-hamburku-10.jpg 1800w, https:\/\/loudavymkrokem.cz\/wp-content\/uploads\/2026\/08\/nemecko-clanky-co-videt-v-hamburku-10-300x200.jpg 300w, https:\/\/loudavymkrokem.cz\/wp-content\/uploads\/2026\/08\/nemecko-clanky-co-videt-v-hamburku-10-700x467.jpg 700w, https:\/\/loudavymkrokem.cz\/wp-content\/uploads\/2026\/08\/nemecko-clanky-co-videt-v-hamburku-10-768x512.jpg 768w, https:\/\/loudavymkrokem.cz\/wp-content\/uploads\/2026\/08\/nemecko-clanky-co-videt-v-hamburku-10-1536x1024.jpg 1536w, https:\/\/loudavymkrokem.cz\/wp-content\/uploads\/2026\/08\/nemecko-clanky-co-videt-v-hamburku-10-696x464.jpg 696w, https:\/\/loudavymkrokem.cz\/wp-content\/uploads\/2026\/08\/nemecko-clanky-co-videt-v-hamburku-10-1392x928.jpg 1392w\" sizes=\"(max-width: 1800px) 100vw, 1800px\" \/><button\n\t\t\tclass=\"lightbox-trigger\"\n\t\t\ttype=\"button\"\n\t\t\taria-haspopup=\"dialog\"\n\t\t\tdata-wp-bind--aria-label=\"state.thisImage.triggerButtonAriaLabel\"\n\t\t\tdata-wp-init=\"callbacks.initTriggerButton\"\n\t\t\tdata-wp-on--click=\"actions.showLightbox\"\n\t\t\tdata-wp-style--right=\"state.thisImage.buttonRight\"\n\t\t\tdata-wp-style--top=\"state.thisImage.buttonTop\"\n\t\t>\n\t\t\t<svg xmlns=\"http:\/\/www.w3.org\/2000\/svg\" width=\"12\" height=\"12\" fill=\"none\" viewBox=\"0 0 12 12\">\n\t\t\t\t<path fill=\"#fff\" d=\"M2 0a2 2 0 0 0-2 2v2h1.5V2a.5.5 0 0 1 .5-.5h2V0H2Zm2 10.5H2a.5.5 0 0 1-.5-.5V8H0v2a2 2 0 0 0 2 2h2v-1.5ZM8 12v-1.5h2a.5.5 0 0 0 .5-.5V8H12v2a2 2 0 0 1-2 2H8Zm2-12a2 2 0 0 1 2 2v2h-1.5V2a.5.5 0 0 0-.5-.5H8V0h2Z\" \/>\n\t\t\t<\/svg>\n\t\t<\/button><figcaption class=\"wp-element-caption\">Foto: Dietmar Rabich \/ Wikimedia Commons, CC BY-SA 4.0<\/figcaption><\/figure>\n\n\n\n<h3 class=\"wp-block-heading\"><span class=\"ez-toc-section\" id=\"6_Prom_linia_62_jako_rejs_widokowy\"><\/span>6. Prom linia 62 jako rejs widokowy<span class=\"ez-toc-section-end\"><\/span><\/h3>\n\n\n\n<p class=\"wp-block-paragraph\">Do\u015bwiadczenie miasta z tafli wody to absolutna konieczno\u015b\u0107, ale nie musisz od razu kupowa\u0107 drogich bilet\u00f3w na komercyjne statki wycieczkowe. <strong>Najlepszym sekretnym trickiem jest skorzystanie ze zwyk\u0142ego \u017c\u00f3\u0142tego promu o numerze 62<\/strong>, kt\u00f3ry dzia\u0142a jako cz\u0119\u015b\u0107 komunikacji miejskiej i obowi\u0105zuje na nim standardowy bilet dzienny. Prom wyp\u0142ywa z g\u0142\u00f3wnej przystani Landungsbr\u00fccken i kieruje si\u0119 w stron\u0119 wyspy Finkenwerder, przy czym rejs w jedn\u0105 stron\u0119 trwa oko\u0142o trzydziestu minut.<\/p>\n\n\n\n<p class=\"wp-block-paragraph\">Ta trasa <strong>przeprowadzi ci\u0119 obok najwi\u0119kszych portowych dominant, s\u0142ynnego targu rybnego i ogromnych stoczni<\/strong>, wi\u0119c zyskasz fantastyczny obraz masywnych rozmiar\u00f3w ca\u0142ego portu. To absolutnie najlepszy stosunek ceny do prze\u017cycia, jaki mo\u017cesz w mie\u015bcie uzyska\u0107, a po drodze zobaczysz te\u017c ogromne doki, gdzie naprawia si\u0119 najwi\u0119ksze statki \u015bwiata.<\/p>\n\n\n\n<p class=\"wp-block-paragraph\">\ud83d\udca1 Wskaz\u00f3wka: <strong>Spr\u00f3buj na statku zaj\u0105\u0107 miejsce na otwartym g\u00f3rnym pok\u0142adzie zaraz przy barierce<\/strong>, sk\u0105d najlepiej si\u0119 fotografuje. Drog\u0119 powrotn\u0105 mo\u017cesz odby\u0107 tym samym statkiem albo przej\u015b\u0107 si\u0119 pla\u017c\u0105 Elbstrand przy przystanku Neum\u00fchlen.<\/p>\n\n\n\n<figure data-wp-context=\"{&quot;imageId&quot;:&quot;6a954c3d3b4e3&quot;}\" data-wp-interactive=\"core\/image\" data-wp-key=\"6a954c3d3b4e3\" class=\"wp-block-image size-full wp-lightbox-container\"><img decoding=\"async\" width=\"1800\" height=\"1193\" data-wp-class--hide=\"state.isContentHidden\" data-wp-class--show=\"state.isContentVisible\" data-wp-init=\"callbacks.setButtonStyles\" data-wp-on--click=\"actions.showLightbox\" data-wp-on--load=\"callbacks.setButtonStyles\" data-wp-on--pointerdown=\"actions.preloadImage\" data-wp-on--pointerenter=\"actions.preloadImageWithDelay\" data-wp-on--pointerleave=\"actions.cancelPreload\" data-wp-on-window--resize=\"callbacks.setButtonStyles\" src=\"https:\/\/loudavymkrokem.cz\/wp-content\/uploads\/2026\/08\/nemecko-clanky-co-videt-v-hamburku-11.jpg\" alt=\"Niedzielny Fischmarkt w Hamburgu\" class=\"wp-image-398967\" title=\"\" srcset=\"https:\/\/loudavymkrokem.cz\/wp-content\/uploads\/2026\/08\/nemecko-clanky-co-videt-v-hamburku-11.jpg 1800w, https:\/\/loudavymkrokem.cz\/wp-content\/uploads\/2026\/08\/nemecko-clanky-co-videt-v-hamburku-11-300x199.jpg 300w, https:\/\/loudavymkrokem.cz\/wp-content\/uploads\/2026\/08\/nemecko-clanky-co-videt-v-hamburku-11-700x464.jpg 700w, https:\/\/loudavymkrokem.cz\/wp-content\/uploads\/2026\/08\/nemecko-clanky-co-videt-v-hamburku-11-768x509.jpg 768w, https:\/\/loudavymkrokem.cz\/wp-content\/uploads\/2026\/08\/nemecko-clanky-co-videt-v-hamburku-11-1536x1018.jpg 1536w, https:\/\/loudavymkrokem.cz\/wp-content\/uploads\/2026\/08\/nemecko-clanky-co-videt-v-hamburku-11-696x461.jpg 696w, https:\/\/loudavymkrokem.cz\/wp-content\/uploads\/2026\/08\/nemecko-clanky-co-videt-v-hamburku-11-1392x923.jpg 1392w\" sizes=\"(max-width: 1800px) 100vw, 1800px\" \/><button\n\t\t\tclass=\"lightbox-trigger\"\n\t\t\ttype=\"button\"\n\t\t\taria-haspopup=\"dialog\"\n\t\t\tdata-wp-bind--aria-label=\"state.thisImage.triggerButtonAriaLabel\"\n\t\t\tdata-wp-init=\"callbacks.initTriggerButton\"\n\t\t\tdata-wp-on--click=\"actions.showLightbox\"\n\t\t\tdata-wp-style--right=\"state.thisImage.buttonRight\"\n\t\t\tdata-wp-style--top=\"state.thisImage.buttonTop\"\n\t\t>\n\t\t\t<svg xmlns=\"http:\/\/www.w3.org\/2000\/svg\" width=\"12\" height=\"12\" fill=\"none\" viewBox=\"0 0 12 12\">\n\t\t\t\t<path fill=\"#fff\" d=\"M2 0a2 2 0 0 0-2 2v2h1.5V2a.5.5 0 0 1 .5-.5h2V0H2Zm2 10.5H2a.5.5 0 0 1-.5-.5V8H0v2a2 2 0 0 0 2 2h2v-1.5ZM8 12v-1.5h2a.5.5 0 0 0 .5-.5V8H12v2a2 2 0 0 1-2 2H8Zm2-12a2 2 0 0 1 2 2v2h-1.5V2a.5.5 0 0 0-.5-.5H8V0h2Z\" \/>\n\t\t\t<\/svg>\n\t\t<\/button><figcaption class=\"wp-element-caption\">Foto: Darya Sannikova \/ Pexels<\/figcaption><\/figure>\n\n\n\n<h3 class=\"wp-block-heading\"><span class=\"ez-toc-section\" id=\"7_Niedzielny_Fischmarkt\"><\/span>7. Niedzielny Fischmarkt<span class=\"ez-toc-section-end\"><\/span><\/h3>\n\n\n\n<p class=\"wp-block-paragraph\">Je\u015bli w weekend lubisz wstawa\u0107 wcze\u015bnie, nie mo\u017cesz pomin\u0105\u0107 legendarnego niedzielnego targu w dzielnicy Altona, kt\u00f3ry odbywa si\u0119 tu\u017c nad rzek\u0105 i ma tradycj\u0119 si\u0119gaj\u0105c\u0105 a\u017c osiemnastego wieku. <strong>Altonaer Fischmarkt o\u017cywa ju\u017c o wczesnym \u015bwicie i oferuje niesamowite, g\u0142o\u015bne widowisko<\/strong>, podczas kt\u00f3rego sprzedawcy z typowym p\u00f3\u0142nocnoniemieckim humorem g\u0142o\u015bno zachwalaj\u0105 sw\u00f3j towar i targuj\u0105 si\u0119 z odwiedzaj\u0105cymi z pak ci\u0119\u017car\u00f3wek. Znajdziesz tu wcale nie tylko ryby \u2014 targ jest pe\u0142en stoisk ze \u015bwie\u017cymi owocami, ogromnymi bukietami, ubraniami i najr\u00f3\u017cniejszymi lokalnymi przysmakami.<\/p>\n\n\n\n<p class=\"wp-block-paragraph\">Miejscowi po przehulanej nocy na Reeperbahn <strong>zwykle przychodz\u0105 tu po tradycyjn\u0105 rybn\u0105 bu\u0142k\u0119 zwan\u0105 Fischbr\u00f6tchen<\/strong>, czyli nieod\u0142\u0105czn\u0105 hambursk\u0105 klasyk\u0119, kt\u00f3r\u0105 popijaj\u0105 gor\u0105c\u0105 kaw\u0105. Nawet je\u015bli nie przepadasz za rybami i wolisz kuchni\u0119 ro\u015blinn\u0105, sama atmosfera historycznej hali aukcyjnej z porann\u0105 muzyk\u0105 na \u017cywo i ta\u0144cz\u0105cymi lud\u017ami zdecydowanie warta jest wczesnego wstawania.<\/p>\n\n\n\n<p class=\"wp-block-paragraph\">\ud83d\udca1 Wskaz\u00f3wka: <strong>Targ ko\u0144czy si\u0119 do\u015b\u0107 wcze\u015bnie, zwykle stoiska zaczynaj\u0105 si\u0119 pakowa\u0107 ju\u017c oko\u0142o wp\u00f3\u0142 do dziesi\u0105tej rano<\/strong>, wi\u0119c nie zapomnij nastawi\u0107 budzika. Najlepiej po\u0142\u0105czy\u0107 wizyt\u0119 na targu z d\u0142ugim porannym spacerem po nabrze\u017cu.<\/p>\n\n\n\n<figure data-wp-context=\"{&quot;imageId&quot;:&quot;6a954c3d3b984&quot;}\" data-wp-interactive=\"core\/image\" data-wp-key=\"6a954c3d3b984\" class=\"wp-block-image size-full wp-lightbox-container\"><img decoding=\"async\" width=\"1800\" height=\"1350\" data-wp-class--hide=\"state.isContentHidden\" data-wp-class--show=\"state.isContentVisible\" data-wp-init=\"callbacks.setButtonStyles\" data-wp-on--click=\"actions.showLightbox\" data-wp-on--load=\"callbacks.setButtonStyles\" data-wp-on--pointerdown=\"actions.preloadImage\" data-wp-on--pointerenter=\"actions.preloadImageWithDelay\" data-wp-on--pointerleave=\"actions.cancelPreload\" data-wp-on-window--resize=\"callbacks.setButtonStyles\" src=\"https:\/\/loudavymkrokem.cz\/wp-content\/uploads\/2026\/08\/nemecko-clanky-co-videt-v-hamburku-12.jpg\" alt=\"Reeperbahn w dzielnicy St. Pauli\" class=\"wp-image-398969\" title=\"\" srcset=\"https:\/\/loudavymkrokem.cz\/wp-content\/uploads\/2026\/08\/nemecko-clanky-co-videt-v-hamburku-12.jpg 1800w, https:\/\/loudavymkrokem.cz\/wp-content\/uploads\/2026\/08\/nemecko-clanky-co-videt-v-hamburku-12-300x225.jpg 300w, https:\/\/loudavymkrokem.cz\/wp-content\/uploads\/2026\/08\/nemecko-clanky-co-videt-v-hamburku-12-700x525.jpg 700w, https:\/\/loudavymkrokem.cz\/wp-content\/uploads\/2026\/08\/nemecko-clanky-co-videt-v-hamburku-12-768x576.jpg 768w, https:\/\/loudavymkrokem.cz\/wp-content\/uploads\/2026\/08\/nemecko-clanky-co-videt-v-hamburku-12-1536x1152.jpg 1536w, https:\/\/loudavymkrokem.cz\/wp-content\/uploads\/2026\/08\/nemecko-clanky-co-videt-v-hamburku-12-80x60.jpg 80w, https:\/\/loudavymkrokem.cz\/wp-content\/uploads\/2026\/08\/nemecko-clanky-co-videt-v-hamburku-12-160x120.jpg 160w, https:\/\/loudavymkrokem.cz\/wp-content\/uploads\/2026\/08\/nemecko-clanky-co-videt-v-hamburku-12-696x522.jpg 696w, https:\/\/loudavymkrokem.cz\/wp-content\/uploads\/2026\/08\/nemecko-clanky-co-videt-v-hamburku-12-1392x1044.jpg 1392w\" sizes=\"(max-width: 1800px) 100vw, 1800px\" \/><button\n\t\t\tclass=\"lightbox-trigger\"\n\t\t\ttype=\"button\"\n\t\t\taria-haspopup=\"dialog\"\n\t\t\tdata-wp-bind--aria-label=\"state.thisImage.triggerButtonAriaLabel\"\n\t\t\tdata-wp-init=\"callbacks.initTriggerButton\"\n\t\t\tdata-wp-on--click=\"actions.showLightbox\"\n\t\t\tdata-wp-style--right=\"state.thisImage.buttonRight\"\n\t\t\tdata-wp-style--top=\"state.thisImage.buttonTop\"\n\t\t>\n\t\t\t<svg xmlns=\"http:\/\/www.w3.org\/2000\/svg\" width=\"12\" height=\"12\" fill=\"none\" viewBox=\"0 0 12 12\">\n\t\t\t\t<path fill=\"#fff\" d=\"M2 0a2 2 0 0 0-2 2v2h1.5V2a.5.5 0 0 1 .5-.5h2V0H2Zm2 10.5H2a.5.5 0 0 1-.5-.5V8H0v2a2 2 0 0 0 2 2h2v-1.5ZM8 12v-1.5h2a.5.5 0 0 0 .5-.5V8H12v2a2 2 0 0 1-2 2H8Zm2-12a2 2 0 0 1 2 2v2h-1.5V2a.5.5 0 0 0-.5-.5H8V0h2Z\" \/>\n\t\t\t<\/svg>\n\t\t<\/button><figcaption class=\"wp-element-caption\">Foto: Wusel007 \/ Wikimedia Commons, CC BY-SA 3.0<\/figcaption><\/figure>\n\n\n\n<h3 class=\"wp-block-heading\"><span class=\"ez-toc-section\" id=\"8_Reeperbahn_i_St_Pauli\"><\/span>8. Reeperbahn i St. Pauli<span class=\"ez-toc-section-end\"><\/span><\/h3>\n\n\n\n<p class=\"wp-block-paragraph\">Najs\u0142ynniejsza dzielnica rozrywkowa ca\u0142ych Niemiec budzi si\u0119 do \u017cycia dopiero z zachodem s\u0142o\u0144ca, a jej kolorowe neony \u015bwiec\u0105 na dalek\u0105 odleg\u0142o\u015b\u0107. <strong>G\u0142\u00f3wna arteria Reeperbahn i okoliczne uliczki w dzielnicy St. Pauli tworz\u0105 pulsuj\u0105ce centrum \u017cycia nocnego<\/strong>, gdzie znajdziesz setki bar\u00f3w, klub\u00f3w muzycznych, teatr\u00f3w i ikonicznych kabaret\u00f3w. To miejsce o surowszej, ale bardzo autentycznej atmosferze, kt\u00f3ra po prostu nieod\u0142\u0105cznie nale\u017cy do portowego miasta ju\u017c od dziesi\u0119cioleci.<\/p>\n\n\n\n<p class=\"wp-block-paragraph\">To w\u0142a\u015bnie w tutejszych ma\u0142ych klubach <strong>swoj\u0105 gwiazdorsk\u0105 karier\u0119 na pocz\u0105tku lat sze\u015b\u0107dziesi\u0105tych zacz\u0119li legendarni Beatlesi<\/strong>, co dzi\u015b upami\u0119tnia specjalny plac Beatles-Platz w kszta\u0142cie ogromnej p\u0142yty winylowej. Cho\u0107 dzielnica ma nieco dzik\u0105 reputacj\u0119, jest do\u015b\u0107 bezpieczna \u2014 musisz si\u0119 tylko przygotowa\u0107 na ogromne st\u0119\u017cenie ludzi i g\u0142o\u015bniejsze otoczenie.<\/p>\n\n\n\n<p class=\"wp-block-paragraph\">\ud83d\udca1 Wskaz\u00f3wka: <strong>Wybierz si\u0119 tu wieczorem na \u015bwietn\u0105 kolacj\u0119 do kt\u00f3rej\u015b z wielu modnych restauracji<\/strong>, a potem po prostu przejd\u017a si\u0119 roz\u015bwietlonymi ulicami. W zupe\u0142no\u015bci wystarczy nasyci\u0107 si\u0119 tutejsz\u0105 specyficzn\u0105 atmosfer\u0105 i wypi\u0107 drinka w kt\u00f3rym\u015b ze spokojniejszych bar\u00f3w nieopodal.<\/p>\n\n\n\n<figure data-wp-context=\"{&quot;imageId&quot;:&quot;6a954c3d3beb6&quot;}\" data-wp-interactive=\"core\/image\" data-wp-key=\"6a954c3d3beb6\" class=\"wp-block-image size-full wp-lightbox-container\"><img decoding=\"async\" width=\"1800\" height=\"1200\" data-wp-class--hide=\"state.isContentHidden\" data-wp-class--show=\"state.isContentVisible\" data-wp-init=\"callbacks.setButtonStyles\" data-wp-on--click=\"actions.showLightbox\" data-wp-on--load=\"callbacks.setButtonStyles\" data-wp-on--pointerdown=\"actions.preloadImage\" data-wp-on--pointerenter=\"actions.preloadImageWithDelay\" data-wp-on--pointerleave=\"actions.cancelPreload\" data-wp-on-window--resize=\"callbacks.setButtonStyles\" src=\"https:\/\/loudavymkrokem.cz\/wp-content\/uploads\/2026\/08\/nemecko-clanky-co-videt-v-hamburku-13.jpg\" alt=\"Park Planten un Blomen\" class=\"wp-image-398973\" title=\"\" srcset=\"https:\/\/loudavymkrokem.cz\/wp-content\/uploads\/2026\/08\/nemecko-clanky-co-videt-v-hamburku-13.jpg 1800w, https:\/\/loudavymkrokem.cz\/wp-content\/uploads\/2026\/08\/nemecko-clanky-co-videt-v-hamburku-13-300x200.jpg 300w, https:\/\/loudavymkrokem.cz\/wp-content\/uploads\/2026\/08\/nemecko-clanky-co-videt-v-hamburku-13-700x467.jpg 700w, https:\/\/loudavymkrokem.cz\/wp-content\/uploads\/2026\/08\/nemecko-clanky-co-videt-v-hamburku-13-768x512.jpg 768w, https:\/\/loudavymkrokem.cz\/wp-content\/uploads\/2026\/08\/nemecko-clanky-co-videt-v-hamburku-13-1536x1024.jpg 1536w, https:\/\/loudavymkrokem.cz\/wp-content\/uploads\/2026\/08\/nemecko-clanky-co-videt-v-hamburku-13-696x464.jpg 696w, https:\/\/loudavymkrokem.cz\/wp-content\/uploads\/2026\/08\/nemecko-clanky-co-videt-v-hamburku-13-1392x928.jpg 1392w\" sizes=\"(max-width: 1800px) 100vw, 1800px\" \/><button\n\t\t\tclass=\"lightbox-trigger\"\n\t\t\ttype=\"button\"\n\t\t\taria-haspopup=\"dialog\"\n\t\t\tdata-wp-bind--aria-label=\"state.thisImage.triggerButtonAriaLabel\"\n\t\t\tdata-wp-init=\"callbacks.initTriggerButton\"\n\t\t\tdata-wp-on--click=\"actions.showLightbox\"\n\t\t\tdata-wp-style--right=\"state.thisImage.buttonRight\"\n\t\t\tdata-wp-style--top=\"state.thisImage.buttonTop\"\n\t\t>\n\t\t\t<svg xmlns=\"http:\/\/www.w3.org\/2000\/svg\" width=\"12\" height=\"12\" fill=\"none\" viewBox=\"0 0 12 12\">\n\t\t\t\t<path fill=\"#fff\" d=\"M2 0a2 2 0 0 0-2 2v2h1.5V2a.5.5 0 0 1 .5-.5h2V0H2Zm2 10.5H2a.5.5 0 0 1-.5-.5V8H0v2a2 2 0 0 0 2 2h2v-1.5ZM8 12v-1.5h2a.5.5 0 0 0 .5-.5V8H12v2a2 2 0 0 1-2 2H8Zm2-12a2 2 0 0 1 2 2v2h-1.5V2a.5.5 0 0 0-.5-.5H8V0h2Z\" \/>\n\t\t\t<\/svg>\n\t\t<\/button><figcaption class=\"wp-element-caption\">Foto: Dirtsc \/ Wikimedia Commons, CC BY-SA 4.0<\/figcaption><\/figure>\n\n\n\n<h3 class=\"wp-block-heading\"><span class=\"ez-toc-section\" id=\"9_Park_Planten_un_Blomen\"><\/span>9. Park Planten un Blomen<span class=\"ez-toc-section-end\"><\/span><\/h3>\n\n\n\n<p class=\"wp-block-paragraph\">W samym sercu ruchliwego miasta le\u017cy rozleg\u0142a zielona oaza, kt\u00f3ra oferuje idealn\u0105 ucieczk\u0119 od ha\u0142asu ruchu i t\u0142um\u00f3w turyst\u00f3w. <strong>Park Planten un Blomen to pieczo\u0142owicie utrzymany kompleks przepi\u0119knych ogrod\u00f3w tematycznych<\/strong>, gdzie znajdziesz najwi\u0119kszy ogr\u00f3d japo\u0144ski w Europie, romantyczne stawy pe\u0142ne lilii wodnych, ogr\u00f3d r\u00f3\u017cany, a nawet tropikaln\u0105 szklarni\u0119. Poza nieko\u0144cz\u0105cymi si\u0119 spacerami mo\u017cna tu zagra\u0107 w minigolfa, wielkie szachy, a latem poje\u017adzi\u0107 na rozleg\u0142ym torze do jazdy na rolkach.<\/p>\n\n\n\n<p class=\"wp-block-paragraph\">Podczas gdy zim\u0105 cz\u0119\u015b\u0107 parku zmienia si\u0119 w magiczne i bardzo popularne lodowisko, latem t\u0142umy ludzi przyci\u0105gaj\u0105 <strong>wieczorne wodne koncerty \u015bwietlne, kt\u00f3re s\u0105 dla wszystkich odwiedzaj\u0105cych zupe\u0142nie darmowe<\/strong>. Fontanny ta\u0144cz\u0105 tu w rytm muzyki klasycznej i nowoczesnej, a kolorowe \u015bwiat\u0142a tworz\u0105 przepi\u0119kn\u0105 choreografi\u0119 wy\u015bwietlan\u0105 wprost na \u015bcianie wodnej.<\/p>\n\n\n\n<p class=\"wp-block-paragraph\">\ud83d\udca1 Wskaz\u00f3wka: <strong>Przed wieczornym pokazem fontann nie zapomnij przynie\u015b\u0107 w\u0142asnego koca i czego\u015b dobrego do picia<\/strong>, bo \u0142awki bardzo szybko si\u0119 zape\u0142niaj\u0105. Atmosfera letniego pikniku na trawie o zachodzie s\u0142o\u0144ca jest tu absolutnie czaruj\u0105ca.<\/p>\n\n\n\n<figure data-wp-context=\"{&quot;imageId&quot;:&quot;6a954c3d3c3c4&quot;}\" data-wp-interactive=\"core\/image\" data-wp-key=\"6a954c3d3c3c4\" class=\"wp-block-image size-full wp-lightbox-container\"><img decoding=\"async\" width=\"1800\" height=\"1350\" data-wp-class--hide=\"state.isContentHidden\" data-wp-class--show=\"state.isContentVisible\" data-wp-init=\"callbacks.setButtonStyles\" data-wp-on--click=\"actions.showLightbox\" data-wp-on--load=\"callbacks.setButtonStyles\" data-wp-on--pointerdown=\"actions.preloadImage\" data-wp-on--pointerenter=\"actions.preloadImageWithDelay\" data-wp-on--pointerleave=\"actions.cancelPreload\" data-wp-on-window--resize=\"callbacks.setButtonStyles\" src=\"https:\/\/loudavymkrokem.cz\/wp-content\/uploads\/2026\/08\/nemecko-clanky-co-videt-v-hamburku-14.jpg\" alt=\"Ratusz w Hamburgu (Rathaus)\" class=\"wp-image-398978\" title=\"\" srcset=\"https:\/\/loudavymkrokem.cz\/wp-content\/uploads\/2026\/08\/nemecko-clanky-co-videt-v-hamburku-14.jpg 1800w, https:\/\/loudavymkrokem.cz\/wp-content\/uploads\/2026\/08\/nemecko-clanky-co-videt-v-hamburku-14-300x225.jpg 300w, https:\/\/loudavymkrokem.cz\/wp-content\/uploads\/2026\/08\/nemecko-clanky-co-videt-v-hamburku-14-700x525.jpg 700w, https:\/\/loudavymkrokem.cz\/wp-content\/uploads\/2026\/08\/nemecko-clanky-co-videt-v-hamburku-14-768x576.jpg 768w, https:\/\/loudavymkrokem.cz\/wp-content\/uploads\/2026\/08\/nemecko-clanky-co-videt-v-hamburku-14-1536x1152.jpg 1536w, https:\/\/loudavymkrokem.cz\/wp-content\/uploads\/2026\/08\/nemecko-clanky-co-videt-v-hamburku-14-80x60.jpg 80w, https:\/\/loudavymkrokem.cz\/wp-content\/uploads\/2026\/08\/nemecko-clanky-co-videt-v-hamburku-14-160x120.jpg 160w, https:\/\/loudavymkrokem.cz\/wp-content\/uploads\/2026\/08\/nemecko-clanky-co-videt-v-hamburku-14-696x522.jpg 696w, https:\/\/loudavymkrokem.cz\/wp-content\/uploads\/2026\/08\/nemecko-clanky-co-videt-v-hamburku-14-1392x1044.jpg 1392w\" sizes=\"(max-width: 1800px) 100vw, 1800px\" \/><button\n\t\t\tclass=\"lightbox-trigger\"\n\t\t\ttype=\"button\"\n\t\t\taria-haspopup=\"dialog\"\n\t\t\tdata-wp-bind--aria-label=\"state.thisImage.triggerButtonAriaLabel\"\n\t\t\tdata-wp-init=\"callbacks.initTriggerButton\"\n\t\t\tdata-wp-on--click=\"actions.showLightbox\"\n\t\t\tdata-wp-style--right=\"state.thisImage.buttonRight\"\n\t\t\tdata-wp-style--top=\"state.thisImage.buttonTop\"\n\t\t>\n\t\t\t<svg xmlns=\"http:\/\/www.w3.org\/2000\/svg\" width=\"12\" height=\"12\" fill=\"none\" viewBox=\"0 0 12 12\">\n\t\t\t\t<path fill=\"#fff\" d=\"M2 0a2 2 0 0 0-2 2v2h1.5V2a.5.5 0 0 1 .5-.5h2V0H2Zm2 10.5H2a.5.5 0 0 1-.5-.5V8H0v2a2 2 0 0 0 2 2h2v-1.5ZM8 12v-1.5h2a.5.5 0 0 0 .5-.5V8H12v2a2 2 0 0 1-2 2H8Zm2-12a2 2 0 0 1 2 2v2h-1.5V2a.5.5 0 0 0-.5-.5H8V0h2Z\" \/>\n\t\t\t<\/svg>\n\t\t<\/button><figcaption class=\"wp-element-caption\">Foto: Dietmar Rabich \/ Wikimedia Commons, CC BY-SA 4.0<\/figcaption><\/figure>\n\n\n\n<h3 class=\"wp-block-heading\"><span class=\"ez-toc-section\" id=\"10_Ratusz_Rathaus\"><\/span>10. Ratusz (Rathaus)<span class=\"ez-toc-section-end\"><\/span><\/h3>\n\n\n\n<p class=\"wp-block-paragraph\">Na g\u0142\u00f3wnym placu wznosi si\u0119 imponuj\u0105cy neorenesansowy budynek ratusza, kt\u00f3ry natychmiast zaliczysz do najcz\u0119\u015bciej fotografowanych zabytk\u00f3w swojego wyjazdu. <strong>Rathaus szczyci si\u0119 niesamowitymi 647 pomieszczeniami, czyli mimochodem wi\u0119cej, ni\u017c ma londy\u0144ski Pa\u0142ac Buckingham<\/strong>, a jego bogato zdobiona piaskowcowa fasada po prostu zapiera dech. Budynek stoi na tysi\u0105cach d\u0119bowych pali wbitych g\u0142\u0119boko w b\u0142otniste pod\u0142o\u017ce, \u017ceby nie zapad\u0142 si\u0119 w mi\u0119kkim gruncie, co jest bardzo typowe dla historycznego Hamburga.<\/p>\n\n\n\n<p class=\"wp-block-paragraph\">Je\u015bli lubisz histori\u0119 i okaza\u0142\u0105 architektur\u0119, <strong>zdecydowanie polecam wzi\u0105\u0107 udzia\u0142 w oprowadzaniu z przewodnikiem po zachwycaj\u0105cych salach wewn\u0119trznych<\/strong>, pe\u0142nych z\u0142otych \u017cyrandoli, misternych sk\u00f3rzanych tapet i cennych obraz\u00f3w. Ale nawet bez zakupionego biletu mo\u017cesz swobodnie przej\u015b\u0107 si\u0119 pi\u0119knym dziedzi\u0144cem wewn\u0119trznym z fontann\u0105 bogini Hygiei, kt\u00f3ry dzi\u0119ki swojej dekoracji przypomina raczej w\u0142oski park zamkowy.<\/p>\n\n\n\n<p class=\"wp-block-paragraph\">\ud83d\udca1 Wskaz\u00f3wka: <strong>Wprost przed ratuszem zbiegaj\u0105 si\u0119 g\u0142\u00f3wne ulice handlowe i eleganckie promenady<\/strong>, wi\u0119c to absolutnie idealny punkt wyj\u015bcia do pieszego odkrywania historycznego centrum i zakup\u00f3w drobnych pami\u0105tek.<\/p>\n\n\n\n<figure data-wp-context=\"{&quot;imageId&quot;:&quot;6a954c3d3c893&quot;}\" data-wp-interactive=\"core\/image\" data-wp-key=\"6a954c3d3c893\" class=\"wp-block-image size-full wp-lightbox-container\"><img decoding=\"async\" width=\"1800\" height=\"1012\" data-wp-class--hide=\"state.isContentHidden\" data-wp-class--show=\"state.isContentVisible\" data-wp-init=\"callbacks.setButtonStyles\" data-wp-on--click=\"actions.showLightbox\" data-wp-on--load=\"callbacks.setButtonStyles\" data-wp-on--pointerdown=\"actions.preloadImage\" data-wp-on--pointerenter=\"actions.preloadImageWithDelay\" data-wp-on--pointerleave=\"actions.cancelPreload\" data-wp-on-window--resize=\"callbacks.setButtonStyles\" src=\"https:\/\/loudavymkrokem.cz\/wp-content\/uploads\/2026\/08\/nemecko-clanky-co-videt-v-hamburku-15.jpg\" alt=\"\u0141\u00f3dki na jeziorze Alster\" class=\"wp-image-398983\" title=\"\" srcset=\"https:\/\/loudavymkrokem.cz\/wp-content\/uploads\/2026\/08\/nemecko-clanky-co-videt-v-hamburku-15.jpg 1800w, https:\/\/loudavymkrokem.cz\/wp-content\/uploads\/2026\/08\/nemecko-clanky-co-videt-v-hamburku-15-300x169.jpg 300w, https:\/\/loudavymkrokem.cz\/wp-content\/uploads\/2026\/08\/nemecko-clanky-co-videt-v-hamburku-15-700x394.jpg 700w, https:\/\/loudavymkrokem.cz\/wp-content\/uploads\/2026\/08\/nemecko-clanky-co-videt-v-hamburku-15-768x432.jpg 768w, https:\/\/loudavymkrokem.cz\/wp-content\/uploads\/2026\/08\/nemecko-clanky-co-videt-v-hamburku-15-1536x864.jpg 1536w, https:\/\/loudavymkrokem.cz\/wp-content\/uploads\/2026\/08\/nemecko-clanky-co-videt-v-hamburku-15-696x391.jpg 696w, https:\/\/loudavymkrokem.cz\/wp-content\/uploads\/2026\/08\/nemecko-clanky-co-videt-v-hamburku-15-1392x783.jpg 1392w\" sizes=\"(max-width: 1800px) 100vw, 1800px\" \/><button\n\t\t\tclass=\"lightbox-trigger\"\n\t\t\ttype=\"button\"\n\t\t\taria-haspopup=\"dialog\"\n\t\t\tdata-wp-bind--aria-label=\"state.thisImage.triggerButtonAriaLabel\"\n\t\t\tdata-wp-init=\"callbacks.initTriggerButton\"\n\t\t\tdata-wp-on--click=\"actions.showLightbox\"\n\t\t\tdata-wp-style--right=\"state.thisImage.buttonRight\"\n\t\t\tdata-wp-style--top=\"state.thisImage.buttonTop\"\n\t\t>\n\t\t\t<svg xmlns=\"http:\/\/www.w3.org\/2000\/svg\" width=\"12\" height=\"12\" fill=\"none\" viewBox=\"0 0 12 12\">\n\t\t\t\t<path fill=\"#fff\" d=\"M2 0a2 2 0 0 0-2 2v2h1.5V2a.5.5 0 0 1 .5-.5h2V0H2Zm2 10.5H2a.5.5 0 0 1-.5-.5V8H0v2a2 2 0 0 0 2 2h2v-1.5ZM8 12v-1.5h2a.5.5 0 0 0 .5-.5V8H12v2a2 2 0 0 1-2 2H8Zm2-12a2 2 0 0 1 2 2v2h-1.5V2a.5.5 0 0 0-.5-.5H8V0h2Z\" \/>\n\t\t\t<\/svg>\n\t\t<\/button><figcaption class=\"wp-element-caption\">Foto: Wolfgang Weiser \/ Pexels<\/figcaption><\/figure>\n\n\n\n<!-- LKM_GYG_CARD start q=\"hamburku\" lang=\"pl\" rendered=\"2026-08-31T07:40:53+00:00\" v=\"1\" -->\n\n<!-- LKM_GYG_CARD end -->\n\n\n\n\n<div class=\"lk-stays-module\">\n<style>\n\/* \u2500\u2500\u2500 RESET PRO GUTENBERG \u2500\u2500\u2500 *\/\n.lk-stays-module * { box-sizing: border-box; margin: 0; padding: 0; }\n\n\/* \u2500\u2500\u2500 WRAPPER \u2500\u2500\u2500 *\/\n.lk-stays-module {\n  font-family: 'DM Sans', Georgia, sans-serif;\n  max-width: 100%;\n  margin: 2.5rem auto;\n  background: linear-gradient(135deg, #fdfaf5 0%, #fcf8f0 100%);\n  border: 1px solid #e8dfd4;\n  border-radius: 16px;\n  overflow: hidden;\n  box-shadow: 0 16px 48px rgba(195, 159, 118, 0.25), 0 4px 12px rgba(0,0,0,0.08);\n}\n\n\/* \u2500\u2500\u2500 HEADER \u2500\u2500\u2500 *\/\n.lk-stays-header {\n  position: relative;\n  padding: 24px 36px 24px;\n  background: linear-gradient(135deg, #c39f76 0%, #d4b188 60%, #c39f76 100%);\n  border-bottom: 1px solid rgba(255,255,255,.15);\n  display: flex;\n  align-items: center;\n  gap: 18px;\n}\n.lk-stays-header::before {\n  content: '';\n  position: absolute;\n  inset: 0;\n  background: url(\"data:image\/svg+xml,%3Csvg width='60' height='60' viewBox='0 0 60 60' xmlns='http:\/\/www.w3.org\/2000\/svg'%3E%3Cg fill='none' fill-rule='evenodd'%3E%3Cg fill='%23ffffff' fill-opacity='0.05'%3E%3Cpath d='M36 34v-4h-2v4h-4v2h4v4h2v-4h4v-2h-4zm0-30V0h-2v4h-4v2h4v4h2V6h4V4h-4zM6 34v-4H4v4H0v2h4v4h2v-4h4v-2H6zM6 4V0H4v4H0v2h4v4h2V6h4V4H6z'\/%3E%3C\/g%3E%3C\/g%3E%3C\/svg%3E\") repeat;\n  pointer-events: none;\n}\n.lk-stays-icon {\n  flex-shrink: 0;\n  width: 68px;\n  height: 68px;\n  border-radius: 14px;\n  background: linear-gradient(135deg, #fff 0%, #f9f6f0 100%);\n  display: flex;\n  align-items: center;\n  justify-content: center;\n  font-size: 26px;\n  box-shadow: 0 4px 12px rgba(0,0,0,0.15);\n}\n.lk-stays-eyebrow {\n  font-size: 10px;\n  font-weight: 500;\n  letter-spacing: 2.5px;\n  text-transform: uppercase;\n  color: rgba(255,255,255,.85);\n  margin: 0 0 5px 0;\n}\n.lk-stays-title {\n  font-family: 'Playfair Display', Georgia, serif;\n  font-size: 24px;\n  font-weight: 700;\n  color: #fff;\n  line-height: 1.2;\n  text-shadow: 0 1px 2px rgba(0,0,0,0.1);\n  margin: 0;\n}\n.lk-stays-subtitle {\n  font-size: 13px;\n  color: rgba(255,255,255,.75);\n  margin: 4px 0 0 0;\n  font-weight: 300;\n}\n\n\/* \u2500\u2500\u2500 CARDS GRID \u2500\u2500\u2500 *\/\n.lk-stays-grid {\n  display: grid;\n  grid-template-columns: 1fr 1fr;\n  gap: 1px;\n  background: rgba(195, 159, 118, 0.12);\n}\n\n\/* \u2500\u2500\u2500 SINGLE CARD \u2500\u2500\u2500 *\/\n.lk-stay-card {\n  background: #ffffff;\n  padding: 26px;\n  display: flex;\n  flex-direction: column;\n  gap: 11px;\n  transition: all 0.3s ease;\n  text-decoration: none;\n  color: inherit;\n  position: relative;\n}\n.lk-stay-card:hover {\n  background: #fffbf5;\n  transform: translateY(-2px);\n  box-shadow: 0 8px 24px rgba(195, 159, 118, 0.18);\n  z-index: 1;\n}\n.lk-stay-card.featured {\n  background: linear-gradient(135deg, #fffdf9 0%, #fff9f0 100%);\n  box-shadow: 0 4px 16px rgba(195, 159, 118, 0.15), inset 0 1px 0 rgba(195, 159, 118, 0.1);\n}\n.lk-stay-card.featured:hover {\n  background: linear-gradient(135deg, #fffbf5 0%, #fff8ed 100%);\n  box-shadow: 0 8px 24px rgba(195, 159, 118, 0.25), inset 0 1px 0 rgba(195, 159, 118, 0.15);\n}\n\n.lk-stay-badge {\n  display: inline-flex;\n  align-items: center;\n  gap: 5px;\n  font-size: 10px;\n  font-weight: 500;\n  letter-spacing: 1.5px;\n  text-transform: uppercase;\n  padding: 5px 11px;\n  border-radius: 20px;\n  width: fit-content;\n}\n.badge-top     { background: linear-gradient(135deg, #c39f76 0%, #d4b188 100%); color: #fff; border: 1px solid #c39f76; font-weight: 600; box-shadow: 0 2px 8px rgba(195,159,118,0.3); }\n.badge-luxury  { background: rgba(195,159,118,.12); color: #c39f76; border: 1px solid rgba(195,159,118,.25); }\n.badge-boutique{ background: rgba(54,133,252,.08); color: #3685fc; border: 1px solid rgba(54,133,252,.2); }\n.badge-nature  { background: rgba(130,190,100,.1); color: #6b9c4a; border: 1px solid rgba(130,190,100,.2); }\n.badge-remote  { background: rgba(195,159,118,.12); color: #a67e50; border: 1px solid rgba(195,159,118,.25); }\n\n.lk-stay-name {\n  font-family: 'Playfair Display', Georgia, serif;\n  font-size: 18px;\n  font-weight: 700;\n  color: #111827;\n  line-height: 1.3;\n}\n.lk-stay-desc {\n  font-size: 13.5px;\n  color: #525252;\n  line-height: 1.65;\n  font-weight: 300;\n  flex: 1;\n}\n\n.lk-stay-meta {\n  display: flex;\n  align-items: center;\n  gap: 12px;\n  flex-wrap: wrap;\n  margin-top: 4px;\n}\n.lk-stay-price {\n  font-size: 13px;\n  color: #6b7280;\n}\n.lk-stay-price strong {\n  color: #c39f76;\n  font-weight: 500;\n}\n.lk-stay-stars {\n  color: #c39f76;\n  font-size: 11px;\n  letter-spacing: 1px;\n}\n\n\/* \u2500\u2500\u2500 CTA BUTTON \u2500\u2500\u2500 *\/\n.lk-stay-cta {\n  display: inline-flex;\n  align-items: center;\n  justify-content: center;\n  gap: 7px;\n  margin-top: 8px;\n  padding: 11px 20px;\n  border-radius: 8px;\n  background: linear-gradient(135deg, #3685fc 0%, #2a6fd9 100%);\n  color: #fff;\n  font-size: 13px;\n  font-weight: 500;\n  text-decoration: none;\n  letter-spacing: .3px;\n  transition: all .2s ease;\n  cursor: pointer;\n  border: none;\n  text-align: center;\n  box-shadow: 0 4px 12px rgba(54, 133, 252, 0.25);\n}\n.lk-stay-cta:hover {\n  background: linear-gradient(135deg, #2a6fd9 0%, #1e5bc4 100%);\n  transform: translateY(-1px);\n  box-shadow: 0 6px 16px rgba(54, 133, 252, 0.35);\n}\n.lk-stay-cta svg { flex-shrink: 0; }\n\n\/* \u2500\u2500\u2500 FOOTER \u2500\u2500\u2500 *\/\n.lk-stays-footer {\n  padding: 18px 36px;\n  background: linear-gradient(to bottom, #fdfaf5 0%, #f9f4ed 100%);\n  border-top: 1px solid rgba(195, 159, 118, 0.15);\n  display: flex;\n  align-items: center;\n  justify-content: space-between;\n  flex-wrap: wrap;\n  gap: 12px;\n}\n.lk-stays-footer-note {\n  font-size: 11.5px;\n  color: #6b7280;\n  font-weight: 300;\n  line-height: 1.5;\n}\n.lk-stays-footer-note a {\n  color: #c39f76;\n  text-decoration: none;\n  font-weight: 400;\n}\n.lk-stays-footer-note a:hover {\n  text-decoration: underline;\n}\n.lk-stays-all-btn {\n  display: inline-flex;\n  align-items: center;\n  gap: 6px;\n  font-size: 12.5px;\n  font-weight: 500;\n  color: #c39f76;\n  text-decoration: none;\n  border: 1px solid rgba(195, 159, 118, 0.35);\n  padding: 8px 18px;\n  border-radius: 8px;\n  transition: all .2s ease;\n}\n.lk-stays-all-btn:hover {\n  background: rgba(195, 159, 118, 0.08);\n  border-color: rgba(195, 159, 118, 0.5);\n}\n\n\/* \u2500\u2500\u2500 RESPONSIVE \u2500\u2500\u2500 *\/\n@media (max-width: 600px) {\n  .lk-stays-grid { grid-template-columns: 1fr; }\n  .lk-stays-header { padding: 24px 20px; }\n  .lk-stays-footer { padding: 16px 20px; }\n  .lk-stay-card { padding: 22px; }\n  .lk-stays-title { font-size: 20px; }\n}\n<\/style>\n\n  <!-- HEADER -->\n  <div class=\"lk-stays-header\">\n    <img decoding=\"async\" src=\"https:\/\/loudavymkrokem.cz\/wp-content\/uploads\/2026\/02\/lukas-a-lucka.jpg\" alt=\"\" style=\"width: 75px; height: 75px; border-radius: 8px; flex-shrink: 0; object-fit: cover; display: block; margin: 4px 0;\" title=\"\">\n    <div class=\"lk-stays-header-text\">\n      <div class=\"lk-stays-eyebrow\">Luk\u00e1\u0161 i Lucie polecaj\u0105<\/div>\n      <div class=\"lk-stays-title\">Gdzie si\u0119 zatrzyma\u0107 w Hamburgu<\/div>\n      <div class=\"lk-stays-subtitle\">3 noclegi \u2014 hotele i inne opcje zakwaterowania<\/div>\n    <\/div>\n  <\/div>\n\n  <!-- CARDS -->\n  <div class=\"lk-stays-grid\">\n\n    <a class=\"lk-stay-card featured\" href=\"https:\/\/www.stay22.com\/allez\/roam?aid=lukaskonecny&#038;campaign=loudavymkrokemcz&#038;campaign=pl&#038;campaign=covidetvhamburku&#038;address=Hamburk&#038;hotelname=25hours+Hotel+HafenCity&#038;search=25hours+Hotel+HafenCity&#038;category=accommodation\" target=\"_blank\" rel=\"nofollow noopener\">\n      <span class=\"lk-stay-badge badge-top\">\u2b50 TOP WYB\u00d3R<\/span>\n      <span class=\"lk-stay-badge badge-nature\">\ud83c\udfe8 Hotel<\/span>\n      <div class=\"lk-stay-name\">25hours Hotel HafenCity<\/div>\n      <div class=\"lk-stay-desc\">Stylowy hotel z zabawnym marynistycznym designem w najnowocze\u015bniejszej dzielnicy z widokiem na doki.<\/div>\n      <div class=\"lk-stay-meta\">\n        <span class=\"lk-stay-stars\">\u2605\u2605\u2605\u2605<\/span>\n        <span class=\"lk-stay-price\"><\/span>\n      <\/div>\n      <span class=\"lk-stay-cta\">\n        <svg width=\"14\" height=\"14\" viewBox=\"0 0 24 24\" fill=\"none\" stroke=\"currentColor\" stroke-width=\"2\"><path d=\"M18 13v6a2 2 0 0 1-2 2H5a2 2 0 0 1-2-2V8a2 2 0 0 1 2-2h6\"\/><polyline points=\"15 3 21 3 21 9\"\/><line x1=\"10\" y1=\"14\" x2=\"21\" y2=\"3\"\/><\/svg>\n        Sprawd\u017a dost\u0119pno\u015b\u0107\n      <\/span>\n    <\/a>\n\n    <a class=\"lk-stay-card\" href=\"https:\/\/www.stay22.com\/allez\/roam?aid=lukaskonecny&#038;campaign=loudavymkrokemcz&#038;campaign=pl&#038;campaign=co-videt-v-hamburku&#038;hotelname=Hotel%20Volksschule&#038;address=Hamburk%2C%20N%C4%9Bmecko\" target=\"_blank\" rel=\"nofollow noopener\">\n      <span class=\"lk-stay-badge badge-nature\">\ud83c\udfe8 Hotel<\/span>\n      <div class=\"lk-stay-name\">Hotel Volksschule<\/div>\n      <div class=\"lk-stay-desc\">Popularny hotel w zrekonstruowanym budynku szkolnym w St. Georg, blisko dworca, wyr\u00f3\u017cniaj\u0105cy si\u0119 fantastycznymi \u015bniadaniami.<\/div>\n      <div class=\"lk-stay-meta\">\n        <span class=\"lk-stay-stars\">\u2605\u2605\u2605\u2605<\/span>\n        <span class=\"lk-stay-price\"><\/span>\n      <\/div>\n      <span class=\"lk-stay-cta\">\n        <svg width=\"14\" height=\"14\" viewBox=\"0 0 24 24\" fill=\"none\" stroke=\"currentColor\" stroke-width=\"2\"><path d=\"M18 13v6a2 2 0 0 1-2 2H5a2 2 0 0 1-2-2V8a2 2 0 0 1 2-2h6\"\/><polyline points=\"15 3 21 3 21 9\"\/><line x1=\"10\" y1=\"14\" x2=\"21\" y2=\"3\"\/><\/svg>\n        Sprawd\u017a dost\u0119pno\u015b\u0107\n      <\/span>\n    <\/a>\n\n    <a class=\"lk-stay-card\" href=\"https:\/\/www.stay22.com\/allez\/roam?aid=lukaskonecny&#038;campaign=loudavymkrokemcz&#038;campaign=pl&#038;campaign=covidetvhamburku&#038;address=hamburk\" target=\"_blank\" rel=\"nofollow noopener\">\n      <span class=\"lk-stay-badge badge-nature\">\ud83d\udd0d Szukaj<\/span>\n      <div class=\"lk-stay-name\">Zobacz wszystkie noclegi w Hamburgu<\/div>\n      <div class=\"lk-stay-desc\">Przegl\u0105daj wszystkie dost\u0119pne opcje zakwaterowania w Hamburgu i znajd\u017a najlepsze wed\u0142ug swoich preferencji i bud\u017cetu.<\/div>\n      <div class=\"lk-stay-meta\">\n        <span class=\"lk-stay-stars\">\u2605\u2605\u2605\u2605<\/span>\n        <span class=\"lk-stay-price\">Por\u00f3wnaj ceny<\/span>\n      <\/div>\n      <span class=\"lk-stay-cta\">\n        <svg width=\"14\" height=\"14\" viewBox=\"0 0 24 24\" fill=\"none\" stroke=\"currentColor\" stroke-width=\"2\"><path d=\"M18 13v6a2 2 0 0 1-2 2H5a2 2 0 0 1-2-2V8a2 2 0 0 1 2-2h6\"\/><polyline points=\"15 3 21 3 21 9\"\/><line x1=\"10\" y1=\"14\" x2=\"21\" y2=\"3\"\/><\/svg>\n        Sprawd\u017a dost\u0119pno\u015b\u0107\n      <\/span>\n    <\/a>\n\n  <\/div>\n\n  \n<\/div>\n\n\n\n\n<h3 class=\"wp-block-heading\"><span class=\"ez-toc-section\" id=\"11_Jeziora_Alster\"><\/span>11. Jeziora Alster<span class=\"ez-toc-section-end\"><\/span><\/h3>\n\n\n\n<p class=\"wp-block-paragraph\">W samym centrum miasta, zaledwie kilka krok\u00f3w od historycznego ratusza, rozci\u0105gaj\u0105 si\u0119 dwa du\u017ce sztuczne jeziora Binnenalster i Aussenalster, kt\u00f3re tworz\u0105 jakby b\u0142\u0119kitne serce metropolii. <strong>Jeziora otaczaj\u0105 szerokie promenady, pieczo\u0142owicie utrzymane zielone parki i eleganckie wille<\/strong>, co czyni z nich najpopularniejsz\u0105 stref\u0119 rekreacyjn\u0105 dla wszystkich mieszka\u0144c\u00f3w. Wok\u00f3\u0142 wody stale spotkasz biegaczy, rowerzyst\u00f3w i ludzi, kt\u00f3rzy przyszli tu po pracy odpocz\u0105\u0107 na \u0142awce z dobr\u0105 ksi\u0105\u017ck\u0105.<\/p>\n\n\n\n<p class=\"wp-block-paragraph\">W cieplejszych miesi\u0105cach <strong>najlepsz\u0105 aktywno\u015bci\u0105 jest wypo\u017cyczenie rowerka wodnego, kajaka lub paddleboardu<\/strong>, dzi\u0119ki kt\u00f3rym mo\u017cesz przep\u0142yn\u0105\u0107 rozleg\u0142e jeziora i przyleg\u0142e ciche kana\u0142y na w\u0142asn\u0105 r\u0119k\u0119. Z tafli wody uzyskasz bowiem zupe\u0142nie inn\u0105 perspektyw\u0119 na luksusowe dzielnice rezydencjonalne i prywatne ogrody, kt\u00f3rych z l\u0105du przez drzewa cz\u0119sto w og\u00f3le nie zobaczysz.<\/p>\n\n\n\n<p class=\"wp-block-paragraph\">\ud83d\udca1 Wskaz\u00f3wka: <strong>Po\u015brodku wewn\u0119trznego jeziora tryska wysoka fontanna Alsterfont\u00e4ne<\/strong>, b\u0119d\u0105ca jednym z g\u0142\u00f3wnych punkt\u00f3w orientacyjnych miasta. Usi\u0105d\u017a na schodach przy s\u0142ynnym nabrze\u017cu Jungfernstieg, kup kaw\u0119 i ciesz si\u0119 lu\u017an\u0105 atmosfer\u0105 z widokiem na wod\u0119.<\/p>\n\n\n\n<figure data-wp-context=\"{&quot;imageId&quot;:&quot;6a954c3d3ce85&quot;}\" data-wp-interactive=\"core\/image\" data-wp-key=\"6a954c3d3ce85\" class=\"wp-block-image size-full wp-lightbox-container\"><img decoding=\"async\" width=\"1800\" height=\"1200\" data-wp-class--hide=\"state.isContentHidden\" data-wp-class--show=\"state.isContentVisible\" data-wp-init=\"callbacks.setButtonStyles\" data-wp-on--click=\"actions.showLightbox\" data-wp-on--load=\"callbacks.setButtonStyles\" data-wp-on--pointerdown=\"actions.preloadImage\" data-wp-on--pointerenter=\"actions.preloadImageWithDelay\" data-wp-on--pointerleave=\"actions.cancelPreload\" data-wp-on-window--resize=\"callbacks.setButtonStyles\" src=\"https:\/\/loudavymkrokem.cz\/wp-content\/uploads\/2026\/08\/nemecko-clanky-co-videt-v-hamburku-16.jpg\" alt=\"Pomnik \u015bwi\u0119tego Miko\u0142aja\" class=\"wp-image-398989\" title=\"\" srcset=\"https:\/\/loudavymkrokem.cz\/wp-content\/uploads\/2026\/08\/nemecko-clanky-co-videt-v-hamburku-16.jpg 1800w, https:\/\/loudavymkrokem.cz\/wp-content\/uploads\/2026\/08\/nemecko-clanky-co-videt-v-hamburku-16-300x200.jpg 300w, https:\/\/loudavymkrokem.cz\/wp-content\/uploads\/2026\/08\/nemecko-clanky-co-videt-v-hamburku-16-700x467.jpg 700w, https:\/\/loudavymkrokem.cz\/wp-content\/uploads\/2026\/08\/nemecko-clanky-co-videt-v-hamburku-16-768x512.jpg 768w, https:\/\/loudavymkrokem.cz\/wp-content\/uploads\/2026\/08\/nemecko-clanky-co-videt-v-hamburku-16-1536x1024.jpg 1536w, https:\/\/loudavymkrokem.cz\/wp-content\/uploads\/2026\/08\/nemecko-clanky-co-videt-v-hamburku-16-696x464.jpg 696w, https:\/\/loudavymkrokem.cz\/wp-content\/uploads\/2026\/08\/nemecko-clanky-co-videt-v-hamburku-16-1392x928.jpg 1392w\" sizes=\"(max-width: 1800px) 100vw, 1800px\" \/><button\n\t\t\tclass=\"lightbox-trigger\"\n\t\t\ttype=\"button\"\n\t\t\taria-haspopup=\"dialog\"\n\t\t\tdata-wp-bind--aria-label=\"state.thisImage.triggerButtonAriaLabel\"\n\t\t\tdata-wp-init=\"callbacks.initTriggerButton\"\n\t\t\tdata-wp-on--click=\"actions.showLightbox\"\n\t\t\tdata-wp-style--right=\"state.thisImage.buttonRight\"\n\t\t\tdata-wp-style--top=\"state.thisImage.buttonTop\"\n\t\t>\n\t\t\t<svg xmlns=\"http:\/\/www.w3.org\/2000\/svg\" width=\"12\" height=\"12\" fill=\"none\" viewBox=\"0 0 12 12\">\n\t\t\t\t<path fill=\"#fff\" d=\"M2 0a2 2 0 0 0-2 2v2h1.5V2a.5.5 0 0 1 .5-.5h2V0H2Zm2 10.5H2a.5.5 0 0 1-.5-.5V8H0v2a2 2 0 0 0 2 2h2v-1.5ZM8 12v-1.5h2a.5.5 0 0 0 .5-.5V8H12v2a2 2 0 0 1-2 2H8Zm2-12a2 2 0 0 1 2 2v2h-1.5V2a.5.5 0 0 0-.5-.5H8V0h2Z\" \/>\n\t\t\t<\/svg>\n\t\t<\/button><figcaption class=\"wp-element-caption\">Foto: Santiago Morales \/ Pexels<\/figcaption><\/figure>\n\n\n\n<h3 class=\"wp-block-heading\"><span class=\"ez-toc-section\" id=\"12_Pomnik_swietego_Mikolaja_St_Nikolai_Mahnmal\"><\/span>12. Pomnik \u015bwi\u0119tego Miko\u0142aja (St. Nikolai Mahnmal)<span class=\"ez-toc-section-end\"><\/span><\/h3>\n\n\n\n<p class=\"wp-block-paragraph\">Ju\u017c z daleka zobaczysz wysok\u0105 czarn\u0105 wie\u017c\u0119, kt\u00f3ra sprawia wra\u017cenie zjawy po\u015br\u00f3d nowoczesnej szklanej zabudowy. <strong>Ko\u015bci\u00f3\u0142 \u015bwi\u0119tego Miko\u0142aja zosta\u0142 podczas drugiej wojny \u015bwiatowej niemal zr\u00f3wnany z ziemi\u0105 w masowym alianckim bombardowaniu<\/strong>, a jego zw\u0119glone ruiny celowo pozostawiono w tym stanie jako niezwykle wymowny pomnik przeciwwojenny. Miejsce ma bardzo siln\u0105 i ponur\u0105 atmosfer\u0119, kt\u00f3ra na pewno sk\u0142oni ci\u0119 do refleksji nad burzliw\u0105 histori\u0105 ca\u0142ego miasta.<\/p>\n\n\n\n<p class=\"wp-block-paragraph\">W rozleg\u0142ych podziemiach pod ko\u015bcio\u0142em znajduje si\u0119 <strong>bardzo ciekawa ekspozycja dokumentuj\u0105ca zniszczenie miasta, natomiast przeszklona winda wywiezie ci\u0119 na szczyt 76-metrowej wie\u017cy<\/strong>. Stamt\u0105d roztacza si\u0119 fantastyczny panoramiczny widok na ca\u0142e historyczne centrum, nowoczesny port i pobliski ratusz.<\/p>\n\n\n\n<p class=\"wp-block-paragraph\">\ud83d\udca1 Wskaz\u00f3wka: <strong>Je\u015bli masz ograniczony bud\u017cet i zastanawiasz si\u0119, za kt\u00f3ry taras widokowy w mie\u015bcie zap\u0142aci\u0107<\/strong>, wie\u017ca \u015bwi\u0119tego Miko\u0142aja jest dzi\u0119ki centralnej lokalizacji i g\u0142\u0119bokiemu przes\u0142aniu historycznemu absolutnie doskona\u0142ym wyborem.<\/p>\n\n\n\n<figure data-wp-context=\"{&quot;imageId&quot;:&quot;6a954c3d3d6d1&quot;}\" data-wp-interactive=\"core\/image\" data-wp-key=\"6a954c3d3d6d1\" class=\"wp-block-image size-full wp-lightbox-container\"><img decoding=\"async\" width=\"1800\" height=\"1183\" data-wp-class--hide=\"state.isContentHidden\" data-wp-class--show=\"state.isContentVisible\" data-wp-init=\"callbacks.setButtonStyles\" data-wp-on--click=\"actions.showLightbox\" data-wp-on--load=\"callbacks.setButtonStyles\" data-wp-on--pointerdown=\"actions.preloadImage\" data-wp-on--pointerenter=\"actions.preloadImageWithDelay\" data-wp-on--pointerleave=\"actions.cancelPreload\" data-wp-on-window--resize=\"callbacks.setButtonStyles\" src=\"https:\/\/loudavymkrokem.cz\/wp-content\/uploads\/2026\/08\/nemecko-clanky-co-videt-v-hamburku-17.jpg\" alt=\"Stary tunel pod \u0141ab\u0105\" class=\"wp-image-398993\" title=\"\" srcset=\"https:\/\/loudavymkrokem.cz\/wp-content\/uploads\/2026\/08\/nemecko-clanky-co-videt-v-hamburku-17.jpg 1800w, https:\/\/loudavymkrokem.cz\/wp-content\/uploads\/2026\/08\/nemecko-clanky-co-videt-v-hamburku-17-300x197.jpg 300w, https:\/\/loudavymkrokem.cz\/wp-content\/uploads\/2026\/08\/nemecko-clanky-co-videt-v-hamburku-17-700x460.jpg 700w, https:\/\/loudavymkrokem.cz\/wp-content\/uploads\/2026\/08\/nemecko-clanky-co-videt-v-hamburku-17-768x505.jpg 768w, https:\/\/loudavymkrokem.cz\/wp-content\/uploads\/2026\/08\/nemecko-clanky-co-videt-v-hamburku-17-1536x1009.jpg 1536w, https:\/\/loudavymkrokem.cz\/wp-content\/uploads\/2026\/08\/nemecko-clanky-co-videt-v-hamburku-17-696x457.jpg 696w, https:\/\/loudavymkrokem.cz\/wp-content\/uploads\/2026\/08\/nemecko-clanky-co-videt-v-hamburku-17-1392x915.jpg 1392w\" sizes=\"(max-width: 1800px) 100vw, 1800px\" \/><button\n\t\t\tclass=\"lightbox-trigger\"\n\t\t\ttype=\"button\"\n\t\t\taria-haspopup=\"dialog\"\n\t\t\tdata-wp-bind--aria-label=\"state.thisImage.triggerButtonAriaLabel\"\n\t\t\tdata-wp-init=\"callbacks.initTriggerButton\"\n\t\t\tdata-wp-on--click=\"actions.showLightbox\"\n\t\t\tdata-wp-style--right=\"state.thisImage.buttonRight\"\n\t\t\tdata-wp-style--top=\"state.thisImage.buttonTop\"\n\t\t>\n\t\t\t<svg xmlns=\"http:\/\/www.w3.org\/2000\/svg\" width=\"12\" height=\"12\" fill=\"none\" viewBox=\"0 0 12 12\">\n\t\t\t\t<path fill=\"#fff\" d=\"M2 0a2 2 0 0 0-2 2v2h1.5V2a.5.5 0 0 1 .5-.5h2V0H2Zm2 10.5H2a.5.5 0 0 1-.5-.5V8H0v2a2 2 0 0 0 2 2h2v-1.5ZM8 12v-1.5h2a.5.5 0 0 0 .5-.5V8H12v2a2 2 0 0 1-2 2H8Zm2-12a2 2 0 0 1 2 2v2h-1.5V2a.5.5 0 0 0-.5-.5H8V0h2Z\" \/>\n\t\t\t<\/svg>\n\t\t<\/button><figcaption class=\"wp-element-caption\">Foto: Thomas Wolf, www.foto-tw.de \/ Wikimedia Commons, CC BY-SA 3.0<\/figcaption><\/figure>\n\n\n\n<h3 class=\"wp-block-heading\"><span class=\"ez-toc-section\" id=\"13_Stary_tunel_pod_Laba_Alter_Elbtunnel\"><\/span>13. Stary tunel pod \u0141ab\u0105 (Alter Elbtunnel)<span class=\"ez-toc-section-end\"><\/span><\/h3>\n\n\n\n<p class=\"wp-block-paragraph\">Ten historyczny unikat techniczny z 1911 roku pozwoli ci przej\u015b\u0107 pieszo lub przejecha\u0107 rowerem wprost pod korytem ogromnej rzeki \u0141aby. <strong>Do tunelu schodzi si\u0119 za pomoc\u0105 ogromnych historycznych wind z drewnian\u0105 ok\u0142adzin\u0105, kt\u00f3re dawniej przewozi\u0142y konne wozy<\/strong>, a do dzi\u015b obs\u0142ugiwane s\u0105 przez personel w historycznych uniformach. Sam tunel jest przepi\u0119knie wy\u0142o\u017cony b\u0142yszcz\u0105cymi kafelkami z p\u0142askorze\u017abami morskich stworze\u0144 i dzi\u0119ki swojemu o\u015bwietleniu prezentuje si\u0119 niesamowicie fotogenicznie.<\/p>\n\n\n\n<p class=\"wp-block-paragraph\">Spacer podziemnym tubusem na drug\u0105 stron\u0119 rzeki <strong>mierzy oko\u0142o 400 metr\u00f3w i dla pieszych jest przez ca\u0142y dzie\u0144 zupe\u0142nie darmowy<\/strong>. Gdy tylko wyjedziesz jedn\u0105 z wind na drugim brzegu w dzielnicy Steinwerder, uka\u017ce ci si\u0119 jeden z najpi\u0119kniejszych i najbardziej otwartych widok\u00f3w na ca\u0142\u0105 panoram\u0119 miasta.<\/p>\n\n\n\n<p class=\"wp-block-paragraph\">\ud83d\udca1 Wskaz\u00f3wka: <strong>Najlepsze zdj\u0119cia panoramy z gmachem Elbphilharmonie i wie\u017cami ko\u015bcio\u0142\u00f3w zrobisz w\u0142a\u015bnie z platformy widokowej na po\u0142udniowym brzegu<\/strong> zaraz przy wyj\u015bciu z tunelu. Zw\u0142aszcza o zachodzie s\u0142o\u0144ca lub tu\u017c po nim jest to absolutna pi\u0119kno\u015b\u0107.<\/p>\n\n\n\n<figure data-wp-context=\"{&quot;imageId&quot;:&quot;6a954c3d3db74&quot;}\" data-wp-interactive=\"core\/image\" data-wp-key=\"6a954c3d3db74\" class=\"wp-block-image size-full wp-lightbox-container\"><img decoding=\"async\" width=\"1800\" height=\"1215\" data-wp-class--hide=\"state.isContentHidden\" data-wp-class--show=\"state.isContentVisible\" data-wp-init=\"callbacks.setButtonStyles\" data-wp-on--click=\"actions.showLightbox\" data-wp-on--load=\"callbacks.setButtonStyles\" data-wp-on--pointerdown=\"actions.preloadImage\" data-wp-on--pointerenter=\"actions.preloadImageWithDelay\" data-wp-on--pointerleave=\"actions.cancelPreload\" data-wp-on-window--resize=\"callbacks.setButtonStyles\" src=\"https:\/\/loudavymkrokem.cz\/wp-content\/uploads\/2026\/08\/nemecko-clanky-co-videt-v-hamburku-18.jpg\" alt=\"Chilehaus w dzielnicy Kontorhausviertel\" class=\"wp-image-399000\" title=\"\" srcset=\"https:\/\/loudavymkrokem.cz\/wp-content\/uploads\/2026\/08\/nemecko-clanky-co-videt-v-hamburku-18.jpg 1800w, https:\/\/loudavymkrokem.cz\/wp-content\/uploads\/2026\/08\/nemecko-clanky-co-videt-v-hamburku-18-300x203.jpg 300w, https:\/\/loudavymkrokem.cz\/wp-content\/uploads\/2026\/08\/nemecko-clanky-co-videt-v-hamburku-18-700x473.jpg 700w, https:\/\/loudavymkrokem.cz\/wp-content\/uploads\/2026\/08\/nemecko-clanky-co-videt-v-hamburku-18-768x518.jpg 768w, https:\/\/loudavymkrokem.cz\/wp-content\/uploads\/2026\/08\/nemecko-clanky-co-videt-v-hamburku-18-1536x1037.jpg 1536w, https:\/\/loudavymkrokem.cz\/wp-content\/uploads\/2026\/08\/nemecko-clanky-co-videt-v-hamburku-18-696x470.jpg 696w, https:\/\/loudavymkrokem.cz\/wp-content\/uploads\/2026\/08\/nemecko-clanky-co-videt-v-hamburku-18-1392x940.jpg 1392w\" sizes=\"(max-width: 1800px) 100vw, 1800px\" \/><button\n\t\t\tclass=\"lightbox-trigger\"\n\t\t\ttype=\"button\"\n\t\t\taria-haspopup=\"dialog\"\n\t\t\tdata-wp-bind--aria-label=\"state.thisImage.triggerButtonAriaLabel\"\n\t\t\tdata-wp-init=\"callbacks.initTriggerButton\"\n\t\t\tdata-wp-on--click=\"actions.showLightbox\"\n\t\t\tdata-wp-style--right=\"state.thisImage.buttonRight\"\n\t\t\tdata-wp-style--top=\"state.thisImage.buttonTop\"\n\t\t>\n\t\t\t<svg xmlns=\"http:\/\/www.w3.org\/2000\/svg\" width=\"12\" height=\"12\" fill=\"none\" viewBox=\"0 0 12 12\">\n\t\t\t\t<path fill=\"#fff\" d=\"M2 0a2 2 0 0 0-2 2v2h1.5V2a.5.5 0 0 1 .5-.5h2V0H2Zm2 10.5H2a.5.5 0 0 1-.5-.5V8H0v2a2 2 0 0 0 2 2h2v-1.5ZM8 12v-1.5h2a.5.5 0 0 0 .5-.5V8H12v2a2 2 0 0 1-2 2H8Zm2-12a2 2 0 0 1 2 2v2h-1.5V2a.5.5 0 0 0-.5-.5H8V0h2Z\" \/>\n\t\t\t<\/svg>\n\t\t<\/button><figcaption class=\"wp-element-caption\">Foto: Dietmar Rabich \/ Wikimedia Commons, CC BY-SA 4.0<\/figcaption><\/figure>\n\n\n\n<h3 class=\"wp-block-heading\"><span class=\"ez-toc-section\" id=\"14_Dzielnica_Kontorhausviertel_i_Chilehaus\"><\/span>14. Dzielnica Kontorhausviertel i Chilehaus<span class=\"ez-toc-section-end\"><\/span><\/h3>\n\n\n\n<p class=\"wp-block-paragraph\">Mi\u0142o\u015bnicy unikatowej architektury ekspresjonistycznej z lat dwudziestych ubieg\u0142ego wieku na pewno znajd\u0105 co\u015b dla siebie w tej historycznej dzielnicy biurowej. <strong>Najbardziej znanym budynkiem jest ikoniczny Chilehaus, kt\u00f3ry swoim niesamowicie ostrym naro\u017cnikiem przypomina ogromny oceaniczny statek<\/strong> i wraz ze Speicherstadt s\u0142usznie nale\u017cy do presti\u017cowej listy UNESCO. Ca\u0142y obszar zbudowany jest z ciemnej wypalanej ceg\u0142y i wyr\u00f3\u017cnia si\u0119 niesamowitym naciskiem na geometryczne detale i dopracowane ornamenty fasad.<\/p>\n\n\n\n<p class=\"wp-block-paragraph\">Budynki pierwotnie s\u0142u\u017cy\u0142y jako <strong>siedziby wielkich firm handlowych, tak zwanych kontor\u00f3w, kt\u00f3re st\u0105d zarz\u0105dza\u0142y handlem zamorskim<\/strong>. Dzi\u015b wprawdzie mieszcz\u0105 si\u0119 w nich nowoczesne biura, ale do wielu przepi\u0119knie zdobionych holi wej\u015bciowych, foyer i majestatycznych klatek schodowych mo\u017cesz w godzinach pracy bez problemu i za darmo zajrze\u0107.<\/p>\n\n\n\n<p class=\"wp-block-paragraph\">\ud83d\udca1 Wskaz\u00f3wka: <strong>Sta\u0144 dok\u0142adnie na rogu ulic Burchardstra\u00dfe i Pumpen<\/strong>, sk\u0105d szczyt budynku Chilehaus wida\u0107 w najbardziej dramatycznym i najostrzejszym uj\u0119ciu. Zdj\u0119cie z tego miejsca nale\u017cy do najbardziej ikonicznych architektonicznych kadr\u00f3w miasta.<\/p>\n\n\n\n<figure data-wp-context=\"{&quot;imageId&quot;:&quot;6a954c3d3e0b4&quot;}\" data-wp-interactive=\"core\/image\" data-wp-key=\"6a954c3d3e0b4\" class=\"wp-block-image size-full wp-lightbox-container\"><img decoding=\"async\" width=\"1800\" height=\"1200\" data-wp-class--hide=\"state.isContentHidden\" data-wp-class--show=\"state.isContentVisible\" data-wp-init=\"callbacks.setButtonStyles\" data-wp-on--click=\"actions.showLightbox\" data-wp-on--load=\"callbacks.setButtonStyles\" data-wp-on--pointerdown=\"actions.preloadImage\" data-wp-on--pointerenter=\"actions.preloadImageWithDelay\" data-wp-on--pointerleave=\"actions.cancelPreload\" data-wp-on-window--resize=\"callbacks.setButtonStyles\" src=\"https:\/\/loudavymkrokem.cz\/wp-content\/uploads\/2026\/08\/nemecko-clanky-co-videt-v-hamburku-19.jpg\" alt=\"Budynek galerii Hamburger Kunsthalle\" class=\"wp-image-399002\" title=\"\" srcset=\"https:\/\/loudavymkrokem.cz\/wp-content\/uploads\/2026\/08\/nemecko-clanky-co-videt-v-hamburku-19.jpg 1800w, https:\/\/loudavymkrokem.cz\/wp-content\/uploads\/2026\/08\/nemecko-clanky-co-videt-v-hamburku-19-300x200.jpg 300w, https:\/\/loudavymkrokem.cz\/wp-content\/uploads\/2026\/08\/nemecko-clanky-co-videt-v-hamburku-19-700x467.jpg 700w, https:\/\/loudavymkrokem.cz\/wp-content\/uploads\/2026\/08\/nemecko-clanky-co-videt-v-hamburku-19-768x512.jpg 768w, https:\/\/loudavymkrokem.cz\/wp-content\/uploads\/2026\/08\/nemecko-clanky-co-videt-v-hamburku-19-1536x1024.jpg 1536w, https:\/\/loudavymkrokem.cz\/wp-content\/uploads\/2026\/08\/nemecko-clanky-co-videt-v-hamburku-19-696x464.jpg 696w, https:\/\/loudavymkrokem.cz\/wp-content\/uploads\/2026\/08\/nemecko-clanky-co-videt-v-hamburku-19-1392x928.jpg 1392w\" sizes=\"(max-width: 1800px) 100vw, 1800px\" \/><button\n\t\t\tclass=\"lightbox-trigger\"\n\t\t\ttype=\"button\"\n\t\t\taria-haspopup=\"dialog\"\n\t\t\tdata-wp-bind--aria-label=\"state.thisImage.triggerButtonAriaLabel\"\n\t\t\tdata-wp-init=\"callbacks.initTriggerButton\"\n\t\t\tdata-wp-on--click=\"actions.showLightbox\"\n\t\t\tdata-wp-style--right=\"state.thisImage.buttonRight\"\n\t\t\tdata-wp-style--top=\"state.thisImage.buttonTop\"\n\t\t>\n\t\t\t<svg xmlns=\"http:\/\/www.w3.org\/2000\/svg\" width=\"12\" height=\"12\" fill=\"none\" viewBox=\"0 0 12 12\">\n\t\t\t\t<path fill=\"#fff\" d=\"M2 0a2 2 0 0 0-2 2v2h1.5V2a.5.5 0 0 1 .5-.5h2V0H2Zm2 10.5H2a.5.5 0 0 1-.5-.5V8H0v2a2 2 0 0 0 2 2h2v-1.5ZM8 12v-1.5h2a.5.5 0 0 0 .5-.5V8H12v2a2 2 0 0 1-2 2H8Zm2-12a2 2 0 0 1 2 2v2h-1.5V2a.5.5 0 0 0-.5-.5H8V0h2Z\" \/>\n\t\t\t<\/svg>\n\t\t<\/button><figcaption class=\"wp-element-caption\">Foto: Laura Paredis \/ Pexels<\/figcaption><\/figure>\n\n\n\n<h3 class=\"wp-block-heading\"><span class=\"ez-toc-section\" id=\"15_Hamburger_Kunsthalle\"><\/span>15. Hamburger Kunsthalle<span class=\"ez-toc-section-end\"><\/span><\/h3>\n\n\n\n<p class=\"wp-block-paragraph\">Je\u015bli podczas wyjazdu chcesz podziwia\u0107 sztuk\u0119, nie mo\u017cesz omin\u0105\u0107 jednego z najwi\u0119kszych i najwa\u017cniejszych muze\u00f3w sztuki w ca\u0142ych Niemczech, kt\u00f3re mie\u015bci si\u0119 tu\u017c obok dworca g\u0142\u00f3wnego. <strong>Hamburger Kunsthalle sk\u0142ada si\u0119 z trzech po\u0142\u0105czonych budynk\u00f3w r\u00f3\u017cnego wieku i kryje zachwycaj\u0105ce zbiory obejmuj\u0105ce osiem stuleci tw\u00f3rczo\u015bci artystycznej<\/strong>, od imponuj\u0105cych \u015bredniowiecznych o\u0142tarzy po prowokuj\u0105ce wsp\u00f3\u0142czesne instalacje. Kompleks jest ogromny, a mi\u0142o\u015bnicy sztuki sp\u0119dz\u0105 tu bez najmniejszego problemu spokojnie ca\u0142y dzie\u0144.<\/p>\n\n\n\n<p class=\"wp-block-paragraph\">Najwi\u0119ksz\u0105 atrakcj\u0105 ca\u0142ej galerii jest bez w\u0105tpienia <strong>s\u0142ynny obraz W\u0119drowiec nad morzem mg\u0142y autorstwa romantycznego malarza Caspara Davida Friedricha<\/strong>, kt\u00f3ry sta\u0142 si\u0119 \u015bwiatow\u0105 ikon\u0105 niemieckiego romantyzmu. Poza nim znajdziesz tu oczywi\u015bcie r\u00f3wnie\u017c zachwycaj\u0105ce dzie\u0142a innych wielkich mistrz\u00f3w, takich jak Rembrandt, Manet czy Edvard Munch.<\/p>\n\n\n\n<p class=\"wp-block-paragraph\">\ud83d\udca1 Wskaz\u00f3wka: <strong>Je\u015bli interesuje ci\u0119 przede wszystkim sztuka nowoczesna, mo\u017cesz skierowa\u0107 si\u0119 od razu do najnowszego jasnego budynku zwanego Galerie der Gegenwart<\/strong>, kt\u00f3ry skupia si\u0119 na dzie\u0142ach od 1960 roku do wsp\u00f3\u0142czesno\u015bci i sam w sobie jest architektonicznie bardzo interesuj\u0105cy.<\/p>\n\n\n\n<figure data-wp-context=\"{&quot;imageId&quot;:&quot;6a954c3d3e5a1&quot;}\" data-wp-interactive=\"core\/image\" data-wp-key=\"6a954c3d3e5a1\" class=\"wp-block-image size-full wp-lightbox-container\"><img decoding=\"async\" width=\"1800\" height=\"1231\" data-wp-class--hide=\"state.isContentHidden\" data-wp-class--show=\"state.isContentVisible\" data-wp-init=\"callbacks.setButtonStyles\" data-wp-on--click=\"actions.showLightbox\" data-wp-on--load=\"callbacks.setButtonStyles\" data-wp-on--pointerdown=\"actions.preloadImage\" data-wp-on--pointerenter=\"actions.preloadImageWithDelay\" data-wp-on--pointerleave=\"actions.cancelPreload\" data-wp-on-window--resize=\"callbacks.setButtonStyles\" src=\"https:\/\/loudavymkrokem.cz\/wp-content\/uploads\/2026\/08\/nemecko-clanky-co-videt-v-hamburku-20.jpg\" alt=\"Wn\u0119trze hamburskiego muzeum\" class=\"wp-image-399008\" title=\"\" srcset=\"https:\/\/loudavymkrokem.cz\/wp-content\/uploads\/2026\/08\/nemecko-clanky-co-videt-v-hamburku-20.jpg 1800w, https:\/\/loudavymkrokem.cz\/wp-content\/uploads\/2026\/08\/nemecko-clanky-co-videt-v-hamburku-20-300x205.jpg 300w, https:\/\/loudavymkrokem.cz\/wp-content\/uploads\/2026\/08\/nemecko-clanky-co-videt-v-hamburku-20-700x479.jpg 700w, https:\/\/loudavymkrokem.cz\/wp-content\/uploads\/2026\/08\/nemecko-clanky-co-videt-v-hamburku-20-768x525.jpg 768w, https:\/\/loudavymkrokem.cz\/wp-content\/uploads\/2026\/08\/nemecko-clanky-co-videt-v-hamburku-20-1536x1050.jpg 1536w, https:\/\/loudavymkrokem.cz\/wp-content\/uploads\/2026\/08\/nemecko-clanky-co-videt-v-hamburku-20-696x476.jpg 696w, https:\/\/loudavymkrokem.cz\/wp-content\/uploads\/2026\/08\/nemecko-clanky-co-videt-v-hamburku-20-1392x952.jpg 1392w\" sizes=\"(max-width: 1800px) 100vw, 1800px\" \/><button\n\t\t\tclass=\"lightbox-trigger\"\n\t\t\ttype=\"button\"\n\t\t\taria-haspopup=\"dialog\"\n\t\t\tdata-wp-bind--aria-label=\"state.thisImage.triggerButtonAriaLabel\"\n\t\t\tdata-wp-init=\"callbacks.initTriggerButton\"\n\t\t\tdata-wp-on--click=\"actions.showLightbox\"\n\t\t\tdata-wp-style--right=\"state.thisImage.buttonRight\"\n\t\t\tdata-wp-style--top=\"state.thisImage.buttonTop\"\n\t\t>\n\t\t\t<svg xmlns=\"http:\/\/www.w3.org\/2000\/svg\" width=\"12\" height=\"12\" fill=\"none\" viewBox=\"0 0 12 12\">\n\t\t\t\t<path fill=\"#fff\" d=\"M2 0a2 2 0 0 0-2 2v2h1.5V2a.5.5 0 0 1 .5-.5h2V0H2Zm2 10.5H2a.5.5 0 0 1-.5-.5V8H0v2a2 2 0 0 0 2 2h2v-1.5ZM8 12v-1.5h2a.5.5 0 0 0 .5-.5V8H12v2a2 2 0 0 1-2 2H8Zm2-12a2 2 0 0 1 2 2v2h-1.5V2a.5.5 0 0 0-.5-.5H8V0h2Z\" \/>\n\t\t\t<\/svg>\n\t\t<\/button><figcaption class=\"wp-element-caption\">Foto: G\u00fcl I\u015f\u0131k \/ Pexels<\/figcaption><\/figure>\n\n\n\n<h3 class=\"wp-block-heading\"><span class=\"ez-toc-section\" id=\"16_Dialog_im_Dunkeln\"><\/span>16. Dialog im Dunkeln<span class=\"ez-toc-section-end\"><\/span><\/h3>\n\n\n\n<p class=\"wp-block-paragraph\">To wyj\u0105tkowe do\u015bwiadczenie ca\u0142kowicie zmieni twoj\u0105 perspektyw\u0119 na zwyk\u0142e \u017cycie i zmusi ci\u0119 do postrzegania \u015bwiata zupe\u0142nie innymi zmys\u0142ami ni\u017c dominuj\u0105cym wzrokiem. <strong>Dialog w ciemno\u015bci to g\u0142\u0119boko interaktywna wystawa, gdzie niewidomi przewodnicy przeprowadz\u0105 ci\u0119 w absolutnej ciemno\u015bci przez symulowane sytuacje z codziennego dnia<\/strong>, takie jak spacer po ruchliwym parku, wizyta na targu czy posiedzenie w barze. Na p\u00f3\u0142torej godziny znajdziesz si\u0119 wi\u0119c w \u015bwiecie, gdzie musisz stuprocentowo polega\u0107 tylko na dotyku, s\u0142uchu i w\u0119chu.<\/p>\n\n\n\n<p class=\"wp-block-paragraph\">To <strong>niesamowicie silne i emocjonalne prze\u017cycie, kt\u00f3re naturalnie burzy bariery mi\u0119dzy osobami widz\u0105cymi a niewidomymi<\/strong> i uczy nas znacznie wi\u0119kszej empatii. Zwiedzanie odbywa si\u0119 w mniejszych grupkach, wi\u0119c nie musisz si\u0119 obawia\u0107, \u017ce si\u0119 zgubisz, a dla angloj\u0119zycznych odwiedzaj\u0105cych dost\u0119pne s\u0105 specjalnie wyznaczone godziny.<\/p>\n\n\n\n<p class=\"wp-block-paragraph\">\ud83d\udca1 Wskaz\u00f3wka: <strong>Bilety na zwiedzanie po angielsku koniecznie zapewnij sobie z odpowiednim wyprzedzeniem online<\/strong>, bo pojemno\u015b\u0107 grupek jest \u015bci\u015ble ograniczona i na miejscu cz\u0119sto bywa wyprzedane na ca\u0142y dzie\u0144.<\/p>\n\n\n\n<figure data-wp-context=\"{&quot;imageId&quot;:&quot;6a954c3d3eb54&quot;}\" data-wp-interactive=\"core\/image\" data-wp-key=\"6a954c3d3eb54\" class=\"wp-block-image size-full wp-lightbox-container\"><img decoding=\"async\" width=\"1800\" height=\"1350\" data-wp-class--hide=\"state.isContentHidden\" data-wp-class--show=\"state.isContentVisible\" data-wp-init=\"callbacks.setButtonStyles\" data-wp-on--click=\"actions.showLightbox\" data-wp-on--load=\"callbacks.setButtonStyles\" data-wp-on--pointerdown=\"actions.preloadImage\" data-wp-on--pointerenter=\"actions.preloadImageWithDelay\" data-wp-on--pointerleave=\"actions.cancelPreload\" data-wp-on-window--resize=\"callbacks.setButtonStyles\" src=\"https:\/\/loudavymkrokem.cz\/wp-content\/uploads\/2026\/08\/nemecko-clanky-co-videt-v-hamburku-21.jpg\" alt=\"Schodowa dzielnica Blankenese\" class=\"wp-image-399012\" title=\"\" srcset=\"https:\/\/loudavymkrokem.cz\/wp-content\/uploads\/2026\/08\/nemecko-clanky-co-videt-v-hamburku-21.jpg 1800w, https:\/\/loudavymkrokem.cz\/wp-content\/uploads\/2026\/08\/nemecko-clanky-co-videt-v-hamburku-21-300x225.jpg 300w, https:\/\/loudavymkrokem.cz\/wp-content\/uploads\/2026\/08\/nemecko-clanky-co-videt-v-hamburku-21-700x525.jpg 700w, https:\/\/loudavymkrokem.cz\/wp-content\/uploads\/2026\/08\/nemecko-clanky-co-videt-v-hamburku-21-768x576.jpg 768w, https:\/\/loudavymkrokem.cz\/wp-content\/uploads\/2026\/08\/nemecko-clanky-co-videt-v-hamburku-21-1536x1152.jpg 1536w, https:\/\/loudavymkrokem.cz\/wp-content\/uploads\/2026\/08\/nemecko-clanky-co-videt-v-hamburku-21-80x60.jpg 80w, https:\/\/loudavymkrokem.cz\/wp-content\/uploads\/2026\/08\/nemecko-clanky-co-videt-v-hamburku-21-160x120.jpg 160w, https:\/\/loudavymkrokem.cz\/wp-content\/uploads\/2026\/08\/nemecko-clanky-co-videt-v-hamburku-21-696x522.jpg 696w, https:\/\/loudavymkrokem.cz\/wp-content\/uploads\/2026\/08\/nemecko-clanky-co-videt-v-hamburku-21-1392x1044.jpg 1392w\" sizes=\"(max-width: 1800px) 100vw, 1800px\" \/><button\n\t\t\tclass=\"lightbox-trigger\"\n\t\t\ttype=\"button\"\n\t\t\taria-haspopup=\"dialog\"\n\t\t\tdata-wp-bind--aria-label=\"state.thisImage.triggerButtonAriaLabel\"\n\t\t\tdata-wp-init=\"callbacks.initTriggerButton\"\n\t\t\tdata-wp-on--click=\"actions.showLightbox\"\n\t\t\tdata-wp-style--right=\"state.thisImage.buttonRight\"\n\t\t\tdata-wp-style--top=\"state.thisImage.buttonTop\"\n\t\t>\n\t\t\t<svg xmlns=\"http:\/\/www.w3.org\/2000\/svg\" width=\"12\" height=\"12\" fill=\"none\" viewBox=\"0 0 12 12\">\n\t\t\t\t<path fill=\"#fff\" d=\"M2 0a2 2 0 0 0-2 2v2h1.5V2a.5.5 0 0 1 .5-.5h2V0H2Zm2 10.5H2a.5.5 0 0 1-.5-.5V8H0v2a2 2 0 0 0 2 2h2v-1.5ZM8 12v-1.5h2a.5.5 0 0 0 .5-.5V8H12v2a2 2 0 0 1-2 2H8Zm2-12a2 2 0 0 1 2 2v2h-1.5V2a.5.5 0 0 0-.5-.5H8V0h2Z\" \/>\n\t\t\t<\/svg>\n\t\t<\/button><figcaption class=\"wp-element-caption\">Foto: Pauli-Pirat \/ Wikimedia Commons, CC BY-SA 4.0<\/figcaption><\/figure>\n\n\n\n<h3 class=\"wp-block-heading\"><span class=\"ez-toc-section\" id=\"17_Dzielnica_pelna_schodow_Treppenviertel_Blankenese\"><\/span>17. Dzielnica pe\u0142na schod\u00f3w Treppenviertel Blankenese<span class=\"ez-toc-section-end\"><\/span><\/h3>\n\n\n\n<p class=\"wp-block-paragraph\">Na idealn\u0105 ucieczk\u0119 z ruchliwego centrum wybierz si\u0119 kolejk\u0105 podmiejsk\u0105 S-Bahn do malowniczej dzielnicy Blankenese, kt\u00f3ra natychmiast zaskoczy ci\u0119 niemal \u015br\u00f3dziemnomorsk\u0105 atmosfer\u0105. <strong>Ta dawna rybacka wioska zbudowana jest na stromym zboczu nad rzek\u0105 i przetkana niesamowitym labiryntem niemal pi\u0119ciu tysi\u0119cy schod\u00f3w<\/strong>, w\u0105skich kr\u0119tych uliczek i ma\u0142ych placyk\u00f3w. Nie znajdziesz tu absolutnie \u017cadnych aut, tylko przepi\u0119kne stare wille z pieczo\u0142owicie piel\u0119gnowanymi ogr\u00f3dkami i zapieraj\u0105ce dech widoki na przep\u0142ywaj\u0105ce kontenerowce.<\/p>\n\n\n\n<p class=\"wp-block-paragraph\">Spacer pl\u0105tanin\u0105 schod\u00f3w w d\u00f3\u0142 do rzeki, a nast\u0119pnie z powrotem to <strong>ca\u0142kiem porz\u0105dny wyczyn sportowy, ale nagrod\u0105 b\u0119d\u0105 najbardziej urokliwe scenerie<\/strong>, kt\u00f3re przypominaj\u0105 raczej s\u0142oneczn\u0105 w\u0142osk\u0105 riwier\u0119 ni\u017c ch\u0142odne p\u00f3\u0142nocne Niemcy. Na dole przy wodzie znajduje si\u0119 dodatkowo pi\u0119kna piaszczysta pla\u017ca i kilka doskona\u0142ych kawiarni, gdzie mo\u017cesz nabra\u0107 si\u0142.<\/p>\n\n\n\n<p class=\"wp-block-paragraph\">\ud83d\udca1 Wskaz\u00f3wka: <strong>Najlepiej da\u0107 si\u0119 zgubi\u0107 w uliczkach i w og\u00f3le nie \u015bledzi\u0107 mapy w telefonie<\/strong> \u2014 pr\u0119dzej czy p\u00f3\u017aniej i tak zawsze dojdziesz albo w d\u00f3\u0142 do rzeki, albo w g\u00f3r\u0119 do g\u0142\u00f3wnej drogi, sk\u0105d wygodnie kursuj\u0105 autobusy z powrotem do dworca.<\/p>\n\n\n\n<figure data-wp-context=\"{&quot;imageId&quot;:&quot;6a954c3d3f367&quot;}\" data-wp-interactive=\"core\/image\" data-wp-key=\"6a954c3d3f367\" class=\"wp-block-image size-full wp-lightbox-container\"><img decoding=\"async\" width=\"1800\" height=\"1200\" data-wp-class--hide=\"state.isContentHidden\" data-wp-class--show=\"state.isContentVisible\" data-wp-init=\"callbacks.setButtonStyles\" data-wp-on--click=\"actions.showLightbox\" data-wp-on--load=\"callbacks.setButtonStyles\" data-wp-on--pointerdown=\"actions.preloadImage\" data-wp-on--pointerenter=\"actions.preloadImageWithDelay\" data-wp-on--pointerleave=\"actions.cancelPreload\" data-wp-on-window--resize=\"callbacks.setButtonStyles\" src=\"https:\/\/loudavymkrokem.cz\/wp-content\/uploads\/2026\/08\/nemecko-clanky-co-videt-v-hamburku-22.jpg\" alt=\"Ko\u015bci\u00f3\u0142 \u015bwi\u0119tego Micha\u0142a\" class=\"wp-image-399016\" title=\"\" srcset=\"https:\/\/loudavymkrokem.cz\/wp-content\/uploads\/2026\/08\/nemecko-clanky-co-videt-v-hamburku-22.jpg 1800w, https:\/\/loudavymkrokem.cz\/wp-content\/uploads\/2026\/08\/nemecko-clanky-co-videt-v-hamburku-22-300x200.jpg 300w, https:\/\/loudavymkrokem.cz\/wp-content\/uploads\/2026\/08\/nemecko-clanky-co-videt-v-hamburku-22-700x467.jpg 700w, https:\/\/loudavymkrokem.cz\/wp-content\/uploads\/2026\/08\/nemecko-clanky-co-videt-v-hamburku-22-768x512.jpg 768w, https:\/\/loudavymkrokem.cz\/wp-content\/uploads\/2026\/08\/nemecko-clanky-co-videt-v-hamburku-22-1536x1024.jpg 1536w, https:\/\/loudavymkrokem.cz\/wp-content\/uploads\/2026\/08\/nemecko-clanky-co-videt-v-hamburku-22-696x464.jpg 696w, https:\/\/loudavymkrokem.cz\/wp-content\/uploads\/2026\/08\/nemecko-clanky-co-videt-v-hamburku-22-1392x928.jpg 1392w\" sizes=\"(max-width: 1800px) 100vw, 1800px\" \/><button\n\t\t\tclass=\"lightbox-trigger\"\n\t\t\ttype=\"button\"\n\t\t\taria-haspopup=\"dialog\"\n\t\t\tdata-wp-bind--aria-label=\"state.thisImage.triggerButtonAriaLabel\"\n\t\t\tdata-wp-init=\"callbacks.initTriggerButton\"\n\t\t\tdata-wp-on--click=\"actions.showLightbox\"\n\t\t\tdata-wp-style--right=\"state.thisImage.buttonRight\"\n\t\t\tdata-wp-style--top=\"state.thisImage.buttonTop\"\n\t\t>\n\t\t\t<svg xmlns=\"http:\/\/www.w3.org\/2000\/svg\" width=\"12\" height=\"12\" fill=\"none\" viewBox=\"0 0 12 12\">\n\t\t\t\t<path fill=\"#fff\" d=\"M2 0a2 2 0 0 0-2 2v2h1.5V2a.5.5 0 0 1 .5-.5h2V0H2Zm2 10.5H2a.5.5 0 0 1-.5-.5V8H0v2a2 2 0 0 0 2 2h2v-1.5ZM8 12v-1.5h2a.5.5 0 0 0 .5-.5V8H12v2a2 2 0 0 1-2 2H8Zm2-12a2 2 0 0 1 2 2v2h-1.5V2a.5.5 0 0 0-.5-.5H8V0h2Z\" \/>\n\t\t\t<\/svg>\n\t\t<\/button><figcaption class=\"wp-element-caption\">Foto: Dietmar Rabich \/ Wikimedia Commons, CC BY-SA 4.0<\/figcaption><\/figure>\n\n\n\n<h3 class=\"wp-block-heading\"><span class=\"ez-toc-section\" id=\"18_Kosciol_swietego_Michala_Michel\"><\/span>18. Ko\u015bci\u00f3\u0142 \u015bwi\u0119tego Micha\u0142a (Michel)<span class=\"ez-toc-section-end\"><\/span><\/h3>\n\n\n\n<p class=\"wp-block-paragraph\">Najwa\u017cniejszy barokowy ko\u015bci\u00f3\u0142 w mie\u015bcie, kt\u00f3remu miejscowi od pokole\u0144 czule m\u00f3wi\u0105 Michel, s\u0142u\u017cy\u0142 przez wieki jako najistotniejszy punkt orientacyjny dla marynarzy wracaj\u0105cych z d\u0142ugich rejs\u00f3w do domu. <strong>Jego majestatyczna wie\u017ca z ogromnym zegarem wznosi si\u0119 na wysoko\u015b\u0107 132 metr\u00f3w i kryje wr\u0119cz najpi\u0119kniejsz\u0105 platform\u0119 widokow\u0105<\/strong>, z kt\u00f3rej masz centrum miasta i rozleg\u0142y port jak na d\u0142oni. Na g\u00f3r\u0119 na szcz\u0119\u015bcie nie musisz wspina\u0107 si\u0119 na w\u0142asnych nogach, bo wi\u0119kszo\u015b\u0107 drogi mo\u017cna wygodnie pokona\u0107 nowoczesn\u0105 wind\u0105.<\/p>\n\n\n\n<p class=\"wp-block-paragraph\">Ciekawostk\u0105 jest, \u017ce <strong>ko\u015bci\u00f3\u0142 podczas swojej burzliwej historii dwukrotnie zosta\u0142 ca\u0142kowicie zniszczony przez ogromny po\u017car, a nast\u0119pnie ponownie szczeg\u00f3\u0142owo zrekonstruowany<\/strong> do swojego pierwotnego pi\u0119kna. Poza widokiem z wie\u017cy zdecydowanie warto odwiedzi\u0107 rozleg\u0142\u0105 krypt\u0119 w podziemiach i imponuj\u0105ce jasne wn\u0119trze, kt\u00f3re szczyci si\u0119 kilkoma przepi\u0119knymi organami.<\/p>\n\n\n\n<p class=\"wp-block-paragraph\">\ud83d\udca1 Wskaz\u00f3wka: <strong>Spr\u00f3buj zaplanowa\u0107 wizyt\u0119 na godziny wieczorne, gdy ko\u015bci\u00f3\u0142 oferuje specjalne nocne wej\u015bcia na wie\u017c\u0119<\/strong>. Widok na niesko\u0144czone morze \u015bwiate\u0142 pulsuj\u0105cego portu i pod\u015bwietlone nocne miasto jest absolutnie niezapomniany.<\/p>\n\n\n\n<figure data-wp-context=\"{&quot;imageId&quot;:&quot;6a954c3d3fb00&quot;}\" data-wp-interactive=\"core\/image\" data-wp-key=\"6a954c3d3fb00\" class=\"wp-block-image size-full wp-lightbox-container\"><img decoding=\"async\" width=\"1800\" height=\"1350\" data-wp-class--hide=\"state.isContentHidden\" data-wp-class--show=\"state.isContentVisible\" data-wp-init=\"callbacks.setButtonStyles\" data-wp-on--click=\"actions.showLightbox\" data-wp-on--load=\"callbacks.setButtonStyles\" data-wp-on--pointerdown=\"actions.preloadImage\" data-wp-on--pointerenter=\"actions.preloadImageWithDelay\" data-wp-on--pointerleave=\"actions.cancelPreload\" data-wp-on-window--resize=\"callbacks.setButtonStyles\" src=\"https:\/\/loudavymkrokem.cz\/wp-content\/uploads\/2026\/08\/nemecko-clanky-co-videt-v-hamburku-23.jpg\" alt=\"Produkcja czekolady\" class=\"wp-image-399022\" title=\"\" srcset=\"https:\/\/loudavymkrokem.cz\/wp-content\/uploads\/2026\/08\/nemecko-clanky-co-videt-v-hamburku-23.jpg 1800w, https:\/\/loudavymkrokem.cz\/wp-content\/uploads\/2026\/08\/nemecko-clanky-co-videt-v-hamburku-23-300x225.jpg 300w, https:\/\/loudavymkrokem.cz\/wp-content\/uploads\/2026\/08\/nemecko-clanky-co-videt-v-hamburku-23-700x525.jpg 700w, https:\/\/loudavymkrokem.cz\/wp-content\/uploads\/2026\/08\/nemecko-clanky-co-videt-v-hamburku-23-768x576.jpg 768w, https:\/\/loudavymkrokem.cz\/wp-content\/uploads\/2026\/08\/nemecko-clanky-co-videt-v-hamburku-23-1536x1152.jpg 1536w, https:\/\/loudavymkrokem.cz\/wp-content\/uploads\/2026\/08\/nemecko-clanky-co-videt-v-hamburku-23-80x60.jpg 80w, https:\/\/loudavymkrokem.cz\/wp-content\/uploads\/2026\/08\/nemecko-clanky-co-videt-v-hamburku-23-160x120.jpg 160w, https:\/\/loudavymkrokem.cz\/wp-content\/uploads\/2026\/08\/nemecko-clanky-co-videt-v-hamburku-23-696x522.jpg 696w, https:\/\/loudavymkrokem.cz\/wp-content\/uploads\/2026\/08\/nemecko-clanky-co-videt-v-hamburku-23-1392x1044.jpg 1392w\" sizes=\"(max-width: 1800px) 100vw, 1800px\" \/><button\n\t\t\tclass=\"lightbox-trigger\"\n\t\t\ttype=\"button\"\n\t\t\taria-haspopup=\"dialog\"\n\t\t\tdata-wp-bind--aria-label=\"state.thisImage.triggerButtonAriaLabel\"\n\t\t\tdata-wp-init=\"callbacks.initTriggerButton\"\n\t\t\tdata-wp-on--click=\"actions.showLightbox\"\n\t\t\tdata-wp-style--right=\"state.thisImage.buttonRight\"\n\t\t\tdata-wp-style--top=\"state.thisImage.buttonTop\"\n\t\t>\n\t\t\t<svg xmlns=\"http:\/\/www.w3.org\/2000\/svg\" width=\"12\" height=\"12\" fill=\"none\" viewBox=\"0 0 12 12\">\n\t\t\t\t<path fill=\"#fff\" d=\"M2 0a2 2 0 0 0-2 2v2h1.5V2a.5.5 0 0 1 .5-.5h2V0H2Zm2 10.5H2a.5.5 0 0 1-.5-.5V8H0v2a2 2 0 0 0 2 2h2v-1.5ZM8 12v-1.5h2a.5.5 0 0 0 .5-.5V8H12v2a2 2 0 0 1-2 2H8Zm2-12a2 2 0 0 1 2 2v2h-1.5V2a.5.5 0 0 0-.5-.5H8V0h2Z\" \/>\n\t\t\t<\/svg>\n\t\t<\/button><figcaption class=\"wp-element-caption\">Foto: MadayawDavao \/ Wikimedia Commons, CC BY-SA 4.0<\/figcaption><\/figure>\n\n\n\n<h3 class=\"wp-block-heading\"><span class=\"ez-toc-section\" id=\"19_Muzeum_czekolady_Chocoversum\"><\/span>19. Muzeum czekolady Chocoversum<span class=\"ez-toc-section-end\"><\/span><\/h3>\n\n\n\n<p class=\"wp-block-paragraph\">Je\u015bli ty lub twoje dzieci nale\u017cycie do mi\u0142o\u015bnik\u00f3w s\u0142odyczy, tego cudownie interaktywnego muzeum podczas w\u0119dr\u00f3wek po mie\u015bcie zdecydowanie nie powinni\u015bcie omin\u0105\u0107. <strong>Chocoversum przeprowadzi ci\u0119 przez ca\u0142y z\u0142o\u017cony proces produkcji czekolady, od uprawy ziaren kakaowca w lesie deszczowym a\u017c po finaln\u0105 tabliczk\u0119<\/strong>, a wszystko pod okiem bardzo zabawnego przewodnika. Nie jest to \u017cadna nudna wystawa za szk\u0142em \u2014 podczas zwiedzania na ka\u017cdym kroku b\u0119dziesz pr\u00f3bowa\u0107 r\u00f3\u017cnych faz przetwarzania kakao, w tym p\u0142ynnej czekolady prosto z maszyny.<\/p>\n\n\n\n<p class=\"wp-block-paragraph\">Najlepszym punktem ca\u0142ego programu jest <strong>mo\u017cliwo\u015b\u0107 wyprodukowania i ozdobienia w\u0142asnej tabliczki czekolady dok\u0142adnie wed\u0142ug swoich wyobra\u017ce\u0144<\/strong>, kt\u00f3r\u0105 potem zabierzesz do domu jako najlepsz\u0105 i najsmaczniejsz\u0105 pami\u0105tk\u0119. Podczas czekania na stwardnienie czekolady dowiesz si\u0119 mn\u00f3stwa fascynuj\u0105cych fakt\u00f3w o historycznym handlu morskim tym cennym surowcem.<\/p>\n\n\n\n<p class=\"wp-block-paragraph\">\ud83d\udca1 Wskaz\u00f3wka: <strong>Wizyta mo\u017cliwa jest wy\u0142\u0105cznie w ramach zorganizowanego oprowadzania z przewodnikiem<\/strong>, wi\u0119c bilety i preferowany j\u0119zyk (dost\u0119pny jest niemiecki lub angielski) lepiej zarezerwuj na konkretn\u0105 godzin\u0119 z wyprzedzeniem przez internet.<\/p>\n\n\n\n<figure data-wp-context=\"{&quot;imageId&quot;:&quot;6a954c3d40272&quot;}\" data-wp-interactive=\"core\/image\" data-wp-key=\"6a954c3d40272\" class=\"wp-block-image size-full wp-lightbox-container\"><img decoding=\"async\" width=\"1800\" height=\"1350\" data-wp-class--hide=\"state.isContentHidden\" data-wp-class--show=\"state.isContentVisible\" data-wp-init=\"callbacks.setButtonStyles\" data-wp-on--click=\"actions.showLightbox\" data-wp-on--load=\"callbacks.setButtonStyles\" data-wp-on--pointerdown=\"actions.preloadImage\" data-wp-on--pointerenter=\"actions.preloadImageWithDelay\" data-wp-on--pointerleave=\"actions.cancelPreload\" data-wp-on-window--resize=\"callbacks.setButtonStyles\" src=\"https:\/\/loudavymkrokem.cz\/wp-content\/uploads\/2026\/08\/nemecko-clanky-co-videt-v-hamburku-24.jpg\" alt=\"Ulica w dzielnicy Schanzenviertel\" class=\"wp-image-399026\" title=\"\" srcset=\"https:\/\/loudavymkrokem.cz\/wp-content\/uploads\/2026\/08\/nemecko-clanky-co-videt-v-hamburku-24.jpg 1800w, https:\/\/loudavymkrokem.cz\/wp-content\/uploads\/2026\/08\/nemecko-clanky-co-videt-v-hamburku-24-300x225.jpg 300w, https:\/\/loudavymkrokem.cz\/wp-content\/uploads\/2026\/08\/nemecko-clanky-co-videt-v-hamburku-24-700x525.jpg 700w, https:\/\/loudavymkrokem.cz\/wp-content\/uploads\/2026\/08\/nemecko-clanky-co-videt-v-hamburku-24-768x576.jpg 768w, https:\/\/loudavymkrokem.cz\/wp-content\/uploads\/2026\/08\/nemecko-clanky-co-videt-v-hamburku-24-1536x1152.jpg 1536w, https:\/\/loudavymkrokem.cz\/wp-content\/uploads\/2026\/08\/nemecko-clanky-co-videt-v-hamburku-24-80x60.jpg 80w, https:\/\/loudavymkrokem.cz\/wp-content\/uploads\/2026\/08\/nemecko-clanky-co-videt-v-hamburku-24-160x120.jpg 160w, https:\/\/loudavymkrokem.cz\/wp-content\/uploads\/2026\/08\/nemecko-clanky-co-videt-v-hamburku-24-696x522.jpg 696w, https:\/\/loudavymkrokem.cz\/wp-content\/uploads\/2026\/08\/nemecko-clanky-co-videt-v-hamburku-24-1392x1044.jpg 1392w\" sizes=\"(max-width: 1800px) 100vw, 1800px\" \/><button\n\t\t\tclass=\"lightbox-trigger\"\n\t\t\ttype=\"button\"\n\t\t\taria-haspopup=\"dialog\"\n\t\t\tdata-wp-bind--aria-label=\"state.thisImage.triggerButtonAriaLabel\"\n\t\t\tdata-wp-init=\"callbacks.initTriggerButton\"\n\t\t\tdata-wp-on--click=\"actions.showLightbox\"\n\t\t\tdata-wp-style--right=\"state.thisImage.buttonRight\"\n\t\t\tdata-wp-style--top=\"state.thisImage.buttonTop\"\n\t\t>\n\t\t\t<svg xmlns=\"http:\/\/www.w3.org\/2000\/svg\" width=\"12\" height=\"12\" fill=\"none\" viewBox=\"0 0 12 12\">\n\t\t\t\t<path fill=\"#fff\" d=\"M2 0a2 2 0 0 0-2 2v2h1.5V2a.5.5 0 0 1 .5-.5h2V0H2Zm2 10.5H2a.5.5 0 0 1-.5-.5V8H0v2a2 2 0 0 0 2 2h2v-1.5ZM8 12v-1.5h2a.5.5 0 0 0 .5-.5V8H12v2a2 2 0 0 1-2 2H8Zm2-12a2 2 0 0 1 2 2v2h-1.5V2a.5.5 0 0 0-.5-.5H8V0h2Z\" \/>\n\t\t\t<\/svg>\n\t\t<\/button><figcaption class=\"wp-element-caption\">Foto: Peter Jochim \/ Pexels<\/figcaption><\/figure>\n\n\n\n<h3 class=\"wp-block-heading\"><span class=\"ez-toc-section\" id=\"20_Hipsterska_dzielnica_Schanzenviertel\"><\/span>20. Hipsterska dzielnica Schanzenviertel<span class=\"ez-toc-section-end\"><\/span><\/h3>\n\n\n\n<p class=\"wp-block-paragraph\">Po najlepsz\u0105 alternatywn\u0105 kultur\u0119, kolorowy street art i niezale\u017cne butiki musisz wybra\u0107 si\u0119 do dzielnicy Sternschanze, w skr\u00f3cie zwanej po prostu Schanze. <strong>Ten obszar od dawna jest centrum lokalnych bohem\u00f3w, student\u00f3w i niezale\u017cnych artyst\u00f3w, co odbija si\u0119 w niesamowitej liczbie przytulnych kawiarni<\/strong>, \u015bwietnych wega\u0144skich bistr i ma\u0142ych sklepik\u00f3w z mod\u0105 zr\u00f3wnowa\u017con\u0105. Ca\u0142a dzielnica sprawia bardzo wyluzowane i celowo nieco odrapane wra\u017cenie, co dodaje jej w\u0142a\u015bciwego charakteru.<\/p>\n\n\n\n<p class=\"wp-block-paragraph\">Sercem i symbolem ca\u0142ej dzielnicy jest <strong>dawny teatr Rote Flora, kt\u00f3ry od ko\u0144ca lat osiemdziesi\u0105tych funkcjonuje jako autonomiczne centrum kultury<\/strong>, a jego fasada jest ca\u0142a od g\u00f3ry do do\u0142u pokryta politycznymi napisami i graffiti. W weekendy odbywaj\u0105 si\u0119 tu \u015bwietne pchle targi, a wraz z nadchodz\u0105cym wieczorem o\u017cywaj\u0105 dziesi\u0105tki bardzo popularnych bar\u00f3w.<\/p>\n\n\n\n<p class=\"wp-block-paragraph\">\ud83d\udca1 Wskaz\u00f3wka: <strong>Wygospodaruj czas na powolne wa\u0142\u0119sanie si\u0119 ulicami Susannenstra\u00dfe i Schulterblatt<\/strong>, gdzie znajdziesz najlepsze niezale\u017cne kawiarnie i piekarnie. To absolutnie idealne miejsce na p\u00f3\u017any weekendowy brunch i obserwowanie ciekawych ludzi.<\/p>\n\n\n\n<figure data-wp-context=\"{&quot;imageId&quot;:&quot;6a954c3d40991&quot;}\" data-wp-interactive=\"core\/image\" data-wp-key=\"6a954c3d40991\" class=\"wp-block-image size-full wp-lightbox-container\"><img decoding=\"async\" width=\"1800\" height=\"1271\" data-wp-class--hide=\"state.isContentHidden\" data-wp-class--show=\"state.isContentVisible\" data-wp-init=\"callbacks.setButtonStyles\" data-wp-on--click=\"actions.showLightbox\" data-wp-on--load=\"callbacks.setButtonStyles\" data-wp-on--pointerdown=\"actions.preloadImage\" data-wp-on--pointerenter=\"actions.preloadImageWithDelay\" data-wp-on--pointerleave=\"actions.cancelPreload\" data-wp-on-window--resize=\"callbacks.setButtonStyles\" src=\"https:\/\/loudavymkrokem.cz\/wp-content\/uploads\/2026\/08\/nemecko-clanky-co-videt-v-hamburku-25.jpg\" alt=\"Statek muzeum Cap San Diego\" class=\"wp-image-399030\" title=\"\" srcset=\"https:\/\/loudavymkrokem.cz\/wp-content\/uploads\/2026\/08\/nemecko-clanky-co-videt-v-hamburku-25.jpg 1800w, https:\/\/loudavymkrokem.cz\/wp-content\/uploads\/2026\/08\/nemecko-clanky-co-videt-v-hamburku-25-300x212.jpg 300w, https:\/\/loudavymkrokem.cz\/wp-content\/uploads\/2026\/08\/nemecko-clanky-co-videt-v-hamburku-25-700x494.jpg 700w, https:\/\/loudavymkrokem.cz\/wp-content\/uploads\/2026\/08\/nemecko-clanky-co-videt-v-hamburku-25-768x542.jpg 768w, https:\/\/loudavymkrokem.cz\/wp-content\/uploads\/2026\/08\/nemecko-clanky-co-videt-v-hamburku-25-1536x1085.jpg 1536w, https:\/\/loudavymkrokem.cz\/wp-content\/uploads\/2026\/08\/nemecko-clanky-co-videt-v-hamburku-25-696x491.jpg 696w, https:\/\/loudavymkrokem.cz\/wp-content\/uploads\/2026\/08\/nemecko-clanky-co-videt-v-hamburku-25-1392x983.jpg 1392w\" sizes=\"(max-width: 1800px) 100vw, 1800px\" \/><button\n\t\t\tclass=\"lightbox-trigger\"\n\t\t\ttype=\"button\"\n\t\t\taria-haspopup=\"dialog\"\n\t\t\tdata-wp-bind--aria-label=\"state.thisImage.triggerButtonAriaLabel\"\n\t\t\tdata-wp-init=\"callbacks.initTriggerButton\"\n\t\t\tdata-wp-on--click=\"actions.showLightbox\"\n\t\t\tdata-wp-style--right=\"state.thisImage.buttonRight\"\n\t\t\tdata-wp-style--top=\"state.thisImage.buttonTop\"\n\t\t>\n\t\t\t<svg xmlns=\"http:\/\/www.w3.org\/2000\/svg\" width=\"12\" height=\"12\" fill=\"none\" viewBox=\"0 0 12 12\">\n\t\t\t\t<path fill=\"#fff\" d=\"M2 0a2 2 0 0 0-2 2v2h1.5V2a.5.5 0 0 1 .5-.5h2V0H2Zm2 10.5H2a.5.5 0 0 1-.5-.5V8H0v2a2 2 0 0 0 2 2h2v-1.5ZM8 12v-1.5h2a.5.5 0 0 0 .5-.5V8H12v2a2 2 0 0 1-2 2H8Zm2-12a2 2 0 0 1 2 2v2h-1.5V2a.5.5 0 0 0-.5-.5H8V0h2Z\" \/>\n\t\t\t<\/svg>\n\t\t<\/button><figcaption class=\"wp-element-caption\">Foto: Peter Haas \/ Wikimedia Commons, CC BY-SA 3.0<\/figcaption><\/figure>\n\n\n\n<h3 class=\"wp-block-heading\"><span class=\"ez-toc-section\" id=\"21_Statki_muzea_Cap_San_Diego_i_Rickmer_Rickmers\"><\/span>21. Statki muzea Cap San Diego i Rickmer Rickmers<span class=\"ez-toc-section-end\"><\/span><\/h3>\n\n\n\n<p class=\"wp-block-paragraph\">Podczas spaceru g\u0142\u00f3wn\u0105 portow\u0105 promenad\u0105 Landungsbr\u00fccken po prostu nie spos\u00f3b nie zauwa\u017cy\u0107 dw\u00f3ch ogromnych historycznych statk\u00f3w, kt\u00f3re dzi\u015b funkcjonuj\u0105 jako fascynuj\u0105ce p\u0142ywaj\u0105ce muzea. <strong>Cap San Diego to ogromny i bardzo elegancki statek towarowy z lat sze\u015b\u0107dziesi\u0105tych, przezywany Bia\u0142ym \u0141ab\u0119dziem po\u0142udniowego Atlantyku<\/strong>, a mo\u017cesz go zwiedzi\u0107 od ha\u0142a\u015bliwej maszynowni a\u017c po mostek kapita\u0144ski. Rickmer Rickmers to z kolei przepi\u0119kny trzymasztowy \u017caglowiec z dziewi\u0119tnastego wieku, kt\u00f3ry tchnie prawdziwym historycznym morskim romantyzmem.<\/p>\n\n\n\n<p class=\"wp-block-paragraph\">Zwiedzanie obu tych jednostek jest niezwykle interesuj\u0105ce, bo <strong>pozwala z bliska zajrze\u0107 do ciasnych kajut za\u0142ogi, ogromnych \u0142adowni i eleganckich mes oficerskich<\/strong>. Mo\u017cesz wi\u0119c bardzo obrazowo wyobrazi\u0107 sobie, jak niezmiernie ci\u0119\u017ckie, ale zarazem pe\u0142ne przyg\u00f3d by\u0142o codzienne \u017cycie na otwartym oceanie.<\/p>\n\n\n\n<p class=\"wp-block-paragraph\">\ud83d\udca1 Wskaz\u00f3wka: <strong>Je\u015bli podr\u00f3\u017cujesz z dzie\u0107mi, przeciskanie si\u0119 przez w\u0105skie korytarze i strome schody na statku b\u0119dzie je z pewno\u015bci\u0105 bawi\u0107<\/strong> znacznie bardziej ni\u017c klasyczne spokojne muzea. Tylko naprawd\u0119 uwa\u017caj na g\u0142ow\u0119, bo stropy pod pok\u0142adem s\u0105 miejscami zdradziecko niskie.<\/p>\n\n\n\n<figure data-wp-context=\"{&quot;imageId&quot;:&quot;6a954c3d41169&quot;}\" data-wp-interactive=\"core\/image\" data-wp-key=\"6a954c3d41169\" class=\"wp-block-image size-full wp-lightbox-container\"><img decoding=\"async\" width=\"1800\" height=\"1797\" data-wp-class--hide=\"state.isContentHidden\" data-wp-class--show=\"state.isContentVisible\" data-wp-init=\"callbacks.setButtonStyles\" data-wp-on--click=\"actions.showLightbox\" data-wp-on--load=\"callbacks.setButtonStyles\" data-wp-on--pointerdown=\"actions.preloadImage\" data-wp-on--pointerenter=\"actions.preloadImageWithDelay\" data-wp-on--pointerleave=\"actions.cancelPreload\" data-wp-on-window--resize=\"callbacks.setButtonStyles\" src=\"https:\/\/loudavymkrokem.cz\/wp-content\/uploads\/2026\/08\/nemecko-clanky-co-videt-v-hamburku-26.jpg\" alt=\"Danie wegetaria\u0144skie w restauracji\" class=\"wp-image-399036\" title=\"\" srcset=\"https:\/\/loudavymkrokem.cz\/wp-content\/uploads\/2026\/08\/nemecko-clanky-co-videt-v-hamburku-26.jpg 1800w, https:\/\/loudavymkrokem.cz\/wp-content\/uploads\/2026\/08\/nemecko-clanky-co-videt-v-hamburku-26-300x300.jpg 300w, https:\/\/loudavymkrokem.cz\/wp-content\/uploads\/2026\/08\/nemecko-clanky-co-videt-v-hamburku-26-700x699.jpg 700w, https:\/\/loudavymkrokem.cz\/wp-content\/uploads\/2026\/08\/nemecko-clanky-co-videt-v-hamburku-26-150x150.jpg 150w, https:\/\/loudavymkrokem.cz\/wp-content\/uploads\/2026\/08\/nemecko-clanky-co-videt-v-hamburku-26-768x767.jpg 768w, https:\/\/loudavymkrokem.cz\/wp-content\/uploads\/2026\/08\/nemecko-clanky-co-videt-v-hamburku-26-1536x1533.jpg 1536w, https:\/\/loudavymkrokem.cz\/wp-content\/uploads\/2026\/08\/nemecko-clanky-co-videt-v-hamburku-26-696x695.jpg 696w, https:\/\/loudavymkrokem.cz\/wp-content\/uploads\/2026\/08\/nemecko-clanky-co-videt-v-hamburku-26-1392x1390.jpg 1392w\" sizes=\"(max-width: 1800px) 100vw, 1800px\" \/><button\n\t\t\tclass=\"lightbox-trigger\"\n\t\t\ttype=\"button\"\n\t\t\taria-haspopup=\"dialog\"\n\t\t\tdata-wp-bind--aria-label=\"state.thisImage.triggerButtonAriaLabel\"\n\t\t\tdata-wp-init=\"callbacks.initTriggerButton\"\n\t\t\tdata-wp-on--click=\"actions.showLightbox\"\n\t\t\tdata-wp-style--right=\"state.thisImage.buttonRight\"\n\t\t\tdata-wp-style--top=\"state.thisImage.buttonTop\"\n\t\t>\n\t\t\t<svg xmlns=\"http:\/\/www.w3.org\/2000\/svg\" width=\"12\" height=\"12\" fill=\"none\" viewBox=\"0 0 12 12\">\n\t\t\t\t<path fill=\"#fff\" d=\"M2 0a2 2 0 0 0-2 2v2h1.5V2a.5.5 0 0 1 .5-.5h2V0H2Zm2 10.5H2a.5.5 0 0 1-.5-.5V8H0v2a2 2 0 0 0 2 2h2v-1.5ZM8 12v-1.5h2a.5.5 0 0 0 .5-.5V8H12v2a2 2 0 0 1-2 2H8Zm2-12a2 2 0 0 1 2 2v2h-1.5V2a.5.5 0 0 0-.5-.5H8V0h2Z\" \/>\n\t\t\t<\/svg>\n\t\t<\/button><figcaption class=\"wp-element-caption\">Foto: Johor Haki, owner of the &#8222;joHoRkAki siNGApoRE TRAvEL FooD Li \/ Wikimedia Commons, CC BY-SA 4.0<\/figcaption><\/figure>\n\n\n\n<h3 class=\"wp-block-heading\"><span class=\"ez-toc-section\" id=\"22_Zielona_i_zrownowazona_gastronomia\"><\/span>22. Zielona i zr\u00f3wnowa\u017cona gastronomia<span class=\"ez-toc-section-end\"><\/span><\/h3>\n\n\n\n<p class=\"wp-block-paragraph\">Hamburg jest niesamowicie przyjazny kuchni ro\u015blinnej i znajdziesz tu ogromn\u0105 liczb\u0119 fantastycznych lokali, kt\u00f3re stawiaj\u0105 na etyczne i zr\u00f3wnowa\u017cone jedzenie. <strong>Je\u015bli szukasz przytulnej domowej atmosfery, koniecznie skieruj si\u0119 do ksi\u0119garnianej kawiarni Kapitel 3<\/strong> w dzielnicy Altona, gdzie do \u015bwietnej kawy rozkoszujesz si\u0119 kompletnie wega\u0144skim menu i zaczytasz si\u0119 w kt\u00f3rej\u015b z wielu wystawionych ksi\u0105\u017cek, kt\u00f3re zdobi\u0105 \u015bciany lokalu.<\/p>\n\n\n\n<p class=\"wp-block-paragraph\">Kolejnym \u015bwietnym przystankiem na obiad lub kaw\u0119 jest bardzo lubiane <strong>Caf\u00e9 geen, kt\u00f3re kusi absolutnie wybornym w pe\u0142ni wega\u0144skim menu puszystych deser\u00f3w i da\u0144 g\u0142\u00f3wnych<\/strong>, a w s\u0142oneczne dni oferuje bardzo przyjemne posiedzenie na zewn\u0105trz w ogr\u00f3dku. Dla mi\u0142o\u015bnik\u00f3w dobrej kuchni azjatyckiej jest z kolei niezmiernie popularne Citta Vegan House, gdzie mistrzowsko \u0142\u0105cz\u0105 wega\u0144skie azjatyckie dania fusion w przepi\u0119knej, fotogenicznej scenerii.<\/p>\n\n\n\n<p class=\"wp-block-paragraph\">\ud83d\udca1 Wskaz\u00f3wka: <strong>Wi\u0119kszo\u015b\u0107 tych popularnych wega\u0144skich lokali w porze obiadu i kolacji bywa do\u015b\u0107 zape\u0142niona<\/strong>, dlatego warto przyj\u015b\u0107 albo tu\u017c po otwarciu, albo wcze\u015bniej zarezerwowa\u0107 stolik. Zw\u0142aszcza w weekendy zainteresowanie miejscami w tych lokalizacjach jest ogromne.<\/p>\n\n\n\n<h2 class=\"wp-block-heading\"><span class=\"ez-toc-section\" id=\"Dokad_dalej_z_Hamburga\"><\/span>Dok\u0105d dalej z Hamburga<span class=\"ez-toc-section-end\"><\/span><\/h2>\n\n\n\n<p class=\"wp-block-paragraph\">P\u00f3\u0142nocne Niemcy to \u015bwietny punkt wyj\u015bcia do dalszego odkrywania, a dzi\u0119ki doskona\u0142ej sieci szybkich poci\u0105g\u00f3w \u0142atwo dotrzesz nawet do odleglejszych metropolii. <strong>Je\u015bli kusz\u0105 ci\u0119 kolejne wielkie miasta, przeczytaj nasz artyku\u0142 o tym, <a href=\"https:\/\/loudavymkrokem.cz\/pl\/berlin-niemcy-atrakcje-zabytki\/\">co zobaczy\u0107 w Berlinie<\/a><\/strong>, dok\u0105d dojedziesz poci\u0105giem w nieca\u0142e dwie godziny. Dla mi\u0142o\u015bnik\u00f3w bardziej po\u0142udniowych rejon\u00f3w i bawarskiej kultury polecam natomiast pozna\u0107 wskaz\u00f3wki na to, <strong><a href=\"https:\/\/loudavymkrokem.cz\/pl\/monachium-niemcy-atrakcje\/\">co robi\u0107 w Monachium<\/a><\/strong>.<\/p>\n\n\n\n<p class=\"wp-block-paragraph\">Je\u015bli planujesz podr\u00f3\u017c w okresie zimowym i chcesz nasyci\u0107 si\u0119 prawdziw\u0105 \u015bwi\u0105teczn\u0105 atmosfer\u0105, <strong>koniecznie zajrzyj do naszego du\u017cego zestawienia <a href=\"https:\/\/loudavymkrokem.cz\/pl\/jarmark-bozonarodzeniowy-niemcy\/\">jarmark\u00f3w bo\u017conarodzeniowych w Niemczech<\/a><\/strong>, gdzie znajdziesz inspiracje na najpi\u0119kniejsze adwentowe destynacje. A je\u015bli po d\u0142ugich spacerach po mie\u015bcie potrzebujesz porz\u0105dnie odpocz\u0105\u0107, <strong>wybierz kt\u00f3ry\u015b z niesamowitych pobyt\u00f3w relaksacyjnych w artykule o <a href=\"https:\/\/loudavymkrokem.cz\/pl\/hotele-wellness-niemcy\/\">hotelach wellness w Niemczech<\/a><\/strong>.<\/p>\n\n\n\n<h2 class=\"wp-block-heading\"><span class=\"ez-toc-section\" id=\"Najczesciej_zadawane_pytania\"><\/span>Najcz\u0119\u015bciej zadawane pytania<span class=\"ez-toc-section-end\"><\/span><\/h2>\n\n\n<div id=\"rank-math-faq\" class=\"rank-math-block\">\n<div class=\"rank-math-list \">\n<div id=\"faq-question-1787731481000\" class=\"rank-math-list-item\">\n<h3 class=\"rank-math-question \"><span class=\"ez-toc-section\" id=\"Ile_dni_potrzebuje_na_zwiedzanie_Hamburga\"><\/span>Ile dni potrzebuj\u0119 na zwiedzanie Hamburga?<span class=\"ez-toc-section-end\"><\/span><\/h3>\n<div class=\"rank-math-answer \">\n\n<p>Na spokojne zwiedzenie wszystkich g\u0142\u00f3wnych zabytk\u00f3w i wch\u0142oni\u0119cie lokalnej atmosfery polecam zarezerwowa\u0107 sobie co najmniej dwa do trzech pe\u0142nych dni. <strong>Sama dzielnica HafenCity z Miniatur Wunderland, Speicherstadt i Elbphilharmonie zajmie wam pewnie prawie ca\u0142y jeden dzie\u0144<\/strong>, kolejny dzie\u0144 mo\u017cecie po\u015bwi\u0119ci\u0107 na spacery po centrum, ratuszu, jeziorach i rejsie widokowym promem.<\/p>\n\n<\/div>\n<\/div>\n<div id=\"faq-question-1787731481001\" class=\"rank-math-list-item\">\n<h3 class=\"rank-math-question \"><span class=\"ez-toc-section\" id=\"Jak_najlepiej_dostac_sie_z_lotniska_do_centrum_miasta\"><\/span>Jak najlepiej dosta\u0107 si\u0119 z lotniska do centrum miasta?<span class=\"ez-toc-section-end\"><\/span><\/h3>\n<div class=\"rank-math-answer \">\n\n<p>Po\u0142\u0105czenie jest niewiarygodnie proste i szybkie, poniewa\u017c <strong>bezpo\u015brednio pod terminalem znajduje si\u0119 stacja kolejki podmiejskiej S-Bahn linii S1<\/strong>, kt\u00f3ra kursuje co dziesi\u0119\u0107 minut. Podr\u00f3\u017c na dworzec g\u0142\u00f3wny (Hauptbahnhof) trwa zaledwie 25 minut i obowi\u0105zuje na ni\u0105 zwyk\u0142y bilet na miejski transport publiczny, wi\u0119c nie musicie kupowa\u0107 \u017cadnych specjalnych bilet\u00f3w lotniskowych.<\/p>\n\n<\/div>\n<\/div>\n<div id=\"faq-question-1787731481002\" class=\"rank-math-list-item\">\n<h3 class=\"rank-math-question \"><span class=\"ez-toc-section\" id=\"Czy_miasto_jest_odpowiednie_dla_rodzin_z_dziecmi\"><\/span>Czy miasto jest odpowiednie dla rodzin z dzie\u0107mi?<span class=\"ez-toc-section-end\"><\/span><\/h3>\n<div class=\"rank-math-answer \">\n\n<p>Zdecydowanie tak, dla dzieci przygotowano tu ogromn\u0105 ilo\u015b\u0107 atrakcji na czele ze wspania\u0142ym Miniatur Wunderland, kt\u00f3ry jest absolutnym hitem dla wszystkich pokole\u0144. <strong>Wi\u0119kszo\u015b\u0107 muze\u00f3w ma \u015bwietne elementy interaktywne, w parkach znajdziecie mn\u00f3stwo plac\u00f3w zabaw i boisk<\/strong>, a zwiedzanie historycznych statk\u00f3w muzealnych czy przeja\u017cd\u017cka \u017c\u00f3\u0142tym promem bawi dzieci w ka\u017cdym wieku.<\/p>\n\n<\/div>\n<\/div>\n<div id=\"faq-question-1787731481003\" class=\"rank-math-list-item\">\n<h3 class=\"rank-math-question \"><span class=\"ez-toc-section\" id=\"Jak_jest_z_transportem_i_czy_oplaca_sie_Hamburg_Card\"><\/span>Jak jest z transportem i czy op\u0142aca si\u0119 Hamburg Card?<span class=\"ez-toc-section-end\"><\/span><\/h3>\n<div class=\"rank-math-answer \">\n\n<p>Centrum miasta jest do\u015b\u0107 rozleg\u0142e, a zabytki czasem s\u0105 od siebie dalej, wi\u0119c na pewno nie unikniecie przejazd\u00f3w metrem (U-Bahn) lub poci\u0105gami S-Bahn. <strong>Karta turystyczna Hamburg Card oferuje nieograniczony transport i zni\u017cki na bilety wst\u0119pu do wielu muze\u00f3w<\/strong>, wi\u0119c je\u015bli planujecie zwiedzi\u0107 wi\u0119cej p\u0142atnych zabytk\u00f3w i nie chcecie chodzi\u0107 tylko pieszo, jej zakup bardzo wam si\u0119 op\u0142aci cenowo.<\/p>\n\n<\/div>\n<\/div>\n<div id=\"faq-question-1787731481004\" class=\"rank-math-list-item\">\n<h3 class=\"rank-math-question \"><span class=\"ez-toc-section\" id=\"Jaki_budzet_na_wejsciowki_powinienem_zaplanowac\"><\/span>Jaki bud\u017cet na wej\u015bci\u00f3wki powinienem zaplanowa\u0107?<span class=\"ez-toc-section-end\"><\/span><\/h3>\n<div class=\"rank-math-answer \">\n\n<p>Wej\u015bcia do g\u0142\u00f3wnych komercyjnych atrakcji nie s\u0105 najnajta\u0144sze, <strong>dla osoby doros\u0142ej przygotujcie bud\u017cet oko\u0142o 70 do 95 euro<\/strong>, je\u015bli chcecie zobaczy\u0107 to najwa\u017cniejsze. Sam bilet do Miniatur Wunderland kosztuje 25 euro, a zwiedzanie statk\u00f3w czy muze\u00f3w waha si\u0119 w granicach 10 do 15 euro za osob\u0119, na szcz\u0119\u015bcie jest jednak mn\u00f3stwo miejsc jak Speicherstadt czy taras widokowy Elbphilharmonie ca\u0142kowicie za darmo.<\/p>\n\n<\/div>\n<\/div>\n<div id=\"faq-question-1787731481005\" class=\"rank-math-list-item\">\n<h3 class=\"rank-math-question \"><span class=\"ez-toc-section\" id=\"Czy_musze_kupowac_bilety_na_glowne_zabytki_z_wyprzedzeniem\"><\/span>Czy musz\u0119 kupowa\u0107 bilety na g\u0142\u00f3wne zabytki z wyprzedzeniem?<span class=\"ez-toc-section-end\"><\/span><\/h3>\n<div class=\"rank-math-answer \">\n\n<p>W przypadku tych najpopularniejszych atrakcji jest to absolutna konieczno\u015b\u0107, <strong>zw\u0142aszcza w Miniatur Wunderland, gdzie w sezonie bywa wyprzedane nawet kilka tygodni wcze\u015bniej<\/strong> i na miejscu bilet\u00f3w nie kupicie. Podobnie z wyprzedzeniem musicie bezp\u0142atnie zarezerwowa\u0107 przedzia\u0142 czasowy na wej\u015bcie na taras widokowy Plaza w budynku Elbphilharmonie, w przeciwnym razie po prostu nie wpuszcz\u0105 was do wind.<\/p>\n\n<\/div>\n<\/div>\n<div id=\"faq-question-1787731481006\" class=\"rank-math-list-item\">\n<h3 class=\"rank-math-question \"><span class=\"ez-toc-section\" id=\"Co_mozna_robic_w_miescie_kiedy_akurat_pada_deszcz\"><\/span>Co mo\u017cna robi\u0107 w mie\u015bcie, kiedy akurat pada deszcz?<span class=\"ez-toc-section-end\"><\/span><\/h3>\n<div class=\"rank-math-answer \">\n\n<p>P\u00f3\u0142nocne Niemcy s\u0105 do\u015b\u0107 znane z typowej deszczowej pogody, kt\u00f3r\u0105 miejscowi nazywaj\u0105 Schietwetter, ale miasto jest na to \u015bwietnie przygotowane. <strong>Poza Miniatur Wunderland mo\u017cecie schroni\u0107 si\u0119 w ogromnym dziewi\u0119ciopi\u0119trowym Muzeum Morskim<\/strong>, odwiedzi\u0107 interaktywne muzeum czekolady Chocoversum lub sp\u0119dzi\u0107 spokojnie p\u00f3\u0142 dnia podziwiaj\u0105c sztuk\u0119 w przepi\u0119knej galerii Hamburger Kunsthalle.<\/p>\n\n<\/div>\n<\/div>\n<\/div>\n<\/div>","protected":false},"excerpt":{"rendered":"<p>Odkryj 22 najlepsze miejsca w Hamburgu, od ceglanego Speicherstadt po taras widokowy Elbphilharmonie, i zaplanuj idealny wyjazd do niemieckiej Wenecji P\u00f3\u0142nocy.<\/p>\n","protected":false},"author":3,"featured_media":396962,"comment_status":"open","ping_status":"open","sticky":false,"template":"","format":"standard","meta":{"_acf_changed":false,"footnotes":"","rank_math_title":"Hamburg w Niemczech: 22 atrakcje, co zobaczy\u0107","rank_math_description":"Hamburg w Niemczech: 22 pomys\u0142y, co zobaczy\u0107 i zrobi\u0107 w Wenecji P\u00f3\u0142nocy. Speicherstadt, Elbphilharmonie i wskaz\u00f3wki praktyczne. Zaplanuj wyjazd ju\u017c teraz!","rank_math_focus_keyword":"hamburg niemcy","rank_math_seo_score":""},"categories":[267,298,740],"tags":[],"class_list":["post-409382","post","type-post","status-publish","format-standard","has-post-thumbnail","category-europa","category-niemcy","category-podroze"],"acf":[],"featured_image_src":"https:\/\/loudavymkrokem.cz\/wp-content\/uploads\/2026\/08\/nemecko-clanky-co-videt-v-hamburku-04.jpg","author_info":{"display_name":"Lucie Kone\u010dn\u00e1","author_link":"https:\/\/loudavymkrokem.cz\/pl\/author\/lucie-konecna\/"},"_links":{"self":[{"href":"https:\/\/loudavymkrokem.cz\/pl\/wp-json\/wp\/v2\/posts\/409382","targetHints":{"allow":["GET"]}}],"collection":[{"href":"https:\/\/loudavymkrokem.cz\/pl\/wp-json\/wp\/v2\/posts"}],"about":[{"href":"https:\/\/loudavymkrokem.cz\/pl\/wp-json\/wp\/v2\/types\/post"}],"author":[{"embeddable":true,"href":"https:\/\/loudavymkrokem.cz\/pl\/wp-json\/wp\/v2\/users\/3"}],"replies":[{"embeddable":true,"href":"https:\/\/loudavymkrokem.cz\/pl\/wp-json\/wp\/v2\/comments?post=409382"}],"version-history":[{"count":2,"href":"https:\/\/loudavymkrokem.cz\/pl\/wp-json\/wp\/v2\/posts\/409382\/revisions"}],"predecessor-version":[{"id":409386,"href":"https:\/\/loudavymkrokem.cz\/pl\/wp-json\/wp\/v2\/posts\/409382\/revisions\/409386"}],"wp:featuredmedia":[{"embeddable":true,"href":"https:\/\/loudavymkrokem.cz\/pl\/wp-json\/wp\/v2\/media\/396962"}],"wp:attachment":[{"href":"https:\/\/loudavymkrokem.cz\/pl\/wp-json\/wp\/v2\/media?parent=409382"}],"wp:term":[{"taxonomy":"category","embeddable":true,"href":"https:\/\/loudavymkrokem.cz\/pl\/wp-json\/wp\/v2\/categories?post=409382"},{"taxonomy":"post_tag","embeddable":true,"href":"https:\/\/loudavymkrokem.cz\/pl\/wp-json\/wp\/v2\/tags?post=409382"}],"curies":[{"name":"wp","href":"https:\/\/api.w.org\/{rel}","templated":true}]}}