{"id":409356,"date":"2026-08-30T09:00:18","date_gmt":"2026-08-30T07:00:18","guid":{"rendered":"https:\/\/loudavymkrokem.cz\/bonigen-jezioro-brienckie\/"},"modified":"2026-08-31T09:34:12","modified_gmt":"2026-08-31T07:34:12","slug":"bonigen-jezioro-brienckie","status":"publish","type":"post","link":"https:\/\/loudavymkrokem.cz\/pl\/bonigen-jezioro-brienckie\/","title":{"rendered":"B\u00f6nigen: 24 pomys\u0142y na wypoczynek nad Jeziorem Brienckim 2026"},"content":{"rendered":"\n<p class=\"wp-block-paragraph\">Szwajcarski Berne\u0144ski Oberland potrafi by\u0107 dziki i pe\u0142en turyst\u00f3w, ale wystarczy podjecha\u0107 kawa\u0142ek dalej, a znajdziesz si\u0119 w prawdziwej oazie spokoju. Dok\u0142adnie taki jest <strong>B\u00f6nigen<\/strong> (czyta si\u0119 \u201eb\u00e9ningen&#8221;), przepi\u0119kna wioska po\u0142o\u017cona wprost nad brzegiem polodowcowego jeziora. Podczas gdy s\u0105siedni Interlaken p\u0119ka w szwach, tutaj czas zatrzyma\u0142 si\u0119 w\u015br\u00f3d <strong>bogato rze\u017abionych drewnianych dom\u00f3w<\/strong> i zachwycaj\u0105cej przyrody. \u263a\ufe0f<\/p>\n\n\n\n<p class=\"wp-block-paragraph\">Woda ma zupe\u0142nie <strong>nierealny szmaragdowo-turkusowy kolor<\/strong>, a g\u00f3rskie szczyty odbijaj\u0105 si\u0119 w niej jak w idealnym lustrze. To w\u0142a\u015bnie <strong>Jezioro Brienckie<\/strong> stanowi g\u0142\u00f3wn\u0105 atrakcj\u0119 ca\u0142ego regionu i oferuje niesko\u0144czone mo\u017cliwo\u015bci sp\u0119dzania czasu od wiosny a\u017c do p\u00f3\u017anej jesieni. Mo\u017cesz tu wskoczy\u0107 na historyczny parowiec bocznoko\u0142owy, wypo\u017cyczy\u0107 kajak albo po prostu poleniuchowa\u0107 na pla\u017cy.<\/p>\n\n\n\n<p class=\"wp-block-paragraph\">\u017beby zaplanowa\u0107 urlop jak najlepiej, przygotowa\u0142am dla ciebie szczeg\u00f3\u0142owy przewodnik. W artykule znajdziesz <strong>24 pomys\u0142y, co zobaczy\u0107 i robi\u0107, gdzie si\u0119 zatrzyma\u0107, jakie szlaki wybra\u0107, dok\u0105d wyjecha\u0107 kolejk\u0105 i co robi\u0107 z dzie\u0107mi<\/strong>. Szwajcaria to bowiem mi\u0142o\u015b\u0107 na ca\u0142e \u017cycie i obstawiam, \u017ce po odwiedzeniu tego regionu ka\u017cdego lata b\u0119dziesz si\u0119 zastanawia\u0107, jak tu zn\u00f3w wr\u00f3ci\u0107. \u263a\ufe0f<\/p>\n\n\n\n<figure data-wp-context=\"{&quot;imageId&quot;:&quot;6a9544b89971b&quot;}\" data-wp-interactive=\"core\/image\" data-wp-key=\"6a9544b89971b\" class=\"wp-block-image size-full wp-lightbox-container\"><img decoding=\"async\" width=\"1800\" height=\"1012\" data-wp-class--hide=\"state.isContentHidden\" data-wp-class--show=\"state.isContentVisible\" data-wp-init=\"callbacks.setButtonStyles\" data-wp-on--click=\"actions.showLightbox\" data-wp-on--load=\"callbacks.setButtonStyles\" data-wp-on--pointerdown=\"actions.preloadImage\" data-wp-on--pointerenter=\"actions.preloadImageWithDelay\" data-wp-on--pointerleave=\"actions.cancelPreload\" data-wp-on-window--resize=\"callbacks.setButtonStyles\" src=\"https:\/\/loudavymkrokem.cz\/wp-content\/uploads\/2026\/08\/articles-bonigen-01.jpg\" alt=\"B\u00f6nigen i Jezioro Brienckie z lotu ptaka\" class=\"wp-image-404460\" title=\"\" srcset=\"https:\/\/loudavymkrokem.cz\/wp-content\/uploads\/2026\/08\/articles-bonigen-01.jpg 1800w, https:\/\/loudavymkrokem.cz\/wp-content\/uploads\/2026\/08\/articles-bonigen-01-300x169.jpg 300w, https:\/\/loudavymkrokem.cz\/wp-content\/uploads\/2026\/08\/articles-bonigen-01-700x394.jpg 700w, https:\/\/loudavymkrokem.cz\/wp-content\/uploads\/2026\/08\/articles-bonigen-01-768x432.jpg 768w, https:\/\/loudavymkrokem.cz\/wp-content\/uploads\/2026\/08\/articles-bonigen-01-1536x864.jpg 1536w, https:\/\/loudavymkrokem.cz\/wp-content\/uploads\/2026\/08\/articles-bonigen-01-696x391.jpg 696w, https:\/\/loudavymkrokem.cz\/wp-content\/uploads\/2026\/08\/articles-bonigen-01-1392x783.jpg 1392w\" sizes=\"(max-width: 1800px) 100vw, 1800px\" \/><button\n\t\t\tclass=\"lightbox-trigger\"\n\t\t\ttype=\"button\"\n\t\t\taria-haspopup=\"dialog\"\n\t\t\tdata-wp-bind--aria-label=\"state.thisImage.triggerButtonAriaLabel\"\n\t\t\tdata-wp-init=\"callbacks.initTriggerButton\"\n\t\t\tdata-wp-on--click=\"actions.showLightbox\"\n\t\t\tdata-wp-style--right=\"state.thisImage.buttonRight\"\n\t\t\tdata-wp-style--top=\"state.thisImage.buttonTop\"\n\t\t>\n\t\t\t<svg xmlns=\"http:\/\/www.w3.org\/2000\/svg\" width=\"12\" height=\"12\" fill=\"none\" viewBox=\"0 0 12 12\">\n\t\t\t\t<path fill=\"#fff\" d=\"M2 0a2 2 0 0 0-2 2v2h1.5V2a.5.5 0 0 1 .5-.5h2V0H2Zm2 10.5H2a.5.5 0 0 1-.5-.5V8H0v2a2 2 0 0 0 2 2h2v-1.5ZM8 12v-1.5h2a.5.5 0 0 0 .5-.5V8H12v2a2 2 0 0 1-2 2H8Zm2-12a2 2 0 0 1 2 2v2h-1.5V2a.5.5 0 0 0-.5-.5H8V0h2Z\" \/>\n\t\t\t<\/svg>\n\t\t<\/button><figcaption class=\"wp-element-caption\">Foto: Christian David \/ Wikimedia Commons, CC BY-SA 4.0<\/figcaption><\/figure>\n\n\n\n<div id=\"ez-toc-container\" class=\"ez-toc-v2_0_86 ez-toc-wrap-left counter-hierarchy ez-toc-counter ez-toc-grey ez-toc-container-direction\">\n<div class=\"ez-toc-title-container\">\n<p class=\"ez-toc-title\" style=\"cursor:inherit\">Tre\u015b\u0107 artyku\u0142u<\/p>\n<span class=\"ez-toc-title-toggle\"><a href=\"#\" class=\"ez-toc-pull-right ez-toc-btn ez-toc-btn-xs ez-toc-btn-default ez-toc-toggle\" aria-label=\"Prze\u0142\u0105cznik Spisu Tre\u015bci\"><span class=\"ez-toc-js-icon-con\"><span class=\"\"><span class=\"eztoc-hide\" style=\"display:none;\">Toggle<\/span><span class=\"ez-toc-icon-toggle-span\"><svg style=\"fill: #999;color:#999\" xmlns=\"http:\/\/www.w3.org\/2000\/svg\" class=\"list-377408\" width=\"20px\" height=\"20px\" viewBox=\"0 0 24 24\" fill=\"none\"><path d=\"M6 6H4v2h2V6zm14 0H8v2h12V6zM4 11h2v2H4v-2zm16 0H8v2h12v-2zM4 16h2v2H4v-2zm16 0H8v2h12v-2z\" fill=\"currentColor\"><\/path><\/svg><svg style=\"fill: #999;color:#999\" class=\"arrow-unsorted-368013\" xmlns=\"http:\/\/www.w3.org\/2000\/svg\" width=\"10px\" height=\"10px\" viewBox=\"0 0 24 24\" version=\"1.2\" baseProfile=\"tiny\"><path d=\"M18.2 9.3l-6.2-6.3-6.2 6.3c-.2.2-.3.4-.3.7s.1.5.3.7c.2.2.4.3.7.3h11c.3 0 .5-.1.7-.3.2-.2.3-.5.3-.7s-.1-.5-.3-.7zM5.8 14.7l6.2 6.3 6.2-6.3c.2-.2.3-.5.3-.7s-.1-.5-.3-.7c-.2-.2-.4-.3-.7-.3h-11c-.3 0-.5.1-.7.3-.2.2-.3.5-.3.7s.1.5.3.7z\"\/><\/svg><\/span><\/span><\/span><\/a><\/span><\/div>\n<nav><ul class='ez-toc-list ez-toc-list-level-1 ' ><ul class='ez-toc-list-level-3' ><li class='ez-toc-heading-level-3'><a class=\"ez-toc-link ez-toc-heading-1\" href=\"https:\/\/loudavymkrokem.cz\/pl\/bonigen-jezioro-brienckie\/#Podsumowanie_dla_tych_ktorzy_nie_maja_czasu_czytac_calego_artykulu\" >Podsumowanie dla tych, kt\u00f3rzy nie maj\u0105 czasu czyta\u0107 ca\u0142ego artyku\u0142u<\/a><\/li><\/ul><\/li><li class='ez-toc-page-1 ez-toc-heading-level-2'><a class=\"ez-toc-link ez-toc-heading-2\" href=\"https:\/\/loudavymkrokem.cz\/pl\/bonigen-jezioro-brienckie\/#Kiedy_jechac_do_Bonigen_i_jak_tu_dotrzec\" >Kiedy jecha\u0107 do B\u00f6nigen i jak tu dotrze\u0107<\/a><\/li><li class='ez-toc-page-1 ez-toc-heading-level-2'><a class=\"ez-toc-link ez-toc-heading-3\" href=\"https:\/\/loudavymkrokem.cz\/pl\/bonigen-jezioro-brienckie\/#Gdzie_sie_zatrzymac_w_Bonigen_i_ile_to_kosztuje\" >Gdzie si\u0119 zatrzyma\u0107 w B\u00f6nigen i ile to kosztuje<\/a><\/li><li class='ez-toc-page-1 ez-toc-heading-level-2'><a class=\"ez-toc-link ez-toc-heading-4\" href=\"https:\/\/loudavymkrokem.cz\/pl\/bonigen-jezioro-brienckie\/#Prosto_w_Bonigen_6_pomyslow_co_zobaczyc_i_robic_nad_woda\" >Prosto w B\u00f6nigen: 6 pomys\u0142\u00f3w, co zobaczy\u0107 i robi\u0107 nad wod\u0105<\/a><ul class='ez-toc-list-level-3' ><li class='ez-toc-heading-level-3'><a class=\"ez-toc-link ez-toc-heading-5\" href=\"https:\/\/loudavymkrokem.cz\/pl\/bonigen-jezioro-brienckie\/#1_Historyczne_drewniane_domy_i_Hauserweg\" >1. Historyczne drewniane domy i H\u00e4userweg<\/a><\/li><li class='ez-toc-page-1 ez-toc-heading-level-3'><a class=\"ez-toc-link ez-toc-heading-6\" href=\"https:\/\/loudavymkrokem.cz\/pl\/bonigen-jezioro-brienckie\/#2_Muzeum_wiejskie_Dorfmuseum_%E2%80%9Ealte_Pinte%E2%80%9D\" >2. Muzeum wiejskie Dorfmuseum \u201ealte Pinte&#8221;<\/a><\/li><li class='ez-toc-page-1 ez-toc-heading-level-3'><a class=\"ez-toc-link ez-toc-heading-7\" href=\"https:\/\/loudavymkrokem.cz\/pl\/bonigen-jezioro-brienckie\/#3_Nabrzeze_molo_i_Brienzersee_Lakewalk\" >3. Nabrze\u017ce, molo i Brienzersee Lakewalk<\/a><\/li><li class='ez-toc-page-1 ez-toc-heading-level-3'><a class=\"ez-toc-link ez-toc-heading-8\" href=\"https:\/\/loudavymkrokem.cz\/pl\/bonigen-jezioro-brienckie\/#4_Plaza_i_kapielisko_The_Beach\" >4. Pla\u017ca i k\u0105pielisko The Beach<\/a><\/li><li class='ez-toc-page-1 ez-toc-heading-level-3'><a class=\"ez-toc-link ez-toc-heading-9\" href=\"https:\/\/loudavymkrokem.cz\/pl\/bonigen-jezioro-brienckie\/#5_Kajak_i_SUP_na_tafli_jeziora\" >5. Kajak i SUP na tafli jeziora<\/a><\/li><li class='ez-toc-page-1 ez-toc-heading-level-3'><a class=\"ez-toc-link ez-toc-heading-10\" href=\"https:\/\/loudavymkrokem.cz\/pl\/bonigen-jezioro-brienckie\/#6_Rejs_historycznym_parowcem_Lotschberg\" >6. Rejs historycznym parowcem L\u00f6tschberg<\/a><\/li><\/ul><\/li><li class='ez-toc-page-1 ez-toc-heading-level-2'><a class=\"ez-toc-link ez-toc-heading-11\" href=\"https:\/\/loudavymkrokem.cz\/pl\/bonigen-jezioro-brienckie\/#Turystyka_z_Bonigen_6_tras_ktore_sa_tego_warte\" >Turystyka z B\u00f6nigen: 6 tras, kt\u00f3re s\u0105 tego warte<\/a><ul class='ez-toc-list-level-3' ><li class='ez-toc-heading-level-3'><a class=\"ez-toc-link ez-toc-heading-12\" href=\"https:\/\/loudavymkrokem.cz\/pl\/bonigen-jezioro-brienckie\/#7_Szlak_Trzech_Wodospadow_w_etapach\" >7. Szlak Trzech Wodospad\u00f3w w etapach<\/a><\/li><li class='ez-toc-page-1 ez-toc-heading-level-3'><a class=\"ez-toc-link ez-toc-heading-13\" href=\"https:\/\/loudavymkrokem.cz\/pl\/bonigen-jezioro-brienckie\/#8_Petla_na_Sytiberg_55_km_nawet_z_wozkiem_terenowym\" >8. P\u0119tla na Sytiberg: 5,5 km nawet z w\u00f3zkiem terenowym<\/a><\/li><li class='ez-toc-page-1 ez-toc-heading-level-3'><a class=\"ez-toc-link ez-toc-heading-14\" href=\"https:\/\/loudavymkrokem.cz\/pl\/bonigen-jezioro-brienckie\/#9_Petla_Haslerenegg_854_m_z_ksiega_szczytowa\" >9. P\u0119tla Haslerenegg (854 m) z ksi\u0119g\u0105 szczytow\u0105<\/a><\/li><li class='ez-toc-page-1 ez-toc-heading-level-3'><a class=\"ez-toc-link ez-toc-heading-15\" href=\"https:\/\/loudavymkrokem.cz\/pl\/bonigen-jezioro-brienckie\/#10_Petla_do_wodospadu_Erschwandenbach\" >10. P\u0119tla do wodospadu Erschwandenbach<\/a><\/li><li class='ez-toc-page-1 ez-toc-heading-level-3'><a class=\"ez-toc-link ez-toc-heading-16\" href=\"https:\/\/loudavymkrokem.cz\/pl\/bonigen-jezioro-brienckie\/#11_Nadbrzezna_sciezka_Uferweg_z_Iseltwaldu_na_Giessbach\" >11. Nadbrze\u017cna \u015bcie\u017cka Uferweg z Iseltwaldu na Giessbach<\/a><\/li><li class='ez-toc-page-1 ez-toc-heading-level-3'><a class=\"ez-toc-link ez-toc-heading-17\" href=\"https:\/\/loudavymkrokem.cz\/pl\/bonigen-jezioro-brienckie\/#12_Wyzwanie_pieszo_Wejscie_na_Harder_Kulm\" >12. Wyzwanie pieszo: Wej\u015bcie na Harder Kulm<\/a><\/li><\/ul><\/li><li class='ez-toc-page-1 ez-toc-heading-level-2'><a class=\"ez-toc-link ez-toc-heading-18\" href=\"https:\/\/loudavymkrokem.cz\/pl\/bonigen-jezioro-brienckie\/#Szlaki_na_ktore_wywiezie_cie_kolejka_6_tras_nad_dolina\" >Szlaki, na kt\u00f3re wywiezie ci\u0119 kolejka: 6 tras nad dolin\u0105<\/a><ul class='ez-toc-list-level-3' ><li class='ez-toc-heading-level-3'><a class=\"ez-toc-link ez-toc-heading-19\" href=\"https:\/\/loudavymkrokem.cz\/pl\/bonigen-jezioro-brienckie\/#13_Od_First_do_jeziora_Bachalpsee\" >13. Od First do jeziora Bachalpsee<\/a><\/li><li class='ez-toc-page-1 ez-toc-heading-level-3'><a class=\"ez-toc-link ez-toc-heading-20\" href=\"https:\/\/loudavymkrokem.cz\/pl\/bonigen-jezioro-brienckie\/#14_Krolewska_gran_Schynige_Platte_%E2%80%93_Faulhorn_%E2%80%93_First\" >14. Kr\u00f3lewska gra\u0144 Schynige Platte \u2013 Faulhorn \u2013 First<\/a><\/li><li class='ez-toc-page-1 ez-toc-heading-level-3'><a class=\"ez-toc-link ez-toc-heading-21\" href=\"https:\/\/loudavymkrokem.cz\/pl\/bonigen-jezioro-brienckie\/#15_Mannlichen_i_panoramiczna_droga_na_Kleine_Scheidegg\" >15. M\u00e4nnlichen i panoramiczna droga na Kleine Scheidegg<\/a><\/li><li class='ez-toc-page-1 ez-toc-heading-level-3'><a class=\"ez-toc-link ez-toc-heading-22\" href=\"https:\/\/loudavymkrokem.cz\/pl\/bonigen-jezioro-brienckie\/#16_Eiger_Trail_wprost_pod_polnocna_sciana\" >16. Eiger Trail wprost pod p\u00f3\u0142nocn\u0105 \u015bcian\u0105<\/a><\/li><li class='ez-toc-page-1 ez-toc-heading-level-3'><a class=\"ez-toc-link ez-toc-heading-23\" href=\"https:\/\/loudavymkrokem.cz\/pl\/bonigen-jezioro-brienckie\/#17_Niederhorn_i_koziorozce_nad_Jeziorem_Thunskim\" >17. Niederhorn i kozioro\u017cce nad Jeziorem Thu\u0144skim<\/a><\/li><li class='ez-toc-page-1 ez-toc-heading-level-3'><a class=\"ez-toc-link ez-toc-heading-24\" href=\"https:\/\/loudavymkrokem.cz\/pl\/bonigen-jezioro-brienckie\/#18_Parowa_kolejka_zebata_na_Brienzer_Rothorn\" >18. Parow\u0105 kolejk\u0105 z\u0119bat\u0105 na Brienzer Rothorn<\/a><\/li><\/ul><\/li><li class='ez-toc-page-1 ez-toc-heading-level-2'><a class=\"ez-toc-link ez-toc-heading-25\" href=\"https:\/\/loudavymkrokem.cz\/pl\/bonigen-jezioro-brienckie\/#Wycieczki_z_Bonigen_6_pomyslow_na_okolice\" >Wycieczki z B\u00f6nigen: 6 pomys\u0142\u00f3w na okolic\u0119<\/a><ul class='ez-toc-list-level-3' ><li class='ez-toc-heading-level-3'><a class=\"ez-toc-link ez-toc-heading-26\" href=\"https:\/\/loudavymkrokem.cz\/pl\/bonigen-jezioro-brienckie\/#19_Harder_Kulm_Domowa_gora_Interlakenu\" >19. Harder Kulm: Domowa g\u00f3ra Interlakenu<\/a><\/li><li class='ez-toc-page-1 ez-toc-heading-level-3'><a class=\"ez-toc-link ez-toc-heading-27\" href=\"https:\/\/loudavymkrokem.cz\/pl\/bonigen-jezioro-brienckie\/#20_Wodospady_Giessbach_i_przejscie_za_woda\" >20. Wodospady Giessbach i przej\u015bcie za wod\u0105<\/a><\/li><li class='ez-toc-page-1 ez-toc-heading-level-3'><a class=\"ez-toc-link ez-toc-heading-28\" href=\"https:\/\/loudavymkrokem.cz\/pl\/bonigen-jezioro-brienckie\/#21_Najstarsza_szwajcarska_kolejka_turystyczna_i_Grandhotel\" >21. Najstarsza szwajcarska kolejka turystyczna i Grandhotel<\/a><\/li><li class='ez-toc-page-1 ez-toc-heading-level-3'><a class=\"ez-toc-link ez-toc-heading-29\" href=\"https:\/\/loudavymkrokem.cz\/pl\/bonigen-jezioro-brienckie\/#22_Iseltwald_i_ikoniczne_molo_z_serialu\" >22. Iseltwald i ikoniczne molo z serialu<\/a><\/li><li class='ez-toc-page-1 ez-toc-heading-level-3'><a class=\"ez-toc-link ez-toc-heading-30\" href=\"https:\/\/loudavymkrokem.cz\/pl\/bonigen-jezioro-brienckie\/#23_Schynige_Platte_Kolejka_zebata_i_ogrod_alpejski\" >23. Schynige Platte: Kolejka z\u0119bata i ogr\u00f3d alpejski<\/a><\/li><li class='ez-toc-page-1 ez-toc-heading-level-3'><a class=\"ez-toc-link ez-toc-heading-31\" href=\"https:\/\/loudavymkrokem.cz\/pl\/bonigen-jezioro-brienckie\/#24_Interlaken_Sasiednia_baza_turystyczna\" >24. Interlaken: S\u0105siednia baza turystyczna<\/a><\/li><\/ul><\/li><li class='ez-toc-page-1 ez-toc-heading-level-2'><a class=\"ez-toc-link ez-toc-heading-32\" href=\"https:\/\/loudavymkrokem.cz\/pl\/bonigen-jezioro-brienckie\/#Bonigen_z_dziecmi_co_robic_z_rodzina\" >B\u00f6nigen z dzie\u0107mi: co robi\u0107 z rodzin\u0105<\/a><ul class='ez-toc-list-level-3' ><li class='ez-toc-heading-level-3'><a class=\"ez-toc-link ez-toc-heading-33\" href=\"https:\/\/loudavymkrokem.cz\/pl\/bonigen-jezioro-brienckie\/#Plaza_The_Beach_i_wielki_plac_zabaw\" >Pla\u017ca The Beach i wielki plac zabaw<\/a><\/li><li class='ez-toc-page-1 ez-toc-heading-level-3'><a class=\"ez-toc-link ez-toc-heading-34\" href=\"https:\/\/loudavymkrokem.cz\/pl\/bonigen-jezioro-brienckie\/#Poszukiwanie_skarbu_i_gra_detektywistyczna_w_Iseltwaldzie\" >Poszukiwanie skarbu i gra detektywistyczna w Iseltwaldzie<\/a><\/li><li class='ez-toc-page-1 ez-toc-heading-level-3'><a class=\"ez-toc-link ez-toc-heading-35\" href=\"https:\/\/loudavymkrokem.cz\/pl\/bonigen-jezioro-brienckie\/#Kemping_TCS_swietna_lokalizacja_ale_z_duzym_zastrzezeniem\" >Kemping TCS: \u015bwietna lokalizacja, ale z du\u017cym zastrze\u017ceniem<\/a><\/li><li class='ez-toc-page-1 ez-toc-heading-level-3'><a class=\"ez-toc-link ez-toc-heading-36\" href=\"https:\/\/loudavymkrokem.cz\/pl\/bonigen-jezioro-brienckie\/#Lilys_Alpenspielplatz_i_Panoramaweg_na_Schynige_Platte\" >Lily&#8217;s Alpenspielplatz i Panoramaweg na Schynige Platte<\/a><\/li><li class='ez-toc-page-1 ez-toc-heading-level-3'><a class=\"ez-toc-link ez-toc-heading-37\" href=\"https:\/\/loudavymkrokem.cz\/pl\/bonigen-jezioro-brienckie\/#Statek_i_bezbarierowa_promenada_z_wozkiem\" >Statek i bezbarierowa promenada z w\u00f3zkiem<\/a><\/li><\/ul><\/li><li class='ez-toc-page-1 ez-toc-heading-level-2'><a class=\"ez-toc-link ez-toc-heading-38\" href=\"https:\/\/loudavymkrokem.cz\/pl\/bonigen-jezioro-brienckie\/#Gdzie_zjesc_w_Bonigen\" >Gdzie zje\u015b\u0107 w B\u00f6nigen<\/a><ul class='ez-toc-list-level-3' ><li class='ez-toc-heading-level-3'><a class=\"ez-toc-link ez-toc-heading-39\" href=\"https:\/\/loudavymkrokem.cz\/pl\/bonigen-jezioro-brienckie\/#Pizzeria_La_Boheme\" >Pizzeria La Boh\u00e8me<\/a><\/li><li class='ez-toc-page-1 ez-toc-heading-level-3'><a class=\"ez-toc-link ez-toc-heading-40\" href=\"https:\/\/loudavymkrokem.cz\/pl\/bonigen-jezioro-brienckie\/#Sweet_Ride\" >Sweet Ride<\/a><\/li><li class='ez-toc-page-1 ez-toc-heading-level-3'><a class=\"ez-toc-link ez-toc-heading-41\" href=\"https:\/\/loudavymkrokem.cz\/pl\/bonigen-jezioro-brienckie\/#Restaurant_Baren_Bonigen\" >Restaurant B\u00e4ren B\u00f6nigen<\/a><\/li><\/ul><\/li><li class='ez-toc-page-1 ez-toc-heading-level-2'><a class=\"ez-toc-link ez-toc-heading-42\" href=\"https:\/\/loudavymkrokem.cz\/pl\/bonigen-jezioro-brienckie\/#Dokad_dalej_z_Bonigen\" >Dok\u0105d dalej z B\u00f6nigen<\/a><\/li><li class='ez-toc-page-1 ez-toc-heading-level-2'><a class=\"ez-toc-link ez-toc-heading-43\" href=\"https:\/\/loudavymkrokem.cz\/pl\/bonigen-jezioro-brienckie\/#Czesto_zadawane_pytania\" >Cz\u0119sto zadawane pytania<\/a><ul class='ez-toc-list-level-3' ><li class='ez-toc-heading-level-3'><a class=\"ez-toc-link ez-toc-heading-44\" href=\"https:\/\/loudavymkrokem.cz\/pl\/bonigen-jezioro-brienckie\/#Czy_warto_zatrzymac_sie_w_Bonigen_zamiast_w_Interlaken\" >Czy warto zatrzyma\u0107 si\u0119 w B\u00f6nigen zamiast w Interlaken?<\/a><\/li><li class='ez-toc-page-1 ez-toc-heading-level-3'><a class=\"ez-toc-link ez-toc-heading-45\" href=\"https:\/\/loudavymkrokem.cz\/pl\/bonigen-jezioro-brienckie\/#Jak_sie_tam_dostac_z_Interlaken\" >Jak si\u0119 tam dosta\u0107 z Interlaken?<\/a><\/li><li class='ez-toc-page-1 ez-toc-heading-level-3'><a class=\"ez-toc-link ez-toc-heading-46\" href=\"https:\/\/loudavymkrokem.cz\/pl\/bonigen-jezioro-brienckie\/#Czy_mozna_sie_kapac_w_jeziorze_Brienz\" >Czy mo\u017cna si\u0119 k\u0105pa\u0107 w jeziorze Brienz?<\/a><\/li><li class='ez-toc-page-1 ez-toc-heading-level-3'><a class=\"ez-toc-link ez-toc-heading-47\" href=\"https:\/\/loudavymkrokem.cz\/pl\/bonigen-jezioro-brienckie\/#Ile_dni_wystarczy_na_wizyte\" >Ile dni wystarczy na wizyt\u0119?<\/a><\/li><li class='ez-toc-page-1 ez-toc-heading-level-3'><a class=\"ez-toc-link ez-toc-heading-48\" href=\"https:\/\/loudavymkrokem.cz\/pl\/bonigen-jezioro-brienckie\/#Co_robic_w_deszczu\" >Co robi\u0107 w deszczu?<\/a><\/li><li class='ez-toc-page-1 ez-toc-heading-level-3'><a class=\"ez-toc-link ez-toc-heading-49\" href=\"https:\/\/loudavymkrokem.cz\/pl\/bonigen-jezioro-brienckie\/#Czy_to_dobre_miejsce_dla_dzieci\" >Czy to dobre miejsce dla dzieci?<\/a><\/li><li class='ez-toc-page-1 ez-toc-heading-level-3'><a class=\"ez-toc-link ez-toc-heading-50\" href=\"https:\/\/loudavymkrokem.cz\/pl\/bonigen-jezioro-brienckie\/#Ile_kosztuje_wycieczka_na_Harder_Kulm\" >Ile kosztuje wycieczka na Harder Kulm?<\/a><\/li><li class='ez-toc-page-1 ez-toc-heading-level-3'><a class=\"ez-toc-link ez-toc-heading-51\" href=\"https:\/\/loudavymkrokem.cz\/pl\/bonigen-jezioro-brienckie\/#Czy_molo_w_Iseltwald_jest_platne\" >Czy molo w Iseltwald jest p\u0142atne?<\/a><\/li><\/ul><\/li><\/ul><\/nav><\/div>\n<h3 class=\"wp-block-heading\"><span class=\"ez-toc-section\" id=\"Podsumowanie_dla_tych_ktorzy_nie_maja_czasu_czytac_calego_artykulu\"><\/span>Podsumowanie dla tych, kt\u00f3rzy nie maj\u0105 czasu czyta\u0107 ca\u0142ego artyku\u0142u<span class=\"ez-toc-section-end\"><\/span><\/h3>\n\n\n\n<ul class=\"wp-block-list\">\n<li><strong>B\u00f6nigen le\u017cy nad Jeziorem Brienckim<\/strong> i jest idealn\u0105, spokojn\u0105 baz\u0105 do odkrywania Berne\u0144skiego Oberlandu.<\/li>\n\n\n\n<li><strong>Interlaken Guest Card<\/strong> otrzymasz do noclegu i zapewni ci ona ca\u0142kowicie darmowe autobusy po okolicy.<\/li>\n\n\n\n<li><strong>Historyczne centrum<\/strong> jest pe\u0142ne chronionych drewnianych dom\u00f3w z XVI\u2013XVIII wieku.<\/li>\n\n\n\n<li><strong>K\u0105piel w jeziorze jest tylko dla mors\u00f3w<\/strong> \u2014 woda ma latem zwykle oko\u0142o 20 \u00b0C, ale miejscowa pla\u017ca ma podgrzewany basen.<\/li>\n\n\n\n<li><strong>Turystyka jest tu fenomenalna<\/strong> \u2014 prosto z wioski mo\u017cesz wyruszy\u0107 na Szlak Trzech Wodospad\u00f3w albo p\u0119tl\u0119 na Sytiberg.<\/li>\n\n\n\n<li>Na <strong>najpi\u0119kniejsze szlaki wyjedziesz kolejk\u0105<\/strong> \u2014 do jeziora Bachalpsee, na M\u00e4nnlichen albo parow\u0105 kolejk\u0105 z\u0119bat\u0105 na Brienzer Rothorn.<\/li>\n\n\n\n<li><strong>Nocleg z aneksem kuchennym<\/strong> pozwoli ci w Szwajcarii zaoszcz\u0119dzi\u0107 ogromne pieni\u0105dze na drogich restauracjach.<\/li>\n\n\n\n<li><strong>Najlepsze wycieczki w okolicy<\/strong> obejmuj\u0105 kolejk\u0119 na Harder Kulm, wodospady Giessbach i fotogeniczny Iseltwald.<\/li>\n<\/ul>\n\n\n\n<figure data-wp-context=\"{&quot;imageId&quot;:&quot;6a9544b899f74&quot;}\" data-wp-interactive=\"core\/image\" data-wp-key=\"6a9544b899f74\" class=\"wp-block-image size-full wp-lightbox-container\"><img decoding=\"async\" width=\"1800\" height=\"785\" data-wp-class--hide=\"state.isContentHidden\" data-wp-class--show=\"state.isContentVisible\" data-wp-init=\"callbacks.setButtonStyles\" data-wp-on--click=\"actions.showLightbox\" data-wp-on--load=\"callbacks.setButtonStyles\" data-wp-on--pointerdown=\"actions.preloadImage\" data-wp-on--pointerenter=\"actions.preloadImageWithDelay\" data-wp-on--pointerleave=\"actions.cancelPreload\" data-wp-on-window--resize=\"callbacks.setButtonStyles\" src=\"https:\/\/loudavymkrokem.cz\/wp-content\/uploads\/2026\/08\/articles-bonigen-02.jpg\" alt=\"Jezioro Brienckie z g\u00f3rskimi szczytami\" class=\"wp-image-404462\" title=\"\" srcset=\"https:\/\/loudavymkrokem.cz\/wp-content\/uploads\/2026\/08\/articles-bonigen-02.jpg 1800w, https:\/\/loudavymkrokem.cz\/wp-content\/uploads\/2026\/08\/articles-bonigen-02-300x131.jpg 300w, https:\/\/loudavymkrokem.cz\/wp-content\/uploads\/2026\/08\/articles-bonigen-02-700x305.jpg 700w, https:\/\/loudavymkrokem.cz\/wp-content\/uploads\/2026\/08\/articles-bonigen-02-768x335.jpg 768w, https:\/\/loudavymkrokem.cz\/wp-content\/uploads\/2026\/08\/articles-bonigen-02-1536x670.jpg 1536w, https:\/\/loudavymkrokem.cz\/wp-content\/uploads\/2026\/08\/articles-bonigen-02-696x304.jpg 696w, https:\/\/loudavymkrokem.cz\/wp-content\/uploads\/2026\/08\/articles-bonigen-02-1392x607.jpg 1392w\" sizes=\"(max-width: 1800px) 100vw, 1800px\" \/><button\n\t\t\tclass=\"lightbox-trigger\"\n\t\t\ttype=\"button\"\n\t\t\taria-haspopup=\"dialog\"\n\t\t\tdata-wp-bind--aria-label=\"state.thisImage.triggerButtonAriaLabel\"\n\t\t\tdata-wp-init=\"callbacks.initTriggerButton\"\n\t\t\tdata-wp-on--click=\"actions.showLightbox\"\n\t\t\tdata-wp-style--right=\"state.thisImage.buttonRight\"\n\t\t\tdata-wp-style--top=\"state.thisImage.buttonTop\"\n\t\t>\n\t\t\t<svg xmlns=\"http:\/\/www.w3.org\/2000\/svg\" width=\"12\" height=\"12\" fill=\"none\" viewBox=\"0 0 12 12\">\n\t\t\t\t<path fill=\"#fff\" d=\"M2 0a2 2 0 0 0-2 2v2h1.5V2a.5.5 0 0 1 .5-.5h2V0H2Zm2 10.5H2a.5.5 0 0 1-.5-.5V8H0v2a2 2 0 0 0 2 2h2v-1.5ZM8 12v-1.5h2a.5.5 0 0 0 .5-.5V8H12v2a2 2 0 0 1-2 2H8Zm2-12a2 2 0 0 1 2 2v2h-1.5V2a.5.5 0 0 0-.5-.5H8V0h2Z\" \/>\n\t\t\t<\/svg>\n\t\t<\/button><figcaption class=\"wp-element-caption\">Foto: Adrian Farwell \/ Wikimedia Commons, CC BY 3.0<\/figcaption><\/figure>\n\n\n\n<h2 class=\"wp-block-heading\"><span class=\"ez-toc-section\" id=\"Kiedy_jechac_do_Bonigen_i_jak_tu_dotrzec\"><\/span>Kiedy jecha\u0107 do B\u00f6nigen i jak tu dotrze\u0107<span class=\"ez-toc-section-end\"><\/span><\/h2>\n\n\n\n<p class=\"wp-block-paragraph\">G\u0142\u00f3wny sezon turystyczny w Berne\u0144skim Oberlandzie trwa od <strong>maja do wrze\u015bnia<\/strong>, kiedy dzienne temperatury w dolinie si\u0119gaj\u0105 przyjemnych <strong>24 \u00b0C<\/strong>. Musisz jednak pami\u0119ta\u0107, \u017ce jeste\u015b w g\u00f3rach, wi\u0119c nawet w \u015brodku lata spadnie tu kilka kropli deszczu. Statystycznie pada tu przez mniej wi\u0119cej <strong>9 do 12 dni w miesi\u0105cu<\/strong>, dlatego warto mie\u0107 w plecaku zawsze przygotowan\u0105 kurtk\u0119 przeciwdeszczow\u0105.<\/p>\n\n\n\n<p class=\"wp-block-paragraph\">Je\u015bli cieszysz si\u0119 na k\u0105piel, <strong>temperatura wody w Jeziorze Brienckim<\/strong> mo\u017ce ci\u0119 troch\u0119 zaskoczy\u0107. Jezioro jest pochodzenia polodowcowego, bardzo g\u0142\u0119bokie i nawet w najcieplejszym sierpniu woda ma zwykle jedynie <strong>18 do 22 \u00b0C<\/strong>. Wrzesie\u0144 z 15 do 19 \u00b0C nadaje si\u0119 ju\u017c raczej dla mors\u00f3w. K\u0105pielisko The Beach jest na szcz\u0119\u015bcie otwarte od po\u0142owy maja do po\u0142owy wrze\u015bnia i oferuje te\u017c podgrzewan\u0105 alternatyw\u0119.<\/p>\n\n\n\n<p class=\"wp-block-paragraph\">Dojazd do wioski jest niesamowicie prosty dzi\u0119ki szwajcarskiej precyzji. Poci\u0105giem dotrzesz z Zurychu (w nieca\u0142e dwie godziny) albo z Berna wprost na dworzec <strong>Interlaken Ost<\/strong>. Stamt\u0105d kursuje <strong>linia autobusowa 103<\/strong>, kt\u00f3ra dowiezie ci\u0119 do centrum B\u00f6nigen w zaledwie 9 minut. Autobusy je\u017cd\u017c\u0105 co p\u00f3\u0142 godziny i zatrzymuj\u0105 si\u0119 wprost nad brzegiem oraz w centrum wioski.<\/p>\n\n\n\n<p class=\"wp-block-paragraph\">A teraz najlepsza wiadomo\u015b\u0107: <strong>Interlaken Guest Card<\/strong>, kt\u00f3r\u0105 otrzymasz do noclegu, zapewni ci przejazdy lokalnym <strong>transportem publicznym ca\u0142kowicie za darmo<\/strong>, w tym wspomnianym autobusem numer 103. Kto wi\u0119c mieszka w B\u00f6nigen, je\u017adzi do Interlakenu albo do s\u0105siedniego Iseltwaldu zupe\u0142nie bez p\u0142acenia.<\/p>\n\n\n\n<figure data-wp-context=\"{&quot;imageId&quot;:&quot;6a9544b89a711&quot;}\" data-wp-interactive=\"core\/image\" data-wp-key=\"6a9544b89a711\" class=\"wp-block-image size-full wp-lightbox-container\"><img decoding=\"async\" width=\"1800\" height=\"1125\" data-wp-class--hide=\"state.isContentHidden\" data-wp-class--show=\"state.isContentVisible\" data-wp-init=\"callbacks.setButtonStyles\" data-wp-on--click=\"actions.showLightbox\" data-wp-on--load=\"callbacks.setButtonStyles\" data-wp-on--pointerdown=\"actions.preloadImage\" data-wp-on--pointerenter=\"actions.preloadImageWithDelay\" data-wp-on--pointerleave=\"actions.cancelPreload\" data-wp-on-window--resize=\"callbacks.setButtonStyles\" src=\"https:\/\/loudavymkrokem.cz\/wp-content\/uploads\/2026\/08\/articles-bonigen-03.jpg\" alt=\"Nabrze\u017ce w B\u00f6nigen nad Jeziorem Brienckim\" class=\"wp-image-404464\" title=\"\" srcset=\"https:\/\/loudavymkrokem.cz\/wp-content\/uploads\/2026\/08\/articles-bonigen-03.jpg 1800w, https:\/\/loudavymkrokem.cz\/wp-content\/uploads\/2026\/08\/articles-bonigen-03-300x188.jpg 300w, https:\/\/loudavymkrokem.cz\/wp-content\/uploads\/2026\/08\/articles-bonigen-03-700x438.jpg 700w, https:\/\/loudavymkrokem.cz\/wp-content\/uploads\/2026\/08\/articles-bonigen-03-768x480.jpg 768w, https:\/\/loudavymkrokem.cz\/wp-content\/uploads\/2026\/08\/articles-bonigen-03-1536x960.jpg 1536w, https:\/\/loudavymkrokem.cz\/wp-content\/uploads\/2026\/08\/articles-bonigen-03-696x435.jpg 696w, https:\/\/loudavymkrokem.cz\/wp-content\/uploads\/2026\/08\/articles-bonigen-03-1392x870.jpg 1392w\" sizes=\"(max-width: 1800px) 100vw, 1800px\" \/><button\n\t\t\tclass=\"lightbox-trigger\"\n\t\t\ttype=\"button\"\n\t\t\taria-haspopup=\"dialog\"\n\t\t\tdata-wp-bind--aria-label=\"state.thisImage.triggerButtonAriaLabel\"\n\t\t\tdata-wp-init=\"callbacks.initTriggerButton\"\n\t\t\tdata-wp-on--click=\"actions.showLightbox\"\n\t\t\tdata-wp-style--right=\"state.thisImage.buttonRight\"\n\t\t\tdata-wp-style--top=\"state.thisImage.buttonTop\"\n\t\t>\n\t\t\t<svg xmlns=\"http:\/\/www.w3.org\/2000\/svg\" width=\"12\" height=\"12\" fill=\"none\" viewBox=\"0 0 12 12\">\n\t\t\t\t<path fill=\"#fff\" d=\"M2 0a2 2 0 0 0-2 2v2h1.5V2a.5.5 0 0 1 .5-.5h2V0H2Zm2 10.5H2a.5.5 0 0 1-.5-.5V8H0v2a2 2 0 0 0 2 2h2v-1.5ZM8 12v-1.5h2a.5.5 0 0 0 .5-.5V8H12v2a2 2 0 0 1-2 2H8Zm2-12a2 2 0 0 1 2 2v2h-1.5V2a.5.5 0 0 0-.5-.5H8V0h2Z\" \/>\n\t\t\t<\/svg>\n\t\t<\/button><figcaption class=\"wp-element-caption\">Foto: JoachimKohler-HB \/ Wikimedia Commons, CC BY-SA 4.0<\/figcaption><\/figure>\n\n\n\n<h2 class=\"wp-block-heading\"><span class=\"ez-toc-section\" id=\"Gdzie_sie_zatrzymac_w_Bonigen_i_ile_to_kosztuje\"><\/span>Gdzie si\u0119 zatrzyma\u0107 w B\u00f6nigen i ile to kosztuje<span class=\"ez-toc-section-end\"><\/span><\/h2>\n\n\n\n<p class=\"wp-block-paragraph\"><em>\ud83d\udca1 Wskaz\u00f3wka na nocleg i atrakcje: Noclegi w okolicy <a href=\"https:\/\/www.stay22.com\/allez\/roam?aid=lukaskonecny&amp;campaign=loudavymkrokemcz&amp;address=Bonigen\" target=\"_blank\" rel=\"nofollow noopener sponsored\">por\u00f3wnujemy tutaj<\/a>, \u017ceby by\u0142o wida\u0107, co jest wolne i za ile. Najch\u0119tniej szukamy ich na <a href=\"https:\/\/www.booking.com\/searchresults.html?ss=Bonigen&amp;aid=2397601\" target=\"_blank\" rel=\"nofollow noopener sponsored\">Booking.com<\/a>, gdzie zwykle s\u0105 najlepsze warunki anulacji. Bilety, wycieczki i atrakcje warto potem por\u00f3wna\u0107 i kupi\u0107 przez <a href=\"https:\/\/www.getyourguide.com\/s\/?q=Bonigen&amp;partner_id=MKZ64IS\" target=\"_blank\" rel=\"nofollow noopener sponsored\">GetYourGuide<\/a>.<\/em><\/p>\n\n\n\n<p class=\"wp-block-paragraph\">Nocleg wprost w B\u00f6nigen to najm\u0105drzejszy ruch, jaki mo\u017cesz wykona\u0107 podczas planowania urlopu w Szwajcarii. Podczas gdy s\u0105siedni Interlaken jest cz\u0119sto przep\u0142acony i pe\u0142en ha\u0142a\u015bliwych grup turystycznych, tutaj znajdziesz <strong>autentyczny spok\u00f3j i znacznie przyja\u017aniejsze ceny<\/strong>. Autobusem jeste\u015b przy tym w centrum wydarze\u0144 w nieca\u0142e dziesi\u0119\u0107 minut.<\/p>\n\n\n\n<p class=\"wp-block-paragraph\">W Szwajcarii niesamowicie <strong>op\u0142aca si\u0119 te\u017c nocleg z w\u0142asnym aneksem kuchennym<\/strong>. Ceny w restauracjach s\u0105 astronomiczne, wi\u0119c mo\u017cliwo\u015b\u0107 ugotowania w\u0142asnej kolacji albo przygotowania przek\u0105ski na szlak obni\u017cy tw\u00f3j bud\u017cet o setki z\u0142otych. Nie zapomnij jednak <strong>rezerwowa\u0107 z ogromnym wyprzedzeniem<\/strong>, poniewa\u017c w sezonie letnim najlepsze miejsca bywaj\u0105 wyprzedane d\u0142ugie miesi\u0105ce naprz\u00f3d.<\/p>\n\n\n\n<p class=\"wp-block-paragraph\">Oto konkretne propozycje \u015bwietnych nocleg\u00f3w wed\u0142ug recenzji podr\u00f3\u017cnik\u00f3w:<\/p>\n\n\n\n<ul class=\"wp-block-list\">\n<li><strong><a href=\"https:\/\/www.stay22.com\/allez\/roam?aid=lukaskonecny&amp;campaign=loudavymkrokemcz&amp;campaign=bonigen&amp;hotelname=Hotel%20Seiler%20au%20Lac&amp;address=B%C3%B6nigen%2C%20%C5%A0v%C3%BDcarsko\" target=\"_blank\" rel=\"noopener nofollow sponsored\">Hotel Seiler au Lac<\/a>:<\/strong> Hotel Seiler au Lac stoi wprost nad brzegiem, a parowiec zatrzymuje si\u0119 przed samymi drzwiami, wi\u0119c nawet nie musisz si\u0119 g\u0142owi\u0107, jak dosta\u0107 si\u0119 na statek. Czterdzie\u015bci pokoi, widok na g\u00f3ry i wod\u0119 \u2014 to w\u0142a\u015bciwy adres, je\u015bli chcesz by\u0107 w centrum wydarze\u0144.<\/li>\n\n\n\n<li><strong><a href=\"https:\/\/www.stay22.com\/allez\/roam?aid=lukaskonecny&amp;campaign=loudavymkrokemcz&amp;campaign=bonigen&amp;hotelname=Seehotel%20B%C3%B6nigen&amp;address=B%C3%B6nigen%2C%20%C5%A0v%C3%BDcarsko\" target=\"_blank\" rel=\"noopener nofollow sponsored\">Seehotel B\u00f6nigen<\/a>:<\/strong> \u015awietny <strong>rodzinny wyb\u00f3r z panoramicznym widokiem<\/strong>, oferuj\u0105cy spokojniejsz\u0105 atmosfer\u0119 i w\u0142asn\u0105 cenion\u0105 restauracj\u0119. Go\u015bcie bardzo chwal\u0105 sobie osobiste podej\u015bcie w\u0142a\u015bcicieli i obfite \u015bniadania.<\/li>\n\n\n\n<li><strong><a href=\"https:\/\/www.stay22.com\/allez\/roam?aid=lukaskonecny&amp;campaign=loudavymkrokemcz&amp;campaign=bonigen&amp;hotelname=TCS%20Camping%20B%C3%B6nigen%20Brienzersee&amp;address=B%C3%B6nigen%2C%20%C5%A0v%C3%BDcarsko\" target=\"_blank\" rel=\"noopener nofollow sponsored\">TCS Camping B\u00f6nigen Brienzersee<\/a>:<\/strong> Idealna <strong>bud\u017cetowa opcja z najlepsz\u0105 lokalizacj\u0105 w miejscowo\u015bci<\/strong> \u2014 wprost nad jeziorem i 200 metr\u00f3w od pla\u017cy. Uwa\u017caj jednak na dwie rzeczy: <strong>na kempingu nie ma basenu ani zje\u017cd\u017calni<\/strong> (tylko brodzik), a z podej\u015bciem personelu do rodzin z maluchami mamy w\u0142asne z\u0142e do\u015bwiadczenie, kt\u00f3re opisuj\u0119 ni\u017cej.<\/li>\n\n\n\n<li><strong><a href=\"https:\/\/www.stay22.com\/allez\/roam?aid=lukaskonecny&amp;campaign=loudavymkrokemcz&amp;campaign=bonigen&amp;hotelname=Mountain%20and%20Lake&amp;address=B%C3%B6nigen%2C%20%C5%A0v%C3%BDcarsko\" target=\"_blank\" rel=\"noopener nofollow sponsored\">Mountain and Lake<\/a>:<\/strong> Fantastycznie oceniany <strong>prywatny apartament z w pe\u0142ni wyposa\u017con\u0105 kuchni\u0105<\/strong>, kt\u00f3ry zapewni ci maksymaln\u0105 niezale\u017cno\u015b\u0107. Ma pi\u0119kny taras i wed\u0142ug recenzji jest to idealne miejsce na d\u0142u\u017cszy pobyt z gotowaniem we w\u0142asnym zakresie.<\/li>\n\n\n\n<li><strong><a href=\"https:\/\/www.stay22.com\/allez\/roam?aid=lukaskonecny&amp;campaign=loudavymkrokemcz&amp;campaign=bonigen&amp;hotelname=Walida&amp;address=B%C3%B6nigen%2C%20%C5%A0v%C3%BDcarsko\" target=\"_blank\" rel=\"noopener nofollow sponsored\">Walida<\/a>:<\/strong> Prostszy, ale bardzo <strong>przyjemny hotel w rozs\u0105dnej cenie<\/strong>, gdzie uciesz\u0105 ci\u0119 balkony z widokiem na alpejskie szczyty. Go\u015bcie doceniaj\u0105 czysto\u015b\u0107 i przytuln\u0105, domow\u0105 atmosfer\u0119.<\/li>\n<\/ul>\n\n\n\n<figure data-wp-context=\"{&quot;imageId&quot;:&quot;6a9544b89b08d&quot;}\" data-wp-interactive=\"core\/image\" data-wp-key=\"6a9544b89b08d\" class=\"wp-block-image size-full wp-lightbox-container\"><img decoding=\"async\" width=\"1800\" height=\"1350\" data-wp-class--hide=\"state.isContentHidden\" data-wp-class--show=\"state.isContentVisible\" data-wp-init=\"callbacks.setButtonStyles\" data-wp-on--click=\"actions.showLightbox\" data-wp-on--load=\"callbacks.setButtonStyles\" data-wp-on--pointerdown=\"actions.preloadImage\" data-wp-on--pointerenter=\"actions.preloadImageWithDelay\" data-wp-on--pointerleave=\"actions.cancelPreload\" data-wp-on-window--resize=\"callbacks.setButtonStyles\" src=\"https:\/\/loudavymkrokem.cz\/wp-content\/uploads\/2026\/08\/articles-bonigen-04.jpg\" alt=\"B\u00f6nigen i jego nabrze\u017ce nad Jeziorem Brienckim\" class=\"wp-image-404465\" title=\"\" srcset=\"https:\/\/loudavymkrokem.cz\/wp-content\/uploads\/2026\/08\/articles-bonigen-04.jpg 1800w, https:\/\/loudavymkrokem.cz\/wp-content\/uploads\/2026\/08\/articles-bonigen-04-300x225.jpg 300w, https:\/\/loudavymkrokem.cz\/wp-content\/uploads\/2026\/08\/articles-bonigen-04-700x525.jpg 700w, https:\/\/loudavymkrokem.cz\/wp-content\/uploads\/2026\/08\/articles-bonigen-04-768x576.jpg 768w, https:\/\/loudavymkrokem.cz\/wp-content\/uploads\/2026\/08\/articles-bonigen-04-1536x1152.jpg 1536w, https:\/\/loudavymkrokem.cz\/wp-content\/uploads\/2026\/08\/articles-bonigen-04-80x60.jpg 80w, https:\/\/loudavymkrokem.cz\/wp-content\/uploads\/2026\/08\/articles-bonigen-04-160x120.jpg 160w, https:\/\/loudavymkrokem.cz\/wp-content\/uploads\/2026\/08\/articles-bonigen-04-696x522.jpg 696w, https:\/\/loudavymkrokem.cz\/wp-content\/uploads\/2026\/08\/articles-bonigen-04-1392x1044.jpg 1392w\" sizes=\"(max-width: 1800px) 100vw, 1800px\" \/><button\n\t\t\tclass=\"lightbox-trigger\"\n\t\t\ttype=\"button\"\n\t\t\taria-haspopup=\"dialog\"\n\t\t\tdata-wp-bind--aria-label=\"state.thisImage.triggerButtonAriaLabel\"\n\t\t\tdata-wp-init=\"callbacks.initTriggerButton\"\n\t\t\tdata-wp-on--click=\"actions.showLightbox\"\n\t\t\tdata-wp-style--right=\"state.thisImage.buttonRight\"\n\t\t\tdata-wp-style--top=\"state.thisImage.buttonTop\"\n\t\t>\n\t\t\t<svg xmlns=\"http:\/\/www.w3.org\/2000\/svg\" width=\"12\" height=\"12\" fill=\"none\" viewBox=\"0 0 12 12\">\n\t\t\t\t<path fill=\"#fff\" d=\"M2 0a2 2 0 0 0-2 2v2h1.5V2a.5.5 0 0 1 .5-.5h2V0H2Zm2 10.5H2a.5.5 0 0 1-.5-.5V8H0v2a2 2 0 0 0 2 2h2v-1.5ZM8 12v-1.5h2a.5.5 0 0 0 .5-.5V8H12v2a2 2 0 0 1-2 2H8Zm2-12a2 2 0 0 1 2 2v2h-1.5V2a.5.5 0 0 0-.5-.5H8V0h2Z\" \/>\n\t\t\t<\/svg>\n\t\t<\/button><figcaption class=\"wp-element-caption\">Foto: Sven Huls \/ Pexels<\/figcaption><\/figure>\n\n\n\n<h2 class=\"wp-block-heading\"><span class=\"ez-toc-section\" id=\"Prosto_w_Bonigen_6_pomyslow_co_zobaczyc_i_robic_nad_woda\"><\/span>Prosto w B\u00f6nigen: 6 pomys\u0142\u00f3w, co zobaczy\u0107 i robi\u0107 nad wod\u0105<span class=\"ez-toc-section-end\"><\/span><\/h2>\n\n\n\n<p class=\"wp-block-paragraph\">Sama wioska jest idealnym <strong>miejscem na leniwe dni<\/strong>, kiedy nie chce ci si\u0119 wspina\u0107 w wysokie g\u00f3ry. Mo\u017cesz tu po prostu w\u0142\u00f3czy\u0107 si\u0119 w\u0105skimi uliczkami, podziwia\u0107 kunszt dawnych mistrz\u00f3w cie\u015bli albo sp\u0119dza\u0107 czas wprost nad <strong>brzegiem turkusowego jeziora<\/strong>.<\/p>\n\n\n\n<p class=\"wp-block-paragraph\">Znajdziesz tu idealne po\u0142\u0105czenie historii i aktywno\u015bci wodnych, kt\u00f3re zajm\u0105 ci\u0119 na co najmniej jeden ca\u0142y weekend. Wszystko jest tu na dodatek <strong>pi\u0119knie pod r\u0119k\u0105 i w zasi\u0119gu spaceru<\/strong>, wi\u0119c auto mo\u017cesz spokojnie zostawi\u0107 zaparkowane przy hotelu.<\/p>\n\n\n\n<p class=\"wp-block-paragraph\">\ud83d\udca1 Wskaz\u00f3wka: Wi\u0119kszo\u015b\u0107 atrakcji w okolicy (rejsy po jeziorze, wycieczki kajakowe, przeja\u017cd\u017cki jetboatem i wyprawy na Jungfraujoch) mo\u017cesz zarezerwowa\u0107 z wyprzedzeniem na <a href=\"https:\/\/www.getyourguide.com\/s\/?q=Interlaken%20Lake%20Brienz&amp;partner_id=MKZ64IS\" target=\"_blank\" rel=\"nofollow noopener sponsored\">GetYourGuide<\/a>. W szczycie sezonu popularne terminy zape\u0142niaj\u0105 si\u0119 nawet kilka dni naprz\u00f3d.<\/p>\n\n\n\n<figure data-wp-context=\"{&quot;imageId&quot;:&quot;6a9544b89b6e6&quot;}\" data-wp-interactive=\"core\/image\" data-wp-key=\"6a9544b89b6e6\" class=\"wp-block-image size-full wp-lightbox-container\"><img decoding=\"async\" width=\"1800\" height=\"1350\" data-wp-class--hide=\"state.isContentHidden\" data-wp-class--show=\"state.isContentVisible\" data-wp-init=\"callbacks.setButtonStyles\" data-wp-on--click=\"actions.showLightbox\" data-wp-on--load=\"callbacks.setButtonStyles\" data-wp-on--pointerdown=\"actions.preloadImage\" data-wp-on--pointerenter=\"actions.preloadImageWithDelay\" data-wp-on--pointerleave=\"actions.cancelPreload\" data-wp-on-window--resize=\"callbacks.setButtonStyles\" src=\"https:\/\/loudavymkrokem.cz\/wp-content\/uploads\/2026\/08\/articles-bonigen-05.jpg\" alt=\"Historyczny rze\u017abiony drewniany dom w B\u00f6nigen\" class=\"wp-image-404467\" title=\"\" srcset=\"https:\/\/loudavymkrokem.cz\/wp-content\/uploads\/2026\/08\/articles-bonigen-05.jpg 1800w, https:\/\/loudavymkrokem.cz\/wp-content\/uploads\/2026\/08\/articles-bonigen-05-300x225.jpg 300w, https:\/\/loudavymkrokem.cz\/wp-content\/uploads\/2026\/08\/articles-bonigen-05-700x525.jpg 700w, https:\/\/loudavymkrokem.cz\/wp-content\/uploads\/2026\/08\/articles-bonigen-05-768x576.jpg 768w, https:\/\/loudavymkrokem.cz\/wp-content\/uploads\/2026\/08\/articles-bonigen-05-1536x1152.jpg 1536w, https:\/\/loudavymkrokem.cz\/wp-content\/uploads\/2026\/08\/articles-bonigen-05-80x60.jpg 80w, https:\/\/loudavymkrokem.cz\/wp-content\/uploads\/2026\/08\/articles-bonigen-05-160x120.jpg 160w, https:\/\/loudavymkrokem.cz\/wp-content\/uploads\/2026\/08\/articles-bonigen-05-696x522.jpg 696w, https:\/\/loudavymkrokem.cz\/wp-content\/uploads\/2026\/08\/articles-bonigen-05-1392x1044.jpg 1392w\" sizes=\"(max-width: 1800px) 100vw, 1800px\" \/><button\n\t\t\tclass=\"lightbox-trigger\"\n\t\t\ttype=\"button\"\n\t\t\taria-haspopup=\"dialog\"\n\t\t\tdata-wp-bind--aria-label=\"state.thisImage.triggerButtonAriaLabel\"\n\t\t\tdata-wp-init=\"callbacks.initTriggerButton\"\n\t\t\tdata-wp-on--click=\"actions.showLightbox\"\n\t\t\tdata-wp-style--right=\"state.thisImage.buttonRight\"\n\t\t\tdata-wp-style--top=\"state.thisImage.buttonTop\"\n\t\t>\n\t\t\t<svg xmlns=\"http:\/\/www.w3.org\/2000\/svg\" width=\"12\" height=\"12\" fill=\"none\" viewBox=\"0 0 12 12\">\n\t\t\t\t<path fill=\"#fff\" d=\"M2 0a2 2 0 0 0-2 2v2h1.5V2a.5.5 0 0 1 .5-.5h2V0H2Zm2 10.5H2a.5.5 0 0 1-.5-.5V8H0v2a2 2 0 0 0 2 2h2v-1.5ZM8 12v-1.5h2a.5.5 0 0 0 .5-.5V8H12v2a2 2 0 0 1-2 2H8Zm2-12a2 2 0 0 1 2 2v2h-1.5V2a.5.5 0 0 0-.5-.5H8V0h2Z\" \/>\n\t\t\t<\/svg>\n\t\t<\/button><figcaption class=\"wp-element-caption\">Foto: Freek Wolsink \/ Pexels<\/figcaption><\/figure>\n\n\n\n<h3 class=\"wp-block-heading\"><span class=\"ez-toc-section\" id=\"1_Historyczne_drewniane_domy_i_Hauserweg\"><\/span>1. Historyczne drewniane domy i H\u00e4userweg<span class=\"ez-toc-section-end\"><\/span><\/h3>\n\n\n\n<p class=\"wp-block-paragraph\">Serce wioski tworzy unikalny zesp\u00f3\u0142 <strong>rze\u017abionych drewnianych dom\u00f3w z XVI\u2013XIX wieku<\/strong>. B\u00f6nigen mia\u0142 w historii ogromne szcz\u0119\u015bcie, \u017ce nigdy nie nawiedzi\u0142 go wielki niszczycielski po\u017car. Dzi\u0119ki temu zachowa\u0142a si\u0119 tu ci\u0105g\u0142a zabudowa z ka\u017cdego okresu budowlanego od 1549 roku, co w Szwajcarii jest ogromn\u0105 rzadko\u015bci\u0105.<\/p>\n\n\n\n<p class=\"wp-block-paragraph\">Podczas spaceru \u015bcie\u017ck\u0105 edukacyjn\u0105 <strong>Historischer H\u00e4userweg<\/strong> zachwyci ci\u0119 szczeg\u00f3\u0142owa praca snycerska na fasadach. Zobaczysz misterne ornamenty, stare napisy i precyzyjnie ukszta\u0142towane balkony. Do trasy dost\u0119pny jest interaktywny przewodnik SmartTrail, kt\u00f3ry \u0142atwo pobierzesz na telefon i kt\u00f3ry zdradzi ci historie poszczeg\u00f3lnych rodzin.<\/p>\n\n\n\n<p class=\"wp-block-paragraph\">Najbardziej znan\u0105 budowl\u0105 jest tak zwany <strong>Housihuus z 1757 roku<\/strong>, kt\u00f3ry s\u0142u\u017cy\u0142 jako pierwsza miejscowa gospoda. Ma wr\u0119cz kr\u00f3lewsk\u0105 histori\u0119, bo w 1808 roku nocowa\u0142 tu wirtemberski kr\u00f3l Friedrich. Na uwag\u0119 zas\u0142uguje te\u017c stary spichlerz Christi&#8217;s Spycher z 1746 roku, kt\u00f3ry pokazuje, jak dawniej przechowywano cenne zapasy jedzenia.<\/p>\n\n\n\n<p class=\"wp-block-paragraph\">\ud83d\udca1 Wskaz\u00f3wka: Ka\u017cdego ranka o 9:15 przed <a href=\"https:\/\/www.boenigen-iseltwald.ch\" target=\"_blank\" rel=\"nofollow noopener\">biurem informacji turystycznej<\/a> odbywaj\u0105 si\u0119 <strong>oprowadzania po wiosce z przewodnikiem<\/strong>. To \u015bwietna okazja, by od miejscowych dowiedzie\u0107 si\u0119 smaczk\u00f3w, kt\u00f3rych nie znajdziesz w \u017cadnym drukowanym przewodniku.<\/p>\n\n\n\n<figure data-wp-context=\"{&quot;imageId&quot;:&quot;6a9544b89bca0&quot;}\" data-wp-interactive=\"core\/image\" data-wp-key=\"6a9544b89bca0\" class=\"wp-block-image size-full wp-lightbox-container\"><img decoding=\"async\" width=\"1800\" height=\"1341\" data-wp-class--hide=\"state.isContentHidden\" data-wp-class--show=\"state.isContentVisible\" data-wp-init=\"callbacks.setButtonStyles\" data-wp-on--click=\"actions.showLightbox\" data-wp-on--load=\"callbacks.setButtonStyles\" data-wp-on--pointerdown=\"actions.preloadImage\" data-wp-on--pointerenter=\"actions.preloadImageWithDelay\" data-wp-on--pointerleave=\"actions.cancelPreload\" data-wp-on-window--resize=\"callbacks.setButtonStyles\" src=\"https:\/\/loudavymkrokem.cz\/wp-content\/uploads\/2026\/08\/articles-bonigen-06.jpg\" alt=\"Wn\u0119trze tradycyjnego domu oberlandzkiego\" class=\"wp-image-404469\" title=\"\" srcset=\"https:\/\/loudavymkrokem.cz\/wp-content\/uploads\/2026\/08\/articles-bonigen-06.jpg 1800w, https:\/\/loudavymkrokem.cz\/wp-content\/uploads\/2026\/08\/articles-bonigen-06-300x224.jpg 300w, https:\/\/loudavymkrokem.cz\/wp-content\/uploads\/2026\/08\/articles-bonigen-06-700x522.jpg 700w, https:\/\/loudavymkrokem.cz\/wp-content\/uploads\/2026\/08\/articles-bonigen-06-768x572.jpg 768w, https:\/\/loudavymkrokem.cz\/wp-content\/uploads\/2026\/08\/articles-bonigen-06-1536x1144.jpg 1536w, https:\/\/loudavymkrokem.cz\/wp-content\/uploads\/2026\/08\/articles-bonigen-06-80x60.jpg 80w, https:\/\/loudavymkrokem.cz\/wp-content\/uploads\/2026\/08\/articles-bonigen-06-160x120.jpg 160w, https:\/\/loudavymkrokem.cz\/wp-content\/uploads\/2026\/08\/articles-bonigen-06-696x519.jpg 696w, https:\/\/loudavymkrokem.cz\/wp-content\/uploads\/2026\/08\/articles-bonigen-06-1392x1037.jpg 1392w\" sizes=\"(max-width: 1800px) 100vw, 1800px\" \/><button\n\t\t\tclass=\"lightbox-trigger\"\n\t\t\ttype=\"button\"\n\t\t\taria-haspopup=\"dialog\"\n\t\t\tdata-wp-bind--aria-label=\"state.thisImage.triggerButtonAriaLabel\"\n\t\t\tdata-wp-init=\"callbacks.initTriggerButton\"\n\t\t\tdata-wp-on--click=\"actions.showLightbox\"\n\t\t\tdata-wp-style--right=\"state.thisImage.buttonRight\"\n\t\t\tdata-wp-style--top=\"state.thisImage.buttonTop\"\n\t\t>\n\t\t\t<svg xmlns=\"http:\/\/www.w3.org\/2000\/svg\" width=\"12\" height=\"12\" fill=\"none\" viewBox=\"0 0 12 12\">\n\t\t\t\t<path fill=\"#fff\" d=\"M2 0a2 2 0 0 0-2 2v2h1.5V2a.5.5 0 0 1 .5-.5h2V0H2Zm2 10.5H2a.5.5 0 0 1-.5-.5V8H0v2a2 2 0 0 0 2 2h2v-1.5ZM8 12v-1.5h2a.5.5 0 0 0 .5-.5V8H12v2a2 2 0 0 1-2 2H8Zm2-12a2 2 0 0 1 2 2v2h-1.5V2a.5.5 0 0 0-.5-.5H8V0h2Z\" \/>\n\t\t\t<\/svg>\n\t\t<\/button><figcaption class=\"wp-element-caption\">Foto: Abhishek  Navlakha \/ Pexels<\/figcaption><\/figure>\n\n\n\n<h3 class=\"wp-block-heading\"><span class=\"ez-toc-section\" id=\"2_Muzeum_wiejskie_Dorfmuseum_%E2%80%9Ealte_Pinte%E2%80%9D\"><\/span>2. Muzeum wiejskie Dorfmuseum \u201ealte Pinte&#8221;<span class=\"ez-toc-section-end\"><\/span><\/h3>\n\n\n\n<p class=\"wp-block-paragraph\">Je\u015bli chcesz zobaczy\u0107, jak w takich drewnianych domach realnie si\u0119 \u017cy\u0142o, musisz zajrze\u0107 do miejscowego muzeum. Mie\u015bci si\u0119 w pi\u0119knie zachowanym <strong>domu z 1772 roku<\/strong> i tchnie na ciebie atmosfer\u0105 dawnych czas\u00f3w, kiedy \u017cycie w g\u00f3rach by\u0142o znacznie twardsze ni\u017c dzi\u015b.<\/p>\n\n\n\n<p class=\"wp-block-paragraph\">Ekspozycja pokazuje typowe oberlandzkie mieszkanie w najdrobniejszych szczeg\u00f3\u0142ach. Znajdziesz tu <strong>historyczne meble i przedmioty z lat 1730\u20131920<\/strong>, od starych ko\u0142owrotk\u00f3w po r\u0119cznie malowane skrzynie posagowe. Fascynuj\u0105ce jest zobaczy\u0107, jak po mistrzowsku miejscowi rzemie\u015blnicy potrafili pracowa\u0107 z drewnem.<\/p>\n\n\n\n<p class=\"wp-block-paragraph\">Zwiedzanie zajmie ci nie wi\u0119cej ni\u017c godzin\u0119, ale zyskasz dzi\u0119ki niemu ogromny <strong>szacunek dla miejscowej kultury i tradycji<\/strong>. Dowiesz si\u0119, jak dawniej palono w piecu, jak przetwarzano mleko z g\u00f3rskich hal i jak wygl\u0105da\u0142a codzienna rutyna zwyk\u0142ej szwajcarskiej rodziny.<\/p>\n\n\n\n<p class=\"wp-block-paragraph\">\ud83d\udca1 Wskaz\u00f3wka: <strong>Godziny otwarcia muzeum<\/strong> bywaj\u0105 <strong>poza sezonem do\u015b\u0107 ograniczone<\/strong>, dlatego sprawd\u017a wcze\u015bniej na stronie, w kt\u00f3re dni akurat maj\u0105 otwarte, \u017ceby\u015b nie sta\u0142 przed zamkni\u0119tymi drzwiami.<\/p>\n\n\n\n<figure data-wp-context=\"{&quot;imageId&quot;:&quot;6a9544b89c21a&quot;}\" data-wp-interactive=\"core\/image\" data-wp-key=\"6a9544b89c21a\" class=\"wp-block-image size-full wp-lightbox-container\"><img decoding=\"async\" width=\"1800\" height=\"1350\" data-wp-class--hide=\"state.isContentHidden\" data-wp-class--show=\"state.isContentVisible\" data-wp-init=\"callbacks.setButtonStyles\" data-wp-on--click=\"actions.showLightbox\" data-wp-on--load=\"callbacks.setButtonStyles\" data-wp-on--pointerdown=\"actions.preloadImage\" data-wp-on--pointerenter=\"actions.preloadImageWithDelay\" data-wp-on--pointerleave=\"actions.cancelPreload\" data-wp-on-window--resize=\"callbacks.setButtonStyles\" src=\"https:\/\/loudavymkrokem.cz\/wp-content\/uploads\/2026\/08\/articles-bonigen-07.jpg\" alt=\"B\u00f6nigen z pok\u0142adu statku na Jeziorze Brienckim\" class=\"wp-image-404470\" title=\"\" srcset=\"https:\/\/loudavymkrokem.cz\/wp-content\/uploads\/2026\/08\/articles-bonigen-07.jpg 1800w, https:\/\/loudavymkrokem.cz\/wp-content\/uploads\/2026\/08\/articles-bonigen-07-300x225.jpg 300w, https:\/\/loudavymkrokem.cz\/wp-content\/uploads\/2026\/08\/articles-bonigen-07-700x525.jpg 700w, https:\/\/loudavymkrokem.cz\/wp-content\/uploads\/2026\/08\/articles-bonigen-07-768x576.jpg 768w, https:\/\/loudavymkrokem.cz\/wp-content\/uploads\/2026\/08\/articles-bonigen-07-1536x1152.jpg 1536w, https:\/\/loudavymkrokem.cz\/wp-content\/uploads\/2026\/08\/articles-bonigen-07-80x60.jpg 80w, https:\/\/loudavymkrokem.cz\/wp-content\/uploads\/2026\/08\/articles-bonigen-07-160x120.jpg 160w, https:\/\/loudavymkrokem.cz\/wp-content\/uploads\/2026\/08\/articles-bonigen-07-696x522.jpg 696w, https:\/\/loudavymkrokem.cz\/wp-content\/uploads\/2026\/08\/articles-bonigen-07-1392x1044.jpg 1392w\" sizes=\"(max-width: 1800px) 100vw, 1800px\" \/><button\n\t\t\tclass=\"lightbox-trigger\"\n\t\t\ttype=\"button\"\n\t\t\taria-haspopup=\"dialog\"\n\t\t\tdata-wp-bind--aria-label=\"state.thisImage.triggerButtonAriaLabel\"\n\t\t\tdata-wp-init=\"callbacks.initTriggerButton\"\n\t\t\tdata-wp-on--click=\"actions.showLightbox\"\n\t\t\tdata-wp-style--right=\"state.thisImage.buttonRight\"\n\t\t\tdata-wp-style--top=\"state.thisImage.buttonTop\"\n\t\t>\n\t\t\t<svg xmlns=\"http:\/\/www.w3.org\/2000\/svg\" width=\"12\" height=\"12\" fill=\"none\" viewBox=\"0 0 12 12\">\n\t\t\t\t<path fill=\"#fff\" d=\"M2 0a2 2 0 0 0-2 2v2h1.5V2a.5.5 0 0 1 .5-.5h2V0H2Zm2 10.5H2a.5.5 0 0 1-.5-.5V8H0v2a2 2 0 0 0 2 2h2v-1.5ZM8 12v-1.5h2a.5.5 0 0 0 .5-.5V8H12v2a2 2 0 0 1-2 2H8Zm2-12a2 2 0 0 1 2 2v2h-1.5V2a.5.5 0 0 0-.5-.5H8V0h2Z\" \/>\n\t\t\t<\/svg>\n\t\t<\/button><figcaption class=\"wp-element-caption\">Foto: Andrew Bossi \/ Wikimedia Commons, CC BY-SA 2.5<\/figcaption><\/figure>\n\n\n\n<h3 class=\"wp-block-heading\"><span class=\"ez-toc-section\" id=\"3_Nabrzeze_molo_i_Brienzersee_Lakewalk\"><\/span>3. Nabrze\u017ce, molo i Brienzersee Lakewalk<span class=\"ez-toc-section-end\"><\/span><\/h3>\n\n\n\n<p class=\"wp-block-paragraph\">Sercem ca\u0142ego B\u00f6nigen jest bez w\u0105tpienia jego nabrze\u017ce. Tutejszy <strong>Brienzersee Lakewalk<\/strong> ma na Google fantastyczn\u0105 ocen\u0119 4,8 z niemal tysi\u0105ca recenzji i to pierwsze miejsce, dok\u0105d powinny prowadzi\u0107 twoje kroki po przyje\u017adzie. Widok z mola na okoliczne szczyty i turkusow\u0105 tafl\u0119 jest po prostu ikoniczny.<\/p>\n\n\n\n<p class=\"wp-block-paragraph\">Ca\u0142a promenada zaprojektowana jest jako <strong>bezbarierowa droga wzd\u0142u\u017c jeziora i rzeki Aare<\/strong>. Jest absolutnie idealna dla rodzin z w\u00f3zkami, os\u00f3b na w\u00f3zkach czy na powolny wieczorny spacer, gdy ju\u017c bol\u0105 ci\u0119 nogi po ca\u0142odniowym szlaku. Woda ma tu niesamowity kolor, kt\u00f3ry powoduje tak zwana m\u0105czka lodowcowa sp\u0142ukiwana z okolicznych masyw\u00f3w.<\/p>\n\n\n\n<p class=\"wp-block-paragraph\">W sezonie letnim nabrze\u017ce o\u017cywa kultur\u0105. Wprost przy g\u0142\u00f3wnym molu regularnie odbywaj\u0105 si\u0119 <strong>tradycyjne koncerty folklorystyczne<\/strong>, gdzie mo\u017cesz na \u017cywo us\u0142ysze\u0107 gr\u0119 na rogach alpejskich i zobaczy\u0107 miejscowych w przepi\u0119knych historycznych strojach ludowych. To prze\u017cycie, kt\u00f3re nieod\u0142\u0105cznie nale\u017cy do pobytu w Berne\u0144skim Oberlandzie.<\/p>\n\n\n\n<p class=\"wp-block-paragraph\">\ud83d\udca1 Wskaz\u00f3wka: Kawa\u0142ek od promenady le\u017cy <strong>ma\u0142e jeziorko Depotseeli<\/strong>, kt\u00f3re ciekawie powsta\u0142o sztucznie podczas historycznej budowy kolei. Dzi\u015b s\u0142u\u017cy g\u0142\u00f3wnie miejscowym w\u0119dkarzom, ale to \u0142adne, ciche miejsce na kr\u00f3tki przystanek.<\/p>\n\n\n\n<figure data-wp-context=\"{&quot;imageId&quot;:&quot;6a9544b89ca59&quot;}\" data-wp-interactive=\"core\/image\" data-wp-key=\"6a9544b89ca59\" class=\"wp-block-image size-full wp-lightbox-container\"><img decoding=\"async\" width=\"1800\" height=\"1199\" data-wp-class--hide=\"state.isContentHidden\" data-wp-class--show=\"state.isContentVisible\" data-wp-init=\"callbacks.setButtonStyles\" data-wp-on--click=\"actions.showLightbox\" data-wp-on--load=\"callbacks.setButtonStyles\" data-wp-on--pointerdown=\"actions.preloadImage\" data-wp-on--pointerenter=\"actions.preloadImageWithDelay\" data-wp-on--pointerleave=\"actions.cancelPreload\" data-wp-on-window--resize=\"callbacks.setButtonStyles\" src=\"https:\/\/loudavymkrokem.cz\/wp-content\/uploads\/2026\/08\/articles-bonigen-08.jpg\" alt=\"K\u0105pielisko nad jeziorem z basenem\" class=\"wp-image-404472\" title=\"\" srcset=\"https:\/\/loudavymkrokem.cz\/wp-content\/uploads\/2026\/08\/articles-bonigen-08.jpg 1800w, https:\/\/loudavymkrokem.cz\/wp-content\/uploads\/2026\/08\/articles-bonigen-08-300x200.jpg 300w, https:\/\/loudavymkrokem.cz\/wp-content\/uploads\/2026\/08\/articles-bonigen-08-700x466.jpg 700w, https:\/\/loudavymkrokem.cz\/wp-content\/uploads\/2026\/08\/articles-bonigen-08-768x512.jpg 768w, https:\/\/loudavymkrokem.cz\/wp-content\/uploads\/2026\/08\/articles-bonigen-08-1536x1023.jpg 1536w, https:\/\/loudavymkrokem.cz\/wp-content\/uploads\/2026\/08\/articles-bonigen-08-696x464.jpg 696w, https:\/\/loudavymkrokem.cz\/wp-content\/uploads\/2026\/08\/articles-bonigen-08-1392x927.jpg 1392w\" sizes=\"(max-width: 1800px) 100vw, 1800px\" \/><button\n\t\t\tclass=\"lightbox-trigger\"\n\t\t\ttype=\"button\"\n\t\t\taria-haspopup=\"dialog\"\n\t\t\tdata-wp-bind--aria-label=\"state.thisImage.triggerButtonAriaLabel\"\n\t\t\tdata-wp-init=\"callbacks.initTriggerButton\"\n\t\t\tdata-wp-on--click=\"actions.showLightbox\"\n\t\t\tdata-wp-style--right=\"state.thisImage.buttonRight\"\n\t\t\tdata-wp-style--top=\"state.thisImage.buttonTop\"\n\t\t>\n\t\t\t<svg xmlns=\"http:\/\/www.w3.org\/2000\/svg\" width=\"12\" height=\"12\" fill=\"none\" viewBox=\"0 0 12 12\">\n\t\t\t\t<path fill=\"#fff\" d=\"M2 0a2 2 0 0 0-2 2v2h1.5V2a.5.5 0 0 1 .5-.5h2V0H2Zm2 10.5H2a.5.5 0 0 1-.5-.5V8H0v2a2 2 0 0 0 2 2h2v-1.5ZM8 12v-1.5h2a.5.5 0 0 0 .5-.5V8H12v2a2 2 0 0 1-2 2H8Zm2-12a2 2 0 0 1 2 2v2h-1.5V2a.5.5 0 0 0-.5-.5H8V0h2Z\" \/>\n\t\t\t<\/svg>\n\t\t<\/button><figcaption class=\"wp-element-caption\">Foto: Jean-Paul Wettstein \/ Pexels<\/figcaption><\/figure>\n\n\n\n<h3 class=\"wp-block-heading\"><span class=\"ez-toc-section\" id=\"4_Plaza_i_kapielisko_The_Beach\"><\/span>4. Pla\u017ca i k\u0105pielisko The Beach<span class=\"ez-toc-section-end\"><\/span><\/h3>\n\n\n\n<p class=\"wp-block-paragraph\">Cho\u0107 jezioro jest zimne, B\u00f6nigen ma dla mi\u0142o\u015bnik\u00f3w wody przygotowany idealny plan awaryjny. Miejscowe k\u0105pielisko The Beach (Strandbad B\u00f6nigen) dzia\u0142a mniej wi\u0119cej od po\u0142owy maja do po\u0142owy wrze\u015bnia, a bilet na rok 2026 kosztuje <strong>bardzo przyjemne 6 CHF dla doros\u0142ego<\/strong>.<\/p>\n\n\n\n<p class=\"wp-block-paragraph\">Obiekt oferuje opr\u00f3cz dost\u0119pu do jeziora r\u00f3wnie\u017c <strong>podgrzewany basen o d\u0142ugo\u015bci 25 metr\u00f3w<\/strong>, co docenisz w dni, gdy naprawd\u0119 nie chce ci si\u0119 wchodzi\u0107 do polodowcowej wody. Dla p\u0142ywak\u00f3w w jeziorze wydzielono ogrodzon\u0105 przestrze\u0144, a wok\u00f3\u0142 rozci\u0105ga si\u0119 rozleg\u0142a trawiasta \u0142\u0105ka z du\u017cymi drzewami, daj\u0105cymi mn\u00f3stwo naturalnego cienia.<\/p>\n\n\n\n<p class=\"wp-block-paragraph\">Zaplecze jest tu jak na szwajcarskie warunki ponadstandardowe. Znajdziesz tu przebieralnie, czyste toalety, boisko do petanque i przyjemn\u0105 restauracj\u0119. Ca\u0142y obiekt jest na dodatek <strong>w pe\u0142ni dost\u0119pny z w\u00f3zkiem i dla os\u00f3b na w\u00f3zku<\/strong>, wi\u0119c wygodnie rozgo\u015bci si\u0119 tu dos\u0142ownie ka\u017cdy. Od 17:00 obowi\u0105zuje zni\u017ckowe wieczorne wej\u015bcie.<\/p>\n\n\n\n<p class=\"wp-block-paragraph\">\ud83d\udca1 Wskaz\u00f3wka: <strong>Aktualne godziny otwarcia<\/strong>, kt\u00f3re zmieniaj\u0105 si\u0119 w zale\u017cno\u015bci od miesi\u0105ca i pogody, znajdziesz zawsze na oficjalnej stronie <a href=\"https:\/\/www.strandbadboenigen.ch\" target=\"_blank\" rel=\"nofollow noopener\">The Beach<\/a>. Przy silnym deszczu obiekt bywa <strong>zamkni\u0119ty ze wzgl\u0119d\u00f3w bezpiecze\u0144stwa<\/strong>.<\/p>\n\n\n\n<figure data-wp-context=\"{&quot;imageId&quot;:&quot;6a9544b89d322&quot;}\" data-wp-interactive=\"core\/image\" data-wp-key=\"6a9544b89d322\" class=\"wp-block-image size-full wp-lightbox-container\"><img decoding=\"async\" width=\"1800\" height=\"1011\" data-wp-class--hide=\"state.isContentHidden\" data-wp-class--show=\"state.isContentVisible\" data-wp-init=\"callbacks.setButtonStyles\" data-wp-on--click=\"actions.showLightbox\" data-wp-on--load=\"callbacks.setButtonStyles\" data-wp-on--pointerdown=\"actions.preloadImage\" data-wp-on--pointerenter=\"actions.preloadImageWithDelay\" data-wp-on--pointerleave=\"actions.cancelPreload\" data-wp-on-window--resize=\"callbacks.setButtonStyles\" src=\"https:\/\/loudavymkrokem.cz\/wp-content\/uploads\/2026\/08\/articles-bonigen-09.jpg\" alt=\"Kajak na g\u00f3rskim jeziorze\" class=\"wp-image-404475\" title=\"\" srcset=\"https:\/\/loudavymkrokem.cz\/wp-content\/uploads\/2026\/08\/articles-bonigen-09.jpg 1800w, https:\/\/loudavymkrokem.cz\/wp-content\/uploads\/2026\/08\/articles-bonigen-09-300x169.jpg 300w, https:\/\/loudavymkrokem.cz\/wp-content\/uploads\/2026\/08\/articles-bonigen-09-700x393.jpg 700w, https:\/\/loudavymkrokem.cz\/wp-content\/uploads\/2026\/08\/articles-bonigen-09-768x431.jpg 768w, https:\/\/loudavymkrokem.cz\/wp-content\/uploads\/2026\/08\/articles-bonigen-09-1536x863.jpg 1536w, https:\/\/loudavymkrokem.cz\/wp-content\/uploads\/2026\/08\/articles-bonigen-09-696x391.jpg 696w, https:\/\/loudavymkrokem.cz\/wp-content\/uploads\/2026\/08\/articles-bonigen-09-1392x782.jpg 1392w\" sizes=\"(max-width: 1800px) 100vw, 1800px\" \/><button\n\t\t\tclass=\"lightbox-trigger\"\n\t\t\ttype=\"button\"\n\t\t\taria-haspopup=\"dialog\"\n\t\t\tdata-wp-bind--aria-label=\"state.thisImage.triggerButtonAriaLabel\"\n\t\t\tdata-wp-init=\"callbacks.initTriggerButton\"\n\t\t\tdata-wp-on--click=\"actions.showLightbox\"\n\t\t\tdata-wp-style--right=\"state.thisImage.buttonRight\"\n\t\t\tdata-wp-style--top=\"state.thisImage.buttonTop\"\n\t\t>\n\t\t\t<svg xmlns=\"http:\/\/www.w3.org\/2000\/svg\" width=\"12\" height=\"12\" fill=\"none\" viewBox=\"0 0 12 12\">\n\t\t\t\t<path fill=\"#fff\" d=\"M2 0a2 2 0 0 0-2 2v2h1.5V2a.5.5 0 0 1 .5-.5h2V0H2Zm2 10.5H2a.5.5 0 0 1-.5-.5V8H0v2a2 2 0 0 0 2 2h2v-1.5ZM8 12v-1.5h2a.5.5 0 0 0 .5-.5V8H12v2a2 2 0 0 1-2 2H8Zm2-12a2 2 0 0 1 2 2v2h-1.5V2a.5.5 0 0 0-.5-.5H8V0h2Z\" \/>\n\t\t\t<\/svg>\n\t\t<\/button><figcaption class=\"wp-element-caption\">Foto: K \/ Pexels<\/figcaption><\/figure>\n\n\n\n<h3 class=\"wp-block-heading\"><span class=\"ez-toc-section\" id=\"5_Kajak_i_SUP_na_tafli_jeziora\"><\/span>5. Kajak i SUP na tafli jeziora<span class=\"ez-toc-section-end\"><\/span><\/h3>\n\n\n\n<p class=\"wp-block-paragraph\">Najlepszy spos\u00f3b, by nasi\u0105kn\u0105\u0107 atmosfer\u0105 Jeziora Brienckiego, to wyp\u0142yn\u0105\u0107 wprost na jego tafl\u0119. Prosto nad brzegiem (naprzeciw przystanku autobusu 103) znajdziesz baz\u0119 <strong>Hightide Kayak School<\/strong>, kt\u00f3ra od maja do pa\u017adziernika wypo\u017cycza najwy\u017cszej klasy sprz\u0119t do sport\u00f3w wodnych.<\/p>\n\n\n\n<p class=\"wp-block-paragraph\">Ceny na rok 2026 s\u0105 ustawione rozs\u0105dnie. Za <strong>jednoosobowy kajak zap\u0142acisz od 30 CHF za godzin\u0119<\/strong>, wersja dwuosobowa wyjdzie 45 CHF. Je\u015bli odwa\u017cysz si\u0119 na d\u0142u\u017csz\u0105 wypraw\u0119, mo\u017cesz wynaj\u0105\u0107 solidny kajak morski na ca\u0142e siedem godzin za 70 CHF i zbada\u0107 dalsze zatoki. Do dyspozycji s\u0105 oczywi\u015bcie te\u017c popularne deski SUP.<\/p>\n\n\n\n<p class=\"wp-block-paragraph\">Je\u015bli nie masz do\u015bwiadczenia z wios\u0142owaniem, polecam wykupi\u0107 <strong>zorganizowan\u0105 wycieczk\u0119 kajakow\u0105 z instruktorem<\/strong>. Poka\u017c\u0105 ci najpi\u0119kniejsze ukryte zatoki, naucz\u0105 w\u0142a\u015bciwej techniki i zadbaj\u0105 o twoje bezpiecze\u0144stwo, bo pogoda na jeziorze potrafi w g\u00f3rach niespodziewanie szybko si\u0119 zmieni\u0107.<\/p>\n\n\n\n<p class=\"wp-block-paragraph\">\ud83d\udca1 Wskaz\u00f3wka: W\u015br\u00f3d kajakarzy absolutnym hitem jest <strong>trasa z B\u00f6nigen wzd\u0142u\u017c po\u0142udniowego brzegu a\u017c do wodospad\u00f3w Giessbach<\/strong>. Rezerwacj\u0119 sprz\u0119tu zr\u00f3b raczej z wyprzedzeniem przez stron\u0119 <a href=\"https:\/\/www.hightide.ch\" target=\"_blank\" rel=\"nofollow noopener\">Hightide<\/a> \u2014 w lipcu i sierpniu cz\u0119sto bywa wyprzedane.<\/p>\n\n\n\n<figure data-wp-context=\"{&quot;imageId&quot;:&quot;6a9544b89db4b&quot;}\" data-wp-interactive=\"core\/image\" data-wp-key=\"6a9544b89db4b\" class=\"wp-block-image size-full wp-lightbox-container\"><img decoding=\"async\" width=\"1800\" height=\"1200\" data-wp-class--hide=\"state.isContentHidden\" data-wp-class--show=\"state.isContentVisible\" data-wp-init=\"callbacks.setButtonStyles\" data-wp-on--click=\"actions.showLightbox\" data-wp-on--load=\"callbacks.setButtonStyles\" data-wp-on--pointerdown=\"actions.preloadImage\" data-wp-on--pointerenter=\"actions.preloadImageWithDelay\" data-wp-on--pointerleave=\"actions.cancelPreload\" data-wp-on-window--resize=\"callbacks.setButtonStyles\" src=\"https:\/\/loudavymkrokem.cz\/wp-content\/uploads\/2026\/08\/articles-bonigen-10.jpg\" alt=\"Historyczny parowiec bocznoko\u0142owy L\u00f6tschberg\" class=\"wp-image-404478\" title=\"\" srcset=\"https:\/\/loudavymkrokem.cz\/wp-content\/uploads\/2026\/08\/articles-bonigen-10.jpg 1800w, https:\/\/loudavymkrokem.cz\/wp-content\/uploads\/2026\/08\/articles-bonigen-10-300x200.jpg 300w, https:\/\/loudavymkrokem.cz\/wp-content\/uploads\/2026\/08\/articles-bonigen-10-700x467.jpg 700w, https:\/\/loudavymkrokem.cz\/wp-content\/uploads\/2026\/08\/articles-bonigen-10-768x512.jpg 768w, https:\/\/loudavymkrokem.cz\/wp-content\/uploads\/2026\/08\/articles-bonigen-10-1536x1024.jpg 1536w, https:\/\/loudavymkrokem.cz\/wp-content\/uploads\/2026\/08\/articles-bonigen-10-696x464.jpg 696w, https:\/\/loudavymkrokem.cz\/wp-content\/uploads\/2026\/08\/articles-bonigen-10-1392x928.jpg 1392w\" sizes=\"(max-width: 1800px) 100vw, 1800px\" \/><button\n\t\t\tclass=\"lightbox-trigger\"\n\t\t\ttype=\"button\"\n\t\t\taria-haspopup=\"dialog\"\n\t\t\tdata-wp-bind--aria-label=\"state.thisImage.triggerButtonAriaLabel\"\n\t\t\tdata-wp-init=\"callbacks.initTriggerButton\"\n\t\t\tdata-wp-on--click=\"actions.showLightbox\"\n\t\t\tdata-wp-style--right=\"state.thisImage.buttonRight\"\n\t\t\tdata-wp-style--top=\"state.thisImage.buttonTop\"\n\t\t>\n\t\t\t<svg xmlns=\"http:\/\/www.w3.org\/2000\/svg\" width=\"12\" height=\"12\" fill=\"none\" viewBox=\"0 0 12 12\">\n\t\t\t\t<path fill=\"#fff\" d=\"M2 0a2 2 0 0 0-2 2v2h1.5V2a.5.5 0 0 1 .5-.5h2V0H2Zm2 10.5H2a.5.5 0 0 1-.5-.5V8H0v2a2 2 0 0 0 2 2h2v-1.5ZM8 12v-1.5h2a.5.5 0 0 0 .5-.5V8H12v2a2 2 0 0 1-2 2H8Zm2-12a2 2 0 0 1 2 2v2h-1.5V2a.5.5 0 0 0-.5-.5H8V0h2Z\" \/>\n\t\t\t<\/svg>\n\t\t<\/button><figcaption class=\"wp-element-caption\">Foto: Martin Abegglen from Bern, Switzerland \/ Wikimedia Commons, CC BY-SA 2.0<\/figcaption><\/figure>\n\n\n\n<h3 class=\"wp-block-heading\"><span class=\"ez-toc-section\" id=\"6_Rejs_historycznym_parowcem_Lotschberg\"><\/span>6. Rejs historycznym parowcem L\u00f6tschberg<span class=\"ez-toc-section-end\"><\/span><\/h3>\n\n\n\n<p class=\"wp-block-paragraph\">Je\u015bli wolisz wygod\u0119 od fizycznego wysi\u0142ku, koniecznie przep\u0142y\u0144 si\u0119 statkiem. Po jeziorze p\u0142ywa flota firmy BLS, kt\u00f3rej najwi\u0119ksz\u0105 chlub\u0105 jest <strong>parowiec bocznoko\u0142owy DS L\u00f6tschberg z 1914 roku<\/strong>. Rejs na tym pi\u0119knie odrestaurowanym statku natychmiast przeniesie ci\u0119 w czasy beztroskiej Belle \u00c9poque.<\/p>\n\n\n\n<p class=\"wp-block-paragraph\">Flota kursuje po jeziorze od pocz\u0105tku kwietnia do pocz\u0105tku grudnia 2026. Standardowa trasa prowadzi z Interlakenu przez B\u00f6nigen, Iseltwald i Giessbach a\u017c do miasta Brienz. <strong>Podstawowy bilet wyjdzie 39 CHF<\/strong>, ale je\u015bli masz Bernese Oberland Pass albo Swiss Travel Pass, rejs masz zupe\u0142nie za darmo. Dzieci od 6 do 15 lat je\u017cd\u017c\u0105 za p\u00f3\u0142 ceny.<\/p>\n\n\n\n<p class=\"wp-block-paragraph\">Opr\u00f3cz standardowych dziennych kurs\u00f3w w lipcu i sierpniu organizowane s\u0105 te\u017c <strong>specjalne sobotnie rejsy wieczorne<\/strong>. Ogl\u0105da\u0107 zach\u00f3d s\u0142o\u0144ca z pok\u0142adu historycznego parowca, podczas gdy wok\u00f3\u0142 przesuwaj\u0105 si\u0119 dramatyczne g\u00f3rskie zbocza \u2014 to najbardziej romantyczne prze\u017cycie, na jakie mo\u017cesz sobie tu pozwoli\u0107.<\/p>\n\n\n\n<p class=\"wp-block-paragraph\">\ud83d\udca1 Wskaz\u00f3wka: <strong>Rozk\u0142ady jazdy i zakup bilet\u00f3w<\/strong> z wyprzedzeniem za\u0142atwisz na portalu <a href=\"https:\/\/www.bls-schiff.ch\" target=\"_blank\" rel=\"nofollow noopener\">statki BLS<\/a>. Polecam <strong>wsiada\u0107 ju\u017c w Interlakenie<\/strong>, \u017ceby mie\u0107 pewno\u015b\u0107, \u017ce zajmiesz najlepsze miejsca na g\u00f3rnym pok\u0142adzie, zanim statek dop\u0142ynie do B\u00f6nigen.<\/p>\n\n\n\n<figure data-wp-context=\"{&quot;imageId&quot;:&quot;6a9544b89e2f8&quot;}\" data-wp-interactive=\"core\/image\" data-wp-key=\"6a9544b89e2f8\" class=\"wp-block-image size-full wp-lightbox-container\"><img decoding=\"async\" width=\"1800\" height=\"1013\" data-wp-class--hide=\"state.isContentHidden\" data-wp-class--show=\"state.isContentVisible\" data-wp-init=\"callbacks.setButtonStyles\" data-wp-on--click=\"actions.showLightbox\" data-wp-on--load=\"callbacks.setButtonStyles\" data-wp-on--pointerdown=\"actions.preloadImage\" data-wp-on--pointerenter=\"actions.preloadImageWithDelay\" data-wp-on--pointerleave=\"actions.cancelPreload\" data-wp-on-window--resize=\"callbacks.setButtonStyles\" src=\"https:\/\/loudavymkrokem.cz\/wp-content\/uploads\/2026\/08\/articles-bonigen-11.jpg\" alt=\"Oznakowany szlak turystyczny nad jeziorem\" class=\"wp-image-404479\" title=\"\" srcset=\"https:\/\/loudavymkrokem.cz\/wp-content\/uploads\/2026\/08\/articles-bonigen-11.jpg 1800w, https:\/\/loudavymkrokem.cz\/wp-content\/uploads\/2026\/08\/articles-bonigen-11-300x169.jpg 300w, https:\/\/loudavymkrokem.cz\/wp-content\/uploads\/2026\/08\/articles-bonigen-11-700x394.jpg 700w, https:\/\/loudavymkrokem.cz\/wp-content\/uploads\/2026\/08\/articles-bonigen-11-768x432.jpg 768w, https:\/\/loudavymkrokem.cz\/wp-content\/uploads\/2026\/08\/articles-bonigen-11-1536x864.jpg 1536w, https:\/\/loudavymkrokem.cz\/wp-content\/uploads\/2026\/08\/articles-bonigen-11-696x392.jpg 696w, https:\/\/loudavymkrokem.cz\/wp-content\/uploads\/2026\/08\/articles-bonigen-11-1392x783.jpg 1392w\" sizes=\"(max-width: 1800px) 100vw, 1800px\" \/><button\n\t\t\tclass=\"lightbox-trigger\"\n\t\t\ttype=\"button\"\n\t\t\taria-haspopup=\"dialog\"\n\t\t\tdata-wp-bind--aria-label=\"state.thisImage.triggerButtonAriaLabel\"\n\t\t\tdata-wp-init=\"callbacks.initTriggerButton\"\n\t\t\tdata-wp-on--click=\"actions.showLightbox\"\n\t\t\tdata-wp-style--right=\"state.thisImage.buttonRight\"\n\t\t\tdata-wp-style--top=\"state.thisImage.buttonTop\"\n\t\t>\n\t\t\t<svg xmlns=\"http:\/\/www.w3.org\/2000\/svg\" width=\"12\" height=\"12\" fill=\"none\" viewBox=\"0 0 12 12\">\n\t\t\t\t<path fill=\"#fff\" d=\"M2 0a2 2 0 0 0-2 2v2h1.5V2a.5.5 0 0 1 .5-.5h2V0H2Zm2 10.5H2a.5.5 0 0 1-.5-.5V8H0v2a2 2 0 0 0 2 2h2v-1.5ZM8 12v-1.5h2a.5.5 0 0 0 .5-.5V8H12v2a2 2 0 0 1-2 2H8Zm2-12a2 2 0 0 1 2 2v2h-1.5V2a.5.5 0 0 0-.5-.5H8V0h2Z\" \/>\n\t\t\t<\/svg>\n\t\t<\/button><figcaption class=\"wp-element-caption\">Foto: Tina P. \/ Pexels<\/figcaption><\/figure>\n\n\n\n<h2 class=\"wp-block-heading\"><span class=\"ez-toc-section\" id=\"Turystyka_z_Bonigen_6_tras_ktore_sa_tego_warte\"><\/span>Turystyka z B\u00f6nigen: 6 tras, kt\u00f3re s\u0105 tego warte<span class=\"ez-toc-section-end\"><\/span><\/h2>\n\n\n\n<p class=\"wp-block-paragraph\">Je\u015bli nale\u017cysz do tych, kt\u00f3rzy lubi\u0105 przej\u015b\u0107 swoj\u0105 wycieczk\u0119 od hotelu bez konieczno\u015bci nigdzie doje\u017cd\u017ca\u0107, B\u00f6nigen jest twoim miejscem. Dziesi\u0105tki kilometr\u00f3w <strong>doskonale oznakowanych \u015bcie\u017cek<\/strong> zaczynaj\u0105 si\u0119 tu\u017c za progiem. Region oferuje wszystko od niewymagaj\u0105cych spacer\u00f3w wzd\u0142u\u017c brzegu po <strong>ca\u0142odniowe wej\u015bcia z brutalnym przewy\u017cszeniem<\/strong>.<\/p>\n\n\n\n<p class=\"wp-block-paragraph\">Szwajcarskie oznakowanie turystyczne jest precyzyjne, ale nie zapominaj, \u017ce jeste\u015b w Alpach. Zawsze <strong>no\u015b ze sob\u0105 dostatek wody<\/strong>, dobr\u0105 map\u0119 w telefonie (na przyk\u0142ad aplikacj\u0119 Komoot lub mapy.cz) i <strong>solidne buty<\/strong>. Pogoda potrafi tu pokaza\u0107 swoj\u0105 surowsz\u0105 twarz bardzo niespodziewanie.<\/p>\n\n\n\n<figure data-wp-context=\"{&quot;imageId&quot;:&quot;6a9544b89e9c8&quot;}\" data-wp-interactive=\"core\/image\" data-wp-key=\"6a9544b89e9c8\" class=\"wp-block-image size-full wp-lightbox-container\"><img decoding=\"async\" width=\"1800\" height=\"1200\" data-wp-class--hide=\"state.isContentHidden\" data-wp-class--show=\"state.isContentVisible\" data-wp-init=\"callbacks.setButtonStyles\" data-wp-on--click=\"actions.showLightbox\" data-wp-on--load=\"callbacks.setButtonStyles\" data-wp-on--pointerdown=\"actions.preloadImage\" data-wp-on--pointerenter=\"actions.preloadImageWithDelay\" data-wp-on--pointerleave=\"actions.cancelPreload\" data-wp-on-window--resize=\"callbacks.setButtonStyles\" src=\"https:\/\/loudavymkrokem.cz\/wp-content\/uploads\/2026\/08\/articles-bonigen-12.jpg\" alt=\"Wodospad spadaj\u0105cy do Jeziora Brienckiego\" class=\"wp-image-404480\" title=\"\" srcset=\"https:\/\/loudavymkrokem.cz\/wp-content\/uploads\/2026\/08\/articles-bonigen-12.jpg 1800w, https:\/\/loudavymkrokem.cz\/wp-content\/uploads\/2026\/08\/articles-bonigen-12-300x200.jpg 300w, https:\/\/loudavymkrokem.cz\/wp-content\/uploads\/2026\/08\/articles-bonigen-12-700x467.jpg 700w, https:\/\/loudavymkrokem.cz\/wp-content\/uploads\/2026\/08\/articles-bonigen-12-768x512.jpg 768w, https:\/\/loudavymkrokem.cz\/wp-content\/uploads\/2026\/08\/articles-bonigen-12-1536x1024.jpg 1536w, https:\/\/loudavymkrokem.cz\/wp-content\/uploads\/2026\/08\/articles-bonigen-12-696x464.jpg 696w, https:\/\/loudavymkrokem.cz\/wp-content\/uploads\/2026\/08\/articles-bonigen-12-1392x928.jpg 1392w\" sizes=\"(max-width: 1800px) 100vw, 1800px\" \/><button\n\t\t\tclass=\"lightbox-trigger\"\n\t\t\ttype=\"button\"\n\t\t\taria-haspopup=\"dialog\"\n\t\t\tdata-wp-bind--aria-label=\"state.thisImage.triggerButtonAriaLabel\"\n\t\t\tdata-wp-init=\"callbacks.initTriggerButton\"\n\t\t\tdata-wp-on--click=\"actions.showLightbox\"\n\t\t\tdata-wp-style--right=\"state.thisImage.buttonRight\"\n\t\t\tdata-wp-style--top=\"state.thisImage.buttonTop\"\n\t\t>\n\t\t\t<svg xmlns=\"http:\/\/www.w3.org\/2000\/svg\" width=\"12\" height=\"12\" fill=\"none\" viewBox=\"0 0 12 12\">\n\t\t\t\t<path fill=\"#fff\" d=\"M2 0a2 2 0 0 0-2 2v2h1.5V2a.5.5 0 0 1 .5-.5h2V0H2Zm2 10.5H2a.5.5 0 0 1-.5-.5V8H0v2a2 2 0 0 0 2 2h2v-1.5ZM8 12v-1.5h2a.5.5 0 0 0 .5-.5V8H12v2a2 2 0 0 1-2 2H8Zm2-12a2 2 0 0 1 2 2v2h-1.5V2a.5.5 0 0 0-.5-.5H8V0h2Z\" \/>\n\t\t\t<\/svg>\n\t\t<\/button><figcaption class=\"wp-element-caption\">Foto: Tommes Frites \/ Pexels<\/figcaption><\/figure>\n\n\n\n<h3 class=\"wp-block-heading\"><span class=\"ez-toc-section\" id=\"7_Szlak_Trzech_Wodospadow_w_etapach\"><\/span>7. Szlak Trzech Wodospad\u00f3w w etapach<span class=\"ez-toc-section-end\"><\/span><\/h3>\n\n\n\n<p class=\"wp-block-paragraph\">To zdecydowanie <strong>najs\u0142ynniejsza trasa ca\u0142ego regionu<\/strong>, kt\u00f3ra prowadzi wprost wzd\u0142u\u017c brzegu Jeziora Brienckiego z B\u00f6nigen przez Iseltwald a\u017c do Brienz. Po drodze czekaj\u0105 na ciebie <strong>trzy zachwycaj\u0105ce wodospady<\/strong>: Erschwandenbachfall, M\u00fclibachfall i na ko\u0144cu najbardziej znane Giessbachf\u00e4lle.<\/p>\n\n\n\n<p class=\"wp-block-paragraph\">Parametry ca\u0142ej trasy budz\u0105 respekt. Ma <strong>18,2 kilometra z przewy\u017cszeniem 466 metr\u00f3w<\/strong> i zajmie ci mniej wi\u0119cej 5 godzin i 15 minut czystego czasu marszu. \u015acie\u017cka faluje w g\u00f3r\u0119 i w d\u00f3\u0142 wzd\u0142u\u017c brzegu mi\u0119dzy 565 a 775 metrami i oferuje fantastyczne widoki na turkusow\u0105 tafl\u0119 przez g\u0119ste lasy.<\/p>\n\n\n\n<p class=\"wp-block-paragraph\">Genialne w tej trasie jest to, \u017ce <strong>\u0142atwo mo\u017cna j\u0105 podzieli\u0107 na mniejsze etapy<\/strong>: z B\u00f6nigen do Iseltwaldu 1 godzina 50 minut, do wodospadu M\u00fclibach kolejne 35 minut, stamt\u0105d na Giessbach nieca\u0142e 2 godziny, a do Brienz ostatnia godzina i 20 minut. Najlepszy trik to wyj\u015b\u0107 pieszo, doj\u015b\u0107 do pierwszego albo drugiego wodospadu, a potem wskoczy\u0107 na statek lub autobus z powrotem.<\/p>\n\n\n\n<p class=\"wp-block-paragraph\">\ud83d\udca1 Wskaz\u00f3wka: Je\u015bli szukasz idealnej p\u00f3\u0142dniowej wycieczki, spr\u00f3buj <strong>pierwszego etapu z przystani w B\u00f6nigen do wodospadu Erschwandenbach i dalej do Iseltwaldu<\/strong>. Za Iseltwaldem jednak uwaga: <strong>brakuje tu oznakowania w stron\u0119 \u201eIsch&#8221;<\/strong> i \u0142atwo przegapi\u0107 ostatnie dwa wodospady.<\/p>\n\n\n\n<figure data-wp-context=\"{&quot;imageId&quot;:&quot;6a9544b89f163&quot;}\" data-wp-interactive=\"core\/image\" data-wp-key=\"6a9544b89f163\" class=\"wp-block-image size-full wp-lightbox-container\"><img decoding=\"async\" width=\"1800\" height=\"1350\" data-wp-class--hide=\"state.isContentHidden\" data-wp-class--show=\"state.isContentVisible\" data-wp-init=\"callbacks.setButtonStyles\" data-wp-on--click=\"actions.showLightbox\" data-wp-on--load=\"callbacks.setButtonStyles\" data-wp-on--pointerdown=\"actions.preloadImage\" data-wp-on--pointerenter=\"actions.preloadImageWithDelay\" data-wp-on--pointerleave=\"actions.cancelPreload\" data-wp-on-window--resize=\"callbacks.setButtonStyles\" src=\"https:\/\/loudavymkrokem.cz\/wp-content\/uploads\/2026\/08\/articles-bonigen-13.jpg\" alt=\"Widok na B\u00f6nigen i jezioro z okolicznych wzg\u00f3rz\" class=\"wp-image-404482\" title=\"\" srcset=\"https:\/\/loudavymkrokem.cz\/wp-content\/uploads\/2026\/08\/articles-bonigen-13.jpg 1800w, https:\/\/loudavymkrokem.cz\/wp-content\/uploads\/2026\/08\/articles-bonigen-13-300x225.jpg 300w, https:\/\/loudavymkrokem.cz\/wp-content\/uploads\/2026\/08\/articles-bonigen-13-700x525.jpg 700w, https:\/\/loudavymkrokem.cz\/wp-content\/uploads\/2026\/08\/articles-bonigen-13-768x576.jpg 768w, https:\/\/loudavymkrokem.cz\/wp-content\/uploads\/2026\/08\/articles-bonigen-13-1536x1152.jpg 1536w, https:\/\/loudavymkrokem.cz\/wp-content\/uploads\/2026\/08\/articles-bonigen-13-80x60.jpg 80w, https:\/\/loudavymkrokem.cz\/wp-content\/uploads\/2026\/08\/articles-bonigen-13-160x120.jpg 160w, https:\/\/loudavymkrokem.cz\/wp-content\/uploads\/2026\/08\/articles-bonigen-13-696x522.jpg 696w, https:\/\/loudavymkrokem.cz\/wp-content\/uploads\/2026\/08\/articles-bonigen-13-1392x1044.jpg 1392w\" sizes=\"(max-width: 1800px) 100vw, 1800px\" \/><button\n\t\t\tclass=\"lightbox-trigger\"\n\t\t\ttype=\"button\"\n\t\t\taria-haspopup=\"dialog\"\n\t\t\tdata-wp-bind--aria-label=\"state.thisImage.triggerButtonAriaLabel\"\n\t\t\tdata-wp-init=\"callbacks.initTriggerButton\"\n\t\t\tdata-wp-on--click=\"actions.showLightbox\"\n\t\t\tdata-wp-style--right=\"state.thisImage.buttonRight\"\n\t\t\tdata-wp-style--top=\"state.thisImage.buttonTop\"\n\t\t>\n\t\t\t<svg xmlns=\"http:\/\/www.w3.org\/2000\/svg\" width=\"12\" height=\"12\" fill=\"none\" viewBox=\"0 0 12 12\">\n\t\t\t\t<path fill=\"#fff\" d=\"M2 0a2 2 0 0 0-2 2v2h1.5V2a.5.5 0 0 1 .5-.5h2V0H2Zm2 10.5H2a.5.5 0 0 1-.5-.5V8H0v2a2 2 0 0 0 2 2h2v-1.5ZM8 12v-1.5h2a.5.5 0 0 0 .5-.5V8H12v2a2 2 0 0 1-2 2H8Zm2-12a2 2 0 0 1 2 2v2h-1.5V2a.5.5 0 0 0-.5-.5H8V0h2Z\" \/>\n\t\t\t<\/svg>\n\t\t<\/button><figcaption class=\"wp-element-caption\">Foto: Diacius \/ Wikimedia Commons, CC BY 4.0<\/figcaption><\/figure>\n\n\n\n<h3 class=\"wp-block-heading\"><span class=\"ez-toc-section\" id=\"8_Petla_na_Sytiberg_55_km_nawet_z_wozkiem_terenowym\"><\/span>8. P\u0119tla na Sytiberg: 5,5 km nawet z w\u00f3zkiem terenowym<span class=\"ez-toc-section-end\"><\/span><\/h3>\n\n\n\n<p class=\"wp-block-paragraph\">Kiedy chcesz uciec od wody wy\u017cej w g\u00f3ry i nie chce ci si\u0119 jecha\u0107 daleko, spr\u00f3buj tej <strong>miejscowej p\u0119tli (Rundwanderung Sytiberg)<\/strong>. Startuje <strong>wprost od biura turystycznego<\/strong> i prowadzi przez g\u00f3rn\u0105 cz\u0119\u015b\u0107 wioski, gdzie mimochodem obejrzysz kolejne historyczne domy.<\/p>\n\n\n\n<p class=\"wp-block-paragraph\">Wed\u0142ug oficjalnych danych regionu p\u0119tla ma <strong>5,5 kilometra, trwa p\u00f3\u0142torej godziny i podejmiesz na niej 146 metr\u00f3w<\/strong>. Najwy\u017cszy punkt le\u017cy na 712 metrach, wi\u0119c o \u017caden wysokog\u00f3rski teren tu nie chodzi. Droga poprowadzi ci\u0119 przez g\u0119sty las i fotogeniczne g\u00f3rskie \u0142\u0105ki.<\/p>\n\n\n\n<p class=\"wp-block-paragraph\">Po drodze miniesz <strong>miejsce do grillowania Oberallmi z widokiem<\/strong> i przejdziesz krytym drewnianym mostem Aenderbergbr\u00fcgg, jednym z najbardziej fotogenicznych miejsc w okolicy. Z powrotem wracasz wzd\u0142u\u017c rzeki L\u00fctschine. To <strong>idealna trasa na przedpo\u0142udnie<\/strong>, gdy nie chcesz sp\u0119dzi\u0107 ca\u0142ego dnia na nogach.<\/p>\n\n\n\n<p class=\"wp-block-paragraph\">\ud83d\udca1 Wskaz\u00f3wka: To <strong>jedyna trasa w B\u00f6nigen oficjalnie oznaczona jako przejezdna z w\u00f3zkiem terenowym<\/strong>, wi\u0119c to jasny wyb\u00f3r, gdy masz ze sob\u0105 najm\u0142odsze dzieci. Nawierzchnia w lesie bywa po deszczu \u015bliska \u2014 za\u0142\u00f3\u017c raczej buty trekkingowe z solidn\u0105 podeszw\u0105.<\/p>\n\n\n\n<figure data-wp-context=\"{&quot;imageId&quot;:&quot;6a9544b89f70b&quot;}\" data-wp-interactive=\"core\/image\" data-wp-key=\"6a9544b89f70b\" class=\"wp-block-image size-full wp-lightbox-container\"><img decoding=\"async\" width=\"1800\" height=\"1013\" data-wp-class--hide=\"state.isContentHidden\" data-wp-class--show=\"state.isContentVisible\" data-wp-init=\"callbacks.setButtonStyles\" data-wp-on--click=\"actions.showLightbox\" data-wp-on--load=\"callbacks.setButtonStyles\" data-wp-on--pointerdown=\"actions.preloadImage\" data-wp-on--pointerenter=\"actions.preloadImageWithDelay\" data-wp-on--pointerleave=\"actions.cancelPreload\" data-wp-on-window--resize=\"callbacks.setButtonStyles\" src=\"https:\/\/loudavymkrokem.cz\/wp-content\/uploads\/2026\/08\/articles-bonigen-14.jpg\" alt=\"Panoramiczny widok ze szczytu nad jeziorem\" class=\"wp-image-404484\" title=\"\" srcset=\"https:\/\/loudavymkrokem.cz\/wp-content\/uploads\/2026\/08\/articles-bonigen-14.jpg 1800w, https:\/\/loudavymkrokem.cz\/wp-content\/uploads\/2026\/08\/articles-bonigen-14-300x169.jpg 300w, https:\/\/loudavymkrokem.cz\/wp-content\/uploads\/2026\/08\/articles-bonigen-14-700x394.jpg 700w, https:\/\/loudavymkrokem.cz\/wp-content\/uploads\/2026\/08\/articles-bonigen-14-768x432.jpg 768w, https:\/\/loudavymkrokem.cz\/wp-content\/uploads\/2026\/08\/articles-bonigen-14-1536x864.jpg 1536w, https:\/\/loudavymkrokem.cz\/wp-content\/uploads\/2026\/08\/articles-bonigen-14-696x392.jpg 696w, https:\/\/loudavymkrokem.cz\/wp-content\/uploads\/2026\/08\/articles-bonigen-14-1392x783.jpg 1392w\" sizes=\"(max-width: 1800px) 100vw, 1800px\" \/><button\n\t\t\tclass=\"lightbox-trigger\"\n\t\t\ttype=\"button\"\n\t\t\taria-haspopup=\"dialog\"\n\t\t\tdata-wp-bind--aria-label=\"state.thisImage.triggerButtonAriaLabel\"\n\t\t\tdata-wp-init=\"callbacks.initTriggerButton\"\n\t\t\tdata-wp-on--click=\"actions.showLightbox\"\n\t\t\tdata-wp-style--right=\"state.thisImage.buttonRight\"\n\t\t\tdata-wp-style--top=\"state.thisImage.buttonTop\"\n\t\t>\n\t\t\t<svg xmlns=\"http:\/\/www.w3.org\/2000\/svg\" width=\"12\" height=\"12\" fill=\"none\" viewBox=\"0 0 12 12\">\n\t\t\t\t<path fill=\"#fff\" d=\"M2 0a2 2 0 0 0-2 2v2h1.5V2a.5.5 0 0 1 .5-.5h2V0H2Zm2 10.5H2a.5.5 0 0 1-.5-.5V8H0v2a2 2 0 0 0 2 2h2v-1.5ZM8 12v-1.5h2a.5.5 0 0 0 .5-.5V8H12v2a2 2 0 0 1-2 2H8Zm2-12a2 2 0 0 1 2 2v2h-1.5V2a.5.5 0 0 0-.5-.5H8V0h2Z\" \/>\n\t\t\t<\/svg>\n\t\t<\/button><figcaption class=\"wp-element-caption\">Foto: Sam Teano \/ Pexels<\/figcaption><\/figure>\n\n\n\n<h3 class=\"wp-block-heading\"><span class=\"ez-toc-section\" id=\"9_Petla_Haslerenegg_854_m_z_ksiega_szczytowa\"><\/span>9. P\u0119tla Haslerenegg (854 m) z ksi\u0119g\u0105 szczytow\u0105<span class=\"ez-toc-section-end\"><\/span><\/h3>\n\n\n\n<p class=\"wp-block-paragraph\">Kolejna \u015bwietna p\u0119tla zn\u00f3w zaczyna si\u0119 przy biurze turystycznym i prowadzi przez osady Ried i Stockeren a\u017c do tajemniczego lasu Bannwald. Celem jest <strong>zalesiony grzbiet Haslerenegg na wysoko\u015bci 854 metr\u00f3w<\/strong>. Trasa ma <strong>6 kilometr\u00f3w, podejmiesz 287 metr\u00f3w i zajmie ci dwie godziny<\/strong>.<\/p>\n\n\n\n<p class=\"wp-block-paragraph\">Wzg\u00f3rze skrywa te\u017c kawa\u0142ek surowej historii. W <strong>latach 30. XIV wieku<\/strong> starli si\u0119 tu g\u00f3rale z Hasli z wojskiem pan\u00f3w z Weissenburg-Unspunnen i przegrali bitw\u0119. Na groby poleg\u0142ych do dzi\u015b wskazuje nazwa terenowa \u201ein den Grebinen&#8221;, a w 1924 roku znaleziono tu \u017celazny oszczep. Dzi\u015b panuje tu spok\u00f3j, a na grzbiecie znajdziesz <strong>ksi\u0119g\u0119 szczytow\u0105<\/strong>, do kt\u00f3rej mo\u017cesz si\u0119 wpisa\u0107.<\/p>\n\n\n\n<p class=\"wp-block-paragraph\">Droga powrotna sprowadzi ci\u0119 przez Sytiberg i obok miejsca do grillowania Oberallmi z powrotem nad jezioro. Trasa \u0142\u0105czy <strong>zacienione le\u015bne \u015bcie\u017cki<\/strong> ze s\u0142onecznymi odcinkami i to jedna z tych dr\u00f3g, gdzie <strong>zamiast t\u0142um\u00f3w turyst\u00f3w<\/strong> spotykasz tylko miejscowych na niedzielnym spacerze z psem.<\/p>\n\n\n\n<p class=\"wp-block-paragraph\">\ud83d\udca1 Wskaz\u00f3wka: We\u017a w\u0142asny d\u0142ugopis, \u017ceby m\u00f3c zostawi\u0107 w ksi\u0119dze szczytowej wpis po polsku. I potraktuj powa\u017cnie <strong>oficjalne ostrze\u017cenie, by nie chodzi\u0107 tu przy deszczu ani zmarzni\u0119tym terenie<\/strong> \u2014 wej\u015bcie na grzbiet jest strome, a jedna czwarta trasy prowadzi w\u0105sk\u0105 \u015bcie\u017ck\u0105.<\/p>\n\n\n\n<figure data-wp-context=\"{&quot;imageId&quot;:&quot;6a9544b89ff8e&quot;}\" data-wp-interactive=\"core\/image\" data-wp-key=\"6a9544b89ff8e\" class=\"wp-block-image size-full wp-lightbox-container\"><img decoding=\"async\" width=\"1800\" height=\"1200\" data-wp-class--hide=\"state.isContentHidden\" data-wp-class--show=\"state.isContentVisible\" data-wp-init=\"callbacks.setButtonStyles\" data-wp-on--click=\"actions.showLightbox\" data-wp-on--load=\"callbacks.setButtonStyles\" data-wp-on--pointerdown=\"actions.preloadImage\" data-wp-on--pointerenter=\"actions.preloadImageWithDelay\" data-wp-on--pointerleave=\"actions.cancelPreload\" data-wp-on-window--resize=\"callbacks.setButtonStyles\" src=\"https:\/\/loudavymkrokem.cz\/wp-content\/uploads\/2026\/08\/articles-bonigen-15.jpg\" alt=\"Wodospad ukryty w lesie nad B\u00f6nigen\" class=\"wp-image-404489\" title=\"\" srcset=\"https:\/\/loudavymkrokem.cz\/wp-content\/uploads\/2026\/08\/articles-bonigen-15.jpg 1800w, https:\/\/loudavymkrokem.cz\/wp-content\/uploads\/2026\/08\/articles-bonigen-15-300x200.jpg 300w, https:\/\/loudavymkrokem.cz\/wp-content\/uploads\/2026\/08\/articles-bonigen-15-700x467.jpg 700w, https:\/\/loudavymkrokem.cz\/wp-content\/uploads\/2026\/08\/articles-bonigen-15-768x512.jpg 768w, https:\/\/loudavymkrokem.cz\/wp-content\/uploads\/2026\/08\/articles-bonigen-15-1536x1024.jpg 1536w, https:\/\/loudavymkrokem.cz\/wp-content\/uploads\/2026\/08\/articles-bonigen-15-696x464.jpg 696w, https:\/\/loudavymkrokem.cz\/wp-content\/uploads\/2026\/08\/articles-bonigen-15-1392x928.jpg 1392w\" sizes=\"(max-width: 1800px) 100vw, 1800px\" \/><button\n\t\t\tclass=\"lightbox-trigger\"\n\t\t\ttype=\"button\"\n\t\t\taria-haspopup=\"dialog\"\n\t\t\tdata-wp-bind--aria-label=\"state.thisImage.triggerButtonAriaLabel\"\n\t\t\tdata-wp-init=\"callbacks.initTriggerButton\"\n\t\t\tdata-wp-on--click=\"actions.showLightbox\"\n\t\t\tdata-wp-style--right=\"state.thisImage.buttonRight\"\n\t\t\tdata-wp-style--top=\"state.thisImage.buttonTop\"\n\t\t>\n\t\t\t<svg xmlns=\"http:\/\/www.w3.org\/2000\/svg\" width=\"12\" height=\"12\" fill=\"none\" viewBox=\"0 0 12 12\">\n\t\t\t\t<path fill=\"#fff\" d=\"M2 0a2 2 0 0 0-2 2v2h1.5V2a.5.5 0 0 1 .5-.5h2V0H2Zm2 10.5H2a.5.5 0 0 1-.5-.5V8H0v2a2 2 0 0 0 2 2h2v-1.5ZM8 12v-1.5h2a.5.5 0 0 0 .5-.5V8H12v2a2 2 0 0 1-2 2H8Zm2-12a2 2 0 0 1 2 2v2h-1.5V2a.5.5 0 0 0-.5-.5H8V0h2Z\" \/>\n\t\t\t<\/svg>\n\t\t<\/button><figcaption class=\"wp-element-caption\">Foto: Fez Brook \/ Pexels<\/figcaption><\/figure>\n\n\n\n<h3 class=\"wp-block-heading\"><span class=\"ez-toc-section\" id=\"10_Petla_do_wodospadu_Erschwandenbach\"><\/span>10. P\u0119tla do wodospadu Erschwandenbach<span class=\"ez-toc-section-end\"><\/span><\/h3>\n\n\n\n<p class=\"wp-block-paragraph\">Je\u015bli nie chcesz wyrusza\u0107 na ca\u0142y Szlak Trzech Wodospad\u00f3w, mo\u017cesz zrobi\u0107 sobie pi\u0119kn\u0105 zamkni\u0119t\u0105 p\u0119tl\u0119 tylko do pierwszego z nich. Oficjalna <strong>Rundwanderung Erschwandenfall ma 8,7 kilometra i zajmie ci oko\u0142o 2 godzin i 35 minut<\/strong> normalnego marszu.<\/p>\n\n\n\n<p class=\"wp-block-paragraph\">Po drodze podejmiesz tylko <strong>211 metr\u00f3w, a oficjalnie trasa oznaczona jest jako \u0142atwa<\/strong>, wi\u0119c nie musisz si\u0119 jej ba\u0107 nawet z wi\u0119kszymi dzie\u0107mi. Wodospad Erschwandenbach jest przepi\u0119knie ukryty w g\u0142\u0119bokim lesie, a woda spada tu przez skalne nawisy. W upalny letni dzie\u0144 okolice wodospadu dzia\u0142aj\u0105 jak idealna naturalna klimatyzacja.<\/p>\n\n\n\n<p class=\"wp-block-paragraph\">Ta p\u0119tla jest \u015bwietna, bo poprowadzi ci\u0119 przez <strong>r\u00f3\u017cne typy krajobrazu<\/strong>. Chwil\u0119 p\u00f3jdziesz wzd\u0142u\u017c brzegu, potem zaczniesz wspina\u0107 si\u0119 w g\u00f3ry, a na ko\u0144cu b\u0119dziesz wraca\u0107 le\u015bnymi drogami z <strong>widokami na polodowcowe jezioro<\/strong> w g\u0142\u0119binie pod tob\u0105. Po drodze mijasz gospodarstwo z ma\u0142ym sklepikiem, poza tym na trasie niczego nie kupisz.<\/p>\n\n\n\n<p class=\"wp-block-paragraph\">\ud83d\udca1 Wskaz\u00f3wka: Do samego wodospadu podchodzi si\u0119 <strong>w\u0105sk\u0105 le\u015bn\u0105 \u015bcie\u017ck\u0105<\/strong>, wi\u0119c <strong>przydadz\u0105 si\u0119 kijki trekkingowe<\/strong>, kt\u00f3re odci\u0105\u017c\u0105 ci kolana podczas zej\u015bcia z powrotem do wioski.<\/p>\n\n\n\n<figure data-wp-context=\"{&quot;imageId&quot;:&quot;6a9544b8a058e&quot;}\" data-wp-interactive=\"core\/image\" data-wp-key=\"6a9544b8a058e\" class=\"wp-block-image size-full wp-lightbox-container\"><img decoding=\"async\" width=\"1800\" height=\"1199\" data-wp-class--hide=\"state.isContentHidden\" data-wp-class--show=\"state.isContentVisible\" data-wp-init=\"callbacks.setButtonStyles\" data-wp-on--click=\"actions.showLightbox\" data-wp-on--load=\"callbacks.setButtonStyles\" data-wp-on--pointerdown=\"actions.preloadImage\" data-wp-on--pointerenter=\"actions.preloadImageWithDelay\" data-wp-on--pointerleave=\"actions.cancelPreload\" data-wp-on-window--resize=\"callbacks.setButtonStyles\" src=\"https:\/\/loudavymkrokem.cz\/wp-content\/uploads\/2026\/08\/articles-bonigen-16.jpg\" alt=\"Nadbrze\u017cna \u015bcie\u017cka ko\u0142o Iseltwaldu\" class=\"wp-image-404490\" title=\"\" srcset=\"https:\/\/loudavymkrokem.cz\/wp-content\/uploads\/2026\/08\/articles-bonigen-16.jpg 1800w, https:\/\/loudavymkrokem.cz\/wp-content\/uploads\/2026\/08\/articles-bonigen-16-300x200.jpg 300w, https:\/\/loudavymkrokem.cz\/wp-content\/uploads\/2026\/08\/articles-bonigen-16-700x466.jpg 700w, https:\/\/loudavymkrokem.cz\/wp-content\/uploads\/2026\/08\/articles-bonigen-16-768x512.jpg 768w, https:\/\/loudavymkrokem.cz\/wp-content\/uploads\/2026\/08\/articles-bonigen-16-1536x1023.jpg 1536w, https:\/\/loudavymkrokem.cz\/wp-content\/uploads\/2026\/08\/articles-bonigen-16-696x464.jpg 696w, https:\/\/loudavymkrokem.cz\/wp-content\/uploads\/2026\/08\/articles-bonigen-16-1392x927.jpg 1392w\" sizes=\"(max-width: 1800px) 100vw, 1800px\" \/><button\n\t\t\tclass=\"lightbox-trigger\"\n\t\t\ttype=\"button\"\n\t\t\taria-haspopup=\"dialog\"\n\t\t\tdata-wp-bind--aria-label=\"state.thisImage.triggerButtonAriaLabel\"\n\t\t\tdata-wp-init=\"callbacks.initTriggerButton\"\n\t\t\tdata-wp-on--click=\"actions.showLightbox\"\n\t\t\tdata-wp-style--right=\"state.thisImage.buttonRight\"\n\t\t\tdata-wp-style--top=\"state.thisImage.buttonTop\"\n\t\t>\n\t\t\t<svg xmlns=\"http:\/\/www.w3.org\/2000\/svg\" width=\"12\" height=\"12\" fill=\"none\" viewBox=\"0 0 12 12\">\n\t\t\t\t<path fill=\"#fff\" d=\"M2 0a2 2 0 0 0-2 2v2h1.5V2a.5.5 0 0 1 .5-.5h2V0H2Zm2 10.5H2a.5.5 0 0 1-.5-.5V8H0v2a2 2 0 0 0 2 2h2v-1.5ZM8 12v-1.5h2a.5.5 0 0 0 .5-.5V8H12v2a2 2 0 0 1-2 2H8Zm2-12a2 2 0 0 1 2 2v2h-1.5V2a.5.5 0 0 0-.5-.5H8V0h2Z\" \/>\n\t\t\t<\/svg>\n\t\t<\/button><figcaption class=\"wp-element-caption\">Foto: Jean-Paul Wettstein \/ Pexels<\/figcaption><\/figure>\n\n\n\n<h3 class=\"wp-block-heading\"><span class=\"ez-toc-section\" id=\"11_Nadbrzezna_sciezka_Uferweg_z_Iseltwaldu_na_Giessbach\"><\/span>11. Nadbrze\u017cna \u015bcie\u017cka Uferweg z Iseltwaldu na Giessbach<span class=\"ez-toc-section-end\"><\/span><\/h3>\n\n\n\n<p class=\"wp-block-paragraph\">Ta trasa co prawda nie zaczyna si\u0119 wprost w B\u00f6nigen, ale to jeden z najpi\u0119kniejszych spacer\u00f3w w ca\u0142ej Szwajcarii, kt\u00f3rego pomin\u0105\u0107 by\u0142by grzech. Rano po prostu wsiadasz w <strong>autobus 103 (kt\u00f3ry z Guest Card masz za darmo)<\/strong> albo na statek i dajesz si\u0119 dowie\u017a\u0107 do s\u0105siedniego Iseltwaldu, gdzie \u015bcie\u017cka startuje.<\/p>\n\n\n\n<p class=\"wp-block-paragraph\">Stamt\u0105d prowadzi tak zwana <strong>Uferweg wprost wzd\u0142u\u017c skalistego wybrze\u017ca a\u017c do wodospad\u00f3w Giessbach<\/strong>. <strong>Nie oczekuj jednak r\u00f3wnej promenady<\/strong> \u2014 ju\u017c w pierwszym kilometrze podejmiesz p\u00f3\u0142tora setki metr\u00f3w, droga miejscami si\u0119 zw\u0119\u017ca, a niekt\u00f3re odcinki s\u0105 wykute w skale. Nagrod\u0105 s\u0105 romantyczne zatoki, gdzie latem mo\u017cna och\u0142odzi\u0107 stopy.<\/p>\n\n\n\n<p class=\"wp-block-paragraph\">Trasa ma <strong>oko\u0142o 5,3 kilometra i zajmie p\u00f3\u0142torej godziny<\/strong>, serpentyny przy wodospadach s\u0105 jednak porz\u0105dnie strome i bez kijk\u00f3w schodzi si\u0119 po nich nieprzyjemnie. Po drodze niczego do jedzenia nie kupisz, przek\u0105sk\u0119 we\u017a ze sob\u0105. Nagrodzi\u0107 si\u0119 mo\u017cesz potem kaw\u0105 na tarasie historycznego hotelu i wr\u00f3ci\u0107 do B\u00f6nigen popo\u0142udniowym parowcem.<\/p>\n\n\n\n<p class=\"wp-block-paragraph\">\ud83d\udca1 Wskaz\u00f3wka: <strong>\u015acie\u017cka bywa zim\u0105 zamkni\u0119ta z powodu spadaj\u0105cych kamieni<\/strong> i otwiera si\u0119 zwykle pod koniec marca \u2014 w sezonie 2026 jest przejezdna, ale przed wycieczk\u0105 lepiej sprawd\u017a aktualny stan na stronach gmin Iseltwald lub Brienz. I wyrusz <strong>jak najwcze\u015bniej rano<\/strong> \u2014 popo\u0142udniami bywa tu t\u0142ok.<\/p>\n\n\n\n<figure data-wp-context=\"{&quot;imageId&quot;:&quot;6a9544b8a0e98&quot;}\" data-wp-interactive=\"core\/image\" data-wp-key=\"6a9544b8a0e98\" class=\"wp-block-image size-full wp-lightbox-container\"><img decoding=\"async\" width=\"1800\" height=\"1200\" data-wp-class--hide=\"state.isContentHidden\" data-wp-class--show=\"state.isContentVisible\" data-wp-init=\"callbacks.setButtonStyles\" data-wp-on--click=\"actions.showLightbox\" data-wp-on--load=\"callbacks.setButtonStyles\" data-wp-on--pointerdown=\"actions.preloadImage\" data-wp-on--pointerenter=\"actions.preloadImageWithDelay\" data-wp-on--pointerleave=\"actions.cancelPreload\" data-wp-on-window--resize=\"callbacks.setButtonStyles\" src=\"https:\/\/loudavymkrokem.cz\/wp-content\/uploads\/2026\/08\/articles-bonigen-17.jpg\" alt=\"Le\u015bna \u015bcie\u017cka wspinaj\u0105ca si\u0119 na Harder Kulm\" class=\"wp-image-404495\" title=\"\" srcset=\"https:\/\/loudavymkrokem.cz\/wp-content\/uploads\/2026\/08\/articles-bonigen-17.jpg 1800w, https:\/\/loudavymkrokem.cz\/wp-content\/uploads\/2026\/08\/articles-bonigen-17-300x200.jpg 300w, https:\/\/loudavymkrokem.cz\/wp-content\/uploads\/2026\/08\/articles-bonigen-17-700x467.jpg 700w, https:\/\/loudavymkrokem.cz\/wp-content\/uploads\/2026\/08\/articles-bonigen-17-768x512.jpg 768w, https:\/\/loudavymkrokem.cz\/wp-content\/uploads\/2026\/08\/articles-bonigen-17-1536x1024.jpg 1536w, https:\/\/loudavymkrokem.cz\/wp-content\/uploads\/2026\/08\/articles-bonigen-17-696x464.jpg 696w, https:\/\/loudavymkrokem.cz\/wp-content\/uploads\/2026\/08\/articles-bonigen-17-1392x928.jpg 1392w\" sizes=\"(max-width: 1800px) 100vw, 1800px\" \/><button\n\t\t\tclass=\"lightbox-trigger\"\n\t\t\ttype=\"button\"\n\t\t\taria-haspopup=\"dialog\"\n\t\t\tdata-wp-bind--aria-label=\"state.thisImage.triggerButtonAriaLabel\"\n\t\t\tdata-wp-init=\"callbacks.initTriggerButton\"\n\t\t\tdata-wp-on--click=\"actions.showLightbox\"\n\t\t\tdata-wp-style--right=\"state.thisImage.buttonRight\"\n\t\t\tdata-wp-style--top=\"state.thisImage.buttonTop\"\n\t\t>\n\t\t\t<svg xmlns=\"http:\/\/www.w3.org\/2000\/svg\" width=\"12\" height=\"12\" fill=\"none\" viewBox=\"0 0 12 12\">\n\t\t\t\t<path fill=\"#fff\" d=\"M2 0a2 2 0 0 0-2 2v2h1.5V2a.5.5 0 0 1 .5-.5h2V0H2Zm2 10.5H2a.5.5 0 0 1-.5-.5V8H0v2a2 2 0 0 0 2 2h2v-1.5ZM8 12v-1.5h2a.5.5 0 0 0 .5-.5V8H12v2a2 2 0 0 1-2 2H8Zm2-12a2 2 0 0 1 2 2v2h-1.5V2a.5.5 0 0 0-.5-.5H8V0h2Z\" \/>\n\t\t\t<\/svg>\n\t\t<\/button><figcaption class=\"wp-element-caption\">Foto: \u041f\u0430\u0432\u0435\u043b \u0413\u0430\u0432\u0440\u0438\u043a\u043e\u0432 \/ Pexels<\/figcaption><\/figure>\n\n\n\n<h3 class=\"wp-block-heading\"><span class=\"ez-toc-section\" id=\"12_Wyzwanie_pieszo_Wejscie_na_Harder_Kulm\"><\/span>12. Wyzwanie pieszo: Wej\u015bcie na Harder Kulm<span class=\"ez-toc-section-end\"><\/span><\/h3>\n\n\n\n<p class=\"wp-block-paragraph\">Wi\u0119kszo\u015b\u0107 turyst\u00f3w wje\u017cd\u017ca na <strong>punkt widokowy Harder Kulm<\/strong> wygodnie kolejk\u0105, ale dla wprawnych piechur\u00f3w istnieje tu znacznie wi\u0119ksze wyzwanie. Z B\u00f6nigen mo\u017cesz ca\u0142\u0105 drog\u0119 a\u017c na szczyt uczciwie przej\u015b\u0107 na piechot\u0119. Przygotuj si\u0119 jednak na to, \u017ce b\u0119dzie to <strong>porz\u0105dny zab\u00f3jca dla twoich \u0142ydek<\/strong>.<\/p>\n\n\n\n<p class=\"wp-block-paragraph\">Wed\u0142ug zapis\u00f3w z Komoota ta ca\u0142odniowa p\u0119tla ma <strong>13,5 kilometra, a czysty czas marszu to 5 godzin i 16 minut<\/strong>. Po drodze musisz pokona\u0107 surowe <strong>przewy\u017cszenie 750 metr\u00f3w<\/strong>, co jasno klasyfikuje tras\u0119 jako wymagaj\u0105c\u0105. Podej\u015bcie jest wprawdzie bezpieczne, ale bardzo strome i niesko\u0144czone.<\/p>\n\n\n\n<p class=\"wp-block-paragraph\">Nagroda za ten trud jest jednak s\u0142odka. Zyskasz niepowtarzalne poczucie satysfakcji, gdy <strong>dotrzesz na platform\u0119 widokow\u0105<\/strong> w\u015br\u00f3d turyst\u00f3w, kt\u00f3rzy w\u0142a\u015bnie wysiedli z kolejki. Po drodze w g\u00f3r\u0119 na dodatek <strong>spotkasz minimum ludzi<\/strong> i nacieszysz si\u0119 cisz\u0105 lasu, kt\u00f3rej na samym szczycie zdecydowanie nie znajdziesz.<\/p>\n\n\n\n<p class=\"wp-block-paragraph\">\ud83d\udca1 Wskaz\u00f3wka: Je\u015bli na g\u00f3rze sko\u0144cz\u0105 ci si\u0119 si\u0142y, nic si\u0119 nie dzieje. Mo\u017cesz w restauracji kupi\u0107 <strong>bilet w jedn\u0105 stron\u0119 na kolejk\u0119<\/strong> w d\u00f3\u0142 do Interlakenu i <strong>reszt\u0119 drogi przejecha\u0107 autobusem<\/strong>.<\/p>\n\n\n\n<figure data-wp-context=\"{&quot;imageId&quot;:&quot;6a9544b8a15a7&quot;}\" data-wp-interactive=\"core\/image\" data-wp-key=\"6a9544b8a15a7\" class=\"wp-block-image size-full wp-lightbox-container\"><img decoding=\"async\" width=\"1920\" height=\"1280\" data-wp-class--hide=\"state.isContentHidden\" data-wp-class--show=\"state.isContentVisible\" data-wp-init=\"callbacks.setButtonStyles\" data-wp-on--click=\"actions.showLightbox\" data-wp-on--load=\"callbacks.setButtonStyles\" data-wp-on--pointerdown=\"actions.preloadImage\" data-wp-on--pointerenter=\"actions.preloadImageWithDelay\" data-wp-on--pointerleave=\"actions.cancelPreload\" data-wp-on-window--resize=\"callbacks.setButtonStyles\" src=\"https:\/\/loudavymkrokem.cz\/wp-content\/uploads\/2026\/08\/bonigen-lanovka-grindelwald-first.jpg\" alt=\"Kolej gondolowa z Grindelwaldu na First nad alpejskimi \u0142\u0105kami\" class=\"wp-image-407333\" title=\"\" srcset=\"https:\/\/loudavymkrokem.cz\/wp-content\/uploads\/2026\/08\/bonigen-lanovka-grindelwald-first.jpg 1920w, https:\/\/loudavymkrokem.cz\/wp-content\/uploads\/2026\/08\/bonigen-lanovka-grindelwald-first-300x200.jpg 300w, https:\/\/loudavymkrokem.cz\/wp-content\/uploads\/2026\/08\/bonigen-lanovka-grindelwald-first-700x467.jpg 700w, https:\/\/loudavymkrokem.cz\/wp-content\/uploads\/2026\/08\/bonigen-lanovka-grindelwald-first-768x512.jpg 768w, https:\/\/loudavymkrokem.cz\/wp-content\/uploads\/2026\/08\/bonigen-lanovka-grindelwald-first-1536x1024.jpg 1536w, https:\/\/loudavymkrokem.cz\/wp-content\/uploads\/2026\/08\/bonigen-lanovka-grindelwald-first-696x464.jpg 696w, https:\/\/loudavymkrokem.cz\/wp-content\/uploads\/2026\/08\/bonigen-lanovka-grindelwald-first-1392x928.jpg 1392w\" sizes=\"(max-width: 1920px) 100vw, 1920px\" \/><button\n\t\t\tclass=\"lightbox-trigger\"\n\t\t\ttype=\"button\"\n\t\t\taria-haspopup=\"dialog\"\n\t\t\tdata-wp-bind--aria-label=\"state.thisImage.triggerButtonAriaLabel\"\n\t\t\tdata-wp-init=\"callbacks.initTriggerButton\"\n\t\t\tdata-wp-on--click=\"actions.showLightbox\"\n\t\t\tdata-wp-style--right=\"state.thisImage.buttonRight\"\n\t\t\tdata-wp-style--top=\"state.thisImage.buttonTop\"\n\t\t>\n\t\t\t<svg xmlns=\"http:\/\/www.w3.org\/2000\/svg\" width=\"12\" height=\"12\" fill=\"none\" viewBox=\"0 0 12 12\">\n\t\t\t\t<path fill=\"#fff\" d=\"M2 0a2 2 0 0 0-2 2v2h1.5V2a.5.5 0 0 1 .5-.5h2V0H2Zm2 10.5H2a.5.5 0 0 1-.5-.5V8H0v2a2 2 0 0 0 2 2h2v-1.5ZM8 12v-1.5h2a.5.5 0 0 0 .5-.5V8H12v2a2 2 0 0 1-2 2H8Zm2-12a2 2 0 0 1 2 2v2h-1.5V2a.5.5 0 0 0-.5-.5H8V0h2Z\" \/>\n\t\t\t<\/svg>\n\t\t<\/button><figcaption class=\"wp-element-caption\">Foto: W. Bulach \/ Wikimedia Commons, CC BY-SA 4.0<\/figcaption><\/figure>\n\n\n\n<h2 class=\"wp-block-heading\"><span class=\"ez-toc-section\" id=\"Szlaki_na_ktore_wywiezie_cie_kolejka_6_tras_nad_dolina\"><\/span>Szlaki, na kt\u00f3re wywiezie ci\u0119 kolejka: 6 tras nad dolin\u0105<span class=\"ez-toc-section-end\"><\/span><\/h2>\n\n\n\n<p class=\"wp-block-paragraph\">To rzecz, kt\u00f3r\u0105 sama zrozumia\u0142am dopiero na miejscu: <strong>w Berne\u0144skim Oberlandzie prawie nigdzie nie chodzi si\u0119 od do\u0142u<\/strong>. Klasyka to wjecha\u0107 kolejk\u0105 albo kolejk\u0105 z\u0119bat\u0105 powy\u017cej granicy lasu i dopiero tam zacz\u0105\u0107 i\u015b\u0107. Oszcz\u0119dzisz sobie tysi\u0105c metr\u00f3w przewy\u017cszenia trudu i od razu znajdziesz si\u0119 w krajobrazie, dla kt\u00f3rego tu przyjecha\u0142a\u015b.<\/p>\n\n\n\n<p class=\"wp-block-paragraph\">Licz si\u0119 jednak z tym, \u017ce <strong>szwajcarskie kolejki s\u0105 brutalnie drogie<\/strong>. Je\u015bli planujesz wi\u0119cej ni\u017c dwie takie wycieczki, przelicz sobie <strong>Bernese Oberland Pass<\/strong> \u2014 na trzy dni kosztuje 240 frank\u00f3w, a mn\u00f3stwo kolei masz z nim za darmo lub za p\u00f3\u0142 ceny. A na drogie punkty widokowe jed\u017a tylko przy jasnej pogodzie, bo inaczej zap\u0142acisz dziesi\u0105tki frank\u00f3w za widok we mgle.<\/p>\n\n\n\n<figure data-wp-context=\"{&quot;imageId&quot;:&quot;6a9544b8a1d98&quot;}\" data-wp-interactive=\"core\/image\" data-wp-key=\"6a9544b8a1d98\" class=\"wp-block-image size-full wp-lightbox-container\"><img decoding=\"async\" width=\"1920\" height=\"1080\" data-wp-class--hide=\"state.isContentHidden\" data-wp-class--show=\"state.isContentVisible\" data-wp-init=\"callbacks.setButtonStyles\" data-wp-on--click=\"actions.showLightbox\" data-wp-on--load=\"callbacks.setButtonStyles\" data-wp-on--pointerdown=\"actions.preloadImage\" data-wp-on--pointerenter=\"actions.preloadImageWithDelay\" data-wp-on--pointerleave=\"actions.cancelPreload\" data-wp-on-window--resize=\"callbacks.setButtonStyles\" src=\"https:\/\/loudavymkrokem.cz\/wp-content\/uploads\/2026\/08\/bonigen-bachalpsee-jezero-first-1.jpg\" alt=\"G\u00f3rskie jezioro Bachalpsee nad Grindelwaldem z odbiciem lodowcowych szczyt\u00f3w\" class=\"wp-image-407122\" title=\"\" srcset=\"https:\/\/loudavymkrokem.cz\/wp-content\/uploads\/2026\/08\/bonigen-bachalpsee-jezero-first-1.jpg 1920w, https:\/\/loudavymkrokem.cz\/wp-content\/uploads\/2026\/08\/bonigen-bachalpsee-jezero-first-1-300x169.jpg 300w, https:\/\/loudavymkrokem.cz\/wp-content\/uploads\/2026\/08\/bonigen-bachalpsee-jezero-first-1-700x394.jpg 700w, https:\/\/loudavymkrokem.cz\/wp-content\/uploads\/2026\/08\/bonigen-bachalpsee-jezero-first-1-768x432.jpg 768w, https:\/\/loudavymkrokem.cz\/wp-content\/uploads\/2026\/08\/bonigen-bachalpsee-jezero-first-1-1536x864.jpg 1536w, https:\/\/loudavymkrokem.cz\/wp-content\/uploads\/2026\/08\/bonigen-bachalpsee-jezero-first-1-696x392.jpg 696w, https:\/\/loudavymkrokem.cz\/wp-content\/uploads\/2026\/08\/bonigen-bachalpsee-jezero-first-1-1392x783.jpg 1392w\" sizes=\"(max-width: 1920px) 100vw, 1920px\" \/><button\n\t\t\tclass=\"lightbox-trigger\"\n\t\t\ttype=\"button\"\n\t\t\taria-haspopup=\"dialog\"\n\t\t\tdata-wp-bind--aria-label=\"state.thisImage.triggerButtonAriaLabel\"\n\t\t\tdata-wp-init=\"callbacks.initTriggerButton\"\n\t\t\tdata-wp-on--click=\"actions.showLightbox\"\n\t\t\tdata-wp-style--right=\"state.thisImage.buttonRight\"\n\t\t\tdata-wp-style--top=\"state.thisImage.buttonTop\"\n\t\t>\n\t\t\t<svg xmlns=\"http:\/\/www.w3.org\/2000\/svg\" width=\"12\" height=\"12\" fill=\"none\" viewBox=\"0 0 12 12\">\n\t\t\t\t<path fill=\"#fff\" d=\"M2 0a2 2 0 0 0-2 2v2h1.5V2a.5.5 0 0 1 .5-.5h2V0H2Zm2 10.5H2a.5.5 0 0 1-.5-.5V8H0v2a2 2 0 0 0 2 2h2v-1.5ZM8 12v-1.5h2a.5.5 0 0 0 .5-.5V8H12v2a2 2 0 0 1-2 2H8Zm2-12a2 2 0 0 1 2 2v2h-1.5V2a.5.5 0 0 0-.5-.5H8V0h2Z\" \/>\n\t\t\t<\/svg>\n\t\t<\/button><figcaption class=\"wp-element-caption\">Foto: Chnebelh\u00e4x \/ Wikimedia Commons, CC BY-SA 4.0<\/figcaption><\/figure>\n\n\n\n<h3 class=\"wp-block-heading\"><span class=\"ez-toc-section\" id=\"13_Od_First_do_jeziora_Bachalpsee\"><\/span>13. Od First do jeziora Bachalpsee<span class=\"ez-toc-section-end\"><\/span><\/h3>\n\n\n\n<p class=\"wp-block-paragraph\">Je\u015bli masz czas tylko na jeden g\u00f3rski szlak w okolicy, niech to b\u0119dzie ten. Z Grindelwaldu wywiezie ci\u0119 gondola na <strong>First na wysoko\u015bci 2 167 metr\u00f3w<\/strong>, a stamt\u0105d idzie si\u0119 szerok\u0105, utrzyman\u0105 drog\u0105 do <strong>jeziora Bachalpsee na 2 265 metrach<\/strong>. Tam i z powrotem trwa to <strong>nieca\u0142e dwie godziny, a podejmiesz tylko nieco ponad 200 metr\u00f3w<\/strong>.<\/p>\n\n\n\n<p class=\"wp-block-paragraph\">To jezioro jest powodem, dla kt\u00f3rego si\u0119 tu przychodzi. Przy bezwietrznej pogodzie odbijaj\u0105 si\u0119 w nim <strong>Wetterhorn, Schreckhorn i Finsteraarhorn<\/strong>, czyli lodowcowe czterotysi\u0119czniki, kt\u00f3re masz nagle wszystkie na tafli pod sob\u0105. To jedna z najcz\u0119\u015bciej fotografowanych scenerii Alp szwajcarskich, a na \u017cywo dzia\u0142a jeszcze lepiej ni\u017c na zdj\u0119ciach.<\/p>\n\n\n\n<p class=\"wp-block-paragraph\">Z Interlakenu dojedziesz tu poci\u0105giem do Grindelwaldu w oko\u0142o 35 minut, a potem gondol\u0105 kolejne 25 minut. <strong>Bilet powrotny na First kosztuje w szczycie sezonu 76 frank\u00f3w<\/strong>, ze zni\u017ck\u0105 po\u0142owiczn\u0105 albo Swiss Travel Pass zap\u0142acisz 38.<\/p>\n\n\n\n<p class=\"wp-block-paragraph\">\ud83d\udca1 Wskaz\u00f3wka: Wyrusz pierwszym porannym kursem \u2014 ko\u0142o dziesi\u0105tej droga do jeziora zmienia si\u0119 w przesuwaj\u0105cy si\u0119 sznur ludzi, a <strong>tafla po po\u0142udniu bywa zmarszczona wiatrem<\/strong>, wi\u0119c odbicia g\u00f3r ju\u017c nie uchwycisz. I w poci\u0105gu z Interlakenu <strong>usi\u0105d\u017a w tylnej cz\u0119\u015bci sk\u0142adu<\/strong>: w Zweil\u00fctschinen poci\u0105g si\u0119 dzieli i przednia po\u0142owa jedzie do Lauterbrunnen.<\/p>\n\n\n\n<figure data-wp-context=\"{&quot;imageId&quot;:&quot;6a9544b8a251e&quot;}\" data-wp-interactive=\"core\/image\" data-wp-key=\"6a9544b8a251e\" class=\"wp-block-image size-full wp-lightbox-container\"><img decoding=\"async\" width=\"1920\" height=\"1440\" data-wp-class--hide=\"state.isContentHidden\" data-wp-class--show=\"state.isContentVisible\" data-wp-init=\"callbacks.setButtonStyles\" data-wp-on--click=\"actions.showLightbox\" data-wp-on--load=\"callbacks.setButtonStyles\" data-wp-on--pointerdown=\"actions.preloadImage\" data-wp-on--pointerenter=\"actions.preloadImageWithDelay\" data-wp-on--pointerleave=\"actions.cancelPreload\" data-wp-on-window--resize=\"callbacks.setButtonStyles\" src=\"https:\/\/loudavymkrokem.cz\/wp-content\/uploads\/2026\/08\/bonigen-faulhorn-horsky-hotel-1.jpg\" alt=\"Szczyt Faulhorn z historycznym schroniskiem g\u00f3rskim z 1832 roku\" class=\"wp-image-407129\" title=\"\" srcset=\"https:\/\/loudavymkrokem.cz\/wp-content\/uploads\/2026\/08\/bonigen-faulhorn-horsky-hotel-1.jpg 1920w, https:\/\/loudavymkrokem.cz\/wp-content\/uploads\/2026\/08\/bonigen-faulhorn-horsky-hotel-1-300x225.jpg 300w, https:\/\/loudavymkrokem.cz\/wp-content\/uploads\/2026\/08\/bonigen-faulhorn-horsky-hotel-1-700x525.jpg 700w, https:\/\/loudavymkrokem.cz\/wp-content\/uploads\/2026\/08\/bonigen-faulhorn-horsky-hotel-1-768x576.jpg 768w, https:\/\/loudavymkrokem.cz\/wp-content\/uploads\/2026\/08\/bonigen-faulhorn-horsky-hotel-1-1536x1152.jpg 1536w, https:\/\/loudavymkrokem.cz\/wp-content\/uploads\/2026\/08\/bonigen-faulhorn-horsky-hotel-1-80x60.jpg 80w, https:\/\/loudavymkrokem.cz\/wp-content\/uploads\/2026\/08\/bonigen-faulhorn-horsky-hotel-1-160x120.jpg 160w, https:\/\/loudavymkrokem.cz\/wp-content\/uploads\/2026\/08\/bonigen-faulhorn-horsky-hotel-1-696x522.jpg 696w, https:\/\/loudavymkrokem.cz\/wp-content\/uploads\/2026\/08\/bonigen-faulhorn-horsky-hotel-1-1392x1044.jpg 1392w\" sizes=\"(max-width: 1920px) 100vw, 1920px\" \/><button\n\t\t\tclass=\"lightbox-trigger\"\n\t\t\ttype=\"button\"\n\t\t\taria-haspopup=\"dialog\"\n\t\t\tdata-wp-bind--aria-label=\"state.thisImage.triggerButtonAriaLabel\"\n\t\t\tdata-wp-init=\"callbacks.initTriggerButton\"\n\t\t\tdata-wp-on--click=\"actions.showLightbox\"\n\t\t\tdata-wp-style--right=\"state.thisImage.buttonRight\"\n\t\t\tdata-wp-style--top=\"state.thisImage.buttonTop\"\n\t\t>\n\t\t\t<svg xmlns=\"http:\/\/www.w3.org\/2000\/svg\" width=\"12\" height=\"12\" fill=\"none\" viewBox=\"0 0 12 12\">\n\t\t\t\t<path fill=\"#fff\" d=\"M2 0a2 2 0 0 0-2 2v2h1.5V2a.5.5 0 0 1 .5-.5h2V0H2Zm2 10.5H2a.5.5 0 0 1-.5-.5V8H0v2a2 2 0 0 0 2 2h2v-1.5ZM8 12v-1.5h2a.5.5 0 0 0 .5-.5V8H12v2a2 2 0 0 1-2 2H8Zm2-12a2 2 0 0 1 2 2v2h-1.5V2a.5.5 0 0 0-.5-.5H8V0h2Z\" \/>\n\t\t\t<\/svg>\n\t\t<\/button><figcaption class=\"wp-element-caption\">Foto: Whgler \/ Wikimedia Commons, CC BY-SA 3.0<\/figcaption><\/figure>\n\n\n\n<h3 class=\"wp-block-heading\"><span class=\"ez-toc-section\" id=\"14_Krolewska_gran_Schynige_Platte_%E2%80%93_Faulhorn_%E2%80%93_First\"><\/span>14. Kr\u00f3lewska gra\u0144 Schynige Platte \u2013 Faulhorn \u2013 First<span class=\"ez-toc-section-end\"><\/span><\/h3>\n\n\n\n<p class=\"wp-block-paragraph\">To najs\u0142ynniejsza ca\u0142odniowa trasa ca\u0142ego regionu i zar\u00f3wno \u017ar\u00f3d\u0142a francuskie, jak i angielskie zgodnie zaliczaj\u0105 j\u0105 do najpi\u0119kniejszych w Szwajcarii. Wyjedziesz kolejk\u0105 z\u0119bat\u0105 na <strong>Schynige Platte<\/strong>, ca\u0142y dzie\u0144 idziesz grani\u0105 z Jeziorem Thu\u0144skim i Brienckim po jednej stronie oraz Eigerem, M\u00f6nchem i Jungfrau po drugiej, a w d\u00f3\u0142 zjedziesz gondol\u0105 z First.<\/p>\n\n\n\n<p class=\"wp-block-paragraph\">To <strong>mniej wi\u0119cej 16 do 17 kilometr\u00f3w i licz si\u0119 z sze\u015bcioma do o\u015bmiu godzinami<\/strong> w zale\u017cno\u015bci od tego, jak cz\u0119sto b\u0119dziesz si\u0119 zatrzymywa\u0107. Najwy\u017cszy punkt to <strong>Faulhorn na 2 681 metrach<\/strong>, dok\u0105d ze Schynige Platte wejdziesz w 4 godziny i 10 minut. Po drodze mijasz jezioro S\u00e4gistalsee, a w samej ko\u0144c\u00f3wce schodzisz ko\u0142o Bachalpsee.<\/p>\n\n\n\n<p class=\"wp-block-paragraph\">Na szczycie Faulhorn stoi <strong>schronisko g\u00f3rskie z 1832 roku<\/strong> \u2014 starsze s\u0105 w Szwajcarii tylko dwa. Da si\u0119 w nim przenocowa\u0107 i to opcja, kt\u00f3r\u0105 rozwa\u017cy\u0142abym ka\u017cdemu, kto nie chce przej\u015b\u0107 ca\u0142ej trasy na raz. Podzielisz j\u0105 na dwa spokojne dni, a do tego masz wsch\u00f3d s\u0142o\u0144ca nad lodowcami.<\/p>\n\n\n\n<p class=\"wp-block-paragraph\">\ud83d\udca1 Wskaz\u00f3wka: Pilnuj rozk\u0142adu \u2014 <strong>kolejka z\u0119bata na Schynige Platte je\u017adzi dopiero od 13 czerwca do 25 pa\u017adziernika<\/strong>, a ostatnia gondola z First odje\u017cd\u017ca po po\u0142udniu. Nocleg na Faulhorn wyjdzie <strong>od 80 frank\u00f3w nawet z p\u00f3\u0142pensjonatem<\/strong>, ale licz si\u0119 z tym, \u017ce na g\u00f3rze <strong>nie ma prysznic\u00f3w ani wody pitnej<\/strong>, a do noclegowni obowi\u0105zkowa jest wk\u0142adka do \u015bpiwora.<\/p>\n\n\n\n<figure data-wp-context=\"{&quot;imageId&quot;:&quot;6a9544b8a2d30&quot;}\" data-wp-interactive=\"core\/image\" data-wp-key=\"6a9544b8a2d30\" class=\"wp-block-image size-full wp-lightbox-container\"><img decoding=\"async\" width=\"1600\" height=\"1200\" data-wp-class--hide=\"state.isContentHidden\" data-wp-class--show=\"state.isContentVisible\" data-wp-init=\"callbacks.setButtonStyles\" data-wp-on--click=\"actions.showLightbox\" data-wp-on--load=\"callbacks.setButtonStyles\" data-wp-on--pointerdown=\"actions.preloadImage\" data-wp-on--pointerenter=\"actions.preloadImageWithDelay\" data-wp-on--pointerleave=\"actions.cancelPreload\" data-wp-on-window--resize=\"callbacks.setButtonStyles\" src=\"https:\/\/loudavymkrokem.cz\/wp-content\/uploads\/2026\/08\/bonigen-mannlichen-kleine-scheidegg-1.jpg\" alt=\"Panoramiczna droga z M\u00e4nnlichen na Kleine Scheidegg z masywem Jungfrau\" class=\"wp-image-407132\" title=\"\" srcset=\"https:\/\/loudavymkrokem.cz\/wp-content\/uploads\/2026\/08\/bonigen-mannlichen-kleine-scheidegg-1.jpg 1600w, https:\/\/loudavymkrokem.cz\/wp-content\/uploads\/2026\/08\/bonigen-mannlichen-kleine-scheidegg-1-300x225.jpg 300w, https:\/\/loudavymkrokem.cz\/wp-content\/uploads\/2026\/08\/bonigen-mannlichen-kleine-scheidegg-1-700x525.jpg 700w, https:\/\/loudavymkrokem.cz\/wp-content\/uploads\/2026\/08\/bonigen-mannlichen-kleine-scheidegg-1-768x576.jpg 768w, https:\/\/loudavymkrokem.cz\/wp-content\/uploads\/2026\/08\/bonigen-mannlichen-kleine-scheidegg-1-1536x1152.jpg 1536w, https:\/\/loudavymkrokem.cz\/wp-content\/uploads\/2026\/08\/bonigen-mannlichen-kleine-scheidegg-1-80x60.jpg 80w, https:\/\/loudavymkrokem.cz\/wp-content\/uploads\/2026\/08\/bonigen-mannlichen-kleine-scheidegg-1-160x120.jpg 160w, https:\/\/loudavymkrokem.cz\/wp-content\/uploads\/2026\/08\/bonigen-mannlichen-kleine-scheidegg-1-696x522.jpg 696w, https:\/\/loudavymkrokem.cz\/wp-content\/uploads\/2026\/08\/bonigen-mannlichen-kleine-scheidegg-1-1392x1044.jpg 1392w\" sizes=\"(max-width: 1600px) 100vw, 1600px\" \/><button\n\t\t\tclass=\"lightbox-trigger\"\n\t\t\ttype=\"button\"\n\t\t\taria-haspopup=\"dialog\"\n\t\t\tdata-wp-bind--aria-label=\"state.thisImage.triggerButtonAriaLabel\"\n\t\t\tdata-wp-init=\"callbacks.initTriggerButton\"\n\t\t\tdata-wp-on--click=\"actions.showLightbox\"\n\t\t\tdata-wp-style--right=\"state.thisImage.buttonRight\"\n\t\t\tdata-wp-style--top=\"state.thisImage.buttonTop\"\n\t\t>\n\t\t\t<svg xmlns=\"http:\/\/www.w3.org\/2000\/svg\" width=\"12\" height=\"12\" fill=\"none\" viewBox=\"0 0 12 12\">\n\t\t\t\t<path fill=\"#fff\" d=\"M2 0a2 2 0 0 0-2 2v2h1.5V2a.5.5 0 0 1 .5-.5h2V0H2Zm2 10.5H2a.5.5 0 0 1-.5-.5V8H0v2a2 2 0 0 0 2 2h2v-1.5ZM8 12v-1.5h2a.5.5 0 0 0 .5-.5V8H12v2a2 2 0 0 1-2 2H8Zm2-12a2 2 0 0 1 2 2v2h-1.5V2a.5.5 0 0 0-.5-.5H8V0h2Z\" \/>\n\t\t\t<\/svg>\n\t\t<\/button><figcaption class=\"wp-element-caption\">Foto: Timo Newton-Syms \/ Wikimedia Commons, CC BY-SA 2.0<\/figcaption><\/figure>\n\n\n\n<!-- LKM_GYG_CARD start q=\"bonigen\" lang=\"pl\" rendered=\"2026-08-31T07:33:49+00:00\" v=\"1\" -->\n\n<!-- LKM_GYG_CARD end -->\n\n\n\n\n<div class=\"lk-stays-module\">\n<style>\n\/* \u2500\u2500\u2500 RESET PRO GUTENBERG \u2500\u2500\u2500 *\/\n.lk-stays-module * { box-sizing: border-box; margin: 0; padding: 0; }\n\n\/* \u2500\u2500\u2500 WRAPPER \u2500\u2500\u2500 *\/\n.lk-stays-module {\n  font-family: 'DM Sans', Georgia, sans-serif;\n  max-width: 100%;\n  margin: 2.5rem auto;\n  background: linear-gradient(135deg, #fdfaf5 0%, #fcf8f0 100%);\n  border: 1px solid #e8dfd4;\n  border-radius: 16px;\n  overflow: hidden;\n  box-shadow: 0 16px 48px rgba(195, 159, 118, 0.25), 0 4px 12px rgba(0,0,0,0.08);\n}\n\n\/* \u2500\u2500\u2500 HEADER \u2500\u2500\u2500 *\/\n.lk-stays-header {\n  position: relative;\n  padding: 24px 36px 24px;\n  background: linear-gradient(135deg, #c39f76 0%, #d4b188 60%, #c39f76 100%);\n  border-bottom: 1px solid rgba(255,255,255,.15);\n  display: flex;\n  align-items: center;\n  gap: 18px;\n}\n.lk-stays-header::before {\n  content: '';\n  position: absolute;\n  inset: 0;\n  background: url(\"data:image\/svg+xml,%3Csvg width='60' height='60' viewBox='0 0 60 60' xmlns='http:\/\/www.w3.org\/2000\/svg'%3E%3Cg fill='none' fill-rule='evenodd'%3E%3Cg fill='%23ffffff' fill-opacity='0.05'%3E%3Cpath d='M36 34v-4h-2v4h-4v2h4v4h2v-4h4v-2h-4zm0-30V0h-2v4h-4v2h4v4h2V6h4V4h-4zM6 34v-4H4v4H0v2h4v4h2v-4h4v-2H6zM6 4V0H4v4H0v2h4v4h2V6h4V4H6z'\/%3E%3C\/g%3E%3C\/g%3E%3C\/svg%3E\") repeat;\n  pointer-events: none;\n}\n.lk-stays-icon {\n  flex-shrink: 0;\n  width: 68px;\n  height: 68px;\n  border-radius: 14px;\n  background: linear-gradient(135deg, #fff 0%, #f9f6f0 100%);\n  display: flex;\n  align-items: center;\n  justify-content: center;\n  font-size: 26px;\n  box-shadow: 0 4px 12px rgba(0,0,0,0.15);\n}\n.lk-stays-eyebrow {\n  font-size: 10px;\n  font-weight: 500;\n  letter-spacing: 2.5px;\n  text-transform: uppercase;\n  color: rgba(255,255,255,.85);\n  margin: 0 0 5px 0;\n}\n.lk-stays-title {\n  font-family: 'Playfair Display', Georgia, serif;\n  font-size: 24px;\n  font-weight: 700;\n  color: #fff;\n  line-height: 1.2;\n  text-shadow: 0 1px 2px rgba(0,0,0,0.1);\n  margin: 0;\n}\n.lk-stays-subtitle {\n  font-size: 13px;\n  color: rgba(255,255,255,.75);\n  margin: 4px 0 0 0;\n  font-weight: 300;\n}\n\n\/* \u2500\u2500\u2500 CARDS GRID \u2500\u2500\u2500 *\/\n.lk-stays-grid {\n  display: grid;\n  grid-template-columns: 1fr 1fr;\n  gap: 1px;\n  background: rgba(195, 159, 118, 0.12);\n}\n\n\/* \u2500\u2500\u2500 SINGLE CARD \u2500\u2500\u2500 *\/\n.lk-stay-card {\n  background: #ffffff;\n  padding: 26px;\n  display: flex;\n  flex-direction: column;\n  gap: 11px;\n  transition: all 0.3s ease;\n  text-decoration: none;\n  color: inherit;\n  position: relative;\n}\n.lk-stay-card:hover {\n  background: #fffbf5;\n  transform: translateY(-2px);\n  box-shadow: 0 8px 24px rgba(195, 159, 118, 0.18);\n  z-index: 1;\n}\n.lk-stay-card.featured {\n  background: linear-gradient(135deg, #fffdf9 0%, #fff9f0 100%);\n  box-shadow: 0 4px 16px rgba(195, 159, 118, 0.15), inset 0 1px 0 rgba(195, 159, 118, 0.1);\n}\n.lk-stay-card.featured:hover {\n  background: linear-gradient(135deg, #fffbf5 0%, #fff8ed 100%);\n  box-shadow: 0 8px 24px rgba(195, 159, 118, 0.25), inset 0 1px 0 rgba(195, 159, 118, 0.15);\n}\n\n.lk-stay-badge {\n  display: inline-flex;\n  align-items: center;\n  gap: 5px;\n  font-size: 10px;\n  font-weight: 500;\n  letter-spacing: 1.5px;\n  text-transform: uppercase;\n  padding: 5px 11px;\n  border-radius: 20px;\n  width: fit-content;\n}\n.badge-top     { background: linear-gradient(135deg, #c39f76 0%, #d4b188 100%); color: #fff; border: 1px solid #c39f76; font-weight: 600; box-shadow: 0 2px 8px rgba(195,159,118,0.3); }\n.badge-luxury  { background: rgba(195,159,118,.12); color: #c39f76; border: 1px solid rgba(195,159,118,.25); }\n.badge-boutique{ background: rgba(54,133,252,.08); color: #3685fc; border: 1px solid rgba(54,133,252,.2); }\n.badge-nature  { background: rgba(130,190,100,.1); color: #6b9c4a; border: 1px solid rgba(130,190,100,.2); }\n.badge-remote  { background: rgba(195,159,118,.12); color: #a67e50; border: 1px solid rgba(195,159,118,.25); }\n\n.lk-stay-name {\n  font-family: 'Playfair Display', Georgia, serif;\n  font-size: 18px;\n  font-weight: 700;\n  color: #111827;\n  line-height: 1.3;\n}\n.lk-stay-desc {\n  font-size: 13.5px;\n  color: #525252;\n  line-height: 1.65;\n  font-weight: 300;\n  flex: 1;\n}\n\n.lk-stay-meta {\n  display: flex;\n  align-items: center;\n  gap: 12px;\n  flex-wrap: wrap;\n  margin-top: 4px;\n}\n.lk-stay-price {\n  font-size: 13px;\n  color: #6b7280;\n}\n.lk-stay-price strong {\n  color: #c39f76;\n  font-weight: 500;\n}\n.lk-stay-stars {\n  color: #c39f76;\n  font-size: 11px;\n  letter-spacing: 1px;\n}\n\n\/* \u2500\u2500\u2500 CTA BUTTON \u2500\u2500\u2500 *\/\n.lk-stay-cta {\n  display: inline-flex;\n  align-items: center;\n  justify-content: center;\n  gap: 7px;\n  margin-top: 8px;\n  padding: 11px 20px;\n  border-radius: 8px;\n  background: linear-gradient(135deg, #3685fc 0%, #2a6fd9 100%);\n  color: #fff;\n  font-size: 13px;\n  font-weight: 500;\n  text-decoration: none;\n  letter-spacing: .3px;\n  transition: all .2s ease;\n  cursor: pointer;\n  border: none;\n  text-align: center;\n  box-shadow: 0 4px 12px rgba(54, 133, 252, 0.25);\n}\n.lk-stay-cta:hover {\n  background: linear-gradient(135deg, #2a6fd9 0%, #1e5bc4 100%);\n  transform: translateY(-1px);\n  box-shadow: 0 6px 16px rgba(54, 133, 252, 0.35);\n}\n.lk-stay-cta svg { flex-shrink: 0; }\n\n\/* \u2500\u2500\u2500 FOOTER \u2500\u2500\u2500 *\/\n.lk-stays-footer {\n  padding: 18px 36px;\n  background: linear-gradient(to bottom, #fdfaf5 0%, #f9f4ed 100%);\n  border-top: 1px solid rgba(195, 159, 118, 0.15);\n  display: flex;\n  align-items: center;\n  justify-content: space-between;\n  flex-wrap: wrap;\n  gap: 12px;\n}\n.lk-stays-footer-note {\n  font-size: 11.5px;\n  color: #6b7280;\n  font-weight: 300;\n  line-height: 1.5;\n}\n.lk-stays-footer-note a {\n  color: #c39f76;\n  text-decoration: none;\n  font-weight: 400;\n}\n.lk-stays-footer-note a:hover {\n  text-decoration: underline;\n}\n.lk-stays-all-btn {\n  display: inline-flex;\n  align-items: center;\n  gap: 6px;\n  font-size: 12.5px;\n  font-weight: 500;\n  color: #c39f76;\n  text-decoration: none;\n  border: 1px solid rgba(195, 159, 118, 0.35);\n  padding: 8px 18px;\n  border-radius: 8px;\n  transition: all .2s ease;\n}\n.lk-stays-all-btn:hover {\n  background: rgba(195, 159, 118, 0.08);\n  border-color: rgba(195, 159, 118, 0.5);\n}\n\n\/* \u2500\u2500\u2500 RESPONSIVE \u2500\u2500\u2500 *\/\n@media (max-width: 600px) {\n  .lk-stays-grid { grid-template-columns: 1fr; }\n  .lk-stays-header { padding: 24px 20px; }\n  .lk-stays-footer { padding: 16px 20px; }\n  .lk-stay-card { padding: 22px; }\n  .lk-stays-title { font-size: 20px; }\n}\n<\/style>\n\n  <!-- HEADER -->\n  <div class=\"lk-stays-header\">\n    <img decoding=\"async\" src=\"https:\/\/loudavymkrokem.cz\/wp-content\/uploads\/2026\/02\/lukas-a-lucka.jpg\" alt=\"\" style=\"width: 75px; height: 75px; border-radius: 8px; flex-shrink: 0; object-fit: cover; display: block; margin: 4px 0;\" title=\"\">\n    <div class=\"lk-stays-header-text\">\n      <div class=\"lk-stays-eyebrow\">Luk\u00e1\u0161 i Lucie polecaj\u0105<\/div>\n      <div class=\"lk-stays-title\">Gdzie si\u0119 zatrzyma\u0107 w B\u00f6nigen<\/div>\n      <div class=\"lk-stays-subtitle\">6 obiekt\u00f3w noclegowych \u2014 hotele, kempingi i inne opcje zakwaterowania<\/div>\n    <\/div>\n  <\/div>\n\n  <!-- CARDS -->\n  <div class=\"lk-stays-grid\">\n\n    <a class=\"lk-stay-card featured\" href=\"https:\/\/www.stay22.com\/allez\/roam?aid=lukaskonecny&#038;campaign=loudavymkrokemcz&#038;campaign=pl&#038;campaign=bonigen&#038;hotelname=Hotel%20Seiler%20au%20Lac&#038;address=B%C3%B6nigen%2C%20%C5%A0v%C3%BDcarsko\" target=\"_blank\" rel=\"nofollow noopener\">\n      <span class=\"lk-stay-badge badge-top\">\u2b50 TOP WYB\u00d3R<\/span>\n      <span class=\"lk-stay-badge badge-nature\">\ud83c\udfe8 Hotel<\/span>\n      <div class=\"lk-stay-name\">Hotel Seiler au Lac<\/div>\n      <div class=\"lk-stay-desc\">Po\u0142o\u017cony bezpo\u015brednio nad brzegiem, a statek cumuje tu\u017c przed drzwiami. Czterdzie\u015bci pokoi, widok na g\u00f3ry i wod\u0119.<\/div>\n      <div class=\"lk-stay-meta\">\n        <span class=\"lk-stay-stars\">\u2605\u2605\u2605\u2605<\/span>\n        <span class=\"lk-stay-price\">Sprawd\u017a ceny<\/span>\n      <\/div>\n      <span class=\"lk-stay-cta\">\n        <svg width=\"14\" height=\"14\" viewBox=\"0 0 24 24\" fill=\"none\" stroke=\"currentColor\" stroke-width=\"2\"><path d=\"M18 13v6a2 2 0 0 1-2 2H5a2 2 0 0 1-2-2V8a2 2 0 0 1 2-2h6\"\/><polyline points=\"15 3 21 3 21 9\"\/><line x1=\"10\" y1=\"14\" x2=\"21\" y2=\"3\"\/><\/svg>\n        Sprawd\u017a dost\u0119pno\u015b\u0107\n      <\/span>\n    <\/a>\n\n    <a class=\"lk-stay-card\" href=\"https:\/\/www.stay22.com\/allez\/roam?aid=lukaskonecny&#038;campaign=loudavymkrokemcz&#038;campaign=pl&#038;campaign=bonigen&#038;hotelname=Seehotel%20B%C3%B6nigen&#038;address=B%C3%B6nigen%2C%20%C5%A0v%C3%BDcarsko\" target=\"_blank\" rel=\"nofollow noopener\">\n      <span class=\"lk-stay-badge badge-nature\">\ud83c\udfe8 Hotel<\/span>\n      <div class=\"lk-stay-name\">Seehotel B\u00f6nigen<\/div>\n      <div class=\"lk-stay-desc\">Doskona\u0142y wyb\u00f3r dla rodzin z panoramicznym widokiem, w\u0142asn\u0105 renomowan\u0105 restauracj\u0105 i obfitymi \u015bniadaniami.<\/div>\n      <div class=\"lk-stay-meta\">\n        <span class=\"lk-stay-stars\">\u2605\u2605\u2605\u2605<\/span>\n        <span class=\"lk-stay-price\">Sprawd\u017a ceny<\/span>\n      <\/div>\n      <span class=\"lk-stay-cta\">\n        <svg width=\"14\" height=\"14\" viewBox=\"0 0 24 24\" fill=\"none\" stroke=\"currentColor\" stroke-width=\"2\"><path d=\"M18 13v6a2 2 0 0 1-2 2H5a2 2 0 0 1-2-2V8a2 2 0 0 1 2-2h6\"\/><polyline points=\"15 3 21 3 21 9\"\/><line x1=\"10\" y1=\"14\" x2=\"21\" y2=\"3\"\/><\/svg>\n        Sprawd\u017a dost\u0119pno\u015b\u0107\n      <\/span>\n    <\/a>\n\n    <a class=\"lk-stay-card\" href=\"https:\/\/www.stay22.com\/allez\/roam?aid=lukaskonecny&#038;campaign=loudavymkrokemcz&#038;campaign=pl&#038;campaign=bonigen&#038;hotelname=TCS%20Camping%20B%C3%B6nigen%20Brienzersee&#038;address=B%C3%B6nigen%2C%20%C5%A0v%C3%BDcarsko\" target=\"_blank\" rel=\"nofollow noopener\">\n      <span class=\"lk-stay-badge badge-nature\">\u26fa Kemping<\/span>\n      <div class=\"lk-stay-name\">TCS Camping B\u00f6nigen Brienzersee<\/div>\n      <div class=\"lk-stay-desc\">Idealna opcja bud\u017cetowa bezpo\u015brednio przy jeziorze, 200 m od pla\u017cy. Bez basenu, tylko brodzik.<\/div>\n      <div class=\"lk-stay-meta\">\n        <span class=\"lk-stay-stars\">\u2605\u2605\u2605\u2605<\/span>\n        <span class=\"lk-stay-price\">od 72-80 EUR\/noc<\/span>\n      <\/div>\n      <span class=\"lk-stay-cta\">\n        <svg width=\"14\" height=\"14\" viewBox=\"0 0 24 24\" fill=\"none\" stroke=\"currentColor\" stroke-width=\"2\"><path d=\"M18 13v6a2 2 0 0 1-2 2H5a2 2 0 0 1-2-2V8a2 2 0 0 1 2-2h6\"\/><polyline points=\"15 3 21 3 21 9\"\/><line x1=\"10\" y1=\"14\" x2=\"21\" y2=\"3\"\/><\/svg>\n        Sprawd\u017a dost\u0119pno\u015b\u0107\n      <\/span>\n    <\/a>\n\n    <a class=\"lk-stay-card\" href=\"https:\/\/www.stay22.com\/allez\/roam?aid=lukaskonecny&#038;campaign=loudavymkrokemcz&#038;campaign=pl&#038;campaign=bonigen&#038;hotelname=Mountain%20and%20Lake&#038;address=B%C3%B6nigen%2C%20%C5%A0v%C3%BDcarsko\" target=\"_blank\" rel=\"nofollow noopener\">\n      <span class=\"lk-stay-badge badge-nature\">\ud83c\udfe1 Apartament<\/span>\n      <div class=\"lk-stay-name\">Mountain and Lake<\/div>\n      <div class=\"lk-stay-desc\">Fantastycznie oceniany prywatny apartament z w pe\u0142ni wyposa\u017con\u0105 kuchni\u0105 i pi\u0119knym tarasem na d\u0142u\u017cszy pobyt.<\/div>\n      <div class=\"lk-stay-meta\">\n        <span class=\"lk-stay-stars\">\u2605\u2605\u2605\u2605<\/span>\n        <span class=\"lk-stay-price\">Sprawd\u017a ceny<\/span>\n      <\/div>\n      <span class=\"lk-stay-cta\">\n        <svg width=\"14\" height=\"14\" viewBox=\"0 0 24 24\" fill=\"none\" stroke=\"currentColor\" stroke-width=\"2\"><path d=\"M18 13v6a2 2 0 0 1-2 2H5a2 2 0 0 1-2-2V8a2 2 0 0 1 2-2h6\"\/><polyline points=\"15 3 21 3 21 9\"\/><line x1=\"10\" y1=\"14\" x2=\"21\" y2=\"3\"\/><\/svg>\n        Sprawd\u017a dost\u0119pno\u015b\u0107\n      <\/span>\n    <\/a>\n\n    <a class=\"lk-stay-card\" href=\"https:\/\/www.stay22.com\/allez\/roam?aid=lukaskonecny&#038;campaign=loudavymkrokemcz&#038;campaign=pl&#038;campaign=bonigen&#038;hotelname=Walida&#038;address=B%C3%B6nigen%2C%20%C5%A0v%C3%BDcarsko\" target=\"_blank\" rel=\"nofollow noopener\">\n      <span class=\"lk-stay-badge badge-nature\">\ud83c\udfe8 Hotel<\/span>\n      <div class=\"lk-stay-name\">Walida<\/div>\n      <div class=\"lk-stay-desc\">Prostszy, ale przyjemny hotel w rozs\u0105dnej cenie, balkony z widokiem na alpejskie szczyty.<\/div>\n      <div class=\"lk-stay-meta\">\n        <span class=\"lk-stay-stars\">\u2605\u2605\u2605\u2605<\/span>\n        <span class=\"lk-stay-price\">Sprawd\u017a ceny<\/span>\n      <\/div>\n      <span class=\"lk-stay-cta\">\n        <svg width=\"14\" height=\"14\" viewBox=\"0 0 24 24\" fill=\"none\" stroke=\"currentColor\" stroke-width=\"2\"><path d=\"M18 13v6a2 2 0 0 1-2 2H5a2 2 0 0 1-2-2V8a2 2 0 0 1 2-2h6\"\/><polyline points=\"15 3 21 3 21 9\"\/><line x1=\"10\" y1=\"14\" x2=\"21\" y2=\"3\"\/><\/svg>\n        Sprawd\u017a dost\u0119pno\u015b\u0107\n      <\/span>\n    <\/a>\n\n    <a class=\"lk-stay-card\" href=\"https:\/\/www.stay22.com\/allez\/roam?aid=lukaskonecny&#038;campaign=loudavymkrokemcz&#038;campaign=pl&#038;campaign=bonigen&#038;address=B%C3%B6nigen&#038;hotelname=Grandhotel+Giessbach&#038;search=Grandhotel+Giessbach&#038;category=accommodation\" target=\"_blank\" rel=\"nofollow noopener\">\n      <span class=\"lk-stay-badge badge-nature\">\u2b50 Luxury<\/span>\n      <div class=\"lk-stay-name\">Grandhotel Giessbach<\/div>\n      <div class=\"lk-stay-desc\">Luksusowy pa\u0142ac z XIX wieku nad wodospadami Giessbach z 22 hektarami parku i tarasem widokowym.<\/div>\n      <div class=\"lk-stay-meta\">\n        <span class=\"lk-stay-stars\">\u2605\u2605\u2605\u2605<\/span>\n        <span class=\"lk-stay-price\">Sprawd\u017a ceny<\/span>\n      <\/div>\n      <span class=\"lk-stay-cta\">\n        <svg width=\"14\" height=\"14\" viewBox=\"0 0 24 24\" fill=\"none\" stroke=\"currentColor\" stroke-width=\"2\"><path d=\"M18 13v6a2 2 0 0 1-2 2H5a2 2 0 0 1-2-2V8a2 2 0 0 1 2-2h6\"\/><polyline points=\"15 3 21 3 21 9\"\/><line x1=\"10\" y1=\"14\" x2=\"21\" y2=\"3\"\/><\/svg>\n        Sprawd\u017a dost\u0119pno\u015b\u0107\n      <\/span>\n    <\/a>\n\n  <\/div>\n\n  \n<\/div>\n\n\n\n\n<h3 class=\"wp-block-heading\"><span class=\"ez-toc-section\" id=\"15_Mannlichen_i_panoramiczna_droga_na_Kleine_Scheidegg\"><\/span>15. M\u00e4nnlichen i panoramiczna droga na Kleine Scheidegg<span class=\"ez-toc-section-end\"><\/span><\/h3>\n\n\n\n<p class=\"wp-block-paragraph\">To m\u00f3j jasny wyb\u00f3r, gdy idziesz w g\u00f3ry z ma\u0142ymi dzie\u0107mi. Kolejka wywiezie ci\u0119 na <strong>M\u00e4nnlichen na 2 222 metry<\/strong>, a stamt\u0105d na Kleine Scheidegg prowadzi <strong>panoramiczna droga d\u0142ugo\u015bci 4,5 kilometra<\/strong>, kt\u00f3ra zajmuje godzin\u0119 do p\u00f3\u0142torej. Prawie ca\u0142y czas idzie si\u0119 z g\u00f3rki i <strong>jest to szeroka \u017cwirowa droga przejezdna nawet z w\u00f3zkiem terenowym<\/strong>.<\/p>\n\n\n\n<p class=\"wp-block-paragraph\">Ca\u0142y czas masz wprost przed sob\u0105 <strong>Eiger, M\u00f6nch i Jungfrau<\/strong>, wi\u0119c to najlepszy stosunek widoku do w\u0142o\u017conego wysi\u0142ku, jaki znajdziesz w regionie. W celu na <strong>Kleine Scheidegg na 2 061 metrach<\/strong> wsiadasz w poci\u0105g i dajesz si\u0119 odwie\u017a\u0107 z powrotem w d\u00f3\u0142.<\/p>\n\n\n\n<p class=\"wp-block-paragraph\">Zanim wyruszysz, zr\u00f3b sobie jeszcze <strong>Royal Walk<\/strong> \u2014 to odga\u0142\u0119zienie ze stacji g\u00f3rnej na sam szczyt M\u00e4nnlichen na 2 345 metrach. Podejmiesz tylko nieco ponad sto metr\u00f3w i zajmie ci to <strong>p\u00f3\u0142 godziny<\/strong>, ale widok na g\u00f3rze jest o klas\u0119 lepszy ni\u017c ze stacji.<\/p>\n\n\n\n<p class=\"wp-block-paragraph\">\ud83d\udca1 Wskaz\u00f3wka: Kolejki na M\u00e4nnlichen je\u017cd\u017c\u0105 <strong>od 23 maja do 25 pa\u017adziernika<\/strong>. Z Wengen mo\u017cesz za pi\u0119ciofrankow\u0105 dop\u0142at\u0119 dokupi\u0107 \u201eRoyal Ride&#8221; i jecha\u0107 <strong>na otwartym balkonie na dachu kabiny<\/strong> \u2014 dzieci s\u0105 z tego zwykle w si\u00f3dmym niebie.<\/p>\n\n\n\n<figure data-wp-context=\"{&quot;imageId&quot;:&quot;6a9544b8a3620&quot;}\" data-wp-interactive=\"core\/image\" data-wp-key=\"6a9544b8a3620\" class=\"wp-block-image size-full wp-lightbox-container\"><img decoding=\"async\" width=\"1920\" height=\"1289\" data-wp-class--hide=\"state.isContentHidden\" data-wp-class--show=\"state.isContentVisible\" data-wp-init=\"callbacks.setButtonStyles\" data-wp-on--click=\"actions.showLightbox\" data-wp-on--load=\"callbacks.setButtonStyles\" data-wp-on--pointerdown=\"actions.preloadImage\" data-wp-on--pointerenter=\"actions.preloadImageWithDelay\" data-wp-on--pointerleave=\"actions.cancelPreload\" data-wp-on-window--resize=\"callbacks.setButtonStyles\" src=\"https:\/\/loudavymkrokem.cz\/wp-content\/uploads\/2026\/08\/bonigen-eiger-severni-stena-1.jpg\" alt=\"P\u00f3\u0142nocna \u015bciana Eigeru, pod kt\u00f3r\u0105 prowadzi Eiger Trail\" class=\"wp-image-407136\" title=\"\" srcset=\"https:\/\/loudavymkrokem.cz\/wp-content\/uploads\/2026\/08\/bonigen-eiger-severni-stena-1.jpg 1920w, https:\/\/loudavymkrokem.cz\/wp-content\/uploads\/2026\/08\/bonigen-eiger-severni-stena-1-300x201.jpg 300w, https:\/\/loudavymkrokem.cz\/wp-content\/uploads\/2026\/08\/bonigen-eiger-severni-stena-1-700x470.jpg 700w, https:\/\/loudavymkrokem.cz\/wp-content\/uploads\/2026\/08\/bonigen-eiger-severni-stena-1-768x516.jpg 768w, https:\/\/loudavymkrokem.cz\/wp-content\/uploads\/2026\/08\/bonigen-eiger-severni-stena-1-1536x1031.jpg 1536w, https:\/\/loudavymkrokem.cz\/wp-content\/uploads\/2026\/08\/bonigen-eiger-severni-stena-1-696x467.jpg 696w, https:\/\/loudavymkrokem.cz\/wp-content\/uploads\/2026\/08\/bonigen-eiger-severni-stena-1-1392x935.jpg 1392w\" sizes=\"(max-width: 1920px) 100vw, 1920px\" \/><button\n\t\t\tclass=\"lightbox-trigger\"\n\t\t\ttype=\"button\"\n\t\t\taria-haspopup=\"dialog\"\n\t\t\tdata-wp-bind--aria-label=\"state.thisImage.triggerButtonAriaLabel\"\n\t\t\tdata-wp-init=\"callbacks.initTriggerButton\"\n\t\t\tdata-wp-on--click=\"actions.showLightbox\"\n\t\t\tdata-wp-style--right=\"state.thisImage.buttonRight\"\n\t\t\tdata-wp-style--top=\"state.thisImage.buttonTop\"\n\t\t>\n\t\t\t<svg xmlns=\"http:\/\/www.w3.org\/2000\/svg\" width=\"12\" height=\"12\" fill=\"none\" viewBox=\"0 0 12 12\">\n\t\t\t\t<path fill=\"#fff\" d=\"M2 0a2 2 0 0 0-2 2v2h1.5V2a.5.5 0 0 1 .5-.5h2V0H2Zm2 10.5H2a.5.5 0 0 1-.5-.5V8H0v2a2 2 0 0 0 2 2h2v-1.5ZM8 12v-1.5h2a.5.5 0 0 0 .5-.5V8H12v2a2 2 0 0 1-2 2H8Zm2-12a2 2 0 0 1 2 2v2h-1.5V2a.5.5 0 0 0-.5-.5H8V0h2Z\" \/>\n\t\t\t<\/svg>\n\t\t<\/button><figcaption class=\"wp-element-caption\">Foto: Kurt Ritschard \/ Wikimedia Commons, CC BY-SA 2.0<\/figcaption><\/figure>\n\n\n\n<h3 class=\"wp-block-heading\"><span class=\"ez-toc-section\" id=\"16_Eiger_Trail_wprost_pod_polnocna_sciana\"><\/span>16. Eiger Trail wprost pod p\u00f3\u0142nocn\u0105 \u015bcian\u0105<span class=\"ez-toc-section-end\"><\/span><\/h3>\n\n\n\n<p class=\"wp-block-paragraph\">Je\u015bli interesuj\u0105 ci\u0119 g\u00f3ry r\u00f3wnie\u017c jako historia, to jest ta trasa. Wyjedziesz na <strong>Eigergletscher na 2 348 metr\u00f3w<\/strong>, a stamt\u0105d idziesz <strong>oko\u0142o sze\u015bciu kilometr\u00f3w w d\u00f3\u0142 do Alpiglen na 1 616 metrach<\/strong>. Przez ca\u0142e dwie godziny poruszasz si\u0119 wprost pod <strong>p\u00f3\u0142nocn\u0105 \u015bcian\u0105 Eigeru<\/strong>, kt\u00f3ra wznosi si\u0119 nad tob\u0105 ponad 1 600 metr\u00f3w.<\/p>\n\n\n\n<p class=\"wp-block-paragraph\">To miejsce, gdzie pisa\u0142y si\u0119 i ko\u0144czy\u0142y alpinistyczne losy, a na trasie znajdziesz te\u017c tablic\u0119 z pami\u0105tkowymi plakietkami. Droga oznaczona jest jako <strong>\u015brednio wymagaj\u0105ca, schodzisz na niej oko\u0142o 780 metr\u00f3w<\/strong>, a w bardziej wyeksponowanych partiach rozci\u0105gni\u0119te s\u0105 liny asekuracyjne. Posili\u0107 si\u0119 mo\u017cna na pocz\u0105tku i na ko\u0144cu.<\/p>\n\n\n\n<p class=\"wp-block-paragraph\">Uwa\u017caj na sezon, bo ta \u015bcie\u017cka otwiera si\u0119 ze wszystkich najp\u00f3\u017aniej. <strong>\u015anieg cz\u0119sto trzyma j\u0105 zamkni\u0119t\u0105 a\u017c do pocz\u0105tku lipca<\/strong>, a przejezdna bywa mniej wi\u0119cej do po\u0142owy pa\u017adziernika. Przed wycieczk\u0105 zawsze sprawd\u017a aktualny stan \u2014 mo\u017ce si\u0119 zmieni\u0107 z dnia na dzie\u0144.<\/p>\n\n\n\n<p class=\"wp-block-paragraph\">\ud83d\udca1 Wskaz\u00f3wka: <strong>Z w\u00f3zkiem tu nie dojdziesz<\/strong>, a mniejsze dzieci b\u0119d\u0105 w kamienistych partiach potrzebowa\u0107 pomocy. Z powrotem z Alpiglen jedzie poci\u0105g do Grindelwaldu, ale to <strong>stacja na \u017c\u0105danie<\/strong>, wi\u0119c nie zapomnij da\u0107 maszyni\u015bcie sygna\u0142u.<\/p>\n\n\n\n<figure data-wp-context=\"{&quot;imageId&quot;:&quot;6a9544b8a3fe0&quot;}\" data-wp-interactive=\"core\/image\" data-wp-key=\"6a9544b8a3fe0\" class=\"wp-block-image size-full wp-lightbox-container\"><img decoding=\"async\" width=\"1920\" height=\"1282\" data-wp-class--hide=\"state.isContentHidden\" data-wp-class--show=\"state.isContentVisible\" data-wp-init=\"callbacks.setButtonStyles\" data-wp-on--click=\"actions.showLightbox\" data-wp-on--load=\"callbacks.setButtonStyles\" data-wp-on--pointerdown=\"actions.preloadImage\" data-wp-on--pointerenter=\"actions.preloadImageWithDelay\" data-wp-on--pointerleave=\"actions.cancelPreload\" data-wp-on-window--resize=\"callbacks.setButtonStyles\" src=\"https:\/\/loudavymkrokem.cz\/wp-content\/uploads\/2026\/08\/bonigen-niederhorn-kozorozec-1.jpg\" alt=\"M\u0142ode kozioro\u017cce na grzbiecie Niederhornu o zmierzchu\" class=\"wp-image-407139\" title=\"\" srcset=\"https:\/\/loudavymkrokem.cz\/wp-content\/uploads\/2026\/08\/bonigen-niederhorn-kozorozec-1.jpg 1920w, https:\/\/loudavymkrokem.cz\/wp-content\/uploads\/2026\/08\/bonigen-niederhorn-kozorozec-1-300x200.jpg 300w, https:\/\/loudavymkrokem.cz\/wp-content\/uploads\/2026\/08\/bonigen-niederhorn-kozorozec-1-700x467.jpg 700w, https:\/\/loudavymkrokem.cz\/wp-content\/uploads\/2026\/08\/bonigen-niederhorn-kozorozec-1-768x513.jpg 768w, https:\/\/loudavymkrokem.cz\/wp-content\/uploads\/2026\/08\/bonigen-niederhorn-kozorozec-1-1536x1026.jpg 1536w, https:\/\/loudavymkrokem.cz\/wp-content\/uploads\/2026\/08\/bonigen-niederhorn-kozorozec-1-696x465.jpg 696w, https:\/\/loudavymkrokem.cz\/wp-content\/uploads\/2026\/08\/bonigen-niederhorn-kozorozec-1-1392x929.jpg 1392w\" sizes=\"(max-width: 1920px) 100vw, 1920px\" \/><button\n\t\t\tclass=\"lightbox-trigger\"\n\t\t\ttype=\"button\"\n\t\t\taria-haspopup=\"dialog\"\n\t\t\tdata-wp-bind--aria-label=\"state.thisImage.triggerButtonAriaLabel\"\n\t\t\tdata-wp-init=\"callbacks.initTriggerButton\"\n\t\t\tdata-wp-on--click=\"actions.showLightbox\"\n\t\t\tdata-wp-style--right=\"state.thisImage.buttonRight\"\n\t\t\tdata-wp-style--top=\"state.thisImage.buttonTop\"\n\t\t>\n\t\t\t<svg xmlns=\"http:\/\/www.w3.org\/2000\/svg\" width=\"12\" height=\"12\" fill=\"none\" viewBox=\"0 0 12 12\">\n\t\t\t\t<path fill=\"#fff\" d=\"M2 0a2 2 0 0 0-2 2v2h1.5V2a.5.5 0 0 1 .5-.5h2V0H2Zm2 10.5H2a.5.5 0 0 1-.5-.5V8H0v2a2 2 0 0 0 2 2h2v-1.5ZM8 12v-1.5h2a.5.5 0 0 0 .5-.5V8H12v2a2 2 0 0 1-2 2H8Zm2-12a2 2 0 0 1 2 2v2h-1.5V2a.5.5 0 0 0-.5-.5H8V0h2Z\" \/>\n\t\t\t<\/svg>\n\t\t<\/button><figcaption class=\"wp-element-caption\">Foto: Ostaehli \/ Wikimedia Commons, CC BY-SA 4.0<\/figcaption><\/figure>\n\n\n\n<h3 class=\"wp-block-heading\"><span class=\"ez-toc-section\" id=\"17_Niederhorn_i_koziorozce_nad_Jeziorem_Thunskim\"><\/span>17. Niederhorn i kozioro\u017cce nad Jeziorem Thu\u0144skim<span class=\"ez-toc-section-end\"><\/span><\/h3>\n\n\n\n<p class=\"wp-block-paragraph\">Podczas gdy wszyscy je\u017cd\u017c\u0105 do Grindelwaldu, po drugiej stronie Interlakenu jest <strong>Niederhorn na 1 950 metrach<\/strong> i tam jest znacznie spokojniej. Na g\u00f3r\u0119 dostaniesz si\u0119 z brzegu Jeziora Thu\u0144skiego kolejk\u0105 terenow\u0105, a potem gondol\u0105 \u2014 \u0142\u0105cznie trwa to <strong>oko\u0142o p\u00f3\u0142 godziny<\/strong>.<\/p>\n\n\n\n<p class=\"wp-block-paragraph\">G\u0142\u00f3wn\u0105 atrakcj\u0105 s\u0105 tu <strong>kozioro\u017cce<\/strong>. Miejscow\u0105 koloni\u0119 za\u0142o\u017cono w 1949 roku, wypuszczaj\u0105c trzy koz\u0142y, a dzi\u015b \u017cyje ich tu <strong>siedemdziesi\u0105t pi\u0119\u0107 do stu<\/strong>. Od lipca do wrze\u015bnia na dodatek co czwartek przed po\u0142udniem wyrusza st\u0105d komentowana wyprawa z miejscowym ekspertem wprost do stad.<\/p>\n\n\n\n<p class=\"wp-block-paragraph\">Gra\u0144 st\u0105d na <strong>Gemmenalphorn na 2 061 metrach<\/strong> zdoby\u0142a z\u0142oty medal za najpi\u0119kniejszy szlak turystyczny Szwajcarii, ale to ca\u0142odniowa sprawa dla wprawnych. Z dzie\u0107mi wystarczy <strong>sze\u015b\u0107setmetrowa p\u0119tla wprost przy stacji<\/strong>, kt\u00f3r\u0105 pokonasz w p\u00f3\u0142 godziny, a na g\u00f3rze jest restauracja z placem zabaw.<\/p>\n\n\n\n<p class=\"wp-block-paragraph\">\ud83d\udca1 Wskaz\u00f3wka: Kolejki je\u017cd\u017c\u0105 <strong>od 1 maja do 15 listopada<\/strong>. Bilet powrotny od jeziora wyjdzie 65 frank\u00f3w, ale gdy dojedziesz autobusem a\u017c do Beatenbergu i tam wsi\u0105dziesz, <strong>zap\u0142acisz tylko 49<\/strong>. Niederhorn na dodatek daje <strong>rodzinn\u0105 zni\u017ck\u0119 \u2014 p\u0142acisz tylko za pierwsze dziecko<\/strong>.<\/p>\n\n\n\n<figure data-wp-context=\"{&quot;imageId&quot;:&quot;6a9544b8a47a5&quot;}\" data-wp-interactive=\"core\/image\" data-wp-key=\"6a9544b8a47a5\" class=\"wp-block-image size-full wp-lightbox-container\"><img decoding=\"async\" width=\"1920\" height=\"1280\" data-wp-class--hide=\"state.isContentHidden\" data-wp-class--show=\"state.isContentVisible\" data-wp-init=\"callbacks.setButtonStyles\" data-wp-on--click=\"actions.showLightbox\" data-wp-on--load=\"callbacks.setButtonStyles\" data-wp-on--pointerdown=\"actions.preloadImage\" data-wp-on--pointerenter=\"actions.preloadImageWithDelay\" data-wp-on--pointerleave=\"actions.cancelPreload\" data-wp-on-window--resize=\"callbacks.setButtonStyles\" src=\"https:\/\/loudavymkrokem.cz\/wp-content\/uploads\/2026\/08\/bonigen-brienzer-rothorn-parni-lokomotiva.jpg\" alt=\"Parow\u00f3z kolei z\u0119batej na stacji szczytowej Brienzer Rothorn\" class=\"wp-image-407156\" title=\"\" srcset=\"https:\/\/loudavymkrokem.cz\/wp-content\/uploads\/2026\/08\/bonigen-brienzer-rothorn-parni-lokomotiva.jpg 1920w, https:\/\/loudavymkrokem.cz\/wp-content\/uploads\/2026\/08\/bonigen-brienzer-rothorn-parni-lokomotiva-300x200.jpg 300w, https:\/\/loudavymkrokem.cz\/wp-content\/uploads\/2026\/08\/bonigen-brienzer-rothorn-parni-lokomotiva-700x467.jpg 700w, https:\/\/loudavymkrokem.cz\/wp-content\/uploads\/2026\/08\/bonigen-brienzer-rothorn-parni-lokomotiva-768x512.jpg 768w, https:\/\/loudavymkrokem.cz\/wp-content\/uploads\/2026\/08\/bonigen-brienzer-rothorn-parni-lokomotiva-1536x1024.jpg 1536w, https:\/\/loudavymkrokem.cz\/wp-content\/uploads\/2026\/08\/bonigen-brienzer-rothorn-parni-lokomotiva-696x464.jpg 696w, https:\/\/loudavymkrokem.cz\/wp-content\/uploads\/2026\/08\/bonigen-brienzer-rothorn-parni-lokomotiva-1392x928.jpg 1392w\" sizes=\"(max-width: 1920px) 100vw, 1920px\" \/><button\n\t\t\tclass=\"lightbox-trigger\"\n\t\t\ttype=\"button\"\n\t\t\taria-haspopup=\"dialog\"\n\t\t\tdata-wp-bind--aria-label=\"state.thisImage.triggerButtonAriaLabel\"\n\t\t\tdata-wp-init=\"callbacks.initTriggerButton\"\n\t\t\tdata-wp-on--click=\"actions.showLightbox\"\n\t\t\tdata-wp-style--right=\"state.thisImage.buttonRight\"\n\t\t\tdata-wp-style--top=\"state.thisImage.buttonTop\"\n\t\t>\n\t\t\t<svg xmlns=\"http:\/\/www.w3.org\/2000\/svg\" width=\"12\" height=\"12\" fill=\"none\" viewBox=\"0 0 12 12\">\n\t\t\t\t<path fill=\"#fff\" d=\"M2 0a2 2 0 0 0-2 2v2h1.5V2a.5.5 0 0 1 .5-.5h2V0H2Zm2 10.5H2a.5.5 0 0 1-.5-.5V8H0v2a2 2 0 0 0 2 2h2v-1.5ZM8 12v-1.5h2a.5.5 0 0 0 .5-.5V8H12v2a2 2 0 0 1-2 2H8Zm2-12a2 2 0 0 1 2 2v2h-1.5V2a.5.5 0 0 0-.5-.5H8V0h2Z\" \/>\n\t\t\t<\/svg>\n\t\t<\/button><figcaption class=\"wp-element-caption\">Foto: Uwelino \/ Wikimedia Commons, CC BY-SA 4.0<\/figcaption><\/figure>\n\n\n\n<h3 class=\"wp-block-heading\"><span class=\"ez-toc-section\" id=\"18_Parowa_kolejka_zebata_na_Brienzer_Rothorn\"><\/span>18. Parow\u0105 kolejk\u0105 z\u0119bat\u0105 na Brienzer Rothorn<span class=\"ez-toc-section-end\"><\/span><\/h3>\n\n\n\n<p class=\"wp-block-paragraph\">Ta wycieczka to prze\u017cycie ju\u017c sam\u0105 podr\u00f3\u017c\u0105. Z Brienz na drugim ko\u0144cu jeziora wyje\u017cd\u017ca <strong>parowa kolej z\u0119bata z 1892 roku<\/strong>, kt\u00f3ra wraz z lini\u0105 na Furk\u0119 jest <strong>jedyn\u0105 regularnie par\u0105 obs\u0142ugiwan\u0105 kolej\u0105 w Szwajcarii<\/strong>. W godzin\u0119 wspina si\u0119 po siedmiu i p\u00f3\u0142 kilometra trasy o <strong>1 678 metr\u00f3w przewy\u017cszenia<\/strong>.<\/p>\n\n\n\n<p class=\"wp-block-paragraph\">Stacja g\u00f3rna le\u017cy na <strong>2 244 metrach<\/strong>, a na sam szczyt Brienzer Rothorn na 2 350 metrach wejdziesz <strong>w pi\u0119tna\u015bcie minut<\/strong>. Widok st\u0105d jest wyj\u0105tkowy \u2014 podaje si\u0119, \u017ce wida\u0107 st\u0105d <strong>693 szczyty<\/strong>. Na g\u00f3rze s\u0105 dwie restauracje, a w schronisku g\u00f3rskim da si\u0119 te\u017c przenocowa\u0107.<\/p>\n\n\n\n<p class=\"wp-block-paragraph\">Kto chce i\u015b\u0107 pieszo, mo\u017ce zej\u015b\u0107 na stacj\u0119 po\u015bredni\u0105 <strong>Planalp w dwie i p\u00f3\u0142 godziny<\/strong>, a stamt\u0105d zjecha\u0107 poci\u0105giem. Schodzi si\u0119 przy tym oko\u0142o tysi\u0105ca metr\u00f3w, wi\u0119c kolana maj\u0105 co robi\u0107. Z B\u00f6nigen dostaniesz si\u0119 tu przez Interlaken Ost, sk\u0105d poci\u0105giem do Brienz jest <strong>nieca\u0142e dwadzie\u015bcia minut<\/strong>.<\/p>\n\n\n\n<p class=\"wp-block-paragraph\">\ud83d\udca1 Wskaz\u00f3wka: A\u017c na szczyt je\u017adzi si\u0119 <strong>tylko od 6 czerwca do 25 pa\u017adziernika<\/strong>, wcze\u015bniej kolej ko\u0144czy na Planalp. Bilet powrotny kosztuje 98 frank\u00f3w, ale <strong>dzieci od sze\u015bciu do pi\u0119tnastu lat jad\u0105 za dziesi\u0119\u0107 frank\u00f3w<\/strong>, a z Bernese Oberland Pass masz przejazd za darmo. Za osiem frank\u00f3w mo\u017cesz zarezerwowa\u0107 konkretne miejsce.<\/p>\n\n\n\n<figure data-wp-context=\"{&quot;imageId&quot;:&quot;6a9544b8a4e5b&quot;}\" data-wp-interactive=\"core\/image\" data-wp-key=\"6a9544b8a4e5b\" class=\"wp-block-image size-full wp-lightbox-container\"><img decoding=\"async\" width=\"1800\" height=\"1224\" data-wp-class--hide=\"state.isContentHidden\" data-wp-class--show=\"state.isContentVisible\" data-wp-init=\"callbacks.setButtonStyles\" data-wp-on--click=\"actions.showLightbox\" data-wp-on--load=\"callbacks.setButtonStyles\" data-wp-on--pointerdown=\"actions.preloadImage\" data-wp-on--pointerenter=\"actions.preloadImageWithDelay\" data-wp-on--pointerleave=\"actions.cancelPreload\" data-wp-on-window--resize=\"callbacks.setButtonStyles\" src=\"https:\/\/loudavymkrokem.cz\/wp-content\/uploads\/2026\/08\/articles-bonigen-18.jpg\" alt=\"Jezioro Brienckie z lotu ptaka\" class=\"wp-image-404497\" title=\"\" srcset=\"https:\/\/loudavymkrokem.cz\/wp-content\/uploads\/2026\/08\/articles-bonigen-18.jpg 1800w, https:\/\/loudavymkrokem.cz\/wp-content\/uploads\/2026\/08\/articles-bonigen-18-300x204.jpg 300w, https:\/\/loudavymkrokem.cz\/wp-content\/uploads\/2026\/08\/articles-bonigen-18-700x476.jpg 700w, https:\/\/loudavymkrokem.cz\/wp-content\/uploads\/2026\/08\/articles-bonigen-18-768x522.jpg 768w, https:\/\/loudavymkrokem.cz\/wp-content\/uploads\/2026\/08\/articles-bonigen-18-1536x1044.jpg 1536w, https:\/\/loudavymkrokem.cz\/wp-content\/uploads\/2026\/08\/articles-bonigen-18-696x473.jpg 696w, https:\/\/loudavymkrokem.cz\/wp-content\/uploads\/2026\/08\/articles-bonigen-18-1392x947.jpg 1392w\" sizes=\"(max-width: 1800px) 100vw, 1800px\" \/><button\n\t\t\tclass=\"lightbox-trigger\"\n\t\t\ttype=\"button\"\n\t\t\taria-haspopup=\"dialog\"\n\t\t\tdata-wp-bind--aria-label=\"state.thisImage.triggerButtonAriaLabel\"\n\t\t\tdata-wp-init=\"callbacks.initTriggerButton\"\n\t\t\tdata-wp-on--click=\"actions.showLightbox\"\n\t\t\tdata-wp-style--right=\"state.thisImage.buttonRight\"\n\t\t\tdata-wp-style--top=\"state.thisImage.buttonTop\"\n\t\t>\n\t\t\t<svg xmlns=\"http:\/\/www.w3.org\/2000\/svg\" width=\"12\" height=\"12\" fill=\"none\" viewBox=\"0 0 12 12\">\n\t\t\t\t<path fill=\"#fff\" d=\"M2 0a2 2 0 0 0-2 2v2h1.5V2a.5.5 0 0 1 .5-.5h2V0H2Zm2 10.5H2a.5.5 0 0 1-.5-.5V8H0v2a2 2 0 0 0 2 2h2v-1.5ZM8 12v-1.5h2a.5.5 0 0 0 .5-.5V8H12v2a2 2 0 0 1-2 2H8Zm2-12a2 2 0 0 1 2 2v2h-1.5V2a.5.5 0 0 0-.5-.5H8V0h2Z\" \/>\n\t\t\t<\/svg>\n\t\t<\/button><figcaption class=\"wp-element-caption\">Foto: Carsten Steger \/ Wikimedia Commons, CC BY-SA 4.0<\/figcaption><\/figure>\n\n\n\n<h2 class=\"wp-block-heading\"><span class=\"ez-toc-section\" id=\"Wycieczki_z_Bonigen_6_pomyslow_na_okolice\"><\/span>Wycieczki z B\u00f6nigen: 6 pomys\u0142\u00f3w na okolic\u0119<span class=\"ez-toc-section-end\"><\/span><\/h2>\n\n\n\n<p class=\"wp-block-paragraph\">Je\u015bli masz B\u00f6nigen jako swoj\u0105 baz\u0119 wypadow\u0105, otwiera si\u0119 przed tob\u0105 <strong>ca\u0142y Berne\u0144ski Oberland<\/strong> jak na d\u0142oni. Tutaj b\u0119dziesz ju\u017c potrzebowa\u0107 <strong>troch\u0119 wi\u0119kszego bud\u017cetu<\/strong>, bo szwajcarskie kolejki i g\u00f3rskie poci\u0105gi nie nale\u017c\u0105 do tanich, ale prze\u017cycia z nich zostan\u0105 ci w pami\u0119ci do ko\u0144ca \u017cycia.<\/p>\n\n\n\n<p class=\"wp-block-paragraph\">Polecam planowa\u0107 wycieczki wed\u0142ug <strong>aktualnej prognozy pogody<\/strong>. Na drogie g\u00f3rskie punkty widokowe ma sens jecha\u0107 tylko w dni, gdy jest <strong>zupe\u0142nie jasne niebo<\/strong>, bo inaczej zap\u0142acisz dziesi\u0105tki frank\u00f3w za widok w nieprzejrzystej szarej mgle.<\/p>\n\n\n\n<figure data-wp-context=\"{&quot;imageId&quot;:&quot;6a9544b8a54f3&quot;}\" data-wp-interactive=\"core\/image\" data-wp-key=\"6a9544b8a54f3\" class=\"wp-block-image size-full wp-lightbox-container\"><img decoding=\"async\" width=\"1800\" height=\"1011\" data-wp-class--hide=\"state.isContentHidden\" data-wp-class--show=\"state.isContentVisible\" data-wp-init=\"callbacks.setButtonStyles\" data-wp-on--click=\"actions.showLightbox\" data-wp-on--load=\"callbacks.setButtonStyles\" data-wp-on--pointerdown=\"actions.preloadImage\" data-wp-on--pointerenter=\"actions.preloadImageWithDelay\" data-wp-on--pointerleave=\"actions.cancelPreload\" data-wp-on-window--resize=\"callbacks.setButtonStyles\" src=\"https:\/\/loudavymkrokem.cz\/wp-content\/uploads\/2026\/08\/articles-bonigen-19.jpg\" alt=\"Punkt widokowy Harder Kulm nad Interlakenem\" class=\"wp-image-404500\" title=\"\" srcset=\"https:\/\/loudavymkrokem.cz\/wp-content\/uploads\/2026\/08\/articles-bonigen-19.jpg 1800w, https:\/\/loudavymkrokem.cz\/wp-content\/uploads\/2026\/08\/articles-bonigen-19-300x169.jpg 300w, https:\/\/loudavymkrokem.cz\/wp-content\/uploads\/2026\/08\/articles-bonigen-19-700x393.jpg 700w, https:\/\/loudavymkrokem.cz\/wp-content\/uploads\/2026\/08\/articles-bonigen-19-768x431.jpg 768w, https:\/\/loudavymkrokem.cz\/wp-content\/uploads\/2026\/08\/articles-bonigen-19-1536x863.jpg 1536w, https:\/\/loudavymkrokem.cz\/wp-content\/uploads\/2026\/08\/articles-bonigen-19-696x391.jpg 696w, https:\/\/loudavymkrokem.cz\/wp-content\/uploads\/2026\/08\/articles-bonigen-19-1392x782.jpg 1392w\" sizes=\"(max-width: 1800px) 100vw, 1800px\" \/><button\n\t\t\tclass=\"lightbox-trigger\"\n\t\t\ttype=\"button\"\n\t\t\taria-haspopup=\"dialog\"\n\t\t\tdata-wp-bind--aria-label=\"state.thisImage.triggerButtonAriaLabel\"\n\t\t\tdata-wp-init=\"callbacks.initTriggerButton\"\n\t\t\tdata-wp-on--click=\"actions.showLightbox\"\n\t\t\tdata-wp-style--right=\"state.thisImage.buttonRight\"\n\t\t\tdata-wp-style--top=\"state.thisImage.buttonTop\"\n\t\t>\n\t\t\t<svg xmlns=\"http:\/\/www.w3.org\/2000\/svg\" width=\"12\" height=\"12\" fill=\"none\" viewBox=\"0 0 12 12\">\n\t\t\t\t<path fill=\"#fff\" d=\"M2 0a2 2 0 0 0-2 2v2h1.5V2a.5.5 0 0 1 .5-.5h2V0H2Zm2 10.5H2a.5.5 0 0 1-.5-.5V8H0v2a2 2 0 0 0 2 2h2v-1.5ZM8 12v-1.5h2a.5.5 0 0 0 .5-.5V8H12v2a2 2 0 0 1-2 2H8Zm2-12a2 2 0 0 1 2 2v2h-1.5V2a.5.5 0 0 0-.5-.5H8V0h2Z\" \/>\n\t\t\t<\/svg>\n\t\t<\/button><figcaption class=\"wp-element-caption\">Foto: Ollie Craig \/ Pexels<\/figcaption><\/figure>\n\n\n\n<h3 class=\"wp-block-heading\"><span class=\"ez-toc-section\" id=\"19_Harder_Kulm_Domowa_gora_Interlakenu\"><\/span>19. Harder Kulm: Domowa g\u00f3ra Interlakenu<span class=\"ez-toc-section-end\"><\/span><\/h3>\n\n\n\n<p class=\"wp-block-paragraph\">To absolutny obowi\u0105zek. <strong>Harder Kulm na wysoko\u015bci 1 322 metr\u00f3w<\/strong> znany jest jako domowa g\u00f3ra Interlakenu i oferuje najbardziej ikoniczny widok w ca\u0142ym regionie. Historyczna kolejka terenowa (funikular) wywiezie ci\u0119 z doliny na g\u00f3r\u0119 w zaledwie 10 minut, podczas kt\u00f3rych pokonuje 755 metr\u00f3w przewy\u017cszenia na trasie d\u0142ugiej jedynie 1,4 kilometra.<\/p>\n\n\n\n<p class=\"wp-block-paragraph\">Na rok 2026 <strong>bilet powrotny dla doros\u0142ego kosztuje 44 CHF<\/strong>. Je\u015bli masz Swiss Travel Pass albo Bernese Oberland Pass, dostaniesz zni\u017ck\u0119 50%. Kolejka je\u017adzi od 3 kwietnia do 29 listopada co p\u00f3\u0142 godziny, przy czym latem w d\u00f3\u0142 mo\u017cesz zjecha\u0107 nawet g\u0142\u0119boko w noc.<\/p>\n\n\n\n<p class=\"wp-block-paragraph\">Na g\u00f3rze czeka na ciebie s\u0142ynna <strong>platforma widokowa Two Lakes Bridge<\/strong>, kt\u00f3ra dramatycznie wybiega nad g\u0142\u0119boki urwisko. Stoisz na niej i pod sob\u0105 widzisz jednocze\u015bnie oba jeziora (Thunersee i Brienzersee), a wprost przed sob\u0105 masz majestatyczn\u0105 alpejsk\u0105 tr\u00f3jk\u0119 Eiger, M\u00f6nch i Jungfrau. Wygl\u0105da tu naprawd\u0119 jak z filmowych dekoracji.<\/p>\n\n\n\n<p class=\"wp-block-paragraph\">\ud83d\udca1 Wskaz\u00f3wka: <strong>Unikaj kolejek<\/strong> i kup <strong>bilet z wyprzedzeniem online<\/strong> wprost na stronie <a href=\"https:\/\/www.harder-kulm.com\" target=\"_blank\" rel=\"nofollow noopener\">Harder Kulm<\/a>. Dostaniesz kod QR na telefon i przejdziesz od razu do bramek.<\/p>\n\n\n\n<figure data-wp-context=\"{&quot;imageId&quot;:&quot;6a9544b8a5d17&quot;}\" data-wp-interactive=\"core\/image\" data-wp-key=\"6a9544b8a5d17\" class=\"wp-block-image size-full wp-lightbox-container\"><img decoding=\"async\" width=\"1800\" height=\"1350\" data-wp-class--hide=\"state.isContentHidden\" data-wp-class--show=\"state.isContentVisible\" data-wp-init=\"callbacks.setButtonStyles\" data-wp-on--click=\"actions.showLightbox\" data-wp-on--load=\"callbacks.setButtonStyles\" data-wp-on--pointerdown=\"actions.preloadImage\" data-wp-on--pointerenter=\"actions.preloadImageWithDelay\" data-wp-on--pointerleave=\"actions.cancelPreload\" data-wp-on-window--resize=\"callbacks.setButtonStyles\" src=\"https:\/\/loudavymkrokem.cz\/wp-content\/uploads\/2026\/08\/articles-bonigen-20.jpg\" alt=\"Kaskady wodospad\u00f3w Giessbach\" class=\"wp-image-404502\" title=\"\" srcset=\"https:\/\/loudavymkrokem.cz\/wp-content\/uploads\/2026\/08\/articles-bonigen-20.jpg 1800w, https:\/\/loudavymkrokem.cz\/wp-content\/uploads\/2026\/08\/articles-bonigen-20-300x225.jpg 300w, https:\/\/loudavymkrokem.cz\/wp-content\/uploads\/2026\/08\/articles-bonigen-20-700x525.jpg 700w, https:\/\/loudavymkrokem.cz\/wp-content\/uploads\/2026\/08\/articles-bonigen-20-768x576.jpg 768w, https:\/\/loudavymkrokem.cz\/wp-content\/uploads\/2026\/08\/articles-bonigen-20-1536x1152.jpg 1536w, https:\/\/loudavymkrokem.cz\/wp-content\/uploads\/2026\/08\/articles-bonigen-20-80x60.jpg 80w, https:\/\/loudavymkrokem.cz\/wp-content\/uploads\/2026\/08\/articles-bonigen-20-160x120.jpg 160w, https:\/\/loudavymkrokem.cz\/wp-content\/uploads\/2026\/08\/articles-bonigen-20-696x522.jpg 696w, https:\/\/loudavymkrokem.cz\/wp-content\/uploads\/2026\/08\/articles-bonigen-20-1392x1044.jpg 1392w\" sizes=\"(max-width: 1800px) 100vw, 1800px\" \/><button\n\t\t\tclass=\"lightbox-trigger\"\n\t\t\ttype=\"button\"\n\t\t\taria-haspopup=\"dialog\"\n\t\t\tdata-wp-bind--aria-label=\"state.thisImage.triggerButtonAriaLabel\"\n\t\t\tdata-wp-init=\"callbacks.initTriggerButton\"\n\t\t\tdata-wp-on--click=\"actions.showLightbox\"\n\t\t\tdata-wp-style--right=\"state.thisImage.buttonRight\"\n\t\t\tdata-wp-style--top=\"state.thisImage.buttonTop\"\n\t\t>\n\t\t\t<svg xmlns=\"http:\/\/www.w3.org\/2000\/svg\" width=\"12\" height=\"12\" fill=\"none\" viewBox=\"0 0 12 12\">\n\t\t\t\t<path fill=\"#fff\" d=\"M2 0a2 2 0 0 0-2 2v2h1.5V2a.5.5 0 0 1 .5-.5h2V0H2Zm2 10.5H2a.5.5 0 0 1-.5-.5V8H0v2a2 2 0 0 0 2 2h2v-1.5ZM8 12v-1.5h2a.5.5 0 0 0 .5-.5V8H12v2a2 2 0 0 1-2 2H8Zm2-12a2 2 0 0 1 2 2v2h-1.5V2a.5.5 0 0 0-.5-.5H8V0h2Z\" \/>\n\t\t\t<\/svg>\n\t\t<\/button><figcaption class=\"wp-element-caption\">Foto: Metehan \u015eeker \/ Pexels<\/figcaption><\/figure>\n\n\n\n<h3 class=\"wp-block-heading\"><span class=\"ez-toc-section\" id=\"20_Wodospady_Giessbach_i_przejscie_za_woda\"><\/span>20. Wodospady Giessbach i przej\u015bcie za wod\u0105<span class=\"ez-toc-section-end\"><\/span><\/h3>\n\n\n\n<p class=\"wp-block-paragraph\">Woda spada tu <strong>w 14 kaskadach<\/strong> z oko\u0142o 400 metr\u00f3w wprost do jeziora, a zanim zaczniesz my\u015ble\u0107, \u017ce widzia\u0142e\u015b ju\u017c wodospady gdzie indziej, poczekaj, co przyjdzie dalej. Wok\u00f3\u0142 wodospad\u00f3w prowadzi <strong>sie\u0107 doskonale utrzymanych \u015bcie\u017cek<\/strong>, kt\u00f3re zaprowadz\u0105 ci\u0119 a\u017c do najg\u0142o\u015bniejszych i najdzikszych odcink\u00f3w.<\/p>\n\n\n\n<p class=\"wp-block-paragraph\">Najwi\u0119ksz\u0105 atrakcj\u0105 jest <strong>\u015bcie\u017cka prowadz\u0105ca wprost ZA jednym z wodospad\u00f3w<\/strong>. Mo\u017cesz przej\u015b\u0107 pod pot\u0119\u017cnym skalnym nawisem i patrze\u0107 przez spadaj\u0105c\u0105 \u015bcian\u0119 wody w d\u00f3\u0142 na turkusowe jezioro i okoliczne g\u00f3ry. To bezpieczna, mniej wi\u0119cej 20-minutowa p\u0119tla, kt\u00f3ra zupe\u0142nie ci\u0119 zachwyci.<\/p>\n\n\n\n<p class=\"wp-block-paragraph\">Dosta\u0107 si\u0119 tu mo\u017cesz autem (<strong>parking wyjdzie 15 CHF<\/strong> za dzie\u0144 w szczycie sezonu), ale znacznie bardziej stylowo jest <strong>przyp\u0142yn\u0105\u0107 statkiem na przystanek<\/strong> Giessbach See. Stamt\u0105d droga prowadzi albo pieszo, albo historyczn\u0105 kolejk\u0105 wprost do pocz\u0105tku \u015bcie\u017cek.<\/p>\n\n\n\n<p class=\"wp-block-paragraph\">\ud83d\udca1 Wskaz\u00f3wka: Je\u015bli wybierasz si\u0119 tu wiosn\u0105 w czasie topnienia \u015bniegu albo po obfitych deszczach, licz si\u0119 z tym, \u017ce na \u015bcie\u017cce za wodospadem <strong>dostaniesz porz\u0105dny prysznic<\/strong>. <strong>Kurtka przeciwdeszczowa to konieczno\u015b\u0107<\/strong>.<\/p>\n\n\n\n<figure data-wp-context=\"{&quot;imageId&quot;:&quot;6a9544b8a64cb&quot;}\" data-wp-interactive=\"core\/image\" data-wp-key=\"6a9544b8a64cb\" class=\"wp-block-image size-full wp-lightbox-container\"><img decoding=\"async\" width=\"1800\" height=\"1350\" data-wp-class--hide=\"state.isContentHidden\" data-wp-class--show=\"state.isContentVisible\" data-wp-init=\"callbacks.setButtonStyles\" data-wp-on--click=\"actions.showLightbox\" data-wp-on--load=\"callbacks.setButtonStyles\" data-wp-on--pointerdown=\"actions.preloadImage\" data-wp-on--pointerenter=\"actions.preloadImageWithDelay\" data-wp-on--pointerleave=\"actions.cancelPreload\" data-wp-on-window--resize=\"callbacks.setButtonStyles\" src=\"https:\/\/loudavymkrokem.cz\/wp-content\/uploads\/2026\/08\/articles-bonigen-21.jpg\" alt=\"Grandhotel Giessbach i historyczna kolejka\" class=\"wp-image-404504\" title=\"\" srcset=\"https:\/\/loudavymkrokem.cz\/wp-content\/uploads\/2026\/08\/articles-bonigen-21.jpg 1800w, https:\/\/loudavymkrokem.cz\/wp-content\/uploads\/2026\/08\/articles-bonigen-21-300x225.jpg 300w, https:\/\/loudavymkrokem.cz\/wp-content\/uploads\/2026\/08\/articles-bonigen-21-700x525.jpg 700w, https:\/\/loudavymkrokem.cz\/wp-content\/uploads\/2026\/08\/articles-bonigen-21-768x576.jpg 768w, https:\/\/loudavymkrokem.cz\/wp-content\/uploads\/2026\/08\/articles-bonigen-21-1536x1152.jpg 1536w, https:\/\/loudavymkrokem.cz\/wp-content\/uploads\/2026\/08\/articles-bonigen-21-80x60.jpg 80w, https:\/\/loudavymkrokem.cz\/wp-content\/uploads\/2026\/08\/articles-bonigen-21-160x120.jpg 160w, https:\/\/loudavymkrokem.cz\/wp-content\/uploads\/2026\/08\/articles-bonigen-21-696x522.jpg 696w, https:\/\/loudavymkrokem.cz\/wp-content\/uploads\/2026\/08\/articles-bonigen-21-1392x1044.jpg 1392w\" sizes=\"(max-width: 1800px) 100vw, 1800px\" \/><button\n\t\t\tclass=\"lightbox-trigger\"\n\t\t\ttype=\"button\"\n\t\t\taria-haspopup=\"dialog\"\n\t\t\tdata-wp-bind--aria-label=\"state.thisImage.triggerButtonAriaLabel\"\n\t\t\tdata-wp-init=\"callbacks.initTriggerButton\"\n\t\t\tdata-wp-on--click=\"actions.showLightbox\"\n\t\t\tdata-wp-style--right=\"state.thisImage.buttonRight\"\n\t\t\tdata-wp-style--top=\"state.thisImage.buttonTop\"\n\t\t>\n\t\t\t<svg xmlns=\"http:\/\/www.w3.org\/2000\/svg\" width=\"12\" height=\"12\" fill=\"none\" viewBox=\"0 0 12 12\">\n\t\t\t\t<path fill=\"#fff\" d=\"M2 0a2 2 0 0 0-2 2v2h1.5V2a.5.5 0 0 1 .5-.5h2V0H2Zm2 10.5H2a.5.5 0 0 1-.5-.5V8H0v2a2 2 0 0 0 2 2h2v-1.5ZM8 12v-1.5h2a.5.5 0 0 0 .5-.5V8H12v2a2 2 0 0 1-2 2H8Zm2-12a2 2 0 0 1 2 2v2h-1.5V2a.5.5 0 0 0-.5-.5H8V0h2Z\" \/>\n\t\t\t<\/svg>\n\t\t<\/button><figcaption class=\"wp-element-caption\">Foto: JoachimKohler-HB \/ Wikimedia Commons, CC BY-SA 4.0<\/figcaption><\/figure>\n\n\n\n<h3 class=\"wp-block-heading\"><span class=\"ez-toc-section\" id=\"21_Najstarsza_szwajcarska_kolejka_turystyczna_i_Grandhotel\"><\/span>21. Najstarsza szwajcarska kolejka turystyczna i Grandhotel<span class=\"ez-toc-section-end\"><\/span><\/h3>\n\n\n\n<p class=\"wp-block-paragraph\">Kiedy ju\u017c przyp\u0142yniesz statkiem pod wodospady Giessbach, nie przegap technicznego unikatu. Od przystani na g\u00f3r\u0119 do hotelu je\u017adzi <strong>Giessbachbahn \u2014 najstarsza wci\u0105\u017c czynna kolejka terenowa w Szwajcarii<\/strong>. Je\u017adzi od 1879 roku i by\u0142a w og\u00f3le pierwsz\u0105 szwajcarsk\u0105 kolejk\u0105 zbudowan\u0105 czysto dla turyst\u00f3w. Jej historyczne czerwone wagoniki s\u0105 niesamowicie fotogeniczne.<\/p>\n\n\n\n<p class=\"wp-block-paragraph\">Stacja g\u00f3rna wypluje ci\u0119 wprost przed bramami zachwycaj\u0105cego <strong>Grandhotelu Giessbach<\/strong>. Ten luksusowy pa\u0142ac z XIX wieku go\u015bci\u0142 \u015bmietank\u0119 z ca\u0142ego \u015bwiata i do dzi\u015b zachowa\u0142 swoj\u0105 arystokratyczn\u0105 atmosfer\u0119. Wok\u00f3\u0142 hotelu rozci\u0105ga si\u0119 starannie utrzymany <strong>park o powierzchni niesamowitych 22 hektar\u00f3w<\/strong>, po kt\u00f3rym mo\u017cesz si\u0119 swobodnie przechadza\u0107.<\/p>\n\n\n\n<p class=\"wp-block-paragraph\">Nawet je\u015bli w hotelu nie mieszkasz, zdecydowanie polecam usi\u0105\u015b\u0107 na ich <strong>ogromnym tarasie widokowym<\/strong>. <strong>Kawa co prawda kosztuje tu fortun\u0119<\/strong>, ale z wodospadami w tle i t\u0105 arystokratyczn\u0105 atmosfer\u0105 b\u0119dziesz si\u0119 czu\u0107 jak w powie\u015bci Agathy Christie, a to si\u0119 po prostu ceni. \u263a\ufe0f<\/p>\n\n\n\n<p class=\"wp-block-paragraph\">\ud83d\udca1 Wskaz\u00f3wka: Wi\u0119cej o <strong>historii hotelu<\/strong> i <strong>aktualnych rozk\u0142adach jazdy kolejki<\/strong> przeczytasz na pi\u0119knej stronie <a href=\"https:\/\/www.giessbach.ch\" target=\"_blank\" rel=\"nofollow noopener\">Grandhotel Giessbach<\/a>.<\/p>\n\n\n\n<figure data-wp-context=\"{&quot;imageId&quot;:&quot;6a9544b8a6e70&quot;}\" data-wp-interactive=\"core\/image\" data-wp-key=\"6a9544b8a6e70\" class=\"wp-block-image size-full wp-lightbox-container\"><img decoding=\"async\" width=\"1800\" height=\"1350\" data-wp-class--hide=\"state.isContentHidden\" data-wp-class--show=\"state.isContentVisible\" data-wp-init=\"callbacks.setButtonStyles\" data-wp-on--click=\"actions.showLightbox\" data-wp-on--load=\"callbacks.setButtonStyles\" data-wp-on--pointerdown=\"actions.preloadImage\" data-wp-on--pointerenter=\"actions.preloadImageWithDelay\" data-wp-on--pointerleave=\"actions.cancelPreload\" data-wp-on-window--resize=\"callbacks.setButtonStyles\" src=\"https:\/\/loudavymkrokem.cz\/wp-content\/uploads\/2026\/08\/articles-bonigen-22.jpg\" alt=\"Wioska Iseltwald na p\u00f3\u0142wyspie w jeziorze\" class=\"wp-image-404505\" title=\"\" srcset=\"https:\/\/loudavymkrokem.cz\/wp-content\/uploads\/2026\/08\/articles-bonigen-22.jpg 1800w, https:\/\/loudavymkrokem.cz\/wp-content\/uploads\/2026\/08\/articles-bonigen-22-300x225.jpg 300w, https:\/\/loudavymkrokem.cz\/wp-content\/uploads\/2026\/08\/articles-bonigen-22-700x525.jpg 700w, https:\/\/loudavymkrokem.cz\/wp-content\/uploads\/2026\/08\/articles-bonigen-22-768x576.jpg 768w, https:\/\/loudavymkrokem.cz\/wp-content\/uploads\/2026\/08\/articles-bonigen-22-1536x1152.jpg 1536w, https:\/\/loudavymkrokem.cz\/wp-content\/uploads\/2026\/08\/articles-bonigen-22-80x60.jpg 80w, https:\/\/loudavymkrokem.cz\/wp-content\/uploads\/2026\/08\/articles-bonigen-22-160x120.jpg 160w, https:\/\/loudavymkrokem.cz\/wp-content\/uploads\/2026\/08\/articles-bonigen-22-696x522.jpg 696w, https:\/\/loudavymkrokem.cz\/wp-content\/uploads\/2026\/08\/articles-bonigen-22-1392x1044.jpg 1392w\" sizes=\"(max-width: 1800px) 100vw, 1800px\" \/><button\n\t\t\tclass=\"lightbox-trigger\"\n\t\t\ttype=\"button\"\n\t\t\taria-haspopup=\"dialog\"\n\t\t\tdata-wp-bind--aria-label=\"state.thisImage.triggerButtonAriaLabel\"\n\t\t\tdata-wp-init=\"callbacks.initTriggerButton\"\n\t\t\tdata-wp-on--click=\"actions.showLightbox\"\n\t\t\tdata-wp-style--right=\"state.thisImage.buttonRight\"\n\t\t\tdata-wp-style--top=\"state.thisImage.buttonTop\"\n\t\t>\n\t\t\t<svg xmlns=\"http:\/\/www.w3.org\/2000\/svg\" width=\"12\" height=\"12\" fill=\"none\" viewBox=\"0 0 12 12\">\n\t\t\t\t<path fill=\"#fff\" d=\"M2 0a2 2 0 0 0-2 2v2h1.5V2a.5.5 0 0 1 .5-.5h2V0H2Zm2 10.5H2a.5.5 0 0 1-.5-.5V8H0v2a2 2 0 0 0 2 2h2v-1.5ZM8 12v-1.5h2a.5.5 0 0 0 .5-.5V8H12v2a2 2 0 0 1-2 2H8Zm2-12a2 2 0 0 1 2 2v2h-1.5V2a.5.5 0 0 0-.5-.5H8V0h2Z\" \/>\n\t\t\t<\/svg>\n\t\t<\/button><figcaption class=\"wp-element-caption\">Foto: PKurmannCH \/ Wikimedia Commons, CC BY-SA 4.0<\/figcaption><\/figure>\n\n\n\n<h3 class=\"wp-block-heading\"><span class=\"ez-toc-section\" id=\"22_Iseltwald_i_ikoniczne_molo_z_serialu\"><\/span>22. Iseltwald i ikoniczne molo z serialu<span class=\"ez-toc-section-end\"><\/span><\/h3>\n\n\n\n<p class=\"wp-block-paragraph\">S\u0105siednia wioska Iseltwald to malownicza osada le\u017c\u0105ca na ma\u0142ym p\u00f3\u0142wyspie, dok\u0105d z B\u00f6nigen dowiezie ci\u0119 statek albo autobus 103. Miejscowe drewniane molo sta\u0142o si\u0119 jednak niedawno wiraln\u0105 sensacj\u0105, bo kr\u0119cono tu kluczow\u0105 scen\u0119 do <strong>s\u0142ynnego korea\u0144skiego serialu Netfliksa Crash Landing on You<\/strong>.<\/p>\n\n\n\n<p class=\"wp-block-paragraph\">Od tego czasu nap\u0142ywaj\u0105 tu t\u0142umy azjatyckich turyst\u00f3w, kt\u00f3rzy chc\u0105 zrobi\u0107 sobie zdj\u0119cie w tym samym miejscu co ich serialowi bohaterowie. Gmina sprytnie rozwi\u0105za\u0142a sytuacj\u0119 i przed molo <strong>zainstalowa\u0142a bramk\u0119 pobieraj\u0105c\u0105 \u201eop\u0142at\u0119 za selfie&#8221; w wysoko\u015bci 5 CHF<\/strong>. Doch\u00f3d idzie na sprz\u0105tanie wioski i wyw\u00f3z odpad\u00f3w po t\u0142umach turyst\u00f3w. Tylko w 2024 roku przez bramk\u0119 przesz\u0142o blisko 50 tysi\u0119cy os\u00f3b, a gmina zebra\u0142a na niej oko\u0142o 245 tysi\u0119cy frank\u00f3w. Publiczne toalety za jeden frank dorzuci\u0142y do tego kolejne 58 tysi\u0119cy.<\/p>\n\n\n\n<p class=\"wp-block-paragraph\">Opr\u00f3cz mola zobaczysz tu te\u017c <strong>pi\u0119kny zameczek Seeburg z 1907 roku<\/strong>, kt\u00f3ry pe\u0142ni funkcj\u0119 symbolu wioski (niestety jest w prywatnych r\u0119kach i obejrzysz go tylko z zewn\u0105trz). W jeziorze kawa\u0142ek od brzegu le\u017cy za\u015b Schn\u00e4ggeninseli, jedyna wyspa na Jeziorze Brienckim, gdzie wed\u0142ug legendy mnisi hodowali \u015blimaki.<\/p>\n\n\n\n<p class=\"wp-block-paragraph\">\ud83d\udca1 Wskaz\u00f3wka: Je\u015bli chcesz <strong>unikn\u0105\u0107 t\u0142um\u00f3w przy bramce<\/strong> i mie\u0107 spok\u00f3j na zwiedzanie wioski, zajrzyj po informacje na <a href=\"https:\/\/www.boenigen-iseltwald.ch\" target=\"_blank\" rel=\"nofollow noopener\">stron\u0119 turystyczn\u0105<\/a> i zaplanuj wizyt\u0119 w Iseltwaldzie <strong>na wczesny ranek<\/strong>.<\/p>\n\n\n\n<figure data-wp-context=\"{&quot;imageId&quot;:&quot;6a9544b8a7652&quot;}\" data-wp-interactive=\"core\/image\" data-wp-key=\"6a9544b8a7652\" class=\"wp-block-image size-full wp-lightbox-container\"><img decoding=\"async\" width=\"1800\" height=\"1221\" data-wp-class--hide=\"state.isContentHidden\" data-wp-class--show=\"state.isContentVisible\" data-wp-init=\"callbacks.setButtonStyles\" data-wp-on--click=\"actions.showLightbox\" data-wp-on--load=\"callbacks.setButtonStyles\" data-wp-on--pointerdown=\"actions.preloadImage\" data-wp-on--pointerenter=\"actions.preloadImageWithDelay\" data-wp-on--pointerleave=\"actions.cancelPreload\" data-wp-on-window--resize=\"callbacks.setButtonStyles\" src=\"https:\/\/loudavymkrokem.cz\/wp-content\/uploads\/2026\/08\/articles-bonigen-23.jpg\" alt=\"Kolejka z\u0119bata na Schynige Platte\" class=\"wp-image-404508\" title=\"\" srcset=\"https:\/\/loudavymkrokem.cz\/wp-content\/uploads\/2026\/08\/articles-bonigen-23.jpg 1800w, https:\/\/loudavymkrokem.cz\/wp-content\/uploads\/2026\/08\/articles-bonigen-23-300x204.jpg 300w, https:\/\/loudavymkrokem.cz\/wp-content\/uploads\/2026\/08\/articles-bonigen-23-700x475.jpg 700w, https:\/\/loudavymkrokem.cz\/wp-content\/uploads\/2026\/08\/articles-bonigen-23-768x521.jpg 768w, https:\/\/loudavymkrokem.cz\/wp-content\/uploads\/2026\/08\/articles-bonigen-23-1536x1042.jpg 1536w, https:\/\/loudavymkrokem.cz\/wp-content\/uploads\/2026\/08\/articles-bonigen-23-696x472.jpg 696w, https:\/\/loudavymkrokem.cz\/wp-content\/uploads\/2026\/08\/articles-bonigen-23-1392x944.jpg 1392w\" sizes=\"(max-width: 1800px) 100vw, 1800px\" \/><button\n\t\t\tclass=\"lightbox-trigger\"\n\t\t\ttype=\"button\"\n\t\t\taria-haspopup=\"dialog\"\n\t\t\tdata-wp-bind--aria-label=\"state.thisImage.triggerButtonAriaLabel\"\n\t\t\tdata-wp-init=\"callbacks.initTriggerButton\"\n\t\t\tdata-wp-on--click=\"actions.showLightbox\"\n\t\t\tdata-wp-style--right=\"state.thisImage.buttonRight\"\n\t\t\tdata-wp-style--top=\"state.thisImage.buttonTop\"\n\t\t>\n\t\t\t<svg xmlns=\"http:\/\/www.w3.org\/2000\/svg\" width=\"12\" height=\"12\" fill=\"none\" viewBox=\"0 0 12 12\">\n\t\t\t\t<path fill=\"#fff\" d=\"M2 0a2 2 0 0 0-2 2v2h1.5V2a.5.5 0 0 1 .5-.5h2V0H2Zm2 10.5H2a.5.5 0 0 1-.5-.5V8H0v2a2 2 0 0 0 2 2h2v-1.5ZM8 12v-1.5h2a.5.5 0 0 0 .5-.5V8H12v2a2 2 0 0 1-2 2H8Zm2-12a2 2 0 0 1 2 2v2h-1.5V2a.5.5 0 0 0-.5-.5H8V0h2Z\" \/>\n\t\t\t<\/svg>\n\t\t<\/button><figcaption class=\"wp-element-caption\">Foto: JoachimKohler-HB \/ Wikimedia Commons, CC BY-SA 4.0<\/figcaption><\/figure>\n\n\n\n<h3 class=\"wp-block-heading\"><span class=\"ez-toc-section\" id=\"23_Schynige_Platte_Kolejka_zebata_i_ogrod_alpejski\"><\/span>23. Schynige Platte: Kolejka z\u0119bata i ogr\u00f3d alpejski<span class=\"ez-toc-section-end\"><\/span><\/h3>\n\n\n\n<p class=\"wp-block-paragraph\">Na t\u0119 wycieczk\u0119 wystarczy przenie\u015b\u0107 si\u0119 do pobliskiego Wilderswil, sk\u0105d wyje\u017cd\u017ca historyczna kolej z\u0119bata na <strong>Schynige Platte na wysoko\u015b\u0107 1 967 metr\u00f3w<\/strong>. Jazda starymi drewnianymi wagonikami trwa prawie godzin\u0119 i to czysta romantyka. Bilet powrotny wyjdzie w 2026 roku <strong>68 CHF dla doros\u0142ego<\/strong>, ze zni\u017ck\u0105 po\u0142owiczn\u0105 albo Swiss Travel Pass 34 CHF, a <strong>z Bernese Oberland Pass masz przejazd za darmo<\/strong>. Kolejka je\u017adzi od 13 czerwca do 25 pa\u017adziernika.<\/p>\n\n\n\n<p class=\"wp-block-paragraph\">Na g\u00f3rze powita ci\u0119 zachwycaj\u0105cy <strong>botaniczny ogr\u00f3d alpejski<\/strong>, gdzie na starannie utrzymanej trasie okr\u0119\u017cnej ro\u015bnie oko\u0142o <strong>800 gatunk\u00f3w wysokog\u00f3rskich ro\u015blin<\/strong>, w tym rzadkie szarotki alpejskie. Wszystko jest pi\u0119knie opisane i posegregowane wed\u0142ug naturalnych biotop\u00f3w.<\/p>\n\n\n\n<p class=\"wp-block-paragraph\">Najlepszym prze\u017cyciem jest jednak okr\u0119\u017cny <strong>Panoramaweg<\/strong>. To spokojna wycieczka na oko\u0142o 2,5 godziny, kt\u00f3ra zaprowadzi ci\u0119 na dwa fantastyczne punkty widokowe na ska\u0142ach Daube i Oberberghorn. To trasa odpowiednia dla ca\u0142ej rodziny, kt\u00f3ra nie wymaga \u017cadnych umiej\u0119tno\u015bci wspinaczkowych, ale oferuje widoki jak dla profesjonalist\u00f3w.<\/p>\n\n\n\n<p class=\"wp-block-paragraph\">\ud83d\udca1 Wskaz\u00f3wka: W 2026 roku w okre\u015blone daty (zwykle od po\u0142owy czerwca do pa\u017adziernika) obowi\u0105zuj\u0105 <strong>r\u00f3\u017cne specjalne zni\u017cki<\/strong>, wi\u0119c przy zakupie w kasie nie zapomnij sprawdzi\u0107, czy nie masz <strong>prawa do ta\u0144szego biletu<\/strong>.<\/p>\n\n\n\n<figure data-wp-context=\"{&quot;imageId&quot;:&quot;6a9544b8a7d7f&quot;}\" data-wp-interactive=\"core\/image\" data-wp-key=\"6a9544b8a7d7f\" class=\"wp-block-image size-full wp-lightbox-container\"><img decoding=\"async\" width=\"1800\" height=\"1350\" data-wp-class--hide=\"state.isContentHidden\" data-wp-class--show=\"state.isContentVisible\" data-wp-init=\"callbacks.setButtonStyles\" data-wp-on--click=\"actions.showLightbox\" data-wp-on--load=\"callbacks.setButtonStyles\" data-wp-on--pointerdown=\"actions.preloadImage\" data-wp-on--pointerenter=\"actions.preloadImageWithDelay\" data-wp-on--pointerleave=\"actions.cancelPreload\" data-wp-on-window--resize=\"callbacks.setButtonStyles\" src=\"https:\/\/loudavymkrokem.cz\/wp-content\/uploads\/2026\/08\/articles-bonigen-24.jpg\" alt=\"Interlaken z widokiem na Jungfrau\" class=\"wp-image-404509\" title=\"\" srcset=\"https:\/\/loudavymkrokem.cz\/wp-content\/uploads\/2026\/08\/articles-bonigen-24.jpg 1800w, https:\/\/loudavymkrokem.cz\/wp-content\/uploads\/2026\/08\/articles-bonigen-24-300x225.jpg 300w, https:\/\/loudavymkrokem.cz\/wp-content\/uploads\/2026\/08\/articles-bonigen-24-700x525.jpg 700w, https:\/\/loudavymkrokem.cz\/wp-content\/uploads\/2026\/08\/articles-bonigen-24-768x576.jpg 768w, https:\/\/loudavymkrokem.cz\/wp-content\/uploads\/2026\/08\/articles-bonigen-24-1536x1152.jpg 1536w, https:\/\/loudavymkrokem.cz\/wp-content\/uploads\/2026\/08\/articles-bonigen-24-80x60.jpg 80w, https:\/\/loudavymkrokem.cz\/wp-content\/uploads\/2026\/08\/articles-bonigen-24-160x120.jpg 160w, https:\/\/loudavymkrokem.cz\/wp-content\/uploads\/2026\/08\/articles-bonigen-24-696x522.jpg 696w, https:\/\/loudavymkrokem.cz\/wp-content\/uploads\/2026\/08\/articles-bonigen-24-1392x1044.jpg 1392w\" sizes=\"(max-width: 1800px) 100vw, 1800px\" \/><button\n\t\t\tclass=\"lightbox-trigger\"\n\t\t\ttype=\"button\"\n\t\t\taria-haspopup=\"dialog\"\n\t\t\tdata-wp-bind--aria-label=\"state.thisImage.triggerButtonAriaLabel\"\n\t\t\tdata-wp-init=\"callbacks.initTriggerButton\"\n\t\t\tdata-wp-on--click=\"actions.showLightbox\"\n\t\t\tdata-wp-style--right=\"state.thisImage.buttonRight\"\n\t\t\tdata-wp-style--top=\"state.thisImage.buttonTop\"\n\t\t>\n\t\t\t<svg xmlns=\"http:\/\/www.w3.org\/2000\/svg\" width=\"12\" height=\"12\" fill=\"none\" viewBox=\"0 0 12 12\">\n\t\t\t\t<path fill=\"#fff\" d=\"M2 0a2 2 0 0 0-2 2v2h1.5V2a.5.5 0 0 1 .5-.5h2V0H2Zm2 10.5H2a.5.5 0 0 1-.5-.5V8H0v2a2 2 0 0 0 2 2h2v-1.5ZM8 12v-1.5h2a.5.5 0 0 0 .5-.5V8H12v2a2 2 0 0 1-2 2H8Zm2-12a2 2 0 0 1 2 2v2h-1.5V2a.5.5 0 0 0-.5-.5H8V0h2Z\" \/>\n\t\t\t<\/svg>\n\t\t<\/button><figcaption class=\"wp-element-caption\">Foto: Paebi \/ Wikimedia Commons, CC BY-SA 4.0<\/figcaption><\/figure>\n\n\n\n<h3 class=\"wp-block-heading\"><span class=\"ez-toc-section\" id=\"24_Interlaken_Sasiednia_baza_turystyczna\"><\/span>24. Interlaken: S\u0105siednia baza turystyczna<span class=\"ez-toc-section-end\"><\/span><\/h3>\n\n\n\n<p class=\"wp-block-paragraph\">Gdy znudzi ci si\u0119 spok\u00f3j B\u00f6nigen, wystarczy wskoczy\u0107 w autobus 103 i w nieca\u0142e 10 minut jeste\u015b w centrum Interlakenu. To miasto jest prawdziwym przeciwie\u0144stwem. Jest <strong>gwarne, pe\u0142ne sklep\u00f3w z pami\u0105tkami, luksusowych butik\u00f3w z zegarkami<\/strong> i nieustannie kr\u0105\u017cy tu nad g\u0142ow\u0105 kilkadziesi\u0105t paralotniarzy, kt\u00f3rzy l\u0105duj\u0105 na du\u017cej trawiastej \u0142\u0105ce H\u00f6hematte wprost w centrum.<\/p>\n\n\n\n<p class=\"wp-block-paragraph\">Znajdziesz tu najlepsze supermarkety na zakup zapas\u00f3w, mn\u00f3stwo restauracji z ca\u0142ego \u015bwiata i ogromne kasyno. Interlaken funkcjonuje na dodatek jako <strong>g\u0142\u00f3wny w\u0119ze\u0142 komunikacyjny<\/strong> dla najwi\u0119kszych wycieczek w regionie, w tym <strong>ekstremalnie drogiej kolejki z\u0119batej na Jungfraujoch<\/strong> (Top of Europe).<\/p>\n\n\n\n<p class=\"wp-block-paragraph\">Fajnie jest przej\u015b\u0107 si\u0119 po mie\u015bcie, kupi\u0107 czekolad\u0119 i nasi\u0105kn\u0105\u0107 t\u0105 mi\u0119dzynarodow\u0105 atmosfer\u0105, ale zobaczysz, \u017ce wieczorem z ogromn\u0105 rado\u015bci\u0105 b\u0119dziesz wraca\u0107 <strong>z powrotem do cichej wioski<\/strong> nad jeziorem. Interlaken to \u015bwietny s\u0142uga, ale jako baza noclegowa bywa jak na m\u00f3j gust <strong>zbyt chaotyczny<\/strong>.<\/p>\n\n\n\n<p class=\"wp-block-paragraph\">\ud83d\udca1 Wskaz\u00f3wka: Wszelkie <strong>informacje o aktualnych wydarzeniach<\/strong>, festiwalach i kolejkach w szerszej okolicy znajdziesz najlepiej opracowane na portalu <a href=\"https:\/\/www.interlaken.swiss\" target=\"_blank\" rel=\"nofollow noopener\">Interlaken<\/a>, kt\u00f3ry <strong>zapisz sobie w zak\u0142adkach<\/strong>.<\/p>\n\n\n\n<figure data-wp-context=\"{&quot;imageId&quot;:&quot;6a9544b8a84c7&quot;}\" data-wp-interactive=\"core\/image\" data-wp-key=\"6a9544b8a84c7\" class=\"wp-block-image size-full wp-lightbox-container\"><img decoding=\"async\" width=\"1800\" height=\"1200\" data-wp-class--hide=\"state.isContentHidden\" data-wp-class--show=\"state.isContentVisible\" data-wp-init=\"callbacks.setButtonStyles\" data-wp-on--click=\"actions.showLightbox\" data-wp-on--load=\"callbacks.setButtonStyles\" data-wp-on--pointerdown=\"actions.preloadImage\" data-wp-on--pointerenter=\"actions.preloadImageWithDelay\" data-wp-on--pointerleave=\"actions.cancelPreload\" data-wp-on-window--resize=\"callbacks.setButtonStyles\" src=\"https:\/\/loudavymkrokem.cz\/wp-content\/uploads\/2026\/08\/articles-bonigen-25.jpg\" alt=\"Rodzinna wycieczka nad Jezioro Brienckie\" class=\"wp-image-404513\" title=\"\" srcset=\"https:\/\/loudavymkrokem.cz\/wp-content\/uploads\/2026\/08\/articles-bonigen-25.jpg 1800w, https:\/\/loudavymkrokem.cz\/wp-content\/uploads\/2026\/08\/articles-bonigen-25-300x200.jpg 300w, https:\/\/loudavymkrokem.cz\/wp-content\/uploads\/2026\/08\/articles-bonigen-25-700x467.jpg 700w, https:\/\/loudavymkrokem.cz\/wp-content\/uploads\/2026\/08\/articles-bonigen-25-768x512.jpg 768w, https:\/\/loudavymkrokem.cz\/wp-content\/uploads\/2026\/08\/articles-bonigen-25-1536x1024.jpg 1536w, https:\/\/loudavymkrokem.cz\/wp-content\/uploads\/2026\/08\/articles-bonigen-25-696x464.jpg 696w, https:\/\/loudavymkrokem.cz\/wp-content\/uploads\/2026\/08\/articles-bonigen-25-1392x928.jpg 1392w\" sizes=\"(max-width: 1800px) 100vw, 1800px\" \/><button\n\t\t\tclass=\"lightbox-trigger\"\n\t\t\ttype=\"button\"\n\t\t\taria-haspopup=\"dialog\"\n\t\t\tdata-wp-bind--aria-label=\"state.thisImage.triggerButtonAriaLabel\"\n\t\t\tdata-wp-init=\"callbacks.initTriggerButton\"\n\t\t\tdata-wp-on--click=\"actions.showLightbox\"\n\t\t\tdata-wp-style--right=\"state.thisImage.buttonRight\"\n\t\t\tdata-wp-style--top=\"state.thisImage.buttonTop\"\n\t\t>\n\t\t\t<svg xmlns=\"http:\/\/www.w3.org\/2000\/svg\" width=\"12\" height=\"12\" fill=\"none\" viewBox=\"0 0 12 12\">\n\t\t\t\t<path fill=\"#fff\" d=\"M2 0a2 2 0 0 0-2 2v2h1.5V2a.5.5 0 0 1 .5-.5h2V0H2Zm2 10.5H2a.5.5 0 0 1-.5-.5V8H0v2a2 2 0 0 0 2 2h2v-1.5ZM8 12v-1.5h2a.5.5 0 0 0 .5-.5V8H12v2a2 2 0 0 1-2 2H8Zm2-12a2 2 0 0 1 2 2v2h-1.5V2a.5.5 0 0 0-.5-.5H8V0h2Z\" \/>\n\t\t\t<\/svg>\n\t\t<\/button><figcaption class=\"wp-element-caption\">Foto: Nicojonesgodel \/ Wikimedia Commons, CC BY-SA 4.0<\/figcaption><\/figure>\n\n\n\n<h2 class=\"wp-block-heading\"><span class=\"ez-toc-section\" id=\"Bonigen_z_dziecmi_co_robic_z_rodzina\"><\/span>B\u00f6nigen z dzie\u0107mi: co robi\u0107 z rodzin\u0105<span class=\"ez-toc-section-end\"><\/span><\/h2>\n\n\n\n<p class=\"wp-block-paragraph\">Berne\u0144ski Oberland potrafi by\u0107 dla rodzinnego portfela do\u015b\u0107 bezlitosny, ale B\u00f6nigen jest pod tym wzgl\u0119dem zaskakuj\u0105co przyjazny i ma ogromn\u0105 zalet\u0119. Mn\u00f3stwo aktywno\u015bci da si\u0119 robi\u0107 wprost nad wod\u0105 <strong>bez konieczno\u015bci p\u0142acenia za drogie kolejki<\/strong>, a teren jest tu na tyle p\u0142aski, \u017ce <strong>poradz\u0105 sobie nawet mniejsze dzieci<\/strong> bez zb\u0119dnego marudzenia.<\/p>\n\n\n\n<p class=\"wp-block-paragraph\">Miejscowa centrala turystyczna na dodatek doskonale wie, \u017ce rodziny stanowi\u0105 spor\u0105 cz\u0119\u015b\u0107 odwiedzaj\u0105cych, wi\u0119c znajdziesz tu <strong>mn\u00f3stwo sprytnych atrakcji<\/strong>, kt\u00f3re utrzymaj\u0105 dzieci w ruchu, a przy tym nie b\u0119d\u0105 one z nich znudzone. Oto <strong>pi\u0119\u0107 sprawdzonych pomys\u0142\u00f3w<\/strong>, co robi\u0107 z dzie\u0107mi:<\/p>\n\n\n\n<figure data-wp-context=\"{&quot;imageId&quot;:&quot;6a9544b8a8b02&quot;}\" data-wp-interactive=\"core\/image\" data-wp-key=\"6a9544b8a8b02\" class=\"wp-block-image size-full wp-lightbox-container\"><img decoding=\"async\" width=\"1800\" height=\"1321\" data-wp-class--hide=\"state.isContentHidden\" data-wp-class--show=\"state.isContentVisible\" data-wp-init=\"callbacks.setButtonStyles\" data-wp-on--click=\"actions.showLightbox\" data-wp-on--load=\"callbacks.setButtonStyles\" data-wp-on--pointerdown=\"actions.preloadImage\" data-wp-on--pointerenter=\"actions.preloadImageWithDelay\" data-wp-on--pointerleave=\"actions.cancelPreload\" data-wp-on-window--resize=\"callbacks.setButtonStyles\" src=\"https:\/\/loudavymkrokem.cz\/wp-content\/uploads\/2026\/08\/articles-bonigen-26.jpg\" alt=\"K\u0105pielisko nad jeziorem z zapleczem dla dzieci\" class=\"wp-image-404514\" title=\"\" srcset=\"https:\/\/loudavymkrokem.cz\/wp-content\/uploads\/2026\/08\/articles-bonigen-26.jpg 1800w, https:\/\/loudavymkrokem.cz\/wp-content\/uploads\/2026\/08\/articles-bonigen-26-300x220.jpg 300w, https:\/\/loudavymkrokem.cz\/wp-content\/uploads\/2026\/08\/articles-bonigen-26-700x514.jpg 700w, https:\/\/loudavymkrokem.cz\/wp-content\/uploads\/2026\/08\/articles-bonigen-26-768x564.jpg 768w, https:\/\/loudavymkrokem.cz\/wp-content\/uploads\/2026\/08\/articles-bonigen-26-1536x1127.jpg 1536w, https:\/\/loudavymkrokem.cz\/wp-content\/uploads\/2026\/08\/articles-bonigen-26-80x60.jpg 80w, https:\/\/loudavymkrokem.cz\/wp-content\/uploads\/2026\/08\/articles-bonigen-26-696x511.jpg 696w, https:\/\/loudavymkrokem.cz\/wp-content\/uploads\/2026\/08\/articles-bonigen-26-1392x1022.jpg 1392w\" sizes=\"(max-width: 1800px) 100vw, 1800px\" \/><button\n\t\t\tclass=\"lightbox-trigger\"\n\t\t\ttype=\"button\"\n\t\t\taria-haspopup=\"dialog\"\n\t\t\tdata-wp-bind--aria-label=\"state.thisImage.triggerButtonAriaLabel\"\n\t\t\tdata-wp-init=\"callbacks.initTriggerButton\"\n\t\t\tdata-wp-on--click=\"actions.showLightbox\"\n\t\t\tdata-wp-style--right=\"state.thisImage.buttonRight\"\n\t\t\tdata-wp-style--top=\"state.thisImage.buttonTop\"\n\t\t>\n\t\t\t<svg xmlns=\"http:\/\/www.w3.org\/2000\/svg\" width=\"12\" height=\"12\" fill=\"none\" viewBox=\"0 0 12 12\">\n\t\t\t\t<path fill=\"#fff\" d=\"M2 0a2 2 0 0 0-2 2v2h1.5V2a.5.5 0 0 1 .5-.5h2V0H2Zm2 10.5H2a.5.5 0 0 1-.5-.5V8H0v2a2 2 0 0 0 2 2h2v-1.5ZM8 12v-1.5h2a.5.5 0 0 0 .5-.5V8H12v2a2 2 0 0 1-2 2H8Zm2-12a2 2 0 0 1 2 2v2h-1.5V2a.5.5 0 0 0-.5-.5H8V0h2Z\" \/>\n\t\t\t<\/svg>\n\t\t<\/button><figcaption class=\"wp-element-caption\">Foto: Patrick Nouhailler \/ Wikimedia Commons, CC BY-SA 3.0<\/figcaption><\/figure>\n\n\n\n<h3 class=\"wp-block-heading\"><span class=\"ez-toc-section\" id=\"Plaza_The_Beach_i_wielki_plac_zabaw\"><\/span>Pla\u017ca The Beach i wielki plac zabaw<span class=\"ez-toc-section-end\"><\/span><\/h3>\n\n\n\n<p class=\"wp-block-paragraph\">Kiedy na dworze jest gor\u0105co, to absolutna pewna karta. <strong>Wst\u0119p 4 CHF za dziecko<\/strong> (do 15 lat) to jak na szwajcarskie warunki \u015bmiesznie ma\u0142a kwota. Dzieci mog\u0105 si\u0119 wyszale\u0107 w <strong>podgrzewanym basenie o g\u0142\u0119boko\u015bci idealnej do zabawy<\/strong> albo w bezpiecznym brodziku dla dzieci.<\/p>\n\n\n\n<p class=\"wp-block-paragraph\">Cz\u0119\u015bci\u0105 obiektu jest <strong>du\u017cy plac zabaw z atrakcjami wodnymi<\/strong>, gdzie pociechy bez problemu ochlapuj\u0105 si\u0119 nawzajem wod\u0105 i buduj\u0105 zamki z piasku. Ca\u0142a przestrze\u0144 jest na dodatek <strong>bez problemu dost\u0119pna z w\u00f3zkiem<\/strong>, wi\u0119c \u0142atwo dostaniesz si\u0119 tu nawet z najmniejszymi wycieczkowiczami.<\/p>\n\n\n\n<figure data-wp-context=\"{&quot;imageId&quot;:&quot;6a9544b8a9218&quot;}\" data-wp-interactive=\"core\/image\" data-wp-key=\"6a9544b8a9218\" class=\"wp-block-image size-full wp-lightbox-container\"><img decoding=\"async\" width=\"1800\" height=\"1199\" data-wp-class--hide=\"state.isContentHidden\" data-wp-class--show=\"state.isContentVisible\" data-wp-init=\"callbacks.setButtonStyles\" data-wp-on--click=\"actions.showLightbox\" data-wp-on--load=\"callbacks.setButtonStyles\" data-wp-on--pointerdown=\"actions.preloadImage\" data-wp-on--pointerenter=\"actions.preloadImageWithDelay\" data-wp-on--pointerleave=\"actions.cancelPreload\" data-wp-on-window--resize=\"callbacks.setButtonStyles\" src=\"https:\/\/loudavymkrokem.cz\/wp-content\/uploads\/2026\/08\/articles-bonigen-27.jpg\" alt=\"Uliczki wioski Iseltwald\" class=\"wp-image-404516\" title=\"\" srcset=\"https:\/\/loudavymkrokem.cz\/wp-content\/uploads\/2026\/08\/articles-bonigen-27.jpg 1800w, https:\/\/loudavymkrokem.cz\/wp-content\/uploads\/2026\/08\/articles-bonigen-27-300x200.jpg 300w, https:\/\/loudavymkrokem.cz\/wp-content\/uploads\/2026\/08\/articles-bonigen-27-700x466.jpg 700w, https:\/\/loudavymkrokem.cz\/wp-content\/uploads\/2026\/08\/articles-bonigen-27-768x512.jpg 768w, https:\/\/loudavymkrokem.cz\/wp-content\/uploads\/2026\/08\/articles-bonigen-27-1536x1023.jpg 1536w, https:\/\/loudavymkrokem.cz\/wp-content\/uploads\/2026\/08\/articles-bonigen-27-696x464.jpg 696w, https:\/\/loudavymkrokem.cz\/wp-content\/uploads\/2026\/08\/articles-bonigen-27-1392x927.jpg 1392w\" sizes=\"(max-width: 1800px) 100vw, 1800px\" \/><button\n\t\t\tclass=\"lightbox-trigger\"\n\t\t\ttype=\"button\"\n\t\t\taria-haspopup=\"dialog\"\n\t\t\tdata-wp-bind--aria-label=\"state.thisImage.triggerButtonAriaLabel\"\n\t\t\tdata-wp-init=\"callbacks.initTriggerButton\"\n\t\t\tdata-wp-on--click=\"actions.showLightbox\"\n\t\t\tdata-wp-style--right=\"state.thisImage.buttonRight\"\n\t\t\tdata-wp-style--top=\"state.thisImage.buttonTop\"\n\t\t>\n\t\t\t<svg xmlns=\"http:\/\/www.w3.org\/2000\/svg\" width=\"12\" height=\"12\" fill=\"none\" viewBox=\"0 0 12 12\">\n\t\t\t\t<path fill=\"#fff\" d=\"M2 0a2 2 0 0 0-2 2v2h1.5V2a.5.5 0 0 1 .5-.5h2V0H2Zm2 10.5H2a.5.5 0 0 1-.5-.5V8H0v2a2 2 0 0 0 2 2h2v-1.5ZM8 12v-1.5h2a.5.5 0 0 0 .5-.5V8H12v2a2 2 0 0 1-2 2H8Zm2-12a2 2 0 0 1 2 2v2h-1.5V2a.5.5 0 0 0-.5-.5H8V0h2Z\" \/>\n\t\t\t<\/svg>\n\t\t<\/button><figcaption class=\"wp-element-caption\">Foto: Jean-Paul Wettstein \/ Pexels<\/figcaption><\/figure>\n\n\n\n<h3 class=\"wp-block-heading\"><span class=\"ez-toc-section\" id=\"Poszukiwanie_skarbu_i_gra_detektywistyczna_w_Iseltwaldzie\"><\/span>Poszukiwanie skarbu i gra detektywistyczna w Iseltwaldzie<span class=\"ez-toc-section-end\"><\/span><\/h3>\n\n\n\n<p class=\"wp-block-paragraph\">Jak zmusi\u0107 dzieci do marszu bez narzekania? Zabaw\u0105! Wprost w B\u00f6nigen mo\u017cesz z dzie\u0107mi wyruszy\u0107 na <strong>Schatzsuche B\u00f6nigen (poszukiwanie skarbu dla rodzin)<\/strong>, czyli zabawn\u0105 form\u0119 zwiedzania wioski z wykonywaniem zada\u0144. Przystanki s\u0105 sprytnie wymy\u015blone tak, \u017ceby bawi\u0142y wszystkie pokolenia.<\/p>\n\n\n\n<p class=\"wp-block-paragraph\">W s\u0105siednim Iseltwaldzie z kolei dzia\u0142a <strong>KrimiSpass Iseltwald<\/strong>, czyli cyfrowa gra detektywistyczna na smartfony, gdzie dzieci podczas spaceru po okolicy rozwi\u0105zuj\u0105 zagadkow\u0105 spraw\u0119. Trwa to akurat tyle, \u017ceby utrzyma\u0107 ich uwag\u0119 i nikogo nie rozbola\u0142y n\u00f3\u017cki.<\/p>\n\n\n\n<figure data-wp-context=\"{&quot;imageId&quot;:&quot;6a9544b8a99fb&quot;}\" data-wp-interactive=\"core\/image\" data-wp-key=\"6a9544b8a99fb\" class=\"wp-block-image size-full wp-lightbox-container\"><img decoding=\"async\" width=\"1800\" height=\"1073\" data-wp-class--hide=\"state.isContentHidden\" data-wp-class--show=\"state.isContentVisible\" data-wp-init=\"callbacks.setButtonStyles\" data-wp-on--click=\"actions.showLightbox\" data-wp-on--load=\"callbacks.setButtonStyles\" data-wp-on--pointerdown=\"actions.preloadImage\" data-wp-on--pointerenter=\"actions.preloadImageWithDelay\" data-wp-on--pointerleave=\"actions.cancelPreload\" data-wp-on-window--resize=\"callbacks.setButtonStyles\" src=\"https:\/\/loudavymkrokem.cz\/wp-content\/uploads\/2026\/08\/articles-bonigen-28.jpg\" alt=\"Kemping nad jeziorem w g\u00f3rach\" class=\"wp-image-404519\" title=\"\" srcset=\"https:\/\/loudavymkrokem.cz\/wp-content\/uploads\/2026\/08\/articles-bonigen-28.jpg 1800w, https:\/\/loudavymkrokem.cz\/wp-content\/uploads\/2026\/08\/articles-bonigen-28-300x179.jpg 300w, https:\/\/loudavymkrokem.cz\/wp-content\/uploads\/2026\/08\/articles-bonigen-28-700x417.jpg 700w, https:\/\/loudavymkrokem.cz\/wp-content\/uploads\/2026\/08\/articles-bonigen-28-768x458.jpg 768w, https:\/\/loudavymkrokem.cz\/wp-content\/uploads\/2026\/08\/articles-bonigen-28-1536x916.jpg 1536w, https:\/\/loudavymkrokem.cz\/wp-content\/uploads\/2026\/08\/articles-bonigen-28-696x415.jpg 696w, https:\/\/loudavymkrokem.cz\/wp-content\/uploads\/2026\/08\/articles-bonigen-28-1392x830.jpg 1392w\" sizes=\"(max-width: 1800px) 100vw, 1800px\" \/><button\n\t\t\tclass=\"lightbox-trigger\"\n\t\t\ttype=\"button\"\n\t\t\taria-haspopup=\"dialog\"\n\t\t\tdata-wp-bind--aria-label=\"state.thisImage.triggerButtonAriaLabel\"\n\t\t\tdata-wp-init=\"callbacks.initTriggerButton\"\n\t\t\tdata-wp-on--click=\"actions.showLightbox\"\n\t\t\tdata-wp-style--right=\"state.thisImage.buttonRight\"\n\t\t\tdata-wp-style--top=\"state.thisImage.buttonTop\"\n\t\t>\n\t\t\t<svg xmlns=\"http:\/\/www.w3.org\/2000\/svg\" width=\"12\" height=\"12\" fill=\"none\" viewBox=\"0 0 12 12\">\n\t\t\t\t<path fill=\"#fff\" d=\"M2 0a2 2 0 0 0-2 2v2h1.5V2a.5.5 0 0 1 .5-.5h2V0H2Zm2 10.5H2a.5.5 0 0 1-.5-.5V8H0v2a2 2 0 0 0 2 2h2v-1.5ZM8 12v-1.5h2a.5.5 0 0 0 .5-.5V8H12v2a2 2 0 0 1-2 2H8Zm2-12a2 2 0 0 1 2 2v2h-1.5V2a.5.5 0 0 0-.5-.5H8V0h2Z\" \/>\n\t\t\t<\/svg>\n\t\t<\/button><figcaption class=\"wp-element-caption\">Foto: Syed Qaarif Andrabi \/ Pexels<\/figcaption><\/figure>\n\n\n\n<h3 class=\"wp-block-heading\"><span class=\"ez-toc-section\" id=\"Kemping_TCS_swietna_lokalizacja_ale_z_duzym_zastrzezeniem\"><\/span>Kemping TCS: \u015bwietna lokalizacja, ale z du\u017cym zastrze\u017ceniem<span class=\"ez-toc-section-end\"><\/span><\/h3>\n\n\n\n<p class=\"wp-block-paragraph\"><strong>TCS Camping B\u00f6nigen Brienzersee<\/strong> przy Campingstrasse 14 le\u017cy wprost nad jeziorem i dwie\u015bcie metr\u00f3w od pla\u017cy. Lokalizacja jest naprawd\u0119 \u015bwietna i tego nikt mu nie odbierze. Sezon trwa <strong>od 2 kwietnia do 18 pa\u017adziernika<\/strong>, a latem zap\u0142acisz mniej wi\u0119cej 72 do 80 euro za noc.<\/p>\n\n\n\n<p class=\"wp-block-paragraph\">Na samym pocz\u0105tku musz\u0119 jednak sprostowa\u0107 jedn\u0105 rzecz, kt\u00f3r\u0105 przepisuje mn\u00f3stwo polskich i zagranicznych stron: <strong>na kempingu nie ma basenu ze zje\u017cd\u017calni\u0105 ani jazdy konnej<\/strong>. Jest tu tylko dzieci\u0119cy brodzik, plac zabaw i wybieg z kr\u00f3likami i kurami. Podgrzewany basen i zje\u017cd\u017calnie s\u0105 na <strong>s\u0105siednim k\u0105pielisku The Beach, dok\u0105d go\u015bcie kempingu chodz\u0105 za darmo<\/strong> \u2014 tyle \u017ce ma ono otwarte tylko od po\u0142owy maja do po\u0142owy wrze\u015bnia, wi\u0119c cz\u0119\u015b\u0107 sezonu kempingu jest zamkni\u0119te.<\/p>\n\n\n\n<p class=\"wp-block-paragraph\">A teraz to nieprzyjemne. Byli\u015bmy tu <strong>z dwuletnim synem, kt\u00f3ry akurat trenowa\u0142 nocnik<\/strong>, i ju\u017c pierwszego dnia zdarzy\u0142 mu si\u0119 wypadek. \u015aci\u0105gn\u0119li\u015bmy mu mokre spodnie i posadzili\u015bmy go na trawie, gdyby potrzebowa\u0142 doko\u0144czy\u0107 to, co zacz\u0105\u0142. W ci\u0105gu chwili sta\u0142 przy nas pracownik kempingu i okre\u015bli\u0142 to jako \u201edisgusting&#8221; z tym, \u017ce na traw\u0119 siusia\u0107 nie wolno, skoro do dyspozycji s\u0105 toalety.<\/p>\n\n\n\n<p class=\"wp-block-paragraph\">Po pi\u0119ciu minutach przyszed\u0142 drugi pracownik z tym, \u017ce zg\u0142osi\u0142 to mened\u017cer, i zn\u00f3w t\u0142umaczy\u0142 nam, \u017ce <strong>przecie\u017c ka\u017cde dziecko umie skorzysta\u0107 z toalety<\/strong> i \u017ce nic takiego nigdy si\u0119 tu nie zdarzy\u0142o. Dwuletnie dziecko w treningu nocnika po prostu miewa jednak wypadki, a my byli\u015bmy przy tym i od razu to ogarniali\u015bmy. Nie przeszkadza\u0142o nam przypomnienie zasad, ale <strong>ten nieprzyjazny i poni\u017caj\u0105cy ton<\/strong>.<\/p>\n\n\n\n<p class=\"wp-block-paragraph\">Przez reszt\u0119 pobytu czuli\u015bmy si\u0119 tam niemile widziani. Personelowi da\u0142abym <strong>jedynk\u0119 na pi\u0119\u0107, lokalizacji pi\u0105tk\u0119 na pi\u0119\u0107<\/strong>. I nie jeste\u015bmy w tym sami: na TripAdvisorze kemping trzyma tylko 3,9 z 5, a ocena za obs\u0142ug\u0119 jest z ca\u0142ej oceny najni\u017csza. W kwietniu 2026 inna rodzina zatytu\u0142owa\u0142a recenzj\u0119 wprost \u201eFamilien nicht willkommen&#8221; po tym, jak obs\u0142uga nieadekwatnie zareagowa\u0142a na okruszki od ich rocznego i czteroletniego dziecka.<\/p>\n\n\n\n<p class=\"wp-block-paragraph\">\ud83d\udca1 Wskaz\u00f3wka: Je\u015bli chcesz kempingowa\u0107 w B\u00f6nigen i masz ze sob\u0105 malucha, licz si\u0119 z tym, jak to tu wygl\u0105da \u2014 <strong>rodzinom z najm\u0142odszymi dzie\u0107mi tego kempingu po w\u0142asnym do\u015bwiadczeniu nie polecam<\/strong>. Rozwa\u017c raczej apartament z aneksem kuchennym, kt\u00f3ry w Szwajcarii i tak wyjdzie lepiej ni\u017c jedzenie w restauracjach. Kto mimo to pojedzie, niech poprosi o <strong>miejsce numer 22<\/strong> \u2014 jest jedynym, gdzie \u017cywop\u0142ot pozostawia widok na jezioro.<\/p>\n\n\n\n<figure data-wp-context=\"{&quot;imageId&quot;:&quot;6a9544b8aa34b&quot;}\" data-wp-interactive=\"core\/image\" data-wp-key=\"6a9544b8aa34b\" class=\"wp-block-image size-full wp-lightbox-container\"><img decoding=\"async\" width=\"1800\" height=\"1275\" data-wp-class--hide=\"state.isContentHidden\" data-wp-class--show=\"state.isContentVisible\" data-wp-init=\"callbacks.setButtonStyles\" data-wp-on--click=\"actions.showLightbox\" data-wp-on--load=\"callbacks.setButtonStyles\" data-wp-on--pointerdown=\"actions.preloadImage\" data-wp-on--pointerenter=\"actions.preloadImageWithDelay\" data-wp-on--pointerleave=\"actions.cancelPreload\" data-wp-on-window--resize=\"callbacks.setButtonStyles\" src=\"https:\/\/loudavymkrokem.cz\/wp-content\/uploads\/2026\/08\/articles-bonigen-29.jpg\" alt=\"Ogr\u00f3d alpejski na Schynige Platte\" class=\"wp-image-404524\" title=\"\" srcset=\"https:\/\/loudavymkrokem.cz\/wp-content\/uploads\/2026\/08\/articles-bonigen-29.jpg 1800w, https:\/\/loudavymkrokem.cz\/wp-content\/uploads\/2026\/08\/articles-bonigen-29-300x213.jpg 300w, https:\/\/loudavymkrokem.cz\/wp-content\/uploads\/2026\/08\/articles-bonigen-29-700x496.jpg 700w, https:\/\/loudavymkrokem.cz\/wp-content\/uploads\/2026\/08\/articles-bonigen-29-768x544.jpg 768w, https:\/\/loudavymkrokem.cz\/wp-content\/uploads\/2026\/08\/articles-bonigen-29-1536x1088.jpg 1536w, https:\/\/loudavymkrokem.cz\/wp-content\/uploads\/2026\/08\/articles-bonigen-29-696x493.jpg 696w, https:\/\/loudavymkrokem.cz\/wp-content\/uploads\/2026\/08\/articles-bonigen-29-1392x986.jpg 1392w\" sizes=\"(max-width: 1800px) 100vw, 1800px\" \/><button\n\t\t\tclass=\"lightbox-trigger\"\n\t\t\ttype=\"button\"\n\t\t\taria-haspopup=\"dialog\"\n\t\t\tdata-wp-bind--aria-label=\"state.thisImage.triggerButtonAriaLabel\"\n\t\t\tdata-wp-init=\"callbacks.initTriggerButton\"\n\t\t\tdata-wp-on--click=\"actions.showLightbox\"\n\t\t\tdata-wp-style--right=\"state.thisImage.buttonRight\"\n\t\t\tdata-wp-style--top=\"state.thisImage.buttonTop\"\n\t\t>\n\t\t\t<svg xmlns=\"http:\/\/www.w3.org\/2000\/svg\" width=\"12\" height=\"12\" fill=\"none\" viewBox=\"0 0 12 12\">\n\t\t\t\t<path fill=\"#fff\" d=\"M2 0a2 2 0 0 0-2 2v2h1.5V2a.5.5 0 0 1 .5-.5h2V0H2Zm2 10.5H2a.5.5 0 0 1-.5-.5V8H0v2a2 2 0 0 0 2 2h2v-1.5ZM8 12v-1.5h2a.5.5 0 0 0 .5-.5V8H12v2a2 2 0 0 1-2 2H8Zm2-12a2 2 0 0 1 2 2v2h-1.5V2a.5.5 0 0 0-.5-.5H8V0h2Z\" \/>\n\t\t\t<\/svg>\n\t\t<\/button><figcaption class=\"wp-element-caption\">Foto: Murray Foubister \/ Wikimedia Commons, CC BY-SA 2.0<\/figcaption><\/figure>\n\n\n\n<h3 class=\"wp-block-heading\"><span class=\"ez-toc-section\" id=\"Lilys_Alpenspielplatz_i_Panoramaweg_na_Schynige_Platte\"><\/span>Lily&#8217;s Alpenspielplatz i Panoramaweg na Schynige Platte<span class=\"ez-toc-section-end\"><\/span><\/h3>\n\n\n\n<p class=\"wp-block-paragraph\">Gdy pojedziesz kolejk\u0105 z\u0119bat\u0105 na Schynige Platte, dzieci b\u0119d\u0105 zachwycone miejscowym alpejskim placem zabaw Lily&#8217;s Alpenspielplatz. Znajd\u0105 tu <strong>przygodow\u0105 \u015bcie\u017ck\u0119 r\u00f3wnowagi, ogromn\u0105 zje\u017cd\u017calni\u0119 i drabinki w kszta\u0142cie orlego gniazda<\/strong> z widokiem na majestatyczne o\u015bnie\u017cone g\u00f3ry.<\/p>\n\n\n\n<p class=\"wp-block-paragraph\">P\u00f3\u017aniejsza wycieczka tras\u0105 okr\u0119\u017cn\u0105 Panoramaweg <strong>zajmuje oko\u0142o 2,5 godziny<\/strong>, a teren jest na tyle przyjazny, \u017ce z ma\u0142\u0105 pomoc\u0105 <strong>poradz\u0105 sobie nawet przedszkolaki<\/strong>. Droga jest szeroka, bezpieczna i pe\u0142na \u0142awek, gdzie mo\u017cna w ka\u017cdej chwili zatrzyma\u0107 si\u0119 na przek\u0105sk\u0119.<\/p>\n\n\n\n<figure data-wp-context=\"{&quot;imageId&quot;:&quot;6a9544b8aaa3f&quot;}\" data-wp-interactive=\"core\/image\" data-wp-key=\"6a9544b8aaa3f\" class=\"wp-block-image size-full wp-lightbox-container\"><img decoding=\"async\" width=\"1800\" height=\"1800\" data-wp-class--hide=\"state.isContentHidden\" data-wp-class--show=\"state.isContentVisible\" data-wp-init=\"callbacks.setButtonStyles\" data-wp-on--click=\"actions.showLightbox\" data-wp-on--load=\"callbacks.setButtonStyles\" data-wp-on--pointerdown=\"actions.preloadImage\" data-wp-on--pointerenter=\"actions.preloadImageWithDelay\" data-wp-on--pointerleave=\"actions.cancelPreload\" data-wp-on-window--resize=\"callbacks.setButtonStyles\" src=\"https:\/\/loudavymkrokem.cz\/wp-content\/uploads\/2026\/08\/articles-bonigen-30.jpg\" alt=\"Statek BLS na Jeziorze Brienckim\" class=\"wp-image-404528\" title=\"\" srcset=\"https:\/\/loudavymkrokem.cz\/wp-content\/uploads\/2026\/08\/articles-bonigen-30.jpg 1800w, https:\/\/loudavymkrokem.cz\/wp-content\/uploads\/2026\/08\/articles-bonigen-30-300x300.jpg 300w, https:\/\/loudavymkrokem.cz\/wp-content\/uploads\/2026\/08\/articles-bonigen-30-700x700.jpg 700w, https:\/\/loudavymkrokem.cz\/wp-content\/uploads\/2026\/08\/articles-bonigen-30-150x150.jpg 150w, https:\/\/loudavymkrokem.cz\/wp-content\/uploads\/2026\/08\/articles-bonigen-30-768x768.jpg 768w, https:\/\/loudavymkrokem.cz\/wp-content\/uploads\/2026\/08\/articles-bonigen-30-1536x1536.jpg 1536w, https:\/\/loudavymkrokem.cz\/wp-content\/uploads\/2026\/08\/articles-bonigen-30-696x696.jpg 696w, https:\/\/loudavymkrokem.cz\/wp-content\/uploads\/2026\/08\/articles-bonigen-30-1392x1392.jpg 1392w\" sizes=\"(max-width: 1800px) 100vw, 1800px\" \/><button\n\t\t\tclass=\"lightbox-trigger\"\n\t\t\ttype=\"button\"\n\t\t\taria-haspopup=\"dialog\"\n\t\t\tdata-wp-bind--aria-label=\"state.thisImage.triggerButtonAriaLabel\"\n\t\t\tdata-wp-init=\"callbacks.initTriggerButton\"\n\t\t\tdata-wp-on--click=\"actions.showLightbox\"\n\t\t\tdata-wp-style--right=\"state.thisImage.buttonRight\"\n\t\t\tdata-wp-style--top=\"state.thisImage.buttonTop\"\n\t\t>\n\t\t\t<svg xmlns=\"http:\/\/www.w3.org\/2000\/svg\" width=\"12\" height=\"12\" fill=\"none\" viewBox=\"0 0 12 12\">\n\t\t\t\t<path fill=\"#fff\" d=\"M2 0a2 2 0 0 0-2 2v2h1.5V2a.5.5 0 0 1 .5-.5h2V0H2Zm2 10.5H2a.5.5 0 0 1-.5-.5V8H0v2a2 2 0 0 0 2 2h2v-1.5ZM8 12v-1.5h2a.5.5 0 0 0 .5-.5V8H12v2a2 2 0 0 1-2 2H8Zm2-12a2 2 0 0 1 2 2v2h-1.5V2a.5.5 0 0 0-.5-.5H8V0h2Z\" \/>\n\t\t\t<\/svg>\n\t\t<\/button><figcaption class=\"wp-element-caption\">Foto: JoachimKohler-HB \/ Wikimedia Commons, CC BY-SA 4.0<\/figcaption><\/figure>\n\n\n\n<h3 class=\"wp-block-heading\"><span class=\"ez-toc-section\" id=\"Statek_i_bezbarierowa_promenada_z_wozkiem\"><\/span>Statek i bezbarierowa promenada z w\u00f3zkiem<span class=\"ez-toc-section-end\"><\/span><\/h3>\n\n\n\n<p class=\"wp-block-paragraph\">Sama jazda historycznym parowcem jest dla dzieci ogromnym prze\u017cyciem (i pami\u0119taj, \u017ce <strong>dzieci do 6 lat p\u0142ywaj\u0105 na statkach BLS zupe\u0142nie za darmo<\/strong>, starsze do 15 lat maj\u0105 po\u0142owiczny bilet). Na pok\u0142adzie mog\u0105 obserwowa\u0107 ogromne ko\u0142o \u0142opatkowe w ruchu, co niezawodnie zajmie dobre p\u00f3\u0142 godziny.<\/p>\n\n\n\n<p class=\"wp-block-paragraph\">Z w\u00f3zkiem mo\u017cesz na dodatek wyruszy\u0107 na <strong>Seepromenadeweg<\/strong>, czyli pi\u0119kny, szeroki i ca\u0142kowicie bezbarierowy spacer wzd\u0142u\u017c jeziora i rzeki Aare w stron\u0119 Interlakenu. Nigdzie po drodze nie natrafisz na uci\u0105\u017cliwe schody, a nawierzchnia jest pi\u0119knie g\u0142adka.<\/p>\n\n\n\n<figure data-wp-context=\"{&quot;imageId&quot;:&quot;6a9544b8ab100&quot;}\" data-wp-interactive=\"core\/image\" data-wp-key=\"6a9544b8ab100\" class=\"wp-block-image size-full wp-lightbox-container\"><img decoding=\"async\" width=\"1800\" height=\"1200\" data-wp-class--hide=\"state.isContentHidden\" data-wp-class--show=\"state.isContentVisible\" data-wp-init=\"callbacks.setButtonStyles\" data-wp-on--click=\"actions.showLightbox\" data-wp-on--load=\"callbacks.setButtonStyles\" data-wp-on--pointerdown=\"actions.preloadImage\" data-wp-on--pointerenter=\"actions.preloadImageWithDelay\" data-wp-on--pointerleave=\"actions.cancelPreload\" data-wp-on-window--resize=\"callbacks.setButtonStyles\" src=\"https:\/\/loudavymkrokem.cz\/wp-content\/uploads\/2026\/08\/articles-bonigen-31.jpg\" alt=\"Wioska B\u00f6nigen i jej restauracje\" class=\"wp-image-404530\" title=\"\" srcset=\"https:\/\/loudavymkrokem.cz\/wp-content\/uploads\/2026\/08\/articles-bonigen-31.jpg 1800w, https:\/\/loudavymkrokem.cz\/wp-content\/uploads\/2026\/08\/articles-bonigen-31-300x200.jpg 300w, https:\/\/loudavymkrokem.cz\/wp-content\/uploads\/2026\/08\/articles-bonigen-31-700x467.jpg 700w, https:\/\/loudavymkrokem.cz\/wp-content\/uploads\/2026\/08\/articles-bonigen-31-768x512.jpg 768w, https:\/\/loudavymkrokem.cz\/wp-content\/uploads\/2026\/08\/articles-bonigen-31-1536x1024.jpg 1536w, https:\/\/loudavymkrokem.cz\/wp-content\/uploads\/2026\/08\/articles-bonigen-31-696x464.jpg 696w, https:\/\/loudavymkrokem.cz\/wp-content\/uploads\/2026\/08\/articles-bonigen-31-1392x928.jpg 1392w\" sizes=\"(max-width: 1800px) 100vw, 1800px\" \/><button\n\t\t\tclass=\"lightbox-trigger\"\n\t\t\ttype=\"button\"\n\t\t\taria-haspopup=\"dialog\"\n\t\t\tdata-wp-bind--aria-label=\"state.thisImage.triggerButtonAriaLabel\"\n\t\t\tdata-wp-init=\"callbacks.initTriggerButton\"\n\t\t\tdata-wp-on--click=\"actions.showLightbox\"\n\t\t\tdata-wp-style--right=\"state.thisImage.buttonRight\"\n\t\t\tdata-wp-style--top=\"state.thisImage.buttonTop\"\n\t\t>\n\t\t\t<svg xmlns=\"http:\/\/www.w3.org\/2000\/svg\" width=\"12\" height=\"12\" fill=\"none\" viewBox=\"0 0 12 12\">\n\t\t\t\t<path fill=\"#fff\" d=\"M2 0a2 2 0 0 0-2 2v2h1.5V2a.5.5 0 0 1 .5-.5h2V0H2Zm2 10.5H2a.5.5 0 0 1-.5-.5V8H0v2a2 2 0 0 0 2 2h2v-1.5ZM8 12v-1.5h2a.5.5 0 0 0 .5-.5V8H12v2a2 2 0 0 1-2 2H8Zm2-12a2 2 0 0 1 2 2v2h-1.5V2a.5.5 0 0 0-.5-.5H8V0h2Z\" \/>\n\t\t\t<\/svg>\n\t\t<\/button><figcaption class=\"wp-element-caption\">Foto: Freek Wolsink \/ Pexels<\/figcaption><\/figure>\n\n\n\n<h2 class=\"wp-block-heading\"><span class=\"ez-toc-section\" id=\"Gdzie_zjesc_w_Bonigen\"><\/span>Gdzie zje\u015b\u0107 w B\u00f6nigen<span class=\"ez-toc-section-end\"><\/span><\/h2>\n\n\n\n<p class=\"wp-block-paragraph\">Scena gastronomiczna wprost w wiosce jest raczej kameralna, przecie\u017c to nie \u017cadna metropolia. Wi\u0119kszo\u015b\u0107 ludzi je\u017adzi po du\u017cy wyb\u00f3r kuchni autobusem do pobliskiego Interlakenu, ale i wprost nad jeziorem znajdziesz kilka bardzo przyjemnych lokali, gdzie odpoczniesz po szlaku. Miejscowe restauracje cz\u0119sto serwuj\u0105 <strong>\u015bwie\u017ce ryby z Jeziora Brienckiego<\/strong>, co jest <strong>s\u0142ynn\u0105 lokaln\u0105 specjalno\u015bci\u0105<\/strong>, na kt\u00f3r\u0105 zje\u017cd\u017caj\u0105 si\u0119 podr\u00f3\u017cnicy z szerokiej okolicy.<\/p>\n\n\n\n<p class=\"wp-block-paragraph\">Je\u015bli szukasz pewnika po wymagaj\u0105cym dniu, oto lokale ze \u015bwietn\u0105 ocen\u0105:<\/p>\n\n\n\n<figure data-wp-context=\"{&quot;imageId&quot;:&quot;6a9544b8ab7f5&quot;}\" data-wp-interactive=\"core\/image\" data-wp-key=\"6a9544b8ab7f5\" class=\"wp-block-image size-full wp-lightbox-container\"><img decoding=\"async\" width=\"1800\" height=\"1200\" data-wp-class--hide=\"state.isContentHidden\" data-wp-class--show=\"state.isContentVisible\" data-wp-init=\"callbacks.setButtonStyles\" data-wp-on--click=\"actions.showLightbox\" data-wp-on--load=\"callbacks.setButtonStyles\" data-wp-on--pointerdown=\"actions.preloadImage\" data-wp-on--pointerenter=\"actions.preloadImageWithDelay\" data-wp-on--pointerleave=\"actions.cancelPreload\" data-wp-on-window--resize=\"callbacks.setButtonStyles\" src=\"https:\/\/loudavymkrokem.cz\/wp-content\/uploads\/2026\/08\/articles-bonigen-32.jpg\" alt=\"Pizza w restauracji nad jeziorem\" class=\"wp-image-404535\" title=\"\" srcset=\"https:\/\/loudavymkrokem.cz\/wp-content\/uploads\/2026\/08\/articles-bonigen-32.jpg 1800w, https:\/\/loudavymkrokem.cz\/wp-content\/uploads\/2026\/08\/articles-bonigen-32-300x200.jpg 300w, https:\/\/loudavymkrokem.cz\/wp-content\/uploads\/2026\/08\/articles-bonigen-32-700x467.jpg 700w, https:\/\/loudavymkrokem.cz\/wp-content\/uploads\/2026\/08\/articles-bonigen-32-768x512.jpg 768w, https:\/\/loudavymkrokem.cz\/wp-content\/uploads\/2026\/08\/articles-bonigen-32-1536x1024.jpg 1536w, https:\/\/loudavymkrokem.cz\/wp-content\/uploads\/2026\/08\/articles-bonigen-32-696x464.jpg 696w, https:\/\/loudavymkrokem.cz\/wp-content\/uploads\/2026\/08\/articles-bonigen-32-1392x928.jpg 1392w\" sizes=\"(max-width: 1800px) 100vw, 1800px\" \/><button\n\t\t\tclass=\"lightbox-trigger\"\n\t\t\ttype=\"button\"\n\t\t\taria-haspopup=\"dialog\"\n\t\t\tdata-wp-bind--aria-label=\"state.thisImage.triggerButtonAriaLabel\"\n\t\t\tdata-wp-init=\"callbacks.initTriggerButton\"\n\t\t\tdata-wp-on--click=\"actions.showLightbox\"\n\t\t\tdata-wp-style--right=\"state.thisImage.buttonRight\"\n\t\t\tdata-wp-style--top=\"state.thisImage.buttonTop\"\n\t\t>\n\t\t\t<svg xmlns=\"http:\/\/www.w3.org\/2000\/svg\" width=\"12\" height=\"12\" fill=\"none\" viewBox=\"0 0 12 12\">\n\t\t\t\t<path fill=\"#fff\" d=\"M2 0a2 2 0 0 0-2 2v2h1.5V2a.5.5 0 0 1 .5-.5h2V0H2Zm2 10.5H2a.5.5 0 0 1-.5-.5V8H0v2a2 2 0 0 0 2 2h2v-1.5ZM8 12v-1.5h2a.5.5 0 0 0 .5-.5V8H12v2a2 2 0 0 1-2 2H8Zm2-12a2 2 0 0 1 2 2v2h-1.5V2a.5.5 0 0 0-.5-.5H8V0h2Z\" \/>\n\t\t\t<\/svg>\n\t\t<\/button><figcaption class=\"wp-element-caption\">Foto: Cup of  Couple \/ Pexels<\/figcaption><\/figure>\n\n\n\n<h3 class=\"wp-block-heading\"><span class=\"ez-toc-section\" id=\"Pizzeria_La_Boheme\"><\/span>Pizzeria La Boh\u00e8me<span class=\"ez-toc-section-end\"><\/span><\/h3>\n\n\n\n<p class=\"wp-block-paragraph\">Znajdziesz j\u0105 wprost w budynku hotelu Seiler au Lac na nabrze\u017cu (Am Quai 3). Na Google trzyma bardzo solidn\u0105 ocen\u0119 4,4 i to <strong>absolutnie bezpieczny i syc\u0105cy wyb\u00f3r, je\u015bli akurat nie chcesz po wymagaj\u0105cym dniu d\u0142ugo eksperymentowa\u0107<\/strong> z jad\u0142ospisem.<\/p>\n\n\n\n<p class=\"wp-block-paragraph\">Ty zdecydowanie nie przegap <strong>\u015bwietnej pizzy Margherita<\/strong> z ekstra serem albo wy\u015bmienitego makaronu. Siedzi si\u0119 tu <strong>pi\u0119knie blisko wody<\/strong>, atmosfera jest przyjemnie lu\u017ana, a personel jest zupe\u0142nie przyzwyczajony nawet do spoconych turyst\u00f3w w ci\u0119\u017ckich butach trekkingowych.<\/p>\n\n\n\n<figure data-wp-context=\"{&quot;imageId&quot;:&quot;6a9544b8abe10&quot;}\" data-wp-interactive=\"core\/image\" data-wp-key=\"6a9544b8abe10\" class=\"wp-block-image size-full wp-lightbox-container\"><img decoding=\"async\" width=\"1800\" height=\"1200\" data-wp-class--hide=\"state.isContentHidden\" data-wp-class--show=\"state.isContentVisible\" data-wp-init=\"callbacks.setButtonStyles\" data-wp-on--click=\"actions.showLightbox\" data-wp-on--load=\"callbacks.setButtonStyles\" data-wp-on--pointerdown=\"actions.preloadImage\" data-wp-on--pointerenter=\"actions.preloadImageWithDelay\" data-wp-on--pointerleave=\"actions.cancelPreload\" data-wp-on-window--resize=\"callbacks.setButtonStyles\" src=\"https:\/\/loudavymkrokem.cz\/wp-content\/uploads\/2026\/08\/articles-bonigen-33.jpg\" alt=\"Lody po szlaku nad jeziorem\" class=\"wp-image-404537\" title=\"\" srcset=\"https:\/\/loudavymkrokem.cz\/wp-content\/uploads\/2026\/08\/articles-bonigen-33.jpg 1800w, https:\/\/loudavymkrokem.cz\/wp-content\/uploads\/2026\/08\/articles-bonigen-33-300x200.jpg 300w, https:\/\/loudavymkrokem.cz\/wp-content\/uploads\/2026\/08\/articles-bonigen-33-700x467.jpg 700w, https:\/\/loudavymkrokem.cz\/wp-content\/uploads\/2026\/08\/articles-bonigen-33-768x512.jpg 768w, https:\/\/loudavymkrokem.cz\/wp-content\/uploads\/2026\/08\/articles-bonigen-33-1536x1024.jpg 1536w, https:\/\/loudavymkrokem.cz\/wp-content\/uploads\/2026\/08\/articles-bonigen-33-696x464.jpg 696w, https:\/\/loudavymkrokem.cz\/wp-content\/uploads\/2026\/08\/articles-bonigen-33-1392x928.jpg 1392w\" sizes=\"(max-width: 1800px) 100vw, 1800px\" \/><button\n\t\t\tclass=\"lightbox-trigger\"\n\t\t\ttype=\"button\"\n\t\t\taria-haspopup=\"dialog\"\n\t\t\tdata-wp-bind--aria-label=\"state.thisImage.triggerButtonAriaLabel\"\n\t\t\tdata-wp-init=\"callbacks.initTriggerButton\"\n\t\t\tdata-wp-on--click=\"actions.showLightbox\"\n\t\t\tdata-wp-style--right=\"state.thisImage.buttonRight\"\n\t\t\tdata-wp-style--top=\"state.thisImage.buttonTop\"\n\t\t>\n\t\t\t<svg xmlns=\"http:\/\/www.w3.org\/2000\/svg\" width=\"12\" height=\"12\" fill=\"none\" viewBox=\"0 0 12 12\">\n\t\t\t\t<path fill=\"#fff\" d=\"M2 0a2 2 0 0 0-2 2v2h1.5V2a.5.5 0 0 1 .5-.5h2V0H2Zm2 10.5H2a.5.5 0 0 1-.5-.5V8H0v2a2 2 0 0 0 2 2h2v-1.5ZM8 12v-1.5h2a.5.5 0 0 0 .5-.5V8H12v2a2 2 0 0 1-2 2H8Zm2-12a2 2 0 0 1 2 2v2h-1.5V2a.5.5 0 0 0-.5-.5H8V0h2Z\" \/>\n\t\t\t<\/svg>\n\t\t<\/button><figcaption class=\"wp-element-caption\">Foto: Maria Orlova \/ Pexels<\/figcaption><\/figure>\n\n\n\n<h3 class=\"wp-block-heading\"><span class=\"ez-toc-section\" id=\"Sweet_Ride\"><\/span>Sweet Ride<span class=\"ez-toc-section-end\"><\/span><\/h3>\n\n\n\n<p class=\"wp-block-paragraph\">To <strong>najlepiej oceniany lokal w ca\u0142ej miejscowo\u015bci<\/strong> (ocena 4,9 z niemal dwustu recenzji). To mniejsza, niezmiernie sympatyczna kawiarnia i lodziarnia nad wod\u0105, gdzie po prostu musisz zaj\u015b\u0107 na s\u0142odk\u0105 popo\u0142udniow\u0105 nagrod\u0119 za przemierzone kilometry.<\/p>\n\n\n\n<p class=\"wp-block-paragraph\">Spr\u00f3buj ich wyborowej kawy, a przede wszystkim <strong>fantastycznych rzemie\u015blniczych lod\u00f3w<\/strong>, kt\u00f3re kochaj\u0105 miejscowi i zagraniczni tury\u015bci. To dok\u0142adnie to miejsce, gdzie chcesz spokojnie usi\u0105\u015b\u0107 po ca\u0142odniowej wycieczce na s\u0142oneczku i po prostu <strong>obserwowa\u0107 tafl\u0119 jeziora<\/strong>.<\/p>\n\n\n\n<figure data-wp-context=\"{&quot;imageId&quot;:&quot;6a9544b8ac2e4&quot;}\" data-wp-interactive=\"core\/image\" data-wp-key=\"6a9544b8ac2e4\" class=\"wp-block-image size-full wp-lightbox-container\"><img decoding=\"async\" width=\"1800\" height=\"1185\" data-wp-class--hide=\"state.isContentHidden\" data-wp-class--show=\"state.isContentVisible\" data-wp-init=\"callbacks.setButtonStyles\" data-wp-on--click=\"actions.showLightbox\" data-wp-on--load=\"callbacks.setButtonStyles\" data-wp-on--pointerdown=\"actions.preloadImage\" data-wp-on--pointerenter=\"actions.preloadImageWithDelay\" data-wp-on--pointerleave=\"actions.cancelPreload\" data-wp-on-window--resize=\"callbacks.setButtonStyles\" src=\"https:\/\/loudavymkrokem.cz\/wp-content\/uploads\/2026\/08\/articles-bonigen-34.jpg\" alt=\"Przytulna szwajcarska restauracja\" class=\"wp-image-404541\" title=\"\" srcset=\"https:\/\/loudavymkrokem.cz\/wp-content\/uploads\/2026\/08\/articles-bonigen-34.jpg 1800w, https:\/\/loudavymkrokem.cz\/wp-content\/uploads\/2026\/08\/articles-bonigen-34-300x198.jpg 300w, https:\/\/loudavymkrokem.cz\/wp-content\/uploads\/2026\/08\/articles-bonigen-34-700x461.jpg 700w, https:\/\/loudavymkrokem.cz\/wp-content\/uploads\/2026\/08\/articles-bonigen-34-768x506.jpg 768w, https:\/\/loudavymkrokem.cz\/wp-content\/uploads\/2026\/08\/articles-bonigen-34-1536x1011.jpg 1536w, https:\/\/loudavymkrokem.cz\/wp-content\/uploads\/2026\/08\/articles-bonigen-34-696x458.jpg 696w, https:\/\/loudavymkrokem.cz\/wp-content\/uploads\/2026\/08\/articles-bonigen-34-1392x916.jpg 1392w\" sizes=\"(max-width: 1800px) 100vw, 1800px\" \/><button\n\t\t\tclass=\"lightbox-trigger\"\n\t\t\ttype=\"button\"\n\t\t\taria-haspopup=\"dialog\"\n\t\t\tdata-wp-bind--aria-label=\"state.thisImage.triggerButtonAriaLabel\"\n\t\t\tdata-wp-init=\"callbacks.initTriggerButton\"\n\t\t\tdata-wp-on--click=\"actions.showLightbox\"\n\t\t\tdata-wp-style--right=\"state.thisImage.buttonRight\"\n\t\t\tdata-wp-style--top=\"state.thisImage.buttonTop\"\n\t\t>\n\t\t\t<svg xmlns=\"http:\/\/www.w3.org\/2000\/svg\" width=\"12\" height=\"12\" fill=\"none\" viewBox=\"0 0 12 12\">\n\t\t\t\t<path fill=\"#fff\" d=\"M2 0a2 2 0 0 0-2 2v2h1.5V2a.5.5 0 0 1 .5-.5h2V0H2Zm2 10.5H2a.5.5 0 0 1-.5-.5V8H0v2a2 2 0 0 0 2 2h2v-1.5ZM8 12v-1.5h2a.5.5 0 0 0 .5-.5V8H12v2a2 2 0 0 1-2 2H8Zm2-12a2 2 0 0 1 2 2v2h-1.5V2a.5.5 0 0 0-.5-.5H8V0h2Z\" \/>\n\t\t\t<\/svg>\n\t\t<\/button><figcaption class=\"wp-element-caption\">Foto: Lucia Barreiros  Silva \/ Pexels<\/figcaption><\/figure>\n\n\n\n<h3 class=\"wp-block-heading\"><span class=\"ez-toc-section\" id=\"Restaurant_Baren_Bonigen\"><\/span>Restaurant B\u00e4ren B\u00f6nigen<span class=\"ez-toc-section-end\"><\/span><\/h3>\n\n\n\n<p class=\"wp-block-paragraph\">Tradycyjny szwajcarski lokal na g\u0142\u00f3wnej ulicy Hauptstrasse zachwyci ci\u0119 swoj\u0105 niefa\u0142szowan\u0105 lokaln\u0105 atmosfer\u0105 i typow\u0105 architektur\u0105. Go\u015bcie w recenzjach cz\u0119sto wspominaj\u0105, \u017ce wys\u0142ali ich tu wprost ich gospodarze jako <strong>wtajemniczon\u0105 wskaz\u00f3wk\u0119 na gwarantowanie dobre jedzenie<\/strong>.<\/p>\n\n\n\n<p class=\"wp-block-paragraph\">Maj\u0105 tu bardzo przyjazny i uczynny personel, <strong>\u015bredni poziom cenowy<\/strong> i w karcie mn\u00f3stwo <strong>uczciwych szwajcarskich klasyk\u00f3w<\/strong>, takich jak specja\u0142y serowe i syc\u0105ce domowe zupy. Idealny wyb\u00f3r na rozgrzewk\u0119, gdy akurat spadnie deszcz.<\/p>\n\n\n\n<h2 class=\"wp-block-heading\"><span class=\"ez-toc-section\" id=\"Dokad_dalej_z_Bonigen\"><\/span>Dok\u0105d dalej z B\u00f6nigen<span class=\"ez-toc-section-end\"><\/span><\/h2>\n\n\n\n<p class=\"wp-block-paragraph\">Szwajcaria to ogromny plac zabaw, a z Berne\u0144skiego Oberlandu masz <strong>blisko do kolejnych fantastycznych cel\u00f3w<\/strong>. Je\u015bli masz w planie jeszcze kilka wolnych dni, koniecznie zajrzyj do tych <strong>moich innych przewodnik\u00f3w<\/strong>:<\/p>\n\n\n\n<ul class=\"wp-block-list\">\n<li><a href=\"https:\/\/loudavymkrokem.cz\/pl\/interlaken-szwajcaria-atrakcje\/\">Interlaken i Jungfraujoch<\/a>: szczeg\u00f3\u0142owy przewodnik po gwarnym s\u0105siedzie i wycieczce na dach Europy.<\/li>\n\n\n\n<li><a href=\"https:\/\/loudavymkrokem.cz\/pl\/grindelwald-szwajcaria-atrakcje\/\">Grindelwald<\/a>: lodowcowa wioska \u015bci\u015bni\u0119ta pod p\u00f3\u0142nocn\u0105 \u015bcian\u0105 Eigeru, dok\u0105d dojedziesz poci\u0105giem w chwil\u0119.<\/li>\n\n\n\n<li><a href=\"https:\/\/loudavymkrokem.cz\/pl\/lauterbrunnen-szwajcaria-co-zobaczyc\/\">Lauterbrunnen<\/a>: dolina z 72 wodospadami, kt\u00f3ra podobno zainspirowa\u0142a Tolkiena przy pisaniu W\u0142adcy Pier\u015bcieni.<\/li>\n\n\n\n<li><a href=\"https:\/\/loudavymkrokem.cz\/pl\/szwajcaria-co-zobaczyc\/\">Wakacje w Szwajcarii<\/a>: obszerny zbiorczy artyku\u0142 pe\u0142en praktycznych wskaz\u00f3wek do podr\u00f3\u017cowania po ca\u0142ym kraju.<\/li>\n<\/ul>\n\n\n\n<h2 class=\"wp-block-heading\"><span class=\"ez-toc-section\" id=\"Czesto_zadawane_pytania\"><\/span>Cz\u0119sto zadawane pytania<span class=\"ez-toc-section-end\"><\/span><\/h2>\n\n\n<div id=\"rank-math-faq\" class=\"rank-math-block\">\n<div class=\"rank-math-list \">\n<div id=\"faq-question-1787934924000\" class=\"rank-math-list-item\">\n<h3 class=\"rank-math-question \"><span class=\"ez-toc-section\" id=\"Czy_warto_zatrzymac_sie_w_Bonigen_zamiast_w_Interlaken\"><\/span>Czy warto zatrzyma\u0107 si\u0119 w B\u00f6nigen zamiast w Interlaken?<span class=\"ez-toc-section-end\"><\/span><\/h3>\n<div class=\"rank-math-answer \">\n\n<p>Zdecydowanie tak. <strong>B\u00f6nigen oferuje o wiele wi\u0119cej spokoju<\/strong>, autentyczn\u0105 atmosfer\u0119 tradycyjnej wioski, a zakwaterowanie jest tu wyra\u017anie ta\u0144sze ni\u017c w ruchliwym centrum Interlaken. Jednocze\u015bnie dzi\u0119ki Guest Card mo\u017cesz je\u017adzi\u0107 do miasta za darmo, a podr\u00f3\u017c trwa zaledwie 9 minut.<\/p>\n\n<\/div>\n<\/div>\n<div id=\"faq-question-1787934924001\" class=\"rank-math-list-item\">\n<h3 class=\"rank-math-question \"><span class=\"ez-toc-section\" id=\"Jak_sie_tam_dostac_z_Interlaken\"><\/span>Jak si\u0119 tam dosta\u0107 z Interlaken?<span class=\"ez-toc-section-end\"><\/span><\/h3>\n<div class=\"rank-math-answer \">\n\n<p>Najpro\u015bciej wsi\u0105\u015b\u0107 w <strong>autobus linii 103<\/strong> bezpo\u015brednio przed stacj\u0105 Interlaken Ost. Kursuje co p\u00f3\u0142 godziny. Inn\u0105 pi\u0119kn\u0105 opcj\u0105 jest przyp\u0142yni\u0119cie zabytkowym parowcem po jeziorze (ok. 10 minut rejsu) lub niezbyt wymagaj\u0105cy 40-minutowy spacer pieszo wzd\u0142u\u017c brzegu.<\/p>\n\n<\/div>\n<\/div>\n<div id=\"faq-question-1787934924002\" class=\"rank-math-list-item\">\n<h3 class=\"rank-math-question \"><span class=\"ez-toc-section\" id=\"Czy_mozna_sie_kapac_w_jeziorze_Brienz\"><\/span>Czy mo\u017cna si\u0119 k\u0105pa\u0107 w jeziorze Brienz?<span class=\"ez-toc-section-end\"><\/span><\/h3>\n<div class=\"rank-math-answer \">\n\n<p>Tak, ale to raczej <strong>dla zahartowanych<\/strong>. Jezioro jest pochodzenia lodowcowego, wi\u0119c nawet w najcieplejszym sierpniu woda ma zwykle tylko od 18 do 22 \u00b0C. Je\u015bli zimna woda ci przeszkadza, na szcz\u0119\u015bcie lokalne k\u0105pielisko The Beach oferuje pi\u0119kny podgrzewany basen.<\/p>\n\n<\/div>\n<\/div>\n<div id=\"faq-question-1787934924003\" class=\"rank-math-list-item\">\n<h3 class=\"rank-math-question \"><span class=\"ez-toc-section\" id=\"Ile_dni_wystarczy_na_wizyte\"><\/span>Ile dni wystarczy na wizyt\u0119?<span class=\"ez-toc-section-end\"><\/span><\/h3>\n<div class=\"rank-math-answer \">\n\n<p>Sam\u0105 wiosk\u0119 zwiedzisz w jedno popo\u0142udnie, ale jako <strong>baza wypadowa jest idealna na 3 do 5 dni<\/strong>. Zd\u0105\u017cysz wybra\u0107 si\u0119 na Harder Kulm, przej\u015b\u0107 Szlakiem Trzech Wodospad\u00f3w do Giessbachu, wypo\u017cyczy\u0107 kajak i pojecha\u0107 kolejk\u0105 z\u0119bat\u0105 na Schynige Platte.<\/p>\n\n<\/div>\n<\/div>\n<div id=\"faq-question-1787934924004\" class=\"rank-math-list-item\">\n<h3 class=\"rank-math-question \"><span class=\"ez-toc-section\" id=\"Co_robic_w_deszczu\"><\/span>Co robi\u0107 w deszczu?<span class=\"ez-toc-section-end\"><\/span><\/h3>\n<div class=\"rank-math-answer \">\n\n<p>W deszczowe dni (kt\u00f3rych bywa nawet latem oko\u0142o 10 w miesi\u0105cu) warto zajrze\u0107 do <strong>wiejskiego muzeum \u201ealte Pinte&#8221;<\/strong> lub pojecha\u0107 autobusem do Interlaken, gdzie jest mn\u00f3stwo krytych atrakcji, sklep\u00f3w, kawiarni, a tak\u017ce znajdziesz tam du\u017cy kompleks basenowy lub kasyno.<\/p>\n\n<\/div>\n<\/div>\n<div id=\"faq-question-1787934924005\" class=\"rank-math-list-item\">\n<h3 class=\"rank-math-question \"><span class=\"ez-toc-section\" id=\"Czy_to_dobre_miejsce_dla_dzieci\"><\/span>Czy to dobre miejsce dla dzieci?<span class=\"ez-toc-section-end\"><\/span><\/h3>\n<div class=\"rank-math-answer \">\n\n<p>B\u00f6nigen jest <strong>absolutnie fantastyczny dla rodzin<\/strong>. S\u0105 tu \u015bwietne place zabaw przy pla\u017cy, rodzinne kempingi z basenem, p\u0142askie, dost\u0119pne dla w\u00f3zk\u00f3w szlaki wzd\u0142u\u017c rzeki, a dzieci uwielbiaj\u0105 rejs zabytkowym parowcem. Interaktywne poszukiwanie skarb\u00f3w zajmie je na ca\u0142e popo\u0142udnie.<\/p>\n\n<\/div>\n<\/div>\n<div id=\"faq-question-1787934924006\" class=\"rank-math-list-item\">\n<h3 class=\"rank-math-question \"><span class=\"ez-toc-section\" id=\"Ile_kosztuje_wycieczka_na_Harder_Kulm\"><\/span>Ile kosztuje wycieczka na Harder Kulm?<span class=\"ez-toc-section-end\"><\/span><\/h3>\n<div class=\"rank-math-answer \">\n\n<p>W sezonie 2026 <strong>bilet powrotny kolejk\u0105 dla osoby doros\u0142ej kosztuje 44 CHF<\/strong> (ok. 210 z\u0142). Je\u015bli masz dzieci od 6 do 15 lat, p\u0142ac\u0105 tylko po\u0142ow\u0119 (do 6 lat gratis). Z kartami takimi jak Swiss Travel Pass lub Bernese Oberland Pass otrzymujesz bardzo przyzwoit\u0105 zni\u017ck\u0119 50%.<\/p>\n\n<\/div>\n<\/div>\n<div id=\"faq-question-1787934924007\" class=\"rank-math-list-item\">\n<h3 class=\"rank-math-question \"><span class=\"ez-toc-section\" id=\"Czy_molo_w_Iseltwald_jest_platne\"><\/span>Czy molo w Iseltwald jest p\u0142atne?<span class=\"ez-toc-section-end\"><\/span><\/h3>\n<div class=\"rank-math-answer \">\n\n<p>Tak, z powodu ogromnego nap\u0142ywu azjatyckich turyst\u00f3w po sukcesie serialu Crash Landing on You gmina zainstalowa\u0142a przed molo <strong>bramk\u0119<\/strong>. Za zrobienie s\u0142ynnego \u201eselfie&#8221; na drewnianym molo trzeba teraz zap\u0142aci\u0107 op\u0142at\u0119 w wysoko\u015bci 5 CHF (ok. 25 z\u0142), kt\u00f3ra przeznaczana jest na utrzymanie wioski.<\/p>\n\n<\/div>\n<\/div>\n<\/div>\n<\/div>","protected":false},"excerpt":{"rendered":"<p>Odkryj ukryt\u0105 per\u0142\u0119 nad Jeziorem Brienckim, gdzie czekaj\u0105 na ciebie przepi\u0119kne drewniane domy, turkusowa woda i fantastyczne g\u00f3rskie szlaki z dala od turystycznych t\u0142um\u00f3w.<\/p>\n","protected":false},"author":3,"featured_media":404497,"comment_status":"open","ping_status":"open","sticky":false,"template":"","format":"standard","meta":{"_acf_changed":false,"footnotes":"","rank_math_title":"B\u00f6nigen Szwajcaria: 24 pomys\u0142y nad Jeziorem Brienckim","rank_math_description":"B\u00f6nigen w Szwajcarii to spokojna baza nad Jeziorem Brienckim. Poznaj 24 pomys\u0142y na szlaki, kolejki, wycieczki i atrakcje z dzie\u0107mi. Zaplanuj urlop ju\u017c dzi\u015b!","rank_math_focus_keyword":"B\u00f6nigen Szwajcaria","rank_math_seo_score":""},"categories":[267,740,522],"tags":[],"class_list":["post-409356","post","type-post","status-publish","format-standard","has-post-thumbnail","category-europa","category-podroze","category-szwajcaria"],"acf":[],"featured_image_src":"https:\/\/loudavymkrokem.cz\/wp-content\/uploads\/2026\/08\/articles-bonigen-18.jpg","author_info":{"display_name":"Lucie Kone\u010dn\u00e1","author_link":"https:\/\/loudavymkrokem.cz\/pl\/author\/lucie-konecna\/"},"_links":{"self":[{"href":"https:\/\/loudavymkrokem.cz\/pl\/wp-json\/wp\/v2\/posts\/409356","targetHints":{"allow":["GET"]}}],"collection":[{"href":"https:\/\/loudavymkrokem.cz\/pl\/wp-json\/wp\/v2\/posts"}],"about":[{"href":"https:\/\/loudavymkrokem.cz\/pl\/wp-json\/wp\/v2\/types\/post"}],"author":[{"embeddable":true,"href":"https:\/\/loudavymkrokem.cz\/pl\/wp-json\/wp\/v2\/users\/3"}],"replies":[{"embeddable":true,"href":"https:\/\/loudavymkrokem.cz\/pl\/wp-json\/wp\/v2\/comments?post=409356"}],"version-history":[{"count":3,"href":"https:\/\/loudavymkrokem.cz\/pl\/wp-json\/wp\/v2\/posts\/409356\/revisions"}],"predecessor-version":[{"id":409359,"href":"https:\/\/loudavymkrokem.cz\/pl\/wp-json\/wp\/v2\/posts\/409356\/revisions\/409359"}],"wp:featuredmedia":[{"embeddable":true,"href":"https:\/\/loudavymkrokem.cz\/pl\/wp-json\/wp\/v2\/media\/404497"}],"wp:attachment":[{"href":"https:\/\/loudavymkrokem.cz\/pl\/wp-json\/wp\/v2\/media?parent=409356"}],"wp:term":[{"taxonomy":"category","embeddable":true,"href":"https:\/\/loudavymkrokem.cz\/pl\/wp-json\/wp\/v2\/categories?post=409356"},{"taxonomy":"post_tag","embeddable":true,"href":"https:\/\/loudavymkrokem.cz\/pl\/wp-json\/wp\/v2\/tags?post=409356"}],"curies":[{"name":"wp","href":"https:\/\/api.w.org\/{rel}","templated":true}]}}