{"id":409313,"date":"2026-08-29T02:00:00","date_gmt":"2026-08-29T00:00:00","guid":{"rendered":"https:\/\/loudavymkrokem.cz\/dojechac-barcelona-hiszpania\/"},"modified":"2026-08-31T09:22:32","modified_gmt":"2026-08-31T07:22:32","slug":"dojechac-barcelona-hiszpania","status":"publish","type":"post","link":"https:\/\/loudavymkrokem.cz\/pl\/dojechac-barcelona-hiszpania\/","title":{"rendered":"Jak dojecha\u0107 do Barcelony z Polski: loty, ceny i poci\u0105g 2026"},"content":{"rendered":"\n<p class=\"wp-block-paragraph\">Kiedy z Luk\u00e1\u0161em wybrali\u015bmy si\u0119 na pocz\u0105tku marca do Barcelony, mieli\u015bmy jasny plan, \u017ceby wszystkie najwa\u017cniejsze miejsca w mie\u015bcie obej\u015b\u0107 na w\u0142asnych nogach. Zatrzymali\u015bmy si\u0119 w rewelacyjnym <strong>Hotelu Gaud\u00ed, tu\u017c obok s\u0142ynnego Palau G\u00fcell<\/strong>, co okaza\u0142o si\u0119 absolutnie strategicznym wyborem do zwiedzania centrum pieszo. Pierwotnie chcieli\u015bmy si\u0119 wybra\u0107 tak\u017ce na znane wzg\u00f3rze Tibidabo, ale ze wzgl\u0119du na do\u015b\u0107 paskudn\u0105 pogod\u0119 i przera\u017caj\u0105ce recenzje o nieustannie okradanych autach ostatecznie ze spokojnym sercem to sobie odpu\u015bcili\u015bmy. Bez wzgl\u0119du jednak na to, czy planujesz przemierza\u0107 tajemnicze uliczki dzielnicy gotyckiej, czy tylko \u0142apa\u0107 opalenizn\u0119 na pla\u017cy, pierwsz\u0105 rzecz\u0105, kt\u00f3r\u0105 musisz rozgry\u017a\u0107, jest sama <strong>droga do Barcelony w Hiszpanii, a\u017c na katalo\u0144skie wybrze\u017ce<\/strong>. To w\u0142a\u015bnie \u015brodek transportu w decyduj\u0105cy spos\u00f3b przes\u0105dzi o tym, w jakim nastroju i z jakim bud\u017cetem w og\u00f3le wystartuje tw\u00f3j urlop.<\/p>\n\n\n\n<figure data-wp-context=\"{&quot;imageId&quot;:&quot;6a9544c3233a9&quot;}\" data-wp-interactive=\"core\/image\" data-wp-key=\"6a9544c3233a9\" class=\"wp-block-image size-full wp-lightbox-container\"><img decoding=\"async\" width=\"1920\" height=\"1440\" data-wp-class--hide=\"state.isContentHidden\" data-wp-class--show=\"state.isContentVisible\" data-wp-init=\"callbacks.setButtonStyles\" data-wp-on--click=\"actions.showLightbox\" data-wp-on--load=\"callbacks.setButtonStyles\" data-wp-on--pointerdown=\"actions.preloadImage\" data-wp-on--pointerenter=\"actions.preloadImageWithDelay\" data-wp-on--pointerleave=\"actions.cancelPreload\" data-wp-on-window--resize=\"callbacks.setButtonStyles\" src=\"https:\/\/loudavymkrokem.cz\/wp-content\/uploads\/2026\/08\/barcelona-tri-ruzne-systemy-metra-te-zmatou.jpg\" alt=\"Autobus mi\u0119dzymiastowy Sagal\u00e9s na przystanku\" class=\"wp-image-376460\" title=\"\" srcset=\"https:\/\/loudavymkrokem.cz\/wp-content\/uploads\/2026\/08\/barcelona-tri-ruzne-systemy-metra-te-zmatou.jpg 1920w, https:\/\/loudavymkrokem.cz\/wp-content\/uploads\/2026\/08\/barcelona-tri-ruzne-systemy-metra-te-zmatou-300x225.jpg 300w, https:\/\/loudavymkrokem.cz\/wp-content\/uploads\/2026\/08\/barcelona-tri-ruzne-systemy-metra-te-zmatou-700x525.jpg 700w, https:\/\/loudavymkrokem.cz\/wp-content\/uploads\/2026\/08\/barcelona-tri-ruzne-systemy-metra-te-zmatou-768x576.jpg 768w, https:\/\/loudavymkrokem.cz\/wp-content\/uploads\/2026\/08\/barcelona-tri-ruzne-systemy-metra-te-zmatou-1536x1152.jpg 1536w, https:\/\/loudavymkrokem.cz\/wp-content\/uploads\/2026\/08\/barcelona-tri-ruzne-systemy-metra-te-zmatou-80x60.jpg 80w, https:\/\/loudavymkrokem.cz\/wp-content\/uploads\/2026\/08\/barcelona-tri-ruzne-systemy-metra-te-zmatou-160x120.jpg 160w, https:\/\/loudavymkrokem.cz\/wp-content\/uploads\/2026\/08\/barcelona-tri-ruzne-systemy-metra-te-zmatou-696x522.jpg 696w, https:\/\/loudavymkrokem.cz\/wp-content\/uploads\/2026\/08\/barcelona-tri-ruzne-systemy-metra-te-zmatou-1392x1044.jpg 1392w\" sizes=\"(max-width: 1920px) 100vw, 1920px\" \/><button\n\t\t\tclass=\"lightbox-trigger\"\n\t\t\ttype=\"button\"\n\t\t\taria-haspopup=\"dialog\"\n\t\t\tdata-wp-bind--aria-label=\"state.thisImage.triggerButtonAriaLabel\"\n\t\t\tdata-wp-init=\"callbacks.initTriggerButton\"\n\t\t\tdata-wp-on--click=\"actions.showLightbox\"\n\t\t\tdata-wp-style--right=\"state.thisImage.buttonRight\"\n\t\t\tdata-wp-style--top=\"state.thisImage.buttonTop\"\n\t\t>\n\t\t\t<svg xmlns=\"http:\/\/www.w3.org\/2000\/svg\" width=\"12\" height=\"12\" fill=\"none\" viewBox=\"0 0 12 12\">\n\t\t\t\t<path fill=\"#fff\" d=\"M2 0a2 2 0 0 0-2 2v2h1.5V2a.5.5 0 0 1 .5-.5h2V0H2Zm2 10.5H2a.5.5 0 0 1-.5-.5V8H0v2a2 2 0 0 0 2 2h2v-1.5ZM8 12v-1.5h2a.5.5 0 0 0 .5-.5V8H12v2a2 2 0 0 1-2 2H8Zm2-12a2 2 0 0 1 2 2v2h-1.5V2a.5.5 0 0 0-.5-.5H8V0h2Z\" \/>\n\t\t\t<\/svg>\n\t\t<\/button><\/figure>\n\n\n\n<div id=\"ez-toc-container\" class=\"ez-toc-v2_0_86 ez-toc-wrap-left counter-hierarchy ez-toc-counter ez-toc-grey ez-toc-container-direction\">\n<div class=\"ez-toc-title-container\">\n<p class=\"ez-toc-title\" style=\"cursor:inherit\">Tre\u015b\u0107 artyku\u0142u<\/p>\n<span class=\"ez-toc-title-toggle\"><a href=\"#\" class=\"ez-toc-pull-right ez-toc-btn ez-toc-btn-xs ez-toc-btn-default ez-toc-toggle\" aria-label=\"Prze\u0142\u0105cznik Spisu Tre\u015bci\"><span class=\"ez-toc-js-icon-con\"><span class=\"\"><span class=\"eztoc-hide\" style=\"display:none;\">Toggle<\/span><span class=\"ez-toc-icon-toggle-span\"><svg style=\"fill: #999;color:#999\" xmlns=\"http:\/\/www.w3.org\/2000\/svg\" class=\"list-377408\" width=\"20px\" height=\"20px\" viewBox=\"0 0 24 24\" fill=\"none\"><path d=\"M6 6H4v2h2V6zm14 0H8v2h12V6zM4 11h2v2H4v-2zm16 0H8v2h12v-2zM4 16h2v2H4v-2zm16 0H8v2h12v-2z\" fill=\"currentColor\"><\/path><\/svg><svg style=\"fill: #999;color:#999\" class=\"arrow-unsorted-368013\" xmlns=\"http:\/\/www.w3.org\/2000\/svg\" width=\"10px\" height=\"10px\" viewBox=\"0 0 24 24\" version=\"1.2\" baseProfile=\"tiny\"><path d=\"M18.2 9.3l-6.2-6.3-6.2 6.3c-.2.2-.3.4-.3.7s.1.5.3.7c.2.2.4.3.7.3h11c.3 0 .5-.1.7-.3.2-.2.3-.5.3-.7s-.1-.5-.3-.7zM5.8 14.7l6.2 6.3 6.2-6.3c.2-.2.3-.5.3-.7s-.1-.5-.3-.7c-.2-.2-.4-.3-.7-.3h-11c-.3 0-.5.1-.7.3-.2.2-.3.5-.3.7s.1.5.3.7z\"\/><\/svg><\/span><\/span><\/span><\/a><\/span><\/div>\n<nav><ul class='ez-toc-list ez-toc-list-level-1 ' ><ul class='ez-toc-list-level-3' ><li class='ez-toc-heading-level-3'><a class=\"ez-toc-link ez-toc-heading-1\" href=\"https:\/\/loudavymkrokem.cz\/pl\/dojechac-barcelona-hiszpania\/#Podsumowanie_dla_tych_ktorzy_nie_maja_czasu_na_caly_artykul\" >Podsumowanie dla tych, kt\u00f3rzy nie maj\u0105 czasu na ca\u0142y artyku\u0142<\/a><\/li><\/ul><\/li><li class='ez-toc-page-1 ez-toc-heading-level-2'><a class=\"ez-toc-link ez-toc-heading-2\" href=\"https:\/\/loudavymkrokem.cz\/pl\/dojechac-barcelona-hiszpania\/#Gdzie_sie_zatrzymac_w_Barcelonie_i_ile_kosztuje_podatek_turystyczny\" >Gdzie si\u0119 zatrzyma\u0107 w Barcelonie i ile kosztuje podatek turystyczny<\/a><\/li><li class='ez-toc-page-1 ez-toc-heading-level-2'><a class=\"ez-toc-link ez-toc-heading-3\" href=\"https:\/\/loudavymkrokem.cz\/pl\/dojechac-barcelona-hiszpania\/#11_rzeczy_ktore_musisz_wiedziec_o_podrozy_do_Barcelony_w_Hiszpanii\" >11 rzeczy, kt\u00f3re musisz wiedzie\u0107 o podr\u00f3\u017cy do Barcelony w Hiszpanii<\/a><ul class='ez-toc-list-level-3' ><li class='ez-toc-heading-level-3'><a class=\"ez-toc-link ez-toc-heading-4\" href=\"https:\/\/loudavymkrokem.cz\/pl\/dojechac-barcelona-hiszpania\/#1_Bezposrednie_loty_Warszawa_%E2%80%93_Barcelona_i_kto_je_obsluguje\" >1. Bezpo\u015brednie loty Warszawa \u2013 Barcelona i kto je obs\u0142uguje<\/a><\/li><li class='ez-toc-page-1 ez-toc-heading-level-3'><a class=\"ez-toc-link ez-toc-heading-5\" href=\"https:\/\/loudavymkrokem.cz\/pl\/dojechac-barcelona-hiszpania\/#2_Orientacyjne_ceny_biletow_lotniczych_i_kiedy_je_kupowac\" >2. Orientacyjne ceny bilet\u00f3w lotniczych i kiedy je kupowa\u0107<\/a><\/li><li class='ez-toc-page-1 ez-toc-heading-level-3'><a class=\"ez-toc-link ez-toc-heading-6\" href=\"https:\/\/loudavymkrokem.cz\/pl\/dojechac-barcelona-hiszpania\/#3_Ryanair_i_pulapki_bagazowe_tanich_linii\" >3. Ryanair i pu\u0142apki baga\u017cowe tanich linii<\/a><\/li><li class='ez-toc-page-1 ez-toc-heading-level-3'><a class=\"ez-toc-link ez-toc-heading-7\" href=\"https:\/\/loudavymkrokem.cz\/pl\/dojechac-barcelona-hiszpania\/#4_Vueling_i_ich_stopniowane_kilogramy\" >4. Vueling i ich stopniowane kilogramy<\/a><\/li><li class='ez-toc-page-1 ez-toc-heading-level-3'><a class=\"ez-toc-link ez-toc-heading-8\" href=\"https:\/\/loudavymkrokem.cz\/pl\/dojechac-barcelona-hiszpania\/#5_Uwaga_na_letnie_ciecia_w_rozkladach\" >5. Uwaga na letnie ci\u0119cia w rozk\u0142adach<\/a><\/li><li class='ez-toc-page-1 ez-toc-heading-level-3'><a class=\"ez-toc-link ez-toc-heading-9\" href=\"https:\/\/loudavymkrokem.cz\/pl\/dojechac-barcelona-hiszpania\/#6_Falszywe_lotniska_Girona_i_Reus\" >6. Fa\u0142szywe lotniska Girona i Reus<\/a><\/li><li class='ez-toc-page-1 ez-toc-heading-level-3'><a class=\"ez-toc-link ez-toc-heading-10\" href=\"https:\/\/loudavymkrokem.cz\/pl\/dojechac-barcelona-hiszpania\/#7_Pociagiem_z_Polski_dla_kobiet_w_ciazy_i_tych_ktorzy_nie_lataja\" >7. Poci\u0105giem z Polski: dla kobiet w ci\u0105\u017cy i tych, kt\u00f3rzy nie lataj\u0105<\/a><\/li><li class='ez-toc-page-1 ez-toc-heading-level-3'><a class=\"ez-toc-link ez-toc-heading-11\" href=\"https:\/\/loudavymkrokem.cz\/pl\/dojechac-barcelona-hiszpania\/#8_Alternatywna_trasa_kolejowa_przez_Paryz\" >8. Alternatywna trasa kolejowa przez Pary\u017c<\/a><\/li><li class='ez-toc-page-1 ez-toc-heading-level-3'><a class=\"ez-toc-link ez-toc-heading-12\" href=\"https:\/\/loudavymkrokem.cz\/pl\/dojechac-barcelona-hiszpania\/#9_Autem_do_Barcelony_Przygotuj_sie_na_strefe_ZBE\" >9. Autem do Barcelony? Przygotuj si\u0119 na stref\u0119 ZBE<\/a><\/li><li class='ez-toc-page-1 ez-toc-heading-level-3'><a class=\"ez-toc-link ez-toc-heading-13\" href=\"https:\/\/loudavymkrokem.cz\/pl\/dojechac-barcelona-hiszpania\/#10_Jak_dostac_sie_z_lotniska_El_Prat_do_centrum\" >10. Jak dosta\u0107 si\u0119 z lotniska El Prat do centrum<\/a><\/li><li class='ez-toc-page-1 ez-toc-heading-level-3'><a class=\"ez-toc-link ez-toc-heading-14\" href=\"https:\/\/loudavymkrokem.cz\/pl\/dojechac-barcelona-hiszpania\/#11_Wycieczka_z_biurem_podrozy_vs_podroz_na_wlasna_reke\" >11. Wycieczka z biurem podr\u00f3\u017cy vs. podr\u00f3\u017c na w\u0142asn\u0105 r\u0119k\u0119<\/a><\/li><\/ul><\/li><li class='ez-toc-page-1 ez-toc-heading-level-2'><a class=\"ez-toc-link ez-toc-heading-15\" href=\"https:\/\/loudavymkrokem.cz\/pl\/dojechac-barcelona-hiszpania\/#Praktyczne_podsumowanie_i_orientacyjne_ceny\" >Praktyczne podsumowanie i orientacyjne ceny<\/a><\/li><li class='ez-toc-page-1 ez-toc-heading-level-2'><a class=\"ez-toc-link ez-toc-heading-16\" href=\"https:\/\/loudavymkrokem.cz\/pl\/dojechac-barcelona-hiszpania\/#Dokad_dalej\" >Dok\u0105d dalej<\/a><\/li><li class='ez-toc-page-1 ez-toc-heading-level-2'><a class=\"ez-toc-link ez-toc-heading-17\" href=\"https:\/\/loudavymkrokem.cz\/pl\/dojechac-barcelona-hiszpania\/#Najczesciej_zadawane_pytania\" >Najcz\u0119\u015bciej zadawane pytania<\/a><ul class='ez-toc-list-level-3' ><li class='ez-toc-heading-level-3'><a class=\"ez-toc-link ez-toc-heading-18\" href=\"https:\/\/loudavymkrokem.cz\/pl\/dojechac-barcelona-hiszpania\/#Jak_dlugo_trwa_lot_do_Barcelony_z_Warszawy\" >Jak d\u0142ugo trwa lot do Barcelony z Warszawy?<\/a><\/li><li class='ez-toc-page-1 ez-toc-heading-level-3'><a class=\"ez-toc-link ez-toc-heading-19\" href=\"https:\/\/loudavymkrokem.cz\/pl\/dojechac-barcelona-hiszpania\/#Ile_orientacyjnie_kosztuje_bilet_lotniczy\" >Ile orientacyjnie kosztuje bilet lotniczy?<\/a><\/li><li class='ez-toc-page-1 ez-toc-heading-level-3'><a class=\"ez-toc-link ez-toc-heading-20\" href=\"https:\/\/loudavymkrokem.cz\/pl\/dojechac-barcelona-hiszpania\/#Czy_zwykly_bilet_na_metro_obowiazuje_z_lotniska\" >Czy zwyk\u0142y bilet na metro obowi\u0105zuje z lotniska?<\/a><\/li><li class='ez-toc-page-1 ez-toc-heading-level-3'><a class=\"ez-toc-link ez-toc-heading-21\" href=\"https:\/\/loudavymkrokem.cz\/pl\/dojechac-barcelona-hiszpania\/#Czy_moge_jechac_do_centrum_Barcelony_samochodem\" >Czy mog\u0119 jecha\u0107 do centrum Barcelony samochodem?<\/a><\/li><li class='ez-toc-page-1 ez-toc-heading-level-3'><a class=\"ez-toc-link ez-toc-heading-22\" href=\"https:\/\/loudavymkrokem.cz\/pl\/dojechac-barcelona-hiszpania\/#Czy_mozna_dojechac_do_Barcelony_wygodnie_pociagiem\" >Czy mo\u017cna dojecha\u0107 do Barcelony wygodnie poci\u0105giem?<\/a><\/li><li class='ez-toc-page-1 ez-toc-heading-level-3'><a class=\"ez-toc-link ez-toc-heading-23\" href=\"https:\/\/loudavymkrokem.cz\/pl\/dojechac-barcelona-hiszpania\/#Na_co_uwazac_u_tanich_linii_lotniczych_jak_Ryanair\" >Na co uwa\u017ca\u0107 u tanich linii lotniczych jak Ryanair?<\/a><\/li><li class='ez-toc-page-1 ez-toc-heading-level-3'><a class=\"ez-toc-link ez-toc-heading-24\" href=\"https:\/\/loudavymkrokem.cz\/pl\/dojechac-barcelona-hiszpania\/#Czy_oplaca_sie_leciec_na_dalsze_lotniska_Girona_lub_Reus\" >Czy op\u0142aca si\u0119 lecie\u0107 na dalsze lotniska Girona lub Reus?<\/a><\/li><\/ul><\/li><\/ul><\/nav><\/div>\n<h3 class=\"wp-block-heading\"><span class=\"ez-toc-section\" id=\"Podsumowanie_dla_tych_ktorzy_nie_maja_czasu_na_caly_artykul\"><\/span>Podsumowanie dla tych, kt\u00f3rzy nie maj\u0105 czasu na ca\u0142y artyku\u0142<span class=\"ez-toc-section-end\"><\/span><\/h3>\n\n\n\n<ul class=\"wp-block-list\">\n\n<li>  <strong>Z Warszawy do Barcelony lataj\u0105 samoloty bezpo\u015brednio<\/strong>, a w sezonie letnim 2026 masz do wyboru \u015brednio kilka lot\u00f3w dziennie.<\/li>\n\n\n\n<li>  <strong>Sam lot trwa oko\u0142o 3 godzin<\/strong>, a na trasie rywalizuj\u0105 mi\u0119dzy innymi linie Vueling, Ryanair, Wizz Air i LOT.<\/li>\n\n\n\n<li>  <strong>Bilety zaczynaj\u0105 si\u0119 orientacyjnie od oko\u0142o 230 z\u0142<\/strong>, ale latem z walizk\u0105 licz si\u0119 raczej z kwot\u0105 przekraczaj\u0105c\u0105 450 z\u0142 w jedn\u0105 stron\u0119.<\/li>\n\n\n\n<li>  <strong>Z lotniska El Prat do centrum je\u017adzi Aerob\u00fas za 7,45 \u20ac (ok. 33 z\u0142)<\/strong>, natomiast zwyk\u0142y bilet T-casual na lotniskowym metrze nie obowi\u0105zuje.<\/li>\n\n\n\n<li>  <strong>Podr\u00f3\u017c poci\u0105giem z Polski ma ogromny sens<\/strong>, je\u015bli nie mo\u017cesz lata\u0107 ze wzgl\u0119d\u00f3w zdrowotnych albo spodziewasz si\u0119 dziecka.<\/li>\n\n\n\n<li>  <strong>Do centrum Barcelony lepiej nie wje\u017cd\u017caj autem<\/strong>, bo miasto pilnuje surowa strefa niskoemisyjna ZBE pod gro\u017ab\u0105 kary 200 \u20ac (ok. 900 z\u0142).<\/li>\n\n\n\n<li>  <strong>Omijaj lotniska Girona i Reus<\/strong>, z kt\u00f3rych czeka ci\u0119 d\u0142uga i droga podr\u00f3\u017c autobusem, je\u015bli nie zmierzasz bezpo\u015brednio na okoliczne wybrze\u017ce.<\/li>\n\n\n<\/ul>\n\n\n\n<figure data-wp-context=\"{&quot;imageId&quot;:&quot;6a9544c3239b6&quot;}\" data-wp-interactive=\"core\/image\" data-wp-key=\"6a9544c3239b6\" class=\"wp-block-image size-full wp-lightbox-container\"><img decoding=\"async\" width=\"1034\" height=\"2560\" data-wp-class--hide=\"state.isContentHidden\" data-wp-class--show=\"state.isContentVisible\" data-wp-init=\"callbacks.setButtonStyles\" data-wp-on--click=\"actions.showLightbox\" data-wp-on--load=\"callbacks.setButtonStyles\" data-wp-on--pointerdown=\"actions.preloadImage\" data-wp-on--pointerenter=\"actions.preloadImageWithDelay\" data-wp-on--pointerleave=\"actions.cancelPreload\" data-wp-on-window--resize=\"callbacks.setButtonStyles\" src=\"https:\/\/loudavymkrokem.cz\/wp-content\/uploads\/2026\/08\/barcelona-kde-se-ubytovat-v-barcelone-a-kolik--scaled.jpg\" alt=\"Wie\u017ca Torre Gl\u00f2ries w Barcelonie\" class=\"wp-image-376472\" title=\"\" srcset=\"https:\/\/loudavymkrokem.cz\/wp-content\/uploads\/2026\/08\/barcelona-kde-se-ubytovat-v-barcelone-a-kolik--scaled.jpg 1034w, https:\/\/loudavymkrokem.cz\/wp-content\/uploads\/2026\/08\/barcelona-kde-se-ubytovat-v-barcelone-a-kolik--121x300.jpg 121w, https:\/\/loudavymkrokem.cz\/wp-content\/uploads\/2026\/08\/barcelona-kde-se-ubytovat-v-barcelone-a-kolik--700x1733.jpg 700w, https:\/\/loudavymkrokem.cz\/wp-content\/uploads\/2026\/08\/barcelona-kde-se-ubytovat-v-barcelone-a-kolik--768x1902.jpg 768w, https:\/\/loudavymkrokem.cz\/wp-content\/uploads\/2026\/08\/barcelona-kde-se-ubytovat-v-barcelone-a-kolik--620x1536.jpg 620w, https:\/\/loudavymkrokem.cz\/wp-content\/uploads\/2026\/08\/barcelona-kde-se-ubytovat-v-barcelone-a-kolik--827x2048.jpg 827w, https:\/\/loudavymkrokem.cz\/wp-content\/uploads\/2026\/08\/barcelona-kde-se-ubytovat-v-barcelone-a-kolik--696x1723.jpg 696w, https:\/\/loudavymkrokem.cz\/wp-content\/uploads\/2026\/08\/barcelona-kde-se-ubytovat-v-barcelone-a-kolik--1392x3447.jpg 1392w\" sizes=\"(max-width: 1034px) 100vw, 1034px\" \/><button\n\t\t\tclass=\"lightbox-trigger\"\n\t\t\ttype=\"button\"\n\t\t\taria-haspopup=\"dialog\"\n\t\t\tdata-wp-bind--aria-label=\"state.thisImage.triggerButtonAriaLabel\"\n\t\t\tdata-wp-init=\"callbacks.initTriggerButton\"\n\t\t\tdata-wp-on--click=\"actions.showLightbox\"\n\t\t\tdata-wp-style--right=\"state.thisImage.buttonRight\"\n\t\t\tdata-wp-style--top=\"state.thisImage.buttonTop\"\n\t\t>\n\t\t\t<svg xmlns=\"http:\/\/www.w3.org\/2000\/svg\" width=\"12\" height=\"12\" fill=\"none\" viewBox=\"0 0 12 12\">\n\t\t\t\t<path fill=\"#fff\" d=\"M2 0a2 2 0 0 0-2 2v2h1.5V2a.5.5 0 0 1 .5-.5h2V0H2Zm2 10.5H2a.5.5 0 0 1-.5-.5V8H0v2a2 2 0 0 0 2 2h2v-1.5ZM8 12v-1.5h2a.5.5 0 0 0 .5-.5V8H12v2a2 2 0 0 1-2 2H8Zm2-12a2 2 0 0 1 2 2v2h-1.5V2a.5.5 0 0 0-.5-.5H8V0h2Z\" \/>\n\t\t\t<\/svg>\n\t\t<\/button><figcaption class=\"wp-element-caption\">Foto: Diliff \/ Wikimedia Commons, CC BY 2.5<\/figcaption><\/figure>\n\n\n\n<h2 class=\"wp-block-heading\"><span class=\"ez-toc-section\" id=\"Gdzie_sie_zatrzymac_w_Barcelonie_i_ile_kosztuje_podatek_turystyczny\"><\/span>Gdzie si\u0119 zatrzyma\u0107 w Barcelonie i ile kosztuje podatek turystyczny<span class=\"ez-toc-section-end\"><\/span><\/h2>\n\n\n\n<p class=\"wp-block-paragraph\"><em>\ud83d\udca1 <strong>Wskaz\u00f3wka na nocleg i atrakcje<\/strong>: Nocleg\u00f3w najch\u0119tniej szukamy na <a class=\"thirstylink\" rel=\"nofollow\" target=\"_blank\" title=\"Booking.com\" href=\"https:\/\/loudavymkrokem.cz\/doporucujeme\/booking-com\/\" data-shortcode=\"true\">Booking.com<\/a>, gdzie zwykle s\u0105 <strong>najlepsze warunki anulacji<\/strong>. Bilety, wycieczki i atrakcje najlepiej por\u00f3wna\u0107 i kupi\u0107 przez <a class=\"thirstylink\" rel=\"nofollow\" target=\"_blank\" title=\"GetYourGuide\" href=\"https:\/\/loudavymkrokem.cz\/doporucujeme\/getyourguide\/\" data-shortcode=\"true\">GetYourGuide<\/a>.<\/em><\/p>\n\n\n\n<p class=\"wp-block-paragraph\">Wyb\u00f3r noclegu w katalo\u0144skiej metropolii jest ostatnio niez\u0142ym orzechem do zgryzienia, bo miasto planuje do 2028 roku <strong>ca\u0142kowicie zlikwidowa\u0107 wszystkie licencje na apartamenty turystyczne<\/strong>. Ceny klasycznych hoteli z tego powodu logicznie szybuj\u0105 w g\u00f3r\u0119, a oferta ta\u0144szych nocleg\u00f3w niebezpiecznie si\u0119 kurczy. Do bud\u017cetu musisz doliczy\u0107 te\u017c nowy podatek turystyczny, kt\u00f3ry obowi\u0105zuje od kwietnia 2026 roku i potrafi sporo podnie\u015b\u0107 koszt pobytu. W pi\u0119ciogwiazdkowym luksusie zap\u0142acisz 12 \u20ac (ok. 53 z\u0142) od osoby za noc, w standardowym hotelu czterogwiazdkowym jest to 8,40 \u20ac, a <strong>w popularnych apartamentach turystycznych nalicz\u0105 ci 9,50 \u20ac za noc<\/strong>. P\u0142aci si\u0119 to maksymalnie za pierwszych siedem nocy, ale i tak przy d\u0142u\u017cszym urlopie sporo si\u0119 tego uzbiera.<\/p>\n\n\n\n<p class=\"wp-block-paragraph\">My podczas naszej wizyty postawili\u015bmy na <strong>Hotel Gaud\u00ed<\/strong>, kt\u00f3ry le\u017cy zaledwie kilka krok\u00f3w od s\u0142ynnego Palau G\u00fcell i kawa\u0142ek od gwarnej alei La Rambla. To by\u0142 absolutnie strategiczny wyb\u00f3r do odkrywania miasta pieszo, a do tego na dachu maj\u0105 przepi\u0119kny taras z basenem, z kt\u00f3rego rozci\u0105ga si\u0119 pi\u0119kny widok na kominy pa\u0142acu Gaud\u00edego.<\/p>\n\n\n\n<p class=\"wp-block-paragraph\">Je\u015bli szukasz czego\u015b wizualnie osza\u0142amiaj\u0105cego, koniecznie zajrzyj do <strong>Hotelu Ayre Rosell\u00f3n<\/strong>, kt\u00f3ry szczyci si\u0119 absolutnie zapieraj\u0105cym dech widokiem prosto na budowan\u0105 wci\u0105\u017c Sagrada Fam\u00edlia z ich baru na dachu. Dla podr\u00f3\u017cnych z mniejszym bud\u017cetem \u015bwietnie sprawdzi si\u0119 <strong>Motel One Barcelona-Ciutadella<\/strong>, gdzie dostaniesz pi\u0119kny, nowoczesny pok\u00f3j tu\u017c obok ogromnego parku i w zasi\u0119gu spaceru od pla\u017cy. Je\u015bli chcesz zazna\u0107 absolutnego luksusu i budzi\u0107 si\u0119 przy szumie fal, sp\u00f3jrz na ikoniczny <strong>W Barcelona<\/strong>, czyli s\u0142ynny budynek w kszta\u0142cie \u017cagla dominuj\u0105cy nad ca\u0142ym wybrze\u017cem. Dla plecakowicz\u00f3w i podr\u00f3\u017cuj\u0105cych solo wed\u0142ug recenzji \u015bwietnie dzia\u0142a <strong>Hostel One Paralelo<\/strong>, gdzie panuje cudownie przyjazna atmosfera i organizuj\u0105 wsp\u00f3lne wieczory.<\/p>\n\n\n\n<figure data-wp-context=\"{&quot;imageId&quot;:&quot;6a9544c323f73&quot;}\" data-wp-interactive=\"core\/image\" data-wp-key=\"6a9544c323f73\" class=\"wp-block-image size-full wp-lightbox-container\"><img decoding=\"async\" width=\"1600\" height=\"1067\" data-wp-class--hide=\"state.isContentHidden\" data-wp-class--show=\"state.isContentVisible\" data-wp-init=\"callbacks.setButtonStyles\" data-wp-on--click=\"actions.showLightbox\" data-wp-on--load=\"callbacks.setButtonStyles\" data-wp-on--pointerdown=\"actions.preloadImage\" data-wp-on--pointerenter=\"actions.preloadImageWithDelay\" data-wp-on--pointerleave=\"actions.cancelPreload\" data-wp-on-window--resize=\"callbacks.setButtonStyles\" src=\"https:\/\/loudavymkrokem.cz\/wp-content\/uploads\/2026\/08\/barcelona-uber-a-bolt-tady-radeji-ani-nezapine-px.jpg\" alt=\"\u017b\u00f3\u0142to-czarna barcelo\u0144ska taks\u00f3wka\" class=\"wp-image-376459\" title=\"\" srcset=\"https:\/\/loudavymkrokem.cz\/wp-content\/uploads\/2026\/08\/barcelona-uber-a-bolt-tady-radeji-ani-nezapine-px.jpg 1600w, https:\/\/loudavymkrokem.cz\/wp-content\/uploads\/2026\/08\/barcelona-uber-a-bolt-tady-radeji-ani-nezapine-px-300x200.jpg 300w, https:\/\/loudavymkrokem.cz\/wp-content\/uploads\/2026\/08\/barcelona-uber-a-bolt-tady-radeji-ani-nezapine-px-700x467.jpg 700w, https:\/\/loudavymkrokem.cz\/wp-content\/uploads\/2026\/08\/barcelona-uber-a-bolt-tady-radeji-ani-nezapine-px-768x512.jpg 768w, https:\/\/loudavymkrokem.cz\/wp-content\/uploads\/2026\/08\/barcelona-uber-a-bolt-tady-radeji-ani-nezapine-px-1536x1024.jpg 1536w, https:\/\/loudavymkrokem.cz\/wp-content\/uploads\/2026\/08\/barcelona-uber-a-bolt-tady-radeji-ani-nezapine-px-696x464.jpg 696w, https:\/\/loudavymkrokem.cz\/wp-content\/uploads\/2026\/08\/barcelona-uber-a-bolt-tady-radeji-ani-nezapine-px-1392x928.jpg 1392w\" sizes=\"(max-width: 1600px) 100vw, 1600px\" \/><button\n\t\t\tclass=\"lightbox-trigger\"\n\t\t\ttype=\"button\"\n\t\t\taria-haspopup=\"dialog\"\n\t\t\tdata-wp-bind--aria-label=\"state.thisImage.triggerButtonAriaLabel\"\n\t\t\tdata-wp-init=\"callbacks.initTriggerButton\"\n\t\t\tdata-wp-on--click=\"actions.showLightbox\"\n\t\t\tdata-wp-style--right=\"state.thisImage.buttonRight\"\n\t\t\tdata-wp-style--top=\"state.thisImage.buttonTop\"\n\t\t>\n\t\t\t<svg xmlns=\"http:\/\/www.w3.org\/2000\/svg\" width=\"12\" height=\"12\" fill=\"none\" viewBox=\"0 0 12 12\">\n\t\t\t\t<path fill=\"#fff\" d=\"M2 0a2 2 0 0 0-2 2v2h1.5V2a.5.5 0 0 1 .5-.5h2V0H2Zm2 10.5H2a.5.5 0 0 1-.5-.5V8H0v2a2 2 0 0 0 2 2h2v-1.5ZM8 12v-1.5h2a.5.5 0 0 0 .5-.5V8H12v2a2 2 0 0 1-2 2H8Zm2-12a2 2 0 0 1 2 2v2h-1.5V2a.5.5 0 0 0-.5-.5H8V0h2Z\" \/>\n\t\t\t<\/svg>\n\t\t<\/button><\/figure>\n\n\n\n<h2 class=\"wp-block-heading\"><span class=\"ez-toc-section\" id=\"11_rzeczy_ktore_musisz_wiedziec_o_podrozy_do_Barcelony_w_Hiszpanii\"><\/span>11 rzeczy, kt\u00f3re musisz wiedzie\u0107 o podr\u00f3\u017cy do Barcelony w Hiszpanii<span class=\"ez-toc-section-end\"><\/span><\/h2>\n\n\n\n<figure data-wp-context=\"{&quot;imageId&quot;:&quot;6a9544c3244a5&quot;}\" data-wp-interactive=\"core\/image\" data-wp-key=\"6a9544c3244a5\" class=\"wp-block-image size-full wp-lightbox-container\"><img decoding=\"async\" width=\"1920\" height=\"1252\" data-wp-class--hide=\"state.isContentHidden\" data-wp-class--show=\"state.isContentVisible\" data-wp-init=\"callbacks.setButtonStyles\" data-wp-on--click=\"actions.showLightbox\" data-wp-on--load=\"callbacks.setButtonStyles\" data-wp-on--pointerdown=\"actions.preloadImage\" data-wp-on--pointerenter=\"actions.preloadImageWithDelay\" data-wp-on--pointerleave=\"actions.cancelPreload\" data-wp-on-window--resize=\"callbacks.setButtonStyles\" src=\"https:\/\/loudavymkrokem.cz\/wp-content\/uploads\/2026\/08\/barcelona-aerobus-je-sice-drazsi-ale-usetri-ne.jpg\" alt=\"Autobusy Aerob\u00fas na przystanku w Barcelonie\" class=\"wp-image-376457\" title=\"\" srcset=\"https:\/\/loudavymkrokem.cz\/wp-content\/uploads\/2026\/08\/barcelona-aerobus-je-sice-drazsi-ale-usetri-ne.jpg 1920w, https:\/\/loudavymkrokem.cz\/wp-content\/uploads\/2026\/08\/barcelona-aerobus-je-sice-drazsi-ale-usetri-ne-300x196.jpg 300w, https:\/\/loudavymkrokem.cz\/wp-content\/uploads\/2026\/08\/barcelona-aerobus-je-sice-drazsi-ale-usetri-ne-700x456.jpg 700w, https:\/\/loudavymkrokem.cz\/wp-content\/uploads\/2026\/08\/barcelona-aerobus-je-sice-drazsi-ale-usetri-ne-768x501.jpg 768w, https:\/\/loudavymkrokem.cz\/wp-content\/uploads\/2026\/08\/barcelona-aerobus-je-sice-drazsi-ale-usetri-ne-1536x1002.jpg 1536w, https:\/\/loudavymkrokem.cz\/wp-content\/uploads\/2026\/08\/barcelona-aerobus-je-sice-drazsi-ale-usetri-ne-696x454.jpg 696w, https:\/\/loudavymkrokem.cz\/wp-content\/uploads\/2026\/08\/barcelona-aerobus-je-sice-drazsi-ale-usetri-ne-1392x908.jpg 1392w\" sizes=\"(max-width: 1920px) 100vw, 1920px\" \/><button\n\t\t\tclass=\"lightbox-trigger\"\n\t\t\ttype=\"button\"\n\t\t\taria-haspopup=\"dialog\"\n\t\t\tdata-wp-bind--aria-label=\"state.thisImage.triggerButtonAriaLabel\"\n\t\t\tdata-wp-init=\"callbacks.initTriggerButton\"\n\t\t\tdata-wp-on--click=\"actions.showLightbox\"\n\t\t\tdata-wp-style--right=\"state.thisImage.buttonRight\"\n\t\t\tdata-wp-style--top=\"state.thisImage.buttonTop\"\n\t\t>\n\t\t\t<svg xmlns=\"http:\/\/www.w3.org\/2000\/svg\" width=\"12\" height=\"12\" fill=\"none\" viewBox=\"0 0 12 12\">\n\t\t\t\t<path fill=\"#fff\" d=\"M2 0a2 2 0 0 0-2 2v2h1.5V2a.5.5 0 0 1 .5-.5h2V0H2Zm2 10.5H2a.5.5 0 0 1-.5-.5V8H0v2a2 2 0 0 0 2 2h2v-1.5ZM8 12v-1.5h2a.5.5 0 0 0 .5-.5V8H12v2a2 2 0 0 1-2 2H8Zm2-12a2 2 0 0 1 2 2v2h-1.5V2a.5.5 0 0 0-.5-.5H8V0h2Z\" \/>\n\t\t\t<\/svg>\n\t\t<\/button><\/figure>\n\n\n\n<h3 class=\"wp-block-heading\"><span class=\"ez-toc-section\" id=\"1_Bezposrednie_loty_Warszawa_%E2%80%93_Barcelona_i_kto_je_obsluguje\"><\/span>1. Bezpo\u015brednie loty Warszawa \u2013 Barcelona i kto je obs\u0142uguje<span class=\"ez-toc-section-end\"><\/span><\/h3>\n\n\n\n<p class=\"wp-block-paragraph\">Dotarcie z Polski do katalo\u0144skiej metropolii nigdy nie by\u0142o prostsze, bo powietrzna autostrada na tej trasie dzia\u0142a w 2026 roku na pe\u0142nych obrotach. Barcelona w Hiszpanii jest jednym z najpopularniejszych kierunk\u00f3w w\u015br\u00f3d polskich podr\u00f3\u017cnych, a bezpo\u015brednie po\u0142\u0105czenia z Warszawy obs\u0142uguje kilku przewo\u017anik\u00f3w. Lot z Warszawy trwa oko\u0142o 3 godzin, a przez sezon letni masz do wyboru zwykle kilka odlot\u00f3w dziennie z r\u00f3\u017cnych polskich lotnisk.<\/p>\n\n\n\n<p class=\"wp-block-paragraph\">Rynek dziel\u0105 mi\u0119dzy siebie g\u0142\u00f3wni gracze, kt\u00f3rzy ostro walcz\u0105 o ka\u017cdego pasa\u017cera. Bezpo\u015brednie loty z Polski oferuj\u0105 mi\u0119dzy innymi <strong>hiszpa\u0144ski Vueling, irlandzki Ryanair, w\u0119gierski Wizz Air oraz polski LOT<\/strong>. Pierwsze poranne maszyny odrywaj\u0105 si\u0119 od pasa ju\u017c wcze\u015bnie rano, co jest absolutnie idealne dla podr\u00f3\u017cnych, kt\u00f3rzy chc\u0105 zd\u0105\u017cy\u0107 na popo\u0142udniow\u0105 kaw\u0119 prosto na pla\u017cy. Je\u015bli z kolei wolisz podr\u00f3\u017cowa\u0107 dopiero po pracy, ostatnie wieczorne rejsy startuj\u0105 p\u00f3\u017anym popo\u0142udniem i do \u0142\u00f3\u017cka wskoczysz tu\u017c po p\u00f3\u0142nocy.<\/p>\n\n\n\n<p class=\"wp-block-paragraph\">Konkurencja na szcz\u0119\u015bcie spycha ceny w d\u00f3\u0142 i daje ci ogromn\u0105 swobod\u0119 w planowaniu, ale jednocze\u015bnie wymaga sporej czujno\u015bci przy wyborze konkretnego przewo\u017anika. Ka\u017cda linia ma bowiem <strong>zupe\u0142nie inne zasady dotycz\u0105ce baga\u017cu i ukryte op\u0142aty<\/strong>, kt\u00f3re mog\u0105 nieprzyjemnie podnie\u015b\u0107 cen\u0119 biletu.<\/p>\n\n\n\n<p class=\"wp-block-paragraph\">\ud83d\udca1 Wskaz\u00f3wka: Zawsze dok\u0142adnie sprawd\u017a, z kt\u00f3rego lotniska w Polsce w\u0142a\u015bciwie lecisz, bo <strong>tanie linie cz\u0119sto odprawiaj\u0105 z r\u00f3\u017cnych miejsc<\/strong>, a zamieszanie na lotnisku mo\u017ce ci\u0119 kosztowa\u0107 sporo nerw\u00f3w, a tak\u017ce pieni\u0119dzy na taks\u00f3wki.<\/p>\n\n\n\n<figure data-wp-context=\"{&quot;imageId&quot;:&quot;6a9544c324b0a&quot;}\" data-wp-interactive=\"core\/image\" data-wp-key=\"6a9544c324b0a\" class=\"wp-block-image size-full wp-lightbox-container\"><img decoding=\"async\" width=\"1600\" height=\"1067\" data-wp-class--hide=\"state.isContentHidden\" data-wp-class--show=\"state.isContentVisible\" data-wp-init=\"callbacks.setButtonStyles\" data-wp-on--click=\"actions.showLightbox\" data-wp-on--load=\"callbacks.setButtonStyles\" data-wp-on--pointerdown=\"actions.preloadImage\" data-wp-on--pointerenter=\"actions.preloadImageWithDelay\" data-wp-on--pointerleave=\"actions.cancelPreload\" data-wp-on-window--resize=\"callbacks.setButtonStyles\" src=\"https:\/\/loudavymkrokem.cz\/wp-content\/uploads\/2026\/08\/barcelona-vlak-r2-nord-je-nejlevnejsi-zachrana-px.jpg\" alt=\"Historyczny budynek dworca w Hiszpanii\" class=\"wp-image-376455\" title=\"\" srcset=\"https:\/\/loudavymkrokem.cz\/wp-content\/uploads\/2026\/08\/barcelona-vlak-r2-nord-je-nejlevnejsi-zachrana-px.jpg 1600w, https:\/\/loudavymkrokem.cz\/wp-content\/uploads\/2026\/08\/barcelona-vlak-r2-nord-je-nejlevnejsi-zachrana-px-300x200.jpg 300w, https:\/\/loudavymkrokem.cz\/wp-content\/uploads\/2026\/08\/barcelona-vlak-r2-nord-je-nejlevnejsi-zachrana-px-700x467.jpg 700w, https:\/\/loudavymkrokem.cz\/wp-content\/uploads\/2026\/08\/barcelona-vlak-r2-nord-je-nejlevnejsi-zachrana-px-768x512.jpg 768w, https:\/\/loudavymkrokem.cz\/wp-content\/uploads\/2026\/08\/barcelona-vlak-r2-nord-je-nejlevnejsi-zachrana-px-1536x1024.jpg 1536w, https:\/\/loudavymkrokem.cz\/wp-content\/uploads\/2026\/08\/barcelona-vlak-r2-nord-je-nejlevnejsi-zachrana-px-696x464.jpg 696w, https:\/\/loudavymkrokem.cz\/wp-content\/uploads\/2026\/08\/barcelona-vlak-r2-nord-je-nejlevnejsi-zachrana-px-1392x928.jpg 1392w\" sizes=\"(max-width: 1600px) 100vw, 1600px\" \/><button\n\t\t\tclass=\"lightbox-trigger\"\n\t\t\ttype=\"button\"\n\t\t\taria-haspopup=\"dialog\"\n\t\t\tdata-wp-bind--aria-label=\"state.thisImage.triggerButtonAriaLabel\"\n\t\t\tdata-wp-init=\"callbacks.initTriggerButton\"\n\t\t\tdata-wp-on--click=\"actions.showLightbox\"\n\t\t\tdata-wp-style--right=\"state.thisImage.buttonRight\"\n\t\t\tdata-wp-style--top=\"state.thisImage.buttonTop\"\n\t\t>\n\t\t\t<svg xmlns=\"http:\/\/www.w3.org\/2000\/svg\" width=\"12\" height=\"12\" fill=\"none\" viewBox=\"0 0 12 12\">\n\t\t\t\t<path fill=\"#fff\" d=\"M2 0a2 2 0 0 0-2 2v2h1.5V2a.5.5 0 0 1 .5-.5h2V0H2Zm2 10.5H2a.5.5 0 0 1-.5-.5V8H0v2a2 2 0 0 0 2 2h2v-1.5ZM8 12v-1.5h2a.5.5 0 0 0 .5-.5V8H12v2a2 2 0 0 1-2 2H8Zm2-12a2 2 0 0 1 2 2v2h-1.5V2a.5.5 0 0 0-.5-.5H8V0h2Z\" \/>\n\t\t\t<\/svg>\n\t\t<\/button><\/figure>\n\n\n\n<h3 class=\"wp-block-heading\"><span class=\"ez-toc-section\" id=\"2_Orientacyjne_ceny_biletow_lotniczych_i_kiedy_je_kupowac\"><\/span>2. Orientacyjne ceny bilet\u00f3w lotniczych i kiedy je kupowa\u0107<span class=\"ez-toc-section-end\"><\/span><\/h3>\n\n\n\n<p class=\"wp-block-paragraph\">Kiedy zaczniesz szuka\u0107 bilet\u00f3w do Barcelony, wyszukiwarki prawdopodobnie wysypi\u0105 przed tob\u0105 niesamowicie kusz\u0105ce liczby, wobec kt\u00f3rych po prostu musisz zachowa\u0107 spor\u0105 ostro\u017cno\u015b\u0107. Znane por\u00f3wnywarki potrafi\u0105 pokaza\u0107 <strong>najta\u0144sze bilety ju\u017c od oko\u0142o 230 z\u0142<\/strong>, a niekt\u00f3rzy przewo\u017anicy reklamuj\u0105 regularne po\u0142\u0105czenia od podobnych kwot. Brzmi to jak spe\u0142nione marzenie o tanim urlopie, ale realia sezonu letniego le\u017c\u0105 niestety zupe\u0142nie gdzie indziej.<\/p>\n\n\n\n<p class=\"wp-block-paragraph\">Nie daj si\u0119 nabra\u0107 na marketingowe ulotki, bo te magiczne kwoty obowi\u0105zuj\u0105 zwykle tylko w najmniej atrakcyjnych terminach w \u015brodku ponurego listopada. Portale podaj\u0105 jako <strong>\u015bredni\u0105 cen\u0119 biletu z Polski do Barcelony kwot\u0119 oko\u0142o 420 z\u0142<\/strong>, przy czym wci\u0105\u017c m\u00f3wimy tylko o jednym kierunku i ca\u0142kowicie bez jakiegokolwiek baga\u017cu. Gdy tylko w lipcu lub sierpniu do\u0142o\u017cysz klasyczn\u0105 walizk\u0119 podr\u0119czn\u0105 i b\u0119dziesz chcie\u0107 siedzie\u0107 obok partnera, licz si\u0119 raczej z kwot\u0105 przekraczaj\u0105c\u0105 630 z\u0142 za jedn\u0105 podr\u00f3\u017c.<\/p>\n\n\n\n<p class=\"wp-block-paragraph\">Najgorszym b\u0142\u0119dem jest kupowanie bilet\u00f3w na ostatni\u0105 chwil\u0119, kiedy ceny tanich linii wystrzelaj\u0105 spokojnie do trzykrotno\u015bci swojej zwyk\u0142ej warto\u015bci. <strong>Idealny czas na zakup to mniej wi\u0119cej dwa do trzech miesi\u0119cy przed odlotem<\/strong>, kiedy linie nie maj\u0105 jeszcze zape\u0142nionej pojemno\u015bci i oferuj\u0105 rozs\u0105dne taryfy dla zwyk\u0142ych \u015bmiertelnik\u00f3w.<\/p>\n\n\n\n<p class=\"wp-block-paragraph\">\ud83d\udca1 Wskaz\u00f3wka: Je\u015bli jeste\u015b elastyczny z terminem urlopu, spr\u00f3buj lecie\u0107 w \u015brodku tygodnia zamiast w pi\u0105tek wieczorem, bo <strong>loty wtorkowe i \u015brodowe statystycznie bywaj\u0105 najta\u0144sze<\/strong> z ca\u0142ego tygodnia, a zaoszcz\u0119dzisz r\u00f3wnie\u017c na noclegu.<\/p>\n\n\n\n<figure data-wp-context=\"{&quot;imageId&quot;:&quot;6a9544c32544b&quot;}\" data-wp-interactive=\"core\/image\" data-wp-key=\"6a9544c32544b\" class=\"wp-block-image size-full wp-lightbox-container\"><img decoding=\"async\" width=\"1600\" height=\"900\" data-wp-class--hide=\"state.isContentHidden\" data-wp-class--show=\"state.isContentVisible\" data-wp-init=\"callbacks.setButtonStyles\" data-wp-on--click=\"actions.showLightbox\" data-wp-on--load=\"callbacks.setButtonStyles\" data-wp-on--pointerdown=\"actions.preloadImage\" data-wp-on--pointerenter=\"actions.preloadImageWithDelay\" data-wp-on--pointerleave=\"actions.cancelPreload\" data-wp-on-window--resize=\"callbacks.setButtonStyles\" src=\"https:\/\/loudavymkrokem.cz\/wp-content\/uploads\/2026\/08\/barcelona-ryanair-a-nizkonakladove-pasti-se-za-px.jpg\" alt=\"Samolot Ryanair podczas startu\" class=\"wp-image-376473\" title=\"\" srcset=\"https:\/\/loudavymkrokem.cz\/wp-content\/uploads\/2026\/08\/barcelona-ryanair-a-nizkonakladove-pasti-se-za-px.jpg 1600w, https:\/\/loudavymkrokem.cz\/wp-content\/uploads\/2026\/08\/barcelona-ryanair-a-nizkonakladove-pasti-se-za-px-300x169.jpg 300w, https:\/\/loudavymkrokem.cz\/wp-content\/uploads\/2026\/08\/barcelona-ryanair-a-nizkonakladove-pasti-se-za-px-700x394.jpg 700w, https:\/\/loudavymkrokem.cz\/wp-content\/uploads\/2026\/08\/barcelona-ryanair-a-nizkonakladove-pasti-se-za-px-768x432.jpg 768w, https:\/\/loudavymkrokem.cz\/wp-content\/uploads\/2026\/08\/barcelona-ryanair-a-nizkonakladove-pasti-se-za-px-1536x864.jpg 1536w, https:\/\/loudavymkrokem.cz\/wp-content\/uploads\/2026\/08\/barcelona-ryanair-a-nizkonakladove-pasti-se-za-px-696x392.jpg 696w, https:\/\/loudavymkrokem.cz\/wp-content\/uploads\/2026\/08\/barcelona-ryanair-a-nizkonakladove-pasti-se-za-px-1392x783.jpg 1392w\" sizes=\"(max-width: 1600px) 100vw, 1600px\" \/><button\n\t\t\tclass=\"lightbox-trigger\"\n\t\t\ttype=\"button\"\n\t\t\taria-haspopup=\"dialog\"\n\t\t\tdata-wp-bind--aria-label=\"state.thisImage.triggerButtonAriaLabel\"\n\t\t\tdata-wp-init=\"callbacks.initTriggerButton\"\n\t\t\tdata-wp-on--click=\"actions.showLightbox\"\n\t\t\tdata-wp-style--right=\"state.thisImage.buttonRight\"\n\t\t\tdata-wp-style--top=\"state.thisImage.buttonTop\"\n\t\t>\n\t\t\t<svg xmlns=\"http:\/\/www.w3.org\/2000\/svg\" width=\"12\" height=\"12\" fill=\"none\" viewBox=\"0 0 12 12\">\n\t\t\t\t<path fill=\"#fff\" d=\"M2 0a2 2 0 0 0-2 2v2h1.5V2a.5.5 0 0 1 .5-.5h2V0H2Zm2 10.5H2a.5.5 0 0 1-.5-.5V8H0v2a2 2 0 0 0 2 2h2v-1.5ZM8 12v-1.5h2a.5.5 0 0 0 .5-.5V8H12v2a2 2 0 0 1-2 2H8Zm2-12a2 2 0 0 1 2 2v2h-1.5V2a.5.5 0 0 0-.5-.5H8V0h2Z\" \/>\n\t\t\t<\/svg>\n\t\t<\/button><figcaption class=\"wp-element-caption\">Foto: Grzegorz  Lewandowski \/ Pexels<\/figcaption><\/figure>\n\n\n\n<h3 class=\"wp-block-heading\"><span class=\"ez-toc-section\" id=\"3_Ryanair_i_pulapki_bagazowe_tanich_linii\"><\/span>3. Ryanair i pu\u0142apki baga\u017cowe tanich linii<span class=\"ez-toc-section-end\"><\/span><\/h3>\n\n\n\n<p class=\"wp-block-paragraph\">Kupujesz bilet za dwie st\u00f3wki i masz cudowne uczucie, \u017ce w ko\u0144cu przechytrzy\u0142e\u015b ca\u0142y system transportu lotniczego. Potem jednak podchodzisz do bramki, a irlandzka linia wystawia ci rachunek, po kt\u00f3rym m\u00f3wi\u0105c kolokwialnie wywracaj\u0105 ci si\u0119 oczy. Zw\u0142aszcza u Ryanaira <strong>polityka baga\u017cowa to twarda gra<\/strong>, celowo nastawiona na najmniejsze b\u0142\u0119dy nieuwa\u017cnych pasa\u017cer\u00f3w.<\/p>\n\n\n\n<p class=\"wp-block-paragraph\">W cenie podstawowej biletu masz bowiem dozwolon\u0105 tylko ma\u0142\u0105 torb\u0119 osobist\u0105, kt\u00f3rej <strong>wymiary s\u0105 \u015bci\u015ble ograniczone do 40 \u00d7 20 \u00d7 25 centymetr\u00f3w<\/strong>. Ten ma\u0142y plecaczek musi bezwzgl\u0119dnie zmie\u015bci\u0107 si\u0119 pod fotelem przed tob\u0105, a obs\u0142uga lotniska cz\u0119sto zupe\u0142nie bezkompromisowo mierzy go przy bramce. Je\u015bli chcesz zabra\u0107 klasyczn\u0105 walizk\u0119 podr\u0119czn\u0105 do dziesi\u0119ciu kilogram\u00f3w o wymiarach 55 \u00d7 40 \u00d7 20 centymetr\u00f3w, musisz ju\u017c przy zakupie biletu dop\u0142aci\u0107 za us\u0142ug\u0119 Priority.<\/p>\n\n\n\n<p class=\"wp-block-paragraph\">Tutaj zwykle zatrzaskuje si\u0119 pu\u0142apka na wszystkich, kt\u00f3rzy nie czytaj\u0105 zasad do samego ko\u0144ca. Kto nie kupi Priority na czas i przyjdzie z wi\u0119ksz\u0105 walizk\u0105 dopiero do bramki, <strong>zap\u0142aci na miejscu tward\u0105 kar\u0119 35 \u20ac (ok. 155 z\u0142)<\/strong> za niezgodny z zasadami baga\u017c. Je\u015bli twoja walizka jest nawet wi\u0119ksza od dozwolonych limit\u00f3w, ta kara natychmiast wystrzela do niebotycznych 69,99 \u20ac (ok. 310 z\u0142).<\/p>\n\n\n\n<p class=\"wp-block-paragraph\">\ud83d\udca1 Wskaz\u00f3wka: Zawsze zmierz plecak jeszcze w domu miark\u0105 i nie licz na to, \u017ce <strong>jako\u015b niepostrze\u017cenie przemycisz go przy bramce<\/strong>, bo wyrywkowe kontrole wymiar\u00f3w s\u0105 przy lotach do Hiszpanii wyj\u0105tkowo cz\u0119ste.<\/p>\n\n\n\n<figure data-wp-context=\"{&quot;imageId&quot;:&quot;6a9544c325cf7&quot;}\" data-wp-interactive=\"core\/image\" data-wp-key=\"6a9544c325cf7\" class=\"wp-block-image size-full wp-lightbox-container\"><img decoding=\"async\" width=\"1600\" height=\"1067\" data-wp-class--hide=\"state.isContentHidden\" data-wp-class--show=\"state.isContentVisible\" data-wp-init=\"callbacks.setButtonStyles\" data-wp-on--click=\"actions.showLightbox\" data-wp-on--load=\"callbacks.setButtonStyles\" data-wp-on--pointerdown=\"actions.preloadImage\" data-wp-on--pointerenter=\"actions.preloadImageWithDelay\" data-wp-on--pointerleave=\"actions.cancelPreload\" data-wp-on-window--resize=\"callbacks.setButtonStyles\" src=\"https:\/\/loudavymkrokem.cz\/wp-content\/uploads\/2026\/08\/barcelona-vueling-a-jejich-odstupnovana-kila-px.jpg\" alt=\"Samoloty na p\u0142ycie postojowej lotniska Barcelona El Prat\" class=\"wp-image-376474\" title=\"\" srcset=\"https:\/\/loudavymkrokem.cz\/wp-content\/uploads\/2026\/08\/barcelona-vueling-a-jejich-odstupnovana-kila-px.jpg 1600w, https:\/\/loudavymkrokem.cz\/wp-content\/uploads\/2026\/08\/barcelona-vueling-a-jejich-odstupnovana-kila-px-300x200.jpg 300w, https:\/\/loudavymkrokem.cz\/wp-content\/uploads\/2026\/08\/barcelona-vueling-a-jejich-odstupnovana-kila-px-700x467.jpg 700w, https:\/\/loudavymkrokem.cz\/wp-content\/uploads\/2026\/08\/barcelona-vueling-a-jejich-odstupnovana-kila-px-768x512.jpg 768w, https:\/\/loudavymkrokem.cz\/wp-content\/uploads\/2026\/08\/barcelona-vueling-a-jejich-odstupnovana-kila-px-1536x1024.jpg 1536w, https:\/\/loudavymkrokem.cz\/wp-content\/uploads\/2026\/08\/barcelona-vueling-a-jejich-odstupnovana-kila-px-696x464.jpg 696w, https:\/\/loudavymkrokem.cz\/wp-content\/uploads\/2026\/08\/barcelona-vueling-a-jejich-odstupnovana-kila-px-1392x928.jpg 1392w\" sizes=\"(max-width: 1600px) 100vw, 1600px\" \/><button\n\t\t\tclass=\"lightbox-trigger\"\n\t\t\ttype=\"button\"\n\t\t\taria-haspopup=\"dialog\"\n\t\t\tdata-wp-bind--aria-label=\"state.thisImage.triggerButtonAriaLabel\"\n\t\t\tdata-wp-init=\"callbacks.initTriggerButton\"\n\t\t\tdata-wp-on--click=\"actions.showLightbox\"\n\t\t\tdata-wp-style--right=\"state.thisImage.buttonRight\"\n\t\t\tdata-wp-style--top=\"state.thisImage.buttonTop\"\n\t\t>\n\t\t\t<svg xmlns=\"http:\/\/www.w3.org\/2000\/svg\" width=\"12\" height=\"12\" fill=\"none\" viewBox=\"0 0 12 12\">\n\t\t\t\t<path fill=\"#fff\" d=\"M2 0a2 2 0 0 0-2 2v2h1.5V2a.5.5 0 0 1 .5-.5h2V0H2Zm2 10.5H2a.5.5 0 0 1-.5-.5V8H0v2a2 2 0 0 0 2 2h2v-1.5ZM8 12v-1.5h2a.5.5 0 0 0 .5-.5V8H12v2a2 2 0 0 1-2 2H8Zm2-12a2 2 0 0 1 2 2v2h-1.5V2a.5.5 0 0 0-.5-.5H8V0h2Z\" \/>\n\t\t\t<\/svg>\n\t\t<\/button><figcaption class=\"wp-element-caption\">Foto: Noland Live \/ Pexels<\/figcaption><\/figure>\n\n\n\n<h3 class=\"wp-block-heading\"><span class=\"ez-toc-section\" id=\"4_Vueling_i_ich_stopniowane_kilogramy\"><\/span>4. Vueling i ich stopniowane kilogramy<span class=\"ez-toc-section-end\"><\/span><\/h3>\n\n\n\n<p class=\"wp-block-paragraph\">Hiszpa\u0144ska tania linia Vueling, kt\u00f3ra ma bezpo\u015brednio w Barcelonie swoj\u0105 najwi\u0119ksz\u0105 baz\u0119 g\u0142\u00f3wn\u0105, gra z pasa\u017cerami troch\u0119 inaczej i na pierwszy rzut oka przyja\u017aniej. Skupia si\u0119 bowiem na <strong>bardzo szczeg\u00f3\u0142owym stopniowaniu wagi baga\u017cu rejestrowanego<\/strong>, co teoretycznie daje ci \u015bwietn\u0105 mo\u017cliwo\u015b\u0107 zap\u0142acenia dok\u0142adnie za to, czego realnie potrzebujesz i co wykorzystasz.<\/p>\n\n\n\n<p class=\"wp-block-paragraph\">Je\u015bli podr\u00f3\u017cujesz lekko i nie musisz taszczy\u0107 zb\u0119dnych rzeczy, <strong>pi\u0119tnastokilogramow\u0105 walizk\u0119 kupisz w przedsprzeda\u017cy ju\u017c od oko\u0142o 35 z\u0142<\/strong>. Wi\u0119kszy dwudziestokilogramowy baga\u017c wyjdzie ci\u0119 mniej wi\u0119cej na 43 z\u0142, a za dwudziestopi\u0119ciokilogramow\u0105 walizk\u0119 zap\u0142acisz od oko\u0142o 64 z\u0142. Brzmi absolutnie fair i przejrzy\u015bcie dok\u0142adnie do momentu, a\u017c na lotnisku przekroczysz zakupiony limit cho\u0107by o jeden dodatkowy kilogram.<\/p>\n\n\n\n<p class=\"wp-block-paragraph\">Gdy tylko waga przy stanowisku odprawy poka\u017ce wi\u0119cej, ni\u017c masz oficjalnie zap\u0142acone, u\u015bmiechy obs\u0142ugi szybko znikaj\u0105, a <strong>nast\u0119puj\u0105 t\u0142uste op\u0142aty za nadwag\u0119 naliczane za ka\u017cdy kilogram<\/strong>. Dlatego zdecydowanie warto zwa\u017cy\u0107 pe\u0142n\u0105 walizk\u0119 jeszcze w domu na wadze osobistej i lepiej od razu kupi\u0107 o pi\u0119\u0107 kilogram\u00f3w wi\u0119ksz\u0105 rezerw\u0119 za par\u0119 z\u0142otych wi\u0119cej.<\/p>\n\n\n\n<p class=\"wp-block-paragraph\">\ud83d\udca1 Wskaz\u00f3wka: Vueling oferuje w dro\u017cszych taryfach mo\u017cliwo\u015b\u0107 bezp\u0142atnej zmiany lotu, co <strong>mo\u017ce si\u0119 przyda\u0107 przy nieprzewidywalnym planowaniu urlopu<\/strong>, kiedy plany rodzinne zmieniaj\u0105 si\u0119 dos\u0142ownie z dnia na dzie\u0144.<\/p>\n\n\n\n<figure data-wp-context=\"{&quot;imageId&quot;:&quot;6a9544c32650d&quot;}\" data-wp-interactive=\"core\/image\" data-wp-key=\"6a9544c32650d\" class=\"wp-block-image size-full wp-lightbox-container\"><img decoding=\"async\" width=\"1600\" height=\"900\" data-wp-class--hide=\"state.isContentHidden\" data-wp-class--show=\"state.isContentVisible\" data-wp-init=\"callbacks.setButtonStyles\" data-wp-on--click=\"actions.showLightbox\" data-wp-on--load=\"callbacks.setButtonStyles\" data-wp-on--pointerdown=\"actions.preloadImage\" data-wp-on--pointerenter=\"actions.preloadImageWithDelay\" data-wp-on--pointerleave=\"actions.cancelPreload\" data-wp-on-window--resize=\"callbacks.setButtonStyles\" src=\"https:\/\/loudavymkrokem.cz\/wp-content\/uploads\/2026\/08\/barcelona-pozor-na-letni-skrty-u-smartwings-px.jpg\" alt=\"Samolot na p\u0142ycie lotniska\" class=\"wp-image-376475\" title=\"\" srcset=\"https:\/\/loudavymkrokem.cz\/wp-content\/uploads\/2026\/08\/barcelona-pozor-na-letni-skrty-u-smartwings-px.jpg 1600w, https:\/\/loudavymkrokem.cz\/wp-content\/uploads\/2026\/08\/barcelona-pozor-na-letni-skrty-u-smartwings-px-300x169.jpg 300w, https:\/\/loudavymkrokem.cz\/wp-content\/uploads\/2026\/08\/barcelona-pozor-na-letni-skrty-u-smartwings-px-700x394.jpg 700w, https:\/\/loudavymkrokem.cz\/wp-content\/uploads\/2026\/08\/barcelona-pozor-na-letni-skrty-u-smartwings-px-768x432.jpg 768w, https:\/\/loudavymkrokem.cz\/wp-content\/uploads\/2026\/08\/barcelona-pozor-na-letni-skrty-u-smartwings-px-1536x864.jpg 1536w, https:\/\/loudavymkrokem.cz\/wp-content\/uploads\/2026\/08\/barcelona-pozor-na-letni-skrty-u-smartwings-px-696x392.jpg 696w, https:\/\/loudavymkrokem.cz\/wp-content\/uploads\/2026\/08\/barcelona-pozor-na-letni-skrty-u-smartwings-px-1392x783.jpg 1392w\" sizes=\"(max-width: 1600px) 100vw, 1600px\" \/><button\n\t\t\tclass=\"lightbox-trigger\"\n\t\t\ttype=\"button\"\n\t\t\taria-haspopup=\"dialog\"\n\t\t\tdata-wp-bind--aria-label=\"state.thisImage.triggerButtonAriaLabel\"\n\t\t\tdata-wp-init=\"callbacks.initTriggerButton\"\n\t\t\tdata-wp-on--click=\"actions.showLightbox\"\n\t\t\tdata-wp-style--right=\"state.thisImage.buttonRight\"\n\t\t\tdata-wp-style--top=\"state.thisImage.buttonTop\"\n\t\t>\n\t\t\t<svg xmlns=\"http:\/\/www.w3.org\/2000\/svg\" width=\"12\" height=\"12\" fill=\"none\" viewBox=\"0 0 12 12\">\n\t\t\t\t<path fill=\"#fff\" d=\"M2 0a2 2 0 0 0-2 2v2h1.5V2a.5.5 0 0 1 .5-.5h2V0H2Zm2 10.5H2a.5.5 0 0 1-.5-.5V8H0v2a2 2 0 0 0 2 2h2v-1.5ZM8 12v-1.5h2a.5.5 0 0 0 .5-.5V8H12v2a2 2 0 0 1-2 2H8Zm2-12a2 2 0 0 1 2 2v2h-1.5V2a.5.5 0 0 0-.5-.5H8V0h2Z\" \/>\n\t\t\t<\/svg>\n\t\t<\/button><figcaption class=\"wp-element-caption\">Foto: Dan Wright \/ Pexels<\/figcaption><\/figure>\n\n\n\n<h3 class=\"wp-block-heading\"><span class=\"ez-toc-section\" id=\"5_Uwaga_na_letnie_ciecia_w_rozkladach\"><\/span>5. Uwaga na letnie ci\u0119cia w rozk\u0142adach<span class=\"ez-toc-section-end\"><\/span><\/h3>\n\n\n\n<p class=\"wp-block-paragraph\">Wielu polskich podr\u00f3\u017cnych traktuje niekt\u00f3re linie jako pewniaka, ale w 2026 roku przy rezerwacji urlopu musisz by\u0107 wyj\u0105tkowo czujny. Wed\u0142ug oficjalnych informacji niekt\u00f3rzy przewo\u017anicy w sezonie letnim <strong>znacznie ograniczyli cz\u0119stotliwo\u015b\u0107 na kilku popularnych trasach<\/strong>, a po\u0142\u0105czenia do niekt\u00f3rych miast ca\u0142kowicie zlikwidowali.<\/p>\n\n\n\n<p class=\"wp-block-paragraph\">Cho\u0107 Barcelona na szcz\u0119\u015bcie nie znalaz\u0142a si\u0119 w\u015br\u00f3d oficjalnie odwo\u0142ywanych po\u0142\u0105cze\u0144 i przewo\u017anicy nadal tu lataj\u0105, jest to wyra\u017any sygna\u0142, \u017ce <strong>letnie rozk\u0142ady lot\u00f3w mog\u0105 si\u0119 bardzo dynamicznie zmienia\u0107<\/strong> w zale\u017cno\u015bci od aktualnego ob\u0142o\u017cenia. Nie ma nic gorszego ni\u017c zarezerwowa\u0107 drogi hotel przy pla\u017cy i kilka tygodni przed odlotem dowiedzie\u0107 si\u0119, \u017ce tw\u00f3j wtorkowy lot zosta\u0142 nagle przesuni\u0119ty na czwartek rano.<\/p>\n\n\n\n<p class=\"wp-block-paragraph\">Wszystkie orientacyjne godziny i konkretne dni odlot\u00f3w <strong>zawsze dok\u0142adnie sprawd\u017a bezpo\u015brednio na oficjalnej stronie przewo\u017anika<\/strong> tu\u017c przed finalnym zakupem biletu. Nigdy nie polegaj tylko na starszych danych z du\u017cych wyszukiwarek bilet\u00f3w, kt\u00f3re mog\u0105 mie\u0107 drobne op\u00f3\u017anienie w aktualizacji swoich system\u00f3w i oferowa\u0107 nieistniej\u0105ce loty.<\/p>\n\n\n\n<p class=\"wp-block-paragraph\">\ud83d\udca1 Wskaz\u00f3wka: Je\u015bli linia odwo\u0142a ci lot mniej ni\u017c czterna\u015bcie dni przed odlotem, <strong>zgodnie z europejskimi przepisami masz prawo do hojnej rekompensaty finansowej<\/strong>, wi\u0119c koniecznie dopilnuj swoich praw.<\/p>\n\n\n\n<figure data-wp-context=\"{&quot;imageId&quot;:&quot;6a9544c326dca&quot;}\" data-wp-interactive=\"core\/image\" data-wp-key=\"6a9544c326dca\" class=\"wp-block-image size-full wp-lightbox-container\"><img decoding=\"async\" width=\"2000\" height=\"1333\" data-wp-class--hide=\"state.isContentHidden\" data-wp-class--show=\"state.isContentVisible\" data-wp-init=\"callbacks.setButtonStyles\" data-wp-on--click=\"actions.showLightbox\" data-wp-on--load=\"callbacks.setButtonStyles\" data-wp-on--pointerdown=\"actions.preloadImage\" data-wp-on--pointerenter=\"actions.preloadImageWithDelay\" data-wp-on--pointerleave=\"actions.cancelPreload\" data-wp-on-window--resize=\"callbacks.setButtonStyles\" src=\"https:\/\/loudavymkrokem.cz\/wp-content\/uploads\/2026\/08\/barcelona-strecha-vyhled.jpg\" alt=\"Widok na dachy starego miasta Barcelony z tarasu na dachu\" class=\"wp-image-376351\" title=\"\" srcset=\"https:\/\/loudavymkrokem.cz\/wp-content\/uploads\/2026\/08\/barcelona-strecha-vyhled.jpg 2000w, https:\/\/loudavymkrokem.cz\/wp-content\/uploads\/2026\/08\/barcelona-strecha-vyhled-300x200.jpg 300w, https:\/\/loudavymkrokem.cz\/wp-content\/uploads\/2026\/08\/barcelona-strecha-vyhled-700x467.jpg 700w, https:\/\/loudavymkrokem.cz\/wp-content\/uploads\/2026\/08\/barcelona-strecha-vyhled-768x512.jpg 768w, https:\/\/loudavymkrokem.cz\/wp-content\/uploads\/2026\/08\/barcelona-strecha-vyhled-1536x1024.jpg 1536w, https:\/\/loudavymkrokem.cz\/wp-content\/uploads\/2026\/08\/barcelona-strecha-vyhled-696x464.jpg 696w, https:\/\/loudavymkrokem.cz\/wp-content\/uploads\/2026\/08\/barcelona-strecha-vyhled-1392x928.jpg 1392w, https:\/\/loudavymkrokem.cz\/wp-content\/uploads\/2026\/08\/barcelona-strecha-vyhled-1920x1280.jpg 1920w\" sizes=\"(max-width: 2000px) 100vw, 2000px\" \/><button\n\t\t\tclass=\"lightbox-trigger\"\n\t\t\ttype=\"button\"\n\t\t\taria-haspopup=\"dialog\"\n\t\t\tdata-wp-bind--aria-label=\"state.thisImage.triggerButtonAriaLabel\"\n\t\t\tdata-wp-init=\"callbacks.initTriggerButton\"\n\t\t\tdata-wp-on--click=\"actions.showLightbox\"\n\t\t\tdata-wp-style--right=\"state.thisImage.buttonRight\"\n\t\t\tdata-wp-style--top=\"state.thisImage.buttonTop\"\n\t\t>\n\t\t\t<svg xmlns=\"http:\/\/www.w3.org\/2000\/svg\" width=\"12\" height=\"12\" fill=\"none\" viewBox=\"0 0 12 12\">\n\t\t\t\t<path fill=\"#fff\" d=\"M2 0a2 2 0 0 0-2 2v2h1.5V2a.5.5 0 0 1 .5-.5h2V0H2Zm2 10.5H2a.5.5 0 0 1-.5-.5V8H0v2a2 2 0 0 0 2 2h2v-1.5ZM8 12v-1.5h2a.5.5 0 0 0 .5-.5V8H12v2a2 2 0 0 1-2 2H8Zm2-12a2 2 0 0 1 2 2v2h-1.5V2a.5.5 0 0 0-.5-.5H8V0h2Z\" \/>\n\t\t\t<\/svg>\n\t\t<\/button><\/figure>\n\n\n\n<h3 class=\"wp-block-heading\"><span class=\"ez-toc-section\" id=\"6_Falszywe_lotniska_Girona_i_Reus\"><\/span>6. Fa\u0142szywe lotniska Girona i Reus<span class=\"ez-toc-section-end\"><\/span><\/h3>\n\n\n\n<p class=\"wp-block-paragraph\">Przez d\u0142ugie lata obowi\u0105zywa\u0142a jedna bardzo zdradliwa zasada, \u017ce najta\u0144sze bilety z wielkim napisem \u201eBarcelona\u201d w rzeczywisto\u015bci wcale nie wioz\u0142y ci\u0119 do Barcelony. Tanie linie bardzo ch\u0119tnie wykorzystuj\u0105 bowiem <strong>lotnisko Girona\u2013Costa Brava na p\u00f3\u0142nocy oraz lotnisko Reus na po\u0142udniu<\/strong>, przy czym oba le\u017c\u0105 mniej wi\u0119cej sto kilometr\u00f3w od samej katalo\u0144skiej metropolii i wymagaj\u0105 dalszego transportu.<\/p>\n\n\n\n<p class=\"wp-block-paragraph\">Zasadnicze ostrze\u017cenie na 2026 rok polega na tym, \u017ce <strong>bezpo\u015brednie loty z Polski do Girony lub Reusu w letnich rozk\u0142adach w og\u00f3le si\u0119 nie pojawiaj\u0105<\/strong>. Wyszukiwarki mog\u0105 wprawdzie pokazywa\u0107 po\u0142\u0105czenia z kusz\u0105cymi cenami, ale po rozwini\u0119ciu okazuje si\u0119, \u017ce zawsze chodzi o bardzo mozolne loty z przesiadk\u0105, kt\u00f3re przy kr\u00f3tkim urlopie nie maj\u0105 \u017cadnego sensu.<\/p>\n\n\n\n<p class=\"wp-block-paragraph\">Nawet je\u015bli znajdziesz jaki\u015b taki lot przez inne miasto, dobrze policz sobie z g\u00f3ry brutaln\u0105 pu\u0142apk\u0119 transferow\u0105. Autobusy linii 604 firmy Sagal\u00e9s z Girony na dworzec Estaci\u00f3 del Nord <strong>kosztuj\u0105 22 \u20ac (ok. 100 z\u0142) w jedn\u0105 stron\u0119<\/strong>, a podr\u00f3\u017c trwa ponad godzin\u0119 i pi\u0119tna\u015bcie minut. Z Reusu z kolei je\u017adzi firma Hispano Igualadina za orientacyjnie 15 \u20ac w jedn\u0105 stron\u0119, a podr\u00f3\u017c wyd\u0142u\u017ca si\u0119 do godziny i dwudziestu minut. Te autobusy wprawdzie czekaj\u0105 na przyloty, ale w drodze powrotnej musisz sam pilnie sprawdza\u0107 po\u0142\u0105czenie.<\/p>\n\n\n\n<p class=\"wp-block-paragraph\">\ud83d\udca1 Wskaz\u00f3wka: Te odleg\u0142e lotniska maj\u0105 logiczny sens jedynie wtedy, gdy <strong>tw\u00f3j urlop zmierza przede wszystkim na pla\u017ce Costa Brava lub do parku rozrywki PortAventura<\/strong>, w innym razie omijaj je szerokim \u0142ukiem.<\/p>\n\n\n\n<figure data-wp-context=\"{&quot;imageId&quot;:&quot;6a9544c327504&quot;}\" data-wp-interactive=\"core\/image\" data-wp-key=\"6a9544c327504\" class=\"wp-block-image size-full wp-lightbox-container\"><img decoding=\"async\" width=\"1600\" height=\"1065\" data-wp-class--hide=\"state.isContentHidden\" data-wp-class--show=\"state.isContentVisible\" data-wp-init=\"callbacks.setButtonStyles\" data-wp-on--click=\"actions.showLightbox\" data-wp-on--load=\"callbacks.setButtonStyles\" data-wp-on--pointerdown=\"actions.preloadImage\" data-wp-on--pointerenter=\"actions.preloadImageWithDelay\" data-wp-on--pointerleave=\"actions.cancelPreload\" data-wp-on-window--resize=\"callbacks.setButtonStyles\" src=\"https:\/\/loudavymkrokem.cz\/wp-content\/uploads\/2026\/08\/barcelona-den-1-a-2-to-nejdulezitejsi-z-metrop-px.jpg\" alt=\"Peron barcelo\u0144skiego metra\" class=\"wp-image-376542\" title=\"\" srcset=\"https:\/\/loudavymkrokem.cz\/wp-content\/uploads\/2026\/08\/barcelona-den-1-a-2-to-nejdulezitejsi-z-metrop-px.jpg 1600w, https:\/\/loudavymkrokem.cz\/wp-content\/uploads\/2026\/08\/barcelona-den-1-a-2-to-nejdulezitejsi-z-metrop-px-300x200.jpg 300w, https:\/\/loudavymkrokem.cz\/wp-content\/uploads\/2026\/08\/barcelona-den-1-a-2-to-nejdulezitejsi-z-metrop-px-700x466.jpg 700w, https:\/\/loudavymkrokem.cz\/wp-content\/uploads\/2026\/08\/barcelona-den-1-a-2-to-nejdulezitejsi-z-metrop-px-768x511.jpg 768w, https:\/\/loudavymkrokem.cz\/wp-content\/uploads\/2026\/08\/barcelona-den-1-a-2-to-nejdulezitejsi-z-metrop-px-1536x1022.jpg 1536w, https:\/\/loudavymkrokem.cz\/wp-content\/uploads\/2026\/08\/barcelona-den-1-a-2-to-nejdulezitejsi-z-metrop-px-696x463.jpg 696w, https:\/\/loudavymkrokem.cz\/wp-content\/uploads\/2026\/08\/barcelona-den-1-a-2-to-nejdulezitejsi-z-metrop-px-1392x927.jpg 1392w\" sizes=\"(max-width: 1600px) 100vw, 1600px\" \/><button\n\t\t\tclass=\"lightbox-trigger\"\n\t\t\ttype=\"button\"\n\t\t\taria-haspopup=\"dialog\"\n\t\t\tdata-wp-bind--aria-label=\"state.thisImage.triggerButtonAriaLabel\"\n\t\t\tdata-wp-init=\"callbacks.initTriggerButton\"\n\t\t\tdata-wp-on--click=\"actions.showLightbox\"\n\t\t\tdata-wp-style--right=\"state.thisImage.buttonRight\"\n\t\t\tdata-wp-style--top=\"state.thisImage.buttonTop\"\n\t\t>\n\t\t\t<svg xmlns=\"http:\/\/www.w3.org\/2000\/svg\" width=\"12\" height=\"12\" fill=\"none\" viewBox=\"0 0 12 12\">\n\t\t\t\t<path fill=\"#fff\" d=\"M2 0a2 2 0 0 0-2 2v2h1.5V2a.5.5 0 0 1 .5-.5h2V0H2Zm2 10.5H2a.5.5 0 0 1-.5-.5V8H0v2a2 2 0 0 0 2 2h2v-1.5ZM8 12v-1.5h2a.5.5 0 0 0 .5-.5V8H12v2a2 2 0 0 1-2 2H8Zm2-12a2 2 0 0 1 2 2v2h-1.5V2a.5.5 0 0 0-.5-.5H8V0h2Z\" \/>\n\t\t\t<\/svg>\n\t\t<\/button><\/figure>\n\n\n\n<!-- LKM_GYG_CARD start q=\"letenky barcelona\" lang=\"pl\" rendered=\"2026-08-31T07:22:10+00:00\" v=\"1\" -->\n\n<!-- LKM_GYG_CARD end -->\n\n\n\n\n<div class=\"lk-stays-module\">\n<style>\n\/* \u2500\u2500\u2500 RESET PRO GUTENBERG \u2500\u2500\u2500 *\/\n.lk-stays-module * { box-sizing: border-box; margin: 0; padding: 0; }\n\n\/* \u2500\u2500\u2500 WRAPPER \u2500\u2500\u2500 *\/\n.lk-stays-module {\n  font-family: 'DM Sans', Georgia, sans-serif;\n  max-width: 100%;\n  margin: 2.5rem auto;\n  background: linear-gradient(135deg, #fdfaf5 0%, #fcf8f0 100%);\n  border: 1px solid #e8dfd4;\n  border-radius: 16px;\n  overflow: hidden;\n  box-shadow: 0 16px 48px rgba(195, 159, 118, 0.25), 0 4px 12px rgba(0,0,0,0.08);\n}\n\n\/* \u2500\u2500\u2500 HEADER \u2500\u2500\u2500 *\/\n.lk-stays-header {\n  position: relative;\n  padding: 24px 36px 24px;\n  background: linear-gradient(135deg, #c39f76 0%, #d4b188 60%, #c39f76 100%);\n  border-bottom: 1px solid rgba(255,255,255,.15);\n  display: flex;\n  align-items: center;\n  gap: 18px;\n}\n.lk-stays-header::before {\n  content: '';\n  position: absolute;\n  inset: 0;\n  background: url(\"data:image\/svg+xml,%3Csvg width='60' height='60' viewBox='0 0 60 60' xmlns='http:\/\/www.w3.org\/2000\/svg'%3E%3Cg fill='none' fill-rule='evenodd'%3E%3Cg fill='%23ffffff' fill-opacity='0.05'%3E%3Cpath d='M36 34v-4h-2v4h-4v2h4v4h2v-4h4v-2h-4zm0-30V0h-2v4h-4v2h4v4h2V6h4V4h-4zM6 34v-4H4v4H0v2h4v4h2v-4h4v-2H6zM6 4V0H4v4H0v2h4v4h2V6h4V4H6z'\/%3E%3C\/g%3E%3C\/g%3E%3C\/svg%3E\") repeat;\n  pointer-events: none;\n}\n.lk-stays-icon {\n  flex-shrink: 0;\n  width: 68px;\n  height: 68px;\n  border-radius: 14px;\n  background: linear-gradient(135deg, #fff 0%, #f9f6f0 100%);\n  display: flex;\n  align-items: center;\n  justify-content: center;\n  font-size: 26px;\n  box-shadow: 0 4px 12px rgba(0,0,0,0.15);\n}\n.lk-stays-eyebrow {\n  font-size: 10px;\n  font-weight: 500;\n  letter-spacing: 2.5px;\n  text-transform: uppercase;\n  color: rgba(255,255,255,.85);\n  margin: 0 0 5px 0;\n}\n.lk-stays-title {\n  font-family: 'Playfair Display', Georgia, serif;\n  font-size: 24px;\n  font-weight: 700;\n  color: #fff;\n  line-height: 1.2;\n  text-shadow: 0 1px 2px rgba(0,0,0,0.1);\n  margin: 0;\n}\n.lk-stays-subtitle {\n  font-size: 13px;\n  color: rgba(255,255,255,.75);\n  margin: 4px 0 0 0;\n  font-weight: 300;\n}\n\n\/* \u2500\u2500\u2500 CARDS GRID \u2500\u2500\u2500 *\/\n.lk-stays-grid {\n  display: grid;\n  grid-template-columns: 1fr 1fr;\n  gap: 1px;\n  background: rgba(195, 159, 118, 0.12);\n}\n\n\/* \u2500\u2500\u2500 SINGLE CARD \u2500\u2500\u2500 *\/\n.lk-stay-card {\n  background: #ffffff;\n  padding: 26px;\n  display: flex;\n  flex-direction: column;\n  gap: 11px;\n  transition: all 0.3s ease;\n  text-decoration: none;\n  color: inherit;\n  position: relative;\n}\n.lk-stay-card:hover {\n  background: #fffbf5;\n  transform: translateY(-2px);\n  box-shadow: 0 8px 24px rgba(195, 159, 118, 0.18);\n  z-index: 1;\n}\n.lk-stay-card.featured {\n  background: linear-gradient(135deg, #fffdf9 0%, #fff9f0 100%);\n  box-shadow: 0 4px 16px rgba(195, 159, 118, 0.15), inset 0 1px 0 rgba(195, 159, 118, 0.1);\n}\n.lk-stay-card.featured:hover {\n  background: linear-gradient(135deg, #fffbf5 0%, #fff8ed 100%);\n  box-shadow: 0 8px 24px rgba(195, 159, 118, 0.25), inset 0 1px 0 rgba(195, 159, 118, 0.15);\n}\n\n.lk-stay-badge {\n  display: inline-flex;\n  align-items: center;\n  gap: 5px;\n  font-size: 10px;\n  font-weight: 500;\n  letter-spacing: 1.5px;\n  text-transform: uppercase;\n  padding: 5px 11px;\n  border-radius: 20px;\n  width: fit-content;\n}\n.badge-top     { background: linear-gradient(135deg, #c39f76 0%, #d4b188 100%); color: #fff; border: 1px solid #c39f76; font-weight: 600; box-shadow: 0 2px 8px rgba(195,159,118,0.3); }\n.badge-luxury  { background: rgba(195,159,118,.12); color: #c39f76; border: 1px solid rgba(195,159,118,.25); }\n.badge-boutique{ background: rgba(54,133,252,.08); color: #3685fc; border: 1px solid rgba(54,133,252,.2); }\n.badge-nature  { background: rgba(130,190,100,.1); color: #6b9c4a; border: 1px solid rgba(130,190,100,.2); }\n.badge-remote  { background: rgba(195,159,118,.12); color: #a67e50; border: 1px solid rgba(195,159,118,.25); }\n\n.lk-stay-name {\n  font-family: 'Playfair Display', Georgia, serif;\n  font-size: 18px;\n  font-weight: 700;\n  color: #111827;\n  line-height: 1.3;\n}\n.lk-stay-desc {\n  font-size: 13.5px;\n  color: #525252;\n  line-height: 1.65;\n  font-weight: 300;\n  flex: 1;\n}\n\n.lk-stay-meta {\n  display: flex;\n  align-items: center;\n  gap: 12px;\n  flex-wrap: wrap;\n  margin-top: 4px;\n}\n.lk-stay-price {\n  font-size: 13px;\n  color: #6b7280;\n}\n.lk-stay-price strong {\n  color: #c39f76;\n  font-weight: 500;\n}\n.lk-stay-stars {\n  color: #c39f76;\n  font-size: 11px;\n  letter-spacing: 1px;\n}\n\n\/* \u2500\u2500\u2500 CTA BUTTON \u2500\u2500\u2500 *\/\n.lk-stay-cta {\n  display: inline-flex;\n  align-items: center;\n  justify-content: center;\n  gap: 7px;\n  margin-top: 8px;\n  padding: 11px 20px;\n  border-radius: 8px;\n  background: linear-gradient(135deg, #3685fc 0%, #2a6fd9 100%);\n  color: #fff;\n  font-size: 13px;\n  font-weight: 500;\n  text-decoration: none;\n  letter-spacing: .3px;\n  transition: all .2s ease;\n  cursor: pointer;\n  border: none;\n  text-align: center;\n  box-shadow: 0 4px 12px rgba(54, 133, 252, 0.25);\n}\n.lk-stay-cta:hover {\n  background: linear-gradient(135deg, #2a6fd9 0%, #1e5bc4 100%);\n  transform: translateY(-1px);\n  box-shadow: 0 6px 16px rgba(54, 133, 252, 0.35);\n}\n.lk-stay-cta svg { flex-shrink: 0; }\n\n\/* \u2500\u2500\u2500 FOOTER \u2500\u2500\u2500 *\/\n.lk-stays-footer {\n  padding: 18px 36px;\n  background: linear-gradient(to bottom, #fdfaf5 0%, #f9f4ed 100%);\n  border-top: 1px solid rgba(195, 159, 118, 0.15);\n  display: flex;\n  align-items: center;\n  justify-content: space-between;\n  flex-wrap: wrap;\n  gap: 12px;\n}\n.lk-stays-footer-note {\n  font-size: 11.5px;\n  color: #6b7280;\n  font-weight: 300;\n  line-height: 1.5;\n}\n.lk-stays-footer-note a {\n  color: #c39f76;\n  text-decoration: none;\n  font-weight: 400;\n}\n.lk-stays-footer-note a:hover {\n  text-decoration: underline;\n}\n.lk-stays-all-btn {\n  display: inline-flex;\n  align-items: center;\n  gap: 6px;\n  font-size: 12.5px;\n  font-weight: 500;\n  color: #c39f76;\n  text-decoration: none;\n  border: 1px solid rgba(195, 159, 118, 0.35);\n  padding: 8px 18px;\n  border-radius: 8px;\n  transition: all .2s ease;\n}\n.lk-stays-all-btn:hover {\n  background: rgba(195, 159, 118, 0.08);\n  border-color: rgba(195, 159, 118, 0.5);\n}\n\n\/* \u2500\u2500\u2500 RESPONSIVE \u2500\u2500\u2500 *\/\n@media (max-width: 600px) {\n  .lk-stays-grid { grid-template-columns: 1fr; }\n  .lk-stays-header { padding: 24px 20px; }\n  .lk-stays-footer { padding: 16px 20px; }\n  .lk-stay-card { padding: 22px; }\n  .lk-stays-title { font-size: 20px; }\n}\n<\/style>\n\n  <!-- HEADER -->\n  <div class=\"lk-stays-header\">\n    <img decoding=\"async\" src=\"https:\/\/loudavymkrokem.cz\/wp-content\/uploads\/2026\/02\/lukas-a-lucka.jpg\" alt=\"\" style=\"width: 75px; height: 75px; border-radius: 8px; flex-shrink: 0; object-fit: cover; display: block; margin: 4px 0;\" title=\"\">\n    <div class=\"lk-stays-header-text\">\n      <div class=\"lk-stays-eyebrow\">Luk\u00e1\u0161 i Lucie polecaj\u0105<\/div>\n      <div class=\"lk-stays-title\">Gdzie zatrzyma\u0107 si\u0119 w Barcelonie<\/div>\n      <div class=\"lk-stays-subtitle\">6 miejsc noclegowych \u2014 hotele, hotele wellness i inne opcje zakwaterowania<\/div>\n    <\/div>\n  <\/div>\n\n  <!-- CARDS -->\n  <div class=\"lk-stays-grid\">\n\n    <a class=\"lk-stay-card featured\" href=\"https:\/\/www.stay22.com\/allez\/roam?aid=lukaskonecny&#038;campaign=loudavymkrokemcz&#038;campaign=pl&#038;campaign=letenkydobarcelony&#038;address=Barcelona&#038;hotelname=Hotel+Gaud%C3%AD&#038;search=Hotel+Gaud%C3%AD&#038;category=accommodation\" target=\"_blank\" rel=\"nofollow noopener\">\n      <span class=\"lk-stay-badge badge-top\">\u2b50 TOP WYB\u00d3R<\/span>\n      <span class=\"lk-stay-badge badge-nature\">\ud83c\udfe8 Hotel<\/span>\n      <div class=\"lk-stay-name\">Hotel Gaud\u00ed<\/div>\n      <div class=\"lk-stay-desc\">Strategiczny wyb\u00f3r zaledwie kilka krok\u00f3w od Palau G\u00fcell i La Rambla. Taras na dachu z basenem i widokiem na kominy Gaudiego.<\/div>\n      <div class=\"lk-stay-meta\">\n        <span class=\"lk-stay-stars\">\u2605\u2605\u2605\u2605<\/span>\n        <span class=\"lk-stay-price\">Sprawd\u017a ceny<\/span>\n      <\/div>\n      <span class=\"lk-stay-cta\">\n        <svg width=\"14\" height=\"14\" viewBox=\"0 0 24 24\" fill=\"none\" stroke=\"currentColor\" stroke-width=\"2\"><path d=\"M18 13v6a2 2 0 0 1-2 2H5a2 2 0 0 1-2-2V8a2 2 0 0 1 2-2h6\"\/><polyline points=\"15 3 21 3 21 9\"\/><line x1=\"10\" y1=\"14\" x2=\"21\" y2=\"3\"\/><\/svg>\n        Sprawd\u017a dost\u0119pno\u015b\u0107\n      <\/span>\n    <\/a>\n\n    <a class=\"lk-stay-card\" href=\"https:\/\/www.stay22.com\/allez\/roam?aid=lukaskonecny&#038;campaign=loudavymkrokemcz&#038;campaign=pl&#038;campaign=letenkydobarcelony&#038;address=Barcelona&#038;hotelname=Hotel+Ayre+Rosell%C3%B3n&#038;search=Hotel+Ayre+Rosell%C3%B3n&#038;category=accommodation\" target=\"_blank\" rel=\"nofollow noopener\">\n      <span class=\"lk-stay-badge badge-nature\">\ud83c\udfe8 Hotel<\/span>\n      <div class=\"lk-stay-name\">Hotel Ayre Rosell\u00f3n<\/div>\n      <div class=\"lk-stay-desc\">Zapieraj\u0105cy dech w piersiach widok bezpo\u015brednio na niedoko\u0144czon\u0105 Sagrada Fam\u00edlia z baru na dachu. Wizualnie ol\u015bniewaj\u0105cy wyb\u00f3r.<\/div>\n      <div class=\"lk-stay-meta\">\n        <span class=\"lk-stay-stars\">\u2605\u2605\u2605\u2605<\/span>\n        <span class=\"lk-stay-price\">Sprawd\u017a ceny<\/span>\n      <\/div>\n      <span class=\"lk-stay-cta\">\n        <svg width=\"14\" height=\"14\" viewBox=\"0 0 24 24\" fill=\"none\" stroke=\"currentColor\" stroke-width=\"2\"><path d=\"M18 13v6a2 2 0 0 1-2 2H5a2 2 0 0 1-2-2V8a2 2 0 0 1 2-2h6\"\/><polyline points=\"15 3 21 3 21 9\"\/><line x1=\"10\" y1=\"14\" x2=\"21\" y2=\"3\"\/><\/svg>\n        Sprawd\u017a dost\u0119pno\u015b\u0107\n      <\/span>\n    <\/a>\n\n    <a class=\"lk-stay-card\" href=\"https:\/\/www.stay22.com\/allez\/roam?aid=lukaskonecny&#038;campaign=loudavymkrokemcz&#038;campaign=pl&#038;campaign=letenkydobarcelony&#038;address=Barcelona&#038;hotelname=Motel+One+Barcelona-Ciutadella&#038;search=Motel+One+Barcelona-Ciutadella&#038;category=accommodation\" target=\"_blank\" rel=\"nofollow noopener\">\n      <span class=\"lk-stay-badge badge-nature\">\ud83c\udfe8 Hotel<\/span>\n      <div class=\"lk-stay-name\">Motel One Barcelona-Ciutadella<\/div>\n      <div class=\"lk-stay-desc\">Nowoczesne pokoje obok ogromnego parku w odleg\u0142o\u015bci spaceru od pla\u017cy. \u015awietny wyb\u00f3r dla mniejszego bud\u017cetu.<\/div>\n      <div class=\"lk-stay-meta\">\n        <span class=\"lk-stay-stars\">\u2605\u2605\u2605\u2605<\/span>\n        <span class=\"lk-stay-price\">Sprawd\u017a ceny<\/span>\n      <\/div>\n      <span class=\"lk-stay-cta\">\n        <svg width=\"14\" height=\"14\" viewBox=\"0 0 24 24\" fill=\"none\" stroke=\"currentColor\" stroke-width=\"2\"><path d=\"M18 13v6a2 2 0 0 1-2 2H5a2 2 0 0 1-2-2V8a2 2 0 0 1 2-2h6\"\/><polyline points=\"15 3 21 3 21 9\"\/><line x1=\"10\" y1=\"14\" x2=\"21\" y2=\"3\"\/><\/svg>\n        Sprawd\u017a dost\u0119pno\u015b\u0107\n      <\/span>\n    <\/a>\n\n    <a class=\"lk-stay-card\" href=\"https:\/\/www.stay22.com\/allez\/roam?aid=lukaskonecny&#038;campaign=loudavymkrokemcz&#038;campaign=pl&#038;campaign=letenkydobarcelony&#038;address=Barcelona&#038;hotelname=W+Barcelona&#038;search=W+Barcelona&#038;category=accommodation\" target=\"_blank\" rel=\"nofollow noopener\">\n      <span class=\"lk-stay-badge badge-nature\">\u2b50 Luksus<\/span>\n      <div class=\"lk-stay-name\">W Barcelona<\/div>\n      <div class=\"lk-stay-desc\">Ikoniczny budynek w kszta\u0142cie \u017cagla dominuj\u0105cy nad wybrze\u017cem. Absolutny luksus z porannym budzeniem przy szumie fal.<\/div>\n      <div class=\"lk-stay-meta\">\n        <span class=\"lk-stay-stars\">\u2605\u2605\u2605\u2605<\/span>\n        <span class=\"lk-stay-price\">Sprawd\u017a ceny<\/span>\n      <\/div>\n      <span class=\"lk-stay-cta\">\n        <svg width=\"14\" height=\"14\" viewBox=\"0 0 24 24\" fill=\"none\" stroke=\"currentColor\" stroke-width=\"2\"><path d=\"M18 13v6a2 2 0 0 1-2 2H5a2 2 0 0 1-2-2V8a2 2 0 0 1 2-2h6\"\/><polyline points=\"15 3 21 3 21 9\"\/><line x1=\"10\" y1=\"14\" x2=\"21\" y2=\"3\"\/><\/svg>\n        Sprawd\u017a dost\u0119pno\u015b\u0107\n      <\/span>\n    <\/a>\n\n    <a class=\"lk-stay-card\" href=\"https:\/\/www.stay22.com\/allez\/roam?aid=lukaskonecny&#038;campaign=loudavymkrokemcz&#038;campaign=pl&#038;campaign=letenkydobarcelony&#038;address=Barcelona&#038;hotelname=Hostel+One+Paralelo&#038;search=Hostel+One+Paralelo&#038;category=accommodation\" target=\"_blank\" rel=\"nofollow noopener\">\n      <span class=\"lk-stay-badge badge-nature\">\ud83c\udfe1 Hostel<\/span>\n      <div class=\"lk-stay-name\">Hostel One Paralelo<\/div>\n      <div class=\"lk-stay-desc\">Niesamowita przyjazna atmosfera i wsp\u00f3lne wieczory. Idealny dla plecakowicz\u00f3w i samotnych podr\u00f3\u017cnik\u00f3w wed\u0142ug recenzji.<\/div>\n      <div class=\"lk-stay-meta\">\n        <span class=\"lk-stay-stars\">\u2605\u2605\u2605\u2605<\/span>\n        <span class=\"lk-stay-price\">Sprawd\u017a ceny<\/span>\n      <\/div>\n      <span class=\"lk-stay-cta\">\n        <svg width=\"14\" height=\"14\" viewBox=\"0 0 24 24\" fill=\"none\" stroke=\"currentColor\" stroke-width=\"2\"><path d=\"M18 13v6a2 2 0 0 1-2 2H5a2 2 0 0 1-2-2V8a2 2 0 0 1 2-2h6\"\/><polyline points=\"15 3 21 3 21 9\"\/><line x1=\"10\" y1=\"14\" x2=\"21\" y2=\"3\"\/><\/svg>\n        Sprawd\u017a dost\u0119pno\u015b\u0107\n      <\/span>\n    <\/a>\n\n    <a class=\"lk-stay-card\" href=\"https:\/\/www.stay22.com\/allez\/roam?aid=lukaskonecny&#038;campaign=loudavymkrokemcz&#038;campaign=pl&#038;campaign=letenkydobarcelony&#038;address=barcelona\" target=\"_blank\" rel=\"nofollow noopener\">\n      <span class=\"lk-stay-badge badge-nature\">\ud83d\udd0d Szukaj<\/span>\n      <div class=\"lk-stay-name\">Zobacz wszystkie noclegi w Barcelonie<\/div>\n      <div class=\"lk-stay-desc\">Poznaj wszystkie dost\u0119pne opcje zakwaterowania w Barcelonie i znajd\u017a najlepsze wed\u0142ug swoich preferencji i bud\u017cetu.<\/div>\n      <div class=\"lk-stay-meta\">\n        <span class=\"lk-stay-stars\">\u2605\u2605\u2605\u2605<\/span>\n        <span class=\"lk-stay-price\">Por\u00f3wnaj ceny<\/span>\n      <\/div>\n      <span class=\"lk-stay-cta\">\n        <svg width=\"14\" height=\"14\" viewBox=\"0 0 24 24\" fill=\"none\" stroke=\"currentColor\" stroke-width=\"2\"><path d=\"M18 13v6a2 2 0 0 1-2 2H5a2 2 0 0 1-2-2V8a2 2 0 0 1 2-2h6\"\/><polyline points=\"15 3 21 3 21 9\"\/><line x1=\"10\" y1=\"14\" x2=\"21\" y2=\"3\"\/><\/svg>\n        Sprawd\u017a dost\u0119pno\u015b\u0107\n      <\/span>\n    <\/a>\n\n  <\/div>\n\n  \n<\/div>\n\n\n\n\n<h3 class=\"wp-block-heading\"><span class=\"ez-toc-section\" id=\"7_Pociagiem_z_Polski_dla_kobiet_w_ciazy_i_tych_ktorzy_nie_lataja\"><\/span>7. Poci\u0105giem z Polski: dla kobiet w ci\u0105\u017cy i tych, kt\u00f3rzy nie lataj\u0105<span class=\"ez-toc-section-end\"><\/span><\/h3>\n\n\n\n<p class=\"wp-block-paragraph\">Ten fascynuj\u0105cy temat zwyk\u0142e przewodniki zupe\u0142nie ignoruj\u0105, chocia\u017c istnieje ogromna grupa podr\u00f3\u017cnych, kt\u00f3rzy w chmury po prostu nie mog\u0105 lub nie chc\u0105. Powodem bywa bardzo cz\u0119sto <strong>zaawansowana ci\u0105\u017ca, paniczny strach przed lataniem albo na przyk\u0142ad podr\u00f3\u017c z wi\u0119kszymi zwierzakami<\/strong>. Dla nich ca\u0142y urlop cz\u0119sto zamienia si\u0119 w jedn\u0105 wielk\u0105 i wyczerpuj\u0105c\u0105 logistyczn\u0105 \u0142amig\u0142\u00f3wk\u0119.<\/p>\n\n\n\n<p class=\"wp-block-paragraph\">\u015awietny wgl\u0105d w t\u0119 problematyk\u0119 oferuj\u0105 internetowe fora dyskusyjne, na kt\u00f3rych regularnie omawiane s\u0105 realne do\u015bwiadczenia ludzi z praktyki. Jedna z u\u017cytkowniczek, kt\u00f3ra musia\u0142a koniecznie rozwi\u0105za\u0107 kwesti\u0119 podr\u00f3\u017cy w ci\u0105\u017cy i mierzy\u0142a si\u0119 ze sceptycyzmem innych, ostatecznie odkry\u0142a absolutnie dzia\u0142aj\u0105ce rozwi\u0105zanie. Jej do\u015bwiadczenie dowodzi, \u017ce <strong>dojecha\u0107 nad morze wygodnie po szynach naprawd\u0119 si\u0119 da<\/strong>, wymaga to tylko dobrego planowania.<\/p>\n\n\n\n<p class=\"wp-block-paragraph\">Jak taka mozolna podr\u00f3\u017c wygl\u0105da w rzeczywisto\u015bci? Nie jest to sprawa na jeden ci\u0105g, je\u015bli nie chcesz si\u0119 kompletnie fizycznie wyko\u0144czy\u0107. <strong>Najcz\u0119stsza trasa wiedzie z Polski przez niemieckie miasta do Frankfurtu nad Menem<\/strong>, sk\u0105d wygodnie przemie\u015bcisz si\u0119 do francuskiego Strasburga. W\u0142a\u015bnie Strasburg funkcjonuje jako absolutnie idealny punkt do spokojnego przenocowania w hotelu i nabrania si\u0142.<\/p>\n\n\n\n<p class=\"wp-block-paragraph\">Nast\u0119pnego dnia rano po prostu wsiadasz do szybkich francuskich poci\u0105g\u00f3w, kt\u00f3re <strong>przez Lyon p\u0142ynnie zawioz\u0105 ci\u0119 a\u017c na g\u0142\u00f3wny barcelo\u0144ski dworzec Sants<\/strong>. To powolne podr\u00f3\u017cowanie w najczystszej postaci, kt\u00f3re wprawdzie poch\u0142onie wi\u0119cej czasu, ale zaoferuje przepi\u0119kne widoki na krajobraz i absolutnie minimalny stres.<\/p>\n\n\n\n<p class=\"wp-block-paragraph\">\ud83d\udca1 Wskaz\u00f3wka: Bilety na wszystkie europejskie poci\u0105gi <strong>kupuj najlepiej przez oficjalne strony niemieckich lub francuskich kolei<\/strong>, gdzie zdob\u0119dziesz najkorzystniejsze bilety z wyprzedzeniem bez ogromnych narzut\u00f3w po\u015brednik\u00f3w.<\/p>\n\n\n\n<figure data-wp-context=\"{&quot;imageId&quot;:&quot;6a9544c327ee9&quot;}\" data-wp-interactive=\"core\/image\" data-wp-key=\"6a9544c327ee9\" class=\"wp-block-image size-full wp-lightbox-container\"><img decoding=\"async\" width=\"1600\" height=\"1067\" data-wp-class--hide=\"state.isContentHidden\" data-wp-class--show=\"state.isContentVisible\" data-wp-init=\"callbacks.setButtonStyles\" data-wp-on--click=\"actions.showLightbox\" data-wp-on--load=\"callbacks.setButtonStyles\" data-wp-on--pointerdown=\"actions.preloadImage\" data-wp-on--pointerenter=\"actions.preloadImageWithDelay\" data-wp-on--pointerleave=\"actions.cancelPreload\" data-wp-on-window--resize=\"callbacks.setButtonStyles\" src=\"https:\/\/loudavymkrokem.cz\/wp-content\/uploads\/2026\/08\/barcelona-sant-andreu-px.jpg\" alt=\"Panorama Barcelony z wie\u017c\u0105 Torre Gl\u00f2ries\" class=\"wp-image-376450\" title=\"\" srcset=\"https:\/\/loudavymkrokem.cz\/wp-content\/uploads\/2026\/08\/barcelona-sant-andreu-px.jpg 1600w, https:\/\/loudavymkrokem.cz\/wp-content\/uploads\/2026\/08\/barcelona-sant-andreu-px-300x200.jpg 300w, https:\/\/loudavymkrokem.cz\/wp-content\/uploads\/2026\/08\/barcelona-sant-andreu-px-700x467.jpg 700w, https:\/\/loudavymkrokem.cz\/wp-content\/uploads\/2026\/08\/barcelona-sant-andreu-px-768x512.jpg 768w, https:\/\/loudavymkrokem.cz\/wp-content\/uploads\/2026\/08\/barcelona-sant-andreu-px-1536x1024.jpg 1536w, https:\/\/loudavymkrokem.cz\/wp-content\/uploads\/2026\/08\/barcelona-sant-andreu-px-696x464.jpg 696w, https:\/\/loudavymkrokem.cz\/wp-content\/uploads\/2026\/08\/barcelona-sant-andreu-px-1392x928.jpg 1392w\" sizes=\"(max-width: 1600px) 100vw, 1600px\" \/><button\n\t\t\tclass=\"lightbox-trigger\"\n\t\t\ttype=\"button\"\n\t\t\taria-haspopup=\"dialog\"\n\t\t\tdata-wp-bind--aria-label=\"state.thisImage.triggerButtonAriaLabel\"\n\t\t\tdata-wp-init=\"callbacks.initTriggerButton\"\n\t\t\tdata-wp-on--click=\"actions.showLightbox\"\n\t\t\tdata-wp-style--right=\"state.thisImage.buttonRight\"\n\t\t\tdata-wp-style--top=\"state.thisImage.buttonTop\"\n\t\t>\n\t\t\t<svg xmlns=\"http:\/\/www.w3.org\/2000\/svg\" width=\"12\" height=\"12\" fill=\"none\" viewBox=\"0 0 12 12\">\n\t\t\t\t<path fill=\"#fff\" d=\"M2 0a2 2 0 0 0-2 2v2h1.5V2a.5.5 0 0 1 .5-.5h2V0H2Zm2 10.5H2a.5.5 0 0 1-.5-.5V8H0v2a2 2 0 0 0 2 2h2v-1.5ZM8 12v-1.5h2a.5.5 0 0 0 .5-.5V8H12v2a2 2 0 0 1-2 2H8Zm2-12a2 2 0 0 1 2 2v2h-1.5V2a.5.5 0 0 0-.5-.5H8V0h2Z\" \/>\n\t\t\t<\/svg>\n\t\t<\/button><\/figure>\n\n\n\n<h3 class=\"wp-block-heading\"><span class=\"ez-toc-section\" id=\"8_Alternatywna_trasa_kolejowa_przez_Paryz\"><\/span>8. Alternatywna trasa kolejowa przez Pary\u017c<span class=\"ez-toc-section-end\"><\/span><\/h3>\n\n\n\n<p class=\"wp-block-paragraph\">Je\u015bli nie podoba ci si\u0119 wizja mozolnej podr\u00f3\u017cy przez ca\u0142e Niemcy, istnieje jeszcze jedna bardzo elegancka kolejowa alternatywa z francuskim szykiem. Z Polski mo\u017cesz dosta\u0107 si\u0119 nocnym poci\u0105giem lub dziennymi ekspresami do francuskiej metropolii, sk\u0105d <strong>startuje bezpo\u015brednie szybkie po\u0142\u0105czenie a\u017c na s\u0142oneczne hiszpa\u0144skie wybrze\u017ce<\/strong>.<\/p>\n\n\n\n<p class=\"wp-block-paragraph\">Z gwarnego paryskiego dworca Gare de Lyon regularnie wyje\u017cd\u017ca bowiem bezpo\u015bredni TGV, kt\u00f3ry obs\u0142uguje udana kooperacja hiszpa\u0144skich i francuskich firm Renfe i SNCF. Ten wspania\u0142y aerodynamiczny szybki poci\u0105g <strong>pokonuje tras\u0119 Pary\u017c\u2013Barcelona w nieprawdopodobne 6 godzin i 15 minut<\/strong>, co przy tak ogromnej odleg\u0142o\u015bci jest absolutnie fenomenalnym czasem.<\/p>\n\n\n\n<p class=\"wp-block-paragraph\">To bezpo\u015brednie po\u0142\u0105czenie kursuje aktualnie dwa razy dziennie, zwykle wczesnym rankiem i wczesnym popo\u0142udniem, ale pami\u0119taj, \u017ce klasyczny nocny poci\u0105g sypialny na tej trasie w tej chwili nie istnieje. Ten wariant jest absolutnie doskona\u0142y, je\u015bli planujesz d\u0142u\u017cszy dwutygodniowy urlop i <strong>chcesz zrobi\u0107 sobie po drodze romantyczny post\u00f3j z kaw\u0105 pod wie\u017c\u0105 Eiffla<\/strong>.<\/p>\n\n\n\n<p class=\"wp-block-paragraph\">\ud83d\udca1 Wskaz\u00f3wka: Miejsc\u00f3wki na francuskie szybkie poci\u0105gi TGV bywaj\u0105 w miesi\u0105cach letnich b\u0142yskawicznie wyprzedane, wi\u0119c <strong>rezerwacj\u0119 zr\u00f3b od razu w chwili, gdy przewo\u017anik otworzy przedsprzeda\u017c<\/strong>, co zwykle bywa trzy miesi\u0105ce wcze\u015bniej.<\/p>\n\n\n\n<figure data-wp-context=\"{&quot;imageId&quot;:&quot;6a9544c3286d0&quot;}\" data-wp-interactive=\"core\/image\" data-wp-key=\"6a9544c3286d0\" class=\"wp-block-image size-full wp-lightbox-container\"><img decoding=\"async\" width=\"1600\" height=\"2060\" data-wp-class--hide=\"state.isContentHidden\" data-wp-class--show=\"state.isContentVisible\" data-wp-init=\"callbacks.setButtonStyles\" data-wp-on--click=\"actions.showLightbox\" data-wp-on--load=\"callbacks.setButtonStyles\" data-wp-on--pointerdown=\"actions.preloadImage\" data-wp-on--pointerenter=\"actions.preloadImageWithDelay\" data-wp-on--pointerleave=\"actions.cancelPreload\" data-wp-on-window--resize=\"callbacks.setButtonStyles\" src=\"https:\/\/loudavymkrokem.cz\/wp-content\/uploads\/2026\/08\/barcelona-kdy-jet-do-barcelony-podle-typu-dovo.jpg\" alt=\"Katedra w Barcelonie na placu Pla de la Seu\" class=\"wp-image-376378\" title=\"\" srcset=\"https:\/\/loudavymkrokem.cz\/wp-content\/uploads\/2026\/08\/barcelona-kdy-jet-do-barcelony-podle-typu-dovo.jpg 1600w, https:\/\/loudavymkrokem.cz\/wp-content\/uploads\/2026\/08\/barcelona-kdy-jet-do-barcelony-podle-typu-dovo-233x300.jpg 233w, https:\/\/loudavymkrokem.cz\/wp-content\/uploads\/2026\/08\/barcelona-kdy-jet-do-barcelony-podle-typu-dovo-700x901.jpg 700w, https:\/\/loudavymkrokem.cz\/wp-content\/uploads\/2026\/08\/barcelona-kdy-jet-do-barcelony-podle-typu-dovo-768x989.jpg 768w, https:\/\/loudavymkrokem.cz\/wp-content\/uploads\/2026\/08\/barcelona-kdy-jet-do-barcelony-podle-typu-dovo-1193x1536.jpg 1193w, https:\/\/loudavymkrokem.cz\/wp-content\/uploads\/2026\/08\/barcelona-kdy-jet-do-barcelony-podle-typu-dovo-1591x2048.jpg 1591w, https:\/\/loudavymkrokem.cz\/wp-content\/uploads\/2026\/08\/barcelona-kdy-jet-do-barcelony-podle-typu-dovo-696x896.jpg 696w, https:\/\/loudavymkrokem.cz\/wp-content\/uploads\/2026\/08\/barcelona-kdy-jet-do-barcelony-podle-typu-dovo-1392x1792.jpg 1392w\" sizes=\"(max-width: 1600px) 100vw, 1600px\" \/><button\n\t\t\tclass=\"lightbox-trigger\"\n\t\t\ttype=\"button\"\n\t\t\taria-haspopup=\"dialog\"\n\t\t\tdata-wp-bind--aria-label=\"state.thisImage.triggerButtonAriaLabel\"\n\t\t\tdata-wp-init=\"callbacks.initTriggerButton\"\n\t\t\tdata-wp-on--click=\"actions.showLightbox\"\n\t\t\tdata-wp-style--right=\"state.thisImage.buttonRight\"\n\t\t\tdata-wp-style--top=\"state.thisImage.buttonTop\"\n\t\t>\n\t\t\t<svg xmlns=\"http:\/\/www.w3.org\/2000\/svg\" width=\"12\" height=\"12\" fill=\"none\" viewBox=\"0 0 12 12\">\n\t\t\t\t<path fill=\"#fff\" d=\"M2 0a2 2 0 0 0-2 2v2h1.5V2a.5.5 0 0 1 .5-.5h2V0H2Zm2 10.5H2a.5.5 0 0 1-.5-.5V8H0v2a2 2 0 0 0 2 2h2v-1.5ZM8 12v-1.5h2a.5.5 0 0 0 .5-.5V8H12v2a2 2 0 0 1-2 2H8Zm2-12a2 2 0 0 1 2 2v2h-1.5V2a.5.5 0 0 0-.5-.5H8V0h2Z\" \/>\n\t\t\t<\/svg>\n\t\t<\/button><\/figure>\n\n\n\n<h3 class=\"wp-block-heading\"><span class=\"ez-toc-section\" id=\"9_Autem_do_Barcelony_Przygotuj_sie_na_strefe_ZBE\"><\/span>9. Autem do Barcelony? Przygotuj si\u0119 na stref\u0119 ZBE<span class=\"ez-toc-section-end\"><\/span><\/h3>\n\n\n\n<p class=\"wp-block-paragraph\">My\u015bl o za\u0142adowaniu auta a\u017c po dach i dojechaniu na w\u0142asn\u0105 r\u0119k\u0119 nad morze brzmi niesamowicie kusz\u0105co, zw\u0142aszcza je\u015bli planujesz po drodze biwakowa\u0107 gdzie\u015b na klifach Costa Brava. Je\u015bli jednak zmierzasz bezpo\u015brednio do samego centrum miasta i masz tam zarezerwowany drogi hotel, <strong>sw\u00f3j samoch\u00f3d lepiej zostaw w domu albo zaparkowany daleko na przedmie\u015bciach<\/strong>.<\/p>\n\n\n\n<p class=\"wp-block-paragraph\">Barcelona wprowadzi\u0142a bowiem absolutnie brutalne restrykcje przeciwko emisjom, a centrum sta\u0142o si\u0119 dla zwyk\u0142ego kierowcy dos\u0142ownie polem minowym. Ca\u0142e miasto wewn\u0105trz ogromnych obwodnic Ronda de Dalt i Ronda Litoral nale\u017cy do <strong>strefy niskoemisyjnej zwanej ZBE Rondes Barcelona<\/strong>, do kt\u00f3rej stra\u017cnicy wpuszcz\u0105 ci\u0119 tylko wtedy, je\u015bli twoje auto spe\u0142nia minimum norm\u0119 Euro 3 dla benzyny lub Euro 4 dla diesla.<\/p>\n\n\n\n<p class=\"wp-block-paragraph\">Tutaj przychodzi jednak najwi\u0119kszy biurokratyczny haczyk dla wszystkich kierowc\u00f3w z zagranicy. Nie licz na to, \u017ce masz na szybie naklejon\u0105 zielon\u0105 niemieck\u0105 Umweltplakette, bo ona sama w sobie nie zagwarantuje ci wjazdu. Pojazdy z zagraniczn\u0105 rejestracj\u0105 <strong>musz\u0105 si\u0119 z g\u00f3ry, online i bezp\u0142atnie zarejestrowa\u0107 w rejestrze AMB<\/strong>, kt\u00f3rym zarz\u0105dza bezpo\u015brednio katalo\u0144ski samorz\u0105d metropolitalny.<\/p>\n\n\n\n<p class=\"wp-block-paragraph\">Nad drogami wisz\u0105 bowiem inteligentne kamery, kt\u00f3re automatycznie skanuj\u0105 tablice wszystkich przeje\u017cd\u017caj\u0105cych aut. Je\u015bli wjedziesz do strefy, a nie figurujesz w rejestrze, <strong>system zupe\u0142nie bezkompromisowo wlepi ci kar\u0119 200 \u20ac (ok. 900 z\u0142)<\/strong>. Je\u015bli zd\u0105\u017cysz j\u0105 zap\u0142aci\u0107 w ci\u0105gu dwudziestu dni, obni\u017cy si\u0119 wprawdzie do st\u00f3wki, ale i tak niepotrzebnie zaboli.<\/p>\n\n\n\n<p class=\"wp-block-paragraph\">\ud83d\udca1 Wskaz\u00f3wka: Parkowanie w centrum jest dodatkowo ekstremalnie drogie, a miejsc na ulicy znajdziesz absolutne minimum, dlatego <strong>najlepiej odstawi\u0107 auto na parkingach park&amp;ride<\/strong> i dalej kontynuowa\u0107 \u015bwietnie dzia\u0142aj\u0105cym metrem.<\/p>\n\n\n\n<figure data-wp-context=\"{&quot;imageId&quot;:&quot;6a9544c328fbf&quot;}\" data-wp-interactive=\"core\/image\" data-wp-key=\"6a9544c328fbf\" class=\"wp-block-image size-full wp-lightbox-container\"><img decoding=\"async\" width=\"1920\" height=\"1717\" data-wp-class--hide=\"state.isContentHidden\" data-wp-class--show=\"state.isContentVisible\" data-wp-init=\"callbacks.setButtonStyles\" data-wp-on--click=\"actions.showLightbox\" data-wp-on--load=\"callbacks.setButtonStyles\" data-wp-on--pointerdown=\"actions.preloadImage\" data-wp-on--pointerenter=\"actions.preloadImageWithDelay\" data-wp-on--pointerleave=\"actions.cancelPreload\" data-wp-on-window--resize=\"callbacks.setButtonStyles\" src=\"https:\/\/loudavymkrokem.cz\/wp-content\/uploads\/2026\/08\/barcelona-jak-se-dostat-z-letiste-el-prat-do-c.jpg\" alt=\"Jak dosta\u0107 si\u0119 z lotniska El Prat do centrum\" class=\"wp-image-376476\" title=\"\" srcset=\"https:\/\/loudavymkrokem.cz\/wp-content\/uploads\/2026\/08\/barcelona-jak-se-dostat-z-letiste-el-prat-do-c.jpg 1920w, https:\/\/loudavymkrokem.cz\/wp-content\/uploads\/2026\/08\/barcelona-jak-se-dostat-z-letiste-el-prat-do-c-300x268.jpg 300w, https:\/\/loudavymkrokem.cz\/wp-content\/uploads\/2026\/08\/barcelona-jak-se-dostat-z-letiste-el-prat-do-c-700x626.jpg 700w, https:\/\/loudavymkrokem.cz\/wp-content\/uploads\/2026\/08\/barcelona-jak-se-dostat-z-letiste-el-prat-do-c-768x687.jpg 768w, https:\/\/loudavymkrokem.cz\/wp-content\/uploads\/2026\/08\/barcelona-jak-se-dostat-z-letiste-el-prat-do-c-1536x1374.jpg 1536w, https:\/\/loudavymkrokem.cz\/wp-content\/uploads\/2026\/08\/barcelona-jak-se-dostat-z-letiste-el-prat-do-c-696x622.jpg 696w, https:\/\/loudavymkrokem.cz\/wp-content\/uploads\/2026\/08\/barcelona-jak-se-dostat-z-letiste-el-prat-do-c-1392x1245.jpg 1392w\" sizes=\"(max-width: 1920px) 100vw, 1920px\" \/><button\n\t\t\tclass=\"lightbox-trigger\"\n\t\t\ttype=\"button\"\n\t\t\taria-haspopup=\"dialog\"\n\t\t\tdata-wp-bind--aria-label=\"state.thisImage.triggerButtonAriaLabel\"\n\t\t\tdata-wp-init=\"callbacks.initTriggerButton\"\n\t\t\tdata-wp-on--click=\"actions.showLightbox\"\n\t\t\tdata-wp-style--right=\"state.thisImage.buttonRight\"\n\t\t\tdata-wp-style--top=\"state.thisImage.buttonTop\"\n\t\t>\n\t\t\t<svg xmlns=\"http:\/\/www.w3.org\/2000\/svg\" width=\"12\" height=\"12\" fill=\"none\" viewBox=\"0 0 12 12\">\n\t\t\t\t<path fill=\"#fff\" d=\"M2 0a2 2 0 0 0-2 2v2h1.5V2a.5.5 0 0 1 .5-.5h2V0H2Zm2 10.5H2a.5.5 0 0 1-.5-.5V8H0v2a2 2 0 0 0 2 2h2v-1.5ZM8 12v-1.5h2a.5.5 0 0 0 .5-.5V8H12v2a2 2 0 0 1-2 2H8Zm2-12a2 2 0 0 1 2 2v2h-1.5V2a.5.5 0 0 0-.5-.5H8V0h2Z\" \/>\n\t\t\t<\/svg>\n\t\t<\/button><figcaption class=\"wp-element-caption\">Foto: Didier Descouens \/ Wikimedia Commons, Public domain<\/figcaption><\/figure>\n\n\n\n<h3 class=\"wp-block-heading\"><span class=\"ez-toc-section\" id=\"10_Jak_dostac_sie_z_lotniska_El_Prat_do_centrum\"><\/span>10. Jak dosta\u0107 si\u0119 z lotniska El Prat do centrum<span class=\"ez-toc-section-end\"><\/span><\/h3>\n\n\n\n<p class=\"wp-block-paragraph\">Gdy w ko\u0144cu wyl\u0105dujesz na rozgrzanym barcelo\u0144skim lotnisku El Prat, czeka ci\u0119 ostatni logistyczny orzech do zgryzienia, kt\u00f3ry dzieli ci\u0119 od wyt\u0119sknionych spacer\u00f3w po starej dzielnicy gotyckiej. Najszybszym i najwygodniejszym wariantem jest bez w\u0105tpienia <strong>niebieski autobus lotniskowy zwany Aerob\u00fas<\/strong>, kt\u00f3ry zawiezie ci\u0119 prosto na centralny plac Pla\u00e7a de Catalunya bez zb\u0119dnych przystank\u00f3w.<\/p>\n\n\n\n<p class=\"wp-block-paragraph\">Ten bilet po niedawnej podwy\u017cce wyjdzie ci\u0119 na <strong>7,45 \u20ac (ok. 33 z\u0142) w jedn\u0105 stron\u0119<\/strong>, przy czym autobusy je\u017cd\u017c\u0105 z obu terminali T1 i T2 z absolutnie \u017celazn\u0105 regularno\u015bci\u0105. Jest to wprawdzie nieco dro\u017cej ni\u017c zwyk\u0142a komunikacja miejska, ale za to nie musisz taszczy\u0107 si\u0119 z ci\u0119\u017ckimi walizkami po nieko\u0144cz\u0105cych si\u0119 schodach w ciemnym podziemiu.<\/p>\n\n\n\n<p class=\"wp-block-paragraph\">Je\u015bli wolisz podr\u00f3\u017c pod ziemi\u0105, mo\u017cesz skorzysta\u0107 z nowoczesnej linii metra L9 Sud. Tutaj uwa\u017caj jednak mocno, bo <strong>popularny bilet T-casual w lotniskowym metrze w og\u00f3le nie obowi\u0105zuje<\/strong>, a nowoczesne bramki po prostu ci\u0119 z nim nie wpuszcz\u0105. Na podr\u00f3\u017c z lotniska musisz kupi\u0107 w automacie specjalny Bitllet Aeroport, kt\u00f3ry aktualnie kosztuje 5,90 \u20ac (ok. 26 z\u0142). Dla par zdecydowanie bardziej op\u0142aca si\u0119 bilet T-familiar, kt\u00f3ry w przeciwie\u0144stwie do T-casual jest przeno\u015bny na wi\u0119cej os\u00f3b.<\/p>\n\n\n\n<p class=\"wp-block-paragraph\">\ud83d\udca1 Wskaz\u00f3wka: Z terminala T2 do centrum je\u017adzi te\u017c klasyczny poci\u0105g podmiejski RENFE, na kt\u00f3ry <strong>za to mo\u017cesz bez problemu wykorzysta\u0107 zwyk\u0142y bilet<\/strong>, co czyni go zdecydowanie najta\u0144szym sposobem transportu.<\/p>\n\n\n\n<figure data-wp-context=\"{&quot;imageId&quot;:&quot;6a9544c3294f8&quot;}\" data-wp-interactive=\"core\/image\" data-wp-key=\"6a9544c3294f8\" class=\"wp-block-image size-full wp-lightbox-container\"><img decoding=\"async\" width=\"1600\" height=\"900\" data-wp-class--hide=\"state.isContentHidden\" data-wp-class--show=\"state.isContentVisible\" data-wp-init=\"callbacks.setButtonStyles\" data-wp-on--click=\"actions.showLightbox\" data-wp-on--load=\"callbacks.setButtonStyles\" data-wp-on--pointerdown=\"actions.preloadImage\" data-wp-on--pointerenter=\"actions.preloadImageWithDelay\" data-wp-on--pointerleave=\"actions.cancelPreload\" data-wp-on-window--resize=\"callbacks.setButtonStyles\" src=\"https:\/\/loudavymkrokem.cz\/wp-content\/uploads\/2026\/08\/barcelona-sarria-sant-gervasi-px.jpg\" alt=\"Ulica w Barcelonie ze stacj\u0105 rower\u00f3w miejskich\" class=\"wp-image-376449\" title=\"\" srcset=\"https:\/\/loudavymkrokem.cz\/wp-content\/uploads\/2026\/08\/barcelona-sarria-sant-gervasi-px.jpg 1600w, https:\/\/loudavymkrokem.cz\/wp-content\/uploads\/2026\/08\/barcelona-sarria-sant-gervasi-px-300x169.jpg 300w, https:\/\/loudavymkrokem.cz\/wp-content\/uploads\/2026\/08\/barcelona-sarria-sant-gervasi-px-700x394.jpg 700w, https:\/\/loudavymkrokem.cz\/wp-content\/uploads\/2026\/08\/barcelona-sarria-sant-gervasi-px-768x432.jpg 768w, https:\/\/loudavymkrokem.cz\/wp-content\/uploads\/2026\/08\/barcelona-sarria-sant-gervasi-px-1536x864.jpg 1536w, https:\/\/loudavymkrokem.cz\/wp-content\/uploads\/2026\/08\/barcelona-sarria-sant-gervasi-px-696x392.jpg 696w, https:\/\/loudavymkrokem.cz\/wp-content\/uploads\/2026\/08\/barcelona-sarria-sant-gervasi-px-1392x783.jpg 1392w\" sizes=\"(max-width: 1600px) 100vw, 1600px\" \/><button\n\t\t\tclass=\"lightbox-trigger\"\n\t\t\ttype=\"button\"\n\t\t\taria-haspopup=\"dialog\"\n\t\t\tdata-wp-bind--aria-label=\"state.thisImage.triggerButtonAriaLabel\"\n\t\t\tdata-wp-init=\"callbacks.initTriggerButton\"\n\t\t\tdata-wp-on--click=\"actions.showLightbox\"\n\t\t\tdata-wp-style--right=\"state.thisImage.buttonRight\"\n\t\t\tdata-wp-style--top=\"state.thisImage.buttonTop\"\n\t\t>\n\t\t\t<svg xmlns=\"http:\/\/www.w3.org\/2000\/svg\" width=\"12\" height=\"12\" fill=\"none\" viewBox=\"0 0 12 12\">\n\t\t\t\t<path fill=\"#fff\" d=\"M2 0a2 2 0 0 0-2 2v2h1.5V2a.5.5 0 0 1 .5-.5h2V0H2Zm2 10.5H2a.5.5 0 0 1-.5-.5V8H0v2a2 2 0 0 0 2 2h2v-1.5ZM8 12v-1.5h2a.5.5 0 0 0 .5-.5V8H12v2a2 2 0 0 1-2 2H8Zm2-12a2 2 0 0 1 2 2v2h-1.5V2a.5.5 0 0 0-.5-.5H8V0h2Z\" \/>\n\t\t\t<\/svg>\n\t\t<\/button><\/figure>\n\n\n\n<h3 class=\"wp-block-heading\"><span class=\"ez-toc-section\" id=\"11_Wycieczka_z_biurem_podrozy_vs_podroz_na_wlasna_reke\"><\/span>11. Wycieczka z biurem podr\u00f3\u017cy vs. podr\u00f3\u017c na w\u0142asn\u0105 r\u0119k\u0119<span class=\"ez-toc-section-end\"><\/span><\/h3>\n\n\n\n<p class=\"wp-block-paragraph\">Przy podr\u00f3\u017cowaniu po po\u0142udniowej Europie wielu z nas ju\u017c dawno przywyk\u0142o, \u017ce turystyka indywidualna zawsze pokona biuro podr\u00f3\u017cy w ca\u0142kowitej cenie. Do\u015bwiadczony low-cost podr\u00f3\u017cnik ogarnie trzy dni w Barcelonie spokojnie za oko\u0142o 1200 z\u0142, przeci\u0119tny turysta zmie\u015bci si\u0119 w oko\u0142o 2700 z\u0142, natomiast <strong>biuro podr\u00f3\u017cy sprzedaje przed\u0142u\u017cony weekend mniej wi\u0119cej od 3400 z\u0142<\/strong> za osob\u0119. Kompletny urlop dla dwojga z biurem podr\u00f3\u017cy wyjdzie ci\u0119 spokojnie na oko\u0142o 7000 z\u0142.<\/p>\n\n\n\n<p class=\"wp-block-paragraph\">Czy to znaczy, \u017ce ludzie nie umiej\u0105 szuka\u0107 tanich bilet\u00f3w w internecie? Wcale nie. G\u0142\u00f3wnym argumentem sprzeda\u017cowym biura podr\u00f3\u017cy w przypadku Barcelony nie jest bowiem sama cena, ale raczej <strong>ca\u0142kowite pozbycie si\u0119 wszelkiego ci\u0119\u017caru decyzyjnego<\/strong>. Miasto jest bowiem przy planowaniu jednym z najbardziej wyczerpuj\u0105cych miejsc w Europie, gdzie musisz nieustannie pilnowa\u0107 ogromnej ilo\u015bci szczeg\u00f3\u0142\u00f3w i system\u00f3w rezerwacji.<\/p>\n\n\n\n<p class=\"wp-block-paragraph\">Musisz z g\u00f3ry rozwi\u0105zywa\u0107, \u017ce bilety do \u015bwi\u0105tyni Sagrada Fam\u00edlia bywaj\u0105 wyprzedane dwa tygodnie naprz\u00f3d, popularny Park G\u00fcell ma \u015bci\u015ble wyznaczane sloty czasowe z zerow\u0105 tolerancj\u0105 dla sp\u00f3\u017anienia, a <strong>w hotelu przy p\u0142aceniu zaskoczy ci\u0119 podatek turystyczny spokojnie 12 \u20ac (ok. 53 z\u0142) od osoby za noc<\/strong>, kt\u00f3rego wcze\u015bniej na Bookingu w og\u00f3le nie widzia\u0142e\u015b.<\/p>\n\n\n\n<p class=\"wp-block-paragraph\">Poczucie, \u017ce o nic z tego nie musisz si\u0119 martwi\u0107, a tw\u00f3j pilot ma wszystkie drogie bilety ju\u017c dawno bezpiecznie w kieszeni, jest dla zm\u0119czonego pracuj\u0105cego cz\u0142owieka po prostu bezcenne. <strong>Je\u015bli szukasz absolutnej wolno\u015bci, zaplanuj to sam<\/strong>, ale je\u015bli chcesz tylko od\u0142\u0105czy\u0107 g\u0142ow\u0119 i cieszy\u0107 si\u0119 tapas, wycieczka z biurem podr\u00f3\u017cy ma ogromny sens.<\/p>\n\n\n\n<p class=\"wp-block-paragraph\">\ud83d\udca1 Wskaz\u00f3wka: Sprawd\u017a z g\u00f3ry dok\u0142adn\u0105 wysoko\u015b\u0107 podatku turystycznego dla twojego typu noclegu, bo hotele pi\u0119ciogwiazdkowe p\u0142ac\u0105 wspomniane 12 \u20ac, natomiast <strong>w zwyk\u0142ym apartamencie turystycznym zap\u0142acisz 9,50 \u20ac za noc<\/strong>.<\/p>\n\n\n\n<figure data-wp-context=\"{&quot;imageId&quot;:&quot;6a9544c329a34&quot;}\" data-wp-interactive=\"core\/image\" data-wp-key=\"6a9544c329a34\" class=\"wp-block-image size-full wp-lightbox-container\"><img decoding=\"async\" width=\"1333\" height=\"2000\" data-wp-class--hide=\"state.isContentHidden\" data-wp-class--show=\"state.isContentVisible\" data-wp-init=\"callbacks.setButtonStyles\" data-wp-on--click=\"actions.showLightbox\" data-wp-on--load=\"callbacks.setButtonStyles\" data-wp-on--pointerdown=\"actions.preloadImage\" data-wp-on--pointerenter=\"actions.preloadImageWithDelay\" data-wp-on--pointerleave=\"actions.cancelPreload\" data-wp-on-window--resize=\"callbacks.setButtonStyles\" src=\"https:\/\/loudavymkrokem.cz\/wp-content\/uploads\/2026\/08\/barcelona-rooftop-panorama.jpg\" alt=\"Panorama Barcelony z tarasu na dachu hotelu\" class=\"wp-image-376354\" title=\"\" srcset=\"https:\/\/loudavymkrokem.cz\/wp-content\/uploads\/2026\/08\/barcelona-rooftop-panorama.jpg 1333w, https:\/\/loudavymkrokem.cz\/wp-content\/uploads\/2026\/08\/barcelona-rooftop-panorama-200x300.jpg 200w, https:\/\/loudavymkrokem.cz\/wp-content\/uploads\/2026\/08\/barcelona-rooftop-panorama-700x1050.jpg 700w, https:\/\/loudavymkrokem.cz\/wp-content\/uploads\/2026\/08\/barcelona-rooftop-panorama-768x1152.jpg 768w, https:\/\/loudavymkrokem.cz\/wp-content\/uploads\/2026\/08\/barcelona-rooftop-panorama-1024x1536.jpg 1024w, https:\/\/loudavymkrokem.cz\/wp-content\/uploads\/2026\/08\/barcelona-rooftop-panorama-696x1044.jpg 696w\" sizes=\"(max-width: 1333px) 100vw, 1333px\" \/><button\n\t\t\tclass=\"lightbox-trigger\"\n\t\t\ttype=\"button\"\n\t\t\taria-haspopup=\"dialog\"\n\t\t\tdata-wp-bind--aria-label=\"state.thisImage.triggerButtonAriaLabel\"\n\t\t\tdata-wp-init=\"callbacks.initTriggerButton\"\n\t\t\tdata-wp-on--click=\"actions.showLightbox\"\n\t\t\tdata-wp-style--right=\"state.thisImage.buttonRight\"\n\t\t\tdata-wp-style--top=\"state.thisImage.buttonTop\"\n\t\t>\n\t\t\t<svg xmlns=\"http:\/\/www.w3.org\/2000\/svg\" width=\"12\" height=\"12\" fill=\"none\" viewBox=\"0 0 12 12\">\n\t\t\t\t<path fill=\"#fff\" d=\"M2 0a2 2 0 0 0-2 2v2h1.5V2a.5.5 0 0 1 .5-.5h2V0H2Zm2 10.5H2a.5.5 0 0 1-.5-.5V8H0v2a2 2 0 0 0 2 2h2v-1.5ZM8 12v-1.5h2a.5.5 0 0 0 .5-.5V8H12v2a2 2 0 0 1-2 2H8Zm2-12a2 2 0 0 1 2 2v2h-1.5V2a.5.5 0 0 0-.5-.5H8V0h2Z\" \/>\n\t\t\t<\/svg>\n\t\t<\/button><\/figure>\n\n\n\n<h2 class=\"wp-block-heading\"><span class=\"ez-toc-section\" id=\"Praktyczne_podsumowanie_i_orientacyjne_ceny\"><\/span>Praktyczne podsumowanie i orientacyjne ceny<span class=\"ez-toc-section-end\"><\/span><\/h2>\n\n\n\n<p class=\"wp-block-paragraph\"><strong>Planowanie bud\u017cetu<\/strong> to podstawa sukcesu, dlatego zebrali\u015bmy dla ciebie <strong>najwa\u017cniejsze kwoty<\/strong>, z kt\u00f3rymi musisz w 2026 roku realnie si\u0119 liczy\u0107.<\/p>\n\n\n\n<ul class=\"wp-block-list\">\n\n<li>  <strong>\u015aredni bilet w jedn\u0105 stron\u0119 (latem):<\/strong> ok. 420 z\u0142 (orientacyjnie wed\u0142ug por\u00f3wnywarek)<\/li>\n\n\n\n<li>  <strong>Kara u Ryanaira za du\u017c\u0105 walizk\u0119:<\/strong> 35 \u20ac do 69,99 \u20ac (155 z\u0142 \u2013 310 z\u0142)<\/li>\n\n\n\n<li>  <strong>Autobus z lotniska Girona do centrum:<\/strong> 22 \u20ac (100 z\u0142)<\/li>\n\n\n\n<li>  <strong>Bilet na Aerob\u00fas (lotnisko El Prat):<\/strong> 7,45 \u20ac (33 z\u0142)<\/li>\n\n\n\n<li>  <strong>Specjalny bilet na lotniskowe metro L9 Sud:<\/strong> 5,90 \u20ac (26 z\u0142)<\/li>\n\n\n\n<li>  <strong>Kara za wjazd autem do strefy ZBE bez rejestracji:<\/strong> 200 \u20ac (900 z\u0142)<\/li>\n\n\n\n<li>  <strong>Podatek turystyczny w hotelu 5*:<\/strong> 12 \u20ac \/ osoba \/ noc (53 z\u0142)<\/li>\n\n\n\n<li>  <strong>Podatek turystyczny w apartamencie:<\/strong> 9,50 \u20ac \/ osoba \/ noc (42 z\u0142)<\/li>\n\n\n<\/ul>\n\n\n\n<figure data-wp-context=\"{&quot;imageId&quot;:&quot;6a9544c329f43&quot;}\" data-wp-interactive=\"core\/image\" data-wp-key=\"6a9544c329f43\" class=\"wp-block-image size-full wp-lightbox-container\"><img decoding=\"async\" width=\"1333\" height=\"2000\" data-wp-class--hide=\"state.isContentHidden\" data-wp-class--show=\"state.isContentVisible\" data-wp-init=\"callbacks.setButtonStyles\" data-wp-on--click=\"actions.showLightbox\" data-wp-on--load=\"callbacks.setButtonStyles\" data-wp-on--pointerdown=\"actions.preloadImage\" data-wp-on--pointerenter=\"actions.preloadImageWithDelay\" data-wp-on--pointerleave=\"actions.cancelPreload\" data-wp-on-window--resize=\"callbacks.setButtonStyles\" src=\"https:\/\/loudavymkrokem.cz\/wp-content\/uploads\/2026\/08\/park-guell-panorama-domky.jpg\" alt=\"Park G\u00fcell, domki i panorama Barcelony\" class=\"wp-image-376305\" title=\"\" srcset=\"https:\/\/loudavymkrokem.cz\/wp-content\/uploads\/2026\/08\/park-guell-panorama-domky.jpg 1333w, https:\/\/loudavymkrokem.cz\/wp-content\/uploads\/2026\/08\/park-guell-panorama-domky-200x300.jpg 200w, https:\/\/loudavymkrokem.cz\/wp-content\/uploads\/2026\/08\/park-guell-panorama-domky-700x1050.jpg 700w, https:\/\/loudavymkrokem.cz\/wp-content\/uploads\/2026\/08\/park-guell-panorama-domky-768x1152.jpg 768w, https:\/\/loudavymkrokem.cz\/wp-content\/uploads\/2026\/08\/park-guell-panorama-domky-1024x1536.jpg 1024w, https:\/\/loudavymkrokem.cz\/wp-content\/uploads\/2026\/08\/park-guell-panorama-domky-696x1044.jpg 696w\" sizes=\"(max-width: 1333px) 100vw, 1333px\" \/><button\n\t\t\tclass=\"lightbox-trigger\"\n\t\t\ttype=\"button\"\n\t\t\taria-haspopup=\"dialog\"\n\t\t\tdata-wp-bind--aria-label=\"state.thisImage.triggerButtonAriaLabel\"\n\t\t\tdata-wp-init=\"callbacks.initTriggerButton\"\n\t\t\tdata-wp-on--click=\"actions.showLightbox\"\n\t\t\tdata-wp-style--right=\"state.thisImage.buttonRight\"\n\t\t\tdata-wp-style--top=\"state.thisImage.buttonTop\"\n\t\t>\n\t\t\t<svg xmlns=\"http:\/\/www.w3.org\/2000\/svg\" width=\"12\" height=\"12\" fill=\"none\" viewBox=\"0 0 12 12\">\n\t\t\t\t<path fill=\"#fff\" d=\"M2 0a2 2 0 0 0-2 2v2h1.5V2a.5.5 0 0 1 .5-.5h2V0H2Zm2 10.5H2a.5.5 0 0 1-.5-.5V8H0v2a2 2 0 0 0 2 2h2v-1.5ZM8 12v-1.5h2a.5.5 0 0 0 .5-.5V8H12v2a2 2 0 0 1-2 2H8Zm2-12a2 2 0 0 1 2 2v2h-1.5V2a.5.5 0 0 0-.5-.5H8V0h2Z\" \/>\n\t\t\t<\/svg>\n\t\t<\/button><\/figure>\n\n\n\n<h2 class=\"wp-block-heading\"><span class=\"ez-toc-section\" id=\"Dokad_dalej\"><\/span>Dok\u0105d dalej<span class=\"ez-toc-section-end\"><\/span><\/h2>\n\n\n\n<p class=\"wp-block-paragraph\">Do Barcelony mamy te\u017c te szczeg\u00f3\u0142owe przewodniki:<\/p>\n\n\n\n<ul class=\"wp-block-list\">\n\n<li><a href=\"https:\/\/loudavymkrokem.cz\/pl\/?p=376361\">Ceny w Barcelonie: bud\u017cet i podatek turystyczny<\/a><\/li>\n\n\n<\/ul>\n\n\n\n<p class=\"wp-block-paragraph\">Je\u015bli interesuj\u0105 ci\u0119 kolejne szczeg\u00f3\u0142y idealnego urlopu w Hiszpanii, koniecznie zajrzyj do naszych innych artyku\u0142\u00f3w, w kt\u00f3rych omawiamy wszystko od nocleg\u00f3w a\u017c po najlepsze zabytki.<\/p>\n\n\n\n<ul class=\"wp-block-list\">\n\n<li>  <a href=\"https:\/\/loudavymkrokem.cz\/pl\/barcelona-hiszpania-atrakcje\/\">Co zobaczy\u0107 w Barcelonie: 25+ wskaz\u00f3wek<\/a><\/li>\n\n\n\n<li>  <a href=\"https:\/\/loudavymkrokem.cz\/pl\/?p=376277\">Pogoda w Barcelonie: temperatury miesi\u0105c po miesi\u0105cu i kiedy jecha\u0107<\/a><\/li>\n\n\n\n<li>  <a href=\"https:\/\/loudavymkrokem.cz\/pl\/?p=376352\">Transport w Barcelonie: metro, bilety i lotnisko<\/a><\/li>\n\n\n\n<li>  <a href=\"https:\/\/loudavymkrokem.cz\/pl\/gdzie-mieszkac-barcelona-hiszpania\/\">Gdzie mieszka\u0107 w Barcelonie: 10 dzielnic<\/a><\/li>\n\n\n\n<li>  <a href=\"https:\/\/loudavymkrokem.cz\/pl\/girona-hiszpania-atrakcje\/\">Girona, Hiszpania: 16 wskaz\u00f3wek, co zobaczy\u0107<\/a><\/li>\n\n\n\n<li>  <a href=\"https:\/\/loudavymkrokem.cz\/pl\/hiszpania-najlepsze-miejsca-wakacje\/\">Urlop w Hiszpanii: 17 wskaz\u00f3wek, dok\u0105d si\u0119 wybra\u0107<\/a><\/li>\n\n\n<\/ul>\n\n\n\n<figure data-wp-context=\"{&quot;imageId&quot;:&quot;6a9544c32a6fa&quot;}\" data-wp-interactive=\"core\/image\" data-wp-key=\"6a9544c32a6fa\" class=\"wp-block-image size-full wp-lightbox-container\"><img decoding=\"async\" width=\"2000\" height=\"1333\" data-wp-class--hide=\"state.isContentHidden\" data-wp-class--show=\"state.isContentVisible\" data-wp-init=\"callbacks.setButtonStyles\" data-wp-on--click=\"actions.showLightbox\" data-wp-on--load=\"callbacks.setButtonStyles\" data-wp-on--pointerdown=\"actions.preloadImage\" data-wp-on--pointerenter=\"actions.preloadImageWithDelay\" data-wp-on--pointerleave=\"actions.cancelPreload\" data-wp-on-window--resize=\"callbacks.setButtonStyles\" src=\"https:\/\/loudavymkrokem.cz\/wp-content\/uploads\/2026\/08\/arc-de-triomf-palmy.jpg\" alt=\"Arc de Triomf w Barcelonie w\u015br\u00f3d palm\" class=\"wp-image-376340\" title=\"\" srcset=\"https:\/\/loudavymkrokem.cz\/wp-content\/uploads\/2026\/08\/arc-de-triomf-palmy.jpg 2000w, https:\/\/loudavymkrokem.cz\/wp-content\/uploads\/2026\/08\/arc-de-triomf-palmy-300x200.jpg 300w, https:\/\/loudavymkrokem.cz\/wp-content\/uploads\/2026\/08\/arc-de-triomf-palmy-700x467.jpg 700w, https:\/\/loudavymkrokem.cz\/wp-content\/uploads\/2026\/08\/arc-de-triomf-palmy-768x512.jpg 768w, https:\/\/loudavymkrokem.cz\/wp-content\/uploads\/2026\/08\/arc-de-triomf-palmy-1536x1024.jpg 1536w, https:\/\/loudavymkrokem.cz\/wp-content\/uploads\/2026\/08\/arc-de-triomf-palmy-696x464.jpg 696w, https:\/\/loudavymkrokem.cz\/wp-content\/uploads\/2026\/08\/arc-de-triomf-palmy-1392x928.jpg 1392w, https:\/\/loudavymkrokem.cz\/wp-content\/uploads\/2026\/08\/arc-de-triomf-palmy-1920x1280.jpg 1920w\" sizes=\"(max-width: 2000px) 100vw, 2000px\" \/><button\n\t\t\tclass=\"lightbox-trigger\"\n\t\t\ttype=\"button\"\n\t\t\taria-haspopup=\"dialog\"\n\t\t\tdata-wp-bind--aria-label=\"state.thisImage.triggerButtonAriaLabel\"\n\t\t\tdata-wp-init=\"callbacks.initTriggerButton\"\n\t\t\tdata-wp-on--click=\"actions.showLightbox\"\n\t\t\tdata-wp-style--right=\"state.thisImage.buttonRight\"\n\t\t\tdata-wp-style--top=\"state.thisImage.buttonTop\"\n\t\t>\n\t\t\t<svg xmlns=\"http:\/\/www.w3.org\/2000\/svg\" width=\"12\" height=\"12\" fill=\"none\" viewBox=\"0 0 12 12\">\n\t\t\t\t<path fill=\"#fff\" d=\"M2 0a2 2 0 0 0-2 2v2h1.5V2a.5.5 0 0 1 .5-.5h2V0H2Zm2 10.5H2a.5.5 0 0 1-.5-.5V8H0v2a2 2 0 0 0 2 2h2v-1.5ZM8 12v-1.5h2a.5.5 0 0 0 .5-.5V8H12v2a2 2 0 0 1-2 2H8Zm2-12a2 2 0 0 1 2 2v2h-1.5V2a.5.5 0 0 0-.5-.5H8V0h2Z\" \/>\n\t\t\t<\/svg>\n\t\t<\/button><\/figure>\n\n\n\n<h2 class=\"wp-block-heading\"><span class=\"ez-toc-section\" id=\"Najczesciej_zadawane_pytania\"><\/span>Najcz\u0119\u015bciej zadawane pytania<span class=\"ez-toc-section-end\"><\/span><\/h2>\n\n\n<div id=\"rank-math-faq\" class=\"rank-math-block\">\n<div class=\"rank-math-list \">\n<div id=\"faq-question-1785837102000\" class=\"rank-math-list-item\">\n<h3 class=\"rank-math-question \"><span class=\"ez-toc-section\" id=\"Jak_dlugo_trwa_lot_do_Barcelony_z_Warszawy\"><\/span>Jak d\u0142ugo trwa lot do Barcelony z Warszawy?<span class=\"ez-toc-section-end\"><\/span><\/h3>\n<div class=\"rank-math-answer \">\n\n<p>Bezpo\u015bredni lot z Warszawy na barcelo\u0144skie lotnisko El Prat trwa bardzo przyjemne 2 godziny i 30 minut, podczas kt\u00f3rych pokonujesz odleg\u0142o\u015b\u0107 oko\u0142o 1 760 kilometr\u00f3w. W sezonie letnim mo\u017cesz dodatkowo wybiera\u0107 z kilku r\u00f3\u017cnych lot\u00f3w dziennie, co daje ogromn\u0105 elastyczno\u015b\u0107 przy planowaniu podr\u00f3\u017cy.<\/p>\n\n<\/div>\n<\/div>\n<div id=\"faq-question-1785837102001\" class=\"rank-math-list-item\">\n<h3 class=\"rank-math-question \"><span class=\"ez-toc-section\" id=\"Ile_orientacyjnie_kosztuje_bilet_lotniczy\"><\/span>Ile orientacyjnie kosztuje bilet lotniczy?<span class=\"ez-toc-section-end\"><\/span><\/h3>\n<div class=\"rank-math-answer \">\n\n<p>Ceny bardzo si\u0119 r\u00f3\u017cni\u0105 w zale\u017cno\u015bci od wyprzedzenia i sezonu, ale latem liczy\u0107 nale\u017cy ze \u015bredni\u0105 cen\u0105 oko\u0142o 550 z\u0142 za jeden kierunek ca\u0142kowicie bez baga\u017cu. Chocia\u017c wyszukiwarki mog\u0105 pokazywa\u0107 bilety od 300 z\u0142, te taryfy bywaj\u0105 dost\u0119pne raczej poza g\u0142\u00f3wnym sezonem wakacyjnym i w mniej atrakcyjne dni.<\/p>\n\n<\/div>\n<\/div>\n<div id=\"faq-question-1785837102002\" class=\"rank-math-list-item\">\n<h3 class=\"rank-math-question \"><span class=\"ez-toc-section\" id=\"Czy_zwykly_bilet_na_metro_obowiazuje_z_lotniska\"><\/span>Czy zwyk\u0142y bilet na metro obowi\u0105zuje z lotniska?<span class=\"ez-toc-section-end\"><\/span><\/h3>\n<div class=\"rank-math-answer \">\n\n<p>Niestety nie obowi\u0105zuje, klasyczny bilet T-casual w og\u00f3le nie przepu\u015bci Ci\u0119 przez bramki na nowoczesn\u0105 lini\u0119 lotniskow\u0105 L9 Sud. Musisz kupi\u0107 specjalny Bitllet Aeroport, kt\u00f3ry obecnie kosztuje 5,90 \u20ac. Je\u015bli chcesz zaoszcz\u0119dzi\u0107, skorzystaj z poci\u0105gu podmiejskiego RENFE z terminalu T2, gdzie zwyk\u0142y bilet normalnie obowi\u0105zuje.<\/p>\n\n<\/div>\n<\/div>\n<div id=\"faq-question-1785837102003\" class=\"rank-math-list-item\">\n<h3 class=\"rank-math-question \"><span class=\"ez-toc-section\" id=\"Czy_moge_jechac_do_centrum_Barcelony_samochodem\"><\/span>Czy mog\u0119 jecha\u0107 do centrum Barcelony samochodem?<span class=\"ez-toc-section-end\"><\/span><\/h3>\n<div class=\"rank-math-answer \">\n\n<p>Teoretycznie mo\u017cesz, ale w praktyce stanowczo tego nie polecamy ze wzgl\u0119du na surow\u0105 stref\u0119 niskoemisyjn\u0105 ZBE, kt\u00f3ra obejmuje ca\u0142e centrum. Samochody zagraniczne musz\u0105 by\u0107 wcze\u015bniej bezp\u0142atnie zarejestrowane online w systemie AMB i spe\u0142nia\u0107 normy emisyjne, w przeciwnym razie ryzykuj\u0105 automatyczny mandat 200 \u20ac z inteligentnego systemu kamer.<\/p>\n\n<\/div>\n<\/div>\n<div id=\"faq-question-1785837102004\" class=\"rank-math-list-item\">\n<h3 class=\"rank-math-question \"><span class=\"ez-toc-section\" id=\"Czy_mozna_dojechac_do_Barcelony_wygodnie_pociagiem\"><\/span>Czy mo\u017cna dojecha\u0107 do Barcelony wygodnie poci\u0105giem?<span class=\"ez-toc-section-end\"><\/span><\/h3>\n<div class=\"rank-math-answer \">\n\n<p>Zdecydowanie tak i ma to ogromny sens, je\u015bli ze wzgl\u0119d\u00f3w zdrowotnych nie mo\u017cesz lata\u0107. Najcz\u0119stsza trasa wiedzie przez Berlin, Frankfurt i Strasburg, gdzie mo\u017cna przenocowa\u0107, a nast\u0119pnie przez Lyon a\u017c do Hiszpanii. Drug\u0105 opcj\u0105 jest bezpo\u015brednie TGV z Pary\u017ca, kt\u00f3re pokonuje drog\u0119 nad morze w 6 godzin i 15 minut.<\/p>\n\n<\/div>\n<\/div>\n<div id=\"faq-question-1785837102005\" class=\"rank-math-list-item\">\n<h3 class=\"rank-math-question \"><span class=\"ez-toc-section\" id=\"Na_co_uwazac_u_tanich_linii_lotniczych_jak_Ryanair\"><\/span>Na co uwa\u017ca\u0107 u tanich linii lotniczych jak Ryanair?<span class=\"ez-toc-section-end\"><\/span><\/h3>\n<div class=\"rank-math-answer \">\n\n<p>Najwi\u0119kszym problemem s\u0105 ukryte op\u0142aty za baga\u017c bezpo\u015brednio przy bramce odlotowej. Je\u015bli nie kupisz us\u0142ugi Priority i przyjdziesz z du\u017c\u0105 walizk\u0105 kabinow\u0105, kt\u00f3ra nie mie\u015bci si\u0119 w limicie 40 \u00d7 20 \u00d7 25 centymetr\u00f3w, zap\u0142acisz tward\u0105 kar\u0119 35 \u20ac, kt\u00f3ra przy jeszcze wi\u0119kszych baga\u017cach wzrasta a\u017c do 70 \u20ac.<\/p>\n\n<\/div>\n<\/div>\n<div id=\"faq-question-1785837102006\" class=\"rank-math-list-item\">\n<h3 class=\"rank-math-question \"><span class=\"ez-toc-section\" id=\"Czy_oplaca_sie_leciec_na_dalsze_lotniska_Girona_lub_Reus\"><\/span>Czy op\u0142aca si\u0119 lecie\u0107 na dalsze lotniska Girona lub Reus?<span class=\"ez-toc-section-end\"><\/span><\/h3>\n<div class=\"rank-math-answer \">\n\n<p>Je\u015bli kierujesz si\u0119 bezpo\u015brednio do Barcelony, to zwykle w og\u00f3le si\u0119 nie op\u0142aca. Transfer autobusem z tych lotnisk kosztuje dodatkowe 15 do 22 \u20ac za jeden kierunek, a podr\u00f3\u017c trwa ponad godzin\u0119 i kwadrans, wi\u0119c zaoszcz\u0119dzone pieni\u0105dze za ta\u0144szy bilet finalnie wydasz na \u017cmudny dojazd do centrum i stracisz mn\u00f3stwo czasu.<\/p>\n\n<\/div>\n<\/div>\n<\/div>\n<\/div>","protected":false},"excerpt":{"rendered":"<p>Planujesz wyjazd do Barcelony w Hiszpanii? Podpowiemy ci, jakie bilety lotnicze wybra\u0107, na co uwa\u017ca\u0107 przy baga\u017cu i jak dojecha\u0107 poci\u0105giem, je\u015bli nie latasz.<\/p>\n","protected":false},"author":3,"featured_media":376474,"comment_status":"open","ping_status":"open","sticky":false,"template":"","format":"standard","meta":{"_acf_changed":false,"footnotes":"","rank_math_title":"Barcelona Hiszpania: jak dojecha\u0107, loty i ceny 2026","rank_math_description":"Barcelona w Hiszpanii \u2014 sprawd\u017a, jak tam dojecha\u0107: loty z Polski, ceny bilet\u00f3w, baga\u017c, poci\u0105g i transport z lotniska El Prat. Zaplanuj podr\u00f3\u017c ju\u017c teraz!","rank_math_focus_keyword":"barcelona hiszpania","rank_math_seo_score":""},"categories":[267,307,1479,740],"tags":[],"class_list":["post-409313","post","type-post","status-publish","format-standard","has-post-thumbnail","category-europa","category-hiszpania","category-katalonia","category-podroze"],"acf":[],"featured_image_src":"https:\/\/loudavymkrokem.cz\/wp-content\/uploads\/2026\/08\/barcelona-vueling-a-jejich-odstupnovana-kila-px.jpg","author_info":{"display_name":"Lucie Kone\u010dn\u00e1","author_link":"https:\/\/loudavymkrokem.cz\/pl\/author\/lucie-konecna\/"},"_links":{"self":[{"href":"https:\/\/loudavymkrokem.cz\/pl\/wp-json\/wp\/v2\/posts\/409313","targetHints":{"allow":["GET"]}}],"collection":[{"href":"https:\/\/loudavymkrokem.cz\/pl\/wp-json\/wp\/v2\/posts"}],"about":[{"href":"https:\/\/loudavymkrokem.cz\/pl\/wp-json\/wp\/v2\/types\/post"}],"author":[{"embeddable":true,"href":"https:\/\/loudavymkrokem.cz\/pl\/wp-json\/wp\/v2\/users\/3"}],"replies":[{"embeddable":true,"href":"https:\/\/loudavymkrokem.cz\/pl\/wp-json\/wp\/v2\/comments?post=409313"}],"version-history":[{"count":2,"href":"https:\/\/loudavymkrokem.cz\/pl\/wp-json\/wp\/v2\/posts\/409313\/revisions"}],"predecessor-version":[{"id":409315,"href":"https:\/\/loudavymkrokem.cz\/pl\/wp-json\/wp\/v2\/posts\/409313\/revisions\/409315"}],"wp:featuredmedia":[{"embeddable":true,"href":"https:\/\/loudavymkrokem.cz\/pl\/wp-json\/wp\/v2\/media\/376474"}],"wp:attachment":[{"href":"https:\/\/loudavymkrokem.cz\/pl\/wp-json\/wp\/v2\/media?parent=409313"}],"wp:term":[{"taxonomy":"category","embeddable":true,"href":"https:\/\/loudavymkrokem.cz\/pl\/wp-json\/wp\/v2\/categories?post=409313"},{"taxonomy":"post_tag","embeddable":true,"href":"https:\/\/loudavymkrokem.cz\/pl\/wp-json\/wp\/v2\/tags?post=409313"}],"curies":[{"name":"wp","href":"https:\/\/api.w.org\/{rel}","templated":true}]}}