{"id":231425,"date":"2023-12-14T16:39:54","date_gmt":"2023-12-14T15:39:54","guid":{"rendered":"https:\/\/loudavymkrokem.cz\/?p=231425"},"modified":"2026-08-26T13:17:24","modified_gmt":"2026-08-26T11:17:24","slug":"karolowa-praga-czechy","status":"publish","type":"post","link":"https:\/\/loudavymkrokem.cz\/pl\/karolowa-praga-czechy\/","title":{"rendered":"Karolova Praga \u2013 wydarzenia kulturalne z 2016 roku"},"content":{"rendered":"\n<!-- lk-tldr -->\n<div class=\"lk-tldr\" style=\"background:#f7f5f0;border-left:4px solid #c39f76;border-radius:0 10px 10px 0;padding:14px 18px;margin:0 0 26px;font-size:15px;line-height:1.65;\"><strong style=\"display:block;font-size:12px;text-transform:uppercase;letter-spacing:.06em;color:#a9885a;margin-bottom:5px;\">TL;DR<\/strong>Karolinska Praga to du\u017cy projekt kulturalny z 2016 roku, zorganizowany z okazji 700. rocznicy narodzin <strong>Karola IV<\/strong>, urodzonego w 1316 roku. Obejmowa\u0142 wystawy, koncerty, festiwale i uroczysto\u015bci zwi\u0105zane z jego \u017cyciem i epok\u0105. Wydarzenia odbywa\u0142y si\u0119 w 24 miejscach zwi\u0105zanych z <strong>Karolem IV<\/strong>, mi\u0119dzy innymi na <strong>Zamku Praskim<\/strong>, na <strong>Mo\u015bcie Karola<\/strong>, na <strong>Wyszehradzie<\/strong>, w katedrze \u015bw. Wita oraz w Karolinum. Oryginalna strona projektu, prowadzona przez Prask\u0105 S\u0142u\u017cb\u0119 Informacyjn\u0105, zosta\u0142a zamkni\u0119ta, wi\u0119c szczeg\u00f3\u0142y znajdziesz dzi\u015b tylko w zachowanej broszurze do pobrania albo w tym archiwalnym przegl\u0105dzie wydarzenia.<\/div>\n<!-- \/lk-tldr -->\n\n\n\n<p class=\"wp-block-paragraph\"><strong>Projekt \u201eKarolowa Praga&#8221; (Karlova Praha) to rozleg\u0142e wydarzenie kulturalne, kt\u00f3re odby\u0142o si\u0119 w Pradze w Czechach z okazji 700. rocznicy urodzin Karola IV. (urodzi\u0142 si\u0119 w 1316 roku).<\/strong><\/p>\n\n\n\n<p class=\"wp-block-paragraph\"><strong>Oryginalna strona projektu<\/strong>, prowadzona przez Prask\u0105 S\u0142u\u017cb\u0119 Informacyjn\u0105, zosta\u0142a zamkni\u0119ta i o tym wydarzeniu nie dowiesz si\u0119 ju\u017c nigdzie indziej ni\u017c u nas.<\/p>\n\n\n\n<p class=\"wp-block-paragraph\">Przez ca\u0142y 2016 rok w Pradze odbywa\u0142a si\u0119 ca\u0142a seria ciekawych wystaw, koncert\u00f3w, festiwali i uroczysto\u015bci, kt\u00f3rych wsp\u00f3lnym tematem by\u0142o <strong>\u017cycie i czasy Karola IV.<\/strong>, czeskiego kr\u00f3la i cesarza \u015awi\u0119tego Cesarstwa Rzymskiego.<\/p>\n\n\n\n<!-- LKM_GYG_CARD start q=\"praha\" lang=\"pl\" rendered=\"2026-08-26T11:17:22+00:00\" v=\"1\" -->\n<style id=\"lk-gyg-styles\">\n@import url(\"https:\/\/fonts.googleapis.com\/css2?family=Playfair+Display:wght@700&family=DM+Sans:wght@300;400;500;600&display=swap\");\n\/* === LK GYG karty \u2014 CRO redesign 2026-05 (namespace .lkx-) ===\n   C\u00edl: vy\u0161\u0161\u00ed CTR (hero + v\u00fdrazn\u00fd social proof + ak\u010dn\u00ed CTA, m\u00e9n\u011b \"reklamn\u00ed\").\n   Injektuje se inline do prvn\u00edho markeru postu (refresh_cards.py --inline-css). *\/\n.lkx-module, .lkx-module *{box-sizing:border-box;margin:0;padding:0}\n.lkx-module{\n  font-family:'DM Sans',-apple-system,Segoe UI,Roboto,Georgia,sans-serif;\n  max-width:860px;margin:2.5rem auto;color:#1f2328;\n}\n\n\/* HEADER \u2014 lehk\u00fd editorsk\u00fd, \u017e\u00e1dn\u00fd bannerov\u00fd blok; nadpis + popisek pod n\u00edm *\/\n.lkx-head{margin-bottom:16px}\n.lkx-head-main{display:flex;align-items:center;gap:10px}\n.lkx-head-accent{width:26px;height:3px;border-radius:2px;background:#c39f76;flex-shrink:0}\n.lkx-head-title{font-family:'Playfair Display',Georgia,serif;font-size:21px;font-weight:700;color:#1a1a1a;line-height:1.25}\n.lkx-head-meta{display:block;font-size:11px;letter-spacing:.3px;color:#9aa0a6;margin-top:4px;margin-left:36px}\n\n\/* HERO *\/\n.lkx-hero{display:grid;grid-template-columns:300px 1fr;background:#fff;border:1px solid #ece7df;border-radius:14px;overflow:hidden;text-decoration:none!important;color:inherit;box-shadow:0 6px 20px rgba(0,0,0,.06);transition:box-shadow .2s,transform .2s;margin-bottom:14px}\n.lkx-hero:hover{box-shadow:0 12px 30px rgba(0,0,0,.12);transform:translateY(-2px)}\n.lkx-hero-img{position:relative;min-height:230px;background-size:cover;background-position:center;background-color:#eee}\n.lkx-hero-body{padding:22px 24px;display:flex;flex-direction:column}\n.lkx-pick{position:absolute;top:12px;left:12px;background:#1a1a1a;color:#fff;font-size:11px;font-weight:700;letter-spacing:.5px;padding:5px 11px;border-radius:20px}\n\n\/* TITLE *\/\n.lkx-title{font-size:19px;font-weight:700;color:#161616;line-height:1.3}\n.lkx-title-sm{font-size:14.5px;line-height:1.35;display:-webkit-box;-webkit-line-clamp:2;-webkit-box-orient:vertical;overflow:hidden}\n\n\/* SOCIAL PROOF \u2014 v\u00fdrazn\u011b, naho\u0159e *\/\n.lkx-proof{display:flex;align-items:center;gap:7px;margin-top:12px;font-size:15px;color:#3a3a3a}\n.lkx-proof b{font-size:16px;color:#161616}\n.lkx-stars{color:#f5a623;letter-spacing:1px}\n.lkx-proof-sm{font-size:12.5px;margin-top:8px;gap:5px}\n.lkx-proof-sm b{font-size:13px}\n.lkx-proof-new{color:#3685fc;font-weight:600}\n\n\/* PRICE \u2014 n\u00edzk\u00e1 kotva *\/\n.lkx-price{font-size:14px;color:#6b7280}\n.lkx-price b{font-size:20px;color:#161616;font-weight:700}\n.lkx-price-sm b{font-size:15px}\n\n\/* CTA \u2014 tepl\u00e9 ak\u010dn\u00ed tla\u010d\u00edtko *\/\n.lkx-cta{display:inline-flex;align-items:center;justify-content:center;text-decoration:none!important;font-weight:700;color:#fff!important;background:linear-gradient(135deg,#f6743f,#e8552a);border-radius:10px;box-shadow:0 6px 16px rgba(232,85,42,.32);transition:box-shadow .2s}\n.lkx-cta-hero{font-size:15px;padding:13px 22px}\n.lkx-hero:hover .lkx-cta-hero{box-shadow:0 8px 22px rgba(232,85,42,.45)}\n.lkx-cta-sm{font-size:12.5px;padding:9px 14px;width:100%;margin-top:2px}\n.lkx-hero-bottom{margin-top:auto;padding-top:18px;display:flex;align-items:center;justify-content:space-between;gap:14px;flex-wrap:wrap}\n\n\/* BADGE \u2014 jeden v\u00fdrazn\u00fd na fotce *\/\n.lkx-badge{position:absolute;top:12px;right:12px;font-size:10.5px;font-weight:700;letter-spacing:.3px;padding:5px 10px;border-radius:16px;color:#fff}\n.lkx-badge.badge-urgency{background:rgba(214,40,40,.92)}\n.lkx-badge.badge-new{background:rgba(54,133,252,.92)}\n.lkx-badge.badge-top{background:rgba(195,159,118,.95)}\n.lkx-badge.badge-info{background:rgba(40,40,40,.78)}\n\n\/* SECONDARY GRID *\/\n.lkx-grid{display:grid;grid-template-columns:1fr 1fr;gap:14px}\n.lkx-card{background:#fff;border:1px solid #ece7df;border-radius:14px;overflow:hidden;text-decoration:none!important;color:inherit;box-shadow:0 4px 14px rgba(0,0,0,.05);display:flex;flex-direction:column;transition:box-shadow .2s,transform .2s}\n.lkx-card:hover{box-shadow:0 10px 24px rgba(0,0,0,.1);transform:translateY(-2px)}\n.lkx-card-img{position:relative;aspect-ratio:16\/10;background-size:cover;background-position:center;background-color:#eee}\n.lkx-card-body{padding:14px 16px 16px;display:flex;flex-direction:column;gap:7px;flex:1}\n.lkx-card-bottom{margin-top:auto;padding-top:10px;display:flex;align-items:center;justify-content:space-between;gap:8px}\n\n\/* DISCLOSURE \u2014 drobn\u00e1, kv\u016fli d\u016fv\u011b\u0159e\/z\u00e1konu *\/\n.lkx-disclosure{font-size:11px;color:#a7adb3;text-align:center;margin-top:14px;line-height:1.6}\n.lkx-disclosure a{color:#c39f76;text-decoration:none}\n\n@media(max-width:680px){\n  .lkx-hero{grid-template-columns:1fr}\n  .lkx-hero-img{min-height:180px}\n  .lkx-grid{grid-template-columns:1fr}\n  .lkx-head-meta{margin-left:0;width:100%}\n  .lkx-head-title{font-size:19px}\n}\n\n<\/style>\n<div class=\"lkx-module\" data-query=\"praha\">\n  <div class=\"lkx-head\">\n    <div class=\"lkx-head-main\">\n      <span class=\"lkx-head-accent\"><\/span>\n      <span class=\"lkx-head-title\">Atrakcje i bilety<\/span>\n    <\/div>\n    <span class=\"lkx-head-meta\">oceniane przez podr\u00f3\u017cnych \u00b7 GetYourGuide<\/span>\n  <\/div><a class=\"lkx-hero\" href=\"https:\/\/www.getyourguide.com\/pl-pl\/praga-l10\/praga-50-minutowy-wieczorny-rejs-widokowy-t357390\/?partner_id=MKZ64IS&amp;utm_medium=online_publisher&amp;cmp=karolowa-praga-czechy\" target=\"_blank\" rel=\"sponsored noopener nofollow\">\n    <div class=\"lkx-hero-img\" style=\"background-image:url('https:\/\/cdn.getyourguide.com\/img\/tour\/f7e6a90af57229fd1946571d56e4c3b477c7127e78172e13dacee133c86f6241.jpg\/132.jpg')\" role=\"img\" aria-label=\"Praga: 50-minutowy wieczorny rejs widokowy\">\n      <span class=\"lkx-pick\">\u2605 Nasz wyb\u00f3r<\/span><\/div>\n    <div class=\"lkx-hero-body\">\n      <div class=\"lkx-title\">Praga: 50-minutowy wieczorny rejs widokowy<\/div>\n      <div class=\"lkx-proof\">\n      <span class=\"lkx-stars\">\u2605\u2605\u2605\u2605\u2605<\/span>\n      <b>4.2<\/b> \u00b7 41 371 opinii\n    <\/div>\n      <div class=\"lkx-hero-bottom\"><div class=\"lkx-price\">od <b>18\u00a0EUR<\/b><\/div><span class=\"lkx-cta lkx-cta-hero\">Chc\u0119 tego do\u015bwiadczy\u0107 \u2192<\/span>\n      <\/div>\n    <\/div>\n  <\/a><div class=\"lkx-grid\"><a class=\"lkx-card\" href=\"https:\/\/www.getyourguide.com\/pl-pl\/praga-l10\/praga-bilet-na-zamek-praski-t406279\/?partner_id=MKZ64IS&amp;utm_medium=online_publisher&amp;cmp=karolowa-praga-czechy\" target=\"_blank\" rel=\"sponsored noopener nofollow\">\n      <div class=\"lkx-card-img\" style=\"background-image:url('https:\/\/cdn.getyourguide.com\/img\/tour\/914ea7b48505a40dcf7d712a5afc4a52b8a1e787d2e39a97dd86098fa24e14c3.jpg\/132.jpg')\" role=\"img\" aria-label=\"Praga: oficjalny bilet wst\u0119pu na Zamek Praski\"><\/div>\n      <div class=\"lkx-card-body\">\n        <div class=\"lkx-title lkx-title-sm\">Praga: oficjalny bilet wst\u0119pu na Zamek Praski<\/div>\n        <div class=\"lkx-proof lkx-proof-sm\">\n      <span class=\"lkx-stars\">\u2605<\/span>\n      <b>4.5<\/b> \u00b7 17 409\n    <\/div>\n        <div class=\"lkx-card-bottom\"><span class=\"lkx-price lkx-price-sm\">od <b>19\u00a0EUR<\/b><\/span><span class=\"lkx-cta lkx-cta-sm\">Zobacz terminy \u2192<\/span>\n        <\/div>\n      <\/div>\n    <\/a><a class=\"lkx-card\" href=\"https:\/\/www.getyourguide.com\/pl-pl\/praga-l10\/praga-bilet-wstepu-do-ox-club-t1431491\/?partner_id=MKZ64IS&amp;utm_medium=online_publisher&amp;cmp=karolowa-praga-czechy\" target=\"_blank\" rel=\"sponsored noopener nofollow\">\n      <div class=\"lkx-card-img\" style=\"background-image:url('https:\/\/cdn.getyourguide.com\/img\/tour\/de9699b7062816ca32481da8a14f4f2087b328e6226ae3de9645fc7503bca626.jpg\/132.jpg')\" role=\"img\" aria-label=\"Praga: Bilet wst\u0119pu do OX Club\"><\/div>\n      <div class=\"lkx-card-body\">\n        <div class=\"lkx-title lkx-title-sm\">Praga: Bilet wst\u0119pu do OX Club<\/div>\n        <div class=\"lkx-proof lkx-proof-sm\">\n      <span class=\"lkx-stars\">\u2605<\/span>\n      <b>0.0<\/b> \u00b7 0\n    <\/div>\n        <div class=\"lkx-card-bottom\"><span class=\"lkx-price lkx-price-sm\">od <b>10\u00a0EUR<\/b><\/span><span class=\"lkx-cta lkx-cta-sm\">Zobacz terminy \u2192<\/span>\n        <\/div>\n      <\/div>\n    <\/a><\/div><div class=\"lkx-disclosure\">\ud83d\udd17 Linki afiliacyjne \u2014 nie zmieniaj\u0105 ceny dla Ciebie, pomagaj\u0105 nam tworzy\u0107 tre\u015bci. \u00b7 <a href=\"https:\/\/www.getyourguide.com\/pl-pl\/s\/?q=praha&amp;partner_id=MKZ64IS&amp;utm_medium=online_publisher\" target=\"_blank\" rel=\"sponsored noopener nofollow\">Wszystkie atrakcje \u2192<\/a><\/div>\n<\/div>\n<!-- LKM_GYG_CARD end -->\n\n\n\n<h2 class=\"wp-block-heading\">Mapa wszystkich wydarze\u0144<\/h2>\n\n\n\n<p class=\"wp-block-paragraph\">Na tej mapie zobaczysz <strong>\u0142\u0105cznie 24 punkty<\/strong> \u2013 to wszystkie miejsca, w kt\u00f3rych odbywa\u0142y si\u0119 wydarzenia, a kt\u00f3re Karol IV. swoj\u0105 dzia\u0142alno\u015bci\u0105 znacz\u0105co wp\u0142yn\u0105\u0142, upi\u0119kszy\u0142 albo kaza\u0142 wybudowa\u0107.<\/p>\n\n\n\n<ul class=\"wp-block-list\">\n<li>Galeria Narodowa w Pradze<\/li>\n\n\n\n<li>Zamek Praski (Hradczany)<\/li>\n\n\n\n<li>Jeleni p\u0159\u00edkop (Jeleni Przekop)<\/li>\n\n\n\n<li>Staromiejska Wie\u017ca Mostowa<\/li>\n\n\n\n<li>Narodowe Muzeum Techniki<\/li>\n\n\n\n<li>Katedra \u015bw. Wita<\/li>\n\n\n\n<li>Karolinum<\/li>\n\n\n\n<li>Klasztor \u015bw. Agnieszki Czeskiej<\/li>\n\n\n\n<li>Ko\u015bci\u00f3\u0142 Naj\u015bwi\u0119tszej Marii Panny Na S\u0142owianach (Emaus)<\/li>\n\n\n\n<li>Rynek Staromiejski<\/li>\n\n\n\n<li>Forum Karl\u00edn<\/li>\n\n\n\n<li>Wyszehrad<\/li>\n\n\n\n<li>Most Karola<\/li>\n\n\n\n<li>Dom pod Kamiennym Dzwonem<\/li>\n\n\n\n<li>Ko\u015bci\u00f3\u0142 Matki Bo\u017cej przed Tynem<\/li>\n\n\n\n<li>Dom pod \u0160tupartami<\/li>\n\n\n\n<li>Ko\u015bci\u00f3\u0142 \u015bw. Jakuba i klasztor franciszkan\u00f3w minoryt\u00f3w<\/li>\n\n\n\n<li>Relikwie i ko\u015bci\u00f3\u0142 \u015bw. Gaw\u0142a<\/li>\n\n\n\n<li>Kaplica Ratusza Staromiejskiego<\/li>\n\n\n\n<li>Ko\u015bci\u00f3\u0142 \u015bw. Idziego<\/li>\n\n\n\n<li>Karolinum \u2013 Uniwersytet Karola<\/li>\n\n\n\n<li>Niebia\u0144ska Jerozolima<\/li>\n\n\n\n<li>Ko\u015bci\u00f3\u0142 Naj\u015bwi\u0119tszej Marii Panny \u015anie\u017cnej<\/li>\n\n\n\n<li>Ko\u015bci\u00f3\u0142 Wniebowzi\u0119cia Naj\u015bwi\u0119tszej Marii Panny i \u015bw. Karola Wielkiego<\/li>\n\n\n\n<li>Ko\u015bci\u00f3\u0142 \u015bw. Katarzyny<\/li>\n\n\n\n<li>Ko\u015bci\u00f3\u0142 \u015bw. Apolinarego<\/li>\n\n\n\n<li>Ko\u015bci\u00f3\u0142 \u015bw. Szczepana<\/li>\n\n\n\n<li>Ko\u015bci\u00f3\u0142 \u015bw. Henryka i Kunegundy<\/li>\n\n\n\n<li>Ko\u015bci\u00f3\u0142 Zwiastowania Naj\u015bwi\u0119tszej Marii Panny Na Trawniku<\/li>\n\n\n\n<li>Ratusz Nowomiejski<\/li>\n\n\n\n<li>Wyszehrad<\/li>\n<\/ul>\n\n\n\n<p class=\"has-luminous-vivid-amber-background-color has-background wp-block-paragraph\">Zachowali\u015bmy dla Ciebie broszur\u0119 wydarzenia (w j\u0119zyku czeskim), kt\u00f3r\u0105 mo\u017cesz <a href=\"https:\/\/loudavymkrokem.cz\/wp-content\/uploads\/2024\/01\/karel_iv_brozura_cs.pdf\" data-type=\"link\" data-id=\"https:\/\/loudavymkrokem.cz\/wp-content\/uploads\/2024\/01\/karel_iv_brozura_cs.pdf\"><strong>pobra\u0107 tutaj<\/strong><\/a>.<\/p>\n\n\n\n<figure data-wp-context=\"{&quot;imageId&quot;:&quot;6a969e83a8f15&quot;}\" data-wp-interactive=\"core\/image\" data-wp-key=\"6a969e83a8f15\" class=\"wp-block-image size-large wp-lightbox-container\"><img decoding=\"async\" width=\"700\" height=\"577\" data-wp-class--hide=\"state.isContentHidden\" data-wp-class--show=\"state.isContentVisible\" data-wp-init=\"callbacks.setButtonStyles\" data-wp-on--click=\"actions.showLightbox\" data-wp-on--load=\"callbacks.setButtonStyles\" data-wp-on--pointerdown=\"actions.preloadImage\" data-wp-on--pointerenter=\"actions.preloadImageWithDelay\" data-wp-on--pointerleave=\"actions.cancelPreload\" data-wp-on-window--resize=\"callbacks.setButtonStyles\" src=\"https:\/\/loudavymkrokem.cz\/wp-content\/uploads\/2024\/01\/karlova-praha-mapka-700x577.jpg\" alt=\"Mapa wydarze\u0144 Karolowa Praga w Pradze w Czechach\" class=\"wp-image-79808\" title=\"\" srcset=\"https:\/\/loudavymkrokem.cz\/wp-content\/uploads\/2024\/01\/karlova-praha-mapka-700x577.jpg 700w, https:\/\/loudavymkrokem.cz\/wp-content\/uploads\/2024\/01\/karlova-praha-mapka-300x247.jpg 300w, https:\/\/loudavymkrokem.cz\/wp-content\/uploads\/2024\/01\/karlova-praha-mapka-768x633.jpg 768w, https:\/\/loudavymkrokem.cz\/wp-content\/uploads\/2024\/01\/karlova-praha-mapka-1536x1265.jpg 1536w, https:\/\/loudavymkrokem.cz\/wp-content\/uploads\/2024\/01\/karlova-praha-mapka-696x573.jpg 696w, https:\/\/loudavymkrokem.cz\/wp-content\/uploads\/2024\/01\/karlova-praha-mapka-1392x1147.jpg 1392w, https:\/\/loudavymkrokem.cz\/wp-content\/uploads\/2024\/01\/karlova-praha-mapka.jpg 1549w\" sizes=\"(max-width: 700px) 100vw, 700px\" \/><button\n\t\t\tclass=\"lightbox-trigger\"\n\t\t\ttype=\"button\"\n\t\t\taria-haspopup=\"dialog\"\n\t\t\tdata-wp-bind--aria-label=\"state.thisImage.triggerButtonAriaLabel\"\n\t\t\tdata-wp-init=\"callbacks.initTriggerButton\"\n\t\t\tdata-wp-on--click=\"actions.showLightbox\"\n\t\t\tdata-wp-style--right=\"state.thisImage.buttonRight\"\n\t\t\tdata-wp-style--top=\"state.thisImage.buttonTop\"\n\t\t>\n\t\t\t<svg xmlns=\"http:\/\/www.w3.org\/2000\/svg\" width=\"12\" height=\"12\" fill=\"none\" viewBox=\"0 0 12 12\">\n\t\t\t\t<path fill=\"#fff\" d=\"M2 0a2 2 0 0 0-2 2v2h1.5V2a.5.5 0 0 1 .5-.5h2V0H2Zm2 10.5H2a.5.5 0 0 1-.5-.5V8H0v2a2 2 0 0 0 2 2h2v-1.5ZM8 12v-1.5h2a.5.5 0 0 0 .5-.5V8H12v2a2 2 0 0 1-2 2H8Zm2-12a2 2 0 0 1 2 2v2h-1.5V2a.5.5 0 0 0-.5-.5H8V0h2Z\" \/>\n\t\t\t<\/svg>\n\t\t<\/button><\/figure>\n","protected":false},"excerpt":{"rendered":"<p>Projekt \u201eKarolowa Praga&#8221; to rozleg\u0142e wydarzenie kulturalne zorganizowane z okazji 700. rocznicy urodzin Karola IV. (urodzi\u0142 si\u0119 w 1316 roku). Przez ca\u0142y 2016 rok w Pradze odbywa\u0142y si\u0119 wystawy, koncerty i festiwale po\u015bwi\u0119cone \u017cyciu tego czeskiego kr\u00f3la i cesarza.<\/p>\n","protected":false},"author":2,"featured_media":79817,"comment_status":"open","ping_status":"open","sticky":false,"template":"","format":"standard","meta":{"_acf_changed":false,"footnotes":"","rank_math_title":"Karolowa Praga \u2013 wydarzenia w Pradze w Czechach","rank_math_description":"Praga w Czechach \u015bwi\u0119towa\u0142a 700. rocznic\u0119 urodzin Karola IV. Poznaj 24 miejsca i wydarzenia projektu Karolowa Praga i pobierz broszur\u0119. Sprawd\u017a szczeg\u00f3\u0142y!","rank_math_focus_keyword":"praga czechy","rank_math_seo_score":""},"categories":[275,267,740],"tags":[],"class_list":["post-231425","post","type-post","status-publish","format-standard","has-post-thumbnail","category-czechy","category-europa","category-podroze"],"acf":[],"featured_image_src":"https:\/\/loudavymkrokem.cz\/wp-content\/uploads\/2024\/01\/image.jpeg","author_info":{"display_name":"Luk\u00e1\u0161 Kone\u010dn\u00fd","author_link":"https:\/\/loudavymkrokem.cz\/pl\/author\/lukas-konecny\/"},"_links":{"self":[{"href":"https:\/\/loudavymkrokem.cz\/pl\/wp-json\/wp\/v2\/posts\/231425","targetHints":{"allow":["GET"]}}],"collection":[{"href":"https:\/\/loudavymkrokem.cz\/pl\/wp-json\/wp\/v2\/posts"}],"about":[{"href":"https:\/\/loudavymkrokem.cz\/pl\/wp-json\/wp\/v2\/types\/post"}],"author":[{"embeddable":true,"href":"https:\/\/loudavymkrokem.cz\/pl\/wp-json\/wp\/v2\/users\/2"}],"replies":[{"embeddable":true,"href":"https:\/\/loudavymkrokem.cz\/pl\/wp-json\/wp\/v2\/comments?post=231425"}],"version-history":[{"count":0,"href":"https:\/\/loudavymkrokem.cz\/pl\/wp-json\/wp\/v2\/posts\/231425\/revisions"}],"wp:featuredmedia":[{"embeddable":true,"href":"https:\/\/loudavymkrokem.cz\/pl\/wp-json\/wp\/v2\/media\/79817"}],"wp:attachment":[{"href":"https:\/\/loudavymkrokem.cz\/pl\/wp-json\/wp\/v2\/media?parent=231425"}],"wp:term":[{"taxonomy":"category","embeddable":true,"href":"https:\/\/loudavymkrokem.cz\/pl\/wp-json\/wp\/v2\/categories?post=231425"},{"taxonomy":"post_tag","embeddable":true,"href":"https:\/\/loudavymkrokem.cz\/pl\/wp-json\/wp\/v2\/tags?post=231425"}],"curies":[{"name":"wp","href":"https:\/\/api.w.org\/{rel}","templated":true}]}}