{"id":151239,"date":"2026-04-24T18:21:09","date_gmt":"2026-04-24T16:21:09","guid":{"rendered":"https:\/\/loudavymkrokem.cz\/?p=151239"},"modified":"2026-04-30T11:06:51","modified_gmt":"2026-04-30T09:06:51","slug":"most-karola-pradze-przewodnik","status":"publish","type":"post","link":"https:\/\/loudavymkrokem.cz\/pl\/most-karola-pradze-przewodnik\/","title":{"rendered":"Most Karola w Pradze: Przewodnik od mieszkanki (historia, rze\u017aby, najlepszy czas)"},"content":{"rendered":"<p>Kiedy rano spieszy\u0142am na pierwsz\u0105 lekcj\u0119 do liceum na Malej Stranie, czasem celowo wybiera\u0142am okr\u0119\u017cn\u0105 drog\u0119 i wyd\u0142u\u017ca\u0142am sobie tras\u0119 przez Most Karola w Pradze (po prostu wsiada\u0142am w niew\u0142a\u015bciwy tramwaj). <strong>O wp\u00f3\u0142 do \u00f3smej rano, zw\u0142aszcza w wilgotnym listopadzie, panowa\u0142a tu osobliwa cisza, przerywana jedynie skrzeczeniem mew i stukotem moich w\u0142asnych but\u00f3w o wilgotny bruk.<\/strong><\/p>\n<p>Wok\u00f3\u0142 trzydziestu barokowych rze\u017ab unosi\u0142a si\u0119 mg\u0142a znad We\u0142tawy, a ja mia\u0142am wra\u017cenie, \u017ce ten gotycki \u0142\u0105cznik mi\u0119dzy Starym Miastem a Mal\u0105 Stran\u0105 nale\u017cy w tej chwili tylko do mnie. Kilka lat p\u00f3\u017aniej przychodzi\u0142am na most siada\u0107 o trzeciej w nocy. My\u015ble\u0107. Cz\u0119sto wyganiali mnie policjanci, wi\u0119c lepiej tego nie r\u00f3bcie.<\/p>\n<p>Z Luk\u00e1\u0161em po naszej pierwszej randce na Zamku Praskim zeszli\u015bmy Zamkowymi Schodami w d\u00f3\u0142 i sko\u0144czyli\u015bmy w\u0142a\u015bnie tutaj, <strong>u st\u00f3p malostranskich wie\u017c.<\/strong> Dzi\u015b wracamy tu jako rodzice i z przera\u017ceniem odkrywam, jak bardzo ten przekl\u0119ty bruk i kraw\u0119\u017cniki trz\u0119s\u0105, kiedy pr\u00f3bujesz manewrowa\u0107 w\u00f3zkiem z dwuletnim Jon\u00e1\u0161em. <strong>Samo miejsce od moich studenckich lat si\u0119 nie zmieni\u0142o, ale moje postrzeganie \u2014 owszem. Ju\u017c nie pr\u00f3buj\u0119 przeciska\u0107 si\u0119 przez t\u0142um w samo po\u0142udnie, wol\u0119 wsta\u0107 wcze\u015bniej albo przyj\u015b\u0107 p\u00f3\u017anym wieczorem, kiedy miasto wreszcie odetchnie.<\/strong><\/p>\n<p>Obcokrajowcy cz\u0119sto pytaj\u0105 mnie, czy w og\u00f3le warto i\u015b\u0107 do tej najs\u0142ynniejszej praskiej atrakcji, skoro jest nieustannie oblegana. Moja odpowied\u017a jest jednoznaczna: tak, ale trzeba wiedzie\u0107, jak si\u0119 do tego zabra\u0107. Nie chodzi tylko o przej\u015bcie z jednego brzegu na drugi. Chodzi o to, \u017ceby zauwa\u017ca\u0107 detale, zna\u0107 odrobin\u0119 kontekstu i wybra\u0107 odpowiedni moment, kiedy z zat\u0142oczonej atrakcji most karola zn\u00f3w staje si\u0119 mistycznym miejscem z g\u0142\u0119bok\u0105 histori\u0105.<\/p>\n<p>Przyjd\u017acie rano, przyjd\u017acie w nocy, przyjd\u017acie w deszczu \u2014 tylko najpierw przeczytajcie, co chc\u0119 wam powiedzie\u0107, \u017ceby to wszystko mia\u0142o sens.<\/p>\n<figure class=\"wp-block-image size-full\"><img loading=\"lazy\" decoding=\"async\" width=\"1200\" height=\"800\" src=\"https:\/\/loudavymkrokem.cz\/wp-content\/uploads\/2025\/03\/recenze-domus-balthasar-praha-s-batoletem-3.jpg\" alt=\"Na Most Karola dojdziesz st\u0105d w minut\u0119\" class=\"wp-image-94712\" title=\"\" srcset=\"https:\/\/loudavymkrokem.cz\/wp-content\/uploads\/2025\/03\/recenze-domus-balthasar-praha-s-batoletem-3.jpg 1200w, https:\/\/loudavymkrokem.cz\/wp-content\/uploads\/2025\/03\/recenze-domus-balthasar-praha-s-batoletem-3-300x200.jpg 300w, https:\/\/loudavymkrokem.cz\/wp-content\/uploads\/2025\/03\/recenze-domus-balthasar-praha-s-batoletem-3-700x467.jpg 700w, https:\/\/loudavymkrokem.cz\/wp-content\/uploads\/2025\/03\/recenze-domus-balthasar-praha-s-batoletem-3-768x512.jpg 768w, https:\/\/loudavymkrokem.cz\/wp-content\/uploads\/2025\/03\/recenze-domus-balthasar-praha-s-batoletem-3-696x464.jpg 696w\" sizes=\"auto, (max-width: 1200px) 100vw, 1200px\"><figcaption class=\"wp-element-caption\">Praga<\/figcaption><\/figure>\n<div id=\"ez-toc-container\" class=\"ez-toc-v2_0_82_2 ez-toc-wrap-left counter-hierarchy ez-toc-counter ez-toc-grey ez-toc-container-direction\">\n<div class=\"ez-toc-title-container\">\n<p class=\"ez-toc-title\" style=\"cursor:inherit\">Tre\u015b\u0107 artyku\u0142u<\/p>\n<span class=\"ez-toc-title-toggle\"><a href=\"#\" class=\"ez-toc-pull-right ez-toc-btn ez-toc-btn-xs ez-toc-btn-default ez-toc-toggle\" aria-label=\"Prze\u0142\u0105cznik Spisu Tre\u015bci\"><span class=\"ez-toc-js-icon-con\"><span class=\"\"><span class=\"eztoc-hide\" style=\"display:none;\">Toggle<\/span><span class=\"ez-toc-icon-toggle-span\"><svg style=\"fill: #999;color:#999\" xmlns=\"http:\/\/www.w3.org\/2000\/svg\" class=\"list-377408\" width=\"20px\" height=\"20px\" viewBox=\"0 0 24 24\" fill=\"none\"><path d=\"M6 6H4v2h2V6zm14 0H8v2h12V6zM4 11h2v2H4v-2zm16 0H8v2h12v-2zM4 16h2v2H4v-2zm16 0H8v2h12v-2z\" fill=\"currentColor\"><\/path><\/svg><svg style=\"fill: #999;color:#999\" class=\"arrow-unsorted-368013\" xmlns=\"http:\/\/www.w3.org\/2000\/svg\" width=\"10px\" height=\"10px\" viewBox=\"0 0 24 24\" version=\"1.2\" baseProfile=\"tiny\"><path d=\"M18.2 9.3l-6.2-6.3-6.2 6.3c-.2.2-.3.4-.3.7s.1.5.3.7c.2.2.4.3.7.3h11c.3 0 .5-.1.7-.3.2-.2.3-.5.3-.7s-.1-.5-.3-.7zM5.8 14.7l6.2 6.3 6.2-6.3c.2-.2.3-.5.3-.7s-.1-.5-.3-.7c-.2-.2-.4-.3-.7-.3h-11c-.3 0-.5.1-.7.3-.2.2-.3.5-.3.7s.1.5.3.7z\"\/><\/svg><\/span><\/span><\/span><\/a><\/span><\/div>\n<nav><ul class='ez-toc-list ez-toc-list-level-1 ' ><ul class='ez-toc-list-level-3' ><li class='ez-toc-heading-level-3'><a class=\"ez-toc-link ez-toc-heading-1\" href=\"https:\/\/loudavymkrokem.cz\/pl\/most-karola-pradze-przewodnik\/#Podsumowanie\" >Podsumowanie<\/a><\/li><\/ul><\/li><li class='ez-toc-page-1 ez-toc-heading-level-2'><a class=\"ez-toc-link ez-toc-heading-2\" href=\"https:\/\/loudavymkrokem.cz\/pl\/most-karola-pradze-przewodnik\/#Kiedy_wybrac_sie_na_Most_Karola\" >Kiedy wybra\u0107 si\u0119 na Most Karola<\/a><ul class='ez-toc-list-level-3' ><li class='ez-toc-heading-level-3'><a class=\"ez-toc-link ez-toc-heading-3\" href=\"https:\/\/loudavymkrokem.cz\/pl\/most-karola-pradze-przewodnik\/#Magia_wczesnego_ranka_i_switu\" >Magia wczesnego ranka i \u015bwitu<\/a><\/li><li class='ez-toc-page-1 ez-toc-heading-level-3'><a class=\"ez-toc-link ez-toc-heading-4\" href=\"https:\/\/loudavymkrokem.cz\/pl\/most-karola-pradze-przewodnik\/#Popoludniowy_tlok_i_wieczorny_spokoj\" >Popo\u0142udniowy t\u0142ok i wieczorny spok\u00f3j<\/a><\/li><\/ul><\/li><li class='ez-toc-page-1 ez-toc-heading-level-2'><a class=\"ez-toc-link ez-toc-heading-5\" href=\"https:\/\/loudavymkrokem.cz\/pl\/most-karola-pradze-przewodnik\/#Gdzie_sie_zatrzymac\" >Gdzie si\u0119 zatrzyma\u0107<\/a><\/li><li class='ez-toc-page-1 ez-toc-heading-level-2'><a class=\"ez-toc-link ez-toc-heading-6\" href=\"https:\/\/loudavymkrokem.cz\/pl\/most-karola-pradze-przewodnik\/#Historia_i_architektura_Mostu_Karola\" >Historia i architektura Mostu Karola<\/a><ul class='ez-toc-list-level-3' ><li class='ez-toc-heading-level-3'><a class=\"ez-toc-link ez-toc-heading-7\" href=\"https:\/\/loudavymkrokem.cz\/pl\/most-karola-pradze-przewodnik\/#Magiczna_data_zalozenia_i_Petr_Parler\" >Magiczna data za\u0142o\u017cenia i Petr Parl\u00e9\u0159<\/a><\/li><li class='ez-toc-page-1 ez-toc-heading-level-3'><a class=\"ez-toc-link ez-toc-heading-8\" href=\"https:\/\/loudavymkrokem.cz\/pl\/most-karola-pradze-przewodnik\/#Mit_o_jajkach_i_brutalna_rzeczywistosc_powodzi\" >Mit o jajkach i brutalna rzeczywisto\u015b\u0107 powodzi<\/a><\/li><li class='ez-toc-page-1 ez-toc-heading-level-3'><a class=\"ez-toc-link ez-toc-heading-9\" href=\"https:\/\/loudavymkrokem.cz\/pl\/most-karola-pradze-przewodnik\/#Bradac_Praski_system_ostrzegawczy\" >Brad\u00e1\u010d: Praski system ostrzegawczy<\/a><\/li><\/ul><\/li><li class='ez-toc-page-1 ez-toc-heading-level-2'><a class=\"ez-toc-link ez-toc-heading-10\" href=\"https:\/\/loudavymkrokem.cz\/pl\/most-karola-pradze-przewodnik\/#Rzezby_na_Moscie_Karola_Galeria_pod_golym_niebem\" >Rze\u017aby na Mo\u015bcie Karola: Galeria pod go\u0142ym niebem<\/a><ul class='ez-toc-list-level-3' ><li class='ez-toc-heading-level-3'><a class=\"ez-toc-link ez-toc-heading-11\" href=\"https:\/\/loudavymkrokem.cz\/pl\/most-karola-pradze-przewodnik\/#Swiety_Jan_Nepomucen_i_rytual_na_szczescie\" >\u015awi\u0119ty Jan Nepomucen i rytua\u0142 na szcz\u0119\u015bcie<\/a><\/li><li class='ez-toc-page-1 ez-toc-heading-level-3'><a class=\"ez-toc-link ez-toc-heading-12\" href=\"https:\/\/loudavymkrokem.cz\/pl\/most-karola-pradze-przewodnik\/#Sen_swietej_Lutgardy\" >Sen \u015bwi\u0119tej Lutgardy<\/a><\/li><li class='ez-toc-page-1 ez-toc-heading-level-3'><a class=\"ez-toc-link ez-toc-heading-13\" href=\"https:\/\/loudavymkrokem.cz\/pl\/most-karola-pradze-przewodnik\/#Grupa_rzezbiarska_sw_Wincentego_Ferreriusza_i_Prokopa\" >Grupa rze\u017abiarska \u015bw. Wincentego Ferreriusza i Prokopa<\/a><\/li><\/ul><\/li><li class='ez-toc-page-1 ez-toc-heading-level-2'><a class=\"ez-toc-link ez-toc-heading-14\" href=\"https:\/\/loudavymkrokem.cz\/pl\/most-karola-pradze-przewodnik\/#Wieze_Mostu_Karola_Widoki_z_gory\" >Wie\u017ce Mostu Karola: Widoki z g\u00f3ry<\/a><ul class='ez-toc-list-level-3' ><li class='ez-toc-heading-level-3'><a class=\"ez-toc-link ez-toc-heading-15\" href=\"https:\/\/loudavymkrokem.cz\/pl\/most-karola-pradze-przewodnik\/#Staromiejska_Wieza_Mostowa\" >Staromiejska Wie\u017ca Mostowa<\/a><\/li><li class='ez-toc-page-1 ez-toc-heading-level-3'><a class=\"ez-toc-link ez-toc-heading-16\" href=\"https:\/\/loudavymkrokem.cz\/pl\/most-karola-pradze-przewodnik\/#Malostranskie_wieze_mostowe\" >Malostra\u0144skie wie\u017ce mostowe<\/a><\/li><\/ul><\/li><li class='ez-toc-page-1 ez-toc-heading-level-2'><a class=\"ez-toc-link ez-toc-heading-17\" href=\"https:\/\/loudavymkrokem.cz\/pl\/most-karola-pradze-przewodnik\/#Praktyczne_informacje\" >Praktyczne informacje<\/a><ul class='ez-toc-list-level-3' ><li class='ez-toc-heading-level-3'><a class=\"ez-toc-link ez-toc-heading-18\" href=\"https:\/\/loudavymkrokem.cz\/pl\/most-karola-pradze-przewodnik\/#Dojazd_i_jak_dotrzec_na_most\" >Dojazd i jak dotrze\u0107 na most<\/a><\/li><li class='ez-toc-page-1 ez-toc-heading-level-3'><a class=\"ez-toc-link ez-toc-heading-19\" href=\"https:\/\/loudavymkrokem.cz\/pl\/most-karola-pradze-przewodnik\/#Wycieczki_z_przewodnikiem_i_rejsy_po_Weltawie\" >Wycieczki z przewodnikiem i rejsy po We\u0142tawie<\/a><\/li><li class='ez-toc-page-1 ez-toc-heading-level-3'><a class=\"ez-toc-link ez-toc-heading-20\" href=\"https:\/\/loudavymkrokem.cz\/pl\/most-karola-pradze-przewodnik\/#Gdzie_zjesc_i_napic_sie_kawy_i_nie_wpasc_w_pulapke\" >Gdzie zje\u015b\u0107 i napi\u0107 si\u0119 kawy (i nie wpa\u015b\u0107 w pu\u0142apk\u0119)<\/a><\/li><\/ul><\/li><li class='ez-toc-page-1 ez-toc-heading-level-2'><a class=\"ez-toc-link ez-toc-heading-21\" href=\"https:\/\/loudavymkrokem.cz\/pl\/most-karola-pradze-przewodnik\/#Czesto_zadawane_pytania\" >Cz\u0119sto zadawane pytania<\/a><ul class='ez-toc-list-level-3' ><li class='ez-toc-heading-level-3'><a class=\"ez-toc-link ez-toc-heading-22\" href=\"https:\/\/loudavymkrokem.cz\/pl\/most-karola-pradze-przewodnik\/#Czy_wstep_na_Most_Karola_jest_platny\" >Czy wst\u0119p na Most Karola jest p\u0142atny?<\/a><\/li><li class='ez-toc-page-1 ez-toc-heading-level-3'><a class=\"ez-toc-link ez-toc-heading-23\" href=\"https:\/\/loudavymkrokem.cz\/pl\/most-karola-pradze-przewodnik\/#Kiedy_jest_tu_najmniej_ludzi\" >Kiedy jest tu najmniej ludzi?<\/a><\/li><li class='ez-toc-page-1 ez-toc-heading-level-3'><a class=\"ez-toc-link ez-toc-heading-24\" href=\"https:\/\/loudavymkrokem.cz\/pl\/most-karola-pradze-przewodnik\/#Czy_mozna_przejechac_rowerem_lub_hulajnoga\" >Czy mo\u017cna przejecha\u0107 rowerem lub hulajnog\u0105?<\/a><\/li><li class='ez-toc-page-1 ez-toc-heading-level-3'><a class=\"ez-toc-link ez-toc-heading-25\" href=\"https:\/\/loudavymkrokem.cz\/pl\/most-karola-pradze-przewodnik\/#Czy_rzezby_to_oryginaly\" >Czy rze\u017aby to orygina\u0142y?<\/a><\/li><li class='ez-toc-page-1 ez-toc-heading-level-3'><a class=\"ez-toc-link ez-toc-heading-26\" href=\"https:\/\/loudavymkrokem.cz\/pl\/most-karola-pradze-przewodnik\/#Ile_czasu_zajmuje_przejscie_z_jednego_brzegu_na_drugi\" >Ile czasu zajmuje przej\u015bcie z jednego brzegu na drugi?<\/a><\/li><li class='ez-toc-page-1 ez-toc-heading-level-3'><a class=\"ez-toc-link ez-toc-heading-27\" href=\"https:\/\/loudavymkrokem.cz\/pl\/most-karola-pradze-przewodnik\/#Czy_trasa_jest_dostepna_dla_wozka\" >Czy trasa jest dost\u0119pna dla w\u00f3zka?<\/a><\/li><\/ul><\/li><\/ul><\/nav><\/div>\n<h3 class=\"wp-block-heading\"><span class=\"ez-toc-section\" id=\"Podsumowanie\"><\/span><span class=\"ez-toc-section\" id=\"Podsumowanie\"><\/span>Podsumowanie<span class=\"ez-toc-section-end\"><\/span><span class=\"ez-toc-section-end\"><\/span><\/h3>\n<ul class=\"wp-block-list\">\n<li>Najlepszy czas na wizyt\u0119 to \u015bwit lub p\u00f3\u017ana noc (po <strong>23:00<\/strong>) \u2014 unikniesz brutalnych t\u0142um\u00f3w zorganizowanych grup.<\/li>\n<li>Kamie\u0144 w\u0119gielny zosta\u0142 po\u0142o\u017cony w roku <strong>1357<\/strong>, dok\u0142adnie <strong>9 lipca o 5:31<\/strong> rano, ze wzgl\u0119du na magiczny ci\u0105g liczbowy 1-3-5-7-9-7-5-3-1.<\/li>\n<li>Wi\u0119kszo\u015b\u0107 z 30 rze\u017ab na mo\u015bcie to dzi\u015b piaskowcowe kopie \u2014 orygina\u0142y znajdziesz pod ochron\u0105 w <a href=\"https:\/\/www.nm.cz\/\" target=\"_blank\" rel=\"nofollow noopener\">Lapidarium Muzeum Narodowego<\/a> i na Wyszehradzie.<\/li>\n<li>Rze\u017aba \u015bw. Jana Nepomucena to ta, przy kt\u00f3rej znajdziesz wyg\u0142adzone br\u0105zowe reliefy. Dotkni\u0119cie ma przynosi\u0107 szcz\u0119\u015bcie i gwarantowa\u0107 powr\u00f3t do Pragi \u2014 to jeden z najs\u0142ynniejszych przes\u0105d\u00f3w zwi\u0105zanych z Mostem Karola.<\/li>\n<li>Wie\u017ca Staromiejska i Malostransk\u00e1 oferuj\u0105 jedne z najlepszych widok\u00f3w na centrum historyczne, podstawowy bilet wst\u0119pu kosztuje ok. <strong>8 \u20ac<\/strong>.<\/li>\n<li><strong>Brad\u00e1\u010d<\/strong> to niepozorny kamienny relief g\u0142owy przy Wie\u017cy Staromiejskiej, kt\u00f3ry przez wieki s\u0142u\u017cy\u0142 mieszka\u0144com Pragi jako ostrzegawczy wodowskaz przed powodziami.<\/li>\n<li>Dla rodzin z w\u00f3zkiem przej\u015bcie z brzegu na brzeg jest bez barier, ale aby zej\u015b\u0107 bezpo\u015brednio na wysp\u0119 Kampa, trzeba pokona\u0107 strome schody.<\/li>\n<li>Most to wy\u0142\u0105cznie strefa piesza, najbli\u017csze przystanki komunikacji miejskiej to <strong>Starom\u011bstsk\u00e1<\/strong> na prawym brzegu i <strong>Malostransk\u00e9 n\u00e1m\u011bst\u00ed<\/strong> na lewym.<\/li>\n<\/ul>\n<h2 class=\"wp-block-heading\"><span class=\"ez-toc-section\" id=\"Kiedy_wybrac_sie_na_Most_Karola\"><\/span><span class=\"ez-toc-section\" id=\"Kiedy_wybrac_sie_na_Most_Karola\"><\/span>Kiedy wybra\u0107 si\u0119 na Most Karola<span class=\"ez-toc-section-end\"><\/span><span class=\"ez-toc-section-end\"><\/span><\/h2>\n<p>Wyb\u00f3r odpowiedniego czasu jest przy tej atrakcji absolutnie kluczowy. Je\u015bli wpadniecie tu o trzeciej po po\u0142udniu w po\u0142owie sierpnia, prawdopodobnie wyniesiecie jedynie frustracj\u0119, podeptane kostki u n\u00f3g i zdj\u0119cia pe\u0142ne cudzych plec\u00f3w. Zmiany \u015bwiat\u0142a i g\u0119sto\u015b\u0107 t\u0142umu sprawiaj\u0105, \u017ce w ci\u0105gu dwudziestu czterech godzin most staje si\u0119 kilkoma zupe\u0142nie r\u00f3\u017cnymi miejscami. Mieszka\u0142am w Pradze dziesi\u0119\u0107 lat, wi\u0119c z czystym sumieniem mog\u0119 powiedzie\u0107, \u017ce odpowiedni timing stanowi po\u0142ow\u0119 wra\u017ce\u0144.<\/p>\n<h3 class=\"wp-block-heading\"><span class=\"ez-toc-section\" id=\"Magia_wczesnego_ranka_i_switu\"><\/span><span class=\"ez-toc-section\" id=\"Magia_wczesnego_ranka_i_switu\"><\/span>Magia wczesnego ranka i \u015bwitu<span class=\"ez-toc-section-end\"><\/span><span class=\"ez-toc-section-end\"><\/span><\/h3>\n<p>Kto wstanie wcze\u015bnie, dostaje Prag\u0119 jak na tacy. Kiedy na studiach uczy\u0142am si\u0119 fotografowa\u0107 w porannym \u015bwietle, odkry\u0142am, \u017ce okno mi\u0119dzy <strong>pi\u0105t\u0105 a si\u00f3dm\u0105 rano<\/strong> jest tu \u015bwi\u0119te. Spotkacie jedynie kilku biegaczy, samotnych fotograf\u00f3w i zamiatarzy. S\u0142o\u0144ce leniwie wznosi si\u0119 zza wie\u017c Starego Miasta, a z We\u0142tawy cz\u0119sto unosi si\u0119 delikatna inwersyjna mg\u0142a, kt\u00f3ra nadaje rze\u017abom dramatyczny, niemal upiorny wymiar. \u015awiat\u0142o jest mi\u0119kkie, bruk si\u0119 l\u015bni, a wy macie przestrze\u0144, \u017ceby zatrzyma\u0107 si\u0119 przy poszczeg\u00f3lnych grupach rze\u017abiarskich, nie nara\u017caj\u0105c si\u0119 na zderzenie z innymi. To chwila, kiedy miasto ods\u0142ania swoj\u0105 surow\u0105 i spokojn\u0105 twarz, kt\u00f3rej nie znajdziecie w \u017cadnym przewodniku.<\/p>\n<p>Wsta\u0107 wcze\u015bnie oznacza dotrze\u0107 tu idealnie 30 minut przed oficjalnym wschodem s\u0142o\u0144ca (latem nawet ko\u0142o czwartej trzydzie\u015bci, zim\u0105 wystarczy przyj\u015b\u0107 po si\u00f3dmej), a najpro\u015bciej dostaniecie si\u0119 tu nocnymi tramwajami lub pierwszymi porannymi kursami metra, kiedy wagon macie niemal dla siebie.<\/p>\n<p><strong>\ud83d\udca1 Wskaz\u00f3wka od mieszkanki:<\/strong> Je\u015bli planujecie fotografowa\u0107, we\u017acie ze sob\u0105 statyw. Wczesnym rankiem mo\u017cna go tu, w odr\u00f3\u017cnieniu od dziennego ruchu, u\u017cywa\u0107 bez ryzyka, \u017ce w\u015bciek\u0142y t\u0142um si\u0119 o niego potknie.<\/p>\n<figure class=\"wp-block-image size-full\"><img loading=\"lazy\" decoding=\"async\" width=\"2528\" height=\"1696\" src=\"https:\/\/loudavymkrokem.cz\/wp-content\/uploads\/2026\/03\/prazsky-hrad-karluv-most.jpg\" alt=\"Most Karola o \u015bwicie w mgle\" class=\"wp-image-139608\" title=\"\" srcset=\"https:\/\/loudavymkrokem.cz\/wp-content\/uploads\/2026\/03\/prazsky-hrad-karluv-most.jpg 2528w, https:\/\/loudavymkrokem.cz\/wp-content\/uploads\/2026\/03\/prazsky-hrad-karluv-most-300x201.jpg 300w, https:\/\/loudavymkrokem.cz\/wp-content\/uploads\/2026\/03\/prazsky-hrad-karluv-most-700x470.jpg 700w, https:\/\/loudavymkrokem.cz\/wp-content\/uploads\/2026\/03\/prazsky-hrad-karluv-most-768x515.jpg 768w, https:\/\/loudavymkrokem.cz\/wp-content\/uploads\/2026\/03\/prazsky-hrad-karluv-most-1536x1030.jpg 1536w, https:\/\/loudavymkrokem.cz\/wp-content\/uploads\/2026\/03\/prazsky-hrad-karluv-most-2048x1374.jpg 2048w, https:\/\/loudavymkrokem.cz\/wp-content\/uploads\/2026\/03\/prazsky-hrad-karluv-most-696x467.jpg 696w, https:\/\/loudavymkrokem.cz\/wp-content\/uploads\/2026\/03\/prazsky-hrad-karluv-most-1392x934.jpg 1392w, https:\/\/loudavymkrokem.cz\/wp-content\/uploads\/2026\/03\/prazsky-hrad-karluv-most-1920x1288.jpg 1920w\" sizes=\"auto, (max-width: 2528px) 100vw, 2528px\"><figcaption class=\"wp-element-caption\">Praga<\/figcaption><\/figure>\n<h3 class=\"wp-block-heading\"><span class=\"ez-toc-section\" id=\"Popoludniowy_tlok_i_wieczorny_spokoj\"><\/span><span class=\"ez-toc-section\" id=\"Popoludniowy_tlok_i_wieczorny_spokoj\"><\/span>Popo\u0142udniowy t\u0142ok i wieczorny spok\u00f3j<span class=\"ez-toc-section-end\"><\/span><span class=\"ez-toc-section-end\"><\/span><\/h3>\n<p><strong>Mi\u0119dzy dziesi\u0105t\u0105 rano a dziewi\u0105t\u0105 wieczorem most jest t\u0119tni\u0105cym \u017cyciem deptakiem.<\/strong> Mijaj\u0105 si\u0119 tu karykaturzy\u015bci, uliczni muzykanci i dziesi\u0105tki zorganizowanych grup pod\u0105\u017caj\u0105cych za przewodnikami z podniesionymi parasolkami. <strong>Spacer z w\u00f3zkiem o tej porze wymaga ostrych \u0142okci i stalowych nerw\u00f3w, dlatego z Jon\u00e1\u0161em omijamy go szerokim \u0142ukiem.<\/strong> P\u00f3\u017ane popo\u0142udnie przynosi jednak ciep\u0142e, z\u0142ote \u015bwiat\u0142o, kt\u00f3re opiera si\u0119 o fasady Hradczan i zamienia widok na rzek\u0119 w idealny obraz. <strong>Prawdziwy spok\u00f3j przychodzi dopiero po dwudziestej drugiej, kiedy t\u0142umy rozpraszaj\u0105 si\u0119 po knajpach, a \u017c\u00f3\u0142te \u015bwiat\u0142o gazowych latarni rzuca na barokowe twarze piaskowcowych \u015bwi\u0119tych upiorne cienie.<\/strong><\/p>\n<p>Gazowe latarnie na mo\u015bcie zapalaj\u0105 si\u0119 automatycznie wraz z o\u015bwietleniem publicznym, ale w okresie adwentu (koniec listopada i grudzie\u0144) mo\u017cna tu czasem spotka\u0107 prawdziwego latarnika w historycznym stroju, kt\u00f3ry zapala je d\u0142ug\u0105 tyczk\u0105.<\/p>\n<p><strong>\ud83d\udca1 Wskaz\u00f3wka od mieszkanki:<\/strong> Id\u017acie tu noc\u0105 w deszczu. Odbicia latarni na mokrym bruku s\u0105 przepi\u0119kne, a poniewa\u017c deszcz niezawodnie wygania wi\u0119kszo\u015b\u0107 ludzi do bar\u00f3w, z du\u017cym prawdopodobie\u0144stwem b\u0119dziecie tam zupe\u0142nie sami.<\/p>\n<figure class=\"wp-block-image size-full\"><img loading=\"lazy\" decoding=\"async\" width=\"1200\" height=\"800\" src=\"https:\/\/loudavymkrokem.cz\/wp-content\/uploads\/2026\/04\/karluv-most-4142.jpg\" alt=\"Most Karola w Pradze\" class=\"wp-image-151098\" title=\"\" srcset=\"https:\/\/loudavymkrokem.cz\/wp-content\/uploads\/2026\/04\/karluv-most-4142.jpg 1200w, https:\/\/loudavymkrokem.cz\/wp-content\/uploads\/2026\/04\/karluv-most-4142-300x200.jpg 300w, https:\/\/loudavymkrokem.cz\/wp-content\/uploads\/2026\/04\/karluv-most-4142-700x467.jpg 700w, https:\/\/loudavymkrokem.cz\/wp-content\/uploads\/2026\/04\/karluv-most-4142-768x512.jpg 768w, https:\/\/loudavymkrokem.cz\/wp-content\/uploads\/2026\/04\/karluv-most-4142-696x464.jpg 696w\" sizes=\"auto, (max-width: 1200px) 100vw, 1200px\"><\/figure>\n<h2 class=\"wp-block-heading\"><span class=\"ez-toc-section\" id=\"Gdzie_sie_zatrzymac\"><\/span><span class=\"ez-toc-section\" id=\"Gdzie_sie_zatrzymac\"><\/span>Gdzie si\u0119 zatrzyma\u0107<span class=\"ez-toc-section-end\"><\/span><span class=\"ez-toc-section-end\"><\/span><\/h2>\n<p>Nocleg w samym centrum brzmi romantycznie, dop\u00f3ki o drugiej w nocy nie obudzi was grupka turyst\u00f3w \u015bpiewaj\u0105ca pod oknem. Nauczy\u0142am si\u0119 wybiera\u0107 baz\u0119, z kt\u00f3rej do centrum jest rzut beretem, ale wieczorem wreszcie da si\u0119 wyspa\u0107. Ostatnio z Luk\u00e1\u0161em \u015bwietnie sprawdzi\u0142 nam si\u0119 <strong>The <a class=\"thirstylink\" rel=\"nofollow\" target=\"_blank\" title=\"The Julius Hotel\" href=\"https:\/\/loudavymkrokem.cz\/doporucujeme\/the-julius-hotel\/\" data-shortcode=\"true\">Julius Hotel<\/a><\/strong> na Nowym Mie\u015bcie, zaledwie par\u0119 krok\u00f3w od Wie\u017cy Jind\u0159i\u0161skiej. Mieszkali\u015bmy w One Bedroom Suite, co dla rodziny z dwuletnim Jon\u00e1\u0161em oznacza\u0142o ogromn\u0105 ulg\u0119: oddzielna przestrze\u0144, w pe\u0142ni wyposa\u017cony aneks kuchenny i design, kt\u00f3ry nie jest sterylny, a przypomina luksusowe mieszkanie kogo\u015b z wyj\u0105tkowo dobrym gustem. Z hotelu dojdziecie na nabrze\u017ce przyjemnym spacerem przez Stare Miasto w jakie\u015b dwadzie\u015bcia minut, wi\u0119c nie musicie rano kombinowa\u0107 z tramwajami.<\/p>\n<p>Aktualne ceny i dost\u0119pno\u015b\u0107 na rok 2026 mo\u017cecie sprawdzi\u0107 i <a href=\"https:\/\/www.booking.com\/hotel\/cz\/julius-meinl-house-prague.html?aid=2397601\" rel=\"nofollow noopener\" target=\"_blank\">zarezerwowa\u0107 przez Booking.com<\/a>.<\/p>\n<p>Po wi\u0119cej sprawdzonych wskaz\u00f3wek, gdzie z dzie\u0107mi bezpiecznie i komfortowo z\u0142o\u017cy\u0107 g\u0142ow\u0119, zajrzyjcie do mojego artyku\u0142u <a href=\"https:\/\/loudavymkrokem.cz\/pl\/praga-czechy-hotele-rodzinne\/\">najlepsze rodzinne hotele w Pradze<\/a>.<\/p>\n<figure class=\"wp-block-image size-full\"><img loading=\"lazy\" decoding=\"async\" width=\"1200\" height=\"800\" src=\"https:\/\/loudavymkrokem.cz\/wp-content\/uploads\/2026\/04\/karluv-most-4090.jpg\" alt=\"\" class=\"wp-image-151092\" title=\"\" srcset=\"https:\/\/loudavymkrokem.cz\/wp-content\/uploads\/2026\/04\/karluv-most-4090.jpg 1200w, https:\/\/loudavymkrokem.cz\/wp-content\/uploads\/2026\/04\/karluv-most-4090-300x200.jpg 300w, https:\/\/loudavymkrokem.cz\/wp-content\/uploads\/2026\/04\/karluv-most-4090-700x467.jpg 700w, https:\/\/loudavymkrokem.cz\/wp-content\/uploads\/2026\/04\/karluv-most-4090-768x512.jpg 768w, https:\/\/loudavymkrokem.cz\/wp-content\/uploads\/2026\/04\/karluv-most-4090-696x464.jpg 696w\" sizes=\"auto, (max-width: 1200px) 100vw, 1200px\"><\/figure>\n<h2 class=\"wp-block-heading\"><span class=\"ez-toc-section\" id=\"Historia_i_architektura_Mostu_Karola\"><\/span><span class=\"ez-toc-section\" id=\"Historia_i_architektura_Mostu_Karola\"><\/span>Historia i architektura Mostu Karola<span class=\"ez-toc-section-end\"><\/span><span class=\"ez-toc-section-end\"><\/span><\/h2>\n<p>Kamienny \u0142\u0105cznik obu brzeg\u00f3w nie zawsze funkcjonowa\u0142 jedynie jako romantyczna promenada. By\u0142 to \u017cyciowo wa\u017cna arteria komunikacyjna, przez kt\u00f3r\u0105 przez stulecia przeje\u017cd\u017ca\u0142y wozy z towarem, konie, a na pocz\u0105tku XX wieku nawet tramwaje. Wcze\u015bniej sta\u0142 tu Most Judyty, ale zabra\u0142a go wielka woda, wi\u0119c cesarz Karol IV musia\u0142 wyst\u0105pi\u0107 z nowym, bardziej wytrzyma\u0142ym planem.<\/p>\n<h3 class=\"wp-block-heading\"><span class=\"ez-toc-section\" id=\"Magiczna_data_zalozenia_i_Petr_Parler\"><\/span><span class=\"ez-toc-section\" id=\"Magiczna_data_zalozenia_i_Petr_Parler\"><\/span>Magiczna data za\u0142o\u017cenia i Petr Parl\u00e9\u0159<span class=\"ez-toc-section-end\"><\/span><span class=\"ez-toc-section-end\"><\/span><\/h3>\n<p>Historia budowy jest \u015bci\u015ble zwi\u0105zana ze \u015bredniowieczn\u0105 mistyk\u0105 i astronomi\u0105. Karol IV s\u0142yn\u0105\u0142 z wiary w astrologi\u0119, dlatego kaza\u0142 po\u0142o\u017cy\u0107 kamie\u0144 w\u0119gielny dok\u0142adnie <strong>9 lipca 1357 roku o godzinie 5:31<\/strong> rano. Kiedy u\u0142o\u017cycie te cyfry w szereg, powstaje palindrom 1-3-5-7-9-7-5-3-1, kt\u00f3ry mia\u0142 zapewni\u0107 budowli wieczno\u015b\u0107 i ochron\u0119 przed niszczycielskimi \u017cywio\u0142ami. To jedna z najbardziej znanych ciekawostek o Mo\u015bcie Karola. G\u0142\u00f3wnym architektem zosta\u0142 w\u00f3wczas zaledwie dwudziestosiedmioletni Petr Parl\u00e9\u0159, odpowiedzialny tak\u017ce za budow\u0119 Katedry \u015bw. Wita. Pierwotnie m\u00f3wiono na niego po prostu Most Kamienny lub Most Praski \u2014 imi\u0119 swojego za\u0142o\u017cyciela nosi oficjalnie dopiero od roku 1870.<\/p>\n<p>Most ma 515 metr\u00f3w d\u0142ugo\u015bci i prawie 10 metr\u00f3w szeroko\u015bci. Spoczywa na 16 masywnych piaskowcowych filarach, kt\u00f3re musia\u0142y zosta\u0107 posadowione g\u0142\u0119boko w dnie rzeki za pomoc\u0105 specjalnych d\u0119bowych rusztowa\u0144.<\/p>\n<p><strong>\ud83d\udca1 Wskaz\u00f3wka od mieszkanki:<\/strong> Je\u015bli interesuje was, jak budowano \u015bredniowieczne fundamenty pod wod\u0105, zajrzyjcie do <strong><a href=\"https:\/\/www.muzeumkarlovamostu.cz\/\" rel=\"nofollow noopener\" target=\"_blank\">Muzeum Mostu Karola<\/a><\/strong> na placu K\u0159i\u017eovnick\u00e9 n\u00e1m\u011bst\u00ed. Maj\u0105 tam \u015bwietne i szczeg\u00f3\u0142owe modele \u00f3wczesnych d\u017awig\u00f3w budowlanych.<\/p>\n<figure class=\"wp-block-image size-full\"><img loading=\"lazy\" decoding=\"async\" width=\"1200\" height=\"800\" src=\"https:\/\/loudavymkrokem.cz\/wp-content\/uploads\/2026\/04\/karluv-most-4092.jpg\" alt=\"\" class=\"wp-image-151094\" title=\"\" srcset=\"https:\/\/loudavymkrokem.cz\/wp-content\/uploads\/2026\/04\/karluv-most-4092.jpg 1200w, https:\/\/loudavymkrokem.cz\/wp-content\/uploads\/2026\/04\/karluv-most-4092-300x200.jpg 300w, https:\/\/loudavymkrokem.cz\/wp-content\/uploads\/2026\/04\/karluv-most-4092-700x467.jpg 700w, https:\/\/loudavymkrokem.cz\/wp-content\/uploads\/2026\/04\/karluv-most-4092-768x512.jpg 768w, https:\/\/loudavymkrokem.cz\/wp-content\/uploads\/2026\/04\/karluv-most-4092-696x464.jpg 696w\" sizes=\"auto, (max-width: 1200px) 100vw, 1200px\"><\/figure>\n<h3 class=\"wp-block-heading\"><span class=\"ez-toc-section\" id=\"Mit_o_jajkach_i_brutalna_rzeczywistosc_powodzi\"><\/span><span class=\"ez-toc-section\" id=\"Mit_o_jajkach_i_brutalna_rzeczywistosc_powodzi\"><\/span>Mit o jajkach i brutalna rzeczywisto\u015b\u0107 powodzi<span class=\"ez-toc-section-end\"><\/span><span class=\"ez-toc-section-end\"><\/span><\/h3>\n<p>Bodaj ka\u017cdy czeski ucze\u0144 s\u0142ysza\u0142 legend\u0119 o tym, jak do zaprawy dodawano jajka, \u017ceby mur lepiej trzyma\u0142, i jak mieszka\u0144cy miasteczka Velvary przez pomy\u0142k\u0119 przywie\u017ali jajka na twardo, \u017ceby nie pot\u0142uk\u0142y si\u0119 w drodze. Nowoczesne analizy chemiczne z pocz\u0105tku XXI wieku pocz\u0105tkowo potwierdzi\u0142y \u015blady bia\u0142ek jajecznych, ale nowsze badania z 2010 roku je zanegowa\u0142y. Okaza\u0142o si\u0119, \u017ce \u015bredniowieczni murarze u\u017cywali raczej mleka i osad\u00f3w winnych. Niezale\u017cnie od sk\u0142adu zaprawy, budowla musia\u0142a w trakcie swojego istnienia stawi\u0107 czo\u0142a wielu pr\u00f3bom. Najkrytyczniejsze chwile prze\u017cywa\u0142a podczas niszczycielskich powodzi, na przyk\u0142ad w 1890 roku, kiedy wezbrany nurt We\u0142tawy zerwa\u0142 trzy \u0142uki.<\/p>\n<p>Dzi\u015b zabytek chroniony jest systemem nowoczesnych barier na g\u00f3rnym biegu rzeki, a in\u017cynierowie regularnie monitoruj\u0105 stabilno\u015b\u0107 filar\u00f3w za pomoc\u0105 czujnik\u00f3w laserowych.<\/p>\n<p><strong>\ud83d\udca1 Wskaz\u00f3wka od mieszkanki:<\/strong> Podczas spaceru wzd\u0142u\u017c We\u0142tawy na wyspie Kampa zwr\u00f3\u0107cie uwag\u0119 na niepozorne metalowe ryski na niekt\u00f3rych historycznych budynkach. Pokazuj\u0105, dok\u0105d si\u0119ga\u0142 poziom wody podczas katastrofalnej powodzi w 2002 roku. Na tej wysoko\u015bci przechodz\u0105 dreszcze.<\/p>\n<div class=\"lk-zazitky-module\">\n<style>\n.lk-zazitky-module * { box-sizing: border-box; margin: 0; padding: 0; }\n.lk-zazitky-module {\n  font-family: 'DM Sans', Georgia, sans-serif;\n  max-width: 100%;\n  margin: 2.5rem auto;\n  background: linear-gradient(135deg, #fdf6f3 0%, #fbede7 100%);\n  border: 1px solid #f0d9cc;\n  border-radius: 16px;\n  overflow: hidden;\n  box-shadow: 0 16px 48px rgba(217, 119, 87, 0.18), 0 4px 12px rgba(0,0,0,0.06);\n}\n.lk-zazitky-header {\n  position: relative;\n  padding: 24px 32px;\n  background: linear-gradient(135deg, #d97757 0%, #c46b4b 60%, #d97757 100%);\n  display: flex;\n  align-items: center;\n  gap: 18px;\n}\n.lk-zazitky-header::before {\n  content: '';\n  position: absolute;\n  inset: 0;\n  background: url(\"data:image\/svg+xml,%3Csvg width='60' height='60' viewBox='0 0 60 60' xmlns='http:\/\/www.w3.org\/2000\/svg'%3E%3Cg fill='none' fill-rule='evenodd'%3E%3Cg fill='%23ffffff' fill-opacity='0.05'%3E%3Cpath d='M36 34v-4h-2v4h-4v2h4v4h2v-4h4v-2h-4zm0-30V0h-2v4h-4v2h4v4h2V6h4V4h-4zM6 34v-4H4v4H0v2h4v4h2v-4h4v-2H6zM6 4V0H4v4H0v2h4v4h2V6h4V4H6z'\/%3E%3C\/g%3E%3C\/g%3E%3C\/svg%3E\") repeat;\n  pointer-events: none;\n}\n.lk-zazitky-header img {\n  width: 64px; height: 64px; border-radius: 12px; flex-shrink: 0;\n  object-fit: cover; box-shadow: 0 4px 12px rgba(0,0,0,0.18); position: relative; z-index: 1;\n}\n.lk-zazitky-header-text { position: relative; z-index: 1; }\n.lk-zazitky-eyebrow {\n  font-size: 10px; font-weight: 600; letter-spacing: 2.5px; text-transform: uppercase;\n  color: rgba(255,255,255,.92); margin-bottom: 5px;\n}\n.lk-zazitky-title {\n  font-family: 'Playfair Display', Georgia, serif;\n  font-size: 24px; font-weight: 700; color: #fff; line-height: 1.2;\n  text-shadow: 0 1px 2px rgba(0,0,0,0.12);\n}\n.lk-zazitky-subtitle {\n  font-size: 13px; color: rgba(255,255,255,.85); margin-top: 4px; font-weight: 300;\n}\n.lk-zazitky-grid {\n  display: grid;\n  grid-template-columns: 1fr 1fr 1fr;\n  gap: 1px;\n  background: rgba(217, 119, 87, 0.12);\n}\n.lk-zazitek-card {\n  background: #ffffff; padding: 22px; display: flex; flex-direction: column; gap: 11px;\n  transition: all 0.3s ease; text-decoration: none; color: inherit; position: relative;\n}\n.lk-zazitek-card:hover {\n  background: #fffaf7; transform: translateY(-2px);\n  box-shadow: 0 8px 24px rgba(217, 119, 87, 0.15); z-index: 1;\n}\n.lk-zazitek-card.is-category {\n  background: linear-gradient(135deg, #fffaf7 0%, #fff3eb 100%);\n  box-shadow: inset 0 1px 0 rgba(217, 119, 87, 0.1);\n}\n.lk-zazitek-card.is-category:hover {\n  background: linear-gradient(135deg, #fff7f2 0%, #ffeee3 100%);\n}\n.lk-zazitek-badge {\n  display: inline-flex; align-items: center; gap: 5px;\n  font-size: 10px; font-weight: 600; letter-spacing: 1.5px; text-transform: uppercase;\n  padding: 5px 11px; border-radius: 20px; width: fit-content;\n  background: rgba(217, 119, 87, 0.10); color: #c46b4b; border: 1px solid rgba(217, 119, 87, 0.22);\n}\n.lk-zazitek-card.is-category .lk-zazitek-badge {\n  background: linear-gradient(135deg, #d97757 0%, #c46b4b 100%); color: #fff;\n  border-color: #c46b4b; box-shadow: 0 2px 8px rgba(217, 119, 87, 0.28);\n}\n.lk-zazitek-name {\n  font-family: 'Playfair Display', Georgia, serif;\n  font-size: 17px; font-weight: 700; color: #111827; line-height: 1.3;\n}\n.lk-zazitek-desc {\n  font-size: 13px; color: #525252; line-height: 1.6; font-weight: 300; flex: 1;\n}\n.lk-zazitek-meta { display: flex; align-items: center; gap: 12px; flex-wrap: wrap; margin-top: 4px; }\n.lk-zazitek-price { font-size: 13px; color: #6b7280; }\n.lk-zazitek-price strong { color: #c46b4b; font-weight: 600; }\n.lk-zazitek-cta {\n  display: inline-flex; align-items: center; justify-content: center; gap: 7px;\n  margin-top: 8px; padding: 11px 16px; border-radius: 8px;\n  background: linear-gradient(135deg, #d97757 0%, #c46b4b 100%);\n  color: #fff; font-size: 13px; font-weight: 500; text-decoration: none;\n  letter-spacing: .3px; transition: all .2s ease; cursor: pointer; border: none;\n  text-align: center; box-shadow: 0 4px 12px rgba(217, 119, 87, 0.28);\n  white-space: nowrap;\n}\n.lk-zazitek-cta:hover {\n  background: linear-gradient(135deg, #c46b4b 0%, #b35e3f 100%);\n  transform: translateY(-1px); box-shadow: 0 6px 16px rgba(217, 119, 87, 0.38);\n}\n.lk-zazitek-card.is-category .lk-zazitek-cta {\n  background: linear-gradient(135deg, #3685fc 0%, #2a6fd9 100%);\n  box-shadow: 0 4px 12px rgba(54, 133, 252, 0.22);\n}\n.lk-zazitek-card.is-category .lk-zazitek-cta:hover {\n  background: linear-gradient(135deg, #2a6fd9 0%, #1e5bc4 100%);\n  box-shadow: 0 6px 16px rgba(54, 133, 252, 0.32);\n}\n.lk-zazitky-footer {\n  padding: 16px 32px;\n  background: linear-gradient(to bottom, #fdf6f3 0%, #f9eae2 100%);\n  border-top: 1px solid rgba(217, 119, 87, 0.18);\n  display: flex; align-items: center; justify-content: center; flex-wrap: wrap; gap: 12px;\n}\n.lk-zazitky-discount {\n  display: inline-flex; align-items: center; gap: 8px;\n  font-size: 13px; color: #6b3a26; font-weight: 500;\n}\n.lk-zazitky-discount-code {\n  font-family: 'Courier New', monospace; font-weight: 700; color: #c46b4b;\n  background: rgba(217, 119, 87, 0.12); padding: 4px 10px; border-radius: 6px;\n  letter-spacing: 1px; font-size: 13px;\n}\n.lk-zazitky-disclaimer {\n  font-size: 11px; color: #8a6e60; font-weight: 300; line-height: 1.5;\n}\n.lk-zazitky-disclaimer a { color: #c46b4b; text-decoration: none; }\n.lk-zazitky-disclaimer a:hover { text-decoration: underline; }\n@media (max-width: 720px) {\n  .lk-zazitky-grid { grid-template-columns: 1fr; }\n  .lk-zazitky-header { padding: 20px 18px; }\n  .lk-zazitky-footer { padding: 14px 18px; }\n  .lk-zazitek-card { padding: 20px; }\n  .lk-zazitky-title { font-size: 20px; }\n}\n<\/style>\n<div class=\"lk-zazitky-header\">\n    <img decoding=\"async\" src=\"https:\/\/loudavymkrokem.cz\/wp-content\/uploads\/2026\/02\/lukas-a-lucka.jpg\" alt=\"Luk\u00e1\u0161 i Lucie\" title=\"\"><\/p>\n<div class=\"lk-zazitky-header-text\">\n<div class=\"lk-zazitky-eyebrow\">Tip Luk\u00e1\u0161a i Lucie<\/div>\n<div class=\"lk-zazitky-title\">Prze\u017cyjcie Prag\u0119 inaczej<\/div>\n<div class=\"lk-zazitky-subtitle\">3 sprawdzone propozycje ze zni\u017ck\u0105 5 % od partnera Firma na z\u00e1\u017eitky<\/div>\n<\/p><\/div>\n<\/p><\/div>\n<div class=\"lk-zazitky-grid\">\n<p>    <a class=\"lk-zazitek-card\" href=\"https:\/\/www.firmanazazitky.cz\/plavba-po-vltave-s-obedem?utm_source=loudavymkrokem&amp;utm_medium=referral&amp;utm_campaign=karluv-most-pruvodce-od-mistni-historie-sochy-nejlepsi-cas&amp;utm_content=zazitek-1\" target=\"_blank\" rel=\"nofollow noopener sponsored\"><br \/>\n      <span class=\"lk-zazitek-badge\">\ud83d\udee5 Rejs<\/span><\/p>\n<div class=\"lk-zazitek-name\">Rejs po We\u0142tawie z obiadem<\/div>\n<div class=\"lk-zazitek-desc\">Most Karola z perspektywy, kt\u00f3rej nie do\u015bwiadczycie pieszo &#8211; spokojny rejs pod jego \u0142ukami z obiadem dla dwojga w cenie.<\/div>\n<div class=\"lk-zazitek-meta\">\n        <span class=\"lk-zazitek-price\">od <strong>84 \u20ac<\/strong><\/span>\n      <\/div>\n<p>      <span class=\"lk-zazitek-cta\"><br \/>\n        <svg width=\"14\" height=\"14\" viewBox=\"0 0 24 24\" fill=\"none\" stroke=\"currentColor\" stroke-width=\"2\"><path d=\"M18 13v6a2 2 0 0 1-2 2H5a2 2 0 0 1-2-2V8a2 2 0 0 1 2-2h6\"\/><polyline points=\"15 3 21 3 21 9\"\/><line x1=\"10\" y1=\"14\" x2=\"21\" y2=\"3\"\/><\/svg><br \/>\n        Zarezerwuj ze zni\u017ck\u0105<br \/>\n      <\/span><br \/>\n    <\/a><\/p>\n<p>    <a class=\"lk-zazitek-card\" href=\"https:\/\/www.firmanazazitky.cz\/4-chodove-obedove-menu-v-tancicim-dome?utm_source=loudavymkrokem&amp;utm_medium=referral&amp;utm_campaign=karluv-most-pruvodce-od-mistni-historie-sochy-nejlepsi-cas&amp;utm_content=zazitek-2\" target=\"_blank\" rel=\"nofollow noopener sponsored\"><br \/>\n      <span class=\"lk-zazitek-badge\">\ud83c\udf7d Gastro<\/span><\/p>\n<div class=\"lk-zazitek-name\">4-daniowy obiad w Ta\u0144cz\u0105cym Domu<\/div>\n<div class=\"lk-zazitek-desc\">Po spacerze po Mo\u015bcie Karola zaledwie par\u0119 minut nad rzek\u0119 &#8211; obiad w ikonicznej restauracji z widokiem na Zamek Praski.<\/div>\n<div class=\"lk-zazitek-meta\">\n        <span class=\"lk-zazitek-price\">od <strong>75 \u20ac<\/strong><\/span>\n      <\/div>\n<p>      <span class=\"lk-zazitek-cta\"><br \/>\n        <svg width=\"14\" height=\"14\" viewBox=\"0 0 24 24\" fill=\"none\" stroke=\"currentColor\" stroke-width=\"2\"><path d=\"M18 13v6a2 2 0 0 1-2 2H5a2 2 0 0 1-2-2V8a2 2 0 0 1 2-2h6\"\/><polyline points=\"15 3 21 3 21 9\"\/><line x1=\"10\" y1=\"14\" x2=\"21\" y2=\"3\"\/><\/svg><br \/>\n        Zarezerwuj ze zni\u017ck\u0105<br \/>\n      <\/span><br \/>\n    <\/a><\/p>\n<p>    <a class=\"lk-zazitek-card is-category\" href=\"https:\/\/www.firmanazazitky.cz\/gurmanske-zazitky-praha\/?utm_source=loudavymkrokem&amp;utm_medium=referral&amp;utm_campaign=karluv-most-pruvodce-od-mistni-historie-sochy-nejlepsi-cas&amp;utm_content=kategorie\" target=\"_blank\" rel=\"nofollow noopener sponsored\"><br \/>\n      <span class=\"lk-zazitek-badge\">\u2b50 Wszystko<\/span><\/p>\n<div class=\"lk-zazitek-name\">Kulinarne prze\u017cycia w Pradze<\/div>\n<div class=\"lk-zazitek-desc\">Topowe praskie restauracje, degustacje i do\u015bwiadczenia gastronomiczne wybrane dla wymagaj\u0105cych smakoszy.<\/div>\n<p>      <span class=\"lk-zazitek-cta\"><br \/>\n        Przegl\u0105daj oferty<br \/>\n        <svg width=\"12\" height=\"12\" viewBox=\"0 0 24 24\" fill=\"none\" stroke=\"currentColor\" stroke-width=\"2.5\"><polyline points=\"9 18 15 12 9 6\"\/><\/svg><br \/>\n      <\/span><br \/>\n    <\/a><\/p><\/div>\n<div class=\"lk-zazitky-footer\">\n    <span class=\"lk-zazitky-discount\"><br \/>\n      \u2b50 Zni\u017cka 5 % z kodem<br \/>\n      <span class=\"lk-zazitky-discount-code\">LOUDAVYMKROKEM5<\/span><br \/>\n    <\/span>\n  <\/div>\n<\/div>\n<h3 class=\"wp-block-heading\"><span class=\"ez-toc-section\" id=\"Bradac_Praski_system_ostrzegawczy\"><\/span><span class=\"ez-toc-section\" id=\"Bradac_Praski_system_ostrzegawczy\"><\/span>Brad\u00e1\u010d: Praski system ostrzegawczy<span class=\"ez-toc-section-end\"><\/span><span class=\"ez-toc-section-end\"><\/span><\/h3>\n<p>Kiedy stoicie przy Staromiejskiej Wie\u017cy Mostowej i spojrzycie w d\u00f3\u0142 na nabrze\u017cny mur, zobaczycie tam osadzony kamienny relief m\u0119skiej g\u0142owy. Nazywa si\u0119 Brad\u00e1\u010d (dos\u0142ownie \u201eBrodacz&#8221;) i przez wieki funkcjonowa\u0142 jako prosty, ale niezawodny wodowskaz. Mieszka\u0144cy Pragi wiedzieli, \u017ce kiedy poziom We\u0142tawy podniesie si\u0119 na tyle, \u017ce woda dotknie brody Brad\u00e1\u010da, jest \u017ale i Stare Miasto zaczyna by\u0107 zalewane. Pierwotnie relief ten by\u0142 cz\u0119\u015bci\u0105 starszego Mostu Judyty, a kiedy ten zabra\u0142a woda, budowniczowie pietystycznie go ocalili i przenie\u015bli na now\u0105 budowl\u0119.<\/p>\n<p>Brad\u00e1\u010da najlepiej zobaczycie z placu K\u0159i\u017eovnick\u00e9 n\u00e1m\u011bst\u00ed, kiedy pochylicie si\u0119 nad kamienn\u0105 balustrad\u0105 w pobli\u017cu pomnika Karola IV i spojrzycie pionowo w d\u00f3\u0142 ku tafli wody.<\/p>\n<p><strong>\ud83d\udca1 Wskaz\u00f3wka od mieszkanki:<\/strong> Wed\u0142ug starej miejskiej legendy twarz Brad\u00e1\u010da przedstawia samego w\u0142oskiego budowniczego pierwszego kamiennego praskiego mostu, kt\u00f3ry w ten spos\u00f3b czuwa nad miastem i rzek\u0105 do dzi\u015b.<\/p>\n<figure class=\"wp-block-image size-full\"><img loading=\"lazy\" decoding=\"async\" width=\"1200\" height=\"800\" src=\"https:\/\/loudavymkrokem.cz\/wp-content\/uploads\/2026\/04\/karluv-most-4144.jpg\" alt=\"\" class=\"wp-image-151100\" title=\"\" srcset=\"https:\/\/loudavymkrokem.cz\/wp-content\/uploads\/2026\/04\/karluv-most-4144.jpg 1200w, https:\/\/loudavymkrokem.cz\/wp-content\/uploads\/2026\/04\/karluv-most-4144-300x200.jpg 300w, https:\/\/loudavymkrokem.cz\/wp-content\/uploads\/2026\/04\/karluv-most-4144-700x467.jpg 700w, https:\/\/loudavymkrokem.cz\/wp-content\/uploads\/2026\/04\/karluv-most-4144-768x512.jpg 768w, https:\/\/loudavymkrokem.cz\/wp-content\/uploads\/2026\/04\/karluv-most-4144-696x464.jpg 696w\" sizes=\"auto, (max-width: 1200px) 100vw, 1200px\"><\/figure>\n<h2 class=\"wp-block-heading\"><span class=\"ez-toc-section\" id=\"Rzezby_na_Moscie_Karola_Galeria_pod_golym_niebem\"><\/span><span class=\"ez-toc-section\" id=\"Rzezby_na_Moscie_Karola_Galeria_pod_golym_niebem\"><\/span>Rze\u017aby na Mo\u015bcie Karola: Galeria pod go\u0142ym niebem<span class=\"ez-toc-section-end\"><\/span><span class=\"ez-toc-section-end\"><\/span><\/h2>\n<p>Pierwotnie droga przez rzek\u0119 przez d\u0142ugie lata by\u0142a praktycznie go\u0142\u0105 konstrukcj\u0105 \u2014 zdobi\u0142o j\u0105 jedynie proste drewniane ukrzy\u017cowanie z Chrystusem. Dopiero epoka baroku w XVII i XVIII wieku uczyni\u0142a z niej wspania\u0142\u0105 galeri\u0119 rze\u017abiarsk\u0105 pod go\u0142ym niebem, kt\u00f3r\u0105 znamy dzi\u015b. Aktualnie na mo\u015bcie stoi dok\u0142adnie trzydzie\u015bci rze\u017ab i grup rze\u017abiarskich. Du\u017ca ich cz\u0119\u015b\u0107 to jednak starannie wykonane piaskowcowe kopie. Orygina\u0142y miasto ukry\u0142o przed kaprysami pogody i smogiem w <a href=\"https:\/\/www.nm.cz\/\" rel=\"nofollow noopener\" target=\"_blank\">Lapidarium Muzeum Narodowego<\/a> na terenach wystawowych oraz w mrocznej sali <strong>Gorlice<\/strong> w murach obronnych Wyszehradu.<\/p>\n<h3 class=\"wp-block-heading\"><span class=\"ez-toc-section\" id=\"Swiety_Jan_Nepomucen_i_rytual_na_szczescie\"><\/span><span class=\"ez-toc-section\" id=\"Swiety_Jan_Nepomucen_i_rytual_na_szczescie\"><\/span>\u015awi\u0119ty Jan Nepomucen i rytua\u0142 na szcz\u0119\u015bcie<span class=\"ez-toc-section-end\"><\/span><span class=\"ez-toc-section-end\"><\/span><\/h3>\n<p>To absolutna klasyka i prawdopodobnie najcz\u0119\u015bciej fotografowana rze\u017aba na ca\u0142ej trasie \u2014 w 1683 roku stworzy\u0142 j\u0105 <strong>Jan Brokoff<\/strong>. Znajduje si\u0119 mniej wi\u0119cej w po\u0142owie mostu po prawej stronie, id\u0105c w kierunku Hradczan. Jan Nepomucen zosta\u0142 wed\u0142ug legendy zrzucony do We\u0142tawy w\u0142a\u015bnie z tego miejsca, poniewa\u017c nie chcia\u0142 kr\u00f3lowi Wac\u0142awowi IV zdradzi\u0107 tajemnicy spowiedzi kr\u00f3lowej. Pod rze\u017ab\u0105 znajduj\u0105 si\u0119 dwa br\u0105zowe reliefy, wyg\u0142adzone r\u0119kami milion\u00f3w turyst\u00f3w do b\u0142yszcz\u0105cej, z\u0142otej barwy. Dotkni\u0119cie upadaj\u0105cego \u015bwi\u0119tego ma przynosi\u0107 szcz\u0119\u015bcie i gwarantowa\u0107, \u017ce kiedy\u015b jeszcze wr\u00f3cicie do Pragi. To najs\u0142ynniejszy przes\u0105d zwi\u0105zany z Mostem Karola \u2014 i jednocze\u015bnie odpowied\u017a na pytanie, co trzeba dotkn\u0105\u0107.<\/p>\n<p>Rze\u017ab\u0119 rozpoznacie z daleka bardzo \u0142atwo. Ma wok\u00f3\u0142 g\u0142owy charakterystyczn\u0105 aureol\u0119 z pi\u0119cioma gwiazdami i zwykle stoi przy niej ma\u0142y t\u0142umek czekaj\u0105cych na pog\u0142askanie relief\u00f3w.<\/p>\n<p><strong>\ud83d\udca1 Wskaz\u00f3wka od mieszkanki:<\/strong> Nie dotykajcie psa na lewym reliefie! Cho\u0107 jest od turyst\u00f3w r\u00f3wnie wyg\u0142adzony, oryginalna legenda m\u00f3wi tylko o dotkni\u0119ciu postaci upadaj\u0105cego Jana Nepomucena, kt\u00f3r\u0105 znajdziecie po prawej stronie coko\u0142u.<\/p>\n<h3 class=\"wp-block-heading\"><span class=\"ez-toc-section\" id=\"Sen_swietej_Lutgardy\"><\/span><span class=\"ez-toc-section\" id=\"Sen_swietej_Lutgardy\"><\/span>Sen \u015bwi\u0119tej Lutgardy<span class=\"ez-toc-section-end\"><\/span><span class=\"ez-toc-section-end\"><\/span><\/h3>\n<p>Gdybym mia\u0142a wybra\u0107 jedn\u0105 jedyn\u0105 grup\u0119 rze\u017abiarsk\u0105, kt\u00f3ra pod wzgl\u0119dem warto\u015bci artystycznej przewy\u017csza pozosta\u0142e, by\u0142by to <strong>Sen \u015bwi\u0119tej Lutgardy<\/strong> autorstwa <strong>Macieja Bernarda Brauna<\/strong>. To arcydzie\u0142o czeskiego baroku znajdziecie bli\u017cej malostra\u0144skiego brzegu. Braun wyku\u0142 je w 1710 roku, kiedy mia\u0142 zaledwie 26 lat. Kompozycja niewidomej zakonnicy cysterskiej, ku kt\u00f3rej z krzy\u017ca pochyla si\u0119 Chrystus, aby napi\u0142a si\u0119 krwi z jego rany, jest niewiarygodnie dynamiczna i pe\u0142na emocji. Nawet z daleka wida\u0107, jak rze\u017abiarz potrafi\u0142 upora\u0107 si\u0119 z twardym piaskowcem i tchn\u0105\u0107 w niego iluzj\u0119 lekkiego marszczenia draperii rozwiewanej wiatrem.<\/p>\n<p>Jest to dwunasta rze\u017aba po lewej stronie, id\u0105c od Starego Miasta. Orygina\u0142 z 1710 roku jest dzi\u015b bezpiecznie przechowywany w Lapidarium, a na mo\u015bcie stoi kopia.<\/p>\n<p><strong>\ud83d\udca1 Wskaz\u00f3wka od mieszkanki:<\/strong> Spr\u00f3bujcie obejrze\u0107 rze\u017ab\u0119 od do\u0142u, z filara pod mostem (mo\u017cna do niego doj\u015b\u0107 po schodach z wyspy Kampa). Zyskacie zupe\u0142nie inn\u0105 perspektyw\u0119 na fascynuj\u0105c\u0105 prac\u0119 Brauna z przestrzeni\u0105 i g\u0142\u0119bi\u0105.<\/p>\n<figure class=\"wp-block-image size-full\"><img loading=\"lazy\" decoding=\"async\" width=\"1200\" height=\"800\" src=\"https:\/\/loudavymkrokem.cz\/wp-content\/uploads\/2026\/04\/karluv-most-4148.jpg\" alt=\"\" class=\"wp-image-151099\" title=\"\" srcset=\"https:\/\/loudavymkrokem.cz\/wp-content\/uploads\/2026\/04\/karluv-most-4148.jpg 1200w, https:\/\/loudavymkrokem.cz\/wp-content\/uploads\/2026\/04\/karluv-most-4148-300x200.jpg 300w, https:\/\/loudavymkrokem.cz\/wp-content\/uploads\/2026\/04\/karluv-most-4148-700x467.jpg 700w, https:\/\/loudavymkrokem.cz\/wp-content\/uploads\/2026\/04\/karluv-most-4148-768x512.jpg 768w, https:\/\/loudavymkrokem.cz\/wp-content\/uploads\/2026\/04\/karluv-most-4148-696x464.jpg 696w\" sizes=\"auto, (max-width: 1200px) 100vw, 1200px\"><\/figure>\n<h3 class=\"wp-block-heading\"><span class=\"ez-toc-section\" id=\"Grupa_rzezbiarska_sw_Wincentego_Ferreriusza_i_Prokopa\"><\/span><span class=\"ez-toc-section\" id=\"Grupa_rzezbiarska_sw_Wincentego_Ferreriusza_i_Prokopa\"><\/span>Grupa rze\u017abiarska \u015bw. Wincentego Ferreriusza i Prokopa<span class=\"ez-toc-section-end\"><\/span><span class=\"ez-toc-section-end\"><\/span><\/h3>\n<p>T\u0119 monumentaln\u0105 i do\u015b\u0107 przera\u017caj\u0105c\u0105 grup\u0119 rze\u017abiarsk\u0105 wyku\u0142 <strong>Ferdynand Maksymilian Brokoff<\/strong> i nale\u017cy do moich ulubionych, kiedy chc\u0119 komu\u015b pokaza\u0107, jak mroczne i dzikie potrafi\u0142o by\u0107 barokowe rze\u017abiarstwo. Przedstawia \u015bwi\u0119tego Wincentego wskrzeszaj\u0105cego zmar\u0142ego do \u017cycia i wyp\u0119dzaj\u0105cego diab\u0142a, podczas gdy \u015bwi\u0119ty Prokop odp\u0119dza z\u0142\u0105 si\u0142\u0119 krzy\u017cem. Pod ich stopami le\u017c\u0105 pokonani diab\u0142y i grzesznicy, kt\u00f3rych wykr\u0119cone w konwulsjach cia\u0142a i twarze pe\u0142ne cierpienia tworz\u0105 ostry kontrast ze spokojnymi obliczami \u015bwi\u0119tych. Jako studentka przychodzi\u0142am tu z aparatem bada\u0107 anatomi\u0119 tych pokonanych demon\u00f3w, bo z bliska wygl\u0105daj\u0105 niemal przera\u017caj\u0105co realistycznie.<\/p>\n<p>Grupa rze\u017abiarska znajduje si\u0119 blisko malostra\u0144skiego ko\u0144ca \u2014 to sz\u00f3sta rze\u017aba po lewej stronie, id\u0105c od Starego Miasta.<\/p>\n<p><strong>\ud83d\udca1 Wskaz\u00f3wka od mieszkanki:<\/strong> Zwr\u00f3\u0107cie uwag\u0119 na posta\u0107 ponurego Turka z biczem i psem str\u00f3\u017cuj\u0105cym przy grupie Jana z Mathy, Feliksa z Valois i Iwana, stoj\u0105cej naprzeciwko. To popularny \u201ePraski Turek&#8221;, kt\u00f3rego miejscowe dzieci od pokole\u0144 uwa\u017caj\u0105 za bajkow\u0105 posta\u0107 i do dzi\u015b spogl\u0105daj\u0105 na niego z respektem.<\/p>\n<h2 class=\"wp-block-heading\"><span class=\"ez-toc-section\" id=\"Wieze_Mostu_Karola_Widoki_z_gory\"><\/span><span class=\"ez-toc-section\" id=\"Wieze_Mostu_Karola_Widoki_z_gory\"><\/span>Wie\u017ce Mostu Karola: Widoki z g\u00f3ry<span class=\"ez-toc-section-end\"><\/span><span class=\"ez-toc-section-end\"><\/span><\/h2>\n<p>Obie wie\u017ce s\u0105 dost\u0119pne dla zwiedzaj\u0105cych i oferuj\u0105 widoki tak r\u00f3\u017cne, \u017ce spokojnie warto wej\u015b\u0107 na obie. Ja osobi\u015bcie mam s\u0142abo\u015b\u0107 do strony malostra\u0144skiej, ale o tym za chwil\u0119.<\/p>\n<h3 class=\"wp-block-heading\"><span class=\"ez-toc-section\" id=\"Staromiejska_Wieza_Mostowa\"><\/span><span class=\"ez-toc-section\" id=\"Staromiejska_Wieza_Mostowa\"><\/span>Staromiejska Wie\u017ca Mostowa<span class=\"ez-toc-section-end\"><\/span><span class=\"ez-toc-section-end\"><\/span><\/h3>\n<p>T\u0119 masywn\u0105 gotyck\u0105 bram\u0119 zaprojektowa\u0142 wspomniany ju\u017c Petr Parl\u00e9\u0159, a architekci cz\u0119sto uznaj\u0105 j\u0105 za jedn\u0105 z najpi\u0119kniejszych gotyckich wie\u017c w ca\u0142ej Europie. Jej wschodnia fasada, zwr\u00f3cona ku Staremu Miastu, jest bogato zdobiona rze\u017abami Karola IV, Wac\u0142awa IV i patron\u00f3w Czech. Podczas wojny trzydziestoletniej jej zachodni\u0105 stron\u0119 powa\u017cnie uszkodzi\u0142a szwedzka artyleria, gdy wojska pr\u00f3bowa\u0142y zdoby\u0107 prawy brzeg. W \u015brodku czeka was 138 schod\u00f3w i tajemnicza ekspozycja, po pokonaniu kt\u00f3rych wychodzicie na galeri\u0119 widokow\u0105 z panoram\u0105 prosto w osi prowadz\u0105cej ku Hradczanom. Szczeg\u00f3lnie jesieni\u0105, kiedy drzewa na Kampie \u017c\u00f3\u0142kn\u0105, ten widok jest bezcenny.<\/p>\n<p>Otwarte codziennie. W sezonie letnim od 9:00 do 21:00, w miesi\u0105cach zimowych zamykane wcze\u015bniej, zwykle o 18:00. Podstawowy bilet wst\u0119pu dla doros\u0142ego kosztuje ok. 8 \u20ac (ceny na rok 2026).<\/p>\n<p><strong>\ud83d\udca1 Wskaz\u00f3wka od mieszkanki:<\/strong> Kupcie od razu w kasie bilet \u0142\u0105czony na obie wie\u017ce mostowe. Wyjdzie taniej, a na wykorzystanie drugiego wej\u015bcia macie kilka dni, wi\u0119c nie musicie wchodzi\u0107 na dwoje schod\u00f3w jedno po drugim.<\/p>\n<h3 class=\"wp-block-heading\"><span class=\"ez-toc-section\" id=\"Malostranskie_wieze_mostowe\"><\/span><span class=\"ez-toc-section\" id=\"Malostranskie_wieze_mostowe\"><\/span>Malostra\u0144skie wie\u017ce mostowe<span class=\"ez-toc-section-end\"><\/span><span class=\"ez-toc-section-end\"><\/span><\/h3>\n<p>Na przeciwleg\u0142ym brzegu wita was nie jedna, a dwie wie\u017ce po\u0142\u0105czone przejezdn\u0105 bram\u0105 z blankami. <strong>Ni\u017csza z nich, zwana Judytow\u0105, ma roma\u0144ski rodow\u00f3d i pami\u0119ta jeszcze poprzedniczk\u0119 dzisiejszego Mostu Karola.<\/strong> Ta wy\u017csza, gotycka, pochodzi z XV wieku i by\u0142a budowana jako lustrzany odpowiednik staromiejskiej, cho\u0107 jej zewn\u0119trzna dekoracja jest znacznie bardziej surowa i oszcz\u0119dna. Ekspozycja wewn\u0105trz po\u015bwi\u0119cona jest historii przepraw, a widok z g\u00f3rnej galerii na dachy Malej Strany i stromo pn\u0105c\u0105 si\u0119 Nerudov\u0105 ulic\u0119 ku Zamkowi Praskiemu ma zupe\u0142nie inn\u0105, kameraln\u0105 i przytuln\u0105 atmosfer\u0119 ni\u017c panorama z przeciwleg\u0142ego brzegu.<\/p>\n<p>Bilet wst\u0119pu kosztuje tyle samo \u2014 ok. 8 \u20ac, jak u staromiejskiej siostry \u2014 a po zakupie biletu w przyziemiu czeka was 146 drewnianych schod\u00f3w.<\/p>\n<p><strong>\ud83d\udca1 Wskaz\u00f3wka od mieszkanki:<\/strong> Ekspozycja w wie\u017cy malostra\u0144skiej bywa znacznie mniej zat\u0142oczona i spokojniejsza. Je\u015bli nie lubicie ciasnych przestrzeni pe\u0142nych turyst\u00f3w, wybierzcie raczej t\u0119 lewobrze\u017cn\u0105 stron\u0119.<\/p>\n<h2 class=\"wp-block-heading\"><span class=\"ez-toc-section\" id=\"Praktyczne_informacje\"><\/span><span class=\"ez-toc-section\" id=\"Praktyczne_informacje\"><\/span>Praktyczne informacje<span class=\"ez-toc-section-end\"><\/span><span class=\"ez-toc-section-end\"><\/span><\/h2>\n<p>A teraz ta nudna, ale ratunkowa cz\u0119\u015b\u0107: par\u0119 rzeczy, kt\u00f3re mnie kiedy\u015b zaskoczy\u0142y, a wam wol\u0119 powiedzie\u0107 z wyprzedzeniem.<\/p>\n<h3 class=\"wp-block-heading\"><span class=\"ez-toc-section\" id=\"Dojazd_i_jak_dotrzec_na_most\"><\/span><span class=\"ez-toc-section\" id=\"Dojazd_i_jak_dotrzec_na_most\"><\/span>Dojazd i jak dotrze\u0107 na most<span class=\"ez-toc-section-end\"><\/span><span class=\"ez-toc-section-end\"><\/span><\/h3>\n<p>Ca\u0142y teren to \u015bcis\u0142a strefa piesza, wi\u0119c samochodem si\u0119 tu nie dostaniecie, a praski taks\u00f3wkarz z ulicy owszem, podwiezie was jak najbli\u017cej nabrze\u017ca, ale przygotujcie si\u0119 na cen\u0119, kt\u00f3ra nie ma nic wsp\u00f3lnego z przejechana odleg\u0142o\u015bci\u0105. Najlepiej skorzysta\u0107 ze <a href=\"https:\/\/pid.cz\/\" rel=\"nofollow noopener\" target=\"_blank\">sprawnej praskiej komunikacji miejskiej<\/a>. Na prawym brzegu wysi\u0105d\u017acie na stacji metra linii A lub tramwajem nr 17 i 18 na przystanku <strong>Starom\u011bstsk\u00e1<\/strong>. Stamt\u0105d jakie\u015b pi\u0119\u0107 minut pieszo przez plac K\u0159i\u017eovnick\u00e9 n\u00e1m\u011bst\u00ed. Ze strony malostra\u0144skiej najbli\u017cej dowiezie was legendarny tramwaj nr 22 (ewentualnie linie 12, 15, 20) na przystanek <strong>Malostransk\u00e9 n\u00e1m\u011bst\u00ed<\/strong>, sk\u0105d wystarczy zej\u015b\u0107 \u0142agodnym zboczem ulic\u0105 Mosteck\u0105 prosto do wie\u017c.<\/p>\n<p>Podstawowy bilet 30-minutowy kosztuje ok. <strong>1,20 \u20ac<\/strong> i bez problemu wystarczy na dojazd z wi\u0119kszo\u015bci centralnych lokalizacji, takich jak Plac Wac\u0142awa czy Dworzec G\u0142\u00f3wny. Z Polski do Pragi najwygodniej dotrzecie tanimi lotami Wizz Air lub Ryanair z Warszawy, Krakowa czy Katowic, albo autobusem np. <a class=\"thirstylink\" rel=\"nofollow\" target=\"_blank\" title=\"Flixbus\" href=\"https:\/\/loudavymkrokem.cz\/pl\/doporucujeme\/flixbus\/\" data-shortcode=\"true\">FlixBus<\/a> \u2014 podr\u00f3\u017c z Krakowa trwa ok. 5,5 godziny.<\/p>\n<p><strong>\ud83d\udca1 Wskaz\u00f3wka od mieszkanki:<\/strong> Dla rodzin z w\u00f3zkiem: podjazd z obu stron jest wprawdzie wybrukowany du\u017c\u0105 kostk\u0105, ale zupe\u0142nie bez schod\u00f3w. Je\u015bli jednak chcecie w po\u0142owie trasy zej\u015b\u0107 bezpo\u015brednio na wysp\u0119 Kampa do \u010certovki, musicie pokona\u0107 do\u015b\u0107 strome kamienne schody. Z w\u00f3zkiem trzeba albo objecha\u0107 przez Malostransk\u00e9 n\u00e1m\u011bst\u00ed, albo ostro\u017cnie znie\u015b\u0107 go po schodach.<\/p>\n<figure class=\"wp-block-image size-full\"><img loading=\"lazy\" decoding=\"async\" width=\"1200\" height=\"800\" src=\"https:\/\/loudavymkrokem.cz\/wp-content\/uploads\/2025\/03\/recenze-domus-balthasar-praha-s-batoletem-2.jpg\" alt=\"Widok z Domus Balthasar\" class=\"wp-image-94707\" title=\"\" srcset=\"https:\/\/loudavymkrokem.cz\/wp-content\/uploads\/2025\/03\/recenze-domus-balthasar-praha-s-batoletem-2.jpg 1200w, https:\/\/loudavymkrokem.cz\/wp-content\/uploads\/2025\/03\/recenze-domus-balthasar-praha-s-batoletem-2-300x200.jpg 300w, https:\/\/loudavymkrokem.cz\/wp-content\/uploads\/2025\/03\/recenze-domus-balthasar-praha-s-batoletem-2-700x467.jpg 700w, https:\/\/loudavymkrokem.cz\/wp-content\/uploads\/2025\/03\/recenze-domus-balthasar-praha-s-batoletem-2-768x512.jpg 768w, https:\/\/loudavymkrokem.cz\/wp-content\/uploads\/2025\/03\/recenze-domus-balthasar-praha-s-batoletem-2-696x464.jpg 696w\" sizes=\"auto, (max-width: 1200px) 100vw, 1200px\"><figcaption class=\"wp-element-caption\">Widok z <a class=\"thirstylink\" rel=\"nofollow\" target=\"_blank\" title=\"Domus Balthasar Boutique Hotel\" href=\"https:\/\/loudavymkrokem.cz\/doporucujeme\/domus-balthasar-boutique-hotel\/\" data-shortcode=\"true\">Domus Balthasar<\/a><\/figcaption><\/figure>\n<h3 class=\"wp-block-heading\"><span class=\"ez-toc-section\" id=\"Wycieczki_z_przewodnikiem_i_rejsy_po_Weltawie\"><\/span><span class=\"ez-toc-section\" id=\"Wycieczki_z_przewodnikiem_i_rejsy_po_Weltawie\"><\/span>Wycieczki z przewodnikiem i rejsy po We\u0142tawie<span class=\"ez-toc-section-end\"><\/span><span class=\"ez-toc-section-end\"><\/span><\/h3>\n<p>Przewodnik si\u0119 op\u0142aca, a m\u00f3wi to kto\u015b, kto zawsze uwa\u017ca, \u017ce da rad\u0119 sam z Google&#8217;em i wyczuciem kierunku. Z Luk\u00e1\u0161em czasami korzystamy z rejsu statkiem, bo widok na masywne piaskowcowe filary z poziomu wody daje zupe\u0142nie inne, znacznie bardziej monumentalne wra\u017cenie. Je\u015bli kusz\u0105 was historyczne opowie\u015bci lub przeja\u017cd\u017cka po We\u0142tawie wprost pod \u0142ukami, \u015bwietne opcje znajdziecie online \u2014 zarezerwujecie miejsce z wyprzedzeniem i unikniecie targowania z naganiacami na nabrze\u017cu, oferuj\u0105cymi przedro\u017cone bilety.<\/p>\n<p>R\u00f3\u017cne warianty historycznych spacer\u00f3w, wieczornych wycieczek i rejs\u00f3w mo\u017cecie <a href=\"https:\/\/www.getyourguide.com\/prague-l10\/?partner_id=MKZ64IS\" rel=\"nofollow noopener\" target=\"_blank\">zarezerwowa\u0107 przez GetYourGuide<\/a>. Latem polecam wybiera\u0107 terminy podwieczorne, kiedy od rzeki wieje przyjemny ch\u0142\u00f3d.<\/p>\n<p><strong>\ud83d\udca1 Wskaz\u00f3wka od mieszkanki:<\/strong> Zamiast du\u017cych przeszklonych statk\u00f3w, na kt\u00f3rych gra g\u0142o\u015bna muzyka, szukajcie mniejszych tradycyjnych drewnianych \u0142\u00f3dek (tzw. vodou\u0161\u00f3w). Dzi\u0119ki ma\u0142emu zanurzeniu przep\u0142ywaj\u0105 nawet w\u0105skim ramieniem \u010certovki wprost pod balkonami starych kamienic.<\/p>\n<h3 class=\"wp-block-heading\"><span class=\"ez-toc-section\" id=\"Gdzie_zjesc_i_napic_sie_kawy_i_nie_wpasc_w_pulapke\"><\/span><span class=\"ez-toc-section\" id=\"Gdzie_zjesc_i_napic_sie_kawy_i_nie_wpasc_w_pulapke\"><\/span>Gdzie zje\u015b\u0107 i napi\u0107 si\u0119 kawy (i nie wpa\u015b\u0107 w pu\u0142apk\u0119)<span class=\"ez-toc-section-end\"><\/span><span class=\"ez-toc-section-end\"><\/span><\/h3>\n<p>Przy g\u0142\u00f3wnych traktach to same turystyczne pu\u0142apki. Rozmro\u017cone trdeln\u00edki za horrendalne ceny i restauracje, w kt\u00f3rych p\u0142acicie nawet za oddychanie i op\u0142at\u0119 za sztu\u0107ce. Jako wegetarianka i mi\u0142o\u015bniczka dobrej kawy staram si\u0119 omija\u0107 przyleg\u0142e g\u0142\u00f3wne ulice szerokim \u0142ukiem. Kiedy przechodzimy na Mal\u0105 Stran\u0119, z rodzin\u0105 lubimy skr\u0119ci\u0107 w bardziej zapadni\u0119te uliczki w kierunku Muru Johna Lennona (cho\u0107 ten niestety coraz bardziej zamienia si\u0119 jedynie w kolorow\u0105 kulis\u0119 na Instagram bez pierwotnego przes\u0142ania), albo chowamy si\u0119 w przytulnym lokalu Roesel \u2013 beer &amp; cake, schowanym tu\u017c przy wie\u017cach mostowych. Rzemie\u015blnicze piwo, porz\u0105dne zupy i fantastyczne ciasta to dok\u0142adnie to, czego potrzebujecie po spacerze. Lokalna scena kawowa nieustannie si\u0119 rozwija i zawsze da si\u0119 znale\u017a\u0107 cichy dziedziniec, gdzie przyrz\u0105dz\u0105 wam \u015bwietne espresso ze speciality ziaren, bez konieczno\u015bci sprzedawania nerki.<\/p>\n<p>Unikajcie lokali usadowionych bezpo\u015brednio na placu K\u0159i\u017eovnick\u00e9 n\u00e1m\u011bst\u00ed i na ulicy Mosteckiej. Ceny s\u0105 tam ustawione przede wszystkim na jednorazowych zagranicznych turyst\u00f3w, a jako\u015b\u0107 jedzenia niestety cz\u0119sto temu nie odpowiada.<\/p>\n<p><strong>\ud83d\udca1 Wskaz\u00f3wka od mieszkanki:<\/strong> We\u017acie kaw\u0119 na wynos z kt\u00f3rej\u015b z zau\u0142kowych kawiarni na Malej Stranie i usi\u0105d\u017acie z kubkiem na \u0142awce w Ogrodach Vojanov\u00fdch. To cicha, otoczona murem oaza z wolno spaceruj\u0105cymi pawiami, gdzie turyst\u00f3w prawie nie spotkasz. Wi\u0119cej moich ulubionych i sprawdzonych miejsc znajdziecie w przewodniku <a href=\"https:\/\/loudavymkrokem.cz\/pl\/kawiarnie-praha-2019\/\">kawiarnie w Pradze<\/a>.<\/p>\n<h2 class=\"wp-block-heading\"><span class=\"ez-toc-section\" id=\"Czesto_zadawane_pytania\"><\/span><span class=\"ez-toc-section\" id=\"Czesto_zadawane_pytania\"><\/span>Cz\u0119sto zadawane pytania<span class=\"ez-toc-section-end\"><\/span><span class=\"ez-toc-section-end\"><\/span><\/h2>\n<div id=\"rank-math-faq\" class=\"rank-math-block\">\n<div class=\"rank-math-list \">\n<div id=\"faq-question-1777047568218\" class=\"rank-math-list-item\">\n<h3 class=\"rank-math-question \"><span class=\"ez-toc-section\" id=\"Czy_wstep_na_Most_Karola_jest_platny\"><\/span><span class=\"ez-toc-section\" id=\"Czy_wstep_na_Most_Karola_jest_platny\"><\/span><strong>Czy wst\u0119p na Most Karola jest p\u0142atny?<\/strong><span class=\"ez-toc-section-end\"><\/span><span class=\"ez-toc-section-end\"><\/span><\/h3>\n<div class=\"rank-math-answer \">\n<p>Nie, przej\u015bcie przez most jest ca\u0142kowicie bezp\u0142atne i dost\u0119pne 24 godziny na dob\u0119, 365 dni w roku. P\u0142aci si\u0119 jedynie za wej\u015bcie na tarasy widokowe wie\u017c mostowych.<\/p>\n<\/div>\n<\/div>\n<div id=\"faq-question-1777047574289\" class=\"rank-math-list-item\">\n<h3 class=\"rank-math-question \"><span class=\"ez-toc-section\" id=\"Kiedy_jest_tu_najmniej_ludzi\"><\/span><span class=\"ez-toc-section\" id=\"Kiedy_jest_tu_najmniej_ludzi\"><\/span><strong>Kiedy jest tu najmniej ludzi?<\/strong> <span class=\"ez-toc-section-end\"><\/span><span class=\"ez-toc-section-end\"><\/span><\/h3>\n<div class=\"rank-math-answer \">\n<p>Idealny czas na spokojny spacer bez t\u0142oku to wczesny ranek o \u015bwicie (mi\u0119dzy 5:00 a 7:00) albo p\u00f3\u017ana noc (po 23:00). W ci\u0105gu dnia ci\u0105g\u0142ego t\u0142umu nie da si\u0119 unikn\u0105\u0107 o \u017cadnej porze roku.<\/p>\n<\/div>\n<\/div>\n<div id=\"faq-question-1777047582727\" class=\"rank-math-list-item\">\n<h3 class=\"rank-math-question \"><span class=\"ez-toc-section\" id=\"Czy_mozna_przejechac_rowerem_lub_hulajnoga\"><\/span><span class=\"ez-toc-section\" id=\"Czy_mozna_przejechac_rowerem_lub_hulajnoga\"><\/span><strong>Czy mo\u017cna przejecha\u0107 rowerem lub hulajnog\u0105?<\/strong> <span class=\"ez-toc-section-end\"><\/span><span class=\"ez-toc-section-end\"><\/span><\/h3>\n<div class=\"rank-math-answer \">\n<p>Jazda na rowerach i hulajnogach elektrycznych jest ze wzgl\u0119d\u00f3w bezpiecze\u0144stwa surowo zakazana. Je\u015bli macie ze sob\u0105 rower, musicie z niego zsi\u0105\u015b\u0107 i przez ca\u0142\u0105 tras\u0119 prowadzi\u0107 go obok siebie.<\/p>\n<\/div>\n<\/div>\n<div id=\"faq-question-1777047588704\" class=\"rank-math-list-item\">\n<h3 class=\"rank-math-question \"><span class=\"ez-toc-section\" id=\"Czy_rzezby_to_oryginaly\"><\/span><span class=\"ez-toc-section\" id=\"Czy_rzezby_to_oryginaly\"><\/span><strong>Czy rze\u017aby to orygina\u0142y?<\/strong><span class=\"ez-toc-section-end\"><\/span><span class=\"ez-toc-section-end\"><\/span><\/h3>\n<div class=\"rank-math-answer \">\n<p>Wi\u0119kszo\u015b\u0107 piaskowcowych rze\u017ab, kt\u00f3re widzicie na zewn\u0105trz, to starannie wykonane kopie z XX wieku. Orygina\u0142y przeniesiono do Lapidarium Muzeum Narodowego na terenie wystawowym i do sali Gorlice na Wyszehradzie, aby chroni\u0107 je przed kwa\u015bnym deszczem i smogiem.<\/p>\n<\/div>\n<\/div>\n<div id=\"faq-question-1777047599829\" class=\"rank-math-list-item\">\n<h3 class=\"rank-math-question \"><span class=\"ez-toc-section\" id=\"Ile_czasu_zajmuje_przejscie_z_jednego_brzegu_na_drugi\"><\/span><span class=\"ez-toc-section\" id=\"Ile_czasu_zajmuje_przejscie_z_jednego_brzegu_na_drugi\"><\/span><strong>Ile czasu zajmuje przej\u015bcie z jednego brzegu na drugi?<\/strong><span class=\"ez-toc-section-end\"><\/span><span class=\"ez-toc-section-end\"><\/span><\/h3>\n<div class=\"rank-math-answer \">\n<p>Sam most ma nieco ponad 500 metr\u00f3w d\u0142ugo\u015bci, wi\u0119c szybkim krokiem pust\u0105 tras\u0105 przejdziecie go w 5\u20137 minut. Je\u015bli jednak chcecie spokojnie obejrze\u0107 rze\u017aby, zrobi\u0107 zdj\u0119cia widok\u00f3w i przeciskacie si\u0119 przez dzienny t\u0142um, liczcie raczej z 20\u201330 minutami.<\/p>\n<\/div>\n<\/div>\n<div id=\"faq-question-1777047607776\" class=\"rank-math-list-item\">\n<h3 class=\"rank-math-question \"><span class=\"ez-toc-section\" id=\"Czy_trasa_jest_dostepna_dla_wozka\"><\/span><span class=\"ez-toc-section\" id=\"Czy_trasa_jest_dostepna_dla_wozka\"><\/span><strong>Czy trasa jest dost\u0119pna dla w\u00f3zka?<\/strong><span class=\"ez-toc-section-end\"><\/span><span class=\"ez-toc-section-end\"><\/span><\/h3>\n<div class=\"rank-math-answer \">\n<p>Tak, g\u0142\u00f3wna trasa na ca\u0142ej swojej d\u0142ugo\u015bci jest pozbawiona barier i schod\u00f3w, wi\u0119c z w\u00f3zkiem dzieci\u0119cym lub na w\u00f3zku inwalidzkim przejedziecie na drug\u0105 stron\u0119 bez problem\u00f3w. Uwag\u0119 zwr\u00f3\u0107cie jedynie na schody prowadz\u0105ce mniej wi\u0119cej w po\u0142owie trasy pionowo w d\u00f3\u0142 na wysp\u0119 Kampa. Tych bez barier nie ma.<\/p>\n<\/div>\n<\/div>\n<\/div>\n<\/div>\n","protected":false},"excerpt":{"rendered":"<p>Most Karola w Pradze to znacznie wi\u0119cej ni\u017c zat\u0142oczona atrakcja turystyczna. Mieszkanka Pragi zdradza, kiedy przyj\u015b\u0107, by mie\u0107 go niemal dla siebie, i na kt\u00f3re rze\u017aby zwr\u00f3ci\u0107 szczeg\u00f3ln\u0105 uwag\u0119.<\/p>\n","protected":false},"author":3,"featured_media":151097,"comment_status":"open","ping_status":"open","sticky":false,"template":"","format":"standard","meta":{"footnotes":"","rank_math_title":"","rank_math_description":"","rank_math_focus_keyword":"","rank_math_seo_score":""},"categories":[275,267,740],"tags":[],"class_list":{"0":"post-151239","1":"post","2":"type-post","3":"status-publish","4":"format-standard","5":"has-post-thumbnail","7":"category-czechy","8":"category-europa","9":"category-podroze"},"featured_image_src":"https:\/\/loudavymkrokem.cz\/wp-content\/uploads\/2026\/04\/karluv-most-4126.jpg","author_info":{"display_name":"Lucie Kone\u010dn\u00e1","author_link":"https:\/\/loudavymkrokem.cz\/pl\/author\/lucie-konecna\/"},"_links":{"self":[{"href":"https:\/\/loudavymkrokem.cz\/pl\/wp-json\/wp\/v2\/posts\/151239","targetHints":{"allow":["GET"]}}],"collection":[{"href":"https:\/\/loudavymkrokem.cz\/pl\/wp-json\/wp\/v2\/posts"}],"about":[{"href":"https:\/\/loudavymkrokem.cz\/pl\/wp-json\/wp\/v2\/types\/post"}],"author":[{"embeddable":true,"href":"https:\/\/loudavymkrokem.cz\/pl\/wp-json\/wp\/v2\/users\/3"}],"replies":[{"embeddable":true,"href":"https:\/\/loudavymkrokem.cz\/pl\/wp-json\/wp\/v2\/comments?post=151239"}],"version-history":[{"count":1,"href":"https:\/\/loudavymkrokem.cz\/pl\/wp-json\/wp\/v2\/posts\/151239\/revisions"}],"predecessor-version":[{"id":151495,"href":"https:\/\/loudavymkrokem.cz\/pl\/wp-json\/wp\/v2\/posts\/151239\/revisions\/151495"}],"wp:featuredmedia":[{"embeddable":true,"href":"https:\/\/loudavymkrokem.cz\/pl\/wp-json\/wp\/v2\/media\/151097"}],"wp:attachment":[{"href":"https:\/\/loudavymkrokem.cz\/pl\/wp-json\/wp\/v2\/media?parent=151239"}],"wp:term":[{"taxonomy":"category","embeddable":true,"href":"https:\/\/loudavymkrokem.cz\/pl\/wp-json\/wp\/v2\/categories?post=151239"},{"taxonomy":"post_tag","embeddable":true,"href":"https:\/\/loudavymkrokem.cz\/pl\/wp-json\/wp\/v2\/tags?post=151239"}],"curies":[{"name":"wp","href":"https:\/\/api.w.org\/{rel}","templated":true}]}}