{"id":151238,"date":"2026-04-24T19:49:45","date_gmt":"2026-04-24T17:49:45","guid":{"rendered":"https:\/\/loudavymkrokem.cz\/?p=151238"},"modified":"2026-04-30T11:06:58","modified_gmt":"2026-04-30T09:06:58","slug":"praga-czechy-zabytki-miejsca","status":"publish","type":"post","link":"https:\/\/loudavymkrokem.cz\/pl\/praga-czechy-zabytki-miejsca\/","title":{"rendered":"Najpi\u0119kniejsze zabytki Pragi: 20 miejsc, kt\u00f3re musisz zobaczy\u0107 (2026)"},"content":{"rendered":"<p>Kiedy my\u015bl\u0119 o zabytkach Pragi, przypominam sobie, jak wilgotne jesienne li\u015bcie \u015blizga\u0142y si\u0119 po bruku, a my z Luk\u00e1\u0161em po raz pierwszy wspinali\u015bmy si\u0119 ulic\u0105 Nerudov\u0105. Wybrali\u015bmy si\u0119 tam na spacer podczas jednej z naszych pierwszych randek. To by\u0142o magiczne \u2013 mimo \u017ce studiowa\u0142am w samym historycznym centrum, a potem przenios\u0142am si\u0119 tylko na drugi brzeg We\u0142tawy na studia wy\u017csze. <strong>Dorasta\u0142am w centrum Pragi, a mimo to nigdy nie przestaje mnie zachwyca\u0107. Praga Czechy to miasto, kt\u00f3re wci\u0105\u017c odkrywam na nowo \u2013 chod\u017acie ze mn\u0105 i zobaczcie 20 najpi\u0119kniejszych zabytk\u00f3w czeskiej stolicy.<\/strong><\/p>\n<figure class=\"wp-block-image size-full\"><img loading=\"lazy\" decoding=\"async\" width=\"1200\" height=\"800\" src=\"https:\/\/loudavymkrokem.cz\/wp-content\/uploads\/2023\/07\/prazsky-hrad-4179.jpg\" alt=\"Panorama Pragi z widokiem na Zamek Praski\" class=\"wp-image-151120\" title=\"\" srcset=\"https:\/\/loudavymkrokem.cz\/wp-content\/uploads\/2023\/07\/prazsky-hrad-4179.jpg 1200w, https:\/\/loudavymkrokem.cz\/wp-content\/uploads\/2023\/07\/prazsky-hrad-4179-300x200.jpg 300w, https:\/\/loudavymkrokem.cz\/wp-content\/uploads\/2023\/07\/prazsky-hrad-4179-700x467.jpg 700w, https:\/\/loudavymkrokem.cz\/wp-content\/uploads\/2023\/07\/prazsky-hrad-4179-768x512.jpg 768w, https:\/\/loudavymkrokem.cz\/wp-content\/uploads\/2023\/07\/prazsky-hrad-4179-696x464.jpg 696w\" sizes=\"auto, (max-width: 1200px) 100vw, 1200px\"><\/figure>\n<div id=\"ez-toc-container\" class=\"ez-toc-v2_0_82_2 ez-toc-wrap-left counter-hierarchy ez-toc-counter ez-toc-grey ez-toc-container-direction\">\n<div class=\"ez-toc-title-container\">\n<p class=\"ez-toc-title\" style=\"cursor:inherit\">Tre\u015b\u0107 artyku\u0142u<\/p>\n<span class=\"ez-toc-title-toggle\"><a href=\"#\" class=\"ez-toc-pull-right ez-toc-btn ez-toc-btn-xs ez-toc-btn-default ez-toc-toggle\" aria-label=\"Prze\u0142\u0105cznik Spisu Tre\u015bci\"><span class=\"ez-toc-js-icon-con\"><span class=\"\"><span class=\"eztoc-hide\" style=\"display:none;\">Toggle<\/span><span class=\"ez-toc-icon-toggle-span\"><svg style=\"fill: #999;color:#999\" xmlns=\"http:\/\/www.w3.org\/2000\/svg\" class=\"list-377408\" width=\"20px\" height=\"20px\" viewBox=\"0 0 24 24\" fill=\"none\"><path d=\"M6 6H4v2h2V6zm14 0H8v2h12V6zM4 11h2v2H4v-2zm16 0H8v2h12v-2zM4 16h2v2H4v-2zm16 0H8v2h12v-2z\" fill=\"currentColor\"><\/path><\/svg><svg style=\"fill: #999;color:#999\" class=\"arrow-unsorted-368013\" xmlns=\"http:\/\/www.w3.org\/2000\/svg\" width=\"10px\" height=\"10px\" viewBox=\"0 0 24 24\" version=\"1.2\" baseProfile=\"tiny\"><path d=\"M18.2 9.3l-6.2-6.3-6.2 6.3c-.2.2-.3.4-.3.7s.1.5.3.7c.2.2.4.3.7.3h11c.3 0 .5-.1.7-.3.2-.2.3-.5.3-.7s-.1-.5-.3-.7zM5.8 14.7l6.2 6.3 6.2-6.3c.2-.2.3-.5.3-.7s-.1-.5-.3-.7c-.2-.2-.4-.3-.7-.3h-11c-.3 0-.5.1-.7.3-.2.2-.3.5-.3.7s.1.5.3.7z\"\/><\/svg><\/span><\/span><\/span><\/a><\/span><\/div>\n<nav><ul class='ez-toc-list ez-toc-list-level-1 ' ><li class='ez-toc-page-1 ez-toc-heading-level-2'><a class=\"ez-toc-link ez-toc-heading-1\" href=\"https:\/\/loudavymkrokem.cz\/pl\/praga-czechy-zabytki-miejsca\/#Podsumowanie\" >Podsumowanie<\/a><\/li><li class='ez-toc-page-1 ez-toc-heading-level-2'><a class=\"ez-toc-link ez-toc-heading-2\" href=\"https:\/\/loudavymkrokem.cz\/pl\/praga-czechy-zabytki-miejsca\/#Kiedy_jechac_do_Pragi\" >Kiedy jecha\u0107 do Pragi<\/a><ul class='ez-toc-list-level-3' ><li class='ez-toc-heading-level-3'><a class=\"ez-toc-link ez-toc-heading-3\" href=\"https:\/\/loudavymkrokem.cz\/pl\/praga-czechy-zabytki-miejsca\/#Wiosna_i_lato_w_pelni\" >Wiosna i lato w pe\u0142ni<\/a><\/li><li class='ez-toc-page-1 ez-toc-heading-level-3'><a class=\"ez-toc-link ez-toc-heading-4\" href=\"https:\/\/loudavymkrokem.cz\/pl\/praga-czechy-zabytki-miejsca\/#Jesienne_swiatlo_i_zimowa_melancholia\" >Jesienne \u015bwiat\u0142o i zimowa melancholia<\/a><\/li><li class='ez-toc-page-1 ez-toc-heading-level-3'><a class=\"ez-toc-link ez-toc-heading-5\" href=\"https:\/\/loudavymkrokem.cz\/pl\/praga-czechy-zabytki-miejsca\/#Ile_czasu_potrzebujecie\" >Ile czasu potrzebujecie<\/a><\/li><\/ul><\/li><li class='ez-toc-page-1 ez-toc-heading-level-2'><a class=\"ez-toc-link ez-toc-heading-6\" href=\"https:\/\/loudavymkrokem.cz\/pl\/praga-czechy-zabytki-miejsca\/#Gdzie_sie_zatrzymac\" >Gdzie si\u0119 zatrzyma\u0107<\/a><\/li><li class='ez-toc-page-1 ez-toc-heading-level-2'><a class=\"ez-toc-link ez-toc-heading-7\" href=\"https:\/\/loudavymkrokem.cz\/pl\/praga-czechy-zabytki-miejsca\/#Klejnoty_koronne_To_co_najlepsze_z_historycznej_Pragi\" >Klejnoty koronne: To co najlepsze z historycznej Pragi<\/a><ul class='ez-toc-list-level-3' ><li class='ez-toc-heading-level-3'><a class=\"ez-toc-link ez-toc-heading-8\" href=\"https:\/\/loudavymkrokem.cz\/pl\/praga-czechy-zabytki-miejsca\/#Zamek_Praski\" >Zamek Praski<\/a><\/li><li class='ez-toc-page-1 ez-toc-heading-level-3'><a class=\"ez-toc-link ez-toc-heading-9\" href=\"https:\/\/loudavymkrokem.cz\/pl\/praga-czechy-zabytki-miejsca\/#Katedra_sw_Wita\" >Katedra \u015bw. Wita<\/a><\/li><li class='ez-toc-page-1 ez-toc-heading-level-3'><a class=\"ez-toc-link ez-toc-heading-10\" href=\"https:\/\/loudavymkrokem.cz\/pl\/praga-czechy-zabytki-miejsca\/#Most_Karola\" >Most Karola<\/a><\/li><li class='ez-toc-page-1 ez-toc-heading-level-3'><a class=\"ez-toc-link ez-toc-heading-11\" href=\"https:\/\/loudavymkrokem.cz\/pl\/praga-czechy-zabytki-miejsca\/#Rynek_Staromiejski_i_Zegar_Astronomiczny\" >Rynek Staromiejski i Zegar Astronomiczny<\/a><\/li><li class='ez-toc-page-1 ez-toc-heading-level-3'><a class=\"ez-toc-link ez-toc-heading-12\" href=\"https:\/\/loudavymkrokem.cz\/pl\/praga-czechy-zabytki-miejsca\/#Wyszehrad\" >Wyszehrad<\/a><\/li><li class='ez-toc-page-1 ez-toc-heading-level-3'><a class=\"ez-toc-link ez-toc-heading-13\" href=\"https:\/\/loudavymkrokem.cz\/pl\/praga-czechy-zabytki-miejsca\/#Petrin_i_wieza_widokowa\" >Pet\u0159\u00edn i wie\u017ca widokowa<\/a><\/li><\/ul><\/li><li class='ez-toc-page-1 ez-toc-heading-level-2'><a class=\"ez-toc-link ez-toc-heading-14\" href=\"https:\/\/loudavymkrokem.cz\/pl\/praga-czechy-zabytki-miejsca\/#Sakralne_perelki_i_centra_duchowe\" >Sakralne pere\u0142ki i centra duchowe<\/a><ul class='ez-toc-list-level-3' ><li class='ez-toc-heading-level-3'><a class=\"ez-toc-link ez-toc-heading-15\" href=\"https:\/\/loudavymkrokem.cz\/pl\/praga-czechy-zabytki-miejsca\/#Kosciol_Matki_Bozej_przed_Tynem\" >Ko\u015bci\u00f3\u0142 Matki Bo\u017cej przed T\u00fdnem<\/a><\/li><li class='ez-toc-page-1 ez-toc-heading-level-3'><a class=\"ez-toc-link ez-toc-heading-16\" href=\"https:\/\/loudavymkrokem.cz\/pl\/praga-czechy-zabytki-miejsca\/#Kosciol_sw_Mikolaja_na_Malej_Stranie\" >Ko\u015bci\u00f3\u0142 \u015bw. Miko\u0142aja na Malej Stranie<\/a><\/li><li class='ez-toc-page-1 ez-toc-heading-level-3'><a class=\"ez-toc-link ez-toc-heading-17\" href=\"https:\/\/loudavymkrokem.cz\/pl\/praga-czechy-zabytki-miejsca\/#Loreta\" >Loreta<\/a><\/li><li class='ez-toc-page-1 ez-toc-heading-level-3'><a class=\"ez-toc-link ez-toc-heading-18\" href=\"https:\/\/loudavymkrokem.cz\/pl\/praga-czechy-zabytki-miejsca\/#Klasztor_na_Strahowie\" >Klasztor na Strahowie<\/a><\/li><\/ul><\/li><li class='ez-toc-page-1 ez-toc-heading-level-2'><a class=\"ez-toc-link ez-toc-heading-19\" href=\"https:\/\/loudavymkrokem.cz\/pl\/praga-czechy-zabytki-miejsca\/#Dzielnica_zydowska_Josefov\" >Dzielnica \u017cydowska: Josefov<\/a><ul class='ez-toc-list-level-3' ><li class='ez-toc-heading-level-3'><a class=\"ez-toc-link ez-toc-heading-20\" href=\"https:\/\/loudavymkrokem.cz\/pl\/praga-czechy-zabytki-miejsca\/#Synagoga_Staronowa\" >Synagoga Staronowa<\/a><\/li><li class='ez-toc-page-1 ez-toc-heading-level-3'><a class=\"ez-toc-link ez-toc-heading-21\" href=\"https:\/\/loudavymkrokem.cz\/pl\/praga-czechy-zabytki-miejsca\/#Stary_cmentarz_zydowski\" >Stary cmentarz \u017cydowski<\/a><\/li><li class='ez-toc-page-1 ez-toc-heading-level-3'><a class=\"ez-toc-link ez-toc-heading-22\" href=\"https:\/\/loudavymkrokem.cz\/pl\/praga-czechy-zabytki-miejsca\/#Synagoga_Hiszpanska\" >Synagoga Hiszpa\u0144ska<\/a><\/li><\/ul><\/li><li class='ez-toc-page-1 ez-toc-heading-level-2'><a class=\"ez-toc-link ez-toc-heading-23\" href=\"https:\/\/loudavymkrokem.cz\/pl\/praga-czechy-zabytki-miejsca\/#Nowoczesne_dominanty_i_kontrowersyjne_budowle\" >Nowoczesne dominanty i kontrowersyjne budowle<\/a><ul class='ez-toc-list-level-3' ><li class='ez-toc-heading-level-3'><a class=\"ez-toc-link ez-toc-heading-24\" href=\"https:\/\/loudavymkrokem.cz\/pl\/praga-czechy-zabytki-miejsca\/#Tanczacy_Dom\" >Ta\u0144cz\u0105cy Dom<\/a><\/li><li class='ez-toc-page-1 ez-toc-heading-level-3'><a class=\"ez-toc-link ez-toc-heading-25\" href=\"https:\/\/loudavymkrokem.cz\/pl\/praga-czechy-zabytki-miejsca\/#Wieza_telewizyjna_na_Zizkowie\" >Wie\u017ca telewizyjna na \u017di\u017ekowie<\/a><\/li><li class='ez-toc-page-1 ez-toc-heading-level-3'><a class=\"ez-toc-link ez-toc-heading-26\" href=\"https:\/\/loudavymkrokem.cz\/pl\/praga-czechy-zabytki-miejsca\/#Obracajaca_sie_glowa_Franza_Kafki\" >Obracaj\u0105ca si\u0119 g\u0142owa Franza Kafki<\/a><\/li><\/ul><\/li><li class='ez-toc-page-1 ez-toc-heading-level-2'><a class=\"ez-toc-link ez-toc-heading-27\" href=\"https:\/\/loudavymkrokem.cz\/pl\/praga-czechy-zabytki-miejsca\/#Ukryte_perelki_i_ucieczka_od_tlumow\" >Ukryte pere\u0142ki i ucieczka od t\u0142um\u00f3w<\/a><ul class='ez-toc-list-level-3' ><li class='ez-toc-heading-level-3'><a class=\"ez-toc-link ez-toc-heading-28\" href=\"https:\/\/loudavymkrokem.cz\/pl\/praga-czechy-zabytki-miejsca\/#Ogrod_Vrtbowski\" >Ogr\u00f3d Vrtbowski<\/a><\/li><li class='ez-toc-page-1 ez-toc-heading-level-3'><a class=\"ez-toc-link ez-toc-heading-29\" href=\"https:\/\/loudavymkrokem.cz\/pl\/praga-czechy-zabytki-miejsca\/#Novy_Svet\" >Nov\u00fd Sv\u011bt<\/a><\/li><li class='ez-toc-page-1 ez-toc-heading-level-3'><a class=\"ez-toc-link ez-toc-heading-30\" href=\"https:\/\/loudavymkrokem.cz\/pl\/praga-czechy-zabytki-miejsca\/#Klementinum_i_biblioteka_barokowa\" >Klementinum i biblioteka barokowa<\/a><\/li><li class='ez-toc-page-1 ez-toc-heading-level-3'><a class=\"ez-toc-link ez-toc-heading-31\" href=\"https:\/\/loudavymkrokem.cz\/pl\/praga-czechy-zabytki-miejsca\/#Ogrod_Valdsztejnski\" >Ogr\u00f3d Valdsztej\u0144ski<\/a><\/li><\/ul><\/li><li class='ez-toc-page-1 ez-toc-heading-level-2'><a class=\"ez-toc-link ez-toc-heading-32\" href=\"https:\/\/loudavymkrokem.cz\/pl\/praga-czechy-zabytki-miejsca\/#Gdzie_zjesc\" >Gdzie zje\u015b\u0107<\/a><ul class='ez-toc-list-level-3' ><li class='ez-toc-heading-level-3'><a class=\"ez-toc-link ez-toc-heading-33\" href=\"https:\/\/loudavymkrokem.cz\/pl\/praga-czechy-zabytki-miejsca\/#Eska_w_Karlinie_i_przytulne_bistra\" >Eska w Karl\u00ednie i przytulne bistra<\/a><\/li><\/ul><\/li><li class='ez-toc-page-1 ez-toc-heading-level-2'><a class=\"ez-toc-link ez-toc-heading-34\" href=\"https:\/\/loudavymkrokem.cz\/pl\/praga-czechy-zabytki-miejsca\/#Praktyczne_informacje\" >Praktyczne informacje<\/a><\/li><li class='ez-toc-page-1 ez-toc-heading-level-2'><a class=\"ez-toc-link ez-toc-heading-35\" href=\"https:\/\/loudavymkrokem.cz\/pl\/praga-czechy-zabytki-miejsca\/#Czesto_zadawane_pytania\" >Cz\u0119sto zadawane pytania<\/a><ul class='ez-toc-list-level-3' ><li class='ez-toc-heading-level-3'><a class=\"ez-toc-link ez-toc-heading-36\" href=\"https:\/\/loudavymkrokem.cz\/pl\/praga-czechy-zabytki-miejsca\/#Jakie_sa_najwazniejsze_zabytki_w_Pradze\" >Jakie s\u0105 najwa\u017cniejsze zabytki w Pradze?<\/a><\/li><li class='ez-toc-page-1 ez-toc-heading-level-3'><a class=\"ez-toc-link ez-toc-heading-37\" href=\"https:\/\/loudavymkrokem.cz\/pl\/praga-czechy-zabytki-miejsca\/#Ile_czasu_potrzebuje_na_zwiedzanie_Pragi\" >Ile czasu potrzebuj\u0119 na zwiedzanie Pragi?<\/a><\/li><li class='ez-toc-page-1 ez-toc-heading-level-3'><a class=\"ez-toc-link ez-toc-heading-38\" href=\"https:\/\/loudavymkrokem.cz\/pl\/praga-czechy-zabytki-miejsca\/#Ktore_zabytki_w_Pradze_sa_bezplatne\" >Kt\u00f3re zabytki w Pradze s\u0105 bezp\u0142atne?<\/a><\/li><li class='ez-toc-page-1 ez-toc-heading-level-3'><a class=\"ez-toc-link ez-toc-heading-39\" href=\"https:\/\/loudavymkrokem.cz\/pl\/praga-czechy-zabytki-miejsca\/#Jak_dziala_komunikacja_miejska_w_Pradze\" >Jak dzia\u0142a komunikacja miejska w Pradze?<\/a><\/li><\/ul><\/li><\/ul><\/nav><\/div>\n<h2 class=\"wp-block-heading\"><span class=\"ez-toc-section\" id=\"Podsumowanie\"><\/span><span class=\"ez-toc-section\" id=\"Podsumowanie\"><\/span>Podsumowanie<span class=\"ez-toc-section-end\"><\/span><span class=\"ez-toc-section-end\"><\/span><\/h2>\n<ul class=\"wp-block-list\">\n<li>Zamek Praski i Katedra \u015bw. Wita to absolutna podstawa \u2013 zarezerwujcie na nie minimum p\u00f3\u0142 dnia.<\/li>\n<li>Most Karola w spokoju prze\u017cyjecie tylko wczesnym rankiem \u2013 w ci\u0105gu dnia przypomina ruchliw\u0105 autostrad\u0119.<\/li>\n<li>Zegar astronomiczny na Rynku Staromiejskim trwa dok\u0142adnie 45 sekund \u2013 nie planujcie wok\u00f3\u0142 niego ca\u0142ego dnia.<\/li>\n<li>Wyszehrad to \u015bwietna alternatywa dla rodzin z dzie\u0107mi \u2013 szerokie alejki i przepi\u0119kne widoki bez t\u0142um\u00f3w.<\/li>\n<li>Dzielnica \u017cydowska (Josefov) kryje fascynuj\u0105c\u0105 histori\u0119 \u2013 bilety do synagog op\u0142aca si\u0119 kupi\u0107 w ramach wsp\u00f3lnego paszportu.<\/li>\n<li><a class=\"thirstylink\" rel=\"nofollow\" target=\"_blank\" title=\"Tan\u010d\u00edc\u00ed d\u016fm\" href=\"https:\/\/loudavymkrokem.cz\/doporucujeme\/tancici-dum\/\" data-shortcode=\"true\">Ta\u0144cz\u0105cy Dom<\/a> najlepiej ogl\u0105da\u0107 z zewn\u0105trz \u2013 po widok id\u017acie do kawiarni na ostatnim pi\u0119trze zamiast p\u0142aci\u0107 za taras widokowy.<\/li>\n<li>Ogr\u00f3d Vrtbowski to absolutna pere\u0142ka ukryta tu\u017c obok centrum \u2013 barokowy tarasowy ogr\u00f3d, o kt\u00f3rym prawie nikt nie wie.<\/li>\n<li>Klementinum kryje jedn\u0105 z najpi\u0119kniejszych historycznych bibliotek na \u015bwiecie \u2013 bilety znikaj\u0105 b\u0142yskawicznie.<\/li>\n<li>Tramwaj nr 22 to nasz sekretny tip \u2013 przeje\u017cd\u017ca obok Zamku, Malej Strany i Wyszehradu, a kosztuje u\u0142amek ceny taks\u00f3wki.<\/li>\n<\/ul>\n<figure class=\"wp-block-image size-full\"><img loading=\"lazy\" decoding=\"async\" width=\"1200\" height=\"800\" src=\"https:\/\/loudavymkrokem.cz\/wp-content\/uploads\/2023\/07\/prazsky-hrad-4238.jpg\" alt=\"Katedra \u015bw. Wita na Zamku Praskim\" class=\"wp-image-151114\" title=\"\" srcset=\"https:\/\/loudavymkrokem.cz\/wp-content\/uploads\/2023\/07\/prazsky-hrad-4238.jpg 1200w, https:\/\/loudavymkrokem.cz\/wp-content\/uploads\/2023\/07\/prazsky-hrad-4238-300x200.jpg 300w, https:\/\/loudavymkrokem.cz\/wp-content\/uploads\/2023\/07\/prazsky-hrad-4238-700x467.jpg 700w, https:\/\/loudavymkrokem.cz\/wp-content\/uploads\/2023\/07\/prazsky-hrad-4238-768x512.jpg 768w, https:\/\/loudavymkrokem.cz\/wp-content\/uploads\/2023\/07\/prazsky-hrad-4238-696x464.jpg 696w\" sizes=\"auto, (max-width: 1200px) 100vw, 1200px\"><\/figure>\n<h2 class=\"wp-block-heading\"><span class=\"ez-toc-section\" id=\"Kiedy_jechac_do_Pragi\"><\/span><span class=\"ez-toc-section\" id=\"Kiedy_jechac_do_Pragi\"><\/span>Kiedy jecha\u0107 do Pragi<span class=\"ez-toc-section-end\"><\/span><span class=\"ez-toc-section-end\"><\/span><\/h2>\n<p>Wybranie odpowiedniego terminu to po\u0142owa sukcesu. Miasto zmienia si\u0119 nie tylko z por\u0105 roku, ale w\u0142a\u015bciwie z ka\u017cd\u0105 godzin\u0105. Kiedy m\u00f3wi si\u0119 o praskich zabytkach wpisanych na list\u0119 UNESCO, wi\u0119kszo\u015b\u0107 ludzi wyobra\u017ca sobie letnie s\u0142o\u0144ce odbijaj\u0105ce si\u0119 od czerwonych dach\u00f3w \u2013 ale rzeczywisto\u015b\u0107 rozgrzanych ulic potrafi by\u0107 wyczerpuj\u0105ca.<\/p>\n<h3 class=\"wp-block-heading\"><span class=\"ez-toc-section\" id=\"Wiosna_i_lato_w_pelni\"><\/span><span class=\"ez-toc-section\" id=\"Wiosna_i_lato_w_pelni\"><\/span>Wiosna i lato w pe\u0142ni<span class=\"ez-toc-section-end\"><\/span><span class=\"ez-toc-section-end\"><\/span><\/h3>\n<p>Kwiecie\u0144 i maj maluj\u0105 zbocza Pet\u0159\u00edna na r\u00f3\u017cowo i otwieraj\u0105 pierwsze letnie ogr\u00f3dki. Maj to osobi\u015bcie m\u00f3j ulubiony miesi\u0105c. Dni si\u0119 wyd\u0142u\u017caj\u0105, a temperatury pozwalaj\u0105 na d\u0142ugie spacery bez kurtki. Spr\u00f3bujcie wsta\u0107 wcze\u015bnie rano i wybra\u0107 si\u0119 nad rzek\u0119, zanim obudzi si\u0119 reszta miasta.<\/p>\n<p>Od czerwca do sierpnia ulice zalewa letni upa\u0142, a historyczne centrum p\u0119ka w szwach. Kiedy musz\u0119 uciec od rozgrzanego bruku, kieruj\u0119 si\u0119 do parku Stromovka albo do Riegrov\u00fdch sad\u016f.<\/p>\n<h3 class=\"wp-block-heading\"><span class=\"ez-toc-section\" id=\"Jesienne_swiatlo_i_zimowa_melancholia\"><\/span><span class=\"ez-toc-section\" id=\"Jesienne_swiatlo_i_zimowa_melancholia\"><\/span>Jesienne \u015bwiat\u0142o i zimowa melancholia<span class=\"ez-toc-section-end\"><\/span><span class=\"ez-toc-section-end\"><\/span><\/h3>\n<p>Wrzesie\u0144 u mnie obiektywnie wygrywa. Z\u0142ote \u015bwiat\u0142o babiego lata mi\u0119kko opada na fasady, a temperatury spadaj\u0105 do zno\u015bnego poziomu. Mi\u0142o\u015bnicy muzyki klasycznej mog\u0105 odhaczy\u0107 festiwal Dvo\u0159\u00e1kova Praha, kt\u00f3ry w tym roku odbywa si\u0119 <strong>5.\u201323. 9. 2026<\/strong>.<\/p>\n<p>Wizualn\u0105 uczt\u0119 zapewni Signal Festival w terminie <strong>15.\u201318. 10. 2026<\/strong>. Stycze\u0144 i luty ods\u0142aniaj\u0105 z kolei surowe oblicze miasta. Tury\u015bci znikaj\u0105, ulice ciemniej\u0105, a przejmuj\u0105cy ch\u0142\u00f3d szybko zap\u0119dza was do najbli\u017cszej gospody na g\u0119sty gulasz.<\/p>\n<h3 class=\"wp-block-heading\"><span class=\"ez-toc-section\" id=\"Ile_czasu_potrzebujecie\"><\/span><span class=\"ez-toc-section\" id=\"Ile_czasu_potrzebujecie\"><\/span>Ile czasu potrzebujecie<span class=\"ez-toc-section-end\"><\/span><span class=\"ez-toc-section-end\"><\/span><\/h3>\n<p>Weekend wystarczy na ten najbardziej podstawowy \u201ez\u0142oty tr\u00f3jk\u0105t&#8221;. W ci\u0105gu dw\u00f3ch dni obejrzycie Zamek, przejdziecie centrum i zajrzycie na Mal\u0105 Stran\u0119.<\/p>\n<p>Cztery do pi\u0119ciu dni to jednak z\u0142oty \u015brodek. Obowi\u0105zkowe punkty zaliczycie w spokoju, trzeciego dnia wejdziecie na Wyszehrad, a reszt\u0119 czasu po\u015bwi\u0119cicie na bezcelowe w\u0142\u00f3czenie si\u0119 po Vinohradach lub Karl\u00ednie.<\/p>\n<figure class=\"wp-block-image size-full\"><img loading=\"lazy\" decoding=\"async\" width=\"1200\" height=\"800\" src=\"https:\/\/loudavymkrokem.cz\/wp-content\/uploads\/2026\/04\/julius-hotel-praha-3880.jpg\" alt=\"Hotel The Julius w Pradze\" class=\"wp-image-151063\" title=\"\" srcset=\"https:\/\/loudavymkrokem.cz\/wp-content\/uploads\/2026\/04\/julius-hotel-praha-3880.jpg 1200w, https:\/\/loudavymkrokem.cz\/wp-content\/uploads\/2026\/04\/julius-hotel-praha-3880-300x200.jpg 300w, https:\/\/loudavymkrokem.cz\/wp-content\/uploads\/2026\/04\/julius-hotel-praha-3880-700x467.jpg 700w, https:\/\/loudavymkrokem.cz\/wp-content\/uploads\/2026\/04\/julius-hotel-praha-3880-768x512.jpg 768w, https:\/\/loudavymkrokem.cz\/wp-content\/uploads\/2026\/04\/julius-hotel-praha-3880-696x464.jpg 696w\" sizes=\"auto, (max-width: 1200px) 100vw, 1200px\"><\/figure>\n<h2 class=\"wp-block-heading\"><span class=\"ez-toc-section\" id=\"Gdzie_sie_zatrzymac\"><\/span><span class=\"ez-toc-section\" id=\"Gdzie_sie_zatrzymac\"><\/span>Gdzie si\u0119 zatrzyma\u0107<span class=\"ez-toc-section-end\"><\/span><span class=\"ez-toc-section-end\"><\/span><\/h2>\n<p>Je\u015bli szukacie bazy, z kt\u00f3rej b\u0119dziecie mieli wszystkie g\u0142\u00f3wne atrakcje na wyci\u0105gni\u0119cie r\u0119ki, ale jednocze\u015bnie unikniecie najwi\u0119kszego nocnego ha\u0142asu, polecam <strong><a href=\"https:\/\/www.stay22.com\/allez\/booking?aid=lukaskonecny&amp;campaign=loudavymkrokemcz-thejuliuspraguerecenze&amp;product=lma&amp;habl=false&amp;isinc=false&amp;sid22=eyOhfbUVRdp25NRC&amp;conmeth=normal&amp;plng=cs-CZ&amp;pageCategory=travel&amp;source=direct&amp;medium=deeplink&amp;address=Prague%2C+Czechia&amp;link=https%3A%2F%2Fwww.booking.com%2Fsearchresults.html%3Faid%3D1607597%26dest_id%3D7310351%26dest_type%3Dhotel%26label%3Dv3.cmod2yxkvb9hy0838yfkjsa3k&amp;ref22=https%3A%2F%2Floudavymkrokem.cz%2Fthe-julius-prague-recenze\">The Julius Hotel<\/a><\/strong> na placu Senov\u00e1\u017en\u00e9. Nocowali\u015bmy tu podczas naszej ostatniej wizyty w przestronnym One Bedroom Suite, kt\u00f3ry zapewni\u0142 nam dok\u0142adnie taki komfort, jakiego potrzebowali\u015bmy z ma\u0142ym Jon\u00e1\u0161em. Wn\u0119trze by\u0142o tak spokojne, \u017ce Jon\u00e1\u0161 zasn\u0105\u0142, zanim zd\u0105\u017cyli\u015bmy rozpakowa\u0107 walizki, a personel pami\u0119ta\u0142 nas jeszcze nast\u0119pnego dnia \u2013 co zawsze mnie ujmuje. \u263a\ufe0f Jako wegetarianka doceni\u0142am te\u017c ich bogate i pomys\u0142owe \u015bniadania, gdzie mi\u0119so zdecydowanie nie gra\u0142o jedynej g\u0142\u00f3wnej roli. Z hotelu dojdziecie w dziesi\u0119\u0107 minut na plac Wac\u0142awa lub do Bramy Prochowej. Aktualne ceny i dost\u0119pno\u015b\u0107 mo\u017cecie sprawdzi\u0107 i <a href=\"https:\/\/www.booking.com\/hotel\/cz\/julius-meinl-house-prague.html?aid=2397601\" target=\"_blank\" rel=\"nofollow noopener\">zarezerwowa\u0107 przez Booking.com<\/a>.<\/p>\n<h2 class=\"wp-block-heading\"><span class=\"ez-toc-section\" id=\"Klejnoty_koronne_To_co_najlepsze_z_historycznej_Pragi\"><\/span><span class=\"ez-toc-section\" id=\"Klejnoty_koronne_To_co_najlepsze_z_historycznej_Pragi\"><\/span>Klejnoty koronne: To co najlepsze z historycznej Pragi<span class=\"ez-toc-section-end\"><\/span><span class=\"ez-toc-section-end\"><\/span><\/h2>\n<p>To ta cz\u0119\u015b\u0107 przewodnika, w kt\u00f3rej nie mam serca czegokolwiek pomin\u0105\u0107. Nawet jako lokalna mieszkanka, kt\u00f3ra t\u0119dy chodzi\u0142a do szko\u0142y, wci\u0105\u017c czuj\u0119 co\u015b w rodzaju dumy \u2013 albo przynajmniej nostalgii \u2013 patrz\u0105c na dachy Zamku znad rzeki. \ud83d\ude01 Je\u015bli jeste\u015bcie w stolicy Czech po raz pierwszy, tych punkt\u00f3w z listy po prostu nie pomijajcie. Polecam roz\u0142o\u017cy\u0107 je na kilka dni, \u017ceby podziwianie nie zamieni\u0142o si\u0119 w mechaniczne odhaczanie.<\/p>\n<h3 class=\"wp-block-heading\"><span class=\"ez-toc-section\" id=\"Zamek_Praski\"><\/span><span class=\"ez-toc-section\" id=\"Zamek_Praski\"><\/span>Zamek Praski<span class=\"ez-toc-section-end\"><\/span><span class=\"ez-toc-section-end\"><\/span><\/h3>\n<p>Kompleks <a href=\"https:\/\/www.hrad.cz\" rel=\"nofollow noopener\" target=\"_blank\">Zamku Praskiego<\/a> to w zasadzie osobne miasto nad miastem. Przechadzanie si\u0119 po jego dziedzi\u0144cach to jak kartowanie podr\u0119cznika architektury \u2013 od roma\u0144skich fundament\u00f3w po przebudowy architekta Josipa Ple\u010dnika z XX wieku. W\u0142a\u015bnie tutaj mieli\u015bmy z Luk\u00e1\u0161em nasz\u0105 pierwsz\u0105 randk\u0119 i do dzi\u015b pami\u0119tam ten szczeg\u00f3lny spok\u00f3j, kt\u00f3ry zapada wok\u00f3\u0142 Z\u0142otej Uliczki w wieczornych godzinach, gdy odejd\u0105 najwi\u0119ksze t\u0142umy.<\/p>\n<p>Podstawowa trasa obejmuje Stary Pa\u0142ac Kr\u00f3lewski, Bazylik\u0119 \u015bw. Jerzego, Z\u0142ot\u0105 Uliczk\u0119 i katedr\u0119. Bilet kosztuje <strong>18 \u20ac<\/strong>, a teren otwieraj\u0105 o <strong>6:00<\/strong>, cho\u0107 budynki historyczne wpuszczaj\u0105 zwiedzaj\u0105cych dopiero od 9:00. Naj\u0142atwiejszy dojazd to <strong>tramwaj nr 22<\/strong> do przystanku Pra\u017esk\u00fd hrad. Do szczeg\u00f3\u0142owego zwiedzania polecam <a href=\"https:\/\/www.getyourguide.com\/prague-l10\/?partner_id=MKZ64IS\" target=\"_blank\" rel=\"nofollow noopener\">rezerwacj\u0119 przez GetYourGuide<\/a> z lokalnym przewodnikiem.<\/p>\n<figure class=\"wp-block-image size-full\"><img loading=\"lazy\" decoding=\"async\" width=\"1200\" height=\"800\" src=\"https:\/\/loudavymkrokem.cz\/wp-content\/uploads\/2023\/07\/prazsky-hrad-4194.jpg\" alt=\"Zamek Praski\" class=\"wp-image-151117\" title=\"\" srcset=\"https:\/\/loudavymkrokem.cz\/wp-content\/uploads\/2023\/07\/prazsky-hrad-4194.jpg 1200w, https:\/\/loudavymkrokem.cz\/wp-content\/uploads\/2023\/07\/prazsky-hrad-4194-300x200.jpg 300w, https:\/\/loudavymkrokem.cz\/wp-content\/uploads\/2023\/07\/prazsky-hrad-4194-700x467.jpg 700w, https:\/\/loudavymkrokem.cz\/wp-content\/uploads\/2023\/07\/prazsky-hrad-4194-768x512.jpg 768w, https:\/\/loudavymkrokem.cz\/wp-content\/uploads\/2023\/07\/prazsky-hrad-4194-696x464.jpg 696w\" sizes=\"auto, (max-width: 1200px) 100vw, 1200px\"><\/figure>\n<h3 class=\"wp-block-heading\"><span class=\"ez-toc-section\" id=\"Katedra_sw_Wita\"><\/span><span class=\"ez-toc-section\" id=\"Katedra_sw_Wita\"><\/span>Katedra \u015bw. Wita<span class=\"ez-toc-section-end\"><\/span><span class=\"ez-toc-section-end\"><\/span><\/h3>\n<p><a href=\"https:\/\/www.katedralasvatehovita.cz\/cs\" rel=\"nofollow noopener\" target=\"_blank\">Katedra \u015bw. Wita<\/a> to nie tylko najwi\u0119ksza \u015bwi\u0105tynia w kraju, ale przede wszystkim bezsporna dominanta ca\u0142ego kompleksu zamkowego. Gdy na studiach fotografowa\u0142am architektur\u0119 gotyck\u0105, sp\u0119dza\u0142am godziny, obserwuj\u0105c jak poranne \u015bwiat\u0142o za\u0142amuje kolory przez ogromne witra\u017cowe okna, przy kt\u00f3rych pracowa\u0142 sam Alfons Mucha. Budowa trwa\u0142a niemal sze\u015b\u0107 wiek\u00f3w, co odzwierciedla doskona\u0142a mieszanka styl\u00f3w.<\/p>\n<p>Wewn\u0105trz znajdziecie grobowce czeskich kr\u00f3l\u00f3w oraz pi\u0119kn\u0105 kaplic\u0119 \u015bw. Wac\u0142awa, kt\u00f3rej \u015bciany pokrywaj\u0105 kamienie p\u00f3\u0142szlachetne. Zwiedzanie przedniej cz\u0119\u015bci nawy jest bezp\u0142atne, ale za wej\u015bcie do g\u0142\u00f3wnej cz\u0119\u015bci i do kr\u00f3lewskich grobowc\u00f3w trzeba dop\u0142aci\u0107 w ramach trasy po Zamku Praskim. Czynne codziennie od 9:00 do 17:00, w niedziel\u0119 od 12:00 ze wzgl\u0119du na nabo\u017ce\u0144stwa. <strong>\ud83d\udca1 Tip od lokalnej:<\/strong> Po\u0142udniowa wie\u017ca katedry oferuje moim zdaniem najlepszy widok na miasto. Prowadzi na ni\u0105 287 w\u0105skich kr\u0119conych schod\u00f3w, wej\u015bcie p\u0142atne osobno (8 \u20ac), wspinaczka daje si\u0119 we znaki \u2013 ale zdecydowanie warto.<\/p>\n<figure class=\"wp-block-image size-full\"><img loading=\"lazy\" decoding=\"async\" width=\"1200\" height=\"800\" src=\"https:\/\/loudavymkrokem.cz\/wp-content\/uploads\/2023\/07\/prazsky-hrad-4215.jpg\" alt=\"Katedra \u015bw. Wita \u2013 dominanta Zamku Praskiego\" class=\"wp-image-151116\" title=\"\" srcset=\"https:\/\/loudavymkrokem.cz\/wp-content\/uploads\/2023\/07\/prazsky-hrad-4215.jpg 1200w, https:\/\/loudavymkrokem.cz\/wp-content\/uploads\/2023\/07\/prazsky-hrad-4215-300x200.jpg 300w, https:\/\/loudavymkrokem.cz\/wp-content\/uploads\/2023\/07\/prazsky-hrad-4215-700x467.jpg 700w, https:\/\/loudavymkrokem.cz\/wp-content\/uploads\/2023\/07\/prazsky-hrad-4215-768x512.jpg 768w, https:\/\/loudavymkrokem.cz\/wp-content\/uploads\/2023\/07\/prazsky-hrad-4215-696x464.jpg 696w\" sizes=\"auto, (max-width: 1200px) 100vw, 1200px\"><figcaption class=\"wp-element-caption\">Katedra \u015bw. Wita \u2013 dominanta Zamku Praskiego<\/figcaption><\/figure>\n<h3 class=\"wp-block-heading\"><span class=\"ez-toc-section\" id=\"Most_Karola\"><\/span><span class=\"ez-toc-section\" id=\"Most_Karola\"><\/span>Most Karola<span class=\"ez-toc-section-end\"><\/span><span class=\"ez-toc-section-end\"><\/span><\/h3>\n<p>Najstarszy stoj\u0105cy most przez We\u0142taw\u0119 \u0142\u0105czy Stare Miasto z Mal\u0105 Stran\u0105 od XIV wieku. Jego trzydzie\u015bci barokowych rze\u017ab tworzy galeri\u0119 pod go\u0142ym niebem, kt\u00f3ra w porannej mgle wygl\u0105da wr\u0119cz mistycznie. W ci\u0105gu dnia most zamienia si\u0119 jednak w t\u0119tni\u0105c\u0105 arteri\u0119 pe\u0142n\u0105 karykaturzyst\u00f3w, muzyk\u00f3w i tysi\u0119cy turyst\u00f3w.<\/p>\n<p>Spacer po nim jest oczywi\u015bcie bezp\u0142atny i dost\u0119pny przez ca\u0142\u0105 dob\u0119. Je\u015bli chcecie prze\u017cy\u0107 spokojniejsz\u0105 atmosfer\u0119, warto rozwa\u017cy\u0107 <a href=\"https:\/\/www.getyourguide.com\/prague-l10\/?partner_id=MKZ64IS\" rel=\"nofollow noopener\" target=\"_blank\">rezerwacj\u0119 przez GetYourGuide<\/a> na poranny komentowany spacer lub rejs drewnian\u0105 \u0142odzi\u0105 po We\u0142tawie, kt\u00f3ra przep\u0142ywa bezpo\u015brednio pod \u0142ukami mostu. Wi\u0119cej szczeg\u00f3\u0142\u00f3w znajdziecie w naszym <a href=\"https:\/\/loudavymkrokem.cz\/karluv-most\/\">osobnym artykule o Mo\u015bcie Karola<\/a>. <strong>\ud83d\udca1 Tip od lokalnej:<\/strong> Przyjd\u017acie tu przed si\u00f3dm\u0105 rano. To jedyny spos\u00f3b, by obejrze\u0107 rze\u017aby bez przepychania si\u0119 w t\u0142umie \u2013 a przy okazji zobaczycie fotograf\u00f3w czekaj\u0105cych na idealne odbicie \u015bwiat\u0142a na tafli wody.<\/p>\n<figure class=\"wp-block-image size-full\"><img loading=\"lazy\" decoding=\"async\" width=\"1200\" height=\"800\" src=\"https:\/\/loudavymkrokem.cz\/wp-content\/uploads\/2026\/04\/karluv-most-4116.jpg\" alt=\"Most Karola w Pradze\" class=\"wp-image-151096\" title=\"\" srcset=\"https:\/\/loudavymkrokem.cz\/wp-content\/uploads\/2026\/04\/karluv-most-4116.jpg 1200w, https:\/\/loudavymkrokem.cz\/wp-content\/uploads\/2026\/04\/karluv-most-4116-300x200.jpg 300w, https:\/\/loudavymkrokem.cz\/wp-content\/uploads\/2026\/04\/karluv-most-4116-700x467.jpg 700w, https:\/\/loudavymkrokem.cz\/wp-content\/uploads\/2026\/04\/karluv-most-4116-768x512.jpg 768w, https:\/\/loudavymkrokem.cz\/wp-content\/uploads\/2026\/04\/karluv-most-4116-696x464.jpg 696w\" sizes=\"auto, (max-width: 1200px) 100vw, 1200px\"><figcaption class=\"wp-element-caption\">Most Karola<\/figcaption><\/figure>\n<h3 class=\"wp-block-heading\"><span class=\"ez-toc-section\" id=\"Rynek_Staromiejski_i_Zegar_Astronomiczny\"><\/span><span class=\"ez-toc-section\" id=\"Rynek_Staromiejski_i_Zegar_Astronomiczny\"><\/span>Rynek Staromiejski i Zegar Astronomiczny<span class=\"ez-toc-section-end\"><\/span><span class=\"ez-toc-section-end\"><\/span><\/h3>\n<p>Serce historycznego centrum bije na Rynku Staromiejskim. Otaczaj\u0105 go przepi\u0119kne pa\u0142ace, dominuje nad nim pomnik mistrza Jana Husa oraz gotycka wie\u017ca Ratusza Staromiejskiego ze s\u0142ynnym Zegarem Astronomicznym \u2013 Orlojem. Co godzin\u0119 gromadz\u0105 si\u0119 pod nim setki ludzi, by obserwowa\u0107 procesj\u0119 aposto\u0142\u00f3w.<\/p>\n<p>Powiem szczerze \u2013 nie planujcie wok\u00f3\u0142 Orloju ca\u0142ego dnia. To 45-sekundowy pokaz, kt\u00f3ry wielu ludzi zaskakuje swoj\u0105 zwi\u0119z\u0142o\u015bci\u0105. Warto natomiast zap\u0142aci\u0107 <strong>12 \u20ac<\/strong> za wej\u015bcie na wie\u017c\u0119 Ratusza Staromiejskiego, sk\u0105d rozci\u0105ga si\u0119 fantastyczny okr\u0119\u017cny widok na rynek. Czynne codziennie od 9:00 do 21:00 (w poniedzia\u0142ki od 11:00). Wi\u0119cej szczeg\u00f3\u0142\u00f3w znajdziecie w naszym tek\u015bcie o <a href=\"https:\/\/loudavymkrokem.cz\/staromestske-namesti-orloj\/\">Rynku Staromiejskim<\/a>. <strong>\ud83d\udca1 Tip od lokalnej:<\/strong> Zamiast sta\u0107 w t\u0142umie przed Orlojem, id\u017acie raczej na kaw\u0119 na pierwsze pi\u0119tro kawiarni w kamienicy U Minuty naprzeciwko. Z okna zobaczycie aposto\u0142\u00f3w dok\u0142adnie na wysoko\u015bci oczu.<\/p>\n<figure class=\"wp-block-image size-full\"><img loading=\"lazy\" decoding=\"async\" width=\"1200\" height=\"800\" src=\"https:\/\/loudavymkrokem.cz\/wp-content\/uploads\/2026\/04\/prazsky-orloj-4046.jpg\" alt=\"Zegar Astronomiczny w Pradze \u2013 Orloj\" class=\"wp-image-151083\" title=\"\" srcset=\"https:\/\/loudavymkrokem.cz\/wp-content\/uploads\/2026\/04\/prazsky-orloj-4046.jpg 1200w, https:\/\/loudavymkrokem.cz\/wp-content\/uploads\/2026\/04\/prazsky-orloj-4046-300x200.jpg 300w, https:\/\/loudavymkrokem.cz\/wp-content\/uploads\/2026\/04\/prazsky-orloj-4046-700x467.jpg 700w, https:\/\/loudavymkrokem.cz\/wp-content\/uploads\/2026\/04\/prazsky-orloj-4046-768x512.jpg 768w, https:\/\/loudavymkrokem.cz\/wp-content\/uploads\/2026\/04\/prazsky-orloj-4046-696x464.jpg 696w\" sizes=\"auto, (max-width: 1200px) 100vw, 1200px\"><figcaption class=\"wp-element-caption\">Zegar Astronomiczny na Rynku Staromiejskim w Pradze<\/figcaption><\/figure>\n<h3 class=\"wp-block-heading\"><span class=\"ez-toc-section\" id=\"Wyszehrad\"><\/span><span class=\"ez-toc-section\" id=\"Wyszehrad\"><\/span>Wyszehrad<span class=\"ez-toc-section-end\"><\/span><span class=\"ez-toc-section-end\"><\/span><\/h3>\n<p><a href=\"https:\/\/www.praha-vysehrad.cz\" rel=\"nofollow noopener\" target=\"_blank\">Wyszehrad<\/a> to moja sprawa sercowa i miejsce, do kt\u00f3rego regularnie uciekam z przeludnionego centrum. Wed\u0142ug legend to najstarsza siedziba czeskich ksi\u0105\u017c\u0105t \u2013 dzi\u015b jest to rozleg\u0142y park otoczony barokowymi murami obronnymi. Znajdziecie tu imponuj\u0105c\u0105 Bazylik\u0119 \u015bw. Piotra i Paw\u0142a oraz przyleg\u0142y cmentarz Slav\u00edn, gdzie spoczywaj\u0105 najwybitniejsi Czesi \u2013 od Anton\u00edna Dvo\u0159\u00e1ka po Karla \u010capka.<\/p>\n<p>Z Jon\u00e1\u0161em docenili\u015bmy przede wszystkim szerokie asfaltowe alejki, idealne do jazdy z w\u00f3zkiem, oraz rozleg\u0142e trawniki idealne na piknik. Wst\u0119p na teren jest bezp\u0142atny \u2013 p\u0142aci si\u0119 jedynie drobny bilet do bazyliki (<strong>5 \u20ac<\/strong>) i do kazamat. Dojedziecie tu <strong>metrem C<\/strong> do stacji Vy\u0161ehrad i po dziesi\u0119ciu minutach spaceru jeste\u015bcie przy bramach. Szczeg\u00f3\u0142owy przewodnik znajdziecie w artykule <a href=\"https:\/\/loudavymkrokem.cz\/vysehrad\/\">Wyszehrad<\/a>. <strong>\ud83d\udca1 Tip od lokalnej:<\/strong> Mury oferuj\u0105 jedne z najlepszych widok\u00f3w na We\u0142taw\u0119 i Zamek Praski. Kupcie sobie kaw\u0119 na wynos w kawiarni \u010cek\u00e1rna pod Vy\u0161ehradem i wypijcie j\u0105 na g\u00f3rze na murach przy ceglanych bastionach.<\/p>\n<figure class=\"wp-block-image size-full\"><img loading=\"lazy\" decoding=\"async\" width=\"1200\" height=\"800\" src=\"https:\/\/loudavymkrokem.cz\/wp-content\/uploads\/2026\/04\/vysehrad-4319.jpg\" alt=\"Widok z Wyszehradu na Prag\u0119\" class=\"wp-image-151146\" title=\"\" srcset=\"https:\/\/loudavymkrokem.cz\/wp-content\/uploads\/2026\/04\/vysehrad-4319.jpg 1200w, https:\/\/loudavymkrokem.cz\/wp-content\/uploads\/2026\/04\/vysehrad-4319-300x200.jpg 300w, https:\/\/loudavymkrokem.cz\/wp-content\/uploads\/2026\/04\/vysehrad-4319-700x467.jpg 700w, https:\/\/loudavymkrokem.cz\/wp-content\/uploads\/2026\/04\/vysehrad-4319-768x512.jpg 768w, https:\/\/loudavymkrokem.cz\/wp-content\/uploads\/2026\/04\/vysehrad-4319-696x464.jpg 696w\" sizes=\"auto, (max-width: 1200px) 100vw, 1200px\"><figcaption class=\"wp-element-caption\">Widok z Wyszehradu<\/figcaption><\/figure>\n<h3 class=\"wp-block-heading\"><span class=\"ez-toc-section\" id=\"Petrin_i_wieza_widokowa\"><\/span><span class=\"ez-toc-section\" id=\"Petrin_i_wieza_widokowa\"><\/span>Pet\u0159\u00edn i wie\u017ca widokowa<span class=\"ez-toc-section-end\"><\/span><span class=\"ez-toc-section-end\"><\/span><\/h3>\n<p>Zielone wzg\u00f3rze wznosz\u0105ce si\u0119 nad Mal\u0105 Stran\u0105 to ca\u0142oroczna przysta\u0144 dla tych, kt\u00f3rzy chc\u0105 zamieni\u0107 bruk na ziemi\u0119 i drzewa. Na jego szczycie stoi <a href=\"https:\/\/www.prague.eu\/cs\/objekt\/mista\/116\/petrinska-rozhledna\" rel=\"nofollow noopener\" target=\"_blank\">wie\u017ca widokowa na Pet\u0159\u00edn\u011b<\/a>, pomniejszona kopia paryskiej wie\u017cy Eiffla z 1891 roku, a tu\u017c obok popularne Lustrzane Labirynt.<\/p>\n<p>Kolejka linowa na Pet\u0159\u00edn przechodzi w 2026 roku remont, wi\u0119c naj\u0142atwiej dostaniecie si\u0119 na g\u00f3r\u0119 tramwajem nr 22 do przystanku Poho\u0159elec i stamt\u0105d przyjemnym spacerem w d\u00f3\u0142 \u2013 albo pieszo przez Ogrody Strahovskie. Wej\u015bcie na wie\u017c\u0119 kosztuje <strong>9 \u20ac<\/strong>, a godziny otwarcia w sezonie to 9:00\u201320:00. Wi\u0119cej przeczytacie w artykule <a href=\"https:\/\/loudavymkrokem.cz\/petrin-prazska-rozhledna\/\">Pet\u0159\u00edn i wie\u017ca widokowa<\/a>. <strong>\ud83d\udca1 Tip od lokalnej:<\/strong> Omijajcie g\u0142\u00f3wne asfaltowe drogi i przejd\u017acie si\u0119 Ogrodem Kinsk\u00fdch na po\u0142udniowym zboczu Pet\u0159\u00edna. S\u0105 tam pi\u0119kne oczka wodne, drewniany ko\u015bci\u00f3\u0142ek <a class=\"thirstylink\" rel=\"nofollow\" target=\"_blank\" title=\"Karpacki\" href=\"https:\/\/loudavymkrokem.cz\/pl\/doporucujeme\/karpacki\/\" data-shortcode=\"true\">karpacki<\/a> i minimum ludzi.<\/p>\n<figure class=\"wp-block-image size-full\"><img loading=\"lazy\" decoding=\"async\" width=\"2000\" height=\"1333\" src=\"https:\/\/loudavymkrokem.cz\/wp-content\/uploads\/2023\/07\/petrinska-rozhledna-praha.jpg\" alt=\"Wie\u017ca widokowa na wzg\u00f3rzu Pet\u0159\u00edn w Pradze\" class=\"wp-image-62965\" title=\"\" srcset=\"https:\/\/loudavymkrokem.cz\/wp-content\/uploads\/2023\/07\/petrinska-rozhledna-praha.jpg 2000w, https:\/\/loudavymkrokem.cz\/wp-content\/uploads\/2023\/07\/petrinska-rozhledna-praha-300x200.jpg 300w, https:\/\/loudavymkrokem.cz\/wp-content\/uploads\/2023\/07\/petrinska-rozhledna-praha-700x467.jpg 700w, https:\/\/loudavymkrokem.cz\/wp-content\/uploads\/2023\/07\/petrinska-rozhledna-praha-768x512.jpg 768w, https:\/\/loudavymkrokem.cz\/wp-content\/uploads\/2023\/07\/petrinska-rozhledna-praha-1536x1024.jpg 1536w, https:\/\/loudavymkrokem.cz\/wp-content\/uploads\/2023\/07\/petrinska-rozhledna-praha-696x464.jpg 696w, https:\/\/loudavymkrokem.cz\/wp-content\/uploads\/2023\/07\/petrinska-rozhledna-praha-1392x928.jpg 1392w, https:\/\/loudavymkrokem.cz\/wp-content\/uploads\/2023\/07\/petrinska-rozhledna-praha-1920x1280.jpg 1920w\" sizes=\"auto, (max-width: 2000px) 100vw, 2000px\"><figcaption class=\"wp-element-caption\">Pet\u0159\u00edn<\/figcaption><\/figure>\n<div class=\"lk-zazitky-module\">\n<style>\n.lk-zazitky-module * { box-sizing: border-box; margin: 0; padding: 0; }\n.lk-zazitky-module {\n  font-family: 'DM Sans', Georgia, sans-serif;\n  max-width: 100%;\n  margin: 2.5rem auto;\n  background: linear-gradient(135deg, #fdf6f3 0%, #fbede7 100%);\n  border: 1px solid #f0d9cc;\n  border-radius: 16px;\n  overflow: hidden;\n  box-shadow: 0 16px 48px rgba(217, 119, 87, 0.18), 0 4px 12px rgba(0,0,0,0.06);\n}\n.lk-zazitky-header {\n  position: relative;\n  padding: 24px 32px;\n  background: linear-gradient(135deg, #d97757 0%, #c46b4b 60%, #d97757 100%);\n  display: flex;\n  align-items: center;\n  gap: 18px;\n}\n.lk-zazitky-header::before {\n  content: '';\n  position: absolute;\n  inset: 0;\n  background: url(\"data:image\/svg+xml,%3Csvg width='60' height='60' viewBox='0 0 60 60' xmlns='http:\/\/www.w3.org\/2000\/svg'%3E%3Cg fill='none' fill-rule='evenodd'%3E%3Cg fill='%23ffffff' fill-opacity='0.05'%3E%3Cpath d='M36 34v-4h-2v4h-4v2h4v4h2v-4h4v-2h-4zm0-30V0h-2v4h-4v2h4v4h2V6h4V4h-4zM6 34v-4H4v4H0v2h4v4h2v-4h4v-2H6zM6 4V0H4v4H0v2h4v4h2V6h4V4H6z'\/%3E%3C\/g%3E%3C\/g%3E%3C\/svg%3E\") repeat;\n  pointer-events: none;\n}\n.lk-zazitky-header img {\n  width: 64px; height: 64px; border-radius: 12px; flex-shrink: 0;\n  object-fit: cover; box-shadow: 0 4px 12px rgba(0,0,0,0.18); position: relative; z-index: 1;\n}\n.lk-zazitky-header-text { position: relative; z-index: 1; }\n.lk-zazitky-eyebrow {\n  font-size: 10px; font-weight: 600; letter-spacing: 2.5px; text-transform: uppercase;\n  color: rgba(255,255,255,.92); margin-bottom: 5px;\n}\n.lk-zazitky-title {\n  font-family: 'Playfair Display', Georgia, serif;\n  font-size: 24px; font-weight: 700; color: #fff; line-height: 1.2;\n  text-shadow: 0 1px 2px rgba(0,0,0,0.12);\n}\n.lk-zazitky-subtitle {\n  font-size: 13px; color: rgba(255,255,255,.85); margin-top: 4px; font-weight: 300;\n}\n.lk-zazitky-grid {\n  display: grid;\n  grid-template-columns: 1fr 1fr 1fr;\n  gap: 1px;\n  background: rgba(217, 119, 87, 0.12);\n}\n.lk-zazitek-card {\n  background: #ffffff; padding: 22px; display: flex; flex-direction: column; gap: 11px;\n  transition: all 0.3s ease; text-decoration: none; color: inherit; position: relative;\n}\n.lk-zazitek-card:hover {\n  background: #fffaf7; transform: translateY(-2px);\n  box-shadow: 0 8px 24px rgba(217, 119, 87, 0.15); z-index: 1;\n}\n.lk-zazitek-card.is-category {\n  background: linear-gradient(135deg, #fffaf7 0%, #fff3eb 100%);\n  box-shadow: inset 0 1px 0 rgba(217, 119, 87, 0.1);\n}\n.lk-zazitek-card.is-category:hover {\n  background: linear-gradient(135deg, #fff7f2 0%, #ffeee3 100%);\n}\n.lk-zazitek-badge {\n  display: inline-flex; align-items: center; gap: 5px;\n  font-size: 10px; font-weight: 600; letter-spacing: 1.5px; text-transform: uppercase;\n  padding: 5px 11px; border-radius: 20px; width: fit-content;\n  background: rgba(217, 119, 87, 0.10); color: #c46b4b; border: 1px solid rgba(217, 119, 87, 0.22);\n}\n.lk-zazitek-card.is-category .lk-zazitek-badge {\n  background: linear-gradient(135deg, #d97757 0%, #c46b4b 100%); color: #fff;\n  border-color: #c46b4b; box-shadow: 0 2px 8px rgba(217, 119, 87, 0.28);\n}\n.lk-zazitek-name {\n  font-family: 'Playfair Display', Georgia, serif;\n  font-size: 17px; font-weight: 700; color: #111827; line-height: 1.3;\n}\n.lk-zazitek-desc {\n  font-size: 13px; color: #525252; line-height: 1.6; font-weight: 300; flex: 1;\n}\n.lk-zazitek-meta { display: flex; align-items: center; gap: 12px; flex-wrap: wrap; margin-top: 4px; }\n.lk-zazitek-price { font-size: 13px; color: #6b7280; }\n.lk-zazitek-price strong { color: #c46b4b; font-weight: 600; }\n.lk-zazitek-cta {\n  display: inline-flex; align-items: center; justify-content: center; gap: 7px;\n  margin-top: 8px; padding: 11px 16px; border-radius: 8px;\n  background: linear-gradient(135deg, #d97757 0%, #c46b4b 100%);\n  color: #fff; font-size: 13px; font-weight: 500; text-decoration: none;\n  letter-spacing: .3px; transition: all .2s ease; cursor: pointer; border: none;\n  text-align: center; box-shadow: 0 4px 12px rgba(217, 119, 87, 0.28);\n  white-space: nowrap;\n}\n.lk-zazitek-cta:hover {\n  background: linear-gradient(135deg, #c46b4b 0%, #b35e3f 100%);\n  transform: translateY(-1px); box-shadow: 0 6px 16px rgba(217, 119, 87, 0.38);\n}\n.lk-zazitek-card.is-category .lk-zazitek-cta {\n  background: linear-gradient(135deg, #3685fc 0%, #2a6fd9 100%);\n  box-shadow: 0 4px 12px rgba(54, 133, 252, 0.22);\n}\n.lk-zazitek-card.is-category .lk-zazitek-cta:hover {\n  background: linear-gradient(135deg, #2a6fd9 0%, #1e5bc4 100%);\n  box-shadow: 0 6px 16px rgba(54, 133, 252, 0.32);\n}\n.lk-zazitky-footer {\n  padding: 16px 32px;\n  background: linear-gradient(to bottom, #fdf6f3 0%, #f9eae2 100%);\n  border-top: 1px solid rgba(217, 119, 87, 0.18);\n  display: flex; align-items: center; justify-content: center; flex-wrap: wrap; gap: 12px;\n}\n.lk-zazitky-discount {\n  display: inline-flex; align-items: center; gap: 8px;\n  font-size: 13px; color: #6b3a26; font-weight: 500;\n}\n.lk-zazitky-discount-code {\n  font-family: 'Courier New', monospace; font-weight: 700; color: #c46b4b;\n  background: rgba(217, 119, 87, 0.12); padding: 4px 10px; border-radius: 6px;\n  letter-spacing: 1px; font-size: 13px;\n}\n.lk-zazitky-disclaimer {\n  font-size: 11px; color: #8a6e60; font-weight: 300; line-height: 1.5;\n}\n.lk-zazitky-disclaimer a { color: #c46b4b; text-decoration: none; }\n.lk-zazitky-disclaimer a:hover { text-decoration: underline; }\n@media (max-width: 720px) {\n  .lk-zazitky-grid { grid-template-columns: 1fr; }\n  .lk-zazitky-header { padding: 20px 18px; }\n  .lk-zazitky-footer { padding: 14px 18px; }\n  .lk-zazitek-card { padding: 20px; }\n  .lk-zazitky-title { font-size: 20px; }\n}\n<\/style>\n<div class=\"lk-zazitky-header\">\n    <img decoding=\"async\" src=\"https:\/\/loudavymkrokem.cz\/wp-content\/uploads\/2026\/02\/lukas-a-lucka.jpg\" alt=\"Luk\u00e1\u0161 i Lucie\" title=\"\"><\/p>\n<div class=\"lk-zazitky-header-text\">\n<div class=\"lk-zazitky-eyebrow\">Tip od Luk\u00e1\u0161a i Lucie<\/div>\n<div class=\"lk-zazitky-title\">Prze\u017cyjcie Prag\u0119 inaczej<\/div>\n<div class=\"lk-zazitky-subtitle\">3 sprawdzone tipy ze zni\u017ck\u0105 5 % od partnera Firma na z\u00e1\u017eitky<\/div>\n<\/p><\/div>\n<\/p><\/div>\n<div class=\"lk-zazitky-grid\">\n<p>    <a class=\"lk-zazitek-card\" href=\"https:\/\/www.firmanazazitky.cz\/plavba-po-vltave-s-obedem?utm_source=loudavymkrokem&amp;utm_medium=referral&amp;utm_campaign=nejkrasnejsi-pamatky-v-praze-20-mist-ktera-musite-videt-2026&amp;utm_content=zazitek-1\" target=\"_blank\" rel=\"nofollow noopener sponsored\"><br \/>\n      <span class=\"lk-zazitek-badge\">\ud83d\udee5 Rejs<\/span><\/p>\n<div class=\"lk-zazitek-name\">Rejs po We\u0142tawie z obiadem<\/div>\n<div class=\"lk-zazitek-desc\">Romantyczny widok na praskie zabytki z pok\u0142adu statku \u2013 Most Karola i Hradczany na wyci\u0105gni\u0119cie r\u0119ki, obiad dla dwojga w cenie.<\/div>\n<div class=\"lk-zazitek-meta\">\n        <span class=\"lk-zazitek-price\">od <strong>84 \u20ac<\/strong><\/span>\n      <\/div>\n<p>      <span class=\"lk-zazitek-cta\"><br \/>\n        <svg width=\"14\" height=\"14\" viewBox=\"0 0 24 24\" fill=\"none\" stroke=\"currentColor\" stroke-width=\"2\"><path d=\"M18 13v6a2 2 0 0 1-2 2H5a2 2 0 0 1-2-2V8a2 2 0 0 1 2-2h6\"\/><polyline points=\"15 3 21 3 21 9\"\/><line x1=\"10\" y1=\"14\" x2=\"21\" y2=\"3\"\/><\/svg><br \/>\n        Zarezerwuj ze zni\u017ck\u0105<br \/>\n      <\/span><br \/>\n    <\/a><\/p>\n<p>    <a class=\"lk-zazitek-card\" href=\"https:\/\/www.firmanazazitky.cz\/prazske-vyhlidky-na-elektrokolobezkach?utm_source=loudavymkrokem&amp;utm_medium=referral&amp;utm_campaign=nejkrasnejsi-pamatky-v-praze-20-mist-ktera-musite-videt-2026&amp;utm_content=zazitek-2\" target=\"_blank\" rel=\"nofollow noopener sponsored\"><br \/>\n      <span class=\"lk-zazitek-badge\">\ud83d\udef4 Atrakcja<\/span><\/p>\n<div class=\"lk-zazitek-name\">Praskie punkty widokowe na hulajnogach elektrycznych<\/div>\n<div class=\"lk-zazitek-desc\">Przejed\u017acie 20 najpi\u0119kniejszych miejsc Pragi lekko i bez wysi\u0142ku \u2013 przewodnik zabierze was na punkty widokowe, do kt\u00f3rych tury\u015bci nie zd\u0105\u017c\u0105 doj\u015b\u0107.<\/div>\n<div class=\"lk-zazitek-meta\">\n        <span class=\"lk-zazitek-price\">od <strong>44 \u20ac<\/strong><\/span>\n      <\/div>\n<p>      <span class=\"lk-zazitek-cta\"><br \/>\n        <svg width=\"14\" height=\"14\" viewBox=\"0 0 24 24\" fill=\"none\" stroke=\"currentColor\" stroke-width=\"2\"><path d=\"M18 13v6a2 2 0 0 1-2 2H5a2 2 0 0 1-2-2V8a2 2 0 0 1 2-2h6\"\/><polyline points=\"15 3 21 3 21 9\"\/><line x1=\"10\" y1=\"14\" x2=\"21\" y2=\"3\"\/><\/svg><br \/>\n        Zarezerwuj ze zni\u017ck\u0105<br \/>\n      <\/span><br \/>\n    <\/a><\/p>\n<p>    <a class=\"lk-zazitek-card is-category\" href=\"https:\/\/www.firmanazazitky.cz\/praha\/?utm_source=loudavymkrokem&amp;utm_medium=referral&amp;utm_campaign=nejkrasnejsi-pamatky-v-praze-20-mist-ktera-musite-videt-2026&amp;utm_content=kategorie\" target=\"_blank\" rel=\"nofollow noopener sponsored\"><br \/>\n      <span class=\"lk-zazitek-badge\">\u2b50 Wszystko<\/span><\/p>\n<div class=\"lk-zazitek-name\">Wszystkie atrakcje w Pradze<\/div>\n<div class=\"lk-zazitek-desc\">Setki praskich atrakcji w jednym miejscu \u2013 od rejs\u00f3w i lot\u00f3w po gastronomi\u0119 i wellness.<\/div>\n<p>      <span class=\"lk-zazitek-cta\"><br \/>\n        Przegl\u0105daj atrakcje<br \/>\n        <svg width=\"12\" height=\"12\" viewBox=\"0 0 24 24\" fill=\"none\" stroke=\"currentColor\" stroke-width=\"2.5\"><polyline points=\"9 18 15 12 9 6\"\/><\/svg><br \/>\n      <\/span><br \/>\n    <\/a><\/p><\/div>\n<div class=\"lk-zazitky-footer\">\n    <span class=\"lk-zazitky-discount\"><br \/>\n      \u2b50 Zni\u017cka 5 % z kodem<br \/>\n      <span class=\"lk-zazitky-discount-code\">LOUDAVYMKROKEM5<\/span><br \/>\n    <\/span>\n  <\/div>\n<\/div>\n<h2 class=\"wp-block-heading\"><span class=\"ez-toc-section\" id=\"Sakralne_perelki_i_centra_duchowe\"><\/span><span class=\"ez-toc-section\" id=\"Sakralne_perelki_i_centra_duchowe\"><\/span>Sakralne pere\u0142ki i centra duchowe<span class=\"ez-toc-section-end\"><\/span><span class=\"ez-toc-section-end\"><\/span><\/h2>\n<p>Ko\u015bcio\u0142y w Pradze to nie tylko miejsca dla wierz\u0105cych. To galerie sztuki epoki, pokazy mistrzowskiej in\u017cynierii i cz\u0119sto przestrzenie z niesamowit\u0105 akustyk\u0105. Je\u015bli interesuje was g\u0142\u0119bszy kontekst, koniecznie zajrzyjcie do naszego przegl\u0105du <a href=\"https:\/\/loudavymkrokem.cz\/prazske-kostely-a-synagogy\/\">Praskie ko\u015bcio\u0142y i synagogi<\/a>.<\/p>\n<h3 class=\"wp-block-heading\"><span class=\"ez-toc-section\" id=\"Kosciol_Matki_Bozej_przed_Tynem\"><\/span><span class=\"ez-toc-section\" id=\"Kosciol_Matki_Bozej_przed_Tynem\"><\/span>Ko\u015bci\u00f3\u0142 Matki Bo\u017cej przed T\u00fdnem<span class=\"ez-toc-section-end\"><\/span><span class=\"ez-toc-section-end\"><\/span><\/h3>\n<p>Ko\u015bci\u00f3\u0142 Matki Bo\u017cej przed T\u00fdnem, z ikonicznymi asymetrycznymi wie\u017cami, dominuje nad Rynkiem Staromiejskim tu\u017c obok ratusza. To fascynuj\u0105ca budowla gotycka, kt\u00f3rej wn\u0119trze przesz\u0142o p\u00f3\u017aniej przebudow\u0119 barokow\u0105. W \u015brodku znajduje si\u0119 gr\u00f3b du\u0144skiego astronoma Tycho Brahego.<\/p>\n<p>Cho\u0107 ko\u015bci\u00f3\u0142 jest ogromny, znalezienie wej\u015bcia bywa dla wielu ludzi nie lada wyzwaniem \u2013 jest schowane za arkadami kamienic na rynku. Wst\u0119p jest dobrowolny (zalecana darowizna 2 \u20ac), a ko\u015bci\u00f3\u0142 czynny jest zwykle od wtorku do niedzieli, z przerw\u0105 w porze obiadowej. <strong>\ud83d\udca1 Tip od lokalnej:<\/strong> Zwr\u00f3\u0107cie uwag\u0119, \u017ce prawa wie\u017ca (zwana Adam) jest nieco szersza i masywniejsza od lewej (Ewa). Celowa asymetria by\u0142a w gotyku powszechna i symbolizowa\u0142a zasad\u0119 m\u0119sk\u0105 i \u017ce\u0144sk\u0105.<\/p>\n<h3 class=\"wp-block-heading\"><span class=\"ez-toc-section\" id=\"Kosciol_sw_Mikolaja_na_Malej_Stranie\"><\/span><span class=\"ez-toc-section\" id=\"Kosciol_sw_Mikolaja_na_Malej_Stranie\"><\/span>Ko\u015bci\u00f3\u0142 \u015bw. Miko\u0142aja na Malej Stranie<span class=\"ez-toc-section-end\"><\/span><span class=\"ez-toc-section-end\"><\/span><\/h3>\n<p>Dzie\u0142o ojca i syna Dientzenhofer\u00f3w to absolutny szczyt praskiego baroku i szczerze m\u00f3wi\u0105c \u2013 ta ogromna kopu\u0142a z freskami hipnotyzuje mnie do dzi\u015b. Zawsze si\u0119 zatrzymuj\u0119 i po prostu patrz\u0119 w g\u00f3r\u0119, nawet gdy jestem tu po raz setny. Co wi\u0119cej, na tutejszych organach grywa\u0142 sam Mozart, co przenosi to miejsce na zupe\u0142nie inny poziom. \ud83d\ude01<\/p>\n<p>Wn\u0119trze jest pi\u0119knie do\u015bwietlone, a ka\u017cdy element dekoracji ma tu swoje wyra\u017ane miejsce. Bilet wst\u0119pu kosztuje <strong>5 \u20ac<\/strong>, a ko\u015bci\u00f3\u0142 czynny jest codziennie od 9:00 do 17:00. Tramwaje zatrzymuj\u0105 si\u0119 tu\u017c przed ko\u015bcio\u0142em na przystanku Malostransk\u00e9 n\u00e1m\u011bst\u00ed \u2013 ogromna zaleta, je\u015bli macie ju\u017c zm\u0119czone nogi. <strong>\ud83d\udca1 Tip od lokalnej:<\/strong> Za dodatkowy bilet mo\u017cecie wej\u015b\u0107 na przylegaj\u0105c\u0105 dzwonnic\u0119. Za czas\u00f3w komunistycznego re\u017cimu s\u0142u\u017cy\u0142a jako punkt obserwacyjny tajnych s\u0142u\u017cb, z kt\u00f3rego monitorowano zachodnie ambasady w okolicy.<\/p>\n<figure class=\"wp-block-image size-full\"><img loading=\"lazy\" decoding=\"async\" width=\"1200\" height=\"800\" src=\"https:\/\/loudavymkrokem.cz\/wp-content\/uploads\/2023\/07\/prazsky-hrad-4173.jpg\" alt=\"Widok na Prag\u0119 z Pet\u0159\u00edna\" class=\"wp-image-151121\" title=\"\" srcset=\"https:\/\/loudavymkrokem.cz\/wp-content\/uploads\/2023\/07\/prazsky-hrad-4173.jpg 1200w, https:\/\/loudavymkrokem.cz\/wp-content\/uploads\/2023\/07\/prazsky-hrad-4173-300x200.jpg 300w, https:\/\/loudavymkrokem.cz\/wp-content\/uploads\/2023\/07\/prazsky-hrad-4173-700x467.jpg 700w, https:\/\/loudavymkrokem.cz\/wp-content\/uploads\/2023\/07\/prazsky-hrad-4173-768x512.jpg 768w, https:\/\/loudavymkrokem.cz\/wp-content\/uploads\/2023\/07\/prazsky-hrad-4173-696x464.jpg 696w\" sizes=\"auto, (max-width: 1200px) 100vw, 1200px\"><figcaption class=\"wp-element-caption\">Pet\u0159\u00edn<\/figcaption><\/figure>\n<h3 class=\"wp-block-heading\"><span class=\"ez-toc-section\" id=\"Loreta\"><\/span><span class=\"ez-toc-section\" id=\"Loreta\"><\/span>Loreta<span class=\"ez-toc-section-end\"><\/span><span class=\"ez-toc-section-end\"><\/span><\/h3>\n<p>Loreta na Hradczanach to miejsce pielgrzymkowe z unikaln\u0105 atmosfer\u0105, nad kt\u00f3rym dominuje s\u0142ynny carillon. Co godzin\u0119 dziedziniec wype\u0142nia melodia pie\u015bni maryjnej, kt\u00f3r\u0105 gra 27 dzwon\u00f3w z ko\u0144ca XVII wieku. Kompleks obejmuje kopi\u0119 \u015awi\u0119tego Domku, barokowy ko\u015bci\u00f3\u0142 Narodzenia Pa\u0144skiego i skarbiec, w kt\u00f3rym wystawiona jest Praskie S\u0142o\u0144ce \u2013 monstrancja wysadzana ponad sze\u015bcioma tysi\u0105cami diament\u00f3w.<\/p>\n<p>Prze\u017cyciem jest ju\u017c sam spacer po malowniczej okolicy. Bilet normalny kosztuje <strong>9 \u20ac<\/strong>, czynne codziennie opr\u00f3cz poniedzia\u0142ku od 10:00 do 17:00. Wi\u0119cej o okolicy piszemy w artykule <a href=\"https:\/\/loudavymkrokem.cz\/strahov-loreta-hradcany\/\">Strahov i Loreta<\/a>. <strong>\ud83d\udca1 Tip od lokalnej:<\/strong> Skarbiec bywa latem przyjemnie ch\u0142odny. Na dziedzi\u0144cu przejd\u017acie si\u0119 kru\u017cgankami z freskami, kt\u00f3re opowiadaj\u0105 do\u015b\u0107 brutalne historie m\u0119czennik\u00f3w \u2013 ciekawy kontrast do sk\u0105din\u0105d spokojnego miejsca.<\/p>\n<figure class=\"wp-block-image size-full\"><img loading=\"lazy\" decoding=\"async\" width=\"2000\" height=\"1500\" src=\"https:\/\/loudavymkrokem.cz\/wp-content\/uploads\/2023\/07\/prazska-loreta-praha.jpg\" alt=\"Loreta w Pradze \u2013 barokowy zabytek i miejsce pielgrzymkowe\" class=\"wp-image-62983\" title=\"\" srcset=\"https:\/\/loudavymkrokem.cz\/wp-content\/uploads\/2023\/07\/prazska-loreta-praha.jpg 2000w, https:\/\/loudavymkrokem.cz\/wp-content\/uploads\/2023\/07\/prazska-loreta-praha-300x225.jpg 300w, https:\/\/loudavymkrokem.cz\/wp-content\/uploads\/2023\/07\/prazska-loreta-praha-700x525.jpg 700w, https:\/\/loudavymkrokem.cz\/wp-content\/uploads\/2023\/07\/prazska-loreta-praha-768x576.jpg 768w, https:\/\/loudavymkrokem.cz\/wp-content\/uploads\/2023\/07\/prazska-loreta-praha-1536x1152.jpg 1536w, https:\/\/loudavymkrokem.cz\/wp-content\/uploads\/2023\/07\/prazska-loreta-praha-696x522.jpg 696w, https:\/\/loudavymkrokem.cz\/wp-content\/uploads\/2023\/07\/prazska-loreta-praha-1392x1044.jpg 1392w, https:\/\/loudavymkrokem.cz\/wp-content\/uploads\/2023\/07\/prazska-loreta-praha-1920x1440.jpg 1920w\" sizes=\"auto, (max-width: 2000px) 100vw, 2000px\"><figcaption class=\"wp-element-caption\">Loreta w Pradze \u2013 niezwyk\u0142y barokowy zabytek i miejsce pielgrzymkowe z fascynuj\u0105c\u0105 histori\u0105.<\/figcaption><\/figure>\n<h3 class=\"wp-block-heading\"><span class=\"ez-toc-section\" id=\"Klasztor_na_Strahowie\"><\/span><span class=\"ez-toc-section\" id=\"Klasztor_na_Strahowie\"><\/span>Klasztor na Strahowie<span class=\"ez-toc-section-end\"><\/span><span class=\"ez-toc-section-end\"><\/span><\/h3>\n<p>Zaledwie kilka krok\u00f3w od Lorety znajduje si\u0119 klasztor premonstratens\u00f3w na Strahowie. Jego najwi\u0119ksz\u0105 atrakcj\u0105 jest zachwycaj\u0105ca biblioteka podzielona na Sal\u0119 Filozoficzn\u0105 i Sal\u0119 Teologiczn\u0105. Drewniane rze\u017abione rega\u0142y, stare globusy i freski sufitowe wygl\u0105daj\u0105, jakby wyj\u0119to je prosto z film\u00f3w o Harrym Potterze.<\/p>\n<p>Gdy stoicie tu w wieczornej ciszy, czujecie prawdziw\u0105 historyczn\u0105 atmosfer\u0119. Bilet do biblioteki kosztuje <strong>6 \u20ac<\/strong>, czynne codziennie od 9:00 do 17:00 (z przerw\u0105 obiadow\u0105). Na g\u00f3r\u0119 dojedziecie tramwajem nr 22 do przystanku Poho\u0159elec. <strong>\ud83d\udca1 Tip od lokalnej:<\/strong> Mnisi warz\u0105 tu piwo od stuleci. Browar klasztorny Strahov tu\u017c obok dziedzi\u0144ca oferuje doskona\u0142y p\u00f3\u0142ciemny specja\u0142 \u015bw. Norbert. Maj\u0105 te\u017c \u015bwietne opcje wegetaria\u0144skie do jedzenia, wi\u0119c ch\u0119tnie tu wracam.<\/p>\n<figure class=\"wp-block-image size-full\"><img decoding=\"async\" src=\"https:\/\/loudavymkrokem.cz\/wp-content\/uploads\/2023\/07\/strahovsky-klaster-praha.jpg\" alt=\"Klasztor na Strahowie w Pradze \u2013 widok z czerwonymi dachami i parkami\" class=\"wp-image-73455\" title=\"\"><figcaption class=\"wp-element-caption\">Widok na Klasztor Strahowski w Pradze \u2013 czerwone dachy i parki<\/figcaption><\/figure>\n<h2 class=\"wp-block-heading\"><span class=\"ez-toc-section\" id=\"Dzielnica_zydowska_Josefov\"><\/span><span class=\"ez-toc-section\" id=\"Dzielnica_zydowska_Josefov\"><\/span>Dzielnica \u017cydowska: Josefov<span class=\"ez-toc-section-end\"><\/span><span class=\"ez-toc-section-end\"><\/span><\/h2>\n<p>Josefov to jedna z tych dzielnic, w kt\u00f3rych za ka\u017cd\u0105 wizyt\u0105 zapiera mi dech \u2013 nie z powodu architektury, lecz z powodu tego, co si\u0119 tu wydarzy\u0142o. Wi\u0119kszo\u015b\u0107 pierwotnego getta zburzono na prze\u0142omie XIX i XX wieku podczas wielkiej renowacji urbanistycznej, ale najcenniejsze zabytki zachowano. Polecam kupi\u0107 wsp\u00f3lny bilet Muzeum \u017bydowskiego. Szerszy kontekst znajdziecie w przewodniku <a href=\"https:\/\/loudavymkrokem.cz\/josefov-zidovska-ctvrt-praha\/\">Josefov i dzielnica \u017cydowska<\/a>.<\/p>\n<h3 class=\"wp-block-heading\"><span class=\"ez-toc-section\" id=\"Synagoga_Staronowa\"><\/span><span class=\"ez-toc-section\" id=\"Synagoga_Staronowa\"><\/span>Synagoga Staronowa<span class=\"ez-toc-section-end\"><\/span><span class=\"ez-toc-section-end\"><\/span><\/h3>\n<p>Jedna z najstarszych czynnych synagog w Europie pochodzi z XIII wieku. W odr\u00f3\u017cnieniu od wielu innych praskich budowli zachowa\u0142a sw\u00f3j pierwotny wczesnogotycki charakter. Oplot\u0142y j\u0105 legendy \u2013 najs\u0142ynniejsz\u0105 jest historia o Golemie, kt\u00f3rego rabin L\u00f6w mia\u0142 podobno z\u0142o\u017cy\u0107 na strychu synagogi.<\/p>\n<p>Wn\u0119trze jest ciemniejsze, surowe i g\u0142\u0119boko poruszaj\u0105ce. Bilet kupuje si\u0119 osobno za <strong>11 \u20ac<\/strong> albo w ramach rozszerzonej trasy. Czynne codziennie z wyj\u0105tkiem szabat\u00f3w i \u017cydowskich \u015bwi\u0105t. <strong>\ud83d\udca1 Tip od lokalnej:<\/strong> Zwr\u00f3\u0107cie uwag\u0119 na drobne okienka w murach. W przesz\u0142o\u015bci kobiety \u015bledzi\u0142y przez nie nabo\u017ce\u0144stwo \u2013 wst\u0119p do g\u0142\u00f3wnej sali by\u0142 im zabroniony i siedzia\u0142y w bocznych przybud\u00f3wkach.<\/p>\n<figure class=\"wp-block-image size-full\"><img loading=\"lazy\" decoding=\"async\" width=\"1200\" height=\"800\" src=\"https:\/\/loudavymkrokem.cz\/wp-content\/uploads\/2026\/04\/josefov-4070.jpg\" alt=\"Dzielnica \u017cydowska w Pradze \u2013 Josefov\" class=\"wp-image-151145\" title=\"\" srcset=\"https:\/\/loudavymkrokem.cz\/wp-content\/uploads\/2026\/04\/josefov-4070.jpg 1200w, https:\/\/loudavymkrokem.cz\/wp-content\/uploads\/2026\/04\/josefov-4070-300x200.jpg 300w, https:\/\/loudavymkrokem.cz\/wp-content\/uploads\/2026\/04\/josefov-4070-700x467.jpg 700w, https:\/\/loudavymkrokem.cz\/wp-content\/uploads\/2026\/04\/josefov-4070-768x512.jpg 768w, https:\/\/loudavymkrokem.cz\/wp-content\/uploads\/2026\/04\/josefov-4070-696x464.jpg 696w\" sizes=\"auto, (max-width: 1200px) 100vw, 1200px\"><figcaption class=\"wp-element-caption\">Dzielnica \u017cydowska w Pradze<\/figcaption><\/figure>\n<h3 class=\"wp-block-heading\"><span class=\"ez-toc-section\" id=\"Stary_cmentarz_zydowski\"><\/span><span class=\"ez-toc-section\" id=\"Stary_cmentarz_zydowski\"><\/span>Stary cmentarz \u017cydowski<span class=\"ez-toc-section-end\"><\/span><span class=\"ez-toc-section-end\"><\/span><\/h3>\n<p>Spacer po tym cmentarzu to jedno z najsilniejszych prze\u017cy\u0107. Ze wzgl\u0119du na brak miejsca chowano tu przez wieki zmar\u0142ych w kilku warstwach jedni nad drugimi \u2013 podobno gdzieniegdzie nawet w dwunastu. Efektem jest fascynuj\u0105ce zbiorowisko ponad dwunastu tysi\u0119cy pochylonych kamiennych nagrobk\u00f3w poro\u015bni\u0119tych bluszczem.<\/p>\n<p>Znajdziecie tu te\u017c gr\u00f3b rabina L\u00f6wa, do kt\u00f3rego ludzie do dzi\u015b wk\u0142adaj\u0105 karteczki ze swoimi \u017cyczeniami. Wst\u0119p jest cz\u0119\u015bci\u0105 trasy <a href=\"https:\/\/www.jewishmuseum.cz\" rel=\"nofollow noopener\" target=\"_blank\">Muzeum \u017bydowskiego<\/a> (bilet <strong>22 \u20ac<\/strong>). Ponownie warto kupi\u0107 bilety i ewentualnie zwiedzanie z g\u00f3ry, na przyk\u0142ad <a href=\"https:\/\/www.getyourguide.com\/prague-l10\/?partner_id=MKZ64IS\" rel=\"nofollow noopener\" target=\"_blank\">rezerwacj\u0105 przez GetYourGuide<\/a>. <strong>\ud83d\udca1 Tip od lokalnej:<\/strong> Wej\u015bcie na cmentarz prowadzi przez Synagog\u0119 Pinkasa, kt\u00f3ra s\u0142u\u017cy jako pomnik ofiar Holokaustu. \u015aciany zapisane imionami ofiar wymuszaj\u0105 absolutn\u0105 cisz\u0119 jeszcze przed samym wej\u015bciem mi\u0119dzy nagrobki.<\/p>\n<figure class=\"wp-block-image size-full\"><img loading=\"lazy\" decoding=\"async\" width=\"1200\" height=\"800\" src=\"https:\/\/loudavymkrokem.cz\/wp-content\/uploads\/2026\/04\/josefov-4058.jpg\" alt=\"Synagoga Hiszpa\u0144ska w Pradze\" class=\"wp-image-151139\" title=\"\" srcset=\"https:\/\/loudavymkrokem.cz\/wp-content\/uploads\/2026\/04\/josefov-4058.jpg 1200w, https:\/\/loudavymkrokem.cz\/wp-content\/uploads\/2026\/04\/josefov-4058-300x200.jpg 300w, https:\/\/loudavymkrokem.cz\/wp-content\/uploads\/2026\/04\/josefov-4058-700x467.jpg 700w, https:\/\/loudavymkrokem.cz\/wp-content\/uploads\/2026\/04\/josefov-4058-768x512.jpg 768w, https:\/\/loudavymkrokem.cz\/wp-content\/uploads\/2026\/04\/josefov-4058-696x464.jpg 696w\" sizes=\"auto, (max-width: 1200px) 100vw, 1200px\"><figcaption class=\"wp-element-caption\">Synagoga Hiszpa\u0144ska w Pradze<\/figcaption><\/figure>\n<h3 class=\"wp-block-heading\"><span class=\"ez-toc-section\" id=\"Synagoga_Hiszpanska\"><\/span><span class=\"ez-toc-section\" id=\"Synagoga_Hiszpanska\"><\/span>Synagoga Hiszpa\u0144ska<span class=\"ez-toc-section-end\"><\/span><span class=\"ez-toc-section-end\"><\/span><\/h3>\n<p>Je\u015bli Synagoga Staronowa to wzorzec surowego gotyku, Synagoga Hiszpa\u0144ska jest jej dok\u0142adnym przeciwie\u0144stwem. Zbudowana w stylu maureta\u0144skim w XIX wieku, wewn\u0105trz b\u0142yszczy z\u0142otem, skomplikowanymi wzorami geometrycznymi i witra\u017cami.<\/p>\n<p>Przypomina raczej pa\u0142ace andaluzyjskiej Alhambry ni\u017c \u015brodkowoeuropejski dom modlitwy. R\u00f3wnie\u017c ona nale\u017cy do trasy Muzeum \u017bydowskiego i po niedawnej rekonstrukcji wygl\u0105da absolutnie osza\u0142amiaj\u0105co. Osobi\u015bcie polecam t\u0119 wizyt\u0119 ka\u017cdemu, kto kocha detale i bogato zdobion\u0105 architektur\u0119. <strong>\ud83d\udca1 Tip od lokalnej:<\/strong> Wieczorem w synagodze cz\u0119sto odbywaj\u0105 si\u0119 koncerty muzyki klasycznej. Akustyka jest tu doskona\u0142a, a pod\u015bwietlone z\u0142ote wn\u0119trze przenosi doznanie muzyczne na wy\u017cszy poziom.<\/p>\n<h2 class=\"wp-block-heading\"><span class=\"ez-toc-section\" id=\"Nowoczesne_dominanty_i_kontrowersyjne_budowle\"><\/span><span class=\"ez-toc-section\" id=\"Nowoczesne_dominanty_i_kontrowersyjne_budowle\"><\/span>Nowoczesne dominanty i kontrowersyjne budowle<span class=\"ez-toc-section-end\"><\/span><span class=\"ez-toc-section-end\"><\/span><\/h2>\n<p>Nie tylko wie\u017ce i barok czyni\u0105 to miasto tym, czym jest. Nowoczesna architektura powstawa\u0142a tu cz\u0119sto w burzliwych dyskusjach i z czasem sta\u0142a si\u0119 nieod\u0142\u0105czn\u0105 cz\u0119\u015bci\u0105 miejskiej przestrzeni.<\/p>\n<h3 class=\"wp-block-heading\"><span class=\"ez-toc-section\" id=\"Tanczacy_Dom\"><\/span><span class=\"ez-toc-section\" id=\"Tanczacy_Dom\"><\/span>Ta\u0144cz\u0105cy Dom<span class=\"ez-toc-section-end\"><\/span><span class=\"ez-toc-section-end\"><\/span><\/h3>\n<p>Dzie\u0142o Franka Gehry&#8217;ego i Vlada Milunicia z po\u0142owy lat 90. dzieli\u0142o spo\u0142ecze\u0144stwo na dwa obozy. Dzi\u015b nabrze\u017ca przy mo\u015bcie Jir\u00e1skova bez tej dekonstruktywistycznej budowli, inspirowanej taneczn\u0105 par\u0105 Freda Astaire&#8217;a i Ginger Rogers, nie spos\u00f3b sobie wyobrazi\u0107.<\/p>\n<p>Wewn\u0105trz mieszcz\u0105 si\u0119 biura, galeria i na najwy\u017cszym pi\u0119trze restauracja z widokiem. Szczeg\u00f3\u0142owo opisuj\u0119 budynek w artykule <a href=\"https:\/\/loudavymkrokem.cz\/tancici-dum-moderni-praha\/\">Ta\u0144cz\u0105cy Dom<\/a>. <strong>\ud83d\udca1 Tip od lokalnej:<\/strong> Nie kupujcie przep\u0142aconego biletu na taras widokowy. Wjed\u017acie wind\u0105 do Glass Baru na ostatnim pi\u0119trze, zam\u00f3wcie kaw\u0119 lub drinka, a widok macie w cenie napoju.<\/p>\n<figure class=\"wp-block-image size-full\"><img loading=\"lazy\" decoding=\"async\" width=\"2000\" height=\"1333\" src=\"https:\/\/loudavymkrokem.cz\/wp-content\/uploads\/2023\/07\/tancici-dum-praha.jpg\" alt=\"Ta\u0144cz\u0105cy Dom \u2013 luksusowy hotel w Pradze\" class=\"wp-image-63066\" title=\"\" srcset=\"https:\/\/loudavymkrokem.cz\/wp-content\/uploads\/2023\/07\/tancici-dum-praha.jpg 2000w, https:\/\/loudavymkrokem.cz\/wp-content\/uploads\/2023\/07\/tancici-dum-praha-300x200.jpg 300w, https:\/\/loudavymkrokem.cz\/wp-content\/uploads\/2023\/07\/tancici-dum-praha-700x467.jpg 700w, https:\/\/loudavymkrokem.cz\/wp-content\/uploads\/2023\/07\/tancici-dum-praha-768x512.jpg 768w, https:\/\/loudavymkrokem.cz\/wp-content\/uploads\/2023\/07\/tancici-dum-praha-1536x1024.jpg 1536w, https:\/\/loudavymkrokem.cz\/wp-content\/uploads\/2023\/07\/tancici-dum-praha-696x464.jpg 696w, https:\/\/loudavymkrokem.cz\/wp-content\/uploads\/2023\/07\/tancici-dum-praha-1392x928.jpg 1392w, https:\/\/loudavymkrokem.cz\/wp-content\/uploads\/2023\/07\/tancici-dum-praha-1920x1280.jpg 1920w\" sizes=\"auto, (max-width: 2000px) 100vw, 2000px\"><figcaption class=\"wp-element-caption\"><a class=\"thirstylink\" rel=\"nofollow\" target=\"_blank\" title=\"Tan\u010d\u00edc\u00ed d\u016fm\" href=\"https:\/\/loudavymkrokem.cz\/doporucujeme\/tancici-dum\/\" data-shortcode=\"true\">Ta\u0144cz\u0105cy Dom<\/a> \u2013 hotel w Pradze<\/figcaption><\/figure>\n<h3 class=\"wp-block-heading\"><span class=\"ez-toc-section\" id=\"Wieza_telewizyjna_na_Zizkowie\"><\/span><span class=\"ez-toc-section\" id=\"Wieza_telewizyjna_na_Zizkowie\"><\/span>Wie\u017ca telewizyjna na \u017di\u017ekowie<span class=\"ez-toc-section-end\"><\/span><span class=\"ez-toc-section-end\"><\/span><\/h3>\n<p>Najwy\u017csza budowla w mie\u015bcie (216 metr\u00f3w) budzi emocje do dzi\u015b. Futurystyczny nadajnik z kabinami widokowymi wygl\u0105da po\u015br\u00f3d starych \u017ci\u017ekowskich kamienic jak statek kosmiczny. Z daleka wida\u0107 wspinaj\u0105ce si\u0119 po nim gigantyczne czarne niemowlaki \u2013 laminatowe rze\u017aby Davida \u010cern\u00e9ho, kt\u00f3re wizualnie \u201eodci\u0105\u017cy\u0142y&#8221; wie\u017c\u0119.<\/p>\n<p>Punkt widokowy na wysoko\u015bci 93 metr\u00f3w oferuje bezkonkurencyjny widok 360\u00b0. Podstawowy bilet to <strong>12 \u20ac<\/strong>, czynne do p\u00f3\u0142nocy. Ta wysoko\u015b\u0107 naprawd\u0119 pozwala zrozumie\u0107, jak rozleg\u0142a i cudownie pag\u00f3rkowata jest czeska stolica. <strong>\ud83d\udca1 Tip od lokalnej:<\/strong> Tu\u017c pod wie\u017c\u0105 znajduj\u0105 si\u0119 Mahlerovy sady i \u015bwietna restauracja Miminoo z letnim ogr\u00f3dkiem. Dla dzieci jest tu plac zabaw, wi\u0119c z Jon\u00e1\u0161em sp\u0119dzamy tam ca\u0142kiem sporo czasu, podziwiaj\u0105c wie\u017c\u0119 od do\u0142u.<\/p>\n<h3 class=\"wp-block-heading\"><span class=\"ez-toc-section\" id=\"Obracajaca_sie_glowa_Franza_Kafki\"><\/span><span class=\"ez-toc-section\" id=\"Obracajaca_sie_glowa_Franza_Kafki\"><\/span>Obracaj\u0105ca si\u0119 g\u0142owa Franza Kafki<span class=\"ez-toc-section-end\"><\/span><span class=\"ez-toc-section-end\"><\/span><\/h3>\n<p>Kolejne dzie\u0142o Davida \u010cern\u00e9ho \u2013 tym razem umieszczone na ruchliwym placu przy centrum handlowym Quadrio, nad stacj\u0105 metra N\u00e1rodn\u00ed t\u0159\u00edda. Kinetyczna rze\u017aba wa\u017cy 39 ton i sk\u0142ada si\u0119 z 42 ruchomych warstw, kt\u00f3re w regularnych odst\u0119pach obracaj\u0105 si\u0119 i przekszta\u0142caj\u0105 twarz Kafki.<\/p>\n<p>To nowoczesny ho\u0142d dla s\u0142ynnego pisarza i fascynuj\u0105cy pokaz in\u017cynierii, kt\u00f3ry po prostu warto zobaczy\u0107 na \u017cywo. Ogl\u0105danie jest oczywi\u015bcie bezp\u0142atne. <strong>\ud83d\udca1 Tip od lokalnej:<\/strong> Rze\u017aba wprawia si\u0119 w ruch co godzin\u0119 na pi\u0119tna\u015bcie minut. Lepiej przyjd\u017acie wieczorem, gdy jest pod\u015bwietlona, a l\u015bni\u0105ca powierzchnia odbija okoliczne \u015bwiat\u0142a miasta.<\/p>\n<figure class=\"wp-block-image size-full\"><img decoding=\"async\" src=\"https:\/\/loudavymkrokem.cz\/wp-content\/uploads\/2023\/07\/hlava-franze-kafky.jpg\" alt=\"Obracaj\u0105ca si\u0119 g\u0142owa Franza Kafki w Pradze\" class=\"wp-image-73495\" title=\"\"><figcaption class=\"wp-element-caption\">Obracaj\u0105ca si\u0119 g\u0142owa Franza Kafki w Pradze<\/figcaption><\/figure>\n<h2 class=\"wp-block-heading\"><span class=\"ez-toc-section\" id=\"Ukryte_perelki_i_ucieczka_od_tlumow\"><\/span><span class=\"ez-toc-section\" id=\"Ukryte_perelki_i_ucieczka_od_tlumow\"><\/span>Ukryte pere\u0142ki i ucieczka od t\u0142um\u00f3w<span class=\"ez-toc-section-end\"><\/span><span class=\"ez-toc-section-end\"><\/span><\/h2>\n<p>Czasem po prostu trzeba wy\u0142\u0105czy\u0107 si\u0119 i gdzie\u015b schowa\u0107. Przez lata mieszkania w centrum i chodzenia do szko\u0142y zebra\u0142am list\u0119 miejsc, do kt\u00f3rych mo\u017cna uciec, gdy na Mo\u015bcie Karola nie da si\u0119 ruszy\u0107.<\/p>\n<h3 class=\"wp-block-heading\"><span class=\"ez-toc-section\" id=\"Ogrod_Vrtbowski\"><\/span><span class=\"ez-toc-section\" id=\"Ogrod_Vrtbowski\"><\/span>Ogr\u00f3d Vrtbowski<span class=\"ez-toc-section-end\"><\/span><span class=\"ez-toc-section-end\"><\/span><\/h3>\n<p>To absolutna pere\u0142ka. Niepozorne wej\u015bcie z ulicy Karmelitskiej prowadzi do jednego z najpi\u0119kniejszych barokowych ogrod\u00f3w tarasowych w Europie. Zosta\u0142 zbudowany na zboczu Pet\u0159\u00edna i oferuje przepi\u0119knie symetryczne rabaty, rze\u017aby Maty\u00e1\u0161a Bernarda Brauna oraz cudowny widok na ko\u015bci\u00f3\u0142 \u015bw. Miko\u0142aja.<\/p>\n<p>Za ka\u017cdym razem, gdy tu wchodz\u0119, czuj\u0119 si\u0119 jak w innym \u015bwiecie \u2013 daleko od ha\u0142asu samochod\u00f3w i t\u0142um\u00f3w turyst\u00f3w. Otwarty od kwietnia do pa\u017adziernika, bilet kosztuje <strong>5 \u20ac<\/strong>. <strong>\ud83d\udca1 Tip od lokalnej:<\/strong> Ogr\u00f3d jest ulubionym miejscem do sesji \u015blubnych. Najlepiej przyjd\u017acie w dzie\u0144 powszedni przed po\u0142udniem \u2013 w weekendy b\u0119dziecie musieli omija\u0107 panny m\u0142ode.<\/p>\n<figure class=\"wp-block-image size-full\"><img loading=\"lazy\" decoding=\"async\" width=\"2000\" height=\"1333\" src=\"https:\/\/loudavymkrokem.cz\/wp-content\/uploads\/2023\/07\/vrtbovske-zahrady-praha.jpg\" alt=\"Ogr\u00f3d Vrtbowski w Pradze\" class=\"wp-image-63063\" title=\"\" srcset=\"https:\/\/loudavymkrokem.cz\/wp-content\/uploads\/2023\/07\/vrtbovske-zahrady-praha.jpg 2000w, https:\/\/loudavymkrokem.cz\/wp-content\/uploads\/2023\/07\/vrtbovske-zahrady-praha-300x200.jpg 300w, https:\/\/loudavymkrokem.cz\/wp-content\/uploads\/2023\/07\/vrtbovske-zahrady-praha-700x467.jpg 700w, https:\/\/loudavymkrokem.cz\/wp-content\/uploads\/2023\/07\/vrtbovske-zahrady-praha-768x512.jpg 768w, https:\/\/loudavymkrokem.cz\/wp-content\/uploads\/2023\/07\/vrtbovske-zahrady-praha-1536x1024.jpg 1536w, https:\/\/loudavymkrokem.cz\/wp-content\/uploads\/2023\/07\/vrtbovske-zahrady-praha-696x464.jpg 696w, https:\/\/loudavymkrokem.cz\/wp-content\/uploads\/2023\/07\/vrtbovske-zahrady-praha-1392x928.jpg 1392w, https:\/\/loudavymkrokem.cz\/wp-content\/uploads\/2023\/07\/vrtbovske-zahrady-praha-1920x1280.jpg 1920w\" sizes=\"auto, (max-width: 2000px) 100vw, 2000px\"><figcaption class=\"wp-element-caption\">Ogr\u00f3d Vrtbowski<\/figcaption><\/figure>\n<h3 class=\"wp-block-heading\"><span class=\"ez-toc-section\" id=\"Novy_Svet\"><\/span><span class=\"ez-toc-section\" id=\"Nowy_Swiat\"><\/span>Nov\u00fd Sv\u011bt<span class=\"ez-toc-section-end\"><\/span><span class=\"ez-toc-section-end\"><\/span><\/h3>\n<p>Ma\u0142a dzielniczka schowana za Zamkiem Praskim wygl\u0105da jak z innego stulecia. Kr\u0119te uliczki, drobne domki, absolutna cisza. Kiedy\u015b mieszka\u0142a tu zamkowa biedota, a dzi\u015b jest to moim zdaniem najczystsza posta\u0107 dawnej Pragi \u2013 bez muze\u00f3w, bez witryn sklepowych, bez t\u0142um\u00f3w.<\/p>\n<p>W\u0142a\u015bciwie nie ma tu \u017cadnej oficjalnej atrakcji turystycznej i w\u0142a\u015bnie to jest w tym najpi\u0119kniejsze. Tylko spok\u00f3j, bruk i niesamowity czar. <strong>\ud83d\udca1 Tip od lokalnej:<\/strong> Wst\u0105pcie do ma\u0142ej kafejki Kav\u00e1rna Nov\u00fd Sv\u011bt. Maj\u0105 doskona\u0142\u0105 kaw\u0119 speciality i spokojny podw\u00f3rzec.<\/p>\n<figure class=\"wp-block-image size-full\"><img loading=\"lazy\" decoding=\"async\" width=\"2000\" height=\"1500\" src=\"https:\/\/loudavymkrokem.cz\/wp-content\/uploads\/2023\/07\/novy-svet-praha.jpg\" alt=\"Nov\u00fd Sv\u011bt w Pradze \u2013 zabytkowa dzielnica Hradczany\" class=\"wp-image-62982\" title=\"\" srcset=\"https:\/\/loudavymkrokem.cz\/wp-content\/uploads\/2023\/07\/novy-svet-praha.jpg 2000w, https:\/\/loudavymkrokem.cz\/wp-content\/uploads\/2023\/07\/novy-svet-praha-300x225.jpg 300w, https:\/\/loudavymkrokem.cz\/wp-content\/uploads\/2023\/07\/novy-svet-praha-700x525.jpg 700w, https:\/\/loudavymkrokem.cz\/wp-content\/uploads\/2023\/07\/novy-svet-praha-768x576.jpg 768w, https:\/\/loudavymkrokem.cz\/wp-content\/uploads\/2023\/07\/novy-svet-praha-1536x1152.jpg 1536w, https:\/\/loudavymkrokem.cz\/wp-content\/uploads\/2023\/07\/novy-svet-praha-696x522.jpg 696w, https:\/\/loudavymkrokem.cz\/wp-content\/uploads\/2023\/07\/novy-svet-praha-1392x1044.jpg 1392w, https:\/\/loudavymkrokem.cz\/wp-content\/uploads\/2023\/07\/novy-svet-praha-1920x1440.jpg 1920w\" sizes=\"auto, (max-width: 2000px) 100vw, 2000px\"><figcaption class=\"wp-element-caption\">W\u0105ska brukowana uliczka w Nov\u00fdm Sv\u011bt\u011b \u2013 zabytkowa dzielnica Hradczany w Pradze.<\/figcaption><\/figure>\n<h3 class=\"wp-block-heading\"><span class=\"ez-toc-section\" id=\"Klementinum_i_biblioteka_barokowa\"><\/span><span class=\"ez-toc-section\" id=\"Klementinum_i_biblioteka_barokowa\"><\/span>Klementinum i biblioteka barokowa<span class=\"ez-toc-section-end\"><\/span><span class=\"ez-toc-section-end\"><\/span><\/h3>\n<p>Rozleg\u0142y kompleks dawnego kolegium jezuickiego tu\u017c przy Mo\u015bcie Karola oferuje zwiedzanie Biblioteki Barokowej, Sali Meridianu i Wie\u017cy Astronomicznej. Biblioteka z historycznymi globusami zapiera dech i robi majestatyczne wra\u017cenie.<\/p>\n<p>Zwiedzanie odbywa si\u0119 wy\u0142\u0105cznie z przewodnikiem, a bilety za <strong>15 \u20ac<\/strong> cz\u0119sto s\u0105 wyprzedane. Kto kocha histori\u0119 nauki albo stare ksi\u0119gi, ten po prostu nie mo\u017ce sobie tej wizyty odpu\u015bci\u0107.<\/p>\n<div class=\"gyg-iframe-container\" style=\"margin-bottom:1.5em\" class=\"wp-block-cgb-block-gyg-wp-plugin\"><iframe style=\"border:0;height:100%;width:100%\" title=\"GetYourGuide activities widget\" src=\"https:\/\/widget.getyourguide.com\/default\/activities.frame?widget=wp_activities&amp;currency=CSK&amp;locale_code=en-GB&amp;number_of_items=3&amp;partner_id=MKZ64IS&amp;q=klementinum\"><\/iframe><\/div>\n<h3 class=\"wp-block-heading\"><span class=\"ez-toc-section\" id=\"Ogrod_Valdsztejnski\"><\/span><span class=\"ez-toc-section\" id=\"Ogrod_Valdsztejnski\"><\/span>Ogr\u00f3d Valdsztej\u0144ski<span class=\"ez-toc-section-end\"><\/span><span class=\"ez-toc-section-end\"><\/span><\/h3>\n<p>Siedziba Senatu Parlamentu Republiki Czeskiej kryje og\u00f3lnodost\u0119pny ogr\u00f3d pe\u0142en pawi, fontann i z ogromn\u0105 sztuczn\u0105 \u015bcian\u0105 stalaktytow\u0105 (grott\u0105), w kt\u00f3rej przy bli\u017cszym ogl\u0105daniu ukryte s\u0105 twarze potwor\u00f3w.<\/p>\n<p>To \u015bwietne miejsce na odpoczynek po zwiedzaniu Malej Strany. Ziele\u0144 i szum wody cudownie was od\u015bwie\u017c\u0105. Czynne od kwietnia do pa\u017adziernika, wst\u0119p bezp\u0142atny. <strong>\ud83d\udca1 Tip od lokalnej:<\/strong> Pawie w ogrodzie s\u0105 przyzwyczajone do ludzi, ale nie karmcie ich. Lepiej usi\u0105d\u017acie na \u0142awce z widokiem na Sala terren\u0119 i cieszcie si\u0119 spokojem.<\/p>\n<h2 class=\"wp-block-heading\"><span class=\"ez-toc-section\" id=\"Gdzie_zjesc\"><\/span><span class=\"ez-toc-section\" id=\"Gdzie_zjesc\"><\/span>Gdzie zje\u015b\u0107<span class=\"ez-toc-section-end\"><\/span><span class=\"ez-toc-section-end\"><\/span><\/h2>\n<p>Po ca\u0142odniowym w\u0142\u00f3czeniu si\u0119 po bruku na pewno zg\u0142odniejecie. Dok\u0142adnie tak jest za ka\u017cdym razem z nami, gdy z Luk\u00e1\u0161em przemierzymy ca\u0142e centrum. Na szcz\u0119\u015bcie jest tu mn\u00f3stwo lokali, gdzie nie chodzi tylko o przedro\u017cone piwo dla turyst\u00f3w, ale te\u017c o \u015bwietne jedzenie i przytuln\u0105 atmosfer\u0119, kt\u00f3rej szukamy.<\/p>\n<p>Jako wegetarianka mam do\u015b\u0107 wyrafinowany gust, je\u015bli chodzi o to, co uwa\u017cam za dobry obiad, wi\u0119c omijam klasyczne gospody z ci\u0119\u017ckimi sosami. Zobaczcie moje ulubione miejsca, do kt\u00f3rych ch\u0119tnie wracam.<\/p>\n<h3 class=\"wp-block-heading\"><span class=\"ez-toc-section\" id=\"Eska_w_Karlinie_i_przytulne_bistra\"><\/span><span class=\"ez-toc-section\" id=\"Eska_w_Karlinie_i_przytulne_bistra\"><\/span>Eska w Karl\u00ednie i przytulne bistra<span class=\"ez-toc-section-end\"><\/span><span class=\"ez-toc-section-end\"><\/span><\/h3>\n<p>Kiedy musimy zmieni\u0107 powietrze i uciec z przeludnionego centrum, ch\u0119tnie z rodzin\u0105 wsiadamy w tramwaj i przeje\u017cd\u017camy do Karl\u00edna. Tu kr\u00f3luje lokal o nazwie Eska, \u0142\u0105cz\u0105cy fantastyczn\u0105 piekarni\u0119 z nowoczesn\u0105 czesk\u0105 gastronomi\u0105. Dania przygotowuj\u0105 z lokalnych produkt\u00f3w, a ich bu\u0142eczki i chleb z pieca s\u0105 po prostu s\u0142ynne. To dok\u0142adnie ten typ bistra, w kt\u00f3rym czujecie si\u0119 przytulnie i swobodnie.<\/p>\n<p>Je\u015bli chcecie czego\u015b bardziej luksusowego, spr\u00f3bujcie restauracji w The <a class=\"thirstylink\" rel=\"nofollow\" target=\"_blank\" title=\"The Julius Hotel\" href=\"https:\/\/loudavymkrokem.cz\/doporucujeme\/the-julius-hotel\/\" data-shortcode=\"true\">Julius Hotel<\/a>, gdzie maj\u0105 te\u017c ofert\u0119 wegetaria\u0144sk\u0105. Nie bywa tam t\u0142oczno i jest tu\u017c obok Placu Republiki.<\/p>\n<figure class=\"wp-block-image size-full\"><img loading=\"lazy\" decoding=\"async\" width=\"2048\" height=\"1366\" src=\"https:\/\/loudavymkrokem.cz\/wp-content\/uploads\/2026\/04\/julius-hotel-praha-4281-scaled.jpg\" alt=\"The Julius Hotel recenzja \u2013 najlepszy hotel w Pradze\" class=\"wp-image-151070\" title=\"\" srcset=\"https:\/\/loudavymkrokem.cz\/wp-content\/uploads\/2026\/04\/julius-hotel-praha-4281-scaled.jpg 2048w, https:\/\/loudavymkrokem.cz\/wp-content\/uploads\/2026\/04\/julius-hotel-praha-4281-300x200.jpg 300w, https:\/\/loudavymkrokem.cz\/wp-content\/uploads\/2026\/04\/julius-hotel-praha-4281-700x467.jpg 700w, https:\/\/loudavymkrokem.cz\/wp-content\/uploads\/2026\/04\/julius-hotel-praha-4281-768x512.jpg 768w, https:\/\/loudavymkrokem.cz\/wp-content\/uploads\/2026\/04\/julius-hotel-praha-4281-1536x1024.jpg 1536w, https:\/\/loudavymkrokem.cz\/wp-content\/uploads\/2026\/04\/julius-hotel-praha-4281-696x464.jpg 696w, https:\/\/loudavymkrokem.cz\/wp-content\/uploads\/2026\/04\/julius-hotel-praha-4281-1392x928.jpg 1392w, https:\/\/loudavymkrokem.cz\/wp-content\/uploads\/2026\/04\/julius-hotel-praha-4281-1920x1280.jpg 1920w\" sizes=\"auto, (max-width: 2048px) 100vw, 2048px\"><\/figure>\n<p>Kolejnym moim ulubionym tipem jest Maitrea niedaleko Rynku Staromiejskiego. To fantastyczna restauracja wegetaria\u0144ska schowana w bocznej uliczce, z przepi\u0119knym wn\u0119trzem pe\u0142nym drewna i koj\u0105cej energii. Oferuje bezmi\u0119sne wersje tradycyjnych da\u0144 oraz fuzj\u0119 azjatyck\u0105, co uratowa\u0142o mnie ju\u017c nieraz po wyczerpuj\u0105cym spacerze historycznymi zau\u0142kami.<\/p>\n<h2 class=\"wp-block-heading\"><span class=\"ez-toc-section\" id=\"Praktyczne_informacje\"><\/span><span class=\"ez-toc-section\" id=\"Praktyczne_informacje\"><\/span>Praktyczne informacje<span class=\"ez-toc-section-end\"><\/span><span class=\"ez-toc-section-end\"><\/span><\/h2>\n<p>Praga to na szcz\u0119\u015bcie kompaktowe miasto, a komunikacja miejska dzia\u0142a tu doskonale \u2013 samochodu naprawd\u0119 nie potrzebujecie. Z Warszawy, Katowic czy Wroc\u0142awia dojedziecie wygodnie poci\u0105giem lub autobusem (np. <a class=\"thirstylink\" rel=\"nofollow\" target=\"_blank\" title=\"Flixbus\" href=\"https:\/\/loudavymkrokem.cz\/pl\/doporucujeme\/flixbus\/\" data-shortcode=\"true\">FlixBus<\/a>), a z Krakowa czy Katowic podr\u00f3\u017c trwa zaledwie kilka godzin. Tanie loty oferuje m.in. Wizz Air i Ryanair do pobliskich lotnisk. My z Jon\u00e1\u0161em w w\u00f3zku przeszli\u015bmy wi\u0119kszo\u015b\u0107 centrum pieszo, a tramwajem doje\u017cd\u017cali\u015bmy tam, gdzie nas pag\u00f3rki przesta\u0142y bawi\u0107. \ud83d\ude05 Podstawowy bilet na 30 minut kosztuje <strong>1,20 \u20ac<\/strong>, na 90 minut <strong>1,60 \u20ac<\/strong>, a bilet 24-godzinny wychodzi <strong>6 \u20ac<\/strong>. Bilety kupicie w automatach, aplikacji PID L\u00edta\u010dka lub bezpo\u015brednio kart\u0105 zbli\u017ceniow\u0105 w pomara\u0144czowych terminalach w tramwajach i autobusach.<\/p>\n<p>Je\u015bli planujecie odwiedzi\u0107 wi\u0119cej p\u0142atnych obiekt\u00f3w (Orloj, Pet\u0159\u00edn, dzielnica \u017cydowska), policzcie, czy nie op\u0142aci wam si\u0119 Prague Visitor Pass. Dzia\u0142a jednocze\u015bnie jako bilet komunikacji i karta wst\u0119pu, a zaoszcz\u0119dzi wam czas w kolejkach.<\/p>\n<h2 class=\"wp-block-heading\"><span class=\"ez-toc-section\" id=\"Czesto_zadawane_pytania\"><\/span><span class=\"ez-toc-section\" id=\"Czesto_zadawane_pytania\"><\/span>Cz\u0119sto zadawane pytania<span class=\"ez-toc-section-end\"><\/span><span class=\"ez-toc-section-end\"><\/span><\/h2>\n<div id=\"rank-math-faq\" class=\"rank-math-block\">\n<div class=\"rank-math-list \">\n<div id=\"faq-question-1777052791328\" class=\"rank-math-list-item\">\n<h3 class=\"rank-math-question \"><span class=\"ez-toc-section\" id=\"Jakie_sa_najwazniejsze_zabytki_w_Pradze\"><\/span><span class=\"ez-toc-section\" id=\"Jakie_sa_najwazniejsze_zabytki_w_Pradze\"><\/span><strong style=\"white-space: normal\">Jakie s\u0105 najwa\u017cniejsze zabytki w Pradze?<\/strong><span class=\"ez-toc-section-end\"><\/span><span class=\"ez-toc-section-end\"><\/span><\/h3>\n<div class=\"rank-math-answer \">\n<p>Do absolutnych podstaw nale\u017c\u0105 Zamek Praski z Katedr\u0105 \u015bw. Wita, Most Karola, Rynek Staromiejski z Zegarem Astronomicznym oraz historyczna dzielnica Josefov. Te obiekty tworz\u0105 j\u0105dro zabytk\u00f3w chronionych przez UNESCO.<\/p>\n<\/div>\n<\/div>\n<div id=\"faq-question-1777052800946\" class=\"rank-math-list-item\">\n<h3 class=\"rank-math-question \"><span class=\"ez-toc-section\" id=\"Ile_czasu_potrzebuje_na_zwiedzanie_Pragi\"><\/span><span class=\"ez-toc-section\" id=\"Ile_czasu_potrzebuje_na_zwiedzanie_Pragi\"><\/span><strong>Ile czasu potrzebuj\u0119 na zwiedzanie Pragi?<\/strong><span class=\"ez-toc-section-end\"><\/span><span class=\"ez-toc-section-end\"><\/span><\/h3>\n<div class=\"rank-math-answer \">\n<p>Na podstawowe poznanie i odwiedzenie g\u0142\u00f3wnych punkt\u00f3w polecam co najmniej trzy dni. Je\u015bli chcecie poczu\u0107 te\u017c atmosfer\u0119 kawiarni, park\u00f3w i mniej oczywistych dzielnic jak Karl\u00edn czy Vinohrady, zarezerwujcie sobie cztery do pi\u0119ciu dni.<\/p>\n<\/div>\n<\/div>\n<div id=\"faq-question-1777052808243\" class=\"rank-math-list-item\">\n<h3 class=\"rank-math-question \"><span class=\"ez-toc-section\" id=\"Ktore_zabytki_w_Pradze_sa_bezplatne\"><\/span><span class=\"ez-toc-section\" id=\"Ktore_zabytki_w_Pradze_sa_bezplatne\"><\/span><strong>Kt\u00f3re zabytki w Pradze s\u0105 bezp\u0142atne?<\/strong><span class=\"ez-toc-section-end\"><\/span><span class=\"ez-toc-section-end\"><\/span><\/h3>\n<div class=\"rank-math-answer \">\n<p>Bezp\u0142atnie przejdziecie si\u0119 po Mo\u015bcie Karola, po terenie Zamku Praskiego (dziedzi\u0144ce i przednia cz\u0119\u015b\u0107 katedry), po Wyszehradzie, po Ogrodzie Valdsztej\u0144skim, a tak\u017ce mo\u017cecie podziwia\u0107 wsp\u00f3\u0142czesne rze\u017aby i instalacje w przestrzeni publicznej.<\/p>\n<\/div>\n<\/div>\n<div id=\"faq-question-1777052819784\" class=\"rank-math-list-item\">\n<h3 class=\"rank-math-question \"><span class=\"ez-toc-section\" id=\"Jak_dziala_komunikacja_miejska_w_Pradze\"><\/span><span class=\"ez-toc-section\" id=\"Jak_dziala_komunikacja_miejska_w_Pradze\"><\/span><strong>Jak dzia\u0142a komunikacja miejska w Pradze?<\/strong> <span class=\"ez-toc-section-end\"><\/span><span class=\"ez-toc-section-end\"><\/span><\/h3>\n<div class=\"rank-math-answer \">\n<p>Komunikacj\u0119 miejsk\u0105 tworz\u0105 metro, tramwaje i autobusy. Bilety s\u0105 przesiadkowe i obowi\u0105zuj\u0105 na czas (30 minut, 90 minut, 24 godziny). Kupicie je w aplikacji, automatach lub bezpo\u015brednio w pojazdach za pomoc\u0105 karty zbli\u017ceniowej.<\/p>\n<\/div>\n<\/div>\n<\/div>\n<\/div><\/p>\n","protected":false},"excerpt":{"rendered":"<p>Kiedy my\u015bl\u0119 o zabytkach Pragi, przypominam sobie, jak wilgotne jesienne li\u015bcie \u015blizga\u0142y si\u0119 po bruku, a my z Luk\u00e1\u0161em po raz pierwszy wspinali\u015bmy si\u0119 ulic\u0105 Nerudov\u0105. To by\u0142o na jednej z naszych pierwszych randek na Zamku Praskim.<\/p>\n","protected":false},"author":3,"featured_media":151114,"comment_status":"open","ping_status":"open","sticky":false,"template":"","format":"standard","meta":{"footnotes":"","rank_math_title":"","rank_math_description":"","rank_math_focus_keyword":"","rank_math_seo_score":""},"categories":[275,267,740],"tags":[],"class_list":{"0":"post-151238","1":"post","2":"type-post","3":"status-publish","4":"format-standard","5":"has-post-thumbnail","7":"category-czechy","8":"category-europa","9":"category-podroze"},"featured_image_src":"https:\/\/loudavymkrokem.cz\/wp-content\/uploads\/2023\/07\/prazsky-hrad-4238.jpg","author_info":{"display_name":"Lucie Kone\u010dn\u00e1","author_link":"https:\/\/loudavymkrokem.cz\/pl\/author\/lucie-konecna\/"},"_links":{"self":[{"href":"https:\/\/loudavymkrokem.cz\/pl\/wp-json\/wp\/v2\/posts\/151238","targetHints":{"allow":["GET"]}}],"collection":[{"href":"https:\/\/loudavymkrokem.cz\/pl\/wp-json\/wp\/v2\/posts"}],"about":[{"href":"https:\/\/loudavymkrokem.cz\/pl\/wp-json\/wp\/v2\/types\/post"}],"author":[{"embeddable":true,"href":"https:\/\/loudavymkrokem.cz\/pl\/wp-json\/wp\/v2\/users\/3"}],"replies":[{"embeddable":true,"href":"https:\/\/loudavymkrokem.cz\/pl\/wp-json\/wp\/v2\/comments?post=151238"}],"version-history":[{"count":1,"href":"https:\/\/loudavymkrokem.cz\/pl\/wp-json\/wp\/v2\/posts\/151238\/revisions"}],"predecessor-version":[{"id":151524,"href":"https:\/\/loudavymkrokem.cz\/pl\/wp-json\/wp\/v2\/posts\/151238\/revisions\/151524"}],"wp:featuredmedia":[{"embeddable":true,"href":"https:\/\/loudavymkrokem.cz\/pl\/wp-json\/wp\/v2\/media\/151114"}],"wp:attachment":[{"href":"https:\/\/loudavymkrokem.cz\/pl\/wp-json\/wp\/v2\/media?parent=151238"}],"wp:term":[{"taxonomy":"category","embeddable":true,"href":"https:\/\/loudavymkrokem.cz\/pl\/wp-json\/wp\/v2\/categories?post=151238"},{"taxonomy":"post_tag","embeddable":true,"href":"https:\/\/loudavymkrokem.cz\/pl\/wp-json\/wp\/v2\/tags?post=151238"}],"curies":[{"name":"wp","href":"https:\/\/api.w.org\/{rel}","templated":true}]}}