{"id":151237,"date":"2026-04-24T20:26:17","date_gmt":"2026-04-24T18:26:17","guid":{"rendered":"https:\/\/loudavymkrokem.cz\/?p=151237"},"modified":"2026-04-30T11:06:56","modified_gmt":"2026-04-30T09:06:56","slug":"wyszehrad-przewodnik-praga-czechy","status":"publish","type":"post","link":"https:\/\/loudavymkrokem.cz\/pl\/wyszehrad-przewodnik-praga-czechy\/","title":{"rendered":"Wyszehrad: Przewodnik po drugim zamku Pragi (bazylika, cmentarz, mury)"},"content":{"rendered":"<p>Co roku na Bo\u017ce Narodzenie chodzi\u0142am na Wyszehrad, \u017ceby przeczyta\u0107 wiersz na grobie M\u00e1chy (czeskiego poety). <strong>To by\u0142 taki zwyczaj, kt\u00f3ry zachowa\u0142am jeszcze z liceum. Uwielbiam Wyszehrad, kocham go zim\u0105, latem, jesieni\u0105 i wiosn\u0105. Kiedy \u015bwi\u0119towali\u015bmy pierwsze Bo\u017ce Narodzenie razem z Luk\u00e1\u0161em, to w\u0142a\u015bnie na Wyszehrad zaci\u0105gn\u0119\u0142am go w Wigili\u0119.<\/strong><\/p>\n<p>Wyszehrad to dla mieszka\u0144c\u00f3w Pragi taki salon na \u015bwie\u017cym powietrzu. Podczas gdy na Hradczanach trzeba si\u0119 przepycha\u0107 przez t\u0142um i walczy\u0107 o ka\u017cdy centymetr kwadratowy, tutaj spotkacie pra\u017can z kocami piknikowymi, spacerowicz\u00f3w z psami i biegaczy, kt\u00f3rzy lawiruj\u0105 mi\u0119dzy masywnymi barokowymi murami obronnymi. Je\u015bli planujecie wycieczk\u0119 do <strong>Pragi w Czechach<\/strong>, Wyszehrad to miejsce, kt\u00f3re koniecznie powinno znale\u017a\u0107 si\u0119 na waszej li\u015bcie. Dzi\u015b przychodzimy tu r\u00f3wnie\u017c z naszym dwuletnim synem Jon\u00e1\u0161em. D\u0142ugie asfaltowe \u015bcie\u017cki biegn\u0105ce wzd\u0142u\u017c mur\u00f3w s\u0105 wr\u0119cz idealne dla w\u00f3zka, a rozleg\u0142e parki pod roz\u0142o\u017cystymi drzewami zapewniaj\u0105 wspania\u0142y cie\u0144 w gor\u0105ce lato. Co wi\u0119cej, jako wegetarianka doceniam to, \u017ce schodz\u0105c na d\u00f3\u0142 do Podol\u00ed czy na V\u00fdto\u0148, mo\u017cna znale\u017a\u0107 mn\u00f3stwo \u015bwietnych bistro, kt\u00f3re dawno odesz\u0142y od serwowania samego sma\u017conego sera.<\/p>\n<p>Ca\u0142e to miejsce wysoko nad We\u0142taw\u0105 ma ogromn\u0105 zalet\u0119 \u2013 cho\u0107 jest to wa\u017cne miejsce czeskiej historii, opowiadaj\u0105ce legendy o ksi\u0119\u017cniczce Libuszy, wci\u0105\u017c zachowuje niesamowicie swobodn\u0105, niemal parkow\u0105 atmosfer\u0119. <strong>Mo\u017cna tu spacerowa\u0107 godzinami, siedzie\u0107 na murach ze zwieszonymi nogami i obserwowa\u0107 \u0142odzie na rzece. To nie jest skostnia\u0142y skansen z bramkami wej\u015bciowymi, ale \u017cywa dzielnica miasta, do kt\u00f3rej warto uciec z rozgrzanych brukowanych uliczek Starego Miasta.<\/strong><\/p>\n<p>W tym artykule znajdziecie kompletny przewodnik po <strong>Wyszehradzie<\/strong>, \u0142\u0105cznie z informacjami o godzinach otwarcia <strong>bazyliki \u015bw. Piotra i Paw\u0142a<\/strong>, dok\u0142adn\u0105 lokalizacj\u0105 <strong>cmentarza wyszehradzkiego<\/strong> i s\u0142ynnego <strong>Slav\u00edna<\/strong>, a tak\u017ce dowiecie si\u0119, dlaczego nie powinni\u015bcie przegapi\u0107 najstarszej <strong>rotundy \u015bw. Marcina<\/strong>.<\/p>\n<figure class=\"wp-block-image size-full\"><img loading=\"lazy\" decoding=\"async\" width=\"1200\" height=\"800\" src=\"https:\/\/loudavymkrokem.cz\/wp-content\/uploads\/2026\/04\/vysehrad-4319.jpg\" alt=\"Widok z Wyszehradu\" class=\"wp-image-151146\" title=\"\" srcset=\"https:\/\/loudavymkrokem.cz\/wp-content\/uploads\/2026\/04\/vysehrad-4319.jpg 1200w, https:\/\/loudavymkrokem.cz\/wp-content\/uploads\/2026\/04\/vysehrad-4319-300x200.jpg 300w, https:\/\/loudavymkrokem.cz\/wp-content\/uploads\/2026\/04\/vysehrad-4319-700x467.jpg 700w, https:\/\/loudavymkrokem.cz\/wp-content\/uploads\/2026\/04\/vysehrad-4319-768x512.jpg 768w, https:\/\/loudavymkrokem.cz\/wp-content\/uploads\/2026\/04\/vysehrad-4319-696x464.jpg 696w\" sizes=\"auto, (max-width: 1200px) 100vw, 1200px\"><figcaption class=\"wp-element-caption\">Widok z Wyszehradu<\/figcaption><\/figure>\n<div id=\"ez-toc-container\" class=\"ez-toc-v2_0_82_2 ez-toc-wrap-left counter-hierarchy ez-toc-counter ez-toc-grey ez-toc-container-direction\">\n<div class=\"ez-toc-title-container\">\n<p class=\"ez-toc-title\" style=\"cursor:inherit\">Tre\u015b\u0107 artyku\u0142u<\/p>\n<span class=\"ez-toc-title-toggle\"><a href=\"#\" class=\"ez-toc-pull-right ez-toc-btn ez-toc-btn-xs ez-toc-btn-default ez-toc-toggle\" aria-label=\"Prze\u0142\u0105cznik Spisu Tre\u015bci\"><span class=\"ez-toc-js-icon-con\"><span class=\"\"><span class=\"eztoc-hide\" style=\"display:none;\">Toggle<\/span><span class=\"ez-toc-icon-toggle-span\"><svg style=\"fill: #999;color:#999\" xmlns=\"http:\/\/www.w3.org\/2000\/svg\" class=\"list-377408\" width=\"20px\" height=\"20px\" viewBox=\"0 0 24 24\" fill=\"none\"><path d=\"M6 6H4v2h2V6zm14 0H8v2h12V6zM4 11h2v2H4v-2zm16 0H8v2h12v-2zM4 16h2v2H4v-2zm16 0H8v2h12v-2z\" fill=\"currentColor\"><\/path><\/svg><svg style=\"fill: #999;color:#999\" class=\"arrow-unsorted-368013\" xmlns=\"http:\/\/www.w3.org\/2000\/svg\" width=\"10px\" height=\"10px\" viewBox=\"0 0 24 24\" version=\"1.2\" baseProfile=\"tiny\"><path d=\"M18.2 9.3l-6.2-6.3-6.2 6.3c-.2.2-.3.4-.3.7s.1.5.3.7c.2.2.4.3.7.3h11c.3 0 .5-.1.7-.3.2-.2.3-.5.3-.7s-.1-.5-.3-.7zM5.8 14.7l6.2 6.3 6.2-6.3c.2-.2.3-.5.3-.7s-.1-.5-.3-.7c-.2-.2-.4-.3-.7-.3h-11c-.3 0-.5.1-.7.3-.2.2-.3.5-.3.7s.1.5.3.7z\"\/><\/svg><\/span><\/span><\/span><\/a><\/span><\/div>\n<nav><ul class='ez-toc-list ez-toc-list-level-1 ' ><ul class='ez-toc-list-level-3' ><li class='ez-toc-heading-level-3'><a class=\"ez-toc-link ez-toc-heading-1\" href=\"https:\/\/loudavymkrokem.cz\/pl\/wyszehrad-przewodnik-praga-czechy\/#Podsumowanie\" >Podsumowanie<\/a><\/li><\/ul><\/li><li class='ez-toc-page-1 ez-toc-heading-level-2'><a class=\"ez-toc-link ez-toc-heading-2\" href=\"https:\/\/loudavymkrokem.cz\/pl\/wyszehrad-przewodnik-praga-czechy\/#Kiedy_odwiedzic_Wyszehrad_i_jak_zaplanowac_wizyte\" >Kiedy odwiedzi\u0107 Wyszehrad i jak zaplanowa\u0107 wizyt\u0119<\/a><ul class='ez-toc-list-level-3' ><li class='ez-toc-heading-level-3'><a class=\"ez-toc-link ez-toc-heading-3\" href=\"https:\/\/loudavymkrokem.cz\/pl\/wyszehrad-przewodnik-praga-czechy\/#Wiosna_i_jesien_%E2%80%93_absolutni_faworyci\" >Wiosna i jesie\u0144 \u2013 absolutni faworyci<\/a><\/li><li class='ez-toc-page-1 ez-toc-heading-level-3'><a class=\"ez-toc-link ez-toc-heading-4\" href=\"https:\/\/loudavymkrokem.cz\/pl\/wyszehrad-przewodnik-praga-czechy\/#Letnie_wieczory_i_zimowa_melancholia\" >Letnie wieczory i zimowa melancholia<\/a><\/li><li class='ez-toc-page-1 ez-toc-heading-level-3'><a class=\"ez-toc-link ez-toc-heading-5\" href=\"https:\/\/loudavymkrokem.cz\/pl\/wyszehrad-przewodnik-praga-czechy\/#Ile_czasu_zarezerwowac\" >Ile czasu zarezerwowa\u0107<\/a><\/li><\/ul><\/li><li class='ez-toc-page-1 ez-toc-heading-level-2'><a class=\"ez-toc-link ez-toc-heading-6\" href=\"https:\/\/loudavymkrokem.cz\/pl\/wyszehrad-przewodnik-praga-czechy\/#Gdzie_sie_zatrzymac\" >Gdzie si\u0119 zatrzyma\u0107<\/a><\/li><li class='ez-toc-page-1 ez-toc-heading-level-2'><a class=\"ez-toc-link ez-toc-heading-7\" href=\"https:\/\/loudavymkrokem.cz\/pl\/wyszehrad-przewodnik-praga-czechy\/#Co_zobaczyc_i_odwiedzic_na_Wyszehradzie\" >Co zobaczy\u0107 i odwiedzi\u0107 na Wyszehradzie<\/a><ul class='ez-toc-list-level-3' ><li class='ez-toc-heading-level-3'><a class=\"ez-toc-link ez-toc-heading-8\" href=\"https:\/\/loudavymkrokem.cz\/pl\/wyszehrad-przewodnik-praga-czechy\/#Bazylika_sw_Piotra_i_Pawla\" >Bazylika \u015bw. Piotra i Paw\u0142a<\/a><\/li><li class='ez-toc-page-1 ez-toc-heading-level-3'><a class=\"ez-toc-link ez-toc-heading-9\" href=\"https:\/\/loudavymkrokem.cz\/pl\/wyszehrad-przewodnik-praga-czechy\/#Cmentarz_wyszehradzki_i_grobowiec_Slavin\" >Cmentarz wyszehradzki i grobowiec Slav\u00edn<\/a><\/li><li class='ez-toc-page-1 ez-toc-heading-level-3'><a class=\"ez-toc-link ez-toc-heading-10\" href=\"https:\/\/loudavymkrokem.cz\/pl\/wyszehrad-przewodnik-praga-czechy\/#Rotunda_sw_Marcina\" >Rotunda \u015bw. Marcina<\/a><\/li><li class='ez-toc-page-1 ez-toc-heading-level-3'><a class=\"ez-toc-link ez-toc-heading-11\" href=\"https:\/\/loudavymkrokem.cz\/pl\/wyszehrad-przewodnik-praga-czechy\/#Kazamaty_Wyszehradu_i_sala_Gorlice\" >Kazamaty Wyszehradu i sala Gorlice<\/a><\/li><li class='ez-toc-page-1 ez-toc-heading-level-3'><a class=\"ez-toc-link ez-toc-heading-12\" href=\"https:\/\/loudavymkrokem.cz\/pl\/wyszehrad-przewodnik-praga-czechy\/#Mury_widoki_i_legendy_o_Libuszy\" >Mury, widoki i legendy o Libuszy<\/a><\/li><li class='ez-toc-page-1 ez-toc-heading-level-3'><a class=\"ez-toc-link ez-toc-heading-13\" href=\"https:\/\/loudavymkrokem.cz\/pl\/wyszehrad-przewodnik-praga-czechy\/#Z_dziecmi_na_Wyszehrad_Plac_zabaw_ze_starych_legend\" >Z dzie\u0107mi na Wyszehrad: Plac zabaw ze starych legend<\/a><\/li><\/ul><\/li><li class='ez-toc-page-1 ez-toc-heading-level-2'><a class=\"ez-toc-link ez-toc-heading-14\" href=\"https:\/\/loudavymkrokem.cz\/pl\/wyszehrad-przewodnik-praga-czechy\/#Praktyczne_informacje_dla_waszej_wizyty\" >Praktyczne informacje dla waszej wizyty<\/a><\/li><li class='ez-toc-page-1 ez-toc-heading-level-2'><a class=\"ez-toc-link ez-toc-heading-15\" href=\"https:\/\/loudavymkrokem.cz\/pl\/wyszehrad-przewodnik-praga-czechy\/#Co_dalej\" >Co dalej<\/a><\/li><li class='ez-toc-page-1 ez-toc-heading-level-2'><a class=\"ez-toc-link ez-toc-heading-16\" href=\"https:\/\/loudavymkrokem.cz\/pl\/wyszehrad-przewodnik-praga-czechy\/#Najczesciej_zadawane_pytania\" >Najcz\u0119\u015bciej zadawane pytania<\/a><ul class='ez-toc-list-level-3' ><li class='ez-toc-heading-level-3'><a class=\"ez-toc-link ez-toc-heading-17\" href=\"https:\/\/loudavymkrokem.cz\/pl\/wyszehrad-przewodnik-praga-czechy\/#Czy_wstep_na_Wyszehrad_jest_platny\" >Czy wst\u0119p na Wyszehrad jest p\u0142atny?<\/a><\/li><li class='ez-toc-page-1 ez-toc-heading-level-3'><a class=\"ez-toc-link ez-toc-heading-18\" href=\"https:\/\/loudavymkrokem.cz\/pl\/wyszehrad-przewodnik-praga-czechy\/#Czy_moge_zabrac_na_Wyszehrad_psa\" >Czy mog\u0119 zabra\u0107 na Wyszehrad psa?<\/a><\/li><li class='ez-toc-page-1 ez-toc-heading-level-3'><a class=\"ez-toc-link ez-toc-heading-19\" href=\"https:\/\/loudavymkrokem.cz\/pl\/wyszehrad-przewodnik-praga-czechy\/#Czy_Wyszehrad_jest_odpowiedni_dla_wozkow_i_osob_na_wozkach_inwalidzkich\" >Czy Wyszehrad jest odpowiedni dla w\u00f3zk\u00f3w i os\u00f3b na w\u00f3zkach inwalidzkich?<\/a><\/li><li class='ez-toc-page-1 ez-toc-heading-level-3'><a class=\"ez-toc-link ez-toc-heading-20\" href=\"https:\/\/loudavymkrokem.cz\/pl\/wyszehrad-przewodnik-praga-czechy\/#Ile_trwa_zwiedzanie_Wyszehradu\" >Ile trwa zwiedzanie Wyszehradu?<\/a><\/li><li class='ez-toc-page-1 ez-toc-heading-level-3'><a class=\"ez-toc-link ez-toc-heading-21\" href=\"https:\/\/loudavymkrokem.cz\/pl\/wyszehrad-przewodnik-praga-czechy\/#Gdzie_mozna_zaparkowac_przy_Wyszehradzie\" >Gdzie mo\u017cna zaparkowa\u0107 przy Wyszehradzie?<\/a><\/li><li class='ez-toc-page-1 ez-toc-heading-level-3'><a class=\"ez-toc-link ez-toc-heading-22\" href=\"https:\/\/loudavymkrokem.cz\/pl\/wyszehrad-przewodnik-praga-czechy\/#Czy_rotunda_sw_Marcina_jest_normalnie_dostepna\" >Czy rotunda \u015bw. Marcina jest normalnie dost\u0119pna?<\/a><\/li><\/ul><\/li><\/ul><\/nav><\/div>\n<h3 class=\"wp-block-heading\"><span class=\"ez-toc-section\" id=\"Podsumowanie\"><\/span><span class=\"ez-toc-section\" id=\"Podsumowanie\"><\/span>Podsumowanie<span class=\"ez-toc-section-end\"><\/span><span class=\"ez-toc-section-end\"><\/span><\/h3>\n<ul class=\"wp-block-list\">\n<li>Wst\u0119p na ca\u0142y teren Wyszehradu (parki, mury, \u015bcie\u017cki) jest ca\u0142kowicie <strong>bezp\u0142atny<\/strong> i otwarty <strong>ca\u0142odobowo<\/strong>.<\/li>\n<li>Dominant\u0105 jest bazylika \u015bw. Piotra i Paw\u0142a z zachwycaj\u0105cym secesyjnym wystrojem, bilet kosztuje oko\u0142o <strong>5 \u20ac<\/strong>.<\/li>\n<li>Cmentarz wyszehradzki i grobowiec Slav\u00edn to miejsce spoczynku wybitnych czeskich artyst\u00f3w (Anton\u00edn Dvo\u0159\u00e1k, Bed\u0159ich Smetana, Karel \u010capek).<\/li>\n<li>Z barokowych mur\u00f3w obronnych roztaczaj\u0105 si\u0119 najlepsze widoki na Zamek Praski, dolin\u0119 We\u0142tawy i Podol\u00ed.<\/li>\n<li>Podziemne <strong>kazamaty<\/strong> skrywaj\u0105 sal\u0119 <strong>Gorlice<\/strong>, gdzie przechowywane s\u0105 orygina\u0142y barokowych rze\u017ab z Mostu Karola.<\/li>\n<li>Rotunda \u015bw. Marcina to najstarsza zachowana rotunda w Pradze, zbudowana ju\u017c w XI wieku.<\/li>\n<li>Naj\u0142atwiej dojecha\u0107 czerwon\u0105 lini\u0105 metra C do stacji Vy\u0161ehrad, sk\u0105d idzie si\u0119 po p\u0142askim terenie.<\/li>\n<li>Dla rodzin z dzie\u0107mi jest tu \u015bwietny tematyczny plac zabaw inspirowany starymi czeskimi legendami.<\/li>\n<\/ul>\n<figure class=\"wp-block-image size-full\"><img loading=\"lazy\" decoding=\"async\" width=\"1200\" height=\"800\" src=\"https:\/\/loudavymkrokem.cz\/wp-content\/uploads\/2026\/04\/vysehrad-4303.jpg\" alt=\"Wyszehrad z ma\u0142ym dzieckiem\" class=\"wp-image-151149\" title=\"\" srcset=\"https:\/\/loudavymkrokem.cz\/wp-content\/uploads\/2026\/04\/vysehrad-4303.jpg 1200w, https:\/\/loudavymkrokem.cz\/wp-content\/uploads\/2026\/04\/vysehrad-4303-300x200.jpg 300w, https:\/\/loudavymkrokem.cz\/wp-content\/uploads\/2026\/04\/vysehrad-4303-700x467.jpg 700w, https:\/\/loudavymkrokem.cz\/wp-content\/uploads\/2026\/04\/vysehrad-4303-768x512.jpg 768w, https:\/\/loudavymkrokem.cz\/wp-content\/uploads\/2026\/04\/vysehrad-4303-696x464.jpg 696w\" sizes=\"auto, (max-width: 1200px) 100vw, 1200px\"><figcaption class=\"wp-element-caption\">Wiosna na Wyszehradzie<\/figcaption><\/figure>\n<h2 class=\"wp-block-heading\"><span class=\"ez-toc-section\" id=\"Kiedy_odwiedzic_Wyszehrad_i_jak_zaplanowac_wizyte\"><\/span><span class=\"ez-toc-section\" id=\"Kiedy_odwiedzic_Wyszehrad_i_jak_zaplanowac_wizyte\"><\/span>Kiedy odwiedzi\u0107 Wyszehrad i jak zaplanowa\u0107 wizyt\u0119<span class=\"ez-toc-section-end\"><\/span><span class=\"ez-toc-section-end\"><\/span><\/h2>\n<p>Planowanie wizyty na Wyszehradzie jest zdecydowanie prostsze ni\u017c logistyka wok\u00f3\u0142 Rynku Staromiejskiego. Poniewa\u017c du\u017ca cz\u0119\u015b\u0107 wra\u017ce\u0144 opiera si\u0119 na spacerze po murach i parkach, pogoda odgrywa tu do\u015b\u0107 kluczow\u0105 rol\u0119. Z w\u0142asnego do\u015bwiadczenia mog\u0119 powiedzie\u0107, \u017ce rzadko kiedy wybieram si\u0119 tu w samo po\u0142udnie w \u015brodku sierpnia, kiedy s\u0142o\u0144ce pra\u017cy w kamienne mury. Wol\u0119 skraje dnia albo ch\u0142odniejsze miesi\u0105ce, kiedy to miejsce ma znacznie bardziej kameralny charakter i nie trzeba si\u0119 przeciska\u0107 mi\u0119dzy dziesi\u0105tkami piknikuj\u0105cych grupek.<\/p>\n<h3 class=\"wp-block-heading\"><span class=\"ez-toc-section\" id=\"Wiosna_i_jesien_%E2%80%93_absolutni_faworyci\"><\/span><span class=\"ez-toc-section\" id=\"Wiosna_i_jesien_absolutni_faworyci\"><\/span>Wiosna i jesie\u0144 \u2013 absolutni faworyci<span class=\"ez-toc-section-end\"><\/span><span class=\"ez-toc-section-end\"><\/span><\/h3>\n<p>Kwiecie\u0144, maj, a nast\u0119pnie wrzesie\u0144 i pa\u017adziernik to obiektywnie najlepsze miesi\u0105ce na wizyt\u0119 na Wyszehradzie. Z\u0142ote jesienne \u015bwiat\u0142o, kt\u00f3re tak uwielbia\u0142am podczas mojego kursu fotografii, czyni cuda z ceglanymi murami i ciemnymi wie\u017cami bazyliki. Jesieni\u0105, w okolicach Signal Festival (w 2026 roku odbywa si\u0119 <strong>15\u201318.10<\/strong>), drzewa w parku \u017c\u00f3\u0142kn\u0105, a widoki na mg\u0142\u0119 unosz\u0105c\u0105 si\u0119 z We\u0142tawy maj\u0105 niesamowit\u0105 g\u0142\u0119bi\u0119. Wiosenne miesi\u0105ce z kolei przynosz\u0105 kwitn\u0105ce drzewa wzd\u0142u\u017c mur\u00f3w w kierunku Podol\u00ed. W tych miesi\u0105cach temperatury idealnie sprzyjaj\u0105 d\u0142ugim spacerom bez konieczno\u015bci chowania si\u0119 w cieniu co dziesi\u0119\u0107 minut.<\/p>\n<h3 class=\"wp-block-heading\"><span class=\"ez-toc-section\" id=\"Letnie_wieczory_i_zimowa_melancholia\"><\/span><span class=\"ez-toc-section\" id=\"Letnie_wieczory_i_zimowa_melancholia\"><\/span>Letnie wieczory i zimowa melancholia<span class=\"ez-toc-section-end\"><\/span><span class=\"ez-toc-section-end\"><\/span><\/h3>\n<p>Lato na Wyszehradzie jest bardzo \u017cywe. Ogr\u00f3dki piwne i letnie sceny p\u0119kaj\u0105 w szwach, w parkach ludzie graj\u0105 na gitarach i ca\u0142o\u015b\u0107 przypomina wielki festiwal. Je\u015bli wybieracie si\u0119 tu w lipcu lub sierpniu, polecam przyj\u015b\u0107 wcze\u015bnie rano albo dopiero na zach\u00f3d s\u0142o\u0144ca. Widok zachodz\u0105cego s\u0142o\u0144ca za Zamkiem Praskim z tutejszego ceglanego punktu widokowego jest na tyle znany, \u017ce wieczorem spotkacie dziesi\u0105tki fotograf\u00f3w z roz\u0142o\u017conymi statywami. Zima (stycze\u0144, luty) to zupe\u0142nie inna bajka. Kiedy spadnie \u015bnieg, Wyszehrad jest doskonale cichy. Cmentarz zasypany \u015bniegiem wygl\u0105da niezwykle majestatycznie i ma si\u0119 wra\u017cenie, \u017ce jest si\u0119 w samym \u015brodku XIX wieku. Trzeba si\u0119 jednak przygotowa\u0107 na to, \u017ce wiatr od rzeki na murach potrafi by\u0107 naprawd\u0119 ostry.<\/p>\n<h3 class=\"wp-block-heading\"><span class=\"ez-toc-section\" id=\"Ile_czasu_zarezerwowac\"><\/span><span class=\"ez-toc-section\" id=\"Ile_czasu_zarezerwowac\"><\/span>Ile czasu zarezerwowa\u0107<span class=\"ez-toc-section-end\"><\/span><span class=\"ez-toc-section-end\"><\/span><\/h3>\n<p>Je\u015bli chcecie tylko szybko przej\u015b\u0107 si\u0119 po terenie, zrobi\u0107 zdj\u0119cie z widokiem i zerkn\u0105\u0107 na cmentarz, wystarcz\u0105 wam <strong>dwie godziny<\/strong>. Natomiast je\u015bli planujecie wej\u015b\u0107 do \u015brodka bazyliki, wykupi\u0107 zwiedzanie podziemnych kazamat i pozwoli\u0107 dzieciom wyszale\u0107 si\u0119 na placu zabaw, zarezerwujcie sobie od razu <strong>p\u00f3\u0142 dnia<\/strong>. Z Luk\u00e1\u0161em i Jon\u00e1\u0161em sp\u0119dzamy tu zwykle ca\u0142e przedpo\u0142udnie, ko\u0144czymy kaw\u0105, a potem powoli schodzimy na d\u00f3\u0142 nad rzek\u0119 na obiad. Wyszehrad to nie miejsce na po\u015bpiech \u2013 jego genius loci tkwi w\u0142a\u015bnie w wolnym tempie.<\/p>\n<figure class=\"wp-block-image size-full\"><img loading=\"lazy\" decoding=\"async\" width=\"1200\" height=\"800\" src=\"https:\/\/loudavymkrokem.cz\/wp-content\/uploads\/2026\/04\/julius-hotel-praha-3880.jpg\" alt=\"Hotel w Pradze\" class=\"wp-image-151063\" title=\"\" srcset=\"https:\/\/loudavymkrokem.cz\/wp-content\/uploads\/2026\/04\/julius-hotel-praha-3880.jpg 1200w, https:\/\/loudavymkrokem.cz\/wp-content\/uploads\/2026\/04\/julius-hotel-praha-3880-300x200.jpg 300w, https:\/\/loudavymkrokem.cz\/wp-content\/uploads\/2026\/04\/julius-hotel-praha-3880-700x467.jpg 700w, https:\/\/loudavymkrokem.cz\/wp-content\/uploads\/2026\/04\/julius-hotel-praha-3880-768x512.jpg 768w, https:\/\/loudavymkrokem.cz\/wp-content\/uploads\/2026\/04\/julius-hotel-praha-3880-696x464.jpg 696w\" sizes=\"auto, (max-width: 1200px) 100vw, 1200px\"><figcaption class=\"wp-element-caption\">Wycieczka po Pradze<\/figcaption><\/figure>\n<h2 class=\"wp-block-heading\"><span class=\"ez-toc-section\" id=\"Gdzie_sie_zatrzymac\"><\/span><span class=\"ez-toc-section\" id=\"Gdzie_sie_zatrzymac\"><\/span>Gdzie si\u0119 zatrzyma\u0107<span class=\"ez-toc-section-end\"><\/span><span class=\"ez-toc-section-end\"><\/span><\/h2>\n<p>Kiedy ostatnio szukali\u015bmy noclegu w Pradze na nasz\u0105 coroczn\u0105 wizyt\u0119, chcieli\u015bmy czego\u015b, co jest strategicznie blisko g\u0142\u00f3wnych szlak\u00f3w, ale jednocze\u015bnie oferuje absolutny komfort \u2013 bo podr\u00f3\u017cowanie z dwuletnim dzieckiem ma swoj\u0105 specyfik\u0119. Wybrali\u015bmy <strong>The <a class=\"thirstylink\" rel=\"nofollow\" target=\"_blank\" title=\"The Julius Hotel\" href=\"https:\/\/loudavymkrokem.cz\/doporucujeme\/the-julius-hotel\/\" data-shortcode=\"true\">Julius Hotel<\/a><\/strong> na placu Senov\u00e1\u017en\u00e9 n\u00e1m\u011bst\u00ed i z perspektywy czasu uwa\u017cam to za jedn\u0105 z najlepszych decyzji. Mieszkali\u015bmy w ich One Bedroom Suite, co da\u0142o nam wystarczaj\u0105co du\u017co przestrzeni na wieczorne relaksowanie si\u0119, kiedy Jon\u00e1\u0161 ju\u017c spa\u0142. Design jest czysty, przemy\u015blany, z subtelnymi nawi\u0105zaniami do kolorystyki Alfonsa Muchy. Z hotelu dojdziecie na Dworzec G\u0142\u00f3wny (sk\u0105d metrem C na Wyszehrad to tylko trzy stacje) w nieca\u0142e <strong>pi\u0119\u0107 minut<\/strong>. Pokoje maj\u0105 w pe\u0142ni wyposa\u017cony aneks kuchenny, co docenicie z dzieckiem, a tak\u017ce wtedy, gdy lubicie sami przygotowa\u0107 \u015bniadanie. Ceny i dost\u0119pno\u015b\u0107 na wasz termin sprawdzicie na <a href=\"https:\/\/www.booking.com\/hotel\/cz\/julius-meinl-house-prague.html?aid=2397601\" target=\"_blank\" rel=\"noopener nofollow sponsored\">Booking.com<\/a>.<\/p>\n<figure class=\"wp-block-image size-full\"><img loading=\"lazy\" decoding=\"async\" width=\"1200\" height=\"800\" src=\"https:\/\/loudavymkrokem.cz\/wp-content\/uploads\/2026\/04\/vysehrad-4337.jpg\" alt=\"Widok z Wyszehradu\" class=\"wp-image-151164\" title=\"\" srcset=\"https:\/\/loudavymkrokem.cz\/wp-content\/uploads\/2026\/04\/vysehrad-4337.jpg 1200w, https:\/\/loudavymkrokem.cz\/wp-content\/uploads\/2026\/04\/vysehrad-4337-300x200.jpg 300w, https:\/\/loudavymkrokem.cz\/wp-content\/uploads\/2026\/04\/vysehrad-4337-700x467.jpg 700w, https:\/\/loudavymkrokem.cz\/wp-content\/uploads\/2026\/04\/vysehrad-4337-768x512.jpg 768w, https:\/\/loudavymkrokem.cz\/wp-content\/uploads\/2026\/04\/vysehrad-4337-696x464.jpg 696w\" sizes=\"auto, (max-width: 1200px) 100vw, 1200px\"><figcaption class=\"wp-element-caption\">Widok z Wyszehradu<\/figcaption><\/figure>\n<h2 class=\"wp-block-heading\"><span class=\"ez-toc-section\" id=\"Co_zobaczyc_i_odwiedzic_na_Wyszehradzie\"><\/span><span class=\"ez-toc-section\" id=\"Co_zobaczyc_i_odwiedzic_na_Wyszehradzie\"><\/span>Co zobaczy\u0107 i odwiedzi\u0107 na Wyszehradzie<span class=\"ez-toc-section-end\"><\/span><span class=\"ez-toc-section-end\"><\/span><\/h2>\n<p>Sam teren kryje mn\u00f3stwo zabytk\u00f3w, punkt\u00f3w widokowych i ukrytych zak\u0105tk\u00f3w. Przyjrzyjmy si\u0119 najciekawszym miejscom, kt\u00f3rych nie powinni\u015bcie omin\u0105\u0107 podczas spaceru. To jedna z najciekawszych praskich atrakcji, kt\u00f3ra nie wymaga \u017cadnego biletu wst\u0119pu na teren.<\/p>\n<h3 class=\"wp-block-heading\"><span class=\"ez-toc-section\" id=\"Bazylika_sw_Piotra_i_Pawla\"><\/span><span class=\"ez-toc-section\" id=\"Bazylika_sw_Piotra_i_Pawla\"><\/span>Bazylika \u015bw. Piotra i Paw\u0142a<span class=\"ez-toc-section-end\"><\/span><span class=\"ez-toc-section-end\"><\/span><\/h3>\n<p>Dwie ciemne neogotyckie wie\u017ce bazyliki \u015bw. Piotra i Paw\u0142a tworz\u0105 charakterystyczn\u0105 dominant\u0119 panoramy Pragi, kt\u00f3r\u0105 rozpoznacie z ka\u017cdego miejsca. Cho\u0107 obecna forma pochodzi z prze\u0142omu XIX i XX wieku, fundamenty ko\u015bcio\u0142a pami\u0119taj\u0105 XI wiek i rz\u0105dy kr\u00f3la Wratys\u0142awa II. Wn\u0119trze to prawdziwy wizualny szok \u2013 podczas gdy z zewn\u0105trz bazylika wygl\u0105da surowo i ascetycznie, w \u015brodku natkniecie si\u0119 na niesamowicie kolorowy, bogaty secesyjny wystr\u00f3j. \u015aciany pokrywaj\u0105 ornamenty i freski ma\u0142\u017ce\u0144stwa Urban\u00f3w, kt\u00f3rzy inspirowali si\u0119 stylem Alfonsa Muchy. Osobi\u015bcie rzadko chodz\u0119 do ko\u015bcio\u0142\u00f3w, ale ta eksplozja kolor\u00f3w, kt\u00f3ra nie ma nic wsp\u00f3lnego z klasyczn\u0105 ch\u0142odn\u0105 gotyk\u0105, za ka\u017cdym razem zachwyca mnie na nowo.<\/p>\n<p>Otwarte jest codziennie, ale w niedziel\u0119 rano odbywaj\u0105 si\u0119 msze, wi\u0119c dla turyst\u00f3w zamkni\u0119te jest do <strong>po\u0142udnia<\/strong>. Podstawowy bilet wst\u0119pu w 2026 roku kosztuje ok. 5 \u20ac dla doros\u0142ego, bilety kupujecie bezpo\u015brednio przy wej\u015bciu. Ze stacji metra C Vy\u0161ehrad dojdziecie tu wygodnym spacerem przez park w dziesi\u0119\u0107 minut. <strong>\ud83d\udca1 Wskaz\u00f3wka od miejscowej:<\/strong> Zwr\u00f3\u0107cie uwag\u0119 na detale fresk\u00f3w w nawach bocznych \u2013 niekt\u00f3re twarze \u015bwi\u0119tych maj\u0105 rysy \u00f3wczesnych praskich mieszczan, kt\u00f3rzy finansowo wsparli dekoracj\u0119 ko\u015bcio\u0142a.<\/p>\n<figure class=\"wp-block-image size-full\"><img loading=\"lazy\" decoding=\"async\" width=\"1200\" height=\"800\" src=\"https:\/\/loudavymkrokem.cz\/wp-content\/uploads\/2026\/04\/vysehrad-4305.jpg\" alt=\"Cmentarz wyszehradzki\" class=\"wp-image-151156\" title=\"\" srcset=\"https:\/\/loudavymkrokem.cz\/wp-content\/uploads\/2026\/04\/vysehrad-4305.jpg 1200w, https:\/\/loudavymkrokem.cz\/wp-content\/uploads\/2026\/04\/vysehrad-4305-300x200.jpg 300w, https:\/\/loudavymkrokem.cz\/wp-content\/uploads\/2026\/04\/vysehrad-4305-700x467.jpg 700w, https:\/\/loudavymkrokem.cz\/wp-content\/uploads\/2026\/04\/vysehrad-4305-768x512.jpg 768w, https:\/\/loudavymkrokem.cz\/wp-content\/uploads\/2026\/04\/vysehrad-4305-696x464.jpg 696w\" sizes=\"auto, (max-width: 1200px) 100vw, 1200px\"><figcaption class=\"wp-element-caption\">Cmentarz wyszehradzki<\/figcaption><\/figure>\n<div class=\"lk-zazitky-module\">\n<style>\n.lk-zazitky-module * { box-sizing: border-box; margin: 0; padding: 0; }\n.lk-zazitky-module {\n  font-family: 'DM Sans', Georgia, sans-serif;\n  max-width: 100%;\n  margin: 2.5rem auto;\n  background: linear-gradient(135deg, #fdf6f3 0%, #fbede7 100%);\n  border: 1px solid #f0d9cc;\n  border-radius: 16px;\n  overflow: hidden;\n  box-shadow: 0 16px 48px rgba(217, 119, 87, 0.18), 0 4px 12px rgba(0,0,0,0.06);\n}\n.lk-zazitky-header {\n  position: relative;\n  padding: 24px 32px;\n  background: linear-gradient(135deg, #d97757 0%, #c46b4b 60%, #d97757 100%);\n  display: flex;\n  align-items: center;\n  gap: 18px;\n}\n.lk-zazitky-header::before {\n  content: '';\n  position: absolute;\n  inset: 0;\n  background: url(\"data:image\/svg+xml,%3Csvg width='60' height='60' viewBox='0 0 60 60' xmlns='http:\/\/www.w3.org\/2000\/svg'%3E%3Cg fill='none' fill-rule='evenodd'%3E%3Cg fill='%23ffffff' fill-opacity='0.05'%3E%3Cpath d='M36 34v-4h-2v4h-4v2h4v4h2v-4h4v-2h-4zm0-30V0h-2v4h-4v2h4v4h2V6h4V4h-4zM6 34v-4H4v4H0v2h4v4h2v-4h4v-2H6zM6 4V0H4v4H0v2h4v4h2V6h4V4H6z'\/%3E%3C\/g%3E%3C\/g%3E%3C\/svg%3E\") repeat;\n  pointer-events: none;\n}\n.lk-zazitky-header img {\n  width: 64px; height: 64px; border-radius: 12px; flex-shrink: 0;\n  object-fit: cover; box-shadow: 0 4px 12px rgba(0,0,0,0.18); position: relative; z-index: 1;\n}\n.lk-zazitky-header-text { position: relative; z-index: 1; }\n.lk-zazitky-eyebrow {\n  font-size: 10px; font-weight: 600; letter-spacing: 2.5px; text-transform: uppercase;\n  color: rgba(255,255,255,.92); margin-bottom: 5px;\n}\n.lk-zazitky-title {\n  font-family: 'Playfair Display', Georgia, serif;\n  font-size: 24px; font-weight: 700; color: #fff; line-height: 1.2;\n  text-shadow: 0 1px 2px rgba(0,0,0,0.12);\n}\n.lk-zazitky-subtitle {\n  font-size: 13px; color: rgba(255,255,255,.85); margin-top: 4px; font-weight: 300;\n}\n.lk-zazitky-grid {\n  display: grid;\n  grid-template-columns: 1fr 1fr 1fr;\n  gap: 1px;\n  background: rgba(217, 119, 87, 0.12);\n}\n.lk-zazitek-card {\n  background: #ffffff; padding: 22px; display: flex; flex-direction: column; gap: 11px;\n  transition: all 0.3s ease; text-decoration: none; color: inherit; position: relative;\n}\n.lk-zazitek-card:hover {\n  background: #fffaf7; transform: translateY(-2px);\n  box-shadow: 0 8px 24px rgba(217, 119, 87, 0.15); z-index: 1;\n}\n.lk-zazitek-card.is-category {\n  background: linear-gradient(135deg, #fffaf7 0%, #fff3eb 100%);\n  box-shadow: inset 0 1px 0 rgba(217, 119, 87, 0.1);\n}\n.lk-zazitek-card.is-category:hover {\n  background: linear-gradient(135deg, #fff7f2 0%, #ffeee3 100%);\n}\n.lk-zazitek-badge {\n  display: inline-flex; align-items: center; gap: 5px;\n  font-size: 10px; font-weight: 600; letter-spacing: 1.5px; text-transform: uppercase;\n  padding: 5px 11px; border-radius: 20px; width: fit-content;\n  background: rgba(217, 119, 87, 0.10); color: #c46b4b; border: 1px solid rgba(217, 119, 87, 0.22);\n}\n.lk-zazitek-card.is-category .lk-zazitek-badge {\n  background: linear-gradient(135deg, #d97757 0%, #c46b4b 100%); color: #fff;\n  border-color: #c46b4b; box-shadow: 0 2px 8px rgba(217, 119, 87, 0.28);\n}\n.lk-zazitek-name {\n  font-family: 'Playfair Display', Georgia, serif;\n  font-size: 17px; font-weight: 700; color: #111827; line-height: 1.3;\n}\n.lk-zazitek-desc {\n  font-size: 13px; color: #525252; line-height: 1.6; font-weight: 300; flex: 1;\n}\n.lk-zazitek-meta { display: flex; align-items: center; gap: 12px; flex-wrap: wrap; margin-top: 4px; }\n.lk-zazitek-price { font-size: 13px; color: #6b7280; }\n.lk-zazitek-price strong { color: #c46b4b; font-weight: 600; }\n.lk-zazitek-cta {\n  display: inline-flex; align-items: center; justify-content: center; gap: 7px;\n  margin-top: 8px; padding: 11px 16px; border-radius: 8px;\n  background: linear-gradient(135deg, #d97757 0%, #c46b4b 100%);\n  color: #fff; font-size: 13px; font-weight: 500; text-decoration: none;\n  letter-spacing: .3px; transition: all .2s ease; cursor: pointer; border: none;\n  text-align: center; box-shadow: 0 4px 12px rgba(217, 119, 87, 0.28);\n  white-space: nowrap;\n}\n.lk-zazitek-cta:hover {\n  background: linear-gradient(135deg, #c46b4b 0%, #b35e3f 100%);\n  transform: translateY(-1px); box-shadow: 0 6px 16px rgba(217, 119, 87, 0.38);\n}\n.lk-zazitek-card.is-category .lk-zazitek-cta {\n  background: linear-gradient(135deg, #3685fc 0%, #2a6fd9 100%);\n  box-shadow: 0 4px 12px rgba(54, 133, 252, 0.22);\n}\n.lk-zazitek-card.is-category .lk-zazitek-cta:hover {\n  background: linear-gradient(135deg, #2a6fd9 0%, #1e5bc4 100%);\n  box-shadow: 0 6px 16px rgba(54, 133, 252, 0.32);\n}\n.lk-zazitky-footer {\n  padding: 16px 32px;\n  background: linear-gradient(to bottom, #fdf6f3 0%, #f9eae2 100%);\n  border-top: 1px solid rgba(217, 119, 87, 0.18);\n  display: flex; align-items: center; justify-content: center; flex-wrap: wrap; gap: 12px;\n}\n.lk-zazitky-discount {\n  display: inline-flex; align-items: center; gap: 8px;\n  font-size: 13px; color: #6b3a26; font-weight: 500;\n}\n.lk-zazitky-discount-code {\n  font-family: 'Courier New', monospace; font-weight: 700; color: #c46b4b;\n  background: rgba(217, 119, 87, 0.12); padding: 4px 10px; border-radius: 6px;\n  letter-spacing: 1px; font-size: 13px;\n}\n.lk-zazitky-disclaimer {\n  font-size: 11px; color: #8a6e60; font-weight: 300; line-height: 1.5;\n}\n.lk-zazitky-disclaimer a { color: #c46b4b; text-decoration: none; }\n.lk-zazitky-disclaimer a:hover { text-decoration: underline; }\n@media (max-width: 720px) {\n  .lk-zazitky-grid { grid-template-columns: 1fr; }\n  .lk-zazitky-header { padding: 20px 18px; }\n  .lk-zazitky-footer { padding: 14px 18px; }\n  .lk-zazitek-card { padding: 20px; }\n  .lk-zazitky-title { font-size: 20px; }\n}\n<\/style>\n<div class=\"lk-zazitky-header\">\n    <img decoding=\"async\" src=\"https:\/\/loudavymkrokem.cz\/wp-content\/uploads\/2026\/02\/lukas-a-lucka.jpg\" alt=\"Luk\u00e1\u0161 i Lucie\" title=\"\"><\/p>\n<div class=\"lk-zazitky-header-text\">\n<div class=\"lk-zazitky-eyebrow\">Tip Luk\u00e1\u0161a i Lucie<\/div>\n<div class=\"lk-zazitky-title\">Poznajcie Prag\u0119 inaczej<\/div>\n<div class=\"lk-zazitky-subtitle\">3 sprawdzone propozycje ze zni\u017ck\u0105 5 % od partnera Firma na z\u00e1\u017eitky<\/div>\n<\/p><\/div>\n<\/p><\/div>\n<div class=\"lk-zazitky-grid\">\n<p>    <a class=\"lk-zazitek-card\" href=\"https:\/\/www.firmanazazitky.cz\/plavba-po-vltave-s-obedem?utm_source=loudavymkrokem&amp;utm_medium=referral&amp;utm_campaign=vysehrad-pruvodce-po-druhem-hrade-prahy-bazilika-hrbitov-hradby&amp;utm_content=zazitek-1\" target=\"_blank\" rel=\"nofollow noopener sponsored\"><br \/>\n      <span class=\"lk-zazitek-badge\">\ud83d\udee5 Rejs<\/span><\/p>\n<div class=\"lk-zazitek-name\">Rejs po We\u0142tawie z obiadem<\/div>\n<div class=\"lk-zazitek-desc\">Ska\u0142y Wyszehradu z tafli We\u0142tawy \u2013 spokojny rejs z obiadem poka\u017ce drugi zamek Pragi z perspektywy, na kt\u00f3r\u0105 nie decyduj\u0105 si\u0119 tury\u015bci.<\/div>\n<div class=\"lk-zazitek-meta\">\n        <span class=\"lk-zazitek-price\">od <strong>85 \u20ac<\/strong><\/span>\n      <\/div>\n<p>      <span class=\"lk-zazitek-cta\"><br \/>\n        <svg width=\"14\" height=\"14\" viewBox=\"0 0 24 24\" fill=\"none\" stroke=\"currentColor\" stroke-width=\"2\"><path d=\"M18 13v6a2 2 0 0 1-2 2H5a2 2 0 0 1-2-2V8a2 2 0 0 1 2-2h6\"\/><polyline points=\"15 3 21 3 21 9\"\/><line x1=\"10\" y1=\"14\" x2=\"21\" y2=\"3\"\/><\/svg><br \/>\n        Zarezerwuj ze zni\u017ck\u0105<br \/>\n      <\/span><br \/>\n    <\/a><\/p>\n<p>    <a class=\"lk-zazitek-card\" href=\"https:\/\/www.firmanazazitky.cz\/vecere-v-tancicim-dome?utm_source=loudavymkrokem&amp;utm_medium=referral&amp;utm_campaign=vysehrad-pruvodce-po-druhem-hrade-prahy-bazilika-hrbitov-hradby&amp;utm_content=zazitek-2\" target=\"_blank\" rel=\"nofollow noopener sponsored\"><br \/>\n      <span class=\"lk-zazitek-badge\">\ud83c\udf7d Gastro<\/span><\/p>\n<div class=\"lk-zazitek-name\">Kolacja w Ta\u0144cz\u0105cym Domu<\/div>\n<div class=\"lk-zazitek-desc\">Po spacerze po murach Wyszehradu kilka przystank\u00f3w tramwajem \u2013 kolacja z widokiem na Zamek Praski z dachu Ta\u0144cz\u0105cego Domu.<\/div>\n<div class=\"lk-zazitek-meta\">\n        <span class=\"lk-zazitek-price\">od <strong>115 \u20ac<\/strong><\/span>\n      <\/div>\n<p>      <span class=\"lk-zazitek-cta\"><br \/>\n        <svg width=\"14\" height=\"14\" viewBox=\"0 0 24 24\" fill=\"none\" stroke=\"currentColor\" stroke-width=\"2\"><path d=\"M18 13v6a2 2 0 0 1-2 2H5a2 2 0 0 1-2-2V8a2 2 0 0 1 2-2h6\"\/><polyline points=\"15 3 21 3 21 9\"\/><line x1=\"10\" y1=\"14\" x2=\"21\" y2=\"3\"\/><\/svg><br \/>\n        Zarezerwuj ze zni\u017ck\u0105<br \/>\n      <\/span><br \/>\n    <\/a><\/p>\n<p>    <a class=\"lk-zazitek-card is-category\" href=\"https:\/\/www.firmanazazitky.cz\/praha\/?utm_source=loudavymkrokem&amp;utm_medium=referral&amp;utm_campaign=vysehrad-pruvodce-po-druhem-hrade-prahy-bazilika-hrbitov-hradby&amp;utm_content=kategorie\" target=\"_blank\" rel=\"nofollow noopener sponsored\"><br \/>\n      <span class=\"lk-zazitek-badge\">\u2b50 Wszystko<\/span><\/p>\n<div class=\"lk-zazitek-name\">Wszystkie atrakcje w Pradze<\/div>\n<div class=\"lk-zazitek-desc\">Rejsy, gastronomia, zabytki i wellness \u2013 pe\u0142na oferta atrakcji w stolicy Czech.<\/div>\n<p>      <span class=\"lk-zazitek-cta\"><br \/>\n        Przegl\u0105daj atrakcje<br \/>\n        <svg width=\"12\" height=\"12\" viewBox=\"0 0 24 24\" fill=\"none\" stroke=\"currentColor\" stroke-width=\"2.5\"><polyline points=\"9 18 15 12 9 6\"\/><\/svg><br \/>\n      <\/span><br \/>\n    <\/a><\/p><\/div>\n<div class=\"lk-zazitky-footer\">\n    <span class=\"lk-zazitky-discount\"><br \/>\n      \u2b50 Zni\u017cka 5 % z kodem<br \/>\n      <span class=\"lk-zazitky-discount-code\">LOUDAVYMKROKEM5<\/span><br \/>\n    <\/span>\n  <\/div>\n<\/div>\n<h3 class=\"wp-block-heading\"><span class=\"ez-toc-section\" id=\"Cmentarz_wyszehradzki_i_grobowiec_Slavin\"><\/span><span class=\"ez-toc-section\" id=\"Cmentarz_wyszehradzki_i_grobowiec_Slavin\"><\/span>Cmentarz wyszehradzki i grobowiec Slav\u00edn<span class=\"ez-toc-section-end\"><\/span><span class=\"ez-toc-section-end\"><\/span><\/h3>\n<p>Tu\u017c obok bazyliki znajduje si\u0119 cmentarz wyszehradzki, kt\u00f3ry \u015bmia\u0142o mo\u017cna nazwa\u0107 panteonem czeskiej kultury. W czasach odrodzenia narodowego w XIX wieku zwyk\u0142y cmentarz parafialny zamieni\u0142 si\u0119 w presti\u017cowe miejsce poch\u00f3wku. Architektonicznie najbardziej wyrazisty jest Slav\u00edn \u2013 ogromny wsp\u00f3lny grobowiec, kt\u00f3ry rozpoznacie po rze\u017abie uskrzydlonego geniusza na szczycie. Spoczywaj\u0105 tu Alfons Mucha, Ema Destinnov\u00e1 czy rze\u017abiarz Josef V\u00e1clav Myslbek. Spaceruj\u0105c w\u0105skimi alejkami mi\u0119dzy nagrobkami, z Luk\u00e1\u0161em cz\u0119sto szukamy znanych nazwisk \u2013 znajdziecie tu gr\u00f3b Anton\u00edna Dvo\u0159\u00e1ka z pi\u0119knym popiersiem, gr\u00f3b Bed\u0159icha Smetany czy miejsce spoczynku Karla \u010capka.<\/p>\n<p>Cmentarz jest dost\u0119pny bezp\u0142atnie przez ca\u0142y rok. Latem bramy zamykaj\u0105 si\u0119 o <strong>18:00<\/strong>, w miesi\u0105cach zimowych ju\u017c o <strong>16:00<\/strong>, na co warto zwr\u00f3ci\u0107 uwag\u0119, planuj\u0105c popo\u0142udniowy spacer. Zawsze panuje tu absolutna cisza i szacunek, dlatego ch\u0119tnie uciekamy tu przed ha\u0142asem miasta. <strong>\ud83d\udca1 Wskaz\u00f3wka od miejscowej:<\/strong> Grobu Karla \u010capka nie znajdziecie bezpo\u015brednio na centralnym Slav\u00ednie, ale w tylnej cz\u0119\u015bci cmentarza (oddzia\u0142 12) \u2013 bywa cz\u0119sto obsypany drobnymi kamykami i o\u0142\u00f3wkami, kt\u00f3re zostawiaj\u0105 tam czytelnicy.<\/p>\n<figure class=\"wp-block-image size-full\"><img loading=\"lazy\" decoding=\"async\" width=\"1200\" height=\"800\" src=\"https:\/\/loudavymkrokem.cz\/wp-content\/uploads\/2026\/04\/vysehrad-4311.jpg\" alt=\"Cmentarz wyszehradzki\" class=\"wp-image-151160\" title=\"\" srcset=\"https:\/\/loudavymkrokem.cz\/wp-content\/uploads\/2026\/04\/vysehrad-4311.jpg 1200w, https:\/\/loudavymkrokem.cz\/wp-content\/uploads\/2026\/04\/vysehrad-4311-300x200.jpg 300w, https:\/\/loudavymkrokem.cz\/wp-content\/uploads\/2026\/04\/vysehrad-4311-700x467.jpg 700w, https:\/\/loudavymkrokem.cz\/wp-content\/uploads\/2026\/04\/vysehrad-4311-768x512.jpg 768w, https:\/\/loudavymkrokem.cz\/wp-content\/uploads\/2026\/04\/vysehrad-4311-696x464.jpg 696w\" sizes=\"auto, (max-width: 1200px) 100vw, 1200px\"><figcaption class=\"wp-element-caption\">Cmentarz wyszehradzki<\/figcaption><\/figure>\n<h3 class=\"wp-block-heading\"><span class=\"ez-toc-section\" id=\"Rotunda_sw_Marcina\"><\/span><span class=\"ez-toc-section\" id=\"Rotunda_sw_Marcina\"><\/span>Rotunda \u015bw. Marcina<span class=\"ez-toc-section-end\"><\/span><span class=\"ez-toc-section-end\"><\/span><\/h3>\n<p>Spaceruj\u0105c terenem od strony Bramy T\u00e1borskiej, natkniecie si\u0119 na ma\u0142\u0105 okr\u0105g\u0142\u0105 budowl\u0119, kt\u00f3ra wygl\u0105da, jakby sta\u0142a tu od zawsze. Rotunda \u015bw. Marcina to najstarsza zachowana rotunda w Pradze, pochodz\u0105ca z drugiej po\u0142owy XI wieku. Przetrwa\u0142a ogromn\u0105 liczb\u0119 katastrof \u2013 od pl\u0105drowania podczas wojen husyckich po okres, kiedy s\u0142u\u017cy\u0142a jako prochownia czy magazyn. Fascynuj\u0105ce jest ogl\u0105danie tak starej roma\u0144skiej budowli w stosunkowo nienaruszonym stanie, zw\u0142aszcza gdy u\u015bwiadomicie sobie, \u017ce tu\u017c obok przeje\u017cd\u017caj\u0105 nowoczesne samochody.<\/p>\n<p>Rotunda nie jest normalnie dost\u0119pna od wewn\u0105trz \u2013 otwiera si\u0119 tylko przy specjalnych okazjach lub podczas nabo\u017ce\u0144stw. Prowadzi obok niej jednak g\u0142\u00f3wna \u015bcie\u017cka, wi\u0119c nie da si\u0119 jej omin\u0105\u0107. Stoi przy skrzy\u017cowaniu dr\u00f3g w kierunku kazamat. <strong>\ud83d\udca1 Wskaz\u00f3wka od miejscowej:<\/strong> Podejd\u017acie blisko do jej fasady z prawej strony \u2013 nad jednym z okien wci\u0105\u017c wmurowana jest kula armatnia z 1757 roku, kiedy Prag\u0119 oblega\u0142y wojska pruskie.<\/p>\n<figure class=\"wp-block-image size-full\"><img loading=\"lazy\" decoding=\"async\" width=\"1200\" height=\"800\" src=\"https:\/\/loudavymkrokem.cz\/wp-content\/uploads\/2026\/04\/vysehrad-4348.jpg\" alt=\"Rotunda \u015bw. Marcina na Wyszehradzie\" class=\"wp-image-151168\" title=\"\" srcset=\"https:\/\/loudavymkrokem.cz\/wp-content\/uploads\/2026\/04\/vysehrad-4348.jpg 1200w, https:\/\/loudavymkrokem.cz\/wp-content\/uploads\/2026\/04\/vysehrad-4348-300x200.jpg 300w, https:\/\/loudavymkrokem.cz\/wp-content\/uploads\/2026\/04\/vysehrad-4348-700x467.jpg 700w, https:\/\/loudavymkrokem.cz\/wp-content\/uploads\/2026\/04\/vysehrad-4348-768x512.jpg 768w, https:\/\/loudavymkrokem.cz\/wp-content\/uploads\/2026\/04\/vysehrad-4348-696x464.jpg 696w\" sizes=\"auto, (max-width: 1200px) 100vw, 1200px\"><figcaption class=\"wp-element-caption\">Rotunda \u015bw. Marcina na Wyszehradzie<\/figcaption><\/figure>\n<h3 class=\"wp-block-heading\"><span class=\"ez-toc-section\" id=\"Kazamaty_Wyszehradu_i_sala_Gorlice\"><\/span><span class=\"ez-toc-section\" id=\"Kazamaty_Wyszehradu_i_sala_Gorlice\"><\/span>Kazamaty Wyszehradu i sala Gorlice<span class=\"ez-toc-section-end\"><\/span><span class=\"ez-toc-section-end\"><\/span><\/h3>\n<p>Pod barokowymi ceglanymi murami, kt\u00f3re otaczaj\u0105 ca\u0142y Wyszehrad, kryje si\u0119 system tajnych wojskowych korytarzy z XVII wieku. Te kazamaty s\u0142u\u017cy\u0142y do szybkiego i niezauwa\u017conego przemieszczania \u017co\u0142nierzy. Zwiedzanie ciemnych, w\u0105skich i lekko wilgotnych ceglanych korytarzy ko\u0144czy si\u0119 w ogromnej podziemnej sali zwanej Gorlice. Pierwotnie s\u0142u\u017cy\u0142a jako miejsce zgromadze\u0144 wojska i magazyn \u017cywno\u015bci, ale dzi\u015b pe\u0142ni znacznie ciekawsz\u0105 funkcj\u0119 \u2013 jest miejscem przechowywania kilku oryginalnych barokowych rze\u017ab z Mostu Karola, kt\u00f3re ze wzgl\u0119du na warunki atmosferyczne musia\u0142y zosta\u0107 zast\u0105pione kopiami. Widok ogromnych piaskowcowych rze\u017ab w pod\u015bwietlonej podziemnej przestrzeni to naprawd\u0119 intensywne prze\u017cycie.<\/p>\n<p>Wej\u015bcie do kazamat znajduje si\u0119 przy Bramie Cihelnej. Zwiedzanie odbywa si\u0119 z przewodnikiem co pe\u0142n\u0105 godzin\u0119, a pe\u0142ny bilet kosztuje ok. <strong>5,50 \u20ac<\/strong>. Otwarte codziennie od <strong>9:30 do 17:00<\/strong> (latem do 18:00). Wewn\u0105trz panuje sta\u0142a temperatura ok. <strong>15 \u00b0C<\/strong>. <strong>\ud83d\udca1 Wskaz\u00f3wka od miejscowej:<\/strong> Latem we\u017acie ze sob\u0105 na d\u00f3\u0142 lekki sweter \u2013 nawet gdy na zewn\u0105trz jest trzydzie\u015bci stopni, po dwudziestu minutach w podziemnej wilgoci zacznie wam by\u0107 zimno.<\/p>\n<figure class=\"wp-block-image size-full\"><img loading=\"lazy\" decoding=\"async\" width=\"1200\" height=\"800\" src=\"https:\/\/loudavymkrokem.cz\/wp-content\/uploads\/2026\/04\/vysehrad-4340.jpg\" alt=\"Mury obronne na Wyszehradzie\" class=\"wp-image-151163\" title=\"\" srcset=\"https:\/\/loudavymkrokem.cz\/wp-content\/uploads\/2026\/04\/vysehrad-4340.jpg 1200w, https:\/\/loudavymkrokem.cz\/wp-content\/uploads\/2026\/04\/vysehrad-4340-300x200.jpg 300w, https:\/\/loudavymkrokem.cz\/wp-content\/uploads\/2026\/04\/vysehrad-4340-700x467.jpg 700w, https:\/\/loudavymkrokem.cz\/wp-content\/uploads\/2026\/04\/vysehrad-4340-768x512.jpg 768w, https:\/\/loudavymkrokem.cz\/wp-content\/uploads\/2026\/04\/vysehrad-4340-696x464.jpg 696w\" sizes=\"auto, (max-width: 1200px) 100vw, 1200px\"><figcaption class=\"wp-element-caption\">Mury obronne na Wyszehradzie<\/figcaption><\/figure>\n<h3 class=\"wp-block-heading\"><span class=\"ez-toc-section\" id=\"Mury_widoki_i_legendy_o_Libuszy\"><\/span><span class=\"ez-toc-section\" id=\"Mury_widoki_i_legendy_o_Libuszy\"><\/span>Mury, widoki i legendy o Libuszy<span class=\"ez-toc-section-end\"><\/span><span class=\"ez-toc-section-end\"><\/span><\/h3>\n<p>To, co czyni Wyszehrad tak popularnym miejscem, to jego pot\u0119\u017cne barokowe mury obronne. Tworz\u0105 dwuip\u00f3\u0142kilometrowy okr\u0105g, po kt\u00f3rym wygodnie si\u0119 spaceruje, i oferuj\u0105 widoki na wszystkie strony \u015bwiata. Najpi\u0119kniejszy widok roztacza si\u0119 z po\u0142udniowo-zachodniego bastionu w kierunku rzeki, Podol\u00ed i le\u017c\u0105cego naprzeciwko Zl\u00edchova. Z punktu widokowego przy galerii otwiera si\u0119 z kolei ten najbardziej ikoniczny widok na Zamek Praski ponad dachami Nowego Miasta. Z Wyszehradem wi\u0105\u017c\u0105 si\u0119 legendy o ksi\u0119\u017cniczce Libuszy, kt\u00f3ra mia\u0142a st\u0105d przepowiada\u0107 chwa\u0142\u0119 Pragi. Podczas spaceru nad rzek\u0105 zwr\u00f3\u0107cie uwag\u0119 na ruiny gotyckiej wie\u017cyczki wyrastaj\u0105cej ze ska\u0142y \u2013 nazywana jest \u0141a\u017ani\u0105 Libuszy, cho\u0107 historycznie nie ma z legendarn\u0105 ksi\u0119\u017cniczk\u0105 nic wsp\u00f3lnego.<\/p>\n<p>Na trawniku w parku le\u017c\u0105 te\u017c tak zwane Diabelskie Kolumny \u2013 trzy kawa\u0142ki roz\u0142amanego granitowego s\u0142upa, kt\u00f3re wed\u0142ug legendy odrzuci\u0142 diabe\u0142, kiedy przegra\u0142 zak\u0142ad z miejscowym ksi\u0119dzem. Teren mur\u00f3w i park\u00f3w jest dost\u0119pny ca\u0142odobowo i bezp\u0142atnie. <strong>\ud83d\udca1 Wskaz\u00f3wka od miejscowej:<\/strong> Je\u015bli chcecie mie\u0107 spok\u00f3j na zdj\u0119cia z widokiem na We\u0142taw\u0119 bez g\u0142\u00f3w obcych ludzi, przyjd\u017acie tu w niedziel\u0119 rano ko\u0142o \u00f3smej \u2013 mury b\u0119dziecie mie\u0107 praktycznie tylko dla siebie i porannych spacerowicz\u00f3w z psami.<\/p>\n<figure class=\"wp-block-image size-full\"><img loading=\"lazy\" decoding=\"async\" width=\"1200\" height=\"800\" src=\"https:\/\/loudavymkrokem.cz\/wp-content\/uploads\/2026\/04\/vysehrad-4316.jpg\" alt=\"Widok z Wyszehradu\" class=\"wp-image-151159\" title=\"\" srcset=\"https:\/\/loudavymkrokem.cz\/wp-content\/uploads\/2026\/04\/vysehrad-4316.jpg 1200w, https:\/\/loudavymkrokem.cz\/wp-content\/uploads\/2026\/04\/vysehrad-4316-300x200.jpg 300w, https:\/\/loudavymkrokem.cz\/wp-content\/uploads\/2026\/04\/vysehrad-4316-700x467.jpg 700w, https:\/\/loudavymkrokem.cz\/wp-content\/uploads\/2026\/04\/vysehrad-4316-768x512.jpg 768w, https:\/\/loudavymkrokem.cz\/wp-content\/uploads\/2026\/04\/vysehrad-4316-696x464.jpg 696w\" sizes=\"auto, (max-width: 1200px) 100vw, 1200px\"><figcaption class=\"wp-element-caption\">Widok z Wyszehradu<\/figcaption><\/figure>\n<h3 class=\"wp-block-heading\"><span class=\"ez-toc-section\" id=\"Z_dziecmi_na_Wyszehrad_Plac_zabaw_ze_starych_legend\"><\/span><span class=\"ez-toc-section\" id=\"Z_dziecmi_na_Wyszehrad_Plac_zabaw_ze_starych_legend\"><\/span>Z dzie\u0107mi na Wyszehrad: Plac zabaw ze starych legend<span class=\"ez-toc-section-end\"><\/span><span class=\"ez-toc-section-end\"><\/span><\/h3>\n<p>Kiedy jeste\u015bmy z Jon\u00e1\u0161em w Pradze, place zabaw sta\u0142y si\u0119 naszym nowym przystankiem mi\u0119dzy zabytkami. Wyszehradzki plac zabaw \u201eZe star\u00fdch pov\u011bst\u00ed \u010desk\u00fdch&#8221; (Ze starych legend czeskich) znajdziecie w spokojnej cz\u0119\u015bci parku blisko rotundy \u015bw. Marcina \u2013 ca\u0142y jest zbudowany z masywnego drewna akacjowego. Znajdziecie tu drewniane rze\u017aby Bivoja z dzikiem, r\u00f3\u017cne konstrukcje do wspinaczki, ma\u0142e domki i hu\u015btawki, wszystko wra\u017cliwie wkomponowane w otoczenie pod roz\u0142o\u017cystymi drzewami.<\/p>\n<p>Plac zabaw jest ogrodzony, co jako rodzic z maluchem, kt\u00f3ry uwielbia biega\u0107 we wszystkie strony, niesamowicie doceniam. Na ziemi jest mi\u0119kki piasek i \u017cwirek, a dooko\u0142a znajdziecie mn\u00f3stwo \u0142awek do odpoczynku. Wst\u0119p jest oczywi\u015bcie bezp\u0142atny.<\/p>\n<figure class=\"wp-block-image size-full\"><img loading=\"lazy\" decoding=\"async\" width=\"1200\" height=\"800\" src=\"https:\/\/loudavymkrokem.cz\/wp-content\/uploads\/2026\/04\/vysehrad-4346.jpg\" alt=\"Plac zabaw na Wyszehradzie\" class=\"wp-image-151166\" title=\"\" srcset=\"https:\/\/loudavymkrokem.cz\/wp-content\/uploads\/2026\/04\/vysehrad-4346.jpg 1200w, https:\/\/loudavymkrokem.cz\/wp-content\/uploads\/2026\/04\/vysehrad-4346-300x200.jpg 300w, https:\/\/loudavymkrokem.cz\/wp-content\/uploads\/2026\/04\/vysehrad-4346-700x467.jpg 700w, https:\/\/loudavymkrokem.cz\/wp-content\/uploads\/2026\/04\/vysehrad-4346-768x512.jpg 768w, https:\/\/loudavymkrokem.cz\/wp-content\/uploads\/2026\/04\/vysehrad-4346-696x464.jpg 696w\" sizes=\"auto, (max-width: 1200px) 100vw, 1200px\"><figcaption class=\"wp-element-caption\">Plac zabaw na Wyszehradzie<\/figcaption><\/figure>\n<h2 class=\"wp-block-heading\"><span class=\"ez-toc-section\" id=\"Praktyczne_informacje_dla_waszej_wizyty\"><\/span><span class=\"ez-toc-section\" id=\"Praktyczne_informacje_dla_waszej_wizyty\"><\/span>Praktyczne informacje dla waszej wizyty<span class=\"ez-toc-section-end\"><\/span><span class=\"ez-toc-section-end\"><\/span><\/h2>\n<p>Zanim wybierzecie si\u0119 na Wyszehrad, zebra\u0142am dla was kilka praktycznych informacji dotycz\u0105cych dojazdu, jedzenia i bilet\u00f3w.<\/p>\n<p><strong>Dojazd \u2013 jak si\u0119 tam dosta\u0107:<\/strong> Naj\u0142atwiejszy dojazd na Wyszehrad to czerwona linia metra C do stacji Vy\u0161ehrad. Stamt\u0105d idzie si\u0119 oko\u0142o 10 minut pieszo po zupe\u0142nie p\u0142askim terenie obok Centrum Kongresowego a\u017c do Bramy T\u00e1borskiej. Ta trasa jest idealna dla w\u00f3zk\u00f3w dzieci\u0119cych i os\u00f3b o ograniczonej mobilno\u015bci. Drug\u0105, nieco bardziej romantyczn\u0105 opcj\u0105 jest dojazd tramwajem (linie 2, 3, 17, 21) na przystanek V\u00fdto\u0148 i podej\u015bcie pod g\u00f3r\u0119 wzd\u0142u\u017c mur\u00f3w. To wprawdzie do\u015b\u0107 strome podej\u015bcie, ale stopniowo otwieraj\u0105 si\u0119 wspania\u0142e widoki na rzek\u0119. Jednorazowy bilet <strong>30-minutowy<\/strong> na komunikacj\u0119 miejsk\u0105 kosztuje ok. <strong>1,20 \u20ac<\/strong>, bilet ca\u0142odzienny to ok. <strong>6 \u20ac<\/strong>. Je\u015bli przyje\u017cd\u017cacie z Polski \u2013 z Warszawy czy Krakowa \u2013 do Pragi szybko dojedziecie poci\u0105giem (np. Leo Express lub RegioJet z Krakowa) albo tanimi lotami Wizz Air i Ryanair.<\/p>\n<p><strong>Jedzenie i picie:<\/strong> Bezpo\u015brednio na terenie Wyszehradu jest kilka kawiarni i restauracji, do kt\u00f3rych mo\u017cna wst\u0105pi\u0107. My byli\u015bmy ostatnio na ciastku i kawie, kiedy nasz syn 30 minut po \u015bniadaniu koniecznie potrzebowa\u0142 czego\u015b do przek\u0105szenia.<\/p>\n<p><strong>Bilety wst\u0119pu i godziny otwarcia:<\/strong> Jak ju\u017c wspomnia\u0142am, sam teren \u2013 parki, \u015bcie\u017cki, mury \u2013 jest otwarty ca\u0142odobowo i bezp\u0142atnie. P\u0142aci si\u0119 jedynie za wst\u0119p do konkretnych obiekt\u00f3w:<\/p>\n<ul class=\"wp-block-list\">\n<li>Bazylika \u015bw. Piotra i Paw\u0142a: ok. 5 \u20ac (codziennie, niedziela od 12:00)<\/li>\n<li>Kazamaty i Gorlice: ok. 5,50 \u20ac (codziennie 9:30\u201317:00\/18:00)<\/li>\n<li>Cmentarz wyszehradzki: bezp\u0142atnie (otwarty codziennie, zamykany o 16:00 lub 18:00 w zale\u017cno\u015bci od sezonu).<\/li>\n<\/ul>\n<figure class=\"wp-block-image size-full\"><img loading=\"lazy\" decoding=\"async\" width=\"1200\" height=\"800\" src=\"https:\/\/loudavymkrokem.cz\/wp-content\/uploads\/2026\/04\/vysehrad-4349.jpg\" alt=\"Kawiarnia na Wyszehradzie\" class=\"wp-image-151169\" title=\"\" srcset=\"https:\/\/loudavymkrokem.cz\/wp-content\/uploads\/2026\/04\/vysehrad-4349.jpg 1200w, https:\/\/loudavymkrokem.cz\/wp-content\/uploads\/2026\/04\/vysehrad-4349-300x200.jpg 300w, https:\/\/loudavymkrokem.cz\/wp-content\/uploads\/2026\/04\/vysehrad-4349-700x467.jpg 700w, https:\/\/loudavymkrokem.cz\/wp-content\/uploads\/2026\/04\/vysehrad-4349-768x512.jpg 768w, https:\/\/loudavymkrokem.cz\/wp-content\/uploads\/2026\/04\/vysehrad-4349-696x464.jpg 696w\" sizes=\"auto, (max-width: 1200px) 100vw, 1200px\"><figcaption class=\"wp-element-caption\">Kawiarnia Bystro na Wyszehradzie<\/figcaption><\/figure>\n<h2 class=\"wp-block-heading\"><span class=\"ez-toc-section\" id=\"Co_dalej\"><\/span><span class=\"ez-toc-section\" id=\"Co_dalej\"><\/span>Co dalej<span class=\"ez-toc-section-end\"><\/span><span class=\"ez-toc-section-end\"><\/span><\/h2>\n<ul class=\"wp-block-list\">\n<li>Przygotowujecie ca\u0142y plan podr\u00f3\u017cy? Przeczytajcie m\u00f3j du\u017cy przewodnik <a href=\"https:\/\/loudavymkrokem.cz\/pl\/co-videt-in-the-powder\/\">Co zobaczy\u0107 w Pradze<\/a>, gdzie znajdziecie dziesi\u0105tki kolejnych wskaz\u00f3wek poza g\u0142\u00f3wnymi szlakami turystycznymi.<\/li>\n<li>Je\u015bli chcecie por\u00f3wna\u0107 spokojny Wyszehrad z jego s\u0142awniejszym rodze\u0144stwem, zajrzyjcie do artyku\u0142u o <a href=\"https:\/\/loudavymkrokem.cz\/pl\/?p=141653\">Zamku Praskim<\/a>.<\/li>\n<li>Podr\u00f3\u017cujecie z ma\u0142ymi dzie\u0107mi? Przyda si\u0119 wam specjalny poradnik <a href=\"https:\/\/loudavymkrokem.cz\/pl\/praga-czechy-atrakcje-maluch\/\">Co robi\u0107 z maluchem w Pradze<\/a>, gdzie dziel\u0119 si\u0119 ulubionymi placami zabaw i kawiarniami przyjaznymi rodzinom.<\/li>\n<\/ul>\n<h2 class=\"wp-block-heading\"><span class=\"ez-toc-section\" id=\"Najczesciej_zadawane_pytania\"><\/span><span class=\"ez-toc-section\" id=\"Najczesciej_zadawane_pytania\"><\/span>Najcz\u0119\u015bciej zadawane pytania<span class=\"ez-toc-section-end\"><\/span><span class=\"ez-toc-section-end\"><\/span><\/h2>\n<div id=\"rank-math-faq\" class=\"rank-math-block\">\n<div class=\"rank-math-list \">\n<div id=\"faq-question-1777055066991\" class=\"rank-math-list-item\">\n<h3 class=\"rank-math-question \"><span class=\"ez-toc-section\" id=\"Czy_wstep_na_Wyszehrad_jest_platny\"><\/span><span class=\"ez-toc-section\" id=\"Czy_wstep_na_Wyszehrad_jest_platny\"><\/span><strong>Czy wst\u0119p na Wyszehrad jest p\u0142atny?<\/strong><span class=\"ez-toc-section-end\"><\/span><span class=\"ez-toc-section-end\"><\/span><\/h3>\n<div class=\"rank-math-answer \">\n<p>Nie, wst\u0119p na ca\u0142y teren zewn\u0119trzny, mury i do park\u00f3w jest ca\u0142kowicie bezp\u0142atny. P\u0142acicie jedynie wtedy, gdy chcecie wej\u015b\u0107 do \u015brodka bazyliki, podziemnych kazamat lub galerii.<\/p>\n<\/div>\n<\/div>\n<div id=\"faq-question-1777055079043\" class=\"rank-math-list-item\">\n<h3 class=\"rank-math-question \"><span class=\"ez-toc-section\" id=\"Czy_moge_zabrac_na_Wyszehrad_psa\"><\/span><span class=\"ez-toc-section\" id=\"Czy_moge_zabrac_na_Wyszehrad_psa\"><\/span><strong>Czy mog\u0119 zabra\u0107 na Wyszehrad psa?<\/strong> <span class=\"ez-toc-section-end\"><\/span><span class=\"ez-toc-section-end\"><\/span><\/h3>\n<div class=\"rank-math-answer \">\n<p>Tak, Wyszehrad jest bardzo popularny w\u015br\u00f3d miejscowych w\u0142a\u015bcicieli ps\u00f3w. Psy musz\u0105 jednak by\u0107 na terenie narodowego zabytku kultury na smyczy i nie mog\u0105 wchodzi\u0107 na plac zabaw ani na cmentarz.<\/p>\n<\/div>\n<\/div>\n<div id=\"faq-question-1777055083751\" class=\"rank-math-list-item\">\n<h3 class=\"rank-math-question \"><span class=\"ez-toc-section\" id=\"Czy_Wyszehrad_jest_odpowiedni_dla_wozkow_i_osob_na_wozkach_inwalidzkich\"><\/span><span class=\"ez-toc-section\" id=\"Czy_Wyszehrad_jest_odpowiedni_dla_wozkow_i_osob_na_wozkach_inwalidzkich\"><\/span><strong>Czy Wyszehrad jest odpowiedni dla w\u00f3zk\u00f3w i os\u00f3b na w\u00f3zkach inwalidzkich?<\/strong><span class=\"ez-toc-section-end\"><\/span><span class=\"ez-toc-section-end\"><\/span><\/h3>\n<div class=\"rank-math-answer \">\n<p>Zdecydowanie tak. Je\u015bli przyjedziecie metrem C do stacji Vy\u0161ehrad, ca\u0142a droga a\u017c do bazyliki i g\u0142\u00f3wna trasa po murach prowadzi po asfaltowych, p\u0142askich \u015bcie\u017ckach bez schod\u00f3w. Jedynie niekt\u00f3re boczne alejki maj\u0105 bruk z kostki.<\/p>\n<\/div>\n<\/div>\n<div id=\"faq-question-1777055092052\" class=\"rank-math-list-item\">\n<h3 class=\"rank-math-question \"><span class=\"ez-toc-section\" id=\"Ile_trwa_zwiedzanie_Wyszehradu\"><\/span><span class=\"ez-toc-section\" id=\"Ile_trwa_zwiedzanie_Wyszehradu\"><\/span><strong>Ile trwa zwiedzanie Wyszehradu?<\/strong><span class=\"ez-toc-section-end\"><\/span><span class=\"ez-toc-section-end\"><\/span><\/h3>\n<div class=\"rank-math-answer \">\n<p>Na spokojny spacer po\u0142\u0105czony z widokami z mur\u00f3w i odwiedzinami cmentarza polecam zarezerwowa\u0107 sobie 2 do 3 godzin. Z odwiedzinami wn\u0119trz i obiadem z \u0142atwo\u015bci\u0105 sp\u0119dzicie tu p\u00f3\u0142 dnia.<\/p>\n<\/div>\n<\/div>\n<div id=\"faq-question-1777055100734\" class=\"rank-math-list-item\">\n<h3 class=\"rank-math-question \"><span class=\"ez-toc-section\" id=\"Gdzie_mozna_zaparkowac_przy_Wyszehradzie\"><\/span><span class=\"ez-toc-section\" id=\"Gdzie_mozna_zaparkowac_przy_Wyszehradzie\"><\/span><strong>Gdzie mo\u017cna zaparkowa\u0107 przy Wyszehradzie?<\/strong> <span class=\"ez-toc-section-end\"><\/span><span class=\"ez-toc-section-end\"><\/span><\/h3>\n<div class=\"rank-math-answer \">\n<p>Najlepiej zostawi\u0107 samoch\u00f3d w strefach p\u0142atnego parkowania w okolicy stacji metra Vy\u0161ehrad lub na dole w Podol\u00ed przy szpitalu i reszt\u0119 drogi pokona\u0107 pieszo.<\/p>\n<\/div>\n<\/div>\n<div id=\"faq-question-1777055115685\" class=\"rank-math-list-item\">\n<h3 class=\"rank-math-question \"><span class=\"ez-toc-section\" id=\"Czy_rotunda_sw_Marcina_jest_normalnie_dostepna\"><\/span><span class=\"ez-toc-section\" id=\"Czy_rotunda_sw_Marcina_jest_normalnie_dostepna\"><\/span><strong>Czy rotunda \u015bw. Marcina jest normalnie dost\u0119pna?<\/strong><span class=\"ez-toc-section-end\"><\/span><span class=\"ez-toc-section-end\"><\/span><\/h3>\n<div class=\"rank-math-answer \">\n<p>Nie, rotunda jest ze wzgl\u0119d\u00f3w bezpiecze\u0144stwa i ochrony zabytk\u00f3w przez wi\u0119kszo\u015b\u0107 roku zamkni\u0119ta \u2013 z zewn\u0105trz mo\u017cna j\u0105 obejrze\u0107 jedynie zza ogrodzenia. Otwiera si\u0119 wyj\u0105tkowo, na przyk\u0142ad podczas Nocy Ko\u015bcio\u0142\u00f3w lub Dni Europejskiego Dziedzictwa.<\/p>\n<\/div>\n<\/div>\n<\/div>\n<\/div>\n","protected":false},"excerpt":{"rendered":"<p>Wyszehrad to jedno z moich ulubionych miejsc w Pradze \u2013 jest tu spokojnie, nie ma t\u0142um\u00f3w, a widoki na miasto s\u0105 absolutnie najpi\u0119kniejsze.<\/p>\n","protected":false},"author":3,"featured_media":151159,"comment_status":"open","ping_status":"open","sticky":false,"template":"","format":"standard","meta":{"footnotes":"","rank_math_title":"","rank_math_description":"","rank_math_focus_keyword":"","rank_math_seo_score":""},"categories":[275,267,740],"tags":[],"class_list":{"0":"post-151237","1":"post","2":"type-post","3":"status-publish","4":"format-standard","5":"has-post-thumbnail","7":"category-czechy","8":"category-europa","9":"category-podroze"},"featured_image_src":"https:\/\/loudavymkrokem.cz\/wp-content\/uploads\/2026\/04\/vysehrad-4316.jpg","author_info":{"display_name":"Lucie Kone\u010dn\u00e1","author_link":"https:\/\/loudavymkrokem.cz\/pl\/author\/lucie-konecna\/"},"_links":{"self":[{"href":"https:\/\/loudavymkrokem.cz\/pl\/wp-json\/wp\/v2\/posts\/151237","targetHints":{"allow":["GET"]}}],"collection":[{"href":"https:\/\/loudavymkrokem.cz\/pl\/wp-json\/wp\/v2\/posts"}],"about":[{"href":"https:\/\/loudavymkrokem.cz\/pl\/wp-json\/wp\/v2\/types\/post"}],"author":[{"embeddable":true,"href":"https:\/\/loudavymkrokem.cz\/pl\/wp-json\/wp\/v2\/users\/3"}],"replies":[{"embeddable":true,"href":"https:\/\/loudavymkrokem.cz\/pl\/wp-json\/wp\/v2\/comments?post=151237"}],"version-history":[{"count":1,"href":"https:\/\/loudavymkrokem.cz\/pl\/wp-json\/wp\/v2\/posts\/151237\/revisions"}],"predecessor-version":[{"id":151518,"href":"https:\/\/loudavymkrokem.cz\/pl\/wp-json\/wp\/v2\/posts\/151237\/revisions\/151518"}],"wp:featuredmedia":[{"embeddable":true,"href":"https:\/\/loudavymkrokem.cz\/pl\/wp-json\/wp\/v2\/media\/151159"}],"wp:attachment":[{"href":"https:\/\/loudavymkrokem.cz\/pl\/wp-json\/wp\/v2\/media?parent=151237"}],"wp:term":[{"taxonomy":"category","embeddable":true,"href":"https:\/\/loudavymkrokem.cz\/pl\/wp-json\/wp\/v2\/categories?post=151237"},{"taxonomy":"post_tag","embeddable":true,"href":"https:\/\/loudavymkrokem.cz\/pl\/wp-json\/wp\/v2\/tags?post=151237"}],"curies":[{"name":"wp","href":"https:\/\/api.w.org\/{rel}","templated":true}]}}