{"id":418529,"date":"2026-09-04T10:00:00","date_gmt":"2026-09-04T08:00:00","guid":{"rendered":"https:\/\/loudavymkrokem.cz\/varna-bulgarije-tips\/"},"modified":"2026-09-05T21:21:35","modified_gmt":"2026-09-05T19:21:35","slug":"varna-bulgarije-tips","status":"publish","type":"post","link":"https:\/\/loudavymkrokem.cz\/nl\/varna-bulgarije-tips\/","title":{"rendered":"Varna, Bulgarije: 20 tips voor de mooiste badstad aan zee 2026"},"content":{"rendered":"\n<p class=\"wp-block-paragraph\">Als je aan Bulgarije denkt, zie je waarschijnlijk eindeloze rijen hotels aan de Zonnestrand voor je. Maar <strong>Varna in Bulgarije<\/strong> is een heel ander verhaal \u2014 en een reiziger vindt hier meer verrassingen dan hij zou verwachten. Het archeologisch museum, dat het oudste bewerkte goud ter wereld herbergt, werd opgericht door de Tsjech Karel \u0160korpil. De reusachtige Zeetuin, de trots van de hele kust, werd ontworpen door de Tsjechische architect Anton Nov\u00e1k. En als je bij een halte van het openbaar vervoer gaat staan, is de kans groot dat je meerijdt in een Tsjechische \u0160koda-trolleybus.<\/p>\n\n\n\n<p class=\"wp-block-paragraph\">Varna is dus niet zomaar een kunstmatige zomerresort, maar de <strong>op twee na grootste stad van Bulgarije<\/strong>, die het hele jaar door in zijn eigen tempo leeft. Je vindt er de grootste Romeinse baden van de Balkan, schaduwrijke boulevards vol caf\u00e9s en stadsstranden waar je zo vanuit het historische centrum naartoe wandelt. Het is precies zo&#8217;n bestemming waar je &#8217;s ochtends Thracische opgravingen kunt bewonderen, &#8217;s middags een heerlijke shopska-salade eet in een traditionele mehana en de rest van de dag ligt te luieren op het fijne zand aan de Zwarte Zee.<\/p>\n\n\n\n<p class=\"wp-block-paragraph\">In deze gids vind je <strong>20 concrete tips over wat je in Varna kunt zien en beleven<\/strong>. Ik vertel je hoe je toeristenvallen met vervoer vermijdt, welke uitstapjes in de omgeving het mooist zijn, in welke wijk je strategisch kunt overnachten en waar je op moet letten bij het kiezen van een restaurant. Bovendien heeft Bulgarije <strong>sinds 1 januari 2026 de euro ingevoerd<\/strong>, dus geen gedoe meer met wisselen van leva en eeuwig omrekenen.<\/p>\n\n\n\n<figure data-wp-context=\"{&quot;imageId&quot;:&quot;6a9c8f2814398&quot;}\" data-wp-interactive=\"core\/image\" data-wp-key=\"6a9c8f2814398\" class=\"wp-block-image size-full wp-lightbox-container\"><img decoding=\"async\" width=\"1800\" height=\"1012\" data-wp-class--hide=\"state.isContentHidden\" data-wp-class--show=\"state.isContentVisible\" data-wp-init=\"callbacks.setButtonStyles\" data-wp-on--click=\"actions.showLightbox\" data-wp-on--load=\"callbacks.setButtonStyles\" data-wp-on--pointerdown=\"actions.preloadImage\" data-wp-on--pointerenter=\"actions.preloadImageWithDelay\" data-wp-on--pointerleave=\"actions.cancelPreload\" data-wp-on-window--resize=\"callbacks.setButtonStyles\" src=\"https:\/\/loudavymkrokem.cz\/wp-content\/uploads\/2026\/08\/bulharsko-research-varna-01-3be9ec14.jpg\" alt=\"Uitzicht op de kust en de stranden van Varna\" class=\"wp-image-407776\" title=\"\" srcset=\"https:\/\/loudavymkrokem.cz\/wp-content\/uploads\/2026\/08\/bulharsko-research-varna-01-3be9ec14.jpg 1800w, https:\/\/loudavymkrokem.cz\/wp-content\/uploads\/2026\/08\/bulharsko-research-varna-01-3be9ec14-300x169.jpg 300w, https:\/\/loudavymkrokem.cz\/wp-content\/uploads\/2026\/08\/bulharsko-research-varna-01-3be9ec14-700x394.jpg 700w, https:\/\/loudavymkrokem.cz\/wp-content\/uploads\/2026\/08\/bulharsko-research-varna-01-3be9ec14-768x432.jpg 768w, https:\/\/loudavymkrokem.cz\/wp-content\/uploads\/2026\/08\/bulharsko-research-varna-01-3be9ec14-1536x864.jpg 1536w, https:\/\/loudavymkrokem.cz\/wp-content\/uploads\/2026\/08\/bulharsko-research-varna-01-3be9ec14-696x391.jpg 696w, https:\/\/loudavymkrokem.cz\/wp-content\/uploads\/2026\/08\/bulharsko-research-varna-01-3be9ec14-1392x783.jpg 1392w\" sizes=\"(max-width: 1800px) 100vw, 1800px\" \/><button\n\t\t\tclass=\"lightbox-trigger\"\n\t\t\ttype=\"button\"\n\t\t\taria-haspopup=\"dialog\"\n\t\t\tdata-wp-bind--aria-label=\"state.thisImage.triggerButtonAriaLabel\"\n\t\t\tdata-wp-init=\"callbacks.initTriggerButton\"\n\t\t\tdata-wp-on--click=\"actions.showLightbox\"\n\t\t\tdata-wp-style--right=\"state.thisImage.buttonRight\"\n\t\t\tdata-wp-style--top=\"state.thisImage.buttonTop\"\n\t\t>\n\t\t\t<svg xmlns=\"http:\/\/www.w3.org\/2000\/svg\" width=\"12\" height=\"12\" fill=\"none\" viewBox=\"0 0 12 12\">\n\t\t\t\t<path fill=\"#fff\" d=\"M2 0a2 2 0 0 0-2 2v2h1.5V2a.5.5 0 0 1 .5-.5h2V0H2Zm2 10.5H2a.5.5 0 0 1-.5-.5V8H0v2a2 2 0 0 0 2 2h2v-1.5ZM8 12v-1.5h2a.5.5 0 0 0 .5-.5V8H12v2a2 2 0 0 1-2 2H8Zm2-12a2 2 0 0 1 2 2v2h-1.5V2a.5.5 0 0 0-.5-.5H8V0h2Z\" \/>\n\t\t\t<\/svg>\n\t\t<\/button><figcaption class=\"wp-element-caption\">Foto: karel291, CC BY 3.0 (Wikimedia Commons)<\/figcaption><\/figure>\n\n\n\n<div id=\"ez-toc-container\" class=\"ez-toc-v2_0_87 ez-toc-wrap-left counter-hierarchy ez-toc-counter ez-toc-grey ez-toc-container-direction\">\n<div class=\"ez-toc-title-container\">\n<p class=\"ez-toc-title\" style=\"cursor:inherit\">Inhoud van het artikel<\/p>\n<span class=\"ez-toc-title-toggle\"><a href=\"#\" class=\"ez-toc-pull-right ez-toc-btn ez-toc-btn-xs ez-toc-btn-default ez-toc-toggle\" aria-label=\"Toggle tabel met inhoud\"><span class=\"ez-toc-js-icon-con\"><span class=\"\"><span class=\"eztoc-hide\" style=\"display:none;\">Toggle<\/span><span class=\"ez-toc-icon-toggle-span\"><svg style=\"fill: #999;color:#999\" xmlns=\"http:\/\/www.w3.org\/2000\/svg\" class=\"list-377408\" width=\"20px\" height=\"20px\" viewBox=\"0 0 24 24\" fill=\"none\"><path d=\"M6 6H4v2h2V6zm14 0H8v2h12V6zM4 11h2v2H4v-2zm16 0H8v2h12v-2zM4 16h2v2H4v-2zm16 0H8v2h12v-2z\" fill=\"currentColor\"><\/path><\/svg><svg style=\"fill: #999;color:#999\" class=\"arrow-unsorted-368013\" xmlns=\"http:\/\/www.w3.org\/2000\/svg\" width=\"10px\" height=\"10px\" viewBox=\"0 0 24 24\" version=\"1.2\" baseProfile=\"tiny\"><path d=\"M18.2 9.3l-6.2-6.3-6.2 6.3c-.2.2-.3.4-.3.7s.1.5.3.7c.2.2.4.3.7.3h11c.3 0 .5-.1.7-.3.2-.2.3-.5.3-.7s-.1-.5-.3-.7zM5.8 14.7l6.2 6.3 6.2-6.3c.2-.2.3-.5.3-.7s-.1-.5-.3-.7c-.2-.2-.4-.3-.7-.3h-11c-.3 0-.5.1-.7.3-.2.2-.3.5-.3.7s.1.5.3.7z\"\/><\/svg><\/span><\/span><\/span><\/a><\/span><\/div>\n<nav><ul class='ez-toc-list ez-toc-list-level-1 ' ><ul class='ez-toc-list-level-3' ><li class='ez-toc-heading-level-3'><a class=\"ez-toc-link ez-toc-heading-1\" href=\"https:\/\/loudavymkrokem.cz\/nl\/varna-bulgarije-tips\/#Samenvatting_voor_wie_geen_tijd_heeft_om_het_hele_artikel_te_lezen\" >Samenvatting voor wie geen tijd heeft om het hele artikel te lezen<\/a><\/li><\/ul><\/li><li class='ez-toc-page-1 ez-toc-heading-level-2'><a class=\"ez-toc-link ez-toc-heading-2\" href=\"https:\/\/loudavymkrokem.cz\/nl\/varna-bulgarije-tips\/#Wat_kost_het_in_Varna\" >Wat kost het in Varna<\/a><\/li><li class='ez-toc-page-1 ez-toc-heading-level-2'><a class=\"ez-toc-link ez-toc-heading-3\" href=\"https:\/\/loudavymkrokem.cz\/nl\/varna-bulgarije-tips\/#Hoe_kom_je_in_Varna_en_hoe_verplaats_je_je_er\" >Hoe kom je in Varna en hoe verplaats je je er<\/a><\/li><li class='ez-toc-page-1 ez-toc-heading-level-2'><a class=\"ez-toc-link ez-toc-heading-4\" href=\"https:\/\/loudavymkrokem.cz\/nl\/varna-bulgarije-tips\/#Historisch_centrum_en_musea\" >Historisch centrum en musea<\/a><ul class='ez-toc-list-level-3' ><li class='ez-toc-heading-level-3'><a class=\"ez-toc-link ez-toc-heading-5\" href=\"https:\/\/loudavymkrokem.cz\/nl\/varna-bulgarije-tips\/#1_Archeologisch_museum_en_het_oudste_goud_ter_wereld\" >1. Archeologisch museum en het oudste goud ter wereld<\/a><\/li><li class='ez-toc-page-1 ez-toc-heading-level-3'><a class=\"ez-toc-link ez-toc-heading-6\" href=\"https:\/\/loudavymkrokem.cz\/nl\/varna-bulgarije-tips\/#2_Romeinse_baden_Odessos\" >2. Romeinse baden (Odessos)<\/a><\/li><li class='ez-toc-page-1 ez-toc-heading-level-3'><a class=\"ez-toc-link ez-toc-heading-7\" href=\"https:\/\/loudavymkrokem.cz\/nl\/varna-bulgarije-tips\/#3_Kathedraal_van_de_Hemelvaart_van_Maria\" >3. Kathedraal van de Hemelvaart van Maria<\/a><\/li><li class='ez-toc-page-1 ez-toc-heading-level-3'><a class=\"ez-toc-link ez-toc-heading-8\" href=\"https:\/\/loudavymkrokem.cz\/nl\/varna-bulgarije-tips\/#4_Marinemuseum_en_de_torpedoboot_Drazki\" >4. Marinemuseum en de torpedoboot Drazki<\/a><\/li><li class='ez-toc-page-1 ez-toc-heading-level-3'><a class=\"ez-toc-link ez-toc-heading-9\" href=\"https:\/\/loudavymkrokem.cz\/nl\/varna-bulgarije-tips\/#5_Etnografisch_museum\" >5. Etnografisch museum<\/a><\/li><li class='ez-toc-page-1 ez-toc-heading-level-3'><a class=\"ez-toc-link ez-toc-heading-10\" href=\"https:\/\/loudavymkrokem.cz\/nl\/varna-bulgarije-tips\/#6_Retromuseum\" >6. Retromuseum<\/a><\/li><li class='ez-toc-page-1 ez-toc-heading-level-3'><a class=\"ez-toc-link ez-toc-heading-11\" href=\"https:\/\/loudavymkrokem.cz\/nl\/varna-bulgarije-tips\/#7_Klokkentoren\" >7. Klokkentoren<\/a><\/li><\/ul><\/li><li class='ez-toc-page-1 ez-toc-heading-level-2'><a class=\"ez-toc-link ez-toc-heading-12\" href=\"https:\/\/loudavymkrokem.cz\/nl\/varna-bulgarije-tips\/#De_Zeetuin_en_de_kust\" >De Zeetuin en de kust<\/a><ul class='ez-toc-list-level-3' ><li class='ez-toc-heading-level-3'><a class=\"ez-toc-link ez-toc-heading-13\" href=\"https:\/\/loudavymkrokem.cz\/nl\/varna-bulgarije-tips\/#8_De_Zeetuin\" >8. De Zeetuin<\/a><\/li><li class='ez-toc-page-1 ez-toc-heading-level-3'><a class=\"ez-toc-link ez-toc-heading-14\" href=\"https:\/\/loudavymkrokem.cz\/nl\/varna-bulgarije-tips\/#9_Aquarium_Varna\" >9. Aquarium Varna<\/a><\/li><li class='ez-toc-page-1 ez-toc-heading-level-3'><a class=\"ez-toc-link ez-toc-heading-15\" href=\"https:\/\/loudavymkrokem.cz\/nl\/varna-bulgarije-tips\/#10_Dolfinarium_Festa\" >10. Dolfinarium Festa<\/a><\/li><li class='ez-toc-page-1 ez-toc-heading-level-3'><a class=\"ez-toc-link ez-toc-heading-16\" href=\"https:\/\/loudavymkrokem.cz\/nl\/varna-bulgarije-tips\/#11_Zoo_Varna\" >11. Zoo Varna<\/a><\/li><li class='ez-toc-page-1 ez-toc-heading-level-3'><a class=\"ez-toc-link ez-toc-heading-17\" href=\"https:\/\/loudavymkrokem.cz\/nl\/varna-bulgarije-tips\/#12_Planetarium_N_Copernicus\" >12. Planetarium N. Copernicus<\/a><\/li><li class='ez-toc-page-1 ez-toc-heading-level-3'><a class=\"ez-toc-link ez-toc-heading-18\" href=\"https:\/\/loudavymkrokem.cz\/nl\/varna-bulgarije-tips\/#13_Stadsstranden_en_waterkwaliteit\" >13. Stadsstranden en waterkwaliteit<\/a><\/li><\/ul><\/li><li class='ez-toc-page-1 ez-toc-heading-level-2'><a class=\"ez-toc-link ez-toc-heading-19\" href=\"https:\/\/loudavymkrokem.cz\/nl\/varna-bulgarije-tips\/#Buiten_het_centrum\" >Buiten het centrum<\/a><ul class='ez-toc-list-level-3' ><li class='ez-toc-heading-level-3'><a class=\"ez-toc-link ez-toc-heading-20\" href=\"https:\/\/loudavymkrokem.cz\/nl\/varna-bulgarije-tips\/#14_Parkmuseum_Vladislav_Varnencik\" >14. Parkmuseum Vladislav Varnen\u010dik<\/a><\/li><li class='ez-toc-page-1 ez-toc-heading-level-3'><a class=\"ez-toc-link ez-toc-heading-21\" href=\"https:\/\/loudavymkrokem.cz\/nl\/varna-bulgarije-tips\/#15_Strand_Asparuchovo\" >15. Strand Asparuchovo<\/a><\/li><li class='ez-toc-page-1 ez-toc-heading-level-3'><a class=\"ez-toc-link ez-toc-heading-22\" href=\"https:\/\/loudavymkrokem.cz\/nl\/varna-bulgarije-tips\/#16_Sv_Konstantin_en_Elena\" >16. Sv. Konstantin en Elena<\/a><\/li><\/ul><\/li><li class='ez-toc-page-1 ez-toc-heading-level-2'><a class=\"ez-toc-link ez-toc-heading-23\" href=\"https:\/\/loudavymkrokem.cz\/nl\/varna-bulgarije-tips\/#Uitstapjes_vanuit_Varna\" >Uitstapjes vanuit Varna<\/a><ul class='ez-toc-list-level-3' ><li class='ez-toc-heading-level-3'><a class=\"ez-toc-link ez-toc-heading-24\" href=\"https:\/\/loudavymkrokem.cz\/nl\/varna-bulgarije-tips\/#17_Paleis_en_tuinen_van_Balchik\" >17. Paleis en tuinen van Balchik<\/a><\/li><li class='ez-toc-page-1 ez-toc-heading-level-3'><a class=\"ez-toc-link ez-toc-heading-25\" href=\"https:\/\/loudavymkrokem.cz\/nl\/varna-bulgarije-tips\/#18_Kaap_Kaliakra\" >18. Kaap Kaliakra<\/a><\/li><li class='ez-toc-page-1 ez-toc-heading-level-3'><a class=\"ez-toc-link ez-toc-heading-26\" href=\"https:\/\/loudavymkrokem.cz\/nl\/varna-bulgarije-tips\/#19_Klooster_Aladzja\" >19. Klooster Aladzja<\/a><\/li><li class='ez-toc-page-1 ez-toc-heading-level-3'><a class=\"ez-toc-link ez-toc-heading-27\" href=\"https:\/\/loudavymkrokem.cz\/nl\/varna-bulgarije-tips\/#20_Pobiti_kamani_en_de_Ruiter_van_Madara\" >20. Pobiti kamani en de Ruiter van Madara<\/a><\/li><\/ul><\/li><li class='ez-toc-page-1 ez-toc-heading-level-2'><a class=\"ez-toc-link ez-toc-heading-28\" href=\"https:\/\/loudavymkrokem.cz\/nl\/varna-bulgarije-tips\/#Waar_eet_je_in_Varna\" >Waar eet je in Varna<\/a><\/li><li class='ez-toc-page-1 ez-toc-heading-level-2'><a class=\"ez-toc-link ez-toc-heading-29\" href=\"https:\/\/loudavymkrokem.cz\/nl\/varna-bulgarije-tips\/#Waar_overnacht_je_in_Varna_hotels_en_wijken\" >Waar overnacht je in Varna: hotels en wijken<\/a><\/li><li class='ez-toc-page-1 ez-toc-heading-level-2'><a class=\"ez-toc-link ez-toc-heading-30\" href=\"https:\/\/loudavymkrokem.cz\/nl\/varna-bulgarije-tips\/#Wanneer_ga_je_naar_Varna_het_weer\" >Wanneer ga je naar Varna: het weer<\/a><ul class='ez-toc-list-level-3' ><li class='ez-toc-heading-level-3'><a class=\"ez-toc-link ez-toc-heading-31\" href=\"https:\/\/loudavymkrokem.cz\/nl\/varna-bulgarije-tips\/#Varna_buiten_het_seizoen\" >Varna buiten het seizoen<\/a><\/li><\/ul><\/li><li class='ez-toc-page-1 ez-toc-heading-level-2'><a class=\"ez-toc-link ez-toc-heading-32\" href=\"https:\/\/loudavymkrokem.cz\/nl\/varna-bulgarije-tips\/#Waar_je_op_moet_letten\" >Waar je op moet letten<\/a><\/li><li class='ez-toc-page-1 ez-toc-heading-level-2'><a class=\"ez-toc-link ez-toc-heading-33\" href=\"https:\/\/loudavymkrokem.cz\/nl\/varna-bulgarije-tips\/#Waar_naartoe\" >Waar naartoe<\/a><\/li><li class='ez-toc-page-1 ez-toc-heading-level-2'><a class=\"ez-toc-link ez-toc-heading-34\" href=\"https:\/\/loudavymkrokem.cz\/nl\/varna-bulgarije-tips\/#Veelgestelde_vragen\" >Veelgestelde vragen<\/a><ul class='ez-toc-list-level-3' ><li class='ez-toc-heading-level-3'><a class=\"ez-toc-link ez-toc-heading-35\" href=\"https:\/\/loudavymkrokem.cz\/nl\/varna-bulgarije-tips\/#Betaal_je_in_Varna_met_euros_of_leva\" >Betaal je in Varna met euro&#8217;s of leva?<\/a><\/li><li class='ez-toc-page-1 ez-toc-heading-level-3'><a class=\"ez-toc-link ez-toc-heading-36\" href=\"https:\/\/loudavymkrokem.cz\/nl\/varna-bulgarije-tips\/#Is_Varna_geschikt_voor_gezinnen_met_kinderen\" >Is Varna geschikt voor gezinnen met kinderen?<\/a><\/li><li class='ez-toc-page-1 ez-toc-heading-level-3'><a class=\"ez-toc-link ez-toc-heading-37\" href=\"https:\/\/loudavymkrokem.cz\/nl\/varna-bulgarije-tips\/#Hoe_zit_het_met_parkeren_in_Varna\" >Hoe zit het met parkeren in Varna?<\/a><\/li><li class='ez-toc-page-1 ez-toc-heading-level-3'><a class=\"ez-toc-link ez-toc-heading-38\" href=\"https:\/\/loudavymkrokem.cz\/nl\/varna-bulgarije-tips\/#Kun_je_vanuit_Nederland_direct_naar_Varna_vliegen\" >Kun je vanuit Nederland direct naar Varna vliegen?<\/a><\/li><li class='ez-toc-page-1 ez-toc-heading-level-3'><a class=\"ez-toc-link ez-toc-heading-39\" href=\"https:\/\/loudavymkrokem.cz\/nl\/varna-bulgarije-tips\/#Is_het_de_moeite_waard_om_buiten_de_zomervakantie_naar_Varna_te_gaan\" >Is het de moeite waard om buiten de zomervakantie naar Varna te gaan?<\/a><\/li><li class='ez-toc-page-1 ez-toc-heading-level-3'><a class=\"ez-toc-link ez-toc-heading-40\" href=\"https:\/\/loudavymkrokem.cz\/nl\/varna-bulgarije-tips\/#Hoe_kom_ik_van_Varna_naar_Golden_Sands\" >Hoe kom ik van Varna naar Golden Sands?<\/a><\/li><li class='ez-toc-page-1 ez-toc-heading-level-3'><a class=\"ez-toc-link ez-toc-heading-41\" href=\"https:\/\/loudavymkrokem.cz\/nl\/varna-bulgarije-tips\/#Is_Varna_een_veilige_stad\" >Is Varna een veilige stad?<\/a><\/li><\/ul><\/li><\/ul><\/nav><\/div>\n<h3 class=\"wp-block-heading\"><span class=\"ez-toc-section\" id=\"Samenvatting_voor_wie_geen_tijd_heeft_om_het_hele_artikel_te_lezen\"><\/span>Samenvatting voor wie geen tijd heeft om het hele artikel te lezen<span class=\"ez-toc-section-end\"><\/span><\/h3>\n\n\n\n<ul class=\"wp-block-list\">\n\n<li><strong>Wat is Varna:<\/strong> De op twee na grootste stad van Bulgarije (ruim 322 duizend inwoners) en een belangrijke zeehaven die het hele jaar door functioneert, niet alleen in de zomer.<\/li>\n\n\n\n<li><strong>Grootste trekpleister:<\/strong> De Gouden schat van Varna uit 4600\u20134200 v.Chr., het oudste bewerkte goud ter wereld.<\/li>\n\n\n\n<li><strong>Valuta en prijzen:<\/strong> Sinds 1-1-2026 betaal je in heel Bulgarije met de euro. Het dubbel weergeven van prijzen is al voorbij.<\/li>\n\n\n\n<li><strong>Stranden:<\/strong> De stad heeft ruim 22 stranden met een totale lengte van 32 kilometer. Tot de beste horen het brede Zuidstrand (Ju\u017een) en het rustigere Asparuchovo.<\/li>\n\n\n\n<li><strong>Vervoer:<\/strong> Het vliegveld ligt op slechts 8 kilometer; buslijn 409 brengt je in nog geen twintig minuten naar het centrum.<\/li>\n\n\n\n<li><strong>Wanneer gaan:<\/strong> Augustus is het droogst en warmst, maar voor cultuur en bezienswaardigheden loont het ook om in het voorjaar of najaar te komen.<\/li>\n\n\n\n<li><strong>Uitstapjes in de omgeving:<\/strong> Vanuit Varna bereik je makkelijk de kliffen van Kaap Kaliakra, het rotsklooster Aladzja of het unieke Stenen Woud (Pobiti kamani).<\/li>\n\n\n<\/ul>\n\n\n\n<figure class=\"wp-block-table\"><table><thead><tr><th>#<\/th><th>Plek<\/th><th>Type<\/th><th>Entree 2026<\/th><\/tr><\/thead><tbody><tr><td>1<\/td><td>Archeologisch museum<\/td><td>Geschiedenis<\/td><td>10,00 \u20ac<\/td><\/tr><tr><td>2<\/td><td>Romeinse baden<\/td><td>Antieke bezienswaardigheid<\/td><td>4,00 \u20ac<\/td><\/tr><tr><td>3<\/td><td>Kathedraal van de Hemelvaart van Maria<\/td><td>Kerkgebouw<\/td><td>Gratis<\/td><\/tr><tr><td>4<\/td><td>Marinemuseum<\/td><td>Militaire geschiedenis<\/td><td>4,09 \u20ac (combi)<\/td><\/tr><tr><td>5<\/td><td>Etnografisch museum<\/td><td>Cultuur en tradities<\/td><td>5,00 \u20ac<\/td><\/tr><tr><td>6<\/td><td>Retromuseum (Grand Mall)<\/td><td>Moderne geschiedenis<\/td><td>Ca. 15,34 \u20ac<\/td><\/tr><tr><td>7<\/td><td>Klokkentoren<\/td><td>Architectuur<\/td><td>Van buiten gratis<\/td><\/tr><tr><td>8<\/td><td>Zeetuin<\/td><td>Park en ontspanning<\/td><td>Gratis<\/td><\/tr><tr><td>9<\/td><td>Aquarium<\/td><td>Natuur<\/td><td>2,00 \u20ac<\/td><\/tr><tr><td>10<\/td><td>Dolfinarium Festa<\/td><td>Amusement<\/td><td>14,00 \u2013 26,00 \u20ac (per seizoen)<\/td><\/tr><tr><td>11<\/td><td>Zoo Varna<\/td><td>Natuur<\/td><td>3,00 \u20ac<\/td><\/tr><tr><td>12<\/td><td>Planetarium N. Copernicus<\/td><td>Educatie<\/td><td>3,58 \u20ac<\/td><\/tr><tr><td>13<\/td><td>Stadsstranden<\/td><td>Zwemmen<\/td><td>Gratis (ligbed ca. 3,5\u20135 \u20ac)<\/td><\/tr><tr><td>14<\/td><td>Parkmuseum Vladislav Varnen\u010dik<\/td><td>Geschiedenis<\/td><td>4,09 \u20ac<\/td><\/tr><tr><td>15<\/td><td>Strand Asparuchovo<\/td><td>Zwemmen<\/td><td>Gratis<\/td><\/tr><tr><td>16<\/td><td>Sv. Konstantin en Elena<\/td><td>Thermaalbaden<\/td><td>Afhankelijk van resort<\/td><\/tr><tr><td>17<\/td><td>Paleis en tuinen van Balchik<\/td><td>Uitstapje (geschiedenis\/natuur)<\/td><td>10,00 \u20ac (paleis) + 10,00 \u20ac (tuin)<\/td><\/tr><tr><td>18<\/td><td>Kaap Kaliakra<\/td><td>Uitstapje (natuur\/geschiedenis)<\/td><td>Ca. 3,00 \u20ac<\/td><\/tr><tr><td>19<\/td><td>Klooster Aladzja<\/td><td>Uitstapje (rotsklooster)<\/td><td>5,00 \u20ac<\/td><\/tr><tr><td>20<\/td><td>Pobiti kamani en de Ruiter van Madara<\/td><td>Uitstapje (natuur\/UNESCO)<\/td><td>3,00 \u20ac \/ ca. 3,58 \u20ac<\/td><\/tr><\/tbody><\/table><\/figure>\n\n\n\n<figure data-wp-context=\"{&quot;imageId&quot;:&quot;6a9c8f2814dbe&quot;}\" data-wp-interactive=\"core\/image\" data-wp-key=\"6a9c8f2814dbe\" class=\"wp-block-image size-full wp-lightbox-container\"><img decoding=\"async\" width=\"1800\" height=\"892\" data-wp-class--hide=\"state.isContentHidden\" data-wp-class--show=\"state.isContentVisible\" data-wp-init=\"callbacks.setButtonStyles\" data-wp-on--click=\"actions.showLightbox\" data-wp-on--load=\"callbacks.setButtonStyles\" data-wp-on--pointerdown=\"actions.preloadImage\" data-wp-on--pointerenter=\"actions.preloadImageWithDelay\" data-wp-on--pointerleave=\"actions.cancelPreload\" data-wp-on-window--resize=\"callbacks.setButtonStyles\" src=\"https:\/\/loudavymkrokem.cz\/wp-content\/uploads\/2026\/08\/bulharsko-research-varna-02-57328bc9.jpg\" alt=\"Kraampjes met levensmiddelen op de centrale markt in Varna\" class=\"wp-image-407777\" title=\"\" srcset=\"https:\/\/loudavymkrokem.cz\/wp-content\/uploads\/2026\/08\/bulharsko-research-varna-02-57328bc9.jpg 1800w, https:\/\/loudavymkrokem.cz\/wp-content\/uploads\/2026\/08\/bulharsko-research-varna-02-57328bc9-300x149.jpg 300w, https:\/\/loudavymkrokem.cz\/wp-content\/uploads\/2026\/08\/bulharsko-research-varna-02-57328bc9-700x347.jpg 700w, https:\/\/loudavymkrokem.cz\/wp-content\/uploads\/2026\/08\/bulharsko-research-varna-02-57328bc9-768x381.jpg 768w, https:\/\/loudavymkrokem.cz\/wp-content\/uploads\/2026\/08\/bulharsko-research-varna-02-57328bc9-1536x761.jpg 1536w, https:\/\/loudavymkrokem.cz\/wp-content\/uploads\/2026\/08\/bulharsko-research-varna-02-57328bc9-696x345.jpg 696w, https:\/\/loudavymkrokem.cz\/wp-content\/uploads\/2026\/08\/bulharsko-research-varna-02-57328bc9-1392x690.jpg 1392w\" sizes=\"(max-width: 1800px) 100vw, 1800px\" \/><button\n\t\t\tclass=\"lightbox-trigger\"\n\t\t\ttype=\"button\"\n\t\t\taria-haspopup=\"dialog\"\n\t\t\tdata-wp-bind--aria-label=\"state.thisImage.triggerButtonAriaLabel\"\n\t\t\tdata-wp-init=\"callbacks.initTriggerButton\"\n\t\t\tdata-wp-on--click=\"actions.showLightbox\"\n\t\t\tdata-wp-style--right=\"state.thisImage.buttonRight\"\n\t\t\tdata-wp-style--top=\"state.thisImage.buttonTop\"\n\t\t>\n\t\t\t<svg xmlns=\"http:\/\/www.w3.org\/2000\/svg\" width=\"12\" height=\"12\" fill=\"none\" viewBox=\"0 0 12 12\">\n\t\t\t\t<path fill=\"#fff\" d=\"M2 0a2 2 0 0 0-2 2v2h1.5V2a.5.5 0 0 1 .5-.5h2V0H2Zm2 10.5H2a.5.5 0 0 1-.5-.5V8H0v2a2 2 0 0 0 2 2h2v-1.5ZM8 12v-1.5h2a.5.5 0 0 0 .5-.5V8H12v2a2 2 0 0 1-2 2H8Zm2-12a2 2 0 0 1 2 2v2h-1.5V2a.5.5 0 0 0-.5-.5H8V0h2Z\" \/>\n\t\t\t<\/svg>\n\t\t<\/button><figcaption class=\"wp-element-caption\">Foto: Victoria Rangelova (Google Maps)<\/figcaption><\/figure>\n\n\n\n<h2 class=\"wp-block-heading\"><span class=\"ez-toc-section\" id=\"Wat_kost_het_in_Varna\"><\/span>Wat kost het in Varna<span class=\"ez-toc-section-end\"><\/span><\/h2>\n\n\n\n<p class=\"wp-block-paragraph\">Bulgarije heeft <strong>sinds 1 januari 2026 officieel de euro ingevoerd<\/strong>. De vaste koers is bepaald op 1 \u20ac = 1,95583 lev. De periode waarin prijzen verplicht in beide valuta moesten worden weergegeven, eindigde op 8 augustus 2026, dus tegenwoordig zie je op menukaarten en in winkels <strong>alleen nog euro&#8217;s<\/strong>. Voor ons is dat een enorme opluchting, want het zoeken naar een eerlijk wisselkantoor en het omrekenen van leva is voorbij.<\/p>\n\n\n\n<p class=\"wp-block-paragraph\">Let bij het plannen van je budget goed op waar je eet. <strong>In Varna is het verschil tussen zaken voor locals en de toeristische promenade enorm.<\/strong> Terwijl je in een traditionele mehana in het centrum (de zogenoemde Griekse wijk) rond de 9 \u00e0 10 euro betaalt voor een vegetarisch hoofdgerecht en iets meer dan 6 euro voor een shopska-salade, kost diezelfde salade op de strandboulevard (Krajbre\u017ena aleja) al snel 14 euro en loopt een hoofdgerecht op tot 20 \u00e0 30 euro. <strong>Het verschil bedraagt dus gerust 200 tot 300 procent.<\/strong><\/p>\n\n\n\n<p class=\"wp-block-paragraph\"><strong>Tabel met richtprijzen in Varna (2026):<\/strong><\/p>\n\n\n\n<figure class=\"wp-block-table\"><table><thead><tr><th>Onderdeel<\/th><th>Prijs in euro<\/th><\/tr><\/thead><tbody><tr><td>Kaartje openbaar vervoer (via app)<\/td><td>0,51 \u20ac<\/td><\/tr><tr><td>Instaptarief taxi \/ prijs per 1 km<\/td><td>1,58 \u20ac \/ 0,79 \u20ac<\/td><\/tr><tr><td>Espresso in een caf\u00e9<\/td><td>1,99 \u20ac<\/td><\/tr><tr><td>Getapt bier (0,5 l) in een restaurant<\/td><td>2,50 \u2013 2,56 \u20ac<\/td><\/tr><tr><td>Lunch in een traditionele mehana (niet aan het strand)<\/td><td>10,00 \u2013 12,00 \u20ac<\/td><\/tr><tr><td>Diner voor twee in een middenklasserestaurant<\/td><td>ca. 52,00 \u20ac<\/td><\/tr><tr><td>Ligbed op het strand huren<\/td><td>3,50 \u2013 5,00 \u20ac<\/td><\/tr><tr><td>Entree voor de belangrijkste musea<\/td><td>4,00 \u2013 10,00 \u20ac<\/td><\/tr><\/tbody><\/table><\/figure>\n\n\n\n<figure data-wp-context=\"{&quot;imageId&quot;:&quot;6a9c8f2815657&quot;}\" data-wp-interactive=\"core\/image\" data-wp-key=\"6a9c8f2815657\" class=\"wp-block-image size-full wp-lightbox-container\"><img decoding=\"async\" width=\"1800\" height=\"1350\" data-wp-class--hide=\"state.isContentHidden\" data-wp-class--show=\"state.isContentVisible\" data-wp-init=\"callbacks.setButtonStyles\" data-wp-on--click=\"actions.showLightbox\" data-wp-on--load=\"callbacks.setButtonStyles\" data-wp-on--pointerdown=\"actions.preloadImage\" data-wp-on--pointerenter=\"actions.preloadImageWithDelay\" data-wp-on--pointerleave=\"actions.cancelPreload\" data-wp-on-window--resize=\"callbacks.setButtonStyles\" src=\"https:\/\/loudavymkrokem.cz\/wp-content\/uploads\/2026\/08\/bulharsko-research-varna-03-2c415b95.jpg\" alt=\"\u0160koda-trolleybus in Varna\" class=\"wp-image-407778\" title=\"\" srcset=\"https:\/\/loudavymkrokem.cz\/wp-content\/uploads\/2026\/08\/bulharsko-research-varna-03-2c415b95.jpg 1800w, https:\/\/loudavymkrokem.cz\/wp-content\/uploads\/2026\/08\/bulharsko-research-varna-03-2c415b95-300x225.jpg 300w, https:\/\/loudavymkrokem.cz\/wp-content\/uploads\/2026\/08\/bulharsko-research-varna-03-2c415b95-700x525.jpg 700w, https:\/\/loudavymkrokem.cz\/wp-content\/uploads\/2026\/08\/bulharsko-research-varna-03-2c415b95-768x576.jpg 768w, https:\/\/loudavymkrokem.cz\/wp-content\/uploads\/2026\/08\/bulharsko-research-varna-03-2c415b95-1536x1152.jpg 1536w, https:\/\/loudavymkrokem.cz\/wp-content\/uploads\/2026\/08\/bulharsko-research-varna-03-2c415b95-80x60.jpg 80w, https:\/\/loudavymkrokem.cz\/wp-content\/uploads\/2026\/08\/bulharsko-research-varna-03-2c415b95-160x120.jpg 160w, https:\/\/loudavymkrokem.cz\/wp-content\/uploads\/2026\/08\/bulharsko-research-varna-03-2c415b95-696x522.jpg 696w, https:\/\/loudavymkrokem.cz\/wp-content\/uploads\/2026\/08\/bulharsko-research-varna-03-2c415b95-1392x1044.jpg 1392w\" sizes=\"(max-width: 1800px) 100vw, 1800px\" \/><button\n\t\t\tclass=\"lightbox-trigger\"\n\t\t\ttype=\"button\"\n\t\t\taria-haspopup=\"dialog\"\n\t\t\tdata-wp-bind--aria-label=\"state.thisImage.triggerButtonAriaLabel\"\n\t\t\tdata-wp-init=\"callbacks.initTriggerButton\"\n\t\t\tdata-wp-on--click=\"actions.showLightbox\"\n\t\t\tdata-wp-style--right=\"state.thisImage.buttonRight\"\n\t\t\tdata-wp-style--top=\"state.thisImage.buttonTop\"\n\t\t>\n\t\t\t<svg xmlns=\"http:\/\/www.w3.org\/2000\/svg\" width=\"12\" height=\"12\" fill=\"none\" viewBox=\"0 0 12 12\">\n\t\t\t\t<path fill=\"#fff\" d=\"M2 0a2 2 0 0 0-2 2v2h1.5V2a.5.5 0 0 1 .5-.5h2V0H2Zm2 10.5H2a.5.5 0 0 1-.5-.5V8H0v2a2 2 0 0 0 2 2h2v-1.5ZM8 12v-1.5h2a.5.5 0 0 0 .5-.5V8H12v2a2 2 0 0 1-2 2H8Zm2-12a2 2 0 0 1 2 2v2h-1.5V2a.5.5 0 0 0-.5-.5H8V0h2Z\" \/>\n\t\t\t<\/svg>\n\t\t<\/button><figcaption class=\"wp-element-caption\">Foto: Powerfox, CC BY-SA 4.0 (Wikimedia Commons)<\/figcaption><\/figure>\n\n\n\n<h2 class=\"wp-block-heading\"><span class=\"ez-toc-section\" id=\"Hoe_kom_je_in_Varna_en_hoe_verplaats_je_je_er\"><\/span>Hoe kom je in Varna en hoe verplaats je je er<span class=\"ez-toc-section-end\"><\/span><\/h2>\n\n\n\n<p class=\"wp-block-paragraph\"><a href=\"https:\/\/varna-airport.bg\/\" rel=\"nofollow noopener\" target=\"_blank\">Vliegveld Varna (VAR)<\/a> ligt <strong>op slechts 8 kilometer ten westen van het centrum<\/strong>. Het handelt bijna twee miljoen reizigers per jaar af en in het zomerseizoen vliegen er directe vluchten vanuit Nederland naartoe. Vanuit Amsterdam vlieg je met KLM of Transavia, en ook easyJet zet in het hoogseizoen vluchten in. De rit van het vliegveld naar het centrum is bliksemsnel: die duurt <strong>nog geen 20 minuten<\/strong>.<\/p>\n\n\n\n<p class=\"wp-block-paragraph\">De goedkoopste manier vanaf het vliegveld is <strong>buslijn 409<\/strong>, die via het busstation rechtstreeks naar het centrum bij de kathedraal rijdt en in de zomer doorrijdt tot aan de Gouden Zandstranden. Maar hier loert een <strong>grote toeristenval<\/strong>. Deze lijn wordt namelijk door twee verschillende vervoersmaatschappijen bediend. Koop je een kaartje uit de automaat, dan geldt dat alleen in de bussen van het stadsbedrijf Gradski Transport. Stopt er een bus van de andere maatschappij, dan moet je binnen opnieuw een kaartje bij de conducteur kopen.<\/p>\n\n\n\n<p class=\"wp-block-paragraph\">Voor het reizen door de stad is het openbaar vervoer redelijk betrouwbaar, maar het heeft zo zijn valkuilen. <strong>De automaten bij de haltes accepteren uitsluitend euromunten.<\/strong> Geen biljetten, geen kaarten. Heb je geen kleingeld, dan koop je simpelweg geen kaartje. De veruit beste oplossing is de <strong>nieuwe app <a href=\"https:\/\/varnatraffic.com\/\" rel=\"nofollow noopener\" target=\"_blank\">TTickets Varna<\/a> downloaden<\/strong>. Je betaalt er niet alleen mee met de kaart, maar het e-ticket kost bovendien <strong>slechts 0,51 \u20ac<\/strong>, terwijl een papieren kaartje uit de automaat je een volle euro kost.<\/p>\n\n\n\n<p class=\"wp-block-paragraph\">Wil je een auto huren, houd dan rekening met de eigenaardigheden van het parkeren hier. <strong>De blauwe zone in het centrum van Varna geldt van maandag tot en met zondag<\/strong>, wat de meest voorkomende valstrik is voor toeristen die denken dat ze in het weekend gratis parkeren. Varna heeft bovendien <strong>geen klassieke parkeerautomaten<\/strong>. Het parkeergeld (0,51 \u20ac per uur) betaal je via sms, wat vanaf een buitenlands nummer vaak onbetrouwbaar is, of veel beter <strong>via de app MPark<\/strong>. Betaal je niet, dan kost een wielklem je ruim 10 euro, die je meteen online kunt afrekenen zonder bij je auto te hoeven wachten.<\/p>\n\n\n\n<p class=\"wp-block-paragraph\">Taxi&#8217;s zijn in Varna behoorlijk goedkoop, het dagtarief is <strong>0,79 \u20ac per kilometer<\/strong>. Kies wel altijd betrouwbare bedrijven (bijvoorbeeld Triumf, Omega Trans of Hipo) en onthoud dat <strong>Bolt en Uber in Varna geen ritten aanbieden<\/strong> (Bolt biedt hier alleen steps en maaltijdbezorging). Een taxi bestellen via de telefoon of de app van het bedrijf is gratis, dus het heeft geen zin om zomaar een auto op straat aan te houden, waar je risico loopt te veel te betalen.<\/p>\n\n\n\n<figure data-wp-context=\"{&quot;imageId&quot;:&quot;6a9c8f2815e23&quot;}\" data-wp-interactive=\"core\/image\" data-wp-key=\"6a9c8f2815e23\" class=\"wp-block-image size-full wp-lightbox-container\"><img decoding=\"async\" width=\"1800\" height=\"1012\" data-wp-class--hide=\"state.isContentHidden\" data-wp-class--show=\"state.isContentVisible\" data-wp-init=\"callbacks.setButtonStyles\" data-wp-on--click=\"actions.showLightbox\" data-wp-on--load=\"callbacks.setButtonStyles\" data-wp-on--pointerdown=\"actions.preloadImage\" data-wp-on--pointerenter=\"actions.preloadImageWithDelay\" data-wp-on--pointerleave=\"actions.cancelPreload\" data-wp-on-window--resize=\"callbacks.setButtonStyles\" src=\"https:\/\/loudavymkrokem.cz\/wp-content\/uploads\/2026\/08\/bulharsko-research-varna-04-0df9e0d1.jpg\" alt=\"Gebouw van het archeologisch museum in Varna, het voormalige meisjesgymnasium\" class=\"wp-image-407779\" title=\"\" srcset=\"https:\/\/loudavymkrokem.cz\/wp-content\/uploads\/2026\/08\/bulharsko-research-varna-04-0df9e0d1.jpg 1800w, https:\/\/loudavymkrokem.cz\/wp-content\/uploads\/2026\/08\/bulharsko-research-varna-04-0df9e0d1-300x169.jpg 300w, https:\/\/loudavymkrokem.cz\/wp-content\/uploads\/2026\/08\/bulharsko-research-varna-04-0df9e0d1-700x394.jpg 700w, https:\/\/loudavymkrokem.cz\/wp-content\/uploads\/2026\/08\/bulharsko-research-varna-04-0df9e0d1-768x432.jpg 768w, https:\/\/loudavymkrokem.cz\/wp-content\/uploads\/2026\/08\/bulharsko-research-varna-04-0df9e0d1-1536x864.jpg 1536w, https:\/\/loudavymkrokem.cz\/wp-content\/uploads\/2026\/08\/bulharsko-research-varna-04-0df9e0d1-696x391.jpg 696w, https:\/\/loudavymkrokem.cz\/wp-content\/uploads\/2026\/08\/bulharsko-research-varna-04-0df9e0d1-1392x783.jpg 1392w\" sizes=\"(max-width: 1800px) 100vw, 1800px\" \/><button\n\t\t\tclass=\"lightbox-trigger\"\n\t\t\ttype=\"button\"\n\t\t\taria-haspopup=\"dialog\"\n\t\t\tdata-wp-bind--aria-label=\"state.thisImage.triggerButtonAriaLabel\"\n\t\t\tdata-wp-init=\"callbacks.initTriggerButton\"\n\t\t\tdata-wp-on--click=\"actions.showLightbox\"\n\t\t\tdata-wp-style--right=\"state.thisImage.buttonRight\"\n\t\t\tdata-wp-style--top=\"state.thisImage.buttonTop\"\n\t\t>\n\t\t\t<svg xmlns=\"http:\/\/www.w3.org\/2000\/svg\" width=\"12\" height=\"12\" fill=\"none\" viewBox=\"0 0 12 12\">\n\t\t\t\t<path fill=\"#fff\" d=\"M2 0a2 2 0 0 0-2 2v2h1.5V2a.5.5 0 0 1 .5-.5h2V0H2Zm2 10.5H2a.5.5 0 0 1-.5-.5V8H0v2a2 2 0 0 0 2 2h2v-1.5ZM8 12v-1.5h2a.5.5 0 0 0 .5-.5V8H12v2a2 2 0 0 1-2 2H8Zm2-12a2 2 0 0 1 2 2v2h-1.5V2a.5.5 0 0 0-.5-.5H8V0h2Z\" \/>\n\t\t\t<\/svg>\n\t\t<\/button><figcaption class=\"wp-element-caption\">Foto: karel291, CC BY 3.0 (Wikimedia Commons)<\/figcaption><\/figure>\n\n\n\n<h2 class=\"wp-block-heading\"><span class=\"ez-toc-section\" id=\"Historisch_centrum_en_musea\"><\/span>Historisch centrum en musea<span class=\"ez-toc-section-end\"><\/span><\/h2>\n\n\n\n<p class=\"wp-block-paragraph\">Varna heeft een prachtig, <strong>compact centrum<\/strong> dat je <strong>het beste te voet verkent<\/strong>. Je stuit er op restanten van het machtige Rome, op indrukwekkende collecties uit de dageraad van de mensheid en op sporen van de moderne geschiedenis.<\/p>\n\n\n\n<figure data-wp-context=\"{&quot;imageId&quot;:&quot;6a9c8f28164c4&quot;}\" data-wp-interactive=\"core\/image\" data-wp-key=\"6a9c8f28164c4\" class=\"wp-block-image size-full wp-lightbox-container\"><img decoding=\"async\" width=\"1800\" height=\"1207\" data-wp-class--hide=\"state.isContentHidden\" data-wp-class--show=\"state.isContentVisible\" data-wp-init=\"callbacks.setButtonStyles\" data-wp-on--click=\"actions.showLightbox\" data-wp-on--load=\"callbacks.setButtonStyles\" data-wp-on--pointerdown=\"actions.preloadImage\" data-wp-on--pointerenter=\"actions.preloadImageWithDelay\" data-wp-on--pointerleave=\"actions.cancelPreload\" data-wp-on-window--resize=\"callbacks.setButtonStyles\" src=\"https:\/\/loudavymkrokem.cz\/wp-content\/uploads\/2026\/08\/bulharsko-research-varna-05-d71bfb98.jpg\" alt=\"De Gouden schat van Varna in het archeologisch museum\" class=\"wp-image-407780\" title=\"\" srcset=\"https:\/\/loudavymkrokem.cz\/wp-content\/uploads\/2026\/08\/bulharsko-research-varna-05-d71bfb98.jpg 1800w, https:\/\/loudavymkrokem.cz\/wp-content\/uploads\/2026\/08\/bulharsko-research-varna-05-d71bfb98-300x201.jpg 300w, https:\/\/loudavymkrokem.cz\/wp-content\/uploads\/2026\/08\/bulharsko-research-varna-05-d71bfb98-700x469.jpg 700w, https:\/\/loudavymkrokem.cz\/wp-content\/uploads\/2026\/08\/bulharsko-research-varna-05-d71bfb98-768x515.jpg 768w, https:\/\/loudavymkrokem.cz\/wp-content\/uploads\/2026\/08\/bulharsko-research-varna-05-d71bfb98-1536x1030.jpg 1536w, https:\/\/loudavymkrokem.cz\/wp-content\/uploads\/2026\/08\/bulharsko-research-varna-05-d71bfb98-696x467.jpg 696w, https:\/\/loudavymkrokem.cz\/wp-content\/uploads\/2026\/08\/bulharsko-research-varna-05-d71bfb98-1392x933.jpg 1392w\" sizes=\"(max-width: 1800px) 100vw, 1800px\" \/><button\n\t\t\tclass=\"lightbox-trigger\"\n\t\t\ttype=\"button\"\n\t\t\taria-haspopup=\"dialog\"\n\t\t\tdata-wp-bind--aria-label=\"state.thisImage.triggerButtonAriaLabel\"\n\t\t\tdata-wp-init=\"callbacks.initTriggerButton\"\n\t\t\tdata-wp-on--click=\"actions.showLightbox\"\n\t\t\tdata-wp-style--right=\"state.thisImage.buttonRight\"\n\t\t\tdata-wp-style--top=\"state.thisImage.buttonTop\"\n\t\t>\n\t\t\t<svg xmlns=\"http:\/\/www.w3.org\/2000\/svg\" width=\"12\" height=\"12\" fill=\"none\" viewBox=\"0 0 12 12\">\n\t\t\t\t<path fill=\"#fff\" d=\"M2 0a2 2 0 0 0-2 2v2h1.5V2a.5.5 0 0 1 .5-.5h2V0H2Zm2 10.5H2a.5.5 0 0 1-.5-.5V8H0v2a2 2 0 0 0 2 2h2v-1.5ZM8 12v-1.5h2a.5.5 0 0 0 .5-.5V8H12v2a2 2 0 0 1-2 2H8Zm2-12a2 2 0 0 1 2 2v2h-1.5V2a.5.5 0 0 0-.5-.5H8V0h2Z\" \/>\n\t\t\t<\/svg>\n\t\t<\/button><figcaption class=\"wp-element-caption\">Foto: Ivano Giambattista, CC0 (Wikimedia Commons)<\/figcaption><\/figure>\n\n\n\n<h3 class=\"wp-block-heading\"><span class=\"ez-toc-section\" id=\"1_Archeologisch_museum_en_het_oudste_goud_ter_wereld\"><\/span>1. Archeologisch museum en het oudste goud ter wereld<span class=\"ez-toc-section-end\"><\/span><\/h3>\n\n\n\n<p class=\"wp-block-paragraph\">Dit is niet zomaar een doorsnee stadsmuseum. Hier is de befaamde <strong>Gouden schat van Varna<\/strong> te zien, die in 1972 toevallig werd ontdekt door een graafmachinist. Onderzoek toonde aan dat de voorwerpen uit ongeveer <strong>4600\u20134200 v.Chr.<\/strong> stammen, waarmee het het oudste bewerkte goud is dat waar ook ter wereld is gevonden. Zowel het gewicht als het aantal van deze gouden vondsten overtreft vele malen alle gouden voorwerpen die uit dezelfde periode elders ter wereld zijn gevonden, Mesopotami\u00eb en Egypte inbegrepen.<\/p>\n\n\n\n<p class=\"wp-block-paragraph\">Het beroemdste stuk is een replica van <strong>graf nummer 43<\/strong>, dat ruim duizend gouden voorwerpen bevatte met een gewicht van meer dan 1,5 kilogram. Lang werd gedacht dat het om de resten van een machtige vorst ging, maar de moderne archeologie neigt ertoe dat het een <strong>hooggeplaatste smid<\/strong> was. Het museum zelf zetelt in het prachtige gebouw van een voormalig meisjesgymnasium. \ud83d\udca1 <strong>Tip:<\/strong> Kaartjes van 10 \u20ac koop je <strong>alleen aan de fysieke kassa<\/strong>; het museum waarschuwt voor online verkoop door doorverkopers. In het winterseizoen (van oktober tot april) is het bovendien op zondag en maandag gesloten.<\/p>\n\n\n\n<figure data-wp-context=\"{&quot;imageId&quot;:&quot;6a9c8f2816c70&quot;}\" data-wp-interactive=\"core\/image\" data-wp-key=\"6a9c8f2816c70\" class=\"wp-block-image size-full wp-lightbox-container\"><img decoding=\"async\" width=\"1800\" height=\"1200\" data-wp-class--hide=\"state.isContentHidden\" data-wp-class--show=\"state.isContentVisible\" data-wp-init=\"callbacks.setButtonStyles\" data-wp-on--click=\"actions.showLightbox\" data-wp-on--load=\"callbacks.setButtonStyles\" data-wp-on--pointerdown=\"actions.preloadImage\" data-wp-on--pointerenter=\"actions.preloadImageWithDelay\" data-wp-on--pointerleave=\"actions.cancelPreload\" data-wp-on-window--resize=\"callbacks.setButtonStyles\" src=\"https:\/\/loudavymkrokem.cz\/wp-content\/uploads\/2026\/08\/bulharsko-research-varna-06-51bd3e82.jpg\" alt=\"Romeinse baden in Varna\" class=\"wp-image-407781\" title=\"\" srcset=\"https:\/\/loudavymkrokem.cz\/wp-content\/uploads\/2026\/08\/bulharsko-research-varna-06-51bd3e82.jpg 1800w, https:\/\/loudavymkrokem.cz\/wp-content\/uploads\/2026\/08\/bulharsko-research-varna-06-51bd3e82-300x200.jpg 300w, https:\/\/loudavymkrokem.cz\/wp-content\/uploads\/2026\/08\/bulharsko-research-varna-06-51bd3e82-700x467.jpg 700w, https:\/\/loudavymkrokem.cz\/wp-content\/uploads\/2026\/08\/bulharsko-research-varna-06-51bd3e82-768x512.jpg 768w, https:\/\/loudavymkrokem.cz\/wp-content\/uploads\/2026\/08\/bulharsko-research-varna-06-51bd3e82-1536x1024.jpg 1536w, https:\/\/loudavymkrokem.cz\/wp-content\/uploads\/2026\/08\/bulharsko-research-varna-06-51bd3e82-696x464.jpg 696w, https:\/\/loudavymkrokem.cz\/wp-content\/uploads\/2026\/08\/bulharsko-research-varna-06-51bd3e82-1392x928.jpg 1392w\" sizes=\"(max-width: 1800px) 100vw, 1800px\" \/><button\n\t\t\tclass=\"lightbox-trigger\"\n\t\t\ttype=\"button\"\n\t\t\taria-haspopup=\"dialog\"\n\t\t\tdata-wp-bind--aria-label=\"state.thisImage.triggerButtonAriaLabel\"\n\t\t\tdata-wp-init=\"callbacks.initTriggerButton\"\n\t\t\tdata-wp-on--click=\"actions.showLightbox\"\n\t\t\tdata-wp-style--right=\"state.thisImage.buttonRight\"\n\t\t\tdata-wp-style--top=\"state.thisImage.buttonTop\"\n\t\t>\n\t\t\t<svg xmlns=\"http:\/\/www.w3.org\/2000\/svg\" width=\"12\" height=\"12\" fill=\"none\" viewBox=\"0 0 12 12\">\n\t\t\t\t<path fill=\"#fff\" d=\"M2 0a2 2 0 0 0-2 2v2h1.5V2a.5.5 0 0 1 .5-.5h2V0H2Zm2 10.5H2a.5.5 0 0 1-.5-.5V8H0v2a2 2 0 0 0 2 2h2v-1.5ZM8 12v-1.5h2a.5.5 0 0 0 .5-.5V8H12v2a2 2 0 0 1-2 2H8Zm2-12a2 2 0 0 1 2 2v2h-1.5V2a.5.5 0 0 0-.5-.5H8V0h2Z\" \/>\n\t\t\t<\/svg>\n\t\t<\/button><figcaption class=\"wp-element-caption\">Foto: Dina Rogatnykh, CC BY-SA 4.0 (Wikimedia Commons)<\/figcaption><\/figure>\n\n\n\n<h3 class=\"wp-block-heading\"><span class=\"ez-toc-section\" id=\"2_Romeinse_baden_Odessos\"><\/span>2. Romeinse baden (Odessos)<span class=\"ez-toc-section-end\"><\/span><\/h3>\n\n\n\n<p class=\"wp-block-paragraph\">In het hart van de stad, verscholen tussen woonhuizen, liggen de ru\u00efnes van het antieke Odessos. Deze baden, gebouwd rond de overgang van de 2e naar de 3e eeuw na Christus, beslaan een respectabele oppervlakte van ruim 7.000 vierkante meter. Het zijn de <strong>grootste Romeinse baden van de Balkan<\/strong> en volgens de toeristische dienst van Varna zelfs de op drie na grootste van Europa.<\/p>\n\n\n\n<p class=\"wp-block-paragraph\">Tijdens een wandeling tussen de machtige muren, die plaatselijk tot wel 22 meter hoog oprijzen, kun je het vloerverwarmingssysteem (hypocaustum) mooi herkennen. De datering is te danken aan de vondst van munten uit de tijd van keizer Septimius Severus. In de zomer dienen de verlichte ru\u00efnes als een volstrekt magische coulisse voor openluchttheater en concerten. \ud83d\udca1 <strong>Tip:<\/strong> De basisentree bedraagt 4 \u20ac. Reis je buiten het hoogseizoen, onthoud dan dat <strong>de baden in de winter een omgekeerde sluitingsdag hebben<\/strong> en op zondag en maandag dicht zijn. (Let op: de kleinere Kleine Romeinse baden een stukje verderop zijn vaak gesloten; controleer de toegang liever ter plekke.)<\/p>\n\n\n\n<figure data-wp-context=\"{&quot;imageId&quot;:&quot;6a9c8f28174a5&quot;}\" data-wp-interactive=\"core\/image\" data-wp-key=\"6a9c8f28174a5\" class=\"wp-block-image size-full wp-lightbox-container\"><img decoding=\"async\" width=\"1800\" height=\"1572\" data-wp-class--hide=\"state.isContentHidden\" data-wp-class--show=\"state.isContentVisible\" data-wp-init=\"callbacks.setButtonStyles\" data-wp-on--click=\"actions.showLightbox\" data-wp-on--load=\"callbacks.setButtonStyles\" data-wp-on--pointerdown=\"actions.preloadImage\" data-wp-on--pointerenter=\"actions.preloadImageWithDelay\" data-wp-on--pointerleave=\"actions.cancelPreload\" data-wp-on-window--resize=\"callbacks.setButtonStyles\" src=\"https:\/\/loudavymkrokem.cz\/wp-content\/uploads\/2026\/08\/bulharsko-research-varna-07-df780fd6.jpg\" alt=\"Kathedraal van de Hemelvaart van Maria in Varna\" class=\"wp-image-407782\" title=\"\" srcset=\"https:\/\/loudavymkrokem.cz\/wp-content\/uploads\/2026\/08\/bulharsko-research-varna-07-df780fd6.jpg 1800w, https:\/\/loudavymkrokem.cz\/wp-content\/uploads\/2026\/08\/bulharsko-research-varna-07-df780fd6-300x262.jpg 300w, https:\/\/loudavymkrokem.cz\/wp-content\/uploads\/2026\/08\/bulharsko-research-varna-07-df780fd6-700x611.jpg 700w, https:\/\/loudavymkrokem.cz\/wp-content\/uploads\/2026\/08\/bulharsko-research-varna-07-df780fd6-768x671.jpg 768w, https:\/\/loudavymkrokem.cz\/wp-content\/uploads\/2026\/08\/bulharsko-research-varna-07-df780fd6-1536x1341.jpg 1536w, https:\/\/loudavymkrokem.cz\/wp-content\/uploads\/2026\/08\/bulharsko-research-varna-07-df780fd6-696x608.jpg 696w, https:\/\/loudavymkrokem.cz\/wp-content\/uploads\/2026\/08\/bulharsko-research-varna-07-df780fd6-1392x1216.jpg 1392w\" sizes=\"(max-width: 1800px) 100vw, 1800px\" \/><button\n\t\t\tclass=\"lightbox-trigger\"\n\t\t\ttype=\"button\"\n\t\t\taria-haspopup=\"dialog\"\n\t\t\tdata-wp-bind--aria-label=\"state.thisImage.triggerButtonAriaLabel\"\n\t\t\tdata-wp-init=\"callbacks.initTriggerButton\"\n\t\t\tdata-wp-on--click=\"actions.showLightbox\"\n\t\t\tdata-wp-style--right=\"state.thisImage.buttonRight\"\n\t\t\tdata-wp-style--top=\"state.thisImage.buttonTop\"\n\t\t>\n\t\t\t<svg xmlns=\"http:\/\/www.w3.org\/2000\/svg\" width=\"12\" height=\"12\" fill=\"none\" viewBox=\"0 0 12 12\">\n\t\t\t\t<path fill=\"#fff\" d=\"M2 0a2 2 0 0 0-2 2v2h1.5V2a.5.5 0 0 1 .5-.5h2V0H2Zm2 10.5H2a.5.5 0 0 1-.5-.5V8H0v2a2 2 0 0 0 2 2h2v-1.5ZM8 12v-1.5h2a.5.5 0 0 0 .5-.5V8H12v2a2 2 0 0 1-2 2H8Zm2-12a2 2 0 0 1 2 2v2h-1.5V2a.5.5 0 0 0-.5-.5H8V0h2Z\" \/>\n\t\t\t<\/svg>\n\t\t<\/button><figcaption class=\"wp-element-caption\">Foto: MrPanyGoff, CC BY-SA 3.0 (Wikimedia Commons)<\/figcaption><\/figure>\n\n\n\n<h3 class=\"wp-block-heading\"><span class=\"ez-toc-section\" id=\"3_Kathedraal_van_de_Hemelvaart_van_Maria\"><\/span>3. Kathedraal van de Hemelvaart van Maria<span class=\"ez-toc-section-end\"><\/span><\/h3>\n\n\n\n<p class=\"wp-block-paragraph\">De gouden koepels van dit monumentale bouwwerk vormen het belangrijkste ori\u00ebntatiepunt van heel Varna. De kathedraal is gebouwd naar het voorbeeld van de kerk in het Russische Peterhof en de eerste steen werd in 1880 gelegd door vorst Alexander I van Battenberg. Binnen sta je versteld van de rijk versierde fresco&#8217;s en de prachtige houten iconostase. In augustus 2026 viert de kathedraal precies <strong>140 jaar sinds de eerste dienst<\/strong>. \ud83d\udca1 <strong>Tip:<\/strong> De toegang tot de kathedraal is <strong>helemaal gratis<\/strong> en ze is dagelijks geopend van 7:00 tot 17:30 uur.<\/p>\n\n\n\n<figure data-wp-context=\"{&quot;imageId&quot;:&quot;6a9c8f2817b3a&quot;}\" data-wp-interactive=\"core\/image\" data-wp-key=\"6a9c8f2817b3a\" class=\"wp-block-image size-full wp-lightbox-container\"><img decoding=\"async\" width=\"1800\" height=\"1350\" data-wp-class--hide=\"state.isContentHidden\" data-wp-class--show=\"state.isContentVisible\" data-wp-init=\"callbacks.setButtonStyles\" data-wp-on--click=\"actions.showLightbox\" data-wp-on--load=\"callbacks.setButtonStyles\" data-wp-on--pointerdown=\"actions.preloadImage\" data-wp-on--pointerenter=\"actions.preloadImageWithDelay\" data-wp-on--pointerleave=\"actions.cancelPreload\" data-wp-on-window--resize=\"callbacks.setButtonStyles\" src=\"https:\/\/loudavymkrokem.cz\/wp-content\/uploads\/2026\/08\/bulharsko-research-varna-08-0a22195f.jpg\" alt=\"Torpedoboot Drazki in het Marinemuseum in Varna\" class=\"wp-image-407783\" title=\"\" srcset=\"https:\/\/loudavymkrokem.cz\/wp-content\/uploads\/2026\/08\/bulharsko-research-varna-08-0a22195f.jpg 1800w, https:\/\/loudavymkrokem.cz\/wp-content\/uploads\/2026\/08\/bulharsko-research-varna-08-0a22195f-300x225.jpg 300w, https:\/\/loudavymkrokem.cz\/wp-content\/uploads\/2026\/08\/bulharsko-research-varna-08-0a22195f-700x525.jpg 700w, https:\/\/loudavymkrokem.cz\/wp-content\/uploads\/2026\/08\/bulharsko-research-varna-08-0a22195f-768x576.jpg 768w, https:\/\/loudavymkrokem.cz\/wp-content\/uploads\/2026\/08\/bulharsko-research-varna-08-0a22195f-1536x1152.jpg 1536w, https:\/\/loudavymkrokem.cz\/wp-content\/uploads\/2026\/08\/bulharsko-research-varna-08-0a22195f-80x60.jpg 80w, https:\/\/loudavymkrokem.cz\/wp-content\/uploads\/2026\/08\/bulharsko-research-varna-08-0a22195f-160x120.jpg 160w, https:\/\/loudavymkrokem.cz\/wp-content\/uploads\/2026\/08\/bulharsko-research-varna-08-0a22195f-696x522.jpg 696w, https:\/\/loudavymkrokem.cz\/wp-content\/uploads\/2026\/08\/bulharsko-research-varna-08-0a22195f-1392x1044.jpg 1392w\" sizes=\"(max-width: 1800px) 100vw, 1800px\" \/><button\n\t\t\tclass=\"lightbox-trigger\"\n\t\t\ttype=\"button\"\n\t\t\taria-haspopup=\"dialog\"\n\t\t\tdata-wp-bind--aria-label=\"state.thisImage.triggerButtonAriaLabel\"\n\t\t\tdata-wp-init=\"callbacks.initTriggerButton\"\n\t\t\tdata-wp-on--click=\"actions.showLightbox\"\n\t\t\tdata-wp-style--right=\"state.thisImage.buttonRight\"\n\t\t\tdata-wp-style--top=\"state.thisImage.buttonTop\"\n\t\t>\n\t\t\t<svg xmlns=\"http:\/\/www.w3.org\/2000\/svg\" width=\"12\" height=\"12\" fill=\"none\" viewBox=\"0 0 12 12\">\n\t\t\t\t<path fill=\"#fff\" d=\"M2 0a2 2 0 0 0-2 2v2h1.5V2a.5.5 0 0 1 .5-.5h2V0H2Zm2 10.5H2a.5.5 0 0 1-.5-.5V8H0v2a2 2 0 0 0 2 2h2v-1.5ZM8 12v-1.5h2a.5.5 0 0 0 .5-.5V8H12v2a2 2 0 0 1-2 2H8Zm2-12a2 2 0 0 1 2 2v2h-1.5V2a.5.5 0 0 0-.5-.5H8V0h2Z\" \/>\n\t\t\t<\/svg>\n\t\t<\/button><figcaption class=\"wp-element-caption\">Foto: Micha\u0142 Derela, CC BY-SA 4.0 (Wikimedia Commons)<\/figcaption><\/figure>\n\n\n\n<h3 class=\"wp-block-heading\"><span class=\"ez-toc-section\" id=\"4_Marinemuseum_en_de_torpedoboot_Drazki\"><\/span>4. Marinemuseum en de torpedoboot Drazki<span class=\"ez-toc-section-end\"><\/span><\/h3>\n\n\n\n<p class=\"wp-block-paragraph\">Bulgarije is trots op zijn maritieme geschiedenis en Varna is de thuishaven van zijn vloot. De grootste attractie van dit museum is niet de expositie binnen, maar het buitenpark waar de <strong>torpedoboot Drazki<\/strong> staat. Het is de enige bewaard gebleven torpedojager van zijn type ter wereld. Dit onopvallende schip werd beroemd in 1912, toen het van vlakbij, op amper honderd meter afstand, met succes de machtige Turkse kruiser Hamidije torpedeerde. \ud83d\udca1 <strong>Tip:<\/strong> Het inslaggat van een scherf uit die roemruchte slag is tot op de dag van vandaag te zien in de tweede schoorsteen van het schip. Een combikaartje voor het museum \u00e9n het schip kost 4,09 \u20ac en <strong>de laatste woensdag van de maand is de toegang gratis<\/strong>.<\/p>\n\n\n\n<figure data-wp-context=\"{&quot;imageId&quot;:&quot;6a9c8f281810e&quot;}\" data-wp-interactive=\"core\/image\" data-wp-key=\"6a9c8f281810e\" class=\"wp-block-image size-full wp-lightbox-container\"><img decoding=\"async\" width=\"1800\" height=\"1200\" data-wp-class--hide=\"state.isContentHidden\" data-wp-class--show=\"state.isContentVisible\" data-wp-init=\"callbacks.setButtonStyles\" data-wp-on--click=\"actions.showLightbox\" data-wp-on--load=\"callbacks.setButtonStyles\" data-wp-on--pointerdown=\"actions.preloadImage\" data-wp-on--pointerenter=\"actions.preloadImageWithDelay\" data-wp-on--pointerleave=\"actions.cancelPreload\" data-wp-on-window--resize=\"callbacks.setButtonStyles\" src=\"https:\/\/loudavymkrokem.cz\/wp-content\/uploads\/2026\/08\/bulharsko-research-varna-09-1de3faeb.jpg\" alt=\"Etnografisch museum in Varna\" class=\"wp-image-407784\" title=\"\" srcset=\"https:\/\/loudavymkrokem.cz\/wp-content\/uploads\/2026\/08\/bulharsko-research-varna-09-1de3faeb.jpg 1800w, https:\/\/loudavymkrokem.cz\/wp-content\/uploads\/2026\/08\/bulharsko-research-varna-09-1de3faeb-300x200.jpg 300w, https:\/\/loudavymkrokem.cz\/wp-content\/uploads\/2026\/08\/bulharsko-research-varna-09-1de3faeb-700x467.jpg 700w, https:\/\/loudavymkrokem.cz\/wp-content\/uploads\/2026\/08\/bulharsko-research-varna-09-1de3faeb-768x512.jpg 768w, https:\/\/loudavymkrokem.cz\/wp-content\/uploads\/2026\/08\/bulharsko-research-varna-09-1de3faeb-1536x1024.jpg 1536w, https:\/\/loudavymkrokem.cz\/wp-content\/uploads\/2026\/08\/bulharsko-research-varna-09-1de3faeb-696x464.jpg 696w, https:\/\/loudavymkrokem.cz\/wp-content\/uploads\/2026\/08\/bulharsko-research-varna-09-1de3faeb-1392x928.jpg 1392w\" sizes=\"(max-width: 1800px) 100vw, 1800px\" \/><button\n\t\t\tclass=\"lightbox-trigger\"\n\t\t\ttype=\"button\"\n\t\t\taria-haspopup=\"dialog\"\n\t\t\tdata-wp-bind--aria-label=\"state.thisImage.triggerButtonAriaLabel\"\n\t\t\tdata-wp-init=\"callbacks.initTriggerButton\"\n\t\t\tdata-wp-on--click=\"actions.showLightbox\"\n\t\t\tdata-wp-style--right=\"state.thisImage.buttonRight\"\n\t\t\tdata-wp-style--top=\"state.thisImage.buttonTop\"\n\t\t>\n\t\t\t<svg xmlns=\"http:\/\/www.w3.org\/2000\/svg\" width=\"12\" height=\"12\" fill=\"none\" viewBox=\"0 0 12 12\">\n\t\t\t\t<path fill=\"#fff\" d=\"M2 0a2 2 0 0 0-2 2v2h1.5V2a.5.5 0 0 1 .5-.5h2V0H2Zm2 10.5H2a.5.5 0 0 1-.5-.5V8H0v2a2 2 0 0 0 2 2h2v-1.5ZM8 12v-1.5h2a.5.5 0 0 0 .5-.5V8H12v2a2 2 0 0 1-2 2H8Zm2-12a2 2 0 0 1 2 2v2h-1.5V2a.5.5 0 0 0-.5-.5H8V0h2Z\" \/>\n\t\t\t<\/svg>\n\t\t<\/button><figcaption class=\"wp-element-caption\">Foto: Ilonamay, CC BY-SA 3.0 (Wikimedia Commons)<\/figcaption><\/figure>\n\n\n\n<h3 class=\"wp-block-heading\"><span class=\"ez-toc-section\" id=\"5_Etnografisch_museum\"><\/span>5. Etnografisch museum<span class=\"ez-toc-section-end\"><\/span><\/h3>\n\n\n\n<p class=\"wp-block-paragraph\">Wil je de sfeer van het oude Bulgarije opsnuiven, ga dan naar dit museum, dat gevestigd is in een prachtig gerestaureerd huis uit de 19e eeuw. Je komt er alles te weten over traditionele ambachten, landbouw en gebruiken uit de regio Varna. Vooral de collectie rijk geborduurde klederdrachten en ceremoni\u00eble maskers is indrukwekkend. \ud83d\udca1 <strong>Tip:<\/strong> De entree kost 5 \u20ac. Let goed op de winteropeningstijden \u2014 <strong>van oktober tot april is het museum op zaterdag en zondag gesloten<\/strong>, dus dan is het alleen op werkdagen open!<\/p>\n\n\n\n<figure data-wp-context=\"{&quot;imageId&quot;:&quot;6a9c8f2818672&quot;}\" data-wp-interactive=\"core\/image\" data-wp-key=\"6a9c8f2818672\" class=\"wp-block-image size-full wp-lightbox-container\"><img decoding=\"async\" width=\"1800\" height=\"1350\" data-wp-class--hide=\"state.isContentHidden\" data-wp-class--show=\"state.isContentVisible\" data-wp-init=\"callbacks.setButtonStyles\" data-wp-on--click=\"actions.showLightbox\" data-wp-on--load=\"callbacks.setButtonStyles\" data-wp-on--pointerdown=\"actions.preloadImage\" data-wp-on--pointerenter=\"actions.preloadImageWithDelay\" data-wp-on--pointerleave=\"actions.cancelPreload\" data-wp-on-window--resize=\"callbacks.setButtonStyles\" src=\"https:\/\/loudavymkrokem.cz\/wp-content\/uploads\/2026\/08\/bulharsko-research-varna-10-562a1f9e.jpg\" alt=\"Regeringsauto Tsjajka GAZ-13 in het Retromuseum in Varna\" class=\"wp-image-407785\" title=\"\" srcset=\"https:\/\/loudavymkrokem.cz\/wp-content\/uploads\/2026\/08\/bulharsko-research-varna-10-562a1f9e.jpg 1800w, https:\/\/loudavymkrokem.cz\/wp-content\/uploads\/2026\/08\/bulharsko-research-varna-10-562a1f9e-300x225.jpg 300w, https:\/\/loudavymkrokem.cz\/wp-content\/uploads\/2026\/08\/bulharsko-research-varna-10-562a1f9e-700x525.jpg 700w, https:\/\/loudavymkrokem.cz\/wp-content\/uploads\/2026\/08\/bulharsko-research-varna-10-562a1f9e-768x576.jpg 768w, https:\/\/loudavymkrokem.cz\/wp-content\/uploads\/2026\/08\/bulharsko-research-varna-10-562a1f9e-1536x1152.jpg 1536w, https:\/\/loudavymkrokem.cz\/wp-content\/uploads\/2026\/08\/bulharsko-research-varna-10-562a1f9e-80x60.jpg 80w, https:\/\/loudavymkrokem.cz\/wp-content\/uploads\/2026\/08\/bulharsko-research-varna-10-562a1f9e-160x120.jpg 160w, https:\/\/loudavymkrokem.cz\/wp-content\/uploads\/2026\/08\/bulharsko-research-varna-10-562a1f9e-696x522.jpg 696w, https:\/\/loudavymkrokem.cz\/wp-content\/uploads\/2026\/08\/bulharsko-research-varna-10-562a1f9e-1392x1044.jpg 1392w\" sizes=\"(max-width: 1800px) 100vw, 1800px\" \/><button\n\t\t\tclass=\"lightbox-trigger\"\n\t\t\ttype=\"button\"\n\t\t\taria-haspopup=\"dialog\"\n\t\t\tdata-wp-bind--aria-label=\"state.thisImage.triggerButtonAriaLabel\"\n\t\t\tdata-wp-init=\"callbacks.initTriggerButton\"\n\t\t\tdata-wp-on--click=\"actions.showLightbox\"\n\t\t\tdata-wp-style--right=\"state.thisImage.buttonRight\"\n\t\t\tdata-wp-style--top=\"state.thisImage.buttonTop\"\n\t\t>\n\t\t\t<svg xmlns=\"http:\/\/www.w3.org\/2000\/svg\" width=\"12\" height=\"12\" fill=\"none\" viewBox=\"0 0 12 12\">\n\t\t\t\t<path fill=\"#fff\" d=\"M2 0a2 2 0 0 0-2 2v2h1.5V2a.5.5 0 0 1 .5-.5h2V0H2Zm2 10.5H2a.5.5 0 0 1-.5-.5V8H0v2a2 2 0 0 0 2 2h2v-1.5ZM8 12v-1.5h2a.5.5 0 0 0 .5-.5V8H12v2a2 2 0 0 1-2 2H8Zm2-12a2 2 0 0 1 2 2v2h-1.5V2a.5.5 0 0 0-.5-.5H8V0h2Z\" \/>\n\t\t\t<\/svg>\n\t\t<\/button><figcaption class=\"wp-element-caption\">Foto: Thomas Peters (Google Maps)<\/figcaption><\/figure>\n\n\n\n<h3 class=\"wp-block-heading\"><span class=\"ez-toc-section\" id=\"6_Retromuseum\"><\/span>6. Retromuseum<span class=\"ez-toc-section-end\"><\/span><\/h3>\n\n\n\n<p class=\"wp-block-paragraph\">Voor liefhebbers van recente geschiedenis en nostalgie is het Retromuseum een absolute must. Het opende in 2015 als <strong>het eerste museum in Bulgarije in een winkelcentrum<\/strong> (de Grand Mall). Op 4.000 vierkante meter verzamelt het voorwerpen uit de jaren 1944\u20131989. De sterren van de collectie zijn ruim 50 perfect gerestaureerde oldtimers, waaronder oude \u0160koda&#8217;s, Moskvitsjen en de luxe regeringsauto Tsjajka GAZ-13. \ud83d\udca1 <strong>Tip:<\/strong> Het museum is dagelijks geopend van 10:00 tot 19:00 uur, dus het is een geweldige redding op een regenachtige middag. De entree komt omgerekend uit op zo&#8217;n 15,34 \u20ac.<\/p>\n\n\n\n<figure data-wp-context=\"{&quot;imageId&quot;:&quot;6a9c8f2818c2e&quot;}\" data-wp-interactive=\"core\/image\" data-wp-key=\"6a9c8f2818c2e\" class=\"wp-block-image size-full wp-lightbox-container\"><img decoding=\"async\" width=\"1800\" height=\"1350\" data-wp-class--hide=\"state.isContentHidden\" data-wp-class--show=\"state.isContentVisible\" data-wp-init=\"callbacks.setButtonStyles\" data-wp-on--click=\"actions.showLightbox\" data-wp-on--load=\"callbacks.setButtonStyles\" data-wp-on--pointerdown=\"actions.preloadImage\" data-wp-on--pointerenter=\"actions.preloadImageWithDelay\" data-wp-on--pointerleave=\"actions.cancelPreload\" data-wp-on-window--resize=\"callbacks.setButtonStyles\" src=\"https:\/\/loudavymkrokem.cz\/wp-content\/uploads\/2026\/08\/bulharsko-research-varna-11-931a6f62.jpg\" alt=\"Klokkentoren in Varna in avondverlichting\" class=\"wp-image-407786\" title=\"\" srcset=\"https:\/\/loudavymkrokem.cz\/wp-content\/uploads\/2026\/08\/bulharsko-research-varna-11-931a6f62.jpg 1800w, https:\/\/loudavymkrokem.cz\/wp-content\/uploads\/2026\/08\/bulharsko-research-varna-11-931a6f62-300x225.jpg 300w, https:\/\/loudavymkrokem.cz\/wp-content\/uploads\/2026\/08\/bulharsko-research-varna-11-931a6f62-700x525.jpg 700w, https:\/\/loudavymkrokem.cz\/wp-content\/uploads\/2026\/08\/bulharsko-research-varna-11-931a6f62-768x576.jpg 768w, https:\/\/loudavymkrokem.cz\/wp-content\/uploads\/2026\/08\/bulharsko-research-varna-11-931a6f62-1536x1152.jpg 1536w, https:\/\/loudavymkrokem.cz\/wp-content\/uploads\/2026\/08\/bulharsko-research-varna-11-931a6f62-80x60.jpg 80w, https:\/\/loudavymkrokem.cz\/wp-content\/uploads\/2026\/08\/bulharsko-research-varna-11-931a6f62-160x120.jpg 160w, https:\/\/loudavymkrokem.cz\/wp-content\/uploads\/2026\/08\/bulharsko-research-varna-11-931a6f62-696x522.jpg 696w, https:\/\/loudavymkrokem.cz\/wp-content\/uploads\/2026\/08\/bulharsko-research-varna-11-931a6f62-1392x1044.jpg 1392w\" sizes=\"(max-width: 1800px) 100vw, 1800px\" \/><button\n\t\t\tclass=\"lightbox-trigger\"\n\t\t\ttype=\"button\"\n\t\t\taria-haspopup=\"dialog\"\n\t\t\tdata-wp-bind--aria-label=\"state.thisImage.triggerButtonAriaLabel\"\n\t\t\tdata-wp-init=\"callbacks.initTriggerButton\"\n\t\t\tdata-wp-on--click=\"actions.showLightbox\"\n\t\t\tdata-wp-style--right=\"state.thisImage.buttonRight\"\n\t\t\tdata-wp-style--top=\"state.thisImage.buttonTop\"\n\t\t>\n\t\t\t<svg xmlns=\"http:\/\/www.w3.org\/2000\/svg\" width=\"12\" height=\"12\" fill=\"none\" viewBox=\"0 0 12 12\">\n\t\t\t\t<path fill=\"#fff\" d=\"M2 0a2 2 0 0 0-2 2v2h1.5V2a.5.5 0 0 1 .5-.5h2V0H2Zm2 10.5H2a.5.5 0 0 1-.5-.5V8H0v2a2 2 0 0 0 2 2h2v-1.5ZM8 12v-1.5h2a.5.5 0 0 0 .5-.5V8H12v2a2 2 0 0 1-2 2H8Zm2-12a2 2 0 0 1 2 2v2h-1.5V2a.5.5 0 0 0-.5-.5H8V0h2Z\" \/>\n\t\t\t<\/svg>\n\t\t<\/button><figcaption class=\"wp-element-caption\">Foto: Dian1981, CC BY-SA 4.0 (Wikimedia Commons)<\/figcaption><\/figure>\n\n\n\n<h3 class=\"wp-block-heading\"><span class=\"ez-toc-section\" id=\"7_Klokkentoren\"><\/span>7. Klokkentoren<span class=\"ez-toc-section-end\"><\/span><\/h3>\n\n\n\n<p class=\"wp-block-paragraph\">Een stukje van het centrale Onafhankelijkheidsplein, tegen het gebouw van het stadstheater aan, staat de <strong>24 meter hoge Klokkentoren<\/strong>. Oorspronkelijk was het de uitkijkpost van de brandweerkazerne, want vanaf die hoogte overzag je de hele toenmalige stad. Het uurwerk van Engelse makelij werd er in 1890 ingebouwd en de brandweerdienst hield hier pas acht jaar later op, toen de brandweer eindelijk een telefoon kreeg. In de zaal die aan de toren werd aangebouwd, zond op 9 december 1934 bovendien voor het eerst radio Varna uit. \ud83d\udca1 <strong>Tip:<\/strong> De toren bekijk je alleen van buiten, dus <strong>helemaal gratis<\/strong>. De omgeving van het plein zit vol bankjes en caf\u00e9s, dus dit is een fijne plek voor een snelle koffie tijdens de wandeling tussen de kathedraal en de Zeetuin.<\/p>\n\n\n\n<figure data-wp-context=\"{&quot;imageId&quot;:&quot;6a9c8f2819248&quot;}\" data-wp-interactive=\"core\/image\" data-wp-key=\"6a9c8f2819248\" class=\"wp-block-image size-full wp-lightbox-container\"><img decoding=\"async\" width=\"1800\" height=\"1350\" data-wp-class--hide=\"state.isContentHidden\" data-wp-class--show=\"state.isContentVisible\" data-wp-init=\"callbacks.setButtonStyles\" data-wp-on--click=\"actions.showLightbox\" data-wp-on--load=\"callbacks.setButtonStyles\" data-wp-on--pointerdown=\"actions.preloadImage\" data-wp-on--pointerenter=\"actions.preloadImageWithDelay\" data-wp-on--pointerleave=\"actions.cancelPreload\" data-wp-on-window--resize=\"callbacks.setButtonStyles\" src=\"https:\/\/loudavymkrokem.cz\/wp-content\/uploads\/2026\/08\/bulharsko-research-varna-12-40e5b778.jpg\" alt=\"Bomenlaan met bloemperken in de Zeetuin in Varna\" class=\"wp-image-407787\" title=\"\" srcset=\"https:\/\/loudavymkrokem.cz\/wp-content\/uploads\/2026\/08\/bulharsko-research-varna-12-40e5b778.jpg 1800w, https:\/\/loudavymkrokem.cz\/wp-content\/uploads\/2026\/08\/bulharsko-research-varna-12-40e5b778-300x225.jpg 300w, https:\/\/loudavymkrokem.cz\/wp-content\/uploads\/2026\/08\/bulharsko-research-varna-12-40e5b778-700x525.jpg 700w, https:\/\/loudavymkrokem.cz\/wp-content\/uploads\/2026\/08\/bulharsko-research-varna-12-40e5b778-768x576.jpg 768w, https:\/\/loudavymkrokem.cz\/wp-content\/uploads\/2026\/08\/bulharsko-research-varna-12-40e5b778-1536x1152.jpg 1536w, https:\/\/loudavymkrokem.cz\/wp-content\/uploads\/2026\/08\/bulharsko-research-varna-12-40e5b778-80x60.jpg 80w, https:\/\/loudavymkrokem.cz\/wp-content\/uploads\/2026\/08\/bulharsko-research-varna-12-40e5b778-160x120.jpg 160w, https:\/\/loudavymkrokem.cz\/wp-content\/uploads\/2026\/08\/bulharsko-research-varna-12-40e5b778-696x522.jpg 696w, https:\/\/loudavymkrokem.cz\/wp-content\/uploads\/2026\/08\/bulharsko-research-varna-12-40e5b778-1392x1044.jpg 1392w\" sizes=\"(max-width: 1800px) 100vw, 1800px\" \/><button\n\t\t\tclass=\"lightbox-trigger\"\n\t\t\ttype=\"button\"\n\t\t\taria-haspopup=\"dialog\"\n\t\t\tdata-wp-bind--aria-label=\"state.thisImage.triggerButtonAriaLabel\"\n\t\t\tdata-wp-init=\"callbacks.initTriggerButton\"\n\t\t\tdata-wp-on--click=\"actions.showLightbox\"\n\t\t\tdata-wp-style--right=\"state.thisImage.buttonRight\"\n\t\t\tdata-wp-style--top=\"state.thisImage.buttonTop\"\n\t\t>\n\t\t\t<svg xmlns=\"http:\/\/www.w3.org\/2000\/svg\" width=\"12\" height=\"12\" fill=\"none\" viewBox=\"0 0 12 12\">\n\t\t\t\t<path fill=\"#fff\" d=\"M2 0a2 2 0 0 0-2 2v2h1.5V2a.5.5 0 0 1 .5-.5h2V0H2Zm2 10.5H2a.5.5 0 0 1-.5-.5V8H0v2a2 2 0 0 0 2 2h2v-1.5ZM8 12v-1.5h2a.5.5 0 0 0 .5-.5V8H12v2a2 2 0 0 1-2 2H8Zm2-12a2 2 0 0 1 2 2v2h-1.5V2a.5.5 0 0 0-.5-.5H8V0h2Z\" \/>\n\t\t\t<\/svg>\n\t\t<\/button><figcaption class=\"wp-element-caption\">Foto: Petar Petrov (Google Maps)<\/figcaption><\/figure>\n\n\n\n<h2 class=\"wp-block-heading\"><span class=\"ez-toc-section\" id=\"De_Zeetuin_en_de_kust\"><\/span>De Zeetuin en de kust<span class=\"ez-toc-section-end\"><\/span><\/h2>\n\n\n\n<p class=\"wp-block-paragraph\">Terwijl de geschiedenis zich afspeelt in het centrum, klopt het hart van de stad langs de kust. De <strong>Zeetuin (Morska gradina)<\/strong> is de groene long van Varna en gaat naadloos over in <strong>kilometerslange zandstranden<\/strong>.<\/p>\n\n\n\n<figure data-wp-context=\"{&quot;imageId&quot;:&quot;6a9c8f2819883&quot;}\" data-wp-interactive=\"core\/image\" data-wp-key=\"6a9c8f2819883\" class=\"wp-block-image size-full wp-lightbox-container\"><img decoding=\"async\" width=\"1800\" height=\"1350\" data-wp-class--hide=\"state.isContentHidden\" data-wp-class--show=\"state.isContentVisible\" data-wp-init=\"callbacks.setButtonStyles\" data-wp-on--click=\"actions.showLightbox\" data-wp-on--load=\"callbacks.setButtonStyles\" data-wp-on--pointerdown=\"actions.preloadImage\" data-wp-on--pointerenter=\"actions.preloadImageWithDelay\" data-wp-on--pointerleave=\"actions.cancelPreload\" data-wp-on-window--resize=\"callbacks.setButtonStyles\" src=\"https:\/\/loudavymkrokem.cz\/wp-content\/uploads\/2026\/08\/bulharsko-research-varna-13-57ac5022.jpg\" alt=\"Bloemperken in de Zeetuin in Varna\" class=\"wp-image-407788\" title=\"\" srcset=\"https:\/\/loudavymkrokem.cz\/wp-content\/uploads\/2026\/08\/bulharsko-research-varna-13-57ac5022.jpg 1800w, https:\/\/loudavymkrokem.cz\/wp-content\/uploads\/2026\/08\/bulharsko-research-varna-13-57ac5022-300x225.jpg 300w, https:\/\/loudavymkrokem.cz\/wp-content\/uploads\/2026\/08\/bulharsko-research-varna-13-57ac5022-700x525.jpg 700w, https:\/\/loudavymkrokem.cz\/wp-content\/uploads\/2026\/08\/bulharsko-research-varna-13-57ac5022-768x576.jpg 768w, https:\/\/loudavymkrokem.cz\/wp-content\/uploads\/2026\/08\/bulharsko-research-varna-13-57ac5022-1536x1152.jpg 1536w, https:\/\/loudavymkrokem.cz\/wp-content\/uploads\/2026\/08\/bulharsko-research-varna-13-57ac5022-80x60.jpg 80w, https:\/\/loudavymkrokem.cz\/wp-content\/uploads\/2026\/08\/bulharsko-research-varna-13-57ac5022-160x120.jpg 160w, https:\/\/loudavymkrokem.cz\/wp-content\/uploads\/2026\/08\/bulharsko-research-varna-13-57ac5022-696x522.jpg 696w, https:\/\/loudavymkrokem.cz\/wp-content\/uploads\/2026\/08\/bulharsko-research-varna-13-57ac5022-1392x1044.jpg 1392w\" sizes=\"(max-width: 1800px) 100vw, 1800px\" \/><button\n\t\t\tclass=\"lightbox-trigger\"\n\t\t\ttype=\"button\"\n\t\t\taria-haspopup=\"dialog\"\n\t\t\tdata-wp-bind--aria-label=\"state.thisImage.triggerButtonAriaLabel\"\n\t\t\tdata-wp-init=\"callbacks.initTriggerButton\"\n\t\t\tdata-wp-on--click=\"actions.showLightbox\"\n\t\t\tdata-wp-style--right=\"state.thisImage.buttonRight\"\n\t\t\tdata-wp-style--top=\"state.thisImage.buttonTop\"\n\t\t>\n\t\t\t<svg xmlns=\"http:\/\/www.w3.org\/2000\/svg\" width=\"12\" height=\"12\" fill=\"none\" viewBox=\"0 0 12 12\">\n\t\t\t\t<path fill=\"#fff\" d=\"M2 0a2 2 0 0 0-2 2v2h1.5V2a.5.5 0 0 1 .5-.5h2V0H2Zm2 10.5H2a.5.5 0 0 1-.5-.5V8H0v2a2 2 0 0 0 2 2h2v-1.5ZM8 12v-1.5h2a.5.5 0 0 0 .5-.5V8H12v2a2 2 0 0 1-2 2H8Zm2-12a2 2 0 0 1 2 2v2h-1.5V2a.5.5 0 0 0-.5-.5H8V0h2Z\" \/>\n\t\t\t<\/svg>\n\t\t<\/button><figcaption class=\"wp-element-caption\">Foto: Alicia Fagerving, CC BY-SA 3.0 (Wikimedia Commons)<\/figcaption><\/figure>\n\n\n\n<h3 class=\"wp-block-heading\"><span class=\"ez-toc-section\" id=\"8_De_Zeetuin\"><\/span>8. De Zeetuin<span class=\"ez-toc-section-end\"><\/span><\/h3>\n\n\n\n<p class=\"wp-block-paragraph\">Dit reusachtige park van zo&#8217;n 82 hectare is het werk van de Tsjechische tuinarchitect <strong>Anton Nov\u00e1k<\/strong>, die hierheen kwam op uitnodiging van de gebroeders \u0160korpil. Nov\u00e1k liet de toenmalige vuilstort en slachthuizen verplaatsen en bouwde op hun plek een schitterend park van bomen en struiken die met karren uit de hele Balkan en het Middellandse Zeegebied werden aangevoerd. Voor zijn levenslange werk voor de stad heeft hij een welverdiend monument in het park. \ud83d\udca1 <strong>Tip:<\/strong> De toegang tot het park is de klok rond gratis. De historische kern van 55 hectare is beschermd gebied, dus die heeft zijn oorspronkelijke vorm behouden, inclusief de monumentale toegangscolonnade uit 1939.<\/p>\n\n\n\n<figure data-wp-context=\"{&quot;imageId&quot;:&quot;6a9c8f2819eb8&quot;}\" data-wp-interactive=\"core\/image\" data-wp-key=\"6a9c8f2819eb8\" class=\"wp-block-image size-full wp-lightbox-container\"><img decoding=\"async\" width=\"1800\" height=\"1350\" data-wp-class--hide=\"state.isContentHidden\" data-wp-class--show=\"state.isContentVisible\" data-wp-init=\"callbacks.setButtonStyles\" data-wp-on--click=\"actions.showLightbox\" data-wp-on--load=\"callbacks.setButtonStyles\" data-wp-on--pointerdown=\"actions.preloadImage\" data-wp-on--pointerenter=\"actions.preloadImageWithDelay\" data-wp-on--pointerleave=\"actions.cancelPreload\" data-wp-on-window--resize=\"callbacks.setButtonStyles\" src=\"https:\/\/loudavymkrokem.cz\/wp-content\/uploads\/2026\/08\/bulharsko-research-varna-14-bf783a56.jpg\" alt=\"Aquarium in Varna\" class=\"wp-image-407789\" title=\"\" srcset=\"https:\/\/loudavymkrokem.cz\/wp-content\/uploads\/2026\/08\/bulharsko-research-varna-14-bf783a56.jpg 1800w, https:\/\/loudavymkrokem.cz\/wp-content\/uploads\/2026\/08\/bulharsko-research-varna-14-bf783a56-300x225.jpg 300w, https:\/\/loudavymkrokem.cz\/wp-content\/uploads\/2026\/08\/bulharsko-research-varna-14-bf783a56-700x525.jpg 700w, https:\/\/loudavymkrokem.cz\/wp-content\/uploads\/2026\/08\/bulharsko-research-varna-14-bf783a56-768x576.jpg 768w, https:\/\/loudavymkrokem.cz\/wp-content\/uploads\/2026\/08\/bulharsko-research-varna-14-bf783a56-1536x1152.jpg 1536w, https:\/\/loudavymkrokem.cz\/wp-content\/uploads\/2026\/08\/bulharsko-research-varna-14-bf783a56-80x60.jpg 80w, https:\/\/loudavymkrokem.cz\/wp-content\/uploads\/2026\/08\/bulharsko-research-varna-14-bf783a56-160x120.jpg 160w, https:\/\/loudavymkrokem.cz\/wp-content\/uploads\/2026\/08\/bulharsko-research-varna-14-bf783a56-696x522.jpg 696w, https:\/\/loudavymkrokem.cz\/wp-content\/uploads\/2026\/08\/bulharsko-research-varna-14-bf783a56-1392x1044.jpg 1392w\" sizes=\"(max-width: 1800px) 100vw, 1800px\" \/><button\n\t\t\tclass=\"lightbox-trigger\"\n\t\t\ttype=\"button\"\n\t\t\taria-haspopup=\"dialog\"\n\t\t\tdata-wp-bind--aria-label=\"state.thisImage.triggerButtonAriaLabel\"\n\t\t\tdata-wp-init=\"callbacks.initTriggerButton\"\n\t\t\tdata-wp-on--click=\"actions.showLightbox\"\n\t\t\tdata-wp-style--right=\"state.thisImage.buttonRight\"\n\t\t\tdata-wp-style--top=\"state.thisImage.buttonTop\"\n\t\t>\n\t\t\t<svg xmlns=\"http:\/\/www.w3.org\/2000\/svg\" width=\"12\" height=\"12\" fill=\"none\" viewBox=\"0 0 12 12\">\n\t\t\t\t<path fill=\"#fff\" d=\"M2 0a2 2 0 0 0-2 2v2h1.5V2a.5.5 0 0 1 .5-.5h2V0H2Zm2 10.5H2a.5.5 0 0 1-.5-.5V8H0v2a2 2 0 0 0 2 2h2v-1.5ZM8 12v-1.5h2a.5.5 0 0 0 .5-.5V8H12v2a2 2 0 0 1-2 2H8Zm2-12a2 2 0 0 1 2 2v2h-1.5V2a.5.5 0 0 0-.5-.5H8V0h2Z\" \/>\n\t\t\t<\/svg>\n\t\t<\/button><figcaption class=\"wp-element-caption\">Foto: \u0421\u043f\u0430\u0441\u0438\u043c\u0438\u0440 (Spasimir Pilev), CC BY-SA 4.0 (Wikimedia Commons)<\/figcaption><\/figure>\n\n\n\n<h3 class=\"wp-block-heading\"><span class=\"ez-toc-section\" id=\"9_Aquarium_Varna\"><\/span>9. Aquarium Varna<span class=\"ez-toc-section-end\"><\/span><\/h3>\n\n\n\n<p class=\"wp-block-paragraph\">Het historische aquariumgebouw, waarvan de eerste steen al in 1906 door vorst Ferdinand werd gelegd, biedt een fascinerende blik onder het oppervlak van de Zwarte Zee. De instelling zelf functioneert sinds 1932. Verwacht geen enorme oceanaria zoals in West-Europa, het gaat eerder om een traditionele, historisch waardevolle expositie die zich richt op de lokale flora en fauna van de Zwarte Zee. \ud83d\udca1 <strong>Tip:<\/strong> Met een entree van slechts 2 \u20ac is dit <strong>de goedkoopste betaalde attractie van de stad<\/strong>. In de winter is het open van 9:00 tot 17:00 uur, met maandag als sluitingsdag.<\/p>\n\n\n\n<figure data-wp-context=\"{&quot;imageId&quot;:&quot;6a9c8f281a3ee&quot;}\" data-wp-interactive=\"core\/image\" data-wp-key=\"6a9c8f281a3ee\" class=\"wp-block-image size-full wp-lightbox-container\"><img decoding=\"async\" width=\"1800\" height=\"1195\" data-wp-class--hide=\"state.isContentHidden\" data-wp-class--show=\"state.isContentVisible\" data-wp-init=\"callbacks.setButtonStyles\" data-wp-on--click=\"actions.showLightbox\" data-wp-on--load=\"callbacks.setButtonStyles\" data-wp-on--pointerdown=\"actions.preloadImage\" data-wp-on--pointerenter=\"actions.preloadImageWithDelay\" data-wp-on--pointerleave=\"actions.cancelPreload\" data-wp-on-window--resize=\"callbacks.setButtonStyles\" src=\"https:\/\/loudavymkrokem.cz\/wp-content\/uploads\/2026\/08\/bulharsko-research-varna-15-e0bcc689.jpg\" alt=\"Dolfijnenshow in dolfinarium Festa in Varna\" class=\"wp-image-407790\" title=\"\" srcset=\"https:\/\/loudavymkrokem.cz\/wp-content\/uploads\/2026\/08\/bulharsko-research-varna-15-e0bcc689.jpg 1800w, https:\/\/loudavymkrokem.cz\/wp-content\/uploads\/2026\/08\/bulharsko-research-varna-15-e0bcc689-300x199.jpg 300w, https:\/\/loudavymkrokem.cz\/wp-content\/uploads\/2026\/08\/bulharsko-research-varna-15-e0bcc689-700x465.jpg 700w, https:\/\/loudavymkrokem.cz\/wp-content\/uploads\/2026\/08\/bulharsko-research-varna-15-e0bcc689-768x510.jpg 768w, https:\/\/loudavymkrokem.cz\/wp-content\/uploads\/2026\/08\/bulharsko-research-varna-15-e0bcc689-1536x1020.jpg 1536w, https:\/\/loudavymkrokem.cz\/wp-content\/uploads\/2026\/08\/bulharsko-research-varna-15-e0bcc689-696x462.jpg 696w, https:\/\/loudavymkrokem.cz\/wp-content\/uploads\/2026\/08\/bulharsko-research-varna-15-e0bcc689-1392x924.jpg 1392w\" sizes=\"(max-width: 1800px) 100vw, 1800px\" \/><button\n\t\t\tclass=\"lightbox-trigger\"\n\t\t\ttype=\"button\"\n\t\t\taria-haspopup=\"dialog\"\n\t\t\tdata-wp-bind--aria-label=\"state.thisImage.triggerButtonAriaLabel\"\n\t\t\tdata-wp-init=\"callbacks.initTriggerButton\"\n\t\t\tdata-wp-on--click=\"actions.showLightbox\"\n\t\t\tdata-wp-style--right=\"state.thisImage.buttonRight\"\n\t\t\tdata-wp-style--top=\"state.thisImage.buttonTop\"\n\t\t>\n\t\t\t<svg xmlns=\"http:\/\/www.w3.org\/2000\/svg\" width=\"12\" height=\"12\" fill=\"none\" viewBox=\"0 0 12 12\">\n\t\t\t\t<path fill=\"#fff\" d=\"M2 0a2 2 0 0 0-2 2v2h1.5V2a.5.5 0 0 1 .5-.5h2V0H2Zm2 10.5H2a.5.5 0 0 1-.5-.5V8H0v2a2 2 0 0 0 2 2h2v-1.5ZM8 12v-1.5h2a.5.5 0 0 0 .5-.5V8H12v2a2 2 0 0 1-2 2H8Zm2-12a2 2 0 0 1 2 2v2h-1.5V2a.5.5 0 0 0-.5-.5H8V0h2Z\" \/>\n\t\t\t<\/svg>\n\t\t<\/button><figcaption class=\"wp-element-caption\">Foto: INSAR, CC BY-SA 3.0 (Wikimedia Commons)<\/figcaption><\/figure>\n\n\n\n<h3 class=\"wp-block-heading\"><span class=\"ez-toc-section\" id=\"10_Dolfinarium_Festa\"><\/span>10. Dolfinarium Festa<span class=\"ez-toc-section-end\"><\/span><\/h3>\n\n\n\n<p class=\"wp-block-paragraph\">De beroemdste attractie van de Zeetuin lokt gezinnen met kinderen met regelmatige dolfijnenshows. Het <a href=\"https:\/\/dolphinariumvarna.bg\/\" rel=\"nofollow noopener\" target=\"_blank\">dolfinarium<\/a> is het hele jaar open, wat bewijst dat Varna ook buiten het seizoen echt niet slaapt. In het hoogseizoen zijn er tot vier voorstellingen per dag, terwijl er in de winter maar \u00e9\u00e9n middagshow is. \ud83d\udca1 <strong>Tip:<\/strong> De kaartjes zijn behoorlijk prijzig; in de zomerpiek betaalt een volwassene <strong>26 \u20ac<\/strong>. Ga je in de winter, dan zakt de prijs naar 14 \u20ac. Onthoud dat het dolfinarium in het winterseizoen op maandag gesloten is.<\/p>\n\n\n\n<figure data-wp-context=\"{&quot;imageId&quot;:&quot;6a9c8f281a828&quot;}\" data-wp-interactive=\"core\/image\" data-wp-key=\"6a9c8f281a828\" class=\"wp-block-image size-full wp-lightbox-container\"><img decoding=\"async\" width=\"1800\" height=\"1350\" data-wp-class--hide=\"state.isContentHidden\" data-wp-class--show=\"state.isContentVisible\" data-wp-init=\"callbacks.setButtonStyles\" data-wp-on--click=\"actions.showLightbox\" data-wp-on--load=\"callbacks.setButtonStyles\" data-wp-on--pointerdown=\"actions.preloadImage\" data-wp-on--pointerenter=\"actions.preloadImageWithDelay\" data-wp-on--pointerleave=\"actions.cancelPreload\" data-wp-on-window--resize=\"callbacks.setButtonStyles\" src=\"https:\/\/loudavymkrokem.cz\/wp-content\/uploads\/2026\/08\/bulharsko-research-varna-16-580f258c.jpg\" alt=\"Alpaca in de contactzone van de dierentuin in Varna\" class=\"wp-image-407791\" title=\"\" srcset=\"https:\/\/loudavymkrokem.cz\/wp-content\/uploads\/2026\/08\/bulharsko-research-varna-16-580f258c.jpg 1800w, https:\/\/loudavymkrokem.cz\/wp-content\/uploads\/2026\/08\/bulharsko-research-varna-16-580f258c-300x225.jpg 300w, https:\/\/loudavymkrokem.cz\/wp-content\/uploads\/2026\/08\/bulharsko-research-varna-16-580f258c-700x525.jpg 700w, https:\/\/loudavymkrokem.cz\/wp-content\/uploads\/2026\/08\/bulharsko-research-varna-16-580f258c-768x576.jpg 768w, https:\/\/loudavymkrokem.cz\/wp-content\/uploads\/2026\/08\/bulharsko-research-varna-16-580f258c-1536x1152.jpg 1536w, https:\/\/loudavymkrokem.cz\/wp-content\/uploads\/2026\/08\/bulharsko-research-varna-16-580f258c-80x60.jpg 80w, https:\/\/loudavymkrokem.cz\/wp-content\/uploads\/2026\/08\/bulharsko-research-varna-16-580f258c-160x120.jpg 160w, https:\/\/loudavymkrokem.cz\/wp-content\/uploads\/2026\/08\/bulharsko-research-varna-16-580f258c-696x522.jpg 696w, https:\/\/loudavymkrokem.cz\/wp-content\/uploads\/2026\/08\/bulharsko-research-varna-16-580f258c-1392x1044.jpg 1392w\" sizes=\"(max-width: 1800px) 100vw, 1800px\" \/><button\n\t\t\tclass=\"lightbox-trigger\"\n\t\t\ttype=\"button\"\n\t\t\taria-haspopup=\"dialog\"\n\t\t\tdata-wp-bind--aria-label=\"state.thisImage.triggerButtonAriaLabel\"\n\t\t\tdata-wp-init=\"callbacks.initTriggerButton\"\n\t\t\tdata-wp-on--click=\"actions.showLightbox\"\n\t\t\tdata-wp-style--right=\"state.thisImage.buttonRight\"\n\t\t\tdata-wp-style--top=\"state.thisImage.buttonTop\"\n\t\t>\n\t\t\t<svg xmlns=\"http:\/\/www.w3.org\/2000\/svg\" width=\"12\" height=\"12\" fill=\"none\" viewBox=\"0 0 12 12\">\n\t\t\t\t<path fill=\"#fff\" d=\"M2 0a2 2 0 0 0-2 2v2h1.5V2a.5.5 0 0 1 .5-.5h2V0H2Zm2 10.5H2a.5.5 0 0 1-.5-.5V8H0v2a2 2 0 0 0 2 2h2v-1.5ZM8 12v-1.5h2a.5.5 0 0 0 .5-.5V8H12v2a2 2 0 0 1-2 2H8Zm2-12a2 2 0 0 1 2 2v2h-1.5V2a.5.5 0 0 0-.5-.5H8V0h2Z\" \/>\n\t\t\t<\/svg>\n\t\t<\/button><figcaption class=\"wp-element-caption\">Foto: \u041a\u0430\u043b\u043e\u044f\u043d \u041c\u0438\u0446\u0435\u0432 (Google Maps)<\/figcaption><\/figure>\n\n\n\n<h3 class=\"wp-block-heading\"><span class=\"ez-toc-section\" id=\"11_Zoo_Varna\"><\/span>11. Zoo Varna<span class=\"ez-toc-section-end\"><\/span><\/h3>\n\n\n\n<p class=\"wp-block-paragraph\">Direct naast het dolfinarium vind je een kleinere stadsdierentuin. Hij is niet enorm groot, maar voor een rustige wandeling met kinderen absoluut ideaal. Naast de klassieke verblijven is er ook een contactzone waar kinderen de dieren mogen aaien. Leuk detail: pal onder de dierentuin, bij het strand Vtora buna, overwinteren elk jaar honderden zwanen. \ud83d\udca1 <strong>Tip:<\/strong> De entree kost 3 \u20ac en de zoo is <strong>het hele jaar zonder sluitingsdag<\/strong> open. In de wintermaanden (oktober\u2013maart) sluit hij al om 16:30 uur.<\/p>\n\n\n\n<figure data-wp-context=\"{&quot;imageId&quot;:&quot;6a9c8f281ad16&quot;}\" data-wp-interactive=\"core\/image\" data-wp-key=\"6a9c8f281ad16\" class=\"wp-block-image size-full wp-lightbox-container\"><img decoding=\"async\" width=\"1800\" height=\"1350\" data-wp-class--hide=\"state.isContentHidden\" data-wp-class--show=\"state.isContentVisible\" data-wp-init=\"callbacks.setButtonStyles\" data-wp-on--click=\"actions.showLightbox\" data-wp-on--load=\"callbacks.setButtonStyles\" data-wp-on--pointerdown=\"actions.preloadImage\" data-wp-on--pointerenter=\"actions.preloadImageWithDelay\" data-wp-on--pointerleave=\"actions.cancelPreload\" data-wp-on-window--resize=\"callbacks.setButtonStyles\" src=\"https:\/\/loudavymkrokem.cz\/wp-content\/uploads\/2026\/08\/bulharsko-research-varna-17-df359c79.jpg\" alt=\"Planetarium Nicolaas Copernicus in Varna\" class=\"wp-image-407792\" title=\"\" srcset=\"https:\/\/loudavymkrokem.cz\/wp-content\/uploads\/2026\/08\/bulharsko-research-varna-17-df359c79.jpg 1800w, https:\/\/loudavymkrokem.cz\/wp-content\/uploads\/2026\/08\/bulharsko-research-varna-17-df359c79-300x225.jpg 300w, https:\/\/loudavymkrokem.cz\/wp-content\/uploads\/2026\/08\/bulharsko-research-varna-17-df359c79-700x525.jpg 700w, https:\/\/loudavymkrokem.cz\/wp-content\/uploads\/2026\/08\/bulharsko-research-varna-17-df359c79-768x576.jpg 768w, https:\/\/loudavymkrokem.cz\/wp-content\/uploads\/2026\/08\/bulharsko-research-varna-17-df359c79-1536x1152.jpg 1536w, https:\/\/loudavymkrokem.cz\/wp-content\/uploads\/2026\/08\/bulharsko-research-varna-17-df359c79-80x60.jpg 80w, https:\/\/loudavymkrokem.cz\/wp-content\/uploads\/2026\/08\/bulharsko-research-varna-17-df359c79-160x120.jpg 160w, https:\/\/loudavymkrokem.cz\/wp-content\/uploads\/2026\/08\/bulharsko-research-varna-17-df359c79-696x522.jpg 696w, https:\/\/loudavymkrokem.cz\/wp-content\/uploads\/2026\/08\/bulharsko-research-varna-17-df359c79-1392x1044.jpg 1392w\" sizes=\"(max-width: 1800px) 100vw, 1800px\" \/><button\n\t\t\tclass=\"lightbox-trigger\"\n\t\t\ttype=\"button\"\n\t\t\taria-haspopup=\"dialog\"\n\t\t\tdata-wp-bind--aria-label=\"state.thisImage.triggerButtonAriaLabel\"\n\t\t\tdata-wp-init=\"callbacks.initTriggerButton\"\n\t\t\tdata-wp-on--click=\"actions.showLightbox\"\n\t\t\tdata-wp-style--right=\"state.thisImage.buttonRight\"\n\t\t\tdata-wp-style--top=\"state.thisImage.buttonTop\"\n\t\t>\n\t\t\t<svg xmlns=\"http:\/\/www.w3.org\/2000\/svg\" width=\"12\" height=\"12\" fill=\"none\" viewBox=\"0 0 12 12\">\n\t\t\t\t<path fill=\"#fff\" d=\"M2 0a2 2 0 0 0-2 2v2h1.5V2a.5.5 0 0 1 .5-.5h2V0H2Zm2 10.5H2a.5.5 0 0 1-.5-.5V8H0v2a2 2 0 0 0 2 2h2v-1.5ZM8 12v-1.5h2a.5.5 0 0 0 .5-.5V8H12v2a2 2 0 0 1-2 2H8Zm2-12a2 2 0 0 1 2 2v2h-1.5V2a.5.5 0 0 0-.5-.5H8V0h2Z\" \/>\n\t\t\t<\/svg>\n\t\t<\/button><figcaption class=\"wp-element-caption\">Foto: Mister No, CC BY 3.0 (Wikimedia Commons)<\/figcaption><\/figure>\n\n\n\n<h3 class=\"wp-block-heading\"><span class=\"ez-toc-section\" id=\"12_Planetarium_N_Copernicus\"><\/span>12. Planetarium N. Copernicus<span class=\"ez-toc-section-end\"><\/span><\/h3>\n\n\n\n<p class=\"wp-block-paragraph\">Het eerste astronomische complex van Bulgarije, geopend in 1968, projecteert dankzij een Zeiss-projector meer dan 5.500 sterren op zijn enorme koepel. Het is een geweldige belevenis voor ruimteliefhebbers, maar de instelling zelf heeft <strong>zeer strenge waarschuwingen over bezoekers<\/strong> uitgevaardigd. \ud83d\udca1 <strong>Tip:<\/strong> De geluids- en beeldeffecten zijn absoluut niet geschikt voor kinderen onder de 10 jaar en toegang met kinderwagens wordt sterk afgeraden. Na aanvang van de lezing wordt niemand meer in de zaal voor 72 personen toegelaten. De entree is 3,58 \u20ac.<\/p>\n\n\n\n<figure data-wp-context=\"{&quot;imageId&quot;:&quot;6a9c8f281b1b0&quot;}\" data-wp-interactive=\"core\/image\" data-wp-key=\"6a9c8f281b1b0\" class=\"wp-block-image size-full wp-lightbox-container\"><img decoding=\"async\" width=\"1800\" height=\"706\" data-wp-class--hide=\"state.isContentHidden\" data-wp-class--show=\"state.isContentVisible\" data-wp-init=\"callbacks.setButtonStyles\" data-wp-on--click=\"actions.showLightbox\" data-wp-on--load=\"callbacks.setButtonStyles\" data-wp-on--pointerdown=\"actions.preloadImage\" data-wp-on--pointerenter=\"actions.preloadImageWithDelay\" data-wp-on--pointerleave=\"actions.cancelPreload\" data-wp-on-window--resize=\"callbacks.setButtonStyles\" src=\"https:\/\/loudavymkrokem.cz\/wp-content\/uploads\/2026\/08\/bulharsko-research-varna-18-0e8828ac.jpg\" alt=\"Zuidstrand in Varna\" class=\"wp-image-407793\" title=\"\" srcset=\"https:\/\/loudavymkrokem.cz\/wp-content\/uploads\/2026\/08\/bulharsko-research-varna-18-0e8828ac.jpg 1800w, https:\/\/loudavymkrokem.cz\/wp-content\/uploads\/2026\/08\/bulharsko-research-varna-18-0e8828ac-300x118.jpg 300w, https:\/\/loudavymkrokem.cz\/wp-content\/uploads\/2026\/08\/bulharsko-research-varna-18-0e8828ac-700x275.jpg 700w, https:\/\/loudavymkrokem.cz\/wp-content\/uploads\/2026\/08\/bulharsko-research-varna-18-0e8828ac-768x301.jpg 768w, https:\/\/loudavymkrokem.cz\/wp-content\/uploads\/2026\/08\/bulharsko-research-varna-18-0e8828ac-1536x602.jpg 1536w, https:\/\/loudavymkrokem.cz\/wp-content\/uploads\/2026\/08\/bulharsko-research-varna-18-0e8828ac-696x273.jpg 696w, https:\/\/loudavymkrokem.cz\/wp-content\/uploads\/2026\/08\/bulharsko-research-varna-18-0e8828ac-1392x546.jpg 1392w\" sizes=\"(max-width: 1800px) 100vw, 1800px\" \/><button\n\t\t\tclass=\"lightbox-trigger\"\n\t\t\ttype=\"button\"\n\t\t\taria-haspopup=\"dialog\"\n\t\t\tdata-wp-bind--aria-label=\"state.thisImage.triggerButtonAriaLabel\"\n\t\t\tdata-wp-init=\"callbacks.initTriggerButton\"\n\t\t\tdata-wp-on--click=\"actions.showLightbox\"\n\t\t\tdata-wp-style--right=\"state.thisImage.buttonRight\"\n\t\t\tdata-wp-style--top=\"state.thisImage.buttonTop\"\n\t\t>\n\t\t\t<svg xmlns=\"http:\/\/www.w3.org\/2000\/svg\" width=\"12\" height=\"12\" fill=\"none\" viewBox=\"0 0 12 12\">\n\t\t\t\t<path fill=\"#fff\" d=\"M2 0a2 2 0 0 0-2 2v2h1.5V2a.5.5 0 0 1 .5-.5h2V0H2Zm2 10.5H2a.5.5 0 0 1-.5-.5V8H0v2a2 2 0 0 0 2 2h2v-1.5ZM8 12v-1.5h2a.5.5 0 0 0 .5-.5V8H12v2a2 2 0 0 1-2 2H8Zm2-12a2 2 0 0 1 2 2v2h-1.5V2a.5.5 0 0 0-.5-.5H8V0h2Z\" \/>\n\t\t\t<\/svg>\n\t\t<\/button><figcaption class=\"wp-element-caption\">Foto: kuchin ster, CC BY 3.0 (Wikimedia Commons)<\/figcaption><\/figure>\n\n\n\n<h3 class=\"wp-block-heading\"><span class=\"ez-toc-section\" id=\"13_Stadsstranden_en_waterkwaliteit\"><\/span>13. Stadsstranden en waterkwaliteit<span class=\"ez-toc-section-end\"><\/span><\/h3>\n\n\n\n<p class=\"wp-block-paragraph\">Varna kan pronken met 32 kilometer kust en meer dan twintig stranden. In het centrum zelf is het <strong>Centrale strand<\/strong> het populairst; het heeft fijn zand en meters ondiepe, vlakke bodem, dus het is perfect voor kleine kinderen. Het naburige strand Oficerski loopt steiler af het water in en staat bekend om zijn bars die tot diep in de nacht open zijn. Vlak ernaast ontspringt \u201eToplata voda&#8221; \u2014 een vrij toegankelijke bron van geneeskrachtig thermaal water met een temperatuur van ruim 40 \u00b0C.<\/p>\n\n\n\n<p class=\"wp-block-paragraph\">Goed nieuws voor toeristen: in augustus 2026 verbood de Consumentenbeschermingscommissie de oneerlijke praktijk om complete sets op te dringen. Tegenwoordig heb je <strong>het volle recht om op het strand van Varna een parasol en ligbed apart te huren<\/strong> (de prijs per stuk ligt rond de 3,5 \u00e0 5 \u20ac). Minstens de helft van elk strand moet bovendien wettelijk een vrije zone blijven voor gratis handdoeken. \ud83d\udca1 <strong>Tip over de waterkwaliteit:<\/strong> Volgens de offici\u00eble monitoring is het water het grootste deel van de zomer schoon; het Centrale strand en Asparuchovo scoren op de lange termijn het best. <strong>Na hevige stortbuien kun je het strand Oficerski echter beter mijden<\/strong>, waar de regenwaterafvoer soms overloopt (de actuele resultaten staan altijd op <a href=\"https:\/\/rzi-varna.com\/\" rel=\"nofollow noopener\" target=\"_blank\">de website rzi-varna.com<\/a>).<\/p>\n\n\n\n<figure data-wp-context=\"{&quot;imageId&quot;:&quot;6a9c8f281b672&quot;}\" data-wp-interactive=\"core\/image\" data-wp-key=\"6a9c8f281b672\" class=\"wp-block-image size-full wp-lightbox-container\"><img decoding=\"async\" width=\"1800\" height=\"1012\" data-wp-class--hide=\"state.isContentHidden\" data-wp-class--show=\"state.isContentVisible\" data-wp-init=\"callbacks.setButtonStyles\" data-wp-on--click=\"actions.showLightbox\" data-wp-on--load=\"callbacks.setButtonStyles\" data-wp-on--pointerdown=\"actions.preloadImage\" data-wp-on--pointerenter=\"actions.preloadImageWithDelay\" data-wp-on--pointerleave=\"actions.cancelPreload\" data-wp-on-window--resize=\"callbacks.setButtonStyles\" src=\"https:\/\/loudavymkrokem.cz\/wp-content\/uploads\/2026\/08\/bulharsko-research-varna-19-fdecea77.jpg\" alt=\"Kaap Galata ten zuiden van Varna\" class=\"wp-image-407794\" title=\"\" srcset=\"https:\/\/loudavymkrokem.cz\/wp-content\/uploads\/2026\/08\/bulharsko-research-varna-19-fdecea77.jpg 1800w, https:\/\/loudavymkrokem.cz\/wp-content\/uploads\/2026\/08\/bulharsko-research-varna-19-fdecea77-300x169.jpg 300w, https:\/\/loudavymkrokem.cz\/wp-content\/uploads\/2026\/08\/bulharsko-research-varna-19-fdecea77-700x394.jpg 700w, https:\/\/loudavymkrokem.cz\/wp-content\/uploads\/2026\/08\/bulharsko-research-varna-19-fdecea77-768x432.jpg 768w, https:\/\/loudavymkrokem.cz\/wp-content\/uploads\/2026\/08\/bulharsko-research-varna-19-fdecea77-1536x864.jpg 1536w, https:\/\/loudavymkrokem.cz\/wp-content\/uploads\/2026\/08\/bulharsko-research-varna-19-fdecea77-696x391.jpg 696w, https:\/\/loudavymkrokem.cz\/wp-content\/uploads\/2026\/08\/bulharsko-research-varna-19-fdecea77-1392x783.jpg 1392w\" sizes=\"(max-width: 1800px) 100vw, 1800px\" \/><button\n\t\t\tclass=\"lightbox-trigger\"\n\t\t\ttype=\"button\"\n\t\t\taria-haspopup=\"dialog\"\n\t\t\tdata-wp-bind--aria-label=\"state.thisImage.triggerButtonAriaLabel\"\n\t\t\tdata-wp-init=\"callbacks.initTriggerButton\"\n\t\t\tdata-wp-on--click=\"actions.showLightbox\"\n\t\t\tdata-wp-style--right=\"state.thisImage.buttonRight\"\n\t\t\tdata-wp-style--top=\"state.thisImage.buttonTop\"\n\t\t>\n\t\t\t<svg xmlns=\"http:\/\/www.w3.org\/2000\/svg\" width=\"12\" height=\"12\" fill=\"none\" viewBox=\"0 0 12 12\">\n\t\t\t\t<path fill=\"#fff\" d=\"M2 0a2 2 0 0 0-2 2v2h1.5V2a.5.5 0 0 1 .5-.5h2V0H2Zm2 10.5H2a.5.5 0 0 1-.5-.5V8H0v2a2 2 0 0 0 2 2h2v-1.5ZM8 12v-1.5h2a.5.5 0 0 0 .5-.5V8H12v2a2 2 0 0 1-2 2H8Zm2-12a2 2 0 0 1 2 2v2h-1.5V2a.5.5 0 0 0-.5-.5H8V0h2Z\" \/>\n\t\t\t<\/svg>\n\t\t<\/button><figcaption class=\"wp-element-caption\">Foto: Spiritia, CC BY-SA 4.0 (Wikimedia Commons)<\/figcaption><\/figure>\n\n\n\n<!-- LKM_GYG_CARD start q=\"varna\" lang=\"nl\" rendered=\"2026-09-05T19:21:12+00:00\" v=\"1\" -->\n<style id=\"lk-gyg-styles\">\n@import url(\"https:\/\/fonts.googleapis.com\/css2?family=Playfair+Display:wght@700&family=DM+Sans:wght@300;400;500;600&display=swap\");\n\/* === LK GYG karty \u2014 CRO redesign 2026-05 (namespace .lkx-) ===\n   C\u00edl: vy\u0161\u0161\u00ed CTR (hero + v\u00fdrazn\u00fd social proof + ak\u010dn\u00ed CTA, m\u00e9n\u011b \"reklamn\u00ed\").\n   Injektuje se inline do prvn\u00edho markeru postu (refresh_cards.py --inline-css). *\/\n.lkx-module, .lkx-module *{box-sizing:border-box;margin:0;padding:0}\n.lkx-module{\n  font-family:'DM Sans',-apple-system,Segoe UI,Roboto,Georgia,sans-serif;\n  max-width:860px;margin:2.5rem auto;color:#1f2328;\n}\n\n\/* HEADER \u2014 lehk\u00fd editorsk\u00fd, \u017e\u00e1dn\u00fd bannerov\u00fd blok; nadpis + popisek pod n\u00edm *\/\n.lkx-head{margin-bottom:16px}\n.lkx-head-main{display:flex;align-items:center;gap:10px}\n.lkx-head-accent{width:26px;height:3px;border-radius:2px;background:#c39f76;flex-shrink:0}\n.lkx-head-title{font-family:'Playfair Display',Georgia,serif;font-size:21px;font-weight:700;color:#1a1a1a;line-height:1.25}\n.lkx-head-meta{display:block;font-size:11px;letter-spacing:.3px;color:#9aa0a6;margin-top:4px;margin-left:36px}\n\n\/* HERO *\/\n.lkx-hero{display:grid;grid-template-columns:300px 1fr;background:#fff;border:1px solid #ece7df;border-radius:14px;overflow:hidden;text-decoration:none!important;color:inherit;box-shadow:0 6px 20px rgba(0,0,0,.06);transition:box-shadow .2s,transform .2s;margin-bottom:14px}\n.lkx-hero:hover{box-shadow:0 12px 30px rgba(0,0,0,.12);transform:translateY(-2px)}\n.lkx-hero-img{position:relative;min-height:230px;background-size:cover;background-position:center;background-color:#eee}\n.lkx-hero-body{padding:22px 24px;display:flex;flex-direction:column}\n.lkx-pick{position:absolute;top:12px;left:12px;background:#1a1a1a;color:#fff;font-size:11px;font-weight:700;letter-spacing:.5px;padding:5px 11px;border-radius:20px}\n\n\/* TITLE *\/\n.lkx-title{font-size:19px;font-weight:700;color:#161616;line-height:1.3}\n.lkx-title-sm{font-size:14.5px;line-height:1.35;display:-webkit-box;-webkit-line-clamp:2;-webkit-box-orient:vertical;overflow:hidden}\n\n\/* SOCIAL PROOF \u2014 v\u00fdrazn\u011b, naho\u0159e *\/\n.lkx-proof{display:flex;align-items:center;gap:7px;margin-top:12px;font-size:15px;color:#3a3a3a}\n.lkx-proof b{font-size:16px;color:#161616}\n.lkx-stars{color:#f5a623;letter-spacing:1px}\n.lkx-proof-sm{font-size:12.5px;margin-top:8px;gap:5px}\n.lkx-proof-sm b{font-size:13px}\n.lkx-proof-new{color:#3685fc;font-weight:600}\n\n\/* PRICE \u2014 n\u00edzk\u00e1 kotva *\/\n.lkx-price{font-size:14px;color:#6b7280}\n.lkx-price b{font-size:20px;color:#161616;font-weight:700}\n.lkx-price-sm b{font-size:15px}\n\n\/* CTA \u2014 tepl\u00e9 ak\u010dn\u00ed tla\u010d\u00edtko *\/\n.lkx-cta{display:inline-flex;align-items:center;justify-content:center;text-decoration:none!important;font-weight:700;color:#fff!important;background:linear-gradient(135deg,#f6743f,#e8552a);border-radius:10px;box-shadow:0 6px 16px rgba(232,85,42,.32);transition:box-shadow .2s}\n.lkx-cta-hero{font-size:15px;padding:13px 22px}\n.lkx-hero:hover .lkx-cta-hero{box-shadow:0 8px 22px rgba(232,85,42,.45)}\n.lkx-cta-sm{font-size:12.5px;padding:9px 14px;width:100%;margin-top:2px}\n.lkx-hero-bottom{margin-top:auto;padding-top:18px;display:flex;align-items:center;justify-content:space-between;gap:14px;flex-wrap:wrap}\n\n\/* BADGE \u2014 jeden v\u00fdrazn\u00fd na fotce *\/\n.lkx-badge{position:absolute;top:12px;right:12px;font-size:10.5px;font-weight:700;letter-spacing:.3px;padding:5px 10px;border-radius:16px;color:#fff}\n.lkx-badge.badge-urgency{background:rgba(214,40,40,.92)}\n.lkx-badge.badge-new{background:rgba(54,133,252,.92)}\n.lkx-badge.badge-top{background:rgba(195,159,118,.95)}\n.lkx-badge.badge-info{background:rgba(40,40,40,.78)}\n\n\/* SECONDARY GRID *\/\n.lkx-grid{display:grid;grid-template-columns:1fr 1fr;gap:14px}\n.lkx-card{background:#fff;border:1px solid #ece7df;border-radius:14px;overflow:hidden;text-decoration:none!important;color:inherit;box-shadow:0 4px 14px rgba(0,0,0,.05);display:flex;flex-direction:column;transition:box-shadow .2s,transform .2s}\n.lkx-card:hover{box-shadow:0 10px 24px rgba(0,0,0,.1);transform:translateY(-2px)}\n.lkx-card-img{position:relative;aspect-ratio:16\/10;background-size:cover;background-position:center;background-color:#eee}\n.lkx-card-body{padding:14px 16px 16px;display:flex;flex-direction:column;gap:7px;flex:1}\n.lkx-card-bottom{margin-top:auto;padding-top:10px;display:flex;align-items:center;justify-content:space-between;gap:8px}\n\n\/* DISCLOSURE \u2014 drobn\u00e1, kv\u016fli d\u016fv\u011b\u0159e\/z\u00e1konu *\/\n.lkx-disclosure{font-size:11px;color:#a7adb3;text-align:center;margin-top:14px;line-height:1.6}\n.lkx-disclosure a{color:#c39f76;text-decoration:none}\n\n@media(max-width:680px){\n  .lkx-hero{grid-template-columns:1fr}\n  .lkx-hero-img{min-height:180px}\n  .lkx-grid{grid-template-columns:1fr}\n  .lkx-head-meta{margin-left:0;width:100%}\n  .lkx-head-title{font-size:19px}\n}\n\n<\/style>\n<div class=\"lkx-module\" data-query=\"varna\">\n  <div class=\"lkx-head\">\n    <div class=\"lkx-head-main\">\n      <span class=\"lkx-head-accent\"><\/span>\n      <span class=\"lkx-head-title\">Ervaringen &amp; tickets<\/span>\n    <\/div>\n    <span class=\"lkx-head-meta\">beoordeeld door reizigers \u00b7 GetYourGuide<\/span>\n  <\/div><a class=\"lkx-hero\" href=\"https:\/\/www.getyourguide.com\/nl-nl\/varna-l412\/varna-rondvaart-tijdens-zonsondergang-met-drankjes-en-piratenschatjacht-t1288459\/?partner_id=MKZ64IS&amp;utm_medium=online_publisher&amp;cmp=varna-bulgarije-tips\" target=\"_blank\" rel=\"sponsored noopener nofollow\">\n    <div class=\"lkx-hero-img\" style=\"background-image:url('https:\/\/cdn.getyourguide.com\/img\/tour\/eb41ecd853d11f185e58ecab4209dc5a16d762d19434e10d71e2216479c9508b.jpg\/132.jpg')\" role=\"img\" aria-label=\"Varna: rondvaart tijdens zonsondergang met drankjes en piratenschatjacht\">\n      <span class=\"lkx-pick\">\u2605 Onze keuze<\/span><\/div>\n    <div class=\"lkx-hero-body\">\n      <div class=\"lkx-title\">Varna: rondvaart tijdens zonsondergang met drankjes en piratenschatjacht<\/div>\n      <div class=\"lkx-proof\">\n      <span class=\"lkx-stars\">\u2605\u2605\u2605\u2605\u2605<\/span>\n      <b>4.6<\/b> \u00b7 143 beoordelingen\n    <\/div>\n      <div class=\"lkx-hero-bottom\"><div class=\"lkx-price\">vanaf <b>\u20ac\u00a016<\/b><\/div><span class=\"lkx-cta lkx-cta-hero\">Dit wil ik beleven \u2192<\/span>\n      <\/div>\n    <\/div>\n  <\/a><div class=\"lkx-grid\"><a class=\"lkx-card\" href=\"https:\/\/www.getyourguide.com\/nl-nl\/varna-l412\/balchik-4-uur-durende-cruise-op-de-zwarte-zee-met-lunch-en-drankjes-t386889\/?partner_id=MKZ64IS&amp;utm_medium=online_publisher&amp;cmp=varna-bulgarije-tips\" target=\"_blank\" rel=\"sponsored noopener nofollow\">\n      <div class=\"lkx-card-img\" style=\"background-image:url('https:\/\/cdn.getyourguide.com\/img\/tour\/8425d82fa52058f7381281f79e01d4e3a5fbda8d5ca4c6c01b279b7bd81c7f68.jpg\/132.jpg')\" role=\"img\" aria-label=\"Balchik: 4 uur durende cruise op de Zwarte Zee met lunch en drankjes\"><\/div>\n      <div class=\"lkx-card-body\">\n        <div class=\"lkx-title lkx-title-sm\">Balchik: 4 uur durende cruise op de Zwarte Zee met lunch en drankjes<\/div>\n        <div class=\"lkx-proof lkx-proof-sm\">\n      <span class=\"lkx-stars\">\u2605<\/span>\n      <b>4.7<\/b> \u00b7 18\n    <\/div>\n        <div class=\"lkx-card-bottom\"><span class=\"lkx-price lkx-price-sm\">vanaf <b>\u20ac\u00a094<\/b><\/span><span class=\"lkx-cta lkx-cta-sm\">Bekijk data \u2192<\/span>\n        <\/div>\n      <\/div>\n    <\/a><a class=\"lkx-card\" href=\"https:\/\/www.getyourguide.com\/nl-nl\/varna-l412\/varna-piratenboottocht-met-zeeslag-en-pizza-t1017577\/?partner_id=MKZ64IS&amp;utm_medium=online_publisher&amp;cmp=varna-bulgarije-tips\" target=\"_blank\" rel=\"sponsored noopener nofollow\">\n      <div class=\"lkx-card-img\" style=\"background-image:url('https:\/\/cdn.getyourguide.com\/img\/tour\/97bcf2c7a1c149d93ac9d5dca71b723d4c685dd42182d7583334ad88d4d27c9e.jpeg\/132.jpg')\" role=\"img\" aria-label=\"Varna: piratenboottocht met zeeslag en pizza\"><\/div>\n      <div class=\"lkx-card-body\">\n        <div class=\"lkx-title lkx-title-sm\">Varna: piratenboottocht met zeeslag en pizza<\/div>\n        <div class=\"lkx-proof lkx-proof-sm\">\n      <span class=\"lkx-stars\">\u2605<\/span>\n      <b>4.7<\/b> \u00b7 168\n    <\/div>\n        <div class=\"lkx-card-bottom\"><span class=\"lkx-price lkx-price-sm\">vanaf <b>\u20ac\u00a019<\/b><\/span><span class=\"lkx-cta lkx-cta-sm\">Bekijk data \u2192<\/span>\n        <\/div>\n      <\/div>\n    <\/a><\/div><div class=\"lkx-disclosure\">\ud83d\udd17 Affiliate-links \u2014 geen meerprijs voor jou, ze helpen ons content te maken. \u00b7 <a href=\"https:\/\/www.getyourguide.com\/nl-nl\/s\/?q=varna&amp;partner_id=MKZ64IS&amp;utm_medium=online_publisher\" target=\"_blank\" rel=\"sponsored noopener nofollow\">Alle ervaringen \u2192<\/a><\/div>\n<\/div>\n<!-- LKM_GYG_CARD end -->\n\n\n\n\n<div class=\"lk-stays-module\">\n<style>\n\/* \u2500\u2500\u2500 RESET PRO GUTENBERG \u2500\u2500\u2500 *\/\n.lk-stays-module * { box-sizing: border-box; margin: 0; padding: 0; }\n\n\/* \u2500\u2500\u2500 WRAPPER \u2500\u2500\u2500 *\/\n.lk-stays-module {\n  font-family: 'DM Sans', Georgia, sans-serif;\n  max-width: 100%;\n  margin: 2.5rem auto;\n  background: linear-gradient(135deg, #fdfaf5 0%, #fcf8f0 100%);\n  border: 1px solid #e8dfd4;\n  border-radius: 16px;\n  overflow: hidden;\n  box-shadow: 0 16px 48px rgba(195, 159, 118, 0.25), 0 4px 12px rgba(0,0,0,0.08);\n}\n\n\/* \u2500\u2500\u2500 HEADER \u2500\u2500\u2500 *\/\n.lk-stays-header {\n  position: relative;\n  padding: 24px 36px 24px;\n  background: linear-gradient(135deg, #c39f76 0%, #d4b188 60%, #c39f76 100%);\n  border-bottom: 1px solid rgba(255,255,255,.15);\n  display: flex;\n  align-items: center;\n  gap: 18px;\n}\n.lk-stays-header::before {\n  content: '';\n  position: absolute;\n  inset: 0;\n  background: url(\"data:image\/svg+xml,%3Csvg width='60' height='60' viewBox='0 0 60 60' xmlns='http:\/\/www.w3.org\/2000\/svg'%3E%3Cg fill='none' fill-rule='evenodd'%3E%3Cg fill='%23ffffff' fill-opacity='0.05'%3E%3Cpath d='M36 34v-4h-2v4h-4v2h4v4h2v-4h4v-2h-4zm0-30V0h-2v4h-4v2h4v4h2V6h4V4h-4zM6 34v-4H4v4H0v2h4v4h2v-4h4v-2H6zM6 4V0H4v4H0v2h4v4h2V6h4V4H6z'\/%3E%3C\/g%3E%3C\/g%3E%3C\/svg%3E\") repeat;\n  pointer-events: none;\n}\n.lk-stays-icon {\n  flex-shrink: 0;\n  width: 68px;\n  height: 68px;\n  border-radius: 14px;\n  background: linear-gradient(135deg, #fff 0%, #f9f6f0 100%);\n  display: flex;\n  align-items: center;\n  justify-content: center;\n  font-size: 26px;\n  box-shadow: 0 4px 12px rgba(0,0,0,0.15);\n}\n.lk-stays-eyebrow {\n  font-size: 10px;\n  font-weight: 500;\n  letter-spacing: 2.5px;\n  text-transform: uppercase;\n  color: rgba(255,255,255,.85);\n  margin: 0 0 5px 0;\n}\n.lk-stays-title {\n  font-family: 'Playfair Display', Georgia, serif;\n  font-size: 24px;\n  font-weight: 700;\n  color: #fff;\n  line-height: 1.2;\n  text-shadow: 0 1px 2px rgba(0,0,0,0.1);\n  margin: 0;\n}\n.lk-stays-subtitle {\n  font-size: 13px;\n  color: rgba(255,255,255,.75);\n  margin: 4px 0 0 0;\n  font-weight: 300;\n}\n\n\/* \u2500\u2500\u2500 CARDS GRID \u2500\u2500\u2500 *\/\n.lk-stays-grid {\n  display: grid;\n  grid-template-columns: 1fr 1fr;\n  gap: 1px;\n  background: rgba(195, 159, 118, 0.12);\n}\n\n\/* \u2500\u2500\u2500 SINGLE CARD \u2500\u2500\u2500 *\/\n.lk-stay-card {\n  background: #ffffff;\n  padding: 26px;\n  display: flex;\n  flex-direction: column;\n  gap: 11px;\n  transition: all 0.3s ease;\n  text-decoration: none;\n  color: inherit;\n  position: relative;\n}\n.lk-stay-card:hover {\n  background: #fffbf5;\n  transform: translateY(-2px);\n  box-shadow: 0 8px 24px rgba(195, 159, 118, 0.18);\n  z-index: 1;\n}\n.lk-stay-card.featured {\n  background: linear-gradient(135deg, #fffdf9 0%, #fff9f0 100%);\n  box-shadow: 0 4px 16px rgba(195, 159, 118, 0.15), inset 0 1px 0 rgba(195, 159, 118, 0.1);\n}\n.lk-stay-card.featured:hover {\n  background: linear-gradient(135deg, #fffbf5 0%, #fff8ed 100%);\n  box-shadow: 0 8px 24px rgba(195, 159, 118, 0.25), inset 0 1px 0 rgba(195, 159, 118, 0.15);\n}\n\n.lk-stay-badge {\n  display: inline-flex;\n  align-items: center;\n  gap: 5px;\n  font-size: 10px;\n  font-weight: 500;\n  letter-spacing: 1.5px;\n  text-transform: uppercase;\n  padding: 5px 11px;\n  border-radius: 20px;\n  width: fit-content;\n}\n.badge-top     { background: linear-gradient(135deg, #c39f76 0%, #d4b188 100%); color: #fff; border: 1px solid #c39f76; font-weight: 600; box-shadow: 0 2px 8px rgba(195,159,118,0.3); }\n.badge-luxury  { background: rgba(195,159,118,.12); color: #c39f76; border: 1px solid rgba(195,159,118,.25); }\n.badge-boutique{ background: rgba(54,133,252,.08); color: #3685fc; border: 1px solid rgba(54,133,252,.2); }\n.badge-nature  { background: rgba(130,190,100,.1); color: #6b9c4a; border: 1px solid rgba(130,190,100,.2); }\n.badge-remote  { background: rgba(195,159,118,.12); color: #a67e50; border: 1px solid rgba(195,159,118,.25); }\n\n.lk-stay-name {\n  font-family: 'Playfair Display', Georgia, serif;\n  font-size: 18px;\n  font-weight: 700;\n  color: #111827;\n  line-height: 1.3;\n}\n.lk-stay-desc {\n  font-size: 13.5px;\n  color: #525252;\n  line-height: 1.65;\n  font-weight: 300;\n  flex: 1;\n}\n\n.lk-stay-meta {\n  display: flex;\n  align-items: center;\n  gap: 12px;\n  flex-wrap: wrap;\n  margin-top: 4px;\n}\n.lk-stay-price {\n  font-size: 13px;\n  color: #6b7280;\n}\n.lk-stay-price strong {\n  color: #c39f76;\n  font-weight: 500;\n}\n.lk-stay-stars {\n  color: #c39f76;\n  font-size: 11px;\n  letter-spacing: 1px;\n}\n\n\/* \u2500\u2500\u2500 CTA BUTTON \u2500\u2500\u2500 *\/\n.lk-stay-cta {\n  display: inline-flex;\n  align-items: center;\n  justify-content: center;\n  gap: 7px;\n  margin-top: 8px;\n  padding: 11px 20px;\n  border-radius: 8px;\n  background: linear-gradient(135deg, #3685fc 0%, #2a6fd9 100%);\n  color: #fff;\n  font-size: 13px;\n  font-weight: 500;\n  text-decoration: none;\n  letter-spacing: .3px;\n  transition: all .2s ease;\n  cursor: pointer;\n  border: none;\n  text-align: center;\n  box-shadow: 0 4px 12px rgba(54, 133, 252, 0.25);\n}\n.lk-stay-cta:hover {\n  background: linear-gradient(135deg, #2a6fd9 0%, #1e5bc4 100%);\n  transform: translateY(-1px);\n  box-shadow: 0 6px 16px rgba(54, 133, 252, 0.35);\n}\n.lk-stay-cta svg { flex-shrink: 0; }\n\n\/* \u2500\u2500\u2500 FOOTER \u2500\u2500\u2500 *\/\n.lk-stays-footer {\n  padding: 18px 36px;\n  background: linear-gradient(to bottom, #fdfaf5 0%, #f9f4ed 100%);\n  border-top: 1px solid rgba(195, 159, 118, 0.15);\n  display: flex;\n  align-items: center;\n  justify-content: space-between;\n  flex-wrap: wrap;\n  gap: 12px;\n}\n.lk-stays-footer-note {\n  font-size: 11.5px;\n  color: #6b7280;\n  font-weight: 300;\n  line-height: 1.5;\n}\n.lk-stays-footer-note a {\n  color: #c39f76;\n  text-decoration: none;\n  font-weight: 400;\n}\n.lk-stays-footer-note a:hover {\n  text-decoration: underline;\n}\n.lk-stays-all-btn {\n  display: inline-flex;\n  align-items: center;\n  gap: 6px;\n  font-size: 12.5px;\n  font-weight: 500;\n  color: #c39f76;\n  text-decoration: none;\n  border: 1px solid rgba(195, 159, 118, 0.35);\n  padding: 8px 18px;\n  border-radius: 8px;\n  transition: all .2s ease;\n}\n.lk-stays-all-btn:hover {\n  background: rgba(195, 159, 118, 0.08);\n  border-color: rgba(195, 159, 118, 0.5);\n}\n\n\/* \u2500\u2500\u2500 RESPONSIVE \u2500\u2500\u2500 *\/\n@media (max-width: 600px) {\n  .lk-stays-grid { grid-template-columns: 1fr; }\n  .lk-stays-header { padding: 24px 20px; }\n  .lk-stays-footer { padding: 16px 20px; }\n  .lk-stay-card { padding: 22px; }\n  .lk-stays-title { font-size: 20px; }\n}\n<\/style>\n\n  <!-- HEADER -->\n  <div class=\"lk-stays-header\">\n    <img decoding=\"async\" src=\"https:\/\/loudavymkrokem.cz\/wp-content\/uploads\/2026\/02\/lukas-a-lucka.jpg\" alt=\"\" style=\"width: 75px; height: 75px; border-radius: 8px; flex-shrink: 0; object-fit: cover; display: block; margin: 4px 0;\" title=\"\">\n    <div class=\"lk-stays-header-text\">\n      <div class=\"lk-stays-eyebrow\">Luk\u00e1\u0161 en Lucie bevelen aan<\/div>\n      <div class=\"lk-stays-title\">Waar te verblijven in Varna<\/div>\n      <div class=\"lk-stays-subtitle\">6 accommodaties \u2014 wellness hotels, hotels en andere verblijfsmogelijkheden<\/div>\n    <\/div>\n  <\/div>\n\n  <!-- CARDS -->\n  <div class=\"lk-stays-grid\">\n\n    <a class=\"lk-stay-card featured\" href=\"https:\/\/www.stay22.com\/allez\/roam?aid=lukaskonecny&#038;campaign=loudavymkrokemcz&#038;campaign=nl&#038;campaign=varna&#038;hotelname=Modus%20Hotel&#038;address=Varna%2C%20Bulharsko\" target=\"_blank\" rel=\"nofollow noopener\">\n      <span class=\"lk-stay-badge badge-top\">\u2b50 TOPKEUZE<\/span>\n      <span class=\"lk-stay-badge badge-nature\">\u2b50 Luxury<\/span>\n      <div class=\"lk-stay-name\">Modus Hotel<\/div>\n      <div class=\"lk-stay-desc\">Tophotel in de Griekse wijk, 130 meter van de Zeetuin. Beste beoordeling en locatie in de stad.<\/div>\n      <div class=\"lk-stay-meta\">\n        <span class=\"lk-stay-stars\">\u2605\u2605\u2605\u2605<\/span>\n        <span class=\"lk-stay-price\">Prijzen bekijken<\/span>\n      <\/div>\n      <span class=\"lk-stay-cta\">\n        <svg width=\"14\" height=\"14\" viewBox=\"0 0 24 24\" fill=\"none\" stroke=\"currentColor\" stroke-width=\"2\"><path d=\"M18 13v6a2 2 0 0 1-2 2H5a2 2 0 0 1-2-2V8a2 2 0 0 1 2-2h6\"\/><polyline points=\"15 3 21 3 21 9\"\/><line x1=\"10\" y1=\"14\" x2=\"21\" y2=\"3\"\/><\/svg>\n        Beschikbaarheid controleren\n      <\/span>\n    <\/a>\n\n    <a class=\"lk-stay-card\" href=\"https:\/\/www.stay22.com\/allez\/roam?aid=lukaskonecny&#038;campaign=loudavymkrokemcz&#038;campaign=nl&#038;campaign=varna&#038;hotelname=Grand%20Hotel%20London&#038;address=Varna%2C%20Bulharsko\" target=\"_blank\" rel=\"nofollow noopener\">\n      <span class=\"lk-stay-badge badge-nature\">\ud83c\udfe8 Hotel<\/span>\n      <div class=\"lk-stay-name\">Grand Hotel London<\/div>\n      <div class=\"lk-stay-desc\">Prachtig art nouveau gebouw uit 1912 direct in het centrum van Varna. Voor liefhebbers van geschiedenis.<\/div>\n      <div class=\"lk-stay-meta\">\n        <span class=\"lk-stay-stars\">\u2605\u2605\u2605\u2605<\/span>\n        <span class=\"lk-stay-price\">Prijzen bekijken<\/span>\n      <\/div>\n      <span class=\"lk-stay-cta\">\n        <svg width=\"14\" height=\"14\" viewBox=\"0 0 24 24\" fill=\"none\" stroke=\"currentColor\" stroke-width=\"2\"><path d=\"M18 13v6a2 2 0 0 1-2 2H5a2 2 0 0 1-2-2V8a2 2 0 0 1 2-2h6\"\/><polyline points=\"15 3 21 3 21 9\"\/><line x1=\"10\" y1=\"14\" x2=\"21\" y2=\"3\"\/><\/svg>\n        Beschikbaarheid controleren\n      <\/span>\n    <\/a>\n\n    <a class=\"lk-stay-card\" href=\"https:\/\/www.stay22.com\/allez\/roam?aid=lukaskonecny&#038;campaign=loudavymkrokemcz&#038;campaign=nl&#038;campaign=varna&#038;hotelname=Hotel%20Cherno%20More&#038;address=Varna%2C%20Bulharsko\" target=\"_blank\" rel=\"nofollow noopener\">\n      <span class=\"lk-stay-badge badge-nature\">\ud83c\udfe8 Hotel<\/span>\n      <div class=\"lk-stay-name\">Hotel Cherno More<\/div>\n      <div class=\"lk-stay-desc\">Gouden middenweg met balkons met uitzicht op zee. Ligt bij de ingang van het park.<\/div>\n      <div class=\"lk-stay-meta\">\n        <span class=\"lk-stay-stars\">\u2605\u2605\u2605\u2605<\/span>\n        <span class=\"lk-stay-price\">Prijzen bekijken<\/span>\n      <\/div>\n      <span class=\"lk-stay-cta\">\n        <svg width=\"14\" height=\"14\" viewBox=\"0 0 24 24\" fill=\"none\" stroke=\"currentColor\" stroke-width=\"2\"><path d=\"M18 13v6a2 2 0 0 1-2 2H5a2 2 0 0 1-2-2V8a2 2 0 0 1 2-2h6\"\/><polyline points=\"15 3 21 3 21 9\"\/><line x1=\"10\" y1=\"14\" x2=\"21\" y2=\"3\"\/><\/svg>\n        Beschikbaarheid controleren\n      <\/span>\n    <\/a>\n\n    <a class=\"lk-stay-card\" href=\"https:\/\/www.stay22.com\/allez\/roam?aid=lukaskonecny&#038;campaign=loudavymkrokemcz&#038;campaign=nl&#038;campaign=varna&#038;hotelname=Boutique%20Splendid&#038;address=Varna%2C%20Bulharsko\" target=\"_blank\" rel=\"nofollow noopener\">\n      <span class=\"lk-stay-badge badge-nature\">\ud83c\udfe8 Hotel<\/span>\n      <div class=\"lk-stay-name\">Boutique Splendid<\/div>\n      <div class=\"lk-stay-desc\">Het dichtst bij bezienswaardigheden, nog geen honderd meter van de Maria-Hemelvaartkathedraal.<\/div>\n      <div class=\"lk-stay-meta\">\n        <span class=\"lk-stay-stars\">\u2605\u2605\u2605\u2605<\/span>\n        <span class=\"lk-stay-price\">Prijzen bekijken<\/span>\n      <\/div>\n      <span class=\"lk-stay-cta\">\n        <svg width=\"14\" height=\"14\" viewBox=\"0 0 24 24\" fill=\"none\" stroke=\"currentColor\" stroke-width=\"2\"><path d=\"M18 13v6a2 2 0 0 1-2 2H5a2 2 0 0 1-2-2V8a2 2 0 0 1 2-2h6\"\/><polyline points=\"15 3 21 3 21 9\"\/><line x1=\"10\" y1=\"14\" x2=\"21\" y2=\"3\"\/><\/svg>\n        Beschikbaarheid controleren\n      <\/span>\n    <\/a>\n\n    <a class=\"lk-stay-card\" href=\"https:\/\/www.stay22.com\/allez\/roam?aid=lukaskonecny&#038;campaign=loudavymkrokemcz&#038;campaign=nl&#038;campaign=varna&#038;hotelname=Nomado%20hostel&#038;address=Varna%2C%20Bulharsko\" target=\"_blank\" rel=\"nofollow noopener\">\n      <span class=\"lk-stay-badge badge-nature\">\ud83c\udfe1 Pension\/B&#038;B<\/span>\n      <div class=\"lk-stay-name\">Nomado hostel<\/div>\n      <div class=\"lk-stay-desc\">Uitstekend beoordeeld goedkoop hostel in het stadscentrum voor reizigers met een beperkt budget.<\/div>\n      <div class=\"lk-stay-meta\">\n        <span class=\"lk-stay-stars\">\u2605\u2605\u2605\u2605<\/span>\n        <span class=\"lk-stay-price\">Prijzen bekijken<\/span>\n      <\/div>\n      <span class=\"lk-stay-cta\">\n        <svg width=\"14\" height=\"14\" viewBox=\"0 0 24 24\" fill=\"none\" stroke=\"currentColor\" stroke-width=\"2\"><path d=\"M18 13v6a2 2 0 0 1-2 2H5a2 2 0 0 1-2-2V8a2 2 0 0 1 2-2h6\"\/><polyline points=\"15 3 21 3 21 9\"\/><line x1=\"10\" y1=\"14\" x2=\"21\" y2=\"3\"\/><\/svg>\n        Beschikbaarheid controleren\n      <\/span>\n    <\/a>\n\n    <a class=\"lk-stay-card\" href=\"https:\/\/www.stay22.com\/allez\/roam?aid=lukaskonecny&#038;campaign=loudavymkrokemcz&#038;campaign=nl&#038;campaign=varna&#038;address=Varna&#038;hotelname=Ensana+Aquahouse&#038;search=Ensana+Aquahouse&#038;category=accommodation\" target=\"_blank\" rel=\"nofollow noopener\">\n      <span class=\"lk-stay-badge badge-nature\">\u2b50 Luxury<\/span>\n      <div class=\"lk-stay-name\">Ensana Aquahouse<\/div>\n      <div class=\"lk-stay-desc\">Eerste hotel in Varna opgenomen in de Michelin Guide 2026. Thermale bronnen tot 42\u00b0C.<\/div>\n      <div class=\"lk-stay-meta\">\n        <span class=\"lk-stay-stars\">\u2605\u2605\u2605\u2605<\/span>\n        <span class=\"lk-stay-price\">Prijzen bekijken<\/span>\n      <\/div>\n      <span class=\"lk-stay-cta\">\n        <svg width=\"14\" height=\"14\" viewBox=\"0 0 24 24\" fill=\"none\" stroke=\"currentColor\" stroke-width=\"2\"><path d=\"M18 13v6a2 2 0 0 1-2 2H5a2 2 0 0 1-2-2V8a2 2 0 0 1 2-2h6\"\/><polyline points=\"15 3 21 3 21 9\"\/><line x1=\"10\" y1=\"14\" x2=\"21\" y2=\"3\"\/><\/svg>\n        Beschikbaarheid controleren\n      <\/span>\n    <\/a>\n\n  <\/div>\n\n  \n<\/div>\n\n\n\n\n<h2 class=\"wp-block-heading\"><span class=\"ez-toc-section\" id=\"Buiten_het_centrum\"><\/span>Buiten het centrum<span class=\"ez-toc-section-end\"><\/span><\/h2>\n\n\n\n<p class=\"wp-block-paragraph\">Als je iets verder van de historische kern wegtrekt, onthult Varna nog een van zijn lagen, of het nu gaat om zijn bewogen <strong>militaire geschiedenis<\/strong> of om <strong>rustige buitenwijkbadplaatsen<\/strong>.<\/p>\n\n\n\n<figure data-wp-context=\"{&quot;imageId&quot;:&quot;6a9c8f281bd08&quot;}\" data-wp-interactive=\"core\/image\" data-wp-key=\"6a9c8f281bd08\" class=\"wp-block-image size-full wp-lightbox-container\"><img decoding=\"async\" width=\"1800\" height=\"1355\" data-wp-class--hide=\"state.isContentHidden\" data-wp-class--show=\"state.isContentVisible\" data-wp-init=\"callbacks.setButtonStyles\" data-wp-on--click=\"actions.showLightbox\" data-wp-on--load=\"callbacks.setButtonStyles\" data-wp-on--pointerdown=\"actions.preloadImage\" data-wp-on--pointerenter=\"actions.preloadImageWithDelay\" data-wp-on--pointerleave=\"actions.cancelPreload\" data-wp-on-window--resize=\"callbacks.setButtonStyles\" src=\"https:\/\/loudavymkrokem.cz\/wp-content\/uploads\/2026\/08\/bulharsko-research-varna-20-7df8a708.jpg\" alt=\"Parkmuseum Vladislav Varnen\u010dik in Varna\" class=\"wp-image-407795\" title=\"\" srcset=\"https:\/\/loudavymkrokem.cz\/wp-content\/uploads\/2026\/08\/bulharsko-research-varna-20-7df8a708.jpg 1800w, https:\/\/loudavymkrokem.cz\/wp-content\/uploads\/2026\/08\/bulharsko-research-varna-20-7df8a708-300x226.jpg 300w, https:\/\/loudavymkrokem.cz\/wp-content\/uploads\/2026\/08\/bulharsko-research-varna-20-7df8a708-700x527.jpg 700w, https:\/\/loudavymkrokem.cz\/wp-content\/uploads\/2026\/08\/bulharsko-research-varna-20-7df8a708-768x578.jpg 768w, https:\/\/loudavymkrokem.cz\/wp-content\/uploads\/2026\/08\/bulharsko-research-varna-20-7df8a708-1536x1156.jpg 1536w, https:\/\/loudavymkrokem.cz\/wp-content\/uploads\/2026\/08\/bulharsko-research-varna-20-7df8a708-80x60.jpg 80w, https:\/\/loudavymkrokem.cz\/wp-content\/uploads\/2026\/08\/bulharsko-research-varna-20-7df8a708-160x120.jpg 160w, https:\/\/loudavymkrokem.cz\/wp-content\/uploads\/2026\/08\/bulharsko-research-varna-20-7df8a708-696x524.jpg 696w, https:\/\/loudavymkrokem.cz\/wp-content\/uploads\/2026\/08\/bulharsko-research-varna-20-7df8a708-1392x1048.jpg 1392w\" sizes=\"(max-width: 1800px) 100vw, 1800px\" \/><button\n\t\t\tclass=\"lightbox-trigger\"\n\t\t\ttype=\"button\"\n\t\t\taria-haspopup=\"dialog\"\n\t\t\tdata-wp-bind--aria-label=\"state.thisImage.triggerButtonAriaLabel\"\n\t\t\tdata-wp-init=\"callbacks.initTriggerButton\"\n\t\t\tdata-wp-on--click=\"actions.showLightbox\"\n\t\t\tdata-wp-style--right=\"state.thisImage.buttonRight\"\n\t\t\tdata-wp-style--top=\"state.thisImage.buttonTop\"\n\t\t>\n\t\t\t<svg xmlns=\"http:\/\/www.w3.org\/2000\/svg\" width=\"12\" height=\"12\" fill=\"none\" viewBox=\"0 0 12 12\">\n\t\t\t\t<path fill=\"#fff\" d=\"M2 0a2 2 0 0 0-2 2v2h1.5V2a.5.5 0 0 1 .5-.5h2V0H2Zm2 10.5H2a.5.5 0 0 1-.5-.5V8H0v2a2 2 0 0 0 2 2h2v-1.5ZM8 12v-1.5h2a.5.5 0 0 0 .5-.5V8H12v2a2 2 0 0 1-2 2H8Zm2-12a2 2 0 0 1 2 2v2h-1.5V2a.5.5 0 0 0-.5-.5H8V0h2Z\" \/>\n\t\t\t<\/svg>\n\t\t<\/button><figcaption class=\"wp-element-caption\">Foto: Micha\u0142 Derela, CC BY-SA 4.0 (Wikimedia Commons)<\/figcaption><\/figure>\n\n\n\n<h3 class=\"wp-block-heading\"><span class=\"ez-toc-section\" id=\"14_Parkmuseum_Vladislav_Varnencik\"><\/span>14. Parkmuseum Vladislav Varnen\u010dik<span class=\"ez-toc-section-end\"><\/span><\/h3>\n\n\n\n<p class=\"wp-block-paragraph\">Dit park van dertig hectare ligt precies op de plek van het bloedige slagveld van 10 november 1444, waar de legers van de christelijke alliantie bezweken onder de Ottomaanse overmacht. In de slag sneuvelde de pas twintigjarige Poolse en Hongaarse koning Vladislav III, die naar deze plek de bijnaam Varnen\u010dik kreeg. In de slag vochten ook <strong>Tsjechische en Roetheense huurlingen<\/strong>, die hier ter verdediging de traditionele Hussietische wagenburcht met bombarden inzetten. \ud83d\udca1 <strong>Tip:<\/strong> Het lichaam van de jonge koning is nooit teruggevonden. Daarom staat er in het park een symbolisch mausoleum, gebouwd in een verlaten Thracische grafheuvel. De entree kost 4,09 \u20ac en sommige stukken zijn rechtstreeks door musea uit Praag geschonken.<\/p>\n\n\n\n<figure data-wp-context=\"{&quot;imageId&quot;:&quot;6a9c8f281c267&quot;}\" data-wp-interactive=\"core\/image\" data-wp-key=\"6a9c8f281c267\" class=\"wp-block-image size-full wp-lightbox-container\"><img decoding=\"async\" width=\"1800\" height=\"1350\" data-wp-class--hide=\"state.isContentHidden\" data-wp-class--show=\"state.isContentVisible\" data-wp-init=\"callbacks.setButtonStyles\" data-wp-on--click=\"actions.showLightbox\" data-wp-on--load=\"callbacks.setButtonStyles\" data-wp-on--pointerdown=\"actions.preloadImage\" data-wp-on--pointerenter=\"actions.preloadImageWithDelay\" data-wp-on--pointerleave=\"actions.cancelPreload\" data-wp-on-window--resize=\"callbacks.setButtonStyles\" src=\"https:\/\/loudavymkrokem.cz\/wp-content\/uploads\/2026\/08\/bulharsko-research-varna-21-f5e596df.jpg\" alt=\"Breed zandstrand in de wijk Asparuchovo in Varna\" class=\"wp-image-407796\" title=\"\" srcset=\"https:\/\/loudavymkrokem.cz\/wp-content\/uploads\/2026\/08\/bulharsko-research-varna-21-f5e596df.jpg 1800w, https:\/\/loudavymkrokem.cz\/wp-content\/uploads\/2026\/08\/bulharsko-research-varna-21-f5e596df-300x225.jpg 300w, https:\/\/loudavymkrokem.cz\/wp-content\/uploads\/2026\/08\/bulharsko-research-varna-21-f5e596df-700x525.jpg 700w, https:\/\/loudavymkrokem.cz\/wp-content\/uploads\/2026\/08\/bulharsko-research-varna-21-f5e596df-768x576.jpg 768w, https:\/\/loudavymkrokem.cz\/wp-content\/uploads\/2026\/08\/bulharsko-research-varna-21-f5e596df-1536x1152.jpg 1536w, https:\/\/loudavymkrokem.cz\/wp-content\/uploads\/2026\/08\/bulharsko-research-varna-21-f5e596df-80x60.jpg 80w, https:\/\/loudavymkrokem.cz\/wp-content\/uploads\/2026\/08\/bulharsko-research-varna-21-f5e596df-160x120.jpg 160w, https:\/\/loudavymkrokem.cz\/wp-content\/uploads\/2026\/08\/bulharsko-research-varna-21-f5e596df-696x522.jpg 696w, https:\/\/loudavymkrokem.cz\/wp-content\/uploads\/2026\/08\/bulharsko-research-varna-21-f5e596df-1392x1044.jpg 1392w\" sizes=\"(max-width: 1800px) 100vw, 1800px\" \/><button\n\t\t\tclass=\"lightbox-trigger\"\n\t\t\ttype=\"button\"\n\t\t\taria-haspopup=\"dialog\"\n\t\t\tdata-wp-bind--aria-label=\"state.thisImage.triggerButtonAriaLabel\"\n\t\t\tdata-wp-init=\"callbacks.initTriggerButton\"\n\t\t\tdata-wp-on--click=\"actions.showLightbox\"\n\t\t\tdata-wp-style--right=\"state.thisImage.buttonRight\"\n\t\t\tdata-wp-style--top=\"state.thisImage.buttonTop\"\n\t\t>\n\t\t\t<svg xmlns=\"http:\/\/www.w3.org\/2000\/svg\" width=\"12\" height=\"12\" fill=\"none\" viewBox=\"0 0 12 12\">\n\t\t\t\t<path fill=\"#fff\" d=\"M2 0a2 2 0 0 0-2 2v2h1.5V2a.5.5 0 0 1 .5-.5h2V0H2Zm2 10.5H2a.5.5 0 0 1-.5-.5V8H0v2a2 2 0 0 0 2 2h2v-1.5ZM8 12v-1.5h2a.5.5 0 0 0 .5-.5V8H12v2a2 2 0 0 1-2 2H8Zm2-12a2 2 0 0 1 2 2v2h-1.5V2a.5.5 0 0 0-.5-.5H8V0h2Z\" \/>\n\t\t\t<\/svg>\n\t\t<\/button><figcaption class=\"wp-element-caption\">Foto: Dobrin Gueorguiev (Google Maps)<\/figcaption><\/figure>\n\n\n\n<h3 class=\"wp-block-heading\"><span class=\"ez-toc-section\" id=\"15_Strand_Asparuchovo\"><\/span>15. Strand Asparuchovo<span class=\"ez-toc-section-end\"><\/span><\/h3>\n\n\n\n<p class=\"wp-block-paragraph\">Ben je de drukte van de centrale stranden zat, rijd dan over de grote brug naar het zuiden, naar de wijk Asparuchovo. Het strand daar is <strong>ruim een kilometer lang en op sommige plekken wel honderd meter breed<\/strong>. Het wordt totaal niet overspoeld door massatoerisme en biedt heerlijk fijn zand, rust en genoeg groen. Al jaren behoort het tot de allerschoonste van de hele stad. Asparuchovo heeft ook een onverwacht Tsjechisch tintje. Hier ligt <strong>Hermenegild \u0160korpil<\/strong> (1858 \u2013 1923 Varna) begraven, natuurwetenschapper en broer van Karel \u0160korpil, met wie hij het archeologisch museum van Varna oprichtte. Hij rust precies op de archeologische vindplaats die hij zelf onderzocht. \ud83d\udca1 <strong>Tip:<\/strong> Juist in Asparuchovo vind je de goedkoopste en best beoordeelde visrestaurants, waar vooral de lokale bevolking komt eten.<\/p>\n\n\n\n<figure data-wp-context=\"{&quot;imageId&quot;:&quot;6a9c8f281c864&quot;}\" data-wp-interactive=\"core\/image\" data-wp-key=\"6a9c8f281c864\" class=\"wp-block-image size-full wp-lightbox-container\"><img decoding=\"async\" width=\"1800\" height=\"1350\" data-wp-class--hide=\"state.isContentHidden\" data-wp-class--show=\"state.isContentVisible\" data-wp-init=\"callbacks.setButtonStyles\" data-wp-on--click=\"actions.showLightbox\" data-wp-on--load=\"callbacks.setButtonStyles\" data-wp-on--pointerdown=\"actions.preloadImage\" data-wp-on--pointerenter=\"actions.preloadImageWithDelay\" data-wp-on--pointerleave=\"actions.cancelPreload\" data-wp-on-window--resize=\"callbacks.setButtonStyles\" src=\"https:\/\/loudavymkrokem.cz\/wp-content\/uploads\/2026\/08\/bulharsko-research-varna-22-19b9282d.jpg\" alt=\"Strand en hotels in de badplaats Sv. Konstantin en Elena bij Varna\" class=\"wp-image-407797\" title=\"\" srcset=\"https:\/\/loudavymkrokem.cz\/wp-content\/uploads\/2026\/08\/bulharsko-research-varna-22-19b9282d.jpg 1800w, https:\/\/loudavymkrokem.cz\/wp-content\/uploads\/2026\/08\/bulharsko-research-varna-22-19b9282d-300x225.jpg 300w, https:\/\/loudavymkrokem.cz\/wp-content\/uploads\/2026\/08\/bulharsko-research-varna-22-19b9282d-700x525.jpg 700w, https:\/\/loudavymkrokem.cz\/wp-content\/uploads\/2026\/08\/bulharsko-research-varna-22-19b9282d-768x576.jpg 768w, https:\/\/loudavymkrokem.cz\/wp-content\/uploads\/2026\/08\/bulharsko-research-varna-22-19b9282d-1536x1152.jpg 1536w, https:\/\/loudavymkrokem.cz\/wp-content\/uploads\/2026\/08\/bulharsko-research-varna-22-19b9282d-80x60.jpg 80w, https:\/\/loudavymkrokem.cz\/wp-content\/uploads\/2026\/08\/bulharsko-research-varna-22-19b9282d-160x120.jpg 160w, https:\/\/loudavymkrokem.cz\/wp-content\/uploads\/2026\/08\/bulharsko-research-varna-22-19b9282d-696x522.jpg 696w, https:\/\/loudavymkrokem.cz\/wp-content\/uploads\/2026\/08\/bulharsko-research-varna-22-19b9282d-1392x1044.jpg 1392w\" sizes=\"(max-width: 1800px) 100vw, 1800px\" \/><button\n\t\t\tclass=\"lightbox-trigger\"\n\t\t\ttype=\"button\"\n\t\t\taria-haspopup=\"dialog\"\n\t\t\tdata-wp-bind--aria-label=\"state.thisImage.triggerButtonAriaLabel\"\n\t\t\tdata-wp-init=\"callbacks.initTriggerButton\"\n\t\t\tdata-wp-on--click=\"actions.showLightbox\"\n\t\t\tdata-wp-style--right=\"state.thisImage.buttonRight\"\n\t\t\tdata-wp-style--top=\"state.thisImage.buttonTop\"\n\t\t>\n\t\t\t<svg xmlns=\"http:\/\/www.w3.org\/2000\/svg\" width=\"12\" height=\"12\" fill=\"none\" viewBox=\"0 0 12 12\">\n\t\t\t\t<path fill=\"#fff\" d=\"M2 0a2 2 0 0 0-2 2v2h1.5V2a.5.5 0 0 1 .5-.5h2V0H2Zm2 10.5H2a.5.5 0 0 1-.5-.5V8H0v2a2 2 0 0 0 2 2h2v-1.5ZM8 12v-1.5h2a.5.5 0 0 0 .5-.5V8H12v2a2 2 0 0 1-2 2H8Zm2-12a2 2 0 0 1 2 2v2h-1.5V2a.5.5 0 0 0-.5-.5H8V0h2Z\" \/>\n\t\t\t<\/svg>\n\t\t<\/button><figcaption class=\"wp-element-caption\">Foto: Mariana Negrea (Google Maps)<\/figcaption><\/figure>\n\n\n\n<h3 class=\"wp-block-heading\"><span class=\"ez-toc-section\" id=\"16_Sv_Konstantin_en_Elena\"><\/span>16. Sv. Konstantin en Elena<span class=\"ez-toc-section-end\"><\/span><\/h3>\n\n\n\n<p class=\"wp-block-paragraph\">Op slechts 9 kilometer ten noorden van het centrum ligt de allereerste Bulgaarse kustbadplaats. Vroeger heette ze Drazjba en tegenwoordig is ze vooral vermaard om haar thermale bronnen. Je vindt er het uitgestrekte Aquahouse Thermal &#038; Beach met veertien baden en water tot 42 \u00b0C warm. De badplaats is omgeven door groene parken en biedt onmetelijke rust. \ud83d\udca1 <strong>Tip:<\/strong> De kwaliteit van de dienstverlening is hier zo hoog dat het lokale hotel Ensana Aquahouse in augustus 2026 het <strong>eerste hotel in Varna werd dat in de prestigieuze Michelin Guide werd opgenomen<\/strong> (terwijl hoofdstad Sofia er tot op heden nog geen enkele heeft).<\/p>\n\n\n\n<figure data-wp-context=\"{&quot;imageId&quot;:&quot;6a9c8f281cdfa&quot;}\" data-wp-interactive=\"core\/image\" data-wp-key=\"6a9c8f281cdfa\" class=\"wp-block-image size-full wp-lightbox-container\"><img decoding=\"async\" width=\"1800\" height=\"1350\" data-wp-class--hide=\"state.isContentHidden\" data-wp-class--show=\"state.isContentVisible\" data-wp-init=\"callbacks.setButtonStyles\" data-wp-on--click=\"actions.showLightbox\" data-wp-on--load=\"callbacks.setButtonStyles\" data-wp-on--pointerdown=\"actions.preloadImage\" data-wp-on--pointerenter=\"actions.preloadImageWithDelay\" data-wp-on--pointerleave=\"actions.cancelPreload\" data-wp-on-window--resize=\"callbacks.setButtonStyles\" src=\"https:\/\/loudavymkrokem.cz\/wp-content\/uploads\/2026\/08\/bulharsko-research-varna-23-e2205d32.jpg\" alt=\"Rotsmassief bij Madara, waar de Ruiter van Madara is uitgehouwen\" class=\"wp-image-407798\" title=\"\" srcset=\"https:\/\/loudavymkrokem.cz\/wp-content\/uploads\/2026\/08\/bulharsko-research-varna-23-e2205d32.jpg 1800w, https:\/\/loudavymkrokem.cz\/wp-content\/uploads\/2026\/08\/bulharsko-research-varna-23-e2205d32-300x225.jpg 300w, https:\/\/loudavymkrokem.cz\/wp-content\/uploads\/2026\/08\/bulharsko-research-varna-23-e2205d32-700x525.jpg 700w, https:\/\/loudavymkrokem.cz\/wp-content\/uploads\/2026\/08\/bulharsko-research-varna-23-e2205d32-768x576.jpg 768w, https:\/\/loudavymkrokem.cz\/wp-content\/uploads\/2026\/08\/bulharsko-research-varna-23-e2205d32-1536x1152.jpg 1536w, https:\/\/loudavymkrokem.cz\/wp-content\/uploads\/2026\/08\/bulharsko-research-varna-23-e2205d32-80x60.jpg 80w, https:\/\/loudavymkrokem.cz\/wp-content\/uploads\/2026\/08\/bulharsko-research-varna-23-e2205d32-160x120.jpg 160w, https:\/\/loudavymkrokem.cz\/wp-content\/uploads\/2026\/08\/bulharsko-research-varna-23-e2205d32-696x522.jpg 696w, https:\/\/loudavymkrokem.cz\/wp-content\/uploads\/2026\/08\/bulharsko-research-varna-23-e2205d32-1392x1044.jpg 1392w\" sizes=\"(max-width: 1800px) 100vw, 1800px\" \/><button\n\t\t\tclass=\"lightbox-trigger\"\n\t\t\ttype=\"button\"\n\t\t\taria-haspopup=\"dialog\"\n\t\t\tdata-wp-bind--aria-label=\"state.thisImage.triggerButtonAriaLabel\"\n\t\t\tdata-wp-init=\"callbacks.initTriggerButton\"\n\t\t\tdata-wp-on--click=\"actions.showLightbox\"\n\t\t\tdata-wp-style--right=\"state.thisImage.buttonRight\"\n\t\t\tdata-wp-style--top=\"state.thisImage.buttonTop\"\n\t\t>\n\t\t\t<svg xmlns=\"http:\/\/www.w3.org\/2000\/svg\" width=\"12\" height=\"12\" fill=\"none\" viewBox=\"0 0 12 12\">\n\t\t\t\t<path fill=\"#fff\" d=\"M2 0a2 2 0 0 0-2 2v2h1.5V2a.5.5 0 0 1 .5-.5h2V0H2Zm2 10.5H2a.5.5 0 0 1-.5-.5V8H0v2a2 2 0 0 0 2 2h2v-1.5ZM8 12v-1.5h2a.5.5 0 0 0 .5-.5V8H12v2a2 2 0 0 1-2 2H8Zm2-12a2 2 0 0 1 2 2v2h-1.5V2a.5.5 0 0 0-.5-.5H8V0h2Z\" \/>\n\t\t\t<\/svg>\n\t\t<\/button><figcaption class=\"wp-element-caption\">Foto: valeri mladenov (Google Maps)<\/figcaption><\/figure>\n\n\n\n<h2 class=\"wp-block-heading\"><span class=\"ez-toc-section\" id=\"Uitstapjes_vanuit_Varna\"><\/span>Uitstapjes vanuit Varna<span class=\"ez-toc-section-end\"><\/span><\/h2>\n\n\n\n<p class=\"wp-block-paragraph\">Als je de stad zelf hebt bekeken, loont het om <strong>een auto te huren<\/strong>. De omgeving van Varna verbergt <strong>natuurverschijnselen en monumenten<\/strong> die in Europa hun weerga niet kennen.<\/p>\n\n\n\n<figure data-wp-context=\"{&quot;imageId&quot;:&quot;6a9c8f281d312&quot;}\" data-wp-interactive=\"core\/image\" data-wp-key=\"6a9c8f281d312\" class=\"wp-block-image size-full wp-lightbox-container\"><img decoding=\"async\" width=\"1800\" height=\"1200\" data-wp-class--hide=\"state.isContentHidden\" data-wp-class--show=\"state.isContentVisible\" data-wp-init=\"callbacks.setButtonStyles\" data-wp-on--click=\"actions.showLightbox\" data-wp-on--load=\"callbacks.setButtonStyles\" data-wp-on--pointerdown=\"actions.preloadImage\" data-wp-on--pointerenter=\"actions.preloadImageWithDelay\" data-wp-on--pointerleave=\"actions.cancelPreload\" data-wp-on-window--resize=\"callbacks.setButtonStyles\" src=\"https:\/\/loudavymkrokem.cz\/wp-content\/uploads\/2026\/08\/bulharsko-research-varna-24-368732fd.jpg\" alt=\"Paleis en botanische tuin in Balchik\" class=\"wp-image-407799\" title=\"\" srcset=\"https:\/\/loudavymkrokem.cz\/wp-content\/uploads\/2026\/08\/bulharsko-research-varna-24-368732fd.jpg 1800w, https:\/\/loudavymkrokem.cz\/wp-content\/uploads\/2026\/08\/bulharsko-research-varna-24-368732fd-300x200.jpg 300w, https:\/\/loudavymkrokem.cz\/wp-content\/uploads\/2026\/08\/bulharsko-research-varna-24-368732fd-700x467.jpg 700w, https:\/\/loudavymkrokem.cz\/wp-content\/uploads\/2026\/08\/bulharsko-research-varna-24-368732fd-768x512.jpg 768w, https:\/\/loudavymkrokem.cz\/wp-content\/uploads\/2026\/08\/bulharsko-research-varna-24-368732fd-1536x1024.jpg 1536w, https:\/\/loudavymkrokem.cz\/wp-content\/uploads\/2026\/08\/bulharsko-research-varna-24-368732fd-696x464.jpg 696w, https:\/\/loudavymkrokem.cz\/wp-content\/uploads\/2026\/08\/bulharsko-research-varna-24-368732fd-1392x928.jpg 1392w\" sizes=\"(max-width: 1800px) 100vw, 1800px\" \/><button\n\t\t\tclass=\"lightbox-trigger\"\n\t\t\ttype=\"button\"\n\t\t\taria-haspopup=\"dialog\"\n\t\t\tdata-wp-bind--aria-label=\"state.thisImage.triggerButtonAriaLabel\"\n\t\t\tdata-wp-init=\"callbacks.initTriggerButton\"\n\t\t\tdata-wp-on--click=\"actions.showLightbox\"\n\t\t\tdata-wp-style--right=\"state.thisImage.buttonRight\"\n\t\t\tdata-wp-style--top=\"state.thisImage.buttonTop\"\n\t\t>\n\t\t\t<svg xmlns=\"http:\/\/www.w3.org\/2000\/svg\" width=\"12\" height=\"12\" fill=\"none\" viewBox=\"0 0 12 12\">\n\t\t\t\t<path fill=\"#fff\" d=\"M2 0a2 2 0 0 0-2 2v2h1.5V2a.5.5 0 0 1 .5-.5h2V0H2Zm2 10.5H2a.5.5 0 0 1-.5-.5V8H0v2a2 2 0 0 0 2 2h2v-1.5ZM8 12v-1.5h2a.5.5 0 0 0 .5-.5V8H12v2a2 2 0 0 1-2 2H8Zm2-12a2 2 0 0 1 2 2v2h-1.5V2a.5.5 0 0 0-.5-.5H8V0h2Z\" \/>\n\t\t\t<\/svg>\n\t\t<\/button><figcaption class=\"wp-element-caption\">Foto: Dan Kollmann, CC BY-SA 4.0 (Wikimedia Commons)<\/figcaption><\/figure>\n\n\n\n<h3 class=\"wp-block-heading\"><span class=\"ez-toc-section\" id=\"17_Paleis_en_tuinen_van_Balchik\"><\/span>17. Paleis en tuinen van Balchik<span class=\"ez-toc-section-end\"><\/span><\/h3>\n\n\n\n<p class=\"wp-block-paragraph\">Ongeveer 40 minuten rijden ten noorden van Varna ligt het charmante stadje Balchik. De Roemeense koningin Maria werd er zo verliefd op dat ze er een zomerverblijf liet bouwen dat ze het Stille Nest noemde. De villa is omgeven door een adembenemende botanische tuin die in terrassen afloopt tot aan de zee. De uitgebreide cactuscollectie wordt in reisgidsen vaak aangeduid als een van de grootste van Europa. \ud83d\udca1 <strong>Tip:<\/strong> <strong>Een combikaartje bestaat niet!<\/strong> Je moet apart betalen voor de toegang tot het paleis (10 \u20ac) en apart voor de tuinen (10 \u20ac). Let op de kinderkortingen: in het paleis mogen kinderen tot 6 jaar gratis naar binnen, in de tuin alleen tot 4 jaar.<\/p>\n\n\n\n<figure data-wp-context=\"{&quot;imageId&quot;:&quot;6a9c8f281d7ca&quot;}\" data-wp-interactive=\"core\/image\" data-wp-key=\"6a9c8f281d7ca\" class=\"wp-block-image size-full wp-lightbox-container\"><img decoding=\"async\" width=\"1800\" height=\"1080\" data-wp-class--hide=\"state.isContentHidden\" data-wp-class--show=\"state.isContentVisible\" data-wp-init=\"callbacks.setButtonStyles\" data-wp-on--click=\"actions.showLightbox\" data-wp-on--load=\"callbacks.setButtonStyles\" data-wp-on--pointerdown=\"actions.preloadImage\" data-wp-on--pointerenter=\"actions.preloadImageWithDelay\" data-wp-on--pointerleave=\"actions.cancelPreload\" data-wp-on-window--resize=\"callbacks.setButtonStyles\" src=\"https:\/\/loudavymkrokem.cz\/wp-content\/uploads\/2026\/08\/bulharsko-research-varna-25-5c253189.jpg\" alt=\"Kliffen van Kaap Kaliakra\" class=\"wp-image-407800\" title=\"\" srcset=\"https:\/\/loudavymkrokem.cz\/wp-content\/uploads\/2026\/08\/bulharsko-research-varna-25-5c253189.jpg 1800w, https:\/\/loudavymkrokem.cz\/wp-content\/uploads\/2026\/08\/bulharsko-research-varna-25-5c253189-300x180.jpg 300w, https:\/\/loudavymkrokem.cz\/wp-content\/uploads\/2026\/08\/bulharsko-research-varna-25-5c253189-700x420.jpg 700w, https:\/\/loudavymkrokem.cz\/wp-content\/uploads\/2026\/08\/bulharsko-research-varna-25-5c253189-768x461.jpg 768w, https:\/\/loudavymkrokem.cz\/wp-content\/uploads\/2026\/08\/bulharsko-research-varna-25-5c253189-1536x922.jpg 1536w, https:\/\/loudavymkrokem.cz\/wp-content\/uploads\/2026\/08\/bulharsko-research-varna-25-5c253189-696x418.jpg 696w, https:\/\/loudavymkrokem.cz\/wp-content\/uploads\/2026\/08\/bulharsko-research-varna-25-5c253189-1392x835.jpg 1392w\" sizes=\"(max-width: 1800px) 100vw, 1800px\" \/><button\n\t\t\tclass=\"lightbox-trigger\"\n\t\t\ttype=\"button\"\n\t\t\taria-haspopup=\"dialog\"\n\t\t\tdata-wp-bind--aria-label=\"state.thisImage.triggerButtonAriaLabel\"\n\t\t\tdata-wp-init=\"callbacks.initTriggerButton\"\n\t\t\tdata-wp-on--click=\"actions.showLightbox\"\n\t\t\tdata-wp-style--right=\"state.thisImage.buttonRight\"\n\t\t\tdata-wp-style--top=\"state.thisImage.buttonTop\"\n\t\t>\n\t\t\t<svg xmlns=\"http:\/\/www.w3.org\/2000\/svg\" width=\"12\" height=\"12\" fill=\"none\" viewBox=\"0 0 12 12\">\n\t\t\t\t<path fill=\"#fff\" d=\"M2 0a2 2 0 0 0-2 2v2h1.5V2a.5.5 0 0 1 .5-.5h2V0H2Zm2 10.5H2a.5.5 0 0 1-.5-.5V8H0v2a2 2 0 0 0 2 2h2v-1.5ZM8 12v-1.5h2a.5.5 0 0 0 .5-.5V8H12v2a2 2 0 0 1-2 2H8Zm2-12a2 2 0 0 1 2 2v2h-1.5V2a.5.5 0 0 0-.5-.5H8V0h2Z\" \/>\n\t\t\t<\/svg>\n\t\t<\/button><figcaption class=\"wp-element-caption\">Foto: Dan Kollmann, CC BY-SA 4.0 (Wikimedia Commons)<\/figcaption><\/figure>\n\n\n\n<h3 class=\"wp-block-heading\"><span class=\"ez-toc-section\" id=\"18_Kaap_Kaliakra\"><\/span>18. Kaap Kaliakra<span class=\"ez-toc-section-end\"><\/span><\/h3>\n\n\n\n<p class=\"wp-block-paragraph\">Een stukje voorbij Balchik snijdt de twee kilometer lange rotsachtige landtong van Kaap Kaliakra de zee in. De tot 70 meter hoge purperkleurige kliffen vallen loodrecht in de golven en vormen zo een van de meest fotogenieke plekken van de Bulgaarse kust. De plek heeft een rijke geschiedenis, van Thracische bewoning tot de hoofdstad van het middeleeuwse Dobroedzja-despotaat. Volgens de legende sprongen hier 40 maagden met hun haren aan elkaar geknoopt van de kliffen om niet in Ottomaanse gevangenschap te vallen. \ud83d\udca1 <strong>Tip:<\/strong> De toegang tot het terrein kost volgens bezoekers zo&#8217;n 3 \u20ac. Zonder auto kom je er maar heel moeilijk; de bus vanuit Varna rijdt alleen tot Kavarna en de rest moet je per taxi afleggen. Houd je ogen open: vanaf de kliffen zie je vaak dolfijnen.<\/p>\n\n\n\n<figure data-wp-context=\"{&quot;imageId&quot;:&quot;6a9c8f281dcb7&quot;}\" data-wp-interactive=\"core\/image\" data-wp-key=\"6a9c8f281dcb7\" class=\"wp-block-image size-full wp-lightbox-container\"><img decoding=\"async\" width=\"1800\" height=\"1350\" data-wp-class--hide=\"state.isContentHidden\" data-wp-class--show=\"state.isContentVisible\" data-wp-init=\"callbacks.setButtonStyles\" data-wp-on--click=\"actions.showLightbox\" data-wp-on--load=\"callbacks.setButtonStyles\" data-wp-on--pointerdown=\"actions.preloadImage\" data-wp-on--pointerenter=\"actions.preloadImageWithDelay\" data-wp-on--pointerleave=\"actions.cancelPreload\" data-wp-on-window--resize=\"callbacks.setButtonStyles\" src=\"https:\/\/loudavymkrokem.cz\/wp-content\/uploads\/2026\/08\/bulharsko-research-varna-26-0919ed51.jpg\" alt=\"Rotsklooster Aladzja bij Varna\" class=\"wp-image-407801\" title=\"\" srcset=\"https:\/\/loudavymkrokem.cz\/wp-content\/uploads\/2026\/08\/bulharsko-research-varna-26-0919ed51.jpg 1800w, https:\/\/loudavymkrokem.cz\/wp-content\/uploads\/2026\/08\/bulharsko-research-varna-26-0919ed51-300x225.jpg 300w, https:\/\/loudavymkrokem.cz\/wp-content\/uploads\/2026\/08\/bulharsko-research-varna-26-0919ed51-700x525.jpg 700w, https:\/\/loudavymkrokem.cz\/wp-content\/uploads\/2026\/08\/bulharsko-research-varna-26-0919ed51-768x576.jpg 768w, https:\/\/loudavymkrokem.cz\/wp-content\/uploads\/2026\/08\/bulharsko-research-varna-26-0919ed51-1536x1152.jpg 1536w, https:\/\/loudavymkrokem.cz\/wp-content\/uploads\/2026\/08\/bulharsko-research-varna-26-0919ed51-80x60.jpg 80w, https:\/\/loudavymkrokem.cz\/wp-content\/uploads\/2026\/08\/bulharsko-research-varna-26-0919ed51-160x120.jpg 160w, https:\/\/loudavymkrokem.cz\/wp-content\/uploads\/2026\/08\/bulharsko-research-varna-26-0919ed51-696x522.jpg 696w, https:\/\/loudavymkrokem.cz\/wp-content\/uploads\/2026\/08\/bulharsko-research-varna-26-0919ed51-1392x1044.jpg 1392w\" sizes=\"(max-width: 1800px) 100vw, 1800px\" \/><button\n\t\t\tclass=\"lightbox-trigger\"\n\t\t\ttype=\"button\"\n\t\t\taria-haspopup=\"dialog\"\n\t\t\tdata-wp-bind--aria-label=\"state.thisImage.triggerButtonAriaLabel\"\n\t\t\tdata-wp-init=\"callbacks.initTriggerButton\"\n\t\t\tdata-wp-on--click=\"actions.showLightbox\"\n\t\t\tdata-wp-style--right=\"state.thisImage.buttonRight\"\n\t\t\tdata-wp-style--top=\"state.thisImage.buttonTop\"\n\t\t>\n\t\t\t<svg xmlns=\"http:\/\/www.w3.org\/2000\/svg\" width=\"12\" height=\"12\" fill=\"none\" viewBox=\"0 0 12 12\">\n\t\t\t\t<path fill=\"#fff\" d=\"M2 0a2 2 0 0 0-2 2v2h1.5V2a.5.5 0 0 1 .5-.5h2V0H2Zm2 10.5H2a.5.5 0 0 1-.5-.5V8H0v2a2 2 0 0 0 2 2h2v-1.5ZM8 12v-1.5h2a.5.5 0 0 0 .5-.5V8H12v2a2 2 0 0 1-2 2H8Zm2-12a2 2 0 0 1 2 2v2h-1.5V2a.5.5 0 0 0-.5-.5H8V0h2Z\" \/>\n\t\t\t<\/svg>\n\t\t<\/button><figcaption class=\"wp-element-caption\">Foto: Utilizator:\u021aetcu Mircea Rare\u0219 at ro.wikipedia, CC BY-SA 2.5 (Wikimedia Commons)<\/figcaption><\/figure>\n\n\n\n<h3 class=\"wp-block-heading\"><span class=\"ez-toc-section\" id=\"19_Klooster_Aladzja\"><\/span>19. Klooster Aladzja<span class=\"ez-toc-section-end\"><\/span><\/h3>\n\n\n\n<p class=\"wp-block-paragraph\">Op slechts 16 kilometer van Varna schuilt in een 40 meter hoge kalksteenrots een middeleeuws rotsklooster. In de 12e tot 14e eeuw woonde hier een monastieke hesychastische gemeenschap, die haar cellen en kapellen op twee hoogteniveaus rechtstreeks in de rots uithouwde. De naam komt van een Turks woord dat \u201ebont&#8221; betekent, wat verwijst naar de inmiddels vernietigde kleurrijke fresco&#8217;s. \ud83d\udca1 <strong>Tip:<\/strong> De entree bedraagt 5 \u20ac. Kom je in de winter naar Varna, schrap dit uitstapje dan \u2014 <strong>van december tot februari is het klooster volledig gesloten<\/strong> voor het publiek.<\/p>\n\n\n\n<figure data-wp-context=\"{&quot;imageId&quot;:&quot;6a9c8f281e303&quot;}\" data-wp-interactive=\"core\/image\" data-wp-key=\"6a9c8f281e303\" class=\"wp-block-image size-full wp-lightbox-container\"><img decoding=\"async\" width=\"1800\" height=\"813\" data-wp-class--hide=\"state.isContentHidden\" data-wp-class--show=\"state.isContentVisible\" data-wp-init=\"callbacks.setButtonStyles\" data-wp-on--click=\"actions.showLightbox\" data-wp-on--load=\"callbacks.setButtonStyles\" data-wp-on--pointerdown=\"actions.preloadImage\" data-wp-on--pointerenter=\"actions.preloadImageWithDelay\" data-wp-on--pointerleave=\"actions.cancelPreload\" data-wp-on-window--resize=\"callbacks.setButtonStyles\" src=\"https:\/\/loudavymkrokem.cz\/wp-content\/uploads\/2026\/08\/bulharsko-research-varna-27-1a79dd3a.jpg\" alt=\"Stenen Woud Pobiti kamani bij Varna\" class=\"wp-image-407802\" title=\"\" srcset=\"https:\/\/loudavymkrokem.cz\/wp-content\/uploads\/2026\/08\/bulharsko-research-varna-27-1a79dd3a.jpg 1800w, https:\/\/loudavymkrokem.cz\/wp-content\/uploads\/2026\/08\/bulharsko-research-varna-27-1a79dd3a-300x136.jpg 300w, https:\/\/loudavymkrokem.cz\/wp-content\/uploads\/2026\/08\/bulharsko-research-varna-27-1a79dd3a-700x316.jpg 700w, https:\/\/loudavymkrokem.cz\/wp-content\/uploads\/2026\/08\/bulharsko-research-varna-27-1a79dd3a-768x347.jpg 768w, https:\/\/loudavymkrokem.cz\/wp-content\/uploads\/2026\/08\/bulharsko-research-varna-27-1a79dd3a-1536x694.jpg 1536w, https:\/\/loudavymkrokem.cz\/wp-content\/uploads\/2026\/08\/bulharsko-research-varna-27-1a79dd3a-696x314.jpg 696w, https:\/\/loudavymkrokem.cz\/wp-content\/uploads\/2026\/08\/bulharsko-research-varna-27-1a79dd3a-1392x629.jpg 1392w\" sizes=\"(max-width: 1800px) 100vw, 1800px\" \/><button\n\t\t\tclass=\"lightbox-trigger\"\n\t\t\ttype=\"button\"\n\t\t\taria-haspopup=\"dialog\"\n\t\t\tdata-wp-bind--aria-label=\"state.thisImage.triggerButtonAriaLabel\"\n\t\t\tdata-wp-init=\"callbacks.initTriggerButton\"\n\t\t\tdata-wp-on--click=\"actions.showLightbox\"\n\t\t\tdata-wp-style--right=\"state.thisImage.buttonRight\"\n\t\t\tdata-wp-style--top=\"state.thisImage.buttonTop\"\n\t\t>\n\t\t\t<svg xmlns=\"http:\/\/www.w3.org\/2000\/svg\" width=\"12\" height=\"12\" fill=\"none\" viewBox=\"0 0 12 12\">\n\t\t\t\t<path fill=\"#fff\" d=\"M2 0a2 2 0 0 0-2 2v2h1.5V2a.5.5 0 0 1 .5-.5h2V0H2Zm2 10.5H2a.5.5 0 0 1-.5-.5V8H0v2a2 2 0 0 0 2 2h2v-1.5ZM8 12v-1.5h2a.5.5 0 0 0 .5-.5V8H12v2a2 2 0 0 1-2 2H8Zm2-12a2 2 0 0 1 2 2v2h-1.5V2a.5.5 0 0 0-.5-.5H8V0h2Z\" \/>\n\t\t\t<\/svg>\n\t\t<\/button><figcaption class=\"wp-element-caption\">Foto: Diego Delso, CC BY-SA 4.0 (Wikimedia Commons)<\/figcaption><\/figure>\n\n\n\n<h3 class=\"wp-block-heading\"><span class=\"ez-toc-section\" id=\"20_Pobiti_kamani_en_de_Ruiter_van_Madara\"><\/span>20. Pobiti kamani en de Ruiter van Madara<span class=\"ez-toc-section-end\"><\/span><\/h3>\n\n\n\n<p class=\"wp-block-paragraph\">Zo&#8217;n twintig minuten landinwaarts stuit je op het Stenen Woud (Pobiti kamani). Uit het droge, zanderige landschap steken hier honderden stenen zuilen op tot wel 6 meter hoog. Hoe ze precies zijn ontstaan, weet tot op vandaag niemand zeker, maar modern onderzoek neigt naar de theorie dat het versteende schoorstenen zijn van een eeuwenoude methaanontsnapping uit de zeebodem. De entree kost 3 \u20ac. \ud83d\udca1 <strong>Tip voor een dagtrip:<\/strong> Heb je een auto, combineer Pobiti kamani dan met een bezoek aan de <strong>Ruiter van Madara<\/strong> (ca. 75 km van Varna). Dit unieke middeleeuwse reli\u00ebf, 23 meter hoog in de rots uitgehouwen, staat op de UNESCO-lijst en is bereikbaar via een trap met ongeveer honderd meter hoogteverschil. De entree ligt rond de 3,58 \u20ac.<\/p>\n\n\n\n<figure data-wp-context=\"{&quot;imageId&quot;:&quot;6a9c8f281e828&quot;}\" data-wp-interactive=\"core\/image\" data-wp-key=\"6a9c8f281e828\" class=\"wp-block-image size-full wp-lightbox-container\"><img decoding=\"async\" width=\"1800\" height=\"1014\" data-wp-class--hide=\"state.isContentHidden\" data-wp-class--show=\"state.isContentVisible\" data-wp-init=\"callbacks.setButtonStyles\" data-wp-on--click=\"actions.showLightbox\" data-wp-on--load=\"callbacks.setButtonStyles\" data-wp-on--pointerdown=\"actions.preloadImage\" data-wp-on--pointerenter=\"actions.preloadImageWithDelay\" data-wp-on--pointerleave=\"actions.cancelPreload\" data-wp-on-window--resize=\"callbacks.setButtonStyles\" src=\"https:\/\/loudavymkrokem.cz\/wp-content\/uploads\/2026\/08\/bulharsko-research-varna-28-8417c058.jpg\" alt=\"Shopska-salade, een klassieker van de Bulgaarse keuken\" class=\"wp-image-407803\" title=\"\" srcset=\"https:\/\/loudavymkrokem.cz\/wp-content\/uploads\/2026\/08\/bulharsko-research-varna-28-8417c058.jpg 1800w, https:\/\/loudavymkrokem.cz\/wp-content\/uploads\/2026\/08\/bulharsko-research-varna-28-8417c058-300x169.jpg 300w, https:\/\/loudavymkrokem.cz\/wp-content\/uploads\/2026\/08\/bulharsko-research-varna-28-8417c058-700x394.jpg 700w, https:\/\/loudavymkrokem.cz\/wp-content\/uploads\/2026\/08\/bulharsko-research-varna-28-8417c058-768x433.jpg 768w, https:\/\/loudavymkrokem.cz\/wp-content\/uploads\/2026\/08\/bulharsko-research-varna-28-8417c058-1536x865.jpg 1536w, https:\/\/loudavymkrokem.cz\/wp-content\/uploads\/2026\/08\/bulharsko-research-varna-28-8417c058-696x392.jpg 696w, https:\/\/loudavymkrokem.cz\/wp-content\/uploads\/2026\/08\/bulharsko-research-varna-28-8417c058-1392x784.jpg 1392w\" sizes=\"(max-width: 1800px) 100vw, 1800px\" \/><button\n\t\t\tclass=\"lightbox-trigger\"\n\t\t\ttype=\"button\"\n\t\t\taria-haspopup=\"dialog\"\n\t\t\tdata-wp-bind--aria-label=\"state.thisImage.triggerButtonAriaLabel\"\n\t\t\tdata-wp-init=\"callbacks.initTriggerButton\"\n\t\t\tdata-wp-on--click=\"actions.showLightbox\"\n\t\t\tdata-wp-style--right=\"state.thisImage.buttonRight\"\n\t\t\tdata-wp-style--top=\"state.thisImage.buttonTop\"\n\t\t>\n\t\t\t<svg xmlns=\"http:\/\/www.w3.org\/2000\/svg\" width=\"12\" height=\"12\" fill=\"none\" viewBox=\"0 0 12 12\">\n\t\t\t\t<path fill=\"#fff\" d=\"M2 0a2 2 0 0 0-2 2v2h1.5V2a.5.5 0 0 1 .5-.5h2V0H2Zm2 10.5H2a.5.5 0 0 1-.5-.5V8H0v2a2 2 0 0 0 2 2h2v-1.5ZM8 12v-1.5h2a.5.5 0 0 0 .5-.5V8H12v2a2 2 0 0 1-2 2H8Zm2-12a2 2 0 0 1 2 2v2h-1.5V2a.5.5 0 0 0-.5-.5H8V0h2Z\" \/>\n\t\t\t<\/svg>\n\t\t<\/button><figcaption class=\"wp-element-caption\">Foto: Viktorija N. Ivanov, CC BY-SA 4.0 (Wikimedia Commons)<\/figcaption><\/figure>\n\n\n\n<h2 class=\"wp-block-heading\"><span class=\"ez-toc-section\" id=\"Waar_eet_je_in_Varna\"><\/span>Waar eet je in Varna<span class=\"ez-toc-section-end\"><\/span><\/h2>\n\n\n\n<p class=\"wp-block-paragraph\">De gastronomie in Varna is uitstekend, maar je moet weten waar je moet zijn. Een langlopende zekerheid voor liefhebbers van kwaliteitseten is de <strong>restaurantketen Starija \u010cinar<\/strong>. Ze hebben vijf vestigingen door de stad (die bij Port Varna en \u010cerno More krijgen mooie beoordelingen) en bieden een perfecte prijs-kwaliteitverhouding. Wil je eten precies waar de locals uit de historische Griekse wijk komen, ga dan naar het <strong>familiezaakje Erato<\/strong>, waar je voor onder de 15 euro eet. Voor koffie en ontbijt worden de caf\u00e9s Blend Coffee en Stretto uitstekend beoordeeld.<\/p>\n\n\n\n<p class=\"wp-block-paragraph\"><strong>Voor vegetari\u00ebrs is de Bulgaarse keuken behoorlijk vriendelijk, mits je weet wat je moet bestellen.<\/strong> Zoek naar de klassiekers: <strong>shopska-salade, de koude komkommersoep tarator, gebakken sirene-kaas op z&#8217;n shopska&#8217;s, de groente-mengschotel mi\u0161-ma\u0161 of aubergine-kjopoolu<\/strong>. Bij Starija \u010cinar staat op de kaart zelfs een aparte sectie met vleesloze gerechten, met heerlijke bjurek-paprika&#8217;s gevuld met kaas of risotto. Puur vegetarische zekerheden in het centrum van Varna zijn de zaken <strong>SUPA<\/strong> en <strong>\u017diva priroda<\/strong>. Het vroeger aanbevolen veganistische restaurant Vege Joy is daarentegen definitief gesloten.<\/p>\n\n\n\n<p class=\"wp-block-paragraph\"><strong>Gastronomische valkuilen voor vegetari\u00ebrs:<\/strong> Laat je niet misleiden door de namen! <strong>Tarama<\/strong> klinkt verleidelijk, maar het is een pasta van viskuit. <strong>Ov\u010darska salata<\/strong> ziet eruit als een onschuldige salade, maar bevat altijd spek. De populaire Balkan-<strong>musaka<\/strong>, de gebakken tosti&#8217;s <strong>princesi<\/strong> en de traditionele <strong>drob sarma<\/strong> bevatten altijd vlees of orgaanvlees, en vegetarische versies daarvan worden in gewone mehana&#8217;s vrijwel nooit gemaakt.<\/p>\n\n\n\n<figure data-wp-context=\"{&quot;imageId&quot;:&quot;6a9c8f281ee80&quot;}\" data-wp-interactive=\"core\/image\" data-wp-key=\"6a9c8f281ee80\" class=\"wp-block-image size-full wp-lightbox-container\"><img decoding=\"async\" width=\"1800\" height=\"1199\" data-wp-class--hide=\"state.isContentHidden\" data-wp-class--show=\"state.isContentVisible\" data-wp-init=\"callbacks.setButtonStyles\" data-wp-on--click=\"actions.showLightbox\" data-wp-on--load=\"callbacks.setButtonStyles\" data-wp-on--pointerdown=\"actions.preloadImage\" data-wp-on--pointerenter=\"actions.preloadImageWithDelay\" data-wp-on--pointerleave=\"actions.cancelPreload\" data-wp-on-window--resize=\"callbacks.setButtonStyles\" src=\"https:\/\/loudavymkrokem.cz\/wp-content\/uploads\/2026\/08\/bulharsko-research-varna-29-7619f99e.jpg\" alt=\"Kamer in het Grand Hotel London in Varna\" class=\"wp-image-407804\" title=\"\" srcset=\"https:\/\/loudavymkrokem.cz\/wp-content\/uploads\/2026\/08\/bulharsko-research-varna-29-7619f99e.jpg 1800w, https:\/\/loudavymkrokem.cz\/wp-content\/uploads\/2026\/08\/bulharsko-research-varna-29-7619f99e-300x200.jpg 300w, https:\/\/loudavymkrokem.cz\/wp-content\/uploads\/2026\/08\/bulharsko-research-varna-29-7619f99e-700x466.jpg 700w, https:\/\/loudavymkrokem.cz\/wp-content\/uploads\/2026\/08\/bulharsko-research-varna-29-7619f99e-768x512.jpg 768w, https:\/\/loudavymkrokem.cz\/wp-content\/uploads\/2026\/08\/bulharsko-research-varna-29-7619f99e-1536x1023.jpg 1536w, https:\/\/loudavymkrokem.cz\/wp-content\/uploads\/2026\/08\/bulharsko-research-varna-29-7619f99e-696x464.jpg 696w, https:\/\/loudavymkrokem.cz\/wp-content\/uploads\/2026\/08\/bulharsko-research-varna-29-7619f99e-1392x927.jpg 1392w\" sizes=\"(max-width: 1800px) 100vw, 1800px\" \/><button\n\t\t\tclass=\"lightbox-trigger\"\n\t\t\ttype=\"button\"\n\t\t\taria-haspopup=\"dialog\"\n\t\t\tdata-wp-bind--aria-label=\"state.thisImage.triggerButtonAriaLabel\"\n\t\t\tdata-wp-init=\"callbacks.initTriggerButton\"\n\t\t\tdata-wp-on--click=\"actions.showLightbox\"\n\t\t\tdata-wp-style--right=\"state.thisImage.buttonRight\"\n\t\t\tdata-wp-style--top=\"state.thisImage.buttonTop\"\n\t\t>\n\t\t\t<svg xmlns=\"http:\/\/www.w3.org\/2000\/svg\" width=\"12\" height=\"12\" fill=\"none\" viewBox=\"0 0 12 12\">\n\t\t\t\t<path fill=\"#fff\" d=\"M2 0a2 2 0 0 0-2 2v2h1.5V2a.5.5 0 0 1 .5-.5h2V0H2Zm2 10.5H2a.5.5 0 0 1-.5-.5V8H0v2a2 2 0 0 0 2 2h2v-1.5ZM8 12v-1.5h2a.5.5 0 0 0 .5-.5V8H12v2a2 2 0 0 1-2 2H8Zm2-12a2 2 0 0 1 2 2v2h-1.5V2a.5.5 0 0 0-.5-.5H8V0h2Z\" \/>\n\t\t\t<\/svg>\n\t\t<\/button><figcaption class=\"wp-element-caption\">Foto: Grand Hotel London (Google Maps)<\/figcaption><\/figure>\n\n\n\n<h2 class=\"wp-block-heading\"><span class=\"ez-toc-section\" id=\"Waar_overnacht_je_in_Varna_hotels_en_wijken\"><\/span>Waar overnacht je in Varna: hotels en wijken<span class=\"ez-toc-section-end\"><\/span><\/h2>\n\n\n\n<p class=\"wp-block-paragraph\"><em>\ud83d\udca1 Tip voor overnachtingen en belevenissen: accommodatie ter plaatse <a href=\"https:\/\/www.stay22.com\/allez\/roam?aid=lukaskonecny&#038;campaign=loudavymkrokemcz&#038;address=Varna\" target=\"_blank\" rel=\"nofollow noopener sponsored\">vergelijken we hier<\/a>, zodat je meteen ziet wat vrij is en voor hoeveel. Luk\u00e1\u0161 en ik zoeken het het liefst op <a href=\"https:\/\/www.booking.com\/searchresults.html?ss=Varna&#038;aid=2397601\" target=\"_blank\" rel=\"nofollow noopener sponsored\">Booking.com<\/a>, waar de annuleringsvoorwaarden meestal het gunstigst zijn. Kaartjes, uitstapjes en activiteiten kun je het beste vergelijken en boeken via <a href=\"https:\/\/www.getyourguide.com\/s\/?q=Varna&#038;partner_id=MKZ64IS\" target=\"_blank\" rel=\"nofollow noopener sponsored\">GetYourGuide<\/a>.<\/em><\/p>\n\n\n\n<p class=\"wp-block-paragraph\">Bij het <strong>kiezen van een accommodatie<\/strong> moet je voor jezelf helder krijgen wat je van je verblijf verwacht. Hier is een kort overzicht van de <strong>beste locaties<\/strong>:<\/p>\n\n\n\n<ul class=\"wp-block-list\">\n\n<li><strong>Griekse wijk (Gr\u0103cka machala):<\/strong> Het oudste deel van de stad. Je zit een paar honderd meter van het strand en hebt hier de beste prijs-kwaliteitverhouding op gastronomisch gebied. Nadeel zijn de bars die tot in de vroege uurtjes open zijn. Ideaal voor stellen en foodies.<\/li>\n\n\n\n<li><strong>Rond de kathedraal:<\/strong> Een drukker centrum, maar je hebt alles op loopafstand. Prima voor een eerste bezoek.<\/li>\n\n\n\n<li><strong>\u010cajka:<\/strong> Een groene wijk een stukje verder van het centrum, vlak bij het dolfinarium en de Zeetuin. Rustig gebied met moderne appartementen, ideaal voor gezinnen met kinderen.<\/li>\n\n\n\n<li><strong>Asparuchovo:<\/strong> Goedkoper verblijven aan de overkant van de brug, een reusachtig rustig strand en fantastische visrestaurants. Geschikt voor wie met de auto is gekomen.<\/li>\n\n\n<\/ul>\n\n\n\n<p class=\"wp-block-paragraph\"><strong>Concrete tips voor hotels in Varna:<\/strong> Zoek je de absolute top met de beste beoordeling \u00e9n ligging, kies dan het <strong><a href=\"https:\/\/www.stay22.com\/allez\/roam?aid=lukaskonecny&#038;campaign=loudavymkrokemcz&#038;campaign=varna&#038;hotelname=Modus%20Hotel&#038;address=Varna%2C%20Bulharsko\" target=\"_blank\" rel=\"noopener nofollow sponsored\">Modus Hotel<\/a><\/strong> midden in de Griekse wijk. Naar de Zeetuin is het 130 meter, naar het strand net iets verder. Liefhebbers van geschiedenis waarderen het <strong><a href=\"https:\/\/www.stay22.com\/allez\/roam?aid=lukaskonecny&#038;campaign=loudavymkrokemcz&#038;campaign=varna&#038;hotelname=Grand%20Hotel%20London&#038;address=Varna%2C%20Bulharsko\" target=\"_blank\" rel=\"noopener nofollow sponsored\">Grand Hotel London<\/a><\/strong>, een prachtig jugendstilgebouw uit 1912 pal in het centrum (reken wel op trappen). Wil je een gulden middenweg met uitzicht, dan biedt het enorme <strong><a href=\"https:\/\/www.stay22.com\/allez\/roam?aid=lukaskonecny&#038;campaign=loudavymkrokemcz&#038;campaign=varna&#038;hotelname=Hotel%20Cherno%20More&#038;address=Varna%2C%20Bulharsko\" target=\"_blank\" rel=\"noopener nofollow sponsored\">Hotel Cherno More<\/a><\/strong> balkons met zeezicht, direct bij de ingang van het park. Wie zo dicht mogelijk bij de bezienswaardigheden wil zitten, verblijft in het <strong><a href=\"https:\/\/www.stay22.com\/allez\/roam?aid=lukaskonecny&#038;campaign=loudavymkrokemcz&#038;campaign=varna&#038;hotelname=Boutique%20Splendid&#038;address=Varna%2C%20Bulharsko\" target=\"_blank\" rel=\"noopener nofollow sponsored\">Boutique Splendid<\/a><\/strong>, op nog geen honderd meter van de kathedraal zelf. Voor budgetreizigers is het uitstekend beoordeelde <strong><a href=\"https:\/\/www.stay22.com\/allez\/roam?aid=lukaskonecny&#038;campaign=loudavymkrokemcz&#038;campaign=varna&#038;hotelname=Nomado%20hostel&#038;address=Varna%2C%20Bulharsko\" target=\"_blank\" rel=\"noopener nofollow sponsored\">Nomado hostel<\/a><\/strong> in het centrum een goede keuze.<\/p>\n\n\n\n<figure data-wp-context=\"{&quot;imageId&quot;:&quot;6a9c8f281f626&quot;}\" data-wp-interactive=\"core\/image\" data-wp-key=\"6a9c8f281f626\" class=\"wp-block-image size-full wp-lightbox-container\"><img decoding=\"async\" width=\"1800\" height=\"1190\" data-wp-class--hide=\"state.isContentHidden\" data-wp-class--show=\"state.isContentVisible\" data-wp-init=\"callbacks.setButtonStyles\" data-wp-on--click=\"actions.showLightbox\" data-wp-on--load=\"callbacks.setButtonStyles\" data-wp-on--pointerdown=\"actions.preloadImage\" data-wp-on--pointerenter=\"actions.preloadImageWithDelay\" data-wp-on--pointerleave=\"actions.cancelPreload\" data-wp-on-window--resize=\"callbacks.setButtonStyles\" src=\"https:\/\/loudavymkrokem.cz\/wp-content\/uploads\/2026\/08\/bulharsko-research-varna-30-0ccc3d89.jpg\" alt=\"Zonsondergang boven de stranden van Varna\" class=\"wp-image-407805\" title=\"\" srcset=\"https:\/\/loudavymkrokem.cz\/wp-content\/uploads\/2026\/08\/bulharsko-research-varna-30-0ccc3d89.jpg 1800w, https:\/\/loudavymkrokem.cz\/wp-content\/uploads\/2026\/08\/bulharsko-research-varna-30-0ccc3d89-300x198.jpg 300w, https:\/\/loudavymkrokem.cz\/wp-content\/uploads\/2026\/08\/bulharsko-research-varna-30-0ccc3d89-700x463.jpg 700w, https:\/\/loudavymkrokem.cz\/wp-content\/uploads\/2026\/08\/bulharsko-research-varna-30-0ccc3d89-768x508.jpg 768w, https:\/\/loudavymkrokem.cz\/wp-content\/uploads\/2026\/08\/bulharsko-research-varna-30-0ccc3d89-1536x1015.jpg 1536w, https:\/\/loudavymkrokem.cz\/wp-content\/uploads\/2026\/08\/bulharsko-research-varna-30-0ccc3d89-696x460.jpg 696w, https:\/\/loudavymkrokem.cz\/wp-content\/uploads\/2026\/08\/bulharsko-research-varna-30-0ccc3d89-1392x920.jpg 1392w\" sizes=\"(max-width: 1800px) 100vw, 1800px\" \/><button\n\t\t\tclass=\"lightbox-trigger\"\n\t\t\ttype=\"button\"\n\t\t\taria-haspopup=\"dialog\"\n\t\t\tdata-wp-bind--aria-label=\"state.thisImage.triggerButtonAriaLabel\"\n\t\t\tdata-wp-init=\"callbacks.initTriggerButton\"\n\t\t\tdata-wp-on--click=\"actions.showLightbox\"\n\t\t\tdata-wp-style--right=\"state.thisImage.buttonRight\"\n\t\t\tdata-wp-style--top=\"state.thisImage.buttonTop\"\n\t\t>\n\t\t\t<svg xmlns=\"http:\/\/www.w3.org\/2000\/svg\" width=\"12\" height=\"12\" fill=\"none\" viewBox=\"0 0 12 12\">\n\t\t\t\t<path fill=\"#fff\" d=\"M2 0a2 2 0 0 0-2 2v2h1.5V2a.5.5 0 0 1 .5-.5h2V0H2Zm2 10.5H2a.5.5 0 0 1-.5-.5V8H0v2a2 2 0 0 0 2 2h2v-1.5ZM8 12v-1.5h2a.5.5 0 0 0 .5-.5V8H12v2a2 2 0 0 1-2 2H8Zm2-12a2 2 0 0 1 2 2v2h-1.5V2a.5.5 0 0 0-.5-.5H8V0h2Z\" \/>\n\t\t\t<\/svg>\n\t\t<\/button><figcaption class=\"wp-element-caption\">Foto: Alex Yosifov, CC BY-SA 2.0 (Wikimedia Commons)<\/figcaption><\/figure>\n\n\n\n<p class=\"wp-block-paragraph\">\ud83d\udc49 <a href=\"https:\/\/www.stay22.com\/allez\/roam?aid=lukaskonecny&#038;campaign=loudavymkrokemcz&#038;campaign=varna&#038;address=Varna%2C%20Bulharsko\" target=\"_blank\" rel=\"nofollow noopener\"><strong>Vergelijk de prijzen van accommodaties in Varna<\/strong><\/a><\/p>\n\n\n\n<h2 class=\"wp-block-heading\"><span class=\"ez-toc-section\" id=\"Wanneer_ga_je_naar_Varna_het_weer\"><\/span>Wanneer ga je naar Varna: het weer<span class=\"ez-toc-section-end\"><\/span><\/h2>\n\n\n\n<p class=\"wp-block-paragraph\">Varna heeft een klassiek Zwarte Zeeklimaat. De zomers zijn heet en de winters mild, zij het winderig. <strong>Augustus is statistisch de droogste en zonnigste maand van het jaar<\/strong> (slechts 3 regendagen en gemiddeld ruim 318 uur zon). De zee warmt in augustus op tot een heerlijke 24,8 \u00b0C. De meeste regen valt juist in oktober.<\/p>\n\n\n\n<figure class=\"wp-block-table\"><table><thead><tr><th>Maand<\/th><th>Gem. max. temp. (\u00b0C)<\/th><th>Neerslag (mm)<\/th><\/tr><\/thead><tbody><tr><td>Mei<\/td><td>21,2<\/td><td>38<\/td><\/tr><tr><td>Juni<\/td><td>26,1<\/td><td>52<\/td><\/tr><tr><td>Juli<\/td><td>28,9<\/td><td>48<\/td><\/tr><tr><td>Augustus<\/td><td>29,4<\/td><td>29<\/td><\/tr><tr><td>September<\/td><td>24,8<\/td><td>49<\/td><\/tr><tr><td>Oktober<\/td><td>19,0<\/td><td>56<\/td><\/tr><\/tbody><\/table><\/figure>\n\n\n\n<p class=\"wp-block-paragraph\">De zomer staat in Varna in het teken van cultuur. In 2026 viert <strong>het oudste muziekfestival van Bulgarije \u2014 de Varnese Zomer \u2014 zijn 100e verjaardag<\/strong>. Van juni tot oktober zijn er concerten met klassieke muziek op de binnenplaats van het archeologisch museum en in de opera. In augustus vindt het befaamde jazzfestival plaats en precies op 15 augustus valt de <strong>Dag van Varna<\/strong>, die eindigt met vuurwerk om 23:00 uur. (Let op: de beroemde Internationale Balletwedstrijd vond in 2026 niet plaats; na een lange pauze is alleen aangekondigd dat hij ooit terugkeert, zonder concrete datum.)<\/p>\n\n\n\n<figure data-wp-context=\"{&quot;imageId&quot;:&quot;6a9c8f281fd7c&quot;}\" data-wp-interactive=\"core\/image\" data-wp-key=\"6a9c8f281fd7c\" class=\"wp-block-image size-full wp-lightbox-container\"><img decoding=\"async\" width=\"1800\" height=\"1012\" data-wp-class--hide=\"state.isContentHidden\" data-wp-class--show=\"state.isContentVisible\" data-wp-init=\"callbacks.setButtonStyles\" data-wp-on--click=\"actions.showLightbox\" data-wp-on--load=\"callbacks.setButtonStyles\" data-wp-on--pointerdown=\"actions.preloadImage\" data-wp-on--pointerenter=\"actions.preloadImageWithDelay\" data-wp-on--pointerleave=\"actions.cancelPreload\" data-wp-on-window--resize=\"callbacks.setButtonStyles\" src=\"https:\/\/loudavymkrokem.cz\/wp-content\/uploads\/2026\/08\/bulharsko-research-varna-31-3a8e6131.jpg\" alt=\"Bevroren kust in Varna in de winter\" class=\"wp-image-407806\" title=\"\" srcset=\"https:\/\/loudavymkrokem.cz\/wp-content\/uploads\/2026\/08\/bulharsko-research-varna-31-3a8e6131.jpg 1800w, https:\/\/loudavymkrokem.cz\/wp-content\/uploads\/2026\/08\/bulharsko-research-varna-31-3a8e6131-300x169.jpg 300w, https:\/\/loudavymkrokem.cz\/wp-content\/uploads\/2026\/08\/bulharsko-research-varna-31-3a8e6131-700x394.jpg 700w, https:\/\/loudavymkrokem.cz\/wp-content\/uploads\/2026\/08\/bulharsko-research-varna-31-3a8e6131-768x432.jpg 768w, https:\/\/loudavymkrokem.cz\/wp-content\/uploads\/2026\/08\/bulharsko-research-varna-31-3a8e6131-1536x864.jpg 1536w, https:\/\/loudavymkrokem.cz\/wp-content\/uploads\/2026\/08\/bulharsko-research-varna-31-3a8e6131-696x391.jpg 696w, https:\/\/loudavymkrokem.cz\/wp-content\/uploads\/2026\/08\/bulharsko-research-varna-31-3a8e6131-1392x783.jpg 1392w\" sizes=\"(max-width: 1800px) 100vw, 1800px\" \/><button\n\t\t\tclass=\"lightbox-trigger\"\n\t\t\ttype=\"button\"\n\t\t\taria-haspopup=\"dialog\"\n\t\t\tdata-wp-bind--aria-label=\"state.thisImage.triggerButtonAriaLabel\"\n\t\t\tdata-wp-init=\"callbacks.initTriggerButton\"\n\t\t\tdata-wp-on--click=\"actions.showLightbox\"\n\t\t\tdata-wp-style--right=\"state.thisImage.buttonRight\"\n\t\t\tdata-wp-style--top=\"state.thisImage.buttonTop\"\n\t\t>\n\t\t\t<svg xmlns=\"http:\/\/www.w3.org\/2000\/svg\" width=\"12\" height=\"12\" fill=\"none\" viewBox=\"0 0 12 12\">\n\t\t\t\t<path fill=\"#fff\" d=\"M2 0a2 2 0 0 0-2 2v2h1.5V2a.5.5 0 0 1 .5-.5h2V0H2Zm2 10.5H2a.5.5 0 0 1-.5-.5V8H0v2a2 2 0 0 0 2 2h2v-1.5ZM8 12v-1.5h2a.5.5 0 0 0 .5-.5V8H12v2a2 2 0 0 1-2 2H8Zm2-12a2 2 0 0 1 2 2v2h-1.5V2a.5.5 0 0 0-.5-.5H8V0h2Z\" \/>\n\t\t\t<\/svg>\n\t\t<\/button><figcaption class=\"wp-element-caption\">Foto: Shtilian Shterev, CC BY-SA 3.0 (Wikimedia Commons)<\/figcaption><\/figure>\n\n\n\n<h3 class=\"wp-block-heading\"><span class=\"ez-toc-section\" id=\"Varna_buiten_het_seizoen\"><\/span>Varna buiten het seizoen<span class=\"ez-toc-section-end\"><\/span><\/h3>\n\n\n\n<p class=\"wp-block-paragraph\">Anders dan kunstmatige badplaatsen als de Zonnestrand, <strong>slaapt Varna &#8217;s winters niet<\/strong>. Het is een functionele stad. Het dolfinarium, het aquarium en de zoo blijven het hele jaar open (zij het met verkorte openingstijden). \ud83d\udca1 <strong>Belangrijke wintertip voor musea:<\/strong> De belangrijkste instellingen zoals het archeologisch museum en de Romeinse baden zijn &#8217;s winters op zondag en maandag gesloten. Het etnografisch museum en het Museum voor de geschiedenis van Varna zijn daarentegen <strong>&#8217;s winters in het weekend dicht en alleen op werkdagen open!<\/strong> Wintertje zwemmen kan in de thermaalbaden in Sv. Konstantin of in de natuurlijke warmwaterbron bij het strand Oficerski.<\/p>\n\n\n\n<figure data-wp-context=\"{&quot;imageId&quot;:&quot;6a9c8f28202c3&quot;}\" data-wp-interactive=\"core\/image\" data-wp-key=\"6a9c8f28202c3\" class=\"wp-block-image size-full wp-lightbox-container\"><img decoding=\"async\" width=\"1800\" height=\"1350\" data-wp-class--hide=\"state.isContentHidden\" data-wp-class--show=\"state.isContentVisible\" data-wp-init=\"callbacks.setButtonStyles\" data-wp-on--click=\"actions.showLightbox\" data-wp-on--load=\"callbacks.setButtonStyles\" data-wp-on--pointerdown=\"actions.preloadImage\" data-wp-on--pointerenter=\"actions.preloadImageWithDelay\" data-wp-on--pointerleave=\"actions.cancelPreload\" data-wp-on-window--resize=\"callbacks.setButtonStyles\" src=\"https:\/\/loudavymkrokem.cz\/wp-content\/uploads\/2026\/08\/bulharsko-research-varna-32-f1c3d69e.jpg\" alt=\"Avondboulevard in de haven van Varna\" class=\"wp-image-407807\" title=\"\" srcset=\"https:\/\/loudavymkrokem.cz\/wp-content\/uploads\/2026\/08\/bulharsko-research-varna-32-f1c3d69e.jpg 1800w, https:\/\/loudavymkrokem.cz\/wp-content\/uploads\/2026\/08\/bulharsko-research-varna-32-f1c3d69e-300x225.jpg 300w, https:\/\/loudavymkrokem.cz\/wp-content\/uploads\/2026\/08\/bulharsko-research-varna-32-f1c3d69e-700x525.jpg 700w, https:\/\/loudavymkrokem.cz\/wp-content\/uploads\/2026\/08\/bulharsko-research-varna-32-f1c3d69e-768x576.jpg 768w, https:\/\/loudavymkrokem.cz\/wp-content\/uploads\/2026\/08\/bulharsko-research-varna-32-f1c3d69e-1536x1152.jpg 1536w, https:\/\/loudavymkrokem.cz\/wp-content\/uploads\/2026\/08\/bulharsko-research-varna-32-f1c3d69e-80x60.jpg 80w, https:\/\/loudavymkrokem.cz\/wp-content\/uploads\/2026\/08\/bulharsko-research-varna-32-f1c3d69e-160x120.jpg 160w, https:\/\/loudavymkrokem.cz\/wp-content\/uploads\/2026\/08\/bulharsko-research-varna-32-f1c3d69e-696x522.jpg 696w, https:\/\/loudavymkrokem.cz\/wp-content\/uploads\/2026\/08\/bulharsko-research-varna-32-f1c3d69e-1392x1044.jpg 1392w\" sizes=\"(max-width: 1800px) 100vw, 1800px\" \/><button\n\t\t\tclass=\"lightbox-trigger\"\n\t\t\ttype=\"button\"\n\t\t\taria-haspopup=\"dialog\"\n\t\t\tdata-wp-bind--aria-label=\"state.thisImage.triggerButtonAriaLabel\"\n\t\t\tdata-wp-init=\"callbacks.initTriggerButton\"\n\t\t\tdata-wp-on--click=\"actions.showLightbox\"\n\t\t\tdata-wp-style--right=\"state.thisImage.buttonRight\"\n\t\t\tdata-wp-style--top=\"state.thisImage.buttonTop\"\n\t\t>\n\t\t\t<svg xmlns=\"http:\/\/www.w3.org\/2000\/svg\" width=\"12\" height=\"12\" fill=\"none\" viewBox=\"0 0 12 12\">\n\t\t\t\t<path fill=\"#fff\" d=\"M2 0a2 2 0 0 0-2 2v2h1.5V2a.5.5 0 0 1 .5-.5h2V0H2Zm2 10.5H2a.5.5 0 0 1-.5-.5V8H0v2a2 2 0 0 0 2 2h2v-1.5ZM8 12v-1.5h2a.5.5 0 0 0 .5-.5V8H12v2a2 2 0 0 1-2 2H8Zm2-12a2 2 0 0 1 2 2v2h-1.5V2a.5.5 0 0 0-.5-.5H8V0h2Z\" \/>\n\t\t\t<\/svg>\n\t\t<\/button><figcaption class=\"wp-element-caption\">Foto: Claudiu Balta (Google Maps)<\/figcaption><\/figure>\n\n\n\n<h2 class=\"wp-block-heading\"><span class=\"ez-toc-section\" id=\"Waar_je_op_moet_letten\"><\/span>Waar je op moet letten<span class=\"ez-toc-section-end\"><\/span><\/h2>\n\n\n\n<p class=\"wp-block-paragraph\">Varna is over het algemeen een <strong>zeer veilige stad<\/strong> (volgens veiligheidsindexen zelfs beduidend veiliger dan hoofdstad Sofia), maar toeristendrukte brengt altijd ook <strong>schaduwzijden<\/strong> met zich mee.<\/p>\n\n\n\n<ul class=\"wp-block-list\">\n\n<li><strong>Zakkenrollers bij de haltes:<\/strong> In augustus 2026 gaf de Bulgaarse gidsenbond een scherpe waarschuwing af voor georganiseerde groepen zakkenrollers die <strong>pal voor het archeologisch museum<\/strong> opereren. Ze volgen de toeristenroutes en slaan precies toe op het moment dat een groep uit de bus stapt. Houd je rugzak in de gaten en draag geen waardevolle spullen in zijzakken.<\/li>\n\n\n\n<li><strong>Valkuilen bij pinnen en betalen:<\/strong> Klassieke wisselkantoren met ongunstige koersen zijn door de invoering van de euro zinloos geworden. De nieuwe grote valkuil zijn de <strong>geldautomaten van het Euronet-netwerk<\/strong>, die absurde kosten kunnen rekenen (bijvoorbeeld 1,95 \u20ac voor het opnemen van 20 \u20ac, dat is 10% provisie). Weiger ook <strong>altijd de DCC-dienst<\/strong> (Dynamic Currency Conversion) bij betaalterminals \u2014 als een terminal in Bulgarije aanbiedt om in euro&#8217;s van je thuisbank af te rekenen tegen de terminalkoers, kan de toeslag oplopen tot wel 18 %.<\/li>\n\n\n\n<li><strong>Kraanwater:<\/strong> Het leidingwater is bacteriologisch veilig, maar artsen raden het langdurig drinken ervan af vanwege de hoge hardheid. Vermijd volledig <strong>het drinken uit straatfonteintjes met mineraalwater<\/strong>.<\/li>\n\n\n\n<li><strong>Let op golven en stromingen:<\/strong> De Zwarte Zee kan verraderlijk zijn. Ook dicht bij de kust kunnen zich sterke onderstromingen vormen, dus respecteer altijd de kleur van de vlag bij de badmeesters. Op kwallen (Rhizostoma pulmo) stuit je hier weliswaar, maar die zijn niet levensgevaarlijk; ze veroorzaken hooguit lichte brandende jeuk.<\/li>\n\n\n<\/ul>\n\n\n\n<h2 class=\"wp-block-heading\"><span class=\"ez-toc-section\" id=\"Waar_naartoe\"><\/span>Waar naartoe<span class=\"ez-toc-section-end\"><\/span><\/h2>\n\n\n\n<p class=\"wp-block-paragraph\">Als Bulgarije je nieuwsgierig heeft gemaakt en je ook andere plekken langs de kust wilt verkennen of een beter beeld wilt krijgen van de prijzen hier na de invoering van de nieuwe munt, bekijk dan zeker onze andere artikelen:<\/p>\n\n\n\n<ul class=\"wp-block-list\">\n\n<li><a href=\"https:\/\/loudavymkrokem.cz\/nl\/vakantie-bulgarije-mooiste-plekken\/\">Vakantie in Bulgarije: 30 mooiste plekken<\/a><\/li>\n\n\n\n<li><a href=\"https:\/\/loudavymkrokem.cz\/zlate-pisky\/\">Gouden Zandstranden: 15 tips en vergelijking met de Zonnestrand<\/a><\/li>\n\n\n\n<li><a href=\"https:\/\/loudavymkrokem.cz\/plaze-bulharsko\/\">De mooiste stranden van Bulgarije: 20 tips<\/a><\/li>\n\n\n\n<li><a href=\"https:\/\/loudavymkrokem.cz\/nl\/nesebar-bulgarije\/\">Nesebar: wat te zien in de stad op de UNESCO-lijst<\/a><\/li>\n\n\n\n<li><a href=\"https:\/\/loudavymkrokem.cz\/nl\/prijzen-vakantie-bulgarije\/\">Prijzen in Bulgarije na de overgang op de euro<\/a><\/li>\n\n\n\n<li><a href=\"https:\/\/loudavymkrokem.cz\/nl\/bulgarije-all-inclusive-resorts\/\">Bulgarije all-inclusive: 22 beste resorts<\/a><\/li>\n\n\n<\/ul>\n\n\n\n<h2 class=\"wp-block-heading\"><span class=\"ez-toc-section\" id=\"Veelgestelde_vragen\"><\/span>Veelgestelde vragen<span class=\"ez-toc-section-end\"><\/span><\/h2>\n\n\n<div id=\"rank-math-faq\" class=\"rank-math-block\">\n<div class=\"rank-math-list \">\n<div id=\"faq-question-1788110183000\" class=\"rank-math-list-item\">\n<h3 class=\"rank-math-question \"><span class=\"ez-toc-section\" id=\"Betaal_je_in_Varna_met_euros_of_leva\"><\/span>Betaal je in Varna met euro&#8217;s of leva?<span class=\"ez-toc-section-end\"><\/span><\/h3>\n<div class=\"rank-math-answer \">\n\n<p>Sinds 1 januari 2026 heeft Bulgarije de euro als offici\u00eble munt aangenomen. De oude leva zijn niet meer in omloop en de periode waarin dubbele prijzen werden vermeld, eindigde in augustus 2026. Je kunt overal gemakkelijk met euro&#8217;s betalen, maar let op voor Euronet-geldautomaten en hun hoge opnamekosten.<\/p>\n\n<\/div>\n<\/div>\n<div id=\"faq-question-1788110183001\" class=\"rank-math-list-item\">\n<h3 class=\"rank-math-question \"><span class=\"ez-toc-section\" id=\"Is_Varna_geschikt_voor_gezinnen_met_kinderen\"><\/span>Is Varna geschikt voor gezinnen met kinderen?<span class=\"ez-toc-section-end\"><\/span><\/h3>\n<div class=\"rank-math-answer \">\n\n<p>Absoluut! Je vindt hier de enorme Zeegaarde met een kinderspeelplaats, een dolfijnarium en een dierentuin. Het centrale strand en het Yuzhny-strand hebben fijn zand en de bodem loopt heel geleidelijk af, wat ideaal is voor kleine kinderen. Bovendien kun je hier appartementen vinden verder weg van het drukke centrum.<\/p>\n\n<\/div>\n<\/div>\n<div id=\"faq-question-1788110183002\" class=\"rank-math-list-item\">\n<h3 class=\"rank-math-question \"><span class=\"ez-toc-section\" id=\"Hoe_zit_het_met_parkeren_in_Varna\"><\/span>Hoe zit het met parkeren in Varna?<span class=\"ez-toc-section-end\"><\/span><\/h3>\n<div class=\"rank-math-answer \">\n\n<p>Als je met de auto komt, bereid je er dan op voor dat de blauwe zone in het centrum elke dag geldt, ook op zondag (in tegenstelling tot de groene zone, die alleen op werkdagen geldt). De stad heeft geen fysieke parkeerautomaten. Voor toeristen is het het beste om de MPark-app te downloaden en het parkeren gemakkelijk vanaf je mobiel te betalen.<\/p>\n\n<\/div>\n<\/div>\n<div id=\"faq-question-1788110183003\" class=\"rank-math-list-item\">\n<h3 class=\"rank-math-question \"><span class=\"ez-toc-section\" id=\"Kun_je_vanuit_Nederland_direct_naar_Varna_vliegen\"><\/span>Kun je vanuit Nederland direct naar Varna vliegen?<span class=\"ez-toc-section-end\"><\/span><\/h3>\n<div class=\"rank-math-answer \">\n\n<p>Ja, de luchthaven van Varna is bereikbaar met directe seizoensvluchten vanuit Amsterdam met maatschappijen als Transavia en KLM. De vlucht duurt ongeveer 3 tot 3,5 uur en de luchthaven zelf ligt op ongeveer 20 minuten met buslijn 409 van het historische centrum.<\/p>\n\n<\/div>\n<\/div>\n<div id=\"faq-question-1788110183004\" class=\"rank-math-list-item\">\n<h3 class=\"rank-math-question \"><span class=\"ez-toc-section\" id=\"Is_het_de_moeite_waard_om_buiten_de_zomervakantie_naar_Varna_te_gaan\"><\/span>Is het de moeite waard om buiten de zomervakantie naar Varna te gaan?<span class=\"ez-toc-section-end\"><\/span><\/h3>\n<div class=\"rank-math-answer \">\n\n<p>Zeker. Varna is de derde stad van het land en functioneert het hele jaar door. Museums, galerie\u00ebn en geweldige restaurants sluiten niet. In de lente en herfst vermijd je bovendien de grootste drukte en hitte, wat ideaal weer is voor het verkennen van antieke opgravingen of een uitstapje naar kaap Kaliakra.<\/p>\n\n<\/div>\n<\/div>\n<div id=\"faq-question-1788110183005\" class=\"rank-math-list-item\">\n<h3 class=\"rank-math-question \"><span class=\"ez-toc-section\" id=\"Hoe_kom_ik_van_Varna_naar_Golden_Sands\"><\/span>Hoe kom ik van Varna naar Golden Sands?<span class=\"ez-toc-section-end\"><\/span><\/h3>\n<div class=\"rank-math-answer \">\n\n<p>Het gemakkelijkst is buslijn 409, die de luchthaven, het centrum en de badplaatsen langs de kust met elkaar verbindt. Vanuit het centrum van Varna naar Golden Sands rijd je ongeveer een halfuur, vanaf de luchthaven is het iets minder dan een uur. Houd er wel rekening mee dat het traject naar Golden Sands alleen in het seizoen rijdt, ongeveer van mei tot oktober.<\/p>\n\n<\/div>\n<\/div>\n<div id=\"faq-question-1788110183006\" class=\"rank-math-list-item\">\n<h3 class=\"rank-math-question \"><span class=\"ez-toc-section\" id=\"Is_Varna_een_veilige_stad\"><\/span>Is Varna een veilige stad?<span class=\"ez-toc-section-end\"><\/span><\/h3>\n<div class=\"rank-math-answer \">\n\n<p>Volgens internationale veiligheidsindexen scoort Varna zelfs iets beter dan Sofia en ook &#8217;s nachts wandelen door het centrum wordt als veilig beoordeeld. Het grootste risico zijn zakkenrollers: in augustus 2026 waarschuwde de Bulgaarse Gidsenbond voor georganiseerde zakkenrollers die loeren direct voor het Archeologisch Museum op het moment dat toeristen uit de bussen stappen.<\/p>\n\n<\/div>\n<\/div>\n<\/div>\n<\/div>","protected":false},"excerpt":{"rendered":"<p>Varna is niet zomaar een tussenstop op weg naar de Gouden Zandstranden. Het is de op twee na grootste stad van Bulgarije, met het oudste bewerkte goud ter wereld en de grootste Romeinse baden van de Balkan. 20 tips, richtprijzen in euro&#8217;s en valkuilen om te vermijden.<\/p>\n","protected":false},"author":3,"featured_media":407810,"comment_status":"open","ping_status":"open","sticky":false,"template":"","format":"standard","meta":{"_acf_changed":false,"footnotes":"","rank_math_title":"Varna Bulgarije: 20 tips voor de badstad 2026","rank_math_description":"Ontdek Varna in Bulgarije: 20 tips over stranden, musea, uitstapjes en hotels, met richtprijzen in euro's. Plan nu je perfecte reis naar de Zwarte Zee!","rank_math_focus_keyword":"varna bulgarije","rank_math_seo_score":""},"categories":[1060,1053,979],"tags":[],"class_list":["post-418529","post","type-post","status-publish","format-standard","has-post-thumbnail","category-bulgarije","category-europa","category-reizen"],"acf":[],"featured_image_src":"https:\/\/loudavymkrokem.cz\/wp-content\/uploads\/2026\/08\/varna-majak-pri-zapadu-slunce.jpg","author_info":{"display_name":"Lucie Kone\u010dn\u00e1","author_link":"https:\/\/loudavymkrokem.cz\/nl\/author\/lucie-konecna\/"},"_links":{"self":[{"href":"https:\/\/loudavymkrokem.cz\/nl\/wp-json\/wp\/v2\/posts\/418529","targetHints":{"allow":["GET"]}}],"collection":[{"href":"https:\/\/loudavymkrokem.cz\/nl\/wp-json\/wp\/v2\/posts"}],"about":[{"href":"https:\/\/loudavymkrokem.cz\/nl\/wp-json\/wp\/v2\/types\/post"}],"author":[{"embeddable":true,"href":"https:\/\/loudavymkrokem.cz\/nl\/wp-json\/wp\/v2\/users\/3"}],"replies":[{"embeddable":true,"href":"https:\/\/loudavymkrokem.cz\/nl\/wp-json\/wp\/v2\/comments?post=418529"}],"version-history":[{"count":2,"href":"https:\/\/loudavymkrokem.cz\/nl\/wp-json\/wp\/v2\/posts\/418529\/revisions"}],"predecessor-version":[{"id":418535,"href":"https:\/\/loudavymkrokem.cz\/nl\/wp-json\/wp\/v2\/posts\/418529\/revisions\/418535"}],"wp:featuredmedia":[{"embeddable":true,"href":"https:\/\/loudavymkrokem.cz\/nl\/wp-json\/wp\/v2\/media\/407810"}],"wp:attachment":[{"href":"https:\/\/loudavymkrokem.cz\/nl\/wp-json\/wp\/v2\/media?parent=418529"}],"wp:term":[{"taxonomy":"category","embeddable":true,"href":"https:\/\/loudavymkrokem.cz\/nl\/wp-json\/wp\/v2\/categories?post=418529"},{"taxonomy":"post_tag","embeddable":true,"href":"https:\/\/loudavymkrokem.cz\/nl\/wp-json\/wp\/v2\/tags?post=418529"}],"curies":[{"name":"wp","href":"https:\/\/api.w.org\/{rel}","templated":true}]}}