{"id":418476,"date":"2026-09-04T20:50:25","date_gmt":"2026-09-04T18:50:25","guid":{"rendered":"https:\/\/loudavymkrokem.cz\/straatsburg-frankrijk-tips\/"},"modified":"2026-09-05T21:12:22","modified_gmt":"2026-09-05T19:12:22","slug":"straatsburg-frankrijk-tips","status":"publish","type":"post","link":"https:\/\/loudavymkrokem.cz\/nl\/straatsburg-frankrijk-tips\/","title":{"rendered":"Straatsburg, Frankrijk: 18 tips voor wat te zien en doen"},"content":{"rendered":"\n<p class=\"wp-block-paragraph\">De meesten van ons koppelen Straatsburg meteen aan de geur van gl\u00fchwein en een zee van feestelijke lichtjes, maar de waarheid is dat <strong>deze stad in Frankrijk ook de overige elf maanden van het jaar veel te bieden heeft<\/strong>. Terwijl het in december uit zijn voegen barst en de prijzen de pan uit rijzen, verandert Straatsburg buiten de adventstijd in een rustigere en <strong>een stuk goedkopere bestemming<\/strong>, waar Franse elegantie en Duitse precisie samensmelten. In de afgelopen eeuw is de nationaliteit hier maar liefst vier keer veranderd, wat een onuitwisbare stempel heeft gedrukt op de architectuur, de lokale taal en de uitstekende gastronomie.<\/p>\n\n\n\n<p class=\"wp-block-paragraph\">Je vindt hier een <strong>historisch centrum dat op de UNESCO-lijst staat<\/strong>, een monumentale gotische kathedraal \u00e9n de moderne glazen gebouwen van het Europees Parlement, die samen een volstrekt unieke sfeer cre\u00ebren. Je kunt door pittoreske straatjes vol vakwerkhuizen dwalen, boten op de waterkanalen bekijken of gewoon op een terras neerstrijken en <strong>die ongelooflijke rust zonder toeristenmassa&#8217;s opsnuiven<\/strong>. Straatsburg is kortom een stad met twee identiteiten, die je bij elke stap weet te verrassen.<\/p>\n\n\n\n<p class=\"wp-block-paragraph\">Zoek je de ideale plek voor een lang weekend, waar <strong>geschiedenis verweven is met een bruisend modern leven<\/strong>? Dan heb je hem net gevonden. Ik heb voor jou een uitgebreide gids samengesteld die je de grootste schatten van de stad laat zien en je vertelt hoe je je bezoek optimaal beleeft, ongeacht in welk seizoen je hierheen komt.<\/p>\n\n\n\n<figure data-wp-context=\"{&quot;imageId&quot;:&quot;6a9c95a0d3d9f&quot;}\" data-wp-interactive=\"core\/image\" data-wp-key=\"6a9c95a0d3d9f\" class=\"wp-block-image size-full wp-lightbox-container\"><img decoding=\"async\" width=\"1920\" height=\"2454\" data-wp-class--hide=\"state.isContentHidden\" data-wp-class--show=\"state.isContentVisible\" data-wp-init=\"callbacks.setButtonStyles\" data-wp-on--click=\"actions.showLightbox\" data-wp-on--load=\"callbacks.setButtonStyles\" data-wp-on--pointerdown=\"actions.preloadImage\" data-wp-on--pointerenter=\"actions.preloadImageWithDelay\" data-wp-on--pointerleave=\"actions.cancelPreload\" data-wp-on-window--resize=\"callbacks.setButtonStyles\" src=\"https:\/\/loudavymkrokem.cz\/wp-content\/uploads\/2026\/09\/katedrala-notre-dame-ve-strasburku-af4b864e.jpg\" alt=\"Kathedraal Notre-Dame in Straatsburg\" class=\"wp-image-413376\" title=\"\" srcset=\"https:\/\/loudavymkrokem.cz\/wp-content\/uploads\/2026\/09\/katedrala-notre-dame-ve-strasburku-af4b864e.jpg 1920w, https:\/\/loudavymkrokem.cz\/wp-content\/uploads\/2026\/09\/katedrala-notre-dame-ve-strasburku-af4b864e-235x300.jpg 235w, https:\/\/loudavymkrokem.cz\/wp-content\/uploads\/2026\/09\/katedrala-notre-dame-ve-strasburku-af4b864e-700x895.jpg 700w, https:\/\/loudavymkrokem.cz\/wp-content\/uploads\/2026\/09\/katedrala-notre-dame-ve-strasburku-af4b864e-768x982.jpg 768w, https:\/\/loudavymkrokem.cz\/wp-content\/uploads\/2026\/09\/katedrala-notre-dame-ve-strasburku-af4b864e-1202x1536.jpg 1202w, https:\/\/loudavymkrokem.cz\/wp-content\/uploads\/2026\/09\/katedrala-notre-dame-ve-strasburku-af4b864e-1602x2048.jpg 1602w, https:\/\/loudavymkrokem.cz\/wp-content\/uploads\/2026\/09\/katedrala-notre-dame-ve-strasburku-af4b864e-696x890.jpg 696w, https:\/\/loudavymkrokem.cz\/wp-content\/uploads\/2026\/09\/katedrala-notre-dame-ve-strasburku-af4b864e-1392x1779.jpg 1392w\" sizes=\"(max-width: 1920px) 100vw, 1920px\" \/><button\n\t\t\tclass=\"lightbox-trigger\"\n\t\t\ttype=\"button\"\n\t\t\taria-haspopup=\"dialog\"\n\t\t\tdata-wp-bind--aria-label=\"state.thisImage.triggerButtonAriaLabel\"\n\t\t\tdata-wp-init=\"callbacks.initTriggerButton\"\n\t\t\tdata-wp-on--click=\"actions.showLightbox\"\n\t\t\tdata-wp-style--right=\"state.thisImage.buttonRight\"\n\t\t\tdata-wp-style--top=\"state.thisImage.buttonTop\"\n\t\t>\n\t\t\t<svg xmlns=\"http:\/\/www.w3.org\/2000\/svg\" width=\"12\" height=\"12\" fill=\"none\" viewBox=\"0 0 12 12\">\n\t\t\t\t<path fill=\"#fff\" d=\"M2 0a2 2 0 0 0-2 2v2h1.5V2a.5.5 0 0 1 .5-.5h2V0H2Zm2 10.5H2a.5.5 0 0 1-.5-.5V8H0v2a2 2 0 0 0 2 2h2v-1.5ZM8 12v-1.5h2a.5.5 0 0 0 .5-.5V8H12v2a2 2 0 0 1-2 2H8Zm2-12a2 2 0 0 1 2 2v2h-1.5V2a.5.5 0 0 0-.5-.5H8V0h2Z\" \/>\n\t\t\t<\/svg>\n\t\t<\/button><figcaption class=\"wp-element-caption\">Foto: Diliff \/ Wikimedia Commons, CC BY-SA 3.0<\/figcaption><\/figure>\n\n\n\n<div id=\"ez-toc-container\" class=\"ez-toc-v2_0_87 ez-toc-wrap-left counter-hierarchy ez-toc-counter ez-toc-grey ez-toc-container-direction\">\n<div class=\"ez-toc-title-container\">\n<p class=\"ez-toc-title\" style=\"cursor:inherit\">Inhoud van het artikel<\/p>\n<span class=\"ez-toc-title-toggle\"><a href=\"#\" class=\"ez-toc-pull-right ez-toc-btn ez-toc-btn-xs ez-toc-btn-default ez-toc-toggle\" aria-label=\"Toggle tabel met inhoud\"><span class=\"ez-toc-js-icon-con\"><span class=\"\"><span class=\"eztoc-hide\" style=\"display:none;\">Toggle<\/span><span class=\"ez-toc-icon-toggle-span\"><svg style=\"fill: #999;color:#999\" xmlns=\"http:\/\/www.w3.org\/2000\/svg\" class=\"list-377408\" width=\"20px\" height=\"20px\" viewBox=\"0 0 24 24\" fill=\"none\"><path d=\"M6 6H4v2h2V6zm14 0H8v2h12V6zM4 11h2v2H4v-2zm16 0H8v2h12v-2zM4 16h2v2H4v-2zm16 0H8v2h12v-2z\" fill=\"currentColor\"><\/path><\/svg><svg style=\"fill: #999;color:#999\" class=\"arrow-unsorted-368013\" xmlns=\"http:\/\/www.w3.org\/2000\/svg\" width=\"10px\" height=\"10px\" viewBox=\"0 0 24 24\" version=\"1.2\" baseProfile=\"tiny\"><path d=\"M18.2 9.3l-6.2-6.3-6.2 6.3c-.2.2-.3.4-.3.7s.1.5.3.7c.2.2.4.3.7.3h11c.3 0 .5-.1.7-.3.2-.2.3-.5.3-.7s-.1-.5-.3-.7zM5.8 14.7l6.2 6.3 6.2-6.3c.2-.2.3-.5.3-.7s-.1-.5-.3-.7c-.2-.2-.4-.3-.7-.3h-11c-.3 0-.5.1-.7.3-.2.2-.3.5-.3.7s.1.5.3.7z\"\/><\/svg><\/span><\/span><\/span><\/a><\/span><\/div>\n<nav><ul class='ez-toc-list ez-toc-list-level-1 ' ><ul class='ez-toc-list-level-3' ><li class='ez-toc-heading-level-3'><a class=\"ez-toc-link ez-toc-heading-1\" href=\"https:\/\/loudavymkrokem.cz\/nl\/straatsburg-frankrijk-tips\/#Samenvatting_voor_wie_geen_tijd_heeft_om_het_hele_artikel_te_lezen\" >Samenvatting voor wie geen tijd heeft om het hele artikel te lezen<\/a><\/li><\/ul><\/li><li class='ez-toc-page-1 ez-toc-heading-level-2'><a class=\"ez-toc-link ez-toc-heading-2\" href=\"https:\/\/loudavymkrokem.cz\/nl\/straatsburg-frankrijk-tips\/#Wanneer_ga_je_naar_Straatsburg\" >Wanneer ga je naar Straatsburg<\/a><\/li><li class='ez-toc-page-1 ez-toc-heading-level-2'><a class=\"ez-toc-link ez-toc-heading-3\" href=\"https:\/\/loudavymkrokem.cz\/nl\/straatsburg-frankrijk-tips\/#Waar_verblijf_je_in_Straatsburg\" >Waar verblijf je in Straatsburg<\/a><\/li><li class='ez-toc-page-1 ez-toc-heading-level-2'><a class=\"ez-toc-link ez-toc-heading-4\" href=\"https:\/\/loudavymkrokem.cz\/nl\/straatsburg-frankrijk-tips\/#18_tips_voor_wat_te_zien_en_doen_in_Straatsburg\" >18 tips voor wat te zien en doen in Straatsburg<\/a><ul class='ez-toc-list-level-3' ><li class='ez-toc-heading-level-3'><a class=\"ez-toc-link ez-toc-heading-5\" href=\"https:\/\/loudavymkrokem.cz\/nl\/straatsburg-frankrijk-tips\/#1_Cathedrale_Notre-Dame-de-Strasbourg\" >1. Cath\u00e9drale Notre-Dame-de-Strasbourg<\/a><\/li><li class='ez-toc-page-1 ez-toc-heading-level-3'><a class=\"ez-toc-link ez-toc-heading-6\" href=\"https:\/\/loudavymkrokem.cz\/nl\/straatsburg-frankrijk-tips\/#2_Astronomische_klok_uit_de_zestiende_eeuw\" >2. Astronomische klok uit de zestiende eeuw<\/a><\/li><li class='ez-toc-page-1 ez-toc-heading-level-3'><a class=\"ez-toc-link ez-toc-heading-7\" href=\"https:\/\/loudavymkrokem.cz\/nl\/straatsburg-frankrijk-tips\/#3_Beklimming_van_het_uitkijkplatform_van_de_kathedraal\" >3. Beklimming van het uitkijkplatform van de kathedraal<\/a><\/li><li class='ez-toc-page-1 ez-toc-heading-level-3'><a class=\"ez-toc-link ez-toc-heading-8\" href=\"https:\/\/loudavymkrokem.cz\/nl\/straatsburg-frankrijk-tips\/#4_Petite_France\" >4. Petite France<\/a><\/li><li class='ez-toc-page-1 ez-toc-heading-level-3'><a class=\"ez-toc-link ez-toc-heading-9\" href=\"https:\/\/loudavymkrokem.cz\/nl\/straatsburg-frankrijk-tips\/#5_Ponts_Couverts_de_Strasbourg\" >5. Ponts Couverts de Strasbourg<\/a><\/li><li class='ez-toc-page-1 ez-toc-heading-level-3'><a class=\"ez-toc-link ez-toc-heading-10\" href=\"https:\/\/loudavymkrokem.cz\/nl\/straatsburg-frankrijk-tips\/#6_Barrage_Vauban\" >6. Barrage Vauban<\/a><\/li><li class='ez-toc-page-1 ez-toc-heading-level-3'><a class=\"ez-toc-link ez-toc-heading-11\" href=\"https:\/\/loudavymkrokem.cz\/nl\/straatsburg-frankrijk-tips\/#7_Rondvaart_over_de_kanalen_met_Batorama\" >7. Rondvaart over de kanalen met Batorama<\/a><\/li><li class='ez-toc-page-1 ez-toc-heading-level-3'><a class=\"ez-toc-link ez-toc-heading-12\" href=\"https:\/\/loudavymkrokem.cz\/nl\/straatsburg-frankrijk-tips\/#8_Europees_Parlement\" >8. Europees Parlement<\/a><\/li><li class='ez-toc-page-1 ez-toc-heading-level-3'><a class=\"ez-toc-link ez-toc-heading-13\" href=\"https:\/\/loudavymkrokem.cz\/nl\/straatsburg-frankrijk-tips\/#9_Parlamentarium_Simone_Veil\" >9. Parlamentarium Simone Veil<\/a><\/li><li class='ez-toc-page-1 ez-toc-heading-level-3'><a class=\"ez-toc-link ez-toc-heading-14\" href=\"https:\/\/loudavymkrokem.cz\/nl\/straatsburg-frankrijk-tips\/#10_Raad_van_Europa_en_de_wijk_van_de_instellingen\" >10. Raad van Europa en de wijk van de instellingen<\/a><\/li><li class='ez-toc-page-1 ez-toc-heading-level-3'><a class=\"ez-toc-link ez-toc-heading-15\" href=\"https:\/\/loudavymkrokem.cz\/nl\/straatsburg-frankrijk-tips\/#11_Grande_Ile_eerste_wijk_op_de_UNESCO-lijst\" >11. Grande \u00cele (eerste wijk op de UNESCO-lijst)<\/a><\/li><li class='ez-toc-page-1 ez-toc-heading-level-3'><a class=\"ez-toc-link ez-toc-heading-16\" href=\"https:\/\/loudavymkrokem.cz\/nl\/straatsburg-frankrijk-tips\/#12_Neustadt_Duitse_keizerlijke_wijk\" >12. Neustadt (Duitse keizerlijke wijk)<\/a><\/li><li class='ez-toc-page-1 ez-toc-heading-level-3'><a class=\"ez-toc-link ez-toc-heading-17\" href=\"https:\/\/loudavymkrokem.cz\/nl\/straatsburg-frankrijk-tips\/#13_Place_Kleber\" >13. Place Kl\u00e9ber<\/a><\/li><li class='ez-toc-page-1 ez-toc-heading-level-3'><a class=\"ez-toc-link ez-toc-heading-18\" href=\"https:\/\/loudavymkrokem.cz\/nl\/straatsburg-frankrijk-tips\/#14_Parc_de_lOrangerie\" >14. Parc de l&#8217;Orangerie<\/a><\/li><li class='ez-toc-page-1 ez-toc-heading-level-3'><a class=\"ez-toc-link ez-toc-heading-19\" href=\"https:\/\/loudavymkrokem.cz\/nl\/straatsburg-frankrijk-tips\/#15_Parc_de_lEtoile\" >15. Parc de l&#8217;\u00c9toile<\/a><\/li><li class='ez-toc-page-1 ez-toc-heading-level-3'><a class=\"ez-toc-link ez-toc-heading-20\" href=\"https:\/\/loudavymkrokem.cz\/nl\/straatsburg-frankrijk-tips\/#16_Palais_Rohan\" >16. Palais Rohan<\/a><\/li><li class='ez-toc-page-1 ez-toc-heading-level-3'><a class=\"ez-toc-link ez-toc-heading-21\" href=\"https:\/\/loudavymkrokem.cz\/nl\/straatsburg-frankrijk-tips\/#17_Strasbourg_Museum_of_Modern_and_Contemporary_Art_MAMCS\" >17. Strasbourg Museum of Modern and Contemporary Art (MAMCS)<\/a><\/li><li class='ez-toc-page-1 ez-toc-heading-level-3'><a class=\"ez-toc-link ez-toc-heading-22\" href=\"https:\/\/loudavymkrokem.cz\/nl\/straatsburg-frankrijk-tips\/#18_Musee_Alsacien\" >18. Mus\u00e9e Alsacien<\/a><\/li><\/ul><\/li><li class='ez-toc-page-1 ez-toc-heading-level-2'><a class=\"ez-toc-link ez-toc-heading-23\" href=\"https:\/\/loudavymkrokem.cz\/nl\/straatsburg-frankrijk-tips\/#Waar_ga_je_verder_vanuit_Straatsburg\" >Waar ga je verder vanuit Straatsburg<\/a><\/li><li class='ez-toc-page-1 ez-toc-heading-level-2'><a class=\"ez-toc-link ez-toc-heading-24\" href=\"https:\/\/loudavymkrokem.cz\/nl\/straatsburg-frankrijk-tips\/#Veelgestelde_vragen\" >Veelgestelde vragen<\/a><ul class='ez-toc-list-level-3' ><li class='ez-toc-heading-level-3'><a class=\"ez-toc-link ez-toc-heading-25\" href=\"https:\/\/loudavymkrokem.cz\/nl\/straatsburg-frankrijk-tips\/#Wanneer_vinden_de_kerstmarkten_plaats_in_2026\" >Wanneer vinden de kerstmarkten plaats in 2026?<\/a><\/li><li class='ez-toc-page-1 ez-toc-heading-level-3'><a class=\"ez-toc-link ez-toc-heading-26\" href=\"https:\/\/loudavymkrokem.cz\/nl\/straatsburg-frankrijk-tips\/#Hoe_werkt_het_Park_and_Ride-systeem\" >Hoe werkt het Park and Ride-systeem?<\/a><\/li><li class='ez-toc-page-1 ez-toc-heading-level-3'><a class=\"ez-toc-link ez-toc-heading-27\" href=\"https:\/\/loudavymkrokem.cz\/nl\/straatsburg-frankrijk-tips\/#Hoeveel_dagen_moet_je_uittrekken_voor_een_bezoek_aan_de_stad\" >Hoeveel dagen moet je uittrekken voor een bezoek aan de stad?<\/a><\/li><li class='ez-toc-page-1 ez-toc-heading-level-3'><a class=\"ez-toc-link ez-toc-heading-28\" href=\"https:\/\/loudavymkrokem.cz\/nl\/straatsburg-frankrijk-tips\/#Moet_je_betalen_voor_rondleidingen_in_het_Europees_Parlement\" >Moet je betalen voor rondleidingen in het Europees Parlement?<\/a><\/li><li class='ez-toc-page-1 ez-toc-heading-level-3'><a class=\"ez-toc-link ez-toc-heading-29\" href=\"https:\/\/loudavymkrokem.cz\/nl\/straatsburg-frankrijk-tips\/#Wat_is_de_beste_manier_om_je_door_het_stadscentrum_te_verplaatsen\" >Wat is de beste manier om je door het stadscentrum te verplaatsen?<\/a><\/li><li class='ez-toc-page-1 ez-toc-heading-level-3'><a class=\"ez-toc-link ez-toc-heading-30\" href=\"https:\/\/loudavymkrokem.cz\/nl\/straatsburg-frankrijk-tips\/#Is_Straatsburg_een_dure_stad\" >Is Straatsburg een dure stad?<\/a><\/li><li class='ez-toc-page-1 ez-toc-heading-level-3'><a class=\"ez-toc-link ez-toc-heading-31\" href=\"https:\/\/loudavymkrokem.cz\/nl\/straatsburg-frankrijk-tips\/#Is_de_stad_geschikt_voor_vegetariers\" >Is de stad geschikt voor vegetari\u00ebrs?<\/a><\/li><li class='ez-toc-page-1 ez-toc-heading-level-3'><a class=\"ez-toc-link ez-toc-heading-32\" href=\"https:\/\/loudavymkrokem.cz\/nl\/straatsburg-frankrijk-tips\/#Welke_plekken_zijn_het_beste_om_te_fotograferen\" >Welke plekken zijn het beste om te fotograferen?<\/a><\/li><\/ul><\/li><\/ul><\/nav><\/div>\n<h3 class=\"wp-block-heading\"><span class=\"ez-toc-section\" id=\"Samenvatting_voor_wie_geen_tijd_heeft_om_het_hele_artikel_te_lezen\"><\/span>Samenvatting voor wie geen tijd heeft om het hele artikel te lezen<span class=\"ez-toc-section-end\"><\/span><\/h3>\n\n\n\n<ul class=\"wp-block-list\">\n\n<li><strong>Meest bezochte bezienswaardigheid:<\/strong> <a href=\"https:\/\/www.cathedrale-strasbourg.fr\/\" target=\"_blank\" rel=\"nofollow noopener\">Cath\u00e9drale Notre-Dame-de-Strasbourg<\/a> met de unieke astronomische klok uit de zestiende eeuw.<\/li>\n\n\n\n<li><strong>Meest gefotografeerde plekken:<\/strong> de pittoreske wijk Petite France met vakwerkhuizen en waterkanalen.<\/li>\n\n\n\n<li><strong>Beste gratis uitzichtpunt:<\/strong> het terras op de historische stuwdam Barrage Vauban, waar je de mooiste foto&#8217;s maakt.<\/li>\n\n\n\n<li><strong>Unieke ervaring:<\/strong> een gratis rondleiding door het Europees Parlement en het interactieve centrum Parlamentarium Simone Veil.<\/li>\n\n\n\n<li><strong>Vervoer in de stad:<\/strong> het centrum is vrij onvriendelijk voor auto&#8217;s, daarom loont het systeem van Park and Ride in combinatie met de tram het meest.<\/li>\n\n\n\n<li><strong>Wanneer gaan:<\/strong> voor de beste verhouding tussen prijs en weer raad ik mei, juni of september aan, terwijl januari ideaal is voor de laagste hotelprijzen.<\/li>\n\n\n\n<li><strong>Werelderfgoed:<\/strong> zowel het historische centrum Grande \u00cele als het jongere Duitse Neustadt staan op de UNESCO-lijst.<\/li>\n\n\n<\/ul>\n\n\n\n<h2 class=\"wp-block-heading\"><span class=\"ez-toc-section\" id=\"Wanneer_ga_je_naar_Straatsburg\"><\/span>Wanneer ga je naar Straatsburg<span class=\"ez-toc-section-end\"><\/span><\/h2>\n\n\n\n<p class=\"wp-block-paragraph\">Het plannen van je reisdatum is bij deze stad absoluut cruciaal, want <strong>de seizoensinvloed drukt hier enorm op de accommodatieprijzen<\/strong>. Als je in december tijdens de beroemde markten gaat, houd er dan rekening mee dat hotels in het centrum tot wel driemaal hun gewone zomerprijs kunnen kosten. In januari of februari beleef je de stad juist helemaal zonder drukte en <strong>met een beetje geluk boek je een luxe kamer voor een fractie van de winterprijs<\/strong>. De lente- en herfstmaanden vormen dan weer het ideale compromis voor wie wil besparen maar tegelijk van mooi weer wil genieten.<\/p>\n\n\n\n<p class=\"wp-block-paragraph\">Het prettigste weer voor lange wandelingen langs de waterkanalen tref je aan <strong>in mei, juni en september<\/strong>, wanneer de temperaturen aangenaam zijn en de dagen lang genoeg. In de zomer kan het in het stenen centrum behoorlijk warm worden, maar dankzij het alomtegenwoordige water en de uitgestrekte parken is dat prima te doen. Als een beetje guur weer je niet stoort, <strong>onthult het vroege voorjaar de stad in een prachtig melancholieke sfeer<\/strong>, waarin de lokale caf\u00e9s langzaam tot leven komen en de straten alleen aan de inwoners toebehoren.<\/p>\n\n\n\n<p class=\"wp-block-paragraph\">In 2026 vinden de beroemde kerstmarkten plaats van vrijdag 27 november tot en met zondag 27 december. Ze spreiden zich uit over maar liefst elf verschillende plekken in het historische centrum Grande \u00cele, waarbij je de bekendste vindt op de Place Broglie, de Place de la Cath\u00e9drale of in de straatjes van Petite France. Als vooral deze magische periode je interesseert en een fors hoger budget geen bezwaar is, <strong>lees dan zeker ons aparte artikel <a href=\"https:\/\/loudavymkrokem.cz\/nl\/kerstmarkt-straatsburg-frankrijk\/\">Kerstmarkt Straatsburg<\/a><\/strong>, waar je een gedetailleerde kaart met locaties, lokale gebruiken en concrete tips voor traditionele lekkernijen vindt.<\/p>\n\n\n\n<h2 class=\"wp-block-heading\"><span class=\"ez-toc-section\" id=\"Waar_verblijf_je_in_Straatsburg\"><\/span>Waar verblijf je in Straatsburg<span class=\"ez-toc-section-end\"><\/span><\/h2>\n\n\n\n<p class=\"wp-block-paragraph\">De juiste locatie voor je hotel in Straatsburg (Frankrijk) kiezen bespaart je een hoop tijd en geld aan openbaar vervoer. Het meest sprookjesachtig, maar logischerwijs ook het duurst, is <strong>het historische centrum Grande \u00cele en het deel Petite France<\/strong>, waar je alle grote bezienswaardigheden op een paar passen van je bed hebt. Zoek je iets rustigers en betaalbaarders, <strong>dan raad ik je aan om rond te kijken in de wijk Neustadt<\/strong>, die schitterende architectuur biedt en waar je in nog geen tien minuten naar het echte centrum loopt.<\/p>\n\n\n\n<p class=\"wp-block-paragraph\">Stel je kamerreservering zeker niet uit tot het laatste moment en <strong>ik raad altijd aan om betrouwbare platforms zoals Booking te gebruiken<\/strong>, waar je het beste overzicht van de actuele prijzen vindt. Vooral in de adventstijd is de meeste capaciteit al een halfjaar van tevoren volgeboekt. Op basis van reviews van andere reizigers en zorgvuldig speurwerk op Booking heb ik voor jou een paar hotels uitgekozen met een uitstekende prijs-kwaliteitverhouding:<\/p>\n\n\n\n<p class=\"wp-block-paragraph\"><strong>H\u00f4tel Cour du Corbeau Strasbourg \u2013 MGallery<\/strong> is een waar architecturaal juweel en een van de mooiste overnachtingsplekken in de hele stad. Het bevindt zich in een prachtig gerestaureerd historisch pand met houten galerijen uit de zestiende eeuw en <strong>biedt een onvergetelijke romantische sfeer<\/strong> pal aan een waterkanaal. Gasten melden enthousiast dat de ontbijten zondig overvloedig zijn en de rust verrassend groot, ook al ligt de kathedraal op vijf minuten lopen.<\/p>\n\n\n\n<p class=\"wp-block-paragraph\">Geef je de voorkeur aan modern design en strakke lijnen, dan heeft <strong>H\u00f4tel L\u00c9ONOR the place to live<\/strong> iets bijzonders. Het biedt een modern interieur in een historisch gebouw op een steenworp van de Place Broglie, en vooral een schitterende binnenplaats waar je na een dag lopen een glas Elzasser wijn drinkt.<\/p>\n\n\n\n<p class=\"wp-block-paragraph\">Voor reizigers met een wat krapper budget is <strong>H\u00f4tel Gutenberg<\/strong> een uitstekende keuze; het ligt op een strategische plek vlak bij de belangrijkste voetgangerszone. De kamers zijn weliswaar iets kleiner, maar <strong>blinken uit in perfecte netheid en heel comfortabele bedden<\/strong>. Een groot pluspunt volgens gasten is ook het buitengewoon behulpzame personeel, dat je graag helpt de weg te vinden en de beste lokale bakkerijen in de buurt aanraadt. Wil je meer opties in verschillende prijsklassen verkennen, bekijk dan ons uitgebreide artikel <a href=\"https:\/\/loudavymkrokem.cz\/kde-bydlet-ve-strasburku\/\">Waar te overnachten in Straatsburg<\/a>.<\/p>\n\n\n\n\n\n<p class=\"wp-block-paragraph\"><em>\ud83d\udca1 <a href=\"https:\/\/www.stay22.com\/allez\/roam?aid=lukaskonecny&#038;campaign=loudavymkrokemcz&#038;campaign=co-videt-ve-strasburku&#038;address=%C5%A0trasburk%2C%20Francie\" target=\"_blank\" rel=\"nofollow noopener sponsored\">Op deze kaart vergelijk je wat er op dit moment beschikbaar is<\/a> \u2014 je ziet meteen hoeveel goedkoper een accommodatie een paar haltes buiten het centrum uitvalt.<\/em><\/p>\n\n<h2 class=\"wp-block-heading\"><span class=\"ez-toc-section\" id=\"18_tips_voor_wat_te_zien_en_doen_in_Straatsburg\"><\/span>18 tips voor wat te zien en doen in Straatsburg<span class=\"ez-toc-section-end\"><\/span><\/h2>\n\n\n\n<p class=\"wp-block-paragraph\">Of je nu maar \u00e9\u00e9n weekend of een hele week voor de stad hebt uitgetrokken, vervelen doe je je hier zeker niet. Ik heb voor jou een <strong>lijst van achttien plekken en belevenissen<\/strong> samengesteld die je bij het plannen van je route beslist niet mag missen. Ik heb er zowel de bekendste iconische bezienswaardigheden als een paar rustigere hoekjes in opgenomen.<\/p>\n\n\n\n<figure data-wp-context=\"{&quot;imageId&quot;:&quot;6a9c95a0d4701&quot;}\" data-wp-interactive=\"core\/image\" data-wp-key=\"6a9c95a0d4701\" class=\"wp-block-image size-full wp-lightbox-container\"><img decoding=\"async\" width=\"1600\" height=\"2133\" data-wp-class--hide=\"state.isContentHidden\" data-wp-class--show=\"state.isContentVisible\" data-wp-init=\"callbacks.setButtonStyles\" data-wp-on--click=\"actions.showLightbox\" data-wp-on--load=\"callbacks.setButtonStyles\" data-wp-on--pointerdown=\"actions.preloadImage\" data-wp-on--pointerenter=\"actions.preloadImageWithDelay\" data-wp-on--pointerleave=\"actions.cancelPreload\" data-wp-on-window--resize=\"callbacks.setButtonStyles\" src=\"https:\/\/loudavymkrokem.cz\/wp-content\/uploads\/2026\/09\/cath-drale-notre-dame-de-strasbourg.jpg\" alt=\"Cath\u00e9drale Notre-Dame-de-Strasbourg\" class=\"wp-image-413168\" title=\"\" srcset=\"https:\/\/loudavymkrokem.cz\/wp-content\/uploads\/2026\/09\/cath-drale-notre-dame-de-strasbourg.jpg 1600w, https:\/\/loudavymkrokem.cz\/wp-content\/uploads\/2026\/09\/cath-drale-notre-dame-de-strasbourg-225x300.jpg 225w, https:\/\/loudavymkrokem.cz\/wp-content\/uploads\/2026\/09\/cath-drale-notre-dame-de-strasbourg-700x933.jpg 700w, https:\/\/loudavymkrokem.cz\/wp-content\/uploads\/2026\/09\/cath-drale-notre-dame-de-strasbourg-768x1024.jpg 768w, https:\/\/loudavymkrokem.cz\/wp-content\/uploads\/2026\/09\/cath-drale-notre-dame-de-strasbourg-1152x1536.jpg 1152w, https:\/\/loudavymkrokem.cz\/wp-content\/uploads\/2026\/09\/cath-drale-notre-dame-de-strasbourg-1536x2048.jpg 1536w, https:\/\/loudavymkrokem.cz\/wp-content\/uploads\/2026\/09\/cath-drale-notre-dame-de-strasbourg-696x928.jpg 696w, https:\/\/loudavymkrokem.cz\/wp-content\/uploads\/2026\/09\/cath-drale-notre-dame-de-strasbourg-1392x1856.jpg 1392w\" sizes=\"(max-width: 1600px) 100vw, 1600px\" \/><button\n\t\t\tclass=\"lightbox-trigger\"\n\t\t\ttype=\"button\"\n\t\t\taria-haspopup=\"dialog\"\n\t\t\tdata-wp-bind--aria-label=\"state.thisImage.triggerButtonAriaLabel\"\n\t\t\tdata-wp-init=\"callbacks.initTriggerButton\"\n\t\t\tdata-wp-on--click=\"actions.showLightbox\"\n\t\t\tdata-wp-style--right=\"state.thisImage.buttonRight\"\n\t\t\tdata-wp-style--top=\"state.thisImage.buttonTop\"\n\t\t>\n\t\t\t<svg xmlns=\"http:\/\/www.w3.org\/2000\/svg\" width=\"12\" height=\"12\" fill=\"none\" viewBox=\"0 0 12 12\">\n\t\t\t\t<path fill=\"#fff\" d=\"M2 0a2 2 0 0 0-2 2v2h1.5V2a.5.5 0 0 1 .5-.5h2V0H2Zm2 10.5H2a.5.5 0 0 1-.5-.5V8H0v2a2 2 0 0 0 2 2h2v-1.5ZM8 12v-1.5h2a.5.5 0 0 0 .5-.5V8H12v2a2 2 0 0 1-2 2H8Zm2-12a2 2 0 0 1 2 2v2h-1.5V2a.5.5 0 0 0-.5-.5H8V0h2Z\" \/>\n\t\t\t<\/svg>\n\t\t<\/button><figcaption class=\"wp-element-caption\">Foto: Dorien Van Der Werf \/ Google Maps<\/figcaption><\/figure>\n\n\n\n<h3 class=\"wp-block-heading\"><span class=\"ez-toc-section\" id=\"1_Cathedrale_Notre-Dame-de-Strasbourg\"><\/span>1. Cath\u00e9drale Notre-Dame-de-Strasbourg<span class=\"ez-toc-section-end\"><\/span><\/h3>\n\n\n\n<p class=\"wp-block-paragraph\">Deze monumentale gotische kathedraal uit de dertiende eeuw is met recht <strong>de meest bezochte plek van de hele stad<\/strong>. Wanneer je er voor het eerst op het kleine plein voor staat, ontneemt de enorme gevel van roze Vogezenzandsteen je gegarandeerd de adem. Het meest fascinerende aan het bouwwerk is de asymmetrie: de tweede toren is nooit afgebouwd, waardoor de kathedraal haar volstrekt onmiskenbare uiterlijk kreeg. De bouw duurde meerdere eeuwen en op elke centimeter steen zie je de ongelooflijke precisie van de toenmalige meesters.<\/p>\n\n\n\n<p class=\"wp-block-paragraph\">Binnen wacht je een enorme ruimte, verlicht door schitterende glas-in-loodramen, waarvan <strong>het immense roosvenster boven de hoofdingang tot de mooiste van heel Europa behoort<\/strong>. De toegang tot het middenschip van de kathedraal is gratis, maar houd er rekening mee dat er bij de ingang vaak een rij staat vanwege de veiligheidscontroles. Gelukkig schuift de rij vrij snel door, dus dat hoeft je helemaal niet af te schrikken. Het interieur zelf oogt ongelooflijk majestueus en het loont zeker de moeite om het rustig en zonder haast te bekijken.<\/p>\n\n\n\n<p class=\"wp-block-paragraph\">\ud83d\udca1 Tip: de beste tijd om de buitenkant te fotograferen is <strong>de late namiddag of vroege avond<\/strong>, wanneer de ondergaande zon de roze zandsteen prachtig aanlicht en het hele bouwwerk een warme gloed krijgt. Het plein rond de kathedraal wordt bovendien omzoomd door historische panden die het perfecte fotogenieke decor vormen. Je kunt neerstrijken op een van de nabijgelegen terrassen en gewoon de kleurverandering van de steen bekijken.<\/p>\n\n\n\n<figure data-wp-context=\"{&quot;imageId&quot;:&quot;6a9c95a0d4bb7&quot;}\" data-wp-interactive=\"core\/image\" data-wp-key=\"6a9c95a0d4bb7\" class=\"wp-block-image size-full wp-lightbox-container\"><img decoding=\"async\" width=\"1171\" height=\"1560\" data-wp-class--hide=\"state.isContentHidden\" data-wp-class--show=\"state.isContentVisible\" data-wp-init=\"callbacks.setButtonStyles\" data-wp-on--click=\"actions.showLightbox\" data-wp-on--load=\"callbacks.setButtonStyles\" data-wp-on--pointerdown=\"actions.preloadImage\" data-wp-on--pointerenter=\"actions.preloadImageWithDelay\" data-wp-on--pointerleave=\"actions.cancelPreload\" data-wp-on-window--resize=\"callbacks.setButtonStyles\" src=\"https:\/\/loudavymkrokem.cz\/wp-content\/uploads\/2026\/09\/astronomick-hodiny-ze-estn-ct-ho-stolet.jpg\" alt=\"Astronomische klok uit de zestiende eeuw\" class=\"wp-image-413172\" title=\"\" srcset=\"https:\/\/loudavymkrokem.cz\/wp-content\/uploads\/2026\/09\/astronomick-hodiny-ze-estn-ct-ho-stolet.jpg 1171w, https:\/\/loudavymkrokem.cz\/wp-content\/uploads\/2026\/09\/astronomick-hodiny-ze-estn-ct-ho-stolet-225x300.jpg 225w, https:\/\/loudavymkrokem.cz\/wp-content\/uploads\/2026\/09\/astronomick-hodiny-ze-estn-ct-ho-stolet-700x933.jpg 700w, https:\/\/loudavymkrokem.cz\/wp-content\/uploads\/2026\/09\/astronomick-hodiny-ze-estn-ct-ho-stolet-768x1023.jpg 768w, https:\/\/loudavymkrokem.cz\/wp-content\/uploads\/2026\/09\/astronomick-hodiny-ze-estn-ct-ho-stolet-1153x1536.jpg 1153w, https:\/\/loudavymkrokem.cz\/wp-content\/uploads\/2026\/09\/astronomick-hodiny-ze-estn-ct-ho-stolet-696x927.jpg 696w\" sizes=\"(max-width: 1171px) 100vw, 1171px\" \/><button\n\t\t\tclass=\"lightbox-trigger\"\n\t\t\ttype=\"button\"\n\t\t\taria-haspopup=\"dialog\"\n\t\t\tdata-wp-bind--aria-label=\"state.thisImage.triggerButtonAriaLabel\"\n\t\t\tdata-wp-init=\"callbacks.initTriggerButton\"\n\t\t\tdata-wp-on--click=\"actions.showLightbox\"\n\t\t\tdata-wp-style--right=\"state.thisImage.buttonRight\"\n\t\t\tdata-wp-style--top=\"state.thisImage.buttonTop\"\n\t\t>\n\t\t\t<svg xmlns=\"http:\/\/www.w3.org\/2000\/svg\" width=\"12\" height=\"12\" fill=\"none\" viewBox=\"0 0 12 12\">\n\t\t\t\t<path fill=\"#fff\" d=\"M2 0a2 2 0 0 0-2 2v2h1.5V2a.5.5 0 0 1 .5-.5h2V0H2Zm2 10.5H2a.5.5 0 0 1-.5-.5V8H0v2a2 2 0 0 0 2 2h2v-1.5ZM8 12v-1.5h2a.5.5 0 0 0 .5-.5V8H12v2a2 2 0 0 1-2 2H8Zm2-12a2 2 0 0 1 2 2v2h-1.5V2a.5.5 0 0 0-.5-.5H8V0h2Z\" \/>\n\t\t\t<\/svg>\n\t\t<\/button><figcaption class=\"wp-element-caption\">Foto: H \/ Google Maps<\/figcaption><\/figure>\n\n\n\n<h3 class=\"wp-block-heading\"><span class=\"ez-toc-section\" id=\"2_Astronomische_klok_uit_de_zestiende_eeuw\"><\/span>2. Astronomische klok uit de zestiende eeuw<span class=\"ez-toc-section-end\"><\/span><\/h3>\n\n\n\n<p class=\"wp-block-paragraph\">Binnen in de kathedraal verbergt zich een technisch en artistiek wonder: de <strong>renaissance-astronomische klok<\/strong>. Dit ingewikkelde mechaniek stamt uit de zestiende eeuw en toont niet alleen de exacte tijd, maar ook de stand van zon en maan en het actuele sterrenbeeld. De details en precisie van het houtsnijwerk op de klokkast zelf zijn van dichtbij ongelooflijk en bewijzen het enorme vakmanschap van de toenmalige wiskundigen en ambachtslieden.<\/p>\n\n\n\n<p class=\"wp-block-paragraph\">Het hoofdschouwspel speelt zich elke dag precies om twaalf uur dertig af, wanneer <strong>een complexe parade van bewegende figuren op gang komt<\/strong>. Je ziet de apostelen voor Christus defileren en de verschillende fasen van het menselijk leven, van kindertijd tot dood, die symbolisch de verstrijkende tijd afmeten. Voor deze populaire middagshow betaal je een kleine toegangsprijs en de kaartjes worden verkocht bij het zuidportaal; het is heel verstandig om ruim op tijd te komen zodat je \u00fcberhaupt iets ziet.<\/p>\n\n\n\n<p class=\"wp-block-paragraph\">Ook al mis je de middagvoorstelling, de klok is altijd de moeite van het bekijken waard. Kleinere bewegingen van de figuren vinden elk kwartier plaats en het hele mechaniek is bovendien prachtig verlicht, dus een belevenis mis je zeker niet.<\/p>\n\n\n\n<figure data-wp-context=\"{&quot;imageId&quot;:&quot;6a9c95a0d5065&quot;}\" data-wp-interactive=\"core\/image\" data-wp-key=\"6a9c95a0d5065\" class=\"wp-block-image size-full wp-lightbox-container\"><img decoding=\"async\" width=\"1080\" height=\"1397\" data-wp-class--hide=\"state.isContentHidden\" data-wp-class--show=\"state.isContentVisible\" data-wp-init=\"callbacks.setButtonStyles\" data-wp-on--click=\"actions.showLightbox\" data-wp-on--load=\"callbacks.setButtonStyles\" data-wp-on--pointerdown=\"actions.preloadImage\" data-wp-on--pointerenter=\"actions.preloadImageWithDelay\" data-wp-on--pointerleave=\"actions.cancelPreload\" data-wp-on-window--resize=\"callbacks.setButtonStyles\" src=\"https:\/\/loudavymkrokem.cz\/wp-content\/uploads\/2026\/09\/swap-412754-3-f43292b7.jpg\" alt=\"Uitzicht vanaf het platform van de kathedraal van Straatsburg\" class=\"wp-image-413447\" title=\"\" srcset=\"https:\/\/loudavymkrokem.cz\/wp-content\/uploads\/2026\/09\/swap-412754-3-f43292b7.jpg 1080w, https:\/\/loudavymkrokem.cz\/wp-content\/uploads\/2026\/09\/swap-412754-3-f43292b7-232x300.jpg 232w, https:\/\/loudavymkrokem.cz\/wp-content\/uploads\/2026\/09\/swap-412754-3-f43292b7-700x905.jpg 700w, https:\/\/loudavymkrokem.cz\/wp-content\/uploads\/2026\/09\/swap-412754-3-f43292b7-768x993.jpg 768w, https:\/\/loudavymkrokem.cz\/wp-content\/uploads\/2026\/09\/swap-412754-3-f43292b7-696x900.jpg 696w\" sizes=\"(max-width: 1080px) 100vw, 1080px\" \/><button\n\t\t\tclass=\"lightbox-trigger\"\n\t\t\ttype=\"button\"\n\t\t\taria-haspopup=\"dialog\"\n\t\t\tdata-wp-bind--aria-label=\"state.thisImage.triggerButtonAriaLabel\"\n\t\t\tdata-wp-init=\"callbacks.initTriggerButton\"\n\t\t\tdata-wp-on--click=\"actions.showLightbox\"\n\t\t\tdata-wp-style--right=\"state.thisImage.buttonRight\"\n\t\t\tdata-wp-style--top=\"state.thisImage.buttonTop\"\n\t\t>\n\t\t\t<svg xmlns=\"http:\/\/www.w3.org\/2000\/svg\" width=\"12\" height=\"12\" fill=\"none\" viewBox=\"0 0 12 12\">\n\t\t\t\t<path fill=\"#fff\" d=\"M2 0a2 2 0 0 0-2 2v2h1.5V2a.5.5 0 0 1 .5-.5h2V0H2Zm2 10.5H2a.5.5 0 0 1-.5-.5V8H0v2a2 2 0 0 0 2 2h2v-1.5ZM8 12v-1.5h2a.5.5 0 0 0 .5-.5V8H12v2a2 2 0 0 1-2 2H8Zm2-12a2 2 0 0 1 2 2v2h-1.5V2a.5.5 0 0 0-.5-.5H8V0h2Z\" \/>\n\t\t\t<\/svg>\n\t\t<\/button><figcaption class=\"wp-element-caption\">Foto: Lydia Bogdanovic \/ Google Maps<\/figcaption><\/figure>\n\n\n\n<h3 class=\"wp-block-heading\"><span class=\"ez-toc-section\" id=\"3_Beklimming_van_het_uitkijkplatform_van_de_kathedraal\"><\/span>3. Beklimming van het uitkijkplatform van de kathedraal<span class=\"ez-toc-section-end\"><\/span><\/h3>\n\n\n\n<p class=\"wp-block-paragraph\">Heb je geen last van hoogtevrees en ben je een beetje in vorm, dan <strong>mag je de beklimming van het uitkijkplatform absoluut niet missen<\/strong>. Het bevindt zich op een respectabele hoogte van zesenzestig meter en er leiden 332 vrij smalle wenteltrappen naar boven. De tickets koop je in een klein huisje rechts van de hoofdingang; boven laten ze slechts een beperkt aantal mensen tegelijk toe, dus wees niet bang voor een korte wachtrij.<\/p>\n\n\n\n<p class=\"wp-block-paragraph\">Als beloning voor je doorweekte shirt krijg je <strong>een volstrekt fantastisch panoramisch uitzicht over de hele stad<\/strong>. Je ziet de daken van de historische panden, het kronkelende netwerk van kanalen en bij helder weer reik je met je blik tot aan de Vogezen aan de Franse kant en het donkere Zwarte Woud aan de Duitse kant. Het is de allerbeste manier om de opzet van de stad te begrijpen en te zien waar de interessantste wijken liggen.<\/p>\n\n\n\n<p class=\"wp-block-paragraph\">\ud83d\udca1 Tip: de beklimming raad ik mensen met claustrofobie echt af, want <strong>de trap is op sommige plekken erg smal en je kunt er andere bezoekers niet makkelijk passeren<\/strong>. Boven op het platform is gelukkig genoeg ruimte om even uit te rusten en de mooiste foto&#8217;s vanuit vogelperspectief te maken.<\/p>\n\n\n\n<figure data-wp-context=\"{&quot;imageId&quot;:&quot;6a9c95a0d5525&quot;}\" data-wp-interactive=\"core\/image\" data-wp-key=\"6a9c95a0d5525\" class=\"wp-block-image size-full wp-lightbox-container\"><img decoding=\"async\" width=\"1600\" height=\"2133\" data-wp-class--hide=\"state.isContentHidden\" data-wp-class--show=\"state.isContentVisible\" data-wp-init=\"callbacks.setButtonStyles\" data-wp-on--click=\"actions.showLightbox\" data-wp-on--load=\"callbacks.setButtonStyles\" data-wp-on--pointerdown=\"actions.preloadImage\" data-wp-on--pointerenter=\"actions.preloadImageWithDelay\" data-wp-on--pointerleave=\"actions.cancelPreload\" data-wp-on-window--resize=\"callbacks.setButtonStyles\" src=\"https:\/\/loudavymkrokem.cz\/wp-content\/uploads\/2026\/09\/petite-france.jpg\" alt=\"Petite France\" class=\"wp-image-413182\" title=\"\" srcset=\"https:\/\/loudavymkrokem.cz\/wp-content\/uploads\/2026\/09\/petite-france.jpg 1600w, https:\/\/loudavymkrokem.cz\/wp-content\/uploads\/2026\/09\/petite-france-225x300.jpg 225w, https:\/\/loudavymkrokem.cz\/wp-content\/uploads\/2026\/09\/petite-france-700x933.jpg 700w, https:\/\/loudavymkrokem.cz\/wp-content\/uploads\/2026\/09\/petite-france-768x1024.jpg 768w, https:\/\/loudavymkrokem.cz\/wp-content\/uploads\/2026\/09\/petite-france-1152x1536.jpg 1152w, https:\/\/loudavymkrokem.cz\/wp-content\/uploads\/2026\/09\/petite-france-1536x2048.jpg 1536w, https:\/\/loudavymkrokem.cz\/wp-content\/uploads\/2026\/09\/petite-france-696x928.jpg 696w, https:\/\/loudavymkrokem.cz\/wp-content\/uploads\/2026\/09\/petite-france-1392x1856.jpg 1392w\" sizes=\"(max-width: 1600px) 100vw, 1600px\" \/><button\n\t\t\tclass=\"lightbox-trigger\"\n\t\t\ttype=\"button\"\n\t\t\taria-haspopup=\"dialog\"\n\t\t\tdata-wp-bind--aria-label=\"state.thisImage.triggerButtonAriaLabel\"\n\t\t\tdata-wp-init=\"callbacks.initTriggerButton\"\n\t\t\tdata-wp-on--click=\"actions.showLightbox\"\n\t\t\tdata-wp-style--right=\"state.thisImage.buttonRight\"\n\t\t\tdata-wp-style--top=\"state.thisImage.buttonTop\"\n\t\t>\n\t\t\t<svg xmlns=\"http:\/\/www.w3.org\/2000\/svg\" width=\"12\" height=\"12\" fill=\"none\" viewBox=\"0 0 12 12\">\n\t\t\t\t<path fill=\"#fff\" d=\"M2 0a2 2 0 0 0-2 2v2h1.5V2a.5.5 0 0 1 .5-.5h2V0H2Zm2 10.5H2a.5.5 0 0 1-.5-.5V8H0v2a2 2 0 0 0 2 2h2v-1.5ZM8 12v-1.5h2a.5.5 0 0 0 .5-.5V8H12v2a2 2 0 0 1-2 2H8Zm2-12a2 2 0 0 1 2 2v2h-1.5V2a.5.5 0 0 0-.5-.5H8V0h2Z\" \/>\n\t\t\t<\/svg>\n\t\t<\/button><figcaption class=\"wp-element-caption\">Foto: Zulfikar CEKIC \/ Google Maps<\/figcaption><\/figure>\n\n\n\n<h3 class=\"wp-block-heading\"><span class=\"ez-toc-section\" id=\"4_Petite_France\"><\/span>4. Petite France<span class=\"ez-toc-section-end\"><\/span><\/h3>\n\n\n\n<p class=\"wp-block-paragraph\">De meest gefotografeerde en ontegenzeglijk meest romantische wijk van de stad is het beroemde Petite France. Vroeger woonden en werkten hier vooral leerlooiers, molenaars en vissers, die voor hun zware beroep directe toegang tot stromend water nodig hadden. Vandaag is het <strong>een schitterend netwerk van smalle kanalen omzoomd door perfect bewaarde vakwerkhuizen<\/strong> met de typische schuine daken waaronder ooit dierenhuiden werden gedroogd.<\/p>\n\n\n\n<p class=\"wp-block-paragraph\">De beste manier om deze historische wijk te beleven, is <strong>er gewoon zonder haast in te verdwalen<\/strong>. Je stuit hier op tal van kleine winkeltjes, ambachtelijke bakkerijen en gezellige caf\u00e9s, waar je kunt stoppen voor een koffie en de voorbijvarende rondvaartboten kunt bekijken. In de zomermaanden zijn bovendien alle ramen en bruggen bedekt met een zee van kleurige geraniums, wat een sprookjesachtig decor oplevert.<\/p>\n\n\n\n<p class=\"wp-block-paragraph\">Hoewel dit het toeristisch drukste deel van de stad is, behoudt het nog altijd een enorme charme. <strong>Probeer hier heel vroeg in de ochtend te komen, voordat de straten zich vullen met mensenmassa&#8217;s<\/strong>, en je beleeft de echte, rustige Elzasser sfeer, waarin de oude historische gevels weerspiegelen in het stille wateroppervlak van de kanalen.<\/p>\n\n\n\n<figure data-wp-context=\"{&quot;imageId&quot;:&quot;6a9c95a0d59b0&quot;}\" data-wp-interactive=\"core\/image\" data-wp-key=\"6a9c95a0d59b0\" class=\"wp-block-image size-full wp-lightbox-container\"><img decoding=\"async\" width=\"1600\" height=\"1200\" data-wp-class--hide=\"state.isContentHidden\" data-wp-class--show=\"state.isContentVisible\" data-wp-init=\"callbacks.setButtonStyles\" data-wp-on--click=\"actions.showLightbox\" data-wp-on--load=\"callbacks.setButtonStyles\" data-wp-on--pointerdown=\"actions.preloadImage\" data-wp-on--pointerenter=\"actions.preloadImageWithDelay\" data-wp-on--pointerleave=\"actions.cancelPreload\" data-wp-on-window--resize=\"callbacks.setButtonStyles\" src=\"https:\/\/loudavymkrokem.cz\/wp-content\/uploads\/2026\/09\/ponts-couverts-de-strasbourg.jpg\" alt=\"Ponts Couverts de Strasbourg\" class=\"wp-image-413186\" title=\"\" srcset=\"https:\/\/loudavymkrokem.cz\/wp-content\/uploads\/2026\/09\/ponts-couverts-de-strasbourg.jpg 1600w, https:\/\/loudavymkrokem.cz\/wp-content\/uploads\/2026\/09\/ponts-couverts-de-strasbourg-300x225.jpg 300w, https:\/\/loudavymkrokem.cz\/wp-content\/uploads\/2026\/09\/ponts-couverts-de-strasbourg-700x525.jpg 700w, https:\/\/loudavymkrokem.cz\/wp-content\/uploads\/2026\/09\/ponts-couverts-de-strasbourg-768x576.jpg 768w, https:\/\/loudavymkrokem.cz\/wp-content\/uploads\/2026\/09\/ponts-couverts-de-strasbourg-1536x1152.jpg 1536w, https:\/\/loudavymkrokem.cz\/wp-content\/uploads\/2026\/09\/ponts-couverts-de-strasbourg-80x60.jpg 80w, https:\/\/loudavymkrokem.cz\/wp-content\/uploads\/2026\/09\/ponts-couverts-de-strasbourg-160x120.jpg 160w, https:\/\/loudavymkrokem.cz\/wp-content\/uploads\/2026\/09\/ponts-couverts-de-strasbourg-696x522.jpg 696w, https:\/\/loudavymkrokem.cz\/wp-content\/uploads\/2026\/09\/ponts-couverts-de-strasbourg-1392x1044.jpg 1392w\" sizes=\"(max-width: 1600px) 100vw, 1600px\" \/><button\n\t\t\tclass=\"lightbox-trigger\"\n\t\t\ttype=\"button\"\n\t\t\taria-haspopup=\"dialog\"\n\t\t\tdata-wp-bind--aria-label=\"state.thisImage.triggerButtonAriaLabel\"\n\t\t\tdata-wp-init=\"callbacks.initTriggerButton\"\n\t\t\tdata-wp-on--click=\"actions.showLightbox\"\n\t\t\tdata-wp-style--right=\"state.thisImage.buttonRight\"\n\t\t\tdata-wp-style--top=\"state.thisImage.buttonTop\"\n\t\t>\n\t\t\t<svg xmlns=\"http:\/\/www.w3.org\/2000\/svg\" width=\"12\" height=\"12\" fill=\"none\" viewBox=\"0 0 12 12\">\n\t\t\t\t<path fill=\"#fff\" d=\"M2 0a2 2 0 0 0-2 2v2h1.5V2a.5.5 0 0 1 .5-.5h2V0H2Zm2 10.5H2a.5.5 0 0 1-.5-.5V8H0v2a2 2 0 0 0 2 2h2v-1.5ZM8 12v-1.5h2a.5.5 0 0 0 .5-.5V8H12v2a2 2 0 0 1-2 2H8Zm2-12a2 2 0 0 1 2 2v2h-1.5V2a.5.5 0 0 0-.5-.5H8V0h2Z\" \/>\n\t\t\t<\/svg>\n\t\t<\/button><figcaption class=\"wp-element-caption\">Foto: Lukas PL \/ Google Maps<\/figcaption><\/figure>\n\n\n\n<h3 class=\"wp-block-heading\"><span class=\"ez-toc-section\" id=\"5_Ponts_Couverts_de_Strasbourg\"><\/span>5. Ponts Couverts de Strasbourg<span class=\"ez-toc-section-end\"><\/span><\/h3>\n\n\n\n<p class=\"wp-block-paragraph\">Aan de rand van het pittoreske Petite France stuit je op de imposante overblijfselen van de middeleeuwse stadsverdediging, de zogenoemde Ponts Couverts. Oorspronkelijk ging het om een vernuftig systeem van drie bruggen en vier verdedigingstorens uit de dertiende eeuw, die <strong>dienden om de stad te beschermen tegen vijandelijke aanvallen over de rivier<\/strong>. Hoewel de bruggen hun oorspronkelijke houten daken allang kwijt zijn, is de naam &#8216;overdekte bruggen&#8217; hun tot verbazing van veel toeristen tot op de dag van vandaag gebleven.<\/p>\n\n\n\n<p class=\"wp-block-paragraph\">Een wandeling over deze stenen bruggen biedt schitterende uitzichten op het water en diep de oude stad in. <strong>De vier machtige vierkante torens ogen werkelijk majestueus<\/strong> en onderstrepen prachtig het wat rauwere historische karakter van dit deel van Straatsburg. Het hele complex wordt &#8217;s avonds bovendien heel smaakvol en dramatisch aangelicht, waardoor een avondwandeling zijn eigen onmiskenbare en licht mysterieuze charme heeft.<\/p>\n\n\n\n<p class=\"wp-block-paragraph\">Als je door dit gebied loopt, stuit je op veel mooie hoekjes en verscholen bankjes waar je kunt uitrusten. De omgeving van de bruggen is mooi begroeid met groen en volwassen bomen, dus in de warme zomer verbrand je er tenminste je hersens niet tijdens het rusten.<\/p>\n\n\n\n<figure data-wp-context=\"{&quot;imageId&quot;:&quot;6a9c95a0d5e40&quot;}\" data-wp-interactive=\"core\/image\" data-wp-key=\"6a9c95a0d5e40\" class=\"wp-block-image size-full wp-lightbox-container\"><img decoding=\"async\" width=\"1600\" height=\"1200\" data-wp-class--hide=\"state.isContentHidden\" data-wp-class--show=\"state.isContentVisible\" data-wp-init=\"callbacks.setButtonStyles\" data-wp-on--click=\"actions.showLightbox\" data-wp-on--load=\"callbacks.setButtonStyles\" data-wp-on--pointerdown=\"actions.preloadImage\" data-wp-on--pointerenter=\"actions.preloadImageWithDelay\" data-wp-on--pointerleave=\"actions.cancelPreload\" data-wp-on-window--resize=\"callbacks.setButtonStyles\" src=\"https:\/\/loudavymkrokem.cz\/wp-content\/uploads\/2026\/09\/barrage-vauban.jpg\" alt=\"Barrage Vauban\" class=\"wp-image-413191\" title=\"\" srcset=\"https:\/\/loudavymkrokem.cz\/wp-content\/uploads\/2026\/09\/barrage-vauban.jpg 1600w, https:\/\/loudavymkrokem.cz\/wp-content\/uploads\/2026\/09\/barrage-vauban-300x225.jpg 300w, https:\/\/loudavymkrokem.cz\/wp-content\/uploads\/2026\/09\/barrage-vauban-700x525.jpg 700w, https:\/\/loudavymkrokem.cz\/wp-content\/uploads\/2026\/09\/barrage-vauban-768x576.jpg 768w, https:\/\/loudavymkrokem.cz\/wp-content\/uploads\/2026\/09\/barrage-vauban-1536x1152.jpg 1536w, https:\/\/loudavymkrokem.cz\/wp-content\/uploads\/2026\/09\/barrage-vauban-80x60.jpg 80w, https:\/\/loudavymkrokem.cz\/wp-content\/uploads\/2026\/09\/barrage-vauban-160x120.jpg 160w, https:\/\/loudavymkrokem.cz\/wp-content\/uploads\/2026\/09\/barrage-vauban-696x522.jpg 696w, https:\/\/loudavymkrokem.cz\/wp-content\/uploads\/2026\/09\/barrage-vauban-1392x1044.jpg 1392w\" sizes=\"(max-width: 1600px) 100vw, 1600px\" \/><button\n\t\t\tclass=\"lightbox-trigger\"\n\t\t\ttype=\"button\"\n\t\t\taria-haspopup=\"dialog\"\n\t\t\tdata-wp-bind--aria-label=\"state.thisImage.triggerButtonAriaLabel\"\n\t\t\tdata-wp-init=\"callbacks.initTriggerButton\"\n\t\t\tdata-wp-on--click=\"actions.showLightbox\"\n\t\t\tdata-wp-style--right=\"state.thisImage.buttonRight\"\n\t\t\tdata-wp-style--top=\"state.thisImage.buttonTop\"\n\t\t>\n\t\t\t<svg xmlns=\"http:\/\/www.w3.org\/2000\/svg\" width=\"12\" height=\"12\" fill=\"none\" viewBox=\"0 0 12 12\">\n\t\t\t\t<path fill=\"#fff\" d=\"M2 0a2 2 0 0 0-2 2v2h1.5V2a.5.5 0 0 1 .5-.5h2V0H2Zm2 10.5H2a.5.5 0 0 1-.5-.5V8H0v2a2 2 0 0 0 2 2h2v-1.5ZM8 12v-1.5h2a.5.5 0 0 0 .5-.5V8H12v2a2 2 0 0 1-2 2H8Zm2-12a2 2 0 0 1 2 2v2h-1.5V2a.5.5 0 0 0-.5-.5H8V0h2Z\" \/>\n\t\t\t<\/svg>\n\t\t<\/button><figcaption class=\"wp-element-caption\">Foto: cyril L. \/ Google Maps<\/figcaption><\/figure>\n\n\n\n<h3 class=\"wp-block-heading\"><span class=\"ez-toc-section\" id=\"6_Barrage_Vauban\"><\/span>6. Barrage Vauban<span class=\"ez-toc-section-end\"><\/span><\/h3>\n\n\n\n<p class=\"wp-block-paragraph\">Zoek je de allerbeste plek om de perfecte foto van Straatsburg te maken, dan moet je naar de Barrage Vauban. Deze enorme stuwdam annex brug van roze zandsteen werd in de zeventiende eeuw gebouwd naar een ontwerp van de beroemde militair ingenieur Vauban. <strong>Het hoofddoel was om in geval van dreiging het zuidelijke deel van de stad onder water te zetten<\/strong> en zo de opmars van vijandelijke troepen naar het centrum te verhinderen.<\/p>\n\n\n\n<p class=\"wp-block-paragraph\">Vandaag verbergt zich binnenin een galerij met beelden en waterspuwers die uit de kathedraal zijn gered. Interessant weliswaar, maar eerlijk gezegd kwam je hier voor het dak. <strong>Op het uitgestrekte terras bevindt zich namelijk een uitkijkplatform dat voor iedereen volledig gratis toegankelijk is<\/strong>. Juist vanaf hier opent zich het bekendste iconische uitzicht op de torens van de Ponts Couverts, de vakwerkwijk Petite France en de majestueuze torenspits van de kathedraal op de achtergrond.<\/p>\n\n\n\n<p class=\"wp-block-paragraph\">\ud83d\udca1 Tip: de toegang tot het uitkijkterras is normaal gesproken via trappen, maar <strong>binnen in het gebouw is ook een lift beschikbaar<\/strong>, zodat ook gezinnen met een kinderwagen of reizigers met een beperkte mobiliteit comfortabel boven komen. Het terras wordt &#8217;s nachts om veiligheidsredenen afgesloten, controleer daarom vooraf de actuele openingstijden.<\/p>\n\n\n\n<figure data-wp-context=\"{&quot;imageId&quot;:&quot;6a9c95a0d63b6&quot;}\" data-wp-interactive=\"core\/image\" data-wp-key=\"6a9c95a0d63b6\" class=\"wp-block-image size-full wp-lightbox-container\"><img decoding=\"async\" width=\"1600\" height=\"1200\" data-wp-class--hide=\"state.isContentHidden\" data-wp-class--show=\"state.isContentVisible\" data-wp-init=\"callbacks.setButtonStyles\" data-wp-on--click=\"actions.showLightbox\" data-wp-on--load=\"callbacks.setButtonStyles\" data-wp-on--pointerdown=\"actions.preloadImage\" data-wp-on--pointerenter=\"actions.preloadImageWithDelay\" data-wp-on--pointerleave=\"actions.cancelPreload\" data-wp-on-window--resize=\"callbacks.setButtonStyles\" src=\"https:\/\/loudavymkrokem.cz\/wp-content\/uploads\/2026\/09\/swap-412754-7-b98b2d6c.jpg\" alt=\"Rondvaart Batorama in Straatsburg\" class=\"wp-image-413433\" title=\"\" srcset=\"https:\/\/loudavymkrokem.cz\/wp-content\/uploads\/2026\/09\/swap-412754-7-b98b2d6c.jpg 1600w, https:\/\/loudavymkrokem.cz\/wp-content\/uploads\/2026\/09\/swap-412754-7-b98b2d6c-300x225.jpg 300w, https:\/\/loudavymkrokem.cz\/wp-content\/uploads\/2026\/09\/swap-412754-7-b98b2d6c-700x525.jpg 700w, https:\/\/loudavymkrokem.cz\/wp-content\/uploads\/2026\/09\/swap-412754-7-b98b2d6c-768x576.jpg 768w, https:\/\/loudavymkrokem.cz\/wp-content\/uploads\/2026\/09\/swap-412754-7-b98b2d6c-1536x1152.jpg 1536w, https:\/\/loudavymkrokem.cz\/wp-content\/uploads\/2026\/09\/swap-412754-7-b98b2d6c-80x60.jpg 80w, https:\/\/loudavymkrokem.cz\/wp-content\/uploads\/2026\/09\/swap-412754-7-b98b2d6c-160x120.jpg 160w, https:\/\/loudavymkrokem.cz\/wp-content\/uploads\/2026\/09\/swap-412754-7-b98b2d6c-696x522.jpg 696w, https:\/\/loudavymkrokem.cz\/wp-content\/uploads\/2026\/09\/swap-412754-7-b98b2d6c-1392x1044.jpg 1392w\" sizes=\"(max-width: 1600px) 100vw, 1600px\" \/><button\n\t\t\tclass=\"lightbox-trigger\"\n\t\t\ttype=\"button\"\n\t\t\taria-haspopup=\"dialog\"\n\t\t\tdata-wp-bind--aria-label=\"state.thisImage.triggerButtonAriaLabel\"\n\t\t\tdata-wp-init=\"callbacks.initTriggerButton\"\n\t\t\tdata-wp-on--click=\"actions.showLightbox\"\n\t\t\tdata-wp-style--right=\"state.thisImage.buttonRight\"\n\t\t\tdata-wp-style--top=\"state.thisImage.buttonTop\"\n\t\t>\n\t\t\t<svg xmlns=\"http:\/\/www.w3.org\/2000\/svg\" width=\"12\" height=\"12\" fill=\"none\" viewBox=\"0 0 12 12\">\n\t\t\t\t<path fill=\"#fff\" d=\"M2 0a2 2 0 0 0-2 2v2h1.5V2a.5.5 0 0 1 .5-.5h2V0H2Zm2 10.5H2a.5.5 0 0 1-.5-.5V8H0v2a2 2 0 0 0 2 2h2v-1.5ZM8 12v-1.5h2a.5.5 0 0 0 .5-.5V8H12v2a2 2 0 0 1-2 2H8Zm2-12a2 2 0 0 1 2 2v2h-1.5V2a.5.5 0 0 0-.5-.5H8V0h2Z\" \/>\n\t\t\t<\/svg>\n\t\t<\/button><figcaption class=\"wp-element-caption\">Foto: Chris Jeffery \/ Google Maps<\/figcaption><\/figure>\n\n\n\n<h3 class=\"wp-block-heading\"><span class=\"ez-toc-section\" id=\"7_Rondvaart_over_de_kanalen_met_Batorama\"><\/span>7. Rondvaart over de kanalen met Batorama<span class=\"ez-toc-section-end\"><\/span><\/h3>\n\n\n\n<p class=\"wp-block-paragraph\">Wil je snel en overzichtelijk een beeld van de stad krijgen vanuit een heel ander perspectief, dan is <a href=\"https:\/\/www.batorama.com\/\" target=\"_blank\" rel=\"nofollow noopener\">een rondvaart met Batorama<\/a> iets wat je gewoon niet wilt overslaan, zeker als je voeten beginnen te protesteren. De opstapplaats vind je heel makkelijk pal bij de kathedraal, bij de aanlegsteiger Embarcad\u00e8re Batorama Cath\u00e9drale, vanwaar de boten regelmatig vertrekken voor een zeventig minuten durende tocht dwars door het hele historische centrum en de modernere Europese wijk. Het is de beste manier om de stad te begrijpen wanneer je voeten net pijn doen.<\/p>\n\n\n\n<p class=\"wp-block-paragraph\">Tijdens de tocht vaar je door het romantische Petite France, waar de boot met behulp van smalle oude sluizen hoogteverschillen overbrugt, op zich al een onvergetelijk schouwspel. <strong>Je kunt kiezen tussen volledig open en overdekte glazen boten<\/strong>, waarbij je de glazen boten vooral in de koelere lente- of herfstmaanden zult waarderen, want ze zijn perfect verwarmd en beschermd tegen regen. Er zijn ook audiogidsen met uitleg beschikbaar.<\/p>\n\n\n\n<p class=\"wp-block-paragraph\">\ud83d\udca1 Tip: vooral in het hoogseizoen en tijdens zonnige weekenden zijn de kaartjes vaak snel uitverkocht voor de hele dag. <strong>Ik raad je aan om je tickets ruim van tevoren online te reserveren<\/strong>, zodat je onnodig wachten in rijen bespaart en zeker weet dat je precies op je gekozen tijdstip aan boord kunt.<\/p>\n\n\n\n<figure data-wp-context=\"{&quot;imageId&quot;:&quot;6a9c95a0d6878&quot;}\" data-wp-interactive=\"core\/image\" data-wp-key=\"6a9c95a0d6878\" class=\"wp-block-image size-full wp-lightbox-container\"><img decoding=\"async\" width=\"1280\" height=\"960\" data-wp-class--hide=\"state.isContentHidden\" data-wp-class--show=\"state.isContentVisible\" data-wp-init=\"callbacks.setButtonStyles\" data-wp-on--click=\"actions.showLightbox\" data-wp-on--load=\"callbacks.setButtonStyles\" data-wp-on--pointerdown=\"actions.preloadImage\" data-wp-on--pointerenter=\"actions.preloadImageWithDelay\" data-wp-on--pointerleave=\"actions.cancelPreload\" data-wp-on-window--resize=\"callbacks.setButtonStyles\" src=\"https:\/\/loudavymkrokem.cz\/wp-content\/uploads\/2026\/09\/evropsk-parlament.jpg\" alt=\"Europees Parlement\" class=\"wp-image-413197\" title=\"\" srcset=\"https:\/\/loudavymkrokem.cz\/wp-content\/uploads\/2026\/09\/evropsk-parlament.jpg 1280w, https:\/\/loudavymkrokem.cz\/wp-content\/uploads\/2026\/09\/evropsk-parlament-300x225.jpg 300w, https:\/\/loudavymkrokem.cz\/wp-content\/uploads\/2026\/09\/evropsk-parlament-700x525.jpg 700w, https:\/\/loudavymkrokem.cz\/wp-content\/uploads\/2026\/09\/evropsk-parlament-768x576.jpg 768w, https:\/\/loudavymkrokem.cz\/wp-content\/uploads\/2026\/09\/evropsk-parlament-80x60.jpg 80w, https:\/\/loudavymkrokem.cz\/wp-content\/uploads\/2026\/09\/evropsk-parlament-160x120.jpg 160w, https:\/\/loudavymkrokem.cz\/wp-content\/uploads\/2026\/09\/evropsk-parlament-696x522.jpg 696w\" sizes=\"(max-width: 1280px) 100vw, 1280px\" \/><button\n\t\t\tclass=\"lightbox-trigger\"\n\t\t\ttype=\"button\"\n\t\t\taria-haspopup=\"dialog\"\n\t\t\tdata-wp-bind--aria-label=\"state.thisImage.triggerButtonAriaLabel\"\n\t\t\tdata-wp-init=\"callbacks.initTriggerButton\"\n\t\t\tdata-wp-on--click=\"actions.showLightbox\"\n\t\t\tdata-wp-style--right=\"state.thisImage.buttonRight\"\n\t\t\tdata-wp-style--top=\"state.thisImage.buttonTop\"\n\t\t>\n\t\t\t<svg xmlns=\"http:\/\/www.w3.org\/2000\/svg\" width=\"12\" height=\"12\" fill=\"none\" viewBox=\"0 0 12 12\">\n\t\t\t\t<path fill=\"#fff\" d=\"M2 0a2 2 0 0 0-2 2v2h1.5V2a.5.5 0 0 1 .5-.5h2V0H2Zm2 10.5H2a.5.5 0 0 1-.5-.5V8H0v2a2 2 0 0 0 2 2h2v-1.5ZM8 12v-1.5h2a.5.5 0 0 0 .5-.5V8H12v2a2 2 0 0 1-2 2H8Zm2-12a2 2 0 0 1 2 2v2h-1.5V2a.5.5 0 0 0-.5-.5H8V0h2Z\" \/>\n\t\t\t<\/svg>\n\t\t<\/button><figcaption class=\"wp-element-caption\">Foto: Ryan Jose Ruiz III \/ Google Maps<\/figcaption><\/figure>\n\n\n\n<h3 class=\"wp-block-heading\"><span class=\"ez-toc-section\" id=\"8_Europees_Parlement\"><\/span>8. Europees Parlement<span class=\"ez-toc-section-end\"><\/span><\/h3>\n\n\n\n<p class=\"wp-block-paragraph\">Straatsburg is de offici\u00eble zetel van het <a href=\"https:\/\/visiting.europarl.europa.eu\/cs\/\" target=\"_blank\" rel=\"nofollow noopener\">Europees Parlement<\/a> en een bezoek aan dit imposante moderne gebouw mag zeker niet op je lijstje ontbreken. Het enorme glazen bouwwerk met zijn cirkelvormige plattegrond en gebogen dak domineert de hele wijk en <strong>vormt een fascinerend visueel contrast met het historische centrum van de stad<\/strong>. Je komt er het makkelijkst met de comfortabele tram van lijn E; je stapt gewoon uit bij de gelijknamige halte Parlement Europ\u00e9en.<\/p>\n\n\n\n<p class=\"wp-block-paragraph\">Het allerbeste van het geheel is dat <strong>rondleidingen voor het publiek helemaal gratis zijn<\/strong>; je hoeft je bij de ingang alleen te legitimeren met een geldig identiteitsbewijs of paspoort. Tijdens de rondleiding kijk je rechtstreeks binnen in de beroemde plenaire zaal, het halfrond, waar de Europarlementari\u00ebrs zetelen en belangrijke Europese wetgeving tot stand komt. De sfeer van deze enorme, moderne ruimte is werkelijk indrukwekkend en opeens besef je dat de Brusselse bureaucratie ook een fysiek adres heeft \ud83d\ude04.<\/p>\n\n\n\n<p class=\"wp-block-paragraph\">Plan je bezoek aan het parlement ruim van tevoren en <strong>houd er rekening mee dat de hele rondleiding je zo&#8217;n twee tot drie uur kost<\/strong>, inclusief de vrij grondige veiligheidscontrole bij de ingang. De rondleidingen verlopen met behulp van multimediagidsen in alle offici\u00eble talen van de Europese Unie, dus je kunt alle informatie gewoon in het Nederlands beluisteren.<\/p>\n\n\n\n<figure data-wp-context=\"{&quot;imageId&quot;:&quot;6a9c95a0d6d7d&quot;}\" data-wp-interactive=\"core\/image\" data-wp-key=\"6a9c95a0d6d7d\" class=\"wp-block-image size-full wp-lightbox-container\"><img decoding=\"async\" width=\"1440\" height=\"1080\" data-wp-class--hide=\"state.isContentHidden\" data-wp-class--show=\"state.isContentVisible\" data-wp-init=\"callbacks.setButtonStyles\" data-wp-on--click=\"actions.showLightbox\" data-wp-on--load=\"callbacks.setButtonStyles\" data-wp-on--pointerdown=\"actions.preloadImage\" data-wp-on--pointerenter=\"actions.preloadImageWithDelay\" data-wp-on--pointerleave=\"actions.cancelPreload\" data-wp-on-window--resize=\"callbacks.setButtonStyles\" src=\"https:\/\/loudavymkrokem.cz\/wp-content\/uploads\/2026\/09\/parlamentarium-simone-veil.jpg\" alt=\"Parlamentarium Simone Veil\" class=\"wp-image-413201\" title=\"\" srcset=\"https:\/\/loudavymkrokem.cz\/wp-content\/uploads\/2026\/09\/parlamentarium-simone-veil.jpg 1440w, https:\/\/loudavymkrokem.cz\/wp-content\/uploads\/2026\/09\/parlamentarium-simone-veil-300x225.jpg 300w, https:\/\/loudavymkrokem.cz\/wp-content\/uploads\/2026\/09\/parlamentarium-simone-veil-700x525.jpg 700w, https:\/\/loudavymkrokem.cz\/wp-content\/uploads\/2026\/09\/parlamentarium-simone-veil-768x576.jpg 768w, https:\/\/loudavymkrokem.cz\/wp-content\/uploads\/2026\/09\/parlamentarium-simone-veil-80x60.jpg 80w, https:\/\/loudavymkrokem.cz\/wp-content\/uploads\/2026\/09\/parlamentarium-simone-veil-160x120.jpg 160w, https:\/\/loudavymkrokem.cz\/wp-content\/uploads\/2026\/09\/parlamentarium-simone-veil-696x522.jpg 696w, https:\/\/loudavymkrokem.cz\/wp-content\/uploads\/2026\/09\/parlamentarium-simone-veil-1392x1044.jpg 1392w\" sizes=\"(max-width: 1440px) 100vw, 1440px\" \/><button\n\t\t\tclass=\"lightbox-trigger\"\n\t\t\ttype=\"button\"\n\t\t\taria-haspopup=\"dialog\"\n\t\t\tdata-wp-bind--aria-label=\"state.thisImage.triggerButtonAriaLabel\"\n\t\t\tdata-wp-init=\"callbacks.initTriggerButton\"\n\t\t\tdata-wp-on--click=\"actions.showLightbox\"\n\t\t\tdata-wp-style--right=\"state.thisImage.buttonRight\"\n\t\t\tdata-wp-style--top=\"state.thisImage.buttonTop\"\n\t\t>\n\t\t\t<svg xmlns=\"http:\/\/www.w3.org\/2000\/svg\" width=\"12\" height=\"12\" fill=\"none\" viewBox=\"0 0 12 12\">\n\t\t\t\t<path fill=\"#fff\" d=\"M2 0a2 2 0 0 0-2 2v2h1.5V2a.5.5 0 0 1 .5-.5h2V0H2Zm2 10.5H2a.5.5 0 0 1-.5-.5V8H0v2a2 2 0 0 0 2 2h2v-1.5ZM8 12v-1.5h2a.5.5 0 0 0 .5-.5V8H12v2a2 2 0 0 1-2 2H8Zm2-12a2 2 0 0 1 2 2v2h-1.5V2a.5.5 0 0 0-.5-.5H8V0h2Z\" \/>\n\t\t\t<\/svg>\n\t\t<\/button><figcaption class=\"wp-element-caption\">Foto: Bianca K. \/ Google Maps<\/figcaption><\/figure>\n\n\n\n<h3 class=\"wp-block-heading\"><span class=\"ez-toc-section\" id=\"9_Parlamentarium_Simone_Veil\"><\/span>9. Parlamentarium Simone Veil<span class=\"ez-toc-section-end\"><\/span><\/h3>\n\n\n\n<p class=\"wp-block-paragraph\">Onderdeel van het uitgestrekte complex van het Europees Parlement is ook de recent geopende bezoekersruimte genaamd <a href=\"https:\/\/visiting.europarl.europa.eu\/cs\/visitor-offer\/strasbourg\/parlamentarium-simone-veil\" target=\"_blank\" rel=\"nofollow noopener\">Parlamentarium Simone Veil<\/a>. Het centrum is zo opgezet dat de Europese integratie spannend gaat klinken, en verrassend genoeg lukt dat. Het is een geweldige plek, niet alleen voor volwassen bezoekers, maar ook voor oudere, nieuwsgierige kinderen.<\/p>\n\n\n\n<p class=\"wp-block-paragraph\">De grootste trekpleister van het hele centrum is ongetwijfeld <strong>de indrukwekkende 360\u00b0-projectiezaal<\/strong>, waar een dynamische film over de werking van het Europees Parlement wordt vertoond, waardoor je je visueel midden in het gebeuren waant. Er zijn ook allerlei interactieve modules en touchscreens, waarmee je eenvoudig kunt achterhalen welke besluiten er in het verleden speciaal voor jouw eigen regio zijn genomen.<\/p>\n\n\n\n<p class=\"wp-block-paragraph\">Voor grotere georganiseerde groepen biedt het centrum ook een <strong>speciaal rollenspel<\/strong>, waarbij deelnemers aan den lijve kunnen ervaren hoe het is om een echte parlementari\u00ebr te zijn en moeizaam over nieuwe wetten te onderhandelen. Een stop in dit centrum vult perfect het bezoek aan de plenaire zaal zelf aan, en ook hier is de toegang voor iedereen gratis.<\/p>\n\n\n\n<figure data-wp-context=\"{&quot;imageId&quot;:&quot;6a9c95a0d71f5&quot;}\" data-wp-interactive=\"core\/image\" data-wp-key=\"6a9c95a0d71f5\" class=\"wp-block-image size-full wp-lightbox-container\"><img decoding=\"async\" width=\"1600\" height=\"1200\" data-wp-class--hide=\"state.isContentHidden\" data-wp-class--show=\"state.isContentVisible\" data-wp-init=\"callbacks.setButtonStyles\" data-wp-on--click=\"actions.showLightbox\" data-wp-on--load=\"callbacks.setButtonStyles\" data-wp-on--pointerdown=\"actions.preloadImage\" data-wp-on--pointerenter=\"actions.preloadImageWithDelay\" data-wp-on--pointerleave=\"actions.cancelPreload\" data-wp-on-window--resize=\"callbacks.setButtonStyles\" src=\"https:\/\/loudavymkrokem.cz\/wp-content\/uploads\/2026\/09\/rada-evropy.jpg\" alt=\"Raad van Europa en de wijk van de instellingen\" class=\"wp-image-413204\" title=\"\" srcset=\"https:\/\/loudavymkrokem.cz\/wp-content\/uploads\/2026\/09\/rada-evropy.jpg 1600w, https:\/\/loudavymkrokem.cz\/wp-content\/uploads\/2026\/09\/rada-evropy-300x225.jpg 300w, https:\/\/loudavymkrokem.cz\/wp-content\/uploads\/2026\/09\/rada-evropy-700x525.jpg 700w, https:\/\/loudavymkrokem.cz\/wp-content\/uploads\/2026\/09\/rada-evropy-768x576.jpg 768w, https:\/\/loudavymkrokem.cz\/wp-content\/uploads\/2026\/09\/rada-evropy-1536x1152.jpg 1536w, https:\/\/loudavymkrokem.cz\/wp-content\/uploads\/2026\/09\/rada-evropy-80x60.jpg 80w, https:\/\/loudavymkrokem.cz\/wp-content\/uploads\/2026\/09\/rada-evropy-160x120.jpg 160w, https:\/\/loudavymkrokem.cz\/wp-content\/uploads\/2026\/09\/rada-evropy-696x522.jpg 696w, https:\/\/loudavymkrokem.cz\/wp-content\/uploads\/2026\/09\/rada-evropy-1392x1044.jpg 1392w\" sizes=\"(max-width: 1600px) 100vw, 1600px\" \/><button\n\t\t\tclass=\"lightbox-trigger\"\n\t\t\ttype=\"button\"\n\t\t\taria-haspopup=\"dialog\"\n\t\t\tdata-wp-bind--aria-label=\"state.thisImage.triggerButtonAriaLabel\"\n\t\t\tdata-wp-init=\"callbacks.initTriggerButton\"\n\t\t\tdata-wp-on--click=\"actions.showLightbox\"\n\t\t\tdata-wp-style--right=\"state.thisImage.buttonRight\"\n\t\t\tdata-wp-style--top=\"state.thisImage.buttonTop\"\n\t\t>\n\t\t\t<svg xmlns=\"http:\/\/www.w3.org\/2000\/svg\" width=\"12\" height=\"12\" fill=\"none\" viewBox=\"0 0 12 12\">\n\t\t\t\t<path fill=\"#fff\" d=\"M2 0a2 2 0 0 0-2 2v2h1.5V2a.5.5 0 0 1 .5-.5h2V0H2Zm2 10.5H2a.5.5 0 0 1-.5-.5V8H0v2a2 2 0 0 0 2 2h2v-1.5ZM8 12v-1.5h2a.5.5 0 0 0 .5-.5V8H12v2a2 2 0 0 1-2 2H8Zm2-12a2 2 0 0 1 2 2v2h-1.5V2a.5.5 0 0 0-.5-.5H8V0h2Z\" \/>\n\t\t\t<\/svg>\n\t\t<\/button><figcaption class=\"wp-element-caption\">Foto: Anton Nyberg \/ Google Maps<\/figcaption><\/figure>\n\n\n\n<!-- LKM_GYG_CARD start q=\"strasbourg\" lang=\"nl\" rendered=\"2026-09-05T19:12:00+00:00\" v=\"1\" -->\n<style id=\"lk-gyg-styles\">\n@import url(\"https:\/\/fonts.googleapis.com\/css2?family=Playfair+Display:wght@700&family=DM+Sans:wght@300;400;500;600&display=swap\");\n\/* === LK GYG karty \u2014 CRO redesign 2026-05 (namespace .lkx-) ===\n   C\u00edl: vy\u0161\u0161\u00ed CTR (hero + v\u00fdrazn\u00fd social proof + ak\u010dn\u00ed CTA, m\u00e9n\u011b \"reklamn\u00ed\").\n   Injektuje se inline do prvn\u00edho markeru postu (refresh_cards.py --inline-css). *\/\n.lkx-module, .lkx-module *{box-sizing:border-box;margin:0;padding:0}\n.lkx-module{\n  font-family:'DM Sans',-apple-system,Segoe UI,Roboto,Georgia,sans-serif;\n  max-width:860px;margin:2.5rem auto;color:#1f2328;\n}\n\n\/* HEADER \u2014 lehk\u00fd editorsk\u00fd, \u017e\u00e1dn\u00fd bannerov\u00fd blok; nadpis + popisek pod n\u00edm *\/\n.lkx-head{margin-bottom:16px}\n.lkx-head-main{display:flex;align-items:center;gap:10px}\n.lkx-head-accent{width:26px;height:3px;border-radius:2px;background:#c39f76;flex-shrink:0}\n.lkx-head-title{font-family:'Playfair Display',Georgia,serif;font-size:21px;font-weight:700;color:#1a1a1a;line-height:1.25}\n.lkx-head-meta{display:block;font-size:11px;letter-spacing:.3px;color:#9aa0a6;margin-top:4px;margin-left:36px}\n\n\/* HERO *\/\n.lkx-hero{display:grid;grid-template-columns:300px 1fr;background:#fff;border:1px solid #ece7df;border-radius:14px;overflow:hidden;text-decoration:none!important;color:inherit;box-shadow:0 6px 20px rgba(0,0,0,.06);transition:box-shadow .2s,transform .2s;margin-bottom:14px}\n.lkx-hero:hover{box-shadow:0 12px 30px rgba(0,0,0,.12);transform:translateY(-2px)}\n.lkx-hero-img{position:relative;min-height:230px;background-size:cover;background-position:center;background-color:#eee}\n.lkx-hero-body{padding:22px 24px;display:flex;flex-direction:column}\n.lkx-pick{position:absolute;top:12px;left:12px;background:#1a1a1a;color:#fff;font-size:11px;font-weight:700;letter-spacing:.5px;padding:5px 11px;border-radius:20px}\n\n\/* TITLE *\/\n.lkx-title{font-size:19px;font-weight:700;color:#161616;line-height:1.3}\n.lkx-title-sm{font-size:14.5px;line-height:1.35;display:-webkit-box;-webkit-line-clamp:2;-webkit-box-orient:vertical;overflow:hidden}\n\n\/* SOCIAL PROOF \u2014 v\u00fdrazn\u011b, naho\u0159e *\/\n.lkx-proof{display:flex;align-items:center;gap:7px;margin-top:12px;font-size:15px;color:#3a3a3a}\n.lkx-proof b{font-size:16px;color:#161616}\n.lkx-stars{color:#f5a623;letter-spacing:1px}\n.lkx-proof-sm{font-size:12.5px;margin-top:8px;gap:5px}\n.lkx-proof-sm b{font-size:13px}\n.lkx-proof-new{color:#3685fc;font-weight:600}\n\n\/* PRICE \u2014 n\u00edzk\u00e1 kotva *\/\n.lkx-price{font-size:14px;color:#6b7280}\n.lkx-price b{font-size:20px;color:#161616;font-weight:700}\n.lkx-price-sm b{font-size:15px}\n\n\/* CTA \u2014 tepl\u00e9 ak\u010dn\u00ed tla\u010d\u00edtko *\/\n.lkx-cta{display:inline-flex;align-items:center;justify-content:center;text-decoration:none!important;font-weight:700;color:#fff!important;background:linear-gradient(135deg,#f6743f,#e8552a);border-radius:10px;box-shadow:0 6px 16px rgba(232,85,42,.32);transition:box-shadow .2s}\n.lkx-cta-hero{font-size:15px;padding:13px 22px}\n.lkx-hero:hover .lkx-cta-hero{box-shadow:0 8px 22px rgba(232,85,42,.45)}\n.lkx-cta-sm{font-size:12.5px;padding:9px 14px;width:100%;margin-top:2px}\n.lkx-hero-bottom{margin-top:auto;padding-top:18px;display:flex;align-items:center;justify-content:space-between;gap:14px;flex-wrap:wrap}\n\n\/* BADGE \u2014 jeden v\u00fdrazn\u00fd na fotce *\/\n.lkx-badge{position:absolute;top:12px;right:12px;font-size:10.5px;font-weight:700;letter-spacing:.3px;padding:5px 10px;border-radius:16px;color:#fff}\n.lkx-badge.badge-urgency{background:rgba(214,40,40,.92)}\n.lkx-badge.badge-new{background:rgba(54,133,252,.92)}\n.lkx-badge.badge-top{background:rgba(195,159,118,.95)}\n.lkx-badge.badge-info{background:rgba(40,40,40,.78)}\n\n\/* SECONDARY GRID *\/\n.lkx-grid{display:grid;grid-template-columns:1fr 1fr;gap:14px}\n.lkx-card{background:#fff;border:1px solid #ece7df;border-radius:14px;overflow:hidden;text-decoration:none!important;color:inherit;box-shadow:0 4px 14px rgba(0,0,0,.05);display:flex;flex-direction:column;transition:box-shadow .2s,transform .2s}\n.lkx-card:hover{box-shadow:0 10px 24px rgba(0,0,0,.1);transform:translateY(-2px)}\n.lkx-card-img{position:relative;aspect-ratio:16\/10;background-size:cover;background-position:center;background-color:#eee}\n.lkx-card-body{padding:14px 16px 16px;display:flex;flex-direction:column;gap:7px;flex:1}\n.lkx-card-bottom{margin-top:auto;padding-top:10px;display:flex;align-items:center;justify-content:space-between;gap:8px}\n\n\/* DISCLOSURE \u2014 drobn\u00e1, kv\u016fli d\u016fv\u011b\u0159e\/z\u00e1konu *\/\n.lkx-disclosure{font-size:11px;color:#a7adb3;text-align:center;margin-top:14px;line-height:1.6}\n.lkx-disclosure a{color:#c39f76;text-decoration:none}\n\n@media(max-width:680px){\n  .lkx-hero{grid-template-columns:1fr}\n  .lkx-hero-img{min-height:180px}\n  .lkx-grid{grid-template-columns:1fr}\n  .lkx-head-meta{margin-left:0;width:100%}\n  .lkx-head-title{font-size:19px}\n}\n\n<\/style>\n<div class=\"lkx-module\" data-query=\"strasbourg\">\n  <div class=\"lkx-head\">\n    <div class=\"lkx-head-main\">\n      <span class=\"lkx-head-accent\"><\/span>\n      <span class=\"lkx-head-title\">Ervaringen &amp; tickets<\/span>\n    <\/div>\n    <span class=\"lkx-head-meta\">beoordeeld door reizigers \u00b7 GetYourGuide<\/span>\n  <\/div><a class=\"lkx-hero\" href=\"https:\/\/www.getyourguide.com\/nl-nl\/straatsburg-l293\/straatsburg-fietstour-met-gids-fietsen-inbegrepen-t487695\/?partner_id=MKZ64IS&amp;utm_medium=online_publisher&amp;cmp=straatsburg-frankrijk-tips\" target=\"_blank\" rel=\"sponsored noopener nofollow\">\n    <div class=\"lkx-hero-img\" style=\"background-image:url('https:\/\/cdn.getyourguide.com\/img\/tour\/64aea1102544f.png\/132.jpg')\" role=\"img\" aria-label=\"Straatsburg: fietstocht met gids, fietsen inbegrepen\">\n      <span class=\"lkx-pick\">\u2605 Onze keuze<\/span><\/div>\n    <div class=\"lkx-hero-body\">\n      <div class=\"lkx-title\">Straatsburg: fietstocht met gids, fietsen inbegrepen<\/div>\n      <div class=\"lkx-proof\">\n      <span class=\"lkx-stars\">\u2605\u2605\u2605\u2605\u2605<\/span>\n      <b>4.5<\/b> \u00b7 401 beoordelingen\n    <\/div>\n      <div class=\"lkx-hero-bottom\"><div class=\"lkx-price\">vanaf <b>\u20ac\u00a039<\/b><\/div><span class=\"lkx-cta lkx-cta-hero\">Dit wil ik beleven \u2192<\/span>\n      <\/div>\n    <\/div>\n  <\/a><div class=\"lkx-grid\"><a class=\"lkx-card\" href=\"https:\/\/www.getyourguide.com\/nl-nl\/straatsburg-l293\/straatsburg-rondleiding-op-de-fiets-met-een-lokale-gids-t587081\/?partner_id=MKZ64IS&amp;utm_medium=online_publisher&amp;cmp=straatsburg-frankrijk-tips\" target=\"_blank\" rel=\"sponsored noopener nofollow\">\n      <div class=\"lkx-card-img\" style=\"background-image:url('https:\/\/cdn.getyourguide.com\/img\/tour\/dc2aedeb1d815098f10616034d9f9160c88b3e6a4008cee55c263753786a7625.png\/132.jpg')\" role=\"img\" aria-label=\"Straatsburg : Rondleiding op de fiets met een lokale gids\"><\/div>\n      <div class=\"lkx-card-body\">\n        <div class=\"lkx-title lkx-title-sm\">Straatsburg : Rondleiding op de fiets met een lokale gids<\/div>\n        <div class=\"lkx-proof lkx-proof-sm\">\n      <span class=\"lkx-stars\">\u2605<\/span>\n      <b>5.0<\/b> \u00b7 29\n    <\/div>\n        <div class=\"lkx-card-bottom\"><span class=\"lkx-price lkx-price-sm\">vanaf <b>\u20ac\u00a034<\/b><\/span><span class=\"lkx-cta lkx-cta-sm\">Bekijk data \u2192<\/span>\n        <\/div>\n      <\/div>\n    <\/a><a class=\"lkx-card\" href=\"https:\/\/www.getyourguide.com\/nl-nl\/straatsburg-l293\/straatsburg-wandeling-met-5-elzasser-proeverijen-t1458211\/?partner_id=MKZ64IS&amp;utm_medium=online_publisher&amp;cmp=straatsburg-frankrijk-tips\" target=\"_blank\" rel=\"sponsored noopener nofollow\">\n      <div class=\"lkx-card-img\" style=\"background-image:url('https:\/\/cdn.getyourguide.com\/img\/tour\/e965587a48bc449a08b2ef17afbfc818a8ca05db25bccd1e896e40df12dc7ce3.jpg\/132.jpg')\" role=\"img\" aria-label=\"Straatsburg: wandeling met 5 Elzasser proeverijen\"><\/div>\n      <div class=\"lkx-card-body\">\n        <div class=\"lkx-title lkx-title-sm\">Straatsburg: wandeling met 5 Elzasser proeverijen<\/div>\n        <div class=\"lkx-proof lkx-proof-sm\">\n      <span class=\"lkx-stars\">\u2605<\/span>\n      <b>0.0<\/b> \u00b7 0\n    <\/div>\n        <div class=\"lkx-card-bottom\"><span class=\"lkx-price lkx-price-sm\">vanaf <b>\u20ac\u00a045<\/b><\/span><span class=\"lkx-cta lkx-cta-sm\">Bekijk data \u2192<\/span>\n        <\/div>\n      <\/div>\n    <\/a><\/div><div class=\"lkx-disclosure\">\ud83d\udd17 Affiliate-links \u2014 geen meerprijs voor jou, ze helpen ons content te maken. \u00b7 <a href=\"https:\/\/www.getyourguide.com\/nl-nl\/s\/?q=strasbourg&amp;partner_id=MKZ64IS&amp;utm_medium=online_publisher\" target=\"_blank\" rel=\"sponsored noopener nofollow\">Alle ervaringen \u2192<\/a><\/div>\n<\/div>\n<!-- LKM_GYG_CARD end -->\n\n\n\n\n<div class=\"lk-stays-module\">\n<style>\n\/* \u2500\u2500\u2500 RESET PRO GUTENBERG \u2500\u2500\u2500 *\/\n.lk-stays-module * { box-sizing: border-box; margin: 0; padding: 0; }\n\n\/* \u2500\u2500\u2500 WRAPPER \u2500\u2500\u2500 *\/\n.lk-stays-module {\n  font-family: 'DM Sans', Georgia, sans-serif;\n  max-width: 100%;\n  margin: 2.5rem auto;\n  background: linear-gradient(135deg, #fdfaf5 0%, #fcf8f0 100%);\n  border: 1px solid #e8dfd4;\n  border-radius: 16px;\n  overflow: hidden;\n  box-shadow: 0 16px 48px rgba(195, 159, 118, 0.25), 0 4px 12px rgba(0,0,0,0.08);\n}\n\n\/* \u2500\u2500\u2500 HEADER \u2500\u2500\u2500 *\/\n.lk-stays-header {\n  position: relative;\n  padding: 24px 36px 24px;\n  background: linear-gradient(135deg, #c39f76 0%, #d4b188 60%, #c39f76 100%);\n  border-bottom: 1px solid rgba(255,255,255,.15);\n  display: flex;\n  align-items: center;\n  gap: 18px;\n}\n.lk-stays-header::before {\n  content: '';\n  position: absolute;\n  inset: 0;\n  background: url(\"data:image\/svg+xml,%3Csvg width='60' height='60' viewBox='0 0 60 60' xmlns='http:\/\/www.w3.org\/2000\/svg'%3E%3Cg fill='none' fill-rule='evenodd'%3E%3Cg fill='%23ffffff' fill-opacity='0.05'%3E%3Cpath d='M36 34v-4h-2v4h-4v2h4v4h2v-4h4v-2h-4zm0-30V0h-2v4h-4v2h4v4h2V6h4V4h-4zM6 34v-4H4v4H0v2h4v4h2v-4h4v-2H6zM6 4V0H4v4H0v2h4v4h2V6h4V4H6z'\/%3E%3C\/g%3E%3C\/g%3E%3C\/svg%3E\") repeat;\n  pointer-events: none;\n}\n.lk-stays-icon {\n  flex-shrink: 0;\n  width: 68px;\n  height: 68px;\n  border-radius: 14px;\n  background: linear-gradient(135deg, #fff 0%, #f9f6f0 100%);\n  display: flex;\n  align-items: center;\n  justify-content: center;\n  font-size: 26px;\n  box-shadow: 0 4px 12px rgba(0,0,0,0.15);\n}\n.lk-stays-eyebrow {\n  font-size: 10px;\n  font-weight: 500;\n  letter-spacing: 2.5px;\n  text-transform: uppercase;\n  color: rgba(255,255,255,.85);\n  margin: 0 0 5px 0;\n}\n.lk-stays-title {\n  font-family: 'Playfair Display', Georgia, serif;\n  font-size: 24px;\n  font-weight: 700;\n  color: #fff;\n  line-height: 1.2;\n  text-shadow: 0 1px 2px rgba(0,0,0,0.1);\n  margin: 0;\n}\n.lk-stays-subtitle {\n  font-size: 13px;\n  color: rgba(255,255,255,.75);\n  margin: 4px 0 0 0;\n  font-weight: 300;\n}\n\n\/* \u2500\u2500\u2500 CARDS GRID \u2500\u2500\u2500 *\/\n.lk-stays-grid {\n  display: grid;\n  grid-template-columns: 1fr 1fr;\n  gap: 1px;\n  background: rgba(195, 159, 118, 0.12);\n}\n\n\/* \u2500\u2500\u2500 SINGLE CARD \u2500\u2500\u2500 *\/\n.lk-stay-card {\n  background: #ffffff;\n  padding: 26px;\n  display: flex;\n  flex-direction: column;\n  gap: 11px;\n  transition: all 0.3s ease;\n  text-decoration: none;\n  color: inherit;\n  position: relative;\n}\n.lk-stay-card:hover {\n  background: #fffbf5;\n  transform: translateY(-2px);\n  box-shadow: 0 8px 24px rgba(195, 159, 118, 0.18);\n  z-index: 1;\n}\n.lk-stay-card.featured {\n  background: linear-gradient(135deg, #fffdf9 0%, #fff9f0 100%);\n  box-shadow: 0 4px 16px rgba(195, 159, 118, 0.15), inset 0 1px 0 rgba(195, 159, 118, 0.1);\n}\n.lk-stay-card.featured:hover {\n  background: linear-gradient(135deg, #fffbf5 0%, #fff8ed 100%);\n  box-shadow: 0 8px 24px rgba(195, 159, 118, 0.25), inset 0 1px 0 rgba(195, 159, 118, 0.15);\n}\n\n.lk-stay-badge {\n  display: inline-flex;\n  align-items: center;\n  gap: 5px;\n  font-size: 10px;\n  font-weight: 500;\n  letter-spacing: 1.5px;\n  text-transform: uppercase;\n  padding: 5px 11px;\n  border-radius: 20px;\n  width: fit-content;\n}\n.badge-top     { background: linear-gradient(135deg, #c39f76 0%, #d4b188 100%); color: #fff; border: 1px solid #c39f76; font-weight: 600; box-shadow: 0 2px 8px rgba(195,159,118,0.3); }\n.badge-luxury  { background: rgba(195,159,118,.12); color: #c39f76; border: 1px solid rgba(195,159,118,.25); }\n.badge-boutique{ background: rgba(54,133,252,.08); color: #3685fc; border: 1px solid rgba(54,133,252,.2); }\n.badge-nature  { background: rgba(130,190,100,.1); color: #6b9c4a; border: 1px solid rgba(130,190,100,.2); }\n.badge-remote  { background: rgba(195,159,118,.12); color: #a67e50; border: 1px solid rgba(195,159,118,.25); }\n\n.lk-stay-name {\n  font-family: 'Playfair Display', Georgia, serif;\n  font-size: 18px;\n  font-weight: 700;\n  color: #111827;\n  line-height: 1.3;\n}\n.lk-stay-desc {\n  font-size: 13.5px;\n  color: #525252;\n  line-height: 1.65;\n  font-weight: 300;\n  flex: 1;\n}\n\n.lk-stay-meta {\n  display: flex;\n  align-items: center;\n  gap: 12px;\n  flex-wrap: wrap;\n  margin-top: 4px;\n}\n.lk-stay-price {\n  font-size: 13px;\n  color: #6b7280;\n}\n.lk-stay-price strong {\n  color: #c39f76;\n  font-weight: 500;\n}\n.lk-stay-stars {\n  color: #c39f76;\n  font-size: 11px;\n  letter-spacing: 1px;\n}\n\n\/* \u2500\u2500\u2500 CTA BUTTON \u2500\u2500\u2500 *\/\n.lk-stay-cta {\n  display: inline-flex;\n  align-items: center;\n  justify-content: center;\n  gap: 7px;\n  margin-top: 8px;\n  padding: 11px 20px;\n  border-radius: 8px;\n  background: linear-gradient(135deg, #3685fc 0%, #2a6fd9 100%);\n  color: #fff;\n  font-size: 13px;\n  font-weight: 500;\n  text-decoration: none;\n  letter-spacing: .3px;\n  transition: all .2s ease;\n  cursor: pointer;\n  border: none;\n  text-align: center;\n  box-shadow: 0 4px 12px rgba(54, 133, 252, 0.25);\n}\n.lk-stay-cta:hover {\n  background: linear-gradient(135deg, #2a6fd9 0%, #1e5bc4 100%);\n  transform: translateY(-1px);\n  box-shadow: 0 6px 16px rgba(54, 133, 252, 0.35);\n}\n.lk-stay-cta svg { flex-shrink: 0; }\n\n\/* \u2500\u2500\u2500 FOOTER \u2500\u2500\u2500 *\/\n.lk-stays-footer {\n  padding: 18px 36px;\n  background: linear-gradient(to bottom, #fdfaf5 0%, #f9f4ed 100%);\n  border-top: 1px solid rgba(195, 159, 118, 0.15);\n  display: flex;\n  align-items: center;\n  justify-content: space-between;\n  flex-wrap: wrap;\n  gap: 12px;\n}\n.lk-stays-footer-note {\n  font-size: 11.5px;\n  color: #6b7280;\n  font-weight: 300;\n  line-height: 1.5;\n}\n.lk-stays-footer-note a {\n  color: #c39f76;\n  text-decoration: none;\n  font-weight: 400;\n}\n.lk-stays-footer-note a:hover {\n  text-decoration: underline;\n}\n.lk-stays-all-btn {\n  display: inline-flex;\n  align-items: center;\n  gap: 6px;\n  font-size: 12.5px;\n  font-weight: 500;\n  color: #c39f76;\n  text-decoration: none;\n  border: 1px solid rgba(195, 159, 118, 0.35);\n  padding: 8px 18px;\n  border-radius: 8px;\n  transition: all .2s ease;\n}\n.lk-stays-all-btn:hover {\n  background: rgba(195, 159, 118, 0.08);\n  border-color: rgba(195, 159, 118, 0.5);\n}\n\n\/* \u2500\u2500\u2500 RESPONSIVE \u2500\u2500\u2500 *\/\n@media (max-width: 600px) {\n  .lk-stays-grid { grid-template-columns: 1fr; }\n  .lk-stays-header { padding: 24px 20px; }\n  .lk-stays-footer { padding: 16px 20px; }\n  .lk-stay-card { padding: 22px; }\n  .lk-stays-title { font-size: 20px; }\n}\n<\/style>\n\n  <!-- HEADER -->\n  <div class=\"lk-stays-header\">\n    <img decoding=\"async\" src=\"https:\/\/loudavymkrokem.cz\/wp-content\/uploads\/2026\/02\/lukas-a-lucka.jpg\" alt=\"\" style=\"width: 75px; height: 75px; border-radius: 8px; flex-shrink: 0; object-fit: cover; display: block; margin: 4px 0;\" title=\"\">\n    <div class=\"lk-stays-header-text\">\n      <div class=\"lk-stays-eyebrow\">Luk\u00e1\u0161 en Lucie bevelen aan<\/div>\n      <div class=\"lk-stays-title\">Waar te overnachten in Straatsburg<\/div>\n      <div class=\"lk-stays-subtitle\">4 accommodaties \u2014 hotels en andere overnachtingsmogelijkheden<\/div>\n    <\/div>\n  <\/div>\n\n  <!-- CARDS -->\n  <div class=\"lk-stays-grid\">\n\n    <a class=\"lk-stay-card featured\" href=\"https:\/\/www.stay22.com\/allez\/roam?aid=lukaskonecny&#038;campaign=loudavymkrokemcz&#038;campaign=nl&#038;campaign=covidetvestrasburku&#038;address=%C5%A0trasburk&#038;hotelname=H%C3%B4tel+Cour+du+Corbeau+Strasbourg+-+MGallery&#038;search=H%C3%B4tel+Cour+du+Corbeau+Strasbourg+-+MGallery&#038;category=accommodation\" target=\"_blank\" rel=\"nofollow noopener\">\n      <span class=\"lk-stay-badge badge-top\">\u2b50 TOPKEUZE<\/span>\n      <span class=\"lk-stay-badge badge-nature\">\ud83c\udfe8 Hotel<\/span>\n      <div class=\"lk-stay-name\">H\u00f4tel Cour du Corbeau Strasbourg &#8211; MGallery<\/div>\n      <div class=\"lk-stay-desc\">Een architectonisch juweeltje in een gerenoveerd historisch gebouw uit de 16e eeuw met houten galerijen, biedt een romantische sfeer aan het waterkanaal.<\/div>\n      <div class=\"lk-stay-meta\">\n        <span class=\"lk-stay-stars\">\u2605\u2605\u2605\u2605<\/span>\n        <span class=\"lk-stay-price\">Prijzen controleren<\/span>\n      <\/div>\n      <span class=\"lk-stay-cta\">\n        <svg width=\"14\" height=\"14\" viewBox=\"0 0 24 24\" fill=\"none\" stroke=\"currentColor\" stroke-width=\"2\"><path d=\"M18 13v6a2 2 0 0 1-2 2H5a2 2 0 0 1-2-2V8a2 2 0 0 1 2-2h6\"\/><polyline points=\"15 3 21 3 21 9\"\/><line x1=\"10\" y1=\"14\" x2=\"21\" y2=\"3\"\/><\/svg>\n        Beschikbaarheid controleren\n      <\/span>\n    <\/a>\n\n    <a class=\"lk-stay-card\" href=\"https:\/\/www.stay22.com\/allez\/roam?aid=lukaskonecny&#038;campaign=loudavymkrokemcz&#038;campaign=nl&#038;campaign=covidetvestrasburku&#038;address=%C5%A0trasburk&#038;hotelname=H%C3%B4tel+L%C3%89ONOR+the+place+to+live&#038;search=H%C3%B4tel+L%C3%89ONOR+the+place+to+live&#038;category=accommodation\" target=\"_blank\" rel=\"nofollow noopener\">\n      <span class=\"lk-stay-badge badge-nature\">\ud83c\udfe8 Hotel<\/span>\n      <div class=\"lk-stay-name\">H\u00f4tel L\u00c9ONOR the place to live<\/div>\n      <div class=\"lk-stay-desc\">Modern design in een historisch gebouw vlakbij het Brogliepleijn met een prachtige binnenplaats om te zitten.<\/div>\n      <div class=\"lk-stay-meta\">\n        <span class=\"lk-stay-stars\">\u2605\u2605\u2605\u2605<\/span>\n        <span class=\"lk-stay-price\">Prijzen controleren<\/span>\n      <\/div>\n      <span class=\"lk-stay-cta\">\n        <svg width=\"14\" height=\"14\" viewBox=\"0 0 24 24\" fill=\"none\" stroke=\"currentColor\" stroke-width=\"2\"><path d=\"M18 13v6a2 2 0 0 1-2 2H5a2 2 0 0 1-2-2V8a2 2 0 0 1 2-2h6\"\/><polyline points=\"15 3 21 3 21 9\"\/><line x1=\"10\" y1=\"14\" x2=\"21\" y2=\"3\"\/><\/svg>\n        Beschikbaarheid controleren\n      <\/span>\n    <\/a>\n\n    <a class=\"lk-stay-card\" href=\"https:\/\/www.stay22.com\/allez\/roam?aid=lukaskonecny&#038;campaign=loudavymkrokemcz&#038;campaign=nl&#038;campaign=covidetvestrasburku&#038;address=%C5%A0trasburk&#038;hotelname=H%C3%B4tel+Gutenberg&#038;search=H%C3%B4tel+Gutenberg&#038;category=accommodation\" target=\"_blank\" rel=\"nofollow noopener\">\n      <span class=\"lk-stay-badge badge-nature\">\ud83c\udfe8 Hotel<\/span>\n      <div class=\"lk-stay-name\">H\u00f4tel Gutenberg<\/div>\n      <div class=\"lk-stay-desc\">Strategische locatie vlakbij de belangrijkste voetgangerszone, kleinere kamers die uitblinken in netheid en comfortabele bedden, zeer behulpzaam personeel.<\/div>\n      <div class=\"lk-stay-meta\">\n        <span class=\"lk-stay-stars\">\u2605\u2605\u2605\u2605<\/span>\n        <span class=\"lk-stay-price\">Prijzen controleren<\/span>\n      <\/div>\n      <span class=\"lk-stay-cta\">\n        <svg width=\"14\" height=\"14\" viewBox=\"0 0 24 24\" fill=\"none\" stroke=\"currentColor\" stroke-width=\"2\"><path d=\"M18 13v6a2 2 0 0 1-2 2H5a2 2 0 0 1-2-2V8a2 2 0 0 1 2-2h6\"\/><polyline points=\"15 3 21 3 21 9\"\/><line x1=\"10\" y1=\"14\" x2=\"21\" y2=\"3\"\/><\/svg>\n        Beschikbaarheid controleren\n      <\/span>\n    <\/a>\n\n    <a class=\"lk-stay-card\" href=\"https:\/\/www.stay22.com\/allez\/roam?aid=lukaskonecny&#038;campaign=loudavymkrokemcz&#038;campaign=nl&#038;campaign=covidetvestrasburku&#038;address=\u0161trasburk\" target=\"_blank\" rel=\"nofollow noopener\">\n      <span class=\"lk-stay-badge badge-nature\">\ud83d\udd0d Zoeken<\/span>\n      <div class=\"lk-stay-name\">Bekijk alle accommodaties in Straatsburg<\/div>\n      <div class=\"lk-stay-desc\">Ontdek alle beschikbare accommodatiemogelijkheden in Straatsburg en vind de beste optie volgens uw voorkeuren en budget.<\/div>\n      <div class=\"lk-stay-meta\">\n        <span class=\"lk-stay-stars\">\u2605\u2605\u2605\u2605<\/span>\n        <span class=\"lk-stay-price\">Prijzen vergelijken<\/span>\n      <\/div>\n      <span class=\"lk-stay-cta\">\n        <svg width=\"14\" height=\"14\" viewBox=\"0 0 24 24\" fill=\"none\" stroke=\"currentColor\" stroke-width=\"2\"><path d=\"M18 13v6a2 2 0 0 1-2 2H5a2 2 0 0 1-2-2V8a2 2 0 0 1 2-2h6\"\/><polyline points=\"15 3 21 3 21 9\"\/><line x1=\"10\" y1=\"14\" x2=\"21\" y2=\"3\"\/><\/svg>\n        Beschikbaarheid controleren\n      <\/span>\n    <\/a>\n\n  <\/div>\n\n  \n<\/div>\n\n\n\n\n<h3 class=\"wp-block-heading\"><span class=\"ez-toc-section\" id=\"10_Raad_van_Europa_en_de_wijk_van_de_instellingen\"><\/span>10. Raad van Europa en de wijk van de instellingen<span class=\"ez-toc-section-end\"><\/span><\/h3>\n\n\n\n<p class=\"wp-block-paragraph\">Het Europees Parlement is zeker niet de enige belangrijke instelling in deze stad. In de directe omgeving bevindt zich <strong>het imposante gebouw van de Raad van Europa en ook het beroemde Europees Hof voor de Rechten van de Mens<\/strong>. Deze hele moderne wijk, die zich uitstrekt rond de stille samenvloeiing van de rivieren Ill en Marne, is architecturaal buitengewoon interessant en alleen al een wandeling tussen deze glazen paleizen brengt je flink in de stemming.<\/p>\n\n\n\n<p class=\"wp-block-paragraph\">Het gebouw van het Europees Hof voor de Rechten van de Mens zelf, ontworpen door de vermaarde architect Richard Rogers, <strong>doet met zijn gewaagde vormen denken aan twee enorme stalen schepen aan de oever van de rivier<\/strong> en behoort tot de opmerkelijkste moderne bouwwerken van heel Frankrijk. Rondleidingen door deze specifieke instellingen zijn voor individuen weliswaar ingewikkelder en vereisen vaak een langdurige goedkeuring vooraf, maar alleen al de aanblik van buiten en een wandeling over de brede promenades in de omgeving is de moeite waard.<\/p>\n\n\n\n<p class=\"wp-block-paragraph\">Dit hele administratieve gebied is verrassend dicht omringd door groen en waterkanalen, zodat <strong>het contrast tussen de strenge moderne architectuur en de rustige natuur hier heel sterk is<\/strong>. Het is een geweldige plek voor een middagwandeling wanneer je even wilt uitrusten van de soms drukke historische straatjes in het centrum.<\/p>\n\n\n\n<figure data-wp-context=\"{&quot;imageId&quot;:&quot;6a9c95a0d770b&quot;}\" data-wp-interactive=\"core\/image\" data-wp-key=\"6a9c95a0d770b\" class=\"wp-block-image size-full wp-lightbox-container\"><img decoding=\"async\" width=\"1600\" height=\"2400\" data-wp-class--hide=\"state.isContentHidden\" data-wp-class--show=\"state.isContentVisible\" data-wp-init=\"callbacks.setButtonStyles\" data-wp-on--click=\"actions.showLightbox\" data-wp-on--load=\"callbacks.setButtonStyles\" data-wp-on--pointerdown=\"actions.preloadImage\" data-wp-on--pointerenter=\"actions.preloadImageWithDelay\" data-wp-on--pointerleave=\"actions.cancelPreload\" data-wp-on-window--resize=\"callbacks.setButtonStyles\" src=\"https:\/\/loudavymkrokem.cz\/wp-content\/uploads\/2026\/09\/grande-le.jpg\" alt=\"Grande \u00cele (eerste wijk op de UNESCO-lijst)\" class=\"wp-image-413208\" title=\"\" srcset=\"https:\/\/loudavymkrokem.cz\/wp-content\/uploads\/2026\/09\/grande-le.jpg 1600w, https:\/\/loudavymkrokem.cz\/wp-content\/uploads\/2026\/09\/grande-le-200x300.jpg 200w, https:\/\/loudavymkrokem.cz\/wp-content\/uploads\/2026\/09\/grande-le-700x1050.jpg 700w, https:\/\/loudavymkrokem.cz\/wp-content\/uploads\/2026\/09\/grande-le-768x1152.jpg 768w, https:\/\/loudavymkrokem.cz\/wp-content\/uploads\/2026\/09\/grande-le-1024x1536.jpg 1024w, https:\/\/loudavymkrokem.cz\/wp-content\/uploads\/2026\/09\/grande-le-1365x2048.jpg 1365w, https:\/\/loudavymkrokem.cz\/wp-content\/uploads\/2026\/09\/grande-le-696x1044.jpg 696w, https:\/\/loudavymkrokem.cz\/wp-content\/uploads\/2026\/09\/grande-le-1392x2088.jpg 1392w\" sizes=\"(max-width: 1600px) 100vw, 1600px\" \/><button\n\t\t\tclass=\"lightbox-trigger\"\n\t\t\ttype=\"button\"\n\t\t\taria-haspopup=\"dialog\"\n\t\t\tdata-wp-bind--aria-label=\"state.thisImage.triggerButtonAriaLabel\"\n\t\t\tdata-wp-init=\"callbacks.initTriggerButton\"\n\t\t\tdata-wp-on--click=\"actions.showLightbox\"\n\t\t\tdata-wp-style--right=\"state.thisImage.buttonRight\"\n\t\t\tdata-wp-style--top=\"state.thisImage.buttonTop\"\n\t\t>\n\t\t\t<svg xmlns=\"http:\/\/www.w3.org\/2000\/svg\" width=\"12\" height=\"12\" fill=\"none\" viewBox=\"0 0 12 12\">\n\t\t\t\t<path fill=\"#fff\" d=\"M2 0a2 2 0 0 0-2 2v2h1.5V2a.5.5 0 0 1 .5-.5h2V0H2Zm2 10.5H2a.5.5 0 0 1-.5-.5V8H0v2a2 2 0 0 0 2 2h2v-1.5ZM8 12v-1.5h2a.5.5 0 0 0 .5-.5V8H12v2a2 2 0 0 1-2 2H8Zm2-12a2 2 0 0 1 2 2v2h-1.5V2a.5.5 0 0 0-.5-.5H8V0h2Z\" \/>\n\t\t\t<\/svg>\n\t\t<\/button><figcaption class=\"wp-element-caption\">Foto: Alberto Belli \/ Google Maps<\/figcaption><\/figure>\n\n\n\n<h3 class=\"wp-block-heading\"><span class=\"ez-toc-section\" id=\"11_Grande_Ile_eerste_wijk_op_de_UNESCO-lijst\"><\/span>11. Grande \u00cele (eerste wijk op de UNESCO-lijst)<span class=\"ez-toc-section-end\"><\/span><\/h3>\n\n\n\n<p class=\"wp-block-paragraph\">De historische kern van Straatsburg ligt op het schitterende eiland Grande \u00cele, dat lui wordt omstroomd door twee armen van de rivier Ill. Dit eiland is een absoluut wereldunicum, want <strong>het werd in 1988 als allereerste hele stadswijk in de geschiedenis op de werelderfgoedlijst van UNESCO geplaatst<\/strong>. Geen wonder, want de concentratie van prachtige historische bezienswaardigheden op zo&#8217;n kleine ruimte is hier werkelijk uitzonderlijk.<\/p>\n\n\n\n<p class=\"wp-block-paragraph\">Tijdens een rustige wandeling over het eiland stuit je op een perfect voorbeeld van hoe de stad zich vloeiend ontwikkelde van de middeleeuwen via de renaissance tot het keurige classicisme. <strong>Huizen met ongewoon hoge, steile daken en tal van dakkapellen, die oorspronkelijk dienden om dierenhuiden te drogen en graan op te slaan<\/strong>, wisselen af met sierlijke paleizen en pittoreske verborgen pleintjes. Alles is bovendien verbonden door een netwerk van smalle geplaveide straatjes die je uitnodigen tot doelloos romantisch dwalen.<\/p>\n\n\n\n<p class=\"wp-block-paragraph\">De beste manier om het eiland te verkennen is gewoon zonder plan op pad gaan. Verdwalen kun je hier eigenlijk niet. <strong>Op elke hoek ontdek je een interessant architecturaal detail<\/strong>, een verborgen groene binnenplaats of een klein bakkerijtje dat naar versgebakken brood geurt. Het hele eiland loop je comfortabel te voet rond in \u00e9\u00e9n aangename middag.<\/p>\n\n\n\n<figure data-wp-context=\"{&quot;imageId&quot;:&quot;6a9c95a0d7b73&quot;}\" data-wp-interactive=\"core\/image\" data-wp-key=\"6a9c95a0d7b73\" class=\"wp-block-image size-full wp-lightbox-container\"><img decoding=\"async\" width=\"1440\" height=\"1080\" data-wp-class--hide=\"state.isContentHidden\" data-wp-class--show=\"state.isContentVisible\" data-wp-init=\"callbacks.setButtonStyles\" data-wp-on--click=\"actions.showLightbox\" data-wp-on--load=\"callbacks.setButtonStyles\" data-wp-on--pointerdown=\"actions.preloadImage\" data-wp-on--pointerenter=\"actions.preloadImageWithDelay\" data-wp-on--pointerleave=\"actions.cancelPreload\" data-wp-on-window--resize=\"callbacks.setButtonStyles\" src=\"https:\/\/loudavymkrokem.cz\/wp-content\/uploads\/2026\/09\/neustadt.jpg\" alt=\"Neustadt (Duitse keizerlijke wijk)\" class=\"wp-image-413212\" title=\"\" srcset=\"https:\/\/loudavymkrokem.cz\/wp-content\/uploads\/2026\/09\/neustadt.jpg 1440w, https:\/\/loudavymkrokem.cz\/wp-content\/uploads\/2026\/09\/neustadt-300x225.jpg 300w, https:\/\/loudavymkrokem.cz\/wp-content\/uploads\/2026\/09\/neustadt-700x525.jpg 700w, https:\/\/loudavymkrokem.cz\/wp-content\/uploads\/2026\/09\/neustadt-768x576.jpg 768w, https:\/\/loudavymkrokem.cz\/wp-content\/uploads\/2026\/09\/neustadt-80x60.jpg 80w, https:\/\/loudavymkrokem.cz\/wp-content\/uploads\/2026\/09\/neustadt-160x120.jpg 160w, https:\/\/loudavymkrokem.cz\/wp-content\/uploads\/2026\/09\/neustadt-696x522.jpg 696w, https:\/\/loudavymkrokem.cz\/wp-content\/uploads\/2026\/09\/neustadt-1392x1044.jpg 1392w\" sizes=\"(max-width: 1440px) 100vw, 1440px\" \/><button\n\t\t\tclass=\"lightbox-trigger\"\n\t\t\ttype=\"button\"\n\t\t\taria-haspopup=\"dialog\"\n\t\t\tdata-wp-bind--aria-label=\"state.thisImage.triggerButtonAriaLabel\"\n\t\t\tdata-wp-init=\"callbacks.initTriggerButton\"\n\t\t\tdata-wp-on--click=\"actions.showLightbox\"\n\t\t\tdata-wp-style--right=\"state.thisImage.buttonRight\"\n\t\t\tdata-wp-style--top=\"state.thisImage.buttonTop\"\n\t\t>\n\t\t\t<svg xmlns=\"http:\/\/www.w3.org\/2000\/svg\" width=\"12\" height=\"12\" fill=\"none\" viewBox=\"0 0 12 12\">\n\t\t\t\t<path fill=\"#fff\" d=\"M2 0a2 2 0 0 0-2 2v2h1.5V2a.5.5 0 0 1 .5-.5h2V0H2Zm2 10.5H2a.5.5 0 0 1-.5-.5V8H0v2a2 2 0 0 0 2 2h2v-1.5ZM8 12v-1.5h2a.5.5 0 0 0 .5-.5V8H12v2a2 2 0 0 1-2 2H8Zm2-12a2 2 0 0 1 2 2v2h-1.5V2a.5.5 0 0 0-.5-.5H8V0h2Z\" \/>\n\t\t\t<\/svg>\n\t\t<\/button><figcaption class=\"wp-element-caption\">Foto: M. E. \/ Google Maps<\/figcaption><\/figure>\n\n\n\n<h3 class=\"wp-block-heading\"><span class=\"ez-toc-section\" id=\"12_Neustadt_Duitse_keizerlijke_wijk\"><\/span>12. Neustadt (Duitse keizerlijke wijk)<span class=\"ez-toc-section-end\"><\/span><\/h3>\n\n\n\n<p class=\"wp-block-paragraph\">Nadat de stad aan het eind van de negentiende eeuw gedwongen bij het Duitse Rijk werd gevoegd, besloten de Duitsers een volstrekt nieuwe, zeer representatieve wijk te bouwen die hun toenmalige macht en onmetelijke rijkdom moest tonen. Zo ontstond Neustadt, oftewel Nieuwe stad, dat <strong>sinds 2017 een offici\u00eble uitbreiding is van de prestigieuze UNESCO-inschrijving<\/strong>. Deze wijk vormt een fascinerende tegenpool van de smalle straatjes van de oude stad.<\/p>\n\n\n\n<p class=\"wp-block-paragraph\">Je vindt hier <strong>enorme, breed uitwaaierende boulevards omzoomd door volwassen bomen, gigantische ronde pleinen en monumentale openbare gebouwen<\/strong> in een bijzondere mix van neogotiek, neorenaissance en sierlijke jugendstil. Het middelpunt van deze weelderige wijk is de Place de la R\u00e9publique met het gebouw van het Nationaal Theater en de adembenemende universiteitsbibliotheek.<\/p>\n\n\n\n<p class=\"wp-block-paragraph\">Een wandeling door deze rustige wijk <strong>illustreert perfect die veelgenoemde dubbele identiteit van Straatsburg<\/strong>, waarbij je van de typisch Franse middeleeuwen overgaat naar het schoolvoorbeeld van Duits stedenbouwkundig ontwerp van eind negentiende eeuw. Veel woonhuizen hebben hier prachtige jugendstilgevels met rijke bloemenversieringen die zeker de moeite waard zijn om met de camera in de hand nader te bekijken.<\/p>\n\n\n\n<figure data-wp-context=\"{&quot;imageId&quot;:&quot;6a9c95a0d8025&quot;}\" data-wp-interactive=\"core\/image\" data-wp-key=\"6a9c95a0d8025\" class=\"wp-block-image size-full wp-lightbox-container\"><img decoding=\"async\" width=\"1600\" height=\"1200\" data-wp-class--hide=\"state.isContentHidden\" data-wp-class--show=\"state.isContentVisible\" data-wp-init=\"callbacks.setButtonStyles\" data-wp-on--click=\"actions.showLightbox\" data-wp-on--load=\"callbacks.setButtonStyles\" data-wp-on--pointerdown=\"actions.preloadImage\" data-wp-on--pointerenter=\"actions.preloadImageWithDelay\" data-wp-on--pointerleave=\"actions.cancelPreload\" data-wp-on-window--resize=\"callbacks.setButtonStyles\" src=\"https:\/\/loudavymkrokem.cz\/wp-content\/uploads\/2026\/09\/place-kl-ber.jpg\" alt=\"Place Kl\u00e9ber\" class=\"wp-image-413217\" title=\"\" srcset=\"https:\/\/loudavymkrokem.cz\/wp-content\/uploads\/2026\/09\/place-kl-ber.jpg 1600w, https:\/\/loudavymkrokem.cz\/wp-content\/uploads\/2026\/09\/place-kl-ber-300x225.jpg 300w, https:\/\/loudavymkrokem.cz\/wp-content\/uploads\/2026\/09\/place-kl-ber-700x525.jpg 700w, https:\/\/loudavymkrokem.cz\/wp-content\/uploads\/2026\/09\/place-kl-ber-768x576.jpg 768w, https:\/\/loudavymkrokem.cz\/wp-content\/uploads\/2026\/09\/place-kl-ber-1536x1152.jpg 1536w, https:\/\/loudavymkrokem.cz\/wp-content\/uploads\/2026\/09\/place-kl-ber-80x60.jpg 80w, https:\/\/loudavymkrokem.cz\/wp-content\/uploads\/2026\/09\/place-kl-ber-160x120.jpg 160w, https:\/\/loudavymkrokem.cz\/wp-content\/uploads\/2026\/09\/place-kl-ber-696x522.jpg 696w, https:\/\/loudavymkrokem.cz\/wp-content\/uploads\/2026\/09\/place-kl-ber-1392x1044.jpg 1392w\" sizes=\"(max-width: 1600px) 100vw, 1600px\" \/><button\n\t\t\tclass=\"lightbox-trigger\"\n\t\t\ttype=\"button\"\n\t\t\taria-haspopup=\"dialog\"\n\t\t\tdata-wp-bind--aria-label=\"state.thisImage.triggerButtonAriaLabel\"\n\t\t\tdata-wp-init=\"callbacks.initTriggerButton\"\n\t\t\tdata-wp-on--click=\"actions.showLightbox\"\n\t\t\tdata-wp-style--right=\"state.thisImage.buttonRight\"\n\t\t\tdata-wp-style--top=\"state.thisImage.buttonTop\"\n\t\t>\n\t\t\t<svg xmlns=\"http:\/\/www.w3.org\/2000\/svg\" width=\"12\" height=\"12\" fill=\"none\" viewBox=\"0 0 12 12\">\n\t\t\t\t<path fill=\"#fff\" d=\"M2 0a2 2 0 0 0-2 2v2h1.5V2a.5.5 0 0 1 .5-.5h2V0H2Zm2 10.5H2a.5.5 0 0 1-.5-.5V8H0v2a2 2 0 0 0 2 2h2v-1.5ZM8 12v-1.5h2a.5.5 0 0 0 .5-.5V8H12v2a2 2 0 0 1-2 2H8Zm2-12a2 2 0 0 1 2 2v2h-1.5V2a.5.5 0 0 0-.5-.5H8V0h2Z\" \/>\n\t\t\t<\/svg>\n\t\t<\/button><figcaption class=\"wp-element-caption\">Foto: Curzio Pinnelli \/ Google Maps<\/figcaption><\/figure>\n\n\n\n<h3 class=\"wp-block-heading\"><span class=\"ez-toc-section\" id=\"13_Place_Kleber\"><\/span>13. Place Kl\u00e9ber<span class=\"ez-toc-section-end\"><\/span><\/h3>\n\n\n\n<p class=\"wp-block-paragraph\">Het belangrijkste en qua oppervlakte grootste plein in het hele stadscentrum is de Place Kl\u00e9ber, dat trouw dienstdoet als natuurlijke ontmoetingsplek voor alle inwoners. De hele enorme ruimte functioneert als <strong>een uitgestrekte voetgangerszone omringd door mooie historische gebouwen<\/strong>, waarin tegenwoordig winkels van luxe wereldmerken, ruime caf\u00e9s en gerenommeerde restaurants gevestigd zijn. Het plein is vernoemd naar de beroemde generaal Jean-Baptiste Kl\u00e9ber, wiens bronzen standbeeld pal in het midden staat en onder wie zelfs zijn werkelijke stoffelijke resten begraven liggen.<\/p>\n\n\n\n<p class=\"wp-block-paragraph\">Dit plein bruist het hele jaar door van het leven. De inwoners komen hier winkelen, neerstrijken bij een middagkoffie of allerlei straatartiesten bekijken. <strong>Het mooiste gebouw op het plein is ongetwijfeld de Aubette<\/strong>, een classicistisch paleis uit de achttiende eeuw dat vroeger als militaire wachtpost diende en tegenwoordig een winkelgalerij en historische zalen met unieke avant-gardistische versieringen uit de jaren twintig van de twintigste eeuw herbergt.<\/p>\n\n\n\n<p class=\"wp-block-paragraph\">In de adventstijd verandert het plein op magische wijze in het absolute centrum van het gebeuren, want juist <strong>hier wordt met veel eer en glorie de enorme, prachtig versierde kerstboom opgericht<\/strong>, die een van de grootste symbolen van de hele stad is. Maar ook buiten de advent geniet je hier volop van de geweldige sfeer van een bruisende, moderne Europese stad.<\/p>\n\n\n\n<figure data-wp-context=\"{&quot;imageId&quot;:&quot;6a9c95a0d8523&quot;}\" data-wp-interactive=\"core\/image\" data-wp-key=\"6a9c95a0d8523\" class=\"wp-block-image size-full wp-lightbox-container\"><img decoding=\"async\" width=\"1600\" height=\"1200\" data-wp-class--hide=\"state.isContentHidden\" data-wp-class--show=\"state.isContentVisible\" data-wp-init=\"callbacks.setButtonStyles\" data-wp-on--click=\"actions.showLightbox\" data-wp-on--load=\"callbacks.setButtonStyles\" data-wp-on--pointerdown=\"actions.preloadImage\" data-wp-on--pointerenter=\"actions.preloadImageWithDelay\" data-wp-on--pointerleave=\"actions.cancelPreload\" data-wp-on-window--resize=\"callbacks.setButtonStyles\" src=\"https:\/\/loudavymkrokem.cz\/wp-content\/uploads\/2026\/09\/parc-de-l-orangerie.jpg\" alt=\"Parc de l&#039;Orangerie\" class=\"wp-image-413221\" title=\"\" srcset=\"https:\/\/loudavymkrokem.cz\/wp-content\/uploads\/2026\/09\/parc-de-l-orangerie.jpg 1600w, https:\/\/loudavymkrokem.cz\/wp-content\/uploads\/2026\/09\/parc-de-l-orangerie-300x225.jpg 300w, https:\/\/loudavymkrokem.cz\/wp-content\/uploads\/2026\/09\/parc-de-l-orangerie-700x525.jpg 700w, https:\/\/loudavymkrokem.cz\/wp-content\/uploads\/2026\/09\/parc-de-l-orangerie-768x576.jpg 768w, https:\/\/loudavymkrokem.cz\/wp-content\/uploads\/2026\/09\/parc-de-l-orangerie-1536x1152.jpg 1536w, https:\/\/loudavymkrokem.cz\/wp-content\/uploads\/2026\/09\/parc-de-l-orangerie-80x60.jpg 80w, https:\/\/loudavymkrokem.cz\/wp-content\/uploads\/2026\/09\/parc-de-l-orangerie-160x120.jpg 160w, https:\/\/loudavymkrokem.cz\/wp-content\/uploads\/2026\/09\/parc-de-l-orangerie-696x522.jpg 696w, https:\/\/loudavymkrokem.cz\/wp-content\/uploads\/2026\/09\/parc-de-l-orangerie-1392x1044.jpg 1392w\" sizes=\"(max-width: 1600px) 100vw, 1600px\" \/><button\n\t\t\tclass=\"lightbox-trigger\"\n\t\t\ttype=\"button\"\n\t\t\taria-haspopup=\"dialog\"\n\t\t\tdata-wp-bind--aria-label=\"state.thisImage.triggerButtonAriaLabel\"\n\t\t\tdata-wp-init=\"callbacks.initTriggerButton\"\n\t\t\tdata-wp-on--click=\"actions.showLightbox\"\n\t\t\tdata-wp-style--right=\"state.thisImage.buttonRight\"\n\t\t\tdata-wp-style--top=\"state.thisImage.buttonTop\"\n\t\t>\n\t\t\t<svg xmlns=\"http:\/\/www.w3.org\/2000\/svg\" width=\"12\" height=\"12\" fill=\"none\" viewBox=\"0 0 12 12\">\n\t\t\t\t<path fill=\"#fff\" d=\"M2 0a2 2 0 0 0-2 2v2h1.5V2a.5.5 0 0 1 .5-.5h2V0H2Zm2 10.5H2a.5.5 0 0 1-.5-.5V8H0v2a2 2 0 0 0 2 2h2v-1.5ZM8 12v-1.5h2a.5.5 0 0 0 .5-.5V8H12v2a2 2 0 0 1-2 2H8Zm2-12a2 2 0 0 1 2 2v2h-1.5V2a.5.5 0 0 0-.5-.5H8V0h2Z\" \/>\n\t\t\t<\/svg>\n\t\t<\/button><figcaption class=\"wp-element-caption\">Foto: dante coccia \/ Google Maps<\/figcaption><\/figure>\n\n\n\n<h3 class=\"wp-block-heading\"><span class=\"ez-toc-section\" id=\"14_Parc_de_lOrangerie\"><\/span>14. Parc de l&#8217;Orangerie<span class=\"ez-toc-section-end\"><\/span><\/h3>\n\n\n\n<p class=\"wp-block-paragraph\">Wil je even uitrusten van het lawaai van de grote stad en nieuwe energie opdoen in de natuur, ga dan naar het Parc de l&#8217;Orangerie. Dit betoverende park uit de zeventiende eeuw is <strong>het grootste en tevens oudste park van de stad<\/strong> en ligt vlak bij de moderne Europese wijk. Oorspronkelijk kweekten ze hier zeldzame sinaasappelbomen. Wie had gedacht dat daar ooit het grootste park van de stad uit zou groeien.<\/p>\n\n\n\n<p class=\"wp-block-paragraph\">Vandaag is het een enorme, zorgvuldig onderhouden oase van groen met een uitgestrekt meer, waar je <strong>in de warme zomermaanden een bootje kunt huren en over het rustige water kunt varen<\/strong>. Het park is doorweven met een dicht netwerk van brede zandpaden, je stuit er op mooie bloemenperken, klaterende fonteinen en zelfs een kleine dierentuin. In het paviljoen midden in het park bevindt zich bovendien een luxe restaurant met een mooi terras voor een feestelijke lunch.<\/p>\n\n\n\n<p class=\"wp-block-paragraph\">\ud83d\udca1 Tip: het park is ook de thuisbasis van een enorm aantal wilde ooievaars, die het dierlijke symbool van de hele Elzas zijn. <strong>Je kunt ze hier vrij bekijken terwijl ze hun enorme nesten bouwen hoog in de kruinen van volwassen bomen<\/strong>, een belevenis die gegarandeerd niet alleen kleine kinderen, maar ook volwassen bezoekers in vervoering brengt.<\/p>\n\n\n\n<figure data-wp-context=\"{&quot;imageId&quot;:&quot;6a9c95a0d8ab2&quot;}\" data-wp-interactive=\"core\/image\" data-wp-key=\"6a9c95a0d8ab2\" class=\"wp-block-image size-full wp-lightbox-container\"><img decoding=\"async\" width=\"1600\" height=\"1183\" data-wp-class--hide=\"state.isContentHidden\" data-wp-class--show=\"state.isContentVisible\" data-wp-init=\"callbacks.setButtonStyles\" data-wp-on--click=\"actions.showLightbox\" data-wp-on--load=\"callbacks.setButtonStyles\" data-wp-on--pointerdown=\"actions.preloadImage\" data-wp-on--pointerenter=\"actions.preloadImageWithDelay\" data-wp-on--pointerleave=\"actions.cancelPreload\" data-wp-on-window--resize=\"callbacks.setButtonStyles\" src=\"https:\/\/loudavymkrokem.cz\/wp-content\/uploads\/2026\/09\/parc-de-l-toile.jpg\" alt=\"Parc de l&#039;\u00c9toile\" class=\"wp-image-413224\" title=\"\" srcset=\"https:\/\/loudavymkrokem.cz\/wp-content\/uploads\/2026\/09\/parc-de-l-toile.jpg 1600w, https:\/\/loudavymkrokem.cz\/wp-content\/uploads\/2026\/09\/parc-de-l-toile-300x222.jpg 300w, https:\/\/loudavymkrokem.cz\/wp-content\/uploads\/2026\/09\/parc-de-l-toile-700x518.jpg 700w, https:\/\/loudavymkrokem.cz\/wp-content\/uploads\/2026\/09\/parc-de-l-toile-768x568.jpg 768w, https:\/\/loudavymkrokem.cz\/wp-content\/uploads\/2026\/09\/parc-de-l-toile-1536x1136.jpg 1536w, https:\/\/loudavymkrokem.cz\/wp-content\/uploads\/2026\/09\/parc-de-l-toile-80x60.jpg 80w, https:\/\/loudavymkrokem.cz\/wp-content\/uploads\/2026\/09\/parc-de-l-toile-696x515.jpg 696w, https:\/\/loudavymkrokem.cz\/wp-content\/uploads\/2026\/09\/parc-de-l-toile-1392x1029.jpg 1392w\" sizes=\"(max-width: 1600px) 100vw, 1600px\" \/><button\n\t\t\tclass=\"lightbox-trigger\"\n\t\t\ttype=\"button\"\n\t\t\taria-haspopup=\"dialog\"\n\t\t\tdata-wp-bind--aria-label=\"state.thisImage.triggerButtonAriaLabel\"\n\t\t\tdata-wp-init=\"callbacks.initTriggerButton\"\n\t\t\tdata-wp-on--click=\"actions.showLightbox\"\n\t\t\tdata-wp-style--right=\"state.thisImage.buttonRight\"\n\t\t\tdata-wp-style--top=\"state.thisImage.buttonTop\"\n\t\t>\n\t\t\t<svg xmlns=\"http:\/\/www.w3.org\/2000\/svg\" width=\"12\" height=\"12\" fill=\"none\" viewBox=\"0 0 12 12\">\n\t\t\t\t<path fill=\"#fff\" d=\"M2 0a2 2 0 0 0-2 2v2h1.5V2a.5.5 0 0 1 .5-.5h2V0H2Zm2 10.5H2a.5.5 0 0 1-.5-.5V8H0v2a2 2 0 0 0 2 2h2v-1.5ZM8 12v-1.5h2a.5.5 0 0 0 .5-.5V8H12v2a2 2 0 0 1-2 2H8Zm2-12a2 2 0 0 1 2 2v2h-1.5V2a.5.5 0 0 0-.5-.5H8V0h2Z\" \/>\n\t\t\t<\/svg>\n\t\t<\/button><figcaption class=\"wp-element-caption\">Foto: Zulfikar CEKIC \/ Google Maps<\/figcaption><\/figure>\n\n\n\n<h3 class=\"wp-block-heading\"><span class=\"ez-toc-section\" id=\"15_Parc_de_lEtoile\"><\/span>15. Parc de l&#8217;\u00c9toile<span class=\"ez-toc-section-end\"><\/span><\/h3>\n\n\n\n<p class=\"wp-block-paragraph\">Nog een heel interessante groene ruimte die zeker een bezoek waard is, is het Parc de l&#8217;\u00c9toile. In tegenstelling tot de klassieke en streng symmetrische Franse stijl van het Parc de l&#8217;Orangerie is deze ruimte veel losser en moderner opgezet. <strong>Je vindt er uitgestrekte grasheuvels, houten loopbruggen en brede paden langs waterkanalen<\/strong>, wat het tot een enorm geliefde plek maakt voor picknicks en middagontspanning van studenten van de nabijgelegen universiteit.<\/p>\n\n\n\n<p class=\"wp-block-paragraph\">Een van de belangrijkste artistieke bezienswaardigheden van dit park is <strong>het bronzen standbeeld van Mahatma Gandhi<\/strong>, dat de stad officieel door de Indiase regering werd geschonken als blijvend symbool van vrede en geweldloosheid. Het park functioneert als een fijne groene schakel tussen het historische stadscentrum en de modernere zuidelijke wijken, en dankzij de vele verspreide bankjes biedt het een heel prettige rustplek.<\/p>\n\n\n\n<p class=\"wp-block-paragraph\">De hele ruimte is ook heel geliefd bij lokale fietsers en hardlopers, want je kunt vanaf hier vloeiend aansluiten op het uitgebreide netwerk van verzorgde fietspaden die langs de waterkanalen tot ver buiten de stad leiden. <strong>Als je van plan bent in de stad een fiets te huren, raad ik je zeker aan om je rit hier te beginnen<\/strong>.<\/p>\n\n\n\n<figure data-wp-context=\"{&quot;imageId&quot;:&quot;6a9c95a0d91c8&quot;}\" data-wp-interactive=\"core\/image\" data-wp-key=\"6a9c95a0d91c8\" class=\"wp-block-image size-full wp-lightbox-container\"><img decoding=\"async\" width=\"1600\" height=\"1200\" data-wp-class--hide=\"state.isContentHidden\" data-wp-class--show=\"state.isContentVisible\" data-wp-init=\"callbacks.setButtonStyles\" data-wp-on--click=\"actions.showLightbox\" data-wp-on--load=\"callbacks.setButtonStyles\" data-wp-on--pointerdown=\"actions.preloadImage\" data-wp-on--pointerenter=\"actions.preloadImageWithDelay\" data-wp-on--pointerleave=\"actions.cancelPreload\" data-wp-on-window--resize=\"callbacks.setButtonStyles\" src=\"https:\/\/loudavymkrokem.cz\/wp-content\/uploads\/2026\/09\/palais-rohan.jpg\" alt=\"Palais Rohan\" class=\"wp-image-413228\" title=\"\" srcset=\"https:\/\/loudavymkrokem.cz\/wp-content\/uploads\/2026\/09\/palais-rohan.jpg 1600w, https:\/\/loudavymkrokem.cz\/wp-content\/uploads\/2026\/09\/palais-rohan-300x225.jpg 300w, https:\/\/loudavymkrokem.cz\/wp-content\/uploads\/2026\/09\/palais-rohan-700x525.jpg 700w, https:\/\/loudavymkrokem.cz\/wp-content\/uploads\/2026\/09\/palais-rohan-768x576.jpg 768w, https:\/\/loudavymkrokem.cz\/wp-content\/uploads\/2026\/09\/palais-rohan-1536x1152.jpg 1536w, https:\/\/loudavymkrokem.cz\/wp-content\/uploads\/2026\/09\/palais-rohan-80x60.jpg 80w, https:\/\/loudavymkrokem.cz\/wp-content\/uploads\/2026\/09\/palais-rohan-160x120.jpg 160w, https:\/\/loudavymkrokem.cz\/wp-content\/uploads\/2026\/09\/palais-rohan-696x522.jpg 696w, https:\/\/loudavymkrokem.cz\/wp-content\/uploads\/2026\/09\/palais-rohan-1392x1044.jpg 1392w\" sizes=\"(max-width: 1600px) 100vw, 1600px\" \/><button\n\t\t\tclass=\"lightbox-trigger\"\n\t\t\ttype=\"button\"\n\t\t\taria-haspopup=\"dialog\"\n\t\t\tdata-wp-bind--aria-label=\"state.thisImage.triggerButtonAriaLabel\"\n\t\t\tdata-wp-init=\"callbacks.initTriggerButton\"\n\t\t\tdata-wp-on--click=\"actions.showLightbox\"\n\t\t\tdata-wp-style--right=\"state.thisImage.buttonRight\"\n\t\t\tdata-wp-style--top=\"state.thisImage.buttonTop\"\n\t\t>\n\t\t\t<svg xmlns=\"http:\/\/www.w3.org\/2000\/svg\" width=\"12\" height=\"12\" fill=\"none\" viewBox=\"0 0 12 12\">\n\t\t\t\t<path fill=\"#fff\" d=\"M2 0a2 2 0 0 0-2 2v2h1.5V2a.5.5 0 0 1 .5-.5h2V0H2Zm2 10.5H2a.5.5 0 0 1-.5-.5V8H0v2a2 2 0 0 0 2 2h2v-1.5ZM8 12v-1.5h2a.5.5 0 0 0 .5-.5V8H12v2a2 2 0 0 1-2 2H8Zm2-12a2 2 0 0 1 2 2v2h-1.5V2a.5.5 0 0 0-.5-.5H8V0h2Z\" \/>\n\t\t\t<\/svg>\n\t\t<\/button><figcaption class=\"wp-element-caption\">Foto: Kent Wang \/ Google Maps<\/figcaption><\/figure>\n\n\n\n<h3 class=\"wp-block-heading\"><span class=\"ez-toc-section\" id=\"16_Palais_Rohan\"><\/span>16. Palais Rohan<span class=\"ez-toc-section-end\"><\/span><\/h3>\n\n\n\n<p class=\"wp-block-paragraph\">Op een steenworp van de hoofdkathedraal verrijst majestueus het <a href=\"https:\/\/en.musees.strasbourg.eu\/palais-rohan\" target=\"_blank\" rel=\"nofollow noopener\">Palais Rohan<\/a>, een schitterend en uitgestrekt barokpaleis uit de achttiende eeuw dat ooit diende als weelderige residentie van de Straatsburgse bisschoppen uit het zeer invloedrijke geslacht Rohan. <strong>Dit indrukwekkende bouwwerk wordt vanwege zijn schoonheid vaak vergeleken met de Parijse paleizen<\/strong> en zijn noble gevel, weerspiegeld in het water van de Ill, behoort tot de allermooiste aanblikken van de stad.<\/p>\n\n\n\n<p class=\"wp-block-paragraph\">Vandaag herbergt dit enorme paleis maar liefst drie belangrijke stadsmusea, dus alle liefhebbers van kunst en diepe geschiedenis komen hier gegarandeerd aan hun trekken. <strong>Op de begane grond zetelt het Museum voor Decoratieve Kunst met prachtig bewaarde originele bisschoppelijke vertrekken<\/strong>, in het souterrain vind je het uitgebreide Archeologisch Museum en op de eerste verdieping het Museum voor Beeldende Kunst met een indrukwekkende collectie klassieke Europese schilderkunst.<\/p>\n\n\n\n<p class=\"wp-block-paragraph\">Ook al ben je niet echt een grote fan van lange en veeleisende museumbezoeken, ga in ieder geval even naar de centrale binnenplaats kijken; de toegang is gratis en de gevel is het waard. Je kunt hier rustig de perfecte symmetrie en de ongelooflijke rijkdom aan versieringen van de klassieke Franse paleisarchitectuur bewonderen.<\/p>\n\n\n\n<figure data-wp-context=\"{&quot;imageId&quot;:&quot;6a9c95a0d99af&quot;}\" data-wp-interactive=\"core\/image\" data-wp-key=\"6a9c95a0d99af\" class=\"wp-block-image size-full wp-lightbox-container\"><img decoding=\"async\" width=\"1600\" height=\"1105\" data-wp-class--hide=\"state.isContentHidden\" data-wp-class--show=\"state.isContentVisible\" data-wp-init=\"callbacks.setButtonStyles\" data-wp-on--click=\"actions.showLightbox\" data-wp-on--load=\"callbacks.setButtonStyles\" data-wp-on--pointerdown=\"actions.preloadImage\" data-wp-on--pointerenter=\"actions.preloadImageWithDelay\" data-wp-on--pointerleave=\"actions.cancelPreload\" data-wp-on-window--resize=\"callbacks.setButtonStyles\" src=\"https:\/\/loudavymkrokem.cz\/wp-content\/uploads\/2026\/09\/strasbourg-museum-of-modern-and-contemporary-art.jpg\" alt=\"Strasbourg Museum of Modern and Contemporary Art (MAMCS)\" class=\"wp-image-413231\" title=\"\" srcset=\"https:\/\/loudavymkrokem.cz\/wp-content\/uploads\/2026\/09\/strasbourg-museum-of-modern-and-contemporary-art.jpg 1600w, https:\/\/loudavymkrokem.cz\/wp-content\/uploads\/2026\/09\/strasbourg-museum-of-modern-and-contemporary-art-300x207.jpg 300w, https:\/\/loudavymkrokem.cz\/wp-content\/uploads\/2026\/09\/strasbourg-museum-of-modern-and-contemporary-art-700x483.jpg 700w, https:\/\/loudavymkrokem.cz\/wp-content\/uploads\/2026\/09\/strasbourg-museum-of-modern-and-contemporary-art-768x530.jpg 768w, https:\/\/loudavymkrokem.cz\/wp-content\/uploads\/2026\/09\/strasbourg-museum-of-modern-and-contemporary-art-1536x1061.jpg 1536w, https:\/\/loudavymkrokem.cz\/wp-content\/uploads\/2026\/09\/strasbourg-museum-of-modern-and-contemporary-art-696x481.jpg 696w, https:\/\/loudavymkrokem.cz\/wp-content\/uploads\/2026\/09\/strasbourg-museum-of-modern-and-contemporary-art-1392x961.jpg 1392w\" sizes=\"(max-width: 1600px) 100vw, 1600px\" \/><button\n\t\t\tclass=\"lightbox-trigger\"\n\t\t\ttype=\"button\"\n\t\t\taria-haspopup=\"dialog\"\n\t\t\tdata-wp-bind--aria-label=\"state.thisImage.triggerButtonAriaLabel\"\n\t\t\tdata-wp-init=\"callbacks.initTriggerButton\"\n\t\t\tdata-wp-on--click=\"actions.showLightbox\"\n\t\t\tdata-wp-style--right=\"state.thisImage.buttonRight\"\n\t\t\tdata-wp-style--top=\"state.thisImage.buttonTop\"\n\t\t>\n\t\t\t<svg xmlns=\"http:\/\/www.w3.org\/2000\/svg\" width=\"12\" height=\"12\" fill=\"none\" viewBox=\"0 0 12 12\">\n\t\t\t\t<path fill=\"#fff\" d=\"M2 0a2 2 0 0 0-2 2v2h1.5V2a.5.5 0 0 1 .5-.5h2V0H2Zm2 10.5H2a.5.5 0 0 1-.5-.5V8H0v2a2 2 0 0 0 2 2h2v-1.5ZM8 12v-1.5h2a.5.5 0 0 0 .5-.5V8H12v2a2 2 0 0 1-2 2H8Zm2-12a2 2 0 0 1 2 2v2h-1.5V2a.5.5 0 0 0-.5-.5H8V0h2Z\" \/>\n\t\t\t<\/svg>\n\t\t<\/button><figcaption class=\"wp-element-caption\">Foto: Mus\u00e9e d&#8217;Art Moderne et Contemporain de Strasbourg \/ Google Maps<\/figcaption><\/figure>\n\n\n\n<h3 class=\"wp-block-heading\"><span class=\"ez-toc-section\" id=\"17_Strasbourg_Museum_of_Modern_and_Contemporary_Art_MAMCS\"><\/span>17. Strasbourg Museum of Modern and Contemporary Art (MAMCS)<span class=\"ez-toc-section-end\"><\/span><\/h3>\n\n\n\n<p class=\"wp-block-paragraph\">Voor alle liefhebbers van wat modernere kunst is een bezoek aan het Museum voor Moderne en Hedendaagse Kunst, dat de lokale bewoners kortweg <a href=\"https:\/\/en.musees.strasbourg.eu\/mamcs\" target=\"_blank\" rel=\"nofollow noopener\">MAMCS<\/a> noemen, een absolute must. Het gebouw van dit museum zelf is al een grote architecturale belevenis. <strong>Het gaat om een enorm glazen bouwwerk dat pal aan de oever van de rivier ligt<\/strong> en een fantastisch en heel fotogeniek visueel contrast vormt met het nabijgelegen historische Petite France.<\/p>\n\n\n\n<p class=\"wp-block-paragraph\">Binnen wachten je werkelijk uitgebreide kunstcollecties van eind negentiende eeuw tot het heden, <strong>inclusief een zeer rijke collectie moderne fotografie en grafiek<\/strong>. Je vindt hier werken van beroemde meesters als Kandinsky, Picasso en Monet, maar er is ook royaal ruimte voor hedendaagse ruimtelijke installaties en veelbelovende lokale Elzasser kunstenaars.<\/p>\n\n\n\n<p class=\"wp-block-paragraph\">\ud83d\udca1 Tip: laat na een lang bezoek aan de exposities zeker het museumcaf\u00e9 niet links liggen, dat zich op een open dakterras bevindt. <strong>Vanaf hier heb je een van de mooiste en onder toeristen minst bekende uitzichten op het historische centrum en de torens van de Ponts Couverts<\/strong>, bovendien in alle rust, ver van de grote toeristenmassa&#8217;s in de straten onder je.<\/p>\n\n\n\n<figure data-wp-context=\"{&quot;imageId&quot;:&quot;6a9c95a0da0d6&quot;}\" data-wp-interactive=\"core\/image\" data-wp-key=\"6a9c95a0da0d6\" class=\"wp-block-image size-full wp-lightbox-container\"><img decoding=\"async\" width=\"1600\" height=\"1066\" data-wp-class--hide=\"state.isContentHidden\" data-wp-class--show=\"state.isContentVisible\" data-wp-init=\"callbacks.setButtonStyles\" data-wp-on--click=\"actions.showLightbox\" data-wp-on--load=\"callbacks.setButtonStyles\" data-wp-on--pointerdown=\"actions.preloadImage\" data-wp-on--pointerenter=\"actions.preloadImageWithDelay\" data-wp-on--pointerleave=\"actions.cancelPreload\" data-wp-on-window--resize=\"callbacks.setButtonStyles\" src=\"https:\/\/loudavymkrokem.cz\/wp-content\/uploads\/2026\/09\/mus-e-alsacien.jpg\" alt=\"Mus\u00e9e Alsacien\" class=\"wp-image-413235\" title=\"\" srcset=\"https:\/\/loudavymkrokem.cz\/wp-content\/uploads\/2026\/09\/mus-e-alsacien.jpg 1600w, https:\/\/loudavymkrokem.cz\/wp-content\/uploads\/2026\/09\/mus-e-alsacien-300x200.jpg 300w, https:\/\/loudavymkrokem.cz\/wp-content\/uploads\/2026\/09\/mus-e-alsacien-700x466.jpg 700w, https:\/\/loudavymkrokem.cz\/wp-content\/uploads\/2026\/09\/mus-e-alsacien-768x512.jpg 768w, https:\/\/loudavymkrokem.cz\/wp-content\/uploads\/2026\/09\/mus-e-alsacien-1536x1023.jpg 1536w, https:\/\/loudavymkrokem.cz\/wp-content\/uploads\/2026\/09\/mus-e-alsacien-696x464.jpg 696w, https:\/\/loudavymkrokem.cz\/wp-content\/uploads\/2026\/09\/mus-e-alsacien-1392x927.jpg 1392w\" sizes=\"(max-width: 1600px) 100vw, 1600px\" \/><button\n\t\t\tclass=\"lightbox-trigger\"\n\t\t\ttype=\"button\"\n\t\t\taria-haspopup=\"dialog\"\n\t\t\tdata-wp-bind--aria-label=\"state.thisImage.triggerButtonAriaLabel\"\n\t\t\tdata-wp-init=\"callbacks.initTriggerButton\"\n\t\t\tdata-wp-on--click=\"actions.showLightbox\"\n\t\t\tdata-wp-style--right=\"state.thisImage.buttonRight\"\n\t\t\tdata-wp-style--top=\"state.thisImage.buttonTop\"\n\t\t>\n\t\t\t<svg xmlns=\"http:\/\/www.w3.org\/2000\/svg\" width=\"12\" height=\"12\" fill=\"none\" viewBox=\"0 0 12 12\">\n\t\t\t\t<path fill=\"#fff\" d=\"M2 0a2 2 0 0 0-2 2v2h1.5V2a.5.5 0 0 1 .5-.5h2V0H2Zm2 10.5H2a.5.5 0 0 1-.5-.5V8H0v2a2 2 0 0 0 2 2h2v-1.5ZM8 12v-1.5h2a.5.5 0 0 0 .5-.5V8H12v2a2 2 0 0 1-2 2H8Zm2-12a2 2 0 0 1 2 2v2h-1.5V2a.5.5 0 0 0-.5-.5H8V0h2Z\" \/>\n\t\t\t<\/svg>\n\t\t<\/button><figcaption class=\"wp-element-caption\">Foto: Bertrand Strasbourg \/ Google Maps<\/figcaption><\/figure>\n\n\n\n<h3 class=\"wp-block-heading\"><span class=\"ez-toc-section\" id=\"18_Musee_Alsacien\"><\/span>18. Mus\u00e9e Alsacien<span class=\"ez-toc-section-end\"><\/span><\/h3>\n\n\n\n<p class=\"wp-block-paragraph\">Wil je echt diep doordringen tot de ziel van deze regio, bezoek dan eerst het <a href=\"https:\/\/en.musees.strasbourg.eu\/alsatian-museum\" target=\"_blank\" rel=\"nofollow noopener\">Mus\u00e9e Alsacien<\/a>. Het bevindt zich in een aantal onderling verbonden historische vakwerkhuizen en <strong>brengt op prachtige wijze het traditionele Elzasser volksleven, plattelandsgebruiken en oude ambachten in kaart<\/strong>. Alles is ingebed in een volstrekt authentieke en licht labyrintische historische omgeving vol krakende houten trappen.<\/p>\n\n\n\n<p class=\"wp-block-paragraph\">Je krijgt daardoor een geweldig kader voor wat je vervolgens in de straten ziet, en je begrijpt beter hoe de mensen hier eigenlijk leefden. Je ontdekt welke ambachten in de streek domineerden, ziet typische klederdrachten en meteen krijgt de omringende architectuur nog meer betekenis.<\/p>\n\n\n\n<h2 class=\"wp-block-heading\"><span class=\"ez-toc-section\" id=\"Waar_ga_je_verder_vanuit_Straatsburg\"><\/span>Waar ga je verder vanuit Straatsburg<span class=\"ez-toc-section-end\"><\/span><\/h2>\n\n\n\n<p class=\"wp-block-paragraph\">Straatsburg fungeert als <strong>de absoluut ideale uitvalsbasis om de hele Elzas te verkennen<\/strong>. Binnen nog geen uur rijden kom je in sprookjesachtige dorpjes die eruitzien als decors uit een historische film. Heb je een auto tot je beschikking, <strong>mis dan zeker niet onze route in het artikel <a href=\"https:\/\/loudavymkrokem.cz\/nl\/elzas-frankrijk-mooiste-dorpen\/\">Elzasser Wijnroute: de 12 mooiste dorpen<\/a><\/strong>, waarin we de haltes onderweg door plaatsjes als Riquewihr en Kaysersberg gedetailleerd beschrijven.<\/p>\n\n\n\n<p class=\"wp-block-paragraph\">Een apart bezoek is zeker de hoofdstad van de Elzasser wijn waard, waarover we uitweidden in de gids <a href=\"https:\/\/loudavymkrokem.cz\/nl\/colmar-frankrijk-bezienswaardigheden\/\">Colmar, Frankrijk<\/a>. Het is een kleinere en nog wat compactere versie van Straatsburg met de betoverende wijk genaamd Klein Veneti\u00eb.<\/p>\n\n\n\n<p class=\"wp-block-paragraph\">Als je verdere inspiratie zoekt voor uitstapjes in de omgeving, kom je op kaarten misschien het \u00c9comus\u00e9e d&#8217;Alsace of het militaire museum MM Park tegen, maar laat je niet misleiden. Het \u00c9comus\u00e9e ligt in Ungersheim, zo&#8217;n zestig kilometer van de stad, en MM Park vind je in het dorp La Wantzenau, dus <strong>beide plekken vragen eerder om een halve- tot heledagtrip met de auto<\/strong> en liggen zeker niet op loopafstand van het stadscentrum.<\/p>\n\n\n\n<p class=\"wp-block-paragraph\">Ben je van plan het land van kaas en wijn breder te verkennen, bekijk dan onze <a href=\"https:\/\/loudavymkrokem.cz\/nl\/frankrijk-roadtrip-14-dagen\/\">Roadtrip door Frankrijk: reisplan voor 14 dagen<\/a>, waar je een hoop praktische tips voor lange verplaatsingen vindt. En mocht je toch besluiten om aan het eind van het jaar op pad te gaan, vergeet dan niet een blik te werpen in onze special <a href=\"https:\/\/loudavymkrokem.cz\/nl\/kerstmarkt-straatsburg-frankrijk\/\">Kerstmarkt Straatsburg<\/a>.<\/p>\n\n\n\n<h2 class=\"wp-block-heading\"><span class=\"ez-toc-section\" id=\"Veelgestelde_vragen\"><\/span>Veelgestelde vragen<span class=\"ez-toc-section-end\"><\/span><\/h2>\n\n\n<div id=\"rank-math-faq\" class=\"rank-math-block\">\n<div class=\"rank-math-list \">\n<div id=\"faq-question-1788283122000\" class=\"rank-math-list-item\">\n<h3 class=\"rank-math-question \"><span class=\"ez-toc-section\" id=\"Wanneer_vinden_de_kerstmarkten_plaats_in_2026\"><\/span>Wanneer vinden de kerstmarkten plaats in 2026?<span class=\"ez-toc-section-end\"><\/span><\/h3>\n<div class=\"rank-math-answer \">\n\n<p>In 2026 vinden de beroemde adventsmarkten plaats van vrijdag 27 november tot en met zondag 27 december. Ze zijn verspreid over elf verschillende locaties in de hele historische wijk Grande \u00cele, waarbij de bekendste en grootste te vinden zijn op Place Broglie en op het hoofdplein Place Kl\u00e9ber.<\/p>\n\n<\/div>\n<\/div>\n<div id=\"faq-question-1788283122001\" class=\"rank-math-list-item\">\n<h3 class=\"rank-math-question \"><span class=\"ez-toc-section\" id=\"Hoe_werkt_het_Park_and_Ride-systeem\"><\/span>Hoe werkt het Park and Ride-systeem?<span class=\"ez-toc-section-end\"><\/span><\/h3>\n<div class=\"rank-math-answer \">\n\n<p>Dit is verreweg de slimste manier om stressvrij de stad in te komen. Je betaalt een eenmalig en zeer vriendelijk tarief voor een hele dag parkeren op een transferium aan de rand van de stad. Voor deze prijs ontvangen alle inzittenden van je auto automatisch een retourticket voor de tram rechtstreeks naar het centrum. Zo bespaar je veel geld aan dure ondergrondse parkeergarages \u00e9n stress bij het manoeuvreren door smalle eenrichtingsstraatjes.<\/p>\n\n<\/div>\n<\/div>\n<div id=\"faq-question-1788283122002\" class=\"rank-math-list-item\">\n<h3 class=\"rank-math-question \"><span class=\"ez-toc-section\" id=\"Hoeveel_dagen_moet_je_uittrekken_voor_een_bezoek_aan_de_stad\"><\/span>Hoeveel dagen moet je uittrekken voor een bezoek aan de stad?<span class=\"ez-toc-section-end\"><\/span><\/h3>\n<div class=\"rank-math-answer \">\n\n<p>Om de juiste relaxte sfeer op te snuiven en alle belangrijke bezienswaardigheden zonder onnodige stress te kunnen bezoeken, raad ik aan om twee tot drie volle dagen voor de stad uit te trekken. Als je ook van plan bent de lokale musea of de ruimtes van het Europees Parlement te bezoeken, zijn drie dagen absoluut ideaal.<\/p>\n\n<\/div>\n<\/div>\n<div id=\"faq-question-1788283122003\" class=\"rank-math-list-item\">\n<h3 class=\"rank-math-question \"><span class=\"ez-toc-section\" id=\"Moet_je_betalen_voor_rondleidingen_in_het_Europees_Parlement\"><\/span>Moet je betalen voor rondleidingen in het Europees Parlement?<span class=\"ez-toc-section-end\"><\/span><\/h3>\n<div class=\"rank-math-answer \">\n\n<p>Nee, rondleidingen voor het publiek en de toegang tot het moderne interactieve centrum Parlamentarium Simone Veil zijn voor alle bezoekers volledig gratis. Je moet wel een geldig identiteitsbewijs bij je hebben in de vorm van een paspoort of ID-kaart en rekening houden met vertraging bij de strenge veiligheidscontroles bij de ingang.<\/p>\n\n<\/div>\n<\/div>\n<div id=\"faq-question-1788283122004\" class=\"rank-math-list-item\">\n<h3 class=\"rank-math-question \"><span class=\"ez-toc-section\" id=\"Wat_is_de_beste_manier_om_je_door_het_stadscentrum_te_verplaatsen\"><\/span>Wat is de beste manier om je door het stadscentrum te verplaatsen?<span class=\"ez-toc-section-end\"><\/span><\/h3>\n<div class=\"rank-math-answer \">\n\n<p>De historische kern op het eiland Grande \u00cele is vrij compact en verken je het beste te voet. Voor langere afstanden, bijvoorbeeld naar het Europees Parlement of naar verder gelegen parken, raad ik aan om gebruik te maken van het uitstekend functionerende tramsysteem, met zes lijnen die betrouwbaar de hele stad dekken.<\/p>\n\n<\/div>\n<\/div>\n<div id=\"faq-question-1788283122005\" class=\"rank-math-list-item\">\n<h3 class=\"rank-math-question \"><span class=\"ez-toc-section\" id=\"Is_Straatsburg_een_dure_stad\"><\/span>Is Straatsburg een dure stad?<span class=\"ez-toc-section-end\"><\/span><\/h3>\n<div class=\"rank-math-answer \">\n\n<p>Dat hangt puur af van wanneer je gaat. Tijdens de adventsmarkten schieten de prijzen van accommodaties in het centrum de hoogte in. Maar als je buiten december komt, bijvoorbeeld in januari of februari, dalen de hotelprijzen tot een fractie en is de stad qua prijzen volledig vergelijkbaar met andere gewone Europese bestemmingen.<\/p>\n\n<\/div>\n<\/div>\n<div id=\"faq-question-1788283122006\" class=\"rank-math-list-item\">\n<h3 class=\"rank-math-question \"><span class=\"ez-toc-section\" id=\"Is_de_stad_geschikt_voor_vegetariers\"><\/span>Is de stad geschikt voor vegetari\u00ebrs?<span class=\"ez-toc-section-end\"><\/span><\/h3>\n<div class=\"rank-math-answer \">\n\n<p>Absoluut. Hoewel de Elzasser keuken bekend staat om zijn vleesgerechten, zullen vegetari\u00ebrs hier zeker niet honger lijden. In elk restaurant vind je heerlijke kaas-sp\u00e4tzle, in de bakkerijen ruikt het naar traditionele bretzel en overal wordt een vleesloze variant aangeboden van de knapperige taart tarte flamb\u00e9e met kaas en paddenstoelen.<\/p>\n\n<\/div>\n<\/div>\n<div id=\"faq-question-1788283122007\" class=\"rank-math-list-item\">\n<h3 class=\"rank-math-question \"><span class=\"ez-toc-section\" id=\"Welke_plekken_zijn_het_beste_om_te_fotograferen\"><\/span>Welke plekken zijn het beste om te fotograferen?<span class=\"ez-toc-section-end\"><\/span><\/h3>\n<div class=\"rank-math-answer \">\n\n<p>De bekendste ansichtkaartfoto&#8217;s maak je gegarandeerd vanaf het uitzichtterras op de historische dam Barrage Vauban, van waaruit je prachtig zicht hebt op de stenen bruggen Ponts Couverts en de majestueuze toren van de kathedraal. Andere zeer fotogenieke plekken bevinden zich langs de watergrachten in de historische wijk Petite France.<\/p>\n\n<\/div>\n<\/div>\n<\/div>\n<\/div>","protected":false},"excerpt":{"rendered":"<p>Ontdek Straatsburg in Frankrijk zonder toeristenmassa&#8217;s. Ik vertel je wanneer je moet gaan, waar de beste gratis uitzichten zijn en hoe je deze betoverende Elzasser stad met volle teugen beleeft.<\/p>\n","protected":false},"author":3,"featured_media":413378,"comment_status":"open","ping_status":"open","sticky":false,"template":"","format":"standard","meta":{"_acf_changed":false,"footnotes":"","rank_math_title":"Straatsburg Frankrijk: 18 tips wat te zien en doen","rank_math_description":"Ontdek Straatsburg in Frankrijk met 18 tips voor wat te zien en doen: kathedraal, Petite France, gratis uitzichten en de beste reistijd.","rank_math_focus_keyword":"straatsburg frankrijk","rank_math_seo_score":""},"categories":[1053,1064,979],"tags":[],"class_list":["post-418476","post","type-post","status-publish","format-standard","has-post-thumbnail","category-europa","category-frankrijk","category-reizen"],"acf":[],"featured_image_src":"https:\/\/loudavymkrokem.cz\/wp-content\/uploads\/2026\/09\/strasburska-katedrala-7353a339.jpg","author_info":{"display_name":"Lucie Kone\u010dn\u00e1","author_link":"https:\/\/loudavymkrokem.cz\/nl\/author\/lucie-konecna\/"},"_links":{"self":[{"href":"https:\/\/loudavymkrokem.cz\/nl\/wp-json\/wp\/v2\/posts\/418476","targetHints":{"allow":["GET"]}}],"collection":[{"href":"https:\/\/loudavymkrokem.cz\/nl\/wp-json\/wp\/v2\/posts"}],"about":[{"href":"https:\/\/loudavymkrokem.cz\/nl\/wp-json\/wp\/v2\/types\/post"}],"author":[{"embeddable":true,"href":"https:\/\/loudavymkrokem.cz\/nl\/wp-json\/wp\/v2\/users\/3"}],"replies":[{"embeddable":true,"href":"https:\/\/loudavymkrokem.cz\/nl\/wp-json\/wp\/v2\/comments?post=418476"}],"version-history":[{"count":2,"href":"https:\/\/loudavymkrokem.cz\/nl\/wp-json\/wp\/v2\/posts\/418476\/revisions"}],"predecessor-version":[{"id":418480,"href":"https:\/\/loudavymkrokem.cz\/nl\/wp-json\/wp\/v2\/posts\/418476\/revisions\/418480"}],"wp:featuredmedia":[{"embeddable":true,"href":"https:\/\/loudavymkrokem.cz\/nl\/wp-json\/wp\/v2\/media\/413378"}],"wp:attachment":[{"href":"https:\/\/loudavymkrokem.cz\/nl\/wp-json\/wp\/v2\/media?parent=418476"}],"wp:term":[{"taxonomy":"category","embeddable":true,"href":"https:\/\/loudavymkrokem.cz\/nl\/wp-json\/wp\/v2\/categories?post=418476"},{"taxonomy":"post_tag","embeddable":true,"href":"https:\/\/loudavymkrokem.cz\/nl\/wp-json\/wp\/v2\/tags?post=418476"}],"curies":[{"name":"wp","href":"https:\/\/api.w.org\/{rel}","templated":true}]}}