{"id":418455,"date":"2026-09-01T21:10:41","date_gmt":"2026-09-01T19:10:41","guid":{"rendered":"https:\/\/loudavymkrokem.cz\/rio-de-janeiro-brazilie-tips\/"},"modified":"2026-09-05T21:09:08","modified_gmt":"2026-09-05T19:09:08","slug":"rio-de-janeiro-brazilie-tips","status":"publish","type":"post","link":"https:\/\/loudavymkrokem.cz\/nl\/rio-de-janeiro-brazilie-tips\/","title":{"rendered":"Rio de Janeiro, Brazili\u00eb: 22 tips om te zien en te doen in 2026"},"content":{"rendered":"\n<p class=\"wp-block-paragraph\">Overweeg je een reis naar Zuid-Amerika en zoek je een bestemming vol kleur en ongebreidelde energie? Dan zal de Braziliaanse metropool je gegarandeerd betoveren. <strong>Rio de Janeiro in Brazili\u00eb is een stad van ongelooflijke contrasten<\/strong>, waar moderne architectuur versmelt met wilde natuur en waar gouden stranden vloeiend overgaan in dichte groene regenwouden. Je kunt je verheugen op adembenemende landschappen en een rijke cultuur vol muziek.<\/p>\n\n\n\n<p class=\"wp-block-paragraph\">Het plannen van een verblijf in deze tropische parel vraagt om een net iets andere aanpak, want <strong>Rio plan je vooral op basis van het weer<\/strong>, en niet op basis van een vaste lijst met bezienswaardigheden. De twee beroemdste plekken zijn namelijk hooggelegen uitkijkpunten die zonder goed zicht helemaal hun betekenis verliezen. Ik raad je daarom aan om genoeg vrije ruimte in je reisplan te houden en flexibel in te spelen op ochtendmist of een strakblauwe hemel.<\/p>\n\n\n\n<p class=\"wp-block-paragraph\">Van iconische stranden tot verborgen musea \u2014 hier vind je alles wat je moet weten om je programma precies naar eigen smaak samen te stellen. En omdat een goede ori\u00ebntatie in de wijken het halve werk is, geef ik je ook praktische tips over veiligheid en accommodatie.<\/p>\n\n\n\n<figure data-wp-context=\"{&quot;imageId&quot;:&quot;6a9c8f2677ea5&quot;}\" data-wp-interactive=\"core\/image\" data-wp-key=\"6a9c8f2677ea5\" class=\"wp-block-image size-full wp-lightbox-container\"><img decoding=\"async\" width=\"1920\" height=\"1440\" data-wp-class--hide=\"state.isContentHidden\" data-wp-class--show=\"state.isContentVisible\" data-wp-init=\"callbacks.setButtonStyles\" data-wp-on--click=\"actions.showLightbox\" data-wp-on--load=\"callbacks.setButtonStyles\" data-wp-on--pointerdown=\"actions.preloadImage\" data-wp-on--pointerenter=\"actions.preloadImageWithDelay\" data-wp-on--pointerleave=\"actions.cancelPreload\" data-wp-on-window--resize=\"callbacks.setButtonStyles\" src=\"https:\/\/loudavymkrokem.cz\/wp-content\/uploads\/2026\/09\/panorama-ria-s-cukrovou-homoli-49cf45de.jpg\" alt=\"Panorama van Rio met de Suikerbroodberg\" class=\"wp-image-413354\" title=\"\" srcset=\"https:\/\/loudavymkrokem.cz\/wp-content\/uploads\/2026\/09\/panorama-ria-s-cukrovou-homoli-49cf45de.jpg 1920w, https:\/\/loudavymkrokem.cz\/wp-content\/uploads\/2026\/09\/panorama-ria-s-cukrovou-homoli-49cf45de-300x225.jpg 300w, https:\/\/loudavymkrokem.cz\/wp-content\/uploads\/2026\/09\/panorama-ria-s-cukrovou-homoli-49cf45de-700x525.jpg 700w, https:\/\/loudavymkrokem.cz\/wp-content\/uploads\/2026\/09\/panorama-ria-s-cukrovou-homoli-49cf45de-768x576.jpg 768w, https:\/\/loudavymkrokem.cz\/wp-content\/uploads\/2026\/09\/panorama-ria-s-cukrovou-homoli-49cf45de-1536x1152.jpg 1536w, https:\/\/loudavymkrokem.cz\/wp-content\/uploads\/2026\/09\/panorama-ria-s-cukrovou-homoli-49cf45de-80x60.jpg 80w, https:\/\/loudavymkrokem.cz\/wp-content\/uploads\/2026\/09\/panorama-ria-s-cukrovou-homoli-49cf45de-160x120.jpg 160w, https:\/\/loudavymkrokem.cz\/wp-content\/uploads\/2026\/09\/panorama-ria-s-cukrovou-homoli-49cf45de-696x522.jpg 696w, https:\/\/loudavymkrokem.cz\/wp-content\/uploads\/2026\/09\/panorama-ria-s-cukrovou-homoli-49cf45de-1392x1044.jpg 1392w\" sizes=\"(max-width: 1920px) 100vw, 1920px\" \/><button\n\t\t\tclass=\"lightbox-trigger\"\n\t\t\ttype=\"button\"\n\t\t\taria-haspopup=\"dialog\"\n\t\t\tdata-wp-bind--aria-label=\"state.thisImage.triggerButtonAriaLabel\"\n\t\t\tdata-wp-init=\"callbacks.initTriggerButton\"\n\t\t\tdata-wp-on--click=\"actions.showLightbox\"\n\t\t\tdata-wp-style--right=\"state.thisImage.buttonRight\"\n\t\t\tdata-wp-style--top=\"state.thisImage.buttonTop\"\n\t\t>\n\t\t\t<svg xmlns=\"http:\/\/www.w3.org\/2000\/svg\" width=\"12\" height=\"12\" fill=\"none\" viewBox=\"0 0 12 12\">\n\t\t\t\t<path fill=\"#fff\" d=\"M2 0a2 2 0 0 0-2 2v2h1.5V2a.5.5 0 0 1 .5-.5h2V0H2Zm2 10.5H2a.5.5 0 0 1-.5-.5V8H0v2a2 2 0 0 0 2 2h2v-1.5ZM8 12v-1.5h2a.5.5 0 0 0 .5-.5V8H12v2a2 2 0 0 1-2 2H8Zm2-12a2 2 0 0 1 2 2v2h-1.5V2a.5.5 0 0 0-.5-.5H8V0h2Z\" \/>\n\t\t\t<\/svg>\n\t\t<\/button><figcaption class=\"wp-element-caption\">Foto: Acediscovery \/ Wikimedia Commons, CC BY 4.0<\/figcaption><\/figure>\n\n\n\n<div id=\"ez-toc-container\" class=\"ez-toc-v2_0_87 ez-toc-wrap-left counter-hierarchy ez-toc-counter ez-toc-grey ez-toc-container-direction\">\n<div class=\"ez-toc-title-container\">\n<p class=\"ez-toc-title\" style=\"cursor:inherit\">Inhoud van het artikel<\/p>\n<span class=\"ez-toc-title-toggle\"><a href=\"#\" class=\"ez-toc-pull-right ez-toc-btn ez-toc-btn-xs ez-toc-btn-default ez-toc-toggle\" aria-label=\"Toggle tabel met inhoud\"><span class=\"ez-toc-js-icon-con\"><span class=\"\"><span class=\"eztoc-hide\" style=\"display:none;\">Toggle<\/span><span class=\"ez-toc-icon-toggle-span\"><svg style=\"fill: #999;color:#999\" xmlns=\"http:\/\/www.w3.org\/2000\/svg\" class=\"list-377408\" width=\"20px\" height=\"20px\" viewBox=\"0 0 24 24\" fill=\"none\"><path d=\"M6 6H4v2h2V6zm14 0H8v2h12V6zM4 11h2v2H4v-2zm16 0H8v2h12v-2zM4 16h2v2H4v-2zm16 0H8v2h12v-2z\" fill=\"currentColor\"><\/path><\/svg><svg style=\"fill: #999;color:#999\" class=\"arrow-unsorted-368013\" xmlns=\"http:\/\/www.w3.org\/2000\/svg\" width=\"10px\" height=\"10px\" viewBox=\"0 0 24 24\" version=\"1.2\" baseProfile=\"tiny\"><path d=\"M18.2 9.3l-6.2-6.3-6.2 6.3c-.2.2-.3.4-.3.7s.1.5.3.7c.2.2.4.3.7.3h11c.3 0 .5-.1.7-.3.2-.2.3-.5.3-.7s-.1-.5-.3-.7zM5.8 14.7l6.2 6.3 6.2-6.3c.2-.2.3-.5.3-.7s-.1-.5-.3-.7c-.2-.2-.4-.3-.7-.3h-11c-.3 0-.5.1-.7.3-.2.2-.3.5-.3.7s.1.5.3.7z\"\/><\/svg><\/span><\/span><\/span><\/a><\/span><\/div>\n<nav><ul class='ez-toc-list ez-toc-list-level-1 ' ><ul class='ez-toc-list-level-3' ><li class='ez-toc-heading-level-3'><a class=\"ez-toc-link ez-toc-heading-1\" href=\"https:\/\/loudavymkrokem.cz\/nl\/rio-de-janeiro-brazilie-tips\/#Samenvatting_voor_wie_geen_tijd_heeft_om_het_hele_artikel_te_lezen\" >Samenvatting voor wie geen tijd heeft om het hele artikel te lezen<\/a><\/li><\/ul><\/li><li class='ez-toc-page-1 ez-toc-heading-level-2'><a class=\"ez-toc-link ez-toc-heading-2\" href=\"https:\/\/loudavymkrokem.cz\/nl\/rio-de-janeiro-brazilie-tips\/#Wanneer_ga_je_naar_Rio_de_Janeiro\" >Wanneer ga je naar Rio de Janeiro<\/a><\/li><li class='ez-toc-page-1 ez-toc-heading-level-2'><a class=\"ez-toc-link ez-toc-heading-3\" href=\"https:\/\/loudavymkrokem.cz\/nl\/rio-de-janeiro-brazilie-tips\/#Veiligheid_in_Rio_de_Janeiro_hoe_je_zorgeloos_van_je_vakantie_geniet\" >Veiligheid in Rio de Janeiro: hoe je zorgeloos van je vakantie geniet<\/a><\/li><li class='ez-toc-page-1 ez-toc-heading-level-2'><a class=\"ez-toc-link ez-toc-heading-4\" href=\"https:\/\/loudavymkrokem.cz\/nl\/rio-de-janeiro-brazilie-tips\/#Waar_te_overnachten_in_Rio_de_Janeiro\" >Waar te overnachten in Rio de Janeiro<\/a><\/li><li class='ez-toc-page-1 ez-toc-heading-level-2'><a class=\"ez-toc-link ez-toc-heading-5\" href=\"https:\/\/loudavymkrokem.cz\/nl\/rio-de-janeiro-brazilie-tips\/#22_tips_om_te_zien_en_te_doen_in_Rio_de_Janeiro\" >22 tips om te zien en te doen in Rio de Janeiro<\/a><ul class='ez-toc-list-level-3' ><li class='ez-toc-heading-level-3'><a class=\"ez-toc-link ez-toc-heading-6\" href=\"https:\/\/loudavymkrokem.cz\/nl\/rio-de-janeiro-brazilie-tips\/#1_Beeld_van_Christus_de_Verlosser_Christ_the_Redeemer\" >1. Beeld van Christus de Verlosser (Christ the Redeemer)<\/a><\/li><li class='ez-toc-page-1 ez-toc-heading-level-3'><a class=\"ez-toc-link ez-toc-heading-7\" href=\"https:\/\/loudavymkrokem.cz\/nl\/rio-de-janeiro-brazilie-tips\/#2_Kabelbaan_naar_de_Suikerbroodberg_Pao_de_Acucar\" >2. Kabelbaan naar de Suikerbroodberg (P\u00e3o de A\u00e7\u00facar)<\/a><\/li><li class='ez-toc-page-1 ez-toc-heading-level-3'><a class=\"ez-toc-link ez-toc-heading-8\" href=\"https:\/\/loudavymkrokem.cz\/nl\/rio-de-janeiro-brazilie-tips\/#3_Strand_Copacabana_en_Forte_de_Copacabana\" >3. Strand Copacabana en Forte de Copacabana<\/a><\/li><li class='ez-toc-page-1 ez-toc-heading-level-3'><a class=\"ez-toc-link ez-toc-heading-9\" href=\"https:\/\/loudavymkrokem.cz\/nl\/rio-de-janeiro-brazilie-tips\/#4_Strand_Ipanema_en_het_systeem_van_reddingsposten\" >4. Strand Ipanema en het systeem van reddingsposten<\/a><\/li><li class='ez-toc-page-1 ez-toc-heading-level-3'><a class=\"ez-toc-link ez-toc-heading-10\" href=\"https:\/\/loudavymkrokem.cz\/nl\/rio-de-janeiro-brazilie-tips\/#5_Strand_Leblon_en_uitkijkpunt_Mirante_do_Leblon\" >5. Strand Leblon en uitkijkpunt Mirante do Leblon<\/a><\/li><li class='ez-toc-page-1 ez-toc-heading-level-3'><a class=\"ez-toc-link ez-toc-heading-11\" href=\"https:\/\/loudavymkrokem.cz\/nl\/rio-de-janeiro-brazilie-tips\/#6_Rotspunt_Pedra_do_Arpoador\" >6. Rotspunt Pedra do Arpoador<\/a><\/li><li class='ez-toc-page-1 ez-toc-heading-level-3'><a class=\"ez-toc-link ez-toc-heading-12\" href=\"https:\/\/loudavymkrokem.cz\/nl\/rio-de-janeiro-brazilie-tips\/#7_Trap_Escadaria_Selaron\" >7. Trap Escadaria Selar\u00f3n<\/a><\/li><li class='ez-toc-page-1 ez-toc-heading-level-3'><a class=\"ez-toc-link ez-toc-heading-13\" href=\"https:\/\/loudavymkrokem.cz\/nl\/rio-de-janeiro-brazilie-tips\/#8_Wijk_Santa_Teresa_en_de_historische_tram\" >8. Wijk Santa Teresa en de historische tram<\/a><\/li><li class='ez-toc-page-1 ez-toc-heading-level-3'><a class=\"ez-toc-link ez-toc-heading-14\" href=\"https:\/\/loudavymkrokem.cz\/nl\/rio-de-janeiro-brazilie-tips\/#9_Aquaduct_Arcos_da_Lapa\" >9. Aquaduct Arcos da Lapa<\/a><\/li><li class='ez-toc-page-1 ez-toc-heading-level-3'><a class=\"ez-toc-link ez-toc-heading-15\" href=\"https:\/\/loudavymkrokem.cz\/nl\/rio-de-janeiro-brazilie-tips\/#10_Galerie_Parque_das_Ruinas\" >10. Galerie Parque das Ru\u00ednas<\/a><\/li><li class='ez-toc-page-1 ez-toc-heading-level-3'><a class=\"ez-toc-link ez-toc-heading-16\" href=\"https:\/\/loudavymkrokem.cz\/nl\/rio-de-janeiro-brazilie-tips\/#11_Stedelijk_regenwoud_Tijuca_National_Park\" >11. Stedelijk regenwoud Tijuca National Park<\/a><\/li><li class='ez-toc-page-1 ez-toc-heading-level-3'><a class=\"ez-toc-link ez-toc-heading-17\" href=\"https:\/\/loudavymkrokem.cz\/nl\/rio-de-janeiro-brazilie-tips\/#12_Uitkijkpunt_Mirante_Dona_Marta\" >12. Uitkijkpunt Mirante Dona Marta<\/a><\/li><li class='ez-toc-page-1 ez-toc-heading-level-3'><a class=\"ez-toc-link ez-toc-heading-18\" href=\"https:\/\/loudavymkrokem.cz\/nl\/rio-de-janeiro-brazilie-tips\/#13_Chinees_paviljoen_Vista_Chinesa\" >13. Chinees paviljoen Vista Chinesa<\/a><\/li><li class='ez-toc-page-1 ez-toc-heading-level-3'><a class=\"ez-toc-link ez-toc-heading-19\" href=\"https:\/\/loudavymkrokem.cz\/nl\/rio-de-janeiro-brazilie-tips\/#14_Tuinen_en_villa_Parque_Lage\" >14. Tuinen en villa Parque Lage<\/a><\/li><li class='ez-toc-page-1 ez-toc-heading-level-3'><a class=\"ez-toc-link ez-toc-heading-20\" href=\"https:\/\/loudavymkrokem.cz\/nl\/rio-de-janeiro-brazilie-tips\/#15_Museum_van_Morgen_Museu_do_Amanha\" >15. Museum van Morgen (Museu do Amanh\u00e3)<\/a><\/li><li class='ez-toc-page-1 ez-toc-heading-level-3'><a class=\"ez-toc-link ez-toc-heading-21\" href=\"https:\/\/loudavymkrokem.cz\/nl\/rio-de-janeiro-brazilie-tips\/#16_Kunstmuseum_MAR_Rio_Museum_of_Art\" >16. Kunstmuseum MAR (Rio Museum of Art)<\/a><\/li><li class='ez-toc-page-1 ez-toc-heading-level-3'><a class=\"ez-toc-link ez-toc-heading-22\" href=\"https:\/\/loudavymkrokem.cz\/nl\/rio-de-janeiro-brazilie-tips\/#17_Centro_Cultural_Banco_do_Brasil_CCBB\" >17. Centro Cultural Banco do Brasil (CCBB)<\/a><\/li><li class='ez-toc-page-1 ez-toc-heading-level-3'><a class=\"ez-toc-link ez-toc-heading-23\" href=\"https:\/\/loudavymkrokem.cz\/nl\/rio-de-janeiro-brazilie-tips\/#18_Theatro_Municipal_do_Rio_de_Janeiro\" >18. Theatro Municipal do Rio de Janeiro<\/a><\/li><li class='ez-toc-page-1 ez-toc-heading-level-3'><a class=\"ez-toc-link ez-toc-heading-24\" href=\"https:\/\/loudavymkrokem.cz\/nl\/rio-de-janeiro-brazilie-tips\/#19_Catedral_Metropolitana_de_Sao_Sebastiao\" >19. Catedral Metropolitana de S\u00e3o Sebasti\u00e3o<\/a><\/li><li class='ez-toc-page-1 ez-toc-heading-level-3'><a class=\"ez-toc-link ez-toc-heading-25\" href=\"https:\/\/loudavymkrokem.cz\/nl\/rio-de-janeiro-brazilie-tips\/#20_Museu_da_Republica_Palacio_do_Catete\" >20. Museu da Rep\u00fablica (Pal\u00e1cio do Catete)<\/a><\/li><li class='ez-toc-page-1 ez-toc-heading-level-3'><a class=\"ez-toc-link ez-toc-heading-26\" href=\"https:\/\/loudavymkrokem.cz\/nl\/rio-de-janeiro-brazilie-tips\/#21_Espaco_Cultural_da_Marinha\" >21. Espa\u00e7o Cultural da Marinha<\/a><\/li><li class='ez-toc-page-1 ez-toc-heading-level-3'><a class=\"ez-toc-link ez-toc-heading-27\" href=\"https:\/\/loudavymkrokem.cz\/nl\/rio-de-janeiro-brazilie-tips\/#22_Strand_Praia_Vermelha_onder_de_Suikerbroodberg\" >22. Strand Praia Vermelha onder de Suikerbroodberg<\/a><\/li><\/ul><\/li><li class='ez-toc-page-1 ez-toc-heading-level-2'><a class=\"ez-toc-link ez-toc-heading-28\" href=\"https:\/\/loudavymkrokem.cz\/nl\/rio-de-janeiro-brazilie-tips\/#Waar_naartoe_vanuit_Rio_de_Janeiro\" >Waar naartoe vanuit Rio de Janeiro<\/a><\/li><li class='ez-toc-page-1 ez-toc-heading-level-2'><a class=\"ez-toc-link ez-toc-heading-29\" href=\"https:\/\/loudavymkrokem.cz\/nl\/rio-de-janeiro-brazilie-tips\/#Veelgestelde_vragen\" >Veelgestelde vragen<\/a><ul class='ez-toc-list-level-3' ><li class='ez-toc-heading-level-3'><a class=\"ez-toc-link ez-toc-heading-30\" href=\"https:\/\/loudavymkrokem.cz\/nl\/rio-de-janeiro-brazilie-tips\/#Is_Rio_de_Janeiro_veilig_voor_toeristen\" >Is Rio de Janeiro veilig voor toeristen?<\/a><\/li><li class='ez-toc-page-1 ez-toc-heading-level-3'><a class=\"ez-toc-link ez-toc-heading-31\" href=\"https:\/\/loudavymkrokem.cz\/nl\/rio-de-janeiro-brazilie-tips\/#Hoeveel_dagen_heb_ik_nodig_voor_een_bezoek_aan_Rio\" >Hoeveel dagen heb ik nodig voor een bezoek aan Rio?<\/a><\/li><li class='ez-toc-page-1 ez-toc-heading-level-3'><a class=\"ez-toc-link ez-toc-heading-32\" href=\"https:\/\/loudavymkrokem.cz\/nl\/rio-de-janeiro-brazilie-tips\/#Hoe_kom_ik_het_beste_bij_het_Christusbeeld\" >Hoe kom ik het beste bij het Christusbeeld?<\/a><\/li><li class='ez-toc-page-1 ez-toc-heading-level-3'><a class=\"ez-toc-link ez-toc-heading-33\" href=\"https:\/\/loudavymkrokem.cz\/nl\/rio-de-janeiro-brazilie-tips\/#Wanneer_is_de_beste_tijd_om_naar_Brazilie_te_reizen\" >Wanneer is de beste tijd om naar Brazili\u00eb te reizen?<\/a><\/li><li class='ez-toc-page-1 ez-toc-heading-level-3'><a class=\"ez-toc-link ez-toc-heading-34\" href=\"https:\/\/loudavymkrokem.cz\/nl\/rio-de-janeiro-brazilie-tips\/#Kan_ik_na_zonsondergang_zwemmen_op_de_stranden_van_Rio\" >Kan ik na zonsondergang zwemmen op de stranden van Rio?<\/a><\/li><li class='ez-toc-page-1 ez-toc-heading-level-3'><a class=\"ez-toc-link ez-toc-heading-35\" href=\"https:\/\/loudavymkrokem.cz\/nl\/rio-de-janeiro-brazilie-tips\/#Hoe_verplaats_je_je_door_de_stad_en_is_het_openbaar_vervoer_veilig\" >Hoe verplaats je je door de stad en is het openbaar vervoer veilig?<\/a><\/li><li class='ez-toc-page-1 ez-toc-heading-level-3'><a class=\"ez-toc-link ez-toc-heading-36\" href=\"https:\/\/loudavymkrokem.cz\/nl\/rio-de-janeiro-brazilie-tips\/#Wat_kan_ik_eten_in_Rio_als_ik_geen_vlees_eet\" >Wat kan ik eten in Rio als ik geen vlees eet?<\/a><\/li><li class='ez-toc-page-1 ez-toc-heading-level-3'><a class=\"ez-toc-link ez-toc-heading-37\" href=\"https:\/\/loudavymkrokem.cz\/nl\/rio-de-janeiro-brazilie-tips\/#Is_het_de_moeite_waard_om_tickets_voor_bezienswaardigheden_lang_van_tevoren_te_kopen\" >Is het de moeite waard om tickets voor bezienswaardigheden lang van tevoren te kopen?<\/a><\/li><\/ul><\/li><\/ul><\/nav><\/div>\n<h3 class=\"wp-block-heading\"><span class=\"ez-toc-section\" id=\"Samenvatting_voor_wie_geen_tijd_heeft_om_het_hele_artikel_te_lezen\"><\/span>Samenvatting voor wie geen tijd heeft om het hele artikel te lezen<span class=\"ez-toc-section-end\"><\/span><\/h3>\n\n\n\n<ul class=\"wp-block-list\">\n\n<li><strong>Plan op basis van de wolken:<\/strong> De beroemdste bezienswaardigheden zoals het Christusbeeld en de Suikerbroodberg hebben in de mist geen zin, dus reserveer daarvoor de helderste ochtend van je verblijf.<\/li>\n\n\n\n<li><strong>Veiligheid heeft zijn regels:<\/strong> Blijf binnen de zogenaamde toeristische veiligheidszone in de zuidelijke zone en gebruik na zonsondergang altijd een betrouwbare Uber om je te verplaatsen.<\/li>\n\n\n\n<li><strong>Drie routes naar Christus:<\/strong> Naar boven kom je met het dure tandradbaantje, een goedkoper busje of helemaal gratis via een pittige wandeltocht door het regenwoud vanaf Parque Lage.<\/li>\n\n\n\n<li><strong>Systeem van reddingsposten:<\/strong> De stranden zijn ingedeeld op basis van genummerde huisjes die postos heten, waarbij het beroemde Posto 9 in Ipanema geldt als het levendigste ontmoetingscentrum.<\/li>\n\n\n\n<li><strong>Goedkopere Suikerbroodberg:<\/strong> Als je het eerste stuk te voet aflegt via het pad Trilha do Morro da Urca, bespaar je meteen de helft van de prijs van de kabelbaan.<\/li>\n\n\n\n<li><strong>Stedelijk regenwoud:<\/strong> Midden in de stadsgrenzen ligt het nationaal park Tijuca, dat een fantastische ontsnapping aan de hitte biedt in de schaduw van gigantische bomen.<\/li>\n\n\n\n<li><strong>Lokale lekkernijen zonder vlees:<\/strong> De Braziliaanse keuken is dol op vlees, maar op het strand kun jij genieten van een verfrissende a\u00e7a\u00ed, kaasbroodjes p\u00e3o de queijo of vers kokoswater.<\/li>\n\n\n<\/ul>\n\n\n\n<h2 class=\"wp-block-heading\"><span class=\"ez-toc-section\" id=\"Wanneer_ga_je_naar_Rio_de_Janeiro\"><\/span>Wanneer ga je naar Rio de Janeiro<span class=\"ez-toc-section-end\"><\/span><\/h2>\n\n\n\n<p class=\"wp-block-paragraph\">De keuze van je reisdatum be\u00efnvloedt niet alleen je budget, maar ook je totale indruk van deze warme stad. <strong>De beste tijd voor een bezoek is van april tot juni en vervolgens van augustus tot oktober<\/strong>, wanneer de temperaturen heel aangenaam zijn en je de zwaarste tropische stortbuien ontwijkt. In deze maanden is de hemel vaak prachtig helder, wat absoluut cruciaal is voor een bezoek aan alle hooggelegen uitkijkpunten waar de hele ervaring van Rio op draait.<\/p>\n\n\n\n<p class=\"wp-block-paragraph\">Wil je de stad in volle bloei beleven, dan moet je gaan tijdens de lokale zomer, die samenvalt met onze wintermaanden. <strong>Carnaval en de spectaculaire oudejaarsavond op het strand van Copacabana betekenen de hoogste prijzen van het hele jaar<\/strong>, waarbij hotels en vliegtickets vaak maanden van tevoren hopeloos uitverkocht zijn. Je moet je ook voorbereiden op extreme luchtvochtigheid en verzengende hitte die de veertig graden kan overschrijden, wat het rondlopen langs bezienswaardigheden behoorlijk zwaar maakt.<\/p>\n\n\n\n<p class=\"wp-block-paragraph\">Voor welke maand je ook kiest, vergeet niet de gouden regel van flexibel plannen waar we het al over hadden. <strong>Houd minstens twee tot drie dagen achter de hand als reserve<\/strong>, zodat je naar de Corcovado kunt gaan precies op die ochtend dat de wolken boven de stad wegtrekken. Het lokale klimaat wordt sterk be\u00efnvloed door de oceaan en de omliggende bergen, dus het weer kan van uur tot uur snel veranderen, en het lang van tevoren kopen van tickets voor een specifieke dag is een enorm risico.<\/p>\n\n\n\n<h2 class=\"wp-block-heading\"><span class=\"ez-toc-section\" id=\"Veiligheid_in_Rio_de_Janeiro_hoe_je_zorgeloos_van_je_vakantie_geniet\"><\/span>Veiligheid in Rio de Janeiro: hoe je zorgeloos van je vakantie geniet<span class=\"ez-toc-section-end\"><\/span><\/h2>\n\n\n\n<p class=\"wp-block-paragraph\">De vraag over veiligheid is waarschijnlijk het eerste wat elke reiziger v\u00f3\u00f3r een reis naar Brazili\u00eb online opzoekt. <strong>Rio de Janeiro is zeker geen oorlogsgebied, maar vraagt wel om het volgen van duidelijke regels<\/strong>, waardoor je de stad in alle rust kunt beleven. De absolute basis is je bewegen binnen de zogenaamde toeristische veiligheidszone, die bestaat uit de rijkere wijken Ipanema, Leblon, Copacabana, Botafogo en Urca, waar op elke hoek toeristenpolitie aanwezig is.<\/p>\n\n\n\n<p class=\"wp-block-paragraph\">En de cijfers bevestigen het \u2014 de wijken Leblon en Ipanema noteerden in 2026 nul moorden, wat meer over hun veiligheid zegt dan welke reisblog dan ook. Op het drukke strand van Copacabana moet je daarentegen rekening houden met af en toe kleine diefstallen, zakkenrollers en telefoons die zo uit je hand worden gerukt, vooral op de brede boulevard langs de zee.<\/p>\n\n\n\n<p class=\"wp-block-paragraph\">Na zonsondergang geldt \u00e9\u00e9n simpele regel: Uber, altijd en overal, ook op korte afstanden tussen aangrenzende wijken \u2014 het historische Centro loopt na werktijd zo leeg dat je er &#8217;s nachts gewoon niet komt, en net zo geldt een streng verbod op avondwandelingen op welk strand dan ook, want verlaten stukken zand trekken problemen aan.<\/p>\n\n\n\n<h2 class=\"wp-block-heading\"><span class=\"ez-toc-section\" id=\"Waar_te_overnachten_in_Rio_de_Janeiro\"><\/span>Waar te overnachten in Rio de Janeiro<span class=\"ez-toc-section-end\"><\/span><\/h2>\n\n\n\n<p class=\"wp-block-paragraph\">De keuze van de juiste locatie voor je hotel be\u00efnvloedt je hele beleving van de stad, dus je zou uitsluitend in de zuidelijke zone naar accommodatie moeten zoeken. <strong>De beste keuze voor een eerste bezoek is het gebied rond de stranden van Ipanema en Leblon<\/strong>, die een fantastische gastronomische scene bieden, veilige straten vol boetiekjes en een prima metroverbinding met de rest van de stad. Deze wijken zijn weliswaar wat prijziger, maar de investering in een rustige nachtrust en zorgeloze avondwandelingen betaalt zich honderd procent terug.<\/p>\n\n\n\n<p class=\"wp-block-paragraph\">Zoek je een iets betaalbaardere optie maar wil je toch middenin het gebeuren blijven, richt je aandacht dan op het legendarische Copacabana of het naastgelegen Botafogo. <strong>Vooral Botafogo beleeft de laatste jaren een enorme boom<\/strong>, er openen hier nieuwe caf\u00e9s en de wijk biedt een van de mooiste uitzichten op de Suikerbroodberg, recht vanaf de kade. Het historische Santa Teresa op de heuvel lokt weliswaar met zijn bohemienachtige sfeer, maar is logistiek voor dagelijkse uitstapjes wat afgesneden en &#8217;s avonds lastiger bereikbaar.<\/p>\n\n\n\n<p class=\"wp-block-paragraph\">Voor je reservering via het populaire platform <a class=\"thirstylink\" rel=\"nofollow\" target=\"_blank\" title=\"Booking.com\" href=\"https:\/\/loudavymkrokem.cz\/doporucujeme\/booking-com\/\" data-shortcode=\"true\">Booking.com<\/a> raad ik aan te kiezen uit betrouwbare hotels met een 24-uursreceptie en een goede beoordeling. <strong>Een prima keuze aan het strand is het Arena Ipanema Hotel<\/strong>, met een adembenemend dakzwembad met uitzicht op de oceaan, op slechts een paar stappen van het beroemde Posto 8. <strong>Voor een luxere ervaring kies je het iconische Hotel Fasano Rio de Janeiro<\/strong>, waarvan het design en de ligging in de stad onge\u00ebvenaard zijn, terwijl je in Botafogo aangenaam verrast wordt door het stijlvolle <strong>Yoo2 Rio de Janeiro by Intercity<\/strong> met een fantastisch uitzicht over de baai.<\/p>\n\n\n\n<p class=\"wp-block-paragraph\"><em>\ud83d\udca1 <a href=\"https:\/\/www.stay22.com\/allez\/roam?aid=lukaskonecny&#038;campaign=loudavymkrokemcz&#038;campaign=co-videt-v-rio-de-janeiru&#038;address=Rio%20de%20Janeiro%2C%20Braz%C3%ADlie\" target=\"_blank\" rel=\"nofollow noopener sponsored\">Op deze kaart vergelijk je wat er op dit moment vrij is<\/a> \u2014 je ziet meteen hoeveel goedkoper een verblijf een blok van de Avenida Atl\u00e2ntica uitpakt.<\/em><\/p>\n\n<h2 class=\"wp-block-heading\"><span class=\"ez-toc-section\" id=\"22_tips_om_te_zien_en_te_doen_in_Rio_de_Janeiro\"><\/span>22 tips om te zien en te doen in Rio de Janeiro<span class=\"ez-toc-section-end\"><\/span><\/h2>\n\n\n\n<p class=\"wp-block-paragraph\">Zo, en nu het beste \u2014 de plekken die het echt waard zijn. Beroemde iconen en een paar verborgen pareltjes, waarmee je de stad van alle kanten leert kennen.<\/p>\n\n\n\n<figure data-wp-context=\"{&quot;imageId&quot;:&quot;6a9c8f2678a7e&quot;}\" data-wp-interactive=\"core\/image\" data-wp-key=\"6a9c8f2678a7e\" class=\"wp-block-image size-full wp-lightbox-container\"><img decoding=\"async\" width=\"1600\" height=\"2133\" data-wp-class--hide=\"state.isContentHidden\" data-wp-class--show=\"state.isContentVisible\" data-wp-init=\"callbacks.setButtonStyles\" data-wp-on--click=\"actions.showLightbox\" data-wp-on--load=\"callbacks.setButtonStyles\" data-wp-on--pointerdown=\"actions.preloadImage\" data-wp-on--pointerenter=\"actions.preloadImageWithDelay\" data-wp-on--pointerleave=\"actions.cancelPreload\" data-wp-on-window--resize=\"callbacks.setButtonStyles\" src=\"https:\/\/loudavymkrokem.cz\/wp-content\/uploads\/2026\/09\/krista-spasitele.jpg\" alt=\"Christus de Verlosser (Christ the Redeemer)\" class=\"wp-image-413166\" title=\"\" srcset=\"https:\/\/loudavymkrokem.cz\/wp-content\/uploads\/2026\/09\/krista-spasitele.jpg 1600w, https:\/\/loudavymkrokem.cz\/wp-content\/uploads\/2026\/09\/krista-spasitele-225x300.jpg 225w, https:\/\/loudavymkrokem.cz\/wp-content\/uploads\/2026\/09\/krista-spasitele-700x933.jpg 700w, https:\/\/loudavymkrokem.cz\/wp-content\/uploads\/2026\/09\/krista-spasitele-768x1024.jpg 768w, https:\/\/loudavymkrokem.cz\/wp-content\/uploads\/2026\/09\/krista-spasitele-1152x1536.jpg 1152w, https:\/\/loudavymkrokem.cz\/wp-content\/uploads\/2026\/09\/krista-spasitele-1536x2048.jpg 1536w, https:\/\/loudavymkrokem.cz\/wp-content\/uploads\/2026\/09\/krista-spasitele-696x928.jpg 696w, https:\/\/loudavymkrokem.cz\/wp-content\/uploads\/2026\/09\/krista-spasitele-1392x1856.jpg 1392w\" sizes=\"(max-width: 1600px) 100vw, 1600px\" \/><button\n\t\t\tclass=\"lightbox-trigger\"\n\t\t\ttype=\"button\"\n\t\t\taria-haspopup=\"dialog\"\n\t\t\tdata-wp-bind--aria-label=\"state.thisImage.triggerButtonAriaLabel\"\n\t\t\tdata-wp-init=\"callbacks.initTriggerButton\"\n\t\t\tdata-wp-on--click=\"actions.showLightbox\"\n\t\t\tdata-wp-style--right=\"state.thisImage.buttonRight\"\n\t\t\tdata-wp-style--top=\"state.thisImage.buttonTop\"\n\t\t>\n\t\t\t<svg xmlns=\"http:\/\/www.w3.org\/2000\/svg\" width=\"12\" height=\"12\" fill=\"none\" viewBox=\"0 0 12 12\">\n\t\t\t\t<path fill=\"#fff\" d=\"M2 0a2 2 0 0 0-2 2v2h1.5V2a.5.5 0 0 1 .5-.5h2V0H2Zm2 10.5H2a.5.5 0 0 1-.5-.5V8H0v2a2 2 0 0 0 2 2h2v-1.5ZM8 12v-1.5h2a.5.5 0 0 0 .5-.5V8H12v2a2 2 0 0 1-2 2H8Zm2-12a2 2 0 0 1 2 2v2h-1.5V2a.5.5 0 0 0-.5-.5H8V0h2Z\" \/>\n\t\t\t<\/svg>\n\t\t<\/button><figcaption class=\"wp-element-caption\">Foto: Keryson Patrick Oliveira Belarmino \/ Google Maps<\/figcaption><\/figure>\n\n\n\n<h3 class=\"wp-block-heading\"><span class=\"ez-toc-section\" id=\"1_Beeld_van_Christus_de_Verlosser_Christ_the_Redeemer\"><\/span>1. Beeld van Christus de Verlosser (Christ the Redeemer)<span class=\"ez-toc-section-end\"><\/span><\/h3>\n\n\n\n<p class=\"wp-block-paragraph\">Dit dertig meter hoge icoon dat troont op de top van de berg Corcovado is zonder twijfel het bekendste symbool van heel Brazili\u00eb. <strong>Het beeld staat op een hoogte van 710 meter en kan door de wolken een hele dag verhuld worden<\/strong>, daarom is het absoluut cruciaal om hier alleen naartoe te gaan als de hemel boven de stad helder en blauw is. Vanaf de top zie je de hele stad in \u00e9\u00e9n keer \u2014 de baai van Guanabara, de omliggende regenwouden en de verre stranden \u2014 en bij goed zicht begrijp je waarom mensen hier van over de hele wereld naartoe komen.<\/p>\n\n\n\n<p class=\"wp-block-paragraph\">Interessant is dat er meerdere routes naar de bezienswaardigheid leiden, waaruit je kunt kiezen op basis van je budget en conditie. <strong>De duurste en populairste optie is het <a href=\"https:\/\/www.tremdocorcovado.rio\/\" rel=\"nofollow noopener\" target=\"_blank\">historische tandradbaantje Corcovado<\/a><\/strong>, iets goedkoper ben je uit met het offici\u00eble busje vanaf bezoekerscentrum Paineiras, en de allergoedkoopste manier is een pittige wandeling. Het beeld zelf uit 1931 is een meesterwerk in art-decostijl en zijn geopende armen verwelkomen symbolisch alle bezoekers van de stad.<\/p>\n\n\n\n<p class=\"wp-block-paragraph\">\ud83d\udca1 Tip: <strong>Kies je voor de wandeltocht, dan begint die in het prachtige park Parque Lage<\/strong> en gaat steil omhoog door dicht regenwoud. Het kost je zo&#8217;n twee tot drie uur, onderweg kom je waarschijnlijk nieuwsgierige apen tegen, maar het vraagt om stevig schoeisel en genoeg drinkwater, want klimmen in tropische vochtigheid is echt uitputtend.<\/p>\n\n\n\n<figure data-wp-context=\"{&quot;imageId&quot;:&quot;6a9c8f2678fcf&quot;}\" data-wp-interactive=\"core\/image\" data-wp-key=\"6a9c8f2678fcf\" class=\"wp-block-image size-full wp-lightbox-container\"><img decoding=\"async\" width=\"640\" height=\"480\" data-wp-class--hide=\"state.isContentHidden\" data-wp-class--show=\"state.isContentVisible\" data-wp-init=\"callbacks.setButtonStyles\" data-wp-on--click=\"actions.showLightbox\" data-wp-on--load=\"callbacks.setButtonStyles\" data-wp-on--pointerdown=\"actions.preloadImage\" data-wp-on--pointerenter=\"actions.preloadImageWithDelay\" data-wp-on--pointerleave=\"actions.cancelPreload\" data-wp-on-window--resize=\"callbacks.setButtonStyles\" src=\"https:\/\/loudavymkrokem.cz\/wp-content\/uploads\/2026\/09\/na-cukrovou-homoli.jpg\" alt=\"Kabelbaan naar de Suikerbroodberg (P\u00e3o de A\u00e7\u00facar)\" class=\"wp-image-413170\" title=\"\" srcset=\"https:\/\/loudavymkrokem.cz\/wp-content\/uploads\/2026\/09\/na-cukrovou-homoli.jpg 640w, https:\/\/loudavymkrokem.cz\/wp-content\/uploads\/2026\/09\/na-cukrovou-homoli-300x225.jpg 300w, https:\/\/loudavymkrokem.cz\/wp-content\/uploads\/2026\/09\/na-cukrovou-homoli-80x60.jpg 80w, https:\/\/loudavymkrokem.cz\/wp-content\/uploads\/2026\/09\/na-cukrovou-homoli-160x120.jpg 160w\" sizes=\"(max-width: 640px) 100vw, 640px\" \/><button\n\t\t\tclass=\"lightbox-trigger\"\n\t\t\ttype=\"button\"\n\t\t\taria-haspopup=\"dialog\"\n\t\t\tdata-wp-bind--aria-label=\"state.thisImage.triggerButtonAriaLabel\"\n\t\t\tdata-wp-init=\"callbacks.initTriggerButton\"\n\t\t\tdata-wp-on--click=\"actions.showLightbox\"\n\t\t\tdata-wp-style--right=\"state.thisImage.buttonRight\"\n\t\t\tdata-wp-style--top=\"state.thisImage.buttonTop\"\n\t\t>\n\t\t\t<svg xmlns=\"http:\/\/www.w3.org\/2000\/svg\" width=\"12\" height=\"12\" fill=\"none\" viewBox=\"0 0 12 12\">\n\t\t\t\t<path fill=\"#fff\" d=\"M2 0a2 2 0 0 0-2 2v2h1.5V2a.5.5 0 0 1 .5-.5h2V0H2Zm2 10.5H2a.5.5 0 0 1-.5-.5V8H0v2a2 2 0 0 0 2 2h2v-1.5ZM8 12v-1.5h2a.5.5 0 0 0 .5-.5V8H12v2a2 2 0 0 1-2 2H8Zm2-12a2 2 0 0 1 2 2v2h-1.5V2a.5.5 0 0 0-.5-.5H8V0h2Z\" \/>\n\t\t\t<\/svg>\n\t\t<\/button><figcaption class=\"wp-element-caption\">Foto: S\u00f3 Jesus salvar \/ Google Maps<\/figcaption><\/figure>\n\n\n\n<h3 class=\"wp-block-heading\"><span class=\"ez-toc-section\" id=\"2_Kabelbaan_naar_de_Suikerbroodberg_Pao_de_Acucar\"><\/span>2. Kabelbaan naar de Suikerbroodberg (P\u00e3o de A\u00e7\u00facar)<span class=\"ez-toc-section-end\"><\/span><\/h3>\n\n\n\n<p class=\"wp-block-paragraph\">Het tweede belangrijkste uitkijkpunt van de stad is een enorme granieten monoliet die steil oprijst recht uit het water van de oceaan. <strong>De <a href=\"https:\/\/bondinho.com.br\/\" rel=\"nofollow noopener\" target=\"_blank\">glazen kabelbaan<\/a> brengt je naar boven in twee aparte etappes<\/strong>, waarbij al vanaf het eerste overstappunt op de heuvel Morro da Urca een fantastisch schouwspel ontvouwt met ankerende jachten en landende vliegtuigen. Op de top van de Suikerbroodberg zelf bevind je je vervolgens op 396 meter hoogte en heb je de hele stad, inclusief het Christusbeeld aan de overkant, als op een dienblad voor je.<\/p>\n\n\n\n<p class=\"wp-block-paragraph\">Dit geologische wonder is omgeven door weelderige vegetatie en vaak zie je hier kleine penseelaapjes vrolijk in de boomtoppen rondspringen. <strong>Het hele massief functioneert als \u00e9\u00e9n groot natuurmonument<\/strong>, dus hoewel verschillende kaarten de kabelbaan en de heuvel vaak als aparte plekken tonen, gaat het om \u00e9\u00e9n samenhangende ervaring. Het uitzicht van hier is ronduit magisch, vooral in de late namiddag, wanneer de zon langzaam achter de hoge toppen van het nationaal park Tijuca zakt en de stad zich begint te verlichten.<\/p>\n\n\n\n<p class=\"wp-block-paragraph\">\ud83d\udca1 Tip: <strong>Wil je flink besparen op het vrij dure ticket, gebruik dan het pad Trilha do Morro da Urca<\/strong>, waarover je het eerste stuk te voet door de jungle aflegt in zo&#8217;n veertig minuten. Boven koop je dan een ticket voor alleen de tweede, hoogste etappe van de kabelbaan, waarmee je de totale kosten halveert \u00e9n de lange wachtrijen bij de kassa&#8217;s beneden vermijdt.<\/p>\n\n\n\n<figure data-wp-context=\"{&quot;imageId&quot;:&quot;6a9c8f267957f&quot;}\" data-wp-interactive=\"core\/image\" data-wp-key=\"6a9c8f267957f\" class=\"wp-block-image size-full wp-lightbox-container\"><img decoding=\"async\" width=\"1200\" height=\"675\" data-wp-class--hide=\"state.isContentHidden\" data-wp-class--show=\"state.isContentVisible\" data-wp-init=\"callbacks.setButtonStyles\" data-wp-on--click=\"actions.showLightbox\" data-wp-on--load=\"callbacks.setButtonStyles\" data-wp-on--pointerdown=\"actions.preloadImage\" data-wp-on--pointerenter=\"actions.preloadImageWithDelay\" data-wp-on--pointerleave=\"actions.cancelPreload\" data-wp-on-window--resize=\"callbacks.setButtonStyles\" src=\"https:\/\/loudavymkrokem.cz\/wp-content\/uploads\/2026\/09\/copacabana.jpg\" alt=\"Strand Copacabana en Forte de Copacabana\" class=\"wp-image-413175\" title=\"\" srcset=\"https:\/\/loudavymkrokem.cz\/wp-content\/uploads\/2026\/09\/copacabana.jpg 1200w, https:\/\/loudavymkrokem.cz\/wp-content\/uploads\/2026\/09\/copacabana-300x169.jpg 300w, https:\/\/loudavymkrokem.cz\/wp-content\/uploads\/2026\/09\/copacabana-700x394.jpg 700w, https:\/\/loudavymkrokem.cz\/wp-content\/uploads\/2026\/09\/copacabana-768x432.jpg 768w, https:\/\/loudavymkrokem.cz\/wp-content\/uploads\/2026\/09\/copacabana-696x392.jpg 696w\" sizes=\"(max-width: 1200px) 100vw, 1200px\" \/><button\n\t\t\tclass=\"lightbox-trigger\"\n\t\t\ttype=\"button\"\n\t\t\taria-haspopup=\"dialog\"\n\t\t\tdata-wp-bind--aria-label=\"state.thisImage.triggerButtonAriaLabel\"\n\t\t\tdata-wp-init=\"callbacks.initTriggerButton\"\n\t\t\tdata-wp-on--click=\"actions.showLightbox\"\n\t\t\tdata-wp-style--right=\"state.thisImage.buttonRight\"\n\t\t\tdata-wp-style--top=\"state.thisImage.buttonTop\"\n\t\t>\n\t\t\t<svg xmlns=\"http:\/\/www.w3.org\/2000\/svg\" width=\"12\" height=\"12\" fill=\"none\" viewBox=\"0 0 12 12\">\n\t\t\t\t<path fill=\"#fff\" d=\"M2 0a2 2 0 0 0-2 2v2h1.5V2a.5.5 0 0 1 .5-.5h2V0H2Zm2 10.5H2a.5.5 0 0 1-.5-.5V8H0v2a2 2 0 0 0 2 2h2v-1.5ZM8 12v-1.5h2a.5.5 0 0 0 .5-.5V8H12v2a2 2 0 0 1-2 2H8Zm2-12a2 2 0 0 1 2 2v2h-1.5V2a.5.5 0 0 0-.5-.5H8V0h2Z\" \/>\n\t\t\t<\/svg>\n\t\t<\/button><figcaption class=\"wp-element-caption\">Foto: Alby Set \/ Google Maps<\/figcaption><\/figure>\n\n\n\n<h3 class=\"wp-block-heading\"><span class=\"ez-toc-section\" id=\"3_Strand_Copacabana_en_Forte_de_Copacabana\"><\/span>3. Strand Copacabana en Forte de Copacabana<span class=\"ez-toc-section-end\"><\/span><\/h3>\n\n\n\n<p class=\"wp-block-paragraph\">Er bestaat waarschijnlijk geen beroemdere strook zand ter wereld dan juist dit drie\u00ebnhalve kilometer lange stuk, omzoomd door de iconische zwart-witte golvende bestrating. <strong>Copacabana vormt het bruisende hart van heel Rio<\/strong>, waar van &#8217;s ochtends vroeg tot laat in de middag beachvolleybal wordt gespeeld, verfrissende drankjes uit kraampjes worden gedronken en locals toeristen uit de hele wereld ontmoeten. De golven zijn hier vrij sterk, maar de brede strook fijn zand biedt genoeg ruimte om comfortabel te zonnen en lange wandelingen te maken.<\/p>\n\n\n\n<p class=\"wp-block-paragraph\">Aan het uiterste zuidelijke uiteinde van het strand rijst trots een historisch militair fort uit het begin van de twintigste eeuw op, dat vandaag de dag als fascinerend museum functioneert. <strong>Forte de Copacabana biedt een volledig perfect uitzicht over de hele lengte van het strand<\/strong> tot aan de majestueuze Suikerbroodberg in de verte. Binnen het complex kun je bewaard gebleven kanonnen, historische uniformen en oude foto&#8217;s bekijken die de complexe militaire geschiedenis van dit enorme Zuid-Amerikaanse land in kaart brengen.<\/p>\n\n\n\n<p class=\"wp-block-paragraph\">\ud83d\udca1 Tip: <strong>In het fort vind je het beroemde caf\u00e9 Confeitaria Colombo<\/strong>, waar je op het buitenterras kunt gaan zitten, een heerlijke koffie met een kaasbroodje p\u00e3o de queijo kunt bestellen en van de totale rust kunt genieten, weg van de drukke strandmassa. Vergeet niet dat je alleen overdag over de boulevard loopt; kies na het donker liever voor een taxi.<\/p>\n\n\n\n<figure data-wp-context=\"{&quot;imageId&quot;:&quot;6a9c8f2679c41&quot;}\" data-wp-interactive=\"core\/image\" data-wp-key=\"6a9c8f2679c41\" class=\"wp-block-image size-full wp-lightbox-container\"><img decoding=\"async\" width=\"1200\" height=\"900\" data-wp-class--hide=\"state.isContentHidden\" data-wp-class--show=\"state.isContentVisible\" data-wp-init=\"callbacks.setButtonStyles\" data-wp-on--click=\"actions.showLightbox\" data-wp-on--load=\"callbacks.setButtonStyles\" data-wp-on--pointerdown=\"actions.preloadImage\" data-wp-on--pointerenter=\"actions.preloadImageWithDelay\" data-wp-on--pointerleave=\"actions.cancelPreload\" data-wp-on-window--resize=\"callbacks.setButtonStyles\" src=\"https:\/\/loudavymkrokem.cz\/wp-content\/uploads\/2026\/09\/ipanema.jpg\" alt=\"Strand Ipanema en het systeem van reddingsposten\" class=\"wp-image-413179\" title=\"\" srcset=\"https:\/\/loudavymkrokem.cz\/wp-content\/uploads\/2026\/09\/ipanema.jpg 1200w, https:\/\/loudavymkrokem.cz\/wp-content\/uploads\/2026\/09\/ipanema-300x225.jpg 300w, https:\/\/loudavymkrokem.cz\/wp-content\/uploads\/2026\/09\/ipanema-700x525.jpg 700w, https:\/\/loudavymkrokem.cz\/wp-content\/uploads\/2026\/09\/ipanema-768x576.jpg 768w, https:\/\/loudavymkrokem.cz\/wp-content\/uploads\/2026\/09\/ipanema-80x60.jpg 80w, https:\/\/loudavymkrokem.cz\/wp-content\/uploads\/2026\/09\/ipanema-160x120.jpg 160w, https:\/\/loudavymkrokem.cz\/wp-content\/uploads\/2026\/09\/ipanema-696x522.jpg 696w\" sizes=\"(max-width: 1200px) 100vw, 1200px\" \/><button\n\t\t\tclass=\"lightbox-trigger\"\n\t\t\ttype=\"button\"\n\t\t\taria-haspopup=\"dialog\"\n\t\t\tdata-wp-bind--aria-label=\"state.thisImage.triggerButtonAriaLabel\"\n\t\t\tdata-wp-init=\"callbacks.initTriggerButton\"\n\t\t\tdata-wp-on--click=\"actions.showLightbox\"\n\t\t\tdata-wp-style--right=\"state.thisImage.buttonRight\"\n\t\t\tdata-wp-style--top=\"state.thisImage.buttonTop\"\n\t\t>\n\t\t\t<svg xmlns=\"http:\/\/www.w3.org\/2000\/svg\" width=\"12\" height=\"12\" fill=\"none\" viewBox=\"0 0 12 12\">\n\t\t\t\t<path fill=\"#fff\" d=\"M2 0a2 2 0 0 0-2 2v2h1.5V2a.5.5 0 0 1 .5-.5h2V0H2Zm2 10.5H2a.5.5 0 0 1-.5-.5V8H0v2a2 2 0 0 0 2 2h2v-1.5ZM8 12v-1.5h2a.5.5 0 0 0 .5-.5V8H12v2a2 2 0 0 1-2 2H8Zm2-12a2 2 0 0 1 2 2v2h-1.5V2a.5.5 0 0 0-.5-.5H8V0h2Z\" \/>\n\t\t\t<\/svg>\n\t\t<\/button><figcaption class=\"wp-element-caption\">Foto: Alby Set \/ Google Maps<\/figcaption><\/figure>\n\n\n\n<h3 class=\"wp-block-heading\"><span class=\"ez-toc-section\" id=\"4_Strand_Ipanema_en_het_systeem_van_reddingsposten\"><\/span>4. Strand Ipanema en het systeem van reddingsposten<span class=\"ez-toc-section-end\"><\/span><\/h3>\n\n\n\n<p class=\"wp-block-paragraph\">Als Copacabana staat voor massatoerisme, dan is Ipanema het symbool van elegantie, mode en een relaxte strandlevensstijl. <strong>Dit strand staat bekend om zijn ongelooflijk heldere water en prachtige uitzichten op het gebergte Dois Irm\u00e3os<\/strong>, dat een perfecte achtergrond vormt voor elke foto. Het zand is hier iets fijner en de algehele sfeer trekt eerder een jongere generatie, kunstenaars en designliefhebbers, die hiernaartoe komen vanuit de aangrenzende boetiekstraten.<\/p>\n\n\n\n<p class=\"wp-block-paragraph\">Voor de ori\u00ebntatie langs de lange kust gebruiken de locals de zogenaamde postos, genummerde reddingsposten die op regelmatige afstanden verspreid staan. <strong>Het beroemdste punt is zonder twijfel Posto 9 in Ipanema<\/strong>, dat van oudsher functioneert als h\u00e9t ontmoetingscentrum, waar mensen komen om te feesten, nieuwe zwemkleding te showen en over het leven te discussi\u00ebren. Elke posto heeft zijn eigen specifieke sfeer en trekt een net iets andere groep mensen aan, van gezinnen met kinderen tot fanatieke sporters.<\/p>\n\n\n\n<p class=\"wp-block-paragraph\">\ud83d\udca1 Tip: <strong>Krijg je honger, dan hoef je het strand helemaal niet te verlaten; koop gewoon een kom ijskoude a\u00e7a\u00ed bij de strandverkopers<\/strong>, een dikke paarse pulp uit Amazone-palmen bestrooid met krokante granola en banaan. Het is een perfecte, verfrissende en volledig vleesloze lekkernij die je in de tropische hitte meteen de nodige energie geeft voor de volgende duik.<\/p>\n\n\n\n<figure data-wp-context=\"{&quot;imageId&quot;:&quot;6a9c8f267a3f5&quot;}\" data-wp-interactive=\"core\/image\" data-wp-key=\"6a9c8f267a3f5\" class=\"wp-block-image size-full wp-lightbox-container\"><img decoding=\"async\" width=\"1600\" height=\"739\" data-wp-class--hide=\"state.isContentHidden\" data-wp-class--show=\"state.isContentVisible\" data-wp-init=\"callbacks.setButtonStyles\" data-wp-on--click=\"actions.showLightbox\" data-wp-on--load=\"callbacks.setButtonStyles\" data-wp-on--pointerdown=\"actions.preloadImage\" data-wp-on--pointerenter=\"actions.preloadImageWithDelay\" data-wp-on--pointerleave=\"actions.cancelPreload\" data-wp-on-window--resize=\"callbacks.setButtonStyles\" src=\"https:\/\/loudavymkrokem.cz\/wp-content\/uploads\/2026\/09\/leblon.jpg\" alt=\"Strand Leblon en uitkijkpunt Mirante do Leblon\" class=\"wp-image-413183\" title=\"\" srcset=\"https:\/\/loudavymkrokem.cz\/wp-content\/uploads\/2026\/09\/leblon.jpg 1600w, https:\/\/loudavymkrokem.cz\/wp-content\/uploads\/2026\/09\/leblon-300x139.jpg 300w, https:\/\/loudavymkrokem.cz\/wp-content\/uploads\/2026\/09\/leblon-700x323.jpg 700w, https:\/\/loudavymkrokem.cz\/wp-content\/uploads\/2026\/09\/leblon-768x355.jpg 768w, https:\/\/loudavymkrokem.cz\/wp-content\/uploads\/2026\/09\/leblon-1536x709.jpg 1536w, https:\/\/loudavymkrokem.cz\/wp-content\/uploads\/2026\/09\/leblon-696x321.jpg 696w, https:\/\/loudavymkrokem.cz\/wp-content\/uploads\/2026\/09\/leblon-1392x643.jpg 1392w\" sizes=\"(max-width: 1600px) 100vw, 1600px\" \/><button\n\t\t\tclass=\"lightbox-trigger\"\n\t\t\ttype=\"button\"\n\t\t\taria-haspopup=\"dialog\"\n\t\t\tdata-wp-bind--aria-label=\"state.thisImage.triggerButtonAriaLabel\"\n\t\t\tdata-wp-init=\"callbacks.initTriggerButton\"\n\t\t\tdata-wp-on--click=\"actions.showLightbox\"\n\t\t\tdata-wp-style--right=\"state.thisImage.buttonRight\"\n\t\t\tdata-wp-style--top=\"state.thisImage.buttonTop\"\n\t\t>\n\t\t\t<svg xmlns=\"http:\/\/www.w3.org\/2000\/svg\" width=\"12\" height=\"12\" fill=\"none\" viewBox=\"0 0 12 12\">\n\t\t\t\t<path fill=\"#fff\" d=\"M2 0a2 2 0 0 0-2 2v2h1.5V2a.5.5 0 0 1 .5-.5h2V0H2Zm2 10.5H2a.5.5 0 0 1-.5-.5V8H0v2a2 2 0 0 0 2 2h2v-1.5ZM8 12v-1.5h2a.5.5 0 0 0 .5-.5V8H12v2a2 2 0 0 1-2 2H8Zm2-12a2 2 0 0 1 2 2v2h-1.5V2a.5.5 0 0 0-.5-.5H8V0h2Z\" \/>\n\t\t\t<\/svg>\n\t\t<\/button><figcaption class=\"wp-element-caption\">Foto: Cassiano Neto \/ Google Maps<\/figcaption><\/figure>\n\n\n\n<h3 class=\"wp-block-heading\"><span class=\"ez-toc-section\" id=\"5_Strand_Leblon_en_uitkijkpunt_Mirante_do_Leblon\"><\/span>5. Strand Leblon en uitkijkpunt Mirante do Leblon<span class=\"ez-toc-section-end\"><\/span><\/h3>\n\n\n\n<p class=\"wp-block-paragraph\">Direct achter het kanaal dat Ipanema afscheidt, ligt de exclusieve wijk Leblon met zijn eigen, veel rustigere strand. <strong>Leblon wordt beschouwd als het veiligste en meest prestigieuze deel van de hele stad<\/strong>, wat zich niet alleen weerspiegelt in de statistiek van nul zware misdrijven, maar ook in de verzorgde lokale kiosken en de netheid van de hele kade. Het strand is het domein van lokale bewoners, gezinnen met kinderen en bekende persoonlijkheden die hier onder de parasols komen ontspannen, ver van de grootste toeristendrukte.<\/p>\n\n\n\n<p class=\"wp-block-paragraph\">Aan het uiterste einde van het strand, waar de weg omhoog begint te klimmen naar de steile heuvels, vind je een prachtig houten terras dat boven de bulderende oceaan uitsteekt. <strong>Het uitkijkpunt Mirante do Leblon biedt je een iconisch uitzicht over de hele lengte van de stranden van Leblon en Ipanema<\/strong>, omzoomd door palmen en hoge moderne gebouwen. Vooral in de namiddag komen hier mensen op de fiets naartoe om bij kleine kraampjes gekoeld kokoswater te kopen en te kijken hoe de stad zich langzaam te ruste legt.<\/p>\n\n\n\n<p class=\"wp-block-paragraph\">\ud83d\udca1 Tip: <strong>Op het uitkijkpunt zelf zijn een paar kleine bars waar je een verse sap van tropisch fruit kunt drinken<\/strong> terwijl je luistert naar het ruisen van de enorme golven die zich stukslaan op de rotsen recht onder je. Het is een ideale plek voor een romantische afsluiting van een lange dag; bovendien kom je hier vanaf het strand met een aangename wandeling over de veilige boulevard.<\/p>\n\n\n\n<figure data-wp-context=\"{&quot;imageId&quot;:&quot;6a9c8f267abee&quot;}\" data-wp-interactive=\"core\/image\" data-wp-key=\"6a9c8f267abee\" class=\"wp-block-image size-full wp-lightbox-container\"><img decoding=\"async\" width=\"1600\" height=\"1068\" data-wp-class--hide=\"state.isContentHidden\" data-wp-class--show=\"state.isContentVisible\" data-wp-init=\"callbacks.setButtonStyles\" data-wp-on--click=\"actions.showLightbox\" data-wp-on--load=\"callbacks.setButtonStyles\" data-wp-on--pointerdown=\"actions.preloadImage\" data-wp-on--pointerenter=\"actions.preloadImageWithDelay\" data-wp-on--pointerleave=\"actions.cancelPreload\" data-wp-on-window--resize=\"callbacks.setButtonStyles\" src=\"https:\/\/loudavymkrokem.cz\/wp-content\/uploads\/2026\/09\/pedra-do-arpoador.jpg\" alt=\"Rotspunt Pedra do Arpoador\" class=\"wp-image-413187\" title=\"\" srcset=\"https:\/\/loudavymkrokem.cz\/wp-content\/uploads\/2026\/09\/pedra-do-arpoador.jpg 1600w, https:\/\/loudavymkrokem.cz\/wp-content\/uploads\/2026\/09\/pedra-do-arpoador-300x200.jpg 300w, https:\/\/loudavymkrokem.cz\/wp-content\/uploads\/2026\/09\/pedra-do-arpoador-700x467.jpg 700w, https:\/\/loudavymkrokem.cz\/wp-content\/uploads\/2026\/09\/pedra-do-arpoador-768x513.jpg 768w, https:\/\/loudavymkrokem.cz\/wp-content\/uploads\/2026\/09\/pedra-do-arpoador-1536x1025.jpg 1536w, https:\/\/loudavymkrokem.cz\/wp-content\/uploads\/2026\/09\/pedra-do-arpoador-696x465.jpg 696w, https:\/\/loudavymkrokem.cz\/wp-content\/uploads\/2026\/09\/pedra-do-arpoador-1392x929.jpg 1392w\" sizes=\"(max-width: 1600px) 100vw, 1600px\" \/><button\n\t\t\tclass=\"lightbox-trigger\"\n\t\t\ttype=\"button\"\n\t\t\taria-haspopup=\"dialog\"\n\t\t\tdata-wp-bind--aria-label=\"state.thisImage.triggerButtonAriaLabel\"\n\t\t\tdata-wp-init=\"callbacks.initTriggerButton\"\n\t\t\tdata-wp-on--click=\"actions.showLightbox\"\n\t\t\tdata-wp-style--right=\"state.thisImage.buttonRight\"\n\t\t\tdata-wp-style--top=\"state.thisImage.buttonTop\"\n\t\t>\n\t\t\t<svg xmlns=\"http:\/\/www.w3.org\/2000\/svg\" width=\"12\" height=\"12\" fill=\"none\" viewBox=\"0 0 12 12\">\n\t\t\t\t<path fill=\"#fff\" d=\"M2 0a2 2 0 0 0-2 2v2h1.5V2a.5.5 0 0 1 .5-.5h2V0H2Zm2 10.5H2a.5.5 0 0 1-.5-.5V8H0v2a2 2 0 0 0 2 2h2v-1.5ZM8 12v-1.5h2a.5.5 0 0 0 .5-.5V8H12v2a2 2 0 0 1-2 2H8Zm2-12a2 2 0 0 1 2 2v2h-1.5V2a.5.5 0 0 0-.5-.5H8V0h2Z\" \/>\n\t\t\t<\/svg>\n\t\t<\/button><figcaption class=\"wp-element-caption\">Foto: Maur\u00edcio Moreno \/ Google Maps<\/figcaption><\/figure>\n\n\n\n<h3 class=\"wp-block-heading\"><span class=\"ez-toc-section\" id=\"6_Rotspunt_Pedra_do_Arpoador\"><\/span>6. Rotspunt Pedra do Arpoador<span class=\"ez-toc-section-end\"><\/span><\/h3>\n\n\n\n<p class=\"wp-block-paragraph\">Tussen het drukke Copacabana en het elegante Ipanema steekt een enorm rotsmassief diep de oceaan in, dat een natuurlijke grens vormt tussen de twee baaien. <strong>Pedra do Arpoador is een absolute legende onder surfers<\/strong>, want juist hier breken de beste en meest consistente golven van de hele stad. Overdag kun je vanaf de rotsen tientallen sporters bekijken die het zeegeweld bekwaam bedwingen, terwijl je tegen de warme steen leunt en de zilte oceaanlucht opsnuift.<\/p>\n\n\n\n<p class=\"wp-block-paragraph\">Maar het hoofdschouwspel begint hier pas in de vooravond, wanneer de rotsen zich vullen met honderden mensen met \u00e9\u00e9n gemeenschappelijk doel. <strong>Volgens de traditie begint de hele menigte enthousiast te applaudisseren zodra de zon achter de majestueuze berg Dois Irm\u00e3os zakt<\/strong>, om zo de natuur te bedanken voor weer een prachtige dag in deze paradijselijke stad. Het is een ongelooflijk krachtige en emotionele ervaring die perfect de warme en vrolijke Braziliaanse aard weergeeft, waar je meteen verliefd op wordt.<\/p>\n\n\n\n<p class=\"wp-block-paragraph\">\ud83d\udca1 Tip: <strong>Kom hier minstens een uur voor zonsondergang om een goede zitplaats te bemachtigen<\/strong>, want de rotsen zitten vaak echt bomvol. Op de terugweg is het de moeite waard om af te slaan naar een van de Japanse of Italiaanse restaurants in de buurt \u2014 eet je geen vlees, dan kom je hier aan je trekken.<\/p>\n\n\n\n<figure data-wp-context=\"{&quot;imageId&quot;:&quot;6a9c8f267b1b0&quot;}\" data-wp-interactive=\"core\/image\" data-wp-key=\"6a9c8f267b1b0\" class=\"wp-block-image size-full wp-lightbox-container\"><img decoding=\"async\" width=\"1254\" height=\"836\" data-wp-class--hide=\"state.isContentHidden\" data-wp-class--show=\"state.isContentVisible\" data-wp-init=\"callbacks.setButtonStyles\" data-wp-on--click=\"actions.showLightbox\" data-wp-on--load=\"callbacks.setButtonStyles\" data-wp-on--pointerdown=\"actions.preloadImage\" data-wp-on--pointerenter=\"actions.preloadImageWithDelay\" data-wp-on--pointerleave=\"actions.cancelPreload\" data-wp-on-window--resize=\"callbacks.setButtonStyles\" src=\"https:\/\/loudavymkrokem.cz\/wp-content\/uploads\/2026\/09\/escadaria-selar-n.jpg\" alt=\"Trap Escadaria Selar\u00f3n\" class=\"wp-image-413192\" title=\"\" srcset=\"https:\/\/loudavymkrokem.cz\/wp-content\/uploads\/2026\/09\/escadaria-selar-n.jpg 1254w, https:\/\/loudavymkrokem.cz\/wp-content\/uploads\/2026\/09\/escadaria-selar-n-300x200.jpg 300w, https:\/\/loudavymkrokem.cz\/wp-content\/uploads\/2026\/09\/escadaria-selar-n-700x467.jpg 700w, https:\/\/loudavymkrokem.cz\/wp-content\/uploads\/2026\/09\/escadaria-selar-n-768x512.jpg 768w, https:\/\/loudavymkrokem.cz\/wp-content\/uploads\/2026\/09\/escadaria-selar-n-696x464.jpg 696w\" sizes=\"(max-width: 1254px) 100vw, 1254px\" \/><button\n\t\t\tclass=\"lightbox-trigger\"\n\t\t\ttype=\"button\"\n\t\t\taria-haspopup=\"dialog\"\n\t\t\tdata-wp-bind--aria-label=\"state.thisImage.triggerButtonAriaLabel\"\n\t\t\tdata-wp-init=\"callbacks.initTriggerButton\"\n\t\t\tdata-wp-on--click=\"actions.showLightbox\"\n\t\t\tdata-wp-style--right=\"state.thisImage.buttonRight\"\n\t\t\tdata-wp-style--top=\"state.thisImage.buttonTop\"\n\t\t>\n\t\t\t<svg xmlns=\"http:\/\/www.w3.org\/2000\/svg\" width=\"12\" height=\"12\" fill=\"none\" viewBox=\"0 0 12 12\">\n\t\t\t\t<path fill=\"#fff\" d=\"M2 0a2 2 0 0 0-2 2v2h1.5V2a.5.5 0 0 1 .5-.5h2V0H2Zm2 10.5H2a.5.5 0 0 1-.5-.5V8H0v2a2 2 0 0 0 2 2h2v-1.5ZM8 12v-1.5h2a.5.5 0 0 0 .5-.5V8H12v2a2 2 0 0 1-2 2H8Zm2-12a2 2 0 0 1 2 2v2h-1.5V2a.5.5 0 0 0-.5-.5H8V0h2Z\" \/>\n\t\t\t<\/svg>\n\t\t<\/button><figcaption class=\"wp-element-caption\">Foto: Imanol Gallego \/ Google Maps<\/figcaption><\/figure>\n\n\n\n<h3 class=\"wp-block-heading\"><span class=\"ez-toc-section\" id=\"7_Trap_Escadaria_Selaron\"><\/span>7. Trap Escadaria Selar\u00f3n<span class=\"ez-toc-section-end\"><\/span><\/h3>\n\n\n\n<p class=\"wp-block-paragraph\">In de bohemienwijk Lapa stuit je op een trap die je op Instagram meteen herkent \u2014 ook al weet je niet hoe die heet. <strong>Escadaria Selar\u00f3n is een monumentale trap van tweehonderdvijftien treden<\/strong>, die de Chileense kunstenaar Jorge Selar\u00f3n geleidelijk bekleedde met duizenden felgekleurde tegeltjes uit de hele wereld. Hij werkte meer dan twintig jaar aan zijn levenswerk ter ere van het Braziliaanse volk en vandaag de dag is deze bontgekleurde corridor een absolute must voor elke bezoeker van de stad.<\/p>\n\n\n\n<p class=\"wp-block-paragraph\">Bij nauwkeurig kijken ontdek je dat de tegels uit meer dan zestig landen ter wereld komen en vele ervan werden hem door zijn eigen fans opgestuurd. <strong>Elk stukje keramiek vertelt zijn eigen verhaal en het hele moza\u00efek verandert voortdurend<\/strong>, terwijl je hoger en hoger klimt richting de kunstwijk Santa Teresa. De sfeer van de plek wordt vaak aangevuld door straatmuzikanten en verkopers van kleine souvenirs, die de trap een onvervalst lokaal kleurtje geven.<\/p>\n\n\n\n<p class=\"wp-block-paragraph\">\ud83d\udca1 Tip: <strong>Kom hier meteen &#8217;s ochtends vroeg, idealiter rond acht uur, anders staan er drommen andere toeristen op je foto&#8217;s<\/strong>, want overdag ontstaan er enorme opstoppingen op de trap. De trap verbindt de wijk Lapa met Santa Teresa, dus na de beklimming kun je vloeiend doorgaan met een verkenning van de historische straatjes boven op de heuvel.<\/p>\n\n\n\n<figure data-wp-context=\"{&quot;imageId&quot;:&quot;6a9c8f267b801&quot;}\" data-wp-interactive=\"core\/image\" data-wp-key=\"6a9c8f267b801\" class=\"wp-block-image size-full wp-lightbox-container\"><img decoding=\"async\" width=\"1080\" height=\"1350\" data-wp-class--hide=\"state.isContentHidden\" data-wp-class--show=\"state.isContentVisible\" data-wp-init=\"callbacks.setButtonStyles\" data-wp-on--click=\"actions.showLightbox\" data-wp-on--load=\"callbacks.setButtonStyles\" data-wp-on--pointerdown=\"actions.preloadImage\" data-wp-on--pointerenter=\"actions.preloadImageWithDelay\" data-wp-on--pointerleave=\"actions.cancelPreload\" data-wp-on-window--resize=\"callbacks.setButtonStyles\" src=\"https:\/\/loudavymkrokem.cz\/wp-content\/uploads\/2026\/09\/santa-teresa.jpg\" alt=\"Wijk Santa Teresa en de historische tram\" class=\"wp-image-413195\" title=\"\" srcset=\"https:\/\/loudavymkrokem.cz\/wp-content\/uploads\/2026\/09\/santa-teresa.jpg 1080w, https:\/\/loudavymkrokem.cz\/wp-content\/uploads\/2026\/09\/santa-teresa-240x300.jpg 240w, https:\/\/loudavymkrokem.cz\/wp-content\/uploads\/2026\/09\/santa-teresa-700x875.jpg 700w, https:\/\/loudavymkrokem.cz\/wp-content\/uploads\/2026\/09\/santa-teresa-768x960.jpg 768w, https:\/\/loudavymkrokem.cz\/wp-content\/uploads\/2026\/09\/santa-teresa-696x870.jpg 696w\" sizes=\"(max-width: 1080px) 100vw, 1080px\" \/><button\n\t\t\tclass=\"lightbox-trigger\"\n\t\t\ttype=\"button\"\n\t\t\taria-haspopup=\"dialog\"\n\t\t\tdata-wp-bind--aria-label=\"state.thisImage.triggerButtonAriaLabel\"\n\t\t\tdata-wp-init=\"callbacks.initTriggerButton\"\n\t\t\tdata-wp-on--click=\"actions.showLightbox\"\n\t\t\tdata-wp-style--right=\"state.thisImage.buttonRight\"\n\t\t\tdata-wp-style--top=\"state.thisImage.buttonTop\"\n\t\t>\n\t\t\t<svg xmlns=\"http:\/\/www.w3.org\/2000\/svg\" width=\"12\" height=\"12\" fill=\"none\" viewBox=\"0 0 12 12\">\n\t\t\t\t<path fill=\"#fff\" d=\"M2 0a2 2 0 0 0-2 2v2h1.5V2a.5.5 0 0 1 .5-.5h2V0H2Zm2 10.5H2a.5.5 0 0 1-.5-.5V8H0v2a2 2 0 0 0 2 2h2v-1.5ZM8 12v-1.5h2a.5.5 0 0 0 .5-.5V8H12v2a2 2 0 0 1-2 2H8Zm2-12a2 2 0 0 1 2 2v2h-1.5V2a.5.5 0 0 0-.5-.5H8V0h2Z\" \/>\n\t\t\t<\/svg>\n\t\t<\/button><figcaption class=\"wp-element-caption\">Foto: Guilherme Carvalho \/ Google Maps<\/figcaption><\/figure>\n\n\n\n<h3 class=\"wp-block-heading\"><span class=\"ez-toc-section\" id=\"8_Wijk_Santa_Teresa_en_de_historische_tram\"><\/span>8. Wijk Santa Teresa en de historische tram<span class=\"ez-toc-section-end\"><\/span><\/h3>\n\n\n\n<p class=\"wp-block-paragraph\">Hoog op de heuvels boven het drukke centrum schuilt een pittoreske wijk die uit een heel andere eeuw lijkt te komen. <strong>Santa Teresa staat vol smalle geplaveide straatjes, oude koloniale villa&#8217;s en onafhankelijke kunstateliers<\/strong>, waardoor het de bijnaam het Braziliaanse Montmartre verdiende. Vanaf de lokale uitkijkpunten ontvouwen zich prachtige uitzichten op de baai en de moderne wolkenkrabbers diep onder je, terwijl jij in een rustig caf\u00e9 in de schaduw van hoge bomen zit.<\/p>\n\n\n\n<p class=\"wp-block-paragraph\">De meest iconische manier om deze steile wijk te bereiken is een rit met de beroemde gele tram, bondinho genaamd. <strong>De historische tram vertrekt vanaf het station Station of Santa Teresa trams in het centrum en klimt rammelend de steile heuvels op<\/strong>, waarbij hij onderweg over een enorm wit aquaduct rijdt. Het is een prachtige, nostalgische ervaring waarbij je de wind door je haar voelt en de stad ziet vanuit een volledig uniek, licht verhoogd perspectief.<\/p>\n\n\n\n<p class=\"wp-block-paragraph\">\ud83d\udca1 Tip: <strong>Bestel in de schilderachtige lokale bistro&#8217;s zeker een heerlijke tapioca, een glutenvrije pannenkoek van maniokmeel<\/strong>, die ze graag voor je vullen met kaas, tomaat en verse kruiden. Het is een traditioneel, voedzaam en toch licht vegetarisch gerecht dat perfect past bij de ontspannen sfeer van deze kunstwijk.<\/p>\n\n\n\n<figure data-wp-context=\"{&quot;imageId&quot;:&quot;6a9c8f267bddc&quot;}\" data-wp-interactive=\"core\/image\" data-wp-key=\"6a9c8f267bddc\" class=\"wp-block-image size-full wp-lightbox-container\"><img decoding=\"async\" width=\"1600\" height=\"1600\" data-wp-class--hide=\"state.isContentHidden\" data-wp-class--show=\"state.isContentVisible\" data-wp-init=\"callbacks.setButtonStyles\" data-wp-on--click=\"actions.showLightbox\" data-wp-on--load=\"callbacks.setButtonStyles\" data-wp-on--pointerdown=\"actions.preloadImage\" data-wp-on--pointerenter=\"actions.preloadImageWithDelay\" data-wp-on--pointerleave=\"actions.cancelPreload\" data-wp-on-window--resize=\"callbacks.setButtonStyles\" src=\"https:\/\/loudavymkrokem.cz\/wp-content\/uploads\/2026\/09\/arcos-da-lapa.jpg\" alt=\"Aquaduct Arcos da Lapa\" class=\"wp-image-413198\" title=\"\" srcset=\"https:\/\/loudavymkrokem.cz\/wp-content\/uploads\/2026\/09\/arcos-da-lapa.jpg 1600w, https:\/\/loudavymkrokem.cz\/wp-content\/uploads\/2026\/09\/arcos-da-lapa-300x300.jpg 300w, https:\/\/loudavymkrokem.cz\/wp-content\/uploads\/2026\/09\/arcos-da-lapa-700x700.jpg 700w, https:\/\/loudavymkrokem.cz\/wp-content\/uploads\/2026\/09\/arcos-da-lapa-150x150.jpg 150w, https:\/\/loudavymkrokem.cz\/wp-content\/uploads\/2026\/09\/arcos-da-lapa-768x768.jpg 768w, https:\/\/loudavymkrokem.cz\/wp-content\/uploads\/2026\/09\/arcos-da-lapa-1536x1536.jpg 1536w, https:\/\/loudavymkrokem.cz\/wp-content\/uploads\/2026\/09\/arcos-da-lapa-696x696.jpg 696w, https:\/\/loudavymkrokem.cz\/wp-content\/uploads\/2026\/09\/arcos-da-lapa-1392x1392.jpg 1392w\" sizes=\"(max-width: 1600px) 100vw, 1600px\" \/><button\n\t\t\tclass=\"lightbox-trigger\"\n\t\t\ttype=\"button\"\n\t\t\taria-haspopup=\"dialog\"\n\t\t\tdata-wp-bind--aria-label=\"state.thisImage.triggerButtonAriaLabel\"\n\t\t\tdata-wp-init=\"callbacks.initTriggerButton\"\n\t\t\tdata-wp-on--click=\"actions.showLightbox\"\n\t\t\tdata-wp-style--right=\"state.thisImage.buttonRight\"\n\t\t\tdata-wp-style--top=\"state.thisImage.buttonTop\"\n\t\t>\n\t\t\t<svg xmlns=\"http:\/\/www.w3.org\/2000\/svg\" width=\"12\" height=\"12\" fill=\"none\" viewBox=\"0 0 12 12\">\n\t\t\t\t<path fill=\"#fff\" d=\"M2 0a2 2 0 0 0-2 2v2h1.5V2a.5.5 0 0 1 .5-.5h2V0H2Zm2 10.5H2a.5.5 0 0 1-.5-.5V8H0v2a2 2 0 0 0 2 2h2v-1.5ZM8 12v-1.5h2a.5.5 0 0 0 .5-.5V8H12v2a2 2 0 0 1-2 2H8Zm2-12a2 2 0 0 1 2 2v2h-1.5V2a.5.5 0 0 0-.5-.5H8V0h2Z\" \/>\n\t\t\t<\/svg>\n\t\t<\/button><figcaption class=\"wp-element-caption\">Foto: W Travel \/ Google Maps<\/figcaption><\/figure>\n\n\n\n<h3 class=\"wp-block-heading\"><span class=\"ez-toc-section\" id=\"9_Aquaduct_Arcos_da_Lapa\"><\/span>9. Aquaduct Arcos da Lapa<span class=\"ez-toc-section-end\"><\/span><\/h3>\n\n\n\n<p class=\"wp-block-paragraph\">Zodra je in Lapa aankomt, springen je ogen meteen op het enorme witte aquaduct dat het hele plein volledig domineert. <strong>Arcos da Lapa is een monumentaal aquaduct uit de achttiende eeuw dat vroeger drinkwater vanaf de omliggende heuvels aanvoerde<\/strong> tot in het centrum van de snelgroeiende koloniale stad. Met zijn twee\u00ebnveertig massieve bogen is het een van de belangrijkste monumenten van Portugese architectuur in het hele land.<\/p>\n\n\n\n<p class=\"wp-block-paragraph\">Hoewel er allang geen water meer doorheen stroomt, vond het bouwwerk een nieuwe en niet minder belangrijke bestemming in het moderne vervoer. <strong>Juist over de bovenkant van dit historische aquaduct dendert vandaag de dag de legendarische gele tram op weg naar Santa Teresa<\/strong>, wat een ongelooflijk fotogeniek contrast tussen oud en nieuw oplevert. Het plein onder de bogen komt vooral op vrijdagavond tot leven, wanneer locals hier samenkomen voor wilde straatfeesten vol dans en luide muziek.<\/p>\n\n\n\n<p class=\"wp-block-paragraph\">\ud83d\udca1 Tip: <strong>De mooiste foto&#8217;s van het aquaduct maak je op enige afstand vanaf het plein Pra\u00e7a Cardeal C\u00e2mara<\/strong>, waar de hele imposante lengte en de stralend witte kleur mooi tot hun recht komen. Wil je de nachtelijke drukte en de partysfeer vermijden, bezoek deze plek dan liever tijdens een weekendochtend, wanneer de omgeving heerlijk rustig is.<\/p>\n\n\n\n<figure data-wp-context=\"{&quot;imageId&quot;:&quot;6a9c8f267c343&quot;}\" data-wp-interactive=\"core\/image\" data-wp-key=\"6a9c8f267c343\" class=\"wp-block-image size-full wp-lightbox-container\"><img decoding=\"async\" width=\"1600\" height=\"1200\" data-wp-class--hide=\"state.isContentHidden\" data-wp-class--show=\"state.isContentVisible\" data-wp-init=\"callbacks.setButtonStyles\" data-wp-on--click=\"actions.showLightbox\" data-wp-on--load=\"callbacks.setButtonStyles\" data-wp-on--pointerdown=\"actions.preloadImage\" data-wp-on--pointerenter=\"actions.preloadImageWithDelay\" data-wp-on--pointerleave=\"actions.cancelPreload\" data-wp-on-window--resize=\"callbacks.setButtonStyles\" src=\"https:\/\/loudavymkrokem.cz\/wp-content\/uploads\/2026\/09\/parque-das-ru-nas.jpg\" alt=\"Galerie Parque das Ru\u00ednas\" class=\"wp-image-413202\" title=\"\" srcset=\"https:\/\/loudavymkrokem.cz\/wp-content\/uploads\/2026\/09\/parque-das-ru-nas.jpg 1600w, https:\/\/loudavymkrokem.cz\/wp-content\/uploads\/2026\/09\/parque-das-ru-nas-300x225.jpg 300w, https:\/\/loudavymkrokem.cz\/wp-content\/uploads\/2026\/09\/parque-das-ru-nas-700x525.jpg 700w, https:\/\/loudavymkrokem.cz\/wp-content\/uploads\/2026\/09\/parque-das-ru-nas-768x576.jpg 768w, https:\/\/loudavymkrokem.cz\/wp-content\/uploads\/2026\/09\/parque-das-ru-nas-1536x1152.jpg 1536w, https:\/\/loudavymkrokem.cz\/wp-content\/uploads\/2026\/09\/parque-das-ru-nas-80x60.jpg 80w, https:\/\/loudavymkrokem.cz\/wp-content\/uploads\/2026\/09\/parque-das-ru-nas-160x120.jpg 160w, https:\/\/loudavymkrokem.cz\/wp-content\/uploads\/2026\/09\/parque-das-ru-nas-696x522.jpg 696w, https:\/\/loudavymkrokem.cz\/wp-content\/uploads\/2026\/09\/parque-das-ru-nas-1392x1044.jpg 1392w\" sizes=\"(max-width: 1600px) 100vw, 1600px\" \/><button\n\t\t\tclass=\"lightbox-trigger\"\n\t\t\ttype=\"button\"\n\t\t\taria-haspopup=\"dialog\"\n\t\t\tdata-wp-bind--aria-label=\"state.thisImage.triggerButtonAriaLabel\"\n\t\t\tdata-wp-init=\"callbacks.initTriggerButton\"\n\t\t\tdata-wp-on--click=\"actions.showLightbox\"\n\t\t\tdata-wp-style--right=\"state.thisImage.buttonRight\"\n\t\t\tdata-wp-style--top=\"state.thisImage.buttonTop\"\n\t\t>\n\t\t\t<svg xmlns=\"http:\/\/www.w3.org\/2000\/svg\" width=\"12\" height=\"12\" fill=\"none\" viewBox=\"0 0 12 12\">\n\t\t\t\t<path fill=\"#fff\" d=\"M2 0a2 2 0 0 0-2 2v2h1.5V2a.5.5 0 0 1 .5-.5h2V0H2Zm2 10.5H2a.5.5 0 0 1-.5-.5V8H0v2a2 2 0 0 0 2 2h2v-1.5ZM8 12v-1.5h2a.5.5 0 0 0 .5-.5V8H12v2a2 2 0 0 1-2 2H8Zm2-12a2 2 0 0 1 2 2v2h-1.5V2a.5.5 0 0 0-.5-.5H8V0h2Z\" \/>\n\t\t\t<\/svg>\n\t\t<\/button><figcaption class=\"wp-element-caption\">Foto: Andr\u00e9 Marcelo de Lourdes \/ Google Maps<\/figcaption><\/figure>\n\n\n\n<h3 class=\"wp-block-heading\"><span class=\"ez-toc-section\" id=\"10_Galerie_Parque_das_Ruinas\"><\/span>10. Galerie Parque das Ru\u00ednas<span class=\"ez-toc-section-end\"><\/span><\/h3>\n\n\n\n<p class=\"wp-block-paragraph\">In het hart van het historische Santa Teresa bevindt zich een architectonisch juweel dat op geniale wijze het glorieuze verleden verbindt met modern design. <strong>Parque das Ru\u00ednas is een fascinerend openbaar park en cultureel centrum, gebouwd direct in de resten van een oude adellijke villa<\/strong>, die toebehoorde aan een rijke Braziliaanse kunstmecenas. De architecten behielden de kale bakstenen muren en vulden ze aan met een moderne stalen trap en enorme glazen panelen, waardoor een volledig unieke ruimte ontstond.<\/p>\n\n\n\n<p class=\"wp-block-paragraph\">Vanaf de hoogste verdiepingen van deze gerenoveerde ru\u00efne krijg je een uitzicht dat je je de rest van je leven zult herinneren. <strong>De uitkijkplatforms bieden een ongestoord panoramisch uitzicht op het hele historische centrum, de Suikerbroodberg en de baai van Guanabara<\/strong>, en dat alles zonder enige entreekosten. In het complex vinden regelmatig openluchtconcerten, theatervoorstellingen en tentoonstellingen van hedendaagse kunst plaats, die zowel lokale intellectuelen als nieuwsgierige reizigers aantrekken.<\/p>\n\n\n\n<p class=\"wp-block-paragraph\">\ud83d\udca1 Tip: <strong>Op de begane grond van het complex zit een prima klein caf\u00e9 met buitenzitplaatsen<\/strong>, waar je een ijskoffie kunt drinken en de drukte om je heen kunt bekijken. De openingstijden kunnen vari\u00ebren afhankelijk van de lopende culturele evenementen, controleer daarom v\u00f3\u00f3r je bezoek of het niet toevallig maandag is, wanneer de meeste musea en galeries in Rio strikt gesloten zijn.<\/p>\n\n\n\n<figure data-wp-context=\"{&quot;imageId&quot;:&quot;6a9c8f267c941&quot;}\" data-wp-interactive=\"core\/image\" data-wp-key=\"6a9c8f267c941\" class=\"wp-block-image size-full wp-lightbox-container\"><img decoding=\"async\" width=\"1600\" height=\"2125\" data-wp-class--hide=\"state.isContentHidden\" data-wp-class--show=\"state.isContentVisible\" data-wp-init=\"callbacks.setButtonStyles\" data-wp-on--click=\"actions.showLightbox\" data-wp-on--load=\"callbacks.setButtonStyles\" data-wp-on--pointerdown=\"actions.preloadImage\" data-wp-on--pointerenter=\"actions.preloadImageWithDelay\" data-wp-on--pointerleave=\"actions.cancelPreload\" data-wp-on-window--resize=\"callbacks.setButtonStyles\" src=\"https:\/\/loudavymkrokem.cz\/wp-content\/uploads\/2026\/09\/tijuca-national-park.jpg\" alt=\"Stedelijk regenwoud Tijuca National Park\" class=\"wp-image-413205\" title=\"\" srcset=\"https:\/\/loudavymkrokem.cz\/wp-content\/uploads\/2026\/09\/tijuca-national-park.jpg 1600w, https:\/\/loudavymkrokem.cz\/wp-content\/uploads\/2026\/09\/tijuca-national-park-226x300.jpg 226w, https:\/\/loudavymkrokem.cz\/wp-content\/uploads\/2026\/09\/tijuca-national-park-700x930.jpg 700w, https:\/\/loudavymkrokem.cz\/wp-content\/uploads\/2026\/09\/tijuca-national-park-768x1020.jpg 768w, https:\/\/loudavymkrokem.cz\/wp-content\/uploads\/2026\/09\/tijuca-national-park-1157x1536.jpg 1157w, https:\/\/loudavymkrokem.cz\/wp-content\/uploads\/2026\/09\/tijuca-national-park-1542x2048.jpg 1542w, https:\/\/loudavymkrokem.cz\/wp-content\/uploads\/2026\/09\/tijuca-national-park-696x924.jpg 696w, https:\/\/loudavymkrokem.cz\/wp-content\/uploads\/2026\/09\/tijuca-national-park-1392x1849.jpg 1392w\" sizes=\"(max-width: 1600px) 100vw, 1600px\" \/><button\n\t\t\tclass=\"lightbox-trigger\"\n\t\t\ttype=\"button\"\n\t\t\taria-haspopup=\"dialog\"\n\t\t\tdata-wp-bind--aria-label=\"state.thisImage.triggerButtonAriaLabel\"\n\t\t\tdata-wp-init=\"callbacks.initTriggerButton\"\n\t\t\tdata-wp-on--click=\"actions.showLightbox\"\n\t\t\tdata-wp-style--right=\"state.thisImage.buttonRight\"\n\t\t\tdata-wp-style--top=\"state.thisImage.buttonTop\"\n\t\t>\n\t\t\t<svg xmlns=\"http:\/\/www.w3.org\/2000\/svg\" width=\"12\" height=\"12\" fill=\"none\" viewBox=\"0 0 12 12\">\n\t\t\t\t<path fill=\"#fff\" d=\"M2 0a2 2 0 0 0-2 2v2h1.5V2a.5.5 0 0 1 .5-.5h2V0H2Zm2 10.5H2a.5.5 0 0 1-.5-.5V8H0v2a2 2 0 0 0 2 2h2v-1.5ZM8 12v-1.5h2a.5.5 0 0 0 .5-.5V8H12v2a2 2 0 0 1-2 2H8Zm2-12a2 2 0 0 1 2 2v2h-1.5V2a.5.5 0 0 0-.5-.5H8V0h2Z\" \/>\n\t\t\t<\/svg>\n\t\t<\/button><figcaption class=\"wp-element-caption\">Foto: Clifford Aldan \/ Google Maps<\/figcaption><\/figure>\n\n\n\n<h3 class=\"wp-block-heading\"><span class=\"ez-toc-section\" id=\"11_Stedelijk_regenwoud_Tijuca_National_Park\"><\/span>11. Stedelijk regenwoud Tijuca National Park<span class=\"ez-toc-section-end\"><\/span><\/h3>\n\n\n\n<p class=\"wp-block-paragraph\">Terwijl andere grote steden uitgestrekte parken en tuinen hebben, kan Rio de Janeiro prat gaan op iets veel wilders en monumentalers. <strong>Het nationaal park Tijuca is een enorm stedelijk regenwoud dat de steile bergmassieven midden in de miljoenenmetropool bedekt.<\/strong> Deze groene long van de stad zuivert niet alleen de lucht en koelt het tropische klimaat, maar biedt ook onderdak aan duizenden soorten exotische dieren, enorme vlinders en brutaal nieuwsgierige apen.<\/p>\n\n\n\n<p class=\"wp-block-paragraph\">Het hele regenwoud is doorweven met een netwerk van onderhouden wandelpaden die je naar bruisende watervallen, donkere grotten en adembenemende uitkijkpunten leiden. <strong>Tijdens een wandeling onder de kruinen van eeuwenoude bomen vergeet je volledig dat je je in een van de drukste steden van Zuid-Amerika bevindt<\/strong>, want het geluid van verkeer wordt hier volledig vervangen door het gekrijs van bontgekleurde papegaaien. De geschiedenis van deze plek is fascinerend, want het regenwoud werd in de negentiende eeuw met de hand opnieuw aangeplant nadat de oorspronkelijke begroeiing door koffieplantages was vernietigd.<\/p>\n\n\n\n<p class=\"wp-block-paragraph\">\ud83d\udca1 Tip: <strong>Voor het verkennen van het regenwoud huur je idealiter een gecertificeerde gids met een jeep<\/strong>, want het park is enorm en de ori\u00ebntatie op de bospaden kan verraderlijk zijn. Vergeet geen sterke insectenwerende spray tegen het tropische ongedierte en een lichte regenjas in te pakken, want het microklimaat onder de bomen is duidelijk vochtiger en koeler dan beneden op de stranden.<\/p>\n\n\n\n<figure data-wp-context=\"{&quot;imageId&quot;:&quot;6a9c8f267d21a&quot;}\" data-wp-interactive=\"core\/image\" data-wp-key=\"6a9c8f267d21a\" class=\"wp-block-image size-full wp-lightbox-container\"><img decoding=\"async\" width=\"1600\" height=\"1200\" data-wp-class--hide=\"state.isContentHidden\" data-wp-class--show=\"state.isContentVisible\" data-wp-init=\"callbacks.setButtonStyles\" data-wp-on--click=\"actions.showLightbox\" data-wp-on--load=\"callbacks.setButtonStyles\" data-wp-on--pointerdown=\"actions.preloadImage\" data-wp-on--pointerenter=\"actions.preloadImageWithDelay\" data-wp-on--pointerleave=\"actions.cancelPreload\" data-wp-on-window--resize=\"callbacks.setButtonStyles\" src=\"https:\/\/loudavymkrokem.cz\/wp-content\/uploads\/2026\/09\/mirante-dona-marta.jpg\" alt=\"Uitkijkpunt Mirante Dona Marta\" class=\"wp-image-413209\" title=\"\" srcset=\"https:\/\/loudavymkrokem.cz\/wp-content\/uploads\/2026\/09\/mirante-dona-marta.jpg 1600w, https:\/\/loudavymkrokem.cz\/wp-content\/uploads\/2026\/09\/mirante-dona-marta-300x225.jpg 300w, https:\/\/loudavymkrokem.cz\/wp-content\/uploads\/2026\/09\/mirante-dona-marta-700x525.jpg 700w, https:\/\/loudavymkrokem.cz\/wp-content\/uploads\/2026\/09\/mirante-dona-marta-768x576.jpg 768w, https:\/\/loudavymkrokem.cz\/wp-content\/uploads\/2026\/09\/mirante-dona-marta-1536x1152.jpg 1536w, https:\/\/loudavymkrokem.cz\/wp-content\/uploads\/2026\/09\/mirante-dona-marta-80x60.jpg 80w, https:\/\/loudavymkrokem.cz\/wp-content\/uploads\/2026\/09\/mirante-dona-marta-160x120.jpg 160w, https:\/\/loudavymkrokem.cz\/wp-content\/uploads\/2026\/09\/mirante-dona-marta-696x522.jpg 696w, https:\/\/loudavymkrokem.cz\/wp-content\/uploads\/2026\/09\/mirante-dona-marta-1392x1044.jpg 1392w\" sizes=\"(max-width: 1600px) 100vw, 1600px\" \/><button\n\t\t\tclass=\"lightbox-trigger\"\n\t\t\ttype=\"button\"\n\t\t\taria-haspopup=\"dialog\"\n\t\t\tdata-wp-bind--aria-label=\"state.thisImage.triggerButtonAriaLabel\"\n\t\t\tdata-wp-init=\"callbacks.initTriggerButton\"\n\t\t\tdata-wp-on--click=\"actions.showLightbox\"\n\t\t\tdata-wp-style--right=\"state.thisImage.buttonRight\"\n\t\t\tdata-wp-style--top=\"state.thisImage.buttonTop\"\n\t\t>\n\t\t\t<svg xmlns=\"http:\/\/www.w3.org\/2000\/svg\" width=\"12\" height=\"12\" fill=\"none\" viewBox=\"0 0 12 12\">\n\t\t\t\t<path fill=\"#fff\" d=\"M2 0a2 2 0 0 0-2 2v2h1.5V2a.5.5 0 0 1 .5-.5h2V0H2Zm2 10.5H2a.5.5 0 0 1-.5-.5V8H0v2a2 2 0 0 0 2 2h2v-1.5ZM8 12v-1.5h2a.5.5 0 0 0 .5-.5V8H12v2a2 2 0 0 1-2 2H8Zm2-12a2 2 0 0 1 2 2v2h-1.5V2a.5.5 0 0 0-.5-.5H8V0h2Z\" \/>\n\t\t\t<\/svg>\n\t\t<\/button><figcaption class=\"wp-element-caption\">Foto: Leonardo Pessoa \/ Google Maps<\/figcaption><\/figure>\n\n\n\n<!-- LKM_GYG_CARD start q=\"rio de janeiro\" lang=\"nl\" rendered=\"2026-09-05T19:08:47+00:00\" v=\"1\" -->\n\n<!-- LKM_GYG_CARD end -->\n\n\n\n\n<div class=\"lk-stays-module\">\n<style>\n\/* \u2500\u2500\u2500 RESET PRO GUTENBERG \u2500\u2500\u2500 *\/\n.lk-stays-module * { box-sizing: border-box; margin: 0; padding: 0; }\n\n\/* \u2500\u2500\u2500 WRAPPER \u2500\u2500\u2500 *\/\n.lk-stays-module {\n  font-family: 'DM Sans', Georgia, sans-serif;\n  max-width: 100%;\n  margin: 2.5rem auto;\n  background: linear-gradient(135deg, #fdfaf5 0%, #fcf8f0 100%);\n  border: 1px solid #e8dfd4;\n  border-radius: 16px;\n  overflow: hidden;\n  box-shadow: 0 16px 48px rgba(195, 159, 118, 0.25), 0 4px 12px rgba(0,0,0,0.08);\n}\n\n\/* \u2500\u2500\u2500 HEADER \u2500\u2500\u2500 *\/\n.lk-stays-header {\n  position: relative;\n  padding: 24px 36px 24px;\n  background: linear-gradient(135deg, #c39f76 0%, #d4b188 60%, #c39f76 100%);\n  border-bottom: 1px solid rgba(255,255,255,.15);\n  display: flex;\n  align-items: center;\n  gap: 18px;\n}\n.lk-stays-header::before {\n  content: '';\n  position: absolute;\n  inset: 0;\n  background: url(\"data:image\/svg+xml,%3Csvg width='60' height='60' viewBox='0 0 60 60' xmlns='http:\/\/www.w3.org\/2000\/svg'%3E%3Cg fill='none' fill-rule='evenodd'%3E%3Cg fill='%23ffffff' fill-opacity='0.05'%3E%3Cpath d='M36 34v-4h-2v4h-4v2h4v4h2v-4h4v-2h-4zm0-30V0h-2v4h-4v2h4v4h2V6h4V4h-4zM6 34v-4H4v4H0v2h4v4h2v-4h4v-2H6zM6 4V0H4v4H0v2h4v4h2V6h4V4H6z'\/%3E%3C\/g%3E%3C\/g%3E%3C\/svg%3E\") repeat;\n  pointer-events: none;\n}\n.lk-stays-icon {\n  flex-shrink: 0;\n  width: 68px;\n  height: 68px;\n  border-radius: 14px;\n  background: linear-gradient(135deg, #fff 0%, #f9f6f0 100%);\n  display: flex;\n  align-items: center;\n  justify-content: center;\n  font-size: 26px;\n  box-shadow: 0 4px 12px rgba(0,0,0,0.15);\n}\n.lk-stays-eyebrow {\n  font-size: 10px;\n  font-weight: 500;\n  letter-spacing: 2.5px;\n  text-transform: uppercase;\n  color: rgba(255,255,255,.85);\n  margin: 0 0 5px 0;\n}\n.lk-stays-title {\n  font-family: 'Playfair Display', Georgia, serif;\n  font-size: 24px;\n  font-weight: 700;\n  color: #fff;\n  line-height: 1.2;\n  text-shadow: 0 1px 2px rgba(0,0,0,0.1);\n  margin: 0;\n}\n.lk-stays-subtitle {\n  font-size: 13px;\n  color: rgba(255,255,255,.75);\n  margin: 4px 0 0 0;\n  font-weight: 300;\n}\n\n\/* \u2500\u2500\u2500 CARDS GRID \u2500\u2500\u2500 *\/\n.lk-stays-grid {\n  display: grid;\n  grid-template-columns: 1fr 1fr;\n  gap: 1px;\n  background: rgba(195, 159, 118, 0.12);\n}\n\n\/* \u2500\u2500\u2500 SINGLE CARD \u2500\u2500\u2500 *\/\n.lk-stay-card {\n  background: #ffffff;\n  padding: 26px;\n  display: flex;\n  flex-direction: column;\n  gap: 11px;\n  transition: all 0.3s ease;\n  text-decoration: none;\n  color: inherit;\n  position: relative;\n}\n.lk-stay-card:hover {\n  background: #fffbf5;\n  transform: translateY(-2px);\n  box-shadow: 0 8px 24px rgba(195, 159, 118, 0.18);\n  z-index: 1;\n}\n.lk-stay-card.featured {\n  background: linear-gradient(135deg, #fffdf9 0%, #fff9f0 100%);\n  box-shadow: 0 4px 16px rgba(195, 159, 118, 0.15), inset 0 1px 0 rgba(195, 159, 118, 0.1);\n}\n.lk-stay-card.featured:hover {\n  background: linear-gradient(135deg, #fffbf5 0%, #fff8ed 100%);\n  box-shadow: 0 8px 24px rgba(195, 159, 118, 0.25), inset 0 1px 0 rgba(195, 159, 118, 0.15);\n}\n\n.lk-stay-badge {\n  display: inline-flex;\n  align-items: center;\n  gap: 5px;\n  font-size: 10px;\n  font-weight: 500;\n  letter-spacing: 1.5px;\n  text-transform: uppercase;\n  padding: 5px 11px;\n  border-radius: 20px;\n  width: fit-content;\n}\n.badge-top     { background: linear-gradient(135deg, #c39f76 0%, #d4b188 100%); color: #fff; border: 1px solid #c39f76; font-weight: 600; box-shadow: 0 2px 8px rgba(195,159,118,0.3); }\n.badge-luxury  { background: rgba(195,159,118,.12); color: #c39f76; border: 1px solid rgba(195,159,118,.25); }\n.badge-boutique{ background: rgba(54,133,252,.08); color: #3685fc; border: 1px solid rgba(54,133,252,.2); }\n.badge-nature  { background: rgba(130,190,100,.1); color: #6b9c4a; border: 1px solid rgba(130,190,100,.2); }\n.badge-remote  { background: rgba(195,159,118,.12); color: #a67e50; border: 1px solid rgba(195,159,118,.25); }\n\n.lk-stay-name {\n  font-family: 'Playfair Display', Georgia, serif;\n  font-size: 18px;\n  font-weight: 700;\n  color: #111827;\n  line-height: 1.3;\n}\n.lk-stay-desc {\n  font-size: 13.5px;\n  color: #525252;\n  line-height: 1.65;\n  font-weight: 300;\n  flex: 1;\n}\n\n.lk-stay-meta {\n  display: flex;\n  align-items: center;\n  gap: 12px;\n  flex-wrap: wrap;\n  margin-top: 4px;\n}\n.lk-stay-price {\n  font-size: 13px;\n  color: #6b7280;\n}\n.lk-stay-price strong {\n  color: #c39f76;\n  font-weight: 500;\n}\n.lk-stay-stars {\n  color: #c39f76;\n  font-size: 11px;\n  letter-spacing: 1px;\n}\n\n\/* \u2500\u2500\u2500 CTA BUTTON \u2500\u2500\u2500 *\/\n.lk-stay-cta {\n  display: inline-flex;\n  align-items: center;\n  justify-content: center;\n  gap: 7px;\n  margin-top: 8px;\n  padding: 11px 20px;\n  border-radius: 8px;\n  background: linear-gradient(135deg, #3685fc 0%, #2a6fd9 100%);\n  color: #fff;\n  font-size: 13px;\n  font-weight: 500;\n  text-decoration: none;\n  letter-spacing: .3px;\n  transition: all .2s ease;\n  cursor: pointer;\n  border: none;\n  text-align: center;\n  box-shadow: 0 4px 12px rgba(54, 133, 252, 0.25);\n}\n.lk-stay-cta:hover {\n  background: linear-gradient(135deg, #2a6fd9 0%, #1e5bc4 100%);\n  transform: translateY(-1px);\n  box-shadow: 0 6px 16px rgba(54, 133, 252, 0.35);\n}\n.lk-stay-cta svg { flex-shrink: 0; }\n\n\/* \u2500\u2500\u2500 FOOTER \u2500\u2500\u2500 *\/\n.lk-stays-footer {\n  padding: 18px 36px;\n  background: linear-gradient(to bottom, #fdfaf5 0%, #f9f4ed 100%);\n  border-top: 1px solid rgba(195, 159, 118, 0.15);\n  display: flex;\n  align-items: center;\n  justify-content: space-between;\n  flex-wrap: wrap;\n  gap: 12px;\n}\n.lk-stays-footer-note {\n  font-size: 11.5px;\n  color: #6b7280;\n  font-weight: 300;\n  line-height: 1.5;\n}\n.lk-stays-footer-note a {\n  color: #c39f76;\n  text-decoration: none;\n  font-weight: 400;\n}\n.lk-stays-footer-note a:hover {\n  text-decoration: underline;\n}\n.lk-stays-all-btn {\n  display: inline-flex;\n  align-items: center;\n  gap: 6px;\n  font-size: 12.5px;\n  font-weight: 500;\n  color: #c39f76;\n  text-decoration: none;\n  border: 1px solid rgba(195, 159, 118, 0.35);\n  padding: 8px 18px;\n  border-radius: 8px;\n  transition: all .2s ease;\n}\n.lk-stays-all-btn:hover {\n  background: rgba(195, 159, 118, 0.08);\n  border-color: rgba(195, 159, 118, 0.5);\n}\n\n\/* \u2500\u2500\u2500 RESPONSIVE \u2500\u2500\u2500 *\/\n@media (max-width: 600px) {\n  .lk-stays-grid { grid-template-columns: 1fr; }\n  .lk-stays-header { padding: 24px 20px; }\n  .lk-stays-footer { padding: 16px 20px; }\n  .lk-stay-card { padding: 22px; }\n  .lk-stays-title { font-size: 20px; }\n}\n<\/style>\n\n  <!-- HEADER -->\n  <div class=\"lk-stays-header\">\n    <img decoding=\"async\" src=\"https:\/\/loudavymkrokem.cz\/wp-content\/uploads\/2026\/02\/lukas-a-lucka.jpg\" alt=\"\" style=\"width: 75px; height: 75px; border-radius: 8px; flex-shrink: 0; object-fit: cover; display: block; margin: 4px 0;\" title=\"\">\n    <div class=\"lk-stays-header-text\">\n      <div class=\"lk-stays-eyebrow\">Luk\u00e1\u0161 en Lucie bevelen aan<\/div>\n      <div class=\"lk-stays-title\">Waar te verblijven in Rio de Janeiro<\/div>\n      <div class=\"lk-stays-subtitle\">4 accommodaties \u2014 wellnesshotels, hotels en andere verblijfsmogelijkheden<\/div>\n    <\/div>\n  <\/div>\n\n  <!-- CARDS -->\n  <div class=\"lk-stays-grid\">\n\n    <a class=\"lk-stay-card featured\" href=\"https:\/\/www.stay22.com\/allez\/roam?aid=lukaskonecny&#038;campaign=loudavymkrokemcz&#038;campaign=nl&#038;campaign=covidetvriodejaneiru&#038;address=Rio+de+Janeiro&#038;hotelname=Arena+Ipanema+Hotel&#038;search=Arena+Ipanema+Hotel&#038;category=accommodation\" target=\"_blank\" rel=\"nofollow noopener\">\n      <span class=\"lk-stay-badge badge-top\">\u2b50 TOPKEUZE<\/span>\n      <span class=\"lk-stay-badge badge-nature\">\ud83c\udfd6\ufe0f Beach<\/span>\n      <div class=\"lk-stay-name\">Arena Ipanema Hotel<\/div>\n      <div class=\"lk-stay-desc\">Uitstekende keuze aan het strand met een prachtig dakterraszwembad met uitzicht op de oceaan, op slechts een steenworp afstand van het beroemde Posto 8.<\/div>\n      <div class=\"lk-stay-meta\">\n        <span class=\"lk-stay-stars\">\u2605\u2605\u2605\u2605<\/span>\n        <span class=\"lk-stay-price\">Prijzen controleren<\/span>\n      <\/div>\n      <span class=\"lk-stay-cta\">\n        <svg width=\"14\" height=\"14\" viewBox=\"0 0 24 24\" fill=\"none\" stroke=\"currentColor\" stroke-width=\"2\"><path d=\"M18 13v6a2 2 0 0 1-2 2H5a2 2 0 0 1-2-2V8a2 2 0 0 1 2-2h6\"\/><polyline points=\"15 3 21 3 21 9\"\/><line x1=\"10\" y1=\"14\" x2=\"21\" y2=\"3\"\/><\/svg>\n        Beschikbaarheid controleren\n      <\/span>\n    <\/a>\n\n    <a class=\"lk-stay-card\" href=\"https:\/\/www.stay22.com\/allez\/roam?aid=lukaskonecny&#038;campaign=loudavymkrokemcz&#038;campaign=nl&#038;campaign=covidetvriodejaneiru&#038;address=Rio+de+Janeiro&#038;hotelname=Hotel+Fasano+Rio+de+Janeiro&#038;search=Hotel+Fasano+Rio+de+Janeiro&#038;category=accommodation\" target=\"_blank\" rel=\"nofollow noopener\">\n      <span class=\"lk-stay-badge badge-nature\">\u2b50 Luxury<\/span>\n      <div class=\"lk-stay-name\">Hotel Fasano Rio de Janeiro<\/div>\n      <div class=\"lk-stay-desc\">Iconisch luxehotel waarvan het ontwerp en de locatie onge\u00ebvenaard zijn in de stad.<\/div>\n      <div class=\"lk-stay-meta\">\n        <span class=\"lk-stay-stars\">\u2605\u2605\u2605\u2605<\/span>\n        <span class=\"lk-stay-price\">Prijzen controleren<\/span>\n      <\/div>\n      <span class=\"lk-stay-cta\">\n        <svg width=\"14\" height=\"14\" viewBox=\"0 0 24 24\" fill=\"none\" stroke=\"currentColor\" stroke-width=\"2\"><path d=\"M18 13v6a2 2 0 0 1-2 2H5a2 2 0 0 1-2-2V8a2 2 0 0 1 2-2h6\"\/><polyline points=\"15 3 21 3 21 9\"\/><line x1=\"10\" y1=\"14\" x2=\"21\" y2=\"3\"\/><\/svg>\n        Beschikbaarheid controleren\n      <\/span>\n    <\/a>\n\n    <a class=\"lk-stay-card\" href=\"https:\/\/www.stay22.com\/allez\/roam?aid=lukaskonecny&#038;campaign=loudavymkrokemcz&#038;campaign=nl&#038;campaign=covidetvriodejaneiru&#038;address=Rio+de+Janeiro&#038;hotelname=Yoo2+Rio+de+Janeiro+by+Intercity&#038;search=Yoo2+Rio+de+Janeiro+by+Intercity&#038;category=accommodation\" target=\"_blank\" rel=\"nofollow noopener\">\n      <span class=\"lk-stay-badge badge-nature\">\ud83c\udfe8 Hotel<\/span>\n      <div class=\"lk-stay-name\">Yoo2 Rio de Janeiro by Intercity<\/div>\n      <div class=\"lk-stay-desc\">Stijlvol hotel met fantastisch uitzicht op de baai in Botafogo.<\/div>\n      <div class=\"lk-stay-meta\">\n        <span class=\"lk-stay-stars\">\u2605\u2605\u2605\u2605<\/span>\n        <span class=\"lk-stay-price\">Prijzen controleren<\/span>\n      <\/div>\n      <span class=\"lk-stay-cta\">\n        <svg width=\"14\" height=\"14\" viewBox=\"0 0 24 24\" fill=\"none\" stroke=\"currentColor\" stroke-width=\"2\"><path d=\"M18 13v6a2 2 0 0 1-2 2H5a2 2 0 0 1-2-2V8a2 2 0 0 1 2-2h6\"\/><polyline points=\"15 3 21 3 21 9\"\/><line x1=\"10\" y1=\"14\" x2=\"21\" y2=\"3\"\/><\/svg>\n        Beschikbaarheid controleren\n      <\/span>\n    <\/a>\n\n    <a class=\"lk-stay-card\" href=\"https:\/\/www.stay22.com\/allez\/roam?aid=lukaskonecny&#038;campaign=loudavymkrokemcz&#038;campaign=nl&#038;campaign=covidetvriodejaneiru&#038;address=rio%20de%20janeiro\" target=\"_blank\" rel=\"nofollow noopener\">\n      <span class=\"lk-stay-badge badge-nature\">\ud83d\udd0d Zoeken<\/span>\n      <div class=\"lk-stay-name\">Bekijk alle accommodaties in Rio de Janeiro<\/div>\n      <div class=\"lk-stay-desc\">Ontdek alle beschikbare accommodatiemogelijkheden in Rio de Janeiro en vind de beste volgens uw voorkeuren en budget.<\/div>\n      <div class=\"lk-stay-meta\">\n        <span class=\"lk-stay-stars\">\u2605\u2605\u2605\u2605<\/span>\n        <span class=\"lk-stay-price\">Prijzen vergelijken<\/span>\n      <\/div>\n      <span class=\"lk-stay-cta\">\n        <svg width=\"14\" height=\"14\" viewBox=\"0 0 24 24\" fill=\"none\" stroke=\"currentColor\" stroke-width=\"2\"><path d=\"M18 13v6a2 2 0 0 1-2 2H5a2 2 0 0 1-2-2V8a2 2 0 0 1 2-2h6\"\/><polyline points=\"15 3 21 3 21 9\"\/><line x1=\"10\" y1=\"14\" x2=\"21\" y2=\"3\"\/><\/svg>\n        Beschikbaarheid controleren\n      <\/span>\n    <\/a>\n\n  <\/div>\n\n  \n<\/div>\n\n\n\n\n<h3 class=\"wp-block-heading\"><span class=\"ez-toc-section\" id=\"12_Uitkijkpunt_Mirante_Dona_Marta\"><\/span>12. Uitkijkpunt Mirante Dona Marta<span class=\"ez-toc-section-end\"><\/span><\/h3>\n\n\n\n<p class=\"wp-block-paragraph\">Zoek je de absoluut beste plek om de stad te fotograferen zonder drommen andere toeristen, dan heb je die net gevonden. <strong>Mirante Dona Marta is een verborgen uitkijkplatform van waaruit je zowel het Christusbeeld als de Suikerbroodberg in \u00e9\u00e9n enkel magisch shot ziet<\/strong>, wat het tot een ongeschreven schat maakt onder lokale fotografen. Het ligt op ruim driehonderdzestig meter hoogte en biedt een zogenaamd helikopteruitzicht over de hele zuidelijke zone van de stad.<\/p>\n\n\n\n<p class=\"wp-block-paragraph\">In tegenstelling tot de overvolle Corcovado heerst hier een prachtige rust \u2014 vaak sta je helemaal alleen op het enorme betonnen platform, alleen met apen die nieuwsgierig uit de omliggende bomen gluren, en bovendien is de toegang gratis. Je betaalt alleen voor het vervoer naar boven over de steile en bochtige regenwoudweg.<\/p>\n\n\n\n<p class=\"wp-block-paragraph\">\ud83d\udca1 Tip: <strong>Er rijdt geen regelmatig openbaar vervoer naar het uitkijkpunt, bestel daarom een betrouwbare Uber<\/strong>, en vergeet niet met de chauffeur af te spreken dat hij die twintig minuten op je wacht, anders kun je een groot probleem hebben om weer terug in de stad te komen. Het is ook een fantastische plek om de zonsopgang te bekijken, wanneer de stad net ontwaakt uit haar nachtelijke slaap.<\/p>\n\n\n\n<figure data-wp-context=\"{&quot;imageId&quot;:&quot;6a9c8f267db12&quot;}\" data-wp-interactive=\"core\/image\" data-wp-key=\"6a9c8f267db12\" class=\"wp-block-image size-full wp-lightbox-container\"><img decoding=\"async\" width=\"1600\" height=\"1200\" data-wp-class--hide=\"state.isContentHidden\" data-wp-class--show=\"state.isContentVisible\" data-wp-init=\"callbacks.setButtonStyles\" data-wp-on--click=\"actions.showLightbox\" data-wp-on--load=\"callbacks.setButtonStyles\" data-wp-on--pointerdown=\"actions.preloadImage\" data-wp-on--pointerenter=\"actions.preloadImageWithDelay\" data-wp-on--pointerleave=\"actions.cancelPreload\" data-wp-on-window--resize=\"callbacks.setButtonStyles\" src=\"https:\/\/loudavymkrokem.cz\/wp-content\/uploads\/2026\/09\/vista-chinesa.jpg\" alt=\"Chinees paviljoen Vista Chinesa\" class=\"wp-image-413213\" title=\"\" srcset=\"https:\/\/loudavymkrokem.cz\/wp-content\/uploads\/2026\/09\/vista-chinesa.jpg 1600w, https:\/\/loudavymkrokem.cz\/wp-content\/uploads\/2026\/09\/vista-chinesa-300x225.jpg 300w, https:\/\/loudavymkrokem.cz\/wp-content\/uploads\/2026\/09\/vista-chinesa-700x525.jpg 700w, https:\/\/loudavymkrokem.cz\/wp-content\/uploads\/2026\/09\/vista-chinesa-768x576.jpg 768w, https:\/\/loudavymkrokem.cz\/wp-content\/uploads\/2026\/09\/vista-chinesa-1536x1152.jpg 1536w, https:\/\/loudavymkrokem.cz\/wp-content\/uploads\/2026\/09\/vista-chinesa-80x60.jpg 80w, https:\/\/loudavymkrokem.cz\/wp-content\/uploads\/2026\/09\/vista-chinesa-160x120.jpg 160w, https:\/\/loudavymkrokem.cz\/wp-content\/uploads\/2026\/09\/vista-chinesa-696x522.jpg 696w, https:\/\/loudavymkrokem.cz\/wp-content\/uploads\/2026\/09\/vista-chinesa-1392x1044.jpg 1392w\" sizes=\"(max-width: 1600px) 100vw, 1600px\" \/><button\n\t\t\tclass=\"lightbox-trigger\"\n\t\t\ttype=\"button\"\n\t\t\taria-haspopup=\"dialog\"\n\t\t\tdata-wp-bind--aria-label=\"state.thisImage.triggerButtonAriaLabel\"\n\t\t\tdata-wp-init=\"callbacks.initTriggerButton\"\n\t\t\tdata-wp-on--click=\"actions.showLightbox\"\n\t\t\tdata-wp-style--right=\"state.thisImage.buttonRight\"\n\t\t\tdata-wp-style--top=\"state.thisImage.buttonTop\"\n\t\t>\n\t\t\t<svg xmlns=\"http:\/\/www.w3.org\/2000\/svg\" width=\"12\" height=\"12\" fill=\"none\" viewBox=\"0 0 12 12\">\n\t\t\t\t<path fill=\"#fff\" d=\"M2 0a2 2 0 0 0-2 2v2h1.5V2a.5.5 0 0 1 .5-.5h2V0H2Zm2 10.5H2a.5.5 0 0 1-.5-.5V8H0v2a2 2 0 0 0 2 2h2v-1.5ZM8 12v-1.5h2a.5.5 0 0 0 .5-.5V8H12v2a2 2 0 0 1-2 2H8Zm2-12a2 2 0 0 1 2 2v2h-1.5V2a.5.5 0 0 0-.5-.5H8V0h2Z\" \/>\n\t\t\t<\/svg>\n\t\t<\/button><figcaption class=\"wp-element-caption\">Foto: Ivo Barra \/ Google Maps<\/figcaption><\/figure>\n\n\n\n<h3 class=\"wp-block-heading\"><span class=\"ez-toc-section\" id=\"13_Chinees_paviljoen_Vista_Chinesa\"><\/span>13. Chinees paviljoen Vista Chinesa<span class=\"ez-toc-section-end\"><\/span><\/h3>\n\n\n\n<p class=\"wp-block-paragraph\">Diep in de bossen van het nationaal park Tijuca stuit je op een bouwwerk dat je in de Zuid-Amerikaanse jungle absoluut niet zou verwachten. <strong>Vista Chinesa is een prachtig oosters paviljoen uit 1903, dat werd gebouwd ter ere van de Chinese immigranten<\/strong> die in de negentiende eeuw de theeteelt naar Brazili\u00eb brachten. Het elegante bouwwerk met een dak in pagodevorm rijst op 380 meter hoogte en vormt een ongelooflijk fotogeniek contrast met de omliggende wilde natuur.<\/p>\n\n\n\n<p class=\"wp-block-paragraph\">Het uitzicht vanaf deze plek wordt vaak bestempeld als een van de meest romantische in de hele stad, want het omkadert perfect de baai, de bergen en de stranden. <strong>Bij helder weer zie je vanaf het paviljoen heel Ipanema, het meer Rodrigo de Freitas en de verre toppen aan de horizon<\/strong>, en dat alles omlijst door weelderige palmbladeren en enorme varens. De plek is erg geliefd bij lokale wielrenners, voor wie de zware klim naar het paviljoen de grootste sportieve uitdaging vormt.<\/p>\n\n\n\n<p class=\"wp-block-paragraph\">\ud83d\udca1 Tip: <strong>Combineer een bezoek aan het paviljoen met de nabijgelegen waterval Cachoeira dos Macacos<\/strong>, die je via een korte wandeling over een bospad bereikt. Ook hier geldt de regel van voorzichtigheid bij het vervoer: de weg is smal en steil, ga daarom uitsluitend met de auto of met een georganiseerde tour, en niet lopend vanaf de voet van de berg.<\/p>\n\n\n\n<figure data-wp-context=\"{&quot;imageId&quot;:&quot;6a9c8f267e0bc&quot;}\" data-wp-interactive=\"core\/image\" data-wp-key=\"6a9c8f267e0bc\" class=\"wp-block-image size-full wp-lightbox-container\"><img decoding=\"async\" width=\"1600\" height=\"2133\" data-wp-class--hide=\"state.isContentHidden\" data-wp-class--show=\"state.isContentVisible\" data-wp-init=\"callbacks.setButtonStyles\" data-wp-on--click=\"actions.showLightbox\" data-wp-on--load=\"callbacks.setButtonStyles\" data-wp-on--pointerdown=\"actions.preloadImage\" data-wp-on--pointerenter=\"actions.preloadImageWithDelay\" data-wp-on--pointerleave=\"actions.cancelPreload\" data-wp-on-window--resize=\"callbacks.setButtonStyles\" src=\"https:\/\/loudavymkrokem.cz\/wp-content\/uploads\/2026\/09\/zahrady.jpg\" alt=\"Tuinen en villa Parque Lage\" class=\"wp-image-413218\" title=\"\" srcset=\"https:\/\/loudavymkrokem.cz\/wp-content\/uploads\/2026\/09\/zahrady.jpg 1600w, https:\/\/loudavymkrokem.cz\/wp-content\/uploads\/2026\/09\/zahrady-225x300.jpg 225w, https:\/\/loudavymkrokem.cz\/wp-content\/uploads\/2026\/09\/zahrady-700x933.jpg 700w, https:\/\/loudavymkrokem.cz\/wp-content\/uploads\/2026\/09\/zahrady-768x1024.jpg 768w, https:\/\/loudavymkrokem.cz\/wp-content\/uploads\/2026\/09\/zahrady-1152x1536.jpg 1152w, https:\/\/loudavymkrokem.cz\/wp-content\/uploads\/2026\/09\/zahrady-1536x2048.jpg 1536w, https:\/\/loudavymkrokem.cz\/wp-content\/uploads\/2026\/09\/zahrady-696x928.jpg 696w, https:\/\/loudavymkrokem.cz\/wp-content\/uploads\/2026\/09\/zahrady-1392x1856.jpg 1392w\" sizes=\"(max-width: 1600px) 100vw, 1600px\" \/><button\n\t\t\tclass=\"lightbox-trigger\"\n\t\t\ttype=\"button\"\n\t\t\taria-haspopup=\"dialog\"\n\t\t\tdata-wp-bind--aria-label=\"state.thisImage.triggerButtonAriaLabel\"\n\t\t\tdata-wp-init=\"callbacks.initTriggerButton\"\n\t\t\tdata-wp-on--click=\"actions.showLightbox\"\n\t\t\tdata-wp-style--right=\"state.thisImage.buttonRight\"\n\t\t\tdata-wp-style--top=\"state.thisImage.buttonTop\"\n\t\t>\n\t\t\t<svg xmlns=\"http:\/\/www.w3.org\/2000\/svg\" width=\"12\" height=\"12\" fill=\"none\" viewBox=\"0 0 12 12\">\n\t\t\t\t<path fill=\"#fff\" d=\"M2 0a2 2 0 0 0-2 2v2h1.5V2a.5.5 0 0 1 .5-.5h2V0H2Zm2 10.5H2a.5.5 0 0 1-.5-.5V8H0v2a2 2 0 0 0 2 2h2v-1.5ZM8 12v-1.5h2a.5.5 0 0 0 .5-.5V8H12v2a2 2 0 0 1-2 2H8Zm2-12a2 2 0 0 1 2 2v2h-1.5V2a.5.5 0 0 0-.5-.5H8V0h2Z\" \/>\n\t\t\t<\/svg>\n\t\t<\/button><figcaption class=\"wp-element-caption\">Foto: Emerson Zanoti \/ Google Maps<\/figcaption><\/figure>\n\n\n\n<h3 class=\"wp-block-heading\"><span class=\"ez-toc-section\" id=\"14_Tuinen_en_villa_Parque_Lage\"><\/span>14. Tuinen en villa Parque Lage<span class=\"ez-toc-section-end\"><\/span><\/h3>\n\n\n\n<p class=\"wp-block-paragraph\">Aan de voet van de berg Corcovado ligt een van de mooiste openbare parken, dat een flinke dosis Europese elegantie in zich verbergt. <strong>Parque Lage bestaat uit prachtige subtropische tuinen die een adembenemende villa in de stijl van een Romeins paleis omringen<\/strong>, die vandaag de dag dienstdoet als <a href=\"http:\/\/eavparquelage.rj.gov.br\/\" rel=\"nofollow noopener\" target=\"_blank\">prestigieuze school voor beeldende kunst<\/a>. Het middelpunt van de hele binnenplaats is een ondiep zwembad waarin bij de juiste hoek het hooggelegen beeld van Christus de Verlosser weerspiegeld wordt.<\/p>\n\n\n\n<p class=\"wp-block-paragraph\">Het park beslaat meer dan vijftig hectare en biedt de perfecte ontsnapping naar de schaduw van eeuwenoude bomen, kunstmatige grotten en romantische torentjes verscholen in het groen. <strong>Voor liefhebbers van wandelen is deze plek cruciaal, want juist achter de villa begint het steile regenwoudpad naar de top van de Corcovado<\/strong>, dat fitte reizigers gebruiken als gratis alternatief voor het tandradbaantje. De sfeer op de plek is ongelooflijk ontspannen; kunststudenten schilderen hier hun werken en gezinnen houden picknicks in het weekend op het gras.<\/p>\n\n\n\n<p class=\"wp-block-paragraph\">\ud83d\udca1 Tip: <strong>In de historische villa zelf zit het betoverende Plage Cafe<\/strong>, waar je kunt genieten van een heerlijk ontbijt vol vers tropisch fruit en kaasspecialiteiten, recht bij het iconische zwembadje. Ik raad je aan om meteen bij openingstijd te komen \u2014 overdag wacht je hier echt lang op een tafel.<\/p>\n\n\n\n<figure data-wp-context=\"{&quot;imageId&quot;:&quot;6a9c8f267e6e8&quot;}\" data-wp-interactive=\"core\/image\" data-wp-key=\"6a9c8f267e6e8\" class=\"wp-block-image size-full wp-lightbox-container\"><img decoding=\"async\" width=\"1600\" height=\"900\" data-wp-class--hide=\"state.isContentHidden\" data-wp-class--show=\"state.isContentVisible\" data-wp-init=\"callbacks.setButtonStyles\" data-wp-on--click=\"actions.showLightbox\" data-wp-on--load=\"callbacks.setButtonStyles\" data-wp-on--pointerdown=\"actions.preloadImage\" data-wp-on--pointerenter=\"actions.preloadImageWithDelay\" data-wp-on--pointerleave=\"actions.cancelPreload\" data-wp-on-window--resize=\"callbacks.setButtonStyles\" src=\"https:\/\/loudavymkrokem.cz\/wp-content\/uploads\/2026\/09\/swap-412735-15.jpg\" alt=\"Museum van Morgen in Rio de Janeiro\" class=\"wp-image-413416\" title=\"\" srcset=\"https:\/\/loudavymkrokem.cz\/wp-content\/uploads\/2026\/09\/swap-412735-15.jpg 1600w, https:\/\/loudavymkrokem.cz\/wp-content\/uploads\/2026\/09\/swap-412735-15-300x169.jpg 300w, https:\/\/loudavymkrokem.cz\/wp-content\/uploads\/2026\/09\/swap-412735-15-700x394.jpg 700w, https:\/\/loudavymkrokem.cz\/wp-content\/uploads\/2026\/09\/swap-412735-15-768x432.jpg 768w, https:\/\/loudavymkrokem.cz\/wp-content\/uploads\/2026\/09\/swap-412735-15-1536x864.jpg 1536w, https:\/\/loudavymkrokem.cz\/wp-content\/uploads\/2026\/09\/swap-412735-15-696x392.jpg 696w, https:\/\/loudavymkrokem.cz\/wp-content\/uploads\/2026\/09\/swap-412735-15-1392x783.jpg 1392w\" sizes=\"(max-width: 1600px) 100vw, 1600px\" \/><button\n\t\t\tclass=\"lightbox-trigger\"\n\t\t\ttype=\"button\"\n\t\t\taria-haspopup=\"dialog\"\n\t\t\tdata-wp-bind--aria-label=\"state.thisImage.triggerButtonAriaLabel\"\n\t\t\tdata-wp-init=\"callbacks.initTriggerButton\"\n\t\t\tdata-wp-on--click=\"actions.showLightbox\"\n\t\t\tdata-wp-style--right=\"state.thisImage.buttonRight\"\n\t\t\tdata-wp-style--top=\"state.thisImage.buttonTop\"\n\t\t>\n\t\t\t<svg xmlns=\"http:\/\/www.w3.org\/2000\/svg\" width=\"12\" height=\"12\" fill=\"none\" viewBox=\"0 0 12 12\">\n\t\t\t\t<path fill=\"#fff\" d=\"M2 0a2 2 0 0 0-2 2v2h1.5V2a.5.5 0 0 1 .5-.5h2V0H2Zm2 10.5H2a.5.5 0 0 1-.5-.5V8H0v2a2 2 0 0 0 2 2h2v-1.5ZM8 12v-1.5h2a.5.5 0 0 0 .5-.5V8H12v2a2 2 0 0 1-2 2H8Zm2-12a2 2 0 0 1 2 2v2h-1.5V2a.5.5 0 0 0-.5-.5H8V0h2Z\" \/>\n\t\t\t<\/svg>\n\t\t<\/button><figcaption class=\"wp-element-caption\">Foto: Fadul \/ Google Maps<\/figcaption><\/figure>\n\n\n\n<h3 class=\"wp-block-heading\"><span class=\"ez-toc-section\" id=\"15_Museum_van_Morgen_Museu_do_Amanha\"><\/span>15. Museum van Morgen (Museu do Amanh\u00e3)<span class=\"ez-toc-section-end\"><\/span><\/h3>\n\n\n\n<p class=\"wp-block-paragraph\">In de gerenoveerde havenwijk Porto Maravilha verrees een bouwwerk dat de architectuur van de stad meteen naar de eenentwintigste eeuw katapulteerde. <strong>Het <a href=\"https:\/\/museudoamanha.org.br\/\" rel=\"nofollow noopener\" target=\"_blank\">Museu do Amanh\u00e3<\/a> is een fascinerend museum voor toegepaste wetenschap gewijd aan de toekomst van de mensheid<\/strong>, waarvan het futuristische gebouw werd ontworpen door de beroemde Spaanse architect Santiago Calatrava. De witte constructie die doet denken aan het reusachtige skelet van een prehistorische vogel of een ruimteschip steekt dramatisch over het wateroppervlak uit en is op zichzelf al een langdurig bezoek waard.<\/p>\n\n\n\n<p class=\"wp-block-paragraph\">Verwacht binnen geen stoffige historische artefacten, maar interactieve exposities vol reusachtige schermen, datavisualisaties en prikkelende vragen. <strong>De expositie dwingt je na te denken over klimaatverandering, bevolkingsgroei en de duurzaamheid van onze planeet<\/strong>, wat in de context van het enorme en natuurrijke Brazili\u00eb enorm veel zin heeft. Het museum laat zien dat Rio niet alleen een stad van stranden en carnaval is, maar ook een modern centrum van wetenschap en innovatie.<\/p>\n\n\n\n<p class=\"wp-block-paragraph\">\ud83d\udca1 Tip: <strong>Tickets voor het museum moet je vaak ruim van tevoren online reserveren<\/strong>, want de dagelijkse capaciteit raakt snel uitgeput, vooral in het weekend. Rond het museum loopt de brede en veilige boulevard Orla Conde, waar je een prachtige wandeling langs de zee kunt maken en de enorme graffitimurals van lokale kunstenaars kunt bewonderen.<\/p>\n\n\n\n<figure data-wp-context=\"{&quot;imageId&quot;:&quot;6a9c8f267ebcb&quot;}\" data-wp-interactive=\"core\/image\" data-wp-key=\"6a9c8f267ebcb\" class=\"wp-block-image size-full wp-lightbox-container\"><img decoding=\"async\" width=\"1600\" height=\"1200\" data-wp-class--hide=\"state.isContentHidden\" data-wp-class--show=\"state.isContentVisible\" data-wp-init=\"callbacks.setButtonStyles\" data-wp-on--click=\"actions.showLightbox\" data-wp-on--load=\"callbacks.setButtonStyles\" data-wp-on--pointerdown=\"actions.preloadImage\" data-wp-on--pointerenter=\"actions.preloadImageWithDelay\" data-wp-on--pointerleave=\"actions.cancelPreload\" data-wp-on-window--resize=\"callbacks.setButtonStyles\" src=\"https:\/\/loudavymkrokem.cz\/wp-content\/uploads\/2026\/09\/swap-412735-16-f6e8010d.jpg\" alt=\"Kunstmuseum MAR in Rio de Janeiro\" class=\"wp-image-413444\" title=\"\" srcset=\"https:\/\/loudavymkrokem.cz\/wp-content\/uploads\/2026\/09\/swap-412735-16-f6e8010d.jpg 1600w, https:\/\/loudavymkrokem.cz\/wp-content\/uploads\/2026\/09\/swap-412735-16-f6e8010d-300x225.jpg 300w, https:\/\/loudavymkrokem.cz\/wp-content\/uploads\/2026\/09\/swap-412735-16-f6e8010d-700x525.jpg 700w, https:\/\/loudavymkrokem.cz\/wp-content\/uploads\/2026\/09\/swap-412735-16-f6e8010d-768x576.jpg 768w, https:\/\/loudavymkrokem.cz\/wp-content\/uploads\/2026\/09\/swap-412735-16-f6e8010d-1536x1152.jpg 1536w, https:\/\/loudavymkrokem.cz\/wp-content\/uploads\/2026\/09\/swap-412735-16-f6e8010d-80x60.jpg 80w, https:\/\/loudavymkrokem.cz\/wp-content\/uploads\/2026\/09\/swap-412735-16-f6e8010d-160x120.jpg 160w, https:\/\/loudavymkrokem.cz\/wp-content\/uploads\/2026\/09\/swap-412735-16-f6e8010d-696x522.jpg 696w, https:\/\/loudavymkrokem.cz\/wp-content\/uploads\/2026\/09\/swap-412735-16-f6e8010d-1392x1044.jpg 1392w\" sizes=\"(max-width: 1600px) 100vw, 1600px\" \/><button\n\t\t\tclass=\"lightbox-trigger\"\n\t\t\ttype=\"button\"\n\t\t\taria-haspopup=\"dialog\"\n\t\t\tdata-wp-bind--aria-label=\"state.thisImage.triggerButtonAriaLabel\"\n\t\t\tdata-wp-init=\"callbacks.initTriggerButton\"\n\t\t\tdata-wp-on--click=\"actions.showLightbox\"\n\t\t\tdata-wp-style--right=\"state.thisImage.buttonRight\"\n\t\t\tdata-wp-style--top=\"state.thisImage.buttonTop\"\n\t\t>\n\t\t\t<svg xmlns=\"http:\/\/www.w3.org\/2000\/svg\" width=\"12\" height=\"12\" fill=\"none\" viewBox=\"0 0 12 12\">\n\t\t\t\t<path fill=\"#fff\" d=\"M2 0a2 2 0 0 0-2 2v2h1.5V2a.5.5 0 0 1 .5-.5h2V0H2Zm2 10.5H2a.5.5 0 0 1-.5-.5V8H0v2a2 2 0 0 0 2 2h2v-1.5ZM8 12v-1.5h2a.5.5 0 0 0 .5-.5V8H12v2a2 2 0 0 1-2 2H8Zm2-12a2 2 0 0 1 2 2v2h-1.5V2a.5.5 0 0 0-.5-.5H8V0h2Z\" \/>\n\t\t\t<\/svg>\n\t\t<\/button><figcaption class=\"wp-element-caption\">Foto: Leila Mota \/ Google Maps<\/figcaption><\/figure>\n\n\n\n<h3 class=\"wp-block-heading\"><span class=\"ez-toc-section\" id=\"16_Kunstmuseum_MAR_Rio_Museum_of_Art\"><\/span>16. Kunstmuseum MAR (Rio Museum of Art)<span class=\"ez-toc-section-end\"><\/span><\/h3>\n\n\n\n<p class=\"wp-block-paragraph\"><strong>Het kunstmuseum MAR (Rio Museum of Art) bevindt zich in een uniek architectonisch complex<\/strong>, dat op gedurfde wijze een oud classicistisch paleis met een modern glazen gebouw verbindt via een golvend betonnen dak. Dit visuele contrast weerspiegelt precies de essentie van de Braziliaanse metropool, waar het oude voortdurend het nieuwe ontmoet.<\/p>\n\n\n\n<p class=\"wp-block-paragraph\">Het museum richt zich vooral op Braziliaanse kunst, lokale cultuur en de complexe geschiedenis van de stad zelf, inclusief de geschiedenis en het leven in de favelas. <strong>Vanaf de hoogste verdieping onder het golvende dak ontvouwt zich een fantastisch uitzicht over het hele plein Pra\u00e7a Mau\u00e1 en het naastgelegen Museu do Amanh\u00e3<\/strong>, een prima gelegenheid om het moderne gezicht van Rio vanuit vogelperspectief vast te leggen. De exposities zijn zeer gevarieerd, van klassieke schilderkunst en fotografie tot moderne installaties van jonge makers.<\/p>\n\n\n\n<p class=\"wp-block-paragraph\">\ud83d\udca1 Tip: <strong>Houd je van kunst, reserveer dan een halve dag voor een bezoek aan beide musea op het plein Pra\u00e7a Mau\u00e1<\/strong>, want ze vullen elkaar prachtig aan. De lokale restaurants rond de haven bieden bovendien heerlijke vegetarische varianten van Braziliaanse gerechten, zoals bijvoorbeeld pastel de queijo, een krokant gefrituurd deegzakje gevuld met gesmolten kaas.<\/p>\n\n\n\n<figure data-wp-context=\"{&quot;imageId&quot;:&quot;6a9c8f267f0f4&quot;}\" data-wp-interactive=\"core\/image\" data-wp-key=\"6a9c8f267f0f4\" class=\"wp-block-image size-full wp-lightbox-container\"><img decoding=\"async\" width=\"1600\" height=\"1067\" data-wp-class--hide=\"state.isContentHidden\" data-wp-class--show=\"state.isContentVisible\" data-wp-init=\"callbacks.setButtonStyles\" data-wp-on--click=\"actions.showLightbox\" data-wp-on--load=\"callbacks.setButtonStyles\" data-wp-on--pointerdown=\"actions.preloadImage\" data-wp-on--pointerenter=\"actions.preloadImageWithDelay\" data-wp-on--pointerleave=\"actions.cancelPreload\" data-wp-on-window--resize=\"callbacks.setButtonStyles\" src=\"https:\/\/loudavymkrokem.cz\/wp-content\/uploads\/2026\/09\/centro-cultural-banco-do-brasil.jpg\" alt=\"Centro Cultural Banco do Brasil (CCBB)\" class=\"wp-image-413229\" title=\"\" srcset=\"https:\/\/loudavymkrokem.cz\/wp-content\/uploads\/2026\/09\/centro-cultural-banco-do-brasil.jpg 1600w, https:\/\/loudavymkrokem.cz\/wp-content\/uploads\/2026\/09\/centro-cultural-banco-do-brasil-300x200.jpg 300w, https:\/\/loudavymkrokem.cz\/wp-content\/uploads\/2026\/09\/centro-cultural-banco-do-brasil-700x467.jpg 700w, https:\/\/loudavymkrokem.cz\/wp-content\/uploads\/2026\/09\/centro-cultural-banco-do-brasil-768x512.jpg 768w, https:\/\/loudavymkrokem.cz\/wp-content\/uploads\/2026\/09\/centro-cultural-banco-do-brasil-1536x1024.jpg 1536w, https:\/\/loudavymkrokem.cz\/wp-content\/uploads\/2026\/09\/centro-cultural-banco-do-brasil-696x464.jpg 696w, https:\/\/loudavymkrokem.cz\/wp-content\/uploads\/2026\/09\/centro-cultural-banco-do-brasil-1392x928.jpg 1392w\" sizes=\"(max-width: 1600px) 100vw, 1600px\" \/><button\n\t\t\tclass=\"lightbox-trigger\"\n\t\t\ttype=\"button\"\n\t\t\taria-haspopup=\"dialog\"\n\t\t\tdata-wp-bind--aria-label=\"state.thisImage.triggerButtonAriaLabel\"\n\t\t\tdata-wp-init=\"callbacks.initTriggerButton\"\n\t\t\tdata-wp-on--click=\"actions.showLightbox\"\n\t\t\tdata-wp-style--right=\"state.thisImage.buttonRight\"\n\t\t\tdata-wp-style--top=\"state.thisImage.buttonTop\"\n\t\t>\n\t\t\t<svg xmlns=\"http:\/\/www.w3.org\/2000\/svg\" width=\"12\" height=\"12\" fill=\"none\" viewBox=\"0 0 12 12\">\n\t\t\t\t<path fill=\"#fff\" d=\"M2 0a2 2 0 0 0-2 2v2h1.5V2a.5.5 0 0 1 .5-.5h2V0H2Zm2 10.5H2a.5.5 0 0 1-.5-.5V8H0v2a2 2 0 0 0 2 2h2v-1.5ZM8 12v-1.5h2a.5.5 0 0 0 .5-.5V8H12v2a2 2 0 0 1-2 2H8Zm2-12a2 2 0 0 1 2 2v2h-1.5V2a.5.5 0 0 0-.5-.5H8V0h2Z\" \/>\n\t\t\t<\/svg>\n\t\t<\/button><figcaption class=\"wp-element-caption\">Foto: Centro Cultural Banco do Brasil (CCBB) \/ Google Maps<\/figcaption><\/figure>\n\n\n\n<h3 class=\"wp-block-heading\"><span class=\"ez-toc-section\" id=\"17_Centro_Cultural_Banco_do_Brasil_CCBB\"><\/span>17. Centro Cultural Banco do Brasil (CCBB)<span class=\"ez-toc-section-end\"><\/span><\/h3>\n\n\n\n<p class=\"wp-block-paragraph\">In het drukke commerci\u00eble hart van de stad bevindt zich een van de meest bezochte en best beoordeelde culturele centra ter wereld. <strong>Het Centro Cultural Banco do Brasil is gehuisvest in een adembenemend neoclassicistisch gebouw uit 1906<\/strong>, dat vroeger diende als hoofdkantoor van een machtige bank en vandaag de dag de meest prestigieuze internationale tentoonstellingen herbergt. Alleen al de entree naar de enorme hal met glazen koepel en versierde marmeren trappen is een overweldigende ervaring die je terugvoert naar de tijd van de grootste rijkdom.<\/p>\n\n\n\n<p class=\"wp-block-paragraph\">Naast uitgebreide kunstgaleries biedt dit enorme complex ook een eigen bioscoop, theaterzalen en meerdere verdiepingen met steeds wisselende exposities. <strong>Het mooiste van het hele centrum is dat de toegang tot de overgrote meerderheid van de tentoonstellingen en tot het gebouw zelf volledig gratis is<\/strong>, wat het tot een ongelooflijk toegankelijke plek maakt voor alle cultuurliefhebbers. Het programma is altijd zorgvuldig samengesteld en vaak vind je hier fascinerende retrospectieven van beroemde internationale en Braziliaanse kunstenaars.<\/p>\n\n\n\n<p class=\"wp-block-paragraph\">\ud83d\udca1 Tip: <strong>Stop na het bekijken van de tentoonstellingen bij het historische caf\u00e9 op de begane grond<\/strong>, dat de oorspronkelijke bankinrichting heeft behouden, en neem een sterke Braziliaanse espresso. Het gebouw ligt in het stadscentrum, dat na werktijd snel leegloopt, ga daarom hier per se overdag naartoe en vermijd &#8217;s avonds liever wandelingen door de buurt.<\/p>\n\n\n\n<figure data-wp-context=\"{&quot;imageId&quot;:&quot;6a9c8f267f730&quot;}\" data-wp-interactive=\"core\/image\" data-wp-key=\"6a9c8f267f730\" class=\"wp-block-image size-full wp-lightbox-container\"><img decoding=\"async\" width=\"490\" height=\"480\" data-wp-class--hide=\"state.isContentHidden\" data-wp-class--show=\"state.isContentVisible\" data-wp-init=\"callbacks.setButtonStyles\" data-wp-on--click=\"actions.showLightbox\" data-wp-on--load=\"callbacks.setButtonStyles\" data-wp-on--pointerdown=\"actions.preloadImage\" data-wp-on--pointerenter=\"actions.preloadImageWithDelay\" data-wp-on--pointerleave=\"actions.cancelPreload\" data-wp-on-window--resize=\"callbacks.setButtonStyles\" src=\"https:\/\/loudavymkrokem.cz\/wp-content\/uploads\/2026\/09\/theatro-municipal-do-rio-de-janeiro.jpg\" alt=\"Theatro Municipal do Rio de Janeiro\" class=\"wp-image-413233\" title=\"\" srcset=\"https:\/\/loudavymkrokem.cz\/wp-content\/uploads\/2026\/09\/theatro-municipal-do-rio-de-janeiro.jpg 490w, https:\/\/loudavymkrokem.cz\/wp-content\/uploads\/2026\/09\/theatro-municipal-do-rio-de-janeiro-300x294.jpg 300w\" sizes=\"(max-width: 490px) 100vw, 490px\" \/><button\n\t\t\tclass=\"lightbox-trigger\"\n\t\t\ttype=\"button\"\n\t\t\taria-haspopup=\"dialog\"\n\t\t\tdata-wp-bind--aria-label=\"state.thisImage.triggerButtonAriaLabel\"\n\t\t\tdata-wp-init=\"callbacks.initTriggerButton\"\n\t\t\tdata-wp-on--click=\"actions.showLightbox\"\n\t\t\tdata-wp-style--right=\"state.thisImage.buttonRight\"\n\t\t\tdata-wp-style--top=\"state.thisImage.buttonTop\"\n\t\t>\n\t\t\t<svg xmlns=\"http:\/\/www.w3.org\/2000\/svg\" width=\"12\" height=\"12\" fill=\"none\" viewBox=\"0 0 12 12\">\n\t\t\t\t<path fill=\"#fff\" d=\"M2 0a2 2 0 0 0-2 2v2h1.5V2a.5.5 0 0 1 .5-.5h2V0H2Zm2 10.5H2a.5.5 0 0 1-.5-.5V8H0v2a2 2 0 0 0 2 2h2v-1.5ZM8 12v-1.5h2a.5.5 0 0 0 .5-.5V8H12v2a2 2 0 0 1-2 2H8Zm2-12a2 2 0 0 1 2 2v2h-1.5V2a.5.5 0 0 0-.5-.5H8V0h2Z\" \/>\n\t\t\t<\/svg>\n\t\t<\/button><figcaption class=\"wp-element-caption\">Foto: Ralph Schmidt \/ Google Maps<\/figcaption><\/figure>\n\n\n\n<h3 class=\"wp-block-heading\"><span class=\"ez-toc-section\" id=\"18_Theatro_Municipal_do_Rio_de_Janeiro\"><\/span>18. Theatro Municipal do Rio de Janeiro<span class=\"ez-toc-section-end\"><\/span><\/h3>\n\n\n\n<p class=\"wp-block-paragraph\">Op het plein Cinel\u00e2ndia staat een gebouw dat met zijn uiterlijk duidelijk verwijst naar de enorme Europese invloed in de geschiedenis van de stad. <strong>Het <a href=\"http:\/\/theatromunicipal.rj.gov.br\/\" rel=\"nofollow noopener\" target=\"_blank\">Theatro Municipal<\/a> is een weelderig theater uit 1909, gebouwd in Parijse stijl<\/strong>, dat dienstdoet als het belangrijkste podium voor ballet-, opera- en klassieke muziekvoorstellingen in heel Brazili\u00eb. De gevel is rijk versierd met goud, massieve zuilen en ingewikkelde beelden, waardoor het tot de mooiste bouwwerken van het hele land behoort.<\/p>\n\n\n\n<p class=\"wp-block-paragraph\">Ook al ben je niet van plan een avondvoorstelling te bezoeken, het interieur van dit gebouw is zeker je aandacht waard. <strong>Je kunt meedoen aan een georganiseerde rondleiding met gids, die je door de overweldigende foyer, de zaal en de luxueuze salons leidt<\/strong>, versierd met adembenemende glas-in-loodramen en muurschilderingen. Het vormt een enorm contrast met de ontspannen strandcultuur en toont je Rio als een trotse stad met een diepe intellectuele traditie.<\/p>\n\n\n\n<p class=\"wp-block-paragraph\">\ud83d\udca1 Tip: <strong>Voor het theater verzamelen zich vaak straatartiesten en muzikanten<\/strong>, dus het plein Cinel\u00e2ndia zelf biedt een gratis schouwspel. Wil je toch een voorstelling beleven, dan zijn tickets voor het ballet tegen zeer schappelijke prijzen te krijgen, maar ze vereisen op zijn minst enigszins nette kleding; je strandslippers komen hier niet door de deur.<\/p>\n\n\n\n<figure data-wp-context=\"{&quot;imageId&quot;:&quot;6a9c8f268001e&quot;}\" data-wp-interactive=\"core\/image\" data-wp-key=\"6a9c8f268001e\" class=\"wp-block-image size-full wp-lightbox-container\"><img decoding=\"async\" width=\"1600\" height=\"1200\" data-wp-class--hide=\"state.isContentHidden\" data-wp-class--show=\"state.isContentVisible\" data-wp-init=\"callbacks.setButtonStyles\" data-wp-on--click=\"actions.showLightbox\" data-wp-on--load=\"callbacks.setButtonStyles\" data-wp-on--pointerdown=\"actions.preloadImage\" data-wp-on--pointerenter=\"actions.preloadImageWithDelay\" data-wp-on--pointerleave=\"actions.cancelPreload\" data-wp-on-window--resize=\"callbacks.setButtonStyles\" src=\"https:\/\/loudavymkrokem.cz\/wp-content\/uploads\/2026\/09\/catedral-metropolitana-de-s-o-sebasti-o.jpg\" alt=\"Catedral Metropolitana de S\u00e3o Sebasti\u00e3o\" class=\"wp-image-413238\" title=\"\" srcset=\"https:\/\/loudavymkrokem.cz\/wp-content\/uploads\/2026\/09\/catedral-metropolitana-de-s-o-sebasti-o.jpg 1600w, https:\/\/loudavymkrokem.cz\/wp-content\/uploads\/2026\/09\/catedral-metropolitana-de-s-o-sebasti-o-300x225.jpg 300w, https:\/\/loudavymkrokem.cz\/wp-content\/uploads\/2026\/09\/catedral-metropolitana-de-s-o-sebasti-o-700x525.jpg 700w, https:\/\/loudavymkrokem.cz\/wp-content\/uploads\/2026\/09\/catedral-metropolitana-de-s-o-sebasti-o-768x576.jpg 768w, https:\/\/loudavymkrokem.cz\/wp-content\/uploads\/2026\/09\/catedral-metropolitana-de-s-o-sebasti-o-1536x1152.jpg 1536w, https:\/\/loudavymkrokem.cz\/wp-content\/uploads\/2026\/09\/catedral-metropolitana-de-s-o-sebasti-o-80x60.jpg 80w, https:\/\/loudavymkrokem.cz\/wp-content\/uploads\/2026\/09\/catedral-metropolitana-de-s-o-sebasti-o-160x120.jpg 160w, https:\/\/loudavymkrokem.cz\/wp-content\/uploads\/2026\/09\/catedral-metropolitana-de-s-o-sebasti-o-696x522.jpg 696w, https:\/\/loudavymkrokem.cz\/wp-content\/uploads\/2026\/09\/catedral-metropolitana-de-s-o-sebasti-o-1392x1044.jpg 1392w\" sizes=\"(max-width: 1600px) 100vw, 1600px\" \/><button\n\t\t\tclass=\"lightbox-trigger\"\n\t\t\ttype=\"button\"\n\t\t\taria-haspopup=\"dialog\"\n\t\t\tdata-wp-bind--aria-label=\"state.thisImage.triggerButtonAriaLabel\"\n\t\t\tdata-wp-init=\"callbacks.initTriggerButton\"\n\t\t\tdata-wp-on--click=\"actions.showLightbox\"\n\t\t\tdata-wp-style--right=\"state.thisImage.buttonRight\"\n\t\t\tdata-wp-style--top=\"state.thisImage.buttonTop\"\n\t\t>\n\t\t\t<svg xmlns=\"http:\/\/www.w3.org\/2000\/svg\" width=\"12\" height=\"12\" fill=\"none\" viewBox=\"0 0 12 12\">\n\t\t\t\t<path fill=\"#fff\" d=\"M2 0a2 2 0 0 0-2 2v2h1.5V2a.5.5 0 0 1 .5-.5h2V0H2Zm2 10.5H2a.5.5 0 0 1-.5-.5V8H0v2a2 2 0 0 0 2 2h2v-1.5ZM8 12v-1.5h2a.5.5 0 0 0 .5-.5V8H12v2a2 2 0 0 1-2 2H8Zm2-12a2 2 0 0 1 2 2v2h-1.5V2a.5.5 0 0 0-.5-.5H8V0h2Z\" \/>\n\t\t\t<\/svg>\n\t\t<\/button><figcaption class=\"wp-element-caption\">Foto: Roberto Fernandes \/ Google Maps<\/figcaption><\/figure>\n\n\n\n<h3 class=\"wp-block-heading\"><span class=\"ez-toc-section\" id=\"19_Catedral_Metropolitana_de_Sao_Sebastiao\"><\/span>19. Catedral Metropolitana de S\u00e3o Sebasti\u00e3o<span class=\"ez-toc-section-end\"><\/span><\/h3>\n\n\n\n<p class=\"wp-block-paragraph\">Liefhebbers van ongewone architectuur zouden zeker een bouwwerk niet mogen overslaan dat er op het eerste gezicht helemaal niet uitziet als een christelijke tempel. <strong>Catedral Metropolitana is een moderne betonnen kathedraal in de vorm van een enorme Mayapiramide<\/strong>, die in 1979 feestelijk werd geopend en de meest ongewone kerk is die je in Latijns-Amerika zult zien. Het grijze exterieur oogt weliswaar wat sober en massief, maar de echte magie schuilt binnen.<\/p>\n\n\n\n<p class=\"wp-block-paragraph\">Zodra je de drempel van dit vijfenzeventig meter hoge gebouw overschrijdt, bevind je je in een enorme, in zonlicht badende ruimte zonder ook maar \u00e9\u00e9n steunpilaar. <strong>Van de vloer tot aan het plafond lopen vier gigantische ramen van gekleurd glas-in-lood, die een overweldigend lichtkruis vormen<\/strong>, en binnen een ongelooflijk spirituele en mystieke sfeer cre\u00ebren. De kathedraal biedt plaats aan maar liefst twintigduizend gelovigen en de akoestiek tijdens koorzang is ronduit fenomenaal.<\/p>\n\n\n\n<p class=\"wp-block-paragraph\">\ud83d\udca1 Tip: <strong>Ga bij het fotograferen van het interieur precies in het midden van de vloer staan en richt je lens recht omhoog<\/strong>, zo krijg je een perfect symmetrisch shot van het gekleurde kruis in het plafond. Een bezoek aan de kathedraal is snel gedaan en gemakkelijk te combineren met een bezoek aan het nabijgelegen aquaduct Arcos da Lapa, dat op slechts een paar minuten lopen ligt.<\/p>\n\n\n\n<figure data-wp-context=\"{&quot;imageId&quot;:&quot;6a9c8f26808a4&quot;}\" data-wp-interactive=\"core\/image\" data-wp-key=\"6a9c8f26808a4\" class=\"wp-block-image size-full wp-lightbox-container\"><img decoding=\"async\" width=\"1600\" height=\"1628\" data-wp-class--hide=\"state.isContentHidden\" data-wp-class--show=\"state.isContentVisible\" data-wp-init=\"callbacks.setButtonStyles\" data-wp-on--click=\"actions.showLightbox\" data-wp-on--load=\"callbacks.setButtonStyles\" data-wp-on--pointerdown=\"actions.preloadImage\" data-wp-on--pointerenter=\"actions.preloadImageWithDelay\" data-wp-on--pointerleave=\"actions.cancelPreload\" data-wp-on-window--resize=\"callbacks.setButtonStyles\" src=\"https:\/\/loudavymkrokem.cz\/wp-content\/uploads\/2026\/09\/museu-da-rep-blica.jpg\" alt=\"Museu da Rep\u00fablica (Pal\u00e1cio do Catete)\" class=\"wp-image-413242\" title=\"\" srcset=\"https:\/\/loudavymkrokem.cz\/wp-content\/uploads\/2026\/09\/museu-da-rep-blica.jpg 1600w, https:\/\/loudavymkrokem.cz\/wp-content\/uploads\/2026\/09\/museu-da-rep-blica-295x300.jpg 295w, https:\/\/loudavymkrokem.cz\/wp-content\/uploads\/2026\/09\/museu-da-rep-blica-700x712.jpg 700w, https:\/\/loudavymkrokem.cz\/wp-content\/uploads\/2026\/09\/museu-da-rep-blica-768x781.jpg 768w, https:\/\/loudavymkrokem.cz\/wp-content\/uploads\/2026\/09\/museu-da-rep-blica-1510x1536.jpg 1510w, https:\/\/loudavymkrokem.cz\/wp-content\/uploads\/2026\/09\/museu-da-rep-blica-696x708.jpg 696w, https:\/\/loudavymkrokem.cz\/wp-content\/uploads\/2026\/09\/museu-da-rep-blica-1392x1416.jpg 1392w\" sizes=\"(max-width: 1600px) 100vw, 1600px\" \/><button\n\t\t\tclass=\"lightbox-trigger\"\n\t\t\ttype=\"button\"\n\t\t\taria-haspopup=\"dialog\"\n\t\t\tdata-wp-bind--aria-label=\"state.thisImage.triggerButtonAriaLabel\"\n\t\t\tdata-wp-init=\"callbacks.initTriggerButton\"\n\t\t\tdata-wp-on--click=\"actions.showLightbox\"\n\t\t\tdata-wp-style--right=\"state.thisImage.buttonRight\"\n\t\t\tdata-wp-style--top=\"state.thisImage.buttonTop\"\n\t\t>\n\t\t\t<svg xmlns=\"http:\/\/www.w3.org\/2000\/svg\" width=\"12\" height=\"12\" fill=\"none\" viewBox=\"0 0 12 12\">\n\t\t\t\t<path fill=\"#fff\" d=\"M2 0a2 2 0 0 0-2 2v2h1.5V2a.5.5 0 0 1 .5-.5h2V0H2Zm2 10.5H2a.5.5 0 0 1-.5-.5V8H0v2a2 2 0 0 0 2 2h2v-1.5ZM8 12v-1.5h2a.5.5 0 0 0 .5-.5V8H12v2a2 2 0 0 1-2 2H8Zm2-12a2 2 0 0 1 2 2v2h-1.5V2a.5.5 0 0 0-.5-.5H8V0h2Z\" \/>\n\t\t\t<\/svg>\n\t\t<\/button><figcaption class=\"wp-element-caption\">Foto: Fabio Alves \/ Google Maps<\/figcaption><\/figure>\n\n\n\n<h3 class=\"wp-block-heading\"><span class=\"ez-toc-section\" id=\"20_Museu_da_Republica_Palacio_do_Catete\"><\/span>20. Museu da Rep\u00fablica (Pal\u00e1cio do Catete)<span class=\"ez-toc-section-end\"><\/span><\/h3>\n\n\n\n<p class=\"wp-block-paragraph\">Om de complexe politieke geschiedenis van dit enorme land te begrijpen, is een bezoek aan het voormalige presidenti\u00eble verblijf absoluut onmisbaar. <strong>Het Museu da Rep\u00fablica is gehuisvest in het weelderige paleis Pal\u00e1cio do Catete, dat dienstdeed als residentie van de Braziliaanse presidenten<\/strong> tot 1960, toen de hoofdstad naar het nieuwgebouwde Bras\u00edlia verhuisde. Het paleis is een toonbeeld van ongelooflijke luxe; de zalen zijn versierd met zeldzame houtsoorten, Venetiaanse spiegels en enorme kristallen luchters.<\/p>\n\n\n\n<p class=\"wp-block-paragraph\">De expositie leidt je langs alle sleutelmomenten van de Braziliaanse republiek, van de uitroeping ervan tot de dramatische gebeurtenissen van de twintigste eeuw. Wat je daar het meest raakt, is de bewaard gebleven kamer van president Get\u00falio Vargas, die hier in 1954 zelfmoord pleegde \u2014 het museum stelt zelfs zijn afscheidsbrief tentoon en het is een van die plekken waar de geschiedenis ineens heel concreet voor je wordt. Achter het paleis liggen bovendien uitgestrekte Franse tuinen vol hoge palmen en kunstmatige vijvertjes, die een aangename schaduw bieden om uit te rusten.<\/p>\n\n\n\n<p class=\"wp-block-paragraph\">\ud83d\udca1 Tip: <strong>De toegang tot de prachtige achtertuinen is volledig gratis en de locals maken er volop gebruik van om te wandelen en te ontspannen<\/strong>, dus zelfs als je geen zin hebt in geschiedenis in het museum, sla de tuinen dan zeker niet over. Het ligt direct bij metrostation Catete, dus de bereikbaarheid vanuit de strandwijken in het zuiden van de stad is volledig probleemloos en snel.<\/p>\n\n\n\n<figure data-wp-context=\"{&quot;imageId&quot;:&quot;6a9c8f2680edd&quot;}\" data-wp-interactive=\"core\/image\" data-wp-key=\"6a9c8f2680edd\" class=\"wp-block-image size-full wp-lightbox-container\"><img decoding=\"async\" width=\"1600\" height=\"1200\" data-wp-class--hide=\"state.isContentHidden\" data-wp-class--show=\"state.isContentVisible\" data-wp-init=\"callbacks.setButtonStyles\" data-wp-on--click=\"actions.showLightbox\" data-wp-on--load=\"callbacks.setButtonStyles\" data-wp-on--pointerdown=\"actions.preloadImage\" data-wp-on--pointerenter=\"actions.preloadImageWithDelay\" data-wp-on--pointerleave=\"actions.cancelPreload\" data-wp-on-window--resize=\"callbacks.setButtonStyles\" src=\"https:\/\/loudavymkrokem.cz\/wp-content\/uploads\/2026\/09\/espa-o-cultural-da-marinha.jpg\" alt=\"Espa\u00e7o Cultural da Marinha\" class=\"wp-image-413243\" title=\"\" srcset=\"https:\/\/loudavymkrokem.cz\/wp-content\/uploads\/2026\/09\/espa-o-cultural-da-marinha.jpg 1600w, https:\/\/loudavymkrokem.cz\/wp-content\/uploads\/2026\/09\/espa-o-cultural-da-marinha-300x225.jpg 300w, https:\/\/loudavymkrokem.cz\/wp-content\/uploads\/2026\/09\/espa-o-cultural-da-marinha-700x525.jpg 700w, https:\/\/loudavymkrokem.cz\/wp-content\/uploads\/2026\/09\/espa-o-cultural-da-marinha-768x576.jpg 768w, https:\/\/loudavymkrokem.cz\/wp-content\/uploads\/2026\/09\/espa-o-cultural-da-marinha-1536x1152.jpg 1536w, https:\/\/loudavymkrokem.cz\/wp-content\/uploads\/2026\/09\/espa-o-cultural-da-marinha-80x60.jpg 80w, https:\/\/loudavymkrokem.cz\/wp-content\/uploads\/2026\/09\/espa-o-cultural-da-marinha-160x120.jpg 160w, https:\/\/loudavymkrokem.cz\/wp-content\/uploads\/2026\/09\/espa-o-cultural-da-marinha-696x522.jpg 696w, https:\/\/loudavymkrokem.cz\/wp-content\/uploads\/2026\/09\/espa-o-cultural-da-marinha-1392x1044.jpg 1392w\" sizes=\"(max-width: 1600px) 100vw, 1600px\" \/><button\n\t\t\tclass=\"lightbox-trigger\"\n\t\t\ttype=\"button\"\n\t\t\taria-haspopup=\"dialog\"\n\t\t\tdata-wp-bind--aria-label=\"state.thisImage.triggerButtonAriaLabel\"\n\t\t\tdata-wp-init=\"callbacks.initTriggerButton\"\n\t\t\tdata-wp-on--click=\"actions.showLightbox\"\n\t\t\tdata-wp-style--right=\"state.thisImage.buttonRight\"\n\t\t\tdata-wp-style--top=\"state.thisImage.buttonTop\"\n\t\t>\n\t\t\t<svg xmlns=\"http:\/\/www.w3.org\/2000\/svg\" width=\"12\" height=\"12\" fill=\"none\" viewBox=\"0 0 12 12\">\n\t\t\t\t<path fill=\"#fff\" d=\"M2 0a2 2 0 0 0-2 2v2h1.5V2a.5.5 0 0 1 .5-.5h2V0H2Zm2 10.5H2a.5.5 0 0 1-.5-.5V8H0v2a2 2 0 0 0 2 2h2v-1.5ZM8 12v-1.5h2a.5.5 0 0 0 .5-.5V8H12v2a2 2 0 0 1-2 2H8Zm2-12a2 2 0 0 1 2 2v2h-1.5V2a.5.5 0 0 0-.5-.5H8V0h2Z\" \/>\n\t\t\t<\/svg>\n\t\t<\/button><figcaption class=\"wp-element-caption\">Foto: Heber iba\u00f1ez \/ Google Maps<\/figcaption><\/figure>\n\n\n\n<h3 class=\"wp-block-heading\"><span class=\"ez-toc-section\" id=\"21_Espaco_Cultural_da_Marinha\"><\/span>21. Espa\u00e7o Cultural da Marinha<span class=\"ez-toc-section-end\"><\/span><\/h3>\n\n\n\n<p class=\"wp-block-paragraph\">Als je in het historische centrum bij de haven rondloopt, stuit je op een fascinerend museum dat niet alleen fans van militaire geschiedenis zal waarderen. <strong>Espa\u00e7o Cultural da Marinha is een uitgestrekt maritiem museum dat je een inkijk geeft in de rijke maritieme traditie van Brazili\u00eb<\/strong>, een land met een van de langste kustlijnen ter wereld. De buitenexpositie staat vol historische kanonnen, oude torpedo&#8217;s en enorme ankers verspreid langs de in zonlicht badende kade.<\/p>\n\n\n\n<p class=\"wp-block-paragraph\">De grootste trekpleister van het hele complex zijn echter de echte vaartuigen, waar je doorheen kunt kruipen van het ruim tot aan de commandobrug. <strong>De grootste ervaring biedt een bezoek aan de afgedankte militaire onderzee\u00ebr Riachuelo en de getrouwe replica van een oud ontdekkingsschip<\/strong>, die laat zien onder wat voor benauwde omstandigheden de eerste Europeanen de kusten van Zuid-Amerika bereikten. Vanhier vertrekken ook rondvaartboten voor tochten over de baai van Guanabara, die een prachtig uitzicht op de stad vanaf het water bieden.<\/p>\n\n\n\n<p class=\"wp-block-paragraph\">\ud83d\udca1 Tip: <strong>Een tocht over de baai vanuit deze haven is aanzienlijk goedkoper en authentieker dan de overprijsde toeristenboten die vanuit het zuiden van de stad vertrekken.<\/strong> Vergeet echter geen sterke zonnebrandcr\u00e8me en een hoed mee te nemen, want op het dek van oude schepen en onderzee\u00ebrs beschermt niets je tegen de brandende Braziliaanse zon en de metalen dekken worden vaak gloeiend heet.<\/p>\n\n\n\n<figure data-wp-context=\"{&quot;imageId&quot;:&quot;6a9c8f2681767&quot;}\" data-wp-interactive=\"core\/image\" data-wp-key=\"6a9c8f2681767\" class=\"wp-block-image size-full wp-lightbox-container\"><img decoding=\"async\" width=\"1200\" height=\"800\" data-wp-class--hide=\"state.isContentHidden\" data-wp-class--show=\"state.isContentVisible\" data-wp-init=\"callbacks.setButtonStyles\" data-wp-on--click=\"actions.showLightbox\" data-wp-on--load=\"callbacks.setButtonStyles\" data-wp-on--pointerdown=\"actions.preloadImage\" data-wp-on--pointerenter=\"actions.preloadImageWithDelay\" data-wp-on--pointerleave=\"actions.cancelPreload\" data-wp-on-window--resize=\"callbacks.setButtonStyles\" src=\"https:\/\/loudavymkrokem.cz\/wp-content\/uploads\/2026\/09\/praia-vermelha-pod-cukrovou-homol.jpg\" alt=\"Strand Praia Vermelha onder de Suikerbroodberg\" class=\"wp-image-413245\" title=\"\" srcset=\"https:\/\/loudavymkrokem.cz\/wp-content\/uploads\/2026\/09\/praia-vermelha-pod-cukrovou-homol.jpg 1200w, https:\/\/loudavymkrokem.cz\/wp-content\/uploads\/2026\/09\/praia-vermelha-pod-cukrovou-homol-300x200.jpg 300w, https:\/\/loudavymkrokem.cz\/wp-content\/uploads\/2026\/09\/praia-vermelha-pod-cukrovou-homol-700x467.jpg 700w, https:\/\/loudavymkrokem.cz\/wp-content\/uploads\/2026\/09\/praia-vermelha-pod-cukrovou-homol-768x512.jpg 768w, https:\/\/loudavymkrokem.cz\/wp-content\/uploads\/2026\/09\/praia-vermelha-pod-cukrovou-homol-696x464.jpg 696w\" sizes=\"(max-width: 1200px) 100vw, 1200px\" \/><button\n\t\t\tclass=\"lightbox-trigger\"\n\t\t\ttype=\"button\"\n\t\t\taria-haspopup=\"dialog\"\n\t\t\tdata-wp-bind--aria-label=\"state.thisImage.triggerButtonAriaLabel\"\n\t\t\tdata-wp-init=\"callbacks.initTriggerButton\"\n\t\t\tdata-wp-on--click=\"actions.showLightbox\"\n\t\t\tdata-wp-style--right=\"state.thisImage.buttonRight\"\n\t\t\tdata-wp-style--top=\"state.thisImage.buttonTop\"\n\t\t>\n\t\t\t<svg xmlns=\"http:\/\/www.w3.org\/2000\/svg\" width=\"12\" height=\"12\" fill=\"none\" viewBox=\"0 0 12 12\">\n\t\t\t\t<path fill=\"#fff\" d=\"M2 0a2 2 0 0 0-2 2v2h1.5V2a.5.5 0 0 1 .5-.5h2V0H2Zm2 10.5H2a.5.5 0 0 1-.5-.5V8H0v2a2 2 0 0 0 2 2h2v-1.5ZM8 12v-1.5h2a.5.5 0 0 0 .5-.5V8H12v2a2 2 0 0 1-2 2H8Zm2-12a2 2 0 0 1 2 2v2h-1.5V2a.5.5 0 0 0-.5-.5H8V0h2Z\" \/>\n\t\t\t<\/svg>\n\t\t<\/button><figcaption class=\"wp-element-caption\">Foto: Carlos Alberto do Amaral \/ Google Maps<\/figcaption><\/figure>\n\n\n\n<h3 class=\"wp-block-heading\"><span class=\"ez-toc-section\" id=\"22_Strand_Praia_Vermelha_onder_de_Suikerbroodberg\"><\/span>22. Strand Praia Vermelha onder de Suikerbroodberg<span class=\"ez-toc-section-end\"><\/span><\/h3>\n\n\n\n<p class=\"wp-block-paragraph\">Als afsluiting van onze lijst hebben we een klein, maar des te mooier strand bewaard, dat een volledig andere ervaring biedt dan de eindeloze zandstroken op Copacabana. <strong>Praia Vermelha, oftewel het Rode Strand, ligt verscholen in een rustige baai recht aan de voet van de majestueuze Suikerbroodberg<\/strong>, die als een enorme stenen muur boven het strand oprijst. Zijn naam is afgeleid van het grovere, roodachtige zand dat bij zonsondergang een prachtige warme tint krijgt.<\/p>\n\n\n\n<p class=\"wp-block-paragraph\">De baai is beschermd tegen de sterke oceaanstromingen, waardoor het water hier ongelooflijk rustig en veilig is, wat het tot een ideale plek maakt voor gezinnen en ontspannen zwemmen. <strong>Door het ontbreken van grote golven is het ook een perfecte plek om een paddleboard of zeekajak te huren<\/strong>, van waaruit je de omliggende steile rotsen vanuit een volledig nieuw perspectief kunt bewonderen. Het strand is heel klein en knus, omringd door groene bomen, en biedt een veel intiemere sfeer dan de grote naburige stranden.<\/p>\n\n\n\n<p class=\"wp-block-paragraph\">\ud83d\udca1 Tip: <strong>Vanaf de linkerrand van het strand begint het prachtige, verharde pad Pista Cl\u00e1udio Coutinho, dat zich vlak langs de kliffen boven de zee door het regenwoud slingert.<\/strong> Het is een geweldige plek voor een makkelijke wandeling, waar je met grote waarschijnlijkheid brutale penseelaapjes tegenkomt; onthoud alleen dat het voeren van wilde dieren in het hele park streng verboden is, hoe schattig ze er ook uitzien. Een uitstapje naar dit strand combineer je idealiter met een bezoek aan de Suikerbroodberg zelf \u2014 het onderste station van de kabelbaan ligt gelijk aan de overkant van de straat.<\/p>\n\n\n\n<h2 class=\"wp-block-heading\"><span class=\"ez-toc-section\" id=\"Waar_naartoe_vanuit_Rio_de_Janeiro\"><\/span>Waar naartoe vanuit Rio de Janeiro<span class=\"ez-toc-section-end\"><\/span><\/h2>\n\n\n\n<p class=\"wp-block-paragraph\">Brazili\u00eb is een enorm land en Rio de Janeiro is vaak slechts de eerste stop op je Zuid-Amerikaanse reis. Wil je je <strong>dieper verdiepen in het plannen van je accommodatie<\/strong>, dan hebben we voor je een gedetailleerdere gids samengesteld: <a href=\"https:\/\/loudavymkrokem.cz\/kde-bydlet-v-rio-de-janeiru\/\">Waar te overnachten in Rio de Janeiro<\/a>. Daarin ontdek je de precieze verschillen tussen de afzonderlijke wijken in het zuiden van de stad, zodat je makkelijker de beste locatie kiest.<\/p>\n\n\n\n<p class=\"wp-block-paragraph\">De meeste reizigers verplaatsen zich vervolgens naar de grootste metropool van het hele zuidelijk halfrond, die een <strong>volledig andere, zeer stedelijke ervaring<\/strong> biedt. Voor een soepele overgang raad ik aan om het artikel <a href=\"https:\/\/loudavymkrokem.cz\/nl\/?p=412732\">Wat te zien in S\u00e3o Paulo<\/a> te bekijken, waar je tips vindt voor de beste musea, parken en uitkijkpunten op wolkenkrabbers. Praktische tips voor het kiezen van een veilige locatie in deze reusachtige zakenstad biedt vervolgens onze gids <a href=\"https:\/\/loudavymkrokem.cz\/nl\/?p=412738\">Waar te overnachten in S\u00e3o Paulo<\/a>.<\/p>\n\n\n\n<h2 class=\"wp-block-heading\"><span class=\"ez-toc-section\" id=\"Veelgestelde_vragen\"><\/span>Veelgestelde vragen<span class=\"ez-toc-section-end\"><\/span><\/h2>\n\n\n<div id=\"rank-math-faq\" class=\"rank-math-block\">\n<div class=\"rank-math-list \">\n<div id=\"faq-question-1788283109000\" class=\"rank-math-list-item\">\n<h3 class=\"rank-math-question \"><span class=\"ez-toc-section\" id=\"Is_Rio_de_Janeiro_veilig_voor_toeristen\"><\/span>Is Rio de Janeiro veilig voor toeristen?<span class=\"ez-toc-section-end\"><\/span><\/h3>\n<div class=\"rank-math-answer \">\n\n<p>Als je je houdt aan de <strong>toeristische veiligheidszone rond de wijken Ipanema en Leblon<\/strong>, zul je hoogstwaarschijnlijk geen enkel probleem hebben. Overdag is het ook veilig op Copacabana, maar vermijd na zonsondergang wandelingen over het strand en verlaten straten in het centrum. <strong>Gebruik altijd Uber<\/strong> en pronk niet met dure sieraden of telefoons.<\/p>\n\n<\/div>\n<\/div>\n<div id=\"faq-question-1788283109001\" class=\"rank-math-list-item\">\n<h3 class=\"rank-math-question \"><span class=\"ez-toc-section\" id=\"Hoeveel_dagen_heb_ik_nodig_voor_een_bezoek_aan_Rio\"><\/span>Hoeveel dagen heb ik nodig voor een bezoek aan Rio?<span class=\"ez-toc-section-end\"><\/span><\/h3>\n<div class=\"rank-math-answer \">\n\n<p>De ideale tijd om de stad te verkennen is <strong>vier tot vijf volledige dagen<\/strong>, wat je voldoende ruimte geeft voor bezienswaardigheden \u00e9n ontspanning op het strand. Houd echter altijd <strong>minstens twee dagen als buffer in reserve<\/strong>, zodat je bezoeken aan hooggelegen uitkijkpunten flexibel kunt aanpassen aan de actuele bewolking en het weer.<\/p>\n\n<\/div>\n<\/div>\n<div id=\"faq-question-1788283109002\" class=\"rank-math-list-item\">\n<h3 class=\"rank-math-question \"><span class=\"ez-toc-section\" id=\"Hoe_kom_ik_het_beste_bij_het_Christusbeeld\"><\/span>Hoe kom ik het beste bij het Christusbeeld?<span class=\"ez-toc-section-end\"><\/span><\/h3>\n<div class=\"rank-math-answer \">\n\n<p>Er zijn drie manieren, waarbij <strong>de duurste en populairste de historische tandradtrein Corcovado is<\/strong>, die je door het regenwoud omhoog brengt. Een iets goedkopere optie is de offici\u00eble minibus vanaf het bezoekerscentrum Paineiras. Als je op zoek bent naar de goedkoopste en meest avontuurlijke route, <strong>kun je te voet gaan via het steile pad<\/strong> vanaf park Parque Lage, wat ongeveer twee uur pittige klim kost.<\/p>\n\n<\/div>\n<\/div>\n<div id=\"faq-question-1788283109003\" class=\"rank-math-list-item\">\n<h3 class=\"rank-math-question \"><span class=\"ez-toc-section\" id=\"Wanneer_is_de_beste_tijd_om_naar_Brazilie_te_reizen\"><\/span>Wanneer is de beste tijd om naar Brazili\u00eb te reizen?<span class=\"ez-toc-section-end\"><\/span><\/h3>\n<div class=\"rank-math-answer \">\n\n<p>Qua gunstig weer en redelijke prijzen is het beste om <strong>van april tot juni of van augustus tot oktober te gaan<\/strong>. Zo vermijd je de extreme zomerhitte en regelmatige stortbuien. Tijdens carnaval en oudejaarsavond beleeft de stad weliswaar een geweldige sfeer, maar <strong>zijn de accommodatieprijzen meerdere malen hoger<\/strong> en tref je overal enorme mensenmassa&#8217;s aan.<\/p>\n\n<\/div>\n<\/div>\n<div id=\"faq-question-1788283109004\" class=\"rank-math-list-item\">\n<h3 class=\"rank-math-question \"><span class=\"ez-toc-section\" id=\"Kan_ik_na_zonsondergang_zwemmen_op_de_stranden_van_Rio\"><\/span>Kan ik na zonsondergang zwemmen op de stranden van Rio?<span class=\"ez-toc-section-end\"><\/span><\/h3>\n<div class=\"rank-math-answer \">\n\n<p><strong>Absoluut niet, je gaat &#8217;s nachts nooit naar het strand.<\/strong> Zodra de zon ondergaat, worden de lange zandstroken gevaarlijk voor toeristen en trekken ze verdachte figuren aan. Bewoners van de stad verzamelen zich &#8217;s avonds in goed verlichte bars en restaurants aan drukke straten, dus <strong>vermijd verlaten stranden na het donker volledig<\/strong>.<\/p>\n\n<\/div>\n<\/div>\n<div id=\"faq-question-1788283109005\" class=\"rank-math-list-item\">\n<h3 class=\"rank-math-question \"><span class=\"ez-toc-section\" id=\"Hoe_verplaats_je_je_door_de_stad_en_is_het_openbaar_vervoer_veilig\"><\/span>Hoe verplaats je je door de stad en is het openbaar vervoer veilig?<span class=\"ez-toc-section-end\"><\/span><\/h3>\n<div class=\"rank-math-answer \">\n\n<p>Overdag <strong>functioneert het metronetwerk uitstekend en veilig<\/strong>, dat de zuidelijke strandwijken verbindt met het historische stadscentrum. Gewone bussen zijn nogal onoverzichtelijk en worden niet echt aangeraden voor toeristen. Zodra het begint te schemeren, <strong>schakel je zonder compromis over naar de Uber-app<\/strong>, die in Brazili\u00eb zeer goedkoop en betrouwbaar is en je een rustige terugkeer naar je hotel garandeert.<\/p>\n\n<\/div>\n<\/div>\n<div id=\"faq-question-1788283109006\" class=\"rank-math-list-item\">\n<h3 class=\"rank-math-question \"><span class=\"ez-toc-section\" id=\"Wat_kan_ik_eten_in_Rio_als_ik_geen_vlees_eet\"><\/span>Wat kan ik eten in Rio als ik geen vlees eet?<span class=\"ez-toc-section-end\"><\/span><\/h3>\n<div class=\"rank-math-answer \">\n\n<p>Hoewel de Braziliaanse keuken sterk gebaseerd is op vlees, vind je hier volop vegetarische lekkernijen. <strong>De absolute hit is ijskoude a\u00e7a\u00ed met granola<\/strong>, heerlijk verfrissend op het strand. Bij straatkraampjes vind je kaasbroodjes p\u00e3o de queijo of tapioca gevuld met kaas en tomaat. Voor een volwaardige avondmaaltijd <strong>ga je naar de uitstekende Italiaanse restaurants in Ipanema<\/strong>.<\/p>\n\n<\/div>\n<\/div>\n<div id=\"faq-question-1788283109007\" class=\"rank-math-list-item\">\n<h3 class=\"rank-math-question \"><span class=\"ez-toc-section\" id=\"Is_het_de_moeite_waard_om_tickets_voor_bezienswaardigheden_lang_van_tevoren_te_kopen\"><\/span>Is het de moeite waard om tickets voor bezienswaardigheden lang van tevoren te kopen?<span class=\"ez-toc-section-end\"><\/span><\/h3>\n<div class=\"rank-math-answer \">\n\n<p>Bij moderne binnenmusea, zoals het Museum van Morgen, loont het zeker de moeite om online tickets van tevoren te kopen. <strong>Bij openlucht uitkijkpunten zoals de Suikerbroodberg en Christus de Verlosser moet je echter voorzichtig zijn.<\/strong> Het weer aan de kust verandert van uur tot uur en door tickets op een vaste dag te kopen <strong>loop je het risico dat je door dichte mist helemaal niets ziet<\/strong>.<\/p>\n\n<\/div>\n<\/div>\n<\/div>\n<\/div>","protected":false},"excerpt":{"rendered":"<p>Ontdek de mooiste plekken van Rio de Janeiro, van beroemde stranden tot verborgen regenwouduitzichten, en kom erachter hoe je volkomen veilig van de stad geniet.<\/p>\n","protected":false},"author":3,"featured_media":413187,"comment_status":"open","ping_status":"open","sticky":false,"template":"","format":"standard","meta":{"_acf_changed":false,"footnotes":"","rank_math_title":"Rio de Janeiro: 22 tips om te zien en te doen (2026)","rank_math_description":"Ontdek de 22 mooiste plekken van Rio de Janeiro: van iconische stranden tot verborgen uitzichten. Plan je reis slim en veilig \u2014 lees hier onze complete gids!","rank_math_focus_keyword":"rio de janeiro","rank_math_seo_score":""},"categories":[979],"tags":[],"class_list":["post-418455","post","type-post","status-publish","format-standard","has-post-thumbnail","category-reizen"],"acf":[],"featured_image_src":"https:\/\/loudavymkrokem.cz\/wp-content\/uploads\/2026\/09\/pedra-do-arpoador.jpg","author_info":{"display_name":"Lucie Kone\u010dn\u00e1","author_link":"https:\/\/loudavymkrokem.cz\/nl\/author\/lucie-konecna\/"},"_links":{"self":[{"href":"https:\/\/loudavymkrokem.cz\/nl\/wp-json\/wp\/v2\/posts\/418455","targetHints":{"allow":["GET"]}}],"collection":[{"href":"https:\/\/loudavymkrokem.cz\/nl\/wp-json\/wp\/v2\/posts"}],"about":[{"href":"https:\/\/loudavymkrokem.cz\/nl\/wp-json\/wp\/v2\/types\/post"}],"author":[{"embeddable":true,"href":"https:\/\/loudavymkrokem.cz\/nl\/wp-json\/wp\/v2\/users\/3"}],"replies":[{"embeddable":true,"href":"https:\/\/loudavymkrokem.cz\/nl\/wp-json\/wp\/v2\/comments?post=418455"}],"version-history":[{"count":2,"href":"https:\/\/loudavymkrokem.cz\/nl\/wp-json\/wp\/v2\/posts\/418455\/revisions"}],"predecessor-version":[{"id":418460,"href":"https:\/\/loudavymkrokem.cz\/nl\/wp-json\/wp\/v2\/posts\/418455\/revisions\/418460"}],"wp:featuredmedia":[{"embeddable":true,"href":"https:\/\/loudavymkrokem.cz\/nl\/wp-json\/wp\/v2\/media\/413187"}],"wp:attachment":[{"href":"https:\/\/loudavymkrokem.cz\/nl\/wp-json\/wp\/v2\/media?parent=418455"}],"wp:term":[{"taxonomy":"category","embeddable":true,"href":"https:\/\/loudavymkrokem.cz\/nl\/wp-json\/wp\/v2\/categories?post=418455"},{"taxonomy":"post_tag","embeddable":true,"href":"https:\/\/loudavymkrokem.cz\/nl\/wp-json\/wp\/v2\/tags?post=418455"}],"curies":[{"name":"wp","href":"https:\/\/api.w.org\/{rel}","templated":true}]}}