{"id":408799,"date":"2026-08-26T17:30:05","date_gmt":"2026-08-26T15:30:05","guid":{"rendered":"https:\/\/loudavymkrokem.cz\/wat-zien-pisek-tsjechie\/"},"modified":"2026-08-31T06:07:02","modified_gmt":"2026-08-31T04:07:02","slug":"wat-zien-pisek-tsjechie","status":"publish","type":"post","link":"https:\/\/loudavymkrokem.cz\/nl\/wat-zien-pisek-tsjechie\/","title":{"rendered":"Wat te zien in P\u00edsek: 39 tips van een geboren local voor bezienswaardigheden en geheime uitzichten"},"content":{"rendered":"\n<p class=\"wp-block-paragraph\"><strong>Ik ben geboren in P\u00edsek.<\/strong> Daarna woonde ik jarenlang in Praag, reisde ik een flink stuk van <strong><a href=\"https:\/\/loudavymkrokem.cz\/nl\/reizen\/europa\/\" data-type=\"link\" data-id=\"https:\/\/loudavymkrokem.cz\/cestovani\/evropa\/\" target=\"_blank\" rel=\"noreferrer noopener\">Europa<\/a><\/strong> af, zag ik heel wat mooie steden, en uiteindelijk zijn mijn man en ik teruggekeerd naar hier, naar de Otava. Vandaag wonen we hier met onze zoon Jon\u00e1\u0161ek en ik blijf volhouden dat P\u00edsek een van de mooiste steden van Zuid-Bohemen is. \ud83d\ude0a<\/p>\n\n\n\n<p class=\"wp-block-paragraph\"><strong>P\u00edsek is de stad waar ik geboren ben en waar ik nu met mijn gezin weer woon.<\/strong> Ik ken hier elk steegje, ik weet waar je de beste koffie krijgt (en waar je beter niet naartoe gaat), waar je in de zomer bij de rivier kunt komen zonder dat \u00e9\u00e9n toerist je ziet, en ik weet ook wat een bezoek eigenlijk niet waard is (ja, ik ben eerlijk). Het is zo&#8217;n stadje dat je op het eerste gezicht misschien niet imponeert met monumentale architectuur zoals \u010cesk\u00fd Krumlov, maar dat je langzaam voor zich wint \u2013 met sfeer, rust aan de rivier, geschiedenis op elke hoek en die bijzondere Zuid-Boheemse gemoedelijkheid die je niet helemaal kunt beschrijven, maar meteen herkent.<\/p>\n\n\n\n<p class=\"wp-block-paragraph\">Als je zoekt <strong>wat te zien in P\u00edsik in Tsjechi\u00eb<\/strong> en droge lijstjes met bezienswaardigheden verwacht, dan verras ik je misschien een beetje. Dit artikel is meer als een wandeling door de stad met een vriendin die je ook plekken laat zien die in geen enkele gids staan. Ik heb <strong>39 tips voor bezienswaardigheden, interessante plekken en caf\u00e9s<\/strong> voor je klaargezet, en omdat ik thuis een tweejarige jongen heb, geef ik je ook advies over <strong>wat je in P\u00edsek en omgeving met kinderen kunt doen<\/strong>. Dus laten we beginnen.<\/p>\n\n\n\n<figure data-wp-context=\"{&quot;imageId&quot;:&quot;6a952393866a1&quot;}\" data-wp-interactive=\"core\/image\" data-wp-key=\"6a952393866a1\" class=\"wp-block-image size-full wp-lightbox-container\"><img decoding=\"async\" width=\"2200\" height=\"1467\" data-wp-class--hide=\"state.isContentHidden\" data-wp-class--show=\"state.isContentVisible\" data-wp-init=\"callbacks.setButtonStyles\" data-wp-on--click=\"actions.showLightbox\" data-wp-on--load=\"callbacks.setButtonStyles\" data-wp-on--pointerdown=\"actions.preloadImage\" data-wp-on--pointerenter=\"actions.preloadImageWithDelay\" data-wp-on--pointerleave=\"actions.cancelPreload\" data-wp-on-window--resize=\"callbacks.setButtonStyles\" src=\"https:\/\/loudavymkrokem.cz\/wp-content\/uploads\/2026\/08\/pisek-kamenny-most-zapad-slunce.jpg\" alt=\"Stenen brug in P\u00edsek bij zonsondergang\" class=\"wp-image-399321\" title=\"\" srcset=\"https:\/\/loudavymkrokem.cz\/wp-content\/uploads\/2026\/08\/pisek-kamenny-most-zapad-slunce.jpg 2200w, https:\/\/loudavymkrokem.cz\/wp-content\/uploads\/2026\/08\/pisek-kamenny-most-zapad-slunce-300x200.jpg 300w, https:\/\/loudavymkrokem.cz\/wp-content\/uploads\/2026\/08\/pisek-kamenny-most-zapad-slunce-700x467.jpg 700w, https:\/\/loudavymkrokem.cz\/wp-content\/uploads\/2026\/08\/pisek-kamenny-most-zapad-slunce-768x512.jpg 768w, https:\/\/loudavymkrokem.cz\/wp-content\/uploads\/2026\/08\/pisek-kamenny-most-zapad-slunce-1536x1024.jpg 1536w, https:\/\/loudavymkrokem.cz\/wp-content\/uploads\/2026\/08\/pisek-kamenny-most-zapad-slunce-2048x1366.jpg 2048w, https:\/\/loudavymkrokem.cz\/wp-content\/uploads\/2026\/08\/pisek-kamenny-most-zapad-slunce-696x464.jpg 696w, https:\/\/loudavymkrokem.cz\/wp-content\/uploads\/2026\/08\/pisek-kamenny-most-zapad-slunce-1392x928.jpg 1392w, https:\/\/loudavymkrokem.cz\/wp-content\/uploads\/2026\/08\/pisek-kamenny-most-zapad-slunce-1920x1280.jpg 1920w\" sizes=\"(max-width: 2200px) 100vw, 2200px\" \/><button\n\t\t\tclass=\"lightbox-trigger\"\n\t\t\ttype=\"button\"\n\t\t\taria-haspopup=\"dialog\"\n\t\t\tdata-wp-bind--aria-label=\"state.thisImage.triggerButtonAriaLabel\"\n\t\t\tdata-wp-init=\"callbacks.initTriggerButton\"\n\t\t\tdata-wp-on--click=\"actions.showLightbox\"\n\t\t\tdata-wp-style--right=\"state.thisImage.buttonRight\"\n\t\t\tdata-wp-style--top=\"state.thisImage.buttonTop\"\n\t\t>\n\t\t\t<svg xmlns=\"http:\/\/www.w3.org\/2000\/svg\" width=\"12\" height=\"12\" fill=\"none\" viewBox=\"0 0 12 12\">\n\t\t\t\t<path fill=\"#fff\" d=\"M2 0a2 2 0 0 0-2 2v2h1.5V2a.5.5 0 0 1 .5-.5h2V0H2Zm2 10.5H2a.5.5 0 0 1-.5-.5V8H0v2a2 2 0 0 0 2 2h2v-1.5ZM8 12v-1.5h2a.5.5 0 0 0 .5-.5V8H12v2a2 2 0 0 1-2 2H8Zm2-12a2 2 0 0 1 2 2v2h-1.5V2a.5.5 0 0 0-.5-.5H8V0h2Z\" \/>\n\t\t\t<\/svg>\n\t\t<\/button><\/figure>\n\n\n\n<div id=\"ez-toc-container\" class=\"ez-toc-v2_0_86 ez-toc-wrap-left counter-hierarchy ez-toc-counter ez-toc-grey ez-toc-container-direction\">\n<div class=\"ez-toc-title-container\">\n<p class=\"ez-toc-title\" style=\"cursor:inherit\">Inhoud van het artikel<\/p>\n<span class=\"ez-toc-title-toggle\"><a href=\"#\" class=\"ez-toc-pull-right ez-toc-btn ez-toc-btn-xs ez-toc-btn-default ez-toc-toggle\" aria-label=\"Toggle tabel met inhoud\"><span class=\"ez-toc-js-icon-con\"><span class=\"\"><span class=\"eztoc-hide\" style=\"display:none;\">Toggle<\/span><span class=\"ez-toc-icon-toggle-span\"><svg style=\"fill: #999;color:#999\" xmlns=\"http:\/\/www.w3.org\/2000\/svg\" class=\"list-377408\" width=\"20px\" height=\"20px\" viewBox=\"0 0 24 24\" fill=\"none\"><path d=\"M6 6H4v2h2V6zm14 0H8v2h12V6zM4 11h2v2H4v-2zm16 0H8v2h12v-2zM4 16h2v2H4v-2zm16 0H8v2h12v-2z\" fill=\"currentColor\"><\/path><\/svg><svg style=\"fill: #999;color:#999\" class=\"arrow-unsorted-368013\" xmlns=\"http:\/\/www.w3.org\/2000\/svg\" width=\"10px\" height=\"10px\" viewBox=\"0 0 24 24\" version=\"1.2\" baseProfile=\"tiny\"><path d=\"M18.2 9.3l-6.2-6.3-6.2 6.3c-.2.2-.3.4-.3.7s.1.5.3.7c.2.2.4.3.7.3h11c.3 0 .5-.1.7-.3.2-.2.3-.5.3-.7s-.1-.5-.3-.7zM5.8 14.7l6.2 6.3 6.2-6.3c.2-.2.3-.5.3-.7s-.1-.5-.3-.7c-.2-.2-.4-.3-.7-.3h-11c-.3 0-.5.1-.7.3-.2.2-.3.5-.3.7s.1.5.3.7z\"\/><\/svg><\/span><\/span><\/span><\/a><\/span><\/div>\n<nav><ul class='ez-toc-list ez-toc-list-level-1 ' ><li class='ez-toc-page-1 ez-toc-heading-level-2'><a class=\"ez-toc-link ez-toc-heading-1\" href=\"https:\/\/loudavymkrokem.cz\/nl\/wat-zien-pisek-tsjechie\/#Samenvatting_voor_wie_geen_tijd_heeft_om_het_hele_artikel_te_lezen\" >Samenvatting voor wie geen tijd heeft om het hele artikel te lezen<\/a><\/li><li class='ez-toc-page-1 ez-toc-heading-level-2'><a class=\"ez-toc-link ez-toc-heading-2\" href=\"https:\/\/loudavymkrokem.cz\/nl\/wat-zien-pisek-tsjechie\/#Wat_maakt_Pisek_bijzonder_en_waarom_is_het_een_bezoek_waard\" >Wat maakt P\u00edsek bijzonder en waarom is het een bezoek waard<\/a><\/li><li class='ez-toc-page-1 ez-toc-heading-level-2'><a class=\"ez-toc-link ez-toc-heading-3\" href=\"https:\/\/loudavymkrokem.cz\/nl\/wat-zien-pisek-tsjechie\/#Wanneer_naar_Pisek_gaan_en_hoe_je_er_komt\" >Wanneer naar P\u00edsek gaan en hoe je er komt<\/a><ul class='ez-toc-list-level-3' ><li class='ez-toc-heading-level-3'><a class=\"ez-toc-link ez-toc-heading-4\" href=\"https:\/\/loudavymkrokem.cz\/nl\/wat-zien-pisek-tsjechie\/#Hoe_kom_je_in_Pisek\" >Hoe kom je in P\u00edsek<\/a><\/li><\/ul><\/li><li class='ez-toc-page-1 ez-toc-heading-level-2'><a class=\"ez-toc-link ez-toc-heading-5\" href=\"https:\/\/loudavymkrokem.cz\/nl\/wat-zien-pisek-tsjechie\/#Waar_overnachten_in_Pisek_en_wat_kost_het\" >Waar overnachten in P\u00edsek en wat kost het<\/a><\/li><li class='ez-toc-page-1 ez-toc-heading-level-2'><a class=\"ez-toc-link ez-toc-heading-6\" href=\"https:\/\/loudavymkrokem.cz\/nl\/wat-zien-pisek-tsjechie\/#Wat_te_zien_in_Pisek_39_tips_voor_bezienswaardigheden_en_interessante_plekken\" >Wat te zien in P\u00edsek: 39 tips voor bezienswaardigheden en interessante plekken<\/a><ul class='ez-toc-list-level-3' ><li class='ez-toc-heading-level-3'><a class=\"ez-toc-link ez-toc-heading-7\" href=\"https:\/\/loudavymkrokem.cz\/nl\/wat-zien-pisek-tsjechie\/#1_Stenen_brug_Hertenbrug_%E2%80%93_de_oudste_stenen_brug_van_Tsjechie\" >1. Stenen brug (Hertenbrug) \u2013 de oudste stenen brug van Tsjechi\u00eb<\/a><\/li><li class='ez-toc-page-1 ez-toc-heading-level-3'><a class=\"ez-toc-link ez-toc-heading-8\" href=\"https:\/\/loudavymkrokem.cz\/nl\/wat-zien-pisek-tsjechie\/#2_De_Putim-poort_en_de_Frana_Sramek-steeg\" >2. De Putim-poort en de Fr\u00e1\u0148a \u0160r\u00e1mek-steeg<\/a><\/li><li class='ez-toc-page-1 ez-toc-heading-level-3'><a class=\"ez-toc-link ez-toc-heading-9\" href=\"https:\/\/loudavymkrokem.cz\/nl\/wat-zien-pisek-tsjechie\/#3_Kasteel_stadsmuur_en_het_Prachen-museum\" >3. Kasteel, stadsmuur en het Pr\u00e1che\u0148-museum<\/a><\/li><li class='ez-toc-page-1 ez-toc-heading-level-3'><a class=\"ez-toc-link ez-toc-heading-10\" href=\"https:\/\/loudavymkrokem.cz\/nl\/wat-zien-pisek-tsjechie\/#4_De_gemeentelijke_elektriciteitscentrale_van_Krizik\" >4. De gemeentelijke elektriciteitscentrale van K\u0159i\u017e\u00edk<\/a><\/li><li class='ez-toc-page-1 ez-toc-heading-level-3'><a class=\"ez-toc-link ez-toc-heading-11\" href=\"https:\/\/loudavymkrokem.cz\/nl\/wat-zien-pisek-tsjechie\/#5_Landelijke_stoeterij\" >5. Landelijke stoeterij<\/a><\/li><li class='ez-toc-page-1 ez-toc-heading-level-3'><a class=\"ez-toc-link ez-toc-heading-12\" href=\"https:\/\/loudavymkrokem.cz\/nl\/wat-zien-pisek-tsjechie\/#6_Kerk_van_de_Geboorte_van_de_Maagd_Maria\" >6. Kerk van de Geboorte van de Maagd Maria<\/a><\/li><li class='ez-toc-page-1 ez-toc-heading-level-3'><a class=\"ez-toc-link ez-toc-heading-13\" href=\"https:\/\/loudavymkrokem.cz\/nl\/wat-zien-pisek-tsjechie\/#7_Het_Grote_Plein_en_Alsovo_namesti_met_de_Struikelstenen\" >7. Het Grote Plein en Al\u0161ovo n\u00e1m\u011bst\u00ed met de Struikelstenen<\/a><\/li><li class='ez-toc-page-1 ez-toc-heading-level-3'><a class=\"ez-toc-link ez-toc-heading-14\" href=\"https:\/\/loudavymkrokem.cz\/nl\/wat-zien-pisek-tsjechie\/#8_Mariale_pestzuil_op_Alsovo_namesti\" >8. Mariale pestzuil op Al\u0161ovo n\u00e1m\u011bst\u00ed<\/a><\/li><li class='ez-toc-page-1 ez-toc-heading-level-3'><a class=\"ez-toc-link ez-toc-heading-15\" href=\"https:\/\/loudavymkrokem.cz\/nl\/wat-zien-pisek-tsjechie\/#9_De_kazerne\" >9. De kazerne<\/a><\/li><li class='ez-toc-page-1 ez-toc-heading-level-3'><a class=\"ez-toc-link ez-toc-heading-16\" href=\"https:\/\/loudavymkrokem.cz\/nl\/wat-zien-pisek-tsjechie\/#10_Het_stadhuis\" >10. Het stadhuis<\/a><\/li><li class='ez-toc-page-1 ez-toc-heading-level-3'><a class=\"ez-toc-link ez-toc-heading-17\" href=\"https:\/\/loudavymkrokem.cz\/nl\/wat-zien-pisek-tsjechie\/#11_Kerk_van_de_Kruisverheffing\" >11. Kerk van de Kruisverheffing<\/a><\/li><li class='ez-toc-page-1 ez-toc-heading-level-3'><a class=\"ez-toc-link ez-toc-heading-18\" href=\"https:\/\/loudavymkrokem.cz\/nl\/wat-zien-pisek-tsjechie\/#12_De_vleeshallen\" >12. De vleeshallen<\/a><\/li><li class='ez-toc-page-1 ez-toc-heading-level-3'><a class=\"ez-toc-link ez-toc-heading-19\" href=\"https:\/\/loudavymkrokem.cz\/nl\/wat-zien-pisek-tsjechie\/#13_De_stadsbibliotheek_en_cafe_Upekla\" >13. De stadsbibliotheek en caf\u00e9 Upekla<\/a><\/li><li class='ez-toc-page-1 ez-toc-heading-level-3'><a class=\"ez-toc-link ez-toc-heading-20\" href=\"https:\/\/loudavymkrokem.cz\/nl\/wat-zien-pisek-tsjechie\/#14_Het_politiebureau_voormalige_bibliotheek\" >14. Het politiebureau (voormalige bibliotheek)<\/a><\/li><li class='ez-toc-page-1 ez-toc-heading-level-3'><a class=\"ez-toc-link ez-toc-heading-21\" href=\"https:\/\/loudavymkrokem.cz\/nl\/wat-zien-pisek-tsjechie\/#15_Beeld_van_Sint-Florianus\" >15. Beeld van Sint-Florianus<\/a><\/li><li class='ez-toc-page-1 ez-toc-heading-level-3'><a class=\"ez-toc-link ez-toc-heading-22\" href=\"https:\/\/loudavymkrokem.cz\/nl\/wat-zien-pisek-tsjechie\/#16_Palackeho-park\" >16. Palack\u00e9ho-park<\/a><\/li><li class='ez-toc-page-1 ez-toc-heading-level-3'><a class=\"ez-toc-link ez-toc-heading-23\" href=\"https:\/\/loudavymkrokem.cz\/nl\/wat-zien-pisek-tsjechie\/#17_Schrenk-paviljoen\" >17. Schrenk-paviljoen<\/a><\/li><li class='ez-toc-page-1 ez-toc-heading-level-3'><a class=\"ez-toc-link ez-toc-heading-24\" href=\"https:\/\/loudavymkrokem.cz\/nl\/wat-zien-pisek-tsjechie\/#18_Neptunusfontein\" >18. Neptunusfontein<\/a><\/li><li class='ez-toc-page-1 ez-toc-heading-level-3'><a class=\"ez-toc-link ez-toc-heading-25\" href=\"https:\/\/loudavymkrokem.cz\/nl\/wat-zien-pisek-tsjechie\/#19_Monument_voor_Adolf_Heyduk_en_Frantisek_Palacky\" >19. Monument voor Adolf Heyduk en Franti\u0161ek Palack\u00fd<\/a><\/li><li class='ez-toc-page-1 ez-toc-heading-level-3'><a class=\"ez-toc-link ez-toc-heading-26\" href=\"https:\/\/loudavymkrokem.cz\/nl\/wat-zien-pisek-tsjechie\/#20_Het_huis_van_Adolf_Heyduk\" >20. Het huis van Adolf Heyduk<\/a><\/li><li class='ez-toc-page-1 ez-toc-heading-level-3'><a class=\"ez-toc-link ez-toc-heading-27\" href=\"https:\/\/loudavymkrokem.cz\/nl\/wat-zien-pisek-tsjechie\/#21_Kronberger-paviljoen\" >21. Kronberger-paviljoen<\/a><\/li><li class='ez-toc-page-1 ez-toc-heading-level-3'><a class=\"ez-toc-link ez-toc-heading-28\" href=\"https:\/\/loudavymkrokem.cz\/nl\/wat-zien-pisek-tsjechie\/#22_Hotel_Otava\" >22. Hotel Otava<\/a><\/li><li class='ez-toc-page-1 ez-toc-heading-level-3'><a class=\"ez-toc-link ez-toc-heading-29\" href=\"https:\/\/loudavymkrokem.cz\/nl\/wat-zien-pisek-tsjechie\/#23_De_synagoge\" >23. De synagoge<\/a><\/li><li class='ez-toc-page-1 ez-toc-heading-level-3'><a class=\"ez-toc-link ez-toc-heading-30\" href=\"https:\/\/loudavymkrokem.cz\/nl\/wat-zien-pisek-tsjechie\/#24_Het_gezondheidscentrum\" >24. Het gezondheidscentrum<\/a><\/li><li class='ez-toc-page-1 ez-toc-heading-level-3'><a class=\"ez-toc-link ez-toc-heading-31\" href=\"https:\/\/loudavymkrokem.cz\/nl\/wat-zien-pisek-tsjechie\/#25_Huis_U_Kouli_en_de_burgerhuizen\" >25. Huis U Koul\u00ed en de burgerhuizen<\/a><\/li><li class='ez-toc-page-1 ez-toc-heading-level-3'><a class=\"ez-toc-link ez-toc-heading-32\" href=\"https:\/\/loudavymkrokem.cz\/nl\/wat-zien-pisek-tsjechie\/#26_De_nieuwe_brug\" >26. De nieuwe brug<\/a><\/li><li class='ez-toc-page-1 ez-toc-heading-level-3'><a class=\"ez-toc-link ez-toc-heading-33\" href=\"https:\/\/loudavymkrokem.cz\/nl\/wat-zien-pisek-tsjechie\/#27_Sokolovna\" >27. Sokolovna<\/a><\/li><li class='ez-toc-page-1 ez-toc-heading-level-3'><a class=\"ez-toc-link ez-toc-heading-34\" href=\"https:\/\/loudavymkrokem.cz\/nl\/wat-zien-pisek-tsjechie\/#28_Het_oude_postkantoor\" >28. Het oude postkantoor<\/a><\/li><li class='ez-toc-page-1 ez-toc-heading-level-3'><a class=\"ez-toc-link ez-toc-heading-35\" href=\"https:\/\/loudavymkrokem.cz\/nl\/wat-zien-pisek-tsjechie\/#29_Raab-villa\" >29. Raab-villa<\/a><\/li><li class='ez-toc-page-1 ez-toc-heading-level-3'><a class=\"ez-toc-link ez-toc-heading-36\" href=\"https:\/\/loudavymkrokem.cz\/nl\/wat-zien-pisek-tsjechie\/#30_Monument_voor_de_gevallenen_bij_Melegnano_en_Solferino\" >30. Monument voor de gevallenen bij Melegnano en Solferino<\/a><\/li><li class='ez-toc-page-1 ez-toc-heading-level-3'><a class=\"ez-toc-link ez-toc-heading-37\" href=\"https:\/\/loudavymkrokem.cz\/nl\/wat-zien-pisek-tsjechie\/#31_Mariakapel\" >31. Mariakapel<\/a><\/li><li class='ez-toc-page-1 ez-toc-heading-level-3'><a class=\"ez-toc-link ez-toc-heading-38\" href=\"https:\/\/loudavymkrokem.cz\/nl\/wat-zien-pisek-tsjechie\/#32_Kerk_van_de_Heilige_Drie-eenheid\" >32. Kerk van de Heilige Drie-eenheid<\/a><\/li><li class='ez-toc-page-1 ez-toc-heading-level-3'><a class=\"ez-toc-link ez-toc-heading-39\" href=\"https:\/\/loudavymkrokem.cz\/nl\/wat-zien-pisek-tsjechie\/#33_Sint-Wenceslaskerk\" >33. Sint-Wenceslaskerk<\/a><\/li><li class='ez-toc-page-1 ez-toc-heading-level-3'><a class=\"ez-toc-link ez-toc-heading-40\" href=\"https:\/\/loudavymkrokem.cz\/nl\/wat-zien-pisek-tsjechie\/#34_Het_hillfort\" >34. Het hillfort<\/a><\/li><li class='ez-toc-page-1 ez-toc-heading-level-3'><a class=\"ez-toc-link ez-toc-heading-41\" href=\"https:\/\/loudavymkrokem.cz\/nl\/wat-zien-pisek-tsjechie\/#35_Het_pad_van_de_pijnstenen\" >35. Het pad van de pijnstenen<\/a><\/li><li class='ez-toc-page-1 ez-toc-heading-level-3'><a class=\"ez-toc-link ez-toc-heading-42\" href=\"https:\/\/loudavymkrokem.cz\/nl\/wat-zien-pisek-tsjechie\/#36_Villa_Marta_en_de_Dagmar_Simkova-brug\" >36. Villa Marta en de Dagmar \u0160imkov\u00e1-brug<\/a><\/li><li class='ez-toc-page-1 ez-toc-heading-level-3'><a class=\"ez-toc-link ez-toc-heading-43\" href=\"https:\/\/loudavymkrokem.cz\/nl\/wat-zien-pisek-tsjechie\/#37_Frana_Sramek-theater\" >37. Fr\u00e1\u0148a \u0160r\u00e1mek-theater<\/a><\/li><li class='ez-toc-page-1 ez-toc-heading-level-3'><a class=\"ez-toc-link ez-toc-heading-44\" href=\"https:\/\/loudavymkrokem.cz\/nl\/wat-zien-pisek-tsjechie\/#38_De_deken-woning\" >38. De deken-woning<\/a><\/li><li class='ez-toc-page-1 ez-toc-heading-level-3'><a class=\"ez-toc-link ez-toc-heading-45\" href=\"https:\/\/loudavymkrokem.cz\/nl\/wat-zien-pisek-tsjechie\/#39_De_zwingers_bij_de_Putim-poort\" >39. De zwingers bij de Putim-poort<\/a><\/li><\/ul><\/li><li class='ez-toc-page-1 ez-toc-heading-level-2'><a class=\"ez-toc-link ez-toc-heading-46\" href=\"https:\/\/loudavymkrokem.cz\/nl\/wat-zien-pisek-tsjechie\/#Wat_te_doen_in_Pisek_met_kinderen_tips_voor_gezinnen_in_de_stad_en_omgeving\" >Wat te doen in P\u00edsek met kinderen: tips voor gezinnen in de stad en omgeving<\/a><ul class='ez-toc-list-level-3' ><li class='ez-toc-heading-level-3'><a class=\"ez-toc-link ez-toc-heading-47\" href=\"https:\/\/loudavymkrokem.cz\/nl\/wat-zien-pisek-tsjechie\/#Sladovna_Pisek_reusachtige_speelgalerie\" >Sladovna P\u00edsek: reusachtige speelgalerie<\/a><\/li><li class='ez-toc-page-1 ez-toc-heading-level-3'><a class=\"ez-toc-link ez-toc-heading-48\" href=\"https:\/\/loudavymkrokem.cz\/nl\/wat-zien-pisek-tsjechie\/#Zandsculpturen_op_de_kade_voormalig_Cipiskoviste\" >Zandsculpturen op de kade (voormalig Cip\u00edskovi\u0161t\u011b)<\/a><\/li><li class='ez-toc-page-1 ez-toc-heading-level-3'><a class=\"ez-toc-link ez-toc-heading-49\" href=\"https:\/\/loudavymkrokem.cz\/nl\/wat-zien-pisek-tsjechie\/#Travel_Cafe_cafe_met_zandbak\" >Travel Cafe: caf\u00e9 met zandbak<\/a><\/li><li class='ez-toc-page-1 ez-toc-heading-level-3'><a class=\"ez-toc-link ez-toc-heading-50\" href=\"https:\/\/loudavymkrokem.cz\/nl\/wat-zien-pisek-tsjechie\/#Speelhallen_in_Pisek_Myska_herna_en_co\" >Speelhallen in P\u00edsek: My\u0161ka herna en co.<\/a><\/li><li class='ez-toc-page-1 ez-toc-heading-level-3'><a class=\"ez-toc-link ez-toc-heading-51\" href=\"https:\/\/loudavymkrokem.cz\/nl\/wat-zien-pisek-tsjechie\/#Wildbaan_U_Vodaka\" >Wildbaan U Vod\u00e1ka<\/a><\/li><li class='ez-toc-page-1 ez-toc-heading-level-3'><a class=\"ez-toc-link ez-toc-heading-52\" href=\"https:\/\/loudavymkrokem.cz\/nl\/wat-zien-pisek-tsjechie\/#Chalet_Zivec_en_het_3D-doolhof\" >Chalet \u017divec en het 3D-doolhof<\/a><\/li><li class='ez-toc-page-1 ez-toc-heading-level-3'><a class=\"ez-toc-link ez-toc-heading-53\" href=\"https:\/\/loudavymkrokem.cz\/nl\/wat-zien-pisek-tsjechie\/#Het_Stadseiland\" >Het Stadseiland<\/a><\/li><li class='ez-toc-page-1 ez-toc-heading-level-3'><a class=\"ez-toc-link ez-toc-heading-54\" href=\"https:\/\/loudavymkrokem.cz\/nl\/wat-zien-pisek-tsjechie\/#Hernajs\" >Hernajs<\/a><\/li><li class='ez-toc-page-1 ez-toc-heading-level-3'><a class=\"ez-toc-link ez-toc-heading-55\" href=\"https:\/\/loudavymkrokem.cz\/nl\/wat-zien-pisek-tsjechie\/#Mini_Academy\" >Mini Academy<\/a><\/li><li class='ez-toc-page-1 ez-toc-heading-level-3'><a class=\"ez-toc-link ez-toc-heading-56\" href=\"https:\/\/loudavymkrokem.cz\/nl\/wat-zien-pisek-tsjechie\/#Verkeerstuin_bij_Wenceslas\" >Verkeerstuin bij Wenceslas<\/a><\/li><li class='ez-toc-page-1 ez-toc-heading-level-3'><a class=\"ez-toc-link ez-toc-heading-57\" href=\"https:\/\/loudavymkrokem.cz\/nl\/wat-zien-pisek-tsjechie\/#Nase_zviratka_Putim_gratis_minizoo\" >Na\u0161e zv\u00ed\u0159\u00e1tka Putim: gratis minizoo<\/a><\/li><li class='ez-toc-page-1 ez-toc-heading-level-3'><a class=\"ez-toc-link ez-toc-heading-58\" href=\"https:\/\/loudavymkrokem.cz\/nl\/wat-zien-pisek-tsjechie\/#Zwembad_bij_Wenceslas_zwemmen_met_uitzicht_op_de_Otava\" >Zwembad bij Wenceslas: zwemmen met uitzicht op de Otava<\/a><\/li><li class='ez-toc-page-1 ez-toc-heading-level-3'><a class=\"ez-toc-link ez-toc-heading-59\" href=\"https:\/\/loudavymkrokem.cz\/nl\/wat-zien-pisek-tsjechie\/#Met_de_kano_over_de_Otava_kanovaren_ook_voor_gezinnen\" >Met de kano over de Otava: kanovaren ook voor gezinnen<\/a><\/li><li class='ez-toc-page-1 ez-toc-heading-level-3'><a class=\"ez-toc-link ez-toc-heading-60\" href=\"https:\/\/loudavymkrokem.cz\/nl\/wat-zien-pisek-tsjechie\/#Zemeraj_bij_Kovarov_een_dag_in_de_vroege_middeleeuwen\" >Zem\u011br\u00e1j bij Kov\u00e1\u0159ov: een dag in de vroege middeleeuwen<\/a><\/li><li class='ez-toc-page-1 ez-toc-heading-level-3'><a class=\"ez-toc-link ez-toc-heading-61\" href=\"https:\/\/loudavymkrokem.cz\/nl\/wat-zien-pisek-tsjechie\/#Met_treintje_Elinka_over_de_Regenboogbrug\" >Met treintje Elinka over de Regenboogbrug<\/a><\/li><\/ul><\/li><li class='ez-toc-page-1 ez-toc-heading-level-2'><a class=\"ez-toc-link ez-toc-heading-62\" href=\"https:\/\/loudavymkrokem.cz\/nl\/wat-zien-pisek-tsjechie\/#Wat_te_doen_in_Pisek_als_het_regent\" >Wat te doen in P\u00edsek als het regent<\/a><\/li><li class='ez-toc-page-1 ez-toc-heading-level-2'><a class=\"ez-toc-link ez-toc-heading-63\" href=\"https:\/\/loudavymkrokem.cz\/nl\/wat-zien-pisek-tsjechie\/#Waar_je_in_Pisek_kunt_parkeren\" >Waar je in P\u00edsek kunt parkeren<\/a><\/li><li class='ez-toc-page-1 ez-toc-heading-level-2'><a class=\"ez-toc-link ez-toc-heading-64\" href=\"https:\/\/loudavymkrokem.cz\/nl\/wat-zien-pisek-tsjechie\/#Waar_je_in_Pisek_lekker_kunt_eten_en_drinken\" >Waar je in P\u00edsek lekker kunt eten en drinken<\/a><\/li><li class='ez-toc-page-1 ez-toc-heading-level-2'><a class=\"ez-toc-link ez-toc-heading-65\" href=\"https:\/\/loudavymkrokem.cz\/nl\/wat-zien-pisek-tsjechie\/#Tips_voor_uitstapjes_in_de_omgeving_van_Pisek_13_plekken_voor_een_dagtrip\" >Tips voor uitstapjes in de omgeving van P\u00edsek: 13 plekken voor een dagtrip<\/a><ul class='ez-toc-list-level-3' ><li class='ez-toc-heading-level-3'><a class=\"ez-toc-link ez-toc-heading-66\" href=\"https:\/\/loudavymkrokem.cz\/nl\/wat-zien-pisek-tsjechie\/#Kasteel_Zvikov_en_slot_Orlik\" >Kasteel Zv\u00edkov en slot Orl\u00edk<\/a><\/li><li class='ez-toc-page-1 ez-toc-heading-level-3'><a class=\"ez-toc-link ez-toc-heading-67\" href=\"https:\/\/loudavymkrokem.cz\/nl\/wat-zien-pisek-tsjechie\/#Krokodillen-ZOO_Protivin\" >Krokodillen-ZOO Protiv\u00edn<\/a><\/li><li class='ez-toc-page-1 ez-toc-heading-level-3'><a class=\"ez-toc-link ez-toc-heading-68\" href=\"https:\/\/loudavymkrokem.cz\/nl\/wat-zien-pisek-tsjechie\/#Monument_van_de_slag_bij_Sudomer\" >Monument van de slag bij Sudom\u011b\u0159<\/a><\/li><li class='ez-toc-page-1 ez-toc-heading-level-3'><a class=\"ez-toc-link ez-toc-heading-69\" href=\"https:\/\/loudavymkrokem.cz\/nl\/wat-zien-pisek-tsjechie\/#Sprookjessmederij_Selibov\" >Sprookjessmederij Selibov<\/a><\/li><li class='ez-toc-page-1 ez-toc-heading-level-3'><a class=\"ez-toc-link ez-toc-heading-70\" href=\"https:\/\/loudavymkrokem.cz\/nl\/wat-zien-pisek-tsjechie\/#Farmapark_Maletice\" >Farmapark Maletice<\/a><\/li><li class='ez-toc-page-1 ez-toc-heading-level-3'><a class=\"ez-toc-link ez-toc-heading-71\" href=\"https:\/\/loudavymkrokem.cz\/nl\/wat-zien-pisek-tsjechie\/#Fiziland_en_Koninkrijk_van_de_Tijd_in_Protivin\" >Fiziland en Koninkrijk van de Tijd in Protiv\u00edn<\/a><\/li><li class='ez-toc-page-1 ez-toc-heading-level-3'><a class=\"ez-toc-link ez-toc-heading-72\" href=\"https:\/\/loudavymkrokem.cz\/nl\/wat-zien-pisek-tsjechie\/#Bagrarium_in_Strakonice\" >Bagr\u00e1rium in Strakonice<\/a><\/li><li class='ez-toc-page-1 ez-toc-heading-level-3'><a class=\"ez-toc-link ez-toc-heading-73\" href=\"https:\/\/loudavymkrokem.cz\/nl\/wat-zien-pisek-tsjechie\/#Tabor\" >T\u00e1bor<\/a><\/li><li class='ez-toc-page-1 ez-toc-heading-level-3'><a class=\"ez-toc-link ez-toc-heading-74\" href=\"https:\/\/loudavymkrokem.cz\/nl\/wat-zien-pisek-tsjechie\/#Ceske_Budejovice\" >\u010cesk\u00e9 Bud\u011bjovice<\/a><\/li><li class='ez-toc-page-1 ez-toc-heading-level-3'><a class=\"ez-toc-link ez-toc-heading-75\" href=\"https:\/\/loudavymkrokem.cz\/nl\/wat-zien-pisek-tsjechie\/#Hluboka_nad_Vltavou\" >Hlubok\u00e1 nad Vltavou<\/a><\/li><li class='ez-toc-page-1 ez-toc-heading-level-3'><a class=\"ez-toc-link ez-toc-heading-76\" href=\"https:\/\/loudavymkrokem.cz\/nl\/wat-zien-pisek-tsjechie\/#Cesky_Krumlov\" >\u010cesk\u00fd Krumlov<\/a><\/li><li class='ez-toc-page-1 ez-toc-heading-level-3'><a class=\"ez-toc-link ez-toc-heading-77\" href=\"https:\/\/loudavymkrokem.cz\/nl\/wat-zien-pisek-tsjechie\/#Sumava\" >\u0160umava<\/a><\/li><li class='ez-toc-page-1 ez-toc-heading-level-3'><a class=\"ez-toc-link ez-toc-heading-78\" href=\"https:\/\/loudavymkrokem.cz\/nl\/wat-zien-pisek-tsjechie\/#Praag\" >Praag<\/a><\/li><\/ul><\/li><li class='ez-toc-page-1 ez-toc-heading-level-2'><a class=\"ez-toc-link ez-toc-heading-79\" href=\"https:\/\/loudavymkrokem.cz\/nl\/wat-zien-pisek-tsjechie\/#Wat_te_zien_in_Pisek_conclusie\" >Wat te zien in P\u00edsek: conclusie<\/a><\/li><li class='ez-toc-page-1 ez-toc-heading-level-2'><a class=\"ez-toc-link ez-toc-heading-80\" href=\"https:\/\/loudavymkrokem.cz\/nl\/wat-zien-pisek-tsjechie\/#Meer_lezen\" >Meer lezen<\/a><\/li><li class='ez-toc-page-1 ez-toc-heading-level-2'><a class=\"ez-toc-link ez-toc-heading-81\" href=\"https:\/\/loudavymkrokem.cz\/nl\/wat-zien-pisek-tsjechie\/#Veelgestelde_vragen\" >Veelgestelde vragen<\/a><ul class='ez-toc-list-level-3' ><li class='ez-toc-heading-level-3'><a class=\"ez-toc-link ez-toc-heading-82\" href=\"https:\/\/loudavymkrokem.cz\/nl\/wat-zien-pisek-tsjechie\/#Is_de_Stenen_Brug_in_Pisek_echt_ouder_dan_de_Karelsbrug\" >Is de Stenen Brug in P\u00edsek echt ouder dan de Karelsbrug?<\/a><\/li><li class='ez-toc-page-1 ez-toc-heading-level-3'><a class=\"ez-toc-link ez-toc-heading-83\" href=\"https:\/\/loudavymkrokem.cz\/nl\/wat-zien-pisek-tsjechie\/#Verveelt_Sladovna_ook_oudere_kinderen_niet\" >Verveelt Sladovna ook oudere kinderen niet?<\/a><\/li><li class='ez-toc-page-1 ez-toc-heading-level-3'><a class=\"ez-toc-link ez-toc-heading-84\" href=\"https:\/\/loudavymkrokem.cz\/nl\/wat-zien-pisek-tsjechie\/#Waar_bevinden_de_zandbeelden_zich_precies\" >Waar bevinden de zandbeelden zich precies?<\/a><\/li><li class='ez-toc-page-1 ez-toc-heading-level-3'><a class=\"ez-toc-link ez-toc-heading-85\" href=\"https:\/\/loudavymkrokem.cz\/nl\/wat-zien-pisek-tsjechie\/#Hoe_kom_ik_bij_de_uitkijktoren_Jarnik\" >Hoe kom ik bij de uitkijktoren Jarn\u00edk?<\/a><\/li><li class='ez-toc-page-1 ez-toc-heading-level-3'><a class=\"ez-toc-link ez-toc-heading-86\" href=\"https:\/\/loudavymkrokem.cz\/nl\/wat-zien-pisek-tsjechie\/#Wanneer_is_de_beste_tijd_voor_een_bezoek_aan_de_Nationale_Stoeterij\" >Wanneer is de beste tijd voor een bezoek aan de Nationale Stoeterij?<\/a><\/li><li class='ez-toc-page-1 ez-toc-heading-level-3'><a class=\"ez-toc-link ez-toc-heading-87\" href=\"https:\/\/loudavymkrokem.cz\/nl\/wat-zien-pisek-tsjechie\/#Hoeveel_kost_de_toegang_tot_het_Prachen_Museum\" >Hoeveel kost de toegang tot het Pr\u00e1che\u0148 Museum?<\/a><\/li><li class='ez-toc-page-1 ez-toc-heading-level-3'><a class=\"ez-toc-link ez-toc-heading-88\" href=\"https:\/\/loudavymkrokem.cz\/nl\/wat-zien-pisek-tsjechie\/#Hoe_kom_ik_het_beste_in_Pisek_vanuit_Nederland\" >Hoe kom ik het beste in P\u00edsek vanuit Nederland?<\/a><\/li><li class='ez-toc-page-1 ez-toc-heading-level-3'><a class=\"ez-toc-link ez-toc-heading-89\" href=\"https:\/\/loudavymkrokem.cz\/nl\/wat-zien-pisek-tsjechie\/#Waar_kan_ik_in_Pisek_met_kinderen_naartoe\" >Waar kan ik in P\u00edsek met kinderen naartoe?<\/a><\/li><\/ul><\/li><\/ul><\/nav><\/div>\n<h2 class=\"wp-block-heading\"><span class=\"ez-toc-section\" id=\"Samenvatting_voor_wie_geen_tijd_heeft_om_het_hele_artikel_te_lezen\"><\/span>Samenvatting voor wie geen tijd heeft om het hele artikel te lezen<span class=\"ez-toc-section-end\"><\/span><\/h2>\n\n\n\n<ul class=\"wp-block-list\">\n<li><strong>Stenen brug<\/strong> \u2013 de oudste stenen brug van Tsjechi\u00eb, iconisch symbool van de stad, gratis toegang, het mooist bij zonsopgang in de mist.<\/li>\n\n\n\n<li><strong>Sladovna P\u00edsek<\/strong> \u2013 interactief centrum voor kinderen (en eerlijk gezegd ook voor volwassenen), de ideale tip voor als het regent met kinderen in P\u00edsek.<\/li>\n\n\n\n<li><strong>Landelijke stoeterij<\/strong> \u2013 nationaal cultureel monument in tudorstijl, rondleidingen voor \u20ac 6, neem contant geld mee.<\/li>\n\n\n\n<li><strong>Zaken in het Palack\u00e9ho-park<\/strong> \u2013 het glutenvrije Do Nebe en Park Caf\u00e9, beide met uitzicht op het park.<\/li>\n\n\n\n<li><strong>Travel Cafe<\/strong> \u2013 volgens mij het beste caf\u00e9 van de stad, met een terras op de binnenplaats en een zandbak voor de kinderen.<\/li>\n\n\n\n<li><strong>De bergen van P\u00edsek<\/strong> \u2013 een bosgebied direct achter de stad, ideaal om te wandelen, hardlopen en fietsen.<\/li>\n\n\n\n<li><strong>Omgeving van P\u00edsek<\/strong> \u2013 Zv\u00edkov, Orl\u00edk, Hlubok\u00e1, T\u00e1bor \u2013 allemaal binnen 40 minuten met de auto.<\/li>\n<\/ul>\n\n\n\n<p class=\"wp-block-paragraph\"><strong><a href=\"https:\/\/loudavymkrokem.cz\/nl\/zuid-bohemen-tsjechie-mooiste-steden\/\" target=\"_blank\" rel=\"noreferrer noopener\">Lees ook: 8 uitstapjes door Zuid-Bohemen<\/a><\/strong><\/p>\n\n\n\n<h2 class=\"wp-block-heading\"><span class=\"ez-toc-section\" id=\"Wat_maakt_Pisek_bijzonder_en_waarom_is_het_een_bezoek_waard\"><\/span>Wat maakt P\u00edsek bijzonder en waarom is het een bezoek waard<span class=\"ez-toc-section-end\"><\/span><\/h2>\n\n\n\n<figure data-wp-context=\"{&quot;imageId&quot;:&quot;6a95239386c27&quot;}\" data-wp-interactive=\"core\/image\" data-wp-key=\"6a95239386c27\" class=\"wp-block-image size-full wp-lightbox-container\"><img decoding=\"async\" width=\"2200\" height=\"1467\" data-wp-class--hide=\"state.isContentHidden\" data-wp-class--show=\"state.isContentVisible\" data-wp-init=\"callbacks.setButtonStyles\" data-wp-on--click=\"actions.showLightbox\" data-wp-on--load=\"callbacks.setButtonStyles\" data-wp-on--pointerdown=\"actions.preloadImage\" data-wp-on--pointerenter=\"actions.preloadImageWithDelay\" data-wp-on--pointerleave=\"actions.cancelPreload\" data-wp-on-window--resize=\"callbacks.setButtonStyles\" src=\"https:\/\/loudavymkrokem.cz\/wp-content\/uploads\/2026\/08\/pisek-alsovo-namesti-vecer.jpg\" alt=\"Al\u0161ovo n\u00e1m\u011bst\u00ed in P\u00edsek in het avondlicht\" class=\"wp-image-399356\" title=\"\" srcset=\"https:\/\/loudavymkrokem.cz\/wp-content\/uploads\/2026\/08\/pisek-alsovo-namesti-vecer.jpg 2200w, https:\/\/loudavymkrokem.cz\/wp-content\/uploads\/2026\/08\/pisek-alsovo-namesti-vecer-300x200.jpg 300w, https:\/\/loudavymkrokem.cz\/wp-content\/uploads\/2026\/08\/pisek-alsovo-namesti-vecer-700x467.jpg 700w, https:\/\/loudavymkrokem.cz\/wp-content\/uploads\/2026\/08\/pisek-alsovo-namesti-vecer-768x512.jpg 768w, https:\/\/loudavymkrokem.cz\/wp-content\/uploads\/2026\/08\/pisek-alsovo-namesti-vecer-1536x1024.jpg 1536w, https:\/\/loudavymkrokem.cz\/wp-content\/uploads\/2026\/08\/pisek-alsovo-namesti-vecer-2048x1366.jpg 2048w, https:\/\/loudavymkrokem.cz\/wp-content\/uploads\/2026\/08\/pisek-alsovo-namesti-vecer-696x464.jpg 696w, https:\/\/loudavymkrokem.cz\/wp-content\/uploads\/2026\/08\/pisek-alsovo-namesti-vecer-1392x928.jpg 1392w, https:\/\/loudavymkrokem.cz\/wp-content\/uploads\/2026\/08\/pisek-alsovo-namesti-vecer-1920x1280.jpg 1920w\" sizes=\"(max-width: 2200px) 100vw, 2200px\" \/><button\n\t\t\tclass=\"lightbox-trigger\"\n\t\t\ttype=\"button\"\n\t\t\taria-haspopup=\"dialog\"\n\t\t\tdata-wp-bind--aria-label=\"state.thisImage.triggerButtonAriaLabel\"\n\t\t\tdata-wp-init=\"callbacks.initTriggerButton\"\n\t\t\tdata-wp-on--click=\"actions.showLightbox\"\n\t\t\tdata-wp-style--right=\"state.thisImage.buttonRight\"\n\t\t\tdata-wp-style--top=\"state.thisImage.buttonTop\"\n\t\t>\n\t\t\t<svg xmlns=\"http:\/\/www.w3.org\/2000\/svg\" width=\"12\" height=\"12\" fill=\"none\" viewBox=\"0 0 12 12\">\n\t\t\t\t<path fill=\"#fff\" d=\"M2 0a2 2 0 0 0-2 2v2h1.5V2a.5.5 0 0 1 .5-.5h2V0H2Zm2 10.5H2a.5.5 0 0 1-.5-.5V8H0v2a2 2 0 0 0 2 2h2v-1.5ZM8 12v-1.5h2a.5.5 0 0 0 .5-.5V8H12v2a2 2 0 0 1-2 2H8Zm2-12a2 2 0 0 1 2 2v2h-1.5V2a.5.5 0 0 0-.5-.5H8V0h2Z\" \/>\n\t\t\t<\/svg>\n\t\t<\/button><\/figure>\n\n\n\n<p class=\"wp-block-paragraph\"><strong>P\u00edsek wordt weleens<\/strong> <strong>het Zuid-Boheemse Athene genoemd<\/strong>, en hoewel dat wat hoogdravend klinkt voor een stad met dertigduizend inwoners, zit er wel iets in. De traditie van onderwijs gaat hier eeuwen terug, de cultuur leeft hier tot op de dag van vandaag en per inwoner hebben we hier ongewoon veel galerie\u00ebn, theaters en festivals. Maar vooral \u2013 P\u00edsek heeft een geschiedenis waar andere steden generaties lang op zouden teren.<\/p>\n\n\n\n<p class=\"wp-block-paragraph\">Laten we beginnen met de bekendste. <strong>De stenen brug over de Otava<\/strong> <strong>stamt uit de 13e eeuw<\/strong> en is de oudste bewaard gebleven brug van heel Tsjechi\u00eb. Ja, ouder dan de Karelsbrug in Praag, ook al horen de Pragers dat niet graag als ik het zeg. \ud83d\ude05 Maar het gaat niet alleen om de brug. In <strong>1887 werd P\u00edsek de eerste stad in Bohemen met openbare elektrische straatverlichting<\/strong> \u2013 de gemeentelijke elektriciteitscentrale van K\u0159i\u017e\u00edk verlichtte het plein hier eerder dan Praag! Franti\u0161ek K\u0159i\u017e\u00edk testte zijn technologie juist hier, in een klein Zuid-Boheems stadje aan de goudhoudende Otava.<\/p>\n\n\n\n<p class=\"wp-block-paragraph\">En die Otava, dat is de rivier waar heel P\u00edsek om draait. Goudhoudend, prachtig, in de zomer vol kanovaarders en zwemmers. De dichter <strong>Fr\u00e1\u0148a \u0160r\u00e1mek<\/strong>, die hier woonde en werkte, schreef er z\u00f3 over dat je meteen aan de oever zou willen gaan zitten en de wind door je haren zou willen laten waaien. Trouwens, als je met kinderen komt, mis dan zeker niet de <strong>Zandsculpturen<\/strong>, een beeldententoonstelling direct aan de oever van de Otava, waar elk jaar enorme zandsculpturen ontstaan die je de adem benemen. Het is waarschijnlijk het meest fotogenieke dat je in P\u00edsek in het voorjaar en de zomer zult zien.<\/p>\n\n\n\n<h2 class=\"wp-block-heading\"><span class=\"ez-toc-section\" id=\"Wanneer_naar_Pisek_gaan_en_hoe_je_er_komt\"><\/span>Wanneer naar P\u00edsek gaan en hoe je er komt<span class=\"ez-toc-section-end\"><\/span><\/h2>\n\n\n\n<figure data-wp-context=\"{&quot;imageId&quot;:&quot;6a95239387067&quot;}\" data-wp-interactive=\"core\/image\" data-wp-key=\"6a95239387067\" class=\"wp-block-image size-full wp-lightbox-container\"><img decoding=\"async\" width=\"2200\" height=\"1467\" data-wp-class--hide=\"state.isContentHidden\" data-wp-class--show=\"state.isContentVisible\" data-wp-init=\"callbacks.setButtonStyles\" data-wp-on--click=\"actions.showLightbox\" data-wp-on--load=\"callbacks.setButtonStyles\" data-wp-on--pointerdown=\"actions.preloadImage\" data-wp-on--pointerenter=\"actions.preloadImageWithDelay\" data-wp-on--pointerleave=\"actions.cancelPreload\" data-wp-on-window--resize=\"callbacks.setButtonStyles\" src=\"https:\/\/loudavymkrokem.cz\/wp-content\/uploads\/2026\/08\/pisek-kamenny-most-soumrak.jpg\" alt=\"Stenen brug over de Otava in de schemering\" class=\"wp-image-399327\" title=\"\" srcset=\"https:\/\/loudavymkrokem.cz\/wp-content\/uploads\/2026\/08\/pisek-kamenny-most-soumrak.jpg 2200w, https:\/\/loudavymkrokem.cz\/wp-content\/uploads\/2026\/08\/pisek-kamenny-most-soumrak-300x200.jpg 300w, https:\/\/loudavymkrokem.cz\/wp-content\/uploads\/2026\/08\/pisek-kamenny-most-soumrak-700x467.jpg 700w, https:\/\/loudavymkrokem.cz\/wp-content\/uploads\/2026\/08\/pisek-kamenny-most-soumrak-768x512.jpg 768w, https:\/\/loudavymkrokem.cz\/wp-content\/uploads\/2026\/08\/pisek-kamenny-most-soumrak-1536x1024.jpg 1536w, https:\/\/loudavymkrokem.cz\/wp-content\/uploads\/2026\/08\/pisek-kamenny-most-soumrak-2048x1366.jpg 2048w, https:\/\/loudavymkrokem.cz\/wp-content\/uploads\/2026\/08\/pisek-kamenny-most-soumrak-696x464.jpg 696w, https:\/\/loudavymkrokem.cz\/wp-content\/uploads\/2026\/08\/pisek-kamenny-most-soumrak-1392x928.jpg 1392w, https:\/\/loudavymkrokem.cz\/wp-content\/uploads\/2026\/08\/pisek-kamenny-most-soumrak-1920x1280.jpg 1920w\" sizes=\"(max-width: 2200px) 100vw, 2200px\" \/><button\n\t\t\tclass=\"lightbox-trigger\"\n\t\t\ttype=\"button\"\n\t\t\taria-haspopup=\"dialog\"\n\t\t\tdata-wp-bind--aria-label=\"state.thisImage.triggerButtonAriaLabel\"\n\t\t\tdata-wp-init=\"callbacks.initTriggerButton\"\n\t\t\tdata-wp-on--click=\"actions.showLightbox\"\n\t\t\tdata-wp-style--right=\"state.thisImage.buttonRight\"\n\t\t\tdata-wp-style--top=\"state.thisImage.buttonTop\"\n\t\t>\n\t\t\t<svg xmlns=\"http:\/\/www.w3.org\/2000\/svg\" width=\"12\" height=\"12\" fill=\"none\" viewBox=\"0 0 12 12\">\n\t\t\t\t<path fill=\"#fff\" d=\"M2 0a2 2 0 0 0-2 2v2h1.5V2a.5.5 0 0 1 .5-.5h2V0H2Zm2 10.5H2a.5.5 0 0 1-.5-.5V8H0v2a2 2 0 0 0 2 2h2v-1.5ZM8 12v-1.5h2a.5.5 0 0 0 .5-.5V8H12v2a2 2 0 0 1-2 2H8Zm2-12a2 2 0 0 1 2 2v2h-1.5V2a.5.5 0 0 0-.5-.5H8V0h2Z\" \/>\n\t\t\t<\/svg>\n\t\t<\/button><\/figure>\n\n\n\n<p class=\"wp-block-paragraph\">P\u00edsek is mooi in elk seizoen, en dat zeg ik met volle overtuiging als iemand die hier ook de deprimerende grijze novembermaanden heeft meegemaakt. Maar elk seizoen heeft zijn eigen charme en het hangt ervan af wat je zoekt.<\/p>\n\n\n\n<ul class=\"wp-block-list\">\n<li><strong>Lente (april\u2013mei)<\/strong> is misschien wel mijn favoriete tijd. Het Palack\u00e9ho-park bloeit, langs de Otava is het groen en de stad ontwaakt na de winter \u2013 de terrassen van de caf\u00e9s gaan open, mensen komen naar buiten en er hangt zo&#8217;n frisse energie in de lucht. En vooral: eind mei worden er op de kade nieuwe reusachtige <strong>zandsculpturen<\/strong> onthuld, dit jaar al voor de twintigste keer, begeleid door het familiefestival P\u00edskovi\u0161t\u011b. Straattheater, concerten, workshops voor kinderen, de hele stad leeft. Een van de mooiste weekenden van het jaar.<\/li>\n\n\n\n<li><strong>Zomer (juni\u2013augustus)<\/strong> is voor zwemmen in de Otava, kanotochten, stadsfeesten en lange avonden op de terrasjes langs de rivier. In juni vindt <strong>Dotkni se P\u00edsku<\/strong> plaats \u2013 historische feesten midden in het centrum, ridders, ambachten, historische markten. In augustus is er dan het <strong>Folklorefestival<\/strong>, waar groepen uit de hele wereld op afkomen. Houd er wel rekening mee dat er in het hoogseizoen meer toeristen in de stad zijn (al is het nog steeds onvergelijkbaar minder dan in Krumlov, daar geen twijfel over).<\/li>\n\n\n\n<li><strong>Herfst (september\u2013oktober)<\/strong> \u2013 het gouden P\u00edsek. Letterlijk. De bomen in het park en langs de rivier verkleuren, de ochtendnevels boven de Otava lijken zo uit een film, en het aantal toeristen neemt af. Ideaal voor wandelingen en het rustig bekijken van de bezienswaardigheden. En halverwege september brengt het muziekfestival Cool v plot\u011b leven in het centrum.<\/li>\n\n\n\n<li><strong>Winter (november\u2013maart)<\/strong> \u2013 ik ben eerlijk, P\u00edsek in de winter is geen kerstachtig Salzburg. Maar de adventsmarkten op het Grote Plein hebben ook hun charme, de laatste jaren hebben we op het plein zelfs een ice ring en in de Sladovna is het warm met een hoop programma voor kinderen, en als er sneeuw valt en je over de brug wandelt&#8230; dan is het gewoon een sprookje.<\/li>\n<\/ul>\n\n\n\n<p class=\"wp-block-paragraph\"><strong>Lees ook: <a href=\"https:\/\/loudavymkrokem.cz\/nl\/vakantie-tsjechie-tips\/\" target=\"_blank\" data-type=\"link\" data-id=\"https:\/\/loudavymkrokem.cz\/kam-na-dovolenou-v-cesku\/\" rel=\"noreferrer noopener\">20 tips voor een vakantie in Tsjechi\u00eb<\/a><\/strong><\/p>\n\n\n\n<h3 class=\"wp-block-heading\"><span class=\"ez-toc-section\" id=\"Hoe_kom_je_in_Pisek\"><\/span>Hoe kom je in P\u00edsek<span class=\"ez-toc-section-end\"><\/span><\/h3>\n\n\n\n<figure data-wp-context=\"{&quot;imageId&quot;:&quot;6a95239387650&quot;}\" data-wp-interactive=\"core\/image\" data-wp-key=\"6a95239387650\" class=\"wp-block-image size-full wp-lightbox-container\"><img decoding=\"async\" width=\"2200\" height=\"1467\" data-wp-class--hide=\"state.isContentHidden\" data-wp-class--show=\"state.isContentVisible\" data-wp-init=\"callbacks.setButtonStyles\" data-wp-on--click=\"actions.showLightbox\" data-wp-on--load=\"callbacks.setButtonStyles\" data-wp-on--pointerdown=\"actions.preloadImage\" data-wp-on--pointerenter=\"actions.preloadImageWithDelay\" data-wp-on--pointerleave=\"actions.cancelPreload\" data-wp-on-window--resize=\"callbacks.setButtonStyles\" src=\"https:\/\/loudavymkrokem.cz\/wp-content\/uploads\/2026\/08\/pisek-ulicka-vez-radnice.jpg\" alt=\"Steegje in het historische centrum van P\u00edsek met de toren van het stadhuis\" class=\"wp-image-399384\" title=\"\" srcset=\"https:\/\/loudavymkrokem.cz\/wp-content\/uploads\/2026\/08\/pisek-ulicka-vez-radnice.jpg 2200w, https:\/\/loudavymkrokem.cz\/wp-content\/uploads\/2026\/08\/pisek-ulicka-vez-radnice-300x200.jpg 300w, https:\/\/loudavymkrokem.cz\/wp-content\/uploads\/2026\/08\/pisek-ulicka-vez-radnice-700x467.jpg 700w, https:\/\/loudavymkrokem.cz\/wp-content\/uploads\/2026\/08\/pisek-ulicka-vez-radnice-768x512.jpg 768w, https:\/\/loudavymkrokem.cz\/wp-content\/uploads\/2026\/08\/pisek-ulicka-vez-radnice-1536x1024.jpg 1536w, https:\/\/loudavymkrokem.cz\/wp-content\/uploads\/2026\/08\/pisek-ulicka-vez-radnice-2048x1366.jpg 2048w, https:\/\/loudavymkrokem.cz\/wp-content\/uploads\/2026\/08\/pisek-ulicka-vez-radnice-696x464.jpg 696w, https:\/\/loudavymkrokem.cz\/wp-content\/uploads\/2026\/08\/pisek-ulicka-vez-radnice-1392x928.jpg 1392w, https:\/\/loudavymkrokem.cz\/wp-content\/uploads\/2026\/08\/pisek-ulicka-vez-radnice-1920x1280.jpg 1920w\" sizes=\"(max-width: 2200px) 100vw, 2200px\" \/><button\n\t\t\tclass=\"lightbox-trigger\"\n\t\t\ttype=\"button\"\n\t\t\taria-haspopup=\"dialog\"\n\t\t\tdata-wp-bind--aria-label=\"state.thisImage.triggerButtonAriaLabel\"\n\t\t\tdata-wp-init=\"callbacks.initTriggerButton\"\n\t\t\tdata-wp-on--click=\"actions.showLightbox\"\n\t\t\tdata-wp-style--right=\"state.thisImage.buttonRight\"\n\t\t\tdata-wp-style--top=\"state.thisImage.buttonTop\"\n\t\t>\n\t\t\t<svg xmlns=\"http:\/\/www.w3.org\/2000\/svg\" width=\"12\" height=\"12\" fill=\"none\" viewBox=\"0 0 12 12\">\n\t\t\t\t<path fill=\"#fff\" d=\"M2 0a2 2 0 0 0-2 2v2h1.5V2a.5.5 0 0 1 .5-.5h2V0H2Zm2 10.5H2a.5.5 0 0 1-.5-.5V8H0v2a2 2 0 0 0 2 2h2v-1.5ZM8 12v-1.5h2a.5.5 0 0 0 .5-.5V8H12v2a2 2 0 0 1-2 2H8Zm2-12a2 2 0 0 1 2 2v2h-1.5V2a.5.5 0 0 0-.5-.5H8V0h2Z\" \/>\n\t\t\t<\/svg>\n\t\t<\/button><\/figure>\n\n\n\n<p class=\"wp-block-paragraph\">P\u00edsek ligt in het zuiden van Tsjechi\u00eb, ongeveer 100 km ten zuiden van Praag. Als je vanuit Nederland komt, vlieg je met <strong>KLM of Transavia<\/strong> vanaf Amsterdam naar Praag (ongeveer 1 uur en 20 minuten), en van daaruit reis je verder naar P\u00edsek. Reken op een vlucht plus zo&#8217;n uur autorijden of iets meer met de bus.<\/p>\n\n\n\n<p class=\"wp-block-paragraph\"><strong>Met de bus vanuit Praag<\/strong> is waarschijnlijk de meest comfortabele optie. <strong>RegioJet<\/strong> vertrekt vanaf de halte Na Kn\u00ed\u017eec\u00ed en de reis duurt ongeveer <strong>70 minuten<\/strong>. Een ticket kost <strong>\u20ac 5 tot \u20ac 9<\/strong>, afhankelijk van hoe ver van tevoren je boekt. De bussen rijden vrij vaak, dus je kunt er ook een dagtrip van maken.<\/p>\n\n\n\n<p class=\"wp-block-paragraph\"><strong>Met de trein<\/strong> is het helaas niet zo geweldig \u2013 er is geen directe verbinding, je moet overstappen (meestal in T\u00e1bor of Protiv\u00edn) en de reis duurt inclusief overstap zo&#8217;n 2,5 tot 3 uur. Ben je geen fan van stoptreintjes met overstappen, kies dan de bus.<\/p>\n\n\n\n<p class=\"wp-block-paragraph\"><strong>Met de auto<\/strong> <strong>vanuit Praag is het<\/strong> <strong>104 km<\/strong>, ongeveer een uur over de snelweg D4 (die eindelijk helemaal af is, godzijdank). Parkeren in het centrum kan wat lastig zijn, maar je kunt gebruikmaken van de parkeerplaats bij het beursterrein.<\/p>\n\n\n\n<h2 class=\"wp-block-heading\"><span class=\"ez-toc-section\" id=\"Waar_overnachten_in_Pisek_en_wat_kost_het\"><\/span>Waar overnachten in P\u00edsek en wat kost het<span class=\"ez-toc-section-end\"><\/span><\/h2>\n\n\n\n<figure data-wp-context=\"{&quot;imageId&quot;:&quot;6a95239387b97&quot;}\" data-wp-interactive=\"core\/image\" data-wp-key=\"6a95239387b97\" class=\"wp-block-image size-full wp-lightbox-container\"><img decoding=\"async\" width=\"2200\" height=\"1467\" data-wp-class--hide=\"state.isContentHidden\" data-wp-class--show=\"state.isContentVisible\" data-wp-init=\"callbacks.setButtonStyles\" data-wp-on--click=\"actions.showLightbox\" data-wp-on--load=\"callbacks.setButtonStyles\" data-wp-on--pointerdown=\"actions.preloadImage\" data-wp-on--pointerenter=\"actions.preloadImageWithDelay\" data-wp-on--pointerleave=\"actions.cancelPreload\" data-wp-on-window--resize=\"callbacks.setButtonStyles\" src=\"https:\/\/loudavymkrokem.cz\/wp-content\/uploads\/2026\/08\/pisek-fontana-hotel-otava.jpg\" alt=\"Fontein in het centrum van P\u00edsek met Hotel Otava op de achtergrond\" class=\"wp-image-399365\" title=\"\" srcset=\"https:\/\/loudavymkrokem.cz\/wp-content\/uploads\/2026\/08\/pisek-fontana-hotel-otava.jpg 2200w, https:\/\/loudavymkrokem.cz\/wp-content\/uploads\/2026\/08\/pisek-fontana-hotel-otava-300x200.jpg 300w, https:\/\/loudavymkrokem.cz\/wp-content\/uploads\/2026\/08\/pisek-fontana-hotel-otava-700x467.jpg 700w, https:\/\/loudavymkrokem.cz\/wp-content\/uploads\/2026\/08\/pisek-fontana-hotel-otava-768x512.jpg 768w, https:\/\/loudavymkrokem.cz\/wp-content\/uploads\/2026\/08\/pisek-fontana-hotel-otava-1536x1024.jpg 1536w, https:\/\/loudavymkrokem.cz\/wp-content\/uploads\/2026\/08\/pisek-fontana-hotel-otava-2048x1366.jpg 2048w, https:\/\/loudavymkrokem.cz\/wp-content\/uploads\/2026\/08\/pisek-fontana-hotel-otava-696x464.jpg 696w, https:\/\/loudavymkrokem.cz\/wp-content\/uploads\/2026\/08\/pisek-fontana-hotel-otava-1392x928.jpg 1392w, https:\/\/loudavymkrokem.cz\/wp-content\/uploads\/2026\/08\/pisek-fontana-hotel-otava-1920x1280.jpg 1920w\" sizes=\"(max-width: 2200px) 100vw, 2200px\" \/><button\n\t\t\tclass=\"lightbox-trigger\"\n\t\t\ttype=\"button\"\n\t\t\taria-haspopup=\"dialog\"\n\t\t\tdata-wp-bind--aria-label=\"state.thisImage.triggerButtonAriaLabel\"\n\t\t\tdata-wp-init=\"callbacks.initTriggerButton\"\n\t\t\tdata-wp-on--click=\"actions.showLightbox\"\n\t\t\tdata-wp-style--right=\"state.thisImage.buttonRight\"\n\t\t\tdata-wp-style--top=\"state.thisImage.buttonTop\"\n\t\t>\n\t\t\t<svg xmlns=\"http:\/\/www.w3.org\/2000\/svg\" width=\"12\" height=\"12\" fill=\"none\" viewBox=\"0 0 12 12\">\n\t\t\t\t<path fill=\"#fff\" d=\"M2 0a2 2 0 0 0-2 2v2h1.5V2a.5.5 0 0 1 .5-.5h2V0H2Zm2 10.5H2a.5.5 0 0 1-.5-.5V8H0v2a2 2 0 0 0 2 2h2v-1.5ZM8 12v-1.5h2a.5.5 0 0 0 .5-.5V8H12v2a2 2 0 0 1-2 2H8Zm2-12a2 2 0 0 1 2 2v2h-1.5V2a.5.5 0 0 0-.5-.5H8V0h2Z\" \/>\n\t\t\t<\/svg>\n\t\t<\/button><\/figure>\n\n\n\n<p class=\"wp-block-paragraph\">P\u00edsek is geen Praag, dus de accommodatieprijzen krijg je geen hartaanval van, maar je vindt hier ook geen twintig vijfsterrenhotels. Het aanbod is kleiner, maar netjes \u2013 van appartementen tot hotels met restaurant.<\/p>\n\n\n\n<p class=\"wp-block-paragraph\"><strong><a class=\"thirstylink\" rel=\"nofollow\" target=\"_blank\" title=\"Hotel Biograf P\u00edsek\" href=\"https:\/\/loudavymkrokem.cz\/doporucujeme\/hotel-biograf-pisek\/\" data-shortcode=\"true\"><a href=\"https:\/\/www.stay22.com\/allez\/roam?aid=lukaskonecny&amp;campaign=loudavymkrokemcz&amp;campaign=co-videt-v-pisku&amp;hotelname=Hotel%20Biograf&amp;address=P%C3%ADsek%2C%20%C4%8Cesko\" target=\"_blank\" rel=\"noopener nofollow sponsored\">Hotel Biograf<\/a><\/a><\/strong> is waarschijnlijk het bekendste adres van de stad \u2013 <strong>4 sterren<\/strong>, modern gerenoveerd, gevestigd in het gebouw van een voormalige bioscoop (vandaar de naam). Op Booking heeft het een beoordeling van <strong>8.6\/10<\/strong>, de kamers zijn schoon en comfortabel en het ontbijt is solide. Het heeft bovendien een Finse sauna en massages.<\/p>\n\n\n\n<p class=\"wp-block-paragraph\"><strong><a class=\"thirstylink\" rel=\"nofollow\" target=\"_blank\" title=\"Hotel U Kapli\u010dky\" href=\"https:\/\/loudavymkrokem.cz\/doporucujeme\/hotel-u-kaplicky\/\" data-shortcode=\"true\"><a href=\"https:\/\/www.stay22.com\/allez\/roam?aid=lukaskonecny&amp;campaign=loudavymkrokemcz&amp;campaign=co-videt-v-pisku&amp;hotelname=Hotel%20U%20Kapli%C4%8Dky&amp;address=P%C3%ADsek%2C%20%C4%8Cesko\" target=\"_blank\" rel=\"noopener nofollow sponsored\">Hotel U Kapli\u010dky<\/a><\/a><\/strong> is een klassiekere keuze met een aangename sfeer en vooral \u2013 er hoort een restaurant bij, <strong>Chapelle<\/strong>, dat een van de betere van de stad is en &#8220;Michelin Selected&#8221; (maar over het eten later meer).<\/p>\n\n\n\n<p class=\"wp-block-paragraph\">Wil je besparen of reis je met een grotere groep, dan vind je <strong>appartementen<\/strong> in P\u00edsek al <strong>vanaf \u20ac 23 per nacht<\/strong>, wat echt een prima prijs is. Pensions liggen dan <strong>vanaf \u20ac 48 per nacht<\/strong> voor een tweepersoonskamer. Kijk bijvoorbeeld eens naar de <strong><a class=\"thirstylink\" rel=\"nofollow\" target=\"_blank\" title=\"Rezidence u Kamenn\u00e9ho mostu\" href=\"https:\/\/loudavymkrokem.cz\/doporucujeme\/rezidence-u-kamenneho-mostu\/\" data-shortcode=\"true\">Rezidence U Kamenn\u00e9ho mostu<\/a>, <a class=\"thirstylink\" rel=\"nofollow\" target=\"_blank\" title=\"Soho Apartment\" href=\"https:\/\/loudavymkrokem.cz\/doporucujeme\/soho-apartment\/\" data-shortcode=\"true\"><a href=\"https:\/\/www.stay22.com\/allez\/roam?aid=lukaskonecny&amp;campaign=loudavymkrokemcz&amp;campaign=co-videt-v-pisku&amp;hotelname=Soho%20apartment&amp;address=P%C3%ADsek%2C%20%C4%8Cesko\" target=\"_blank\" rel=\"noopener nofollow sponsored\">Soho apartment<\/a><\/a>.<\/strong><\/p>\n\n\n\n<p class=\"wp-block-paragraph\">Ik raad aan om vooraf te reserveren, vooral in de zomer en tijdens festivals, wanneer de capaciteit snel vol raakt.<\/p>\n\n\n\n<h2 class=\"wp-block-heading\"><span class=\"ez-toc-section\" id=\"Wat_te_zien_in_Pisek_39_tips_voor_bezienswaardigheden_en_interessante_plekken\"><\/span>Wat te zien in P\u00edsek: 39 tips voor bezienswaardigheden en interessante plekken<span class=\"ez-toc-section-end\"><\/span><\/h2>\n\n\n\n<figure data-wp-context=\"{&quot;imageId&quot;:&quot;6a95239389df7&quot;}\" data-wp-interactive=\"core\/image\" data-wp-key=\"6a95239389df7\" class=\"wp-block-image size-full wp-lightbox-container\"><img decoding=\"async\" width=\"2200\" height=\"1467\" data-wp-class--hide=\"state.isContentHidden\" data-wp-class--show=\"state.isContentVisible\" data-wp-init=\"callbacks.setButtonStyles\" data-wp-on--click=\"actions.showLightbox\" data-wp-on--load=\"callbacks.setButtonStyles\" data-wp-on--pointerdown=\"actions.preloadImage\" data-wp-on--pointerenter=\"actions.preloadImageWithDelay\" data-wp-on--pointerleave=\"actions.cancelPreload\" data-wp-on-window--resize=\"callbacks.setButtonStyles\" src=\"https:\/\/loudavymkrokem.cz\/wp-content\/uploads\/2026\/08\/pisek-vyhled-z-veze-velke-namesti.jpg\" alt=\"Uitzicht vanaf de kerktoren op de daken en het Grote Plein in P\u00edsek\" class=\"wp-image-399535\" title=\"\" srcset=\"https:\/\/loudavymkrokem.cz\/wp-content\/uploads\/2026\/08\/pisek-vyhled-z-veze-velke-namesti.jpg 2200w, https:\/\/loudavymkrokem.cz\/wp-content\/uploads\/2026\/08\/pisek-vyhled-z-veze-velke-namesti-300x200.jpg 300w, https:\/\/loudavymkrokem.cz\/wp-content\/uploads\/2026\/08\/pisek-vyhled-z-veze-velke-namesti-700x467.jpg 700w, https:\/\/loudavymkrokem.cz\/wp-content\/uploads\/2026\/08\/pisek-vyhled-z-veze-velke-namesti-768x512.jpg 768w, https:\/\/loudavymkrokem.cz\/wp-content\/uploads\/2026\/08\/pisek-vyhled-z-veze-velke-namesti-1536x1024.jpg 1536w, https:\/\/loudavymkrokem.cz\/wp-content\/uploads\/2026\/08\/pisek-vyhled-z-veze-velke-namesti-2048x1366.jpg 2048w, https:\/\/loudavymkrokem.cz\/wp-content\/uploads\/2026\/08\/pisek-vyhled-z-veze-velke-namesti-696x464.jpg 696w, https:\/\/loudavymkrokem.cz\/wp-content\/uploads\/2026\/08\/pisek-vyhled-z-veze-velke-namesti-1392x928.jpg 1392w, https:\/\/loudavymkrokem.cz\/wp-content\/uploads\/2026\/08\/pisek-vyhled-z-veze-velke-namesti-1920x1280.jpg 1920w\" sizes=\"(max-width: 2200px) 100vw, 2200px\" \/><button\n\t\t\tclass=\"lightbox-trigger\"\n\t\t\ttype=\"button\"\n\t\t\taria-haspopup=\"dialog\"\n\t\t\tdata-wp-bind--aria-label=\"state.thisImage.triggerButtonAriaLabel\"\n\t\t\tdata-wp-init=\"callbacks.initTriggerButton\"\n\t\t\tdata-wp-on--click=\"actions.showLightbox\"\n\t\t\tdata-wp-style--right=\"state.thisImage.buttonRight\"\n\t\t\tdata-wp-style--top=\"state.thisImage.buttonTop\"\n\t\t>\n\t\t\t<svg xmlns=\"http:\/\/www.w3.org\/2000\/svg\" width=\"12\" height=\"12\" fill=\"none\" viewBox=\"0 0 12 12\">\n\t\t\t\t<path fill=\"#fff\" d=\"M2 0a2 2 0 0 0-2 2v2h1.5V2a.5.5 0 0 1 .5-.5h2V0H2Zm2 10.5H2a.5.5 0 0 1-.5-.5V8H0v2a2 2 0 0 0 2 2h2v-1.5ZM8 12v-1.5h2a.5.5 0 0 0 .5-.5V8H12v2a2 2 0 0 1-2 2H8Zm2-12a2 2 0 0 1 2 2v2h-1.5V2a.5.5 0 0 0-.5-.5H8V0h2Z\" \/>\n\t\t\t<\/svg>\n\t\t<\/button><\/figure>\n\n\n\n<p class=\"wp-block-paragraph\">En nu het belangrijkste \u2013 waarvoor je dit artikel eigenlijk hebt geopend. \ud83d\ude01 Ik heb een lijst gemaakt van <strong>39 plekken, bezienswaardigheden en bijzonderheden<\/strong> die in P\u00edsek de moeite waard zijn om te zien. Sommige ken je van ansichtkaarten, andere zullen je misschien verrassen. Ik heb geprobeerd niet alleen aan de &#8220;grote&#8221; toeristische trekpleisters te denken, maar ook die onopvallende plekjes toe te voegen waar toeristen achteloos langs lopen, terwijl ze een verhaal hebben.<\/p>\n\n\n\n<p class=\"wp-block-paragraph\">De stad P\u00edsek is verrassend rijk aan bezienswaardigheden en bijzonderheden en dit is mijn persoonlijke gids, waar ik achter sta. <strong>Kom mee, we beginnen bij de brug.<\/strong><\/p>\n\n\n\n<h3 class=\"wp-block-heading\"><span class=\"ez-toc-section\" id=\"1_Stenen_brug_Hertenbrug_%E2%80%93_de_oudste_stenen_brug_van_Tsjechie\"><\/span>1. Stenen brug (Hertenbrug) \u2013 de oudste stenen brug van Tsjechi\u00eb<span class=\"ez-toc-section-end\"><\/span><\/h3>\n\n\n\n<figure data-wp-context=\"{&quot;imageId&quot;:&quot;6a9523938a4ee&quot;}\" data-wp-interactive=\"core\/image\" data-wp-key=\"6a9523938a4ee\" class=\"wp-block-image size-full wp-lightbox-container\"><img decoding=\"async\" width=\"2200\" height=\"1467\" data-wp-class--hide=\"state.isContentHidden\" data-wp-class--show=\"state.isContentVisible\" data-wp-init=\"callbacks.setButtonStyles\" data-wp-on--click=\"actions.showLightbox\" data-wp-on--load=\"callbacks.setButtonStyles\" data-wp-on--pointerdown=\"actions.preloadImage\" data-wp-on--pointerenter=\"actions.preloadImageWithDelay\" data-wp-on--pointerleave=\"actions.cancelPreload\" data-wp-on-window--resize=\"callbacks.setButtonStyles\" src=\"https:\/\/loudavymkrokem.cz\/wp-content\/uploads\/2026\/08\/pisek-kamenny-most-sochy.jpg\" alt=\"Stenen brug in P\u00edsek met barokke heiligenbeelden\" class=\"wp-image-399324\" title=\"\" srcset=\"https:\/\/loudavymkrokem.cz\/wp-content\/uploads\/2026\/08\/pisek-kamenny-most-sochy.jpg 2200w, https:\/\/loudavymkrokem.cz\/wp-content\/uploads\/2026\/08\/pisek-kamenny-most-sochy-300x200.jpg 300w, https:\/\/loudavymkrokem.cz\/wp-content\/uploads\/2026\/08\/pisek-kamenny-most-sochy-700x467.jpg 700w, https:\/\/loudavymkrokem.cz\/wp-content\/uploads\/2026\/08\/pisek-kamenny-most-sochy-768x512.jpg 768w, https:\/\/loudavymkrokem.cz\/wp-content\/uploads\/2026\/08\/pisek-kamenny-most-sochy-1536x1024.jpg 1536w, https:\/\/loudavymkrokem.cz\/wp-content\/uploads\/2026\/08\/pisek-kamenny-most-sochy-2048x1366.jpg 2048w, https:\/\/loudavymkrokem.cz\/wp-content\/uploads\/2026\/08\/pisek-kamenny-most-sochy-696x464.jpg 696w, https:\/\/loudavymkrokem.cz\/wp-content\/uploads\/2026\/08\/pisek-kamenny-most-sochy-1392x928.jpg 1392w, https:\/\/loudavymkrokem.cz\/wp-content\/uploads\/2026\/08\/pisek-kamenny-most-sochy-1920x1280.jpg 1920w\" sizes=\"(max-width: 2200px) 100vw, 2200px\" \/><button\n\t\t\tclass=\"lightbox-trigger\"\n\t\t\ttype=\"button\"\n\t\t\taria-haspopup=\"dialog\"\n\t\t\tdata-wp-bind--aria-label=\"state.thisImage.triggerButtonAriaLabel\"\n\t\t\tdata-wp-init=\"callbacks.initTriggerButton\"\n\t\t\tdata-wp-on--click=\"actions.showLightbox\"\n\t\t\tdata-wp-style--right=\"state.thisImage.buttonRight\"\n\t\t\tdata-wp-style--top=\"state.thisImage.buttonTop\"\n\t\t>\n\t\t\t<svg xmlns=\"http:\/\/www.w3.org\/2000\/svg\" width=\"12\" height=\"12\" fill=\"none\" viewBox=\"0 0 12 12\">\n\t\t\t\t<path fill=\"#fff\" d=\"M2 0a2 2 0 0 0-2 2v2h1.5V2a.5.5 0 0 1 .5-.5h2V0H2Zm2 10.5H2a.5.5 0 0 1-.5-.5V8H0v2a2 2 0 0 0 2 2h2v-1.5ZM8 12v-1.5h2a.5.5 0 0 0 .5-.5V8H12v2a2 2 0 0 1-2 2H8Zm2-12a2 2 0 0 1 2 2v2h-1.5V2a.5.5 0 0 0-.5-.5H8V0h2Z\" \/>\n\t\t\t<\/svg>\n\t\t<\/button><\/figure>\n\n\n\n<p class=\"wp-block-paragraph\">Dit is de plek waar de meeste mensen \u00fcberhaupt naar P\u00edsek voor komen, en ik neem het ze helemaal niet kwalijk. De <strong>stenen brug over de Otava<\/strong> stamt uit de <strong>13e eeuw<\/strong>, meet <strong>bijna 110 meter<\/strong>, heeft <strong>7 bogen<\/strong> en is gewoon de oudste bewaard gebleven stenen brug van heel Tsjechi\u00eb. De Karelsbrug in Praag is jonger en ja, ik herhaal het bij elke gelegenheid, omdat het me plezier doet. \ud83d\ude0a<\/p>\n\n\n\n<p class=\"wp-block-paragraph\">De brug wordt gesierd door <strong>kopie\u00ebn van barokke heiligenbeelden<\/strong> (de originelen zijn inmiddels veilig opgeborgen), die er pas later bijkwamen, en het hele plaatje \u2013 de stenen bogen, de Otava eronder, de stad aan beide oevers \u2013 is een van de mooiste van Zuid-Bohemen. En weet je wanneer het hier het allermooist is? <strong>Vroeg in de ochtend, wanneer de mist over de rivier hangt.<\/strong> De brug rijst uit de nevel op als uit een historische roman en je staat er helemaal alleen, want om zes uur &#8217;s ochtends is hier gewoon niemand anders. De op \u00e9\u00e9n na beste tijd is <strong>bij zonsondergang<\/strong>, wanneer het wateroppervlak van de Otava oranje kleurt. Neem je camera mee.<\/p>\n\n\n\n<p class=\"wp-block-paragraph\">De toegang is uiteraard <strong>gratis, 24 uur per dag, 7 dagen per week<\/strong>. Het is een brug, je loopt er gewoon overheen. Alleen jij, de oude stenen en de rivier onder je voeten. Soms denk ik dat dit de plek is waar P\u00edsek het meest zichzelf is.<\/p>\n\n\n\n<h3 class=\"wp-block-heading\"><span class=\"ez-toc-section\" id=\"2_De_Putim-poort_en_de_Frana_Sramek-steeg\"><\/span>2. De Putim-poort en de Fr\u00e1\u0148a \u0160r\u00e1mek-steeg<span class=\"ez-toc-section-end\"><\/span><\/h3>\n\n\n\n<figure data-wp-context=\"{&quot;imageId&quot;:&quot;6a9523938ac35&quot;}\" data-wp-interactive=\"core\/image\" data-wp-key=\"6a9523938ac35\" class=\"wp-block-image size-full wp-lightbox-container\"><img decoding=\"async\" width=\"2200\" height=\"1467\" data-wp-class--hide=\"state.isContentHidden\" data-wp-class--show=\"state.isContentVisible\" data-wp-init=\"callbacks.setButtonStyles\" data-wp-on--click=\"actions.showLightbox\" data-wp-on--load=\"callbacks.setButtonStyles\" data-wp-on--pointerdown=\"actions.preloadImage\" data-wp-on--pointerenter=\"actions.preloadImageWithDelay\" data-wp-on--pointerleave=\"actions.cancelPreload\" data-wp-on-window--resize=\"callbacks.setButtonStyles\" src=\"https:\/\/loudavymkrokem.cz\/wp-content\/uploads\/2026\/08\/pisek-basta-putimska-brana.jpg\" alt=\"Bastion van de stadsmuur bij de voormalige Putim-poort in P\u00edsek\" class=\"wp-image-399337\" title=\"\" srcset=\"https:\/\/loudavymkrokem.cz\/wp-content\/uploads\/2026\/08\/pisek-basta-putimska-brana.jpg 2200w, https:\/\/loudavymkrokem.cz\/wp-content\/uploads\/2026\/08\/pisek-basta-putimska-brana-300x200.jpg 300w, https:\/\/loudavymkrokem.cz\/wp-content\/uploads\/2026\/08\/pisek-basta-putimska-brana-700x467.jpg 700w, https:\/\/loudavymkrokem.cz\/wp-content\/uploads\/2026\/08\/pisek-basta-putimska-brana-768x512.jpg 768w, https:\/\/loudavymkrokem.cz\/wp-content\/uploads\/2026\/08\/pisek-basta-putimska-brana-1536x1024.jpg 1536w, https:\/\/loudavymkrokem.cz\/wp-content\/uploads\/2026\/08\/pisek-basta-putimska-brana-2048x1366.jpg 2048w, https:\/\/loudavymkrokem.cz\/wp-content\/uploads\/2026\/08\/pisek-basta-putimska-brana-696x464.jpg 696w, https:\/\/loudavymkrokem.cz\/wp-content\/uploads\/2026\/08\/pisek-basta-putimska-brana-1392x928.jpg 1392w, https:\/\/loudavymkrokem.cz\/wp-content\/uploads\/2026\/08\/pisek-basta-putimska-brana-1920x1280.jpg 1920w\" sizes=\"(max-width: 2200px) 100vw, 2200px\" \/><button\n\t\t\tclass=\"lightbox-trigger\"\n\t\t\ttype=\"button\"\n\t\t\taria-haspopup=\"dialog\"\n\t\t\tdata-wp-bind--aria-label=\"state.thisImage.triggerButtonAriaLabel\"\n\t\t\tdata-wp-init=\"callbacks.initTriggerButton\"\n\t\t\tdata-wp-on--click=\"actions.showLightbox\"\n\t\t\tdata-wp-style--right=\"state.thisImage.buttonRight\"\n\t\t\tdata-wp-style--top=\"state.thisImage.buttonTop\"\n\t\t>\n\t\t\t<svg xmlns=\"http:\/\/www.w3.org\/2000\/svg\" width=\"12\" height=\"12\" fill=\"none\" viewBox=\"0 0 12 12\">\n\t\t\t\t<path fill=\"#fff\" d=\"M2 0a2 2 0 0 0-2 2v2h1.5V2a.5.5 0 0 1 .5-.5h2V0H2Zm2 10.5H2a.5.5 0 0 1-.5-.5V8H0v2a2 2 0 0 0 2 2h2v-1.5ZM8 12v-1.5h2a.5.5 0 0 0 .5-.5V8H12v2a2 2 0 0 1-2 2H8Zm2-12a2 2 0 0 1 2 2v2h-1.5V2a.5.5 0 0 0-.5-.5H8V0h2Z\" \/>\n\t\t\t<\/svg>\n\t\t<\/button><\/figure>\n\n\n\n<p class=\"wp-block-paragraph\">&#8220;<em>Toen ik door die Putim-poort liep\u2026<\/em>&#8221; \u2013 dit liedje kent bijna elke Tsjech. En nu verras ik je misschien: <strong>de poort zelf staat er allang niet meer<\/strong>. De toren werd in 1812 gesloopt en de rest verdween voor 1836. Maar de plek waar de poort stond, bleef bestaan, en vooral een stuk <strong>middeleeuwse stadsmuur<\/strong> met een zwinger en een halfronde bastion, die hier in een behoorlijk indrukwekkende omvang bewaard is gebleven.<\/p>\n\n\n\n<p class=\"wp-block-paragraph\">Een klein stukje verderop, op de gevel van het huis nr. 154 in de Putim-straat, vind je een reli\u00ebf bekend als de <strong>&#8220;twee poppen&#8221;<\/strong>, uitgehouwen figuren die naar verluidt verwijzen naar dat beroemde liedje. De hele plek heeft zo&#8217;n rustige, wat nostalgische sfeer die je aanzet om te vertragen, ook al kom je hier vaak.<\/p>\n\n\n\n<h3 class=\"wp-block-heading\"><span class=\"ez-toc-section\" id=\"3_Kasteel_stadsmuur_en_het_Prachen-museum\"><\/span>3. Kasteel, stadsmuur en het Pr\u00e1che\u0148-museum<span class=\"ez-toc-section-end\"><\/span><\/h3>\n\n\n\n<figure data-wp-context=\"{&quot;imageId&quot;:&quot;6a9523938b2a6&quot;}\" data-wp-interactive=\"core\/image\" data-wp-key=\"6a9523938b2a6\" class=\"wp-block-image size-full wp-lightbox-container\"><img decoding=\"async\" width=\"2200\" height=\"1467\" data-wp-class--hide=\"state.isContentHidden\" data-wp-class--show=\"state.isContentVisible\" data-wp-init=\"callbacks.setButtonStyles\" data-wp-on--click=\"actions.showLightbox\" data-wp-on--load=\"callbacks.setButtonStyles\" data-wp-on--pointerdown=\"actions.preloadImage\" data-wp-on--pointerenter=\"actions.preloadImageWithDelay\" data-wp-on--pointerleave=\"actions.cancelPreload\" data-wp-on-window--resize=\"callbacks.setButtonStyles\" src=\"https:\/\/loudavymkrokem.cz\/wp-content\/uploads\/2026\/08\/pisek-hrad-hradby.jpg\" alt=\"Muren van het kasteel van P\u00edsek boven de Otava\" class=\"wp-image-399339\" title=\"\" srcset=\"https:\/\/loudavymkrokem.cz\/wp-content\/uploads\/2026\/08\/pisek-hrad-hradby.jpg 2200w, https:\/\/loudavymkrokem.cz\/wp-content\/uploads\/2026\/08\/pisek-hrad-hradby-300x200.jpg 300w, https:\/\/loudavymkrokem.cz\/wp-content\/uploads\/2026\/08\/pisek-hrad-hradby-700x467.jpg 700w, https:\/\/loudavymkrokem.cz\/wp-content\/uploads\/2026\/08\/pisek-hrad-hradby-768x512.jpg 768w, https:\/\/loudavymkrokem.cz\/wp-content\/uploads\/2026\/08\/pisek-hrad-hradby-1536x1024.jpg 1536w, https:\/\/loudavymkrokem.cz\/wp-content\/uploads\/2026\/08\/pisek-hrad-hradby-2048x1366.jpg 2048w, https:\/\/loudavymkrokem.cz\/wp-content\/uploads\/2026\/08\/pisek-hrad-hradby-696x464.jpg 696w, https:\/\/loudavymkrokem.cz\/wp-content\/uploads\/2026\/08\/pisek-hrad-hradby-1392x928.jpg 1392w, https:\/\/loudavymkrokem.cz\/wp-content\/uploads\/2026\/08\/pisek-hrad-hradby-1920x1280.jpg 1920w\" sizes=\"(max-width: 2200px) 100vw, 2200px\" \/><button\n\t\t\tclass=\"lightbox-trigger\"\n\t\t\ttype=\"button\"\n\t\t\taria-haspopup=\"dialog\"\n\t\t\tdata-wp-bind--aria-label=\"state.thisImage.triggerButtonAriaLabel\"\n\t\t\tdata-wp-init=\"callbacks.initTriggerButton\"\n\t\t\tdata-wp-on--click=\"actions.showLightbox\"\n\t\t\tdata-wp-style--right=\"state.thisImage.buttonRight\"\n\t\t\tdata-wp-style--top=\"state.thisImage.buttonTop\"\n\t\t>\n\t\t\t<svg xmlns=\"http:\/\/www.w3.org\/2000\/svg\" width=\"12\" height=\"12\" fill=\"none\" viewBox=\"0 0 12 12\">\n\t\t\t\t<path fill=\"#fff\" d=\"M2 0a2 2 0 0 0-2 2v2h1.5V2a.5.5 0 0 1 .5-.5h2V0H2Zm2 10.5H2a.5.5 0 0 1-.5-.5V8H0v2a2 2 0 0 0 2 2h2v-1.5ZM8 12v-1.5h2a.5.5 0 0 0 .5-.5V8H12v2a2 2 0 0 1-2 2H8Zm2-12a2 2 0 0 1 2 2v2h-1.5V2a.5.5 0 0 0-.5-.5H8V0h2Z\" \/>\n\t\t\t<\/svg>\n\t\t<\/button><\/figure>\n\n\n\n<p class=\"wp-block-paragraph\">Het kasteel van P\u00edsek is een van die dingen waarover de plaatselijke bewoners zeggen &#8220;ach ja, een kasteel&#8221; en waar toeristen met open mond blijven staan. Het is <strong>vroeggotisch<\/strong>, gebouwd in opdracht van <strong>P\u0159emysl Otakar II<\/strong>, en het staat op een rotspunt boven de Otava zodat het vanuit sommige hoeken lijkt alsof het direct uit de rots is gegroeid. Tegenwoordig huisvest het het <strong>Pr\u00e1che\u0148-museum<\/strong>, dat \u2013 en houd je nu vast \u2013 een bijzondere onderscheiding won in de prestigieuze wedstrijd Europees Museum van het Jaar. Vanuit P\u00edsek! Soms vraag ik me af of mensen het \u00fcberhaupt hebben opgemerkt.<\/p>\n\n\n\n<p class=\"wp-block-paragraph\">De collecties zijn verrassend gevarieerd. Van archeologie via middeleeuwse kunst tot volkskunde. Zelf geniet ik altijd van het gotische lapidarium, maar als je met kinderen komt, waarderen die eerder de interactieve delen. En de ruimte van het kasteel zelf is een belevenis \u2013 stenen zalen, gewelfde plafonds, gangen in de vestingmuur.<\/p>\n\n\n\n<p class=\"wp-block-paragraph\"><strong>Praktische info:<\/strong> Openingstijden <strong>maart\u2013september 9:00\u201318:00 uur<\/strong>, <strong>oktober\u2013december 9:00\u201317:00 uur<\/strong>. Toegang <strong>volwassenen \u20ac 2,50<\/strong>, <strong>kinderen \u20ac 1,20<\/strong>, <strong>gezinskaartje \u20ac 6<\/strong>. Voor dat geld is het een van de beste prijs-kwaliteitsverhoudingen in de stad.<\/p>\n\n\n\n<h3 class=\"wp-block-heading\"><span class=\"ez-toc-section\" id=\"4_De_gemeentelijke_elektriciteitscentrale_van_Krizik\"><\/span>4. De gemeentelijke elektriciteitscentrale van K\u0159i\u017e\u00edk<span class=\"ez-toc-section-end\"><\/span><\/h3>\n\n\n\n<figure data-wp-context=\"{&quot;imageId&quot;:&quot;6a9523938b90c&quot;}\" data-wp-interactive=\"core\/image\" data-wp-key=\"6a9523938b90c\" class=\"wp-block-image size-full wp-lightbox-container\"><img decoding=\"async\" width=\"2200\" height=\"1467\" data-wp-class--hide=\"state.isContentHidden\" data-wp-class--show=\"state.isContentVisible\" data-wp-init=\"callbacks.setButtonStyles\" data-wp-on--click=\"actions.showLightbox\" data-wp-on--load=\"callbacks.setButtonStyles\" data-wp-on--pointerdown=\"actions.preloadImage\" data-wp-on--pointerenter=\"actions.preloadImageWithDelay\" data-wp-on--pointerleave=\"actions.cancelPreload\" data-wp-on-window--resize=\"callbacks.setButtonStyles\" src=\"https:\/\/loudavymkrokem.cz\/wp-content\/uploads\/2026\/08\/pisek-krizikova-elektrarna.jpg\" alt=\"Gemeentelijke elektriciteitscentrale van K\u0159i\u017e\u00edk in P\u00edsek\" class=\"wp-image-399347\" title=\"\" srcset=\"https:\/\/loudavymkrokem.cz\/wp-content\/uploads\/2026\/08\/pisek-krizikova-elektrarna.jpg 2200w, https:\/\/loudavymkrokem.cz\/wp-content\/uploads\/2026\/08\/pisek-krizikova-elektrarna-300x200.jpg 300w, https:\/\/loudavymkrokem.cz\/wp-content\/uploads\/2026\/08\/pisek-krizikova-elektrarna-700x467.jpg 700w, https:\/\/loudavymkrokem.cz\/wp-content\/uploads\/2026\/08\/pisek-krizikova-elektrarna-768x512.jpg 768w, https:\/\/loudavymkrokem.cz\/wp-content\/uploads\/2026\/08\/pisek-krizikova-elektrarna-1536x1024.jpg 1536w, https:\/\/loudavymkrokem.cz\/wp-content\/uploads\/2026\/08\/pisek-krizikova-elektrarna-2048x1366.jpg 2048w, https:\/\/loudavymkrokem.cz\/wp-content\/uploads\/2026\/08\/pisek-krizikova-elektrarna-696x464.jpg 696w, https:\/\/loudavymkrokem.cz\/wp-content\/uploads\/2026\/08\/pisek-krizikova-elektrarna-1392x928.jpg 1392w, https:\/\/loudavymkrokem.cz\/wp-content\/uploads\/2026\/08\/pisek-krizikova-elektrarna-1920x1280.jpg 1920w\" sizes=\"(max-width: 2200px) 100vw, 2200px\" \/><button\n\t\t\tclass=\"lightbox-trigger\"\n\t\t\ttype=\"button\"\n\t\t\taria-haspopup=\"dialog\"\n\t\t\tdata-wp-bind--aria-label=\"state.thisImage.triggerButtonAriaLabel\"\n\t\t\tdata-wp-init=\"callbacks.initTriggerButton\"\n\t\t\tdata-wp-on--click=\"actions.showLightbox\"\n\t\t\tdata-wp-style--right=\"state.thisImage.buttonRight\"\n\t\t\tdata-wp-style--top=\"state.thisImage.buttonTop\"\n\t\t>\n\t\t\t<svg xmlns=\"http:\/\/www.w3.org\/2000\/svg\" width=\"12\" height=\"12\" fill=\"none\" viewBox=\"0 0 12 12\">\n\t\t\t\t<path fill=\"#fff\" d=\"M2 0a2 2 0 0 0-2 2v2h1.5V2a.5.5 0 0 1 .5-.5h2V0H2Zm2 10.5H2a.5.5 0 0 1-.5-.5V8H0v2a2 2 0 0 0 2 2h2v-1.5ZM8 12v-1.5h2a.5.5 0 0 0 .5-.5V8H12v2a2 2 0 0 1-2 2H8Zm2-12a2 2 0 0 1 2 2v2h-1.5V2a.5.5 0 0 0-.5-.5H8V0h2Z\" \/>\n\t\t\t<\/svg>\n\t\t<\/button><\/figure>\n\n\n\n<p class=\"wp-block-paragraph\">Hier moet ik je teleurstellen: <strong>de centrale is momenteel gesloten<\/strong> en er wordt een nieuwe tentoonstelling voorbereid. Dus als je deze als hoofdprogrammapunt op je lijstje had staan, zul je moeten wachten. Maar ik moet hem noemen, want zijn verhaal is absoluut essentieel om te begrijpen waarom P\u00edsek zo&#8217;n bijzondere stad is.<\/p>\n\n\n\n<p class=\"wp-block-paragraph\">In <strong>1887<\/strong> \u2013 dus een jaar v\u00f3\u00f3r de Praagse \u017di\u017ekov-centrale \u2013 ging in P\u00edsek de <strong>eerste permanente openbare elektrische straatverlichting van Bohemen<\/strong> branden. Franti\u0161ek K\u0159i\u017e\u00edk, de Tsjechische Edison, koos juist dit kleine Zuid-Boheemse stadje voor zijn baanbrekende experiment. Stel je die tijd voor: mensen op het plein die hun hele leven alleen kaarsen en gaslampen hadden gekend, en ineens gaat het elektrische licht aan. P\u00edsek was eerder dan Praag. Dat is een feit waar ik nooit genoeg van krijg.<\/p>\n\n\n\n<p class=\"wp-block-paragraph\">Goed nieuws tot slot: in het voorjaar van 2026 keerden de gerenoveerde Francis-turbines terug naar de centrale, en sinds mei wekt het monument weer elektriciteit op. De nieuwe tentoonstelling wacht nog op zijn opening, volg de website van de stad voor actuele informatie.<\/p>\n\n\n\n<h3 class=\"wp-block-heading\"><span class=\"ez-toc-section\" id=\"5_Landelijke_stoeterij\"><\/span>5. Landelijke stoeterij<span class=\"ez-toc-section-end\"><\/span><\/h3>\n\n\n\n<figure data-wp-context=\"{&quot;imageId&quot;:&quot;6a9523938c0ad&quot;}\" data-wp-interactive=\"core\/image\" data-wp-key=\"6a9523938c0ad\" class=\"wp-block-image size-full wp-lightbox-container\"><img decoding=\"async\" width=\"1600\" height=\"1018\" data-wp-class--hide=\"state.isContentHidden\" data-wp-class--show=\"state.isContentVisible\" data-wp-init=\"callbacks.setButtonStyles\" data-wp-on--click=\"actions.showLightbox\" data-wp-on--load=\"callbacks.setButtonStyles\" data-wp-on--pointerdown=\"actions.preloadImage\" data-wp-on--pointerenter=\"actions.preloadImageWithDelay\" data-wp-on--pointerleave=\"actions.cancelPreload\" data-wp-on-window--resize=\"callbacks.setButtonStyles\" src=\"https:\/\/loudavymkrokem.cz\/wp-content\/uploads\/2026\/08\/zemsky-hrebcinec-pisek-letecky.jpg\" alt=\"Luchtfoto van het terrein van de landelijke stoeterij P\u00edsek\" class=\"wp-image-399598\" title=\"\" srcset=\"https:\/\/loudavymkrokem.cz\/wp-content\/uploads\/2026\/08\/zemsky-hrebcinec-pisek-letecky.jpg 1600w, https:\/\/loudavymkrokem.cz\/wp-content\/uploads\/2026\/08\/zemsky-hrebcinec-pisek-letecky-300x191.jpg 300w, https:\/\/loudavymkrokem.cz\/wp-content\/uploads\/2026\/08\/zemsky-hrebcinec-pisek-letecky-700x445.jpg 700w, https:\/\/loudavymkrokem.cz\/wp-content\/uploads\/2026\/08\/zemsky-hrebcinec-pisek-letecky-768x489.jpg 768w, https:\/\/loudavymkrokem.cz\/wp-content\/uploads\/2026\/08\/zemsky-hrebcinec-pisek-letecky-1536x977.jpg 1536w, https:\/\/loudavymkrokem.cz\/wp-content\/uploads\/2026\/08\/zemsky-hrebcinec-pisek-letecky-696x443.jpg 696w, https:\/\/loudavymkrokem.cz\/wp-content\/uploads\/2026\/08\/zemsky-hrebcinec-pisek-letecky-1392x886.jpg 1392w\" sizes=\"(max-width: 1600px) 100vw, 1600px\" \/><button\n\t\t\tclass=\"lightbox-trigger\"\n\t\t\ttype=\"button\"\n\t\t\taria-haspopup=\"dialog\"\n\t\t\tdata-wp-bind--aria-label=\"state.thisImage.triggerButtonAriaLabel\"\n\t\t\tdata-wp-init=\"callbacks.initTriggerButton\"\n\t\t\tdata-wp-on--click=\"actions.showLightbox\"\n\t\t\tdata-wp-style--right=\"state.thisImage.buttonRight\"\n\t\t\tdata-wp-style--top=\"state.thisImage.buttonTop\"\n\t\t>\n\t\t\t<svg xmlns=\"http:\/\/www.w3.org\/2000\/svg\" width=\"12\" height=\"12\" fill=\"none\" viewBox=\"0 0 12 12\">\n\t\t\t\t<path fill=\"#fff\" d=\"M2 0a2 2 0 0 0-2 2v2h1.5V2a.5.5 0 0 1 .5-.5h2V0H2Zm2 10.5H2a.5.5 0 0 1-.5-.5V8H0v2a2 2 0 0 0 2 2h2v-1.5ZM8 12v-1.5h2a.5.5 0 0 0 .5-.5V8H12v2a2 2 0 0 1-2 2H8Zm2-12a2 2 0 0 1 2 2v2h-1.5V2a.5.5 0 0 0-.5-.5H8V0h2Z\" \/>\n\t\t\t<\/svg>\n\t\t<\/button><\/figure>\n\n\n\n<p class=\"wp-block-paragraph\">Als er in P\u00edsek \u00e9\u00e9n plek is waar ik werkelijk iedere bezoeker naartoe zou sturen, dan is het de <strong>stoeterij<\/strong>. Niet alleen vanwege de paarden (al zijn die prachtig), maar vanwege het terrein zelf. Het gebouw in <strong>tudorstijl<\/strong> \u2013 ja, in P\u00edsek, in Zuid-Bohemen \u2013 lijkt alsof je naar het Engelse platteland bent verplaatst. Het is een <strong>nationaal cultureel monument<\/strong> en een van de mooiste stoeterijen van heel Europa.<\/p>\n\n\n\n<p class=\"wp-block-paragraph\">En nu een lekkernij voor geschiedenisliefhebbers: een hengst genaamd <strong>Ardo<\/strong>, die hier leefde, diende volgens de overlevering als <strong>model voor het beeld van Sint-Wenceslas<\/strong> op het Wenceslasplein in Praag. Dus telkens als je langs dat beeld loopt, <strong>weet dan dat dat paard eigenlijk uit P\u00edsek komt.<\/strong> \ud83d\ude04<\/p>\n\n\n\n<p class=\"wp-block-paragraph\"><strong>De rondleidingen<\/strong> <strong>duren<\/strong> <strong>1 tot 1,5 uur<\/strong>, een gids neemt je mee langs de stallen, de manege en de historische ruimtes. Toegang <strong>\u20ac 6 volwassenen<\/strong>, <strong>\u20ac 4 kinderen<\/strong>. En nu een belangrijke waarschuwing die je een probleem bij de kassa bespaart: <strong>ze accepteren ALLEEN CONTANT geld!<\/strong> Geen kaarten, geen mobiel. Neem contant geld mee.<\/p>\n\n\n\n<h3 class=\"wp-block-heading\"><span class=\"ez-toc-section\" id=\"6_Kerk_van_de_Geboorte_van_de_Maagd_Maria\"><\/span>6. Kerk van de Geboorte van de Maagd Maria<span class=\"ez-toc-section-end\"><\/span><\/h3>\n\n\n\n<figure data-wp-context=\"{&quot;imageId&quot;:&quot;6a9523938c729&quot;}\" data-wp-interactive=\"core\/image\" data-wp-key=\"6a9523938c729\" class=\"wp-block-image size-full wp-lightbox-container\"><img decoding=\"async\" width=\"2200\" height=\"1467\" data-wp-class--hide=\"state.isContentHidden\" data-wp-class--show=\"state.isContentVisible\" data-wp-init=\"callbacks.setButtonStyles\" data-wp-on--click=\"actions.showLightbox\" data-wp-on--load=\"callbacks.setButtonStyles\" data-wp-on--pointerdown=\"actions.preloadImage\" data-wp-on--pointerenter=\"actions.preloadImageWithDelay\" data-wp-on--pointerleave=\"actions.cancelPreload\" data-wp-on-window--resize=\"callbacks.setButtonStyles\" src=\"https:\/\/loudavymkrokem.cz\/wp-content\/uploads\/2026\/08\/pisek-kostel-narozeni-panny-marie.jpg\" alt=\"Gotische kerk van de Geboorte van de Maagd Maria in P\u00edsek\" class=\"wp-image-399350\" title=\"\" srcset=\"https:\/\/loudavymkrokem.cz\/wp-content\/uploads\/2026\/08\/pisek-kostel-narozeni-panny-marie.jpg 2200w, https:\/\/loudavymkrokem.cz\/wp-content\/uploads\/2026\/08\/pisek-kostel-narozeni-panny-marie-300x200.jpg 300w, https:\/\/loudavymkrokem.cz\/wp-content\/uploads\/2026\/08\/pisek-kostel-narozeni-panny-marie-700x467.jpg 700w, https:\/\/loudavymkrokem.cz\/wp-content\/uploads\/2026\/08\/pisek-kostel-narozeni-panny-marie-768x512.jpg 768w, https:\/\/loudavymkrokem.cz\/wp-content\/uploads\/2026\/08\/pisek-kostel-narozeni-panny-marie-1536x1024.jpg 1536w, https:\/\/loudavymkrokem.cz\/wp-content\/uploads\/2026\/08\/pisek-kostel-narozeni-panny-marie-2048x1366.jpg 2048w, https:\/\/loudavymkrokem.cz\/wp-content\/uploads\/2026\/08\/pisek-kostel-narozeni-panny-marie-696x464.jpg 696w, https:\/\/loudavymkrokem.cz\/wp-content\/uploads\/2026\/08\/pisek-kostel-narozeni-panny-marie-1392x928.jpg 1392w, https:\/\/loudavymkrokem.cz\/wp-content\/uploads\/2026\/08\/pisek-kostel-narozeni-panny-marie-1920x1280.jpg 1920w\" sizes=\"(max-width: 2200px) 100vw, 2200px\" \/><button\n\t\t\tclass=\"lightbox-trigger\"\n\t\t\ttype=\"button\"\n\t\t\taria-haspopup=\"dialog\"\n\t\t\tdata-wp-bind--aria-label=\"state.thisImage.triggerButtonAriaLabel\"\n\t\t\tdata-wp-init=\"callbacks.initTriggerButton\"\n\t\t\tdata-wp-on--click=\"actions.showLightbox\"\n\t\t\tdata-wp-style--right=\"state.thisImage.buttonRight\"\n\t\t\tdata-wp-style--top=\"state.thisImage.buttonTop\"\n\t\t>\n\t\t\t<svg xmlns=\"http:\/\/www.w3.org\/2000\/svg\" width=\"12\" height=\"12\" fill=\"none\" viewBox=\"0 0 12 12\">\n\t\t\t\t<path fill=\"#fff\" d=\"M2 0a2 2 0 0 0-2 2v2h1.5V2a.5.5 0 0 1 .5-.5h2V0H2Zm2 10.5H2a.5.5 0 0 1-.5-.5V8H0v2a2 2 0 0 0 2 2h2v-1.5ZM8 12v-1.5h2a.5.5 0 0 0 .5-.5V8H12v2a2 2 0 0 1-2 2H8Zm2-12a2 2 0 0 1 2 2v2h-1.5V2a.5.5 0 0 0-.5-.5H8V0h2Z\" \/>\n\t\t\t<\/svg>\n\t\t<\/button><\/figure>\n\n\n\n<p class=\"wp-block-paragraph\">De toren van deze kerk is zo&#8217;n herkenningspunt dat je vanuit bijna heel P\u00edsek ziet \u2013 de toren meet ruim 70 meter en de uitkijkgalerij ligt op <strong>42 meter<\/strong>. Wie geen hoogtevrees heeft, klimt <strong>210 traptreden<\/strong> naar boven. Het uitzicht over de stad en omgeving is die kortademigheid waard, dat garandeer ik je. Maar het allerinteressantste aan deze kerk is de <strong>torenklok<\/strong>. Bekijk hem eens goed, er klopt iets niet.<\/p>\n\n\n\n<p class=\"wp-block-paragraph\">Kom je erachter? <strong>De kleine wijzer geeft de minuten aan en de grote de uren.<\/strong> Precies andersom dan je gewend bent. Niemand weet precies waarom, er zijn verschillende theorie\u00ebn, maar het resultaat is dat bijna elke toerist verward naar die klok kijkt en de plaatselijke bewoners er stiekem om lachen. De locals hebben er al generaties lang plezier van. En nog een leuk weetje? Als je vanuit de juiste hoek naar de klok kijkt, herken je er een uil in.<\/p>\n\n\n\n<p class=\"wp-block-paragraph\"><strong>Belangrijk:<\/strong> Je komt op de toren <strong>alleen met een reservering vooraf<\/strong>, dus plan het van tevoren. Informatie krijg je bij het toeristeninformatiecentrum van de stad.<\/p>\n\n\n\n<h3 class=\"wp-block-heading\"><span class=\"ez-toc-section\" id=\"7_Het_Grote_Plein_en_Alsovo_namesti_met_de_Struikelstenen\"><\/span>7. Het Grote Plein en Al\u0161ovo n\u00e1m\u011bst\u00ed met de Struikelstenen<span class=\"ez-toc-section-end\"><\/span><\/h3>\n\n\n\n<figure data-wp-context=\"{&quot;imageId&quot;:&quot;6a9523938cd92&quot;}\" data-wp-interactive=\"core\/image\" data-wp-key=\"6a9523938cd92\" class=\"wp-block-image size-full wp-lightbox-container\"><img decoding=\"async\" width=\"2200\" height=\"1467\" data-wp-class--hide=\"state.isContentHidden\" data-wp-class--show=\"state.isContentVisible\" data-wp-init=\"callbacks.setButtonStyles\" data-wp-on--click=\"actions.showLightbox\" data-wp-on--load=\"callbacks.setButtonStyles\" data-wp-on--pointerdown=\"actions.preloadImage\" data-wp-on--pointerenter=\"actions.preloadImageWithDelay\" data-wp-on--pointerleave=\"actions.cancelPreload\" data-wp-on-window--resize=\"callbacks.setButtonStyles\" src=\"https:\/\/loudavymkrokem.cz\/wp-content\/uploads\/2026\/08\/pisek-velke-namesti-vez-kostela.jpg\" alt=\"Grote Plein in P\u00edsek met de toren van de kerk van de Geboorte van de Maagd Maria\" class=\"wp-image-399352\" title=\"\" srcset=\"https:\/\/loudavymkrokem.cz\/wp-content\/uploads\/2026\/08\/pisek-velke-namesti-vez-kostela.jpg 2200w, https:\/\/loudavymkrokem.cz\/wp-content\/uploads\/2026\/08\/pisek-velke-namesti-vez-kostela-300x200.jpg 300w, https:\/\/loudavymkrokem.cz\/wp-content\/uploads\/2026\/08\/pisek-velke-namesti-vez-kostela-700x467.jpg 700w, https:\/\/loudavymkrokem.cz\/wp-content\/uploads\/2026\/08\/pisek-velke-namesti-vez-kostela-768x512.jpg 768w, https:\/\/loudavymkrokem.cz\/wp-content\/uploads\/2026\/08\/pisek-velke-namesti-vez-kostela-1536x1024.jpg 1536w, https:\/\/loudavymkrokem.cz\/wp-content\/uploads\/2026\/08\/pisek-velke-namesti-vez-kostela-2048x1366.jpg 2048w, https:\/\/loudavymkrokem.cz\/wp-content\/uploads\/2026\/08\/pisek-velke-namesti-vez-kostela-696x464.jpg 696w, https:\/\/loudavymkrokem.cz\/wp-content\/uploads\/2026\/08\/pisek-velke-namesti-vez-kostela-1392x928.jpg 1392w, https:\/\/loudavymkrokem.cz\/wp-content\/uploads\/2026\/08\/pisek-velke-namesti-vez-kostela-1920x1280.jpg 1920w\" sizes=\"(max-width: 2200px) 100vw, 2200px\" \/><button\n\t\t\tclass=\"lightbox-trigger\"\n\t\t\ttype=\"button\"\n\t\t\taria-haspopup=\"dialog\"\n\t\t\tdata-wp-bind--aria-label=\"state.thisImage.triggerButtonAriaLabel\"\n\t\t\tdata-wp-init=\"callbacks.initTriggerButton\"\n\t\t\tdata-wp-on--click=\"actions.showLightbox\"\n\t\t\tdata-wp-style--right=\"state.thisImage.buttonRight\"\n\t\t\tdata-wp-style--top=\"state.thisImage.buttonTop\"\n\t\t>\n\t\t\t<svg xmlns=\"http:\/\/www.w3.org\/2000\/svg\" width=\"12\" height=\"12\" fill=\"none\" viewBox=\"0 0 12 12\">\n\t\t\t\t<path fill=\"#fff\" d=\"M2 0a2 2 0 0 0-2 2v2h1.5V2a.5.5 0 0 1 .5-.5h2V0H2Zm2 10.5H2a.5.5 0 0 1-.5-.5V8H0v2a2 2 0 0 0 2 2h2v-1.5ZM8 12v-1.5h2a.5.5 0 0 0 .5-.5V8H12v2a2 2 0 0 1-2 2H8Zm2-12a2 2 0 0 1 2 2v2h-1.5V2a.5.5 0 0 0-.5-.5H8V0h2Z\" \/>\n\t\t\t<\/svg>\n\t\t<\/button><\/figure>\n\n\n\n<p class=\"wp-block-paragraph\">Beide belangrijkste pleinen van P\u00edsek zijn met elkaar verbonden en vormen zo het hart van de stad: het Grote Plein is het representatieve plein met het stadhuis en de fontein, Al\u0161ovo n\u00e1m\u011bst\u00ed is rustiger, met de bibliotheek en bomen. Erover wandelen is altijd aangenaam, maar ik wil je wijzen op iets wat je gemakkelijk over het hoofd ziet als je er niet van weet.<\/p>\n\n\n\n<p class=\"wp-block-paragraph\">Op de stoepen in het centrum van P\u00edsek vind je <strong>Struikelstenen<\/strong>, de zogenaamde <strong>Stolpersteine<\/strong>. Het zijn kleine <strong>koperen plaatjes<\/strong> in de bestrating, elk met de naam, geboortedatum en het lot van een mens die op die plek woonde en slachtoffer werd van de Holocaust. Je vindt ze in de <strong>Heyduk-straat, op de \u017di\u017eka-laan en op het Grote Plein<\/strong>.<\/p>\n\n\n\n<p class=\"wp-block-paragraph\">Telkens als ik er langsloop, sta ik even stil. Ze dwingen je te beseffen dat dit niet zomaar namen uit een leerboek zijn. Het waren buren, winkeliers, mensen die door dezelfde straten liepen als wij vandaag. Het is een stille, waardige herinnering en ik vind dat niemand die P\u00edsek bezoekt eraan voorbij zou moeten gaan.<\/p>\n\n\n\n<h3 class=\"wp-block-heading\"><span class=\"ez-toc-section\" id=\"8_Mariale_pestzuil_op_Alsovo_namesti\"><\/span>8. Mariale pestzuil op Al\u0161ovo n\u00e1m\u011bst\u00ed<span class=\"ez-toc-section-end\"><\/span><\/h3>\n\n\n\n<figure data-wp-context=\"{&quot;imageId&quot;:&quot;6a9523938d4c6&quot;}\" data-wp-interactive=\"core\/image\" data-wp-key=\"6a9523938d4c6\" class=\"wp-block-image size-full wp-lightbox-container\"><img decoding=\"async\" width=\"2200\" height=\"1467\" data-wp-class--hide=\"state.isContentHidden\" data-wp-class--show=\"state.isContentVisible\" data-wp-init=\"callbacks.setButtonStyles\" data-wp-on--click=\"actions.showLightbox\" data-wp-on--load=\"callbacks.setButtonStyles\" data-wp-on--pointerdown=\"actions.preloadImage\" data-wp-on--pointerenter=\"actions.preloadImageWithDelay\" data-wp-on--pointerleave=\"actions.cancelPreload\" data-wp-on-window--resize=\"callbacks.setButtonStyles\" src=\"https:\/\/loudavymkrokem.cz\/wp-content\/uploads\/2026\/08\/pisek-marianske-sousosi-alsovo-namesti.jpg\" alt=\"Mariale pestzuil op Al\u0161ovo n\u00e1m\u011bst\u00ed in P\u00edsek\" class=\"wp-image-399355\" title=\"\" srcset=\"https:\/\/loudavymkrokem.cz\/wp-content\/uploads\/2026\/08\/pisek-marianske-sousosi-alsovo-namesti.jpg 2200w, https:\/\/loudavymkrokem.cz\/wp-content\/uploads\/2026\/08\/pisek-marianske-sousosi-alsovo-namesti-300x200.jpg 300w, https:\/\/loudavymkrokem.cz\/wp-content\/uploads\/2026\/08\/pisek-marianske-sousosi-alsovo-namesti-700x467.jpg 700w, https:\/\/loudavymkrokem.cz\/wp-content\/uploads\/2026\/08\/pisek-marianske-sousosi-alsovo-namesti-768x512.jpg 768w, https:\/\/loudavymkrokem.cz\/wp-content\/uploads\/2026\/08\/pisek-marianske-sousosi-alsovo-namesti-1536x1024.jpg 1536w, https:\/\/loudavymkrokem.cz\/wp-content\/uploads\/2026\/08\/pisek-marianske-sousosi-alsovo-namesti-2048x1366.jpg 2048w, https:\/\/loudavymkrokem.cz\/wp-content\/uploads\/2026\/08\/pisek-marianske-sousosi-alsovo-namesti-696x464.jpg 696w, https:\/\/loudavymkrokem.cz\/wp-content\/uploads\/2026\/08\/pisek-marianske-sousosi-alsovo-namesti-1392x928.jpg 1392w, https:\/\/loudavymkrokem.cz\/wp-content\/uploads\/2026\/08\/pisek-marianske-sousosi-alsovo-namesti-1920x1280.jpg 1920w\" sizes=\"(max-width: 2200px) 100vw, 2200px\" \/><button\n\t\t\tclass=\"lightbox-trigger\"\n\t\t\ttype=\"button\"\n\t\t\taria-haspopup=\"dialog\"\n\t\t\tdata-wp-bind--aria-label=\"state.thisImage.triggerButtonAriaLabel\"\n\t\t\tdata-wp-init=\"callbacks.initTriggerButton\"\n\t\t\tdata-wp-on--click=\"actions.showLightbox\"\n\t\t\tdata-wp-style--right=\"state.thisImage.buttonRight\"\n\t\t\tdata-wp-style--top=\"state.thisImage.buttonTop\"\n\t\t>\n\t\t\t<svg xmlns=\"http:\/\/www.w3.org\/2000\/svg\" width=\"12\" height=\"12\" fill=\"none\" viewBox=\"0 0 12 12\">\n\t\t\t\t<path fill=\"#fff\" d=\"M2 0a2 2 0 0 0-2 2v2h1.5V2a.5.5 0 0 1 .5-.5h2V0H2Zm2 10.5H2a.5.5 0 0 1-.5-.5V8H0v2a2 2 0 0 0 2 2h2v-1.5ZM8 12v-1.5h2a.5.5 0 0 0 .5-.5V8H12v2a2 2 0 0 1-2 2H8Zm2-12a2 2 0 0 1 2 2v2h-1.5V2a.5.5 0 0 0-.5-.5H8V0h2Z\" \/>\n\t\t\t<\/svg>\n\t\t<\/button><\/figure>\n\n\n\n<p class=\"wp-block-paragraph\">Op Al\u0161ovo n\u00e1m\u011bst\u00ed staat een <strong>barokke pestzuil uit 1713\u20131714<\/strong>, opgericht in opdracht van de stad als dank voor het afwenden van een pestepidemie. Bovenop staat de <strong>Maagd Maria<\/strong>, eronder <strong>10 heiligen<\/strong>: patroons tegen de pest, beschermers van de stad. De maker is beeldhouwer <strong>Christian Widemann<\/strong> en de hele compositie is verrassend dynamisch en gedetailleerd voor zo&#8217;n klein plein.<\/p>\n\n\n\n<p class=\"wp-block-paragraph\">Als je van barok houdt, is dit een van de mooiere pestzuilen van Zuid-Bohemen. En zelfs als barok niet echt jouw ding is, sta er dan toch even bij stil \u2013 het contrast van de oude zuil met de cafeetjes eromheen heeft zijn eigen charme.<\/p>\n\n\n\n<h3 class=\"wp-block-heading\"><span class=\"ez-toc-section\" id=\"9_De_kazerne\"><\/span>9. De kazerne<span class=\"ez-toc-section-end\"><\/span><\/h3>\n\n\n\n<p class=\"wp-block-paragraph\">De voormalige <strong>\u017di\u017eka-kazerne<\/strong> aan de \u017di\u017eka-laan is <strong>een beschermd monument<\/strong> en verandert geleidelijk van bestemming. Ik zal niet liegen \u2013 het is geen plek waar je gericht twee uur naartoe zou gaan, maar als je over de \u017di\u017eka-laan loopt, let dan op die imposante gebouwen en stel je voor hoeveel soldaten hier door de eeuwen heen zijn geweest. P\u00edsek had van oudsher een sterke militaire traditie en deze kazerne is daar een tastbare herinnering aan.<\/p>\n\n\n\n<h3 class=\"wp-block-heading\"><span class=\"ez-toc-section\" id=\"10_Het_stadhuis\"><\/span>10. Het stadhuis<span class=\"ez-toc-section-end\"><\/span><\/h3>\n\n\n\n<figure data-wp-context=\"{&quot;imageId&quot;:&quot;6a9523938dc7c&quot;}\" data-wp-interactive=\"core\/image\" data-wp-key=\"6a9523938dc7c\" class=\"wp-block-image size-full wp-lightbox-container\"><img decoding=\"async\" width=\"2200\" height=\"1467\" data-wp-class--hide=\"state.isContentHidden\" data-wp-class--show=\"state.isContentVisible\" data-wp-init=\"callbacks.setButtonStyles\" data-wp-on--click=\"actions.showLightbox\" data-wp-on--load=\"callbacks.setButtonStyles\" data-wp-on--pointerdown=\"actions.preloadImage\" data-wp-on--pointerenter=\"actions.preloadImageWithDelay\" data-wp-on--pointerleave=\"actions.cancelPreload\" data-wp-on-window--resize=\"callbacks.setButtonStyles\" src=\"https:\/\/loudavymkrokem.cz\/wp-content\/uploads\/2026\/08\/pisek-radnice-veze.jpg\" alt=\"Barok stadhuis met twee torens op het Grote Plein in P\u00edsek\" class=\"wp-image-399357\" title=\"\" srcset=\"https:\/\/loudavymkrokem.cz\/wp-content\/uploads\/2026\/08\/pisek-radnice-veze.jpg 2200w, https:\/\/loudavymkrokem.cz\/wp-content\/uploads\/2026\/08\/pisek-radnice-veze-300x200.jpg 300w, https:\/\/loudavymkrokem.cz\/wp-content\/uploads\/2026\/08\/pisek-radnice-veze-700x467.jpg 700w, https:\/\/loudavymkrokem.cz\/wp-content\/uploads\/2026\/08\/pisek-radnice-veze-768x512.jpg 768w, https:\/\/loudavymkrokem.cz\/wp-content\/uploads\/2026\/08\/pisek-radnice-veze-1536x1024.jpg 1536w, https:\/\/loudavymkrokem.cz\/wp-content\/uploads\/2026\/08\/pisek-radnice-veze-2048x1366.jpg 2048w, https:\/\/loudavymkrokem.cz\/wp-content\/uploads\/2026\/08\/pisek-radnice-veze-696x464.jpg 696w, https:\/\/loudavymkrokem.cz\/wp-content\/uploads\/2026\/08\/pisek-radnice-veze-1392x928.jpg 1392w, https:\/\/loudavymkrokem.cz\/wp-content\/uploads\/2026\/08\/pisek-radnice-veze-1920x1280.jpg 1920w\" sizes=\"(max-width: 2200px) 100vw, 2200px\" \/><button\n\t\t\tclass=\"lightbox-trigger\"\n\t\t\ttype=\"button\"\n\t\t\taria-haspopup=\"dialog\"\n\t\t\tdata-wp-bind--aria-label=\"state.thisImage.triggerButtonAriaLabel\"\n\t\t\tdata-wp-init=\"callbacks.initTriggerButton\"\n\t\t\tdata-wp-on--click=\"actions.showLightbox\"\n\t\t\tdata-wp-style--right=\"state.thisImage.buttonRight\"\n\t\t\tdata-wp-style--top=\"state.thisImage.buttonTop\"\n\t\t>\n\t\t\t<svg xmlns=\"http:\/\/www.w3.org\/2000\/svg\" width=\"12\" height=\"12\" fill=\"none\" viewBox=\"0 0 12 12\">\n\t\t\t\t<path fill=\"#fff\" d=\"M2 0a2 2 0 0 0-2 2v2h1.5V2a.5.5 0 0 1 .5-.5h2V0H2Zm2 10.5H2a.5.5 0 0 1-.5-.5V8H0v2a2 2 0 0 0 2 2h2v-1.5ZM8 12v-1.5h2a.5.5 0 0 0 .5-.5V8H12v2a2 2 0 0 1-2 2H8Zm2-12a2 2 0 0 1 2 2v2h-1.5V2a.5.5 0 0 0-.5-.5H8V0h2Z\" \/>\n\t\t\t<\/svg>\n\t\t<\/button><\/figure>\n\n\n\n<p class=\"wp-block-paragraph\">Het <strong>barokke stadhuis<\/strong> op het Grote Plein werd gebouwd tussen <strong>1740 en 1767<\/strong> en de <strong>toren met uivormige koepel<\/strong> behoort tot de meest fotogenieke silhouetten van de stad. Vanaf de toren wordt af en toe een <strong>uitkijkpunt<\/strong> opengesteld, van waaruit je een prachtig zicht hebt op het plein, de daken van de stad en op een heldere dag zelfs op de heuvels van de \u0160umava in de verte.<\/p>\n\n\n\n<p class=\"wp-block-paragraph\">Het stadhuis is nog steeds functioneel, hier zetelt het gemeentekantoor, dus zomaar naar binnen kun je niet, maar het exterieur is prachtig. Die warme gele tint van de gevel, de barokke gevelspitsen, de torenklok&#8230; Telkens als ik over het plein loop, kijk ik er automatisch naar.<\/p>\n\n\n\n<h3 class=\"wp-block-heading\"><span class=\"ez-toc-section\" id=\"11_Kerk_van_de_Kruisverheffing\"><\/span>11. Kerk van de Kruisverheffing<span class=\"ez-toc-section-end\"><\/span><\/h3>\n\n\n\n<figure data-wp-context=\"{&quot;imageId&quot;:&quot;6a9523938e3e4&quot;}\" data-wp-interactive=\"core\/image\" data-wp-key=\"6a9523938e3e4\" class=\"wp-block-image size-full wp-lightbox-container\"><img decoding=\"async\" width=\"2200\" height=\"1467\" data-wp-class--hide=\"state.isContentHidden\" data-wp-class--show=\"state.isContentVisible\" data-wp-init=\"callbacks.setButtonStyles\" data-wp-on--click=\"actions.showLightbox\" data-wp-on--load=\"callbacks.setButtonStyles\" data-wp-on--pointerdown=\"actions.preloadImage\" data-wp-on--pointerenter=\"actions.preloadImageWithDelay\" data-wp-on--pointerleave=\"actions.cancelPreload\" data-wp-on-window--resize=\"callbacks.setButtonStyles\" src=\"https:\/\/loudavymkrokem.cz\/wp-content\/uploads\/2026\/08\/pisek-kostel-povyseni-sv-krize.jpg\" alt=\"Kerk van de Kruisverheffing in P\u00edsek met sgraffitogevel\" class=\"wp-image-399359\" title=\"\" srcset=\"https:\/\/loudavymkrokem.cz\/wp-content\/uploads\/2026\/08\/pisek-kostel-povyseni-sv-krize.jpg 2200w, https:\/\/loudavymkrokem.cz\/wp-content\/uploads\/2026\/08\/pisek-kostel-povyseni-sv-krize-300x200.jpg 300w, https:\/\/loudavymkrokem.cz\/wp-content\/uploads\/2026\/08\/pisek-kostel-povyseni-sv-krize-700x467.jpg 700w, https:\/\/loudavymkrokem.cz\/wp-content\/uploads\/2026\/08\/pisek-kostel-povyseni-sv-krize-768x512.jpg 768w, https:\/\/loudavymkrokem.cz\/wp-content\/uploads\/2026\/08\/pisek-kostel-povyseni-sv-krize-1536x1024.jpg 1536w, https:\/\/loudavymkrokem.cz\/wp-content\/uploads\/2026\/08\/pisek-kostel-povyseni-sv-krize-2048x1366.jpg 2048w, https:\/\/loudavymkrokem.cz\/wp-content\/uploads\/2026\/08\/pisek-kostel-povyseni-sv-krize-696x464.jpg 696w, https:\/\/loudavymkrokem.cz\/wp-content\/uploads\/2026\/08\/pisek-kostel-povyseni-sv-krize-1392x928.jpg 1392w, https:\/\/loudavymkrokem.cz\/wp-content\/uploads\/2026\/08\/pisek-kostel-povyseni-sv-krize-1920x1280.jpg 1920w\" sizes=\"(max-width: 2200px) 100vw, 2200px\" \/><button\n\t\t\tclass=\"lightbox-trigger\"\n\t\t\ttype=\"button\"\n\t\t\taria-haspopup=\"dialog\"\n\t\t\tdata-wp-bind--aria-label=\"state.thisImage.triggerButtonAriaLabel\"\n\t\t\tdata-wp-init=\"callbacks.initTriggerButton\"\n\t\t\tdata-wp-on--click=\"actions.showLightbox\"\n\t\t\tdata-wp-style--right=\"state.thisImage.buttonRight\"\n\t\t\tdata-wp-style--top=\"state.thisImage.buttonTop\"\n\t\t>\n\t\t\t<svg xmlns=\"http:\/\/www.w3.org\/2000\/svg\" width=\"12\" height=\"12\" fill=\"none\" viewBox=\"0 0 12 12\">\n\t\t\t\t<path fill=\"#fff\" d=\"M2 0a2 2 0 0 0-2 2v2h1.5V2a.5.5 0 0 1 .5-.5h2V0H2Zm2 10.5H2a.5.5 0 0 1-.5-.5V8H0v2a2 2 0 0 0 2 2h2v-1.5ZM8 12v-1.5h2a.5.5 0 0 0 .5-.5V8H12v2a2 2 0 0 1-2 2H8Zm2-12a2 2 0 0 1 2 2v2h-1.5V2a.5.5 0 0 0-.5-.5H8V0h2Z\" \/>\n\t\t\t<\/svg>\n\t\t<\/button><\/figure>\n\n\n\n<p class=\"wp-block-paragraph\">Nog een kerk die <strong>P\u0159emysl Otakar II<\/strong> in de <strong>13e eeuw<\/strong> in P\u00edsek stichtte \u2013 deze koning had hier duidelijk een bouwkoorts. De kerk fascineert me om twee redenen. Ten eerste heeft hij prachtig <strong>renaissance-sgraffito<\/strong> op de gevel, dat voor een Zuid-Boheemse kerk ongewoon rijk en verfijnd is. Ten tweede, en dat waarderen vooral mensen die ge\u00efnteresseerd zijn in sacrale architectuur \u2013 hij heeft een <strong>omgekeerde ori\u00ebntatie<\/strong>, het altaar wijst naar het westen. Hij ontstond namelijk uit de kloosterkerk van de dominicanen en kreeg zijn huidige vorm bij een verbouwing in de 17e eeuw, wat liefhebbers van sacrale architectuur betrouwbaar in de war brengt.<\/p>\n\n\n\n<p class=\"wp-block-paragraph\">Van buiten ziet hij er wat onopvallend uit, dus veel mensen lopen hem voorbij. Maak niet dezelfde fout.<\/p>\n\n\n\n<h3 class=\"wp-block-heading\"><span class=\"ez-toc-section\" id=\"12_De_vleeshallen\"><\/span>12. De vleeshallen<span class=\"ez-toc-section-end\"><\/span><\/h3>\n\n\n\n<p class=\"wp-block-paragraph\">De vleeshallen bestaan in P\u00edsek <strong>al sinds de middeleeuwen<\/strong>. Het is een <strong>overdekt steegje<\/strong> aan de zuidkant van het Grote Plein, en aan beide kanten zitten kleine <strong>winkeltjes<\/strong> (tegenwoordig meer dan 20), waar van alles verkocht wordt, van keramiek en sieraden tot lokale producten.<\/p>\n\n\n\n<p class=\"wp-block-paragraph\">Op kleine kinderen kan het steegje wat donker en geheimzinnig overkomen, maar juist daarin schuilt de charme. Dat smalle steegje heeft een sfeer die winkelcentra over de hele wereld kunstmatig kopi\u00ebren, en hier is het origineel met middeleeuwse wortels. Bovendien is het een handige kortere weg van het plein naar de Ningr-straat.<\/p>\n\n\n\n<h3 class=\"wp-block-heading\"><span class=\"ez-toc-section\" id=\"13_De_stadsbibliotheek_en_cafe_Upekla\"><\/span>13. De stadsbibliotheek en caf\u00e9 Upekla<span class=\"ez-toc-section-end\"><\/span><\/h3>\n\n\n\n<figure data-wp-context=\"{&quot;imageId&quot;:&quot;6a9523938eb2b&quot;}\" data-wp-interactive=\"core\/image\" data-wp-key=\"6a9523938eb2b\" class=\"wp-block-image size-full wp-lightbox-container\"><img decoding=\"async\" width=\"2200\" height=\"1650\" data-wp-class--hide=\"state.isContentHidden\" data-wp-class--show=\"state.isContentVisible\" data-wp-init=\"callbacks.setButtonStyles\" data-wp-on--click=\"actions.showLightbox\" data-wp-on--load=\"callbacks.setButtonStyles\" data-wp-on--pointerdown=\"actions.preloadImage\" data-wp-on--pointerenter=\"actions.preloadImageWithDelay\" data-wp-on--pointerleave=\"actions.cancelPreload\" data-wp-on-window--resize=\"callbacks.setButtonStyles\" src=\"https:\/\/loudavymkrokem.cz\/wp-content\/uploads\/2026\/08\/pisek-knihovna-vnitroblok-piskoviste-upekla.jpg\" alt=\"Binnenplaats van de stadsbibliotheek P\u00edsek met zandbak bij caf\u00e9 Upekla\" class=\"wp-image-399544\" title=\"\" srcset=\"https:\/\/loudavymkrokem.cz\/wp-content\/uploads\/2026\/08\/pisek-knihovna-vnitroblok-piskoviste-upekla.jpg 2200w, https:\/\/loudavymkrokem.cz\/wp-content\/uploads\/2026\/08\/pisek-knihovna-vnitroblok-piskoviste-upekla-300x225.jpg 300w, https:\/\/loudavymkrokem.cz\/wp-content\/uploads\/2026\/08\/pisek-knihovna-vnitroblok-piskoviste-upekla-700x525.jpg 700w, https:\/\/loudavymkrokem.cz\/wp-content\/uploads\/2026\/08\/pisek-knihovna-vnitroblok-piskoviste-upekla-768x576.jpg 768w, https:\/\/loudavymkrokem.cz\/wp-content\/uploads\/2026\/08\/pisek-knihovna-vnitroblok-piskoviste-upekla-1536x1152.jpg 1536w, https:\/\/loudavymkrokem.cz\/wp-content\/uploads\/2026\/08\/pisek-knihovna-vnitroblok-piskoviste-upekla-2048x1536.jpg 2048w, https:\/\/loudavymkrokem.cz\/wp-content\/uploads\/2026\/08\/pisek-knihovna-vnitroblok-piskoviste-upekla-80x60.jpg 80w, https:\/\/loudavymkrokem.cz\/wp-content\/uploads\/2026\/08\/pisek-knihovna-vnitroblok-piskoviste-upekla-160x120.jpg 160w, https:\/\/loudavymkrokem.cz\/wp-content\/uploads\/2026\/08\/pisek-knihovna-vnitroblok-piskoviste-upekla-696x522.jpg 696w, https:\/\/loudavymkrokem.cz\/wp-content\/uploads\/2026\/08\/pisek-knihovna-vnitroblok-piskoviste-upekla-1392x1044.jpg 1392w, https:\/\/loudavymkrokem.cz\/wp-content\/uploads\/2026\/08\/pisek-knihovna-vnitroblok-piskoviste-upekla-1920x1440.jpg 1920w\" sizes=\"(max-width: 2200px) 100vw, 2200px\" \/><button\n\t\t\tclass=\"lightbox-trigger\"\n\t\t\ttype=\"button\"\n\t\t\taria-haspopup=\"dialog\"\n\t\t\tdata-wp-bind--aria-label=\"state.thisImage.triggerButtonAriaLabel\"\n\t\t\tdata-wp-init=\"callbacks.initTriggerButton\"\n\t\t\tdata-wp-on--click=\"actions.showLightbox\"\n\t\t\tdata-wp-style--right=\"state.thisImage.buttonRight\"\n\t\t\tdata-wp-style--top=\"state.thisImage.buttonTop\"\n\t\t>\n\t\t\t<svg xmlns=\"http:\/\/www.w3.org\/2000\/svg\" width=\"12\" height=\"12\" fill=\"none\" viewBox=\"0 0 12 12\">\n\t\t\t\t<path fill=\"#fff\" d=\"M2 0a2 2 0 0 0-2 2v2h1.5V2a.5.5 0 0 1 .5-.5h2V0H2Zm2 10.5H2a.5.5 0 0 1-.5-.5V8H0v2a2 2 0 0 0 2 2h2v-1.5ZM8 12v-1.5h2a.5.5 0 0 0 .5-.5V8H12v2a2 2 0 0 1-2 2H8Zm2-12a2 2 0 0 1 2 2v2h-1.5V2a.5.5 0 0 0-.5-.5H8V0h2Z\" \/>\n\t\t\t<\/svg>\n\t\t<\/button><\/figure>\n\n\n\n<figure data-wp-context=\"{&quot;imageId&quot;:&quot;6a9523938f0d2&quot;}\" data-wp-interactive=\"core\/image\" data-wp-key=\"6a9523938f0d2\" class=\"wp-block-image size-full wp-lightbox-container\"><img decoding=\"async\" width=\"2200\" height=\"1467\" data-wp-class--hide=\"state.isContentHidden\" data-wp-class--show=\"state.isContentVisible\" data-wp-init=\"callbacks.setButtonStyles\" data-wp-on--click=\"actions.showLightbox\" data-wp-on--load=\"callbacks.setButtonStyles\" data-wp-on--pointerdown=\"actions.preloadImage\" data-wp-on--pointerenter=\"actions.preloadImageWithDelay\" data-wp-on--pointerleave=\"actions.cancelPreload\" data-wp-on-window--resize=\"callbacks.setButtonStyles\" src=\"https:\/\/loudavymkrokem.cz\/wp-content\/uploads\/2026\/08\/pisek-mestska-knihovna.jpg\" alt=\"Gebouw van de stadsbibliotheek P\u00edsek op Al\u0161ovo n\u00e1m\u011bst\u00ed\" class=\"wp-image-399360\" title=\"\" srcset=\"https:\/\/loudavymkrokem.cz\/wp-content\/uploads\/2026\/08\/pisek-mestska-knihovna.jpg 2200w, https:\/\/loudavymkrokem.cz\/wp-content\/uploads\/2026\/08\/pisek-mestska-knihovna-300x200.jpg 300w, https:\/\/loudavymkrokem.cz\/wp-content\/uploads\/2026\/08\/pisek-mestska-knihovna-700x467.jpg 700w, https:\/\/loudavymkrokem.cz\/wp-content\/uploads\/2026\/08\/pisek-mestska-knihovna-768x512.jpg 768w, https:\/\/loudavymkrokem.cz\/wp-content\/uploads\/2026\/08\/pisek-mestska-knihovna-1536x1024.jpg 1536w, https:\/\/loudavymkrokem.cz\/wp-content\/uploads\/2026\/08\/pisek-mestska-knihovna-2048x1366.jpg 2048w, https:\/\/loudavymkrokem.cz\/wp-content\/uploads\/2026\/08\/pisek-mestska-knihovna-696x464.jpg 696w, https:\/\/loudavymkrokem.cz\/wp-content\/uploads\/2026\/08\/pisek-mestska-knihovna-1392x928.jpg 1392w, https:\/\/loudavymkrokem.cz\/wp-content\/uploads\/2026\/08\/pisek-mestska-knihovna-1920x1280.jpg 1920w\" sizes=\"(max-width: 2200px) 100vw, 2200px\" \/><button\n\t\t\tclass=\"lightbox-trigger\"\n\t\t\ttype=\"button\"\n\t\t\taria-haspopup=\"dialog\"\n\t\t\tdata-wp-bind--aria-label=\"state.thisImage.triggerButtonAriaLabel\"\n\t\t\tdata-wp-init=\"callbacks.initTriggerButton\"\n\t\t\tdata-wp-on--click=\"actions.showLightbox\"\n\t\t\tdata-wp-style--right=\"state.thisImage.buttonRight\"\n\t\t\tdata-wp-style--top=\"state.thisImage.buttonTop\"\n\t\t>\n\t\t\t<svg xmlns=\"http:\/\/www.w3.org\/2000\/svg\" width=\"12\" height=\"12\" fill=\"none\" viewBox=\"0 0 12 12\">\n\t\t\t\t<path fill=\"#fff\" d=\"M2 0a2 2 0 0 0-2 2v2h1.5V2a.5.5 0 0 1 .5-.5h2V0H2Zm2 10.5H2a.5.5 0 0 1-.5-.5V8H0v2a2 2 0 0 0 2 2h2v-1.5ZM8 12v-1.5h2a.5.5 0 0 0 .5-.5V8H12v2a2 2 0 0 1-2 2H8Zm2-12a2 2 0 0 1 2 2v2h-1.5V2a.5.5 0 0 0-.5-.5H8V0h2Z\" \/>\n\t\t\t<\/svg>\n\t\t<\/button><\/figure>\n\n\n\n<p class=\"wp-block-paragraph\">Het <strong>empire-gebouw<\/strong> op Al\u0161ovo n\u00e1m\u011bst\u00ed, waarin de stadsbibliotheek is gevestigd, is op zichzelf al een architectonisch juweeltje. Vroeger was het de J.A. Comenius-school. Monumentenzorg ontdekte en redde hier bij de renovatie zelfs waardevolle schilderingen uit de 19e eeuw. Tegenwoordig is het een architectonisch geslaagde, lichte en moderne openbare ruimte met een ontspannende gemeenschappelijke tuin.<\/p>\n\n\n\n<p class=\"wp-block-paragraph\">Maar vooral op de begane grond van de bibliotheek zit <strong>caf\u00e9 Upekla<\/strong> met huisgebakken brood, taart en gebak (ze hebben ook glutenvrije desserts) en een terras bij de fontein. Bij Upekla hoort ook een binnenplaats met een <strong>zandbak en een behoorlijk grote ruimte<\/strong> waar de kinderen zich kunnen uitleven terwijl jij je koffie opdrinkt. Die combinatie, een caf\u00e9 in het historische bibliotheekgebouw op het plein, is gewoon fijn. De ideale plek voor een pauze tussen het bezichtigen van de stad door.<\/p>\n\n\n\n<h3 class=\"wp-block-heading\"><span class=\"ez-toc-section\" id=\"14_Het_politiebureau_voormalige_bibliotheek\"><\/span>14. Het politiebureau (voormalige bibliotheek)<span class=\"ez-toc-section-end\"><\/span><\/h3>\n\n\n\n<p class=\"wp-block-paragraph\">De gebouwen in de historische kern van P\u00edsek leiden hun eigen leven en veranderen van bestemming, en dit <strong>enorme huis op Al\u0161ovo n\u00e1m\u011bst\u00ed nr. 85<\/strong> is daar een schoolvoorbeeld van. Vroeger kwam je hier voor de rust en om boeken te lenen, want hier zetelde decennialang de populaire stadsbibliotheek (voorheen districtsbibliotheek). Nadat de bibliotheek verhuisde naar de nieuwe en modernere ruimtes van de gerenoveerde J.A. Comenius-school, bleef het gebouw niet leeg. Momenteel wordt het geleidelijk aangepast tot het nieuwe hoofdkwartier en het moderne bureau van de gemeentepolitie van P\u00edsek.<\/p>\n\n\n\n<h3 class=\"wp-block-heading\"><span class=\"ez-toc-section\" id=\"15_Beeld_van_Sint-Florianus\"><\/span>15. Beeld van Sint-Florianus<span class=\"ez-toc-section-end\"><\/span><\/h3>\n\n\n\n<p class=\"wp-block-paragraph\">Op het <strong>Havl\u00ed\u010dek-plein<\/strong>, dat alle locals gewoon <strong>&#8220;na Flori\u00e1n\u011b&#8221;<\/strong> noemen, staat het beeld van <strong>Sint-Florianus<\/strong>, de patroon van de brandweer. Dat pleintje is klein, rustiger en ligt een beetje afgelegen. Bovendien vind je hier goede tweedehandswinkels.<\/p>\n\n\n\n<h3 class=\"wp-block-heading\"><span class=\"ez-toc-section\" id=\"16_Palackeho-park\"><\/span>16. Palack\u00e9ho-park<span class=\"ez-toc-section-end\"><\/span><\/h3>\n\n\n\n<figure data-wp-context=\"{&quot;imageId&quot;:&quot;6a9523938f92c&quot;}\" data-wp-interactive=\"core\/image\" data-wp-key=\"6a9523938f92c\" class=\"wp-block-image size-full wp-lightbox-container\"><img decoding=\"async\" width=\"1200\" height=\"800\" data-wp-class--hide=\"state.isContentHidden\" data-wp-class--show=\"state.isContentVisible\" data-wp-init=\"callbacks.setButtonStyles\" data-wp-on--click=\"actions.showLightbox\" data-wp-on--load=\"callbacks.setButtonStyles\" data-wp-on--pointerdown=\"actions.preloadImage\" data-wp-on--pointerenter=\"actions.preloadImageWithDelay\" data-wp-on--pointerleave=\"actions.cancelPreload\" data-wp-on-window--resize=\"callbacks.setButtonStyles\" src=\"https:\/\/loudavymkrokem.cz\/wp-content\/uploads\/2026\/08\/palackeho-sady-pisek-jaro.jpg\" alt=\"Palack\u00e9ho-park in P\u00edsek in de lente met het monument van Franti\u0161ek Palack\u00fd\" class=\"wp-image-399648\" title=\"\" srcset=\"https:\/\/loudavymkrokem.cz\/wp-content\/uploads\/2026\/08\/palackeho-sady-pisek-jaro.jpg 1200w, https:\/\/loudavymkrokem.cz\/wp-content\/uploads\/2026\/08\/palackeho-sady-pisek-jaro-300x200.jpg 300w, https:\/\/loudavymkrokem.cz\/wp-content\/uploads\/2026\/08\/palackeho-sady-pisek-jaro-700x467.jpg 700w, https:\/\/loudavymkrokem.cz\/wp-content\/uploads\/2026\/08\/palackeho-sady-pisek-jaro-768x512.jpg 768w, https:\/\/loudavymkrokem.cz\/wp-content\/uploads\/2026\/08\/palackeho-sady-pisek-jaro-696x464.jpg 696w\" sizes=\"(max-width: 1200px) 100vw, 1200px\" \/><button\n\t\t\tclass=\"lightbox-trigger\"\n\t\t\ttype=\"button\"\n\t\t\taria-haspopup=\"dialog\"\n\t\t\tdata-wp-bind--aria-label=\"state.thisImage.triggerButtonAriaLabel\"\n\t\t\tdata-wp-init=\"callbacks.initTriggerButton\"\n\t\t\tdata-wp-on--click=\"actions.showLightbox\"\n\t\t\tdata-wp-style--right=\"state.thisImage.buttonRight\"\n\t\t\tdata-wp-style--top=\"state.thisImage.buttonTop\"\n\t\t>\n\t\t\t<svg xmlns=\"http:\/\/www.w3.org\/2000\/svg\" width=\"12\" height=\"12\" fill=\"none\" viewBox=\"0 0 12 12\">\n\t\t\t\t<path fill=\"#fff\" d=\"M2 0a2 2 0 0 0-2 2v2h1.5V2a.5.5 0 0 1 .5-.5h2V0H2Zm2 10.5H2a.5.5 0 0 1-.5-.5V8H0v2a2 2 0 0 0 2 2h2v-1.5ZM8 12v-1.5h2a.5.5 0 0 0 .5-.5V8H12v2a2 2 0 0 1-2 2H8Zm2-12a2 2 0 0 1 2 2v2h-1.5V2a.5.5 0 0 0-.5-.5H8V0h2Z\" \/>\n\t\t\t<\/svg>\n\t\t<\/button><\/figure>\n\n\n\n<p class=\"wp-block-paragraph\">Het Palack\u00e9ho-park ontstond op de plek van de <strong>voormalige vestinggrachten<\/strong> en is tegenwoordig een van de aangenaamste plekken van heel P\u00edsek. Schaduwrijke bomen, verzorgde paadjes, bankjes met uitzicht, en vooral \u2013 hier zitten twee fantastische caf\u00e9s.<\/p>\n\n\n\n<p class=\"wp-block-paragraph\"><strong>Do Nebe<\/strong> is precies zo mooi als de naam (&#8220;naar de hemel&#8221;) doet vermoeden, ook al is het caf\u00e9 inmiddels een steakhouse geworden. Het is nog steeds volledig glutenvrij, wat elke coeliakiepati\u00ebnt waardeert. Stijlvol interieur, uitstekende koffie, in de zomer een terras onder de bomen. En een klein stukje verderop <strong>Park Caf\u00e9<\/strong>, dat wat moderner is en geweldige wafels heeft. En dan is er nog het befaamde <strong>restaurant U Reiner\u016f<\/strong> uit 1844. Om echt eerlijk te zijn is de glorietijd waarschijnlijk voorbij, maar kom hier in ieder geval voor een getapt Plze\u0148-bier (het eten zou ik overslaan) en een flinke dosis geschiedenis.<\/p>\n\n\n\n<p class=\"wp-block-paragraph\">Het Palack\u00e9ho-park is ook de plek waar in de zomer concerten en culturele evenementen plaatsvinden, waar wordt hardgelopen, honden worden uitgelaten en waar P\u00edsek gewoon leeft. Heb je maar een half uur extra op je programma, wandel er dan doorheen. Het is de moeite waard.<\/p>\n\n\n\n<h3 class=\"wp-block-heading\"><span class=\"ez-toc-section\" id=\"17_Schrenk-paviljoen\"><\/span>17. Schrenk-paviljoen<span class=\"ez-toc-section-end\"><\/span><\/h3>\n\n\n\n<p class=\"wp-block-paragraph\">Op het eerste gezicht een romantisch classicistisch paviljoentje, midden in het Palack\u00e9ho-park geplaatst, uit 1841. Het draagt de naam van de toenmalige districtsprefect. Interessant is dat er, hoewel het voornaam oogt, vroeger ook theater- en muziekprogramma&#8217;s werden opgevoerd.<\/p>\n\n\n\n<h3 class=\"wp-block-heading\"><span class=\"ez-toc-section\" id=\"18_Neptunusfontein\"><\/span>18. Neptunusfontein<span class=\"ez-toc-section-end\"><\/span><\/h3>\n\n\n\n<p class=\"wp-block-paragraph\">Het beeld van Neptunus is afkomstig van een <strong>barokke fontein uit 1771<\/strong>, die oorspronkelijk <strong>op het Grote Plein<\/strong> stond. De fontein werd begin 20e eeuw verwijderd en Neptunus kreeg na jaren een nieuwe plek hier in het <strong>Palack\u00e9ho-park<\/strong>. Neptunus poseert met zijn drietand tussen de bomen en soms bedenk ik me of hij het hier meer naar zijn zin heeft dan op het drukke plein. Waarschijnlijk wel, in het park is het rustig en klatert het water aangenaam in de fontein.<\/p>\n\n\n\n<h3 class=\"wp-block-heading\"><span class=\"ez-toc-section\" id=\"19_Monument_voor_Adolf_Heyduk_en_Frantisek_Palacky\"><\/span>19. Monument voor Adolf Heyduk en Franti\u0161ek Palack\u00fd<span class=\"ez-toc-section-end\"><\/span><\/h3>\n\n\n\n<p class=\"wp-block-paragraph\">In het Palack\u00e9ho-park vind je monumenten voor twee belangrijke persoonlijkheden, en ik wil vooral bij de eerste stilstaan. <strong>Adolf Heyduk<\/strong> was een dichter die ruim <strong>60 jaar<\/strong> in P\u00edsek woonde, hier trouwde (zijn vrouw was de dochter van de familie Reiner \u2013 ja, die van restaurant U Reiner\u016f) en hier een groot deel van zijn werk schreef. Hij was zo&#8217;n stille patriot, hield van P\u00edsek en Zuid-Bohemen en verwerkte dat helemaal in zijn po\u00ebzie.<\/p>\n\n\n\n<p class=\"wp-block-paragraph\">Het monument voor <strong>Franti\u0161ek Palack\u00fd<\/strong>, de vader van de natie en historicus, herinnert er dan aan dat ook P\u00edsek zijn rol speelde in de Tsjechische nationale wedergeboorte. Beide monumenten staan in de prachtige omgeving van het park, een ideale halte op je wandeling.<\/p>\n\n\n\n<h3 class=\"wp-block-heading\"><span class=\"ez-toc-section\" id=\"20_Het_huis_van_Adolf_Heyduk\"><\/span>20. Het huis van Adolf Heyduk<span class=\"ez-toc-section-end\"><\/span><\/h3>\n\n\n\n<figure data-wp-context=\"{&quot;imageId&quot;:&quot;6a95239390074&quot;}\" data-wp-interactive=\"core\/image\" data-wp-key=\"6a95239390074\" class=\"wp-block-image size-full wp-lightbox-container\"><img decoding=\"async\" width=\"1200\" height=\"800\" data-wp-class--hide=\"state.isContentHidden\" data-wp-class--show=\"state.isContentVisible\" data-wp-init=\"callbacks.setButtonStyles\" data-wp-on--click=\"actions.showLightbox\" data-wp-on--load=\"callbacks.setButtonStyles\" data-wp-on--pointerdown=\"actions.preloadImage\" data-wp-on--pointerenter=\"actions.preloadImageWithDelay\" data-wp-on--pointerleave=\"actions.cancelPreload\" data-wp-on-window--resize=\"callbacks.setButtonStyles\" src=\"https:\/\/loudavymkrokem.cz\/wp-content\/uploads\/2026\/08\/pamatnik-adolfa-heyduka-interier.jpg\" alt=\"Historische salon in het Adolf Heyduk-monument in P\u00edsek\" class=\"wp-image-399662\" title=\"\" srcset=\"https:\/\/loudavymkrokem.cz\/wp-content\/uploads\/2026\/08\/pamatnik-adolfa-heyduka-interier.jpg 1200w, https:\/\/loudavymkrokem.cz\/wp-content\/uploads\/2026\/08\/pamatnik-adolfa-heyduka-interier-300x200.jpg 300w, https:\/\/loudavymkrokem.cz\/wp-content\/uploads\/2026\/08\/pamatnik-adolfa-heyduka-interier-700x467.jpg 700w, https:\/\/loudavymkrokem.cz\/wp-content\/uploads\/2026\/08\/pamatnik-adolfa-heyduka-interier-768x512.jpg 768w, https:\/\/loudavymkrokem.cz\/wp-content\/uploads\/2026\/08\/pamatnik-adolfa-heyduka-interier-696x464.jpg 696w\" sizes=\"(max-width: 1200px) 100vw, 1200px\" \/><button\n\t\t\tclass=\"lightbox-trigger\"\n\t\t\ttype=\"button\"\n\t\t\taria-haspopup=\"dialog\"\n\t\t\tdata-wp-bind--aria-label=\"state.thisImage.triggerButtonAriaLabel\"\n\t\t\tdata-wp-init=\"callbacks.initTriggerButton\"\n\t\t\tdata-wp-on--click=\"actions.showLightbox\"\n\t\t\tdata-wp-style--right=\"state.thisImage.buttonRight\"\n\t\t\tdata-wp-style--top=\"state.thisImage.buttonTop\"\n\t\t>\n\t\t\t<svg xmlns=\"http:\/\/www.w3.org\/2000\/svg\" width=\"12\" height=\"12\" fill=\"none\" viewBox=\"0 0 12 12\">\n\t\t\t\t<path fill=\"#fff\" d=\"M2 0a2 2 0 0 0-2 2v2h1.5V2a.5.5 0 0 1 .5-.5h2V0H2Zm2 10.5H2a.5.5 0 0 1-.5-.5V8H0v2a2 2 0 0 0 2 2h2v-1.5ZM8 12v-1.5h2a.5.5 0 0 0 .5-.5V8H12v2a2 2 0 0 1-2 2H8Zm2-12a2 2 0 0 1 2 2v2h-1.5V2a.5.5 0 0 0-.5-.5H8V0h2Z\" \/>\n\t\t\t<\/svg>\n\t\t<\/button><\/figure>\n\n\n\n<p class=\"wp-block-paragraph\">En van het monument meteen naar het huis. In de <strong>Tyr\u0161-straat<\/strong> staat de villa waar Adolf Heyduk woonde, en het is nog een architectonisch pareltje. Ze werd ontworpen door architect <strong>Jan Koula<\/strong> in <strong>1900<\/strong> in de stijl van de <strong>Tsjechische neorenaissance<\/strong>, en wat er uniek aan is: ze heeft grotendeels een <strong>bewaard gebleven origineel interieur<\/strong>. Dat is een zeldzaamheid in Tsjechi\u00eb, de meeste vergelijkbare huizen zijn zo vaak verbouwd dat er van het origineel niets meer over is.<\/p>\n\n\n\n<p class=\"wp-block-paragraph\">Van buiten vallen de sgraffiti, de versierde gevelspitsen en het algehele gevoel op dat het huis gebouwd werd door iemand die op elk detail lette. Als je ge\u00efnteresseerd bent in architectuur van rond de eeuwwisseling van de 19e en 20e eeuw, is dit een verplichte halte. Let wel op: het monument is heel 2026 gesloten wegens renovatie, dus bewaar de rondleiding door de interieurs voor het volgende seizoen.<\/p>\n\n\n\n<h3 class=\"wp-block-heading\"><span class=\"ez-toc-section\" id=\"21_Kronberger-paviljoen\"><\/span>21. Kronberger-paviljoen<span class=\"ez-toc-section-end\"><\/span><\/h3>\n\n\n\n<p class=\"wp-block-paragraph\">Dit is zo&#8217;n verborgen pareltje waar veel mensen niet eens van weten. Een empire-bouwwerkje uit 1840, direct in de zwingermuur geplaatst. Het werd gebouwd in opdracht van kapelaan Kronberger, die waarschijnlijk gewoon een mooie plek wilde om te lezen en te mijmeren, en wie kan hem dat kwalijk nemen. Tegenwoordig zetelt hier de filatelistenclub, wat op zichzelf een beetje po\u00ebtisch is. Een piepklein paviljoentje vol piepkleine postzegels.<\/p>\n\n\n\n<h3 class=\"wp-block-heading\"><span class=\"ez-toc-section\" id=\"22_Hotel_Otava\"><\/span>22. Hotel Otava<span class=\"ez-toc-section-end\"><\/span><\/h3>\n\n\n\n<figure data-wp-context=\"{&quot;imageId&quot;:&quot;6a952393905d4&quot;}\" data-wp-interactive=\"core\/image\" data-wp-key=\"6a952393905d4\" class=\"wp-block-image size-full wp-lightbox-container\"><img decoding=\"async\" width=\"2200\" height=\"1467\" data-wp-class--hide=\"state.isContentHidden\" data-wp-class--show=\"state.isContentVisible\" data-wp-init=\"callbacks.setButtonStyles\" data-wp-on--click=\"actions.showLightbox\" data-wp-on--load=\"callbacks.setButtonStyles\" data-wp-on--pointerdown=\"actions.preloadImage\" data-wp-on--pointerenter=\"actions.preloadImageWithDelay\" data-wp-on--pointerleave=\"actions.cancelPreload\" data-wp-on-window--resize=\"callbacks.setButtonStyles\" src=\"https:\/\/loudavymkrokem.cz\/wp-content\/uploads\/2026\/08\/pisek-hotel-otava-alsovy-malby.jpg\" alt=\"Hotel Otava in P\u00edsek met schilderingen naar ontwerpen van Mikol\u00e1\u0161 Ale\u0161\" class=\"wp-image-399363\" title=\"\" srcset=\"https:\/\/loudavymkrokem.cz\/wp-content\/uploads\/2026\/08\/pisek-hotel-otava-alsovy-malby.jpg 2200w, https:\/\/loudavymkrokem.cz\/wp-content\/uploads\/2026\/08\/pisek-hotel-otava-alsovy-malby-300x200.jpg 300w, https:\/\/loudavymkrokem.cz\/wp-content\/uploads\/2026\/08\/pisek-hotel-otava-alsovy-malby-700x467.jpg 700w, https:\/\/loudavymkrokem.cz\/wp-content\/uploads\/2026\/08\/pisek-hotel-otava-alsovy-malby-768x512.jpg 768w, https:\/\/loudavymkrokem.cz\/wp-content\/uploads\/2026\/08\/pisek-hotel-otava-alsovy-malby-1536x1024.jpg 1536w, https:\/\/loudavymkrokem.cz\/wp-content\/uploads\/2026\/08\/pisek-hotel-otava-alsovy-malby-2048x1366.jpg 2048w, https:\/\/loudavymkrokem.cz\/wp-content\/uploads\/2026\/08\/pisek-hotel-otava-alsovy-malby-696x464.jpg 696w, https:\/\/loudavymkrokem.cz\/wp-content\/uploads\/2026\/08\/pisek-hotel-otava-alsovy-malby-1392x928.jpg 1392w, https:\/\/loudavymkrokem.cz\/wp-content\/uploads\/2026\/08\/pisek-hotel-otava-alsovy-malby-1920x1280.jpg 1920w\" sizes=\"(max-width: 2200px) 100vw, 2200px\" \/><button\n\t\t\tclass=\"lightbox-trigger\"\n\t\t\ttype=\"button\"\n\t\t\taria-haspopup=\"dialog\"\n\t\t\tdata-wp-bind--aria-label=\"state.thisImage.triggerButtonAriaLabel\"\n\t\t\tdata-wp-init=\"callbacks.initTriggerButton\"\n\t\t\tdata-wp-on--click=\"actions.showLightbox\"\n\t\t\tdata-wp-style--right=\"state.thisImage.buttonRight\"\n\t\t\tdata-wp-style--top=\"state.thisImage.buttonTop\"\n\t\t>\n\t\t\t<svg xmlns=\"http:\/\/www.w3.org\/2000\/svg\" width=\"12\" height=\"12\" fill=\"none\" viewBox=\"0 0 12 12\">\n\t\t\t\t<path fill=\"#fff\" d=\"M2 0a2 2 0 0 0-2 2v2h1.5V2a.5.5 0 0 1 .5-.5h2V0H2Zm2 10.5H2a.5.5 0 0 1-.5-.5V8H0v2a2 2 0 0 0 2 2h2v-1.5ZM8 12v-1.5h2a.5.5 0 0 0 .5-.5V8H12v2a2 2 0 0 1-2 2H8Zm2-12a2 2 0 0 1 2 2v2h-1.5V2a.5.5 0 0 0-.5-.5H8V0h2Z\" \/>\n\t\t\t<\/svg>\n\t\t<\/button><\/figure>\n\n\n\n<p class=\"wp-block-paragraph\">Een neorenaissance-juweel met jugendstil-elementen uit het einde van de 19e eeuw, gebouwd in opdracht van apotheker Dvo\u0159\u00e1\u010dek. Maar let op, bekijk die gevels eens goed! De schilderingen werden gemaakt door Josef Bos\u00e1\u010dek naar ontwerpen van Mikol\u00e1\u0161 Ale\u0161, al tijdens de bouw van het hotel. Ale\u0161s spoor is overal in P\u00edsek te vinden, maar hier is het bijzonder zichtbaar. Het hotel heeft de nodige omzwervingen gekend, maar de gevel maakt nog steeds veel indruk.<\/p>\n\n\n\n<p class=\"wp-block-paragraph\">En nu het nieuwtje waarvoor het de moeite waard is ook naar binnen te gaan. Na de renovatie opende op de begane grond <strong>Caf\u00e9 Otava<\/strong> (Komensk\u00e9ho 56\/1), een restaurant met caf\u00e9 en wijnbar <strong>in de stijl van de Eerste Republiek<\/strong>, wat dit historische gebouw het allerbeste staat. Ze zijn dagelijks open, op weekdagen al vanaf 7:30 uur voor ontbijt, de lunchmenu wordt geserveerd van 11 tot 15 uur en &#8217;s avonds wordt de zaak een wijnbar met eigen vinotheek.<\/p>\n\n\n\n<p class=\"wp-block-paragraph\">Vegetari\u00ebrs blijven hier niet hongerig: op de kaart staat bijvoorbeeld <strong>paddenstoelenrisotto met parmezaan of gefrituurde bloemkool voor \u20ac 8<\/strong>, salade met gegrilde geitenkaas voor \u20ac 10 en pompoensoep voor \u20ac 2,50, met daarbij huisgemaakte desserts van de eigen banketbakster. \ud83d\udca1 <strong>Tip:<\/strong> Ga bij het raam zitten, ga daarna naar buiten en kijk nog eens omhoog naar de Ale\u0161-schilderingen, met koffie in de hand is dat een heel andere beleving.<\/p>\n\n\n\n<h3 class=\"wp-block-heading\"><span class=\"ez-toc-section\" id=\"23_De_synagoge\"><\/span>23. De synagoge<span class=\"ez-toc-section-end\"><\/span><\/h3>\n\n\n\n<figure data-wp-context=\"{&quot;imageId&quot;:&quot;6a95239390a70&quot;}\" data-wp-interactive=\"core\/image\" data-wp-key=\"6a95239390a70\" class=\"wp-block-image size-full wp-lightbox-container\"><img decoding=\"async\" width=\"1200\" height=\"800\" data-wp-class--hide=\"state.isContentHidden\" data-wp-class--show=\"state.isContentVisible\" data-wp-init=\"callbacks.setButtonStyles\" data-wp-on--click=\"actions.showLightbox\" data-wp-on--load=\"callbacks.setButtonStyles\" data-wp-on--pointerdown=\"actions.preloadImage\" data-wp-on--pointerenter=\"actions.preloadImageWithDelay\" data-wp-on--pointerleave=\"actions.cancelPreload\" data-wp-on-window--resize=\"callbacks.setButtonStyles\" src=\"https:\/\/loudavymkrokem.cz\/wp-content\/uploads\/2026\/08\/synagoga-pisek-soukenicka.jpg\" alt=\"Synagoge in de Soukenick\u00e1-straat in P\u00edsek\" class=\"wp-image-399654\" title=\"\" srcset=\"https:\/\/loudavymkrokem.cz\/wp-content\/uploads\/2026\/08\/synagoga-pisek-soukenicka.jpg 1200w, https:\/\/loudavymkrokem.cz\/wp-content\/uploads\/2026\/08\/synagoga-pisek-soukenicka-300x200.jpg 300w, https:\/\/loudavymkrokem.cz\/wp-content\/uploads\/2026\/08\/synagoga-pisek-soukenicka-700x467.jpg 700w, https:\/\/loudavymkrokem.cz\/wp-content\/uploads\/2026\/08\/synagoga-pisek-soukenicka-768x512.jpg 768w, https:\/\/loudavymkrokem.cz\/wp-content\/uploads\/2026\/08\/synagoga-pisek-soukenicka-696x464.jpg 696w\" sizes=\"(max-width: 1200px) 100vw, 1200px\" \/><button\n\t\t\tclass=\"lightbox-trigger\"\n\t\t\ttype=\"button\"\n\t\t\taria-haspopup=\"dialog\"\n\t\t\tdata-wp-bind--aria-label=\"state.thisImage.triggerButtonAriaLabel\"\n\t\t\tdata-wp-init=\"callbacks.initTriggerButton\"\n\t\t\tdata-wp-on--click=\"actions.showLightbox\"\n\t\t\tdata-wp-style--right=\"state.thisImage.buttonRight\"\n\t\t\tdata-wp-style--top=\"state.thisImage.buttonTop\"\n\t\t>\n\t\t\t<svg xmlns=\"http:\/\/www.w3.org\/2000\/svg\" width=\"12\" height=\"12\" fill=\"none\" viewBox=\"0 0 12 12\">\n\t\t\t\t<path fill=\"#fff\" d=\"M2 0a2 2 0 0 0-2 2v2h1.5V2a.5.5 0 0 1 .5-.5h2V0H2Zm2 10.5H2a.5.5 0 0 1-.5-.5V8H0v2a2 2 0 0 0 2 2h2v-1.5ZM8 12v-1.5h2a.5.5 0 0 0 .5-.5V8H12v2a2 2 0 0 1-2 2H8Zm2-12a2 2 0 0 1 2 2v2h-1.5V2a.5.5 0 0 0-.5-.5H8V0h2Z\" \/>\n\t\t\t<\/svg>\n\t\t<\/button><\/figure>\n\n\n\n<p class=\"wp-block-paragraph\">In de Soukenick\u00e1-straat staat een synagoge uit 1871. Hier hangt een triest verhaal aan vast. De diensten eindigden hier in 1938, tijdens de bezetting werd de synagoge gesloten en na de oorlog diende ze jarenlang alleen als opslag. Vandaag is het een stille, wat vergeten plek die echter een belangrijke geschiedenis draagt. Als je erlangs loopt, sta dan tenminste even stil.<\/p>\n\n\n\n<h3 class=\"wp-block-heading\"><span class=\"ez-toc-section\" id=\"24_Het_gezondheidscentrum\"><\/span>24. Het gezondheidscentrum<span class=\"ez-toc-section-end\"><\/span><\/h3>\n\n\n\n<p class=\"wp-block-paragraph\">Een neorenaissance-paleis op Al\u0161ovo n\u00e1m\u011bst\u00ed dat eruitziet alsof er bals en feestelijke recepties in gehouden zouden worden. En wat zit erin? Een gezondheidscentrum. \ud83d\ude05 Vroeger zat hier herberg U \u010cern\u00e9ho orla, dus dit gebouw heeft een interessante weg afgelegd \u2013 van dansfeesten via bier tot de tandarts. Ironie van het lot, maar je kunt tenminste naar die schoonheid kijken terwijl je wacht op een bloedafname.<\/p>\n\n\n\n<h3 class=\"wp-block-heading\"><span class=\"ez-toc-section\" id=\"25_Huis_U_Kouli_en_de_burgerhuizen\"><\/span>25. Huis U Koul\u00ed en de burgerhuizen<span class=\"ez-toc-section-end\"><\/span><\/h3>\n\n\n\n<figure data-wp-context=\"{&quot;imageId&quot;:&quot;6a95239390f08&quot;}\" data-wp-interactive=\"core\/image\" data-wp-key=\"6a95239390f08\" class=\"wp-block-image size-full wp-lightbox-container\"><img decoding=\"async\" width=\"2200\" height=\"1467\" data-wp-class--hide=\"state.isContentHidden\" data-wp-class--show=\"state.isContentVisible\" data-wp-init=\"callbacks.setButtonStyles\" data-wp-on--click=\"actions.showLightbox\" data-wp-on--load=\"callbacks.setButtonStyles\" data-wp-on--pointerdown=\"actions.preloadImage\" data-wp-on--pointerenter=\"actions.preloadImageWithDelay\" data-wp-on--pointerleave=\"actions.cancelPreload\" data-wp-on-window--resize=\"callbacks.setButtonStyles\" src=\"https:\/\/loudavymkrokem.cz\/wp-content\/uploads\/2026\/08\/pisek-dum-u-slona.jpg\" alt=\"Huis U Slona in P\u00edsek met een olifantensculptuur op de gevel\" class=\"wp-image-399368\" title=\"\" srcset=\"https:\/\/loudavymkrokem.cz\/wp-content\/uploads\/2026\/08\/pisek-dum-u-slona.jpg 2200w, https:\/\/loudavymkrokem.cz\/wp-content\/uploads\/2026\/08\/pisek-dum-u-slona-300x200.jpg 300w, https:\/\/loudavymkrokem.cz\/wp-content\/uploads\/2026\/08\/pisek-dum-u-slona-700x467.jpg 700w, https:\/\/loudavymkrokem.cz\/wp-content\/uploads\/2026\/08\/pisek-dum-u-slona-768x512.jpg 768w, https:\/\/loudavymkrokem.cz\/wp-content\/uploads\/2026\/08\/pisek-dum-u-slona-1536x1024.jpg 1536w, https:\/\/loudavymkrokem.cz\/wp-content\/uploads\/2026\/08\/pisek-dum-u-slona-2048x1366.jpg 2048w, https:\/\/loudavymkrokem.cz\/wp-content\/uploads\/2026\/08\/pisek-dum-u-slona-696x464.jpg 696w, https:\/\/loudavymkrokem.cz\/wp-content\/uploads\/2026\/08\/pisek-dum-u-slona-1392x928.jpg 1392w, https:\/\/loudavymkrokem.cz\/wp-content\/uploads\/2026\/08\/pisek-dum-u-slona-1920x1280.jpg 1920w\" sizes=\"(max-width: 2200px) 100vw, 2200px\" \/><button\n\t\t\tclass=\"lightbox-trigger\"\n\t\t\ttype=\"button\"\n\t\t\taria-haspopup=\"dialog\"\n\t\t\tdata-wp-bind--aria-label=\"state.thisImage.triggerButtonAriaLabel\"\n\t\t\tdata-wp-init=\"callbacks.initTriggerButton\"\n\t\t\tdata-wp-on--click=\"actions.showLightbox\"\n\t\t\tdata-wp-style--right=\"state.thisImage.buttonRight\"\n\t\t\tdata-wp-style--top=\"state.thisImage.buttonTop\"\n\t\t>\n\t\t\t<svg xmlns=\"http:\/\/www.w3.org\/2000\/svg\" width=\"12\" height=\"12\" fill=\"none\" viewBox=\"0 0 12 12\">\n\t\t\t\t<path fill=\"#fff\" d=\"M2 0a2 2 0 0 0-2 2v2h1.5V2a.5.5 0 0 1 .5-.5h2V0H2Zm2 10.5H2a.5.5 0 0 1-.5-.5V8H0v2a2 2 0 0 0 2 2h2v-1.5ZM8 12v-1.5h2a.5.5 0 0 0 .5-.5V8H12v2a2 2 0 0 1-2 2H8Zm2-12a2 2 0 0 1 2 2v2h-1.5V2a.5.5 0 0 0-.5-.5H8V0h2Z\" \/>\n\t\t\t<\/svg>\n\t\t<\/button><\/figure>\n\n\n\n<p class=\"wp-block-paragraph\">Dit huis herken je gemakkelijk. Er zitten kanonskogels in de gevel gemetseld. Het is geen decoratie, maar een authentieke herinnering aan oorlogstijden. De renaissance-sgraffiti op de gevel zijn prachtig, en als bonus \u2013 hier woonde dichter Fr\u00e1\u0148a \u0160r\u00e1mek.<\/p>\n\n\n\n<p class=\"wp-block-paragraph\">Maar P\u00edsek zit sowieso vol met prachtige burgerhuizen die aandacht verdienen. <strong>Huis U Slona<\/strong>, <strong>U Ber\u00e1nka<\/strong>, <strong>Drl\u00ed\u010dov<\/strong>, <strong>Chel\u010dick\u00e9ho 4<\/strong>, <strong>U Matky Bo\u017e\u00ed<\/strong> \u2013 elk heeft zijn eigen verhaal, zijn eigen versiering, zijn eigen karakter. Ik raad je aan gewoon je ogen op te tillen van de stoep en omhoog te kijken. P\u00edsek beloont wie goed kijkt.<\/p>\n\n\n\n<h3 class=\"wp-block-heading\"><span class=\"ez-toc-section\" id=\"26_De_nieuwe_brug\"><\/span>26. De nieuwe brug<span class=\"ez-toc-section-end\"><\/span><\/h3>\n\n\n\n<p class=\"wp-block-paragraph\">Een brug gebouwd tijdens de Tweede Wereldoorlog, wat oninteressant zou kunnen klinken, maar het is eigenlijk een architectonisch monument. Strak, functioneel ontwerp, een elegante boog over de Otava. Hij staat een beetje in de schaduw van zijn beroemdere stenen buurman, maar ik noem hem toch.<\/p>\n\n\n\n<h3 class=\"wp-block-heading\"><span class=\"ez-toc-section\" id=\"27_Sokolovna\"><\/span>27. Sokolovna<span class=\"ez-toc-section-end\"><\/span><\/h3>\n\n\n\n<p class=\"wp-block-paragraph\">In de Tyr\u0161-straat staat sinds 1895 de Sokolovna met rijke stucversiering. Het was een centrum van patriottisme en verenigingsleven: hier werd geturnd, gezongen, gedebatteerd en de nationale identiteit opgebouwd. De Sokol-gymnastiek wordt er tot op de dag van vandaag beoefend.<\/p>\n\n\n\n<h3 class=\"wp-block-heading\"><span class=\"ez-toc-section\" id=\"28_Het_oude_postkantoor\"><\/span>28. Het oude postkantoor<span class=\"ez-toc-section-end\"><\/span><\/h3>\n\n\n\n<p class=\"wp-block-paragraph\">Gregor-straat, huisnummer 125. Het oude postkantoor herinnert nog aan de tijd van de postkoetsen. Stel je voor hoe hier paardenwagens aankwamen met brieven, pakketten en soms ook stoffige reizigers. In een tijd waarin e-mail betekende dat een duif je bericht sneller bracht dan normaal.<\/p>\n\n\n\n<h3 class=\"wp-block-heading\"><span class=\"ez-toc-section\" id=\"29_Raab-villa\"><\/span>29. Raab-villa<span class=\"ez-toc-section-end\"><\/span><\/h3>\n\n\n\n<p class=\"wp-block-paragraph\">En nu iets wat me blijft fascineren. <strong>De Raab-villa is het eerste zelfstandige bouwwerk dat architect Du\u0161an Jurkovi\u010d ontwierp.<\/strong> Het jaar 1901. Ze werd gebouwd in opdracht van fabrikant Adolf Raab en is een prachtige mix van Slowaakse en Zwitserse volksarchitectuur. Houten elementen, romantische details, alles perfect doordacht.<\/p>\n\n\n\n<p class=\"wp-block-paragraph\">Je vindt haar op de kruising van de T\u00e1bor- en de Sedl\u00e1\u010dek-straat. Het is ongelooflijk dat dit juweel juist hier in P\u00edsek staat. Jurkovi\u010d bouwde daarna in heel Tsjechi\u00eb en Slowakije, maar hij begon bij ons. Als geboren local kan ik daar niet anders dan trots op zijn. \u263a\ufe0f<\/p>\n\n\n\n<h3 class=\"wp-block-heading\"><span class=\"ez-toc-section\" id=\"30_Monument_voor_de_gevallenen_bij_Melegnano_en_Solferino\"><\/span>30. Monument voor de gevallenen bij Melegnano en Solferino<span class=\"ez-toc-section-end\"><\/span><\/h3>\n\n\n\n<figure data-wp-context=\"{&quot;imageId&quot;:&quot;6a95239391544&quot;}\" data-wp-interactive=\"core\/image\" data-wp-key=\"6a95239391544\" class=\"wp-block-image size-full wp-lightbox-container\"><img decoding=\"async\" width=\"2200\" height=\"1467\" data-wp-class--hide=\"state.isContentHidden\" data-wp-class--show=\"state.isContentVisible\" data-wp-init=\"callbacks.setButtonStyles\" data-wp-on--click=\"actions.showLightbox\" data-wp-on--load=\"callbacks.setButtonStyles\" data-wp-on--pointerdown=\"actions.preloadImage\" data-wp-on--pointerenter=\"actions.preloadImageWithDelay\" data-wp-on--pointerleave=\"actions.cancelPreload\" data-wp-on-window--resize=\"callbacks.setButtonStyles\" src=\"https:\/\/loudavymkrokem.cz\/wp-content\/uploads\/2026\/08\/pisek-pomnik-melegnano-solferino.jpg\" alt=\"Monument voor de gevallenen bij Melegnano en Solferino in P\u00edsek\" class=\"wp-image-399375\" title=\"\" srcset=\"https:\/\/loudavymkrokem.cz\/wp-content\/uploads\/2026\/08\/pisek-pomnik-melegnano-solferino.jpg 2200w, https:\/\/loudavymkrokem.cz\/wp-content\/uploads\/2026\/08\/pisek-pomnik-melegnano-solferino-300x200.jpg 300w, https:\/\/loudavymkrokem.cz\/wp-content\/uploads\/2026\/08\/pisek-pomnik-melegnano-solferino-700x467.jpg 700w, https:\/\/loudavymkrokem.cz\/wp-content\/uploads\/2026\/08\/pisek-pomnik-melegnano-solferino-768x512.jpg 768w, https:\/\/loudavymkrokem.cz\/wp-content\/uploads\/2026\/08\/pisek-pomnik-melegnano-solferino-1536x1024.jpg 1536w, https:\/\/loudavymkrokem.cz\/wp-content\/uploads\/2026\/08\/pisek-pomnik-melegnano-solferino-2048x1366.jpg 2048w, https:\/\/loudavymkrokem.cz\/wp-content\/uploads\/2026\/08\/pisek-pomnik-melegnano-solferino-696x464.jpg 696w, https:\/\/loudavymkrokem.cz\/wp-content\/uploads\/2026\/08\/pisek-pomnik-melegnano-solferino-1392x928.jpg 1392w, https:\/\/loudavymkrokem.cz\/wp-content\/uploads\/2026\/08\/pisek-pomnik-melegnano-solferino-1920x1280.jpg 1920w\" sizes=\"(max-width: 2200px) 100vw, 2200px\" \/><button\n\t\t\tclass=\"lightbox-trigger\"\n\t\t\ttype=\"button\"\n\t\t\taria-haspopup=\"dialog\"\n\t\t\tdata-wp-bind--aria-label=\"state.thisImage.triggerButtonAriaLabel\"\n\t\t\tdata-wp-init=\"callbacks.initTriggerButton\"\n\t\t\tdata-wp-on--click=\"actions.showLightbox\"\n\t\t\tdata-wp-style--right=\"state.thisImage.buttonRight\"\n\t\t\tdata-wp-style--top=\"state.thisImage.buttonTop\"\n\t\t>\n\t\t\t<svg xmlns=\"http:\/\/www.w3.org\/2000\/svg\" width=\"12\" height=\"12\" fill=\"none\" viewBox=\"0 0 12 12\">\n\t\t\t\t<path fill=\"#fff\" d=\"M2 0a2 2 0 0 0-2 2v2h1.5V2a.5.5 0 0 1 .5-.5h2V0H2Zm2 10.5H2a.5.5 0 0 1-.5-.5V8H0v2a2 2 0 0 0 2 2h2v-1.5ZM8 12v-1.5h2a.5.5 0 0 0 .5-.5V8H12v2a2 2 0 0 1-2 2H8Zm2-12a2 2 0 0 1 2 2v2h-1.5V2a.5.5 0 0 0-.5-.5H8V0h2Z\" \/>\n\t\t\t<\/svg>\n\t\t<\/button><\/figure>\n\n\n\n<p class=\"wp-block-paragraph\">Een sculptuur van een leeuw op een uitgespreid vaandel, symbool van rust na de strijd. Het monument herinnert aan de soldaten van het 11e regiment van P\u00edsek die vielen in de veldslagen bij Melegnano en Solferino in Itali\u00eb in 1859. Ver van huis, ver van de Otava. Een stil, waardig monument waarbij het loont om even stil te staan.<\/p>\n\n\n\n<h3 class=\"wp-block-heading\"><span class=\"ez-toc-section\" id=\"31_Mariakapel\"><\/span>31. Mariakapel<span class=\"ez-toc-section-end\"><\/span><\/h3>\n\n\n\n<p class=\"wp-block-paragraph\">Een klein barok monument aan de rand van het centrum. Geen grootse kathedraal, maar zo&#8217;n rustig punt op de kaart van de stad. Precies het type plek waar je twintig keer langsloopt voordat je hem voor het eerst opmerkt, en dan je verbaast hoe je hem over het hoofd kon zien.<\/p>\n\n\n\n<h3 class=\"wp-block-heading\"><span class=\"ez-toc-section\" id=\"32_Kerk_van_de_Heilige_Drie-eenheid\"><\/span>32. Kerk van de Heilige Drie-eenheid<span class=\"ez-toc-section-end\"><\/span><\/h3>\n\n\n\n<figure data-wp-context=\"{&quot;imageId&quot;:&quot;6a952393919c2&quot;}\" data-wp-interactive=\"core\/image\" data-wp-key=\"6a952393919c2\" class=\"wp-block-image size-full wp-lightbox-container\"><img decoding=\"async\" width=\"1600\" height=\"1200\" data-wp-class--hide=\"state.isContentHidden\" data-wp-class--show=\"state.isContentVisible\" data-wp-init=\"callbacks.setButtonStyles\" data-wp-on--click=\"actions.showLightbox\" data-wp-on--load=\"callbacks.setButtonStyles\" data-wp-on--pointerdown=\"actions.preloadImage\" data-wp-on--pointerenter=\"actions.preloadImageWithDelay\" data-wp-on--pointerleave=\"actions.cancelPreload\" data-wp-on-window--resize=\"callbacks.setButtonStyles\" src=\"https:\/\/loudavymkrokem.cz\/wp-content\/uploads\/2026\/08\/kostel-nejsvetejsi-trojice-pisek.jpg\" alt=\"Kerk van de Heilige Drie-eenheid in P\u00edsek\" class=\"wp-image-399710\" title=\"\" srcset=\"https:\/\/loudavymkrokem.cz\/wp-content\/uploads\/2026\/08\/kostel-nejsvetejsi-trojice-pisek.jpg 1600w, https:\/\/loudavymkrokem.cz\/wp-content\/uploads\/2026\/08\/kostel-nejsvetejsi-trojice-pisek-300x225.jpg 300w, https:\/\/loudavymkrokem.cz\/wp-content\/uploads\/2026\/08\/kostel-nejsvetejsi-trojice-pisek-700x525.jpg 700w, https:\/\/loudavymkrokem.cz\/wp-content\/uploads\/2026\/08\/kostel-nejsvetejsi-trojice-pisek-768x576.jpg 768w, https:\/\/loudavymkrokem.cz\/wp-content\/uploads\/2026\/08\/kostel-nejsvetejsi-trojice-pisek-1536x1152.jpg 1536w, https:\/\/loudavymkrokem.cz\/wp-content\/uploads\/2026\/08\/kostel-nejsvetejsi-trojice-pisek-80x60.jpg 80w, https:\/\/loudavymkrokem.cz\/wp-content\/uploads\/2026\/08\/kostel-nejsvetejsi-trojice-pisek-160x120.jpg 160w, https:\/\/loudavymkrokem.cz\/wp-content\/uploads\/2026\/08\/kostel-nejsvetejsi-trojice-pisek-696x522.jpg 696w, https:\/\/loudavymkrokem.cz\/wp-content\/uploads\/2026\/08\/kostel-nejsvetejsi-trojice-pisek-1392x1044.jpg 1392w\" sizes=\"(max-width: 1600px) 100vw, 1600px\" \/><button\n\t\t\tclass=\"lightbox-trigger\"\n\t\t\ttype=\"button\"\n\t\t\taria-haspopup=\"dialog\"\n\t\t\tdata-wp-bind--aria-label=\"state.thisImage.triggerButtonAriaLabel\"\n\t\t\tdata-wp-init=\"callbacks.initTriggerButton\"\n\t\t\tdata-wp-on--click=\"actions.showLightbox\"\n\t\t\tdata-wp-style--right=\"state.thisImage.buttonRight\"\n\t\t\tdata-wp-style--top=\"state.thisImage.buttonTop\"\n\t\t>\n\t\t\t<svg xmlns=\"http:\/\/www.w3.org\/2000\/svg\" width=\"12\" height=\"12\" fill=\"none\" viewBox=\"0 0 12 12\">\n\t\t\t\t<path fill=\"#fff\" d=\"M2 0a2 2 0 0 0-2 2v2h1.5V2a.5.5 0 0 1 .5-.5h2V0H2Zm2 10.5H2a.5.5 0 0 1-.5-.5V8H0v2a2 2 0 0 0 2 2h2v-1.5ZM8 12v-1.5h2a.5.5 0 0 0 .5-.5V8H12v2a2 2 0 0 1-2 2H8Zm2-12a2 2 0 0 1 2 2v2h-1.5V2a.5.5 0 0 0-.5-.5H8V0h2Z\" \/>\n\t\t\t<\/svg>\n\t\t<\/button><\/figure>\n\n\n\n<p class=\"wp-block-paragraph\">Een laatgotische kerk uit 1576 met een aangrenzend oud kerkhof. En nu het belangrijkste: hij heeft een absoluut <strong>fantastische akoestiek<\/strong>. Daarom dient hij tegenwoordig als concertzaal en hier live muziek beluisteren is een onvergetelijke belevenis. Gotische gewelven, oude grafstenen achter de ramen en een geluid dat je van alle kanten omarmt. Als hier net een concert is, ga dan. Zonder nadenken.<\/p>\n\n\n\n<h3 class=\"wp-block-heading\"><span class=\"ez-toc-section\" id=\"33_Sint-Wenceslaskerk\"><\/span>33. Sint-Wenceslaskerk<span class=\"ez-toc-section-end\"><\/span><\/h3>\n\n\n\n<figure data-wp-context=\"{&quot;imageId&quot;:&quot;6a95239391e2c&quot;}\" data-wp-interactive=\"core\/image\" data-wp-key=\"6a95239391e2c\" class=\"wp-block-image size-full wp-lightbox-container\"><img decoding=\"async\" width=\"1600\" height=\"1071\" data-wp-class--hide=\"state.isContentHidden\" data-wp-class--show=\"state.isContentVisible\" data-wp-init=\"callbacks.setButtonStyles\" data-wp-on--click=\"actions.showLightbox\" data-wp-on--load=\"callbacks.setButtonStyles\" data-wp-on--pointerdown=\"actions.preloadImage\" data-wp-on--pointerenter=\"actions.preloadImageWithDelay\" data-wp-on--pointerleave=\"actions.cancelPreload\" data-wp-on-window--resize=\"callbacks.setButtonStyles\" src=\"https:\/\/loudavymkrokem.cz\/wp-content\/uploads\/2026\/08\/kostel-sv-vaclava-pisek-vaclavske-predmesti.jpg\" alt=\"Sint-Wenceslaskerk in de Wenceslas-voorstad in P\u00edsek\" class=\"wp-image-399713\" title=\"\" srcset=\"https:\/\/loudavymkrokem.cz\/wp-content\/uploads\/2026\/08\/kostel-sv-vaclava-pisek-vaclavske-predmesti.jpg 1600w, https:\/\/loudavymkrokem.cz\/wp-content\/uploads\/2026\/08\/kostel-sv-vaclava-pisek-vaclavske-predmesti-300x201.jpg 300w, https:\/\/loudavymkrokem.cz\/wp-content\/uploads\/2026\/08\/kostel-sv-vaclava-pisek-vaclavske-predmesti-700x469.jpg 700w, https:\/\/loudavymkrokem.cz\/wp-content\/uploads\/2026\/08\/kostel-sv-vaclava-pisek-vaclavske-predmesti-768x514.jpg 768w, https:\/\/loudavymkrokem.cz\/wp-content\/uploads\/2026\/08\/kostel-sv-vaclava-pisek-vaclavske-predmesti-1536x1028.jpg 1536w, https:\/\/loudavymkrokem.cz\/wp-content\/uploads\/2026\/08\/kostel-sv-vaclava-pisek-vaclavske-predmesti-696x466.jpg 696w, https:\/\/loudavymkrokem.cz\/wp-content\/uploads\/2026\/08\/kostel-sv-vaclava-pisek-vaclavske-predmesti-1392x932.jpg 1392w\" sizes=\"(max-width: 1600px) 100vw, 1600px\" \/><button\n\t\t\tclass=\"lightbox-trigger\"\n\t\t\ttype=\"button\"\n\t\t\taria-haspopup=\"dialog\"\n\t\t\tdata-wp-bind--aria-label=\"state.thisImage.triggerButtonAriaLabel\"\n\t\t\tdata-wp-init=\"callbacks.initTriggerButton\"\n\t\t\tdata-wp-on--click=\"actions.showLightbox\"\n\t\t\tdata-wp-style--right=\"state.thisImage.buttonRight\"\n\t\t\tdata-wp-style--top=\"state.thisImage.buttonTop\"\n\t\t>\n\t\t\t<svg xmlns=\"http:\/\/www.w3.org\/2000\/svg\" width=\"12\" height=\"12\" fill=\"none\" viewBox=\"0 0 12 12\">\n\t\t\t\t<path fill=\"#fff\" d=\"M2 0a2 2 0 0 0-2 2v2h1.5V2a.5.5 0 0 1 .5-.5h2V0H2Zm2 10.5H2a.5.5 0 0 1-.5-.5V8H0v2a2 2 0 0 0 2 2h2v-1.5ZM8 12v-1.5h2a.5.5 0 0 0 .5-.5V8H12v2a2 2 0 0 1-2 2H8Zm2-12a2 2 0 0 1 2 2v2h-1.5V2a.5.5 0 0 0-.5-.5H8V0h2Z\" \/>\n\t\t\t<\/svg>\n\t\t<\/button><\/figure>\n\n\n\n<p class=\"wp-block-paragraph\">De <strong>oudste sacrale plek van P\u00edsek<\/strong>, gedocumenteerd al rond het jaar 1200, het huidige gotisch-renaissance bouwwerk stamt uit de 16e eeuw en staat in de Wenceslas-voorstad. Je vindt hier <strong>waarschijnlijk de oudste fresco-afbeelding van de verbranding van Meester Jan Hus in Europa<\/strong>. In P\u00edsek! Houd er wel rekening mee dat je meestal alleen tijdens de missen naar binnen kunt.<\/p>\n\n\n\n<p class=\"wp-block-paragraph\">Dit zou veel meer aandacht verdienen dan het krijgt. Als je ge\u00efnteresseerd bent in geschiedenis, sta je hier bij iets werkelijk bijzonders.<\/p>\n\n\n\n<h3 class=\"wp-block-heading\"><span class=\"ez-toc-section\" id=\"34_Het_hillfort\"><\/span>34. Het hillfort<span class=\"ez-toc-section-end\"><\/span><\/h3>\n\n\n\n<p class=\"wp-block-paragraph\">Overblijfselen van een oeroude bewoning uit de tijd dat de stad P\u00edsek nog niet bestond. Mensen woonden hier lang voordat iemand de eerste steen van de stenen brug legde. Het zet je aan het denken \u2013 je staat op een plek waar mensen zich misschien duizenden jaren geleden vestigden, omdat het hier goed toeven was. En het is er nog steeds goed toeven.<\/p>\n\n\n\n<h3 class=\"wp-block-heading\"><span class=\"ez-toc-section\" id=\"35_Het_pad_van_de_pijnstenen\"><\/span>35. Het pad van de pijnstenen<span class=\"ez-toc-section-end\"><\/span><\/h3>\n\n\n\n<p class=\"wp-block-paragraph\">Zo&#8217;n 1,5 km van de wildbaan U Vod\u00e1ka vind je een pad dat je kan verrassen. <strong>14 stenen blokken<\/strong> flankeren het pad en elk symboliseert een moderne kwelling \u2013 depressie, eenzaamheid, burn-out, verlies van een dierbare, verslaving&#8230;<\/p>\n\n\n\n<p class=\"wp-block-paragraph\">Het is geen deprimerende wandeling, ook al kan het zo klinken. Het is eerder het benoemen van dingen waar normaal niet over gesproken wordt. En het pad eindigt met hoop \u2013 een uitkijkpunt van waaruit je ver kunt kijken. Als metafoor werkt het prachtig. Als wandeling ook.<\/p>\n\n\n\n<h3 class=\"wp-block-heading\"><span class=\"ez-toc-section\" id=\"36_Villa_Marta_en_de_Dagmar_Simkova-brug\"><\/span>36. Villa Marta en de Dagmar \u0160imkov\u00e1-brug<span class=\"ez-toc-section-end\"><\/span><\/h3>\n\n\n\n<figure data-wp-context=\"{&quot;imageId&quot;:&quot;6a95239392395&quot;}\" data-wp-interactive=\"core\/image\" data-wp-key=\"6a95239392395\" class=\"wp-block-image size-full wp-lightbox-container\"><img decoding=\"async\" width=\"1200\" height=\"800\" data-wp-class--hide=\"state.isContentHidden\" data-wp-class--show=\"state.isContentVisible\" data-wp-init=\"callbacks.setButtonStyles\" data-wp-on--click=\"actions.showLightbox\" data-wp-on--load=\"callbacks.setButtonStyles\" data-wp-on--pointerdown=\"actions.preloadImage\" data-wp-on--pointerenter=\"actions.preloadImageWithDelay\" data-wp-on--pointerleave=\"actions.cancelPreload\" data-wp-on-window--resize=\"callbacks.setButtonStyles\" src=\"https:\/\/loudavymkrokem.cz\/wp-content\/uploads\/2026\/08\/lavka-dagmar-simkove-pisek.jpg\" alt=\"Dagmar \u0160imkov\u00e1-voetbrug over de Otava in P\u00edsek\" class=\"wp-image-399611\" title=\"\" srcset=\"https:\/\/loudavymkrokem.cz\/wp-content\/uploads\/2026\/08\/lavka-dagmar-simkove-pisek.jpg 1200w, https:\/\/loudavymkrokem.cz\/wp-content\/uploads\/2026\/08\/lavka-dagmar-simkove-pisek-300x200.jpg 300w, https:\/\/loudavymkrokem.cz\/wp-content\/uploads\/2026\/08\/lavka-dagmar-simkove-pisek-700x467.jpg 700w, https:\/\/loudavymkrokem.cz\/wp-content\/uploads\/2026\/08\/lavka-dagmar-simkove-pisek-768x512.jpg 768w, https:\/\/loudavymkrokem.cz\/wp-content\/uploads\/2026\/08\/lavka-dagmar-simkove-pisek-696x464.jpg 696w\" sizes=\"(max-width: 1200px) 100vw, 1200px\" \/><button\n\t\t\tclass=\"lightbox-trigger\"\n\t\t\ttype=\"button\"\n\t\t\taria-haspopup=\"dialog\"\n\t\t\tdata-wp-bind--aria-label=\"state.thisImage.triggerButtonAriaLabel\"\n\t\t\tdata-wp-init=\"callbacks.initTriggerButton\"\n\t\t\tdata-wp-on--click=\"actions.showLightbox\"\n\t\t\tdata-wp-style--right=\"state.thisImage.buttonRight\"\n\t\t\tdata-wp-style--top=\"state.thisImage.buttonTop\"\n\t\t>\n\t\t\t<svg xmlns=\"http:\/\/www.w3.org\/2000\/svg\" width=\"12\" height=\"12\" fill=\"none\" viewBox=\"0 0 12 12\">\n\t\t\t\t<path fill=\"#fff\" d=\"M2 0a2 2 0 0 0-2 2v2h1.5V2a.5.5 0 0 1 .5-.5h2V0H2Zm2 10.5H2a.5.5 0 0 1-.5-.5V8H0v2a2 2 0 0 0 2 2h2v-1.5ZM8 12v-1.5h2a.5.5 0 0 0 .5-.5V8H12v2a2 2 0 0 1-2 2H8Zm2-12a2 2 0 0 1 2 2v2h-1.5V2a.5.5 0 0 0-.5-.5H8V0h2Z\" \/>\n\t\t\t<\/svg>\n\t\t<\/button><\/figure>\n\n\n\n<p class=\"wp-block-paragraph\">Een verhaal dat een hele film zou opleveren. <strong>Dagmar \u0160imkov\u00e1<\/strong> was een politiek gevangene die door de communistische geheime dienst StB werd gearresteerd in de prachtige villa Marta hier in P\u00edsek. Ze bracht jaren door in communistische gevangenissen en schreef daar een boek over, <strong>Byly jsme tam taky<\/strong> (Wij waren er ook) \u2013 als je het niet kent, lees het.<\/p>\n\n\n\n<p class=\"wp-block-paragraph\">In 2018 werd te harer ere een elegante <strong>voetbrug over de Otava<\/strong> geopend \u2013 140 meter lang, ontworpen door architect <strong>Josef Pleskot<\/strong>, die overigens uit P\u00edsek komt. De brug is prachtig, luchtig, modern, en draagt tegelijk een zwaar en belangrijk verhaal. Een van de mooiste plekken in de stad voor een wandeling met de kinderwagen of om hard te lopen.<\/p>\n\n\n\n<h3 class=\"wp-block-heading\"><span class=\"ez-toc-section\" id=\"37_Frana_Sramek-theater\"><\/span>37. Fr\u00e1\u0148a \u0160r\u00e1mek-theater<span class=\"ez-toc-section-end\"><\/span><\/h3>\n\n\n\n<figure data-wp-context=\"{&quot;imageId&quot;:&quot;6a9523939283a&quot;}\" data-wp-interactive=\"core\/image\" data-wp-key=\"6a9523939283a\" class=\"wp-block-image size-full wp-lightbox-container\"><img decoding=\"async\" width=\"1600\" height=\"1066\" data-wp-class--hide=\"state.isContentHidden\" data-wp-class--show=\"state.isContentVisible\" data-wp-init=\"callbacks.setButtonStyles\" data-wp-on--click=\"actions.showLightbox\" data-wp-on--load=\"callbacks.setButtonStyles\" data-wp-on--pointerdown=\"actions.preloadImage\" data-wp-on--pointerenter=\"actions.preloadImageWithDelay\" data-wp-on--pointerleave=\"actions.cancelPreload\" data-wp-on-window--resize=\"callbacks.setButtonStyles\" src=\"https:\/\/loudavymkrokem.cz\/wp-content\/uploads\/2026\/08\/divadlo-frani-sramka-pisek.jpg\" alt=\"Fr\u00e1\u0148a \u0160r\u00e1mek-theater in P\u00edsek\" class=\"wp-image-399705\" title=\"\" srcset=\"https:\/\/loudavymkrokem.cz\/wp-content\/uploads\/2026\/08\/divadlo-frani-sramka-pisek.jpg 1600w, https:\/\/loudavymkrokem.cz\/wp-content\/uploads\/2026\/08\/divadlo-frani-sramka-pisek-300x200.jpg 300w, https:\/\/loudavymkrokem.cz\/wp-content\/uploads\/2026\/08\/divadlo-frani-sramka-pisek-700x466.jpg 700w, https:\/\/loudavymkrokem.cz\/wp-content\/uploads\/2026\/08\/divadlo-frani-sramka-pisek-768x512.jpg 768w, https:\/\/loudavymkrokem.cz\/wp-content\/uploads\/2026\/08\/divadlo-frani-sramka-pisek-1536x1023.jpg 1536w, https:\/\/loudavymkrokem.cz\/wp-content\/uploads\/2026\/08\/divadlo-frani-sramka-pisek-696x464.jpg 696w, https:\/\/loudavymkrokem.cz\/wp-content\/uploads\/2026\/08\/divadlo-frani-sramka-pisek-1392x927.jpg 1392w\" sizes=\"(max-width: 1600px) 100vw, 1600px\" \/><button\n\t\t\tclass=\"lightbox-trigger\"\n\t\t\ttype=\"button\"\n\t\t\taria-haspopup=\"dialog\"\n\t\t\tdata-wp-bind--aria-label=\"state.thisImage.triggerButtonAriaLabel\"\n\t\t\tdata-wp-init=\"callbacks.initTriggerButton\"\n\t\t\tdata-wp-on--click=\"actions.showLightbox\"\n\t\t\tdata-wp-style--right=\"state.thisImage.buttonRight\"\n\t\t\tdata-wp-style--top=\"state.thisImage.buttonTop\"\n\t\t>\n\t\t\t<svg xmlns=\"http:\/\/www.w3.org\/2000\/svg\" width=\"12\" height=\"12\" fill=\"none\" viewBox=\"0 0 12 12\">\n\t\t\t\t<path fill=\"#fff\" d=\"M2 0a2 2 0 0 0-2 2v2h1.5V2a.5.5 0 0 1 .5-.5h2V0H2Zm2 10.5H2a.5.5 0 0 1-.5-.5V8H0v2a2 2 0 0 0 2 2h2v-1.5ZM8 12v-1.5h2a.5.5 0 0 0 .5-.5V8H12v2a2 2 0 0 1-2 2H8Zm2-12a2 2 0 0 1 2 2v2h-1.5V2a.5.5 0 0 0-.5-.5H8V0h2Z\" \/>\n\t\t\t<\/svg>\n\t\t<\/button><\/figure>\n\n\n\n<p class=\"wp-block-paragraph\">Wie had gedacht dat er ooit een theater zou komen van een voormalige militaire schietbaan? Het opende in 1940, en meteen met De verkochte bruid \u2014 Smetana zou blij zijn geweest. De naam Fr\u00e1\u0148a \u0160r\u00e1mek kreeg het pas in 1991.<\/p>\n\n\n\n<p class=\"wp-block-paragraph\">Binnen vind je een prachtig historisch toneelgordijn en zitplaatsen van beeldhouwer Libor Hurda. Het theater heeft zijn eigen ziel en sfeer die grotere podia soms missen. Het programma is de moeite waard om te volgen, er wordt hier regelmatig en op niveau gespeeld.<\/p>\n\n\n\n<!-- LKM_GYG_CARD start q=\"pisku\" lang=\"nl\" rendered=\"2026-08-31T04:06:41+00:00\" v=\"1\" -->\n\n<!-- LKM_GYG_CARD end -->\n\n\n\n\n<div class=\"lk-stays-module\">\n<style>\n\/* \u2500\u2500\u2500 RESET PRO GUTENBERG \u2500\u2500\u2500 *\/\n.lk-stays-module * { box-sizing: border-box; margin: 0; padding: 0; }\n\n\/* \u2500\u2500\u2500 WRAPPER \u2500\u2500\u2500 *\/\n.lk-stays-module {\n  font-family: 'DM Sans', Georgia, sans-serif;\n  max-width: 100%;\n  margin: 2.5rem auto;\n  background: linear-gradient(135deg, #fdfaf5 0%, #fcf8f0 100%);\n  border: 1px solid #e8dfd4;\n  border-radius: 16px;\n  overflow: hidden;\n  box-shadow: 0 16px 48px rgba(195, 159, 118, 0.25), 0 4px 12px rgba(0,0,0,0.08);\n}\n\n\/* \u2500\u2500\u2500 HEADER \u2500\u2500\u2500 *\/\n.lk-stays-header {\n  position: relative;\n  padding: 24px 36px 24px;\n  background: linear-gradient(135deg, #c39f76 0%, #d4b188 60%, #c39f76 100%);\n  border-bottom: 1px solid rgba(255,255,255,.15);\n  display: flex;\n  align-items: center;\n  gap: 18px;\n}\n.lk-stays-header::before {\n  content: '';\n  position: absolute;\n  inset: 0;\n  background: url(\"data:image\/svg+xml,%3Csvg width='60' height='60' viewBox='0 0 60 60' xmlns='http:\/\/www.w3.org\/2000\/svg'%3E%3Cg fill='none' fill-rule='evenodd'%3E%3Cg fill='%23ffffff' fill-opacity='0.05'%3E%3Cpath d='M36 34v-4h-2v4h-4v2h4v4h2v-4h4v-2h-4zm0-30V0h-2v4h-4v2h4v4h2V6h4V4h-4zM6 34v-4H4v4H0v2h4v4h2v-4h4v-2H6zM6 4V0H4v4H0v2h4v4h2V6h4V4H6z'\/%3E%3C\/g%3E%3C\/g%3E%3C\/svg%3E\") repeat;\n  pointer-events: none;\n}\n.lk-stays-icon {\n  flex-shrink: 0;\n  width: 68px;\n  height: 68px;\n  border-radius: 14px;\n  background: linear-gradient(135deg, #fff 0%, #f9f6f0 100%);\n  display: flex;\n  align-items: center;\n  justify-content: center;\n  font-size: 26px;\n  box-shadow: 0 4px 12px rgba(0,0,0,0.15);\n}\n.lk-stays-eyebrow {\n  font-size: 10px;\n  font-weight: 500;\n  letter-spacing: 2.5px;\n  text-transform: uppercase;\n  color: rgba(255,255,255,.85);\n  margin: 0 0 5px 0;\n}\n.lk-stays-title {\n  font-family: 'Playfair Display', Georgia, serif;\n  font-size: 24px;\n  font-weight: 700;\n  color: #fff;\n  line-height: 1.2;\n  text-shadow: 0 1px 2px rgba(0,0,0,0.1);\n  margin: 0;\n}\n.lk-stays-subtitle {\n  font-size: 13px;\n  color: rgba(255,255,255,.75);\n  margin: 4px 0 0 0;\n  font-weight: 300;\n}\n\n\/* \u2500\u2500\u2500 CARDS GRID \u2500\u2500\u2500 *\/\n.lk-stays-grid {\n  display: grid;\n  grid-template-columns: 1fr 1fr;\n  gap: 1px;\n  background: rgba(195, 159, 118, 0.12);\n}\n\n\/* \u2500\u2500\u2500 SINGLE CARD \u2500\u2500\u2500 *\/\n.lk-stay-card {\n  background: #ffffff;\n  padding: 26px;\n  display: flex;\n  flex-direction: column;\n  gap: 11px;\n  transition: all 0.3s ease;\n  text-decoration: none;\n  color: inherit;\n  position: relative;\n}\n.lk-stay-card:hover {\n  background: #fffbf5;\n  transform: translateY(-2px);\n  box-shadow: 0 8px 24px rgba(195, 159, 118, 0.18);\n  z-index: 1;\n}\n.lk-stay-card.featured {\n  background: linear-gradient(135deg, #fffdf9 0%, #fff9f0 100%);\n  box-shadow: 0 4px 16px rgba(195, 159, 118, 0.15), inset 0 1px 0 rgba(195, 159, 118, 0.1);\n}\n.lk-stay-card.featured:hover {\n  background: linear-gradient(135deg, #fffbf5 0%, #fff8ed 100%);\n  box-shadow: 0 8px 24px rgba(195, 159, 118, 0.25), inset 0 1px 0 rgba(195, 159, 118, 0.15);\n}\n\n.lk-stay-badge {\n  display: inline-flex;\n  align-items: center;\n  gap: 5px;\n  font-size: 10px;\n  font-weight: 500;\n  letter-spacing: 1.5px;\n  text-transform: uppercase;\n  padding: 5px 11px;\n  border-radius: 20px;\n  width: fit-content;\n}\n.badge-top     { background: linear-gradient(135deg, #c39f76 0%, #d4b188 100%); color: #fff; border: 1px solid #c39f76; font-weight: 600; box-shadow: 0 2px 8px rgba(195,159,118,0.3); }\n.badge-luxury  { background: rgba(195,159,118,.12); color: #c39f76; border: 1px solid rgba(195,159,118,.25); }\n.badge-boutique{ background: rgba(54,133,252,.08); color: #3685fc; border: 1px solid rgba(54,133,252,.2); }\n.badge-nature  { background: rgba(130,190,100,.1); color: #6b9c4a; border: 1px solid rgba(130,190,100,.2); }\n.badge-remote  { background: rgba(195,159,118,.12); color: #a67e50; border: 1px solid rgba(195,159,118,.25); }\n\n.lk-stay-name {\n  font-family: 'Playfair Display', Georgia, serif;\n  font-size: 18px;\n  font-weight: 700;\n  color: #111827;\n  line-height: 1.3;\n}\n.lk-stay-desc {\n  font-size: 13.5px;\n  color: #525252;\n  line-height: 1.65;\n  font-weight: 300;\n  flex: 1;\n}\n\n.lk-stay-meta {\n  display: flex;\n  align-items: center;\n  gap: 12px;\n  flex-wrap: wrap;\n  margin-top: 4px;\n}\n.lk-stay-price {\n  font-size: 13px;\n  color: #6b7280;\n}\n.lk-stay-price strong {\n  color: #c39f76;\n  font-weight: 500;\n}\n.lk-stay-stars {\n  color: #c39f76;\n  font-size: 11px;\n  letter-spacing: 1px;\n}\n\n\/* \u2500\u2500\u2500 CTA BUTTON \u2500\u2500\u2500 *\/\n.lk-stay-cta {\n  display: inline-flex;\n  align-items: center;\n  justify-content: center;\n  gap: 7px;\n  margin-top: 8px;\n  padding: 11px 20px;\n  border-radius: 8px;\n  background: linear-gradient(135deg, #3685fc 0%, #2a6fd9 100%);\n  color: #fff;\n  font-size: 13px;\n  font-weight: 500;\n  text-decoration: none;\n  letter-spacing: .3px;\n  transition: all .2s ease;\n  cursor: pointer;\n  border: none;\n  text-align: center;\n  box-shadow: 0 4px 12px rgba(54, 133, 252, 0.25);\n}\n.lk-stay-cta:hover {\n  background: linear-gradient(135deg, #2a6fd9 0%, #1e5bc4 100%);\n  transform: translateY(-1px);\n  box-shadow: 0 6px 16px rgba(54, 133, 252, 0.35);\n}\n.lk-stay-cta svg { flex-shrink: 0; }\n\n\/* \u2500\u2500\u2500 FOOTER \u2500\u2500\u2500 *\/\n.lk-stays-footer {\n  padding: 18px 36px;\n  background: linear-gradient(to bottom, #fdfaf5 0%, #f9f4ed 100%);\n  border-top: 1px solid rgba(195, 159, 118, 0.15);\n  display: flex;\n  align-items: center;\n  justify-content: space-between;\n  flex-wrap: wrap;\n  gap: 12px;\n}\n.lk-stays-footer-note {\n  font-size: 11.5px;\n  color: #6b7280;\n  font-weight: 300;\n  line-height: 1.5;\n}\n.lk-stays-footer-note a {\n  color: #c39f76;\n  text-decoration: none;\n  font-weight: 400;\n}\n.lk-stays-footer-note a:hover {\n  text-decoration: underline;\n}\n.lk-stays-all-btn {\n  display: inline-flex;\n  align-items: center;\n  gap: 6px;\n  font-size: 12.5px;\n  font-weight: 500;\n  color: #c39f76;\n  text-decoration: none;\n  border: 1px solid rgba(195, 159, 118, 0.35);\n  padding: 8px 18px;\n  border-radius: 8px;\n  transition: all .2s ease;\n}\n.lk-stays-all-btn:hover {\n  background: rgba(195, 159, 118, 0.08);\n  border-color: rgba(195, 159, 118, 0.5);\n}\n\n\/* \u2500\u2500\u2500 RESPONSIVE \u2500\u2500\u2500 *\/\n@media (max-width: 600px) {\n  .lk-stays-grid { grid-template-columns: 1fr; }\n  .lk-stays-header { padding: 24px 20px; }\n  .lk-stays-footer { padding: 16px 20px; }\n  .lk-stay-card { padding: 22px; }\n  .lk-stays-title { font-size: 20px; }\n}\n<\/style>\n\n  <!-- HEADER -->\n  <div class=\"lk-stays-header\">\n    <img decoding=\"async\" src=\"https:\/\/loudavymkrokem.cz\/wp-content\/uploads\/2026\/02\/lukas-a-lucka.jpg\" alt=\"\" style=\"width: 75px; height: 75px; border-radius: 8px; flex-shrink: 0; object-fit: cover; display: block; margin: 4px 0;\" title=\"\">\n    <div class=\"lk-stays-header-text\">\n      <div class=\"lk-stays-eyebrow\">Luk\u00e1\u0161 en Lucie bevelen aan<\/div>\n      <div class=\"lk-stays-title\">Waar te verblijven in P\u00edsek<\/div>\n      <div class=\"lk-stays-subtitle\">5 accommodaties \u2014 hotels en andere verblijfsmogelijkheden<\/div>\n    <\/div>\n  <\/div>\n\n  <!-- CARDS -->\n  <div class=\"lk-stays-grid\">\n\n    <a class=\"lk-stay-card featured\" href=\"https:\/\/www.stay22.com\/allez\/roam?aid=lukaskonecny&#038;campaign=loudavymkrokemcz&#038;campaign=nl&#038;campaign=co-videt-v-pisku&#038;hotelname=Hotel%20Biograf&#038;address=P%C3%ADsek%2C%20%C4%8Cesko\" target=\"_blank\" rel=\"nofollow noopener\">\n      <span class=\"lk-stay-badge badge-top\">\u2b50 TOPKEUZE<\/span>\n      <span class=\"lk-stay-badge badge-nature\">\ud83c\udfe8 Hotel<\/span>\n      <div class=\"lk-stay-name\">Hotel Biograf<\/div>\n      <div class=\"lk-stay-desc\">4-sterrenhotel in een voormalige bioscoop. Beoordeling 8.6\/10, moderne kamers, Finse sauna, massages.<\/div>\n      <div class=\"lk-stay-meta\">\n        <span class=\"lk-stay-stars\">\u2605\u2605\u2605\u2605<\/span>\n        <span class=\"lk-stay-price\">Prijzen bekijken<\/span>\n      <\/div>\n      <span class=\"lk-stay-cta\">\n        <svg width=\"14\" height=\"14\" viewBox=\"0 0 24 24\" fill=\"none\" stroke=\"currentColor\" stroke-width=\"2\"><path d=\"M18 13v6a2 2 0 0 1-2 2H5a2 2 0 0 1-2-2V8a2 2 0 0 1 2-2h6\"\/><polyline points=\"15 3 21 3 21 9\"\/><line x1=\"10\" y1=\"14\" x2=\"21\" y2=\"3\"\/><\/svg>\n        Beschikbaarheid controleren\n      <\/span>\n    <\/a>\n\n    <a class=\"lk-stay-card\" href=\"https:\/\/www.stay22.com\/allez\/roam?aid=lukaskonecny&#038;campaign=loudavymkrokemcz&#038;campaign=nl&#038;campaign=co-videt-v-pisku&#038;hotelname=Hotel%20U%20Kapli%C4%8Dky&#038;address=P%C3%ADsek%2C%20%C4%8Cesko\" target=\"_blank\" rel=\"nofollow noopener\">\n      <span class=\"lk-stay-badge badge-nature\">\ud83c\udfe8 Hotel<\/span>\n      <div class=\"lk-stay-name\">Hotel U Kapli\u010dky<\/div>\n      <div class=\"lk-stay-desc\">Klassiek hotel met een aangename sfeer en restaurant Chapelle (Michelin Selected).<\/div>\n      <div class=\"lk-stay-meta\">\n        <span class=\"lk-stay-stars\">\u2605\u2605\u2605\u2605<\/span>\n        <span class=\"lk-stay-price\">Prijzen bekijken<\/span>\n      <\/div>\n      <span class=\"lk-stay-cta\">\n        <svg width=\"14\" height=\"14\" viewBox=\"0 0 24 24\" fill=\"none\" stroke=\"currentColor\" stroke-width=\"2\"><path d=\"M18 13v6a2 2 0 0 1-2 2H5a2 2 0 0 1-2-2V8a2 2 0 0 1 2-2h6\"\/><polyline points=\"15 3 21 3 21 9\"\/><line x1=\"10\" y1=\"14\" x2=\"21\" y2=\"3\"\/><\/svg>\n        Beschikbaarheid controleren\n      <\/span>\n    <\/a>\n\n    <a class=\"lk-stay-card\" href=\"https:\/\/www.stay22.com\/allez\/roam?aid=lukaskonecny&#038;campaign=loudavymkrokemcz&#038;campaign=nl&#038;campaign=covidetvpisku&#038;address=P%C3%ADsek&#038;hotelname=Rezidence+U+Kamenn%C3%A9ho+mostu&#038;search=Rezidence+U+Kamenn%C3%A9ho+mostu&#038;category=accommodation\" target=\"_blank\" rel=\"nofollow noopener\">\n      <span class=\"lk-stay-badge badge-nature\">\ud83c\udfe1 Pension\/B&#038;B<\/span>\n      <div class=\"lk-stay-name\">Rezidence U Kamenn\u00e9ho mostu<\/div>\n      <div class=\"lk-stay-desc\">Appartementen in het stadscentrum bij de Stenen Brug.<\/div>\n      <div class=\"lk-stay-meta\">\n        <span class=\"lk-stay-stars\">\u2605\u2605\u2605\u2605<\/span>\n        <span class=\"lk-stay-price\">vanaf \u20ac22\/nacht<\/span>\n      <\/div>\n      <span class=\"lk-stay-cta\">\n        <svg width=\"14\" height=\"14\" viewBox=\"0 0 24 24\" fill=\"none\" stroke=\"currentColor\" stroke-width=\"2\"><path d=\"M18 13v6a2 2 0 0 1-2 2H5a2 2 0 0 1-2-2V8a2 2 0 0 1 2-2h6\"\/><polyline points=\"15 3 21 3 21 9\"\/><line x1=\"10\" y1=\"14\" x2=\"21\" y2=\"3\"\/><\/svg>\n        Beschikbaarheid controleren\n      <\/span>\n    <\/a>\n\n    <a class=\"lk-stay-card\" href=\"https:\/\/www.stay22.com\/allez\/roam?aid=lukaskonecny&#038;campaign=loudavymkrokemcz&#038;campaign=nl&#038;campaign=co-videt-v-pisku&#038;hotelname=Soho%20apartment&#038;address=P%C3%ADsek%2C%20%C4%8Cesko\" target=\"_blank\" rel=\"nofollow noopener\">\n      <span class=\"lk-stay-badge badge-nature\">\ud83c\udfe1 Pension\/B&#038;B<\/span>\n      <div class=\"lk-stay-name\">Soho apartment<\/div>\n      <div class=\"lk-stay-desc\">Appartement in het centrum van P\u00edsek.<\/div>\n      <div class=\"lk-stay-meta\">\n        <span class=\"lk-stay-stars\">\u2605\u2605\u2605\u2605<\/span>\n        <span class=\"lk-stay-price\">Prijzen bekijken<\/span>\n      <\/div>\n      <span class=\"lk-stay-cta\">\n        <svg width=\"14\" height=\"14\" viewBox=\"0 0 24 24\" fill=\"none\" stroke=\"currentColor\" stroke-width=\"2\"><path d=\"M18 13v6a2 2 0 0 1-2 2H5a2 2 0 0 1-2-2V8a2 2 0 0 1 2-2h6\"\/><polyline points=\"15 3 21 3 21 9\"\/><line x1=\"10\" y1=\"14\" x2=\"21\" y2=\"3\"\/><\/svg>\n        Beschikbaarheid controleren\n      <\/span>\n    <\/a>\n\n    <a class=\"lk-stay-card\" href=\"https:\/\/www.stay22.com\/allez\/roam?aid=lukaskonecny&#038;campaign=loudavymkrokemcz&#038;campaign=nl&#038;campaign=covidetvpisku&#038;address=p\u00edsek\" target=\"_blank\" rel=\"nofollow noopener\">\n      <span class=\"lk-stay-badge badge-nature\">\ud83d\udd0d Zoeken<\/span>\n      <div class=\"lk-stay-name\">Alle accommodaties in P\u00edsek bekijken<\/div>\n      <div class=\"lk-stay-desc\">Ontdek alle beschikbare verblijfsmogelijkheden in P\u00edsek en vind de beste volgens uw voorkeuren en budget.<\/div>\n      <div class=\"lk-stay-meta\">\n        <span class=\"lk-stay-stars\">\u2605\u2605\u2605\u2605<\/span>\n        <span class=\"lk-stay-price\">Prijzen vergelijken<\/span>\n      <\/div>\n      <span class=\"lk-stay-cta\">\n        <svg width=\"14\" height=\"14\" viewBox=\"0 0 24 24\" fill=\"none\" stroke=\"currentColor\" stroke-width=\"2\"><path d=\"M18 13v6a2 2 0 0 1-2 2H5a2 2 0 0 1-2-2V8a2 2 0 0 1 2-2h6\"\/><polyline points=\"15 3 21 3 21 9\"\/><line x1=\"10\" y1=\"14\" x2=\"21\" y2=\"3\"\/><\/svg>\n        Beschikbaarheid controleren\n      <\/span>\n    <\/a>\n\n  <\/div>\n\n  \n<\/div>\n\n\n\n\n<h3 class=\"wp-block-heading\"><span class=\"ez-toc-section\" id=\"38_De_deken-woning\"><\/span>38. De deken-woning<span class=\"ez-toc-section-end\"><\/span><\/h3>\n\n\n\n<figure data-wp-context=\"{&quot;imageId&quot;:&quot;6a95239392d11&quot;}\" data-wp-interactive=\"core\/image\" data-wp-key=\"6a95239392d11\" class=\"wp-block-image size-full wp-lightbox-container\"><img decoding=\"async\" width=\"2200\" height=\"1467\" data-wp-class--hide=\"state.isContentHidden\" data-wp-class--show=\"state.isContentVisible\" data-wp-init=\"callbacks.setButtonStyles\" data-wp-on--click=\"actions.showLightbox\" data-wp-on--load=\"callbacks.setButtonStyles\" data-wp-on--pointerdown=\"actions.preloadImage\" data-wp-on--pointerenter=\"actions.preloadImageWithDelay\" data-wp-on--pointerleave=\"actions.cancelPreload\" data-wp-on-window--resize=\"callbacks.setButtonStyles\" src=\"https:\/\/loudavymkrokem.cz\/wp-content\/uploads\/2026\/08\/pisek-dekanstvi-bakalare.jpg\" alt=\"Deken-woning in de Bakal\u00e1\u0159e-straat in P\u00edsek\" class=\"wp-image-399376\" title=\"\" srcset=\"https:\/\/loudavymkrokem.cz\/wp-content\/uploads\/2026\/08\/pisek-dekanstvi-bakalare.jpg 2200w, https:\/\/loudavymkrokem.cz\/wp-content\/uploads\/2026\/08\/pisek-dekanstvi-bakalare-300x200.jpg 300w, https:\/\/loudavymkrokem.cz\/wp-content\/uploads\/2026\/08\/pisek-dekanstvi-bakalare-700x467.jpg 700w, https:\/\/loudavymkrokem.cz\/wp-content\/uploads\/2026\/08\/pisek-dekanstvi-bakalare-768x512.jpg 768w, https:\/\/loudavymkrokem.cz\/wp-content\/uploads\/2026\/08\/pisek-dekanstvi-bakalare-1536x1024.jpg 1536w, https:\/\/loudavymkrokem.cz\/wp-content\/uploads\/2026\/08\/pisek-dekanstvi-bakalare-2048x1366.jpg 2048w, https:\/\/loudavymkrokem.cz\/wp-content\/uploads\/2026\/08\/pisek-dekanstvi-bakalare-696x464.jpg 696w, https:\/\/loudavymkrokem.cz\/wp-content\/uploads\/2026\/08\/pisek-dekanstvi-bakalare-1392x928.jpg 1392w, https:\/\/loudavymkrokem.cz\/wp-content\/uploads\/2026\/08\/pisek-dekanstvi-bakalare-1920x1280.jpg 1920w\" sizes=\"(max-width: 2200px) 100vw, 2200px\" \/><button\n\t\t\tclass=\"lightbox-trigger\"\n\t\t\ttype=\"button\"\n\t\t\taria-haspopup=\"dialog\"\n\t\t\tdata-wp-bind--aria-label=\"state.thisImage.triggerButtonAriaLabel\"\n\t\t\tdata-wp-init=\"callbacks.initTriggerButton\"\n\t\t\tdata-wp-on--click=\"actions.showLightbox\"\n\t\t\tdata-wp-style--right=\"state.thisImage.buttonRight\"\n\t\t\tdata-wp-style--top=\"state.thisImage.buttonTop\"\n\t\t>\n\t\t\t<svg xmlns=\"http:\/\/www.w3.org\/2000\/svg\" width=\"12\" height=\"12\" fill=\"none\" viewBox=\"0 0 12 12\">\n\t\t\t\t<path fill=\"#fff\" d=\"M2 0a2 2 0 0 0-2 2v2h1.5V2a.5.5 0 0 1 .5-.5h2V0H2Zm2 10.5H2a.5.5 0 0 1-.5-.5V8H0v2a2 2 0 0 0 2 2h2v-1.5ZM8 12v-1.5h2a.5.5 0 0 0 .5-.5V8H12v2a2 2 0 0 1-2 2H8Zm2-12a2 2 0 0 1 2 2v2h-1.5V2a.5.5 0 0 0-.5-.5H8V0h2Z\" \/>\n\t\t\t<\/svg>\n\t\t<\/button><\/figure>\n\n\n\n<p class=\"wp-block-paragraph\">Adres Bakal\u00e1\u0159e 43\/6, direct bij de kerk van de Geboorte van de Maagd Maria. Een laatbarok gebouw met classicistische elementen, waarvan de geschiedenis teruggaat tot de 14e eeuw. En het interessantste: het is letterlijk vergroeid met de stadsmuur en er hoort een gotisch bastion bij. Dus als je naar binnen gaat, ga je eigenlijk de vestingmuur in. Een soort bouwarcheologie in het echt.<\/p>\n\n\n\n<h3 class=\"wp-block-heading\"><span class=\"ez-toc-section\" id=\"39_De_zwingers_bij_de_Putim-poort\"><\/span>39. De zwingers bij de Putim-poort<span class=\"ez-toc-section-end\"><\/span><\/h3>\n\n\n\n<figure data-wp-context=\"{&quot;imageId&quot;:&quot;6a952393931a2&quot;}\" data-wp-interactive=\"core\/image\" data-wp-key=\"6a952393931a2\" class=\"wp-block-image size-full wp-lightbox-container\"><img decoding=\"async\" width=\"2200\" height=\"1467\" data-wp-class--hide=\"state.isContentHidden\" data-wp-class--show=\"state.isContentVisible\" data-wp-init=\"callbacks.setButtonStyles\" data-wp-on--click=\"actions.showLightbox\" data-wp-on--load=\"callbacks.setButtonStyles\" data-wp-on--pointerdown=\"actions.preloadImage\" data-wp-on--pointerenter=\"actions.preloadImageWithDelay\" data-wp-on--pointerleave=\"actions.cancelPreload\" data-wp-on-window--resize=\"callbacks.setButtonStyles\" src=\"https:\/\/loudavymkrokem.cz\/wp-content\/uploads\/2026\/08\/pisek-parkany-hradby.jpg\" alt=\"Zwingers tussen de vestingmuren in P\u00edsek\" class=\"wp-image-399377\" title=\"\" srcset=\"https:\/\/loudavymkrokem.cz\/wp-content\/uploads\/2026\/08\/pisek-parkany-hradby.jpg 2200w, https:\/\/loudavymkrokem.cz\/wp-content\/uploads\/2026\/08\/pisek-parkany-hradby-300x200.jpg 300w, https:\/\/loudavymkrokem.cz\/wp-content\/uploads\/2026\/08\/pisek-parkany-hradby-700x467.jpg 700w, https:\/\/loudavymkrokem.cz\/wp-content\/uploads\/2026\/08\/pisek-parkany-hradby-768x512.jpg 768w, https:\/\/loudavymkrokem.cz\/wp-content\/uploads\/2026\/08\/pisek-parkany-hradby-1536x1024.jpg 1536w, https:\/\/loudavymkrokem.cz\/wp-content\/uploads\/2026\/08\/pisek-parkany-hradby-2048x1366.jpg 2048w, https:\/\/loudavymkrokem.cz\/wp-content\/uploads\/2026\/08\/pisek-parkany-hradby-696x464.jpg 696w, https:\/\/loudavymkrokem.cz\/wp-content\/uploads\/2026\/08\/pisek-parkany-hradby-1392x928.jpg 1392w, https:\/\/loudavymkrokem.cz\/wp-content\/uploads\/2026\/08\/pisek-parkany-hradby-1920x1280.jpg 1920w\" sizes=\"(max-width: 2200px) 100vw, 2200px\" \/><button\n\t\t\tclass=\"lightbox-trigger\"\n\t\t\ttype=\"button\"\n\t\t\taria-haspopup=\"dialog\"\n\t\t\tdata-wp-bind--aria-label=\"state.thisImage.triggerButtonAriaLabel\"\n\t\t\tdata-wp-init=\"callbacks.initTriggerButton\"\n\t\t\tdata-wp-on--click=\"actions.showLightbox\"\n\t\t\tdata-wp-style--right=\"state.thisImage.buttonRight\"\n\t\t\tdata-wp-style--top=\"state.thisImage.buttonTop\"\n\t\t>\n\t\t\t<svg xmlns=\"http:\/\/www.w3.org\/2000\/svg\" width=\"12\" height=\"12\" fill=\"none\" viewBox=\"0 0 12 12\">\n\t\t\t\t<path fill=\"#fff\" d=\"M2 0a2 2 0 0 0-2 2v2h1.5V2a.5.5 0 0 1 .5-.5h2V0H2Zm2 10.5H2a.5.5 0 0 1-.5-.5V8H0v2a2 2 0 0 0 2 2h2v-1.5ZM8 12v-1.5h2a.5.5 0 0 0 .5-.5V8H12v2a2 2 0 0 1-2 2H8Zm2-12a2 2 0 0 1 2 2v2h-1.5V2a.5.5 0 0 0-.5-.5H8V0h2Z\" \/>\n\t\t\t<\/svg>\n\t\t<\/button><\/figure>\n\n\n\n<p class=\"wp-block-paragraph\">De ruimte tussen de vestingmuren, die gerenoveerd is en veranderde in een prachtige rustzone. Doorkijkjes naar de oude bastions, bankjes, rust. De ideale plek als je even wilt ontsnappen aan de drukte van het centrum, maar niet ver wilt lopen.<\/p>\n\n\n\n<h2 class=\"wp-block-heading\"><span class=\"ez-toc-section\" id=\"Wat_te_doen_in_Pisek_met_kinderen_tips_voor_gezinnen_in_de_stad_en_omgeving\"><\/span>Wat te doen in P\u00edsek met kinderen: tips voor gezinnen in de stad en omgeving<span class=\"ez-toc-section-end\"><\/span><\/h2>\n\n\n\n<p class=\"wp-block-paragraph\">P\u00edsek is een stad waar je je met kinderen niet zult vervelen. En dat zeg ik als <strong>moeder van de tweejarige Jon\u00e1\u0161ek<\/strong>, met wie ik hier de meeste dagen doorbreng. Of de kinderen nu springen op reusachtige objecten in de Sladovna, damherten voeren in de wildbaan, of spelen op de speeltuinen in het park. Hier zijn mijn tips voor waar je met het gezin naartoe kunt, direct in de stad, plus een paar uitstapjes in de omgeving die we om de hoek hebben.<\/p>\n\n\n\n<p class=\"wp-block-paragraph\"><strong>Lees ook: <a href=\"https:\/\/loudavymkrokem.cz\/nl\/pisek-met-kinderen\/\">P\u00edsek met kinderen: 40 tips van een lokale moeder voor speelhallen, speeltuinen en uitstapjes<\/a><\/strong>, waar je een complete gezinsgids vindt inclusief alle speelhallen, speeltuinen en prijslijsten.<\/p>\n\n\n\n<h3 class=\"wp-block-heading\"><span class=\"ez-toc-section\" id=\"Sladovna_Pisek_reusachtige_speelgalerie\"><\/span>Sladovna P\u00edsek: reusachtige speelgalerie<span class=\"ez-toc-section-end\"><\/span><\/h3>\n\n\n\n<figure data-wp-context=\"{&quot;imageId&quot;:&quot;6a95239393938&quot;}\" data-wp-interactive=\"core\/image\" data-wp-key=\"6a95239393938\" class=\"wp-block-image size-full wp-lightbox-container\"><img decoding=\"async\" width=\"2200\" height=\"1467\" data-wp-class--hide=\"state.isContentHidden\" data-wp-class--show=\"state.isContentVisible\" data-wp-init=\"callbacks.setButtonStyles\" data-wp-on--click=\"actions.showLightbox\" data-wp-on--load=\"callbacks.setButtonStyles\" data-wp-on--pointerdown=\"actions.preloadImage\" data-wp-on--pointerenter=\"actions.preloadImageWithDelay\" data-wp-on--pointerleave=\"actions.cancelPreload\" data-wp-on-window--resize=\"callbacks.setButtonStyles\" src=\"https:\/\/loudavymkrokem.cz\/wp-content\/uploads\/2026\/08\/pisek-sladovna.jpg\" alt=\"Sladovna P\u00edsek, speelgalerie voor kinderen\" class=\"wp-image-399379\" title=\"\" srcset=\"https:\/\/loudavymkrokem.cz\/wp-content\/uploads\/2026\/08\/pisek-sladovna.jpg 2200w, https:\/\/loudavymkrokem.cz\/wp-content\/uploads\/2026\/08\/pisek-sladovna-300x200.jpg 300w, https:\/\/loudavymkrokem.cz\/wp-content\/uploads\/2026\/08\/pisek-sladovna-700x467.jpg 700w, https:\/\/loudavymkrokem.cz\/wp-content\/uploads\/2026\/08\/pisek-sladovna-768x512.jpg 768w, https:\/\/loudavymkrokem.cz\/wp-content\/uploads\/2026\/08\/pisek-sladovna-1536x1024.jpg 1536w, https:\/\/loudavymkrokem.cz\/wp-content\/uploads\/2026\/08\/pisek-sladovna-2048x1366.jpg 2048w, https:\/\/loudavymkrokem.cz\/wp-content\/uploads\/2026\/08\/pisek-sladovna-696x464.jpg 696w, https:\/\/loudavymkrokem.cz\/wp-content\/uploads\/2026\/08\/pisek-sladovna-1392x928.jpg 1392w, https:\/\/loudavymkrokem.cz\/wp-content\/uploads\/2026\/08\/pisek-sladovna-1920x1280.jpg 1920w\" sizes=\"(max-width: 2200px) 100vw, 2200px\" \/><button\n\t\t\tclass=\"lightbox-trigger\"\n\t\t\ttype=\"button\"\n\t\t\taria-haspopup=\"dialog\"\n\t\t\tdata-wp-bind--aria-label=\"state.thisImage.triggerButtonAriaLabel\"\n\t\t\tdata-wp-init=\"callbacks.initTriggerButton\"\n\t\t\tdata-wp-on--click=\"actions.showLightbox\"\n\t\t\tdata-wp-style--right=\"state.thisImage.buttonRight\"\n\t\t\tdata-wp-style--top=\"state.thisImage.buttonTop\"\n\t\t>\n\t\t\t<svg xmlns=\"http:\/\/www.w3.org\/2000\/svg\" width=\"12\" height=\"12\" fill=\"none\" viewBox=\"0 0 12 12\">\n\t\t\t\t<path fill=\"#fff\" d=\"M2 0a2 2 0 0 0-2 2v2h1.5V2a.5.5 0 0 1 .5-.5h2V0H2Zm2 10.5H2a.5.5 0 0 1-.5-.5V8H0v2a2 2 0 0 0 2 2h2v-1.5ZM8 12v-1.5h2a.5.5 0 0 0 .5-.5V8H12v2a2 2 0 0 1-2 2H8Zm2-12a2 2 0 0 1 2 2v2h-1.5V2a.5.5 0 0 0-.5-.5H8V0h2Z\" \/>\n\t\t\t<\/svg>\n\t\t<\/button><\/figure>\n\n\n\n<p class=\"wp-block-paragraph\">Dit is gewoon nummer \u00e9\u00e9n. Vier verdiepingen vol interactieve tentoonstellingen waar kinderen (en laten we eerlijk zijn, ook ouders) spelen, onderzoeken, bouwen en ontdekken. Voor de allerkleinsten van 0 tot 6 jaar is er <strong>Pila\u0159i\u0161t\u011b<\/strong>, een veilige ruimte vol prikkels. Oudere kinderen worden verslonden door <strong>Mraveni\u0161t\u011b<\/strong> en de wisselende thematische tentoonstellingen.<\/p>\n\n\n\n<p class=\"wp-block-paragraph\">Geopend dinsdag tot en met zondag 9\u201317 uur, in de zomer dagelijks inclusief maandag tot 18 uur. Toegang <strong>\u20ac 6 per persoon<\/strong>, Pila\u0159i\u0161t\u011b <strong>\u20ac 5<\/strong>, gezinskaartje 2+2 komt op \u20ac 20 en kinderen tot 3 jaar zijn gratis. En een belangrijk advies \u2013 <strong>reserveer online<\/strong>, vooral in het weekend en de schoolvakanties, want het is vaak vol.<\/p>\n\n\n\n<h3 class=\"wp-block-heading\"><span class=\"ez-toc-section\" id=\"Zandsculpturen_op_de_kade_voormalig_Cipiskoviste\"><\/span>Zandsculpturen op de kade (voormalig Cip\u00edskovi\u0161t\u011b)<span class=\"ez-toc-section-end\"><\/span><\/h3>\n\n\n\n<figure data-wp-context=\"{&quot;imageId&quot;:&quot;6a9523939403c&quot;}\" data-wp-interactive=\"core\/image\" data-wp-key=\"6a9523939403c\" class=\"wp-block-image size-full wp-lightbox-container\"><img decoding=\"async\" width=\"2000\" height=\"1333\" data-wp-class--hide=\"state.isContentHidden\" data-wp-class--show=\"state.isContentVisible\" data-wp-init=\"callbacks.setButtonStyles\" data-wp-on--click=\"actions.showLightbox\" data-wp-on--load=\"callbacks.setButtonStyles\" data-wp-on--pointerdown=\"actions.preloadImage\" data-wp-on--pointerenter=\"actions.preloadImageWithDelay\" data-wp-on--pointerleave=\"actions.cancelPreload\" data-wp-on-window--resize=\"callbacks.setButtonStyles\" src=\"https:\/\/loudavymkrokem.cz\/wp-content\/uploads\/2026\/08\/sochy-z-pisku-naplavka-kamenny-most.jpg\" alt=\"Zandsculpturen op de Otava-kade bij de stenen brug in P\u00edsek\" class=\"wp-image-399607\" title=\"\" srcset=\"https:\/\/loudavymkrokem.cz\/wp-content\/uploads\/2026\/08\/sochy-z-pisku-naplavka-kamenny-most.jpg 2000w, https:\/\/loudavymkrokem.cz\/wp-content\/uploads\/2026\/08\/sochy-z-pisku-naplavka-kamenny-most-300x200.jpg 300w, https:\/\/loudavymkrokem.cz\/wp-content\/uploads\/2026\/08\/sochy-z-pisku-naplavka-kamenny-most-700x467.jpg 700w, https:\/\/loudavymkrokem.cz\/wp-content\/uploads\/2026\/08\/sochy-z-pisku-naplavka-kamenny-most-768x512.jpg 768w, https:\/\/loudavymkrokem.cz\/wp-content\/uploads\/2026\/08\/sochy-z-pisku-naplavka-kamenny-most-1536x1024.jpg 1536w, https:\/\/loudavymkrokem.cz\/wp-content\/uploads\/2026\/08\/sochy-z-pisku-naplavka-kamenny-most-696x464.jpg 696w, https:\/\/loudavymkrokem.cz\/wp-content\/uploads\/2026\/08\/sochy-z-pisku-naplavka-kamenny-most-1392x928.jpg 1392w, https:\/\/loudavymkrokem.cz\/wp-content\/uploads\/2026\/08\/sochy-z-pisku-naplavka-kamenny-most-1920x1280.jpg 1920w\" sizes=\"(max-width: 2000px) 100vw, 2000px\" \/><button\n\t\t\tclass=\"lightbox-trigger\"\n\t\t\ttype=\"button\"\n\t\t\taria-haspopup=\"dialog\"\n\t\t\tdata-wp-bind--aria-label=\"state.thisImage.triggerButtonAriaLabel\"\n\t\t\tdata-wp-init=\"callbacks.initTriggerButton\"\n\t\t\tdata-wp-on--click=\"actions.showLightbox\"\n\t\t\tdata-wp-style--right=\"state.thisImage.buttonRight\"\n\t\t\tdata-wp-style--top=\"state.thisImage.buttonTop\"\n\t\t>\n\t\t\t<svg xmlns=\"http:\/\/www.w3.org\/2000\/svg\" width=\"12\" height=\"12\" fill=\"none\" viewBox=\"0 0 12 12\">\n\t\t\t\t<path fill=\"#fff\" d=\"M2 0a2 2 0 0 0-2 2v2h1.5V2a.5.5 0 0 1 .5-.5h2V0H2Zm2 10.5H2a.5.5 0 0 1-.5-.5V8H0v2a2 2 0 0 0 2 2h2v-1.5ZM8 12v-1.5h2a.5.5 0 0 0 .5-.5V8H12v2a2 2 0 0 1-2 2H8Zm2-12a2 2 0 0 1 2 2v2h-1.5V2a.5.5 0 0 0-.5-.5H8V0h2Z\" \/>\n\t\t\t<\/svg>\n\t\t<\/button><\/figure>\n\n\n\n<p class=\"wp-block-paragraph\">Reusachtige zandsculpturen direct bij de stenen brug, op de kade van de Otava. Elk jaar een nieuw thema, nieuwe verbazing. Het evenement heette vroeger Cip\u00edskovi\u0161t\u011b, maar heet tegenwoordig officieel Zandsculpturen in P\u00edsek en in het voorjaar wordt het begeleid door het familiefestival P\u00edskovi\u0161t\u011b. Het loopt van het voorjaar tot de zomer en het is gratis, je komt gewoon en kijkt. Kinderen zijn er weg van.<\/p>\n\n\n\n<h3 class=\"wp-block-heading\"><span class=\"ez-toc-section\" id=\"Travel_Cafe_cafe_met_zandbak\"><\/span>Travel Cafe: caf\u00e9 met zandbak<span class=\"ez-toc-section-end\"><\/span><\/h3>\n\n\n\n<figure data-wp-context=\"{&quot;imageId&quot;:&quot;6a952393946c6&quot;}\" data-wp-interactive=\"core\/image\" data-wp-key=\"6a952393946c6\" class=\"wp-block-image size-full wp-lightbox-container\"><img decoding=\"async\" width=\"2200\" height=\"1650\" data-wp-class--hide=\"state.isContentHidden\" data-wp-class--show=\"state.isContentVisible\" data-wp-init=\"callbacks.setButtonStyles\" data-wp-on--click=\"actions.showLightbox\" data-wp-on--load=\"callbacks.setButtonStyles\" data-wp-on--pointerdown=\"actions.preloadImage\" data-wp-on--pointerenter=\"actions.preloadImageWithDelay\" data-wp-on--pointerleave=\"actions.cancelPreload\" data-wp-on-window--resize=\"callbacks.setButtonStyles\" src=\"https:\/\/loudavymkrokem.cz\/wp-content\/uploads\/2026\/08\/pisek-travel-cafe-piskoviste-domecek.jpg\" alt=\"Zandbak met huisje op het terras van Travel Cafe in P\u00edsek\" class=\"wp-image-399550\" title=\"\" srcset=\"https:\/\/loudavymkrokem.cz\/wp-content\/uploads\/2026\/08\/pisek-travel-cafe-piskoviste-domecek.jpg 2200w, https:\/\/loudavymkrokem.cz\/wp-content\/uploads\/2026\/08\/pisek-travel-cafe-piskoviste-domecek-300x225.jpg 300w, https:\/\/loudavymkrokem.cz\/wp-content\/uploads\/2026\/08\/pisek-travel-cafe-piskoviste-domecek-700x525.jpg 700w, https:\/\/loudavymkrokem.cz\/wp-content\/uploads\/2026\/08\/pisek-travel-cafe-piskoviste-domecek-768x576.jpg 768w, https:\/\/loudavymkrokem.cz\/wp-content\/uploads\/2026\/08\/pisek-travel-cafe-piskoviste-domecek-1536x1152.jpg 1536w, https:\/\/loudavymkrokem.cz\/wp-content\/uploads\/2026\/08\/pisek-travel-cafe-piskoviste-domecek-2048x1536.jpg 2048w, https:\/\/loudavymkrokem.cz\/wp-content\/uploads\/2026\/08\/pisek-travel-cafe-piskoviste-domecek-80x60.jpg 80w, https:\/\/loudavymkrokem.cz\/wp-content\/uploads\/2026\/08\/pisek-travel-cafe-piskoviste-domecek-160x120.jpg 160w, https:\/\/loudavymkrokem.cz\/wp-content\/uploads\/2026\/08\/pisek-travel-cafe-piskoviste-domecek-696x522.jpg 696w, https:\/\/loudavymkrokem.cz\/wp-content\/uploads\/2026\/08\/pisek-travel-cafe-piskoviste-domecek-1392x1044.jpg 1392w, https:\/\/loudavymkrokem.cz\/wp-content\/uploads\/2026\/08\/pisek-travel-cafe-piskoviste-domecek-1920x1440.jpg 1920w\" sizes=\"(max-width: 2200px) 100vw, 2200px\" \/><button\n\t\t\tclass=\"lightbox-trigger\"\n\t\t\ttype=\"button\"\n\t\t\taria-haspopup=\"dialog\"\n\t\t\tdata-wp-bind--aria-label=\"state.thisImage.triggerButtonAriaLabel\"\n\t\t\tdata-wp-init=\"callbacks.initTriggerButton\"\n\t\t\tdata-wp-on--click=\"actions.showLightbox\"\n\t\t\tdata-wp-style--right=\"state.thisImage.buttonRight\"\n\t\t\tdata-wp-style--top=\"state.thisImage.buttonTop\"\n\t\t>\n\t\t\t<svg xmlns=\"http:\/\/www.w3.org\/2000\/svg\" width=\"12\" height=\"12\" fill=\"none\" viewBox=\"0 0 12 12\">\n\t\t\t\t<path fill=\"#fff\" d=\"M2 0a2 2 0 0 0-2 2v2h1.5V2a.5.5 0 0 1 .5-.5h2V0H2Zm2 10.5H2a.5.5 0 0 1-.5-.5V8H0v2a2 2 0 0 0 2 2h2v-1.5ZM8 12v-1.5h2a.5.5 0 0 0 .5-.5V8H12v2a2 2 0 0 1-2 2H8Zm2-12a2 2 0 0 1 2 2v2h-1.5V2a.5.5 0 0 0-.5-.5H8V0h2Z\" \/>\n\t\t\t<\/svg>\n\t\t<\/button><\/figure>\n\n\n\n<p class=\"wp-block-paragraph\">Dit is <strong>onze vaste gezinsfavoriet<\/strong> en volgens mij het beste caf\u00e9 van P\u00edsek. Je vindt <strong>Travel Cafe<\/strong> in de Komensk\u00e9ho-straat onder het gymnasium, twee minuten van het Grote Plein. &#8217;s Ochtends ontbijt en brunch, overdag een bistro met specialty coffee, &#8217;s avonds een glaasje wijn, en vooral een <strong>terras op de binnenplaats met zandbak en huisje<\/strong>, waardoor je je koffie echt rustig opdrinkt. We zitten hier bijna altijd buiten en eten met z&#8217;n allen: ze hebben perfecte ontbijten en lichte lunches en onze kleine neemt pannenkoekjes. In de zomer organiseren ze hier ook kindervoorstellingen.<\/p>\n\n\n\n<p class=\"wp-block-paragraph\">\ud83d\udca1 <strong>Tip:<\/strong> Een kinderhoek hebben ook <strong>SOHO Cafe<\/strong> op het Grote Plein, <strong>Sova na V\u011btvi<\/strong> bij de stenen brug en <strong>Upekla<\/strong> in de bibliotheek (zandbak op de binnenplaats).<\/p>\n\n\n\n<h3 class=\"wp-block-heading\"><span class=\"ez-toc-section\" id=\"Speelhallen_in_Pisek_Myska_herna_en_co\"><\/span>Speelhallen in P\u00edsek: My\u0161ka herna en co.<span class=\"ez-toc-section-end\"><\/span><\/h3>\n\n\n\n<figure data-wp-context=\"{&quot;imageId&quot;:&quot;6a95239394d77&quot;}\" data-wp-interactive=\"core\/image\" data-wp-key=\"6a95239394d77\" class=\"wp-block-image size-full wp-lightbox-container\"><img decoding=\"async\" width=\"2200\" height=\"1467\" data-wp-class--hide=\"state.isContentHidden\" data-wp-class--show=\"state.isContentVisible\" data-wp-init=\"callbacks.setButtonStyles\" data-wp-on--click=\"actions.showLightbox\" data-wp-on--load=\"callbacks.setButtonStyles\" data-wp-on--pointerdown=\"actions.preloadImage\" data-wp-on--pointerenter=\"actions.preloadImageWithDelay\" data-wp-on--pointerleave=\"actions.cancelPreload\" data-wp-on-window--resize=\"callbacks.setButtonStyles\" src=\"https:\/\/loudavymkrokem.cz\/wp-content\/uploads\/2026\/08\/pisek-myska-herna-bazenek-s-micky.jpg\" alt=\"Ballenbak in My\u0161ka herna in P\u00edsek\" class=\"wp-image-399531\" title=\"\" srcset=\"https:\/\/loudavymkrokem.cz\/wp-content\/uploads\/2026\/08\/pisek-myska-herna-bazenek-s-micky.jpg 2200w, https:\/\/loudavymkrokem.cz\/wp-content\/uploads\/2026\/08\/pisek-myska-herna-bazenek-s-micky-300x200.jpg 300w, https:\/\/loudavymkrokem.cz\/wp-content\/uploads\/2026\/08\/pisek-myska-herna-bazenek-s-micky-700x467.jpg 700w, https:\/\/loudavymkrokem.cz\/wp-content\/uploads\/2026\/08\/pisek-myska-herna-bazenek-s-micky-768x512.jpg 768w, https:\/\/loudavymkrokem.cz\/wp-content\/uploads\/2026\/08\/pisek-myska-herna-bazenek-s-micky-1536x1024.jpg 1536w, https:\/\/loudavymkrokem.cz\/wp-content\/uploads\/2026\/08\/pisek-myska-herna-bazenek-s-micky-2048x1366.jpg 2048w, https:\/\/loudavymkrokem.cz\/wp-content\/uploads\/2026\/08\/pisek-myska-herna-bazenek-s-micky-696x464.jpg 696w, https:\/\/loudavymkrokem.cz\/wp-content\/uploads\/2026\/08\/pisek-myska-herna-bazenek-s-micky-1392x928.jpg 1392w, https:\/\/loudavymkrokem.cz\/wp-content\/uploads\/2026\/08\/pisek-myska-herna-bazenek-s-micky-1920x1280.jpg 1920w\" sizes=\"(max-width: 2200px) 100vw, 2200px\" \/><button\n\t\t\tclass=\"lightbox-trigger\"\n\t\t\ttype=\"button\"\n\t\t\taria-haspopup=\"dialog\"\n\t\t\tdata-wp-bind--aria-label=\"state.thisImage.triggerButtonAriaLabel\"\n\t\t\tdata-wp-init=\"callbacks.initTriggerButton\"\n\t\t\tdata-wp-on--click=\"actions.showLightbox\"\n\t\t\tdata-wp-style--right=\"state.thisImage.buttonRight\"\n\t\t\tdata-wp-style--top=\"state.thisImage.buttonTop\"\n\t\t>\n\t\t\t<svg xmlns=\"http:\/\/www.w3.org\/2000\/svg\" width=\"12\" height=\"12\" fill=\"none\" viewBox=\"0 0 12 12\">\n\t\t\t\t<path fill=\"#fff\" d=\"M2 0a2 2 0 0 0-2 2v2h1.5V2a.5.5 0 0 1 .5-.5h2V0H2Zm2 10.5H2a.5.5 0 0 1-.5-.5V8H0v2a2 2 0 0 0 2 2h2v-1.5ZM8 12v-1.5h2a.5.5 0 0 0 .5-.5V8H12v2a2 2 0 0 1-2 2H8Zm2-12a2 2 0 0 1 2 2v2h-1.5V2a.5.5 0 0 0-.5-.5H8V0h2Z\" \/>\n\t\t\t<\/svg>\n\t\t<\/button><\/figure>\n\n\n\n<p class=\"wp-block-paragraph\">Als het weer niet meewerkt, redden de speelhallen ons. De grootste binnenspeeltuin van de stad is <strong>My\u0161ka herna<\/strong> (V Porty\u010di 450): klimtoestellen, glijbanen, trampoline, foam-bouwstenen en een caf\u00e9 voor de ouders. De inrichting is inmiddels behoorlijk verouderd, maar het is nog steeds de grootste speelhal van P\u00edsek, dus we gaan er toch heen. Een dagkaart voor een kind van 1 tot 10 jaar kost <strong>\u20ac 5<\/strong>, een uur \u20ac 3,50, volwassenen \u20ac 2, op vrijdag gesloten. Peuters van \u00e9\u00e9n tot drie jaar waarderen de donderdagse <strong>Montessori-werkplaats Fazole<\/strong> (\u20ac 8, max. 6 kinderen), schoolkinderen weer het <strong>klimcentrum LezeTop<\/strong> met kinderwand of de <strong>Laser Arena<\/strong> in warenhuis Luna.<\/p>\n\n\n\n<p class=\"wp-block-paragraph\">Een compleet overzicht van de speelhallen inclusief openingstijden en prijzen vind je in het artikel <a href=\"https:\/\/loudavymkrokem.cz\/nl\/pisek-met-kinderen\/\">P\u00edsek met kinderen<\/a> en een doorlopend bijgewerkte lijst van speelhallen, caf\u00e9s met kinderhoek en speeltuinen op <a href=\"https:\/\/pisek.info\/deti\/hernicky\" target=\"_blank\" rel=\"noopener\">pisek.info\/deti\/hernicky<\/a>.<\/p>\n\n\n\n<h3 class=\"wp-block-heading\"><span class=\"ez-toc-section\" id=\"Wildbaan_U_Vodaka\"><\/span>Wildbaan U Vod\u00e1ka<span class=\"ez-toc-section-end\"><\/span><\/h3>\n\n\n\n<figure data-wp-context=\"{&quot;imageId&quot;:&quot;6a952393953f6&quot;}\" data-wp-interactive=\"core\/image\" data-wp-key=\"6a952393953f6\" class=\"wp-block-image size-full wp-lightbox-container\"><img decoding=\"async\" width=\"960\" height=\"640\" data-wp-class--hide=\"state.isContentHidden\" data-wp-class--show=\"state.isContentVisible\" data-wp-init=\"callbacks.setButtonStyles\" data-wp-on--click=\"actions.showLightbox\" data-wp-on--load=\"callbacks.setButtonStyles\" data-wp-on--pointerdown=\"actions.preloadImage\" data-wp-on--pointerenter=\"actions.preloadImageWithDelay\" data-wp-on--pointerleave=\"actions.cancelPreload\" data-wp-on-window--resize=\"callbacks.setButtonStyles\" src=\"https:\/\/loudavymkrokem.cz\/wp-content\/uploads\/2026\/08\/oburka-u-vodaka-danci.jpg\" alt=\"Damherten in de wildbaan U Vod\u00e1ka in de bergen van P\u00edsek\" class=\"wp-image-399639\" title=\"\" srcset=\"https:\/\/loudavymkrokem.cz\/wp-content\/uploads\/2026\/08\/oburka-u-vodaka-danci.jpg 960w, https:\/\/loudavymkrokem.cz\/wp-content\/uploads\/2026\/08\/oburka-u-vodaka-danci-300x200.jpg 300w, https:\/\/loudavymkrokem.cz\/wp-content\/uploads\/2026\/08\/oburka-u-vodaka-danci-700x467.jpg 700w, https:\/\/loudavymkrokem.cz\/wp-content\/uploads\/2026\/08\/oburka-u-vodaka-danci-768x512.jpg 768w, https:\/\/loudavymkrokem.cz\/wp-content\/uploads\/2026\/08\/oburka-u-vodaka-danci-696x464.jpg 696w\" sizes=\"(max-width: 960px) 100vw, 960px\" \/><button\n\t\t\tclass=\"lightbox-trigger\"\n\t\t\ttype=\"button\"\n\t\t\taria-haspopup=\"dialog\"\n\t\t\tdata-wp-bind--aria-label=\"state.thisImage.triggerButtonAriaLabel\"\n\t\t\tdata-wp-init=\"callbacks.initTriggerButton\"\n\t\t\tdata-wp-on--click=\"actions.showLightbox\"\n\t\t\tdata-wp-style--right=\"state.thisImage.buttonRight\"\n\t\t\tdata-wp-style--top=\"state.thisImage.buttonTop\"\n\t\t>\n\t\t\t<svg xmlns=\"http:\/\/www.w3.org\/2000\/svg\" width=\"12\" height=\"12\" fill=\"none\" viewBox=\"0 0 12 12\">\n\t\t\t\t<path fill=\"#fff\" d=\"M2 0a2 2 0 0 0-2 2v2h1.5V2a.5.5 0 0 1 .5-.5h2V0H2Zm2 10.5H2a.5.5 0 0 1-.5-.5V8H0v2a2 2 0 0 0 2 2h2v-1.5ZM8 12v-1.5h2a.5.5 0 0 0 .5-.5V8H12v2a2 2 0 0 1-2 2H8Zm2-12a2 2 0 0 1 2 2v2h-1.5V2a.5.5 0 0 0-.5-.5H8V0h2Z\" \/>\n\t\t\t<\/svg>\n\t\t<\/button><\/figure>\n\n\n\n<p class=\"wp-block-paragraph\">Een boswildbaan waar je <strong>moeflons en damherten<\/strong> observeert vanaf een uitkijkplatform en langs het hek. De dieren zijn aan mensen gewend, dus je ziet ze bijna altijd, en vooral de damherten laten zich graag bewonderen. De wandeling is niet zwaar, ook kleine voetjes redden het, en het bos eromheen is prachtig in elk seizoen.<\/p>\n\n\n\n<h3 class=\"wp-block-heading\"><span class=\"ez-toc-section\" id=\"Chalet_Zivec_en_het_3D-doolhof\"><\/span>Chalet \u017divec en het 3D-doolhof<span class=\"ez-toc-section-end\"><\/span><\/h3>\n\n\n\n<figure data-wp-context=\"{&quot;imageId&quot;:&quot;6a95239395a1a&quot;}\" data-wp-interactive=\"core\/image\" data-wp-key=\"6a95239395a1a\" class=\"wp-block-image size-full wp-lightbox-container\"><img decoding=\"async\" width=\"1200\" height=\"600\" data-wp-class--hide=\"state.isContentHidden\" data-wp-class--show=\"state.isContentVisible\" data-wp-init=\"callbacks.setButtonStyles\" data-wp-on--click=\"actions.showLightbox\" data-wp-on--load=\"callbacks.setButtonStyles\" data-wp-on--pointerdown=\"actions.preloadImage\" data-wp-on--pointerenter=\"actions.preloadImageWithDelay\" data-wp-on--pointerleave=\"actions.cancelPreload\" data-wp-on-window--resize=\"callbacks.setButtonStyles\" src=\"https:\/\/loudavymkrokem.cz\/wp-content\/uploads\/2026\/08\/chata-zivec-3d-bludiste-pisecke-hory.jpg\" alt=\"Touwspeeltuin en 3D-doolhof bij chalet \u017divec in de bergen van P\u00edsek\" class=\"wp-image-399626\" title=\"\" srcset=\"https:\/\/loudavymkrokem.cz\/wp-content\/uploads\/2026\/08\/chata-zivec-3d-bludiste-pisecke-hory.jpg 1200w, https:\/\/loudavymkrokem.cz\/wp-content\/uploads\/2026\/08\/chata-zivec-3d-bludiste-pisecke-hory-300x150.jpg 300w, https:\/\/loudavymkrokem.cz\/wp-content\/uploads\/2026\/08\/chata-zivec-3d-bludiste-pisecke-hory-700x350.jpg 700w, https:\/\/loudavymkrokem.cz\/wp-content\/uploads\/2026\/08\/chata-zivec-3d-bludiste-pisecke-hory-768x384.jpg 768w, https:\/\/loudavymkrokem.cz\/wp-content\/uploads\/2026\/08\/chata-zivec-3d-bludiste-pisecke-hory-696x348.jpg 696w\" sizes=\"(max-width: 1200px) 100vw, 1200px\" \/><button\n\t\t\tclass=\"lightbox-trigger\"\n\t\t\ttype=\"button\"\n\t\t\taria-haspopup=\"dialog\"\n\t\t\tdata-wp-bind--aria-label=\"state.thisImage.triggerButtonAriaLabel\"\n\t\t\tdata-wp-init=\"callbacks.initTriggerButton\"\n\t\t\tdata-wp-on--click=\"actions.showLightbox\"\n\t\t\tdata-wp-style--right=\"state.thisImage.buttonRight\"\n\t\t\tdata-wp-style--top=\"state.thisImage.buttonTop\"\n\t\t>\n\t\t\t<svg xmlns=\"http:\/\/www.w3.org\/2000\/svg\" width=\"12\" height=\"12\" fill=\"none\" viewBox=\"0 0 12 12\">\n\t\t\t\t<path fill=\"#fff\" d=\"M2 0a2 2 0 0 0-2 2v2h1.5V2a.5.5 0 0 1 .5-.5h2V0H2Zm2 10.5H2a.5.5 0 0 1-.5-.5V8H0v2a2 2 0 0 0 2 2h2v-1.5ZM8 12v-1.5h2a.5.5 0 0 0 .5-.5V8H12v2a2 2 0 0 1-2 2H8Zm2-12a2 2 0 0 1 2 2v2h-1.5V2a.5.5 0 0 0-.5-.5H8V0h2Z\" \/>\n\t\t\t<\/svg>\n\t\t<\/button><\/figure>\n\n\n\n<p class=\"wp-block-paragraph\">In de bergen van P\u00edsek vind je chalet \u017divec met een bosspeeltuin en vooral een <strong>netdoolhof in de boomtoppen<\/strong>. Kinderen klimmen, kruipen, hangen in de lucht en zijn absoluut in extase. Voor de ouders: beneden is er een versnaperingskraam en bankjes. Dus prima. \ud83d\ude01<\/p>\n\n\n\n<h3 class=\"wp-block-heading\"><span class=\"ez-toc-section\" id=\"Het_Stadseiland\"><\/span>Het Stadseiland<span class=\"ez-toc-section-end\"><\/span><\/h3>\n\n\n\n<figure data-wp-context=\"{&quot;imageId&quot;:&quot;6a95239395fbf&quot;}\" data-wp-interactive=\"core\/image\" data-wp-key=\"6a95239395fbf\" class=\"wp-block-image size-full wp-lightbox-container\"><img decoding=\"async\" width=\"1200\" height=\"800\" data-wp-class--hide=\"state.isContentHidden\" data-wp-class--show=\"state.isContentVisible\" data-wp-init=\"callbacks.setButtonStyles\" data-wp-on--click=\"actions.showLightbox\" data-wp-on--load=\"callbacks.setButtonStyles\" data-wp-on--pointerdown=\"actions.preloadImage\" data-wp-on--pointerenter=\"actions.preloadImageWithDelay\" data-wp-on--pointerleave=\"actions.cancelPreload\" data-wp-on-window--resize=\"callbacks.setButtonStyles\" src=\"https:\/\/loudavymkrokem.cz\/wp-content\/uploads\/2026\/08\/mestsky-ostrov-pisek-zahradka.jpg\" alt=\"Zomerterras op het Stadseiland in P\u00edsek\" class=\"wp-image-399671\" title=\"\" srcset=\"https:\/\/loudavymkrokem.cz\/wp-content\/uploads\/2026\/08\/mestsky-ostrov-pisek-zahradka.jpg 1200w, https:\/\/loudavymkrokem.cz\/wp-content\/uploads\/2026\/08\/mestsky-ostrov-pisek-zahradka-300x200.jpg 300w, https:\/\/loudavymkrokem.cz\/wp-content\/uploads\/2026\/08\/mestsky-ostrov-pisek-zahradka-700x467.jpg 700w, https:\/\/loudavymkrokem.cz\/wp-content\/uploads\/2026\/08\/mestsky-ostrov-pisek-zahradka-768x512.jpg 768w, https:\/\/loudavymkrokem.cz\/wp-content\/uploads\/2026\/08\/mestsky-ostrov-pisek-zahradka-696x464.jpg 696w\" sizes=\"(max-width: 1200px) 100vw, 1200px\" \/><button\n\t\t\tclass=\"lightbox-trigger\"\n\t\t\ttype=\"button\"\n\t\t\taria-haspopup=\"dialog\"\n\t\t\tdata-wp-bind--aria-label=\"state.thisImage.triggerButtonAriaLabel\"\n\t\t\tdata-wp-init=\"callbacks.initTriggerButton\"\n\t\t\tdata-wp-on--click=\"actions.showLightbox\"\n\t\t\tdata-wp-style--right=\"state.thisImage.buttonRight\"\n\t\t\tdata-wp-style--top=\"state.thisImage.buttonTop\"\n\t\t>\n\t\t\t<svg xmlns=\"http:\/\/www.w3.org\/2000\/svg\" width=\"12\" height=\"12\" fill=\"none\" viewBox=\"0 0 12 12\">\n\t\t\t\t<path fill=\"#fff\" d=\"M2 0a2 2 0 0 0-2 2v2h1.5V2a.5.5 0 0 1 .5-.5h2V0H2Zm2 10.5H2a.5.5 0 0 1-.5-.5V8H0v2a2 2 0 0 0 2 2h2v-1.5ZM8 12v-1.5h2a.5.5 0 0 0 .5-.5V8H12v2a2 2 0 0 1-2 2H8Zm2-12a2 2 0 0 1 2 2v2h-1.5V2a.5.5 0 0 0-.5-.5H8V0h2Z\" \/>\n\t\t\t<\/svg>\n\t\t<\/button><\/figure>\n\n\n\n<p class=\"wp-block-paragraph\">Een eiland midden in de Otava \u2013 het klinkt sprookjesachtig en zo ziet het er ook een beetje uit. Speeltuin voor kinderen, midgetgolf, botenverhuur en een restaurant met uitzicht op de rivier. In de zomer de ideale plek voor een hele middag. De kinderen spelen, jij zit met een biertje of limonade en kijkt naar het water. Wat wil je nog meer.<\/p>\n\n\n\n<h3 class=\"wp-block-heading\"><span class=\"ez-toc-section\" id=\"Hernajs\"><\/span>Hernajs<span class=\"ez-toc-section-end\"><\/span><\/h3>\n\n\n\n<figure data-wp-context=\"{&quot;imageId&quot;:&quot;6a952393963f7&quot;}\" data-wp-interactive=\"core\/image\" data-wp-key=\"6a952393963f7\" class=\"wp-block-image size-full wp-lightbox-container\"><img decoding=\"async\" width=\"2200\" height=\"1455\" data-wp-class--hide=\"state.isContentHidden\" data-wp-class--show=\"state.isContentVisible\" data-wp-init=\"callbacks.setButtonStyles\" data-wp-on--click=\"actions.showLightbox\" data-wp-on--load=\"callbacks.setButtonStyles\" data-wp-on--pointerdown=\"actions.preloadImage\" data-wp-on--pointerenter=\"actions.preloadImageWithDelay\" data-wp-on--pointerleave=\"actions.cancelPreload\" data-wp-on-window--resize=\"callbacks.setButtonStyles\" src=\"https:\/\/loudavymkrokem.cz\/wp-content\/uploads\/2026\/08\/pisek-hernajs-hernicka-az-na-pudu.jpg\" alt=\"Speelhal Hernajs in P\u00edsek\" class=\"wp-image-399527\" title=\"\" srcset=\"https:\/\/loudavymkrokem.cz\/wp-content\/uploads\/2026\/08\/pisek-hernajs-hernicka-az-na-pudu.jpg 2200w, https:\/\/loudavymkrokem.cz\/wp-content\/uploads\/2026\/08\/pisek-hernajs-hernicka-az-na-pudu-300x198.jpg 300w, https:\/\/loudavymkrokem.cz\/wp-content\/uploads\/2026\/08\/pisek-hernajs-hernicka-az-na-pudu-700x463.jpg 700w, https:\/\/loudavymkrokem.cz\/wp-content\/uploads\/2026\/08\/pisek-hernajs-hernicka-az-na-pudu-768x508.jpg 768w, https:\/\/loudavymkrokem.cz\/wp-content\/uploads\/2026\/08\/pisek-hernajs-hernicka-az-na-pudu-1536x1016.jpg 1536w, https:\/\/loudavymkrokem.cz\/wp-content\/uploads\/2026\/08\/pisek-hernajs-hernicka-az-na-pudu-2048x1354.jpg 2048w, https:\/\/loudavymkrokem.cz\/wp-content\/uploads\/2026\/08\/pisek-hernajs-hernicka-az-na-pudu-696x460.jpg 696w, https:\/\/loudavymkrokem.cz\/wp-content\/uploads\/2026\/08\/pisek-hernajs-hernicka-az-na-pudu-1392x921.jpg 1392w, https:\/\/loudavymkrokem.cz\/wp-content\/uploads\/2026\/08\/pisek-hernajs-hernicka-az-na-pudu-1920x1270.jpg 1920w\" sizes=\"(max-width: 2200px) 100vw, 2200px\" \/><button\n\t\t\tclass=\"lightbox-trigger\"\n\t\t\ttype=\"button\"\n\t\t\taria-haspopup=\"dialog\"\n\t\t\tdata-wp-bind--aria-label=\"state.thisImage.triggerButtonAriaLabel\"\n\t\t\tdata-wp-init=\"callbacks.initTriggerButton\"\n\t\t\tdata-wp-on--click=\"actions.showLightbox\"\n\t\t\tdata-wp-style--right=\"state.thisImage.buttonRight\"\n\t\t\tdata-wp-style--top=\"state.thisImage.buttonTop\"\n\t\t>\n\t\t\t<svg xmlns=\"http:\/\/www.w3.org\/2000\/svg\" width=\"12\" height=\"12\" fill=\"none\" viewBox=\"0 0 12 12\">\n\t\t\t\t<path fill=\"#fff\" d=\"M2 0a2 2 0 0 0-2 2v2h1.5V2a.5.5 0 0 1 .5-.5h2V0H2Zm2 10.5H2a.5.5 0 0 1-.5-.5V8H0v2a2 2 0 0 0 2 2h2v-1.5ZM8 12v-1.5h2a.5.5 0 0 0 .5-.5V8H12v2a2 2 0 0 1-2 2H8Zm2-12a2 2 0 0 1 2 2v2h-1.5V2a.5.5 0 0 0-.5-.5H8V0h2Z\" \/>\n\t\t\t<\/svg>\n\t\t<\/button><\/figure>\n\n\n\n<p class=\"wp-block-paragraph\"><strong><a href=\"https:\/\/www.instagram.com\/her.najs\/\" target=\"_blank\" data-type=\"link\" data-id=\"https:\/\/www.instagram.com\/her.najs\/\" rel=\"noreferrer noopener\">Hernajs<\/a><\/strong> vind je in de Jungmann-straat, in hetzelfde pand als caf\u00e9 <strong>A\u017e na p\u016fdu<\/strong>. Ze hebben een gemeenschappelijke ingang, maar <strong>de speelhal hoort niet bij het caf\u00e9<\/strong> \u2014 het is een aparte zaak op de verdieping en je mag alleen je koffie meenemen naar de kinderen. Hij is klein en er is geen ruimte om te rennen, dus hij is vooral geschikt voor peuters tot ongeveer twee jaar. Over de workshops en zintuigenspelletjes informeren ze op hun Instagram, maar het programma verandert enorm en vaak vinden ze net niet plaats.<\/p>\n\n\n\n<h3 class=\"wp-block-heading\"><span class=\"ez-toc-section\" id=\"Mini_Academy\"><\/span>Mini Academy<span class=\"ez-toc-section-end\"><\/span><\/h3>\n\n\n\n<p class=\"wp-block-paragraph\"><strong><a href=\"https:\/\/miniacademy.cz\/?gad_source=1&amp;gad_campaignid=22872992318&amp;gbraid=0AAAABAVHf7aeYOGgZ9GHDcgoWE_YHNW6K&amp;gclid=Cj0KCQjw1ZjOBhCmARIsADDuFTAF61N7iieFbWaKkfCkX_axM0q7-K4YjE_rgSqdVOEvNxjLs5s5jeMaAh7MEALw_wcB\" target=\"_blank\" data-type=\"link\" data-id=\"https:\/\/miniacademy.cz\/?gad_source=1&amp;gad_campaignid=22872992318&amp;gbraid=0AAAABAVHf7aeYOGgZ9GHDcgoWE_YHNW6K&amp;gclid=Cj0KCQjw1ZjOBhCmARIsADDuFTAF61N7iieFbWaKkfCkX_axM0q7-K4YjE_rgSqdVOEvNxjLs5s5jeMaAh7MEALw_wcB\" rel=\"noreferrer noopener\">Een kindercentrum<\/a><\/strong>, waar ze zintuigenspel, Engels voor de kleinsten, gym met peuters en zelfs een minidisco aanbieden. De programma&#8217;s veranderen, dus het loont om hun website in de gaten te houden. Voor ouders met kleine kinderen is het een redding, je ontmoet er ook andere gezinnen uit P\u00edsek.<\/p>\n\n\n\n<h3 class=\"wp-block-heading\"><span class=\"ez-toc-section\" id=\"Verkeerstuin_bij_Wenceslas\"><\/span>Verkeerstuin bij Wenceslas<span class=\"ez-toc-section-end\"><\/span><\/h3>\n\n\n\n<figure data-wp-context=\"{&quot;imageId&quot;:&quot;6a9523939685f&quot;}\" data-wp-interactive=\"core\/image\" data-wp-key=\"6a9523939685f\" class=\"wp-block-image size-full wp-lightbox-container\"><img decoding=\"async\" width=\"1024\" height=\"461\" data-wp-class--hide=\"state.isContentHidden\" data-wp-class--show=\"state.isContentVisible\" data-wp-init=\"callbacks.setButtonStyles\" data-wp-on--click=\"actions.showLightbox\" data-wp-on--load=\"callbacks.setButtonStyles\" data-wp-on--pointerdown=\"actions.preloadImage\" data-wp-on--pointerenter=\"actions.preloadImageWithDelay\" data-wp-on--pointerleave=\"actions.cancelPreload\" data-wp-on-window--resize=\"callbacks.setButtonStyles\" src=\"https:\/\/loudavymkrokem.cz\/wp-content\/uploads\/2026\/08\/dopravni-hriste-u-sv-vaclava-pisek.jpg\" alt=\"Kinderverkeerstuin bij Sint-Wenceslas in P\u00edsek na renovatie\" class=\"wp-image-399632\" title=\"\" srcset=\"https:\/\/loudavymkrokem.cz\/wp-content\/uploads\/2026\/08\/dopravni-hriste-u-sv-vaclava-pisek.jpg 1024w, https:\/\/loudavymkrokem.cz\/wp-content\/uploads\/2026\/08\/dopravni-hriste-u-sv-vaclava-pisek-300x135.jpg 300w, https:\/\/loudavymkrokem.cz\/wp-content\/uploads\/2026\/08\/dopravni-hriste-u-sv-vaclava-pisek-700x315.jpg 700w, https:\/\/loudavymkrokem.cz\/wp-content\/uploads\/2026\/08\/dopravni-hriste-u-sv-vaclava-pisek-768x346.jpg 768w, https:\/\/loudavymkrokem.cz\/wp-content\/uploads\/2026\/08\/dopravni-hriste-u-sv-vaclava-pisek-696x313.jpg 696w\" sizes=\"(max-width: 1024px) 100vw, 1024px\" \/><button\n\t\t\tclass=\"lightbox-trigger\"\n\t\t\ttype=\"button\"\n\t\t\taria-haspopup=\"dialog\"\n\t\t\tdata-wp-bind--aria-label=\"state.thisImage.triggerButtonAriaLabel\"\n\t\t\tdata-wp-init=\"callbacks.initTriggerButton\"\n\t\t\tdata-wp-on--click=\"actions.showLightbox\"\n\t\t\tdata-wp-style--right=\"state.thisImage.buttonRight\"\n\t\t\tdata-wp-style--top=\"state.thisImage.buttonTop\"\n\t\t>\n\t\t\t<svg xmlns=\"http:\/\/www.w3.org\/2000\/svg\" width=\"12\" height=\"12\" fill=\"none\" viewBox=\"0 0 12 12\">\n\t\t\t\t<path fill=\"#fff\" d=\"M2 0a2 2 0 0 0-2 2v2h1.5V2a.5.5 0 0 1 .5-.5h2V0H2Zm2 10.5H2a.5.5 0 0 1-.5-.5V8H0v2a2 2 0 0 0 2 2h2v-1.5ZM8 12v-1.5h2a.5.5 0 0 0 .5-.5V8H12v2a2 2 0 0 1-2 2H8Zm2-12a2 2 0 0 1 2 2v2h-1.5V2a.5.5 0 0 0-.5-.5H8V0h2Z\" \/>\n\t\t\t<\/svg>\n\t\t<\/button><\/figure>\n\n\n\n<p class=\"wp-block-paragraph\">Bij het zwembad vind je een gerenoveerde verkeerstuin met stoplichten, een rotonde en alles wat kleine bestuurders nodig hebben. De kinderen leren hier de verkeersregels en hebben er tegelijk plezier in. En omdat hier ook <strong>YEZ Caf\u00e9<\/strong> met een zandbak voor de kleinsten zit, kun jij ondertussen rustig iets eten en vermaken jongere broertjes en zusjes zich ook. Praktisch, leuk, functioneel.<\/p>\n\n\n\n<h3 class=\"wp-block-heading\"><span class=\"ez-toc-section\" id=\"Nase_zviratka_Putim_gratis_minizoo\"><\/span>Na\u0161e zv\u00ed\u0159\u00e1tka Putim: gratis minizoo<span class=\"ez-toc-section-end\"><\/span><\/h3>\n\n\n\n<figure data-wp-context=\"{&quot;imageId&quot;:&quot;6a95239396ce9&quot;}\" data-wp-interactive=\"core\/image\" data-wp-key=\"6a95239396ce9\" class=\"wp-block-image size-full wp-lightbox-container\"><img decoding=\"async\" width=\"1000\" height=\"563\" data-wp-class--hide=\"state.isContentHidden\" data-wp-class--show=\"state.isContentVisible\" data-wp-init=\"callbacks.setButtonStyles\" data-wp-on--click=\"actions.showLightbox\" data-wp-on--load=\"callbacks.setButtonStyles\" data-wp-on--pointerdown=\"actions.preloadImage\" data-wp-on--pointerenter=\"actions.preloadImageWithDelay\" data-wp-on--pointerleave=\"actions.cancelPreload\" data-wp-on-window--resize=\"callbacks.setButtonStyles\" src=\"https:\/\/loudavymkrokem.cz\/wp-content\/uploads\/2026\/08\/nase-zviratka-putim-klokan.jpg\" alt=\"Kangoeroe in de minizoo Na\u0161e zv\u00ed\u0159\u00e1tka in Putim\" class=\"wp-image-399583\" title=\"\" srcset=\"https:\/\/loudavymkrokem.cz\/wp-content\/uploads\/2026\/08\/nase-zviratka-putim-klokan.jpg 1000w, https:\/\/loudavymkrokem.cz\/wp-content\/uploads\/2026\/08\/nase-zviratka-putim-klokan-300x169.jpg 300w, https:\/\/loudavymkrokem.cz\/wp-content\/uploads\/2026\/08\/nase-zviratka-putim-klokan-700x394.jpg 700w, https:\/\/loudavymkrokem.cz\/wp-content\/uploads\/2026\/08\/nase-zviratka-putim-klokan-768x432.jpg 768w, https:\/\/loudavymkrokem.cz\/wp-content\/uploads\/2026\/08\/nase-zviratka-putim-klokan-696x392.jpg 696w\" sizes=\"(max-width: 1000px) 100vw, 1000px\" \/><button\n\t\t\tclass=\"lightbox-trigger\"\n\t\t\ttype=\"button\"\n\t\t\taria-haspopup=\"dialog\"\n\t\t\tdata-wp-bind--aria-label=\"state.thisImage.triggerButtonAriaLabel\"\n\t\t\tdata-wp-init=\"callbacks.initTriggerButton\"\n\t\t\tdata-wp-on--click=\"actions.showLightbox\"\n\t\t\tdata-wp-style--right=\"state.thisImage.buttonRight\"\n\t\t\tdata-wp-style--top=\"state.thisImage.buttonTop\"\n\t\t>\n\t\t\t<svg xmlns=\"http:\/\/www.w3.org\/2000\/svg\" width=\"12\" height=\"12\" fill=\"none\" viewBox=\"0 0 12 12\">\n\t\t\t\t<path fill=\"#fff\" d=\"M2 0a2 2 0 0 0-2 2v2h1.5V2a.5.5 0 0 1 .5-.5h2V0H2Zm2 10.5H2a.5.5 0 0 1-.5-.5V8H0v2a2 2 0 0 0 2 2h2v-1.5ZM8 12v-1.5h2a.5.5 0 0 0 .5-.5V8H12v2a2 2 0 0 1-2 2H8Zm2-12a2 2 0 0 1 2 2v2h-1.5V2a.5.5 0 0 0-.5-.5H8V0h2Z\" \/>\n\t\t\t<\/svg>\n\t\t<\/button><\/figure>\n\n\n\n<p class=\"wp-block-paragraph\">Dit is mijn favoriete tip voor de allerkleinste kinderen. In Putim, <strong>tien minuten met de auto van P\u00edsek<\/strong>, is de familie-minizoo Na\u0161e zv\u00ed\u0159\u00e1tka, waar je kangoeroes, stokstaartjes, geiten, roofvogels en een pratende raaf ontmoet, en waar bovendien een retro-speeltuin met schommels en zandbak is. En nu het beste: <strong>de toegang is gratis<\/strong>, je betaalt alleen een vrijwillige bijdrage in het spaarpotje (aanbevolen \u20ac 2 tot \u20ac 4), dagelijks geopend van 9 tot 19 uur.<\/p>\n\n\n\n<p class=\"wp-block-paragraph\">\ud83d\udca1 <strong>Tip:<\/strong> Combineer het met een wandeling door Putim, het dorp dat beroemd is dankzij \u0160vejk. En als je kinderen dromen van paarden, is er een stukje buiten P\u00edsek in Smrkovice de <strong>Stal Merlin<\/strong>, waar je een ritje op een pony of een wandeling met een lama of alpaca kunt afspreken. Bel wel van tevoren, alles werkt hier op afspraak en de prijzen zijn op aanvraag.<\/p>\n\n\n\n<h3 class=\"wp-block-heading\"><span class=\"ez-toc-section\" id=\"Zwembad_bij_Wenceslas_zwemmen_met_uitzicht_op_de_Otava\"><\/span>Zwembad bij Wenceslas: zwemmen met uitzicht op de Otava<span class=\"ez-toc-section-end\"><\/span><\/h3>\n\n\n\n<p class=\"wp-block-paragraph\">Als het heet is, gaan de gezinnen van P\u00edsek naar het zwembad bij Wenceslas, dat hier al ruim 75 jaar bestaat. Het is zo&#8217;n klassieker aan de oever van de rivier: een <strong>kinderbad met glijbaan, een pierenbadje<\/strong> en wie wil, zwemt meteen in de Otava. Volwassenen betalen <strong>\u20ac 3,50 per dag<\/strong>, kinderen tot 140 cm \u20ac 2,50 en een gezinskaartje komt op \u20ac 9, wat volgens mij meer dan eerlijk is. Op het terrein huur je bovendien een bootje voor een paar euro per uur en de versnaperingskraam is direct bij het water.<\/p>\n\n\n\n<h3 class=\"wp-block-heading\"><span class=\"ez-toc-section\" id=\"Met_de_kano_over_de_Otava_kanovaren_ook_voor_gezinnen\"><\/span>Met de kano over de Otava: kanovaren ook voor gezinnen<span class=\"ez-toc-section-end\"><\/span><\/h3>\n\n\n\n<p class=\"wp-block-paragraph\">De Otava rond P\u00edsek is een rustige en trage rivier, ideaal voor de eerste kanopogingen met kinderen. Verhuurbedrijven brengen de boten gratis rechtstreeks naar P\u00edsek, een <strong>gezinskano voor twee volwassenen en twee kinderen kost ongeveer \u20ac 30 per dag<\/strong>, een grote raft voor zes personen zo&#8217;n \u20ac 64, en bij de prijs zitten reddingsvesten, tonnen en peddels inbegrepen. Je hoeft niet meteen een dagvullende expeditie te plannen, de verhuurbedrijven kunnen ook <strong>korte middagtochten van anderhalf tot drie uur<\/strong> regelen, het precieze traject adviseren ze op basis van de actuele waterstand.<\/p>\n\n\n\n<h3 class=\"wp-block-heading\"><span class=\"ez-toc-section\" id=\"Zemeraj_bij_Kovarov_een_dag_in_de_vroege_middeleeuwen\"><\/span>Zem\u011br\u00e1j bij Kov\u00e1\u0159ov: een dag in de vroege middeleeuwen<span class=\"ez-toc-section-end\"><\/span><\/h3>\n\n\n\n<figure data-wp-context=\"{&quot;imageId&quot;:&quot;6a952393973c3&quot;}\" data-wp-interactive=\"core\/image\" data-wp-key=\"6a952393973c3\" class=\"wp-block-image size-full wp-lightbox-container\"><img decoding=\"async\" width=\"1400\" height=\"550\" data-wp-class--hide=\"state.isContentHidden\" data-wp-class--show=\"state.isContentVisible\" data-wp-init=\"callbacks.setButtonStyles\" data-wp-on--click=\"actions.showLightbox\" data-wp-on--load=\"callbacks.setButtonStyles\" data-wp-on--pointerdown=\"actions.preloadImage\" data-wp-on--pointerenter=\"actions.preloadImageWithDelay\" data-wp-on--pointerleave=\"actions.cancelPreload\" data-wp-on-window--resize=\"callbacks.setButtonStyles\" src=\"https:\/\/loudavymkrokem.cz\/wp-content\/uploads\/2026\/08\/zemeraj-kovarov-lidova-staveni.jpg\" alt=\"Volksgebouwen in het belevingspark Zem\u011br\u00e1j bij Kov\u00e1\u0159ov\" class=\"wp-image-399579\" title=\"\" srcset=\"https:\/\/loudavymkrokem.cz\/wp-content\/uploads\/2026\/08\/zemeraj-kovarov-lidova-staveni.jpg 1400w, https:\/\/loudavymkrokem.cz\/wp-content\/uploads\/2026\/08\/zemeraj-kovarov-lidova-staveni-300x118.jpg 300w, https:\/\/loudavymkrokem.cz\/wp-content\/uploads\/2026\/08\/zemeraj-kovarov-lidova-staveni-700x275.jpg 700w, https:\/\/loudavymkrokem.cz\/wp-content\/uploads\/2026\/08\/zemeraj-kovarov-lidova-staveni-768x302.jpg 768w, https:\/\/loudavymkrokem.cz\/wp-content\/uploads\/2026\/08\/zemeraj-kovarov-lidova-staveni-696x273.jpg 696w, https:\/\/loudavymkrokem.cz\/wp-content\/uploads\/2026\/08\/zemeraj-kovarov-lidova-staveni-1392x547.jpg 1392w\" sizes=\"(max-width: 1400px) 100vw, 1400px\" \/><button\n\t\t\tclass=\"lightbox-trigger\"\n\t\t\ttype=\"button\"\n\t\t\taria-haspopup=\"dialog\"\n\t\t\tdata-wp-bind--aria-label=\"state.thisImage.triggerButtonAriaLabel\"\n\t\t\tdata-wp-init=\"callbacks.initTriggerButton\"\n\t\t\tdata-wp-on--click=\"actions.showLightbox\"\n\t\t\tdata-wp-style--right=\"state.thisImage.buttonRight\"\n\t\t\tdata-wp-style--top=\"state.thisImage.buttonTop\"\n\t\t>\n\t\t\t<svg xmlns=\"http:\/\/www.w3.org\/2000\/svg\" width=\"12\" height=\"12\" fill=\"none\" viewBox=\"0 0 12 12\">\n\t\t\t\t<path fill=\"#fff\" d=\"M2 0a2 2 0 0 0-2 2v2h1.5V2a.5.5 0 0 1 .5-.5h2V0H2Zm2 10.5H2a.5.5 0 0 1-.5-.5V8H0v2a2 2 0 0 0 2 2h2v-1.5ZM8 12v-1.5h2a.5.5 0 0 0 .5-.5V8H12v2a2 2 0 0 1-2 2H8Zm2-12a2 2 0 0 1 2 2v2h-1.5V2a.5.5 0 0 0-.5-.5H8V0h2Z\" \/>\n\t\t\t<\/svg>\n\t\t<\/button><\/figure>\n\n\n\n<p class=\"wp-block-paragraph\">Voor dit uitstapje moet je een hele dag uittrekken. Het belevingspark <strong>Zem\u011br\u00e1j<\/strong> bij Kov\u00e1\u0159ov (zo&#8217;n 35 minuten met de auto richting Milevsko) is een tot leven gebracht archeologisch openluchtmuseum van een vroegmiddeleeuws dorp, waar kinderen alles zelf mogen aanraken: er wordt graan gemalen, historische ambachten uitgeprobeerd, en er is bovendien een <strong>kilometerlang blotevoetenpad<\/strong>, een waterspeeltuin, een doolhof en meer dan honderd spellen en breinbrekers verspreid over het terrein.<\/p>\n\n\n\n<p class=\"wp-block-paragraph\">De toegang is <strong>\u20ac 8 voor volwassenen en \u20ac 7 voor kinderen vanaf 2 jaar<\/strong>, kleinere kinderen gratis en parkeren ook. Geopend van mei tot eind september, in de schoolvakanties dagelijks van 9:30 tot 18:30 uur, buiten de vakanties vooral in het weekend. \ud83d\udca1 <strong>Tip:<\/strong> Neem voor het blotevoetenpad een handdoek mee om je voeten af te spoelen, je zult hem willen hebben.<\/p>\n\n\n\n<h3 class=\"wp-block-heading\"><span class=\"ez-toc-section\" id=\"Met_treintje_Elinka_over_de_Regenboogbrug\"><\/span>Met treintje Elinka over de Regenboogbrug<span class=\"ez-toc-section-end\"><\/span><\/h3>\n\n\n\n<p class=\"wp-block-paragraph\">Dit is een hartendief voor kleine en grote fans van treintjes. Op vakantiezaterdagen rijdt op het traject van T\u00e1bor naar Bechyn\u011b het historische elektrische rijtuig <strong>Elinka uit 1903<\/strong>, de oudste in zijn soort in Tsjechi\u00eb, met de prachtige locomotief Bobinka. Het traject is trouwens historisch, het is de eerste ge\u00eblektrificeerde spoorlijn van het land en de trein rijdt onderweg over de beroemde <strong>Bechyn\u011b Regenboogbrug<\/strong>.<\/p>\n\n\n\n<p class=\"wp-block-paragraph\">Vanuit P\u00edsek kun je het gemakkelijkst naar Bechyn\u011b komen (een half uur met de auto) en instappen op de retourverbindingen rond 11:25 en 15:25 uur. Een ticket kost <strong>\u20ac 8 voor volwassenen en \u20ac 4 voor kinderen<\/strong> van 6 tot 15 jaar. Controleer de actuele data en tijden v\u00f3\u00f3r je reis bij de Tsjechische Spoorwegen, ze kunnen elk jaar iets verschillen.<\/p>\n\n\n\n<h2 class=\"wp-block-heading\"><span class=\"ez-toc-section\" id=\"Wat_te_doen_in_Pisek_als_het_regent\"><\/span>Wat te doen in P\u00edsek als het regent<span class=\"ez-toc-section-end\"><\/span><\/h2>\n\n\n\n<figure data-wp-context=\"{&quot;imageId&quot;:&quot;6a95239397cb0&quot;}\" data-wp-interactive=\"core\/image\" data-wp-key=\"6a95239397cb0\" class=\"wp-block-image size-full wp-lightbox-container\"><img decoding=\"async\" width=\"2200\" height=\"1467\" data-wp-class--hide=\"state.isContentHidden\" data-wp-class--show=\"state.isContentVisible\" data-wp-init=\"callbacks.setButtonStyles\" data-wp-on--click=\"actions.showLightbox\" data-wp-on--load=\"callbacks.setButtonStyles\" data-wp-on--pointerdown=\"actions.preloadImage\" data-wp-on--pointerenter=\"actions.preloadImageWithDelay\" data-wp-on--pointerleave=\"actions.cancelPreload\" data-wp-on-window--resize=\"callbacks.setButtonStyles\" src=\"https:\/\/loudavymkrokem.cz\/wp-content\/uploads\/2026\/08\/pisek-prachenske-muzeum-nadvori.jpg\" alt=\"Binnenplaats van het kasteel van P\u00edsek met het Pr\u00e1che\u0148-museum\" class=\"wp-image-399341\" title=\"\" srcset=\"https:\/\/loudavymkrokem.cz\/wp-content\/uploads\/2026\/08\/pisek-prachenske-muzeum-nadvori.jpg 2200w, https:\/\/loudavymkrokem.cz\/wp-content\/uploads\/2026\/08\/pisek-prachenske-muzeum-nadvori-300x200.jpg 300w, https:\/\/loudavymkrokem.cz\/wp-content\/uploads\/2026\/08\/pisek-prachenske-muzeum-nadvori-700x467.jpg 700w, https:\/\/loudavymkrokem.cz\/wp-content\/uploads\/2026\/08\/pisek-prachenske-muzeum-nadvori-768x512.jpg 768w, https:\/\/loudavymkrokem.cz\/wp-content\/uploads\/2026\/08\/pisek-prachenske-muzeum-nadvori-1536x1024.jpg 1536w, https:\/\/loudavymkrokem.cz\/wp-content\/uploads\/2026\/08\/pisek-prachenske-muzeum-nadvori-2048x1366.jpg 2048w, https:\/\/loudavymkrokem.cz\/wp-content\/uploads\/2026\/08\/pisek-prachenske-muzeum-nadvori-696x464.jpg 696w, https:\/\/loudavymkrokem.cz\/wp-content\/uploads\/2026\/08\/pisek-prachenske-muzeum-nadvori-1392x928.jpg 1392w, https:\/\/loudavymkrokem.cz\/wp-content\/uploads\/2026\/08\/pisek-prachenske-muzeum-nadvori-1920x1280.jpg 1920w\" sizes=\"(max-width: 2200px) 100vw, 2200px\" \/><button\n\t\t\tclass=\"lightbox-trigger\"\n\t\t\ttype=\"button\"\n\t\t\taria-haspopup=\"dialog\"\n\t\t\tdata-wp-bind--aria-label=\"state.thisImage.triggerButtonAriaLabel\"\n\t\t\tdata-wp-init=\"callbacks.initTriggerButton\"\n\t\t\tdata-wp-on--click=\"actions.showLightbox\"\n\t\t\tdata-wp-style--right=\"state.thisImage.buttonRight\"\n\t\t\tdata-wp-style--top=\"state.thisImage.buttonTop\"\n\t\t>\n\t\t\t<svg xmlns=\"http:\/\/www.w3.org\/2000\/svg\" width=\"12\" height=\"12\" fill=\"none\" viewBox=\"0 0 12 12\">\n\t\t\t\t<path fill=\"#fff\" d=\"M2 0a2 2 0 0 0-2 2v2h1.5V2a.5.5 0 0 1 .5-.5h2V0H2Zm2 10.5H2a.5.5 0 0 1-.5-.5V8H0v2a2 2 0 0 0 2 2h2v-1.5ZM8 12v-1.5h2a.5.5 0 0 0 .5-.5V8H12v2a2 2 0 0 1-2 2H8Zm2-12a2 2 0 0 1 2 2v2h-1.5V2a.5.5 0 0 0-.5-.5H8V0h2Z\" \/>\n\t\t\t<\/svg>\n\t\t<\/button><\/figure>\n\n\n\n<p class=\"wp-block-paragraph\">Een regenachtige dag in P\u00edsek is geen reden om je koffers te pakken. Sterker nog, en dat zeg ik eerlijk, sommige van de beste belevenissen zijn hier juist onder een dak. <strong>Hier is een lijst met plekken om te schuilen, zonder het gevoel te hebben dat je alleen maar tijd doodt.<\/strong><\/p>\n\n\n\n<ul class=\"wp-block-list\">\n<li><strong>Sladovna<\/strong> \u2013 de duidelijke keuze nummer \u00e9\u00e9n. Vier verdiepingen plezier voor het hele gezin, je brengt hier gerust een hele ochtend of middag door.<\/li>\n\n\n\n<li><strong>Pr\u00e1che\u0148-museum<\/strong> \u2013 een gotisch kasteel, collecties van de oertijd tot heden. In de regen krijgt die sfeer nog meer diepgang.<\/li>\n\n\n\n<li><strong>K\u0159i\u017e\u00edk-elektriciteitscentrale<\/strong> \u2013 let op, momenteel is die <strong>gesloten<\/strong> wegens renovatie. Maar houd in de gaten wanneer ze opengaat, want dat wordt de moeite waard.<\/li>\n\n\n\n<li><strong>Caf\u00e9s<\/strong> \u2013 de koffiescene in P\u00edsek is verrassend rijk. Kies <strong>Balz\u00e1m caf\u00e9<\/strong> voor rustig zitten, <strong>Sova na V\u011btvi<\/strong> voor uitstekende koffie, <strong>A\u017e na p\u016fdu<\/strong> voor ontbijt en een zitplek op het binnenplaatsje, <strong>Frame<\/strong> voor modern design en een kop koffie of matcha, <strong>Travel Cafe<\/strong> (onze favoriet, met een terras met zandbak) als je in gedachten wilt reizen en er een goede brunch bij wilt nemen. Een aparte categorie zijn de speelhallen, vooral <strong>My\u0161ka herna<\/strong>.<\/li>\n\n\n\n<li><strong>Restaurants<\/strong> \u2013 een regenachtige dag is een prima excuus voor een uitgebreide lunch. Meer in de sectie over eten hieronder.<\/li>\n\n\n\n<li><strong>Bioscoop Porty\u010d<\/strong> \u2013 verwacht geen moderne multiplex met een groot aanbod versnaperingen, maar een nieuwe film bekijk je hier voor een schappelijke prijs.<\/li>\n\n\n\n<li><strong>Museum van de maskers van Milevsko<\/strong> \u2013 een half uur met de auto en je bent in het museum van de oudste carnavalsstoet van Tsjechi\u00eb. Kinderen passen replica&#8217;s van maskers, spelen met tablets en in de werkplaats kleuren ze hun eigen masker in. Toegang \u20ac 2,50\/\u20ac 1,20, gezinskaartje \u20ac 6.<\/li>\n\n\n\n<li><strong>Aquapark Hora\u017e\u010fovice<\/strong> \u2013 veertig minuten met de auto, maar dan wel een glijbaan, wildwaterbaan, golfslag en een kinderbad met piratenschip. Een gezinskaartje voor twee uur komt op \u20ac 20. Een overdekt zwembad met een 86 meter lange glijbaan vind je ook dichterbij, in Strakonice.<\/li>\n\n\n\n<li><strong>Zwemstadion + stoombad<\/strong> \u2013 het binnenbad en het stoombad werken, alleen het buitenterrein is nu gesloten (de stad bouwt namelijk een compleet nieuw zwembad). Als er buiten toch water is, wees dan tenminste in het warme water.<\/li>\n\n\n\n<li><strong>Harmony<\/strong> \u2013 yoga, pilates, fitness, sauna, massages. Een regenachtige dag kun je toch veranderen in een wellnessdag, niet?<\/li>\n\n\n\n<li><strong>Puppy yoga in Mini Academy<\/strong> \u2013 yoga met puppy&#8217;s. Ja, je leest het goed. Yoga. Met. Puppy&#8217;s. Moet ik nog meer zeggen? \ud83d\ude05<\/li>\n<\/ul>\n\n\n\n<h2 class=\"wp-block-heading\"><span class=\"ez-toc-section\" id=\"Waar_je_in_Pisek_kunt_parkeren\"><\/span>Waar je in P\u00edsek kunt parkeren<span class=\"ez-toc-section-end\"><\/span><\/h2>\n\n\n\n<p class=\"wp-block-paragraph\">Parkeren in P\u00edsek kan soms een uitdaging zijn, en een paar dingen zijn goed om van tevoren te weten, zodat je niet onnodig door het centrum rondjes rijdt. De stad heeft drie prijszones en het systeem is overzichtelijk.<\/p>\n\n\n\n<p class=\"wp-block-paragraph\"><strong>Zone I (centrum):<\/strong><\/p>\n\n\n\n<ul class=\"wp-block-list\">\n<li>1e uur: \u20ac 0,80<\/li>\n\n\n\n<li>2e uur: \u20ac 1,20<\/li>\n\n\n\n<li>Elk volgend uur: \u20ac 2,50<\/li>\n<\/ul>\n\n\n\n<p class=\"wp-block-paragraph\"><strong>Zone II (ruimer centrum):<\/strong><\/p>\n\n\n\n<ul class=\"wp-block-list\">\n<li>1e\u20132e uur: \u20ac 0,40<\/li>\n\n\n\n<li>Elk volgend uur: \u20ac 1,20<\/li>\n<\/ul>\n\n\n\n<p class=\"wp-block-paragraph\"><strong>Zone III (rand):<\/strong><\/p>\n\n\n\n<ul class=\"wp-block-list\">\n<li>\u20ac 0,40 per uur<\/li>\n<\/ul>\n\n\n\n<p class=\"wp-block-paragraph\"><strong>Op offici\u00eble feestdagen is parkeren overal gratis en op zondag bijna overal<\/strong>, met uitzondering van het Grote Plein, waar je elke dag betaalt.<\/p>\n\n\n\n<p class=\"wp-block-paragraph\">Betalen kan via de app <strong>MPLA<\/strong>, wat waarschijnlijk de handigste optie is. Geen gezoek naar munten, geen gehol naar de automaat.<\/p>\n\n\n\n<p class=\"wp-block-paragraph\"><strong>Mijn tip:<\/strong> Als je voor langere tijd komt, parkeer dan op het <strong>beursterrein<\/strong> of <strong>bij het cultuurhuis<\/strong> \u2013 het is een stukje van het centrum, de zone is goedkoper en er is meestal plek. Een paar minuten lopen doet geen kwaad en je portemonnee is je dankbaar. Als je <strong>bij de sporthal Elim parkeert<\/strong>, is het helemaal gratis.<\/p>\n\n\n\n<h2 class=\"wp-block-heading\"><span class=\"ez-toc-section\" id=\"Waar_je_in_Pisek_lekker_kunt_eten_en_drinken\"><\/span>Waar je in P\u00edsek lekker kunt eten en drinken<span class=\"ez-toc-section-end\"><\/span><\/h2>\n\n\n\n<figure data-wp-context=\"{&quot;imageId&quot;:&quot;6a95239398a5f&quot;}\" data-wp-interactive=\"core\/image\" data-wp-key=\"6a95239398a5f\" class=\"wp-block-image size-full wp-lightbox-container\"><img decoding=\"async\" width=\"2200\" height=\"1467\" data-wp-class--hide=\"state.isContentHidden\" data-wp-class--show=\"state.isContentVisible\" data-wp-init=\"callbacks.setButtonStyles\" data-wp-on--click=\"actions.showLightbox\" data-wp-on--load=\"callbacks.setButtonStyles\" data-wp-on--pointerdown=\"actions.preloadImage\" data-wp-on--pointerenter=\"actions.preloadImageWithDelay\" data-wp-on--pointerleave=\"actions.cancelPreload\" data-wp-on-window--resize=\"callbacks.setButtonStyles\" src=\"https:\/\/loudavymkrokem.cz\/wp-content\/uploads\/2026\/08\/pisek-namesticko-zahradky.jpg\" alt=\"Pleintje in het centrum van P\u00edsek met zomerterrassen\" class=\"wp-image-399382\" title=\"\" srcset=\"https:\/\/loudavymkrokem.cz\/wp-content\/uploads\/2026\/08\/pisek-namesticko-zahradky.jpg 2200w, https:\/\/loudavymkrokem.cz\/wp-content\/uploads\/2026\/08\/pisek-namesticko-zahradky-300x200.jpg 300w, https:\/\/loudavymkrokem.cz\/wp-content\/uploads\/2026\/08\/pisek-namesticko-zahradky-700x467.jpg 700w, https:\/\/loudavymkrokem.cz\/wp-content\/uploads\/2026\/08\/pisek-namesticko-zahradky-768x512.jpg 768w, https:\/\/loudavymkrokem.cz\/wp-content\/uploads\/2026\/08\/pisek-namesticko-zahradky-1536x1024.jpg 1536w, https:\/\/loudavymkrokem.cz\/wp-content\/uploads\/2026\/08\/pisek-namesticko-zahradky-2048x1366.jpg 2048w, https:\/\/loudavymkrokem.cz\/wp-content\/uploads\/2026\/08\/pisek-namesticko-zahradky-696x464.jpg 696w, https:\/\/loudavymkrokem.cz\/wp-content\/uploads\/2026\/08\/pisek-namesticko-zahradky-1392x928.jpg 1392w, https:\/\/loudavymkrokem.cz\/wp-content\/uploads\/2026\/08\/pisek-namesticko-zahradky-1920x1280.jpg 1920w\" sizes=\"(max-width: 2200px) 100vw, 2200px\" \/><button\n\t\t\tclass=\"lightbox-trigger\"\n\t\t\ttype=\"button\"\n\t\t\taria-haspopup=\"dialog\"\n\t\t\tdata-wp-bind--aria-label=\"state.thisImage.triggerButtonAriaLabel\"\n\t\t\tdata-wp-init=\"callbacks.initTriggerButton\"\n\t\t\tdata-wp-on--click=\"actions.showLightbox\"\n\t\t\tdata-wp-style--right=\"state.thisImage.buttonRight\"\n\t\t\tdata-wp-style--top=\"state.thisImage.buttonTop\"\n\t\t>\n\t\t\t<svg xmlns=\"http:\/\/www.w3.org\/2000\/svg\" width=\"12\" height=\"12\" fill=\"none\" viewBox=\"0 0 12 12\">\n\t\t\t\t<path fill=\"#fff\" d=\"M2 0a2 2 0 0 0-2 2v2h1.5V2a.5.5 0 0 1 .5-.5h2V0H2Zm2 10.5H2a.5.5 0 0 1-.5-.5V8H0v2a2 2 0 0 0 2 2h2v-1.5ZM8 12v-1.5h2a.5.5 0 0 0 .5-.5V8H12v2a2 2 0 0 1-2 2H8Zm2-12a2 2 0 0 1 2 2v2h-1.5V2a.5.5 0 0 0-.5-.5H8V0h2Z\" \/>\n\t\t\t<\/svg>\n\t\t<\/button><\/figure>\n\n\n\n<p class=\"wp-block-paragraph\">P\u00edsek is een stad waar je verrassend goed eet en drinkt. Geen gastronomische woestijn, zoals iemand misschien zou verwachten van een stad van deze omvang. Hier zijn <strong>de zaken waar we in P\u00edsek graag komen<\/strong>, en omdat mijn man en ik allebei vegetari\u00ebr zijn, schrijf ik vooral over wat wij nemen.<\/p>\n\n\n\n<p class=\"wp-block-paragraph\"><strong>Onze vier vaste favorieten om te eten:<\/strong><\/p>\n\n\n\n<ul class=\"wp-block-list\">\n<li><strong>Tandoor<\/strong> (Heydukova 172\/10) \u2013 een Indiaas restaurant verscholen in een passage van de Heyduk-straat naar het Palack\u00e9ho-park, toegang via een trap. Nepalese koks, een echte tandoor-oven en een geweldig vegetarisch aanbod: <strong>palak paneer, daal makhani of channa masala rond de \u20ac 7<\/strong>, met daarbij verse naan voor \u20ac 2,20. Op zondag zijn ze gesloten.<\/li>\n\n\n\n<li><strong>Do Nebe<\/strong> (Palack\u00e9ho sady 68\/9) \u2013 een <strong>glutenvrij restaurant<\/strong> dat zich tegenwoordig profileert als steakhouse, maar het grootste deel van de kaart is van nature glutenvrij en voor coeliakiepati\u00ebnten is dit in P\u00edsek adres nummer \u00e9\u00e9n. Het menu verandert er echter steeds, dus van tevoren weet ik niet of we als vegetari\u00ebrs iets te eten hebben \u2014 soms hebben ze iets zonder vlees en dan komen we hier graag. Een dagmenu kost \u20ac 2 tot \u20ac 10. Terras in het park, een klein stukje verder een speeltuintje, op zondag gesloten.<\/li>\n\n\n\n<li><strong>Pizzeria San Marco<\/strong> (Velk\u00e9 n\u00e1m\u011bst\u00ed 118\/11) \u2013 een Italiaans restaurant direct op het plein, met een Italiaanse eigenaar, houtoven en verse pasta. Margherita, quattro formaggi, lasagne en tiramisu, reken op <strong>\u20ac 8 tot \u20ac 12 per persoon<\/strong>.<\/li>\n\n\n\n<li><strong>Pomodoro Ristorante Italiano<\/strong> (Bakal\u00e1\u0159e 147\/3) \u2013 de tweede Italiaan, ditmaal direct bij de kerk van de Geboorte van de Maagd Maria. Eigen pasta, gnocchi, pesto en ijs, in de zomer een terras met ijssalon. Als het bij San Marco vol is, is het hier rustiger.<\/li>\n<\/ul>\n\n\n\n<p class=\"wp-block-paragraph\"><strong>Andere zaken die het vermelden waard zijn:<\/strong><\/p>\n\n\n\n<ul class=\"wp-block-list\">\n<li><strong>Kozlovna u Plechandy<\/strong> (Svatotrojick\u00e1 164\/5) \u2013 een Tsjechische klassieker met een terras met uitzicht op de stenen brug, op de menukaart staan ook een paar vegetarische gerechten en ze hebben kinderstoelen. Een lokale specialiteit is sv\u00ed\u010dkov\u00e1 en varkensschenkel, zonder reservering kom je hier in het seizoen moeilijk binnen.<\/li>\n\n\n\n<li><strong>Chapelle<\/strong> in Hotel U Kapli\u010dky \u2013 moderne keuken bekroond in de Michelingids 2026, een elegantere setting, ideaal voor een romantisch diner of een feestje.<\/li>\n\n\n\n<li><strong>U Reiner\u016f<\/strong> (Palack\u00e9ho sady 98) \u2013 een restaurant uit 1844 met een terras in het park. De glorietijd is waarschijnlijk voorbij, maar voor een getapt Plze\u0148-bier en een flinke dosis geschiedenis is het een stop waard.<\/li>\n\n\n\n<li><strong>Aura<\/strong> (Velk\u00e9 n\u00e1m\u011bst\u00ed 104) \u2013 Aziatische keuken voor wie iets anders wil.<\/li>\n\n\n\n<li><strong>Restaurant Ostrov<\/strong> op het Stadseiland \u2013 een terras in de halfschaduw met een omheinde kinderspeeltuin, midgetgolf en bootjes. Gefrituurde kaas voor \u20ac 8,50, met kinderen ideaal.<\/li>\n<\/ul>\n\n\n\n<p class=\"wp-block-paragraph\"><strong>Caf\u00e9s<\/strong> (want koffie verdient een eigen categorie):<\/p>\n\n\n\n<ul class=\"wp-block-list\">\n<li><strong>Travel Cafe<\/strong> (Komensk\u00e9ho 87\/16) \u2013 mijn favoriete caf\u00e9 in P\u00edsek. Specialty coffee, ontbijt en brunch, &#8217;s avonds wijn, en vooral een terras op de binnenplaats met zandbak. Twee minuten van het plein.<\/li>\n\n\n\n<li><strong>Coffee Dealer<\/strong> (Drl\u00ed\u010dov 145\/17) \u2013 espresso- en brew bar voor wie koffie serieus neemt, vooral filterkoffie. Ma\u2013Za 9\u201317, Zo 10:30\u201317 uur.<\/li>\n\n\n\n<li><strong>Kaf\u00e9rna<\/strong> (Heydukova) \u2013 en hier moet ik eerlijk zijn. De koffie is er goed, daar geen twijfel over, maar de bediening is in staat om je om onbekende redenen over de hele straat toe te schreeuwen. Deze koffiebar staat bij de locals bekend om zijn onprettige bediening en het is zonde om daar je bezoek aan P\u00edsek door te laten bederven. Ga liever naar Coffee Dealer bij de kerk.<\/li>\n\n\n\n<li><strong>Sova na V\u011btvi<\/strong> \u2013 eigen branderij en kinderhoek, een stukje van de brug<\/li>\n\n\n\n<li><strong>Balz\u00e1m Caf\u00e9<\/strong> \u2013 muziekcaf\u00e9 in de Sladovna, in de zomer concerten op woensdag<\/li>\n\n\n\n<li><strong>Frame Kaf\u00e9<\/strong> \u2013 modern, designgericht, brunch bij de stenen brug<\/li>\n\n\n\n<li><strong>A\u017e na p\u016fdu<\/strong> \u2013 ontbijt en zitplek op het binnenplaatsje; in hetzelfde pand zit ook speelhal Hernajs (een aparte zaak)<\/li>\n\n\n\n<li><strong>Upekla<\/strong> \u2013 huisgebakken brood, taart en gebak in de bibliotheek, zandbak op de binnenplaats<\/li>\n\n\n\n<li><strong>SOHO Cafe<\/strong> \u2013 een omheinde kinderhoek en pannenkoeken op het Grote Plein<\/li>\n\n\n\n<li><strong>Park Caf\u00e9 67<\/strong> \u2013 de beste wafels van de hele stad<\/li>\n<\/ul>\n\n\n\n<p class=\"wp-block-paragraph\"><strong>Wijn en drankjes:<\/strong><\/p>\n\n\n\n<ul class=\"wp-block-list\">\n<li><strong>Degust\u00e1rna<\/strong> (Bakal\u00e1\u0159e 44\/4) \u2013 voor wijnliefhebbers<\/li>\n\n\n\n<li><strong>V\u00edno Hru\u0161ka<\/strong> \u2013 nog een wijntip<\/li>\n\n\n\n<li><strong>Kav\u00e1rni\u010dka Hella<\/strong> \u2013 koffie \u00e9n cocktails en een aangename avondsfeer<\/li>\n\n\n\n<li><strong>Revolution bar<\/strong> \u2013 drankjes, muziek, iets meer energie, geweldige barmannen<\/li>\n<\/ul>\n\n\n\n<h2 class=\"wp-block-heading\"><span class=\"ez-toc-section\" id=\"Tips_voor_uitstapjes_in_de_omgeving_van_Pisek_13_plekken_voor_een_dagtrip\"><\/span>Tips voor uitstapjes in de omgeving van P\u00edsek: 13 plekken voor een dagtrip<span class=\"ez-toc-section-end\"><\/span><\/h2>\n\n\n\n<p class=\"wp-block-paragraph\">P\u00edsek is een uitstekende uitvalsbasis voor uitstapjes door Zuid-Bohemen. Met de auto, de bus, op de fiets \u2013 van hieruit kom je overal. En dat &#8220;overal&#8221; omvat kastelen, stuwmeren, krokodillen en de \u0160umava. <strong>Hier zijn dertien plekken waar het loont om naartoe te gaan.<\/strong><\/p>\n\n\n\n<p class=\"wp-block-paragraph\"><strong>Lees ook: <a href=\"https:\/\/loudavymkrokem.cz\/nl\/zuid-bohemen-tsjechie-mooiste-plekken\/\">Waar op vakantie in Zuid-Bohemen: 15 mooiste plekken (ook met kinderen)<\/a><\/strong><\/p>\n\n\n\n<h3 class=\"wp-block-heading\"><span class=\"ez-toc-section\" id=\"Kasteel_Zvikov_en_slot_Orlik\"><\/span>Kasteel Zv\u00edkov en slot Orl\u00edk<span class=\"ez-toc-section-end\"><\/span><\/h3>\n\n\n\n<figure data-wp-context=\"{&quot;imageId&quot;:&quot;6a952393998bd&quot;}\" data-wp-interactive=\"core\/image\" data-wp-key=\"6a952393998bd\" class=\"wp-block-image size-full wp-lightbox-container\"><img decoding=\"async\" width=\"1600\" height=\"856\" data-wp-class--hide=\"state.isContentHidden\" data-wp-class--show=\"state.isContentVisible\" data-wp-init=\"callbacks.setButtonStyles\" data-wp-on--click=\"actions.showLightbox\" data-wp-on--load=\"callbacks.setButtonStyles\" data-wp-on--pointerdown=\"actions.preloadImage\" data-wp-on--pointerenter=\"actions.preloadImageWithDelay\" data-wp-on--pointerleave=\"actions.cancelPreload\" data-wp-on-window--resize=\"callbacks.setButtonStyles\" src=\"https:\/\/loudavymkrokem.cz\/wp-content\/uploads\/2026\/08\/hrad-zvikov-soutok-otavy-a-vltavy.jpg\" alt=\"Kasteel Zv\u00edkov bij de samenvloeiing van de Otava en de Vltava\" class=\"wp-image-399401\" title=\"\" srcset=\"https:\/\/loudavymkrokem.cz\/wp-content\/uploads\/2026\/08\/hrad-zvikov-soutok-otavy-a-vltavy.jpg 1600w, https:\/\/loudavymkrokem.cz\/wp-content\/uploads\/2026\/08\/hrad-zvikov-soutok-otavy-a-vltavy-300x161.jpg 300w, https:\/\/loudavymkrokem.cz\/wp-content\/uploads\/2026\/08\/hrad-zvikov-soutok-otavy-a-vltavy-700x375.jpg 700w, https:\/\/loudavymkrokem.cz\/wp-content\/uploads\/2026\/08\/hrad-zvikov-soutok-otavy-a-vltavy-768x411.jpg 768w, https:\/\/loudavymkrokem.cz\/wp-content\/uploads\/2026\/08\/hrad-zvikov-soutok-otavy-a-vltavy-1536x822.jpg 1536w, https:\/\/loudavymkrokem.cz\/wp-content\/uploads\/2026\/08\/hrad-zvikov-soutok-otavy-a-vltavy-696x372.jpg 696w, https:\/\/loudavymkrokem.cz\/wp-content\/uploads\/2026\/08\/hrad-zvikov-soutok-otavy-a-vltavy-1392x745.jpg 1392w\" sizes=\"(max-width: 1600px) 100vw, 1600px\" \/><button\n\t\t\tclass=\"lightbox-trigger\"\n\t\t\ttype=\"button\"\n\t\t\taria-haspopup=\"dialog\"\n\t\t\tdata-wp-bind--aria-label=\"state.thisImage.triggerButtonAriaLabel\"\n\t\t\tdata-wp-init=\"callbacks.initTriggerButton\"\n\t\t\tdata-wp-on--click=\"actions.showLightbox\"\n\t\t\tdata-wp-style--right=\"state.thisImage.buttonRight\"\n\t\t\tdata-wp-style--top=\"state.thisImage.buttonTop\"\n\t\t>\n\t\t\t<svg xmlns=\"http:\/\/www.w3.org\/2000\/svg\" width=\"12\" height=\"12\" fill=\"none\" viewBox=\"0 0 12 12\">\n\t\t\t\t<path fill=\"#fff\" d=\"M2 0a2 2 0 0 0-2 2v2h1.5V2a.5.5 0 0 1 .5-.5h2V0H2Zm2 10.5H2a.5.5 0 0 1-.5-.5V8H0v2a2 2 0 0 0 2 2h2v-1.5ZM8 12v-1.5h2a.5.5 0 0 0 .5-.5V8H12v2a2 2 0 0 1-2 2H8Zm2-12a2 2 0 0 1 2 2v2h-1.5V2a.5.5 0 0 0-.5-.5H8V0h2Z\" \/>\n\t\t\t<\/svg>\n\t\t<\/button><\/figure>\n\n\n\n<p class=\"wp-block-paragraph\">Zv\u00edkov staat bij de samenvloeiing van de Otava en de Vltava en is waarschijnlijk het <strong>mooiste kasteel in de omgeving<\/strong>. De toegang is ongeveer \u20ac 7, en als je honger hebt, redt de Pivovarsk\u00fd dv\u016fr Zv\u00edkov je. Een stukje verderop is slot Orl\u00edk boven het stuwmeer en in de schoolvakanties vaart er tussen Zv\u00edkov en Orl\u00edk ook een rondvaartboot, de tocht duurt zo&#8217;n 50 minuten en kost \u20ac 12. Een uitstapje als uit een sprookje.<\/p>\n\n\n\n<h3 class=\"wp-block-heading\"><span class=\"ez-toc-section\" id=\"Krokodillen-ZOO_Protivin\"><\/span>Krokodillen-ZOO Protiv\u00edn<span class=\"ez-toc-section-end\"><\/span><\/h3>\n\n\n\n<figure data-wp-context=\"{&quot;imageId&quot;:&quot;6a95239399d1b&quot;}\" data-wp-interactive=\"core\/image\" data-wp-key=\"6a95239399d1b\" class=\"wp-block-image size-full wp-lightbox-container\"><img decoding=\"async\" width=\"1120\" height=\"800\" data-wp-class--hide=\"state.isContentHidden\" data-wp-class--show=\"state.isContentVisible\" data-wp-init=\"callbacks.setButtonStyles\" data-wp-on--click=\"actions.showLightbox\" data-wp-on--load=\"callbacks.setButtonStyles\" data-wp-on--pointerdown=\"actions.preloadImage\" data-wp-on--pointerenter=\"actions.preloadImageWithDelay\" data-wp-on--pointerleave=\"actions.cancelPreload\" data-wp-on-window--resize=\"callbacks.setButtonStyles\" src=\"https:\/\/loudavymkrokem.cz\/wp-content\/uploads\/2026\/08\/krokodyli-zoo-protivin-aligator.jpg\" alt=\"Alligator in de Krokodillen-ZOO Protiv\u00edn\" class=\"wp-image-399574\" title=\"\" srcset=\"https:\/\/loudavymkrokem.cz\/wp-content\/uploads\/2026\/08\/krokodyli-zoo-protivin-aligator.jpg 1120w, https:\/\/loudavymkrokem.cz\/wp-content\/uploads\/2026\/08\/krokodyli-zoo-protivin-aligator-300x214.jpg 300w, https:\/\/loudavymkrokem.cz\/wp-content\/uploads\/2026\/08\/krokodyli-zoo-protivin-aligator-700x500.jpg 700w, https:\/\/loudavymkrokem.cz\/wp-content\/uploads\/2026\/08\/krokodyli-zoo-protivin-aligator-768x549.jpg 768w, https:\/\/loudavymkrokem.cz\/wp-content\/uploads\/2026\/08\/krokodyli-zoo-protivin-aligator-696x497.jpg 696w\" sizes=\"(max-width: 1120px) 100vw, 1120px\" \/><button\n\t\t\tclass=\"lightbox-trigger\"\n\t\t\ttype=\"button\"\n\t\t\taria-haspopup=\"dialog\"\n\t\t\tdata-wp-bind--aria-label=\"state.thisImage.triggerButtonAriaLabel\"\n\t\t\tdata-wp-init=\"callbacks.initTriggerButton\"\n\t\t\tdata-wp-on--click=\"actions.showLightbox\"\n\t\t\tdata-wp-style--right=\"state.thisImage.buttonRight\"\n\t\t\tdata-wp-style--top=\"state.thisImage.buttonTop\"\n\t\t>\n\t\t\t<svg xmlns=\"http:\/\/www.w3.org\/2000\/svg\" width=\"12\" height=\"12\" fill=\"none\" viewBox=\"0 0 12 12\">\n\t\t\t\t<path fill=\"#fff\" d=\"M2 0a2 2 0 0 0-2 2v2h1.5V2a.5.5 0 0 1 .5-.5h2V0H2Zm2 10.5H2a.5.5 0 0 1-.5-.5V8H0v2a2 2 0 0 0 2 2h2v-1.5ZM8 12v-1.5h2a.5.5 0 0 0 .5-.5V8H12v2a2 2 0 0 1-2 2H8Zm2-12a2 2 0 0 1 2 2v2h-1.5V2a.5.5 0 0 0-.5-.5H8V0h2Z\" \/>\n\t\t\t<\/svg>\n\t\t<\/button><\/figure>\n\n\n\n<p class=\"wp-block-paragraph\">Vijftien minuten met de auto van P\u00edsek en je bent tussen de krokodillen. Alle soorten die je je kunt voorstellen en zelfs <strong>witte krokodillen<\/strong>. De kinderen zijn dolenthousiast, de volwassenen ook, en ik verbaas me er telkens als ik er ben over dat deze krokodillenfarm zo dichtbij is.<\/p>\n\n\n\n<h3 class=\"wp-block-heading\"><span class=\"ez-toc-section\" id=\"Monument_van_de_slag_bij_Sudomer\"><\/span>Monument van de slag bij Sudom\u011b\u0159<span class=\"ez-toc-section-end\"><\/span><\/h3>\n\n\n\n<figure data-wp-context=\"{&quot;imageId&quot;:&quot;6a9523939a0fa&quot;}\" data-wp-interactive=\"core\/image\" data-wp-key=\"6a9523939a0fa\" class=\"wp-block-image size-full wp-lightbox-container\"><img decoding=\"async\" width=\"1200\" height=\"900\" data-wp-class--hide=\"state.isContentHidden\" data-wp-class--show=\"state.isContentVisible\" data-wp-init=\"callbacks.setButtonStyles\" data-wp-on--click=\"actions.showLightbox\" data-wp-on--load=\"callbacks.setButtonStyles\" data-wp-on--pointerdown=\"actions.preloadImage\" data-wp-on--pointerenter=\"actions.preloadImageWithDelay\" data-wp-on--pointerleave=\"actions.cancelPreload\" data-wp-on-window--resize=\"callbacks.setButtonStyles\" src=\"https:\/\/loudavymkrokem.cz\/wp-content\/uploads\/2026\/08\/pamatnik-bitvy-u-sudomere.jpg\" alt=\"Monument van Jan \u017di\u017eka bij Sudom\u011b\u0159\" class=\"wp-image-399697\" title=\"\" srcset=\"https:\/\/loudavymkrokem.cz\/wp-content\/uploads\/2026\/08\/pamatnik-bitvy-u-sudomere.jpg 1200w, https:\/\/loudavymkrokem.cz\/wp-content\/uploads\/2026\/08\/pamatnik-bitvy-u-sudomere-300x225.jpg 300w, https:\/\/loudavymkrokem.cz\/wp-content\/uploads\/2026\/08\/pamatnik-bitvy-u-sudomere-700x525.jpg 700w, https:\/\/loudavymkrokem.cz\/wp-content\/uploads\/2026\/08\/pamatnik-bitvy-u-sudomere-768x576.jpg 768w, https:\/\/loudavymkrokem.cz\/wp-content\/uploads\/2026\/08\/pamatnik-bitvy-u-sudomere-80x60.jpg 80w, https:\/\/loudavymkrokem.cz\/wp-content\/uploads\/2026\/08\/pamatnik-bitvy-u-sudomere-160x120.jpg 160w, https:\/\/loudavymkrokem.cz\/wp-content\/uploads\/2026\/08\/pamatnik-bitvy-u-sudomere-696x522.jpg 696w\" sizes=\"(max-width: 1200px) 100vw, 1200px\" \/><button\n\t\t\tclass=\"lightbox-trigger\"\n\t\t\ttype=\"button\"\n\t\t\taria-haspopup=\"dialog\"\n\t\t\tdata-wp-bind--aria-label=\"state.thisImage.triggerButtonAriaLabel\"\n\t\t\tdata-wp-init=\"callbacks.initTriggerButton\"\n\t\t\tdata-wp-on--click=\"actions.showLightbox\"\n\t\t\tdata-wp-style--right=\"state.thisImage.buttonRight\"\n\t\t\tdata-wp-style--top=\"state.thisImage.buttonTop\"\n\t\t>\n\t\t\t<svg xmlns=\"http:\/\/www.w3.org\/2000\/svg\" width=\"12\" height=\"12\" fill=\"none\" viewBox=\"0 0 12 12\">\n\t\t\t\t<path fill=\"#fff\" d=\"M2 0a2 2 0 0 0-2 2v2h1.5V2a.5.5 0 0 1 .5-.5h2V0H2Zm2 10.5H2a.5.5 0 0 1-.5-.5V8H0v2a2 2 0 0 0 2 2h2v-1.5ZM8 12v-1.5h2a.5.5 0 0 0 .5-.5V8H12v2a2 2 0 0 1-2 2H8Zm2-12a2 2 0 0 1 2 2v2h-1.5V2a.5.5 0 0 0-.5-.5H8V0h2Z\" \/>\n\t\t\t<\/svg>\n\t\t<\/button><\/figure>\n\n\n\n<p class=\"wp-block-paragraph\">Jan \u017di\u017eka vocht hier in 1420 met zijn hussieten een van de eerste veldslagen. Hier staat een 16 meter hoog beeld en eromheen liggen de vijvers Markovec en \u0160kared\u00fd. Als je van Tsjechische geschiedenis houdt, heeft deze plek een sterke sfeer. En het landschap eromheen is prachtig, zo&#8217;n vredig Zuid-Boheems tafereel.<\/p>\n\n\n\n<h3 class=\"wp-block-heading\"><span class=\"ez-toc-section\" id=\"Sprookjessmederij_Selibov\"><\/span>Sprookjessmederij Selibov<span class=\"ez-toc-section-end\"><\/span><\/h3>\n\n\n\n<figure data-wp-context=\"{&quot;imageId&quot;:&quot;6a9523939a4ca&quot;}\" data-wp-interactive=\"core\/image\" data-wp-key=\"6a9523939a4ca\" class=\"wp-block-image size-full wp-lightbox-container\"><img decoding=\"async\" width=\"2000\" height=\"1333\" data-wp-class--hide=\"state.isContentHidden\" data-wp-class--show=\"state.isContentVisible\" data-wp-init=\"callbacks.setButtonStyles\" data-wp-on--click=\"actions.showLightbox\" data-wp-on--load=\"callbacks.setButtonStyles\" data-wp-on--pointerdown=\"actions.preloadImage\" data-wp-on--pointerenter=\"actions.preloadImageWithDelay\" data-wp-on--pointerleave=\"actions.cancelPreload\" data-wp-on-window--resize=\"callbacks.setButtonStyles\" src=\"https:\/\/loudavymkrokem.cz\/wp-content\/uploads\/2026\/08\/pohadkova-kovarna-selibov.jpg\" alt=\"Sprookjessmederij in Selibov met rieten dak\" class=\"wp-image-399577\" title=\"\" srcset=\"https:\/\/loudavymkrokem.cz\/wp-content\/uploads\/2026\/08\/pohadkova-kovarna-selibov.jpg 2000w, https:\/\/loudavymkrokem.cz\/wp-content\/uploads\/2026\/08\/pohadkova-kovarna-selibov-300x200.jpg 300w, https:\/\/loudavymkrokem.cz\/wp-content\/uploads\/2026\/08\/pohadkova-kovarna-selibov-700x467.jpg 700w, https:\/\/loudavymkrokem.cz\/wp-content\/uploads\/2026\/08\/pohadkova-kovarna-selibov-768x512.jpg 768w, https:\/\/loudavymkrokem.cz\/wp-content\/uploads\/2026\/08\/pohadkova-kovarna-selibov-1536x1024.jpg 1536w, https:\/\/loudavymkrokem.cz\/wp-content\/uploads\/2026\/08\/pohadkova-kovarna-selibov-696x464.jpg 696w, https:\/\/loudavymkrokem.cz\/wp-content\/uploads\/2026\/08\/pohadkova-kovarna-selibov-1392x928.jpg 1392w, https:\/\/loudavymkrokem.cz\/wp-content\/uploads\/2026\/08\/pohadkova-kovarna-selibov-1920x1280.jpg 1920w\" sizes=\"(max-width: 2000px) 100vw, 2000px\" \/><button\n\t\t\tclass=\"lightbox-trigger\"\n\t\t\ttype=\"button\"\n\t\t\taria-haspopup=\"dialog\"\n\t\t\tdata-wp-bind--aria-label=\"state.thisImage.triggerButtonAriaLabel\"\n\t\t\tdata-wp-init=\"callbacks.initTriggerButton\"\n\t\t\tdata-wp-on--click=\"actions.showLightbox\"\n\t\t\tdata-wp-style--right=\"state.thisImage.buttonRight\"\n\t\t\tdata-wp-style--top=\"state.thisImage.buttonTop\"\n\t\t>\n\t\t\t<svg xmlns=\"http:\/\/www.w3.org\/2000\/svg\" width=\"12\" height=\"12\" fill=\"none\" viewBox=\"0 0 12 12\">\n\t\t\t\t<path fill=\"#fff\" d=\"M2 0a2 2 0 0 0-2 2v2h1.5V2a.5.5 0 0 1 .5-.5h2V0H2Zm2 10.5H2a.5.5 0 0 1-.5-.5V8H0v2a2 2 0 0 0 2 2h2v-1.5ZM8 12v-1.5h2a.5.5 0 0 0 .5-.5V8H12v2a2 2 0 0 1-2 2H8Zm2-12a2 2 0 0 1 2 2v2h-1.5V2a.5.5 0 0 0-.5-.5H8V0h2Z\" \/>\n\t\t\t<\/svg>\n\t\t<\/button><\/figure>\n\n\n\n<p class=\"wp-block-paragraph\">Duivels, watermannen, fee\u00ebn en daarbij een creatieve werkplaats. Het ideale uitstapje met kleinere kinderen die nog in sprookjes geloven (en met grotere kinderen die doen alsof van niet, maar zich toch vermaken).<\/p>\n\n\n\n<h3 class=\"wp-block-heading\"><span class=\"ez-toc-section\" id=\"Farmapark_Maletice\"><\/span>Farmapark Maletice<span class=\"ez-toc-section-end\"><\/span><\/h3>\n\n\n\n<figure data-wp-context=\"{&quot;imageId&quot;:&quot;6a9523939a84e&quot;}\" data-wp-interactive=\"core\/image\" data-wp-key=\"6a9523939a84e\" class=\"wp-block-image size-full wp-lightbox-container\"><img decoding=\"async\" width=\"2048\" height=\"1365\" data-wp-class--hide=\"state.isContentHidden\" data-wp-class--show=\"state.isContentVisible\" data-wp-init=\"callbacks.setButtonStyles\" data-wp-on--click=\"actions.showLightbox\" data-wp-on--load=\"callbacks.setButtonStyles\" data-wp-on--pointerdown=\"actions.preloadImage\" data-wp-on--pointerenter=\"actions.preloadImageWithDelay\" data-wp-on--pointerleave=\"actions.cancelPreload\" data-wp-on-window--resize=\"callbacks.setButtonStyles\" src=\"https:\/\/loudavymkrokem.cz\/wp-content\/uploads\/2026\/08\/farmapark-maletice-alpaka.jpg\" alt=\"Alpaca in de wei van Farmapark Maletice bij P\u00edsek\" class=\"wp-image-399568\" title=\"\" srcset=\"https:\/\/loudavymkrokem.cz\/wp-content\/uploads\/2026\/08\/farmapark-maletice-alpaka.jpg 2048w, https:\/\/loudavymkrokem.cz\/wp-content\/uploads\/2026\/08\/farmapark-maletice-alpaka-300x200.jpg 300w, https:\/\/loudavymkrokem.cz\/wp-content\/uploads\/2026\/08\/farmapark-maletice-alpaka-700x467.jpg 700w, https:\/\/loudavymkrokem.cz\/wp-content\/uploads\/2026\/08\/farmapark-maletice-alpaka-768x512.jpg 768w, https:\/\/loudavymkrokem.cz\/wp-content\/uploads\/2026\/08\/farmapark-maletice-alpaka-1536x1024.jpg 1536w, https:\/\/loudavymkrokem.cz\/wp-content\/uploads\/2026\/08\/farmapark-maletice-alpaka-696x464.jpg 696w, https:\/\/loudavymkrokem.cz\/wp-content\/uploads\/2026\/08\/farmapark-maletice-alpaka-1392x928.jpg 1392w, https:\/\/loudavymkrokem.cz\/wp-content\/uploads\/2026\/08\/farmapark-maletice-alpaka-1920x1280.jpg 1920w\" sizes=\"(max-width: 2048px) 100vw, 2048px\" \/><button\n\t\t\tclass=\"lightbox-trigger\"\n\t\t\ttype=\"button\"\n\t\t\taria-haspopup=\"dialog\"\n\t\t\tdata-wp-bind--aria-label=\"state.thisImage.triggerButtonAriaLabel\"\n\t\t\tdata-wp-init=\"callbacks.initTriggerButton\"\n\t\t\tdata-wp-on--click=\"actions.showLightbox\"\n\t\t\tdata-wp-style--right=\"state.thisImage.buttonRight\"\n\t\t\tdata-wp-style--top=\"state.thisImage.buttonTop\"\n\t\t>\n\t\t\t<svg xmlns=\"http:\/\/www.w3.org\/2000\/svg\" width=\"12\" height=\"12\" fill=\"none\" viewBox=\"0 0 12 12\">\n\t\t\t\t<path fill=\"#fff\" d=\"M2 0a2 2 0 0 0-2 2v2h1.5V2a.5.5 0 0 1 .5-.5h2V0H2Zm2 10.5H2a.5.5 0 0 1-.5-.5V8H0v2a2 2 0 0 0 2 2h2v-1.5ZM8 12v-1.5h2a.5.5 0 0 0 .5-.5V8H12v2a2 2 0 0 1-2 2H8Zm2-12a2 2 0 0 1 2 2v2h-1.5V2a.5.5 0 0 0-.5-.5H8V0h2Z\" \/>\n\t\t\t<\/svg>\n\t\t<\/button><\/figure>\n\n\n\n<p class=\"wp-block-paragraph\">Een <a href=\"https:\/\/www.farmaparkmaletice.cz\/\" data-type=\"link\" data-id=\"https:\/\/www.farmaparkmaletice.cz\/\" target=\"_blank\" rel=\"noopener\"><strong>kinderboerderij<\/strong><\/a> plus pretpark aan de weg naar Protiv\u00edn, <strong>zo&#8217;n 12 minuten van P\u00edsek<\/strong>. Geiten, alpaca&#8217;s, pony&#8217;s, konijnen, plus reusachtige lucht\u00adtrampolines, een hooidoolhof, kabelbanen en een overdekte zandbak met glijbaan. Dagelijks geopend 10\u201318 uur, <strong>toegang \u20ac 10 kind, \u20ac 8,50 volwassene, gezinskaartje \u20ac 36<\/strong> (online goedkoper), kinderen tot 2 jaar gratis, parkeren gratis. De Farmapark opende in de zomer van 2025 en is momenteel waarschijnlijk het populairste gezinsuitstapje vanuit P\u00edsek.<\/p>\n\n\n\n<h3 class=\"wp-block-heading\"><span class=\"ez-toc-section\" id=\"Fiziland_en_Koninkrijk_van_de_Tijd_in_Protivin\"><\/span>Fiziland en Koninkrijk van de Tijd in Protiv\u00edn<span class=\"ez-toc-section-end\"><\/span><\/h3>\n\n\n\n<figure data-wp-context=\"{&quot;imageId&quot;:&quot;6a9523939ac70&quot;}\" data-wp-interactive=\"core\/image\" data-wp-key=\"6a9523939ac70\" class=\"wp-block-image size-full wp-lightbox-container\"><img decoding=\"async\" width=\"2200\" height=\"1467\" data-wp-class--hide=\"state.isContentHidden\" data-wp-class--show=\"state.isContentVisible\" data-wp-init=\"callbacks.setButtonStyles\" data-wp-on--click=\"actions.showLightbox\" data-wp-on--load=\"callbacks.setButtonStyles\" data-wp-on--pointerdown=\"actions.preloadImage\" data-wp-on--pointerenter=\"actions.preloadImageWithDelay\" data-wp-on--pointerleave=\"actions.cancelPreload\" data-wp-on-window--resize=\"callbacks.setButtonStyles\" src=\"https:\/\/loudavymkrokem.cz\/wp-content\/uploads\/2026\/08\/fiziland-protivin-herna.jpg\" alt=\"Binnenspeeltuin Fiziland in Protiv\u00edn met foamkuil en klimtoestellen\" class=\"wp-image-399563\" title=\"\" srcset=\"https:\/\/loudavymkrokem.cz\/wp-content\/uploads\/2026\/08\/fiziland-protivin-herna.jpg 2200w, https:\/\/loudavymkrokem.cz\/wp-content\/uploads\/2026\/08\/fiziland-protivin-herna-300x200.jpg 300w, https:\/\/loudavymkrokem.cz\/wp-content\/uploads\/2026\/08\/fiziland-protivin-herna-700x467.jpg 700w, https:\/\/loudavymkrokem.cz\/wp-content\/uploads\/2026\/08\/fiziland-protivin-herna-768x512.jpg 768w, https:\/\/loudavymkrokem.cz\/wp-content\/uploads\/2026\/08\/fiziland-protivin-herna-1536x1024.jpg 1536w, https:\/\/loudavymkrokem.cz\/wp-content\/uploads\/2026\/08\/fiziland-protivin-herna-2048x1366.jpg 2048w, https:\/\/loudavymkrokem.cz\/wp-content\/uploads\/2026\/08\/fiziland-protivin-herna-696x464.jpg 696w, https:\/\/loudavymkrokem.cz\/wp-content\/uploads\/2026\/08\/fiziland-protivin-herna-1392x928.jpg 1392w, https:\/\/loudavymkrokem.cz\/wp-content\/uploads\/2026\/08\/fiziland-protivin-herna-1920x1280.jpg 1920w\" sizes=\"(max-width: 2200px) 100vw, 2200px\" \/><button\n\t\t\tclass=\"lightbox-trigger\"\n\t\t\ttype=\"button\"\n\t\t\taria-haspopup=\"dialog\"\n\t\t\tdata-wp-bind--aria-label=\"state.thisImage.triggerButtonAriaLabel\"\n\t\t\tdata-wp-init=\"callbacks.initTriggerButton\"\n\t\t\tdata-wp-on--click=\"actions.showLightbox\"\n\t\t\tdata-wp-style--right=\"state.thisImage.buttonRight\"\n\t\t\tdata-wp-style--top=\"state.thisImage.buttonTop\"\n\t\t>\n\t\t\t<svg xmlns=\"http:\/\/www.w3.org\/2000\/svg\" width=\"12\" height=\"12\" fill=\"none\" viewBox=\"0 0 12 12\">\n\t\t\t\t<path fill=\"#fff\" d=\"M2 0a2 2 0 0 0-2 2v2h1.5V2a.5.5 0 0 1 .5-.5h2V0H2Zm2 10.5H2a.5.5 0 0 1-.5-.5V8H0v2a2 2 0 0 0 2 2h2v-1.5ZM8 12v-1.5h2a.5.5 0 0 0 .5-.5V8H12v2a2 2 0 0 1-2 2H8Zm2-12a2 2 0 0 1 2 2v2h-1.5V2a.5.5 0 0 0-.5-.5H8V0h2Z\" \/>\n\t\t\t<\/svg>\n\t\t<\/button><\/figure>\n\n\n\n<p class=\"wp-block-paragraph\">Protiv\u00edn, 15 minuten van P\u00edsek, heeft meteen twee overdekte gezinsbestemmingen. <strong>Fiziland<\/strong> (Zelenohorsk\u00e1 986) is het pretpark van YouTuber Fizi: een reusachtige glijbaan, trampolines, een foamkuil, een springkasteel en een rustzone voor de kleinsten, plus een buitenspeeltuin. Dagelijks geopend 10\u201318 uur, <strong>een kind betaalt \u20ac 16 en een begeleidende volwassene \u20ac 6,50<\/strong> (een gezinspakket voor twee volwassenen en twee kinderen komt op \u20ac 36), kinderen tot 3 jaar gratis. Tickets moet je vooraf online kopen, verkoop ter plaatse is niet gegarandeerd. Ik heb het park uitgebreid besproken <a href=\"https:\/\/loudavymkrokem.cz\/nl\/fiziland-protivin-tsjechie\/\">in het artikel over Fiziland<\/a>.<\/p>\n\n\n\n<p class=\"wp-block-paragraph\">Een heel andere categorie is het <strong>Koninkrijk van de Tijd<\/strong> (Purky\u0148ova 255): een gerenoveerde jugendstil-villa met een klokkenmuseum, waar een torenuurwerk uit de 19e eeuw elk heel uur slaat, en op de begane grond een speelhal, een creatieve werkplaats en een omheinde tuin met een glijbaan en kabelbaan. Dagelijks geopend 9\u201317 uur, het museum kost \u20ac 3,50\/\u20ac 2,50, maar <strong>de speelhal en tuin zijn gratis als je koffie neemt<\/strong>. Voor peuters ideaal.<\/p>\n\n\n\n<h3 class=\"wp-block-heading\"><span class=\"ez-toc-section\" id=\"Bagrarium_in_Strakonice\"><\/span>Bagr\u00e1rium in Strakonice<span class=\"ez-toc-section-end\"><\/span><\/h3>\n\n\n\n<p class=\"wp-block-paragraph\">Nieuw in 2026 en de eerste in zijn soort in Tsjechi\u00eb: <strong>Bagr\u00e1rium<\/strong> (Pov\u00e1\u017esk\u00e1 358, Strakonice, 30 minuten met de auto) is een overdekte speelhal waar kinderen realistische modellen van graafmachines, laders en kiepwagens bedienen boven een grote zandbak en daar een schat in zoeken. Reserveren gaat online in tijdvakken van een half uur tussen 10 en 18 uur, <strong>\u20ac 11 voor 30 minuten per machine<\/strong>. Let op, de aanbevolen leeftijd is <strong>vanaf 6 jaar<\/strong> (de bediening vereist co\u00f6rdinatie van beide handen), dus het is eerder een tip voor oudere broertjes en zusjes.<\/p>\n\n\n\n<h3 class=\"wp-block-heading\"><span class=\"ez-toc-section\" id=\"Tabor\"><\/span>T\u00e1bor<span class=\"ez-toc-section-end\"><\/span><\/h3>\n\n\n\n<p class=\"wp-block-paragraph\">Een <strong><a href=\"https:\/\/loudavymkrokem.cz\/nl\/tabor-tsjechi-bezienswaardigheden\/\" target=\"_blank\" data-type=\"link\" data-id=\"https:\/\/loudavymkrokem.cz\/co-videt-v-tabore\/\" rel=\"noreferrer noopener\">hussietenstad<\/a><\/strong>, 45 minuten rijden. Middeleeuwse ondergrondse gangen (een beetje claustrofobisch, maar de moeite waard), het <strong>Chocolademuseum<\/strong> (kinderen + chocolade = winst), een ZOO en het Jord\u00e1n-stuwmeer om in de zomer te zwemmen. T\u00e1bor is een stad met karakter en een sfeer die verschilt van P\u00edsek en zeker een bezoek waard is.<\/p>\n\n\n\n<figure data-wp-context=\"{&quot;imageId&quot;:&quot;6a9523939b121&quot;}\" data-wp-interactive=\"core\/image\" data-wp-key=\"6a9523939b121\" class=\"wp-block-image size-full wp-lightbox-container\"><img decoding=\"async\" width=\"1200\" height=\"800\" data-wp-class--hide=\"state.isContentHidden\" data-wp-class--show=\"state.isContentVisible\" data-wp-init=\"callbacks.setButtonStyles\" data-wp-on--click=\"actions.showLightbox\" data-wp-on--load=\"callbacks.setButtonStyles\" data-wp-on--pointerdown=\"actions.preloadImage\" data-wp-on--pointerenter=\"actions.preloadImageWithDelay\" data-wp-on--pointerleave=\"actions.cancelPreload\" data-wp-on-window--resize=\"callbacks.setButtonStyles\" src=\"https:\/\/loudavymkrokem.cz\/wp-content\/uploads\/2026\/03\/tabor-co-videt-3.jpg\" alt=\"T\u00e1bor\" class=\"wp-image-132729\" title=\"\" srcset=\"https:\/\/loudavymkrokem.cz\/wp-content\/uploads\/2026\/03\/tabor-co-videt-3.jpg 1200w, https:\/\/loudavymkrokem.cz\/wp-content\/uploads\/2026\/03\/tabor-co-videt-3-300x200.jpg 300w, https:\/\/loudavymkrokem.cz\/wp-content\/uploads\/2026\/03\/tabor-co-videt-3-700x467.jpg 700w, https:\/\/loudavymkrokem.cz\/wp-content\/uploads\/2026\/03\/tabor-co-videt-3-768x512.jpg 768w, https:\/\/loudavymkrokem.cz\/wp-content\/uploads\/2026\/03\/tabor-co-videt-3-696x464.jpg 696w\" sizes=\"(max-width: 1200px) 100vw, 1200px\" \/><button\n\t\t\tclass=\"lightbox-trigger\"\n\t\t\ttype=\"button\"\n\t\t\taria-haspopup=\"dialog\"\n\t\t\tdata-wp-bind--aria-label=\"state.thisImage.triggerButtonAriaLabel\"\n\t\t\tdata-wp-init=\"callbacks.initTriggerButton\"\n\t\t\tdata-wp-on--click=\"actions.showLightbox\"\n\t\t\tdata-wp-style--right=\"state.thisImage.buttonRight\"\n\t\t\tdata-wp-style--top=\"state.thisImage.buttonTop\"\n\t\t>\n\t\t\t<svg xmlns=\"http:\/\/www.w3.org\/2000\/svg\" width=\"12\" height=\"12\" fill=\"none\" viewBox=\"0 0 12 12\">\n\t\t\t\t<path fill=\"#fff\" d=\"M2 0a2 2 0 0 0-2 2v2h1.5V2a.5.5 0 0 1 .5-.5h2V0H2Zm2 10.5H2a.5.5 0 0 1-.5-.5V8H0v2a2 2 0 0 0 2 2h2v-1.5ZM8 12v-1.5h2a.5.5 0 0 0 .5-.5V8H12v2a2 2 0 0 1-2 2H8Zm2-12a2 2 0 0 1 2 2v2h-1.5V2a.5.5 0 0 0-.5-.5H8V0h2Z\" \/>\n\t\t\t<\/svg>\n\t\t<\/button><figcaption class=\"wp-element-caption\">T\u00e1bor<\/figcaption><\/figure>\n\n\n\n<h3 class=\"wp-block-heading\"><span class=\"ez-toc-section\" id=\"Ceske_Budejovice\"><\/span>\u010cesk\u00e9 Bud\u011bjovice<span class=\"ez-toc-section-end\"><\/span><\/h3>\n\n\n\n<p class=\"wp-block-paragraph\"><strong><a href=\"https:\/\/loudavymkrokem.cz\/nl\/ceske-budejovice-tsjechiie-tips\/\" target=\"_blank\" data-type=\"link\" data-id=\"https:\/\/loudavymkrokem.cz\/ceske-budejovice\/\" rel=\"noreferrer noopener\">\u010cesk\u00e9 Bud\u011bjovice<\/a><\/strong> ligt zo&#8217;n veertig minuten met de auto van P\u00edsek. Het enorme <strong>plein van P\u0159emysl Otakar II<\/strong>, de beklimming van de <strong>Zwarte Toren<\/strong> (225 treden, maar dat uitzicht!) en natuurlijk de Budvar-brouwerij met rondleiding. De Zuid-Boheemse metropool, waar je een hele dag kunt doorbrengen en nog niet alles ziet.<\/p>\n\n\n\n<figure data-wp-context=\"{&quot;imageId&quot;:&quot;6a9523939b4c5&quot;}\" data-wp-interactive=\"core\/image\" data-wp-key=\"6a9523939b4c5\" class=\"wp-block-image size-full wp-lightbox-container\"><img decoding=\"async\" width=\"1500\" height=\"1000\" data-wp-class--hide=\"state.isContentHidden\" data-wp-class--show=\"state.isContentVisible\" data-wp-init=\"callbacks.setButtonStyles\" data-wp-on--click=\"actions.showLightbox\" data-wp-on--load=\"callbacks.setButtonStyles\" data-wp-on--pointerdown=\"actions.preloadImage\" data-wp-on--pointerenter=\"actions.preloadImageWithDelay\" data-wp-on--pointerleave=\"actions.cancelPreload\" data-wp-on-window--resize=\"callbacks.setButtonStyles\" src=\"https:\/\/loudavymkrokem.cz\/wp-content\/uploads\/2024\/03\/namesti-ceske-budejovice.jpg\" alt=\"Wat te zien en te doen in \u010cesk\u00e9 Bud\u011bjovice\" class=\"wp-image-83546\" title=\"\" srcset=\"https:\/\/loudavymkrokem.cz\/wp-content\/uploads\/2024\/03\/namesti-ceske-budejovice.jpg 1500w, https:\/\/loudavymkrokem.cz\/wp-content\/uploads\/2024\/03\/namesti-ceske-budejovice-300x200.jpg 300w, https:\/\/loudavymkrokem.cz\/wp-content\/uploads\/2024\/03\/namesti-ceske-budejovice-700x467.jpg 700w, https:\/\/loudavymkrokem.cz\/wp-content\/uploads\/2024\/03\/namesti-ceske-budejovice-768x512.jpg 768w, https:\/\/loudavymkrokem.cz\/wp-content\/uploads\/2024\/03\/namesti-ceske-budejovice-696x464.jpg 696w, https:\/\/loudavymkrokem.cz\/wp-content\/uploads\/2024\/03\/namesti-ceske-budejovice-1392x928.jpg 1392w\" sizes=\"(max-width: 1500px) 100vw, 1500px\" \/><button\n\t\t\tclass=\"lightbox-trigger\"\n\t\t\ttype=\"button\"\n\t\t\taria-haspopup=\"dialog\"\n\t\t\tdata-wp-bind--aria-label=\"state.thisImage.triggerButtonAriaLabel\"\n\t\t\tdata-wp-init=\"callbacks.initTriggerButton\"\n\t\t\tdata-wp-on--click=\"actions.showLightbox\"\n\t\t\tdata-wp-style--right=\"state.thisImage.buttonRight\"\n\t\t\tdata-wp-style--top=\"state.thisImage.buttonTop\"\n\t\t>\n\t\t\t<svg xmlns=\"http:\/\/www.w3.org\/2000\/svg\" width=\"12\" height=\"12\" fill=\"none\" viewBox=\"0 0 12 12\">\n\t\t\t\t<path fill=\"#fff\" d=\"M2 0a2 2 0 0 0-2 2v2h1.5V2a.5.5 0 0 1 .5-.5h2V0H2Zm2 10.5H2a.5.5 0 0 1-.5-.5V8H0v2a2 2 0 0 0 2 2h2v-1.5ZM8 12v-1.5h2a.5.5 0 0 0 .5-.5V8H12v2a2 2 0 0 1-2 2H8Zm2-12a2 2 0 0 1 2 2v2h-1.5V2a.5.5 0 0 0-.5-.5H8V0h2Z\" \/>\n\t\t\t<\/svg>\n\t\t<\/button><figcaption class=\"wp-element-caption\">Wat te zien en te doen in \u010cesk\u00e9 Bud\u011bjovice<\/figcaption><\/figure>\n\n\n\n<h3 class=\"wp-block-heading\"><span class=\"ez-toc-section\" id=\"Hluboka_nad_Vltavou\"><\/span>Hlubok\u00e1 nad Vltavou<span class=\"ez-toc-section-end\"><\/span><\/h3>\n\n\n\n<figure data-wp-context=\"{&quot;imageId&quot;:&quot;6a9523939b86a&quot;}\" data-wp-interactive=\"core\/image\" data-wp-key=\"6a9523939b86a\" class=\"wp-block-image size-full wp-lightbox-container\"><img decoding=\"async\" width=\"1600\" height=\"1244\" data-wp-class--hide=\"state.isContentHidden\" data-wp-class--show=\"state.isContentVisible\" data-wp-init=\"callbacks.setButtonStyles\" data-wp-on--click=\"actions.showLightbox\" data-wp-on--load=\"callbacks.setButtonStyles\" data-wp-on--pointerdown=\"actions.preloadImage\" data-wp-on--pointerenter=\"actions.preloadImageWithDelay\" data-wp-on--pointerleave=\"actions.cancelPreload\" data-wp-on-window--resize=\"callbacks.setButtonStyles\" src=\"https:\/\/loudavymkrokem.cz\/wp-content\/uploads\/2026\/08\/zamek-hluboka-nad-vltavou-zapad-slunce.jpg\" alt=\"Slot Hlubok\u00e1 nad Vltavou bij zonsondergang\" class=\"wp-image-399405\" title=\"\" srcset=\"https:\/\/loudavymkrokem.cz\/wp-content\/uploads\/2026\/08\/zamek-hluboka-nad-vltavou-zapad-slunce.jpg 1600w, https:\/\/loudavymkrokem.cz\/wp-content\/uploads\/2026\/08\/zamek-hluboka-nad-vltavou-zapad-slunce-300x233.jpg 300w, https:\/\/loudavymkrokem.cz\/wp-content\/uploads\/2026\/08\/zamek-hluboka-nad-vltavou-zapad-slunce-700x544.jpg 700w, https:\/\/loudavymkrokem.cz\/wp-content\/uploads\/2026\/08\/zamek-hluboka-nad-vltavou-zapad-slunce-768x597.jpg 768w, https:\/\/loudavymkrokem.cz\/wp-content\/uploads\/2026\/08\/zamek-hluboka-nad-vltavou-zapad-slunce-1536x1194.jpg 1536w, https:\/\/loudavymkrokem.cz\/wp-content\/uploads\/2026\/08\/zamek-hluboka-nad-vltavou-zapad-slunce-696x541.jpg 696w, https:\/\/loudavymkrokem.cz\/wp-content\/uploads\/2026\/08\/zamek-hluboka-nad-vltavou-zapad-slunce-1392x1082.jpg 1392w\" sizes=\"(max-width: 1600px) 100vw, 1600px\" \/><button\n\t\t\tclass=\"lightbox-trigger\"\n\t\t\ttype=\"button\"\n\t\t\taria-haspopup=\"dialog\"\n\t\t\tdata-wp-bind--aria-label=\"state.thisImage.triggerButtonAriaLabel\"\n\t\t\tdata-wp-init=\"callbacks.initTriggerButton\"\n\t\t\tdata-wp-on--click=\"actions.showLightbox\"\n\t\t\tdata-wp-style--right=\"state.thisImage.buttonRight\"\n\t\t\tdata-wp-style--top=\"state.thisImage.buttonTop\"\n\t\t>\n\t\t\t<svg xmlns=\"http:\/\/www.w3.org\/2000\/svg\" width=\"12\" height=\"12\" fill=\"none\" viewBox=\"0 0 12 12\">\n\t\t\t\t<path fill=\"#fff\" d=\"M2 0a2 2 0 0 0-2 2v2h1.5V2a.5.5 0 0 1 .5-.5h2V0H2Zm2 10.5H2a.5.5 0 0 1-.5-.5V8H0v2a2 2 0 0 0 2 2h2v-1.5ZM8 12v-1.5h2a.5.5 0 0 0 .5-.5V8H12v2a2 2 0 0 1-2 2H8Zm2-12a2 2 0 0 1 2 2v2h-1.5V2a.5.5 0 0 0-.5-.5H8V0h2Z\" \/>\n\t\t\t<\/svg>\n\t\t<\/button><\/figure>\n\n\n\n<p class=\"wp-block-paragraph\">Ons beroemdste sprookjesslot ligt op nog geen 40 minuten van P\u00edsek. In de zomer worden hier voor kinderen van 5 tot 10 jaar <strong>rondleidingen met de prinses<\/strong> georganiseerd, de gekostumeerde prinses Eleonora leidt dagelijks rond om 12:15, 13:30 en 14:45 uur, maar de groep is maar twintig personen, dus reserveer vooraf online. En direct onder het slot bij de Munick\u00fd-vijver ligt de <strong>ZOO Hlubok\u00e1<\/strong> (\u20ac 7,50 volwassenen, \u20ac 6 kinderen, kleintjes tot 90 cm gratis), precies groot genoeg dat ook kleine voetjes het redden.<\/p>\n\n\n\n<h3 class=\"wp-block-heading\"><span class=\"ez-toc-section\" id=\"Cesky_Krumlov\"><\/span>\u010cesk\u00fd Krumlov<span class=\"ez-toc-section-end\"><\/span><\/h3>\n\n\n\n<p class=\"wp-block-paragraph\">Een uur rijden en je bent in de <a href=\"https:\/\/loudavymkrokem.cz\/nl\/cesky-krumlov-tsjechi-bezienswaardigheden\/\" target=\"_blank\" data-type=\"link\" data-id=\"https:\/\/loudavymkrokem.cz\/cesky-krumlov\/\" rel=\"noreferrer noopener\"><strong>UNESCO-stad<\/strong><\/a> die eruitziet als uit een middeleeuwse film. Een kasteel met beren in de gracht (echt, levende beren), een centrum vol steegjes en de Egon Schiele-galerie voor kunstliefhebbers. Reken op drommen toeristen, maar toch is het de moeite waard. Het best buiten het hoogseizoen.<\/p>\n\n\n\n<figure data-wp-context=\"{&quot;imageId&quot;:&quot;6a9523939bf52&quot;}\" data-wp-interactive=\"core\/image\" data-wp-key=\"6a9523939bf52\" class=\"wp-block-image size-full wp-lightbox-container\"><img decoding=\"async\" data-wp-class--hide=\"state.isContentHidden\" data-wp-class--show=\"state.isContentVisible\" data-wp-init=\"callbacks.setButtonStyles\" data-wp-on--click=\"actions.showLightbox\" data-wp-on--load=\"callbacks.setButtonStyles\" data-wp-on--pointerdown=\"actions.preloadImage\" data-wp-on--pointerenter=\"actions.preloadImageWithDelay\" data-wp-on--pointerleave=\"actions.cancelPreload\" data-wp-on-window--resize=\"callbacks.setButtonStyles\" src=\"https:\/\/loudavymkrokem.cz\/wp-content\/uploads\/2024\/01\/cesky-krumlov-2.jpg\" alt=\"\u010cesk\u00fd Krumlov\" class=\"wp-image-122246\" title=\"\"><button\n\t\t\tclass=\"lightbox-trigger\"\n\t\t\ttype=\"button\"\n\t\t\taria-haspopup=\"dialog\"\n\t\t\tdata-wp-bind--aria-label=\"state.thisImage.triggerButtonAriaLabel\"\n\t\t\tdata-wp-init=\"callbacks.initTriggerButton\"\n\t\t\tdata-wp-on--click=\"actions.showLightbox\"\n\t\t\tdata-wp-style--right=\"state.thisImage.buttonRight\"\n\t\t\tdata-wp-style--top=\"state.thisImage.buttonTop\"\n\t\t>\n\t\t\t<svg xmlns=\"http:\/\/www.w3.org\/2000\/svg\" width=\"12\" height=\"12\" fill=\"none\" viewBox=\"0 0 12 12\">\n\t\t\t\t<path fill=\"#fff\" d=\"M2 0a2 2 0 0 0-2 2v2h1.5V2a.5.5 0 0 1 .5-.5h2V0H2Zm2 10.5H2a.5.5 0 0 1-.5-.5V8H0v2a2 2 0 0 0 2 2h2v-1.5ZM8 12v-1.5h2a.5.5 0 0 0 .5-.5V8H12v2a2 2 0 0 1-2 2H8Zm2-12a2 2 0 0 1 2 2v2h-1.5V2a.5.5 0 0 0-.5-.5H8V0h2Z\" \/>\n\t\t\t<\/svg>\n\t\t<\/button><figcaption class=\"wp-element-caption\">\u010cesk\u00fd Krumlov<\/figcaption><\/figure>\n\n\n\n<h3 class=\"wp-block-heading\"><span class=\"ez-toc-section\" id=\"Sumava\"><\/span>\u0160umava<span class=\"ez-toc-section-end\"><\/span><\/h3>\n\n\n\n<p class=\"wp-block-paragraph\"><strong>Een uur is voldoende en je bent in het<\/strong> <strong><a href=\"https:\/\/loudavymkrokem.cz\/nl\/sumava-tsjechie-kinderwagen-tips\/\" target=\"_blank\" data-type=\"link\" data-id=\"https:\/\/loudavymkrokem.cz\/sumava-s-kocarkem\/\" rel=\"noreferrer noopener\">Nationale Park \u0160umava<\/a><\/strong>. Het oerwoud Boub\u00edn, de wilde rivier Vydra, Modrava voor liefhebbers van avonturenverhalen (of tenminste van dat gevoel), fietspaden voor een hele dag. De \u0160umava is een andere wereld \u2013 trager, groener, stiller. De ideale reset van alles.<\/p>\n\n\n\n<figure data-wp-context=\"{&quot;imageId&quot;:&quot;6a9523939c63c&quot;}\" data-wp-interactive=\"core\/image\" data-wp-key=\"6a9523939c63c\" class=\"wp-block-image size-full wp-lightbox-container\"><img decoding=\"async\" width=\"1200\" height=\"800\" data-wp-class--hide=\"state.isContentHidden\" data-wp-class--show=\"state.isContentVisible\" data-wp-init=\"callbacks.setButtonStyles\" data-wp-on--click=\"actions.showLightbox\" data-wp-on--load=\"callbacks.setButtonStyles\" data-wp-on--pointerdown=\"actions.preloadImage\" data-wp-on--pointerenter=\"actions.preloadImageWithDelay\" data-wp-on--pointerleave=\"actions.cancelPreload\" data-wp-on-window--resize=\"callbacks.setButtonStyles\" src=\"https:\/\/loudavymkrokem.cz\/wp-content\/uploads\/2024\/05\/sumava-s-kocarkem-3.jpg\" alt=\"\u0160umava\" class=\"wp-image-84399\" title=\"\" srcset=\"https:\/\/loudavymkrokem.cz\/wp-content\/uploads\/2024\/05\/sumava-s-kocarkem-3.jpg 1200w, https:\/\/loudavymkrokem.cz\/wp-content\/uploads\/2024\/05\/sumava-s-kocarkem-3-300x200.jpg 300w, https:\/\/loudavymkrokem.cz\/wp-content\/uploads\/2024\/05\/sumava-s-kocarkem-3-700x467.jpg 700w, https:\/\/loudavymkrokem.cz\/wp-content\/uploads\/2024\/05\/sumava-s-kocarkem-3-768x512.jpg 768w, https:\/\/loudavymkrokem.cz\/wp-content\/uploads\/2024\/05\/sumava-s-kocarkem-3-696x464.jpg 696w\" sizes=\"(max-width: 1200px) 100vw, 1200px\" \/><button\n\t\t\tclass=\"lightbox-trigger\"\n\t\t\ttype=\"button\"\n\t\t\taria-haspopup=\"dialog\"\n\t\t\tdata-wp-bind--aria-label=\"state.thisImage.triggerButtonAriaLabel\"\n\t\t\tdata-wp-init=\"callbacks.initTriggerButton\"\n\t\t\tdata-wp-on--click=\"actions.showLightbox\"\n\t\t\tdata-wp-style--right=\"state.thisImage.buttonRight\"\n\t\t\tdata-wp-style--top=\"state.thisImage.buttonTop\"\n\t\t>\n\t\t\t<svg xmlns=\"http:\/\/www.w3.org\/2000\/svg\" width=\"12\" height=\"12\" fill=\"none\" viewBox=\"0 0 12 12\">\n\t\t\t\t<path fill=\"#fff\" d=\"M2 0a2 2 0 0 0-2 2v2h1.5V2a.5.5 0 0 1 .5-.5h2V0H2Zm2 10.5H2a.5.5 0 0 1-.5-.5V8H0v2a2 2 0 0 0 2 2h2v-1.5ZM8 12v-1.5h2a.5.5 0 0 0 .5-.5V8H12v2a2 2 0 0 1-2 2H8Zm2-12a2 2 0 0 1 2 2v2h-1.5V2a.5.5 0 0 0-.5-.5H8V0h2Z\" \/>\n\t\t\t<\/svg>\n\t\t<\/button><figcaption class=\"wp-element-caption\">\u0160umava<\/figcaption><\/figure>\n\n\n\n<h3 class=\"wp-block-heading\"><span class=\"ez-toc-section\" id=\"Praag\"><\/span>Praag<span class=\"ez-toc-section-end\"><\/span><\/h3>\n\n\n\n<p class=\"wp-block-paragraph\"><strong><a href=\"https:\/\/loudavymkrokem.cz\/nl\/bezienswaardigheden-praag-reisgids\/\" target=\"_blank\" data-type=\"link\" data-id=\"https:\/\/loudavymkrokem.cz\/co-videt-v-praze\/\" rel=\"noreferrer noopener\">Praag<\/a><\/strong> ligt op zo&#8217;n uur met de auto van P\u00edsek over de D4, of <strong>70 minuten met de RegioJet-bus<\/strong>. Comfortabel, zonder parkeerstress, voor \u20ac 5 tot \u20ac 9. Praag is Praag, maar het is fijn om te weten dat het vanuit P\u00edsek eigenlijk een klein stukje is. Voor een uitstapje, een concert, een museum en &#8217;s avonds weer terug naar huis aan de Otava.<\/p>\n\n\n\n<figure data-wp-context=\"{&quot;imageId&quot;:&quot;6a9523939cce7&quot;}\" data-wp-interactive=\"core\/image\" data-wp-key=\"6a9523939cce7\" class=\"wp-block-image size-full wp-lightbox-container\"><img decoding=\"async\" width=\"1200\" height=\"800\" data-wp-class--hide=\"state.isContentHidden\" data-wp-class--show=\"state.isContentVisible\" data-wp-init=\"callbacks.setButtonStyles\" data-wp-on--click=\"actions.showLightbox\" data-wp-on--load=\"callbacks.setButtonStyles\" data-wp-on--pointerdown=\"actions.preloadImage\" data-wp-on--pointerenter=\"actions.preloadImageWithDelay\" data-wp-on--pointerleave=\"actions.cancelPreload\" data-wp-on-window--resize=\"callbacks.setButtonStyles\" src=\"https:\/\/loudavymkrokem.cz\/wp-content\/uploads\/2025\/03\/recenze-domus-balthasar-praha-s-batoletem-3.jpg\" alt=\"Naar de Karelsbrug loop je in een minuut\" class=\"wp-image-94712\" title=\"\" srcset=\"https:\/\/loudavymkrokem.cz\/wp-content\/uploads\/2025\/03\/recenze-domus-balthasar-praha-s-batoletem-3.jpg 1200w, https:\/\/loudavymkrokem.cz\/wp-content\/uploads\/2025\/03\/recenze-domus-balthasar-praha-s-batoletem-3-300x200.jpg 300w, https:\/\/loudavymkrokem.cz\/wp-content\/uploads\/2025\/03\/recenze-domus-balthasar-praha-s-batoletem-3-700x467.jpg 700w, https:\/\/loudavymkrokem.cz\/wp-content\/uploads\/2025\/03\/recenze-domus-balthasar-praha-s-batoletem-3-768x512.jpg 768w, https:\/\/loudavymkrokem.cz\/wp-content\/uploads\/2025\/03\/recenze-domus-balthasar-praha-s-batoletem-3-696x464.jpg 696w\" sizes=\"(max-width: 1200px) 100vw, 1200px\" \/><button\n\t\t\tclass=\"lightbox-trigger\"\n\t\t\ttype=\"button\"\n\t\t\taria-haspopup=\"dialog\"\n\t\t\tdata-wp-bind--aria-label=\"state.thisImage.triggerButtonAriaLabel\"\n\t\t\tdata-wp-init=\"callbacks.initTriggerButton\"\n\t\t\tdata-wp-on--click=\"actions.showLightbox\"\n\t\t\tdata-wp-style--right=\"state.thisImage.buttonRight\"\n\t\t\tdata-wp-style--top=\"state.thisImage.buttonTop\"\n\t\t>\n\t\t\t<svg xmlns=\"http:\/\/www.w3.org\/2000\/svg\" width=\"12\" height=\"12\" fill=\"none\" viewBox=\"0 0 12 12\">\n\t\t\t\t<path fill=\"#fff\" d=\"M2 0a2 2 0 0 0-2 2v2h1.5V2a.5.5 0 0 1 .5-.5h2V0H2Zm2 10.5H2a.5.5 0 0 1-.5-.5V8H0v2a2 2 0 0 0 2 2h2v-1.5ZM8 12v-1.5h2a.5.5 0 0 0 .5-.5V8H12v2a2 2 0 0 1-2 2H8Zm2-12a2 2 0 0 1 2 2v2h-1.5V2a.5.5 0 0 0-.5-.5H8V0h2Z\" \/>\n\t\t\t<\/svg>\n\t\t<\/button><figcaption class=\"wp-element-caption\">Praag<\/figcaption><\/figure>\n\n\n\n<h2 class=\"wp-block-heading\"><span class=\"ez-toc-section\" id=\"Wat_te_zien_in_Pisek_conclusie\"><\/span>Wat te zien in P\u00edsek: conclusie<span class=\"ez-toc-section-end\"><\/span><\/h2>\n\n\n\n<figure data-wp-context=\"{&quot;imageId&quot;:&quot;6a9523939d2f5&quot;}\" data-wp-interactive=\"core\/image\" data-wp-key=\"6a9523939d2f5\" class=\"wp-block-image size-full wp-lightbox-container\"><img decoding=\"async\" width=\"2200\" height=\"1467\" data-wp-class--hide=\"state.isContentHidden\" data-wp-class--show=\"state.isContentVisible\" data-wp-init=\"callbacks.setButtonStyles\" data-wp-on--click=\"actions.showLightbox\" data-wp-on--load=\"callbacks.setButtonStyles\" data-wp-on--pointerdown=\"actions.preloadImage\" data-wp-on--pointerenter=\"actions.preloadImageWithDelay\" data-wp-on--pointerleave=\"actions.cancelPreload\" data-wp-on-window--resize=\"callbacks.setButtonStyles\" src=\"https:\/\/loudavymkrokem.cz\/wp-content\/uploads\/2026\/08\/pisek-otava-naplavka-most.jpg\" alt=\"Otava-kade bij de stenen brug in P\u00edsek\" class=\"wp-image-399329\" title=\"\" srcset=\"https:\/\/loudavymkrokem.cz\/wp-content\/uploads\/2026\/08\/pisek-otava-naplavka-most.jpg 2200w, https:\/\/loudavymkrokem.cz\/wp-content\/uploads\/2026\/08\/pisek-otava-naplavka-most-300x200.jpg 300w, https:\/\/loudavymkrokem.cz\/wp-content\/uploads\/2026\/08\/pisek-otava-naplavka-most-700x467.jpg 700w, https:\/\/loudavymkrokem.cz\/wp-content\/uploads\/2026\/08\/pisek-otava-naplavka-most-768x512.jpg 768w, https:\/\/loudavymkrokem.cz\/wp-content\/uploads\/2026\/08\/pisek-otava-naplavka-most-1536x1024.jpg 1536w, https:\/\/loudavymkrokem.cz\/wp-content\/uploads\/2026\/08\/pisek-otava-naplavka-most-2048x1366.jpg 2048w, https:\/\/loudavymkrokem.cz\/wp-content\/uploads\/2026\/08\/pisek-otava-naplavka-most-696x464.jpg 696w, https:\/\/loudavymkrokem.cz\/wp-content\/uploads\/2026\/08\/pisek-otava-naplavka-most-1392x928.jpg 1392w, https:\/\/loudavymkrokem.cz\/wp-content\/uploads\/2026\/08\/pisek-otava-naplavka-most-1920x1280.jpg 1920w\" sizes=\"(max-width: 2200px) 100vw, 2200px\" \/><button\n\t\t\tclass=\"lightbox-trigger\"\n\t\t\ttype=\"button\"\n\t\t\taria-haspopup=\"dialog\"\n\t\t\tdata-wp-bind--aria-label=\"state.thisImage.triggerButtonAriaLabel\"\n\t\t\tdata-wp-init=\"callbacks.initTriggerButton\"\n\t\t\tdata-wp-on--click=\"actions.showLightbox\"\n\t\t\tdata-wp-style--right=\"state.thisImage.buttonRight\"\n\t\t\tdata-wp-style--top=\"state.thisImage.buttonTop\"\n\t\t>\n\t\t\t<svg xmlns=\"http:\/\/www.w3.org\/2000\/svg\" width=\"12\" height=\"12\" fill=\"none\" viewBox=\"0 0 12 12\">\n\t\t\t\t<path fill=\"#fff\" d=\"M2 0a2 2 0 0 0-2 2v2h1.5V2a.5.5 0 0 1 .5-.5h2V0H2Zm2 10.5H2a.5.5 0 0 1-.5-.5V8H0v2a2 2 0 0 0 2 2h2v-1.5ZM8 12v-1.5h2a.5.5 0 0 0 .5-.5V8H12v2a2 2 0 0 1-2 2H8Zm2-12a2 2 0 0 1 2 2v2h-1.5V2a.5.5 0 0 0-.5-.5H8V0h2Z\" \/>\n\t\t\t<\/svg>\n\t\t<\/button><\/figure>\n\n\n\n<p class=\"wp-block-paragraph\">Zo. Daar heb je het \u2013 P\u00edsek zoals ik het ken en liefheb. Een stad die niet op toeristenhordes wacht, maar stilletjes zijn mooie leven aan de rivier leidt. Met de oudste brug, met een galerie waar kinderen spelen, met caf\u00e9s waar ze je koffie niet verbranden, en met verhalen die hier eeuwenlang geschreven zijn.<\/p>\n\n\n\n<p class=\"wp-block-paragraph\">Ik ben hier geboren, teruggekeerd en ik ben er dankbaar voor. Maar P\u00edsek is niet jaloers \u2013 het deelt zichzelf graag. Dus kom, wandel over de brug, drink een koffie op het plein, ga naar de Sladovna, bekijk de Otava vanaf de Dagmar \u0160imkov\u00e1-brug en laat je verrassen door hoeveel schoonheid er in \u00e9\u00e9n Zuid-Boheemse stad past.<\/p>\n\n\n\n<h2 class=\"wp-block-heading\"><span class=\"ez-toc-section\" id=\"Meer_lezen\"><\/span>Meer lezen<span class=\"ez-toc-section-end\"><\/span><\/h2>\n\n\n\n<p class=\"wp-block-paragraph\">Actuele evenementen, festivals en een overzicht van plekken in P\u00edsek vind je op <a href=\"https:\/\/pisek.info\" target=\"_blank\" rel=\"noopener\">pisek.info<\/a> (secties <a href=\"https:\/\/pisek.info\/akce\" target=\"_blank\" rel=\"noopener\">Evenementen<\/a> en <a href=\"https:\/\/pisek.info\/mista\" target=\"_blank\" rel=\"noopener\">Plekken<\/a>). Ga je met kinderen? Lees dan mijn aparte gids <a href=\"https:\/\/loudavymkrokem.cz\/nl\/pisek-met-kinderen\/\">P\u00edsek met kinderen: 40 tips van een lokale moeder<\/a>, waar je alle speelhallen, speeltuinen en gezinsuitstapjes inclusief prijzen vindt. Als je van plan bent meer dagen in Zuid-Bohemen door te brengen, kijk dan eens naar het grote overzicht <a href=\"https:\/\/loudavymkrokem.cz\/nl\/zuid-bohemen-tsjechie-mooiste-plekken\/\">Waar op vakantie in Zuid-Bohemen: 15 mooiste plekken (ook met kinderen)<\/a>, waar P\u00edsek wordt aangevuld met veertien andere prachtige hoekjes van de regio. Een stukje van P\u00edsek ligt het hussietenstadje <a href=\"https:\/\/loudavymkrokem.cz\/nl\/tabor-tsjechi-bezienswaardigheden\/\">T\u00e1bor, waar we een uitgebreide gids over hebben<\/a>, en op veertig minuten ben je in <a href=\"https:\/\/loudavymkrokem.cz\/nl\/ceske-budejovice-tsjechiie-tips\/\">\u010cesk\u00e9 Bud\u011bjovice<\/a>. En als heel Tsjechi\u00eb je aantrekt, bekijk dan <a href=\"https:\/\/loudavymkrokem.cz\/nl\/vakantie-tsjechie-tips\/\">20 tips voor een vakantie in Tsjechi\u00eb<\/a>.<\/p>\n\n\n\n<p class=\"wp-block-paragraph\">Wil je vanuit P\u00edsek de omgeving verkennen? Ik schreef een aparte gids <a href=\"https:\/\/loudavymkrokem.cz\/nl\/uitstapjes-rond-pisek\/\">Uitstapjes in de omgeving van P\u00edsek: 30 tips van een geboren local<\/a> \u2014 de kastelen Zv\u00edkov en Orl\u00edk, een boottocht over het stuwmeer, Blatn\u00e1 en Hlubok\u00e1, allemaal met precieze afstand en reistijd vanuit P\u00edsek.<\/p>\n\n\n\n<h2 class=\"wp-block-heading\"><span class=\"ez-toc-section\" id=\"Veelgestelde_vragen\"><\/span>Veelgestelde vragen<span class=\"ez-toc-section-end\"><\/span><\/h2>\n\n\n<div id=\"rank-math-faq\" class=\"rank-math-block\">\n<div class=\"rank-math-list \">\n<div id=\"faq-question-1774379600001\" class=\"rank-math-list-item\">\n<h3 class=\"rank-math-question \"><span class=\"ez-toc-section\" id=\"Is_de_Stenen_Brug_in_Pisek_echt_ouder_dan_de_Karelsbrug\"><\/span>Is de Stenen Brug in P\u00edsek echt ouder dan de Karelsbrug?<span class=\"ez-toc-section-end\"><\/span><\/h3>\n<div class=\"rank-math-answer \">\n\n<p>Ja, en het is geen legende. De Stenen Brug in P\u00edsek dateert uit de tweede helft van de 13e eeuw, terwijl de Karelsbrug in Praag pas in 1357 werd gesticht. De brug van P\u00edsek is tientallen jaren ouder \u2014 het is de oudste bewaard gebleven stenen brug van Tsjechi\u00eb.<\/p>\n\n<\/div>\n<\/div>\n<div id=\"faq-question-1774379600002\" class=\"rank-math-list-item\">\n<h3 class=\"rank-math-question \"><span class=\"ez-toc-section\" id=\"Verveelt_Sladovna_ook_oudere_kinderen_niet\"><\/span>Verveelt Sladovna ook oudere kinderen niet?<span class=\"ez-toc-section-end\"><\/span><\/h3>\n<div class=\"rank-math-answer \">\n\n<p>Absoluut niet. De Mierenhoop en de wisselende interactieve tentoonstellingen zijn zo ontworpen dat ze ook schoolkinderen en tieners boeien. Het is niet alleen een klimrek voor peuters \u2014 oudere kinderen lossen hier logische puzzels op, experimenteren en ontdekken. Eerlijk gezegd vermaken volwassenen zich hier ook.<\/p>\n\n<\/div>\n<\/div>\n<div id=\"faq-question-1774379600003\" class=\"rank-math-list-item\">\n<h3 class=\"rank-math-question \"><span class=\"ez-toc-section\" id=\"Waar_bevinden_de_zandbeelden_zich_precies\"><\/span>Waar bevinden de zandbeelden zich precies?<span class=\"ez-toc-section-end\"><\/span><\/h3>\n<div class=\"rank-math-answer \">\n\n<p>Op de kade bij de Stenen Brug, direct aan de rivier de Otava. De beelden staan er van het voorjaar tot de zomer en het bezoek is gratis. Je hoeft alleen maar te komen en te genieten \u2014 geen entree, geen reservering.<\/p>\n\n<\/div>\n<\/div>\n<div id=\"faq-question-1774379600004\" class=\"rank-math-list-item\">\n<h3 class=\"rank-math-question \"><span class=\"ez-toc-section\" id=\"Hoe_kom_ik_bij_de_uitkijktoren_Jarnik\"><\/span>Hoe kom ik bij de uitkijktoren Jarn\u00edk?<span class=\"ez-toc-section-end\"><\/span><\/h3>\n<div class=\"rank-math-answer \">\n\n<p>Vanaf het centrum van P\u00edsek is het ongeveer 4 km, de makkelijkste route loopt door het bos vanaf de parkeerplaats U Vod\u00e1ka (met de auto kun je niet helemaal tot de toren komen). De weg gaat licht omhoog en is ook voor kinderen te doen, naar boven leiden dan 182 treden en de toegang is gratis. Op de plek word je beloond met een panoramisch uitzicht over de stad en het omliggende landschap.<\/p>\n\n<\/div>\n<\/div>\n<div id=\"faq-question-1774379600005\" class=\"rank-math-list-item\">\n<h3 class=\"rank-math-question \"><span class=\"ez-toc-section\" id=\"Wanneer_is_de_beste_tijd_voor_een_bezoek_aan_de_Nationale_Stoeterij\"><\/span>Wanneer is de beste tijd voor een bezoek aan de Nationale Stoeterij?<span class=\"ez-toc-section-end\"><\/span><\/h3>\n<div class=\"rank-math-answer \">\n\n<p>Bij voorkeur in de zomer, van juni tot oktober, wanneer er regelmatige rondleidingen met toelichting plaatsvinden \u2014 op woensdag, vrijdag en zondag om 14:00 uur. Buiten het seizoen is het terrein beperkt toegankelijk, dus de zomer is een veilige keuze.<\/p>\n\n<\/div>\n<\/div>\n<div id=\"faq-question-1774379600006\" class=\"rank-math-list-item\">\n<h3 class=\"rank-math-question \"><span class=\"ez-toc-section\" id=\"Hoeveel_kost_de_toegang_tot_het_Prachen_Museum\"><\/span>Hoeveel kost de toegang tot het Pr\u00e1che\u0148 Museum?<span class=\"ez-toc-section-end\"><\/span><\/h3>\n<div class=\"rank-math-answer \">\n\n<p>Volwassenen betalen \u20ac2,50 (60 K\u010d), kinderen \u20ac1,25 (30 K\u010d) en een gezinsticket kost \u20ac6 (150 K\u010d). Voor wat je binnen te zien krijgt \u2014 van het gotische kasteel tot collecties uit de hele regio \u2014 is dit waarschijnlijk een van de beste prijs-kwaliteitverhoudingen in P\u00edsek.<\/p>\n\n<\/div>\n<\/div>\n<div id=\"faq-question-1774379600007\" class=\"rank-math-list-item\">\n<h3 class=\"rank-math-question \"><span class=\"ez-toc-section\" id=\"Hoe_kom_ik_het_beste_in_Pisek_vanuit_Nederland\"><\/span>Hoe kom ik het beste in P\u00edsek vanuit Nederland?<span class=\"ez-toc-section-end\"><\/span><\/h3>\n<div class=\"rank-math-answer \">\n\n<p>De handigste optie is vliegen naar Praag met KLM of easyJet vanuit Amsterdam, en dan verder met de bus RegioJet \u2014 die vertrekt vanaf halte Na Kn\u00ed\u017eec\u00ed en de reis duurt ongeveer 70 minuten. Een busticket kost \u20ac5\u20139 (120\u2013220 K\u010d) afhankelijk van het tarief. Met de huurauto via snelweg D4 ben je er in ongeveer een uur. Beide opties zijn probleemloos.<\/p>\n\n<\/div>\n<\/div>\n<div id=\"faq-question-1774379600008\" class=\"rank-math-list-item\">\n<h3 class=\"rank-math-question \"><span class=\"ez-toc-section\" id=\"Waar_kan_ik_in_Pisek_met_kinderen_naartoe\"><\/span>Waar kan ik in P\u00edsek met kinderen naartoe?<span class=\"ez-toc-section-end\"><\/span><\/h3>\n<div class=\"rank-math-answer \">\n\n<p>Nummer \u00e9\u00e9n is Sladovna (galerij door te spelen, \u20ac6, kinderen tot 3 jaar gratis), in de zomer de Zandbeelden op de kade en het zwembad bij V\u00e1clava, bij regen My\u0161ka speelhal. Voor uitstapjes binnen 20 minuten beveel ik Farmapark Maletice aan, Na\u0161e zv\u00ed\u0159\u00e1tka in Putim (gratis) en Koninkrijk van de Tijd in Protiv\u00edn. Een complete gezinsgids hebben we in het artikel P\u00edsek met kinderen.<\/p>\n\n<\/div>\n<\/div>\n<\/div>\n<\/div>","protected":false},"excerpt":{"rendered":"<p>Wat te zien in P\u00edsek in Tsjechi\u00eb? 39 tips van een geboren local die na jaren in Praag met haar gezin terugkwam: de oudste stenen brug, zandsculpturen, de Sladovna, caf\u00e9s en tips met kinderen.<\/p>\n","protected":false},"author":3,"featured_media":399318,"comment_status":"open","ping_status":"open","sticky":false,"template":"","format":"standard","meta":{"_acf_changed":false,"footnotes":"","rank_math_title":"Wat te zien in P\u00edsek Tsjechi\u00eb: 39 tips van een local","rank_math_description":"Ontdek wat te zien in P\u00edsek in Tsjechi\u00eb: 39 tips van een geboren local voor bezienswaardigheden, geheime uitzichten, caf\u00e9s en uitstapjes met kinderen.","rank_math_focus_keyword":"P\u00edsek Tsjechi\u00eb","rank_math_seo_score":""},"categories":[82],"tags":[],"class_list":["post-408799","post","type-post","status-publish","format-standard","has-post-thumbnail","category-cestovani"],"acf":[],"featured_image_src":"https:\/\/loudavymkrokem.cz\/wp-content\/uploads\/2026\/08\/pisek-velke-namesti-radnice.jpg","author_info":{"display_name":"Lucie Kone\u010dn\u00e1","author_link":"https:\/\/loudavymkrokem.cz\/nl\/author\/lucie-konecna\/"},"_links":{"self":[{"href":"https:\/\/loudavymkrokem.cz\/nl\/wp-json\/wp\/v2\/posts\/408799","targetHints":{"allow":["GET"]}}],"collection":[{"href":"https:\/\/loudavymkrokem.cz\/nl\/wp-json\/wp\/v2\/posts"}],"about":[{"href":"https:\/\/loudavymkrokem.cz\/nl\/wp-json\/wp\/v2\/types\/post"}],"author":[{"embeddable":true,"href":"https:\/\/loudavymkrokem.cz\/nl\/wp-json\/wp\/v2\/users\/3"}],"replies":[{"embeddable":true,"href":"https:\/\/loudavymkrokem.cz\/nl\/wp-json\/wp\/v2\/comments?post=408799"}],"version-history":[{"count":2,"href":"https:\/\/loudavymkrokem.cz\/nl\/wp-json\/wp\/v2\/posts\/408799\/revisions"}],"predecessor-version":[{"id":408805,"href":"https:\/\/loudavymkrokem.cz\/nl\/wp-json\/wp\/v2\/posts\/408799\/revisions\/408805"}],"wp:featuredmedia":[{"embeddable":true,"href":"https:\/\/loudavymkrokem.cz\/nl\/wp-json\/wp\/v2\/media\/399318"}],"wp:attachment":[{"href":"https:\/\/loudavymkrokem.cz\/nl\/wp-json\/wp\/v2\/media?parent=408799"}],"wp:term":[{"taxonomy":"category","embeddable":true,"href":"https:\/\/loudavymkrokem.cz\/nl\/wp-json\/wp\/v2\/categories?post=408799"},{"taxonomy":"post_tag","embeddable":true,"href":"https:\/\/loudavymkrokem.cz\/nl\/wp-json\/wp\/v2\/tags?post=408799"}],"curies":[{"name":"wp","href":"https:\/\/api.w.org\/{rel}","templated":true}]}}