{"id":408652,"date":"2026-08-25T20:45:06","date_gmt":"2026-08-25T18:45:06","guid":{"rendered":"https:\/\/loudavymkrokem.cz\/dc-8-air-new-zealand-amazone\/"},"modified":"2026-08-31T05:35:45","modified_gmt":"2026-08-31T03:35:45","slug":"dc-8-air-new-zealand-amazone","status":"publish","type":"post","link":"https:\/\/loudavymkrokem.cz\/nl\/dc-8-air-new-zealand-amazone\/","title":{"rendered":"DC-8 van Air New Zealand keert na 20 jaar in de Amazone eindelijk terug naar huis"},"content":{"rendered":"\n<p class=\"wp-block-paragraph\">Het vliegtuig met registratie ZK-NZC is het enige bewaard gebleven exemplaar van de acht DC-8-toestellen die ooit de langeafstandsvloot van Air New Zealand vormden, schrijft het <a href=\"https:\/\/www.nttmuseumwanaka.co.nz\/blog\/bring-our-birds-home\" target=\"_blank\" rel=\"noreferrer noopener nofollow\">National Transport and Toy Museum W\u0101naka<\/a>. Na twintig jaar wegkwijnen in de Amazone begint de DC-8 van Air New Zealand nu eindelijk aan zijn laatste reis naar huis. Het toestel werd gebouwd door de Douglas-fabriek in het Californische Long Beach en de luchtvaartmaatschappij nam het in september 1965 in gebruik.<\/p>\n\n\n\n<p class=\"wp-block-paragraph\">Air New Zealand haalde het toestel in 1981 uit dienst. Daarna wisselde het meerdere keren van eigenaar, tot het belandde bij de Braziliaanse vrachtvervoerder TCB, die de activiteiten in 2006 staakte. Sindsdien takelde het vliegtuig af op de luchthaven Manaus-Eduardo Gomes.<\/p>\n\n\n\n<div id=\"ez-toc-container\" class=\"ez-toc-v2_0_86 ez-toc-wrap-left counter-hierarchy ez-toc-counter ez-toc-grey ez-toc-container-direction\">\n<div class=\"ez-toc-title-container\">\n<p class=\"ez-toc-title\" style=\"cursor:inherit\">Inhoud van het artikel<\/p>\n<span class=\"ez-toc-title-toggle\"><a href=\"#\" class=\"ez-toc-pull-right ez-toc-btn ez-toc-btn-xs ez-toc-btn-default ez-toc-toggle\" aria-label=\"Toggle tabel met inhoud\"><span class=\"ez-toc-js-icon-con\"><span class=\"\"><span class=\"eztoc-hide\" style=\"display:none;\">Toggle<\/span><span class=\"ez-toc-icon-toggle-span\"><svg style=\"fill: #999;color:#999\" xmlns=\"http:\/\/www.w3.org\/2000\/svg\" class=\"list-377408\" width=\"20px\" height=\"20px\" viewBox=\"0 0 24 24\" fill=\"none\"><path d=\"M6 6H4v2h2V6zm14 0H8v2h12V6zM4 11h2v2H4v-2zm16 0H8v2h12v-2zM4 16h2v2H4v-2zm16 0H8v2h12v-2z\" fill=\"currentColor\"><\/path><\/svg><svg style=\"fill: #999;color:#999\" class=\"arrow-unsorted-368013\" xmlns=\"http:\/\/www.w3.org\/2000\/svg\" width=\"10px\" height=\"10px\" viewBox=\"0 0 24 24\" version=\"1.2\" baseProfile=\"tiny\"><path d=\"M18.2 9.3l-6.2-6.3-6.2 6.3c-.2.2-.3.4-.3.7s.1.5.3.7c.2.2.4.3.7.3h11c.3 0 .5-.1.7-.3.2-.2.3-.5.3-.7s-.1-.5-.3-.7zM5.8 14.7l6.2 6.3 6.2-6.3c.2-.2.3-.5.3-.7s-.1-.5-.3-.7c-.2-.2-.4-.3-.7-.3h-11c-.3 0-.5.1-.7.3-.2.2-.3.5-.3.7s.1.5.3.7z\"\/><\/svg><\/span><\/span><\/span><\/a><\/span><\/div>\n<nav><ul class='ez-toc-list ez-toc-list-level-1 ' ><li class='ez-toc-page-1 ez-toc-heading-level-2'><a class=\"ez-toc-link ez-toc-heading-1\" href=\"https:\/\/loudavymkrokem.cz\/nl\/dc-8-air-new-zealand-amazone\/#De_legende_die_een_koningin_vervoerde\" >De legende die een koningin vervoerde<\/a><\/li><li class='ez-toc-page-1 ez-toc-heading-level-2'><a class=\"ez-toc-link ez-toc-heading-2\" href=\"https:\/\/loudavymkrokem.cz\/nl\/dc-8-air-new-zealand-amazone\/#De_reis_naar_huis_over_de_oceaan\" >De reis naar huis over de oceaan<\/a><\/li><li class='ez-toc-page-1 ez-toc-heading-level-2'><a class=\"ez-toc-link ez-toc-heading-3\" href=\"https:\/\/loudavymkrokem.cz\/nl\/dc-8-air-new-zealand-amazone\/#Wat_dit_in_de_praktijk_betekent\" >Wat dit in de praktijk betekent<\/a><\/li><\/ul><\/nav><\/div>\n<h2 class=\"wp-block-heading\"><span class=\"ez-toc-section\" id=\"De_legende_die_een_koningin_vervoerde\"><\/span>De legende die een koningin vervoerde<span class=\"ez-toc-section-end\"><\/span><\/h2>\n\n\n\n<p class=\"wp-block-paragraph\">Dit specifieke toestel heeft een historische vlucht op zijn naam staan. Op <strong>30 januari 1974<\/strong> vervoerde het koningin Elizabeth II, prinses Anne en Mark Phillips van Rarotonga naar Christchurch, schrijft de <a href=\"https:\/\/www.odt.co.nz\/regions\/wanaka\/w%C4%81naka-final-resting-place-iconic-aircraft\" target=\"_blank\" rel=\"noreferrer noopener nofollow\">Otago Daily Times<\/a>. Een paar dagen later opende de koningin de Britse Commonwealth Games in het QEII-park in Christchurch.<\/p>\n\n\n\n<p class=\"wp-block-paragraph\">Volgens Paul Brennan, oprichter van de goede-doelenstichting Bring Our Birds Home, was juist dit type vliegtuig cruciaal om Air New Zealand uit te laten groeien tot een volwaardige internationale luchtvaartmaatschappij, aldus de <a href=\"https:\/\/www.odt.co.nz\/star-news\/star-christchurch\/iconic-dc-8-heading-back-home\" target=\"_blank\" rel=\"noreferrer noopener nofollow\">Otago Daily Times<\/a>.<\/p>\n\n\n\n<h2 class=\"wp-block-heading\"><span class=\"ez-toc-section\" id=\"De_reis_naar_huis_over_de_oceaan\"><\/span>De reis naar huis over de oceaan<span class=\"ez-toc-section-end\"><\/span><\/h2>\n\n\n\n<p class=\"wp-block-paragraph\">De demontage van het toestel moet beginnen op <strong>1 september 2026<\/strong>. Het vliegtuig wordt in secties gezaagd (romp, vleugels opgedeeld voor transport in containers en staartvlakken) en per schip naar de haven van <strong>Timaru<\/strong> op het Zuidereiland vervoerd.<\/p>\n\n\n\n<p class=\"wp-block-paragraph\">Daar zou het nog dit jaar moeten aankomen, schrijven de Braziliaanse media <a href=\"https:\/\/aerojota.com.br\/dc-8-abandonado-manaus-nova-zelandia\/\" target=\"_blank\" rel=\"noreferrer noopener nofollow\">AeroJota<\/a> en <a href=\"https:\/\/www.rondoniaovivo.com\/noticia\/geral\/2026\/08\/13\/fim-do-abandono-dc-8-que-esta-ha-duas-decadas-em-manaus-vai-de-navio-para-a-nova-zelandia.html\" target=\"_blank\" rel=\"noreferrer noopener nofollow\">Rond\u00f4nia ao Vivo<\/a>.<\/p>\n\n\n\n<p class=\"wp-block-paragraph\">Een lege DC-8-52 weegt zo&#8217;n 60 ton, is 45,9 meter lang en heeft een spanwijdte van 43,4 meter. Volgens diezelfde bron zijn luchthavenexploitant VINCI Airports en het op zwaar internationaal vrachtvervoer gespecialiseerde bedrijf Freightplus betrokken bij de logistiek.<\/p>\n\n\n\n<p class=\"wp-block-paragraph\">De kosten worden gedragen door anonieme donateurs. De stichting Bring Our Birds Home zamelt bovendien al negen jaar geld in via het platform <a href=\"https:\/\/givealittle.co.nz\/cause\/bringourbirdshome\" target=\"_blank\" rel=\"noreferrer noopener nofollow\">Givealittle<\/a> en had tot augustus 2026 van 467 donateurs <strong>40.035 NZD<\/strong> opgehaald.<\/p>\n\n\n\n<h2 class=\"wp-block-heading\"><span class=\"ez-toc-section\" id=\"Wat_dit_in_de_praktijk_betekent\"><\/span>Wat dit in de praktijk betekent<span class=\"ez-toc-section-end\"><\/span><\/h2>\n\n\n\n<p class=\"wp-block-paragraph\">Plan je een reis naar het Zuidereiland van Nieuw-Zeeland? Na de voltooiing van de restauratie kun je dit stukje luchtvaartgeschiedenis bewonderen in het <strong>National Transport and Toy Museum in W\u0101naka<\/strong>. Het museum ligt pal naast de luchthaven en is gewoon toegankelijk voor het publiek.<\/p>\n\n\n\n<p class=\"wp-block-paragraph\">Het demontage- en scheepvaartproces is ook online te volgen. De stichting documenteert het doorlopend via haar campagne op Givealittle en op sociale media.<\/p>\n\n\n\n<p class=\"wp-block-paragraph\">Op vluchten naar Brazili\u00eb of op de werking van de luchthaven in Manaus heeft deze operatie geen enkele impact. Het gaat immers slechts om een eenmalige afvoer van een afgedankt vliegtuigcasco.<\/p>\n\n\n\n<p class=\"wp-block-paragraph\">Wie een reis naar Nieuw-Zeeland nog aan het plannen is, moet er rekening mee houden dat het vliegtuig <strong>eind 2026<\/strong> in Timaru zou moeten aankomen en pas na een verdere restauratie in het museum in W\u0101naka te zien zal zijn.<\/p>\n\n\n\n<!-- LKM_GYG_CARD start q=\"cestu domu\" lang=\"nl\" rendered=\"2026-08-31T03:35:22+00:00\" v=\"1\" -->\n<style id=\"lk-gyg-styles\">\n@import url(\"https:\/\/fonts.googleapis.com\/css2?family=Playfair+Display:wght@700&family=DM+Sans:wght@300;400;500;600&display=swap\");\n\/* === LK GYG karty \u2014 CRO redesign 2026-05 (namespace .lkx-) ===\n   C\u00edl: vy\u0161\u0161\u00ed CTR (hero + v\u00fdrazn\u00fd social proof + ak\u010dn\u00ed CTA, m\u00e9n\u011b \"reklamn\u00ed\").\n   Injektuje se inline do prvn\u00edho markeru postu (refresh_cards.py --inline-css). *\/\n.lkx-module, .lkx-module *{box-sizing:border-box;margin:0;padding:0}\n.lkx-module{\n  font-family:'DM Sans',-apple-system,Segoe UI,Roboto,Georgia,sans-serif;\n  max-width:860px;margin:2.5rem auto;color:#1f2328;\n}\n\n\/* HEADER \u2014 lehk\u00fd editorsk\u00fd, \u017e\u00e1dn\u00fd bannerov\u00fd blok; nadpis + popisek pod n\u00edm *\/\n.lkx-head{margin-bottom:16px}\n.lkx-head-main{display:flex;align-items:center;gap:10px}\n.lkx-head-accent{width:26px;height:3px;border-radius:2px;background:#c39f76;flex-shrink:0}\n.lkx-head-title{font-family:'Playfair Display',Georgia,serif;font-size:21px;font-weight:700;color:#1a1a1a;line-height:1.25}\n.lkx-head-meta{display:block;font-size:11px;letter-spacing:.3px;color:#9aa0a6;margin-top:4px;margin-left:36px}\n\n\/* HERO *\/\n.lkx-hero{display:grid;grid-template-columns:300px 1fr;background:#fff;border:1px solid #ece7df;border-radius:14px;overflow:hidden;text-decoration:none!important;color:inherit;box-shadow:0 6px 20px rgba(0,0,0,.06);transition:box-shadow .2s,transform .2s;margin-bottom:14px}\n.lkx-hero:hover{box-shadow:0 12px 30px rgba(0,0,0,.12);transform:translateY(-2px)}\n.lkx-hero-img{position:relative;min-height:230px;background-size:cover;background-position:center;background-color:#eee}\n.lkx-hero-body{padding:22px 24px;display:flex;flex-direction:column}\n.lkx-pick{position:absolute;top:12px;left:12px;background:#1a1a1a;color:#fff;font-size:11px;font-weight:700;letter-spacing:.5px;padding:5px 11px;border-radius:20px}\n\n\/* TITLE *\/\n.lkx-title{font-size:19px;font-weight:700;color:#161616;line-height:1.3}\n.lkx-title-sm{font-size:14.5px;line-height:1.35;display:-webkit-box;-webkit-line-clamp:2;-webkit-box-orient:vertical;overflow:hidden}\n\n\/* SOCIAL PROOF \u2014 v\u00fdrazn\u011b, naho\u0159e *\/\n.lkx-proof{display:flex;align-items:center;gap:7px;margin-top:12px;font-size:15px;color:#3a3a3a}\n.lkx-proof b{font-size:16px;color:#161616}\n.lkx-stars{color:#f5a623;letter-spacing:1px}\n.lkx-proof-sm{font-size:12.5px;margin-top:8px;gap:5px}\n.lkx-proof-sm b{font-size:13px}\n.lkx-proof-new{color:#3685fc;font-weight:600}\n\n\/* PRICE \u2014 n\u00edzk\u00e1 kotva *\/\n.lkx-price{font-size:14px;color:#6b7280}\n.lkx-price b{font-size:20px;color:#161616;font-weight:700}\n.lkx-price-sm b{font-size:15px}\n\n\/* CTA \u2014 tepl\u00e9 ak\u010dn\u00ed tla\u010d\u00edtko *\/\n.lkx-cta{display:inline-flex;align-items:center;justify-content:center;text-decoration:none!important;font-weight:700;color:#fff!important;background:linear-gradient(135deg,#f6743f,#e8552a);border-radius:10px;box-shadow:0 6px 16px rgba(232,85,42,.32);transition:box-shadow .2s}\n.lkx-cta-hero{font-size:15px;padding:13px 22px}\n.lkx-hero:hover .lkx-cta-hero{box-shadow:0 8px 22px rgba(232,85,42,.45)}\n.lkx-cta-sm{font-size:12.5px;padding:9px 14px;width:100%;margin-top:2px}\n.lkx-hero-bottom{margin-top:auto;padding-top:18px;display:flex;align-items:center;justify-content:space-between;gap:14px;flex-wrap:wrap}\n\n\/* BADGE \u2014 jeden v\u00fdrazn\u00fd na fotce *\/\n.lkx-badge{position:absolute;top:12px;right:12px;font-size:10.5px;font-weight:700;letter-spacing:.3px;padding:5px 10px;border-radius:16px;color:#fff}\n.lkx-badge.badge-urgency{background:rgba(214,40,40,.92)}\n.lkx-badge.badge-new{background:rgba(54,133,252,.92)}\n.lkx-badge.badge-top{background:rgba(195,159,118,.95)}\n.lkx-badge.badge-info{background:rgba(40,40,40,.78)}\n\n\/* SECONDARY GRID *\/\n.lkx-grid{display:grid;grid-template-columns:1fr 1fr;gap:14px}\n.lkx-card{background:#fff;border:1px solid #ece7df;border-radius:14px;overflow:hidden;text-decoration:none!important;color:inherit;box-shadow:0 4px 14px rgba(0,0,0,.05);display:flex;flex-direction:column;transition:box-shadow .2s,transform .2s}\n.lkx-card:hover{box-shadow:0 10px 24px rgba(0,0,0,.1);transform:translateY(-2px)}\n.lkx-card-img{position:relative;aspect-ratio:16\/10;background-size:cover;background-position:center;background-color:#eee}\n.lkx-card-body{padding:14px 16px 16px;display:flex;flex-direction:column;gap:7px;flex:1}\n.lkx-card-bottom{margin-top:auto;padding-top:10px;display:flex;align-items:center;justify-content:space-between;gap:8px}\n\n\/* DISCLOSURE \u2014 drobn\u00e1, kv\u016fli d\u016fv\u011b\u0159e\/z\u00e1konu *\/\n.lkx-disclosure{font-size:11px;color:#a7adb3;text-align:center;margin-top:14px;line-height:1.6}\n.lkx-disclosure a{color:#c39f76;text-decoration:none}\n\n@media(max-width:680px){\n  .lkx-hero{grid-template-columns:1fr}\n  .lkx-hero-img{min-height:180px}\n  .lkx-grid{grid-template-columns:1fr}\n  .lkx-head-meta{margin-left:0;width:100%}\n  .lkx-head-title{font-size:19px}\n}\n\n<\/style>\n<div class=\"lkx-module\" data-query=\"cestu domu\">\n  <div class=\"lkx-head\">\n    <div class=\"lkx-head-main\">\n      <span class=\"lkx-head-accent\"><\/span>\n      <span class=\"lkx-head-title\">Ervaringen &amp; tickets<\/span>\n    <\/div>\n    <span class=\"lkx-head-meta\">beoordeeld door reizigers \u00b7 GetYourGuide<\/span>\n  <\/div><a class=\"lkx-hero\" href=\"https:\/\/www.getyourguide.com\/nl-nl\/boekarest-l111\/boekarest-parlementspaleis-huis-van-ceausescu-dorpsrondleiding-t1408656\/?partner_id=MKZ64IS&amp;utm_medium=online_publisher&amp;cmp=dc-8-air-new-zealand-amazone\" target=\"_blank\" rel=\"sponsored noopener nofollow\">\n    <div class=\"lkx-hero-img\" style=\"background-image:url('https:\/\/cdn.getyourguide.com\/img\/tour\/a1a08ee8b9181726deae6592bd8f78ae51968087a0a286ee9ca83bc6aaf2984a.jpg\/132.jpg')\" role=\"img\" aria-label=\"Boekarest: Parlementspaleis, huis van Ceau\u0219escu - dorpsrondleiding\">\n      <span class=\"lkx-pick\">\u2605 Onze keuze<\/span><\/div>\n    <div class=\"lkx-hero-body\">\n      <div class=\"lkx-title\">Boekarest: Parlementspaleis, huis van Ceau\u0219escu &#8211; dorpsrondleiding<\/div>\n      <div class=\"lkx-proof\">\n      <span class=\"lkx-stars\">\u2605\u2605\u2605\u2605\u2605<\/span>\n      <b>4.9<\/b> \u00b7 120 beoordelingen\n    <\/div>\n      <div class=\"lkx-hero-bottom\"><div class=\"lkx-price\">vanaf <b>\u20ac\u00a019<\/b><\/div><span class=\"lkx-cta lkx-cta-hero\">Dit wil ik beleven \u2192<\/span>\n      <\/div>\n    <\/div>\n  <\/a><div class=\"lkx-grid\"><a class=\"lkx-card\" href=\"https:\/\/www.getyourguide.com\/nl-nl\/boekarest-l111\/zonder-wachtrij-parlement-huis-van-ceausescu-en-dorpsmuseum-t1416896\/?partner_id=MKZ64IS&amp;utm_medium=online_publisher&amp;cmp=dc-8-air-new-zealand-amazone\" target=\"_blank\" rel=\"sponsored noopener nofollow\">\n      <div class=\"lkx-card-img\" style=\"background-image:url('https:\/\/cdn.getyourguide.com\/img\/tour\/976fd23f39a25a4bcbe9385ee5b65aa5f3b5a69deb8ddcc59222f1ccff790906.jpg\/132.jpg')\" role=\"img\" aria-label=\"Zonder wachtrij - Parlement, huis van Ceau\u0219escu en Dorpsmuseum\"><\/div>\n      <div class=\"lkx-card-body\">\n        <div class=\"lkx-title lkx-title-sm\">Zonder wachtrij &#8211; Parlement, huis van Ceau\u0219escu en Dorpsmuseum<\/div>\n        <div class=\"lkx-proof lkx-proof-sm\">\n      <span class=\"lkx-stars\">\u2605<\/span>\n      <b>5.0<\/b> \u00b7 27\n    <\/div>\n        <div class=\"lkx-card-bottom\"><span class=\"lkx-price lkx-price-sm\">vanaf <b>\u20ac\u00a019<\/b><\/span><span class=\"lkx-cta lkx-cta-sm\">Bekijk data \u2192<\/span>\n        <\/div>\n      <\/div>\n    <\/a><a class=\"lkx-card\" href=\"https:\/\/www.getyourguide.com\/nl-nl\/boekarest-l111\/rondleiding-door-het-parlementspaleis-het-huis-van-ceausescu-en-het-dorpsmuseum-t1425861\/?partner_id=MKZ64IS&amp;utm_medium=online_publisher&amp;cmp=dc-8-air-new-zealand-amazone\" target=\"_blank\" rel=\"sponsored noopener nofollow\">\n      <div class=\"lkx-card-img\" style=\"background-image:url('https:\/\/cdn.getyourguide.com\/img\/tour\/46d6918981e2de85c087c9f3e59e62a879dbee03bd162069c0e6bb0d933a2b7d.jpg\/132.jpg')\" role=\"img\" aria-label=\"Rondleiding door het Parlementspaleis, het huis van Ceausescu en het Dorpsmuseum\"><\/div>\n      <div class=\"lkx-card-body\">\n        <div class=\"lkx-title lkx-title-sm\">Rondleiding door het Parlementspaleis, het huis van Ceausescu en het Dorpsmuseum<\/div>\n        <div class=\"lkx-proof lkx-proof-sm\">\n      <span class=\"lkx-stars\">\u2605<\/span>\n      <b>4.9<\/b> \u00b7 13\n    <\/div>\n        <div class=\"lkx-card-bottom\"><span class=\"lkx-price lkx-price-sm\">vanaf <b>\u20ac\u00a019<\/b><\/span><span class=\"lkx-cta lkx-cta-sm\">Bekijk data \u2192<\/span>\n        <\/div>\n      <\/div>\n    <\/a><\/div><div class=\"lkx-disclosure\">\ud83d\udd17 Affiliate-links \u2014 geen meerprijs voor jou, ze helpen ons content te maken. \u00b7 <a href=\"https:\/\/www.getyourguide.com\/nl-nl\/s\/?q=cestu+domu&amp;partner_id=MKZ64IS&amp;utm_medium=online_publisher\" target=\"_blank\" rel=\"sponsored noopener nofollow\">Alle ervaringen \u2192<\/a><\/div>\n<\/div>\n<!-- LKM_GYG_CARD end -->\n","protected":false},"excerpt":{"rendered":"<p>De enige bewaard gebleven Douglas DC-8 uit de vloot van Air New Zealand takelt al twintig jaar af op de luchthaven van Manaus. Vanaf 1 september 2026 wordt hij gedemonteerd en per schip naar Nieuw-Zeeland vervoerd, waar hij in een museum in W\u0101naka belandt. Ooit vervoerde hij zelfs koningin Elizabeth II.<\/p>\n","protected":false},"author":2,"featured_media":396130,"comment_status":"open","ping_status":"open","sticky":false,"template":"","format":"standard","meta":{"_acf_changed":false,"footnotes":"","rank_math_title":"DC-8 Air New Zealand keert terug uit de Amazone","rank_math_description":"De DC-8 van Air New Zealand keert na 20 jaar terug uit de Amazone naar een museum in W\u0101naka. Ontdek het verhaal van dit iconische toestel dat ooit een koningin","rank_math_focus_keyword":"DC-8 Air New Zealand","rank_math_seo_score":""},"categories":[82,979],"tags":[],"class_list":["post-408652","post","type-post","status-publish","format-standard","has-post-thumbnail","category-cestovani","category-reizen"],"acf":[],"featured_image_src":"https:\/\/loudavymkrokem.cz\/wp-content\/uploads\/2026\/08\/abandoned-dc-8-aircraft-tarmac.jpg","author_info":{"display_name":"Luk\u00e1\u0161 Kone\u010dn\u00fd","author_link":"https:\/\/loudavymkrokem.cz\/nl\/author\/lukas-konecny\/"},"_links":{"self":[{"href":"https:\/\/loudavymkrokem.cz\/nl\/wp-json\/wp\/v2\/posts\/408652","targetHints":{"allow":["GET"]}}],"collection":[{"href":"https:\/\/loudavymkrokem.cz\/nl\/wp-json\/wp\/v2\/posts"}],"about":[{"href":"https:\/\/loudavymkrokem.cz\/nl\/wp-json\/wp\/v2\/types\/post"}],"author":[{"embeddable":true,"href":"https:\/\/loudavymkrokem.cz\/nl\/wp-json\/wp\/v2\/users\/2"}],"replies":[{"embeddable":true,"href":"https:\/\/loudavymkrokem.cz\/nl\/wp-json\/wp\/v2\/comments?post=408652"}],"version-history":[{"count":0,"href":"https:\/\/loudavymkrokem.cz\/nl\/wp-json\/wp\/v2\/posts\/408652\/revisions"}],"wp:featuredmedia":[{"embeddable":true,"href":"https:\/\/loudavymkrokem.cz\/nl\/wp-json\/wp\/v2\/media\/396130"}],"wp:attachment":[{"href":"https:\/\/loudavymkrokem.cz\/nl\/wp-json\/wp\/v2\/media?parent=408652"}],"wp:term":[{"taxonomy":"category","embeddable":true,"href":"https:\/\/loudavymkrokem.cz\/nl\/wp-json\/wp\/v2\/categories?post=408652"},{"taxonomy":"post_tag","embeddable":true,"href":"https:\/\/loudavymkrokem.cz\/nl\/wp-json\/wp\/v2\/tags?post=408652"}],"curies":[{"name":"wp","href":"https:\/\/api.w.org\/{rel}","templated":true}]}}