{"id":151252,"date":"2026-04-24T20:26:17","date_gmt":"2026-04-24T18:26:17","guid":{"rendered":"https:\/\/loudavymkrokem.cz\/?p=151252"},"modified":"2026-04-30T11:07:35","modified_gmt":"2026-04-30T09:07:35","slug":"vysehrad-gids-praag-tsjechie","status":"publish","type":"post","link":"https:\/\/loudavymkrokem.cz\/nl\/vysehrad-gids-praag-tsjechie\/","title":{"rendered":"Vy\u0161ehrad: Gids voor het tweede kasteel van Praag (basiliek, begraafplaats, vestingmuren)"},"content":{"rendered":"<p>Elk jaar ging ik met Kerst naar Vy\u0161ehrad om een gedicht voor te lezen bij het graf van M\u00e1cha, een beroemde Tsjechische dichter. <strong>Het was een traditie die ik had overgehouden uit mijn middelbareschooltijd. Ik hou van Vy\u0161ehrad \u2013 in de winter, in de zomer, in de herfst en in de lente. Toen Luk\u00e1\u0161 en ik onze eerste Kerst samen vierden, was het precies Vy\u0161ehrad waar ik hem op Kerstavond naartoe sleepte.<\/strong><\/p>\n<p>Vy\u0161ehrad is voor de lokale bevolking een soort openluchthuiskamer. Terwijl je op de Praagse Burcht (Hrad\u010dany) je door de menigte moet wurmen en vecht om elke vierkante centimeter, tref je hier Pragers aan met picknickdekens, hondenuitlaters en joggers die slalommen tussen de massieve barokke vestingmuren. Als je <strong>Praag Tsjechi\u00eb<\/strong> bezoekt, is dit de perfecte plek om even aan de drukte te ontsnappen. Tegenwoordig komen we hier ook met onze tweejarige zoon Jon\u00e1\u0161. De lange asfaltpaden langs de muren zijn namelijk ideaal voor een kinderwagen, en de uitgestrekte parken onder volgroeide bomen bieden heerlijke schaduw op warme zomerdagen. En als vegetari\u00ebr waardeer ik het enorm dat je beneden in de wijken Podol\u00ed en V\u00fdto\u0148 inmiddels tal van leuke bistro&#8217;s vindt die veel meer serveren dan alleen gefrituurde kaas.<\/p>\n<p>Dit hele gebied hoog boven de Moldau heeft bovendien een enorm voordeel: hoewel het een belangrijk historisch terrein is, omgeven door legendes over prinses Libu\u0161e (de mythische stichteres van Praag), behoudt het een ongelooflijk ontspannen, bijna parkachtige sfeer. <strong>Je kunt hier uren rondslenteren, op de vestingmuren zitten met je benen bungelend over de rand en boten op de rivier bekijken. Het is geen star openluchtmuseum met tourniquets, maar een levendige stadswijk waar het de moeite loont om naartoe te vluchten vanuit de oververhitte geplaveide straatjes van de Oude Stad.<\/strong><\/p>\n<p>In dit artikel vind je een complete gids voor <strong>Vy\u0161ehrad<\/strong>, inclusief details over de openingstijden van de <strong>Basiliek van Sint-Petrus en Paulus<\/strong>, waar precies de <strong>Vy\u0161ehradbegraafplaats<\/strong> en het beroemde <strong>Slav\u00edn-monument<\/strong> liggen, en waarom je de oudste <strong>Rotonde van Sint-Martinus<\/strong> niet mag missen.<\/p>\n<figure class=\"wp-block-image size-full\"><img loading=\"lazy\" decoding=\"async\" width=\"1200\" height=\"800\" src=\"https:\/\/loudavymkrokem.cz\/wp-content\/uploads\/2026\/04\/vysehrad-4319.jpg\" alt=\"Uitzicht vanaf Vy\u0161ehrad\" class=\"wp-image-151146\" title=\"\" srcset=\"https:\/\/loudavymkrokem.cz\/wp-content\/uploads\/2026\/04\/vysehrad-4319.jpg 1200w, https:\/\/loudavymkrokem.cz\/wp-content\/uploads\/2026\/04\/vysehrad-4319-300x200.jpg 300w, https:\/\/loudavymkrokem.cz\/wp-content\/uploads\/2026\/04\/vysehrad-4319-700x467.jpg 700w, https:\/\/loudavymkrokem.cz\/wp-content\/uploads\/2026\/04\/vysehrad-4319-768x512.jpg 768w, https:\/\/loudavymkrokem.cz\/wp-content\/uploads\/2026\/04\/vysehrad-4319-696x464.jpg 696w\" sizes=\"auto, (max-width: 1200px) 100vw, 1200px\"><figcaption class=\"wp-element-caption\">Uitzicht vanaf Vy\u0161ehrad<\/figcaption><\/figure>\n<div id=\"ez-toc-container\" class=\"ez-toc-v2_0_82_2 ez-toc-wrap-left counter-hierarchy ez-toc-counter ez-toc-grey ez-toc-container-direction\">\n<div class=\"ez-toc-title-container\">\n<p class=\"ez-toc-title\" style=\"cursor:inherit\">Inhoud van het artikel<\/p>\n<span class=\"ez-toc-title-toggle\"><a href=\"#\" class=\"ez-toc-pull-right ez-toc-btn ez-toc-btn-xs ez-toc-btn-default ez-toc-toggle\" aria-label=\"Toggle tabel met inhoud\"><span class=\"ez-toc-js-icon-con\"><span class=\"\"><span class=\"eztoc-hide\" style=\"display:none;\">Toggle<\/span><span class=\"ez-toc-icon-toggle-span\"><svg style=\"fill: #999;color:#999\" xmlns=\"http:\/\/www.w3.org\/2000\/svg\" class=\"list-377408\" width=\"20px\" height=\"20px\" viewBox=\"0 0 24 24\" fill=\"none\"><path d=\"M6 6H4v2h2V6zm14 0H8v2h12V6zM4 11h2v2H4v-2zm16 0H8v2h12v-2zM4 16h2v2H4v-2zm16 0H8v2h12v-2z\" fill=\"currentColor\"><\/path><\/svg><svg style=\"fill: #999;color:#999\" class=\"arrow-unsorted-368013\" xmlns=\"http:\/\/www.w3.org\/2000\/svg\" width=\"10px\" height=\"10px\" viewBox=\"0 0 24 24\" version=\"1.2\" baseProfile=\"tiny\"><path d=\"M18.2 9.3l-6.2-6.3-6.2 6.3c-.2.2-.3.4-.3.7s.1.5.3.7c.2.2.4.3.7.3h11c.3 0 .5-.1.7-.3.2-.2.3-.5.3-.7s-.1-.5-.3-.7zM5.8 14.7l6.2 6.3 6.2-6.3c.2-.2.3-.5.3-.7s-.1-.5-.3-.7c-.2-.2-.4-.3-.7-.3h-11c-.3 0-.5.1-.7.3-.2.2-.3.5-.3.7s.1.5.3.7z\"\/><\/svg><\/span><\/span><\/span><\/a><\/span><\/div>\n<nav><ul class='ez-toc-list ez-toc-list-level-1 ' ><ul class='ez-toc-list-level-3' ><li class='ez-toc-heading-level-3'><a class=\"ez-toc-link ez-toc-heading-1\" href=\"https:\/\/loudavymkrokem.cz\/nl\/vysehrad-gids-praag-tsjechie\/#Samenvatting\" >Samenvatting<\/a><\/li><\/ul><\/li><li class='ez-toc-page-1 ez-toc-heading-level-2'><a class=\"ez-toc-link ez-toc-heading-2\" href=\"https:\/\/loudavymkrokem.cz\/nl\/vysehrad-gids-praag-tsjechie\/#Wanneer_naar_Vysehrad_en_hoe_plannen\" >Wanneer naar Vy\u0161ehrad en hoe plannen<\/a><ul class='ez-toc-list-level-3' ><li class='ez-toc-heading-level-3'><a class=\"ez-toc-link ez-toc-heading-3\" href=\"https:\/\/loudavymkrokem.cz\/nl\/vysehrad-gids-praag-tsjechie\/#Lente_en_herfst_als_absolute_favorieten\" >Lente en herfst als absolute favorieten<\/a><\/li><li class='ez-toc-page-1 ez-toc-heading-level-3'><a class=\"ez-toc-link ez-toc-heading-4\" href=\"https:\/\/loudavymkrokem.cz\/nl\/vysehrad-gids-praag-tsjechie\/#Zomeravonden_en_wintermelancholie\" >Zomeravonden en wintermelancholie<\/a><\/li><li class='ez-toc-page-1 ez-toc-heading-level-3'><a class=\"ez-toc-link ez-toc-heading-5\" href=\"https:\/\/loudavymkrokem.cz\/nl\/vysehrad-gids-praag-tsjechie\/#Hoeveel_tijd_reserveren\" >Hoeveel tijd reserveren<\/a><\/li><\/ul><\/li><li class='ez-toc-page-1 ez-toc-heading-level-2'><a class=\"ez-toc-link ez-toc-heading-6\" href=\"https:\/\/loudavymkrokem.cz\/nl\/vysehrad-gids-praag-tsjechie\/#Waar_overnachten\" >Waar overnachten<\/a><\/li><li class='ez-toc-page-1 ez-toc-heading-level-2'><a class=\"ez-toc-link ez-toc-heading-7\" href=\"https:\/\/loudavymkrokem.cz\/nl\/vysehrad-gids-praag-tsjechie\/#Wat_zien_en_bezoeken_op_Vysehrad\" >Wat zien en bezoeken op Vy\u0161ehrad<\/a><ul class='ez-toc-list-level-3' ><li class='ez-toc-heading-level-3'><a class=\"ez-toc-link ez-toc-heading-8\" href=\"https:\/\/loudavymkrokem.cz\/nl\/vysehrad-gids-praag-tsjechie\/#Basiliek_van_Sint-Petrus_en_Paulus\" >Basiliek van Sint-Petrus en Paulus<\/a><\/li><li class='ez-toc-page-1 ez-toc-heading-level-3'><a class=\"ez-toc-link ez-toc-heading-9\" href=\"https:\/\/loudavymkrokem.cz\/nl\/vysehrad-gids-praag-tsjechie\/#Vysehradbegraafplaats_en_het_Slavin-monument\" >Vy\u0161ehradbegraafplaats en het Slav\u00edn-monument<\/a><\/li><li class='ez-toc-page-1 ez-toc-heading-level-3'><a class=\"ez-toc-link ez-toc-heading-10\" href=\"https:\/\/loudavymkrokem.cz\/nl\/vysehrad-gids-praag-tsjechie\/#Rotonde_van_Sint-Martinus\" >Rotonde van Sint-Martinus<\/a><\/li><li class='ez-toc-page-1 ez-toc-heading-level-3'><a class=\"ez-toc-link ez-toc-heading-11\" href=\"https:\/\/loudavymkrokem.cz\/nl\/vysehrad-gids-praag-tsjechie\/#Kazematten_en_de_Gorlice-zaal\" >Kazematten en de Gorlice-zaal<\/a><\/li><li class='ez-toc-page-1 ez-toc-heading-level-3'><a class=\"ez-toc-link ez-toc-heading-12\" href=\"https:\/\/loudavymkrokem.cz\/nl\/vysehrad-gids-praag-tsjechie\/#Vestingmuren_uitzichten_en_de_legende_van_Libuse\" >Vestingmuren, uitzichten en de legende van Libu\u0161e<\/a><\/li><li class='ez-toc-page-1 ez-toc-heading-level-3'><a class=\"ez-toc-link ez-toc-heading-13\" href=\"https:\/\/loudavymkrokem.cz\/nl\/vysehrad-gids-praag-tsjechie\/#Met_kinderen_naar_Vysehrad_speeltuin_uit_oude_legenden\" >Met kinderen naar Vy\u0161ehrad: speeltuin uit oude legenden<\/a><\/li><\/ul><\/li><li class='ez-toc-page-1 ez-toc-heading-level-2'><a class=\"ez-toc-link ez-toc-heading-14\" href=\"https:\/\/loudavymkrokem.cz\/nl\/vysehrad-gids-praag-tsjechie\/#Praktische_informatie_voor_je_bezoek\" >Praktische informatie voor je bezoek<\/a><\/li><li class='ez-toc-page-1 ez-toc-heading-level-2'><a class=\"ez-toc-link ez-toc-heading-15\" href=\"https:\/\/loudavymkrokem.cz\/nl\/vysehrad-gids-praag-tsjechie\/#Verder_lezen\" >Verder lezen<\/a><\/li><li class='ez-toc-page-1 ez-toc-heading-level-2'><a class=\"ez-toc-link ez-toc-heading-16\" href=\"https:\/\/loudavymkrokem.cz\/nl\/vysehrad-gids-praag-tsjechie\/#Veelgestelde_vragen\" >Veelgestelde vragen<\/a><ul class='ez-toc-list-level-3' ><li class='ez-toc-heading-level-3'><a class=\"ez-toc-link ez-toc-heading-17\" href=\"https:\/\/loudavymkrokem.cz\/nl\/vysehrad-gids-praag-tsjechie\/#Is_de_toegang_tot_Vysehrad_gratis\" >Is de toegang tot Vy\u0161ehrad gratis?<\/a><\/li><li class='ez-toc-page-1 ez-toc-heading-level-3'><a class=\"ez-toc-link ez-toc-heading-18\" href=\"https:\/\/loudavymkrokem.cz\/nl\/vysehrad-gids-praag-tsjechie\/#Mag_ik_mijn_hond_meenemen_naar_Vysehrad\" >Mag ik mijn hond meenemen naar Vy\u0161ehrad?<\/a><\/li><li class='ez-toc-page-1 ez-toc-heading-level-3'><a class=\"ez-toc-link ez-toc-heading-19\" href=\"https:\/\/loudavymkrokem.cz\/nl\/vysehrad-gids-praag-tsjechie\/#Is_Vysehrad_geschikt_voor_kinderwagens_en_rolstoelen\" >Is Vy\u0161ehrad geschikt voor kinderwagens en rolstoelen?<\/a><\/li><li class='ez-toc-page-1 ez-toc-heading-level-3'><a class=\"ez-toc-link ez-toc-heading-20\" href=\"https:\/\/loudavymkrokem.cz\/nl\/vysehrad-gids-praag-tsjechie\/#Hoe_lang_duurt_een_bezoek_aan_Vysehrad\" >Hoe lang duurt een bezoek aan Vy\u0161ehrad?<\/a><\/li><li class='ez-toc-page-1 ez-toc-heading-level-3'><a class=\"ez-toc-link ez-toc-heading-21\" href=\"https:\/\/loudavymkrokem.cz\/nl\/vysehrad-gids-praag-tsjechie\/#Waar_kan_ik_parkeren_bij_Vysehrad\" >Waar kan ik parkeren bij Vy\u0161ehrad?<\/a><\/li><li class='ez-toc-page-1 ez-toc-heading-level-3'><a class=\"ez-toc-link ez-toc-heading-22\" href=\"https:\/\/loudavymkrokem.cz\/nl\/vysehrad-gids-praag-tsjechie\/#Is_de_Rotonde_van_Sint-Martinus_normaal_toegankelijk\" >Is de Rotonde van Sint-Martinus normaal toegankelijk?<\/a><\/li><\/ul><\/li><\/ul><\/nav><\/div>\n<h3 class=\"wp-block-heading\"><span class=\"ez-toc-section\" id=\"Samenvatting\"><\/span><span class=\"ez-toc-section\" id=\"Samenvatting\"><\/span>Samenvatting<span class=\"ez-toc-section-end\"><\/span><span class=\"ez-toc-section-end\"><\/span><\/h3>\n<ul class=\"wp-block-list\">\n<li>De toegang tot het hele Vy\u0161ehrad-complex (parken, vestingmuren, paden) is volledig <strong>gratis<\/strong> en <strong>24\/7 open<\/strong>.<\/li>\n<li>De blikvanger is de Basiliek van Sint-Petrus en Paulus met een adembenemend art-nouveauinterieur; een kaartje kost ongeveer <strong>5 \u20ac<\/strong>.<\/li>\n<li>De Vy\u0161ehradbegraafplaats en het Slav\u00edn-monument zijn de laatste rustplaats van beroemde Tsjechische kunstenaars (Anton\u00edn Dvo\u0159\u00e1k, Bed\u0159ich Smetana, Karel \u010capek).<\/li>\n<li>Vanaf de barokke vestingmuren heb je de mooiste uitzichten op de Praagse Burcht, het Moldaudal en Podol\u00ed.<\/li>\n<li>De ondergrondse <strong>kazematten<\/strong> herbergen de <strong>Gorlice-zaal<\/strong>, waar originele barokbeelden van de Karelsbrug staan opgesteld.<\/li>\n<li>De Rotonde van Sint-Martinus is de oudst bewaard gebleven rotonde van Praag, gebouwd in de 11e eeuw.<\/li>\n<li>Je komt er het makkelijkst met de rode metrolijn C, station Vy\u0161ehrad \u2013 daarna loop je over vlak terrein.<\/li>\n<li>Voor gezinnen met kinderen is er een fantastische thematische speeltuin ge\u00efnspireerd op oude Tsjechische legenden.<\/li>\n<\/ul>\n<figure class=\"wp-block-image size-full\"><img loading=\"lazy\" decoding=\"async\" width=\"1200\" height=\"800\" src=\"https:\/\/loudavymkrokem.cz\/wp-content\/uploads\/2026\/04\/vysehrad-4303.jpg\" alt=\"Vy\u0161ehrad met een klein kind\" class=\"wp-image-151149\" title=\"\" srcset=\"https:\/\/loudavymkrokem.cz\/wp-content\/uploads\/2026\/04\/vysehrad-4303.jpg 1200w, https:\/\/loudavymkrokem.cz\/wp-content\/uploads\/2026\/04\/vysehrad-4303-300x200.jpg 300w, https:\/\/loudavymkrokem.cz\/wp-content\/uploads\/2026\/04\/vysehrad-4303-700x467.jpg 700w, https:\/\/loudavymkrokem.cz\/wp-content\/uploads\/2026\/04\/vysehrad-4303-768x512.jpg 768w, https:\/\/loudavymkrokem.cz\/wp-content\/uploads\/2026\/04\/vysehrad-4303-696x464.jpg 696w\" sizes=\"auto, (max-width: 1200px) 100vw, 1200px\"><figcaption class=\"wp-element-caption\">Lente op Vy\u0161ehrad<\/figcaption><\/figure>\n<h2 class=\"wp-block-heading\"><span class=\"ez-toc-section\" id=\"Wanneer_naar_Vysehrad_en_hoe_plannen\"><\/span><span class=\"ez-toc-section\" id=\"Wanneer_naar_Vysehrad_en_hoe_plannen\"><\/span>Wanneer naar Vy\u0161ehrad en hoe plannen<span class=\"ez-toc-section-end\"><\/span><span class=\"ez-toc-section-end\"><\/span><\/h2>\n<p>Het plannen van een bezoek aan Vy\u0161ehrad is een stuk makkelijker dan de logistiek rondom het Oudestadsplein. Omdat een groot deel van de beleving bestaat uit wandelen over de vestingmuren en door de parken, speelt het weer een behoorlijk belangrijke rol. Uit eigen ervaring kan ik zeggen dat ik hier zelden naartoe ga midden op de dag in augustus, wanneer de zon op de stenen muren brandt. Ik kies liever de randen van de dag of koelere maanden, wanneer deze plek een veel intiemere sfeer heeft en je je niet hoeft te wringen tussen tientallen picknickende groepjes.<\/p>\n<h3 class=\"wp-block-heading\"><span class=\"ez-toc-section\" id=\"Lente_en_herfst_als_absolute_favorieten\"><\/span><span class=\"ez-toc-section\" id=\"Lente_en_herfst_als_absolute_favorieten\"><\/span>Lente en herfst als absolute favorieten<span class=\"ez-toc-section-end\"><\/span><span class=\"ez-toc-section-end\"><\/span><\/h3>\n<p>April, mei en vervolgens september en oktober zijn objectief gezien de beste maanden voor Vy\u0161ehrad. Het gouden herfsttlicht, waar ik zo van hield tijdens mijn fotografiecursus, doet wonderen met de bakstenen muren en de donkere torens van de basiliek. In de herfst, rond de tijd van het Signal Festival (in 2026 van <strong>15 t\/m 18 oktober<\/strong>), kleuren de bomen in het park geel en hebben de uitzichten op de mist die opstijgt van de Moldau een ongelooflijke diepte. De lentemaanden brengen juist bloeiende bomen langs de vestingmuren richting Podol\u00ed. In deze periodes zijn de temperaturen bovendien perfect voor lange wandelingen zonder dat je na tien minuten op zoek moet naar schaduw.<\/p>\n<h3 class=\"wp-block-heading\"><span class=\"ez-toc-section\" id=\"Zomeravonden_en_wintermelancholie\"><\/span><span class=\"ez-toc-section\" id=\"Zomeravonden_en_wintermelancholie\"><\/span>Zomeravonden en wintermelancholie<span class=\"ez-toc-section-end\"><\/span><span class=\"ez-toc-section-end\"><\/span><\/h3>\n<p>De zomer op Vy\u0161ehrad is bijzonder levendig. Terrasjes en openluchtpodia barsten uit hun voegen, in de parken spelen mensen gitaar en het geheel doet denken aan een groot festival. Als je hier in juli of augustus komt, raad ik aan om vroeg in de ochtend te gaan, of juist bij zonsondergang. Het uitzicht op de ondergaande zon achter de Praagse Burcht vanaf het bakstenen uitkijkpunt is zo beroemd dat je hier &#8217;s avonds tientallen fotografen met statieven aantreft. De winter (januari, februari) is een heel ander verhaal. Als er sneeuw valt, is Vy\u0161ehrad volmaakt stil. De met sneeuw bedekte begraafplaats oogt ontzettend majestueus en je voelt je alsof je midden in de 19e eeuw staat. Wees er wel op voorbereid dat de wind vanaf de rivier op de muren flink kan bijten.<\/p>\n<h3 class=\"wp-block-heading\"><span class=\"ez-toc-section\" id=\"Hoeveel_tijd_reserveren\"><\/span><span class=\"ez-toc-section\" id=\"Hoeveel_tijd_reserveren\"><\/span>Hoeveel tijd reserveren<span class=\"ez-toc-section-end\"><\/span><span class=\"ez-toc-section-end\"><\/span><\/h3>\n<p>Wil je het terrein alleen snel doorkruisen, het uitzicht fotograferen en even bij de begraafplaats kijken? Dan zijn <strong>twee uur<\/strong> voldoende. Maar wil je ook de basiliek van binnen bekijken, een rondleiding door de ondergrondse kazematten doen en de kinderen laten spelen op de speeltuin? Reserveer dan meteen een <strong>halve dag<\/strong>. Met Luk\u00e1\u0161 en Jon\u00e1\u0161 brengen we hier gemakkelijk een hele ochtend door, sluiten af met koffie en wandelen dan langzaam naar beneden richting de rivier voor de lunch. Vy\u0161ehrad is geen plek om te haasten \u2013 de genius loci schuilt juist in het rustige tempo.<\/p>\n<figure class=\"wp-block-image size-full\"><img loading=\"lazy\" decoding=\"async\" width=\"1200\" height=\"800\" src=\"https:\/\/loudavymkrokem.cz\/wp-content\/uploads\/2026\/04\/julius-hotel-praha-3880.jpg\" alt=\"Stedentrip Praag\" class=\"wp-image-151063\" title=\"\" srcset=\"https:\/\/loudavymkrokem.cz\/wp-content\/uploads\/2026\/04\/julius-hotel-praha-3880.jpg 1200w, https:\/\/loudavymkrokem.cz\/wp-content\/uploads\/2026\/04\/julius-hotel-praha-3880-300x200.jpg 300w, https:\/\/loudavymkrokem.cz\/wp-content\/uploads\/2026\/04\/julius-hotel-praha-3880-700x467.jpg 700w, https:\/\/loudavymkrokem.cz\/wp-content\/uploads\/2026\/04\/julius-hotel-praha-3880-768x512.jpg 768w, https:\/\/loudavymkrokem.cz\/wp-content\/uploads\/2026\/04\/julius-hotel-praha-3880-696x464.jpg 696w\" sizes=\"auto, (max-width: 1200px) 100vw, 1200px\"><figcaption class=\"wp-element-caption\">Stedentrip Praag<\/figcaption><\/figure>\n<h2 class=\"wp-block-heading\"><span class=\"ez-toc-section\" id=\"Waar_overnachten\"><\/span><span class=\"ez-toc-section\" id=\"Waar_overnachten\"><\/span>Waar overnachten<span class=\"ez-toc-section-end\"><\/span><span class=\"ez-toc-section-end\"><\/span><\/h2>\n<p>Toen we voor het laatst een overnachting in Praag zochten voor ons jaarlijkse bezoek, wilden we iets dat strategisch dicht bij de belangrijkste verbindingen lag, maar tegelijkertijd absoluut comfort bood \u2013 want reizen met een tweejarige heeft zo zijn uitdagingen. We kozen voor het <strong>The <a class=\"thirstylink\" rel=\"nofollow\" target=\"_blank\" title=\"The Julius Hotel\" href=\"https:\/\/loudavymkrokem.cz\/doporucujeme\/the-julius-hotel\/\" data-shortcode=\"true\">Julius Hotel<\/a><\/strong> aan het Senov\u00e1\u017en\u00e9-plein, en achteraf was dat een van de beste beslissingen. We verbleven in hun One Bedroom Suite, wat ons genoeg ruimte gaf om &#8217;s avonds nog even te relaxen als Jon\u00e1\u0161 al sliep. Het design is strak, doordacht, met subtiele verwijzingen naar de kleuren van Alfons Mucha. Vanuit het hotel loop je in nog geen <strong>vijf minuten<\/strong> naar het Hoofdstation, vanwaar je met metro C slechts drie stations naar Vy\u0161ehrad rijdt. De kamers hebben een volledig uitgeruste kitchenette, wat je enorm waardeert met een kind of als je graag je eigen ontbijt maakt. Prijzen en beschikbaarheid voor jouw datum bekijk je via <a href=\"https:\/\/www.booking.com\/hotel\/cz\/julius-meinl-house-prague.html?aid=2397601\" target=\"_blank\" rel=\"noopener nofollow sponsored\">Booking.com<\/a>.<\/p>\n<figure class=\"wp-block-image size-full\"><img loading=\"lazy\" decoding=\"async\" width=\"1200\" height=\"800\" src=\"https:\/\/loudavymkrokem.cz\/wp-content\/uploads\/2026\/04\/vysehrad-4337.jpg\" alt=\"Uitzicht vanaf Vy\u0161ehrad\" class=\"wp-image-151164\" title=\"\" srcset=\"https:\/\/loudavymkrokem.cz\/wp-content\/uploads\/2026\/04\/vysehrad-4337.jpg 1200w, https:\/\/loudavymkrokem.cz\/wp-content\/uploads\/2026\/04\/vysehrad-4337-300x200.jpg 300w, https:\/\/loudavymkrokem.cz\/wp-content\/uploads\/2026\/04\/vysehrad-4337-700x467.jpg 700w, https:\/\/loudavymkrokem.cz\/wp-content\/uploads\/2026\/04\/vysehrad-4337-768x512.jpg 768w, https:\/\/loudavymkrokem.cz\/wp-content\/uploads\/2026\/04\/vysehrad-4337-696x464.jpg 696w\" sizes=\"auto, (max-width: 1200px) 100vw, 1200px\"><figcaption class=\"wp-element-caption\">Uitzicht vanaf Vy\u0161ehrad<\/figcaption><\/figure>\n<h2 class=\"wp-block-heading\"><span class=\"ez-toc-section\" id=\"Wat_zien_en_bezoeken_op_Vysehrad\"><\/span><span class=\"ez-toc-section\" id=\"Wat_zien_en_bezoeken_op_Vysehrad\"><\/span>Wat zien en bezoeken op Vy\u0161ehrad<span class=\"ez-toc-section-end\"><\/span><span class=\"ez-toc-section-end\"><\/span><\/h2>\n<p>Het complex zelf herbergt tal van historische monumenten, uitkijkpunten en verborgen hoekjes. Laten we eens kijken naar de interessantste plekken die je tijdens je wandeling niet mag overslaan.<\/p>\n<h3 class=\"wp-block-heading\"><span class=\"ez-toc-section\" id=\"Basiliek_van_Sint-Petrus_en_Paulus\"><\/span><span class=\"ez-toc-section\" id=\"Basiliek_van_Sint-Petrus_en_Paulus\"><\/span>Basiliek van Sint-Petrus en Paulus<span class=\"ez-toc-section-end\"><\/span><span class=\"ez-toc-section-end\"><\/span><\/h3>\n<p>De twee donkere neogotische torens van de Basiliek van Sint-Petrus en Paulus vormen een niet te missen blikvanger in het Praagse panorama \u2013 je herkent ze van overal. Hoewel de huidige verschijning dateert van de overgang van de 19e naar de 20e eeuw, herinneren de fundamenten zich de 11e eeuw en het bewind van koning Vratislav II. Het interieur is een absolute visuele verrassing: terwijl de basiliek van buiten streng en sober oogt, stuit je binnen op een ongelooflijk kleurrijke, rijke art-nouveaudecoratie. De wanden zijn bedekt met ornamenten en fresco&#8217;s van het echtpaar Urban, ge\u00efnspireerd door de stijl van Alfons Mucha. Persoonlijk kom ik niet vaak in kerken, maar deze explosie van kleur die niets gemeen heeft met klassieke koude gotiek, fascineert me elke keer opnieuw.<\/p>\n<p>De basiliek is dagelijks geopend, maar op zondagochtend worden er missen gehouden, waardoor hij voor toeristen pas na de <strong>middag<\/strong> toegankelijk is. De basisentree kost in 2026 circa 5 \u20ac voor volwassenen; kaartjes koop je direct bij de ingang. Vanaf metrostation Vy\u0161ehrad (lijn C) loop je in tien minuten comfortabel door het park. <strong>\ud83d\udca1 Tip van een local:<\/strong> Let op de details in de fresco&#8217;s in de zijbeuken \u2013 sommige gezichten van heiligen hebben de gelaatstrekken van toenmalige Praagse burgers die financieel aan de decoratie bijdroegen.<\/p>\n<figure class=\"wp-block-image size-full\"><img loading=\"lazy\" decoding=\"async\" width=\"1200\" height=\"800\" src=\"https:\/\/loudavymkrokem.cz\/wp-content\/uploads\/2026\/04\/vysehrad-4305.jpg\" alt=\"Vy\u0161ehradbegraafplaats\" class=\"wp-image-151156\" title=\"\" srcset=\"https:\/\/loudavymkrokem.cz\/wp-content\/uploads\/2026\/04\/vysehrad-4305.jpg 1200w, https:\/\/loudavymkrokem.cz\/wp-content\/uploads\/2026\/04\/vysehrad-4305-300x200.jpg 300w, https:\/\/loudavymkrokem.cz\/wp-content\/uploads\/2026\/04\/vysehrad-4305-700x467.jpg 700w, https:\/\/loudavymkrokem.cz\/wp-content\/uploads\/2026\/04\/vysehrad-4305-768x512.jpg 768w, https:\/\/loudavymkrokem.cz\/wp-content\/uploads\/2026\/04\/vysehrad-4305-696x464.jpg 696w\" sizes=\"auto, (max-width: 1200px) 100vw, 1200px\"><figcaption class=\"wp-element-caption\">Vy\u0161ehradbegraafplaats<\/figcaption><\/figure>\n<div class=\"lk-zazitky-module\">\n<style>\n.lk-zazitky-module * { box-sizing: border-box; margin: 0; padding: 0; }\n.lk-zazitky-module {\n  font-family: 'DM Sans', Georgia, sans-serif;\n  max-width: 100%;\n  margin: 2.5rem auto;\n  background: linear-gradient(135deg, #fdf6f3 0%, #fbede7 100%);\n  border: 1px solid #f0d9cc;\n  border-radius: 16px;\n  overflow: hidden;\n  box-shadow: 0 16px 48px rgba(217, 119, 87, 0.18), 0 4px 12px rgba(0,0,0,0.06);\n}\n.lk-zazitky-header {\n  position: relative;\n  padding: 24px 32px;\n  background: linear-gradient(135deg, #d97757 0%, #c46b4b 60%, #d97757 100%);\n  display: flex;\n  align-items: center;\n  gap: 18px;\n}\n.lk-zazitky-header::before {\n  content: '';\n  position: absolute;\n  inset: 0;\n  background: url(\"data:image\/svg+xml,%3Csvg width='60' height='60' viewBox='0 0 60 60' xmlns='http:\/\/www.w3.org\/2000\/svg'%3E%3Cg fill='none' fill-rule='evenodd'%3E%3Cg fill='%23ffffff' fill-opacity='0.05'%3E%3Cpath d='M36 34v-4h-2v4h-4v2h4v4h2v-4h4v-2h-4zm0-30V0h-2v4h-4v2h4v4h2V6h4V4h-4zM6 34v-4H4v4H0v2h4v4h2v-4h4v-2H6zM6 4V0H4v4H0v2h4v4h2V6h4V4H6z'\/%3E%3C\/g%3E%3C\/g%3E%3C\/svg%3E\") repeat;\n  pointer-events: none;\n}\n.lk-zazitky-header img {\n  width: 64px; height: 64px; border-radius: 12px; flex-shrink: 0;\n  object-fit: cover; box-shadow: 0 4px 12px rgba(0,0,0,0.18); position: relative; z-index: 1;\n}\n.lk-zazitky-header-text { position: relative; z-index: 1; }\n.lk-zazitky-eyebrow {\n  font-size: 10px; font-weight: 600; letter-spacing: 2.5px; text-transform: uppercase;\n  color: rgba(255,255,255,.92); margin-bottom: 5px;\n}\n.lk-zazitky-title {\n  font-family: 'Playfair Display', Georgia, serif;\n  font-size: 24px; font-weight: 700; color: #fff; line-height: 1.2;\n  text-shadow: 0 1px 2px rgba(0,0,0,0.12);\n}\n.lk-zazitky-subtitle {\n  font-size: 13px; color: rgba(255,255,255,.85); margin-top: 4px; font-weight: 300;\n}\n.lk-zazitky-grid {\n  display: grid;\n  grid-template-columns: 1fr 1fr 1fr;\n  gap: 1px;\n  background: rgba(217, 119, 87, 0.12);\n}\n.lk-zazitek-card {\n  background: #ffffff; padding: 22px; display: flex; flex-direction: column; gap: 11px;\n  transition: all 0.3s ease; text-decoration: none; color: inherit; position: relative;\n}\n.lk-zazitek-card:hover {\n  background: #fffaf7; transform: translateY(-2px);\n  box-shadow: 0 8px 24px rgba(217, 119, 87, 0.15); z-index: 1;\n}\n.lk-zazitek-card.is-category {\n  background: linear-gradient(135deg, #fffaf7 0%, #fff3eb 100%);\n  box-shadow: inset 0 1px 0 rgba(217, 119, 87, 0.1);\n}\n.lk-zazitek-card.is-category:hover {\n  background: linear-gradient(135deg, #fff7f2 0%, #ffeee3 100%);\n}\n.lk-zazitek-badge {\n  display: inline-flex; align-items: center; gap: 5px;\n  font-size: 10px; font-weight: 600; letter-spacing: 1.5px; text-transform: uppercase;\n  padding: 5px 11px; border-radius: 20px; width: fit-content;\n  background: rgba(217, 119, 87, 0.10); color: #c46b4b; border: 1px solid rgba(217, 119, 87, 0.22);\n}\n.lk-zazitek-card.is-category .lk-zazitek-badge {\n  background: linear-gradient(135deg, #d97757 0%, #c46b4b 100%); color: #fff;\n  border-color: #c46b4b; box-shadow: 0 2px 8px rgba(217, 119, 87, 0.28);\n}\n.lk-zazitek-name {\n  font-family: 'Playfair Display', Georgia, serif;\n  font-size: 17px; font-weight: 700; color: #111827; line-height: 1.3;\n}\n.lk-zazitek-desc {\n  font-size: 13px; color: #525252; line-height: 1.6; font-weight: 300; flex: 1;\n}\n.lk-zazitek-meta { display: flex; align-items: center; gap: 12px; flex-wrap: wrap; margin-top: 4px; }\n.lk-zazitek-price { font-size: 13px; color: #6b7280; }\n.lk-zazitek-price strong { color: #c46b4b; font-weight: 600; }\n.lk-zazitek-cta {\n  display: inline-flex; align-items: center; justify-content: center; gap: 7px;\n  margin-top: 8px; padding: 11px 16px; border-radius: 8px;\n  background: linear-gradient(135deg, #d97757 0%, #c46b4b 100%);\n  color: #fff; font-size: 13px; font-weight: 500; text-decoration: none;\n  letter-spacing: .3px; transition: all .2s ease; cursor: pointer; border: none;\n  text-align: center; box-shadow: 0 4px 12px rgba(217, 119, 87, 0.28);\n  white-space: nowrap;\n}\n.lk-zazitek-cta:hover {\n  background: linear-gradient(135deg, #c46b4b 0%, #b35e3f 100%);\n  transform: translateY(-1px); box-shadow: 0 6px 16px rgba(217, 119, 87, 0.38);\n}\n.lk-zazitek-card.is-category .lk-zazitek-cta {\n  background: linear-gradient(135deg, #3685fc 0%, #2a6fd9 100%);\n  box-shadow: 0 4px 12px rgba(54, 133, 252, 0.22);\n}\n.lk-zazitek-card.is-category .lk-zazitek-cta:hover {\n  background: linear-gradient(135deg, #2a6fd9 0%, #1e5bc4 100%);\n  box-shadow: 0 6px 16px rgba(54, 133, 252, 0.32);\n}\n.lk-zazitky-footer {\n  padding: 16px 32px;\n  background: linear-gradient(to bottom, #fdf6f3 0%, #f9eae2 100%);\n  border-top: 1px solid rgba(217, 119, 87, 0.18);\n  display: flex; align-items: center; justify-content: center; flex-wrap: wrap; gap: 12px;\n}\n.lk-zazitky-discount {\n  display: inline-flex; align-items: center; gap: 8px;\n  font-size: 13px; color: #6b3a26; font-weight: 500;\n}\n.lk-zazitky-discount-code {\n  font-family: 'Courier New', monospace; font-weight: 700; color: #c46b4b;\n  background: rgba(217, 119, 87, 0.12); padding: 4px 10px; border-radius: 6px;\n  letter-spacing: 1px; font-size: 13px;\n}\n.lk-zazitky-disclaimer {\n  font-size: 11px; color: #8a6e60; font-weight: 300; line-height: 1.5;\n}\n.lk-zazitky-disclaimer a { color: #c46b4b; text-decoration: none; }\n.lk-zazitky-disclaimer a:hover { text-decoration: underline; }\n@media (max-width: 720px) {\n  .lk-zazitky-grid { grid-template-columns: 1fr; }\n  .lk-zazitky-header { padding: 20px 18px; }\n  .lk-zazitky-footer { padding: 14px 18px; }\n  .lk-zazitek-card { padding: 20px; }\n  .lk-zazitky-title { font-size: 20px; }\n}\n<\/style>\n<div class=\"lk-zazitky-header\">\n    <img decoding=\"async\" src=\"https:\/\/loudavymkrokem.cz\/wp-content\/uploads\/2026\/02\/lukas-a-lucka.jpg\" alt=\"Luk\u00e1\u0161 en Lucie\" title=\"\"><\/p>\n<div class=\"lk-zazitky-header-text\">\n<div class=\"lk-zazitky-eyebrow\">Tip van Luk\u00e1\u0161 en Lucie<\/div>\n<div class=\"lk-zazitky-title\">Beleef Praag op een andere manier<\/div>\n<div class=\"lk-zazitky-subtitle\">3 geteste tips met 5 % korting via partner Firma na z\u00e1\u017eitky<\/div>\n<\/p><\/div>\n<\/p><\/div>\n<div class=\"lk-zazitky-grid\">\n<p>    <a class=\"lk-zazitek-card\" href=\"https:\/\/www.firmanazazitky.cz\/plavba-po-vltave-s-obedem?utm_source=loudavymkrokem&amp;utm_medium=referral&amp;utm_campaign=vysehrad-pruvodce-po-druhem-hrade-prahy-bazilika-hrbitov-hradby&amp;utm_content=zazitek-1\" target=\"_blank\" rel=\"nofollow noopener sponsored\"><br \/>\n      <span class=\"lk-zazitek-badge\">\ud83d\udee5 Boottocht<\/span><\/p>\n<div class=\"lk-zazitek-name\">Boottocht op de Moldau met lunch<\/div>\n<div class=\"lk-zazitek-desc\">De rotsen van Vy\u0161ehrad vanaf het water van de Moldau \u2013 een rustige vaart met lunch toont het tweede kasteel van Praag vanuit een perspectief dat de meeste toeristen missen.<\/div>\n<div class=\"lk-zazitek-meta\">\n        <span class=\"lk-zazitek-price\">vanaf <strong>84 \u20ac<\/strong><\/span>\n      <\/div>\n<p>      <span class=\"lk-zazitek-cta\"><br \/>\n        <svg width=\"14\" height=\"14\" viewBox=\"0 0 24 24\" fill=\"none\" stroke=\"currentColor\" stroke-width=\"2\"><path d=\"M18 13v6a2 2 0 0 1-2 2H5a2 2 0 0 1-2-2V8a2 2 0 0 1 2-2h6\"\/><polyline points=\"15 3 21 3 21 9\"\/><line x1=\"10\" y1=\"14\" x2=\"21\" y2=\"3\"\/><\/svg><br \/>\n        Reserveren met korting<br \/>\n      <\/span><br \/>\n    <\/a><\/p>\n<p>    <a class=\"lk-zazitek-card\" href=\"https:\/\/www.firmanazazitky.cz\/vecere-v-tancicim-dome?utm_source=loudavymkrokem&amp;utm_medium=referral&amp;utm_campaign=vysehrad-pruvodce-po-druhem-hrade-prahy-bazilika-hrbitov-hradby&amp;utm_content=zazitek-2\" target=\"_blank\" rel=\"nofollow noopener sponsored\"><br \/>\n      <span class=\"lk-zazitek-badge\">\ud83c\udf7d Gastro<\/span><\/p>\n<div class=\"lk-zazitek-name\">Diner in het Dansende Huis<\/div>\n<div class=\"lk-zazitek-desc\">Na een wandeling over de vestingmuren van Vy\u0161ehrad een paar tramhaltes verderop \u2013 dineren met uitzicht op de Praagse Burcht vanaf het dak van het Dansende Huis.<\/div>\n<div class=\"lk-zazitek-meta\">\n        <span class=\"lk-zazitek-price\">vanaf <strong>116 \u20ac<\/strong><\/span>\n      <\/div>\n<p>      <span class=\"lk-zazitek-cta\"><br \/>\n        <svg width=\"14\" height=\"14\" viewBox=\"0 0 24 24\" fill=\"none\" stroke=\"currentColor\" stroke-width=\"2\"><path d=\"M18 13v6a2 2 0 0 1-2 2H5a2 2 0 0 1-2-2V8a2 2 0 0 1 2-2h6\"\/><polyline points=\"15 3 21 3 21 9\"\/><line x1=\"10\" y1=\"14\" x2=\"21\" y2=\"3\"\/><\/svg><br \/>\n        Reserveren met korting<br \/>\n      <\/span><br \/>\n    <\/a><\/p>\n<p>    <a class=\"lk-zazitek-card is-category\" href=\"https:\/\/www.firmanazazitky.cz\/praha\/?utm_source=loudavymkrokem&amp;utm_medium=referral&amp;utm_campaign=vysehrad-pruvodce-po-druhem-hrade-prahy-bazilika-hrbitov-hradby&amp;utm_content=kategorie\" target=\"_blank\" rel=\"nofollow noopener sponsored\"><br \/>\n      <span class=\"lk-zazitek-badge\">\u2b50 Alles<\/span><\/p>\n<div class=\"lk-zazitek-name\">Alle activiteiten in Praag<\/div>\n<div class=\"lk-zazitek-desc\">Boottochten, gastronomie, monumenten en wellness \u2013 het complete aanbod aan activiteiten in de hoofdstad.<\/div>\n<p>      <span class=\"lk-zazitek-cta\"><br \/>\n        Activiteiten bekijken<br \/>\n        <svg width=\"12\" height=\"12\" viewBox=\"0 0 24 24\" fill=\"none\" stroke=\"currentColor\" stroke-width=\"2.5\"><polyline points=\"9 18 15 12 9 6\"\/><\/svg><br \/>\n      <\/span><br \/>\n    <\/a><\/p><\/div>\n<div class=\"lk-zazitky-footer\">\n    <span class=\"lk-zazitky-discount\"><br \/>\n      \u2b50 5 % korting met code<br \/>\n      <span class=\"lk-zazitky-discount-code\">LOUDAVYMKROKEM5<\/span><br \/>\n    <\/span>\n  <\/div>\n<\/div>\n<h3 class=\"wp-block-heading\"><span class=\"ez-toc-section\" id=\"Vysehradbegraafplaats_en_het_Slavin-monument\"><\/span><span class=\"ez-toc-section\" id=\"Vysehradbegraafplaats_en_het_Slavin-monument\"><\/span>Vy\u0161ehradbegraafplaats en het Slav\u00edn-monument<span class=\"ez-toc-section-end\"><\/span><span class=\"ez-toc-section-end\"><\/span><\/h3>\n<p>Direct naast de basiliek ligt de Vy\u0161ehradbegraafplaats, een plek die je gerust het pantheon van de Tsjechische cultuur kunt noemen. Tijdens de nationale herleving in de 19e eeuw veranderde deze gewone parochiebegraafplaats in een prestigieuze begraafplaats voor de elite. Architectonisch het meest opvallend is het Slav\u00edn, een enorm gemeenschappelijk grafmonument dat je herkent aan het beeld van een gevleugelde genius op de top. Hier rusten Alfons Mucha, operazangeres Ema Destinnov\u00e1 en beeldhouwer Josef V\u00e1clav Myslbek. Tijdens het wandelen door de smalle paadjes tussen de grafstenen zoeken Luk\u00e1\u0161 en ik vaak naar bekende namen \u2013 je vindt er het graf van Anton\u00edn Dvo\u0159\u00e1k met een prachtige buste, het graf van Bed\u0159ich Smetana en de laatste rustplaats van schrijver Karel \u010capek.<\/p>\n<p>De begraafplaats is elke dag van het jaar gratis toegankelijk. In de zomer sluiten de poorten om <strong>18:00 uur<\/strong>, in de wintermaanden al om <strong>16:00 uur<\/strong> \u2013 hou daar rekening mee bij het plannen van je middagwandeling. Er heerst hier altijd volledige stilte en respect, dus we vluchten hier graag naartoe weg van het stadslawaai. <strong>\ud83d\udca1 Tip van een local:<\/strong> Het graf van Karel \u010capek vind je niet op het centrale Slav\u00edn, maar in het achterste deel van de begraafplaats (sectie 12). Het ligt vaak bezaaid met kleine steentjes en potloden die lezers er achterlaten.<\/p>\n<figure class=\"wp-block-image size-full\"><img loading=\"lazy\" decoding=\"async\" width=\"1200\" height=\"800\" src=\"https:\/\/loudavymkrokem.cz\/wp-content\/uploads\/2026\/04\/vysehrad-4311.jpg\" alt=\"Vy\u0161ehradbegraafplaats\" class=\"wp-image-151160\" title=\"\" srcset=\"https:\/\/loudavymkrokem.cz\/wp-content\/uploads\/2026\/04\/vysehrad-4311.jpg 1200w, https:\/\/loudavymkrokem.cz\/wp-content\/uploads\/2026\/04\/vysehrad-4311-300x200.jpg 300w, https:\/\/loudavymkrokem.cz\/wp-content\/uploads\/2026\/04\/vysehrad-4311-700x467.jpg 700w, https:\/\/loudavymkrokem.cz\/wp-content\/uploads\/2026\/04\/vysehrad-4311-768x512.jpg 768w, https:\/\/loudavymkrokem.cz\/wp-content\/uploads\/2026\/04\/vysehrad-4311-696x464.jpg 696w\" sizes=\"auto, (max-width: 1200px) 100vw, 1200px\"><figcaption class=\"wp-element-caption\">Vy\u0161ehradbegraafplaats<\/figcaption><\/figure>\n<h3 class=\"wp-block-heading\"><span class=\"ez-toc-section\" id=\"Rotonde_van_Sint-Martinus\"><\/span><span class=\"ez-toc-section\" id=\"Rotonde_van_Sint-Martinus\"><\/span>Rotonde van Sint-Martinus<span class=\"ez-toc-section-end\"><\/span><span class=\"ez-toc-section-end\"><\/span><\/h3>\n<p>Wanneer je door het complex wandelt vanuit de richting van de T\u00e1borsk\u00e1-poort, stuit je op een klein rond gebouwtje dat eruitziet alsof het er altijd al heeft gestaan. De Rotonde van Sint-Martinus is de oudst bewaard gebleven rotonde in Praag en dateert uit de tweede helft van de 11e eeuw. Ze heeft een enorm aantal rampen overleefd, van plundering tijdens de Hussietenoorlogen tot de periode dat ze dienst deed als kruitmagazijn of opslagplaats. Het is fascinerend om zo&#8217;n oud romaans bouwwerk in relatief ongeschonden staat te zien, zeker als je beseft dat er op een steenworp afstand moderne auto&#8217;s voorbijrijden.<\/p>\n<p>De rotonde is normaal gesproken niet van binnen te bezoeken; ze gaat alleen open bij speciale gelegenheden of tijdens kerkdiensten. Maar de hoofdweg loopt er recht langs, dus je kunt haar niet missen. Ze staat precies bij het kruispunt van paden richting de kazematten. <strong>\ud83d\udca1 Tip van een local:<\/strong> Loop eens dicht naar de rechterzijde van de gevel \u2013 boven een van de ramen zit nog steeds een kanonskogel ingemetseld uit 1757, toen Pruisische troepen Praag belegerden.<\/p>\n<figure class=\"wp-block-image size-full\"><img loading=\"lazy\" decoding=\"async\" width=\"1200\" height=\"800\" src=\"https:\/\/loudavymkrokem.cz\/wp-content\/uploads\/2026\/04\/vysehrad-4348.jpg\" alt=\"Rotonde van Sint-Martinus op Vy\u0161ehrad\" class=\"wp-image-151168\" title=\"\" srcset=\"https:\/\/loudavymkrokem.cz\/wp-content\/uploads\/2026\/04\/vysehrad-4348.jpg 1200w, https:\/\/loudavymkrokem.cz\/wp-content\/uploads\/2026\/04\/vysehrad-4348-300x200.jpg 300w, https:\/\/loudavymkrokem.cz\/wp-content\/uploads\/2026\/04\/vysehrad-4348-700x467.jpg 700w, https:\/\/loudavymkrokem.cz\/wp-content\/uploads\/2026\/04\/vysehrad-4348-768x512.jpg 768w, https:\/\/loudavymkrokem.cz\/wp-content\/uploads\/2026\/04\/vysehrad-4348-696x464.jpg 696w\" sizes=\"auto, (max-width: 1200px) 100vw, 1200px\"><figcaption class=\"wp-element-caption\">Rotonde van Sint-Martinus op Vy\u0161ehrad<\/figcaption><\/figure>\n<h3 class=\"wp-block-heading\"><span class=\"ez-toc-section\" id=\"Kazematten_en_de_Gorlice-zaal\"><\/span><span class=\"ez-toc-section\" id=\"Kazematten_en_de_Gorlice-zaal\"><\/span>Kazematten en de Gorlice-zaal<span class=\"ez-toc-section-end\"><\/span><span class=\"ez-toc-section-end\"><\/span><\/h3>\n<p>Onder de barokke bakstenen vestingmuren die heel Vy\u0161ehrad omringen, schuilt een stelsel van geheime militaire gangen uit de 17e eeuw. Deze kazematten dienden voor het snel en onopgemerkt verplaatsen van soldaten. De rondleiding door de donkere, smalle en licht vochtige bakstenen gangen eindigt in de enorme ondergrondse zaal genaamd Gorlice. Die deed oorspronkelijk dienst als verzamelplaats voor troepen en voedselopslag, maar heeft tegenwoordig een veel interessantere functie: het is de bewaarplaats van een aantal originele barokbeelden van de Karelsbrug, die vanwege weersomstandigheden vervangen moesten worden door kopie\u00ebn. De enorme zandstenen beelden zien in een verlichte ondergrondse ruimte is een behoorlijk indrukwekkende ervaring.<\/p>\n<p>De ingang van de kazematten vind je bij de Ciheln\u00e1-poort. Rondleidingen vinden elk heel uur plaats met een gids, en de volledige entree bedraagt ongeveer <strong>5,50 \u20ac<\/strong>. Geopend dagelijks van <strong>9:30 tot 17:00 uur<\/strong> (in de zomer tot 18:00 uur). Binnen is het constant rond de <strong>15 \u00b0C<\/strong>. <strong>\ud83d\udca1 Tip van een local:<\/strong> Neem in de zomer een licht vestje mee naar beneden \u2013 ook al is het buiten dertig graden, na twintig minuten in de ondergrondse vochtigheid krijg je het koud.<\/p>\n<figure class=\"wp-block-image size-full\"><img loading=\"lazy\" decoding=\"async\" width=\"1200\" height=\"800\" src=\"https:\/\/loudavymkrokem.cz\/wp-content\/uploads\/2026\/04\/vysehrad-4340.jpg\" alt=\"Vestingmuren op Vy\u0161ehrad\" class=\"wp-image-151163\" title=\"\" srcset=\"https:\/\/loudavymkrokem.cz\/wp-content\/uploads\/2026\/04\/vysehrad-4340.jpg 1200w, https:\/\/loudavymkrokem.cz\/wp-content\/uploads\/2026\/04\/vysehrad-4340-300x200.jpg 300w, https:\/\/loudavymkrokem.cz\/wp-content\/uploads\/2026\/04\/vysehrad-4340-700x467.jpg 700w, https:\/\/loudavymkrokem.cz\/wp-content\/uploads\/2026\/04\/vysehrad-4340-768x512.jpg 768w, https:\/\/loudavymkrokem.cz\/wp-content\/uploads\/2026\/04\/vysehrad-4340-696x464.jpg 696w\" sizes=\"auto, (max-width: 1200px) 100vw, 1200px\"><figcaption class=\"wp-element-caption\">Vestingmuren op Vy\u0161ehrad<\/figcaption><\/figure>\n<h3 class=\"wp-block-heading\"><span class=\"ez-toc-section\" id=\"Vestingmuren_uitzichten_en_de_legende_van_Libuse\"><\/span><span class=\"ez-toc-section\" id=\"Vestingmuren_uitzichten_en_de_legende_van_Libuse\"><\/span>Vestingmuren, uitzichten en de legende van Libu\u0161e<span class=\"ez-toc-section-end\"><\/span><span class=\"ez-toc-section-end\"><\/span><\/h3>\n<p>Wat Vy\u0161ehrad zo&#8217;n geliefd uitstapje maakt, zijn de imposante barokke vestingmuren. Ze vormen een rondgang van twee\u00ebnhalve kilometer waarover je comfortabel kunt wandelen, met uitzichten naar alle windrichtingen. Het mooiste panorama heb je vanaf het zuidwestelijke bastion, richting de rivier, Podol\u00ed en het tegenoverliggende Zl\u00edchov. Vanaf het uitzichtpunt bij de galerie ontvouwt zich het meest iconische uitzicht op de Praagse Burcht over de daken van de Nieuwe Stad. Aan Vy\u0161ehrad zijn legendes verbonden over prinses Libu\u0161e, die vanuit hier de glorie van Praag zou hebben voorspeld. Tijdens je wandeling boven de rivier valt de ru\u00efne van een gotische toren op die uit de rots steekt \u2013 dit wordt Libu\u0161e&#8217;s Bad genoemd, hoewel het historisch gezien niets met de mythische prinses te maken heeft.<\/p>\n<p>In het gras in het park liggen ook de zogenaamde Duivelszuilen: drie stukken van een gebroken granieten zuil die hier volgens de overlevering door de duivel naartoe werden gegooid nadat hij een weddenschap met een plaatselijke priester had verloren. Het terrein met vestingmuren en parken is 24\/7 toegankelijk en gratis. <strong>\ud83d\udca1 Tip van een local:<\/strong> Wil je in alle rust foto&#8217;s maken met uitzicht op de Moldau zonder hoofden van andere mensen in beeld? Kom dan op zondagochtend rond een uur of acht \u2013 je deelt de muren dan alleen met vroege hondenuitlaters.<\/p>\n<figure class=\"wp-block-image size-full\"><img loading=\"lazy\" decoding=\"async\" width=\"1200\" height=\"800\" src=\"https:\/\/loudavymkrokem.cz\/wp-content\/uploads\/2026\/04\/vysehrad-4316.jpg\" alt=\"Uitzicht vanaf Vy\u0161ehrad\" class=\"wp-image-151159\" title=\"\" srcset=\"https:\/\/loudavymkrokem.cz\/wp-content\/uploads\/2026\/04\/vysehrad-4316.jpg 1200w, https:\/\/loudavymkrokem.cz\/wp-content\/uploads\/2026\/04\/vysehrad-4316-300x200.jpg 300w, https:\/\/loudavymkrokem.cz\/wp-content\/uploads\/2026\/04\/vysehrad-4316-700x467.jpg 700w, https:\/\/loudavymkrokem.cz\/wp-content\/uploads\/2026\/04\/vysehrad-4316-768x512.jpg 768w, https:\/\/loudavymkrokem.cz\/wp-content\/uploads\/2026\/04\/vysehrad-4316-696x464.jpg 696w\" sizes=\"auto, (max-width: 1200px) 100vw, 1200px\"><figcaption class=\"wp-element-caption\">Uitzicht vanaf Vy\u0161ehrad<\/figcaption><\/figure>\n<h3 class=\"wp-block-heading\"><span class=\"ez-toc-section\" id=\"Met_kinderen_naar_Vysehrad_speeltuin_uit_oude_legenden\"><\/span><span class=\"ez-toc-section\" id=\"Met_kinderen_naar_Vysehrad_speeltuin_uit_oude_legenden\"><\/span>Met kinderen naar Vy\u0161ehrad: speeltuin uit oude legenden<span class=\"ez-toc-section-end\"><\/span><span class=\"ez-toc-section-end\"><\/span><\/h3>\n<p>Wanneer we met Jon\u00e1\u0161 in Praag zijn, zijn speeltuinen onze nieuwe tussenstop bij het bezichtigen van bezienswaardigheden. De Vy\u0161ehrad-speeltuin &#8220;Uit Oude Tsjechische Legenden&#8221; vind je in een rustig deel van het park vlakbij de Rotonde van Sint-Martinus. Het hele terrein is gebouwd van massief acaciahout. Je vindt er houten beelden van de legendarische held Bivoj met zijn everzwijn, diverse klimtoestellen, huisjes en schommels \u2013 alles zorgvuldig ingepast in de omgeving onder volgroeide bomen.<\/p>\n<p>De speeltuin is omheind, wat ik als ouder van een peuter die graag alle kanten op rent enorm waardeer. Op de grond ligt zacht zand en grind, en er zijn genoeg bankjes om even uit te rusten. De toegang is uiteraard gratis.<\/p>\n<figure class=\"wp-block-image size-full\"><img loading=\"lazy\" decoding=\"async\" width=\"1200\" height=\"800\" src=\"https:\/\/loudavymkrokem.cz\/wp-content\/uploads\/2026\/04\/vysehrad-4346.jpg\" alt=\"Speeltuin op Vy\u0161ehrad\" class=\"wp-image-151166\" title=\"\" srcset=\"https:\/\/loudavymkrokem.cz\/wp-content\/uploads\/2026\/04\/vysehrad-4346.jpg 1200w, https:\/\/loudavymkrokem.cz\/wp-content\/uploads\/2026\/04\/vysehrad-4346-300x200.jpg 300w, https:\/\/loudavymkrokem.cz\/wp-content\/uploads\/2026\/04\/vysehrad-4346-700x467.jpg 700w, https:\/\/loudavymkrokem.cz\/wp-content\/uploads\/2026\/04\/vysehrad-4346-768x512.jpg 768w, https:\/\/loudavymkrokem.cz\/wp-content\/uploads\/2026\/04\/vysehrad-4346-696x464.jpg 696w\" sizes=\"auto, (max-width: 1200px) 100vw, 1200px\"><figcaption class=\"wp-element-caption\">Speeltuin op Vy\u0161ehrad<\/figcaption><\/figure>\n<h2 class=\"wp-block-heading\"><span class=\"ez-toc-section\" id=\"Praktische_informatie_voor_je_bezoek\"><\/span><span class=\"ez-toc-section\" id=\"Praktische_informatie_voor_je_bezoek\"><\/span>Praktische informatie voor je bezoek<span class=\"ez-toc-section-end\"><\/span><span class=\"ez-toc-section-end\"><\/span><\/h2>\n<p>Voordat je naar Vy\u0161ehrad gaat, heb ik een paar praktische zaken op een rijtje gezet over vervoer, eten en entreeprijzen.<\/p>\n<p><strong>Vervoer en hoe er te komen:<\/strong> De makkelijkste toegang tot Vy\u0161ehrad is met de rode metrolijn C, station Vy\u0161ehrad. Daarvandaan loop je ongeveer 10 minuten over volledig vlak terrein langs het Congrescentrum naar de T\u00e1borsk\u00e1-poort. Deze route is ideaal voor kinderwagens of mensen die minder goed ter been zijn. Een tweede, iets romantischere optie is de tram nemen (lijnen 2, 3, 17, 21) naar halte V\u00fdto\u0148 en de heuvel op wandelen langs de vestingmuren. Het is een flinke klim, maar gaandeweg openen zich prachtige uitzichten op de rivier. Vanuit Amsterdam vlieg je met KLM of Transavia in nog geen twee uur naar Praag \u2013 vanaf het vliegveld ben je met de Airport Express-bus en metro in circa 45 minuten op Vy\u0161ehrad. Een <strong>30 minuten<\/strong>-kaartje voor het openbaar vervoer kost <strong>1,20 \u20ac<\/strong>, een dagkaart <strong>6 \u20ac<\/strong>.<\/p>\n<p><strong>Eten en drinken:<\/strong> Direct in het Vy\u0161ehrad-complex zijn een paar caf\u00e9s en restaurants waar je terecht kunt. Wij waren er onlangs voor een gebakje en koffie, toen onze zoon 30 minuten na het ontbijt alweer per se iets wilde eten.<\/p>\n<p><strong>Entreeprijzen en openingstijden:<\/strong> Zoals ik al noemde, is het terrein zelf \u2013 parken, paden, vestingmuren \u2013 24 uur per dag geopend en gratis. Je betaalt alleen voor specifieke gebouwen:<\/p>\n<ul class=\"wp-block-list\">\n<li>Basiliek van Sint-Petrus en Paulus: ca. 5 \u20ac (dagelijks, op zondag pas vanaf 12:00 uur)<\/li>\n<li>Kazematten en Gorlice: ca. 5,50 \u20ac (dagelijks 9:30\u201317:00\/18:00 uur)<\/li>\n<li>Vy\u0161ehradbegraafplaats: gratis (dagelijks geopend, sluit om 16:00 of 18:00 uur afhankelijk van het seizoen).<\/li>\n<\/ul>\n<figure class=\"wp-block-image size-full\"><img loading=\"lazy\" decoding=\"async\" width=\"1200\" height=\"800\" src=\"https:\/\/loudavymkrokem.cz\/wp-content\/uploads\/2026\/04\/vysehrad-4349.jpg\" alt=\"Caf\u00e9 op Vy\u0161ehrad\" class=\"wp-image-151169\" title=\"\" srcset=\"https:\/\/loudavymkrokem.cz\/wp-content\/uploads\/2026\/04\/vysehrad-4349.jpg 1200w, https:\/\/loudavymkrokem.cz\/wp-content\/uploads\/2026\/04\/vysehrad-4349-300x200.jpg 300w, https:\/\/loudavymkrokem.cz\/wp-content\/uploads\/2026\/04\/vysehrad-4349-700x467.jpg 700w, https:\/\/loudavymkrokem.cz\/wp-content\/uploads\/2026\/04\/vysehrad-4349-768x512.jpg 768w, https:\/\/loudavymkrokem.cz\/wp-content\/uploads\/2026\/04\/vysehrad-4349-696x464.jpg 696w\" sizes=\"auto, (max-width: 1200px) 100vw, 1200px\"><figcaption class=\"wp-element-caption\">Caf\u00e9 Bystro op Vy\u0161ehrad<\/figcaption><\/figure>\n<h2 class=\"wp-block-heading\"><span class=\"ez-toc-section\" id=\"Verder_lezen\"><\/span><span class=\"ez-toc-section\" id=\"Verder_lezen\"><\/span>Verder lezen<span class=\"ez-toc-section-end\"><\/span><span class=\"ez-toc-section-end\"><\/span><\/h2>\n<ul class=\"wp-block-list\">\n<li>Ben je een compleet reisschema aan het samenstellen? Lees dan mijn uitgebreide gids <a href=\"https:\/\/loudavymkrokem.cz\/nl\/bezienswaardigheden-praag-reisgids\/\">Wat te zien in Praag<\/a>, met tientallen extra tips buiten de standaard toeristenroutes.<\/li>\n<li>Wil je het rustige Vy\u0161ehrad vergelijken met zijn beroemdere broer? Bekijk dan het artikel over de <a href=\"https:\/\/loudavymkrokem.cz\/nl\/?p=141655\">Praagse Burcht<\/a>.<\/li>\n<li>Reis je met kleine kinderen? Dan komt de speciale overzichtspagina <a href=\"https:\/\/loudavymkrokem.cz\/nl\/praag-peuters-tips-activiteiten\/\">Wat te doen met een peuter in Praag<\/a> goed van pas, waar ik favoriete speeltuinen en kindvriendelijke caf\u00e9s deel.<\/li>\n<\/ul>\n<h2 class=\"wp-block-heading\"><span class=\"ez-toc-section\" id=\"Veelgestelde_vragen\"><\/span><span class=\"ez-toc-section\" id=\"Veelgestelde_vragen\"><\/span>Veelgestelde vragen<span class=\"ez-toc-section-end\"><\/span><span class=\"ez-toc-section-end\"><\/span><\/h2>\n<div id=\"rank-math-faq\" class=\"rank-math-block\">\n<div class=\"rank-math-list \">\n<div id=\"faq-question-1777055066991\" class=\"rank-math-list-item\">\n<h3 class=\"rank-math-question \"><span class=\"ez-toc-section\" id=\"Is_de_toegang_tot_Vysehrad_gratis\"><\/span><span class=\"ez-toc-section\" id=\"Is_de_toegang_tot_Vysehrad_gratis\"><\/span><strong>Is de toegang tot Vy\u0161ehrad gratis?<\/strong><span class=\"ez-toc-section-end\"><\/span><span class=\"ez-toc-section-end\"><\/span><\/h3>\n<div class=\"rank-math-answer \">\n<p>Ja, de toegang tot het volledige buitenterrein, de vestingmuren en parken is volledig gratis. Je betaalt alleen als je de basiliek, de ondergrondse kazematten of de galerie van binnen wilt bezoeken.<\/p>\n<\/div>\n<\/div>\n<div id=\"faq-question-1777055079043\" class=\"rank-math-list-item\">\n<h3 class=\"rank-math-question \"><span class=\"ez-toc-section\" id=\"Mag_ik_mijn_hond_meenemen_naar_Vysehrad\"><\/span><span class=\"ez-toc-section\" id=\"Mag_ik_mijn_hond_meenemen_naar_Vysehrad\"><\/span><strong>Mag ik mijn hond meenemen naar Vy\u0161ehrad?<\/strong> <span class=\"ez-toc-section-end\"><\/span><span class=\"ez-toc-section-end\"><\/span><\/h3>\n<div class=\"rank-math-answer \">\n<p>Ja, Vy\u0161ehrad is erg populair bij lokale hondenuitlaters. Honden moeten op het terrein van het nationaal cultureel monument wel aangelijnd zijn en mogen niet op de kinderspeeltuin of de begraafplaats komen.<\/p>\n<\/div>\n<\/div>\n<div id=\"faq-question-1777055083751\" class=\"rank-math-list-item\">\n<h3 class=\"rank-math-question \"><span class=\"ez-toc-section\" id=\"Is_Vysehrad_geschikt_voor_kinderwagens_en_rolstoelen\"><\/span><span class=\"ez-toc-section\" id=\"Is_Vysehrad_geschikt_voor_kinderwagens_en_rolstoelen\"><\/span><strong>Is Vy\u0161ehrad geschikt voor kinderwagens en rolstoelen?<\/strong><span class=\"ez-toc-section-end\"><\/span><span class=\"ez-toc-section-end\"><\/span><\/h3>\n<div class=\"rank-math-answer \">\n<p>Absoluut. Als je met metro C komt bij station Vy\u0161ehrad, loopt de hele route naar de basiliek en de hoofdrondgang over de vestingmuren via asfaltpaden, vlak en zonder trappen. Alleen sommige zijpaden hebben kinderkopjes.<\/p>\n<\/div>\n<\/div>\n<div id=\"faq-question-1777055092052\" class=\"rank-math-list-item\">\n<h3 class=\"rank-math-question \"><span class=\"ez-toc-section\" id=\"Hoe_lang_duurt_een_bezoek_aan_Vysehrad\"><\/span><span class=\"ez-toc-section\" id=\"Hoe_lang_duurt_een_bezoek_aan_Vysehrad\"><\/span><strong>Hoe lang duurt een bezoek aan Vy\u0161ehrad?<\/strong><span class=\"ez-toc-section-end\"><\/span><span class=\"ez-toc-section-end\"><\/span><\/h3>\n<div class=\"rank-math-answer \">\n<p>Voor een rustige wandeling met uitzichten vanaf de vestingmuren en een bezoek aan de begraafplaats raad ik 2 tot 3 uur aan. Met een bezoek aan de interieurs en lunch kun je hier makkelijk een halve dag doorbrengen.<\/p>\n<\/div>\n<\/div>\n<div id=\"faq-question-1777055100734\" class=\"rank-math-list-item\">\n<h3 class=\"rank-math-question \"><span class=\"ez-toc-section\" id=\"Waar_kan_ik_parkeren_bij_Vysehrad\"><\/span><span class=\"ez-toc-section\" id=\"Waar_kan_ik_parkeren_bij_Vysehrad\"><\/span><strong>Waar kan ik parkeren bij Vy\u0161ehrad?<\/strong> <span class=\"ez-toc-section-end\"><\/span><span class=\"ez-toc-section-end\"><\/span><\/h3>\n<div class=\"rank-math-answer \">\n<p>Het beste kun je je auto parkeren in de betaalde zones in de buurt van metrostation Vy\u0161ehrad of beneden in Podol\u00ed bij het ziekenhuis, en de rest te voet doen.<\/p>\n<\/div>\n<\/div>\n<div id=\"faq-question-1777055115685\" class=\"rank-math-list-item\">\n<h3 class=\"rank-math-question \"><span class=\"ez-toc-section\" id=\"Is_de_Rotonde_van_Sint-Martinus_normaal_toegankelijk\"><\/span><span class=\"ez-toc-section\" id=\"Is_de_Rotonde_van_Sint-Martinus_normaal_toegankelijk\"><\/span><strong>Is de Rotonde van Sint-Martinus normaal toegankelijk?<\/strong><span class=\"ez-toc-section-end\"><\/span><span class=\"ez-toc-section-end\"><\/span><\/h3>\n<div class=\"rank-math-answer \">\n<p>Nee, de rotonde is om veiligheids- en monumentale redenen het grootste deel van het jaar gesloten. Je kunt haar van buiten alleen achter een hekje bekijken. Ze gaat slechts bij uitzondering open, bijvoorbeeld tijdens de Nacht van de Kerken of de Europese Erfgoeddagen.<\/p>\n<\/div>\n<\/div>\n<\/div>\n<\/div>\n","protected":false},"excerpt":{"rendered":"<p>Vy\u0161ehrad is een van mijn favoriete plekken in Praag Tsjechi\u00eb \u2013 het is er rustig, niet overvol en je hebt er de mooiste uitzichten over de stad.<\/p>\n","protected":false},"author":3,"featured_media":151159,"comment_status":"open","ping_status":"open","sticky":false,"template":"","format":"standard","meta":{"footnotes":"","rank_math_title":"","rank_math_description":"","rank_math_focus_keyword":"","rank_math_seo_score":""},"categories":[1053,1089],"tags":[],"class_list":{"0":"post-151252","1":"post","2":"type-post","3":"status-publish","4":"format-standard","5":"has-post-thumbnail","7":"category-europa","8":"category-tsjechie"},"featured_image_src":"https:\/\/loudavymkrokem.cz\/wp-content\/uploads\/2026\/04\/vysehrad-4316.jpg","author_info":{"display_name":"Lucie Kone\u010dn\u00e1","author_link":"https:\/\/loudavymkrokem.cz\/nl\/author\/lucie-konecna\/"},"_links":{"self":[{"href":"https:\/\/loudavymkrokem.cz\/nl\/wp-json\/wp\/v2\/posts\/151252","targetHints":{"allow":["GET"]}}],"collection":[{"href":"https:\/\/loudavymkrokem.cz\/nl\/wp-json\/wp\/v2\/posts"}],"about":[{"href":"https:\/\/loudavymkrokem.cz\/nl\/wp-json\/wp\/v2\/types\/post"}],"author":[{"embeddable":true,"href":"https:\/\/loudavymkrokem.cz\/nl\/wp-json\/wp\/v2\/users\/3"}],"replies":[{"embeddable":true,"href":"https:\/\/loudavymkrokem.cz\/nl\/wp-json\/wp\/v2\/comments?post=151252"}],"version-history":[{"count":1,"href":"https:\/\/loudavymkrokem.cz\/nl\/wp-json\/wp\/v2\/posts\/151252\/revisions"}],"predecessor-version":[{"id":151638,"href":"https:\/\/loudavymkrokem.cz\/nl\/wp-json\/wp\/v2\/posts\/151252\/revisions\/151638"}],"wp:featuredmedia":[{"embeddable":true,"href":"https:\/\/loudavymkrokem.cz\/nl\/wp-json\/wp\/v2\/media\/151159"}],"wp:attachment":[{"href":"https:\/\/loudavymkrokem.cz\/nl\/wp-json\/wp\/v2\/media?parent=151252"}],"wp:term":[{"taxonomy":"category","embeddable":true,"href":"https:\/\/loudavymkrokem.cz\/nl\/wp-json\/wp\/v2\/categories?post=151252"},{"taxonomy":"post_tag","embeddable":true,"href":"https:\/\/loudavymkrokem.cz\/nl\/wp-json\/wp\/v2\/tags?post=151252"}],"curies":[{"name":"wp","href":"https:\/\/api.w.org\/{rel}","templated":true}]}}