{"id":417371,"date":"2026-09-01T21:10:41","date_gmt":"2026-09-01T19:10:41","guid":{"rendered":"https:\/\/loudavymkrokem.cz\/rio-de-janeiro-cosa-vedere\/"},"modified":"2026-09-05T15:16:33","modified_gmt":"2026-09-05T13:16:33","slug":"rio-de-janeiro-cosa-vedere","status":"publish","type":"post","link":"https:\/\/loudavymkrokem.cz\/it\/rio-de-janeiro-cosa-vedere\/","title":{"rendered":"Rio de Janeiro, Brasile: 22 cose da vedere e fare nel 2026"},"content":{"rendered":"\n<p class=\"wp-block-paragraph\">Se stai pensando a un viaggio in Sud America e cerchi una destinazione piena di colori ed energia sfrenata, la metropoli brasiliana ti conquister\u00e0 di sicuro. <strong>Rio de Janeiro \u00e8 una citt\u00e0 di contrasti incredibili<\/strong>, dove l&#8217;architettura moderna si fonde con la natura selvaggia e dove le spiagge dorate sfumano dolcemente in fitte foreste verdi. Ti aspettano scenari mozzafiato e una cultura ricchissima, piena di musica.<\/p>\n\n\n\n<p class=\"wp-block-paragraph\">Organizzare un soggiorno in questa perla tropicale richiede un approccio un po&#8217; diverso, perch\u00e9 <strong>Rio si pianifica soprattutto in base al meteo<\/strong>, non in base a una lista rigida di monumenti. I due luoghi pi\u00f9 famosi sono infatti punti panoramici in alta quota che, senza una buona visibilit\u00e0, perdono completamente il loro senso. Ti consiglio quindi di lasciare abbastanza spazio libero nel tuo itinerario e di reagire con flessibilit\u00e0 alla nebbia mattutina o al cielo terso.<\/p>\n\n\n\n<p class=\"wp-block-paragraph\">Dalle spiagge iconiche ai musei nascosti \u2014 qui trovi tutto ci\u00f2 che ti serve sapere per costruire il tuo programma esattamente su misura. E poich\u00e9 orientarsi bene tra i quartieri \u00e8 met\u00e0 del successo, aggiungo anche consigli pratici su sicurezza e alloggio.<\/p>\n\n\n\n<figure data-wp-context=\"{&quot;imageId&quot;:&quot;6a9c4ed07a75a&quot;}\" data-wp-interactive=\"core\/image\" data-wp-key=\"6a9c4ed07a75a\" class=\"wp-block-image size-full wp-lightbox-container\"><img decoding=\"async\" width=\"1920\" height=\"1440\" data-wp-class--hide=\"state.isContentHidden\" data-wp-class--show=\"state.isContentVisible\" data-wp-init=\"callbacks.setButtonStyles\" data-wp-on--click=\"actions.showLightbox\" data-wp-on--load=\"callbacks.setButtonStyles\" data-wp-on--pointerdown=\"actions.preloadImage\" data-wp-on--pointerenter=\"actions.preloadImageWithDelay\" data-wp-on--pointerleave=\"actions.cancelPreload\" data-wp-on-window--resize=\"callbacks.setButtonStyles\" src=\"https:\/\/loudavymkrokem.cz\/wp-content\/uploads\/2026\/09\/panorama-ria-s-cukrovou-homoli-49cf45de.jpg\" alt=\"Panorama di Rio con il Pan di Zucchero\" class=\"wp-image-413354\" title=\"\" srcset=\"https:\/\/loudavymkrokem.cz\/wp-content\/uploads\/2026\/09\/panorama-ria-s-cukrovou-homoli-49cf45de.jpg 1920w, https:\/\/loudavymkrokem.cz\/wp-content\/uploads\/2026\/09\/panorama-ria-s-cukrovou-homoli-49cf45de-300x225.jpg 300w, https:\/\/loudavymkrokem.cz\/wp-content\/uploads\/2026\/09\/panorama-ria-s-cukrovou-homoli-49cf45de-700x525.jpg 700w, https:\/\/loudavymkrokem.cz\/wp-content\/uploads\/2026\/09\/panorama-ria-s-cukrovou-homoli-49cf45de-768x576.jpg 768w, https:\/\/loudavymkrokem.cz\/wp-content\/uploads\/2026\/09\/panorama-ria-s-cukrovou-homoli-49cf45de-1536x1152.jpg 1536w, https:\/\/loudavymkrokem.cz\/wp-content\/uploads\/2026\/09\/panorama-ria-s-cukrovou-homoli-49cf45de-80x60.jpg 80w, https:\/\/loudavymkrokem.cz\/wp-content\/uploads\/2026\/09\/panorama-ria-s-cukrovou-homoli-49cf45de-160x120.jpg 160w, https:\/\/loudavymkrokem.cz\/wp-content\/uploads\/2026\/09\/panorama-ria-s-cukrovou-homoli-49cf45de-696x522.jpg 696w, https:\/\/loudavymkrokem.cz\/wp-content\/uploads\/2026\/09\/panorama-ria-s-cukrovou-homoli-49cf45de-1392x1044.jpg 1392w\" sizes=\"(max-width: 1920px) 100vw, 1920px\" \/><button\n\t\t\tclass=\"lightbox-trigger\"\n\t\t\ttype=\"button\"\n\t\t\taria-haspopup=\"dialog\"\n\t\t\tdata-wp-bind--aria-label=\"state.thisImage.triggerButtonAriaLabel\"\n\t\t\tdata-wp-init=\"callbacks.initTriggerButton\"\n\t\t\tdata-wp-on--click=\"actions.showLightbox\"\n\t\t\tdata-wp-style--right=\"state.thisImage.buttonRight\"\n\t\t\tdata-wp-style--top=\"state.thisImage.buttonTop\"\n\t\t>\n\t\t\t<svg xmlns=\"http:\/\/www.w3.org\/2000\/svg\" width=\"12\" height=\"12\" fill=\"none\" viewBox=\"0 0 12 12\">\n\t\t\t\t<path fill=\"#fff\" d=\"M2 0a2 2 0 0 0-2 2v2h1.5V2a.5.5 0 0 1 .5-.5h2V0H2Zm2 10.5H2a.5.5 0 0 1-.5-.5V8H0v2a2 2 0 0 0 2 2h2v-1.5ZM8 12v-1.5h2a.5.5 0 0 0 .5-.5V8H12v2a2 2 0 0 1-2 2H8Zm2-12a2 2 0 0 1 2 2v2h-1.5V2a.5.5 0 0 0-.5-.5H8V0h2Z\" \/>\n\t\t\t<\/svg>\n\t\t<\/button><figcaption class=\"wp-element-caption\">Foto: Acediscovery \/ Wikimedia Commons, CC BY 4.0<\/figcaption><\/figure>\n\n\n\n<div id=\"ez-toc-container\" class=\"ez-toc-v2_0_87 ez-toc-wrap-left counter-hierarchy ez-toc-counter ez-toc-grey ez-toc-container-direction\">\n<div class=\"ez-toc-title-container\">\n<p class=\"ez-toc-title\" style=\"cursor:inherit\">Contenuto dell&#039;articolo<\/p>\n<span class=\"ez-toc-title-toggle\"><a href=\"#\" class=\"ez-toc-pull-right ez-toc-btn ez-toc-btn-xs ez-toc-btn-default ez-toc-toggle\" aria-label=\"Toggle Table of Content\"><span class=\"ez-toc-js-icon-con\"><span class=\"\"><span class=\"eztoc-hide\" style=\"display:none;\">Toggle<\/span><span class=\"ez-toc-icon-toggle-span\"><svg style=\"fill: #999;color:#999\" xmlns=\"http:\/\/www.w3.org\/2000\/svg\" class=\"list-377408\" width=\"20px\" height=\"20px\" viewBox=\"0 0 24 24\" fill=\"none\"><path d=\"M6 6H4v2h2V6zm14 0H8v2h12V6zM4 11h2v2H4v-2zm16 0H8v2h12v-2zM4 16h2v2H4v-2zm16 0H8v2h12v-2z\" fill=\"currentColor\"><\/path><\/svg><svg style=\"fill: #999;color:#999\" class=\"arrow-unsorted-368013\" xmlns=\"http:\/\/www.w3.org\/2000\/svg\" width=\"10px\" height=\"10px\" viewBox=\"0 0 24 24\" version=\"1.2\" baseProfile=\"tiny\"><path d=\"M18.2 9.3l-6.2-6.3-6.2 6.3c-.2.2-.3.4-.3.7s.1.5.3.7c.2.2.4.3.7.3h11c.3 0 .5-.1.7-.3.2-.2.3-.5.3-.7s-.1-.5-.3-.7zM5.8 14.7l6.2 6.3 6.2-6.3c.2-.2.3-.5.3-.7s-.1-.5-.3-.7c-.2-.2-.4-.3-.7-.3h-11c-.3 0-.5.1-.7.3-.2.2-.3.5-.3.7s.1.5.3.7z\"\/><\/svg><\/span><\/span><\/span><\/a><\/span><\/div>\n<nav><ul class='ez-toc-list ez-toc-list-level-1 ' ><ul class='ez-toc-list-level-3' ><li class='ez-toc-heading-level-3'><a class=\"ez-toc-link ez-toc-heading-1\" href=\"https:\/\/loudavymkrokem.cz\/it\/rio-de-janeiro-cosa-vedere\/#Riassunto_per_chi_non_ha_tempo_di_leggere_tutto_larticolo\" >Riassunto per chi non ha tempo di leggere tutto l&#8217;articolo<\/a><\/li><\/ul><\/li><li class='ez-toc-page-1 ez-toc-heading-level-2'><a class=\"ez-toc-link ez-toc-heading-2\" href=\"https:\/\/loudavymkrokem.cz\/it\/rio-de-janeiro-cosa-vedere\/#Quando_andare_a_Rio_de_Janeiro\" >Quando andare a Rio de Janeiro<\/a><\/li><li class='ez-toc-page-1 ez-toc-heading-level-2'><a class=\"ez-toc-link ez-toc-heading-3\" href=\"https:\/\/loudavymkrokem.cz\/it\/rio-de-janeiro-cosa-vedere\/#Sicurezza_a_Rio_de_Janeiro_come_goderti_la_vacanza_senza_preoccupazioni\" >Sicurezza a Rio de Janeiro: come goderti la vacanza senza preoccupazioni<\/a><\/li><li class='ez-toc-page-1 ez-toc-heading-level-2'><a class=\"ez-toc-link ez-toc-heading-4\" href=\"https:\/\/loudavymkrokem.cz\/it\/rio-de-janeiro-cosa-vedere\/#Dove_alloggiare_a_Rio_de_Janeiro\" >Dove alloggiare a Rio de Janeiro<\/a><\/li><li class='ez-toc-page-1 ez-toc-heading-level-2'><a class=\"ez-toc-link ez-toc-heading-5\" href=\"https:\/\/loudavymkrokem.cz\/it\/rio-de-janeiro-cosa-vedere\/#22_cose_da_vedere_e_fare_a_Rio_de_Janeiro\" >22 cose da vedere e fare a Rio de Janeiro<\/a><ul class='ez-toc-list-level-3' ><li class='ez-toc-heading-level-3'><a class=\"ez-toc-link ez-toc-heading-6\" href=\"https:\/\/loudavymkrokem.cz\/it\/rio-de-janeiro-cosa-vedere\/#1_Statua_del_Cristo_Redentore_Christ_the_Redeemer\" >1. Statua del Cristo Redentore (Christ the Redeemer)<\/a><\/li><li class='ez-toc-page-1 ez-toc-heading-level-3'><a class=\"ez-toc-link ez-toc-heading-7\" href=\"https:\/\/loudavymkrokem.cz\/it\/rio-de-janeiro-cosa-vedere\/#2_Funivia_sul_Pan_di_Zucchero_Pao_de_Acucar\" >2. Funivia sul Pan di Zucchero (P\u00e3o de A\u00e7\u00facar)<\/a><\/li><li class='ez-toc-page-1 ez-toc-heading-level-3'><a class=\"ez-toc-link ez-toc-heading-8\" href=\"https:\/\/loudavymkrokem.cz\/it\/rio-de-janeiro-cosa-vedere\/#3_Spiaggia_di_Copacabana_e_Forte_de_Copacabana\" >3. Spiaggia di Copacabana e Forte de Copacabana<\/a><\/li><li class='ez-toc-page-1 ez-toc-heading-level-3'><a class=\"ez-toc-link ez-toc-heading-9\" href=\"https:\/\/loudavymkrokem.cz\/it\/rio-de-janeiro-cosa-vedere\/#4_Spiaggia_di_Ipanema_e_il_sistema_delle_stazioni_di_salvataggio\" >4. Spiaggia di Ipanema e il sistema delle stazioni di salvataggio<\/a><\/li><li class='ez-toc-page-1 ez-toc-heading-level-3'><a class=\"ez-toc-link ez-toc-heading-10\" href=\"https:\/\/loudavymkrokem.cz\/it\/rio-de-janeiro-cosa-vedere\/#5_Spiaggia_di_Leblon_e_belvedere_Mirante_do_Leblon\" >5. Spiaggia di Leblon e belvedere Mirante do Leblon<\/a><\/li><li class='ez-toc-page-1 ez-toc-heading-level-3'><a class=\"ez-toc-link ez-toc-heading-11\" href=\"https:\/\/loudavymkrokem.cz\/it\/rio-de-janeiro-cosa-vedere\/#6_Sperone_roccioso_Pedra_do_Arpoador\" >6. Sperone roccioso Pedra do Arpoador<\/a><\/li><li class='ez-toc-page-1 ez-toc-heading-level-3'><a class=\"ez-toc-link ez-toc-heading-12\" href=\"https:\/\/loudavymkrokem.cz\/it\/rio-de-janeiro-cosa-vedere\/#7_Scalinata_Escadaria_Selaron\" >7. Scalinata Escadaria Selar\u00f3n<\/a><\/li><li class='ez-toc-page-1 ez-toc-heading-level-3'><a class=\"ez-toc-link ez-toc-heading-13\" href=\"https:\/\/loudavymkrokem.cz\/it\/rio-de-janeiro-cosa-vedere\/#8_Quartiere_Santa_Teresa_e_il_tram_storico\" >8. Quartiere Santa Teresa e il tram storico<\/a><\/li><li class='ez-toc-page-1 ez-toc-heading-level-3'><a class=\"ez-toc-link ez-toc-heading-14\" href=\"https:\/\/loudavymkrokem.cz\/it\/rio-de-janeiro-cosa-vedere\/#9_Acquedotto_Arcos_da_Lapa\" >9. Acquedotto Arcos da Lapa<\/a><\/li><li class='ez-toc-page-1 ez-toc-heading-level-3'><a class=\"ez-toc-link ez-toc-heading-15\" href=\"https:\/\/loudavymkrokem.cz\/it\/rio-de-janeiro-cosa-vedere\/#10_Galleria_Parque_das_Ruinas\" >10. Galleria Parque das Ru\u00ednas<\/a><\/li><li class='ez-toc-page-1 ez-toc-heading-level-3'><a class=\"ez-toc-link ez-toc-heading-16\" href=\"https:\/\/loudavymkrokem.cz\/it\/rio-de-janeiro-cosa-vedere\/#11_La_foresta_pluviale_urbana_del_Tijuca_National_Park\" >11. La foresta pluviale urbana del Tijuca National Park<\/a><\/li><li class='ez-toc-page-1 ez-toc-heading-level-3'><a class=\"ez-toc-link ez-toc-heading-17\" href=\"https:\/\/loudavymkrokem.cz\/it\/rio-de-janeiro-cosa-vedere\/#12_Belvedere_Mirante_Dona_Marta\" >12. Belvedere Mirante Dona Marta<\/a><\/li><li class='ez-toc-page-1 ez-toc-heading-level-3'><a class=\"ez-toc-link ez-toc-heading-18\" href=\"https:\/\/loudavymkrokem.cz\/it\/rio-de-janeiro-cosa-vedere\/#13_Padiglione_cinese_Vista_Chinesa\" >13. Padiglione cinese Vista Chinesa<\/a><\/li><li class='ez-toc-page-1 ez-toc-heading-level-3'><a class=\"ez-toc-link ez-toc-heading-19\" href=\"https:\/\/loudavymkrokem.cz\/it\/rio-de-janeiro-cosa-vedere\/#14_Giardini_e_villa_Parque_Lage\" >14. Giardini e villa Parque Lage<\/a><\/li><li class='ez-toc-page-1 ez-toc-heading-level-3'><a class=\"ez-toc-link ez-toc-heading-20\" href=\"https:\/\/loudavymkrokem.cz\/it\/rio-de-janeiro-cosa-vedere\/#15_Museo_del_Domani_Museu_do_Amanha\" >15. Museo del Domani (Museu do Amanh\u00e3)<\/a><\/li><li class='ez-toc-page-1 ez-toc-heading-level-3'><a class=\"ez-toc-link ez-toc-heading-21\" href=\"https:\/\/loudavymkrokem.cz\/it\/rio-de-janeiro-cosa-vedere\/#16_Museo_darte_MAR_Rio_Museum_of_Art\" >16. Museo d&#8217;arte MAR (Rio Museum of Art)<\/a><\/li><li class='ez-toc-page-1 ez-toc-heading-level-3'><a class=\"ez-toc-link ez-toc-heading-22\" href=\"https:\/\/loudavymkrokem.cz\/it\/rio-de-janeiro-cosa-vedere\/#17_Centro_Cultural_Banco_do_Brasil_CCBB\" >17. Centro Cultural Banco do Brasil (CCBB)<\/a><\/li><li class='ez-toc-page-1 ez-toc-heading-level-3'><a class=\"ez-toc-link ez-toc-heading-23\" href=\"https:\/\/loudavymkrokem.cz\/it\/rio-de-janeiro-cosa-vedere\/#18_Theatro_Municipal_do_Rio_de_Janeiro\" >18. Theatro Municipal do Rio de Janeiro<\/a><\/li><li class='ez-toc-page-1 ez-toc-heading-level-3'><a class=\"ez-toc-link ez-toc-heading-24\" href=\"https:\/\/loudavymkrokem.cz\/it\/rio-de-janeiro-cosa-vedere\/#19_Catedral_Metropolitana_de_Sao_Sebastiao\" >19. Catedral Metropolitana de S\u00e3o Sebasti\u00e3o<\/a><\/li><li class='ez-toc-page-1 ez-toc-heading-level-3'><a class=\"ez-toc-link ez-toc-heading-25\" href=\"https:\/\/loudavymkrokem.cz\/it\/rio-de-janeiro-cosa-vedere\/#20_Museu_da_Republica_Palacio_do_Catete\" >20. Museu da Rep\u00fablica (Pal\u00e1cio do Catete)<\/a><\/li><li class='ez-toc-page-1 ez-toc-heading-level-3'><a class=\"ez-toc-link ez-toc-heading-26\" href=\"https:\/\/loudavymkrokem.cz\/it\/rio-de-janeiro-cosa-vedere\/#21_Espaco_Cultural_da_Marinha\" >21. Espa\u00e7o Cultural da Marinha<\/a><\/li><li class='ez-toc-page-1 ez-toc-heading-level-3'><a class=\"ez-toc-link ez-toc-heading-27\" href=\"https:\/\/loudavymkrokem.cz\/it\/rio-de-janeiro-cosa-vedere\/#22_Spiaggia_Praia_Vermelha_sotto_il_Pan_di_Zucchero\" >22. Spiaggia Praia Vermelha sotto il Pan di Zucchero<\/a><\/li><\/ul><\/li><li class='ez-toc-page-1 ez-toc-heading-level-2'><a class=\"ez-toc-link ez-toc-heading-28\" href=\"https:\/\/loudavymkrokem.cz\/it\/rio-de-janeiro-cosa-vedere\/#Dove_andare_dopo_Rio_de_Janeiro\" >Dove andare dopo Rio de Janeiro<\/a><\/li><li class='ez-toc-page-1 ez-toc-heading-level-2'><a class=\"ez-toc-link ez-toc-heading-29\" href=\"https:\/\/loudavymkrokem.cz\/it\/rio-de-janeiro-cosa-vedere\/#Domande_frequenti\" >Domande frequenti<\/a><ul class='ez-toc-list-level-3' ><li class='ez-toc-heading-level-3'><a class=\"ez-toc-link ez-toc-heading-30\" href=\"https:\/\/loudavymkrokem.cz\/it\/rio-de-janeiro-cosa-vedere\/#Rio_de_Janeiro_e_sicura_per_i_turisti\" >Rio de Janeiro \u00e8 sicura per i turisti?<\/a><\/li><li class='ez-toc-page-1 ez-toc-heading-level-3'><a class=\"ez-toc-link ez-toc-heading-31\" href=\"https:\/\/loudavymkrokem.cz\/it\/rio-de-janeiro-cosa-vedere\/#Quanti_giorni_servono_per_visitare_Rio\" >Quanti giorni servono per visitare Rio?<\/a><\/li><li class='ez-toc-page-1 ez-toc-heading-level-3'><a class=\"ez-toc-link ez-toc-heading-32\" href=\"https:\/\/loudavymkrokem.cz\/it\/rio-de-janeiro-cosa-vedere\/#Qual_e_il_modo_migliore_per_raggiungere_la_statua_del_Cristo_Redentore\" >Qual \u00e8 il modo migliore per raggiungere la statua del Cristo Redentore?<\/a><\/li><li class='ez-toc-page-1 ez-toc-heading-level-3'><a class=\"ez-toc-link ez-toc-heading-33\" href=\"https:\/\/loudavymkrokem.cz\/it\/rio-de-janeiro-cosa-vedere\/#Qual_e_il_periodo_migliore_per_viaggiare_in_Brasile\" >Qual \u00e8 il periodo migliore per viaggiare in Brasile?<\/a><\/li><li class='ez-toc-page-1 ez-toc-heading-level-3'><a class=\"ez-toc-link ez-toc-heading-34\" href=\"https:\/\/loudavymkrokem.cz\/it\/rio-de-janeiro-cosa-vedere\/#Posso_fare_il_bagno_sulle_spiagge_di_Rio_dopo_il_tramonto\" >Posso fare il bagno sulle spiagge di Rio dopo il tramonto?<\/a><\/li><li class='ez-toc-page-1 ez-toc-heading-level-3'><a class=\"ez-toc-link ez-toc-heading-35\" href=\"https:\/\/loudavymkrokem.cz\/it\/rio-de-janeiro-cosa-vedere\/#Come_muoversi_in_citta_e_i_trasporti_pubblici_sono_sicuri\" >Come muoversi in citt\u00e0 e i trasporti pubblici sono sicuri?<\/a><\/li><li class='ez-toc-page-1 ez-toc-heading-level-3'><a class=\"ez-toc-link ez-toc-heading-36\" href=\"https:\/\/loudavymkrokem.cz\/it\/rio-de-janeiro-cosa-vedere\/#Cosa_mangiare_a_Rio_se_non_mangio_carne\" >Cosa mangiare a Rio se non mangio carne?<\/a><\/li><li class='ez-toc-page-1 ez-toc-heading-level-3'><a class=\"ez-toc-link ez-toc-heading-37\" href=\"https:\/\/loudavymkrokem.cz\/it\/rio-de-janeiro-cosa-vedere\/#Conviene_acquistare_i_biglietti_per_i_monumenti_con_largo_anticipo\" >Conviene acquistare i biglietti per i monumenti con largo anticipo?<\/a><\/li><\/ul><\/li><\/ul><\/nav><\/div>\n<h3 class=\"wp-block-heading\"><span class=\"ez-toc-section\" id=\"Riassunto_per_chi_non_ha_tempo_di_leggere_tutto_larticolo\"><\/span>Riassunto per chi non ha tempo di leggere tutto l&#8217;articolo<span class=\"ez-toc-section-end\"><\/span><\/h3>\n\n\n\n<ul class=\"wp-block-list\">\n\n<li><strong>Pianifica in base alle nuvole:<\/strong> i monumenti pi\u00f9 famosi come la statua del Cristo e il Pan di Zucchero non hanno senso nella nebbia, quindi riservagli la mattina pi\u00f9 limpida del tuo soggiorno.<\/li>\n\n\n\n<li><strong>La sicurezza ha le sue regole:<\/strong> resta nella cosiddetta fascia turistica sicura nella zona sud e dopo il tramonto usa sempre un affidabile Uber per gli spostamenti.<\/li>\n\n\n\n<li><strong>Tre vie verso il Cristo:<\/strong> puoi salire con il costoso trenino a cremagliera, con il minibus pi\u00f9 economico oppure del tutto gratis con un&#8217;impegnativa escursione a piedi nella foresta dal Parque Lage.<\/li>\n\n\n\n<li><strong>Il sistema delle stazioni di salvataggio:<\/strong> le spiagge si dividono in base a chioschi numerati chiamati postos, e il famoso Posto 9 di Ipanema \u00e8 il centro d&#8217;incontro pi\u00f9 vivace.<\/li>\n\n\n\n<li><strong>Pan di Zucchero pi\u00f9 economico:<\/strong> se affronti il primo tratto a piedi lungo il sentiero Trilha do Morro da Urca, risparmi la met\u00e0 del prezzo della funivia.<\/li>\n\n\n\n<li><strong>Foresta pluviale urbana:<\/strong> proprio entro i confini della citt\u00e0 si estende il Parco Nazionale della Tijuca, che offre una fantastica fuga dal caldo all&#8217;ombra di alberi enormi.<\/li>\n\n\n\n<li><strong>Delizie locali senza carne:<\/strong> la cucina brasiliana ama la carne, ma in spiaggia puoi gustare un rinfrescante a\u00e7a\u00ed, i panini al formaggio p\u00e3o de queijo o l&#8217;acqua di cocco fresca.<\/li>\n\n\n<\/ul>\n\n\n\n<h2 class=\"wp-block-heading\"><span class=\"ez-toc-section\" id=\"Quando_andare_a_Rio_de_Janeiro\"><\/span>Quando andare a Rio de Janeiro<span class=\"ez-toc-section-end\"><\/span><\/h2>\n\n\n\n<p class=\"wp-block-paragraph\">La scelta del periodo del tuo viaggio influenzer\u00e0 non solo il budget, ma anche l&#8217;impressione complessiva di questa citt\u00e0 rovente. <strong>Il periodo migliore per la visita va da aprile a giugno e poi da agosto a ottobre<\/strong>, quando le temperature sono molto piacevoli ed eviti gli acquazzoni tropicali pi\u00f9 intensi. In questi mesi il cielo \u00e8 spesso splendidamente terso, il che \u00e8 assolutamente fondamentale per visitare tutti i punti panoramici in alta quota su cui si regge l&#8217;intera esperienza di Rio.<\/p>\n\n\n\n<p class=\"wp-block-paragraph\">Se invece vuoi vivere la citt\u00e0 al massimo del suo fermento, devi partire durante l&#8217;estate locale, che cade nei nostri mesi invernali. <strong>Il Carnevale e il grandioso Capodanno sulla spiaggia di Copacabana significano i prezzi pi\u00f9 alti di tutto l&#8217;anno<\/strong>, con hotel e voli che risultano irrimediabilmente esauriti molti mesi in anticipo. Devi anche prepararti a un&#8217;umidit\u00e0 estrema e a un caldo torrido, con temperature che possono superare i quaranta gradi, il che rende davvero faticoso girare tra i monumenti.<\/p>\n\n\n\n<p class=\"wp-block-paragraph\">Qualunque mese tu scelga, non dimenticare la regola d&#8217;oro della pianificazione flessibile di cui abbiamo gi\u00e0 parlato. <strong>Lascia almeno due o tre giorni di riserva<\/strong>, cos\u00ec potrai salire al Corcovado esattamente nella mattina in cui le nuvole sopra la citt\u00e0 si diradano. Il clima locale \u00e8 fortemente influenzato dall&#8217;oceano e dalle montagne circostanti, quindi il tempo pu\u00f2 cambiare molto rapidamente di ora in ora e comprare i biglietti per un giorno preciso con largo anticipo rappresenta un rischio enorme.<\/p>\n\n\n\n<h2 class=\"wp-block-heading\"><span class=\"ez-toc-section\" id=\"Sicurezza_a_Rio_de_Janeiro_come_goderti_la_vacanza_senza_preoccupazioni\"><\/span>Sicurezza a Rio de Janeiro: come goderti la vacanza senza preoccupazioni<span class=\"ez-toc-section-end\"><\/span><\/h2>\n\n\n\n<p class=\"wp-block-paragraph\">La questione della sicurezza \u00e8 probabilmente la prima cosa che ogni viaggiatore cerca online prima di partire per il Brasile. <strong>Rio de Janeiro non \u00e8 affatto una zona di guerra, ma richiede il rispetto di regole chiare<\/strong>, grazie alle quali ti godrai la citt\u00e0 in totale tranquillit\u00e0. La base assoluta \u00e8 muoversi nella cosiddetta fascia turistica sicura, formata dai quartieri pi\u00f9 benestanti di Ipanema, Leblon, Copacabana, Botafogo e Urca, dove a ogni angolo \u00e8 presente la polizia turistica.<\/p>\n\n\n\n<p class=\"wp-block-paragraph\">E i numeri lo confermano \u2014 i quartieri di Leblon e Ipanema hanno registrato nel 2026 zero omicidi, il che dice sulla loro sicurezza pi\u00f9 di qualsiasi blog di viaggi. Al contrario, sull&#8217;affollata spiaggia di Copacabana devi mettere in conto occasionali piccoli furti, borseggiatori e strappi di telefono direttamente dalle mani, soprattutto sull&#8217;ampia promenade lungo il mare.<\/p>\n\n\n\n<p class=\"wp-block-paragraph\">Dopo il tramonto vale una regola semplice: Uber, sempre e ovunque, anche per brevi distanze tra quartieri vicini \u2014 il Centro storico dopo l&#8217;orario lavorativo si svuota a tal punto che di notte semplicemente non ci si va, e vale lo stesso il divieto rigoroso di passeggiate serali su qualsiasi spiaggia, perch\u00e9 le distese di sabbia deserte attirano i guai.<\/p>\n\n\n\n<h2 class=\"wp-block-heading\"><span class=\"ez-toc-section\" id=\"Dove_alloggiare_a_Rio_de_Janeiro\"><\/span>Dove alloggiare a Rio de Janeiro<span class=\"ez-toc-section-end\"><\/span><\/h2>\n\n\n\n<p class=\"wp-block-paragraph\">La scelta della zona giusta per il tuo hotel influenzer\u00e0 tutta la tua esperienza in citt\u00e0, quindi dovresti cercare alloggio esclusivamente nella zona sud. <strong>La scelta migliore per una prima visita \u00e8 l&#8217;area intorno alle spiagge di Ipanema e Leblon<\/strong>, che offrono una fantastica scena gastronomica, strade sicure piene di boutique e ottimi collegamenti con la metro verso il resto della citt\u00e0. Questi quartieri sono s\u00ec pi\u00f9 cari, ma l&#8217;investimento in un sonno tranquillo e in serate spensierate ripaga al cento per cento.<\/p>\n\n\n\n<p class=\"wp-block-paragraph\">Se cerchi un&#8217;opzione un po&#8217; pi\u00f9 accessibile ma vuoi restare comunque nel cuore dell&#8217;azione, punta la tua attenzione sulla leggendaria Copacabana o sulla vicina Botafogo. <strong>Botafogo in particolare sta vivendo negli ultimi anni un boom enorme<\/strong>, aprono nuovi caff\u00e8 e il quartiere offre alcune delle viste pi\u00f9 belle sul Pan di Zucchero direttamente dal lungomare. La storica Santa Teresa sulla collina attira con la sua atmosfera boh\u00e9mienne, ma dal punto di vista logistico \u00e8 un po&#8217; isolata per le gite quotidiane e di sera pi\u00f9 difficile da raggiungere.<\/p>\n\n\n\n<p class=\"wp-block-paragraph\">Per la tua prenotazione tramite il popolare portale Booking ti consiglio di scegliere tra hotel verificati con reception 24 ore su 24 e buone recensioni. <strong>Un&#8217;ottima scelta sulla spiaggia \u00e8 l&#8217;Arena Ipanema Hotel<\/strong>, che offre una splendida piscina sul tetto con vista sull&#8217;oceano e si trova a pochi passi dal famoso Posto 8. <strong>Per un&#8217;esperienza pi\u00f9 lussuosa scegli l&#8217;iconico Hotel Fasano Rio de Janeiro<\/strong>, il cui design e posizione non hanno rivali in citt\u00e0, mentre a Botafogo ti sorprender\u00e0 piacevolmente l&#8217;elegante <strong>Yoo2 Rio de Janeiro by Intercity<\/strong> con una fantastica vista sulla baia.<\/p>\n\n\n\n\n\n<p class=\"wp-block-paragraph\"><em>\ud83d\udca1 <a href=\"https:\/\/www.stay22.com\/allez\/roam?aid=lukaskonecny&#038;campaign=loudavymkrokemcz&#038;campaign=co-videt-v-rio-de-janeiru&#038;address=Rio%20de%20Janeiro%2C%20Braz%C3%ADlie\" target=\"_blank\" rel=\"nofollow noopener sponsored\">Su questa mappa puoi confrontare cosa \u00e8 disponibile<\/a> \u2014 vedrai subito quanto costa meno l&#8217;alloggio a un isolato dalla Avenida Atl\u00e2ntica.<\/em><\/p>\n\n<h2 class=\"wp-block-heading\"><span class=\"ez-toc-section\" id=\"22_cose_da_vedere_e_fare_a_Rio_de_Janeiro\"><\/span>22 cose da vedere e fare a Rio de Janeiro<span class=\"ez-toc-section-end\"><\/span><\/h2>\n\n\n\n<p class=\"wp-block-paragraph\">Ecco, ora arriviamo al meglio \u2014 ai luoghi che valgono davvero la pena. Icone famose e qualche tesoro nascosto, grazie ai quali conoscerai la citt\u00e0 da tutti i lati.<\/p>\n\n\n\n<figure data-wp-context=\"{&quot;imageId&quot;:&quot;6a9c4ed07b84f&quot;}\" data-wp-interactive=\"core\/image\" data-wp-key=\"6a9c4ed07b84f\" class=\"wp-block-image size-full wp-lightbox-container\"><img decoding=\"async\" width=\"1600\" height=\"2133\" data-wp-class--hide=\"state.isContentHidden\" data-wp-class--show=\"state.isContentVisible\" data-wp-init=\"callbacks.setButtonStyles\" data-wp-on--click=\"actions.showLightbox\" data-wp-on--load=\"callbacks.setButtonStyles\" data-wp-on--pointerdown=\"actions.preloadImage\" data-wp-on--pointerenter=\"actions.preloadImageWithDelay\" data-wp-on--pointerleave=\"actions.cancelPreload\" data-wp-on-window--resize=\"callbacks.setButtonStyles\" src=\"https:\/\/loudavymkrokem.cz\/wp-content\/uploads\/2026\/09\/krista-spasitele.jpg\" alt=\"Statua del Cristo Redentore (Christ the Redeemer)\" class=\"wp-image-413166\" title=\"\" srcset=\"https:\/\/loudavymkrokem.cz\/wp-content\/uploads\/2026\/09\/krista-spasitele.jpg 1600w, https:\/\/loudavymkrokem.cz\/wp-content\/uploads\/2026\/09\/krista-spasitele-225x300.jpg 225w, https:\/\/loudavymkrokem.cz\/wp-content\/uploads\/2026\/09\/krista-spasitele-700x933.jpg 700w, https:\/\/loudavymkrokem.cz\/wp-content\/uploads\/2026\/09\/krista-spasitele-768x1024.jpg 768w, https:\/\/loudavymkrokem.cz\/wp-content\/uploads\/2026\/09\/krista-spasitele-1152x1536.jpg 1152w, https:\/\/loudavymkrokem.cz\/wp-content\/uploads\/2026\/09\/krista-spasitele-1536x2048.jpg 1536w, https:\/\/loudavymkrokem.cz\/wp-content\/uploads\/2026\/09\/krista-spasitele-696x928.jpg 696w, https:\/\/loudavymkrokem.cz\/wp-content\/uploads\/2026\/09\/krista-spasitele-1392x1856.jpg 1392w\" sizes=\"(max-width: 1600px) 100vw, 1600px\" \/><button\n\t\t\tclass=\"lightbox-trigger\"\n\t\t\ttype=\"button\"\n\t\t\taria-haspopup=\"dialog\"\n\t\t\tdata-wp-bind--aria-label=\"state.thisImage.triggerButtonAriaLabel\"\n\t\t\tdata-wp-init=\"callbacks.initTriggerButton\"\n\t\t\tdata-wp-on--click=\"actions.showLightbox\"\n\t\t\tdata-wp-style--right=\"state.thisImage.buttonRight\"\n\t\t\tdata-wp-style--top=\"state.thisImage.buttonTop\"\n\t\t>\n\t\t\t<svg xmlns=\"http:\/\/www.w3.org\/2000\/svg\" width=\"12\" height=\"12\" fill=\"none\" viewBox=\"0 0 12 12\">\n\t\t\t\t<path fill=\"#fff\" d=\"M2 0a2 2 0 0 0-2 2v2h1.5V2a.5.5 0 0 1 .5-.5h2V0H2Zm2 10.5H2a.5.5 0 0 1-.5-.5V8H0v2a2 2 0 0 0 2 2h2v-1.5ZM8 12v-1.5h2a.5.5 0 0 0 .5-.5V8H12v2a2 2 0 0 1-2 2H8Zm2-12a2 2 0 0 1 2 2v2h-1.5V2a.5.5 0 0 0-.5-.5H8V0h2Z\" \/>\n\t\t\t<\/svg>\n\t\t<\/button><figcaption class=\"wp-element-caption\">Foto: Keryson Patrick Oliveira Belarmino \/ Google Maps<\/figcaption><\/figure>\n\n\n\n<h3 class=\"wp-block-heading\"><span class=\"ez-toc-section\" id=\"1_Statua_del_Cristo_Redentore_Christ_the_Redeemer\"><\/span>1. Statua del Cristo Redentore (Christ the Redeemer)<span class=\"ez-toc-section-end\"><\/span><\/h3>\n\n\n\n<p class=\"wp-block-paragraph\">Questa icona alta trenta metri, che si erge sulla cima del monte Corcovado, \u00e8 senza dubbio il simbolo pi\u00f9 famoso di tutto il Brasile. <strong>La statua si trova a 710 metri di altitudine e le nuvole riescono ad avvolgerla per un giorno intero<\/strong>, per questo \u00e8 assolutamente cruciale venire qui solo quando il cielo sopra la citt\u00e0 \u00e8 pulito e azzurro. Dalla cima vedrai tutta la citt\u00e0 in un colpo d&#8217;occhio \u2014 la baia di Guanabara, le foreste circostanti e le spiagge lontane \u2014 e con una buona visibilit\u00e0 capirai perch\u00e9 la gente arriva qui da tutto il mondo.<\/p>\n\n\n\n<p class=\"wp-block-paragraph\">Curiosit\u00e0: al monumento portano diverse strade tra cui scegliere in base al tuo budget e alla tua forma fisica. <strong>L&#8217;opzione pi\u00f9 costosa e pi\u00f9 amata \u00e8 il <a href=\"https:\/\/www.tremdocorcovado.rio\/\" rel=\"nofollow noopener\" target=\"_blank\">storico trenino a cremagliera del Corcovado<\/a><\/strong>, un po&#8217; pi\u00f9 economico \u00e8 il minibus ufficiale dal centro visitatori Paineiras e la via in assoluto pi\u00f9 economica \u00e8 la faticosa salita a piedi. La statua stessa, del 1931, \u00e8 un capolavoro in stile art d\u00e9co e le sue braccia aperte accolgono simbolicamente tutti i visitatori della citt\u00e0.<\/p>\n\n\n\n<p class=\"wp-block-paragraph\">\ud83d\udca1 Consiglio: <strong>se opti per l&#8217;escursione a piedi, parte dallo splendido Parque Lage<\/strong> e sale ripida attraverso la fitta foresta. Ti prende circa due o tre ore, lungo il percorso probabilmente incontrerai scimmie curiose, ma richiede scarpe robuste e abbondante acqua da bere, perch\u00e9 la salita nell&#8217;umidit\u00e0 tropicale \u00e8 davvero estenuante.<\/p>\n\n\n\n<figure data-wp-context=\"{&quot;imageId&quot;:&quot;6a9c4ed07bebd&quot;}\" data-wp-interactive=\"core\/image\" data-wp-key=\"6a9c4ed07bebd\" class=\"wp-block-image size-full wp-lightbox-container\"><img decoding=\"async\" width=\"640\" height=\"480\" data-wp-class--hide=\"state.isContentHidden\" data-wp-class--show=\"state.isContentVisible\" data-wp-init=\"callbacks.setButtonStyles\" data-wp-on--click=\"actions.showLightbox\" data-wp-on--load=\"callbacks.setButtonStyles\" data-wp-on--pointerdown=\"actions.preloadImage\" data-wp-on--pointerenter=\"actions.preloadImageWithDelay\" data-wp-on--pointerleave=\"actions.cancelPreload\" data-wp-on-window--resize=\"callbacks.setButtonStyles\" src=\"https:\/\/loudavymkrokem.cz\/wp-content\/uploads\/2026\/09\/na-cukrovou-homoli.jpg\" alt=\"Funivia sul Pan di Zucchero (P\u00e3o de A\u00e7\u00facar)\" class=\"wp-image-413170\" title=\"\" srcset=\"https:\/\/loudavymkrokem.cz\/wp-content\/uploads\/2026\/09\/na-cukrovou-homoli.jpg 640w, https:\/\/loudavymkrokem.cz\/wp-content\/uploads\/2026\/09\/na-cukrovou-homoli-300x225.jpg 300w, https:\/\/loudavymkrokem.cz\/wp-content\/uploads\/2026\/09\/na-cukrovou-homoli-80x60.jpg 80w, https:\/\/loudavymkrokem.cz\/wp-content\/uploads\/2026\/09\/na-cukrovou-homoli-160x120.jpg 160w\" sizes=\"(max-width: 640px) 100vw, 640px\" \/><button\n\t\t\tclass=\"lightbox-trigger\"\n\t\t\ttype=\"button\"\n\t\t\taria-haspopup=\"dialog\"\n\t\t\tdata-wp-bind--aria-label=\"state.thisImage.triggerButtonAriaLabel\"\n\t\t\tdata-wp-init=\"callbacks.initTriggerButton\"\n\t\t\tdata-wp-on--click=\"actions.showLightbox\"\n\t\t\tdata-wp-style--right=\"state.thisImage.buttonRight\"\n\t\t\tdata-wp-style--top=\"state.thisImage.buttonTop\"\n\t\t>\n\t\t\t<svg xmlns=\"http:\/\/www.w3.org\/2000\/svg\" width=\"12\" height=\"12\" fill=\"none\" viewBox=\"0 0 12 12\">\n\t\t\t\t<path fill=\"#fff\" d=\"M2 0a2 2 0 0 0-2 2v2h1.5V2a.5.5 0 0 1 .5-.5h2V0H2Zm2 10.5H2a.5.5 0 0 1-.5-.5V8H0v2a2 2 0 0 0 2 2h2v-1.5ZM8 12v-1.5h2a.5.5 0 0 0 .5-.5V8H12v2a2 2 0 0 1-2 2H8Zm2-12a2 2 0 0 1 2 2v2h-1.5V2a.5.5 0 0 0-.5-.5H8V0h2Z\" \/>\n\t\t\t<\/svg>\n\t\t<\/button><figcaption class=\"wp-element-caption\">Foto: S\u00f3 Jesus salvar \/ Google Maps<\/figcaption><\/figure>\n\n\n\n<h3 class=\"wp-block-heading\"><span class=\"ez-toc-section\" id=\"2_Funivia_sul_Pan_di_Zucchero_Pao_de_Acucar\"><\/span>2. Funivia sul Pan di Zucchero (P\u00e3o de A\u00e7\u00facar)<span class=\"ez-toc-section-end\"><\/span><\/h3>\n\n\n\n<p class=\"wp-block-paragraph\">Il secondo punto panoramico pi\u00f9 importante della citt\u00e0 \u00e8 l&#8217;enorme monolite di granito che si innalza ripido direttamente dalle acque dell&#8217;oceano. <strong>La <a href=\"https:\/\/bondinho.com.br\/\" rel=\"nofollow noopener\" target=\"_blank\">funivia vetrata<\/a> ti porta su in due tratti separati<\/strong>, e gi\u00e0 dalla prima stazione di cambio sulla collina Morro da Urca si offre uno spettacolo fantastico di yacht all&#8217;ancora e aerei in atterraggio. Sulla cima del Pan di Zucchero ti ritroverai poi a 396 metri di altezza, con tutta la citt\u00e0 e la statua del Cristo di fronte a portata di mano.<\/p>\n\n\n\n<p class=\"wp-block-paragraph\">Questa meraviglia geologica \u00e8 circondata da una vegetazione rigogliosa e spesso qui puoi osservare piccole scimmie uistit\u00ec che saltellano allegre tra le chiome degli alberi. <strong>L&#8217;intero massiccio funziona come un unico grande monumento naturale<\/strong>, quindi anche se varie mappe mostrano spesso la funivia e la collina come luoghi separati, si tratta di un&#8217;unica esperienza compatta. La vista da qui \u00e8 assolutamente magica soprattutto nel tardo pomeriggio, quando il sole tramonta lentamente dietro le alte vette del Parco Nazionale della Tijuca e la citt\u00e0 inizia ad accendersi.<\/p>\n\n\n\n<p class=\"wp-block-paragraph\">\ud83d\udca1 Consiglio: <strong>se vuoi risparmiare notevolmente sul biglietto piuttosto caro, usa il sentiero Trilha do Morro da Urca<\/strong>, lungo il quale puoi affrontare il primo tratto a piedi nella giungla in circa quaranta minuti. In cima acquisti poi il biglietto solo per la seconda parte della funivia, quella verso la vetta, dimezzando cos\u00ec i costi totali ed evitando in pi\u00f9 le lunghe code gi\u00f9 alle casse.<\/p>\n\n\n\n<figure data-wp-context=\"{&quot;imageId&quot;:&quot;6a9c4ed07c4bb&quot;}\" data-wp-interactive=\"core\/image\" data-wp-key=\"6a9c4ed07c4bb\" class=\"wp-block-image size-full wp-lightbox-container\"><img decoding=\"async\" width=\"1200\" height=\"675\" data-wp-class--hide=\"state.isContentHidden\" data-wp-class--show=\"state.isContentVisible\" data-wp-init=\"callbacks.setButtonStyles\" data-wp-on--click=\"actions.showLightbox\" data-wp-on--load=\"callbacks.setButtonStyles\" data-wp-on--pointerdown=\"actions.preloadImage\" data-wp-on--pointerenter=\"actions.preloadImageWithDelay\" data-wp-on--pointerleave=\"actions.cancelPreload\" data-wp-on-window--resize=\"callbacks.setButtonStyles\" src=\"https:\/\/loudavymkrokem.cz\/wp-content\/uploads\/2026\/09\/copacabana.jpg\" alt=\"Spiaggia di Copacabana e Forte de Copacabana\" class=\"wp-image-413175\" title=\"\" srcset=\"https:\/\/loudavymkrokem.cz\/wp-content\/uploads\/2026\/09\/copacabana.jpg 1200w, https:\/\/loudavymkrokem.cz\/wp-content\/uploads\/2026\/09\/copacabana-300x169.jpg 300w, https:\/\/loudavymkrokem.cz\/wp-content\/uploads\/2026\/09\/copacabana-700x394.jpg 700w, https:\/\/loudavymkrokem.cz\/wp-content\/uploads\/2026\/09\/copacabana-768x432.jpg 768w, https:\/\/loudavymkrokem.cz\/wp-content\/uploads\/2026\/09\/copacabana-696x392.jpg 696w\" sizes=\"(max-width: 1200px) 100vw, 1200px\" \/><button\n\t\t\tclass=\"lightbox-trigger\"\n\t\t\ttype=\"button\"\n\t\t\taria-haspopup=\"dialog\"\n\t\t\tdata-wp-bind--aria-label=\"state.thisImage.triggerButtonAriaLabel\"\n\t\t\tdata-wp-init=\"callbacks.initTriggerButton\"\n\t\t\tdata-wp-on--click=\"actions.showLightbox\"\n\t\t\tdata-wp-style--right=\"state.thisImage.buttonRight\"\n\t\t\tdata-wp-style--top=\"state.thisImage.buttonTop\"\n\t\t>\n\t\t\t<svg xmlns=\"http:\/\/www.w3.org\/2000\/svg\" width=\"12\" height=\"12\" fill=\"none\" viewBox=\"0 0 12 12\">\n\t\t\t\t<path fill=\"#fff\" d=\"M2 0a2 2 0 0 0-2 2v2h1.5V2a.5.5 0 0 1 .5-.5h2V0H2Zm2 10.5H2a.5.5 0 0 1-.5-.5V8H0v2a2 2 0 0 0 2 2h2v-1.5ZM8 12v-1.5h2a.5.5 0 0 0 .5-.5V8H12v2a2 2 0 0 1-2 2H8Zm2-12a2 2 0 0 1 2 2v2h-1.5V2a.5.5 0 0 0-.5-.5H8V0h2Z\" \/>\n\t\t\t<\/svg>\n\t\t<\/button><figcaption class=\"wp-element-caption\">Foto: Alby Set \/ Google Maps<\/figcaption><\/figure>\n\n\n\n<h3 class=\"wp-block-heading\"><span class=\"ez-toc-section\" id=\"3_Spiaggia_di_Copacabana_e_Forte_de_Copacabana\"><\/span>3. Spiaggia di Copacabana e Forte de Copacabana<span class=\"ez-toc-section-end\"><\/span><\/h3>\n\n\n\n<p class=\"wp-block-paragraph\">Probabilmente non esiste al mondo una striscia di sabbia pi\u00f9 famosa di questo tratto lungo tre chilometri e mezzo, bordato dall&#8217;iconica pavimentazione ondulata bianca e nera. <strong>Copacabana \u00e8 il cuore pulsante di tutta Rio<\/strong>, dove dal primo mattino fino al tardo pomeriggio si gioca a beach volley, si sorseggiano bevande rinfrescanti dai chioschi e i locali incontrano turisti da tutto il mondo. Le onde qui sono piuttosto forti, ma l&#8217;ampia fascia di sabbia fine offre spazio a sufficienza per prendere il sole comodamente e per lunghe passeggiate.<\/p>\n\n\n\n<p class=\"wp-block-paragraph\">All&#8217;estremit\u00e0 sud della spiaggia si erge orgogliosa una storica fortezza militare dei primi del Novecento, che oggi funziona come un affascinante museo. <strong>Il Forte de Copacabana offre una vista assolutamente perfetta su tutta la lunghezza della spiaggia<\/strong> fino al maestoso Pan di Zucchero in lontananza. All&#8217;interno dell&#8217;area puoi ammirare cannoni conservati, uniformi storiche e vecchie fotografie che ripercorrono l&#8217;intricata storia militare di questo immenso paese sudamericano.<\/p>\n\n\n\n<p class=\"wp-block-paragraph\">\ud83d\udca1 Consiglio: <strong>dentro la fortezza trovi il famoso caff\u00e8 Confeitaria Colombo<\/strong>, dove puoi sederti sulla terrazza esterna, ordinare un ottimo caff\u00e8 con un panino al formaggio p\u00e3o de queijo e goderti la calma assoluta lontano dalla folla animata della spiaggia. Ricorda per\u00f2 che sulla promenade si passeggia solo di giorno, dopo il buio scegli piuttosto il taxi.<\/p>\n\n\n\n<figure data-wp-context=\"{&quot;imageId&quot;:&quot;6a9c4ed07cac6&quot;}\" data-wp-interactive=\"core\/image\" data-wp-key=\"6a9c4ed07cac6\" class=\"wp-block-image size-full wp-lightbox-container\"><img decoding=\"async\" width=\"1200\" height=\"900\" data-wp-class--hide=\"state.isContentHidden\" data-wp-class--show=\"state.isContentVisible\" data-wp-init=\"callbacks.setButtonStyles\" data-wp-on--click=\"actions.showLightbox\" data-wp-on--load=\"callbacks.setButtonStyles\" data-wp-on--pointerdown=\"actions.preloadImage\" data-wp-on--pointerenter=\"actions.preloadImageWithDelay\" data-wp-on--pointerleave=\"actions.cancelPreload\" data-wp-on-window--resize=\"callbacks.setButtonStyles\" src=\"https:\/\/loudavymkrokem.cz\/wp-content\/uploads\/2026\/09\/ipanema.jpg\" alt=\"Spiaggia di Ipanema e sistema delle stazioni di salvataggio\" class=\"wp-image-413179\" title=\"\" srcset=\"https:\/\/loudavymkrokem.cz\/wp-content\/uploads\/2026\/09\/ipanema.jpg 1200w, https:\/\/loudavymkrokem.cz\/wp-content\/uploads\/2026\/09\/ipanema-300x225.jpg 300w, https:\/\/loudavymkrokem.cz\/wp-content\/uploads\/2026\/09\/ipanema-700x525.jpg 700w, https:\/\/loudavymkrokem.cz\/wp-content\/uploads\/2026\/09\/ipanema-768x576.jpg 768w, https:\/\/loudavymkrokem.cz\/wp-content\/uploads\/2026\/09\/ipanema-80x60.jpg 80w, https:\/\/loudavymkrokem.cz\/wp-content\/uploads\/2026\/09\/ipanema-160x120.jpg 160w, https:\/\/loudavymkrokem.cz\/wp-content\/uploads\/2026\/09\/ipanema-696x522.jpg 696w\" sizes=\"(max-width: 1200px) 100vw, 1200px\" \/><button\n\t\t\tclass=\"lightbox-trigger\"\n\t\t\ttype=\"button\"\n\t\t\taria-haspopup=\"dialog\"\n\t\t\tdata-wp-bind--aria-label=\"state.thisImage.triggerButtonAriaLabel\"\n\t\t\tdata-wp-init=\"callbacks.initTriggerButton\"\n\t\t\tdata-wp-on--click=\"actions.showLightbox\"\n\t\t\tdata-wp-style--right=\"state.thisImage.buttonRight\"\n\t\t\tdata-wp-style--top=\"state.thisImage.buttonTop\"\n\t\t>\n\t\t\t<svg xmlns=\"http:\/\/www.w3.org\/2000\/svg\" width=\"12\" height=\"12\" fill=\"none\" viewBox=\"0 0 12 12\">\n\t\t\t\t<path fill=\"#fff\" d=\"M2 0a2 2 0 0 0-2 2v2h1.5V2a.5.5 0 0 1 .5-.5h2V0H2Zm2 10.5H2a.5.5 0 0 1-.5-.5V8H0v2a2 2 0 0 0 2 2h2v-1.5ZM8 12v-1.5h2a.5.5 0 0 0 .5-.5V8H12v2a2 2 0 0 1-2 2H8Zm2-12a2 2 0 0 1 2 2v2h-1.5V2a.5.5 0 0 0-.5-.5H8V0h2Z\" \/>\n\t\t\t<\/svg>\n\t\t<\/button><figcaption class=\"wp-element-caption\">Foto: Alby Set \/ Google Maps<\/figcaption><\/figure>\n\n\n\n<h3 class=\"wp-block-heading\"><span class=\"ez-toc-section\" id=\"4_Spiaggia_di_Ipanema_e_il_sistema_delle_stazioni_di_salvataggio\"><\/span>4. Spiaggia di Ipanema e il sistema delle stazioni di salvataggio<span class=\"ez-toc-section-end\"><\/span><\/h3>\n\n\n\n<p class=\"wp-block-paragraph\">Se Copacabana rappresenta il turismo di massa, Ipanema \u00e8 il simbolo dell&#8217;eleganza, della moda e di uno stile di vita da spiaggia rilassato. <strong>Questa spiaggia \u00e8 famosa per la sua acqua incredibilmente pulita e le splendide viste sul massiccio Dois Irm\u00e3os<\/strong>, che formano lo sfondo perfetto per ogni fotografia. Qui la sabbia \u00e8 un po&#8217; pi\u00f9 fine e l&#8217;atmosfera generale attira soprattutto le generazioni pi\u00f9 giovani, gli artisti e gli amanti del design, che confluiscono qui dalle vicine vie delle boutique.<\/p>\n\n\n\n<p class=\"wp-block-paragraph\">Per orientarsi lungo la lunga costa, gli abitanti locali usano i cosiddetti postos, ovvero stazioni di salvataggio numerate disposte a intervalli regolari. <strong>Il punto pi\u00f9 famoso \u00e8 senza dubbio il Posto 9 di Ipanema<\/strong>, che storicamente funziona come principale centro d&#8217;incontro, dove la gente va per divertirsi, sfoggiare nuovi costumi e discutere della vita. Ogni posto ha la sua atmosfera specifica e attira un gruppo di persone un po&#8217; diverso, dalle famiglie con bambini agli sportivi pi\u00f9 appassionati.<\/p>\n\n\n\n<p class=\"wp-block-paragraph\">\ud83d\udca1 Consiglio: <strong>quando ti viene fame, non devi lasciare affatto la spiaggia, basta comprare dai venditori una ciotola di a\u00e7a\u00ed ghiacciato<\/strong>, cio\u00e8 una densa polpa viola di palme amazzoniche coperta di granola croccante e banana. \u00c8 una delizia perfetta, rinfrescante e completamente senza carne, che nel caldo tropicale ti d\u00e0 subito l&#8217;energia necessaria per un altro bagno.<\/p>\n\n\n\n<figure data-wp-context=\"{&quot;imageId&quot;:&quot;6a9c4ed07d066&quot;}\" data-wp-interactive=\"core\/image\" data-wp-key=\"6a9c4ed07d066\" class=\"wp-block-image size-full wp-lightbox-container\"><img decoding=\"async\" width=\"1600\" height=\"739\" data-wp-class--hide=\"state.isContentHidden\" data-wp-class--show=\"state.isContentVisible\" data-wp-init=\"callbacks.setButtonStyles\" data-wp-on--click=\"actions.showLightbox\" data-wp-on--load=\"callbacks.setButtonStyles\" data-wp-on--pointerdown=\"actions.preloadImage\" data-wp-on--pointerenter=\"actions.preloadImageWithDelay\" data-wp-on--pointerleave=\"actions.cancelPreload\" data-wp-on-window--resize=\"callbacks.setButtonStyles\" src=\"https:\/\/loudavymkrokem.cz\/wp-content\/uploads\/2026\/09\/leblon.jpg\" alt=\"Spiaggia di Leblon e belvedere Mirante do Leblon\" class=\"wp-image-413183\" title=\"\" srcset=\"https:\/\/loudavymkrokem.cz\/wp-content\/uploads\/2026\/09\/leblon.jpg 1600w, https:\/\/loudavymkrokem.cz\/wp-content\/uploads\/2026\/09\/leblon-300x139.jpg 300w, https:\/\/loudavymkrokem.cz\/wp-content\/uploads\/2026\/09\/leblon-700x323.jpg 700w, https:\/\/loudavymkrokem.cz\/wp-content\/uploads\/2026\/09\/leblon-768x355.jpg 768w, https:\/\/loudavymkrokem.cz\/wp-content\/uploads\/2026\/09\/leblon-1536x709.jpg 1536w, https:\/\/loudavymkrokem.cz\/wp-content\/uploads\/2026\/09\/leblon-696x321.jpg 696w, https:\/\/loudavymkrokem.cz\/wp-content\/uploads\/2026\/09\/leblon-1392x643.jpg 1392w\" sizes=\"(max-width: 1600px) 100vw, 1600px\" \/><button\n\t\t\tclass=\"lightbox-trigger\"\n\t\t\ttype=\"button\"\n\t\t\taria-haspopup=\"dialog\"\n\t\t\tdata-wp-bind--aria-label=\"state.thisImage.triggerButtonAriaLabel\"\n\t\t\tdata-wp-init=\"callbacks.initTriggerButton\"\n\t\t\tdata-wp-on--click=\"actions.showLightbox\"\n\t\t\tdata-wp-style--right=\"state.thisImage.buttonRight\"\n\t\t\tdata-wp-style--top=\"state.thisImage.buttonTop\"\n\t\t>\n\t\t\t<svg xmlns=\"http:\/\/www.w3.org\/2000\/svg\" width=\"12\" height=\"12\" fill=\"none\" viewBox=\"0 0 12 12\">\n\t\t\t\t<path fill=\"#fff\" d=\"M2 0a2 2 0 0 0-2 2v2h1.5V2a.5.5 0 0 1 .5-.5h2V0H2Zm2 10.5H2a.5.5 0 0 1-.5-.5V8H0v2a2 2 0 0 0 2 2h2v-1.5ZM8 12v-1.5h2a.5.5 0 0 0 .5-.5V8H12v2a2 2 0 0 1-2 2H8Zm2-12a2 2 0 0 1 2 2v2h-1.5V2a.5.5 0 0 0-.5-.5H8V0h2Z\" \/>\n\t\t\t<\/svg>\n\t\t<\/button><figcaption class=\"wp-element-caption\">Foto: Cassiano Neto \/ Google Maps<\/figcaption><\/figure>\n\n\n\n<h3 class=\"wp-block-heading\"><span class=\"ez-toc-section\" id=\"5_Spiaggia_di_Leblon_e_belvedere_Mirante_do_Leblon\"><\/span>5. Spiaggia di Leblon e belvedere Mirante do Leblon<span class=\"ez-toc-section-end\"><\/span><\/h3>\n\n\n\n<p class=\"wp-block-paragraph\">Subito dietro il canale che separa Ipanema si estende l&#8217;esclusivo quartiere di Leblon con la sua spiaggia, molto pi\u00f9 tranquilla. <strong>Leblon \u00e8 considerato la parte pi\u00f9 sicura e prestigiosa di tutta la citt\u00e0<\/strong>, il che si riflette non solo nella statistica pari a zero di reati gravi, ma anche nella cura dei chioschi locali e nella pulizia di tutto il lungomare. La spiaggia \u00e8 il regno dei residenti locali, delle famiglie con bambini e dei personaggi noti, che vengono qui a rilassarsi sotto gli ombrelloni lontano dal maggior trambusto turistico.<\/p>\n\n\n\n<p class=\"wp-block-paragraph\">All&#8217;estremit\u00e0 della spiaggia, dove la strada inizia a salire tra le colline ripide, trovi una splendida terrazza in legno che si erge sopra l&#8217;oceano rombante. <strong>Il belvedere Mirante do Leblon ti offre la vista iconica su tutta la lunghezza delle spiagge di Leblon e Ipanema<\/strong>, bordate da palme e alti edifici moderni. Soprattutto nel pomeriggio la gente arriva qui in bicicletta per comprare presso piccoli chioschi l&#8217;acqua di cocco ghiacciata e osservare come la citt\u00e0 si addormenta lentamente.<\/p>\n\n\n\n<p class=\"wp-block-paragraph\">\ud83d\udca1 Consiglio: <strong>proprio sul belvedere ci sono alcuni piccoli bar dove puoi prendere un succo fresco di frutta tropicale<\/strong> e ascoltare il fruscio delle onde enormi che si infrangono sugli scogli proprio sotto di te. \u00c8 il posto ideale per una conclusione romantica di una lunga giornata, e per di pi\u00f9 ci arrivi dalla spiaggia con una comoda passeggiata lungo la promenade sicura.<\/p>\n\n\n\n<figure data-wp-context=\"{&quot;imageId&quot;:&quot;6a9c4ed07d5ed&quot;}\" data-wp-interactive=\"core\/image\" data-wp-key=\"6a9c4ed07d5ed\" class=\"wp-block-image size-full wp-lightbox-container\"><img decoding=\"async\" width=\"1600\" height=\"1068\" data-wp-class--hide=\"state.isContentHidden\" data-wp-class--show=\"state.isContentVisible\" data-wp-init=\"callbacks.setButtonStyles\" data-wp-on--click=\"actions.showLightbox\" data-wp-on--load=\"callbacks.setButtonStyles\" data-wp-on--pointerdown=\"actions.preloadImage\" data-wp-on--pointerenter=\"actions.preloadImageWithDelay\" data-wp-on--pointerleave=\"actions.cancelPreload\" data-wp-on-window--resize=\"callbacks.setButtonStyles\" src=\"https:\/\/loudavymkrokem.cz\/wp-content\/uploads\/2026\/09\/pedra-do-arpoador.jpg\" alt=\"Sperone roccioso Pedra do Arpoador\" class=\"wp-image-413187\" title=\"\" srcset=\"https:\/\/loudavymkrokem.cz\/wp-content\/uploads\/2026\/09\/pedra-do-arpoador.jpg 1600w, https:\/\/loudavymkrokem.cz\/wp-content\/uploads\/2026\/09\/pedra-do-arpoador-300x200.jpg 300w, https:\/\/loudavymkrokem.cz\/wp-content\/uploads\/2026\/09\/pedra-do-arpoador-700x467.jpg 700w, https:\/\/loudavymkrokem.cz\/wp-content\/uploads\/2026\/09\/pedra-do-arpoador-768x513.jpg 768w, https:\/\/loudavymkrokem.cz\/wp-content\/uploads\/2026\/09\/pedra-do-arpoador-1536x1025.jpg 1536w, https:\/\/loudavymkrokem.cz\/wp-content\/uploads\/2026\/09\/pedra-do-arpoador-696x465.jpg 696w, https:\/\/loudavymkrokem.cz\/wp-content\/uploads\/2026\/09\/pedra-do-arpoador-1392x929.jpg 1392w\" sizes=\"(max-width: 1600px) 100vw, 1600px\" \/><button\n\t\t\tclass=\"lightbox-trigger\"\n\t\t\ttype=\"button\"\n\t\t\taria-haspopup=\"dialog\"\n\t\t\tdata-wp-bind--aria-label=\"state.thisImage.triggerButtonAriaLabel\"\n\t\t\tdata-wp-init=\"callbacks.initTriggerButton\"\n\t\t\tdata-wp-on--click=\"actions.showLightbox\"\n\t\t\tdata-wp-style--right=\"state.thisImage.buttonRight\"\n\t\t\tdata-wp-style--top=\"state.thisImage.buttonTop\"\n\t\t>\n\t\t\t<svg xmlns=\"http:\/\/www.w3.org\/2000\/svg\" width=\"12\" height=\"12\" fill=\"none\" viewBox=\"0 0 12 12\">\n\t\t\t\t<path fill=\"#fff\" d=\"M2 0a2 2 0 0 0-2 2v2h1.5V2a.5.5 0 0 1 .5-.5h2V0H2Zm2 10.5H2a.5.5 0 0 1-.5-.5V8H0v2a2 2 0 0 0 2 2h2v-1.5ZM8 12v-1.5h2a.5.5 0 0 0 .5-.5V8H12v2a2 2 0 0 1-2 2H8Zm2-12a2 2 0 0 1 2 2v2h-1.5V2a.5.5 0 0 0-.5-.5H8V0h2Z\" \/>\n\t\t\t<\/svg>\n\t\t<\/button><figcaption class=\"wp-element-caption\">Foto: Maur\u00edcio Moreno \/ Google Maps<\/figcaption><\/figure>\n\n\n\n<h3 class=\"wp-block-heading\"><span class=\"ez-toc-section\" id=\"6_Sperone_roccioso_Pedra_do_Arpoador\"><\/span>6. Sperone roccioso Pedra do Arpoador<span class=\"ez-toc-section-end\"><\/span><\/h3>\n\n\n\n<p class=\"wp-block-paragraph\">Tra la vivace Copacabana e l&#8217;elegante Ipanema si protende in profondit\u00e0 nell&#8217;oceano un enorme massiccio roccioso, che forma il confine naturale tra le due baie. <strong>Pedra do Arpoador \u00e8 una vera leggenda tra i surfisti<\/strong>, perch\u00e9 proprio qui si rompono le onde migliori e pi\u00f9 costanti di tutta la citt\u00e0. Durante il giorno puoi osservare dagli scogli decine di sportivi domare abilmente l&#8217;elemento marino, mentre ti appoggi alla pietra calda e respiri l&#8217;aria salmastra dell&#8217;oceano.<\/p>\n\n\n\n<p class=\"wp-block-paragraph\">Lo spettacolo principale per\u00f2 inizia solo verso sera, quando gli scogli si riempiono di centinaia di persone con un unico obiettivo comune. <strong>La tradizione vuole che, non appena il sole tramonta dietro il maestoso monte Dois Irm\u00e3os, tutta la folla inizi ad applaudire con entusiasmo<\/strong>, ringraziando cos\u00ec la natura per un&#8217;altra splendida giornata in questa citt\u00e0 paradisiaca. \u00c8 un&#8217;esperienza incredibilmente intensa ed emozionante, che coglie perfettamente il carattere caloroso e gioioso dei brasiliani, di cui ti innamorerai all&#8217;istante.<\/p>\n\n\n\n<p class=\"wp-block-paragraph\">\ud83d\udca1 Consiglio: <strong>vieni qui almeno un&#8217;ora prima del tramonto per accaparrarti un buon posto a sedere<\/strong>, perch\u00e9 gli scogli sono davvero pieni fino allo scoppio. Sulla via del ritorno vale la pena entrare in uno dei ristoranti giapponesi o italiani della zona \u2014 se non ami la carne, qui troverai pane per i tuoi denti.<\/p>\n\n\n\n<figure data-wp-context=\"{&quot;imageId&quot;:&quot;6a9c4ed07dac7&quot;}\" data-wp-interactive=\"core\/image\" data-wp-key=\"6a9c4ed07dac7\" class=\"wp-block-image size-full wp-lightbox-container\"><img decoding=\"async\" width=\"1254\" height=\"836\" data-wp-class--hide=\"state.isContentHidden\" data-wp-class--show=\"state.isContentVisible\" data-wp-init=\"callbacks.setButtonStyles\" data-wp-on--click=\"actions.showLightbox\" data-wp-on--load=\"callbacks.setButtonStyles\" data-wp-on--pointerdown=\"actions.preloadImage\" data-wp-on--pointerenter=\"actions.preloadImageWithDelay\" data-wp-on--pointerleave=\"actions.cancelPreload\" data-wp-on-window--resize=\"callbacks.setButtonStyles\" src=\"https:\/\/loudavymkrokem.cz\/wp-content\/uploads\/2026\/09\/escadaria-selar-n.jpg\" alt=\"Scalinata Escadaria Selar\u00f3n\" class=\"wp-image-413192\" title=\"\" srcset=\"https:\/\/loudavymkrokem.cz\/wp-content\/uploads\/2026\/09\/escadaria-selar-n.jpg 1254w, https:\/\/loudavymkrokem.cz\/wp-content\/uploads\/2026\/09\/escadaria-selar-n-300x200.jpg 300w, https:\/\/loudavymkrokem.cz\/wp-content\/uploads\/2026\/09\/escadaria-selar-n-700x467.jpg 700w, https:\/\/loudavymkrokem.cz\/wp-content\/uploads\/2026\/09\/escadaria-selar-n-768x512.jpg 768w, https:\/\/loudavymkrokem.cz\/wp-content\/uploads\/2026\/09\/escadaria-selar-n-696x464.jpg 696w\" sizes=\"(max-width: 1254px) 100vw, 1254px\" \/><button\n\t\t\tclass=\"lightbox-trigger\"\n\t\t\ttype=\"button\"\n\t\t\taria-haspopup=\"dialog\"\n\t\t\tdata-wp-bind--aria-label=\"state.thisImage.triggerButtonAriaLabel\"\n\t\t\tdata-wp-init=\"callbacks.initTriggerButton\"\n\t\t\tdata-wp-on--click=\"actions.showLightbox\"\n\t\t\tdata-wp-style--right=\"state.thisImage.buttonRight\"\n\t\t\tdata-wp-style--top=\"state.thisImage.buttonTop\"\n\t\t>\n\t\t\t<svg xmlns=\"http:\/\/www.w3.org\/2000\/svg\" width=\"12\" height=\"12\" fill=\"none\" viewBox=\"0 0 12 12\">\n\t\t\t\t<path fill=\"#fff\" d=\"M2 0a2 2 0 0 0-2 2v2h1.5V2a.5.5 0 0 1 .5-.5h2V0H2Zm2 10.5H2a.5.5 0 0 1-.5-.5V8H0v2a2 2 0 0 0 2 2h2v-1.5ZM8 12v-1.5h2a.5.5 0 0 0 .5-.5V8H12v2a2 2 0 0 1-2 2H8Zm2-12a2 2 0 0 1 2 2v2h-1.5V2a.5.5 0 0 0-.5-.5H8V0h2Z\" \/>\n\t\t\t<\/svg>\n\t\t<\/button><figcaption class=\"wp-element-caption\">Foto: Imanol Gallego \/ Google Maps<\/figcaption><\/figure>\n\n\n\n<h3 class=\"wp-block-heading\"><span class=\"ez-toc-section\" id=\"7_Scalinata_Escadaria_Selaron\"><\/span>7. Scalinata Escadaria Selar\u00f3n<span class=\"ez-toc-section-end\"><\/span><\/h3>\n\n\n\n<p class=\"wp-block-paragraph\">Nel quartiere boh\u00e9mien di Lapa ti imbatterai in una scalinata che riconosci subito su Instagram \u2014 anche se non ne conosci il nome. <strong>L&#8217;Escadaria Selar\u00f3n \u00e8 una scalinata monumentale di duecentoquindici gradini<\/strong>, che l&#8217;artista cileno Jorge Selar\u00f3n ha rivestito a poco a poco con migliaia di piastrelle sgargianti provenienti da tutto il mondo. Ha creato l&#8217;opera della sua vita per oltre vent&#8217;anni in onore del popolo brasiliano e oggi questo corridoio multicolore \u00e8 una tappa assolutamente imprescindibile per ogni visitatore della citt\u00e0.<\/p>\n\n\n\n<p class=\"wp-block-paragraph\">Guardando con attenzione scoprirai che le piastrelle provengono da pi\u00f9 di sessanta paesi del mondo e molte gli venivano inviate dagli stessi ammiratori del suo instancabile lavoro. <strong>Ogni pezzo di ceramica racconta la propria storia e l&#8217;intero mosaico si trasforma continuamente<\/strong>, man mano che sali sempre pi\u00f9 in alto verso il quartiere artistico di Santa Teresa. L&#8217;atmosfera del luogo \u00e8 spesso arricchita da musicisti di strada e venditori di piccoli souvenir, che donano alla scalinata un autentico colore locale.<\/p>\n\n\n\n<p class=\"wp-block-paragraph\">\ud83d\udca1 Consiglio: <strong>vieni qui presto la mattina, idealmente verso le otto, altrimenti nelle foto avrai folle di altri turisti<\/strong>, perch\u00e9 durante il giorno sui gradini si formano enormi ingorghi. La scalinata collega il quartiere di Lapa con Santa Teresa, quindi dopo averla percorsa puoi proseguire senza interruzioni la visita delle vie storiche in cima alla collina.<\/p>\n\n\n\n<figure data-wp-context=\"{&quot;imageId&quot;:&quot;6a9c4ed07e016&quot;}\" data-wp-interactive=\"core\/image\" data-wp-key=\"6a9c4ed07e016\" class=\"wp-block-image size-full wp-lightbox-container\"><img decoding=\"async\" width=\"1080\" height=\"1350\" data-wp-class--hide=\"state.isContentHidden\" data-wp-class--show=\"state.isContentVisible\" data-wp-init=\"callbacks.setButtonStyles\" data-wp-on--click=\"actions.showLightbox\" data-wp-on--load=\"callbacks.setButtonStyles\" data-wp-on--pointerdown=\"actions.preloadImage\" data-wp-on--pointerenter=\"actions.preloadImageWithDelay\" data-wp-on--pointerleave=\"actions.cancelPreload\" data-wp-on-window--resize=\"callbacks.setButtonStyles\" src=\"https:\/\/loudavymkrokem.cz\/wp-content\/uploads\/2026\/09\/santa-teresa.jpg\" alt=\"Quartiere Santa Teresa e tram storico\" class=\"wp-image-413195\" title=\"\" srcset=\"https:\/\/loudavymkrokem.cz\/wp-content\/uploads\/2026\/09\/santa-teresa.jpg 1080w, https:\/\/loudavymkrokem.cz\/wp-content\/uploads\/2026\/09\/santa-teresa-240x300.jpg 240w, https:\/\/loudavymkrokem.cz\/wp-content\/uploads\/2026\/09\/santa-teresa-700x875.jpg 700w, https:\/\/loudavymkrokem.cz\/wp-content\/uploads\/2026\/09\/santa-teresa-768x960.jpg 768w, https:\/\/loudavymkrokem.cz\/wp-content\/uploads\/2026\/09\/santa-teresa-696x870.jpg 696w\" sizes=\"(max-width: 1080px) 100vw, 1080px\" \/><button\n\t\t\tclass=\"lightbox-trigger\"\n\t\t\ttype=\"button\"\n\t\t\taria-haspopup=\"dialog\"\n\t\t\tdata-wp-bind--aria-label=\"state.thisImage.triggerButtonAriaLabel\"\n\t\t\tdata-wp-init=\"callbacks.initTriggerButton\"\n\t\t\tdata-wp-on--click=\"actions.showLightbox\"\n\t\t\tdata-wp-style--right=\"state.thisImage.buttonRight\"\n\t\t\tdata-wp-style--top=\"state.thisImage.buttonTop\"\n\t\t>\n\t\t\t<svg xmlns=\"http:\/\/www.w3.org\/2000\/svg\" width=\"12\" height=\"12\" fill=\"none\" viewBox=\"0 0 12 12\">\n\t\t\t\t<path fill=\"#fff\" d=\"M2 0a2 2 0 0 0-2 2v2h1.5V2a.5.5 0 0 1 .5-.5h2V0H2Zm2 10.5H2a.5.5 0 0 1-.5-.5V8H0v2a2 2 0 0 0 2 2h2v-1.5ZM8 12v-1.5h2a.5.5 0 0 0 .5-.5V8H12v2a2 2 0 0 1-2 2H8Zm2-12a2 2 0 0 1 2 2v2h-1.5V2a.5.5 0 0 0-.5-.5H8V0h2Z\" \/>\n\t\t\t<\/svg>\n\t\t<\/button><figcaption class=\"wp-element-caption\">Foto: Guilherme Carvalho \/ Google Maps<\/figcaption><\/figure>\n\n\n\n<h3 class=\"wp-block-heading\"><span class=\"ez-toc-section\" id=\"8_Quartiere_Santa_Teresa_e_il_tram_storico\"><\/span>8. Quartiere Santa Teresa e il tram storico<span class=\"ez-toc-section-end\"><\/span><\/h3>\n\n\n\n<p class=\"wp-block-paragraph\">In alto sulle colline sopra il centro animato si annida un quartiere pittoresco, che sembra uscito da tutto un altro secolo. <strong>Santa Teresa \u00e8 piena di strette vie acciottolate, vecchie ville coloniali e atelier d&#8217;arte indipendenti<\/strong>, il che gli \u00e8 valso il soprannome di Montmartre brasiliano. Dai belvedere locali si aprono viste splendide sulla baia e sui moderni grattacieli in profondit\u00e0 sotto di te, mentre siedi in un tranquillo caff\u00e8 all&#8217;ombra di alberi rigogliosi.<\/p>\n\n\n\n<p class=\"wp-block-paragraph\">Il modo pi\u00f9 iconico per arrivare in questo quartiere ripido \u00e8 la corsa sul famoso tram giallo chiamato bondinho. <strong>Il tram storico parte dalla stazione Station of Santa Teresa trams in centro e sale sferragliando su per le colline ripide<\/strong>, attraversando lungo il percorso un enorme acquedotto bianco. \u00c8 un&#8217;esperienza nostalgica magnifica, durante la quale sentirai il vento tra i capelli e vedrai la citt\u00e0 da una prospettiva assolutamente unica, leggermente rialzata.<\/p>\n\n\n\n<p class=\"wp-block-paragraph\">\ud83d\udca1 Consiglio: <strong>nei pittoreschi bistrot locali ordina assolutamente l&#8217;ottima tapioca, una cr\u00eape senza glutine di farina di manioca<\/strong>, che ti riempiranno volentieri con formaggio, pomodori ed erbe aromatiche fresche. \u00c8 un piatto tradizionale, sostanzioso eppure leggero e senza carne, che si adatta perfettamente all&#8217;atmosfera rilassata di questo quartiere artistico.<\/p>\n\n\n\n<figure data-wp-context=\"{&quot;imageId&quot;:&quot;6a9c4ed07e5a7&quot;}\" data-wp-interactive=\"core\/image\" data-wp-key=\"6a9c4ed07e5a7\" class=\"wp-block-image size-full wp-lightbox-container\"><img decoding=\"async\" width=\"1600\" height=\"1600\" data-wp-class--hide=\"state.isContentHidden\" data-wp-class--show=\"state.isContentVisible\" data-wp-init=\"callbacks.setButtonStyles\" data-wp-on--click=\"actions.showLightbox\" data-wp-on--load=\"callbacks.setButtonStyles\" data-wp-on--pointerdown=\"actions.preloadImage\" data-wp-on--pointerenter=\"actions.preloadImageWithDelay\" data-wp-on--pointerleave=\"actions.cancelPreload\" data-wp-on-window--resize=\"callbacks.setButtonStyles\" src=\"https:\/\/loudavymkrokem.cz\/wp-content\/uploads\/2026\/09\/arcos-da-lapa.jpg\" alt=\"Acquedotto Arcos da Lapa\" class=\"wp-image-413198\" title=\"\" srcset=\"https:\/\/loudavymkrokem.cz\/wp-content\/uploads\/2026\/09\/arcos-da-lapa.jpg 1600w, https:\/\/loudavymkrokem.cz\/wp-content\/uploads\/2026\/09\/arcos-da-lapa-300x300.jpg 300w, https:\/\/loudavymkrokem.cz\/wp-content\/uploads\/2026\/09\/arcos-da-lapa-700x700.jpg 700w, https:\/\/loudavymkrokem.cz\/wp-content\/uploads\/2026\/09\/arcos-da-lapa-150x150.jpg 150w, https:\/\/loudavymkrokem.cz\/wp-content\/uploads\/2026\/09\/arcos-da-lapa-768x768.jpg 768w, https:\/\/loudavymkrokem.cz\/wp-content\/uploads\/2026\/09\/arcos-da-lapa-1536x1536.jpg 1536w, https:\/\/loudavymkrokem.cz\/wp-content\/uploads\/2026\/09\/arcos-da-lapa-696x696.jpg 696w, https:\/\/loudavymkrokem.cz\/wp-content\/uploads\/2026\/09\/arcos-da-lapa-1392x1392.jpg 1392w\" sizes=\"(max-width: 1600px) 100vw, 1600px\" \/><button\n\t\t\tclass=\"lightbox-trigger\"\n\t\t\ttype=\"button\"\n\t\t\taria-haspopup=\"dialog\"\n\t\t\tdata-wp-bind--aria-label=\"state.thisImage.triggerButtonAriaLabel\"\n\t\t\tdata-wp-init=\"callbacks.initTriggerButton\"\n\t\t\tdata-wp-on--click=\"actions.showLightbox\"\n\t\t\tdata-wp-style--right=\"state.thisImage.buttonRight\"\n\t\t\tdata-wp-style--top=\"state.thisImage.buttonTop\"\n\t\t>\n\t\t\t<svg xmlns=\"http:\/\/www.w3.org\/2000\/svg\" width=\"12\" height=\"12\" fill=\"none\" viewBox=\"0 0 12 12\">\n\t\t\t\t<path fill=\"#fff\" d=\"M2 0a2 2 0 0 0-2 2v2h1.5V2a.5.5 0 0 1 .5-.5h2V0H2Zm2 10.5H2a.5.5 0 0 1-.5-.5V8H0v2a2 2 0 0 0 2 2h2v-1.5ZM8 12v-1.5h2a.5.5 0 0 0 .5-.5V8H12v2a2 2 0 0 1-2 2H8Zm2-12a2 2 0 0 1 2 2v2h-1.5V2a.5.5 0 0 0-.5-.5H8V0h2Z\" \/>\n\t\t\t<\/svg>\n\t\t<\/button><figcaption class=\"wp-element-caption\">Foto: W Travel \/ Google Maps<\/figcaption><\/figure>\n\n\n\n<h3 class=\"wp-block-heading\"><span class=\"ez-toc-section\" id=\"9_Acquedotto_Arcos_da_Lapa\"><\/span>9. Acquedotto Arcos da Lapa<span class=\"ez-toc-section-end\"><\/span><\/h3>\n\n\n\n<p class=\"wp-block-paragraph\">Non appena arrivi a Lapa, i tuoi occhi cadranno subito sull&#8217;enorme acquedotto bianco che domina completamente tutta la piazza. <strong>Arcos da Lapa \u00e8 un monumentale acquedotto del diciottesimo secolo, che un tempo portava l&#8217;acqua potabile dalle colline circostanti<\/strong> direttamente nel centro della citt\u00e0 coloniale in rapida espansione. Con i suoi quarantadue archi massicci rappresenta uno dei monumenti pi\u00f9 importanti dell&#8217;architettura portoghese di tutto il paese.<\/p>\n\n\n\n<p class=\"wp-block-paragraph\">Mentre l&#8217;acqua ormai da tempo non vi scorre pi\u00f9, la struttura ha trovato un nuovo utilizzo, non meno importante, nel trasporto moderno. <strong>Proprio sulla sommit\u00e0 di questo acquedotto storico oggi sferraglia il leggendario tram giallo diretto a Santa Teresa<\/strong>, il che crea un contrasto incredibilmente fotogenico tra vecchio e nuovo. La piazza sotto gli archi si anima soprattutto il venerd\u00ec sera, quando la gente del posto si riunisce qui per selvagge feste di strada piene di balli e musica ad alto volume.<\/p>\n\n\n\n<p class=\"wp-block-paragraph\">\ud83d\udca1 Consiglio: <strong>le foto pi\u00f9 belle dell&#8217;acquedotto le scatti da una leggera distanza, dalla piazza Pra\u00e7a Cardeal C\u00e2mara<\/strong>, da dove risalta magnificamente tutta la sua imponente lunghezza e il suo colore bianco brillante. Se vuoi evitare la folla notturna e l&#8217;atmosfera da festa, visita questo luogo piuttosto durante la mattina del weekend, quando i dintorni sono splendidamente tranquilli.<\/p>\n\n\n\n<figure data-wp-context=\"{&quot;imageId&quot;:&quot;6a9c4ed07ea8e&quot;}\" data-wp-interactive=\"core\/image\" data-wp-key=\"6a9c4ed07ea8e\" class=\"wp-block-image size-full wp-lightbox-container\"><img decoding=\"async\" width=\"1600\" height=\"1200\" data-wp-class--hide=\"state.isContentHidden\" data-wp-class--show=\"state.isContentVisible\" data-wp-init=\"callbacks.setButtonStyles\" data-wp-on--click=\"actions.showLightbox\" data-wp-on--load=\"callbacks.setButtonStyles\" data-wp-on--pointerdown=\"actions.preloadImage\" data-wp-on--pointerenter=\"actions.preloadImageWithDelay\" data-wp-on--pointerleave=\"actions.cancelPreload\" data-wp-on-window--resize=\"callbacks.setButtonStyles\" src=\"https:\/\/loudavymkrokem.cz\/wp-content\/uploads\/2026\/09\/parque-das-ru-nas.jpg\" alt=\"Galleria Parque das Ru\u00ednas\" class=\"wp-image-413202\" title=\"\" srcset=\"https:\/\/loudavymkrokem.cz\/wp-content\/uploads\/2026\/09\/parque-das-ru-nas.jpg 1600w, https:\/\/loudavymkrokem.cz\/wp-content\/uploads\/2026\/09\/parque-das-ru-nas-300x225.jpg 300w, https:\/\/loudavymkrokem.cz\/wp-content\/uploads\/2026\/09\/parque-das-ru-nas-700x525.jpg 700w, https:\/\/loudavymkrokem.cz\/wp-content\/uploads\/2026\/09\/parque-das-ru-nas-768x576.jpg 768w, https:\/\/loudavymkrokem.cz\/wp-content\/uploads\/2026\/09\/parque-das-ru-nas-1536x1152.jpg 1536w, https:\/\/loudavymkrokem.cz\/wp-content\/uploads\/2026\/09\/parque-das-ru-nas-80x60.jpg 80w, https:\/\/loudavymkrokem.cz\/wp-content\/uploads\/2026\/09\/parque-das-ru-nas-160x120.jpg 160w, https:\/\/loudavymkrokem.cz\/wp-content\/uploads\/2026\/09\/parque-das-ru-nas-696x522.jpg 696w, https:\/\/loudavymkrokem.cz\/wp-content\/uploads\/2026\/09\/parque-das-ru-nas-1392x1044.jpg 1392w\" sizes=\"(max-width: 1600px) 100vw, 1600px\" \/><button\n\t\t\tclass=\"lightbox-trigger\"\n\t\t\ttype=\"button\"\n\t\t\taria-haspopup=\"dialog\"\n\t\t\tdata-wp-bind--aria-label=\"state.thisImage.triggerButtonAriaLabel\"\n\t\t\tdata-wp-init=\"callbacks.initTriggerButton\"\n\t\t\tdata-wp-on--click=\"actions.showLightbox\"\n\t\t\tdata-wp-style--right=\"state.thisImage.buttonRight\"\n\t\t\tdata-wp-style--top=\"state.thisImage.buttonTop\"\n\t\t>\n\t\t\t<svg xmlns=\"http:\/\/www.w3.org\/2000\/svg\" width=\"12\" height=\"12\" fill=\"none\" viewBox=\"0 0 12 12\">\n\t\t\t\t<path fill=\"#fff\" d=\"M2 0a2 2 0 0 0-2 2v2h1.5V2a.5.5 0 0 1 .5-.5h2V0H2Zm2 10.5H2a.5.5 0 0 1-.5-.5V8H0v2a2 2 0 0 0 2 2h2v-1.5ZM8 12v-1.5h2a.5.5 0 0 0 .5-.5V8H12v2a2 2 0 0 1-2 2H8Zm2-12a2 2 0 0 1 2 2v2h-1.5V2a.5.5 0 0 0-.5-.5H8V0h2Z\" \/>\n\t\t\t<\/svg>\n\t\t<\/button><figcaption class=\"wp-element-caption\">Foto: Andr\u00e9 Marcelo de Lourdes \/ Google Maps<\/figcaption><\/figure>\n\n\n\n<h3 class=\"wp-block-heading\"><span class=\"ez-toc-section\" id=\"10_Galleria_Parque_das_Ruinas\"><\/span>10. Galleria Parque das Ru\u00ednas<span class=\"ez-toc-section-end\"><\/span><\/h3>\n\n\n\n<p class=\"wp-block-paragraph\">Nel cuore della storica Santa Teresa si trova un gioiello architettonico che collega geniamente un glorioso passato con il design moderno. <strong>Parque das Ru\u00ednas \u00e8 un affascinante parco pubblico e centro culturale costruito proprio tra i resti di una vecchia villa nobiliare<\/strong>, appartenuta a una ricca mecenate brasiliana dell&#8217;arte. Gli architetti hanno conservato i muri di mattoni a vista e li hanno integrati con moderne scale d&#8217;acciaio ed enormi pannelli di vetro, creando cos\u00ec uno spazio assolutamente unico.<\/p>\n\n\n\n<p class=\"wp-block-paragraph\">Dai piani pi\u00f9 alti di questa rovina ricostruita ti si offrir\u00e0 una vista che ricorderai per tutta la vita. <strong>Le piattaforme panoramiche offrono una vista panoramica indisturbata su tutto il centro storico, il Pan di Zucchero e la baia di Guanabara<\/strong>, e tutto questo senza alcuna tariffa d&#8217;ingresso. Nell&#8217;area si tengono regolarmente concerti all&#8217;aperto, spettacoli teatrali e mostre d&#8217;arte contemporanea, che attirano intellettuali locali e viaggiatori curiosi.<\/p>\n\n\n\n<p class=\"wp-block-paragraph\">\ud83d\udca1 Consiglio: <strong>al piano terra dell&#8217;area c&#8217;\u00e8 un ottimo piccolo caff\u00e8 con posti a sedere all&#8217;aperto<\/strong>, dove puoi prendere un caff\u00e8 freddo e osservare il via vai attorno a te. Gli orari di apertura possono variare a seconda degli eventi culturali in corso, quindi prima della visita controlla che non sia luned\u00ec, giorno in cui la maggior parte dei musei e delle gallerie di Rio \u00e8 rigorosamente chiusa.<\/p>\n\n\n\n<figure data-wp-context=\"{&quot;imageId&quot;:&quot;6a9c4ed07effe&quot;}\" data-wp-interactive=\"core\/image\" data-wp-key=\"6a9c4ed07effe\" class=\"wp-block-image size-full wp-lightbox-container\"><img decoding=\"async\" width=\"1600\" height=\"2125\" data-wp-class--hide=\"state.isContentHidden\" data-wp-class--show=\"state.isContentVisible\" data-wp-init=\"callbacks.setButtonStyles\" data-wp-on--click=\"actions.showLightbox\" data-wp-on--load=\"callbacks.setButtonStyles\" data-wp-on--pointerdown=\"actions.preloadImage\" data-wp-on--pointerenter=\"actions.preloadImageWithDelay\" data-wp-on--pointerleave=\"actions.cancelPreload\" data-wp-on-window--resize=\"callbacks.setButtonStyles\" src=\"https:\/\/loudavymkrokem.cz\/wp-content\/uploads\/2026\/09\/tijuca-national-park.jpg\" alt=\"Foresta pluviale urbana Tijuca National Park\" class=\"wp-image-413205\" title=\"\" srcset=\"https:\/\/loudavymkrokem.cz\/wp-content\/uploads\/2026\/09\/tijuca-national-park.jpg 1600w, https:\/\/loudavymkrokem.cz\/wp-content\/uploads\/2026\/09\/tijuca-national-park-226x300.jpg 226w, https:\/\/loudavymkrokem.cz\/wp-content\/uploads\/2026\/09\/tijuca-national-park-700x930.jpg 700w, https:\/\/loudavymkrokem.cz\/wp-content\/uploads\/2026\/09\/tijuca-national-park-768x1020.jpg 768w, https:\/\/loudavymkrokem.cz\/wp-content\/uploads\/2026\/09\/tijuca-national-park-1157x1536.jpg 1157w, https:\/\/loudavymkrokem.cz\/wp-content\/uploads\/2026\/09\/tijuca-national-park-1542x2048.jpg 1542w, https:\/\/loudavymkrokem.cz\/wp-content\/uploads\/2026\/09\/tijuca-national-park-696x924.jpg 696w, https:\/\/loudavymkrokem.cz\/wp-content\/uploads\/2026\/09\/tijuca-national-park-1392x1849.jpg 1392w\" sizes=\"(max-width: 1600px) 100vw, 1600px\" \/><button\n\t\t\tclass=\"lightbox-trigger\"\n\t\t\ttype=\"button\"\n\t\t\taria-haspopup=\"dialog\"\n\t\t\tdata-wp-bind--aria-label=\"state.thisImage.triggerButtonAriaLabel\"\n\t\t\tdata-wp-init=\"callbacks.initTriggerButton\"\n\t\t\tdata-wp-on--click=\"actions.showLightbox\"\n\t\t\tdata-wp-style--right=\"state.thisImage.buttonRight\"\n\t\t\tdata-wp-style--top=\"state.thisImage.buttonTop\"\n\t\t>\n\t\t\t<svg xmlns=\"http:\/\/www.w3.org\/2000\/svg\" width=\"12\" height=\"12\" fill=\"none\" viewBox=\"0 0 12 12\">\n\t\t\t\t<path fill=\"#fff\" d=\"M2 0a2 2 0 0 0-2 2v2h1.5V2a.5.5 0 0 1 .5-.5h2V0H2Zm2 10.5H2a.5.5 0 0 1-.5-.5V8H0v2a2 2 0 0 0 2 2h2v-1.5ZM8 12v-1.5h2a.5.5 0 0 0 .5-.5V8H12v2a2 2 0 0 1-2 2H8Zm2-12a2 2 0 0 1 2 2v2h-1.5V2a.5.5 0 0 0-.5-.5H8V0h2Z\" \/>\n\t\t\t<\/svg>\n\t\t<\/button><figcaption class=\"wp-element-caption\">Foto: Clifford Aldan \/ Google Maps<\/figcaption><\/figure>\n\n\n\n<h3 class=\"wp-block-heading\"><span class=\"ez-toc-section\" id=\"11_La_foresta_pluviale_urbana_del_Tijuca_National_Park\"><\/span>11. La foresta pluviale urbana del Tijuca National Park<span class=\"ez-toc-section-end\"><\/span><\/h3>\n\n\n\n<p class=\"wp-block-paragraph\">Mentre altre metropoli hanno vasti parchi e giardini, Rio de Janeiro pu\u00f2 vantare qualcosa di molto pi\u00f9 selvaggio e monumentale. <strong>Il Parco Nazionale della Tijuca \u00e8 un&#8217;enorme foresta pluviale urbana che ricopre i ripidi massicci montuosi proprio in mezzo a una metropoli milionaria.<\/strong> Questo polmone verde della citt\u00e0 non solo purifica l&#8217;aria e rinfresca il clima tropicale, ma offre rifugio a migliaia di specie di animali esotici, a farfalle enormi e a scimmie sfacciatamente curiose.<\/p>\n\n\n\n<p class=\"wp-block-paragraph\">Tutta la foresta \u00e8 attraversata da una rete di sentieri escursionistici curati, che ti conducono a cascate fragorose, grotte buie e belvedere mozzafiato. <strong>Camminando sotto le chiome di alberi antichi dimenticherai completamente di trovarti in una delle citt\u00e0 pi\u00f9 affollate del Sud America<\/strong>, perch\u00e9 qui il rumore del traffico \u00e8 pienamente sostituito dalle grida di pappagalli variopinti. La storia di questo luogo \u00e8 affascinante, perch\u00e9 la foresta fu ripiantata a mano nel diciannovesimo secolo dopo che le piantagioni di caff\u00e8 avevano distrutto la vegetazione originaria.<\/p>\n\n\n\n<p class=\"wp-block-paragraph\">\ud83d\udca1 Consiglio: <strong>per esplorare la foresta ingaggia idealmente una guida certificata con jeep<\/strong>, perch\u00e9 l&#8217;estensione del parco \u00e8 enorme e l&#8217;orientamento sui sentieri della foresta pu\u00f2 essere insidioso. Non dimenticare di mettere in valigia un forte repellente contro gli insetti tropicali e una giacca leggera impermeabile, perch\u00e9 il microclima sotto gli alberi \u00e8 nettamente pi\u00f9 umido e fresco che gi\u00f9 sulle spiagge.<\/p>\n\n\n\n<figure data-wp-context=\"{&quot;imageId&quot;:&quot;6a9c4ed07f6e5&quot;}\" data-wp-interactive=\"core\/image\" data-wp-key=\"6a9c4ed07f6e5\" class=\"wp-block-image size-full wp-lightbox-container\"><img decoding=\"async\" width=\"1600\" height=\"1200\" data-wp-class--hide=\"state.isContentHidden\" data-wp-class--show=\"state.isContentVisible\" data-wp-init=\"callbacks.setButtonStyles\" data-wp-on--click=\"actions.showLightbox\" data-wp-on--load=\"callbacks.setButtonStyles\" data-wp-on--pointerdown=\"actions.preloadImage\" data-wp-on--pointerenter=\"actions.preloadImageWithDelay\" data-wp-on--pointerleave=\"actions.cancelPreload\" data-wp-on-window--resize=\"callbacks.setButtonStyles\" src=\"https:\/\/loudavymkrokem.cz\/wp-content\/uploads\/2026\/09\/mirante-dona-marta.jpg\" alt=\"Belvedere Mirante Dona Marta\" class=\"wp-image-413209\" title=\"\" srcset=\"https:\/\/loudavymkrokem.cz\/wp-content\/uploads\/2026\/09\/mirante-dona-marta.jpg 1600w, https:\/\/loudavymkrokem.cz\/wp-content\/uploads\/2026\/09\/mirante-dona-marta-300x225.jpg 300w, https:\/\/loudavymkrokem.cz\/wp-content\/uploads\/2026\/09\/mirante-dona-marta-700x525.jpg 700w, https:\/\/loudavymkrokem.cz\/wp-content\/uploads\/2026\/09\/mirante-dona-marta-768x576.jpg 768w, https:\/\/loudavymkrokem.cz\/wp-content\/uploads\/2026\/09\/mirante-dona-marta-1536x1152.jpg 1536w, https:\/\/loudavymkrokem.cz\/wp-content\/uploads\/2026\/09\/mirante-dona-marta-80x60.jpg 80w, https:\/\/loudavymkrokem.cz\/wp-content\/uploads\/2026\/09\/mirante-dona-marta-160x120.jpg 160w, https:\/\/loudavymkrokem.cz\/wp-content\/uploads\/2026\/09\/mirante-dona-marta-696x522.jpg 696w, https:\/\/loudavymkrokem.cz\/wp-content\/uploads\/2026\/09\/mirante-dona-marta-1392x1044.jpg 1392w\" sizes=\"(max-width: 1600px) 100vw, 1600px\" \/><button\n\t\t\tclass=\"lightbox-trigger\"\n\t\t\ttype=\"button\"\n\t\t\taria-haspopup=\"dialog\"\n\t\t\tdata-wp-bind--aria-label=\"state.thisImage.triggerButtonAriaLabel\"\n\t\t\tdata-wp-init=\"callbacks.initTriggerButton\"\n\t\t\tdata-wp-on--click=\"actions.showLightbox\"\n\t\t\tdata-wp-style--right=\"state.thisImage.buttonRight\"\n\t\t\tdata-wp-style--top=\"state.thisImage.buttonTop\"\n\t\t>\n\t\t\t<svg xmlns=\"http:\/\/www.w3.org\/2000\/svg\" width=\"12\" height=\"12\" fill=\"none\" viewBox=\"0 0 12 12\">\n\t\t\t\t<path fill=\"#fff\" d=\"M2 0a2 2 0 0 0-2 2v2h1.5V2a.5.5 0 0 1 .5-.5h2V0H2Zm2 10.5H2a.5.5 0 0 1-.5-.5V8H0v2a2 2 0 0 0 2 2h2v-1.5ZM8 12v-1.5h2a.5.5 0 0 0 .5-.5V8H12v2a2 2 0 0 1-2 2H8Zm2-12a2 2 0 0 1 2 2v2h-1.5V2a.5.5 0 0 0-.5-.5H8V0h2Z\" \/>\n\t\t\t<\/svg>\n\t\t<\/button><figcaption class=\"wp-element-caption\">Foto: Leonardo Pessoa \/ Google Maps<\/figcaption><\/figure>\n\n\n\n<!-- LKM_GYG_CARD start q=\"rio de janeiro\" lang=\"it\" rendered=\"2026-09-05T13:16:32+00:00\" v=\"1\" -->\n<style id=\"lk-gyg-styles\">\n@import url(\"https:\/\/fonts.googleapis.com\/css2?family=Playfair+Display:wght@700&family=DM+Sans:wght@300;400;500;600&display=swap\");\n\/* === LK GYG karty \u2014 CRO redesign 2026-05 (namespace .lkx-) ===\n   C\u00edl: vy\u0161\u0161\u00ed CTR (hero + v\u00fdrazn\u00fd social proof + ak\u010dn\u00ed CTA, m\u00e9n\u011b \"reklamn\u00ed\").\n   Injektuje se inline do prvn\u00edho markeru postu (refresh_cards.py --inline-css). *\/\n.lkx-module, .lkx-module *{box-sizing:border-box;margin:0;padding:0}\n.lkx-module{\n  font-family:'DM Sans',-apple-system,Segoe UI,Roboto,Georgia,sans-serif;\n  max-width:860px;margin:2.5rem auto;color:#1f2328;\n}\n\n\/* HEADER \u2014 lehk\u00fd editorsk\u00fd, \u017e\u00e1dn\u00fd bannerov\u00fd blok; nadpis + popisek pod n\u00edm *\/\n.lkx-head{margin-bottom:16px}\n.lkx-head-main{display:flex;align-items:center;gap:10px}\n.lkx-head-accent{width:26px;height:3px;border-radius:2px;background:#c39f76;flex-shrink:0}\n.lkx-head-title{font-family:'Playfair Display',Georgia,serif;font-size:21px;font-weight:700;color:#1a1a1a;line-height:1.25}\n.lkx-head-meta{display:block;font-size:11px;letter-spacing:.3px;color:#9aa0a6;margin-top:4px;margin-left:36px}\n\n\/* HERO *\/\n.lkx-hero{display:grid;grid-template-columns:300px 1fr;background:#fff;border:1px solid #ece7df;border-radius:14px;overflow:hidden;text-decoration:none!important;color:inherit;box-shadow:0 6px 20px rgba(0,0,0,.06);transition:box-shadow .2s,transform .2s;margin-bottom:14px}\n.lkx-hero:hover{box-shadow:0 12px 30px rgba(0,0,0,.12);transform:translateY(-2px)}\n.lkx-hero-img{position:relative;min-height:230px;background-size:cover;background-position:center;background-color:#eee}\n.lkx-hero-body{padding:22px 24px;display:flex;flex-direction:column}\n.lkx-pick{position:absolute;top:12px;left:12px;background:#1a1a1a;color:#fff;font-size:11px;font-weight:700;letter-spacing:.5px;padding:5px 11px;border-radius:20px}\n\n\/* TITLE *\/\n.lkx-title{font-size:19px;font-weight:700;color:#161616;line-height:1.3}\n.lkx-title-sm{font-size:14.5px;line-height:1.35;display:-webkit-box;-webkit-line-clamp:2;-webkit-box-orient:vertical;overflow:hidden}\n\n\/* SOCIAL PROOF \u2014 v\u00fdrazn\u011b, naho\u0159e *\/\n.lkx-proof{display:flex;align-items:center;gap:7px;margin-top:12px;font-size:15px;color:#3a3a3a}\n.lkx-proof b{font-size:16px;color:#161616}\n.lkx-stars{color:#f5a623;letter-spacing:1px}\n.lkx-proof-sm{font-size:12.5px;margin-top:8px;gap:5px}\n.lkx-proof-sm b{font-size:13px}\n.lkx-proof-new{color:#3685fc;font-weight:600}\n\n\/* PRICE \u2014 n\u00edzk\u00e1 kotva *\/\n.lkx-price{font-size:14px;color:#6b7280}\n.lkx-price b{font-size:20px;color:#161616;font-weight:700}\n.lkx-price-sm b{font-size:15px}\n\n\/* CTA \u2014 tepl\u00e9 ak\u010dn\u00ed tla\u010d\u00edtko *\/\n.lkx-cta{display:inline-flex;align-items:center;justify-content:center;text-decoration:none!important;font-weight:700;color:#fff!important;background:linear-gradient(135deg,#f6743f,#e8552a);border-radius:10px;box-shadow:0 6px 16px rgba(232,85,42,.32);transition:box-shadow .2s}\n.lkx-cta-hero{font-size:15px;padding:13px 22px}\n.lkx-hero:hover .lkx-cta-hero{box-shadow:0 8px 22px rgba(232,85,42,.45)}\n.lkx-cta-sm{font-size:12.5px;padding:9px 14px;width:100%;margin-top:2px}\n.lkx-hero-bottom{margin-top:auto;padding-top:18px;display:flex;align-items:center;justify-content:space-between;gap:14px;flex-wrap:wrap}\n\n\/* BADGE \u2014 jeden v\u00fdrazn\u00fd na fotce *\/\n.lkx-badge{position:absolute;top:12px;right:12px;font-size:10.5px;font-weight:700;letter-spacing:.3px;padding:5px 10px;border-radius:16px;color:#fff}\n.lkx-badge.badge-urgency{background:rgba(214,40,40,.92)}\n.lkx-badge.badge-new{background:rgba(54,133,252,.92)}\n.lkx-badge.badge-top{background:rgba(195,159,118,.95)}\n.lkx-badge.badge-info{background:rgba(40,40,40,.78)}\n\n\/* SECONDARY GRID *\/\n.lkx-grid{display:grid;grid-template-columns:1fr 1fr;gap:14px}\n.lkx-card{background:#fff;border:1px solid #ece7df;border-radius:14px;overflow:hidden;text-decoration:none!important;color:inherit;box-shadow:0 4px 14px rgba(0,0,0,.05);display:flex;flex-direction:column;transition:box-shadow .2s,transform .2s}\n.lkx-card:hover{box-shadow:0 10px 24px rgba(0,0,0,.1);transform:translateY(-2px)}\n.lkx-card-img{position:relative;aspect-ratio:16\/10;background-size:cover;background-position:center;background-color:#eee}\n.lkx-card-body{padding:14px 16px 16px;display:flex;flex-direction:column;gap:7px;flex:1}\n.lkx-card-bottom{margin-top:auto;padding-top:10px;display:flex;align-items:center;justify-content:space-between;gap:8px}\n\n\/* DISCLOSURE \u2014 drobn\u00e1, kv\u016fli d\u016fv\u011b\u0159e\/z\u00e1konu *\/\n.lkx-disclosure{font-size:11px;color:#a7adb3;text-align:center;margin-top:14px;line-height:1.6}\n.lkx-disclosure a{color:#c39f76;text-decoration:none}\n\n@media(max-width:680px){\n  .lkx-hero{grid-template-columns:1fr}\n  .lkx-hero-img{min-height:180px}\n  .lkx-grid{grid-template-columns:1fr}\n  .lkx-head-meta{margin-left:0;width:100%}\n  .lkx-head-title{font-size:19px}\n}\n\n<\/style>\n<div class=\"lkx-module\" data-query=\"rio de janeiro\">\n  <div class=\"lkx-head\">\n    <div class=\"lkx-head-main\">\n      <span class=\"lkx-head-accent\"><\/span>\n      <span class=\"lkx-head-title\">Esperienze e biglietti<\/span>\n    <\/div>\n    <span class=\"lkx-head-meta\">valutato dai viaggiatori \u00b7 GetYourGuide<\/span>\n  <\/div><a class=\"lkx-hero\" href=\"https:\/\/www.getyourguide.com\/it-it\/rio-de-janeiro-l9\/rio-biglietto-per-la-partita-di-calcio-allo-stadio-maracana-e-trasporto-privato-t893524\/?partner_id=MKZ64IS&amp;utm_medium=online_publisher&amp;cmp=rio-de-janeiro-cosa-vedere\" target=\"_blank\" rel=\"sponsored noopener nofollow\">\n    <div class=\"lkx-hero-img\" style=\"background-image:url('https:\/\/cdn.getyourguide.com\/img\/tour\/471a107ec9ac374bd09030a21d9b9465a51158484f26d775e575020ef1d13d54.png\/132.jpg')\" role=\"img\" aria-label=\"Rio: biglietto per la partita di calcio allo stadio Maracan\u00e3 e trasferimento privato\">\n      <span class=\"lkx-pick\">\u2605 La nostra scelta<\/span><\/div>\n    <div class=\"lkx-hero-body\">\n      <div class=\"lkx-title\">Rio: biglietto per la partita di calcio allo stadio Maracan\u00e3 e trasferimento privato<\/div>\n      <div class=\"lkx-proof\">\n      <span class=\"lkx-stars\">\u2605\u2605\u2605\u2605\u2605<\/span>\n      <b>4.9<\/b> \u00b7 1 818 recensioni\n    <\/div>\n      <div class=\"lkx-hero-bottom\"><div class=\"lkx-price\">da <b>94\u00a0\u20ac<\/b><\/div><span class=\"lkx-cta lkx-cta-hero\">Voglio questa esperienza \u2192<\/span>\n      <\/div>\n    <\/div>\n  <\/a><div class=\"lkx-grid\"><a class=\"lkx-card\" href=\"https:\/\/www.getyourguide.com\/it-it\/rio-de-janeiro-l9\/rio-escursione-alle-cascate-e-alle-grotte-della-foresta-di-tijuca-t546054\/?partner_id=MKZ64IS&amp;utm_medium=online_publisher&amp;cmp=rio-de-janeiro-cosa-vedere\" target=\"_blank\" rel=\"sponsored noopener nofollow\">\n      <div class=\"lkx-card-img\" style=\"background-image:url('https:\/\/cdn.getyourguide.com\/img\/tour\/73973d0cfd3d80410bd146084fac2337e68499c3788cb30905b7849ec285b1b6.jpg\/132.jpg')\" role=\"img\" aria-label=\"Foresta pluviale di Rio: escursione alle cascate, fauna e grotte\"><\/div>\n      <div class=\"lkx-card-body\">\n        <div class=\"lkx-title lkx-title-sm\">Foresta pluviale di Rio: escursione alle cascate, fauna e grotte<\/div>\n        <div class=\"lkx-proof lkx-proof-sm\">\n      <span class=\"lkx-stars\">\u2605<\/span>\n      <b>4.8<\/b> \u00b7 3 448\n    <\/div>\n        <div class=\"lkx-card-bottom\"><span class=\"lkx-price lkx-price-sm\">da <b>65\u00a0\u20ac<\/b><\/span><span class=\"lkx-cta lkx-cta-sm\">Vedi le date \u2192<\/span>\n        <\/div>\n      <\/div>\n    <\/a><a class=\"lkx-card\" href=\"https:\/\/www.getyourguide.com\/it-it\/rio-de-janeiro-l9\/rio-de-janeiro-arrampicata-sul-pan-di-zucchero-via-coringa-t1443442\/?partner_id=MKZ64IS&amp;utm_medium=online_publisher&amp;cmp=rio-de-janeiro-cosa-vedere\" target=\"_blank\" rel=\"sponsored noopener nofollow\">\n      <div class=\"lkx-card-img\" style=\"background-image:url('https:\/\/cdn.getyourguide.com\/img\/tour\/31ae79c67043a21ea4797e651c99602b72a39d945d201674546a79d39b2f26c3.jpg\/132.jpg')\" role=\"img\" aria-label=\"Rio de Janeiro: Arrampicata sul Pan di Zucchero (Via Coringa)\"><\/div>\n      <div class=\"lkx-card-body\">\n        <div class=\"lkx-title lkx-title-sm\">Rio de Janeiro: Arrampicata sul Pan di Zucchero (Via Coringa)<\/div>\n        <div class=\"lkx-proof lkx-proof-sm\">\n      <span class=\"lkx-stars\">\u2605<\/span>\n      <b>0.0<\/b> \u00b7 0\n    <\/div>\n        <div class=\"lkx-card-bottom\"><span class=\"lkx-price lkx-price-sm\">da <b>86\u00a0\u20ac<\/b><\/span><span class=\"lkx-cta lkx-cta-sm\">Vedi le date \u2192<\/span>\n        <\/div>\n      <\/div>\n    <\/a><\/div><div class=\"lkx-disclosure\">\ud83d\udd17 Link di affiliazione \u2014 nessun costo aggiuntivo per te, ci aiutano a creare contenuti. \u00b7 <a href=\"https:\/\/www.getyourguide.com\/it-it\/s\/?q=rio+de+janeiro&amp;partner_id=MKZ64IS&amp;utm_medium=online_publisher\" target=\"_blank\" rel=\"sponsored noopener nofollow\">Tutte le esperienze \u2192<\/a><\/div>\n<\/div>\n<!-- LKM_GYG_CARD end -->\n\n\n\n\n<div class=\"lk-stays-module\">\n<style>\n\/* \u2500\u2500\u2500 RESET PRO GUTENBERG \u2500\u2500\u2500 *\/\n.lk-stays-module * { box-sizing: border-box; margin: 0; padding: 0; }\n\n\/* \u2500\u2500\u2500 WRAPPER \u2500\u2500\u2500 *\/\n.lk-stays-module {\n  font-family: 'DM Sans', Georgia, sans-serif;\n  max-width: 100%;\n  margin: 2.5rem auto;\n  background: linear-gradient(135deg, #fdfaf5 0%, #fcf8f0 100%);\n  border: 1px solid #e8dfd4;\n  border-radius: 16px;\n  overflow: hidden;\n  box-shadow: 0 16px 48px rgba(195, 159, 118, 0.25), 0 4px 12px rgba(0,0,0,0.08);\n}\n\n\/* \u2500\u2500\u2500 HEADER \u2500\u2500\u2500 *\/\n.lk-stays-header {\n  position: relative;\n  padding: 24px 36px 24px;\n  background: linear-gradient(135deg, #c39f76 0%, #d4b188 60%, #c39f76 100%);\n  border-bottom: 1px solid rgba(255,255,255,.15);\n  display: flex;\n  align-items: center;\n  gap: 18px;\n}\n.lk-stays-header::before {\n  content: '';\n  position: absolute;\n  inset: 0;\n  background: url(\"data:image\/svg+xml,%3Csvg width='60' height='60' viewBox='0 0 60 60' xmlns='http:\/\/www.w3.org\/2000\/svg'%3E%3Cg fill='none' fill-rule='evenodd'%3E%3Cg fill='%23ffffff' fill-opacity='0.05'%3E%3Cpath d='M36 34v-4h-2v4h-4v2h4v4h2v-4h4v-2h-4zm0-30V0h-2v4h-4v2h4v4h2V6h4V4h-4zM6 34v-4H4v4H0v2h4v4h2v-4h4v-2H6zM6 4V0H4v4H0v2h4v4h2V6h4V4H6z'\/%3E%3C\/g%3E%3C\/g%3E%3C\/svg%3E\") repeat;\n  pointer-events: none;\n}\n.lk-stays-icon {\n  flex-shrink: 0;\n  width: 68px;\n  height: 68px;\n  border-radius: 14px;\n  background: linear-gradient(135deg, #fff 0%, #f9f6f0 100%);\n  display: flex;\n  align-items: center;\n  justify-content: center;\n  font-size: 26px;\n  box-shadow: 0 4px 12px rgba(0,0,0,0.15);\n}\n.lk-stays-eyebrow {\n  font-size: 10px;\n  font-weight: 500;\n  letter-spacing: 2.5px;\n  text-transform: uppercase;\n  color: rgba(255,255,255,.85);\n  margin: 0 0 5px 0;\n}\n.lk-stays-title {\n  font-family: 'Playfair Display', Georgia, serif;\n  font-size: 24px;\n  font-weight: 700;\n  color: #fff;\n  line-height: 1.2;\n  text-shadow: 0 1px 2px rgba(0,0,0,0.1);\n  margin: 0;\n}\n.lk-stays-subtitle {\n  font-size: 13px;\n  color: rgba(255,255,255,.75);\n  margin: 4px 0 0 0;\n  font-weight: 300;\n}\n\n\/* \u2500\u2500\u2500 CARDS GRID \u2500\u2500\u2500 *\/\n.lk-stays-grid {\n  display: grid;\n  grid-template-columns: 1fr 1fr;\n  gap: 1px;\n  background: rgba(195, 159, 118, 0.12);\n}\n\n\/* \u2500\u2500\u2500 SINGLE CARD \u2500\u2500\u2500 *\/\n.lk-stay-card {\n  background: #ffffff;\n  padding: 26px;\n  display: flex;\n  flex-direction: column;\n  gap: 11px;\n  transition: all 0.3s ease;\n  text-decoration: none;\n  color: inherit;\n  position: relative;\n}\n.lk-stay-card:hover {\n  background: #fffbf5;\n  transform: translateY(-2px);\n  box-shadow: 0 8px 24px rgba(195, 159, 118, 0.18);\n  z-index: 1;\n}\n.lk-stay-card.featured {\n  background: linear-gradient(135deg, #fffdf9 0%, #fff9f0 100%);\n  box-shadow: 0 4px 16px rgba(195, 159, 118, 0.15), inset 0 1px 0 rgba(195, 159, 118, 0.1);\n}\n.lk-stay-card.featured:hover {\n  background: linear-gradient(135deg, #fffbf5 0%, #fff8ed 100%);\n  box-shadow: 0 8px 24px rgba(195, 159, 118, 0.25), inset 0 1px 0 rgba(195, 159, 118, 0.15);\n}\n\n.lk-stay-badge {\n  display: inline-flex;\n  align-items: center;\n  gap: 5px;\n  font-size: 10px;\n  font-weight: 500;\n  letter-spacing: 1.5px;\n  text-transform: uppercase;\n  padding: 5px 11px;\n  border-radius: 20px;\n  width: fit-content;\n}\n.badge-top     { background: linear-gradient(135deg, #c39f76 0%, #d4b188 100%); color: #fff; border: 1px solid #c39f76; font-weight: 600; box-shadow: 0 2px 8px rgba(195,159,118,0.3); }\n.badge-luxury  { background: rgba(195,159,118,.12); color: #c39f76; border: 1px solid rgba(195,159,118,.25); }\n.badge-boutique{ background: rgba(54,133,252,.08); color: #3685fc; border: 1px solid rgba(54,133,252,.2); }\n.badge-nature  { background: rgba(130,190,100,.1); color: #6b9c4a; border: 1px solid rgba(130,190,100,.2); }\n.badge-remote  { background: rgba(195,159,118,.12); color: #a67e50; border: 1px solid rgba(195,159,118,.25); }\n\n.lk-stay-name {\n  font-family: 'Playfair Display', Georgia, serif;\n  font-size: 18px;\n  font-weight: 700;\n  color: #111827;\n  line-height: 1.3;\n}\n.lk-stay-desc {\n  font-size: 13.5px;\n  color: #525252;\n  line-height: 1.65;\n  font-weight: 300;\n  flex: 1;\n}\n\n.lk-stay-meta {\n  display: flex;\n  align-items: center;\n  gap: 12px;\n  flex-wrap: wrap;\n  margin-top: 4px;\n}\n.lk-stay-price {\n  font-size: 13px;\n  color: #6b7280;\n}\n.lk-stay-price strong {\n  color: #c39f76;\n  font-weight: 500;\n}\n.lk-stay-stars {\n  color: #c39f76;\n  font-size: 11px;\n  letter-spacing: 1px;\n}\n\n\/* \u2500\u2500\u2500 CTA BUTTON \u2500\u2500\u2500 *\/\n.lk-stay-cta {\n  display: inline-flex;\n  align-items: center;\n  justify-content: center;\n  gap: 7px;\n  margin-top: 8px;\n  padding: 11px 20px;\n  border-radius: 8px;\n  background: linear-gradient(135deg, #3685fc 0%, #2a6fd9 100%);\n  color: #fff;\n  font-size: 13px;\n  font-weight: 500;\n  text-decoration: none;\n  letter-spacing: .3px;\n  transition: all .2s ease;\n  cursor: pointer;\n  border: none;\n  text-align: center;\n  box-shadow: 0 4px 12px rgba(54, 133, 252, 0.25);\n}\n.lk-stay-cta:hover {\n  background: linear-gradient(135deg, #2a6fd9 0%, #1e5bc4 100%);\n  transform: translateY(-1px);\n  box-shadow: 0 6px 16px rgba(54, 133, 252, 0.35);\n}\n.lk-stay-cta svg { flex-shrink: 0; }\n\n\/* \u2500\u2500\u2500 FOOTER \u2500\u2500\u2500 *\/\n.lk-stays-footer {\n  padding: 18px 36px;\n  background: linear-gradient(to bottom, #fdfaf5 0%, #f9f4ed 100%);\n  border-top: 1px solid rgba(195, 159, 118, 0.15);\n  display: flex;\n  align-items: center;\n  justify-content: space-between;\n  flex-wrap: wrap;\n  gap: 12px;\n}\n.lk-stays-footer-note {\n  font-size: 11.5px;\n  color: #6b7280;\n  font-weight: 300;\n  line-height: 1.5;\n}\n.lk-stays-footer-note a {\n  color: #c39f76;\n  text-decoration: none;\n  font-weight: 400;\n}\n.lk-stays-footer-note a:hover {\n  text-decoration: underline;\n}\n.lk-stays-all-btn {\n  display: inline-flex;\n  align-items: center;\n  gap: 6px;\n  font-size: 12.5px;\n  font-weight: 500;\n  color: #c39f76;\n  text-decoration: none;\n  border: 1px solid rgba(195, 159, 118, 0.35);\n  padding: 8px 18px;\n  border-radius: 8px;\n  transition: all .2s ease;\n}\n.lk-stays-all-btn:hover {\n  background: rgba(195, 159, 118, 0.08);\n  border-color: rgba(195, 159, 118, 0.5);\n}\n\n\/* \u2500\u2500\u2500 RESPONSIVE \u2500\u2500\u2500 *\/\n@media (max-width: 600px) {\n  .lk-stays-grid { grid-template-columns: 1fr; }\n  .lk-stays-header { padding: 24px 20px; }\n  .lk-stays-footer { padding: 16px 20px; }\n  .lk-stay-card { padding: 22px; }\n  .lk-stays-title { font-size: 20px; }\n}\n<\/style>\n\n  <!-- HEADER -->\n  <div class=\"lk-stays-header\">\n    <img decoding=\"async\" src=\"https:\/\/loudavymkrokem.cz\/wp-content\/uploads\/2026\/02\/lukas-a-lucka.jpg\" alt=\"\" style=\"width: 75px; height: 75px; border-radius: 8px; flex-shrink: 0; object-fit: cover; display: block; margin: 4px 0;\" title=\"\">\n    <div class=\"lk-stays-header-text\">\n      <div class=\"lk-stays-eyebrow\">Luk\u00e1\u0161 e Lucie raccomandano<\/div>\n      <div class=\"lk-stays-title\">Dove alloggiare a Rio de Janeiro<\/div>\n      <div class=\"lk-stays-subtitle\">4 alloggi \u2014 hotel benessere, hotel e altre opzioni di alloggio<\/div>\n    <\/div>\n  <\/div>\n\n  <!-- CARDS -->\n  <div class=\"lk-stays-grid\">\n\n    <a class=\"lk-stay-card featured\" href=\"https:\/\/www.stay22.com\/allez\/roam?aid=lukaskonecny&#038;campaign=loudavymkrokemcz&#038;campaign=it&#038;campaign=covidetvriodejaneiru&#038;address=Rio+de+Janeiro&#038;hotelname=Arena+Ipanema+Hotel&#038;search=Arena+Ipanema+Hotel&#038;category=accommodation\" target=\"_blank\" rel=\"nofollow noopener\">\n      <span class=\"lk-stay-badge badge-top\">\u2b50 SCELTA TOP<\/span>\n      <span class=\"lk-stay-badge badge-nature\">\ud83c\udfd6\ufe0f Spiaggia<\/span>\n      <div class=\"lk-stay-name\">Arena Ipanema Hotel<\/div>\n      <div class=\"lk-stay-desc\">Un&#8217;ottima scelta sulla spiaggia con una splendida piscina panoramica sul tetto con vista sull&#8217;oceano, a pochi passi dal famoso Posto 8.<\/div>\n      <div class=\"lk-stay-meta\">\n        <span class=\"lk-stay-stars\">\u2605\u2605\u2605\u2605<\/span>\n        <span class=\"lk-stay-price\">Controlla i prezzi<\/span>\n      <\/div>\n      <span class=\"lk-stay-cta\">\n        <svg width=\"14\" height=\"14\" viewBox=\"0 0 24 24\" fill=\"none\" stroke=\"currentColor\" stroke-width=\"2\"><path d=\"M18 13v6a2 2 0 0 1-2 2H5a2 2 0 0 1-2-2V8a2 2 0 0 1 2-2h6\"\/><polyline points=\"15 3 21 3 21 9\"\/><line x1=\"10\" y1=\"14\" x2=\"21\" y2=\"3\"\/><\/svg>\n        Verifica disponibilit\u00e0\n      <\/span>\n    <\/a>\n\n    <a class=\"lk-stay-card\" href=\"https:\/\/www.stay22.com\/allez\/roam?aid=lukaskonecny&#038;campaign=loudavymkrokemcz&#038;campaign=it&#038;campaign=covidetvriodejaneiru&#038;address=Rio+de+Janeiro&#038;hotelname=Hotel+Fasano+Rio+de+Janeiro&#038;search=Hotel+Fasano+Rio+de+Janeiro&#038;category=accommodation\" target=\"_blank\" rel=\"nofollow noopener\">\n      <span class=\"lk-stay-badge badge-nature\">\u2b50 Lusso<\/span>\n      <div class=\"lk-stay-name\">Hotel Fasano Rio de Janeiro<\/div>\n      <div class=\"lk-stay-desc\">Iconico hotel di lusso il cui design e posizione non hanno rivali in citt\u00e0.<\/div>\n      <div class=\"lk-stay-meta\">\n        <span class=\"lk-stay-stars\">\u2605\u2605\u2605\u2605<\/span>\n        <span class=\"lk-stay-price\">Controlla i prezzi<\/span>\n      <\/div>\n      <span class=\"lk-stay-cta\">\n        <svg width=\"14\" height=\"14\" viewBox=\"0 0 24 24\" fill=\"none\" stroke=\"currentColor\" stroke-width=\"2\"><path d=\"M18 13v6a2 2 0 0 1-2 2H5a2 2 0 0 1-2-2V8a2 2 0 0 1 2-2h6\"\/><polyline points=\"15 3 21 3 21 9\"\/><line x1=\"10\" y1=\"14\" x2=\"21\" y2=\"3\"\/><\/svg>\n        Verifica disponibilit\u00e0\n      <\/span>\n    <\/a>\n\n    <a class=\"lk-stay-card\" href=\"https:\/\/www.stay22.com\/allez\/roam?aid=lukaskonecny&#038;campaign=loudavymkrokemcz&#038;campaign=it&#038;campaign=covidetvriodejaneiru&#038;address=Rio+de+Janeiro&#038;hotelname=Yoo2+Rio+de+Janeiro+by+Intercity&#038;search=Yoo2+Rio+de+Janeiro+by+Intercity&#038;category=accommodation\" target=\"_blank\" rel=\"nofollow noopener\">\n      <span class=\"lk-stay-badge badge-nature\">\ud83c\udfe8 Hotel<\/span>\n      <div class=\"lk-stay-name\">Yoo2 Rio de Janeiro by Intercity<\/div>\n      <div class=\"lk-stay-desc\">Hotel elegante con una fantastica vista sulla baia a Botafogo.<\/div>\n      <div class=\"lk-stay-meta\">\n        <span class=\"lk-stay-stars\">\u2605\u2605\u2605\u2605<\/span>\n        <span class=\"lk-stay-price\">Controlla i prezzi<\/span>\n      <\/div>\n      <span class=\"lk-stay-cta\">\n        <svg width=\"14\" height=\"14\" viewBox=\"0 0 24 24\" fill=\"none\" stroke=\"currentColor\" stroke-width=\"2\"><path d=\"M18 13v6a2 2 0 0 1-2 2H5a2 2 0 0 1-2-2V8a2 2 0 0 1 2-2h6\"\/><polyline points=\"15 3 21 3 21 9\"\/><line x1=\"10\" y1=\"14\" x2=\"21\" y2=\"3\"\/><\/svg>\n        Verifica disponibilit\u00e0\n      <\/span>\n    <\/a>\n\n    <a class=\"lk-stay-card\" href=\"https:\/\/www.stay22.com\/allez\/roam?aid=lukaskonecny&#038;campaign=loudavymkrokemcz&#038;campaign=it&#038;campaign=covidetvriodejaneiru&#038;address=rio%20de%20janeiro\" target=\"_blank\" rel=\"nofollow noopener\">\n      <span class=\"lk-stay-badge badge-nature\">\ud83d\udd0d Cerca<\/span>\n      <div class=\"lk-stay-name\">Visualizza tutti gli alloggi a Rio de Janeiro<\/div>\n      <div class=\"lk-stay-desc\">Esplora tutte le opzioni di alloggio disponibili a Rio de Janeiro e trova la migliore in base alle tue preferenze e al tuo budget.<\/div>\n      <div class=\"lk-stay-meta\">\n        <span class=\"lk-stay-stars\">\u2605\u2605\u2605\u2605<\/span>\n        <span class=\"lk-stay-price\">Confronta i prezzi<\/span>\n      <\/div>\n      <span class=\"lk-stay-cta\">\n        <svg width=\"14\" height=\"14\" viewBox=\"0 0 24 24\" fill=\"none\" stroke=\"currentColor\" stroke-width=\"2\"><path d=\"M18 13v6a2 2 0 0 1-2 2H5a2 2 0 0 1-2-2V8a2 2 0 0 1 2-2h6\"\/><polyline points=\"15 3 21 3 21 9\"\/><line x1=\"10\" y1=\"14\" x2=\"21\" y2=\"3\"\/><\/svg>\n        Verifica disponibilit\u00e0\n      <\/span>\n    <\/a>\n\n  <\/div>\n\n  \n<\/div>\n\n\n\n\n<h3 class=\"wp-block-heading\"><span class=\"ez-toc-section\" id=\"12_Belvedere_Mirante_Dona_Marta\"><\/span>12. Belvedere Mirante Dona Marta<span class=\"ez-toc-section-end\"><\/span><\/h3>\n\n\n\n<p class=\"wp-block-paragraph\">Se cerchi il posto in assoluto migliore per fotografare la citt\u00e0 senza folle di altri turisti, lo hai appena trovato. <strong>Mirante Dona Marta \u00e8 una piattaforma panoramica nascosta da cui vedrai la statua del Cristo e il Pan di Zucchero in un unico magico scatto<\/strong>, il che ne fa un tesoro non scritto tra i fotografi locali. Si trova a oltre trecentosessanta metri di altitudine e offre una cosiddetta vista da elicottero su tutta la zona sud della citt\u00e0.<\/p>\n\n\n\n<p class=\"wp-block-paragraph\">A differenza del sovraffollato Corcovado, qui regna una calma splendida \u2014 spesso ti troverai sull&#8217;enorme piattaforma di cemento completamente solo, solo con le scimmiette che fanno capolino curiose dagli alberi circostanti, e per di pi\u00f9 l&#8217;ingresso \u00e8 gratuito. Paghi solo il trasporto su per la ripida e tortuosa strada nella foresta.<\/p>\n\n\n\n<p class=\"wp-block-paragraph\">\ud83d\udca1 Consiglio: <strong>al belvedere non arriva alcun trasporto pubblico regolare, quindi prenota un affidabile Uber<\/strong>, e non dimenticare di accordarti con l&#8217;autista perch\u00e9 ti aspetti quei venti minuti, altrimenti potresti avere grossi problemi a tornare in citt\u00e0. \u00c8 anche un posto fantastico per osservare l&#8217;alba, quando la citt\u00e0 si sveglia appena dal sonno notturno.<\/p>\n\n\n\n<figure data-wp-context=\"{&quot;imageId&quot;:&quot;6a9c4ed07ff34&quot;}\" data-wp-interactive=\"core\/image\" data-wp-key=\"6a9c4ed07ff34\" class=\"wp-block-image size-full wp-lightbox-container\"><img decoding=\"async\" width=\"1600\" height=\"1200\" data-wp-class--hide=\"state.isContentHidden\" data-wp-class--show=\"state.isContentVisible\" data-wp-init=\"callbacks.setButtonStyles\" data-wp-on--click=\"actions.showLightbox\" data-wp-on--load=\"callbacks.setButtonStyles\" data-wp-on--pointerdown=\"actions.preloadImage\" data-wp-on--pointerenter=\"actions.preloadImageWithDelay\" data-wp-on--pointerleave=\"actions.cancelPreload\" data-wp-on-window--resize=\"callbacks.setButtonStyles\" src=\"https:\/\/loudavymkrokem.cz\/wp-content\/uploads\/2026\/09\/vista-chinesa.jpg\" alt=\"Padiglione cinese Vista Chinesa\" class=\"wp-image-413213\" title=\"\" srcset=\"https:\/\/loudavymkrokem.cz\/wp-content\/uploads\/2026\/09\/vista-chinesa.jpg 1600w, https:\/\/loudavymkrokem.cz\/wp-content\/uploads\/2026\/09\/vista-chinesa-300x225.jpg 300w, https:\/\/loudavymkrokem.cz\/wp-content\/uploads\/2026\/09\/vista-chinesa-700x525.jpg 700w, https:\/\/loudavymkrokem.cz\/wp-content\/uploads\/2026\/09\/vista-chinesa-768x576.jpg 768w, https:\/\/loudavymkrokem.cz\/wp-content\/uploads\/2026\/09\/vista-chinesa-1536x1152.jpg 1536w, https:\/\/loudavymkrokem.cz\/wp-content\/uploads\/2026\/09\/vista-chinesa-80x60.jpg 80w, https:\/\/loudavymkrokem.cz\/wp-content\/uploads\/2026\/09\/vista-chinesa-160x120.jpg 160w, https:\/\/loudavymkrokem.cz\/wp-content\/uploads\/2026\/09\/vista-chinesa-696x522.jpg 696w, https:\/\/loudavymkrokem.cz\/wp-content\/uploads\/2026\/09\/vista-chinesa-1392x1044.jpg 1392w\" sizes=\"(max-width: 1600px) 100vw, 1600px\" \/><button\n\t\t\tclass=\"lightbox-trigger\"\n\t\t\ttype=\"button\"\n\t\t\taria-haspopup=\"dialog\"\n\t\t\tdata-wp-bind--aria-label=\"state.thisImage.triggerButtonAriaLabel\"\n\t\t\tdata-wp-init=\"callbacks.initTriggerButton\"\n\t\t\tdata-wp-on--click=\"actions.showLightbox\"\n\t\t\tdata-wp-style--right=\"state.thisImage.buttonRight\"\n\t\t\tdata-wp-style--top=\"state.thisImage.buttonTop\"\n\t\t>\n\t\t\t<svg xmlns=\"http:\/\/www.w3.org\/2000\/svg\" width=\"12\" height=\"12\" fill=\"none\" viewBox=\"0 0 12 12\">\n\t\t\t\t<path fill=\"#fff\" d=\"M2 0a2 2 0 0 0-2 2v2h1.5V2a.5.5 0 0 1 .5-.5h2V0H2Zm2 10.5H2a.5.5 0 0 1-.5-.5V8H0v2a2 2 0 0 0 2 2h2v-1.5ZM8 12v-1.5h2a.5.5 0 0 0 .5-.5V8H12v2a2 2 0 0 1-2 2H8Zm2-12a2 2 0 0 1 2 2v2h-1.5V2a.5.5 0 0 0-.5-.5H8V0h2Z\" \/>\n\t\t\t<\/svg>\n\t\t<\/button><figcaption class=\"wp-element-caption\">Foto: Ivo Barra \/ Google Maps<\/figcaption><\/figure>\n\n\n\n<h3 class=\"wp-block-heading\"><span class=\"ez-toc-section\" id=\"13_Padiglione_cinese_Vista_Chinesa\"><\/span>13. Padiglione cinese Vista Chinesa<span class=\"ez-toc-section-end\"><\/span><\/h3>\n\n\n\n<p class=\"wp-block-paragraph\">Nel profondo dei boschi del Parco Nazionale della Tijuca ti imbatterai in una costruzione che in una giungla sudamericana non ti aspetteresti di certo. <strong>Vista Chinesa \u00e8 uno splendido padiglione orientale del 1903, costruito in onore degli immigrati cinesi<\/strong>, che nel diciannovesimo secolo portarono in Brasile la coltivazione del t\u00e8. L&#8217;elegante costruzione con il tetto a forma di pagoda si erge a 380 metri di altitudine e crea un contrasto incredibilmente fotogenico con la natura selvaggia circostante.<\/p>\n\n\n\n<p class=\"wp-block-paragraph\">La vista da questo luogo \u00e8 spesso indicata come una delle pi\u00f9 romantiche di tutta la citt\u00e0, perch\u00e9 inquadra alla perfezione la baia, le montagne e le spiagge. <strong>Con il tempo sereno vedrai dal padiglione tutta Ipanema, il lago Rodrigo de Freitas e le vette lontane all&#8217;orizzonte<\/strong>, il tutto incorniciato da rigogliose foglie di palma ed enormi felci. Il luogo \u00e8 molto amato dai ciclisti locali, per i quali la dura salita al padiglione \u00e8 la pi\u00f9 grande sfida sportiva.<\/p>\n\n\n\n<p class=\"wp-block-paragraph\">\ud83d\udca1 Consiglio: <strong>abbina la visita del padiglione alla vicina cascata Cachoeira dos Macacos<\/strong>, alla quale arrivi con una breve passeggiata lungo un sentiero nella foresta. Vale di nuovo la regola della prudenza nei trasporti: la strada \u00e8 stretta e ripida, quindi vieni qui esclusivamente in auto o con un tour organizzato, non a piedi dal basso.<\/p>\n\n\n\n<figure data-wp-context=\"{&quot;imageId&quot;:&quot;6a9c4ed0805bd&quot;}\" data-wp-interactive=\"core\/image\" data-wp-key=\"6a9c4ed0805bd\" class=\"wp-block-image size-full wp-lightbox-container\"><img decoding=\"async\" width=\"1600\" height=\"2133\" data-wp-class--hide=\"state.isContentHidden\" data-wp-class--show=\"state.isContentVisible\" data-wp-init=\"callbacks.setButtonStyles\" data-wp-on--click=\"actions.showLightbox\" data-wp-on--load=\"callbacks.setButtonStyles\" data-wp-on--pointerdown=\"actions.preloadImage\" data-wp-on--pointerenter=\"actions.preloadImageWithDelay\" data-wp-on--pointerleave=\"actions.cancelPreload\" data-wp-on-window--resize=\"callbacks.setButtonStyles\" src=\"https:\/\/loudavymkrokem.cz\/wp-content\/uploads\/2026\/09\/zahrady.jpg\" alt=\"Giardini e villa Parque Lage\" class=\"wp-image-413218\" title=\"\" srcset=\"https:\/\/loudavymkrokem.cz\/wp-content\/uploads\/2026\/09\/zahrady.jpg 1600w, https:\/\/loudavymkrokem.cz\/wp-content\/uploads\/2026\/09\/zahrady-225x300.jpg 225w, https:\/\/loudavymkrokem.cz\/wp-content\/uploads\/2026\/09\/zahrady-700x933.jpg 700w, https:\/\/loudavymkrokem.cz\/wp-content\/uploads\/2026\/09\/zahrady-768x1024.jpg 768w, https:\/\/loudavymkrokem.cz\/wp-content\/uploads\/2026\/09\/zahrady-1152x1536.jpg 1152w, https:\/\/loudavymkrokem.cz\/wp-content\/uploads\/2026\/09\/zahrady-1536x2048.jpg 1536w, https:\/\/loudavymkrokem.cz\/wp-content\/uploads\/2026\/09\/zahrady-696x928.jpg 696w, https:\/\/loudavymkrokem.cz\/wp-content\/uploads\/2026\/09\/zahrady-1392x1856.jpg 1392w\" sizes=\"(max-width: 1600px) 100vw, 1600px\" \/><button\n\t\t\tclass=\"lightbox-trigger\"\n\t\t\ttype=\"button\"\n\t\t\taria-haspopup=\"dialog\"\n\t\t\tdata-wp-bind--aria-label=\"state.thisImage.triggerButtonAriaLabel\"\n\t\t\tdata-wp-init=\"callbacks.initTriggerButton\"\n\t\t\tdata-wp-on--click=\"actions.showLightbox\"\n\t\t\tdata-wp-style--right=\"state.thisImage.buttonRight\"\n\t\t\tdata-wp-style--top=\"state.thisImage.buttonTop\"\n\t\t>\n\t\t\t<svg xmlns=\"http:\/\/www.w3.org\/2000\/svg\" width=\"12\" height=\"12\" fill=\"none\" viewBox=\"0 0 12 12\">\n\t\t\t\t<path fill=\"#fff\" d=\"M2 0a2 2 0 0 0-2 2v2h1.5V2a.5.5 0 0 1 .5-.5h2V0H2Zm2 10.5H2a.5.5 0 0 1-.5-.5V8H0v2a2 2 0 0 0 2 2h2v-1.5ZM8 12v-1.5h2a.5.5 0 0 0 .5-.5V8H12v2a2 2 0 0 1-2 2H8Zm2-12a2 2 0 0 1 2 2v2h-1.5V2a.5.5 0 0 0-.5-.5H8V0h2Z\" \/>\n\t\t\t<\/svg>\n\t\t<\/button><figcaption class=\"wp-element-caption\">Foto: Emerson Zanoti \/ Google Maps<\/figcaption><\/figure>\n\n\n\n<h3 class=\"wp-block-heading\"><span class=\"ez-toc-section\" id=\"14_Giardini_e_villa_Parque_Lage\"><\/span>14. Giardini e villa Parque Lage<span class=\"ez-toc-section-end\"><\/span><\/h3>\n\n\n\n<p class=\"wp-block-paragraph\">Ai piedi del monte Corcovado si trova uno dei parchi pubblici pi\u00f9 belli, che nasconde in s\u00e9 un&#8217;enorme dose di eleganza europea. <strong>Parque Lage \u00e8 formato da splendidi giardini subtropicali che circondano una magnifica villa in stile palazzo romano<\/strong>, che oggi funge da <a href=\"http:\/\/eavparquelage.rj.gov.br\/\" rel=\"nofollow noopener\" target=\"_blank\">prestigiosa scuola di arti visive<\/a>. Il fulcro di tutto il cortile \u00e8 una piscina poco profonda, nella quale con l&#8217;angolazione giusta si riflette la statua del Cristo Redentore in alta quota.<\/p>\n\n\n\n<p class=\"wp-block-paragraph\">Il parco ha un&#8217;estensione di oltre cinquanta ettari e offre una fuga perfetta all&#8217;ombra di alberi antichi, grotte artificiali e romantiche torrette nascoste nel verde. <strong>Per gli amanti del trekking questo luogo \u00e8 fondamentale, perch\u00e9 proprio dietro la villa parte il ripido sentiero nella foresta verso la cima del Corcovado<\/strong>, che i viaggiatori pi\u00f9 allenati usano come alternativa gratuita al trenino a cremagliera. L&#8217;atmosfera del luogo \u00e8 incredibilmente rilassata, gli studenti d&#8217;arte dipingono qui i loro quadri e le famiglie organizzano picnic del weekend sull&#8217;erba.<\/p>\n\n\n\n<p class=\"wp-block-paragraph\">\ud83d\udca1 Consiglio: <strong>dentro la villa storica c&#8217;\u00e8 l&#8217;affascinante caff\u00e8 Plage Cafe<\/strong>, dove puoi gustare un&#8217;ottima colazione piena di frutta tropicale fresca e specialit\u00e0 al formaggio proprio accanto all&#8217;iconica piscina. Ti consiglio di arrivare all&#8217;apertura \u2014 durante il giorno si aspetta davvero a lungo per un tavolo.<\/p>\n\n\n\n<figure data-wp-context=\"{&quot;imageId&quot;:&quot;6a9c4ed080c8f&quot;}\" data-wp-interactive=\"core\/image\" data-wp-key=\"6a9c4ed080c8f\" class=\"wp-block-image size-full wp-lightbox-container\"><img decoding=\"async\" width=\"1600\" height=\"900\" data-wp-class--hide=\"state.isContentHidden\" data-wp-class--show=\"state.isContentVisible\" data-wp-init=\"callbacks.setButtonStyles\" data-wp-on--click=\"actions.showLightbox\" data-wp-on--load=\"callbacks.setButtonStyles\" data-wp-on--pointerdown=\"actions.preloadImage\" data-wp-on--pointerenter=\"actions.preloadImageWithDelay\" data-wp-on--pointerleave=\"actions.cancelPreload\" data-wp-on-window--resize=\"callbacks.setButtonStyles\" src=\"https:\/\/loudavymkrokem.cz\/wp-content\/uploads\/2026\/09\/swap-412735-15.jpg\" alt=\"Museo del Domani a Rio de Janeiro\" class=\"wp-image-413416\" title=\"\" srcset=\"https:\/\/loudavymkrokem.cz\/wp-content\/uploads\/2026\/09\/swap-412735-15.jpg 1600w, https:\/\/loudavymkrokem.cz\/wp-content\/uploads\/2026\/09\/swap-412735-15-300x169.jpg 300w, https:\/\/loudavymkrokem.cz\/wp-content\/uploads\/2026\/09\/swap-412735-15-700x394.jpg 700w, https:\/\/loudavymkrokem.cz\/wp-content\/uploads\/2026\/09\/swap-412735-15-768x432.jpg 768w, https:\/\/loudavymkrokem.cz\/wp-content\/uploads\/2026\/09\/swap-412735-15-1536x864.jpg 1536w, https:\/\/loudavymkrokem.cz\/wp-content\/uploads\/2026\/09\/swap-412735-15-696x392.jpg 696w, https:\/\/loudavymkrokem.cz\/wp-content\/uploads\/2026\/09\/swap-412735-15-1392x783.jpg 1392w\" sizes=\"(max-width: 1600px) 100vw, 1600px\" \/><button\n\t\t\tclass=\"lightbox-trigger\"\n\t\t\ttype=\"button\"\n\t\t\taria-haspopup=\"dialog\"\n\t\t\tdata-wp-bind--aria-label=\"state.thisImage.triggerButtonAriaLabel\"\n\t\t\tdata-wp-init=\"callbacks.initTriggerButton\"\n\t\t\tdata-wp-on--click=\"actions.showLightbox\"\n\t\t\tdata-wp-style--right=\"state.thisImage.buttonRight\"\n\t\t\tdata-wp-style--top=\"state.thisImage.buttonTop\"\n\t\t>\n\t\t\t<svg xmlns=\"http:\/\/www.w3.org\/2000\/svg\" width=\"12\" height=\"12\" fill=\"none\" viewBox=\"0 0 12 12\">\n\t\t\t\t<path fill=\"#fff\" d=\"M2 0a2 2 0 0 0-2 2v2h1.5V2a.5.5 0 0 1 .5-.5h2V0H2Zm2 10.5H2a.5.5 0 0 1-.5-.5V8H0v2a2 2 0 0 0 2 2h2v-1.5ZM8 12v-1.5h2a.5.5 0 0 0 .5-.5V8H12v2a2 2 0 0 1-2 2H8Zm2-12a2 2 0 0 1 2 2v2h-1.5V2a.5.5 0 0 0-.5-.5H8V0h2Z\" \/>\n\t\t\t<\/svg>\n\t\t<\/button><figcaption class=\"wp-element-caption\">Foto: Fadul \/ Google Maps<\/figcaption><\/figure>\n\n\n\n<h3 class=\"wp-block-heading\"><span class=\"ez-toc-section\" id=\"15_Museo_del_Domani_Museu_do_Amanha\"><\/span>15. Museo del Domani (Museu do Amanh\u00e3)<span class=\"ez-toc-section-end\"><\/span><\/h3>\n\n\n\n<p class=\"wp-block-paragraph\">Nel riqualificato quartiere portuale di Porto Maravilha \u00e8 sorta una costruzione che ha subito proiettato l&#8217;architettura della citt\u00e0 nel ventunesimo secolo. <strong>Il <a href=\"https:\/\/museudoamanha.org.br\/\" rel=\"nofollow noopener\" target=\"_blank\">Museu do Amanh\u00e3<\/a> \u00e8 un affascinante museo di scienza applicata dedicato al futuro dell&#8217;umanit\u00e0<\/strong>, il cui edificio futuristico \u00e8 stato progettato dal famoso architetto spagnolo Santiago Calatrava. La struttura bianca, che ricorda lo scheletro gigante di un uccello preistorico o una nave spaziale, si protende drammaticamente sopra la superficie dell&#8217;acqua e vale gi\u00e0 di per s\u00e9 una lunga visita.<\/p>\n\n\n\n<p class=\"wp-block-paragraph\">All&#8217;interno non aspettarti reperti storici impolverati, ma esposizioni interattive piene di schermi giganti, visualizzazioni di dati e domande stimolanti. <strong>Le mostre ti costringono a riflettere sul cambiamento climatico, sulla crescita della popolazione e sulla sostenibilit\u00e0 del nostro pianeta<\/strong>, il che nel contesto dell&#8217;immenso Brasile, ricco di natura, ha un enorme senso. Il museo dimostra che Rio non \u00e8 solo una citt\u00e0 di spiagge e carnevale, ma anche un moderno centro di scienza e innovazione.<\/p>\n\n\n\n<p class=\"wp-block-paragraph\">\ud83d\udca1 Consiglio: <strong>i biglietti per il museo spesso vanno prenotati online con largo anticipo<\/strong>, perch\u00e9 la capacit\u00e0 giornaliera si esaurisce in fretta, soprattutto nei weekend. Attorno al museo si estende l&#8217;ampia e sicura promenade Orla Conde, lungo la quale puoi fare una bella passeggiata lungo il mare e ammirare enormi murales di graffiti realizzati da artisti locali.<\/p>\n\n\n\n<figure data-wp-context=\"{&quot;imageId&quot;:&quot;6a9c4ed081337&quot;}\" data-wp-interactive=\"core\/image\" data-wp-key=\"6a9c4ed081337\" class=\"wp-block-image size-full wp-lightbox-container\"><img decoding=\"async\" width=\"1600\" height=\"1200\" data-wp-class--hide=\"state.isContentHidden\" data-wp-class--show=\"state.isContentVisible\" data-wp-init=\"callbacks.setButtonStyles\" data-wp-on--click=\"actions.showLightbox\" data-wp-on--load=\"callbacks.setButtonStyles\" data-wp-on--pointerdown=\"actions.preloadImage\" data-wp-on--pointerenter=\"actions.preloadImageWithDelay\" data-wp-on--pointerleave=\"actions.cancelPreload\" data-wp-on-window--resize=\"callbacks.setButtonStyles\" src=\"https:\/\/loudavymkrokem.cz\/wp-content\/uploads\/2026\/09\/swap-412735-16-f6e8010d.jpg\" alt=\"Museo d&#039;arte MAR a Rio de Janeiro\" class=\"wp-image-413444\" title=\"\" srcset=\"https:\/\/loudavymkrokem.cz\/wp-content\/uploads\/2026\/09\/swap-412735-16-f6e8010d.jpg 1600w, https:\/\/loudavymkrokem.cz\/wp-content\/uploads\/2026\/09\/swap-412735-16-f6e8010d-300x225.jpg 300w, https:\/\/loudavymkrokem.cz\/wp-content\/uploads\/2026\/09\/swap-412735-16-f6e8010d-700x525.jpg 700w, https:\/\/loudavymkrokem.cz\/wp-content\/uploads\/2026\/09\/swap-412735-16-f6e8010d-768x576.jpg 768w, https:\/\/loudavymkrokem.cz\/wp-content\/uploads\/2026\/09\/swap-412735-16-f6e8010d-1536x1152.jpg 1536w, https:\/\/loudavymkrokem.cz\/wp-content\/uploads\/2026\/09\/swap-412735-16-f6e8010d-80x60.jpg 80w, https:\/\/loudavymkrokem.cz\/wp-content\/uploads\/2026\/09\/swap-412735-16-f6e8010d-160x120.jpg 160w, https:\/\/loudavymkrokem.cz\/wp-content\/uploads\/2026\/09\/swap-412735-16-f6e8010d-696x522.jpg 696w, https:\/\/loudavymkrokem.cz\/wp-content\/uploads\/2026\/09\/swap-412735-16-f6e8010d-1392x1044.jpg 1392w\" sizes=\"(max-width: 1600px) 100vw, 1600px\" \/><button\n\t\t\tclass=\"lightbox-trigger\"\n\t\t\ttype=\"button\"\n\t\t\taria-haspopup=\"dialog\"\n\t\t\tdata-wp-bind--aria-label=\"state.thisImage.triggerButtonAriaLabel\"\n\t\t\tdata-wp-init=\"callbacks.initTriggerButton\"\n\t\t\tdata-wp-on--click=\"actions.showLightbox\"\n\t\t\tdata-wp-style--right=\"state.thisImage.buttonRight\"\n\t\t\tdata-wp-style--top=\"state.thisImage.buttonTop\"\n\t\t>\n\t\t\t<svg xmlns=\"http:\/\/www.w3.org\/2000\/svg\" width=\"12\" height=\"12\" fill=\"none\" viewBox=\"0 0 12 12\">\n\t\t\t\t<path fill=\"#fff\" d=\"M2 0a2 2 0 0 0-2 2v2h1.5V2a.5.5 0 0 1 .5-.5h2V0H2Zm2 10.5H2a.5.5 0 0 1-.5-.5V8H0v2a2 2 0 0 0 2 2h2v-1.5ZM8 12v-1.5h2a.5.5 0 0 0 .5-.5V8H12v2a2 2 0 0 1-2 2H8Zm2-12a2 2 0 0 1 2 2v2h-1.5V2a.5.5 0 0 0-.5-.5H8V0h2Z\" \/>\n\t\t\t<\/svg>\n\t\t<\/button><figcaption class=\"wp-element-caption\">Foto: Leila Mota \/ Google Maps<\/figcaption><\/figure>\n\n\n\n<h3 class=\"wp-block-heading\"><span class=\"ez-toc-section\" id=\"16_Museo_darte_MAR_Rio_Museum_of_Art\"><\/span>16. Museo d&#8217;arte MAR (Rio Museum of Art)<span class=\"ez-toc-section-end\"><\/span><\/h3>\n\n\n\n<p class=\"wp-block-paragraph\"><strong>Il Museo d&#8217;arte MAR (Rio Museum of Art) si trova in un complesso architettonico unico<\/strong>, che ha unito con audacia un vecchio palazzo classicista con un moderno edificio vetrato tramite un tetto di cemento ondulato. Questo contrasto visivo coglie con precisione l&#8217;essenza stessa della metropoli brasiliana, dove il vecchio incontra continuamente il nuovo.<\/p>\n\n\n\n<p class=\"wp-block-paragraph\">Il museo si concentra soprattutto sull&#8217;arte brasiliana, sulla cultura locale e sulla complessa storia della citt\u00e0 stessa, inclusa la storia e la vita nelle favelas. <strong>Dall&#8217;ultimo piano sotto il tetto ondulato si offre una fantastica vista su tutta la piazza Pra\u00e7a Mau\u00e1 e sul vicino Museu do Amanh\u00e3<\/strong>, un&#8217;occasione perfetta per catturare il volto moderno di Rio a volo d&#8217;uccello. Le esposizioni sono molto varie, dalla pittura classica alla fotografia fino alle installazioni moderne di giovani creativi.<\/p>\n\n\n\n<p class=\"wp-block-paragraph\">\ud83d\udca1 Consiglio: <strong>se ami l&#8217;arte, riserva alla visita di entrambi i musei della piazza Pra\u00e7a Mau\u00e1 una mezza giornata intera<\/strong>, perch\u00e9 si completano a meraviglia. I ristoranti locali nella zona del porto offrono inoltre ottime varianti senza carne dei piatti brasiliani, come per esempio il pastel de queijo, un fagottino fritto croccante ripieno di formaggio fuso.<\/p>\n\n\n\n<figure data-wp-context=\"{&quot;imageId&quot;:&quot;6a9c4ed081977&quot;}\" data-wp-interactive=\"core\/image\" data-wp-key=\"6a9c4ed081977\" class=\"wp-block-image size-full wp-lightbox-container\"><img decoding=\"async\" width=\"1600\" height=\"1067\" data-wp-class--hide=\"state.isContentHidden\" data-wp-class--show=\"state.isContentVisible\" data-wp-init=\"callbacks.setButtonStyles\" data-wp-on--click=\"actions.showLightbox\" data-wp-on--load=\"callbacks.setButtonStyles\" data-wp-on--pointerdown=\"actions.preloadImage\" data-wp-on--pointerenter=\"actions.preloadImageWithDelay\" data-wp-on--pointerleave=\"actions.cancelPreload\" data-wp-on-window--resize=\"callbacks.setButtonStyles\" src=\"https:\/\/loudavymkrokem.cz\/wp-content\/uploads\/2026\/09\/centro-cultural-banco-do-brasil.jpg\" alt=\"Centro Cultural Banco do Brasil (CCBB)\" class=\"wp-image-413229\" title=\"\" srcset=\"https:\/\/loudavymkrokem.cz\/wp-content\/uploads\/2026\/09\/centro-cultural-banco-do-brasil.jpg 1600w, https:\/\/loudavymkrokem.cz\/wp-content\/uploads\/2026\/09\/centro-cultural-banco-do-brasil-300x200.jpg 300w, https:\/\/loudavymkrokem.cz\/wp-content\/uploads\/2026\/09\/centro-cultural-banco-do-brasil-700x467.jpg 700w, https:\/\/loudavymkrokem.cz\/wp-content\/uploads\/2026\/09\/centro-cultural-banco-do-brasil-768x512.jpg 768w, https:\/\/loudavymkrokem.cz\/wp-content\/uploads\/2026\/09\/centro-cultural-banco-do-brasil-1536x1024.jpg 1536w, https:\/\/loudavymkrokem.cz\/wp-content\/uploads\/2026\/09\/centro-cultural-banco-do-brasil-696x464.jpg 696w, https:\/\/loudavymkrokem.cz\/wp-content\/uploads\/2026\/09\/centro-cultural-banco-do-brasil-1392x928.jpg 1392w\" sizes=\"(max-width: 1600px) 100vw, 1600px\" \/><button\n\t\t\tclass=\"lightbox-trigger\"\n\t\t\ttype=\"button\"\n\t\t\taria-haspopup=\"dialog\"\n\t\t\tdata-wp-bind--aria-label=\"state.thisImage.triggerButtonAriaLabel\"\n\t\t\tdata-wp-init=\"callbacks.initTriggerButton\"\n\t\t\tdata-wp-on--click=\"actions.showLightbox\"\n\t\t\tdata-wp-style--right=\"state.thisImage.buttonRight\"\n\t\t\tdata-wp-style--top=\"state.thisImage.buttonTop\"\n\t\t>\n\t\t\t<svg xmlns=\"http:\/\/www.w3.org\/2000\/svg\" width=\"12\" height=\"12\" fill=\"none\" viewBox=\"0 0 12 12\">\n\t\t\t\t<path fill=\"#fff\" d=\"M2 0a2 2 0 0 0-2 2v2h1.5V2a.5.5 0 0 1 .5-.5h2V0H2Zm2 10.5H2a.5.5 0 0 1-.5-.5V8H0v2a2 2 0 0 0 2 2h2v-1.5ZM8 12v-1.5h2a.5.5 0 0 0 .5-.5V8H12v2a2 2 0 0 1-2 2H8Zm2-12a2 2 0 0 1 2 2v2h-1.5V2a.5.5 0 0 0-.5-.5H8V0h2Z\" \/>\n\t\t\t<\/svg>\n\t\t<\/button><figcaption class=\"wp-element-caption\">Foto: Centro Cultural Banco do Brasil (CCBB) \/ Google Maps<\/figcaption><\/figure>\n\n\n\n<h3 class=\"wp-block-heading\"><span class=\"ez-toc-section\" id=\"17_Centro_Cultural_Banco_do_Brasil_CCBB\"><\/span>17. Centro Cultural Banco do Brasil (CCBB)<span class=\"ez-toc-section-end\"><\/span><\/h3>\n\n\n\n<p class=\"wp-block-paragraph\">Nel vivace cuore commerciale della citt\u00e0 si trova uno dei centri culturali pi\u00f9 visitati e meglio valutati al mondo. <strong>Il Centro Cultural Banco do Brasil ha sede in un mozzafiato edificio neoclassico del 1906<\/strong>, che un tempo fungeva da sede principale di una potente banca e oggi ospita le mostre internazionali pi\u00f9 prestigiose. Gi\u00e0 il solo ingresso nell&#8217;enorme atrio con la cupola vetrata e le scalinate di marmo decorate \u00e8 un&#8217;esperienza straordinaria, che ti trasporter\u00e0 nell&#8217;epoca di massima ricchezza.<\/p>\n\n\n\n<p class=\"wp-block-paragraph\">Oltre alle ampie gallerie d&#8217;arte, questo enorme complesso offre anche un proprio cinema, sale teatrali e diversi piani di esposizioni in continuo cambiamento. <strong>La cosa migliore di tutto il centro \u00e8 che l&#8217;ingresso alla stragrande maggioranza delle mostre e all&#8217;edificio stesso \u00e8 completamente gratuito<\/strong>, il che ne fa un luogo incredibilmente accessibile per tutti gli amanti della cultura. Il programma \u00e8 sempre curato con attenzione e spesso vi troverai affascinanti retrospettive di famosi artisti mondiali e brasiliani.<\/p>\n\n\n\n<p class=\"wp-block-paragraph\">\ud83d\udca1 Consiglio: <strong>dopo aver visitato le mostre, fermati nello storico caff\u00e8 locale al piano terra<\/strong>, che ha conservato l&#8217;originale decorazione bancaria, e prendi un forte espresso brasiliano. L&#8217;edificio si trova nel centro citt\u00e0, che dopo l&#8217;orario lavorativo si svuota rapidamente, quindi vieni qui esclusivamente di giorno ed evita piuttosto le passeggiate serali nei dintorni.<\/p>\n\n\n\n<figure data-wp-context=\"{&quot;imageId&quot;:&quot;6a9c4ed0820e6&quot;}\" data-wp-interactive=\"core\/image\" data-wp-key=\"6a9c4ed0820e6\" class=\"wp-block-image size-full wp-lightbox-container\"><img decoding=\"async\" width=\"490\" height=\"480\" data-wp-class--hide=\"state.isContentHidden\" data-wp-class--show=\"state.isContentVisible\" data-wp-init=\"callbacks.setButtonStyles\" data-wp-on--click=\"actions.showLightbox\" data-wp-on--load=\"callbacks.setButtonStyles\" data-wp-on--pointerdown=\"actions.preloadImage\" data-wp-on--pointerenter=\"actions.preloadImageWithDelay\" data-wp-on--pointerleave=\"actions.cancelPreload\" data-wp-on-window--resize=\"callbacks.setButtonStyles\" src=\"https:\/\/loudavymkrokem.cz\/wp-content\/uploads\/2026\/09\/theatro-municipal-do-rio-de-janeiro.jpg\" alt=\"Theatro Municipal do Rio de Janeiro\" class=\"wp-image-413233\" title=\"\" srcset=\"https:\/\/loudavymkrokem.cz\/wp-content\/uploads\/2026\/09\/theatro-municipal-do-rio-de-janeiro.jpg 490w, https:\/\/loudavymkrokem.cz\/wp-content\/uploads\/2026\/09\/theatro-municipal-do-rio-de-janeiro-300x294.jpg 300w\" sizes=\"(max-width: 490px) 100vw, 490px\" \/><button\n\t\t\tclass=\"lightbox-trigger\"\n\t\t\ttype=\"button\"\n\t\t\taria-haspopup=\"dialog\"\n\t\t\tdata-wp-bind--aria-label=\"state.thisImage.triggerButtonAriaLabel\"\n\t\t\tdata-wp-init=\"callbacks.initTriggerButton\"\n\t\t\tdata-wp-on--click=\"actions.showLightbox\"\n\t\t\tdata-wp-style--right=\"state.thisImage.buttonRight\"\n\t\t\tdata-wp-style--top=\"state.thisImage.buttonTop\"\n\t\t>\n\t\t\t<svg xmlns=\"http:\/\/www.w3.org\/2000\/svg\" width=\"12\" height=\"12\" fill=\"none\" viewBox=\"0 0 12 12\">\n\t\t\t\t<path fill=\"#fff\" d=\"M2 0a2 2 0 0 0-2 2v2h1.5V2a.5.5 0 0 1 .5-.5h2V0H2Zm2 10.5H2a.5.5 0 0 1-.5-.5V8H0v2a2 2 0 0 0 2 2h2v-1.5ZM8 12v-1.5h2a.5.5 0 0 0 .5-.5V8H12v2a2 2 0 0 1-2 2H8Zm2-12a2 2 0 0 1 2 2v2h-1.5V2a.5.5 0 0 0-.5-.5H8V0h2Z\" \/>\n\t\t\t<\/svg>\n\t\t<\/button><figcaption class=\"wp-element-caption\">Foto: Ralph Schmidt \/ Google Maps<\/figcaption><\/figure>\n\n\n\n<h3 class=\"wp-block-heading\"><span class=\"ez-toc-section\" id=\"18_Theatro_Municipal_do_Rio_de_Janeiro\"><\/span>18. Theatro Municipal do Rio de Janeiro<span class=\"ez-toc-section-end\"><\/span><\/h3>\n\n\n\n<p class=\"wp-block-paragraph\">Sulla piazza Cinel\u00e2ndia si erge un edificio che con il suo aspetto rimanda chiaramente all&#8217;enorme influenza europea nella storia della citt\u00e0. <strong>Il <a href=\"http:\/\/theatromunicipal.rj.gov.br\/\" rel=\"nofollow noopener\" target=\"_blank\">Theatro Municipal<\/a> \u00e8 un sontuoso teatro del 1909 costruito in stile parigino<\/strong>, che funge da palcoscenico principale per gli spettacoli di balletto, opera e musica classica di tutto il Brasile. La sua facciata \u00e8 riccamente decorata con oro, massicce colonne e sculture elaborate, il che lo rende una delle costruzioni pi\u00f9 belle di tutto il paese.<\/p>\n\n\n\n<p class=\"wp-block-paragraph\">Anche se non hai in programma di assistere ad alcuno spettacolo serale, l&#8217;interno di questo edificio merita di sicuro la tua attenzione. <strong>Puoi partecipare a una visita guidata organizzata che ti condurr\u00e0 attraverso lo straordinario foyer, la platea e le lussuose sale<\/strong>, decorate con splendide vetrate e affreschi murali. \u00c8 un enorme contrasto con la rilassata cultura da spiaggia, che ti mostrer\u00e0 Rio come una citt\u00e0 orgogliosa dalla profonda tradizione intellettuale.<\/p>\n\n\n\n<p class=\"wp-block-paragraph\">\ud83d\udca1 Consiglio: <strong>davanti al teatro si riuniscono spesso artisti di strada e musicisti<\/strong>, quindi la stessa piazza Cinel\u00e2ndia offre un ottimo spettacolo gratuito. Se comunque volessi vivere uno spettacolo, i biglietti per il balletto si trovano a prezzi molto accessibili, ma richiedono almeno un abbigliamento formale di base: le infradito da spiaggia qui non passano.<\/p>\n\n\n\n<figure data-wp-context=\"{&quot;imageId&quot;:&quot;6a9c4ed0827a3&quot;}\" data-wp-interactive=\"core\/image\" data-wp-key=\"6a9c4ed0827a3\" class=\"wp-block-image size-full wp-lightbox-container\"><img decoding=\"async\" width=\"1600\" height=\"1200\" data-wp-class--hide=\"state.isContentHidden\" data-wp-class--show=\"state.isContentVisible\" data-wp-init=\"callbacks.setButtonStyles\" data-wp-on--click=\"actions.showLightbox\" data-wp-on--load=\"callbacks.setButtonStyles\" data-wp-on--pointerdown=\"actions.preloadImage\" data-wp-on--pointerenter=\"actions.preloadImageWithDelay\" data-wp-on--pointerleave=\"actions.cancelPreload\" data-wp-on-window--resize=\"callbacks.setButtonStyles\" src=\"https:\/\/loudavymkrokem.cz\/wp-content\/uploads\/2026\/09\/catedral-metropolitana-de-s-o-sebasti-o.jpg\" alt=\"Catedral Metropolitana de S\u00e3o Sebasti\u00e3o\" class=\"wp-image-413238\" title=\"\" srcset=\"https:\/\/loudavymkrokem.cz\/wp-content\/uploads\/2026\/09\/catedral-metropolitana-de-s-o-sebasti-o.jpg 1600w, https:\/\/loudavymkrokem.cz\/wp-content\/uploads\/2026\/09\/catedral-metropolitana-de-s-o-sebasti-o-300x225.jpg 300w, https:\/\/loudavymkrokem.cz\/wp-content\/uploads\/2026\/09\/catedral-metropolitana-de-s-o-sebasti-o-700x525.jpg 700w, https:\/\/loudavymkrokem.cz\/wp-content\/uploads\/2026\/09\/catedral-metropolitana-de-s-o-sebasti-o-768x576.jpg 768w, https:\/\/loudavymkrokem.cz\/wp-content\/uploads\/2026\/09\/catedral-metropolitana-de-s-o-sebasti-o-1536x1152.jpg 1536w, https:\/\/loudavymkrokem.cz\/wp-content\/uploads\/2026\/09\/catedral-metropolitana-de-s-o-sebasti-o-80x60.jpg 80w, https:\/\/loudavymkrokem.cz\/wp-content\/uploads\/2026\/09\/catedral-metropolitana-de-s-o-sebasti-o-160x120.jpg 160w, https:\/\/loudavymkrokem.cz\/wp-content\/uploads\/2026\/09\/catedral-metropolitana-de-s-o-sebasti-o-696x522.jpg 696w, https:\/\/loudavymkrokem.cz\/wp-content\/uploads\/2026\/09\/catedral-metropolitana-de-s-o-sebasti-o-1392x1044.jpg 1392w\" sizes=\"(max-width: 1600px) 100vw, 1600px\" \/><button\n\t\t\tclass=\"lightbox-trigger\"\n\t\t\ttype=\"button\"\n\t\t\taria-haspopup=\"dialog\"\n\t\t\tdata-wp-bind--aria-label=\"state.thisImage.triggerButtonAriaLabel\"\n\t\t\tdata-wp-init=\"callbacks.initTriggerButton\"\n\t\t\tdata-wp-on--click=\"actions.showLightbox\"\n\t\t\tdata-wp-style--right=\"state.thisImage.buttonRight\"\n\t\t\tdata-wp-style--top=\"state.thisImage.buttonTop\"\n\t\t>\n\t\t\t<svg xmlns=\"http:\/\/www.w3.org\/2000\/svg\" width=\"12\" height=\"12\" fill=\"none\" viewBox=\"0 0 12 12\">\n\t\t\t\t<path fill=\"#fff\" d=\"M2 0a2 2 0 0 0-2 2v2h1.5V2a.5.5 0 0 1 .5-.5h2V0H2Zm2 10.5H2a.5.5 0 0 1-.5-.5V8H0v2a2 2 0 0 0 2 2h2v-1.5ZM8 12v-1.5h2a.5.5 0 0 0 .5-.5V8H12v2a2 2 0 0 1-2 2H8Zm2-12a2 2 0 0 1 2 2v2h-1.5V2a.5.5 0 0 0-.5-.5H8V0h2Z\" \/>\n\t\t\t<\/svg>\n\t\t<\/button><figcaption class=\"wp-element-caption\">Foto: Roberto Fernandes \/ Google Maps<\/figcaption><\/figure>\n\n\n\n<h3 class=\"wp-block-heading\"><span class=\"ez-toc-section\" id=\"19_Catedral_Metropolitana_de_Sao_Sebastiao\"><\/span>19. Catedral Metropolitana de S\u00e3o Sebasti\u00e3o<span class=\"ez-toc-section-end\"><\/span><\/h3>\n\n\n\n<p class=\"wp-block-paragraph\">Gli amanti dell&#8217;architettura insolita non dovrebbero assolutamente perdersi una costruzione che a prima vista non sembra affatto un tempio cristiano. <strong>La Catedral Metropolitana \u00e8 una moderna cattedrale di cemento a forma di enorme piramide maya<\/strong>, inaugurata solennemente nel 1979 e che rappresenta la chiesa pi\u00f9 insolita che vedrai in America Latina. Il suo esterno grigio appare un po&#8217; austero e massiccio, ma la vera magia si nasconde all&#8217;interno.<\/p>\n\n\n\n<p class=\"wp-block-paragraph\">Non appena varchi la soglia di questo edificio alto settantacinque metri, ti ritrovi in un enorme spazio inondato di sole, senza nemmeno una colonna di sostegno. <strong>Dal pavimento fino al soffitto stesso si estendono quattro gigantesche vetrate colorate, che formano una straordinaria croce di luce<\/strong>, e creano all&#8217;interno un&#8217;atmosfera incredibilmente spirituale e mistica. La cattedrale pu\u00f2 contenere ben ventimila fedeli e la sua acustica durante il canto corale \u00e8 assolutamente fenomenale.<\/p>\n\n\n\n<p class=\"wp-block-paragraph\">\ud83d\udca1 Consiglio: <strong>per fotografare l&#8217;interno mettiti esattamente al centro del pavimento e punta l&#8217;obiettivo perpendicolarmente verso l&#8217;alto<\/strong>, otterrai cos\u00ec uno scatto perfettamente simmetrico della croce colorata sul soffitto. La visita alla cattedrale \u00e8 veloce e la abbini facilmente al vicino acquedotto Arcos da Lapa, che si trova a pochi minuti a piedi da qui.<\/p>\n\n\n\n<figure data-wp-context=\"{&quot;imageId&quot;:&quot;6a9c4ed082d69&quot;}\" data-wp-interactive=\"core\/image\" data-wp-key=\"6a9c4ed082d69\" class=\"wp-block-image size-full wp-lightbox-container\"><img decoding=\"async\" width=\"1600\" height=\"1628\" data-wp-class--hide=\"state.isContentHidden\" data-wp-class--show=\"state.isContentVisible\" data-wp-init=\"callbacks.setButtonStyles\" data-wp-on--click=\"actions.showLightbox\" data-wp-on--load=\"callbacks.setButtonStyles\" data-wp-on--pointerdown=\"actions.preloadImage\" data-wp-on--pointerenter=\"actions.preloadImageWithDelay\" data-wp-on--pointerleave=\"actions.cancelPreload\" data-wp-on-window--resize=\"callbacks.setButtonStyles\" src=\"https:\/\/loudavymkrokem.cz\/wp-content\/uploads\/2026\/09\/museu-da-rep-blica.jpg\" alt=\"Museu da Rep\u00fablica (Pal\u00e1cio do Catete)\" class=\"wp-image-413242\" title=\"\" srcset=\"https:\/\/loudavymkrokem.cz\/wp-content\/uploads\/2026\/09\/museu-da-rep-blica.jpg 1600w, https:\/\/loudavymkrokem.cz\/wp-content\/uploads\/2026\/09\/museu-da-rep-blica-295x300.jpg 295w, https:\/\/loudavymkrokem.cz\/wp-content\/uploads\/2026\/09\/museu-da-rep-blica-700x712.jpg 700w, https:\/\/loudavymkrokem.cz\/wp-content\/uploads\/2026\/09\/museu-da-rep-blica-768x781.jpg 768w, https:\/\/loudavymkrokem.cz\/wp-content\/uploads\/2026\/09\/museu-da-rep-blica-1510x1536.jpg 1510w, https:\/\/loudavymkrokem.cz\/wp-content\/uploads\/2026\/09\/museu-da-rep-blica-696x708.jpg 696w, https:\/\/loudavymkrokem.cz\/wp-content\/uploads\/2026\/09\/museu-da-rep-blica-1392x1416.jpg 1392w\" sizes=\"(max-width: 1600px) 100vw, 1600px\" \/><button\n\t\t\tclass=\"lightbox-trigger\"\n\t\t\ttype=\"button\"\n\t\t\taria-haspopup=\"dialog\"\n\t\t\tdata-wp-bind--aria-label=\"state.thisImage.triggerButtonAriaLabel\"\n\t\t\tdata-wp-init=\"callbacks.initTriggerButton\"\n\t\t\tdata-wp-on--click=\"actions.showLightbox\"\n\t\t\tdata-wp-style--right=\"state.thisImage.buttonRight\"\n\t\t\tdata-wp-style--top=\"state.thisImage.buttonTop\"\n\t\t>\n\t\t\t<svg xmlns=\"http:\/\/www.w3.org\/2000\/svg\" width=\"12\" height=\"12\" fill=\"none\" viewBox=\"0 0 12 12\">\n\t\t\t\t<path fill=\"#fff\" d=\"M2 0a2 2 0 0 0-2 2v2h1.5V2a.5.5 0 0 1 .5-.5h2V0H2Zm2 10.5H2a.5.5 0 0 1-.5-.5V8H0v2a2 2 0 0 0 2 2h2v-1.5ZM8 12v-1.5h2a.5.5 0 0 0 .5-.5V8H12v2a2 2 0 0 1-2 2H8Zm2-12a2 2 0 0 1 2 2v2h-1.5V2a.5.5 0 0 0-.5-.5H8V0h2Z\" \/>\n\t\t\t<\/svg>\n\t\t<\/button><figcaption class=\"wp-element-caption\">Foto: Fabio Alves \/ Google Maps<\/figcaption><\/figure>\n\n\n\n<h3 class=\"wp-block-heading\"><span class=\"ez-toc-section\" id=\"20_Museu_da_Republica_Palacio_do_Catete\"><\/span>20. Museu da Rep\u00fablica (Pal\u00e1cio do Catete)<span class=\"ez-toc-section-end\"><\/span><\/h3>\n\n\n\n<p class=\"wp-block-paragraph\">Per comprendere la complessa storia politica di questo immenso paese \u00e8 assolutamente necessaria la visita all&#8217;ex residenza presidenziale. <strong>Il Museu da Rep\u00fablica ha sede nel sontuoso Pal\u00e1cio do Catete, che ha funzionato come residenza dei presidenti brasiliani<\/strong> fino al 1960, quando la capitale si spost\u00f2 nella nuova Bras\u00edlia. Il palazzo \u00e8 un esempio di lusso incredibile, le sue sale sono decorate con legni pregiati, specchi veneziani ed enormi lampadari di cristallo.<\/p>\n\n\n\n<p class=\"wp-block-paragraph\">L&#8217;esposizione ti guida attraverso tutti i momenti chiave della repubblica brasiliana, dalla sua proclamazione fino ai drammatici eventi del ventesimo secolo. Ci\u00f2 che pi\u00f9 ti colpir\u00e0 \u00e8 la stanza conservata del presidente Get\u00falio Vargas, che qui nel 1954 si suicid\u00f2 \u2014 il museo espone anche la sua lettera d&#8217;addio ed \u00e8 uno di quei luoghi dove la storia diventa all&#8217;improvviso molto concreta davanti ai tuoi occhi. Dietro il palazzo si estendono inoltre ampi giardini francesi pieni di alte palme e laghetti artificiali, che offrono una piacevole ombra per riposare.<\/p>\n\n\n\n<p class=\"wp-block-paragraph\">\ud83d\udca1 Consiglio: <strong>l&#8217;ingresso agli splendidi giardini sul retro \u00e8 completamente gratuito e la gente del posto li usa abbondantemente per passeggiate e relax<\/strong>, quindi anche se non hai voglia di storia al museo, non perderti assolutamente i giardini. Si trovano proprio accanto alla stazione della metro Catete, quindi la raggiungibilit\u00e0 dai quartieri di spiaggia nel sud della citt\u00e0 \u00e8 del tutto agevole e rapida.<\/p>\n\n\n\n<figure data-wp-context=\"{&quot;imageId&quot;:&quot;6a9c4ed08337a&quot;}\" data-wp-interactive=\"core\/image\" data-wp-key=\"6a9c4ed08337a\" class=\"wp-block-image size-full wp-lightbox-container\"><img decoding=\"async\" width=\"1600\" height=\"1200\" data-wp-class--hide=\"state.isContentHidden\" data-wp-class--show=\"state.isContentVisible\" data-wp-init=\"callbacks.setButtonStyles\" data-wp-on--click=\"actions.showLightbox\" data-wp-on--load=\"callbacks.setButtonStyles\" data-wp-on--pointerdown=\"actions.preloadImage\" data-wp-on--pointerenter=\"actions.preloadImageWithDelay\" data-wp-on--pointerleave=\"actions.cancelPreload\" data-wp-on-window--resize=\"callbacks.setButtonStyles\" src=\"https:\/\/loudavymkrokem.cz\/wp-content\/uploads\/2026\/09\/espa-o-cultural-da-marinha.jpg\" alt=\"Espa\u00e7o Cultural da Marinha\" class=\"wp-image-413243\" title=\"\" srcset=\"https:\/\/loudavymkrokem.cz\/wp-content\/uploads\/2026\/09\/espa-o-cultural-da-marinha.jpg 1600w, https:\/\/loudavymkrokem.cz\/wp-content\/uploads\/2026\/09\/espa-o-cultural-da-marinha-300x225.jpg 300w, https:\/\/loudavymkrokem.cz\/wp-content\/uploads\/2026\/09\/espa-o-cultural-da-marinha-700x525.jpg 700w, https:\/\/loudavymkrokem.cz\/wp-content\/uploads\/2026\/09\/espa-o-cultural-da-marinha-768x576.jpg 768w, https:\/\/loudavymkrokem.cz\/wp-content\/uploads\/2026\/09\/espa-o-cultural-da-marinha-1536x1152.jpg 1536w, https:\/\/loudavymkrokem.cz\/wp-content\/uploads\/2026\/09\/espa-o-cultural-da-marinha-80x60.jpg 80w, https:\/\/loudavymkrokem.cz\/wp-content\/uploads\/2026\/09\/espa-o-cultural-da-marinha-160x120.jpg 160w, https:\/\/loudavymkrokem.cz\/wp-content\/uploads\/2026\/09\/espa-o-cultural-da-marinha-696x522.jpg 696w, https:\/\/loudavymkrokem.cz\/wp-content\/uploads\/2026\/09\/espa-o-cultural-da-marinha-1392x1044.jpg 1392w\" sizes=\"(max-width: 1600px) 100vw, 1600px\" \/><button\n\t\t\tclass=\"lightbox-trigger\"\n\t\t\ttype=\"button\"\n\t\t\taria-haspopup=\"dialog\"\n\t\t\tdata-wp-bind--aria-label=\"state.thisImage.triggerButtonAriaLabel\"\n\t\t\tdata-wp-init=\"callbacks.initTriggerButton\"\n\t\t\tdata-wp-on--click=\"actions.showLightbox\"\n\t\t\tdata-wp-style--right=\"state.thisImage.buttonRight\"\n\t\t\tdata-wp-style--top=\"state.thisImage.buttonTop\"\n\t\t>\n\t\t\t<svg xmlns=\"http:\/\/www.w3.org\/2000\/svg\" width=\"12\" height=\"12\" fill=\"none\" viewBox=\"0 0 12 12\">\n\t\t\t\t<path fill=\"#fff\" d=\"M2 0a2 2 0 0 0-2 2v2h1.5V2a.5.5 0 0 1 .5-.5h2V0H2Zm2 10.5H2a.5.5 0 0 1-.5-.5V8H0v2a2 2 0 0 0 2 2h2v-1.5ZM8 12v-1.5h2a.5.5 0 0 0 .5-.5V8H12v2a2 2 0 0 1-2 2H8Zm2-12a2 2 0 0 1 2 2v2h-1.5V2a.5.5 0 0 0-.5-.5H8V0h2Z\" \/>\n\t\t\t<\/svg>\n\t\t<\/button><figcaption class=\"wp-element-caption\">Foto: Heber iba\u00f1ez \/ Google Maps<\/figcaption><\/figure>\n\n\n\n<h3 class=\"wp-block-heading\"><span class=\"ez-toc-section\" id=\"21_Espaco_Cultural_da_Marinha\"><\/span>21. Espa\u00e7o Cultural da Marinha<span class=\"ez-toc-section-end\"><\/span><\/h3>\n\n\n\n<p class=\"wp-block-paragraph\">Se ti muovi nel centro storico vicino al porto, ti imbatterai in un museo affascinante che apprezzeranno non solo gli appassionati di storia militare. <strong>Espa\u00e7o Cultural da Marinha \u00e8 un vasto museo navale che ti permette di dare uno sguardo alla ricca tradizione marittima del Brasile<\/strong>, un paese con una delle coste pi\u00f9 lunghe al mondo. L&#8217;esposizione all&#8217;aperto \u00e8 piena di cannoni storici, vecchi siluri ed enormi ancore disseminate lungo il molo inondato di sole.<\/p>\n\n\n\n<p class=\"wp-block-paragraph\">La pi\u00f9 grande attrazione di tutta l&#8217;area sono per\u00f2 le vere imbarcazioni, che puoi esplorare per bene dalla stiva fino al ponte di comando. <strong>L&#8217;esperienza migliore la offre la visita del sommergibile militare dismesso Riachuelo e della fedele replica di una vecchia nave di esploratori<\/strong>, che mostra in quali condizioni anguste i primi europei giunsero alle coste del Sud America. Da qui salpano anche le imbarcazioni per le crociere nella baia di Guanabara, che offrono una bella vista della citt\u00e0 dal mare.<\/p>\n\n\n\n<p class=\"wp-block-paragraph\">\ud83d\udca1 Consiglio: <strong>la crociera nella baia da questo porto \u00e8 nettamente pi\u00f9 economica e pi\u00f9 autentica delle sovrapprezzate barche turistiche che partono dal sud della citt\u00e0.<\/strong> Non dimenticare per\u00f2 di prendere una forte crema solare e un cappello, perch\u00e9 sul ponte delle vecchie navi e dei sommergibili non hai proprio nulla che ti protegga dal sole cocente brasiliano e i ponti di metallo diventano spesso roventi.<\/p>\n\n\n\n<figure data-wp-context=\"{&quot;imageId&quot;:&quot;6a9c4ed083904&quot;}\" data-wp-interactive=\"core\/image\" data-wp-key=\"6a9c4ed083904\" class=\"wp-block-image size-full wp-lightbox-container\"><img decoding=\"async\" width=\"1200\" height=\"800\" data-wp-class--hide=\"state.isContentHidden\" data-wp-class--show=\"state.isContentVisible\" data-wp-init=\"callbacks.setButtonStyles\" data-wp-on--click=\"actions.showLightbox\" data-wp-on--load=\"callbacks.setButtonStyles\" data-wp-on--pointerdown=\"actions.preloadImage\" data-wp-on--pointerenter=\"actions.preloadImageWithDelay\" data-wp-on--pointerleave=\"actions.cancelPreload\" data-wp-on-window--resize=\"callbacks.setButtonStyles\" src=\"https:\/\/loudavymkrokem.cz\/wp-content\/uploads\/2026\/09\/praia-vermelha-pod-cukrovou-homol.jpg\" alt=\"Spiaggia Praia Vermelha sotto il Pan di Zucchero\" class=\"wp-image-413245\" title=\"\" srcset=\"https:\/\/loudavymkrokem.cz\/wp-content\/uploads\/2026\/09\/praia-vermelha-pod-cukrovou-homol.jpg 1200w, https:\/\/loudavymkrokem.cz\/wp-content\/uploads\/2026\/09\/praia-vermelha-pod-cukrovou-homol-300x200.jpg 300w, https:\/\/loudavymkrokem.cz\/wp-content\/uploads\/2026\/09\/praia-vermelha-pod-cukrovou-homol-700x467.jpg 700w, https:\/\/loudavymkrokem.cz\/wp-content\/uploads\/2026\/09\/praia-vermelha-pod-cukrovou-homol-768x512.jpg 768w, https:\/\/loudavymkrokem.cz\/wp-content\/uploads\/2026\/09\/praia-vermelha-pod-cukrovou-homol-696x464.jpg 696w\" sizes=\"(max-width: 1200px) 100vw, 1200px\" \/><button\n\t\t\tclass=\"lightbox-trigger\"\n\t\t\ttype=\"button\"\n\t\t\taria-haspopup=\"dialog\"\n\t\t\tdata-wp-bind--aria-label=\"state.thisImage.triggerButtonAriaLabel\"\n\t\t\tdata-wp-init=\"callbacks.initTriggerButton\"\n\t\t\tdata-wp-on--click=\"actions.showLightbox\"\n\t\t\tdata-wp-style--right=\"state.thisImage.buttonRight\"\n\t\t\tdata-wp-style--top=\"state.thisImage.buttonTop\"\n\t\t>\n\t\t\t<svg xmlns=\"http:\/\/www.w3.org\/2000\/svg\" width=\"12\" height=\"12\" fill=\"none\" viewBox=\"0 0 12 12\">\n\t\t\t\t<path fill=\"#fff\" d=\"M2 0a2 2 0 0 0-2 2v2h1.5V2a.5.5 0 0 1 .5-.5h2V0H2Zm2 10.5H2a.5.5 0 0 1-.5-.5V8H0v2a2 2 0 0 0 2 2h2v-1.5ZM8 12v-1.5h2a.5.5 0 0 0 .5-.5V8H12v2a2 2 0 0 1-2 2H8Zm2-12a2 2 0 0 1 2 2v2h-1.5V2a.5.5 0 0 0-.5-.5H8V0h2Z\" \/>\n\t\t\t<\/svg>\n\t\t<\/button><figcaption class=\"wp-element-caption\">Foto: Carlos Alberto do Amaral \/ Google Maps<\/figcaption><\/figure>\n\n\n\n<h3 class=\"wp-block-heading\"><span class=\"ez-toc-section\" id=\"22_Spiaggia_Praia_Vermelha_sotto_il_Pan_di_Zucchero\"><\/span>22. Spiaggia Praia Vermelha sotto il Pan di Zucchero<span class=\"ez-toc-section-end\"><\/span><\/h3>\n\n\n\n<p class=\"wp-block-paragraph\">Per concludere la nostra lista abbiamo tenuto una spiaggia piccola, ma tanto pi\u00f9 bella, che offre un&#8217;esperienza completamente diversa dalle infinite distese di sabbia di Copacabana. <strong>Praia Vermelha, ovvero la Spiaggia Rossa, si trova nascosta in una tranquilla insenatura proprio ai piedi del maestoso Pan di Zucchero<\/strong>, che si erge sopra di essa come un enorme muro di pietra. Il suo nome deriva dalla sabbia pi\u00f9 grossa e rosata, che al tramonto assume una splendida tonalit\u00e0 calda.<\/p>\n\n\n\n<p class=\"wp-block-paragraph\">L&#8217;insenatura \u00e8 protetta dalle forti correnti oceaniche, quindi l&#8217;acqua qui \u00e8 incredibilmente calma e sicura, il che ne fa un luogo ideale per le famiglie e per un nuoto rilassato. <strong>Grazie all&#8217;assenza di grandi onde \u00e8 anche una localit\u00e0 perfetta per noleggiare un paddleboard o un kayak da mare<\/strong>, dal quale puoi ammirare le ripide scogliere circostanti da una prospettiva del tutto nuova. La spiaggia \u00e8 molto piccola e accogliente, circondata da alberi verdi, e offre un&#8217;atmosfera molto pi\u00f9 intima delle grandi spiagge vicine.<\/p>\n\n\n\n<p class=\"wp-block-paragraph\">\ud83d\udca1 Consiglio: <strong>dal margine sinistro della spiaggia parte lo splendido sentiero asfaltato Pista Cl\u00e1udio Coutinho, che si snoda nella foresta a ridosso delle scogliere sopra il mare.<\/strong> \u00c8 un posto meraviglioso per una passeggiata facile, dove con alta probabilit\u00e0 incontrerai sfacciate scimmiette uistit\u00ec, ricorda solo che nutrire gli animali selvatici in tutto il parco \u00e8 severamente vietato, per quanto carini possano sembrare. La gita a questa spiaggia si abbina idealmente alla visita del Pan di Zucchero stesso \u2014 la stazione inferiore della funivia si trova subito dall&#8217;altra parte della strada.<\/p>\n\n\n\n<h2 class=\"wp-block-heading\"><span class=\"ez-toc-section\" id=\"Dove_andare_dopo_Rio_de_Janeiro\"><\/span>Dove andare dopo Rio de Janeiro<span class=\"ez-toc-section-end\"><\/span><\/h2>\n\n\n\n<p class=\"wp-block-paragraph\">Il Brasile \u00e8 un paese immenso e Rio de Janeiro rappresenta spesso solo la prima tappa del tuo viaggio sudamericano. Se vuoi <strong>approfondire la pianificazione del tuo alloggio<\/strong>, abbiamo scritto per te una guida pi\u00f9 dettagliata <a href=\"https:\/\/loudavymkrokem.cz\/it\/dove-alloggiare-rio-de-janeiro\/\">Dove alloggiare a Rio de Janeiro<\/a>. Vi scoprirai le differenze dettagliate tra i singoli quartieri del sud della citt\u00e0 e sceglierai cos\u00ec pi\u00f9 facilmente la posizione migliore.<\/p>\n\n\n\n<p class=\"wp-block-paragraph\">La maggior parte dei viaggiatori si sposta poi verso la pi\u00f9 grande metropoli di tutto l&#8217;emisfero sud, che offre <strong>un&#8217;esperienza completamente diversa, molto urbana<\/strong>. Per uno spostamento senza intoppi ti consiglio di dare un&#8217;occhiata all&#8217;articolo <a href=\"https:\/\/loudavymkrokem.cz\/it\/?p=412732\">Cosa vedere a San Paolo<\/a>, dove trovi consigli sui migliori musei, parchi e belvedere sui grattacieli. Consigli pratici per scegliere una zona sicura in questa gigantesca citt\u00e0 degli affari li offre poi la nostra guida <a href=\"https:\/\/loudavymkrokem.cz\/it\/?p=412738\">Dove alloggiare a San Paolo<\/a>.<\/p>\n\n\n\n<h2 class=\"wp-block-heading\"><span class=\"ez-toc-section\" id=\"Domande_frequenti\"><\/span>Domande frequenti<span class=\"ez-toc-section-end\"><\/span><\/h2>\n\n\n<div id=\"rank-math-faq\" class=\"rank-math-block\">\n<div class=\"rank-math-list \">\n<div id=\"faq-question-1788283109000\" class=\"rank-math-list-item\">\n<h3 class=\"rank-math-question \"><span class=\"ez-toc-section\" id=\"Rio_de_Janeiro_e_sicura_per_i_turisti\"><\/span>Rio de Janeiro \u00e8 sicura per i turisti?<span class=\"ez-toc-section-end\"><\/span><\/h3>\n<div class=\"rank-math-answer \">\n\n<p>Se rimarrete nella <strong>zona turistica sicura intorno ai quartieri di Ipanema e Leblon<\/strong>, molto probabilmente non avrete alcun problema. Durante il giorno \u00e8 sicuro anche a Copacabana, ma dopo il tramonto evitate di passeggiare sulla spiaggia e nelle strade vuote del centro. <strong>Utilizzate sempre Uber<\/strong> e non ostentate gioielli costosi o telefoni.<\/p>\n\n<\/div>\n<\/div>\n<div id=\"faq-question-1788283109001\" class=\"rank-math-list-item\">\n<h3 class=\"rank-math-question \"><span class=\"ez-toc-section\" id=\"Quanti_giorni_servono_per_visitare_Rio\"><\/span>Quanti giorni servono per visitare Rio?<span class=\"ez-toc-section-end\"><\/span><\/h3>\n<div class=\"rank-math-answer \">\n\n<p>Il tempo ideale per conoscere la citt\u00e0 sono <strong>quattro o cinque giorni pieni<\/strong>, che vi daranno spazio sufficiente per i monumenti e il relax in spiaggia. Tuttavia, lasciatevi sempre <strong>almeno due giorni di riserva come margine temporale<\/strong>, in modo da poter adattare in modo flessibile la visita ai punti panoramici in alta quota in base alla nuvolosit\u00e0 e al tempo.<\/p>\n\n<\/div>\n<\/div>\n<div id=\"faq-question-1788283109002\" class=\"rank-math-list-item\">\n<h3 class=\"rank-math-question \"><span class=\"ez-toc-section\" id=\"Qual_e_il_modo_migliore_per_raggiungere_la_statua_del_Cristo_Redentore\"><\/span>Qual \u00e8 il modo migliore per raggiungere la statua del Cristo Redentore?<span class=\"ez-toc-section-end\"><\/span><\/h3>\n<div class=\"rank-math-answer \">\n\n<p>Esistono tre modi, e <strong>il pi\u00f9 costoso e popolare \u00e8 la storica ferrovia a cremagliera del Corcovado<\/strong>, che vi porta su attraverso la foresta pluviale. Un&#8217;opzione leggermente pi\u00f9 economica \u00e8 il minibus ufficiale dal centro visitatori di Paineiras. Se cercate il modo pi\u00f9 economico e avventuroso, <strong>potete andare a piedi su un ripido sentiero<\/strong> dal Parque Lage, che richiede circa due ore di salita impegnativa.<\/p>\n\n<\/div>\n<\/div>\n<div id=\"faq-question-1788283109003\" class=\"rank-math-list-item\">\n<h3 class=\"rank-math-question \"><span class=\"ez-toc-section\" id=\"Qual_e_il_periodo_migliore_per_viaggiare_in_Brasile\"><\/span>Qual \u00e8 il periodo migliore per viaggiare in Brasile?<span class=\"ez-toc-section-end\"><\/span><\/h3>\n<div class=\"rank-math-answer \">\n\n<p>In termini di clima favorevole e prezzi ragionevoli, \u00e8 meglio <strong>partire da aprile a giugno o da agosto a ottobre<\/strong>. Eviterete cos\u00ec il caldo estivo estremo e le piogge torrenziali regolari. Durante il carnevale e Capodanno la citt\u00e0 vive un&#8217;atmosfera fantastica, ma <strong>i prezzi degli alloggi sono diverse volte pi\u00f9 alti<\/strong> e incontrerete folle enormi ovunque.<\/p>\n\n<\/div>\n<\/div>\n<div id=\"faq-question-1788283109004\" class=\"rank-math-list-item\">\n<h3 class=\"rank-math-question \"><span class=\"ez-toc-section\" id=\"Posso_fare_il_bagno_sulle_spiagge_di_Rio_dopo_il_tramonto\"><\/span>Posso fare il bagno sulle spiagge di Rio dopo il tramonto?<span class=\"ez-toc-section-end\"><\/span><\/h3>\n<div class=\"rank-math-answer \">\n\n<p><strong>Assolutamente no, non si va mai in spiaggia di notte.<\/strong> Non appena tramonta il sole, le lunghe distese di sabbia diventano pericolose per i turisti e attirano elementi loschi. Gli abitanti della citt\u00e0 si riuniscono la sera in bar e ristoranti ben illuminati nelle strade trafficate, quindi <strong>evitate completamente le spiagge deserte dopo il tramonto<\/strong>.<\/p>\n\n<\/div>\n<\/div>\n<div id=\"faq-question-1788283109005\" class=\"rank-math-list-item\">\n<h3 class=\"rank-math-question \"><span class=\"ez-toc-section\" id=\"Come_muoversi_in_citta_e_i_trasporti_pubblici_sono_sicuri\"><\/span>Come muoversi in citt\u00e0 e i trasporti pubblici sono sicuri?<span class=\"ez-toc-section-end\"><\/span><\/h3>\n<div class=\"rank-math-answer \">\n\n<p>Durante il giorno <strong>la rete della metropolitana funziona benissimo ed \u00e8 sicura<\/strong>, collegando i quartieri balneari meridionali con il centro storico della citt\u00e0. Gli autobus normali sono piuttosto confusi e non sono particolarmente consigliati per i turisti. Non appena inizia a far buio, <strong>passate senza compromessi all&#8217;app Uber<\/strong>, che in Brasile \u00e8 molto economica, affidabile e vi garantisce un ritorno tranquillo in hotel.<\/p>\n\n<\/div>\n<\/div>\n<div id=\"faq-question-1788283109006\" class=\"rank-math-list-item\">\n<h3 class=\"rank-math-question \"><span class=\"ez-toc-section\" id=\"Cosa_mangiare_a_Rio_se_non_mangio_carne\"><\/span>Cosa mangiare a Rio se non mangio carne?<span class=\"ez-toc-section-end\"><\/span><\/h3>\n<div class=\"rank-math-answer \">\n\n<p>Sebbene la cucina brasiliana sia fortemente basata sulla carne, troverete molte delizie vegetariane. <strong>Il vero successo \u00e8 l&#8217;a\u00e7a\u00ed ghiacciato con granola<\/strong>, che rinfresca magnificamente in spiaggia. Nei chioschi di strada cercate i panini al formaggio p\u00e3o de queijo o la tapioca ripiena di formaggio e pomodori. Per una cena completa <strong>andate negli eccellenti ristoranti italiani a Ipanema<\/strong>.<\/p>\n\n<\/div>\n<\/div>\n<div id=\"faq-question-1788283109007\" class=\"rank-math-list-item\">\n<h3 class=\"rank-math-question \"><span class=\"ez-toc-section\" id=\"Conviene_acquistare_i_biglietti_per_i_monumenti_con_largo_anticipo\"><\/span>Conviene acquistare i biglietti per i monumenti con largo anticipo?<span class=\"ez-toc-section-end\"><\/span><\/h3>\n<div class=\"rank-math-answer \">\n\n<p>Per i musei moderni al chiuso, come il Museo del Domani, l&#8217;acquisto di biglietti online in anticipo conviene sicuramente. <strong>Per i punti panoramici all&#8217;aperto come il Pan di Zucchero e il Cristo Redentore, tuttavia, fate attenzione.<\/strong> Il tempo sulla costa cambia di ora in ora e acquistando per un giorno fisso <strong>rischiate di non vedere assolutamente nulla a causa della nebbia fitta<\/strong>.<\/p>\n\n<\/div>\n<\/div>\n<\/div>\n<\/div>","protected":false},"excerpt":{"rendered":"<p>Scopri i luoghi pi\u00f9 belli di Rio de Janeiro, dalle spiagge famose ai belvedere nascosti nella foresta, e come goderti la citt\u00e0 in totale sicurezza.<\/p>\n","protected":false},"author":3,"featured_media":413187,"comment_status":"open","ping_status":"open","sticky":false,"template":"","format":"standard","meta":{"_acf_changed":false,"footnotes":"","rank_math_title":"Rio de Janeiro: 22 cose da vedere e fare nel 2026","rank_math_description":"Rio de Janeiro: 22 cose da vedere e fare, dalle spiagge iconiche ai belvedere nascosti, pi\u00f9 consigli su sicurezza e alloggio. Scopri tutto e parti sereno!","rank_math_focus_keyword":"rio de janeiro","rank_math_seo_score":""},"categories":[722],"tags":[],"class_list":["post-417371","post","type-post","status-publish","format-standard","has-post-thumbnail","category-viaggi"],"acf":[],"featured_image_src":"https:\/\/loudavymkrokem.cz\/wp-content\/uploads\/2026\/09\/pedra-do-arpoador.jpg","author_info":{"display_name":"Lucie Kone\u010dn\u00e1","author_link":"https:\/\/loudavymkrokem.cz\/it\/author\/lucie-konecna\/"},"_links":{"self":[{"href":"https:\/\/loudavymkrokem.cz\/it\/wp-json\/wp\/v2\/posts\/417371","targetHints":{"allow":["GET"]}}],"collection":[{"href":"https:\/\/loudavymkrokem.cz\/it\/wp-json\/wp\/v2\/posts"}],"about":[{"href":"https:\/\/loudavymkrokem.cz\/it\/wp-json\/wp\/v2\/types\/post"}],"author":[{"embeddable":true,"href":"https:\/\/loudavymkrokem.cz\/it\/wp-json\/wp\/v2\/users\/3"}],"replies":[{"embeddable":true,"href":"https:\/\/loudavymkrokem.cz\/it\/wp-json\/wp\/v2\/comments?post=417371"}],"version-history":[{"count":2,"href":"https:\/\/loudavymkrokem.cz\/it\/wp-json\/wp\/v2\/posts\/417371\/revisions"}],"predecessor-version":[{"id":417373,"href":"https:\/\/loudavymkrokem.cz\/it\/wp-json\/wp\/v2\/posts\/417371\/revisions\/417373"}],"wp:featuredmedia":[{"embeddable":true,"href":"https:\/\/loudavymkrokem.cz\/it\/wp-json\/wp\/v2\/media\/413187"}],"wp:attachment":[{"href":"https:\/\/loudavymkrokem.cz\/it\/wp-json\/wp\/v2\/media?parent=417371"}],"wp:term":[{"taxonomy":"category","embeddable":true,"href":"https:\/\/loudavymkrokem.cz\/it\/wp-json\/wp\/v2\/categories?post=417371"},{"taxonomy":"post_tag","embeddable":true,"href":"https:\/\/loudavymkrokem.cz\/it\/wp-json\/wp\/v2\/tags?post=417371"}],"curies":[{"name":"wp","href":"https:\/\/api.w.org\/{rel}","templated":true}]}}