{"id":417348,"date":"2026-09-04T10:46:03","date_gmt":"2026-09-04T08:46:03","guid":{"rendered":"https:\/\/loudavymkrokem.cz\/cartagena-colombia-cosa-vedere\/"},"modified":"2026-09-05T15:09:11","modified_gmt":"2026-09-05T13:09:11","slug":"cartagena-colombia-cosa-vedere","status":"publish","type":"post","link":"https:\/\/loudavymkrokem.cz\/it\/cartagena-colombia-cosa-vedere\/","title":{"rendered":"Cartagena, Colombia: 22 cose da vedere e fare nel 2026"},"content":{"rendered":"\n<p class=\"wp-block-paragraph\">Cartagena, in <strong>Colombia<\/strong>, \u00e8 una citt\u00e0 di estremi assoluti e forse <strong>il luogo pi\u00f9 bello e allo stesso tempo pi\u00f9 fastidioso<\/strong> che visiterai in Sud America. Da un lato ti aspettano viuzze coloniali mozzafiato, balconi che si piegano sotto una cascata di buganvillee colorate e un&#8217;atmosfera caraibica che ti conquista all&#8217;istante. Preparati per\u00f2 al fatto che <strong>niente di questo romanticismo lo otterrai gratis<\/strong> e senza interruzioni continue.<\/p>\n\n\n\n<p class=\"wp-block-paragraph\">Appena arrivi scoprirai che <strong>la citt\u00e0 \u00e8 piena di venditori ambulanti<\/strong>, che ti proporranno di tutto: cappelli, braccialetti &#8220;in regalo&#8221; e massaggi che di sicuro non sono gratuiti. Chi lo sa in anticipo e impara a dire un &#8220;no&#8221; deciso con il sorriso, porter\u00e0 a casa da Cartagena i ricordi pi\u00f9 belli. Ma se ti coglie di sorpresa, <strong>la continua contrattazione con i tassisti senza tassametro pu\u00f2 stancarti parecchio<\/strong>, per questo conviene prepararsi psicologicamente a questa realt\u00e0.<\/p>\n\n\n\n<p class=\"wp-block-paragraph\">Qui abbiamo raccolto per te ben <strong>22 consigli<\/strong> \u2014 dalle antiche mura agli angoli segreti, fino alle gite verso le isole caraibiche. E s\u00ec, abbiamo aggiunto anche perch\u00e9 fare molta <strong>attenzione alle app di incontri<\/strong>. \ud83d\ude05<\/p>\n\n\n\n<figure data-wp-context=\"{&quot;imageId&quot;:&quot;6a9c2823ad5cf&quot;}\" data-wp-interactive=\"core\/image\" data-wp-key=\"6a9c2823ad5cf\" class=\"wp-block-image size-full wp-lightbox-container\"><img decoding=\"async\" width=\"1920\" height=\"1272\" data-wp-class--hide=\"state.isContentHidden\" data-wp-class--show=\"state.isContentVisible\" data-wp-init=\"callbacks.setButtonStyles\" data-wp-on--click=\"actions.showLightbox\" data-wp-on--load=\"callbacks.setButtonStyles\" data-wp-on--pointerdown=\"actions.preloadImage\" data-wp-on--pointerenter=\"actions.preloadImageWithDelay\" data-wp-on--pointerleave=\"actions.cancelPreload\" data-wp-on-window--resize=\"callbacks.setButtonStyles\" src=\"https:\/\/loudavymkrokem.cz\/wp-content\/uploads\/2026\/09\/street-art-v-getsemani-v-cartagene-e2ad9fff.jpg\" alt=\"Street art a Getseman\u00ed a Cartagena\" class=\"wp-image-415748\" title=\"\" srcset=\"https:\/\/loudavymkrokem.cz\/wp-content\/uploads\/2026\/09\/street-art-v-getsemani-v-cartagene-e2ad9fff.jpg 1920w, https:\/\/loudavymkrokem.cz\/wp-content\/uploads\/2026\/09\/street-art-v-getsemani-v-cartagene-e2ad9fff-300x199.jpg 300w, https:\/\/loudavymkrokem.cz\/wp-content\/uploads\/2026\/09\/street-art-v-getsemani-v-cartagene-e2ad9fff-700x464.jpg 700w, https:\/\/loudavymkrokem.cz\/wp-content\/uploads\/2026\/09\/street-art-v-getsemani-v-cartagene-e2ad9fff-768x509.jpg 768w, https:\/\/loudavymkrokem.cz\/wp-content\/uploads\/2026\/09\/street-art-v-getsemani-v-cartagene-e2ad9fff-1536x1018.jpg 1536w, https:\/\/loudavymkrokem.cz\/wp-content\/uploads\/2026\/09\/street-art-v-getsemani-v-cartagene-e2ad9fff-696x461.jpg 696w, https:\/\/loudavymkrokem.cz\/wp-content\/uploads\/2026\/09\/street-art-v-getsemani-v-cartagene-e2ad9fff-1392x922.jpg 1392w\" sizes=\"(max-width: 1920px) 100vw, 1920px\" \/><button\n\t\t\tclass=\"lightbox-trigger\"\n\t\t\ttype=\"button\"\n\t\t\taria-haspopup=\"dialog\"\n\t\t\tdata-wp-bind--aria-label=\"state.thisImage.triggerButtonAriaLabel\"\n\t\t\tdata-wp-init=\"callbacks.initTriggerButton\"\n\t\t\tdata-wp-on--click=\"actions.showLightbox\"\n\t\t\tdata-wp-style--right=\"state.thisImage.buttonRight\"\n\t\t\tdata-wp-style--top=\"state.thisImage.buttonTop\"\n\t\t>\n\t\t\t<svg xmlns=\"http:\/\/www.w3.org\/2000\/svg\" width=\"12\" height=\"12\" fill=\"none\" viewBox=\"0 0 12 12\">\n\t\t\t\t<path fill=\"#fff\" d=\"M2 0a2 2 0 0 0-2 2v2h1.5V2a.5.5 0 0 1 .5-.5h2V0H2Zm2 10.5H2a.5.5 0 0 1-.5-.5V8H0v2a2 2 0 0 0 2 2h2v-1.5ZM8 12v-1.5h2a.5.5 0 0 0 .5-.5V8H12v2a2 2 0 0 1-2 2H8Zm2-12a2 2 0 0 1 2 2v2h-1.5V2a.5.5 0 0 0-.5-.5H8V0h2Z\" \/>\n\t\t\t<\/svg>\n\t\t<\/button><figcaption class=\"wp-element-caption\">Foto: Joe Ross from Lansing, Michigan \/ Wikimedia Commons, CC BY-SA 2.0<\/figcaption><\/figure>\n\n\n\n<div id=\"ez-toc-container\" class=\"ez-toc-v2_0_87 ez-toc-wrap-left counter-hierarchy ez-toc-counter ez-toc-grey ez-toc-container-direction\">\n<div class=\"ez-toc-title-container\">\n<p class=\"ez-toc-title\" style=\"cursor:inherit\">Contenuto dell&#039;articolo<\/p>\n<span class=\"ez-toc-title-toggle\"><a href=\"#\" class=\"ez-toc-pull-right ez-toc-btn ez-toc-btn-xs ez-toc-btn-default ez-toc-toggle\" aria-label=\"Toggle Table of Content\"><span class=\"ez-toc-js-icon-con\"><span class=\"\"><span class=\"eztoc-hide\" style=\"display:none;\">Toggle<\/span><span class=\"ez-toc-icon-toggle-span\"><svg style=\"fill: #999;color:#999\" xmlns=\"http:\/\/www.w3.org\/2000\/svg\" class=\"list-377408\" width=\"20px\" height=\"20px\" viewBox=\"0 0 24 24\" fill=\"none\"><path d=\"M6 6H4v2h2V6zm14 0H8v2h12V6zM4 11h2v2H4v-2zm16 0H8v2h12v-2zM4 16h2v2H4v-2zm16 0H8v2h12v-2z\" fill=\"currentColor\"><\/path><\/svg><svg style=\"fill: #999;color:#999\" class=\"arrow-unsorted-368013\" xmlns=\"http:\/\/www.w3.org\/2000\/svg\" width=\"10px\" height=\"10px\" viewBox=\"0 0 24 24\" version=\"1.2\" baseProfile=\"tiny\"><path d=\"M18.2 9.3l-6.2-6.3-6.2 6.3c-.2.2-.3.4-.3.7s.1.5.3.7c.2.2.4.3.7.3h11c.3 0 .5-.1.7-.3.2-.2.3-.5.3-.7s-.1-.5-.3-.7zM5.8 14.7l6.2 6.3 6.2-6.3c.2-.2.3-.5.3-.7s-.1-.5-.3-.7c-.2-.2-.4-.3-.7-.3h-11c-.3 0-.5.1-.7.3-.2.2-.3.5-.3.7s.1.5.3.7z\"\/><\/svg><\/span><\/span><\/span><\/a><\/span><\/div>\n<nav><ul class='ez-toc-list ez-toc-list-level-1 ' ><ul class='ez-toc-list-level-3' ><li class='ez-toc-heading-level-3'><a class=\"ez-toc-link ez-toc-heading-1\" href=\"https:\/\/loudavymkrokem.cz\/it\/cartagena-colombia-cosa-vedere\/#Riassunto\" >Riassunto<\/a><\/li><\/ul><\/li><li class='ez-toc-page-1 ez-toc-heading-level-2'><a class=\"ez-toc-link ez-toc-heading-2\" href=\"https:\/\/loudavymkrokem.cz\/it\/cartagena-colombia-cosa-vedere\/#Quando_andare_a_Cartagena\" >Quando andare a Cartagena<\/a><\/li><li class='ez-toc-page-1 ez-toc-heading-level-2'><a class=\"ez-toc-link ez-toc-heading-3\" href=\"https:\/\/loudavymkrokem.cz\/it\/cartagena-colombia-cosa-vedere\/#Dove_alloggiare_a_Cartagena\" >Dove alloggiare a Cartagena<\/a><\/li><li class='ez-toc-page-1 ez-toc-heading-level-2'><a class=\"ez-toc-link ez-toc-heading-4\" href=\"https:\/\/loudavymkrokem.cz\/it\/cartagena-colombia-cosa-vedere\/#22_cose_da_vedere_e_fare_a_Cartagena_in_Colombia\" >22 cose da vedere e fare a Cartagena, in Colombia<\/a><ul class='ez-toc-list-level-3' ><li class='ez-toc-heading-level-3'><a class=\"ez-toc-link ez-toc-heading-5\" href=\"https:\/\/loudavymkrokem.cz\/it\/cartagena-colombia-cosa-vedere\/#1_Centro_Historico_e_le_sue_iconiche_mura\" >1. Centro Hist\u00f3rico e le sue iconiche mura<\/a><\/li><li class='ez-toc-page-1 ez-toc-heading-level-3'><a class=\"ez-toc-link ez-toc-heading-6\" href=\"https:\/\/loudavymkrokem.cz\/it\/cartagena-colombia-cosa-vedere\/#2_Castillo_de_San_Felipe_de_Barajas\" >2. Castillo de San Felipe de Barajas<\/a><\/li><li class='ez-toc-page-1 ez-toc-heading-level-3'><a class=\"ez-toc-link ez-toc-heading-7\" href=\"https:\/\/loudavymkrokem.cz\/it\/cartagena-colombia-cosa-vedere\/#3_Piazza_Plaza_de_Bolivar\" >3. Piazza Plaza de Bol\u00edvar<\/a><\/li><li class='ez-toc-page-1 ez-toc-heading-level-3'><a class=\"ez-toc-link ez-toc-heading-8\" href=\"https:\/\/loudavymkrokem.cz\/it\/cartagena-colombia-cosa-vedere\/#4_Museo_del_Oro_Zenu\" >4. Museo del Oro Zen\u00fa<\/a><\/li><li class='ez-toc-page-1 ez-toc-heading-level-3'><a class=\"ez-toc-link ez-toc-heading-9\" href=\"https:\/\/loudavymkrokem.cz\/it\/cartagena-colombia-cosa-vedere\/#5_Palacio_de_la_Inquisicion_Palazzo_dellInquisizione\" >5. Palacio de la Inquisici\u00f3n (Palazzo dell&#8217;Inquisizione)<\/a><\/li><li class='ez-toc-page-1 ez-toc-heading-level-3'><a class=\"ez-toc-link ez-toc-heading-10\" href=\"https:\/\/loudavymkrokem.cz\/it\/cartagena-colombia-cosa-vedere\/#6_Museo_Naval_del_Caribe\" >6. Museo Naval del Caribe<\/a><\/li><li class='ez-toc-page-1 ez-toc-heading-level-3'><a class=\"ez-toc-link ez-toc-heading-11\" href=\"https:\/\/loudavymkrokem.cz\/it\/cartagena-colombia-cosa-vedere\/#7_Plaza_de_los_Coches_e_Torre_del_Reloj\" >7. Plaza de los Coches e Torre del Reloj<\/a><\/li><li class='ez-toc-page-1 ez-toc-heading-level-3'><a class=\"ez-toc-link ez-toc-heading-12\" href=\"https:\/\/loudavymkrokem.cz\/it\/cartagena-colombia-cosa-vedere\/#8_Camellon_de_los_Martires\" >8. Camell\u00f3n de los M\u00e1rtires<\/a><\/li><li class='ez-toc-page-1 ez-toc-heading-level-3'><a class=\"ez-toc-link ez-toc-heading-13\" href=\"https:\/\/loudavymkrokem.cz\/it\/cartagena-colombia-cosa-vedere\/#9_Getsemani_e_la_street_art\" >9. Getseman\u00ed e la street art<\/a><\/li><li class='ez-toc-page-1 ez-toc-heading-level-3'><a class=\"ez-toc-link ez-toc-heading-14\" href=\"https:\/\/loudavymkrokem.cz\/it\/cartagena-colombia-cosa-vedere\/#10_Plaza_de_la_Trinidad_di_sera\" >10. Plaza de la Trinidad di sera<\/a><\/li><li class='ez-toc-page-1 ez-toc-heading-level-3'><a class=\"ez-toc-link ez-toc-heading-15\" href=\"https:\/\/loudavymkrokem.cz\/it\/cartagena-colombia-cosa-vedere\/#11_Bradipi_nel_Centenario_Park\" >11. Bradipi nel Centenario Park<\/a><\/li><li class='ez-toc-page-1 ez-toc-heading-level-3'><a class=\"ez-toc-link ez-toc-heading-16\" href=\"https:\/\/loudavymkrokem.cz\/it\/cartagena-colombia-cosa-vedere\/#12_Vista_dal_Convento_de_la_Popa\" >12. Vista dal Convento de la Popa<\/a><\/li><li class='ez-toc-page-1 ez-toc-heading-level-3'><a class=\"ez-toc-link ez-toc-heading-17\" href=\"https:\/\/loudavymkrokem.cz\/it\/cartagena-colombia-cosa-vedere\/#13_Rooftop_bar_e_viste_di_lusso\" >13. Rooftop bar e viste di lusso<\/a><\/li><li class='ez-toc-page-1 ez-toc-heading-level-3'><a class=\"ez-toc-link ez-toc-heading-18\" href=\"https:\/\/loudavymkrokem.cz\/it\/cartagena-colombia-cosa-vedere\/#14_Tramonto_sulle_mura_Cafe_del_Mar\" >14. Tramonto sulle mura (Caf\u00e9 del Mar)<\/a><\/li><li class='ez-toc-page-1 ez-toc-heading-level-3'><a class=\"ez-toc-link ez-toc-heading-19\" href=\"https:\/\/loudavymkrokem.cz\/it\/cartagena-colombia-cosa-vedere\/#15_Spiagge_di_Bocagrande_e_Castillogrande_recensione_onesta\" >15. Spiagge di Bocagrande e Castillogrande (recensione onesta)<\/a><\/li><li class='ez-toc-page-1 ez-toc-heading-level-3'><a class=\"ez-toc-link ez-toc-heading-20\" href=\"https:\/\/loudavymkrokem.cz\/it\/cartagena-colombia-cosa-vedere\/#16_Islas_del_Rosario_e_la_trappola_per_il_portafoglio\" >16. Islas del Rosario e la trappola per il portafoglio<\/a><\/li><li class='ez-toc-page-1 ez-toc-heading-level-3'><a class=\"ez-toc-link ez-toc-heading-21\" href=\"https:\/\/loudavymkrokem.cz\/it\/cartagena-colombia-cosa-vedere\/#17_Beach_club_sulle_isole_invece_delle_spiagge_pubbliche\" >17. Beach club sulle isole (invece delle spiagge pubbliche)<\/a><\/li><li class='ez-toc-page-1 ez-toc-heading-level-3'><a class=\"ez-toc-link ez-toc-heading-22\" href=\"https:\/\/loudavymkrokem.cz\/it\/cartagena-colombia-cosa-vedere\/#18_Il_villaggio_di_pescatori_La_Boquilla_e_le_mangrovie\" >18. Il villaggio di pescatori La Boquilla e le mangrovie<\/a><\/li><li class='ez-toc-page-1 ez-toc-heading-level-3'><a class=\"ez-toc-link ez-toc-heading-23\" href=\"https:\/\/loudavymkrokem.cz\/it\/cartagena-colombia-cosa-vedere\/#19_Bazurto_Market_solo_per_animi_forti\" >19. Bazurto Market (solo per animi forti)<\/a><\/li><li class='ez-toc-page-1 ez-toc-heading-level-3'><a class=\"ez-toc-link ez-toc-heading-24\" href=\"https:\/\/loudavymkrokem.cz\/it\/cartagena-colombia-cosa-vedere\/#20_Museo_del_Chocolate_e_il_cacao_colombiano\" >20. Museo del Chocolate e il cacao colombiano<\/a><\/li><li class='ez-toc-page-1 ez-toc-heading-level-3'><a class=\"ez-toc-link ez-toc-heading-25\" href=\"https:\/\/loudavymkrokem.cz\/it\/cartagena-colombia-cosa-vedere\/#21_Cibo_di_strada_e_sapori_caraibici\" >21. Cibo di strada e sapori caraibici<\/a><\/li><li class='ez-toc-page-1 ez-toc-heading-level-3'><a class=\"ez-toc-link ez-toc-heading-26\" href=\"https:\/\/loudavymkrokem.cz\/it\/cartagena-colombia-cosa-vedere\/#22_Dove_mangiare_senza_carne_consigli_vegetariani\" >22. Dove mangiare senza carne (consigli vegetariani)<\/a><\/li><\/ul><\/li><li class='ez-toc-page-1 ez-toc-heading-level-2'><a class=\"ez-toc-link ez-toc-heading-27\" href=\"https:\/\/loudavymkrokem.cz\/it\/cartagena-colombia-cosa-vedere\/#Dove_andare_da_Cartagena_gite_nei_dintorni\" >Dove andare da Cartagena (gite nei dintorni)<\/a><\/li><li class='ez-toc-page-1 ez-toc-heading-level-2'><a class=\"ez-toc-link ez-toc-heading-28\" href=\"https:\/\/loudavymkrokem.cz\/it\/cartagena-colombia-cosa-vedere\/#Domande_frequenti\" >Domande frequenti<\/a><ul class='ez-toc-list-level-3' ><li class='ez-toc-heading-level-3'><a class=\"ez-toc-link ez-toc-heading-29\" href=\"https:\/\/loudavymkrokem.cz\/it\/cartagena-colombia-cosa-vedere\/#Cartagena_e_sicura\" >Cartagena \u00e8 sicura?<\/a><\/li><li class='ez-toc-page-1 ez-toc-heading-level-3'><a class=\"ez-toc-link ez-toc-heading-30\" href=\"https:\/\/loudavymkrokem.cz\/it\/cartagena-colombia-cosa-vedere\/#Come_funziona_con_i_taxi_hanno_il_tassametro\" >Come funziona con i taxi, hanno il tassametro?<\/a><\/li><li class='ez-toc-page-1 ez-toc-heading-level-3'><a class=\"ez-toc-link ez-toc-heading-31\" href=\"https:\/\/loudavymkrokem.cz\/it\/cartagena-colombia-cosa-vedere\/#Devo_andare_alle_isole_Rosario_o_a_Playa_Blanca\" >Devo andare alle isole Rosario o a Playa Blanca?<\/a><\/li><li class='ez-toc-page-1 ez-toc-heading-level-3'><a class=\"ez-toc-link ez-toc-heading-32\" href=\"https:\/\/loudavymkrokem.cz\/it\/cartagena-colombia-cosa-vedere\/#Come_liberarsi_efficacemente_dei_venditori_ambulanti\" >Come liberarsi efficacemente dei venditori ambulanti?<\/a><\/li><li class='ez-toc-page-1 ez-toc-heading-level-3'><a class=\"ez-toc-link ez-toc-heading-33\" href=\"https:\/\/loudavymkrokem.cz\/it\/cartagena-colombia-cosa-vedere\/#A_Cartagena_si_paga_in_dollari_americani\" >A Cartagena si paga in dollari americani?<\/a><\/li><li class='ez-toc-page-1 ez-toc-heading-level-3'><a class=\"ez-toc-link ez-toc-heading-34\" href=\"https:\/\/loudavymkrokem.cz\/it\/cartagena-colombia-cosa-vedere\/#A_Cartagena_si_puo_bere_lacqua_del_rubinetto\" >A Cartagena si pu\u00f2 bere l&#8217;acqua del rubinetto?<\/a><\/li><li class='ez-toc-page-1 ez-toc-heading-level-3'><a class=\"ez-toc-link ez-toc-heading-35\" href=\"https:\/\/loudavymkrokem.cz\/it\/cartagena-colombia-cosa-vedere\/#Quanti_giorni_servono_per_Cartagena\" >Quanti giorni servono per Cartagena?<\/a><\/li><\/ul><\/li><\/ul><\/nav><\/div>\n<h3 class=\"wp-block-heading\"><span class=\"ez-toc-section\" id=\"Riassunto\"><\/span>Riassunto<span class=\"ez-toc-section-end\"><\/span><\/h3>\n\n\n\n<ul class=\"wp-block-list\">\n\n<li><strong>Sgravio fiscale per gli stranieri:<\/strong> se hai sul passaporto il timbro turistico PIP-5, <strong>negli hotel non paghi l&#8217;IVA del 19%<\/strong>. Controlla per\u00f2 sempre il conto finale, alcuni hotel provano ad addebitarla.<\/li>\n\n\n\n<li><strong>Costi nascosti per le isole:<\/strong> le gite alle Islas del Rosario hanno una trappola, <strong>l&#8217;ingresso al parco nazionale e l&#8217;assicurazione (circa 40.000 COP) si pagano in contanti al molo<\/strong> e non sono inclusi nel tour.<\/li>\n\n\n\n<li><strong>Bellezza a costo di pazienza:<\/strong> Cartagena \u00e8 un paradiso visivo, ma <strong>preparati ai venditori ambulanti insistenti<\/strong>, che vanno respinti in modo educato ma molto deciso.<\/li>\n\n\n\n<li><strong>Spiagge con riserva:<\/strong> la spiaggia cittadina di Bocagrande ha l&#8217;acqua marrone, <strong>per la sabbia bianca devi andare alle isole<\/strong>, ma attento alle folle di mezzogiorno a Playa Blanca.<\/li>\n\n\n\n<li><strong>Sicurezza prima di tutto:<\/strong> non usare mai i taxi senza prezzo concordato in anticipo (o scegli piuttosto Uber o InDriver) e <strong>sii estremamente prudente con la vita notturna e gli appuntamenti al buio<\/strong>.<\/li>\n\n\n\n<li><strong>Trasporto dall&#8217;aeroporto:<\/strong> l&#8217;aeroporto Rafael N\u00fa\u00f1ez \u00e8 <strong>a soli 10-15 minuti dal centro<\/strong>, un enorme vantaggio rispetto ad altre metropoli.<\/li>\n\n\n<\/ul>\n\n\n\n<h2 class=\"wp-block-heading\"><span class=\"ez-toc-section\" id=\"Quando_andare_a_Cartagena\"><\/span>Quando andare a Cartagena<span class=\"ez-toc-section-end\"><\/span><\/h2>\n\n\n\n<p class=\"wp-block-paragraph\">Cartagena \u00e8 una tipica destinazione caraibica, dove regna una <strong>temperatura costante di 31-33 \u00b0C tutto l&#8217;anno<\/strong>, quindi i maglioni puoi tranquillamente lasciarli a casa. La differenza nel meteo di Cartagena, in Colombia, sta solo nel fatto che l&#8217;aria ristagni pesante oppure che dal mare soffi un piacevole vento fresco. <strong>La stagione principale e pi\u00f9 amata va da dicembre ad aprile<\/strong>, quando in citt\u00e0 \u00e8 secco, soffia l&#8217;aliseo rinfrescante e il sole splende praticamente ogni giorno. In questo periodo per\u00f2 la citt\u00e0 scoppia sotto l&#8217;assalto di turisti stranieri e colombiani in vacanza, il che ovviamente fa salire i prezzi degli hotel al massimo annuale.<\/p>\n\n\n\n<p class=\"wp-block-paragraph\">Se non ami l&#8217;afa pesante e l&#8217;umidit\u00e0 elevata, <strong>evita il periodo da settembre a novembre<\/strong>, la principale stagione delle piogge sulla costa caraibica. Settembre in particolare \u00e8 statisticamente il mese pi\u00f9 piovoso dell&#8217;anno, quando le viuzze storiche possono trasformarsi in pochi minuti in profonde pozzanghere. <strong>L&#8217;umidit\u00e0 elevata rende le semplici passeggiate una vera e propria impresa sportiva<\/strong>, durante la quale sudi all&#8217;istante. Anche allora la citt\u00e0 si pu\u00f2 visitare, ovviamente, ma metti in conto di doverti rifugiare molto pi\u00f9 spesso in caff\u00e8 e musei climatizzati.<\/p>\n\n\n\n<p class=\"wp-block-paragraph\">Per il miglior rapporto possibile tra bel tempo e prezzi un po&#8217; pi\u00f9 sopportabili, <strong>un ottimo compromesso \u00e8 a cavallo tra novembre e dicembre<\/strong>, oppure i mesi primaverili subito fuori dalle festivit\u00e0 pasquali (Semana Santa). Tieni sempre presente per\u00f2 che <strong>il sole caraibico qui \u00e8 davvero forte e non perdona gli errori<\/strong>, quindi un cappello a tesa larga, litri di acqua in bottiglia e una buona crema solare sono assolutamente indispensabili in qualsiasi mese. Metti in valigia anche abiti leggeri di lino, con cui ti sentirai pi\u00f9 a tuo agio.<\/p>\n\n\n\n<h2 class=\"wp-block-heading\"><span class=\"ez-toc-section\" id=\"Dove_alloggiare_a_Cartagena\"><\/span>Dove alloggiare a Cartagena<span class=\"ez-toc-section-end\"><\/span><\/h2>\n\n\n\n<p class=\"wp-block-paragraph\">Dove alloggi conta davvero \u2014 e a Cartagena pi\u00f9 che altrove, perch\u00e9 la differenza tra i quartieri \u00e8 brutale. <strong>Il pi\u00f9 incantevole \u00e8 alloggiare direttamente nel Centro Hist\u00f3rico<\/strong>, dove hai a portata di mano tutti i monumenti famosi e ottimi ristoranti, ma i prezzi qui sono ovviamente i pi\u00f9 alti di tutta la Colombia. Per un&#8217;atmosfera un po&#8217; pi\u00f9 boh\u00e9mien, piena di street art e di vivace vita notturna, <strong>scegli l&#8217;amatissimo quartiere di Getseman\u00ed<\/strong>, oggi un enorme successo. Se invece ti interessano soprattutto i moderni grattacieli con piscine e vista diretta sul mare, la penisola di Bocagrande sar\u00e0 ideale per te.<\/p>\n\n\n\n<p class=\"wp-block-paragraph\">Un&#8217;informazione fondamentale per il tuo budget di viaggio \u00e8 che <strong>gli stranieri in Colombia non pagano sull&#8217;alloggio l&#8217;IVA del 19%<\/strong>. La condizione principale \u00e8 entrare nel paese con il classico timbro turistico, il cosiddetto PIP-5, che normalmente ottieni sul passaporto gi\u00e0 in aeroporto. <strong>Per applicare questo sconto l&#8217;hotel deve fotocopiare il tuo passaporto proprio con questo timbro<\/strong>, altrimenti ti addebiter\u00e0 l&#8217;imposta senza sconti. La prassi in tutta la citt\u00e0 purtroppo \u00e8 che circa met\u00e0 degli hotel ti detrae lo sconto in automatico, mentre l&#8217;altra met\u00e0 cerca di addebitartelo in silenzio. <strong>Controlla sempre con cura il conto finale alla partenza<\/strong> e non aver paura di farti sentire alla reception.<\/p>\n\n\n\n<p class=\"wp-block-paragraph\">Tra gli hotel collaudati e splendidi c&#8217;\u00e8 per esempio l&#8217;<strong>Hotel Casa San Agustin<\/strong>, un lussuoso boutique hotel proprio nel cuore della citt\u00e0 vecchia, che ti conquister\u00e0 con il suo tranquillo cortile interno e la piscina incastonata nelle antiche mura. Se cerchi qualcosa di pi\u00f9 moderno in zona con vista panoramica, prova il <strong>GHL San Lazaro Art Hotel<\/strong>, che offre una vista mozzafiato direttamente sul castello di San Felipe. Per un soggiorno assolutamente tranquillo in stile coloniale con un servizio di prim&#8217;ordine, una vera leggenda \u00e8 il <strong>Sofitel Legend Santa Clara<\/strong>, ospitato in un ex convento accuratamente restaurato.<\/p>\n\n\n\n<p class=\"wp-block-paragraph\"><em>\ud83d\udca1 <a href=\"https:\/\/www.stay22.com\/allez\/roam?aid=lukaskonecny&#038;campaign=loudavymkrokemcz&#038;campaign=co-videt-v-cartagene&#038;address=Cartagena%2C%20Kolumbie\" target=\"_blank\" rel=\"nofollow noopener sponsored\">Su questa mappa puoi confrontare cosa \u00e8 disponibile al momento<\/a> \u2014 vedrai subito quanto Getseman\u00ed sia pi\u00f9 economico rispetto alle mura.<\/em><\/p>\n\n\n\n<h2 class=\"wp-block-heading\"><span class=\"ez-toc-section\" id=\"22_cose_da_vedere_e_fare_a_Cartagena_in_Colombia\"><\/span>22 cose da vedere e fare a Cartagena, in Colombia<span class=\"ez-toc-section-end\"><\/span><\/h2>\n\n\n\n<p class=\"wp-block-paragraph\">Prima di buttarti nel turbine delle viuzze colombiane, dai un&#8217;occhiata alla nostra selezione delle cose pi\u00f9 interessanti che la citt\u00e0 offre. Questi 22 consigli ti mostreranno Cartagena a 360 gradi, dai monumenti scintillanti agli angoli pi\u00f9 nascosti, e ti aiuteranno a evitare inutili <strong>trappole per turisti<\/strong>.<\/p>\n\n\n\n<p class=\"wp-block-paragraph\">Abbiamo combinato per te i classici <strong>luoghi imperdibili<\/strong> con alcune <strong>gemme nascoste<\/strong>, cos\u00ec potrai mixare il giusto cocktail di esperienze esattamente su misura per te.<\/p>\n\n\n\n<figure data-wp-context=\"{&quot;imageId&quot;:&quot;6a9c2823ae135&quot;}\" data-wp-interactive=\"core\/image\" data-wp-key=\"6a9c2823ae135\" class=\"wp-block-image size-full wp-lightbox-container\"><img decoding=\"async\" width=\"1600\" height=\"1067\" data-wp-class--hide=\"state.isContentHidden\" data-wp-class--show=\"state.isContentVisible\" data-wp-init=\"callbacks.setButtonStyles\" data-wp-on--click=\"actions.showLightbox\" data-wp-on--load=\"callbacks.setButtonStyles\" data-wp-on--pointerdown=\"actions.preloadImage\" data-wp-on--pointerenter=\"actions.preloadImageWithDelay\" data-wp-on--pointerleave=\"actions.cancelPreload\" data-wp-on-window--resize=\"callbacks.setButtonStyles\" src=\"https:\/\/loudavymkrokem.cz\/wp-content\/uploads\/2026\/09\/centro-hist-rico.jpg\" alt=\"Centro Hist\u00f3rico e le sue iconiche mura\" class=\"wp-image-415691\" title=\"\" srcset=\"https:\/\/loudavymkrokem.cz\/wp-content\/uploads\/2026\/09\/centro-hist-rico.jpg 1600w, https:\/\/loudavymkrokem.cz\/wp-content\/uploads\/2026\/09\/centro-hist-rico-300x200.jpg 300w, https:\/\/loudavymkrokem.cz\/wp-content\/uploads\/2026\/09\/centro-hist-rico-700x467.jpg 700w, https:\/\/loudavymkrokem.cz\/wp-content\/uploads\/2026\/09\/centro-hist-rico-768x512.jpg 768w, https:\/\/loudavymkrokem.cz\/wp-content\/uploads\/2026\/09\/centro-hist-rico-1536x1024.jpg 1536w, https:\/\/loudavymkrokem.cz\/wp-content\/uploads\/2026\/09\/centro-hist-rico-696x464.jpg 696w, https:\/\/loudavymkrokem.cz\/wp-content\/uploads\/2026\/09\/centro-hist-rico-1392x928.jpg 1392w\" sizes=\"(max-width: 1600px) 100vw, 1600px\" \/><button\n\t\t\tclass=\"lightbox-trigger\"\n\t\t\ttype=\"button\"\n\t\t\taria-haspopup=\"dialog\"\n\t\t\tdata-wp-bind--aria-label=\"state.thisImage.triggerButtonAriaLabel\"\n\t\t\tdata-wp-init=\"callbacks.initTriggerButton\"\n\t\t\tdata-wp-on--click=\"actions.showLightbox\"\n\t\t\tdata-wp-style--right=\"state.thisImage.buttonRight\"\n\t\t\tdata-wp-style--top=\"state.thisImage.buttonTop\"\n\t\t>\n\t\t\t<svg xmlns=\"http:\/\/www.w3.org\/2000\/svg\" width=\"12\" height=\"12\" fill=\"none\" viewBox=\"0 0 12 12\">\n\t\t\t\t<path fill=\"#fff\" d=\"M2 0a2 2 0 0 0-2 2v2h1.5V2a.5.5 0 0 1 .5-.5h2V0H2Zm2 10.5H2a.5.5 0 0 1-.5-.5V8H0v2a2 2 0 0 0 2 2h2v-1.5ZM8 12v-1.5h2a.5.5 0 0 0 .5-.5V8H12v2a2 2 0 0 1-2 2H8Zm2-12a2 2 0 0 1 2 2v2h-1.5V2a.5.5 0 0 0-.5-.5H8V0h2Z\" \/>\n\t\t\t<\/svg>\n\t\t<\/button><figcaption class=\"wp-element-caption\">Foto: Andreas Saxer \/ Google Maps<\/figcaption><\/figure>\n\n\n\n<h3 class=\"wp-block-heading\"><span class=\"ez-toc-section\" id=\"1_Centro_Historico_e_le_sue_iconiche_mura\"><\/span>1. Centro Hist\u00f3rico e le sue iconiche mura<span class=\"ez-toc-section-end\"><\/span><\/h3>\n\n\n\n<p class=\"wp-block-paragraph\">Il motivo principale per cui viaggiatori da tutto il mondo vengono qui \u00e8 il <strong>Centro Hist\u00f3rico de Cartagena, che ha una valutazione fantastica di 4,8 su oltre 4.000 recensioni<\/strong>. A ragione questo capolavoro architettonico \u00e8 dal 1984 <a href=\"https:\/\/whc.unesco.org\/en\/list\/285\" rel=\"nofollow noopener\" target=\"_blank\">iscritto nell&#8217;elenco del patrimonio mondiale UNESCO<\/a>. Tutta la citt\u00e0 vecchia \u00e8 circondata da circa <strong>11 chilometri di massicce mura in pietra<\/strong>, che in passato proteggevano la ricchezza della citt\u00e0 dagli assalti dei pirati e oggi fungono da miglior percorso panoramico immaginabile.<\/p>\n\n\n\n<p class=\"wp-block-paragraph\">Lascia davvero le mura per la mattina presto o il tardo pomeriggio. Verso mezzogiorno infatti le pietre storiche si arroventano sotto il sole caraibico al punto che non si riesce a respirare e non c&#8217;\u00e8 alcuna ombra. All&#8217;interno delle mura troverai la vera favola caraibica, <strong>casette coloniali colorate con balconi in legno<\/strong>, dai quali pendono grappoli di buganvillee luminose nelle tonalit\u00e0 del rosa, del viola e del rosso acceso.<\/p>\n\n\n\n<p class=\"wp-block-paragraph\">Passeggiando per queste pittoresche viuzze incontrerai innumerevoli angoli fotogenici, ma anche un&#8217;<strong>enorme quantit\u00e0 di venditori ambulanti e sorridenti donne in abiti colorati<\/strong>, chiamate palenqueras. Se vuoi farti la classica foto con loro e la frutta in testa, metti in conto che si paga sempre una mancia. \ud83d\udca1 <strong>Consiglio:<\/strong> non lasciarti trascinare in lunghe conversazioni con i procacciatori, basta sorridere educatamente, dire un deciso &#8220;no, gracias&#8221; e proseguire senza fermarti.<\/p>\n\n\n\n<figure data-wp-context=\"{&quot;imageId&quot;:&quot;6a9c2823ae8be&quot;}\" data-wp-interactive=\"core\/image\" data-wp-key=\"6a9c2823ae8be\" class=\"wp-block-image size-full wp-lightbox-container\"><img decoding=\"async\" width=\"1600\" height=\"1200\" data-wp-class--hide=\"state.isContentHidden\" data-wp-class--show=\"state.isContentVisible\" data-wp-init=\"callbacks.setButtonStyles\" data-wp-on--click=\"actions.showLightbox\" data-wp-on--load=\"callbacks.setButtonStyles\" data-wp-on--pointerdown=\"actions.preloadImage\" data-wp-on--pointerenter=\"actions.preloadImageWithDelay\" data-wp-on--pointerleave=\"actions.cancelPreload\" data-wp-on-window--resize=\"callbacks.setButtonStyles\" src=\"https:\/\/loudavymkrokem.cz\/wp-content\/uploads\/2026\/09\/castillo-de-san-felipe-de-barajas.jpg\" alt=\"Castillo de San Felipe de Barajas\" class=\"wp-image-415695\" title=\"\" srcset=\"https:\/\/loudavymkrokem.cz\/wp-content\/uploads\/2026\/09\/castillo-de-san-felipe-de-barajas.jpg 1600w, https:\/\/loudavymkrokem.cz\/wp-content\/uploads\/2026\/09\/castillo-de-san-felipe-de-barajas-300x225.jpg 300w, https:\/\/loudavymkrokem.cz\/wp-content\/uploads\/2026\/09\/castillo-de-san-felipe-de-barajas-700x525.jpg 700w, https:\/\/loudavymkrokem.cz\/wp-content\/uploads\/2026\/09\/castillo-de-san-felipe-de-barajas-768x576.jpg 768w, https:\/\/loudavymkrokem.cz\/wp-content\/uploads\/2026\/09\/castillo-de-san-felipe-de-barajas-1536x1152.jpg 1536w, https:\/\/loudavymkrokem.cz\/wp-content\/uploads\/2026\/09\/castillo-de-san-felipe-de-barajas-80x60.jpg 80w, https:\/\/loudavymkrokem.cz\/wp-content\/uploads\/2026\/09\/castillo-de-san-felipe-de-barajas-160x120.jpg 160w, https:\/\/loudavymkrokem.cz\/wp-content\/uploads\/2026\/09\/castillo-de-san-felipe-de-barajas-696x522.jpg 696w, https:\/\/loudavymkrokem.cz\/wp-content\/uploads\/2026\/09\/castillo-de-san-felipe-de-barajas-1392x1044.jpg 1392w\" sizes=\"(max-width: 1600px) 100vw, 1600px\" \/><button\n\t\t\tclass=\"lightbox-trigger\"\n\t\t\ttype=\"button\"\n\t\t\taria-haspopup=\"dialog\"\n\t\t\tdata-wp-bind--aria-label=\"state.thisImage.triggerButtonAriaLabel\"\n\t\t\tdata-wp-init=\"callbacks.initTriggerButton\"\n\t\t\tdata-wp-on--click=\"actions.showLightbox\"\n\t\t\tdata-wp-style--right=\"state.thisImage.buttonRight\"\n\t\t\tdata-wp-style--top=\"state.thisImage.buttonTop\"\n\t\t>\n\t\t\t<svg xmlns=\"http:\/\/www.w3.org\/2000\/svg\" width=\"12\" height=\"12\" fill=\"none\" viewBox=\"0 0 12 12\">\n\t\t\t\t<path fill=\"#fff\" d=\"M2 0a2 2 0 0 0-2 2v2h1.5V2a.5.5 0 0 1 .5-.5h2V0H2Zm2 10.5H2a.5.5 0 0 1-.5-.5V8H0v2a2 2 0 0 0 2 2h2v-1.5ZM8 12v-1.5h2a.5.5 0 0 0 .5-.5V8H12v2a2 2 0 0 1-2 2H8Zm2-12a2 2 0 0 1 2 2v2h-1.5V2a.5.5 0 0 0-.5-.5H8V0h2Z\" \/>\n\t\t\t<\/svg>\n\t\t<\/button><figcaption class=\"wp-element-caption\">Foto: Kelly Ng \/ Google Maps<\/figcaption><\/figure>\n\n\n\n<h3 class=\"wp-block-heading\"><span class=\"ez-toc-section\" id=\"2_Castillo_de_San_Felipe_de_Barajas\"><\/span>2. Castillo de San Felipe de Barajas<span class=\"ez-toc-section-end\"><\/span><\/h3>\n\n\n\n<p class=\"wp-block-paragraph\">Questa \u00e8 l&#8217;assoluta icona di tutta la citt\u00e0 e <strong>secondo il numero di recensioni (quasi 68.000) \u00e8 il luogo pi\u00f9 visitato di tutta Cartagena<\/strong>. Il Castillo de San Felipe de Barajas \u00e8 la pi\u00f9 grande fortezza spagnola del continente americano (e quando ci sei davanti, a quelle massicce mura di pietra ci credi davvero). La sua costruzione inizi\u00f2 gi\u00e0 nel 1657 su una collina strategica e, grazie all&#8217;ingegnoso sistema di difesa e ai tunnel sotterranei, nessun nemico riusc\u00ec mai a conquistarla.<\/p>\n\n\n\n<p class=\"wp-block-paragraph\">Esplorare questa enorme fortezza ti prender\u00e0 tranquillamente due ore e <strong>l&#8217;esperienza pi\u00f9 forte \u00e8 perdersi nei tunnel bui e intricati<\/strong>, progettati dagli architetti in modo da amplificare volutamente il rumore dei passi di eventuali assalitori. La fortezza \u00e8 <a href=\"https:\/\/fortificacionescartagena.com.co\/en\/castle-of-san-felipe-de-barajas\/\" rel=\"nofollow noopener\" target=\"_blank\">aperta al pubblico<\/a> <strong>ogni giorno dalle 8:00 alle 18:00<\/strong> e anche qui vale la regola d&#8217;oro: non venirci in pieno mezzogiorno, perch\u00e9 sulle mura non c&#8217;\u00e8 praticamente nessuna possibilit\u00e0 di riparo dal sole.<\/p>\n\n\n\n<p class=\"wp-block-paragraph\"><strong>Il biglietto base per gli stranieri costa 25.000 COP<\/strong>, mentre i residenti locali pagano un po&#8217; meno, circa 20.000 COP. Se viaggi in famiglia, i bambini fino a 6 anni e gli over 62 entrano gratis in tutto il complesso. \ud83d\udca1 <strong>Consiglio per i viaggiatori attenti al budget:<\/strong> se ti capita nelle date giuste, pianifica la visita per l&#8217;<strong>ultima domenica del mese, quando l&#8217;ingresso \u00e8 gratuito per tutti<\/strong> (tranne nei mesi affollati di gennaio e dicembre).<\/p>\n\n\n\n<figure data-wp-context=\"{&quot;imageId&quot;:&quot;6a9c2823aefbd&quot;}\" data-wp-interactive=\"core\/image\" data-wp-key=\"6a9c2823aefbd\" class=\"wp-block-image size-full wp-lightbox-container\"><img decoding=\"async\" width=\"1600\" height=\"2133\" data-wp-class--hide=\"state.isContentHidden\" data-wp-class--show=\"state.isContentVisible\" data-wp-init=\"callbacks.setButtonStyles\" data-wp-on--click=\"actions.showLightbox\" data-wp-on--load=\"callbacks.setButtonStyles\" data-wp-on--pointerdown=\"actions.preloadImage\" data-wp-on--pointerenter=\"actions.preloadImageWithDelay\" data-wp-on--pointerleave=\"actions.cancelPreload\" data-wp-on-window--resize=\"callbacks.setButtonStyles\" src=\"https:\/\/loudavymkrokem.cz\/wp-content\/uploads\/2026\/09\/n-m-st-plaza-de-bol-var.jpg\" alt=\"Piazza Plaza de Bol\u00edvar\" class=\"wp-image-415697\" title=\"\" srcset=\"https:\/\/loudavymkrokem.cz\/wp-content\/uploads\/2026\/09\/n-m-st-plaza-de-bol-var.jpg 1600w, https:\/\/loudavymkrokem.cz\/wp-content\/uploads\/2026\/09\/n-m-st-plaza-de-bol-var-225x300.jpg 225w, https:\/\/loudavymkrokem.cz\/wp-content\/uploads\/2026\/09\/n-m-st-plaza-de-bol-var-700x933.jpg 700w, https:\/\/loudavymkrokem.cz\/wp-content\/uploads\/2026\/09\/n-m-st-plaza-de-bol-var-768x1024.jpg 768w, https:\/\/loudavymkrokem.cz\/wp-content\/uploads\/2026\/09\/n-m-st-plaza-de-bol-var-1152x1536.jpg 1152w, https:\/\/loudavymkrokem.cz\/wp-content\/uploads\/2026\/09\/n-m-st-plaza-de-bol-var-1536x2048.jpg 1536w, https:\/\/loudavymkrokem.cz\/wp-content\/uploads\/2026\/09\/n-m-st-plaza-de-bol-var-696x928.jpg 696w, https:\/\/loudavymkrokem.cz\/wp-content\/uploads\/2026\/09\/n-m-st-plaza-de-bol-var-1392x1856.jpg 1392w\" sizes=\"(max-width: 1600px) 100vw, 1600px\" \/><button\n\t\t\tclass=\"lightbox-trigger\"\n\t\t\ttype=\"button\"\n\t\t\taria-haspopup=\"dialog\"\n\t\t\tdata-wp-bind--aria-label=\"state.thisImage.triggerButtonAriaLabel\"\n\t\t\tdata-wp-init=\"callbacks.initTriggerButton\"\n\t\t\tdata-wp-on--click=\"actions.showLightbox\"\n\t\t\tdata-wp-style--right=\"state.thisImage.buttonRight\"\n\t\t\tdata-wp-style--top=\"state.thisImage.buttonTop\"\n\t\t>\n\t\t\t<svg xmlns=\"http:\/\/www.w3.org\/2000\/svg\" width=\"12\" height=\"12\" fill=\"none\" viewBox=\"0 0 12 12\">\n\t\t\t\t<path fill=\"#fff\" d=\"M2 0a2 2 0 0 0-2 2v2h1.5V2a.5.5 0 0 1 .5-.5h2V0H2Zm2 10.5H2a.5.5 0 0 1-.5-.5V8H0v2a2 2 0 0 0 2 2h2v-1.5ZM8 12v-1.5h2a.5.5 0 0 0 .5-.5V8H12v2a2 2 0 0 1-2 2H8Zm2-12a2 2 0 0 1 2 2v2h-1.5V2a.5.5 0 0 0-.5-.5H8V0h2Z\" \/>\n\t\t\t<\/svg>\n\t\t<\/button><figcaption class=\"wp-element-caption\">Foto: Kody Kozak \/ Google Maps<\/figcaption><\/figure>\n\n\n\n<h3 class=\"wp-block-heading\"><span class=\"ez-toc-section\" id=\"3_Piazza_Plaza_de_Bolivar\"><\/span>3. Piazza Plaza de Bol\u00edvar<span class=\"ez-toc-section-end\"><\/span><\/h3>\n\n\n\n<p class=\"wp-block-paragraph\">Il cuore verde di tutta la citt\u00e0 vecchia \u00e8 <strong>Plaza de Bol\u00edvar (una bella valutazione di 4,6), che funziona da perfetta oasi di pace<\/strong>. A differenza delle vicine viuzze di pietra arroventate dal sole, qui trovi tante panchine sicuramente nascoste all&#8217;ombra di imponenti alberi secolari, dove sostano gli abitanti locali e i viaggiatori stanchi provenienti da tutto il mondo. Al centro della piazza non manca ovviamente la statua equestre di Sim\u00f3n Bol\u00edvar in persona, il celebre liberatore del Sud America.<\/p>\n\n\n\n<p class=\"wp-block-paragraph\">Questa piazza non \u00e8 solo un posto perfetto per riposarsi dopo una lunga camminata, ma anche <strong>un punto di partenza strategico per visitare i migliori musei<\/strong> della citt\u00e0. Da un lato il parco \u00e8 delimitato dalla splendida cattedrale storica, dall&#8217;altro da palazzi coloniali decorati con massicce porte in legno ed enormi battenti in metallo a forma di animali.<\/p>\n\n\n\n<p class=\"wp-block-paragraph\">Se ti siedi qui per un po&#8217;, <strong>compra assolutamente dai venditori locali con i carretti la frutta caraibica fresca<\/strong> o una bibita ghiacciata. Scegli solo i venditori che sbucciano e tagliano la frutta davanti a te, cos\u00ec almeno sai cosa stai comprando. \u00c8 senza dubbio il miglior refrigerio dopo ore di camminata nel caldo tropicale.<\/p>\n\n\n\n<figure data-wp-context=\"{&quot;imageId&quot;:&quot;6a9c2823af8b3&quot;}\" data-wp-interactive=\"core\/image\" data-wp-key=\"6a9c2823af8b3\" class=\"wp-block-image size-full wp-lightbox-container\"><img decoding=\"async\" width=\"1280\" height=\"960\" data-wp-class--hide=\"state.isContentHidden\" data-wp-class--show=\"state.isContentVisible\" data-wp-init=\"callbacks.setButtonStyles\" data-wp-on--click=\"actions.showLightbox\" data-wp-on--load=\"callbacks.setButtonStyles\" data-wp-on--pointerdown=\"actions.preloadImage\" data-wp-on--pointerenter=\"actions.preloadImageWithDelay\" data-wp-on--pointerleave=\"actions.cancelPreload\" data-wp-on-window--resize=\"callbacks.setButtonStyles\" src=\"https:\/\/loudavymkrokem.cz\/wp-content\/uploads\/2026\/09\/museo-del-oro-zen.jpg\" alt=\"Museo del Oro Zen\u00fa\" class=\"wp-image-415699\" title=\"\" srcset=\"https:\/\/loudavymkrokem.cz\/wp-content\/uploads\/2026\/09\/museo-del-oro-zen.jpg 1280w, https:\/\/loudavymkrokem.cz\/wp-content\/uploads\/2026\/09\/museo-del-oro-zen-300x225.jpg 300w, https:\/\/loudavymkrokem.cz\/wp-content\/uploads\/2026\/09\/museo-del-oro-zen-700x525.jpg 700w, https:\/\/loudavymkrokem.cz\/wp-content\/uploads\/2026\/09\/museo-del-oro-zen-768x576.jpg 768w, https:\/\/loudavymkrokem.cz\/wp-content\/uploads\/2026\/09\/museo-del-oro-zen-80x60.jpg 80w, https:\/\/loudavymkrokem.cz\/wp-content\/uploads\/2026\/09\/museo-del-oro-zen-160x120.jpg 160w, https:\/\/loudavymkrokem.cz\/wp-content\/uploads\/2026\/09\/museo-del-oro-zen-696x522.jpg 696w\" sizes=\"(max-width: 1280px) 100vw, 1280px\" \/><button\n\t\t\tclass=\"lightbox-trigger\"\n\t\t\ttype=\"button\"\n\t\t\taria-haspopup=\"dialog\"\n\t\t\tdata-wp-bind--aria-label=\"state.thisImage.triggerButtonAriaLabel\"\n\t\t\tdata-wp-init=\"callbacks.initTriggerButton\"\n\t\t\tdata-wp-on--click=\"actions.showLightbox\"\n\t\t\tdata-wp-style--right=\"state.thisImage.buttonRight\"\n\t\t\tdata-wp-style--top=\"state.thisImage.buttonTop\"\n\t\t>\n\t\t\t<svg xmlns=\"http:\/\/www.w3.org\/2000\/svg\" width=\"12\" height=\"12\" fill=\"none\" viewBox=\"0 0 12 12\">\n\t\t\t\t<path fill=\"#fff\" d=\"M2 0a2 2 0 0 0-2 2v2h1.5V2a.5.5 0 0 1 .5-.5h2V0H2Zm2 10.5H2a.5.5 0 0 1-.5-.5V8H0v2a2 2 0 0 0 2 2h2v-1.5ZM8 12v-1.5h2a.5.5 0 0 0 .5-.5V8H12v2a2 2 0 0 1-2 2H8Zm2-12a2 2 0 0 1 2 2v2h-1.5V2a.5.5 0 0 0-.5-.5H8V0h2Z\" \/>\n\t\t\t<\/svg>\n\t\t<\/button><figcaption class=\"wp-element-caption\">Foto: Museo del Oro Zen\u00fa \/ Google Maps<\/figcaption><\/figure>\n\n\n\n<h3 class=\"wp-block-heading\"><span class=\"ez-toc-section\" id=\"4_Museo_del_Oro_Zenu\"><\/span>4. Museo del Oro Zen\u00fa<span class=\"ez-toc-section-end\"><\/span><\/h3>\n\n\n\n<p class=\"wp-block-paragraph\">Proprio ai margini dell&#8217;amata Plaza de Bol\u00edvar si trova il <strong>Museo del Oro Zen\u00fa, un&#8217;affascinante filiale del <a href=\"https:\/\/www.banrepcultural.org\/cartagena\/museo-del-oro-zenu\" rel=\"nofollow noopener\" target=\"_blank\">celebre Museo dell&#8217;Oro<\/a><\/strong> della capitale Bogot\u00e1. Anche se \u00e8 un po&#8217; pi\u00f9 piccolo della sua enorme versione principale, l&#8217;esposizione \u00e8 assolutamente affascinante e per di pi\u00f9 <strong>l&#8217;ingresso a questo fantastico museo \u00e8 completamente gratuito<\/strong>, una rarit\u00e0 piuttosto preziosa nella costosa Cartagena, che dovresti approfittare.<\/p>\n\n\n\n<p class=\"wp-block-paragraph\">All&#8217;interno vedrai una collezione mozzafiato e molto preziosa di oggetti d&#8217;oro creati dall&#8217;antica cultura Zen\u00fa, molto prima dell&#8217;arrivo dei colonizzatori spagnoli. <strong>Questa cultura era nota per le sue tecniche di oreficeria assolutamente perfette<\/strong> e anche per gli elaborati sistemi di canali di drenaggio, che le permettevano di sopravvivere nelle zone alluvionali. L&#8217;esposizione spiega in modo eccellente e comprensibile il loro profondo legame con la natura, in particolare con gli anfibi e il ricco mondo acquatico.<\/p>\n\n\n\n<p class=\"wp-block-paragraph\">Il museo \u00e8 inoltre piacevolmente climatizzato, quindi se fuori il sole picchia e ne hai abbastanza, questo rifugio gratuito dalla calura pomeridiana \u00e8 semplicemente un dono dal cielo. \ud83d\udca1 <strong>Consiglio:<\/strong> non dimenticare di osservare da vicino i famosi pettorali d&#8217;oro e i gioielli in filigrana incredibilmente delicati, che con la loro precisione affascinano ancora oggi persino i gioiellieri moderni.<\/p>\n\n\n\n<figure data-wp-context=\"{&quot;imageId&quot;:&quot;6a9c2823b0098&quot;}\" data-wp-interactive=\"core\/image\" data-wp-key=\"6a9c2823b0098\" class=\"wp-block-image size-full wp-lightbox-container\"><img decoding=\"async\" width=\"1600\" height=\"1200\" data-wp-class--hide=\"state.isContentHidden\" data-wp-class--show=\"state.isContentVisible\" data-wp-init=\"callbacks.setButtonStyles\" data-wp-on--click=\"actions.showLightbox\" data-wp-on--load=\"callbacks.setButtonStyles\" data-wp-on--pointerdown=\"actions.preloadImage\" data-wp-on--pointerenter=\"actions.preloadImageWithDelay\" data-wp-on--pointerleave=\"actions.cancelPreload\" data-wp-on-window--resize=\"callbacks.setButtonStyles\" src=\"https:\/\/loudavymkrokem.cz\/wp-content\/uploads\/2026\/09\/palacio-de-la-inquisici-n.jpg\" alt=\"Palacio de la Inquisici\u00f3n (Palazzo dell&#039;Inquisizione)\" class=\"wp-image-415704\" title=\"\" srcset=\"https:\/\/loudavymkrokem.cz\/wp-content\/uploads\/2026\/09\/palacio-de-la-inquisici-n.jpg 1600w, https:\/\/loudavymkrokem.cz\/wp-content\/uploads\/2026\/09\/palacio-de-la-inquisici-n-300x225.jpg 300w, https:\/\/loudavymkrokem.cz\/wp-content\/uploads\/2026\/09\/palacio-de-la-inquisici-n-700x525.jpg 700w, https:\/\/loudavymkrokem.cz\/wp-content\/uploads\/2026\/09\/palacio-de-la-inquisici-n-768x576.jpg 768w, https:\/\/loudavymkrokem.cz\/wp-content\/uploads\/2026\/09\/palacio-de-la-inquisici-n-1536x1152.jpg 1536w, https:\/\/loudavymkrokem.cz\/wp-content\/uploads\/2026\/09\/palacio-de-la-inquisici-n-80x60.jpg 80w, https:\/\/loudavymkrokem.cz\/wp-content\/uploads\/2026\/09\/palacio-de-la-inquisici-n-160x120.jpg 160w, https:\/\/loudavymkrokem.cz\/wp-content\/uploads\/2026\/09\/palacio-de-la-inquisici-n-696x522.jpg 696w, https:\/\/loudavymkrokem.cz\/wp-content\/uploads\/2026\/09\/palacio-de-la-inquisici-n-1392x1044.jpg 1392w\" sizes=\"(max-width: 1600px) 100vw, 1600px\" \/><button\n\t\t\tclass=\"lightbox-trigger\"\n\t\t\ttype=\"button\"\n\t\t\taria-haspopup=\"dialog\"\n\t\t\tdata-wp-bind--aria-label=\"state.thisImage.triggerButtonAriaLabel\"\n\t\t\tdata-wp-init=\"callbacks.initTriggerButton\"\n\t\t\tdata-wp-on--click=\"actions.showLightbox\"\n\t\t\tdata-wp-style--right=\"state.thisImage.buttonRight\"\n\t\t\tdata-wp-style--top=\"state.thisImage.buttonTop\"\n\t\t>\n\t\t\t<svg xmlns=\"http:\/\/www.w3.org\/2000\/svg\" width=\"12\" height=\"12\" fill=\"none\" viewBox=\"0 0 12 12\">\n\t\t\t\t<path fill=\"#fff\" d=\"M2 0a2 2 0 0 0-2 2v2h1.5V2a.5.5 0 0 1 .5-.5h2V0H2Zm2 10.5H2a.5.5 0 0 1-.5-.5V8H0v2a2 2 0 0 0 2 2h2v-1.5ZM8 12v-1.5h2a.5.5 0 0 0 .5-.5V8H12v2a2 2 0 0 1-2 2H8Zm2-12a2 2 0 0 1 2 2v2h-1.5V2a.5.5 0 0 0-.5-.5H8V0h2Z\" \/>\n\t\t\t<\/svg>\n\t\t<\/button><figcaption class=\"wp-element-caption\">Foto: Adri\u00e1n S\u00e1nchez Alan\u00eds \/ Google Maps<\/figcaption><\/figure>\n\n\n\n<h3 class=\"wp-block-heading\"><span class=\"ez-toc-section\" id=\"5_Palacio_de_la_Inquisicion_Palazzo_dellInquisizione\"><\/span>5. Palacio de la Inquisici\u00f3n (Palazzo dell&#8217;Inquisizione)<span class=\"ez-toc-section-end\"><\/span><\/h3>\n\n\n\n<p class=\"wp-block-paragraph\">Proprio sul lato opposto della stessa piazza trovi il <strong>Museum of Cartagena de Indias, conosciuto tra la gente piuttosto come Palacio de la Inquisici\u00f3n<\/strong> (valutazione 4,2). Questo maestoso edificio storico con uno splendido portale barocco del 1770 nasconde sotto la sua bella facciata una storia molto oscura. Fu infatti la sede principale dell&#8217;Inquisizione spagnola, che qui per secoli giudic\u00f2 e pun\u00ec duramente le persone accusate di eresia e stregoneria.<\/p>\n\n\n\n<p class=\"wp-block-paragraph\">All&#8217;interno ti aspetta un&#8217;esposizione piuttosto agghiacciante ma molto istruttiva, dove <strong>puoi vedere gli originali strumenti di tortura<\/strong> e conoscere nel dettaglio i metodi spietati dei tribunali ecclesiastici di allora. Allo stesso tempo, ai piani superiori troverai anche una sezione molto ampia dedicata alla storia complessiva della citt\u00e0 dalla sua fondazione, quindi il museo funziona come un&#8217;ottima introduzione completa alla complessa storia di Cartagena.<\/p>\n\n\n\n<p class=\"wp-block-paragraph\">Il prezzo del biglietto per i turisti stranieri di solito <strong>si aggira tra i 21.000 e i 25.000 COP<\/strong>, ma verifica assolutamente l&#8217;importo attuale direttamente in loco alla biglietteria, perch\u00e9 a volte cambia senza preavviso. L&#8217;esperienza del cortile interno ombreggiato, dove un tempo si pronunciavano crudeli sentenze e dove oggi ironicamente cresce una rigogliosa vegetazione tropicale, \u00e8 davvero forte e vale la pena vederla.<\/p>\n\n\n\n<figure data-wp-context=\"{&quot;imageId&quot;:&quot;6a9c2823b0902&quot;}\" data-wp-interactive=\"core\/image\" data-wp-key=\"6a9c2823b0902\" class=\"wp-block-image size-full wp-lightbox-container\"><img decoding=\"async\" width=\"1600\" height=\"1186\" data-wp-class--hide=\"state.isContentHidden\" data-wp-class--show=\"state.isContentVisible\" data-wp-init=\"callbacks.setButtonStyles\" data-wp-on--click=\"actions.showLightbox\" data-wp-on--load=\"callbacks.setButtonStyles\" data-wp-on--pointerdown=\"actions.preloadImage\" data-wp-on--pointerenter=\"actions.preloadImageWithDelay\" data-wp-on--pointerleave=\"actions.cancelPreload\" data-wp-on-window--resize=\"callbacks.setButtonStyles\" src=\"https:\/\/loudavymkrokem.cz\/wp-content\/uploads\/2026\/09\/museo-naval-del-caribe.jpg\" alt=\"Museo Naval del Caribe\" class=\"wp-image-415706\" title=\"\" srcset=\"https:\/\/loudavymkrokem.cz\/wp-content\/uploads\/2026\/09\/museo-naval-del-caribe.jpg 1600w, https:\/\/loudavymkrokem.cz\/wp-content\/uploads\/2026\/09\/museo-naval-del-caribe-300x222.jpg 300w, https:\/\/loudavymkrokem.cz\/wp-content\/uploads\/2026\/09\/museo-naval-del-caribe-700x519.jpg 700w, https:\/\/loudavymkrokem.cz\/wp-content\/uploads\/2026\/09\/museo-naval-del-caribe-768x569.jpg 768w, https:\/\/loudavymkrokem.cz\/wp-content\/uploads\/2026\/09\/museo-naval-del-caribe-1536x1139.jpg 1536w, https:\/\/loudavymkrokem.cz\/wp-content\/uploads\/2026\/09\/museo-naval-del-caribe-80x60.jpg 80w, https:\/\/loudavymkrokem.cz\/wp-content\/uploads\/2026\/09\/museo-naval-del-caribe-160x120.jpg 160w, https:\/\/loudavymkrokem.cz\/wp-content\/uploads\/2026\/09\/museo-naval-del-caribe-696x516.jpg 696w, https:\/\/loudavymkrokem.cz\/wp-content\/uploads\/2026\/09\/museo-naval-del-caribe-1392x1032.jpg 1392w\" sizes=\"(max-width: 1600px) 100vw, 1600px\" \/><button\n\t\t\tclass=\"lightbox-trigger\"\n\t\t\ttype=\"button\"\n\t\t\taria-haspopup=\"dialog\"\n\t\t\tdata-wp-bind--aria-label=\"state.thisImage.triggerButtonAriaLabel\"\n\t\t\tdata-wp-init=\"callbacks.initTriggerButton\"\n\t\t\tdata-wp-on--click=\"actions.showLightbox\"\n\t\t\tdata-wp-style--right=\"state.thisImage.buttonRight\"\n\t\t\tdata-wp-style--top=\"state.thisImage.buttonTop\"\n\t\t>\n\t\t\t<svg xmlns=\"http:\/\/www.w3.org\/2000\/svg\" width=\"12\" height=\"12\" fill=\"none\" viewBox=\"0 0 12 12\">\n\t\t\t\t<path fill=\"#fff\" d=\"M2 0a2 2 0 0 0-2 2v2h1.5V2a.5.5 0 0 1 .5-.5h2V0H2Zm2 10.5H2a.5.5 0 0 1-.5-.5V8H0v2a2 2 0 0 0 2 2h2v-1.5ZM8 12v-1.5h2a.5.5 0 0 0 .5-.5V8H12v2a2 2 0 0 1-2 2H8Zm2-12a2 2 0 0 1 2 2v2h-1.5V2a.5.5 0 0 0-.5-.5H8V0h2Z\" \/>\n\t\t\t<\/svg>\n\t\t<\/button><figcaption class=\"wp-element-caption\">Foto: LATINA VIAJERA [Sam Broxio] \/ Google Maps<\/figcaption><\/figure>\n\n\n\n<h3 class=\"wp-block-heading\"><span class=\"ez-toc-section\" id=\"6_Museo_Naval_del_Caribe\"><\/span>6. Museo Naval del Caribe<span class=\"ez-toc-section-end\"><\/span><\/h3>\n\n\n\n<p class=\"wp-block-paragraph\">Se ti interessano anche solo un po&#8217; le vecchie navi, i pirati e le battaglie navali, <strong>il Museo Naval del Caribe (ottima valutazione 4,6) ti conquister\u00e0 completamente<\/strong>. Lo trovi a due passi dalle mura principali e la sua ampia esposizione \u00e8 dedicata all&#8217;affascinante storia dei pirati caraibici, dei galeoni spagnoli affondati pieni d&#8217;oro e delle infinite battaglie navali per il dominio di questo strategico porto caraibico.<\/p>\n\n\n\n<p class=\"wp-block-paragraph\">Il museo \u00e8 davvero allestito in modo eccellente e moderno, <strong>offre tanti interessanti modelli interattivi di fortezze e navi giganti<\/strong>, che apprezzeranno non solo gli adulti amanti della storia, ma anche le famiglie con bambini. Qui scoprirai tanti dettagli inaspettati su come la citt\u00e0 in passato si difese eroicamente dal celebre e devastante attacco dell&#8217;ammiraglio inglese Vernon.<\/p>\n\n\n\n<p class=\"wp-block-paragraph\">\u26a0\ufe0f <strong>Importante avviso sulle mappe:<\/strong> quando cerchi informazioni e la strada online, fai molta attenzione a non confondere le citt\u00e0. Non confonderlo con il &#8216;Naval Museum Cartagena&#8217;, che Google a volte propone, perch\u00e9 quello si trova nella spagnola Murcia e la navigazione ti manderebbe su un altro continente. \ud83d\ude05 Controlla sempre con cura che nell&#8217;indirizzo su Google Maps ci sia scritto Bol\u00edvar, Colombia.<\/p>\n\n\n\n<figure data-wp-context=\"{&quot;imageId&quot;:&quot;6a9c2823b12ac&quot;}\" data-wp-interactive=\"core\/image\" data-wp-key=\"6a9c2823b12ac\" class=\"wp-block-image size-full wp-lightbox-container\"><img decoding=\"async\" width=\"1600\" height=\"1200\" data-wp-class--hide=\"state.isContentHidden\" data-wp-class--show=\"state.isContentVisible\" data-wp-init=\"callbacks.setButtonStyles\" data-wp-on--click=\"actions.showLightbox\" data-wp-on--load=\"callbacks.setButtonStyles\" data-wp-on--pointerdown=\"actions.preloadImage\" data-wp-on--pointerenter=\"actions.preloadImageWithDelay\" data-wp-on--pointerleave=\"actions.cancelPreload\" data-wp-on-window--resize=\"callbacks.setButtonStyles\" src=\"https:\/\/loudavymkrokem.cz\/wp-content\/uploads\/2026\/09\/plaza-de-los-coches.jpg\" alt=\"Plaza de los Coches e Torre del Reloj\" class=\"wp-image-415708\" title=\"\" srcset=\"https:\/\/loudavymkrokem.cz\/wp-content\/uploads\/2026\/09\/plaza-de-los-coches.jpg 1600w, https:\/\/loudavymkrokem.cz\/wp-content\/uploads\/2026\/09\/plaza-de-los-coches-300x225.jpg 300w, https:\/\/loudavymkrokem.cz\/wp-content\/uploads\/2026\/09\/plaza-de-los-coches-700x525.jpg 700w, https:\/\/loudavymkrokem.cz\/wp-content\/uploads\/2026\/09\/plaza-de-los-coches-768x576.jpg 768w, https:\/\/loudavymkrokem.cz\/wp-content\/uploads\/2026\/09\/plaza-de-los-coches-1536x1152.jpg 1536w, https:\/\/loudavymkrokem.cz\/wp-content\/uploads\/2026\/09\/plaza-de-los-coches-80x60.jpg 80w, https:\/\/loudavymkrokem.cz\/wp-content\/uploads\/2026\/09\/plaza-de-los-coches-160x120.jpg 160w, https:\/\/loudavymkrokem.cz\/wp-content\/uploads\/2026\/09\/plaza-de-los-coches-696x522.jpg 696w, https:\/\/loudavymkrokem.cz\/wp-content\/uploads\/2026\/09\/plaza-de-los-coches-1392x1044.jpg 1392w\" sizes=\"(max-width: 1600px) 100vw, 1600px\" \/><button\n\t\t\tclass=\"lightbox-trigger\"\n\t\t\ttype=\"button\"\n\t\t\taria-haspopup=\"dialog\"\n\t\t\tdata-wp-bind--aria-label=\"state.thisImage.triggerButtonAriaLabel\"\n\t\t\tdata-wp-init=\"callbacks.initTriggerButton\"\n\t\t\tdata-wp-on--click=\"actions.showLightbox\"\n\t\t\tdata-wp-style--right=\"state.thisImage.buttonRight\"\n\t\t\tdata-wp-style--top=\"state.thisImage.buttonTop\"\n\t\t>\n\t\t\t<svg xmlns=\"http:\/\/www.w3.org\/2000\/svg\" width=\"12\" height=\"12\" fill=\"none\" viewBox=\"0 0 12 12\">\n\t\t\t\t<path fill=\"#fff\" d=\"M2 0a2 2 0 0 0-2 2v2h1.5V2a.5.5 0 0 1 .5-.5h2V0H2Zm2 10.5H2a.5.5 0 0 1-.5-.5V8H0v2a2 2 0 0 0 2 2h2v-1.5ZM8 12v-1.5h2a.5.5 0 0 0 .5-.5V8H12v2a2 2 0 0 1-2 2H8Zm2-12a2 2 0 0 1 2 2v2h-1.5V2a.5.5 0 0 0-.5-.5H8V0h2Z\" \/>\n\t\t\t<\/svg>\n\t\t<\/button><figcaption class=\"wp-element-caption\">Foto: Kelly Hewitt \/ Google Maps<\/figcaption><\/figure>\n\n\n\n<h3 class=\"wp-block-heading\"><span class=\"ez-toc-section\" id=\"7_Plaza_de_los_Coches_e_Torre_del_Reloj\"><\/span>7. Plaza de los Coches e Torre del Reloj<span class=\"ez-toc-section-end\"><\/span><\/h3>\n\n\n\n<p class=\"wp-block-paragraph\">I tuoi primissimi passi nella citt\u00e0 vecchia probabilmente ti porteranno proprio attraverso la <strong>Torre del Reloj, l&#8217;iconica torre gialla con l&#8217;orologio<\/strong>, che funge da porta d&#8217;ingresso principale e pi\u00f9 bella attraverso le mura. Subito dietro questa porta ti si aprir\u00e0 davanti la <strong>Plaza de los Coches (valutazione 4,5)<\/strong>, ovvero la Piazza delle Carrozze, che ha un passato molto oscuro perch\u00e9 un tempo fungeva da principale mercato di schiavi, ma oggi \u00e8 piena di case colorate con i tipici balconi.<\/p>\n\n\n\n<p class=\"wp-block-paragraph\">Proprio su questa vivace piazza trovi il <strong>famoso portico ombreggiato Portal de los Dulces<\/strong>. Qui si accalcano decine di piccole bancarelle in legno che da generazioni vendono i tradizionali dolci caraibici. Tutto qui gioca con colori sgargianti e l&#8217;aria profuma continuamente di cocco fresco, zucchero di canna caramellato e frutta tropicale esotica.<\/p>\n\n\n\n<p class=\"wp-block-paragraph\">\u00c8 il posto perfetto dove <strong>puoi assaggiare le palline di cocco locali (le cosiddette cocadas) o i dolci appiccicosi al tamarindo<\/strong>. \ud83d\udca1 <strong>Consiglio:<\/strong> questi dolci locali sono estremamente dolci e densi, quindi ti basteranno abbondantemente uno o due pezzi con un forte caff\u00e8 pomeridiano, non aspettarti di certo dessert leggeri e soffici.<\/p>\n\n\n\n<figure data-wp-context=\"{&quot;imageId&quot;:&quot;6a9c2823b1b0f&quot;}\" data-wp-interactive=\"core\/image\" data-wp-key=\"6a9c2823b1b0f\" class=\"wp-block-image size-full wp-lightbox-container\"><img decoding=\"async\" width=\"1600\" height=\"901\" data-wp-class--hide=\"state.isContentHidden\" data-wp-class--show=\"state.isContentVisible\" data-wp-init=\"callbacks.setButtonStyles\" data-wp-on--click=\"actions.showLightbox\" data-wp-on--load=\"callbacks.setButtonStyles\" data-wp-on--pointerdown=\"actions.preloadImage\" data-wp-on--pointerenter=\"actions.preloadImageWithDelay\" data-wp-on--pointerleave=\"actions.cancelPreload\" data-wp-on-window--resize=\"callbacks.setButtonStyles\" src=\"https:\/\/loudavymkrokem.cz\/wp-content\/uploads\/2026\/09\/camell-n-de-los-m-rtires.jpg\" alt=\"Camell\u00f3n de los M\u00e1rtires\" class=\"wp-image-415710\" title=\"\" srcset=\"https:\/\/loudavymkrokem.cz\/wp-content\/uploads\/2026\/09\/camell-n-de-los-m-rtires.jpg 1600w, https:\/\/loudavymkrokem.cz\/wp-content\/uploads\/2026\/09\/camell-n-de-los-m-rtires-300x169.jpg 300w, https:\/\/loudavymkrokem.cz\/wp-content\/uploads\/2026\/09\/camell-n-de-los-m-rtires-700x394.jpg 700w, https:\/\/loudavymkrokem.cz\/wp-content\/uploads\/2026\/09\/camell-n-de-los-m-rtires-768x432.jpg 768w, https:\/\/loudavymkrokem.cz\/wp-content\/uploads\/2026\/09\/camell-n-de-los-m-rtires-1536x865.jpg 1536w, https:\/\/loudavymkrokem.cz\/wp-content\/uploads\/2026\/09\/camell-n-de-los-m-rtires-696x392.jpg 696w, https:\/\/loudavymkrokem.cz\/wp-content\/uploads\/2026\/09\/camell-n-de-los-m-rtires-1392x784.jpg 1392w\" sizes=\"(max-width: 1600px) 100vw, 1600px\" \/><button\n\t\t\tclass=\"lightbox-trigger\"\n\t\t\ttype=\"button\"\n\t\t\taria-haspopup=\"dialog\"\n\t\t\tdata-wp-bind--aria-label=\"state.thisImage.triggerButtonAriaLabel\"\n\t\t\tdata-wp-init=\"callbacks.initTriggerButton\"\n\t\t\tdata-wp-on--click=\"actions.showLightbox\"\n\t\t\tdata-wp-style--right=\"state.thisImage.buttonRight\"\n\t\t\tdata-wp-style--top=\"state.thisImage.buttonTop\"\n\t\t>\n\t\t\t<svg xmlns=\"http:\/\/www.w3.org\/2000\/svg\" width=\"12\" height=\"12\" fill=\"none\" viewBox=\"0 0 12 12\">\n\t\t\t\t<path fill=\"#fff\" d=\"M2 0a2 2 0 0 0-2 2v2h1.5V2a.5.5 0 0 1 .5-.5h2V0H2Zm2 10.5H2a.5.5 0 0 1-.5-.5V8H0v2a2 2 0 0 0 2 2h2v-1.5ZM8 12v-1.5h2a.5.5 0 0 0 .5-.5V8H12v2a2 2 0 0 1-2 2H8Zm2-12a2 2 0 0 1 2 2v2h-1.5V2a.5.5 0 0 0-.5-.5H8V0h2Z\" \/>\n\t\t\t<\/svg>\n\t\t<\/button><figcaption class=\"wp-element-caption\">Foto: Libor Novotn\u00fd \/ Google Maps<\/figcaption><\/figure>\n\n\n\n<h3 class=\"wp-block-heading\"><span class=\"ez-toc-section\" id=\"8_Camellon_de_los_Martires\"><\/span>8. Camell\u00f3n de los M\u00e1rtires<span class=\"ez-toc-section-end\"><\/span><\/h3>\n\n\n\n<p class=\"wp-block-paragraph\">Proprio davanti alla porta gialla principale con l&#8217;orologio, prima ancora di entrare nella citt\u00e0 vecchia, si estende un&#8217;<strong>ampia passeggiata conosciuta come Camell\u00f3n de los M\u00e1rtires<\/strong> (valutazione 4,6). Questa elegantissima e ben curata passeggiata fiancheggiata da statue \u00e8 uno dei posti migliori per una passeggiata serale, quando \u00e8 splendidamente illuminata e pulsa di un&#8217;incredibile vita locale.<\/p>\n\n\n\n<p class=\"wp-block-paragraph\">Il nome di questa passeggiata rimanda direttamente a una storia sanguinosa: <strong>qui trovi infatti i busti di nove martiri<\/strong>, coraggiosi leader del movimento colombiano per l&#8217;indipendenza, che qui furono giustiziati senza piet\u00e0 nel 1816 dai realisti spagnoli. \u00c8 un luogo molto importante per l&#8217;orgoglio nazionale, che offre un interessante contrasto storico con l&#8217;atmosfera altrimenti spensierata di tutti i dintorni caraibici.<\/p>\n\n\n\n<p class=\"wp-block-paragraph\">Durante il giorno qui incontrerai innumerevoli sorridenti venditori di succhi freschi e prodotti artigianali. <strong>\u00c8 anche il posto pi\u00f9 amato per salire sulle carrozze turistiche trainate dai cavalli<\/strong>, anche se, dal punto di vista del rispetto per gli animali nel caldo caraibico opprimente, \u00e8 sicuramente meglio muoversi per la citt\u00e0 sulle proprie gambe.<\/p>\n\n\n\n<figure data-wp-context=\"{&quot;imageId&quot;:&quot;6a9c2823b238e&quot;}\" data-wp-interactive=\"core\/image\" data-wp-key=\"6a9c2823b238e\" class=\"wp-block-image size-full wp-lightbox-container\"><img decoding=\"async\" width=\"1600\" height=\"2133\" data-wp-class--hide=\"state.isContentHidden\" data-wp-class--show=\"state.isContentVisible\" data-wp-init=\"callbacks.setButtonStyles\" data-wp-on--click=\"actions.showLightbox\" data-wp-on--load=\"callbacks.setButtonStyles\" data-wp-on--pointerdown=\"actions.preloadImage\" data-wp-on--pointerenter=\"actions.preloadImageWithDelay\" data-wp-on--pointerleave=\"actions.cancelPreload\" data-wp-on-window--resize=\"callbacks.setButtonStyles\" src=\"https:\/\/loudavymkrokem.cz\/wp-content\/uploads\/2026\/09\/getseman.jpg\" alt=\"Getseman\u00ed e la street art\" class=\"wp-image-415712\" title=\"\" srcset=\"https:\/\/loudavymkrokem.cz\/wp-content\/uploads\/2026\/09\/getseman.jpg 1600w, https:\/\/loudavymkrokem.cz\/wp-content\/uploads\/2026\/09\/getseman-225x300.jpg 225w, https:\/\/loudavymkrokem.cz\/wp-content\/uploads\/2026\/09\/getseman-700x933.jpg 700w, https:\/\/loudavymkrokem.cz\/wp-content\/uploads\/2026\/09\/getseman-768x1024.jpg 768w, https:\/\/loudavymkrokem.cz\/wp-content\/uploads\/2026\/09\/getseman-1152x1536.jpg 1152w, https:\/\/loudavymkrokem.cz\/wp-content\/uploads\/2026\/09\/getseman-1536x2048.jpg 1536w, https:\/\/loudavymkrokem.cz\/wp-content\/uploads\/2026\/09\/getseman-696x928.jpg 696w, https:\/\/loudavymkrokem.cz\/wp-content\/uploads\/2026\/09\/getseman-1392x1856.jpg 1392w\" sizes=\"(max-width: 1600px) 100vw, 1600px\" \/><button\n\t\t\tclass=\"lightbox-trigger\"\n\t\t\ttype=\"button\"\n\t\t\taria-haspopup=\"dialog\"\n\t\t\tdata-wp-bind--aria-label=\"state.thisImage.triggerButtonAriaLabel\"\n\t\t\tdata-wp-init=\"callbacks.initTriggerButton\"\n\t\t\tdata-wp-on--click=\"actions.showLightbox\"\n\t\t\tdata-wp-style--right=\"state.thisImage.buttonRight\"\n\t\t\tdata-wp-style--top=\"state.thisImage.buttonTop\"\n\t\t>\n\t\t\t<svg xmlns=\"http:\/\/www.w3.org\/2000\/svg\" width=\"12\" height=\"12\" fill=\"none\" viewBox=\"0 0 12 12\">\n\t\t\t\t<path fill=\"#fff\" d=\"M2 0a2 2 0 0 0-2 2v2h1.5V2a.5.5 0 0 1 .5-.5h2V0H2Zm2 10.5H2a.5.5 0 0 1-.5-.5V8H0v2a2 2 0 0 0 2 2h2v-1.5ZM8 12v-1.5h2a.5.5 0 0 0 .5-.5V8H12v2a2 2 0 0 1-2 2H8Zm2-12a2 2 0 0 1 2 2v2h-1.5V2a.5.5 0 0 0-.5-.5H8V0h2Z\" \/>\n\t\t\t<\/svg>\n\t\t<\/button><figcaption class=\"wp-element-caption\">Foto: Daniel Rivera Pimienta \/ Google Maps<\/figcaption><\/figure>\n\n\n\n<h3 class=\"wp-block-heading\"><span class=\"ez-toc-section\" id=\"9_Getsemani_e_la_street_art\"><\/span>9. Getseman\u00ed e la street art<span class=\"ez-toc-section-end\"><\/span><\/h3>\n\n\n\n<p class=\"wp-block-paragraph\">Mentre lo scintillante Centro Hist\u00f3rico \u00e8 raffinato e aristocratico, <strong>il vicino quartiere di Getseman\u00ed ha un&#8217;anima vera, selvaggia e vitale<\/strong>. Fino a poco tempo fa era un quartiere operaio e povero piuttosto pericoloso fuori dalle mura, dove ai turisti non era affatto consigliato andare, ma oggi \u00e8 di gran lunga la parte pi\u00f9 interessante, colorata e fotografata di tutta Cartagena.<\/p>\n\n\n\n<p class=\"wp-block-paragraph\">Qui le viuzze sono un po&#8217; pi\u00f9 strette che in centro e le facciate scrostate delle case fungono da enormi tele pittoriche. <strong>Qui trovi street art di prim&#8217;ordine e ben studiata<\/strong>, che riflette le radici africane della citt\u00e0, la cultura delle palenqueras e la rigogliosa flora locale. La pi\u00f9 famosa in assoluto \u00e8 la stretta viuzza Calle de la Sierpe, sopra la quale pendono centinaia di ombrelli colorati, oppure la viuzza piena di bandierine, dove nascono le foto pi\u00f9 belle di tutta la vacanza.<\/p>\n\n\n\n<p class=\"wp-block-paragraph\">Di giorno Getseman\u00ed \u00e8 sorprendentemente tranquillo (la gente sta seduta davanti alle case su sedie di plastica, gioca appassionatamente a domino e quasi non ti nota, il che dopo il continuo procacciamento del centro \u00e8 un bel sollievo). <strong>Proprio qui percepirai ancora quella vera atmosfera di comunit\u00e0<\/strong>, che dal centro pi\u00f9 scintillante e costoso purtroppo si \u00e8 ormai un po&#8217; persa.<\/p>\n\n\n\n<figure data-wp-context=\"{&quot;imageId&quot;:&quot;6a9c2823b2baa&quot;}\" data-wp-interactive=\"core\/image\" data-wp-key=\"6a9c2823b2baa\" class=\"wp-block-image size-full wp-lightbox-container\"><img decoding=\"async\" width=\"1600\" height=\"1200\" data-wp-class--hide=\"state.isContentHidden\" data-wp-class--show=\"state.isContentVisible\" data-wp-init=\"callbacks.setButtonStyles\" data-wp-on--click=\"actions.showLightbox\" data-wp-on--load=\"callbacks.setButtonStyles\" data-wp-on--pointerdown=\"actions.preloadImage\" data-wp-on--pointerenter=\"actions.preloadImageWithDelay\" data-wp-on--pointerleave=\"actions.cancelPreload\" data-wp-on-window--resize=\"callbacks.setButtonStyles\" src=\"https:\/\/loudavymkrokem.cz\/wp-content\/uploads\/2026\/09\/ve-ern-plaza-de-la-trinidad.jpg\" alt=\"Plaza de la Trinidad di sera\" class=\"wp-image-415715\" title=\"\" srcset=\"https:\/\/loudavymkrokem.cz\/wp-content\/uploads\/2026\/09\/ve-ern-plaza-de-la-trinidad.jpg 1600w, https:\/\/loudavymkrokem.cz\/wp-content\/uploads\/2026\/09\/ve-ern-plaza-de-la-trinidad-300x225.jpg 300w, https:\/\/loudavymkrokem.cz\/wp-content\/uploads\/2026\/09\/ve-ern-plaza-de-la-trinidad-700x525.jpg 700w, https:\/\/loudavymkrokem.cz\/wp-content\/uploads\/2026\/09\/ve-ern-plaza-de-la-trinidad-768x576.jpg 768w, https:\/\/loudavymkrokem.cz\/wp-content\/uploads\/2026\/09\/ve-ern-plaza-de-la-trinidad-1536x1152.jpg 1536w, https:\/\/loudavymkrokem.cz\/wp-content\/uploads\/2026\/09\/ve-ern-plaza-de-la-trinidad-80x60.jpg 80w, https:\/\/loudavymkrokem.cz\/wp-content\/uploads\/2026\/09\/ve-ern-plaza-de-la-trinidad-160x120.jpg 160w, https:\/\/loudavymkrokem.cz\/wp-content\/uploads\/2026\/09\/ve-ern-plaza-de-la-trinidad-696x522.jpg 696w, https:\/\/loudavymkrokem.cz\/wp-content\/uploads\/2026\/09\/ve-ern-plaza-de-la-trinidad-1392x1044.jpg 1392w\" sizes=\"(max-width: 1600px) 100vw, 1600px\" \/><button\n\t\t\tclass=\"lightbox-trigger\"\n\t\t\ttype=\"button\"\n\t\t\taria-haspopup=\"dialog\"\n\t\t\tdata-wp-bind--aria-label=\"state.thisImage.triggerButtonAriaLabel\"\n\t\t\tdata-wp-init=\"callbacks.initTriggerButton\"\n\t\t\tdata-wp-on--click=\"actions.showLightbox\"\n\t\t\tdata-wp-style--right=\"state.thisImage.buttonRight\"\n\t\t\tdata-wp-style--top=\"state.thisImage.buttonTop\"\n\t\t>\n\t\t\t<svg xmlns=\"http:\/\/www.w3.org\/2000\/svg\" width=\"12\" height=\"12\" fill=\"none\" viewBox=\"0 0 12 12\">\n\t\t\t\t<path fill=\"#fff\" d=\"M2 0a2 2 0 0 0-2 2v2h1.5V2a.5.5 0 0 1 .5-.5h2V0H2Zm2 10.5H2a.5.5 0 0 1-.5-.5V8H0v2a2 2 0 0 0 2 2h2v-1.5ZM8 12v-1.5h2a.5.5 0 0 0 .5-.5V8H12v2a2 2 0 0 1-2 2H8Zm2-12a2 2 0 0 1 2 2v2h-1.5V2a.5.5 0 0 0-.5-.5H8V0h2Z\" \/>\n\t\t\t<\/svg>\n\t\t<\/button><figcaption class=\"wp-element-caption\">Foto: Drixdel Prera \/ Google Maps<\/figcaption><\/figure>\n\n\n\n<h3 class=\"wp-block-heading\"><span class=\"ez-toc-section\" id=\"10_Plaza_de_la_Trinidad_di_sera\"><\/span>10. Plaza de la Trinidad di sera<span class=\"ez-toc-section-end\"><\/span><\/h3>\n\n\n\n<p class=\"wp-block-paragraph\">Se vuoi vivere sulla tua pelle la vera e autentica allegria caraibica, <strong>devi andare dopo il tramonto a Plaza de la Trinidad<\/strong>, proprio nel cuore del colorato quartiere di Getseman\u00ed. Di giorno \u00e8 uno spiazzo piuttosto anonimo davanti a una vecchia e scrostata chiesa gialla, ma appena tramonta il sole lo spazio si trasforma in un batter d&#8217;occhio nell&#8217;epicentro pulsante di tutta la citt\u00e0.<\/p>\n\n\n\n<p class=\"wp-block-paragraph\"><strong>Ogni sera qui si ritrova quasi mezzo quartiere, famiglie locali con bambini, backpacker da tutto il mondo e talentuosi artisti di strada<\/strong>. La gente sta seduta direttamente sui marciapiedi ancora caldi, compra birra fresca ed economica dal negozio vicino e assaggia l&#8217;ottimo cibo dei carretti di strada. Verso le otto di sera cominciano regolarmente coinvolgenti spettacoli di danza improvvisati, giocolieri con il fuoco o rumorosi concerti di band locali.<\/p>\n\n\n\n<p class=\"wp-block-paragraph\">Non serve affatto pagare costosi ingressi in club di lusso, perch\u00e9 <strong>la festa pi\u00f9 bella e autentica si svolge proprio in strada<\/strong>. \ud83d\udca1 <strong>Consiglio:<\/strong> fai per\u00f2 molta attenzione ai tuoi effetti personali, nella folla fitta possono muoversi indisturbati i borseggiatori, quindi tieni lo zaino sempre davanti a te e lascia gli oggetti di valore con il passaporto nella cassaforte dell&#8217;hotel.<\/p>\n\n\n\n<figure data-wp-context=\"{&quot;imageId&quot;:&quot;6a9c2823b327b&quot;}\" data-wp-interactive=\"core\/image\" data-wp-key=\"6a9c2823b327b\" class=\"wp-block-image size-full wp-lightbox-container\"><img decoding=\"async\" width=\"1600\" height=\"1600\" data-wp-class--hide=\"state.isContentHidden\" data-wp-class--show=\"state.isContentVisible\" data-wp-init=\"callbacks.setButtonStyles\" data-wp-on--click=\"actions.showLightbox\" data-wp-on--load=\"callbacks.setButtonStyles\" data-wp-on--pointerdown=\"actions.preloadImage\" data-wp-on--pointerenter=\"actions.preloadImageWithDelay\" data-wp-on--pointerleave=\"actions.cancelPreload\" data-wp-on-window--resize=\"callbacks.setButtonStyles\" src=\"https:\/\/loudavymkrokem.cz\/wp-content\/uploads\/2026\/09\/lenochodi-v-centenario-parku.jpg\" alt=\"Bradipi nel Centenario Park\" class=\"wp-image-415716\" title=\"\" srcset=\"https:\/\/loudavymkrokem.cz\/wp-content\/uploads\/2026\/09\/lenochodi-v-centenario-parku.jpg 1600w, https:\/\/loudavymkrokem.cz\/wp-content\/uploads\/2026\/09\/lenochodi-v-centenario-parku-300x300.jpg 300w, https:\/\/loudavymkrokem.cz\/wp-content\/uploads\/2026\/09\/lenochodi-v-centenario-parku-700x700.jpg 700w, https:\/\/loudavymkrokem.cz\/wp-content\/uploads\/2026\/09\/lenochodi-v-centenario-parku-150x150.jpg 150w, https:\/\/loudavymkrokem.cz\/wp-content\/uploads\/2026\/09\/lenochodi-v-centenario-parku-768x768.jpg 768w, https:\/\/loudavymkrokem.cz\/wp-content\/uploads\/2026\/09\/lenochodi-v-centenario-parku-1536x1536.jpg 1536w, https:\/\/loudavymkrokem.cz\/wp-content\/uploads\/2026\/09\/lenochodi-v-centenario-parku-696x696.jpg 696w, https:\/\/loudavymkrokem.cz\/wp-content\/uploads\/2026\/09\/lenochodi-v-centenario-parku-1392x1392.jpg 1392w\" sizes=\"(max-width: 1600px) 100vw, 1600px\" \/><button\n\t\t\tclass=\"lightbox-trigger\"\n\t\t\ttype=\"button\"\n\t\t\taria-haspopup=\"dialog\"\n\t\t\tdata-wp-bind--aria-label=\"state.thisImage.triggerButtonAriaLabel\"\n\t\t\tdata-wp-init=\"callbacks.initTriggerButton\"\n\t\t\tdata-wp-on--click=\"actions.showLightbox\"\n\t\t\tdata-wp-style--right=\"state.thisImage.buttonRight\"\n\t\t\tdata-wp-style--top=\"state.thisImage.buttonTop\"\n\t\t>\n\t\t\t<svg xmlns=\"http:\/\/www.w3.org\/2000\/svg\" width=\"12\" height=\"12\" fill=\"none\" viewBox=\"0 0 12 12\">\n\t\t\t\t<path fill=\"#fff\" d=\"M2 0a2 2 0 0 0-2 2v2h1.5V2a.5.5 0 0 1 .5-.5h2V0H2Zm2 10.5H2a.5.5 0 0 1-.5-.5V8H0v2a2 2 0 0 0 2 2h2v-1.5ZM8 12v-1.5h2a.5.5 0 0 0 .5-.5V8H12v2a2 2 0 0 1-2 2H8Zm2-12a2 2 0 0 1 2 2v2h-1.5V2a.5.5 0 0 0-.5-.5H8V0h2Z\" \/>\n\t\t\t<\/svg>\n\t\t<\/button><figcaption class=\"wp-element-caption\">Foto: Gustavo. A \/ Google Maps<\/figcaption><\/figure>\n\n\n\n<h3 class=\"wp-block-heading\"><span class=\"ez-toc-section\" id=\"11_Bradipi_nel_Centenario_Park\"><\/span>11. Bradipi nel Centenario Park<span class=\"ez-toc-section-end\"><\/span><\/h3>\n\n\n\n<p class=\"wp-block-paragraph\">Proprio al confine tra Getseman\u00ed e la citt\u00e0 vecchia si trova il <strong>Centenario Park (valutazione 4,4), apparentemente comune, che per\u00f2 nasconde un&#8217;enorme e inaspettata sorpresa naturale<\/strong>. La maggior parte dei turisti frettolosi lo attraversa solo rapidamente mentre va verso le mura e non ha la minima idea di cosa di meraviglioso si nasconda proprio sopra le loro teste, tra le fitte chiome degli imponenti alberi.<\/p>\n\n\n\n<p class=\"wp-block-paragraph\">Proprio nel centro della citt\u00e0 vivace e rumorosa, infatti, <strong>vivono in libert\u00e0 lenti bradipi, carine scimmiette (tamarini) ed enormi iguane preistoriche<\/strong>. Basta fermarsi un attimo, restare fermi in totale silenzio ed esaminare con cura i rami intricati sopra di te. Spesso vedrai le iguane crogiolarsi pigramente al sole proprio accanto al sentiero, mentre i bradipi di solito dormono profondamente, nascosti in alto tra le foglie.<\/p>\n\n\n\n<p class=\"wp-block-paragraph\">Se non riesci a trovare gli animali da solo nel fitto verde, <strong>spesso ti aiuteranno volentieri i venditori locali di noccioline o i guardiani fissi del parco<\/strong>, che sanno sempre esattamente su quale albero sta riposando l&#8217;intera famiglia di bradipi. \u00c8 un pezzo di giungla selvaggia assolutamente affascinante in mezzo al vivace traffico di cemento.<\/p>\n\n\n\n<figure data-wp-context=\"{&quot;imageId&quot;:&quot;6a9c2823b39a3&quot;}\" data-wp-interactive=\"core\/image\" data-wp-key=\"6a9c2823b39a3\" class=\"wp-block-image size-full wp-lightbox-container\"><img decoding=\"async\" width=\"1600\" height=\"1200\" data-wp-class--hide=\"state.isContentHidden\" data-wp-class--show=\"state.isContentVisible\" data-wp-init=\"callbacks.setButtonStyles\" data-wp-on--click=\"actions.showLightbox\" data-wp-on--load=\"callbacks.setButtonStyles\" data-wp-on--pointerdown=\"actions.preloadImage\" data-wp-on--pointerenter=\"actions.preloadImageWithDelay\" data-wp-on--pointerleave=\"actions.cancelPreload\" data-wp-on-window--resize=\"callbacks.setButtonStyles\" src=\"https:\/\/loudavymkrokem.cz\/wp-content\/uploads\/2026\/09\/z-convento-de-la-popa.jpg\" alt=\"Vista dal Convento de la Popa\" class=\"wp-image-415719\" title=\"\" srcset=\"https:\/\/loudavymkrokem.cz\/wp-content\/uploads\/2026\/09\/z-convento-de-la-popa.jpg 1600w, https:\/\/loudavymkrokem.cz\/wp-content\/uploads\/2026\/09\/z-convento-de-la-popa-300x225.jpg 300w, https:\/\/loudavymkrokem.cz\/wp-content\/uploads\/2026\/09\/z-convento-de-la-popa-700x525.jpg 700w, https:\/\/loudavymkrokem.cz\/wp-content\/uploads\/2026\/09\/z-convento-de-la-popa-768x576.jpg 768w, https:\/\/loudavymkrokem.cz\/wp-content\/uploads\/2026\/09\/z-convento-de-la-popa-1536x1152.jpg 1536w, https:\/\/loudavymkrokem.cz\/wp-content\/uploads\/2026\/09\/z-convento-de-la-popa-80x60.jpg 80w, https:\/\/loudavymkrokem.cz\/wp-content\/uploads\/2026\/09\/z-convento-de-la-popa-160x120.jpg 160w, https:\/\/loudavymkrokem.cz\/wp-content\/uploads\/2026\/09\/z-convento-de-la-popa-696x522.jpg 696w, https:\/\/loudavymkrokem.cz\/wp-content\/uploads\/2026\/09\/z-convento-de-la-popa-1392x1044.jpg 1392w\" sizes=\"(max-width: 1600px) 100vw, 1600px\" \/><button\n\t\t\tclass=\"lightbox-trigger\"\n\t\t\ttype=\"button\"\n\t\t\taria-haspopup=\"dialog\"\n\t\t\tdata-wp-bind--aria-label=\"state.thisImage.triggerButtonAriaLabel\"\n\t\t\tdata-wp-init=\"callbacks.initTriggerButton\"\n\t\t\tdata-wp-on--click=\"actions.showLightbox\"\n\t\t\tdata-wp-style--right=\"state.thisImage.buttonRight\"\n\t\t\tdata-wp-style--top=\"state.thisImage.buttonTop\"\n\t\t>\n\t\t\t<svg xmlns=\"http:\/\/www.w3.org\/2000\/svg\" width=\"12\" height=\"12\" fill=\"none\" viewBox=\"0 0 12 12\">\n\t\t\t\t<path fill=\"#fff\" d=\"M2 0a2 2 0 0 0-2 2v2h1.5V2a.5.5 0 0 1 .5-.5h2V0H2Zm2 10.5H2a.5.5 0 0 1-.5-.5V8H0v2a2 2 0 0 0 2 2h2v-1.5ZM8 12v-1.5h2a.5.5 0 0 0 .5-.5V8H12v2a2 2 0 0 1-2 2H8Zm2-12a2 2 0 0 1 2 2v2h-1.5V2a.5.5 0 0 0-.5-.5H8V0h2Z\" \/>\n\t\t\t<\/svg>\n\t\t<\/button><figcaption class=\"wp-element-caption\">Foto: Javier Ruiz \/ Google Maps<\/figcaption><\/figure>\n\n\n\n<h3 class=\"wp-block-heading\"><span class=\"ez-toc-section\" id=\"12_Vista_dal_Convento_de_la_Popa\"><\/span>12. Vista dal Convento de la Popa<span class=\"ez-toc-section-end\"><\/span><\/h3>\n\n\n\n<p class=\"wp-block-paragraph\">La <strong>vista migliore<\/strong> su tutta Cartagena? \u00c8 sulla collina pi\u00f9 alta della citt\u00e0, dove sorge l&#8217;antico <strong>convento Convento de la Popa<\/strong>. Questo splendido convento risale gi\u00e0 al 1607 e si erge a circa 150 metri sul livello del mare, quindi da qui vedrai come sul palmo di una mano sia la storica citt\u00e0 vecchia, sia i moderni grattacieli di Bocagrande, sia l&#8217;intreccio di canali d&#8217;acqua e i quartieri pi\u00f9 poveri della periferia.<\/p>\n\n\n\n<p class=\"wp-block-paragraph\">Il convento in s\u00e9 ha uno splendido e tranquillo cortile interno pieno di fiori sbocciati e una cappella piccola ma riccamente decorata. <strong>L&#8217;ingresso a tutto il complesso si aggira intorno agli 11.000-25.000 COP<\/strong> a seconda delle varie fonti e stagioni, quindi verifica assolutamente il prezzo attuale direttamente in loco. L&#8217;esperienza di quell&#8217;enorme altezza vale per\u00f2 decisamente il prezzo.<\/p>\n\n\n\n<p class=\"wp-block-paragraph\">\u26a0\ufe0f <strong>Fondamentale avviso di sicurezza:<\/strong> la strada verso il convento passa attraverso quartieri molto poveri e problematici e <strong>la salita a piedi \u00e8 vivamente sconsigliata agli stranieri per motivi di sicurezza<\/strong>. Si sale solo con un tour organizzato o con un taxi giallo, con cui devi accordarti in anticipo affinch\u00e9 ti aspetti circa 30 minuti in cima e ti riporti in sicurezza gi\u00f9 in centro.<\/p>\n\n\n\n<figure data-wp-context=\"{&quot;imageId&quot;:&quot;6a9c2823b4209&quot;}\" data-wp-interactive=\"core\/image\" data-wp-key=\"6a9c2823b4209\" class=\"wp-block-image size-full wp-lightbox-container\"><img decoding=\"async\" width=\"1600\" height=\"1200\" data-wp-class--hide=\"state.isContentHidden\" data-wp-class--show=\"state.isContentVisible\" data-wp-init=\"callbacks.setButtonStyles\" data-wp-on--click=\"actions.showLightbox\" data-wp-on--load=\"callbacks.setButtonStyles\" data-wp-on--pointerdown=\"actions.preloadImage\" data-wp-on--pointerenter=\"actions.preloadImageWithDelay\" data-wp-on--pointerleave=\"actions.cancelPreload\" data-wp-on-window--resize=\"callbacks.setButtonStyles\" src=\"https:\/\/loudavymkrokem.cz\/wp-content\/uploads\/2026\/09\/st-e-n-bary.jpg\" alt=\"Rooftop bar e viste di lusso\" class=\"wp-image-415721\" title=\"\" srcset=\"https:\/\/loudavymkrokem.cz\/wp-content\/uploads\/2026\/09\/st-e-n-bary.jpg 1600w, https:\/\/loudavymkrokem.cz\/wp-content\/uploads\/2026\/09\/st-e-n-bary-300x225.jpg 300w, https:\/\/loudavymkrokem.cz\/wp-content\/uploads\/2026\/09\/st-e-n-bary-700x525.jpg 700w, https:\/\/loudavymkrokem.cz\/wp-content\/uploads\/2026\/09\/st-e-n-bary-768x576.jpg 768w, https:\/\/loudavymkrokem.cz\/wp-content\/uploads\/2026\/09\/st-e-n-bary-1536x1152.jpg 1536w, https:\/\/loudavymkrokem.cz\/wp-content\/uploads\/2026\/09\/st-e-n-bary-80x60.jpg 80w, https:\/\/loudavymkrokem.cz\/wp-content\/uploads\/2026\/09\/st-e-n-bary-160x120.jpg 160w, https:\/\/loudavymkrokem.cz\/wp-content\/uploads\/2026\/09\/st-e-n-bary-696x522.jpg 696w, https:\/\/loudavymkrokem.cz\/wp-content\/uploads\/2026\/09\/st-e-n-bary-1392x1044.jpg 1392w\" sizes=\"(max-width: 1600px) 100vw, 1600px\" \/><button\n\t\t\tclass=\"lightbox-trigger\"\n\t\t\ttype=\"button\"\n\t\t\taria-haspopup=\"dialog\"\n\t\t\tdata-wp-bind--aria-label=\"state.thisImage.triggerButtonAriaLabel\"\n\t\t\tdata-wp-init=\"callbacks.initTriggerButton\"\n\t\t\tdata-wp-on--click=\"actions.showLightbox\"\n\t\t\tdata-wp-style--right=\"state.thisImage.buttonRight\"\n\t\t\tdata-wp-style--top=\"state.thisImage.buttonTop\"\n\t\t>\n\t\t\t<svg xmlns=\"http:\/\/www.w3.org\/2000\/svg\" width=\"12\" height=\"12\" fill=\"none\" viewBox=\"0 0 12 12\">\n\t\t\t\t<path fill=\"#fff\" d=\"M2 0a2 2 0 0 0-2 2v2h1.5V2a.5.5 0 0 1 .5-.5h2V0H2Zm2 10.5H2a.5.5 0 0 1-.5-.5V8H0v2a2 2 0 0 0 2 2h2v-1.5ZM8 12v-1.5h2a.5.5 0 0 0 .5-.5V8H12v2a2 2 0 0 1-2 2H8Zm2-12a2 2 0 0 1 2 2v2h-1.5V2a.5.5 0 0 0-.5-.5H8V0h2Z\" \/>\n\t\t\t<\/svg>\n\t\t<\/button><figcaption class=\"wp-element-caption\">Foto: Mario Ruiz De Somocurcio \/ Google Maps<\/figcaption><\/figure>\n\n\n\n<!-- LKM_GYG_CARD start q=\"cartagena\" lang=\"it\" rendered=\"2026-09-05T13:09:10+00:00\" v=\"1\" -->\n<style id=\"lk-gyg-styles\">\n@import url(\"https:\/\/fonts.googleapis.com\/css2?family=Playfair+Display:wght@700&family=DM+Sans:wght@300;400;500;600&display=swap\");\n\/* === LK GYG karty \u2014 CRO redesign 2026-05 (namespace .lkx-) ===\n   C\u00edl: vy\u0161\u0161\u00ed CTR (hero + v\u00fdrazn\u00fd social proof + ak\u010dn\u00ed CTA, m\u00e9n\u011b \"reklamn\u00ed\").\n   Injektuje se inline do prvn\u00edho markeru postu (refresh_cards.py --inline-css). *\/\n.lkx-module, .lkx-module *{box-sizing:border-box;margin:0;padding:0}\n.lkx-module{\n  font-family:'DM Sans',-apple-system,Segoe UI,Roboto,Georgia,sans-serif;\n  max-width:860px;margin:2.5rem auto;color:#1f2328;\n}\n\n\/* HEADER \u2014 lehk\u00fd editorsk\u00fd, \u017e\u00e1dn\u00fd bannerov\u00fd blok; nadpis + popisek pod n\u00edm *\/\n.lkx-head{margin-bottom:16px}\n.lkx-head-main{display:flex;align-items:center;gap:10px}\n.lkx-head-accent{width:26px;height:3px;border-radius:2px;background:#c39f76;flex-shrink:0}\n.lkx-head-title{font-family:'Playfair Display',Georgia,serif;font-size:21px;font-weight:700;color:#1a1a1a;line-height:1.25}\n.lkx-head-meta{display:block;font-size:11px;letter-spacing:.3px;color:#9aa0a6;margin-top:4px;margin-left:36px}\n\n\/* HERO *\/\n.lkx-hero{display:grid;grid-template-columns:300px 1fr;background:#fff;border:1px solid #ece7df;border-radius:14px;overflow:hidden;text-decoration:none!important;color:inherit;box-shadow:0 6px 20px rgba(0,0,0,.06);transition:box-shadow .2s,transform .2s;margin-bottom:14px}\n.lkx-hero:hover{box-shadow:0 12px 30px rgba(0,0,0,.12);transform:translateY(-2px)}\n.lkx-hero-img{position:relative;min-height:230px;background-size:cover;background-position:center;background-color:#eee}\n.lkx-hero-body{padding:22px 24px;display:flex;flex-direction:column}\n.lkx-pick{position:absolute;top:12px;left:12px;background:#1a1a1a;color:#fff;font-size:11px;font-weight:700;letter-spacing:.5px;padding:5px 11px;border-radius:20px}\n\n\/* TITLE *\/\n.lkx-title{font-size:19px;font-weight:700;color:#161616;line-height:1.3}\n.lkx-title-sm{font-size:14.5px;line-height:1.35;display:-webkit-box;-webkit-line-clamp:2;-webkit-box-orient:vertical;overflow:hidden}\n\n\/* SOCIAL PROOF \u2014 v\u00fdrazn\u011b, naho\u0159e *\/\n.lkx-proof{display:flex;align-items:center;gap:7px;margin-top:12px;font-size:15px;color:#3a3a3a}\n.lkx-proof b{font-size:16px;color:#161616}\n.lkx-stars{color:#f5a623;letter-spacing:1px}\n.lkx-proof-sm{font-size:12.5px;margin-top:8px;gap:5px}\n.lkx-proof-sm b{font-size:13px}\n.lkx-proof-new{color:#3685fc;font-weight:600}\n\n\/* PRICE \u2014 n\u00edzk\u00e1 kotva *\/\n.lkx-price{font-size:14px;color:#6b7280}\n.lkx-price b{font-size:20px;color:#161616;font-weight:700}\n.lkx-price-sm b{font-size:15px}\n\n\/* CTA \u2014 tepl\u00e9 ak\u010dn\u00ed tla\u010d\u00edtko *\/\n.lkx-cta{display:inline-flex;align-items:center;justify-content:center;text-decoration:none!important;font-weight:700;color:#fff!important;background:linear-gradient(135deg,#f6743f,#e8552a);border-radius:10px;box-shadow:0 6px 16px rgba(232,85,42,.32);transition:box-shadow .2s}\n.lkx-cta-hero{font-size:15px;padding:13px 22px}\n.lkx-hero:hover .lkx-cta-hero{box-shadow:0 8px 22px rgba(232,85,42,.45)}\n.lkx-cta-sm{font-size:12.5px;padding:9px 14px;width:100%;margin-top:2px}\n.lkx-hero-bottom{margin-top:auto;padding-top:18px;display:flex;align-items:center;justify-content:space-between;gap:14px;flex-wrap:wrap}\n\n\/* BADGE \u2014 jeden v\u00fdrazn\u00fd na fotce *\/\n.lkx-badge{position:absolute;top:12px;right:12px;font-size:10.5px;font-weight:700;letter-spacing:.3px;padding:5px 10px;border-radius:16px;color:#fff}\n.lkx-badge.badge-urgency{background:rgba(214,40,40,.92)}\n.lkx-badge.badge-new{background:rgba(54,133,252,.92)}\n.lkx-badge.badge-top{background:rgba(195,159,118,.95)}\n.lkx-badge.badge-info{background:rgba(40,40,40,.78)}\n\n\/* SECONDARY GRID *\/\n.lkx-grid{display:grid;grid-template-columns:1fr 1fr;gap:14px}\n.lkx-card{background:#fff;border:1px solid #ece7df;border-radius:14px;overflow:hidden;text-decoration:none!important;color:inherit;box-shadow:0 4px 14px rgba(0,0,0,.05);display:flex;flex-direction:column;transition:box-shadow .2s,transform .2s}\n.lkx-card:hover{box-shadow:0 10px 24px rgba(0,0,0,.1);transform:translateY(-2px)}\n.lkx-card-img{position:relative;aspect-ratio:16\/10;background-size:cover;background-position:center;background-color:#eee}\n.lkx-card-body{padding:14px 16px 16px;display:flex;flex-direction:column;gap:7px;flex:1}\n.lkx-card-bottom{margin-top:auto;padding-top:10px;display:flex;align-items:center;justify-content:space-between;gap:8px}\n\n\/* DISCLOSURE \u2014 drobn\u00e1, kv\u016fli d\u016fv\u011b\u0159e\/z\u00e1konu *\/\n.lkx-disclosure{font-size:11px;color:#a7adb3;text-align:center;margin-top:14px;line-height:1.6}\n.lkx-disclosure a{color:#c39f76;text-decoration:none}\n\n@media(max-width:680px){\n  .lkx-hero{grid-template-columns:1fr}\n  .lkx-hero-img{min-height:180px}\n  .lkx-grid{grid-template-columns:1fr}\n  .lkx-head-meta{margin-left:0;width:100%}\n  .lkx-head-title{font-size:19px}\n}\n\n<\/style>\n<div class=\"lkx-module\" data-query=\"cartagena\">\n  <div class=\"lkx-head\">\n    <div class=\"lkx-head-main\">\n      <span class=\"lkx-head-accent\"><\/span>\n      <span class=\"lkx-head-title\">Esperienze e biglietti<\/span>\n    <\/div>\n    <span class=\"lkx-head-meta\">valutato dai viaggiatori \u00b7 GetYourGuide<\/span>\n  <\/div><a class=\"lkx-hero\" href=\"https:\/\/www.getyourguide.com\/it-it\/bolivar-l578\/cartagena-5-highlight-imperdibili-delle-isole-del-rosario-con-pranzo-t497946\/?partner_id=MKZ64IS&amp;utm_medium=online_publisher&amp;cmp=cartagena-colombia-cosa-vedere\" target=\"_blank\" rel=\"sponsored noopener nofollow\">\n    <div class=\"lkx-hero-img\" style=\"background-image:url('https:\/\/cdn.getyourguide.com\/img\/tour\/3e7855e2de9521c901e39203ad7bd9296c10ec69ae845752a4bbca37f24bdcee.png\/132.jpg')\" role=\"img\" aria-label=\"Cartagena: tour a 5 fermate delle isole Rosario, pranzo e beach club\">\n      <span class=\"lkx-pick\">\u2605 La nostra scelta<\/span><\/div>\n    <div class=\"lkx-hero-body\">\n      <div class=\"lkx-title\">Cartagena: tour a 5 fermate delle isole Rosario, pranzo e beach club<\/div>\n      <div class=\"lkx-proof\">\n      <span class=\"lkx-stars\">\u2605\u2605\u2605\u2605\u2605<\/span>\n      <b>4.6<\/b> \u00b7 6 212 recensioni\n    <\/div>\n      <div class=\"lkx-hero-bottom\"><div class=\"lkx-price\">da <b>63\u00a0\u20ac<\/b><\/div><span class=\"lkx-cta lkx-cta-hero\">Voglio questa esperienza \u2192<\/span>\n      <\/div>\n    <\/div>\n  <\/a><div class=\"lkx-disclosure\">\ud83d\udd17 Link di affiliazione \u2014 nessun costo aggiuntivo per te, ci aiutano a creare contenuti. \u00b7 <a href=\"https:\/\/www.getyourguide.com\/it-it\/s\/?q=cartagena&amp;partner_id=MKZ64IS&amp;utm_medium=online_publisher\" target=\"_blank\" rel=\"sponsored noopener nofollow\">Tutte le esperienze \u2192<\/a><\/div>\n<\/div>\n<!-- LKM_GYG_CARD end -->\n\n\n\n\n<div class=\"lk-stays-module\">\n<style>\n\/* \u2500\u2500\u2500 RESET PRO GUTENBERG \u2500\u2500\u2500 *\/\n.lk-stays-module * { box-sizing: border-box; margin: 0; padding: 0; }\n\n\/* \u2500\u2500\u2500 WRAPPER \u2500\u2500\u2500 *\/\n.lk-stays-module {\n  font-family: 'DM Sans', Georgia, sans-serif;\n  max-width: 100%;\n  margin: 2.5rem auto;\n  background: linear-gradient(135deg, #fdfaf5 0%, #fcf8f0 100%);\n  border: 1px solid #e8dfd4;\n  border-radius: 16px;\n  overflow: hidden;\n  box-shadow: 0 16px 48px rgba(195, 159, 118, 0.25), 0 4px 12px rgba(0,0,0,0.08);\n}\n\n\/* \u2500\u2500\u2500 HEADER \u2500\u2500\u2500 *\/\n.lk-stays-header {\n  position: relative;\n  padding: 24px 36px 24px;\n  background: linear-gradient(135deg, #c39f76 0%, #d4b188 60%, #c39f76 100%);\n  border-bottom: 1px solid rgba(255,255,255,.15);\n  display: flex;\n  align-items: center;\n  gap: 18px;\n}\n.lk-stays-header::before {\n  content: '';\n  position: absolute;\n  inset: 0;\n  background: url(\"data:image\/svg+xml,%3Csvg width='60' height='60' viewBox='0 0 60 60' xmlns='http:\/\/www.w3.org\/2000\/svg'%3E%3Cg fill='none' fill-rule='evenodd'%3E%3Cg fill='%23ffffff' fill-opacity='0.05'%3E%3Cpath d='M36 34v-4h-2v4h-4v2h4v4h2v-4h4v-2h-4zm0-30V0h-2v4h-4v2h4v4h2V6h4V4h-4zM6 34v-4H4v4H0v2h4v4h2v-4h4v-2H6zM6 4V0H4v4H0v2h4v4h2V6h4V4H6z'\/%3E%3C\/g%3E%3C\/g%3E%3C\/svg%3E\") repeat;\n  pointer-events: none;\n}\n.lk-stays-icon {\n  flex-shrink: 0;\n  width: 68px;\n  height: 68px;\n  border-radius: 14px;\n  background: linear-gradient(135deg, #fff 0%, #f9f6f0 100%);\n  display: flex;\n  align-items: center;\n  justify-content: center;\n  font-size: 26px;\n  box-shadow: 0 4px 12px rgba(0,0,0,0.15);\n}\n.lk-stays-eyebrow {\n  font-size: 10px;\n  font-weight: 500;\n  letter-spacing: 2.5px;\n  text-transform: uppercase;\n  color: rgba(255,255,255,.85);\n  margin: 0 0 5px 0;\n}\n.lk-stays-title {\n  font-family: 'Playfair Display', Georgia, serif;\n  font-size: 24px;\n  font-weight: 700;\n  color: #fff;\n  line-height: 1.2;\n  text-shadow: 0 1px 2px rgba(0,0,0,0.1);\n  margin: 0;\n}\n.lk-stays-subtitle {\n  font-size: 13px;\n  color: rgba(255,255,255,.75);\n  margin: 4px 0 0 0;\n  font-weight: 300;\n}\n\n\/* \u2500\u2500\u2500 CARDS GRID \u2500\u2500\u2500 *\/\n.lk-stays-grid {\n  display: grid;\n  grid-template-columns: 1fr 1fr;\n  gap: 1px;\n  background: rgba(195, 159, 118, 0.12);\n}\n\n\/* \u2500\u2500\u2500 SINGLE CARD \u2500\u2500\u2500 *\/\n.lk-stay-card {\n  background: #ffffff;\n  padding: 26px;\n  display: flex;\n  flex-direction: column;\n  gap: 11px;\n  transition: all 0.3s ease;\n  text-decoration: none;\n  color: inherit;\n  position: relative;\n}\n.lk-stay-card:hover {\n  background: #fffbf5;\n  transform: translateY(-2px);\n  box-shadow: 0 8px 24px rgba(195, 159, 118, 0.18);\n  z-index: 1;\n}\n.lk-stay-card.featured {\n  background: linear-gradient(135deg, #fffdf9 0%, #fff9f0 100%);\n  box-shadow: 0 4px 16px rgba(195, 159, 118, 0.15), inset 0 1px 0 rgba(195, 159, 118, 0.1);\n}\n.lk-stay-card.featured:hover {\n  background: linear-gradient(135deg, #fffbf5 0%, #fff8ed 100%);\n  box-shadow: 0 8px 24px rgba(195, 159, 118, 0.25), inset 0 1px 0 rgba(195, 159, 118, 0.15);\n}\n\n.lk-stay-badge {\n  display: inline-flex;\n  align-items: center;\n  gap: 5px;\n  font-size: 10px;\n  font-weight: 500;\n  letter-spacing: 1.5px;\n  text-transform: uppercase;\n  padding: 5px 11px;\n  border-radius: 20px;\n  width: fit-content;\n}\n.badge-top     { background: linear-gradient(135deg, #c39f76 0%, #d4b188 100%); color: #fff; border: 1px solid #c39f76; font-weight: 600; box-shadow: 0 2px 8px rgba(195,159,118,0.3); }\n.badge-luxury  { background: rgba(195,159,118,.12); color: #c39f76; border: 1px solid rgba(195,159,118,.25); }\n.badge-boutique{ background: rgba(54,133,252,.08); color: #3685fc; border: 1px solid rgba(54,133,252,.2); }\n.badge-nature  { background: rgba(130,190,100,.1); color: #6b9c4a; border: 1px solid rgba(130,190,100,.2); }\n.badge-remote  { background: rgba(195,159,118,.12); color: #a67e50; border: 1px solid rgba(195,159,118,.25); }\n\n.lk-stay-name {\n  font-family: 'Playfair Display', Georgia, serif;\n  font-size: 18px;\n  font-weight: 700;\n  color: #111827;\n  line-height: 1.3;\n}\n.lk-stay-desc {\n  font-size: 13.5px;\n  color: #525252;\n  line-height: 1.65;\n  font-weight: 300;\n  flex: 1;\n}\n\n.lk-stay-meta {\n  display: flex;\n  align-items: center;\n  gap: 12px;\n  flex-wrap: wrap;\n  margin-top: 4px;\n}\n.lk-stay-price {\n  font-size: 13px;\n  color: #6b7280;\n}\n.lk-stay-price strong {\n  color: #c39f76;\n  font-weight: 500;\n}\n.lk-stay-stars {\n  color: #c39f76;\n  font-size: 11px;\n  letter-spacing: 1px;\n}\n\n\/* \u2500\u2500\u2500 CTA BUTTON \u2500\u2500\u2500 *\/\n.lk-stay-cta {\n  display: inline-flex;\n  align-items: center;\n  justify-content: center;\n  gap: 7px;\n  margin-top: 8px;\n  padding: 11px 20px;\n  border-radius: 8px;\n  background: linear-gradient(135deg, #3685fc 0%, #2a6fd9 100%);\n  color: #fff;\n  font-size: 13px;\n  font-weight: 500;\n  text-decoration: none;\n  letter-spacing: .3px;\n  transition: all .2s ease;\n  cursor: pointer;\n  border: none;\n  text-align: center;\n  box-shadow: 0 4px 12px rgba(54, 133, 252, 0.25);\n}\n.lk-stay-cta:hover {\n  background: linear-gradient(135deg, #2a6fd9 0%, #1e5bc4 100%);\n  transform: translateY(-1px);\n  box-shadow: 0 6px 16px rgba(54, 133, 252, 0.35);\n}\n.lk-stay-cta svg { flex-shrink: 0; }\n\n\/* \u2500\u2500\u2500 FOOTER \u2500\u2500\u2500 *\/\n.lk-stays-footer {\n  padding: 18px 36px;\n  background: linear-gradient(to bottom, #fdfaf5 0%, #f9f4ed 100%);\n  border-top: 1px solid rgba(195, 159, 118, 0.15);\n  display: flex;\n  align-items: center;\n  justify-content: space-between;\n  flex-wrap: wrap;\n  gap: 12px;\n}\n.lk-stays-footer-note {\n  font-size: 11.5px;\n  color: #6b7280;\n  font-weight: 300;\n  line-height: 1.5;\n}\n.lk-stays-footer-note a {\n  color: #c39f76;\n  text-decoration: none;\n  font-weight: 400;\n}\n.lk-stays-footer-note a:hover {\n  text-decoration: underline;\n}\n.lk-stays-all-btn {\n  display: inline-flex;\n  align-items: center;\n  gap: 6px;\n  font-size: 12.5px;\n  font-weight: 500;\n  color: #c39f76;\n  text-decoration: none;\n  border: 1px solid rgba(195, 159, 118, 0.35);\n  padding: 8px 18px;\n  border-radius: 8px;\n  transition: all .2s ease;\n}\n.lk-stays-all-btn:hover {\n  background: rgba(195, 159, 118, 0.08);\n  border-color: rgba(195, 159, 118, 0.5);\n}\n\n\/* \u2500\u2500\u2500 RESPONSIVE \u2500\u2500\u2500 *\/\n@media (max-width: 600px) {\n  .lk-stays-grid { grid-template-columns: 1fr; }\n  .lk-stays-header { padding: 24px 20px; }\n  .lk-stays-footer { padding: 16px 20px; }\n  .lk-stay-card { padding: 22px; }\n  .lk-stays-title { font-size: 20px; }\n}\n<\/style>\n\n  <!-- HEADER -->\n  <div class=\"lk-stays-header\">\n    <img decoding=\"async\" src=\"https:\/\/loudavymkrokem.cz\/wp-content\/uploads\/2026\/02\/lukas-a-lucka.jpg\" alt=\"\" style=\"width: 75px; height: 75px; border-radius: 8px; flex-shrink: 0; object-fit: cover; display: block; margin: 4px 0;\" title=\"\">\n    <div class=\"lk-stays-header-text\">\n      <div class=\"lk-stays-eyebrow\">Luk\u00e1\u0161 e Lucie raccomandano<\/div>\n      <div class=\"lk-stays-title\">Dove alloggiare a Cartagena<\/div>\n      <div class=\"lk-stays-subtitle\">4 alloggi \u2014 hotel wellness, hotel e altre opzioni di alloggio<\/div>\n    <\/div>\n  <\/div>\n\n  <!-- CARDS -->\n  <div class=\"lk-stays-grid\">\n\n    <a class=\"lk-stay-card featured\" href=\"https:\/\/www.stay22.com\/allez\/roam?aid=lukaskonecny&#038;campaign=loudavymkrokemcz&#038;campaign=it&#038;campaign=covidetvcartagene&#038;address=Cartagena&#038;hotelname=Hotel+Casa+San+Agustin&#038;search=Hotel+Casa+San+Agustin&#038;category=accommodation\" target=\"_blank\" rel=\"nofollow noopener\">\n      <span class=\"lk-stay-badge badge-top\">\u2b50 SCELTA TOP<\/span>\n      <span class=\"lk-stay-badge badge-nature\">\u2b50 Luxury<\/span>\n      <div class=\"lk-stay-name\">Hotel Casa San Agustin<\/div>\n      <div class=\"lk-stay-desc\">Lussuoso hotel boutique nel cuore del centro storico con un tranquillo cortile interno e una piscina integrata nelle antiche mura.<\/div>\n      <div class=\"lk-stay-meta\">\n        <span class=\"lk-stay-stars\">\u2605\u2605\u2605\u2605<\/span>\n        <span class=\"lk-stay-price\">Controlla i prezzi<\/span>\n      <\/div>\n      <span class=\"lk-stay-cta\">\n        <svg width=\"14\" height=\"14\" viewBox=\"0 0 24 24\" fill=\"none\" stroke=\"currentColor\" stroke-width=\"2\"><path d=\"M18 13v6a2 2 0 0 1-2 2H5a2 2 0 0 1-2-2V8a2 2 0 0 1 2-2h6\"\/><polyline points=\"15 3 21 3 21 9\"\/><line x1=\"10\" y1=\"14\" x2=\"21\" y2=\"3\"\/><\/svg>\n        Verifica disponibilit\u00e0\n      <\/span>\n    <\/a>\n\n    <a class=\"lk-stay-card\" href=\"https:\/\/www.stay22.com\/allez\/roam?aid=lukaskonecny&#038;campaign=loudavymkrokemcz&#038;campaign=it&#038;campaign=covidetvcartagene&#038;address=Cartagena&#038;hotelname=GHL+San+Lazaro+Art+Hotel&#038;search=GHL+San+Lazaro+Art+Hotel&#038;category=accommodation\" target=\"_blank\" rel=\"nofollow noopener\">\n      <span class=\"lk-stay-badge badge-nature\">\ud83c\udfe8 Hotel<\/span>\n      <div class=\"lk-stay-name\">GHL San Lazaro Art Hotel<\/div>\n      <div class=\"lk-stay-desc\">Hotel moderno con vista panoramica mozzafiato direttamente sul castello di San Felipe.<\/div>\n      <div class=\"lk-stay-meta\">\n        <span class=\"lk-stay-stars\">\u2605\u2605\u2605\u2605<\/span>\n        <span class=\"lk-stay-price\">Controlla i prezzi<\/span>\n      <\/div>\n      <span class=\"lk-stay-cta\">\n        <svg width=\"14\" height=\"14\" viewBox=\"0 0 24 24\" fill=\"none\" stroke=\"currentColor\" stroke-width=\"2\"><path d=\"M18 13v6a2 2 0 0 1-2 2H5a2 2 0 0 1-2-2V8a2 2 0 0 1 2-2h6\"\/><polyline points=\"15 3 21 3 21 9\"\/><line x1=\"10\" y1=\"14\" x2=\"21\" y2=\"3\"\/><\/svg>\n        Verifica disponibilit\u00e0\n      <\/span>\n    <\/a>\n\n    <a class=\"lk-stay-card\" href=\"https:\/\/www.stay22.com\/allez\/roam?aid=lukaskonecny&#038;campaign=loudavymkrokemcz&#038;campaign=it&#038;campaign=covidetvcartagene&#038;address=Cartagena&#038;hotelname=Sofitel+Legend+Santa+Clara&#038;search=Sofitel+Legend+Santa+Clara&#038;category=accommodation\" target=\"_blank\" rel=\"nofollow noopener\">\n      <span class=\"lk-stay-badge badge-nature\">\u2b50 Luxury<\/span>\n      <div class=\"lk-stay-name\">Sofitel Legend Santa Clara<\/div>\n      <div class=\"lk-stay-desc\">Una vera leggenda in un ex convento accuratamente restaurato con servizio di prima classe e stile coloniale.<\/div>\n      <div class=\"lk-stay-meta\">\n        <span class=\"lk-stay-stars\">\u2605\u2605\u2605\u2605<\/span>\n        <span class=\"lk-stay-price\">Controlla i prezzi<\/span>\n      <\/div>\n      <span class=\"lk-stay-cta\">\n        <svg width=\"14\" height=\"14\" viewBox=\"0 0 24 24\" fill=\"none\" stroke=\"currentColor\" stroke-width=\"2\"><path d=\"M18 13v6a2 2 0 0 1-2 2H5a2 2 0 0 1-2-2V8a2 2 0 0 1 2-2h6\"\/><polyline points=\"15 3 21 3 21 9\"\/><line x1=\"10\" y1=\"14\" x2=\"21\" y2=\"3\"\/><\/svg>\n        Verifica disponibilit\u00e0\n      <\/span>\n    <\/a>\n\n    <a class=\"lk-stay-card\" href=\"https:\/\/www.stay22.com\/allez\/roam?aid=lukaskonecny&#038;campaign=loudavymkrokemcz&#038;campaign=it&#038;campaign=covidetvcartagene&#038;address=cartagena\" target=\"_blank\" rel=\"nofollow noopener\">\n      <span class=\"lk-stay-badge badge-nature\">\ud83d\udd0d Cerca<\/span>\n      <div class=\"lk-stay-name\">Visualizza tutti gli alloggi a Cartagena<\/div>\n      <div class=\"lk-stay-desc\">Esplora tutte le opzioni di alloggio disponibili a Cartagena e trova la migliore in base alle tue preferenze e al tuo budget.<\/div>\n      <div class=\"lk-stay-meta\">\n        <span class=\"lk-stay-stars\">\u2605\u2605\u2605\u2605<\/span>\n        <span class=\"lk-stay-price\">Confronta i prezzi<\/span>\n      <\/div>\n      <span class=\"lk-stay-cta\">\n        <svg width=\"14\" height=\"14\" viewBox=\"0 0 24 24\" fill=\"none\" stroke=\"currentColor\" stroke-width=\"2\"><path d=\"M18 13v6a2 2 0 0 1-2 2H5a2 2 0 0 1-2-2V8a2 2 0 0 1 2-2h6\"\/><polyline points=\"15 3 21 3 21 9\"\/><line x1=\"10\" y1=\"14\" x2=\"21\" y2=\"3\"\/><\/svg>\n        Verifica disponibilit\u00e0\n      <\/span>\n    <\/a>\n\n  <\/div>\n\n  \n<\/div>\n\n\n\n\n<h3 class=\"wp-block-heading\"><span class=\"ez-toc-section\" id=\"13_Rooftop_bar_e_viste_di_lusso\"><\/span>13. Rooftop bar e viste di lusso<span class=\"ez-toc-section-end\"><\/span><\/h3>\n\n\n\n<p class=\"wp-block-paragraph\">Cartagena \u00e8 famosa in tutto il mondo per la sua sviluppata cultura dei rooftop bar, da cui la vista sulla citt\u00e0 illuminata di notte \u00e8 assolutamente mozzafiato. <strong>Il punto panoramico meglio valutato all&#8217;interno delle antiche mura \u00e8 il Mirador Gastro Bar (ottima valutazione 4,6)<\/strong>, dove puoi gustarti ottimi drink d&#8217;autore con vista diretta e libera sulla torre Torre del Reloj e sul viavai incessante della piazza proprio sotto di te.<\/p>\n\n\n\n<p class=\"wp-block-paragraph\">Se preferisci l&#8217;atmosfera pi\u00f9 rilassata e boh\u00e9mien del quartiere di Getseman\u00ed, <strong>dirigiti senz&#8217;altro verso il locale Baroca Sabor Ancestral (valutazione 4,8) o l&#8217;elegante Casa Pura Rooftop (valutazione 4,6)<\/strong>. Qui si mescolano in modo del tutto naturale i caldi ritmi caraibici con la mixology moderna e i tramonti serali sono assolutamente indimenticabili.<\/p>\n\n\n\n<p class=\"wp-block-paragraph\">Per i veri amanti delle altezze estreme c&#8217;\u00e8 poi l&#8217;<strong>esclusivo 51 Sky Bar nel moderno quartiere di Bocagrande (valutazione 4,2), di gran lunga il bar pi\u00f9 alto di tutta la citt\u00e0<\/strong>. La vista dal 51\u00b0 piano sulla luminosa citt\u00e0 vecchia e sull&#8217;oscuro oceano infinito \u00e8 incredibile, ma metti in conto che i prezzi dei drink qui corrispondono pienamente al lusso e all&#8217;esclusivit\u00e0 di questa location.<\/p>\n\n\n\n<figure data-wp-context=\"{&quot;imageId&quot;:&quot;6a9c2823b4be2&quot;}\" data-wp-interactive=\"core\/image\" data-wp-key=\"6a9c2823b4be2\" class=\"wp-block-image size-full wp-lightbox-container\"><img decoding=\"async\" width=\"1600\" height=\"1200\" data-wp-class--hide=\"state.isContentHidden\" data-wp-class--show=\"state.isContentVisible\" data-wp-init=\"callbacks.setButtonStyles\" data-wp-on--click=\"actions.showLightbox\" data-wp-on--load=\"callbacks.setButtonStyles\" data-wp-on--pointerdown=\"actions.preloadImage\" data-wp-on--pointerenter=\"actions.preloadImageWithDelay\" data-wp-on--pointerleave=\"actions.cancelPreload\" data-wp-on-window--resize=\"callbacks.setButtonStyles\" src=\"https:\/\/loudavymkrokem.cz\/wp-content\/uploads\/2026\/09\/insert-415557-14.jpg\" alt=\"Tramonto sulle mura al Caf\u00e9 del Mar\" class=\"wp-image-415915\" title=\"\" srcset=\"https:\/\/loudavymkrokem.cz\/wp-content\/uploads\/2026\/09\/insert-415557-14.jpg 1600w, https:\/\/loudavymkrokem.cz\/wp-content\/uploads\/2026\/09\/insert-415557-14-300x225.jpg 300w, https:\/\/loudavymkrokem.cz\/wp-content\/uploads\/2026\/09\/insert-415557-14-700x525.jpg 700w, https:\/\/loudavymkrokem.cz\/wp-content\/uploads\/2026\/09\/insert-415557-14-768x576.jpg 768w, https:\/\/loudavymkrokem.cz\/wp-content\/uploads\/2026\/09\/insert-415557-14-1536x1152.jpg 1536w, https:\/\/loudavymkrokem.cz\/wp-content\/uploads\/2026\/09\/insert-415557-14-80x60.jpg 80w, https:\/\/loudavymkrokem.cz\/wp-content\/uploads\/2026\/09\/insert-415557-14-160x120.jpg 160w, https:\/\/loudavymkrokem.cz\/wp-content\/uploads\/2026\/09\/insert-415557-14-696x522.jpg 696w, https:\/\/loudavymkrokem.cz\/wp-content\/uploads\/2026\/09\/insert-415557-14-1392x1044.jpg 1392w\" sizes=\"(max-width: 1600px) 100vw, 1600px\" \/><button\n\t\t\tclass=\"lightbox-trigger\"\n\t\t\ttype=\"button\"\n\t\t\taria-haspopup=\"dialog\"\n\t\t\tdata-wp-bind--aria-label=\"state.thisImage.triggerButtonAriaLabel\"\n\t\t\tdata-wp-init=\"callbacks.initTriggerButton\"\n\t\t\tdata-wp-on--click=\"actions.showLightbox\"\n\t\t\tdata-wp-style--right=\"state.thisImage.buttonRight\"\n\t\t\tdata-wp-style--top=\"state.thisImage.buttonTop\"\n\t\t>\n\t\t\t<svg xmlns=\"http:\/\/www.w3.org\/2000\/svg\" width=\"12\" height=\"12\" fill=\"none\" viewBox=\"0 0 12 12\">\n\t\t\t\t<path fill=\"#fff\" d=\"M2 0a2 2 0 0 0-2 2v2h1.5V2a.5.5 0 0 1 .5-.5h2V0H2Zm2 10.5H2a.5.5 0 0 1-.5-.5V8H0v2a2 2 0 0 0 2 2h2v-1.5ZM8 12v-1.5h2a.5.5 0 0 0 .5-.5V8H12v2a2 2 0 0 1-2 2H8Zm2-12a2 2 0 0 1 2 2v2h-1.5V2a.5.5 0 0 0-.5-.5H8V0h2Z\" \/>\n\t\t\t<\/svg>\n\t\t<\/button><figcaption class=\"wp-element-caption\">Foto: Teresa Alice Rossell Malinsky \/ Google Maps<\/figcaption><\/figure>\n\n\n\n<h3 class=\"wp-block-heading\"><span class=\"ez-toc-section\" id=\"14_Tramonto_sulle_mura_Cafe_del_Mar\"><\/span>14. Tramonto sulle mura (Caf\u00e9 del Mar)<span class=\"ez-toc-section-end\"><\/span><\/h3>\n\n\n\n<p class=\"wp-block-paragraph\">Non esiste forse rituale pi\u00f9 famoso e iconico in tutta Cartagena che <strong>guardare il tramonto del tardo pomeriggio direttamente dalle massicce mura storiche<\/strong>. Il fulcro tradizionale di questo evento quotidiano \u00e8 il celebre locale Caf\u00e9 del Mar, che occupa un enorme e strategico lembo delle fortificazioni con la vista in assoluto migliore sull&#8217;ampio oceano e sul disco solare che tramonta.<\/p>\n\n\n\n<p class=\"wp-block-paragraph\">Bisogna per\u00f2 dirla tutta con franchezza: <strong>i drink e il cibo in questo locale sono decisamente sovrapprezzati<\/strong> e spesso gi\u00e0 un&#8217;ora prima del tramonto si formano lunghissime code per un tavolo libero. La vista stessa fortunatamente non \u00e8 sovrapprezzata e tutti possono godersela. \ud83d\udca1 <strong>Consiglio:<\/strong> non devi affatto pagare per un costoso tavolo al ristorante. Basta sederti comodamente sul largo muretto di pietra delle mura proprio accanto al caff\u00e8, <strong>comprare una birra ghiacciata da un venditore ambulante a una frazione del prezzo<\/strong> e goderti un&#8217;esperienza del tutto identica, se non migliore e pi\u00f9 autentica, insieme agli abitanti locali.<\/p>\n\n\n\n<p class=\"wp-block-paragraph\">Che tu scelga un comodo tavolo nel locale o il romantico muretto, <strong>arriva sempre almeno un&#8217;ora prima del tramonto vero e proprio<\/strong>, perch\u00e9 i tratti con la vista migliore si riempiono a una velocit\u00e0 incredibile.<\/p>\n\n\n\n<figure data-wp-context=\"{&quot;imageId&quot;:&quot;6a9c2823b56f7&quot;}\" data-wp-interactive=\"core\/image\" data-wp-key=\"6a9c2823b56f7\" class=\"wp-block-image size-full wp-lightbox-container\"><img decoding=\"async\" width=\"1600\" height=\"1200\" data-wp-class--hide=\"state.isContentHidden\" data-wp-class--show=\"state.isContentVisible\" data-wp-init=\"callbacks.setButtonStyles\" data-wp-on--click=\"actions.showLightbox\" data-wp-on--load=\"callbacks.setButtonStyles\" data-wp-on--pointerdown=\"actions.preloadImage\" data-wp-on--pointerenter=\"actions.preloadImageWithDelay\" data-wp-on--pointerleave=\"actions.cancelPreload\" data-wp-on-window--resize=\"callbacks.setButtonStyles\" src=\"https:\/\/loudavymkrokem.cz\/wp-content\/uploads\/2026\/09\/pl-e-bocagrande.jpg\" alt=\"Spiagge di Bocagrande e Castillogrande (recensione onesta)\" class=\"wp-image-415723\" title=\"\" srcset=\"https:\/\/loudavymkrokem.cz\/wp-content\/uploads\/2026\/09\/pl-e-bocagrande.jpg 1600w, https:\/\/loudavymkrokem.cz\/wp-content\/uploads\/2026\/09\/pl-e-bocagrande-300x225.jpg 300w, https:\/\/loudavymkrokem.cz\/wp-content\/uploads\/2026\/09\/pl-e-bocagrande-700x525.jpg 700w, https:\/\/loudavymkrokem.cz\/wp-content\/uploads\/2026\/09\/pl-e-bocagrande-768x576.jpg 768w, https:\/\/loudavymkrokem.cz\/wp-content\/uploads\/2026\/09\/pl-e-bocagrande-1536x1152.jpg 1536w, https:\/\/loudavymkrokem.cz\/wp-content\/uploads\/2026\/09\/pl-e-bocagrande-80x60.jpg 80w, https:\/\/loudavymkrokem.cz\/wp-content\/uploads\/2026\/09\/pl-e-bocagrande-160x120.jpg 160w, https:\/\/loudavymkrokem.cz\/wp-content\/uploads\/2026\/09\/pl-e-bocagrande-696x522.jpg 696w, https:\/\/loudavymkrokem.cz\/wp-content\/uploads\/2026\/09\/pl-e-bocagrande-1392x1044.jpg 1392w\" sizes=\"(max-width: 1600px) 100vw, 1600px\" \/><button\n\t\t\tclass=\"lightbox-trigger\"\n\t\t\ttype=\"button\"\n\t\t\taria-haspopup=\"dialog\"\n\t\t\tdata-wp-bind--aria-label=\"state.thisImage.triggerButtonAriaLabel\"\n\t\t\tdata-wp-init=\"callbacks.initTriggerButton\"\n\t\t\tdata-wp-on--click=\"actions.showLightbox\"\n\t\t\tdata-wp-style--right=\"state.thisImage.buttonRight\"\n\t\t\tdata-wp-style--top=\"state.thisImage.buttonTop\"\n\t\t>\n\t\t\t<svg xmlns=\"http:\/\/www.w3.org\/2000\/svg\" width=\"12\" height=\"12\" fill=\"none\" viewBox=\"0 0 12 12\">\n\t\t\t\t<path fill=\"#fff\" d=\"M2 0a2 2 0 0 0-2 2v2h1.5V2a.5.5 0 0 1 .5-.5h2V0H2Zm2 10.5H2a.5.5 0 0 1-.5-.5V8H0v2a2 2 0 0 0 2 2h2v-1.5ZM8 12v-1.5h2a.5.5 0 0 0 .5-.5V8H12v2a2 2 0 0 1-2 2H8Zm2-12a2 2 0 0 1 2 2v2h-1.5V2a.5.5 0 0 0-.5-.5H8V0h2Z\" \/>\n\t\t\t<\/svg>\n\t\t<\/button><figcaption class=\"wp-element-caption\">Foto: Isabel Cristina V\u00e1squez Mej\u00eda \/ Google Maps<\/figcaption><\/figure>\n\n\n\n<h3 class=\"wp-block-heading\"><span class=\"ez-toc-section\" id=\"15_Spiagge_di_Bocagrande_e_Castillogrande_recensione_onesta\"><\/span>15. Spiagge di Bocagrande e Castillogrande (recensione onesta)<span class=\"ez-toc-section-end\"><\/span><\/h3>\n\n\n\n<p class=\"wp-block-paragraph\">Sulle spiagge situate direttamente in citt\u00e0 nelle guide si scrivono spesso illusioni romantiche piuttosto irrealistiche, quindi ecco la pura e non distorta verit\u00e0. <strong>La spiaggia cittadina Playa de Bocagrande ha s\u00ec su internet una valutazione di 4,3, ma l&#8217;acqua qui \u00e8 per lo pi\u00f9 torbida e marrone<\/strong>. \u00c8 un posto estremamente pratico se vuoi solo rinfrescarti velocemente a due passi dal tuo grattacielo-hotel, ma visivamente non \u00e8 di certo un paradiso caraibico e la spiaggia \u00e8 per di pi\u00f9 costantemente assediata da decine di venditori di massaggi e costosi ombrelloni.<\/p>\n\n\n\n<p class=\"wp-block-paragraph\">Una situazione decisamente migliore e pi\u00f9 sopportabile regna poco pi\u00f9 in l\u00e0, a <strong>Playa Castillogrande (valutazione 4,5)<\/strong>. Questa specifica parte della penisola \u00e8 molto pi\u00f9 tranquilla, ci vengono a passare il tempo prevalentemente famiglie locali e l&#8217;acqua qui \u00e8 un po&#8217; pi\u00f9 pulita e calma, anche se non aspettarti comunque quel vero colore turchese. \u00c8 per\u00f2 il posto ideale per una tranquilla passeggiata mattutina lungo il mare.<\/p>\n\n\n\n<p class=\"wp-block-paragraph\">Se vuoi passare tutto il giorno su una bella spiaggia con un libro in mano, <strong>direttamente in citt\u00e0 davvero non ne vale la pena<\/strong>. Per le vere spiagge caraibiche da catalogo devi spingerti un po&#8217; pi\u00f9 fuori citt\u00e0, o in barca verso le isole coralline, o in auto verso la popolare penisola di Bar\u00fa.<\/p>\n\n\n\n<figure data-wp-context=\"{&quot;imageId&quot;:&quot;6a9c2823b6167&quot;}\" data-wp-interactive=\"core\/image\" data-wp-key=\"6a9c2823b6167\" class=\"wp-block-image size-full wp-lightbox-container\"><img decoding=\"async\" width=\"1600\" height=\"1200\" data-wp-class--hide=\"state.isContentHidden\" data-wp-class--show=\"state.isContentVisible\" data-wp-init=\"callbacks.setButtonStyles\" data-wp-on--click=\"actions.showLightbox\" data-wp-on--load=\"callbacks.setButtonStyles\" data-wp-on--pointerdown=\"actions.preloadImage\" data-wp-on--pointerenter=\"actions.preloadImageWithDelay\" data-wp-on--pointerleave=\"actions.cancelPreload\" data-wp-on-window--resize=\"callbacks.setButtonStyles\" src=\"https:\/\/loudavymkrokem.cz\/wp-content\/uploads\/2026\/09\/islas-del-rosario.jpg\" alt=\"Islas del Rosario e la trappola per il portafoglio\" class=\"wp-image-415726\" title=\"\" srcset=\"https:\/\/loudavymkrokem.cz\/wp-content\/uploads\/2026\/09\/islas-del-rosario.jpg 1600w, https:\/\/loudavymkrokem.cz\/wp-content\/uploads\/2026\/09\/islas-del-rosario-300x225.jpg 300w, https:\/\/loudavymkrokem.cz\/wp-content\/uploads\/2026\/09\/islas-del-rosario-700x525.jpg 700w, https:\/\/loudavymkrokem.cz\/wp-content\/uploads\/2026\/09\/islas-del-rosario-768x576.jpg 768w, https:\/\/loudavymkrokem.cz\/wp-content\/uploads\/2026\/09\/islas-del-rosario-1536x1152.jpg 1536w, https:\/\/loudavymkrokem.cz\/wp-content\/uploads\/2026\/09\/islas-del-rosario-80x60.jpg 80w, https:\/\/loudavymkrokem.cz\/wp-content\/uploads\/2026\/09\/islas-del-rosario-160x120.jpg 160w, https:\/\/loudavymkrokem.cz\/wp-content\/uploads\/2026\/09\/islas-del-rosario-696x522.jpg 696w, https:\/\/loudavymkrokem.cz\/wp-content\/uploads\/2026\/09\/islas-del-rosario-1392x1044.jpg 1392w\" sizes=\"(max-width: 1600px) 100vw, 1600px\" \/><button\n\t\t\tclass=\"lightbox-trigger\"\n\t\t\ttype=\"button\"\n\t\t\taria-haspopup=\"dialog\"\n\t\t\tdata-wp-bind--aria-label=\"state.thisImage.triggerButtonAriaLabel\"\n\t\t\tdata-wp-init=\"callbacks.initTriggerButton\"\n\t\t\tdata-wp-on--click=\"actions.showLightbox\"\n\t\t\tdata-wp-style--right=\"state.thisImage.buttonRight\"\n\t\t\tdata-wp-style--top=\"state.thisImage.buttonTop\"\n\t\t>\n\t\t\t<svg xmlns=\"http:\/\/www.w3.org\/2000\/svg\" width=\"12\" height=\"12\" fill=\"none\" viewBox=\"0 0 12 12\">\n\t\t\t\t<path fill=\"#fff\" d=\"M2 0a2 2 0 0 0-2 2v2h1.5V2a.5.5 0 0 1 .5-.5h2V0H2Zm2 10.5H2a.5.5 0 0 1-.5-.5V8H0v2a2 2 0 0 0 2 2h2v-1.5ZM8 12v-1.5h2a.5.5 0 0 0 .5-.5V8H12v2a2 2 0 0 1-2 2H8Zm2-12a2 2 0 0 1 2 2v2h-1.5V2a.5.5 0 0 0-.5-.5H8V0h2Z\" \/>\n\t\t\t<\/svg>\n\t\t<\/button><figcaption class=\"wp-element-caption\">Foto: Frankoys23 \/ Google Maps<\/figcaption><\/figure>\n\n\n\n<h3 class=\"wp-block-heading\"><span class=\"ez-toc-section\" id=\"16_Islas_del_Rosario_e_la_trappola_per_il_portafoglio\"><\/span>16. Islas del Rosario e la trappola per il portafoglio<span class=\"ez-toc-section-end\"><\/span><\/h3>\n\n\n\n<p class=\"wp-block-paragraph\">Lo splendido arcipelago delle Islas del Rosario si trova in un <a href=\"https:\/\/www.parquesnacionales.gov.co\/\" rel=\"nofollow noopener\" target=\"_blank\">parco nazionale<\/a> protetto a meno di un&#8217;ora di motoscafo veloce da Cartagena ed \u00e8 finalmente il vero sogno caraibico con barriere coralline e sabbia bianca. <strong>C&#8217;\u00e8 per\u00f2 un&#8217;enorme fregatura turistica, su cui casca la maggior parte dei turisti impreparati (costi nascosti inaspettati)<\/strong>. Qualunque prezzo tu paghi in citt\u00e0 per la gita, quasi mai vi sono inclusi gli obbligatori diritti portuali.<\/p>\n\n\n\n<p class=\"wp-block-paragraph\"><strong>L&#8217;ingresso al parco nazionale ti costa circa 25.000-31.500 COP a persona e a questo si aggiunge l&#8217;assicurazione marittima obbligatoria di circa 8.800 COP<\/strong>. In tutto sono circa 40.000 COP, che <strong>devi pagare esclusivamente in contanti direttamente al molo<\/strong> prima di salire in barca. Se al momento non hai banconote con te, semplicemente non ti fanno salire sulla barca e la gita salta. \ud83d\udca1 <strong>Consiglio:<\/strong> preleva i contanti agli sportelli bancomat (affidabili sono Bancolombia o Davivienda) con calma gi\u00e0 il giorno prima, perch\u00e9 la mattina vicino al porto i bancomat sono spesso completamente vuoti.<\/p>\n\n\n\n<p class=\"wp-block-paragraph\">Le isole in s\u00e9 sono splendide e assolutamente ideali per lo <strong>snorkeling per tutta la giornata<\/strong>. Ti rovinerai per\u00f2 parecchio l&#8217;intera esperienza se la mattina, al rumoroso porto, litighi <strong>per i costi<\/strong> di cui l&#8217;agenzia non ti aveva detto proprio nulla in anticipo.<\/p>\n\n\n\n<figure data-wp-context=\"{&quot;imageId&quot;:&quot;6a9c2823b69d2&quot;}\" data-wp-interactive=\"core\/image\" data-wp-key=\"6a9c2823b69d2\" class=\"wp-block-image size-full wp-lightbox-container\"><img decoding=\"async\" width=\"1600\" height=\"1200\" data-wp-class--hide=\"state.isContentHidden\" data-wp-class--show=\"state.isContentVisible\" data-wp-init=\"callbacks.setButtonStyles\" data-wp-on--click=\"actions.showLightbox\" data-wp-on--load=\"callbacks.setButtonStyles\" data-wp-on--pointerdown=\"actions.preloadImage\" data-wp-on--pointerenter=\"actions.preloadImageWithDelay\" data-wp-on--pointerleave=\"actions.cancelPreload\" data-wp-on-window--resize=\"callbacks.setButtonStyles\" src=\"https:\/\/loudavymkrokem.cz\/wp-content\/uploads\/2026\/09\/ostrovn-beach-cluby.jpg\" alt=\"Beach club sulle isole (invece delle spiagge pubbliche)\" class=\"wp-image-415727\" title=\"\" srcset=\"https:\/\/loudavymkrokem.cz\/wp-content\/uploads\/2026\/09\/ostrovn-beach-cluby.jpg 1600w, https:\/\/loudavymkrokem.cz\/wp-content\/uploads\/2026\/09\/ostrovn-beach-cluby-300x225.jpg 300w, https:\/\/loudavymkrokem.cz\/wp-content\/uploads\/2026\/09\/ostrovn-beach-cluby-700x525.jpg 700w, https:\/\/loudavymkrokem.cz\/wp-content\/uploads\/2026\/09\/ostrovn-beach-cluby-768x576.jpg 768w, https:\/\/loudavymkrokem.cz\/wp-content\/uploads\/2026\/09\/ostrovn-beach-cluby-1536x1152.jpg 1536w, https:\/\/loudavymkrokem.cz\/wp-content\/uploads\/2026\/09\/ostrovn-beach-cluby-80x60.jpg 80w, https:\/\/loudavymkrokem.cz\/wp-content\/uploads\/2026\/09\/ostrovn-beach-cluby-160x120.jpg 160w, https:\/\/loudavymkrokem.cz\/wp-content\/uploads\/2026\/09\/ostrovn-beach-cluby-696x522.jpg 696w, https:\/\/loudavymkrokem.cz\/wp-content\/uploads\/2026\/09\/ostrovn-beach-cluby-1392x1044.jpg 1392w\" sizes=\"(max-width: 1600px) 100vw, 1600px\" \/><button\n\t\t\tclass=\"lightbox-trigger\"\n\t\t\ttype=\"button\"\n\t\t\taria-haspopup=\"dialog\"\n\t\t\tdata-wp-bind--aria-label=\"state.thisImage.triggerButtonAriaLabel\"\n\t\t\tdata-wp-init=\"callbacks.initTriggerButton\"\n\t\t\tdata-wp-on--click=\"actions.showLightbox\"\n\t\t\tdata-wp-style--right=\"state.thisImage.buttonRight\"\n\t\t\tdata-wp-style--top=\"state.thisImage.buttonTop\"\n\t\t>\n\t\t\t<svg xmlns=\"http:\/\/www.w3.org\/2000\/svg\" width=\"12\" height=\"12\" fill=\"none\" viewBox=\"0 0 12 12\">\n\t\t\t\t<path fill=\"#fff\" d=\"M2 0a2 2 0 0 0-2 2v2h1.5V2a.5.5 0 0 1 .5-.5h2V0H2Zm2 10.5H2a.5.5 0 0 1-.5-.5V8H0v2a2 2 0 0 0 2 2h2v-1.5ZM8 12v-1.5h2a.5.5 0 0 0 .5-.5V8H12v2a2 2 0 0 1-2 2H8Zm2-12a2 2 0 0 1 2 2v2h-1.5V2a.5.5 0 0 0-.5-.5H8V0h2Z\" \/>\n\t\t\t<\/svg>\n\t\t<\/button><figcaption class=\"wp-element-caption\">Foto: IBBIZA ISLAND BEACH CLUB \/ Google Maps<\/figcaption><\/figure>\n\n\n\n<h3 class=\"wp-block-heading\"><span class=\"ez-toc-section\" id=\"17_Beach_club_sulle_isole_invece_delle_spiagge_pubbliche\"><\/span>17. Beach club sulle isole (invece delle spiagge pubbliche)<span class=\"ez-toc-section-end\"><\/span><\/h3>\n\n\n\n<p class=\"wp-block-paragraph\">Invece di andare sulle solite spiagge pubbliche delle isole, spesso estremamente affollate, <strong>ti consiglio caldamente di prenotare il cosiddetto day pass in uno dei tanti beach club privati<\/strong>. \u00c8 pi\u00f9 caro, ma avrai il tuo lettino, acqua pulita e soprattutto pace dai venditori che altrimenti ti spronano a comprare souvenir ogni due minuti.<\/p>\n\n\n\n<p class=\"wp-block-paragraph\">Una scelta assolutamente eccellente \u00e8 il <strong>Capri Beach Club (fantastica valutazione 4,9) sull&#8217;isola Isla Grande<\/strong>, dove troverai pace perfetta, servizio ottimo e acqua turchese cristallina. Se cerchi piuttosto un&#8217;atmosfera moderna ed elegante da festa con ottima gastronomia e splendidi drink, dirigiti senz&#8217;altro verso il <strong>Blue Apple Beach (valutazione 4,7) sulla pi\u00f9 vicina isola Isla Tierra Bomba<\/strong>.<\/p>\n\n\n\n<p class=\"wp-block-paragraph\">Se proprio non hai voglia di viaggiare lontano in barca, ma vuoi comunque goderti il massimo comfort da spiaggia e i drink in riva all&#8217;acqua, direttamente in citt\u00e0, nel pi\u00f9 tranquillo quartiere di Manga, c&#8217;\u00e8 il <strong>club cittadino Bendita Beach (valutazione 4,7) con una bella piscina<\/strong>, dove ti coccoleranno tutto il giorno.<\/p>\n\n\n\n<figure data-wp-context=\"{&quot;imageId&quot;:&quot;6a9c2823b7407&quot;}\" data-wp-interactive=\"core\/image\" data-wp-key=\"6a9c2823b7407\" class=\"wp-block-image size-full wp-lightbox-container\"><img decoding=\"async\" width=\"1200\" height=\"675\" data-wp-class--hide=\"state.isContentHidden\" data-wp-class--show=\"state.isContentVisible\" data-wp-init=\"callbacks.setButtonStyles\" data-wp-on--click=\"actions.showLightbox\" data-wp-on--load=\"callbacks.setButtonStyles\" data-wp-on--pointerdown=\"actions.preloadImage\" data-wp-on--pointerenter=\"actions.preloadImageWithDelay\" data-wp-on--pointerleave=\"actions.cancelPreload\" data-wp-on-window--resize=\"callbacks.setButtonStyles\" src=\"https:\/\/loudavymkrokem.cz\/wp-content\/uploads\/2026\/09\/swap-415557-18-1bdf9f8e.png\" alt=\"Mangrovie presso il villaggio di pescatori La Boquilla\" class=\"wp-image-415927\" title=\"\" srcset=\"https:\/\/loudavymkrokem.cz\/wp-content\/uploads\/2026\/09\/swap-415557-18-1bdf9f8e.png 1200w, https:\/\/loudavymkrokem.cz\/wp-content\/uploads\/2026\/09\/swap-415557-18-1bdf9f8e-300x169.png 300w, https:\/\/loudavymkrokem.cz\/wp-content\/uploads\/2026\/09\/swap-415557-18-1bdf9f8e-700x394.png 700w, https:\/\/loudavymkrokem.cz\/wp-content\/uploads\/2026\/09\/swap-415557-18-1bdf9f8e-768x432.png 768w, https:\/\/loudavymkrokem.cz\/wp-content\/uploads\/2026\/09\/swap-415557-18-1bdf9f8e-696x392.png 696w\" sizes=\"(max-width: 1200px) 100vw, 1200px\" \/><button\n\t\t\tclass=\"lightbox-trigger\"\n\t\t\ttype=\"button\"\n\t\t\taria-haspopup=\"dialog\"\n\t\t\tdata-wp-bind--aria-label=\"state.thisImage.triggerButtonAriaLabel\"\n\t\t\tdata-wp-init=\"callbacks.initTriggerButton\"\n\t\t\tdata-wp-on--click=\"actions.showLightbox\"\n\t\t\tdata-wp-style--right=\"state.thisImage.buttonRight\"\n\t\t\tdata-wp-style--top=\"state.thisImage.buttonTop\"\n\t\t>\n\t\t\t<svg xmlns=\"http:\/\/www.w3.org\/2000\/svg\" width=\"12\" height=\"12\" fill=\"none\" viewBox=\"0 0 12 12\">\n\t\t\t\t<path fill=\"#fff\" d=\"M2 0a2 2 0 0 0-2 2v2h1.5V2a.5.5 0 0 1 .5-.5h2V0H2Zm2 10.5H2a.5.5 0 0 1-.5-.5V8H0v2a2 2 0 0 0 2 2h2v-1.5ZM8 12v-1.5h2a.5.5 0 0 0 .5-.5V8H12v2a2 2 0 0 1-2 2H8Zm2-12a2 2 0 0 1 2 2v2h-1.5V2a.5.5 0 0 0-.5-.5H8V0h2Z\" \/>\n\t\t\t<\/svg>\n\t\t<\/button><figcaption class=\"wp-element-caption\">Foto: ECOTOURS BOQUILLA \/ Google Maps<\/figcaption><\/figure>\n\n\n\n<h3 class=\"wp-block-heading\"><span class=\"ez-toc-section\" id=\"18_Il_villaggio_di_pescatori_La_Boquilla_e_le_mangrovie\"><\/span>18. Il villaggio di pescatori La Boquilla e le mangrovie<span class=\"ez-toc-section-end\"><\/span><\/h3>\n\n\n\n<p class=\"wp-block-paragraph\">Se vuoi vivere in citt\u00e0 qualcosa di completamente diverso dallo scintillante centro coloniale e allo stesso tempo vuoi sostenere con i tuoi soldi direttamente la comunit\u00e0 locale, <strong>dirigiti a nord della citt\u00e0 verso l&#8217;autentico villaggio di pescatori La Boquilla<\/strong>. Qui infatti conoscerai finalmente il volto pi\u00f9 genuino e molto pi\u00f9 tradizionale afro-colombiano di tutta la regione caraibica, ormai scomparso dal centro.<\/p>\n\n\n\n<p class=\"wp-block-paragraph\">L&#8217;attrazione principale qui \u00e8 l&#8217;<strong>affascinante gita in una tradizionale canoa di legno attraverso fittissime foreste di mangrovie<\/strong>. I pescatori locali esperti ti porteranno nell&#8217;intreccio di silenziosi canali d&#8217;acqua, dove puoi osservare da vicino eleganti aironi, granchi nascosti tra le radici e ascoltare il silenzio assoluto interrotto solo dal tranquillo sciacquio delle pagaie di legno.<\/p>\n\n\n\n<p class=\"wp-block-paragraph\">Questa discreta gita ecologica \u00e8 una delle poche esperienze a Cartagena in cui <strong>i tuoi soldi restano direttamente nelle mani della comunit\u00e0 locale<\/strong>, che si sforza con tutte le sue forze di mantenere la sua tradizionale attivit\u00e0 di pesca di fronte agli hotel moderni che si espandono in modo aggressivo nelle immediate vicinanze.<\/p>\n\n\n\n<figure data-wp-context=\"{&quot;imageId&quot;:&quot;6a9c2823b7bf5&quot;}\" data-wp-interactive=\"core\/image\" data-wp-key=\"6a9c2823b7bf5\" class=\"wp-block-image size-full wp-lightbox-container\"><img decoding=\"async\" width=\"1600\" height=\"1200\" data-wp-class--hide=\"state.isContentHidden\" data-wp-class--show=\"state.isContentVisible\" data-wp-init=\"callbacks.setButtonStyles\" data-wp-on--click=\"actions.showLightbox\" data-wp-on--load=\"callbacks.setButtonStyles\" data-wp-on--pointerdown=\"actions.preloadImage\" data-wp-on--pointerenter=\"actions.preloadImageWithDelay\" data-wp-on--pointerleave=\"actions.cancelPreload\" data-wp-on-window--resize=\"callbacks.setButtonStyles\" src=\"https:\/\/loudavymkrokem.cz\/wp-content\/uploads\/2026\/09\/swap-415557-19-48814361.jpg\" alt=\"Mercato Bazurto a Cartagena\" class=\"wp-image-415919\" title=\"\" srcset=\"https:\/\/loudavymkrokem.cz\/wp-content\/uploads\/2026\/09\/swap-415557-19-48814361.jpg 1600w, https:\/\/loudavymkrokem.cz\/wp-content\/uploads\/2026\/09\/swap-415557-19-48814361-300x225.jpg 300w, https:\/\/loudavymkrokem.cz\/wp-content\/uploads\/2026\/09\/swap-415557-19-48814361-700x525.jpg 700w, https:\/\/loudavymkrokem.cz\/wp-content\/uploads\/2026\/09\/swap-415557-19-48814361-768x576.jpg 768w, https:\/\/loudavymkrokem.cz\/wp-content\/uploads\/2026\/09\/swap-415557-19-48814361-1536x1152.jpg 1536w, https:\/\/loudavymkrokem.cz\/wp-content\/uploads\/2026\/09\/swap-415557-19-48814361-80x60.jpg 80w, https:\/\/loudavymkrokem.cz\/wp-content\/uploads\/2026\/09\/swap-415557-19-48814361-160x120.jpg 160w, https:\/\/loudavymkrokem.cz\/wp-content\/uploads\/2026\/09\/swap-415557-19-48814361-696x522.jpg 696w, https:\/\/loudavymkrokem.cz\/wp-content\/uploads\/2026\/09\/swap-415557-19-48814361-1392x1044.jpg 1392w\" sizes=\"(max-width: 1600px) 100vw, 1600px\" \/><button\n\t\t\tclass=\"lightbox-trigger\"\n\t\t\ttype=\"button\"\n\t\t\taria-haspopup=\"dialog\"\n\t\t\tdata-wp-bind--aria-label=\"state.thisImage.triggerButtonAriaLabel\"\n\t\t\tdata-wp-init=\"callbacks.initTriggerButton\"\n\t\t\tdata-wp-on--click=\"actions.showLightbox\"\n\t\t\tdata-wp-style--right=\"state.thisImage.buttonRight\"\n\t\t\tdata-wp-style--top=\"state.thisImage.buttonTop\"\n\t\t>\n\t\t\t<svg xmlns=\"http:\/\/www.w3.org\/2000\/svg\" width=\"12\" height=\"12\" fill=\"none\" viewBox=\"0 0 12 12\">\n\t\t\t\t<path fill=\"#fff\" d=\"M2 0a2 2 0 0 0-2 2v2h1.5V2a.5.5 0 0 1 .5-.5h2V0H2Zm2 10.5H2a.5.5 0 0 1-.5-.5V8H0v2a2 2 0 0 0 2 2h2v-1.5ZM8 12v-1.5h2a.5.5 0 0 0 .5-.5V8H12v2a2 2 0 0 1-2 2H8Zm2-12a2 2 0 0 1 2 2v2h-1.5V2a.5.5 0 0 0-.5-.5H8V0h2Z\" \/>\n\t\t\t<\/svg>\n\t\t<\/button><figcaption class=\"wp-element-caption\">Foto: Juan David \/ Google Maps<\/figcaption><\/figure>\n\n\n\n<h3 class=\"wp-block-heading\"><span class=\"ez-toc-section\" id=\"19_Bazurto_Market_solo_per_animi_forti\"><\/span>19. Bazurto Market (solo per animi forti)<span class=\"ez-toc-section-end\"><\/span><\/h3>\n\n\n\n<p class=\"wp-block-paragraph\">Il <strong>mercato di Bazurto<\/strong> \u00e8 enorme, rumoroso, caotico e a tratti sinceramente piuttosto sporco, e la valutazione media di 3,7 su oltre 12.000 recensioni dice tutto. Non \u00e8 un&#8217;attrazione turistica, \u00e8 <strong>la realt\u00e0 quotidiana della vita colombiana<\/strong>. Qui si vende assolutamente di tutto, dalla carne cruda appesa a ganci nel caldo torrido, a enormi montagne di frutta esotica, fino a vestiti di marca contraffatti ed elettronica.<\/p>\n\n\n\n<p class=\"wp-block-paragraph\"><strong>Andarci da soli \u00e8 del tutto sconsigliato agli stranieri per motivi di sicurezza<\/strong>, il labirinto di bancarelle \u00e8 estremamente confusionario e spesso qui, nella folla, operano indisturbati borseggiatori organizzati. Se vuoi vedere questo mercato autentico, <strong>vacci solo la mattina molto presto ed esclusivamente con una guida locale autorizzata<\/strong>, che sa esattamente da dove passare in sicurezza.<\/p>\n\n\n\n<p class=\"wp-block-paragraph\"><strong>Con una buona guida<\/strong> pu\u00f2 per\u00f2 essere un&#8217;esperienza del tutto affascinante, durante la quale assaggerai strana frutta esotica che non hai mai visto in vita tua e vedrai il vero volto, non turistico, della citt\u00e0 senza fronzoli. Per i normali acquisti di bei souvenir, per\u00f2, non venirci di certo, per quello sono <strong>migliori i mercati del centro<\/strong>.<\/p>\n\n\n\n<figure data-wp-context=\"{&quot;imageId&quot;:&quot;6a9c2823b8402&quot;}\" data-wp-interactive=\"core\/image\" data-wp-key=\"6a9c2823b8402\" class=\"wp-block-image size-full wp-lightbox-container\"><img decoding=\"async\" width=\"1600\" height=\"1200\" data-wp-class--hide=\"state.isContentHidden\" data-wp-class--show=\"state.isContentVisible\" data-wp-init=\"callbacks.setButtonStyles\" data-wp-on--click=\"actions.showLightbox\" data-wp-on--load=\"callbacks.setButtonStyles\" data-wp-on--pointerdown=\"actions.preloadImage\" data-wp-on--pointerenter=\"actions.preloadImageWithDelay\" data-wp-on--pointerleave=\"actions.cancelPreload\" data-wp-on-window--resize=\"callbacks.setButtonStyles\" src=\"https:\/\/loudavymkrokem.cz\/wp-content\/uploads\/2026\/09\/museo-del-chocolate.png\" alt=\"Museo del Chocolate e il cacao colombiano\" class=\"wp-image-415742\" title=\"\" srcset=\"https:\/\/loudavymkrokem.cz\/wp-content\/uploads\/2026\/09\/museo-del-chocolate.png 1600w, https:\/\/loudavymkrokem.cz\/wp-content\/uploads\/2026\/09\/museo-del-chocolate-300x225.png 300w, https:\/\/loudavymkrokem.cz\/wp-content\/uploads\/2026\/09\/museo-del-chocolate-700x525.png 700w, https:\/\/loudavymkrokem.cz\/wp-content\/uploads\/2026\/09\/museo-del-chocolate-768x576.png 768w, https:\/\/loudavymkrokem.cz\/wp-content\/uploads\/2026\/09\/museo-del-chocolate-1536x1152.png 1536w, https:\/\/loudavymkrokem.cz\/wp-content\/uploads\/2026\/09\/museo-del-chocolate-80x60.png 80w, https:\/\/loudavymkrokem.cz\/wp-content\/uploads\/2026\/09\/museo-del-chocolate-160x120.png 160w, https:\/\/loudavymkrokem.cz\/wp-content\/uploads\/2026\/09\/museo-del-chocolate-696x522.png 696w, https:\/\/loudavymkrokem.cz\/wp-content\/uploads\/2026\/09\/museo-del-chocolate-1392x1044.png 1392w\" sizes=\"(max-width: 1600px) 100vw, 1600px\" \/><button\n\t\t\tclass=\"lightbox-trigger\"\n\t\t\ttype=\"button\"\n\t\t\taria-haspopup=\"dialog\"\n\t\t\tdata-wp-bind--aria-label=\"state.thisImage.triggerButtonAriaLabel\"\n\t\t\tdata-wp-init=\"callbacks.initTriggerButton\"\n\t\t\tdata-wp-on--click=\"actions.showLightbox\"\n\t\t\tdata-wp-style--right=\"state.thisImage.buttonRight\"\n\t\t\tdata-wp-style--top=\"state.thisImage.buttonTop\"\n\t\t>\n\t\t\t<svg xmlns=\"http:\/\/www.w3.org\/2000\/svg\" width=\"12\" height=\"12\" fill=\"none\" viewBox=\"0 0 12 12\">\n\t\t\t\t<path fill=\"#fff\" d=\"M2 0a2 2 0 0 0-2 2v2h1.5V2a.5.5 0 0 1 .5-.5h2V0H2Zm2 10.5H2a.5.5 0 0 1-.5-.5V8H0v2a2 2 0 0 0 2 2h2v-1.5ZM8 12v-1.5h2a.5.5 0 0 0 .5-.5V8H12v2a2 2 0 0 1-2 2H8Zm2-12a2 2 0 0 1 2 2v2h-1.5V2a.5.5 0 0 0-.5-.5H8V0h2Z\" \/>\n\t\t\t<\/svg>\n\t\t<\/button><figcaption class=\"wp-element-caption\">Foto: Museo Del Chocolate Colombia &#8211; Cartagena \/ Google Maps<\/figcaption><\/figure>\n\n\n\n<h3 class=\"wp-block-heading\"><span class=\"ez-toc-section\" id=\"20_Museo_del_Chocolate_e_il_cacao_colombiano\"><\/span>20. Museo del Chocolate e il cacao colombiano<span class=\"ez-toc-section-end\"><\/span><\/h3>\n\n\n\n<p class=\"wp-block-paragraph\">La Colombia non produce per il mondo solo il suo celebre e ottimo caff\u00e8, ma anche un cacao assolutamente di prim&#8217;ordine e di qualit\u00e0. <strong>Se cerchi una bella esperienza (non solo) per famiglie con bambini, visita assolutamente il Museo del Chocolate (ottima valutazione 4,8)<\/strong> proprio nel centro storico della citt\u00e0. \u00c8 un museo piccolo ma splendidamente interattivo, che ti guider\u00e0 in modo coinvolgente attraverso tutto il complesso processo, dalla coltivazione delle fave di cacao alla produzione di una tavoletta di deliziosa cioccolata.<\/p>\n\n\n\n<p class=\"wp-block-paragraph\">Durante la visita profumata <strong>scoprirai tante sorprendenti curiosit\u00e0 sulla storia della cioccolata nelle culture precolombiane<\/strong> e alla fine ti aspetta ovviamente una ricca e molto generosa degustazione di vari tipi. Ideale per un pomeriggio caldo, e n\u00e9 i vegetariani n\u00e9 gli amanti della cioccolata se ne pentiranno di certo.<\/p>\n\n\n\n<p class=\"wp-block-paragraph\">Nel negozietto locale all&#8217;uscita puoi inoltre <strong>comprare i migliori souvenir commestibili in assoluto da portare a casa per la famiglia<\/strong>, dalle classiche cioccolate fondenti con alta percentuale di cacao ai delicati praline ripieni di frutta caraibica esotica.<\/p>\n\n\n\n<figure data-wp-context=\"{&quot;imageId&quot;:&quot;6a9c2823b8cd2&quot;}\" data-wp-interactive=\"core\/image\" data-wp-key=\"6a9c2823b8cd2\" class=\"wp-block-image size-full wp-lightbox-container\"><img decoding=\"async\" width=\"1600\" height=\"1200\" data-wp-class--hide=\"state.isContentHidden\" data-wp-class--show=\"state.isContentVisible\" data-wp-init=\"callbacks.setButtonStyles\" data-wp-on--click=\"actions.showLightbox\" data-wp-on--load=\"callbacks.setButtonStyles\" data-wp-on--pointerdown=\"actions.preloadImage\" data-wp-on--pointerenter=\"actions.preloadImageWithDelay\" data-wp-on--pointerleave=\"actions.cancelPreload\" data-wp-on-window--resize=\"callbacks.setButtonStyles\" src=\"https:\/\/loudavymkrokem.cz\/wp-content\/uploads\/2026\/09\/swap-415557-21-ea1b5cd5.jpg\" alt=\"Cibo di strada a Cartagena\" class=\"wp-image-415922\" title=\"\" srcset=\"https:\/\/loudavymkrokem.cz\/wp-content\/uploads\/2026\/09\/swap-415557-21-ea1b5cd5.jpg 1600w, https:\/\/loudavymkrokem.cz\/wp-content\/uploads\/2026\/09\/swap-415557-21-ea1b5cd5-300x225.jpg 300w, https:\/\/loudavymkrokem.cz\/wp-content\/uploads\/2026\/09\/swap-415557-21-ea1b5cd5-700x525.jpg 700w, https:\/\/loudavymkrokem.cz\/wp-content\/uploads\/2026\/09\/swap-415557-21-ea1b5cd5-768x576.jpg 768w, https:\/\/loudavymkrokem.cz\/wp-content\/uploads\/2026\/09\/swap-415557-21-ea1b5cd5-1536x1152.jpg 1536w, https:\/\/loudavymkrokem.cz\/wp-content\/uploads\/2026\/09\/swap-415557-21-ea1b5cd5-80x60.jpg 80w, https:\/\/loudavymkrokem.cz\/wp-content\/uploads\/2026\/09\/swap-415557-21-ea1b5cd5-160x120.jpg 160w, https:\/\/loudavymkrokem.cz\/wp-content\/uploads\/2026\/09\/swap-415557-21-ea1b5cd5-696x522.jpg 696w, https:\/\/loudavymkrokem.cz\/wp-content\/uploads\/2026\/09\/swap-415557-21-ea1b5cd5-1392x1044.jpg 1392w\" sizes=\"(max-width: 1600px) 100vw, 1600px\" \/><button\n\t\t\tclass=\"lightbox-trigger\"\n\t\t\ttype=\"button\"\n\t\t\taria-haspopup=\"dialog\"\n\t\t\tdata-wp-bind--aria-label=\"state.thisImage.triggerButtonAriaLabel\"\n\t\t\tdata-wp-init=\"callbacks.initTriggerButton\"\n\t\t\tdata-wp-on--click=\"actions.showLightbox\"\n\t\t\tdata-wp-style--right=\"state.thisImage.buttonRight\"\n\t\t\tdata-wp-style--top=\"state.thisImage.buttonTop\"\n\t\t>\n\t\t\t<svg xmlns=\"http:\/\/www.w3.org\/2000\/svg\" width=\"12\" height=\"12\" fill=\"none\" viewBox=\"0 0 12 12\">\n\t\t\t\t<path fill=\"#fff\" d=\"M2 0a2 2 0 0 0-2 2v2h1.5V2a.5.5 0 0 1 .5-.5h2V0H2Zm2 10.5H2a.5.5 0 0 1-.5-.5V8H0v2a2 2 0 0 0 2 2h2v-1.5ZM8 12v-1.5h2a.5.5 0 0 0 .5-.5V8H12v2a2 2 0 0 1-2 2H8Zm2-12a2 2 0 0 1 2 2v2h-1.5V2a.5.5 0 0 0-.5-.5H8V0h2Z\" \/>\n\t\t\t<\/svg>\n\t\t<\/button><figcaption class=\"wp-element-caption\">Foto: Bruno Ara\u00fajo Faria \/ Google Maps<\/figcaption><\/figure>\n\n\n\n<h3 class=\"wp-block-heading\"><span class=\"ez-toc-section\" id=\"21_Cibo_di_strada_e_sapori_caraibici\"><\/span>21. Cibo di strada e sapori caraibici<span class=\"ez-toc-section-end\"><\/span><\/h3>\n\n\n\n<p class=\"wp-block-paragraph\">La cucina caraibica sulla costa \u00e8 s\u00ec molto basata su pesce (branzino, ceviche) e frutti di mare, ma <strong>anche i pi\u00f9 convinti amanti della cucina vegetale qui in strada trovano tranquillamente il loro conto<\/strong>. Una certezza assoluta ed economica, che trovi a ogni angolo e che ti salva dalla fame, \u00e8 l&#8217;<strong>arepa de queso (una spessa focaccia di mais grigliata sul fuoco fino a diventare croccante e riempita di formaggio fuso)<\/strong>.<\/p>\n\n\n\n<p class=\"wp-block-paragraph\">Un altro contorno perfetto o snack salato veloce sono i <strong>patacones, ovvero pezzi di platano verde fritti due volte<\/strong>, che si servono spesso con salsa all&#8217;aglio o con l&#8217;ottimo hogao al pomodoro. Sono incredibilmente sazianti, unti e molto economici.<\/p>\n\n\n\n<p class=\"wp-block-paragraph\">L&#8217;indispensabile idratazione in questo caldo devastante la risolvi meglio con i <strong>jugos naturales (succhi di frutta freschi)<\/strong>. Ti consiglio caldamente di provare il lulo (uno strano sapore acidulo simile a kiwi e agrumi), il maracuj\u00e1 fresco o la dolcissima guan\u00e1bana. Se cerchi qualcosa di pi\u00f9 denso e cremoso, la <strong>limonada de coco (limonata al cocco con lime fresco)<\/strong> \u00e8 la migliore e pi\u00f9 rinfrescante invenzione caraibica al mondo. E ovviamente non dimenticare l&#8217;onnipresente agua de panela (acqua con zucchero di canna e limone).<\/p>\n\n\n\n<figure data-wp-context=\"{&quot;imageId&quot;:&quot;6a9c2823b9478&quot;}\" data-wp-interactive=\"core\/image\" data-wp-key=\"6a9c2823b9478\" class=\"wp-block-image size-full wp-lightbox-container\"><img decoding=\"async\" width=\"1600\" height=\"2133\" data-wp-class--hide=\"state.isContentHidden\" data-wp-class--show=\"state.isContentVisible\" data-wp-init=\"callbacks.setButtonStyles\" data-wp-on--click=\"actions.showLightbox\" data-wp-on--load=\"callbacks.setButtonStyles\" data-wp-on--pointerdown=\"actions.preloadImage\" data-wp-on--pointerenter=\"actions.preloadImageWithDelay\" data-wp-on--pointerleave=\"actions.cancelPreload\" data-wp-on-window--resize=\"callbacks.setButtonStyles\" src=\"https:\/\/loudavymkrokem.cz\/wp-content\/uploads\/2026\/09\/ctg22.jpg\" alt=\"Bistrot vegetariano a Getseman\u00ed a Cartagena\" class=\"wp-image-415768\" title=\"\" srcset=\"https:\/\/loudavymkrokem.cz\/wp-content\/uploads\/2026\/09\/ctg22.jpg 1600w, https:\/\/loudavymkrokem.cz\/wp-content\/uploads\/2026\/09\/ctg22-225x300.jpg 225w, https:\/\/loudavymkrokem.cz\/wp-content\/uploads\/2026\/09\/ctg22-700x933.jpg 700w, https:\/\/loudavymkrokem.cz\/wp-content\/uploads\/2026\/09\/ctg22-768x1024.jpg 768w, https:\/\/loudavymkrokem.cz\/wp-content\/uploads\/2026\/09\/ctg22-1152x1536.jpg 1152w, https:\/\/loudavymkrokem.cz\/wp-content\/uploads\/2026\/09\/ctg22-1536x2048.jpg 1536w, https:\/\/loudavymkrokem.cz\/wp-content\/uploads\/2026\/09\/ctg22-696x928.jpg 696w, https:\/\/loudavymkrokem.cz\/wp-content\/uploads\/2026\/09\/ctg22-1392x1856.jpg 1392w\" sizes=\"(max-width: 1600px) 100vw, 1600px\" \/><button\n\t\t\tclass=\"lightbox-trigger\"\n\t\t\ttype=\"button\"\n\t\t\taria-haspopup=\"dialog\"\n\t\t\tdata-wp-bind--aria-label=\"state.thisImage.triggerButtonAriaLabel\"\n\t\t\tdata-wp-init=\"callbacks.initTriggerButton\"\n\t\t\tdata-wp-on--click=\"actions.showLightbox\"\n\t\t\tdata-wp-style--right=\"state.thisImage.buttonRight\"\n\t\t\tdata-wp-style--top=\"state.thisImage.buttonTop\"\n\t\t>\n\t\t\t<svg xmlns=\"http:\/\/www.w3.org\/2000\/svg\" width=\"12\" height=\"12\" fill=\"none\" viewBox=\"0 0 12 12\">\n\t\t\t\t<path fill=\"#fff\" d=\"M2 0a2 2 0 0 0-2 2v2h1.5V2a.5.5 0 0 1 .5-.5h2V0H2Zm2 10.5H2a.5.5 0 0 1-.5-.5V8H0v2a2 2 0 0 0 2 2h2v-1.5ZM8 12v-1.5h2a.5.5 0 0 0 .5-.5V8H12v2a2 2 0 0 1-2 2H8Zm2-12a2 2 0 0 1 2 2v2h-1.5V2a.5.5 0 0 0-.5-.5H8V0h2Z\" \/>\n\t\t\t<\/svg>\n\t\t<\/button><figcaption class=\"wp-element-caption\">Foto: laura nebreda \/ Google Maps<\/figcaption><\/figure>\n\n\n\n<h3 class=\"wp-block-heading\"><span class=\"ez-toc-section\" id=\"22_Dove_mangiare_senza_carne_consigli_vegetariani\"><\/span>22. Dove mangiare senza carne (consigli vegetariani)<span class=\"ez-toc-section-end\"><\/span><\/h3>\n\n\n\n<p class=\"wp-block-paragraph\">Mentre la maggior parte dei comuni ristoranti turistici del centro serve soprattutto costose aragoste e carne di maiale fritta, <strong>in citt\u00e0 ci sono diversi locali fantastici e moderni con un approccio puramente vegetale<\/strong>. Ti consiglio caldamente di provare il <strong>Restaurante Sambal (fantastica valutazione 4,9)<\/strong> a Getseman\u00ed, un innovativo bistrot caraibico che sa reinterpretare i tradizionali sapori locali in modo eccellente e creativo in piatti puramente vegetali.<\/p>\n\n\n\n<p class=\"wp-block-paragraph\">Per un pranzo veloce, colorato e molto sano \u00e8 perfetto l&#8217;<strong>El Bolol\u00f3 | Bowls del Caribe (valutazione 4,8)<\/strong>, dove fanno enormi e sazianti bowl pieni di riso, fagioli, platani e verdura fresca. Un&#8217;altra vera gemma per i vegetariani che vogliono riposarsi dal cibo di strada fritto \u00e8 il bistrot <strong>SANATOco (valutazione 4,9)<\/strong> nel pi\u00f9 tranquillo quartiere di Manga.<\/p>\n\n\n\n<p class=\"wp-block-paragraph\">Se la sera hai voglia di qualcosa di molto pi\u00f9 moderno, <strong>un&#8217;ottima scelta \u00e8 il rinomato Pezetarian (valutazione 4,8)<\/strong>, che offre s\u00ec cucina asiatico-caraibica con pesce, ma ha anche un&#8217;enorme scelta di fantastici e saporiti bowl vegetali. Per una bella atmosfera romantica proprio in centro, visita poi la <strong>Casa Boh\u00eame (valutazione 4,7)<\/strong> o l&#8217;elegantissimo <strong>Restaurante Nami (valutazione 4,9)<\/strong>.<\/p>\n\n\n\n<h2 class=\"wp-block-heading\"><span class=\"ez-toc-section\" id=\"Dove_andare_da_Cartagena_gite_nei_dintorni\"><\/span>Dove andare da Cartagena (gite nei dintorni)<span class=\"ez-toc-section-end\"><\/span><\/h2>\n\n\n\n<p class=\"wp-block-paragraph\">Quando ti stancherai del continuo clacson dei taxi e dei procacciatori di souvenir, <strong>i dintorni di Cartagena<\/strong> ti offriranno un giorno o due in un mondo completamente diverso.<\/p>\n\n\n\n<ul class=\"wp-block-list\">\n\n<li><strong>San Basilio de Palenque:<\/strong> questa \u00e8 un&#8217;assoluta gemma storica <a href=\"https:\/\/ich.unesco.org\/en\/RL\/cultural-space-of-palenque-de-san-basilio-00102\" rel=\"nofollow noopener\" target=\"_blank\">protetta dall&#8217;UNESCO<\/a>. Si tratta del <strong>primissimo comune libero di schiavi africani fuggiti di tutta l&#8217;America<\/strong>, fondato con orgoglio gi\u00e0 nel 1691. Gli abitanti locali hanno conservato fino a oggi la propria lingua unica (palenquero) e secolari tradizioni africane. \u00c8 a circa un&#8217;ora e mezza dalla citt\u00e0 ed \u00e8 assolutamente necessario venirci con rispetto e idealmente con una guida proveniente da questa comunit\u00e0 locale.<\/li>\n\n\n\n<li><strong>Volc\u00e1n del Totumo:<\/strong> a circa un&#8217;ora di autobus a nord trovi questo &#8220;vulcano&#8221; di fango del tutto bizzarro. Sali per traballanti scale di legno su una piccola collina e <strong>ti immergi in un cratere pieno di fango denso e caldo<\/strong>, in cui, grazie alla densit\u00e0, non si pu\u00f2 affondare. \u00c8 una faccenda molto turistica e di massa, ma le foto da l\u00ec sono incredibilmente divertenti.<\/li>\n\n\n\n<li><strong>Penisola di Bar\u00fa e Playa Blanca:<\/strong> per la vera sabbia bianca e fine e l&#8217;acqua turchese devi spingerti circa un&#8217;ora fuori citt\u00e0. <strong>Playa Blanca \u00e8 davvero splendida, ma a mezzogiorno soffre di un enorme afflusso di persone<\/strong> da autobus e barche, quindi qui non ti riposerai. L&#8217;esperienza migliore la avrai se qui prenoti un alloggio semplice e ti godi la spiaggia in pace la mattina presto o al tramonto, quando tutte le folle tornano in citt\u00e0.<\/li>\n\n\n\n<li><strong>Santa Marta e il parco nazionale Tayrona:<\/strong> se in Colombia hai pi\u00f9 tempo e non prevedi solo una rapida sosta, spingiti circa 4 ore con un comodo autobus verso est. <strong>Non \u00e8 una meta per una gita in giornata da Cartagena<\/strong>, ma \u00e8 una tappa fantastica e necessaria del tuo viaggio. L\u00ec avrai accesso alla natura selvaggia e incontaminata delle montagne della Sierra Nevada e alle spiagge pi\u00f9 belle in assoluto del parco nazionale Tayrona.<\/li>\n\n\n<\/ul>\n\n\n\n<p class=\"wp-block-paragraph\">Quando <strong>pianifichi il tuo soggiorno<\/strong>, dai un&#8217;occhiata anche al nostro articolo dettagliato <a href=\"https:\/\/loudavymkrokem.cz\/it\/dove-alloggiare-cartagena-colombia\/\">Dove alloggiare a Cartagena<\/a>, dove analizziamo i singoli quartieri fin nell&#8217;ultimo dettaglio e ti consigliamo i <strong>migliori hotel<\/strong>. Dai un&#8217;occhiata anche alla nostra guida <a href=\"https:\/\/loudavymkrokem.cz\/co-videt-v-kolumbii\/\">Cosa vedere in Colombia<\/a>, cos\u00ec avrai tutto il viaggio ben pianificato, oppure leggi i nostri consigli su <a href=\"https:\/\/loudavymkrokem.cz\/bezpecnost-v-jizni-americe\/\">come gestire la sicurezza in Sud America<\/a>.<\/p>\n\n\n\n<h2 class=\"wp-block-heading\"><span class=\"ez-toc-section\" id=\"Domande_frequenti\"><\/span>Domande frequenti<span class=\"ez-toc-section-end\"><\/span><\/h2>\n\n\n\n<p class=\"wp-block-paragraph\"><strong>Pianificare un viaggio in Colombia<\/strong> porta sempre con s\u00e9 un sacco di punti interrogativi. Ecco le risposte alle <strong>domande pi\u00f9 frequenti<\/strong> che di sicuro ti passeranno per la testa prima della partenza.<\/p>\n\n\n<div id=\"rank-math-faq\" class=\"rank-math-block\">\n<div class=\"rank-math-list \">\n<div id=\"faq-question-1788422655000\" class=\"rank-math-list-item\">\n<h3 class=\"rank-math-question \"><span class=\"ez-toc-section\" id=\"Cartagena_e_sicura\"><\/span>Cartagena \u00e8 sicura?<span class=\"ez-toc-section-end\"><\/span><\/h3>\n<div class=\"rank-math-answer \">\n\n<p>Nel centro storico e nella vivace Getseman\u00ed (dove opera una forte e visibile polizia turistica) di giorno non dovete assolutamente aver paura, <strong>il rischio massimo sono le comuni truffe sui prezzi e i borseggiatori abili<\/strong>. Il problema principale, per\u00f2, \u00e8 rappresentato dalla movida notturna selvaggia. <strong>La somministrazione di scopolamina (&#8220;soffio del diavolo&#8221;) ai turisti a scopo di furto \u00e8 una minaccia assolutamente reale<\/strong>. Come ha segnalato ad esempio il governo canadese in un avviso di sicurezza del 9 luglio 2026, le app di incontri (Tinder, Bumble) rappresentano un rischio enorme, attraverso le quali gruppi organizzati attirano stranieri. Non lasciate mai il vostro drink incustodito e andate agli appuntamenti esclusivamente in locali pubblici e illuminati.<\/p>\n\n<\/div>\n<\/div>\n<div id=\"faq-question-1788422655001\" class=\"rank-math-list-item\">\n<h3 class=\"rank-math-question \"><span class=\"ez-toc-section\" id=\"Come_funziona_con_i_taxi_hanno_il_tassametro\"><\/span>Come funziona con i taxi, hanno il tassametro?<span class=\"ez-toc-section-end\"><\/span><\/h3>\n<div class=\"rank-math-answer \">\n\n<p>No, <strong>i taxi a Cartagena di solito non hanno affatto il tassametro<\/strong> e contano sulla scarsa conoscenza dei turisti. Se non concordate il prezzo in modo chiaro e preciso PRIMA di salire in macchina, alla fine della corsa pagherete sicuramente diverse volte il prezzo locale normale. Un&#8217;alternativa molto migliore e pi\u00f9 sicura \u00e8 <strong>usare le app moderne Uber, InDriver o DiDi<\/strong>, dove vedete il prezzo esatto in anticipo ed eliminate cos\u00ec lo stress della contrattazione per strada.<\/p>\n\n<\/div>\n<\/div>\n<div id=\"faq-question-1788422655002\" class=\"rank-math-list-item\">\n<h3 class=\"rank-math-question \"><span class=\"ez-toc-section\" id=\"Devo_andare_alle_isole_Rosario_o_a_Playa_Blanca\"><\/span>Devo andare alle isole Rosario o a Playa Blanca?<span class=\"ez-toc-section-end\"><\/span><\/h3>\n<div class=\"rank-math-answer \">\n\n<p>Dipende puramente da cosa cercate esattamente dall&#8217;escursione. <strong>Playa Blanca sulla penisola di Bar\u00fa \u00e8 pi\u00f9 lunga, complessivamente pi\u00f9 economica e ci arrivate anche via terra<\/strong>, ma a mezzogiorno \u00e8 semplicemente affollatissima e la spiaggia \u00e8 circondata da folle di venditori. <strong>Le Islas del Rosario sono incomparabilmente migliori per lo snorkeling<\/strong> e offrono un&#8217;atmosfera molto pi\u00f9 tranquilla nei beach club privati, ma dovete raggiungerle in motoscafo e si pagano quelle tariffe elevate e fastidiose per il parco nazionale e l&#8217;assicurazione.<\/p>\n\n<\/div>\n<\/div>\n<div id=\"faq-question-1788422655003\" class=\"rank-math-list-item\">\n<h3 class=\"rank-math-question \"><span class=\"ez-toc-section\" id=\"Come_liberarsi_efficacemente_dei_venditori_ambulanti\"><\/span>Come liberarsi efficacemente dei venditori ambulanti?<span class=\"ez-toc-section-end\"><\/span><\/h3>\n<div class=\"rank-math-answer \">\n\n<p>La base per sopravvivere per strada \u00e8 non fermarsi e non mostrare alcun interesse. <strong>Basta dire un &#8220;no, gracias&#8221; molto breve ma deciso e continuare a camminare senza contatto visivo<\/strong>. La regola fondamentale da ricordare: non prendete mai nulla dalle loro mani, nemmeno nel caso in cui dicano che \u00e8 solo un piccolo regalo da provare gratuitamente. Non appena avete la merce saldamente in mano, il venditore considera conclusa la vendita e vi chieder\u00e0 i soldi in modo molto aggressivo.<\/p>\n\n<\/div>\n<\/div>\n<div id=\"faq-question-1788422655004\" class=\"rank-math-list-item\">\n<h3 class=\"rank-math-question \"><span class=\"ez-toc-section\" id=\"A_Cartagena_si_paga_in_dollari_americani\"><\/span>A Cartagena si paga in dollari americani?<span class=\"ez-toc-section-end\"><\/span><\/h3>\n<div class=\"rank-math-answer \">\n\n<p>No, <strong>la valuta ufficiale \u00e8 il peso colombiano (COP)<\/strong> e tutto viene convertito in quella. Sebbene alcuni venditori per strada o tassisti possano accettare volentieri i dollari, il cambio che vi offriranno sar\u00e0 estremamente svantaggioso. Prelevate sempre i contanti direttamente dagli sportelli automatici (le grandi banche come Bancolombia o Davivienda sono affidabili e sicure), oppure cambiateli presso uffici di cambio ufficiali certificati. <strong>Non cambiate mai in nessun caso i soldi con persone direttamente per strada<\/strong>.<\/p>\n\n<\/div>\n<\/div>\n<div id=\"faq-question-1788422655005\" class=\"rank-math-list-item\">\n<h3 class=\"rank-math-question \"><span class=\"ez-toc-section\" id=\"A_Cartagena_si_puo_bere_lacqua_del_rubinetto\"><\/span>A Cartagena si pu\u00f2 bere l&#8217;acqua del rubinetto?<span class=\"ez-toc-section-end\"><\/span><\/h3>\n<div class=\"rank-math-answer \">\n\n<p>No, <strong>l&#8217;acqua del rubinetto per gli stranieri non \u00e8 assolutamente consigliata per bere<\/strong> e potrebbe rovinarvi l&#8217;intera vacanza. Comprate sempre acqua in bottiglia e assicuratevi che il tappo di plastica abbia il sigillo intatto. Per quanto riguarda il ghiaccio nelle bevande, nei ristoranti e bar ben recensiti non dovete assolutamente preoccuparvene, perch\u00e9 per la produzione del ghiaccio usano esclusivamente acqua purificata sicura dai dispenser.<\/p>\n\n<\/div>\n<\/div>\n<div id=\"faq-question-1788422655006\" class=\"rank-math-list-item\">\n<h3 class=\"rank-math-question \"><span class=\"ez-toc-section\" id=\"Quanti_giorni_servono_per_Cartagena\"><\/span>Quanti giorni servono per Cartagena?<span class=\"ez-toc-section-end\"><\/span><\/h3>\n<div class=\"rank-math-answer \">\n\n<p>Per visitare il centro storico, camminare sulle mura e esplorare il quartiere Getseman\u00ed <strong>saranno pi\u00f9 che sufficienti 2-3 giorni<\/strong>. Se per\u00f2 volete aggiungere un&#8217;escursione in barca di un&#8217;intera giornata alle isole coralline, una visita alla spiaggia di Bar\u00fa o l&#8217;affascinante escursione storica al villaggio di Palenque, <strong>la durata ideale e consigliata del soggiorno \u00e8 di 4-5 giorni<\/strong>, per godervi tutto con calma.<\/p>\n\n<\/div>\n<\/div>\n<\/div>\n<\/div>","protected":false},"excerpt":{"rendered":"<p>Stai per partire per la perla dei Caraibi colombiani? Scopri 22 consigli su cosa vedere a Cartagena, in Colombia, ed evita trappole per turisti e costi nascosti.<\/p>\n","protected":false},"author":3,"featured_media":415750,"comment_status":"open","ping_status":"open","sticky":false,"template":"","format":"standard","meta":{"_acf_changed":false,"footnotes":"","rank_math_title":"Cartagena, Colombia: 22 cose da vedere e fare","rank_math_description":"Cartagena, in Colombia: 22 consigli su cosa vedere e fare, come evitare trappole per turisti e costi nascosti. Scopri la perla dei Caraibi e pianifica ora!","rank_math_focus_keyword":"cartagena colombia","rank_math_seo_score":""},"categories":[722],"tags":[],"class_list":["post-417348","post","type-post","status-publish","format-standard","has-post-thumbnail","category-viaggi"],"acf":[],"featured_image_src":"https:\/\/loudavymkrokem.cz\/wp-content\/uploads\/2026\/09\/panorama-cartageny-fe41065f.jpg","author_info":{"display_name":"Lucie Kone\u010dn\u00e1","author_link":"https:\/\/loudavymkrokem.cz\/it\/author\/lucie-konecna\/"},"_links":{"self":[{"href":"https:\/\/loudavymkrokem.cz\/it\/wp-json\/wp\/v2\/posts\/417348","targetHints":{"allow":["GET"]}}],"collection":[{"href":"https:\/\/loudavymkrokem.cz\/it\/wp-json\/wp\/v2\/posts"}],"about":[{"href":"https:\/\/loudavymkrokem.cz\/it\/wp-json\/wp\/v2\/types\/post"}],"author":[{"embeddable":true,"href":"https:\/\/loudavymkrokem.cz\/it\/wp-json\/wp\/v2\/users\/3"}],"replies":[{"embeddable":true,"href":"https:\/\/loudavymkrokem.cz\/it\/wp-json\/wp\/v2\/comments?post=417348"}],"version-history":[{"count":3,"href":"https:\/\/loudavymkrokem.cz\/it\/wp-json\/wp\/v2\/posts\/417348\/revisions"}],"predecessor-version":[{"id":417351,"href":"https:\/\/loudavymkrokem.cz\/it\/wp-json\/wp\/v2\/posts\/417348\/revisions\/417351"}],"wp:featuredmedia":[{"embeddable":true,"href":"https:\/\/loudavymkrokem.cz\/it\/wp-json\/wp\/v2\/media\/415750"}],"wp:attachment":[{"href":"https:\/\/loudavymkrokem.cz\/it\/wp-json\/wp\/v2\/media?parent=417348"}],"wp:term":[{"taxonomy":"category","embeddable":true,"href":"https:\/\/loudavymkrokem.cz\/it\/wp-json\/wp\/v2\/categories?post=417348"},{"taxonomy":"post_tag","embeddable":true,"href":"https:\/\/loudavymkrokem.cz\/it\/wp-json\/wp\/v2\/tags?post=417348"}],"curies":[{"name":"wp","href":"https:\/\/api.w.org\/{rel}","templated":true}]}}