{"id":417342,"date":"2026-09-03T16:56:24","date_gmt":"2026-09-03T14:56:24","guid":{"rendered":"https:\/\/loudavymkrokem.cz\/vacanza-malta-cosa-vedere\/"},"modified":"2026-09-05T15:07:00","modified_gmt":"2026-09-05T13:07:00","slug":"vacanza-malta-cosa-vedere","status":"publish","type":"post","link":"https:\/\/loudavymkrokem.cz\/it\/vacanza-malta-cosa-vedere\/","title":{"rendered":"Vacanza a Malta: 24 cose da vedere e fare nel 2026"},"content":{"rendered":"\n<!-- lk-tldr -->\n<div class=\"lk-tldr\" style=\"background:#f7f5f0;border-left:4px solid #c39f76;border-radius:0 10px 10px 0;padding:14px 18px;margin:0 0 26px;font-size:15px;line-height:1.65;\"><strong style=\"display:block;font-size:12px;text-transform:uppercase;letter-spacing:.06em;color:#a9885a;margin-bottom:5px;\">TL;DR<\/strong>Malta \u00e8 lo stato pi\u00f9 piccolo dell&#8217;UE, ma concentra pi\u00f9 storia della maggior parte dei grandi Paesi e da Roma ci arrivi in circa due ore e mezza. <strong>La Valletta<\/strong> \u00e8 interamente patrimonio UNESCO, <strong>Mdina<\/strong> \u00e8 la citt\u00e0 silenziosa dietro le mura e i <strong>templi megalitici<\/strong> sono pi\u00f9 antichi delle piramidi. I mesi migliori sono <strong>maggio, giugno, settembre e ottobre<\/strong>; a luglio e agosto ci sono circa 30 \u00b0C e non piove quasi mai, il mare \u00e8 pi\u00f9 caldo ad agosto (27,8 \u00b0C) e a ottobre ha ancora 25 \u00b0C. \u26a0\ufe0f Malta non ha quasi spiagge di sabbia, ci si bagna soprattutto da scogli e piattaforme. L&#8217;inglese \u00e8 lingua ufficiale, si paga in euro e si guida a sinistra.<\/div>\n<!-- \/lk-tldr -->\n\n\n\n<!-- lk-navbar -->\n<div class=\"lk-navbar\" style=\"margin:0 0 28px;\"><div style=\"font-size:12px;text-transform:uppercase;letter-spacing:.06em;color:#a9885a;font-weight:700;margin-bottom:9px;\">Link rapidi<\/div><div style=\"display:flex;flex-wrap:wrap;gap:9px;\"><a href=\"#Kdy_jet_na_Maltu_pocasi_mesic_po_mesici\" style=\"background:#c39f76;color:#fff;border:1px solid #c39f76;font-weight:700;padding:9px 15px;border-radius:22px;font-size:14px;text-decoration:none;display:inline-block;line-height:1;\">\ud83c\udf21\ufe0f Quando andare<\/a><a href=\"#Co_videt_na_Malte_24_tipu_ktere_stoji_za_vas_cas\" style=\"background:#fff;color:#6b5a44;border:1px solid #e2d6c1;font-weight:600;padding:9px 15px;border-radius:22px;font-size:14px;text-decoration:none;display:inline-block;line-height:1;\">\ud83d\udccd 24 idee<\/a><a href=\"#Kde_se_ubytovat_na_Malte_nejlepsi_oblasti_a_konkretni_hotely\" style=\"background:#fff;color:#6b5a44;border:1px solid #e2d6c1;font-weight:600;padding:9px 15px;border-radius:22px;font-size:14px;text-decoration:none;display:inline-block;line-height:1;\">\ud83c\udfe8 Dove dormire<\/a><a href=\"#Co_jist_na_Malte_pruvodce_pro_vegetariany_i_ostatni\" style=\"background:#fff;color:#6b5a44;border:1px solid #e2d6c1;font-weight:600;padding:9px 15px;border-radius:22px;font-size:14px;text-decoration:none;display:inline-block;line-height:1;\">\ud83c\udf7d\ufe0f Cosa mangiare<\/a><a href=\"#Doprava_po_Malte_autobusy_trajekt_a_auto\" style=\"background:#fff;color:#6b5a44;border:1px solid #e2d6c1;font-weight:600;padding:9px 15px;border-radius:22px;font-size:14px;text-decoration:none;display:inline-block;line-height:1;\">\ud83d\ude8c Trasporti<\/a><a href=\"#Kolik_stoji_dovolena_na_Malte\" style=\"background:#fff;color:#6b5a44;border:1px solid #e2d6c1;font-weight:600;padding:9px 15px;border-radius:22px;font-size:14px;text-decoration:none;display:inline-block;line-height:1;\">\ud83d\udcb0 Prezzi<\/a><a href=\"#Casto_kladene_otazky\" style=\"background:#fff;color:#6b5a44;border:1px solid #e2d6c1;font-weight:600;padding:9px 15px;border-radius:22px;font-size:14px;text-decoration:none;display:inline-block;line-height:1;\">\u2753 FAQ<\/a><\/div><\/div>\n<!-- \/lk-navbar -->\n\n\n\n<p class=\"wp-block-paragraph\">Malta \u00e8 uno degli stati pi\u00f9 piccoli al mondo, ma su una superficie cos\u00ec ridotta dicono che si concentrino pi\u00f9 monumenti e pi\u00f9 storia della maggior parte dei grandi Paesi. Inoltre da Roma ci arrivi con un <strong>volo diretto in appena due ore e mezza<\/strong>, cos\u00ec eviti lunghi trasferimenti e puoi iniziare a esplorare quasi subito. Scendi dall&#8217;aereo in un piacevole tepore, senti l&#8217;inglese ovunque e capisci immediatamente che qui si guida a sinistra.<\/p>\n\n\n\n<p class=\"wp-block-paragraph\">Se ti attira una <strong>vacanza a Malta<\/strong>, sei finito nell&#8217;articolo giusto, pieno di informazioni pratiche. Ho preparato per te una guida dettagliata in cui vediamo insieme <strong>cosa vedere a Malta<\/strong>, quali luoghi non dovresti assolutamente saltare e a cosa fare attenzione in fase di pianificazione. I viaggiatori adorano questo arcipelago per la sua incredibile variet\u00e0, in cui i templi antichi si mescolano con il Mar Mediterraneo cristallino.<\/p>\n\n\n\n<p class=\"wp-block-paragraph\">Nelle righe che seguono trovi esattamente <strong>24 idee tra gite e attivit\u00e0<\/strong>, ma anche una tabella dettagliata del meteo mese per mese basata su dati decennali. Ti aiuter\u00f2 a scegliere un alloggio strategico, vedremo come funzionano i trasporti locali, i prezzi indicativi e aggiunger\u00f2 anche qualche consiglio su ottimo cibo per vegetariani.<\/p>\n\n\n\n<figure data-wp-context=\"{&quot;imageId&quot;:&quot;6a9c269480b5f&quot;}\" data-wp-interactive=\"core\/image\" data-wp-key=\"6a9c269480b5f\" class=\"wp-block-image size-full wp-lightbox-container\"><img decoding=\"async\" width=\"1500\" height=\"1000\" data-wp-class--hide=\"state.isContentHidden\" data-wp-class--show=\"state.isContentVisible\" data-wp-init=\"callbacks.setButtonStyles\" data-wp-on--click=\"actions.showLightbox\" data-wp-on--load=\"callbacks.setButtonStyles\" data-wp-on--pointerdown=\"actions.preloadImage\" data-wp-on--pointerenter=\"actions.preloadImageWithDelay\" data-wp-on--pointerleave=\"actions.cancelPreload\" data-wp-on-window--resize=\"callbacks.setButtonStyles\" src=\"https:\/\/loudavymkrokem.cz\/wp-content\/uploads\/2026\/08\/dovolena-malta-uvod.jpg\" alt=\"Balconi colorati nei vicoli della Valletta\" class=\"wp-image-399631\" title=\"\" srcset=\"https:\/\/loudavymkrokem.cz\/wp-content\/uploads\/2026\/08\/dovolena-malta-uvod.jpg 1500w, https:\/\/loudavymkrokem.cz\/wp-content\/uploads\/2026\/08\/dovolena-malta-uvod-300x200.jpg 300w, https:\/\/loudavymkrokem.cz\/wp-content\/uploads\/2026\/08\/dovolena-malta-uvod-700x467.jpg 700w, https:\/\/loudavymkrokem.cz\/wp-content\/uploads\/2026\/08\/dovolena-malta-uvod-768x512.jpg 768w, https:\/\/loudavymkrokem.cz\/wp-content\/uploads\/2026\/08\/dovolena-malta-uvod-696x464.jpg 696w, https:\/\/loudavymkrokem.cz\/wp-content\/uploads\/2026\/08\/dovolena-malta-uvod-1392x928.jpg 1392w\" sizes=\"(max-width: 1500px) 100vw, 1500px\" \/><button\n\t\t\tclass=\"lightbox-trigger\"\n\t\t\ttype=\"button\"\n\t\t\taria-haspopup=\"dialog\"\n\t\t\tdata-wp-bind--aria-label=\"state.thisImage.triggerButtonAriaLabel\"\n\t\t\tdata-wp-init=\"callbacks.initTriggerButton\"\n\t\t\tdata-wp-on--click=\"actions.showLightbox\"\n\t\t\tdata-wp-style--right=\"state.thisImage.buttonRight\"\n\t\t\tdata-wp-style--top=\"state.thisImage.buttonTop\"\n\t\t>\n\t\t\t<svg xmlns=\"http:\/\/www.w3.org\/2000\/svg\" width=\"12\" height=\"12\" fill=\"none\" viewBox=\"0 0 12 12\">\n\t\t\t\t<path fill=\"#fff\" d=\"M2 0a2 2 0 0 0-2 2v2h1.5V2a.5.5 0 0 1 .5-.5h2V0H2Zm2 10.5H2a.5.5 0 0 1-.5-.5V8H0v2a2 2 0 0 0 2 2h2v-1.5ZM8 12v-1.5h2a.5.5 0 0 0 .5-.5V8H12v2a2 2 0 0 1-2 2H8Zm2-12a2 2 0 0 1 2 2v2h-1.5V2a.5.5 0 0 0-.5-.5H8V0h2Z\" \/>\n\t\t\t<\/svg>\n\t\t<\/button><figcaption class=\"wp-element-caption\">Balconi colorati nei vicoli della Valletta (Foto: This photo was taken by Anton Zelenov.\nPlease credit this wi \/ Wikimedia Commons, CC BY-SA 4.0)<\/figcaption><\/figure>\n\n\n\n<div id=\"ez-toc-container\" class=\"ez-toc-v2_0_87 ez-toc-wrap-left counter-hierarchy ez-toc-counter ez-toc-grey ez-toc-container-direction\">\n<div class=\"ez-toc-title-container\">\n<p class=\"ez-toc-title\" style=\"cursor:inherit\">Contenuto dell&#039;articolo<\/p>\n<span class=\"ez-toc-title-toggle\"><a href=\"#\" class=\"ez-toc-pull-right ez-toc-btn ez-toc-btn-xs ez-toc-btn-default ez-toc-toggle\" aria-label=\"Toggle Table of Content\"><span class=\"ez-toc-js-icon-con\"><span class=\"\"><span class=\"eztoc-hide\" style=\"display:none;\">Toggle<\/span><span class=\"ez-toc-icon-toggle-span\"><svg style=\"fill: #999;color:#999\" xmlns=\"http:\/\/www.w3.org\/2000\/svg\" class=\"list-377408\" width=\"20px\" height=\"20px\" viewBox=\"0 0 24 24\" fill=\"none\"><path d=\"M6 6H4v2h2V6zm14 0H8v2h12V6zM4 11h2v2H4v-2zm16 0H8v2h12v-2zM4 16h2v2H4v-2zm16 0H8v2h12v-2z\" fill=\"currentColor\"><\/path><\/svg><svg style=\"fill: #999;color:#999\" class=\"arrow-unsorted-368013\" xmlns=\"http:\/\/www.w3.org\/2000\/svg\" width=\"10px\" height=\"10px\" viewBox=\"0 0 24 24\" version=\"1.2\" baseProfile=\"tiny\"><path d=\"M18.2 9.3l-6.2-6.3-6.2 6.3c-.2.2-.3.4-.3.7s.1.5.3.7c.2.2.4.3.7.3h11c.3 0 .5-.1.7-.3.2-.2.3-.5.3-.7s-.1-.5-.3-.7zM5.8 14.7l6.2 6.3 6.2-6.3c.2-.2.3-.5.3-.7s-.1-.5-.3-.7c-.2-.2-.4-.3-.7-.3h-11c-.3 0-.5.1-.7.3-.2.2-.3.5-.3.7s.1.5.3.7z\"\/><\/svg><\/span><\/span><\/span><\/a><\/span><\/div>\n<nav><ul class='ez-toc-list ez-toc-list-level-1 ' ><li class='ez-toc-page-1 ez-toc-heading-level-2'><a class=\"ez-toc-link ez-toc-heading-1\" href=\"https:\/\/loudavymkrokem.cz\/it\/vacanza-malta-cosa-vedere\/#Riassunto_se_non_hai_tempo_di_leggere_tutto\" >Riassunto, se non hai tempo di leggere tutto<\/a><\/li><li class='ez-toc-page-1 ez-toc-heading-level-2'><a class=\"ez-toc-link ez-toc-heading-2\" href=\"https:\/\/loudavymkrokem.cz\/it\/vacanza-malta-cosa-vedere\/#Perche_andare_a_Malta_e_per_chi_invece_non_e_lideale\" >Perch\u00e9 andare a Malta (e per chi invece non \u00e8 l&#8217;ideale)<\/a><ul class='ez-toc-list-level-3' ><li class='ez-toc-heading-level-3'><a class=\"ez-toc-link ez-toc-heading-3\" href=\"https:\/\/loudavymkrokem.cz\/it\/vacanza-malta-cosa-vedere\/#6_motivi_per_cui_ti_innamorerai_di_Malta\" >6 motivi per cui ti innamorerai di Malta<\/a><\/li><li class='ez-toc-page-1 ez-toc-heading-level-3'><a class=\"ez-toc-link ez-toc-heading-4\" href=\"https:\/\/loudavymkrokem.cz\/it\/vacanza-malta-cosa-vedere\/#A_chi_Malta_non_e_adatta\" >A chi Malta non \u00e8 adatta<\/a><\/li><\/ul><\/li><li class='ez-toc-page-1 ez-toc-heading-level-2'><a class=\"ez-toc-link ez-toc-heading-5\" href=\"https:\/\/loudavymkrokem.cz\/it\/vacanza-malta-cosa-vedere\/#Quando_andare_a_Malta_il_meteo_mese_per_mese\" >Quando andare a Malta: il meteo mese per mese<\/a><ul class='ez-toc-list-level-3' ><li class='ez-toc-heading-level-3'><a class=\"ez-toc-link ez-toc-heading-6\" href=\"https:\/\/loudavymkrokem.cz\/it\/vacanza-malta-cosa-vedere\/#I_mesi_migliori_secondo_il_tipo_di_vacanza\" >I mesi migliori secondo il tipo di vacanza<\/a><\/li><li class='ez-toc-page-1 ez-toc-heading-level-3'><a class=\"ez-toc-link ez-toc-heading-7\" href=\"https:\/\/loudavymkrokem.cz\/it\/vacanza-malta-cosa-vedere\/#Linverno_a_Malta_ne_vale_la_pena\" >L&#8217;inverno a Malta: ne vale la pena?<\/a><\/li><\/ul><\/li><li class='ez-toc-page-1 ez-toc-heading-level-2'><a class=\"ez-toc-link ez-toc-heading-8\" href=\"https:\/\/loudavymkrokem.cz\/it\/vacanza-malta-cosa-vedere\/#Cosa_vedere_a_Malta_24_idee_che_valgono_il_tuo_tempo\" >Cosa vedere a Malta: 24 idee che valgono il tuo tempo<\/a><ul class='ez-toc-list-level-3' ><li class='ez-toc-heading-level-3'><a class=\"ez-toc-link ez-toc-heading-9\" href=\"https:\/\/loudavymkrokem.cz\/it\/vacanza-malta-cosa-vedere\/#1_La_Valletta_la_capitale_piu_piccola_dellUE\" >1. La Valletta: la capitale pi\u00f9 piccola dell&#8217;UE<\/a><\/li><li class='ez-toc-page-1 ez-toc-heading-level-3'><a class=\"ez-toc-link ez-toc-heading-10\" href=\"https:\/\/loudavymkrokem.cz\/it\/vacanza-malta-cosa-vedere\/#2_La_Concattedrale_di_San_Giovanni_un_barocco_da_togliere_il_fiato\" >2. La Concattedrale di San Giovanni: un barocco da togliere il fiato<\/a><\/li><li class='ez-toc-page-1 ez-toc-heading-level-3'><a class=\"ez-toc-link ez-toc-heading-11\" href=\"https:\/\/loudavymkrokem.cz\/it\/vacanza-malta-cosa-vedere\/#3_Gli_Upper_Barrakka_Gardens_e_la_salva_di_mezzogiorno\" >3. Gli Upper Barrakka Gardens e la salva di mezzogiorno<\/a><\/li><li class='ez-toc-page-1 ez-toc-heading-level-3'><a class=\"ez-toc-link ez-toc-heading-12\" href=\"https:\/\/loudavymkrokem.cz\/it\/vacanza-malta-cosa-vedere\/#4_Grand_Harbour_il_porto_naturale_che_ha_cambiato_la_storia\" >4. Grand Harbour: il porto naturale che ha cambiato la storia<\/a><\/li><li class='ez-toc-page-1 ez-toc-heading-level-3'><a class=\"ez-toc-link ez-toc-heading-13\" href=\"https:\/\/loudavymkrokem.cz\/it\/vacanza-malta-cosa-vedere\/#5_Le_Tre_Citta_Vittoriosa_Senglea_e_Cospicua\" >5. Le Tre Citt\u00e0: Vittoriosa, Senglea e Cospicua<\/a><\/li><li class='ez-toc-page-1 ez-toc-heading-level-3'><a class=\"ez-toc-link ez-toc-heading-14\" href=\"https:\/\/loudavymkrokem.cz\/it\/vacanza-malta-cosa-vedere\/#6_Sliema_e_St_Julians_lungomare_shopping_e_vita_notturna\" >6. Sliema e St Julian&#8217;s: lungomare, shopping e vita notturna<\/a><\/li><li class='ez-toc-page-1 ez-toc-heading-level-3'><a class=\"ez-toc-link ez-toc-heading-15\" href=\"https:\/\/loudavymkrokem.cz\/it\/vacanza-malta-cosa-vedere\/#7_Mdina_la_citta_silenziosa_dietro_le_mura\" >7. Mdina: la citt\u00e0 silenziosa dietro le mura<\/a><\/li><li class='ez-toc-page-1 ez-toc-heading-level-3'><a class=\"ez-toc-link ez-toc-heading-16\" href=\"https:\/\/loudavymkrokem.cz\/it\/vacanza-malta-cosa-vedere\/#8_Rabat_e_le_catacombe_di_San_Paolo\" >8. Rabat e le catacombe di San Paolo<\/a><\/li><li class='ez-toc-page-1 ez-toc-heading-level-3'><a class=\"ez-toc-link ez-toc-heading-17\" href=\"https:\/\/loudavymkrokem.cz\/it\/vacanza-malta-cosa-vedere\/#9_La_Rotonda_di_Mosta_e_la_storia_della_bomba\" >9. La Rotonda di Mosta e la storia della bomba<\/a><\/li><li class='ez-toc-page-1 ez-toc-heading-level-3'><a class=\"ez-toc-link ez-toc-heading-18\" href=\"https:\/\/loudavymkrokem.cz\/it\/vacanza-malta-cosa-vedere\/#10_Dingli_Cliffs_le_scogliere_sulla_costa_occidentale\" >10. Dingli Cliffs: le scogliere sulla costa occidentale<\/a><\/li><li class='ez-toc-page-1 ez-toc-heading-level-3'><a class=\"ez-toc-link ez-toc-heading-19\" href=\"https:\/\/loudavymkrokem.cz\/it\/vacanza-malta-cosa-vedere\/#11_Mosta_Naxxar_e_Palazzo_Parisio\" >11. Mosta, Naxxar e Palazzo Parisio<\/a><\/li><li class='ez-toc-page-1 ez-toc-heading-level-3'><a class=\"ez-toc-link ez-toc-heading-20\" href=\"https:\/\/loudavymkrokem.cz\/it\/vacanza-malta-cosa-vedere\/#12_Ta_Qali_e_il_villaggio_degli_artigiani\" >12. Ta&#8217; Qali e il villaggio degli artigiani<\/a><\/li><li class='ez-toc-page-1 ez-toc-heading-level-3'><a class=\"ez-toc-link ez-toc-heading-21\" href=\"https:\/\/loudavymkrokem.cz\/it\/vacanza-malta-cosa-vedere\/#13_Marsaxlokk_il_villaggio_di_pescatori_con_le_barche_colorate\" >13. Marsaxlokk: il villaggio di pescatori con le barche colorate<\/a><\/li><li class='ez-toc-page-1 ez-toc-heading-level-3'><a class=\"ez-toc-link ez-toc-heading-22\" href=\"https:\/\/loudavymkrokem.cz\/it\/vacanza-malta-cosa-vedere\/#14_La_Grotta_Azzurra_Blue_Grotto\" >14. La Grotta Azzurra (Blue Grotto)<\/a><\/li><li class='ez-toc-page-1 ez-toc-heading-level-3'><a class=\"ez-toc-link ez-toc-heading-23\" href=\"https:\/\/loudavymkrokem.cz\/it\/vacanza-malta-cosa-vedere\/#15_Hagar_Qim_e_Mnajdra_templi_piu_antichi_delle_piramidi\" >15. \u0126a\u0121ar Qim e Mnajdra: templi pi\u00f9 antichi delle piramidi<\/a><\/li><li class='ez-toc-page-1 ez-toc-heading-level-3'><a class=\"ez-toc-link ez-toc-heading-24\" href=\"https:\/\/loudavymkrokem.cz\/it\/vacanza-malta-cosa-vedere\/#16_St_Peters_Pool_la_piscina_naturale_nella_roccia\" >16. St Peter&#8217;s Pool: la piscina naturale nella roccia<\/a><\/li><li class='ez-toc-page-1 ez-toc-heading-level-3'><a class=\"ez-toc-link ez-toc-heading-25\" href=\"https:\/\/loudavymkrokem.cz\/it\/vacanza-malta-cosa-vedere\/#17_LIpogeo_di_Hal_Saflieni\" >17. L&#8217;Ipogeo di \u0126al Saflieni<\/a><\/li><li class='ez-toc-page-1 ez-toc-heading-level-3'><a class=\"ez-toc-link ez-toc-heading-26\" href=\"https:\/\/loudavymkrokem.cz\/it\/vacanza-malta-cosa-vedere\/#18_La_Laguna_Blu_di_Comino\" >18. La Laguna Blu di Comino<\/a><\/li><li class='ez-toc-page-1 ez-toc-heading-level-3'><a class=\"ez-toc-link ez-toc-heading-27\" href=\"https:\/\/loudavymkrokem.cz\/it\/vacanza-malta-cosa-vedere\/#19_Victoria_e_la_Cittadella\" >19. Victoria e la Cittadella<\/a><\/li><li class='ez-toc-page-1 ez-toc-heading-level-3'><a class=\"ez-toc-link ez-toc-heading-28\" href=\"https:\/\/loudavymkrokem.cz\/it\/vacanza-malta-cosa-vedere\/#20_Dwejra_e_lInland_Sea\" >20. Dwejra e l&#8217;Inland Sea<\/a><\/li><li class='ez-toc-page-1 ez-toc-heading-level-3'><a class=\"ez-toc-link ez-toc-heading-29\" href=\"https:\/\/loudavymkrokem.cz\/it\/vacanza-malta-cosa-vedere\/#21_Ramla_Bay_la_spiaggia_di_sabbia_piu_bella_dellarcipelago\" >21. Ramla Bay: la spiaggia di sabbia pi\u00f9 bella dell&#8217;arcipelago<\/a><\/li><li class='ez-toc-page-1 ez-toc-heading-level-3'><a class=\"ez-toc-link ez-toc-heading-30\" href=\"https:\/\/loudavymkrokem.cz\/it\/vacanza-malta-cosa-vedere\/#22_Ggantija_le_piu_antiche_strutture_indipendenti_al_mondo\" >22. \u0120gantija: le pi\u00f9 antiche strutture indipendenti al mondo<\/a><\/li><li class='ez-toc-page-1 ez-toc-heading-level-3'><a class=\"ez-toc-link ez-toc-heading-31\" href=\"https:\/\/loudavymkrokem.cz\/it\/vacanza-malta-cosa-vedere\/#23_Xlendi_e_Marsalforn\" >23. Xlendi e Marsalforn<\/a><\/li><li class='ez-toc-page-1 ez-toc-heading-level-3'><a class=\"ez-toc-link ez-toc-heading-32\" href=\"https:\/\/loudavymkrokem.cz\/it\/vacanza-malta-cosa-vedere\/#24_Le_spiagge_piu_belle_Golden_Bay_Ghajn_Tuffieha_e_Mellieha_Bay\" >24. Le spiagge pi\u00f9 belle: Golden Bay, G\u0127ajn Tuffie\u0127a e Mellie\u0127a Bay<\/a><\/li><\/ul><\/li><li class='ez-toc-page-1 ez-toc-heading-level-2'><a class=\"ez-toc-link ez-toc-heading-33\" href=\"https:\/\/loudavymkrokem.cz\/it\/vacanza-malta-cosa-vedere\/#Dove_alloggiare_a_Malta_le_zone_migliori_e_hotel_concreti\" >Dove alloggiare a Malta: le zone migliori e hotel concreti<\/a><ul class='ez-toc-list-level-3' ><li class='ez-toc-heading-level-3'><a class=\"ez-toc-link ez-toc-heading-34\" href=\"https:\/\/loudavymkrokem.cz\/it\/vacanza-malta-cosa-vedere\/#Quale_zona_scegliere\" >Quale zona scegliere<\/a><\/li><li class='ez-toc-page-1 ez-toc-heading-level-3'><a class=\"ez-toc-link ez-toc-heading-35\" href=\"https:\/\/loudavymkrokem.cz\/it\/vacanza-malta-cosa-vedere\/#Consigli_concreti_sugli_alloggi\" >Consigli concreti sugli alloggi<\/a><\/li><\/ul><\/li><li class='ez-toc-page-1 ez-toc-heading-level-2'><a class=\"ez-toc-link ez-toc-heading-36\" href=\"https:\/\/loudavymkrokem.cz\/it\/vacanza-malta-cosa-vedere\/#Cosa_mangiare_a_Malta_guida_per_vegetariani_e_non\" >Cosa mangiare a Malta: guida per vegetariani e non<\/a><\/li><li class='ez-toc-page-1 ez-toc-heading-level-2'><a class=\"ez-toc-link ez-toc-heading-37\" href=\"https:\/\/loudavymkrokem.cz\/it\/vacanza-malta-cosa-vedere\/#Trasporti_a_Malta_autobus_traghetto_e_auto\" >Trasporti a Malta: autobus, traghetto e auto<\/a><ul class='ez-toc-list-level-3' ><li class='ez-toc-heading-level-3'><a class=\"ez-toc-link ez-toc-heading-38\" href=\"https:\/\/loudavymkrokem.cz\/it\/vacanza-malta-cosa-vedere\/#Gli_autobus_Tallinja\" >Gli autobus Tallinja<\/a><\/li><li class='ez-toc-page-1 ez-toc-heading-level-3'><a class=\"ez-toc-link ez-toc-heading-39\" href=\"https:\/\/loudavymkrokem.cz\/it\/vacanza-malta-cosa-vedere\/#Il_traghetto_per_Gozo_e_Comino\" >Il traghetto per Gozo e Comino<\/a><\/li><li class='ez-toc-page-1 ez-toc-heading-level-3'><a class=\"ez-toc-link ez-toc-heading-40\" href=\"https:\/\/loudavymkrokem.cz\/it\/vacanza-malta-cosa-vedere\/#Noleggiare_unauto_oppure_no\" >Noleggiare un&#8217;auto oppure no?<\/a><\/li><\/ul><\/li><li class='ez-toc-page-1 ez-toc-heading-level-2'><a class=\"ez-toc-link ez-toc-heading-41\" href=\"https:\/\/loudavymkrokem.cz\/it\/vacanza-malta-cosa-vedere\/#Quanto_costa_una_vacanza_a_Malta\" >Quanto costa una vacanza a Malta<\/a><\/li><li class='ez-toc-page-1 ez-toc-heading-level-2'><a class=\"ez-toc-link ez-toc-heading-42\" href=\"https:\/\/loudavymkrokem.cz\/it\/vacanza-malta-cosa-vedere\/#A_cosa_fare_attenzione_a_Malta\" >A cosa fare attenzione a Malta<\/a><\/li><li class='ez-toc-page-1 ez-toc-heading-level-2'><a class=\"ez-toc-link ez-toc-heading-43\" href=\"https:\/\/loudavymkrokem.cz\/it\/vacanza-malta-cosa-vedere\/#Malta_con_i_bambini\" >Malta con i bambini<\/a><\/li><li class='ez-toc-page-1 ez-toc-heading-level-2'><a class=\"ez-toc-link ez-toc-heading-44\" href=\"https:\/\/loudavymkrokem.cz\/it\/vacanza-malta-cosa-vedere\/#E_poi_Altri_consigli_per_una_vacanza_al_mare\" >E poi? Altri consigli per una vacanza al mare<\/a><\/li><li class='ez-toc-page-1 ez-toc-heading-level-2'><a class=\"ez-toc-link ez-toc-heading-45\" href=\"https:\/\/loudavymkrokem.cz\/it\/vacanza-malta-cosa-vedere\/#Domande_frequenti\" >Domande frequenti<\/a><ul class='ez-toc-list-level-3' ><li class='ez-toc-heading-level-3'><a class=\"ez-toc-link ez-toc-heading-46\" href=\"https:\/\/loudavymkrokem.cz\/it\/vacanza-malta-cosa-vedere\/#Quando_e_il_periodo_migliore_per_andare_a_Malta\" >Quando \u00e8 il periodo migliore per andare a Malta?<\/a><\/li><li class='ez-toc-page-1 ez-toc-heading-level-3'><a class=\"ez-toc-link ez-toc-heading-47\" href=\"https:\/\/loudavymkrokem.cz\/it\/vacanza-malta-cosa-vedere\/#Quanto_tempo_serve_per_Malta\" >Quanto tempo serve per Malta?<\/a><\/li><li class='ez-toc-page-1 ez-toc-heading-level-3'><a class=\"ez-toc-link ez-toc-heading-48\" href=\"https:\/\/loudavymkrokem.cz\/it\/vacanza-malta-cosa-vedere\/#Si_puo_fare_il_bagno_a_Malta_anche_se_non_ha_spiagge_di_sabbia\" >Si pu\u00f2 fare il bagno a Malta anche se non ha spiagge di sabbia?<\/a><\/li><li class='ez-toc-page-1 ez-toc-heading-level-3'><a class=\"ez-toc-link ez-toc-heading-49\" href=\"https:\/\/loudavymkrokem.cz\/it\/vacanza-malta-cosa-vedere\/#Riesco_a_comunicare_in_inglese_a_Malta\" >Riesco a comunicare in inglese a Malta?<\/a><\/li><li class='ez-toc-page-1 ez-toc-heading-level-3'><a class=\"ez-toc-link ez-toc-heading-50\" href=\"https:\/\/loudavymkrokem.cz\/it\/vacanza-malta-cosa-vedere\/#Ho_bisogno_di_unauto_a_Malta\" >Ho bisogno di un&#8217;auto a Malta?<\/a><\/li><li class='ez-toc-page-1 ez-toc-heading-level-3'><a class=\"ez-toc-link ez-toc-heading-51\" href=\"https:\/\/loudavymkrokem.cz\/it\/vacanza-malta-cosa-vedere\/#Malta_e_cara\" >Malta \u00e8 cara?<\/a><\/li><li class='ez-toc-page-1 ez-toc-heading-level-3'><a class=\"ez-toc-link ez-toc-heading-52\" href=\"https:\/\/loudavymkrokem.cz\/it\/vacanza-malta-cosa-vedere\/#Vale_la_pena_dormire_a_Gozo\" >Vale la pena dormire a Gozo?<\/a><\/li><li class='ez-toc-page-1 ez-toc-heading-level-3'><a class=\"ez-toc-link ez-toc-heading-53\" href=\"https:\/\/loudavymkrokem.cz\/it\/vacanza-malta-cosa-vedere\/#Malta_e_sicura\" >Malta \u00e8 sicura?<\/a><\/li><\/ul><\/li><\/ul><\/nav><\/div>\n<h2 id=\"Shrnuti_pokud_nestihate_cist_cely_clanek\" class=\"wp-block-heading\"><span class=\"ez-toc-section\" id=\"Riassunto_se_non_hai_tempo_di_leggere_tutto\"><\/span>Riassunto, se non hai tempo di leggere tutto<span class=\"ez-toc-section-end\"><\/span><\/h2>\n\n\n\n<ul class=\"wp-block-list\">\n<li><strong>Malta, Gozo e Comino<\/strong> sono le tre isole abitate di questo piccolo arcipelago, e ognuna ha un&#8217;atmosfera e uno spirito completamente diversi.<\/li>\n\n\n\n<li><strong>La Valletta<\/strong> \u00e8 la capitale pi\u00f9 piccola dell&#8217;Unione Europea e il suo intero centro storico \u00e8 orgogliosamente iscritto nella lista del patrimonio mondiale UNESCO.<\/li>\n\n\n\n<li><strong>I mesi migliori per visitarla<\/strong> sono, secondo i dati climatici storici, maggio, giugno, settembre e ottobre.<\/li>\n\n\n\n<li><strong>A luglio e agosto<\/strong> fa molto caldo (le temperature salgono a 30,2 e 30,3 \u00b0C) e non piove quasi mai: le precipitazioni compaiono solo 0,3 e 1,4 giorni al mese.<\/li>\n\n\n\n<li><strong>Il mare \u00e8 pi\u00f9 caldo<\/strong> ad agosto, quando raggiunge i 27,8 \u00b0C, e persino a ottobre mantiene piacevolissimi 25,0 \u00b0C.<\/li>\n\n\n\n<li><strong>Le spiagge di sabbia<\/strong> a Malta sono poche: ci si bagna soprattutto da piattaforme rocciose e scogliere.<\/li>\n\n\n\n<li><strong>La lingua ufficiale \u00e8 l&#8217;inglese<\/strong>, si paga classicamente in euro e sulle strade si guida a sinistra.<\/li>\n\n\n\n<li><strong>La Laguna Blu di Comino<\/strong> \u00e8 visivamente stupenda, ma in alta stagione estiva \u00e8 purtroppo estremamente affollata di turisti.<\/li>\n<\/ul>\n\n\n\n<h2 id=\"Proc_jet_na_Maltu_a_pro_koho_se_naopak_nehodi\" class=\"wp-block-heading\"><span class=\"ez-toc-section\" id=\"Perche_andare_a_Malta_e_per_chi_invece_non_e_lideale\"><\/span>Perch\u00e9 andare a Malta (e per chi invece non \u00e8 l&#8217;ideale)<span class=\"ez-toc-section-end\"><\/span><\/h2>\n\n\n\n<p class=\"wp-block-paragraph\">Decidere la prossima destinazione a volte \u00e8 un rompicapo, soprattutto perch\u00e9 ogni Paese ha le sue particolarit\u00e0 e attira per qualcosa di diverso. Vediamo in cosa questo stato insulare eccelle davvero e a chi invece una <strong>vacanza a Malta<\/strong> potrebbe non piacere affatto. Dicono che sia un luogo di contrasti che o ami subito, oppure scopri in fretta di preferire un tipo di relax completamente diverso.<\/p>\n\n\n\n<h3 id=\"6_duvodu_proc_si_Maltu_zamilujete\" class=\"wp-block-heading\"><span class=\"ez-toc-section\" id=\"6_motivi_per_cui_ti_innamorerai_di_Malta\"><\/span>6 motivi per cui ti innamorerai di Malta<span class=\"ez-toc-section-end\"><\/span><\/h3>\n\n\n\n<p class=\"wp-block-paragraph\"><strong>Storia a ogni angolo.<\/strong> Qui trovi templi megalitici impressionanti, dimostrabilmente pi\u00f9 antichi delle piramidi egizie, poderose fortezze dei Cavalieri di San Giovanni e affascinanti tracce della Seconda guerra mondiale. Se ami esplorare vicoli stretti e monumenti storici, ti sentirai come in un enorme museo a cielo aperto.<\/p>\n\n\n\n<p class=\"wp-block-paragraph\"><strong>L&#8217;inglese e nessuna barriera linguistica.<\/strong> Poich\u00e9 l&#8217;inglese \u00e8 una delle due lingue ufficiali, ti fai capire ovunque, dai piccoli negozietti fino ai villaggi pi\u00f9 remoti. Sparisce cos\u00ec quel classico stress da vacanza con il dizionario in mano, cosa che moltissimi viaggiatori apprezzano davvero.<\/p>\n\n\n\n<p class=\"wp-block-paragraph\"><strong>Distanze davvero brevi.<\/strong> Attraversi tutta l&#8217;isola principale in auto anche in un&#8217;ora sola, quindi puoi alloggiare sempre nello stesso posto e da l\u00ec fare escursioni a raggiera. Non devi rifare continuamente le valigie e cambiare hotel, e questo ti fa risparmiare tantissima energia e tempo prezioso.<\/p>\n\n\n\n<p class=\"wp-block-paragraph\"><strong>La stagione balneare pi\u00f9 lunga d&#8217;Europa.<\/strong> Mentre altrove sul Mediterraneo a ottobre tirano gi\u00e0 fuori i maglioni, qui, secondo le statistiche, la gente si bagna ancora tranquillamente in mare. \u00c8 la scelta ideale per chi tra voi vuole prolungare l&#8217;estate fino al tardo autunno e godersi il sole.<\/p>\n\n\n\n<p class=\"wp-block-paragraph\"><strong>Acqua cristallina e snorkeling fantastico.<\/strong> La costa rocciosa ha un enorme vantaggio: l&#8217;acqua \u00e8 assolutamente limpida, senza sabbia continuamente sollevata. Secondo le recensioni Malta offre alcune delle migliori condizioni per immersioni ed esplorazione della vita sottomarina di tutta Europa.<\/p>\n\n\n\n<p class=\"wp-block-paragraph\"><strong>Accessibilit\u00e0 e prezzi ragionevoli.<\/strong> Rispetto alla gettonata Italia o alla Francia, voli, trasporti e ristorazione risultano un po&#8217; pi\u00f9 convenienti, e per giunta i servizi sono di alto livello. Il volo diretto con KM Malta Airlines da Roma dura circa due ore e trenta, quindi ci arrivi in fretta senza passare l&#8217;intera giornata in viaggio.<\/p>\n\n\n\n<h3 id=\"Komu_Malta_nesedne\" class=\"wp-block-heading\"><span class=\"ez-toc-section\" id=\"A_chi_Malta_non_e_adatta\"><\/span>A chi Malta non \u00e8 adatta<span class=\"ez-toc-section-end\"><\/span><\/h3>\n\n\n\n<p class=\"wp-block-paragraph\">Anche se nelle foto sembra un paradiso assoluto, questa isola rocciosa non \u00e8 la scelta ideale per tutti. Meglio valutare una destinazione completamente diversa se ti riconosci in una delle categorie seguenti. \u263a\ufe0f<\/p>\n\n\n\n<ul class=\"wp-block-list\">\n<li>Cerchi <strong>lunghe spiagge di sabbia<\/strong>, perch\u00e9 qui ce ne sono davvero pochissime e coprono solo una minima parte della costa.<\/li>\n\n\n\n<li>Non sopporti la folla, dato che Malta \u00e8 <strong>il Paese pi\u00f9 densamente popolato dell&#8217;Unione Europea<\/strong> e in stagione si sente parecchio.<\/li>\n\n\n\n<li>Viaggi per <strong>natura selvaggia e boschi profondi<\/strong>: qui non li trovi affatto.<\/li>\n\n\n\n<li>Pianifichi la vacanza <strong>ad agosto e sopporti male il caldo<\/strong>, perch\u00e9 le temperature estive qui sono davvero impietose.<\/li>\n\n\n\n<li>Vuoi silenzio assoluto e per errore prenoteresti l&#8217;alloggio nel quartiere di <strong>St Julian&#8217;s, che \u00e8 la principale zona della movida<\/strong> di tutta l&#8217;isola.<\/li>\n<\/ul>\n\n\n\n<h2 id=\"Kdy_jet_na_Maltu_pocasi_mesic_po_mesici\" class=\"wp-block-heading\"><span class=\"ez-toc-section\" id=\"Quando_andare_a_Malta_il_meteo_mese_per_mese\"><\/span>Quando andare a Malta: il meteo mese per mese<span class=\"ez-toc-section-end\"><\/span><\/h2>\n\n\n\n<p class=\"wp-block-paragraph\">Scegliere il momento giusto \u00e8 fondamentale per la riuscita di un viaggio, perci\u00f2 guardiamo nel dettaglio i numeri esatti. I dati che seguono non sono stime approssimative, ma <strong>medie decennali dal 2015 al 2024<\/strong> ottenute dalla rianalisi climatica avanzata ERA5.<\/p>\n\n\n\n<p class=\"wp-block-paragraph\">I dati sulla temperatura del mare, invece, derivano precisamente da un modello marino <strong>relativo agli anni 2019-2024<\/strong>. Grazie a questo ti farai un&#8217;idea chiarissima delle condizioni che ti aspetteranno in un dato mese e preparerai la valigia molto meglio.<\/p>\n\n\n\n<figure class=\"wp-block-table is-style-stripes\"><table class=\"has-fixed-layout\"><thead><tr><th>Mese<\/th><th>Di giorno<\/th><th>Di notte<\/th><th>Mare<\/th><th>Giorni di pioggia<\/th><th>Sole\/giorno<\/th><\/tr><\/thead><tbody><tr><td><strong>gennaio<\/strong><\/td><td>15 \u00b0C<\/td><td>12 \u00b0C<\/td><td>17 \u00b0C<\/td><td>8,1<\/td><td>8,7 h<\/td><\/tr><tr><td><strong>febbraio<\/strong><\/td><td>16 \u00b0C<\/td><td>12 \u00b0C<\/td><td>16 \u00b0C<\/td><td>5,9<\/td><td>9,4 h<\/td><\/tr><tr><td><strong>marzo<\/strong><\/td><td>17 \u00b0C<\/td><td>12 \u00b0C<\/td><td>16 \u00b0C<\/td><td>6,7<\/td><td>10,5 h<\/td><\/tr><tr><td><strong>aprile<\/strong><\/td><td>19 \u00b0C<\/td><td>14 \u00b0C<\/td><td>17 \u00b0C<\/td><td>3,2<\/td><td>11,1 h<\/td><\/tr><tr><td><strong>maggio<\/strong><\/td><td>22 \u00b0C<\/td><td>17 \u00b0C<\/td><td>19 \u00b0C<\/td><td>3,1<\/td><td>12,5 h<\/td><\/tr><tr><td><strong>giugno<\/strong><\/td><td>27 \u00b0C<\/td><td>21 \u00b0C<\/td><td>23 \u00b0C<\/td><td>0,9<\/td><td>13,6 h<\/td><\/tr><tr><td><strong>luglio<\/strong><\/td><td>30 \u00b0C<\/td><td>24 \u00b0C<\/td><td>27 \u00b0C<\/td><td>0,3<\/td><td>13,9 h<\/td><\/tr><tr><td><strong>agosto<\/strong><\/td><td>30 \u00b0C<\/td><td>25 \u00b0C<\/td><td>28 \u00b0C<\/td><td>1,4<\/td><td>12,5 h<\/td><\/tr><tr><td><strong>settembre<\/strong><\/td><td>28 \u00b0C<\/td><td>23 \u00b0C<\/td><td>27 \u00b0C<\/td><td>4,7<\/td><td>11,2 h<\/td><\/tr><tr><td><strong>ottobre<\/strong><\/td><td>24 \u00b0C<\/td><td>20 \u00b0C<\/td><td>25 \u00b0C<\/td><td>7,1<\/td><td>9,8 h<\/td><\/tr><tr><td><strong>novembre<\/strong><\/td><td>21 \u00b0C<\/td><td>17 \u00b0C<\/td><td>23 \u00b0C<\/td><td>10,9<\/td><td>8,6 h<\/td><\/tr><tr><td><strong>dicembre<\/strong><\/td><td>17 \u00b0C<\/td><td>14 \u00b0C<\/td><td>19 \u00b0C<\/td><td>7,6<\/td><td>8,2 h<\/td><\/tr><\/tbody><\/table><figcaption class=\"wp-element-caption\">Temperature medie a Malta mese per mese. Aria e precipitazioni sono medie decennali 2015-2024 dalla rianalisi ERA5, la temperatura del mare da un modello marino 2019-2024.<\/figcaption><\/figure>\n\n\n\n<h3 id=\"Nejlepsi_mesice_podle_typu_dovolene\" class=\"wp-block-heading\"><span class=\"ez-toc-section\" id=\"I_mesi_migliori_secondo_il_tipo_di_vacanza\"><\/span>I mesi migliori secondo il tipo di vacanza<span class=\"ez-toc-section-end\"><\/span><\/h3>\n\n\n\n<ul class=\"wp-block-list\">\n<li><strong>Bagni e relax in spiaggia:<\/strong> l&#8217;ideale \u00e8 partire da giugno a ottobre, quando la temperatura del mare oscilla tra bellissimi 23,4 e 27,8 \u00b0C.<\/li>\n\n\n\n<li><strong>Scoperta e visita ai monumenti:<\/strong> le condizioni migliori sono in aprile, maggio e ottobre, quando le temperature diurne raggiungono valori piacevoli intorno ai 18-24 \u00b0C.<\/li>\n\n\n\n<li><strong>I periodi pi\u00f9 economici:<\/strong> conviene volare da novembre a marzo, ma devi mettere in conto che il mare ha solo 16-19 \u00b0C e, ad esempio a novembre, piove in media 10,9 giorni al mese.<\/li>\n\n\n\n<li><strong>Quando \u00e8 meglio evitare:<\/strong> agosto per molti \u00e8 troppo faticoso a causa del caldo estremo, della folla di turisti ovunque e dei prezzi dei servizi decisamente pi\u00f9 alti.<\/li>\n<\/ul>\n\n\n\n<h3 id=\"Zima_na_Malte_ma_to_smysl\" class=\"wp-block-heading\"><span class=\"ez-toc-section\" id=\"Linverno_a_Malta_ne_vale_la_pena\"><\/span>L&#8217;inverno a Malta: ne vale la pena?<span class=\"ez-toc-section-end\"><\/span><\/h3>\n\n\n\n<p class=\"wp-block-paragraph\">Forse ti chiedi se abbia senso volare nel sud dell&#8217;Europa in pieno inverno, quando ormai non si pu\u00f2 pi\u00f9 fare il bagno. Nei mesi invernali le temperature si aggirano <strong>intorno ai 15-17 \u00b0C<\/strong>, piove circa 6-8 giorni al mese e il mare ha freschi 16-19 \u00b0C. Per prendere il sole in costume non \u00e8 certo il momento, ma per lunghe passeggiate con un maglioncino leggero \u00e8 assolutamente perfetto. \ud83d\ude05<\/p>\n\n\n\n<p class=\"wp-block-paragraph\">Se ti attira soprattutto scoprire monumenti antichi, sederti in caff\u00e8 accoglienti e fare tranquille escursioni lungo le scogliere, <strong>l&#8217;inverno ti entusiasmer\u00e0 di sicuro<\/strong>. In pi\u00f9 in questo periodo accaparri i voli pi\u00f9 economici e ti godi i vicoli semivuoti della Valletta, cosa del tutto impossibile nella calda estate.<\/p>\n\n\n\n<h2 id=\"Co_videt_na_Malte_24_tipu_ktere_stoji_za_vas_cas\" class=\"wp-block-heading\"><span class=\"ez-toc-section\" id=\"Cosa_vedere_a_Malta_24_idee_che_valgono_il_tuo_tempo\"><\/span>Cosa vedere a Malta: 24 idee che valgono il tuo tempo<span class=\"ez-toc-section-end\"><\/span><\/h2>\n\n\n\n<p class=\"wp-block-paragraph\">Questo stato insulare che paga in euro \u00e8 minuscolo, ma ci trovi cos\u00ec tanti monumenti che non saprai da dove cominciare. Il volo diretto da Roma con KM Malta Airlines dura circa due ore e trenta, cos\u00ec arrivi in fretta in un posto dove <strong>ti fai capire senza problemi in inglese<\/strong>; ora dividiamo logicamente questo arcipelago tra l&#8217;elegante Valletta, il tranquillo centro dell&#8217;isola, il sud storico, la pittoresca Comino, la pi\u00f9 verde Gozo e le migliori spiagge.<\/p>\n\n\n\n<p class=\"wp-block-paragraph\">L&#8217;enorme vantaggio di Malta \u00e8 che puoi tranquillamente <strong>alloggiare in un unico posto<\/strong> e raggiungere comodamente tutti i monumenti con gli autobus giallo-verdi della compagnia Tallinja. Prima di partire metti in valigia un adattatore britannico a tre poli per le prese di tipo G e ricorda che qui si guida a sinistra; quindi se stai proprio pensando <a href=\"https:\/\/loudavymkrokem.cz\/it\/settembre-migliori-destinazioni-vacanze\/\">dove andare in vacanza a settembre<\/a>, questo angolo europeo del Mediterraneo \u00e8 semplicemente un&#8217;ottima scelta.<\/p>\n\n\n\n<h3 id=\"1_Valletta_nejmensi_hlavni_mesto_EU\" class=\"wp-block-heading\"><span class=\"ez-toc-section\" id=\"1_La_Valletta_la_capitale_piu_piccola_dellUE\"><\/span>1. La Valletta: la capitale pi\u00f9 piccola dell&#8217;UE<span class=\"ez-toc-section-end\"><\/span><\/h3>\n\n\n\n<p class=\"wp-block-paragraph\">La Valletta vanta il titolo di capitale pi\u00f9 piccola dell&#8217;Unione Europea ed \u00e8, meritatamente, interamente iscritta nella lista del patrimonio mondiale UNESCO. Questo luogo incredibilmente fotogenico fu costruito dai Cavalieri di San Giovanni subito dopo il Grande Assedio del 1565, quindi oggi puoi ammirare una <strong>rigorosa pianta a griglia geometrica<\/strong>, integrata con armonia dai tipici balconi barocchi che sfoggiano ogni colore immaginabile.<\/p>\n\n\n\n<figure data-wp-context=\"{&quot;imageId&quot;:&quot;6a9c269481ec2&quot;}\" data-wp-interactive=\"core\/image\" data-wp-key=\"6a9c269481ec2\" class=\"wp-block-image size-full wp-lightbox-container\"><img decoding=\"async\" width=\"1500\" height=\"1000\" data-wp-class--hide=\"state.isContentHidden\" data-wp-class--show=\"state.isContentVisible\" data-wp-init=\"callbacks.setButtonStyles\" data-wp-on--click=\"actions.showLightbox\" data-wp-on--load=\"callbacks.setButtonStyles\" data-wp-on--pointerdown=\"actions.preloadImage\" data-wp-on--pointerenter=\"actions.preloadImageWithDelay\" data-wp-on--pointerleave=\"actions.cancelPreload\" data-wp-on-window--resize=\"callbacks.setButtonStyles\" src=\"https:\/\/loudavymkrokem.cz\/wp-content\/uploads\/2026\/08\/dovolena-malta-t01.jpg\" alt=\"Via principale della Valletta\" class=\"wp-image-399641\" title=\"\" srcset=\"https:\/\/loudavymkrokem.cz\/wp-content\/uploads\/2026\/08\/dovolena-malta-t01.jpg 1500w, https:\/\/loudavymkrokem.cz\/wp-content\/uploads\/2026\/08\/dovolena-malta-t01-300x200.jpg 300w, https:\/\/loudavymkrokem.cz\/wp-content\/uploads\/2026\/08\/dovolena-malta-t01-700x467.jpg 700w, https:\/\/loudavymkrokem.cz\/wp-content\/uploads\/2026\/08\/dovolena-malta-t01-768x512.jpg 768w, https:\/\/loudavymkrokem.cz\/wp-content\/uploads\/2026\/08\/dovolena-malta-t01-696x464.jpg 696w, https:\/\/loudavymkrokem.cz\/wp-content\/uploads\/2026\/08\/dovolena-malta-t01-1392x928.jpg 1392w\" sizes=\"(max-width: 1500px) 100vw, 1500px\" \/><button\n\t\t\tclass=\"lightbox-trigger\"\n\t\t\ttype=\"button\"\n\t\t\taria-haspopup=\"dialog\"\n\t\t\tdata-wp-bind--aria-label=\"state.thisImage.triggerButtonAriaLabel\"\n\t\t\tdata-wp-init=\"callbacks.initTriggerButton\"\n\t\t\tdata-wp-on--click=\"actions.showLightbox\"\n\t\t\tdata-wp-style--right=\"state.thisImage.buttonRight\"\n\t\t\tdata-wp-style--top=\"state.thisImage.buttonTop\"\n\t\t>\n\t\t\t<svg xmlns=\"http:\/\/www.w3.org\/2000\/svg\" width=\"12\" height=\"12\" fill=\"none\" viewBox=\"0 0 12 12\">\n\t\t\t\t<path fill=\"#fff\" d=\"M2 0a2 2 0 0 0-2 2v2h1.5V2a.5.5 0 0 1 .5-.5h2V0H2Zm2 10.5H2a.5.5 0 0 1-.5-.5V8H0v2a2 2 0 0 0 2 2h2v-1.5ZM8 12v-1.5h2a.5.5 0 0 0 .5-.5V8H12v2a2 2 0 0 1-2 2H8Zm2-12a2 2 0 0 1 2 2v2h-1.5V2a.5.5 0 0 0-.5-.5H8V0h2Z\" \/>\n\t\t\t<\/svg>\n\t\t<\/button><figcaption class=\"wp-element-caption\">Via principale della Valletta (Foto: Txllxt TxllxT \/ Wikimedia Commons, CC BY-SA 4.0)<\/figcaption><\/figure>\n\n\n\n<p class=\"wp-block-paragraph\">Se vuoi evitare la folla, i locali consigliano vivamente di arrivare sul corso principale, Republic Street, o al mattino presto o dopo le quattro del pomeriggio. Durante il giorno, infatti, <strong>la citt\u00e0 di solito si riempie di gitanti in arrivo dalle grandi navi<\/strong>, il che pu\u00f2 rovinare un po&#8217; l&#8217;atmosfera; cos\u00ec ti godi con calma i caff\u00e8 locali con un&#8217;aria decisamente migliore \u263a\ufe0f.<\/p>\n\n\n\n<h3 id=\"2_Konkatedrala_svateho_Jana_baroko_ktere_vyrazi_dech\" class=\"wp-block-heading\"><span class=\"ez-toc-section\" id=\"2_La_Concattedrale_di_San_Giovanni_un_barocco_da_togliere_il_fiato\"><\/span>2. La Concattedrale di San Giovanni: un barocco da togliere il fiato<span class=\"ez-toc-section-end\"><\/span><\/h3>\n\n\n\n<p class=\"wp-block-paragraph\">A prima vista dall&#8217;esterno questo edificio sembra una fortezza piuttosto austera, ma appena entri ti aspetta una vera e propria <strong>esplosione barocca dorata<\/strong>. I viaggiatori concordano: \u00e8 una delle chiese pi\u00f9 belle d&#8217;Europa, dove il pavimento \u00e8 formato da quasi quattrocento splendide lapidi marmoree riccamente decorate dei Cavalieri di San Giovanni, su cui cammini.<\/p>\n\n\n\n<figure data-wp-context=\"{&quot;imageId&quot;:&quot;6a9c26948254d&quot;}\" data-wp-interactive=\"core\/image\" data-wp-key=\"6a9c26948254d\" class=\"wp-block-image size-full wp-lightbox-container\"><img decoding=\"async\" width=\"1500\" height=\"890\" data-wp-class--hide=\"state.isContentHidden\" data-wp-class--show=\"state.isContentVisible\" data-wp-init=\"callbacks.setButtonStyles\" data-wp-on--click=\"actions.showLightbox\" data-wp-on--load=\"callbacks.setButtonStyles\" data-wp-on--pointerdown=\"actions.preloadImage\" data-wp-on--pointerenter=\"actions.preloadImageWithDelay\" data-wp-on--pointerleave=\"actions.cancelPreload\" data-wp-on-window--resize=\"callbacks.setButtonStyles\" src=\"https:\/\/loudavymkrokem.cz\/wp-content\/uploads\/2026\/08\/dovolena-malta-t02.jpg\" alt=\"Interno dorato della Concattedrale di San Giovanni\" class=\"wp-image-399647\" title=\"\" srcset=\"https:\/\/loudavymkrokem.cz\/wp-content\/uploads\/2026\/08\/dovolena-malta-t02.jpg 1500w, https:\/\/loudavymkrokem.cz\/wp-content\/uploads\/2026\/08\/dovolena-malta-t02-300x178.jpg 300w, https:\/\/loudavymkrokem.cz\/wp-content\/uploads\/2026\/08\/dovolena-malta-t02-700x415.jpg 700w, https:\/\/loudavymkrokem.cz\/wp-content\/uploads\/2026\/08\/dovolena-malta-t02-768x456.jpg 768w, https:\/\/loudavymkrokem.cz\/wp-content\/uploads\/2026\/08\/dovolena-malta-t02-696x413.jpg 696w, https:\/\/loudavymkrokem.cz\/wp-content\/uploads\/2026\/08\/dovolena-malta-t02-1392x826.jpg 1392w\" sizes=\"(max-width: 1500px) 100vw, 1500px\" \/><button\n\t\t\tclass=\"lightbox-trigger\"\n\t\t\ttype=\"button\"\n\t\t\taria-haspopup=\"dialog\"\n\t\t\tdata-wp-bind--aria-label=\"state.thisImage.triggerButtonAriaLabel\"\n\t\t\tdata-wp-init=\"callbacks.initTriggerButton\"\n\t\t\tdata-wp-on--click=\"actions.showLightbox\"\n\t\t\tdata-wp-style--right=\"state.thisImage.buttonRight\"\n\t\t\tdata-wp-style--top=\"state.thisImage.buttonTop\"\n\t\t>\n\t\t\t<svg xmlns=\"http:\/\/www.w3.org\/2000\/svg\" width=\"12\" height=\"12\" fill=\"none\" viewBox=\"0 0 12 12\">\n\t\t\t\t<path fill=\"#fff\" d=\"M2 0a2 2 0 0 0-2 2v2h1.5V2a.5.5 0 0 1 .5-.5h2V0H2Zm2 10.5H2a.5.5 0 0 1-.5-.5V8H0v2a2 2 0 0 0 2 2h2v-1.5ZM8 12v-1.5h2a.5.5 0 0 0 .5-.5V8H12v2a2 2 0 0 1-2 2H8Zm2-12a2 2 0 0 1 2 2v2h-1.5V2a.5.5 0 0 0-.5-.5H8V0h2Z\" \/>\n\t\t\t<\/svg>\n\t\t<\/button><figcaption class=\"wp-element-caption\">Interno dorato della Concattedrale di San Giovanni (Foto: Mike McBey \/ Wikimedia Commons, CC BY 2.0)<\/figcaption><\/figure>\n\n\n\n<p class=\"wp-block-paragraph\">Qui l&#8217;ingresso \u00e8 a pagamento, ma dicono che la visita valga assolutamente la spesa, soprattutto considerando che all&#8217;interno sono appese due celebri tele di Caravaggio. Il pezzo pi\u00f9 prezioso \u00e8 naturalmente il <strong>monumentale dipinto della Decollazione di San Giovanni Battista<\/strong>, che \u00e8 tra l&#8217;altro l&#8217;unica tela che questo famoso pittore italiano abbia mai firmato di persona, e che puoi vedere con i tuoi occhi.<\/p>\n\n\n\n<h3 id=\"3_Upper_Barrakka_Gardens_a_poledni_salva\" class=\"wp-block-heading\"><span class=\"ez-toc-section\" id=\"3_Gli_Upper_Barrakka_Gardens_e_la_salva_di_mezzogiorno\"><\/span>3. Gli Upper Barrakka Gardens e la salva di mezzogiorno<span class=\"ez-toc-section-end\"><\/span><\/h3>\n\n\n\n<p class=\"wp-block-paragraph\">Se cerchi il posto migliore in assoluto per le foto, devi visitare questi splendidi giardini, da cui si apre una <strong>vista spettacolare su tutto il Grand Harbour<\/strong> e sulle Tre Citt\u00e0 di fronte. In origine i giardini servivano solo a scopi privati dei cavalieri italiani, ma oggi puoi riposarti accanto a una fontana e ripararti al sicuro dal sole cocente dell&#8217;estate sotto le arcate decorate.<\/p>\n\n\n\n<figure data-wp-context=\"{&quot;imageId&quot;:&quot;6a9c269482a65&quot;}\" data-wp-interactive=\"core\/image\" data-wp-key=\"6a9c269482a65\" class=\"wp-block-image size-full wp-lightbox-container\"><img decoding=\"async\" width=\"1500\" height=\"1000\" data-wp-class--hide=\"state.isContentHidden\" data-wp-class--show=\"state.isContentVisible\" data-wp-init=\"callbacks.setButtonStyles\" data-wp-on--click=\"actions.showLightbox\" data-wp-on--load=\"callbacks.setButtonStyles\" data-wp-on--pointerdown=\"actions.preloadImage\" data-wp-on--pointerenter=\"actions.preloadImageWithDelay\" data-wp-on--pointerleave=\"actions.cancelPreload\" data-wp-on-window--resize=\"callbacks.setButtonStyles\" src=\"https:\/\/loudavymkrokem.cz\/wp-content\/uploads\/2026\/08\/dovolena-malta-t03.jpg\" alt=\"Vista dagli Upper Barrakka Gardens\" class=\"wp-image-399655\" title=\"\" srcset=\"https:\/\/loudavymkrokem.cz\/wp-content\/uploads\/2026\/08\/dovolena-malta-t03.jpg 1500w, https:\/\/loudavymkrokem.cz\/wp-content\/uploads\/2026\/08\/dovolena-malta-t03-300x200.jpg 300w, https:\/\/loudavymkrokem.cz\/wp-content\/uploads\/2026\/08\/dovolena-malta-t03-700x467.jpg 700w, https:\/\/loudavymkrokem.cz\/wp-content\/uploads\/2026\/08\/dovolena-malta-t03-768x512.jpg 768w, https:\/\/loudavymkrokem.cz\/wp-content\/uploads\/2026\/08\/dovolena-malta-t03-696x464.jpg 696w, https:\/\/loudavymkrokem.cz\/wp-content\/uploads\/2026\/08\/dovolena-malta-t03-1392x928.jpg 1392w\" sizes=\"(max-width: 1500px) 100vw, 1500px\" \/><button\n\t\t\tclass=\"lightbox-trigger\"\n\t\t\ttype=\"button\"\n\t\t\taria-haspopup=\"dialog\"\n\t\t\tdata-wp-bind--aria-label=\"state.thisImage.triggerButtonAriaLabel\"\n\t\t\tdata-wp-init=\"callbacks.initTriggerButton\"\n\t\t\tdata-wp-on--click=\"actions.showLightbox\"\n\t\t\tdata-wp-style--right=\"state.thisImage.buttonRight\"\n\t\t\tdata-wp-style--top=\"state.thisImage.buttonTop\"\n\t\t>\n\t\t\t<svg xmlns=\"http:\/\/www.w3.org\/2000\/svg\" width=\"12\" height=\"12\" fill=\"none\" viewBox=\"0 0 12 12\">\n\t\t\t\t<path fill=\"#fff\" d=\"M2 0a2 2 0 0 0-2 2v2h1.5V2a.5.5 0 0 1 .5-.5h2V0H2Zm2 10.5H2a.5.5 0 0 1-.5-.5V8H0v2a2 2 0 0 0 2 2h2v-1.5ZM8 12v-1.5h2a.5.5 0 0 0 .5-.5V8H12v2a2 2 0 0 1-2 2H8Zm2-12a2 2 0 0 1 2 2v2h-1.5V2a.5.5 0 0 0-.5-.5H8V0h2Z\" \/>\n\t\t\t<\/svg>\n\t\t<\/button><figcaption class=\"wp-element-caption\">Vista dagli Upper Barrakka Gardens (Foto: This photo was taken by Anton Zelenov.\nPlease credit this wi \/ Wikimedia Commons, CC BY-SA 4.0)<\/figcaption><\/figure>\n\n\n\n<p class=\"wp-block-paragraph\">Un consiglio pratico \u00e8 pianificare la visita esattamente a mezzogiorno o alle quattro del pomeriggio, quando un piano pi\u00f9 in basso, sulla terrazza della Saluting Battery, si tiene la tradizionale salva di cannone. Dicono che sia una <strong>dimostrazione storica molto rumorosa, ma amatissima<\/strong>, che ti riporta all&#8217;istante indietro di qualche secolo, all&#8217;epoca degli impavidi difensori di questa piccola isola.<\/p>\n\n\n\n<h3 id=\"4_Grand_Harbour_prirodni_pristav_ktery_zmenil_dejiny\" class=\"wp-block-heading\"><span class=\"ez-toc-section\" id=\"4_Grand_Harbour_il_porto_naturale_che_ha_cambiato_la_storia\"><\/span>4. Grand Harbour: il porto naturale che ha cambiato la storia<span class=\"ez-toc-section-end\"><\/span><\/h3>\n\n\n\n<p class=\"wp-block-paragraph\">Questo enorme porto naturale ha plasmato la storia di tutto il Mediterraneo e, secondo molte guide turistiche, \u00e8 tra i pi\u00f9 imponenti al mondo. I possenti bastioni e le mura difensive si ergono qui come muti testimoni di eventi drammatici; il porto ebbe un ruolo particolarmente cruciale durante la Seconda guerra mondiale, per cui tutta Malta ricevette dal re britannico la <strong>celebre Croce di San Giorgio al valore<\/strong>.<\/p>\n\n\n\n<figure data-wp-context=\"{&quot;imageId&quot;:&quot;6a9c269483037&quot;}\" data-wp-interactive=\"core\/image\" data-wp-key=\"6a9c269483037\" class=\"wp-block-image size-full wp-lightbox-container\"><img decoding=\"async\" width=\"1500\" height=\"1125\" data-wp-class--hide=\"state.isContentHidden\" data-wp-class--show=\"state.isContentVisible\" data-wp-init=\"callbacks.setButtonStyles\" data-wp-on--click=\"actions.showLightbox\" data-wp-on--load=\"callbacks.setButtonStyles\" data-wp-on--pointerdown=\"actions.preloadImage\" data-wp-on--pointerenter=\"actions.preloadImageWithDelay\" data-wp-on--pointerleave=\"actions.cancelPreload\" data-wp-on-window--resize=\"callbacks.setButtonStyles\" src=\"https:\/\/loudavymkrokem.cz\/wp-content\/uploads\/2026\/08\/dovolena-malta-t04.jpg\" alt=\"Il Grand Harbour a Malta\" class=\"wp-image-399663\" title=\"\" srcset=\"https:\/\/loudavymkrokem.cz\/wp-content\/uploads\/2026\/08\/dovolena-malta-t04.jpg 1500w, https:\/\/loudavymkrokem.cz\/wp-content\/uploads\/2026\/08\/dovolena-malta-t04-300x225.jpg 300w, https:\/\/loudavymkrokem.cz\/wp-content\/uploads\/2026\/08\/dovolena-malta-t04-700x525.jpg 700w, https:\/\/loudavymkrokem.cz\/wp-content\/uploads\/2026\/08\/dovolena-malta-t04-768x576.jpg 768w, https:\/\/loudavymkrokem.cz\/wp-content\/uploads\/2026\/08\/dovolena-malta-t04-80x60.jpg 80w, https:\/\/loudavymkrokem.cz\/wp-content\/uploads\/2026\/08\/dovolena-malta-t04-160x120.jpg 160w, https:\/\/loudavymkrokem.cz\/wp-content\/uploads\/2026\/08\/dovolena-malta-t04-696x522.jpg 696w, https:\/\/loudavymkrokem.cz\/wp-content\/uploads\/2026\/08\/dovolena-malta-t04-1392x1044.jpg 1392w\" sizes=\"(max-width: 1500px) 100vw, 1500px\" \/><button\n\t\t\tclass=\"lightbox-trigger\"\n\t\t\ttype=\"button\"\n\t\t\taria-haspopup=\"dialog\"\n\t\t\tdata-wp-bind--aria-label=\"state.thisImage.triggerButtonAriaLabel\"\n\t\t\tdata-wp-init=\"callbacks.initTriggerButton\"\n\t\t\tdata-wp-on--click=\"actions.showLightbox\"\n\t\t\tdata-wp-style--right=\"state.thisImage.buttonRight\"\n\t\t\tdata-wp-style--top=\"state.thisImage.buttonTop\"\n\t\t>\n\t\t\t<svg xmlns=\"http:\/\/www.w3.org\/2000\/svg\" width=\"12\" height=\"12\" fill=\"none\" viewBox=\"0 0 12 12\">\n\t\t\t\t<path fill=\"#fff\" d=\"M2 0a2 2 0 0 0-2 2v2h1.5V2a.5.5 0 0 1 .5-.5h2V0H2Zm2 10.5H2a.5.5 0 0 1-.5-.5V8H0v2a2 2 0 0 0 2 2h2v-1.5ZM8 12v-1.5h2a.5.5 0 0 0 .5-.5V8H12v2a2 2 0 0 1-2 2H8Zm2-12a2 2 0 0 1 2 2v2h-1.5V2a.5.5 0 0 0-.5-.5H8V0h2Z\" \/>\n\t\t\t<\/svg>\n\t\t<\/button><figcaption class=\"wp-element-caption\">Il Grand Harbour a Malta (Foto: Pacopac \/ Wikimedia Commons, CC BY-SA 4.0)<\/figcaption><\/figure>\n\n\n\n<p class=\"wp-block-paragraph\">Dicono che ti renderai conto della grandiosit\u00e0 di tutte le fortificazioni proprio dall&#8217;acqua, quindi conviene fare un giro panoramico organizzato in barca. I biglietti li puoi comprare direttamente sul lungomare della Valletta e dal ponte della barca avrai una prospettiva completamente diversa e molto pi\u00f9 interessante sulle <strong>alte mura e le fortezze storiche<\/strong> rispetto alla terraferma.<\/p>\n\n\n\n<h3 id=\"5_Tri_mesta_Vittoriosa_Senglea_a_Cospicua\" class=\"wp-block-heading\"><span class=\"ez-toc-section\" id=\"5_Le_Tre_Citta_Vittoriosa_Senglea_e_Cospicua\"><\/span>5. Le Tre Citt\u00e0: Vittoriosa, Senglea e Cospicua<span class=\"ez-toc-section-end\"><\/span><\/h3>\n\n\n\n<p class=\"wp-block-paragraph\">Proprio di fronte alla capitale si trovano Vittoriosa, Senglea e Cospicua, cittadine storiche dove, a quanto pare, trovi un&#8217;<strong>atmosfera molto pi\u00f9 autentica<\/strong> che nella stessa Valletta. Qui arrivano decisamente meno turisti, cos\u00ec puoi goderti con calma le passeggiate tra i vicoli stretti, ammirare i lussuosi yacht nella marina ed esplorare la maestosa fortezza di Fort St Angelo.<\/p>\n\n\n\n<figure data-wp-context=\"{&quot;imageId&quot;:&quot;6a9c2694836b6&quot;}\" data-wp-interactive=\"core\/image\" data-wp-key=\"6a9c2694836b6\" class=\"wp-block-image size-full wp-lightbox-container\"><img decoding=\"async\" width=\"1500\" height=\"887\" data-wp-class--hide=\"state.isContentHidden\" data-wp-class--show=\"state.isContentVisible\" data-wp-init=\"callbacks.setButtonStyles\" data-wp-on--click=\"actions.showLightbox\" data-wp-on--load=\"callbacks.setButtonStyles\" data-wp-on--pointerdown=\"actions.preloadImage\" data-wp-on--pointerenter=\"actions.preloadImageWithDelay\" data-wp-on--pointerleave=\"actions.cancelPreload\" data-wp-on-window--resize=\"callbacks.setButtonStyles\" src=\"https:\/\/loudavymkrokem.cz\/wp-content\/uploads\/2026\/08\/dovolena-malta-t05.jpg\" alt=\"Vittoriosa e Fort St Angelo nel Grand Harbour\" class=\"wp-image-399744\" title=\"\" srcset=\"https:\/\/loudavymkrokem.cz\/wp-content\/uploads\/2026\/08\/dovolena-malta-t05.jpg 1500w, https:\/\/loudavymkrokem.cz\/wp-content\/uploads\/2026\/08\/dovolena-malta-t05-300x177.jpg 300w, https:\/\/loudavymkrokem.cz\/wp-content\/uploads\/2026\/08\/dovolena-malta-t05-700x414.jpg 700w, https:\/\/loudavymkrokem.cz\/wp-content\/uploads\/2026\/08\/dovolena-malta-t05-768x454.jpg 768w, https:\/\/loudavymkrokem.cz\/wp-content\/uploads\/2026\/08\/dovolena-malta-t05-696x412.jpg 696w, https:\/\/loudavymkrokem.cz\/wp-content\/uploads\/2026\/08\/dovolena-malta-t05-1392x823.jpg 1392w\" sizes=\"(max-width: 1500px) 100vw, 1500px\" \/><button\n\t\t\tclass=\"lightbox-trigger\"\n\t\t\ttype=\"button\"\n\t\t\taria-haspopup=\"dialog\"\n\t\t\tdata-wp-bind--aria-label=\"state.thisImage.triggerButtonAriaLabel\"\n\t\t\tdata-wp-init=\"callbacks.initTriggerButton\"\n\t\t\tdata-wp-on--click=\"actions.showLightbox\"\n\t\t\tdata-wp-style--right=\"state.thisImage.buttonRight\"\n\t\t\tdata-wp-style--top=\"state.thisImage.buttonTop\"\n\t\t>\n\t\t\t<svg xmlns=\"http:\/\/www.w3.org\/2000\/svg\" width=\"12\" height=\"12\" fill=\"none\" viewBox=\"0 0 12 12\">\n\t\t\t\t<path fill=\"#fff\" d=\"M2 0a2 2 0 0 0-2 2v2h1.5V2a.5.5 0 0 1 .5-.5h2V0H2Zm2 10.5H2a.5.5 0 0 1-.5-.5V8H0v2a2 2 0 0 0 2 2h2v-1.5ZM8 12v-1.5h2a.5.5 0 0 0 .5-.5V8H12v2a2 2 0 0 1-2 2H8Zm2-12a2 2 0 0 1 2 2v2h-1.5V2a.5.5 0 0 0-.5-.5H8V0h2Z\" \/>\n\t\t\t<\/svg>\n\t\t<\/button><figcaption class=\"wp-element-caption\">Vittoriosa e Fort St Angelo nel Grand Harbour (Foto: Karelj \/ Wikimedia Commons, CC BY-SA 3.0)<\/figcaption><\/figure>\n\n\n\n<p class=\"wp-block-paragraph\">I viaggiatori consigliano di non fare il tragitto dalla Valletta in autobus, ma di farti piuttosto traghettare sulla riva opposta con una tradizionale barchetta di legno chiamata dg\u0127ajsa. Il viaggio dura solo pochi minuti e costa di solito circa due euro; ricordati solo di stipulare una buona <a href=\"https:\/\/loudavymkrokem.cz\/jak-vybrat-cestovni-pojisteni-na-dovolenou\/\">assicurazione di viaggio<\/a>, perch\u00e9 si tratta di piccole imbarcazioni e la sicurezza viene sempre prima di tutto.<\/p>\n\n\n\n<h3 id=\"6_Sliema_a_St_Julian_s_promenada_nakupy_a_nocni_zivot\" class=\"wp-block-heading\"><span class=\"ez-toc-section\" id=\"6_Sliema_e_St_Julians_lungomare_shopping_e_vita_notturna\"><\/span>6. Sliema e St Julian&#8217;s: lungomare, shopping e vita notturna<span class=\"ez-toc-section-end\"><\/span><\/h3>\n\n\n\n<p class=\"wp-block-paragraph\">Se desideri vivacit\u00e0 urbana moderna, centri commerciali e un ampio lungomare, questi due quartieri collegati non ti deluderanno di certo. Mentre la pittoresca baia di Spinola Bay \u00e8 piena di fotogeniche barchette colorate, il lungomare offre a quanto pare <strong>condizioni ideali per le passeggiate serali<\/strong> e per i popolari bagni direttamente da moli e scogli in cemento.<\/p>\n\n\n\n<figure data-wp-context=\"{&quot;imageId&quot;:&quot;6a9c269483c6e&quot;}\" data-wp-interactive=\"core\/image\" data-wp-key=\"6a9c269483c6e\" class=\"wp-block-image size-full wp-lightbox-container\"><img decoding=\"async\" width=\"1500\" height=\"999\" data-wp-class--hide=\"state.isContentHidden\" data-wp-class--show=\"state.isContentVisible\" data-wp-init=\"callbacks.setButtonStyles\" data-wp-on--click=\"actions.showLightbox\" data-wp-on--load=\"callbacks.setButtonStyles\" data-wp-on--pointerdown=\"actions.preloadImage\" data-wp-on--pointerenter=\"actions.preloadImageWithDelay\" data-wp-on--pointerleave=\"actions.cancelPreload\" data-wp-on-window--resize=\"callbacks.setButtonStyles\" src=\"https:\/\/loudavymkrokem.cz\/wp-content\/uploads\/2026\/08\/dovolena-malta-t06.jpg\" alt=\"Spinola Bay a St Julian&#039;s\" class=\"wp-image-399672\" title=\"\" srcset=\"https:\/\/loudavymkrokem.cz\/wp-content\/uploads\/2026\/08\/dovolena-malta-t06.jpg 1500w, https:\/\/loudavymkrokem.cz\/wp-content\/uploads\/2026\/08\/dovolena-malta-t06-300x200.jpg 300w, https:\/\/loudavymkrokem.cz\/wp-content\/uploads\/2026\/08\/dovolena-malta-t06-700x466.jpg 700w, https:\/\/loudavymkrokem.cz\/wp-content\/uploads\/2026\/08\/dovolena-malta-t06-768x511.jpg 768w, https:\/\/loudavymkrokem.cz\/wp-content\/uploads\/2026\/08\/dovolena-malta-t06-696x464.jpg 696w, https:\/\/loudavymkrokem.cz\/wp-content\/uploads\/2026\/08\/dovolena-malta-t06-1392x927.jpg 1392w\" sizes=\"(max-width: 1500px) 100vw, 1500px\" \/><button\n\t\t\tclass=\"lightbox-trigger\"\n\t\t\ttype=\"button\"\n\t\t\taria-haspopup=\"dialog\"\n\t\t\tdata-wp-bind--aria-label=\"state.thisImage.triggerButtonAriaLabel\"\n\t\t\tdata-wp-init=\"callbacks.initTriggerButton\"\n\t\t\tdata-wp-on--click=\"actions.showLightbox\"\n\t\t\tdata-wp-style--right=\"state.thisImage.buttonRight\"\n\t\t\tdata-wp-style--top=\"state.thisImage.buttonTop\"\n\t\t>\n\t\t\t<svg xmlns=\"http:\/\/www.w3.org\/2000\/svg\" width=\"12\" height=\"12\" fill=\"none\" viewBox=\"0 0 12 12\">\n\t\t\t\t<path fill=\"#fff\" d=\"M2 0a2 2 0 0 0-2 2v2h1.5V2a.5.5 0 0 1 .5-.5h2V0H2Zm2 10.5H2a.5.5 0 0 1-.5-.5V8H0v2a2 2 0 0 0 2 2h2v-1.5ZM8 12v-1.5h2a.5.5 0 0 0 .5-.5V8H12v2a2 2 0 0 1-2 2H8Zm2-12a2 2 0 0 1 2 2v2h-1.5V2a.5.5 0 0 0-.5-.5H8V0h2Z\" \/>\n\t\t\t<\/svg>\n\t\t<\/button><figcaption class=\"wp-element-caption\">Spinola Bay a St Julian&#8217;s (Foto: This photo was taken by Anton Zelenov.\nPlease credit this wi \/ Wikimedia Commons, CC BY-SA 4.0)<\/figcaption><\/figure>\n\n\n\n<p class=\"wp-block-paragraph\">I viaggiatori mettono per\u00f2 in guardia dalla zona di Paceville, nel quartiere di St Julian&#8217;s, che funziona come un&#8217;unica enorme e rumorosissima zona della movida. Se non stai proprio cercando discoteche sfrenate e bar economici pieni di studenti delle scuole di lingua, <strong>meglio evitare del tutto questa zona di notte<\/strong> e alloggiare in una parte pi\u00f9 tranquilla dell&#8217;isola \ud83d\ude05.<\/p>\n\n\n\n<h3 id=\"7_Mdina_Tiche_mesto_za_hradbami\" class=\"wp-block-heading\"><span class=\"ez-toc-section\" id=\"7_Mdina_la_citta_silenziosa_dietro_le_mura\"><\/span>7. Mdina: la citt\u00e0 silenziosa dietro le mura<span class=\"ez-toc-section-end\"><\/span><\/h3>\n\n\n\n<p class=\"wp-block-paragraph\">L&#8217;ex capitale si trova ben nascosta dietro alte mura al centro dell&#8217;isola e, grazie alla sua atmosfera unica, la chiamano giustamente la Citt\u00e0 Silenziosa. Gli appassionati di serie tv riconosceranno di certo la maestosa porta principale, la Mdina Gate, perch\u00e9 qui <strong>si sono girate scene della celebre Game of Thrones<\/strong>, ma tutti i visitatori resteranno incantati dall&#8217;intrico di stretti vicoli in pietra arenaria.<\/p>\n\n\n\n<figure data-wp-context=\"{&quot;imageId&quot;:&quot;6a9c2694841b7&quot;}\" data-wp-interactive=\"core\/image\" data-wp-key=\"6a9c2694841b7\" class=\"wp-block-image size-full wp-lightbox-container\"><img decoding=\"async\" width=\"1500\" height=\"1125\" data-wp-class--hide=\"state.isContentHidden\" data-wp-class--show=\"state.isContentVisible\" data-wp-init=\"callbacks.setButtonStyles\" data-wp-on--click=\"actions.showLightbox\" data-wp-on--load=\"callbacks.setButtonStyles\" data-wp-on--pointerdown=\"actions.preloadImage\" data-wp-on--pointerenter=\"actions.preloadImageWithDelay\" data-wp-on--pointerleave=\"actions.cancelPreload\" data-wp-on-window--resize=\"callbacks.setButtonStyles\" src=\"https:\/\/loudavymkrokem.cz\/wp-content\/uploads\/2026\/08\/dovolena-malta-t07.jpg\" alt=\"La porta di Mdina, la Citt\u00e0 Silenziosa\" class=\"wp-image-399675\" title=\"\" srcset=\"https:\/\/loudavymkrokem.cz\/wp-content\/uploads\/2026\/08\/dovolena-malta-t07.jpg 1500w, https:\/\/loudavymkrokem.cz\/wp-content\/uploads\/2026\/08\/dovolena-malta-t07-300x225.jpg 300w, https:\/\/loudavymkrokem.cz\/wp-content\/uploads\/2026\/08\/dovolena-malta-t07-700x525.jpg 700w, https:\/\/loudavymkrokem.cz\/wp-content\/uploads\/2026\/08\/dovolena-malta-t07-768x576.jpg 768w, https:\/\/loudavymkrokem.cz\/wp-content\/uploads\/2026\/08\/dovolena-malta-t07-80x60.jpg 80w, https:\/\/loudavymkrokem.cz\/wp-content\/uploads\/2026\/08\/dovolena-malta-t07-160x120.jpg 160w, https:\/\/loudavymkrokem.cz\/wp-content\/uploads\/2026\/08\/dovolena-malta-t07-696x522.jpg 696w, https:\/\/loudavymkrokem.cz\/wp-content\/uploads\/2026\/08\/dovolena-malta-t07-1392x1044.jpg 1392w\" sizes=\"(max-width: 1500px) 100vw, 1500px\" \/><button\n\t\t\tclass=\"lightbox-trigger\"\n\t\t\ttype=\"button\"\n\t\t\taria-haspopup=\"dialog\"\n\t\t\tdata-wp-bind--aria-label=\"state.thisImage.triggerButtonAriaLabel\"\n\t\t\tdata-wp-init=\"callbacks.initTriggerButton\"\n\t\t\tdata-wp-on--click=\"actions.showLightbox\"\n\t\t\tdata-wp-style--right=\"state.thisImage.buttonRight\"\n\t\t\tdata-wp-style--top=\"state.thisImage.buttonTop\"\n\t\t>\n\t\t\t<svg xmlns=\"http:\/\/www.w3.org\/2000\/svg\" width=\"12\" height=\"12\" fill=\"none\" viewBox=\"0 0 12 12\">\n\t\t\t\t<path fill=\"#fff\" d=\"M2 0a2 2 0 0 0-2 2v2h1.5V2a.5.5 0 0 1 .5-.5h2V0H2Zm2 10.5H2a.5.5 0 0 1-.5-.5V8H0v2a2 2 0 0 0 2 2h2v-1.5ZM8 12v-1.5h2a.5.5 0 0 0 .5-.5V8H12v2a2 2 0 0 1-2 2H8Zm2-12a2 2 0 0 1 2 2v2h-1.5V2a.5.5 0 0 0-.5-.5H8V0h2Z\" \/>\n\t\t\t<\/svg>\n\t\t<\/button><figcaption class=\"wp-element-caption\">La porta di Mdina, la Citt\u00e0 Silenziosa (Foto: Simontabone \/ Wikimedia Commons, CC BY-SA 4.0)<\/figcaption><\/figure>\n\n\n\n<p class=\"wp-block-paragraph\">Durante il giorno dentro le mura c&#8217;\u00e8 piuttosto movimento, perci\u00f2 si consiglia di venire in visita solo verso sera, quando la maggior parte delle gite organizzate riparte verso il mare. Dopo il tramonto le strade storiche restano quasi deserte, i lampioni proiettano lunghe ombre e solo in quel momento, dicono, <strong>capirai perfettamente perch\u00e9 Mdina il suo nome silenzioso se lo merita davvero<\/strong>.<\/p>\n\n\n\n<h3 id=\"8_Rabat_a_katakomby_svateho_Pavla\" class=\"wp-block-heading\"><span class=\"ez-toc-section\" id=\"8_Rabat_e_le_catacombe_di_San_Paolo\"><\/span>8. Rabat e le catacombe di San Paolo<span class=\"ez-toc-section-end\"><\/span><\/h3>\n\n\n\n<p class=\"wp-block-paragraph\">Subito fuori dalle mura di Mdina si estende senza soluzione di continuit\u00e0 la vicina cittadina di Rabat, che sotto le sue strade nasconde un <strong>affascinante e vasto cimitero sotterraneo paleocristiano<\/strong>. Proprio qui puoi esplorare in tutta sicurezza le buie catacombe, dove un tempo si seppellivano i morti, e affacciarti nella venerata grotta di San Paolo, in cui l&#8217;apostolo pare abbia soggiornato dopo il suo presunto naufragio.<\/p>\n\n\n\n<figure data-wp-context=\"{&quot;imageId&quot;:&quot;6a9c26948475d&quot;}\" data-wp-interactive=\"core\/image\" data-wp-key=\"6a9c26948475d\" class=\"wp-block-image size-full wp-lightbox-container\"><img decoding=\"async\" width=\"1500\" height=\"1149\" data-wp-class--hide=\"state.isContentHidden\" data-wp-class--show=\"state.isContentVisible\" data-wp-init=\"callbacks.setButtonStyles\" data-wp-on--click=\"actions.showLightbox\" data-wp-on--load=\"callbacks.setButtonStyles\" data-wp-on--pointerdown=\"actions.preloadImage\" data-wp-on--pointerenter=\"actions.preloadImageWithDelay\" data-wp-on--pointerleave=\"actions.cancelPreload\" data-wp-on-window--resize=\"callbacks.setButtonStyles\" src=\"https:\/\/loudavymkrokem.cz\/wp-content\/uploads\/2026\/08\/dovolena-malta-t08.jpg\" alt=\"Catacombe di San Paolo a Rabat\" class=\"wp-image-399680\" title=\"\" srcset=\"https:\/\/loudavymkrokem.cz\/wp-content\/uploads\/2026\/08\/dovolena-malta-t08.jpg 1500w, https:\/\/loudavymkrokem.cz\/wp-content\/uploads\/2026\/08\/dovolena-malta-t08-300x230.jpg 300w, https:\/\/loudavymkrokem.cz\/wp-content\/uploads\/2026\/08\/dovolena-malta-t08-700x536.jpg 700w, https:\/\/loudavymkrokem.cz\/wp-content\/uploads\/2026\/08\/dovolena-malta-t08-768x588.jpg 768w, https:\/\/loudavymkrokem.cz\/wp-content\/uploads\/2026\/08\/dovolena-malta-t08-80x60.jpg 80w, https:\/\/loudavymkrokem.cz\/wp-content\/uploads\/2026\/08\/dovolena-malta-t08-696x533.jpg 696w, https:\/\/loudavymkrokem.cz\/wp-content\/uploads\/2026\/08\/dovolena-malta-t08-1392x1066.jpg 1392w\" sizes=\"(max-width: 1500px) 100vw, 1500px\" \/><button\n\t\t\tclass=\"lightbox-trigger\"\n\t\t\ttype=\"button\"\n\t\t\taria-haspopup=\"dialog\"\n\t\t\tdata-wp-bind--aria-label=\"state.thisImage.triggerButtonAriaLabel\"\n\t\t\tdata-wp-init=\"callbacks.initTriggerButton\"\n\t\t\tdata-wp-on--click=\"actions.showLightbox\"\n\t\t\tdata-wp-style--right=\"state.thisImage.buttonRight\"\n\t\t\tdata-wp-style--top=\"state.thisImage.buttonTop\"\n\t\t>\n\t\t\t<svg xmlns=\"http:\/\/www.w3.org\/2000\/svg\" width=\"12\" height=\"12\" fill=\"none\" viewBox=\"0 0 12 12\">\n\t\t\t\t<path fill=\"#fff\" d=\"M2 0a2 2 0 0 0-2 2v2h1.5V2a.5.5 0 0 1 .5-.5h2V0H2Zm2 10.5H2a.5.5 0 0 1-.5-.5V8H0v2a2 2 0 0 0 2 2h2v-1.5ZM8 12v-1.5h2a.5.5 0 0 0 .5-.5V8H12v2a2 2 0 0 1-2 2H8Zm2-12a2 2 0 0 1 2 2v2h-1.5V2a.5.5 0 0 0-.5-.5H8V0h2Z\" \/>\n\t\t\t<\/svg>\n\t\t<\/button><figcaption class=\"wp-element-caption\">Catacombe di San Paolo a Rabat (Foto: Diego Delso \/ Wikimedia Commons, CC BY-SA 4.0)<\/figcaption><\/figure>\n\n\n\n<p class=\"wp-block-paragraph\">La visita ai labirintici corridoi sotterranei richiede almeno un&#8217;ora ed \u00e8 bene sapere che laggi\u00f9 fa piuttosto fresco, quindi ti torner\u00e0 utile un maglioncino leggero. Gli orari di apertura \u00e8 meglio <strong>verificarli sempre in anticipo sul sito ufficiale<\/strong>, perch\u00e9 possono cambiare a seconda della stagione, e ad alcuni tratti l&#8217;accesso non \u00e8 del tutto agevole per le persone con mobilit\u00e0 ridotta.<\/p>\n\n\n\n<h3 id=\"9_Rotunda_v_Moste_a_pribeh_bomby\" class=\"wp-block-heading\"><span class=\"ez-toc-section\" id=\"9_La_Rotonda_di_Mosta_e_la_storia_della_bomba\"><\/span>9. La Rotonda di Mosta e la storia della bomba<span class=\"ez-toc-section-end\"><\/span><\/h3>\n\n\n\n<p class=\"wp-block-paragraph\">La monumentale chiesa della cittadina di Mosta vanta una delle pi\u00f9 grandi cupole non sostenute di tutta Europa e gi\u00e0 da lontano rappresenta un punto di riferimento inconfondibile dell&#8217;isola. Ma non si tratta solo di un&#8217;architettura imponente, perch\u00e9 a questo luogo \u00e8 legata una <strong>storia quasi incredibile risalente alla Seconda guerra mondiale<\/strong>, che ne ha fatto uno dei posti pi\u00f9 visitati di Malta.<\/p>\n\n\n\n<figure data-wp-context=\"{&quot;imageId&quot;:&quot;6a9c269484bc2&quot;}\" data-wp-interactive=\"core\/image\" data-wp-key=\"6a9c269484bc2\" class=\"wp-block-image size-full wp-lightbox-container\"><img decoding=\"async\" width=\"1500\" height=\"998\" data-wp-class--hide=\"state.isContentHidden\" data-wp-class--show=\"state.isContentVisible\" data-wp-init=\"callbacks.setButtonStyles\" data-wp-on--click=\"actions.showLightbox\" data-wp-on--load=\"callbacks.setButtonStyles\" data-wp-on--pointerdown=\"actions.preloadImage\" data-wp-on--pointerenter=\"actions.preloadImageWithDelay\" data-wp-on--pointerleave=\"actions.cancelPreload\" data-wp-on-window--resize=\"callbacks.setButtonStyles\" src=\"https:\/\/loudavymkrokem.cz\/wp-content\/uploads\/2026\/08\/dovolena-malta-t09.jpg\" alt=\"La Rotonda di Mosta con la sua enorme cupola\" class=\"wp-image-399687\" title=\"\" srcset=\"https:\/\/loudavymkrokem.cz\/wp-content\/uploads\/2026\/08\/dovolena-malta-t09.jpg 1500w, https:\/\/loudavymkrokem.cz\/wp-content\/uploads\/2026\/08\/dovolena-malta-t09-300x200.jpg 300w, https:\/\/loudavymkrokem.cz\/wp-content\/uploads\/2026\/08\/dovolena-malta-t09-700x466.jpg 700w, https:\/\/loudavymkrokem.cz\/wp-content\/uploads\/2026\/08\/dovolena-malta-t09-768x511.jpg 768w, https:\/\/loudavymkrokem.cz\/wp-content\/uploads\/2026\/08\/dovolena-malta-t09-696x463.jpg 696w, https:\/\/loudavymkrokem.cz\/wp-content\/uploads\/2026\/08\/dovolena-malta-t09-1392x926.jpg 1392w\" sizes=\"(max-width: 1500px) 100vw, 1500px\" \/><button\n\t\t\tclass=\"lightbox-trigger\"\n\t\t\ttype=\"button\"\n\t\t\taria-haspopup=\"dialog\"\n\t\t\tdata-wp-bind--aria-label=\"state.thisImage.triggerButtonAriaLabel\"\n\t\t\tdata-wp-init=\"callbacks.initTriggerButton\"\n\t\t\tdata-wp-on--click=\"actions.showLightbox\"\n\t\t\tdata-wp-style--right=\"state.thisImage.buttonRight\"\n\t\t\tdata-wp-style--top=\"state.thisImage.buttonTop\"\n\t\t>\n\t\t\t<svg xmlns=\"http:\/\/www.w3.org\/2000\/svg\" width=\"12\" height=\"12\" fill=\"none\" viewBox=\"0 0 12 12\">\n\t\t\t\t<path fill=\"#fff\" d=\"M2 0a2 2 0 0 0-2 2v2h1.5V2a.5.5 0 0 1 .5-.5h2V0H2Zm2 10.5H2a.5.5 0 0 1-.5-.5V8H0v2a2 2 0 0 0 2 2h2v-1.5ZM8 12v-1.5h2a.5.5 0 0 0 .5-.5V8H12v2a2 2 0 0 1-2 2H8Zm2-12a2 2 0 0 1 2 2v2h-1.5V2a.5.5 0 0 0-.5-.5H8V0h2Z\" \/>\n\t\t\t<\/svg>\n\t\t<\/button><figcaption class=\"wp-element-caption\">La Rotonda di Mosta con la sua enorme cupola (Foto: Mstyslav Chernov \/ Wikimedia Commons, CC BY-SA 3.0)<\/figcaption><\/figure>\n\n\n\n<p class=\"wp-block-paragraph\">Nell&#8217;aprile del 1942, infatti, durante una messa una bomba aerea tedesca sfond\u00f2 l&#8217;enorme cupola, cadde proprio in mezzo alla chiesa piena di fedeli, ma come per miracolo non esplose affatto. Oggi all&#8217;interno puoi ammirare una <strong>fedele replica di questa famosa bomba<\/strong> e la gente del posto crede ancora fermamente che allora, sopra le trecento persone in preghiera, vegliassero semplicemente tutti i santi.<\/p>\n\n\n\n<h3 id=\"10_Dingli_Cliffs_utesy_nad_zapadnim_pobrezim\" class=\"wp-block-heading\"><span class=\"ez-toc-section\" id=\"10_Dingli_Cliffs_le_scogliere_sulla_costa_occidentale\"><\/span>10. Dingli Cliffs: le scogliere sulla costa occidentale<span class=\"ez-toc-section-end\"><\/span><\/h3>\n\n\n\n<p class=\"wp-block-paragraph\">Per gli amanti della natura e dei panorami drammatici queste possenti scogliere sulla costa occidentale sono un obbligo assoluto, perch\u00e9 costituiscono il punto pi\u00f9 alto di tutto l&#8217;arcipelago. Le pareti calcaree precipitano a picco direttamente in mare e, secondo l&#8217;esperienza di altri viaggiatori, qui vivrai <strong>la passeggiata pi\u00f9 bella e tranquilla<\/strong>, accompagnata solo dal suono del vento e della risacca.<\/p>\n\n\n\n<figure data-wp-context=\"{&quot;imageId&quot;:&quot;6a9c269485159&quot;}\" data-wp-interactive=\"core\/image\" data-wp-key=\"6a9c269485159\" class=\"wp-block-image size-full wp-lightbox-container\"><img decoding=\"async\" width=\"1500\" height=\"1042\" data-wp-class--hide=\"state.isContentHidden\" data-wp-class--show=\"state.isContentVisible\" data-wp-init=\"callbacks.setButtonStyles\" data-wp-on--click=\"actions.showLightbox\" data-wp-on--load=\"callbacks.setButtonStyles\" data-wp-on--pointerdown=\"actions.preloadImage\" data-wp-on--pointerenter=\"actions.preloadImageWithDelay\" data-wp-on--pointerleave=\"actions.cancelPreload\" data-wp-on-window--resize=\"callbacks.setButtonStyles\" src=\"https:\/\/loudavymkrokem.cz\/wp-content\/uploads\/2026\/08\/dovolena-malta-t10.jpg\" alt=\"Le scogliere di Dingli sulla costa occidentale\" class=\"wp-image-399692\" title=\"\" srcset=\"https:\/\/loudavymkrokem.cz\/wp-content\/uploads\/2026\/08\/dovolena-malta-t10.jpg 1500w, https:\/\/loudavymkrokem.cz\/wp-content\/uploads\/2026\/08\/dovolena-malta-t10-300x208.jpg 300w, https:\/\/loudavymkrokem.cz\/wp-content\/uploads\/2026\/08\/dovolena-malta-t10-700x486.jpg 700w, https:\/\/loudavymkrokem.cz\/wp-content\/uploads\/2026\/08\/dovolena-malta-t10-768x534.jpg 768w, https:\/\/loudavymkrokem.cz\/wp-content\/uploads\/2026\/08\/dovolena-malta-t10-696x483.jpg 696w, https:\/\/loudavymkrokem.cz\/wp-content\/uploads\/2026\/08\/dovolena-malta-t10-1392x967.jpg 1392w\" sizes=\"(max-width: 1500px) 100vw, 1500px\" \/><button\n\t\t\tclass=\"lightbox-trigger\"\n\t\t\ttype=\"button\"\n\t\t\taria-haspopup=\"dialog\"\n\t\t\tdata-wp-bind--aria-label=\"state.thisImage.triggerButtonAriaLabel\"\n\t\t\tdata-wp-init=\"callbacks.initTriggerButton\"\n\t\t\tdata-wp-on--click=\"actions.showLightbox\"\n\t\t\tdata-wp-style--right=\"state.thisImage.buttonRight\"\n\t\t\tdata-wp-style--top=\"state.thisImage.buttonTop\"\n\t\t>\n\t\t\t<svg xmlns=\"http:\/\/www.w3.org\/2000\/svg\" width=\"12\" height=\"12\" fill=\"none\" viewBox=\"0 0 12 12\">\n\t\t\t\t<path fill=\"#fff\" d=\"M2 0a2 2 0 0 0-2 2v2h1.5V2a.5.5 0 0 1 .5-.5h2V0H2Zm2 10.5H2a.5.5 0 0 1-.5-.5V8H0v2a2 2 0 0 0 2 2h2v-1.5ZM8 12v-1.5h2a.5.5 0 0 0 .5-.5V8H12v2a2 2 0 0 1-2 2H8Zm2-12a2 2 0 0 1 2 2v2h-1.5V2a.5.5 0 0 0-.5-.5H8V0h2Z\" \/>\n\t\t\t<\/svg>\n\t\t<\/button><figcaption class=\"wp-element-caption\">Le scogliere di Dingli sulla costa occidentale (Foto: Felix K\u00f6nig \/ Wikimedia Commons, CC BY 3.0)<\/figcaption><\/figure>\n\n\n\n<p class=\"wp-block-paragraph\">Le scogliere sono ovviamente pi\u00f9 affascinanti verso sera, quando arrivano i fotografi a caccia dei migliori scatti del tramonto. Per raggiungerle basta salire su un autobus, ma ricorda che <strong>dalla fermata devi camminare un po&#8217; a piedi<\/strong>, quindi delle scarpe comode sono senz&#8217;altro una scelta migliore delle sottili infradito da spiaggia.<\/p>\n\n\n\n<h3 id=\"11_Mosta_Naxxar_a_Palazzo_Parisio\" class=\"wp-block-heading\"><span class=\"ez-toc-section\" id=\"11_Mosta_Naxxar_e_Palazzo_Parisio\"><\/span>11. Mosta, Naxxar e Palazzo Parisio<span class=\"ez-toc-section-end\"><\/span><\/h3>\n\n\n\n<p class=\"wp-block-paragraph\">Quando esplorerai il centro dell&#8217;isola intorno alla cittadina di Mosta, non dovresti assolutamente perderti il vicino villaggio di Naxxar, dove sorge una residenza nobiliare davvero incantevole. Palazzo Parisio si \u00e8 infatti guadagnato tra i turisti il <strong>soprannome di piccola Versailles di Malta<\/strong>, soprattutto grazie ai suoi interni riccamente decorati e a uno splendido giardino curato.<\/p>\n\n\n\n<figure data-wp-context=\"{&quot;imageId&quot;:&quot;6a9c2694856b9&quot;}\" data-wp-interactive=\"core\/image\" data-wp-key=\"6a9c2694856b9\" class=\"wp-block-image size-full wp-lightbox-container\"><img decoding=\"async\" width=\"1500\" height=\"1120\" data-wp-class--hide=\"state.isContentHidden\" data-wp-class--show=\"state.isContentVisible\" data-wp-init=\"callbacks.setButtonStyles\" data-wp-on--click=\"actions.showLightbox\" data-wp-on--load=\"callbacks.setButtonStyles\" data-wp-on--pointerdown=\"actions.preloadImage\" data-wp-on--pointerenter=\"actions.preloadImageWithDelay\" data-wp-on--pointerleave=\"actions.cancelPreload\" data-wp-on-window--resize=\"callbacks.setButtonStyles\" src=\"https:\/\/loudavymkrokem.cz\/wp-content\/uploads\/2026\/08\/dovolena-malta-t11.jpg\" alt=\"Il giardino di Palazzo Parisio a Naxxar\" class=\"wp-image-399698\" title=\"\" srcset=\"https:\/\/loudavymkrokem.cz\/wp-content\/uploads\/2026\/08\/dovolena-malta-t11.jpg 1500w, https:\/\/loudavymkrokem.cz\/wp-content\/uploads\/2026\/08\/dovolena-malta-t11-300x224.jpg 300w, https:\/\/loudavymkrokem.cz\/wp-content\/uploads\/2026\/08\/dovolena-malta-t11-700x523.jpg 700w, https:\/\/loudavymkrokem.cz\/wp-content\/uploads\/2026\/08\/dovolena-malta-t11-768x573.jpg 768w, https:\/\/loudavymkrokem.cz\/wp-content\/uploads\/2026\/08\/dovolena-malta-t11-80x60.jpg 80w, https:\/\/loudavymkrokem.cz\/wp-content\/uploads\/2026\/08\/dovolena-malta-t11-160x120.jpg 160w, https:\/\/loudavymkrokem.cz\/wp-content\/uploads\/2026\/08\/dovolena-malta-t11-696x520.jpg 696w, https:\/\/loudavymkrokem.cz\/wp-content\/uploads\/2026\/08\/dovolena-malta-t11-1392x1039.jpg 1392w\" sizes=\"(max-width: 1500px) 100vw, 1500px\" \/><button\n\t\t\tclass=\"lightbox-trigger\"\n\t\t\ttype=\"button\"\n\t\t\taria-haspopup=\"dialog\"\n\t\t\tdata-wp-bind--aria-label=\"state.thisImage.triggerButtonAriaLabel\"\n\t\t\tdata-wp-init=\"callbacks.initTriggerButton\"\n\t\t\tdata-wp-on--click=\"actions.showLightbox\"\n\t\t\tdata-wp-style--right=\"state.thisImage.buttonRight\"\n\t\t\tdata-wp-style--top=\"state.thisImage.buttonTop\"\n\t\t>\n\t\t\t<svg xmlns=\"http:\/\/www.w3.org\/2000\/svg\" width=\"12\" height=\"12\" fill=\"none\" viewBox=\"0 0 12 12\">\n\t\t\t\t<path fill=\"#fff\" d=\"M2 0a2 2 0 0 0-2 2v2h1.5V2a.5.5 0 0 1 .5-.5h2V0H2Zm2 10.5H2a.5.5 0 0 1-.5-.5V8H0v2a2 2 0 0 0 2 2h2v-1.5ZM8 12v-1.5h2a.5.5 0 0 0 .5-.5V8H12v2a2 2 0 0 1-2 2H8Zm2-12a2 2 0 0 1 2 2v2h-1.5V2a.5.5 0 0 0-.5-.5H8V0h2Z\" \/>\n\t\t\t<\/svg>\n\t\t<\/button><figcaption class=\"wp-element-caption\">Il giardino di Palazzo Parisio a Naxxar (Foto: Continentaleurope \/ Wikimedia Commons, CC BY-SA 3.0)<\/figcaption><\/figure>\n\n\n\n<p class=\"wp-block-paragraph\">L&#8217;ingresso si paga al portone principale e la visita, a quanto pare, entusiasma ogni amante dell&#8217;opulenta architettura barocca. Dopo la passeggiata nel palazzo puoi anche concederti una piccola gioia e <strong>fermarti per un caff\u00e8 o un t\u00e8 direttamente nei giardini del palazzo<\/strong>, il che secondo le recensioni \u00e8 una conclusione incredibilmente romantica per l&#8217;intera giornata.<\/p>\n\n\n\n<h3 id=\"12_Ta_Qali_a_remeslna_vesnice\" class=\"wp-block-heading\"><span class=\"ez-toc-section\" id=\"12_Ta_Qali_e_il_villaggio_degli_artigiani\"><\/span>12. Ta&#8217; Qali e il villaggio degli artigiani<span class=\"ez-toc-section-end\"><\/span><\/h3>\n\n\n\n<p class=\"wp-block-paragraph\">Un ex aeroporto militare si \u00e8 trasformato col tempo in un vasto parco, la cui attrazione principale \u00e8 un popolarissimo villaggio artigianale, dove si va soprattutto per i prodotti locali. Se vuoi portarti a casa dalla vacanza <strong>souvenir di qualit\u00e0 che non arrivano dalla Cina<\/strong>, qui trovi botteghe piene di tradizionale vetro soffiato a mano e di delicata filigrana d&#8217;argento.<\/p>\n\n\n\n<figure data-wp-context=\"{&quot;imageId&quot;:&quot;6a9c269485c88&quot;}\" data-wp-interactive=\"core\/image\" data-wp-key=\"6a9c269485c88\" class=\"wp-block-image size-full wp-lightbox-container\"><img decoding=\"async\" width=\"1500\" height=\"1000\" data-wp-class--hide=\"state.isContentHidden\" data-wp-class--show=\"state.isContentVisible\" data-wp-init=\"callbacks.setButtonStyles\" data-wp-on--click=\"actions.showLightbox\" data-wp-on--load=\"callbacks.setButtonStyles\" data-wp-on--pointerdown=\"actions.preloadImage\" data-wp-on--pointerenter=\"actions.preloadImageWithDelay\" data-wp-on--pointerleave=\"actions.cancelPreload\" data-wp-on-window--resize=\"callbacks.setButtonStyles\" src=\"https:\/\/loudavymkrokem.cz\/wp-content\/uploads\/2026\/08\/dovolena-malta-t12.jpg\" alt=\"Lavorazione artigianale del vetro a Malta\" class=\"wp-image-399751\" title=\"\" srcset=\"https:\/\/loudavymkrokem.cz\/wp-content\/uploads\/2026\/08\/dovolena-malta-t12.jpg 1500w, https:\/\/loudavymkrokem.cz\/wp-content\/uploads\/2026\/08\/dovolena-malta-t12-300x200.jpg 300w, https:\/\/loudavymkrokem.cz\/wp-content\/uploads\/2026\/08\/dovolena-malta-t12-700x467.jpg 700w, https:\/\/loudavymkrokem.cz\/wp-content\/uploads\/2026\/08\/dovolena-malta-t12-768x512.jpg 768w, https:\/\/loudavymkrokem.cz\/wp-content\/uploads\/2026\/08\/dovolena-malta-t12-696x464.jpg 696w, https:\/\/loudavymkrokem.cz\/wp-content\/uploads\/2026\/08\/dovolena-malta-t12-1392x928.jpg 1392w\" sizes=\"(max-width: 1500px) 100vw, 1500px\" \/><button\n\t\t\tclass=\"lightbox-trigger\"\n\t\t\ttype=\"button\"\n\t\t\taria-haspopup=\"dialog\"\n\t\t\tdata-wp-bind--aria-label=\"state.thisImage.triggerButtonAriaLabel\"\n\t\t\tdata-wp-init=\"callbacks.initTriggerButton\"\n\t\t\tdata-wp-on--click=\"actions.showLightbox\"\n\t\t\tdata-wp-style--right=\"state.thisImage.buttonRight\"\n\t\t\tdata-wp-style--top=\"state.thisImage.buttonTop\"\n\t\t>\n\t\t\t<svg xmlns=\"http:\/\/www.w3.org\/2000\/svg\" width=\"12\" height=\"12\" fill=\"none\" viewBox=\"0 0 12 12\">\n\t\t\t\t<path fill=\"#fff\" d=\"M2 0a2 2 0 0 0-2 2v2h1.5V2a.5.5 0 0 1 .5-.5h2V0H2Zm2 10.5H2a.5.5 0 0 1-.5-.5V8H0v2a2 2 0 0 0 2 2h2v-1.5ZM8 12v-1.5h2a.5.5 0 0 0 .5-.5V8H12v2a2 2 0 0 1-2 2H8Zm2-12a2 2 0 0 1 2 2v2h-1.5V2a.5.5 0 0 0-.5-.5H8V0h2Z\" \/>\n\t\t\t<\/svg>\n\t\t<\/button><figcaption class=\"wp-element-caption\">Lavorazione artigianale del vetro a Malta (Foto: Noport \/ Wikimedia Commons, CC BY-SA 4.0)<\/figcaption><\/figure>\n\n\n\n<p class=\"wp-block-paragraph\">In molte botteghe puoi anche guardare i maestri vetrai all&#8217;opera e osservare come questi fragili manufatti nascano proprio davanti a te. La visita \u00e8 meglio pianificarla al mattino nei giorni feriali, perch\u00e9 <strong>nei weekend la maggior parte delle manifatture \u00e8 purtroppo chiusa<\/strong>, cosa che a volte molti turisti poco informati pagano senza volerlo.<\/p>\n\n\n\n<h3 id=\"13_Marsaxlokk_rybarska_vesnice_s_barevnymi_lodkami\" class=\"wp-block-heading\"><span class=\"ez-toc-section\" id=\"13_Marsaxlokk_il_villaggio_di_pescatori_con_le_barche_colorate\"><\/span>13. Marsaxlokk: il villaggio di pescatori con le barche colorate<span class=\"ez-toc-section-end\"><\/span><\/h3>\n\n\n\n<p class=\"wp-block-paragraph\">Questo villaggio di pescatori estremamente fotogenico nel sud dell&#8217;isola attira soprattutto per la baia piena di tradizionali barche variopinte, chiamate luzzu. Sulla loro prua trovi sempre <strong>il magico occhio di Osiride dipinto<\/strong>, che dovrebbe proteggere i pescatori dai pericoli del mare e che compone forse l&#8217;immagine pi\u00f9 tipica di Malta in assoluto.<\/p>\n\n\n\n<figure data-wp-context=\"{&quot;imageId&quot;:&quot;6a9c269486279&quot;}\" data-wp-interactive=\"core\/image\" data-wp-key=\"6a9c269486279\" class=\"wp-block-image size-full wp-lightbox-container\"><img decoding=\"async\" width=\"1500\" height=\"1000\" data-wp-class--hide=\"state.isContentHidden\" data-wp-class--show=\"state.isContentVisible\" data-wp-init=\"callbacks.setButtonStyles\" data-wp-on--click=\"actions.showLightbox\" data-wp-on--load=\"callbacks.setButtonStyles\" data-wp-on--pointerdown=\"actions.preloadImage\" data-wp-on--pointerenter=\"actions.preloadImageWithDelay\" data-wp-on--pointerleave=\"actions.cancelPreload\" data-wp-on-window--resize=\"callbacks.setButtonStyles\" src=\"https:\/\/loudavymkrokem.cz\/wp-content\/uploads\/2026\/08\/dovolena-malta-t13.jpg\" alt=\"Le barche colorate luzzu a Marsaxlokk\" class=\"wp-image-399704\" title=\"\" srcset=\"https:\/\/loudavymkrokem.cz\/wp-content\/uploads\/2026\/08\/dovolena-malta-t13.jpg 1500w, https:\/\/loudavymkrokem.cz\/wp-content\/uploads\/2026\/08\/dovolena-malta-t13-300x200.jpg 300w, https:\/\/loudavymkrokem.cz\/wp-content\/uploads\/2026\/08\/dovolena-malta-t13-700x467.jpg 700w, https:\/\/loudavymkrokem.cz\/wp-content\/uploads\/2026\/08\/dovolena-malta-t13-768x512.jpg 768w, https:\/\/loudavymkrokem.cz\/wp-content\/uploads\/2026\/08\/dovolena-malta-t13-696x464.jpg 696w, https:\/\/loudavymkrokem.cz\/wp-content\/uploads\/2026\/08\/dovolena-malta-t13-1392x928.jpg 1392w\" sizes=\"(max-width: 1500px) 100vw, 1500px\" \/><button\n\t\t\tclass=\"lightbox-trigger\"\n\t\t\ttype=\"button\"\n\t\t\taria-haspopup=\"dialog\"\n\t\t\tdata-wp-bind--aria-label=\"state.thisImage.triggerButtonAriaLabel\"\n\t\t\tdata-wp-init=\"callbacks.initTriggerButton\"\n\t\t\tdata-wp-on--click=\"actions.showLightbox\"\n\t\t\tdata-wp-style--right=\"state.thisImage.buttonRight\"\n\t\t\tdata-wp-style--top=\"state.thisImage.buttonTop\"\n\t\t>\n\t\t\t<svg xmlns=\"http:\/\/www.w3.org\/2000\/svg\" width=\"12\" height=\"12\" fill=\"none\" viewBox=\"0 0 12 12\">\n\t\t\t\t<path fill=\"#fff\" d=\"M2 0a2 2 0 0 0-2 2v2h1.5V2a.5.5 0 0 1 .5-.5h2V0H2Zm2 10.5H2a.5.5 0 0 1-.5-.5V8H0v2a2 2 0 0 0 2 2h2v-1.5ZM8 12v-1.5h2a.5.5 0 0 0 .5-.5V8H12v2a2 2 0 0 1-2 2H8Zm2-12a2 2 0 0 1 2 2v2h-1.5V2a.5.5 0 0 0-.5-.5H8V0h2Z\" \/>\n\t\t\t<\/svg>\n\t\t<\/button><figcaption class=\"wp-element-caption\">Le barche colorate luzzu a Marsaxlokk (Foto: Vlad beu \/ Wikimedia Commons, Public domain)<\/figcaption><\/figure>\n\n\n\n<p class=\"wp-block-paragraph\">I turisti arrivano qui soprattutto per il grande mercato della domenica, ma devo avvertirti sinceramente che si tratta prevalentemente di un mercato del pesce, quindi per noi vegetariani \u00e8 pi\u00f9 uno spettacolo culturale che una tappa gastronomica allettante \u263a\ufe0f. Preparati inoltre al fatto che <strong>la domenica mattina gli autobus scoppiano<\/strong>, perci\u00f2 conviene semplicemente partire il prima possibile.<\/p>\n\n\n\n<h3 id=\"14_Modra_jeskyne_Blue_Grotto\" class=\"wp-block-heading\"><span class=\"ez-toc-section\" id=\"14_La_Grotta_Azzurra_Blue_Grotto\"><\/span>14. La Grotta Azzurra (Blue Grotto)<span class=\"ez-toc-section-end\"><\/span><\/h3>\n\n\n\n<p class=\"wp-block-paragraph\">La meraviglia naturale nota come Blue Grotto \u00e8 formata da un imponente arco roccioso e da una serie di grotte marine collegate, dove l&#8217;acqua sfoggia praticamente ogni sfumatura di turchese. I raggi del sole qui si riflettono sul fondale di sabbia bianca e, <strong>secondo le recensioni, \u00e8 uno spettacolo assolutamente fantastico<\/strong>, che sarebbe davvero un peccato saltare.<\/p>\n\n\n\n<figure data-wp-context=\"{&quot;imageId&quot;:&quot;6a9c2694868bc&quot;}\" data-wp-interactive=\"core\/image\" data-wp-key=\"6a9c2694868bc\" class=\"wp-block-image size-full wp-lightbox-container\"><img decoding=\"async\" width=\"1500\" height=\"1000\" data-wp-class--hide=\"state.isContentHidden\" data-wp-class--show=\"state.isContentVisible\" data-wp-init=\"callbacks.setButtonStyles\" data-wp-on--click=\"actions.showLightbox\" data-wp-on--load=\"callbacks.setButtonStyles\" data-wp-on--pointerdown=\"actions.preloadImage\" data-wp-on--pointerenter=\"actions.preloadImageWithDelay\" data-wp-on--pointerleave=\"actions.cancelPreload\" data-wp-on-window--resize=\"callbacks.setButtonStyles\" src=\"https:\/\/loudavymkrokem.cz\/wp-content\/uploads\/2026\/08\/dovolena-malta-t14.jpg\" alt=\"La Grotta Azzurra nel sud di Malta\" class=\"wp-image-399708\" title=\"\" srcset=\"https:\/\/loudavymkrokem.cz\/wp-content\/uploads\/2026\/08\/dovolena-malta-t14.jpg 1500w, https:\/\/loudavymkrokem.cz\/wp-content\/uploads\/2026\/08\/dovolena-malta-t14-300x200.jpg 300w, https:\/\/loudavymkrokem.cz\/wp-content\/uploads\/2026\/08\/dovolena-malta-t14-700x467.jpg 700w, https:\/\/loudavymkrokem.cz\/wp-content\/uploads\/2026\/08\/dovolena-malta-t14-768x512.jpg 768w, https:\/\/loudavymkrokem.cz\/wp-content\/uploads\/2026\/08\/dovolena-malta-t14-696x464.jpg 696w, https:\/\/loudavymkrokem.cz\/wp-content\/uploads\/2026\/08\/dovolena-malta-t14-1392x928.jpg 1392w\" sizes=\"(max-width: 1500px) 100vw, 1500px\" \/><button\n\t\t\tclass=\"lightbox-trigger\"\n\t\t\ttype=\"button\"\n\t\t\taria-haspopup=\"dialog\"\n\t\t\tdata-wp-bind--aria-label=\"state.thisImage.triggerButtonAriaLabel\"\n\t\t\tdata-wp-init=\"callbacks.initTriggerButton\"\n\t\t\tdata-wp-on--click=\"actions.showLightbox\"\n\t\t\tdata-wp-style--right=\"state.thisImage.buttonRight\"\n\t\t\tdata-wp-style--top=\"state.thisImage.buttonTop\"\n\t\t>\n\t\t\t<svg xmlns=\"http:\/\/www.w3.org\/2000\/svg\" width=\"12\" height=\"12\" fill=\"none\" viewBox=\"0 0 12 12\">\n\t\t\t\t<path fill=\"#fff\" d=\"M2 0a2 2 0 0 0-2 2v2h1.5V2a.5.5 0 0 1 .5-.5h2V0H2Zm2 10.5H2a.5.5 0 0 1-.5-.5V8H0v2a2 2 0 0 0 2 2h2v-1.5ZM8 12v-1.5h2a.5.5 0 0 0 .5-.5V8H12v2a2 2 0 0 1-2 2H8Zm2-12a2 2 0 0 1 2 2v2h-1.5V2a.5.5 0 0 0-.5-.5H8V0h2Z\" \/>\n\t\t\t<\/svg>\n\t\t<\/button><figcaption class=\"wp-element-caption\">La Grotta Azzurra nel sud di Malta (Foto: Frank Vincentz \/ Wikimedia Commons, CC BY-SA 3.0)<\/figcaption><\/figure>\n\n\n\n<p class=\"wp-block-paragraph\">Le barchette partono dal vicino villaggio di Wied i\u017c-\u017burrieq, la traversata dura circa venti o trenta minuti e, per le migliori condizioni di luce, si consiglia di arrivare subito in mattinata. Ricorda per\u00f2 che <strong>con mare molto mosso ovviamente non si esce<\/strong>, quindi se lungo la costa tira parecchio vento, meglio rimandare questa gita a un giorno decisamente pi\u00f9 calmo.<\/p>\n\n\n\n<h3 id=\"15_agar_Qim_a_Mnajdra_chramy_starsi_nez_pyramidy\" class=\"wp-block-heading\"><span class=\"ez-toc-section\" id=\"15_Hagar_Qim_e_Mnajdra_templi_piu_antichi_delle_piramidi\"><\/span>15. \u0126a\u0121ar Qim e Mnajdra: templi pi\u00f9 antichi delle piramidi<span class=\"ez-toc-section-end\"><\/span><\/h3>\n\n\n\n<p class=\"wp-block-paragraph\">Malta pu\u00f2 vantare costruzioni ancora pi\u00f9 antiche delle piramidi egizie, e questi due fantastici templi megalitici risalgono a un&#8217;epoca intorno al 3600-3200 avanti Cristo. Entrambi i complessi preistorici sorgono vicino alle scogliere sul mare, sono iscritti nella lista UNESCO ed emanano una <strong>grande mistica storica<\/strong>, molto apprezzata dai viaggiatori.<\/p>\n\n\n\n<figure data-wp-context=\"{&quot;imageId&quot;:&quot;6a9c269486eb9&quot;}\" data-wp-interactive=\"core\/image\" data-wp-key=\"6a9c269486eb9\" class=\"wp-block-image size-full wp-lightbox-container\"><img decoding=\"async\" width=\"1500\" height=\"1000\" data-wp-class--hide=\"state.isContentHidden\" data-wp-class--show=\"state.isContentVisible\" data-wp-init=\"callbacks.setButtonStyles\" data-wp-on--click=\"actions.showLightbox\" data-wp-on--load=\"callbacks.setButtonStyles\" data-wp-on--pointerdown=\"actions.preloadImage\" data-wp-on--pointerenter=\"actions.preloadImageWithDelay\" data-wp-on--pointerleave=\"actions.cancelPreload\" data-wp-on-window--resize=\"callbacks.setButtonStyles\" src=\"https:\/\/loudavymkrokem.cz\/wp-content\/uploads\/2026\/08\/dovolena-malta-t15.jpg\" alt=\"Il tempio megalitico di \u0126a\u0121ar Qim\" class=\"wp-image-399714\" title=\"\" srcset=\"https:\/\/loudavymkrokem.cz\/wp-content\/uploads\/2026\/08\/dovolena-malta-t15.jpg 1500w, https:\/\/loudavymkrokem.cz\/wp-content\/uploads\/2026\/08\/dovolena-malta-t15-300x200.jpg 300w, https:\/\/loudavymkrokem.cz\/wp-content\/uploads\/2026\/08\/dovolena-malta-t15-700x467.jpg 700w, https:\/\/loudavymkrokem.cz\/wp-content\/uploads\/2026\/08\/dovolena-malta-t15-768x512.jpg 768w, https:\/\/loudavymkrokem.cz\/wp-content\/uploads\/2026\/08\/dovolena-malta-t15-696x464.jpg 696w, https:\/\/loudavymkrokem.cz\/wp-content\/uploads\/2026\/08\/dovolena-malta-t15-1392x928.jpg 1392w\" sizes=\"(max-width: 1500px) 100vw, 1500px\" \/><button\n\t\t\tclass=\"lightbox-trigger\"\n\t\t\ttype=\"button\"\n\t\t\taria-haspopup=\"dialog\"\n\t\t\tdata-wp-bind--aria-label=\"state.thisImage.triggerButtonAriaLabel\"\n\t\t\tdata-wp-init=\"callbacks.initTriggerButton\"\n\t\t\tdata-wp-on--click=\"actions.showLightbox\"\n\t\t\tdata-wp-style--right=\"state.thisImage.buttonRight\"\n\t\t\tdata-wp-style--top=\"state.thisImage.buttonTop\"\n\t\t>\n\t\t\t<svg xmlns=\"http:\/\/www.w3.org\/2000\/svg\" width=\"12\" height=\"12\" fill=\"none\" viewBox=\"0 0 12 12\">\n\t\t\t\t<path fill=\"#fff\" d=\"M2 0a2 2 0 0 0-2 2v2h1.5V2a.5.5 0 0 1 .5-.5h2V0H2Zm2 10.5H2a.5.5 0 0 1-.5-.5V8H0v2a2 2 0 0 0 2 2h2v-1.5ZM8 12v-1.5h2a.5.5 0 0 0 .5-.5V8H12v2a2 2 0 0 1-2 2H8Zm2-12a2 2 0 0 1 2 2v2h-1.5V2a.5.5 0 0 0-.5-.5H8V0h2Z\" \/>\n\t\t\t<\/svg>\n\t\t<\/button><figcaption class=\"wp-element-caption\">Il tempio megalitico di \u0126a\u0121ar Qim (Foto: Diego Delso \/ Wikimedia Commons, CC BY-SA 4.0)<\/figcaption><\/figure>\n\n\n\n<p class=\"wp-block-paragraph\">Per evitare un&#8217;ulteriore erosione delle preziose pietre, entrambi i templi sono coperti in modo intelligente da grandi tende protettive, che tra l&#8217;altro in estate offrono un&#8217;ombra provvidenziale. Viste le alte temperature estive, per\u00f2, <strong>non dimenticare di portare acqua a sufficienza<\/strong>, perch\u00e9 l&#8217;area \u00e8 piuttosto vasta e la visita richiede un po&#8217; di tempo.<\/p>\n\n\n\n<h3 id=\"16_St_Peter_s_Pool_prirodni_bazen_ve_skale\" class=\"wp-block-heading\"><span class=\"ez-toc-section\" id=\"16_St_Peters_Pool_la_piscina_naturale_nella_roccia\"><\/span>16. St Peter&#8217;s Pool: la piscina naturale nella roccia<span class=\"ez-toc-section-end\"><\/span><\/h3>\n\n\n\n<p class=\"wp-block-paragraph\">A breve distanza dal villaggio di Marsaxlokk si trova una delle piscine naturali pi\u00f9 famose, che l&#8217;acqua di mare ha scolpito per millenni direttamente nella liscia roccia calcarea. L&#8217;acqua qui \u00e8 splendidamente limpida e profonda, il che attira soprattutto i pi\u00f9 giovani e tutti quelli che <strong>amano i tuffi spettacolari<\/strong> da sporgenze rocciose di varie altezze.<\/p>\n\n\n\n<figure data-wp-context=\"{&quot;imageId&quot;:&quot;6a9c26948740e&quot;}\" data-wp-interactive=\"core\/image\" data-wp-key=\"6a9c26948740e\" class=\"wp-block-image size-full wp-lightbox-container\"><img decoding=\"async\" width=\"1500\" height=\"1000\" data-wp-class--hide=\"state.isContentHidden\" data-wp-class--show=\"state.isContentVisible\" data-wp-init=\"callbacks.setButtonStyles\" data-wp-on--click=\"actions.showLightbox\" data-wp-on--load=\"callbacks.setButtonStyles\" data-wp-on--pointerdown=\"actions.preloadImage\" data-wp-on--pointerenter=\"actions.preloadImageWithDelay\" data-wp-on--pointerleave=\"actions.cancelPreload\" data-wp-on-window--resize=\"callbacks.setButtonStyles\" src=\"https:\/\/loudavymkrokem.cz\/wp-content\/uploads\/2026\/08\/dovolena-malta-t16.jpg\" alt=\"La piscina naturale di St Peter&#039;s Pool\" class=\"wp-image-399754\" title=\"\" srcset=\"https:\/\/loudavymkrokem.cz\/wp-content\/uploads\/2026\/08\/dovolena-malta-t16.jpg 1500w, https:\/\/loudavymkrokem.cz\/wp-content\/uploads\/2026\/08\/dovolena-malta-t16-300x200.jpg 300w, https:\/\/loudavymkrokem.cz\/wp-content\/uploads\/2026\/08\/dovolena-malta-t16-700x467.jpg 700w, https:\/\/loudavymkrokem.cz\/wp-content\/uploads\/2026\/08\/dovolena-malta-t16-768x512.jpg 768w, https:\/\/loudavymkrokem.cz\/wp-content\/uploads\/2026\/08\/dovolena-malta-t16-696x464.jpg 696w, https:\/\/loudavymkrokem.cz\/wp-content\/uploads\/2026\/08\/dovolena-malta-t16-1392x928.jpg 1392w\" sizes=\"(max-width: 1500px) 100vw, 1500px\" \/><button\n\t\t\tclass=\"lightbox-trigger\"\n\t\t\ttype=\"button\"\n\t\t\taria-haspopup=\"dialog\"\n\t\t\tdata-wp-bind--aria-label=\"state.thisImage.triggerButtonAriaLabel\"\n\t\t\tdata-wp-init=\"callbacks.initTriggerButton\"\n\t\t\tdata-wp-on--click=\"actions.showLightbox\"\n\t\t\tdata-wp-style--right=\"state.thisImage.buttonRight\"\n\t\t\tdata-wp-style--top=\"state.thisImage.buttonTop\"\n\t\t>\n\t\t\t<svg xmlns=\"http:\/\/www.w3.org\/2000\/svg\" width=\"12\" height=\"12\" fill=\"none\" viewBox=\"0 0 12 12\">\n\t\t\t\t<path fill=\"#fff\" d=\"M2 0a2 2 0 0 0-2 2v2h1.5V2a.5.5 0 0 1 .5-.5h2V0H2Zm2 10.5H2a.5.5 0 0 1-.5-.5V8H0v2a2 2 0 0 0 2 2h2v-1.5ZM8 12v-1.5h2a.5.5 0 0 0 .5-.5V8H12v2a2 2 0 0 1-2 2H8Zm2-12a2 2 0 0 1 2 2v2h-1.5V2a.5.5 0 0 0-.5-.5H8V0h2Z\" \/>\n\t\t\t<\/svg>\n\t\t<\/button><figcaption class=\"wp-element-caption\">La piscina naturale di St Peter&#8217;s Pool (Foto: Diego Delso \/ Wikimedia Commons, CC BY-SA 4.0)<\/figcaption><\/figure>\n\n\n\n<p class=\"wp-block-paragraph\">In questa piscina naturale non trovi assolutamente alcun servizio turistico, n\u00e9 chioschi di ristoro n\u00e9 ombrelloni, quindi devi portare tutto da te. Metti in valigia scarpe robuste o scarpette da scoglio, perch\u00e9 <strong>le rocce tendono a essere scivolose e taglienti<\/strong>, e se cerchi tranquillit\u00e0, arriva piuttosto presto al mattino, prima che gli scogli calcarei si riempiano di asciugamani.<\/p>\n\n\n\n<h3 id=\"17_Hypogeum_v_al_Saflieni\" class=\"wp-block-heading\"><span class=\"ez-toc-section\" id=\"17_LIpogeo_di_Hal_Saflieni\"><\/span>17. L&#8217;Ipogeo di \u0126al Saflieni<span class=\"ez-toc-section-end\"><\/span><\/h3>\n\n\n\n<p class=\"wp-block-paragraph\">Questo santuario sotterraneo a tre piani scavato in profondit\u00e0 nella roccia rappresenta un unicum a livello mondiale ed \u00e8, a quanto pare, il monumento pi\u00f9 misterioso di tutta Malta. Lo scoprirono per puro caso alcuni operai mentre scavavano le fondamenta per nuove case, e oggi \u00e8 un luogo che <strong>stupisce per la sua complessa architettura<\/strong> e per l&#8217;acustica perfetta nelle profonde camere.<\/p>\n\n\n\n<figure data-wp-context=\"{&quot;imageId&quot;:&quot;6a9c269487a07&quot;}\" data-wp-interactive=\"core\/image\" data-wp-key=\"6a9c269487a07\" class=\"wp-block-image size-full wp-lightbox-container\"><img decoding=\"async\" width=\"1500\" height=\"1125\" data-wp-class--hide=\"state.isContentHidden\" data-wp-class--show=\"state.isContentVisible\" data-wp-init=\"callbacks.setButtonStyles\" data-wp-on--click=\"actions.showLightbox\" data-wp-on--load=\"callbacks.setButtonStyles\" data-wp-on--pointerdown=\"actions.preloadImage\" data-wp-on--pointerenter=\"actions.preloadImageWithDelay\" data-wp-on--pointerleave=\"actions.cancelPreload\" data-wp-on-window--resize=\"callbacks.setButtonStyles\" src=\"https:\/\/loudavymkrokem.cz\/wp-content\/uploads\/2026\/08\/dovolena-malta-t17.jpg\" alt=\"I templi preistorici di Tarxien\" class=\"wp-image-399716\" title=\"\" srcset=\"https:\/\/loudavymkrokem.cz\/wp-content\/uploads\/2026\/08\/dovolena-malta-t17.jpg 1500w, https:\/\/loudavymkrokem.cz\/wp-content\/uploads\/2026\/08\/dovolena-malta-t17-300x225.jpg 300w, https:\/\/loudavymkrokem.cz\/wp-content\/uploads\/2026\/08\/dovolena-malta-t17-700x525.jpg 700w, https:\/\/loudavymkrokem.cz\/wp-content\/uploads\/2026\/08\/dovolena-malta-t17-768x576.jpg 768w, https:\/\/loudavymkrokem.cz\/wp-content\/uploads\/2026\/08\/dovolena-malta-t17-80x60.jpg 80w, https:\/\/loudavymkrokem.cz\/wp-content\/uploads\/2026\/08\/dovolena-malta-t17-160x120.jpg 160w, https:\/\/loudavymkrokem.cz\/wp-content\/uploads\/2026\/08\/dovolena-malta-t17-696x522.jpg 696w, https:\/\/loudavymkrokem.cz\/wp-content\/uploads\/2026\/08\/dovolena-malta-t17-1392x1044.jpg 1392w\" sizes=\"(max-width: 1500px) 100vw, 1500px\" \/><button\n\t\t\tclass=\"lightbox-trigger\"\n\t\t\ttype=\"button\"\n\t\t\taria-haspopup=\"dialog\"\n\t\t\tdata-wp-bind--aria-label=\"state.thisImage.triggerButtonAriaLabel\"\n\t\t\tdata-wp-init=\"callbacks.initTriggerButton\"\n\t\t\tdata-wp-on--click=\"actions.showLightbox\"\n\t\t\tdata-wp-style--right=\"state.thisImage.buttonRight\"\n\t\t\tdata-wp-style--top=\"state.thisImage.buttonTop\"\n\t\t>\n\t\t\t<svg xmlns=\"http:\/\/www.w3.org\/2000\/svg\" width=\"12\" height=\"12\" fill=\"none\" viewBox=\"0 0 12 12\">\n\t\t\t\t<path fill=\"#fff\" d=\"M2 0a2 2 0 0 0-2 2v2h1.5V2a.5.5 0 0 1 .5-.5h2V0H2Zm2 10.5H2a.5.5 0 0 1-.5-.5V8H0v2a2 2 0 0 0 2 2h2v-1.5ZM8 12v-1.5h2a.5.5 0 0 0 .5-.5V8H12v2a2 2 0 0 1-2 2H8Zm2-12a2 2 0 0 1 2 2v2h-1.5V2a.5.5 0 0 0-.5-.5H8V0h2Z\" \/>\n\t\t\t<\/svg>\n\t\t<\/button><figcaption class=\"wp-element-caption\">I templi preistorici di Tarxien (Foto: Kaybeesquared \/ Wikimedia Commons, CC BY-SA 4.0)<\/figcaption><\/figure>\n\n\n\n<p class=\"wp-block-paragraph\">Per proteggere l&#8217;unico microclima interno, si entra solo in piccoli gruppi e l&#8217;ingresso, ovviamente, si paga a persona. Se vuoi vedere questo luogo con i tuoi occhi, devi <strong>prenotare i biglietti online anche con diversi mesi di anticipo<\/strong>, perch\u00e9 si esauriscono a una velocit\u00e0 incredibile e sul posto non hai alcuna possibilit\u00e0 di trovarne.<\/p>\n\n\n\n<!-- LKM_GYG_CARD start q=\"malta\" lang=\"it\" rendered=\"2026-09-05T13:06:37+00:00\" v=\"1\" -->\n\n<!-- LKM_GYG_CARD end -->\n\n\n\n\n<div class=\"lk-stays-module\">\n<style>\n\/* \u2500\u2500\u2500 RESET PRO GUTENBERG \u2500\u2500\u2500 *\/\n.lk-stays-module * { box-sizing: border-box; margin: 0; padding: 0; }\n\n\/* \u2500\u2500\u2500 WRAPPER \u2500\u2500\u2500 *\/\n.lk-stays-module {\n  font-family: 'DM Sans', Georgia, sans-serif;\n  max-width: 100%;\n  margin: 2.5rem auto;\n  background: linear-gradient(135deg, #fdfaf5 0%, #fcf8f0 100%);\n  border: 1px solid #e8dfd4;\n  border-radius: 16px;\n  overflow: hidden;\n  box-shadow: 0 16px 48px rgba(195, 159, 118, 0.25), 0 4px 12px rgba(0,0,0,0.08);\n}\n\n\/* \u2500\u2500\u2500 HEADER \u2500\u2500\u2500 *\/\n.lk-stays-header {\n  position: relative;\n  padding: 24px 36px 24px;\n  background: linear-gradient(135deg, #c39f76 0%, #d4b188 60%, #c39f76 100%);\n  border-bottom: 1px solid rgba(255,255,255,.15);\n  display: flex;\n  align-items: center;\n  gap: 18px;\n}\n.lk-stays-header::before {\n  content: '';\n  position: absolute;\n  inset: 0;\n  background: url(\"data:image\/svg+xml,%3Csvg width='60' height='60' viewBox='0 0 60 60' xmlns='http:\/\/www.w3.org\/2000\/svg'%3E%3Cg fill='none' fill-rule='evenodd'%3E%3Cg fill='%23ffffff' fill-opacity='0.05'%3E%3Cpath d='M36 34v-4h-2v4h-4v2h4v4h2v-4h4v-2h-4zm0-30V0h-2v4h-4v2h4v4h2V6h4V4h-4zM6 34v-4H4v4H0v2h4v4h2v-4h4v-2H6zM6 4V0H4v4H0v2h4v4h2V6h4V4H6z'\/%3E%3C\/g%3E%3C\/g%3E%3C\/svg%3E\") repeat;\n  pointer-events: none;\n}\n.lk-stays-icon {\n  flex-shrink: 0;\n  width: 68px;\n  height: 68px;\n  border-radius: 14px;\n  background: linear-gradient(135deg, #fff 0%, #f9f6f0 100%);\n  display: flex;\n  align-items: center;\n  justify-content: center;\n  font-size: 26px;\n  box-shadow: 0 4px 12px rgba(0,0,0,0.15);\n}\n.lk-stays-eyebrow {\n  font-size: 10px;\n  font-weight: 500;\n  letter-spacing: 2.5px;\n  text-transform: uppercase;\n  color: rgba(255,255,255,.85);\n  margin: 0 0 5px 0;\n}\n.lk-stays-title {\n  font-family: 'Playfair Display', Georgia, serif;\n  font-size: 24px;\n  font-weight: 700;\n  color: #fff;\n  line-height: 1.2;\n  text-shadow: 0 1px 2px rgba(0,0,0,0.1);\n  margin: 0;\n}\n.lk-stays-subtitle {\n  font-size: 13px;\n  color: rgba(255,255,255,.75);\n  margin: 4px 0 0 0;\n  font-weight: 300;\n}\n\n\/* \u2500\u2500\u2500 CARDS GRID \u2500\u2500\u2500 *\/\n.lk-stays-grid {\n  display: grid;\n  grid-template-columns: 1fr 1fr;\n  gap: 1px;\n  background: rgba(195, 159, 118, 0.12);\n}\n\n\/* \u2500\u2500\u2500 SINGLE CARD \u2500\u2500\u2500 *\/\n.lk-stay-card {\n  background: #ffffff;\n  padding: 26px;\n  display: flex;\n  flex-direction: column;\n  gap: 11px;\n  transition: all 0.3s ease;\n  text-decoration: none;\n  color: inherit;\n  position: relative;\n}\n.lk-stay-card:hover {\n  background: #fffbf5;\n  transform: translateY(-2px);\n  box-shadow: 0 8px 24px rgba(195, 159, 118, 0.18);\n  z-index: 1;\n}\n.lk-stay-card.featured {\n  background: linear-gradient(135deg, #fffdf9 0%, #fff9f0 100%);\n  box-shadow: 0 4px 16px rgba(195, 159, 118, 0.15), inset 0 1px 0 rgba(195, 159, 118, 0.1);\n}\n.lk-stay-card.featured:hover {\n  background: linear-gradient(135deg, #fffbf5 0%, #fff8ed 100%);\n  box-shadow: 0 8px 24px rgba(195, 159, 118, 0.25), inset 0 1px 0 rgba(195, 159, 118, 0.15);\n}\n\n.lk-stay-badge {\n  display: inline-flex;\n  align-items: center;\n  gap: 5px;\n  font-size: 10px;\n  font-weight: 500;\n  letter-spacing: 1.5px;\n  text-transform: uppercase;\n  padding: 5px 11px;\n  border-radius: 20px;\n  width: fit-content;\n}\n.badge-top     { background: linear-gradient(135deg, #c39f76 0%, #d4b188 100%); color: #fff; border: 1px solid #c39f76; font-weight: 600; box-shadow: 0 2px 8px rgba(195,159,118,0.3); }\n.badge-luxury  { background: rgba(195,159,118,.12); color: #c39f76; border: 1px solid rgba(195,159,118,.25); }\n.badge-boutique{ background: rgba(54,133,252,.08); color: #3685fc; border: 1px solid rgba(54,133,252,.2); }\n.badge-nature  { background: rgba(130,190,100,.1); color: #6b9c4a; border: 1px solid rgba(130,190,100,.2); }\n.badge-remote  { background: rgba(195,159,118,.12); color: #a67e50; border: 1px solid rgba(195,159,118,.25); }\n\n.lk-stay-name {\n  font-family: 'Playfair Display', Georgia, serif;\n  font-size: 18px;\n  font-weight: 700;\n  color: #111827;\n  line-height: 1.3;\n}\n.lk-stay-desc {\n  font-size: 13.5px;\n  color: #525252;\n  line-height: 1.65;\n  font-weight: 300;\n  flex: 1;\n}\n\n.lk-stay-meta {\n  display: flex;\n  align-items: center;\n  gap: 12px;\n  flex-wrap: wrap;\n  margin-top: 4px;\n}\n.lk-stay-price {\n  font-size: 13px;\n  color: #6b7280;\n}\n.lk-stay-price strong {\n  color: #c39f76;\n  font-weight: 500;\n}\n.lk-stay-stars {\n  color: #c39f76;\n  font-size: 11px;\n  letter-spacing: 1px;\n}\n\n\/* \u2500\u2500\u2500 CTA BUTTON \u2500\u2500\u2500 *\/\n.lk-stay-cta {\n  display: inline-flex;\n  align-items: center;\n  justify-content: center;\n  gap: 7px;\n  margin-top: 8px;\n  padding: 11px 20px;\n  border-radius: 8px;\n  background: linear-gradient(135deg, #3685fc 0%, #2a6fd9 100%);\n  color: #fff;\n  font-size: 13px;\n  font-weight: 500;\n  text-decoration: none;\n  letter-spacing: .3px;\n  transition: all .2s ease;\n  cursor: pointer;\n  border: none;\n  text-align: center;\n  box-shadow: 0 4px 12px rgba(54, 133, 252, 0.25);\n}\n.lk-stay-cta:hover {\n  background: linear-gradient(135deg, #2a6fd9 0%, #1e5bc4 100%);\n  transform: translateY(-1px);\n  box-shadow: 0 6px 16px rgba(54, 133, 252, 0.35);\n}\n.lk-stay-cta svg { flex-shrink: 0; }\n\n\/* \u2500\u2500\u2500 FOOTER \u2500\u2500\u2500 *\/\n.lk-stays-footer {\n  padding: 18px 36px;\n  background: linear-gradient(to bottom, #fdfaf5 0%, #f9f4ed 100%);\n  border-top: 1px solid rgba(195, 159, 118, 0.15);\n  display: flex;\n  align-items: center;\n  justify-content: space-between;\n  flex-wrap: wrap;\n  gap: 12px;\n}\n.lk-stays-footer-note {\n  font-size: 11.5px;\n  color: #6b7280;\n  font-weight: 300;\n  line-height: 1.5;\n}\n.lk-stays-footer-note a {\n  color: #c39f76;\n  text-decoration: none;\n  font-weight: 400;\n}\n.lk-stays-footer-note a:hover {\n  text-decoration: underline;\n}\n.lk-stays-all-btn {\n  display: inline-flex;\n  align-items: center;\n  gap: 6px;\n  font-size: 12.5px;\n  font-weight: 500;\n  color: #c39f76;\n  text-decoration: none;\n  border: 1px solid rgba(195, 159, 118, 0.35);\n  padding: 8px 18px;\n  border-radius: 8px;\n  transition: all .2s ease;\n}\n.lk-stays-all-btn:hover {\n  background: rgba(195, 159, 118, 0.08);\n  border-color: rgba(195, 159, 118, 0.5);\n}\n\n\/* \u2500\u2500\u2500 RESPONSIVE \u2500\u2500\u2500 *\/\n@media (max-width: 600px) {\n  .lk-stays-grid { grid-template-columns: 1fr; }\n  .lk-stays-header { padding: 24px 20px; }\n  .lk-stays-footer { padding: 16px 20px; }\n  .lk-stay-card { padding: 22px; }\n  .lk-stays-title { font-size: 20px; }\n}\n<\/style>\n\n  <!-- HEADER -->\n  <div class=\"lk-stays-header\">\n    <img decoding=\"async\" src=\"https:\/\/loudavymkrokem.cz\/wp-content\/uploads\/2026\/02\/lukas-a-lucka.jpg\" alt=\"\" style=\"width: 75px; height: 75px; border-radius: 8px; flex-shrink: 0; object-fit: cover; display: block; margin: 4px 0;\" title=\"\">\n    <div class=\"lk-stays-header-text\">\n      <div class=\"lk-stays-eyebrow\">Luk\u00e1\u0161 e Lucie raccomandano<\/div>\n      <div class=\"lk-stays-title\">Dove alloggiare a Malta<\/div>\n      <div class=\"lk-stays-subtitle\">6 alloggi \u2014 hotel wellness, resort e altre opzioni di alloggio<\/div>\n    <\/div>\n  <\/div>\n\n  <!-- CARDS -->\n  <div class=\"lk-stays-grid\">\n\n    <a class=\"lk-stay-card featured\" href=\"https:\/\/www.stay22.com\/allez\/roam?aid=lukaskonecny&#038;campaign=loudavymkrokemcz&#038;campaign=it&#038;campaign=dovolena-malta&#038;hotelname=The%20Embassy%20Valletta%20Hotel&#038;address=Valletta%2C%20Malta\" target=\"_blank\" rel=\"nofollow noopener\">\n      <span class=\"lk-stay-badge badge-top\">\u2b50 SCELTA TOP<\/span>\n      <span class=\"lk-stay-badge badge-nature\">\ud83c\udfe8 Hotel<\/span>\n      <div class=\"lk-stay-name\">The Embassy Valletta Hotel<\/div>\n      <div class=\"lk-stay-desc\">Hotel straordinario nel centro storico con terrazza panoramica con piscina e vista spettacolare sui dintorni.<\/div>\n      <div class=\"lk-stay-meta\">\n        <span class=\"lk-stay-stars\">\u2605\u2605\u2605\u2605<\/span>\n        <span class=\"lk-stay-price\">Controlla i prezzi<\/span>\n      <\/div>\n      <span class=\"lk-stay-cta\">\n        <svg width=\"14\" height=\"14\" viewBox=\"0 0 24 24\" fill=\"none\" stroke=\"currentColor\" stroke-width=\"2\"><path d=\"M18 13v6a2 2 0 0 1-2 2H5a2 2 0 0 1-2-2V8a2 2 0 0 1 2-2h6\"\/><polyline points=\"15 3 21 3 21 9\"\/><line x1=\"10\" y1=\"14\" x2=\"21\" y2=\"3\"\/><\/svg>\n        Verifica disponibilit\u00e0\n      <\/span>\n    <\/a>\n\n    <a class=\"lk-stay-card\" href=\"https:\/\/www.stay22.com\/allez\/roam?aid=lukaskonecny&#038;campaign=loudavymkrokemcz&#038;campaign=it&#038;campaign=dovolena-malta&#038;hotelname=Hotel%20Juliani&#038;address=St%20Julian%27s%2C%20Malta\" target=\"_blank\" rel=\"nofollow noopener\">\n      <span class=\"lk-stay-badge badge-nature\">\ud83c\udfe8 Hotel<\/span>\n      <div class=\"lk-stay-name\">Hotel Juliani<\/div>\n      <div class=\"lk-stay-desc\">Bellissimo hotel boutique sulla costa di Spinola Bay, offre servizi eccellenti e un&#8217;atmosfera incantevole.<\/div>\n      <div class=\"lk-stay-meta\">\n        <span class=\"lk-stay-stars\">\u2605\u2605\u2605\u2605<\/span>\n        <span class=\"lk-stay-price\">Controlla i prezzi<\/span>\n      <\/div>\n      <span class=\"lk-stay-cta\">\n        <svg width=\"14\" height=\"14\" viewBox=\"0 0 24 24\" fill=\"none\" stroke=\"currentColor\" stroke-width=\"2\"><path d=\"M18 13v6a2 2 0 0 1-2 2H5a2 2 0 0 1-2-2V8a2 2 0 0 1 2-2h6\"\/><polyline points=\"15 3 21 3 21 9\"\/><line x1=\"10\" y1=\"14\" x2=\"21\" y2=\"3\"\/><\/svg>\n        Verifica disponibilit\u00e0\n      <\/span>\n    <\/a>\n\n    <a class=\"lk-stay-card\" href=\"https:\/\/www.stay22.com\/allez\/roam?aid=lukaskonecny&#038;campaign=loudavymkrokemcz&#038;campaign=it&#038;campaign=dovolena-malta&#038;hotelname=Corinthia%20St%20George%27s%20Bay&#038;address=St%20Julian%27s%2C%20Malta\" target=\"_blank\" rel=\"nofollow noopener\">\n      <span class=\"lk-stay-badge badge-nature\">\u2b50 Luxury<\/span>\n      <div class=\"lk-stay-name\">Corinthia St George&#8217;s Bay<\/div>\n      <div class=\"lk-stay-desc\">Resort di lusso a cinque stelle direttamente sulla baia, massimo comfort e servizio di prima classe per clienti esigenti.<\/div>\n      <div class=\"lk-stay-meta\">\n        <span class=\"lk-stay-stars\">\u2605\u2605\u2605\u2605\u2605<\/span>\n        <span class=\"lk-stay-price\">Controlla i prezzi<\/span>\n      <\/div>\n      <span class=\"lk-stay-cta\">\n        <svg width=\"14\" height=\"14\" viewBox=\"0 0 24 24\" fill=\"none\" stroke=\"currentColor\" stroke-width=\"2\"><path d=\"M18 13v6a2 2 0 0 1-2 2H5a2 2 0 0 1-2-2V8a2 2 0 0 1 2-2h6\"\/><polyline points=\"15 3 21 3 21 9\"\/><line x1=\"10\" y1=\"14\" x2=\"21\" y2=\"3\"\/><\/svg>\n        Verifica disponibilit\u00e0\n      <\/span>\n    <\/a>\n\n    <a class=\"lk-stay-card\" href=\"https:\/\/www.stay22.com\/allez\/roam?aid=lukaskonecny&#038;campaign=loudavymkrokemcz&#038;campaign=it&#038;campaign=dovolena-malta&#038;hotelname=Hyatt%20Centric%20Malta&#038;address=St%20Julian%27s%2C%20Malta\" target=\"_blank\" rel=\"nofollow noopener\">\n      <span class=\"lk-stay-badge badge-nature\">\ud83c\udfe8 Hotel<\/span>\n      <div class=\"lk-stay-name\">Hyatt Centric Malta<\/div>\n      <div class=\"lk-stay-desc\">Hotel modernamente arredato nella zona di St Julian&#8217;s, attira con la sua elegante piscina sul tetto.<\/div>\n      <div class=\"lk-stay-meta\">\n        <span class=\"lk-stay-stars\">\u2605\u2605\u2605\u2605<\/span>\n        <span class=\"lk-stay-price\">Controlla i prezzi<\/span>\n      <\/div>\n      <span class=\"lk-stay-cta\">\n        <svg width=\"14\" height=\"14\" viewBox=\"0 0 24 24\" fill=\"none\" stroke=\"currentColor\" stroke-width=\"2\"><path d=\"M18 13v6a2 2 0 0 1-2 2H5a2 2 0 0 1-2-2V8a2 2 0 0 1 2-2h6\"\/><polyline points=\"15 3 21 3 21 9\"\/><line x1=\"10\" y1=\"14\" x2=\"21\" y2=\"3\"\/><\/svg>\n        Verifica disponibilit\u00e0\n      <\/span>\n    <\/a>\n\n    <a class=\"lk-stay-card\" href=\"https:\/\/www.stay22.com\/allez\/roam?aid=lukaskonecny&#038;campaign=loudavymkrokemcz&#038;campaign=it&#038;campaign=dovolena-malta&#038;hotelname=db%20Seabank%20Resort%20%2B%20Spa&#038;address=Mellieha%2C%20Malta\" target=\"_blank\" rel=\"nofollow noopener\">\n      <span class=\"lk-stay-badge badge-nature\">\ud83c\udf32 Resort<\/span>\n      <div class=\"lk-stay-name\">db Seabank Resort + Spa<\/div>\n      <div class=\"lk-stay-desc\">Complesso popolare con formula all inclusive, a pochi passi dalla migliore spiaggia di sabbia a Mellie\u0127a.<\/div>\n      <div class=\"lk-stay-meta\">\n        <span class=\"lk-stay-stars\">\u2605\u2605\u2605\u2605<\/span>\n        <span class=\"lk-stay-price\">Controlla i prezzi<\/span>\n      <\/div>\n      <span class=\"lk-stay-cta\">\n        <svg width=\"14\" height=\"14\" viewBox=\"0 0 24 24\" fill=\"none\" stroke=\"currentColor\" stroke-width=\"2\"><path d=\"M18 13v6a2 2 0 0 1-2 2H5a2 2 0 0 1-2-2V8a2 2 0 0 1 2-2h6\"\/><polyline points=\"15 3 21 3 21 9\"\/><line x1=\"10\" y1=\"14\" x2=\"21\" y2=\"3\"\/><\/svg>\n        Verifica disponibilit\u00e0\n      <\/span>\n    <\/a>\n\n    <a class=\"lk-stay-card\" href=\"https:\/\/www.stay22.com\/allez\/roam?aid=lukaskonecny&#038;campaign=loudavymkrokemcz&#038;campaign=it&#038;campaign=dovolena-malta&#038;hotelname=Kempinski%20Hotel%20San%20Lawrenz&#038;address=San%20Lawrenz%2C%20Gozo%2C%20Malta\" target=\"_blank\" rel=\"nofollow noopener\">\n      <span class=\"lk-stay-badge badge-nature\">\ud83c\udf32 Resort<\/span>\n      <div class=\"lk-stay-name\">Kempinski Hotel San Lawrenz<\/div>\n      <div class=\"lk-stay-desc\">Resort tranquillo e spazioso nell&#8217;entroterra dell&#8217;isola di Gozo, un&#8217;oasi di pace assoluta per un riposo perfetto.<\/div>\n      <div class=\"lk-stay-meta\">\n        <span class=\"lk-stay-stars\">\u2605\u2605\u2605\u2605<\/span>\n        <span class=\"lk-stay-price\">Controlla i prezzi<\/span>\n      <\/div>\n      <span class=\"lk-stay-cta\">\n        <svg width=\"14\" height=\"14\" viewBox=\"0 0 24 24\" fill=\"none\" stroke=\"currentColor\" stroke-width=\"2\"><path d=\"M18 13v6a2 2 0 0 1-2 2H5a2 2 0 0 1-2-2V8a2 2 0 0 1 2-2h6\"\/><polyline points=\"15 3 21 3 21 9\"\/><line x1=\"10\" y1=\"14\" x2=\"21\" y2=\"3\"\/><\/svg>\n        Verifica disponibilit\u00e0\n      <\/span>\n    <\/a>\n\n  <\/div>\n\n  \n<\/div>\n\n\n\n\n<h3 id=\"18_Modra_laguna_na_Comino\" class=\"wp-block-heading\"><span class=\"ez-toc-section\" id=\"18_La_Laguna_Blu_di_Comino\"><\/span>18. La Laguna Blu di Comino<span class=\"ez-toc-section-end\"><\/span><\/h3>\n\n\n\n<p class=\"wp-block-paragraph\">L&#8217;acqua turchese brillante che contrasta con il fondale di sabbia bianca ha reso questa baia, di gran lunga, il luogo pi\u00f9 fotogenico di tutto l&#8217;arcipelago. Si trova lungo le rive della piccola isola di Comino, dove l&#8217;auto non arriva affatto, quindi devi pagare una barca escursionistica da Malta o da Gozo; e secondo le foto laggi\u00f9 <strong>sembra un vero paradiso caraibico<\/strong>.<\/p>\n\n\n\n<figure data-wp-context=\"{&quot;imageId&quot;:&quot;6a9c2694881c8&quot;}\" data-wp-interactive=\"core\/image\" data-wp-key=\"6a9c2694881c8\" class=\"wp-block-image size-full wp-lightbox-container\"><img decoding=\"async\" width=\"1500\" height=\"1000\" data-wp-class--hide=\"state.isContentHidden\" data-wp-class--show=\"state.isContentVisible\" data-wp-init=\"callbacks.setButtonStyles\" data-wp-on--click=\"actions.showLightbox\" data-wp-on--load=\"callbacks.setButtonStyles\" data-wp-on--pointerdown=\"actions.preloadImage\" data-wp-on--pointerenter=\"actions.preloadImageWithDelay\" data-wp-on--pointerleave=\"actions.cancelPreload\" data-wp-on-window--resize=\"callbacks.setButtonStyles\" src=\"https:\/\/loudavymkrokem.cz\/wp-content\/uploads\/2026\/08\/dovolena-malta-t18.jpg\" alt=\"La Laguna Blu sull&#039;isolotto di Comino\" class=\"wp-image-399720\" title=\"\" srcset=\"https:\/\/loudavymkrokem.cz\/wp-content\/uploads\/2026\/08\/dovolena-malta-t18.jpg 1500w, https:\/\/loudavymkrokem.cz\/wp-content\/uploads\/2026\/08\/dovolena-malta-t18-300x200.jpg 300w, https:\/\/loudavymkrokem.cz\/wp-content\/uploads\/2026\/08\/dovolena-malta-t18-700x467.jpg 700w, https:\/\/loudavymkrokem.cz\/wp-content\/uploads\/2026\/08\/dovolena-malta-t18-768x512.jpg 768w, https:\/\/loudavymkrokem.cz\/wp-content\/uploads\/2026\/08\/dovolena-malta-t18-696x464.jpg 696w, https:\/\/loudavymkrokem.cz\/wp-content\/uploads\/2026\/08\/dovolena-malta-t18-1392x928.jpg 1392w\" sizes=\"(max-width: 1500px) 100vw, 1500px\" \/><button\n\t\t\tclass=\"lightbox-trigger\"\n\t\t\ttype=\"button\"\n\t\t\taria-haspopup=\"dialog\"\n\t\t\tdata-wp-bind--aria-label=\"state.thisImage.triggerButtonAriaLabel\"\n\t\t\tdata-wp-init=\"callbacks.initTriggerButton\"\n\t\t\tdata-wp-on--click=\"actions.showLightbox\"\n\t\t\tdata-wp-style--right=\"state.thisImage.buttonRight\"\n\t\t\tdata-wp-style--top=\"state.thisImage.buttonTop\"\n\t\t>\n\t\t\t<svg xmlns=\"http:\/\/www.w3.org\/2000\/svg\" width=\"12\" height=\"12\" fill=\"none\" viewBox=\"0 0 12 12\">\n\t\t\t\t<path fill=\"#fff\" d=\"M2 0a2 2 0 0 0-2 2v2h1.5V2a.5.5 0 0 1 .5-.5h2V0H2Zm2 10.5H2a.5.5 0 0 1-.5-.5V8H0v2a2 2 0 0 0 2 2h2v-1.5ZM8 12v-1.5h2a.5.5 0 0 0 .5-.5V8H12v2a2 2 0 0 1-2 2H8Zm2-12a2 2 0 0 1 2 2v2h-1.5V2a.5.5 0 0 0-.5-.5H8V0h2Z\" \/>\n\t\t\t<\/svg>\n\t\t<\/button><figcaption class=\"wp-element-caption\">La Laguna Blu sull&#8217;isolotto di Comino (Foto: Frank Vincentz \/ Wikimedia Commons, CC BY-SA 3.0)<\/figcaption><\/figure>\n\n\n\n<p class=\"wp-block-paragraph\">Devo per\u00f2 essere del tutto sincera con te, perch\u00e9 a luglio e agosto qui pare che sia un unico grande e rumorosissimo pigia-pigia, dove non hai nemmeno modo di stendere l&#8217;asciugamano. I locali consigliano quindi caldamente di <strong>partire con la prima barca del mattino<\/strong>, oppure di pianificare la visita fuori dall&#8217;alta stagione estiva, e soprattutto di portare con te acqua e qualcosa per l&#8217;ombra.<\/p>\n\n\n\n<h3 id=\"19_Victoria_a_Citadela\" class=\"wp-block-heading\"><span class=\"ez-toc-section\" id=\"19_Victoria_e_la_Cittadella\"><\/span>19. Victoria e la Cittadella<span class=\"ez-toc-section-end\"><\/span><\/h3>\n\n\n\n<p class=\"wp-block-paragraph\">La capitale della pi\u00f9 verde isola di Gozo, che i locali chiamano spesso con il nome originario di Rabat, custodisce al suo centro la maestosa Cittadella fortificata. In passato questa fortezza inespugnabile proteggeva gli abitanti dalle incursioni dei pirati e oggi offre una <strong>splendida vista panoramica su tutta l&#8217;isola<\/strong>, che secondo i visitatori ti conquister\u00e0 di sicuro.<\/p>\n\n\n\n<figure data-wp-context=\"{&quot;imageId&quot;:&quot;6a9c269488761&quot;}\" data-wp-interactive=\"core\/image\" data-wp-key=\"6a9c269488761\" class=\"wp-block-image size-full wp-lightbox-container\"><img decoding=\"async\" width=\"1500\" height=\"1000\" data-wp-class--hide=\"state.isContentHidden\" data-wp-class--show=\"state.isContentVisible\" data-wp-init=\"callbacks.setButtonStyles\" data-wp-on--click=\"actions.showLightbox\" data-wp-on--load=\"callbacks.setButtonStyles\" data-wp-on--pointerdown=\"actions.preloadImage\" data-wp-on--pointerenter=\"actions.preloadImageWithDelay\" data-wp-on--pointerleave=\"actions.cancelPreload\" data-wp-on-window--resize=\"callbacks.setButtonStyles\" src=\"https:\/\/loudavymkrokem.cz\/wp-content\/uploads\/2026\/08\/dovolena-malta-t19.jpg\" alt=\"La Cittadella di Victoria a Gozo\" class=\"wp-image-399722\" title=\"\" srcset=\"https:\/\/loudavymkrokem.cz\/wp-content\/uploads\/2026\/08\/dovolena-malta-t19.jpg 1500w, https:\/\/loudavymkrokem.cz\/wp-content\/uploads\/2026\/08\/dovolena-malta-t19-300x200.jpg 300w, https:\/\/loudavymkrokem.cz\/wp-content\/uploads\/2026\/08\/dovolena-malta-t19-700x467.jpg 700w, https:\/\/loudavymkrokem.cz\/wp-content\/uploads\/2026\/08\/dovolena-malta-t19-768x512.jpg 768w, https:\/\/loudavymkrokem.cz\/wp-content\/uploads\/2026\/08\/dovolena-malta-t19-696x464.jpg 696w, https:\/\/loudavymkrokem.cz\/wp-content\/uploads\/2026\/08\/dovolena-malta-t19-1392x928.jpg 1392w\" sizes=\"(max-width: 1500px) 100vw, 1500px\" \/><button\n\t\t\tclass=\"lightbox-trigger\"\n\t\t\ttype=\"button\"\n\t\t\taria-haspopup=\"dialog\"\n\t\t\tdata-wp-bind--aria-label=\"state.thisImage.triggerButtonAriaLabel\"\n\t\t\tdata-wp-init=\"callbacks.initTriggerButton\"\n\t\t\tdata-wp-on--click=\"actions.showLightbox\"\n\t\t\tdata-wp-style--right=\"state.thisImage.buttonRight\"\n\t\t\tdata-wp-style--top=\"state.thisImage.buttonTop\"\n\t\t>\n\t\t\t<svg xmlns=\"http:\/\/www.w3.org\/2000\/svg\" width=\"12\" height=\"12\" fill=\"none\" viewBox=\"0 0 12 12\">\n\t\t\t\t<path fill=\"#fff\" d=\"M2 0a2 2 0 0 0-2 2v2h1.5V2a.5.5 0 0 1 .5-.5h2V0H2Zm2 10.5H2a.5.5 0 0 1-.5-.5V8H0v2a2 2 0 0 0 2 2h2v-1.5ZM8 12v-1.5h2a.5.5 0 0 0 .5-.5V8H12v2a2 2 0 0 1-2 2H8Zm2-12a2 2 0 0 1 2 2v2h-1.5V2a.5.5 0 0 0-.5-.5H8V0h2Z\" \/>\n\t\t\t<\/svg>\n\t\t<\/button><figcaption class=\"wp-element-caption\">La Cittadella di Victoria a Gozo (Foto: CEphoto, Uwe Aranas \/ Wikimedia Commons, CC BY-SA 3.0)<\/figcaption><\/figure>\n\n\n\n<p class=\"wp-block-paragraph\">A Gozo ci arrivi o con il traghetto dal porto di \u010airkewwa, che impiega circa 25 minuti, oppure puoi usare il veloce catamarano dalla Valletta, che naviga per circa tre quarti d&#8217;ora. Una curiosit\u00e0 pratica \u00e8 che il <strong>viaggio verso l&#8217;isola non si paga<\/strong>: il biglietto del traghetto lo compri solo al ritorno verso Malta, cos\u00ec ti risparmi inutili attese alla partenza.<\/p>\n\n\n\n<h3 id=\"20_Dwejra_a_Vnitrozemske_more\" class=\"wp-block-heading\"><span class=\"ez-toc-section\" id=\"20_Dwejra_e_lInland_Sea\"><\/span>20. Dwejra e l&#8217;Inland Sea<span class=\"ez-toc-section-end\"><\/span><\/h3>\n\n\n\n<p class=\"wp-block-paragraph\">Questa parte dell&#8217;isola di Gozo era famosa soprattutto per l&#8217;Azure Window, un enorme arco roccioso che purtroppo nel 2017 \u00e8 crollato in mare durante una forte tempesta. Anche senza di esso, per\u00f2, qui la natura offre uno spettacolo incredibile, perch\u00e9 \u00e8 rimasto l&#8217;affascinante Inland Sea e <strong>condizioni fantastiche per le immersioni nelle grotte profonde<\/strong>.<\/p>\n\n\n\n<figure data-wp-context=\"{&quot;imageId&quot;:&quot;6a9c269488cca&quot;}\" data-wp-interactive=\"core\/image\" data-wp-key=\"6a9c269488cca\" class=\"wp-block-image size-full wp-lightbox-container\"><img decoding=\"async\" width=\"1500\" height=\"998\" data-wp-class--hide=\"state.isContentHidden\" data-wp-class--show=\"state.isContentVisible\" data-wp-init=\"callbacks.setButtonStyles\" data-wp-on--click=\"actions.showLightbox\" data-wp-on--load=\"callbacks.setButtonStyles\" data-wp-on--pointerdown=\"actions.preloadImage\" data-wp-on--pointerenter=\"actions.preloadImageWithDelay\" data-wp-on--pointerleave=\"actions.cancelPreload\" data-wp-on-window--resize=\"callbacks.setButtonStyles\" src=\"https:\/\/loudavymkrokem.cz\/wp-content\/uploads\/2026\/08\/dovolena-malta-t20.jpg\" alt=\"Dwejra e l&#039;Inland Sea a Gozo\" class=\"wp-image-399725\" title=\"\" srcset=\"https:\/\/loudavymkrokem.cz\/wp-content\/uploads\/2026\/08\/dovolena-malta-t20.jpg 1500w, https:\/\/loudavymkrokem.cz\/wp-content\/uploads\/2026\/08\/dovolena-malta-t20-300x200.jpg 300w, https:\/\/loudavymkrokem.cz\/wp-content\/uploads\/2026\/08\/dovolena-malta-t20-700x466.jpg 700w, https:\/\/loudavymkrokem.cz\/wp-content\/uploads\/2026\/08\/dovolena-malta-t20-768x511.jpg 768w, https:\/\/loudavymkrokem.cz\/wp-content\/uploads\/2026\/08\/dovolena-malta-t20-696x463.jpg 696w, https:\/\/loudavymkrokem.cz\/wp-content\/uploads\/2026\/08\/dovolena-malta-t20-1392x926.jpg 1392w\" sizes=\"(max-width: 1500px) 100vw, 1500px\" \/><button\n\t\t\tclass=\"lightbox-trigger\"\n\t\t\ttype=\"button\"\n\t\t\taria-haspopup=\"dialog\"\n\t\t\tdata-wp-bind--aria-label=\"state.thisImage.triggerButtonAriaLabel\"\n\t\t\tdata-wp-init=\"callbacks.initTriggerButton\"\n\t\t\tdata-wp-on--click=\"actions.showLightbox\"\n\t\t\tdata-wp-style--right=\"state.thisImage.buttonRight\"\n\t\t\tdata-wp-style--top=\"state.thisImage.buttonTop\"\n\t\t>\n\t\t\t<svg xmlns=\"http:\/\/www.w3.org\/2000\/svg\" width=\"12\" height=\"12\" fill=\"none\" viewBox=\"0 0 12 12\">\n\t\t\t\t<path fill=\"#fff\" d=\"M2 0a2 2 0 0 0-2 2v2h1.5V2a.5.5 0 0 1 .5-.5h2V0H2Zm2 10.5H2a.5.5 0 0 1-.5-.5V8H0v2a2 2 0 0 0 2 2h2v-1.5ZM8 12v-1.5h2a.5.5 0 0 0 .5-.5V8H12v2a2 2 0 0 1-2 2H8Zm2-12a2 2 0 0 1 2 2v2h-1.5V2a.5.5 0 0 0-.5-.5H8V0h2Z\" \/>\n\t\t\t<\/svg>\n\t\t<\/button><figcaption class=\"wp-element-caption\">Dwejra e l&#8217;Inland Sea a Gozo (Foto: portengaround \/ Wikimedia Commons, CC BY-SA 2.0)<\/figcaption><\/figure>\n\n\n\n<p class=\"wp-block-paragraph\">L&#8217;Inland Sea \u00e8 in realt\u00e0 una piccola laguna poco profonda collegata al mare aperto da uno stretto tunnel roccioso, attraverso cui amano passare le piccole barche escursionistiche. I viaggiatori esperti apprezzano qui le <strong>ottime condizioni per lo snorkeling<\/strong>, ma avvertono al tempo stesso che la costa rocciosa e affilata richiede prudenza e scarpette da scoglio.<\/p>\n\n\n\n<h3 id=\"21_Ramla_Bay_nejhezci_pisecna_plaz_souostrovi\" class=\"wp-block-heading\"><span class=\"ez-toc-section\" id=\"21_Ramla_Bay_la_spiaggia_di_sabbia_piu_bella_dellarcipelago\"><\/span>21. Ramla Bay: la spiaggia di sabbia pi\u00f9 bella dell&#8217;arcipelago<span class=\"ez-toc-section-end\"><\/span><\/h3>\n\n\n\n<p class=\"wp-block-paragraph\">Se a Gozo cercassi la spiaggia di sabbia pi\u00f9 bella in assoluto, tutti ti manderebbero subito sulla costa settentrionale, nell&#8217;ampia baia di Ramla. La sua caratteristica assoluta \u00e8 la <strong>sabbia rosso-arancio che contrasta con l&#8217;acqua limpida<\/strong>, e alta sopra la baia svetta la celebre grotta di Calipso, dove, secondo la leggenda, la ninfa Calipso trattenne per ben sette anni il mitico Odisseo.<\/p>\n\n\n\n<figure data-wp-context=\"{&quot;imageId&quot;:&quot;6a9c269489297&quot;}\" data-wp-interactive=\"core\/image\" data-wp-key=\"6a9c269489297\" class=\"wp-block-image size-full wp-lightbox-container\"><img decoding=\"async\" width=\"1500\" height=\"972\" data-wp-class--hide=\"state.isContentHidden\" data-wp-class--show=\"state.isContentVisible\" data-wp-init=\"callbacks.setButtonStyles\" data-wp-on--click=\"actions.showLightbox\" data-wp-on--load=\"callbacks.setButtonStyles\" data-wp-on--pointerdown=\"actions.preloadImage\" data-wp-on--pointerenter=\"actions.preloadImageWithDelay\" data-wp-on--pointerleave=\"actions.cancelPreload\" data-wp-on-window--resize=\"callbacks.setButtonStyles\" src=\"https:\/\/loudavymkrokem.cz\/wp-content\/uploads\/2026\/08\/dovolena-malta-t21.jpg\" alt=\"La sabbia rossa della spiaggia di Ramla Bay\" class=\"wp-image-399728\" title=\"\" srcset=\"https:\/\/loudavymkrokem.cz\/wp-content\/uploads\/2026\/08\/dovolena-malta-t21.jpg 1500w, https:\/\/loudavymkrokem.cz\/wp-content\/uploads\/2026\/08\/dovolena-malta-t21-300x194.jpg 300w, https:\/\/loudavymkrokem.cz\/wp-content\/uploads\/2026\/08\/dovolena-malta-t21-700x454.jpg 700w, https:\/\/loudavymkrokem.cz\/wp-content\/uploads\/2026\/08\/dovolena-malta-t21-768x498.jpg 768w, https:\/\/loudavymkrokem.cz\/wp-content\/uploads\/2026\/08\/dovolena-malta-t21-696x451.jpg 696w, https:\/\/loudavymkrokem.cz\/wp-content\/uploads\/2026\/08\/dovolena-malta-t21-1392x902.jpg 1392w\" sizes=\"(max-width: 1500px) 100vw, 1500px\" \/><button\n\t\t\tclass=\"lightbox-trigger\"\n\t\t\ttype=\"button\"\n\t\t\taria-haspopup=\"dialog\"\n\t\t\tdata-wp-bind--aria-label=\"state.thisImage.triggerButtonAriaLabel\"\n\t\t\tdata-wp-init=\"callbacks.initTriggerButton\"\n\t\t\tdata-wp-on--click=\"actions.showLightbox\"\n\t\t\tdata-wp-style--right=\"state.thisImage.buttonRight\"\n\t\t\tdata-wp-style--top=\"state.thisImage.buttonTop\"\n\t\t>\n\t\t\t<svg xmlns=\"http:\/\/www.w3.org\/2000\/svg\" width=\"12\" height=\"12\" fill=\"none\" viewBox=\"0 0 12 12\">\n\t\t\t\t<path fill=\"#fff\" d=\"M2 0a2 2 0 0 0-2 2v2h1.5V2a.5.5 0 0 1 .5-.5h2V0H2Zm2 10.5H2a.5.5 0 0 1-.5-.5V8H0v2a2 2 0 0 0 2 2h2v-1.5ZM8 12v-1.5h2a.5.5 0 0 0 .5-.5V8H12v2a2 2 0 0 1-2 2H8Zm2-12a2 2 0 0 1 2 2v2h-1.5V2a.5.5 0 0 0-.5-.5H8V0h2Z\" \/>\n\t\t\t<\/svg>\n\t\t<\/button><figcaption class=\"wp-element-caption\">La sabbia rossa della spiaggia di Ramla Bay (Foto: JosephAmodio \/ Wikimedia Commons, CC BY-SA 4.0)<\/figcaption><\/figure>\n\n\n\n<p class=\"wp-block-paragraph\">Alla sabbia arrivi comodamente con gli autobus locali, che qui fanno la spola regolarmente dalla capitale dell&#8217;isola. Se vuoi risparmiare sui trasporti per tutto il soggiorno, conviene senz&#8217;altro procurarsi la <strong>carta turistica settimanale<\/strong>, che costa circa 25 euro.<\/p>\n\n\n\n<h3 id=\"22_Ggantija_nejstarsi_volne_stojici_stavby_na_svete\" class=\"wp-block-heading\"><span class=\"ez-toc-section\" id=\"22_Ggantija_le_piu_antiche_strutture_indipendenti_al_mondo\"><\/span>22. \u0120gantija: le pi\u00f9 antiche strutture indipendenti al mondo<span class=\"ez-toc-section-end\"><\/span><\/h3>\n\n\n\n<p class=\"wp-block-paragraph\">Gli storici concordano: se ti appassiona l&#8217;antichit\u00e0, questo splendido complesso templare sull&#8217;isola di Gozo ti lascer\u00e0 letteralmente a bocca aperta. Queste massicce strutture megalitiche, ovviamente protette dall&#8217;UNESCO, rappresentano a quanto pare le <strong>pi\u00f9 antiche strutture indipendenti di tutto il mondo<\/strong>, quindi surclassano tranquillamente perfino la britannica Stonehenge.<\/p>\n\n\n\n<figure data-wp-context=\"{&quot;imageId&quot;:&quot;6a9c2694898db&quot;}\" data-wp-interactive=\"core\/image\" data-wp-key=\"6a9c2694898db\" class=\"wp-block-image size-full wp-lightbox-container\"><img decoding=\"async\" width=\"1500\" height=\"1000\" data-wp-class--hide=\"state.isContentHidden\" data-wp-class--show=\"state.isContentVisible\" data-wp-init=\"callbacks.setButtonStyles\" data-wp-on--click=\"actions.showLightbox\" data-wp-on--load=\"callbacks.setButtonStyles\" data-wp-on--pointerdown=\"actions.preloadImage\" data-wp-on--pointerenter=\"actions.preloadImageWithDelay\" data-wp-on--pointerleave=\"actions.cancelPreload\" data-wp-on-window--resize=\"callbacks.setButtonStyles\" src=\"https:\/\/loudavymkrokem.cz\/wp-content\/uploads\/2026\/08\/dovolena-malta-t22.jpg\" alt=\"I templi megalitici di \u0120gantija a Gozo\" class=\"wp-image-399732\" title=\"\" srcset=\"https:\/\/loudavymkrokem.cz\/wp-content\/uploads\/2026\/08\/dovolena-malta-t22.jpg 1500w, https:\/\/loudavymkrokem.cz\/wp-content\/uploads\/2026\/08\/dovolena-malta-t22-300x200.jpg 300w, https:\/\/loudavymkrokem.cz\/wp-content\/uploads\/2026\/08\/dovolena-malta-t22-700x467.jpg 700w, https:\/\/loudavymkrokem.cz\/wp-content\/uploads\/2026\/08\/dovolena-malta-t22-768x512.jpg 768w, https:\/\/loudavymkrokem.cz\/wp-content\/uploads\/2026\/08\/dovolena-malta-t22-696x464.jpg 696w, https:\/\/loudavymkrokem.cz\/wp-content\/uploads\/2026\/08\/dovolena-malta-t22-1392x928.jpg 1392w\" sizes=\"(max-width: 1500px) 100vw, 1500px\" \/><button\n\t\t\tclass=\"lightbox-trigger\"\n\t\t\ttype=\"button\"\n\t\t\taria-haspopup=\"dialog\"\n\t\t\tdata-wp-bind--aria-label=\"state.thisImage.triggerButtonAriaLabel\"\n\t\t\tdata-wp-init=\"callbacks.initTriggerButton\"\n\t\t\tdata-wp-on--click=\"actions.showLightbox\"\n\t\t\tdata-wp-style--right=\"state.thisImage.buttonRight\"\n\t\t\tdata-wp-style--top=\"state.thisImage.buttonTop\"\n\t\t>\n\t\t\t<svg xmlns=\"http:\/\/www.w3.org\/2000\/svg\" width=\"12\" height=\"12\" fill=\"none\" viewBox=\"0 0 12 12\">\n\t\t\t\t<path fill=\"#fff\" d=\"M2 0a2 2 0 0 0-2 2v2h1.5V2a.5.5 0 0 1 .5-.5h2V0H2Zm2 10.5H2a.5.5 0 0 1-.5-.5V8H0v2a2 2 0 0 0 2 2h2v-1.5ZM8 12v-1.5h2a.5.5 0 0 0 .5-.5V8H12v2a2 2 0 0 1-2 2H8Zm2-12a2 2 0 0 1 2 2v2h-1.5V2a.5.5 0 0 0-.5-.5H8V0h2Z\" \/>\n\t\t\t<\/svg>\n\t\t<\/button><figcaption class=\"wp-element-caption\">I templi megalitici di \u0120gantija a Gozo (Foto: Diego Delso \/ Wikimedia Commons, CC BY-SA 4.0)<\/figcaption><\/figure>\n\n\n\n<p class=\"wp-block-paragraph\">Gli enormi blocchi di calcare pesano diverse decine di tonnellate e, secondo le antiche leggende, li dovettero portare qui dei giganti, perch\u00e9 gli abitanti di allora non sapevano spiegarsi in altro modo come fossero stati costruiti. La visita all&#8217;area \u00e8 organizzata molto bene e inizia in un moderno centro visitatori, dove si consiglia di <strong>studiare con attenzione i reperti esposti<\/strong>, cos\u00ec da avere il giusto contesto.<\/p>\n\n\n\n<h3 id=\"23_Xlendi_a_Marsalforn\" class=\"wp-block-heading\"><span class=\"ez-toc-section\" id=\"23_Xlendi_e_Marsalforn\"><\/span>23. Xlendi e Marsalforn<span class=\"ez-toc-section-end\"><\/span><\/h3>\n\n\n\n<p class=\"wp-block-paragraph\">Queste due localit\u00e0 balneari, molto tranquille e simpatiche, sono la base ideale per una vacanza rilassata sull&#8217;isola di Gozo. Mentre la stretta baia di Xlendi incanta con le sue scogliere drammatiche e splendidi tramonti, Marsalforn attira con un bel lungomare e le <strong>uniche saline storiche<\/strong>, scavate direttamente nelle rocce costiere appena fuori dalla cittadina.<\/p>\n\n\n\n<figure data-wp-context=\"{&quot;imageId&quot;:&quot;6a9c269489f12&quot;}\" data-wp-interactive=\"core\/image\" data-wp-key=\"6a9c269489f12\" class=\"wp-block-image size-full wp-lightbox-container\"><img decoding=\"async\" width=\"1500\" height=\"1000\" data-wp-class--hide=\"state.isContentHidden\" data-wp-class--show=\"state.isContentVisible\" data-wp-init=\"callbacks.setButtonStyles\" data-wp-on--click=\"actions.showLightbox\" data-wp-on--load=\"callbacks.setButtonStyles\" data-wp-on--pointerdown=\"actions.preloadImage\" data-wp-on--pointerenter=\"actions.preloadImageWithDelay\" data-wp-on--pointerleave=\"actions.cancelPreload\" data-wp-on-window--resize=\"callbacks.setButtonStyles\" src=\"https:\/\/loudavymkrokem.cz\/wp-content\/uploads\/2026\/08\/dovolena-malta-t23.jpg\" alt=\"La baia di Xlendi sull&#039;isola di Gozo\" class=\"wp-image-399733\" title=\"\" srcset=\"https:\/\/loudavymkrokem.cz\/wp-content\/uploads\/2026\/08\/dovolena-malta-t23.jpg 1500w, https:\/\/loudavymkrokem.cz\/wp-content\/uploads\/2026\/08\/dovolena-malta-t23-300x200.jpg 300w, https:\/\/loudavymkrokem.cz\/wp-content\/uploads\/2026\/08\/dovolena-malta-t23-700x467.jpg 700w, https:\/\/loudavymkrokem.cz\/wp-content\/uploads\/2026\/08\/dovolena-malta-t23-768x512.jpg 768w, https:\/\/loudavymkrokem.cz\/wp-content\/uploads\/2026\/08\/dovolena-malta-t23-696x464.jpg 696w, https:\/\/loudavymkrokem.cz\/wp-content\/uploads\/2026\/08\/dovolena-malta-t23-1392x928.jpg 1392w\" sizes=\"(max-width: 1500px) 100vw, 1500px\" \/><button\n\t\t\tclass=\"lightbox-trigger\"\n\t\t\ttype=\"button\"\n\t\t\taria-haspopup=\"dialog\"\n\t\t\tdata-wp-bind--aria-label=\"state.thisImage.triggerButtonAriaLabel\"\n\t\t\tdata-wp-init=\"callbacks.initTriggerButton\"\n\t\t\tdata-wp-on--click=\"actions.showLightbox\"\n\t\t\tdata-wp-style--right=\"state.thisImage.buttonRight\"\n\t\t\tdata-wp-style--top=\"state.thisImage.buttonTop\"\n\t\t>\n\t\t\t<svg xmlns=\"http:\/\/www.w3.org\/2000\/svg\" width=\"12\" height=\"12\" fill=\"none\" viewBox=\"0 0 12 12\">\n\t\t\t\t<path fill=\"#fff\" d=\"M2 0a2 2 0 0 0-2 2v2h1.5V2a.5.5 0 0 1 .5-.5h2V0H2Zm2 10.5H2a.5.5 0 0 1-.5-.5V8H0v2a2 2 0 0 0 2 2h2v-1.5ZM8 12v-1.5h2a.5.5 0 0 0 .5-.5V8H12v2a2 2 0 0 1-2 2H8Zm2-12a2 2 0 0 1 2 2v2h-1.5V2a.5.5 0 0 0-.5-.5H8V0h2Z\" \/>\n\t\t\t<\/svg>\n\t\t<\/button><figcaption class=\"wp-element-caption\">La baia di Xlendi sull&#8217;isola di Gozo (Foto: Diego Delso \/ Wikimedia Commons, CC BY-SA 4.0)<\/figcaption><\/figure>\n\n\n\n<p class=\"wp-block-paragraph\">Entrambe le cittadine offrono collegamenti in autobus piuttosto buoni con la capitale Victoria, cos\u00ec da qui organizzi facilmente gite in tutta l&#8217;isola. Ci si bagna soprattutto da terrazze rocciose attrezzate con scalette, lungo le quali trovi moltissimi ristoranti che servono specialit\u00e0 locali; a te basta dare un&#8217;occhiata a <a href=\"https:\/\/loudavymkrokem.cz\/it\/trovare-voli-economici-consigli\/\">come trovare voli economici<\/a> e sei pronto a partire.<\/p>\n\n\n\n<h3 id=\"24_Nejhezci_plaze_Golden_Bay_Gajn_Tuffiea_a_Melliea_Bay\" class=\"wp-block-heading\"><span class=\"ez-toc-section\" id=\"24_Le_spiagge_piu_belle_Golden_Bay_Ghajn_Tuffieha_e_Mellieha_Bay\"><\/span>24. Le spiagge pi\u00f9 belle: Golden Bay, G\u0127ajn Tuffie\u0127a e Mellie\u0127a Bay<span class=\"ez-toc-section-end\"><\/span><\/h3>\n\n\n\n<p class=\"wp-block-paragraph\">In chiusura, ovviamente, dobbiamo riassumere la cosa pi\u00f9 importante per gli amanti della spiaggia, perch\u00e9 Malta offre tre principali bellezze di sabbia. Le famiglie con bambini apprezzano soprattutto la bassa baia di Mellie\u0127a Bay, mentre poco pi\u00f9 in l\u00e0 si trova la gettonata Golden Bay e proprio accanto la pi\u00f9 tranquilla G\u0127ajn Tuffie\u0127a, alla quale bisogna <strong>scendere per ripide scale<\/strong>.<\/p>\n\n\n\n<figure data-wp-context=\"{&quot;imageId&quot;:&quot;6a9c26948a6a2&quot;}\" data-wp-interactive=\"core\/image\" data-wp-key=\"6a9c26948a6a2\" class=\"wp-block-image size-full wp-lightbox-container\"><img decoding=\"async\" width=\"1500\" height=\"997\" data-wp-class--hide=\"state.isContentHidden\" data-wp-class--show=\"state.isContentVisible\" data-wp-init=\"callbacks.setButtonStyles\" data-wp-on--click=\"actions.showLightbox\" data-wp-on--load=\"callbacks.setButtonStyles\" data-wp-on--pointerdown=\"actions.preloadImage\" data-wp-on--pointerenter=\"actions.preloadImageWithDelay\" data-wp-on--pointerleave=\"actions.cancelPreload\" data-wp-on-window--resize=\"callbacks.setButtonStyles\" src=\"https:\/\/loudavymkrokem.cz\/wp-content\/uploads\/2026\/08\/dovolena-malta-t24.jpg\" alt=\"La spiaggia di Golden Bay a Malta\" class=\"wp-image-399736\" title=\"\" srcset=\"https:\/\/loudavymkrokem.cz\/wp-content\/uploads\/2026\/08\/dovolena-malta-t24.jpg 1500w, https:\/\/loudavymkrokem.cz\/wp-content\/uploads\/2026\/08\/dovolena-malta-t24-300x199.jpg 300w, https:\/\/loudavymkrokem.cz\/wp-content\/uploads\/2026\/08\/dovolena-malta-t24-700x465.jpg 700w, https:\/\/loudavymkrokem.cz\/wp-content\/uploads\/2026\/08\/dovolena-malta-t24-768x510.jpg 768w, https:\/\/loudavymkrokem.cz\/wp-content\/uploads\/2026\/08\/dovolena-malta-t24-696x463.jpg 696w, https:\/\/loudavymkrokem.cz\/wp-content\/uploads\/2026\/08\/dovolena-malta-t24-1392x925.jpg 1392w\" sizes=\"(max-width: 1500px) 100vw, 1500px\" \/><button\n\t\t\tclass=\"lightbox-trigger\"\n\t\t\ttype=\"button\"\n\t\t\taria-haspopup=\"dialog\"\n\t\t\tdata-wp-bind--aria-label=\"state.thisImage.triggerButtonAriaLabel\"\n\t\t\tdata-wp-init=\"callbacks.initTriggerButton\"\n\t\t\tdata-wp-on--click=\"actions.showLightbox\"\n\t\t\tdata-wp-style--right=\"state.thisImage.buttonRight\"\n\t\t\tdata-wp-style--top=\"state.thisImage.buttonTop\"\n\t\t>\n\t\t\t<svg xmlns=\"http:\/\/www.w3.org\/2000\/svg\" width=\"12\" height=\"12\" fill=\"none\" viewBox=\"0 0 12 12\">\n\t\t\t\t<path fill=\"#fff\" d=\"M2 0a2 2 0 0 0-2 2v2h1.5V2a.5.5 0 0 1 .5-.5h2V0H2Zm2 10.5H2a.5.5 0 0 1-.5-.5V8H0v2a2 2 0 0 0 2 2h2v-1.5ZM8 12v-1.5h2a.5.5 0 0 0 .5-.5V8H12v2a2 2 0 0 1-2 2H8Zm2-12a2 2 0 0 1 2 2v2h-1.5V2a.5.5 0 0 0-.5-.5H8V0h2Z\" \/>\n\t\t\t<\/svg>\n\t\t<\/button><figcaption class=\"wp-element-caption\">La spiaggia di Golden Bay a Malta (Foto: Searching For Bliss \/ Wikimedia Commons, CC BY 4.0)<\/figcaption><\/figure>\n\n\n\n<p class=\"wp-block-paragraph\">Proprio grazie alle scale, la baia di G\u0127ajn Tuffie\u0127a \u00e8 un po&#8217; meno affollata, ma voglio comunque ricordare di nuovo una grande particolarit\u00e0 maltese. La maggior parte dei bagni in tutto l&#8217;arcipelago avviene infatti da scogli e piattaforme di cemento, quindi se ami proprio le lunghe spiagge di sabbia, <strong>pianifica logicamente l&#8217;alloggio proprio vicino a queste tre baie citate<\/strong>.<\/p>\n\n\n\n<h2 id=\"Kde_se_ubytovat_na_Malte_nejlepsi_oblasti_a_konkretni_hotely\" class=\"wp-block-heading\"><span class=\"ez-toc-section\" id=\"Dove_alloggiare_a_Malta_le_zone_migliori_e_hotel_concreti\"><\/span>Dove alloggiare a Malta: le zone migliori e hotel concreti<span class=\"ez-toc-section-end\"><\/span><\/h2>\n\n\n\n<p class=\"wp-block-paragraph\">Malta \u00e8 piuttosto piccola come superficie, ma nella scelta dell&#8217;alloggio in fondo non cambia molto, perch\u00e9 puoi tranquillamente sistemarti in un unico posto e da l\u00ec girare comodamente tutta l&#8217;isola. <strong>Molto pi\u00f9 importante \u00e8 l&#8217;atmosfera stessa della zona<\/strong>, dato che ogni cittadina offre un&#8217;esperienza completamente diversa e possibilit\u00e0 serali differenti.<\/p>\n\n\n\n<p class=\"wp-block-paragraph\">Mentre in alcuni posti trovi tranquilli vicoli storici fatti apposta per passeggiate romantiche, altrove ti aspetta una vita notturna scatenata piena di bar e musica ad alto volume. <strong>Ti consiglio di riflettere in anticipo su che tipo di vacanza cerchi davvero<\/strong> e di scegliere di conseguenza la tua casa temporanea per i giorni di riposo.<\/p>\n\n\n\n<p class=\"wp-block-paragraph\">\ud83d\udca1 <strong>Suggerimento:<\/strong> prima di iniziare a scegliere un hotel preciso, dai un&#8217;occhiata all&#8217;<a href=\"https:\/\/www.stay22.com\/allez\/roam?aid=lukaskonecny&amp;campaign=loudavymkrokemcz&amp;campaign=dovolena-malta&amp;address=Malta\" target=\"_blank\" rel=\"nofollow noopener sponsored\">offerta attuale di alloggi a Malta<\/a> e imposta il filtro sulla cancellazione gratuita. In alta stagione gli hotel meglio recensiti si esauriscono anche con diversi mesi di anticipo.<\/p>\n\n\n\n<h3 id=\"Kterou_oblast_vybrat\" class=\"wp-block-heading\"><span class=\"ez-toc-section\" id=\"Quale_zona_scegliere\"><\/span>Quale zona scegliere<span class=\"ez-toc-section-end\"><\/span><\/h3>\n\n\n\n<ul class=\"wp-block-list\">\n<li><strong>Sliema:<\/strong> offre uno splendido lungomare costeggiato da negozi, <strong>bagni direttamente dalle piattaforme rocciose<\/strong> e un enorme vantaggio \u00e8 anche il traghetto, con cui raggiungi la Valletta in dieci comodi minuti.<\/li>\n\n\n\n<li><strong>St Julian&#8217;s e Paceville:<\/strong> se cerchi una vita notturna pulsante e tanti ristoranti, qui sarai al settimo cielo, ma <strong>preparati a un ambiente davvero rumoroso<\/strong>, che attira soprattutto i viaggiatori giovani.<\/li>\n\n\n\n<li><strong>La Valletta:<\/strong> ti avvolge con la sua ricca storia e un&#8217;atmosfera unica in splendidi boutique hotel, la sera la citt\u00e0 si calma piacevolmente, ma <strong>metti in conto un&#8217;enorme carenza di parcheggi<\/strong>.<\/li>\n\n\n\n<li><strong>Mellie\u0127a e il nord:<\/strong> zona pi\u00f9 tranquilla, ideale per le famiglie con bambini, da cui hai <strong>pi\u00f9 vicine le grandi spiagge di sabbia<\/strong> e il porto con i traghetti diretti a Gozo.<\/li>\n\n\n\n<li><strong>Gozo:<\/strong> qui il tempo scorre a un ritmo completamente diverso e l&#8217;isola \u00e8 famosa per le sue case rurali chiamate farmhouse con piscina privata, il che ne fa la <strong>meta ideale per la seconda met\u00e0 del tuo soggiorno<\/strong>.<\/li>\n<\/ul>\n\n\n\n<h3 id=\"Konkretni_tipy_na_ubytovani\" class=\"wp-block-heading\"><span class=\"ez-toc-section\" id=\"Consigli_concreti_sugli_alloggi\"><\/span>Consigli concreti sugli alloggi<span class=\"ez-toc-section-end\"><\/span><\/h3>\n\n\n\n<ul class=\"wp-block-list\">\n<li><strong><a href=\"https:\/\/www.stay22.com\/allez\/roam?aid=lukaskonecny&amp;campaign=loudavymkrokemcz&amp;campaign=dovolena-malta&amp;hotelname=The%20Embassy%20Valletta%20Hotel&amp;address=Valletta%2C%20Malta\" target=\"_blank\" rel=\"noopener nofollow sponsored\">The Embassy Valletta Hotel<\/a>:<\/strong> questo splendido hotel si trova proprio nel centro storico e la sua attrattiva pi\u00f9 grande \u00e8 la <strong>terrazza con piscina e vista spettacolare<\/strong> su tutti i dintorni.<\/li>\n\n\n\n<li><strong><a href=\"https:\/\/www.stay22.com\/allez\/roam?aid=lukaskonecny&amp;campaign=loudavymkrokemcz&amp;campaign=dovolena-malta&amp;hotelname=Hotel%20Juliani&amp;address=St%20Julian%27s%2C%20Malta\" target=\"_blank\" rel=\"noopener nofollow sponsored\">Hotel Juliani<\/a>:<\/strong> bel boutique hotel situato proprio sulla costa di Spinola Bay, che secondo le recensioni <strong>offre servizi eccellenti e un&#8217;atmosfera magica<\/strong>.<\/li>\n\n\n\n<li><strong><a href=\"https:\/\/www.stay22.com\/allez\/roam?aid=lukaskonecny&amp;campaign=loudavymkrokemcz&amp;campaign=dovolena-malta&amp;hotelname=Corinthia%20St%20George%27s%20Bay&amp;address=St%20Julian%27s%2C%20Malta\" target=\"_blank\" rel=\"noopener nofollow sponsored\">Corinthia St George&#8217;s Bay<\/a>:<\/strong> lussuoso resort a cinque stelle collocato proprio sulla baia, dove puoi <strong>goderti il massimo comfort<\/strong> e un servizio di alto livello per i pi\u00f9 esigenti.<\/li>\n\n\n\n<li><strong><a href=\"https:\/\/www.stay22.com\/allez\/roam?aid=lukaskonecny&amp;campaign=loudavymkrokemcz&amp;campaign=dovolena-malta&amp;hotelname=Hyatt%20Centric%20Malta&amp;address=St%20Julian%27s%2C%20Malta\" target=\"_blank\" rel=\"noopener nofollow sponsored\">Hyatt Centric Malta<\/a>:<\/strong> hotel dall&#8217;arredamento moderno situato nella zona pi\u00f9 vivace di St Julian&#8217;s, che <strong>attira i viaggiatori con l&#8217;elegante piscina<\/strong> sul suo tetto.<\/li>\n\n\n\n<li><strong><a href=\"https:\/\/www.stay22.com\/allez\/roam?aid=lukaskonecny&amp;campaign=loudavymkrokemcz&amp;campaign=dovolena-malta&amp;hotelname=db%20Seabank%20Resort%20%2B%20Spa&amp;address=Mellieha%2C%20Malta\" target=\"_blank\" rel=\"noopener nofollow sponsored\">db Seabank Resort + Spa<\/a>:<\/strong> complesso apprezzato che offre trattamento all inclusive e che <strong>si trova a due passi dalla migliore spiaggia di sabbia<\/strong> nella gettonata zona di Mellie\u0127a.<\/li>\n\n\n\n<li><strong><a href=\"https:\/\/www.stay22.com\/allez\/roam?aid=lukaskonecny&amp;campaign=loudavymkrokemcz&amp;campaign=dovolena-malta&amp;hotelname=Kempinski%20Hotel%20San%20Lawrenz&amp;address=San%20Lawrenz%2C%20Gozo%2C%20Malta\" target=\"_blank\" rel=\"noopener nofollow sponsored\">Kempinski Hotel San Lawrenz<\/a>:<\/strong> resort tranquillo e spazioso immerso nell&#8217;entroterra dell&#8217;isola di Gozo, dove <strong>trovi una vera e propria oasi di pace<\/strong> per un riposo perfetto.<\/li>\n<\/ul>\n\n\n\n<h2 id=\"Co_jist_na_Malte_pruvodce_pro_vegetariany_i_ostatni\" class=\"wp-block-heading\"><span class=\"ez-toc-section\" id=\"Cosa_mangiare_a_Malta_guida_per_vegetariani_e_non\"><\/span>Cosa mangiare a Malta: guida per vegetariani e non<span class=\"ez-toc-section-end\"><\/span><\/h2>\n\n\n\n<p class=\"wp-block-paragraph\">La cucina maltese \u00e8 incredibilmente varia e riflette perfettamente la posizione dell&#8217;isola all&#8217;incrocio tra Europa e Nord Africa. <strong>Vi si mescolano forti influenze italiane con tradizioni arabe<\/strong>, cos\u00ec ci trovano soddisfazione sia gli amanti di pasta e formaggi, sia gli appassionati di piatti sostanziosi a base di verdure e legumi.<\/p>\n\n\n\n<figure data-wp-context=\"{&quot;imageId&quot;:&quot;6a9c26948b6cd&quot;}\" data-wp-interactive=\"core\/image\" data-wp-key=\"6a9c26948b6cd\" class=\"wp-block-image size-full wp-lightbox-container\"><img decoding=\"async\" width=\"1500\" height=\"1000\" data-wp-class--hide=\"state.isContentHidden\" data-wp-class--show=\"state.isContentVisible\" data-wp-init=\"callbacks.setButtonStyles\" data-wp-on--click=\"actions.showLightbox\" data-wp-on--load=\"callbacks.setButtonStyles\" data-wp-on--pointerdown=\"actions.preloadImage\" data-wp-on--pointerenter=\"actions.preloadImageWithDelay\" data-wp-on--pointerleave=\"actions.cancelPreload\" data-wp-on-window--resize=\"callbacks.setButtonStyles\" src=\"https:\/\/loudavymkrokem.cz\/wp-content\/uploads\/2026\/08\/dovolena-malta-food.jpg\" alt=\"Pastizzi maltesi\" class=\"wp-image-399739\" title=\"\" srcset=\"https:\/\/loudavymkrokem.cz\/wp-content\/uploads\/2026\/08\/dovolena-malta-food.jpg 1500w, https:\/\/loudavymkrokem.cz\/wp-content\/uploads\/2026\/08\/dovolena-malta-food-300x200.jpg 300w, https:\/\/loudavymkrokem.cz\/wp-content\/uploads\/2026\/08\/dovolena-malta-food-700x467.jpg 700w, https:\/\/loudavymkrokem.cz\/wp-content\/uploads\/2026\/08\/dovolena-malta-food-768x512.jpg 768w, https:\/\/loudavymkrokem.cz\/wp-content\/uploads\/2026\/08\/dovolena-malta-food-696x464.jpg 696w, https:\/\/loudavymkrokem.cz\/wp-content\/uploads\/2026\/08\/dovolena-malta-food-1392x928.jpg 1392w\" sizes=\"(max-width: 1500px) 100vw, 1500px\" \/><button\n\t\t\tclass=\"lightbox-trigger\"\n\t\t\ttype=\"button\"\n\t\t\taria-haspopup=\"dialog\"\n\t\t\tdata-wp-bind--aria-label=\"state.thisImage.triggerButtonAriaLabel\"\n\t\t\tdata-wp-init=\"callbacks.initTriggerButton\"\n\t\t\tdata-wp-on--click=\"actions.showLightbox\"\n\t\t\tdata-wp-style--right=\"state.thisImage.buttonRight\"\n\t\t\tdata-wp-style--top=\"state.thisImage.buttonTop\"\n\t\t>\n\t\t\t<svg xmlns=\"http:\/\/www.w3.org\/2000\/svg\" width=\"12\" height=\"12\" fill=\"none\" viewBox=\"0 0 12 12\">\n\t\t\t\t<path fill=\"#fff\" d=\"M2 0a2 2 0 0 0-2 2v2h1.5V2a.5.5 0 0 1 .5-.5h2V0H2Zm2 10.5H2a.5.5 0 0 1-.5-.5V8H0v2a2 2 0 0 0 2 2h2v-1.5ZM8 12v-1.5h2a.5.5 0 0 0 .5-.5V8H12v2a2 2 0 0 1-2 2H8Zm2-12a2 2 0 0 1 2 2v2h-1.5V2a.5.5 0 0 0-.5-.5H8V0h2Z\" \/>\n\t\t\t<\/svg>\n\t\t<\/button><figcaption class=\"wp-element-caption\">Pastizzi maltesi (Foto: Renata Apan \/ Wikimedia Commons, CC BY-SA 4.0)<\/figcaption><\/figure>\n\n\n\n<p class=\"wp-block-paragraph\">Io e Luk\u00e1\u0161 in viaggio cerchiamo sempre le specialit\u00e0 locali senza carne, e i viaggiatori confermano che quest&#8217;isola, in questo senso, offre tantissime ottime opzioni. <strong>Vediamo i piatti pi\u00f9 tipici<\/strong> che, secondo i consigli dei locali, dovresti assolutamente assaggiare durante la tua visita.<\/p>\n\n\n\n<ul class=\"wp-block-list\">\n<li><strong>Pastizzi:<\/strong> i tradizionali fagottini di pasta sfoglia con abbondante ripieno di ricotta o piselli funzionano come snack nazionale e <strong>per i vegetariani sono una scelta assolutamente ideale<\/strong>.<\/li>\n\n\n\n<li><strong>Ftira:<\/strong> questo pane rotondo a lievitazione naturale, che dal 2020 \u00e8 addirittura nella lista del patrimonio immateriale UNESCO, si <strong>farcisce pi\u00f9 spesso con verdure fresche, olive, capperi e pomodori<\/strong>.<\/li>\n\n\n\n<li><strong>Bigilla:<\/strong> una crema densa e dal sapore molto intenso a base di fave che accontenter\u00e0 chiunque cerchi una <strong>specialit\u00e0 autentica e naturalmente vegetariana<\/strong>.<\/li>\n\n\n\n<li><strong>\u0120bejniet:<\/strong> il formaggio di pecora locale \u00e8 tra le vere basi della cucina maltese e <strong>puoi assaggiarlo fresco oppure stagionato<\/strong> con una bella dose di pepe piccante.<\/li>\n\n\n\n<li><strong>Kapunata:<\/strong> versione locale della celebre ratatouille francese, che <strong>combina melanzane, pomodori, peperoni e capperi<\/strong> in un perfetto piatto estivo.<\/li>\n\n\n\n<li><strong>Ross il-forn:<\/strong> il tradizionale riso al forno \u00e8 tra i piatti preferiti e in molti locali <strong>trovi spesso anche la sua variante vegetariana senza carne<\/strong>.<\/li>\n\n\n\n<li><strong>Kinnie:<\/strong> apprezzata bibita analcolica agrodolce a base di arance amare della variet\u00e0 chinotto ed erbe, che <strong>si produce solo a Malta<\/strong> e disseta magnificamente nelle calde giornate estive.<\/li>\n\n\n\n<li><strong>Specialit\u00e0 locali con carne e pesce:<\/strong> l&#8217;isola \u00e8 storicamente famosa per piatti come il coniglio in umido chiamato fenek e il pesce lampuki, portate che <strong>secondo molte guide costituiscono la base dell&#8217;alimentazione a base di carne<\/strong> e di cui i locali vanno molto fieri.<\/li>\n<\/ul>\n\n\n\n<p class=\"wp-block-paragraph\">\ud83d\udca1 SUGGERIMENTO: in ogni villaggio pi\u00f9 grande trovi le cosiddette pastizzerie, dove <strong>i pastizzi freschi costano solo pochi centesimi<\/strong> e ti saziano alla grande. Nelle citt\u00e0 pi\u00f9 grandi come la Valletta o Sliema \u00e8 ormai del tutto comune un&#8217;ampia offerta vegetariana e vegana di bistrot moderni \u263a\ufe0f.<\/p>\n\n\n\n<h2 id=\"Doprava_po_Malte_autobusy_trajekt_a_auto\" class=\"wp-block-heading\"><span class=\"ez-toc-section\" id=\"Trasporti_a_Malta_autobus_traghetto_e_auto\"><\/span>Trasporti a Malta: autobus, traghetto e auto<span class=\"ez-toc-section-end\"><\/span><\/h2>\n\n\n\n<p class=\"wp-block-paragraph\">Spostarsi sull&#8217;isola pu\u00f2 essere un po&#8217; un&#8217;avventura in s\u00e9 e a volte richiede una dose di pazienza. <strong>Hai a disposizione diverse opzioni e ognuna ha i suoi pro e contro<\/strong>, sia che tu decida di affidarti al trasporto pubblico, sia che preferisca metterti al volante.<\/p>\n\n\n\n<h3 id=\"Autobusy_Tallinja\" class=\"wp-block-heading\"><span class=\"ez-toc-section\" id=\"Gli_autobus_Tallinja\"><\/span>Gli autobus Tallinja<span class=\"ez-toc-section-end\"><\/span><\/h3>\n\n\n\n<p class=\"wp-block-paragraph\">Il trasporto pubblico \u00e8 garantito dai vistosi autobus verdi della compagnia Tallinja, che <strong>coprono molto bene e in modo affidabile praticamente tutta l&#8217;isola<\/strong>. Il biglietto base vale due ore e con esso puoi cambiare liberamente, mentre il prezzo di solito si aggira intorno ai due euro per una corsa.<\/p>\n\n\n\n<p class=\"wp-block-paragraph\">Per soggiorni pi\u00f9 lunghi conviene molto, a quanto pare, la carta turistica settimanale, che costa circa 25 euro e ti risparmia il fastidio di comprare biglietti in continuazione. Devo per\u00f2 avvertirti sinceramente che <strong>nei mesi estivi le corse sulle tratte pi\u00f9 gettonate risultano decisamente pi\u00f9 lente<\/strong> di quanto prometta l&#8217;orario ufficiale.<\/p>\n\n\n\n<h3 id=\"Trajekt_na_Gozo_a_Comino\" class=\"wp-block-heading\"><span class=\"ez-toc-section\" id=\"Il_traghetto_per_Gozo_e_Comino\"><\/span>Il traghetto per Gozo e Comino<span class=\"ez-toc-section-end\"><\/span><\/h3>\n\n\n\n<p class=\"wp-block-paragraph\">Se vuoi esplorare la vicina isola di Gozo, puoi usare il classico traghetto dal porto di \u010airkewwa, la cui traversata dura poco meno di mezz&#8217;ora. Dalla Valletta parte invece un veloce catamarano, con cui arrivi a destinazione in circa 45 minuti, e la curiosit\u00e0 \u00e8 che <strong>l&#8217;andata non si paga e il biglietto lo compri solo al ritorno<\/strong>.<\/p>\n\n\n\n<p class=\"wp-block-paragraph\">Alla piccolissima isola di Comino e alla sua famosa Laguna Blu, invece, <strong>arrivi esclusivamente in barca dai porti circostanti<\/strong>. Le auto su questo piccolo lembo di terra non possono affatto entrare, quindi vi regna una piacevole quiete, disturbata solo dalle folle di gitanti entusiasti.<\/p>\n\n\n\n<h3 id=\"Pujcit_si_auto_nebo_ne\" class=\"wp-block-heading\"><span class=\"ez-toc-section\" id=\"Noleggiare_unauto_oppure_no\"><\/span>Noleggiare un&#8217;auto oppure no?<span class=\"ez-toc-section-end\"><\/span><\/h3>\n\n\n\n<p class=\"wp-block-paragraph\">Pensa bene alla decisione di noleggiare un&#8217;auto, perch\u00e9 <strong>qui si guida a sinistra sul modello della Gran Bretagna<\/strong>, le strade tendono a essere molto strette e i guidatori locali sono piuttosto temperamentali. Un enorme problema \u00e8 anche il parcheggio, che in citt\u00e0 come la Valletta e Sliema \u00e8 praticamente impossibile e fa perdere un sacco di nervi.<\/p>\n\n\n\n<p class=\"wp-block-paragraph\">Se hai paura di guidare sul lato opposto, <strong>si consiglia di usare le app Bolt ed eCabs<\/strong>, che sull&#8217;isola funzionano benissimo. Non prendere assolutamente un taxi al volo per strada, perch\u00e9 le tariffe delle app sono molto pi\u00f9 convenienti e soprattutto le conosci sempre in anticipo.<\/p>\n\n\n\n<h2 id=\"Kolik_stoji_dovolena_na_Malte\" class=\"wp-block-heading\"><span class=\"ez-toc-section\" id=\"Quanto_costa_una_vacanza_a_Malta\"><\/span>Quanto costa una vacanza a Malta<span class=\"ez-toc-section-end\"><\/span><\/h2>\n\n\n\n<p class=\"wp-block-paragraph\">Malta \u00e8 membro a pieno titolo dell&#8217;Unione Europea e qui si paga in euro, quindi non devi cambiare nessuna valuta esotica. <strong>In generale quest&#8217;isola \u00e8 un po&#8217; pi\u00f9 economica della vicina Italia<\/strong>, ma d&#8217;altra parte qui spendi pi\u00f9 che, per esempio, in Bulgaria o in Albania.<\/p>\n\n\n\n<p class=\"wp-block-paragraph\">Il budget seguente per due persone per una settimana \u00e8 solo una stima indicativa, perch\u00e9 <strong>la cifra finale varia moltissimo a seconda della stagione in cui parti<\/strong>.<\/p>\n\n\n\n<ul class=\"wp-block-list\">\n<li><strong>Voli:<\/strong> i voli di andata e ritorno da Roma o Milano di solito costano dai 100 ai 200 euro a persona.<\/li>\n\n\n\n<li><strong>Alloggio:<\/strong> per una camera doppia media in un piacevole hotel spendi intorno ai 500-900 euro a settimana per due persone.<\/li>\n\n\n\n<li><strong>Cibo:<\/strong> se combini cibo dei panifici con cene al ristorante, metti in conto una cifra di 300-450 euro a settimana.<\/li>\n\n\n\n<li><strong>Trasporti:<\/strong> le carte settimanali per gli autobus e qualche corsa occasionale in traghetto o in Bolt si mangiano circa 70-100 euro per due persone.<\/li>\n\n\n\n<li><strong>Ingressi e gite:<\/strong> le visite ai templi storici e i giri in barca costano indicativamente 80-150 euro per una coppia.<\/li>\n<\/ul>\n\n\n\n<p class=\"wp-block-paragraph\">\ud83d\udca1 SUGGERIMENTO: se vuoi risparmiare durante il viaggio, <strong>tieni assolutamente d&#8217;occhio le offerte delle compagnie aeree<\/strong>. Dai un&#8217;occhiata al nostro articolo su <a href=\"https:\/\/loudavymkrokem.cz\/it\/trovare-voli-economici-consigli\/\">come trovare voli economici<\/a>, dove trovi tanti consigli utili per cercare collegamenti convenienti.<\/p>\n\n\n\n<h2 id=\"Na_co_si_dat_na_Malte_pozor\" class=\"wp-block-heading\"><span class=\"ez-toc-section\" id=\"A_cosa_fare_attenzione_a_Malta\"><\/span>A cosa fare attenzione a Malta<span class=\"ez-toc-section-end\"><\/span><\/h2>\n\n\n\n<p class=\"wp-block-paragraph\">Anche se l&#8217;intero Paese \u00e8 molto sicuro e ai turisti non corrono grandi pericoli, <strong>ci sono un paio di particolarit\u00e0 locali che possono facilmente coglierti di sorpresa<\/strong>. Riassumiamo le cose pi\u00f9 importanti a cui conviene prepararsi mentalmente prima del viaggio, cos\u00ec da non rovinarti l&#8217;umore sul posto.<\/p>\n\n\n\n<ul class=\"wp-block-list\">\n<li><strong>Guida a sinistra e strade strette:<\/strong> per un europeo guidare sul lato opposto pu\u00f2 essere piuttosto stressante e <strong>molti vicoli di campagna sono davvero per una sola auto<\/strong>.<\/li>\n\n\n\n<li><strong>Prese britanniche:<\/strong> l&#8217;isola usa ancora le prese britanniche a tre poli di tipo G, quindi <strong>senza il giusto adattatore da viaggio il telefono purtroppo non lo carichi<\/strong>.<\/li>\n\n\n\n<li><strong>Meduse a fine estate:<\/strong> quando a fine estate l&#8217;acqua si scalda molto, lungo la costa compaiono le meduse, perci\u00f2 <strong>\u00e8 bene consultare i siti locali con gli avvisi aggiornati<\/strong>.<\/li>\n\n\n\n<li><strong>Poche spiagge di sabbia e bagni dagli scogli:<\/strong> Malta non \u00e8 una destinazione balneare tipica, in acqua si scende spesso da scalette su piattaforme di cemento e <strong>ti torneranno di certo utili le scarpette da scoglio<\/strong>.<\/li>\n\n\n\n<li><strong>Laguna Blu affollata:<\/strong> in alta stagione estiva questo luogo incantevole scoppia, quindi <strong>se desideri tranquillit\u00e0 devi arrivare qui prestissimo al mattino<\/strong>.<\/li>\n\n\n\n<li><strong>Rumore a Paceville:<\/strong> questa zona \u00e8 un noto centro della vita notturna e i bar suonano a tutto volume fino al mattino presto, quindi <strong>per un sonno tranquillo scegli piuttosto un alloggio altrove<\/strong>.<\/li>\n\n\n\n<li><strong>Vento forte e gite in barca cancellate:<\/strong> il tempo sull&#8217;isola \u00e8 imprevedibile e con mare molto mosso <strong>capita comunemente che traghetti o barche escursionistiche, per motivi di sicurezza, non partano affatto<\/strong>.<\/li>\n<\/ul>\n\n\n\n<h2 id=\"Malta_s_detmi\" class=\"wp-block-heading\"><span class=\"ez-toc-section\" id=\"Malta_con_i_bambini\"><\/span>Malta con i bambini<span class=\"ez-toc-section-end\"><\/span><\/h2>\n\n\n\n<p class=\"wp-block-paragraph\">Una vacanza in famiglia su quest&#8217;isola assolata ha molto senso, perch\u00e9 <strong>il volo diretto da Roma con KM Malta Airlines dura circa due ore e mezza<\/strong>, sopportabile anche dai piccoli viaggiatori. La gente del posto \u00e8 inoltre molto accogliente con i bambini e a ogni angolo trovi attivit\u00e0 che divertono tutta la famiglia \ud83d\ude05.<\/p>\n\n\n\n<ul class=\"wp-block-list\">\n<li><strong>Mellie\u0127a Bay:<\/strong> questa spiaggia \u00e8 di gran lunga la pi\u00f9 amata dalle famiglie, perch\u00e9 <strong>ha un ingresso in mare davvero molto graduale<\/strong> e sabbia fine per costruire grandi castelli.<\/li>\n\n\n\n<li><strong>Popeye Village:<\/strong> le ex scenografie del film Popeye con Robin Williams si sono trasformate in un <strong>incantevole villaggio dei divertimenti che i bambini adorano<\/strong>.<\/li>\n\n\n\n<li><strong>Barche panoramiche nel Grand Harbour:<\/strong> una gita su una tradizionale barchetta variopinta nel grande porto della Valletta <strong>\u00e8 un&#8217;esperienza fantastica per i piccoli esploratori<\/strong>.<\/li>\n\n\n\n<li><strong>Malta National Aquarium:<\/strong> se proprio non regge il tempo, questo moderno acquario pieno di squali e razze <strong>ti salva sicuramente un intero pomeriggio<\/strong>.<\/li>\n\n\n\n<li><strong>Distanze brevi e lingua:<\/strong> tutte le attrazioni sono a due passi, cos\u00ec i bambini non soffrono i lunghi trasferimenti, e <strong>un enorme vantaggio \u00e8 anche il fatto che ci si fa capire ovunque in inglese<\/strong>.<\/li>\n<\/ul>\n\n\n\n<h2 id=\"Kam_dal_dalsi_tipy_na_dovolenou_u_more\" class=\"wp-block-heading\"><span class=\"ez-toc-section\" id=\"E_poi_Altri_consigli_per_una_vacanza_al_mare\"><\/span>E poi? Altri consigli per una vacanza al mare<span class=\"ez-toc-section-end\"><\/span><\/h2>\n\n\n\n<p class=\"wp-block-paragraph\">Se non hai ancora deciso del tutto e stai valutando anche altre destinazioni europee, <strong>ho preparato per te un elenco di altri articoli utili<\/strong>. Forse alla fine ti attirer\u00e0 un altro angolo dell&#8217;assolato Mediterraneo, oppure ti torneranno utili consigli pratici per pianificare il tuo prossimo viaggio estivo.<\/p>\n\n\n\n<ul class=\"wp-block-list\">\n<li><a href=\"https:\/\/loudavymkrokem.cz\/it\/settembre-migliori-destinazioni-vacanze\/\">Dove andare in vacanza a settembre<\/a><\/li>\n\n\n\n<li><a href=\"https:\/\/loudavymkrokem.cz\/it\/sicilia-italia\/\">Vacanza in Sicilia<\/a><\/li>\n\n\n\n<li><a href=\"https:\/\/loudavymkrokem.cz\/it\/quando-andare-in-italia\/\">Quando andare in Italia<\/a><\/li>\n\n\n\n<li><a href=\"https:\/\/loudavymkrokem.cz\/it\/trovare-voli-economici-consigli\/\">Come trovare voli economici<\/a><\/li>\n\n\n\n<li><a href=\"https:\/\/loudavymkrokem.cz\/jak-vybrat-cestovni-pojisteni-na-dovolenou\/\">Assicurazione di viaggio<\/a><\/li>\n<\/ul>\n\n\n\n<h2 id=\"Casto_kladene_otazky\" class=\"wp-block-heading\"><span class=\"ez-toc-section\" id=\"Domande_frequenti\"><\/span>Domande frequenti<span class=\"ez-toc-section-end\"><\/span><\/h2>\n\n\n\n<p class=\"wp-block-paragraph\">In chiusura ho raccolto le risposte alle domande pi\u00f9 frequenti che i viaggiatori di solito si pongono prima della partenza. <strong>Se nell&#8217;articolo ti \u00e8 mancata qualche informazione puramente pratica<\/strong>, c&#8217;\u00e8 una buona probabilit\u00e0 che tu la trovi proprio in questo breve riepilogo informativo.<\/p>\n\n\n<div id=\"rank-math-faq\" class=\"rank-math-block\">\n<div class=\"rank-math-list \">\n<div id=\"faq-question-1787755046000\" class=\"rank-math-list-item\">\n<h3 class=\"rank-math-question \"><span class=\"ez-toc-section\" id=\"Quando_e_il_periodo_migliore_per_andare_a_Malta\"><\/span>Quando \u00e8 il periodo migliore per andare a Malta?<span class=\"ez-toc-section-end\"><\/span><\/h3>\n<div class=\"rank-math-answer \">\n\n<p>Il clima pi\u00f9 bello e le condizioni ideali per viaggiare sull&#8217;isola si trovano soprattutto a maggio, giugno, settembre e anche a ottobre. Durante questi mesi eviterete le folle peggiori e godrete di temperature molto piacevoli, perfette sia per esplorare i monumenti che per rilassarsi. Se state considerando le vacanze estive, dovete tenere conto che luglio, ad esempio, ha temperature medie intorno ai 30,2 \u00b0C e di solito solo 0,3 giorni di pioggia in tutto il mese. Anche se pu\u00f2 sembrare un paradiso perfetto per gli amanti del sole, preparatevi a un&#8217;enorme quantit\u00e0 di turisti e a prezzi notevolmente pi\u00f9 alti per l&#8217;alloggio. Per questo si consiglia di scegliere i margini dell&#8217;alta stagione.<\/p>\n\n<\/div>\n<\/div>\n<div id=\"faq-question-1787755046001\" class=\"rank-math-list-item\">\n<h3 class=\"rank-math-question \"><span class=\"ez-toc-section\" id=\"Quanto_tempo_serve_per_Malta\"><\/span>Quanto tempo serve per Malta?<span class=\"ez-toc-section-end\"><\/span><\/h3>\n<div class=\"rank-math-answer \">\n\n<p>La durata del soggiorno dipende molto dai vostri piani e da quante isole volete vedere in totale. Per l&#8217;isola principale vi basteranno circa quattro o cinque giorni con un ritmo tranquillo, durante i quali potrete visitare le principali citt\u00e0 storiche e alcuni fenomeni naturali. Se per\u00f2 volete aggiungere anche un&#8217;escursione alle vicine Gozo e Comino, vi consiglio di riservare un&#8217;intera settimana. I viaggiatori che vogliono godersi una vacanza davvero lenta con molto tempo per rilassarsi in piscina e passeggiare la sera per le stradine strette apprezzano molto un soggiorno di dieci giorni. In dieci giorni non dovrete affatto correre e potrete assorbire con calma la vera atmosfera mediterranea.<\/p>\n\n<\/div>\n<\/div>\n<div id=\"faq-question-1787755046002\" class=\"rank-math-list-item\">\n<h3 class=\"rank-math-question \"><span class=\"ez-toc-section\" id=\"Si_puo_fare_il_bagno_a_Malta_anche_se_non_ha_spiagge_di_sabbia\"><\/span>Si pu\u00f2 fare il bagno a Malta anche se non ha spiagge di sabbia?<span class=\"ez-toc-section-end\"><\/span><\/h3>\n<div class=\"rank-math-answer \">\n\n<p>Fare il bagno qui \u00e8 assolutamente normale, solo che \u00e8 un po&#8217; diverso rispetto ai classici resort balneari. L&#8217;ingresso in mare avviene pi\u00f9 frequentemente direttamente dalle scogliere rocciose o da piattaforme di cemento attrezzate, dove per comodit\u00e0 dei turisti sono predisposte solide scalette metalliche. Gli amanti della sabbia per\u00f2 non devono disperare, perch\u00e9 qui si trovano comunque alcune belle spiagge sabbiose. Sull&#8217;isola principale troverete la popolare Mellie\u0127a Bay, la pittoresca Golden Bay o la vicina G\u0127ajn Tuffie\u0127a. Se prendete il traghetto per la vicina Gozo, non perdetevi assolutamente la spiaggia di Ramla Bay, famosa per la sua sabbia di colore insolito rossastro e per l&#8217;ingresso in acqua molto graduale.<\/p>\n\n<\/div>\n<\/div>\n<div id=\"faq-question-1787755046003\" class=\"rank-math-list-item\">\n<h3 class=\"rank-math-question \"><span class=\"ez-toc-section\" id=\"Riesco_a_comunicare_in_inglese_a_Malta\"><\/span>Riesco a comunicare in inglese a Malta?<span class=\"ez-toc-section-end\"><\/span><\/h3>\n<div class=\"rank-math-answer \">\n\n<p>Non dovete assolutamente preoccuparvi della comunicazione qui. L&#8217;inglese \u00e8 infatti, insieme al maltese, la seconda lingua ufficiale, quindi potrete comunicare ovunque e senza il minimo problema. Tutti gli abitanti locali, dagli autisti degli autobus ai venditori nelle pi\u00f9 piccole panetterie di paese, parlano fluentemente l&#8217;inglese e spesso hanno un accento britannico leggermente adorabile. Tutte le insegne, i men\u00f9 dei ristoranti e i pannelli informativi presso i monumenti sono sempre disponibili in inglese. Pare che questo sia anche uno dei motivi principali per cui in estate vengono qui tanti studenti per i popolari soggiorni linguistici e corsi estivi di inglese.<\/p>\n\n<\/div>\n<\/div>\n<div id=\"faq-question-1787755046004\" class=\"rank-math-list-item\">\n<h3 class=\"rank-math-question \"><span class=\"ez-toc-section\" id=\"Ho_bisogno_di_unauto_a_Malta\"><\/span>Ho bisogno di un&#8217;auto a Malta?<span class=\"ez-toc-section-end\"><\/span><\/h3>\n<div class=\"rank-math-answer \">\n\n<p>Noleggiare un&#8217;auto non \u00e8 assolutamente necessario, perch\u00e9 la fitta rete di autobus copre in modo abbastanza affidabile tutta l&#8217;isola e vi porta a tutti i principali monumenti e spiagge. D&#8217;altra parte devo menzionare che nei mesi estivi le corse sono spesso sovraffollate e si muovono nel traffico intenso molto lentamente. Se decidete comunque di noleggiare un&#8217;auto, otterrete un&#8217;enorme libert\u00e0, ma dovete prepararvi al fatto che qui si guida a sinistra e le strade sono spesso estremamente strette. La maggior parte dei visitatori si affida quindi a una combinazione di autobus e app come Bolt, che \u00e8 un compromesso che secondo le recensioni funziona assolutamente bene e senza stress inutile al volante.<\/p>\n\n<\/div>\n<\/div>\n<div id=\"faq-question-1787755046005\" class=\"rank-math-list-item\">\n<h3 class=\"rank-math-question \"><span class=\"ez-toc-section\" id=\"Malta_e_cara\"><\/span>Malta \u00e8 cara?<span class=\"ez-toc-section-end\"><\/span><\/h3>\n<div class=\"rank-math-answer \">\n\n<p>Dal punto di vista finanziario, quest&#8217;isola si trova pi\u00f9 o meno nel mezzo della media europea. \u00c8 sicuramente meno costosa di una vacanza nelle popolari destinazioni italiane, ma d&#8217;altra parte vi coster\u00e0 di pi\u00f9 rispetto, ad esempio, a un viaggio nei Balcani. La voce pi\u00f9 importante del vostro budget sar\u00e0 senza dubbio l&#8217;alloggio, i cui prezzi nell&#8217;alta stagione estiva salgono davvero vertiginosamente. Il cibo nei normali ristoranti si aggira su cifre accettabili e il trasporto in autobus \u00e8 decisamente economico. Se partite fuori dai mesi di vacanza pi\u00f9 affollati, potrete godervi servizi di ottima qualit\u00e0 a prezzi abbastanza ragionevoli, che non rovineranno completamente il vostro portafoglio.<\/p>\n\n<\/div>\n<\/div>\n<div id=\"faq-question-1787755046006\" class=\"rank-math-list-item\">\n<h3 class=\"rank-math-question \"><span class=\"ez-toc-section\" id=\"Vale_la_pena_dormire_a_Gozo\"><\/span>Vale la pena dormire a Gozo?<span class=\"ez-toc-section-end\"><\/span><\/h3>\n<div class=\"rank-math-answer \">\n\n<p>Secondo l&#8217;esperienza di molti viaggiatori, il soggiorno su quest&#8217;isola vicina \u00e8 un&#8217;idea assolutamente fantastica. Si consiglia di riservare a Gozo almeno due notti, perch\u00e9 l&#8217;isola ha un ritmo completamente diverso e un&#8217;atmosfera di paese molto pi\u00f9 rilassata. Mentre l&#8217;isola principale \u00e8 trafficata e piena di traffico, Gozo offre una tranquillit\u00e0 autentica, splendide viste dalle scogliere e graziose casette in pietra con piscina. Quando nel pomeriggio se ne vanno i gita-e-torna, le piazzette serali si svuotano e potrete godervi con calma la cena in una delle osterie locali. \u00c8 un contrasto perfetto che ravviver\u00e0 magnificamente la vostra vacanza e le dar\u00e0 il giusto tocco di relax.<\/p>\n\n<\/div>\n<\/div>\n<div id=\"faq-question-1787755046007\" class=\"rank-math-list-item\">\n<h3 class=\"rank-math-question \"><span class=\"ez-toc-section\" id=\"Malta_e_sicura\"><\/span>Malta \u00e8 sicura?<span class=\"ez-toc-section-end\"><\/span><\/h3>\n<div class=\"rank-math-answer \">\n\n<p>Quest&#8217;isola soleggiata appartiene da tempo ai paesi pi\u00f9 sicuri di tutta Europa e la criminalit\u00e0 grave qui praticamente non esiste. Potete passeggiare senza preoccupazioni per le strade la sera e sentirvi completamente rilassati. I rischi principali per i turisti sono piuttosto il traffico locale caotico, perch\u00e9 i conducenti guidano molto velocemente e i marciapiedi per i pedoni a volte mancano completamente. Un&#8217;altra cosa a cui fare attenzione sono le correnti marine imprevedibili e le meduse menzionate nel tardo estate. Naturalmente valgono le regole di base della prudenza, quindi nei luoghi con grande concentrazione di persone fate attenzione ai vostri effetti personali contro eventuali borseggiatori, ma per il resto potete stare assolutamente tranquilli.<\/p>\n\n<\/div>\n<\/div>\n<\/div>\n<\/div>","protected":false},"excerpt":{"rendered":"<p>Stai pianificando il viaggio e vuoi sapere com&#8217;\u00e8 la vacanza a Malta ideale? Ho preparato per te una guida dettagliata piena di consigli sui luoghi pi\u00f9 belli, ottimi alloggi e informazioni pratiche.<\/p>\n","protected":false},"author":3,"featured_media":399628,"comment_status":"open","ping_status":"open","sticky":false,"template":"","format":"standard","meta":{"_acf_changed":false,"footnotes":"","rank_math_title":"Vacanza a Malta: 24 cose da vedere e fare nel 2026","rank_math_description":"Vacanza a Malta: scopri le 24 cose migliori da vedere e fare, il meteo mese per mese, dove dormire e i prezzi. Leggi la guida completa e parti!","rank_math_focus_keyword":"malta","rank_math_seo_score":""},"categories":[554,722],"tags":[],"class_list":["post-417342","post","type-post","status-publish","format-standard","has-post-thumbnail","category-europa","category-viaggi"],"acf":[],"featured_image_src":"https:\/\/loudavymkrokem.cz\/wp-content\/uploads\/2026\/08\/dovolena-malta-hero.jpg","author_info":{"display_name":"Lucie Kone\u010dn\u00e1","author_link":"https:\/\/loudavymkrokem.cz\/it\/author\/lucie-konecna\/"},"_links":{"self":[{"href":"https:\/\/loudavymkrokem.cz\/it\/wp-json\/wp\/v2\/posts\/417342","targetHints":{"allow":["GET"]}}],"collection":[{"href":"https:\/\/loudavymkrokem.cz\/it\/wp-json\/wp\/v2\/posts"}],"about":[{"href":"https:\/\/loudavymkrokem.cz\/it\/wp-json\/wp\/v2\/types\/post"}],"author":[{"embeddable":true,"href":"https:\/\/loudavymkrokem.cz\/it\/wp-json\/wp\/v2\/users\/3"}],"replies":[{"embeddable":true,"href":"https:\/\/loudavymkrokem.cz\/it\/wp-json\/wp\/v2\/comments?post=417342"}],"version-history":[{"count":2,"href":"https:\/\/loudavymkrokem.cz\/it\/wp-json\/wp\/v2\/posts\/417342\/revisions"}],"predecessor-version":[{"id":417344,"href":"https:\/\/loudavymkrokem.cz\/it\/wp-json\/wp\/v2\/posts\/417342\/revisions\/417344"}],"wp:featuredmedia":[{"embeddable":true,"href":"https:\/\/loudavymkrokem.cz\/it\/wp-json\/wp\/v2\/media\/399628"}],"wp:attachment":[{"href":"https:\/\/loudavymkrokem.cz\/it\/wp-json\/wp\/v2\/media?parent=417342"}],"wp:term":[{"taxonomy":"category","embeddable":true,"href":"https:\/\/loudavymkrokem.cz\/it\/wp-json\/wp\/v2\/categories?post=417342"},{"taxonomy":"post_tag","embeddable":true,"href":"https:\/\/loudavymkrokem.cz\/it\/wp-json\/wp\/v2\/tags?post=417342"}],"curies":[{"name":"wp","href":"https:\/\/api.w.org\/{rel}","templated":true}]}}