{"id":417315,"date":"2026-09-04T20:50:25","date_gmt":"2026-09-04T18:50:25","guid":{"rendered":"https:\/\/loudavymkrokem.cz\/strasburgo-francia-cosa-vedere\/"},"modified":"2026-09-05T14:57:31","modified_gmt":"2026-09-05T12:57:31","slug":"strasburgo-francia-cosa-vedere","status":"publish","type":"post","link":"https:\/\/loudavymkrokem.cz\/it\/strasburgo-francia-cosa-vedere\/","title":{"rendered":"Strasburgo, Francia: 18 cose da vedere e da fare"},"content":{"rendered":"\n<p class=\"wp-block-paragraph\">La maggior parte di noi associa immediatamente Strasburgo, in Francia, al profumo del vin brul\u00e9 e a una cascata di lucine natalizie, ma la verit\u00e0 \u00e8 che <strong>questa citt\u00e0 ha molto da offrire anche negli altri undici mesi dell&#8217;anno<\/strong>. Se a dicembre scoppia letteralmente di gente e i prezzi salgono alle stelle, al di fuori del periodo dell&#8217;Avvento si trasforma in una destinazione pi\u00f9 tranquilla e <strong>decisamente pi\u00f9 economica<\/strong>, dove l&#8217;eleganza francese si fonde con la precisione tedesca. Nell&#8217;ultimo secolo la nazionalit\u00e0 \u00e8 cambiata qui addirittura quattro volte, e questo ha lasciato un&#8217;impronta indelebile sull&#8217;architettura, sulla lingua locale e sull&#8217;eccellente gastronomia.<\/p>\n\n\n\n<p class=\"wp-block-paragraph\">Qui trovi un <strong>quartiere storico iscritto al patrimonio UNESCO<\/strong>, una monumentale cattedrale gotica e i moderni edifici in vetro del Parlamento europeo, che insieme creano un&#8217;atmosfera assolutamente unica. Puoi vagare tra i pittoreschi vicoli pieni di case a graticcio, osservare le barche sui canali oppure semplicemente sederti in un caff\u00e8 e <strong>assorbire quell&#8217;incredibile serenit\u00e0 senza folle di turisti<\/strong>. Strasburgo \u00e8 insomma una citt\u00e0 dalla doppia identit\u00e0, che ti sorprender\u00e0 a ogni passo.<\/p>\n\n\n\n<p class=\"wp-block-paragraph\">Se cerchi il posto ideale per un weekend lungo, dove <strong>la storia si intreccia con una vita moderna e pulsante<\/strong>, l&#8217;hai appena trovato. Ho preparato per te una guida dettagliata che ti mostrer\u00e0 i pi\u00f9 grandi tesori della citt\u00e0 e ti suggerir\u00e0 come goderti al meglio la visita, indipendentemente dalla stagione in cui deciderai di partire.<\/p>\n\n\n\n<figure data-wp-context=\"{&quot;imageId&quot;:&quot;6a9c26947ae8f&quot;}\" data-wp-interactive=\"core\/image\" data-wp-key=\"6a9c26947ae8f\" class=\"wp-block-image size-full wp-lightbox-container\"><img decoding=\"async\" width=\"1920\" height=\"2454\" data-wp-class--hide=\"state.isContentHidden\" data-wp-class--show=\"state.isContentVisible\" data-wp-init=\"callbacks.setButtonStyles\" data-wp-on--click=\"actions.showLightbox\" data-wp-on--load=\"callbacks.setButtonStyles\" data-wp-on--pointerdown=\"actions.preloadImage\" data-wp-on--pointerenter=\"actions.preloadImageWithDelay\" data-wp-on--pointerleave=\"actions.cancelPreload\" data-wp-on-window--resize=\"callbacks.setButtonStyles\" src=\"https:\/\/loudavymkrokem.cz\/wp-content\/uploads\/2026\/09\/katedrala-notre-dame-ve-strasburku-af4b864e.jpg\" alt=\"Cattedrale di Notre-Dame a Strasburgo\" class=\"wp-image-413376\" title=\"\" srcset=\"https:\/\/loudavymkrokem.cz\/wp-content\/uploads\/2026\/09\/katedrala-notre-dame-ve-strasburku-af4b864e.jpg 1920w, https:\/\/loudavymkrokem.cz\/wp-content\/uploads\/2026\/09\/katedrala-notre-dame-ve-strasburku-af4b864e-235x300.jpg 235w, https:\/\/loudavymkrokem.cz\/wp-content\/uploads\/2026\/09\/katedrala-notre-dame-ve-strasburku-af4b864e-700x895.jpg 700w, https:\/\/loudavymkrokem.cz\/wp-content\/uploads\/2026\/09\/katedrala-notre-dame-ve-strasburku-af4b864e-768x982.jpg 768w, https:\/\/loudavymkrokem.cz\/wp-content\/uploads\/2026\/09\/katedrala-notre-dame-ve-strasburku-af4b864e-1202x1536.jpg 1202w, https:\/\/loudavymkrokem.cz\/wp-content\/uploads\/2026\/09\/katedrala-notre-dame-ve-strasburku-af4b864e-1602x2048.jpg 1602w, https:\/\/loudavymkrokem.cz\/wp-content\/uploads\/2026\/09\/katedrala-notre-dame-ve-strasburku-af4b864e-696x890.jpg 696w, https:\/\/loudavymkrokem.cz\/wp-content\/uploads\/2026\/09\/katedrala-notre-dame-ve-strasburku-af4b864e-1392x1779.jpg 1392w\" sizes=\"(max-width: 1920px) 100vw, 1920px\" \/><button\n\t\t\tclass=\"lightbox-trigger\"\n\t\t\ttype=\"button\"\n\t\t\taria-haspopup=\"dialog\"\n\t\t\tdata-wp-bind--aria-label=\"state.thisImage.triggerButtonAriaLabel\"\n\t\t\tdata-wp-init=\"callbacks.initTriggerButton\"\n\t\t\tdata-wp-on--click=\"actions.showLightbox\"\n\t\t\tdata-wp-style--right=\"state.thisImage.buttonRight\"\n\t\t\tdata-wp-style--top=\"state.thisImage.buttonTop\"\n\t\t>\n\t\t\t<svg xmlns=\"http:\/\/www.w3.org\/2000\/svg\" width=\"12\" height=\"12\" fill=\"none\" viewBox=\"0 0 12 12\">\n\t\t\t\t<path fill=\"#fff\" d=\"M2 0a2 2 0 0 0-2 2v2h1.5V2a.5.5 0 0 1 .5-.5h2V0H2Zm2 10.5H2a.5.5 0 0 1-.5-.5V8H0v2a2 2 0 0 0 2 2h2v-1.5ZM8 12v-1.5h2a.5.5 0 0 0 .5-.5V8H12v2a2 2 0 0 1-2 2H8Zm2-12a2 2 0 0 1 2 2v2h-1.5V2a.5.5 0 0 0-.5-.5H8V0h2Z\" \/>\n\t\t\t<\/svg>\n\t\t<\/button><figcaption class=\"wp-element-caption\">Foto: Diliff \/ Wikimedia Commons, CC BY-SA 3.0<\/figcaption><\/figure>\n\n\n\n<div id=\"ez-toc-container\" class=\"ez-toc-v2_0_87 ez-toc-wrap-left counter-hierarchy ez-toc-counter ez-toc-grey ez-toc-container-direction\">\n<div class=\"ez-toc-title-container\">\n<p class=\"ez-toc-title\" style=\"cursor:inherit\">Contenuto dell&#039;articolo<\/p>\n<span class=\"ez-toc-title-toggle\"><a href=\"#\" class=\"ez-toc-pull-right ez-toc-btn ez-toc-btn-xs ez-toc-btn-default ez-toc-toggle\" aria-label=\"Toggle Table of Content\"><span class=\"ez-toc-js-icon-con\"><span class=\"\"><span class=\"eztoc-hide\" style=\"display:none;\">Toggle<\/span><span class=\"ez-toc-icon-toggle-span\"><svg style=\"fill: #999;color:#999\" xmlns=\"http:\/\/www.w3.org\/2000\/svg\" class=\"list-377408\" width=\"20px\" height=\"20px\" viewBox=\"0 0 24 24\" fill=\"none\"><path d=\"M6 6H4v2h2V6zm14 0H8v2h12V6zM4 11h2v2H4v-2zm16 0H8v2h12v-2zM4 16h2v2H4v-2zm16 0H8v2h12v-2z\" fill=\"currentColor\"><\/path><\/svg><svg style=\"fill: #999;color:#999\" class=\"arrow-unsorted-368013\" xmlns=\"http:\/\/www.w3.org\/2000\/svg\" width=\"10px\" height=\"10px\" viewBox=\"0 0 24 24\" version=\"1.2\" baseProfile=\"tiny\"><path d=\"M18.2 9.3l-6.2-6.3-6.2 6.3c-.2.2-.3.4-.3.7s.1.5.3.7c.2.2.4.3.7.3h11c.3 0 .5-.1.7-.3.2-.2.3-.5.3-.7s-.1-.5-.3-.7zM5.8 14.7l6.2 6.3 6.2-6.3c.2-.2.3-.5.3-.7s-.1-.5-.3-.7c-.2-.2-.4-.3-.7-.3h-11c-.3 0-.5.1-.7.3-.2.2-.3.5-.3.7s.1.5.3.7z\"\/><\/svg><\/span><\/span><\/span><\/a><\/span><\/div>\n<nav><ul class='ez-toc-list ez-toc-list-level-1 ' ><ul class='ez-toc-list-level-3' ><li class='ez-toc-heading-level-3'><a class=\"ez-toc-link ez-toc-heading-1\" href=\"https:\/\/loudavymkrokem.cz\/it\/strasburgo-francia-cosa-vedere\/#Riassunto_per_chi_non_ha_tempo_di_leggere_tutto_larticolo\" >Riassunto per chi non ha tempo di leggere tutto l&#8217;articolo<\/a><\/li><\/ul><\/li><li class='ez-toc-page-1 ez-toc-heading-level-2'><a class=\"ez-toc-link ez-toc-heading-2\" href=\"https:\/\/loudavymkrokem.cz\/it\/strasburgo-francia-cosa-vedere\/#Quando_partire_per_Strasburgo\" >Quando partire per Strasburgo<\/a><\/li><li class='ez-toc-page-1 ez-toc-heading-level-2'><a class=\"ez-toc-link ez-toc-heading-3\" href=\"https:\/\/loudavymkrokem.cz\/it\/strasburgo-francia-cosa-vedere\/#Dove_alloggiare_a_Strasburgo\" >Dove alloggiare a Strasburgo<\/a><\/li><li class='ez-toc-page-1 ez-toc-heading-level-2'><a class=\"ez-toc-link ez-toc-heading-4\" href=\"https:\/\/loudavymkrokem.cz\/it\/strasburgo-francia-cosa-vedere\/#18_cose_da_vedere_e_da_fare_a_Strasburgo\" >18 cose da vedere e da fare a Strasburgo<\/a><ul class='ez-toc-list-level-3' ><li class='ez-toc-heading-level-3'><a class=\"ez-toc-link ez-toc-heading-5\" href=\"https:\/\/loudavymkrokem.cz\/it\/strasburgo-francia-cosa-vedere\/#1_Cathedrale_Notre-Dame-de-Strasbourg\" >1. Cath\u00e9drale Notre-Dame-de-Strasbourg<\/a><\/li><li class='ez-toc-page-1 ez-toc-heading-level-3'><a class=\"ez-toc-link ez-toc-heading-6\" href=\"https:\/\/loudavymkrokem.cz\/it\/strasburgo-francia-cosa-vedere\/#2_Lorologio_astronomico_del_Cinquecento\" >2. L&#8217;orologio astronomico del Cinquecento<\/a><\/li><li class='ez-toc-page-1 ez-toc-heading-level-3'><a class=\"ez-toc-link ez-toc-heading-7\" href=\"https:\/\/loudavymkrokem.cz\/it\/strasburgo-francia-cosa-vedere\/#3_La_salita_alla_piattaforma_panoramica_della_cattedrale\" >3. La salita alla piattaforma panoramica della cattedrale<\/a><\/li><li class='ez-toc-page-1 ez-toc-heading-level-3'><a class=\"ez-toc-link ez-toc-heading-8\" href=\"https:\/\/loudavymkrokem.cz\/it\/strasburgo-francia-cosa-vedere\/#4_Petite_France\" >4. Petite France<\/a><\/li><li class='ez-toc-page-1 ez-toc-heading-level-3'><a class=\"ez-toc-link ez-toc-heading-9\" href=\"https:\/\/loudavymkrokem.cz\/it\/strasburgo-francia-cosa-vedere\/#5_Ponts_Couverts_de_Strasbourg\" >5. Ponts Couverts de Strasbourg<\/a><\/li><li class='ez-toc-page-1 ez-toc-heading-level-3'><a class=\"ez-toc-link ez-toc-heading-10\" href=\"https:\/\/loudavymkrokem.cz\/it\/strasburgo-francia-cosa-vedere\/#6_Barrage_Vauban\" >6. Barrage Vauban<\/a><\/li><li class='ez-toc-page-1 ez-toc-heading-level-3'><a class=\"ez-toc-link ez-toc-heading-11\" href=\"https:\/\/loudavymkrokem.cz\/it\/strasburgo-francia-cosa-vedere\/#7_La_crociera_sui_canali_con_Batorama\" >7. La crociera sui canali con Batorama<\/a><\/li><li class='ez-toc-page-1 ez-toc-heading-level-3'><a class=\"ez-toc-link ez-toc-heading-12\" href=\"https:\/\/loudavymkrokem.cz\/it\/strasburgo-francia-cosa-vedere\/#8_Il_Parlamento_europeo\" >8. Il Parlamento europeo<\/a><\/li><li class='ez-toc-page-1 ez-toc-heading-level-3'><a class=\"ez-toc-link ez-toc-heading-13\" href=\"https:\/\/loudavymkrokem.cz\/it\/strasburgo-francia-cosa-vedere\/#9_Il_Parlamentarium_Simone_Veil\" >9. Il Parlamentarium Simone Veil<\/a><\/li><li class='ez-toc-page-1 ez-toc-heading-level-3'><a class=\"ez-toc-link ez-toc-heading-14\" href=\"https:\/\/loudavymkrokem.cz\/it\/strasburgo-francia-cosa-vedere\/#10_Il_Consiglio_dEuropa_e_il_quartiere_delle_istituzioni\" >10. Il Consiglio d&#8217;Europa e il quartiere delle istituzioni<\/a><\/li><li class='ez-toc-page-1 ez-toc-heading-level-3'><a class=\"ez-toc-link ez-toc-heading-15\" href=\"https:\/\/loudavymkrokem.cz\/it\/strasburgo-francia-cosa-vedere\/#11_Grande_Ile_il_primo_quartiere_UNESCO\" >11. Grande \u00cele (il primo quartiere UNESCO)<\/a><\/li><li class='ez-toc-page-1 ez-toc-heading-level-3'><a class=\"ez-toc-link ez-toc-heading-16\" href=\"https:\/\/loudavymkrokem.cz\/it\/strasburgo-francia-cosa-vedere\/#12_Neustadt_il_quartiere_imperiale_tedesco\" >12. Neustadt (il quartiere imperiale tedesco)<\/a><\/li><li class='ez-toc-page-1 ez-toc-heading-level-3'><a class=\"ez-toc-link ez-toc-heading-17\" href=\"https:\/\/loudavymkrokem.cz\/it\/strasburgo-francia-cosa-vedere\/#13_Place_Kleber\" >13. Place Kl\u00e9ber<\/a><\/li><li class='ez-toc-page-1 ez-toc-heading-level-3'><a class=\"ez-toc-link ez-toc-heading-18\" href=\"https:\/\/loudavymkrokem.cz\/it\/strasburgo-francia-cosa-vedere\/#14_Parc_de_lOrangerie\" >14. Parc de l&#8217;Orangerie<\/a><\/li><li class='ez-toc-page-1 ez-toc-heading-level-3'><a class=\"ez-toc-link ez-toc-heading-19\" href=\"https:\/\/loudavymkrokem.cz\/it\/strasburgo-francia-cosa-vedere\/#15_Parc_de_lEtoile\" >15. Parc de l&#8217;\u00c9toile<\/a><\/li><li class='ez-toc-page-1 ez-toc-heading-level-3'><a class=\"ez-toc-link ez-toc-heading-20\" href=\"https:\/\/loudavymkrokem.cz\/it\/strasburgo-francia-cosa-vedere\/#16_Palais_Rohan\" >16. Palais Rohan<\/a><\/li><li class='ez-toc-page-1 ez-toc-heading-level-3'><a class=\"ez-toc-link ez-toc-heading-21\" href=\"https:\/\/loudavymkrokem.cz\/it\/strasburgo-francia-cosa-vedere\/#17_Strasbourg_Museum_of_Modern_and_Contemporary_Art_MAMCS\" >17. Strasbourg Museum of Modern and Contemporary Art (MAMCS)<\/a><\/li><li class='ez-toc-page-1 ez-toc-heading-level-3'><a class=\"ez-toc-link ez-toc-heading-22\" href=\"https:\/\/loudavymkrokem.cz\/it\/strasburgo-francia-cosa-vedere\/#18_Musee_Alsacien\" >18. Mus\u00e9e Alsacien<\/a><\/li><\/ul><\/li><li class='ez-toc-page-1 ez-toc-heading-level-2'><a class=\"ez-toc-link ez-toc-heading-23\" href=\"https:\/\/loudavymkrokem.cz\/it\/strasburgo-francia-cosa-vedere\/#Dove_andare_partendo_da_Strasburgo\" >Dove andare partendo da Strasburgo<\/a><\/li><li class='ez-toc-page-1 ez-toc-heading-level-2'><a class=\"ez-toc-link ez-toc-heading-24\" href=\"https:\/\/loudavymkrokem.cz\/it\/strasburgo-francia-cosa-vedere\/#Domande_frequenti\" >Domande frequenti<\/a><ul class='ez-toc-list-level-3' ><li class='ez-toc-heading-level-3'><a class=\"ez-toc-link ez-toc-heading-25\" href=\"https:\/\/loudavymkrokem.cz\/it\/strasburgo-francia-cosa-vedere\/#Quando_si_tengono_i_mercatini_di_Natale_nel_2026\" >Quando si tengono i mercatini di Natale nel 2026?<\/a><\/li><li class='ez-toc-page-1 ez-toc-heading-level-3'><a class=\"ez-toc-link ez-toc-heading-26\" href=\"https:\/\/loudavymkrokem.cz\/it\/strasburgo-francia-cosa-vedere\/#Come_funziona_il_sistema_di_parcheggio_Park_and_Ride\" >Come funziona il sistema di parcheggio Park and Ride?<\/a><\/li><li class='ez-toc-page-1 ez-toc-heading-level-3'><a class=\"ez-toc-link ez-toc-heading-27\" href=\"https:\/\/loudavymkrokem.cz\/it\/strasburgo-francia-cosa-vedere\/#Quanti_giorni_dedicare_alla_visita_della_citta\" >Quanti giorni dedicare alla visita della citt\u00e0?<\/a><\/li><li class='ez-toc-page-1 ez-toc-heading-level-3'><a class=\"ez-toc-link ez-toc-heading-28\" href=\"https:\/\/loudavymkrokem.cz\/it\/strasburgo-francia-cosa-vedere\/#Le_visite_al_Parlamento_Europeo_sono_a_pagamento\" >Le visite al Parlamento Europeo sono a pagamento?<\/a><\/li><li class='ez-toc-page-1 ez-toc-heading-level-3'><a class=\"ez-toc-link ez-toc-heading-29\" href=\"https:\/\/loudavymkrokem.cz\/it\/strasburgo-francia-cosa-vedere\/#Qual_e_il_modo_migliore_per_muoversi_nel_centro\" >Qual \u00e8 il modo migliore per muoversi nel centro?<\/a><\/li><li class='ez-toc-page-1 ez-toc-heading-level-3'><a class=\"ez-toc-link ez-toc-heading-30\" href=\"https:\/\/loudavymkrokem.cz\/it\/strasburgo-francia-cosa-vedere\/#Strasburgo_e_una_citta_cara\" >Strasburgo \u00e8 una citt\u00e0 cara?<\/a><\/li><li class='ez-toc-page-1 ez-toc-heading-level-3'><a class=\"ez-toc-link ez-toc-heading-31\" href=\"https:\/\/loudavymkrokem.cz\/it\/strasburgo-francia-cosa-vedere\/#La_citta_e_adatta_ai_vegetariani\" >La citt\u00e0 \u00e8 adatta ai vegetariani?<\/a><\/li><li class='ez-toc-page-1 ez-toc-heading-level-3'><a class=\"ez-toc-link ez-toc-heading-32\" href=\"https:\/\/loudavymkrokem.cz\/it\/strasburgo-francia-cosa-vedere\/#Quali_sono_i_posti_migliori_per_le_foto\" >Quali sono i posti migliori per le foto?<\/a><\/li><\/ul><\/li><\/ul><\/nav><\/div>\n<h3 class=\"wp-block-heading\"><span class=\"ez-toc-section\" id=\"Riassunto_per_chi_non_ha_tempo_di_leggere_tutto_larticolo\"><\/span>Riassunto per chi non ha tempo di leggere tutto l&#8217;articolo<span class=\"ez-toc-section-end\"><\/span><\/h3>\n\n\n\n<ul class=\"wp-block-list\">\n\n<li><strong>Monumento pi\u00f9 visitato:<\/strong> la <a href=\"https:\/\/www.cathedrale-strasbourg.fr\/\" target=\"_blank\" rel=\"nofollow noopener\">Cath\u00e9drale Notre-Dame-de-Strasbourg<\/a> con il suo unico orologio astronomico del Cinquecento.<\/li>\n\n\n\n<li><strong>Luoghi pi\u00f9 fotografati:<\/strong> il pittoresco quartiere della Petite France con le case a graticcio e i canali.<\/li>\n\n\n\n<li><strong>Miglior punto panoramico gratuito:<\/strong> la terrazza sulla storica diga Barrage Vauban, da cui scatterai le foto pi\u00f9 belle.<\/li>\n\n\n\n<li><strong>Esperienza unica:<\/strong> la visita gratuita del Parlamento europeo e del centro interattivo Parlamentarium Simone Veil.<\/li>\n\n\n\n<li><strong>Spostamenti in citt\u00e0:<\/strong> il centro \u00e8 piuttosto ostile alle auto, perci\u00f2 conviene sfruttare il sistema di parcheggi di scambio Park and Ride in combinazione con il tram.<\/li>\n\n\n\n<li><strong>Quando andare:<\/strong> per il miglior rapporto tra prezzo e meteo consiglio maggio, giugno o settembre, mentre per i prezzi pi\u00f9 bassi degli hotel il mese ideale \u00e8 gennaio.<\/li>\n\n\n\n<li><strong>Patrimonio mondiale:<\/strong> l&#8217;intero quartiere storico della Grande \u00cele e la pi\u00f9 recente Neustadt tedesca sono iscritti alla lista UNESCO.<\/li>\n\n\n<\/ul>\n\n\n\n<h2 class=\"wp-block-heading\"><span class=\"ez-toc-section\" id=\"Quando_partire_per_Strasburgo\"><\/span>Quando partire per Strasburgo<span class=\"ez-toc-section-end\"><\/span><\/h2>\n\n\n\n<p class=\"wp-block-paragraph\">Scegliere il periodo giusto \u00e8 assolutamente cruciale per questa citt\u00e0, perch\u00e9 <strong>la stagionalit\u00e0 qui fa oscillare in modo estremo i prezzi degli alloggi<\/strong>. Se parti a dicembre durante i celebri mercatini, preparati al fatto che gli hotel in centro possono costare fino al triplo del loro normale prezzo estivo. Al contrario, a gennaio o febbraio vivrai la citt\u00e0 completamente priva di folle e <strong>con un po&#8217; di fortuna potrai accaparrarti una camera di lusso a una frazione della cifra invernale<\/strong>. I mesi primaverili e autunnali rappresentano invece il compromesso ideale per chi vuole risparmiare ma allo stesso tempo godersi il bel tempo.<\/p>\n\n\n\n<p class=\"wp-block-paragraph\">Il clima pi\u00f9 piacevole per lunghe passeggiate lungo i canali ti aspetta <strong>a maggio, giugno e settembre<\/strong>, quando le temperature si mantengono su valori molto gradevoli e le giornate sono sufficientemente lunghe. In estate il centro storico di pietra pu\u00f2 diventare piuttosto caldo, ma grazie all&#8217;acqua onnipresente e ai vasti parchi la cosa \u00e8 del tutto gestibile. Se non ti dispiace un tempo un po&#8217; pi\u00f9 umido e grigio, <strong>l&#8217;inizio della primavera rivela la citt\u00e0 in un&#8217;atmosfera meravigliosamente malinconica<\/strong>, quando i caff\u00e8 locali si risvegliano lentamente e le strade appartengono solo agli abitanti del posto.<\/p>\n\n\n\n<p class=\"wp-block-paragraph\">Nel 2026 i famosi mercatini di Natale si svolgono da venerd\u00ec 27 novembre a domenica 27 dicembre. Si estendono in ben undici luoghi diversi in tutto il quartiere storico della Grande \u00cele, e i pi\u00f9 noti li trovi in Place Broglie, Place de la Cath\u00e9drale o nei vicoli della Petite France. Se ti interessa soprattutto questo periodo magico e non ti spaventa un budget nettamente pi\u00f9 alto, <strong>leggi assolutamente il nostro articolo dedicato <a href=\"https:\/\/loudavymkrokem.cz\/it\/mercatini-natale-strasburgo-francia\/\">Mercatini di Natale a Strasburgo<\/a><\/strong>, dove trovi una mappa dettagliata delle location, le usanze locali e consigli concreti sulle golosit\u00e0 tradizionali.<\/p>\n\n\n\n<h2 class=\"wp-block-heading\"><span class=\"ez-toc-section\" id=\"Dove_alloggiare_a_Strasburgo\"><\/span>Dove alloggiare a Strasburgo<span class=\"ez-toc-section-end\"><\/span><\/h2>\n\n\n\n<p class=\"wp-block-paragraph\">Scegliere la zona giusta dove dormire ti far\u00e0 risparmiare un sacco di tempo e di soldi in trasporti. La pi\u00f9 affascinante, ma logicamente anche la pi\u00f9 cara, \u00e8 la <strong>zona storica della Grande \u00cele e la sua parte chiamata Petite France<\/strong>, dove avrai tutti i principali monumenti a pochi passi dal letto. Se cerchi qualcosa di decisamente pi\u00f9 tranquillo e conveniente, <strong>ti consiglio di dare un&#8217;occhiata al quartiere Neustadt<\/strong>, che offre una splendida architettura e da cui raggiungi il pieno centro con una piacevole passeggiata di neanche dieci minuti.<\/p>\n\n\n\n<p class=\"wp-block-paragraph\">Non lasciare la prenotazione della camera all&#8217;ultimo momento e <strong>consiglio sempre di affidarti a portali affidabili come Booking<\/strong>, dove trovi la migliore panoramica dei prezzi attuali. Soprattutto nel periodo dell&#8217;Avvento gran parte delle disponibilit\u00e0 \u00e8 esaurita gi\u00e0 con sei mesi di anticipo. In base alle recensioni di altri viaggiatori e a un&#8217;attenta ricerca su Booking, ho selezionato per te alcuni hotel con un ottimo rapporto qualit\u00e0-prezzo:<\/p>\n\n\n\n<p class=\"wp-block-paragraph\">L&#8217;<strong>H\u00f4tel Cour du Corbeau Strasbourg &#8211; MGallery<\/strong> \u00e8 un vero gioiello architettonico e uno dei posti pi\u00f9 belli dove dormire in tutta la citt\u00e0. Si trova in una casa storica splendidamente restaurata, con ballatoi in legno del Cinquecento, e <strong>offre un&#8217;atmosfera romantica indimenticabile<\/strong> proprio sul canale. Gli ospiti riferiscono entusiasti che le colazioni sono peccaminosamente abbondanti e la tranquillit\u00e0 sorprendente, nonostante la cattedrale sia a cinque minuti a piedi.<\/p>\n\n\n\n<p class=\"wp-block-paragraph\">Se preferisci un design pi\u00f9 moderno e linee pulite, l&#8217;<strong>H\u00f4tel L\u00c9ONOR the place to live<\/strong> ha il suo fascino. Offre interni moderni in un edificio storico a due passi da Place Broglie, e soprattutto uno splendido cortile interno dove concederti un bicchiere di vino alsaziano dopo un&#8217;intera giornata a camminare.<\/p>\n\n\n\n<p class=\"wp-block-paragraph\">Per i viaggiatori con un budget un po&#8217; pi\u00f9 contenuto, un&#8217;ottima scelta \u00e8 l&#8217;<strong>H\u00f4tel Gutenberg<\/strong>, che sorge in una posizione strategica a pochi passi dalla principale zona pedonale. Le camere sono un po&#8217; pi\u00f9 piccole, ma <strong>si distinguono per la perfetta pulizia e per letti molto comodi<\/strong>. Un grande punto a favore, secondo gli ospiti, \u00e8 anche il personale estremamente disponibile, che ti aiuter\u00e0 volentieri a orientarti in citt\u00e0 e ti consiglier\u00e0 le migliori panetterie locali della zona. Se vuoi esplorare pi\u00f9 opzioni in diverse fasce di prezzo, dai un&#8217;occhiata al nostro articolo dettagliato <a href=\"https:\/\/loudavymkrokem.cz\/it\/dove-dormire-strasburgo-francia\/\">Dove dormire a Strasburgo<\/a>.<\/p>\n\n\n\n\n\n<p class=\"wp-block-paragraph\"><em>\ud83d\udca1 <a href=\"https:\/\/www.stay22.com\/allez\/roam?aid=lukaskonecny&#038;campaign=loudavymkrokemcz&#038;campaign=co-videt-ve-strasburku&#038;address=%C5%A0trasburk%2C%20Francie\" target=\"_blank\" rel=\"nofollow noopener sponsored\">Su questa mappa puoi confrontare cosa \u00e8 disponibile in questo momento<\/a> \u2014 vedrai subito quanto costa di meno un alloggio a poche fermate dal centro.<\/em><\/p>\n\n<h2 class=\"wp-block-heading\"><span class=\"ez-toc-section\" id=\"18_cose_da_vedere_e_da_fare_a_Strasburgo\"><\/span>18 cose da vedere e da fare a Strasburgo<span class=\"ez-toc-section-end\"><\/span><\/h2>\n\n\n\n<p class=\"wp-block-paragraph\">Che tu abbia a disposizione solo un weekend o un&#8217;intera settimana per visitare la citt\u00e0, di certo non ti annoierai. Ho preparato per te un <strong>elenco di diciotto luoghi ed esperienze<\/strong> che, nel pianificare il tuo itinerario, non dovresti assolutamente perderti. Ci ho incluso sia i monumenti iconici pi\u00f9 famosi, sia qualche angolo pi\u00f9 tranquillo.<\/p>\n\n\n\n<figure data-wp-context=\"{&quot;imageId&quot;:&quot;6a9c26947b841&quot;}\" data-wp-interactive=\"core\/image\" data-wp-key=\"6a9c26947b841\" class=\"wp-block-image size-full wp-lightbox-container\"><img decoding=\"async\" width=\"1600\" height=\"2133\" data-wp-class--hide=\"state.isContentHidden\" data-wp-class--show=\"state.isContentVisible\" data-wp-init=\"callbacks.setButtonStyles\" data-wp-on--click=\"actions.showLightbox\" data-wp-on--load=\"callbacks.setButtonStyles\" data-wp-on--pointerdown=\"actions.preloadImage\" data-wp-on--pointerenter=\"actions.preloadImageWithDelay\" data-wp-on--pointerleave=\"actions.cancelPreload\" data-wp-on-window--resize=\"callbacks.setButtonStyles\" src=\"https:\/\/loudavymkrokem.cz\/wp-content\/uploads\/2026\/09\/cath-drale-notre-dame-de-strasbourg.jpg\" alt=\"Cath\u00e9drale Notre-Dame-de-Strasbourg\" class=\"wp-image-413168\" title=\"\" srcset=\"https:\/\/loudavymkrokem.cz\/wp-content\/uploads\/2026\/09\/cath-drale-notre-dame-de-strasbourg.jpg 1600w, https:\/\/loudavymkrokem.cz\/wp-content\/uploads\/2026\/09\/cath-drale-notre-dame-de-strasbourg-225x300.jpg 225w, https:\/\/loudavymkrokem.cz\/wp-content\/uploads\/2026\/09\/cath-drale-notre-dame-de-strasbourg-700x933.jpg 700w, https:\/\/loudavymkrokem.cz\/wp-content\/uploads\/2026\/09\/cath-drale-notre-dame-de-strasbourg-768x1024.jpg 768w, https:\/\/loudavymkrokem.cz\/wp-content\/uploads\/2026\/09\/cath-drale-notre-dame-de-strasbourg-1152x1536.jpg 1152w, https:\/\/loudavymkrokem.cz\/wp-content\/uploads\/2026\/09\/cath-drale-notre-dame-de-strasbourg-1536x2048.jpg 1536w, https:\/\/loudavymkrokem.cz\/wp-content\/uploads\/2026\/09\/cath-drale-notre-dame-de-strasbourg-696x928.jpg 696w, https:\/\/loudavymkrokem.cz\/wp-content\/uploads\/2026\/09\/cath-drale-notre-dame-de-strasbourg-1392x1856.jpg 1392w\" sizes=\"(max-width: 1600px) 100vw, 1600px\" \/><button\n\t\t\tclass=\"lightbox-trigger\"\n\t\t\ttype=\"button\"\n\t\t\taria-haspopup=\"dialog\"\n\t\t\tdata-wp-bind--aria-label=\"state.thisImage.triggerButtonAriaLabel\"\n\t\t\tdata-wp-init=\"callbacks.initTriggerButton\"\n\t\t\tdata-wp-on--click=\"actions.showLightbox\"\n\t\t\tdata-wp-style--right=\"state.thisImage.buttonRight\"\n\t\t\tdata-wp-style--top=\"state.thisImage.buttonTop\"\n\t\t>\n\t\t\t<svg xmlns=\"http:\/\/www.w3.org\/2000\/svg\" width=\"12\" height=\"12\" fill=\"none\" viewBox=\"0 0 12 12\">\n\t\t\t\t<path fill=\"#fff\" d=\"M2 0a2 2 0 0 0-2 2v2h1.5V2a.5.5 0 0 1 .5-.5h2V0H2Zm2 10.5H2a.5.5 0 0 1-.5-.5V8H0v2a2 2 0 0 0 2 2h2v-1.5ZM8 12v-1.5h2a.5.5 0 0 0 .5-.5V8H12v2a2 2 0 0 1-2 2H8Zm2-12a2 2 0 0 1 2 2v2h-1.5V2a.5.5 0 0 0-.5-.5H8V0h2Z\" \/>\n\t\t\t<\/svg>\n\t\t<\/button><figcaption class=\"wp-element-caption\">Foto: Dorien Van Der Werf \/ Google Maps<\/figcaption><\/figure>\n\n\n\n<h3 class=\"wp-block-heading\"><span class=\"ez-toc-section\" id=\"1_Cathedrale_Notre-Dame-de-Strasbourg\"><\/span>1. Cath\u00e9drale Notre-Dame-de-Strasbourg<span class=\"ez-toc-section-end\"><\/span><\/h3>\n\n\n\n<p class=\"wp-block-paragraph\">Questa monumentale cattedrale gotica del Duecento \u00e8 a ragione <strong>il luogo pi\u00f9 visitato di tutta la citt\u00e0<\/strong>. Quando ti troverai davanti a lei per la prima volta, nella piazza non molto grande, la sua enorme facciata in arenaria rosa dei Vosgi ti toglier\u00e0 sicuramente il fiato. Ci\u00f2 che affascina di pi\u00f9 di questa costruzione \u00e8 la sua asimmetria: la seconda torre non \u00e8 mai stata completata e cos\u00ec la cattedrale ha acquisito il suo aspetto assolutamente inconfondibile. La sua costruzione dur\u00f2 diversi secoli e in ogni centimetro di pietra si vede l&#8217;incredibile precisione dei maestri di allora.<\/p>\n\n\n\n<p class=\"wp-block-paragraph\">All&#8217;interno ti aspetta un immenso spazio illuminato da splendide vetrate, tra cui <strong>l&#8217;enorme rosone sopra l&#8217;ingresso principale \u00e8 tra i pi\u00f9 belli di tutta Europa<\/strong>. L&#8217;ingresso alla navata principale \u00e8 gratuito, ma preparati al fatto che all&#8217;entrata c&#8217;\u00e8 spesso fila per via dei controlli di sicurezza. Per fortuna la coda avanza piuttosto in fretta, quindi non deve affatto scoraggiarti. L&#8217;interno appare incredibilmente maestoso e vale assolutamente la pena percorrerlo con calma, senza fretta.<\/p>\n\n\n\n<p class=\"wp-block-paragraph\">\ud83d\udca1 Consiglio: il momento migliore per fotografare l&#8217;esterno \u00e8 <strong>il tardo pomeriggio o l&#8217;imbrunire<\/strong>, quando il sole al tramonto illumina meravigliosamente l&#8217;arenaria rosa e tutta la costruzione assume una splendida tonalit\u00e0 calda. La piazza attorno alla cattedrale \u00e8 inoltre circondata da case storiche che completano una cornice perfettamente fotogenica. Puoi sederti in uno dei caff\u00e8 vicini e osservare il mutare dei colori della pietra.<\/p>\n\n\n\n<figure data-wp-context=\"{&quot;imageId&quot;:&quot;6a9c26947bf0c&quot;}\" data-wp-interactive=\"core\/image\" data-wp-key=\"6a9c26947bf0c\" class=\"wp-block-image size-full wp-lightbox-container\"><img decoding=\"async\" width=\"1171\" height=\"1560\" data-wp-class--hide=\"state.isContentHidden\" data-wp-class--show=\"state.isContentVisible\" data-wp-init=\"callbacks.setButtonStyles\" data-wp-on--click=\"actions.showLightbox\" data-wp-on--load=\"callbacks.setButtonStyles\" data-wp-on--pointerdown=\"actions.preloadImage\" data-wp-on--pointerenter=\"actions.preloadImageWithDelay\" data-wp-on--pointerleave=\"actions.cancelPreload\" data-wp-on-window--resize=\"callbacks.setButtonStyles\" src=\"https:\/\/loudavymkrokem.cz\/wp-content\/uploads\/2026\/09\/astronomick-hodiny-ze-estn-ct-ho-stolet.jpg\" alt=\"Orologio astronomico del Cinquecento\" class=\"wp-image-413172\" title=\"\" srcset=\"https:\/\/loudavymkrokem.cz\/wp-content\/uploads\/2026\/09\/astronomick-hodiny-ze-estn-ct-ho-stolet.jpg 1171w, https:\/\/loudavymkrokem.cz\/wp-content\/uploads\/2026\/09\/astronomick-hodiny-ze-estn-ct-ho-stolet-225x300.jpg 225w, https:\/\/loudavymkrokem.cz\/wp-content\/uploads\/2026\/09\/astronomick-hodiny-ze-estn-ct-ho-stolet-700x933.jpg 700w, https:\/\/loudavymkrokem.cz\/wp-content\/uploads\/2026\/09\/astronomick-hodiny-ze-estn-ct-ho-stolet-768x1023.jpg 768w, https:\/\/loudavymkrokem.cz\/wp-content\/uploads\/2026\/09\/astronomick-hodiny-ze-estn-ct-ho-stolet-1153x1536.jpg 1153w, https:\/\/loudavymkrokem.cz\/wp-content\/uploads\/2026\/09\/astronomick-hodiny-ze-estn-ct-ho-stolet-696x927.jpg 696w\" sizes=\"(max-width: 1171px) 100vw, 1171px\" \/><button\n\t\t\tclass=\"lightbox-trigger\"\n\t\t\ttype=\"button\"\n\t\t\taria-haspopup=\"dialog\"\n\t\t\tdata-wp-bind--aria-label=\"state.thisImage.triggerButtonAriaLabel\"\n\t\t\tdata-wp-init=\"callbacks.initTriggerButton\"\n\t\t\tdata-wp-on--click=\"actions.showLightbox\"\n\t\t\tdata-wp-style--right=\"state.thisImage.buttonRight\"\n\t\t\tdata-wp-style--top=\"state.thisImage.buttonTop\"\n\t\t>\n\t\t\t<svg xmlns=\"http:\/\/www.w3.org\/2000\/svg\" width=\"12\" height=\"12\" fill=\"none\" viewBox=\"0 0 12 12\">\n\t\t\t\t<path fill=\"#fff\" d=\"M2 0a2 2 0 0 0-2 2v2h1.5V2a.5.5 0 0 1 .5-.5h2V0H2Zm2 10.5H2a.5.5 0 0 1-.5-.5V8H0v2a2 2 0 0 0 2 2h2v-1.5ZM8 12v-1.5h2a.5.5 0 0 0 .5-.5V8H12v2a2 2 0 0 1-2 2H8Zm2-12a2 2 0 0 1 2 2v2h-1.5V2a.5.5 0 0 0-.5-.5H8V0h2Z\" \/>\n\t\t\t<\/svg>\n\t\t<\/button><figcaption class=\"wp-element-caption\">Foto: H \/ Google Maps<\/figcaption><\/figure>\n\n\n\n<h3 class=\"wp-block-heading\"><span class=\"ez-toc-section\" id=\"2_Lorologio_astronomico_del_Cinquecento\"><\/span>2. L&#8217;orologio astronomico del Cinquecento<span class=\"ez-toc-section-end\"><\/span><\/h3>\n\n\n\n<p class=\"wp-block-paragraph\">Proprio all&#8217;interno della cattedrale si nasconde un prodigio tecnico e artistico: <strong>l&#8217;orologio astronomico rinascimentale<\/strong>. Questo complesso meccanismo risale al Cinquecento e mostra non solo l&#8217;ora esatta, ma anche la posizione del sole e della luna o il segno zodiacale attuale. I dettagli e la precisione del lavoro di intaglio sulla cassa dell&#8217;orologio sono incredibili se osservati da vicino e testimoniano l&#8217;enorme maestria dei matematici e degli artigiani dell&#8217;epoca.<\/p>\n\n\n\n<p class=\"wp-block-paragraph\">Lo spettacolo principale va in scena ogni giorno alle 12:30 in punto, quando <strong>si avvia una complessa parata di figure in movimento<\/strong>. Vedrai gli apostoli sfilare davanti a Cristo e le diverse fasi della vita umana, dall&#8217;infanzia alla morte, che scandiscono simbolicamente il tempo che scorre. Per questo popolare spettacolo di mezzogiorno si paga un piccolo biglietto e i tagliandi si vendono al portale sud; conviene arrivare con largo anticipo per avere una qualche visuale.<\/p>\n\n\n\n<p class=\"wp-block-paragraph\">Anche se non riesci a vedere lo spettacolo di mezzogiorno, l&#8217;orologio vale la visita in qualsiasi momento. Piccoli movimenti delle figure avvengono ogni quarto d&#8217;ora e l&#8217;intero meccanismo \u00e8 inoltre splendidamente illuminato, cos\u00ec non perderai comunque l&#8217;esperienza.<\/p>\n\n\n\n<figure data-wp-context=\"{&quot;imageId&quot;:&quot;6a9c26947c59a&quot;}\" data-wp-interactive=\"core\/image\" data-wp-key=\"6a9c26947c59a\" class=\"wp-block-image size-full wp-lightbox-container\"><img decoding=\"async\" width=\"1080\" height=\"1397\" data-wp-class--hide=\"state.isContentHidden\" data-wp-class--show=\"state.isContentVisible\" data-wp-init=\"callbacks.setButtonStyles\" data-wp-on--click=\"actions.showLightbox\" data-wp-on--load=\"callbacks.setButtonStyles\" data-wp-on--pointerdown=\"actions.preloadImage\" data-wp-on--pointerenter=\"actions.preloadImageWithDelay\" data-wp-on--pointerleave=\"actions.cancelPreload\" data-wp-on-window--resize=\"callbacks.setButtonStyles\" src=\"https:\/\/loudavymkrokem.cz\/wp-content\/uploads\/2026\/09\/swap-412754-3-f43292b7.jpg\" alt=\"Vista dalla piattaforma panoramica della cattedrale di Strasburgo\" class=\"wp-image-413447\" title=\"\" srcset=\"https:\/\/loudavymkrokem.cz\/wp-content\/uploads\/2026\/09\/swap-412754-3-f43292b7.jpg 1080w, https:\/\/loudavymkrokem.cz\/wp-content\/uploads\/2026\/09\/swap-412754-3-f43292b7-232x300.jpg 232w, https:\/\/loudavymkrokem.cz\/wp-content\/uploads\/2026\/09\/swap-412754-3-f43292b7-700x905.jpg 700w, https:\/\/loudavymkrokem.cz\/wp-content\/uploads\/2026\/09\/swap-412754-3-f43292b7-768x993.jpg 768w, https:\/\/loudavymkrokem.cz\/wp-content\/uploads\/2026\/09\/swap-412754-3-f43292b7-696x900.jpg 696w\" sizes=\"(max-width: 1080px) 100vw, 1080px\" \/><button\n\t\t\tclass=\"lightbox-trigger\"\n\t\t\ttype=\"button\"\n\t\t\taria-haspopup=\"dialog\"\n\t\t\tdata-wp-bind--aria-label=\"state.thisImage.triggerButtonAriaLabel\"\n\t\t\tdata-wp-init=\"callbacks.initTriggerButton\"\n\t\t\tdata-wp-on--click=\"actions.showLightbox\"\n\t\t\tdata-wp-style--right=\"state.thisImage.buttonRight\"\n\t\t\tdata-wp-style--top=\"state.thisImage.buttonTop\"\n\t\t>\n\t\t\t<svg xmlns=\"http:\/\/www.w3.org\/2000\/svg\" width=\"12\" height=\"12\" fill=\"none\" viewBox=\"0 0 12 12\">\n\t\t\t\t<path fill=\"#fff\" d=\"M2 0a2 2 0 0 0-2 2v2h1.5V2a.5.5 0 0 1 .5-.5h2V0H2Zm2 10.5H2a.5.5 0 0 1-.5-.5V8H0v2a2 2 0 0 0 2 2h2v-1.5ZM8 12v-1.5h2a.5.5 0 0 0 .5-.5V8H12v2a2 2 0 0 1-2 2H8Zm2-12a2 2 0 0 1 2 2v2h-1.5V2a.5.5 0 0 0-.5-.5H8V0h2Z\" \/>\n\t\t\t<\/svg>\n\t\t<\/button><figcaption class=\"wp-element-caption\">Foto: Lydia Bogdanovic \/ Google Maps<\/figcaption><\/figure>\n\n\n\n<h3 class=\"wp-block-heading\"><span class=\"ez-toc-section\" id=\"3_La_salita_alla_piattaforma_panoramica_della_cattedrale\"><\/span>3. La salita alla piattaforma panoramica della cattedrale<span class=\"ez-toc-section-end\"><\/span><\/h3>\n\n\n\n<p class=\"wp-block-paragraph\">Se non soffri di vertigini e hai almeno una discreta forma fisica, <strong>non puoi assolutamente perderti la salita alla piattaforma panoramica<\/strong>. Si trova a un&#8217;altezza ragguardevole di sessantasei metri e per arrivare in cima si salgono trecentotrentadue gradini a chiocciola piuttosto stretti. I biglietti si acquistano in una casetta a destra dell&#8217;ingresso principale; fanno salire solo un numero limitato di persone alla volta, perci\u00f2 non temere una breve attesa.<\/p>\n\n\n\n<p class=\"wp-block-paragraph\">La ricompensa per la maglietta sudata sar\u00e0 una <strong>vista panoramica assolutamente fantastica su tutta la citt\u00e0<\/strong>. Vedrai i tetti delle case storiche, l&#8217;intricata rete di canali e, con il cielo limpido, arriverai a scorgere i Vosgi sul versante francese e la scura Foresta Nera su quello tedesco. \u00c8 il modo migliore per capire la disposizione complessiva della citt\u00e0 e individuare dove si trovano i quartieri pi\u00f9 interessanti.<\/p>\n\n\n\n<p class=\"wp-block-paragraph\">\ud83d\udca1 Consiglio: la salita non la consiglio davvero a chi soffre di claustrofobia, perch\u00e9 <strong>la scala in certi punti \u00e8 molto stretta e non \u00e8 facile scansare gli altri visitatori<\/strong>. In cima alla piattaforma c&#8217;\u00e8 per\u00f2, per fortuna, spazio a sufficienza per riposare e per scattare le foto pi\u00f9 belle a volo d&#8217;uccello.<\/p>\n\n\n\n<figure data-wp-context=\"{&quot;imageId&quot;:&quot;6a9c26947cb0b&quot;}\" data-wp-interactive=\"core\/image\" data-wp-key=\"6a9c26947cb0b\" class=\"wp-block-image size-full wp-lightbox-container\"><img decoding=\"async\" width=\"1600\" height=\"2133\" data-wp-class--hide=\"state.isContentHidden\" data-wp-class--show=\"state.isContentVisible\" data-wp-init=\"callbacks.setButtonStyles\" data-wp-on--click=\"actions.showLightbox\" data-wp-on--load=\"callbacks.setButtonStyles\" data-wp-on--pointerdown=\"actions.preloadImage\" data-wp-on--pointerenter=\"actions.preloadImageWithDelay\" data-wp-on--pointerleave=\"actions.cancelPreload\" data-wp-on-window--resize=\"callbacks.setButtonStyles\" src=\"https:\/\/loudavymkrokem.cz\/wp-content\/uploads\/2026\/09\/petite-france.jpg\" alt=\"Petite France a Strasburgo\" class=\"wp-image-413182\" title=\"\" srcset=\"https:\/\/loudavymkrokem.cz\/wp-content\/uploads\/2026\/09\/petite-france.jpg 1600w, https:\/\/loudavymkrokem.cz\/wp-content\/uploads\/2026\/09\/petite-france-225x300.jpg 225w, https:\/\/loudavymkrokem.cz\/wp-content\/uploads\/2026\/09\/petite-france-700x933.jpg 700w, https:\/\/loudavymkrokem.cz\/wp-content\/uploads\/2026\/09\/petite-france-768x1024.jpg 768w, https:\/\/loudavymkrokem.cz\/wp-content\/uploads\/2026\/09\/petite-france-1152x1536.jpg 1152w, https:\/\/loudavymkrokem.cz\/wp-content\/uploads\/2026\/09\/petite-france-1536x2048.jpg 1536w, https:\/\/loudavymkrokem.cz\/wp-content\/uploads\/2026\/09\/petite-france-696x928.jpg 696w, https:\/\/loudavymkrokem.cz\/wp-content\/uploads\/2026\/09\/petite-france-1392x1856.jpg 1392w\" sizes=\"(max-width: 1600px) 100vw, 1600px\" \/><button\n\t\t\tclass=\"lightbox-trigger\"\n\t\t\ttype=\"button\"\n\t\t\taria-haspopup=\"dialog\"\n\t\t\tdata-wp-bind--aria-label=\"state.thisImage.triggerButtonAriaLabel\"\n\t\t\tdata-wp-init=\"callbacks.initTriggerButton\"\n\t\t\tdata-wp-on--click=\"actions.showLightbox\"\n\t\t\tdata-wp-style--right=\"state.thisImage.buttonRight\"\n\t\t\tdata-wp-style--top=\"state.thisImage.buttonTop\"\n\t\t>\n\t\t\t<svg xmlns=\"http:\/\/www.w3.org\/2000\/svg\" width=\"12\" height=\"12\" fill=\"none\" viewBox=\"0 0 12 12\">\n\t\t\t\t<path fill=\"#fff\" d=\"M2 0a2 2 0 0 0-2 2v2h1.5V2a.5.5 0 0 1 .5-.5h2V0H2Zm2 10.5H2a.5.5 0 0 1-.5-.5V8H0v2a2 2 0 0 0 2 2h2v-1.5ZM8 12v-1.5h2a.5.5 0 0 0 .5-.5V8H12v2a2 2 0 0 1-2 2H8Zm2-12a2 2 0 0 1 2 2v2h-1.5V2a.5.5 0 0 0-.5-.5H8V0h2Z\" \/>\n\t\t\t<\/svg>\n\t\t<\/button><figcaption class=\"wp-element-caption\">Foto: Zulfikar CEKIC \/ Google Maps<\/figcaption><\/figure>\n\n\n\n<h3 class=\"wp-block-heading\"><span class=\"ez-toc-section\" id=\"4_Petite_France\"><\/span>4. Petite France<span class=\"ez-toc-section-end\"><\/span><\/h3>\n\n\n\n<p class=\"wp-block-paragraph\">Il quartiere pi\u00f9 fotografato e senza dubbio pi\u00f9 romantico di tutta la citt\u00e0 \u00e8 la celebre Petite France. In passato qui vivevano e lavoravano soprattutto conciatori, mugnai e pescatori, che per svolgere il loro faticoso mestiere avevano bisogno di un accesso diretto all&#8217;acqua corrente. Oggi \u00e8 una <strong>splendida rete di stretti canali fiancheggiati da case a graticcio perfettamente conservate<\/strong>, con i tipici tetti spioventi sotto i quali un tempo si essiccavano le pelli degli animali.<\/p>\n\n\n\n<p class=\"wp-block-paragraph\">Il modo migliore per goderti questo quartiere storico \u00e8 <strong>semplicemente perderti senza fretta tra i suoi vicoli<\/strong>. Ti imbatterai in tanti piccoli negozietti, panetterie artigianali e caff\u00e8 accoglienti dove fermarti per un caff\u00e8 e osservare le barche turistiche che passano. Nei mesi estivi, inoltre, tutte le finestre e i ponti sono ricoperti da una cascata di gerani colorati, che crea una cornice assolutamente fiabesca.<\/p>\n\n\n\n<p class=\"wp-block-paragraph\">Anche se si tratta della parte pi\u00f9 turistica della citt\u00e0, conserva ancora un fascino immenso. <strong>Prova a venirci molto presto la mattina, prima che le strade si riempiano di folle<\/strong>, e vivrai la vera e tranquilla atmosfera alsaziana, quando sulla superficie immobile dei canali si specchiano le vecchie facciate storiche.<\/p>\n\n\n\n<figure data-wp-context=\"{&quot;imageId&quot;:&quot;6a9c26947d0c4&quot;}\" data-wp-interactive=\"core\/image\" data-wp-key=\"6a9c26947d0c4\" class=\"wp-block-image size-full wp-lightbox-container\"><img decoding=\"async\" width=\"1600\" height=\"1200\" data-wp-class--hide=\"state.isContentHidden\" data-wp-class--show=\"state.isContentVisible\" data-wp-init=\"callbacks.setButtonStyles\" data-wp-on--click=\"actions.showLightbox\" data-wp-on--load=\"callbacks.setButtonStyles\" data-wp-on--pointerdown=\"actions.preloadImage\" data-wp-on--pointerenter=\"actions.preloadImageWithDelay\" data-wp-on--pointerleave=\"actions.cancelPreload\" data-wp-on-window--resize=\"callbacks.setButtonStyles\" src=\"https:\/\/loudavymkrokem.cz\/wp-content\/uploads\/2026\/09\/ponts-couverts-de-strasbourg.jpg\" alt=\"Ponts Couverts de Strasbourg\" class=\"wp-image-413186\" title=\"\" srcset=\"https:\/\/loudavymkrokem.cz\/wp-content\/uploads\/2026\/09\/ponts-couverts-de-strasbourg.jpg 1600w, https:\/\/loudavymkrokem.cz\/wp-content\/uploads\/2026\/09\/ponts-couverts-de-strasbourg-300x225.jpg 300w, https:\/\/loudavymkrokem.cz\/wp-content\/uploads\/2026\/09\/ponts-couverts-de-strasbourg-700x525.jpg 700w, https:\/\/loudavymkrokem.cz\/wp-content\/uploads\/2026\/09\/ponts-couverts-de-strasbourg-768x576.jpg 768w, https:\/\/loudavymkrokem.cz\/wp-content\/uploads\/2026\/09\/ponts-couverts-de-strasbourg-1536x1152.jpg 1536w, https:\/\/loudavymkrokem.cz\/wp-content\/uploads\/2026\/09\/ponts-couverts-de-strasbourg-80x60.jpg 80w, https:\/\/loudavymkrokem.cz\/wp-content\/uploads\/2026\/09\/ponts-couverts-de-strasbourg-160x120.jpg 160w, https:\/\/loudavymkrokem.cz\/wp-content\/uploads\/2026\/09\/ponts-couverts-de-strasbourg-696x522.jpg 696w, https:\/\/loudavymkrokem.cz\/wp-content\/uploads\/2026\/09\/ponts-couverts-de-strasbourg-1392x1044.jpg 1392w\" sizes=\"(max-width: 1600px) 100vw, 1600px\" \/><button\n\t\t\tclass=\"lightbox-trigger\"\n\t\t\ttype=\"button\"\n\t\t\taria-haspopup=\"dialog\"\n\t\t\tdata-wp-bind--aria-label=\"state.thisImage.triggerButtonAriaLabel\"\n\t\t\tdata-wp-init=\"callbacks.initTriggerButton\"\n\t\t\tdata-wp-on--click=\"actions.showLightbox\"\n\t\t\tdata-wp-style--right=\"state.thisImage.buttonRight\"\n\t\t\tdata-wp-style--top=\"state.thisImage.buttonTop\"\n\t\t>\n\t\t\t<svg xmlns=\"http:\/\/www.w3.org\/2000\/svg\" width=\"12\" height=\"12\" fill=\"none\" viewBox=\"0 0 12 12\">\n\t\t\t\t<path fill=\"#fff\" d=\"M2 0a2 2 0 0 0-2 2v2h1.5V2a.5.5 0 0 1 .5-.5h2V0H2Zm2 10.5H2a.5.5 0 0 1-.5-.5V8H0v2a2 2 0 0 0 2 2h2v-1.5ZM8 12v-1.5h2a.5.5 0 0 0 .5-.5V8H12v2a2 2 0 0 1-2 2H8Zm2-12a2 2 0 0 1 2 2v2h-1.5V2a.5.5 0 0 0-.5-.5H8V0h2Z\" \/>\n\t\t\t<\/svg>\n\t\t<\/button><figcaption class=\"wp-element-caption\">Foto: Lukas PL \/ Google Maps<\/figcaption><\/figure>\n\n\n\n<h3 class=\"wp-block-heading\"><span class=\"ez-toc-section\" id=\"5_Ponts_Couverts_de_Strasbourg\"><\/span>5. Ponts Couverts de Strasbourg<span class=\"ez-toc-section-end\"><\/span><\/h3>\n\n\n\n<p class=\"wp-block-paragraph\">Proprio ai margini del pittoresco quartiere della Petite France ti imbatterai negli imponenti resti delle fortificazioni medievali, chiamati Ponts Couverts. In origine si trattava di un ingegnoso sistema di tre ponti e quattro torri difensive del Duecento, che <strong>servivano a proteggere la citt\u00e0 dagli attacchi nemici lungo il fiume<\/strong>. Anche se i ponti hanno perso da tempo i loro tetti di legno originari, il nome di &#8220;ponti coperti&#8221;, con sorpresa di molti turisti, \u00e8 rimasto fino a oggi.<\/p>\n\n\n\n<p class=\"wp-block-paragraph\">La passeggiata su questi ponti di pietra offre splendide viste sull&#8217;acqua e in profondit\u00e0 sulla citt\u00e0 vecchia. <strong>Le quattro massicce torri quadrate appaiono davvero maestose<\/strong> e completano alla perfezione il carattere storico pi\u00f9 austero di questa parte di Strasburgo. L&#8217;intero complesso \u00e8 inoltre illuminato di notte in modo molto elegante e drammatico, cos\u00ec la passeggiata serale ha il suo fascino inconfondibile e leggermente misterioso.<\/p>\n\n\n\n<p class=\"wp-block-paragraph\">Muovendoti in questa zona incontrerai tanti angoli suggestivi e panchine nascoste dove riposare. I dintorni dei ponti sono piacevolmente immersi nel verde e alberati, cos\u00ec nella calda estate almeno non ti scotti il cervello mentre ti riposi.<\/p>\n\n\n\n<figure data-wp-context=\"{&quot;imageId&quot;:&quot;6a9c26947d6c8&quot;}\" data-wp-interactive=\"core\/image\" data-wp-key=\"6a9c26947d6c8\" class=\"wp-block-image size-full wp-lightbox-container\"><img decoding=\"async\" width=\"1600\" height=\"1200\" data-wp-class--hide=\"state.isContentHidden\" data-wp-class--show=\"state.isContentVisible\" data-wp-init=\"callbacks.setButtonStyles\" data-wp-on--click=\"actions.showLightbox\" data-wp-on--load=\"callbacks.setButtonStyles\" data-wp-on--pointerdown=\"actions.preloadImage\" data-wp-on--pointerenter=\"actions.preloadImageWithDelay\" data-wp-on--pointerleave=\"actions.cancelPreload\" data-wp-on-window--resize=\"callbacks.setButtonStyles\" src=\"https:\/\/loudavymkrokem.cz\/wp-content\/uploads\/2026\/09\/barrage-vauban.jpg\" alt=\"Barrage Vauban\" class=\"wp-image-413191\" title=\"\" srcset=\"https:\/\/loudavymkrokem.cz\/wp-content\/uploads\/2026\/09\/barrage-vauban.jpg 1600w, https:\/\/loudavymkrokem.cz\/wp-content\/uploads\/2026\/09\/barrage-vauban-300x225.jpg 300w, https:\/\/loudavymkrokem.cz\/wp-content\/uploads\/2026\/09\/barrage-vauban-700x525.jpg 700w, https:\/\/loudavymkrokem.cz\/wp-content\/uploads\/2026\/09\/barrage-vauban-768x576.jpg 768w, https:\/\/loudavymkrokem.cz\/wp-content\/uploads\/2026\/09\/barrage-vauban-1536x1152.jpg 1536w, https:\/\/loudavymkrokem.cz\/wp-content\/uploads\/2026\/09\/barrage-vauban-80x60.jpg 80w, https:\/\/loudavymkrokem.cz\/wp-content\/uploads\/2026\/09\/barrage-vauban-160x120.jpg 160w, https:\/\/loudavymkrokem.cz\/wp-content\/uploads\/2026\/09\/barrage-vauban-696x522.jpg 696w, https:\/\/loudavymkrokem.cz\/wp-content\/uploads\/2026\/09\/barrage-vauban-1392x1044.jpg 1392w\" sizes=\"(max-width: 1600px) 100vw, 1600px\" \/><button\n\t\t\tclass=\"lightbox-trigger\"\n\t\t\ttype=\"button\"\n\t\t\taria-haspopup=\"dialog\"\n\t\t\tdata-wp-bind--aria-label=\"state.thisImage.triggerButtonAriaLabel\"\n\t\t\tdata-wp-init=\"callbacks.initTriggerButton\"\n\t\t\tdata-wp-on--click=\"actions.showLightbox\"\n\t\t\tdata-wp-style--right=\"state.thisImage.buttonRight\"\n\t\t\tdata-wp-style--top=\"state.thisImage.buttonTop\"\n\t\t>\n\t\t\t<svg xmlns=\"http:\/\/www.w3.org\/2000\/svg\" width=\"12\" height=\"12\" fill=\"none\" viewBox=\"0 0 12 12\">\n\t\t\t\t<path fill=\"#fff\" d=\"M2 0a2 2 0 0 0-2 2v2h1.5V2a.5.5 0 0 1 .5-.5h2V0H2Zm2 10.5H2a.5.5 0 0 1-.5-.5V8H0v2a2 2 0 0 0 2 2h2v-1.5ZM8 12v-1.5h2a.5.5 0 0 0 .5-.5V8H12v2a2 2 0 0 1-2 2H8Zm2-12a2 2 0 0 1 2 2v2h-1.5V2a.5.5 0 0 0-.5-.5H8V0h2Z\" \/>\n\t\t\t<\/svg>\n\t\t<\/button><figcaption class=\"wp-element-caption\">Foto: cyril L. \/ Google Maps<\/figcaption><\/figure>\n\n\n\n<h3 class=\"wp-block-heading\"><span class=\"ez-toc-section\" id=\"6_Barrage_Vauban\"><\/span>6. Barrage Vauban<span class=\"ez-toc-section-end\"><\/span><\/h3>\n\n\n\n<p class=\"wp-block-paragraph\">Se cerchi il posto in assoluto migliore per scattare la foto perfetta di Strasburgo, devi dirigerti al Barrage Vauban. Questa enorme diga e ponte insieme, in arenaria rosa, fu costruita nel Seicento su progetto del celebre ingegnere militare Vauban. <strong>Il suo scopo principale era, in caso di pericolo, allagare la parte meridionale della citt\u00e0<\/strong> per impedire l&#8217;avanzata delle truppe nemiche verso il centro stesso.<\/p>\n\n\n\n<p class=\"wp-block-paragraph\">Oggi all&#8217;interno si nasconde una galleria di statue e doccioni salvati dalla cattedrale. \u00c8 interessante, ma sinceramente sei venuto qui per il tetto. <strong>Sull&#8217;ampia terrazza si trova infatti una piattaforma panoramica il cui accesso \u00e8 del tutto gratuito per tutti<\/strong>. Proprio da qui si apre la veduta iconica pi\u00f9 famosa sulle torri dei Ponts Couverts, sul quartiere a graticcio della Petite France e sulla maestosa torre della cattedrale sullo sfondo.<\/p>\n\n\n\n<p class=\"wp-block-paragraph\">\ud83d\udca1 Consiglio: l&#8217;accesso alla terrazza panoramica avviene normalmente tramite scale, ma <strong>all&#8217;interno dell&#8217;edificio \u00e8 disponibile anche un ascensore<\/strong>, cos\u00ec arrivano comodamente in cima anche le famiglie con passeggino o i viaggiatori a mobilit\u00e0 ridotta. La terrazza per motivi di sicurezza viene chiusa di notte, perci\u00f2 controlla in anticipo gli orari di apertura aggiornati.<\/p>\n\n\n\n<figure data-wp-context=\"{&quot;imageId&quot;:&quot;6a9c26947dd33&quot;}\" data-wp-interactive=\"core\/image\" data-wp-key=\"6a9c26947dd33\" class=\"wp-block-image size-full wp-lightbox-container\"><img decoding=\"async\" width=\"1600\" height=\"1200\" data-wp-class--hide=\"state.isContentHidden\" data-wp-class--show=\"state.isContentVisible\" data-wp-init=\"callbacks.setButtonStyles\" data-wp-on--click=\"actions.showLightbox\" data-wp-on--load=\"callbacks.setButtonStyles\" data-wp-on--pointerdown=\"actions.preloadImage\" data-wp-on--pointerenter=\"actions.preloadImageWithDelay\" data-wp-on--pointerleave=\"actions.cancelPreload\" data-wp-on-window--resize=\"callbacks.setButtonStyles\" src=\"https:\/\/loudavymkrokem.cz\/wp-content\/uploads\/2026\/09\/swap-412754-7-b98b2d6c.jpg\" alt=\"Crociera panoramica Batorama a Strasburgo\" class=\"wp-image-413433\" title=\"\" srcset=\"https:\/\/loudavymkrokem.cz\/wp-content\/uploads\/2026\/09\/swap-412754-7-b98b2d6c.jpg 1600w, https:\/\/loudavymkrokem.cz\/wp-content\/uploads\/2026\/09\/swap-412754-7-b98b2d6c-300x225.jpg 300w, https:\/\/loudavymkrokem.cz\/wp-content\/uploads\/2026\/09\/swap-412754-7-b98b2d6c-700x525.jpg 700w, https:\/\/loudavymkrokem.cz\/wp-content\/uploads\/2026\/09\/swap-412754-7-b98b2d6c-768x576.jpg 768w, https:\/\/loudavymkrokem.cz\/wp-content\/uploads\/2026\/09\/swap-412754-7-b98b2d6c-1536x1152.jpg 1536w, https:\/\/loudavymkrokem.cz\/wp-content\/uploads\/2026\/09\/swap-412754-7-b98b2d6c-80x60.jpg 80w, https:\/\/loudavymkrokem.cz\/wp-content\/uploads\/2026\/09\/swap-412754-7-b98b2d6c-160x120.jpg 160w, https:\/\/loudavymkrokem.cz\/wp-content\/uploads\/2026\/09\/swap-412754-7-b98b2d6c-696x522.jpg 696w, https:\/\/loudavymkrokem.cz\/wp-content\/uploads\/2026\/09\/swap-412754-7-b98b2d6c-1392x1044.jpg 1392w\" sizes=\"(max-width: 1600px) 100vw, 1600px\" \/><button\n\t\t\tclass=\"lightbox-trigger\"\n\t\t\ttype=\"button\"\n\t\t\taria-haspopup=\"dialog\"\n\t\t\tdata-wp-bind--aria-label=\"state.thisImage.triggerButtonAriaLabel\"\n\t\t\tdata-wp-init=\"callbacks.initTriggerButton\"\n\t\t\tdata-wp-on--click=\"actions.showLightbox\"\n\t\t\tdata-wp-style--right=\"state.thisImage.buttonRight\"\n\t\t\tdata-wp-style--top=\"state.thisImage.buttonTop\"\n\t\t>\n\t\t\t<svg xmlns=\"http:\/\/www.w3.org\/2000\/svg\" width=\"12\" height=\"12\" fill=\"none\" viewBox=\"0 0 12 12\">\n\t\t\t\t<path fill=\"#fff\" d=\"M2 0a2 2 0 0 0-2 2v2h1.5V2a.5.5 0 0 1 .5-.5h2V0H2Zm2 10.5H2a.5.5 0 0 1-.5-.5V8H0v2a2 2 0 0 0 2 2h2v-1.5ZM8 12v-1.5h2a.5.5 0 0 0 .5-.5V8H12v2a2 2 0 0 1-2 2H8Zm2-12a2 2 0 0 1 2 2v2h-1.5V2a.5.5 0 0 0-.5-.5H8V0h2Z\" \/>\n\t\t\t<\/svg>\n\t\t<\/button><figcaption class=\"wp-element-caption\">Foto: Chris Jeffery \/ Google Maps<\/figcaption><\/figure>\n\n\n\n<h3 class=\"wp-block-heading\"><span class=\"ez-toc-section\" id=\"7_La_crociera_sui_canali_con_Batorama\"><\/span>7. La crociera sui canali con Batorama<span class=\"ez-toc-section-end\"><\/span><\/h3>\n\n\n\n<p class=\"wp-block-paragraph\">Se vuoi farti un&#8217;idea rapida e completa della citt\u00e0 da una prospettiva del tutto diversa, la <a href=\"https:\/\/www.batorama.com\/\" target=\"_blank\" rel=\"nofollow noopener\">crociera panoramica in barca Batorama<\/a> \u00e8 una di quelle cose che proprio non vuoi saltare, soprattutto quando i piedi cominciano a farti male. L&#8217;imbarco lo trovi molto facilmente proprio accanto alla cattedrale, all&#8217;Embarcad\u00e8re Batorama Cath\u00e9drale, da dove le barche partono regolarmente per un percorso di settanta minuti attraverso tutto il centro storico e il pi\u00f9 moderno quartiere europeo. \u00c8 il modo migliore per capire la citt\u00e0 quando i piedi ti fanno male.<\/p>\n\n\n\n<p class=\"wp-block-paragraph\">Durante la crociera attraverserai il romantico quartiere della Petite France, dove la barca supera i dislivelli grazie a strette vecchie chiuse, uno spettacolo di per s\u00e9 indimenticabile. <strong>Puoi scegliere tra barche completamente aperte e barche con tettoia in vetro<\/strong>: queste ultime le apprezzerai soprattutto nei mesi pi\u00f9 freddi di primavera o autunno, perch\u00e9 sono perfettamente riscaldate e protette dalla pioggia. Sono disponibili anche audioguide con commento.<\/p>\n\n\n\n<p class=\"wp-block-paragraph\">\ud83d\udca1 Consiglio: soprattutto in alta stagione estiva e durante i weekend soleggiati i biglietti vanno esauriti molto in fretta per l&#8217;intera giornata. <strong>Ti consiglio di prenotare i biglietti online con sufficiente anticipo<\/strong>, cos\u00ec eviti inutili attese in coda e hai la certezza di salire a bordo esattamente all&#8217;orario che hai scelto.<\/p>\n\n\n\n<figure data-wp-context=\"{&quot;imageId&quot;:&quot;6a9c26947e1d7&quot;}\" data-wp-interactive=\"core\/image\" data-wp-key=\"6a9c26947e1d7\" class=\"wp-block-image size-full wp-lightbox-container\"><img decoding=\"async\" width=\"1280\" height=\"960\" data-wp-class--hide=\"state.isContentHidden\" data-wp-class--show=\"state.isContentVisible\" data-wp-init=\"callbacks.setButtonStyles\" data-wp-on--click=\"actions.showLightbox\" data-wp-on--load=\"callbacks.setButtonStyles\" data-wp-on--pointerdown=\"actions.preloadImage\" data-wp-on--pointerenter=\"actions.preloadImageWithDelay\" data-wp-on--pointerleave=\"actions.cancelPreload\" data-wp-on-window--resize=\"callbacks.setButtonStyles\" src=\"https:\/\/loudavymkrokem.cz\/wp-content\/uploads\/2026\/09\/evropsk-parlament.jpg\" alt=\"Parlamento europeo a Strasburgo\" class=\"wp-image-413197\" title=\"\" srcset=\"https:\/\/loudavymkrokem.cz\/wp-content\/uploads\/2026\/09\/evropsk-parlament.jpg 1280w, https:\/\/loudavymkrokem.cz\/wp-content\/uploads\/2026\/09\/evropsk-parlament-300x225.jpg 300w, https:\/\/loudavymkrokem.cz\/wp-content\/uploads\/2026\/09\/evropsk-parlament-700x525.jpg 700w, https:\/\/loudavymkrokem.cz\/wp-content\/uploads\/2026\/09\/evropsk-parlament-768x576.jpg 768w, https:\/\/loudavymkrokem.cz\/wp-content\/uploads\/2026\/09\/evropsk-parlament-80x60.jpg 80w, https:\/\/loudavymkrokem.cz\/wp-content\/uploads\/2026\/09\/evropsk-parlament-160x120.jpg 160w, https:\/\/loudavymkrokem.cz\/wp-content\/uploads\/2026\/09\/evropsk-parlament-696x522.jpg 696w\" sizes=\"(max-width: 1280px) 100vw, 1280px\" \/><button\n\t\t\tclass=\"lightbox-trigger\"\n\t\t\ttype=\"button\"\n\t\t\taria-haspopup=\"dialog\"\n\t\t\tdata-wp-bind--aria-label=\"state.thisImage.triggerButtonAriaLabel\"\n\t\t\tdata-wp-init=\"callbacks.initTriggerButton\"\n\t\t\tdata-wp-on--click=\"actions.showLightbox\"\n\t\t\tdata-wp-style--right=\"state.thisImage.buttonRight\"\n\t\t\tdata-wp-style--top=\"state.thisImage.buttonTop\"\n\t\t>\n\t\t\t<svg xmlns=\"http:\/\/www.w3.org\/2000\/svg\" width=\"12\" height=\"12\" fill=\"none\" viewBox=\"0 0 12 12\">\n\t\t\t\t<path fill=\"#fff\" d=\"M2 0a2 2 0 0 0-2 2v2h1.5V2a.5.5 0 0 1 .5-.5h2V0H2Zm2 10.5H2a.5.5 0 0 1-.5-.5V8H0v2a2 2 0 0 0 2 2h2v-1.5ZM8 12v-1.5h2a.5.5 0 0 0 .5-.5V8H12v2a2 2 0 0 1-2 2H8Zm2-12a2 2 0 0 1 2 2v2h-1.5V2a.5.5 0 0 0-.5-.5H8V0h2Z\" \/>\n\t\t\t<\/svg>\n\t\t<\/button><figcaption class=\"wp-element-caption\">Foto: Ryan Jose Ruiz III \/ Google Maps<\/figcaption><\/figure>\n\n\n\n<h3 class=\"wp-block-heading\"><span class=\"ez-toc-section\" id=\"8_Il_Parlamento_europeo\"><\/span>8. Il Parlamento europeo<span class=\"ez-toc-section-end\"><\/span><\/h3>\n\n\n\n<p class=\"wp-block-paragraph\">Strasburgo \u00e8 la sede ufficiale del <a href=\"https:\/\/visiting.europarl.europa.eu\/it\/\" target=\"_blank\" rel=\"nofollow noopener\">Parlamento europeo<\/a> e la visita a questo imponente edificio moderno non dovrebbe assolutamente mancare nella tua lista di attrazioni. L&#8217;enorme costruzione in vetro dalla pianta circolare e dal tetto curvo domina tutto il quartiere e <strong>rappresenta un affascinante contrasto visivo con il centro storico della citt\u00e0<\/strong>. Il modo pi\u00f9 semplice per arrivarci \u00e8 il comodo tram della linea E: basta scendere all&#8217;omonima fermata Parlement Europ\u00e9en.<\/p>\n\n\n\n<p class=\"wp-block-paragraph\">La cosa migliore di tutta la faccenda \u00e8 che <strong>le visite per il pubblico sono completamente gratuite<\/strong>: all&#8217;ingresso basta esibire una carta d&#8217;identit\u00e0 o un passaporto validi. Durante la visita darai un&#8217;occhiata proprio all&#8217;interno del celebre emiciclo, dove siedono gli eurodeputati e dove si crea l&#8217;importante legislazione europea. L&#8217;atmosfera di questo enorme spazio moderno \u00e8 davvero d&#8217;effetto e all&#8217;improvviso ti rendi conto che anche la burocrazia di Bruxelles ha un suo indirizzo fisico \ud83d\ude04.<\/p>\n\n\n\n<p class=\"wp-block-paragraph\">Pianifica la visita al parlamento con largo anticipo e <strong>tieni presente che l&#8217;intera visita ti porter\u00e0 via circa due o tre ore<\/strong>, inclusi i controlli di sicurezza piuttosto accurati all&#8217;ingresso. Le visite si svolgono con l&#8217;ausilio di guide multimediali in tutte le lingue ufficiali dell&#8217;Unione europea, cos\u00ec puoi ascoltare comodamente tutte le informazioni in italiano.<\/p>\n\n\n\n<figure data-wp-context=\"{&quot;imageId&quot;:&quot;6a9c26947e6aa&quot;}\" data-wp-interactive=\"core\/image\" data-wp-key=\"6a9c26947e6aa\" class=\"wp-block-image size-full wp-lightbox-container\"><img decoding=\"async\" width=\"1440\" height=\"1080\" data-wp-class--hide=\"state.isContentHidden\" data-wp-class--show=\"state.isContentVisible\" data-wp-init=\"callbacks.setButtonStyles\" data-wp-on--click=\"actions.showLightbox\" data-wp-on--load=\"callbacks.setButtonStyles\" data-wp-on--pointerdown=\"actions.preloadImage\" data-wp-on--pointerenter=\"actions.preloadImageWithDelay\" data-wp-on--pointerleave=\"actions.cancelPreload\" data-wp-on-window--resize=\"callbacks.setButtonStyles\" src=\"https:\/\/loudavymkrokem.cz\/wp-content\/uploads\/2026\/09\/parlamentarium-simone-veil.jpg\" alt=\"Parlamentarium Simone Veil\" class=\"wp-image-413201\" title=\"\" srcset=\"https:\/\/loudavymkrokem.cz\/wp-content\/uploads\/2026\/09\/parlamentarium-simone-veil.jpg 1440w, https:\/\/loudavymkrokem.cz\/wp-content\/uploads\/2026\/09\/parlamentarium-simone-veil-300x225.jpg 300w, https:\/\/loudavymkrokem.cz\/wp-content\/uploads\/2026\/09\/parlamentarium-simone-veil-700x525.jpg 700w, https:\/\/loudavymkrokem.cz\/wp-content\/uploads\/2026\/09\/parlamentarium-simone-veil-768x576.jpg 768w, https:\/\/loudavymkrokem.cz\/wp-content\/uploads\/2026\/09\/parlamentarium-simone-veil-80x60.jpg 80w, https:\/\/loudavymkrokem.cz\/wp-content\/uploads\/2026\/09\/parlamentarium-simone-veil-160x120.jpg 160w, https:\/\/loudavymkrokem.cz\/wp-content\/uploads\/2026\/09\/parlamentarium-simone-veil-696x522.jpg 696w, https:\/\/loudavymkrokem.cz\/wp-content\/uploads\/2026\/09\/parlamentarium-simone-veil-1392x1044.jpg 1392w\" sizes=\"(max-width: 1440px) 100vw, 1440px\" \/><button\n\t\t\tclass=\"lightbox-trigger\"\n\t\t\ttype=\"button\"\n\t\t\taria-haspopup=\"dialog\"\n\t\t\tdata-wp-bind--aria-label=\"state.thisImage.triggerButtonAriaLabel\"\n\t\t\tdata-wp-init=\"callbacks.initTriggerButton\"\n\t\t\tdata-wp-on--click=\"actions.showLightbox\"\n\t\t\tdata-wp-style--right=\"state.thisImage.buttonRight\"\n\t\t\tdata-wp-style--top=\"state.thisImage.buttonTop\"\n\t\t>\n\t\t\t<svg xmlns=\"http:\/\/www.w3.org\/2000\/svg\" width=\"12\" height=\"12\" fill=\"none\" viewBox=\"0 0 12 12\">\n\t\t\t\t<path fill=\"#fff\" d=\"M2 0a2 2 0 0 0-2 2v2h1.5V2a.5.5 0 0 1 .5-.5h2V0H2Zm2 10.5H2a.5.5 0 0 1-.5-.5V8H0v2a2 2 0 0 0 2 2h2v-1.5ZM8 12v-1.5h2a.5.5 0 0 0 .5-.5V8H12v2a2 2 0 0 1-2 2H8Zm2-12a2 2 0 0 1 2 2v2h-1.5V2a.5.5 0 0 0-.5-.5H8V0h2Z\" \/>\n\t\t\t<\/svg>\n\t\t<\/button><figcaption class=\"wp-element-caption\">Foto: Bianca K. \/ Google Maps<\/figcaption><\/figure>\n\n\n\n<h3 class=\"wp-block-heading\"><span class=\"ez-toc-section\" id=\"9_Il_Parlamentarium_Simone_Veil\"><\/span>9. Il Parlamentarium Simone Veil<span class=\"ez-toc-section-end\"><\/span><\/h3>\n\n\n\n<p class=\"wp-block-paragraph\">Parte del vasto complesso del Parlamento europeo \u00e8 anche lo spazio per i visitatori aperto di recente e chiamato <a href=\"https:\/\/visiting.europarl.europa.eu\/it\/visitor-offer\/strasbourg\/parlamentarium-simone-veil\" target=\"_blank\" rel=\"nofollow noopener\">Parlamentarium Simone Veil<\/a>. Il centro \u00e8 concepito in modo da far suonare emozionante l&#8217;integrazione europea, e sorprendentemente ci riesce. \u00c8 un posto fantastico non solo per i visitatori adulti, ma anche per i bambini pi\u00f9 grandi e curiosi.<\/p>\n\n\n\n<p class=\"wp-block-paragraph\">L&#8217;attrazione principale di tutto il centro \u00e8 senza dubbio la <strong>spettacolare sala di proiezione a 360\u00b0<\/strong>, dove viene proiettato un film dinamico sul funzionamento del Parlamento europeo, grazie al quale ti ritrovi visivamente proprio al centro dell&#8217;azione. Sono disponibili anche vari moduli interattivi e schermi touch attraverso cui puoi scoprire facilmente quali decisioni sono state prese in passato proprio per la tua regione d&#8217;origine.<\/p>\n\n\n\n<p class=\"wp-block-paragraph\">Per i gruppi organizzati pi\u00f9 numerosi il centro offre anche uno <strong>speciale gioco di ruolo<\/strong>, con cui i partecipanti possono provare in prima persona cosa significhi essere un vero parlamentare e negoziare in modo complesso nuove leggi. Una tappa in questo centro completa alla perfezione la visita all&#8217;emiciclo, e anche qui l&#8217;ingresso \u00e8 gratuito per tutti.<\/p>\n\n\n\n<figure data-wp-context=\"{&quot;imageId&quot;:&quot;6a9c26947ec4b&quot;}\" data-wp-interactive=\"core\/image\" data-wp-key=\"6a9c26947ec4b\" class=\"wp-block-image size-full wp-lightbox-container\"><img decoding=\"async\" width=\"1600\" height=\"1200\" data-wp-class--hide=\"state.isContentHidden\" data-wp-class--show=\"state.isContentVisible\" data-wp-init=\"callbacks.setButtonStyles\" data-wp-on--click=\"actions.showLightbox\" data-wp-on--load=\"callbacks.setButtonStyles\" data-wp-on--pointerdown=\"actions.preloadImage\" data-wp-on--pointerenter=\"actions.preloadImageWithDelay\" data-wp-on--pointerleave=\"actions.cancelPreload\" data-wp-on-window--resize=\"callbacks.setButtonStyles\" src=\"https:\/\/loudavymkrokem.cz\/wp-content\/uploads\/2026\/09\/rada-evropy.jpg\" alt=\"Consiglio d&#039;Europa e quartiere delle istituzioni\" class=\"wp-image-413204\" title=\"\" srcset=\"https:\/\/loudavymkrokem.cz\/wp-content\/uploads\/2026\/09\/rada-evropy.jpg 1600w, https:\/\/loudavymkrokem.cz\/wp-content\/uploads\/2026\/09\/rada-evropy-300x225.jpg 300w, https:\/\/loudavymkrokem.cz\/wp-content\/uploads\/2026\/09\/rada-evropy-700x525.jpg 700w, https:\/\/loudavymkrokem.cz\/wp-content\/uploads\/2026\/09\/rada-evropy-768x576.jpg 768w, https:\/\/loudavymkrokem.cz\/wp-content\/uploads\/2026\/09\/rada-evropy-1536x1152.jpg 1536w, https:\/\/loudavymkrokem.cz\/wp-content\/uploads\/2026\/09\/rada-evropy-80x60.jpg 80w, https:\/\/loudavymkrokem.cz\/wp-content\/uploads\/2026\/09\/rada-evropy-160x120.jpg 160w, https:\/\/loudavymkrokem.cz\/wp-content\/uploads\/2026\/09\/rada-evropy-696x522.jpg 696w, https:\/\/loudavymkrokem.cz\/wp-content\/uploads\/2026\/09\/rada-evropy-1392x1044.jpg 1392w\" sizes=\"(max-width: 1600px) 100vw, 1600px\" \/><button\n\t\t\tclass=\"lightbox-trigger\"\n\t\t\ttype=\"button\"\n\t\t\taria-haspopup=\"dialog\"\n\t\t\tdata-wp-bind--aria-label=\"state.thisImage.triggerButtonAriaLabel\"\n\t\t\tdata-wp-init=\"callbacks.initTriggerButton\"\n\t\t\tdata-wp-on--click=\"actions.showLightbox\"\n\t\t\tdata-wp-style--right=\"state.thisImage.buttonRight\"\n\t\t\tdata-wp-style--top=\"state.thisImage.buttonTop\"\n\t\t>\n\t\t\t<svg xmlns=\"http:\/\/www.w3.org\/2000\/svg\" width=\"12\" height=\"12\" fill=\"none\" viewBox=\"0 0 12 12\">\n\t\t\t\t<path fill=\"#fff\" d=\"M2 0a2 2 0 0 0-2 2v2h1.5V2a.5.5 0 0 1 .5-.5h2V0H2Zm2 10.5H2a.5.5 0 0 1-.5-.5V8H0v2a2 2 0 0 0 2 2h2v-1.5ZM8 12v-1.5h2a.5.5 0 0 0 .5-.5V8H12v2a2 2 0 0 1-2 2H8Zm2-12a2 2 0 0 1 2 2v2h-1.5V2a.5.5 0 0 0-.5-.5H8V0h2Z\" \/>\n\t\t\t<\/svg>\n\t\t<\/button><figcaption class=\"wp-element-caption\">Foto: Anton Nyberg \/ Google Maps<\/figcaption><\/figure>\n\n\n\n<!-- LKM_GYG_CARD start q=\"strasbourg\" lang=\"it\" rendered=\"2026-09-05T12:57:30+00:00\" v=\"1\" -->\n<style id=\"lk-gyg-styles\">\n@import url(\"https:\/\/fonts.googleapis.com\/css2?family=Playfair+Display:wght@700&family=DM+Sans:wght@300;400;500;600&display=swap\");\n\/* === LK GYG karty \u2014 CRO redesign 2026-05 (namespace .lkx-) ===\n   C\u00edl: vy\u0161\u0161\u00ed CTR (hero + v\u00fdrazn\u00fd social proof + ak\u010dn\u00ed CTA, m\u00e9n\u011b \"reklamn\u00ed\").\n   Injektuje se inline do prvn\u00edho markeru postu (refresh_cards.py --inline-css). *\/\n.lkx-module, .lkx-module *{box-sizing:border-box;margin:0;padding:0}\n.lkx-module{\n  font-family:'DM Sans',-apple-system,Segoe UI,Roboto,Georgia,sans-serif;\n  max-width:860px;margin:2.5rem auto;color:#1f2328;\n}\n\n\/* HEADER \u2014 lehk\u00fd editorsk\u00fd, \u017e\u00e1dn\u00fd bannerov\u00fd blok; nadpis + popisek pod n\u00edm *\/\n.lkx-head{margin-bottom:16px}\n.lkx-head-main{display:flex;align-items:center;gap:10px}\n.lkx-head-accent{width:26px;height:3px;border-radius:2px;background:#c39f76;flex-shrink:0}\n.lkx-head-title{font-family:'Playfair Display',Georgia,serif;font-size:21px;font-weight:700;color:#1a1a1a;line-height:1.25}\n.lkx-head-meta{display:block;font-size:11px;letter-spacing:.3px;color:#9aa0a6;margin-top:4px;margin-left:36px}\n\n\/* HERO *\/\n.lkx-hero{display:grid;grid-template-columns:300px 1fr;background:#fff;border:1px solid #ece7df;border-radius:14px;overflow:hidden;text-decoration:none!important;color:inherit;box-shadow:0 6px 20px rgba(0,0,0,.06);transition:box-shadow .2s,transform .2s;margin-bottom:14px}\n.lkx-hero:hover{box-shadow:0 12px 30px rgba(0,0,0,.12);transform:translateY(-2px)}\n.lkx-hero-img{position:relative;min-height:230px;background-size:cover;background-position:center;background-color:#eee}\n.lkx-hero-body{padding:22px 24px;display:flex;flex-direction:column}\n.lkx-pick{position:absolute;top:12px;left:12px;background:#1a1a1a;color:#fff;font-size:11px;font-weight:700;letter-spacing:.5px;padding:5px 11px;border-radius:20px}\n\n\/* TITLE *\/\n.lkx-title{font-size:19px;font-weight:700;color:#161616;line-height:1.3}\n.lkx-title-sm{font-size:14.5px;line-height:1.35;display:-webkit-box;-webkit-line-clamp:2;-webkit-box-orient:vertical;overflow:hidden}\n\n\/* SOCIAL PROOF \u2014 v\u00fdrazn\u011b, naho\u0159e *\/\n.lkx-proof{display:flex;align-items:center;gap:7px;margin-top:12px;font-size:15px;color:#3a3a3a}\n.lkx-proof b{font-size:16px;color:#161616}\n.lkx-stars{color:#f5a623;letter-spacing:1px}\n.lkx-proof-sm{font-size:12.5px;margin-top:8px;gap:5px}\n.lkx-proof-sm b{font-size:13px}\n.lkx-proof-new{color:#3685fc;font-weight:600}\n\n\/* PRICE \u2014 n\u00edzk\u00e1 kotva *\/\n.lkx-price{font-size:14px;color:#6b7280}\n.lkx-price b{font-size:20px;color:#161616;font-weight:700}\n.lkx-price-sm b{font-size:15px}\n\n\/* CTA \u2014 tepl\u00e9 ak\u010dn\u00ed tla\u010d\u00edtko *\/\n.lkx-cta{display:inline-flex;align-items:center;justify-content:center;text-decoration:none!important;font-weight:700;color:#fff!important;background:linear-gradient(135deg,#f6743f,#e8552a);border-radius:10px;box-shadow:0 6px 16px rgba(232,85,42,.32);transition:box-shadow .2s}\n.lkx-cta-hero{font-size:15px;padding:13px 22px}\n.lkx-hero:hover .lkx-cta-hero{box-shadow:0 8px 22px rgba(232,85,42,.45)}\n.lkx-cta-sm{font-size:12.5px;padding:9px 14px;width:100%;margin-top:2px}\n.lkx-hero-bottom{margin-top:auto;padding-top:18px;display:flex;align-items:center;justify-content:space-between;gap:14px;flex-wrap:wrap}\n\n\/* BADGE \u2014 jeden v\u00fdrazn\u00fd na fotce *\/\n.lkx-badge{position:absolute;top:12px;right:12px;font-size:10.5px;font-weight:700;letter-spacing:.3px;padding:5px 10px;border-radius:16px;color:#fff}\n.lkx-badge.badge-urgency{background:rgba(214,40,40,.92)}\n.lkx-badge.badge-new{background:rgba(54,133,252,.92)}\n.lkx-badge.badge-top{background:rgba(195,159,118,.95)}\n.lkx-badge.badge-info{background:rgba(40,40,40,.78)}\n\n\/* SECONDARY GRID *\/\n.lkx-grid{display:grid;grid-template-columns:1fr 1fr;gap:14px}\n.lkx-card{background:#fff;border:1px solid #ece7df;border-radius:14px;overflow:hidden;text-decoration:none!important;color:inherit;box-shadow:0 4px 14px rgba(0,0,0,.05);display:flex;flex-direction:column;transition:box-shadow .2s,transform .2s}\n.lkx-card:hover{box-shadow:0 10px 24px rgba(0,0,0,.1);transform:translateY(-2px)}\n.lkx-card-img{position:relative;aspect-ratio:16\/10;background-size:cover;background-position:center;background-color:#eee}\n.lkx-card-body{padding:14px 16px 16px;display:flex;flex-direction:column;gap:7px;flex:1}\n.lkx-card-bottom{margin-top:auto;padding-top:10px;display:flex;align-items:center;justify-content:space-between;gap:8px}\n\n\/* DISCLOSURE \u2014 drobn\u00e1, kv\u016fli d\u016fv\u011b\u0159e\/z\u00e1konu *\/\n.lkx-disclosure{font-size:11px;color:#a7adb3;text-align:center;margin-top:14px;line-height:1.6}\n.lkx-disclosure a{color:#c39f76;text-decoration:none}\n\n@media(max-width:680px){\n  .lkx-hero{grid-template-columns:1fr}\n  .lkx-hero-img{min-height:180px}\n  .lkx-grid{grid-template-columns:1fr}\n  .lkx-head-meta{margin-left:0;width:100%}\n  .lkx-head-title{font-size:19px}\n}\n\n<\/style>\n<div class=\"lkx-module\" data-query=\"strasbourg\">\n  <div class=\"lkx-head\">\n    <div class=\"lkx-head-main\">\n      <span class=\"lkx-head-accent\"><\/span>\n      <span class=\"lkx-head-title\">Esperienze e biglietti<\/span>\n    <\/div>\n    <span class=\"lkx-head-meta\">valutato dai viaggiatori \u00b7 GetYourGuide<\/span>\n  <\/div><a class=\"lkx-hero\" href=\"https:\/\/www.getyourguide.com\/it-it\/strasburgo-l293\/strasburgo-tour-in-bicicletta-con-guida-bici-incluse-t487695\/?partner_id=MKZ64IS&amp;utm_medium=online_publisher&amp;cmp=strasburgo-francia-cosa-vedere\" target=\"_blank\" rel=\"sponsored noopener nofollow\">\n    <div class=\"lkx-hero-img\" style=\"background-image:url('https:\/\/cdn.getyourguide.com\/img\/tour\/64aea1102544f.png\/132.jpg')\" role=\"img\" aria-label=\"Strasburgo: tour in bici con guida, bici incluse\">\n      <span class=\"lkx-pick\">\u2605 La nostra scelta<\/span><\/div>\n    <div class=\"lkx-hero-body\">\n      <div class=\"lkx-title\">Strasburgo: tour in bici con guida, bici incluse<\/div>\n      <div class=\"lkx-proof\">\n      <span class=\"lkx-stars\">\u2605\u2605\u2605\u2605\u2605<\/span>\n      <b>4.5<\/b> \u00b7 401 recensioni\n    <\/div>\n      <div class=\"lkx-hero-bottom\"><div class=\"lkx-price\">da <b>39\u00a0\u20ac<\/b><\/div><span class=\"lkx-cta lkx-cta-hero\">Voglio questa esperienza \u2192<\/span>\n      <\/div>\n    <\/div>\n  <\/a><div class=\"lkx-grid\"><a class=\"lkx-card\" href=\"https:\/\/www.getyourguide.com\/it-it\/strasburgo-l293\/strasburgo-tour-personalizzato-privato-con-una-guida-locale-t469797\/?partner_id=MKZ64IS&amp;utm_medium=online_publisher&amp;cmp=strasburgo-francia-cosa-vedere\" target=\"_blank\" rel=\"sponsored noopener nofollow\">\n      <div class=\"lkx-card-img\" style=\"background-image:url('https:\/\/cdn.getyourguide.com\/img\/tour\/6478b0c6bbe05.jpeg\/132.jpg')\" role=\"img\" aria-label=\"Strasburgo: tour privato personalizzato con una guida locale\"><\/div>\n      <div class=\"lkx-card-body\">\n        <div class=\"lkx-title lkx-title-sm\">Strasburgo: tour privato personalizzato con una guida locale<\/div>\n        <div class=\"lkx-proof lkx-proof-sm\">\n      <span class=\"lkx-stars\">\u2605<\/span>\n      <b>4.5<\/b> \u00b7 140\n    <\/div>\n        <div class=\"lkx-card-bottom\"><span class=\"lkx-price lkx-price-sm\">da <b>45\u00a0\u20ac<\/b><\/span><span class=\"lkx-cta lkx-cta-sm\">Vedi le date \u2192<\/span>\n        <\/div>\n      <\/div>\n    <\/a><a class=\"lkx-card\" href=\"https:\/\/www.getyourguide.com\/it-it\/strasburgo-l293\/strasburgo-tour-a-piedi-con-5-degustazioni-di-specialita-alsaziane-t1458211\/?partner_id=MKZ64IS&amp;utm_medium=online_publisher&amp;cmp=strasburgo-francia-cosa-vedere\" target=\"_blank\" rel=\"sponsored noopener nofollow\">\n      <div class=\"lkx-card-img\" style=\"background-image:url('https:\/\/cdn.getyourguide.com\/img\/tour\/e965587a48bc449a08b2ef17afbfc818a8ca05db25bccd1e896e40df12dc7ce3.jpg\/132.jpg')\" role=\"img\" aria-label=\"Strasburgo: tour a piedi con 5 degustazioni di specialit\u00e0 alsaziane\"><\/div>\n      <div class=\"lkx-card-body\">\n        <div class=\"lkx-title lkx-title-sm\">Strasburgo: tour a piedi con 5 degustazioni di specialit\u00e0 alsaziane<\/div>\n        <div class=\"lkx-proof lkx-proof-sm\">\n      <span class=\"lkx-stars\">\u2605<\/span>\n      <b>0.0<\/b> \u00b7 0\n    <\/div>\n        <div class=\"lkx-card-bottom\"><span class=\"lkx-price lkx-price-sm\">da <b>45\u00a0\u20ac<\/b><\/span><span class=\"lkx-cta lkx-cta-sm\">Vedi le date \u2192<\/span>\n        <\/div>\n      <\/div>\n    <\/a><\/div><div class=\"lkx-disclosure\">\ud83d\udd17 Link di affiliazione \u2014 nessun costo aggiuntivo per te, ci aiutano a creare contenuti. \u00b7 <a href=\"https:\/\/www.getyourguide.com\/it-it\/s\/?q=strasbourg&amp;partner_id=MKZ64IS&amp;utm_medium=online_publisher\" target=\"_blank\" rel=\"sponsored noopener nofollow\">Tutte le esperienze \u2192<\/a><\/div>\n<\/div>\n<!-- LKM_GYG_CARD end -->\n\n\n\n\n<div class=\"lk-stays-module\">\n<style>\n\/* \u2500\u2500\u2500 RESET PRO GUTENBERG \u2500\u2500\u2500 *\/\n.lk-stays-module * { box-sizing: border-box; margin: 0; padding: 0; }\n\n\/* \u2500\u2500\u2500 WRAPPER \u2500\u2500\u2500 *\/\n.lk-stays-module {\n  font-family: 'DM Sans', Georgia, sans-serif;\n  max-width: 100%;\n  margin: 2.5rem auto;\n  background: linear-gradient(135deg, #fdfaf5 0%, #fcf8f0 100%);\n  border: 1px solid #e8dfd4;\n  border-radius: 16px;\n  overflow: hidden;\n  box-shadow: 0 16px 48px rgba(195, 159, 118, 0.25), 0 4px 12px rgba(0,0,0,0.08);\n}\n\n\/* \u2500\u2500\u2500 HEADER \u2500\u2500\u2500 *\/\n.lk-stays-header {\n  position: relative;\n  padding: 24px 36px 24px;\n  background: linear-gradient(135deg, #c39f76 0%, #d4b188 60%, #c39f76 100%);\n  border-bottom: 1px solid rgba(255,255,255,.15);\n  display: flex;\n  align-items: center;\n  gap: 18px;\n}\n.lk-stays-header::before {\n  content: '';\n  position: absolute;\n  inset: 0;\n  background: url(\"data:image\/svg+xml,%3Csvg width='60' height='60' viewBox='0 0 60 60' xmlns='http:\/\/www.w3.org\/2000\/svg'%3E%3Cg fill='none' fill-rule='evenodd'%3E%3Cg fill='%23ffffff' fill-opacity='0.05'%3E%3Cpath d='M36 34v-4h-2v4h-4v2h4v4h2v-4h4v-2h-4zm0-30V0h-2v4h-4v2h4v4h2V6h4V4h-4zM6 34v-4H4v4H0v2h4v4h2v-4h4v-2H6zM6 4V0H4v4H0v2h4v4h2V6h4V4H6z'\/%3E%3C\/g%3E%3C\/g%3E%3C\/svg%3E\") repeat;\n  pointer-events: none;\n}\n.lk-stays-icon {\n  flex-shrink: 0;\n  width: 68px;\n  height: 68px;\n  border-radius: 14px;\n  background: linear-gradient(135deg, #fff 0%, #f9f6f0 100%);\n  display: flex;\n  align-items: center;\n  justify-content: center;\n  font-size: 26px;\n  box-shadow: 0 4px 12px rgba(0,0,0,0.15);\n}\n.lk-stays-eyebrow {\n  font-size: 10px;\n  font-weight: 500;\n  letter-spacing: 2.5px;\n  text-transform: uppercase;\n  color: rgba(255,255,255,.85);\n  margin: 0 0 5px 0;\n}\n.lk-stays-title {\n  font-family: 'Playfair Display', Georgia, serif;\n  font-size: 24px;\n  font-weight: 700;\n  color: #fff;\n  line-height: 1.2;\n  text-shadow: 0 1px 2px rgba(0,0,0,0.1);\n  margin: 0;\n}\n.lk-stays-subtitle {\n  font-size: 13px;\n  color: rgba(255,255,255,.75);\n  margin: 4px 0 0 0;\n  font-weight: 300;\n}\n\n\/* \u2500\u2500\u2500 CARDS GRID \u2500\u2500\u2500 *\/\n.lk-stays-grid {\n  display: grid;\n  grid-template-columns: 1fr 1fr;\n  gap: 1px;\n  background: rgba(195, 159, 118, 0.12);\n}\n\n\/* \u2500\u2500\u2500 SINGLE CARD \u2500\u2500\u2500 *\/\n.lk-stay-card {\n  background: #ffffff;\n  padding: 26px;\n  display: flex;\n  flex-direction: column;\n  gap: 11px;\n  transition: all 0.3s ease;\n  text-decoration: none;\n  color: inherit;\n  position: relative;\n}\n.lk-stay-card:hover {\n  background: #fffbf5;\n  transform: translateY(-2px);\n  box-shadow: 0 8px 24px rgba(195, 159, 118, 0.18);\n  z-index: 1;\n}\n.lk-stay-card.featured {\n  background: linear-gradient(135deg, #fffdf9 0%, #fff9f0 100%);\n  box-shadow: 0 4px 16px rgba(195, 159, 118, 0.15), inset 0 1px 0 rgba(195, 159, 118, 0.1);\n}\n.lk-stay-card.featured:hover {\n  background: linear-gradient(135deg, #fffbf5 0%, #fff8ed 100%);\n  box-shadow: 0 8px 24px rgba(195, 159, 118, 0.25), inset 0 1px 0 rgba(195, 159, 118, 0.15);\n}\n\n.lk-stay-badge {\n  display: inline-flex;\n  align-items: center;\n  gap: 5px;\n  font-size: 10px;\n  font-weight: 500;\n  letter-spacing: 1.5px;\n  text-transform: uppercase;\n  padding: 5px 11px;\n  border-radius: 20px;\n  width: fit-content;\n}\n.badge-top     { background: linear-gradient(135deg, #c39f76 0%, #d4b188 100%); color: #fff; border: 1px solid #c39f76; font-weight: 600; box-shadow: 0 2px 8px rgba(195,159,118,0.3); }\n.badge-luxury  { background: rgba(195,159,118,.12); color: #c39f76; border: 1px solid rgba(195,159,118,.25); }\n.badge-boutique{ background: rgba(54,133,252,.08); color: #3685fc; border: 1px solid rgba(54,133,252,.2); }\n.badge-nature  { background: rgba(130,190,100,.1); color: #6b9c4a; border: 1px solid rgba(130,190,100,.2); }\n.badge-remote  { background: rgba(195,159,118,.12); color: #a67e50; border: 1px solid rgba(195,159,118,.25); }\n\n.lk-stay-name {\n  font-family: 'Playfair Display', Georgia, serif;\n  font-size: 18px;\n  font-weight: 700;\n  color: #111827;\n  line-height: 1.3;\n}\n.lk-stay-desc {\n  font-size: 13.5px;\n  color: #525252;\n  line-height: 1.65;\n  font-weight: 300;\n  flex: 1;\n}\n\n.lk-stay-meta {\n  display: flex;\n  align-items: center;\n  gap: 12px;\n  flex-wrap: wrap;\n  margin-top: 4px;\n}\n.lk-stay-price {\n  font-size: 13px;\n  color: #6b7280;\n}\n.lk-stay-price strong {\n  color: #c39f76;\n  font-weight: 500;\n}\n.lk-stay-stars {\n  color: #c39f76;\n  font-size: 11px;\n  letter-spacing: 1px;\n}\n\n\/* \u2500\u2500\u2500 CTA BUTTON \u2500\u2500\u2500 *\/\n.lk-stay-cta {\n  display: inline-flex;\n  align-items: center;\n  justify-content: center;\n  gap: 7px;\n  margin-top: 8px;\n  padding: 11px 20px;\n  border-radius: 8px;\n  background: linear-gradient(135deg, #3685fc 0%, #2a6fd9 100%);\n  color: #fff;\n  font-size: 13px;\n  font-weight: 500;\n  text-decoration: none;\n  letter-spacing: .3px;\n  transition: all .2s ease;\n  cursor: pointer;\n  border: none;\n  text-align: center;\n  box-shadow: 0 4px 12px rgba(54, 133, 252, 0.25);\n}\n.lk-stay-cta:hover {\n  background: linear-gradient(135deg, #2a6fd9 0%, #1e5bc4 100%);\n  transform: translateY(-1px);\n  box-shadow: 0 6px 16px rgba(54, 133, 252, 0.35);\n}\n.lk-stay-cta svg { flex-shrink: 0; }\n\n\/* \u2500\u2500\u2500 FOOTER \u2500\u2500\u2500 *\/\n.lk-stays-footer {\n  padding: 18px 36px;\n  background: linear-gradient(to bottom, #fdfaf5 0%, #f9f4ed 100%);\n  border-top: 1px solid rgba(195, 159, 118, 0.15);\n  display: flex;\n  align-items: center;\n  justify-content: space-between;\n  flex-wrap: wrap;\n  gap: 12px;\n}\n.lk-stays-footer-note {\n  font-size: 11.5px;\n  color: #6b7280;\n  font-weight: 300;\n  line-height: 1.5;\n}\n.lk-stays-footer-note a {\n  color: #c39f76;\n  text-decoration: none;\n  font-weight: 400;\n}\n.lk-stays-footer-note a:hover {\n  text-decoration: underline;\n}\n.lk-stays-all-btn {\n  display: inline-flex;\n  align-items: center;\n  gap: 6px;\n  font-size: 12.5px;\n  font-weight: 500;\n  color: #c39f76;\n  text-decoration: none;\n  border: 1px solid rgba(195, 159, 118, 0.35);\n  padding: 8px 18px;\n  border-radius: 8px;\n  transition: all .2s ease;\n}\n.lk-stays-all-btn:hover {\n  background: rgba(195, 159, 118, 0.08);\n  border-color: rgba(195, 159, 118, 0.5);\n}\n\n\/* \u2500\u2500\u2500 RESPONSIVE \u2500\u2500\u2500 *\/\n@media (max-width: 600px) {\n  .lk-stays-grid { grid-template-columns: 1fr; }\n  .lk-stays-header { padding: 24px 20px; }\n  .lk-stays-footer { padding: 16px 20px; }\n  .lk-stay-card { padding: 22px; }\n  .lk-stays-title { font-size: 20px; }\n}\n<\/style>\n\n  <!-- HEADER -->\n  <div class=\"lk-stays-header\">\n    <img decoding=\"async\" src=\"https:\/\/loudavymkrokem.cz\/wp-content\/uploads\/2026\/02\/lukas-a-lucka.jpg\" alt=\"\" style=\"width: 75px; height: 75px; border-radius: 8px; flex-shrink: 0; object-fit: cover; display: block; margin: 4px 0;\" title=\"\">\n    <div class=\"lk-stays-header-text\">\n      <div class=\"lk-stays-eyebrow\">Luk\u00e1\u0161 e Lucie raccomandano<\/div>\n      <div class=\"lk-stays-title\">Dove alloggiare a Strasburgo<\/div>\n      <div class=\"lk-stays-subtitle\">4 alloggi \u2014 hotel e altre opzioni di soggiorno<\/div>\n    <\/div>\n  <\/div>\n\n  <!-- CARDS -->\n  <div class=\"lk-stays-grid\">\n\n    <a class=\"lk-stay-card featured\" href=\"https:\/\/www.stay22.com\/allez\/roam?aid=lukaskonecny&#038;campaign=loudavymkrokemcz&#038;campaign=it&#038;campaign=covidetvestrasburku&#038;address=%C5%A0trasburk&#038;hotelname=H%C3%B4tel+Cour+du+Corbeau+Strasbourg+-+MGallery&#038;search=H%C3%B4tel+Cour+du+Corbeau+Strasbourg+-+MGallery&#038;category=accommodation\" target=\"_blank\" rel=\"nofollow noopener\">\n      <span class=\"lk-stay-badge badge-top\">\u2b50 SCELTA TOP<\/span>\n      <span class=\"lk-stay-badge badge-nature\">\ud83c\udfe8 Hotel<\/span>\n      <div class=\"lk-stay-name\">H\u00f4tel Cour du Corbeau Strasbourg &#8211; MGallery<\/div>\n      <div class=\"lk-stay-desc\">Un gioiello architettonico in una casa storica ristrutturata del XVI secolo con ballatoi in legno, offre un&#8217;atmosfera romantica lungo il canale.<\/div>\n      <div class=\"lk-stay-meta\">\n        <span class=\"lk-stay-stars\">\u2605\u2605\u2605\u2605<\/span>\n        <span class=\"lk-stay-price\">Controlla i prezzi<\/span>\n      <\/div>\n      <span class=\"lk-stay-cta\">\n        <svg width=\"14\" height=\"14\" viewBox=\"0 0 24 24\" fill=\"none\" stroke=\"currentColor\" stroke-width=\"2\"><path d=\"M18 13v6a2 2 0 0 1-2 2H5a2 2 0 0 1-2-2V8a2 2 0 0 1 2-2h6\"\/><polyline points=\"15 3 21 3 21 9\"\/><line x1=\"10\" y1=\"14\" x2=\"21\" y2=\"3\"\/><\/svg>\n        Verifica disponibilit\u00e0\n      <\/span>\n    <\/a>\n\n    <a class=\"lk-stay-card\" href=\"https:\/\/www.stay22.com\/allez\/roam?aid=lukaskonecny&#038;campaign=loudavymkrokemcz&#038;campaign=it&#038;campaign=covidetvestrasburku&#038;address=%C5%A0trasburk&#038;hotelname=H%C3%B4tel+L%C3%89ONOR+the+place+to+live&#038;search=H%C3%B4tel+L%C3%89ONOR+the+place+to+live&#038;category=accommodation\" target=\"_blank\" rel=\"nofollow noopener\">\n      <span class=\"lk-stay-badge badge-nature\">\ud83c\udfe8 Hotel<\/span>\n      <div class=\"lk-stay-name\">H\u00f4tel L\u00c9ONOR the place to live<\/div>\n      <div class=\"lk-stay-desc\">Design moderno in un edificio storico a pochi passi da Place Broglie con una splendida corte interna per rilassarsi.<\/div>\n      <div class=\"lk-stay-meta\">\n        <span class=\"lk-stay-stars\">\u2605\u2605\u2605\u2605<\/span>\n        <span class=\"lk-stay-price\">Controlla i prezzi<\/span>\n      <\/div>\n      <span class=\"lk-stay-cta\">\n        <svg width=\"14\" height=\"14\" viewBox=\"0 0 24 24\" fill=\"none\" stroke=\"currentColor\" stroke-width=\"2\"><path d=\"M18 13v6a2 2 0 0 1-2 2H5a2 2 0 0 1-2-2V8a2 2 0 0 1 2-2h6\"\/><polyline points=\"15 3 21 3 21 9\"\/><line x1=\"10\" y1=\"14\" x2=\"21\" y2=\"3\"\/><\/svg>\n        Verifica disponibilit\u00e0\n      <\/span>\n    <\/a>\n\n    <a class=\"lk-stay-card\" href=\"https:\/\/www.stay22.com\/allez\/roam?aid=lukaskonecny&#038;campaign=loudavymkrokemcz&#038;campaign=it&#038;campaign=covidetvestrasburku&#038;address=%C5%A0trasburk&#038;hotelname=H%C3%B4tel+Gutenberg&#038;search=H%C3%B4tel+Gutenberg&#038;category=accommodation\" target=\"_blank\" rel=\"nofollow noopener\">\n      <span class=\"lk-stay-badge badge-nature\">\ud83c\udfe8 Hotel<\/span>\n      <div class=\"lk-stay-name\">H\u00f4tel Gutenberg<\/div>\n      <div class=\"lk-stay-desc\">Posizione strategica a pochi passi dalla zona pedonale principale, camere pi\u00f9 piccole eccellenti per pulizia e letti comodi, personale molto disponibile.<\/div>\n      <div class=\"lk-stay-meta\">\n        <span class=\"lk-stay-stars\">\u2605\u2605\u2605\u2605<\/span>\n        <span class=\"lk-stay-price\">Controlla i prezzi<\/span>\n      <\/div>\n      <span class=\"lk-stay-cta\">\n        <svg width=\"14\" height=\"14\" viewBox=\"0 0 24 24\" fill=\"none\" stroke=\"currentColor\" stroke-width=\"2\"><path d=\"M18 13v6a2 2 0 0 1-2 2H5a2 2 0 0 1-2-2V8a2 2 0 0 1 2-2h6\"\/><polyline points=\"15 3 21 3 21 9\"\/><line x1=\"10\" y1=\"14\" x2=\"21\" y2=\"3\"\/><\/svg>\n        Verifica disponibilit\u00e0\n      <\/span>\n    <\/a>\n\n    <a class=\"lk-stay-card\" href=\"https:\/\/www.stay22.com\/allez\/roam?aid=lukaskonecny&#038;campaign=loudavymkrokemcz&#038;campaign=it&#038;campaign=covidetvestrasburku&#038;address=\u0161trasburk\" target=\"_blank\" rel=\"nofollow noopener\">\n      <span class=\"lk-stay-badge badge-nature\">\ud83d\udd0d Cerca<\/span>\n      <div class=\"lk-stay-name\">Visualizza tutti gli alloggi a Strasburgo<\/div>\n      <div class=\"lk-stay-desc\">Esplora tutte le opzioni di alloggio disponibili a Strasburgo e trova la migliore secondo le tue preferenze e il tuo budget.<\/div>\n      <div class=\"lk-stay-meta\">\n        <span class=\"lk-stay-stars\">\u2605\u2605\u2605\u2605<\/span>\n        <span class=\"lk-stay-price\">Confronta i prezzi<\/span>\n      <\/div>\n      <span class=\"lk-stay-cta\">\n        <svg width=\"14\" height=\"14\" viewBox=\"0 0 24 24\" fill=\"none\" stroke=\"currentColor\" stroke-width=\"2\"><path d=\"M18 13v6a2 2 0 0 1-2 2H5a2 2 0 0 1-2-2V8a2 2 0 0 1 2-2h6\"\/><polyline points=\"15 3 21 3 21 9\"\/><line x1=\"10\" y1=\"14\" x2=\"21\" y2=\"3\"\/><\/svg>\n        Verifica disponibilit\u00e0\n      <\/span>\n    <\/a>\n\n  <\/div>\n\n  \n<\/div>\n\n\n\n\n<h3 class=\"wp-block-heading\"><span class=\"ez-toc-section\" id=\"10_Il_Consiglio_dEuropa_e_il_quartiere_delle_istituzioni\"><\/span>10. Il Consiglio d&#8217;Europa e il quartiere delle istituzioni<span class=\"ez-toc-section-end\"><\/span><\/h3>\n\n\n\n<p class=\"wp-block-paragraph\">Il Parlamento europeo non \u00e8 certo l&#8217;unica istituzione importante di questa citt\u00e0. Proprio nelle immediate vicinanze si trovano <strong>l&#8217;imponente edificio del Consiglio d&#8217;Europa e anche la celebre Corte europea dei diritti dell&#8217;uomo<\/strong>. Tutto questo moderno quartiere che si estende attorno alla tranquilla confluenza dei fiumi Ill e Marna \u00e8 architettonicamente molto interessante e la semplice passeggiata tra questi palazzi di vetro ti metter\u00e0 davvero di buon umore.<\/p>\n\n\n\n<p class=\"wp-block-paragraph\">L&#8217;edificio stesso della Corte europea dei diritti dell&#8217;uomo, progettato dal celebre architetto Richard Rogers, <strong>ricorda con le sue forme ardite due enormi navi d&#8217;acciaio sulla riva del fiume<\/strong> ed \u00e8 tra le costruzioni moderne pi\u00f9 notevoli di tutta la Francia. Le visite a queste specifiche istituzioni per i singoli sono pi\u00f9 complicate e spesso richiedono una lunga approvazione preventiva, ma gi\u00e0 solo la vista dall&#8217;esterno e una passeggiata lungo le ampie promenade circostanti valgono decisamente la pena.<\/p>\n\n\n\n<p class=\"wp-block-paragraph\">Tutta questa zona amministrativa \u00e8 sorprendentemente circondata da fitto verde e canali, cos\u00ec <strong>il contrasto tra la severa architettura moderna e la natura tranquilla \u00e8 qui molto forte<\/strong>. \u00c8 un posto perfetto per una passeggiata pomeridiana quando vuoi riposarti un attimo dai vicoli storici a volte affollati del pieno centro.<\/p>\n\n\n\n<figure data-wp-context=\"{&quot;imageId&quot;:&quot;6a9c26947f217&quot;}\" data-wp-interactive=\"core\/image\" data-wp-key=\"6a9c26947f217\" class=\"wp-block-image size-full wp-lightbox-container\"><img decoding=\"async\" width=\"1600\" height=\"2400\" data-wp-class--hide=\"state.isContentHidden\" data-wp-class--show=\"state.isContentVisible\" data-wp-init=\"callbacks.setButtonStyles\" data-wp-on--click=\"actions.showLightbox\" data-wp-on--load=\"callbacks.setButtonStyles\" data-wp-on--pointerdown=\"actions.preloadImage\" data-wp-on--pointerenter=\"actions.preloadImageWithDelay\" data-wp-on--pointerleave=\"actions.cancelPreload\" data-wp-on-window--resize=\"callbacks.setButtonStyles\" src=\"https:\/\/loudavymkrokem.cz\/wp-content\/uploads\/2026\/09\/grande-le.jpg\" alt=\"Grande \u00cele (il primo quartiere UNESCO)\" class=\"wp-image-413208\" title=\"\" srcset=\"https:\/\/loudavymkrokem.cz\/wp-content\/uploads\/2026\/09\/grande-le.jpg 1600w, https:\/\/loudavymkrokem.cz\/wp-content\/uploads\/2026\/09\/grande-le-200x300.jpg 200w, https:\/\/loudavymkrokem.cz\/wp-content\/uploads\/2026\/09\/grande-le-700x1050.jpg 700w, https:\/\/loudavymkrokem.cz\/wp-content\/uploads\/2026\/09\/grande-le-768x1152.jpg 768w, https:\/\/loudavymkrokem.cz\/wp-content\/uploads\/2026\/09\/grande-le-1024x1536.jpg 1024w, https:\/\/loudavymkrokem.cz\/wp-content\/uploads\/2026\/09\/grande-le-1365x2048.jpg 1365w, https:\/\/loudavymkrokem.cz\/wp-content\/uploads\/2026\/09\/grande-le-696x1044.jpg 696w, https:\/\/loudavymkrokem.cz\/wp-content\/uploads\/2026\/09\/grande-le-1392x2088.jpg 1392w\" sizes=\"(max-width: 1600px) 100vw, 1600px\" \/><button\n\t\t\tclass=\"lightbox-trigger\"\n\t\t\ttype=\"button\"\n\t\t\taria-haspopup=\"dialog\"\n\t\t\tdata-wp-bind--aria-label=\"state.thisImage.triggerButtonAriaLabel\"\n\t\t\tdata-wp-init=\"callbacks.initTriggerButton\"\n\t\t\tdata-wp-on--click=\"actions.showLightbox\"\n\t\t\tdata-wp-style--right=\"state.thisImage.buttonRight\"\n\t\t\tdata-wp-style--top=\"state.thisImage.buttonTop\"\n\t\t>\n\t\t\t<svg xmlns=\"http:\/\/www.w3.org\/2000\/svg\" width=\"12\" height=\"12\" fill=\"none\" viewBox=\"0 0 12 12\">\n\t\t\t\t<path fill=\"#fff\" d=\"M2 0a2 2 0 0 0-2 2v2h1.5V2a.5.5 0 0 1 .5-.5h2V0H2Zm2 10.5H2a.5.5 0 0 1-.5-.5V8H0v2a2 2 0 0 0 2 2h2v-1.5ZM8 12v-1.5h2a.5.5 0 0 0 .5-.5V8H12v2a2 2 0 0 1-2 2H8Zm2-12a2 2 0 0 1 2 2v2h-1.5V2a.5.5 0 0 0-.5-.5H8V0h2Z\" \/>\n\t\t\t<\/svg>\n\t\t<\/button><figcaption class=\"wp-element-caption\">Foto: Alberto Belli \/ Google Maps<\/figcaption><\/figure>\n\n\n\n<h3 class=\"wp-block-heading\"><span class=\"ez-toc-section\" id=\"11_Grande_Ile_il_primo_quartiere_UNESCO\"><\/span>11. Grande \u00cele (il primo quartiere UNESCO)<span class=\"ez-toc-section-end\"><\/span><\/h3>\n\n\n\n<p class=\"wp-block-paragraph\">Il nucleo storico di Strasburgo si estende sulla splendida isola della Grande \u00cele, pigramente circondata dai due bracci del fiume Ill. Quest&#8217;isola \u00e8 un unicum a livello mondiale, perch\u00e9 <strong>nel 1988 fu iscritta alla lista del patrimonio mondiale UNESCO come primo intero quartiere urbano<\/strong> nella storia. Non c&#8217;\u00e8 da stupirsi, perch\u00e9 la concentrazione di splendidi monumenti storici in uno spazio cos\u00ec ristretto \u00e8 qui davvero eccezionale.<\/p>\n\n\n\n<p class=\"wp-block-paragraph\">Durante una lenta passeggiata per l&#8217;isola incontrerai un esempio perfetto di come la citt\u00e0 si sia evoluta con continuit\u00e0 dal Medioevo passando per il Rinascimento fino all&#8217;ordinato classicismo. <strong>Le case dai tetti insolitamente alti e ripidi, con una miriade di abbaini che in origine servivano a essiccare le pelli degli animali e a immagazzinare il grano<\/strong>, si alternano a fastosi palazzi e a pittoresche piazzette nascoste. Il tutto \u00e8 inoltre collegato da una rete di stretti vicoli lastricati che invitano irresistibilmente a un girovagare romantico e senza meta.<\/p>\n\n\n\n<p class=\"wp-block-paragraph\">Il modo migliore per esplorare l&#8217;isola \u00e8 semplicemente partire senza un piano. Qui, in realt\u00e0, non riesci nemmeno a perderti. <strong>A ogni angolo scoprirai qualche dettaglio architettonico interessante<\/strong>, un cortile verde nascosto o una piccola panetteria che profuma di pane appena sfornato. L&#8217;intera isola si pu\u00f2 girare comodamente a piedi in un piacevole pomeriggio.<\/p>\n\n\n\n<figure data-wp-context=\"{&quot;imageId&quot;:&quot;6a9c26947f77b&quot;}\" data-wp-interactive=\"core\/image\" data-wp-key=\"6a9c26947f77b\" class=\"wp-block-image size-full wp-lightbox-container\"><img decoding=\"async\" width=\"1440\" height=\"1080\" data-wp-class--hide=\"state.isContentHidden\" data-wp-class--show=\"state.isContentVisible\" data-wp-init=\"callbacks.setButtonStyles\" data-wp-on--click=\"actions.showLightbox\" data-wp-on--load=\"callbacks.setButtonStyles\" data-wp-on--pointerdown=\"actions.preloadImage\" data-wp-on--pointerenter=\"actions.preloadImageWithDelay\" data-wp-on--pointerleave=\"actions.cancelPreload\" data-wp-on-window--resize=\"callbacks.setButtonStyles\" src=\"https:\/\/loudavymkrokem.cz\/wp-content\/uploads\/2026\/09\/neustadt.jpg\" alt=\"Neustadt (il quartiere imperiale tedesco)\" class=\"wp-image-413212\" title=\"\" srcset=\"https:\/\/loudavymkrokem.cz\/wp-content\/uploads\/2026\/09\/neustadt.jpg 1440w, https:\/\/loudavymkrokem.cz\/wp-content\/uploads\/2026\/09\/neustadt-300x225.jpg 300w, https:\/\/loudavymkrokem.cz\/wp-content\/uploads\/2026\/09\/neustadt-700x525.jpg 700w, https:\/\/loudavymkrokem.cz\/wp-content\/uploads\/2026\/09\/neustadt-768x576.jpg 768w, https:\/\/loudavymkrokem.cz\/wp-content\/uploads\/2026\/09\/neustadt-80x60.jpg 80w, https:\/\/loudavymkrokem.cz\/wp-content\/uploads\/2026\/09\/neustadt-160x120.jpg 160w, https:\/\/loudavymkrokem.cz\/wp-content\/uploads\/2026\/09\/neustadt-696x522.jpg 696w, https:\/\/loudavymkrokem.cz\/wp-content\/uploads\/2026\/09\/neustadt-1392x1044.jpg 1392w\" sizes=\"(max-width: 1440px) 100vw, 1440px\" \/><button\n\t\t\tclass=\"lightbox-trigger\"\n\t\t\ttype=\"button\"\n\t\t\taria-haspopup=\"dialog\"\n\t\t\tdata-wp-bind--aria-label=\"state.thisImage.triggerButtonAriaLabel\"\n\t\t\tdata-wp-init=\"callbacks.initTriggerButton\"\n\t\t\tdata-wp-on--click=\"actions.showLightbox\"\n\t\t\tdata-wp-style--right=\"state.thisImage.buttonRight\"\n\t\t\tdata-wp-style--top=\"state.thisImage.buttonTop\"\n\t\t>\n\t\t\t<svg xmlns=\"http:\/\/www.w3.org\/2000\/svg\" width=\"12\" height=\"12\" fill=\"none\" viewBox=\"0 0 12 12\">\n\t\t\t\t<path fill=\"#fff\" d=\"M2 0a2 2 0 0 0-2 2v2h1.5V2a.5.5 0 0 1 .5-.5h2V0H2Zm2 10.5H2a.5.5 0 0 1-.5-.5V8H0v2a2 2 0 0 0 2 2h2v-1.5ZM8 12v-1.5h2a.5.5 0 0 0 .5-.5V8H12v2a2 2 0 0 1-2 2H8Zm2-12a2 2 0 0 1 2 2v2h-1.5V2a.5.5 0 0 0-.5-.5H8V0h2Z\" \/>\n\t\t\t<\/svg>\n\t\t<\/button><figcaption class=\"wp-element-caption\">Foto: M. E. \/ Google Maps<\/figcaption><\/figure>\n\n\n\n<h3 class=\"wp-block-heading\"><span class=\"ez-toc-section\" id=\"12_Neustadt_il_quartiere_imperiale_tedesco\"><\/span>12. Neustadt (il quartiere imperiale tedesco)<span class=\"ez-toc-section-end\"><\/span><\/h3>\n\n\n\n<p class=\"wp-block-paragraph\">Dopo che, alla fine dell&#8217;Ottocento, la citt\u00e0 fu annessa con la forza all&#8217;Impero tedesco, i tedeschi decisero di costruire un quartiere del tutto nuovo e altamente rappresentativo, che mostrasse la loro potenza di allora e la loro immensa ricchezza. Nacque cos\u00ec la Neustadt, ovvero la Citt\u00e0 Nuova, che <strong>dal 2017 \u00e8 diventata un&#8217;ulteriore estensione ufficiale dell&#8217;iscrizione alla prestigiosa lista UNESCO<\/strong>. Questo quartiere rappresenta un contrasto totale e affascinante rispetto agli stretti vicoli della citt\u00e0 vecchia.<\/p>\n\n\n\n<p class=\"wp-block-paragraph\">Qui trovi <strong>enormi e larghissimi boulevard fiancheggiati da alberi maestosi, immense piazze circolari ed edifici pubblici monumentali<\/strong> costruiti in una particolare miscela di neogotico, neorinascimento e ornata Art Nouveau. Il fulcro principale di tutto questo sontuoso quartiere \u00e8 la piazza Place de la R\u00e9publique con l&#8217;edificio del Teatro Nazionale e la mozzafiato biblioteca universitaria.<\/p>\n\n\n\n<p class=\"wp-block-paragraph\">Una passeggiata in questo tranquillo quartiere ti <strong>illustra alla perfezione quella spesso citata doppia identit\u00e0 di Strasburgo<\/strong>, quando passi dal tipico Medioevo francese all&#8217;urbanistica tedesca modello di fine Ottocento. Molte case residenziali qui hanno splendide facciate Art Nouveau con ricche decorazioni floreali, che valgono decisamente un esame pi\u00f9 ravvicinato con la macchina fotografica in mano.<\/p>\n\n\n\n<figure data-wp-context=\"{&quot;imageId&quot;:&quot;6a9c26947fc8c&quot;}\" data-wp-interactive=\"core\/image\" data-wp-key=\"6a9c26947fc8c\" class=\"wp-block-image size-full wp-lightbox-container\"><img decoding=\"async\" width=\"1600\" height=\"1200\" data-wp-class--hide=\"state.isContentHidden\" data-wp-class--show=\"state.isContentVisible\" data-wp-init=\"callbacks.setButtonStyles\" data-wp-on--click=\"actions.showLightbox\" data-wp-on--load=\"callbacks.setButtonStyles\" data-wp-on--pointerdown=\"actions.preloadImage\" data-wp-on--pointerenter=\"actions.preloadImageWithDelay\" data-wp-on--pointerleave=\"actions.cancelPreload\" data-wp-on-window--resize=\"callbacks.setButtonStyles\" src=\"https:\/\/loudavymkrokem.cz\/wp-content\/uploads\/2026\/09\/place-kl-ber.jpg\" alt=\"Place Kl\u00e9ber\" class=\"wp-image-413217\" title=\"\" srcset=\"https:\/\/loudavymkrokem.cz\/wp-content\/uploads\/2026\/09\/place-kl-ber.jpg 1600w, https:\/\/loudavymkrokem.cz\/wp-content\/uploads\/2026\/09\/place-kl-ber-300x225.jpg 300w, https:\/\/loudavymkrokem.cz\/wp-content\/uploads\/2026\/09\/place-kl-ber-700x525.jpg 700w, https:\/\/loudavymkrokem.cz\/wp-content\/uploads\/2026\/09\/place-kl-ber-768x576.jpg 768w, https:\/\/loudavymkrokem.cz\/wp-content\/uploads\/2026\/09\/place-kl-ber-1536x1152.jpg 1536w, https:\/\/loudavymkrokem.cz\/wp-content\/uploads\/2026\/09\/place-kl-ber-80x60.jpg 80w, https:\/\/loudavymkrokem.cz\/wp-content\/uploads\/2026\/09\/place-kl-ber-160x120.jpg 160w, https:\/\/loudavymkrokem.cz\/wp-content\/uploads\/2026\/09\/place-kl-ber-696x522.jpg 696w, https:\/\/loudavymkrokem.cz\/wp-content\/uploads\/2026\/09\/place-kl-ber-1392x1044.jpg 1392w\" sizes=\"(max-width: 1600px) 100vw, 1600px\" \/><button\n\t\t\tclass=\"lightbox-trigger\"\n\t\t\ttype=\"button\"\n\t\t\taria-haspopup=\"dialog\"\n\t\t\tdata-wp-bind--aria-label=\"state.thisImage.triggerButtonAriaLabel\"\n\t\t\tdata-wp-init=\"callbacks.initTriggerButton\"\n\t\t\tdata-wp-on--click=\"actions.showLightbox\"\n\t\t\tdata-wp-style--right=\"state.thisImage.buttonRight\"\n\t\t\tdata-wp-style--top=\"state.thisImage.buttonTop\"\n\t\t>\n\t\t\t<svg xmlns=\"http:\/\/www.w3.org\/2000\/svg\" width=\"12\" height=\"12\" fill=\"none\" viewBox=\"0 0 12 12\">\n\t\t\t\t<path fill=\"#fff\" d=\"M2 0a2 2 0 0 0-2 2v2h1.5V2a.5.5 0 0 1 .5-.5h2V0H2Zm2 10.5H2a.5.5 0 0 1-.5-.5V8H0v2a2 2 0 0 0 2 2h2v-1.5ZM8 12v-1.5h2a.5.5 0 0 0 .5-.5V8H12v2a2 2 0 0 1-2 2H8Zm2-12a2 2 0 0 1 2 2v2h-1.5V2a.5.5 0 0 0-.5-.5H8V0h2Z\" \/>\n\t\t\t<\/svg>\n\t\t<\/button><figcaption class=\"wp-element-caption\">Foto: Curzio Pinnelli \/ Google Maps<\/figcaption><\/figure>\n\n\n\n<h3 class=\"wp-block-heading\"><span class=\"ez-toc-section\" id=\"13_Place_Kleber\"><\/span>13. Place Kl\u00e9ber<span class=\"ez-toc-section-end\"><\/span><\/h3>\n\n\n\n<p class=\"wp-block-paragraph\">La piazza principale e pi\u00f9 grande di tutto il centro citt\u00e0 \u00e8 Place Kl\u00e9ber, che funge in modo naturale da luogo di ritrovo per tutti gli abitanti del posto. L&#8217;enorme spazio funziona come <strong>un&#8217;ampia zona pedonale circondata da belle case storiche<\/strong>, in cui oggi hanno sede negozi di lussuosi marchi mondiali, spaziosi caff\u00e8 e rinomati ristoranti. La piazza prende il nome dal celebre generale Jean-Baptiste Kl\u00e9ber, la cui statua in bronzo si erge proprio al centro e sotto la quale sono addirittura conservate le sue vere spoglie.<\/p>\n\n\n\n<p class=\"wp-block-paragraph\">Questa piazza \u00e8 davvero piena di vita incessante tutto l&#8217;anno. Gli abitanti vengono qui a fare acquisti, a sedersi per un caff\u00e8 pomeridiano o a guardare i pi\u00f9 diversi artisti di strada. <strong>L&#8217;edificio pi\u00f9 bello della piazza \u00e8 senza dubbio l&#8217;Aubette<\/strong>, un palazzo classicista del Settecento che in passato serviva da corpo di guardia militare e che oggi ospita una galleria commerciale e sale storiche con un&#8217;unica decorazione avanguardista degli anni Venti del Novecento.<\/p>\n\n\n\n<p class=\"wp-block-paragraph\">Nel periodo dell&#8217;Avvento la piazza si trasforma magicamente nel vero e proprio centro dell&#8217;azione, perch\u00e9 \u00e8 proprio <strong>qui che con grande solennit\u00e0 viene innalzato l&#8217;enorme albero di Natale splendidamente addobbato<\/strong>, uno dei pi\u00f9 grandi simboli di tutta la citt\u00e0. Ma anche fuori dall&#8217;Avvento ti godrai appieno la splendida atmosfera di una metropoli europea pulsante e moderna.<\/p>\n\n\n\n<figure data-wp-context=\"{&quot;imageId&quot;:&quot;6a9c26948024d&quot;}\" data-wp-interactive=\"core\/image\" data-wp-key=\"6a9c26948024d\" class=\"wp-block-image size-full wp-lightbox-container\"><img decoding=\"async\" width=\"1600\" height=\"1200\" data-wp-class--hide=\"state.isContentHidden\" data-wp-class--show=\"state.isContentVisible\" data-wp-init=\"callbacks.setButtonStyles\" data-wp-on--click=\"actions.showLightbox\" data-wp-on--load=\"callbacks.setButtonStyles\" data-wp-on--pointerdown=\"actions.preloadImage\" data-wp-on--pointerenter=\"actions.preloadImageWithDelay\" data-wp-on--pointerleave=\"actions.cancelPreload\" data-wp-on-window--resize=\"callbacks.setButtonStyles\" src=\"https:\/\/loudavymkrokem.cz\/wp-content\/uploads\/2026\/09\/parc-de-l-orangerie.jpg\" alt=\"Parc de l&#039;Orangerie\" class=\"wp-image-413221\" title=\"\" srcset=\"https:\/\/loudavymkrokem.cz\/wp-content\/uploads\/2026\/09\/parc-de-l-orangerie.jpg 1600w, https:\/\/loudavymkrokem.cz\/wp-content\/uploads\/2026\/09\/parc-de-l-orangerie-300x225.jpg 300w, https:\/\/loudavymkrokem.cz\/wp-content\/uploads\/2026\/09\/parc-de-l-orangerie-700x525.jpg 700w, https:\/\/loudavymkrokem.cz\/wp-content\/uploads\/2026\/09\/parc-de-l-orangerie-768x576.jpg 768w, https:\/\/loudavymkrokem.cz\/wp-content\/uploads\/2026\/09\/parc-de-l-orangerie-1536x1152.jpg 1536w, https:\/\/loudavymkrokem.cz\/wp-content\/uploads\/2026\/09\/parc-de-l-orangerie-80x60.jpg 80w, https:\/\/loudavymkrokem.cz\/wp-content\/uploads\/2026\/09\/parc-de-l-orangerie-160x120.jpg 160w, https:\/\/loudavymkrokem.cz\/wp-content\/uploads\/2026\/09\/parc-de-l-orangerie-696x522.jpg 696w, https:\/\/loudavymkrokem.cz\/wp-content\/uploads\/2026\/09\/parc-de-l-orangerie-1392x1044.jpg 1392w\" sizes=\"(max-width: 1600px) 100vw, 1600px\" \/><button\n\t\t\tclass=\"lightbox-trigger\"\n\t\t\ttype=\"button\"\n\t\t\taria-haspopup=\"dialog\"\n\t\t\tdata-wp-bind--aria-label=\"state.thisImage.triggerButtonAriaLabel\"\n\t\t\tdata-wp-init=\"callbacks.initTriggerButton\"\n\t\t\tdata-wp-on--click=\"actions.showLightbox\"\n\t\t\tdata-wp-style--right=\"state.thisImage.buttonRight\"\n\t\t\tdata-wp-style--top=\"state.thisImage.buttonTop\"\n\t\t>\n\t\t\t<svg xmlns=\"http:\/\/www.w3.org\/2000\/svg\" width=\"12\" height=\"12\" fill=\"none\" viewBox=\"0 0 12 12\">\n\t\t\t\t<path fill=\"#fff\" d=\"M2 0a2 2 0 0 0-2 2v2h1.5V2a.5.5 0 0 1 .5-.5h2V0H2Zm2 10.5H2a.5.5 0 0 1-.5-.5V8H0v2a2 2 0 0 0 2 2h2v-1.5ZM8 12v-1.5h2a.5.5 0 0 0 .5-.5V8H12v2a2 2 0 0 1-2 2H8Zm2-12a2 2 0 0 1 2 2v2h-1.5V2a.5.5 0 0 0-.5-.5H8V0h2Z\" \/>\n\t\t\t<\/svg>\n\t\t<\/button><figcaption class=\"wp-element-caption\">Foto: dante coccia \/ Google Maps<\/figcaption><\/figure>\n\n\n\n<h3 class=\"wp-block-heading\"><span class=\"ez-toc-section\" id=\"14_Parc_de_lOrangerie\"><\/span>14. Parc de l&#8217;Orangerie<span class=\"ez-toc-section-end\"><\/span><\/h3>\n\n\n\n<p class=\"wp-block-paragraph\">Se vuoi riposarti un attimo dal rumore della grande citt\u00e0 e ricaricare le energie nella natura, dirigiti al Parc de l&#8217;Orangerie. Questo splendido parco risalente al Seicento \u00e8 <strong>il pi\u00f9 grande e il pi\u00f9 antico parco della citt\u00e0<\/strong> e si trova nelle immediate vicinanze del moderno quartiere europeo. In origine qui si coltivavano rari alberi di arancio. Chi l&#8217;avrebbe detto che un giorno ne sarebbe nato il parco pi\u00f9 grande della citt\u00e0.<\/p>\n\n\n\n<p class=\"wp-block-paragraph\">Oggi \u00e8 un&#8217;enorme oasi di verde curata con attenzione, con un ampio lago dove nei caldi mesi estivi <strong>puoi noleggiare una barchetta e navigare sulla tranquilla superficie dell&#8217;acqua<\/strong>. Il parco \u00e8 attraversato da una fitta rete di ampi sentieri di sabbia; qui ti imbatterai in belle aiuole fiorite, fontane gorgoglianti e persino in un piccolo giardino zoologico. Nel padiglione al centro del parco si trova inoltre un lussuoso ristorante con una bella terrazza per un pranzo delle grandi occasioni.<\/p>\n\n\n\n<p class=\"wp-block-paragraph\">\ud83d\udca1 Consiglio: il parco ospita anche un enorme numero di cicogne selvatiche, simbolo animale di tutta l&#8217;Alsazia. <strong>Puoi osservarle liberamente mentre costruiscono i loro enormi nidi in cima alle chiome degli alberi maestosi<\/strong>, un&#8217;esperienza che entusiasma garantito non solo i bambini piccoli, ma anche i visitatori adulti.<\/p>\n\n\n\n<figure data-wp-context=\"{&quot;imageId&quot;:&quot;6a9c26948079e&quot;}\" data-wp-interactive=\"core\/image\" data-wp-key=\"6a9c26948079e\" class=\"wp-block-image size-full wp-lightbox-container\"><img decoding=\"async\" width=\"1600\" height=\"1183\" data-wp-class--hide=\"state.isContentHidden\" data-wp-class--show=\"state.isContentVisible\" data-wp-init=\"callbacks.setButtonStyles\" data-wp-on--click=\"actions.showLightbox\" data-wp-on--load=\"callbacks.setButtonStyles\" data-wp-on--pointerdown=\"actions.preloadImage\" data-wp-on--pointerenter=\"actions.preloadImageWithDelay\" data-wp-on--pointerleave=\"actions.cancelPreload\" data-wp-on-window--resize=\"callbacks.setButtonStyles\" src=\"https:\/\/loudavymkrokem.cz\/wp-content\/uploads\/2026\/09\/parc-de-l-toile.jpg\" alt=\"Parc de l&#039;\u00c9toile\" class=\"wp-image-413224\" title=\"\" srcset=\"https:\/\/loudavymkrokem.cz\/wp-content\/uploads\/2026\/09\/parc-de-l-toile.jpg 1600w, https:\/\/loudavymkrokem.cz\/wp-content\/uploads\/2026\/09\/parc-de-l-toile-300x222.jpg 300w, https:\/\/loudavymkrokem.cz\/wp-content\/uploads\/2026\/09\/parc-de-l-toile-700x518.jpg 700w, https:\/\/loudavymkrokem.cz\/wp-content\/uploads\/2026\/09\/parc-de-l-toile-768x568.jpg 768w, https:\/\/loudavymkrokem.cz\/wp-content\/uploads\/2026\/09\/parc-de-l-toile-1536x1136.jpg 1536w, https:\/\/loudavymkrokem.cz\/wp-content\/uploads\/2026\/09\/parc-de-l-toile-80x60.jpg 80w, https:\/\/loudavymkrokem.cz\/wp-content\/uploads\/2026\/09\/parc-de-l-toile-696x515.jpg 696w, https:\/\/loudavymkrokem.cz\/wp-content\/uploads\/2026\/09\/parc-de-l-toile-1392x1029.jpg 1392w\" sizes=\"(max-width: 1600px) 100vw, 1600px\" \/><button\n\t\t\tclass=\"lightbox-trigger\"\n\t\t\ttype=\"button\"\n\t\t\taria-haspopup=\"dialog\"\n\t\t\tdata-wp-bind--aria-label=\"state.thisImage.triggerButtonAriaLabel\"\n\t\t\tdata-wp-init=\"callbacks.initTriggerButton\"\n\t\t\tdata-wp-on--click=\"actions.showLightbox\"\n\t\t\tdata-wp-style--right=\"state.thisImage.buttonRight\"\n\t\t\tdata-wp-style--top=\"state.thisImage.buttonTop\"\n\t\t>\n\t\t\t<svg xmlns=\"http:\/\/www.w3.org\/2000\/svg\" width=\"12\" height=\"12\" fill=\"none\" viewBox=\"0 0 12 12\">\n\t\t\t\t<path fill=\"#fff\" d=\"M2 0a2 2 0 0 0-2 2v2h1.5V2a.5.5 0 0 1 .5-.5h2V0H2Zm2 10.5H2a.5.5 0 0 1-.5-.5V8H0v2a2 2 0 0 0 2 2h2v-1.5ZM8 12v-1.5h2a.5.5 0 0 0 .5-.5V8H12v2a2 2 0 0 1-2 2H8Zm2-12a2 2 0 0 1 2 2v2h-1.5V2a.5.5 0 0 0-.5-.5H8V0h2Z\" \/>\n\t\t\t<\/svg>\n\t\t<\/button><figcaption class=\"wp-element-caption\">Foto: Zulfikar CEKIC \/ Google Maps<\/figcaption><\/figure>\n\n\n\n<h3 class=\"wp-block-heading\"><span class=\"ez-toc-section\" id=\"15_Parc_de_lEtoile\"><\/span>15. Parc de l&#8217;\u00c9toile<span class=\"ez-toc-section-end\"><\/span><\/h3>\n\n\n\n<p class=\"wp-block-paragraph\">Un altro spazio verde molto interessante che vale decisamente la tua visita \u00e8 il Parc de l&#8217;\u00c9toile. Rispetto al classico e rigorosamente simmetrico stile francese del parco Orangerie, questo spazio \u00e8 concepito in modo molto pi\u00f9 rilassato e moderno. <strong>Qui trovi ampie colline erbose, passerelle in legno e larghi sentieri che costeggiano i canali<\/strong>, cosa che ne fa un luogo amatissimo per i picnic e il relax pomeridiano degli studenti della vicina universit\u00e0.<\/p>\n\n\n\n<p class=\"wp-block-paragraph\">Una delle principali curiosit\u00e0 artistiche di questo parco \u00e8 la <strong>statua in bronzo del Mahatma Gandhi<\/strong>, donata ufficialmente alla citt\u00e0 dal governo indiano come simbolo duraturo di pace e non violenza. Il parco funge da ottimo e verde collegamento tra il centro storico della citt\u00e0 e i quartieri meridionali pi\u00f9 moderni e, grazie alle tante panchine distribuite, offre un luogo molto piacevole dove riposare.<\/p>\n\n\n\n<p class=\"wp-block-paragraph\">Tutto lo spazio \u00e8 anche molto amato da ciclisti e runner locali, perch\u00e9 da qui puoi collegarti senza interruzioni all&#8217;ampia rete di ciclabili curate che corrono lungo i canali fin ben oltre i confini della citt\u00e0. <strong>Se hai intenzione di noleggiare una bici in citt\u00e0, ti consiglio senza dubbio di iniziare la tua pedalata proprio qui<\/strong>.<\/p>\n\n\n\n<figure data-wp-context=\"{&quot;imageId&quot;:&quot;6a9c269480c82&quot;}\" data-wp-interactive=\"core\/image\" data-wp-key=\"6a9c269480c82\" class=\"wp-block-image size-full wp-lightbox-container\"><img decoding=\"async\" width=\"1600\" height=\"1200\" data-wp-class--hide=\"state.isContentHidden\" data-wp-class--show=\"state.isContentVisible\" data-wp-init=\"callbacks.setButtonStyles\" data-wp-on--click=\"actions.showLightbox\" data-wp-on--load=\"callbacks.setButtonStyles\" data-wp-on--pointerdown=\"actions.preloadImage\" data-wp-on--pointerenter=\"actions.preloadImageWithDelay\" data-wp-on--pointerleave=\"actions.cancelPreload\" data-wp-on-window--resize=\"callbacks.setButtonStyles\" src=\"https:\/\/loudavymkrokem.cz\/wp-content\/uploads\/2026\/09\/palais-rohan.jpg\" alt=\"Palais Rohan\" class=\"wp-image-413228\" title=\"\" srcset=\"https:\/\/loudavymkrokem.cz\/wp-content\/uploads\/2026\/09\/palais-rohan.jpg 1600w, https:\/\/loudavymkrokem.cz\/wp-content\/uploads\/2026\/09\/palais-rohan-300x225.jpg 300w, https:\/\/loudavymkrokem.cz\/wp-content\/uploads\/2026\/09\/palais-rohan-700x525.jpg 700w, https:\/\/loudavymkrokem.cz\/wp-content\/uploads\/2026\/09\/palais-rohan-768x576.jpg 768w, https:\/\/loudavymkrokem.cz\/wp-content\/uploads\/2026\/09\/palais-rohan-1536x1152.jpg 1536w, https:\/\/loudavymkrokem.cz\/wp-content\/uploads\/2026\/09\/palais-rohan-80x60.jpg 80w, https:\/\/loudavymkrokem.cz\/wp-content\/uploads\/2026\/09\/palais-rohan-160x120.jpg 160w, https:\/\/loudavymkrokem.cz\/wp-content\/uploads\/2026\/09\/palais-rohan-696x522.jpg 696w, https:\/\/loudavymkrokem.cz\/wp-content\/uploads\/2026\/09\/palais-rohan-1392x1044.jpg 1392w\" sizes=\"(max-width: 1600px) 100vw, 1600px\" \/><button\n\t\t\tclass=\"lightbox-trigger\"\n\t\t\ttype=\"button\"\n\t\t\taria-haspopup=\"dialog\"\n\t\t\tdata-wp-bind--aria-label=\"state.thisImage.triggerButtonAriaLabel\"\n\t\t\tdata-wp-init=\"callbacks.initTriggerButton\"\n\t\t\tdata-wp-on--click=\"actions.showLightbox\"\n\t\t\tdata-wp-style--right=\"state.thisImage.buttonRight\"\n\t\t\tdata-wp-style--top=\"state.thisImage.buttonTop\"\n\t\t>\n\t\t\t<svg xmlns=\"http:\/\/www.w3.org\/2000\/svg\" width=\"12\" height=\"12\" fill=\"none\" viewBox=\"0 0 12 12\">\n\t\t\t\t<path fill=\"#fff\" d=\"M2 0a2 2 0 0 0-2 2v2h1.5V2a.5.5 0 0 1 .5-.5h2V0H2Zm2 10.5H2a.5.5 0 0 1-.5-.5V8H0v2a2 2 0 0 0 2 2h2v-1.5ZM8 12v-1.5h2a.5.5 0 0 0 .5-.5V8H12v2a2 2 0 0 1-2 2H8Zm2-12a2 2 0 0 1 2 2v2h-1.5V2a.5.5 0 0 0-.5-.5H8V0h2Z\" \/>\n\t\t\t<\/svg>\n\t\t<\/button><figcaption class=\"wp-element-caption\">Foto: Kent Wang \/ Google Maps<\/figcaption><\/figure>\n\n\n\n<h3 class=\"wp-block-heading\"><span class=\"ez-toc-section\" id=\"16_Palais_Rohan\"><\/span>16. Palais Rohan<span class=\"ez-toc-section-end\"><\/span><\/h3>\n\n\n\n<p class=\"wp-block-paragraph\">A pochissimi passi dalla cattedrale principale si erge maestoso il <a href=\"https:\/\/en.musees.strasbourg.eu\/palais-rohan\" target=\"_blank\" rel=\"nofollow noopener\">Palais Rohan<\/a>, uno splendido e ampio palazzo barocco del Settecento che un tempo serviva da fastosa residenza dei vescovi di Strasburgo dell&#8217;influentissima casata dei Rohan. <strong>Questa costruzione strabiliante viene spesso paragonata, per la sua bellezza, ai palazzi parigini<\/strong> e la sua nobile facciata riflessa nelle acque del fiume Ill \u00e8 tra le vedute in assoluto pi\u00f9 belle della citt\u00e0.<\/p>\n\n\n\n<p class=\"wp-block-paragraph\">Oggi questo enorme palazzo ospita ben tre importanti musei cittadini, cos\u00ec tutti gli amanti dell&#8217;arte e della storia pi\u00f9 profonda troveranno pane per i loro denti. <strong>Al piano terra ha sede il Museo delle arti decorative con gli appartamenti vescovili originali splendidamente conservati<\/strong>, nel seminterrato trovi il vasto Museo archeologico e al primo piano il Museo di belle arti con un&#8217;imponente collezione di pittura classica europea.<\/p>\n\n\n\n<p class=\"wp-block-paragraph\">Anche se non sei proprio un grande appassionato di lunghe e impegnative visite museali, almeno il cortile centrale vai a vederlo di sicuro: l&#8217;ingresso \u00e8 gratuito e la facciata vale la pena. Qui puoi ammirare con calma la perfetta simmetria e l&#8217;incredibile ricchezza decorativa della classica architettura di palazzo francese.<\/p>\n\n\n\n<figure data-wp-context=\"{&quot;imageId&quot;:&quot;6a9c269481197&quot;}\" data-wp-interactive=\"core\/image\" data-wp-key=\"6a9c269481197\" class=\"wp-block-image size-full wp-lightbox-container\"><img decoding=\"async\" width=\"1600\" height=\"1105\" data-wp-class--hide=\"state.isContentHidden\" data-wp-class--show=\"state.isContentVisible\" data-wp-init=\"callbacks.setButtonStyles\" data-wp-on--click=\"actions.showLightbox\" data-wp-on--load=\"callbacks.setButtonStyles\" data-wp-on--pointerdown=\"actions.preloadImage\" data-wp-on--pointerenter=\"actions.preloadImageWithDelay\" data-wp-on--pointerleave=\"actions.cancelPreload\" data-wp-on-window--resize=\"callbacks.setButtonStyles\" src=\"https:\/\/loudavymkrokem.cz\/wp-content\/uploads\/2026\/09\/strasbourg-museum-of-modern-and-contemporary-art.jpg\" alt=\"Strasbourg Museum of Modern and Contemporary Art (MAMCS)\" class=\"wp-image-413231\" title=\"\" srcset=\"https:\/\/loudavymkrokem.cz\/wp-content\/uploads\/2026\/09\/strasbourg-museum-of-modern-and-contemporary-art.jpg 1600w, https:\/\/loudavymkrokem.cz\/wp-content\/uploads\/2026\/09\/strasbourg-museum-of-modern-and-contemporary-art-300x207.jpg 300w, https:\/\/loudavymkrokem.cz\/wp-content\/uploads\/2026\/09\/strasbourg-museum-of-modern-and-contemporary-art-700x483.jpg 700w, https:\/\/loudavymkrokem.cz\/wp-content\/uploads\/2026\/09\/strasbourg-museum-of-modern-and-contemporary-art-768x530.jpg 768w, https:\/\/loudavymkrokem.cz\/wp-content\/uploads\/2026\/09\/strasbourg-museum-of-modern-and-contemporary-art-1536x1061.jpg 1536w, https:\/\/loudavymkrokem.cz\/wp-content\/uploads\/2026\/09\/strasbourg-museum-of-modern-and-contemporary-art-696x481.jpg 696w, https:\/\/loudavymkrokem.cz\/wp-content\/uploads\/2026\/09\/strasbourg-museum-of-modern-and-contemporary-art-1392x961.jpg 1392w\" sizes=\"(max-width: 1600px) 100vw, 1600px\" \/><button\n\t\t\tclass=\"lightbox-trigger\"\n\t\t\ttype=\"button\"\n\t\t\taria-haspopup=\"dialog\"\n\t\t\tdata-wp-bind--aria-label=\"state.thisImage.triggerButtonAriaLabel\"\n\t\t\tdata-wp-init=\"callbacks.initTriggerButton\"\n\t\t\tdata-wp-on--click=\"actions.showLightbox\"\n\t\t\tdata-wp-style--right=\"state.thisImage.buttonRight\"\n\t\t\tdata-wp-style--top=\"state.thisImage.buttonTop\"\n\t\t>\n\t\t\t<svg xmlns=\"http:\/\/www.w3.org\/2000\/svg\" width=\"12\" height=\"12\" fill=\"none\" viewBox=\"0 0 12 12\">\n\t\t\t\t<path fill=\"#fff\" d=\"M2 0a2 2 0 0 0-2 2v2h1.5V2a.5.5 0 0 1 .5-.5h2V0H2Zm2 10.5H2a.5.5 0 0 1-.5-.5V8H0v2a2 2 0 0 0 2 2h2v-1.5ZM8 12v-1.5h2a.5.5 0 0 0 .5-.5V8H12v2a2 2 0 0 1-2 2H8Zm2-12a2 2 0 0 1 2 2v2h-1.5V2a.5.5 0 0 0-.5-.5H8V0h2Z\" \/>\n\t\t\t<\/svg>\n\t\t<\/button><figcaption class=\"wp-element-caption\">Foto: Mus\u00e9e d&#8217;Art Moderne et Contemporain de Strasbourg \/ Google Maps<\/figcaption><\/figure>\n\n\n\n<h3 class=\"wp-block-heading\"><span class=\"ez-toc-section\" id=\"17_Strasbourg_Museum_of_Modern_and_Contemporary_Art_MAMCS\"><\/span>17. Strasbourg Museum of Modern and Contemporary Art (MAMCS)<span class=\"ez-toc-section-end\"><\/span><\/h3>\n\n\n\n<p class=\"wp-block-paragraph\">Per tutti gli amanti dell&#8217;arte un po&#8217; pi\u00f9 moderna \u00e8 assolutamente d&#8217;obbligo la visita al Museo d&#8217;arte moderna e contemporanea, che gli abitanti del posto chiamano in breve <a href=\"https:\/\/en.musees.strasbourg.eu\/mamcs\" target=\"_blank\" rel=\"nofollow noopener\">MAMCS<\/a>. Gi\u00e0 l&#8217;edificio stesso di questo museo \u00e8 una grande esperienza architettonica. <strong>Si tratta di un&#8217;enorme costruzione in vetro situata proprio sulla riva del fiume<\/strong>, che crea un contrasto visivo fantastico e molto fotogenico con il vicino quartiere storico della Petite France.<\/p>\n\n\n\n<p class=\"wp-block-paragraph\">All&#8217;interno ti aspettano collezioni d&#8217;arte davvero vaste, dalla fine dell&#8217;Ottocento fino ai giorni nostri, <strong>inclusa una ricchissima raccolta di fotografia e grafica moderna<\/strong>. Qui trovi esposte opere di celebri maestri come Kandinsky, Picasso o Monet, ma ampio spazio \u00e8 dedicato anche a installazioni spaziali contemporanee e a promettenti artisti alsaziani locali.<\/p>\n\n\n\n<p class=\"wp-block-paragraph\">\ud83d\udca1 Consiglio: dopo la lunga visita alle esposizioni non perderti assolutamente il caff\u00e8 del museo, che si trova sulla terrazza panoramica all&#8217;aperto. <strong>Da qui si offre una delle viste pi\u00f9 belle e meno note ai turisti sul centro storico e sulle torri dei Ponts Couverts<\/strong>, per di pi\u00f9 in perfetta tranquillit\u00e0, lontano dalle principali folle turistiche nelle strade sotto di te.<\/p>\n\n\n\n<figure data-wp-context=\"{&quot;imageId&quot;:&quot;6a9c269481724&quot;}\" data-wp-interactive=\"core\/image\" data-wp-key=\"6a9c269481724\" class=\"wp-block-image size-full wp-lightbox-container\"><img decoding=\"async\" width=\"1600\" height=\"1066\" data-wp-class--hide=\"state.isContentHidden\" data-wp-class--show=\"state.isContentVisible\" data-wp-init=\"callbacks.setButtonStyles\" data-wp-on--click=\"actions.showLightbox\" data-wp-on--load=\"callbacks.setButtonStyles\" data-wp-on--pointerdown=\"actions.preloadImage\" data-wp-on--pointerenter=\"actions.preloadImageWithDelay\" data-wp-on--pointerleave=\"actions.cancelPreload\" data-wp-on-window--resize=\"callbacks.setButtonStyles\" src=\"https:\/\/loudavymkrokem.cz\/wp-content\/uploads\/2026\/09\/mus-e-alsacien.jpg\" alt=\"Mus\u00e9e Alsacien\" class=\"wp-image-413235\" title=\"\" srcset=\"https:\/\/loudavymkrokem.cz\/wp-content\/uploads\/2026\/09\/mus-e-alsacien.jpg 1600w, https:\/\/loudavymkrokem.cz\/wp-content\/uploads\/2026\/09\/mus-e-alsacien-300x200.jpg 300w, https:\/\/loudavymkrokem.cz\/wp-content\/uploads\/2026\/09\/mus-e-alsacien-700x466.jpg 700w, https:\/\/loudavymkrokem.cz\/wp-content\/uploads\/2026\/09\/mus-e-alsacien-768x512.jpg 768w, https:\/\/loudavymkrokem.cz\/wp-content\/uploads\/2026\/09\/mus-e-alsacien-1536x1023.jpg 1536w, https:\/\/loudavymkrokem.cz\/wp-content\/uploads\/2026\/09\/mus-e-alsacien-696x464.jpg 696w, https:\/\/loudavymkrokem.cz\/wp-content\/uploads\/2026\/09\/mus-e-alsacien-1392x927.jpg 1392w\" sizes=\"(max-width: 1600px) 100vw, 1600px\" \/><button\n\t\t\tclass=\"lightbox-trigger\"\n\t\t\ttype=\"button\"\n\t\t\taria-haspopup=\"dialog\"\n\t\t\tdata-wp-bind--aria-label=\"state.thisImage.triggerButtonAriaLabel\"\n\t\t\tdata-wp-init=\"callbacks.initTriggerButton\"\n\t\t\tdata-wp-on--click=\"actions.showLightbox\"\n\t\t\tdata-wp-style--right=\"state.thisImage.buttonRight\"\n\t\t\tdata-wp-style--top=\"state.thisImage.buttonTop\"\n\t\t>\n\t\t\t<svg xmlns=\"http:\/\/www.w3.org\/2000\/svg\" width=\"12\" height=\"12\" fill=\"none\" viewBox=\"0 0 12 12\">\n\t\t\t\t<path fill=\"#fff\" d=\"M2 0a2 2 0 0 0-2 2v2h1.5V2a.5.5 0 0 1 .5-.5h2V0H2Zm2 10.5H2a.5.5 0 0 1-.5-.5V8H0v2a2 2 0 0 0 2 2h2v-1.5ZM8 12v-1.5h2a.5.5 0 0 0 .5-.5V8H12v2a2 2 0 0 1-2 2H8Zm2-12a2 2 0 0 1 2 2v2h-1.5V2a.5.5 0 0 0-.5-.5H8V0h2Z\" \/>\n\t\t\t<\/svg>\n\t\t<\/button><figcaption class=\"wp-element-caption\">Foto: Bertrand Strasbourg \/ Google Maps<\/figcaption><\/figure>\n\n\n\n<h3 class=\"wp-block-heading\"><span class=\"ez-toc-section\" id=\"18_Musee_Alsacien\"><\/span>18. Mus\u00e9e Alsacien<span class=\"ez-toc-section-end\"><\/span><\/h3>\n\n\n\n<p class=\"wp-block-paragraph\">Se vuoi penetrare davvero a fondo nell&#8217;anima di questa regione, visita prima il <a href=\"https:\/\/en.musees.strasbourg.eu\/alsatian-museum\" target=\"_blank\" rel=\"nofollow noopener\">Mus\u00e9e Alsacien<\/a>. Si trova in diverse case storiche a graticcio collegate tra loro e <strong>ripercorre splendidamente la tradizionale vita popolare alsaziana, le usanze rurali e i mestieri d&#8217;epoca<\/strong>. Tutto \u00e8 ambientato in un contesto storico assolutamente autentico e leggermente labirintico, pieno di scale di legno scricchiolanti.<\/p>\n\n\n\n<p class=\"wp-block-paragraph\">Grazie a questo otterrai un ottimo contesto per ci\u00f2 che vedrai poi per le strade e capirai meglio come si viveva davvero qui. Scoprirai quali mestieri dominavano nella zona, vedrai i costumi tipici e all&#8217;improvviso tutta l&#8217;architettura circostante avr\u00e0 ancora pi\u00f9 senso.<\/p>\n\n\n\n<h2 class=\"wp-block-heading\"><span class=\"ez-toc-section\" id=\"Dove_andare_partendo_da_Strasburgo\"><\/span>Dove andare partendo da Strasburgo<span class=\"ez-toc-section-end\"><\/span><\/h2>\n\n\n\n<p class=\"wp-block-paragraph\">Strasburgo funziona come <strong>base assolutamente ideale per esplorare tutta l&#8217;Alsazia<\/strong>. In poco meno di un&#8217;ora di viaggio raggiungi villaggi fiabeschi che sembrano scenografie di un film storico. Se hai a disposizione un&#8217;auto, <strong>non perderti assolutamente il nostro itinerario nell&#8217;articolo <a href=\"https:\/\/loudavymkrokem.cz\/it\/alsazia-francia-villaggi-strada-vino\/\">La Strada dei Vini d&#8217;Alsazia: i 12 villaggi pi\u00f9 belli<\/a><\/strong>, dove descriviamo in dettaglio le tappe lungo il percorso attraverso paesini come Riquewihr o Kaysersberg.<\/p>\n\n\n\n<p class=\"wp-block-paragraph\">Vale decisamente una visita a s\u00e9 la capitale del vino alsaziano, di cui abbiamo scritto diffusamente nella guida <a href=\"https:\/\/loudavymkrokem.cz\/it\/colmar-francia\/\">Colmar, Francia<\/a>. \u00c8 una versione pi\u00f9 piccola e ancora pi\u00f9 concentrata di Strasburgo, con lo splendido quartiere chiamato Petite Venise.<\/p>\n\n\n\n<p class=\"wp-block-paragraph\">Quando cercherai altra ispirazione per gite nei dintorni, magari sulle mappe ti imbatterai nell&#8217;\u00c9comus\u00e9e d&#8217;Alsace o nel museo militare MM Park, ma non farti ingannare. L&#8217;\u00c9comus\u00e9e si trova a Ungersheim, a circa sessanta chilometri dalla citt\u00e0, mentre l&#8217;MM Park lo trovi nel comune di La Wantzenau, perci\u00f2 <strong>entrambi i luoghi richiedono piuttosto una gita di mezza o intera giornata in auto<\/strong> e non si trovano affatto a distanza pedonale dal centro citt\u00e0.<\/p>\n\n\n\n<p class=\"wp-block-paragraph\">Se hai in programma un&#8217;esplorazione pi\u00f9 ampia del Paese dei formaggi e del vino, dai un&#8217;occhiata al nostro <a href=\"https:\/\/loudavymkrokem.cz\/it\/viaggio-auto-francia-14-giorni\/\">Roadtrip in Francia: itinerario di 14 giorni<\/a>, dove trovi tanti consigli pratici per gli spostamenti lunghi. E se dovessi comunque decidere di partire a fine anno, non dimenticare di dare un&#8217;occhiata al nostro speciale <a href=\"https:\/\/loudavymkrokem.cz\/it\/mercatini-natale-strasburgo-francia\/\">Mercatini di Natale a Strasburgo<\/a>.<\/p>\n\n\n\n<h2 class=\"wp-block-heading\"><span class=\"ez-toc-section\" id=\"Domande_frequenti\"><\/span>Domande frequenti<span class=\"ez-toc-section-end\"><\/span><\/h2>\n\n\n<div id=\"rank-math-faq\" class=\"rank-math-block\">\n<div class=\"rank-math-list \">\n<div id=\"faq-question-1788283122000\" class=\"rank-math-list-item\">\n<h3 class=\"rank-math-question \"><span class=\"ez-toc-section\" id=\"Quando_si_tengono_i_mercatini_di_Natale_nel_2026\"><\/span>Quando si tengono i mercatini di Natale nel 2026?<span class=\"ez-toc-section-end\"><\/span><\/h3>\n<div class=\"rank-math-answer \">\n\n<p>Nel 2026 i famosi mercatini dell&#8217;Avvento si svolgono da venerd\u00ec 27 novembre a domenica 27 dicembre. Si estendono in undici diverse location in tutto il centro storico della Grande \u00cele, mentre i pi\u00f9 famosi e grandi si trovano in Place Broglie e nella piazza principale Place Kl\u00e9ber.<\/p>\n\n<\/div>\n<\/div>\n<div id=\"faq-question-1788283122001\" class=\"rank-math-list-item\">\n<h3 class=\"rank-math-question \"><span class=\"ez-toc-section\" id=\"Come_funziona_il_sistema_di_parcheggio_Park_and_Ride\"><\/span>Come funziona il sistema di parcheggio Park and Ride?<span class=\"ez-toc-section-end\"><\/span><\/h3>\n<div class=\"rank-math-answer \">\n\n<p>\u00c8 sicuramente il modo pi\u00f9 intelligente per raggiungere il centro senza stress. Si paga una tariffa unica molto conveniente per il parcheggio dell&#8217;intera giornata in un&#8217;area di sosta situata ai margini della citt\u00e0. Con questo prezzo tutti i passeggeri della vostra auto ricevono automaticamente un biglietto andata e ritorno per il tram direttamente in centro. Si risparmiano cos\u00ec tanti soldi per i costosi parcheggi sotterranei e nervi evitando di destreggiarsi nelle strette strade a senso unico.<\/p>\n\n<\/div>\n<\/div>\n<div id=\"faq-question-1788283122002\" class=\"rank-math-list-item\">\n<h3 class=\"rank-math-question \"><span class=\"ez-toc-section\" id=\"Quanti_giorni_dedicare_alla_visita_della_citta\"><\/span>Quanti giorni dedicare alla visita della citt\u00e0?<span class=\"ez-toc-section-end\"><\/span><\/h3>\n<div class=\"rank-math-answer \">\n\n<p>Per riuscire ad assaporare la giusta atmosfera tranquilla e visitare tutti i principali monumenti senza stress inutile, consiglio di dedicare alla citt\u00e0 dai due ai tre giorni pieni. Se avete intenzione di visitare anche i musei locali o gli spazi del Parlamento Europeo, tre giorni saranno assolutamente ideali.<\/p>\n\n<\/div>\n<\/div>\n<div id=\"faq-question-1788283122003\" class=\"rank-math-list-item\">\n<h3 class=\"rank-math-question \"><span class=\"ez-toc-section\" id=\"Le_visite_al_Parlamento_Europeo_sono_a_pagamento\"><\/span>Le visite al Parlamento Europeo sono a pagamento?<span class=\"ez-toc-section-end\"><\/span><\/h3>\n<div class=\"rank-math-answer \">\n\n<p>No, le visite per il pubblico e l&#8217;ingresso al moderno centro interattivo Parlamentarium Simone Veil sono completamente gratuiti per tutti i visitatori. \u00c8 per\u00f2 necessario avere con s\u00e9 un documento d&#8217;identit\u00e0 valido come carta d&#8217;identit\u00e0 o passaporto e mettere in conto l&#8217;attesa ai rigidi controlli di sicurezza all&#8217;ingresso.<\/p>\n\n<\/div>\n<\/div>\n<div id=\"faq-question-1788283122004\" class=\"rank-math-list-item\">\n<h3 class=\"rank-math-question \"><span class=\"ez-toc-section\" id=\"Qual_e_il_modo_migliore_per_muoversi_nel_centro\"><\/span>Qual \u00e8 il modo migliore per muoversi nel centro?<span class=\"ez-toc-section-end\"><\/span><\/h3>\n<div class=\"rank-math-answer \">\n\n<p>Il centro storico sull&#8217;isola della Grande \u00cele \u00e8 abbastanza compatto e lo si esplora al meglio a piedi. Per spostamenti pi\u00f9 lunghi, ad esempio verso il Parlamento Europeo o nei parchi pi\u00f9 distanti, consiglio di utilizzare l&#8217;ottimo sistema di tram, che conta sei linee che coprono in modo affidabile tutta la citt\u00e0.<\/p>\n\n<\/div>\n<\/div>\n<div id=\"faq-question-1788283122005\" class=\"rank-math-list-item\">\n<h3 class=\"rank-math-question \"><span class=\"ez-toc-section\" id=\"Strasburgo_e_una_citta_cara\"><\/span>Strasburgo \u00e8 una citt\u00e0 cara?<span class=\"ez-toc-section-end\"><\/span><\/h3>\n<div class=\"rank-math-answer \">\n\n<p>Dipende puramente dal periodo in cui partite. Durante i mercatini dell&#8217;Avvento i prezzi degli alloggi in centro salgono a livelli astronomici. Se per\u00f2 arrivate fuori dicembre, ad esempio a gennaio o febbraio, i prezzi degli hotel scendono a una frazione e la citt\u00e0 \u00e8 assolutamente paragonabile dal punto di vista dei costi ad altre normali destinazioni europee.<\/p>\n\n<\/div>\n<\/div>\n<div id=\"faq-question-1788283122006\" class=\"rank-math-list-item\">\n<h3 class=\"rank-math-question \"><span class=\"ez-toc-section\" id=\"La_citta_e_adatta_ai_vegetariani\"><\/span>La citt\u00e0 \u00e8 adatta ai vegetariani?<span class=\"ez-toc-section-end\"><\/span><\/h3>\n<div class=\"rank-math-answer \">\n\n<p>Assolutamente s\u00ec. Anche se la cucina alsaziana \u00e8 nota per i suoi piatti di carne, i vegetariani non soffriranno certo la fame. In ogni ristorante troverete ottimi sp\u00e4tzle al formaggio, nelle panetterie profumano i tradizionali bretzel e ovunque si offre la variante senza carne della croccante torta tarte flamb\u00e9e con formaggio e funghi.<\/p>\n\n<\/div>\n<\/div>\n<div id=\"faq-question-1788283122007\" class=\"rank-math-list-item\">\n<h3 class=\"rank-math-question \"><span class=\"ez-toc-section\" id=\"Quali_sono_i_posti_migliori_per_le_foto\"><\/span>Quali sono i posti migliori per le foto?<span class=\"ez-toc-section-end\"><\/span><\/h3>\n<div class=\"rank-math-answer \">\n\n<p>Le foto da cartolina pi\u00f9 famose le scatterete sicuramente dalla terrazza panoramica sulla storica diga Barrage Vauban, da cui si vedono splendidamente i ponti di pietra Ponts Couverts e la maestosa torre della cattedrale. Altri luoghi molto fotogenici si trovano lungo i canali d&#8217;acqua nel quartiere storico della Petite France.<\/p>\n\n<\/div>\n<\/div>\n<\/div>\n<\/div>","protected":false},"excerpt":{"rendered":"<p>Scopri Strasburgo, in Francia, senza folle di turisti. Ti dir\u00f2 quando partire, dove trovare le migliori viste gratuite e come goderti questa incantevole citt\u00e0 alsaziana fino in fondo.<\/p>\n","protected":false},"author":3,"featured_media":413378,"comment_status":"open","ping_status":"open","sticky":false,"template":"","format":"standard","meta":{"_acf_changed":false,"footnotes":"","rank_math_title":"Strasburgo, Francia: 18 cose da vedere e fare","rank_math_description":"Strasburgo, in Francia: 18 cose da vedere e fare, dalla cattedrale alla Petite France. Scopri quando andare e i migliori punti panoramici. Leggi la guida!","rank_math_focus_keyword":"strasburgo francia","rank_math_seo_score":""},"categories":[554,620,722],"tags":[],"class_list":["post-417315","post","type-post","status-publish","format-standard","has-post-thumbnail","category-europa","category-francia","category-viaggi"],"acf":[],"featured_image_src":"https:\/\/loudavymkrokem.cz\/wp-content\/uploads\/2026\/09\/strasburska-katedrala-7353a339.jpg","author_info":{"display_name":"Lucie Kone\u010dn\u00e1","author_link":"https:\/\/loudavymkrokem.cz\/it\/author\/lucie-konecna\/"},"_links":{"self":[{"href":"https:\/\/loudavymkrokem.cz\/it\/wp-json\/wp\/v2\/posts\/417315","targetHints":{"allow":["GET"]}}],"collection":[{"href":"https:\/\/loudavymkrokem.cz\/it\/wp-json\/wp\/v2\/posts"}],"about":[{"href":"https:\/\/loudavymkrokem.cz\/it\/wp-json\/wp\/v2\/types\/post"}],"author":[{"embeddable":true,"href":"https:\/\/loudavymkrokem.cz\/it\/wp-json\/wp\/v2\/users\/3"}],"replies":[{"embeddable":true,"href":"https:\/\/loudavymkrokem.cz\/it\/wp-json\/wp\/v2\/comments?post=417315"}],"version-history":[{"count":2,"href":"https:\/\/loudavymkrokem.cz\/it\/wp-json\/wp\/v2\/posts\/417315\/revisions"}],"predecessor-version":[{"id":417317,"href":"https:\/\/loudavymkrokem.cz\/it\/wp-json\/wp\/v2\/posts\/417315\/revisions\/417317"}],"wp:featuredmedia":[{"embeddable":true,"href":"https:\/\/loudavymkrokem.cz\/it\/wp-json\/wp\/v2\/media\/413378"}],"wp:attachment":[{"href":"https:\/\/loudavymkrokem.cz\/it\/wp-json\/wp\/v2\/media?parent=417315"}],"wp:term":[{"taxonomy":"category","embeddable":true,"href":"https:\/\/loudavymkrokem.cz\/it\/wp-json\/wp\/v2\/categories?post=417315"},{"taxonomy":"post_tag","embeddable":true,"href":"https:\/\/loudavymkrokem.cz\/it\/wp-json\/wp\/v2\/tags?post=417315"}],"curies":[{"name":"wp","href":"https:\/\/api.w.org\/{rel}","templated":true}]}}