{"id":408972,"date":"2026-08-25T20:45:06","date_gmt":"2026-08-25T18:45:06","guid":{"rendered":"https:\/\/loudavymkrokem.cz\/dc-8-amazzonia-ultimo-viaggio\/"},"modified":"2026-08-31T06:46:06","modified_gmt":"2026-08-31T04:46:06","slug":"dc-8-amazzonia-ultimo-viaggio","status":"publish","type":"post","link":"https:\/\/loudavymkrokem.cz\/it\/dc-8-amazzonia-ultimo-viaggio\/","title":{"rendered":"DC-8 Air New Zealand torna a casa dopo 20 anni in Amazzonia"},"content":{"rendered":"<p>L&#8217;aereo con la matricola ZK-NZC \u00e8 l&#8217;unico esemplare superstite degli otto DC-8 che un tempo formavano la flotta a lungo raggio di Air New Zealand, scrive il <a href=\"https:\/\/www.nttmuseumwanaka.co.nz\/blog\/bring-our-birds-home\" target=\"_blank\" rel=\"noreferrer noopener nofollow\">National Transport and Toy Museum W\u0101naka<\/a>. Dopo vent&#8217;anni fermo su una pista in <strong>Amazzonia<\/strong>, questo pezzo di storia dell&#8217;aviazione si prepara ora al suo ultimo viaggio verso casa. Fu costruito dalla fabbrica Douglas a Long Beach, in California, e la compagnia aerea lo ricevette nel settembre del 1965.<\/p>\n<p>Air New Zealand mise fuori servizio l&#8217;aereo nel 1981. Poi cambi\u00f2 pi\u00f9 volte proprietario, finch\u00e9 fin\u00ec nelle mani del vettore cargo brasiliano TCB, che cess\u00f2 le operazioni nel 2006. Da allora il velivolo \u00e8 rimasto ad arrugginire all&#8217;aeroporto di Manaus-Eduardo Gomes.<\/p>\n<div id=\"ez-toc-container\" class=\"ez-toc-v2_0_86 ez-toc-wrap-left counter-hierarchy ez-toc-counter ez-toc-grey ez-toc-container-direction\">\n<div class=\"ez-toc-title-container\">\n<p class=\"ez-toc-title\" style=\"cursor:inherit\">Contenuto dell&#039;articolo<\/p>\n<span class=\"ez-toc-title-toggle\"><a href=\"#\" class=\"ez-toc-pull-right ez-toc-btn ez-toc-btn-xs ez-toc-btn-default ez-toc-toggle\" aria-label=\"Toggle Table of Content\"><span class=\"ez-toc-js-icon-con\"><span class=\"\"><span class=\"eztoc-hide\" style=\"display:none;\">Toggle<\/span><span class=\"ez-toc-icon-toggle-span\"><svg style=\"fill: #999;color:#999\" xmlns=\"http:\/\/www.w3.org\/2000\/svg\" class=\"list-377408\" width=\"20px\" height=\"20px\" viewBox=\"0 0 24 24\" fill=\"none\"><path d=\"M6 6H4v2h2V6zm14 0H8v2h12V6zM4 11h2v2H4v-2zm16 0H8v2h12v-2zM4 16h2v2H4v-2zm16 0H8v2h12v-2z\" fill=\"currentColor\"><\/path><\/svg><svg style=\"fill: #999;color:#999\" class=\"arrow-unsorted-368013\" xmlns=\"http:\/\/www.w3.org\/2000\/svg\" width=\"10px\" height=\"10px\" viewBox=\"0 0 24 24\" version=\"1.2\" baseProfile=\"tiny\"><path d=\"M18.2 9.3l-6.2-6.3-6.2 6.3c-.2.2-.3.4-.3.7s.1.5.3.7c.2.2.4.3.7.3h11c.3 0 .5-.1.7-.3.2-.2.3-.5.3-.7s-.1-.5-.3-.7zM5.8 14.7l6.2 6.3 6.2-6.3c.2-.2.3-.5.3-.7s-.1-.5-.3-.7c-.2-.2-.4-.3-.7-.3h-11c-.3 0-.5.1-.7.3-.2.2-.3.5-.3.7s.1.5.3.7z\"\/><\/svg><\/span><\/span><\/span><\/a><\/span><\/div>\n<nav><ul class='ez-toc-list ez-toc-list-level-1 ' ><li class='ez-toc-page-1 ez-toc-heading-level-2'><a class=\"ez-toc-link ez-toc-heading-1\" href=\"https:\/\/loudavymkrokem.cz\/it\/dc-8-amazzonia-ultimo-viaggio\/#Una_leggenda_che_trasporto_la_regina\" >Una leggenda che trasport\u00f2 la regina<\/a><\/li><li class='ez-toc-page-1 ez-toc-heading-level-2'><a class=\"ez-toc-link ez-toc-heading-2\" href=\"https:\/\/loudavymkrokem.cz\/it\/dc-8-amazzonia-ultimo-viaggio\/#Il_ritorno_a_casa_attraverso_loceano\" >Il ritorno a casa attraverso l&#8217;oceano<\/a><\/li><li class='ez-toc-page-1 ez-toc-heading-level-2'><a class=\"ez-toc-link ez-toc-heading-3\" href=\"https:\/\/loudavymkrokem.cz\/it\/dc-8-amazzonia-ultimo-viaggio\/#Cosa_significa_in_pratica\" >Cosa significa in pratica<\/a><\/li><\/ul><\/nav><\/div>\n<h2><span class=\"ez-toc-section\" id=\"Una_leggenda_che_trasporto_la_regina\"><\/span>Una leggenda che trasport\u00f2 la regina<span class=\"ez-toc-section-end\"><\/span><\/h2>\n<p>Questo particolare esemplare ha un pezzo di storia nel suo curriculum. Il <strong>30 gennaio 1974<\/strong> trasport\u00f2 la regina Elisabetta II, la principessa Anna e Mark Phillips da Rarotonga a Christchurch, scrive l&#8217;<a href=\"https:\/\/www.odt.co.nz\/regions\/wanaka\/w%C4%81naka-final-resting-place-iconic-aircraft\" target=\"_blank\" rel=\"noreferrer noopener nofollow\">Otago Daily Times<\/a>. Pochi giorni dopo la regina inaugurava i Giochi del Commonwealth britannico nel parco QEII di Christchurch.<\/p>\n<p>Secondo Paul Brennan, fondatore dell&#8217;associazione benefica Bring Our Birds Home, fu proprio questo modello di aereo a giocare un ruolo chiave nel trasformare Air New Zealand in una vera e propria compagnia aerea internazionale, riporta l&#8217;<a href=\"https:\/\/www.odt.co.nz\/star-news\/star-christchurch\/iconic-dc-8-heading-back-home\" target=\"_blank\" rel=\"noreferrer noopener nofollow\">Otago Daily Times<\/a>.<\/p>\n<h2><span class=\"ez-toc-section\" id=\"Il_ritorno_a_casa_attraverso_loceano\"><\/span>Il ritorno a casa attraverso l&#8217;oceano<span class=\"ez-toc-section-end\"><\/span><\/h2>\n<p>Lo smontaggio dell&#8217;aereo dovrebbe iniziare il <strong>1\u00b0 settembre 2026<\/strong>. Il velivolo verr\u00e0 tagliato in sezioni (fusoliera, ali suddivise per il trasporto in container e piani di coda) e trasportato via mare fino al porto di <strong>Timaru<\/strong>, sull&#8217;Isola del Sud.<\/p>\n<p>L\u00ec dovrebbe arrivare entro la fine dell&#8217;anno, scrivono i media brasiliani <a href=\"https:\/\/aerojota.com.br\/dc-8-abandonado-manaus-nova-zelandia\/\" target=\"_blank\" rel=\"noreferrer noopener nofollow\">AeroJota<\/a> e <a href=\"https:\/\/www.rondoniaovivo.com\/noticia\/geral\/2026\/08\/13\/fim-do-abandono-dc-8-que-esta-ha-duas-decadas-em-manaus-vai-de-navio-para-a-nova-zelandia.html\" target=\"_blank\" rel=\"noreferrer noopener nofollow\">Rond\u00f4nia ao Vivo<\/a>.<\/p>\n<p>Un DC-8-52 vuoto pesa circa 60 tonnellate, misura 45,9 metri di lunghezza e ha un&#8217;apertura alare di 43,4 metri. Secondo la stessa fonte, alla logistica partecipano il gestore aeroportuale VINCI Airports e la societ\u00e0 Freightplus, specializzata in carichi internazionali pesanti.<\/p>\n<p>I costi sono coperti da donatori anonimi. L&#8217;associazione Bring Our Birds Home raccoglie inoltre fondi da nove anni sul portale <a href=\"https:\/\/givealittle.co.nz\/cause\/bringourbirdshome\" target=\"_blank\" rel=\"noreferrer noopener nofollow\">Givealittle<\/a> e ad agosto 2026 ha raccolto <strong>40.035 NZD<\/strong> da 467 donatori.<\/p>\n<h2><span class=\"ez-toc-section\" id=\"Cosa_significa_in_pratica\"><\/span>Cosa significa in pratica<span class=\"ez-toc-section-end\"><\/span><\/h2>\n<p>Se stai pianificando un viaggio sull&#8217;Isola del Sud della Nuova Zelanda, una volta completato il restauro potrai vedere questo pezzo di storia dell&#8217;aviazione al <strong>National Transport and Toy Museum di W\u0101naka<\/strong>. Il museo si trova proprio accanto all&#8217;aeroporto ed \u00e8 normalmente aperto al pubblico.<\/p>\n<p>Il processo di smontaggio e la traversata si possono seguire anche online. L&#8217;associazione li documenta costantemente sulla campagna Givealittle e sui social network.<\/p>\n<p>Questa operazione non ha alcun impatto sui voli verso il Brasile n\u00e9 sul funzionamento dell&#8217;aeroporto di Manaus. Si tratta infatti solo del trasferimento una tantum di una cellula dismessa.<\/p>\n<p>Chi sta ancora organizzando un viaggio in Nuova Zelanda deve tenere presente che l&#8217;aereo dovrebbe arrivare a Timaru <strong>entro la fine del 2026<\/strong> e raggiunger\u00e0 il museo di W\u0101naka solo dopo un ulteriore restauro.<\/p>\n\n\n<!-- LKM_GYG_CARD start q=\"cestu domu\" lang=\"it\" rendered=\"2026-08-31T04:45:44+00:00\" v=\"1\" -->\n<style id=\"lk-gyg-styles\">\n@import url(\"https:\/\/fonts.googleapis.com\/css2?family=Playfair+Display:wght@700&family=DM+Sans:wght@300;400;500;600&display=swap\");\n\/* === LK GYG karty \u2014 CRO redesign 2026-05 (namespace .lkx-) ===\n   C\u00edl: vy\u0161\u0161\u00ed CTR (hero + v\u00fdrazn\u00fd social proof + ak\u010dn\u00ed CTA, m\u00e9n\u011b \"reklamn\u00ed\").\n   Injektuje se inline do prvn\u00edho markeru postu (refresh_cards.py --inline-css). *\/\n.lkx-module, .lkx-module *{box-sizing:border-box;margin:0;padding:0}\n.lkx-module{\n  font-family:'DM Sans',-apple-system,Segoe UI,Roboto,Georgia,sans-serif;\n  max-width:860px;margin:2.5rem auto;color:#1f2328;\n}\n\n\/* HEADER \u2014 lehk\u00fd editorsk\u00fd, \u017e\u00e1dn\u00fd bannerov\u00fd blok; nadpis + popisek pod n\u00edm *\/\n.lkx-head{margin-bottom:16px}\n.lkx-head-main{display:flex;align-items:center;gap:10px}\n.lkx-head-accent{width:26px;height:3px;border-radius:2px;background:#c39f76;flex-shrink:0}\n.lkx-head-title{font-family:'Playfair Display',Georgia,serif;font-size:21px;font-weight:700;color:#1a1a1a;line-height:1.25}\n.lkx-head-meta{display:block;font-size:11px;letter-spacing:.3px;color:#9aa0a6;margin-top:4px;margin-left:36px}\n\n\/* HERO *\/\n.lkx-hero{display:grid;grid-template-columns:300px 1fr;background:#fff;border:1px solid #ece7df;border-radius:14px;overflow:hidden;text-decoration:none!important;color:inherit;box-shadow:0 6px 20px rgba(0,0,0,.06);transition:box-shadow .2s,transform .2s;margin-bottom:14px}\n.lkx-hero:hover{box-shadow:0 12px 30px rgba(0,0,0,.12);transform:translateY(-2px)}\n.lkx-hero-img{position:relative;min-height:230px;background-size:cover;background-position:center;background-color:#eee}\n.lkx-hero-body{padding:22px 24px;display:flex;flex-direction:column}\n.lkx-pick{position:absolute;top:12px;left:12px;background:#1a1a1a;color:#fff;font-size:11px;font-weight:700;letter-spacing:.5px;padding:5px 11px;border-radius:20px}\n\n\/* TITLE *\/\n.lkx-title{font-size:19px;font-weight:700;color:#161616;line-height:1.3}\n.lkx-title-sm{font-size:14.5px;line-height:1.35;display:-webkit-box;-webkit-line-clamp:2;-webkit-box-orient:vertical;overflow:hidden}\n\n\/* SOCIAL PROOF \u2014 v\u00fdrazn\u011b, naho\u0159e *\/\n.lkx-proof{display:flex;align-items:center;gap:7px;margin-top:12px;font-size:15px;color:#3a3a3a}\n.lkx-proof b{font-size:16px;color:#161616}\n.lkx-stars{color:#f5a623;letter-spacing:1px}\n.lkx-proof-sm{font-size:12.5px;margin-top:8px;gap:5px}\n.lkx-proof-sm b{font-size:13px}\n.lkx-proof-new{color:#3685fc;font-weight:600}\n\n\/* PRICE \u2014 n\u00edzk\u00e1 kotva *\/\n.lkx-price{font-size:14px;color:#6b7280}\n.lkx-price b{font-size:20px;color:#161616;font-weight:700}\n.lkx-price-sm b{font-size:15px}\n\n\/* CTA \u2014 tepl\u00e9 ak\u010dn\u00ed tla\u010d\u00edtko *\/\n.lkx-cta{display:inline-flex;align-items:center;justify-content:center;text-decoration:none!important;font-weight:700;color:#fff!important;background:linear-gradient(135deg,#f6743f,#e8552a);border-radius:10px;box-shadow:0 6px 16px rgba(232,85,42,.32);transition:box-shadow .2s}\n.lkx-cta-hero{font-size:15px;padding:13px 22px}\n.lkx-hero:hover .lkx-cta-hero{box-shadow:0 8px 22px rgba(232,85,42,.45)}\n.lkx-cta-sm{font-size:12.5px;padding:9px 14px;width:100%;margin-top:2px}\n.lkx-hero-bottom{margin-top:auto;padding-top:18px;display:flex;align-items:center;justify-content:space-between;gap:14px;flex-wrap:wrap}\n\n\/* BADGE \u2014 jeden v\u00fdrazn\u00fd na fotce *\/\n.lkx-badge{position:absolute;top:12px;right:12px;font-size:10.5px;font-weight:700;letter-spacing:.3px;padding:5px 10px;border-radius:16px;color:#fff}\n.lkx-badge.badge-urgency{background:rgba(214,40,40,.92)}\n.lkx-badge.badge-new{background:rgba(54,133,252,.92)}\n.lkx-badge.badge-top{background:rgba(195,159,118,.95)}\n.lkx-badge.badge-info{background:rgba(40,40,40,.78)}\n\n\/* SECONDARY GRID *\/\n.lkx-grid{display:grid;grid-template-columns:1fr 1fr;gap:14px}\n.lkx-card{background:#fff;border:1px solid #ece7df;border-radius:14px;overflow:hidden;text-decoration:none!important;color:inherit;box-shadow:0 4px 14px rgba(0,0,0,.05);display:flex;flex-direction:column;transition:box-shadow .2s,transform .2s}\n.lkx-card:hover{box-shadow:0 10px 24px rgba(0,0,0,.1);transform:translateY(-2px)}\n.lkx-card-img{position:relative;aspect-ratio:16\/10;background-size:cover;background-position:center;background-color:#eee}\n.lkx-card-body{padding:14px 16px 16px;display:flex;flex-direction:column;gap:7px;flex:1}\n.lkx-card-bottom{margin-top:auto;padding-top:10px;display:flex;align-items:center;justify-content:space-between;gap:8px}\n\n\/* DISCLOSURE \u2014 drobn\u00e1, kv\u016fli d\u016fv\u011b\u0159e\/z\u00e1konu *\/\n.lkx-disclosure{font-size:11px;color:#a7adb3;text-align:center;margin-top:14px;line-height:1.6}\n.lkx-disclosure a{color:#c39f76;text-decoration:none}\n\n@media(max-width:680px){\n  .lkx-hero{grid-template-columns:1fr}\n  .lkx-hero-img{min-height:180px}\n  .lkx-grid{grid-template-columns:1fr}\n  .lkx-head-meta{margin-left:0;width:100%}\n  .lkx-head-title{font-size:19px}\n}\n\n<\/style>\n<div class=\"lkx-module\" data-query=\"cestu domu\">\n  <div class=\"lkx-head\">\n    <div class=\"lkx-head-main\">\n      <span class=\"lkx-head-accent\"><\/span>\n      <span class=\"lkx-head-title\">Esperienze e biglietti<\/span>\n    <\/div>\n    <span class=\"lkx-head-meta\">valutato dai viaggiatori \u00b7 GetYourGuide<\/span>\n  <\/div><a class=\"lkx-hero\" href=\"https:\/\/www.getyourguide.com\/it-it\/bucarest-l111\/bucarest-palazzo-del-parlamento-casa-di-ceausescu-visita-del-villaggio-t1408656\/?partner_id=MKZ64IS&amp;utm_medium=online_publisher&amp;cmp=dc-8-amazzonia-ultimo-viaggio\" target=\"_blank\" rel=\"sponsored noopener nofollow\">\n    <div class=\"lkx-hero-img\" style=\"background-image:url('https:\/\/cdn.getyourguide.com\/img\/tour\/a1a08ee8b9181726deae6592bd8f78ae51968087a0a286ee9ca83bc6aaf2984a.jpg\/132.jpg')\" role=\"img\" aria-label=\"Bucarest: Palazzo del Parlamento, Casa di Ceausescu - Visita del Villaggio\">\n      <span class=\"lkx-pick\">\u2605 La nostra scelta<\/span><\/div>\n    <div class=\"lkx-hero-body\">\n      <div class=\"lkx-title\">Bucarest: Palazzo del Parlamento, Casa di Ceausescu &#8211; Visita del Villaggio<\/div>\n      <div class=\"lkx-proof\">\n      <span class=\"lkx-stars\">\u2605\u2605\u2605\u2605\u2605<\/span>\n      <b>4.9<\/b> \u00b7 120 recensioni\n    <\/div>\n      <div class=\"lkx-hero-bottom\"><div class=\"lkx-price\">da <b>19\u00a0\u20ac<\/b><\/div><span class=\"lkx-cta lkx-cta-hero\">Voglio questa esperienza \u2192<\/span>\n      <\/div>\n    <\/div>\n  <\/a><div class=\"lkx-grid\"><a class=\"lkx-card\" href=\"https:\/\/www.getyourguide.com\/it-it\/bucarest-l111\/salta-fila-parlamento-casa-di-ceausescu-e-museo-del-villaggio-t1416896\/?partner_id=MKZ64IS&amp;utm_medium=online_publisher&amp;cmp=dc-8-amazzonia-ultimo-viaggio\" target=\"_blank\" rel=\"sponsored noopener nofollow\">\n      <div class=\"lkx-card-img\" style=\"background-image:url('https:\/\/cdn.getyourguide.com\/img\/tour\/976fd23f39a25a4bcbe9385ee5b65aa5f3b5a69deb8ddcc59222f1ccff790906.jpg\/132.jpg')\" role=\"img\" aria-label=\"Salta fila - Parlamento, Casa di Ceau\u0219escu e Museo del Villaggio\"><\/div>\n      <div class=\"lkx-card-body\">\n        <div class=\"lkx-title lkx-title-sm\">Salta fila &#8211; Parlamento, Casa di Ceau\u0219escu e Museo del Villaggio<\/div>\n        <div class=\"lkx-proof lkx-proof-sm\">\n      <span class=\"lkx-stars\">\u2605<\/span>\n      <b>5.0<\/b> \u00b7 27\n    <\/div>\n        <div class=\"lkx-card-bottom\"><span class=\"lkx-price lkx-price-sm\">da <b>19\u00a0\u20ac<\/b><\/span><span class=\"lkx-cta lkx-cta-sm\">Vedi le date \u2192<\/span>\n        <\/div>\n      <\/div>\n    <\/a><a class=\"lkx-card\" href=\"https:\/\/www.getyourguide.com\/it-it\/bucarest-l111\/tour-del-palazzo-del-parlamento-della-casa-di-ceausescu-e-del-museo-del-villaggio-t1425861\/?partner_id=MKZ64IS&amp;utm_medium=online_publisher&amp;cmp=dc-8-amazzonia-ultimo-viaggio\" target=\"_blank\" rel=\"sponsored noopener nofollow\">\n      <div class=\"lkx-card-img\" style=\"background-image:url('https:\/\/cdn.getyourguide.com\/img\/tour\/46d6918981e2de85c087c9f3e59e62a879dbee03bd162069c0e6bb0d933a2b7d.jpg\/132.jpg')\" role=\"img\" aria-label=\"Tour del Palazzo del Parlamento, della casa di Ceausescu e del Museo del Villaggio\"><\/div>\n      <div class=\"lkx-card-body\">\n        <div class=\"lkx-title lkx-title-sm\">Tour del Palazzo del Parlamento, della casa di Ceausescu e del Museo del Villaggio<\/div>\n        <div class=\"lkx-proof lkx-proof-sm\">\n      <span class=\"lkx-stars\">\u2605<\/span>\n      <b>4.9<\/b> \u00b7 13\n    <\/div>\n        <div class=\"lkx-card-bottom\"><span class=\"lkx-price lkx-price-sm\">da <b>19\u00a0\u20ac<\/b><\/span><span class=\"lkx-cta lkx-cta-sm\">Vedi le date \u2192<\/span>\n        <\/div>\n      <\/div>\n    <\/a><\/div><div class=\"lkx-disclosure\">\ud83d\udd17 Link di affiliazione \u2014 nessun costo aggiuntivo per te, ci aiutano a creare contenuti. \u00b7 <a href=\"https:\/\/www.getyourguide.com\/it-it\/s\/?q=cestu+domu&amp;partner_id=MKZ64IS&amp;utm_medium=online_publisher\" target=\"_blank\" rel=\"sponsored noopener nofollow\">Tutte le esperienze \u2192<\/a><\/div>\n<\/div>\n<!-- LKM_GYG_CARD end -->\n","protected":false},"excerpt":{"rendered":"<p>L&#8217;unico Douglas DC-8 superstite della flotta di Air New Zealand arrugginisce da vent&#8217;anni su una pista in Amazzonia. Dal 1\u00b0 settembre 2026 verr\u00e0 smontato e trasportato via mare in Nuova Zelanda, dove finir\u00e0 in un museo a W\u0101naka. Un tempo trasport\u00f2 persino la regina Elisabetta II.<\/p>\n","protected":false},"author":2,"featured_media":396130,"comment_status":"open","ping_status":"open","sticky":false,"template":"","format":"standard","meta":{"_acf_changed":false,"footnotes":"","rank_math_title":"DC-8 in Amazzonia: l'ultimo viaggio verso casa","rank_math_description":"Il DC-8 di Air New Zealand fermo da 20 anni in Amazzonia torna a casa: dal 2026 verr\u00e0 smontato e portato in Nuova Zelanda. Scopri la storia di questa leggenda!","rank_math_focus_keyword":"amazzonia","rank_math_seo_score":""},"categories":[722],"tags":[],"class_list":["post-408972","post","type-post","status-publish","format-standard","has-post-thumbnail","category-viaggi"],"acf":[],"featured_image_src":"https:\/\/loudavymkrokem.cz\/wp-content\/uploads\/2026\/08\/abandoned-dc-8-aircraft-tarmac.jpg","author_info":{"display_name":"Luk\u00e1\u0161 Kone\u010dn\u00fd","author_link":"https:\/\/loudavymkrokem.cz\/it\/author\/lukas-konecny\/"},"_links":{"self":[{"href":"https:\/\/loudavymkrokem.cz\/it\/wp-json\/wp\/v2\/posts\/408972","targetHints":{"allow":["GET"]}}],"collection":[{"href":"https:\/\/loudavymkrokem.cz\/it\/wp-json\/wp\/v2\/posts"}],"about":[{"href":"https:\/\/loudavymkrokem.cz\/it\/wp-json\/wp\/v2\/types\/post"}],"author":[{"embeddable":true,"href":"https:\/\/loudavymkrokem.cz\/it\/wp-json\/wp\/v2\/users\/2"}],"replies":[{"embeddable":true,"href":"https:\/\/loudavymkrokem.cz\/it\/wp-json\/wp\/v2\/comments?post=408972"}],"version-history":[{"count":0,"href":"https:\/\/loudavymkrokem.cz\/it\/wp-json\/wp\/v2\/posts\/408972\/revisions"}],"wp:featuredmedia":[{"embeddable":true,"href":"https:\/\/loudavymkrokem.cz\/it\/wp-json\/wp\/v2\/media\/396130"}],"wp:attachment":[{"href":"https:\/\/loudavymkrokem.cz\/it\/wp-json\/wp\/v2\/media?parent=408972"}],"wp:term":[{"taxonomy":"category","embeddable":true,"href":"https:\/\/loudavymkrokem.cz\/it\/wp-json\/wp\/v2\/categories?post=408972"},{"taxonomy":"post_tag","embeddable":true,"href":"https:\/\/loudavymkrokem.cz\/it\/wp-json\/wp\/v2\/tags?post=408972"}],"curies":[{"name":"wp","href":"https:\/\/api.w.org\/{rel}","templated":true}]}}