{"id":408938,"date":"2026-08-30T09:00:18","date_gmt":"2026-08-30T07:00:18","guid":{"rendered":"https:\/\/loudavymkrokem.cz\/bonigen-lago-brienz\/"},"modified":"2026-08-31T06:33:54","modified_gmt":"2026-08-31T04:33:54","slug":"bonigen-lago-brienz","status":"publish","type":"post","link":"https:\/\/loudavymkrokem.cz\/it\/bonigen-lago-brienz\/","title":{"rendered":"B\u00f6nigen: 24 cose da fare sul Lago di Brienz 2026"},"content":{"rendered":"\n<p class=\"wp-block-paragraph\">L&#8217;Oberland Bernese svizzero sa essere selvaggio e affollato di turisti, ma basta spostarsi un po&#8217; pi\u00f9 in l\u00e0 per ritrovarsi in una vera oasi di pace. Ecco esattamente cos&#8217;\u00e8 <strong>B\u00f6nigen<\/strong> (si pronuncia b\u00e8ninghen), un incantevole villaggio adagiato direttamente sulle rive di un lago glaciale. Mentre la vicina Interlaken scoppia di gente, qui il tempo si \u00e8 fermato tra <strong>case di legno riccamente intagliate<\/strong> e una natura mozzafiato. \u263a\ufe0f<\/p>\n\n\n\n<p class=\"wp-block-paragraph\">L&#8217;acqua ha un <strong>incredibile colore verde smeraldo-turchese<\/strong> e le vette montuose vi si riflettono come in uno specchio perfetto. Proprio il <strong>Lago di Brienz<\/strong> \u00e8 l&#8217;attrazione principale di tutta la zona e offre infinite possibilit\u00e0 su <strong>cosa fare<\/strong> dalla primavera fino all&#8217;autunno inoltrato. Qui puoi salire su un battello a vapore storico, noleggiare un kayak o semplicemente oziare in spiaggia.<\/p>\n\n\n\n<p class=\"wp-block-paragraph\">Per aiutarti a pianificare al meglio la tua vacanza, ho preparato una guida dettagliata. Nell&#8217;articolo troverai <strong>24 consigli su cosa vedere e fare, dove dormire, quali sentieri percorrere, dove salire in funivia e cosa fare con i bambini<\/strong>. La Svizzera \u00e8 un amore per tutta la vita e scommetto che, dopo aver visitato questa regione, ogni estate penserai a come tornarci. \u263a\ufe0f<\/p>\n\n\n\n<figure data-wp-context=\"{&quot;imageId&quot;:&quot;6a9517b3e534b&quot;}\" data-wp-interactive=\"core\/image\" data-wp-key=\"6a9517b3e534b\" class=\"wp-block-image size-full wp-lightbox-container\"><img decoding=\"async\" width=\"1800\" height=\"1012\" data-wp-class--hide=\"state.isContentHidden\" data-wp-class--show=\"state.isContentVisible\" data-wp-init=\"callbacks.setButtonStyles\" data-wp-on--click=\"actions.showLightbox\" data-wp-on--load=\"callbacks.setButtonStyles\" data-wp-on--pointerdown=\"actions.preloadImage\" data-wp-on--pointerenter=\"actions.preloadImageWithDelay\" data-wp-on--pointerleave=\"actions.cancelPreload\" data-wp-on-window--resize=\"callbacks.setButtonStyles\" src=\"https:\/\/loudavymkrokem.cz\/wp-content\/uploads\/2026\/08\/articles-bonigen-01.jpg\" alt=\"B\u00f6nigen e il Lago di Brienz dall&#039;alto\" class=\"wp-image-404460\" title=\"\" srcset=\"https:\/\/loudavymkrokem.cz\/wp-content\/uploads\/2026\/08\/articles-bonigen-01.jpg 1800w, https:\/\/loudavymkrokem.cz\/wp-content\/uploads\/2026\/08\/articles-bonigen-01-300x169.jpg 300w, https:\/\/loudavymkrokem.cz\/wp-content\/uploads\/2026\/08\/articles-bonigen-01-700x394.jpg 700w, https:\/\/loudavymkrokem.cz\/wp-content\/uploads\/2026\/08\/articles-bonigen-01-768x432.jpg 768w, https:\/\/loudavymkrokem.cz\/wp-content\/uploads\/2026\/08\/articles-bonigen-01-1536x864.jpg 1536w, https:\/\/loudavymkrokem.cz\/wp-content\/uploads\/2026\/08\/articles-bonigen-01-696x391.jpg 696w, https:\/\/loudavymkrokem.cz\/wp-content\/uploads\/2026\/08\/articles-bonigen-01-1392x783.jpg 1392w\" sizes=\"(max-width: 1800px) 100vw, 1800px\" \/><button\n\t\t\tclass=\"lightbox-trigger\"\n\t\t\ttype=\"button\"\n\t\t\taria-haspopup=\"dialog\"\n\t\t\tdata-wp-bind--aria-label=\"state.thisImage.triggerButtonAriaLabel\"\n\t\t\tdata-wp-init=\"callbacks.initTriggerButton\"\n\t\t\tdata-wp-on--click=\"actions.showLightbox\"\n\t\t\tdata-wp-style--right=\"state.thisImage.buttonRight\"\n\t\t\tdata-wp-style--top=\"state.thisImage.buttonTop\"\n\t\t>\n\t\t\t<svg xmlns=\"http:\/\/www.w3.org\/2000\/svg\" width=\"12\" height=\"12\" fill=\"none\" viewBox=\"0 0 12 12\">\n\t\t\t\t<path fill=\"#fff\" d=\"M2 0a2 2 0 0 0-2 2v2h1.5V2a.5.5 0 0 1 .5-.5h2V0H2Zm2 10.5H2a.5.5 0 0 1-.5-.5V8H0v2a2 2 0 0 0 2 2h2v-1.5ZM8 12v-1.5h2a.5.5 0 0 0 .5-.5V8H12v2a2 2 0 0 1-2 2H8Zm2-12a2 2 0 0 1 2 2v2h-1.5V2a.5.5 0 0 0-.5-.5H8V0h2Z\" \/>\n\t\t\t<\/svg>\n\t\t<\/button><figcaption class=\"wp-element-caption\">Foto: Christian David \/ Wikimedia Commons, CC BY-SA 4.0<\/figcaption><\/figure>\n\n\n\n<div id=\"ez-toc-container\" class=\"ez-toc-v2_0_86 ez-toc-wrap-left counter-hierarchy ez-toc-counter ez-toc-grey ez-toc-container-direction\">\n<div class=\"ez-toc-title-container\">\n<p class=\"ez-toc-title\" style=\"cursor:inherit\">Contenuto dell&#039;articolo<\/p>\n<span class=\"ez-toc-title-toggle\"><a href=\"#\" class=\"ez-toc-pull-right ez-toc-btn ez-toc-btn-xs ez-toc-btn-default ez-toc-toggle\" aria-label=\"Toggle Table of Content\"><span class=\"ez-toc-js-icon-con\"><span class=\"\"><span class=\"eztoc-hide\" style=\"display:none;\">Toggle<\/span><span class=\"ez-toc-icon-toggle-span\"><svg style=\"fill: #999;color:#999\" xmlns=\"http:\/\/www.w3.org\/2000\/svg\" class=\"list-377408\" width=\"20px\" height=\"20px\" viewBox=\"0 0 24 24\" fill=\"none\"><path d=\"M6 6H4v2h2V6zm14 0H8v2h12V6zM4 11h2v2H4v-2zm16 0H8v2h12v-2zM4 16h2v2H4v-2zm16 0H8v2h12v-2z\" fill=\"currentColor\"><\/path><\/svg><svg style=\"fill: #999;color:#999\" class=\"arrow-unsorted-368013\" xmlns=\"http:\/\/www.w3.org\/2000\/svg\" width=\"10px\" height=\"10px\" viewBox=\"0 0 24 24\" version=\"1.2\" baseProfile=\"tiny\"><path d=\"M18.2 9.3l-6.2-6.3-6.2 6.3c-.2.2-.3.4-.3.7s.1.5.3.7c.2.2.4.3.7.3h11c.3 0 .5-.1.7-.3.2-.2.3-.5.3-.7s-.1-.5-.3-.7zM5.8 14.7l6.2 6.3 6.2-6.3c.2-.2.3-.5.3-.7s-.1-.5-.3-.7c-.2-.2-.4-.3-.7-.3h-11c-.3 0-.5.1-.7.3-.2.2-.3.5-.3.7s.1.5.3.7z\"\/><\/svg><\/span><\/span><\/span><\/a><\/span><\/div>\n<nav><ul class='ez-toc-list ez-toc-list-level-1 ' ><ul class='ez-toc-list-level-3' ><li class='ez-toc-heading-level-3'><a class=\"ez-toc-link ez-toc-heading-1\" href=\"https:\/\/loudavymkrokem.cz\/it\/bonigen-lago-brienz\/#Riassunto_per_chi_non_ha_tempo_di_leggere_tutto_larticolo\" >Riassunto per chi non ha tempo di leggere tutto l&#8217;articolo<\/a><\/li><\/ul><\/li><li class='ez-toc-page-1 ez-toc-heading-level-2'><a class=\"ez-toc-link ez-toc-heading-2\" href=\"https:\/\/loudavymkrokem.cz\/it\/bonigen-lago-brienz\/#Quando_andare_a_Bonigen_e_come_arrivarci\" >Quando andare a B\u00f6nigen e come arrivarci<\/a><\/li><li class='ez-toc-page-1 ez-toc-heading-level-2'><a class=\"ez-toc-link ez-toc-heading-3\" href=\"https:\/\/loudavymkrokem.cz\/it\/bonigen-lago-brienz\/#Dove_alloggiare_a_Bonigen_e_quanto_costa\" >Dove alloggiare a B\u00f6nigen e quanto costa<\/a><\/li><li class='ez-toc-page-1 ez-toc-heading-level-2'><a class=\"ez-toc-link ez-toc-heading-4\" href=\"https:\/\/loudavymkrokem.cz\/it\/bonigen-lago-brienz\/#Direttamente_a_Bonigen_6_consigli_su_cosa_vedere_e_fare_in_riva_al_lago\" >Direttamente a B\u00f6nigen: 6 consigli su cosa vedere e fare in riva al lago<\/a><ul class='ez-toc-list-level-3' ><li class='ez-toc-heading-level-3'><a class=\"ez-toc-link ez-toc-heading-5\" href=\"https:\/\/loudavymkrokem.cz\/it\/bonigen-lago-brienz\/#1_Le_case_di_legno_storiche_e_la_Hauserweg\" >1. Le case di legno storiche e la H\u00e4userweg<\/a><\/li><li class='ez-toc-page-1 ez-toc-heading-level-3'><a class=\"ez-toc-link ez-toc-heading-6\" href=\"https:\/\/loudavymkrokem.cz\/it\/bonigen-lago-brienz\/#2_Il_museo_del_villaggio_Dorfmuseum_%E2%80%9Calte_Pinte%E2%80%9D\" >2. Il museo del villaggio Dorfmuseum &#8220;alte Pinte&#8221;<\/a><\/li><li class='ez-toc-page-1 ez-toc-heading-level-3'><a class=\"ez-toc-link ez-toc-heading-7\" href=\"https:\/\/loudavymkrokem.cz\/it\/bonigen-lago-brienz\/#3_Il_lungolago_il_molo_e_la_Brienzersee_Lakewalk\" >3. Il lungolago, il molo e la Brienzersee Lakewalk<\/a><\/li><li class='ez-toc-page-1 ez-toc-heading-level-3'><a class=\"ez-toc-link ez-toc-heading-8\" href=\"https:\/\/loudavymkrokem.cz\/it\/bonigen-lago-brienz\/#4_La_spiaggia_e_lo_stabilimento_The_Beach\" >4. La spiaggia e lo stabilimento The Beach<\/a><\/li><li class='ez-toc-page-1 ez-toc-heading-level-3'><a class=\"ez-toc-link ez-toc-heading-9\" href=\"https:\/\/loudavymkrokem.cz\/it\/bonigen-lago-brienz\/#5_Kayak_e_SUP_sullo_specchio_del_lago\" >5. Kayak e SUP sullo specchio del lago<\/a><\/li><li class='ez-toc-page-1 ez-toc-heading-level-3'><a class=\"ez-toc-link ez-toc-heading-10\" href=\"https:\/\/loudavymkrokem.cz\/it\/bonigen-lago-brienz\/#6_Crociera_sullo_storico_battello_a_vapore_Lotschberg\" >6. Crociera sullo storico battello a vapore L\u00f6tschberg<\/a><\/li><\/ul><\/li><li class='ez-toc-page-1 ez-toc-heading-level-2'><a class=\"ez-toc-link ez-toc-heading-11\" href=\"https:\/\/loudavymkrokem.cz\/it\/bonigen-lago-brienz\/#Trekking_da_Bonigen_6_sentieri_che_valgono_la_pena\" >Trekking da B\u00f6nigen: 6 sentieri che valgono la pena<\/a><ul class='ez-toc-list-level-3' ><li class='ez-toc-heading-level-3'><a class=\"ez-toc-link ez-toc-heading-12\" href=\"https:\/\/loudavymkrokem.cz\/it\/bonigen-lago-brienz\/#7_Il_Sentiero_delle_Tre_Cascate_a_tappe\" >7. Il Sentiero delle Tre Cascate a tappe<\/a><\/li><li class='ez-toc-page-1 ez-toc-heading-level-3'><a class=\"ez-toc-link ez-toc-heading-13\" href=\"https:\/\/loudavymkrokem.cz\/it\/bonigen-lago-brienz\/#8_Lanello_del_Sytiberg_55_km_anche_con_passeggino_da_trekking\" >8. L&#8217;anello del Sytiberg: 5,5 km anche con passeggino da trekking<\/a><\/li><li class='ez-toc-page-1 ez-toc-heading-level-3'><a class=\"ez-toc-link ez-toc-heading-14\" href=\"https:\/\/loudavymkrokem.cz\/it\/bonigen-lago-brienz\/#9_Lanello_dellHaslerenegg_854_m_con_libro_di_vetta\" >9. L&#8217;anello dell&#8217;Haslerenegg (854 m) con libro di vetta<\/a><\/li><li class='ez-toc-page-1 ez-toc-heading-level-3'><a class=\"ez-toc-link ez-toc-heading-15\" href=\"https:\/\/loudavymkrokem.cz\/it\/bonigen-lago-brienz\/#10_Lanello_fino_alla_cascata_Erschwandenbach\" >10. L&#8217;anello fino alla cascata Erschwandenbach<\/a><\/li><li class='ez-toc-page-1 ez-toc-heading-level-3'><a class=\"ez-toc-link ez-toc-heading-16\" href=\"https:\/\/loudavymkrokem.cz\/it\/bonigen-lago-brienz\/#11_Il_sentiero_costiero_Uferweg_da_Iseltwald_a_Giessbach\" >11. Il sentiero costiero Uferweg da Iseltwald a Giessbach<\/a><\/li><li class='ez-toc-page-1 ez-toc-heading-level-3'><a class=\"ez-toc-link ez-toc-heading-17\" href=\"https:\/\/loudavymkrokem.cz\/it\/bonigen-lago-brienz\/#12_Sfida_a_piedi_la_salita_allHarder_Kulm\" >12. Sfida a piedi: la salita all&#8217;Harder Kulm<\/a><\/li><\/ul><\/li><li class='ez-toc-page-1 ez-toc-heading-level-2'><a class=\"ez-toc-link ez-toc-heading-18\" href=\"https:\/\/loudavymkrokem.cz\/it\/bonigen-lago-brienz\/#Escursioni_raggiungibili_in_funivia_6_sentieri_sopra_la_valle\" >Escursioni raggiungibili in funivia: 6 sentieri sopra la valle<\/a><ul class='ez-toc-list-level-3' ><li class='ez-toc-heading-level-3'><a class=\"ez-toc-link ez-toc-heading-19\" href=\"https:\/\/loudavymkrokem.cz\/it\/bonigen-lago-brienz\/#13_Dal_First_al_lago_Bachalpsee\" >13. Dal First al lago Bachalpsee<\/a><\/li><li class='ez-toc-page-1 ez-toc-heading-level-3'><a class=\"ez-toc-link ez-toc-heading-20\" href=\"https:\/\/loudavymkrokem.cz\/it\/bonigen-lago-brienz\/#14_La_regale_traversata_di_cresta_Schynige_Platte_%E2%80%93_Faulhorn_%E2%80%93_First\" >14. La regale traversata di cresta Schynige Platte \u2013 Faulhorn \u2013 First<\/a><\/li><li class='ez-toc-page-1 ez-toc-heading-level-3'><a class=\"ez-toc-link ez-toc-heading-21\" href=\"https:\/\/loudavymkrokem.cz\/it\/bonigen-lago-brienz\/#15_Il_Mannlichen_e_il_cammino_panoramico_verso_la_Kleine_Scheidegg\" >15. Il M\u00e4nnlichen e il cammino panoramico verso la Kleine Scheidegg<\/a><\/li><li class='ez-toc-page-1 ez-toc-heading-level-3'><a class=\"ez-toc-link ez-toc-heading-22\" href=\"https:\/\/loudavymkrokem.cz\/it\/bonigen-lago-brienz\/#16_LEiger_Trail_proprio_sotto_la_parete_nord\" >16. L&#8217;Eiger Trail proprio sotto la parete nord<\/a><\/li><li class='ez-toc-page-1 ez-toc-heading-level-3'><a class=\"ez-toc-link ez-toc-heading-23\" href=\"https:\/\/loudavymkrokem.cz\/it\/bonigen-lago-brienz\/#17_Il_Niederhorn_e_gli_stambecchi_sopra_il_Lago_di_Thun\" >17. Il Niederhorn e gli stambecchi sopra il Lago di Thun<\/a><\/li><li class='ez-toc-page-1 ez-toc-heading-level-3'><a class=\"ez-toc-link ez-toc-heading-24\" href=\"https:\/\/loudavymkrokem.cz\/it\/bonigen-lago-brienz\/#18_Con_il_treno_a_cremagliera_a_vapore_sul_Brienzer_Rothorn\" >18. Con il treno a cremagliera a vapore sul Brienzer Rothorn<\/a><\/li><\/ul><\/li><li class='ez-toc-page-1 ez-toc-heading-level-2'><a class=\"ez-toc-link ez-toc-heading-25\" href=\"https:\/\/loudavymkrokem.cz\/it\/bonigen-lago-brienz\/#Gite_da_Bonigen_6_consigli_sui_dintorni\" >Gite da B\u00f6nigen: 6 consigli sui dintorni<\/a><ul class='ez-toc-list-level-3' ><li class='ez-toc-heading-level-3'><a class=\"ez-toc-link ez-toc-heading-26\" href=\"https:\/\/loudavymkrokem.cz\/it\/bonigen-lago-brienz\/#19_Harder_Kulm_la_montagna_di_casa_di_Interlaken\" >19. Harder Kulm: la montagna di casa di Interlaken<\/a><\/li><li class='ez-toc-page-1 ez-toc-heading-level-3'><a class=\"ez-toc-link ez-toc-heading-27\" href=\"https:\/\/loudavymkrokem.cz\/it\/bonigen-lago-brienz\/#20_Le_Cascate_di_Giessbach_e_il_passaggio_dietro_lacqua\" >20. Le Cascate di Giessbach e il passaggio dietro l&#8217;acqua<\/a><\/li><li class='ez-toc-page-1 ez-toc-heading-level-3'><a class=\"ez-toc-link ez-toc-heading-28\" href=\"https:\/\/loudavymkrokem.cz\/it\/bonigen-lago-brienz\/#21_La_piu_antica_funicolare_turistica_svizzera_e_il_Grandhotel\" >21. La pi\u00f9 antica funicolare turistica svizzera e il Grandhotel<\/a><\/li><li class='ez-toc-page-1 ez-toc-heading-level-3'><a class=\"ez-toc-link ez-toc-heading-29\" href=\"https:\/\/loudavymkrokem.cz\/it\/bonigen-lago-brienz\/#22_Iseltwald_e_liconico_molo_della_serie_TV\" >22. Iseltwald e l&#8217;iconico molo della serie TV<\/a><\/li><li class='ez-toc-page-1 ez-toc-heading-level-3'><a class=\"ez-toc-link ez-toc-heading-30\" href=\"https:\/\/loudavymkrokem.cz\/it\/bonigen-lago-brienz\/#23_Schynige_Platte_treno_a_cremagliera_e_giardino_alpino\" >23. Schynige Platte: treno a cremagliera e giardino alpino<\/a><\/li><li class='ez-toc-page-1 ez-toc-heading-level-3'><a class=\"ez-toc-link ez-toc-heading-31\" href=\"https:\/\/loudavymkrokem.cz\/it\/bonigen-lago-brienz\/#24_Interlaken_la_vicina_base_turistica\" >24. Interlaken: la vicina base turistica<\/a><\/li><\/ul><\/li><li class='ez-toc-page-1 ez-toc-heading-level-2'><a class=\"ez-toc-link ez-toc-heading-32\" href=\"https:\/\/loudavymkrokem.cz\/it\/bonigen-lago-brienz\/#Bonigen_con_i_bambini_cosa_fare_in_famiglia\" >B\u00f6nigen con i bambini: cosa fare in famiglia<\/a><ul class='ez-toc-list-level-3' ><li class='ez-toc-heading-level-3'><a class=\"ez-toc-link ez-toc-heading-33\" href=\"https:\/\/loudavymkrokem.cz\/it\/bonigen-lago-brienz\/#La_spiaggia_The_Beach_e_lampio_parco_giochi\" >La spiaggia The Beach e l&#8217;ampio parco giochi<\/a><\/li><li class='ez-toc-page-1 ez-toc-heading-level-3'><a class=\"ez-toc-link ez-toc-heading-34\" href=\"https:\/\/loudavymkrokem.cz\/it\/bonigen-lago-brienz\/#Caccia_al_tesoro_e_gioco_investigativo_a_Iseltwald\" >Caccia al tesoro e gioco investigativo a Iseltwald<\/a><\/li><li class='ez-toc-page-1 ez-toc-heading-level-3'><a class=\"ez-toc-link ez-toc-heading-35\" href=\"https:\/\/loudavymkrokem.cz\/it\/bonigen-lago-brienz\/#Camping_TCS_ottima_posizione_ma_con_una_grande_riserva\" >Camping TCS: ottima posizione, ma con una grande riserva<\/a><\/li><li class='ez-toc-page-1 ez-toc-heading-level-3'><a class=\"ez-toc-link ez-toc-heading-36\" href=\"https:\/\/loudavymkrokem.cz\/it\/bonigen-lago-brienz\/#Lilys_Alpenspielplatz_e_il_Panoramaweg_sulla_Schynige_Platte\" >Lily&#8217;s Alpenspielplatz e il Panoramaweg sulla Schynige Platte<\/a><\/li><li class='ez-toc-page-1 ez-toc-heading-level-3'><a class=\"ez-toc-link ez-toc-heading-37\" href=\"https:\/\/loudavymkrokem.cz\/it\/bonigen-lago-brienz\/#Il_battello_e_la_passeggiata_senza_barriere_con_il_passeggino\" >Il battello e la passeggiata senza barriere con il passeggino<\/a><\/li><\/ul><\/li><li class='ez-toc-page-1 ez-toc-heading-level-2'><a class=\"ez-toc-link ez-toc-heading-38\" href=\"https:\/\/loudavymkrokem.cz\/it\/bonigen-lago-brienz\/#Dove_mangiare_a_Bonigen\" >Dove mangiare a B\u00f6nigen<\/a><ul class='ez-toc-list-level-3' ><li class='ez-toc-heading-level-3'><a class=\"ez-toc-link ez-toc-heading-39\" href=\"https:\/\/loudavymkrokem.cz\/it\/bonigen-lago-brienz\/#Pizzeria_La_Boheme\" >Pizzeria La Boh\u00e8me<\/a><\/li><li class='ez-toc-page-1 ez-toc-heading-level-3'><a class=\"ez-toc-link ez-toc-heading-40\" href=\"https:\/\/loudavymkrokem.cz\/it\/bonigen-lago-brienz\/#Sweet_Ride\" >Sweet Ride<\/a><\/li><li class='ez-toc-page-1 ez-toc-heading-level-3'><a class=\"ez-toc-link ez-toc-heading-41\" href=\"https:\/\/loudavymkrokem.cz\/it\/bonigen-lago-brienz\/#Restaurant_Baren_Bonigen\" >Restaurant B\u00e4ren B\u00f6nigen<\/a><\/li><\/ul><\/li><li class='ez-toc-page-1 ez-toc-heading-level-2'><a class=\"ez-toc-link ez-toc-heading-42\" href=\"https:\/\/loudavymkrokem.cz\/it\/bonigen-lago-brienz\/#Dove_andare_da_Bonigen\" >Dove andare da B\u00f6nigen<\/a><\/li><li class='ez-toc-page-1 ez-toc-heading-level-2'><a class=\"ez-toc-link ez-toc-heading-43\" href=\"https:\/\/loudavymkrokem.cz\/it\/bonigen-lago-brienz\/#Domande_frequenti\" >Domande frequenti<\/a><ul class='ez-toc-list-level-3' ><li class='ez-toc-heading-level-3'><a class=\"ez-toc-link ez-toc-heading-44\" href=\"https:\/\/loudavymkrokem.cz\/it\/bonigen-lago-brienz\/#Vale_la_pena_soggiornare_a_Bonigen_invece_che_a_Interlaken\" >Vale la pena soggiornare a B\u00f6nigen invece che a Interlaken?<\/a><\/li><li class='ez-toc-page-1 ez-toc-heading-level-3'><a class=\"ez-toc-link ez-toc-heading-45\" href=\"https:\/\/loudavymkrokem.cz\/it\/bonigen-lago-brienz\/#Come_si_arriva_da_Interlaken\" >Come si arriva da Interlaken?<\/a><\/li><li class='ez-toc-page-1 ez-toc-heading-level-3'><a class=\"ez-toc-link ez-toc-heading-46\" href=\"https:\/\/loudavymkrokem.cz\/it\/bonigen-lago-brienz\/#Si_puo_fare_il_bagno_nel_lago_di_Brienz\" >Si pu\u00f2 fare il bagno nel lago di Brienz?<\/a><\/li><li class='ez-toc-page-1 ez-toc-heading-level-3'><a class=\"ez-toc-link ez-toc-heading-47\" href=\"https:\/\/loudavymkrokem.cz\/it\/bonigen-lago-brienz\/#Quanti_giorni_bastano_per_visitarlo\" >Quanti giorni bastano per visitarlo?<\/a><\/li><li class='ez-toc-page-1 ez-toc-heading-level-3'><a class=\"ez-toc-link ez-toc-heading-48\" href=\"https:\/\/loudavymkrokem.cz\/it\/bonigen-lago-brienz\/#Cosa_fare_quando_piove\" >Cosa fare quando piove?<\/a><\/li><li class='ez-toc-page-1 ez-toc-heading-level-3'><a class=\"ez-toc-link ez-toc-heading-49\" href=\"https:\/\/loudavymkrokem.cz\/it\/bonigen-lago-brienz\/#E_adatto_ai_bambini\" >\u00c8 adatto ai bambini?<\/a><\/li><li class='ez-toc-page-1 ez-toc-heading-level-3'><a class=\"ez-toc-link ez-toc-heading-50\" href=\"https:\/\/loudavymkrokem.cz\/it\/bonigen-lago-brienz\/#Quanto_costa_lescursione_allHarder_Kulm\" >Quanto costa l&#8217;escursione all&#8217;Harder Kulm?<\/a><\/li><li class='ez-toc-page-1 ez-toc-heading-level-3'><a class=\"ez-toc-link ez-toc-heading-51\" href=\"https:\/\/loudavymkrokem.cz\/it\/bonigen-lago-brienz\/#Il_molo_di_Iseltwald_e_a_pagamento\" >Il molo di Iseltwald \u00e8 a pagamento?<\/a><\/li><\/ul><\/li><\/ul><\/nav><\/div>\n<h3 class=\"wp-block-heading\"><span class=\"ez-toc-section\" id=\"Riassunto_per_chi_non_ha_tempo_di_leggere_tutto_larticolo\"><\/span>Riassunto per chi non ha tempo di leggere tutto l&#8217;articolo<span class=\"ez-toc-section-end\"><\/span><\/h3>\n\n\n\n<ul class=\"wp-block-list\">\n<li><strong>B\u00f6nigen si trova sul Lago di Brienz<\/strong> ed \u00e8 la base perfetta e tranquilla per esplorare l&#8217;Oberland Bernese.<\/li>\n\n\n\n<li><strong>La Interlaken Guest Card<\/strong> la ricevi con l&#8217;alloggio e ti garantisce gli autobus della zona completamente gratis.<\/li>\n\n\n\n<li><strong>Il centro storico<\/strong> \u00e8 pieno di case di legno protette risalenti al XVI-XVIII secolo.<\/li>\n\n\n\n<li><strong>Fare il bagno nel lago \u00e8 solo per i pi\u00f9 coraggiosi<\/strong>: d&#8217;estate l&#8217;acqua \u00e8 intorno ai 20 \u00b0C, ma la spiaggia locale ha una piscina riscaldata.<\/li>\n\n\n\n<li><strong>Il trekking qui \u00e8 fenomenale<\/strong>: direttamente dal villaggio puoi partire per il Sentiero delle Tre Cascate o l&#8217;anello del Sytiberg.<\/li>\n\n\n\n<li>Alle <strong>escursioni pi\u00f9 belle si arriva in funivia<\/strong> \u2014 al lago Bachalpsee, sul M\u00e4nnlichen o con il treno a cremagliera a vapore sul Brienzer Rothorn.<\/li>\n\n\n\n<li><strong>Un alloggio con angolo cottura<\/strong> in Svizzera ti fa risparmiare una fortuna sui costosi ristoranti.<\/li>\n\n\n\n<li><strong>Le migliori gite nei dintorni<\/strong> includono la funivia sull&#8217;Harder Kulm, le Cascate di Giessbach e la fotogenica Iseltwald.<\/li>\n<\/ul>\n\n\n\n<figure data-wp-context=\"{&quot;imageId&quot;:&quot;6a9517b3e5866&quot;}\" data-wp-interactive=\"core\/image\" data-wp-key=\"6a9517b3e5866\" class=\"wp-block-image size-full wp-lightbox-container\"><img decoding=\"async\" width=\"1800\" height=\"785\" data-wp-class--hide=\"state.isContentHidden\" data-wp-class--show=\"state.isContentVisible\" data-wp-init=\"callbacks.setButtonStyles\" data-wp-on--click=\"actions.showLightbox\" data-wp-on--load=\"callbacks.setButtonStyles\" data-wp-on--pointerdown=\"actions.preloadImage\" data-wp-on--pointerenter=\"actions.preloadImageWithDelay\" data-wp-on--pointerleave=\"actions.cancelPreload\" data-wp-on-window--resize=\"callbacks.setButtonStyles\" src=\"https:\/\/loudavymkrokem.cz\/wp-content\/uploads\/2026\/08\/articles-bonigen-02.jpg\" alt=\"Il Lago di Brienz con le vette montuose\" class=\"wp-image-404462\" title=\"\" srcset=\"https:\/\/loudavymkrokem.cz\/wp-content\/uploads\/2026\/08\/articles-bonigen-02.jpg 1800w, https:\/\/loudavymkrokem.cz\/wp-content\/uploads\/2026\/08\/articles-bonigen-02-300x131.jpg 300w, https:\/\/loudavymkrokem.cz\/wp-content\/uploads\/2026\/08\/articles-bonigen-02-700x305.jpg 700w, https:\/\/loudavymkrokem.cz\/wp-content\/uploads\/2026\/08\/articles-bonigen-02-768x335.jpg 768w, https:\/\/loudavymkrokem.cz\/wp-content\/uploads\/2026\/08\/articles-bonigen-02-1536x670.jpg 1536w, https:\/\/loudavymkrokem.cz\/wp-content\/uploads\/2026\/08\/articles-bonigen-02-696x304.jpg 696w, https:\/\/loudavymkrokem.cz\/wp-content\/uploads\/2026\/08\/articles-bonigen-02-1392x607.jpg 1392w\" sizes=\"(max-width: 1800px) 100vw, 1800px\" \/><button\n\t\t\tclass=\"lightbox-trigger\"\n\t\t\ttype=\"button\"\n\t\t\taria-haspopup=\"dialog\"\n\t\t\tdata-wp-bind--aria-label=\"state.thisImage.triggerButtonAriaLabel\"\n\t\t\tdata-wp-init=\"callbacks.initTriggerButton\"\n\t\t\tdata-wp-on--click=\"actions.showLightbox\"\n\t\t\tdata-wp-style--right=\"state.thisImage.buttonRight\"\n\t\t\tdata-wp-style--top=\"state.thisImage.buttonTop\"\n\t\t>\n\t\t\t<svg xmlns=\"http:\/\/www.w3.org\/2000\/svg\" width=\"12\" height=\"12\" fill=\"none\" viewBox=\"0 0 12 12\">\n\t\t\t\t<path fill=\"#fff\" d=\"M2 0a2 2 0 0 0-2 2v2h1.5V2a.5.5 0 0 1 .5-.5h2V0H2Zm2 10.5H2a.5.5 0 0 1-.5-.5V8H0v2a2 2 0 0 0 2 2h2v-1.5ZM8 12v-1.5h2a.5.5 0 0 0 .5-.5V8H12v2a2 2 0 0 1-2 2H8Zm2-12a2 2 0 0 1 2 2v2h-1.5V2a.5.5 0 0 0-.5-.5H8V0h2Z\" \/>\n\t\t\t<\/svg>\n\t\t<\/button><figcaption class=\"wp-element-caption\">Foto: Adrian Farwell \/ Wikimedia Commons, CC BY 3.0<\/figcaption><\/figure>\n\n\n\n<h2 class=\"wp-block-heading\"><span class=\"ez-toc-section\" id=\"Quando_andare_a_Bonigen_e_come_arrivarci\"><\/span>Quando andare a B\u00f6nigen e come arrivarci<span class=\"ez-toc-section-end\"><\/span><\/h2>\n\n\n\n<p class=\"wp-block-paragraph\">L&#8217;alta stagione turistica nell&#8217;Oberland Bernese va da <strong>maggio a settembre<\/strong>, quando le temperature diurne in valle salgono a piacevoli <strong>24 \u00b0C<\/strong>. Devi per\u00f2 tenere presente che sei in montagna, quindi anche in piena estate cadr\u00e0 qualche goccia di pioggia. Statisticamente piove circa <strong>9-12 giorni al mese<\/strong>, perci\u00f2 conviene avere sempre nello zaino una giacca impermeabile.<\/p>\n\n\n\n<p class=\"wp-block-paragraph\">Se non vedi l&#8217;ora di fare il bagno, la <strong>temperatura dell&#8217;acqua del Lago di Brienz<\/strong> potrebbe sorprenderti un po&#8217;. Il lago \u00e8 di origine glaciale, molto profondo, e persino nel caldissimo agosto l&#8217;acqua ha solitamente solo <strong>18-22 \u00b0C<\/strong>. Settembre, con i suoi 15-19 \u00b0C, \u00e8 ormai adatto pi\u00f9 ai temerari. Per fortuna lo stabilimento balneare The Beach \u00e8 aperto da met\u00e0 maggio a met\u00e0 settembre e offre anche un&#8217;alternativa riscaldata.<\/p>\n\n\n\n<p class=\"wp-block-paragraph\">Arrivare al villaggio \u00e8 incredibilmente facile grazie alla precisione svizzera. In treno ci arrivi da Zurigo (in poco meno di due ore) o da Berna direttamente alla stazione di <strong>Interlaken Ost<\/strong>. Da l\u00ec parte la <strong>linea 103 dell&#8217;autobus<\/strong>, che ti porta nel centro di B\u00f6nigen in appena 9 minuti. Gli autobus partono ogni mezz&#8217;ora e fermano proprio sul lungolago e nel centro del paese.<\/p>\n\n\n\n<p class=\"wp-block-paragraph\">E ora la notizia migliore: la <strong>Interlaken Guest Card<\/strong>, che ricevi con l&#8217;alloggio, ti garantisce i trasporti pubblici locali <strong>completamente gratis<\/strong>, incluso il citato autobus 103. Chi alloggia a B\u00f6nigen viaggia verso Interlaken o la vicina Iseltwald senza pagare un centesimo.<\/p>\n\n\n\n<figure data-wp-context=\"{&quot;imageId&quot;:&quot;6a9517b3e5d22&quot;}\" data-wp-interactive=\"core\/image\" data-wp-key=\"6a9517b3e5d22\" class=\"wp-block-image size-full wp-lightbox-container\"><img decoding=\"async\" width=\"1800\" height=\"1125\" data-wp-class--hide=\"state.isContentHidden\" data-wp-class--show=\"state.isContentVisible\" data-wp-init=\"callbacks.setButtonStyles\" data-wp-on--click=\"actions.showLightbox\" data-wp-on--load=\"callbacks.setButtonStyles\" data-wp-on--pointerdown=\"actions.preloadImage\" data-wp-on--pointerenter=\"actions.preloadImageWithDelay\" data-wp-on--pointerleave=\"actions.cancelPreload\" data-wp-on-window--resize=\"callbacks.setButtonStyles\" src=\"https:\/\/loudavymkrokem.cz\/wp-content\/uploads\/2026\/08\/articles-bonigen-03.jpg\" alt=\"Il lungolago di B\u00f6nigen sul Lago di Brienz\" class=\"wp-image-404464\" title=\"\" srcset=\"https:\/\/loudavymkrokem.cz\/wp-content\/uploads\/2026\/08\/articles-bonigen-03.jpg 1800w, https:\/\/loudavymkrokem.cz\/wp-content\/uploads\/2026\/08\/articles-bonigen-03-300x188.jpg 300w, https:\/\/loudavymkrokem.cz\/wp-content\/uploads\/2026\/08\/articles-bonigen-03-700x438.jpg 700w, https:\/\/loudavymkrokem.cz\/wp-content\/uploads\/2026\/08\/articles-bonigen-03-768x480.jpg 768w, https:\/\/loudavymkrokem.cz\/wp-content\/uploads\/2026\/08\/articles-bonigen-03-1536x960.jpg 1536w, https:\/\/loudavymkrokem.cz\/wp-content\/uploads\/2026\/08\/articles-bonigen-03-696x435.jpg 696w, https:\/\/loudavymkrokem.cz\/wp-content\/uploads\/2026\/08\/articles-bonigen-03-1392x870.jpg 1392w\" sizes=\"(max-width: 1800px) 100vw, 1800px\" \/><button\n\t\t\tclass=\"lightbox-trigger\"\n\t\t\ttype=\"button\"\n\t\t\taria-haspopup=\"dialog\"\n\t\t\tdata-wp-bind--aria-label=\"state.thisImage.triggerButtonAriaLabel\"\n\t\t\tdata-wp-init=\"callbacks.initTriggerButton\"\n\t\t\tdata-wp-on--click=\"actions.showLightbox\"\n\t\t\tdata-wp-style--right=\"state.thisImage.buttonRight\"\n\t\t\tdata-wp-style--top=\"state.thisImage.buttonTop\"\n\t\t>\n\t\t\t<svg xmlns=\"http:\/\/www.w3.org\/2000\/svg\" width=\"12\" height=\"12\" fill=\"none\" viewBox=\"0 0 12 12\">\n\t\t\t\t<path fill=\"#fff\" d=\"M2 0a2 2 0 0 0-2 2v2h1.5V2a.5.5 0 0 1 .5-.5h2V0H2Zm2 10.5H2a.5.5 0 0 1-.5-.5V8H0v2a2 2 0 0 0 2 2h2v-1.5ZM8 12v-1.5h2a.5.5 0 0 0 .5-.5V8H12v2a2 2 0 0 1-2 2H8Zm2-12a2 2 0 0 1 2 2v2h-1.5V2a.5.5 0 0 0-.5-.5H8V0h2Z\" \/>\n\t\t\t<\/svg>\n\t\t<\/button><figcaption class=\"wp-element-caption\">Foto: JoachimKohler-HB \/ Wikimedia Commons, CC BY-SA 4.0<\/figcaption><\/figure>\n\n\n\n<h2 class=\"wp-block-heading\"><span class=\"ez-toc-section\" id=\"Dove_alloggiare_a_Bonigen_e_quanto_costa\"><\/span>Dove alloggiare a B\u00f6nigen e quanto costa<span class=\"ez-toc-section-end\"><\/span><\/h2>\n\n\n\n<p class=\"wp-block-paragraph\"><em>\ud83d\udca1 Consiglio per alloggi ed esperienze: gli alloggi in zona <a href=\"https:\/\/www.stay22.com\/allez\/roam?aid=lukaskonecny&amp;campaign=loudavymkrokemcz&amp;address=Bonigen\" target=\"_blank\" rel=\"nofollow noopener sponsored\">li confrontiamo qui<\/a>, per vedere cosa \u00e8 disponibile e a quanto. Preferiamo cercarli su <a href=\"https:\/\/www.booking.com\/searchresults.html?ss=Bonigen&amp;aid=2397601\" target=\"_blank\" rel=\"nofollow noopener sponsored\">Booking.com<\/a>, dove di solito ci sono le migliori condizioni di cancellazione. Biglietti, escursioni e attivit\u00e0 conviene invece confrontarli e acquistarli tramite <a href=\"https:\/\/www.getyourguide.com\/s\/?q=Bonigen&amp;partner_id=MKZ64IS\" target=\"_blank\" rel=\"nofollow noopener sponsored\">GetYourGuide<\/a>.<\/em><\/p>\n\n\n\n<p class=\"wp-block-paragraph\">Alloggiare direttamente a B\u00f6nigen \u00e8 la mossa pi\u00f9 furba che puoi fare quando pianifichi una vacanza in Svizzera. Mentre la vicina Interlaken \u00e8 spesso troppo cara e piena di rumorosi gruppi di turisti, qui trovi <strong>autentica tranquillit\u00e0 e prezzi molto pi\u00f9 amichevoli<\/strong>. E in autobus sei nel cuore dell&#8217;azione in meno di dieci minuti.<\/p>\n\n\n\n<p class=\"wp-block-paragraph\">In Svizzera conviene anche moltissimo <strong>un alloggio con angolo cottura<\/strong>. I prezzi nei ristoranti sono astronomici, quindi la possibilit\u00e0 di cucinarti la cena o prepararti uno spuntino per l&#8217;escursione abbatte notevolmente il budget. Non dimenticare per\u00f2 di <strong>prenotare con largo anticipo<\/strong>, perch\u00e9 in alta stagione le strutture migliori sono esaurite con mesi di anticipo.<\/p>\n\n\n\n<p class=\"wp-block-paragraph\">Ecco alcuni consigli concreti su ottimi alloggi secondo le recensioni dei viaggiatori:<\/p>\n\n\n\n<ul class=\"wp-block-list\">\n<li><strong><a href=\"https:\/\/www.stay22.com\/allez\/roam?aid=lukaskonecny&amp;campaign=loudavymkrokemcz&amp;campaign=bonigen&amp;hotelname=Hotel%20Seiler%20au%20Lac&amp;address=B%C3%B6nigen%2C%20%C5%A0v%C3%BDcarsko\" target=\"_blank\" rel=\"noopener nofollow sponsored\">Hotel Seiler au Lac<\/a>:<\/strong> l&#8217;Hotel Seiler au Lac si trova proprio sulla riva e il battello attracca davanti alla porta, quindi non devi nemmeno preoccuparti di come raggiungere la barca. Quaranta camere, vista sulle montagne e sull&#8217;acqua \u2014 \u00e8 l&#8217;indirizzo giusto se vuoi stare nel cuore dell&#8217;azione.<\/li>\n\n\n\n<li><strong><a href=\"https:\/\/www.stay22.com\/allez\/roam?aid=lukaskonecny&amp;campaign=loudavymkrokemcz&amp;campaign=bonigen&amp;hotelname=Seehotel%20B%C3%B6nigen&amp;address=B%C3%B6nigen%2C%20%C5%A0v%C3%BDcarsko\" target=\"_blank\" rel=\"noopener nofollow sponsored\">Seehotel B\u00f6nigen<\/a>:<\/strong> un&#8217;ottima <strong>scelta per famiglie con vista panoramica<\/strong>, che offre un&#8217;atmosfera pi\u00f9 tranquilla e un rinomato ristorante interno. Gli ospiti lodano molto l&#8217;accoglienza personale dei proprietari e le ricche colazioni.<\/li>\n\n\n\n<li><strong><a href=\"https:\/\/www.stay22.com\/allez\/roam?aid=lukaskonecny&amp;campaign=loudavymkrokemcz&amp;campaign=bonigen&amp;hotelname=TCS%20Camping%20B%C3%B6nigen%20Brienzersee&amp;address=B%C3%B6nigen%2C%20%C5%A0v%C3%BDcarsko\" target=\"_blank\" rel=\"noopener nofollow sponsored\">TCS Camping B\u00f6nigen Brienzersee<\/a>:<\/strong> la <strong>soluzione economica perfetta con la migliore posizione del paese<\/strong> \u2014 proprio sul lago e a 200 metri dalla spiaggia. Attenzione per\u00f2 a due cose: <strong>nel camping non c&#8217;\u00e8 n\u00e9 piscina n\u00e9 scivolo<\/strong> (solo una vaschetta per bambini) e sull&#8217;atteggiamento del personale verso le famiglie con bimbi piccoli abbiamo una brutta esperienza personale, che racconto pi\u00f9 sotto.<\/li>\n\n\n\n<li><strong><a href=\"https:\/\/www.stay22.com\/allez\/roam?aid=lukaskonecny&amp;campaign=loudavymkrokemcz&amp;campaign=bonigen&amp;hotelname=Mountain%20and%20Lake&amp;address=B%C3%B6nigen%2C%20%C5%A0v%C3%BDcarsko\" target=\"_blank\" rel=\"noopener nofollow sponsored\">Mountain and Lake<\/a>:<\/strong> un <strong>appartamento privato con cucina completamente attrezzata<\/strong> valutato in modo fantastico, che ti garantisce la massima indipendenza. Ha una bella terrazza e, secondo le recensioni, \u00e8 il posto ideale per un soggiorno pi\u00f9 lungo cucinando da soli.<\/li>\n\n\n\n<li><strong><a href=\"https:\/\/www.stay22.com\/allez\/roam?aid=lukaskonecny&amp;campaign=loudavymkrokemcz&amp;campaign=bonigen&amp;hotelname=Walida&amp;address=B%C3%B6nigen%2C%20%C5%A0v%C3%BDcarsko\" target=\"_blank\" rel=\"noopener nofollow sponsored\">Walida<\/a>:<\/strong> un hotel pi\u00f9 semplice ma molto <strong>piacevole a un prezzo ragionevole<\/strong>, dove ti conquisteranno i balconi con vista sulle cime alpine. Gli ospiti apprezzano la pulizia e l&#8217;accogliente atmosfera familiare.<\/li>\n<\/ul>\n\n\n\n<figure data-wp-context=\"{&quot;imageId&quot;:&quot;6a9517b3e62ad&quot;}\" data-wp-interactive=\"core\/image\" data-wp-key=\"6a9517b3e62ad\" class=\"wp-block-image size-full wp-lightbox-container\"><img decoding=\"async\" width=\"1800\" height=\"1350\" data-wp-class--hide=\"state.isContentHidden\" data-wp-class--show=\"state.isContentVisible\" data-wp-init=\"callbacks.setButtonStyles\" data-wp-on--click=\"actions.showLightbox\" data-wp-on--load=\"callbacks.setButtonStyles\" data-wp-on--pointerdown=\"actions.preloadImage\" data-wp-on--pointerenter=\"actions.preloadImageWithDelay\" data-wp-on--pointerleave=\"actions.cancelPreload\" data-wp-on-window--resize=\"callbacks.setButtonStyles\" src=\"https:\/\/loudavymkrokem.cz\/wp-content\/uploads\/2026\/08\/articles-bonigen-04.jpg\" alt=\"B\u00f6nigen e il suo lungolago sul Lago di Brienz\" class=\"wp-image-404465\" title=\"\" srcset=\"https:\/\/loudavymkrokem.cz\/wp-content\/uploads\/2026\/08\/articles-bonigen-04.jpg 1800w, https:\/\/loudavymkrokem.cz\/wp-content\/uploads\/2026\/08\/articles-bonigen-04-300x225.jpg 300w, https:\/\/loudavymkrokem.cz\/wp-content\/uploads\/2026\/08\/articles-bonigen-04-700x525.jpg 700w, https:\/\/loudavymkrokem.cz\/wp-content\/uploads\/2026\/08\/articles-bonigen-04-768x576.jpg 768w, https:\/\/loudavymkrokem.cz\/wp-content\/uploads\/2026\/08\/articles-bonigen-04-1536x1152.jpg 1536w, https:\/\/loudavymkrokem.cz\/wp-content\/uploads\/2026\/08\/articles-bonigen-04-80x60.jpg 80w, https:\/\/loudavymkrokem.cz\/wp-content\/uploads\/2026\/08\/articles-bonigen-04-160x120.jpg 160w, https:\/\/loudavymkrokem.cz\/wp-content\/uploads\/2026\/08\/articles-bonigen-04-696x522.jpg 696w, https:\/\/loudavymkrokem.cz\/wp-content\/uploads\/2026\/08\/articles-bonigen-04-1392x1044.jpg 1392w\" sizes=\"(max-width: 1800px) 100vw, 1800px\" \/><button\n\t\t\tclass=\"lightbox-trigger\"\n\t\t\ttype=\"button\"\n\t\t\taria-haspopup=\"dialog\"\n\t\t\tdata-wp-bind--aria-label=\"state.thisImage.triggerButtonAriaLabel\"\n\t\t\tdata-wp-init=\"callbacks.initTriggerButton\"\n\t\t\tdata-wp-on--click=\"actions.showLightbox\"\n\t\t\tdata-wp-style--right=\"state.thisImage.buttonRight\"\n\t\t\tdata-wp-style--top=\"state.thisImage.buttonTop\"\n\t\t>\n\t\t\t<svg xmlns=\"http:\/\/www.w3.org\/2000\/svg\" width=\"12\" height=\"12\" fill=\"none\" viewBox=\"0 0 12 12\">\n\t\t\t\t<path fill=\"#fff\" d=\"M2 0a2 2 0 0 0-2 2v2h1.5V2a.5.5 0 0 1 .5-.5h2V0H2Zm2 10.5H2a.5.5 0 0 1-.5-.5V8H0v2a2 2 0 0 0 2 2h2v-1.5ZM8 12v-1.5h2a.5.5 0 0 0 .5-.5V8H12v2a2 2 0 0 1-2 2H8Zm2-12a2 2 0 0 1 2 2v2h-1.5V2a.5.5 0 0 0-.5-.5H8V0h2Z\" \/>\n\t\t\t<\/svg>\n\t\t<\/button><figcaption class=\"wp-element-caption\">Foto: Sven Huls \/ Pexels<\/figcaption><\/figure>\n\n\n\n<h2 class=\"wp-block-heading\"><span class=\"ez-toc-section\" id=\"Direttamente_a_Bonigen_6_consigli_su_cosa_vedere_e_fare_in_riva_al_lago\"><\/span>Direttamente a B\u00f6nigen: 6 consigli su cosa vedere e fare in riva al lago<span class=\"ez-toc-section-end\"><\/span><\/h2>\n\n\n\n<p class=\"wp-block-paragraph\">Il villaggio stesso \u00e8 il <strong>posto ideale per le giornate lente<\/strong>, quando non hai voglia di arrampicarti sulle alte montagne. Qui puoi semplicemente vagare tra i vicoli stretti, ammirare l&#8217;abilit\u00e0 artigianale dei vecchi maestri falegnami o passare il tempo direttamente sulla <strong>riva del lago turchese<\/strong>.<\/p>\n\n\n\n<p class=\"wp-block-paragraph\">Troverai un mix perfetto di storia e attivit\u00e0 acquatiche che ti terranno impegnato almeno per un intero weekend. Inoltre qui \u00e8 tutto <strong>splendidamente a portata di mano e raggiungibile a piedi<\/strong>, quindi puoi lasciare tranquillamente l&#8217;auto parcheggiata all&#8217;hotel.<\/p>\n\n\n\n<p class=\"wp-block-paragraph\">\ud83d\udca1 Consiglio: la maggior parte delle esperienze nei dintorni (crociere sul lago, escursioni in kayak, giri in jetboat e gite allo Jungfraujoch) puoi prenotarle in anticipo su <a href=\"https:\/\/www.getyourguide.com\/s\/?q=Interlaken%20Lake%20Brienz&amp;partner_id=MKZ64IS\" target=\"_blank\" rel=\"nofollow noopener sponsored\">GetYourGuide<\/a>. In alta stagione le date pi\u00f9 richieste si riempiono con giorni di anticipo.<\/p>\n\n\n\n<figure data-wp-context=\"{&quot;imageId&quot;:&quot;6a9517b3e689e&quot;}\" data-wp-interactive=\"core\/image\" data-wp-key=\"6a9517b3e689e\" class=\"wp-block-image size-full wp-lightbox-container\"><img decoding=\"async\" width=\"1800\" height=\"1350\" data-wp-class--hide=\"state.isContentHidden\" data-wp-class--show=\"state.isContentVisible\" data-wp-init=\"callbacks.setButtonStyles\" data-wp-on--click=\"actions.showLightbox\" data-wp-on--load=\"callbacks.setButtonStyles\" data-wp-on--pointerdown=\"actions.preloadImage\" data-wp-on--pointerenter=\"actions.preloadImageWithDelay\" data-wp-on--pointerleave=\"actions.cancelPreload\" data-wp-on-window--resize=\"callbacks.setButtonStyles\" src=\"https:\/\/loudavymkrokem.cz\/wp-content\/uploads\/2026\/08\/articles-bonigen-05.jpg\" alt=\"Storica casa di legno intagliata a B\u00f6nigen\" class=\"wp-image-404467\" title=\"\" srcset=\"https:\/\/loudavymkrokem.cz\/wp-content\/uploads\/2026\/08\/articles-bonigen-05.jpg 1800w, https:\/\/loudavymkrokem.cz\/wp-content\/uploads\/2026\/08\/articles-bonigen-05-300x225.jpg 300w, https:\/\/loudavymkrokem.cz\/wp-content\/uploads\/2026\/08\/articles-bonigen-05-700x525.jpg 700w, https:\/\/loudavymkrokem.cz\/wp-content\/uploads\/2026\/08\/articles-bonigen-05-768x576.jpg 768w, https:\/\/loudavymkrokem.cz\/wp-content\/uploads\/2026\/08\/articles-bonigen-05-1536x1152.jpg 1536w, https:\/\/loudavymkrokem.cz\/wp-content\/uploads\/2026\/08\/articles-bonigen-05-80x60.jpg 80w, https:\/\/loudavymkrokem.cz\/wp-content\/uploads\/2026\/08\/articles-bonigen-05-160x120.jpg 160w, https:\/\/loudavymkrokem.cz\/wp-content\/uploads\/2026\/08\/articles-bonigen-05-696x522.jpg 696w, https:\/\/loudavymkrokem.cz\/wp-content\/uploads\/2026\/08\/articles-bonigen-05-1392x1044.jpg 1392w\" sizes=\"(max-width: 1800px) 100vw, 1800px\" \/><button\n\t\t\tclass=\"lightbox-trigger\"\n\t\t\ttype=\"button\"\n\t\t\taria-haspopup=\"dialog\"\n\t\t\tdata-wp-bind--aria-label=\"state.thisImage.triggerButtonAriaLabel\"\n\t\t\tdata-wp-init=\"callbacks.initTriggerButton\"\n\t\t\tdata-wp-on--click=\"actions.showLightbox\"\n\t\t\tdata-wp-style--right=\"state.thisImage.buttonRight\"\n\t\t\tdata-wp-style--top=\"state.thisImage.buttonTop\"\n\t\t>\n\t\t\t<svg xmlns=\"http:\/\/www.w3.org\/2000\/svg\" width=\"12\" height=\"12\" fill=\"none\" viewBox=\"0 0 12 12\">\n\t\t\t\t<path fill=\"#fff\" d=\"M2 0a2 2 0 0 0-2 2v2h1.5V2a.5.5 0 0 1 .5-.5h2V0H2Zm2 10.5H2a.5.5 0 0 1-.5-.5V8H0v2a2 2 0 0 0 2 2h2v-1.5ZM8 12v-1.5h2a.5.5 0 0 0 .5-.5V8H12v2a2 2 0 0 1-2 2H8Zm2-12a2 2 0 0 1 2 2v2h-1.5V2a.5.5 0 0 0-.5-.5H8V0h2Z\" \/>\n\t\t\t<\/svg>\n\t\t<\/button><figcaption class=\"wp-element-caption\">Foto: Freek Wolsink \/ Pexels<\/figcaption><\/figure>\n\n\n\n<h3 class=\"wp-block-heading\"><span class=\"ez-toc-section\" id=\"1_Le_case_di_legno_storiche_e_la_Hauserweg\"><\/span>1. Le case di legno storiche e la H\u00e4userweg<span class=\"ez-toc-section-end\"><\/span><\/h3>\n\n\n\n<p class=\"wp-block-paragraph\">Il cuore del villaggio \u00e8 un insieme unico di <strong>case di legno intagliate dal XVI al XIX secolo<\/strong>. B\u00f6nigen ha avuto la grande fortuna, nel corso della storia, di non essere mai colpita da un grande incendio devastante. Grazie a questo si \u00e8 conservata un&#8217;edilizia continua di ogni periodo costruttivo a partire dal 1549, cosa rarissima in Svizzera.<\/p>\n\n\n\n<p class=\"wp-block-paragraph\">Durante la passeggiata lungo il percorso didattico <strong>Historischer H\u00e4userweg<\/strong> ti stupir\u00e0 il minuzioso lavoro di intaglio sulle facciate. Vedrai ornamenti complessi, vecchie iscrizioni e balconi lavorati con precisione. Per il percorso \u00e8 disponibile una guida interattiva SmartTrail, che scarichi facilmente sul telefono e che ti svela le storie delle singole famiglie.<\/p>\n\n\n\n<p class=\"wp-block-paragraph\">L&#8217;edificio pi\u00f9 famoso \u00e8 la cosiddetta <strong>Housihuus del 1757<\/strong>, che fungeva da prima locanda del posto. Ha persino una storia reale: nel 1808 vi pernott\u00f2 il re del W\u00fcrttemberg Federico. Merita attenzione anche il vecchio granaio Christi&#8217;s Spycher del 1746, che mostra come si conservavano un tempo le preziose scorte di cibo.<\/p>\n\n\n\n<p class=\"wp-block-paragraph\">\ud83d\udca1 Consiglio: ogni mattina alle 9:15 davanti all&#8217;<a href=\"https:\/\/www.boenigen-iseltwald.ch\" target=\"_blank\" rel=\"nofollow noopener\">ufficio turistico<\/a> si tengono <strong>visite guidate del villaggio<\/strong>. \u00c8 un&#8217;ottima occasione per scoprire dagli abitanti chicche che non troverai in nessuna guida cartacea.<\/p>\n\n\n\n<figure data-wp-context=\"{&quot;imageId&quot;:&quot;6a9517b3e6d5b&quot;}\" data-wp-interactive=\"core\/image\" data-wp-key=\"6a9517b3e6d5b\" class=\"wp-block-image size-full wp-lightbox-container\"><img decoding=\"async\" width=\"1800\" height=\"1341\" data-wp-class--hide=\"state.isContentHidden\" data-wp-class--show=\"state.isContentVisible\" data-wp-init=\"callbacks.setButtonStyles\" data-wp-on--click=\"actions.showLightbox\" data-wp-on--load=\"callbacks.setButtonStyles\" data-wp-on--pointerdown=\"actions.preloadImage\" data-wp-on--pointerenter=\"actions.preloadImageWithDelay\" data-wp-on--pointerleave=\"actions.cancelPreload\" data-wp-on-window--resize=\"callbacks.setButtonStyles\" src=\"https:\/\/loudavymkrokem.cz\/wp-content\/uploads\/2026\/08\/articles-bonigen-06.jpg\" alt=\"Interno di una tradizionale casa dell&#039;Oberland\" class=\"wp-image-404469\" title=\"\" srcset=\"https:\/\/loudavymkrokem.cz\/wp-content\/uploads\/2026\/08\/articles-bonigen-06.jpg 1800w, https:\/\/loudavymkrokem.cz\/wp-content\/uploads\/2026\/08\/articles-bonigen-06-300x224.jpg 300w, https:\/\/loudavymkrokem.cz\/wp-content\/uploads\/2026\/08\/articles-bonigen-06-700x522.jpg 700w, https:\/\/loudavymkrokem.cz\/wp-content\/uploads\/2026\/08\/articles-bonigen-06-768x572.jpg 768w, https:\/\/loudavymkrokem.cz\/wp-content\/uploads\/2026\/08\/articles-bonigen-06-1536x1144.jpg 1536w, https:\/\/loudavymkrokem.cz\/wp-content\/uploads\/2026\/08\/articles-bonigen-06-80x60.jpg 80w, https:\/\/loudavymkrokem.cz\/wp-content\/uploads\/2026\/08\/articles-bonigen-06-160x120.jpg 160w, https:\/\/loudavymkrokem.cz\/wp-content\/uploads\/2026\/08\/articles-bonigen-06-696x519.jpg 696w, https:\/\/loudavymkrokem.cz\/wp-content\/uploads\/2026\/08\/articles-bonigen-06-1392x1037.jpg 1392w\" sizes=\"(max-width: 1800px) 100vw, 1800px\" \/><button\n\t\t\tclass=\"lightbox-trigger\"\n\t\t\ttype=\"button\"\n\t\t\taria-haspopup=\"dialog\"\n\t\t\tdata-wp-bind--aria-label=\"state.thisImage.triggerButtonAriaLabel\"\n\t\t\tdata-wp-init=\"callbacks.initTriggerButton\"\n\t\t\tdata-wp-on--click=\"actions.showLightbox\"\n\t\t\tdata-wp-style--right=\"state.thisImage.buttonRight\"\n\t\t\tdata-wp-style--top=\"state.thisImage.buttonTop\"\n\t\t>\n\t\t\t<svg xmlns=\"http:\/\/www.w3.org\/2000\/svg\" width=\"12\" height=\"12\" fill=\"none\" viewBox=\"0 0 12 12\">\n\t\t\t\t<path fill=\"#fff\" d=\"M2 0a2 2 0 0 0-2 2v2h1.5V2a.5.5 0 0 1 .5-.5h2V0H2Zm2 10.5H2a.5.5 0 0 1-.5-.5V8H0v2a2 2 0 0 0 2 2h2v-1.5ZM8 12v-1.5h2a.5.5 0 0 0 .5-.5V8H12v2a2 2 0 0 1-2 2H8Zm2-12a2 2 0 0 1 2 2v2h-1.5V2a.5.5 0 0 0-.5-.5H8V0h2Z\" \/>\n\t\t\t<\/svg>\n\t\t<\/button><figcaption class=\"wp-element-caption\">Foto: Abhishek  Navlakha \/ Pexels<\/figcaption><\/figure>\n\n\n\n<h3 class=\"wp-block-heading\"><span class=\"ez-toc-section\" id=\"2_Il_museo_del_villaggio_Dorfmuseum_%E2%80%9Calte_Pinte%E2%80%9D\"><\/span>2. Il museo del villaggio Dorfmuseum &#8220;alte Pinte&#8221;<span class=\"ez-toc-section-end\"><\/span><\/h3>\n\n\n\n<p class=\"wp-block-paragraph\">Se vuoi vedere come si viveva davvero in queste case di legno, devi passare dal museo locale. Ha sede in una casa splendidamente conservata del <strong>1772<\/strong> e ti avvolger\u00e0 nell&#8217;atmosfera dei tempi antichi, quando la vita in montagna era molto pi\u00f9 dura di oggi.<\/p>\n\n\n\n<p class=\"wp-block-paragraph\">L&#8217;esposizione mostra una tipica abitazione dell&#8217;Oberland nei minimi dettagli. Troverai <strong>mobili e oggetti storici dal 1730 al 1920<\/strong>, dai vecchi arcolai ai cassoni per la dote dipinti a mano. \u00c8 affascinante vedere con quanta maestria gli artigiani locali sapessero lavorare il legno.<\/p>\n\n\n\n<p class=\"wp-block-paragraph\">La visita non ti porter\u00e0 via pi\u00f9 di un&#8217;ora, ma ti far\u00e0 guadagnare un enorme <strong>rispetto per la cultura e le tradizioni locali<\/strong>. Scoprirai come ci si scaldava, come si lavorava il latte dei pascoli di montagna e com&#8217;era la routine quotidiana di una comune famiglia svizzera.<\/p>\n\n\n\n<p class=\"wp-block-paragraph\">\ud83d\udca1 Consiglio: <strong>gli orari di apertura del museo<\/strong> sono <strong>piuttosto ridotti in bassa stagione<\/strong>, perci\u00f2 controlla prima sul sito in quali giorni \u00e8 aperto, per non ritrovarti davanti alla porta chiusa.<\/p>\n\n\n\n<figure data-wp-context=\"{&quot;imageId&quot;:&quot;6a9517b3e71cb&quot;}\" data-wp-interactive=\"core\/image\" data-wp-key=\"6a9517b3e71cb\" class=\"wp-block-image size-full wp-lightbox-container\"><img decoding=\"async\" width=\"1800\" height=\"1350\" data-wp-class--hide=\"state.isContentHidden\" data-wp-class--show=\"state.isContentVisible\" data-wp-init=\"callbacks.setButtonStyles\" data-wp-on--click=\"actions.showLightbox\" data-wp-on--load=\"callbacks.setButtonStyles\" data-wp-on--pointerdown=\"actions.preloadImage\" data-wp-on--pointerenter=\"actions.preloadImageWithDelay\" data-wp-on--pointerleave=\"actions.cancelPreload\" data-wp-on-window--resize=\"callbacks.setButtonStyles\" src=\"https:\/\/loudavymkrokem.cz\/wp-content\/uploads\/2026\/08\/articles-bonigen-07.jpg\" alt=\"B\u00f6nigen dal ponte di un battello sul Lago di Brienz\" class=\"wp-image-404470\" title=\"\" srcset=\"https:\/\/loudavymkrokem.cz\/wp-content\/uploads\/2026\/08\/articles-bonigen-07.jpg 1800w, https:\/\/loudavymkrokem.cz\/wp-content\/uploads\/2026\/08\/articles-bonigen-07-300x225.jpg 300w, https:\/\/loudavymkrokem.cz\/wp-content\/uploads\/2026\/08\/articles-bonigen-07-700x525.jpg 700w, https:\/\/loudavymkrokem.cz\/wp-content\/uploads\/2026\/08\/articles-bonigen-07-768x576.jpg 768w, https:\/\/loudavymkrokem.cz\/wp-content\/uploads\/2026\/08\/articles-bonigen-07-1536x1152.jpg 1536w, https:\/\/loudavymkrokem.cz\/wp-content\/uploads\/2026\/08\/articles-bonigen-07-80x60.jpg 80w, https:\/\/loudavymkrokem.cz\/wp-content\/uploads\/2026\/08\/articles-bonigen-07-160x120.jpg 160w, https:\/\/loudavymkrokem.cz\/wp-content\/uploads\/2026\/08\/articles-bonigen-07-696x522.jpg 696w, https:\/\/loudavymkrokem.cz\/wp-content\/uploads\/2026\/08\/articles-bonigen-07-1392x1044.jpg 1392w\" sizes=\"(max-width: 1800px) 100vw, 1800px\" \/><button\n\t\t\tclass=\"lightbox-trigger\"\n\t\t\ttype=\"button\"\n\t\t\taria-haspopup=\"dialog\"\n\t\t\tdata-wp-bind--aria-label=\"state.thisImage.triggerButtonAriaLabel\"\n\t\t\tdata-wp-init=\"callbacks.initTriggerButton\"\n\t\t\tdata-wp-on--click=\"actions.showLightbox\"\n\t\t\tdata-wp-style--right=\"state.thisImage.buttonRight\"\n\t\t\tdata-wp-style--top=\"state.thisImage.buttonTop\"\n\t\t>\n\t\t\t<svg xmlns=\"http:\/\/www.w3.org\/2000\/svg\" width=\"12\" height=\"12\" fill=\"none\" viewBox=\"0 0 12 12\">\n\t\t\t\t<path fill=\"#fff\" d=\"M2 0a2 2 0 0 0-2 2v2h1.5V2a.5.5 0 0 1 .5-.5h2V0H2Zm2 10.5H2a.5.5 0 0 1-.5-.5V8H0v2a2 2 0 0 0 2 2h2v-1.5ZM8 12v-1.5h2a.5.5 0 0 0 .5-.5V8H12v2a2 2 0 0 1-2 2H8Zm2-12a2 2 0 0 1 2 2v2h-1.5V2a.5.5 0 0 0-.5-.5H8V0h2Z\" \/>\n\t\t\t<\/svg>\n\t\t<\/button><figcaption class=\"wp-element-caption\">Foto: Andrew Bossi \/ Wikimedia Commons, CC BY-SA 2.5<\/figcaption><\/figure>\n\n\n\n<h3 class=\"wp-block-heading\"><span class=\"ez-toc-section\" id=\"3_Il_lungolago_il_molo_e_la_Brienzersee_Lakewalk\"><\/span>3. Il lungolago, il molo e la Brienzersee Lakewalk<span class=\"ez-toc-section-end\"><\/span><\/h3>\n\n\n\n<p class=\"wp-block-paragraph\">Il cuore di tutta B\u00f6nigen \u00e8 senza dubbio il suo lungolago. La <strong>Brienzersee Lakewalk<\/strong> ha su Google un fantastico punteggio di 4,8 su quasi mille recensioni ed \u00e8 il primo posto verso cui dovrebbero dirigersi i tuoi passi appena arrivato. La vista dal molo sulle vette circostanti e sullo specchio turchese \u00e8 semplicemente iconica.<\/p>\n\n\n\n<p class=\"wp-block-paragraph\">L&#8217;intera passeggiata \u00e8 progettata come un <strong>percorso senza barriere lungo il lago e il fiume Aare<\/strong>. \u00c8 assolutamente ideale per famiglie con passeggini, persone in carrozzina o per una lenta passeggiata serale, quando ti fanno male i piedi dopo un&#8217;intera giornata di escursione. L&#8217;acqua qui ha un colore incredibile, dovuto alla cosiddetta farina glaciale trascinata dai massicci circostanti.<\/p>\n\n\n\n<p class=\"wp-block-paragraph\">In alta stagione il lungolago si anima di cultura. Proprio al molo principale si tengono regolarmente <strong>concerti folcloristici tradizionali<\/strong>, dove puoi ascoltare dal vivo i corni alpini e vedere gli abitanti locali in splendidi costumi storici. \u00c8 un&#8217;esperienza che fa parte integrante di un soggiorno nell&#8217;Oberland Bernese.<\/p>\n\n\n\n<p class=\"wp-block-paragraph\">\ud83d\udca1 Consiglio: a due passi dalla passeggiata si trova il <strong>piccolo laghetto Depotseeli<\/strong>, nato in modo curioso in maniera artificiale durante la storica costruzione della ferrovia. Oggi serve soprattutto ai pescatori locali, ma \u00e8 un bel posticino tranquillo per una breve sosta.<\/p>\n\n\n\n<figure data-wp-context=\"{&quot;imageId&quot;:&quot;6a9517b3e7638&quot;}\" data-wp-interactive=\"core\/image\" data-wp-key=\"6a9517b3e7638\" class=\"wp-block-image size-full wp-lightbox-container\"><img decoding=\"async\" width=\"1800\" height=\"1199\" data-wp-class--hide=\"state.isContentHidden\" data-wp-class--show=\"state.isContentVisible\" data-wp-init=\"callbacks.setButtonStyles\" data-wp-on--click=\"actions.showLightbox\" data-wp-on--load=\"callbacks.setButtonStyles\" data-wp-on--pointerdown=\"actions.preloadImage\" data-wp-on--pointerenter=\"actions.preloadImageWithDelay\" data-wp-on--pointerleave=\"actions.cancelPreload\" data-wp-on-window--resize=\"callbacks.setButtonStyles\" src=\"https:\/\/loudavymkrokem.cz\/wp-content\/uploads\/2026\/08\/articles-bonigen-08.jpg\" alt=\"Stabilimento balneare sul lago con piscina\" class=\"wp-image-404472\" title=\"\" srcset=\"https:\/\/loudavymkrokem.cz\/wp-content\/uploads\/2026\/08\/articles-bonigen-08.jpg 1800w, https:\/\/loudavymkrokem.cz\/wp-content\/uploads\/2026\/08\/articles-bonigen-08-300x200.jpg 300w, https:\/\/loudavymkrokem.cz\/wp-content\/uploads\/2026\/08\/articles-bonigen-08-700x466.jpg 700w, https:\/\/loudavymkrokem.cz\/wp-content\/uploads\/2026\/08\/articles-bonigen-08-768x512.jpg 768w, https:\/\/loudavymkrokem.cz\/wp-content\/uploads\/2026\/08\/articles-bonigen-08-1536x1023.jpg 1536w, https:\/\/loudavymkrokem.cz\/wp-content\/uploads\/2026\/08\/articles-bonigen-08-696x464.jpg 696w, https:\/\/loudavymkrokem.cz\/wp-content\/uploads\/2026\/08\/articles-bonigen-08-1392x927.jpg 1392w\" sizes=\"(max-width: 1800px) 100vw, 1800px\" \/><button\n\t\t\tclass=\"lightbox-trigger\"\n\t\t\ttype=\"button\"\n\t\t\taria-haspopup=\"dialog\"\n\t\t\tdata-wp-bind--aria-label=\"state.thisImage.triggerButtonAriaLabel\"\n\t\t\tdata-wp-init=\"callbacks.initTriggerButton\"\n\t\t\tdata-wp-on--click=\"actions.showLightbox\"\n\t\t\tdata-wp-style--right=\"state.thisImage.buttonRight\"\n\t\t\tdata-wp-style--top=\"state.thisImage.buttonTop\"\n\t\t>\n\t\t\t<svg xmlns=\"http:\/\/www.w3.org\/2000\/svg\" width=\"12\" height=\"12\" fill=\"none\" viewBox=\"0 0 12 12\">\n\t\t\t\t<path fill=\"#fff\" d=\"M2 0a2 2 0 0 0-2 2v2h1.5V2a.5.5 0 0 1 .5-.5h2V0H2Zm2 10.5H2a.5.5 0 0 1-.5-.5V8H0v2a2 2 0 0 0 2 2h2v-1.5ZM8 12v-1.5h2a.5.5 0 0 0 .5-.5V8H12v2a2 2 0 0 1-2 2H8Zm2-12a2 2 0 0 1 2 2v2h-1.5V2a.5.5 0 0 0-.5-.5H8V0h2Z\" \/>\n\t\t\t<\/svg>\n\t\t<\/button><figcaption class=\"wp-element-caption\">Foto: Jean-Paul Wettstein \/ Pexels<\/figcaption><\/figure>\n\n\n\n<h3 class=\"wp-block-heading\"><span class=\"ez-toc-section\" id=\"4_La_spiaggia_e_lo_stabilimento_The_Beach\"><\/span>4. La spiaggia e lo stabilimento The Beach<span class=\"ez-toc-section-end\"><\/span><\/h3>\n\n\n\n<p class=\"wp-block-paragraph\">Anche se il lago \u00e8 freddo, B\u00f6nigen ha un piano di riserva perfetto per gli amanti dell&#8217;acqua. Lo stabilimento balneare locale The Beach (Strandbad B\u00f6nigen) funziona pi\u00f9 o meno da met\u00e0 maggio a met\u00e0 settembre e il biglietto per il 2026 costa <strong>i piacevolissimi 6 CHF per un adulto<\/strong>.<\/p>\n\n\n\n<p class=\"wp-block-paragraph\">Oltre all&#8217;accesso al lago, l&#8217;area offre anche una <strong>piscina riscaldata di 25 metri<\/strong>, cosa che apprezzerai nei giorni in cui proprio non hai voglia di tuffarti nell&#8217;acqua glaciale. Per i nuotatori \u00e8 delimitato uno spazio nel lago e tutt&#8217;intorno si estende un ampio prato erboso con grandi alberi che offrono abbondante ombra naturale.<\/p>\n\n\n\n<p class=\"wp-block-paragraph\">Le strutture qui sono di livello superiore rispetto agli standard svizzeri. Troverai spogliatoi, bagni puliti, un campo da p\u00e9tanque e un piacevole ristorante. Inoltre l&#8217;intera area \u00e8 <strong>completamente accessibile con passeggino e in carrozzina<\/strong>, quindi ci si pu\u00f2 sistemare comodamente chiunque. Dalle 17:00 vale poi un ingresso serale scontato.<\/p>\n\n\n\n<p class=\"wp-block-paragraph\">\ud83d\udca1 Consiglio: <strong>gli orari di apertura aggiornati<\/strong>, che cambiano a seconda dei mesi e del meteo, li trovi sempre sul sito ufficiale di <a href=\"https:\/\/www.strandbadboenigen.ch\" target=\"_blank\" rel=\"nofollow noopener\">The Beach<\/a>. In caso di pioggia forte l&#8217;area \u00e8 <strong>chiusa per motivi di sicurezza<\/strong>.<\/p>\n\n\n\n<figure data-wp-context=\"{&quot;imageId&quot;:&quot;6a9517b3e7aba&quot;}\" data-wp-interactive=\"core\/image\" data-wp-key=\"6a9517b3e7aba\" class=\"wp-block-image size-full wp-lightbox-container\"><img decoding=\"async\" width=\"1800\" height=\"1011\" data-wp-class--hide=\"state.isContentHidden\" data-wp-class--show=\"state.isContentVisible\" data-wp-init=\"callbacks.setButtonStyles\" data-wp-on--click=\"actions.showLightbox\" data-wp-on--load=\"callbacks.setButtonStyles\" data-wp-on--pointerdown=\"actions.preloadImage\" data-wp-on--pointerenter=\"actions.preloadImageWithDelay\" data-wp-on--pointerleave=\"actions.cancelPreload\" data-wp-on-window--resize=\"callbacks.setButtonStyles\" src=\"https:\/\/loudavymkrokem.cz\/wp-content\/uploads\/2026\/08\/articles-bonigen-09.jpg\" alt=\"Kayak su un lago di montagna\" class=\"wp-image-404475\" title=\"\" srcset=\"https:\/\/loudavymkrokem.cz\/wp-content\/uploads\/2026\/08\/articles-bonigen-09.jpg 1800w, https:\/\/loudavymkrokem.cz\/wp-content\/uploads\/2026\/08\/articles-bonigen-09-300x169.jpg 300w, https:\/\/loudavymkrokem.cz\/wp-content\/uploads\/2026\/08\/articles-bonigen-09-700x393.jpg 700w, https:\/\/loudavymkrokem.cz\/wp-content\/uploads\/2026\/08\/articles-bonigen-09-768x431.jpg 768w, https:\/\/loudavymkrokem.cz\/wp-content\/uploads\/2026\/08\/articles-bonigen-09-1536x863.jpg 1536w, https:\/\/loudavymkrokem.cz\/wp-content\/uploads\/2026\/08\/articles-bonigen-09-696x391.jpg 696w, https:\/\/loudavymkrokem.cz\/wp-content\/uploads\/2026\/08\/articles-bonigen-09-1392x782.jpg 1392w\" sizes=\"(max-width: 1800px) 100vw, 1800px\" \/><button\n\t\t\tclass=\"lightbox-trigger\"\n\t\t\ttype=\"button\"\n\t\t\taria-haspopup=\"dialog\"\n\t\t\tdata-wp-bind--aria-label=\"state.thisImage.triggerButtonAriaLabel\"\n\t\t\tdata-wp-init=\"callbacks.initTriggerButton\"\n\t\t\tdata-wp-on--click=\"actions.showLightbox\"\n\t\t\tdata-wp-style--right=\"state.thisImage.buttonRight\"\n\t\t\tdata-wp-style--top=\"state.thisImage.buttonTop\"\n\t\t>\n\t\t\t<svg xmlns=\"http:\/\/www.w3.org\/2000\/svg\" width=\"12\" height=\"12\" fill=\"none\" viewBox=\"0 0 12 12\">\n\t\t\t\t<path fill=\"#fff\" d=\"M2 0a2 2 0 0 0-2 2v2h1.5V2a.5.5 0 0 1 .5-.5h2V0H2Zm2 10.5H2a.5.5 0 0 1-.5-.5V8H0v2a2 2 0 0 0 2 2h2v-1.5ZM8 12v-1.5h2a.5.5 0 0 0 .5-.5V8H12v2a2 2 0 0 1-2 2H8Zm2-12a2 2 0 0 1 2 2v2h-1.5V2a.5.5 0 0 0-.5-.5H8V0h2Z\" \/>\n\t\t\t<\/svg>\n\t\t<\/button><figcaption class=\"wp-element-caption\">Foto: K \/ Pexels<\/figcaption><\/figure>\n\n\n\n<h3 class=\"wp-block-heading\"><span class=\"ez-toc-section\" id=\"5_Kayak_e_SUP_sullo_specchio_del_lago\"><\/span>5. Kayak e SUP sullo specchio del lago<span class=\"ez-toc-section-end\"><\/span><\/h3>\n\n\n\n<p class=\"wp-block-paragraph\">Il modo migliore per assorbire l&#8217;atmosfera del Lago di Brienz \u00e8 avventurarsi direttamente sulle sue acque. Proprio sulla riva (di fronte alla fermata dell&#8217;autobus 103) trovi la base della <strong>Hightide Kayak School<\/strong>, che da maggio a ottobre noleggia attrezzatura di prima qualit\u00e0 per gli sport acquatici.<\/p>\n\n\n\n<p class=\"wp-block-paragraph\">I prezzi per il 2026 sono impostati in modo ragionevole. Per un <strong>kayak singolo paghi da 30 CHF all&#8217;ora<\/strong>, la versione a due posti viene 45 CHF. Se ti senti pronto per una spedizione pi\u00f9 lunga, puoi noleggiare un robusto kayak da mare per ben sette ore a 70 CHF ed esplorare le baie pi\u00f9 remote. Sono ovviamente disponibili anche le popolari paddleboard (SUP).<\/p>\n\n\n\n<p class=\"wp-block-paragraph\">Se non hai esperienza con la pagaia, ti consiglio di pagare per una <strong>escursione in kayak organizzata con istruttore<\/strong>. Ti mostreranno le baie nascoste pi\u00f9 belle, ti insegneranno la tecnica corretta e si occuperanno della tua sicurezza, perch\u00e9 il tempo sul lago in montagna sa cambiare in modo inaspettatamente rapido.<\/p>\n\n\n\n<p class=\"wp-block-paragraph\">\ud83d\udca1 Consiglio: tra i canoisti \u00e8 un successo assoluto il <strong>percorso da B\u00f6nigen lungo la riva sud fino alle Cascate di Giessbach<\/strong>. Fai la prenotazione dell&#8217;attrezzatura meglio in anticipo tramite il sito <a href=\"https:\/\/www.hightide.ch\" target=\"_blank\" rel=\"nofollow noopener\">Hightide<\/a>: a luglio e agosto \u00e8 spesso tutto esaurito.<\/p>\n\n\n\n<figure data-wp-context=\"{&quot;imageId&quot;:&quot;6a9517b3e7fc6&quot;}\" data-wp-interactive=\"core\/image\" data-wp-key=\"6a9517b3e7fc6\" class=\"wp-block-image size-full wp-lightbox-container\"><img decoding=\"async\" width=\"1800\" height=\"1200\" data-wp-class--hide=\"state.isContentHidden\" data-wp-class--show=\"state.isContentVisible\" data-wp-init=\"callbacks.setButtonStyles\" data-wp-on--click=\"actions.showLightbox\" data-wp-on--load=\"callbacks.setButtonStyles\" data-wp-on--pointerdown=\"actions.preloadImage\" data-wp-on--pointerenter=\"actions.preloadImageWithDelay\" data-wp-on--pointerleave=\"actions.cancelPreload\" data-wp-on-window--resize=\"callbacks.setButtonStyles\" src=\"https:\/\/loudavymkrokem.cz\/wp-content\/uploads\/2026\/08\/articles-bonigen-10.jpg\" alt=\"Il battello a vapore storico L\u00f6tschberg\" class=\"wp-image-404478\" title=\"\" srcset=\"https:\/\/loudavymkrokem.cz\/wp-content\/uploads\/2026\/08\/articles-bonigen-10.jpg 1800w, https:\/\/loudavymkrokem.cz\/wp-content\/uploads\/2026\/08\/articles-bonigen-10-300x200.jpg 300w, https:\/\/loudavymkrokem.cz\/wp-content\/uploads\/2026\/08\/articles-bonigen-10-700x467.jpg 700w, https:\/\/loudavymkrokem.cz\/wp-content\/uploads\/2026\/08\/articles-bonigen-10-768x512.jpg 768w, https:\/\/loudavymkrokem.cz\/wp-content\/uploads\/2026\/08\/articles-bonigen-10-1536x1024.jpg 1536w, https:\/\/loudavymkrokem.cz\/wp-content\/uploads\/2026\/08\/articles-bonigen-10-696x464.jpg 696w, https:\/\/loudavymkrokem.cz\/wp-content\/uploads\/2026\/08\/articles-bonigen-10-1392x928.jpg 1392w\" sizes=\"(max-width: 1800px) 100vw, 1800px\" \/><button\n\t\t\tclass=\"lightbox-trigger\"\n\t\t\ttype=\"button\"\n\t\t\taria-haspopup=\"dialog\"\n\t\t\tdata-wp-bind--aria-label=\"state.thisImage.triggerButtonAriaLabel\"\n\t\t\tdata-wp-init=\"callbacks.initTriggerButton\"\n\t\t\tdata-wp-on--click=\"actions.showLightbox\"\n\t\t\tdata-wp-style--right=\"state.thisImage.buttonRight\"\n\t\t\tdata-wp-style--top=\"state.thisImage.buttonTop\"\n\t\t>\n\t\t\t<svg xmlns=\"http:\/\/www.w3.org\/2000\/svg\" width=\"12\" height=\"12\" fill=\"none\" viewBox=\"0 0 12 12\">\n\t\t\t\t<path fill=\"#fff\" d=\"M2 0a2 2 0 0 0-2 2v2h1.5V2a.5.5 0 0 1 .5-.5h2V0H2Zm2 10.5H2a.5.5 0 0 1-.5-.5V8H0v2a2 2 0 0 0 2 2h2v-1.5ZM8 12v-1.5h2a.5.5 0 0 0 .5-.5V8H12v2a2 2 0 0 1-2 2H8Zm2-12a2 2 0 0 1 2 2v2h-1.5V2a.5.5 0 0 0-.5-.5H8V0h2Z\" \/>\n\t\t\t<\/svg>\n\t\t<\/button><figcaption class=\"wp-element-caption\">Foto: Martin Abegglen from Bern, Switzerland \/ Wikimedia Commons, CC BY-SA 2.0<\/figcaption><\/figure>\n\n\n\n<h3 class=\"wp-block-heading\"><span class=\"ez-toc-section\" id=\"6_Crociera_sullo_storico_battello_a_vapore_Lotschberg\"><\/span>6. Crociera sullo storico battello a vapore L\u00f6tschberg<span class=\"ez-toc-section-end\"><\/span><\/h3>\n\n\n\n<p class=\"wp-block-paragraph\">Se preferisci il comfort alla fatica fisica, devi assolutamente fare un giro in battello. Sul lago opera la flotta della compagnia BLS, il cui pi\u00f9 grande vanto \u00e8 il <strong>battello a vapore DS L\u00f6tschberg del 1914<\/strong>. La navigazione su questa splendida imbarcazione restaurata ti trasporta all&#8217;istante nell&#8217;epoca spensierata della Belle \u00c9poque.<\/p>\n\n\n\n<p class=\"wp-block-paragraph\">La flotta solca il lago dall&#8217;inizio di aprile all&#8217;inizio di dicembre 2026. Il percorso abituale va da Interlaken passando per B\u00f6nigen, Iseltwald e Giessbach fino alla cittadina di Brienz. <strong>Il biglietto base costa 39 CHF<\/strong>, ma se possiedi il Bernese Oberland Pass o lo Swiss Travel Pass la crociera \u00e8 del tutto gratuita. I bambini dai 6 ai 15 anni viaggiano a met\u00e0 prezzo.<\/p>\n\n\n\n<p class=\"wp-block-paragraph\">Oltre alle normali corse diurne, a luglio e agosto si organizzano anche <strong>speciali crociere serali del sabato<\/strong>. Guardare il tramonto dal ponte di uno storico battello a vapore, mentre intorno a te scorrono drammatiche pareti montuose \u2014 \u00e8 l&#8217;esperienza pi\u00f9 romantica che puoi concederti qui.<\/p>\n\n\n\n<p class=\"wp-block-paragraph\">\ud83d\udca1 Consiglio: <strong>orari e acquisto dei biglietti<\/strong> li risolvi in anticipo sul portale dei <a href=\"https:\/\/www.bls-schiff.ch\" target=\"_blank\" rel=\"nofollow noopener\">battelli BLS<\/a>. Consiglio di <strong>imbarcarti gi\u00e0 a Interlaken<\/strong>, cos\u00ec sei sicuro di accaparrarti i posti migliori sul ponte superiore prima che la barca arrivi a B\u00f6nigen.<\/p>\n\n\n\n<figure data-wp-context=\"{&quot;imageId&quot;:&quot;6a9517b3e8662&quot;}\" data-wp-interactive=\"core\/image\" data-wp-key=\"6a9517b3e8662\" class=\"wp-block-image size-full wp-lightbox-container\"><img decoding=\"async\" width=\"1800\" height=\"1013\" data-wp-class--hide=\"state.isContentHidden\" data-wp-class--show=\"state.isContentVisible\" data-wp-init=\"callbacks.setButtonStyles\" data-wp-on--click=\"actions.showLightbox\" data-wp-on--load=\"callbacks.setButtonStyles\" data-wp-on--pointerdown=\"actions.preloadImage\" data-wp-on--pointerenter=\"actions.preloadImageWithDelay\" data-wp-on--pointerleave=\"actions.cancelPreload\" data-wp-on-window--resize=\"callbacks.setButtonStyles\" src=\"https:\/\/loudavymkrokem.cz\/wp-content\/uploads\/2026\/08\/articles-bonigen-11.jpg\" alt=\"Sentiero escursionistico segnalato sopra il lago\" class=\"wp-image-404479\" title=\"\" srcset=\"https:\/\/loudavymkrokem.cz\/wp-content\/uploads\/2026\/08\/articles-bonigen-11.jpg 1800w, https:\/\/loudavymkrokem.cz\/wp-content\/uploads\/2026\/08\/articles-bonigen-11-300x169.jpg 300w, https:\/\/loudavymkrokem.cz\/wp-content\/uploads\/2026\/08\/articles-bonigen-11-700x394.jpg 700w, https:\/\/loudavymkrokem.cz\/wp-content\/uploads\/2026\/08\/articles-bonigen-11-768x432.jpg 768w, https:\/\/loudavymkrokem.cz\/wp-content\/uploads\/2026\/08\/articles-bonigen-11-1536x864.jpg 1536w, https:\/\/loudavymkrokem.cz\/wp-content\/uploads\/2026\/08\/articles-bonigen-11-696x392.jpg 696w, https:\/\/loudavymkrokem.cz\/wp-content\/uploads\/2026\/08\/articles-bonigen-11-1392x783.jpg 1392w\" sizes=\"(max-width: 1800px) 100vw, 1800px\" \/><button\n\t\t\tclass=\"lightbox-trigger\"\n\t\t\ttype=\"button\"\n\t\t\taria-haspopup=\"dialog\"\n\t\t\tdata-wp-bind--aria-label=\"state.thisImage.triggerButtonAriaLabel\"\n\t\t\tdata-wp-init=\"callbacks.initTriggerButton\"\n\t\t\tdata-wp-on--click=\"actions.showLightbox\"\n\t\t\tdata-wp-style--right=\"state.thisImage.buttonRight\"\n\t\t\tdata-wp-style--top=\"state.thisImage.buttonTop\"\n\t\t>\n\t\t\t<svg xmlns=\"http:\/\/www.w3.org\/2000\/svg\" width=\"12\" height=\"12\" fill=\"none\" viewBox=\"0 0 12 12\">\n\t\t\t\t<path fill=\"#fff\" d=\"M2 0a2 2 0 0 0-2 2v2h1.5V2a.5.5 0 0 1 .5-.5h2V0H2Zm2 10.5H2a.5.5 0 0 1-.5-.5V8H0v2a2 2 0 0 0 2 2h2v-1.5ZM8 12v-1.5h2a.5.5 0 0 0 .5-.5V8H12v2a2 2 0 0 1-2 2H8Zm2-12a2 2 0 0 1 2 2v2h-1.5V2a.5.5 0 0 0-.5-.5H8V0h2Z\" \/>\n\t\t\t<\/svg>\n\t\t<\/button><figcaption class=\"wp-element-caption\">Foto: Tina P. \/ Pexels<\/figcaption><\/figure>\n\n\n\n<h2 class=\"wp-block-heading\"><span class=\"ez-toc-section\" id=\"Trekking_da_Bonigen_6_sentieri_che_valgono_la_pena\"><\/span>Trekking da B\u00f6nigen: 6 sentieri che valgono la pena<span class=\"ez-toc-section-end\"><\/span><\/h2>\n\n\n\n<p class=\"wp-block-paragraph\">Se sei tra quelli che amano macinare la propria gita direttamente dall&#8217;hotel senza dover viaggiare da nessuna parte, B\u00f6nigen \u00e8 il tuo posto. Decine di chilometri di <strong>sentieri perfettamente segnalati<\/strong> partono proprio dietro la soglia di casa. La regione offre di tutto, da facili passeggiate lungo la riva fino a <strong>salite di un&#8217;intera giornata con dislivelli brutali<\/strong>.<\/p>\n\n\n\n<p class=\"wp-block-paragraph\">La segnaletica escursionistica svizzera \u00e8 precisa, ma non dimenticare che sei sulle Alpi. Porta sempre con te <strong>acqua a sufficienza<\/strong>, una buona mappa sul telefono (ad esempio l&#8217;app Komoot o Google Maps) e <strong>scarpe robuste<\/strong>. Il tempo qui sa mostrare il suo lato pi\u00f9 duro in modo molto inaspettato.<\/p>\n\n\n\n<figure data-wp-context=\"{&quot;imageId&quot;:&quot;6a9517b3e8b62&quot;}\" data-wp-interactive=\"core\/image\" data-wp-key=\"6a9517b3e8b62\" class=\"wp-block-image size-full wp-lightbox-container\"><img decoding=\"async\" width=\"1800\" height=\"1200\" data-wp-class--hide=\"state.isContentHidden\" data-wp-class--show=\"state.isContentVisible\" data-wp-init=\"callbacks.setButtonStyles\" data-wp-on--click=\"actions.showLightbox\" data-wp-on--load=\"callbacks.setButtonStyles\" data-wp-on--pointerdown=\"actions.preloadImage\" data-wp-on--pointerenter=\"actions.preloadImageWithDelay\" data-wp-on--pointerleave=\"actions.cancelPreload\" data-wp-on-window--resize=\"callbacks.setButtonStyles\" src=\"https:\/\/loudavymkrokem.cz\/wp-content\/uploads\/2026\/08\/articles-bonigen-12.jpg\" alt=\"Cascata che scende verso il Lago di Brienz\" class=\"wp-image-404480\" title=\"\" srcset=\"https:\/\/loudavymkrokem.cz\/wp-content\/uploads\/2026\/08\/articles-bonigen-12.jpg 1800w, https:\/\/loudavymkrokem.cz\/wp-content\/uploads\/2026\/08\/articles-bonigen-12-300x200.jpg 300w, https:\/\/loudavymkrokem.cz\/wp-content\/uploads\/2026\/08\/articles-bonigen-12-700x467.jpg 700w, https:\/\/loudavymkrokem.cz\/wp-content\/uploads\/2026\/08\/articles-bonigen-12-768x512.jpg 768w, https:\/\/loudavymkrokem.cz\/wp-content\/uploads\/2026\/08\/articles-bonigen-12-1536x1024.jpg 1536w, https:\/\/loudavymkrokem.cz\/wp-content\/uploads\/2026\/08\/articles-bonigen-12-696x464.jpg 696w, https:\/\/loudavymkrokem.cz\/wp-content\/uploads\/2026\/08\/articles-bonigen-12-1392x928.jpg 1392w\" sizes=\"(max-width: 1800px) 100vw, 1800px\" \/><button\n\t\t\tclass=\"lightbox-trigger\"\n\t\t\ttype=\"button\"\n\t\t\taria-haspopup=\"dialog\"\n\t\t\tdata-wp-bind--aria-label=\"state.thisImage.triggerButtonAriaLabel\"\n\t\t\tdata-wp-init=\"callbacks.initTriggerButton\"\n\t\t\tdata-wp-on--click=\"actions.showLightbox\"\n\t\t\tdata-wp-style--right=\"state.thisImage.buttonRight\"\n\t\t\tdata-wp-style--top=\"state.thisImage.buttonTop\"\n\t\t>\n\t\t\t<svg xmlns=\"http:\/\/www.w3.org\/2000\/svg\" width=\"12\" height=\"12\" fill=\"none\" viewBox=\"0 0 12 12\">\n\t\t\t\t<path fill=\"#fff\" d=\"M2 0a2 2 0 0 0-2 2v2h1.5V2a.5.5 0 0 1 .5-.5h2V0H2Zm2 10.5H2a.5.5 0 0 1-.5-.5V8H0v2a2 2 0 0 0 2 2h2v-1.5ZM8 12v-1.5h2a.5.5 0 0 0 .5-.5V8H12v2a2 2 0 0 1-2 2H8Zm2-12a2 2 0 0 1 2 2v2h-1.5V2a.5.5 0 0 0-.5-.5H8V0h2Z\" \/>\n\t\t\t<\/svg>\n\t\t<\/button><figcaption class=\"wp-element-caption\">Foto: Tommes Frites \/ Pexels<\/figcaption><\/figure>\n\n\n\n<h3 class=\"wp-block-heading\"><span class=\"ez-toc-section\" id=\"7_Il_Sentiero_delle_Tre_Cascate_a_tappe\"><\/span>7. Il Sentiero delle Tre Cascate a tappe<span class=\"ez-toc-section-end\"><\/span><\/h3>\n\n\n\n<p class=\"wp-block-paragraph\">Questo \u00e8 senza dubbio il <strong>percorso pi\u00f9 famoso di tutta la zona<\/strong>, che si snoda direttamente lungo la riva del Lago di Brienz da B\u00f6nigen passando per Iseltwald fino a Brienz. Lungo il cammino ti aspettano <strong>tre cascate mozzafiato<\/strong>: la Erschwandenbachfall, la M\u00fclibachfall e infine le pi\u00f9 note Giessbachf\u00e4lle.<\/p>\n\n\n\n<p class=\"wp-block-paragraph\">I parametri dell&#8217;intero percorso incutono rispetto. Misura <strong>18,2 chilometri con un dislivello di 466 metri<\/strong> e richiede circa 5 ore e 15 minuti di cammino effettivo. Il sentiero ondeggia su e gi\u00f9 lungo la riva tra i 565 e i 775 metri e offre fantastici scorci sullo specchio turchese attraverso fitti boschi.<\/p>\n\n\n\n<p class=\"wp-block-paragraph\">Il genio di questo percorso \u00e8 che si pu\u00f2 <strong>facilmente dividere in tappe pi\u00f9 piccole<\/strong>: da B\u00f6nigen a Iseltwald 1 ora e 50 minuti, fino alla cascata M\u00fclibach altri 35 minuti, da l\u00ec a Giessbach quasi 2 ore e fino a Brienz l&#8217;ultima ora e 20 minuti. Il trucco migliore \u00e8 partire a piedi, arrivare alla prima o seconda cascata e poi saltare sul battello o sull&#8217;autobus per tornare indietro.<\/p>\n\n\n\n<p class=\"wp-block-paragraph\">\ud83d\udca1 Consiglio: se cerchi una gita ideale di mezza giornata, prova la <strong>prima tappa dall&#8217;imbarcadero di B\u00f6nigen alla cascata Erschwandenbach e poi fino a Iseltwald<\/strong>. Dopo Iseltwald per\u00f2 attenzione: <strong>manca la segnaletica in direzione &#8220;Isch&#8221;<\/strong> ed \u00e8 facile mancare le ultime due cascate.<\/p>\n\n\n\n<figure data-wp-context=\"{&quot;imageId&quot;:&quot;6a9517b3e906d&quot;}\" data-wp-interactive=\"core\/image\" data-wp-key=\"6a9517b3e906d\" class=\"wp-block-image size-full wp-lightbox-container\"><img decoding=\"async\" width=\"1800\" height=\"1350\" data-wp-class--hide=\"state.isContentHidden\" data-wp-class--show=\"state.isContentVisible\" data-wp-init=\"callbacks.setButtonStyles\" data-wp-on--click=\"actions.showLightbox\" data-wp-on--load=\"callbacks.setButtonStyles\" data-wp-on--pointerdown=\"actions.preloadImage\" data-wp-on--pointerenter=\"actions.preloadImageWithDelay\" data-wp-on--pointerleave=\"actions.cancelPreload\" data-wp-on-window--resize=\"callbacks.setButtonStyles\" src=\"https:\/\/loudavymkrokem.cz\/wp-content\/uploads\/2026\/08\/articles-bonigen-13.jpg\" alt=\"Vista su B\u00f6nigen e il lago dalle colline circostanti\" class=\"wp-image-404482\" title=\"\" srcset=\"https:\/\/loudavymkrokem.cz\/wp-content\/uploads\/2026\/08\/articles-bonigen-13.jpg 1800w, https:\/\/loudavymkrokem.cz\/wp-content\/uploads\/2026\/08\/articles-bonigen-13-300x225.jpg 300w, https:\/\/loudavymkrokem.cz\/wp-content\/uploads\/2026\/08\/articles-bonigen-13-700x525.jpg 700w, https:\/\/loudavymkrokem.cz\/wp-content\/uploads\/2026\/08\/articles-bonigen-13-768x576.jpg 768w, https:\/\/loudavymkrokem.cz\/wp-content\/uploads\/2026\/08\/articles-bonigen-13-1536x1152.jpg 1536w, https:\/\/loudavymkrokem.cz\/wp-content\/uploads\/2026\/08\/articles-bonigen-13-80x60.jpg 80w, https:\/\/loudavymkrokem.cz\/wp-content\/uploads\/2026\/08\/articles-bonigen-13-160x120.jpg 160w, https:\/\/loudavymkrokem.cz\/wp-content\/uploads\/2026\/08\/articles-bonigen-13-696x522.jpg 696w, https:\/\/loudavymkrokem.cz\/wp-content\/uploads\/2026\/08\/articles-bonigen-13-1392x1044.jpg 1392w\" sizes=\"(max-width: 1800px) 100vw, 1800px\" \/><button\n\t\t\tclass=\"lightbox-trigger\"\n\t\t\ttype=\"button\"\n\t\t\taria-haspopup=\"dialog\"\n\t\t\tdata-wp-bind--aria-label=\"state.thisImage.triggerButtonAriaLabel\"\n\t\t\tdata-wp-init=\"callbacks.initTriggerButton\"\n\t\t\tdata-wp-on--click=\"actions.showLightbox\"\n\t\t\tdata-wp-style--right=\"state.thisImage.buttonRight\"\n\t\t\tdata-wp-style--top=\"state.thisImage.buttonTop\"\n\t\t>\n\t\t\t<svg xmlns=\"http:\/\/www.w3.org\/2000\/svg\" width=\"12\" height=\"12\" fill=\"none\" viewBox=\"0 0 12 12\">\n\t\t\t\t<path fill=\"#fff\" d=\"M2 0a2 2 0 0 0-2 2v2h1.5V2a.5.5 0 0 1 .5-.5h2V0H2Zm2 10.5H2a.5.5 0 0 1-.5-.5V8H0v2a2 2 0 0 0 2 2h2v-1.5ZM8 12v-1.5h2a.5.5 0 0 0 .5-.5V8H12v2a2 2 0 0 1-2 2H8Zm2-12a2 2 0 0 1 2 2v2h-1.5V2a.5.5 0 0 0-.5-.5H8V0h2Z\" \/>\n\t\t\t<\/svg>\n\t\t<\/button><figcaption class=\"wp-element-caption\">Foto: Diacius \/ Wikimedia Commons, CC BY 4.0<\/figcaption><\/figure>\n\n\n\n<h3 class=\"wp-block-heading\"><span class=\"ez-toc-section\" id=\"8_Lanello_del_Sytiberg_55_km_anche_con_passeggino_da_trekking\"><\/span>8. L&#8217;anello del Sytiberg: 5,5 km anche con passeggino da trekking<span class=\"ez-toc-section-end\"><\/span><\/h3>\n\n\n\n<p class=\"wp-block-paragraph\">Quando vuoi allontanarti dall&#8217;acqua salendo pi\u00f9 in alto sulle colline e non hai voglia di viaggiare lontano, prova questo <strong>anello locale (Rundwanderung Sytiberg)<\/strong>. Parte <strong>proprio dall&#8217;ufficio turistico<\/strong> e ti conduce attraverso la parte alta del villaggio, dove per caso potrai osservare altre case storiche.<\/p>\n\n\n\n<p class=\"wp-block-paragraph\">Secondo i dati ufficiali della regione, l&#8217;anello misura <strong>5,5 chilometri, dura un&#8217;ora e mezza e ha un dislivello di 146 metri<\/strong>. Il punto pi\u00f9 alto si trova a 712 metri, quindi non si tratta di alcun terreno d&#8217;alta montagna. Il percorso ti fa attraversare un fitto bosco e fotogenici prati di montagna.<\/p>\n\n\n\n<p class=\"wp-block-paragraph\">Lungo il cammino passerai per <strong>l&#8217;area barbecue Oberallmi con vista<\/strong> e attraverserai il ponte di legno coperto Aenderbergbr\u00fcgg, uno dei luoghi pi\u00f9 fotogenici della zona. Il ritorno \u00e8 lungo il fiume L\u00fctschine. \u00c8 un <strong>percorso perfetto per la mattinata<\/strong>, quando non vuoi passare tutto il giorno in piedi.<\/p>\n\n\n\n<p class=\"wp-block-paragraph\">\ud83d\udca1 Consiglio: questo \u00e8 <strong>l&#8217;unico sentiero di B\u00f6nigen ufficialmente percorribile con un passeggino da trekking<\/strong>, quindi \u00e8 la scelta ovvia quando hai con te i pi\u00f9 piccoli. Il fondo nel bosco \u00e8 scivoloso dopo la pioggia, meglio calzare scarponi con suola robusta.<\/p>\n\n\n\n<figure data-wp-context=\"{&quot;imageId&quot;:&quot;6a9517b3e95d6&quot;}\" data-wp-interactive=\"core\/image\" data-wp-key=\"6a9517b3e95d6\" class=\"wp-block-image size-full wp-lightbox-container\"><img decoding=\"async\" width=\"1800\" height=\"1013\" data-wp-class--hide=\"state.isContentHidden\" data-wp-class--show=\"state.isContentVisible\" data-wp-init=\"callbacks.setButtonStyles\" data-wp-on--click=\"actions.showLightbox\" data-wp-on--load=\"callbacks.setButtonStyles\" data-wp-on--pointerdown=\"actions.preloadImage\" data-wp-on--pointerenter=\"actions.preloadImageWithDelay\" data-wp-on--pointerleave=\"actions.cancelPreload\" data-wp-on-window--resize=\"callbacks.setButtonStyles\" src=\"https:\/\/loudavymkrokem.cz\/wp-content\/uploads\/2026\/08\/articles-bonigen-14.jpg\" alt=\"Vista panoramica dalla cima sopra il lago\" class=\"wp-image-404484\" title=\"\" srcset=\"https:\/\/loudavymkrokem.cz\/wp-content\/uploads\/2026\/08\/articles-bonigen-14.jpg 1800w, https:\/\/loudavymkrokem.cz\/wp-content\/uploads\/2026\/08\/articles-bonigen-14-300x169.jpg 300w, https:\/\/loudavymkrokem.cz\/wp-content\/uploads\/2026\/08\/articles-bonigen-14-700x394.jpg 700w, https:\/\/loudavymkrokem.cz\/wp-content\/uploads\/2026\/08\/articles-bonigen-14-768x432.jpg 768w, https:\/\/loudavymkrokem.cz\/wp-content\/uploads\/2026\/08\/articles-bonigen-14-1536x864.jpg 1536w, https:\/\/loudavymkrokem.cz\/wp-content\/uploads\/2026\/08\/articles-bonigen-14-696x392.jpg 696w, https:\/\/loudavymkrokem.cz\/wp-content\/uploads\/2026\/08\/articles-bonigen-14-1392x783.jpg 1392w\" sizes=\"(max-width: 1800px) 100vw, 1800px\" \/><button\n\t\t\tclass=\"lightbox-trigger\"\n\t\t\ttype=\"button\"\n\t\t\taria-haspopup=\"dialog\"\n\t\t\tdata-wp-bind--aria-label=\"state.thisImage.triggerButtonAriaLabel\"\n\t\t\tdata-wp-init=\"callbacks.initTriggerButton\"\n\t\t\tdata-wp-on--click=\"actions.showLightbox\"\n\t\t\tdata-wp-style--right=\"state.thisImage.buttonRight\"\n\t\t\tdata-wp-style--top=\"state.thisImage.buttonTop\"\n\t\t>\n\t\t\t<svg xmlns=\"http:\/\/www.w3.org\/2000\/svg\" width=\"12\" height=\"12\" fill=\"none\" viewBox=\"0 0 12 12\">\n\t\t\t\t<path fill=\"#fff\" d=\"M2 0a2 2 0 0 0-2 2v2h1.5V2a.5.5 0 0 1 .5-.5h2V0H2Zm2 10.5H2a.5.5 0 0 1-.5-.5V8H0v2a2 2 0 0 0 2 2h2v-1.5ZM8 12v-1.5h2a.5.5 0 0 0 .5-.5V8H12v2a2 2 0 0 1-2 2H8Zm2-12a2 2 0 0 1 2 2v2h-1.5V2a.5.5 0 0 0-.5-.5H8V0h2Z\" \/>\n\t\t\t<\/svg>\n\t\t<\/button><figcaption class=\"wp-element-caption\">Foto: Sam Teano \/ Pexels<\/figcaption><\/figure>\n\n\n\n<h3 class=\"wp-block-heading\"><span class=\"ez-toc-section\" id=\"9_Lanello_dellHaslerenegg_854_m_con_libro_di_vetta\"><\/span>9. L&#8217;anello dell&#8217;Haslerenegg (854 m) con libro di vetta<span class=\"ez-toc-section-end\"><\/span><\/h3>\n\n\n\n<p class=\"wp-block-paragraph\">Un altro anello favoloso parte di nuovo dall&#8217;ufficio turistico e attraversa le frazioni di Ried e Stockeren fino al misterioso bosco Bannwald. La meta \u00e8 la <strong>cresta boscosa dell&#8217;Haslerenegg a 854 metri di quota<\/strong>. Il percorso misura <strong>6 chilometri, con 287 metri di dislivello, e ti porta via due ore<\/strong>.<\/p>\n\n\n\n<p class=\"wp-block-paragraph\">La collina nasconde anche un pezzo di storia dura. Negli <strong>anni &#8217;30 del XIV secolo<\/strong> qui si scontrarono i montanari dell&#8217;Hasli con l&#8217;esercito dei signori di Weissenburg-Unspunnen e persero la battaglia. Alle tombe dei caduti rimanda ancora oggi il toponimo &#8220;in den Grebinen&#8221; e nel 1924 vi fu ritrovata una lancia di ferro. Oggi qui regna la calma e sulla cresta trovi un <strong>libro di vetta<\/strong> su cui puoi firmarti.<\/p>\n\n\n\n<p class=\"wp-block-paragraph\">La via del ritorno ti conduce attraverso il Sytiberg e vicino all&#8217;area barbecue Oberallmi di nuovo verso il lago. Il percorso combina <strong>ombrosi sentieri boschivi<\/strong> con tratti soleggiati ed \u00e8 uno di quei cammini dove <strong>invece delle folle di turisti<\/strong> incontri solo la gente del posto a passeggio con il cane la domenica.<\/p>\n\n\n\n<p class=\"wp-block-paragraph\">\ud83d\udca1 Consiglio: porta con te una penna, per lasciare un messaggio nel libro di vetta. E prendi sul serio l&#8217;<strong>avviso ufficiale di non venire qui con la pioggia n\u00e9 con il terreno ghiacciato<\/strong> \u2014 la salita alla cresta \u00e8 ripida e un quarto del percorso corre su un sentiero stretto.<\/p>\n\n\n\n<figure data-wp-context=\"{&quot;imageId&quot;:&quot;6a9517b3e9aab&quot;}\" data-wp-interactive=\"core\/image\" data-wp-key=\"6a9517b3e9aab\" class=\"wp-block-image size-full wp-lightbox-container\"><img decoding=\"async\" width=\"1800\" height=\"1200\" data-wp-class--hide=\"state.isContentHidden\" data-wp-class--show=\"state.isContentVisible\" data-wp-init=\"callbacks.setButtonStyles\" data-wp-on--click=\"actions.showLightbox\" data-wp-on--load=\"callbacks.setButtonStyles\" data-wp-on--pointerdown=\"actions.preloadImage\" data-wp-on--pointerenter=\"actions.preloadImageWithDelay\" data-wp-on--pointerleave=\"actions.cancelPreload\" data-wp-on-window--resize=\"callbacks.setButtonStyles\" src=\"https:\/\/loudavymkrokem.cz\/wp-content\/uploads\/2026\/08\/articles-bonigen-15.jpg\" alt=\"Cascata nascosta nel bosco sopra B\u00f6nigen\" class=\"wp-image-404489\" title=\"\" srcset=\"https:\/\/loudavymkrokem.cz\/wp-content\/uploads\/2026\/08\/articles-bonigen-15.jpg 1800w, https:\/\/loudavymkrokem.cz\/wp-content\/uploads\/2026\/08\/articles-bonigen-15-300x200.jpg 300w, https:\/\/loudavymkrokem.cz\/wp-content\/uploads\/2026\/08\/articles-bonigen-15-700x467.jpg 700w, https:\/\/loudavymkrokem.cz\/wp-content\/uploads\/2026\/08\/articles-bonigen-15-768x512.jpg 768w, https:\/\/loudavymkrokem.cz\/wp-content\/uploads\/2026\/08\/articles-bonigen-15-1536x1024.jpg 1536w, https:\/\/loudavymkrokem.cz\/wp-content\/uploads\/2026\/08\/articles-bonigen-15-696x464.jpg 696w, https:\/\/loudavymkrokem.cz\/wp-content\/uploads\/2026\/08\/articles-bonigen-15-1392x928.jpg 1392w\" sizes=\"(max-width: 1800px) 100vw, 1800px\" \/><button\n\t\t\tclass=\"lightbox-trigger\"\n\t\t\ttype=\"button\"\n\t\t\taria-haspopup=\"dialog\"\n\t\t\tdata-wp-bind--aria-label=\"state.thisImage.triggerButtonAriaLabel\"\n\t\t\tdata-wp-init=\"callbacks.initTriggerButton\"\n\t\t\tdata-wp-on--click=\"actions.showLightbox\"\n\t\t\tdata-wp-style--right=\"state.thisImage.buttonRight\"\n\t\t\tdata-wp-style--top=\"state.thisImage.buttonTop\"\n\t\t>\n\t\t\t<svg xmlns=\"http:\/\/www.w3.org\/2000\/svg\" width=\"12\" height=\"12\" fill=\"none\" viewBox=\"0 0 12 12\">\n\t\t\t\t<path fill=\"#fff\" d=\"M2 0a2 2 0 0 0-2 2v2h1.5V2a.5.5 0 0 1 .5-.5h2V0H2Zm2 10.5H2a.5.5 0 0 1-.5-.5V8H0v2a2 2 0 0 0 2 2h2v-1.5ZM8 12v-1.5h2a.5.5 0 0 0 .5-.5V8H12v2a2 2 0 0 1-2 2H8Zm2-12a2 2 0 0 1 2 2v2h-1.5V2a.5.5 0 0 0-.5-.5H8V0h2Z\" \/>\n\t\t\t<\/svg>\n\t\t<\/button><figcaption class=\"wp-element-caption\">Foto: Fez Brook \/ Pexels<\/figcaption><\/figure>\n\n\n\n<h3 class=\"wp-block-heading\"><span class=\"ez-toc-section\" id=\"10_Lanello_fino_alla_cascata_Erschwandenbach\"><\/span>10. L&#8217;anello fino alla cascata Erschwandenbach<span class=\"ez-toc-section-end\"><\/span><\/h3>\n\n\n\n<p class=\"wp-block-paragraph\">Se non vuoi affrontare l&#8217;intero Sentiero delle Tre Cascate, puoi fare un bel percorso ad anello solo fino alla prima di esse. L&#8217;ufficiale <strong>Rundwanderung Erschwandenfall misura 8,7 chilometri e ti porta via circa 2 ore e 35 minuti<\/strong> di normale cammino.<\/p>\n\n\n\n<p class=\"wp-block-paragraph\">Lungo il cammino sali solo <strong>211 metri e ufficialmente il percorso \u00e8 classificato come facile<\/strong>, quindi non devi temerlo nemmeno con bambini pi\u00f9 grandi. La cascata Erschwandenbach \u00e8 splendidamente nascosta in un bosco profondo e l&#8217;acqua cade qui su strapiombi rocciosi. In una calda giornata estiva i dintorni della cascata funzionano come una perfetta aria condizionata naturale.<\/p>\n\n\n\n<p class=\"wp-block-paragraph\">Questo anello \u00e8 ottimo perch\u00e9 ti conduce attraverso <strong>diversi tipi di paesaggio<\/strong>. Per un po&#8217; cammini lungo la riva, poi inizi a salire sulle colline e infine torni per sentieri boschivi con <strong>scorci sul lago glaciale<\/strong> in profondit\u00e0 sotto di te. Lungo il cammino passi accanto a una fattoria con un piccolo negozietto, altrimenti sul percorso non compri nulla.<\/p>\n\n\n\n<p class=\"wp-block-paragraph\">\ud83d\udca1 Consiglio: alla cascata stessa si sale per uno <strong>stretto sentiero boschivo<\/strong>, quindi <strong>tornano utili i bastoncini da trekking<\/strong>, che ti alleggeriscono le ginocchia durante la discesa verso il villaggio.<\/p>\n\n\n\n<figure data-wp-context=\"{&quot;imageId&quot;:&quot;6a9517b3ea02a&quot;}\" data-wp-interactive=\"core\/image\" data-wp-key=\"6a9517b3ea02a\" class=\"wp-block-image size-full wp-lightbox-container\"><img decoding=\"async\" width=\"1800\" height=\"1199\" data-wp-class--hide=\"state.isContentHidden\" data-wp-class--show=\"state.isContentVisible\" data-wp-init=\"callbacks.setButtonStyles\" data-wp-on--click=\"actions.showLightbox\" data-wp-on--load=\"callbacks.setButtonStyles\" data-wp-on--pointerdown=\"actions.preloadImage\" data-wp-on--pointerenter=\"actions.preloadImageWithDelay\" data-wp-on--pointerleave=\"actions.cancelPreload\" data-wp-on-window--resize=\"callbacks.setButtonStyles\" src=\"https:\/\/loudavymkrokem.cz\/wp-content\/uploads\/2026\/08\/articles-bonigen-16.jpg\" alt=\"Sentiero costiero presso Iseltwald\" class=\"wp-image-404490\" title=\"\" srcset=\"https:\/\/loudavymkrokem.cz\/wp-content\/uploads\/2026\/08\/articles-bonigen-16.jpg 1800w, https:\/\/loudavymkrokem.cz\/wp-content\/uploads\/2026\/08\/articles-bonigen-16-300x200.jpg 300w, https:\/\/loudavymkrokem.cz\/wp-content\/uploads\/2026\/08\/articles-bonigen-16-700x466.jpg 700w, https:\/\/loudavymkrokem.cz\/wp-content\/uploads\/2026\/08\/articles-bonigen-16-768x512.jpg 768w, https:\/\/loudavymkrokem.cz\/wp-content\/uploads\/2026\/08\/articles-bonigen-16-1536x1023.jpg 1536w, https:\/\/loudavymkrokem.cz\/wp-content\/uploads\/2026\/08\/articles-bonigen-16-696x464.jpg 696w, https:\/\/loudavymkrokem.cz\/wp-content\/uploads\/2026\/08\/articles-bonigen-16-1392x927.jpg 1392w\" sizes=\"(max-width: 1800px) 100vw, 1800px\" \/><button\n\t\t\tclass=\"lightbox-trigger\"\n\t\t\ttype=\"button\"\n\t\t\taria-haspopup=\"dialog\"\n\t\t\tdata-wp-bind--aria-label=\"state.thisImage.triggerButtonAriaLabel\"\n\t\t\tdata-wp-init=\"callbacks.initTriggerButton\"\n\t\t\tdata-wp-on--click=\"actions.showLightbox\"\n\t\t\tdata-wp-style--right=\"state.thisImage.buttonRight\"\n\t\t\tdata-wp-style--top=\"state.thisImage.buttonTop\"\n\t\t>\n\t\t\t<svg xmlns=\"http:\/\/www.w3.org\/2000\/svg\" width=\"12\" height=\"12\" fill=\"none\" viewBox=\"0 0 12 12\">\n\t\t\t\t<path fill=\"#fff\" d=\"M2 0a2 2 0 0 0-2 2v2h1.5V2a.5.5 0 0 1 .5-.5h2V0H2Zm2 10.5H2a.5.5 0 0 1-.5-.5V8H0v2a2 2 0 0 0 2 2h2v-1.5ZM8 12v-1.5h2a.5.5 0 0 0 .5-.5V8H12v2a2 2 0 0 1-2 2H8Zm2-12a2 2 0 0 1 2 2v2h-1.5V2a.5.5 0 0 0-.5-.5H8V0h2Z\" \/>\n\t\t\t<\/svg>\n\t\t<\/button><figcaption class=\"wp-element-caption\">Foto: Jean-Paul Wettstein \/ Pexels<\/figcaption><\/figure>\n\n\n\n<h3 class=\"wp-block-heading\"><span class=\"ez-toc-section\" id=\"11_Il_sentiero_costiero_Uferweg_da_Iseltwald_a_Giessbach\"><\/span>11. Il sentiero costiero Uferweg da Iseltwald a Giessbach<span class=\"ez-toc-section-end\"><\/span><\/h3>\n\n\n\n<p class=\"wp-block-paragraph\">Questo percorso non parte direttamente da B\u00f6nigen, ma \u00e8 una delle passeggiate pi\u00f9 belle di tutta la Svizzera e sarebbe un peccato saltarla. La mattina sali semplicemente sull&#8217;<strong>autobus 103 (che con la Guest Card \u00e8 gratis)<\/strong> o sul battello e ti fai portare nella vicina Iseltwald, dove il sentiero comincia.<\/p>\n\n\n\n<p class=\"wp-block-paragraph\">Da l\u00ec corre la cosiddetta <strong>Uferweg direttamente lungo la costa rocciosa fino alle Cascate di Giessbach<\/strong>. <strong>Non aspettarti per\u00f2 una passeggiata pianeggiante<\/strong> \u2014 gi\u00e0 nel primo chilometro sali un centinaio e mezzo di metri, il sentiero a tratti si restringe e alcuni tratti sono scavati nella roccia. La ricompensa sono baie romantiche, dove d&#8217;estate puoi rinfrescarti i piedi.<\/p>\n\n\n\n<p class=\"wp-block-paragraph\">Il percorso misura <strong>circa 5,3 chilometri e ti porta via un&#8217;ora e mezza<\/strong>, ma i tornanti presso le cascate sono davvero ripidi e senza bastoncini scendere \u00e8 sgradevole. Lungo il cammino non compri nulla da mangiare, porta con te uno spuntino. Puoi poi premiarti con un caff\u00e8 sulla terrazza dello storico hotel e tornare a B\u00f6nigen con il battello a vapore del pomeriggio.<\/p>\n\n\n\n<p class=\"wp-block-paragraph\">\ud83d\udca1 Consiglio: <strong>il sentiero d&#8217;inverno \u00e8 solitamente chiuso per caduta massi<\/strong> e riapre di norma verso fine marzo \u2014 nella stagione 2026 \u00e8 percorribile, ma prima della gita meglio verificare lo stato attuale sui siti dei comuni di Iseltwald o Brienz. E parti <strong>il prima possibile al mattino<\/strong>: il pomeriggio qui \u00e8 affollato.<\/p>\n\n\n\n<figure data-wp-context=\"{&quot;imageId&quot;:&quot;6a9517b3ea84a&quot;}\" data-wp-interactive=\"core\/image\" data-wp-key=\"6a9517b3ea84a\" class=\"wp-block-image size-full wp-lightbox-container\"><img decoding=\"async\" width=\"1800\" height=\"1200\" data-wp-class--hide=\"state.isContentHidden\" data-wp-class--show=\"state.isContentVisible\" data-wp-init=\"callbacks.setButtonStyles\" data-wp-on--click=\"actions.showLightbox\" data-wp-on--load=\"callbacks.setButtonStyles\" data-wp-on--pointerdown=\"actions.preloadImage\" data-wp-on--pointerenter=\"actions.preloadImageWithDelay\" data-wp-on--pointerleave=\"actions.cancelPreload\" data-wp-on-window--resize=\"callbacks.setButtonStyles\" src=\"https:\/\/loudavymkrokem.cz\/wp-content\/uploads\/2026\/08\/articles-bonigen-17.jpg\" alt=\"Sentiero nel bosco in salita verso l&#039;Harder Kulm\" class=\"wp-image-404495\" title=\"\" srcset=\"https:\/\/loudavymkrokem.cz\/wp-content\/uploads\/2026\/08\/articles-bonigen-17.jpg 1800w, https:\/\/loudavymkrokem.cz\/wp-content\/uploads\/2026\/08\/articles-bonigen-17-300x200.jpg 300w, https:\/\/loudavymkrokem.cz\/wp-content\/uploads\/2026\/08\/articles-bonigen-17-700x467.jpg 700w, https:\/\/loudavymkrokem.cz\/wp-content\/uploads\/2026\/08\/articles-bonigen-17-768x512.jpg 768w, https:\/\/loudavymkrokem.cz\/wp-content\/uploads\/2026\/08\/articles-bonigen-17-1536x1024.jpg 1536w, https:\/\/loudavymkrokem.cz\/wp-content\/uploads\/2026\/08\/articles-bonigen-17-696x464.jpg 696w, https:\/\/loudavymkrokem.cz\/wp-content\/uploads\/2026\/08\/articles-bonigen-17-1392x928.jpg 1392w\" sizes=\"(max-width: 1800px) 100vw, 1800px\" \/><button\n\t\t\tclass=\"lightbox-trigger\"\n\t\t\ttype=\"button\"\n\t\t\taria-haspopup=\"dialog\"\n\t\t\tdata-wp-bind--aria-label=\"state.thisImage.triggerButtonAriaLabel\"\n\t\t\tdata-wp-init=\"callbacks.initTriggerButton\"\n\t\t\tdata-wp-on--click=\"actions.showLightbox\"\n\t\t\tdata-wp-style--right=\"state.thisImage.buttonRight\"\n\t\t\tdata-wp-style--top=\"state.thisImage.buttonTop\"\n\t\t>\n\t\t\t<svg xmlns=\"http:\/\/www.w3.org\/2000\/svg\" width=\"12\" height=\"12\" fill=\"none\" viewBox=\"0 0 12 12\">\n\t\t\t\t<path fill=\"#fff\" d=\"M2 0a2 2 0 0 0-2 2v2h1.5V2a.5.5 0 0 1 .5-.5h2V0H2Zm2 10.5H2a.5.5 0 0 1-.5-.5V8H0v2a2 2 0 0 0 2 2h2v-1.5ZM8 12v-1.5h2a.5.5 0 0 0 .5-.5V8H12v2a2 2 0 0 1-2 2H8Zm2-12a2 2 0 0 1 2 2v2h-1.5V2a.5.5 0 0 0-.5-.5H8V0h2Z\" \/>\n\t\t\t<\/svg>\n\t\t<\/button><figcaption class=\"wp-element-caption\">Foto: \u041f\u0430\u0432\u0435\u043b \u0413\u0430\u0432\u0440\u0438\u043a\u043e\u0432 \/ Pexels<\/figcaption><\/figure>\n\n\n\n<h3 class=\"wp-block-heading\"><span class=\"ez-toc-section\" id=\"12_Sfida_a_piedi_la_salita_allHarder_Kulm\"><\/span>12. Sfida a piedi: la salita all&#8217;Harder Kulm<span class=\"ez-toc-section-end\"><\/span><\/h3>\n\n\n\n<p class=\"wp-block-paragraph\">La maggior parte dei turisti sale al <strong>belvedere dell&#8217;Harder Kulm<\/strong> comodamente in funivia, ma per i camminatori allenati esiste una sfida ben pi\u00f9 grande. Da B\u00f6nigen puoi macinare a piedi tutto il tragitto fino alla cima. Preparati per\u00f2 al fatto che sar\u00e0 un <strong>vero killer per i tuoi polpacci<\/strong>.<\/p>\n\n\n\n<p class=\"wp-block-paragraph\">Secondo i dati di Komoot, questo anello di un&#8217;intera giornata misura <strong>13,5 chilometri e il tempo di cammino effettivo \u00e8 di 5 ore e 16 minuti<\/strong>. Lungo il cammino devi superare un duro <strong>dislivello di 750 metri<\/strong>, che colloca chiaramente il percorso nella categoria impegnativa. La salita \u00e8 sicura, ma molto ripida e interminabile.<\/p>\n\n\n\n<p class=\"wp-block-paragraph\">La ricompensa per tutta questa fatica \u00e8 per\u00f2 dolce. Proverai un&#8217;irripetibile sensazione di soddisfazione quando <strong>arriverai sulla piattaforma panoramica<\/strong> tra i turisti appena scesi dalla funivia. E salendo <strong>incontrerai poche persone<\/strong>, godendoti il silenzio del bosco che sulla cima stessa di certo non troverai.<\/p>\n\n\n\n<p class=\"wp-block-paragraph\">\ud83d\udca1 Consiglio: se in cima ti mancano le forze, non succede assolutamente nulla. Puoi comprare al ristorante un <strong>biglietto di sola andata per la funivia<\/strong> gi\u00f9 verso Interlaken e <strong>fare il resto del tragitto in autobus<\/strong>.<\/p>\n\n\n\n<figure data-wp-context=\"{&quot;imageId&quot;:&quot;6a9517b3eb080&quot;}\" data-wp-interactive=\"core\/image\" data-wp-key=\"6a9517b3eb080\" class=\"wp-block-image size-full wp-lightbox-container\"><img decoding=\"async\" width=\"1920\" height=\"1280\" data-wp-class--hide=\"state.isContentHidden\" data-wp-class--show=\"state.isContentVisible\" data-wp-init=\"callbacks.setButtonStyles\" data-wp-on--click=\"actions.showLightbox\" data-wp-on--load=\"callbacks.setButtonStyles\" data-wp-on--pointerdown=\"actions.preloadImage\" data-wp-on--pointerenter=\"actions.preloadImageWithDelay\" data-wp-on--pointerleave=\"actions.cancelPreload\" data-wp-on-window--resize=\"callbacks.setButtonStyles\" src=\"https:\/\/loudavymkrokem.cz\/wp-content\/uploads\/2026\/08\/bonigen-lanovka-grindelwald-first.jpg\" alt=\"Funivia a cabine da Grindelwald al First sopra i prati alpini\" class=\"wp-image-407333\" title=\"\" srcset=\"https:\/\/loudavymkrokem.cz\/wp-content\/uploads\/2026\/08\/bonigen-lanovka-grindelwald-first.jpg 1920w, https:\/\/loudavymkrokem.cz\/wp-content\/uploads\/2026\/08\/bonigen-lanovka-grindelwald-first-300x200.jpg 300w, https:\/\/loudavymkrokem.cz\/wp-content\/uploads\/2026\/08\/bonigen-lanovka-grindelwald-first-700x467.jpg 700w, https:\/\/loudavymkrokem.cz\/wp-content\/uploads\/2026\/08\/bonigen-lanovka-grindelwald-first-768x512.jpg 768w, https:\/\/loudavymkrokem.cz\/wp-content\/uploads\/2026\/08\/bonigen-lanovka-grindelwald-first-1536x1024.jpg 1536w, https:\/\/loudavymkrokem.cz\/wp-content\/uploads\/2026\/08\/bonigen-lanovka-grindelwald-first-696x464.jpg 696w, https:\/\/loudavymkrokem.cz\/wp-content\/uploads\/2026\/08\/bonigen-lanovka-grindelwald-first-1392x928.jpg 1392w\" sizes=\"(max-width: 1920px) 100vw, 1920px\" \/><button\n\t\t\tclass=\"lightbox-trigger\"\n\t\t\ttype=\"button\"\n\t\t\taria-haspopup=\"dialog\"\n\t\t\tdata-wp-bind--aria-label=\"state.thisImage.triggerButtonAriaLabel\"\n\t\t\tdata-wp-init=\"callbacks.initTriggerButton\"\n\t\t\tdata-wp-on--click=\"actions.showLightbox\"\n\t\t\tdata-wp-style--right=\"state.thisImage.buttonRight\"\n\t\t\tdata-wp-style--top=\"state.thisImage.buttonTop\"\n\t\t>\n\t\t\t<svg xmlns=\"http:\/\/www.w3.org\/2000\/svg\" width=\"12\" height=\"12\" fill=\"none\" viewBox=\"0 0 12 12\">\n\t\t\t\t<path fill=\"#fff\" d=\"M2 0a2 2 0 0 0-2 2v2h1.5V2a.5.5 0 0 1 .5-.5h2V0H2Zm2 10.5H2a.5.5 0 0 1-.5-.5V8H0v2a2 2 0 0 0 2 2h2v-1.5ZM8 12v-1.5h2a.5.5 0 0 0 .5-.5V8H12v2a2 2 0 0 1-2 2H8Zm2-12a2 2 0 0 1 2 2v2h-1.5V2a.5.5 0 0 0-.5-.5H8V0h2Z\" \/>\n\t\t\t<\/svg>\n\t\t<\/button><figcaption class=\"wp-element-caption\">Foto: W. Bulach \/ Wikimedia Commons, CC BY-SA 4.0<\/figcaption><\/figure>\n\n\n\n<h2 class=\"wp-block-heading\"><span class=\"ez-toc-section\" id=\"Escursioni_raggiungibili_in_funivia_6_sentieri_sopra_la_valle\"><\/span>Escursioni raggiungibili in funivia: 6 sentieri sopra la valle<span class=\"ez-toc-section-end\"><\/span><\/h2>\n\n\n\n<p class=\"wp-block-paragraph\">Questa \u00e8 una cosa che ho capito solo sul posto: <strong>nell&#8217;Oberland Bernese non si parte quasi mai dal fondovalle<\/strong>. La regola \u00e8 salire in funivia o con il treno a cremagliera oltre il limite del bosco e solo l\u00ec iniziare a camminare. Ti risparmi mille metri di dislivello di fatica e ti ritrovi subito nel paesaggio per cui sei venuto qui.<\/p>\n\n\n\n<p class=\"wp-block-paragraph\">Tieni per\u00f2 presente che <strong>le funivie svizzere sono brutalmente care<\/strong>. Se prevedi pi\u00f9 di due gite del genere, fai i conti con il <strong>Bernese Oberland Pass<\/strong> \u2014 per tre giorni costa 240 franchi e molti impianti con esso li hai gratis o a met\u00e0 prezzo. E ai costosi belvedere vai solo con tempo sereno, altrimenti pagherai decine di franchi per uno sguardo nella nebbia.<\/p>\n\n\n\n<figure data-wp-context=\"{&quot;imageId&quot;:&quot;6a9517b3eb6b2&quot;}\" data-wp-interactive=\"core\/image\" data-wp-key=\"6a9517b3eb6b2\" class=\"wp-block-image size-full wp-lightbox-container\"><img decoding=\"async\" width=\"1920\" height=\"1080\" data-wp-class--hide=\"state.isContentHidden\" data-wp-class--show=\"state.isContentVisible\" data-wp-init=\"callbacks.setButtonStyles\" data-wp-on--click=\"actions.showLightbox\" data-wp-on--load=\"callbacks.setButtonStyles\" data-wp-on--pointerdown=\"actions.preloadImage\" data-wp-on--pointerenter=\"actions.preloadImageWithDelay\" data-wp-on--pointerleave=\"actions.cancelPreload\" data-wp-on-window--resize=\"callbacks.setButtonStyles\" src=\"https:\/\/loudavymkrokem.cz\/wp-content\/uploads\/2026\/08\/bonigen-bachalpsee-jezero-first-1.jpg\" alt=\"Il lago di montagna Bachalpsee sopra Grindelwald con il riflesso delle vette glaciali\" class=\"wp-image-407122\" title=\"\" srcset=\"https:\/\/loudavymkrokem.cz\/wp-content\/uploads\/2026\/08\/bonigen-bachalpsee-jezero-first-1.jpg 1920w, https:\/\/loudavymkrokem.cz\/wp-content\/uploads\/2026\/08\/bonigen-bachalpsee-jezero-first-1-300x169.jpg 300w, https:\/\/loudavymkrokem.cz\/wp-content\/uploads\/2026\/08\/bonigen-bachalpsee-jezero-first-1-700x394.jpg 700w, https:\/\/loudavymkrokem.cz\/wp-content\/uploads\/2026\/08\/bonigen-bachalpsee-jezero-first-1-768x432.jpg 768w, https:\/\/loudavymkrokem.cz\/wp-content\/uploads\/2026\/08\/bonigen-bachalpsee-jezero-first-1-1536x864.jpg 1536w, https:\/\/loudavymkrokem.cz\/wp-content\/uploads\/2026\/08\/bonigen-bachalpsee-jezero-first-1-696x392.jpg 696w, https:\/\/loudavymkrokem.cz\/wp-content\/uploads\/2026\/08\/bonigen-bachalpsee-jezero-first-1-1392x783.jpg 1392w\" sizes=\"(max-width: 1920px) 100vw, 1920px\" \/><button\n\t\t\tclass=\"lightbox-trigger\"\n\t\t\ttype=\"button\"\n\t\t\taria-haspopup=\"dialog\"\n\t\t\tdata-wp-bind--aria-label=\"state.thisImage.triggerButtonAriaLabel\"\n\t\t\tdata-wp-init=\"callbacks.initTriggerButton\"\n\t\t\tdata-wp-on--click=\"actions.showLightbox\"\n\t\t\tdata-wp-style--right=\"state.thisImage.buttonRight\"\n\t\t\tdata-wp-style--top=\"state.thisImage.buttonTop\"\n\t\t>\n\t\t\t<svg xmlns=\"http:\/\/www.w3.org\/2000\/svg\" width=\"12\" height=\"12\" fill=\"none\" viewBox=\"0 0 12 12\">\n\t\t\t\t<path fill=\"#fff\" d=\"M2 0a2 2 0 0 0-2 2v2h1.5V2a.5.5 0 0 1 .5-.5h2V0H2Zm2 10.5H2a.5.5 0 0 1-.5-.5V8H0v2a2 2 0 0 0 2 2h2v-1.5ZM8 12v-1.5h2a.5.5 0 0 0 .5-.5V8H12v2a2 2 0 0 1-2 2H8Zm2-12a2 2 0 0 1 2 2v2h-1.5V2a.5.5 0 0 0-.5-.5H8V0h2Z\" \/>\n\t\t\t<\/svg>\n\t\t<\/button><figcaption class=\"wp-element-caption\">Foto: Chnebelh\u00e4x \/ Wikimedia Commons, CC BY-SA 4.0<\/figcaption><\/figure>\n\n\n\n<h3 class=\"wp-block-heading\"><span class=\"ez-toc-section\" id=\"13_Dal_First_al_lago_Bachalpsee\"><\/span>13. Dal First al lago Bachalpsee<span class=\"ez-toc-section-end\"><\/span><\/h3>\n\n\n\n<p class=\"wp-block-paragraph\">Se hai tempo per una sola escursione in montagna nei dintorni, che sia questa. Da Grindelwald la cabinovia ti porta al <strong>First a 2.167 metri di quota<\/strong> e da l\u00ec si cammina su un&#8217;ampia strada ben curata fino al <strong>lago Bachalpsee a 2.265 metri<\/strong>. Andata e ritorno richiedono <strong>poco meno di due ore e sali solo poco pi\u00f9 di 200 metri<\/strong>.<\/p>\n\n\n\n<p class=\"wp-block-paragraph\">Quel lago \u00e8 il motivo per cui si viene qui. In assenza di vento vi si specchiano <strong>Wetterhorn, Schreckhorn e Finsteraarhorn<\/strong>, cio\u00e8 i quattromila glaciali, che hai tutti insieme sullo specchio d&#8217;acqua sotto di te. \u00c8 una delle scenografie pi\u00f9 fotografate delle Alpi svizzere e dal vivo funziona ancora meglio che nelle foto.<\/p>\n\n\n\n<p class=\"wp-block-paragraph\">Da Interlaken ci arrivi in treno fino a Grindelwald in circa 35 minuti e poi in cabinovia altri 25 minuti. <strong>Il biglietto andata e ritorno per il First costa in alta stagione 76 franchi<\/strong>, con la tariffa met\u00e0 prezzo o lo Swiss Travel Pass paghi 38.<\/p>\n\n\n\n<p class=\"wp-block-paragraph\">\ud83d\udca1 Consiglio: parti con la prima corsa del mattino \u2014 verso le dieci il cammino verso il lago si trasforma in una fila che avanza a passo d&#8217;uomo e <strong>lo specchio d&#8217;acqua dopo mezzogiorno \u00e8 increspato dal vento<\/strong>, quindi il riflesso delle montagne non lo catturi pi\u00f9. E sul treno da Interlaken <strong>siediti nella parte posteriore del convoglio<\/strong>: a Zweil\u00fctschinen il treno si divide e la met\u00e0 anteriore va a Lauterbrunnen.<\/p>\n\n\n\n<figure data-wp-context=\"{&quot;imageId&quot;:&quot;6a9517b3ebc07&quot;}\" data-wp-interactive=\"core\/image\" data-wp-key=\"6a9517b3ebc07\" class=\"wp-block-image size-full wp-lightbox-container\"><img decoding=\"async\" width=\"1920\" height=\"1440\" data-wp-class--hide=\"state.isContentHidden\" data-wp-class--show=\"state.isContentVisible\" data-wp-init=\"callbacks.setButtonStyles\" data-wp-on--click=\"actions.showLightbox\" data-wp-on--load=\"callbacks.setButtonStyles\" data-wp-on--pointerdown=\"actions.preloadImage\" data-wp-on--pointerenter=\"actions.preloadImageWithDelay\" data-wp-on--pointerleave=\"actions.cancelPreload\" data-wp-on-window--resize=\"callbacks.setButtonStyles\" src=\"https:\/\/loudavymkrokem.cz\/wp-content\/uploads\/2026\/08\/bonigen-faulhorn-horsky-hotel-1.jpg\" alt=\"La cima del Faulhorn con lo storico rifugio di montagna del 1832\" class=\"wp-image-407129\" title=\"\" srcset=\"https:\/\/loudavymkrokem.cz\/wp-content\/uploads\/2026\/08\/bonigen-faulhorn-horsky-hotel-1.jpg 1920w, https:\/\/loudavymkrokem.cz\/wp-content\/uploads\/2026\/08\/bonigen-faulhorn-horsky-hotel-1-300x225.jpg 300w, https:\/\/loudavymkrokem.cz\/wp-content\/uploads\/2026\/08\/bonigen-faulhorn-horsky-hotel-1-700x525.jpg 700w, https:\/\/loudavymkrokem.cz\/wp-content\/uploads\/2026\/08\/bonigen-faulhorn-horsky-hotel-1-768x576.jpg 768w, https:\/\/loudavymkrokem.cz\/wp-content\/uploads\/2026\/08\/bonigen-faulhorn-horsky-hotel-1-1536x1152.jpg 1536w, https:\/\/loudavymkrokem.cz\/wp-content\/uploads\/2026\/08\/bonigen-faulhorn-horsky-hotel-1-80x60.jpg 80w, https:\/\/loudavymkrokem.cz\/wp-content\/uploads\/2026\/08\/bonigen-faulhorn-horsky-hotel-1-160x120.jpg 160w, https:\/\/loudavymkrokem.cz\/wp-content\/uploads\/2026\/08\/bonigen-faulhorn-horsky-hotel-1-696x522.jpg 696w, https:\/\/loudavymkrokem.cz\/wp-content\/uploads\/2026\/08\/bonigen-faulhorn-horsky-hotel-1-1392x1044.jpg 1392w\" sizes=\"(max-width: 1920px) 100vw, 1920px\" \/><button\n\t\t\tclass=\"lightbox-trigger\"\n\t\t\ttype=\"button\"\n\t\t\taria-haspopup=\"dialog\"\n\t\t\tdata-wp-bind--aria-label=\"state.thisImage.triggerButtonAriaLabel\"\n\t\t\tdata-wp-init=\"callbacks.initTriggerButton\"\n\t\t\tdata-wp-on--click=\"actions.showLightbox\"\n\t\t\tdata-wp-style--right=\"state.thisImage.buttonRight\"\n\t\t\tdata-wp-style--top=\"state.thisImage.buttonTop\"\n\t\t>\n\t\t\t<svg xmlns=\"http:\/\/www.w3.org\/2000\/svg\" width=\"12\" height=\"12\" fill=\"none\" viewBox=\"0 0 12 12\">\n\t\t\t\t<path fill=\"#fff\" d=\"M2 0a2 2 0 0 0-2 2v2h1.5V2a.5.5 0 0 1 .5-.5h2V0H2Zm2 10.5H2a.5.5 0 0 1-.5-.5V8H0v2a2 2 0 0 0 2 2h2v-1.5ZM8 12v-1.5h2a.5.5 0 0 0 .5-.5V8H12v2a2 2 0 0 1-2 2H8Zm2-12a2 2 0 0 1 2 2v2h-1.5V2a.5.5 0 0 0-.5-.5H8V0h2Z\" \/>\n\t\t\t<\/svg>\n\t\t<\/button><figcaption class=\"wp-element-caption\">Foto: Whgler \/ Wikimedia Commons, CC BY-SA 3.0<\/figcaption><\/figure>\n\n\n\n<h3 class=\"wp-block-heading\"><span class=\"ez-toc-section\" id=\"14_La_regale_traversata_di_cresta_Schynige_Platte_%E2%80%93_Faulhorn_%E2%80%93_First\"><\/span>14. La regale traversata di cresta Schynige Platte \u2013 Faulhorn \u2013 First<span class=\"ez-toc-section-end\"><\/span><\/h3>\n\n\n\n<p class=\"wp-block-paragraph\">Questa \u00e8 l&#8217;escursione giornaliera pi\u00f9 famosa di tutta la regione e le fonti francesi e inglesi la collocano concordemente tra le pi\u00f9 belle della Svizzera. Sali con il treno a cremagliera alla <strong>Schynige Platte<\/strong>, cammini tutto il giorno lungo la cresta con il Lago di Thun e il Lago di Brienz da un lato ed Eiger, M\u00f6nch e Jungfrau dall&#8217;altro, e scendi in cabinovia dal First.<\/p>\n\n\n\n<p class=\"wp-block-paragraph\">Sono <strong>circa 16-17 chilometri e devi calcolare dalle sei alle otto ore<\/strong> a seconda di quanto spesso ti fermi. Il punto pi\u00f9 alto \u00e8 il <strong>Faulhorn a 2.681 metri<\/strong>, a cui sali dalla Schynige Platte in 4 ore e 10 minuti. Lungo il cammino passi accanto al lago S\u00e4gistalsee e nel finale scendi vicino al Bachalpsee.<\/p>\n\n\n\n<p class=\"wp-block-paragraph\">Sulla cima del Faulhorn sorge un <strong>rifugio di montagna del 1832<\/strong> \u2014 in Svizzera ce ne sono solo due pi\u00f9 antichi. Ci si pu\u00f2 pernottare ed \u00e8 un&#8217;opzione che consiglierei a chiunque non voglia macinare l&#8217;intero percorso tutto d&#8217;un fiato. Lo dividi in due giornate rilassate e in pi\u00f9 hai l&#8217;alba sopra i ghiacciai.<\/p>\n\n\n\n<p class=\"wp-block-paragraph\">\ud83d\udca1 Consiglio: tieni d&#8217;occhio gli orari \u2014 <strong>il treno a cremagliera per la Schynige Platte circola solo dal 13 giugno al 25 ottobre<\/strong> e l&#8217;ultima cabinovia dal First parte nel pomeriggio. Il pernottamento al Faulhorn costa <strong>da 80 franchi con mezza pensione<\/strong>, ma tieni presente che lass\u00f9 <strong>non ci sono docce n\u00e9 acqua potabile<\/strong> e in dormitorio \u00e8 obbligatorio il sacco lenzuolo.<\/p>\n\n\n\n<figure data-wp-context=\"{&quot;imageId&quot;:&quot;6a9517b3ec168&quot;}\" data-wp-interactive=\"core\/image\" data-wp-key=\"6a9517b3ec168\" class=\"wp-block-image size-full wp-lightbox-container\"><img decoding=\"async\" width=\"1600\" height=\"1200\" data-wp-class--hide=\"state.isContentHidden\" data-wp-class--show=\"state.isContentVisible\" data-wp-init=\"callbacks.setButtonStyles\" data-wp-on--click=\"actions.showLightbox\" data-wp-on--load=\"callbacks.setButtonStyles\" data-wp-on--pointerdown=\"actions.preloadImage\" data-wp-on--pointerenter=\"actions.preloadImageWithDelay\" data-wp-on--pointerleave=\"actions.cancelPreload\" data-wp-on-window--resize=\"callbacks.setButtonStyles\" src=\"https:\/\/loudavymkrokem.cz\/wp-content\/uploads\/2026\/08\/bonigen-mannlichen-kleine-scheidegg-1.jpg\" alt=\"Il cammino panoramico dal M\u00e4nnlichen alla Kleine Scheidegg con il massiccio della Jungfrau\" class=\"wp-image-407132\" title=\"\" srcset=\"https:\/\/loudavymkrokem.cz\/wp-content\/uploads\/2026\/08\/bonigen-mannlichen-kleine-scheidegg-1.jpg 1600w, https:\/\/loudavymkrokem.cz\/wp-content\/uploads\/2026\/08\/bonigen-mannlichen-kleine-scheidegg-1-300x225.jpg 300w, https:\/\/loudavymkrokem.cz\/wp-content\/uploads\/2026\/08\/bonigen-mannlichen-kleine-scheidegg-1-700x525.jpg 700w, https:\/\/loudavymkrokem.cz\/wp-content\/uploads\/2026\/08\/bonigen-mannlichen-kleine-scheidegg-1-768x576.jpg 768w, https:\/\/loudavymkrokem.cz\/wp-content\/uploads\/2026\/08\/bonigen-mannlichen-kleine-scheidegg-1-1536x1152.jpg 1536w, https:\/\/loudavymkrokem.cz\/wp-content\/uploads\/2026\/08\/bonigen-mannlichen-kleine-scheidegg-1-80x60.jpg 80w, https:\/\/loudavymkrokem.cz\/wp-content\/uploads\/2026\/08\/bonigen-mannlichen-kleine-scheidegg-1-160x120.jpg 160w, https:\/\/loudavymkrokem.cz\/wp-content\/uploads\/2026\/08\/bonigen-mannlichen-kleine-scheidegg-1-696x522.jpg 696w, https:\/\/loudavymkrokem.cz\/wp-content\/uploads\/2026\/08\/bonigen-mannlichen-kleine-scheidegg-1-1392x1044.jpg 1392w\" sizes=\"(max-width: 1600px) 100vw, 1600px\" \/><button\n\t\t\tclass=\"lightbox-trigger\"\n\t\t\ttype=\"button\"\n\t\t\taria-haspopup=\"dialog\"\n\t\t\tdata-wp-bind--aria-label=\"state.thisImage.triggerButtonAriaLabel\"\n\t\t\tdata-wp-init=\"callbacks.initTriggerButton\"\n\t\t\tdata-wp-on--click=\"actions.showLightbox\"\n\t\t\tdata-wp-style--right=\"state.thisImage.buttonRight\"\n\t\t\tdata-wp-style--top=\"state.thisImage.buttonTop\"\n\t\t>\n\t\t\t<svg xmlns=\"http:\/\/www.w3.org\/2000\/svg\" width=\"12\" height=\"12\" fill=\"none\" viewBox=\"0 0 12 12\">\n\t\t\t\t<path fill=\"#fff\" d=\"M2 0a2 2 0 0 0-2 2v2h1.5V2a.5.5 0 0 1 .5-.5h2V0H2Zm2 10.5H2a.5.5 0 0 1-.5-.5V8H0v2a2 2 0 0 0 2 2h2v-1.5ZM8 12v-1.5h2a.5.5 0 0 0 .5-.5V8H12v2a2 2 0 0 1-2 2H8Zm2-12a2 2 0 0 1 2 2v2h-1.5V2a.5.5 0 0 0-.5-.5H8V0h2Z\" \/>\n\t\t\t<\/svg>\n\t\t<\/button><figcaption class=\"wp-element-caption\">Foto: Timo Newton-Syms \/ Wikimedia Commons, CC BY-SA 2.0<\/figcaption><\/figure>\n\n\n\n<!-- LKM_GYG_CARD start q=\"bonigen\" lang=\"it\" rendered=\"2026-08-31T04:33:31+00:00\" v=\"1\" -->\n\n<!-- LKM_GYG_CARD end -->\n\n\n\n\n<div class=\"lk-stays-module\">\n<style>\n\/* \u2500\u2500\u2500 RESET PRO GUTENBERG \u2500\u2500\u2500 *\/\n.lk-stays-module * { box-sizing: border-box; margin: 0; padding: 0; }\n\n\/* \u2500\u2500\u2500 WRAPPER \u2500\u2500\u2500 *\/\n.lk-stays-module {\n  font-family: 'DM Sans', Georgia, sans-serif;\n  max-width: 100%;\n  margin: 2.5rem auto;\n  background: linear-gradient(135deg, #fdfaf5 0%, #fcf8f0 100%);\n  border: 1px solid #e8dfd4;\n  border-radius: 16px;\n  overflow: hidden;\n  box-shadow: 0 16px 48px rgba(195, 159, 118, 0.25), 0 4px 12px rgba(0,0,0,0.08);\n}\n\n\/* \u2500\u2500\u2500 HEADER \u2500\u2500\u2500 *\/\n.lk-stays-header {\n  position: relative;\n  padding: 24px 36px 24px;\n  background: linear-gradient(135deg, #c39f76 0%, #d4b188 60%, #c39f76 100%);\n  border-bottom: 1px solid rgba(255,255,255,.15);\n  display: flex;\n  align-items: center;\n  gap: 18px;\n}\n.lk-stays-header::before {\n  content: '';\n  position: absolute;\n  inset: 0;\n  background: url(\"data:image\/svg+xml,%3Csvg width='60' height='60' viewBox='0 0 60 60' xmlns='http:\/\/www.w3.org\/2000\/svg'%3E%3Cg fill='none' fill-rule='evenodd'%3E%3Cg fill='%23ffffff' fill-opacity='0.05'%3E%3Cpath d='M36 34v-4h-2v4h-4v2h4v4h2v-4h4v-2h-4zm0-30V0h-2v4h-4v2h4v4h2V6h4V4h-4zM6 34v-4H4v4H0v2h4v4h2v-4h4v-2H6zM6 4V0H4v4H0v2h4v4h2V6h4V4H6z'\/%3E%3C\/g%3E%3C\/g%3E%3C\/svg%3E\") repeat;\n  pointer-events: none;\n}\n.lk-stays-icon {\n  flex-shrink: 0;\n  width: 68px;\n  height: 68px;\n  border-radius: 14px;\n  background: linear-gradient(135deg, #fff 0%, #f9f6f0 100%);\n  display: flex;\n  align-items: center;\n  justify-content: center;\n  font-size: 26px;\n  box-shadow: 0 4px 12px rgba(0,0,0,0.15);\n}\n.lk-stays-eyebrow {\n  font-size: 10px;\n  font-weight: 500;\n  letter-spacing: 2.5px;\n  text-transform: uppercase;\n  color: rgba(255,255,255,.85);\n  margin: 0 0 5px 0;\n}\n.lk-stays-title {\n  font-family: 'Playfair Display', Georgia, serif;\n  font-size: 24px;\n  font-weight: 700;\n  color: #fff;\n  line-height: 1.2;\n  text-shadow: 0 1px 2px rgba(0,0,0,0.1);\n  margin: 0;\n}\n.lk-stays-subtitle {\n  font-size: 13px;\n  color: rgba(255,255,255,.75);\n  margin: 4px 0 0 0;\n  font-weight: 300;\n}\n\n\/* \u2500\u2500\u2500 CARDS GRID \u2500\u2500\u2500 *\/\n.lk-stays-grid {\n  display: grid;\n  grid-template-columns: 1fr 1fr;\n  gap: 1px;\n  background: rgba(195, 159, 118, 0.12);\n}\n\n\/* \u2500\u2500\u2500 SINGLE CARD \u2500\u2500\u2500 *\/\n.lk-stay-card {\n  background: #ffffff;\n  padding: 26px;\n  display: flex;\n  flex-direction: column;\n  gap: 11px;\n  transition: all 0.3s ease;\n  text-decoration: none;\n  color: inherit;\n  position: relative;\n}\n.lk-stay-card:hover {\n  background: #fffbf5;\n  transform: translateY(-2px);\n  box-shadow: 0 8px 24px rgba(195, 159, 118, 0.18);\n  z-index: 1;\n}\n.lk-stay-card.featured {\n  background: linear-gradient(135deg, #fffdf9 0%, #fff9f0 100%);\n  box-shadow: 0 4px 16px rgba(195, 159, 118, 0.15), inset 0 1px 0 rgba(195, 159, 118, 0.1);\n}\n.lk-stay-card.featured:hover {\n  background: linear-gradient(135deg, #fffbf5 0%, #fff8ed 100%);\n  box-shadow: 0 8px 24px rgba(195, 159, 118, 0.25), inset 0 1px 0 rgba(195, 159, 118, 0.15);\n}\n\n.lk-stay-badge {\n  display: inline-flex;\n  align-items: center;\n  gap: 5px;\n  font-size: 10px;\n  font-weight: 500;\n  letter-spacing: 1.5px;\n  text-transform: uppercase;\n  padding: 5px 11px;\n  border-radius: 20px;\n  width: fit-content;\n}\n.badge-top     { background: linear-gradient(135deg, #c39f76 0%, #d4b188 100%); color: #fff; border: 1px solid #c39f76; font-weight: 600; box-shadow: 0 2px 8px rgba(195,159,118,0.3); }\n.badge-luxury  { background: rgba(195,159,118,.12); color: #c39f76; border: 1px solid rgba(195,159,118,.25); }\n.badge-boutique{ background: rgba(54,133,252,.08); color: #3685fc; border: 1px solid rgba(54,133,252,.2); }\n.badge-nature  { background: rgba(130,190,100,.1); color: #6b9c4a; border: 1px solid rgba(130,190,100,.2); }\n.badge-remote  { background: rgba(195,159,118,.12); color: #a67e50; border: 1px solid rgba(195,159,118,.25); }\n\n.lk-stay-name {\n  font-family: 'Playfair Display', Georgia, serif;\n  font-size: 18px;\n  font-weight: 700;\n  color: #111827;\n  line-height: 1.3;\n}\n.lk-stay-desc {\n  font-size: 13.5px;\n  color: #525252;\n  line-height: 1.65;\n  font-weight: 300;\n  flex: 1;\n}\n\n.lk-stay-meta {\n  display: flex;\n  align-items: center;\n  gap: 12px;\n  flex-wrap: wrap;\n  margin-top: 4px;\n}\n.lk-stay-price {\n  font-size: 13px;\n  color: #6b7280;\n}\n.lk-stay-price strong {\n  color: #c39f76;\n  font-weight: 500;\n}\n.lk-stay-stars {\n  color: #c39f76;\n  font-size: 11px;\n  letter-spacing: 1px;\n}\n\n\/* \u2500\u2500\u2500 CTA BUTTON \u2500\u2500\u2500 *\/\n.lk-stay-cta {\n  display: inline-flex;\n  align-items: center;\n  justify-content: center;\n  gap: 7px;\n  margin-top: 8px;\n  padding: 11px 20px;\n  border-radius: 8px;\n  background: linear-gradient(135deg, #3685fc 0%, #2a6fd9 100%);\n  color: #fff;\n  font-size: 13px;\n  font-weight: 500;\n  text-decoration: none;\n  letter-spacing: .3px;\n  transition: all .2s ease;\n  cursor: pointer;\n  border: none;\n  text-align: center;\n  box-shadow: 0 4px 12px rgba(54, 133, 252, 0.25);\n}\n.lk-stay-cta:hover {\n  background: linear-gradient(135deg, #2a6fd9 0%, #1e5bc4 100%);\n  transform: translateY(-1px);\n  box-shadow: 0 6px 16px rgba(54, 133, 252, 0.35);\n}\n.lk-stay-cta svg { flex-shrink: 0; }\n\n\/* \u2500\u2500\u2500 FOOTER \u2500\u2500\u2500 *\/\n.lk-stays-footer {\n  padding: 18px 36px;\n  background: linear-gradient(to bottom, #fdfaf5 0%, #f9f4ed 100%);\n  border-top: 1px solid rgba(195, 159, 118, 0.15);\n  display: flex;\n  align-items: center;\n  justify-content: space-between;\n  flex-wrap: wrap;\n  gap: 12px;\n}\n.lk-stays-footer-note {\n  font-size: 11.5px;\n  color: #6b7280;\n  font-weight: 300;\n  line-height: 1.5;\n}\n.lk-stays-footer-note a {\n  color: #c39f76;\n  text-decoration: none;\n  font-weight: 400;\n}\n.lk-stays-footer-note a:hover {\n  text-decoration: underline;\n}\n.lk-stays-all-btn {\n  display: inline-flex;\n  align-items: center;\n  gap: 6px;\n  font-size: 12.5px;\n  font-weight: 500;\n  color: #c39f76;\n  text-decoration: none;\n  border: 1px solid rgba(195, 159, 118, 0.35);\n  padding: 8px 18px;\n  border-radius: 8px;\n  transition: all .2s ease;\n}\n.lk-stays-all-btn:hover {\n  background: rgba(195, 159, 118, 0.08);\n  border-color: rgba(195, 159, 118, 0.5);\n}\n\n\/* \u2500\u2500\u2500 RESPONSIVE \u2500\u2500\u2500 *\/\n@media (max-width: 600px) {\n  .lk-stays-grid { grid-template-columns: 1fr; }\n  .lk-stays-header { padding: 24px 20px; }\n  .lk-stays-footer { padding: 16px 20px; }\n  .lk-stay-card { padding: 22px; }\n  .lk-stays-title { font-size: 20px; }\n}\n<\/style>\n\n  <!-- HEADER -->\n  <div class=\"lk-stays-header\">\n    <img decoding=\"async\" src=\"https:\/\/loudavymkrokem.cz\/wp-content\/uploads\/2026\/02\/lukas-a-lucka.jpg\" alt=\"\" style=\"width: 75px; height: 75px; border-radius: 8px; flex-shrink: 0; object-fit: cover; display: block; margin: 4px 0;\" title=\"\">\n    <div class=\"lk-stays-header-text\">\n      <div class=\"lk-stays-eyebrow\">Luk\u00e1\u0161 e Lucie raccomandano<\/div>\n      <div class=\"lk-stays-title\">Dove alloggiare a B\u00f6nigen<\/div>\n      <div class=\"lk-stays-subtitle\">6 alloggi \u2014 hotel, campeggi e altre opzioni di alloggio<\/div>\n    <\/div>\n  <\/div>\n\n  <!-- CARDS -->\n  <div class=\"lk-stays-grid\">\n\n    <a class=\"lk-stay-card featured\" href=\"https:\/\/www.stay22.com\/allez\/roam?aid=lukaskonecny&#038;campaign=loudavymkrokemcz&#038;campaign=it&#038;campaign=bonigen&#038;hotelname=Hotel%20Seiler%20au%20Lac&#038;address=B%C3%B6nigen%2C%20%C5%A0v%C3%BDcarsko\" target=\"_blank\" rel=\"nofollow noopener\">\n      <span class=\"lk-stay-badge badge-top\">\u2b50 SCELTA TOP<\/span>\n      <span class=\"lk-stay-badge badge-nature\">\ud83c\udfe8 Hotel<\/span>\n      <div class=\"lk-stay-name\">Hotel Seiler au Lac<\/div>\n      <div class=\"lk-stay-desc\">Situato direttamente sulla riva e il battello si ferma proprio davanti alla porta. Quaranta camere, vista sulle montagne e sull&#8217;acqua.<\/div>\n      <div class=\"lk-stay-meta\">\n        <span class=\"lk-stay-stars\">\u2605\u2605\u2605\u2605<\/span>\n        <span class=\"lk-stay-price\">Verifica i prezzi<\/span>\n      <\/div>\n      <span class=\"lk-stay-cta\">\n        <svg width=\"14\" height=\"14\" viewBox=\"0 0 24 24\" fill=\"none\" stroke=\"currentColor\" stroke-width=\"2\"><path d=\"M18 13v6a2 2 0 0 1-2 2H5a2 2 0 0 1-2-2V8a2 2 0 0 1 2-2h6\"\/><polyline points=\"15 3 21 3 21 9\"\/><line x1=\"10\" y1=\"14\" x2=\"21\" y2=\"3\"\/><\/svg>\n        Verifica disponibilit\u00e0\n      <\/span>\n    <\/a>\n\n    <a class=\"lk-stay-card\" href=\"https:\/\/www.stay22.com\/allez\/roam?aid=lukaskonecny&#038;campaign=loudavymkrokemcz&#038;campaign=it&#038;campaign=bonigen&#038;hotelname=Seehotel%20B%C3%B6nigen&#038;address=B%C3%B6nigen%2C%20%C5%A0v%C3%BDcarsko\" target=\"_blank\" rel=\"nofollow noopener\">\n      <span class=\"lk-stay-badge badge-nature\">\ud83c\udfe8 Hotel<\/span>\n      <div class=\"lk-stay-name\">Seehotel B\u00f6nigen<\/div>\n      <div class=\"lk-stay-desc\">Ottima scelta per famiglie con vista panoramica, ristorante rinomato di propriet\u00e0 e colazioni abbondanti.<\/div>\n      <div class=\"lk-stay-meta\">\n        <span class=\"lk-stay-stars\">\u2605\u2605\u2605\u2605<\/span>\n        <span class=\"lk-stay-price\">Verifica i prezzi<\/span>\n      <\/div>\n      <span class=\"lk-stay-cta\">\n        <svg width=\"14\" height=\"14\" viewBox=\"0 0 24 24\" fill=\"none\" stroke=\"currentColor\" stroke-width=\"2\"><path d=\"M18 13v6a2 2 0 0 1-2 2H5a2 2 0 0 1-2-2V8a2 2 0 0 1 2-2h6\"\/><polyline points=\"15 3 21 3 21 9\"\/><line x1=\"10\" y1=\"14\" x2=\"21\" y2=\"3\"\/><\/svg>\n        Verifica disponibilit\u00e0\n      <\/span>\n    <\/a>\n\n    <a class=\"lk-stay-card\" href=\"https:\/\/www.stay22.com\/allez\/roam?aid=lukaskonecny&#038;campaign=loudavymkrokemcz&#038;campaign=it&#038;campaign=bonigen&#038;hotelname=TCS%20Camping%20B%C3%B6nigen%20Brienzersee&#038;address=B%C3%B6nigen%2C%20%C5%A0v%C3%BDcarsko\" target=\"_blank\" rel=\"nofollow noopener\">\n      <span class=\"lk-stay-badge badge-nature\">\u26fa Campeggio<\/span>\n      <div class=\"lk-stay-name\">TCS Camping B\u00f6nigen Brienzersee<\/div>\n      <div class=\"lk-stay-desc\">Opzione economica perfetta direttamente sul lago a 200 m dalla spiaggia. Niente piscina, solo una vasca per bambini.<\/div>\n      <div class=\"lk-stay-meta\">\n        <span class=\"lk-stay-stars\">\u2605\u2605\u2605\u2605<\/span>\n        <span class=\"lk-stay-price\">da 72-80 EUR\/notte<\/span>\n      <\/div>\n      <span class=\"lk-stay-cta\">\n        <svg width=\"14\" height=\"14\" viewBox=\"0 0 24 24\" fill=\"none\" stroke=\"currentColor\" stroke-width=\"2\"><path d=\"M18 13v6a2 2 0 0 1-2 2H5a2 2 0 0 1-2-2V8a2 2 0 0 1 2-2h6\"\/><polyline points=\"15 3 21 3 21 9\"\/><line x1=\"10\" y1=\"14\" x2=\"21\" y2=\"3\"\/><\/svg>\n        Verifica disponibilit\u00e0\n      <\/span>\n    <\/a>\n\n    <a class=\"lk-stay-card\" href=\"https:\/\/www.stay22.com\/allez\/roam?aid=lukaskonecny&#038;campaign=loudavymkrokemcz&#038;campaign=it&#038;campaign=bonigen&#038;hotelname=Mountain%20and%20Lake&#038;address=B%C3%B6nigen%2C%20%C5%A0v%C3%BDcarsko\" target=\"_blank\" rel=\"nofollow noopener\">\n      <span class=\"lk-stay-badge badge-nature\">\ud83c\udfe1 Appartamento<\/span>\n      <div class=\"lk-stay-name\">Mountain and Lake<\/div>\n      <div class=\"lk-stay-desc\">Appartamento privato con recensioni fantastiche, cucina completamente attrezzata e bellissima terrazza per soggiorni pi\u00f9 lunghi.<\/div>\n      <div class=\"lk-stay-meta\">\n        <span class=\"lk-stay-stars\">\u2605\u2605\u2605\u2605<\/span>\n        <span class=\"lk-stay-price\">Verifica i prezzi<\/span>\n      <\/div>\n      <span class=\"lk-stay-cta\">\n        <svg width=\"14\" height=\"14\" viewBox=\"0 0 24 24\" fill=\"none\" stroke=\"currentColor\" stroke-width=\"2\"><path d=\"M18 13v6a2 2 0 0 1-2 2H5a2 2 0 0 1-2-2V8a2 2 0 0 1 2-2h6\"\/><polyline points=\"15 3 21 3 21 9\"\/><line x1=\"10\" y1=\"14\" x2=\"21\" y2=\"3\"\/><\/svg>\n        Verifica disponibilit\u00e0\n      <\/span>\n    <\/a>\n\n    <a class=\"lk-stay-card\" href=\"https:\/\/www.stay22.com\/allez\/roam?aid=lukaskonecny&#038;campaign=loudavymkrokemcz&#038;campaign=it&#038;campaign=bonigen&#038;hotelname=Walida&#038;address=B%C3%B6nigen%2C%20%C5%A0v%C3%BDcarsko\" target=\"_blank\" rel=\"nofollow noopener\">\n      <span class=\"lk-stay-badge badge-nature\">\ud83c\udfe8 Hotel<\/span>\n      <div class=\"lk-stay-name\">Walida<\/div>\n      <div class=\"lk-stay-desc\">Hotel pi\u00f9 semplice ma piacevole a un prezzo ragionevole, balconi con vista sulle cime alpine.<\/div>\n      <div class=\"lk-stay-meta\">\n        <span class=\"lk-stay-stars\">\u2605\u2605\u2605\u2605<\/span>\n        <span class=\"lk-stay-price\">Verifica i prezzi<\/span>\n      <\/div>\n      <span class=\"lk-stay-cta\">\n        <svg width=\"14\" height=\"14\" viewBox=\"0 0 24 24\" fill=\"none\" stroke=\"currentColor\" stroke-width=\"2\"><path d=\"M18 13v6a2 2 0 0 1-2 2H5a2 2 0 0 1-2-2V8a2 2 0 0 1 2-2h6\"\/><polyline points=\"15 3 21 3 21 9\"\/><line x1=\"10\" y1=\"14\" x2=\"21\" y2=\"3\"\/><\/svg>\n        Verifica disponibilit\u00e0\n      <\/span>\n    <\/a>\n\n    <a class=\"lk-stay-card\" href=\"https:\/\/www.stay22.com\/allez\/roam?aid=lukaskonecny&#038;campaign=loudavymkrokemcz&#038;campaign=it&#038;campaign=bonigen&#038;address=B%C3%B6nigen&#038;hotelname=Grandhotel+Giessbach&#038;search=Grandhotel+Giessbach&#038;category=accommodation\" target=\"_blank\" rel=\"nofollow noopener\">\n      <span class=\"lk-stay-badge badge-nature\">\u2b50 Luxury<\/span>\n      <div class=\"lk-stay-name\">Grandhotel Giessbach<\/div>\n      <div class=\"lk-stay-desc\">Lussuoso palazzo del XIX secolo sopra le cascate di Giessbach con 22 ettari di parco e terrazza panoramica.<\/div>\n      <div class=\"lk-stay-meta\">\n        <span class=\"lk-stay-stars\">\u2605\u2605\u2605\u2605<\/span>\n        <span class=\"lk-stay-price\">Verifica i prezzi<\/span>\n      <\/div>\n      <span class=\"lk-stay-cta\">\n        <svg width=\"14\" height=\"14\" viewBox=\"0 0 24 24\" fill=\"none\" stroke=\"currentColor\" stroke-width=\"2\"><path d=\"M18 13v6a2 2 0 0 1-2 2H5a2 2 0 0 1-2-2V8a2 2 0 0 1 2-2h6\"\/><polyline points=\"15 3 21 3 21 9\"\/><line x1=\"10\" y1=\"14\" x2=\"21\" y2=\"3\"\/><\/svg>\n        Verifica disponibilit\u00e0\n      <\/span>\n    <\/a>\n\n  <\/div>\n\n  \n<\/div>\n\n\n\n\n<h3 class=\"wp-block-heading\"><span class=\"ez-toc-section\" id=\"15_Il_Mannlichen_e_il_cammino_panoramico_verso_la_Kleine_Scheidegg\"><\/span>15. Il M\u00e4nnlichen e il cammino panoramico verso la Kleine Scheidegg<span class=\"ez-toc-section-end\"><\/span><\/h3>\n\n\n\n<p class=\"wp-block-paragraph\">Questa \u00e8 la mia scelta ovvia quando vado in montagna con bambini piccoli. La funivia ti porta al <strong>M\u00e4nnlichen a 2.222 metri<\/strong> e da l\u00ec verso la Kleine Scheidegg corre un <strong>cammino panoramico lungo 4,5 chilometri<\/strong>, che ti porta via un&#8217;ora o un&#8217;ora e mezza. Quasi tutto il tempo si va in discesa ed <strong>\u00e8 un&#8217;ampia strada sterrata percorribile anche con un passeggino da trekking<\/strong>.<\/p>\n\n\n\n<p class=\"wp-block-paragraph\">Per tutto il tempo hai davanti a te <strong>Eiger, M\u00f6nch e Jungfrau<\/strong>, quindi \u00e8 il miglior rapporto tra panorama e fatica che troverai nella regione. All&#8217;arrivo alla <strong>Kleine Scheidegg a 2.061 metri<\/strong> sali sul treno e ti fai riportare gi\u00f9.<\/p>\n\n\n\n<p class=\"wp-block-paragraph\">Prima di partire, fai ancora il <strong>Royal Walk<\/strong> \u2014 \u00e8 una deviazione dalla stazione superiore fino alla cima stessa del M\u00e4nnlichen a 2.345 metri. Sali solo poco pi\u00f9 di cento metri e ti porta via <strong>mezz&#8217;ora<\/strong>, ma la vista lass\u00f9 \u00e8 di tutt&#8217;altra categoria rispetto a quella dalla stazione.<\/p>\n\n\n\n<p class=\"wp-block-paragraph\">\ud83d\udca1 Consiglio: le funivie per il M\u00e4nnlichen circolano <strong>dal 23 maggio al 25 ottobre<\/strong>. Da Wengen puoi aggiungere per un supplemento di cinque franchi la &#8220;Royal Ride&#8221; e viaggiare <strong>su un balcone aperto sul tetto della cabina<\/strong> \u2014 i bambini ne vanno completamente matti.<\/p>\n\n\n\n<figure data-wp-context=\"{&quot;imageId&quot;:&quot;6a9517b3ec6ee&quot;}\" data-wp-interactive=\"core\/image\" data-wp-key=\"6a9517b3ec6ee\" class=\"wp-block-image size-full wp-lightbox-container\"><img decoding=\"async\" width=\"1920\" height=\"1289\" data-wp-class--hide=\"state.isContentHidden\" data-wp-class--show=\"state.isContentVisible\" data-wp-init=\"callbacks.setButtonStyles\" data-wp-on--click=\"actions.showLightbox\" data-wp-on--load=\"callbacks.setButtonStyles\" data-wp-on--pointerdown=\"actions.preloadImage\" data-wp-on--pointerenter=\"actions.preloadImageWithDelay\" data-wp-on--pointerleave=\"actions.cancelPreload\" data-wp-on-window--resize=\"callbacks.setButtonStyles\" src=\"https:\/\/loudavymkrokem.cz\/wp-content\/uploads\/2026\/08\/bonigen-eiger-severni-stena-1.jpg\" alt=\"La parete nord dell&#039;Eiger, sotto la quale corre l&#039;Eiger Trail\" class=\"wp-image-407136\" title=\"\" srcset=\"https:\/\/loudavymkrokem.cz\/wp-content\/uploads\/2026\/08\/bonigen-eiger-severni-stena-1.jpg 1920w, https:\/\/loudavymkrokem.cz\/wp-content\/uploads\/2026\/08\/bonigen-eiger-severni-stena-1-300x201.jpg 300w, https:\/\/loudavymkrokem.cz\/wp-content\/uploads\/2026\/08\/bonigen-eiger-severni-stena-1-700x470.jpg 700w, https:\/\/loudavymkrokem.cz\/wp-content\/uploads\/2026\/08\/bonigen-eiger-severni-stena-1-768x516.jpg 768w, https:\/\/loudavymkrokem.cz\/wp-content\/uploads\/2026\/08\/bonigen-eiger-severni-stena-1-1536x1031.jpg 1536w, https:\/\/loudavymkrokem.cz\/wp-content\/uploads\/2026\/08\/bonigen-eiger-severni-stena-1-696x467.jpg 696w, https:\/\/loudavymkrokem.cz\/wp-content\/uploads\/2026\/08\/bonigen-eiger-severni-stena-1-1392x935.jpg 1392w\" sizes=\"(max-width: 1920px) 100vw, 1920px\" \/><button\n\t\t\tclass=\"lightbox-trigger\"\n\t\t\ttype=\"button\"\n\t\t\taria-haspopup=\"dialog\"\n\t\t\tdata-wp-bind--aria-label=\"state.thisImage.triggerButtonAriaLabel\"\n\t\t\tdata-wp-init=\"callbacks.initTriggerButton\"\n\t\t\tdata-wp-on--click=\"actions.showLightbox\"\n\t\t\tdata-wp-style--right=\"state.thisImage.buttonRight\"\n\t\t\tdata-wp-style--top=\"state.thisImage.buttonTop\"\n\t\t>\n\t\t\t<svg xmlns=\"http:\/\/www.w3.org\/2000\/svg\" width=\"12\" height=\"12\" fill=\"none\" viewBox=\"0 0 12 12\">\n\t\t\t\t<path fill=\"#fff\" d=\"M2 0a2 2 0 0 0-2 2v2h1.5V2a.5.5 0 0 1 .5-.5h2V0H2Zm2 10.5H2a.5.5 0 0 1-.5-.5V8H0v2a2 2 0 0 0 2 2h2v-1.5ZM8 12v-1.5h2a.5.5 0 0 0 .5-.5V8H12v2a2 2 0 0 1-2 2H8Zm2-12a2 2 0 0 1 2 2v2h-1.5V2a.5.5 0 0 0-.5-.5H8V0h2Z\" \/>\n\t\t\t<\/svg>\n\t\t<\/button><figcaption class=\"wp-element-caption\">Foto: Kurt Ritschard \/ Wikimedia Commons, CC BY-SA 2.0<\/figcaption><\/figure>\n\n\n\n<h3 class=\"wp-block-heading\"><span class=\"ez-toc-section\" id=\"16_LEiger_Trail_proprio_sotto_la_parete_nord\"><\/span>16. L&#8217;Eiger Trail proprio sotto la parete nord<span class=\"ez-toc-section-end\"><\/span><\/h3>\n\n\n\n<p class=\"wp-block-paragraph\">Se le montagne ti interessano anche come storia, questo \u00e8 il percorso giusto. Sali all&#8217;<strong>Eigergletscher a 2.348 metri<\/strong> e da l\u00ec scendi <strong>per circa sei chilometri fino ad Alpiglen a 1.616 metri<\/strong>. Per due ore intere ti muovi proprio sotto la <strong>parete nord dell&#8217;Eiger<\/strong>, che si erge sopra di te per oltre 1.600 metri.<\/p>\n\n\n\n<p class=\"wp-block-paragraph\">\u00c8 un luogo dove si sono scritti e conclusi destini di alpinisti, e sul percorso trovi anche una lapide con targhe commemorative. Il cammino \u00e8 classificato come <strong>di media difficolt\u00e0, scendi circa 780 metri<\/strong> e nei tratti pi\u00f9 esposti ci sono corde di sicurezza tese. Ci si pu\u00f2 rifocillare all&#8217;inizio e alla fine.<\/p>\n\n\n\n<p class=\"wp-block-paragraph\">Attenzione alla stagione, perch\u00e9 questo sentiero apre pi\u00f9 tardi di tutti. <strong>La neve lo tiene spesso chiuso fino all&#8217;inizio di luglio<\/strong> ed \u00e8 percorribile all&#8217;incirca fino a met\u00e0 ottobre. Prima della gita verifica sempre lo stato attuale \u2014 pu\u00f2 cambiare da un giorno all&#8217;altro.<\/p>\n\n\n\n<p class=\"wp-block-paragraph\">\ud83d\udca1 Consiglio: <strong>con il passeggino qui non arrivi<\/strong> e i bambini pi\u00f9 piccoli avranno bisogno di aiuto nei tratti pietrosi. Per tornare, da Alpiglen parte il treno per Grindelwald, ma \u00e8 una <strong>fermata a richiesta<\/strong>, quindi non dimenticare di dare il segnale al conducente.<\/p>\n\n\n\n<figure data-wp-context=\"{&quot;imageId&quot;:&quot;6a9517b3ecbf0&quot;}\" data-wp-interactive=\"core\/image\" data-wp-key=\"6a9517b3ecbf0\" class=\"wp-block-image size-full wp-lightbox-container\"><img decoding=\"async\" width=\"1920\" height=\"1282\" data-wp-class--hide=\"state.isContentHidden\" data-wp-class--show=\"state.isContentVisible\" data-wp-init=\"callbacks.setButtonStyles\" data-wp-on--click=\"actions.showLightbox\" data-wp-on--load=\"callbacks.setButtonStyles\" data-wp-on--pointerdown=\"actions.preloadImage\" data-wp-on--pointerenter=\"actions.preloadImageWithDelay\" data-wp-on--pointerleave=\"actions.cancelPreload\" data-wp-on-window--resize=\"callbacks.setButtonStyles\" src=\"https:\/\/loudavymkrokem.cz\/wp-content\/uploads\/2026\/08\/bonigen-niederhorn-kozorozec-1.jpg\" alt=\"Giovani stambecchi sulla cresta del Niederhorn al crepuscolo\" class=\"wp-image-407139\" title=\"\" srcset=\"https:\/\/loudavymkrokem.cz\/wp-content\/uploads\/2026\/08\/bonigen-niederhorn-kozorozec-1.jpg 1920w, https:\/\/loudavymkrokem.cz\/wp-content\/uploads\/2026\/08\/bonigen-niederhorn-kozorozec-1-300x200.jpg 300w, https:\/\/loudavymkrokem.cz\/wp-content\/uploads\/2026\/08\/bonigen-niederhorn-kozorozec-1-700x467.jpg 700w, https:\/\/loudavymkrokem.cz\/wp-content\/uploads\/2026\/08\/bonigen-niederhorn-kozorozec-1-768x513.jpg 768w, https:\/\/loudavymkrokem.cz\/wp-content\/uploads\/2026\/08\/bonigen-niederhorn-kozorozec-1-1536x1026.jpg 1536w, https:\/\/loudavymkrokem.cz\/wp-content\/uploads\/2026\/08\/bonigen-niederhorn-kozorozec-1-696x465.jpg 696w, https:\/\/loudavymkrokem.cz\/wp-content\/uploads\/2026\/08\/bonigen-niederhorn-kozorozec-1-1392x929.jpg 1392w\" sizes=\"(max-width: 1920px) 100vw, 1920px\" \/><button\n\t\t\tclass=\"lightbox-trigger\"\n\t\t\ttype=\"button\"\n\t\t\taria-haspopup=\"dialog\"\n\t\t\tdata-wp-bind--aria-label=\"state.thisImage.triggerButtonAriaLabel\"\n\t\t\tdata-wp-init=\"callbacks.initTriggerButton\"\n\t\t\tdata-wp-on--click=\"actions.showLightbox\"\n\t\t\tdata-wp-style--right=\"state.thisImage.buttonRight\"\n\t\t\tdata-wp-style--top=\"state.thisImage.buttonTop\"\n\t\t>\n\t\t\t<svg xmlns=\"http:\/\/www.w3.org\/2000\/svg\" width=\"12\" height=\"12\" fill=\"none\" viewBox=\"0 0 12 12\">\n\t\t\t\t<path fill=\"#fff\" d=\"M2 0a2 2 0 0 0-2 2v2h1.5V2a.5.5 0 0 1 .5-.5h2V0H2Zm2 10.5H2a.5.5 0 0 1-.5-.5V8H0v2a2 2 0 0 0 2 2h2v-1.5ZM8 12v-1.5h2a.5.5 0 0 0 .5-.5V8H12v2a2 2 0 0 1-2 2H8Zm2-12a2 2 0 0 1 2 2v2h-1.5V2a.5.5 0 0 0-.5-.5H8V0h2Z\" \/>\n\t\t\t<\/svg>\n\t\t<\/button><figcaption class=\"wp-element-caption\">Foto: Ostaehli \/ Wikimedia Commons, CC BY-SA 4.0<\/figcaption><\/figure>\n\n\n\n<h3 class=\"wp-block-heading\"><span class=\"ez-toc-section\" id=\"17_Il_Niederhorn_e_gli_stambecchi_sopra_il_Lago_di_Thun\"><\/span>17. Il Niederhorn e gli stambecchi sopra il Lago di Thun<span class=\"ez-toc-section-end\"><\/span><\/h3>\n\n\n\n<p class=\"wp-block-paragraph\">Mentre tutti vanno a Grindelwald, dall&#8217;altra parte di Interlaken c&#8217;\u00e8 il <strong>Niederhorn a 1.950 metri<\/strong> e l\u00ec c&#8217;\u00e8 molta pi\u00f9 tranquillit\u00e0. Ci arrivi dalla riva del Lago di Thun con una funicolare e poi con una cabinovia, in tutto ci vuole <strong>circa mezz&#8217;ora<\/strong>.<\/p>\n\n\n\n<p class=\"wp-block-paragraph\">L&#8217;attrazione principale qui sono gli <strong>stambecchi<\/strong>. La colonia locale fu fondata nel 1949 con l&#8217;introduzione di tre esemplari e oggi ne vivono qui <strong>da settantacinque a cento<\/strong>. Da luglio a settembre, inoltre, ogni gioved\u00ec mattina parte una spedizione guidata con un esperto locale direttamente verso i branchi.<\/p>\n\n\n\n<p class=\"wp-block-paragraph\">La traversata di cresta da qui verso il <strong>Gemmenalphorn a 2.061 metri<\/strong> ha vinto la medaglia d&#8217;oro come sentiero escursionistico pi\u00f9 bello della Svizzera, ma \u00e8 una faccenda di un&#8217;intera giornata per persone allenate. Con i bambini ti basta l&#8217;<strong>anello di seicento metri proprio presso la stazione<\/strong>, che percorri in mezz&#8217;ora e in cima c&#8217;\u00e8 un ristorante con parco giochi.<\/p>\n\n\n\n<p class=\"wp-block-paragraph\">\ud83d\udca1 Consiglio: le funivie circolano <strong>dal 1\u00b0 maggio al 15 novembre<\/strong>. Il biglietto andata e ritorno dal lago costa 65 franchi, ma se sali in autobus fino a Beatenberg e ti imbarchi l\u00ec, <strong>paghi solo 49<\/strong>. Il Niederhorn offre inoltre uno <strong>sconto famiglia \u2014 paghi solo per il primo figlio<\/strong>.<\/p>\n\n\n\n<figure data-wp-context=\"{&quot;imageId&quot;:&quot;6a9517b3ed0be&quot;}\" data-wp-interactive=\"core\/image\" data-wp-key=\"6a9517b3ed0be\" class=\"wp-block-image size-full wp-lightbox-container\"><img decoding=\"async\" width=\"1920\" height=\"1280\" data-wp-class--hide=\"state.isContentHidden\" data-wp-class--show=\"state.isContentVisible\" data-wp-init=\"callbacks.setButtonStyles\" data-wp-on--click=\"actions.showLightbox\" data-wp-on--load=\"callbacks.setButtonStyles\" data-wp-on--pointerdown=\"actions.preloadImage\" data-wp-on--pointerenter=\"actions.preloadImageWithDelay\" data-wp-on--pointerleave=\"actions.cancelPreload\" data-wp-on-window--resize=\"callbacks.setButtonStyles\" src=\"https:\/\/loudavymkrokem.cz\/wp-content\/uploads\/2026\/08\/bonigen-brienzer-rothorn-parni-lokomotiva.jpg\" alt=\"Locomotiva a vapore della ferrovia a cremagliera alla stazione di vetta del Brienzer Rothorn\" class=\"wp-image-407156\" title=\"\" srcset=\"https:\/\/loudavymkrokem.cz\/wp-content\/uploads\/2026\/08\/bonigen-brienzer-rothorn-parni-lokomotiva.jpg 1920w, https:\/\/loudavymkrokem.cz\/wp-content\/uploads\/2026\/08\/bonigen-brienzer-rothorn-parni-lokomotiva-300x200.jpg 300w, https:\/\/loudavymkrokem.cz\/wp-content\/uploads\/2026\/08\/bonigen-brienzer-rothorn-parni-lokomotiva-700x467.jpg 700w, https:\/\/loudavymkrokem.cz\/wp-content\/uploads\/2026\/08\/bonigen-brienzer-rothorn-parni-lokomotiva-768x512.jpg 768w, https:\/\/loudavymkrokem.cz\/wp-content\/uploads\/2026\/08\/bonigen-brienzer-rothorn-parni-lokomotiva-1536x1024.jpg 1536w, https:\/\/loudavymkrokem.cz\/wp-content\/uploads\/2026\/08\/bonigen-brienzer-rothorn-parni-lokomotiva-696x464.jpg 696w, https:\/\/loudavymkrokem.cz\/wp-content\/uploads\/2026\/08\/bonigen-brienzer-rothorn-parni-lokomotiva-1392x928.jpg 1392w\" sizes=\"(max-width: 1920px) 100vw, 1920px\" \/><button\n\t\t\tclass=\"lightbox-trigger\"\n\t\t\ttype=\"button\"\n\t\t\taria-haspopup=\"dialog\"\n\t\t\tdata-wp-bind--aria-label=\"state.thisImage.triggerButtonAriaLabel\"\n\t\t\tdata-wp-init=\"callbacks.initTriggerButton\"\n\t\t\tdata-wp-on--click=\"actions.showLightbox\"\n\t\t\tdata-wp-style--right=\"state.thisImage.buttonRight\"\n\t\t\tdata-wp-style--top=\"state.thisImage.buttonTop\"\n\t\t>\n\t\t\t<svg xmlns=\"http:\/\/www.w3.org\/2000\/svg\" width=\"12\" height=\"12\" fill=\"none\" viewBox=\"0 0 12 12\">\n\t\t\t\t<path fill=\"#fff\" d=\"M2 0a2 2 0 0 0-2 2v2h1.5V2a.5.5 0 0 1 .5-.5h2V0H2Zm2 10.5H2a.5.5 0 0 1-.5-.5V8H0v2a2 2 0 0 0 2 2h2v-1.5ZM8 12v-1.5h2a.5.5 0 0 0 .5-.5V8H12v2a2 2 0 0 1-2 2H8Zm2-12a2 2 0 0 1 2 2v2h-1.5V2a.5.5 0 0 0-.5-.5H8V0h2Z\" \/>\n\t\t\t<\/svg>\n\t\t<\/button><figcaption class=\"wp-element-caption\">Foto: Uwelino \/ Wikimedia Commons, CC BY-SA 4.0<\/figcaption><\/figure>\n\n\n\n<h3 class=\"wp-block-heading\"><span class=\"ez-toc-section\" id=\"18_Con_il_treno_a_cremagliera_a_vapore_sul_Brienzer_Rothorn\"><\/span>18. Con il treno a cremagliera a vapore sul Brienzer Rothorn<span class=\"ez-toc-section-end\"><\/span><\/h3>\n\n\n\n<p class=\"wp-block-paragraph\">Questa gita \u00e8 un&#8217;esperienza gi\u00e0 solo per il viaggio in s\u00e9. Da Brienz, all&#8217;altra estremit\u00e0 del lago, parte la <strong>ferrovia a cremagliera a vapore del 1892<\/strong>, che insieme alla linea della Furka \u00e8 <strong>l&#8217;unica ferrovia svizzera regolarmente esercita a vapore<\/strong>. In un&#8217;ora sale, lungo sette chilometri e mezzo di binario, di <strong>1.678 metri di dislivello<\/strong>.<\/p>\n\n\n\n<p class=\"wp-block-paragraph\">La stazione superiore si trova a <strong>2.244 metri<\/strong> e alla cima stessa del Brienzer Rothorn, a 2.350 metri, sali <strong>in quindici minuti<\/strong>. La vista da qui \u00e8 straordinaria \u2014 si dice che da qui si vedano <strong>693 vette<\/strong>. In cima ci sono due ristoranti e nel rifugio di montagna si pu\u00f2 anche pernottare.<\/p>\n\n\n\n<p class=\"wp-block-paragraph\">Chi vuole andare a piedi pu\u00f2 scendere alla stazione intermedia di <strong>Planalp in due ore e mezza<\/strong> e da l\u00ec scendere in treno. Si scendono circa mille metri, quindi le ginocchia ne risentono. Da B\u00f6nigen ci arrivi via Interlaken Ost, da cui in treno per Brienz ci vogliono <strong>poco meno di venti minuti<\/strong>.<\/p>\n\n\n\n<p class=\"wp-block-paragraph\">\ud83d\udca1 Consiglio: fino alla cima si sale <strong>solo dal 6 giugno al 25 ottobre<\/strong>, prima la ferrovia si ferma a Planalp. Il biglietto andata e ritorno costa 98 franchi, ma <strong>i bambini dai sei ai quindici anni viaggiano a dieci franchi<\/strong> e con il Bernese Oberland Pass hai il viaggio gratis. Per otto franchi puoi prenotare un posto specifico.<\/p>\n\n\n\n<figure data-wp-context=\"{&quot;imageId&quot;:&quot;6a9517b3ed531&quot;}\" data-wp-interactive=\"core\/image\" data-wp-key=\"6a9517b3ed531\" class=\"wp-block-image size-full wp-lightbox-container\"><img decoding=\"async\" width=\"1800\" height=\"1224\" data-wp-class--hide=\"state.isContentHidden\" data-wp-class--show=\"state.isContentVisible\" data-wp-init=\"callbacks.setButtonStyles\" data-wp-on--click=\"actions.showLightbox\" data-wp-on--load=\"callbacks.setButtonStyles\" data-wp-on--pointerdown=\"actions.preloadImage\" data-wp-on--pointerenter=\"actions.preloadImageWithDelay\" data-wp-on--pointerleave=\"actions.cancelPreload\" data-wp-on-window--resize=\"callbacks.setButtonStyles\" src=\"https:\/\/loudavymkrokem.cz\/wp-content\/uploads\/2026\/08\/articles-bonigen-18.jpg\" alt=\"Il Lago di Brienz a volo d&#039;uccello\" class=\"wp-image-404497\" title=\"\" srcset=\"https:\/\/loudavymkrokem.cz\/wp-content\/uploads\/2026\/08\/articles-bonigen-18.jpg 1800w, https:\/\/loudavymkrokem.cz\/wp-content\/uploads\/2026\/08\/articles-bonigen-18-300x204.jpg 300w, https:\/\/loudavymkrokem.cz\/wp-content\/uploads\/2026\/08\/articles-bonigen-18-700x476.jpg 700w, https:\/\/loudavymkrokem.cz\/wp-content\/uploads\/2026\/08\/articles-bonigen-18-768x522.jpg 768w, https:\/\/loudavymkrokem.cz\/wp-content\/uploads\/2026\/08\/articles-bonigen-18-1536x1044.jpg 1536w, https:\/\/loudavymkrokem.cz\/wp-content\/uploads\/2026\/08\/articles-bonigen-18-696x473.jpg 696w, https:\/\/loudavymkrokem.cz\/wp-content\/uploads\/2026\/08\/articles-bonigen-18-1392x947.jpg 1392w\" sizes=\"(max-width: 1800px) 100vw, 1800px\" \/><button\n\t\t\tclass=\"lightbox-trigger\"\n\t\t\ttype=\"button\"\n\t\t\taria-haspopup=\"dialog\"\n\t\t\tdata-wp-bind--aria-label=\"state.thisImage.triggerButtonAriaLabel\"\n\t\t\tdata-wp-init=\"callbacks.initTriggerButton\"\n\t\t\tdata-wp-on--click=\"actions.showLightbox\"\n\t\t\tdata-wp-style--right=\"state.thisImage.buttonRight\"\n\t\t\tdata-wp-style--top=\"state.thisImage.buttonTop\"\n\t\t>\n\t\t\t<svg xmlns=\"http:\/\/www.w3.org\/2000\/svg\" width=\"12\" height=\"12\" fill=\"none\" viewBox=\"0 0 12 12\">\n\t\t\t\t<path fill=\"#fff\" d=\"M2 0a2 2 0 0 0-2 2v2h1.5V2a.5.5 0 0 1 .5-.5h2V0H2Zm2 10.5H2a.5.5 0 0 1-.5-.5V8H0v2a2 2 0 0 0 2 2h2v-1.5ZM8 12v-1.5h2a.5.5 0 0 0 .5-.5V8H12v2a2 2 0 0 1-2 2H8Zm2-12a2 2 0 0 1 2 2v2h-1.5V2a.5.5 0 0 0-.5-.5H8V0h2Z\" \/>\n\t\t\t<\/svg>\n\t\t<\/button><figcaption class=\"wp-element-caption\">Foto: Carsten Steger \/ Wikimedia Commons, CC BY-SA 4.0<\/figcaption><\/figure>\n\n\n\n<h2 class=\"wp-block-heading\"><span class=\"ez-toc-section\" id=\"Gite_da_Bonigen_6_consigli_sui_dintorni\"><\/span>Gite da B\u00f6nigen: 6 consigli sui dintorni<span class=\"ez-toc-section-end\"><\/span><\/h2>\n\n\n\n<p class=\"wp-block-paragraph\">Se hai B\u00f6nigen come base, ti si apre <strong>tutto l&#8217;Oberland Bernese<\/strong> come sul palmo di una mano. Qui avrai bisogno di un <strong>budget un po&#8217; pi\u00f9 ampio<\/strong>, perch\u00e9 le funivie e i treni di montagna svizzeri non sono affatto economici, ma le esperienze ti resteranno impresse nella memoria per sempre.<\/p>\n\n\n\n<p class=\"wp-block-paragraph\">Consiglio di pianificare le gite in base alle <strong>previsioni meteo aggiornate<\/strong>. Ai costosi belvedere di montagna ha senso andare solo nei giorni in cui il <strong>cielo \u00e8 assolutamente sereno<\/strong>, altrimenti pagherai decine di franchi per uno sguardo in una nebbia grigia e impenetrabile.<\/p>\n\n\n\n<figure data-wp-context=\"{&quot;imageId&quot;:&quot;6a9517b3ed976&quot;}\" data-wp-interactive=\"core\/image\" data-wp-key=\"6a9517b3ed976\" class=\"wp-block-image size-full wp-lightbox-container\"><img decoding=\"async\" width=\"1800\" height=\"1011\" data-wp-class--hide=\"state.isContentHidden\" data-wp-class--show=\"state.isContentVisible\" data-wp-init=\"callbacks.setButtonStyles\" data-wp-on--click=\"actions.showLightbox\" data-wp-on--load=\"callbacks.setButtonStyles\" data-wp-on--pointerdown=\"actions.preloadImage\" data-wp-on--pointerenter=\"actions.preloadImageWithDelay\" data-wp-on--pointerleave=\"actions.cancelPreload\" data-wp-on-window--resize=\"callbacks.setButtonStyles\" src=\"https:\/\/loudavymkrokem.cz\/wp-content\/uploads\/2026\/08\/articles-bonigen-19.jpg\" alt=\"Il belvedere Harder Kulm sopra Interlaken\" class=\"wp-image-404500\" title=\"\" srcset=\"https:\/\/loudavymkrokem.cz\/wp-content\/uploads\/2026\/08\/articles-bonigen-19.jpg 1800w, https:\/\/loudavymkrokem.cz\/wp-content\/uploads\/2026\/08\/articles-bonigen-19-300x169.jpg 300w, https:\/\/loudavymkrokem.cz\/wp-content\/uploads\/2026\/08\/articles-bonigen-19-700x393.jpg 700w, https:\/\/loudavymkrokem.cz\/wp-content\/uploads\/2026\/08\/articles-bonigen-19-768x431.jpg 768w, https:\/\/loudavymkrokem.cz\/wp-content\/uploads\/2026\/08\/articles-bonigen-19-1536x863.jpg 1536w, https:\/\/loudavymkrokem.cz\/wp-content\/uploads\/2026\/08\/articles-bonigen-19-696x391.jpg 696w, https:\/\/loudavymkrokem.cz\/wp-content\/uploads\/2026\/08\/articles-bonigen-19-1392x782.jpg 1392w\" sizes=\"(max-width: 1800px) 100vw, 1800px\" \/><button\n\t\t\tclass=\"lightbox-trigger\"\n\t\t\ttype=\"button\"\n\t\t\taria-haspopup=\"dialog\"\n\t\t\tdata-wp-bind--aria-label=\"state.thisImage.triggerButtonAriaLabel\"\n\t\t\tdata-wp-init=\"callbacks.initTriggerButton\"\n\t\t\tdata-wp-on--click=\"actions.showLightbox\"\n\t\t\tdata-wp-style--right=\"state.thisImage.buttonRight\"\n\t\t\tdata-wp-style--top=\"state.thisImage.buttonTop\"\n\t\t>\n\t\t\t<svg xmlns=\"http:\/\/www.w3.org\/2000\/svg\" width=\"12\" height=\"12\" fill=\"none\" viewBox=\"0 0 12 12\">\n\t\t\t\t<path fill=\"#fff\" d=\"M2 0a2 2 0 0 0-2 2v2h1.5V2a.5.5 0 0 1 .5-.5h2V0H2Zm2 10.5H2a.5.5 0 0 1-.5-.5V8H0v2a2 2 0 0 0 2 2h2v-1.5ZM8 12v-1.5h2a.5.5 0 0 0 .5-.5V8H12v2a2 2 0 0 1-2 2H8Zm2-12a2 2 0 0 1 2 2v2h-1.5V2a.5.5 0 0 0-.5-.5H8V0h2Z\" \/>\n\t\t\t<\/svg>\n\t\t<\/button><figcaption class=\"wp-element-caption\">Foto: Ollie Craig \/ Pexels<\/figcaption><\/figure>\n\n\n\n<h3 class=\"wp-block-heading\"><span class=\"ez-toc-section\" id=\"19_Harder_Kulm_la_montagna_di_casa_di_Interlaken\"><\/span>19. Harder Kulm: la montagna di casa di Interlaken<span class=\"ez-toc-section-end\"><\/span><\/h3>\n\n\n\n<p class=\"wp-block-paragraph\">Questa \u00e8 un obbligo assoluto. L&#8217;<strong>Harder Kulm a 1.322 metri<\/strong> \u00e8 noto come la montagna di casa di Interlaken e offre la vista pi\u00f9 iconica di tutta la zona. La storica funicolare ti porta dalla valle su in soli 10 minuti, durante i quali supera 755 metri di dislivello su un tracciato lungo appena 1,4 chilometri.<\/p>\n\n\n\n<p class=\"wp-block-paragraph\">Per il 2026 il <strong>biglietto andata e ritorno per un adulto costa 44 CHF<\/strong>. Se hai lo Swiss Travel Pass o il Bernese Oberland Pass, ottieni uno sconto del 50%. La funicolare circola dal 3 aprile al 29 novembre ogni mezz&#8217;ora e d&#8217;estate puoi scendere fino a tarda notte.<\/p>\n\n\n\n<p class=\"wp-block-paragraph\">In cima ti aspetta la famosa <strong>piattaforma panoramica Two Lakes Bridge<\/strong>, che sporge in modo drammatico sopra un profondo strapiombo. Stando su di essa vedi sotto di te contemporaneamente entrambi i laghi (Thunersee e Brienzersee) e proprio davanti a te hai il maestoso trio alpino Eiger, M\u00f6nch e Jungfrau. Sembra davvero un set cinematografico.<\/p>\n\n\n\n<p class=\"wp-block-paragraph\">\ud83d\udca1 Consiglio: <strong>evita le code<\/strong> e compra il <strong>biglietto in anticipo online<\/strong> direttamente sul sito di <a href=\"https:\/\/www.harder-kulm.com\" target=\"_blank\" rel=\"nofollow noopener\">Harder Kulm<\/a>. Ricevi un codice QR sul telefono e passi direttamente ai tornelli.<\/p>\n\n\n\n<figure data-wp-context=\"{&quot;imageId&quot;:&quot;6a9517b3ede2a&quot;}\" data-wp-interactive=\"core\/image\" data-wp-key=\"6a9517b3ede2a\" class=\"wp-block-image size-full wp-lightbox-container\"><img decoding=\"async\" width=\"1800\" height=\"1350\" data-wp-class--hide=\"state.isContentHidden\" data-wp-class--show=\"state.isContentVisible\" data-wp-init=\"callbacks.setButtonStyles\" data-wp-on--click=\"actions.showLightbox\" data-wp-on--load=\"callbacks.setButtonStyles\" data-wp-on--pointerdown=\"actions.preloadImage\" data-wp-on--pointerenter=\"actions.preloadImageWithDelay\" data-wp-on--pointerleave=\"actions.cancelPreload\" data-wp-on-window--resize=\"callbacks.setButtonStyles\" src=\"https:\/\/loudavymkrokem.cz\/wp-content\/uploads\/2026\/08\/articles-bonigen-20.jpg\" alt=\"Le cascate a gradinata di Giessbach\" class=\"wp-image-404502\" title=\"\" srcset=\"https:\/\/loudavymkrokem.cz\/wp-content\/uploads\/2026\/08\/articles-bonigen-20.jpg 1800w, https:\/\/loudavymkrokem.cz\/wp-content\/uploads\/2026\/08\/articles-bonigen-20-300x225.jpg 300w, https:\/\/loudavymkrokem.cz\/wp-content\/uploads\/2026\/08\/articles-bonigen-20-700x525.jpg 700w, https:\/\/loudavymkrokem.cz\/wp-content\/uploads\/2026\/08\/articles-bonigen-20-768x576.jpg 768w, https:\/\/loudavymkrokem.cz\/wp-content\/uploads\/2026\/08\/articles-bonigen-20-1536x1152.jpg 1536w, https:\/\/loudavymkrokem.cz\/wp-content\/uploads\/2026\/08\/articles-bonigen-20-80x60.jpg 80w, https:\/\/loudavymkrokem.cz\/wp-content\/uploads\/2026\/08\/articles-bonigen-20-160x120.jpg 160w, https:\/\/loudavymkrokem.cz\/wp-content\/uploads\/2026\/08\/articles-bonigen-20-696x522.jpg 696w, https:\/\/loudavymkrokem.cz\/wp-content\/uploads\/2026\/08\/articles-bonigen-20-1392x1044.jpg 1392w\" sizes=\"(max-width: 1800px) 100vw, 1800px\" \/><button\n\t\t\tclass=\"lightbox-trigger\"\n\t\t\ttype=\"button\"\n\t\t\taria-haspopup=\"dialog\"\n\t\t\tdata-wp-bind--aria-label=\"state.thisImage.triggerButtonAriaLabel\"\n\t\t\tdata-wp-init=\"callbacks.initTriggerButton\"\n\t\t\tdata-wp-on--click=\"actions.showLightbox\"\n\t\t\tdata-wp-style--right=\"state.thisImage.buttonRight\"\n\t\t\tdata-wp-style--top=\"state.thisImage.buttonTop\"\n\t\t>\n\t\t\t<svg xmlns=\"http:\/\/www.w3.org\/2000\/svg\" width=\"12\" height=\"12\" fill=\"none\" viewBox=\"0 0 12 12\">\n\t\t\t\t<path fill=\"#fff\" d=\"M2 0a2 2 0 0 0-2 2v2h1.5V2a.5.5 0 0 1 .5-.5h2V0H2Zm2 10.5H2a.5.5 0 0 1-.5-.5V8H0v2a2 2 0 0 0 2 2h2v-1.5ZM8 12v-1.5h2a.5.5 0 0 0 .5-.5V8H12v2a2 2 0 0 1-2 2H8Zm2-12a2 2 0 0 1 2 2v2h-1.5V2a.5.5 0 0 0-.5-.5H8V0h2Z\" \/>\n\t\t\t<\/svg>\n\t\t<\/button><figcaption class=\"wp-element-caption\">Foto: Metehan \u015eeker \/ Pexels<\/figcaption><\/figure>\n\n\n\n<h3 class=\"wp-block-heading\"><span class=\"ez-toc-section\" id=\"20_Le_Cascate_di_Giessbach_e_il_passaggio_dietro_lacqua\"><\/span>20. Le Cascate di Giessbach e il passaggio dietro l&#8217;acqua<span class=\"ez-toc-section-end\"><\/span><\/h3>\n\n\n\n<p class=\"wp-block-paragraph\">Qui l&#8217;acqua cade <strong>in 14 gradinate<\/strong> per circa 400 metri direttamente nel lago e, prima di pensare che le cascate le hai gi\u00e0 viste altrove, aspetta cosa arriva dopo. Intorno alle cascate corre una <strong>rete di sentieri perfettamente curati<\/strong>, che ti conducono fino ai tratti pi\u00f9 fragorosi e selvaggi.<\/p>\n\n\n\n<p class=\"wp-block-paragraph\">L&#8217;attrazione pi\u00f9 grande \u00e8 il <strong>sentiero che passa proprio DIETRO una delle cascate<\/strong>. Puoi passare sotto un imponente strapiombo roccioso e guardare, attraverso la parete d&#8217;acqua che cade, gi\u00f9 verso il lago turchese e le montagne circostanti. \u00c8 un anello sicuro di circa 20 minuti che ti rapir\u00e0 completamente.<\/p>\n\n\n\n<p class=\"wp-block-paragraph\">Puoi arrivare qui in auto (<strong>il parcheggio costa 15 CHF<\/strong> al giorno in alta stagione), ma \u00e8 molto pi\u00f9 suggestivo <strong>arrivare in battello<\/strong> alla fermata Giessbach See. Da l\u00ec il cammino prosegue o a piedi o con la storica funicolare direttamente all&#8217;inizio dei sentieri.<\/p>\n\n\n\n<p class=\"wp-block-paragraph\">\ud83d\udca1 Consiglio: se vieni qui in primavera durante lo scioglimento delle nevi o dopo abbondanti piogge, metti in conto che sul sentiero dietro la cascata <strong>ti farai una bella doccia<\/strong>. <strong>La giacca impermeabile \u00e8 d&#8217;obbligo<\/strong>.<\/p>\n\n\n\n<figure data-wp-context=\"{&quot;imageId&quot;:&quot;6a9517b3ee342&quot;}\" data-wp-interactive=\"core\/image\" data-wp-key=\"6a9517b3ee342\" class=\"wp-block-image size-full wp-lightbox-container\"><img decoding=\"async\" width=\"1800\" height=\"1350\" data-wp-class--hide=\"state.isContentHidden\" data-wp-class--show=\"state.isContentVisible\" data-wp-init=\"callbacks.setButtonStyles\" data-wp-on--click=\"actions.showLightbox\" data-wp-on--load=\"callbacks.setButtonStyles\" data-wp-on--pointerdown=\"actions.preloadImage\" data-wp-on--pointerenter=\"actions.preloadImageWithDelay\" data-wp-on--pointerleave=\"actions.cancelPreload\" data-wp-on-window--resize=\"callbacks.setButtonStyles\" src=\"https:\/\/loudavymkrokem.cz\/wp-content\/uploads\/2026\/08\/articles-bonigen-21.jpg\" alt=\"Il Grandhotel Giessbach e la storica funicolare\" class=\"wp-image-404504\" title=\"\" srcset=\"https:\/\/loudavymkrokem.cz\/wp-content\/uploads\/2026\/08\/articles-bonigen-21.jpg 1800w, https:\/\/loudavymkrokem.cz\/wp-content\/uploads\/2026\/08\/articles-bonigen-21-300x225.jpg 300w, https:\/\/loudavymkrokem.cz\/wp-content\/uploads\/2026\/08\/articles-bonigen-21-700x525.jpg 700w, https:\/\/loudavymkrokem.cz\/wp-content\/uploads\/2026\/08\/articles-bonigen-21-768x576.jpg 768w, https:\/\/loudavymkrokem.cz\/wp-content\/uploads\/2026\/08\/articles-bonigen-21-1536x1152.jpg 1536w, https:\/\/loudavymkrokem.cz\/wp-content\/uploads\/2026\/08\/articles-bonigen-21-80x60.jpg 80w, https:\/\/loudavymkrokem.cz\/wp-content\/uploads\/2026\/08\/articles-bonigen-21-160x120.jpg 160w, https:\/\/loudavymkrokem.cz\/wp-content\/uploads\/2026\/08\/articles-bonigen-21-696x522.jpg 696w, https:\/\/loudavymkrokem.cz\/wp-content\/uploads\/2026\/08\/articles-bonigen-21-1392x1044.jpg 1392w\" sizes=\"(max-width: 1800px) 100vw, 1800px\" \/><button\n\t\t\tclass=\"lightbox-trigger\"\n\t\t\ttype=\"button\"\n\t\t\taria-haspopup=\"dialog\"\n\t\t\tdata-wp-bind--aria-label=\"state.thisImage.triggerButtonAriaLabel\"\n\t\t\tdata-wp-init=\"callbacks.initTriggerButton\"\n\t\t\tdata-wp-on--click=\"actions.showLightbox\"\n\t\t\tdata-wp-style--right=\"state.thisImage.buttonRight\"\n\t\t\tdata-wp-style--top=\"state.thisImage.buttonTop\"\n\t\t>\n\t\t\t<svg xmlns=\"http:\/\/www.w3.org\/2000\/svg\" width=\"12\" height=\"12\" fill=\"none\" viewBox=\"0 0 12 12\">\n\t\t\t\t<path fill=\"#fff\" d=\"M2 0a2 2 0 0 0-2 2v2h1.5V2a.5.5 0 0 1 .5-.5h2V0H2Zm2 10.5H2a.5.5 0 0 1-.5-.5V8H0v2a2 2 0 0 0 2 2h2v-1.5ZM8 12v-1.5h2a.5.5 0 0 0 .5-.5V8H12v2a2 2 0 0 1-2 2H8Zm2-12a2 2 0 0 1 2 2v2h-1.5V2a.5.5 0 0 0-.5-.5H8V0h2Z\" \/>\n\t\t\t<\/svg>\n\t\t<\/button><figcaption class=\"wp-element-caption\">Foto: JoachimKohler-HB \/ Wikimedia Commons, CC BY-SA 4.0<\/figcaption><\/figure>\n\n\n\n<h3 class=\"wp-block-heading\"><span class=\"ez-toc-section\" id=\"21_La_piu_antica_funicolare_turistica_svizzera_e_il_Grandhotel\"><\/span>21. La pi\u00f9 antica funicolare turistica svizzera e il Grandhotel<span class=\"ez-toc-section-end\"><\/span><\/h3>\n\n\n\n<p class=\"wp-block-paragraph\">Quando arrivi in battello sotto le Cascate di Giessbach, non perderti un gioiello tecnico. Dall&#8217;imbarcadero su verso l&#8217;hotel corre la <strong>Giessbachbahn \u2014 la pi\u00f9 antica funicolare tuttora in esercizio in Svizzera<\/strong>. Circola dal 1879 ed \u00e8 stata la prima funicolare svizzera costruita puramente per i turisti. I suoi storici vagoncini rossi sono incredibilmente fotogenici.<\/p>\n\n\n\n<p class=\"wp-block-paragraph\">La stazione superiore ti deposita proprio davanti ai cancelli dell&#8217;incantevole <strong>Grandhotel Giessbach<\/strong>. Questo lussuoso palazzo del XIX secolo ha ospitato la cr\u00e8me de la cr\u00e8me di tutto il mondo e ha conservato fino a oggi la sua atmosfera aristocratica. Intorno all&#8217;hotel si estende un <strong>parco curato di ben 22 ettari<\/strong>, in cui puoi passeggiare liberamente.<\/p>\n\n\n\n<p class=\"wp-block-paragraph\">Anche se non alloggi all&#8217;hotel, ti consiglio sicuramente di sederti sulla loro <strong>enorme terrazza panoramica<\/strong>. <strong>Il caff\u00e8 qui costa un occhio della testa<\/strong>, ma con le cascate sullo sfondo e quell&#8217;atmosfera aristocratica ti sentirai come in un romanzo di Agatha Christie, e questo vale davvero. \u263a\ufe0f<\/p>\n\n\n\n<p class=\"wp-block-paragraph\">\ud83d\udca1 Consiglio: puoi leggere di pi\u00f9 sulla <strong>storia dell&#8217;hotel<\/strong> e sugli <strong>orari attuali della funicolare<\/strong> sul bellissimo sito del <a href=\"https:\/\/www.giessbach.ch\" target=\"_blank\" rel=\"nofollow noopener\">Grandhotel Giessbach<\/a>.<\/p>\n\n\n\n<figure data-wp-context=\"{&quot;imageId&quot;:&quot;6a9517b3ee8ee&quot;}\" data-wp-interactive=\"core\/image\" data-wp-key=\"6a9517b3ee8ee\" class=\"wp-block-image size-full wp-lightbox-container\"><img decoding=\"async\" width=\"1800\" height=\"1350\" data-wp-class--hide=\"state.isContentHidden\" data-wp-class--show=\"state.isContentVisible\" data-wp-init=\"callbacks.setButtonStyles\" data-wp-on--click=\"actions.showLightbox\" data-wp-on--load=\"callbacks.setButtonStyles\" data-wp-on--pointerdown=\"actions.preloadImage\" data-wp-on--pointerenter=\"actions.preloadImageWithDelay\" data-wp-on--pointerleave=\"actions.cancelPreload\" data-wp-on-window--resize=\"callbacks.setButtonStyles\" src=\"https:\/\/loudavymkrokem.cz\/wp-content\/uploads\/2026\/08\/articles-bonigen-22.jpg\" alt=\"Il villaggio di Iseltwald sulla penisola nel lago\" class=\"wp-image-404505\" title=\"\" srcset=\"https:\/\/loudavymkrokem.cz\/wp-content\/uploads\/2026\/08\/articles-bonigen-22.jpg 1800w, https:\/\/loudavymkrokem.cz\/wp-content\/uploads\/2026\/08\/articles-bonigen-22-300x225.jpg 300w, https:\/\/loudavymkrokem.cz\/wp-content\/uploads\/2026\/08\/articles-bonigen-22-700x525.jpg 700w, https:\/\/loudavymkrokem.cz\/wp-content\/uploads\/2026\/08\/articles-bonigen-22-768x576.jpg 768w, https:\/\/loudavymkrokem.cz\/wp-content\/uploads\/2026\/08\/articles-bonigen-22-1536x1152.jpg 1536w, https:\/\/loudavymkrokem.cz\/wp-content\/uploads\/2026\/08\/articles-bonigen-22-80x60.jpg 80w, https:\/\/loudavymkrokem.cz\/wp-content\/uploads\/2026\/08\/articles-bonigen-22-160x120.jpg 160w, https:\/\/loudavymkrokem.cz\/wp-content\/uploads\/2026\/08\/articles-bonigen-22-696x522.jpg 696w, https:\/\/loudavymkrokem.cz\/wp-content\/uploads\/2026\/08\/articles-bonigen-22-1392x1044.jpg 1392w\" sizes=\"(max-width: 1800px) 100vw, 1800px\" \/><button\n\t\t\tclass=\"lightbox-trigger\"\n\t\t\ttype=\"button\"\n\t\t\taria-haspopup=\"dialog\"\n\t\t\tdata-wp-bind--aria-label=\"state.thisImage.triggerButtonAriaLabel\"\n\t\t\tdata-wp-init=\"callbacks.initTriggerButton\"\n\t\t\tdata-wp-on--click=\"actions.showLightbox\"\n\t\t\tdata-wp-style--right=\"state.thisImage.buttonRight\"\n\t\t\tdata-wp-style--top=\"state.thisImage.buttonTop\"\n\t\t>\n\t\t\t<svg xmlns=\"http:\/\/www.w3.org\/2000\/svg\" width=\"12\" height=\"12\" fill=\"none\" viewBox=\"0 0 12 12\">\n\t\t\t\t<path fill=\"#fff\" d=\"M2 0a2 2 0 0 0-2 2v2h1.5V2a.5.5 0 0 1 .5-.5h2V0H2Zm2 10.5H2a.5.5 0 0 1-.5-.5V8H0v2a2 2 0 0 0 2 2h2v-1.5ZM8 12v-1.5h2a.5.5 0 0 0 .5-.5V8H12v2a2 2 0 0 1-2 2H8Zm2-12a2 2 0 0 1 2 2v2h-1.5V2a.5.5 0 0 0-.5-.5H8V0h2Z\" \/>\n\t\t\t<\/svg>\n\t\t<\/button><figcaption class=\"wp-element-caption\">Foto: PKurmannCH \/ Wikimedia Commons, CC BY-SA 4.0<\/figcaption><\/figure>\n\n\n\n<h3 class=\"wp-block-heading\"><span class=\"ez-toc-section\" id=\"22_Iseltwald_e_liconico_molo_della_serie_TV\"><\/span>22. Iseltwald e l&#8217;iconico molo della serie TV<span class=\"ez-toc-section-end\"><\/span><\/h3>\n\n\n\n<p class=\"wp-block-paragraph\">Il vicino villaggio di Iseltwald \u00e8 un pittoresco borgo situato su una piccola penisola, dove da B\u00f6nigen ti portano il battello o l&#8217;autobus 103. Il molo di legno del posto \u00e8 per\u00f2 diventato di recente una sensazione virale, perch\u00e9 qui si \u00e8 girata una scena chiave della <strong>famosa serie coreana Netflix Crash Landing on You<\/strong>.<\/p>\n\n\n\n<p class=\"wp-block-paragraph\">Da allora qui affluiscono schiere di turisti asiatici che vogliono farsi una foto nello stesso posto dei loro eroi televisivi. Il comune ha risolto la situazione con astuzia e davanti al molo <strong>ha installato un tornello che riscuote un &#8220;pedaggio per il selfie&#8221; di 5 CHF<\/strong>. Il ricavato va per la pulizia del villaggio e la raccolta dei rifiuti dopo il passaggio delle folle di turisti. Solo nel 2024 sono passate dal tornello quasi 50 mila persone e il comune ha incassato circa 245 mila franchi. I bagni pubblici a un franco hanno aggiunto altri 58 mila.<\/p>\n\n\n\n<p class=\"wp-block-paragraph\">Oltre al molo, qui vedrai anche il <strong>bel castelletto Seeburg del 1907<\/strong>, che funge da simbolo del villaggio (purtroppo \u00e8 di propriet\u00e0 privata e lo osservi solo dall&#8217;esterno). Nel lago, a poca distanza dalla riva, si trova poi lo Schn\u00e4ggeninseli, l&#8217;unica isola del Lago di Brienz, dove secondo la leggenda i monaci allevavano lumache.<\/p>\n\n\n\n<p class=\"wp-block-paragraph\">\ud83d\udca1 Consiglio: se vuoi <strong>evitare le folle al tornello<\/strong> e visitare il villaggio in tranquillit\u00e0, dai un&#8217;occhiata alle informazioni sul <a href=\"https:\/\/www.boenigen-iseltwald.ch\" target=\"_blank\" rel=\"nofollow noopener\">sito turistico<\/a> e pianifica la visita a Iseltwald <strong>di prima mattina<\/strong>.<\/p>\n\n\n\n<figure data-wp-context=\"{&quot;imageId&quot;:&quot;6a9517b3eee89&quot;}\" data-wp-interactive=\"core\/image\" data-wp-key=\"6a9517b3eee89\" class=\"wp-block-image size-full wp-lightbox-container\"><img decoding=\"async\" width=\"1800\" height=\"1221\" data-wp-class--hide=\"state.isContentHidden\" data-wp-class--show=\"state.isContentVisible\" data-wp-init=\"callbacks.setButtonStyles\" data-wp-on--click=\"actions.showLightbox\" data-wp-on--load=\"callbacks.setButtonStyles\" data-wp-on--pointerdown=\"actions.preloadImage\" data-wp-on--pointerenter=\"actions.preloadImageWithDelay\" data-wp-on--pointerleave=\"actions.cancelPreload\" data-wp-on-window--resize=\"callbacks.setButtonStyles\" src=\"https:\/\/loudavymkrokem.cz\/wp-content\/uploads\/2026\/08\/articles-bonigen-23.jpg\" alt=\"Il treno a cremagliera per la Schynige Platte\" class=\"wp-image-404508\" title=\"\" srcset=\"https:\/\/loudavymkrokem.cz\/wp-content\/uploads\/2026\/08\/articles-bonigen-23.jpg 1800w, https:\/\/loudavymkrokem.cz\/wp-content\/uploads\/2026\/08\/articles-bonigen-23-300x204.jpg 300w, https:\/\/loudavymkrokem.cz\/wp-content\/uploads\/2026\/08\/articles-bonigen-23-700x475.jpg 700w, https:\/\/loudavymkrokem.cz\/wp-content\/uploads\/2026\/08\/articles-bonigen-23-768x521.jpg 768w, https:\/\/loudavymkrokem.cz\/wp-content\/uploads\/2026\/08\/articles-bonigen-23-1536x1042.jpg 1536w, https:\/\/loudavymkrokem.cz\/wp-content\/uploads\/2026\/08\/articles-bonigen-23-696x472.jpg 696w, https:\/\/loudavymkrokem.cz\/wp-content\/uploads\/2026\/08\/articles-bonigen-23-1392x944.jpg 1392w\" sizes=\"(max-width: 1800px) 100vw, 1800px\" \/><button\n\t\t\tclass=\"lightbox-trigger\"\n\t\t\ttype=\"button\"\n\t\t\taria-haspopup=\"dialog\"\n\t\t\tdata-wp-bind--aria-label=\"state.thisImage.triggerButtonAriaLabel\"\n\t\t\tdata-wp-init=\"callbacks.initTriggerButton\"\n\t\t\tdata-wp-on--click=\"actions.showLightbox\"\n\t\t\tdata-wp-style--right=\"state.thisImage.buttonRight\"\n\t\t\tdata-wp-style--top=\"state.thisImage.buttonTop\"\n\t\t>\n\t\t\t<svg xmlns=\"http:\/\/www.w3.org\/2000\/svg\" width=\"12\" height=\"12\" fill=\"none\" viewBox=\"0 0 12 12\">\n\t\t\t\t<path fill=\"#fff\" d=\"M2 0a2 2 0 0 0-2 2v2h1.5V2a.5.5 0 0 1 .5-.5h2V0H2Zm2 10.5H2a.5.5 0 0 1-.5-.5V8H0v2a2 2 0 0 0 2 2h2v-1.5ZM8 12v-1.5h2a.5.5 0 0 0 .5-.5V8H12v2a2 2 0 0 1-2 2H8Zm2-12a2 2 0 0 1 2 2v2h-1.5V2a.5.5 0 0 0-.5-.5H8V0h2Z\" \/>\n\t\t\t<\/svg>\n\t\t<\/button><figcaption class=\"wp-element-caption\">Foto: JoachimKohler-HB \/ Wikimedia Commons, CC BY-SA 4.0<\/figcaption><\/figure>\n\n\n\n<h3 class=\"wp-block-heading\"><span class=\"ez-toc-section\" id=\"23_Schynige_Platte_treno_a_cremagliera_e_giardino_alpino\"><\/span>23. Schynige Platte: treno a cremagliera e giardino alpino<span class=\"ez-toc-section-end\"><\/span><\/h3>\n\n\n\n<p class=\"wp-block-paragraph\">Per questa gita basta spostarsi nella vicina Wilderswil, da cui parte la storica ferrovia a cremagliera per la <strong>Schynige Platte a 1.967 metri di quota<\/strong>. Il viaggio sui vecchi vagoni di legno dura quasi un&#8217;ora ed \u00e8 pura poesia. Il biglietto andata e ritorno costa nel 2026 <strong>68 CHF per un adulto<\/strong>, con la tariffa met\u00e0 prezzo o lo Swiss Travel Pass 34 CHF e <strong>con il Bernese Oberland Pass hai il viaggio gratis<\/strong>. Il treno a cremagliera circola dal 13 giugno al 25 ottobre.<\/p>\n\n\n\n<p class=\"wp-block-paragraph\">In cima ti accoglie un incantevole <strong>giardino botanico alpino<\/strong>, dove lungo un percorso ad anello ben curato crescono circa <strong>800 specie di piante d&#8217;alta montagna<\/strong>, comprese le rare stelle alpine. \u00c8 tutto splendidamente etichettato e suddiviso in base ai biotopi naturali.<\/p>\n\n\n\n<p class=\"wp-block-paragraph\">L&#8217;esperienza migliore \u00e8 per\u00f2 il <strong>Panoramaweg<\/strong> ad anello. \u00c8 una comoda escursione di circa 2,5 ore, che ti porta a due fantastici belvedere sulle rocce Daube e Oberberghorn. \u00c8 un percorso adatto a tutta la famiglia, che non richiede alcuna abilit\u00e0 alpinistica, ma offre viste da professionisti.<\/p>\n\n\n\n<p class=\"wp-block-paragraph\">\ud83d\udca1 Consiglio: nel 2026 in determinate date (di solito da met\u00e0 giugno a ottobre) valgono <strong>vari sconti speciali<\/strong>, quindi al momento dell&#8217;acquisto alla cassa non dimenticare di verificare se hai <strong>diritto a un biglietto pi\u00f9 economico<\/strong>.<\/p>\n\n\n\n<figure data-wp-context=\"{&quot;imageId&quot;:&quot;6a9517b3ef39e&quot;}\" data-wp-interactive=\"core\/image\" data-wp-key=\"6a9517b3ef39e\" class=\"wp-block-image size-full wp-lightbox-container\"><img decoding=\"async\" width=\"1800\" height=\"1350\" data-wp-class--hide=\"state.isContentHidden\" data-wp-class--show=\"state.isContentVisible\" data-wp-init=\"callbacks.setButtonStyles\" data-wp-on--click=\"actions.showLightbox\" data-wp-on--load=\"callbacks.setButtonStyles\" data-wp-on--pointerdown=\"actions.preloadImage\" data-wp-on--pointerenter=\"actions.preloadImageWithDelay\" data-wp-on--pointerleave=\"actions.cancelPreload\" data-wp-on-window--resize=\"callbacks.setButtonStyles\" src=\"https:\/\/loudavymkrokem.cz\/wp-content\/uploads\/2026\/08\/articles-bonigen-24.jpg\" alt=\"Interlaken con vista sulla Jungfrau\" class=\"wp-image-404509\" title=\"\" srcset=\"https:\/\/loudavymkrokem.cz\/wp-content\/uploads\/2026\/08\/articles-bonigen-24.jpg 1800w, https:\/\/loudavymkrokem.cz\/wp-content\/uploads\/2026\/08\/articles-bonigen-24-300x225.jpg 300w, https:\/\/loudavymkrokem.cz\/wp-content\/uploads\/2026\/08\/articles-bonigen-24-700x525.jpg 700w, https:\/\/loudavymkrokem.cz\/wp-content\/uploads\/2026\/08\/articles-bonigen-24-768x576.jpg 768w, https:\/\/loudavymkrokem.cz\/wp-content\/uploads\/2026\/08\/articles-bonigen-24-1536x1152.jpg 1536w, https:\/\/loudavymkrokem.cz\/wp-content\/uploads\/2026\/08\/articles-bonigen-24-80x60.jpg 80w, https:\/\/loudavymkrokem.cz\/wp-content\/uploads\/2026\/08\/articles-bonigen-24-160x120.jpg 160w, https:\/\/loudavymkrokem.cz\/wp-content\/uploads\/2026\/08\/articles-bonigen-24-696x522.jpg 696w, https:\/\/loudavymkrokem.cz\/wp-content\/uploads\/2026\/08\/articles-bonigen-24-1392x1044.jpg 1392w\" sizes=\"(max-width: 1800px) 100vw, 1800px\" \/><button\n\t\t\tclass=\"lightbox-trigger\"\n\t\t\ttype=\"button\"\n\t\t\taria-haspopup=\"dialog\"\n\t\t\tdata-wp-bind--aria-label=\"state.thisImage.triggerButtonAriaLabel\"\n\t\t\tdata-wp-init=\"callbacks.initTriggerButton\"\n\t\t\tdata-wp-on--click=\"actions.showLightbox\"\n\t\t\tdata-wp-style--right=\"state.thisImage.buttonRight\"\n\t\t\tdata-wp-style--top=\"state.thisImage.buttonTop\"\n\t\t>\n\t\t\t<svg xmlns=\"http:\/\/www.w3.org\/2000\/svg\" width=\"12\" height=\"12\" fill=\"none\" viewBox=\"0 0 12 12\">\n\t\t\t\t<path fill=\"#fff\" d=\"M2 0a2 2 0 0 0-2 2v2h1.5V2a.5.5 0 0 1 .5-.5h2V0H2Zm2 10.5H2a.5.5 0 0 1-.5-.5V8H0v2a2 2 0 0 0 2 2h2v-1.5ZM8 12v-1.5h2a.5.5 0 0 0 .5-.5V8H12v2a2 2 0 0 1-2 2H8Zm2-12a2 2 0 0 1 2 2v2h-1.5V2a.5.5 0 0 0-.5-.5H8V0h2Z\" \/>\n\t\t\t<\/svg>\n\t\t<\/button><figcaption class=\"wp-element-caption\">Foto: Paebi \/ Wikimedia Commons, CC BY-SA 4.0<\/figcaption><\/figure>\n\n\n\n<h3 class=\"wp-block-heading\"><span class=\"ez-toc-section\" id=\"24_Interlaken_la_vicina_base_turistica\"><\/span>24. Interlaken: la vicina base turistica<span class=\"ez-toc-section-end\"><\/span><\/h3>\n\n\n\n<p class=\"wp-block-paragraph\">Quando ti stanchi della tranquillit\u00e0 di B\u00f6nigen, basta salire sull&#8217;autobus 103 e in meno di 10 minuti sei nel centro di Interlaken. Questa citt\u00e0 \u00e8 l&#8217;esatto opposto. \u00c8 <strong>vivace, piena di negozi di souvenir, di boutique di lusso con orologi<\/strong> e sopra la testa volteggiano di continuo decine di parapendii che atterrano sul grande prato erboso H\u00f6hematte proprio in centro.<\/p>\n\n\n\n<p class=\"wp-block-paragraph\">Qui trovi i migliori supermercati per fare provviste, tanti ristoranti da tutto il mondo e un enorme casin\u00f2. Interlaken funge inoltre da <strong>principale nodo di trasporto<\/strong> per le gite pi\u00f9 grandi della regione, incluso l&#8217;<strong>estremamente costoso treno a cremagliera per lo Jungfraujoch<\/strong> (Top of Europe).<\/p>\n\n\n\n<p class=\"wp-block-paragraph\">\u00c8 bello girare la citt\u00e0, comprare cioccolato e assorbire quell&#8217;atmosfera internazionale, ma vedrai che la sera tornerai con enorme piacere <strong>al tranquillo villaggio<\/strong> sul lago. Interlaken \u00e8 un ottimo servitore, ma come base per alloggiare \u00e8, per i miei gusti, <strong>fin troppo caotica<\/strong>.<\/p>\n\n\n\n<p class=\"wp-block-paragraph\">\ud83d\udca1 Consiglio: tutte le <strong>informazioni sugli eventi attuali<\/strong>, i festival e le funivie della zona pi\u00f9 ampia le trovi elaborate al meglio sul portale di <a href=\"https:\/\/www.interlaken.swiss\" target=\"_blank\" rel=\"nofollow noopener\">Interlaken<\/a>, che ti conviene <strong>salvare tra i preferiti<\/strong>.<\/p>\n\n\n\n<figure data-wp-context=\"{&quot;imageId&quot;:&quot;6a9517b3ef8e9&quot;}\" data-wp-interactive=\"core\/image\" data-wp-key=\"6a9517b3ef8e9\" class=\"wp-block-image size-full wp-lightbox-container\"><img decoding=\"async\" width=\"1800\" height=\"1200\" data-wp-class--hide=\"state.isContentHidden\" data-wp-class--show=\"state.isContentVisible\" data-wp-init=\"callbacks.setButtonStyles\" data-wp-on--click=\"actions.showLightbox\" data-wp-on--load=\"callbacks.setButtonStyles\" data-wp-on--pointerdown=\"actions.preloadImage\" data-wp-on--pointerenter=\"actions.preloadImageWithDelay\" data-wp-on--pointerleave=\"actions.cancelPreload\" data-wp-on-window--resize=\"callbacks.setButtonStyles\" src=\"https:\/\/loudavymkrokem.cz\/wp-content\/uploads\/2026\/08\/articles-bonigen-25.jpg\" alt=\"Gita in famiglia al Lago di Brienz\" class=\"wp-image-404513\" title=\"\" srcset=\"https:\/\/loudavymkrokem.cz\/wp-content\/uploads\/2026\/08\/articles-bonigen-25.jpg 1800w, https:\/\/loudavymkrokem.cz\/wp-content\/uploads\/2026\/08\/articles-bonigen-25-300x200.jpg 300w, https:\/\/loudavymkrokem.cz\/wp-content\/uploads\/2026\/08\/articles-bonigen-25-700x467.jpg 700w, https:\/\/loudavymkrokem.cz\/wp-content\/uploads\/2026\/08\/articles-bonigen-25-768x512.jpg 768w, https:\/\/loudavymkrokem.cz\/wp-content\/uploads\/2026\/08\/articles-bonigen-25-1536x1024.jpg 1536w, https:\/\/loudavymkrokem.cz\/wp-content\/uploads\/2026\/08\/articles-bonigen-25-696x464.jpg 696w, https:\/\/loudavymkrokem.cz\/wp-content\/uploads\/2026\/08\/articles-bonigen-25-1392x928.jpg 1392w\" sizes=\"(max-width: 1800px) 100vw, 1800px\" \/><button\n\t\t\tclass=\"lightbox-trigger\"\n\t\t\ttype=\"button\"\n\t\t\taria-haspopup=\"dialog\"\n\t\t\tdata-wp-bind--aria-label=\"state.thisImage.triggerButtonAriaLabel\"\n\t\t\tdata-wp-init=\"callbacks.initTriggerButton\"\n\t\t\tdata-wp-on--click=\"actions.showLightbox\"\n\t\t\tdata-wp-style--right=\"state.thisImage.buttonRight\"\n\t\t\tdata-wp-style--top=\"state.thisImage.buttonTop\"\n\t\t>\n\t\t\t<svg xmlns=\"http:\/\/www.w3.org\/2000\/svg\" width=\"12\" height=\"12\" fill=\"none\" viewBox=\"0 0 12 12\">\n\t\t\t\t<path fill=\"#fff\" d=\"M2 0a2 2 0 0 0-2 2v2h1.5V2a.5.5 0 0 1 .5-.5h2V0H2Zm2 10.5H2a.5.5 0 0 1-.5-.5V8H0v2a2 2 0 0 0 2 2h2v-1.5ZM8 12v-1.5h2a.5.5 0 0 0 .5-.5V8H12v2a2 2 0 0 1-2 2H8Zm2-12a2 2 0 0 1 2 2v2h-1.5V2a.5.5 0 0 0-.5-.5H8V0h2Z\" \/>\n\t\t\t<\/svg>\n\t\t<\/button><figcaption class=\"wp-element-caption\">Foto: Nicojonesgodel \/ Wikimedia Commons, CC BY-SA 4.0<\/figcaption><\/figure>\n\n\n\n<h2 class=\"wp-block-heading\"><span class=\"ez-toc-section\" id=\"Bonigen_con_i_bambini_cosa_fare_in_famiglia\"><\/span>B\u00f6nigen con i bambini: cosa fare in famiglia<span class=\"ez-toc-section-end\"><\/span><\/h2>\n\n\n\n<p class=\"wp-block-paragraph\">L&#8217;Oberland Bernese sa essere piuttosto spietato per il portafoglio di una famiglia, ma B\u00f6nigen \u00e8 sorprendentemente accogliente da questo punto di vista e ha un enorme vantaggio. Molte attivit\u00e0 si possono fare proprio intorno all&#8217;acqua <strong>senza dover pagare le costose funivie<\/strong>, e il terreno qui \u00e8 abbastanza pianeggiante da <strong>essere alla portata anche dei bambini pi\u00f9 piccoli<\/strong> senza inutili lamentele.<\/p>\n\n\n\n<p class=\"wp-block-paragraph\">L&#8217;ente turistico locale sa inoltre benissimo che le famiglie costituiscono una parte importante dei visitatori, quindi qui trovi <strong>tante attrazioni intelligenti<\/strong> che tengono i bambini in movimento senza annoiarli. Ecco <strong>cinque consigli collaudati<\/strong> su cosa fare con i bambini:<\/p>\n\n\n\n<figure data-wp-context=\"{&quot;imageId&quot;:&quot;6a9517b3efd8c&quot;}\" data-wp-interactive=\"core\/image\" data-wp-key=\"6a9517b3efd8c\" class=\"wp-block-image size-full wp-lightbox-container\"><img decoding=\"async\" width=\"1800\" height=\"1321\" data-wp-class--hide=\"state.isContentHidden\" data-wp-class--show=\"state.isContentVisible\" data-wp-init=\"callbacks.setButtonStyles\" data-wp-on--click=\"actions.showLightbox\" data-wp-on--load=\"callbacks.setButtonStyles\" data-wp-on--pointerdown=\"actions.preloadImage\" data-wp-on--pointerenter=\"actions.preloadImageWithDelay\" data-wp-on--pointerleave=\"actions.cancelPreload\" data-wp-on-window--resize=\"callbacks.setButtonStyles\" src=\"https:\/\/loudavymkrokem.cz\/wp-content\/uploads\/2026\/08\/articles-bonigen-26.jpg\" alt=\"Stabilimento balneare sul lago con servizi per bambini\" class=\"wp-image-404514\" title=\"\" srcset=\"https:\/\/loudavymkrokem.cz\/wp-content\/uploads\/2026\/08\/articles-bonigen-26.jpg 1800w, https:\/\/loudavymkrokem.cz\/wp-content\/uploads\/2026\/08\/articles-bonigen-26-300x220.jpg 300w, https:\/\/loudavymkrokem.cz\/wp-content\/uploads\/2026\/08\/articles-bonigen-26-700x514.jpg 700w, https:\/\/loudavymkrokem.cz\/wp-content\/uploads\/2026\/08\/articles-bonigen-26-768x564.jpg 768w, https:\/\/loudavymkrokem.cz\/wp-content\/uploads\/2026\/08\/articles-bonigen-26-1536x1127.jpg 1536w, https:\/\/loudavymkrokem.cz\/wp-content\/uploads\/2026\/08\/articles-bonigen-26-80x60.jpg 80w, https:\/\/loudavymkrokem.cz\/wp-content\/uploads\/2026\/08\/articles-bonigen-26-696x511.jpg 696w, https:\/\/loudavymkrokem.cz\/wp-content\/uploads\/2026\/08\/articles-bonigen-26-1392x1022.jpg 1392w\" sizes=\"(max-width: 1800px) 100vw, 1800px\" \/><button\n\t\t\tclass=\"lightbox-trigger\"\n\t\t\ttype=\"button\"\n\t\t\taria-haspopup=\"dialog\"\n\t\t\tdata-wp-bind--aria-label=\"state.thisImage.triggerButtonAriaLabel\"\n\t\t\tdata-wp-init=\"callbacks.initTriggerButton\"\n\t\t\tdata-wp-on--click=\"actions.showLightbox\"\n\t\t\tdata-wp-style--right=\"state.thisImage.buttonRight\"\n\t\t\tdata-wp-style--top=\"state.thisImage.buttonTop\"\n\t\t>\n\t\t\t<svg xmlns=\"http:\/\/www.w3.org\/2000\/svg\" width=\"12\" height=\"12\" fill=\"none\" viewBox=\"0 0 12 12\">\n\t\t\t\t<path fill=\"#fff\" d=\"M2 0a2 2 0 0 0-2 2v2h1.5V2a.5.5 0 0 1 .5-.5h2V0H2Zm2 10.5H2a.5.5 0 0 1-.5-.5V8H0v2a2 2 0 0 0 2 2h2v-1.5ZM8 12v-1.5h2a.5.5 0 0 0 .5-.5V8H12v2a2 2 0 0 1-2 2H8Zm2-12a2 2 0 0 1 2 2v2h-1.5V2a.5.5 0 0 0-.5-.5H8V0h2Z\" \/>\n\t\t\t<\/svg>\n\t\t<\/button><figcaption class=\"wp-element-caption\">Foto: Patrick Nouhailler \/ Wikimedia Commons, CC BY-SA 3.0<\/figcaption><\/figure>\n\n\n\n<h3 class=\"wp-block-heading\"><span class=\"ez-toc-section\" id=\"La_spiaggia_The_Beach_e_lampio_parco_giochi\"><\/span>La spiaggia The Beach e l&#8217;ampio parco giochi<span class=\"ez-toc-section-end\"><\/span><\/h3>\n\n\n\n<p class=\"wp-block-paragraph\">Quando fuori fa caldo, questa \u00e8 una certezza assoluta. L&#8217;<strong>ingresso di 4 CHF a bambino<\/strong> (fino a 15 anni) \u00e8 una cifra ridicola per gli standard svizzeri. I bambini possono scatenarsi nella <strong>piscina riscaldata con una profondit\u00e0 ideale per giocare<\/strong>, o nella sicura vaschetta per bambini.<\/p>\n\n\n\n<p class=\"wp-block-paragraph\">Parte dell&#8217;area \u00e8 un <strong>grande parco giochi con attrazioni acquatiche<\/strong>, dove i pargoli si spruzzano acqua a vicenda senza problemi e costruiscono castelli di sabbia. Inoltre tutto lo spazio \u00e8 <strong>accessibile senza problemi con il passeggino<\/strong>, cos\u00ec arrivi facilmente anche con i pi\u00f9 piccoli gitanti.<\/p>\n\n\n\n<figure data-wp-context=\"{&quot;imageId&quot;:&quot;6a9517b3f02b1&quot;}\" data-wp-interactive=\"core\/image\" data-wp-key=\"6a9517b3f02b1\" class=\"wp-block-image size-full wp-lightbox-container\"><img decoding=\"async\" width=\"1800\" height=\"1199\" data-wp-class--hide=\"state.isContentHidden\" data-wp-class--show=\"state.isContentVisible\" data-wp-init=\"callbacks.setButtonStyles\" data-wp-on--click=\"actions.showLightbox\" data-wp-on--load=\"callbacks.setButtonStyles\" data-wp-on--pointerdown=\"actions.preloadImage\" data-wp-on--pointerenter=\"actions.preloadImageWithDelay\" data-wp-on--pointerleave=\"actions.cancelPreload\" data-wp-on-window--resize=\"callbacks.setButtonStyles\" src=\"https:\/\/loudavymkrokem.cz\/wp-content\/uploads\/2026\/08\/articles-bonigen-27.jpg\" alt=\"I vicoli del villaggio di Iseltwald\" class=\"wp-image-404516\" title=\"\" srcset=\"https:\/\/loudavymkrokem.cz\/wp-content\/uploads\/2026\/08\/articles-bonigen-27.jpg 1800w, https:\/\/loudavymkrokem.cz\/wp-content\/uploads\/2026\/08\/articles-bonigen-27-300x200.jpg 300w, https:\/\/loudavymkrokem.cz\/wp-content\/uploads\/2026\/08\/articles-bonigen-27-700x466.jpg 700w, https:\/\/loudavymkrokem.cz\/wp-content\/uploads\/2026\/08\/articles-bonigen-27-768x512.jpg 768w, https:\/\/loudavymkrokem.cz\/wp-content\/uploads\/2026\/08\/articles-bonigen-27-1536x1023.jpg 1536w, https:\/\/loudavymkrokem.cz\/wp-content\/uploads\/2026\/08\/articles-bonigen-27-696x464.jpg 696w, https:\/\/loudavymkrokem.cz\/wp-content\/uploads\/2026\/08\/articles-bonigen-27-1392x927.jpg 1392w\" sizes=\"(max-width: 1800px) 100vw, 1800px\" \/><button\n\t\t\tclass=\"lightbox-trigger\"\n\t\t\ttype=\"button\"\n\t\t\taria-haspopup=\"dialog\"\n\t\t\tdata-wp-bind--aria-label=\"state.thisImage.triggerButtonAriaLabel\"\n\t\t\tdata-wp-init=\"callbacks.initTriggerButton\"\n\t\t\tdata-wp-on--click=\"actions.showLightbox\"\n\t\t\tdata-wp-style--right=\"state.thisImage.buttonRight\"\n\t\t\tdata-wp-style--top=\"state.thisImage.buttonTop\"\n\t\t>\n\t\t\t<svg xmlns=\"http:\/\/www.w3.org\/2000\/svg\" width=\"12\" height=\"12\" fill=\"none\" viewBox=\"0 0 12 12\">\n\t\t\t\t<path fill=\"#fff\" d=\"M2 0a2 2 0 0 0-2 2v2h1.5V2a.5.5 0 0 1 .5-.5h2V0H2Zm2 10.5H2a.5.5 0 0 1-.5-.5V8H0v2a2 2 0 0 0 2 2h2v-1.5ZM8 12v-1.5h2a.5.5 0 0 0 .5-.5V8H12v2a2 2 0 0 1-2 2H8Zm2-12a2 2 0 0 1 2 2v2h-1.5V2a.5.5 0 0 0-.5-.5H8V0h2Z\" \/>\n\t\t\t<\/svg>\n\t\t<\/button><figcaption class=\"wp-element-caption\">Foto: Jean-Paul Wettstein \/ Pexels<\/figcaption><\/figure>\n\n\n\n<h3 class=\"wp-block-heading\"><span class=\"ez-toc-section\" id=\"Caccia_al_tesoro_e_gioco_investigativo_a_Iseltwald\"><\/span>Caccia al tesoro e gioco investigativo a Iseltwald<span class=\"ez-toc-section-end\"><\/span><\/h3>\n\n\n\n<p class=\"wp-block-paragraph\">Come convincere i bambini a camminare senza lamentele? Con un gioco! Proprio a B\u00f6nigen puoi partire con i bambini per la <strong>Schatzsuche B\u00f6nigen (caccia al tesoro per famiglie)<\/strong>, una forma giocosa di visita del villaggio con lo svolgimento di compiti. Le tappe sono pensate in modo intelligente per divertire tutte le generazioni.<\/p>\n\n\n\n<p class=\"wp-block-paragraph\">Nella vicina Iseltwald funziona invece il <strong>KrimiSpass Iseltwald<\/strong>, un gioco investigativo digitale per smartphone dove i bambini, durante la passeggiata nei dintorni, risolvono un caso misterioso. Dura giusto il tempo necessario per tenere alta la loro attenzione senza che a nessuno facciano male i piedini.<\/p>\n\n\n\n<figure data-wp-context=\"{&quot;imageId&quot;:&quot;6a9517b3f07d6&quot;}\" data-wp-interactive=\"core\/image\" data-wp-key=\"6a9517b3f07d6\" class=\"wp-block-image size-full wp-lightbox-container\"><img decoding=\"async\" width=\"1800\" height=\"1073\" data-wp-class--hide=\"state.isContentHidden\" data-wp-class--show=\"state.isContentVisible\" data-wp-init=\"callbacks.setButtonStyles\" data-wp-on--click=\"actions.showLightbox\" data-wp-on--load=\"callbacks.setButtonStyles\" data-wp-on--pointerdown=\"actions.preloadImage\" data-wp-on--pointerenter=\"actions.preloadImageWithDelay\" data-wp-on--pointerleave=\"actions.cancelPreload\" data-wp-on-window--resize=\"callbacks.setButtonStyles\" src=\"https:\/\/loudavymkrokem.cz\/wp-content\/uploads\/2026\/08\/articles-bonigen-28.jpg\" alt=\"Camping sul lago in montagna\" class=\"wp-image-404519\" title=\"\" srcset=\"https:\/\/loudavymkrokem.cz\/wp-content\/uploads\/2026\/08\/articles-bonigen-28.jpg 1800w, https:\/\/loudavymkrokem.cz\/wp-content\/uploads\/2026\/08\/articles-bonigen-28-300x179.jpg 300w, https:\/\/loudavymkrokem.cz\/wp-content\/uploads\/2026\/08\/articles-bonigen-28-700x417.jpg 700w, https:\/\/loudavymkrokem.cz\/wp-content\/uploads\/2026\/08\/articles-bonigen-28-768x458.jpg 768w, https:\/\/loudavymkrokem.cz\/wp-content\/uploads\/2026\/08\/articles-bonigen-28-1536x916.jpg 1536w, https:\/\/loudavymkrokem.cz\/wp-content\/uploads\/2026\/08\/articles-bonigen-28-696x415.jpg 696w, https:\/\/loudavymkrokem.cz\/wp-content\/uploads\/2026\/08\/articles-bonigen-28-1392x830.jpg 1392w\" sizes=\"(max-width: 1800px) 100vw, 1800px\" \/><button\n\t\t\tclass=\"lightbox-trigger\"\n\t\t\ttype=\"button\"\n\t\t\taria-haspopup=\"dialog\"\n\t\t\tdata-wp-bind--aria-label=\"state.thisImage.triggerButtonAriaLabel\"\n\t\t\tdata-wp-init=\"callbacks.initTriggerButton\"\n\t\t\tdata-wp-on--click=\"actions.showLightbox\"\n\t\t\tdata-wp-style--right=\"state.thisImage.buttonRight\"\n\t\t\tdata-wp-style--top=\"state.thisImage.buttonTop\"\n\t\t>\n\t\t\t<svg xmlns=\"http:\/\/www.w3.org\/2000\/svg\" width=\"12\" height=\"12\" fill=\"none\" viewBox=\"0 0 12 12\">\n\t\t\t\t<path fill=\"#fff\" d=\"M2 0a2 2 0 0 0-2 2v2h1.5V2a.5.5 0 0 1 .5-.5h2V0H2Zm2 10.5H2a.5.5 0 0 1-.5-.5V8H0v2a2 2 0 0 0 2 2h2v-1.5ZM8 12v-1.5h2a.5.5 0 0 0 .5-.5V8H12v2a2 2 0 0 1-2 2H8Zm2-12a2 2 0 0 1 2 2v2h-1.5V2a.5.5 0 0 0-.5-.5H8V0h2Z\" \/>\n\t\t\t<\/svg>\n\t\t<\/button><figcaption class=\"wp-element-caption\">Foto: Syed Qaarif Andrabi \/ Pexels<\/figcaption><\/figure>\n\n\n\n<h3 class=\"wp-block-heading\"><span class=\"ez-toc-section\" id=\"Camping_TCS_ottima_posizione_ma_con_una_grande_riserva\"><\/span>Camping TCS: ottima posizione, ma con una grande riserva<span class=\"ez-toc-section-end\"><\/span><\/h3>\n\n\n\n<p class=\"wp-block-paragraph\">Il <strong>TCS Camping B\u00f6nigen Brienzersee<\/strong> in Campingstrasse 14 si trova proprio sul lago e a duecento metri dalla spiaggia. La posizione \u00e8 davvero eccellente, e questo \u00e8 un merito che nessuno gli pu\u00f2 togliere. La stagione va <strong>dal 2 aprile al 18 ottobre<\/strong> e d&#8217;estate paghi circa 72-80 euro a notte.<\/p>\n\n\n\n<p class=\"wp-block-paragraph\">Fin dall&#8217;inizio devo per\u00f2 mettere in chiaro una cosa che copiano tanti siti italiani e stranieri: <strong>nel camping non c&#8217;\u00e8 n\u00e9 piscina con scivolo n\u00e9 maneggio<\/strong>. C&#8217;\u00e8 solo una vaschetta per bambini, un parco giochi e un recinto con conigli e galline. La piscina riscaldata e gli scivoli sono nel <strong>vicino stabilimento The Beach, dove gli ospiti del camping vanno gratis<\/strong> \u2014 solo che \u00e8 aperto solo da met\u00e0 maggio a met\u00e0 settembre, quindi in parte della stagione del camping \u00e8 chiuso.<\/p>\n\n\n\n<p class=\"wp-block-paragraph\">E ora la parte spiacevole. Eravamo qui <strong>con nostro figlio di due anni, che stava proprio imparando a usare il vasino<\/strong>, e gi\u00e0 il primo giorno gli \u00e8 capitato un incidente. Gli abbiamo tolto i pantaloni bagnati e lo abbiamo fatto sedere sull&#8217;erba, nel caso avesse bisogno di finire ci\u00f2 che aveva iniziato. In un attimo ci si \u00e8 parato davanti un dipendente del camping che ha definito la cosa &#8220;disgusting&#8221;, dicendo che sull&#8217;erba non si pu\u00f2 fare pip\u00ec quando ci sono i bagni a disposizione.<\/p>\n\n\n\n<p class=\"wp-block-paragraph\">Cinque minuti dopo \u00e8 arrivato un secondo dipendente dicendo che lo aveva segnalato il manager, e ci spiegava di nuovo che <strong>ogni bambino sa usare il bagno<\/strong> e che una cosa del genere qui non era mai successa. Ma un bimbo di due anni che sta imparando a usare il vasino ha semplicemente degli incidenti, e noi eravamo l\u00ec e lo stavamo gi\u00e0 gestendo. Non ci ha dato fastidio il richiamo alle regole, ma <strong>quel tono ostile e umiliante<\/strong>.<\/p>\n\n\n\n<p class=\"wp-block-paragraph\">Per il resto del soggiorno ci siamo sentiti non graditi. Al personale darei <strong>uno su cinque, alla posizione cinque su cinque<\/strong>. E non siamo gli unici: su TripAdvisor il camping tiene solo 3,9 su 5 e il punteggio per il servizio \u00e8 il pi\u00f9 basso di tutta la valutazione. Nell&#8217;aprile 2026 un&#8217;altra famiglia ha intitolato la recensione direttamente &#8220;Familien nicht willkommen&#8221; (famiglie non benvenute) dopo che il personale aveva reagito in modo sproporzionato alle briciole dei loro bambini di uno e quattro anni.<\/p>\n\n\n\n<p class=\"wp-block-paragraph\">\ud83d\udca1 Consiglio: se vuoi campeggiare a B\u00f6nigen e hai con te un bimbo piccolo, metti in conto come vanno le cose qui \u2014 <strong>alle famiglie con i pi\u00f9 piccoli, dopo la mia esperienza, questo camping non lo consiglio<\/strong>. Valuta piuttosto un appartamento con angolo cottura, che in Svizzera conviene comunque pi\u00f9 del cibo al ristorante. Chi ci va lo stesso, chieda il <strong>posto numero 22<\/strong> \u2014 \u00e8 l&#8217;unico dove la siepe lascia la vista sul lago.<\/p>\n\n\n\n<figure data-wp-context=\"{&quot;imageId&quot;:&quot;6a9517b3f0eb2&quot;}\" data-wp-interactive=\"core\/image\" data-wp-key=\"6a9517b3f0eb2\" class=\"wp-block-image size-full wp-lightbox-container\"><img decoding=\"async\" width=\"1800\" height=\"1275\" data-wp-class--hide=\"state.isContentHidden\" data-wp-class--show=\"state.isContentVisible\" data-wp-init=\"callbacks.setButtonStyles\" data-wp-on--click=\"actions.showLightbox\" data-wp-on--load=\"callbacks.setButtonStyles\" data-wp-on--pointerdown=\"actions.preloadImage\" data-wp-on--pointerenter=\"actions.preloadImageWithDelay\" data-wp-on--pointerleave=\"actions.cancelPreload\" data-wp-on-window--resize=\"callbacks.setButtonStyles\" src=\"https:\/\/loudavymkrokem.cz\/wp-content\/uploads\/2026\/08\/articles-bonigen-29.jpg\" alt=\"Il giardino alpino sulla Schynige Platte\" class=\"wp-image-404524\" title=\"\" srcset=\"https:\/\/loudavymkrokem.cz\/wp-content\/uploads\/2026\/08\/articles-bonigen-29.jpg 1800w, https:\/\/loudavymkrokem.cz\/wp-content\/uploads\/2026\/08\/articles-bonigen-29-300x213.jpg 300w, https:\/\/loudavymkrokem.cz\/wp-content\/uploads\/2026\/08\/articles-bonigen-29-700x496.jpg 700w, https:\/\/loudavymkrokem.cz\/wp-content\/uploads\/2026\/08\/articles-bonigen-29-768x544.jpg 768w, https:\/\/loudavymkrokem.cz\/wp-content\/uploads\/2026\/08\/articles-bonigen-29-1536x1088.jpg 1536w, https:\/\/loudavymkrokem.cz\/wp-content\/uploads\/2026\/08\/articles-bonigen-29-696x493.jpg 696w, https:\/\/loudavymkrokem.cz\/wp-content\/uploads\/2026\/08\/articles-bonigen-29-1392x986.jpg 1392w\" sizes=\"(max-width: 1800px) 100vw, 1800px\" \/><button\n\t\t\tclass=\"lightbox-trigger\"\n\t\t\ttype=\"button\"\n\t\t\taria-haspopup=\"dialog\"\n\t\t\tdata-wp-bind--aria-label=\"state.thisImage.triggerButtonAriaLabel\"\n\t\t\tdata-wp-init=\"callbacks.initTriggerButton\"\n\t\t\tdata-wp-on--click=\"actions.showLightbox\"\n\t\t\tdata-wp-style--right=\"state.thisImage.buttonRight\"\n\t\t\tdata-wp-style--top=\"state.thisImage.buttonTop\"\n\t\t>\n\t\t\t<svg xmlns=\"http:\/\/www.w3.org\/2000\/svg\" width=\"12\" height=\"12\" fill=\"none\" viewBox=\"0 0 12 12\">\n\t\t\t\t<path fill=\"#fff\" d=\"M2 0a2 2 0 0 0-2 2v2h1.5V2a.5.5 0 0 1 .5-.5h2V0H2Zm2 10.5H2a.5.5 0 0 1-.5-.5V8H0v2a2 2 0 0 0 2 2h2v-1.5ZM8 12v-1.5h2a.5.5 0 0 0 .5-.5V8H12v2a2 2 0 0 1-2 2H8Zm2-12a2 2 0 0 1 2 2v2h-1.5V2a.5.5 0 0 0-.5-.5H8V0h2Z\" \/>\n\t\t\t<\/svg>\n\t\t<\/button><figcaption class=\"wp-element-caption\">Foto: Murray Foubister \/ Wikimedia Commons, CC BY-SA 2.0<\/figcaption><\/figure>\n\n\n\n<h3 class=\"wp-block-heading\"><span class=\"ez-toc-section\" id=\"Lilys_Alpenspielplatz_e_il_Panoramaweg_sulla_Schynige_Platte\"><\/span>Lily&#8217;s Alpenspielplatz e il Panoramaweg sulla Schynige Platte<span class=\"ez-toc-section-end\"><\/span><\/h3>\n\n\n\n<p class=\"wp-block-paragraph\">Quando salirai con il treno a cremagliera sulla Schynige Platte, i bambini andranno matti per il parco giochi alpino Lily&#8217;s Alpenspielplatz. Ci troveranno un <strong>avventuroso percorso di equilibrio, un enorme scivolo e un&#8217;arrampicata a forma di nido d&#8217;aquila<\/strong> con vista sulle maestose montagne innevate.<\/p>\n\n\n\n<p class=\"wp-block-paragraph\">La successiva escursione lungo l&#8217;anello Panoramaweg <strong>porta via circa 2,5 ore<\/strong> e il terreno \u00e8 cos\u00ec accogliente che, con un piccolo aiuto, lo <strong>affrontano anche i bambini in et\u00e0 prescolare<\/strong>. Il cammino \u00e8 ampio, sicuro e pieno di panchine dove potersi fermare in qualsiasi momento per uno spuntino.<\/p>\n\n\n\n<figure data-wp-context=\"{&quot;imageId&quot;:&quot;6a9517b3f13f7&quot;}\" data-wp-interactive=\"core\/image\" data-wp-key=\"6a9517b3f13f7\" class=\"wp-block-image size-full wp-lightbox-container\"><img decoding=\"async\" width=\"1800\" height=\"1800\" data-wp-class--hide=\"state.isContentHidden\" data-wp-class--show=\"state.isContentVisible\" data-wp-init=\"callbacks.setButtonStyles\" data-wp-on--click=\"actions.showLightbox\" data-wp-on--load=\"callbacks.setButtonStyles\" data-wp-on--pointerdown=\"actions.preloadImage\" data-wp-on--pointerenter=\"actions.preloadImageWithDelay\" data-wp-on--pointerleave=\"actions.cancelPreload\" data-wp-on-window--resize=\"callbacks.setButtonStyles\" src=\"https:\/\/loudavymkrokem.cz\/wp-content\/uploads\/2026\/08\/articles-bonigen-30.jpg\" alt=\"Battello BLS sul Lago di Brienz\" class=\"wp-image-404528\" title=\"\" srcset=\"https:\/\/loudavymkrokem.cz\/wp-content\/uploads\/2026\/08\/articles-bonigen-30.jpg 1800w, https:\/\/loudavymkrokem.cz\/wp-content\/uploads\/2026\/08\/articles-bonigen-30-300x300.jpg 300w, https:\/\/loudavymkrokem.cz\/wp-content\/uploads\/2026\/08\/articles-bonigen-30-700x700.jpg 700w, https:\/\/loudavymkrokem.cz\/wp-content\/uploads\/2026\/08\/articles-bonigen-30-150x150.jpg 150w, https:\/\/loudavymkrokem.cz\/wp-content\/uploads\/2026\/08\/articles-bonigen-30-768x768.jpg 768w, https:\/\/loudavymkrokem.cz\/wp-content\/uploads\/2026\/08\/articles-bonigen-30-1536x1536.jpg 1536w, https:\/\/loudavymkrokem.cz\/wp-content\/uploads\/2026\/08\/articles-bonigen-30-696x696.jpg 696w, https:\/\/loudavymkrokem.cz\/wp-content\/uploads\/2026\/08\/articles-bonigen-30-1392x1392.jpg 1392w\" sizes=\"(max-width: 1800px) 100vw, 1800px\" \/><button\n\t\t\tclass=\"lightbox-trigger\"\n\t\t\ttype=\"button\"\n\t\t\taria-haspopup=\"dialog\"\n\t\t\tdata-wp-bind--aria-label=\"state.thisImage.triggerButtonAriaLabel\"\n\t\t\tdata-wp-init=\"callbacks.initTriggerButton\"\n\t\t\tdata-wp-on--click=\"actions.showLightbox\"\n\t\t\tdata-wp-style--right=\"state.thisImage.buttonRight\"\n\t\t\tdata-wp-style--top=\"state.thisImage.buttonTop\"\n\t\t>\n\t\t\t<svg xmlns=\"http:\/\/www.w3.org\/2000\/svg\" width=\"12\" height=\"12\" fill=\"none\" viewBox=\"0 0 12 12\">\n\t\t\t\t<path fill=\"#fff\" d=\"M2 0a2 2 0 0 0-2 2v2h1.5V2a.5.5 0 0 1 .5-.5h2V0H2Zm2 10.5H2a.5.5 0 0 1-.5-.5V8H0v2a2 2 0 0 0 2 2h2v-1.5ZM8 12v-1.5h2a.5.5 0 0 0 .5-.5V8H12v2a2 2 0 0 1-2 2H8Zm2-12a2 2 0 0 1 2 2v2h-1.5V2a.5.5 0 0 0-.5-.5H8V0h2Z\" \/>\n\t\t\t<\/svg>\n\t\t<\/button><figcaption class=\"wp-element-caption\">Foto: JoachimKohler-HB \/ Wikimedia Commons, CC BY-SA 4.0<\/figcaption><\/figure>\n\n\n\n<h3 class=\"wp-block-heading\"><span class=\"ez-toc-section\" id=\"Il_battello_e_la_passeggiata_senza_barriere_con_il_passeggino\"><\/span>Il battello e la passeggiata senza barriere con il passeggino<span class=\"ez-toc-section-end\"><\/span><\/h3>\n\n\n\n<p class=\"wp-block-paragraph\">Il viaggio stesso sullo storico battello a vapore \u00e8 un&#8217;enorme esperienza per i bambini (e ricorda che <strong>i bambini fino a 6 anni viaggiano sui battelli BLS completamente gratis<\/strong>, quelli pi\u00f9 grandi fino a 15 anni hanno la tariffa met\u00e0 prezzo). A bordo possono osservare l&#8217;enorme ruota a pale in movimento, cosa che li terr\u00e0 occupati per una buona mezz&#8217;ora.<\/p>\n\n\n\n<p class=\"wp-block-paragraph\">Con il passeggino puoi inoltre avventurarti lungo il <strong>Seepromenadeweg<\/strong>, una bella passeggiata ampia e completamente senza barriere lungo il lago e il fiume Aare in direzione di Interlaken. Da nessuna parte lungo il cammino incontri fastidiosi gradini e il fondo \u00e8 splendidamente liscio.<\/p>\n\n\n\n<figure data-wp-context=\"{&quot;imageId&quot;:&quot;6a9517b3f18c1&quot;}\" data-wp-interactive=\"core\/image\" data-wp-key=\"6a9517b3f18c1\" class=\"wp-block-image size-full wp-lightbox-container\"><img decoding=\"async\" width=\"1800\" height=\"1200\" data-wp-class--hide=\"state.isContentHidden\" data-wp-class--show=\"state.isContentVisible\" data-wp-init=\"callbacks.setButtonStyles\" data-wp-on--click=\"actions.showLightbox\" data-wp-on--load=\"callbacks.setButtonStyles\" data-wp-on--pointerdown=\"actions.preloadImage\" data-wp-on--pointerenter=\"actions.preloadImageWithDelay\" data-wp-on--pointerleave=\"actions.cancelPreload\" data-wp-on-window--resize=\"callbacks.setButtonStyles\" src=\"https:\/\/loudavymkrokem.cz\/wp-content\/uploads\/2026\/08\/articles-bonigen-31.jpg\" alt=\"Il villaggio di B\u00f6nigen e i suoi ristoranti\" class=\"wp-image-404530\" title=\"\" srcset=\"https:\/\/loudavymkrokem.cz\/wp-content\/uploads\/2026\/08\/articles-bonigen-31.jpg 1800w, https:\/\/loudavymkrokem.cz\/wp-content\/uploads\/2026\/08\/articles-bonigen-31-300x200.jpg 300w, https:\/\/loudavymkrokem.cz\/wp-content\/uploads\/2026\/08\/articles-bonigen-31-700x467.jpg 700w, https:\/\/loudavymkrokem.cz\/wp-content\/uploads\/2026\/08\/articles-bonigen-31-768x512.jpg 768w, https:\/\/loudavymkrokem.cz\/wp-content\/uploads\/2026\/08\/articles-bonigen-31-1536x1024.jpg 1536w, https:\/\/loudavymkrokem.cz\/wp-content\/uploads\/2026\/08\/articles-bonigen-31-696x464.jpg 696w, https:\/\/loudavymkrokem.cz\/wp-content\/uploads\/2026\/08\/articles-bonigen-31-1392x928.jpg 1392w\" sizes=\"(max-width: 1800px) 100vw, 1800px\" \/><button\n\t\t\tclass=\"lightbox-trigger\"\n\t\t\ttype=\"button\"\n\t\t\taria-haspopup=\"dialog\"\n\t\t\tdata-wp-bind--aria-label=\"state.thisImage.triggerButtonAriaLabel\"\n\t\t\tdata-wp-init=\"callbacks.initTriggerButton\"\n\t\t\tdata-wp-on--click=\"actions.showLightbox\"\n\t\t\tdata-wp-style--right=\"state.thisImage.buttonRight\"\n\t\t\tdata-wp-style--top=\"state.thisImage.buttonTop\"\n\t\t>\n\t\t\t<svg xmlns=\"http:\/\/www.w3.org\/2000\/svg\" width=\"12\" height=\"12\" fill=\"none\" viewBox=\"0 0 12 12\">\n\t\t\t\t<path fill=\"#fff\" d=\"M2 0a2 2 0 0 0-2 2v2h1.5V2a.5.5 0 0 1 .5-.5h2V0H2Zm2 10.5H2a.5.5 0 0 1-.5-.5V8H0v2a2 2 0 0 0 2 2h2v-1.5ZM8 12v-1.5h2a.5.5 0 0 0 .5-.5V8H12v2a2 2 0 0 1-2 2H8Zm2-12a2 2 0 0 1 2 2v2h-1.5V2a.5.5 0 0 0-.5-.5H8V0h2Z\" \/>\n\t\t\t<\/svg>\n\t\t<\/button><figcaption class=\"wp-element-caption\">Foto: Freek Wolsink \/ Pexels<\/figcaption><\/figure>\n\n\n\n<h2 class=\"wp-block-heading\"><span class=\"ez-toc-section\" id=\"Dove_mangiare_a_Bonigen\"><\/span>Dove mangiare a B\u00f6nigen<span class=\"ez-toc-section-end\"><\/span><\/h2>\n\n\n\n<p class=\"wp-block-paragraph\">La scena gastronomica direttamente nel villaggio \u00e8 piuttosto raccolta, in fondo non \u00e8 una grande citt\u00e0. La maggior parte delle persone va per l&#8217;ampia scelta di cucine in autobus fino alla vicina Interlaken, ma anche proprio sul lago trovi qualche locale molto piacevole dove riposarti dopo un&#8217;escursione. I ristoranti locali servono spesso <strong>pesce fresco del Lago di Brienz<\/strong>, una <strong>rinomata specialit\u00e0 locale<\/strong> per cui accorrono viaggiatori da tutta la zona.<\/p>\n\n\n\n<p class=\"wp-block-paragraph\">Se cerchi una certezza dopo una giornata impegnativa, ecco i locali con un&#8217;ottima valutazione:<\/p>\n\n\n\n<figure data-wp-context=\"{&quot;imageId&quot;:&quot;6a9517b3f1dd7&quot;}\" data-wp-interactive=\"core\/image\" data-wp-key=\"6a9517b3f1dd7\" class=\"wp-block-image size-full wp-lightbox-container\"><img decoding=\"async\" width=\"1800\" height=\"1200\" data-wp-class--hide=\"state.isContentHidden\" data-wp-class--show=\"state.isContentVisible\" data-wp-init=\"callbacks.setButtonStyles\" data-wp-on--click=\"actions.showLightbox\" data-wp-on--load=\"callbacks.setButtonStyles\" data-wp-on--pointerdown=\"actions.preloadImage\" data-wp-on--pointerenter=\"actions.preloadImageWithDelay\" data-wp-on--pointerleave=\"actions.cancelPreload\" data-wp-on-window--resize=\"callbacks.setButtonStyles\" src=\"https:\/\/loudavymkrokem.cz\/wp-content\/uploads\/2026\/08\/articles-bonigen-32.jpg\" alt=\"Pizza in un ristorante sul lago\" class=\"wp-image-404535\" title=\"\" srcset=\"https:\/\/loudavymkrokem.cz\/wp-content\/uploads\/2026\/08\/articles-bonigen-32.jpg 1800w, https:\/\/loudavymkrokem.cz\/wp-content\/uploads\/2026\/08\/articles-bonigen-32-300x200.jpg 300w, https:\/\/loudavymkrokem.cz\/wp-content\/uploads\/2026\/08\/articles-bonigen-32-700x467.jpg 700w, https:\/\/loudavymkrokem.cz\/wp-content\/uploads\/2026\/08\/articles-bonigen-32-768x512.jpg 768w, https:\/\/loudavymkrokem.cz\/wp-content\/uploads\/2026\/08\/articles-bonigen-32-1536x1024.jpg 1536w, https:\/\/loudavymkrokem.cz\/wp-content\/uploads\/2026\/08\/articles-bonigen-32-696x464.jpg 696w, https:\/\/loudavymkrokem.cz\/wp-content\/uploads\/2026\/08\/articles-bonigen-32-1392x928.jpg 1392w\" sizes=\"(max-width: 1800px) 100vw, 1800px\" \/><button\n\t\t\tclass=\"lightbox-trigger\"\n\t\t\ttype=\"button\"\n\t\t\taria-haspopup=\"dialog\"\n\t\t\tdata-wp-bind--aria-label=\"state.thisImage.triggerButtonAriaLabel\"\n\t\t\tdata-wp-init=\"callbacks.initTriggerButton\"\n\t\t\tdata-wp-on--click=\"actions.showLightbox\"\n\t\t\tdata-wp-style--right=\"state.thisImage.buttonRight\"\n\t\t\tdata-wp-style--top=\"state.thisImage.buttonTop\"\n\t\t>\n\t\t\t<svg xmlns=\"http:\/\/www.w3.org\/2000\/svg\" width=\"12\" height=\"12\" fill=\"none\" viewBox=\"0 0 12 12\">\n\t\t\t\t<path fill=\"#fff\" d=\"M2 0a2 2 0 0 0-2 2v2h1.5V2a.5.5 0 0 1 .5-.5h2V0H2Zm2 10.5H2a.5.5 0 0 1-.5-.5V8H0v2a2 2 0 0 0 2 2h2v-1.5ZM8 12v-1.5h2a.5.5 0 0 0 .5-.5V8H12v2a2 2 0 0 1-2 2H8Zm2-12a2 2 0 0 1 2 2v2h-1.5V2a.5.5 0 0 0-.5-.5H8V0h2Z\" \/>\n\t\t\t<\/svg>\n\t\t<\/button><figcaption class=\"wp-element-caption\">Foto: Cup of  Couple \/ Pexels<\/figcaption><\/figure>\n\n\n\n<h3 class=\"wp-block-heading\"><span class=\"ez-toc-section\" id=\"Pizzeria_La_Boheme\"><\/span>Pizzeria La Boh\u00e8me<span class=\"ez-toc-section-end\"><\/span><\/h3>\n\n\n\n<p class=\"wp-block-paragraph\">La trovi proprio nell&#8217;edificio dell&#8217;Hotel Seiler au Lac sul lungolago (Am Quai 3). Su Google tiene una valutazione molto solida di 4,4 ed \u00e8 una <strong>scelta assolutamente sicura e sostanziosa, se dopo una giornata impegnativa non vuoi sperimentare a lungo<\/strong> con il men\u00f9.<\/p>\n\n\n\n<p class=\"wp-block-paragraph\">Non perderti assolutamente la <strong>ottima pizza Margherita<\/strong> con formaggio extra o l&#8217;eccellente pasta. Si mangia <strong>splendidamente vicino all&#8217;acqua<\/strong>, l&#8217;atmosfera \u00e8 piacevolmente rilassata e il personale \u00e8 del tutto abituato anche ai turisti trafelati con pesanti scarponi.<\/p>\n\n\n\n<figure data-wp-context=\"{&quot;imageId&quot;:&quot;6a9517b3f2513&quot;}\" data-wp-interactive=\"core\/image\" data-wp-key=\"6a9517b3f2513\" class=\"wp-block-image size-full wp-lightbox-container\"><img decoding=\"async\" width=\"1800\" height=\"1200\" data-wp-class--hide=\"state.isContentHidden\" data-wp-class--show=\"state.isContentVisible\" data-wp-init=\"callbacks.setButtonStyles\" data-wp-on--click=\"actions.showLightbox\" data-wp-on--load=\"callbacks.setButtonStyles\" data-wp-on--pointerdown=\"actions.preloadImage\" data-wp-on--pointerenter=\"actions.preloadImageWithDelay\" data-wp-on--pointerleave=\"actions.cancelPreload\" data-wp-on-window--resize=\"callbacks.setButtonStyles\" src=\"https:\/\/loudavymkrokem.cz\/wp-content\/uploads\/2026\/08\/articles-bonigen-33.jpg\" alt=\"Gelato dopo l&#039;escursione sul lago\" class=\"wp-image-404537\" title=\"\" srcset=\"https:\/\/loudavymkrokem.cz\/wp-content\/uploads\/2026\/08\/articles-bonigen-33.jpg 1800w, https:\/\/loudavymkrokem.cz\/wp-content\/uploads\/2026\/08\/articles-bonigen-33-300x200.jpg 300w, https:\/\/loudavymkrokem.cz\/wp-content\/uploads\/2026\/08\/articles-bonigen-33-700x467.jpg 700w, https:\/\/loudavymkrokem.cz\/wp-content\/uploads\/2026\/08\/articles-bonigen-33-768x512.jpg 768w, https:\/\/loudavymkrokem.cz\/wp-content\/uploads\/2026\/08\/articles-bonigen-33-1536x1024.jpg 1536w, https:\/\/loudavymkrokem.cz\/wp-content\/uploads\/2026\/08\/articles-bonigen-33-696x464.jpg 696w, https:\/\/loudavymkrokem.cz\/wp-content\/uploads\/2026\/08\/articles-bonigen-33-1392x928.jpg 1392w\" sizes=\"(max-width: 1800px) 100vw, 1800px\" \/><button\n\t\t\tclass=\"lightbox-trigger\"\n\t\t\ttype=\"button\"\n\t\t\taria-haspopup=\"dialog\"\n\t\t\tdata-wp-bind--aria-label=\"state.thisImage.triggerButtonAriaLabel\"\n\t\t\tdata-wp-init=\"callbacks.initTriggerButton\"\n\t\t\tdata-wp-on--click=\"actions.showLightbox\"\n\t\t\tdata-wp-style--right=\"state.thisImage.buttonRight\"\n\t\t\tdata-wp-style--top=\"state.thisImage.buttonTop\"\n\t\t>\n\t\t\t<svg xmlns=\"http:\/\/www.w3.org\/2000\/svg\" width=\"12\" height=\"12\" fill=\"none\" viewBox=\"0 0 12 12\">\n\t\t\t\t<path fill=\"#fff\" d=\"M2 0a2 2 0 0 0-2 2v2h1.5V2a.5.5 0 0 1 .5-.5h2V0H2Zm2 10.5H2a.5.5 0 0 1-.5-.5V8H0v2a2 2 0 0 0 2 2h2v-1.5ZM8 12v-1.5h2a.5.5 0 0 0 .5-.5V8H12v2a2 2 0 0 1-2 2H8Zm2-12a2 2 0 0 1 2 2v2h-1.5V2a.5.5 0 0 0-.5-.5H8V0h2Z\" \/>\n\t\t\t<\/svg>\n\t\t<\/button><figcaption class=\"wp-element-caption\">Foto: Maria Orlova \/ Pexels<\/figcaption><\/figure>\n\n\n\n<h3 class=\"wp-block-heading\"><span class=\"ez-toc-section\" id=\"Sweet_Ride\"><\/span>Sweet Ride<span class=\"ez-toc-section-end\"><\/span><\/h3>\n\n\n\n<p class=\"wp-block-paragraph\">Questo \u00e8 il <strong>locale con la valutazione pi\u00f9 alta di tutto il paese<\/strong> (punteggio 4,9 su quasi duecento recensioni). Si tratta di un caff\u00e8 e gelateria pi\u00f9 piccolo, estremamente simpatico, vicino all&#8217;acqua, dove devi semplicemente passare per una dolce ricompensa pomeridiana ai chilometri percorsi.<\/p>\n\n\n\n<p class=\"wp-block-paragraph\">Prova il loro caff\u00e8 di qualit\u00e0 e soprattutto il <strong>fantastico gelato artigianale<\/strong>, amato da turisti locali e stranieri. \u00c8 esattamente il posto dove vuoi sederti in tranquillit\u00e0 dopo una gita di un&#8217;intera giornata al sole e semplicemente <strong>osservare lo specchio del lago<\/strong>.<\/p>\n\n\n\n<figure data-wp-context=\"{&quot;imageId&quot;:&quot;6a9517b3f2c07&quot;}\" data-wp-interactive=\"core\/image\" data-wp-key=\"6a9517b3f2c07\" class=\"wp-block-image size-full wp-lightbox-container\"><img decoding=\"async\" width=\"1800\" height=\"1185\" data-wp-class--hide=\"state.isContentHidden\" data-wp-class--show=\"state.isContentVisible\" data-wp-init=\"callbacks.setButtonStyles\" data-wp-on--click=\"actions.showLightbox\" data-wp-on--load=\"callbacks.setButtonStyles\" data-wp-on--pointerdown=\"actions.preloadImage\" data-wp-on--pointerenter=\"actions.preloadImageWithDelay\" data-wp-on--pointerleave=\"actions.cancelPreload\" data-wp-on-window--resize=\"callbacks.setButtonStyles\" src=\"https:\/\/loudavymkrokem.cz\/wp-content\/uploads\/2026\/08\/articles-bonigen-34.jpg\" alt=\"Accogliente ristorante svizzero\" class=\"wp-image-404541\" title=\"\" srcset=\"https:\/\/loudavymkrokem.cz\/wp-content\/uploads\/2026\/08\/articles-bonigen-34.jpg 1800w, https:\/\/loudavymkrokem.cz\/wp-content\/uploads\/2026\/08\/articles-bonigen-34-300x198.jpg 300w, https:\/\/loudavymkrokem.cz\/wp-content\/uploads\/2026\/08\/articles-bonigen-34-700x461.jpg 700w, https:\/\/loudavymkrokem.cz\/wp-content\/uploads\/2026\/08\/articles-bonigen-34-768x506.jpg 768w, https:\/\/loudavymkrokem.cz\/wp-content\/uploads\/2026\/08\/articles-bonigen-34-1536x1011.jpg 1536w, https:\/\/loudavymkrokem.cz\/wp-content\/uploads\/2026\/08\/articles-bonigen-34-696x458.jpg 696w, https:\/\/loudavymkrokem.cz\/wp-content\/uploads\/2026\/08\/articles-bonigen-34-1392x916.jpg 1392w\" sizes=\"(max-width: 1800px) 100vw, 1800px\" \/><button\n\t\t\tclass=\"lightbox-trigger\"\n\t\t\ttype=\"button\"\n\t\t\taria-haspopup=\"dialog\"\n\t\t\tdata-wp-bind--aria-label=\"state.thisImage.triggerButtonAriaLabel\"\n\t\t\tdata-wp-init=\"callbacks.initTriggerButton\"\n\t\t\tdata-wp-on--click=\"actions.showLightbox\"\n\t\t\tdata-wp-style--right=\"state.thisImage.buttonRight\"\n\t\t\tdata-wp-style--top=\"state.thisImage.buttonTop\"\n\t\t>\n\t\t\t<svg xmlns=\"http:\/\/www.w3.org\/2000\/svg\" width=\"12\" height=\"12\" fill=\"none\" viewBox=\"0 0 12 12\">\n\t\t\t\t<path fill=\"#fff\" d=\"M2 0a2 2 0 0 0-2 2v2h1.5V2a.5.5 0 0 1 .5-.5h2V0H2Zm2 10.5H2a.5.5 0 0 1-.5-.5V8H0v2a2 2 0 0 0 2 2h2v-1.5ZM8 12v-1.5h2a.5.5 0 0 0 .5-.5V8H12v2a2 2 0 0 1-2 2H8Zm2-12a2 2 0 0 1 2 2v2h-1.5V2a.5.5 0 0 0-.5-.5H8V0h2Z\" \/>\n\t\t\t<\/svg>\n\t\t<\/button><figcaption class=\"wp-element-caption\">Foto: Lucia Barreiros  Silva \/ Pexels<\/figcaption><\/figure>\n\n\n\n<h3 class=\"wp-block-heading\"><span class=\"ez-toc-section\" id=\"Restaurant_Baren_Bonigen\"><\/span>Restaurant B\u00e4ren B\u00f6nigen<span class=\"ez-toc-section-end\"><\/span><\/h3>\n\n\n\n<p class=\"wp-block-paragraph\">Il tradizionale locale svizzero sulla via principale Hauptstrasse ti conquister\u00e0 con la sua autentica atmosfera locale e la tipica architettura. Gli ospiti nelle recensioni menzionano spesso che ce li hanno mandati direttamente i loro albergatori come <strong>consiglio da esperti per un cibo garantito buono<\/strong>.<\/p>\n\n\n\n<p class=\"wp-block-paragraph\">Hanno un personale molto amichevole e cordiale, una <strong>fascia di prezzo media<\/strong> e nel men\u00f9 tanti <strong>onesti classici svizzeri<\/strong>, come le specialit\u00e0 di formaggio e le sostanziose zuppe fatte in casa. Scelta ideale per scaldarsi quando piove.<\/p>\n\n\n\n<h2 class=\"wp-block-heading\"><span class=\"ez-toc-section\" id=\"Dove_andare_da_Bonigen\"><\/span>Dove andare da B\u00f6nigen<span class=\"ez-toc-section-end\"><\/span><\/h2>\n\n\n\n<p class=\"wp-block-paragraph\">La Svizzera \u00e8 un enorme parco giochi e dall&#8217;Oberland Bernese sei <strong>vicino ad altre mete fantastiche<\/strong>. Se hai nell&#8217;itinerario ancora qualche giorno libero, dai sicuramente un&#8217;occhiata a queste <strong>mie altre guide<\/strong>:<\/p>\n\n\n\n<ul class=\"wp-block-list\">\n<li><a href=\"https:\/\/loudavymkrokem.cz\/it\/interlaken-svizzera-cosa-vedere\/\">Interlaken e Jungfraujoch<\/a>: guida dettagliata al vivace vicino e alla gita sul tetto d&#8217;Europa.<\/li>\n\n\n\n<li><a href=\"https:\/\/loudavymkrokem.cz\/it\/grindelwald-svizzera-cosa-vedere\/\">Grindelwald<\/a>: villaggio glaciale stretto sotto la parete nord dell&#8217;Eiger, dove arrivi in treno in un attimo.<\/li>\n\n\n\n<li><a href=\"https:\/\/loudavymkrokem.cz\/it\/lauterbrunnen-svizzera-cosa-vedere\/\">Lauterbrunnen<\/a>: la valle con 72 cascate, che a quanto pare ispir\u00f2 Tolkien nella scrittura del Signore degli Anelli.<\/li>\n\n\n\n<li><a href=\"https:\/\/loudavymkrokem.cz\/it\/cosa-vedere-svizzera\/\">Vacanza in Svizzera<\/a>: enorme articolo riassuntivo pieno di consigli pratici per viaggiare in tutto il paese.<\/li>\n<\/ul>\n\n\n\n<h2 class=\"wp-block-heading\"><span class=\"ez-toc-section\" id=\"Domande_frequenti\"><\/span>Domande frequenti<span class=\"ez-toc-section-end\"><\/span><\/h2>\n\n\n<div id=\"rank-math-faq\" class=\"rank-math-block\">\n<div class=\"rank-math-list \">\n<div id=\"faq-question-1787934924000\" class=\"rank-math-list-item\">\n<h3 class=\"rank-math-question \"><span class=\"ez-toc-section\" id=\"Vale_la_pena_soggiornare_a_Bonigen_invece_che_a_Interlaken\"><\/span>Vale la pena soggiornare a B\u00f6nigen invece che a Interlaken?<span class=\"ez-toc-section-end\"><\/span><\/h3>\n<div class=\"rank-math-answer \">\n\n<p>Assolutamente s\u00ec. <strong>B\u00f6nigen offre molta pi\u00f9 tranquillit\u00e0<\/strong>, un&#8217;atmosfera autentica di villaggio tradizionale e l&#8217;alloggio costa notevolmente meno rispetto al vivace centro di Interlaken. Grazie alla Guest Card puoi raggiungere la citt\u00e0 gratuitamente e il viaggio dura appena 9 minuti.<\/p>\n\n<\/div>\n<\/div>\n<div id=\"faq-question-1787934924001\" class=\"rank-math-list-item\">\n<h3 class=\"rank-math-question \"><span class=\"ez-toc-section\" id=\"Come_si_arriva_da_Interlaken\"><\/span>Come si arriva da Interlaken?<span class=\"ez-toc-section-end\"><\/span><\/h3>\n<div class=\"rank-math-answer \">\n\n<p>Il modo pi\u00f9 semplice \u00e8 prendere la <strong>linea di autobus 103<\/strong> direttamente davanti alla stazione Interlaken Ost. Passa ogni mezz&#8217;ora. Un&#8217;altra bellissima opzione \u00e8 arrivare con il battello storico sul lago (circa 10 minuti di navigazione), oppure fare una piacevole passeggiata di 40 minuti a piedi lungo la riva.<\/p>\n\n<\/div>\n<\/div>\n<div id=\"faq-question-1787934924002\" class=\"rank-math-list-item\">\n<h3 class=\"rank-math-question \"><span class=\"ez-toc-section\" id=\"Si_puo_fare_il_bagno_nel_lago_di_Brienz\"><\/span>Si pu\u00f2 fare il bagno nel lago di Brienz?<span class=\"ez-toc-section-end\"><\/span><\/h3>\n<div class=\"rank-math-answer \">\n\n<p>S\u00ec, ma \u00e8 piuttosto <strong>per chi non teme il freddo<\/strong>. Il lago \u00e8 di origine glaciale, quindi anche nel mese di agosto pi\u00f9 caldo l&#8217;acqua ha solitamente solo 18-22 \u00b0C. Se l&#8217;acqua fredda ti d\u00e0 fastidio, fortunatamente la spiaggia locale The Beach offre una bella piscina riscaldata.<\/p>\n\n<\/div>\n<\/div>\n<div id=\"faq-question-1787934924003\" class=\"rank-math-list-item\">\n<h3 class=\"rank-math-question \"><span class=\"ez-toc-section\" id=\"Quanti_giorni_bastano_per_visitarlo\"><\/span>Quanti giorni bastano per visitarlo?<span class=\"ez-toc-section-end\"><\/span><\/h3>\n<div class=\"rank-math-answer \">\n\n<p>Il villaggio stesso si visita in un pomeriggio, ma <strong>come base per le escursioni \u00e8 ideale per 3-5 giorni<\/strong>. Avrai tempo per salire all&#8217;Harder Kulm, percorrere il Sentiero delle Tre Cascate fino a Giessbach, noleggiare un kayak e prendere la cremagliera per Schynige Platte.<\/p>\n\n<\/div>\n<\/div>\n<div id=\"faq-question-1787934924004\" class=\"rank-math-list-item\">\n<h3 class=\"rank-math-question \"><span class=\"ez-toc-section\" id=\"Cosa_fare_quando_piove\"><\/span>Cosa fare quando piove?<span class=\"ez-toc-section-end\"><\/span><\/h3>\n<div class=\"rank-math-answer \">\n\n<p>Nei giorni di pioggia (che anche in estate sono circa 10 al mese) vale la pena rifugiarsi nel <strong>museo del villaggio &#8220;alte Pinte&#8221;<\/strong>, oppure prendere l&#8217;autobus per Interlaken, dove ci sono molte attrazioni al coperto, negozi, caffetterie e troverai anche un grande complesso di piscine o un casin\u00f2.<\/p>\n\n<\/div>\n<\/div>\n<div id=\"faq-question-1787934924005\" class=\"rank-math-list-item\">\n<h3 class=\"rank-math-question \"><span class=\"ez-toc-section\" id=\"E_adatto_ai_bambini\"><\/span>\u00c8 adatto ai bambini?<span class=\"ez-toc-section-end\"><\/span><\/h3>\n<div class=\"rank-math-answer \">\n\n<p>B\u00f6nigen \u00e8 <strong>assolutamente fantastico per le famiglie<\/strong>. Ci sono ottimi parchi giochi vicino alla spiaggia, campeggi familiari con piscina, sentieri pianeggianti e accessibili per i passeggini lungo il fiume e i bambini adorano la navigazione sul battello storico. La caccia al tesoro interattiva li intratterr\u00e0 per un intero pomeriggio.<\/p>\n\n<\/div>\n<\/div>\n<div id=\"faq-question-1787934924006\" class=\"rank-math-list-item\">\n<h3 class=\"rank-math-question \"><span class=\"ez-toc-section\" id=\"Quanto_costa_lescursione_allHarder_Kulm\"><\/span>Quanto costa l&#8217;escursione all&#8217;Harder Kulm?<span class=\"ez-toc-section-end\"><\/span><\/h3>\n<div class=\"rank-math-answer \">\n\n<p>Nella stagione 2026 il <strong>biglietto di andata e ritorno in funicolare per un adulto costa 44 CHF<\/strong>. Se hai bambini dai 6 ai 15 anni, pagano solo la met\u00e0 (sotto i 6 anni gratis). Con abbonamenti come lo Swiss Travel Pass o il Bernese Oberland Pass ottieni un&#8217;ottima riduzione del 50%.<\/p>\n\n<\/div>\n<\/div>\n<div id=\"faq-question-1787934924007\" class=\"rank-math-list-item\">\n<h3 class=\"rank-math-question \"><span class=\"ez-toc-section\" id=\"Il_molo_di_Iseltwald_e_a_pagamento\"><\/span>Il molo di Iseltwald \u00e8 a pagamento?<span class=\"ez-toc-section-end\"><\/span><\/h3>\n<div class=\"rank-math-answer \">\n\n<p>S\u00ec, a causa dell&#8217;enorme afflusso di turisti asiatici dopo il successo della serie Crash Landing on You, il comune ha installato davanti al molo un <strong>tornello<\/strong>. Per scattare il famoso &#8220;selfie&#8221; sul molo di legno si paga ora una tariffa di 5 CHF, destinata alla manutenzione del villaggio.<\/p>\n\n<\/div>\n<\/div>\n<\/div>\n<\/div>","protected":false},"excerpt":{"rendered":"<p>Scopri la perla nascosta sul Lago di Brienz, dove ti aspettano splendide case di legno, acqua turchese e fantastiche escursioni in montagna lontano dalle folle di turisti.<\/p>\n","protected":false},"author":3,"featured_media":404497,"comment_status":"open","ping_status":"open","sticky":false,"template":"","format":"standard","meta":{"_acf_changed":false,"footnotes":"","rank_math_title":"B\u00f6nigen sul Lago di Brienz: 24 cose da fare 2026","rank_math_description":"B\u00f6nigen sul Lago di Brienz: 24 idee su cosa fare, dove dormire, quali escursioni e gite scegliere. Scopri la perla tranquilla dell'Oberland Bernese e parti!","rank_math_focus_keyword":"B\u00f6nigen Lago di Brienz","rank_math_seo_score":""},"categories":[554,629,722],"tags":[],"class_list":["post-408938","post","type-post","status-publish","format-standard","has-post-thumbnail","category-europa","category-svizzera","category-viaggi"],"acf":[],"featured_image_src":"https:\/\/loudavymkrokem.cz\/wp-content\/uploads\/2026\/08\/articles-bonigen-18.jpg","author_info":{"display_name":"Lucie Kone\u010dn\u00e1","author_link":"https:\/\/loudavymkrokem.cz\/it\/author\/lucie-konecna\/"},"_links":{"self":[{"href":"https:\/\/loudavymkrokem.cz\/it\/wp-json\/wp\/v2\/posts\/408938","targetHints":{"allow":["GET"]}}],"collection":[{"href":"https:\/\/loudavymkrokem.cz\/it\/wp-json\/wp\/v2\/posts"}],"about":[{"href":"https:\/\/loudavymkrokem.cz\/it\/wp-json\/wp\/v2\/types\/post"}],"author":[{"embeddable":true,"href":"https:\/\/loudavymkrokem.cz\/it\/wp-json\/wp\/v2\/users\/3"}],"replies":[{"embeddable":true,"href":"https:\/\/loudavymkrokem.cz\/it\/wp-json\/wp\/v2\/comments?post=408938"}],"version-history":[{"count":3,"href":"https:\/\/loudavymkrokem.cz\/it\/wp-json\/wp\/v2\/posts\/408938\/revisions"}],"predecessor-version":[{"id":408941,"href":"https:\/\/loudavymkrokem.cz\/it\/wp-json\/wp\/v2\/posts\/408938\/revisions\/408941"}],"wp:featuredmedia":[{"embeddable":true,"href":"https:\/\/loudavymkrokem.cz\/it\/wp-json\/wp\/v2\/media\/404497"}],"wp:attachment":[{"href":"https:\/\/loudavymkrokem.cz\/it\/wp-json\/wp\/v2\/media?parent=408938"}],"wp:term":[{"taxonomy":"category","embeddable":true,"href":"https:\/\/loudavymkrokem.cz\/it\/wp-json\/wp\/v2\/categories?post=408938"},{"taxonomy":"post_tag","embeddable":true,"href":"https:\/\/loudavymkrokem.cz\/it\/wp-json\/wp\/v2\/tags?post=408938"}],"curies":[{"name":"wp","href":"https:\/\/api.w.org\/{rel}","templated":true}]}}