{"id":408935,"date":"2026-08-29T02:00:00","date_gmt":"2026-08-29T00:00:00","guid":{"rendered":"https:\/\/loudavymkrokem.cz\/come-arrivare-barcellona-spagna\/"},"modified":"2026-08-31T06:32:33","modified_gmt":"2026-08-31T04:32:33","slug":"come-arrivare-barcellona-spagna","status":"publish","type":"post","link":"https:\/\/loudavymkrokem.cz\/it\/come-arrivare-barcellona-spagna\/","title":{"rendered":"Come arrivare a Barcellona in Spagna: voli, prezzi e treno 2026"},"content":{"rendered":"\n<p class=\"wp-block-paragraph\">Quando io e Luk\u00e1\u0161 siamo partiti all&#8217;inizio di marzo per <strong>Barcellona, in Spagna<\/strong>, avevamo un piano chiaro: girare le attrazioni principali della citt\u00e0 comodamente a piedi. Abbiamo alloggiato nel fantastico <strong>Hotel Gaud\u00ed, a due passi dal celebre Palau G\u00fcell<\/strong>, e si \u00e8 rivelata una scelta assolutamente strategica per esplorare il centro a piedi. In origine volevamo salire anche sulla famosa collina del Tibidabo, ma a causa del maltempo e delle recensioni terrificanti sulle continue effrazioni alle auto, alla fine abbiamo rinunciato senza rimpianti. Che tu voglia perderti nei misteriosi vicoli del quartiere gotico o semplicemente prendere il sole in spiaggia, la primissima cosa da risolvere \u00e8 proprio il <strong>viaggio dal cuore d&#8217;Europa fino alla costa catalana<\/strong>. Il modo in cui ti sposti decider\u00e0 infatti in modo determinante con quale umore e con quale budget partir\u00e0 la tua vacanza.<\/p>\n\n\n\n<figure data-wp-context=\"{&quot;imageId&quot;:&quot;6a951baddb844&quot;}\" data-wp-interactive=\"core\/image\" data-wp-key=\"6a951baddb844\" class=\"wp-block-image size-full wp-lightbox-container\"><img decoding=\"async\" width=\"1920\" height=\"1440\" data-wp-class--hide=\"state.isContentHidden\" data-wp-class--show=\"state.isContentVisible\" data-wp-init=\"callbacks.setButtonStyles\" data-wp-on--click=\"actions.showLightbox\" data-wp-on--load=\"callbacks.setButtonStyles\" data-wp-on--pointerdown=\"actions.preloadImage\" data-wp-on--pointerenter=\"actions.preloadImageWithDelay\" data-wp-on--pointerleave=\"actions.cancelPreload\" data-wp-on-window--resize=\"callbacks.setButtonStyles\" src=\"https:\/\/loudavymkrokem.cz\/wp-content\/uploads\/2026\/08\/barcelona-tri-ruzne-systemy-metra-te-zmatou.jpg\" alt=\"Autobus interurbano Sagal\u00e9s alla fermata\" class=\"wp-image-376460\" title=\"\" srcset=\"https:\/\/loudavymkrokem.cz\/wp-content\/uploads\/2026\/08\/barcelona-tri-ruzne-systemy-metra-te-zmatou.jpg 1920w, https:\/\/loudavymkrokem.cz\/wp-content\/uploads\/2026\/08\/barcelona-tri-ruzne-systemy-metra-te-zmatou-300x225.jpg 300w, https:\/\/loudavymkrokem.cz\/wp-content\/uploads\/2026\/08\/barcelona-tri-ruzne-systemy-metra-te-zmatou-700x525.jpg 700w, https:\/\/loudavymkrokem.cz\/wp-content\/uploads\/2026\/08\/barcelona-tri-ruzne-systemy-metra-te-zmatou-768x576.jpg 768w, https:\/\/loudavymkrokem.cz\/wp-content\/uploads\/2026\/08\/barcelona-tri-ruzne-systemy-metra-te-zmatou-1536x1152.jpg 1536w, https:\/\/loudavymkrokem.cz\/wp-content\/uploads\/2026\/08\/barcelona-tri-ruzne-systemy-metra-te-zmatou-80x60.jpg 80w, https:\/\/loudavymkrokem.cz\/wp-content\/uploads\/2026\/08\/barcelona-tri-ruzne-systemy-metra-te-zmatou-160x120.jpg 160w, https:\/\/loudavymkrokem.cz\/wp-content\/uploads\/2026\/08\/barcelona-tri-ruzne-systemy-metra-te-zmatou-696x522.jpg 696w, https:\/\/loudavymkrokem.cz\/wp-content\/uploads\/2026\/08\/barcelona-tri-ruzne-systemy-metra-te-zmatou-1392x1044.jpg 1392w\" sizes=\"(max-width: 1920px) 100vw, 1920px\" \/><button\n\t\t\tclass=\"lightbox-trigger\"\n\t\t\ttype=\"button\"\n\t\t\taria-haspopup=\"dialog\"\n\t\t\tdata-wp-bind--aria-label=\"state.thisImage.triggerButtonAriaLabel\"\n\t\t\tdata-wp-init=\"callbacks.initTriggerButton\"\n\t\t\tdata-wp-on--click=\"actions.showLightbox\"\n\t\t\tdata-wp-style--right=\"state.thisImage.buttonRight\"\n\t\t\tdata-wp-style--top=\"state.thisImage.buttonTop\"\n\t\t>\n\t\t\t<svg xmlns=\"http:\/\/www.w3.org\/2000\/svg\" width=\"12\" height=\"12\" fill=\"none\" viewBox=\"0 0 12 12\">\n\t\t\t\t<path fill=\"#fff\" d=\"M2 0a2 2 0 0 0-2 2v2h1.5V2a.5.5 0 0 1 .5-.5h2V0H2Zm2 10.5H2a.5.5 0 0 1-.5-.5V8H0v2a2 2 0 0 0 2 2h2v-1.5ZM8 12v-1.5h2a.5.5 0 0 0 .5-.5V8H12v2a2 2 0 0 1-2 2H8Zm2-12a2 2 0 0 1 2 2v2h-1.5V2a.5.5 0 0 0-.5-.5H8V0h2Z\" \/>\n\t\t\t<\/svg>\n\t\t<\/button><\/figure>\n\n\n\n<div id=\"ez-toc-container\" class=\"ez-toc-v2_0_86 ez-toc-wrap-left counter-hierarchy ez-toc-counter ez-toc-grey ez-toc-container-direction\">\n<div class=\"ez-toc-title-container\">\n<p class=\"ez-toc-title\" style=\"cursor:inherit\">Contenuto dell&#039;articolo<\/p>\n<span class=\"ez-toc-title-toggle\"><a href=\"#\" class=\"ez-toc-pull-right ez-toc-btn ez-toc-btn-xs ez-toc-btn-default ez-toc-toggle\" aria-label=\"Toggle Table of Content\"><span class=\"ez-toc-js-icon-con\"><span class=\"\"><span class=\"eztoc-hide\" style=\"display:none;\">Toggle<\/span><span class=\"ez-toc-icon-toggle-span\"><svg style=\"fill: #999;color:#999\" xmlns=\"http:\/\/www.w3.org\/2000\/svg\" class=\"list-377408\" width=\"20px\" height=\"20px\" viewBox=\"0 0 24 24\" fill=\"none\"><path d=\"M6 6H4v2h2V6zm14 0H8v2h12V6zM4 11h2v2H4v-2zm16 0H8v2h12v-2zM4 16h2v2H4v-2zm16 0H8v2h12v-2z\" fill=\"currentColor\"><\/path><\/svg><svg style=\"fill: #999;color:#999\" class=\"arrow-unsorted-368013\" xmlns=\"http:\/\/www.w3.org\/2000\/svg\" width=\"10px\" height=\"10px\" viewBox=\"0 0 24 24\" version=\"1.2\" baseProfile=\"tiny\"><path d=\"M18.2 9.3l-6.2-6.3-6.2 6.3c-.2.2-.3.4-.3.7s.1.5.3.7c.2.2.4.3.7.3h11c.3 0 .5-.1.7-.3.2-.2.3-.5.3-.7s-.1-.5-.3-.7zM5.8 14.7l6.2 6.3 6.2-6.3c.2-.2.3-.5.3-.7s-.1-.5-.3-.7c-.2-.2-.4-.3-.7-.3h-11c-.3 0-.5.1-.7.3-.2.2-.3.5-.3.7s.1.5.3.7z\"\/><\/svg><\/span><\/span><\/span><\/a><\/span><\/div>\n<nav><ul class='ez-toc-list ez-toc-list-level-1 ' ><ul class='ez-toc-list-level-3' ><li class='ez-toc-heading-level-3'><a class=\"ez-toc-link ez-toc-heading-1\" href=\"https:\/\/loudavymkrokem.cz\/it\/come-arrivare-barcellona-spagna\/#Riassunto_per_chi_non_ha_tempo_di_leggere_tutto_larticolo\" >Riassunto per chi non ha tempo di leggere tutto l&#8217;articolo<\/a><\/li><\/ul><\/li><li class='ez-toc-page-1 ez-toc-heading-level-2'><a class=\"ez-toc-link ez-toc-heading-2\" href=\"https:\/\/loudavymkrokem.cz\/it\/come-arrivare-barcellona-spagna\/#Dove_alloggiare_a_Barcellona_e_quanto_costa_la_tassa_di_soggiorno\" >Dove alloggiare a Barcellona e quanto costa la tassa di soggiorno<\/a><\/li><li class='ez-toc-page-1 ez-toc-heading-level-2'><a class=\"ez-toc-link ez-toc-heading-3\" href=\"https:\/\/loudavymkrokem.cz\/it\/come-arrivare-barcellona-spagna\/#11_cose_da_sapere_sul_viaggio_a_Barcellona_in_Spagna\" >11 cose da sapere sul viaggio a Barcellona, in Spagna<\/a><ul class='ez-toc-list-level-3' ><li class='ez-toc-heading-level-3'><a class=\"ez-toc-link ez-toc-heading-4\" href=\"https:\/\/loudavymkrokem.cz\/it\/come-arrivare-barcellona-spagna\/#1_Voli_diretti_dallItalia_a_Barcellona_e_chi_li_opera\" >1. Voli diretti dall&#8217;Italia a Barcellona e chi li opera<\/a><\/li><li class='ez-toc-page-1 ez-toc-heading-level-3'><a class=\"ez-toc-link ez-toc-heading-5\" href=\"https:\/\/loudavymkrokem.cz\/it\/come-arrivare-barcellona-spagna\/#2_Prezzi_orientativi_dei_voli_e_quando_comprarli\" >2. Prezzi orientativi dei voli e quando comprarli<\/a><\/li><li class='ez-toc-page-1 ez-toc-heading-level-3'><a class=\"ez-toc-link ez-toc-heading-6\" href=\"https:\/\/loudavymkrokem.cz\/it\/come-arrivare-barcellona-spagna\/#3_Ryanair_e_le_trappole_low_cost_dei_bagagli\" >3. Ryanair e le trappole low cost dei bagagli<\/a><\/li><li class='ez-toc-page-1 ez-toc-heading-level-3'><a class=\"ez-toc-link ez-toc-heading-7\" href=\"https:\/\/loudavymkrokem.cz\/it\/come-arrivare-barcellona-spagna\/#4_Vueling_e_i_suoi_chili_a_scaglioni\" >4. Vueling e i suoi chili a scaglioni<\/a><\/li><li class='ez-toc-page-1 ez-toc-heading-level-3'><a class=\"ez-toc-link ez-toc-heading-8\" href=\"https:\/\/loudavymkrokem.cz\/it\/come-arrivare-barcellona-spagna\/#5_Attenzione_ai_tagli_estivi_degli_orari\" >5. Attenzione ai tagli estivi degli orari<\/a><\/li><li class='ez-toc-page-1 ez-toc-heading-level-3'><a class=\"ez-toc-link ez-toc-heading-9\" href=\"https:\/\/loudavymkrokem.cz\/it\/come-arrivare-barcellona-spagna\/#6_I_falsi_aeroporti_di_Girona_e_Reus\" >6. I falsi aeroporti di Girona e Reus<\/a><\/li><li class='ez-toc-page-1 ez-toc-heading-level-3'><a class=\"ez-toc-link ez-toc-heading-10\" href=\"https:\/\/loudavymkrokem.cz\/it\/come-arrivare-barcellona-spagna\/#7_In_treno_dallItalia_per_chi_aspetta_un_bambino_e_chi_non_vola\" >7. In treno dall&#8217;Italia: per chi aspetta un bambino e chi non vola<\/a><\/li><li class='ez-toc-page-1 ez-toc-heading-level-3'><a class=\"ez-toc-link ez-toc-heading-11\" href=\"https:\/\/loudavymkrokem.cz\/it\/come-arrivare-barcellona-spagna\/#8_Percorso_alternativo_in_treno_via_Parigi\" >8. Percorso alternativo in treno via Parigi<\/a><\/li><li class='ez-toc-page-1 ez-toc-heading-level-3'><a class=\"ez-toc-link ez-toc-heading-12\" href=\"https:\/\/loudavymkrokem.cz\/it\/come-arrivare-barcellona-spagna\/#9_In_auto_a_Barcellona_Preparati_alla_zona_ZBE\" >9. In auto a Barcellona? Preparati alla zona ZBE<\/a><\/li><li class='ez-toc-page-1 ez-toc-heading-level-3'><a class=\"ez-toc-link ez-toc-heading-13\" href=\"https:\/\/loudavymkrokem.cz\/it\/come-arrivare-barcellona-spagna\/#10_Come_arrivare_dallaeroporto_El_Prat_al_centro\" >10. Come arrivare dall&#8217;aeroporto El Prat al centro<\/a><\/li><li class='ez-toc-page-1 ez-toc-heading-level-3'><a class=\"ez-toc-link ez-toc-heading-14\" href=\"https:\/\/loudavymkrokem.cz\/it\/come-arrivare-barcellona-spagna\/#11_Viaggio_organizzato_vs_viaggio_fai_da_te\" >11. Viaggio organizzato vs. viaggio fai da te<\/a><\/li><\/ul><\/li><li class='ez-toc-page-1 ez-toc-heading-level-2'><a class=\"ez-toc-link ez-toc-heading-15\" href=\"https:\/\/loudavymkrokem.cz\/it\/come-arrivare-barcellona-spagna\/#Riepilogo_pratico_e_prezzi_orientativi\" >Riepilogo pratico e prezzi orientativi<\/a><\/li><li class='ez-toc-page-1 ez-toc-heading-level-2'><a class=\"ez-toc-link ez-toc-heading-16\" href=\"https:\/\/loudavymkrokem.cz\/it\/come-arrivare-barcellona-spagna\/#Dove_continuare\" >Dove continuare<\/a><\/li><li class='ez-toc-page-1 ez-toc-heading-level-2'><a class=\"ez-toc-link ez-toc-heading-17\" href=\"https:\/\/loudavymkrokem.cz\/it\/come-arrivare-barcellona-spagna\/#Domande_frequenti\" >Domande frequenti<\/a><ul class='ez-toc-list-level-3' ><li class='ez-toc-heading-level-3'><a class=\"ez-toc-link ez-toc-heading-18\" href=\"https:\/\/loudavymkrokem.cz\/it\/come-arrivare-barcellona-spagna\/#Quanto_dura_il_volo_per_Barcellona_dallItalia\" >Quanto dura il volo per Barcellona dall&#8217;Italia?<\/a><\/li><li class='ez-toc-page-1 ez-toc-heading-level-3'><a class=\"ez-toc-link ez-toc-heading-19\" href=\"https:\/\/loudavymkrokem.cz\/it\/come-arrivare-barcellona-spagna\/#Quanto_costa_orientativamente_un_biglietto_aereo\" >Quanto costa orientativamente un biglietto aereo?<\/a><\/li><li class='ez-toc-page-1 ez-toc-heading-level-3'><a class=\"ez-toc-link ez-toc-heading-20\" href=\"https:\/\/loudavymkrokem.cz\/it\/come-arrivare-barcellona-spagna\/#Vale_il_biglietto_normale_della_metro_dallaeroporto\" >Vale il biglietto normale della metro dall&#8217;aeroporto?<\/a><\/li><li class='ez-toc-page-1 ez-toc-heading-level-3'><a class=\"ez-toc-link ez-toc-heading-21\" href=\"https:\/\/loudavymkrokem.cz\/it\/come-arrivare-barcellona-spagna\/#Posso_andare_in_auto_nel_centro_di_Barcellona\" >Posso andare in auto nel centro di Barcellona?<\/a><\/li><li class='ez-toc-page-1 ez-toc-heading-level-3'><a class=\"ez-toc-link ez-toc-heading-22\" href=\"https:\/\/loudavymkrokem.cz\/it\/come-arrivare-barcellona-spagna\/#Si_puo_raggiungere_Barcellona_comodamente_in_treno\" >Si pu\u00f2 raggiungere Barcellona comodamente in treno?<\/a><\/li><li class='ez-toc-page-1 ez-toc-heading-level-3'><a class=\"ez-toc-link ez-toc-heading-23\" href=\"https:\/\/loudavymkrokem.cz\/it\/come-arrivare-barcellona-spagna\/#A_cosa_fare_attenzione_con_le_compagnie_low-cost_come_Ryanair\" >A cosa fare attenzione con le compagnie low-cost come Ryanair?<\/a><\/li><li class='ez-toc-page-1 ez-toc-heading-level-3'><a class=\"ez-toc-link ez-toc-heading-24\" href=\"https:\/\/loudavymkrokem.cz\/it\/come-arrivare-barcellona-spagna\/#Conviene_volare_sugli_aeroporti_piu_lontani_di_Girona_o_Reus\" >Conviene volare sugli aeroporti pi\u00f9 lontani di Girona o Reus?<\/a><\/li><\/ul><\/li><\/ul><\/nav><\/div>\n<h3 class=\"wp-block-heading\"><span class=\"ez-toc-section\" id=\"Riassunto_per_chi_non_ha_tempo_di_leggere_tutto_larticolo\"><\/span>Riassunto per chi non ha tempo di leggere tutto l&#8217;articolo<span class=\"ez-toc-section-end\"><\/span><\/h3>\n\n\n\n<ul class=\"wp-block-list\">\n\n<li>  <strong>Da Roma e Milano si vola direttamente a Barcellona<\/strong> e nell&#8217;alta stagione 2026 puoi scegliere in media tra numerosi voli giornalieri.<\/li>\n\n\n\n<li>  <strong>Il volo dura poco pi\u00f9 di 2 ore<\/strong> e sulla tratta si contendono i passeggeri compagnie come Vueling, Ryanair, ITA Airways ed easyJet.<\/li>\n\n\n\n<li>  <strong>I biglietti partono orientativamente da 55 \u20ac<\/strong>, ma in estate, con la valigia, aspettati piuttosto una cifra superiore ai 100 \u20ac a tratta.<\/li>\n\n\n\n<li>  <strong>Dall&#8217;aeroporto El Prat l&#8217;Aerob\u00fas porta in centro a 7,45 \u20ac<\/strong>, mentre il normale biglietto T-casual non \u00e8 valido sulla metro dell&#8217;aeroporto.<\/li>\n\n\n\n<li>  <strong>Il viaggio in treno dall&#8217;Italia ha molto senso<\/strong> se non puoi volare per motivi di salute o se aspetti un bambino.<\/li>\n\n\n\n<li>  <strong>Meglio non entrare in centro a Barcellona in auto<\/strong>, perch\u00e9 la citt\u00e0 \u00e8 sorvegliata da una severa zona a basse emissioni ZBE con multe fino a 200 \u20ac.<\/li>\n\n\n\n<li>  <strong>Evita gli aeroporti di Girona e Reus<\/strong>, dai quali ti aspetta un lungo e costoso viaggio in autobus, a meno che tu non punti direttamente alla costa circostante.<\/li>\n\n\n<\/ul>\n\n\n\n<figure data-wp-context=\"{&quot;imageId&quot;:&quot;6a951baddbe43&quot;}\" data-wp-interactive=\"core\/image\" data-wp-key=\"6a951baddbe43\" class=\"wp-block-image size-full wp-lightbox-container\"><img decoding=\"async\" width=\"1034\" height=\"2560\" data-wp-class--hide=\"state.isContentHidden\" data-wp-class--show=\"state.isContentVisible\" data-wp-init=\"callbacks.setButtonStyles\" data-wp-on--click=\"actions.showLightbox\" data-wp-on--load=\"callbacks.setButtonStyles\" data-wp-on--pointerdown=\"actions.preloadImage\" data-wp-on--pointerenter=\"actions.preloadImageWithDelay\" data-wp-on--pointerleave=\"actions.cancelPreload\" data-wp-on-window--resize=\"callbacks.setButtonStyles\" src=\"https:\/\/loudavymkrokem.cz\/wp-content\/uploads\/2026\/08\/barcelona-kde-se-ubytovat-v-barcelone-a-kolik--scaled.jpg\" alt=\"La Torre Gl\u00f2ries a Barcellona\" class=\"wp-image-376472\" title=\"\" srcset=\"https:\/\/loudavymkrokem.cz\/wp-content\/uploads\/2026\/08\/barcelona-kde-se-ubytovat-v-barcelone-a-kolik--scaled.jpg 1034w, https:\/\/loudavymkrokem.cz\/wp-content\/uploads\/2026\/08\/barcelona-kde-se-ubytovat-v-barcelone-a-kolik--121x300.jpg 121w, https:\/\/loudavymkrokem.cz\/wp-content\/uploads\/2026\/08\/barcelona-kde-se-ubytovat-v-barcelone-a-kolik--700x1733.jpg 700w, https:\/\/loudavymkrokem.cz\/wp-content\/uploads\/2026\/08\/barcelona-kde-se-ubytovat-v-barcelone-a-kolik--768x1902.jpg 768w, https:\/\/loudavymkrokem.cz\/wp-content\/uploads\/2026\/08\/barcelona-kde-se-ubytovat-v-barcelone-a-kolik--620x1536.jpg 620w, https:\/\/loudavymkrokem.cz\/wp-content\/uploads\/2026\/08\/barcelona-kde-se-ubytovat-v-barcelone-a-kolik--827x2048.jpg 827w, https:\/\/loudavymkrokem.cz\/wp-content\/uploads\/2026\/08\/barcelona-kde-se-ubytovat-v-barcelone-a-kolik--696x1723.jpg 696w, https:\/\/loudavymkrokem.cz\/wp-content\/uploads\/2026\/08\/barcelona-kde-se-ubytovat-v-barcelone-a-kolik--1392x3447.jpg 1392w\" sizes=\"(max-width: 1034px) 100vw, 1034px\" \/><button\n\t\t\tclass=\"lightbox-trigger\"\n\t\t\ttype=\"button\"\n\t\t\taria-haspopup=\"dialog\"\n\t\t\tdata-wp-bind--aria-label=\"state.thisImage.triggerButtonAriaLabel\"\n\t\t\tdata-wp-init=\"callbacks.initTriggerButton\"\n\t\t\tdata-wp-on--click=\"actions.showLightbox\"\n\t\t\tdata-wp-style--right=\"state.thisImage.buttonRight\"\n\t\t\tdata-wp-style--top=\"state.thisImage.buttonTop\"\n\t\t>\n\t\t\t<svg xmlns=\"http:\/\/www.w3.org\/2000\/svg\" width=\"12\" height=\"12\" fill=\"none\" viewBox=\"0 0 12 12\">\n\t\t\t\t<path fill=\"#fff\" d=\"M2 0a2 2 0 0 0-2 2v2h1.5V2a.5.5 0 0 1 .5-.5h2V0H2Zm2 10.5H2a.5.5 0 0 1-.5-.5V8H0v2a2 2 0 0 0 2 2h2v-1.5ZM8 12v-1.5h2a.5.5 0 0 0 .5-.5V8H12v2a2 2 0 0 1-2 2H8Zm2-12a2 2 0 0 1 2 2v2h-1.5V2a.5.5 0 0 0-.5-.5H8V0h2Z\" \/>\n\t\t\t<\/svg>\n\t\t<\/button><figcaption class=\"wp-element-caption\">Foto: Diliff \/ Wikimedia Commons, CC BY 2.5<\/figcaption><\/figure>\n\n\n\n<h2 class=\"wp-block-heading\"><span class=\"ez-toc-section\" id=\"Dove_alloggiare_a_Barcellona_e_quanto_costa_la_tassa_di_soggiorno\"><\/span>Dove alloggiare a Barcellona e quanto costa la tassa di soggiorno<span class=\"ez-toc-section-end\"><\/span><\/h2>\n\n\n\n<p class=\"wp-block-paragraph\"><em>\ud83d\udca1 <strong>Consiglio per alloggio ed esperienze<\/strong>: L&#8217;alloggio preferiamo cercarlo su <a class=\"thirstylink\" rel=\"nofollow\" target=\"_blank\" title=\"Booking.com\" href=\"https:\/\/loudavymkrokem.cz\/doporucujeme\/booking-com\/\" data-shortcode=\"true\">Booking.com<\/a>, dove trovi spesso <strong>le migliori condizioni di cancellazione<\/strong>. Biglietti, tour e attivit\u00e0 conviene invece confrontarli e acquistarli tramite <a class=\"thirstylink\" rel=\"nofollow\" target=\"_blank\" title=\"GetYourGuide\" href=\"https:\/\/loudavymkrokem.cz\/doporucujeme\/getyourguide\/\" data-shortcode=\"true\">GetYourGuide<\/a>.<\/em><\/p>\n\n\n\n<p class=\"wp-block-paragraph\">Scegliere dove alloggiare nella capitale catalana \u00e8 diventato ultimamente un bel rompicapo, perch\u00e9 la citt\u00e0 ha in programma di <strong>eliminare completamente entro il 2028 tutte le licenze per gli appartamenti turistici<\/strong>. I prezzi dei classici hotel salgono quindi vertiginosamente e l&#8217;offerta di alloggi economici si assottiglia in modo preoccupante. Al budget devi inoltre aggiungere la nuova tassa di soggiorno, in vigore da aprile 2026, che sa far lievitare parecchio il conto. In un cinque stelle di lusso paghi 12 \u20ac a persona e a notte, in un classico hotel a quattro stelle sono 8,40 \u20ac e <strong>nei popolari appartamenti turistici ti addebitano 9,50 \u20ac a notte<\/strong>. Si paga al massimo per le prime sette notti, ma anche cos\u00ec, per una vacanza lunga, la somma diventa considerevole.<\/p>\n\n\n\n<p class=\"wp-block-paragraph\">Durante la nostra visita abbiamo puntato sull&#8217;<strong>Hotel Gaud\u00ed<\/strong>, situato a pochi passi dal famoso Palau G\u00fcell e a due passi dalla vivace La Rambla. \u00c8 stata una scelta assolutamente strategica per scoprire la citt\u00e0 a piedi e, in pi\u00f9, sul tetto hanno una splendida terrazza con piscina, da cui si gode di una bellissima vista sui comignoli del palazzo di Gaud\u00ed.<\/p>\n\n\n\n<p class=\"wp-block-paragraph\">Se cerchi qualcosa di visivamente sbalorditivo, dai un&#8217;occhiata all&#8217;<strong>Hotel Ayre Rosell\u00f3n<\/strong>, che vanta una vista mozzafiato direttamente sulla Sagrada Fam\u00edlia in costruzione dal suo bar sul tetto. Per chi viaggia con un budget pi\u00f9 contenuto \u00e8 perfetto il <strong>Motel One Barcelona-Ciutadella<\/strong>, dove trovi una bella camera moderna proprio accanto a un enorme parco e a distanza di camminata dalla spiaggia. Se invece vuoi il lusso assoluto e svegliarti al suono delle onde, guarda l&#8217;iconico <strong>W Barcelona<\/strong>, il famoso edificio a forma di vela che domina tutta la costa. Per gli zaino in spalla e i viaggiatori solitari, secondo le recensioni funziona benissimo l&#8217;<strong>Hostel One Paralelo<\/strong>, dove regna un&#8217;atmosfera amichevole e si organizzano serate in comune.<\/p>\n\n\n\n<figure data-wp-context=\"{&quot;imageId&quot;:&quot;6a951baddc37f&quot;}\" data-wp-interactive=\"core\/image\" data-wp-key=\"6a951baddc37f\" class=\"wp-block-image size-full wp-lightbox-container\"><img decoding=\"async\" width=\"1600\" height=\"1067\" data-wp-class--hide=\"state.isContentHidden\" data-wp-class--show=\"state.isContentVisible\" data-wp-init=\"callbacks.setButtonStyles\" data-wp-on--click=\"actions.showLightbox\" data-wp-on--load=\"callbacks.setButtonStyles\" data-wp-on--pointerdown=\"actions.preloadImage\" data-wp-on--pointerenter=\"actions.preloadImageWithDelay\" data-wp-on--pointerleave=\"actions.cancelPreload\" data-wp-on-window--resize=\"callbacks.setButtonStyles\" src=\"https:\/\/loudavymkrokem.cz\/wp-content\/uploads\/2026\/08\/barcelona-uber-a-bolt-tady-radeji-ani-nezapine-px.jpg\" alt=\"Taxi giallo e nero di Barcellona\" class=\"wp-image-376459\" title=\"\" srcset=\"https:\/\/loudavymkrokem.cz\/wp-content\/uploads\/2026\/08\/barcelona-uber-a-bolt-tady-radeji-ani-nezapine-px.jpg 1600w, https:\/\/loudavymkrokem.cz\/wp-content\/uploads\/2026\/08\/barcelona-uber-a-bolt-tady-radeji-ani-nezapine-px-300x200.jpg 300w, https:\/\/loudavymkrokem.cz\/wp-content\/uploads\/2026\/08\/barcelona-uber-a-bolt-tady-radeji-ani-nezapine-px-700x467.jpg 700w, https:\/\/loudavymkrokem.cz\/wp-content\/uploads\/2026\/08\/barcelona-uber-a-bolt-tady-radeji-ani-nezapine-px-768x512.jpg 768w, https:\/\/loudavymkrokem.cz\/wp-content\/uploads\/2026\/08\/barcelona-uber-a-bolt-tady-radeji-ani-nezapine-px-1536x1024.jpg 1536w, https:\/\/loudavymkrokem.cz\/wp-content\/uploads\/2026\/08\/barcelona-uber-a-bolt-tady-radeji-ani-nezapine-px-696x464.jpg 696w, https:\/\/loudavymkrokem.cz\/wp-content\/uploads\/2026\/08\/barcelona-uber-a-bolt-tady-radeji-ani-nezapine-px-1392x928.jpg 1392w\" sizes=\"(max-width: 1600px) 100vw, 1600px\" \/><button\n\t\t\tclass=\"lightbox-trigger\"\n\t\t\ttype=\"button\"\n\t\t\taria-haspopup=\"dialog\"\n\t\t\tdata-wp-bind--aria-label=\"state.thisImage.triggerButtonAriaLabel\"\n\t\t\tdata-wp-init=\"callbacks.initTriggerButton\"\n\t\t\tdata-wp-on--click=\"actions.showLightbox\"\n\t\t\tdata-wp-style--right=\"state.thisImage.buttonRight\"\n\t\t\tdata-wp-style--top=\"state.thisImage.buttonTop\"\n\t\t>\n\t\t\t<svg xmlns=\"http:\/\/www.w3.org\/2000\/svg\" width=\"12\" height=\"12\" fill=\"none\" viewBox=\"0 0 12 12\">\n\t\t\t\t<path fill=\"#fff\" d=\"M2 0a2 2 0 0 0-2 2v2h1.5V2a.5.5 0 0 1 .5-.5h2V0H2Zm2 10.5H2a.5.5 0 0 1-.5-.5V8H0v2a2 2 0 0 0 2 2h2v-1.5ZM8 12v-1.5h2a.5.5 0 0 0 .5-.5V8H12v2a2 2 0 0 1-2 2H8Zm2-12a2 2 0 0 1 2 2v2h-1.5V2a.5.5 0 0 0-.5-.5H8V0h2Z\" \/>\n\t\t\t<\/svg>\n\t\t<\/button><\/figure>\n\n\n\n<h2 class=\"wp-block-heading\"><span class=\"ez-toc-section\" id=\"11_cose_da_sapere_sul_viaggio_a_Barcellona_in_Spagna\"><\/span>11 cose da sapere sul viaggio a Barcellona, in Spagna<span class=\"ez-toc-section-end\"><\/span><\/h2>\n\n\n\n<figure data-wp-context=\"{&quot;imageId&quot;:&quot;6a951baddc74f&quot;}\" data-wp-interactive=\"core\/image\" data-wp-key=\"6a951baddc74f\" class=\"wp-block-image size-full wp-lightbox-container\"><img decoding=\"async\" width=\"1920\" height=\"1252\" data-wp-class--hide=\"state.isContentHidden\" data-wp-class--show=\"state.isContentVisible\" data-wp-init=\"callbacks.setButtonStyles\" data-wp-on--click=\"actions.showLightbox\" data-wp-on--load=\"callbacks.setButtonStyles\" data-wp-on--pointerdown=\"actions.preloadImage\" data-wp-on--pointerenter=\"actions.preloadImageWithDelay\" data-wp-on--pointerleave=\"actions.cancelPreload\" data-wp-on-window--resize=\"callbacks.setButtonStyles\" src=\"https:\/\/loudavymkrokem.cz\/wp-content\/uploads\/2026\/08\/barcelona-aerobus-je-sice-drazsi-ale-usetri-ne.jpg\" alt=\"Autobus Aerob\u00fas alla fermata a Barcellona\" class=\"wp-image-376457\" title=\"\" srcset=\"https:\/\/loudavymkrokem.cz\/wp-content\/uploads\/2026\/08\/barcelona-aerobus-je-sice-drazsi-ale-usetri-ne.jpg 1920w, https:\/\/loudavymkrokem.cz\/wp-content\/uploads\/2026\/08\/barcelona-aerobus-je-sice-drazsi-ale-usetri-ne-300x196.jpg 300w, https:\/\/loudavymkrokem.cz\/wp-content\/uploads\/2026\/08\/barcelona-aerobus-je-sice-drazsi-ale-usetri-ne-700x456.jpg 700w, https:\/\/loudavymkrokem.cz\/wp-content\/uploads\/2026\/08\/barcelona-aerobus-je-sice-drazsi-ale-usetri-ne-768x501.jpg 768w, https:\/\/loudavymkrokem.cz\/wp-content\/uploads\/2026\/08\/barcelona-aerobus-je-sice-drazsi-ale-usetri-ne-1536x1002.jpg 1536w, https:\/\/loudavymkrokem.cz\/wp-content\/uploads\/2026\/08\/barcelona-aerobus-je-sice-drazsi-ale-usetri-ne-696x454.jpg 696w, https:\/\/loudavymkrokem.cz\/wp-content\/uploads\/2026\/08\/barcelona-aerobus-je-sice-drazsi-ale-usetri-ne-1392x908.jpg 1392w\" sizes=\"(max-width: 1920px) 100vw, 1920px\" \/><button\n\t\t\tclass=\"lightbox-trigger\"\n\t\t\ttype=\"button\"\n\t\t\taria-haspopup=\"dialog\"\n\t\t\tdata-wp-bind--aria-label=\"state.thisImage.triggerButtonAriaLabel\"\n\t\t\tdata-wp-init=\"callbacks.initTriggerButton\"\n\t\t\tdata-wp-on--click=\"actions.showLightbox\"\n\t\t\tdata-wp-style--right=\"state.thisImage.buttonRight\"\n\t\t\tdata-wp-style--top=\"state.thisImage.buttonTop\"\n\t\t>\n\t\t\t<svg xmlns=\"http:\/\/www.w3.org\/2000\/svg\" width=\"12\" height=\"12\" fill=\"none\" viewBox=\"0 0 12 12\">\n\t\t\t\t<path fill=\"#fff\" d=\"M2 0a2 2 0 0 0-2 2v2h1.5V2a.5.5 0 0 1 .5-.5h2V0H2Zm2 10.5H2a.5.5 0 0 1-.5-.5V8H0v2a2 2 0 0 0 2 2h2v-1.5ZM8 12v-1.5h2a.5.5 0 0 0 .5-.5V8H12v2a2 2 0 0 1-2 2H8Zm2-12a2 2 0 0 1 2 2v2h-1.5V2a.5.5 0 0 0-.5-.5H8V0h2Z\" \/>\n\t\t\t<\/svg>\n\t\t<\/button><\/figure>\n\n\n\n<h3 class=\"wp-block-heading\"><span class=\"ez-toc-section\" id=\"1_Voli_diretti_dallItalia_a_Barcellona_e_chi_li_opera\"><\/span>1. Voli diretti dall&#8217;Italia a Barcellona e chi li opera<span class=\"ez-toc-section-end\"><\/span><\/h3>\n\n\n\n<p class=\"wp-block-paragraph\">Raggiungere la capitale catalana dall&#8217;Italia non \u00e8 mai stato cos\u00ec facile, perch\u00e9 nel 2026 l&#8217;autostrada del cielo su questa tratta funziona a pieno regime. Da citt\u00e0 come Roma e Milano ci sono voli diretti quotidiani verso l&#8217;aeroporto di El Prat, con tempi di percorrenza di poco superiori alle due ore. In alta stagione le partenze sono numerose ogni giorno della settimana, quindi hai una grande libert\u00e0 nella scelta degli orari.<\/p>\n\n\n\n<p class=\"wp-block-paragraph\">Il mercato \u00e8 attualmente diviso tra diversi protagonisti che si contendono aspramente ogni passeggero. La quota maggiore la detiene <strong>lo spagnolo Vueling, che ha proprio a Barcellona la sua base principale<\/strong>, seguito da compagnie come Ryanair, easyJet e ITA Airways. I primi voli mattutini decollano gi\u00e0 di prima mattina, il che \u00e8 ideale per chi vuole godersi il caff\u00e8 pomeridiano direttamente in spiaggia. Se invece preferisci partire dopo il lavoro, ci sono anche voli serali che ti fanno arrivare in albergo poco dopo la mezzanotte.<\/p>\n\n\n\n<p class=\"wp-block-paragraph\">La concorrenza per fortuna spinge i prezzi verso il basso e ti d\u00e0 un&#8217;enorme libert\u00e0 di pianificazione, ma richiede allo stesso tempo grande attenzione nella scelta del vettore. Ogni compagnia ha infatti <strong>regole completamente diverse per i bagagli e costi nascosti<\/strong> che possono farti lievitare sgradevolmente il prezzo del biglietto.<\/p>\n\n\n\n<p class=\"wp-block-paragraph\">\ud83d\udca1 Consiglio: Verifica sempre con attenzione da quale terminal parti in Italia, perch\u00e9 <strong>le compagnie low cost spesso operano da punti diversi<\/strong> e la confusione in aeroporto pu\u00f2 costarti parecchi nervi e soldi in taxi.<\/p>\n\n\n\n<figure data-wp-context=\"{&quot;imageId&quot;:&quot;6a951baddcc69&quot;}\" data-wp-interactive=\"core\/image\" data-wp-key=\"6a951baddcc69\" class=\"wp-block-image size-full wp-lightbox-container\"><img decoding=\"async\" width=\"1600\" height=\"1067\" data-wp-class--hide=\"state.isContentHidden\" data-wp-class--show=\"state.isContentVisible\" data-wp-init=\"callbacks.setButtonStyles\" data-wp-on--click=\"actions.showLightbox\" data-wp-on--load=\"callbacks.setButtonStyles\" data-wp-on--pointerdown=\"actions.preloadImage\" data-wp-on--pointerenter=\"actions.preloadImageWithDelay\" data-wp-on--pointerleave=\"actions.cancelPreload\" data-wp-on-window--resize=\"callbacks.setButtonStyles\" src=\"https:\/\/loudavymkrokem.cz\/wp-content\/uploads\/2026\/08\/barcelona-vlak-r2-nord-je-nejlevnejsi-zachrana-px.jpg\" alt=\"Storica stazione ferroviaria in Spagna\" class=\"wp-image-376455\" title=\"\" srcset=\"https:\/\/loudavymkrokem.cz\/wp-content\/uploads\/2026\/08\/barcelona-vlak-r2-nord-je-nejlevnejsi-zachrana-px.jpg 1600w, https:\/\/loudavymkrokem.cz\/wp-content\/uploads\/2026\/08\/barcelona-vlak-r2-nord-je-nejlevnejsi-zachrana-px-300x200.jpg 300w, https:\/\/loudavymkrokem.cz\/wp-content\/uploads\/2026\/08\/barcelona-vlak-r2-nord-je-nejlevnejsi-zachrana-px-700x467.jpg 700w, https:\/\/loudavymkrokem.cz\/wp-content\/uploads\/2026\/08\/barcelona-vlak-r2-nord-je-nejlevnejsi-zachrana-px-768x512.jpg 768w, https:\/\/loudavymkrokem.cz\/wp-content\/uploads\/2026\/08\/barcelona-vlak-r2-nord-je-nejlevnejsi-zachrana-px-1536x1024.jpg 1536w, https:\/\/loudavymkrokem.cz\/wp-content\/uploads\/2026\/08\/barcelona-vlak-r2-nord-je-nejlevnejsi-zachrana-px-696x464.jpg 696w, https:\/\/loudavymkrokem.cz\/wp-content\/uploads\/2026\/08\/barcelona-vlak-r2-nord-je-nejlevnejsi-zachrana-px-1392x928.jpg 1392w\" sizes=\"(max-width: 1600px) 100vw, 1600px\" \/><button\n\t\t\tclass=\"lightbox-trigger\"\n\t\t\ttype=\"button\"\n\t\t\taria-haspopup=\"dialog\"\n\t\t\tdata-wp-bind--aria-label=\"state.thisImage.triggerButtonAriaLabel\"\n\t\t\tdata-wp-init=\"callbacks.initTriggerButton\"\n\t\t\tdata-wp-on--click=\"actions.showLightbox\"\n\t\t\tdata-wp-style--right=\"state.thisImage.buttonRight\"\n\t\t\tdata-wp-style--top=\"state.thisImage.buttonTop\"\n\t\t>\n\t\t\t<svg xmlns=\"http:\/\/www.w3.org\/2000\/svg\" width=\"12\" height=\"12\" fill=\"none\" viewBox=\"0 0 12 12\">\n\t\t\t\t<path fill=\"#fff\" d=\"M2 0a2 2 0 0 0-2 2v2h1.5V2a.5.5 0 0 1 .5-.5h2V0H2Zm2 10.5H2a.5.5 0 0 1-.5-.5V8H0v2a2 2 0 0 0 2 2h2v-1.5ZM8 12v-1.5h2a.5.5 0 0 0 .5-.5V8H12v2a2 2 0 0 1-2 2H8Zm2-12a2 2 0 0 1 2 2v2h-1.5V2a.5.5 0 0 0-.5-.5H8V0h2Z\" \/>\n\t\t\t<\/svg>\n\t\t<\/button><\/figure>\n\n\n\n<h3 class=\"wp-block-heading\"><span class=\"ez-toc-section\" id=\"2_Prezzi_orientativi_dei_voli_e_quando_comprarli\"><\/span>2. Prezzi orientativi dei voli e quando comprarli<span class=\"ez-toc-section-end\"><\/span><\/h3>\n\n\n\n<p class=\"wp-block-paragraph\">Quando inizi a cercare i voli per Barcellona, i motori di ricerca ti sputeranno probabilmente cifre incredibilmente allettanti, di fronte alle quali devi per\u00f2 stare molto attento. Aggregatori noti riescono a mostrare <strong>i voli pi\u00f9 economici gi\u00e0 da circa 55 \u20ac<\/strong>, mentre altri vettori pubblicizzano tratte regolari a partire da un centinaio di euro. Sembra il sogno di una vacanza a basso costo, ma la realt\u00e0 dell&#8217;alta stagione \u00e8 purtroppo tutta un&#8217;altra cosa.<\/p>\n\n\n\n<p class=\"wp-block-paragraph\">Non farti abbindolare dai volantini di marketing, perch\u00e9 queste cifre magiche valgono per lo pi\u00f9 solo per le date meno attraenti, in pieno grigio novembre. Alcuni portali indicano come <strong>prezzo medio del biglietto per Barcellona circa 95 \u20ac<\/strong>, e stiamo ancora parlando di una sola tratta e senza alcun bagaglio. Non appena a luglio o agosto aggiungi il classico trolley da cabina e vuoi sederti accanto al tuo partner, mettiti in conto piuttosto una cifra superiore ai 140 \u20ac a tratta.<\/p>\n\n\n\n<p class=\"wp-block-paragraph\">L&#8217;errore peggiore \u00e8 comprare i biglietti all&#8217;ultimo momento, quando i prezzi delle low cost schizzano tranquillamente al triplo del loro valore normale. <strong>Il momento ideale per l&#8217;acquisto \u00e8 circa due o tre mesi prima della partenza<\/strong>, quando le compagnie non hanno ancora riempito la capacit\u00e0 e offrono tariffe ragionevoli per i comuni mortali.<\/p>\n\n\n\n<p class=\"wp-block-paragraph\">\ud83d\udca1 Consiglio: Se sei flessibile con le date della vacanza, prova a volare a met\u00e0 settimana invece che il venerd\u00ec sera, perch\u00e9 <strong>i voli del marted\u00ec e del mercoled\u00ec sono statisticamente i pi\u00f9 economici<\/strong> di tutta la settimana e risparmi anche sull&#8217;alloggio.<\/p>\n\n\n\n<figure data-wp-context=\"{&quot;imageId&quot;:&quot;6a951baddd18a&quot;}\" data-wp-interactive=\"core\/image\" data-wp-key=\"6a951baddd18a\" class=\"wp-block-image size-full wp-lightbox-container\"><img decoding=\"async\" width=\"1600\" height=\"900\" data-wp-class--hide=\"state.isContentHidden\" data-wp-class--show=\"state.isContentVisible\" data-wp-init=\"callbacks.setButtonStyles\" data-wp-on--click=\"actions.showLightbox\" data-wp-on--load=\"callbacks.setButtonStyles\" data-wp-on--pointerdown=\"actions.preloadImage\" data-wp-on--pointerenter=\"actions.preloadImageWithDelay\" data-wp-on--pointerleave=\"actions.cancelPreload\" data-wp-on-window--resize=\"callbacks.setButtonStyles\" src=\"https:\/\/loudavymkrokem.cz\/wp-content\/uploads\/2026\/08\/barcelona-ryanair-a-nizkonakladove-pasti-se-za-px.jpg\" alt=\"Aereo Ryanair al decollo\" class=\"wp-image-376473\" title=\"\" srcset=\"https:\/\/loudavymkrokem.cz\/wp-content\/uploads\/2026\/08\/barcelona-ryanair-a-nizkonakladove-pasti-se-za-px.jpg 1600w, https:\/\/loudavymkrokem.cz\/wp-content\/uploads\/2026\/08\/barcelona-ryanair-a-nizkonakladove-pasti-se-za-px-300x169.jpg 300w, https:\/\/loudavymkrokem.cz\/wp-content\/uploads\/2026\/08\/barcelona-ryanair-a-nizkonakladove-pasti-se-za-px-700x394.jpg 700w, https:\/\/loudavymkrokem.cz\/wp-content\/uploads\/2026\/08\/barcelona-ryanair-a-nizkonakladove-pasti-se-za-px-768x432.jpg 768w, https:\/\/loudavymkrokem.cz\/wp-content\/uploads\/2026\/08\/barcelona-ryanair-a-nizkonakladove-pasti-se-za-px-1536x864.jpg 1536w, https:\/\/loudavymkrokem.cz\/wp-content\/uploads\/2026\/08\/barcelona-ryanair-a-nizkonakladove-pasti-se-za-px-696x392.jpg 696w, https:\/\/loudavymkrokem.cz\/wp-content\/uploads\/2026\/08\/barcelona-ryanair-a-nizkonakladove-pasti-se-za-px-1392x783.jpg 1392w\" sizes=\"(max-width: 1600px) 100vw, 1600px\" \/><button\n\t\t\tclass=\"lightbox-trigger\"\n\t\t\ttype=\"button\"\n\t\t\taria-haspopup=\"dialog\"\n\t\t\tdata-wp-bind--aria-label=\"state.thisImage.triggerButtonAriaLabel\"\n\t\t\tdata-wp-init=\"callbacks.initTriggerButton\"\n\t\t\tdata-wp-on--click=\"actions.showLightbox\"\n\t\t\tdata-wp-style--right=\"state.thisImage.buttonRight\"\n\t\t\tdata-wp-style--top=\"state.thisImage.buttonTop\"\n\t\t>\n\t\t\t<svg xmlns=\"http:\/\/www.w3.org\/2000\/svg\" width=\"12\" height=\"12\" fill=\"none\" viewBox=\"0 0 12 12\">\n\t\t\t\t<path fill=\"#fff\" d=\"M2 0a2 2 0 0 0-2 2v2h1.5V2a.5.5 0 0 1 .5-.5h2V0H2Zm2 10.5H2a.5.5 0 0 1-.5-.5V8H0v2a2 2 0 0 0 2 2h2v-1.5ZM8 12v-1.5h2a.5.5 0 0 0 .5-.5V8H12v2a2 2 0 0 1-2 2H8Zm2-12a2 2 0 0 1 2 2v2h-1.5V2a.5.5 0 0 0-.5-.5H8V0h2Z\" \/>\n\t\t\t<\/svg>\n\t\t<\/button><figcaption class=\"wp-element-caption\">Foto: Grzegorz  Lewandowski \/ Pexels<\/figcaption><\/figure>\n\n\n\n<h3 class=\"wp-block-heading\"><span class=\"ez-toc-section\" id=\"3_Ryanair_e_le_trappole_low_cost_dei_bagagli\"><\/span>3. Ryanair e le trappole low cost dei bagagli<span class=\"ez-toc-section-end\"><\/span><\/h3>\n\n\n\n<p class=\"wp-block-paragraph\">Compri un biglietto a pochi euro e hai la fantastica sensazione di aver finalmente battuto tutto il sistema del trasporto aereo. Poi per\u00f2 arrivi al gate e la compagnia irlandese ti presenta un conto che ti fa girare la testa. Soprattutto con Ryanair <strong>la politica dei bagagli \u00e8 un gioco duro<\/strong>, mirato deliberatamente al pi\u00f9 piccolo errore dei viaggiatori distratti.<\/p>\n\n\n\n<p class=\"wp-block-paragraph\">Nel prezzo base del biglietto hai infatti diritto solo a una piccola borsa personale, le cui <strong>dimensioni sono rigidamente limitate a 40 \u00d7 20 \u00d7 25 centimetri<\/strong>. Questo piccolo zainetto deve assolutamente entrare sotto il sedile davanti a te e il personale al gate lo misura spesso in modo del tutto intransigente. Se vuoi portare il classico trolley da cabina fino a dieci chili, con dimensioni di 55 \u00d7 40 \u00d7 20 centimetri, devi pagare gi\u00e0 al momento dell&#8217;acquisto il servizio Priority.<\/p>\n\n\n\n<p class=\"wp-block-paragraph\">Qui di solito scatta la trappola per tutti quelli che non leggono le regole fino in fondo. Chi non compra la Priority in tempo e si presenta al gate con un trolley pi\u00f9 grande <strong>paga sul posto una salata multa di 35 \u20ac<\/strong> per il bagaglio non conforme. Se poi la tua valigia supera i limiti consentiti, questa penale sale immediatamente agli incredibili 69,99 \u20ac.<\/p>\n\n\n\n<p class=\"wp-block-paragraph\">\ud83d\udca1 Consiglio: Misura sempre lo zaino a casa con il metro e non contare sul fatto di <strong>riuscire a farlo passare inosservato al gate<\/strong>, perch\u00e9 i controlli a campione delle dimensioni sui voli per la Spagna sono straordinariamente frequenti.<\/p>\n\n\n\n<figure data-wp-context=\"{&quot;imageId&quot;:&quot;6a951baddd655&quot;}\" data-wp-interactive=\"core\/image\" data-wp-key=\"6a951baddd655\" class=\"wp-block-image size-full wp-lightbox-container\"><img decoding=\"async\" width=\"1600\" height=\"1067\" data-wp-class--hide=\"state.isContentHidden\" data-wp-class--show=\"state.isContentVisible\" data-wp-init=\"callbacks.setButtonStyles\" data-wp-on--click=\"actions.showLightbox\" data-wp-on--load=\"callbacks.setButtonStyles\" data-wp-on--pointerdown=\"actions.preloadImage\" data-wp-on--pointerenter=\"actions.preloadImageWithDelay\" data-wp-on--pointerleave=\"actions.cancelPreload\" data-wp-on-window--resize=\"callbacks.setButtonStyles\" src=\"https:\/\/loudavymkrokem.cz\/wp-content\/uploads\/2026\/08\/barcelona-vueling-a-jejich-odstupnovana-kila-px.jpg\" alt=\"Aerei sulla pista dell&#039;aeroporto di Barcellona El Prat\" class=\"wp-image-376474\" title=\"\" srcset=\"https:\/\/loudavymkrokem.cz\/wp-content\/uploads\/2026\/08\/barcelona-vueling-a-jejich-odstupnovana-kila-px.jpg 1600w, https:\/\/loudavymkrokem.cz\/wp-content\/uploads\/2026\/08\/barcelona-vueling-a-jejich-odstupnovana-kila-px-300x200.jpg 300w, https:\/\/loudavymkrokem.cz\/wp-content\/uploads\/2026\/08\/barcelona-vueling-a-jejich-odstupnovana-kila-px-700x467.jpg 700w, https:\/\/loudavymkrokem.cz\/wp-content\/uploads\/2026\/08\/barcelona-vueling-a-jejich-odstupnovana-kila-px-768x512.jpg 768w, https:\/\/loudavymkrokem.cz\/wp-content\/uploads\/2026\/08\/barcelona-vueling-a-jejich-odstupnovana-kila-px-1536x1024.jpg 1536w, https:\/\/loudavymkrokem.cz\/wp-content\/uploads\/2026\/08\/barcelona-vueling-a-jejich-odstupnovana-kila-px-696x464.jpg 696w, https:\/\/loudavymkrokem.cz\/wp-content\/uploads\/2026\/08\/barcelona-vueling-a-jejich-odstupnovana-kila-px-1392x928.jpg 1392w\" sizes=\"(max-width: 1600px) 100vw, 1600px\" \/><button\n\t\t\tclass=\"lightbox-trigger\"\n\t\t\ttype=\"button\"\n\t\t\taria-haspopup=\"dialog\"\n\t\t\tdata-wp-bind--aria-label=\"state.thisImage.triggerButtonAriaLabel\"\n\t\t\tdata-wp-init=\"callbacks.initTriggerButton\"\n\t\t\tdata-wp-on--click=\"actions.showLightbox\"\n\t\t\tdata-wp-style--right=\"state.thisImage.buttonRight\"\n\t\t\tdata-wp-style--top=\"state.thisImage.buttonTop\"\n\t\t>\n\t\t\t<svg xmlns=\"http:\/\/www.w3.org\/2000\/svg\" width=\"12\" height=\"12\" fill=\"none\" viewBox=\"0 0 12 12\">\n\t\t\t\t<path fill=\"#fff\" d=\"M2 0a2 2 0 0 0-2 2v2h1.5V2a.5.5 0 0 1 .5-.5h2V0H2Zm2 10.5H2a.5.5 0 0 1-.5-.5V8H0v2a2 2 0 0 0 2 2h2v-1.5ZM8 12v-1.5h2a.5.5 0 0 0 .5-.5V8H12v2a2 2 0 0 1-2 2H8Zm2-12a2 2 0 0 1 2 2v2h-1.5V2a.5.5 0 0 0-.5-.5H8V0h2Z\" \/>\n\t\t\t<\/svg>\n\t\t<\/button><figcaption class=\"wp-element-caption\">Foto: Noland Live \/ Pexels<\/figcaption><\/figure>\n\n\n\n<h3 class=\"wp-block-heading\"><span class=\"ez-toc-section\" id=\"4_Vueling_e_i_suoi_chili_a_scaglioni\"><\/span>4. Vueling e i suoi chili a scaglioni<span class=\"ez-toc-section-end\"><\/span><\/h3>\n\n\n\n<p class=\"wp-block-paragraph\">La low cost spagnola Vueling, che ha proprio a Barcellona la sua principale base operativa, gioca con i passeggeri in modo un po&#8217; diverso e, a prima vista, pi\u00f9 amichevole. Si concentra infatti su una <strong>suddivisione molto dettagliata del peso dei bagagli in stiva<\/strong>, il che ti d\u00e0 in teoria l&#8217;ottima possibilit\u00e0 di pagare esattamente per ci\u00f2 che ti serve davvero e utilizzi.<\/p>\n\n\n\n<p class=\"wp-block-paragraph\">Se viaggi leggero e non hai bisogno di trascinare cose inutili, <strong>una valigia da quindici chili la acquisti in prevendita gi\u00e0 da circa 8 \u20ac<\/strong>. Un bagaglio pi\u00f9 grande da venti chili ti costa circa 10 \u20ac e per una valigia da venticinque chili paghi da 15 \u20ac. Sembra assolutamente equo e trasparente, esattamente fino al momento in cui in aeroporto superi il limite acquistato anche di un solo chilo in pi\u00f9.<\/p>\n\n\n\n<p class=\"wp-block-paragraph\">Non appena la bilancia al banco del check-in mostra pi\u00f9 di quanto hai ufficialmente pagato, i sorrisi del personale svaniscono in fretta e <strong>seguono corpose tariffe per l&#8217;eccesso di peso, addebitate per ogni chilogrammo<\/strong>. Perci\u00f2 conviene decisamente pesare la valigia piena gi\u00e0 a casa sulla bilancia personale e comprare direttamente cinque chili di riserva in pi\u00f9 per pochi euro.<\/p>\n\n\n\n<p class=\"wp-block-paragraph\">\ud83d\udca1 Consiglio: Vueling offre, nelle tariffe pi\u00f9 costose, la possibilit\u00e0 di cambiare il volo gratuitamente, il che <strong>pu\u00f2 tornare utile con la pianificazione imprevedibile di una vacanza estiva<\/strong>, quando i piani familiari cambiano letteralmente da un giorno all&#8217;altro.<\/p>\n\n\n\n<figure data-wp-context=\"{&quot;imageId&quot;:&quot;6a951badddb27&quot;}\" data-wp-interactive=\"core\/image\" data-wp-key=\"6a951badddb27\" class=\"wp-block-image size-full wp-lightbox-container\"><img decoding=\"async\" width=\"1600\" height=\"900\" data-wp-class--hide=\"state.isContentHidden\" data-wp-class--show=\"state.isContentVisible\" data-wp-init=\"callbacks.setButtonStyles\" data-wp-on--click=\"actions.showLightbox\" data-wp-on--load=\"callbacks.setButtonStyles\" data-wp-on--pointerdown=\"actions.preloadImage\" data-wp-on--pointerenter=\"actions.preloadImageWithDelay\" data-wp-on--pointerleave=\"actions.cancelPreload\" data-wp-on-window--resize=\"callbacks.setButtonStyles\" src=\"https:\/\/loudavymkrokem.cz\/wp-content\/uploads\/2026\/08\/barcelona-pozor-na-letni-skrty-u-smartwings-px.jpg\" alt=\"Aereo sulla pista dell&#039;aeroporto\" class=\"wp-image-376475\" title=\"\" srcset=\"https:\/\/loudavymkrokem.cz\/wp-content\/uploads\/2026\/08\/barcelona-pozor-na-letni-skrty-u-smartwings-px.jpg 1600w, https:\/\/loudavymkrokem.cz\/wp-content\/uploads\/2026\/08\/barcelona-pozor-na-letni-skrty-u-smartwings-px-300x169.jpg 300w, https:\/\/loudavymkrokem.cz\/wp-content\/uploads\/2026\/08\/barcelona-pozor-na-letni-skrty-u-smartwings-px-700x394.jpg 700w, https:\/\/loudavymkrokem.cz\/wp-content\/uploads\/2026\/08\/barcelona-pozor-na-letni-skrty-u-smartwings-px-768x432.jpg 768w, https:\/\/loudavymkrokem.cz\/wp-content\/uploads\/2026\/08\/barcelona-pozor-na-letni-skrty-u-smartwings-px-1536x864.jpg 1536w, https:\/\/loudavymkrokem.cz\/wp-content\/uploads\/2026\/08\/barcelona-pozor-na-letni-skrty-u-smartwings-px-696x392.jpg 696w, https:\/\/loudavymkrokem.cz\/wp-content\/uploads\/2026\/08\/barcelona-pozor-na-letni-skrty-u-smartwings-px-1392x783.jpg 1392w\" sizes=\"(max-width: 1600px) 100vw, 1600px\" \/><button\n\t\t\tclass=\"lightbox-trigger\"\n\t\t\ttype=\"button\"\n\t\t\taria-haspopup=\"dialog\"\n\t\t\tdata-wp-bind--aria-label=\"state.thisImage.triggerButtonAriaLabel\"\n\t\t\tdata-wp-init=\"callbacks.initTriggerButton\"\n\t\t\tdata-wp-on--click=\"actions.showLightbox\"\n\t\t\tdata-wp-style--right=\"state.thisImage.buttonRight\"\n\t\t\tdata-wp-style--top=\"state.thisImage.buttonTop\"\n\t\t>\n\t\t\t<svg xmlns=\"http:\/\/www.w3.org\/2000\/svg\" width=\"12\" height=\"12\" fill=\"none\" viewBox=\"0 0 12 12\">\n\t\t\t\t<path fill=\"#fff\" d=\"M2 0a2 2 0 0 0-2 2v2h1.5V2a.5.5 0 0 1 .5-.5h2V0H2Zm2 10.5H2a.5.5 0 0 1-.5-.5V8H0v2a2 2 0 0 0 2 2h2v-1.5ZM8 12v-1.5h2a.5.5 0 0 0 .5-.5V8H12v2a2 2 0 0 1-2 2H8Zm2-12a2 2 0 0 1 2 2v2h-1.5V2a.5.5 0 0 0-.5-.5H8V0h2Z\" \/>\n\t\t\t<\/svg>\n\t\t<\/button><figcaption class=\"wp-element-caption\">Foto: Dan Wright \/ Pexels<\/figcaption><\/figure>\n\n\n\n<h3 class=\"wp-block-heading\"><span class=\"ez-toc-section\" id=\"5_Attenzione_ai_tagli_estivi_degli_orari\"><\/span>5. Attenzione ai tagli estivi degli orari<span class=\"ez-toc-section-end\"><\/span><\/h3>\n\n\n\n<p class=\"wp-block-paragraph\">Prenotare una compagnia di riferimento pu\u00f2 sembrare una garanzia assoluta, ma nel 2026 devi essere straordinariamente prudente al momento di prenotare la vacanza. Secondo le informazioni ufficiali, infatti, diverse compagnie hanno <strong>ridotto sensibilmente le frequenze su alcune tratte popolari<\/strong> e hanno persino cancellato del tutto i collegamenti verso alcune citt\u00e0.<\/p>\n\n\n\n<p class=\"wp-block-paragraph\">Anche se Barcellona per fortuna non figura tra i collegamenti cancellati e i vettori continuano a volarci, \u00e8 un chiaro segnale che <strong>gli orari estivi possono cambiare in modo molto dinamico<\/strong> a seconda del carico effettivo. Non c&#8217;\u00e8 niente di peggio che prenotare un costoso hotel in spiaggia e scoprire, alcune settimane prima della partenza, che il tuo volo del marted\u00ec \u00e8 stato spostato d&#8217;improvviso al gioved\u00ec mattina.<\/p>\n\n\n\n<p class=\"wp-block-paragraph\">Tutti gli orari orientativi e i giorni concreti di partenza <strong>verificali quindi sempre con attenzione direttamente sul sito ufficiale del vettore<\/strong>, poco prima dell&#8217;acquisto definitivo del biglietto. Non affidarti mai solo ai dati pi\u00f9 vecchi dei grandi motori di ricerca, che possono avere piccoli ritardi nell&#8217;aggiornamento dei loro sistemi e mostrare voli inesistenti.<\/p>\n\n\n\n<p class=\"wp-block-paragraph\">\ud83d\udca1 Consiglio: Se la compagnia ti cancella il volo meno di quattordici giorni prima della partenza, <strong>secondo le regole europee hai diritto a un generoso risarcimento economico<\/strong>, quindi tieni d&#8217;occhio con attenzione i tuoi diritti.<\/p>\n\n\n\n<figure data-wp-context=\"{&quot;imageId&quot;:&quot;6a951badde068&quot;}\" data-wp-interactive=\"core\/image\" data-wp-key=\"6a951badde068\" class=\"wp-block-image size-full wp-lightbox-container\"><img decoding=\"async\" width=\"2000\" height=\"1333\" data-wp-class--hide=\"state.isContentHidden\" data-wp-class--show=\"state.isContentVisible\" data-wp-init=\"callbacks.setButtonStyles\" data-wp-on--click=\"actions.showLightbox\" data-wp-on--load=\"callbacks.setButtonStyles\" data-wp-on--pointerdown=\"actions.preloadImage\" data-wp-on--pointerenter=\"actions.preloadImageWithDelay\" data-wp-on--pointerleave=\"actions.cancelPreload\" data-wp-on-window--resize=\"callbacks.setButtonStyles\" src=\"https:\/\/loudavymkrokem.cz\/wp-content\/uploads\/2026\/08\/barcelona-strecha-vyhled.jpg\" alt=\"Vista sui tetti della citt\u00e0 vecchia di Barcellona dalla terrazza panoramica\" class=\"wp-image-376351\" title=\"\" srcset=\"https:\/\/loudavymkrokem.cz\/wp-content\/uploads\/2026\/08\/barcelona-strecha-vyhled.jpg 2000w, https:\/\/loudavymkrokem.cz\/wp-content\/uploads\/2026\/08\/barcelona-strecha-vyhled-300x200.jpg 300w, https:\/\/loudavymkrokem.cz\/wp-content\/uploads\/2026\/08\/barcelona-strecha-vyhled-700x467.jpg 700w, https:\/\/loudavymkrokem.cz\/wp-content\/uploads\/2026\/08\/barcelona-strecha-vyhled-768x512.jpg 768w, https:\/\/loudavymkrokem.cz\/wp-content\/uploads\/2026\/08\/barcelona-strecha-vyhled-1536x1024.jpg 1536w, https:\/\/loudavymkrokem.cz\/wp-content\/uploads\/2026\/08\/barcelona-strecha-vyhled-696x464.jpg 696w, https:\/\/loudavymkrokem.cz\/wp-content\/uploads\/2026\/08\/barcelona-strecha-vyhled-1392x928.jpg 1392w, https:\/\/loudavymkrokem.cz\/wp-content\/uploads\/2026\/08\/barcelona-strecha-vyhled-1920x1280.jpg 1920w\" sizes=\"(max-width: 2000px) 100vw, 2000px\" \/><button\n\t\t\tclass=\"lightbox-trigger\"\n\t\t\ttype=\"button\"\n\t\t\taria-haspopup=\"dialog\"\n\t\t\tdata-wp-bind--aria-label=\"state.thisImage.triggerButtonAriaLabel\"\n\t\t\tdata-wp-init=\"callbacks.initTriggerButton\"\n\t\t\tdata-wp-on--click=\"actions.showLightbox\"\n\t\t\tdata-wp-style--right=\"state.thisImage.buttonRight\"\n\t\t\tdata-wp-style--top=\"state.thisImage.buttonTop\"\n\t\t>\n\t\t\t<svg xmlns=\"http:\/\/www.w3.org\/2000\/svg\" width=\"12\" height=\"12\" fill=\"none\" viewBox=\"0 0 12 12\">\n\t\t\t\t<path fill=\"#fff\" d=\"M2 0a2 2 0 0 0-2 2v2h1.5V2a.5.5 0 0 1 .5-.5h2V0H2Zm2 10.5H2a.5.5 0 0 1-.5-.5V8H0v2a2 2 0 0 0 2 2h2v-1.5ZM8 12v-1.5h2a.5.5 0 0 0 .5-.5V8H12v2a2 2 0 0 1-2 2H8Zm2-12a2 2 0 0 1 2 2v2h-1.5V2a.5.5 0 0 0-.5-.5H8V0h2Z\" \/>\n\t\t\t<\/svg>\n\t\t<\/button><\/figure>\n\n\n\n<h3 class=\"wp-block-heading\"><span class=\"ez-toc-section\" id=\"6_I_falsi_aeroporti_di_Girona_e_Reus\"><\/span>6. I falsi aeroporti di Girona e Reus<span class=\"ez-toc-section-end\"><\/span><\/h3>\n\n\n\n<p class=\"wp-block-paragraph\">Per molti anni \u00e8 valsa una regola molto insidiosa: i biglietti pi\u00f9 economici con l&#8217;enorme scritta &#8220;Barcellona&#8221; in realt\u00e0 non ti portavano affatto a Barcellona. Le low cost amano infatti moltissimo utilizzare l&#8217;<strong>aeroporto di Girona\u2013Costa Brava a nord e l&#8217;aeroporto di Reus a sud<\/strong>, entrambi situati a circa cento chilometri dalla capitale catalana e che richiedono un ulteriore trasporto.<\/p>\n\n\n\n<p class=\"wp-block-paragraph\">L&#8217;avvertimento fondamentale per il 2026 \u00e8 che <strong>i voli diretti verso Girona o Reus spesso non compaiono affatto negli orari estivi<\/strong>. I motori di ricerca possono mostrare collegamenti con prezzi allettanti, ma cliccando scopri che si tratta sempre di voli molto lunghi con scalo, che per una vacanza breve non hanno alcun senso.<\/p>\n\n\n\n<p class=\"wp-block-paragraph\">E anche se dovessi trovare un volo del genere via un&#8217;altra citt\u00e0, calcola bene in anticipo la brutale trappola del transfer. Gli autobus della linea 604 della compagnia Sagal\u00e9s da Girona alla stazione Estaci\u00f3 del Nord <strong>costano 22 \u20ac a tratta<\/strong> e il viaggio dura oltre un&#8217;ora e un quarto. Da Reus, invece, la compagnia Hispano Igualadina viaggia a circa 15 \u20ac a tratta e il percorso si allunga a un&#8217;ora e venti minuti. Questi autobus aspettano gli arrivi, ma al ritorno devi controllare tu stesso con attenzione la coincidenza.<\/p>\n\n\n\n<p class=\"wp-block-paragraph\">\ud83d\udca1 Consiglio: Questi aeroporti lontani hanno senso solo se <strong>la tua vacanza punta principalmente alle spiagge della Costa Brava o al parco divertimenti PortAventura<\/strong>, altrimenti evitali alla larga.<\/p>\n\n\n\n<figure data-wp-context=\"{&quot;imageId&quot;:&quot;6a951badde526&quot;}\" data-wp-interactive=\"core\/image\" data-wp-key=\"6a951badde526\" class=\"wp-block-image size-full wp-lightbox-container\"><img decoding=\"async\" width=\"1600\" height=\"1065\" data-wp-class--hide=\"state.isContentHidden\" data-wp-class--show=\"state.isContentVisible\" data-wp-init=\"callbacks.setButtonStyles\" data-wp-on--click=\"actions.showLightbox\" data-wp-on--load=\"callbacks.setButtonStyles\" data-wp-on--pointerdown=\"actions.preloadImage\" data-wp-on--pointerenter=\"actions.preloadImageWithDelay\" data-wp-on--pointerleave=\"actions.cancelPreload\" data-wp-on-window--resize=\"callbacks.setButtonStyles\" src=\"https:\/\/loudavymkrokem.cz\/wp-content\/uploads\/2026\/08\/barcelona-den-1-a-2-to-nejdulezitejsi-z-metrop-px.jpg\" alt=\"Banchina della metropolitana di Barcellona\" class=\"wp-image-376542\" title=\"\" srcset=\"https:\/\/loudavymkrokem.cz\/wp-content\/uploads\/2026\/08\/barcelona-den-1-a-2-to-nejdulezitejsi-z-metrop-px.jpg 1600w, https:\/\/loudavymkrokem.cz\/wp-content\/uploads\/2026\/08\/barcelona-den-1-a-2-to-nejdulezitejsi-z-metrop-px-300x200.jpg 300w, https:\/\/loudavymkrokem.cz\/wp-content\/uploads\/2026\/08\/barcelona-den-1-a-2-to-nejdulezitejsi-z-metrop-px-700x466.jpg 700w, https:\/\/loudavymkrokem.cz\/wp-content\/uploads\/2026\/08\/barcelona-den-1-a-2-to-nejdulezitejsi-z-metrop-px-768x511.jpg 768w, https:\/\/loudavymkrokem.cz\/wp-content\/uploads\/2026\/08\/barcelona-den-1-a-2-to-nejdulezitejsi-z-metrop-px-1536x1022.jpg 1536w, https:\/\/loudavymkrokem.cz\/wp-content\/uploads\/2026\/08\/barcelona-den-1-a-2-to-nejdulezitejsi-z-metrop-px-696x463.jpg 696w, https:\/\/loudavymkrokem.cz\/wp-content\/uploads\/2026\/08\/barcelona-den-1-a-2-to-nejdulezitejsi-z-metrop-px-1392x927.jpg 1392w\" sizes=\"(max-width: 1600px) 100vw, 1600px\" \/><button\n\t\t\tclass=\"lightbox-trigger\"\n\t\t\ttype=\"button\"\n\t\t\taria-haspopup=\"dialog\"\n\t\t\tdata-wp-bind--aria-label=\"state.thisImage.triggerButtonAriaLabel\"\n\t\t\tdata-wp-init=\"callbacks.initTriggerButton\"\n\t\t\tdata-wp-on--click=\"actions.showLightbox\"\n\t\t\tdata-wp-style--right=\"state.thisImage.buttonRight\"\n\t\t\tdata-wp-style--top=\"state.thisImage.buttonTop\"\n\t\t>\n\t\t\t<svg xmlns=\"http:\/\/www.w3.org\/2000\/svg\" width=\"12\" height=\"12\" fill=\"none\" viewBox=\"0 0 12 12\">\n\t\t\t\t<path fill=\"#fff\" d=\"M2 0a2 2 0 0 0-2 2v2h1.5V2a.5.5 0 0 1 .5-.5h2V0H2Zm2 10.5H2a.5.5 0 0 1-.5-.5V8H0v2a2 2 0 0 0 2 2h2v-1.5ZM8 12v-1.5h2a.5.5 0 0 0 .5-.5V8H12v2a2 2 0 0 1-2 2H8Zm2-12a2 2 0 0 1 2 2v2h-1.5V2a.5.5 0 0 0-.5-.5H8V0h2Z\" \/>\n\t\t\t<\/svg>\n\t\t<\/button><\/figure>\n\n\n\n<!-- LKM_GYG_CARD start q=\"letenky barcelona\" lang=\"it\" rendered=\"2026-08-31T04:32:10+00:00\" v=\"1\" -->\n<style id=\"lk-gyg-styles\">\n@import url(\"https:\/\/fonts.googleapis.com\/css2?family=Playfair+Display:wght@700&family=DM+Sans:wght@300;400;500;600&display=swap\");\n\/* === LK GYG karty \u2014 CRO redesign 2026-05 (namespace .lkx-) ===\n   C\u00edl: vy\u0161\u0161\u00ed CTR (hero + v\u00fdrazn\u00fd social proof + ak\u010dn\u00ed CTA, m\u00e9n\u011b \"reklamn\u00ed\").\n   Injektuje se inline do prvn\u00edho markeru postu (refresh_cards.py --inline-css). *\/\n.lkx-module, .lkx-module *{box-sizing:border-box;margin:0;padding:0}\n.lkx-module{\n  font-family:'DM Sans',-apple-system,Segoe UI,Roboto,Georgia,sans-serif;\n  max-width:860px;margin:2.5rem auto;color:#1f2328;\n}\n\n\/* HEADER \u2014 lehk\u00fd editorsk\u00fd, \u017e\u00e1dn\u00fd bannerov\u00fd blok; nadpis + popisek pod n\u00edm *\/\n.lkx-head{margin-bottom:16px}\n.lkx-head-main{display:flex;align-items:center;gap:10px}\n.lkx-head-accent{width:26px;height:3px;border-radius:2px;background:#c39f76;flex-shrink:0}\n.lkx-head-title{font-family:'Playfair Display',Georgia,serif;font-size:21px;font-weight:700;color:#1a1a1a;line-height:1.25}\n.lkx-head-meta{display:block;font-size:11px;letter-spacing:.3px;color:#9aa0a6;margin-top:4px;margin-left:36px}\n\n\/* HERO *\/\n.lkx-hero{display:grid;grid-template-columns:300px 1fr;background:#fff;border:1px solid #ece7df;border-radius:14px;overflow:hidden;text-decoration:none!important;color:inherit;box-shadow:0 6px 20px rgba(0,0,0,.06);transition:box-shadow .2s,transform .2s;margin-bottom:14px}\n.lkx-hero:hover{box-shadow:0 12px 30px rgba(0,0,0,.12);transform:translateY(-2px)}\n.lkx-hero-img{position:relative;min-height:230px;background-size:cover;background-position:center;background-color:#eee}\n.lkx-hero-body{padding:22px 24px;display:flex;flex-direction:column}\n.lkx-pick{position:absolute;top:12px;left:12px;background:#1a1a1a;color:#fff;font-size:11px;font-weight:700;letter-spacing:.5px;padding:5px 11px;border-radius:20px}\n\n\/* TITLE *\/\n.lkx-title{font-size:19px;font-weight:700;color:#161616;line-height:1.3}\n.lkx-title-sm{font-size:14.5px;line-height:1.35;display:-webkit-box;-webkit-line-clamp:2;-webkit-box-orient:vertical;overflow:hidden}\n\n\/* SOCIAL PROOF \u2014 v\u00fdrazn\u011b, naho\u0159e *\/\n.lkx-proof{display:flex;align-items:center;gap:7px;margin-top:12px;font-size:15px;color:#3a3a3a}\n.lkx-proof b{font-size:16px;color:#161616}\n.lkx-stars{color:#f5a623;letter-spacing:1px}\n.lkx-proof-sm{font-size:12.5px;margin-top:8px;gap:5px}\n.lkx-proof-sm b{font-size:13px}\n.lkx-proof-new{color:#3685fc;font-weight:600}\n\n\/* PRICE \u2014 n\u00edzk\u00e1 kotva *\/\n.lkx-price{font-size:14px;color:#6b7280}\n.lkx-price b{font-size:20px;color:#161616;font-weight:700}\n.lkx-price-sm b{font-size:15px}\n\n\/* CTA \u2014 tepl\u00e9 ak\u010dn\u00ed tla\u010d\u00edtko *\/\n.lkx-cta{display:inline-flex;align-items:center;justify-content:center;text-decoration:none!important;font-weight:700;color:#fff!important;background:linear-gradient(135deg,#f6743f,#e8552a);border-radius:10px;box-shadow:0 6px 16px rgba(232,85,42,.32);transition:box-shadow .2s}\n.lkx-cta-hero{font-size:15px;padding:13px 22px}\n.lkx-hero:hover .lkx-cta-hero{box-shadow:0 8px 22px rgba(232,85,42,.45)}\n.lkx-cta-sm{font-size:12.5px;padding:9px 14px;width:100%;margin-top:2px}\n.lkx-hero-bottom{margin-top:auto;padding-top:18px;display:flex;align-items:center;justify-content:space-between;gap:14px;flex-wrap:wrap}\n\n\/* BADGE \u2014 jeden v\u00fdrazn\u00fd na fotce *\/\n.lkx-badge{position:absolute;top:12px;right:12px;font-size:10.5px;font-weight:700;letter-spacing:.3px;padding:5px 10px;border-radius:16px;color:#fff}\n.lkx-badge.badge-urgency{background:rgba(214,40,40,.92)}\n.lkx-badge.badge-new{background:rgba(54,133,252,.92)}\n.lkx-badge.badge-top{background:rgba(195,159,118,.95)}\n.lkx-badge.badge-info{background:rgba(40,40,40,.78)}\n\n\/* SECONDARY GRID *\/\n.lkx-grid{display:grid;grid-template-columns:1fr 1fr;gap:14px}\n.lkx-card{background:#fff;border:1px solid #ece7df;border-radius:14px;overflow:hidden;text-decoration:none!important;color:inherit;box-shadow:0 4px 14px rgba(0,0,0,.05);display:flex;flex-direction:column;transition:box-shadow .2s,transform .2s}\n.lkx-card:hover{box-shadow:0 10px 24px rgba(0,0,0,.1);transform:translateY(-2px)}\n.lkx-card-img{position:relative;aspect-ratio:16\/10;background-size:cover;background-position:center;background-color:#eee}\n.lkx-card-body{padding:14px 16px 16px;display:flex;flex-direction:column;gap:7px;flex:1}\n.lkx-card-bottom{margin-top:auto;padding-top:10px;display:flex;align-items:center;justify-content:space-between;gap:8px}\n\n\/* DISCLOSURE \u2014 drobn\u00e1, kv\u016fli d\u016fv\u011b\u0159e\/z\u00e1konu *\/\n.lkx-disclosure{font-size:11px;color:#a7adb3;text-align:center;margin-top:14px;line-height:1.6}\n.lkx-disclosure a{color:#c39f76;text-decoration:none}\n\n@media(max-width:680px){\n  .lkx-hero{grid-template-columns:1fr}\n  .lkx-hero-img{min-height:180px}\n  .lkx-grid{grid-template-columns:1fr}\n  .lkx-head-meta{margin-left:0;width:100%}\n  .lkx-head-title{font-size:19px}\n}\n\n<\/style>\n<div class=\"lkx-module\" data-query=\"letenky barcelona\">\n  <div class=\"lkx-head\">\n    <div class=\"lkx-head-main\">\n      <span class=\"lkx-head-accent\"><\/span>\n      <span class=\"lkx-head-title\">Esperienze e biglietti<\/span>\n    <\/div>\n    <span class=\"lkx-head-meta\">valutato dai viaggiatori \u00b7 GetYourGuide<\/span>\n  <\/div><a class=\"lkx-hero\" href=\"https:\/\/www.getyourguide.com\/it-it\/barcellona-l45\/hola-bcn-barcellona-travel-card-t50000\/?partner_id=MKZ64IS&amp;utm_medium=online_publisher&amp;cmp=come-arrivare-barcellona-spagna\" target=\"_blank\" rel=\"sponsored noopener nofollow\">\n    <div class=\"lkx-hero-img\" style=\"background-image:url('https:\/\/cdn.getyourguide.com\/img\/tour\/88b8b216ab478b32.jpeg\/132.jpg')\" role=\"img\" aria-label=\"Barcellona: Hola Barcelona Abbonamento per i trasporti pubblici\">\n      <span class=\"lkx-pick\">\u2605 La nostra scelta<\/span><\/div>\n    <div class=\"lkx-hero-body\">\n      <div class=\"lkx-title\">Barcellona: Hola Barcelona Abbonamento per i trasporti pubblici<\/div>\n      <div class=\"lkx-proof\">\n      <span class=\"lkx-stars\">\u2605\u2605\u2605\u2605\u2605<\/span>\n      <b>4.5<\/b> \u00b7 22 187 recensioni\n    <\/div>\n      <div class=\"lkx-hero-bottom\"><div class=\"lkx-price\">da <b>19\u00a0\u20ac<\/b><\/div><span class=\"lkx-cta lkx-cta-hero\">Voglio questa esperienza \u2192<\/span>\n      <\/div>\n    <\/div>\n  <\/a><div class=\"lkx-grid\"><a class=\"lkx-card\" href=\"https:\/\/www.getyourguide.com\/it-it\/barcellona-l45\/sagrada-familia-biglietto-salta-la-fila-t50027\/?partner_id=MKZ64IS&amp;utm_medium=online_publisher&amp;cmp=come-arrivare-barcellona-spagna\" target=\"_blank\" rel=\"sponsored noopener nofollow\">\n      <div class=\"lkx-card-img\" style=\"background-image:url('https:\/\/cdn.getyourguide.com\/img\/tour\/62bacf6a87bba.jpeg\/132.jpg')\" role=\"img\" aria-label=\"Barcellona: biglietto d&#39;ingresso per la Sagrada Familia con audioguida\"><\/div>\n      <div class=\"lkx-card-body\">\n        <div class=\"lkx-title lkx-title-sm\">Barcellona: biglietto d&#39;ingresso per la Sagrada Familia con audioguida<\/div>\n        <div class=\"lkx-proof lkx-proof-sm\">\n      <span class=\"lkx-stars\">\u2605<\/span>\n      <b>4.6<\/b> \u00b7 117 939\n    <\/div>\n        <div class=\"lkx-card-bottom\"><span class=\"lkx-price lkx-price-sm\">da <b>34\u00a0\u20ac<\/b><\/span><span class=\"lkx-cta lkx-cta-sm\">Vedi le date \u2192<\/span>\n        <\/div>\n      <\/div>\n    <\/a><a class=\"lkx-card\" href=\"https:\/\/www.getyourguide.com\/it-it\/barcellona-l45\/barcellona-trasferimento-aeroportuale-aerobus-per-il-centro-citta-t1106572\/?partner_id=MKZ64IS&amp;utm_medium=online_publisher&amp;cmp=come-arrivare-barcellona-spagna\" target=\"_blank\" rel=\"sponsored noopener nofollow\">\n      <div class=\"lkx-card-img\" style=\"background-image:url('https:\/\/cdn.getyourguide.com\/img\/tour\/fb30594c49d3b13cd26d272195e3c49155cffbdb70f866369b29c429d17194e8.jpeg\/132.jpg')\" role=\"img\" aria-label=\"Barcellona: trasferimento aeroportuale Aerob\u00fas per il centro citt\u00e0\"><\/div>\n      <div class=\"lkx-card-body\">\n        <div class=\"lkx-title lkx-title-sm\">Barcellona: trasferimento aeroportuale Aerob\u00fas per il centro citt\u00e0<\/div>\n        <div class=\"lkx-proof lkx-proof-sm\">\n      <span class=\"lkx-stars\">\u2605<\/span>\n      <b>4.6<\/b> \u00b7 267\n    <\/div>\n        <div class=\"lkx-card-bottom\"><span class=\"lkx-price lkx-price-sm\">da <b>8\u00a0\u20ac<\/b><\/span><span class=\"lkx-cta lkx-cta-sm\">Vedi le date \u2192<\/span>\n        <\/div>\n      <\/div>\n    <\/a><\/div><div class=\"lkx-disclosure\">\ud83d\udd17 Link di affiliazione \u2014 nessun costo aggiuntivo per te, ci aiutano a creare contenuti. \u00b7 <a href=\"https:\/\/www.getyourguide.com\/it-it\/s\/?q=letenky+barcelona&amp;partner_id=MKZ64IS&amp;utm_medium=online_publisher\" target=\"_blank\" rel=\"sponsored noopener nofollow\">Tutte le esperienze \u2192<\/a><\/div>\n<\/div>\n<!-- LKM_GYG_CARD end -->\n\n\n\n\n<div class=\"lk-stays-module\">\n<style>\n\/* \u2500\u2500\u2500 RESET PRO GUTENBERG \u2500\u2500\u2500 *\/\n.lk-stays-module * { box-sizing: border-box; margin: 0; padding: 0; }\n\n\/* \u2500\u2500\u2500 WRAPPER \u2500\u2500\u2500 *\/\n.lk-stays-module {\n  font-family: 'DM Sans', Georgia, sans-serif;\n  max-width: 100%;\n  margin: 2.5rem auto;\n  background: linear-gradient(135deg, #fdfaf5 0%, #fcf8f0 100%);\n  border: 1px solid #e8dfd4;\n  border-radius: 16px;\n  overflow: hidden;\n  box-shadow: 0 16px 48px rgba(195, 159, 118, 0.25), 0 4px 12px rgba(0,0,0,0.08);\n}\n\n\/* \u2500\u2500\u2500 HEADER \u2500\u2500\u2500 *\/\n.lk-stays-header {\n  position: relative;\n  padding: 24px 36px 24px;\n  background: linear-gradient(135deg, #c39f76 0%, #d4b188 60%, #c39f76 100%);\n  border-bottom: 1px solid rgba(255,255,255,.15);\n  display: flex;\n  align-items: center;\n  gap: 18px;\n}\n.lk-stays-header::before {\n  content: '';\n  position: absolute;\n  inset: 0;\n  background: url(\"data:image\/svg+xml,%3Csvg width='60' height='60' viewBox='0 0 60 60' xmlns='http:\/\/www.w3.org\/2000\/svg'%3E%3Cg fill='none' fill-rule='evenodd'%3E%3Cg fill='%23ffffff' fill-opacity='0.05'%3E%3Cpath d='M36 34v-4h-2v4h-4v2h4v4h2v-4h4v-2h-4zm0-30V0h-2v4h-4v2h4v4h2V6h4V4h-4zM6 34v-4H4v4H0v2h4v4h2v-4h4v-2H6zM6 4V0H4v4H0v2h4v4h2V6h4V4H6z'\/%3E%3C\/g%3E%3C\/g%3E%3C\/svg%3E\") repeat;\n  pointer-events: none;\n}\n.lk-stays-icon {\n  flex-shrink: 0;\n  width: 68px;\n  height: 68px;\n  border-radius: 14px;\n  background: linear-gradient(135deg, #fff 0%, #f9f6f0 100%);\n  display: flex;\n  align-items: center;\n  justify-content: center;\n  font-size: 26px;\n  box-shadow: 0 4px 12px rgba(0,0,0,0.15);\n}\n.lk-stays-eyebrow {\n  font-size: 10px;\n  font-weight: 500;\n  letter-spacing: 2.5px;\n  text-transform: uppercase;\n  color: rgba(255,255,255,.85);\n  margin: 0 0 5px 0;\n}\n.lk-stays-title {\n  font-family: 'Playfair Display', Georgia, serif;\n  font-size: 24px;\n  font-weight: 700;\n  color: #fff;\n  line-height: 1.2;\n  text-shadow: 0 1px 2px rgba(0,0,0,0.1);\n  margin: 0;\n}\n.lk-stays-subtitle {\n  font-size: 13px;\n  color: rgba(255,255,255,.75);\n  margin: 4px 0 0 0;\n  font-weight: 300;\n}\n\n\/* \u2500\u2500\u2500 CARDS GRID \u2500\u2500\u2500 *\/\n.lk-stays-grid {\n  display: grid;\n  grid-template-columns: 1fr 1fr;\n  gap: 1px;\n  background: rgba(195, 159, 118, 0.12);\n}\n\n\/* \u2500\u2500\u2500 SINGLE CARD \u2500\u2500\u2500 *\/\n.lk-stay-card {\n  background: #ffffff;\n  padding: 26px;\n  display: flex;\n  flex-direction: column;\n  gap: 11px;\n  transition: all 0.3s ease;\n  text-decoration: none;\n  color: inherit;\n  position: relative;\n}\n.lk-stay-card:hover {\n  background: #fffbf5;\n  transform: translateY(-2px);\n  box-shadow: 0 8px 24px rgba(195, 159, 118, 0.18);\n  z-index: 1;\n}\n.lk-stay-card.featured {\n  background: linear-gradient(135deg, #fffdf9 0%, #fff9f0 100%);\n  box-shadow: 0 4px 16px rgba(195, 159, 118, 0.15), inset 0 1px 0 rgba(195, 159, 118, 0.1);\n}\n.lk-stay-card.featured:hover {\n  background: linear-gradient(135deg, #fffbf5 0%, #fff8ed 100%);\n  box-shadow: 0 8px 24px rgba(195, 159, 118, 0.25), inset 0 1px 0 rgba(195, 159, 118, 0.15);\n}\n\n.lk-stay-badge {\n  display: inline-flex;\n  align-items: center;\n  gap: 5px;\n  font-size: 10px;\n  font-weight: 500;\n  letter-spacing: 1.5px;\n  text-transform: uppercase;\n  padding: 5px 11px;\n  border-radius: 20px;\n  width: fit-content;\n}\n.badge-top     { background: linear-gradient(135deg, #c39f76 0%, #d4b188 100%); color: #fff; border: 1px solid #c39f76; font-weight: 600; box-shadow: 0 2px 8px rgba(195,159,118,0.3); }\n.badge-luxury  { background: rgba(195,159,118,.12); color: #c39f76; border: 1px solid rgba(195,159,118,.25); }\n.badge-boutique{ background: rgba(54,133,252,.08); color: #3685fc; border: 1px solid rgba(54,133,252,.2); }\n.badge-nature  { background: rgba(130,190,100,.1); color: #6b9c4a; border: 1px solid rgba(130,190,100,.2); }\n.badge-remote  { background: rgba(195,159,118,.12); color: #a67e50; border: 1px solid rgba(195,159,118,.25); }\n\n.lk-stay-name {\n  font-family: 'Playfair Display', Georgia, serif;\n  font-size: 18px;\n  font-weight: 700;\n  color: #111827;\n  line-height: 1.3;\n}\n.lk-stay-desc {\n  font-size: 13.5px;\n  color: #525252;\n  line-height: 1.65;\n  font-weight: 300;\n  flex: 1;\n}\n\n.lk-stay-meta {\n  display: flex;\n  align-items: center;\n  gap: 12px;\n  flex-wrap: wrap;\n  margin-top: 4px;\n}\n.lk-stay-price {\n  font-size: 13px;\n  color: #6b7280;\n}\n.lk-stay-price strong {\n  color: #c39f76;\n  font-weight: 500;\n}\n.lk-stay-stars {\n  color: #c39f76;\n  font-size: 11px;\n  letter-spacing: 1px;\n}\n\n\/* \u2500\u2500\u2500 CTA BUTTON \u2500\u2500\u2500 *\/\n.lk-stay-cta {\n  display: inline-flex;\n  align-items: center;\n  justify-content: center;\n  gap: 7px;\n  margin-top: 8px;\n  padding: 11px 20px;\n  border-radius: 8px;\n  background: linear-gradient(135deg, #3685fc 0%, #2a6fd9 100%);\n  color: #fff;\n  font-size: 13px;\n  font-weight: 500;\n  text-decoration: none;\n  letter-spacing: .3px;\n  transition: all .2s ease;\n  cursor: pointer;\n  border: none;\n  text-align: center;\n  box-shadow: 0 4px 12px rgba(54, 133, 252, 0.25);\n}\n.lk-stay-cta:hover {\n  background: linear-gradient(135deg, #2a6fd9 0%, #1e5bc4 100%);\n  transform: translateY(-1px);\n  box-shadow: 0 6px 16px rgba(54, 133, 252, 0.35);\n}\n.lk-stay-cta svg { flex-shrink: 0; }\n\n\/* \u2500\u2500\u2500 FOOTER \u2500\u2500\u2500 *\/\n.lk-stays-footer {\n  padding: 18px 36px;\n  background: linear-gradient(to bottom, #fdfaf5 0%, #f9f4ed 100%);\n  border-top: 1px solid rgba(195, 159, 118, 0.15);\n  display: flex;\n  align-items: center;\n  justify-content: space-between;\n  flex-wrap: wrap;\n  gap: 12px;\n}\n.lk-stays-footer-note {\n  font-size: 11.5px;\n  color: #6b7280;\n  font-weight: 300;\n  line-height: 1.5;\n}\n.lk-stays-footer-note a {\n  color: #c39f76;\n  text-decoration: none;\n  font-weight: 400;\n}\n.lk-stays-footer-note a:hover {\n  text-decoration: underline;\n}\n.lk-stays-all-btn {\n  display: inline-flex;\n  align-items: center;\n  gap: 6px;\n  font-size: 12.5px;\n  font-weight: 500;\n  color: #c39f76;\n  text-decoration: none;\n  border: 1px solid rgba(195, 159, 118, 0.35);\n  padding: 8px 18px;\n  border-radius: 8px;\n  transition: all .2s ease;\n}\n.lk-stays-all-btn:hover {\n  background: rgba(195, 159, 118, 0.08);\n  border-color: rgba(195, 159, 118, 0.5);\n}\n\n\/* \u2500\u2500\u2500 RESPONSIVE \u2500\u2500\u2500 *\/\n@media (max-width: 600px) {\n  .lk-stays-grid { grid-template-columns: 1fr; }\n  .lk-stays-header { padding: 24px 20px; }\n  .lk-stays-footer { padding: 16px 20px; }\n  .lk-stay-card { padding: 22px; }\n  .lk-stays-title { font-size: 20px; }\n}\n<\/style>\n\n  <!-- HEADER -->\n  <div class=\"lk-stays-header\">\n    <img decoding=\"async\" src=\"https:\/\/loudavymkrokem.cz\/wp-content\/uploads\/2026\/02\/lukas-a-lucka.jpg\" alt=\"\" style=\"width: 75px; height: 75px; border-radius: 8px; flex-shrink: 0; object-fit: cover; display: block; margin: 4px 0;\" title=\"\">\n    <div class=\"lk-stays-header-text\">\n      <div class=\"lk-stays-eyebrow\">Luk\u00e1\u0161 e Lucie raccomandano<\/div>\n      <div class=\"lk-stays-title\">Dove alloggiare a Barcellona<\/div>\n      <div class=\"lk-stays-subtitle\">6 alloggi \u2014 hotel, hotel wellness e altre opzioni di alloggio<\/div>\n    <\/div>\n  <\/div>\n\n  <!-- CARDS -->\n  <div class=\"lk-stays-grid\">\n\n    <a class=\"lk-stay-card featured\" href=\"https:\/\/www.stay22.com\/allez\/roam?aid=lukaskonecny&#038;campaign=loudavymkrokemcz&#038;campaign=it&#038;campaign=letenkydobarcelony&#038;address=Barcelona&#038;hotelname=Hotel+Gaud%C3%AD&#038;search=Hotel+Gaud%C3%AD&#038;category=accommodation\" target=\"_blank\" rel=\"nofollow noopener\">\n      <span class=\"lk-stay-badge badge-top\">\u2b50 SCELTA TOP<\/span>\n      <span class=\"lk-stay-badge badge-nature\">\ud83c\udfe8 Hotel<\/span>\n      <div class=\"lk-stay-name\">Hotel Gaud\u00ed<\/div>\n      <div class=\"lk-stay-desc\">Scelta strategica a pochi passi dal Palau G\u00fcell e La Rambla. Terrazza panoramica con piscina e vista sui comignoli di Gaud\u00ed.<\/div>\n      <div class=\"lk-stay-meta\">\n        <span class=\"lk-stay-stars\">\u2605\u2605\u2605\u2605<\/span>\n        <span class=\"lk-stay-price\">Controlla i prezzi<\/span>\n      <\/div>\n      <span class=\"lk-stay-cta\">\n        <svg width=\"14\" height=\"14\" viewBox=\"0 0 24 24\" fill=\"none\" stroke=\"currentColor\" stroke-width=\"2\"><path d=\"M18 13v6a2 2 0 0 1-2 2H5a2 2 0 0 1-2-2V8a2 2 0 0 1 2-2h6\"\/><polyline points=\"15 3 21 3 21 9\"\/><line x1=\"10\" y1=\"14\" x2=\"21\" y2=\"3\"\/><\/svg>\n        Verifica disponibilit\u00e0\n      <\/span>\n    <\/a>\n\n    <a class=\"lk-stay-card\" href=\"https:\/\/www.stay22.com\/allez\/roam?aid=lukaskonecny&#038;campaign=loudavymkrokemcz&#038;campaign=it&#038;campaign=letenkydobarcelony&#038;address=Barcelona&#038;hotelname=Hotel+Ayre+Rosell%C3%B3n&#038;search=Hotel+Ayre+Rosell%C3%B3n&#038;category=accommodation\" target=\"_blank\" rel=\"nofollow noopener\">\n      <span class=\"lk-stay-badge badge-nature\">\ud83c\udfe8 Hotel<\/span>\n      <div class=\"lk-stay-name\">Hotel Ayre Rosell\u00f3n<\/div>\n      <div class=\"lk-stay-desc\">Vista mozzafiato direttamente sulla Sagrada Fam\u00edlia in costruzione dal bar sulla terrazza. Scelta visivamente sbalorditiva.<\/div>\n      <div class=\"lk-stay-meta\">\n        <span class=\"lk-stay-stars\">\u2605\u2605\u2605\u2605<\/span>\n        <span class=\"lk-stay-price\">Controlla i prezzi<\/span>\n      <\/div>\n      <span class=\"lk-stay-cta\">\n        <svg width=\"14\" height=\"14\" viewBox=\"0 0 24 24\" fill=\"none\" stroke=\"currentColor\" stroke-width=\"2\"><path d=\"M18 13v6a2 2 0 0 1-2 2H5a2 2 0 0 1-2-2V8a2 2 0 0 1 2-2h6\"\/><polyline points=\"15 3 21 3 21 9\"\/><line x1=\"10\" y1=\"14\" x2=\"21\" y2=\"3\"\/><\/svg>\n        Verifica disponibilit\u00e0\n      <\/span>\n    <\/a>\n\n    <a class=\"lk-stay-card\" href=\"https:\/\/www.stay22.com\/allez\/roam?aid=lukaskonecny&#038;campaign=loudavymkrokemcz&#038;campaign=it&#038;campaign=letenkydobarcelony&#038;address=Barcelona&#038;hotelname=Motel+One+Barcelona-Ciutadella&#038;search=Motel+One+Barcelona-Ciutadella&#038;category=accommodation\" target=\"_blank\" rel=\"nofollow noopener\">\n      <span class=\"lk-stay-badge badge-nature\">\ud83c\udfe8 Hotel<\/span>\n      <div class=\"lk-stay-name\">Motel One Barcelona-Ciutadella<\/div>\n      <div class=\"lk-stay-desc\">Camere moderne accanto ad un enorme parco a pochi passi dalla spiaggia. Ottima scelta per budget ridotti.<\/div>\n      <div class=\"lk-stay-meta\">\n        <span class=\"lk-stay-stars\">\u2605\u2605\u2605\u2605<\/span>\n        <span class=\"lk-stay-price\">Controlla i prezzi<\/span>\n      <\/div>\n      <span class=\"lk-stay-cta\">\n        <svg width=\"14\" height=\"14\" viewBox=\"0 0 24 24\" fill=\"none\" stroke=\"currentColor\" stroke-width=\"2\"><path d=\"M18 13v6a2 2 0 0 1-2 2H5a2 2 0 0 1-2-2V8a2 2 0 0 1 2-2h6\"\/><polyline points=\"15 3 21 3 21 9\"\/><line x1=\"10\" y1=\"14\" x2=\"21\" y2=\"3\"\/><\/svg>\n        Verifica disponibilit\u00e0\n      <\/span>\n    <\/a>\n\n    <a class=\"lk-stay-card\" href=\"https:\/\/www.stay22.com\/allez\/roam?aid=lukaskonecny&#038;campaign=loudavymkrokemcz&#038;campaign=it&#038;campaign=letenkydobarcelony&#038;address=Barcelona&#038;hotelname=W+Barcelona&#038;search=W+Barcelona&#038;category=accommodation\" target=\"_blank\" rel=\"nofollow noopener\">\n      <span class=\"lk-stay-badge badge-nature\">\u2b50 Luxury<\/span>\n      <div class=\"lk-stay-name\">W Barcelona<\/div>\n      <div class=\"lk-stay-desc\">Edificio iconico a forma di vela che domina la costa. Lusso assoluto con risveglio al suono delle onde.<\/div>\n      <div class=\"lk-stay-meta\">\n        <span class=\"lk-stay-stars\">\u2605\u2605\u2605\u2605<\/span>\n        <span class=\"lk-stay-price\">Controlla i prezzi<\/span>\n      <\/div>\n      <span class=\"lk-stay-cta\">\n        <svg width=\"14\" height=\"14\" viewBox=\"0 0 24 24\" fill=\"none\" stroke=\"currentColor\" stroke-width=\"2\"><path d=\"M18 13v6a2 2 0 0 1-2 2H5a2 2 0 0 1-2-2V8a2 2 0 0 1 2-2h6\"\/><polyline points=\"15 3 21 3 21 9\"\/><line x1=\"10\" y1=\"14\" x2=\"21\" y2=\"3\"\/><\/svg>\n        Verifica disponibilit\u00e0\n      <\/span>\n    <\/a>\n\n    <a class=\"lk-stay-card\" href=\"https:\/\/www.stay22.com\/allez\/roam?aid=lukaskonecny&#038;campaign=loudavymkrokemcz&#038;campaign=it&#038;campaign=letenkydobarcelony&#038;address=Barcelona&#038;hotelname=Hostel+One+Paralelo&#038;search=Hostel+One+Paralelo&#038;category=accommodation\" target=\"_blank\" rel=\"nofollow noopener\">\n      <span class=\"lk-stay-badge badge-nature\">\ud83c\udfe1 Ostello<\/span>\n      <div class=\"lk-stay-name\">Hostel One Paralelo<\/div>\n      <div class=\"lk-stay-desc\">Atmosfera straordinariamente amichevole e serate in compagnia. Ideale per backpacker e viaggiatori solitari secondo le recensioni.<\/div>\n      <div class=\"lk-stay-meta\">\n        <span class=\"lk-stay-stars\">\u2605\u2605\u2605\u2605<\/span>\n        <span class=\"lk-stay-price\">Controlla i prezzi<\/span>\n      <\/div>\n      <span class=\"lk-stay-cta\">\n        <svg width=\"14\" height=\"14\" viewBox=\"0 0 24 24\" fill=\"none\" stroke=\"currentColor\" stroke-width=\"2\"><path d=\"M18 13v6a2 2 0 0 1-2 2H5a2 2 0 0 1-2-2V8a2 2 0 0 1 2-2h6\"\/><polyline points=\"15 3 21 3 21 9\"\/><line x1=\"10\" y1=\"14\" x2=\"21\" y2=\"3\"\/><\/svg>\n        Verifica disponibilit\u00e0\n      <\/span>\n    <\/a>\n\n    <a class=\"lk-stay-card\" href=\"https:\/\/www.stay22.com\/allez\/roam?aid=lukaskonecny&#038;campaign=loudavymkrokemcz&#038;campaign=it&#038;campaign=letenkydobarcelony&#038;address=barcelona\" target=\"_blank\" rel=\"nofollow noopener\">\n      <span class=\"lk-stay-badge badge-nature\">\ud83d\udd0d Cerca<\/span>\n      <div class=\"lk-stay-name\">Visualizza tutti gli alloggi a Barcellona<\/div>\n      <div class=\"lk-stay-desc\">Esplora tutte le opzioni di alloggio disponibili a Barcellona e trova la migliore secondo le tue preferenze e il tuo budget.<\/div>\n      <div class=\"lk-stay-meta\">\n        <span class=\"lk-stay-stars\">\u2605\u2605\u2605\u2605<\/span>\n        <span class=\"lk-stay-price\">Confronta i prezzi<\/span>\n      <\/div>\n      <span class=\"lk-stay-cta\">\n        <svg width=\"14\" height=\"14\" viewBox=\"0 0 24 24\" fill=\"none\" stroke=\"currentColor\" stroke-width=\"2\"><path d=\"M18 13v6a2 2 0 0 1-2 2H5a2 2 0 0 1-2-2V8a2 2 0 0 1 2-2h6\"\/><polyline points=\"15 3 21 3 21 9\"\/><line x1=\"10\" y1=\"14\" x2=\"21\" y2=\"3\"\/><\/svg>\n        Verifica disponibilit\u00e0\n      <\/span>\n    <\/a>\n\n  <\/div>\n\n  \n<\/div>\n\n\n\n\n<h3 class=\"wp-block-heading\"><span class=\"ez-toc-section\" id=\"7_In_treno_dallItalia_per_chi_aspetta_un_bambino_e_chi_non_vola\"><\/span>7. In treno dall&#8217;Italia: per chi aspetta un bambino e chi non vola<span class=\"ez-toc-section-end\"><\/span><\/h3>\n\n\n\n<p class=\"wp-block-paragraph\">Questo tema affascinante viene ignorato dalla maggior parte delle guide, eppure esiste un enorme gruppo di viaggiatori che semplicemente non pu\u00f2 o non vuole salire tra le nuvole. Il motivo \u00e8 molto spesso una <strong>gravidanza avanzata, la paura panica di volare o magari un viaggio con animali domestici di grandi dimensioni<\/strong>. Per loro l&#8217;intera vacanza si trasforma spesso in un grande ed estenuante rompicapo logistico.<\/p>\n\n\n\n<p class=\"wp-block-paragraph\">Un&#8217;ottima notizia \u00e8 che raggiungere il mare comodamente sulle rotaie <strong>si pu\u00f2 davvero fare<\/strong>, serve solo la giusta pianificazione. Molti viaggiatori che hanno dovuto affrontare il viaggio in gravidanza, sfidando lo scetticismo altrui, hanno alla fine scoperto soluzioni perfettamente funzionanti.<\/p>\n\n\n\n<p class=\"wp-block-paragraph\">Come si presenta nella realt\u00e0 un viaggio cos\u00ec lungo? Non \u00e8 una questione da fare tutta d&#8217;un fiato, se non vuoi distruggerti fisicamente. <strong>Dall&#8217;Italia il percorso pi\u00f9 comodo passa attraverso la Francia meridionale<\/strong>: da citt\u00e0 come Milano o Torino puoi raggiungere Lione o Montpellier, ottimi punti dove pernottare in hotel e recuperare le forze.<\/p>\n\n\n\n<p class=\"wp-block-paragraph\">Il giorno successivo, la mattina, sali semplicemente sui veloci treni francesi che ti <strong>portano fluidamente fino alla stazione principale di Barcellona, Sants<\/strong>. \u00c8 il viaggio lento nella sua forma pi\u00f9 pura, che richiede s\u00ec pi\u00f9 tempo, ma offre splendide viste sul paesaggio e uno stress praticamente minimo.<\/p>\n\n\n\n<p class=\"wp-block-paragraph\">\ud83d\udca1 Consiglio: I biglietti per tutti i treni europei <strong>compra\u200bli idealmente tramite i siti ufficiali delle ferrovie francesi o italiane<\/strong>, dove trovi i biglietti anticipati pi\u00f9 convenienti senza gli enormi sovrapprezzi degli intermediari.<\/p>\n\n\n\n<figure data-wp-context=\"{&quot;imageId&quot;:&quot;6a951baddeab4&quot;}\" data-wp-interactive=\"core\/image\" data-wp-key=\"6a951baddeab4\" class=\"wp-block-image size-full wp-lightbox-container\"><img decoding=\"async\" width=\"1600\" height=\"1067\" data-wp-class--hide=\"state.isContentHidden\" data-wp-class--show=\"state.isContentVisible\" data-wp-init=\"callbacks.setButtonStyles\" data-wp-on--click=\"actions.showLightbox\" data-wp-on--load=\"callbacks.setButtonStyles\" data-wp-on--pointerdown=\"actions.preloadImage\" data-wp-on--pointerenter=\"actions.preloadImageWithDelay\" data-wp-on--pointerleave=\"actions.cancelPreload\" data-wp-on-window--resize=\"callbacks.setButtonStyles\" src=\"https:\/\/loudavymkrokem.cz\/wp-content\/uploads\/2026\/08\/barcelona-sant-andreu-px.jpg\" alt=\"Panorama di Barcellona con la Torre Gl\u00f2ries\" class=\"wp-image-376450\" title=\"\" srcset=\"https:\/\/loudavymkrokem.cz\/wp-content\/uploads\/2026\/08\/barcelona-sant-andreu-px.jpg 1600w, https:\/\/loudavymkrokem.cz\/wp-content\/uploads\/2026\/08\/barcelona-sant-andreu-px-300x200.jpg 300w, https:\/\/loudavymkrokem.cz\/wp-content\/uploads\/2026\/08\/barcelona-sant-andreu-px-700x467.jpg 700w, https:\/\/loudavymkrokem.cz\/wp-content\/uploads\/2026\/08\/barcelona-sant-andreu-px-768x512.jpg 768w, https:\/\/loudavymkrokem.cz\/wp-content\/uploads\/2026\/08\/barcelona-sant-andreu-px-1536x1024.jpg 1536w, https:\/\/loudavymkrokem.cz\/wp-content\/uploads\/2026\/08\/barcelona-sant-andreu-px-696x464.jpg 696w, https:\/\/loudavymkrokem.cz\/wp-content\/uploads\/2026\/08\/barcelona-sant-andreu-px-1392x928.jpg 1392w\" sizes=\"(max-width: 1600px) 100vw, 1600px\" \/><button\n\t\t\tclass=\"lightbox-trigger\"\n\t\t\ttype=\"button\"\n\t\t\taria-haspopup=\"dialog\"\n\t\t\tdata-wp-bind--aria-label=\"state.thisImage.triggerButtonAriaLabel\"\n\t\t\tdata-wp-init=\"callbacks.initTriggerButton\"\n\t\t\tdata-wp-on--click=\"actions.showLightbox\"\n\t\t\tdata-wp-style--right=\"state.thisImage.buttonRight\"\n\t\t\tdata-wp-style--top=\"state.thisImage.buttonTop\"\n\t\t>\n\t\t\t<svg xmlns=\"http:\/\/www.w3.org\/2000\/svg\" width=\"12\" height=\"12\" fill=\"none\" viewBox=\"0 0 12 12\">\n\t\t\t\t<path fill=\"#fff\" d=\"M2 0a2 2 0 0 0-2 2v2h1.5V2a.5.5 0 0 1 .5-.5h2V0H2Zm2 10.5H2a.5.5 0 0 1-.5-.5V8H0v2a2 2 0 0 0 2 2h2v-1.5ZM8 12v-1.5h2a.5.5 0 0 0 .5-.5V8H12v2a2 2 0 0 1-2 2H8Zm2-12a2 2 0 0 1 2 2v2h-1.5V2a.5.5 0 0 0-.5-.5H8V0h2Z\" \/>\n\t\t\t<\/svg>\n\t\t<\/button><\/figure>\n\n\n\n<h3 class=\"wp-block-heading\"><span class=\"ez-toc-section\" id=\"8_Percorso_alternativo_in_treno_via_Parigi\"><\/span>8. Percorso alternativo in treno via Parigi<span class=\"ez-toc-section-end\"><\/span><\/h3>\n\n\n\n<p class=\"wp-block-paragraph\">Se non ti piace l&#8217;idea di un lungo viaggio attraverso il sud della Francia, esiste ancora un&#8217;elegante alternativa ferroviaria con un pizzico di fascino francese. Dall&#8217;Italia puoi raggiungere la capitale francese con treni ad alta velocit\u00e0, da dove <strong>parte un collegamento diretto ad alta velocit\u00e0 fino alla soleggiata costa spagnola<\/strong>.<\/p>\n\n\n\n<p class=\"wp-block-paragraph\">Dalla vivace stazione parigina di Gare de Lyon partono infatti regolarmente TGV diretti, gestiti dalla riuscita cooperazione delle compagnie spagnola e francese Renfe e SNCF. Questo splendido treno veloce aerodinamico <strong>copre la tratta Parigi\u2013Barcellona in soli 6 ore e 15 minuti<\/strong>, un tempo assolutamente fenomenale per una distanza cos\u00ec enorme.<\/p>\n\n\n\n<p class=\"wp-block-paragraph\">Questo collegamento diretto viaggia attualmente due volte al giorno, di solito la mattina presto e nel primo pomeriggio, ma ricorda che al momento su questa tratta non esiste il classico treno notturno con cuccette. Questa opzione \u00e8 assolutamente perfetta se pianifichi una vacanza pi\u00f9 lunga di due settimane e <strong>vuoi fare lungo il tragitto una sosta romantica con un caff\u00e8 sotto la Torre Eiffel<\/strong>.<\/p>\n\n\n\n<p class=\"wp-block-paragraph\">\ud83d\udca1 Consiglio: I posti sui treni veloci francesi TGV vanno esauriti fulmineamente nei mesi estivi, quindi <strong>effettua la prenotazione appena il vettore apre la prevendita<\/strong>, cosa che avviene di solito tre mesi prima.<\/p>\n\n\n\n<figure data-wp-context=\"{&quot;imageId&quot;:&quot;6a951baddef6c&quot;}\" data-wp-interactive=\"core\/image\" data-wp-key=\"6a951baddef6c\" class=\"wp-block-image size-full wp-lightbox-container\"><img decoding=\"async\" width=\"1600\" height=\"2060\" data-wp-class--hide=\"state.isContentHidden\" data-wp-class--show=\"state.isContentVisible\" data-wp-init=\"callbacks.setButtonStyles\" data-wp-on--click=\"actions.showLightbox\" data-wp-on--load=\"callbacks.setButtonStyles\" data-wp-on--pointerdown=\"actions.preloadImage\" data-wp-on--pointerenter=\"actions.preloadImageWithDelay\" data-wp-on--pointerleave=\"actions.cancelPreload\" data-wp-on-window--resize=\"callbacks.setButtonStyles\" src=\"https:\/\/loudavymkrokem.cz\/wp-content\/uploads\/2026\/08\/barcelona-kdy-jet-do-barcelony-podle-typu-dovo.jpg\" alt=\"La cattedrale di Barcellona in Pla de la Seu\" class=\"wp-image-376378\" title=\"\" srcset=\"https:\/\/loudavymkrokem.cz\/wp-content\/uploads\/2026\/08\/barcelona-kdy-jet-do-barcelony-podle-typu-dovo.jpg 1600w, https:\/\/loudavymkrokem.cz\/wp-content\/uploads\/2026\/08\/barcelona-kdy-jet-do-barcelony-podle-typu-dovo-233x300.jpg 233w, https:\/\/loudavymkrokem.cz\/wp-content\/uploads\/2026\/08\/barcelona-kdy-jet-do-barcelony-podle-typu-dovo-700x901.jpg 700w, https:\/\/loudavymkrokem.cz\/wp-content\/uploads\/2026\/08\/barcelona-kdy-jet-do-barcelony-podle-typu-dovo-768x989.jpg 768w, https:\/\/loudavymkrokem.cz\/wp-content\/uploads\/2026\/08\/barcelona-kdy-jet-do-barcelony-podle-typu-dovo-1193x1536.jpg 1193w, https:\/\/loudavymkrokem.cz\/wp-content\/uploads\/2026\/08\/barcelona-kdy-jet-do-barcelony-podle-typu-dovo-1591x2048.jpg 1591w, https:\/\/loudavymkrokem.cz\/wp-content\/uploads\/2026\/08\/barcelona-kdy-jet-do-barcelony-podle-typu-dovo-696x896.jpg 696w, https:\/\/loudavymkrokem.cz\/wp-content\/uploads\/2026\/08\/barcelona-kdy-jet-do-barcelony-podle-typu-dovo-1392x1792.jpg 1392w\" sizes=\"(max-width: 1600px) 100vw, 1600px\" \/><button\n\t\t\tclass=\"lightbox-trigger\"\n\t\t\ttype=\"button\"\n\t\t\taria-haspopup=\"dialog\"\n\t\t\tdata-wp-bind--aria-label=\"state.thisImage.triggerButtonAriaLabel\"\n\t\t\tdata-wp-init=\"callbacks.initTriggerButton\"\n\t\t\tdata-wp-on--click=\"actions.showLightbox\"\n\t\t\tdata-wp-style--right=\"state.thisImage.buttonRight\"\n\t\t\tdata-wp-style--top=\"state.thisImage.buttonTop\"\n\t\t>\n\t\t\t<svg xmlns=\"http:\/\/www.w3.org\/2000\/svg\" width=\"12\" height=\"12\" fill=\"none\" viewBox=\"0 0 12 12\">\n\t\t\t\t<path fill=\"#fff\" d=\"M2 0a2 2 0 0 0-2 2v2h1.5V2a.5.5 0 0 1 .5-.5h2V0H2Zm2 10.5H2a.5.5 0 0 1-.5-.5V8H0v2a2 2 0 0 0 2 2h2v-1.5ZM8 12v-1.5h2a.5.5 0 0 0 .5-.5V8H12v2a2 2 0 0 1-2 2H8Zm2-12a2 2 0 0 1 2 2v2h-1.5V2a.5.5 0 0 0-.5-.5H8V0h2Z\" \/>\n\t\t\t<\/svg>\n\t\t<\/button><\/figure>\n\n\n\n<h3 class=\"wp-block-heading\"><span class=\"ez-toc-section\" id=\"9_In_auto_a_Barcellona_Preparati_alla_zona_ZBE\"><\/span>9. In auto a Barcellona? Preparati alla zona ZBE<span class=\"ez-toc-section-end\"><\/span><\/h3>\n\n\n\n<p class=\"wp-block-paragraph\">L&#8217;idea di caricare l&#8217;auto fino al tetto e raggiungere il mare con i propri mezzi suona estremamente allettante, soprattutto se pensi di campeggiare lungo il tragitto sulle scogliere della Costa Brava. Ma se punti direttamente al centro citt\u00e0 e hai prenotato l\u00ec un costoso hotel, <strong>meglio lasciare l&#8217;auto a casa o parcheggiata lontano in periferia<\/strong>.<\/p>\n\n\n\n<p class=\"wp-block-paragraph\">Barcellona ha infatti introdotto restrizioni davvero brutali contro le emissioni e il centro \u00e8 diventato per il normale automobilista letteralmente un campo minato. Tutta la citt\u00e0 all&#8217;interno delle enormi tangenziali Ronda de Dalt e Ronda Litoral rientra nella <strong>zona a basse emissioni chiamata ZBE Rondes Barcelona<\/strong>, dove i controlli ti lasciano entrare solo se la tua auto rispetta almeno la norma Euro 3 per la benzina o Euro 4 per il diesel.<\/p>\n\n\n\n<p class=\"wp-block-paragraph\">Qui per\u00f2 arriva l&#8217;ostacolo burocratico pi\u00f9 grande per chi arriva dall&#8217;estero. Non contare sul fatto di avere un adesivo ambientale sul vetro, perch\u00e9 da solo non ti garantisce l&#8217;ingresso. I veicoli con targa straniera <strong>devono registrarsi in anticipo online e gratuitamente nel registro AMB<\/strong>, gestito direttamente dalla capitale catalana.<\/p>\n\n\n\n<p class=\"wp-block-paragraph\">Sopra le strade sono infatti sospese telecamere intelligenti che scansionano automaticamente le targhe di tutte le auto in transito. Se entri nella zona e non figuri nel registro, <strong>il sistema ti commina senza piet\u00e0 una multa di 200 \u20ac<\/strong>. Se riesci a pagarla entro venti giorni, si riduce a un centinaio di euro, ma fa comunque male inutilmente.<\/p>\n\n\n\n<p class=\"wp-block-paragraph\">\ud83d\udca1 Consiglio: Il parcheggio in centro \u00e8 inoltre estremamente caro e i posti in strada sono pochissimi, perci\u00f2 <strong>la cosa migliore \u00e8 lasciare l&#8217;auto nei parcheggi di interscambio<\/strong> e proseguire con la metropolitana, che funziona benissimo.<\/p>\n\n\n\n<figure data-wp-context=\"{&quot;imageId&quot;:&quot;6a951baddf476&quot;}\" data-wp-interactive=\"core\/image\" data-wp-key=\"6a951baddf476\" class=\"wp-block-image size-full wp-lightbox-container\"><img decoding=\"async\" width=\"1920\" height=\"1717\" data-wp-class--hide=\"state.isContentHidden\" data-wp-class--show=\"state.isContentVisible\" data-wp-init=\"callbacks.setButtonStyles\" data-wp-on--click=\"actions.showLightbox\" data-wp-on--load=\"callbacks.setButtonStyles\" data-wp-on--pointerdown=\"actions.preloadImage\" data-wp-on--pointerenter=\"actions.preloadImageWithDelay\" data-wp-on--pointerleave=\"actions.cancelPreload\" data-wp-on-window--resize=\"callbacks.setButtonStyles\" src=\"https:\/\/loudavymkrokem.cz\/wp-content\/uploads\/2026\/08\/barcelona-jak-se-dostat-z-letiste-el-prat-do-c.jpg\" alt=\"Come arrivare dall&#039;aeroporto El Prat al centro\" class=\"wp-image-376476\" title=\"\" srcset=\"https:\/\/loudavymkrokem.cz\/wp-content\/uploads\/2026\/08\/barcelona-jak-se-dostat-z-letiste-el-prat-do-c.jpg 1920w, https:\/\/loudavymkrokem.cz\/wp-content\/uploads\/2026\/08\/barcelona-jak-se-dostat-z-letiste-el-prat-do-c-300x268.jpg 300w, https:\/\/loudavymkrokem.cz\/wp-content\/uploads\/2026\/08\/barcelona-jak-se-dostat-z-letiste-el-prat-do-c-700x626.jpg 700w, https:\/\/loudavymkrokem.cz\/wp-content\/uploads\/2026\/08\/barcelona-jak-se-dostat-z-letiste-el-prat-do-c-768x687.jpg 768w, https:\/\/loudavymkrokem.cz\/wp-content\/uploads\/2026\/08\/barcelona-jak-se-dostat-z-letiste-el-prat-do-c-1536x1374.jpg 1536w, https:\/\/loudavymkrokem.cz\/wp-content\/uploads\/2026\/08\/barcelona-jak-se-dostat-z-letiste-el-prat-do-c-696x622.jpg 696w, https:\/\/loudavymkrokem.cz\/wp-content\/uploads\/2026\/08\/barcelona-jak-se-dostat-z-letiste-el-prat-do-c-1392x1245.jpg 1392w\" sizes=\"(max-width: 1920px) 100vw, 1920px\" \/><button\n\t\t\tclass=\"lightbox-trigger\"\n\t\t\ttype=\"button\"\n\t\t\taria-haspopup=\"dialog\"\n\t\t\tdata-wp-bind--aria-label=\"state.thisImage.triggerButtonAriaLabel\"\n\t\t\tdata-wp-init=\"callbacks.initTriggerButton\"\n\t\t\tdata-wp-on--click=\"actions.showLightbox\"\n\t\t\tdata-wp-style--right=\"state.thisImage.buttonRight\"\n\t\t\tdata-wp-style--top=\"state.thisImage.buttonTop\"\n\t\t>\n\t\t\t<svg xmlns=\"http:\/\/www.w3.org\/2000\/svg\" width=\"12\" height=\"12\" fill=\"none\" viewBox=\"0 0 12 12\">\n\t\t\t\t<path fill=\"#fff\" d=\"M2 0a2 2 0 0 0-2 2v2h1.5V2a.5.5 0 0 1 .5-.5h2V0H2Zm2 10.5H2a.5.5 0 0 1-.5-.5V8H0v2a2 2 0 0 0 2 2h2v-1.5ZM8 12v-1.5h2a.5.5 0 0 0 .5-.5V8H12v2a2 2 0 0 1-2 2H8Zm2-12a2 2 0 0 1 2 2v2h-1.5V2a.5.5 0 0 0-.5-.5H8V0h2Z\" \/>\n\t\t\t<\/svg>\n\t\t<\/button><figcaption class=\"wp-element-caption\">Foto: Didier Descouens \/ Wikimedia Commons, Public domain<\/figcaption><\/figure>\n\n\n\n<h3 class=\"wp-block-heading\"><span class=\"ez-toc-section\" id=\"10_Come_arrivare_dallaeroporto_El_Prat_al_centro\"><\/span>10. Come arrivare dall&#8217;aeroporto El Prat al centro<span class=\"ez-toc-section-end\"><\/span><\/h3>\n\n\n\n<p class=\"wp-block-paragraph\">Quando finalmente atterrerai nel rovente aeroporto di Barcellona El Prat, ti aspetta l&#8217;ultimo rompicapo logistico che ti separa dalle tanto attese passeggiate nel vecchio quartiere gotico. L&#8217;opzione pi\u00f9 rapida e comoda \u00e8 senza dubbio <strong>l&#8217;autobus dell&#8217;aeroporto blu, chiamato Aerob\u00fas<\/strong>, che ti porta direttamente in Pla\u00e7a de Catalunya, la piazza centrale, senza fermate inutili.<\/p>\n\n\n\n<p class=\"wp-block-paragraph\">Questo biglietto, dopo il recente aumento, ti costa <strong>7,45 \u20ac a tratta<\/strong> e gli autobus partono da entrambi i terminal T1 e T2 con una regolarit\u00e0 di ferro. \u00c8 s\u00ec un po&#8217; pi\u00f9 caro dei normali mezzi pubblici, ma almeno non devi trascinare le valigie pesanti su scale infinite in un buio sotterraneo.<\/p>\n\n\n\n<p class=\"wp-block-paragraph\">Se preferisci viaggiare sottoterra, puoi usare la moderna linea di metro L9 Sud. Qui per\u00f2 fai molta attenzione, perch\u00e9 <strong>il popolare biglietto T-casual non \u00e8 affatto valido sulla metro dell&#8217;aeroporto<\/strong> e i tornelli moderni semplicemente non ti fanno passare. Per il viaggio dall&#8217;aeroporto devi comprare al distributore lo speciale Bitllet Aeroport, che attualmente costa 5,90 \u20ac. Per le coppie conviene molto di pi\u00f9 comprare il biglietto T-familiar, che a differenza del T-casual \u00e8 trasferibile a pi\u00f9 persone.<\/p>\n\n\n\n<p class=\"wp-block-paragraph\">\ud83d\udca1 Consiglio: Dal terminal T2 parte per il centro anche il classico treno suburbano RENFE, sul quale <strong>puoi invece usare senza problemi il normale biglietto<\/strong>, il che ne fa di gran lunga il mezzo di trasporto pi\u00f9 economico.<\/p>\n\n\n\n<figure data-wp-context=\"{&quot;imageId&quot;:&quot;6a951baddf998&quot;}\" data-wp-interactive=\"core\/image\" data-wp-key=\"6a951baddf998\" class=\"wp-block-image size-full wp-lightbox-container\"><img decoding=\"async\" width=\"1600\" height=\"900\" data-wp-class--hide=\"state.isContentHidden\" data-wp-class--show=\"state.isContentVisible\" data-wp-init=\"callbacks.setButtonStyles\" data-wp-on--click=\"actions.showLightbox\" data-wp-on--load=\"callbacks.setButtonStyles\" data-wp-on--pointerdown=\"actions.preloadImage\" data-wp-on--pointerenter=\"actions.preloadImageWithDelay\" data-wp-on--pointerleave=\"actions.cancelPreload\" data-wp-on-window--resize=\"callbacks.setButtonStyles\" src=\"https:\/\/loudavymkrokem.cz\/wp-content\/uploads\/2026\/08\/barcelona-sarria-sant-gervasi-px.jpg\" alt=\"Strada di Barcellona con stazione di bike sharing\" class=\"wp-image-376449\" title=\"\" srcset=\"https:\/\/loudavymkrokem.cz\/wp-content\/uploads\/2026\/08\/barcelona-sarria-sant-gervasi-px.jpg 1600w, https:\/\/loudavymkrokem.cz\/wp-content\/uploads\/2026\/08\/barcelona-sarria-sant-gervasi-px-300x169.jpg 300w, https:\/\/loudavymkrokem.cz\/wp-content\/uploads\/2026\/08\/barcelona-sarria-sant-gervasi-px-700x394.jpg 700w, https:\/\/loudavymkrokem.cz\/wp-content\/uploads\/2026\/08\/barcelona-sarria-sant-gervasi-px-768x432.jpg 768w, https:\/\/loudavymkrokem.cz\/wp-content\/uploads\/2026\/08\/barcelona-sarria-sant-gervasi-px-1536x864.jpg 1536w, https:\/\/loudavymkrokem.cz\/wp-content\/uploads\/2026\/08\/barcelona-sarria-sant-gervasi-px-696x392.jpg 696w, https:\/\/loudavymkrokem.cz\/wp-content\/uploads\/2026\/08\/barcelona-sarria-sant-gervasi-px-1392x783.jpg 1392w\" sizes=\"(max-width: 1600px) 100vw, 1600px\" \/><button\n\t\t\tclass=\"lightbox-trigger\"\n\t\t\ttype=\"button\"\n\t\t\taria-haspopup=\"dialog\"\n\t\t\tdata-wp-bind--aria-label=\"state.thisImage.triggerButtonAriaLabel\"\n\t\t\tdata-wp-init=\"callbacks.initTriggerButton\"\n\t\t\tdata-wp-on--click=\"actions.showLightbox\"\n\t\t\tdata-wp-style--right=\"state.thisImage.buttonRight\"\n\t\t\tdata-wp-style--top=\"state.thisImage.buttonTop\"\n\t\t>\n\t\t\t<svg xmlns=\"http:\/\/www.w3.org\/2000\/svg\" width=\"12\" height=\"12\" fill=\"none\" viewBox=\"0 0 12 12\">\n\t\t\t\t<path fill=\"#fff\" d=\"M2 0a2 2 0 0 0-2 2v2h1.5V2a.5.5 0 0 1 .5-.5h2V0H2Zm2 10.5H2a.5.5 0 0 1-.5-.5V8H0v2a2 2 0 0 0 2 2h2v-1.5ZM8 12v-1.5h2a.5.5 0 0 0 .5-.5V8H12v2a2 2 0 0 1-2 2H8Zm2-12a2 2 0 0 1 2 2v2h-1.5V2a.5.5 0 0 0-.5-.5H8V0h2Z\" \/>\n\t\t\t<\/svg>\n\t\t<\/button><\/figure>\n\n\n\n<h3 class=\"wp-block-heading\"><span class=\"ez-toc-section\" id=\"11_Viaggio_organizzato_vs_viaggio_fai_da_te\"><\/span>11. Viaggio organizzato vs. viaggio fai da te<span class=\"ez-toc-section-end\"><\/span><\/h3>\n\n\n\n<p class=\"wp-block-paragraph\">Viaggiando per il Sud Europa, molti di noi si sono ormai abituati all&#8217;idea che il turismo individuale batte sempre l&#8217;agenzia di viaggi nel prezzo totale. Un viaggiatore low cost esperto se la cava con tre giorni a Barcellona anche con circa 270 \u20ac, il turista medio rientra in circa 600 \u20ac, mentre <strong>le agenzie di viaggio vendono un weekend lungo a partire da circa 780 \u20ac<\/strong> a persona. Una vacanza completa per due, con l&#8217;agenzia, ti pu\u00f2 quindi costare tranquillamente pi\u00f9 di 1.600 \u20ac.<\/p>\n\n\n\n<p class=\"wp-block-paragraph\">Significa forse che le persone non sanno cercare voli economici su internet? Assolutamente no. Il principale argomento di vendita dell&#8217;agenzia, per Barcellona, non \u00e8 infatti solo il prezzo in s\u00e9, ma piuttosto <strong>il liberarsi completamente di ogni fardello decisionale<\/strong>. La citt\u00e0 \u00e8 infatti, in fase di pianificazione, uno dei luoghi pi\u00f9 estenuanti d&#8217;Europa, dove devi tenere costantemente sotto controllo un&#8217;enorme quantit\u00e0 di dettagli e sistemi di prenotazione.<\/p>\n\n\n\n<p class=\"wp-block-paragraph\">Devi risolvere in anticipo il fatto che i biglietti per la Sagrada Fam\u00edlia sono spesso esauriti due settimane prima, che il popolare Park G\u00fcell ha slot orari rigidamente cronometrati con tolleranza zero per i ritardi e che <strong>in hotel, al momento di pagare, ti sorprende la tassa di soggiorno di 12 \u20ac a persona e a notte<\/strong>, che su Booking prima non avevi affatto visto.<\/p>\n\n\n\n<p class=\"wp-block-paragraph\">La sensazione di non doverti occupare di niente di tutto ci\u00f2 e che la tua guida ha gi\u00e0 da tempo tutti i costosi biglietti al sicuro in tasca, \u00e8 per una persona stanca e che lavora semplicemente impagabile. <strong>Se cerchi la libert\u00e0 assoluta, organizzati da solo<\/strong>, ma se vuoi solo staccare e goderti le tapas, il viaggio organizzato ha molto senso.<\/p>\n\n\n\n<p class=\"wp-block-paragraph\">\ud83d\udca1 Consiglio: Informati in anticipo sull&#8217;importo esatto della tassa di soggiorno per il tuo tipo di alloggio, perch\u00e9 gli hotel a cinque stelle pagano i citati 12 \u20ac, mentre <strong>in un normale appartamento turistico paghi 9,50 \u20ac a notte<\/strong>.<\/p>\n\n\n\n<figure data-wp-context=\"{&quot;imageId&quot;:&quot;6a951baddfe73&quot;}\" data-wp-interactive=\"core\/image\" data-wp-key=\"6a951baddfe73\" class=\"wp-block-image size-full wp-lightbox-container\"><img decoding=\"async\" width=\"1333\" height=\"2000\" data-wp-class--hide=\"state.isContentHidden\" data-wp-class--show=\"state.isContentVisible\" data-wp-init=\"callbacks.setButtonStyles\" data-wp-on--click=\"actions.showLightbox\" data-wp-on--load=\"callbacks.setButtonStyles\" data-wp-on--pointerdown=\"actions.preloadImage\" data-wp-on--pointerenter=\"actions.preloadImageWithDelay\" data-wp-on--pointerleave=\"actions.cancelPreload\" data-wp-on-window--resize=\"callbacks.setButtonStyles\" src=\"https:\/\/loudavymkrokem.cz\/wp-content\/uploads\/2026\/08\/barcelona-rooftop-panorama.jpg\" alt=\"Panorama di Barcellona dalla terrazza sul tetto dell&#039;hotel\" class=\"wp-image-376354\" title=\"\" srcset=\"https:\/\/loudavymkrokem.cz\/wp-content\/uploads\/2026\/08\/barcelona-rooftop-panorama.jpg 1333w, https:\/\/loudavymkrokem.cz\/wp-content\/uploads\/2026\/08\/barcelona-rooftop-panorama-200x300.jpg 200w, https:\/\/loudavymkrokem.cz\/wp-content\/uploads\/2026\/08\/barcelona-rooftop-panorama-700x1050.jpg 700w, https:\/\/loudavymkrokem.cz\/wp-content\/uploads\/2026\/08\/barcelona-rooftop-panorama-768x1152.jpg 768w, https:\/\/loudavymkrokem.cz\/wp-content\/uploads\/2026\/08\/barcelona-rooftop-panorama-1024x1536.jpg 1024w, https:\/\/loudavymkrokem.cz\/wp-content\/uploads\/2026\/08\/barcelona-rooftop-panorama-696x1044.jpg 696w\" sizes=\"(max-width: 1333px) 100vw, 1333px\" \/><button\n\t\t\tclass=\"lightbox-trigger\"\n\t\t\ttype=\"button\"\n\t\t\taria-haspopup=\"dialog\"\n\t\t\tdata-wp-bind--aria-label=\"state.thisImage.triggerButtonAriaLabel\"\n\t\t\tdata-wp-init=\"callbacks.initTriggerButton\"\n\t\t\tdata-wp-on--click=\"actions.showLightbox\"\n\t\t\tdata-wp-style--right=\"state.thisImage.buttonRight\"\n\t\t\tdata-wp-style--top=\"state.thisImage.buttonTop\"\n\t\t>\n\t\t\t<svg xmlns=\"http:\/\/www.w3.org\/2000\/svg\" width=\"12\" height=\"12\" fill=\"none\" viewBox=\"0 0 12 12\">\n\t\t\t\t<path fill=\"#fff\" d=\"M2 0a2 2 0 0 0-2 2v2h1.5V2a.5.5 0 0 1 .5-.5h2V0H2Zm2 10.5H2a.5.5 0 0 1-.5-.5V8H0v2a2 2 0 0 0 2 2h2v-1.5ZM8 12v-1.5h2a.5.5 0 0 0 .5-.5V8H12v2a2 2 0 0 1-2 2H8Zm2-12a2 2 0 0 1 2 2v2h-1.5V2a.5.5 0 0 0-.5-.5H8V0h2Z\" \/>\n\t\t\t<\/svg>\n\t\t<\/button><\/figure>\n\n\n\n<h2 class=\"wp-block-heading\"><span class=\"ez-toc-section\" id=\"Riepilogo_pratico_e_prezzi_orientativi\"><\/span>Riepilogo pratico e prezzi orientativi<span class=\"ez-toc-section-end\"><\/span><\/h2>\n\n\n\n<p class=\"wp-block-paragraph\"><strong>Pianificare il budget<\/strong> \u00e8 la base del successo, perci\u00f2 abbiamo raccolto per te le <strong>cifre pi\u00f9 importanti<\/strong> con cui devi fare realmente i conti nel 2026.<\/p>\n\n\n\n<ul class=\"wp-block-list\">\n\n<li>  <strong>Biglietto medio di sola andata (in estate):<\/strong> circa 95 \u20ac (orientativo)<\/li>\n\n\n\n<li>  <strong>Multa Ryanair per valigia grande:<\/strong> da 35 \u20ac a 69,99 \u20ac<\/li>\n\n\n\n<li>  <strong>Autobus dall&#8217;aeroporto di Girona al centro:<\/strong> 22 \u20ac<\/li>\n\n\n\n<li>  <strong>Biglietto Aerob\u00fas (aeroporto El Prat):<\/strong> 7,45 \u20ac<\/li>\n\n\n\n<li>  <strong>Biglietto speciale per la metro dell&#8217;aeroporto L9 Sud:<\/strong> 5,90 \u20ac<\/li>\n\n\n\n<li>  <strong>Multa per ingresso in auto nella zona ZBE senza registrazione:<\/strong> 200 \u20ac<\/li>\n\n\n\n<li>  <strong>Tassa di soggiorno in hotel 5*:<\/strong> 12 \u20ac \/ persona \/ notte<\/li>\n\n\n\n<li>  <strong>Tassa di soggiorno in appartamento:<\/strong> 9,50 \u20ac \/ persona \/ notte<\/li>\n\n\n<\/ul>\n\n\n\n<figure data-wp-context=\"{&quot;imageId&quot;:&quot;6a951bade03c6&quot;}\" data-wp-interactive=\"core\/image\" data-wp-key=\"6a951bade03c6\" class=\"wp-block-image size-full wp-lightbox-container\"><img decoding=\"async\" width=\"1333\" height=\"2000\" data-wp-class--hide=\"state.isContentHidden\" data-wp-class--show=\"state.isContentVisible\" data-wp-init=\"callbacks.setButtonStyles\" data-wp-on--click=\"actions.showLightbox\" data-wp-on--load=\"callbacks.setButtonStyles\" data-wp-on--pointerdown=\"actions.preloadImage\" data-wp-on--pointerenter=\"actions.preloadImageWithDelay\" data-wp-on--pointerleave=\"actions.cancelPreload\" data-wp-on-window--resize=\"callbacks.setButtonStyles\" src=\"https:\/\/loudavymkrokem.cz\/wp-content\/uploads\/2026\/08\/park-guell-panorama-domky.jpg\" alt=\"Park G\u00fcell, casette e panorama di Barcellona\" class=\"wp-image-376305\" title=\"\" srcset=\"https:\/\/loudavymkrokem.cz\/wp-content\/uploads\/2026\/08\/park-guell-panorama-domky.jpg 1333w, https:\/\/loudavymkrokem.cz\/wp-content\/uploads\/2026\/08\/park-guell-panorama-domky-200x300.jpg 200w, https:\/\/loudavymkrokem.cz\/wp-content\/uploads\/2026\/08\/park-guell-panorama-domky-700x1050.jpg 700w, https:\/\/loudavymkrokem.cz\/wp-content\/uploads\/2026\/08\/park-guell-panorama-domky-768x1152.jpg 768w, https:\/\/loudavymkrokem.cz\/wp-content\/uploads\/2026\/08\/park-guell-panorama-domky-1024x1536.jpg 1024w, https:\/\/loudavymkrokem.cz\/wp-content\/uploads\/2026\/08\/park-guell-panorama-domky-696x1044.jpg 696w\" sizes=\"(max-width: 1333px) 100vw, 1333px\" \/><button\n\t\t\tclass=\"lightbox-trigger\"\n\t\t\ttype=\"button\"\n\t\t\taria-haspopup=\"dialog\"\n\t\t\tdata-wp-bind--aria-label=\"state.thisImage.triggerButtonAriaLabel\"\n\t\t\tdata-wp-init=\"callbacks.initTriggerButton\"\n\t\t\tdata-wp-on--click=\"actions.showLightbox\"\n\t\t\tdata-wp-style--right=\"state.thisImage.buttonRight\"\n\t\t\tdata-wp-style--top=\"state.thisImage.buttonTop\"\n\t\t>\n\t\t\t<svg xmlns=\"http:\/\/www.w3.org\/2000\/svg\" width=\"12\" height=\"12\" fill=\"none\" viewBox=\"0 0 12 12\">\n\t\t\t\t<path fill=\"#fff\" d=\"M2 0a2 2 0 0 0-2 2v2h1.5V2a.5.5 0 0 1 .5-.5h2V0H2Zm2 10.5H2a.5.5 0 0 1-.5-.5V8H0v2a2 2 0 0 0 2 2h2v-1.5ZM8 12v-1.5h2a.5.5 0 0 0 .5-.5V8H12v2a2 2 0 0 1-2 2H8Zm2-12a2 2 0 0 1 2 2v2h-1.5V2a.5.5 0 0 0-.5-.5H8V0h2Z\" \/>\n\t\t\t<\/svg>\n\t\t<\/button><\/figure>\n\n\n\n<h2 class=\"wp-block-heading\"><span class=\"ez-toc-section\" id=\"Dove_continuare\"><\/span>Dove continuare<span class=\"ez-toc-section-end\"><\/span><\/h2>\n\n\n\n<p class=\"wp-block-paragraph\">Su Barcellona abbiamo anche queste guide dettagliate:<\/p>\n\n\n\n<ul class=\"wp-block-list\">\n\n<li><a href=\"https:\/\/loudavymkrokem.cz\/it\/?p=376361\">Prezzi a Barcellona: budget e tassa di soggiorno<\/a><\/li>\n\n\n<\/ul>\n\n\n\n<p class=\"wp-block-paragraph\">Se ti interessano altri dettagli per una vacanza perfetta in Spagna, dai sicuramente un&#8217;occhiata ai nostri altri articoli, dove analizziamo tutto, dall&#8217;alloggio ai monumenti pi\u00f9 belli.<\/p>\n\n\n\n<ul class=\"wp-block-list\">\n\n<li>  <a href=\"https:\/\/loudavymkrokem.cz\/it\/barcellona-cosa-vedere\/\">Cosa vedere a Barcellona: 25+ consigli<\/a><\/li>\n\n\n\n<li>  <a href=\"https:\/\/loudavymkrokem.cz\/it\/?p=376277\">Meteo a Barcellona: temperature mese per mese e quando andare<\/a><\/li>\n\n\n\n<li>  <a href=\"https:\/\/loudavymkrokem.cz\/it\/?p=376352\">Trasporti a Barcellona: metro, biglietti e aeroporto<\/a><\/li>\n\n\n\n<li>  <a href=\"https:\/\/loudavymkrokem.cz\/it\/dove-alloggiare-barcellona-spagna\/\">Dove alloggiare a Barcellona: 10 quartieri<\/a><\/li>\n\n\n\n<li>  <a href=\"https:\/\/loudavymkrokem.cz\/it\/girona-spagna-cosa-vedere\/\">Girona, Spagna: 16 consigli su cosa vedere<\/a><\/li>\n\n\n\n<li>  <a href=\"https:\/\/loudavymkrokem.cz\/it\/spagna-migliori-destinazioni\/\">Vacanza in Spagna: 17 idee su dove andare<\/a><\/li>\n\n\n<\/ul>\n\n\n\n<figure data-wp-context=\"{&quot;imageId&quot;:&quot;6a951bade099e&quot;}\" data-wp-interactive=\"core\/image\" data-wp-key=\"6a951bade099e\" class=\"wp-block-image size-full wp-lightbox-container\"><img decoding=\"async\" width=\"2000\" height=\"1333\" data-wp-class--hide=\"state.isContentHidden\" data-wp-class--show=\"state.isContentVisible\" data-wp-init=\"callbacks.setButtonStyles\" data-wp-on--click=\"actions.showLightbox\" data-wp-on--load=\"callbacks.setButtonStyles\" data-wp-on--pointerdown=\"actions.preloadImage\" data-wp-on--pointerenter=\"actions.preloadImageWithDelay\" data-wp-on--pointerleave=\"actions.cancelPreload\" data-wp-on-window--resize=\"callbacks.setButtonStyles\" src=\"https:\/\/loudavymkrokem.cz\/wp-content\/uploads\/2026\/08\/arc-de-triomf-palmy.jpg\" alt=\"Arc de Triomf a Barcellona tra le palme\" class=\"wp-image-376340\" title=\"\" srcset=\"https:\/\/loudavymkrokem.cz\/wp-content\/uploads\/2026\/08\/arc-de-triomf-palmy.jpg 2000w, https:\/\/loudavymkrokem.cz\/wp-content\/uploads\/2026\/08\/arc-de-triomf-palmy-300x200.jpg 300w, https:\/\/loudavymkrokem.cz\/wp-content\/uploads\/2026\/08\/arc-de-triomf-palmy-700x467.jpg 700w, https:\/\/loudavymkrokem.cz\/wp-content\/uploads\/2026\/08\/arc-de-triomf-palmy-768x512.jpg 768w, https:\/\/loudavymkrokem.cz\/wp-content\/uploads\/2026\/08\/arc-de-triomf-palmy-1536x1024.jpg 1536w, https:\/\/loudavymkrokem.cz\/wp-content\/uploads\/2026\/08\/arc-de-triomf-palmy-696x464.jpg 696w, https:\/\/loudavymkrokem.cz\/wp-content\/uploads\/2026\/08\/arc-de-triomf-palmy-1392x928.jpg 1392w, https:\/\/loudavymkrokem.cz\/wp-content\/uploads\/2026\/08\/arc-de-triomf-palmy-1920x1280.jpg 1920w\" sizes=\"(max-width: 2000px) 100vw, 2000px\" \/><button\n\t\t\tclass=\"lightbox-trigger\"\n\t\t\ttype=\"button\"\n\t\t\taria-haspopup=\"dialog\"\n\t\t\tdata-wp-bind--aria-label=\"state.thisImage.triggerButtonAriaLabel\"\n\t\t\tdata-wp-init=\"callbacks.initTriggerButton\"\n\t\t\tdata-wp-on--click=\"actions.showLightbox\"\n\t\t\tdata-wp-style--right=\"state.thisImage.buttonRight\"\n\t\t\tdata-wp-style--top=\"state.thisImage.buttonTop\"\n\t\t>\n\t\t\t<svg xmlns=\"http:\/\/www.w3.org\/2000\/svg\" width=\"12\" height=\"12\" fill=\"none\" viewBox=\"0 0 12 12\">\n\t\t\t\t<path fill=\"#fff\" d=\"M2 0a2 2 0 0 0-2 2v2h1.5V2a.5.5 0 0 1 .5-.5h2V0H2Zm2 10.5H2a.5.5 0 0 1-.5-.5V8H0v2a2 2 0 0 0 2 2h2v-1.5ZM8 12v-1.5h2a.5.5 0 0 0 .5-.5V8H12v2a2 2 0 0 1-2 2H8Zm2-12a2 2 0 0 1 2 2v2h-1.5V2a.5.5 0 0 0-.5-.5H8V0h2Z\" \/>\n\t\t\t<\/svg>\n\t\t<\/button><\/figure>\n\n\n\n<h2 class=\"wp-block-heading\"><span class=\"ez-toc-section\" id=\"Domande_frequenti\"><\/span>Domande frequenti<span class=\"ez-toc-section-end\"><\/span><\/h2>\n\n\n<div id=\"rank-math-faq\" class=\"rank-math-block\">\n<div class=\"rank-math-list \">\n<div id=\"faq-question-1785837102000\" class=\"rank-math-list-item\">\n<h3 class=\"rank-math-question \"><span class=\"ez-toc-section\" id=\"Quanto_dura_il_volo_per_Barcellona_dallItalia\"><\/span>Quanto dura il volo per Barcellona dall&#8217;Italia?<span class=\"ez-toc-section-end\"><\/span><\/h3>\n<div class=\"rank-math-answer \">\n\n<p>Un volo diretto da Roma o Milano verso l&#8217;aeroporto El Prat di Barcellona dura circa 2 ore, durante le quali percorrerai una distanza di circa 900-1.100 chilometri. Nella stagione estiva puoi inoltre scegliere tra diversi voli giornalieri, il che offre un&#8217;enorme flessibilit\u00e0 nella pianificazione del viaggio.<\/p>\n\n<\/div>\n<\/div>\n<div id=\"faq-question-1785837102001\" class=\"rank-math-list-item\">\n<h3 class=\"rank-math-question \"><span class=\"ez-toc-section\" id=\"Quanto_costa_orientativamente_un_biglietto_aereo\"><\/span>Quanto costa orientativamente un biglietto aereo?<span class=\"ez-toc-section-end\"><\/span><\/h3>\n<div class=\"rank-math-answer \">\n\n<p>I prezzi variano molto a seconda dell&#8217;anticipo e della stagione, ma in estate considera un prezzo medio intorno a 90 \u20ac per tratta senza bagaglio. Anche se i motori di ricerca possono mostrare biglietti a partire da 50 \u20ac, queste tariffe sono generalmente disponibili fuori dall&#8217;alta stagione estiva e nei giorni meno richiesti.<\/p>\n\n<\/div>\n<\/div>\n<div id=\"faq-question-1785837102002\" class=\"rank-math-list-item\">\n<h3 class=\"rank-math-question \"><span class=\"ez-toc-section\" id=\"Vale_il_biglietto_normale_della_metro_dallaeroporto\"><\/span>Vale il biglietto normale della metro dall&#8217;aeroporto?<span class=\"ez-toc-section-end\"><\/span><\/h3>\n<div class=\"rank-math-answer \">\n\n<p>Purtroppo no, il classico biglietto T-casual non ti permetter\u00e0 di passare i tornelli della moderna linea aeroportuale L9 Sud. Devi acquistare lo speciale Bitllet Aeroport, che attualmente costa 5,90 \u20ac. Se vuoi risparmiare, utilizza il treno suburbano RENFE dal terminal T2, dove il biglietto normale \u00e8 valido.<\/p>\n\n<\/div>\n<\/div>\n<div id=\"faq-question-1785837102003\" class=\"rank-math-list-item\">\n<h3 class=\"rank-math-question \"><span class=\"ez-toc-section\" id=\"Posso_andare_in_auto_nel_centro_di_Barcellona\"><\/span>Posso andare in auto nel centro di Barcellona?<span class=\"ez-toc-section-end\"><\/span><\/h3>\n<div class=\"rank-math-answer \">\n\n<p>Teoricamente s\u00ec, ma in pratica lo sconsigliamo vivamente a causa della rigorosa zona a basse emissioni ZBE, che copre l&#8217;intero centro. Le auto straniere devono essere registrate preventivamente e gratuitamente online nel sistema AMB e rispettare le norme sulle emissioni, altrimenti rischiano una multa automatica di 200 \u20ac dal sistema intelligente di telecamere.<\/p>\n\n<\/div>\n<\/div>\n<div id=\"faq-question-1785837102004\" class=\"rank-math-list-item\">\n<h3 class=\"rank-math-question \"><span class=\"ez-toc-section\" id=\"Si_puo_raggiungere_Barcellona_comodamente_in_treno\"><\/span>Si pu\u00f2 raggiungere Barcellona comodamente in treno?<span class=\"ez-toc-section-end\"><\/span><\/h3>\n<div class=\"rank-math-answer \">\n\n<p>Assolutamente s\u00ec ed \u00e8 un&#8217;opzione molto valida, soprattutto se per motivi di salute non puoi volare. Un itinerario comune prevede il collegamento attraverso la Francia: da Milano o Torino puoi prendere treni via Lione fino in Spagna. Un&#8217;altra opzione \u00e8 il TGV diretto da Parigi, che copre il tragitto verso il mare in 6 ore e 15 minuti.<\/p>\n\n<\/div>\n<\/div>\n<div id=\"faq-question-1785837102005\" class=\"rank-math-list-item\">\n<h3 class=\"rank-math-question \"><span class=\"ez-toc-section\" id=\"A_cosa_fare_attenzione_con_le_compagnie_low-cost_come_Ryanair\"><\/span>A cosa fare attenzione con le compagnie low-cost come Ryanair?<span class=\"ez-toc-section-end\"><\/span><\/h3>\n<div class=\"rank-math-answer \">\n\n<p>Il problema maggiore sono i costi nascosti per i bagagli direttamente al gate di partenza. Se non acquisti il servizio Priority e arrivi con un bagaglio a mano grande che non rientra nel limite di 40 \u00d7 20 \u00d7 25 centimetri, pagherai una pesante penale di 35 \u20ac, che per bagagli ancora pi\u00f9 grandi pu\u00f2 arrivare fino a 70 \u20ac.<\/p>\n\n<\/div>\n<\/div>\n<div id=\"faq-question-1785837102006\" class=\"rank-math-list-item\">\n<h3 class=\"rank-math-question \"><span class=\"ez-toc-section\" id=\"Conviene_volare_sugli_aeroporti_piu_lontani_di_Girona_o_Reus\"><\/span>Conviene volare sugli aeroporti pi\u00f9 lontani di Girona o Reus?<span class=\"ez-toc-section-end\"><\/span><\/h3>\n<div class=\"rank-math-answer \">\n\n<p>Se la tua destinazione \u00e8 direttamente Barcellona, di solito non conviene affatto. Il transfer in autobus da questi aeroporti costa altri 15-22 \u20ac per tratta e il viaggio dura oltre un&#8217;ora e un quarto, quindi i soldi risparmiati sul biglietto aereo pi\u00f9 economico finiscono per essere spesi in un trasporto lungo verso il centro e perdi un sacco di tempo.<\/p>\n\n<\/div>\n<\/div>\n<\/div>\n<\/div>","protected":false},"excerpt":{"rendered":"<p>Stai pianificando un viaggio a Barcellona in Spagna? Ti spieghiamo quali voli scegliere, a cosa fare attenzione con i bagagli e come arrivarci in treno se non voli.<\/p>\n","protected":false},"author":3,"featured_media":376474,"comment_status":"open","ping_status":"open","sticky":false,"template":"","format":"standard","meta":{"_acf_changed":false,"footnotes":"","rank_math_title":"Come arrivare a Barcellona Spagna: voli e treno 2026","rank_math_description":"Come arrivare a Barcellona in Spagna: voli, prezzi, bagagli e treno. Scopri tutti i consigli pratici per pianificare il tuo viaggio nel 2026 e risparmiare!","rank_math_focus_keyword":"barcellona spagna","rank_math_seo_score":""},"categories":[1478,554,609,722],"tags":[],"class_list":["post-408935","post","type-post","status-publish","format-standard","has-post-thumbnail","category-catalogna","category-europa","category-spagna","category-viaggi"],"acf":[],"featured_image_src":"https:\/\/loudavymkrokem.cz\/wp-content\/uploads\/2026\/08\/barcelona-vueling-a-jejich-odstupnovana-kila-px.jpg","author_info":{"display_name":"Lucie Kone\u010dn\u00e1","author_link":"https:\/\/loudavymkrokem.cz\/it\/author\/lucie-konecna\/"},"_links":{"self":[{"href":"https:\/\/loudavymkrokem.cz\/it\/wp-json\/wp\/v2\/posts\/408935","targetHints":{"allow":["GET"]}}],"collection":[{"href":"https:\/\/loudavymkrokem.cz\/it\/wp-json\/wp\/v2\/posts"}],"about":[{"href":"https:\/\/loudavymkrokem.cz\/it\/wp-json\/wp\/v2\/types\/post"}],"author":[{"embeddable":true,"href":"https:\/\/loudavymkrokem.cz\/it\/wp-json\/wp\/v2\/users\/3"}],"replies":[{"embeddable":true,"href":"https:\/\/loudavymkrokem.cz\/it\/wp-json\/wp\/v2\/comments?post=408935"}],"version-history":[{"count":2,"href":"https:\/\/loudavymkrokem.cz\/it\/wp-json\/wp\/v2\/posts\/408935\/revisions"}],"predecessor-version":[{"id":408937,"href":"https:\/\/loudavymkrokem.cz\/it\/wp-json\/wp\/v2\/posts\/408935\/revisions\/408937"}],"wp:featuredmedia":[{"embeddable":true,"href":"https:\/\/loudavymkrokem.cz\/it\/wp-json\/wp\/v2\/media\/376474"}],"wp:attachment":[{"href":"https:\/\/loudavymkrokem.cz\/it\/wp-json\/wp\/v2\/media?parent=408935"}],"wp:term":[{"taxonomy":"category","embeddable":true,"href":"https:\/\/loudavymkrokem.cz\/it\/wp-json\/wp\/v2\/categories?post=408935"},{"taxonomy":"post_tag","embeddable":true,"href":"https:\/\/loudavymkrokem.cz\/it\/wp-json\/wp\/v2\/tags?post=408935"}],"curies":[{"name":"wp","href":"https:\/\/api.w.org\/{rel}","templated":true}]}}