{"id":408895,"date":"2026-08-26T14:17:28","date_gmt":"2026-08-26T12:17:28","guid":{"rendered":"https:\/\/loudavymkrokem.cz\/cosa-vedere-amburgo-germania\/"},"modified":"2026-08-31T06:20:10","modified_gmt":"2026-08-31T04:20:10","slug":"cosa-vedere-amburgo-germania","status":"publish","type":"post","link":"https:\/\/loudavymkrokem.cz\/it\/cosa-vedere-amburgo-germania\/","title":{"rendered":"Cosa vedere ad Amburgo, Germania: 22 idee nella Venezia del Nord"},"content":{"rendered":"\n<p class=\"wp-block-paragraph\">Una citt\u00e0 portuale ricca di mattoni rossi, canali infiniti e architettura moderna che si specchia maestosamente sulle acque dell&#8217;Elba. Amburgo, in Germania, \u00e8 esattamente quella destinazione che ti sorprender\u00e0 con la sua atmosfera rilassata e la sua incredibile variet\u00e0, che tu ami la storia affascinante o sia sempre alla ricerca dei migliori caff\u00e8. <strong>La cosiddetta Venezia del Nord nasconde infatti pi\u00f9 ponti di Londra e Amsterdam messe insieme<\/strong>, cosa che di per s\u00e9 promette passeggiate indimenticabili lungo l&#8217;acqua.<\/p>\n\n\n\n<p class=\"wp-block-paragraph\">Ho raccolto per te <strong>22 idee su cosa vedere e cosa fare ad Amburgo<\/strong>, cos\u00ec da sfruttare al massimo la tua visita. Attraverseremo insieme l&#8217;iconico complesso di mattoni Speicherstadt, ti dar\u00f2 qualche consiglio sulla prenotazione della terrazza panoramica dell&#8217;Elbphilharmonie e non tralasceremo nemmeno le informazioni pratiche indispensabili. <strong>Scoprirai anche dove alloggiare in modo strategico<\/strong> e come usare in modo efficiente i trasporti pubblici locali, per non spendere una fortuna negli spostamenti in citt\u00e0.<\/p>\n\n\n\n<p class=\"wp-block-paragraph\">Che tu stia programmando una fuga veloce di un weekend dalla routine quotidiana o una vacanza pi\u00f9 lunga alla scoperta della Germania settentrionale, questa citt\u00e0 ti conquister\u00e0 di sicuro. <strong>Amburgo offre un mix assolutamente perfetto tra la ruvida romanticit\u00e0 portuale e il design moderno<\/strong>, che assapori al meglio con un buon caff\u00e8 in mano, mentre osservi le enormi navi portacontainer attraversare il porto.<\/p>\n\n\n\n<figure data-wp-context=\"{&quot;imageId&quot;:&quot;6a952209b475f&quot;}\" data-wp-interactive=\"core\/image\" data-wp-key=\"6a952209b475f\" class=\"wp-block-image size-full wp-lightbox-container\"><img decoding=\"async\" width=\"1800\" height=\"1200\" data-wp-class--hide=\"state.isContentHidden\" data-wp-class--show=\"state.isContentVisible\" data-wp-init=\"callbacks.setButtonStyles\" data-wp-on--click=\"actions.showLightbox\" data-wp-on--load=\"callbacks.setButtonStyles\" data-wp-on--pointerdown=\"actions.preloadImage\" data-wp-on--pointerenter=\"actions.preloadImageWithDelay\" data-wp-on--pointerleave=\"actions.cancelPreload\" data-wp-on-window--resize=\"callbacks.setButtonStyles\" src=\"https:\/\/loudavymkrokem.cz\/wp-content\/uploads\/2026\/08\/nemecko-clanky-co-videt-v-hamburku-01.jpg\" alt=\"Canali dello Speicherstadt al crepuscolo\" class=\"wp-image-396933\" title=\"\" srcset=\"https:\/\/loudavymkrokem.cz\/wp-content\/uploads\/2026\/08\/nemecko-clanky-co-videt-v-hamburku-01.jpg 1800w, https:\/\/loudavymkrokem.cz\/wp-content\/uploads\/2026\/08\/nemecko-clanky-co-videt-v-hamburku-01-300x200.jpg 300w, https:\/\/loudavymkrokem.cz\/wp-content\/uploads\/2026\/08\/nemecko-clanky-co-videt-v-hamburku-01-700x467.jpg 700w, https:\/\/loudavymkrokem.cz\/wp-content\/uploads\/2026\/08\/nemecko-clanky-co-videt-v-hamburku-01-768x512.jpg 768w, https:\/\/loudavymkrokem.cz\/wp-content\/uploads\/2026\/08\/nemecko-clanky-co-videt-v-hamburku-01-1536x1024.jpg 1536w, https:\/\/loudavymkrokem.cz\/wp-content\/uploads\/2026\/08\/nemecko-clanky-co-videt-v-hamburku-01-696x464.jpg 696w, https:\/\/loudavymkrokem.cz\/wp-content\/uploads\/2026\/08\/nemecko-clanky-co-videt-v-hamburku-01-1392x928.jpg 1392w\" sizes=\"(max-width: 1800px) 100vw, 1800px\" \/><button\n\t\t\tclass=\"lightbox-trigger\"\n\t\t\ttype=\"button\"\n\t\t\taria-haspopup=\"dialog\"\n\t\t\tdata-wp-bind--aria-label=\"state.thisImage.triggerButtonAriaLabel\"\n\t\t\tdata-wp-init=\"callbacks.initTriggerButton\"\n\t\t\tdata-wp-on--click=\"actions.showLightbox\"\n\t\t\tdata-wp-style--right=\"state.thisImage.buttonRight\"\n\t\t\tdata-wp-style--top=\"state.thisImage.buttonTop\"\n\t\t>\n\t\t\t<svg xmlns=\"http:\/\/www.w3.org\/2000\/svg\" width=\"12\" height=\"12\" fill=\"none\" viewBox=\"0 0 12 12\">\n\t\t\t\t<path fill=\"#fff\" d=\"M2 0a2 2 0 0 0-2 2v2h1.5V2a.5.5 0 0 1 .5-.5h2V0H2Zm2 10.5H2a.5.5 0 0 1-.5-.5V8H0v2a2 2 0 0 0 2 2h2v-1.5ZM8 12v-1.5h2a.5.5 0 0 0 .5-.5V8H12v2a2 2 0 0 1-2 2H8Zm2-12a2 2 0 0 1 2 2v2h-1.5V2a.5.5 0 0 0-.5-.5H8V0h2Z\" \/>\n\t\t\t<\/svg>\n\t\t<\/button><figcaption class=\"wp-element-caption\">Foto: Dietmar Rabich \/ Wikimedia Commons, CC BY-SA 4.0<\/figcaption><\/figure>\n\n\n\n<div id=\"ez-toc-container\" class=\"ez-toc-v2_0_86 ez-toc-wrap-left counter-hierarchy ez-toc-counter ez-toc-grey ez-toc-container-direction\">\n<div class=\"ez-toc-title-container\">\n<p class=\"ez-toc-title\" style=\"cursor:inherit\">Contenuto dell&#039;articolo<\/p>\n<span class=\"ez-toc-title-toggle\"><a href=\"#\" class=\"ez-toc-pull-right ez-toc-btn ez-toc-btn-xs ez-toc-btn-default ez-toc-toggle\" aria-label=\"Toggle Table of Content\"><span class=\"ez-toc-js-icon-con\"><span class=\"\"><span class=\"eztoc-hide\" style=\"display:none;\">Toggle<\/span><span class=\"ez-toc-icon-toggle-span\"><svg style=\"fill: #999;color:#999\" xmlns=\"http:\/\/www.w3.org\/2000\/svg\" class=\"list-377408\" width=\"20px\" height=\"20px\" viewBox=\"0 0 24 24\" fill=\"none\"><path d=\"M6 6H4v2h2V6zm14 0H8v2h12V6zM4 11h2v2H4v-2zm16 0H8v2h12v-2zM4 16h2v2H4v-2zm16 0H8v2h12v-2z\" fill=\"currentColor\"><\/path><\/svg><svg style=\"fill: #999;color:#999\" class=\"arrow-unsorted-368013\" xmlns=\"http:\/\/www.w3.org\/2000\/svg\" width=\"10px\" height=\"10px\" viewBox=\"0 0 24 24\" version=\"1.2\" baseProfile=\"tiny\"><path d=\"M18.2 9.3l-6.2-6.3-6.2 6.3c-.2.2-.3.4-.3.7s.1.5.3.7c.2.2.4.3.7.3h11c.3 0 .5-.1.7-.3.2-.2.3-.5.3-.7s-.1-.5-.3-.7zM5.8 14.7l6.2 6.3 6.2-6.3c.2-.2.3-.5.3-.7s-.1-.5-.3-.7c-.2-.2-.4-.3-.7-.3h-11c-.3 0-.5.1-.7.3-.2.2-.3.5-.3.7s.1.5.3.7z\"\/><\/svg><\/span><\/span><\/span><\/a><\/span><\/div>\n<nav><ul class='ez-toc-list ez-toc-list-level-1 ' ><ul class='ez-toc-list-level-3' ><li class='ez-toc-heading-level-3'><a class=\"ez-toc-link ez-toc-heading-1\" href=\"https:\/\/loudavymkrokem.cz\/it\/cosa-vedere-amburgo-germania\/#Riassunto_per_chi_non_ha_tempo_di_leggere_tutto_larticolo\" >Riassunto per chi non ha tempo di leggere tutto l&#8217;articolo<\/a><\/li><\/ul><\/li><li class='ez-toc-page-1 ez-toc-heading-level-2'><a class=\"ez-toc-link ez-toc-heading-2\" href=\"https:\/\/loudavymkrokem.cz\/it\/cosa-vedere-amburgo-germania\/#Quando_visitare_Amburgo_Germania\" >Quando visitare Amburgo, Germania<\/a><\/li><li class='ez-toc-page-1 ez-toc-heading-level-2'><a class=\"ez-toc-link ez-toc-heading-3\" href=\"https:\/\/loudavymkrokem.cz\/it\/cosa-vedere-amburgo-germania\/#Dove_alloggiare_ad_Amburgo\" >Dove alloggiare ad Amburgo<\/a><\/li><li class='ez-toc-page-1 ez-toc-heading-level-2'><a class=\"ez-toc-link ez-toc-heading-4\" href=\"https:\/\/loudavymkrokem.cz\/it\/cosa-vedere-amburgo-germania\/#22_idee_su_cosa_vedere_e_fare_ad_Amburgo\" >22 idee su cosa vedere e fare ad Amburgo<\/a><ul class='ez-toc-list-level-3' ><li class='ez-toc-heading-level-3'><a class=\"ez-toc-link ez-toc-heading-5\" href=\"https:\/\/loudavymkrokem.cz\/it\/cosa-vedere-amburgo-germania\/#1_Speicherstadt\" >1. Speicherstadt<\/a><\/li><li class='ez-toc-page-1 ez-toc-heading-level-3'><a class=\"ez-toc-link ez-toc-heading-6\" href=\"https:\/\/loudavymkrokem.cz\/it\/cosa-vedere-amburgo-germania\/#2_Miniatur_Wunderland\" >2. Miniatur Wunderland<\/a><\/li><li class='ez-toc-page-1 ez-toc-heading-level-3'><a class=\"ez-toc-link ez-toc-heading-7\" href=\"https:\/\/loudavymkrokem.cz\/it\/cosa-vedere-amburgo-germania\/#3_Elbphilharmonie\" >3. Elbphilharmonie<\/a><\/li><li class='ez-toc-page-1 ez-toc-heading-level-3'><a class=\"ez-toc-link ez-toc-heading-8\" href=\"https:\/\/loudavymkrokem.cz\/it\/cosa-vedere-amburgo-germania\/#4_Il_moderno_quartiere_HafenCity_ad_Amburgo_Germania\" >4. Il moderno quartiere HafenCity ad Amburgo, Germania<\/a><\/li><li class='ez-toc-page-1 ez-toc-heading-level-3'><a class=\"ez-toc-link ez-toc-heading-9\" href=\"https:\/\/loudavymkrokem.cz\/it\/cosa-vedere-amburgo-germania\/#5_International_Maritime_Museum\" >5. International Maritime Museum<\/a><\/li><li class='ez-toc-page-1 ez-toc-heading-level-3'><a class=\"ez-toc-link ez-toc-heading-10\" href=\"https:\/\/loudavymkrokem.cz\/it\/cosa-vedere-amburgo-germania\/#6_Il_traghetto_linea_62_come_crociera_panoramica\" >6. Il traghetto linea 62 come crociera panoramica<\/a><\/li><li class='ez-toc-page-1 ez-toc-heading-level-3'><a class=\"ez-toc-link ez-toc-heading-11\" href=\"https:\/\/loudavymkrokem.cz\/it\/cosa-vedere-amburgo-germania\/#7_Il_Fischmarkt_della_domenica\" >7. Il Fischmarkt della domenica<\/a><\/li><li class='ez-toc-page-1 ez-toc-heading-level-3'><a class=\"ez-toc-link ez-toc-heading-12\" href=\"https:\/\/loudavymkrokem.cz\/it\/cosa-vedere-amburgo-germania\/#8_Reeperbahn_e_St_Pauli\" >8. Reeperbahn e St. Pauli<\/a><\/li><li class='ez-toc-page-1 ez-toc-heading-level-3'><a class=\"ez-toc-link ez-toc-heading-13\" href=\"https:\/\/loudavymkrokem.cz\/it\/cosa-vedere-amburgo-germania\/#9_Il_parco_Planten_un_Blomen\" >9. Il parco Planten un Blomen<\/a><\/li><li class='ez-toc-page-1 ez-toc-heading-level-3'><a class=\"ez-toc-link ez-toc-heading-14\" href=\"https:\/\/loudavymkrokem.cz\/it\/cosa-vedere-amburgo-germania\/#10_Il_municipio_Rathaus\" >10. Il municipio Rathaus<\/a><\/li><li class='ez-toc-page-1 ez-toc-heading-level-3'><a class=\"ez-toc-link ez-toc-heading-15\" href=\"https:\/\/loudavymkrokem.cz\/it\/cosa-vedere-amburgo-germania\/#11_I_laghi_Alster\" >11. I laghi Alster<\/a><\/li><li class='ez-toc-page-1 ez-toc-heading-level-3'><a class=\"ez-toc-link ez-toc-heading-16\" href=\"https:\/\/loudavymkrokem.cz\/it\/cosa-vedere-amburgo-germania\/#12_Il_memoriale_di_San_Nicola_St_Nikolai_Mahnmal\" >12. Il memoriale di San Nicola (St. Nikolai Mahnmal)<\/a><\/li><li class='ez-toc-page-1 ez-toc-heading-level-3'><a class=\"ez-toc-link ez-toc-heading-17\" href=\"https:\/\/loudavymkrokem.cz\/it\/cosa-vedere-amburgo-germania\/#13_Il_vecchio_tunnel_sotto_lElba_Alter_Elbtunnel\" >13. Il vecchio tunnel sotto l&#8217;Elba (Alter Elbtunnel)<\/a><\/li><li class='ez-toc-page-1 ez-toc-heading-level-3'><a class=\"ez-toc-link ez-toc-heading-18\" href=\"https:\/\/loudavymkrokem.cz\/it\/cosa-vedere-amburgo-germania\/#14_Il_quartiere_Kontorhausviertel_e_la_Chilehaus\" >14. Il quartiere Kontorhausviertel e la Chilehaus<\/a><\/li><li class='ez-toc-page-1 ez-toc-heading-level-3'><a class=\"ez-toc-link ez-toc-heading-19\" href=\"https:\/\/loudavymkrokem.cz\/it\/cosa-vedere-amburgo-germania\/#15_Hamburger_Kunsthalle\" >15. Hamburger Kunsthalle<\/a><\/li><li class='ez-toc-page-1 ez-toc-heading-level-3'><a class=\"ez-toc-link ez-toc-heading-20\" href=\"https:\/\/loudavymkrokem.cz\/it\/cosa-vedere-amburgo-germania\/#16_Dialog_im_Dunkeln\" >16. Dialog im Dunkeln<\/a><\/li><li class='ez-toc-page-1 ez-toc-heading-level-3'><a class=\"ez-toc-link ez-toc-heading-21\" href=\"https:\/\/loudavymkrokem.cz\/it\/cosa-vedere-amburgo-germania\/#17_Il_quartiere_pieno_di_scale_Treppenviertel_Blankenese\" >17. Il quartiere pieno di scale Treppenviertel Blankenese<\/a><\/li><li class='ez-toc-page-1 ez-toc-heading-level-3'><a class=\"ez-toc-link ez-toc-heading-22\" href=\"https:\/\/loudavymkrokem.cz\/it\/cosa-vedere-amburgo-germania\/#18_La_chiesa_di_San_Michele_Michel\" >18. La chiesa di San Michele (Michel)<\/a><\/li><li class='ez-toc-page-1 ez-toc-heading-level-3'><a class=\"ez-toc-link ez-toc-heading-23\" href=\"https:\/\/loudavymkrokem.cz\/it\/cosa-vedere-amburgo-germania\/#19_Il_museo_del_cioccolato_Chocoversum\" >19. Il museo del cioccolato Chocoversum<\/a><\/li><li class='ez-toc-page-1 ez-toc-heading-level-3'><a class=\"ez-toc-link ez-toc-heading-24\" href=\"https:\/\/loudavymkrokem.cz\/it\/cosa-vedere-amburgo-germania\/#20_Il_quartiere_hipster_Schanzenviertel\" >20. Il quartiere hipster Schanzenviertel<\/a><\/li><li class='ez-toc-page-1 ez-toc-heading-level-3'><a class=\"ez-toc-link ez-toc-heading-25\" href=\"https:\/\/loudavymkrokem.cz\/it\/cosa-vedere-amburgo-germania\/#21_Le_navi_museo_Cap_San_Diego_e_Rickmer_Rickmers\" >21. Le navi museo Cap San Diego e Rickmer Rickmers<\/a><\/li><li class='ez-toc-page-1 ez-toc-heading-level-3'><a class=\"ez-toc-link ez-toc-heading-26\" href=\"https:\/\/loudavymkrokem.cz\/it\/cosa-vedere-amburgo-germania\/#22_Gastronomia_green_e_sostenibile\" >22. Gastronomia green e sostenibile<\/a><\/li><\/ul><\/li><li class='ez-toc-page-1 ez-toc-heading-level-2'><a class=\"ez-toc-link ez-toc-heading-27\" href=\"https:\/\/loudavymkrokem.cz\/it\/cosa-vedere-amburgo-germania\/#Dove_andare_da_Amburgo\" >Dove andare da Amburgo<\/a><\/li><li class='ez-toc-page-1 ez-toc-heading-level-2'><a class=\"ez-toc-link ez-toc-heading-28\" href=\"https:\/\/loudavymkrokem.cz\/it\/cosa-vedere-amburgo-germania\/#Domande_frequenti\" >Domande frequenti<\/a><ul class='ez-toc-list-level-3' ><li class='ez-toc-heading-level-3'><a class=\"ez-toc-link ez-toc-heading-29\" href=\"https:\/\/loudavymkrokem.cz\/it\/cosa-vedere-amburgo-germania\/#Quanti_giorni_servono_per_visitare_Amburgo\" >Quanti giorni servono per visitare Amburgo?<\/a><\/li><li class='ez-toc-page-1 ez-toc-heading-level-3'><a class=\"ez-toc-link ez-toc-heading-30\" href=\"https:\/\/loudavymkrokem.cz\/it\/cosa-vedere-amburgo-germania\/#Qual_e_il_modo_migliore_per_raggiungere_il_centro_dallaeroporto\" >Qual \u00e8 il modo migliore per raggiungere il centro dall&#8217;aeroporto?<\/a><\/li><li class='ez-toc-page-1 ez-toc-heading-level-3'><a class=\"ez-toc-link ez-toc-heading-31\" href=\"https:\/\/loudavymkrokem.cz\/it\/cosa-vedere-amburgo-germania\/#La_citta_e_adatta_per_famiglie_con_bambini\" >La citt\u00e0 \u00e8 adatta per famiglie con bambini?<\/a><\/li><li class='ez-toc-page-1 ez-toc-heading-level-3'><a class=\"ez-toc-link ez-toc-heading-32\" href=\"https:\/\/loudavymkrokem.cz\/it\/cosa-vedere-amburgo-germania\/#Come_funzionano_i_trasporti_e_conviene_la_Hamburg_Card\" >Come funzionano i trasporti e conviene la Hamburg Card?<\/a><\/li><li class='ez-toc-page-1 ez-toc-heading-level-3'><a class=\"ez-toc-link ez-toc-heading-33\" href=\"https:\/\/loudavymkrokem.cz\/it\/cosa-vedere-amburgo-germania\/#Che_budget_devo_prevedere_per_gli_ingressi\" >Che budget devo prevedere per gli ingressi?<\/a><\/li><li class='ez-toc-page-1 ez-toc-heading-level-3'><a class=\"ez-toc-link ez-toc-heading-34\" href=\"https:\/\/loudavymkrokem.cz\/it\/cosa-vedere-amburgo-germania\/#Devo_acquistare_i_biglietti_per_le_principali_attrazioni_in_anticipo\" >Devo acquistare i biglietti per le principali attrazioni in anticipo?<\/a><\/li><li class='ez-toc-page-1 ez-toc-heading-level-3'><a class=\"ez-toc-link ez-toc-heading-35\" href=\"https:\/\/loudavymkrokem.cz\/it\/cosa-vedere-amburgo-germania\/#Cosa_si_puo_fare_in_citta_quando_piove\" >Cosa si pu\u00f2 fare in citt\u00e0 quando piove?<\/a><\/li><\/ul><\/li><\/ul><\/nav><\/div>\n<h3 class=\"wp-block-heading\"><span class=\"ez-toc-section\" id=\"Riassunto_per_chi_non_ha_tempo_di_leggere_tutto_larticolo\"><\/span>Riassunto per chi non ha tempo di leggere tutto l&#8217;articolo<span class=\"ez-toc-section-end\"><\/span><\/h3>\n\n\n\n<ul class=\"wp-block-list\">\n\n<li><strong>Miniatur Wunderland:<\/strong> la pi\u00f9 grande ferrovia in miniatura del mondo a 25 euro, dove <strong>devi prenotare l&#8217;ingresso con orario diverse settimane prima<\/strong>.<\/li>\n\n\n\n<li><strong>Speicherstadt:<\/strong> affascinante complesso di magazzini storici tutelato dall&#8217;UNESCO, che <strong>fotografi al meglio dopo il tramonto<\/strong>.<\/li>\n\n\n\n<li><strong>Elbphilharmonie:<\/strong> iconico auditorium con la terrazza panoramica Plaza, <strong>a cui accedi gratis con una prenotazione online<\/strong>.<\/li>\n\n\n\n<li><strong>Traghetto linea 62:<\/strong> il modo migliore per vivere una crociera panoramica sull&#8217;Elba <strong>del tutto gratis con il normale biglietto dei mezzi pubblici<\/strong>.<\/li>\n\n\n\n<li><strong>HafenCity:<\/strong> quartiere moderno pieno di architettura mozzafiato che, insieme ai musei principali, <strong>ti occuper\u00e0 tranquillamente un&#8217;intera giornata<\/strong>.<\/li>\n\n\n\n<li><strong>St. Pauli e Reeperbahn:<\/strong> leggendario quartiere noto per la sfrenata vita notturna, dove <strong>i famosi Beatles mossero i primi passi della loro carriera<\/strong>.<\/li>\n\n\n<\/ul>\n\n\n\n<figure data-wp-context=\"{&quot;imageId&quot;:&quot;6a952209b4fa0&quot;}\" data-wp-interactive=\"core\/image\" data-wp-key=\"6a952209b4fa0\" class=\"wp-block-image size-full wp-lightbox-container\"><img decoding=\"async\" width=\"1800\" height=\"1200\" data-wp-class--hide=\"state.isContentHidden\" data-wp-class--show=\"state.isContentVisible\" data-wp-init=\"callbacks.setButtonStyles\" data-wp-on--click=\"actions.showLightbox\" data-wp-on--load=\"callbacks.setButtonStyles\" data-wp-on--pointerdown=\"actions.preloadImage\" data-wp-on--pointerenter=\"actions.preloadImageWithDelay\" data-wp-on--pointerleave=\"actions.cancelPreload\" data-wp-on-window--resize=\"callbacks.setButtonStyles\" src=\"https:\/\/loudavymkrokem.cz\/wp-content\/uploads\/2026\/08\/nemecko-clanky-co-videt-v-hamburku-02.jpg\" alt=\"Amburgo e il lago Alster\" class=\"wp-image-396942\" title=\"\" srcset=\"https:\/\/loudavymkrokem.cz\/wp-content\/uploads\/2026\/08\/nemecko-clanky-co-videt-v-hamburku-02.jpg 1800w, https:\/\/loudavymkrokem.cz\/wp-content\/uploads\/2026\/08\/nemecko-clanky-co-videt-v-hamburku-02-300x200.jpg 300w, https:\/\/loudavymkrokem.cz\/wp-content\/uploads\/2026\/08\/nemecko-clanky-co-videt-v-hamburku-02-700x467.jpg 700w, https:\/\/loudavymkrokem.cz\/wp-content\/uploads\/2026\/08\/nemecko-clanky-co-videt-v-hamburku-02-768x512.jpg 768w, https:\/\/loudavymkrokem.cz\/wp-content\/uploads\/2026\/08\/nemecko-clanky-co-videt-v-hamburku-02-1536x1024.jpg 1536w, https:\/\/loudavymkrokem.cz\/wp-content\/uploads\/2026\/08\/nemecko-clanky-co-videt-v-hamburku-02-696x464.jpg 696w, https:\/\/loudavymkrokem.cz\/wp-content\/uploads\/2026\/08\/nemecko-clanky-co-videt-v-hamburku-02-1392x928.jpg 1392w\" sizes=\"(max-width: 1800px) 100vw, 1800px\" \/><button\n\t\t\tclass=\"lightbox-trigger\"\n\t\t\ttype=\"button\"\n\t\t\taria-haspopup=\"dialog\"\n\t\t\tdata-wp-bind--aria-label=\"state.thisImage.triggerButtonAriaLabel\"\n\t\t\tdata-wp-init=\"callbacks.initTriggerButton\"\n\t\t\tdata-wp-on--click=\"actions.showLightbox\"\n\t\t\tdata-wp-style--right=\"state.thisImage.buttonRight\"\n\t\t\tdata-wp-style--top=\"state.thisImage.buttonTop\"\n\t\t>\n\t\t\t<svg xmlns=\"http:\/\/www.w3.org\/2000\/svg\" width=\"12\" height=\"12\" fill=\"none\" viewBox=\"0 0 12 12\">\n\t\t\t\t<path fill=\"#fff\" d=\"M2 0a2 2 0 0 0-2 2v2h1.5V2a.5.5 0 0 1 .5-.5h2V0H2Zm2 10.5H2a.5.5 0 0 1-.5-.5V8H0v2a2 2 0 0 0 2 2h2v-1.5ZM8 12v-1.5h2a.5.5 0 0 0 .5-.5V8H12v2a2 2 0 0 1-2 2H8Zm2-12a2 2 0 0 1 2 2v2h-1.5V2a.5.5 0 0 0-.5-.5H8V0h2Z\" \/>\n\t\t\t<\/svg>\n\t\t<\/button><figcaption class=\"wp-element-caption\">Foto: Frank Rietsch \/ Pexels<\/figcaption><\/figure>\n\n\n\n<h2 class=\"wp-block-heading\"><span class=\"ez-toc-section\" id=\"Quando_visitare_Amburgo_Germania\"><\/span>Quando visitare Amburgo, Germania<span class=\"ez-toc-section-end\"><\/span><\/h2>\n\n\n\n<p class=\"wp-block-paragraph\">La Germania settentrionale \u00e8 del tutto particolare per il suo variabile clima marittimo, per il quale la gente del posto ha addirittura un termine dedicato, Schietwetter, quindi vale davvero la pena non sottovalutare i preparativi e mettere in valigia qualche capo a strati. <strong>Il periodo migliore per la visita sono senza dubbio i mesi estivi da giugno ad agosto<\/strong>, quando le temperature raggiungono di solito i piacevoli venticinque gradi e le giornate sono splendidamente lunghe. Il sole al tramonto regala inoltre agli edifici di mattoni del porto una meravigliosa tonalit\u00e0 dorata di cui ti innamorerai. Devi per\u00f2 mettere in conto che si tratta dell&#8217;alta stagione turistica, quindi accanto ai monumenti principali troverai il maggior numero di persone e gli alloggi sono ai prezzi pi\u00f9 alti.<\/p>\n\n\n\n<p class=\"wp-block-paragraph\">Se preferisci un ritmo pi\u00f9 tranquillo e meno folla di turisti, <strong>un&#8217;ottima scelta \u00e8 la tarda primavera o l&#8217;inizio dell&#8217;autunno<\/strong>, quando la citt\u00e0 si colora di splendide sfumature e i prezzi degli hotel scendono a livelli pi\u00f9 accettabili. Anche se a maggio o a settembre potresti ogni tanto essere sorpreso da un acquazzone e dal tipico vento forte dal mare, la citt\u00e0 ha in questo periodo un&#8217;atmosfera meravigliosamente malinconica. Vale per\u00f2 sempre la pena avere a portata di mano una buona giacca impermeabile, perch\u00e9 i classici ombrelli con il forte vento locale spesso non funzionano granch\u00e9 e finiresti solo per combatterci.<\/p>\n\n\n\n<p class=\"wp-block-paragraph\">I mesi invernali portano s\u00ec un clima pi\u00f9 freddo e giornate che finiscono presto, ma in questo periodo la citt\u00e0 acquista un fascino tutto diverso che vale la pena vivere. <strong>Il periodo prenatalizio \u00e8 assolutamente magico grazie ai tanti mercatini sparsi per tutta la citt\u00e0<\/strong>, che profumano di castagne arrosto, vin brul\u00e8 caldo e tradizionali pan di zenzero. In inverno gusti anche molto meglio le mostre al chiuso, i caff\u00e8 riscaldati e i musei, che qui sono davvero innumerevoli, cos\u00ec l&#8217;eventuale pioggia non ti disturber\u00e0 per niente. \u263a\ufe0f<\/p>\n\n\n\n<figure data-wp-context=\"{&quot;imageId&quot;:&quot;6a952209b56ae&quot;}\" data-wp-interactive=\"core\/image\" data-wp-key=\"6a952209b56ae\" class=\"wp-block-image size-full wp-lightbox-container\"><img decoding=\"async\" width=\"1800\" height=\"1200\" data-wp-class--hide=\"state.isContentHidden\" data-wp-class--show=\"state.isContentVisible\" data-wp-init=\"callbacks.setButtonStyles\" data-wp-on--click=\"actions.showLightbox\" data-wp-on--load=\"callbacks.setButtonStyles\" data-wp-on--pointerdown=\"actions.preloadImage\" data-wp-on--pointerenter=\"actions.preloadImageWithDelay\" data-wp-on--pointerleave=\"actions.cancelPreload\" data-wp-on-window--resize=\"callbacks.setButtonStyles\" src=\"https:\/\/loudavymkrokem.cz\/wp-content\/uploads\/2026\/08\/nemecko-clanky-co-videt-v-hamburku-03.jpg\" alt=\"Architettura moderna del quartiere HafenCity\" class=\"wp-image-396944\" title=\"\" srcset=\"https:\/\/loudavymkrokem.cz\/wp-content\/uploads\/2026\/08\/nemecko-clanky-co-videt-v-hamburku-03.jpg 1800w, https:\/\/loudavymkrokem.cz\/wp-content\/uploads\/2026\/08\/nemecko-clanky-co-videt-v-hamburku-03-300x200.jpg 300w, https:\/\/loudavymkrokem.cz\/wp-content\/uploads\/2026\/08\/nemecko-clanky-co-videt-v-hamburku-03-700x467.jpg 700w, https:\/\/loudavymkrokem.cz\/wp-content\/uploads\/2026\/08\/nemecko-clanky-co-videt-v-hamburku-03-768x512.jpg 768w, https:\/\/loudavymkrokem.cz\/wp-content\/uploads\/2026\/08\/nemecko-clanky-co-videt-v-hamburku-03-1536x1024.jpg 1536w, https:\/\/loudavymkrokem.cz\/wp-content\/uploads\/2026\/08\/nemecko-clanky-co-videt-v-hamburku-03-696x464.jpg 696w, https:\/\/loudavymkrokem.cz\/wp-content\/uploads\/2026\/08\/nemecko-clanky-co-videt-v-hamburku-03-1392x928.jpg 1392w\" sizes=\"(max-width: 1800px) 100vw, 1800px\" \/><button\n\t\t\tclass=\"lightbox-trigger\"\n\t\t\ttype=\"button\"\n\t\t\taria-haspopup=\"dialog\"\n\t\t\tdata-wp-bind--aria-label=\"state.thisImage.triggerButtonAriaLabel\"\n\t\t\tdata-wp-init=\"callbacks.initTriggerButton\"\n\t\t\tdata-wp-on--click=\"actions.showLightbox\"\n\t\t\tdata-wp-style--right=\"state.thisImage.buttonRight\"\n\t\t\tdata-wp-style--top=\"state.thisImage.buttonTop\"\n\t\t>\n\t\t\t<svg xmlns=\"http:\/\/www.w3.org\/2000\/svg\" width=\"12\" height=\"12\" fill=\"none\" viewBox=\"0 0 12 12\">\n\t\t\t\t<path fill=\"#fff\" d=\"M2 0a2 2 0 0 0-2 2v2h1.5V2a.5.5 0 0 1 .5-.5h2V0H2Zm2 10.5H2a.5.5 0 0 1-.5-.5V8H0v2a2 2 0 0 0 2 2h2v-1.5ZM8 12v-1.5h2a.5.5 0 0 0 .5-.5V8H12v2a2 2 0 0 1-2 2H8Zm2-12a2 2 0 0 1 2 2v2h-1.5V2a.5.5 0 0 0-.5-.5H8V0h2Z\" \/>\n\t\t\t<\/svg>\n\t\t<\/button><figcaption class=\"wp-element-caption\">Foto: Dietmar Rabich \/ Wikimedia Commons, CC BY-SA 4.0<\/figcaption><\/figure>\n\n\n\n<h2 class=\"wp-block-heading\"><span class=\"ez-toc-section\" id=\"Dove_alloggiare_ad_Amburgo\"><\/span>Dove alloggiare ad Amburgo<span class=\"ez-toc-section-end\"><\/span><\/h2>\n\n\n\n<p class=\"wp-block-paragraph\">\ud83d\udca1 <strong>Consiglio:<\/strong> puoi confrontare subito l&#8217;offerta di alloggi ad Amburgo in un unico posto \u2014 <a href=\"https:\/\/www.stay22.com\/allez\/roam?aid=lukaskonecny&#038;campaign=loudavymkrokemcz&#038;campaign=co-videt-v-hamburku&#038;address=Hamburk%2C%20N%C4%9Bmecko\" target=\"_blank\" rel=\"noopener nofollow sponsored\">controlla disponibilit\u00e0 e prezzi ad Amburgo<\/a>. Conviene prenotare in anticipo: il miglior rapporto qualit\u00e0-posizione sparisce per primo.<\/p>\n\n\n<p class=\"wp-block-paragraph\"><em>\ud83d\udca1 Consiglio per alloggi ed esperienze: preferiamo cercare l&#8217;alloggio su <a href=\"https:\/\/www.booking.com\/searchresults.html?ss=Hamburk%2C%20N%C4%9Bmecko&#038;aid=2397601\" target=\"_blank\" rel=\"nofollow noopener sponsored\">Booking.com<\/a>, dove di solito ci sono <strong>le migliori condizioni di cancellazione<\/strong>. <strong>Biglietti, escursioni e attivit\u00e0<\/strong> conviene invece confrontarli e acquistarli tramite <a href=\"https:\/\/www.getyourguide.com\/s\/?q=Hamburk%2C%20N%C4%9Bmecko&#038;partner_id=MKZ64IS\" target=\"_blank\" rel=\"nofollow noopener sponsored\">GetYourGuide<\/a>.<\/em><\/p>\n\n\n\n<p class=\"wp-block-paragraph\">La scelta del quartiere giusto in cui alloggiare pu\u00f2 influenzare in modo davvero decisivo la tua esperienza della citt\u00e0, quindi rifletti bene in anticipo su cosa ti aspetti esattamente dal viaggio. <strong>Se vai in citt\u00e0 per la prima volta e vuoi avere tutte le attrazioni principali a portata di mano, scegli il moderno quartiere HafenCity o le centrali Neustadt e Altstadt<\/strong>. Nel centro storico i prezzi a notte oscillano di solito tra i 100 e i 190 euro, ma il grande vantaggio \u00e8 che vai ovunque a piedi e risparmi un sacco di tempo. Un&#8217;ottima esperienza \u00e8 per esempio l&#8217;elegante <strong>25hours Hotel HafenCity<\/strong>, che offre un giocoso design marinaro proprio nel cuore del quartiere pi\u00f9 moderno, con vista sulle banchine.<\/p>\n\n\n\n<p class=\"wp-block-paragraph\">Un&#8217;alternativa pi\u00f9 economica e molto di tendenza \u00e8 invece il quartiere di Altona, che offre tanti splendidi caff\u00e8 indipendenti e belle viste dalle scogliere sopra l&#8217;Elba. I viaggiatori pi\u00f9 giovani e gli amanti della sfrenata vita notturna spesso <strong>cercano alloggio nei dintorni della Reeperbahn, nel quartiere di St. Pauli<\/strong>, dove trovi i bar migliori e ostelli economici gi\u00e0 a partire da 40 euro a notte. Devi per\u00f2 mettere in conto che le strade vivono fino alle prime ore del mattino, quindi non \u00e8 proprio la posizione ideale per un tranquillo sonno in famiglia.<\/p>\n\n\n\n<p class=\"wp-block-paragraph\">Per un soggiorno pi\u00f9 tranquillo con un&#8217;ottima accessibilit\u00e0 ai trasporti pubblici si presta invece benissimo la zona di St. Georg, che si trova a due passi dalla stazione centrale e offre prezzi un po&#8217; pi\u00f9 convenienti rispetto al centro storico vero e proprio. <strong>Ti consiglio il molto apprezzato Hotel Volksschule<\/strong>, nato dalla sensibile ristrutturazione di un vecchio edificio scolastico e che spicca per le colazioni fantastiche. Qualunque zona tu scelga, prenota sempre l&#8217;alloggio con largo anticipo, perch\u00e9 Amburgo \u00e8 una destinazione molto ricercata tutto l&#8217;anno e le migliori soluzioni spariscono incredibilmente in fretta.<\/p>\n\n\n\n<p class=\"wp-block-paragraph\">Una panoramica dettagliata dei quartieri e di hotel specifici la trovi nell&#8217;articolo dedicato <a href=\"https:\/\/loudavymkrokem.cz\/kde-bydlet-v-hamburku\/\">Dove alloggiare ad Amburgo<\/a>, dove confrontiamo HafenCity, Altona e St. Pauli e consigliamo 12 hotel dall&#8217;ostello al lusso. <a href=\"https:\/\/www.stay22.com\/allez\/roam?aid=lukaskonecny&#038;campaign=loudavymkrokemcz&#038;campaign=co-videt-v-hamburku&#038;hotelname=Hotel%20Volksschule&#038;address=Hamburk%2C%20N%C4%9Bmecko\" target=\"_blank\" rel=\"noopener nofollow sponsored\">Controllare la disponibilit\u00e0 dell&#8217;alloggio<\/a> conviene il prima possibile.<\/p>\n\n\n\n<figure data-wp-context=\"{&quot;imageId&quot;:&quot;6a952209b5e7c&quot;}\" data-wp-interactive=\"core\/image\" data-wp-key=\"6a952209b5e7c\" class=\"wp-block-image size-full wp-lightbox-container\"><img decoding=\"async\" width=\"1800\" height=\"621\" data-wp-class--hide=\"state.isContentHidden\" data-wp-class--show=\"state.isContentVisible\" data-wp-init=\"callbacks.setButtonStyles\" data-wp-on--click=\"actions.showLightbox\" data-wp-on--load=\"callbacks.setButtonStyles\" data-wp-on--pointerdown=\"actions.preloadImage\" data-wp-on--pointerenter=\"actions.preloadImageWithDelay\" data-wp-on--pointerleave=\"actions.cancelPreload\" data-wp-on-window--resize=\"callbacks.setButtonStyles\" src=\"https:\/\/loudavymkrokem.cz\/wp-content\/uploads\/2026\/08\/nemecko-clanky-co-videt-v-hamburku-04.jpg\" alt=\"Il porto di Amburgo dall&#039;alto\" class=\"wp-image-396962\" title=\"\" srcset=\"https:\/\/loudavymkrokem.cz\/wp-content\/uploads\/2026\/08\/nemecko-clanky-co-videt-v-hamburku-04.jpg 1800w, https:\/\/loudavymkrokem.cz\/wp-content\/uploads\/2026\/08\/nemecko-clanky-co-videt-v-hamburku-04-300x104.jpg 300w, https:\/\/loudavymkrokem.cz\/wp-content\/uploads\/2026\/08\/nemecko-clanky-co-videt-v-hamburku-04-700x242.jpg 700w, https:\/\/loudavymkrokem.cz\/wp-content\/uploads\/2026\/08\/nemecko-clanky-co-videt-v-hamburku-04-768x265.jpg 768w, https:\/\/loudavymkrokem.cz\/wp-content\/uploads\/2026\/08\/nemecko-clanky-co-videt-v-hamburku-04-1536x530.jpg 1536w, https:\/\/loudavymkrokem.cz\/wp-content\/uploads\/2026\/08\/nemecko-clanky-co-videt-v-hamburku-04-696x240.jpg 696w, https:\/\/loudavymkrokem.cz\/wp-content\/uploads\/2026\/08\/nemecko-clanky-co-videt-v-hamburku-04-1392x480.jpg 1392w\" sizes=\"(max-width: 1800px) 100vw, 1800px\" \/><button\n\t\t\tclass=\"lightbox-trigger\"\n\t\t\ttype=\"button\"\n\t\t\taria-haspopup=\"dialog\"\n\t\t\tdata-wp-bind--aria-label=\"state.thisImage.triggerButtonAriaLabel\"\n\t\t\tdata-wp-init=\"callbacks.initTriggerButton\"\n\t\t\tdata-wp-on--click=\"actions.showLightbox\"\n\t\t\tdata-wp-style--right=\"state.thisImage.buttonRight\"\n\t\t\tdata-wp-style--top=\"state.thisImage.buttonTop\"\n\t\t>\n\t\t\t<svg xmlns=\"http:\/\/www.w3.org\/2000\/svg\" width=\"12\" height=\"12\" fill=\"none\" viewBox=\"0 0 12 12\">\n\t\t\t\t<path fill=\"#fff\" d=\"M2 0a2 2 0 0 0-2 2v2h1.5V2a.5.5 0 0 1 .5-.5h2V0H2Zm2 10.5H2a.5.5 0 0 1-.5-.5V8H0v2a2 2 0 0 0 2 2h2v-1.5ZM8 12v-1.5h2a.5.5 0 0 0 .5-.5V8H12v2a2 2 0 0 1-2 2H8Zm2-12a2 2 0 0 1 2 2v2h-1.5V2a.5.5 0 0 0-.5-.5H8V0h2Z\" \/>\n\t\t\t<\/svg>\n\t\t<\/button><figcaption class=\"wp-element-caption\">Foto: Dietmar Rabich \/ Wikimedia Commons, CC BY-SA 4.0<\/figcaption><\/figure>\n\n\n\n<h2 class=\"wp-block-heading\"><span class=\"ez-toc-section\" id=\"22_idee_su_cosa_vedere_e_fare_ad_Amburgo\"><\/span>22 idee su cosa vedere e fare ad Amburgo<span class=\"ez-toc-section-end\"><\/span><\/h2>\n\n\n\n<p class=\"wp-block-paragraph\">Andiamo a vedere nel dettaglio un elenco completo dei luoghi e delle attivit\u00e0 pi\u00f9 belle che durante la visita non dovresti assolutamente perderti. <strong>Preparati a scoprire architettura mozzafiato, navi enormi e nascoste oasi verdi<\/strong>, che formano l&#8217;inconfondibile carattere di questa citt\u00e0 affascinante.<\/p>\n\n\n\n<figure data-wp-context=\"{&quot;imageId&quot;:&quot;6a952209b64e3&quot;}\" data-wp-interactive=\"core\/image\" data-wp-key=\"6a952209b64e3\" class=\"wp-block-image size-full wp-lightbox-container\"><img decoding=\"async\" width=\"1800\" height=\"1200\" data-wp-class--hide=\"state.isContentHidden\" data-wp-class--show=\"state.isContentVisible\" data-wp-init=\"callbacks.setButtonStyles\" data-wp-on--click=\"actions.showLightbox\" data-wp-on--load=\"callbacks.setButtonStyles\" data-wp-on--pointerdown=\"actions.preloadImage\" data-wp-on--pointerenter=\"actions.preloadImageWithDelay\" data-wp-on--pointerleave=\"actions.cancelPreload\" data-wp-on-window--resize=\"callbacks.setButtonStyles\" src=\"https:\/\/loudavymkrokem.cz\/wp-content\/uploads\/2026\/08\/nemecko-clanky-co-videt-v-hamburku-05.jpg\" alt=\"Magazzini di mattoni dello Speicherstadt\" class=\"wp-image-397158\" title=\"\" srcset=\"https:\/\/loudavymkrokem.cz\/wp-content\/uploads\/2026\/08\/nemecko-clanky-co-videt-v-hamburku-05.jpg 1800w, https:\/\/loudavymkrokem.cz\/wp-content\/uploads\/2026\/08\/nemecko-clanky-co-videt-v-hamburku-05-300x200.jpg 300w, https:\/\/loudavymkrokem.cz\/wp-content\/uploads\/2026\/08\/nemecko-clanky-co-videt-v-hamburku-05-700x467.jpg 700w, https:\/\/loudavymkrokem.cz\/wp-content\/uploads\/2026\/08\/nemecko-clanky-co-videt-v-hamburku-05-768x512.jpg 768w, https:\/\/loudavymkrokem.cz\/wp-content\/uploads\/2026\/08\/nemecko-clanky-co-videt-v-hamburku-05-1536x1024.jpg 1536w, https:\/\/loudavymkrokem.cz\/wp-content\/uploads\/2026\/08\/nemecko-clanky-co-videt-v-hamburku-05-696x464.jpg 696w, https:\/\/loudavymkrokem.cz\/wp-content\/uploads\/2026\/08\/nemecko-clanky-co-videt-v-hamburku-05-1392x928.jpg 1392w\" sizes=\"(max-width: 1800px) 100vw, 1800px\" \/><button\n\t\t\tclass=\"lightbox-trigger\"\n\t\t\ttype=\"button\"\n\t\t\taria-haspopup=\"dialog\"\n\t\t\tdata-wp-bind--aria-label=\"state.thisImage.triggerButtonAriaLabel\"\n\t\t\tdata-wp-init=\"callbacks.initTriggerButton\"\n\t\t\tdata-wp-on--click=\"actions.showLightbox\"\n\t\t\tdata-wp-style--right=\"state.thisImage.buttonRight\"\n\t\t\tdata-wp-style--top=\"state.thisImage.buttonTop\"\n\t\t>\n\t\t\t<svg xmlns=\"http:\/\/www.w3.org\/2000\/svg\" width=\"12\" height=\"12\" fill=\"none\" viewBox=\"0 0 12 12\">\n\t\t\t\t<path fill=\"#fff\" d=\"M2 0a2 2 0 0 0-2 2v2h1.5V2a.5.5 0 0 1 .5-.5h2V0H2Zm2 10.5H2a.5.5 0 0 1-.5-.5V8H0v2a2 2 0 0 0 2 2h2v-1.5ZM8 12v-1.5h2a.5.5 0 0 0 .5-.5V8H12v2a2 2 0 0 1-2 2H8Zm2-12a2 2 0 0 1 2 2v2h-1.5V2a.5.5 0 0 0-.5-.5H8V0h2Z\" \/>\n\t\t\t<\/svg>\n\t\t<\/button><figcaption class=\"wp-element-caption\">Foto: Dietmar Rabich \/ Wikimedia Commons, CC BY-SA 4.0<\/figcaption><\/figure>\n\n\n\n<h3 class=\"wp-block-heading\"><span class=\"ez-toc-section\" id=\"1_Speicherstadt\"><\/span>1. Speicherstadt<span class=\"ez-toc-section-end\"><\/span><\/h3>\n\n\n\n<p class=\"wp-block-paragraph\">Il pi\u00f9 grande complesso continuo di magazzini storici al mondo \u00e8 la dominante assoluta della citt\u00e0 e <strong>si fregia a buon diritto dell&#8217;iscrizione nella lista del patrimonio mondiale UNESCO<\/strong>. L&#8217;intero quartiere \u00e8 attraversato da un intreccio di canali, sopra i quali si ergono massicci edifici di mattoni rossi coronati dai tipici tettucci di rame e da timpani neogotici decorativi. Passeggiare per queste stradine \u00e8 del tutto gratuito e ti avvolge l&#8217;autentica atmosfera dei tempi in cui qui si immagazzinavano su larga scala caff\u00e8, cacao, tappeti orientali e preziose spezie da tutto il mondo.<\/p>\n\n\n\n<p class=\"wp-block-paragraph\">Il complesso nacque alla fine dell&#8217;Ottocento e i suoi edifici poggiano su migliaia di pali di quercia conficcati in profondit\u00e0 nel fango del fiume. <strong>Vai assolutamente a vedere il cosiddetto Wasserschloss, ovvero il Castello d&#8217;Acqua<\/strong>, un edificio estremamente fotogenico che sorge esattamente alla confluenza di due canali e che oggi ospita un&#8217;accogliente sala da t\u00e8. La passeggiata tra questi edifici maestosi ti trasporta letteralmente ai tempi del massimo splendore dei mercanti anseatici.<\/p>\n\n\n\n<p class=\"wp-block-paragraph\">\ud83d\udca1 Consiglio: <strong>l&#8217;intera area \u00e8 pi\u00f9 fotogenica subito dopo il tramonto<\/strong>, quando si accende la romantica illuminazione serale. Le mura di mattoni e i ponti iniziano a specchiarsi splendidamente sulla scura superficie dei canali, creando uno spettacolo assolutamente magico.<\/p>\n\n\n\n<figure data-wp-context=\"{&quot;imageId&quot;:&quot;6a952209b6c08&quot;}\" data-wp-interactive=\"core\/image\" data-wp-key=\"6a952209b6c08\" class=\"wp-block-image size-full wp-lightbox-container\"><img decoding=\"async\" width=\"1800\" height=\"1192\" data-wp-class--hide=\"state.isContentHidden\" data-wp-class--show=\"state.isContentVisible\" data-wp-init=\"callbacks.setButtonStyles\" data-wp-on--click=\"actions.showLightbox\" data-wp-on--load=\"callbacks.setButtonStyles\" data-wp-on--pointerdown=\"actions.preloadImage\" data-wp-on--pointerenter=\"actions.preloadImageWithDelay\" data-wp-on--pointerleave=\"actions.cancelPreload\" data-wp-on-window--resize=\"callbacks.setButtonStyles\" src=\"https:\/\/loudavymkrokem.cz\/wp-content\/uploads\/2026\/08\/nemecko-clanky-co-videt-v-hamburku-06.jpg\" alt=\"Ferrovia in miniatura al Miniatur Wunderland\" class=\"wp-image-398123\" title=\"\" srcset=\"https:\/\/loudavymkrokem.cz\/wp-content\/uploads\/2026\/08\/nemecko-clanky-co-videt-v-hamburku-06.jpg 1800w, https:\/\/loudavymkrokem.cz\/wp-content\/uploads\/2026\/08\/nemecko-clanky-co-videt-v-hamburku-06-300x199.jpg 300w, https:\/\/loudavymkrokem.cz\/wp-content\/uploads\/2026\/08\/nemecko-clanky-co-videt-v-hamburku-06-700x464.jpg 700w, https:\/\/loudavymkrokem.cz\/wp-content\/uploads\/2026\/08\/nemecko-clanky-co-videt-v-hamburku-06-768x509.jpg 768w, https:\/\/loudavymkrokem.cz\/wp-content\/uploads\/2026\/08\/nemecko-clanky-co-videt-v-hamburku-06-1536x1017.jpg 1536w, https:\/\/loudavymkrokem.cz\/wp-content\/uploads\/2026\/08\/nemecko-clanky-co-videt-v-hamburku-06-696x461.jpg 696w, https:\/\/loudavymkrokem.cz\/wp-content\/uploads\/2026\/08\/nemecko-clanky-co-videt-v-hamburku-06-1392x922.jpg 1392w\" sizes=\"(max-width: 1800px) 100vw, 1800px\" \/><button\n\t\t\tclass=\"lightbox-trigger\"\n\t\t\ttype=\"button\"\n\t\t\taria-haspopup=\"dialog\"\n\t\t\tdata-wp-bind--aria-label=\"state.thisImage.triggerButtonAriaLabel\"\n\t\t\tdata-wp-init=\"callbacks.initTriggerButton\"\n\t\t\tdata-wp-on--click=\"actions.showLightbox\"\n\t\t\tdata-wp-style--right=\"state.thisImage.buttonRight\"\n\t\t\tdata-wp-style--top=\"state.thisImage.buttonTop\"\n\t\t>\n\t\t\t<svg xmlns=\"http:\/\/www.w3.org\/2000\/svg\" width=\"12\" height=\"12\" fill=\"none\" viewBox=\"0 0 12 12\">\n\t\t\t\t<path fill=\"#fff\" d=\"M2 0a2 2 0 0 0-2 2v2h1.5V2a.5.5 0 0 1 .5-.5h2V0H2Zm2 10.5H2a.5.5 0 0 1-.5-.5V8H0v2a2 2 0 0 0 2 2h2v-1.5ZM8 12v-1.5h2a.5.5 0 0 0 .5-.5V8H12v2a2 2 0 0 1-2 2H8Zm2-12a2 2 0 0 1 2 2v2h-1.5V2a.5.5 0 0 0-.5-.5H8V0h2Z\" \/>\n\t\t\t<\/svg>\n\t\t<\/button><figcaption class=\"wp-element-caption\">Foto: Steven Lek \/ Wikimedia Commons, CC BY-SA 4.0<\/figcaption><\/figure>\n\n\n\n<h3 class=\"wp-block-heading\"><span class=\"ez-toc-section\" id=\"2_Miniatur_Wunderland\"><\/span>2. Miniatur Wunderland<span class=\"ez-toc-section-end\"><\/span><\/h3>\n\n\n\n<p class=\"wp-block-paragraph\">La pi\u00f9 grande ferrovia in miniatura del mondo si trova proprio nel cuore dello Speicherstadt ed entusiasma senza fallo adulti e bambini a prescindere dall&#8217;et\u00e0. <strong>Questa affascinante attrazione cresce di continuo e per il 2026 ti aspettano sezioni completamente nuove<\/strong>, che includono dettagliati modelli della foresta pluviale, un pezzo della cordigliera delle Ande o, per esempio, l&#8217;arido deserto di Atacama. Ogni dettaglio qui \u00e8 curato alla perfezione assoluta e a intervalli regolari di quindici minuti si alternano giorno e notte, cos\u00ec vedrai tutte le cittadine splendidamente illuminate.<\/p>\n\n\n\n<p class=\"wp-block-paragraph\">Il biglietto d&#8217;ingresso per un adulto <strong>costa circa 25 euro e la visita pu\u00f2 occuparti tranquillamente mezza giornata<\/strong>, se vuoi guardare tutto per bene e con calma. Ammirerai un aeroporto in miniatura con aerei che decollano e atterrano realmente, dettagliati villaggi alpini, la Scandinavia innevata e citt\u00e0 animate piene di piccole figurine con le proprie storie divertenti. I creatori locali hanno un enorme senso dell&#8217;umorismo, quindi se guardi bene scoprirai un sacco di scenette buffe tratte dalla vita quotidiana.<\/p>\n\n\n\n<p class=\"wp-block-paragraph\">\ud83d\udca1 Consiglio: <strong>la prenotazione online del biglietto con orario \u00e8 una necessit\u00e0 assoluta<\/strong>, perch\u00e9 in alta stagione \u00e8 tutto esaurito anche diverse settimane prima. Sul posto i biglietti semplicemente non li trovi e sarebbe un enorme peccato perdersi questa esperienza.<\/p>\n\n\n\n<figure data-wp-context=\"{&quot;imageId&quot;:&quot;6a952209b73ac&quot;}\" data-wp-interactive=\"core\/image\" data-wp-key=\"6a952209b73ac\" class=\"wp-block-image size-full wp-lightbox-container\"><img decoding=\"async\" width=\"1800\" height=\"1800\" data-wp-class--hide=\"state.isContentHidden\" data-wp-class--show=\"state.isContentVisible\" data-wp-init=\"callbacks.setButtonStyles\" data-wp-on--click=\"actions.showLightbox\" data-wp-on--load=\"callbacks.setButtonStyles\" data-wp-on--pointerdown=\"actions.preloadImage\" data-wp-on--pointerenter=\"actions.preloadImageWithDelay\" data-wp-on--pointerleave=\"actions.cancelPreload\" data-wp-on-window--resize=\"callbacks.setButtonStyles\" src=\"https:\/\/loudavymkrokem.cz\/wp-content\/uploads\/2026\/08\/nemecko-clanky-co-videt-v-hamburku-07.jpg\" alt=\"L&#039;edificio dell&#039;Elbphilharmonie sopra il porto\" class=\"wp-image-398583\" title=\"\" srcset=\"https:\/\/loudavymkrokem.cz\/wp-content\/uploads\/2026\/08\/nemecko-clanky-co-videt-v-hamburku-07.jpg 1800w, https:\/\/loudavymkrokem.cz\/wp-content\/uploads\/2026\/08\/nemecko-clanky-co-videt-v-hamburku-07-300x300.jpg 300w, https:\/\/loudavymkrokem.cz\/wp-content\/uploads\/2026\/08\/nemecko-clanky-co-videt-v-hamburku-07-700x700.jpg 700w, https:\/\/loudavymkrokem.cz\/wp-content\/uploads\/2026\/08\/nemecko-clanky-co-videt-v-hamburku-07-150x150.jpg 150w, https:\/\/loudavymkrokem.cz\/wp-content\/uploads\/2026\/08\/nemecko-clanky-co-videt-v-hamburku-07-768x768.jpg 768w, https:\/\/loudavymkrokem.cz\/wp-content\/uploads\/2026\/08\/nemecko-clanky-co-videt-v-hamburku-07-1536x1536.jpg 1536w, https:\/\/loudavymkrokem.cz\/wp-content\/uploads\/2026\/08\/nemecko-clanky-co-videt-v-hamburku-07-696x696.jpg 696w, https:\/\/loudavymkrokem.cz\/wp-content\/uploads\/2026\/08\/nemecko-clanky-co-videt-v-hamburku-07-1392x1392.jpg 1392w\" sizes=\"(max-width: 1800px) 100vw, 1800px\" \/><button\n\t\t\tclass=\"lightbox-trigger\"\n\t\t\ttype=\"button\"\n\t\t\taria-haspopup=\"dialog\"\n\t\t\tdata-wp-bind--aria-label=\"state.thisImage.triggerButtonAriaLabel\"\n\t\t\tdata-wp-init=\"callbacks.initTriggerButton\"\n\t\t\tdata-wp-on--click=\"actions.showLightbox\"\n\t\t\tdata-wp-style--right=\"state.thisImage.buttonRight\"\n\t\t\tdata-wp-style--top=\"state.thisImage.buttonTop\"\n\t\t>\n\t\t\t<svg xmlns=\"http:\/\/www.w3.org\/2000\/svg\" width=\"12\" height=\"12\" fill=\"none\" viewBox=\"0 0 12 12\">\n\t\t\t\t<path fill=\"#fff\" d=\"M2 0a2 2 0 0 0-2 2v2h1.5V2a.5.5 0 0 1 .5-.5h2V0H2Zm2 10.5H2a.5.5 0 0 1-.5-.5V8H0v2a2 2 0 0 0 2 2h2v-1.5ZM8 12v-1.5h2a.5.5 0 0 0 .5-.5V8H12v2a2 2 0 0 1-2 2H8Zm2-12a2 2 0 0 1 2 2v2h-1.5V2a.5.5 0 0 0-.5-.5H8V0h2Z\" \/>\n\t\t\t<\/svg>\n\t\t<\/button><figcaption class=\"wp-element-caption\">Foto: Dietmar Rabich \/ Wikimedia Commons, CC BY-SA 4.0<\/figcaption><\/figure>\n\n\n\n<h3 class=\"wp-block-heading\"><span class=\"ez-toc-section\" id=\"3_Elbphilharmonie\"><\/span>3. Elbphilharmonie<span class=\"ez-toc-section-end\"><\/span><\/h3>\n\n\n\n<p class=\"wp-block-paragraph\">L&#8217;iconico edificio dell&#8217;auditorium, che con la sua forma ricorda vele tese o onde in tempesta, \u00e8 diventato dalla sua apertura il simbolo moderno della citt\u00e0. <strong>La parte inferiore \u00e8 formata da un vecchio magazzino di mattoni, sul quale \u00e8 posata una spettacolare sopraelevazione di vetro<\/strong>, che riflette meravigliosamente il cielo e l&#8217;acqua circostante e cambia colore a seconda del tempo. Dal punto di vista architettonico \u00e8 un vero e proprio gioiello, che domina l&#8217;intero porto e attira gli sguardi di tutti i visitatori gi\u00e0 da lontano.<\/p>\n\n\n\n<p class=\"wp-block-paragraph\">Proprio tra la parte di mattoni e quella di vetro si trova <strong>la cosiddetta Plaza, ovvero una terrazza panoramica accessibile al pubblico con una vista fantastica sulla citt\u00e0 e sulle enormi gru in lontananza<\/strong>. Puoi fare il giro completo dell&#8217;edificio e osservare il viavai sul fiume e le torri delle chiese storiche. Su ti porta un&#8217;unica scala mobile curva lunga oltre ottanta metri, che \u00e8 di per s\u00e9 una grande esperienza architettonica, perch\u00e9 per via della curvatura non riesci proprio a vederne la fine.<\/p>\n\n\n\n<p class=\"wp-block-paragraph\">\ud83d\udca1 Consiglio: <strong>l&#8217;accesso alla terrazza panoramica \u00e8 s\u00ec gratuito, ma devi prenotare in anticipo una fascia oraria<\/strong> sul sito ufficiale. Senza una prenotazione valida purtroppo non ti fanno salire sulla scala mobile ad arco e dovresti solo sperare che ci sia posto alla biglietteria.<\/p>\n\n\n\n<figure data-wp-context=\"{&quot;imageId&quot;:&quot;6a952209b7a99&quot;}\" data-wp-interactive=\"core\/image\" data-wp-key=\"6a952209b7a99\" class=\"wp-block-image size-full wp-lightbox-container\"><img decoding=\"async\" width=\"1800\" height=\"1350\" data-wp-class--hide=\"state.isContentHidden\" data-wp-class--show=\"state.isContentVisible\" data-wp-init=\"callbacks.setButtonStyles\" data-wp-on--click=\"actions.showLightbox\" data-wp-on--load=\"callbacks.setButtonStyles\" data-wp-on--pointerdown=\"actions.preloadImage\" data-wp-on--pointerenter=\"actions.preloadImageWithDelay\" data-wp-on--pointerleave=\"actions.cancelPreload\" data-wp-on-window--resize=\"callbacks.setButtonStyles\" src=\"https:\/\/loudavymkrokem.cz\/wp-content\/uploads\/2026\/08\/nemecko-clanky-co-videt-v-hamburku-08.jpg\" alt=\"Lungomare a HafenCity\" class=\"wp-image-398815\" title=\"\" srcset=\"https:\/\/loudavymkrokem.cz\/wp-content\/uploads\/2026\/08\/nemecko-clanky-co-videt-v-hamburku-08.jpg 1800w, https:\/\/loudavymkrokem.cz\/wp-content\/uploads\/2026\/08\/nemecko-clanky-co-videt-v-hamburku-08-300x225.jpg 300w, https:\/\/loudavymkrokem.cz\/wp-content\/uploads\/2026\/08\/nemecko-clanky-co-videt-v-hamburku-08-700x525.jpg 700w, https:\/\/loudavymkrokem.cz\/wp-content\/uploads\/2026\/08\/nemecko-clanky-co-videt-v-hamburku-08-768x576.jpg 768w, https:\/\/loudavymkrokem.cz\/wp-content\/uploads\/2026\/08\/nemecko-clanky-co-videt-v-hamburku-08-1536x1152.jpg 1536w, https:\/\/loudavymkrokem.cz\/wp-content\/uploads\/2026\/08\/nemecko-clanky-co-videt-v-hamburku-08-80x60.jpg 80w, https:\/\/loudavymkrokem.cz\/wp-content\/uploads\/2026\/08\/nemecko-clanky-co-videt-v-hamburku-08-160x120.jpg 160w, https:\/\/loudavymkrokem.cz\/wp-content\/uploads\/2026\/08\/nemecko-clanky-co-videt-v-hamburku-08-696x522.jpg 696w, https:\/\/loudavymkrokem.cz\/wp-content\/uploads\/2026\/08\/nemecko-clanky-co-videt-v-hamburku-08-1392x1044.jpg 1392w\" sizes=\"(max-width: 1800px) 100vw, 1800px\" \/><button\n\t\t\tclass=\"lightbox-trigger\"\n\t\t\ttype=\"button\"\n\t\t\taria-haspopup=\"dialog\"\n\t\t\tdata-wp-bind--aria-label=\"state.thisImage.triggerButtonAriaLabel\"\n\t\t\tdata-wp-init=\"callbacks.initTriggerButton\"\n\t\t\tdata-wp-on--click=\"actions.showLightbox\"\n\t\t\tdata-wp-style--right=\"state.thisImage.buttonRight\"\n\t\t\tdata-wp-style--top=\"state.thisImage.buttonTop\"\n\t\t>\n\t\t\t<svg xmlns=\"http:\/\/www.w3.org\/2000\/svg\" width=\"12\" height=\"12\" fill=\"none\" viewBox=\"0 0 12 12\">\n\t\t\t\t<path fill=\"#fff\" d=\"M2 0a2 2 0 0 0-2 2v2h1.5V2a.5.5 0 0 1 .5-.5h2V0H2Zm2 10.5H2a.5.5 0 0 1-.5-.5V8H0v2a2 2 0 0 0 2 2h2v-1.5ZM8 12v-1.5h2a.5.5 0 0 0 .5-.5V8H12v2a2 2 0 0 1-2 2H8Zm2-12a2 2 0 0 1 2 2v2h-1.5V2a.5.5 0 0 0-.5-.5H8V0h2Z\" \/>\n\t\t\t<\/svg>\n\t\t<\/button><figcaption class=\"wp-element-caption\">Foto: Miwa \/ Pexels<\/figcaption><\/figure>\n\n\n\n<h3 class=\"wp-block-heading\"><span class=\"ez-toc-section\" id=\"4_Il_moderno_quartiere_HafenCity_ad_Amburgo_Germania\"><\/span>4. Il moderno quartiere HafenCity ad Amburgo, Germania<span class=\"ez-toc-section-end\"><\/span><\/h3>\n\n\n\n<p class=\"wp-block-paragraph\">Proprio accanto allo storico Speicherstadt cresce il pi\u00f9 grande progetto di sviluppo urbano d&#8217;Europa, che sta cambiando completamente il volto del vecchio porto. <strong>HafenCity \u00e8 una vetrina di architettura moderna di altissimo livello, dove ogni edificio \u00e8 nato dalle mani di rinomati architetti di fama mondiale<\/strong>, e forma un contrasto incredibile con i magazzini di mattoni poco distanti. Qui trovi ampie promenade lungo l&#8217;acqua, moderni blocchi residenziali, lussuosi uffici vetrati, caff\u00e8 eleganti e futuristici ponti che collegano le singole isolette.<\/p>\n\n\n\n<p class=\"wp-block-paragraph\">Tutta questa enorme area <strong>compresa la visita all&#8217;Elbphilharmonie, allo Speicherstadt e al Miniatur Wunderland ti occuper\u00e0 sicuramente un&#8217;intera giornata<\/strong>. Conviene decisamente venire qui con scarpe comode e non programmare per lo stesso giorno grandi spostamenti verso zone pi\u00f9 lontane della citt\u00e0. \u00c8 affascinante osservare come la citt\u00e0 sia riuscita ad affrontare la minaccia delle inondazioni, perch\u00e9 tutti i nuovi edifici e le promenade sono rialzati su appositi basamenti.<\/p>\n\n\n\n<p class=\"wp-block-paragraph\">\ud83d\udca1 Consiglio: <strong>fermati alle cosiddette Terrazze Magellano<\/strong>, una piazza a gradoni che scende direttamente verso l&#8217;acqua. \u00c8 il posto ideale per rilassarsi con un bicchiere di buon caff\u00e8 e osservare le barchette che passano.<\/p>\n\n\n\n<figure data-wp-context=\"{&quot;imageId&quot;:&quot;6a952209b81b7&quot;}\" data-wp-interactive=\"core\/image\" data-wp-key=\"6a952209b81b7\" class=\"wp-block-image size-full wp-lightbox-container\"><img decoding=\"async\" width=\"1800\" height=\"1195\" data-wp-class--hide=\"state.isContentHidden\" data-wp-class--show=\"state.isContentVisible\" data-wp-init=\"callbacks.setButtonStyles\" data-wp-on--click=\"actions.showLightbox\" data-wp-on--load=\"callbacks.setButtonStyles\" data-wp-on--pointerdown=\"actions.preloadImage\" data-wp-on--pointerenter=\"actions.preloadImageWithDelay\" data-wp-on--pointerleave=\"actions.cancelPreload\" data-wp-on-window--resize=\"callbacks.setButtonStyles\" src=\"https:\/\/loudavymkrokem.cz\/wp-content\/uploads\/2026\/08\/nemecko-clanky-co-videt-v-hamburku-09.jpg\" alt=\"Museo marittimo internazionale di Amburgo\" class=\"wp-image-398820\" title=\"\" srcset=\"https:\/\/loudavymkrokem.cz\/wp-content\/uploads\/2026\/08\/nemecko-clanky-co-videt-v-hamburku-09.jpg 1800w, https:\/\/loudavymkrokem.cz\/wp-content\/uploads\/2026\/08\/nemecko-clanky-co-videt-v-hamburku-09-300x199.jpg 300w, https:\/\/loudavymkrokem.cz\/wp-content\/uploads\/2026\/08\/nemecko-clanky-co-videt-v-hamburku-09-700x465.jpg 700w, https:\/\/loudavymkrokem.cz\/wp-content\/uploads\/2026\/08\/nemecko-clanky-co-videt-v-hamburku-09-768x510.jpg 768w, https:\/\/loudavymkrokem.cz\/wp-content\/uploads\/2026\/08\/nemecko-clanky-co-videt-v-hamburku-09-1536x1020.jpg 1536w, https:\/\/loudavymkrokem.cz\/wp-content\/uploads\/2026\/08\/nemecko-clanky-co-videt-v-hamburku-09-696x462.jpg 696w, https:\/\/loudavymkrokem.cz\/wp-content\/uploads\/2026\/08\/nemecko-clanky-co-videt-v-hamburku-09-1392x924.jpg 1392w\" sizes=\"(max-width: 1800px) 100vw, 1800px\" \/><button\n\t\t\tclass=\"lightbox-trigger\"\n\t\t\ttype=\"button\"\n\t\t\taria-haspopup=\"dialog\"\n\t\t\tdata-wp-bind--aria-label=\"state.thisImage.triggerButtonAriaLabel\"\n\t\t\tdata-wp-init=\"callbacks.initTriggerButton\"\n\t\t\tdata-wp-on--click=\"actions.showLightbox\"\n\t\t\tdata-wp-style--right=\"state.thisImage.buttonRight\"\n\t\t\tdata-wp-style--top=\"state.thisImage.buttonTop\"\n\t\t>\n\t\t\t<svg xmlns=\"http:\/\/www.w3.org\/2000\/svg\" width=\"12\" height=\"12\" fill=\"none\" viewBox=\"0 0 12 12\">\n\t\t\t\t<path fill=\"#fff\" d=\"M2 0a2 2 0 0 0-2 2v2h1.5V2a.5.5 0 0 1 .5-.5h2V0H2Zm2 10.5H2a.5.5 0 0 1-.5-.5V8H0v2a2 2 0 0 0 2 2h2v-1.5ZM8 12v-1.5h2a.5.5 0 0 0 .5-.5V8H12v2a2 2 0 0 1-2 2H8Zm2-12a2 2 0 0 1 2 2v2h-1.5V2a.5.5 0 0 0-.5-.5H8V0h2Z\" \/>\n\t\t\t<\/svg>\n\t\t<\/button><figcaption class=\"wp-element-caption\">Foto: Frank Schulenburg \/ Wikimedia Commons, CC BY-SA 4.0<\/figcaption><\/figure>\n\n\n\n<h3 class=\"wp-block-heading\"><span class=\"ez-toc-section\" id=\"5_International_Maritime_Museum\"><\/span>5. International Maritime Museum<span class=\"ez-toc-section-end\"><\/span><\/h3>\n\n\n\n<p class=\"wp-block-paragraph\">Se ti affascinano la navigazione e la storia delle scoperte marittime, questo museo ospitato nell&#8217;enorme magazzino storico Kaispeicher B ti conquister\u00e0 completamente. <strong>L&#8217;esposizione si estende su ben nove piani e presenta migliaia di precisi modellini di navi<\/strong>, carte nautiche, uniformi, eliche e strumenti di navigazione storici da tutto il mondo. La collezione \u00e8 cos\u00ec vasta da ripercorrere l&#8217;intera storia della conquista degli oceani da parte dell&#8217;uomo, dall&#8217;antichit\u00e0 alle celebri battaglie fino alle attuali enormi navi portacontainer.<\/p>\n\n\n\n<p class=\"wp-block-paragraph\">La visita \u00e8 concepita in modo molto interattivo, cos\u00ec <strong>puoi provare il simulatore di guida di una nave moderna o osservare nel dettaglio le cabine ricostruite dei transatlantici<\/strong>. Il museo \u00e8 un&#8217;ottima scelta anche per le giornate di pioggia, che nella Germania settentrionale sono piuttosto frequenti, e intratterr\u00e0 tutta la famiglia per lunghe ore.<\/p>\n\n\n\n<p class=\"wp-block-paragraph\">\ud83d\udca1 Consiglio: <strong>per una visita accurata di tutti e nove i ponti riservati almeno tre o quattro ore<\/strong>. Se hai fretta, concentrati soprattutto sui piani dedicati alla navigazione moderna e ai grandi velieri, che di solito sono i pi\u00f9 affascinanti dal punto di vista visivo.<\/p>\n\n\n\n<figure data-wp-context=\"{&quot;imageId&quot;:&quot;6a952209b8838&quot;}\" data-wp-interactive=\"core\/image\" data-wp-key=\"6a952209b8838\" class=\"wp-block-image size-full wp-lightbox-container\"><img decoding=\"async\" width=\"1800\" height=\"1200\" data-wp-class--hide=\"state.isContentHidden\" data-wp-class--show=\"state.isContentVisible\" data-wp-init=\"callbacks.setButtonStyles\" data-wp-on--click=\"actions.showLightbox\" data-wp-on--load=\"callbacks.setButtonStyles\" data-wp-on--pointerdown=\"actions.preloadImage\" data-wp-on--pointerenter=\"actions.preloadImageWithDelay\" data-wp-on--pointerleave=\"actions.cancelPreload\" data-wp-on-window--resize=\"callbacks.setButtonStyles\" src=\"https:\/\/loudavymkrokem.cz\/wp-content\/uploads\/2026\/08\/nemecko-clanky-co-videt-v-hamburku-10.jpg\" alt=\"Traghetto sull&#039;Elba ad Amburgo\" class=\"wp-image-398961\" title=\"\" srcset=\"https:\/\/loudavymkrokem.cz\/wp-content\/uploads\/2026\/08\/nemecko-clanky-co-videt-v-hamburku-10.jpg 1800w, https:\/\/loudavymkrokem.cz\/wp-content\/uploads\/2026\/08\/nemecko-clanky-co-videt-v-hamburku-10-300x200.jpg 300w, https:\/\/loudavymkrokem.cz\/wp-content\/uploads\/2026\/08\/nemecko-clanky-co-videt-v-hamburku-10-700x467.jpg 700w, https:\/\/loudavymkrokem.cz\/wp-content\/uploads\/2026\/08\/nemecko-clanky-co-videt-v-hamburku-10-768x512.jpg 768w, https:\/\/loudavymkrokem.cz\/wp-content\/uploads\/2026\/08\/nemecko-clanky-co-videt-v-hamburku-10-1536x1024.jpg 1536w, https:\/\/loudavymkrokem.cz\/wp-content\/uploads\/2026\/08\/nemecko-clanky-co-videt-v-hamburku-10-696x464.jpg 696w, https:\/\/loudavymkrokem.cz\/wp-content\/uploads\/2026\/08\/nemecko-clanky-co-videt-v-hamburku-10-1392x928.jpg 1392w\" sizes=\"(max-width: 1800px) 100vw, 1800px\" \/><button\n\t\t\tclass=\"lightbox-trigger\"\n\t\t\ttype=\"button\"\n\t\t\taria-haspopup=\"dialog\"\n\t\t\tdata-wp-bind--aria-label=\"state.thisImage.triggerButtonAriaLabel\"\n\t\t\tdata-wp-init=\"callbacks.initTriggerButton\"\n\t\t\tdata-wp-on--click=\"actions.showLightbox\"\n\t\t\tdata-wp-style--right=\"state.thisImage.buttonRight\"\n\t\t\tdata-wp-style--top=\"state.thisImage.buttonTop\"\n\t\t>\n\t\t\t<svg xmlns=\"http:\/\/www.w3.org\/2000\/svg\" width=\"12\" height=\"12\" fill=\"none\" viewBox=\"0 0 12 12\">\n\t\t\t\t<path fill=\"#fff\" d=\"M2 0a2 2 0 0 0-2 2v2h1.5V2a.5.5 0 0 1 .5-.5h2V0H2Zm2 10.5H2a.5.5 0 0 1-.5-.5V8H0v2a2 2 0 0 0 2 2h2v-1.5ZM8 12v-1.5h2a.5.5 0 0 0 .5-.5V8H12v2a2 2 0 0 1-2 2H8Zm2-12a2 2 0 0 1 2 2v2h-1.5V2a.5.5 0 0 0-.5-.5H8V0h2Z\" \/>\n\t\t\t<\/svg>\n\t\t<\/button><figcaption class=\"wp-element-caption\">Foto: Dietmar Rabich \/ Wikimedia Commons, CC BY-SA 4.0<\/figcaption><\/figure>\n\n\n\n<h3 class=\"wp-block-heading\"><span class=\"ez-toc-section\" id=\"6_Il_traghetto_linea_62_come_crociera_panoramica\"><\/span>6. Il traghetto linea 62 come crociera panoramica<span class=\"ez-toc-section-end\"><\/span><\/h3>\n\n\n\n<p class=\"wp-block-paragraph\">Vivere la citt\u00e0 dall&#8217;acqua \u00e8 assolutamente d&#8217;obbligo, ma non devi per forza comprare costosi biglietti per le imbarcazioni turistiche commerciali. <strong>Il miglior consiglio segreto \u00e8 usare il normale traghetto giallo numero 62<\/strong>, che funziona come parte del trasporto pubblico urbano e su cui vale il normale biglietto giornaliero. Il traghetto parte dal molo principale Landungsbr\u00fccken e si dirige verso l&#8217;isola di Finkenwerder, con una traversata di sola andata che dura circa trenta minuti.<\/p>\n\n\n\n<p class=\"wp-block-paragraph\">Questo percorso <strong>ti porta accanto alle maggiori dominanti del porto, al celebre mercato del pesce e agli enormi cantieri navali<\/strong>, cos\u00ec avrai una fantastica idea delle dimensioni imponenti dell&#8217;intero porto. \u00c8 il miglior rapporto qualit\u00e0-prezzo che puoi ottenere in citt\u00e0 e lungo il tragitto vedrai anche gli enormi bacini dove si riparano le navi pi\u00f9 grandi del mondo.<\/p>\n\n\n\n<p class=\"wp-block-paragraph\">\ud83d\udca1 Consiglio: <strong>cerca di prenderti un posto sul ponte superiore aperto proprio vicino al parapetto<\/strong>, da dove si fanno le foto migliori. Il ritorno puoi farlo con la stessa barca, oppure fare una passeggiata sulla spiaggia di sabbia Elbstrand alla fermata Neum\u00fchlen.<\/p>\n\n\n\n<figure data-wp-context=\"{&quot;imageId&quot;:&quot;6a952209b8cc5&quot;}\" data-wp-interactive=\"core\/image\" data-wp-key=\"6a952209b8cc5\" class=\"wp-block-image size-full wp-lightbox-container\"><img decoding=\"async\" width=\"1800\" height=\"1193\" data-wp-class--hide=\"state.isContentHidden\" data-wp-class--show=\"state.isContentVisible\" data-wp-init=\"callbacks.setButtonStyles\" data-wp-on--click=\"actions.showLightbox\" data-wp-on--load=\"callbacks.setButtonStyles\" data-wp-on--pointerdown=\"actions.preloadImage\" data-wp-on--pointerenter=\"actions.preloadImageWithDelay\" data-wp-on--pointerleave=\"actions.cancelPreload\" data-wp-on-window--resize=\"callbacks.setButtonStyles\" src=\"https:\/\/loudavymkrokem.cz\/wp-content\/uploads\/2026\/08\/nemecko-clanky-co-videt-v-hamburku-11.jpg\" alt=\"Il Fischmarkt della domenica ad Amburgo\" class=\"wp-image-398967\" title=\"\" srcset=\"https:\/\/loudavymkrokem.cz\/wp-content\/uploads\/2026\/08\/nemecko-clanky-co-videt-v-hamburku-11.jpg 1800w, https:\/\/loudavymkrokem.cz\/wp-content\/uploads\/2026\/08\/nemecko-clanky-co-videt-v-hamburku-11-300x199.jpg 300w, https:\/\/loudavymkrokem.cz\/wp-content\/uploads\/2026\/08\/nemecko-clanky-co-videt-v-hamburku-11-700x464.jpg 700w, https:\/\/loudavymkrokem.cz\/wp-content\/uploads\/2026\/08\/nemecko-clanky-co-videt-v-hamburku-11-768x509.jpg 768w, https:\/\/loudavymkrokem.cz\/wp-content\/uploads\/2026\/08\/nemecko-clanky-co-videt-v-hamburku-11-1536x1018.jpg 1536w, https:\/\/loudavymkrokem.cz\/wp-content\/uploads\/2026\/08\/nemecko-clanky-co-videt-v-hamburku-11-696x461.jpg 696w, https:\/\/loudavymkrokem.cz\/wp-content\/uploads\/2026\/08\/nemecko-clanky-co-videt-v-hamburku-11-1392x923.jpg 1392w\" sizes=\"(max-width: 1800px) 100vw, 1800px\" \/><button\n\t\t\tclass=\"lightbox-trigger\"\n\t\t\ttype=\"button\"\n\t\t\taria-haspopup=\"dialog\"\n\t\t\tdata-wp-bind--aria-label=\"state.thisImage.triggerButtonAriaLabel\"\n\t\t\tdata-wp-init=\"callbacks.initTriggerButton\"\n\t\t\tdata-wp-on--click=\"actions.showLightbox\"\n\t\t\tdata-wp-style--right=\"state.thisImage.buttonRight\"\n\t\t\tdata-wp-style--top=\"state.thisImage.buttonTop\"\n\t\t>\n\t\t\t<svg xmlns=\"http:\/\/www.w3.org\/2000\/svg\" width=\"12\" height=\"12\" fill=\"none\" viewBox=\"0 0 12 12\">\n\t\t\t\t<path fill=\"#fff\" d=\"M2 0a2 2 0 0 0-2 2v2h1.5V2a.5.5 0 0 1 .5-.5h2V0H2Zm2 10.5H2a.5.5 0 0 1-.5-.5V8H0v2a2 2 0 0 0 2 2h2v-1.5ZM8 12v-1.5h2a.5.5 0 0 0 .5-.5V8H12v2a2 2 0 0 1-2 2H8Zm2-12a2 2 0 0 1 2 2v2h-1.5V2a.5.5 0 0 0-.5-.5H8V0h2Z\" \/>\n\t\t\t<\/svg>\n\t\t<\/button><figcaption class=\"wp-element-caption\">Foto: Darya Sannikova \/ Pexels<\/figcaption><\/figure>\n\n\n\n<h3 class=\"wp-block-heading\"><span class=\"ez-toc-section\" id=\"7_Il_Fischmarkt_della_domenica\"><\/span>7. Il Fischmarkt della domenica<span class=\"ez-toc-section-end\"><\/span><\/h3>\n\n\n\n<p class=\"wp-block-paragraph\">Se nel weekend ti piace alzarti presto, non devi perderti il leggendario mercato domenicale nel quartiere di Altona, che si tiene proprio in riva al fiume e ha una tradizione che risale al Settecento. <strong>L&#8217;Altonaer Fischmarkt si anima gi\u00e0 all&#8217;alba e offre uno spettacolo incredibilmente rumoroso<\/strong>, durante il quale i venditori con il tipico umorismo del nord Germania decantano ad alta voce la loro merce e contrattano con i visitatori dai cassoni dei camion. Non troverai affatto solo pesce: il mercato \u00e8 pieno di bancarelle con frutta fresca, enormi mazzi di fiori, abbigliamento e ogni sorta di prelibatezza locale.<\/p>\n\n\n\n<p class=\"wp-block-paragraph\">Gli abitanti del posto, dopo una notte brava sulla Reeperbahn, <strong>vengono qui abitualmente a prendere il tradizionale panino al pesce chiamato Fischbr\u00f6tchen<\/strong>, un classico immancabile di Amburgo, che accompagnano con un caff\u00e8 caldo. Anche se il pesce non fa per te e preferisci un&#8217;alimentazione vegetale, la sola atmosfera della storica sala d&#8217;asta con la musica dal vivo mattutina e la gente che balla vale sicuramente la sveglia presto.<\/p>\n\n\n\n<p class=\"wp-block-paragraph\">\ud83d\udca1 Consiglio: <strong>il mercato finisce piuttosto presto, di solito le bancarelle iniziano a smontare gi\u00e0 verso le nove e mezza del mattino<\/strong>, quindi non dimenticare di puntare la sveglia. La cosa migliore \u00e8 abbinare la visita al mercato a una lunga passeggiata mattutina lungo il lungofiume.<\/p>\n\n\n\n<figure data-wp-context=\"{&quot;imageId&quot;:&quot;6a952209b917e&quot;}\" data-wp-interactive=\"core\/image\" data-wp-key=\"6a952209b917e\" class=\"wp-block-image size-full wp-lightbox-container\"><img decoding=\"async\" width=\"1800\" height=\"1350\" data-wp-class--hide=\"state.isContentHidden\" data-wp-class--show=\"state.isContentVisible\" data-wp-init=\"callbacks.setButtonStyles\" data-wp-on--click=\"actions.showLightbox\" data-wp-on--load=\"callbacks.setButtonStyles\" data-wp-on--pointerdown=\"actions.preloadImage\" data-wp-on--pointerenter=\"actions.preloadImageWithDelay\" data-wp-on--pointerleave=\"actions.cancelPreload\" data-wp-on-window--resize=\"callbacks.setButtonStyles\" src=\"https:\/\/loudavymkrokem.cz\/wp-content\/uploads\/2026\/08\/nemecko-clanky-co-videt-v-hamburku-12.jpg\" alt=\"La Reeperbahn nel quartiere di St. Pauli\" class=\"wp-image-398969\" title=\"\" srcset=\"https:\/\/loudavymkrokem.cz\/wp-content\/uploads\/2026\/08\/nemecko-clanky-co-videt-v-hamburku-12.jpg 1800w, https:\/\/loudavymkrokem.cz\/wp-content\/uploads\/2026\/08\/nemecko-clanky-co-videt-v-hamburku-12-300x225.jpg 300w, https:\/\/loudavymkrokem.cz\/wp-content\/uploads\/2026\/08\/nemecko-clanky-co-videt-v-hamburku-12-700x525.jpg 700w, https:\/\/loudavymkrokem.cz\/wp-content\/uploads\/2026\/08\/nemecko-clanky-co-videt-v-hamburku-12-768x576.jpg 768w, https:\/\/loudavymkrokem.cz\/wp-content\/uploads\/2026\/08\/nemecko-clanky-co-videt-v-hamburku-12-1536x1152.jpg 1536w, https:\/\/loudavymkrokem.cz\/wp-content\/uploads\/2026\/08\/nemecko-clanky-co-videt-v-hamburku-12-80x60.jpg 80w, https:\/\/loudavymkrokem.cz\/wp-content\/uploads\/2026\/08\/nemecko-clanky-co-videt-v-hamburku-12-160x120.jpg 160w, https:\/\/loudavymkrokem.cz\/wp-content\/uploads\/2026\/08\/nemecko-clanky-co-videt-v-hamburku-12-696x522.jpg 696w, https:\/\/loudavymkrokem.cz\/wp-content\/uploads\/2026\/08\/nemecko-clanky-co-videt-v-hamburku-12-1392x1044.jpg 1392w\" sizes=\"(max-width: 1800px) 100vw, 1800px\" \/><button\n\t\t\tclass=\"lightbox-trigger\"\n\t\t\ttype=\"button\"\n\t\t\taria-haspopup=\"dialog\"\n\t\t\tdata-wp-bind--aria-label=\"state.thisImage.triggerButtonAriaLabel\"\n\t\t\tdata-wp-init=\"callbacks.initTriggerButton\"\n\t\t\tdata-wp-on--click=\"actions.showLightbox\"\n\t\t\tdata-wp-style--right=\"state.thisImage.buttonRight\"\n\t\t\tdata-wp-style--top=\"state.thisImage.buttonTop\"\n\t\t>\n\t\t\t<svg xmlns=\"http:\/\/www.w3.org\/2000\/svg\" width=\"12\" height=\"12\" fill=\"none\" viewBox=\"0 0 12 12\">\n\t\t\t\t<path fill=\"#fff\" d=\"M2 0a2 2 0 0 0-2 2v2h1.5V2a.5.5 0 0 1 .5-.5h2V0H2Zm2 10.5H2a.5.5 0 0 1-.5-.5V8H0v2a2 2 0 0 0 2 2h2v-1.5ZM8 12v-1.5h2a.5.5 0 0 0 .5-.5V8H12v2a2 2 0 0 1-2 2H8Zm2-12a2 2 0 0 1 2 2v2h-1.5V2a.5.5 0 0 0-.5-.5H8V0h2Z\" \/>\n\t\t\t<\/svg>\n\t\t<\/button><figcaption class=\"wp-element-caption\">Foto: Wusel007 \/ Wikimedia Commons, CC BY-SA 3.0<\/figcaption><\/figure>\n\n\n\n<h3 class=\"wp-block-heading\"><span class=\"ez-toc-section\" id=\"8_Reeperbahn_e_St_Pauli\"><\/span>8. Reeperbahn e St. Pauli<span class=\"ez-toc-section-end\"><\/span><\/h3>\n\n\n\n<p class=\"wp-block-paragraph\">Il quartiere del divertimento pi\u00f9 famoso di tutta la Germania si risveglia alla vita solo al tramonto e le sue colorate insegne al neon brillano da lontano. <strong>L&#8217;arteria principale Reeperbahn e le stradine circostanti nel quartiere di St. Pauli formano il pulsante centro della vita notturna<\/strong>, dove trovi centinaia di bar, club musicali, teatri e iconici cabaret. \u00c8 un luogo dall&#8217;atmosfera pi\u00f9 ruvida, ma molto autentica, che a una citt\u00e0 portuale appartiene ormai da decenni.<\/p>\n\n\n\n<p class=\"wp-block-paragraph\">Proprio nei piccoli club locali <strong>i leggendari Beatles diedero il via alla loro carriera stellare all&#8217;inizio degli anni Sessanta<\/strong>, cosa che oggi ricorda la speciale piazza Beatles-Platz a forma di enorme disco in vinile. Anche se il quartiere ha una fama un po&#8217; selvaggia, \u00e8 piuttosto sicuro: devi solo prepararti a un&#8217;enorme concentrazione di persone e a un ambiente pi\u00f9 rumoroso.<\/p>\n\n\n\n<p class=\"wp-block-paragraph\">\ud83d\udca1 Consiglio: <strong>vieni qui verso sera per un&#8217;ottima cena in uno dei tanti ristoranti alla moda<\/strong> e poi passeggia semplicemente per le vie illuminate. Basta assorbire l&#8217;atmosfera particolare di questa zona e bere un drink in uno dei bar pi\u00f9 tranquilli poco distanti.<\/p>\n\n\n\n<figure data-wp-context=\"{&quot;imageId&quot;:&quot;6a952209b9616&quot;}\" data-wp-interactive=\"core\/image\" data-wp-key=\"6a952209b9616\" class=\"wp-block-image size-full wp-lightbox-container\"><img decoding=\"async\" width=\"1800\" height=\"1200\" data-wp-class--hide=\"state.isContentHidden\" data-wp-class--show=\"state.isContentVisible\" data-wp-init=\"callbacks.setButtonStyles\" data-wp-on--click=\"actions.showLightbox\" data-wp-on--load=\"callbacks.setButtonStyles\" data-wp-on--pointerdown=\"actions.preloadImage\" data-wp-on--pointerenter=\"actions.preloadImageWithDelay\" data-wp-on--pointerleave=\"actions.cancelPreload\" data-wp-on-window--resize=\"callbacks.setButtonStyles\" src=\"https:\/\/loudavymkrokem.cz\/wp-content\/uploads\/2026\/08\/nemecko-clanky-co-videt-v-hamburku-13.jpg\" alt=\"Il parco Planten un Blomen\" class=\"wp-image-398973\" title=\"\" srcset=\"https:\/\/loudavymkrokem.cz\/wp-content\/uploads\/2026\/08\/nemecko-clanky-co-videt-v-hamburku-13.jpg 1800w, https:\/\/loudavymkrokem.cz\/wp-content\/uploads\/2026\/08\/nemecko-clanky-co-videt-v-hamburku-13-300x200.jpg 300w, https:\/\/loudavymkrokem.cz\/wp-content\/uploads\/2026\/08\/nemecko-clanky-co-videt-v-hamburku-13-700x467.jpg 700w, https:\/\/loudavymkrokem.cz\/wp-content\/uploads\/2026\/08\/nemecko-clanky-co-videt-v-hamburku-13-768x512.jpg 768w, https:\/\/loudavymkrokem.cz\/wp-content\/uploads\/2026\/08\/nemecko-clanky-co-videt-v-hamburku-13-1536x1024.jpg 1536w, https:\/\/loudavymkrokem.cz\/wp-content\/uploads\/2026\/08\/nemecko-clanky-co-videt-v-hamburku-13-696x464.jpg 696w, https:\/\/loudavymkrokem.cz\/wp-content\/uploads\/2026\/08\/nemecko-clanky-co-videt-v-hamburku-13-1392x928.jpg 1392w\" sizes=\"(max-width: 1800px) 100vw, 1800px\" \/><button\n\t\t\tclass=\"lightbox-trigger\"\n\t\t\ttype=\"button\"\n\t\t\taria-haspopup=\"dialog\"\n\t\t\tdata-wp-bind--aria-label=\"state.thisImage.triggerButtonAriaLabel\"\n\t\t\tdata-wp-init=\"callbacks.initTriggerButton\"\n\t\t\tdata-wp-on--click=\"actions.showLightbox\"\n\t\t\tdata-wp-style--right=\"state.thisImage.buttonRight\"\n\t\t\tdata-wp-style--top=\"state.thisImage.buttonTop\"\n\t\t>\n\t\t\t<svg xmlns=\"http:\/\/www.w3.org\/2000\/svg\" width=\"12\" height=\"12\" fill=\"none\" viewBox=\"0 0 12 12\">\n\t\t\t\t<path fill=\"#fff\" d=\"M2 0a2 2 0 0 0-2 2v2h1.5V2a.5.5 0 0 1 .5-.5h2V0H2Zm2 10.5H2a.5.5 0 0 1-.5-.5V8H0v2a2 2 0 0 0 2 2h2v-1.5ZM8 12v-1.5h2a.5.5 0 0 0 .5-.5V8H12v2a2 2 0 0 1-2 2H8Zm2-12a2 2 0 0 1 2 2v2h-1.5V2a.5.5 0 0 0-.5-.5H8V0h2Z\" \/>\n\t\t\t<\/svg>\n\t\t<\/button><figcaption class=\"wp-element-caption\">Foto: Dirtsc \/ Wikimedia Commons, CC BY-SA 4.0<\/figcaption><\/figure>\n\n\n\n<h3 class=\"wp-block-heading\"><span class=\"ez-toc-section\" id=\"9_Il_parco_Planten_un_Blomen\"><\/span>9. Il parco Planten un Blomen<span class=\"ez-toc-section-end\"><\/span><\/h3>\n\n\n\n<p class=\"wp-block-paragraph\">Proprio nel cuore della citt\u00e0 animata si estende un&#8217;ampia oasi verde, che offre una fuga perfetta dal rumore del traffico e dalla folla di turisti. <strong>Il parco Planten un Blomen \u00e8 un complesso curato con attenzione di splendidi giardini tematici<\/strong>, dove trovi il pi\u00f9 grande giardino giapponese d&#8217;Europa, romantici laghetti pieni di ninfee, un roseto e persino una serra tropicale. Oltre alle passeggiate infinite, qui si pu\u00f2 giocare a minigolf, agli scacchi giganti o pattinare in estate su un&#8217;ampia pista a rotelle.<\/p>\n\n\n\n<p class=\"wp-block-paragraph\">Mentre in inverno una parte del parco si trasforma in una magica e molto apprezzata pista di pattinaggio, in estate la folla \u00e8 attirata qui dai <strong>concerti serali di luci e acqua, che per tutti i visitatori sono del tutto gratuiti<\/strong>. Le fontane danzano al ritmo di musica classica e moderna, mentre luci colorate creano una splendida coreografia proiettata direttamente su una parete d&#8217;acqua.<\/p>\n\n\n\n<p class=\"wp-block-paragraph\">\ud83d\udca1 Consiglio: <strong>prima dello spettacolo serale delle fontane non dimenticare di portare la tua coperta e qualcosa di buono da bere<\/strong>, perch\u00e9 le panchine si occupano molto in fretta. L&#8217;atmosfera di un picnic estivo sull&#8217;erba al tramonto \u00e8 qui assolutamente magica.<\/p>\n\n\n\n<figure data-wp-context=\"{&quot;imageId&quot;:&quot;6a952209b9aaa&quot;}\" data-wp-interactive=\"core\/image\" data-wp-key=\"6a952209b9aaa\" class=\"wp-block-image size-full wp-lightbox-container\"><img decoding=\"async\" width=\"1800\" height=\"1350\" data-wp-class--hide=\"state.isContentHidden\" data-wp-class--show=\"state.isContentVisible\" data-wp-init=\"callbacks.setButtonStyles\" data-wp-on--click=\"actions.showLightbox\" data-wp-on--load=\"callbacks.setButtonStyles\" data-wp-on--pointerdown=\"actions.preloadImage\" data-wp-on--pointerenter=\"actions.preloadImageWithDelay\" data-wp-on--pointerleave=\"actions.cancelPreload\" data-wp-on-window--resize=\"callbacks.setButtonStyles\" src=\"https:\/\/loudavymkrokem.cz\/wp-content\/uploads\/2026\/08\/nemecko-clanky-co-videt-v-hamburku-14.jpg\" alt=\"Il municipio di Amburgo Rathaus\" class=\"wp-image-398978\" title=\"\" srcset=\"https:\/\/loudavymkrokem.cz\/wp-content\/uploads\/2026\/08\/nemecko-clanky-co-videt-v-hamburku-14.jpg 1800w, https:\/\/loudavymkrokem.cz\/wp-content\/uploads\/2026\/08\/nemecko-clanky-co-videt-v-hamburku-14-300x225.jpg 300w, https:\/\/loudavymkrokem.cz\/wp-content\/uploads\/2026\/08\/nemecko-clanky-co-videt-v-hamburku-14-700x525.jpg 700w, https:\/\/loudavymkrokem.cz\/wp-content\/uploads\/2026\/08\/nemecko-clanky-co-videt-v-hamburku-14-768x576.jpg 768w, https:\/\/loudavymkrokem.cz\/wp-content\/uploads\/2026\/08\/nemecko-clanky-co-videt-v-hamburku-14-1536x1152.jpg 1536w, https:\/\/loudavymkrokem.cz\/wp-content\/uploads\/2026\/08\/nemecko-clanky-co-videt-v-hamburku-14-80x60.jpg 80w, https:\/\/loudavymkrokem.cz\/wp-content\/uploads\/2026\/08\/nemecko-clanky-co-videt-v-hamburku-14-160x120.jpg 160w, https:\/\/loudavymkrokem.cz\/wp-content\/uploads\/2026\/08\/nemecko-clanky-co-videt-v-hamburku-14-696x522.jpg 696w, https:\/\/loudavymkrokem.cz\/wp-content\/uploads\/2026\/08\/nemecko-clanky-co-videt-v-hamburku-14-1392x1044.jpg 1392w\" sizes=\"(max-width: 1800px) 100vw, 1800px\" \/><button\n\t\t\tclass=\"lightbox-trigger\"\n\t\t\ttype=\"button\"\n\t\t\taria-haspopup=\"dialog\"\n\t\t\tdata-wp-bind--aria-label=\"state.thisImage.triggerButtonAriaLabel\"\n\t\t\tdata-wp-init=\"callbacks.initTriggerButton\"\n\t\t\tdata-wp-on--click=\"actions.showLightbox\"\n\t\t\tdata-wp-style--right=\"state.thisImage.buttonRight\"\n\t\t\tdata-wp-style--top=\"state.thisImage.buttonTop\"\n\t\t>\n\t\t\t<svg xmlns=\"http:\/\/www.w3.org\/2000\/svg\" width=\"12\" height=\"12\" fill=\"none\" viewBox=\"0 0 12 12\">\n\t\t\t\t<path fill=\"#fff\" d=\"M2 0a2 2 0 0 0-2 2v2h1.5V2a.5.5 0 0 1 .5-.5h2V0H2Zm2 10.5H2a.5.5 0 0 1-.5-.5V8H0v2a2 2 0 0 0 2 2h2v-1.5ZM8 12v-1.5h2a.5.5 0 0 0 .5-.5V8H12v2a2 2 0 0 1-2 2H8Zm2-12a2 2 0 0 1 2 2v2h-1.5V2a.5.5 0 0 0-.5-.5H8V0h2Z\" \/>\n\t\t\t<\/svg>\n\t\t<\/button><figcaption class=\"wp-element-caption\">Foto: Dietmar Rabich \/ Wikimedia Commons, CC BY-SA 4.0<\/figcaption><\/figure>\n\n\n\n<h3 class=\"wp-block-heading\"><span class=\"ez-toc-section\" id=\"10_Il_municipio_Rathaus\"><\/span>10. Il municipio Rathaus<span class=\"ez-toc-section-end\"><\/span><\/h3>\n\n\n\n<p class=\"wp-block-paragraph\">Sulla piazza principale si erge verso l&#8217;alto l&#8217;imponente edificio neorinascimentale del municipio, che si piazzer\u00e0 subito tra i monumenti pi\u00f9 fotografati del tuo viaggio. <strong>Il Rathaus vanta ben 647 stanze, che sono a proposito pi\u00f9 di quelle del Buckingham Palace di Londra<\/strong>, e la sua facciata in arenaria riccamente decorata toglie semplicemente il fiato. L&#8217;edificio poggia su migliaia di pali di quercia conficcati in profondit\u00e0 nel terreno fangoso per non affondare nel suolo morbido, cosa molto tipica della storica Amburgo.<\/p>\n\n\n\n<p class=\"wp-block-paragraph\">Se ti piacciono la storia e l&#8217;architettura sfarzosa, <strong>ti consiglio senza dubbio di partecipare a una visita guidata delle spettacolari sale interne<\/strong>, piene di lampadari dorati, complessi rivestimenti in cuoio e quadri preziosi. Ma anche senza biglietto puoi passeggiare liberamente nel meraviglioso cortile interno con la fontana della dea Igea, che grazie alle sue decorazioni ricorda pi\u00f9 un parco di un castello italiano.<\/p>\n\n\n\n<p class=\"wp-block-paragraph\">\ud83d\udca1 Consiglio: <strong>proprio davanti al municipio si incrociano le principali vie dello shopping e le eleganti promenade<\/strong>, quindi \u00e8 un punto di partenza assolutamente ideale per esplorare a piedi il centro storico e comprare piccoli souvenir.<\/p>\n\n\n\n<figure data-wp-context=\"{&quot;imageId&quot;:&quot;6a952209ba0ad&quot;}\" data-wp-interactive=\"core\/image\" data-wp-key=\"6a952209ba0ad\" class=\"wp-block-image size-full wp-lightbox-container\"><img decoding=\"async\" width=\"1800\" height=\"1012\" data-wp-class--hide=\"state.isContentHidden\" data-wp-class--show=\"state.isContentVisible\" data-wp-init=\"callbacks.setButtonStyles\" data-wp-on--click=\"actions.showLightbox\" data-wp-on--load=\"callbacks.setButtonStyles\" data-wp-on--pointerdown=\"actions.preloadImage\" data-wp-on--pointerenter=\"actions.preloadImageWithDelay\" data-wp-on--pointerleave=\"actions.cancelPreload\" data-wp-on-window--resize=\"callbacks.setButtonStyles\" src=\"https:\/\/loudavymkrokem.cz\/wp-content\/uploads\/2026\/08\/nemecko-clanky-co-videt-v-hamburku-15.jpg\" alt=\"Barchette sul lago Alster\" class=\"wp-image-398983\" title=\"\" srcset=\"https:\/\/loudavymkrokem.cz\/wp-content\/uploads\/2026\/08\/nemecko-clanky-co-videt-v-hamburku-15.jpg 1800w, https:\/\/loudavymkrokem.cz\/wp-content\/uploads\/2026\/08\/nemecko-clanky-co-videt-v-hamburku-15-300x169.jpg 300w, https:\/\/loudavymkrokem.cz\/wp-content\/uploads\/2026\/08\/nemecko-clanky-co-videt-v-hamburku-15-700x394.jpg 700w, https:\/\/loudavymkrokem.cz\/wp-content\/uploads\/2026\/08\/nemecko-clanky-co-videt-v-hamburku-15-768x432.jpg 768w, https:\/\/loudavymkrokem.cz\/wp-content\/uploads\/2026\/08\/nemecko-clanky-co-videt-v-hamburku-15-1536x864.jpg 1536w, https:\/\/loudavymkrokem.cz\/wp-content\/uploads\/2026\/08\/nemecko-clanky-co-videt-v-hamburku-15-696x391.jpg 696w, https:\/\/loudavymkrokem.cz\/wp-content\/uploads\/2026\/08\/nemecko-clanky-co-videt-v-hamburku-15-1392x783.jpg 1392w\" sizes=\"(max-width: 1800px) 100vw, 1800px\" \/><button\n\t\t\tclass=\"lightbox-trigger\"\n\t\t\ttype=\"button\"\n\t\t\taria-haspopup=\"dialog\"\n\t\t\tdata-wp-bind--aria-label=\"state.thisImage.triggerButtonAriaLabel\"\n\t\t\tdata-wp-init=\"callbacks.initTriggerButton\"\n\t\t\tdata-wp-on--click=\"actions.showLightbox\"\n\t\t\tdata-wp-style--right=\"state.thisImage.buttonRight\"\n\t\t\tdata-wp-style--top=\"state.thisImage.buttonTop\"\n\t\t>\n\t\t\t<svg xmlns=\"http:\/\/www.w3.org\/2000\/svg\" width=\"12\" height=\"12\" fill=\"none\" viewBox=\"0 0 12 12\">\n\t\t\t\t<path fill=\"#fff\" d=\"M2 0a2 2 0 0 0-2 2v2h1.5V2a.5.5 0 0 1 .5-.5h2V0H2Zm2 10.5H2a.5.5 0 0 1-.5-.5V8H0v2a2 2 0 0 0 2 2h2v-1.5ZM8 12v-1.5h2a.5.5 0 0 0 .5-.5V8H12v2a2 2 0 0 1-2 2H8Zm2-12a2 2 0 0 1 2 2v2h-1.5V2a.5.5 0 0 0-.5-.5H8V0h2Z\" \/>\n\t\t\t<\/svg>\n\t\t<\/button><figcaption class=\"wp-element-caption\">Foto: Wolfgang Weiser \/ Pexels<\/figcaption><\/figure>\n\n\n\n<!-- LKM_GYG_CARD start q=\"hamburku\" lang=\"it\" rendered=\"2026-08-31T04:19:48+00:00\" v=\"1\" -->\n\n<!-- LKM_GYG_CARD end -->\n\n\n\n\n<div class=\"lk-stays-module\">\n<style>\n\/* \u2500\u2500\u2500 RESET PRO GUTENBERG \u2500\u2500\u2500 *\/\n.lk-stays-module * { box-sizing: border-box; margin: 0; padding: 0; }\n\n\/* \u2500\u2500\u2500 WRAPPER \u2500\u2500\u2500 *\/\n.lk-stays-module {\n  font-family: 'DM Sans', Georgia, sans-serif;\n  max-width: 100%;\n  margin: 2.5rem auto;\n  background: linear-gradient(135deg, #fdfaf5 0%, #fcf8f0 100%);\n  border: 1px solid #e8dfd4;\n  border-radius: 16px;\n  overflow: hidden;\n  box-shadow: 0 16px 48px rgba(195, 159, 118, 0.25), 0 4px 12px rgba(0,0,0,0.08);\n}\n\n\/* \u2500\u2500\u2500 HEADER \u2500\u2500\u2500 *\/\n.lk-stays-header {\n  position: relative;\n  padding: 24px 36px 24px;\n  background: linear-gradient(135deg, #c39f76 0%, #d4b188 60%, #c39f76 100%);\n  border-bottom: 1px solid rgba(255,255,255,.15);\n  display: flex;\n  align-items: center;\n  gap: 18px;\n}\n.lk-stays-header::before {\n  content: '';\n  position: absolute;\n  inset: 0;\n  background: url(\"data:image\/svg+xml,%3Csvg width='60' height='60' viewBox='0 0 60 60' xmlns='http:\/\/www.w3.org\/2000\/svg'%3E%3Cg fill='none' fill-rule='evenodd'%3E%3Cg fill='%23ffffff' fill-opacity='0.05'%3E%3Cpath d='M36 34v-4h-2v4h-4v2h4v4h2v-4h4v-2h-4zm0-30V0h-2v4h-4v2h4v4h2V6h4V4h-4zM6 34v-4H4v4H0v2h4v4h2v-4h4v-2H6zM6 4V0H4v4H0v2h4v4h2V6h4V4H6z'\/%3E%3C\/g%3E%3C\/g%3E%3C\/svg%3E\") repeat;\n  pointer-events: none;\n}\n.lk-stays-icon {\n  flex-shrink: 0;\n  width: 68px;\n  height: 68px;\n  border-radius: 14px;\n  background: linear-gradient(135deg, #fff 0%, #f9f6f0 100%);\n  display: flex;\n  align-items: center;\n  justify-content: center;\n  font-size: 26px;\n  box-shadow: 0 4px 12px rgba(0,0,0,0.15);\n}\n.lk-stays-eyebrow {\n  font-size: 10px;\n  font-weight: 500;\n  letter-spacing: 2.5px;\n  text-transform: uppercase;\n  color: rgba(255,255,255,.85);\n  margin: 0 0 5px 0;\n}\n.lk-stays-title {\n  font-family: 'Playfair Display', Georgia, serif;\n  font-size: 24px;\n  font-weight: 700;\n  color: #fff;\n  line-height: 1.2;\n  text-shadow: 0 1px 2px rgba(0,0,0,0.1);\n  margin: 0;\n}\n.lk-stays-subtitle {\n  font-size: 13px;\n  color: rgba(255,255,255,.75);\n  margin: 4px 0 0 0;\n  font-weight: 300;\n}\n\n\/* \u2500\u2500\u2500 CARDS GRID \u2500\u2500\u2500 *\/\n.lk-stays-grid {\n  display: grid;\n  grid-template-columns: 1fr 1fr;\n  gap: 1px;\n  background: rgba(195, 159, 118, 0.12);\n}\n\n\/* \u2500\u2500\u2500 SINGLE CARD \u2500\u2500\u2500 *\/\n.lk-stay-card {\n  background: #ffffff;\n  padding: 26px;\n  display: flex;\n  flex-direction: column;\n  gap: 11px;\n  transition: all 0.3s ease;\n  text-decoration: none;\n  color: inherit;\n  position: relative;\n}\n.lk-stay-card:hover {\n  background: #fffbf5;\n  transform: translateY(-2px);\n  box-shadow: 0 8px 24px rgba(195, 159, 118, 0.18);\n  z-index: 1;\n}\n.lk-stay-card.featured {\n  background: linear-gradient(135deg, #fffdf9 0%, #fff9f0 100%);\n  box-shadow: 0 4px 16px rgba(195, 159, 118, 0.15), inset 0 1px 0 rgba(195, 159, 118, 0.1);\n}\n.lk-stay-card.featured:hover {\n  background: linear-gradient(135deg, #fffbf5 0%, #fff8ed 100%);\n  box-shadow: 0 8px 24px rgba(195, 159, 118, 0.25), inset 0 1px 0 rgba(195, 159, 118, 0.15);\n}\n\n.lk-stay-badge {\n  display: inline-flex;\n  align-items: center;\n  gap: 5px;\n  font-size: 10px;\n  font-weight: 500;\n  letter-spacing: 1.5px;\n  text-transform: uppercase;\n  padding: 5px 11px;\n  border-radius: 20px;\n  width: fit-content;\n}\n.badge-top     { background: linear-gradient(135deg, #c39f76 0%, #d4b188 100%); color: #fff; border: 1px solid #c39f76; font-weight: 600; box-shadow: 0 2px 8px rgba(195,159,118,0.3); }\n.badge-luxury  { background: rgba(195,159,118,.12); color: #c39f76; border: 1px solid rgba(195,159,118,.25); }\n.badge-boutique{ background: rgba(54,133,252,.08); color: #3685fc; border: 1px solid rgba(54,133,252,.2); }\n.badge-nature  { background: rgba(130,190,100,.1); color: #6b9c4a; border: 1px solid rgba(130,190,100,.2); }\n.badge-remote  { background: rgba(195,159,118,.12); color: #a67e50; border: 1px solid rgba(195,159,118,.25); }\n\n.lk-stay-name {\n  font-family: 'Playfair Display', Georgia, serif;\n  font-size: 18px;\n  font-weight: 700;\n  color: #111827;\n  line-height: 1.3;\n}\n.lk-stay-desc {\n  font-size: 13.5px;\n  color: #525252;\n  line-height: 1.65;\n  font-weight: 300;\n  flex: 1;\n}\n\n.lk-stay-meta {\n  display: flex;\n  align-items: center;\n  gap: 12px;\n  flex-wrap: wrap;\n  margin-top: 4px;\n}\n.lk-stay-price {\n  font-size: 13px;\n  color: #6b7280;\n}\n.lk-stay-price strong {\n  color: #c39f76;\n  font-weight: 500;\n}\n.lk-stay-stars {\n  color: #c39f76;\n  font-size: 11px;\n  letter-spacing: 1px;\n}\n\n\/* \u2500\u2500\u2500 CTA BUTTON \u2500\u2500\u2500 *\/\n.lk-stay-cta {\n  display: inline-flex;\n  align-items: center;\n  justify-content: center;\n  gap: 7px;\n  margin-top: 8px;\n  padding: 11px 20px;\n  border-radius: 8px;\n  background: linear-gradient(135deg, #3685fc 0%, #2a6fd9 100%);\n  color: #fff;\n  font-size: 13px;\n  font-weight: 500;\n  text-decoration: none;\n  letter-spacing: .3px;\n  transition: all .2s ease;\n  cursor: pointer;\n  border: none;\n  text-align: center;\n  box-shadow: 0 4px 12px rgba(54, 133, 252, 0.25);\n}\n.lk-stay-cta:hover {\n  background: linear-gradient(135deg, #2a6fd9 0%, #1e5bc4 100%);\n  transform: translateY(-1px);\n  box-shadow: 0 6px 16px rgba(54, 133, 252, 0.35);\n}\n.lk-stay-cta svg { flex-shrink: 0; }\n\n\/* \u2500\u2500\u2500 FOOTER \u2500\u2500\u2500 *\/\n.lk-stays-footer {\n  padding: 18px 36px;\n  background: linear-gradient(to bottom, #fdfaf5 0%, #f9f4ed 100%);\n  border-top: 1px solid rgba(195, 159, 118, 0.15);\n  display: flex;\n  align-items: center;\n  justify-content: space-between;\n  flex-wrap: wrap;\n  gap: 12px;\n}\n.lk-stays-footer-note {\n  font-size: 11.5px;\n  color: #6b7280;\n  font-weight: 300;\n  line-height: 1.5;\n}\n.lk-stays-footer-note a {\n  color: #c39f76;\n  text-decoration: none;\n  font-weight: 400;\n}\n.lk-stays-footer-note a:hover {\n  text-decoration: underline;\n}\n.lk-stays-all-btn {\n  display: inline-flex;\n  align-items: center;\n  gap: 6px;\n  font-size: 12.5px;\n  font-weight: 500;\n  color: #c39f76;\n  text-decoration: none;\n  border: 1px solid rgba(195, 159, 118, 0.35);\n  padding: 8px 18px;\n  border-radius: 8px;\n  transition: all .2s ease;\n}\n.lk-stays-all-btn:hover {\n  background: rgba(195, 159, 118, 0.08);\n  border-color: rgba(195, 159, 118, 0.5);\n}\n\n\/* \u2500\u2500\u2500 RESPONSIVE \u2500\u2500\u2500 *\/\n@media (max-width: 600px) {\n  .lk-stays-grid { grid-template-columns: 1fr; }\n  .lk-stays-header { padding: 24px 20px; }\n  .lk-stays-footer { padding: 16px 20px; }\n  .lk-stay-card { padding: 22px; }\n  .lk-stays-title { font-size: 20px; }\n}\n<\/style>\n\n  <!-- HEADER -->\n  <div class=\"lk-stays-header\">\n    <img decoding=\"async\" src=\"https:\/\/loudavymkrokem.cz\/wp-content\/uploads\/2026\/02\/lukas-a-lucka.jpg\" alt=\"\" style=\"width: 75px; height: 75px; border-radius: 8px; flex-shrink: 0; object-fit: cover; display: block; margin: 4px 0;\" title=\"\">\n    <div class=\"lk-stays-header-text\">\n      <div class=\"lk-stays-eyebrow\">Luk\u00e1\u0161 e Lucie raccomandano<\/div>\n      <div class=\"lk-stays-title\">Dove alloggiare ad Amburgo<\/div>\n      <div class=\"lk-stays-subtitle\">3 alloggi \u2014 hotel e altre opzioni di soggiorno<\/div>\n    <\/div>\n  <\/div>\n\n  <!-- CARDS -->\n  <div class=\"lk-stays-grid\">\n\n    <a class=\"lk-stay-card featured\" href=\"https:\/\/www.stay22.com\/allez\/roam?aid=lukaskonecny&#038;campaign=loudavymkrokemcz&#038;campaign=it&#038;campaign=covidetvhamburku&#038;address=Hamburk&#038;hotelname=25hours+Hotel+HafenCity&#038;search=25hours+Hotel+HafenCity&#038;category=accommodation\" target=\"_blank\" rel=\"nofollow noopener\">\n      <span class=\"lk-stay-badge badge-top\">\u2b50 SCELTA TOP<\/span>\n      <span class=\"lk-stay-badge badge-nature\">\ud83c\udfe8 Hotel<\/span>\n      <div class=\"lk-stay-name\">25hours Hotel HafenCity<\/div>\n      <div class=\"lk-stay-desc\">Hotel elegante con design nautico giocoso nel quartiere pi\u00f9 moderno, con vista sui moli.<\/div>\n      <div class=\"lk-stay-meta\">\n        <span class=\"lk-stay-stars\">\u2605\u2605\u2605\u2605<\/span>\n        <span class=\"lk-stay-price\"><\/span>\n      <\/div>\n      <span class=\"lk-stay-cta\">\n        <svg width=\"14\" height=\"14\" viewBox=\"0 0 24 24\" fill=\"none\" stroke=\"currentColor\" stroke-width=\"2\"><path d=\"M18 13v6a2 2 0 0 1-2 2H5a2 2 0 0 1-2-2V8a2 2 0 0 1 2-2h6\"\/><polyline points=\"15 3 21 3 21 9\"\/><line x1=\"10\" y1=\"14\" x2=\"21\" y2=\"3\"\/><\/svg>\n        Verifica disponibilit\u00e0\n      <\/span>\n    <\/a>\n\n    <a class=\"lk-stay-card\" href=\"https:\/\/www.stay22.com\/allez\/roam?aid=lukaskonecny&#038;campaign=loudavymkrokemcz&#038;campaign=it&#038;campaign=co-videt-v-hamburku&#038;hotelname=Hotel%20Volksschule&#038;address=Hamburk%2C%20N%C4%9Bmecko\" target=\"_blank\" rel=\"nofollow noopener\">\n      <span class=\"lk-stay-badge badge-nature\">\ud83c\udfe8 Hotel<\/span>\n      <div class=\"lk-stay-name\">Hotel Volksschule<\/div>\n      <div class=\"lk-stay-desc\">Hotel popolare in un edificio scolastico ristrutturato a St. Georg, vicino alla stazione, rinomato per le fantastiche colazioni.<\/div>\n      <div class=\"lk-stay-meta\">\n        <span class=\"lk-stay-stars\">\u2605\u2605\u2605\u2605<\/span>\n        <span class=\"lk-stay-price\"><\/span>\n      <\/div>\n      <span class=\"lk-stay-cta\">\n        <svg width=\"14\" height=\"14\" viewBox=\"0 0 24 24\" fill=\"none\" stroke=\"currentColor\" stroke-width=\"2\"><path d=\"M18 13v6a2 2 0 0 1-2 2H5a2 2 0 0 1-2-2V8a2 2 0 0 1 2-2h6\"\/><polyline points=\"15 3 21 3 21 9\"\/><line x1=\"10\" y1=\"14\" x2=\"21\" y2=\"3\"\/><\/svg>\n        Verifica disponibilit\u00e0\n      <\/span>\n    <\/a>\n\n    <a class=\"lk-stay-card\" href=\"https:\/\/www.stay22.com\/allez\/roam?aid=lukaskonecny&#038;campaign=loudavymkrokemcz&#038;campaign=it&#038;campaign=covidetvhamburku&#038;address=hamburk\" target=\"_blank\" rel=\"nofollow noopener\">\n      <span class=\"lk-stay-badge badge-nature\">\ud83d\udd0d Cerca<\/span>\n      <div class=\"lk-stay-name\">Visualizza tutti gli alloggi ad Amburgo<\/div>\n      <div class=\"lk-stay-desc\">Esplora tutte le opzioni di alloggio disponibili ad Amburgo e trova la migliore in base alle tue preferenze e al tuo budget.<\/div>\n      <div class=\"lk-stay-meta\">\n        <span class=\"lk-stay-stars\">\u2605\u2605\u2605\u2605<\/span>\n        <span class=\"lk-stay-price\">Confronta i prezzi<\/span>\n      <\/div>\n      <span class=\"lk-stay-cta\">\n        <svg width=\"14\" height=\"14\" viewBox=\"0 0 24 24\" fill=\"none\" stroke=\"currentColor\" stroke-width=\"2\"><path d=\"M18 13v6a2 2 0 0 1-2 2H5a2 2 0 0 1-2-2V8a2 2 0 0 1 2-2h6\"\/><polyline points=\"15 3 21 3 21 9\"\/><line x1=\"10\" y1=\"14\" x2=\"21\" y2=\"3\"\/><\/svg>\n        Verifica disponibilit\u00e0\n      <\/span>\n    <\/a>\n\n  <\/div>\n\n  \n<\/div>\n\n\n\n\n<h3 class=\"wp-block-heading\"><span class=\"ez-toc-section\" id=\"11_I_laghi_Alster\"><\/span>11. I laghi Alster<span class=\"ez-toc-section-end\"><\/span><\/h3>\n\n\n\n<p class=\"wp-block-paragraph\">Proprio nel centro della citt\u00e0, a pochi passi dallo storico municipio, si estendono due grandi laghi artificiali, il Binnenalster e l&#8217;Aussenalster, che formano l&#8217;immaginario cuore blu della metropoli. <strong>I laghi sono circondati da ampie promenade, parchi verdi curati con attenzione e ville eleganti<\/strong>, cosa che ne fa la zona ricreativa pi\u00f9 amata da tutti gli abitanti. Attorno all&#8217;acqua incontri di continuo runner, ciclisti e gente venuta qui dopo il lavoro a riposare su una panchina con un buon libro.<\/p>\n\n\n\n<p class=\"wp-block-paragraph\">Nei mesi pi\u00f9 caldi <strong>l&#8217;attivit\u00e0 migliore \u00e8 noleggiare un pedal\u00f2, una canoa o un paddleboard<\/strong>, grazie ai quali puoi girare in autonomia gli ampi laghi e i tranquilli canali adiacenti. Dall&#8217;acqua ottieni infatti una prospettiva del tutto diversa sui lussuosi quartieri residenziali e sui giardini privati, che dalla terraferma spesso non vedi affatto per via degli alberi.<\/p>\n\n\n\n<p class=\"wp-block-paragraph\">\ud83d\udca1 Consiglio: <strong>al centro del lago interno zampilla l&#8217;alta fontana Alsterfont\u00e4ne<\/strong>, uno dei principali punti di riferimento della citt\u00e0. Siediti sui gradini del famoso lungolago Jungfernstieg, compra un caff\u00e8 e goditi l&#8217;atmosfera rilassata con vista sull&#8217;acqua.<\/p>\n\n\n\n<figure data-wp-context=\"{&quot;imageId&quot;:&quot;6a952209ba91a&quot;}\" data-wp-interactive=\"core\/image\" data-wp-key=\"6a952209ba91a\" class=\"wp-block-image size-full wp-lightbox-container\"><img decoding=\"async\" width=\"1800\" height=\"1200\" data-wp-class--hide=\"state.isContentHidden\" data-wp-class--show=\"state.isContentVisible\" data-wp-init=\"callbacks.setButtonStyles\" data-wp-on--click=\"actions.showLightbox\" data-wp-on--load=\"callbacks.setButtonStyles\" data-wp-on--pointerdown=\"actions.preloadImage\" data-wp-on--pointerenter=\"actions.preloadImageWithDelay\" data-wp-on--pointerleave=\"actions.cancelPreload\" data-wp-on-window--resize=\"callbacks.setButtonStyles\" src=\"https:\/\/loudavymkrokem.cz\/wp-content\/uploads\/2026\/08\/nemecko-clanky-co-videt-v-hamburku-16.jpg\" alt=\"Il memoriale di San Nicola\" class=\"wp-image-398989\" title=\"\" srcset=\"https:\/\/loudavymkrokem.cz\/wp-content\/uploads\/2026\/08\/nemecko-clanky-co-videt-v-hamburku-16.jpg 1800w, https:\/\/loudavymkrokem.cz\/wp-content\/uploads\/2026\/08\/nemecko-clanky-co-videt-v-hamburku-16-300x200.jpg 300w, https:\/\/loudavymkrokem.cz\/wp-content\/uploads\/2026\/08\/nemecko-clanky-co-videt-v-hamburku-16-700x467.jpg 700w, https:\/\/loudavymkrokem.cz\/wp-content\/uploads\/2026\/08\/nemecko-clanky-co-videt-v-hamburku-16-768x512.jpg 768w, https:\/\/loudavymkrokem.cz\/wp-content\/uploads\/2026\/08\/nemecko-clanky-co-videt-v-hamburku-16-1536x1024.jpg 1536w, https:\/\/loudavymkrokem.cz\/wp-content\/uploads\/2026\/08\/nemecko-clanky-co-videt-v-hamburku-16-696x464.jpg 696w, https:\/\/loudavymkrokem.cz\/wp-content\/uploads\/2026\/08\/nemecko-clanky-co-videt-v-hamburku-16-1392x928.jpg 1392w\" sizes=\"(max-width: 1800px) 100vw, 1800px\" \/><button\n\t\t\tclass=\"lightbox-trigger\"\n\t\t\ttype=\"button\"\n\t\t\taria-haspopup=\"dialog\"\n\t\t\tdata-wp-bind--aria-label=\"state.thisImage.triggerButtonAriaLabel\"\n\t\t\tdata-wp-init=\"callbacks.initTriggerButton\"\n\t\t\tdata-wp-on--click=\"actions.showLightbox\"\n\t\t\tdata-wp-style--right=\"state.thisImage.buttonRight\"\n\t\t\tdata-wp-style--top=\"state.thisImage.buttonTop\"\n\t\t>\n\t\t\t<svg xmlns=\"http:\/\/www.w3.org\/2000\/svg\" width=\"12\" height=\"12\" fill=\"none\" viewBox=\"0 0 12 12\">\n\t\t\t\t<path fill=\"#fff\" d=\"M2 0a2 2 0 0 0-2 2v2h1.5V2a.5.5 0 0 1 .5-.5h2V0H2Zm2 10.5H2a.5.5 0 0 1-.5-.5V8H0v2a2 2 0 0 0 2 2h2v-1.5ZM8 12v-1.5h2a.5.5 0 0 0 .5-.5V8H12v2a2 2 0 0 1-2 2H8Zm2-12a2 2 0 0 1 2 2v2h-1.5V2a.5.5 0 0 0-.5-.5H8V0h2Z\" \/>\n\t\t\t<\/svg>\n\t\t<\/button><figcaption class=\"wp-element-caption\">Foto: Santiago Morales \/ Pexels<\/figcaption><\/figure>\n\n\n\n<h3 class=\"wp-block-heading\"><span class=\"ez-toc-section\" id=\"12_Il_memoriale_di_San_Nicola_St_Nikolai_Mahnmal\"><\/span>12. Il memoriale di San Nicola (St. Nikolai Mahnmal)<span class=\"ez-toc-section-end\"><\/span><\/h3>\n\n\n\n<p class=\"wp-block-paragraph\">Gi\u00e0 da lontano vedrai l&#8217;alta torre nera, che appare un po&#8217; come un&#8217;apparizione in mezzo alle moderne costruzioni di vetro. <strong>La chiesa di San Nicola fu quasi rasa al suolo durante la Seconda guerra mondiale nei massicci bombardamenti alleati<\/strong> e le sue rovine annerite furono lasciate volutamente in questo stato come memoriale antibellico di enorme forza. Il luogo ha un&#8217;atmosfera molto intensa e cupa, che ti spinger\u00e0 sicuramente a riflettere sulla travagliata storia dell&#8217;intera citt\u00e0.<\/p>\n\n\n\n<p class=\"wp-block-paragraph\">Negli ampi spazi sotterranei sotto la chiesa si trova <strong>un&#8217;esposizione molto interessante che documenta la distruzione della citt\u00e0, mentre un ascensore vetrato ti porta in cima alla torre alta 76 metri<\/strong>. Da l\u00ec ti si apre una fantastica vista panoramica su tutto il centro storico, sul porto moderno e sul vicino municipio.<\/p>\n\n\n\n<p class=\"wp-block-paragraph\">\ud83d\udca1 Consiglio: <strong>se hai un budget limitato e stai valutando per quale punto panoramico della citt\u00e0 pagare<\/strong>, la torre di San Nicola \u00e8 una scelta assolutamente eccellente grazie alla posizione centrale e al profondo valore storico.<\/p>\n\n\n\n<figure data-wp-context=\"{&quot;imageId&quot;:&quot;6a952209bb0aa&quot;}\" data-wp-interactive=\"core\/image\" data-wp-key=\"6a952209bb0aa\" class=\"wp-block-image size-full wp-lightbox-container\"><img decoding=\"async\" width=\"1800\" height=\"1183\" data-wp-class--hide=\"state.isContentHidden\" data-wp-class--show=\"state.isContentVisible\" data-wp-init=\"callbacks.setButtonStyles\" data-wp-on--click=\"actions.showLightbox\" data-wp-on--load=\"callbacks.setButtonStyles\" data-wp-on--pointerdown=\"actions.preloadImage\" data-wp-on--pointerenter=\"actions.preloadImageWithDelay\" data-wp-on--pointerleave=\"actions.cancelPreload\" data-wp-on-window--resize=\"callbacks.setButtonStyles\" src=\"https:\/\/loudavymkrokem.cz\/wp-content\/uploads\/2026\/08\/nemecko-clanky-co-videt-v-hamburku-17.jpg\" alt=\"Il vecchio tunnel sotto l&#039;Elba\" class=\"wp-image-398993\" title=\"\" srcset=\"https:\/\/loudavymkrokem.cz\/wp-content\/uploads\/2026\/08\/nemecko-clanky-co-videt-v-hamburku-17.jpg 1800w, https:\/\/loudavymkrokem.cz\/wp-content\/uploads\/2026\/08\/nemecko-clanky-co-videt-v-hamburku-17-300x197.jpg 300w, https:\/\/loudavymkrokem.cz\/wp-content\/uploads\/2026\/08\/nemecko-clanky-co-videt-v-hamburku-17-700x460.jpg 700w, https:\/\/loudavymkrokem.cz\/wp-content\/uploads\/2026\/08\/nemecko-clanky-co-videt-v-hamburku-17-768x505.jpg 768w, https:\/\/loudavymkrokem.cz\/wp-content\/uploads\/2026\/08\/nemecko-clanky-co-videt-v-hamburku-17-1536x1009.jpg 1536w, https:\/\/loudavymkrokem.cz\/wp-content\/uploads\/2026\/08\/nemecko-clanky-co-videt-v-hamburku-17-696x457.jpg 696w, https:\/\/loudavymkrokem.cz\/wp-content\/uploads\/2026\/08\/nemecko-clanky-co-videt-v-hamburku-17-1392x915.jpg 1392w\" sizes=\"(max-width: 1800px) 100vw, 1800px\" \/><button\n\t\t\tclass=\"lightbox-trigger\"\n\t\t\ttype=\"button\"\n\t\t\taria-haspopup=\"dialog\"\n\t\t\tdata-wp-bind--aria-label=\"state.thisImage.triggerButtonAriaLabel\"\n\t\t\tdata-wp-init=\"callbacks.initTriggerButton\"\n\t\t\tdata-wp-on--click=\"actions.showLightbox\"\n\t\t\tdata-wp-style--right=\"state.thisImage.buttonRight\"\n\t\t\tdata-wp-style--top=\"state.thisImage.buttonTop\"\n\t\t>\n\t\t\t<svg xmlns=\"http:\/\/www.w3.org\/2000\/svg\" width=\"12\" height=\"12\" fill=\"none\" viewBox=\"0 0 12 12\">\n\t\t\t\t<path fill=\"#fff\" d=\"M2 0a2 2 0 0 0-2 2v2h1.5V2a.5.5 0 0 1 .5-.5h2V0H2Zm2 10.5H2a.5.5 0 0 1-.5-.5V8H0v2a2 2 0 0 0 2 2h2v-1.5ZM8 12v-1.5h2a.5.5 0 0 0 .5-.5V8H12v2a2 2 0 0 1-2 2H8Zm2-12a2 2 0 0 1 2 2v2h-1.5V2a.5.5 0 0 0-.5-.5H8V0h2Z\" \/>\n\t\t\t<\/svg>\n\t\t<\/button><figcaption class=\"wp-element-caption\">Foto: Thomas Wolf, www.foto-tw.de \/ Wikimedia Commons, CC BY-SA 3.0<\/figcaption><\/figure>\n\n\n\n<h3 class=\"wp-block-heading\"><span class=\"ez-toc-section\" id=\"13_Il_vecchio_tunnel_sotto_lElba_Alter_Elbtunnel\"><\/span>13. Il vecchio tunnel sotto l&#8217;Elba (Alter Elbtunnel)<span class=\"ez-toc-section-end\"><\/span><\/h3>\n\n\n\n<p class=\"wp-block-paragraph\">Questo unicum tecnico storico del 1911 ti permette di attraversare a piedi o in bici proprio sotto l&#8217;alveo dell&#8217;enorme fiume Elba. <strong>Al tunnel si scende con enormi ascensori storici dai rivestimenti in legno, che un tempo trasportavano i carri trainati da cavalli<\/strong>, e ancora oggi sono azionati da personale in uniforme d&#8217;epoca. Il tunnel stesso \u00e8 splendidamente rivestito di piastrelle lucide con rilievi di animali marini e grazie alla sua illuminazione risulta incredibilmente fotogenico.<\/p>\n\n\n\n<p class=\"wp-block-paragraph\">La passeggiata nel tubo sotterraneo fino all&#8217;altra sponda del fiume <strong>misura circa 400 metri e per i pedoni \u00e8 del tutto gratuita per tutto il giorno<\/strong>. Non appena esci con uno degli ascensori sull&#8217;altra riva, nel quartiere di Steinwerder, ti si apre una delle viste pi\u00f9 belle e aperte su tutto il panorama della citt\u00e0.<\/p>\n\n\n\n<p class=\"wp-block-paragraph\">\ud83d\udca1 Consiglio: <strong>le migliori foto del panorama con l&#8217;edificio dell&#8217;Elbphilharmonie e le torri delle chiese le scatti proprio dalla piattaforma panoramica sulla sponda sud<\/strong>, subito all&#8217;uscita del tunnel. Soprattutto al tramonto o subito dopo \u00e8 una vera meraviglia.<\/p>\n\n\n\n<figure data-wp-context=\"{&quot;imageId&quot;:&quot;6a952209bb774&quot;}\" data-wp-interactive=\"core\/image\" data-wp-key=\"6a952209bb774\" class=\"wp-block-image size-full wp-lightbox-container\"><img decoding=\"async\" width=\"1800\" height=\"1215\" data-wp-class--hide=\"state.isContentHidden\" data-wp-class--show=\"state.isContentVisible\" data-wp-init=\"callbacks.setButtonStyles\" data-wp-on--click=\"actions.showLightbox\" data-wp-on--load=\"callbacks.setButtonStyles\" data-wp-on--pointerdown=\"actions.preloadImage\" data-wp-on--pointerenter=\"actions.preloadImageWithDelay\" data-wp-on--pointerleave=\"actions.cancelPreload\" data-wp-on-window--resize=\"callbacks.setButtonStyles\" src=\"https:\/\/loudavymkrokem.cz\/wp-content\/uploads\/2026\/08\/nemecko-clanky-co-videt-v-hamburku-18.jpg\" alt=\"La Chilehaus nel quartiere Kontorhausviertel\" class=\"wp-image-399000\" title=\"\" srcset=\"https:\/\/loudavymkrokem.cz\/wp-content\/uploads\/2026\/08\/nemecko-clanky-co-videt-v-hamburku-18.jpg 1800w, https:\/\/loudavymkrokem.cz\/wp-content\/uploads\/2026\/08\/nemecko-clanky-co-videt-v-hamburku-18-300x203.jpg 300w, https:\/\/loudavymkrokem.cz\/wp-content\/uploads\/2026\/08\/nemecko-clanky-co-videt-v-hamburku-18-700x473.jpg 700w, https:\/\/loudavymkrokem.cz\/wp-content\/uploads\/2026\/08\/nemecko-clanky-co-videt-v-hamburku-18-768x518.jpg 768w, https:\/\/loudavymkrokem.cz\/wp-content\/uploads\/2026\/08\/nemecko-clanky-co-videt-v-hamburku-18-1536x1037.jpg 1536w, https:\/\/loudavymkrokem.cz\/wp-content\/uploads\/2026\/08\/nemecko-clanky-co-videt-v-hamburku-18-696x470.jpg 696w, https:\/\/loudavymkrokem.cz\/wp-content\/uploads\/2026\/08\/nemecko-clanky-co-videt-v-hamburku-18-1392x940.jpg 1392w\" sizes=\"(max-width: 1800px) 100vw, 1800px\" \/><button\n\t\t\tclass=\"lightbox-trigger\"\n\t\t\ttype=\"button\"\n\t\t\taria-haspopup=\"dialog\"\n\t\t\tdata-wp-bind--aria-label=\"state.thisImage.triggerButtonAriaLabel\"\n\t\t\tdata-wp-init=\"callbacks.initTriggerButton\"\n\t\t\tdata-wp-on--click=\"actions.showLightbox\"\n\t\t\tdata-wp-style--right=\"state.thisImage.buttonRight\"\n\t\t\tdata-wp-style--top=\"state.thisImage.buttonTop\"\n\t\t>\n\t\t\t<svg xmlns=\"http:\/\/www.w3.org\/2000\/svg\" width=\"12\" height=\"12\" fill=\"none\" viewBox=\"0 0 12 12\">\n\t\t\t\t<path fill=\"#fff\" d=\"M2 0a2 2 0 0 0-2 2v2h1.5V2a.5.5 0 0 1 .5-.5h2V0H2Zm2 10.5H2a.5.5 0 0 1-.5-.5V8H0v2a2 2 0 0 0 2 2h2v-1.5ZM8 12v-1.5h2a.5.5 0 0 0 .5-.5V8H12v2a2 2 0 0 1-2 2H8Zm2-12a2 2 0 0 1 2 2v2h-1.5V2a.5.5 0 0 0-.5-.5H8V0h2Z\" \/>\n\t\t\t<\/svg>\n\t\t<\/button><figcaption class=\"wp-element-caption\">Foto: Dietmar Rabich \/ Wikimedia Commons, CC BY-SA 4.0<\/figcaption><\/figure>\n\n\n\n<h3 class=\"wp-block-heading\"><span class=\"ez-toc-section\" id=\"14_Il_quartiere_Kontorhausviertel_e_la_Chilehaus\"><\/span>14. Il quartiere Kontorhausviertel e la Chilehaus<span class=\"ez-toc-section-end\"><\/span><\/h3>\n\n\n\n<p class=\"wp-block-paragraph\">Gli amanti della particolare architettura espressionista degli anni Venti del secolo scorso in questo storico quartiere di uffici troveranno sicuramente pane per i loro denti. <strong>L&#8217;edificio pi\u00f9 famoso \u00e8 l&#8217;iconica Chilehaus, che con il suo angolo incredibilmente acuto ricorda un enorme transatlantico<\/strong>, e insieme allo Speicherstadt appartiene a buon diritto al prestigioso elenco UNESCO. Tutta la zona \u00e8 costruita in mattoni scuri cotti e si distingue per un incredibile accento sui dettagli geometrici e sugli elaborati ornamenti delle facciate.<\/p>\n\n\n\n<p class=\"wp-block-paragraph\">Gli edifici servivano originariamente come <strong>sedi di grandi societ\u00e0 commerciali, i cosiddetti Kontor, da cui si dirigeva il commercio d&#8217;oltremare<\/strong>. Oggi ospitano moderni uffici, ma in molti dei splendidamente decorati atri d&#8217;ingresso, foyer e maestose scalinate puoi entrare senza problemi e gratis durante l&#8217;orario di lavoro.<\/p>\n\n\n\n<p class=\"wp-block-paragraph\">\ud83d\udca1 Consiglio: <strong>mettiti esattamente all&#8217;angolo tra le vie Burchardstra\u00dfe e Pumpen<\/strong>, da dove la punta dell&#8217;edificio Chilehaus si vede dall&#8217;angolazione pi\u00f9 drammatica e pi\u00f9 acuta. La foto da questo punto \u00e8 tra gli scatti architettonici pi\u00f9 iconici della citt\u00e0.<\/p>\n\n\n\n<figure data-wp-context=\"{&quot;imageId&quot;:&quot;6a952209bbe6d&quot;}\" data-wp-interactive=\"core\/image\" data-wp-key=\"6a952209bbe6d\" class=\"wp-block-image size-full wp-lightbox-container\"><img decoding=\"async\" width=\"1800\" height=\"1200\" data-wp-class--hide=\"state.isContentHidden\" data-wp-class--show=\"state.isContentVisible\" data-wp-init=\"callbacks.setButtonStyles\" data-wp-on--click=\"actions.showLightbox\" data-wp-on--load=\"callbacks.setButtonStyles\" data-wp-on--pointerdown=\"actions.preloadImage\" data-wp-on--pointerenter=\"actions.preloadImageWithDelay\" data-wp-on--pointerleave=\"actions.cancelPreload\" data-wp-on-window--resize=\"callbacks.setButtonStyles\" src=\"https:\/\/loudavymkrokem.cz\/wp-content\/uploads\/2026\/08\/nemecko-clanky-co-videt-v-hamburku-19.jpg\" alt=\"L&#039;edificio della galleria Hamburger Kunsthalle\" class=\"wp-image-399002\" title=\"\" srcset=\"https:\/\/loudavymkrokem.cz\/wp-content\/uploads\/2026\/08\/nemecko-clanky-co-videt-v-hamburku-19.jpg 1800w, https:\/\/loudavymkrokem.cz\/wp-content\/uploads\/2026\/08\/nemecko-clanky-co-videt-v-hamburku-19-300x200.jpg 300w, https:\/\/loudavymkrokem.cz\/wp-content\/uploads\/2026\/08\/nemecko-clanky-co-videt-v-hamburku-19-700x467.jpg 700w, https:\/\/loudavymkrokem.cz\/wp-content\/uploads\/2026\/08\/nemecko-clanky-co-videt-v-hamburku-19-768x512.jpg 768w, https:\/\/loudavymkrokem.cz\/wp-content\/uploads\/2026\/08\/nemecko-clanky-co-videt-v-hamburku-19-1536x1024.jpg 1536w, https:\/\/loudavymkrokem.cz\/wp-content\/uploads\/2026\/08\/nemecko-clanky-co-videt-v-hamburku-19-696x464.jpg 696w, https:\/\/loudavymkrokem.cz\/wp-content\/uploads\/2026\/08\/nemecko-clanky-co-videt-v-hamburku-19-1392x928.jpg 1392w\" sizes=\"(max-width: 1800px) 100vw, 1800px\" \/><button\n\t\t\tclass=\"lightbox-trigger\"\n\t\t\ttype=\"button\"\n\t\t\taria-haspopup=\"dialog\"\n\t\t\tdata-wp-bind--aria-label=\"state.thisImage.triggerButtonAriaLabel\"\n\t\t\tdata-wp-init=\"callbacks.initTriggerButton\"\n\t\t\tdata-wp-on--click=\"actions.showLightbox\"\n\t\t\tdata-wp-style--right=\"state.thisImage.buttonRight\"\n\t\t\tdata-wp-style--top=\"state.thisImage.buttonTop\"\n\t\t>\n\t\t\t<svg xmlns=\"http:\/\/www.w3.org\/2000\/svg\" width=\"12\" height=\"12\" fill=\"none\" viewBox=\"0 0 12 12\">\n\t\t\t\t<path fill=\"#fff\" d=\"M2 0a2 2 0 0 0-2 2v2h1.5V2a.5.5 0 0 1 .5-.5h2V0H2Zm2 10.5H2a.5.5 0 0 1-.5-.5V8H0v2a2 2 0 0 0 2 2h2v-1.5ZM8 12v-1.5h2a.5.5 0 0 0 .5-.5V8H12v2a2 2 0 0 1-2 2H8Zm2-12a2 2 0 0 1 2 2v2h-1.5V2a.5.5 0 0 0-.5-.5H8V0h2Z\" \/>\n\t\t\t<\/svg>\n\t\t<\/button><figcaption class=\"wp-element-caption\">Foto: Laura Paredis \/ Pexels<\/figcaption><\/figure>\n\n\n\n<h3 class=\"wp-block-heading\"><span class=\"ez-toc-section\" id=\"15_Hamburger_Kunsthalle\"><\/span>15. Hamburger Kunsthalle<span class=\"ez-toc-section-end\"><\/span><\/h3>\n\n\n\n<p class=\"wp-block-paragraph\">Se durante il viaggio vuoi ammirare l&#8217;arte, non puoi mancare uno dei pi\u00f9 grandi e importanti musei d&#8217;arte di tutta la Germania, che si trova proprio vicino alla stazione centrale. <strong>La Hamburger Kunsthalle \u00e8 composta da tre edifici collegati di epoche diverse e custodisce spettacolari collezioni che coprono otto secoli di produzione artistica<\/strong>, dagli imponenti altari medievali fino alle provocatorie installazioni contemporanee. Il complesso \u00e8 enorme e gli amanti dell&#8217;arte ci passeranno senza il minimo problema anche un&#8217;intera giornata.<\/p>\n\n\n\n<p class=\"wp-block-paragraph\">L&#8217;attrazione principale dell&#8217;intera galleria \u00e8 senza dubbio <strong>il celebre dipinto Viandante sul mare di nebbia del pittore romantico Caspar David Friedrich<\/strong>, diventato un&#8217;icona mondiale del romanticismo tedesco. Oltre a esso trovi ovviamente anche spettacolari opere di altri grandi maestri come Rembrandt, Manet o Edvard Munch.<\/p>\n\n\n\n<p class=\"wp-block-paragraph\">\ud83d\udca1 Consiglio: <strong>se ti interessa soprattutto l&#8217;arte moderna, puoi dirigerti direttamente verso l&#8217;edificio pi\u00f9 recente e luminoso chiamato Galerie der Gegenwart<\/strong>, che si concentra sulle opere dal 1960 a oggi ed \u00e8 gi\u00e0 di per s\u00e9 molto interessante dal punto di vista architettonico.<\/p>\n\n\n\n<figure data-wp-context=\"{&quot;imageId&quot;:&quot;6a952209bc577&quot;}\" data-wp-interactive=\"core\/image\" data-wp-key=\"6a952209bc577\" class=\"wp-block-image size-full wp-lightbox-container\"><img decoding=\"async\" width=\"1800\" height=\"1231\" data-wp-class--hide=\"state.isContentHidden\" data-wp-class--show=\"state.isContentVisible\" data-wp-init=\"callbacks.setButtonStyles\" data-wp-on--click=\"actions.showLightbox\" data-wp-on--load=\"callbacks.setButtonStyles\" data-wp-on--pointerdown=\"actions.preloadImage\" data-wp-on--pointerenter=\"actions.preloadImageWithDelay\" data-wp-on--pointerleave=\"actions.cancelPreload\" data-wp-on-window--resize=\"callbacks.setButtonStyles\" src=\"https:\/\/loudavymkrokem.cz\/wp-content\/uploads\/2026\/08\/nemecko-clanky-co-videt-v-hamburku-20.jpg\" alt=\"Interno di un museo di Amburgo\" class=\"wp-image-399008\" title=\"\" srcset=\"https:\/\/loudavymkrokem.cz\/wp-content\/uploads\/2026\/08\/nemecko-clanky-co-videt-v-hamburku-20.jpg 1800w, https:\/\/loudavymkrokem.cz\/wp-content\/uploads\/2026\/08\/nemecko-clanky-co-videt-v-hamburku-20-300x205.jpg 300w, https:\/\/loudavymkrokem.cz\/wp-content\/uploads\/2026\/08\/nemecko-clanky-co-videt-v-hamburku-20-700x479.jpg 700w, https:\/\/loudavymkrokem.cz\/wp-content\/uploads\/2026\/08\/nemecko-clanky-co-videt-v-hamburku-20-768x525.jpg 768w, https:\/\/loudavymkrokem.cz\/wp-content\/uploads\/2026\/08\/nemecko-clanky-co-videt-v-hamburku-20-1536x1050.jpg 1536w, https:\/\/loudavymkrokem.cz\/wp-content\/uploads\/2026\/08\/nemecko-clanky-co-videt-v-hamburku-20-696x476.jpg 696w, https:\/\/loudavymkrokem.cz\/wp-content\/uploads\/2026\/08\/nemecko-clanky-co-videt-v-hamburku-20-1392x952.jpg 1392w\" sizes=\"(max-width: 1800px) 100vw, 1800px\" \/><button\n\t\t\tclass=\"lightbox-trigger\"\n\t\t\ttype=\"button\"\n\t\t\taria-haspopup=\"dialog\"\n\t\t\tdata-wp-bind--aria-label=\"state.thisImage.triggerButtonAriaLabel\"\n\t\t\tdata-wp-init=\"callbacks.initTriggerButton\"\n\t\t\tdata-wp-on--click=\"actions.showLightbox\"\n\t\t\tdata-wp-style--right=\"state.thisImage.buttonRight\"\n\t\t\tdata-wp-style--top=\"state.thisImage.buttonTop\"\n\t\t>\n\t\t\t<svg xmlns=\"http:\/\/www.w3.org\/2000\/svg\" width=\"12\" height=\"12\" fill=\"none\" viewBox=\"0 0 12 12\">\n\t\t\t\t<path fill=\"#fff\" d=\"M2 0a2 2 0 0 0-2 2v2h1.5V2a.5.5 0 0 1 .5-.5h2V0H2Zm2 10.5H2a.5.5 0 0 1-.5-.5V8H0v2a2 2 0 0 0 2 2h2v-1.5ZM8 12v-1.5h2a.5.5 0 0 0 .5-.5V8H12v2a2 2 0 0 1-2 2H8Zm2-12a2 2 0 0 1 2 2v2h-1.5V2a.5.5 0 0 0-.5-.5H8V0h2Z\" \/>\n\t\t\t<\/svg>\n\t\t<\/button><figcaption class=\"wp-element-caption\">Foto: G\u00fcl I\u015f\u0131k \/ Pexels<\/figcaption><\/figure>\n\n\n\n<h3 class=\"wp-block-heading\"><span class=\"ez-toc-section\" id=\"16_Dialog_im_Dunkeln\"><\/span>16. Dialog im Dunkeln<span class=\"ez-toc-section-end\"><\/span><\/h3>\n\n\n\n<p class=\"wp-block-paragraph\">Questa esperienza unica ti cambier\u00e0 completamente la prospettiva sulla vita quotidiana e ti costringer\u00e0 a percepire il mondo con sensi del tutto diversi dalla vista dominante. <strong>Dialogo nel buio \u00e8 una mostra profondamente interattiva, dove guide non vedenti ti accompagnano nell&#8217;oscurit\u00e0 totale attraverso situazioni simulate della vita di ogni giorno<\/strong>, come una passeggiata in un parco affollato, una visita al mercato o una sosta in un bar. Per un&#8217;ora e mezza ti ritrovi cos\u00ec in un mondo in cui devi affidarti al cento per cento solo al tatto, all&#8217;udito e all&#8217;olfatto.<\/p>\n\n\n\n<p class=\"wp-block-paragraph\">\u00c8 <strong>un&#8217;esperienza incredibilmente intensa ed emozionante, che abbatte naturalmente le barriere tra persone vedenti e non vedenti<\/strong> e ci insegna un&#8217;empatia molto pi\u00f9 grande. Le visite si svolgono in piccoli gruppi, quindi non devi temere di perderti, e per i visitatori di lingua inglese sono disponibili orari appositamente riservati.<\/p>\n\n\n\n<p class=\"wp-block-paragraph\">\ud83d\udca1 Consiglio: <strong>i biglietti per la visita in inglese assicurateli con largo anticipo online<\/strong>, perch\u00e9 la capienza dei gruppi \u00e8 strettamente limitata e sul posto spesso \u00e8 tutto esaurito per l&#8217;intera giornata.<\/p>\n\n\n\n<figure data-wp-context=\"{&quot;imageId&quot;:&quot;6a952209bccb4&quot;}\" data-wp-interactive=\"core\/image\" data-wp-key=\"6a952209bccb4\" class=\"wp-block-image size-full wp-lightbox-container\"><img decoding=\"async\" width=\"1800\" height=\"1350\" data-wp-class--hide=\"state.isContentHidden\" data-wp-class--show=\"state.isContentVisible\" data-wp-init=\"callbacks.setButtonStyles\" data-wp-on--click=\"actions.showLightbox\" data-wp-on--load=\"callbacks.setButtonStyles\" data-wp-on--pointerdown=\"actions.preloadImage\" data-wp-on--pointerenter=\"actions.preloadImageWithDelay\" data-wp-on--pointerleave=\"actions.cancelPreload\" data-wp-on-window--resize=\"callbacks.setButtonStyles\" src=\"https:\/\/loudavymkrokem.cz\/wp-content\/uploads\/2026\/08\/nemecko-clanky-co-videt-v-hamburku-21.jpg\" alt=\"Il quartiere delle scale Blankenese\" class=\"wp-image-399012\" title=\"\" srcset=\"https:\/\/loudavymkrokem.cz\/wp-content\/uploads\/2026\/08\/nemecko-clanky-co-videt-v-hamburku-21.jpg 1800w, https:\/\/loudavymkrokem.cz\/wp-content\/uploads\/2026\/08\/nemecko-clanky-co-videt-v-hamburku-21-300x225.jpg 300w, https:\/\/loudavymkrokem.cz\/wp-content\/uploads\/2026\/08\/nemecko-clanky-co-videt-v-hamburku-21-700x525.jpg 700w, https:\/\/loudavymkrokem.cz\/wp-content\/uploads\/2026\/08\/nemecko-clanky-co-videt-v-hamburku-21-768x576.jpg 768w, https:\/\/loudavymkrokem.cz\/wp-content\/uploads\/2026\/08\/nemecko-clanky-co-videt-v-hamburku-21-1536x1152.jpg 1536w, https:\/\/loudavymkrokem.cz\/wp-content\/uploads\/2026\/08\/nemecko-clanky-co-videt-v-hamburku-21-80x60.jpg 80w, https:\/\/loudavymkrokem.cz\/wp-content\/uploads\/2026\/08\/nemecko-clanky-co-videt-v-hamburku-21-160x120.jpg 160w, https:\/\/loudavymkrokem.cz\/wp-content\/uploads\/2026\/08\/nemecko-clanky-co-videt-v-hamburku-21-696x522.jpg 696w, https:\/\/loudavymkrokem.cz\/wp-content\/uploads\/2026\/08\/nemecko-clanky-co-videt-v-hamburku-21-1392x1044.jpg 1392w\" sizes=\"(max-width: 1800px) 100vw, 1800px\" \/><button\n\t\t\tclass=\"lightbox-trigger\"\n\t\t\ttype=\"button\"\n\t\t\taria-haspopup=\"dialog\"\n\t\t\tdata-wp-bind--aria-label=\"state.thisImage.triggerButtonAriaLabel\"\n\t\t\tdata-wp-init=\"callbacks.initTriggerButton\"\n\t\t\tdata-wp-on--click=\"actions.showLightbox\"\n\t\t\tdata-wp-style--right=\"state.thisImage.buttonRight\"\n\t\t\tdata-wp-style--top=\"state.thisImage.buttonTop\"\n\t\t>\n\t\t\t<svg xmlns=\"http:\/\/www.w3.org\/2000\/svg\" width=\"12\" height=\"12\" fill=\"none\" viewBox=\"0 0 12 12\">\n\t\t\t\t<path fill=\"#fff\" d=\"M2 0a2 2 0 0 0-2 2v2h1.5V2a.5.5 0 0 1 .5-.5h2V0H2Zm2 10.5H2a.5.5 0 0 1-.5-.5V8H0v2a2 2 0 0 0 2 2h2v-1.5ZM8 12v-1.5h2a.5.5 0 0 0 .5-.5V8H12v2a2 2 0 0 1-2 2H8Zm2-12a2 2 0 0 1 2 2v2h-1.5V2a.5.5 0 0 0-.5-.5H8V0h2Z\" \/>\n\t\t\t<\/svg>\n\t\t<\/button><figcaption class=\"wp-element-caption\">Foto: Pauli-Pirat \/ Wikimedia Commons, CC BY-SA 4.0<\/figcaption><\/figure>\n\n\n\n<h3 class=\"wp-block-heading\"><span class=\"ez-toc-section\" id=\"17_Il_quartiere_pieno_di_scale_Treppenviertel_Blankenese\"><\/span>17. Il quartiere pieno di scale Treppenviertel Blankenese<span class=\"ez-toc-section-end\"><\/span><\/h3>\n\n\n\n<p class=\"wp-block-paragraph\">Per una fuga perfetta dal centro animato, prendi il treno suburbano S-Bahn verso il pittoresco quartiere di Blankenese, che ti sorprender\u00e0 subito con la sua atmosfera quasi mediterranea. <strong>Questo ex villaggio di pescatori \u00e8 costruito su un ripido pendio sopra il fiume ed \u00e8 attraversato da un incredibile labirinto di quasi cinquemila scalini<\/strong>, stradine strette e intricate e piccole piazzette. Qui non trovi assolutamente nessuna automobile, solo splendide vecchie ville con giardini curati con amore e viste mozzafiato sulle navi portacontainer che passano.<\/p>\n\n\n\n<p class=\"wp-block-paragraph\">La passeggiata nell&#8217;intreccio di scalinate gi\u00f9 verso il fiume e poi di nuovo su \u00e8 <strong>un bel po&#8217; di sforzo sportivo, ma la ricompensa saranno gli scorci pi\u00f9 incantevoli<\/strong>, che ricordano pi\u00f9 la soleggiata riviera italiana che la fredda Germania settentrionale. Gi\u00f9 vicino all&#8217;acqua si trova inoltre una bella spiaggia di sabbia e diversi ottimi caff\u00e8, dove puoi riprendere le forze.<\/p>\n\n\n\n<p class=\"wp-block-paragraph\">\ud83d\udca1 Consiglio: <strong>la cosa migliore \u00e8 lasciarti perdere tra le stradine e non guardare affatto la mappa sul telefono<\/strong>: prima o poi arrivi comunque sempre o gi\u00f9 al fiume o su alla strada principale, da cui partono comodamente gli autobus di ritorno verso la stazione.<\/p>\n\n\n\n<figure data-wp-context=\"{&quot;imageId&quot;:&quot;6a952209bd3a0&quot;}\" data-wp-interactive=\"core\/image\" data-wp-key=\"6a952209bd3a0\" class=\"wp-block-image size-full wp-lightbox-container\"><img decoding=\"async\" width=\"1800\" height=\"1200\" data-wp-class--hide=\"state.isContentHidden\" data-wp-class--show=\"state.isContentVisible\" data-wp-init=\"callbacks.setButtonStyles\" data-wp-on--click=\"actions.showLightbox\" data-wp-on--load=\"callbacks.setButtonStyles\" data-wp-on--pointerdown=\"actions.preloadImage\" data-wp-on--pointerenter=\"actions.preloadImageWithDelay\" data-wp-on--pointerleave=\"actions.cancelPreload\" data-wp-on-window--resize=\"callbacks.setButtonStyles\" src=\"https:\/\/loudavymkrokem.cz\/wp-content\/uploads\/2026\/08\/nemecko-clanky-co-videt-v-hamburku-22.jpg\" alt=\"La chiesa di San Michele\" class=\"wp-image-399016\" title=\"\" srcset=\"https:\/\/loudavymkrokem.cz\/wp-content\/uploads\/2026\/08\/nemecko-clanky-co-videt-v-hamburku-22.jpg 1800w, https:\/\/loudavymkrokem.cz\/wp-content\/uploads\/2026\/08\/nemecko-clanky-co-videt-v-hamburku-22-300x200.jpg 300w, https:\/\/loudavymkrokem.cz\/wp-content\/uploads\/2026\/08\/nemecko-clanky-co-videt-v-hamburku-22-700x467.jpg 700w, https:\/\/loudavymkrokem.cz\/wp-content\/uploads\/2026\/08\/nemecko-clanky-co-videt-v-hamburku-22-768x512.jpg 768w, https:\/\/loudavymkrokem.cz\/wp-content\/uploads\/2026\/08\/nemecko-clanky-co-videt-v-hamburku-22-1536x1024.jpg 1536w, https:\/\/loudavymkrokem.cz\/wp-content\/uploads\/2026\/08\/nemecko-clanky-co-videt-v-hamburku-22-696x464.jpg 696w, https:\/\/loudavymkrokem.cz\/wp-content\/uploads\/2026\/08\/nemecko-clanky-co-videt-v-hamburku-22-1392x928.jpg 1392w\" sizes=\"(max-width: 1800px) 100vw, 1800px\" \/><button\n\t\t\tclass=\"lightbox-trigger\"\n\t\t\ttype=\"button\"\n\t\t\taria-haspopup=\"dialog\"\n\t\t\tdata-wp-bind--aria-label=\"state.thisImage.triggerButtonAriaLabel\"\n\t\t\tdata-wp-init=\"callbacks.initTriggerButton\"\n\t\t\tdata-wp-on--click=\"actions.showLightbox\"\n\t\t\tdata-wp-style--right=\"state.thisImage.buttonRight\"\n\t\t\tdata-wp-style--top=\"state.thisImage.buttonTop\"\n\t\t>\n\t\t\t<svg xmlns=\"http:\/\/www.w3.org\/2000\/svg\" width=\"12\" height=\"12\" fill=\"none\" viewBox=\"0 0 12 12\">\n\t\t\t\t<path fill=\"#fff\" d=\"M2 0a2 2 0 0 0-2 2v2h1.5V2a.5.5 0 0 1 .5-.5h2V0H2Zm2 10.5H2a.5.5 0 0 1-.5-.5V8H0v2a2 2 0 0 0 2 2h2v-1.5ZM8 12v-1.5h2a.5.5 0 0 0 .5-.5V8H12v2a2 2 0 0 1-2 2H8Zm2-12a2 2 0 0 1 2 2v2h-1.5V2a.5.5 0 0 0-.5-.5H8V0h2Z\" \/>\n\t\t\t<\/svg>\n\t\t<\/button><figcaption class=\"wp-element-caption\">Foto: Dietmar Rabich \/ Wikimedia Commons, CC BY-SA 4.0<\/figcaption><\/figure>\n\n\n\n<h3 class=\"wp-block-heading\"><span class=\"ez-toc-section\" id=\"18_La_chiesa_di_San_Michele_Michel\"><\/span>18. La chiesa di San Michele (Michel)<span class=\"ez-toc-section-end\"><\/span><\/h3>\n\n\n\n<p class=\"wp-block-paragraph\">La pi\u00f9 importante chiesa barocca della citt\u00e0, che la gente del posto da generazioni soprannomina affettuosamente Michel, ha servito per secoli come il pi\u00f9 importante punto di riferimento per i marinai che tornavano a casa dai lunghi viaggi. <strong>La sua maestosa torre con l&#8217;enorme orologio si erge fino a 132 metri di altezza e nasconde la pi\u00f9 bella piattaforma panoramica in assoluto<\/strong>, dalla quale hai il centro della citt\u00e0 e l&#8217;ampio porto come sul palmo di una mano. Per fortuna non devi salire a piedi, perch\u00e9 gran parte del percorso si supera comodamente con un moderno ascensore.<\/p>\n\n\n\n<p class=\"wp-block-paragraph\">Una curiosit\u00e0 \u00e8 che <strong>la chiesa durante la sua tormentata storia \u00e8 stata due volte completamente distrutta da un enorme incendio e poi ricostruita nei minimi dettagli<\/strong> nella sua bellezza originaria. Oltre alla vista dalla torre valgono senza dubbio una visita anche l&#8217;ampia cripta sotterranea e l&#8217;imponente interno luminoso, che vanta ben diversi splendidi organi.<\/p>\n\n\n\n<p class=\"wp-block-paragraph\">\ud83d\udca1 Consiglio: <strong>prova a programmare la visita nelle ore serali, quando la chiesa offre speciali salite notturne alla torre<\/strong>. La vista sull&#8217;infinito mare di luci del porto pulsante e sulla citt\u00e0 notturna illuminata \u00e8 assolutamente indimenticabile.<\/p>\n\n\n\n<figure data-wp-context=\"{&quot;imageId&quot;:&quot;6a952209bdaba&quot;}\" data-wp-interactive=\"core\/image\" data-wp-key=\"6a952209bdaba\" class=\"wp-block-image size-full wp-lightbox-container\"><img decoding=\"async\" width=\"1800\" height=\"1350\" data-wp-class--hide=\"state.isContentHidden\" data-wp-class--show=\"state.isContentVisible\" data-wp-init=\"callbacks.setButtonStyles\" data-wp-on--click=\"actions.showLightbox\" data-wp-on--load=\"callbacks.setButtonStyles\" data-wp-on--pointerdown=\"actions.preloadImage\" data-wp-on--pointerenter=\"actions.preloadImageWithDelay\" data-wp-on--pointerleave=\"actions.cancelPreload\" data-wp-on-window--resize=\"callbacks.setButtonStyles\" src=\"https:\/\/loudavymkrokem.cz\/wp-content\/uploads\/2026\/08\/nemecko-clanky-co-videt-v-hamburku-23.jpg\" alt=\"Produzione di cioccolato\" class=\"wp-image-399022\" title=\"\" srcset=\"https:\/\/loudavymkrokem.cz\/wp-content\/uploads\/2026\/08\/nemecko-clanky-co-videt-v-hamburku-23.jpg 1800w, https:\/\/loudavymkrokem.cz\/wp-content\/uploads\/2026\/08\/nemecko-clanky-co-videt-v-hamburku-23-300x225.jpg 300w, https:\/\/loudavymkrokem.cz\/wp-content\/uploads\/2026\/08\/nemecko-clanky-co-videt-v-hamburku-23-700x525.jpg 700w, https:\/\/loudavymkrokem.cz\/wp-content\/uploads\/2026\/08\/nemecko-clanky-co-videt-v-hamburku-23-768x576.jpg 768w, https:\/\/loudavymkrokem.cz\/wp-content\/uploads\/2026\/08\/nemecko-clanky-co-videt-v-hamburku-23-1536x1152.jpg 1536w, https:\/\/loudavymkrokem.cz\/wp-content\/uploads\/2026\/08\/nemecko-clanky-co-videt-v-hamburku-23-80x60.jpg 80w, https:\/\/loudavymkrokem.cz\/wp-content\/uploads\/2026\/08\/nemecko-clanky-co-videt-v-hamburku-23-160x120.jpg 160w, https:\/\/loudavymkrokem.cz\/wp-content\/uploads\/2026\/08\/nemecko-clanky-co-videt-v-hamburku-23-696x522.jpg 696w, https:\/\/loudavymkrokem.cz\/wp-content\/uploads\/2026\/08\/nemecko-clanky-co-videt-v-hamburku-23-1392x1044.jpg 1392w\" sizes=\"(max-width: 1800px) 100vw, 1800px\" \/><button\n\t\t\tclass=\"lightbox-trigger\"\n\t\t\ttype=\"button\"\n\t\t\taria-haspopup=\"dialog\"\n\t\t\tdata-wp-bind--aria-label=\"state.thisImage.triggerButtonAriaLabel\"\n\t\t\tdata-wp-init=\"callbacks.initTriggerButton\"\n\t\t\tdata-wp-on--click=\"actions.showLightbox\"\n\t\t\tdata-wp-style--right=\"state.thisImage.buttonRight\"\n\t\t\tdata-wp-style--top=\"state.thisImage.buttonTop\"\n\t\t>\n\t\t\t<svg xmlns=\"http:\/\/www.w3.org\/2000\/svg\" width=\"12\" height=\"12\" fill=\"none\" viewBox=\"0 0 12 12\">\n\t\t\t\t<path fill=\"#fff\" d=\"M2 0a2 2 0 0 0-2 2v2h1.5V2a.5.5 0 0 1 .5-.5h2V0H2Zm2 10.5H2a.5.5 0 0 1-.5-.5V8H0v2a2 2 0 0 0 2 2h2v-1.5ZM8 12v-1.5h2a.5.5 0 0 0 .5-.5V8H12v2a2 2 0 0 1-2 2H8Zm2-12a2 2 0 0 1 2 2v2h-1.5V2a.5.5 0 0 0-.5-.5H8V0h2Z\" \/>\n\t\t\t<\/svg>\n\t\t<\/button><figcaption class=\"wp-element-caption\">Foto: MadayawDavao \/ Wikimedia Commons, CC BY-SA 4.0<\/figcaption><\/figure>\n\n\n\n<h3 class=\"wp-block-heading\"><span class=\"ez-toc-section\" id=\"19_Il_museo_del_cioccolato_Chocoversum\"><\/span>19. Il museo del cioccolato Chocoversum<span class=\"ez-toc-section-end\"><\/span><\/h3>\n\n\n\n<p class=\"wp-block-paragraph\">Se tu o i tuoi bambini siete tra gli amanti del dolce, questo museo meravigliosamente interattivo non dovresti proprio mancarlo durante i tuoi giri in citt\u00e0. <strong>Il Chocoversum ti guida attraverso tutto il complesso processo di produzione del cioccolato, dalla coltivazione delle fave di cacao nella foresta pluviale fino alla tavoletta finale<\/strong>, il tutto con la guida di un accompagnatore molto divertente. Non si tratta di una noiosa mostra dietro un vetro: durante la visita assaggerai a ogni passo le diverse fasi della lavorazione del cacao, compreso il cioccolato liquido direttamente dalla macchina.<\/p>\n\n\n\n<p class=\"wp-block-paragraph\">Il punto migliore di tutto il programma \u00e8 <strong>la possibilit\u00e0 di preparare e decorare la tua tavoletta di cioccolato esattamente secondo i tuoi gusti<\/strong>, che poi porti a casa come il souvenir pi\u00f9 buono e gustoso in assoluto. Mentre aspetti che il cioccolato si rapprenda, scoprirai un sacco di fatti affascinanti sullo storico commercio marittimo di questa preziosa materia prima.<\/p>\n\n\n\n<p class=\"wp-block-paragraph\">\ud83d\udca1 Consiglio: <strong>la visita \u00e8 possibile solo nell&#8217;ambito di una visita guidata organizzata<\/strong>, quindi prenota online in anticipo i biglietti e la lingua preferita della spiegazione (disponibili tedesco o inglese) per un orario preciso.<\/p>\n\n\n\n<figure data-wp-context=\"{&quot;imageId&quot;:&quot;6a952209be1bf&quot;}\" data-wp-interactive=\"core\/image\" data-wp-key=\"6a952209be1bf\" class=\"wp-block-image size-full wp-lightbox-container\"><img decoding=\"async\" width=\"1800\" height=\"1350\" data-wp-class--hide=\"state.isContentHidden\" data-wp-class--show=\"state.isContentVisible\" data-wp-init=\"callbacks.setButtonStyles\" data-wp-on--click=\"actions.showLightbox\" data-wp-on--load=\"callbacks.setButtonStyles\" data-wp-on--pointerdown=\"actions.preloadImage\" data-wp-on--pointerenter=\"actions.preloadImageWithDelay\" data-wp-on--pointerleave=\"actions.cancelPreload\" data-wp-on-window--resize=\"callbacks.setButtonStyles\" src=\"https:\/\/loudavymkrokem.cz\/wp-content\/uploads\/2026\/08\/nemecko-clanky-co-videt-v-hamburku-24.jpg\" alt=\"Strada nel quartiere Schanzenviertel\" class=\"wp-image-399026\" title=\"\" srcset=\"https:\/\/loudavymkrokem.cz\/wp-content\/uploads\/2026\/08\/nemecko-clanky-co-videt-v-hamburku-24.jpg 1800w, https:\/\/loudavymkrokem.cz\/wp-content\/uploads\/2026\/08\/nemecko-clanky-co-videt-v-hamburku-24-300x225.jpg 300w, https:\/\/loudavymkrokem.cz\/wp-content\/uploads\/2026\/08\/nemecko-clanky-co-videt-v-hamburku-24-700x525.jpg 700w, https:\/\/loudavymkrokem.cz\/wp-content\/uploads\/2026\/08\/nemecko-clanky-co-videt-v-hamburku-24-768x576.jpg 768w, https:\/\/loudavymkrokem.cz\/wp-content\/uploads\/2026\/08\/nemecko-clanky-co-videt-v-hamburku-24-1536x1152.jpg 1536w, https:\/\/loudavymkrokem.cz\/wp-content\/uploads\/2026\/08\/nemecko-clanky-co-videt-v-hamburku-24-80x60.jpg 80w, https:\/\/loudavymkrokem.cz\/wp-content\/uploads\/2026\/08\/nemecko-clanky-co-videt-v-hamburku-24-160x120.jpg 160w, https:\/\/loudavymkrokem.cz\/wp-content\/uploads\/2026\/08\/nemecko-clanky-co-videt-v-hamburku-24-696x522.jpg 696w, https:\/\/loudavymkrokem.cz\/wp-content\/uploads\/2026\/08\/nemecko-clanky-co-videt-v-hamburku-24-1392x1044.jpg 1392w\" sizes=\"(max-width: 1800px) 100vw, 1800px\" \/><button\n\t\t\tclass=\"lightbox-trigger\"\n\t\t\ttype=\"button\"\n\t\t\taria-haspopup=\"dialog\"\n\t\t\tdata-wp-bind--aria-label=\"state.thisImage.triggerButtonAriaLabel\"\n\t\t\tdata-wp-init=\"callbacks.initTriggerButton\"\n\t\t\tdata-wp-on--click=\"actions.showLightbox\"\n\t\t\tdata-wp-style--right=\"state.thisImage.buttonRight\"\n\t\t\tdata-wp-style--top=\"state.thisImage.buttonTop\"\n\t\t>\n\t\t\t<svg xmlns=\"http:\/\/www.w3.org\/2000\/svg\" width=\"12\" height=\"12\" fill=\"none\" viewBox=\"0 0 12 12\">\n\t\t\t\t<path fill=\"#fff\" d=\"M2 0a2 2 0 0 0-2 2v2h1.5V2a.5.5 0 0 1 .5-.5h2V0H2Zm2 10.5H2a.5.5 0 0 1-.5-.5V8H0v2a2 2 0 0 0 2 2h2v-1.5ZM8 12v-1.5h2a.5.5 0 0 0 .5-.5V8H12v2a2 2 0 0 1-2 2H8Zm2-12a2 2 0 0 1 2 2v2h-1.5V2a.5.5 0 0 0-.5-.5H8V0h2Z\" \/>\n\t\t\t<\/svg>\n\t\t<\/button><figcaption class=\"wp-element-caption\">Foto: Peter Jochim \/ Pexels<\/figcaption><\/figure>\n\n\n\n<h3 class=\"wp-block-heading\"><span class=\"ez-toc-section\" id=\"20_Il_quartiere_hipster_Schanzenviertel\"><\/span>20. Il quartiere hipster Schanzenviertel<span class=\"ez-toc-section-end\"><\/span><\/h3>\n\n\n\n<p class=\"wp-block-paragraph\">Per la migliore cultura alternativa, la colorata street art e le boutique indipendenti devi dirigerti verso il quartiere di Sternschanze, chiamato in breve semplicemente Schanze. <strong>Questa zona \u00e8 da tempo il centro dei boh\u00e9mien locali, degli studenti e degli artisti indipendenti, cosa che si riflette in un&#8217;incredibile quantit\u00e0 di accoglienti caff\u00e8<\/strong>, ottimi bistr\u00f2 vegani e piccoli negozi di moda sostenibile. Tutto il quartiere ha un&#8217;aria molto rilassata e volutamente un po&#8217; scrostata, cosa che gli conferisce il carattere giusto.<\/p>\n\n\n\n<p class=\"wp-block-paragraph\">Cuore e simbolo dell&#8217;intero quartiere \u00e8 <strong>l&#8217;ex teatro Rote Flora, che dalla fine degli anni Ottanta funziona come centro culturale autonomo<\/strong> e la cui facciata \u00e8 tutta coperta dall&#8217;alto in basso di scritte politiche e graffiti. Nei weekend si tengono qui ottimi mercatini delle pulci e, con l&#8217;avvicinarsi della sera, si animano decine di bar molto popolari.<\/p>\n\n\n\n<p class=\"wp-block-paragraph\">\ud83d\udca1 Consiglio: <strong>riservati del tempo per bighellonare con calma per le vie Susannenstra\u00dfe e Schulterblatt<\/strong>, dove trovi i migliori caff\u00e8 e panetterie indipendenti. \u00c8 il posto assolutamente ideale per un brunch tardivo nel weekend e per osservare gente interessante.<\/p>\n\n\n\n<figure data-wp-context=\"{&quot;imageId&quot;:&quot;6a952209be8cd&quot;}\" data-wp-interactive=\"core\/image\" data-wp-key=\"6a952209be8cd\" class=\"wp-block-image size-full wp-lightbox-container\"><img decoding=\"async\" width=\"1800\" height=\"1271\" data-wp-class--hide=\"state.isContentHidden\" data-wp-class--show=\"state.isContentVisible\" data-wp-init=\"callbacks.setButtonStyles\" data-wp-on--click=\"actions.showLightbox\" data-wp-on--load=\"callbacks.setButtonStyles\" data-wp-on--pointerdown=\"actions.preloadImage\" data-wp-on--pointerenter=\"actions.preloadImageWithDelay\" data-wp-on--pointerleave=\"actions.cancelPreload\" data-wp-on-window--resize=\"callbacks.setButtonStyles\" src=\"https:\/\/loudavymkrokem.cz\/wp-content\/uploads\/2026\/08\/nemecko-clanky-co-videt-v-hamburku-25.jpg\" alt=\"La nave museo Cap San Diego\" class=\"wp-image-399030\" title=\"\" srcset=\"https:\/\/loudavymkrokem.cz\/wp-content\/uploads\/2026\/08\/nemecko-clanky-co-videt-v-hamburku-25.jpg 1800w, https:\/\/loudavymkrokem.cz\/wp-content\/uploads\/2026\/08\/nemecko-clanky-co-videt-v-hamburku-25-300x212.jpg 300w, https:\/\/loudavymkrokem.cz\/wp-content\/uploads\/2026\/08\/nemecko-clanky-co-videt-v-hamburku-25-700x494.jpg 700w, https:\/\/loudavymkrokem.cz\/wp-content\/uploads\/2026\/08\/nemecko-clanky-co-videt-v-hamburku-25-768x542.jpg 768w, https:\/\/loudavymkrokem.cz\/wp-content\/uploads\/2026\/08\/nemecko-clanky-co-videt-v-hamburku-25-1536x1085.jpg 1536w, https:\/\/loudavymkrokem.cz\/wp-content\/uploads\/2026\/08\/nemecko-clanky-co-videt-v-hamburku-25-696x491.jpg 696w, https:\/\/loudavymkrokem.cz\/wp-content\/uploads\/2026\/08\/nemecko-clanky-co-videt-v-hamburku-25-1392x983.jpg 1392w\" sizes=\"(max-width: 1800px) 100vw, 1800px\" \/><button\n\t\t\tclass=\"lightbox-trigger\"\n\t\t\ttype=\"button\"\n\t\t\taria-haspopup=\"dialog\"\n\t\t\tdata-wp-bind--aria-label=\"state.thisImage.triggerButtonAriaLabel\"\n\t\t\tdata-wp-init=\"callbacks.initTriggerButton\"\n\t\t\tdata-wp-on--click=\"actions.showLightbox\"\n\t\t\tdata-wp-style--right=\"state.thisImage.buttonRight\"\n\t\t\tdata-wp-style--top=\"state.thisImage.buttonTop\"\n\t\t>\n\t\t\t<svg xmlns=\"http:\/\/www.w3.org\/2000\/svg\" width=\"12\" height=\"12\" fill=\"none\" viewBox=\"0 0 12 12\">\n\t\t\t\t<path fill=\"#fff\" d=\"M2 0a2 2 0 0 0-2 2v2h1.5V2a.5.5 0 0 1 .5-.5h2V0H2Zm2 10.5H2a.5.5 0 0 1-.5-.5V8H0v2a2 2 0 0 0 2 2h2v-1.5ZM8 12v-1.5h2a.5.5 0 0 0 .5-.5V8H12v2a2 2 0 0 1-2 2H8Zm2-12a2 2 0 0 1 2 2v2h-1.5V2a.5.5 0 0 0-.5-.5H8V0h2Z\" \/>\n\t\t\t<\/svg>\n\t\t<\/button><figcaption class=\"wp-element-caption\">Foto: Peter Haas \/ Wikimedia Commons, CC BY-SA 3.0<\/figcaption><\/figure>\n\n\n\n<h3 class=\"wp-block-heading\"><span class=\"ez-toc-section\" id=\"21_Le_navi_museo_Cap_San_Diego_e_Rickmer_Rickmers\"><\/span>21. Le navi museo Cap San Diego e Rickmer Rickmers<span class=\"ez-toc-section-end\"><\/span><\/h3>\n\n\n\n<p class=\"wp-block-paragraph\">Passeggiando lungo la principale promenade portuale Landungsbr\u00fccken \u00e8 semplicemente impossibile non notare due enormi navi storiche, che oggi funzionano come affascinanti musei galleggianti. <strong>La Cap San Diego \u00e8 un&#8217;enorme ed elegantissima nave da carico degli anni Sessanta, soprannominata il Cigno bianco dell&#8217;Atlantico meridionale<\/strong>, e puoi esplorarla dalla rumorosa sala macchine fino alla plancia di comando. La Rickmer Rickmers \u00e8 invece uno splendido veliero a tre alberi dell&#8217;Ottocento, che trasuda l&#8217;autentica romanticit\u00e0 marinara storica.<\/p>\n\n\n\n<p class=\"wp-block-paragraph\">La visita di entrambe queste imbarcazioni \u00e8 estremamente interessante, perch\u00e9 <strong>ti permette di dare uno sguardo ravvicinato alle anguste cabine dell&#8217;equipaggio, alle enormi stive e alle eleganti sale mensa degli ufficiali<\/strong>. Puoi cos\u00ec immaginare in modo molto vivido quanto fosse incredibilmente dura, ma allo stesso tempo avventurosa, la vita quotidiana in mare aperto.<\/p>\n\n\n\n<p class=\"wp-block-paragraph\">\ud83d\udca1 Consiglio: <strong>se viaggi con bambini, arrampicarsi nei corridoi stretti e sulle scale ripide della nave li divertir\u00e0 sicuramente<\/strong> molto pi\u00f9 dei classici musei tranquilli. Fai solo davvero attenzione alla testa: i soffitti sotto coperta sono a tratti insidiosamente bassi.<\/p>\n\n\n\n<figure data-wp-context=\"{&quot;imageId&quot;:&quot;6a952209bf03e&quot;}\" data-wp-interactive=\"core\/image\" data-wp-key=\"6a952209bf03e\" class=\"wp-block-image size-full wp-lightbox-container\"><img decoding=\"async\" width=\"1800\" height=\"1797\" data-wp-class--hide=\"state.isContentHidden\" data-wp-class--show=\"state.isContentVisible\" data-wp-init=\"callbacks.setButtonStyles\" data-wp-on--click=\"actions.showLightbox\" data-wp-on--load=\"callbacks.setButtonStyles\" data-wp-on--pointerdown=\"actions.preloadImage\" data-wp-on--pointerenter=\"actions.preloadImageWithDelay\" data-wp-on--pointerleave=\"actions.cancelPreload\" data-wp-on-window--resize=\"callbacks.setButtonStyles\" src=\"https:\/\/loudavymkrokem.cz\/wp-content\/uploads\/2026\/08\/nemecko-clanky-co-videt-v-hamburku-26.jpg\" alt=\"Piatto vegetariano al ristorante\" class=\"wp-image-399036\" title=\"\" srcset=\"https:\/\/loudavymkrokem.cz\/wp-content\/uploads\/2026\/08\/nemecko-clanky-co-videt-v-hamburku-26.jpg 1800w, https:\/\/loudavymkrokem.cz\/wp-content\/uploads\/2026\/08\/nemecko-clanky-co-videt-v-hamburku-26-300x300.jpg 300w, https:\/\/loudavymkrokem.cz\/wp-content\/uploads\/2026\/08\/nemecko-clanky-co-videt-v-hamburku-26-700x699.jpg 700w, https:\/\/loudavymkrokem.cz\/wp-content\/uploads\/2026\/08\/nemecko-clanky-co-videt-v-hamburku-26-150x150.jpg 150w, https:\/\/loudavymkrokem.cz\/wp-content\/uploads\/2026\/08\/nemecko-clanky-co-videt-v-hamburku-26-768x767.jpg 768w, https:\/\/loudavymkrokem.cz\/wp-content\/uploads\/2026\/08\/nemecko-clanky-co-videt-v-hamburku-26-1536x1533.jpg 1536w, https:\/\/loudavymkrokem.cz\/wp-content\/uploads\/2026\/08\/nemecko-clanky-co-videt-v-hamburku-26-696x695.jpg 696w, https:\/\/loudavymkrokem.cz\/wp-content\/uploads\/2026\/08\/nemecko-clanky-co-videt-v-hamburku-26-1392x1390.jpg 1392w\" sizes=\"(max-width: 1800px) 100vw, 1800px\" \/><button\n\t\t\tclass=\"lightbox-trigger\"\n\t\t\ttype=\"button\"\n\t\t\taria-haspopup=\"dialog\"\n\t\t\tdata-wp-bind--aria-label=\"state.thisImage.triggerButtonAriaLabel\"\n\t\t\tdata-wp-init=\"callbacks.initTriggerButton\"\n\t\t\tdata-wp-on--click=\"actions.showLightbox\"\n\t\t\tdata-wp-style--right=\"state.thisImage.buttonRight\"\n\t\t\tdata-wp-style--top=\"state.thisImage.buttonTop\"\n\t\t>\n\t\t\t<svg xmlns=\"http:\/\/www.w3.org\/2000\/svg\" width=\"12\" height=\"12\" fill=\"none\" viewBox=\"0 0 12 12\">\n\t\t\t\t<path fill=\"#fff\" d=\"M2 0a2 2 0 0 0-2 2v2h1.5V2a.5.5 0 0 1 .5-.5h2V0H2Zm2 10.5H2a.5.5 0 0 1-.5-.5V8H0v2a2 2 0 0 0 2 2h2v-1.5ZM8 12v-1.5h2a.5.5 0 0 0 .5-.5V8H12v2a2 2 0 0 1-2 2H8Zm2-12a2 2 0 0 1 2 2v2h-1.5V2a.5.5 0 0 0-.5-.5H8V0h2Z\" \/>\n\t\t\t<\/svg>\n\t\t<\/button><figcaption class=\"wp-element-caption\">Foto: Johor Haki, owner of the &#8220;joHoRkAki siNGApoRE TRAvEL FooD Li \/ Wikimedia Commons, CC BY-SA 4.0<\/figcaption><\/figure>\n\n\n\n<h3 class=\"wp-block-heading\"><span class=\"ez-toc-section\" id=\"22_Gastronomia_green_e_sostenibile\"><\/span>22. Gastronomia green e sostenibile<span class=\"ez-toc-section-end\"><\/span><\/h3>\n\n\n\n<p class=\"wp-block-paragraph\">Amburgo \u00e8 incredibilmente amichevole verso l&#8217;alimentazione vegetale e qui trovi un&#8217;enorme quantit\u00e0 di fantastici locali che si concentrano su un modo di mangiare etico e sostenibile. <strong>Se cerchi un&#8217;atmosfera accogliente e casalinga, dirigiti senza dubbio verso la caffetteria-libreria Kapitel 3<\/strong> nel quartiere di Altona, dove insieme a un ottimo caff\u00e8 puoi gustare un men\u00f9 completamente vegano e immergerti in uno dei tanti libri esposti che decorano le pareti del locale.<\/p>\n\n\n\n<p class=\"wp-block-paragraph\">Un&#8217;altra ottima tappa per pranzo o caff\u00e8 \u00e8 il molto apprezzato <strong>Caf\u00e9 geen, che attira con un&#8217;offerta assolutamente eccellente e completamente vegana di soffici dessert e piatti principali<\/strong> e nelle giornate di sole offre un piacevolissimo posto all&#8217;aperto in giardino. Per gli amanti della buona cucina asiatica c&#8217;\u00e8 poi il molto popolare Citta Vegan House, dove combinano con maestria piatti fusion asiatici vegani in un ambiente splendidamente fotogenico.<\/p>\n\n\n\n<p class=\"wp-block-paragraph\">\ud83d\udca1 Consiglio: <strong>la maggior parte di questi popolari locali vegani \u00e8 piuttosto piena all&#8217;ora di pranzo e di cena<\/strong>, quindi conviene arrivare o subito dopo l&#8217;apertura oppure prenotare in anticipo un tavolo. Soprattutto nei weekend la richiesta di posti in questi locali \u00e8 enorme.<\/p>\n\n\n\n<h2 class=\"wp-block-heading\"><span class=\"ez-toc-section\" id=\"Dove_andare_da_Amburgo\"><\/span>Dove andare da Amburgo<span class=\"ez-toc-section-end\"><\/span><\/h2>\n\n\n\n<p class=\"wp-block-paragraph\">La Germania settentrionale \u00e8 un ottimo punto di partenza per ulteriori scoperte e grazie all&#8217;eccellente rete di treni ad alta velocit\u00e0 raggiungi facilmente anche metropoli pi\u00f9 lontane. <strong>Se ti attirano altre grandi citt\u00e0, leggi il nostro articolo su <a href=\"https:\/\/loudavymkrokem.cz\/it\/berlino-germania-cosa-vedere\/\">cosa vedere a Berlino<\/a><\/strong>, dove arrivi in treno in meno di due ore. Per gli amanti delle zone pi\u00f9 a sud e della cultura bavarese ti consiglio invece di esplorare i consigli su <strong><a href=\"https:\/\/loudavymkrokem.cz\/it\/cosa-fare-monaco-germania\/\">cosa fare a Monaco<\/a><\/strong>.<\/p>\n\n\n\n<p class=\"wp-block-paragraph\">Se stai programmando un viaggio nel periodo invernale e vuoi assaporare la vera atmosfera festiva, <strong>dai un&#8217;occhiata alla nostra grande panoramica sui <a href=\"https:\/\/loudavymkrokem.cz\/it\/mercatini-natale-germania\/\">mercatini di Natale in Germania<\/a><\/strong>, dove trovi ispirazione per le pi\u00f9 belle destinazioni dell&#8217;Avvento. E se dopo le lunghe passeggiate in citt\u00e0 hai bisogno di riposarti come si deve, <strong>scegli uno dei fantastici soggiorni relax nell&#8217;articolo sugli <a href=\"https:\/\/loudavymkrokem.cz\/it\/wellness-hotel-germania\/\">hotel wellness in Germania<\/a><\/strong>.<\/p>\n\n\n\n<h2 class=\"wp-block-heading\"><span class=\"ez-toc-section\" id=\"Domande_frequenti\"><\/span>Domande frequenti<span class=\"ez-toc-section-end\"><\/span><\/h2>\n\n\n<div id=\"rank-math-faq\" class=\"rank-math-block\">\n<div class=\"rank-math-list \">\n<div id=\"faq-question-1787731481000\" class=\"rank-math-list-item\">\n<h3 class=\"rank-math-question \"><span class=\"ez-toc-section\" id=\"Quanti_giorni_servono_per_visitare_Amburgo\"><\/span>Quanti giorni servono per visitare Amburgo?<span class=\"ez-toc-section-end\"><\/span><\/h3>\n<div class=\"rank-math-answer \">\n\n<p>Per una visita rilassata di tutte le principali attrazioni e per immergersi nell&#8217;atmosfera locale consiglio di dedicare almeno due o tre giorni interi. <strong>Solo il quartiere HafenCity con il Miniatur Wunderland, lo Speicherstadt e l&#8217;Elbphilharmonie vi porteranno via quasi un&#8217;intera giornata<\/strong>, un altro giorno potrete dedicarlo a passeggiate per il centro, il municipio, i laghi e un giro panoramico in traghetto.<\/p>\n\n<\/div>\n<\/div>\n<div id=\"faq-question-1787731481001\" class=\"rank-math-list-item\">\n<h3 class=\"rank-math-question \"><span class=\"ez-toc-section\" id=\"Qual_e_il_modo_migliore_per_raggiungere_il_centro_dallaeroporto\"><\/span>Qual \u00e8 il modo migliore per raggiungere il centro dall&#8217;aeroporto?<span class=\"ez-toc-section-end\"><\/span><\/h3>\n<div class=\"rank-math-answer \">\n\n<p>Il collegamento \u00e8 incredibilmente facile e veloce, perch\u00e9 <strong>proprio sotto il terminal si trova la stazione della S-Bahn linea S1<\/strong>, che passa ogni dieci minuti. Il tragitto fino alla stazione centrale (Hauptbahnhof) dura solo 25 minuti ed \u00e8 valido il normale biglietto del trasporto pubblico urbano, quindi non \u00e8 necessario acquistare biglietti speciali per l&#8217;aeroporto.<\/p>\n\n<\/div>\n<\/div>\n<div id=\"faq-question-1787731481002\" class=\"rank-math-list-item\">\n<h3 class=\"rank-math-question \"><span class=\"ez-toc-section\" id=\"La_citta_e_adatta_per_famiglie_con_bambini\"><\/span>La citt\u00e0 \u00e8 adatta per famiglie con bambini?<span class=\"ez-toc-section-end\"><\/span><\/h3>\n<div class=\"rank-math-answer \">\n\n<p>Assolutamente s\u00ec, per i bambini c&#8217;\u00e8 un&#8217;enorme quantit\u00e0 di attrazioni a partire dal magnifico Miniatur Wunderland, che \u00e8 un successo assoluto per tutte le generazioni. <strong>La maggior parte dei musei ha ottimi elementi interattivi, nei parchi troverete molte aree gioco e strutture per arrampicarsi<\/strong> e l&#8217;esplorazione delle navi-museo storiche o un giro sul traghetto giallo divertono i bambini di tutte le et\u00e0.<\/p>\n\n<\/div>\n<\/div>\n<div id=\"faq-question-1787731481003\" class=\"rank-math-list-item\">\n<h3 class=\"rank-math-question \"><span class=\"ez-toc-section\" id=\"Come_funzionano_i_trasporti_e_conviene_la_Hamburg_Card\"><\/span>Come funzionano i trasporti e conviene la Hamburg Card?<span class=\"ez-toc-section-end\"><\/span><\/h3>\n<div class=\"rank-math-answer \">\n\n<p>Il centro citt\u00e0 \u00e8 piuttosto esteso e le attrazioni a volte sono distanti tra loro, quindi sicuramente non eviterete spostamenti in metro (U-Bahn) o con i treni S-Bahn. <strong>La carta turistica Hamburg Card offre trasporti illimitati e sconti sull&#8217;ingresso a molti musei<\/strong>, quindi se avete intenzione di visitare pi\u00f9 attrazioni a pagamento e non volete camminare solo a piedi, il suo acquisto vi far\u00e0 risparmiare molto.<\/p>\n\n<\/div>\n<\/div>\n<div id=\"faq-question-1787731481004\" class=\"rank-math-list-item\">\n<h3 class=\"rank-math-question \"><span class=\"ez-toc-section\" id=\"Che_budget_devo_prevedere_per_gli_ingressi\"><\/span>Che budget devo prevedere per gli ingressi?<span class=\"ez-toc-section-end\"><\/span><\/h3>\n<div class=\"rank-math-answer \">\n\n<p>Gli ingressi alle principali attrazioni commerciali non sono proprio economici, <strong>per un adulto mettete in conto un budget di circa 70-95 euro<\/strong>, se volete vedere le cose pi\u00f9 importanti. Solo il biglietto per il Miniatur Wunderland costa 25 euro e le visite alle navi o ai musei si aggirano intorno ai 10-15 euro a persona, fortunatamente per\u00f2 molti luoghi come lo Speicherstadt o la terrazza panoramica dell&#8217;Elbphilharmonie sono completamente gratuiti.<\/p>\n\n<\/div>\n<\/div>\n<div id=\"faq-question-1787731481005\" class=\"rank-math-list-item\">\n<h3 class=\"rank-math-question \"><span class=\"ez-toc-section\" id=\"Devo_acquistare_i_biglietti_per_le_principali_attrazioni_in_anticipo\"><\/span>Devo acquistare i biglietti per le principali attrazioni in anticipo?<span class=\"ez-toc-section-end\"><\/span><\/h3>\n<div class=\"rank-math-answer \">\n\n<p>Per le attrazioni pi\u00f9 popolari \u00e8 assolutamente necessario, <strong>specialmente per il Miniatur Wunderland, dove in alta stagione \u00e8 spesso tutto esaurito anche con settimane di anticipo<\/strong> e non \u00e8 possibile acquistare i biglietti sul posto. Allo stesso modo dovete prenotare gratuitamente in anticipo una fascia oraria per l&#8217;accesso alla terrazza panoramica Plaza nell&#8217;edificio dell&#8217;Elbphilharmonie, altrimenti semplicemente non vi lasceranno salire sulle scale mobili.<\/p>\n\n<\/div>\n<\/div>\n<div id=\"faq-question-1787731481006\" class=\"rank-math-list-item\">\n<h3 class=\"rank-math-question \"><span class=\"ez-toc-section\" id=\"Cosa_si_puo_fare_in_citta_quando_piove\"><\/span>Cosa si pu\u00f2 fare in citt\u00e0 quando piove?<span class=\"ez-toc-section-end\"><\/span><\/h3>\n<div class=\"rank-math-answer \">\n\n<p>Il nord della Germania \u00e8 piuttosto noto per il tempo piovoso, che i locali chiamano Schietwetter, ma la citt\u00e0 \u00e8 perfettamente attrezzata per questo. <strong>Oltre al Miniatur Wunderland potete rifugiarvi nell&#8217;enorme Museo Marittimo di nove piani<\/strong>, visitare il museo interattivo del cioccolato Chocoversum, o trascorrere tranquillamente mezza giornata ad ammirare l&#8217;arte nella splendida galleria Hamburger Kunsthalle.<\/p>\n\n<\/div>\n<\/div>\n<\/div>\n<\/div>","protected":false},"excerpt":{"rendered":"<p>Scopri i 22 luoghi migliori di Amburgo, dallo Speicherstadt di mattoni alla terrazza dell&#8217;Elbphilharmonie, e organizza il viaggio perfetto nella Venezia del Nord tedesca.<\/p>\n","protected":false},"author":3,"featured_media":396962,"comment_status":"open","ping_status":"open","sticky":false,"template":"","format":"standard","meta":{"_acf_changed":false,"footnotes":"","rank_math_title":"Amburgo, Germania: 22 cose da vedere e fare","rank_math_description":"Cosa vedere ad Amburgo, in Germania: 22 idee tra Speicherstadt, porto, Elbphilharmonie e HafenCity. Scopri consigli pratici e organizza il tuo viaggio!","rank_math_focus_keyword":"amburgo germania","rank_math_seo_score":""},"categories":[554,630,722],"tags":[],"class_list":["post-408895","post","type-post","status-publish","format-standard","has-post-thumbnail","category-europa","category-germania","category-viaggi"],"acf":[],"featured_image_src":"https:\/\/loudavymkrokem.cz\/wp-content\/uploads\/2026\/08\/nemecko-clanky-co-videt-v-hamburku-04.jpg","author_info":{"display_name":"Lucie Kone\u010dn\u00e1","author_link":"https:\/\/loudavymkrokem.cz\/it\/author\/lucie-konecna\/"},"_links":{"self":[{"href":"https:\/\/loudavymkrokem.cz\/it\/wp-json\/wp\/v2\/posts\/408895","targetHints":{"allow":["GET"]}}],"collection":[{"href":"https:\/\/loudavymkrokem.cz\/it\/wp-json\/wp\/v2\/posts"}],"about":[{"href":"https:\/\/loudavymkrokem.cz\/it\/wp-json\/wp\/v2\/types\/post"}],"author":[{"embeddable":true,"href":"https:\/\/loudavymkrokem.cz\/it\/wp-json\/wp\/v2\/users\/3"}],"replies":[{"embeddable":true,"href":"https:\/\/loudavymkrokem.cz\/it\/wp-json\/wp\/v2\/comments?post=408895"}],"version-history":[{"count":2,"href":"https:\/\/loudavymkrokem.cz\/it\/wp-json\/wp\/v2\/posts\/408895\/revisions"}],"predecessor-version":[{"id":408898,"href":"https:\/\/loudavymkrokem.cz\/it\/wp-json\/wp\/v2\/posts\/408895\/revisions\/408898"}],"wp:featuredmedia":[{"embeddable":true,"href":"https:\/\/loudavymkrokem.cz\/it\/wp-json\/wp\/v2\/media\/396962"}],"wp:attachment":[{"href":"https:\/\/loudavymkrokem.cz\/it\/wp-json\/wp\/v2\/media?parent=408895"}],"wp:term":[{"taxonomy":"category","embeddable":true,"href":"https:\/\/loudavymkrokem.cz\/it\/wp-json\/wp\/v2\/categories?post=408895"},{"taxonomy":"post_tag","embeddable":true,"href":"https:\/\/loudavymkrokem.cz\/it\/wp-json\/wp\/v2\/tags?post=408895"}],"curies":[{"name":"wp","href":"https:\/\/api.w.org\/{rel}","templated":true}]}}