{"id":231417,"date":"2023-12-14T16:39:54","date_gmt":"2023-12-14T15:39:54","guid":{"rendered":"https:\/\/loudavymkrokem.cz\/?p=231417"},"modified":"2026-08-26T10:44:18","modified_gmt":"2026-08-26T08:44:18","slug":"praga-repubblica-ceca-2","status":"publish","type":"post","link":"https:\/\/loudavymkrokem.cz\/it\/praga-repubblica-ceca-2\/","title":{"rendered":"Karlova Praha \u2013 l&#8217;evento culturale del 2016 a Praga"},"content":{"rendered":"\n<!-- lk-tldr -->\n<div class=\"lk-tldr\" style=\"background:#f7f5f0;border-left:4px solid #c39f76;border-radius:0 10px 10px 0;padding:14px 18px;margin:0 0 26px;font-size:15px;line-height:1.65;\"><strong style=\"display:block;font-size:12px;text-transform:uppercase;letter-spacing:.06em;color:#a9885a;margin-bottom:5px;\">TL;DR<\/strong>&#8220;Karlova Praha&#8221; \u00e8 stato un grande progetto culturale del 2016 organizzato per i 700 anni dalla nascita di <strong>Carlo IV<\/strong>, nato nel 1316, con mostre, concerti, festival ed eventi legati alla sua vita e alla sua epoca. Gli appuntamenti si sono svolti in 24 luoghi legati a <strong>Carlo IV<\/strong>, tra cui il <strong>Castello di Praga<\/strong>, il <strong>Ponte Carlo<\/strong>, <strong>Vy\u0161ehrad<\/strong>, la cattedrale di San Vito e il Carolinum. Il sito originale del progetto, gestito dall&#8217;ente per il turismo di Praga, non \u00e8 pi\u00f9 online: oggi trovi i dettagli solo nell&#8217;opuscolo dell&#8217;evento, scaricabile online, oppure in questa rassegna d&#8217;archivio.<\/div>\n<!-- \/lk-tldr -->\n\n\n\n<p class=\"wp-block-paragraph\"><strong>Il progetto Karlova Praha \u00e8 stato un grande evento culturale organizzato a Praga, nella Repubblica Ceca, in occasione del 700\u00b0 anniversario della nascita di Carlo IV (nato nel 1316).<\/strong><\/p>\n\n\n\n<p class=\"wp-block-paragraph\"><strong>Il sito web originale del progetto<\/strong>, gestito dal servizio informazioni turistiche di Praga, \u00e8 stato chiuso e, a parte qui da noi, non troverai pi\u00f9 informazioni su questo evento.<\/p>\n\n\n\n<p class=\"wp-block-paragraph\">Per tutto il 2016 a Praga si \u00e8 tenuta una serie di interessanti mostre, concerti, festival e celebrazioni, il cui tema comune era <strong>la vita e l&#8217;epoca di Carlo IV<\/strong>, re di Boemia e imperatore del Sacro Romano Impero.<\/p>\n\n\n\n<!-- LKM_GYG_CARD start q=\"praha\" lang=\"it\" rendered=\"2026-08-26T08:44:16+00:00\" v=\"1\" -->\n<style id=\"lk-gyg-styles\">\n@import url(\"https:\/\/fonts.googleapis.com\/css2?family=Playfair+Display:wght@700&family=DM+Sans:wght@300;400;500;600&display=swap\");\n\/* === LK GYG karty \u2014 CRO redesign 2026-05 (namespace .lkx-) ===\n   C\u00edl: vy\u0161\u0161\u00ed CTR (hero + v\u00fdrazn\u00fd social proof + ak\u010dn\u00ed CTA, m\u00e9n\u011b \"reklamn\u00ed\").\n   Injektuje se inline do prvn\u00edho markeru postu (refresh_cards.py --inline-css). *\/\n.lkx-module, .lkx-module *{box-sizing:border-box;margin:0;padding:0}\n.lkx-module{\n  font-family:'DM Sans',-apple-system,Segoe UI,Roboto,Georgia,sans-serif;\n  max-width:860px;margin:2.5rem auto;color:#1f2328;\n}\n\n\/* HEADER \u2014 lehk\u00fd editorsk\u00fd, \u017e\u00e1dn\u00fd bannerov\u00fd blok; nadpis + popisek pod n\u00edm *\/\n.lkx-head{margin-bottom:16px}\n.lkx-head-main{display:flex;align-items:center;gap:10px}\n.lkx-head-accent{width:26px;height:3px;border-radius:2px;background:#c39f76;flex-shrink:0}\n.lkx-head-title{font-family:'Playfair Display',Georgia,serif;font-size:21px;font-weight:700;color:#1a1a1a;line-height:1.25}\n.lkx-head-meta{display:block;font-size:11px;letter-spacing:.3px;color:#9aa0a6;margin-top:4px;margin-left:36px}\n\n\/* HERO *\/\n.lkx-hero{display:grid;grid-template-columns:300px 1fr;background:#fff;border:1px solid #ece7df;border-radius:14px;overflow:hidden;text-decoration:none!important;color:inherit;box-shadow:0 6px 20px rgba(0,0,0,.06);transition:box-shadow .2s,transform .2s;margin-bottom:14px}\n.lkx-hero:hover{box-shadow:0 12px 30px rgba(0,0,0,.12);transform:translateY(-2px)}\n.lkx-hero-img{position:relative;min-height:230px;background-size:cover;background-position:center;background-color:#eee}\n.lkx-hero-body{padding:22px 24px;display:flex;flex-direction:column}\n.lkx-pick{position:absolute;top:12px;left:12px;background:#1a1a1a;color:#fff;font-size:11px;font-weight:700;letter-spacing:.5px;padding:5px 11px;border-radius:20px}\n\n\/* TITLE *\/\n.lkx-title{font-size:19px;font-weight:700;color:#161616;line-height:1.3}\n.lkx-title-sm{font-size:14.5px;line-height:1.35;display:-webkit-box;-webkit-line-clamp:2;-webkit-box-orient:vertical;overflow:hidden}\n\n\/* SOCIAL PROOF \u2014 v\u00fdrazn\u011b, naho\u0159e *\/\n.lkx-proof{display:flex;align-items:center;gap:7px;margin-top:12px;font-size:15px;color:#3a3a3a}\n.lkx-proof b{font-size:16px;color:#161616}\n.lkx-stars{color:#f5a623;letter-spacing:1px}\n.lkx-proof-sm{font-size:12.5px;margin-top:8px;gap:5px}\n.lkx-proof-sm b{font-size:13px}\n.lkx-proof-new{color:#3685fc;font-weight:600}\n\n\/* PRICE \u2014 n\u00edzk\u00e1 kotva *\/\n.lkx-price{font-size:14px;color:#6b7280}\n.lkx-price b{font-size:20px;color:#161616;font-weight:700}\n.lkx-price-sm b{font-size:15px}\n\n\/* CTA \u2014 tepl\u00e9 ak\u010dn\u00ed tla\u010d\u00edtko *\/\n.lkx-cta{display:inline-flex;align-items:center;justify-content:center;text-decoration:none!important;font-weight:700;color:#fff!important;background:linear-gradient(135deg,#f6743f,#e8552a);border-radius:10px;box-shadow:0 6px 16px rgba(232,85,42,.32);transition:box-shadow .2s}\n.lkx-cta-hero{font-size:15px;padding:13px 22px}\n.lkx-hero:hover .lkx-cta-hero{box-shadow:0 8px 22px rgba(232,85,42,.45)}\n.lkx-cta-sm{font-size:12.5px;padding:9px 14px;width:100%;margin-top:2px}\n.lkx-hero-bottom{margin-top:auto;padding-top:18px;display:flex;align-items:center;justify-content:space-between;gap:14px;flex-wrap:wrap}\n\n\/* BADGE \u2014 jeden v\u00fdrazn\u00fd na fotce *\/\n.lkx-badge{position:absolute;top:12px;right:12px;font-size:10.5px;font-weight:700;letter-spacing:.3px;padding:5px 10px;border-radius:16px;color:#fff}\n.lkx-badge.badge-urgency{background:rgba(214,40,40,.92)}\n.lkx-badge.badge-new{background:rgba(54,133,252,.92)}\n.lkx-badge.badge-top{background:rgba(195,159,118,.95)}\n.lkx-badge.badge-info{background:rgba(40,40,40,.78)}\n\n\/* SECONDARY GRID *\/\n.lkx-grid{display:grid;grid-template-columns:1fr 1fr;gap:14px}\n.lkx-card{background:#fff;border:1px solid #ece7df;border-radius:14px;overflow:hidden;text-decoration:none!important;color:inherit;box-shadow:0 4px 14px rgba(0,0,0,.05);display:flex;flex-direction:column;transition:box-shadow .2s,transform .2s}\n.lkx-card:hover{box-shadow:0 10px 24px rgba(0,0,0,.1);transform:translateY(-2px)}\n.lkx-card-img{position:relative;aspect-ratio:16\/10;background-size:cover;background-position:center;background-color:#eee}\n.lkx-card-body{padding:14px 16px 16px;display:flex;flex-direction:column;gap:7px;flex:1}\n.lkx-card-bottom{margin-top:auto;padding-top:10px;display:flex;align-items:center;justify-content:space-between;gap:8px}\n\n\/* DISCLOSURE \u2014 drobn\u00e1, kv\u016fli d\u016fv\u011b\u0159e\/z\u00e1konu *\/\n.lkx-disclosure{font-size:11px;color:#a7adb3;text-align:center;margin-top:14px;line-height:1.6}\n.lkx-disclosure a{color:#c39f76;text-decoration:none}\n\n@media(max-width:680px){\n  .lkx-hero{grid-template-columns:1fr}\n  .lkx-hero-img{min-height:180px}\n  .lkx-grid{grid-template-columns:1fr}\n  .lkx-head-meta{margin-left:0;width:100%}\n  .lkx-head-title{font-size:19px}\n}\n\n<\/style>\n<div class=\"lkx-module\" data-query=\"praha\">\n  <div class=\"lkx-head\">\n    <div class=\"lkx-head-main\">\n      <span class=\"lkx-head-accent\"><\/span>\n      <span class=\"lkx-head-title\">Esperienze e biglietti<\/span>\n    <\/div>\n    <span class=\"lkx-head-meta\">valutato dai viaggiatori \u00b7 GetYourGuide<\/span>\n  <\/div><a class=\"lkx-hero\" href=\"https:\/\/www.getyourguide.com\/it-it\/praga-l10\/praga-crociera-serale-di-50-minuti-con-vista-panoramica-t357390\/?partner_id=MKZ64IS&amp;utm_medium=online_publisher&amp;cmp=praga-repubblica-ceca-2\" target=\"_blank\" rel=\"sponsored noopener nofollow\">\n    <div class=\"lkx-hero-img\" style=\"background-image:url('https:\/\/cdn.getyourguide.com\/img\/tour\/f7e6a90af57229fd1946571d56e4c3b477c7127e78172e13dacee133c86f6241.jpg\/132.jpg')\" role=\"img\" aria-label=\"Praga: Crociera serale di 50 minuti con visita turistica\">\n      <span class=\"lkx-pick\">\u2605 La nostra scelta<\/span><\/div>\n    <div class=\"lkx-hero-body\">\n      <div class=\"lkx-title\">Praga: Crociera serale di 50 minuti con visita turistica<\/div>\n      <div class=\"lkx-proof\">\n      <span class=\"lkx-stars\">\u2605\u2605\u2605\u2605\u2605<\/span>\n      <b>4.2<\/b> \u00b7 41 022 recensioni\n    <\/div>\n      <div class=\"lkx-hero-bottom\"><div class=\"lkx-price\">da <b>18\u00a0\u20ac<\/b><\/div><span class=\"lkx-cta lkx-cta-hero\">Voglio questa esperienza \u2192<\/span>\n      <\/div>\n    <\/div>\n  <\/a><div class=\"lkx-grid\"><a class=\"lkx-card\" href=\"https:\/\/www.getyourguide.com\/it-it\/praga-l10\/praga-cena-medievale-con-bevande-illimitate-t63958\/?partner_id=MKZ64IS&amp;utm_medium=online_publisher&amp;cmp=praga-repubblica-ceca-2\" target=\"_blank\" rel=\"sponsored noopener nofollow\">\n      <div class=\"lkx-card-img\" style=\"background-image:url('https:\/\/cdn.getyourguide.com\/img\/tour\/c9959408d4203420.jpeg\/132.jpg')\" role=\"img\" aria-label=\"Praga: Cena medievale con bevande illimitate\"><\/div>\n      <div class=\"lkx-card-body\">\n        <div class=\"lkx-title lkx-title-sm\">Praga: Cena medievale con bevande illimitate<\/div>\n        <div class=\"lkx-proof lkx-proof-sm\">\n      <span class=\"lkx-stars\">\u2605<\/span>\n      <b>4.5<\/b> \u00b7 21 944\n    <\/div>\n        <div class=\"lkx-card-bottom\"><span class=\"lkx-price lkx-price-sm\">da <b>64\u00a0\u20ac<\/b><\/span><span class=\"lkx-cta lkx-cta-sm\">Vedi le date \u2192<\/span>\n        <\/div>\n      <\/div>\n    <\/a><a class=\"lkx-card\" href=\"https:\/\/www.getyourguide.com\/it-it\/praga-l10\/praga-tour-in-autobus-hop-on-hop-off-e-audioguida-del-castello-t1434121\/?partner_id=MKZ64IS&amp;utm_medium=online_publisher&amp;cmp=praga-repubblica-ceca-2\" target=\"_blank\" rel=\"sponsored noopener nofollow\">\n      <div class=\"lkx-card-img\" style=\"background-image:url('https:\/\/cdn.getyourguide.com\/img\/tour\/278c722f61bf79c2483d5ce8e6651cad62b474a4006a751348289b47d81d2e22.jpg\/132.jpg')\" role=\"img\" aria-label=\"Audioguida del Castello di Praga e tour in autobus hop-on hop-off\"><\/div>\n      <div class=\"lkx-card-body\">\n        <div class=\"lkx-title lkx-title-sm\">Audioguida del Castello di Praga e tour in autobus hop-on hop-off<\/div>\n        <div class=\"lkx-proof lkx-proof-sm\">\n      <span class=\"lkx-stars\">\u2605<\/span>\n      <b>0.0<\/b> \u00b7 0\n    <\/div>\n        <div class=\"lkx-card-bottom\"><span class=\"lkx-price lkx-price-sm\">da <b>5\u00a0\u20ac<\/b><\/span><span class=\"lkx-cta lkx-cta-sm\">Vedi le date \u2192<\/span>\n        <\/div>\n      <\/div>\n    <\/a><\/div><div class=\"lkx-disclosure\">\ud83d\udd17 Link di affiliazione \u2014 nessun costo aggiuntivo per te, ci aiutano a creare contenuti. \u00b7 <a href=\"https:\/\/www.getyourguide.com\/it-it\/s\/?q=praha&amp;partner_id=MKZ64IS&amp;utm_medium=online_publisher\" target=\"_blank\" rel=\"sponsored noopener nofollow\">Tutte le esperienze \u2192<\/a><\/div>\n<\/div>\n<!-- LKM_GYG_CARD end -->\n\n\n\n<h2 class=\"wp-block-heading\">Mappa di tutti gli eventi<\/h2>\n\n\n\n<p class=\"wp-block-paragraph\">Su questa mappa puoi vedere <strong>in totale 24 punti<\/strong>: sono tutti i luoghi in cui si sono svolti gli eventi e che Carlo IV ha significativamente influenzato, abbellito o fatto costruire con la sua attivit\u00e0.<\/p>\n\n\n\n<ul class=\"wp-block-list\">\n<li>Galleria Nazionale di Praga<\/li>\n\n\n\n<li>Castello di Praga<\/li>\n\n\n\n<li>Fossato dei Cervi<\/li>\n\n\n\n<li>Torre della Citt\u00e0 Vecchia del Ponte<\/li>\n\n\n\n<li>Museo Nazionale della Tecnica<\/li>\n\n\n\n<li>Cattedrale di San Vito<\/li>\n\n\n\n<li>Carolinum<\/li>\n\n\n\n<li>Convento di Sant&#8217;Agnese di Boemia<\/li>\n\n\n\n<li>Chiesa della Vergine Maria di Slovany<\/li>\n\n\n\n<li>Piazza della Citt\u00e0 Vecchia<\/li>\n\n\n\n<li>Forum Karl\u00edn<\/li>\n\n\n\n<li>Vy\u0161ehrad<\/li>\n\n\n\n<li>Ponte Carlo<\/li>\n\n\n\n<li>Casa della Campana di Pietra<\/li>\n\n\n\n<li>Chiesa di Santa Maria di T\u00fdn<\/li>\n\n\n\n<li>Casa degli \u0160tupart<\/li>\n\n\n\n<li>Chiesa di San Giacomo e convento dei francescani minoriti<\/li>\n\n\n\n<li>Reliquie e chiesa di San Gallo<\/li>\n\n\n\n<li>Cappella del Municipio della Citt\u00e0 Vecchia<\/li>\n\n\n\n<li>Chiesa di Sant&#8217;Egidio<\/li>\n\n\n\n<li>Carolinum \u2013 Universit\u00e0 Carlo<\/li>\n\n\n\n<li>Gerusalemme Celeste<\/li>\n\n\n\n<li>Chiesa della Madonna della Neve<\/li>\n\n\n\n<li>Chiesa dell&#8217;Assunzione della Vergine Maria e di San Carlo Magno<\/li>\n\n\n\n<li>Chiesa di Santa Caterina<\/li>\n\n\n\n<li>Chiesa di Sant&#8217;Apollinare<\/li>\n\n\n\n<li>Chiesa di Santo Stefano<\/li>\n\n\n\n<li>Chiesa di Sant&#8217;Enrico e Santa Cunegonda<\/li>\n\n\n\n<li>Chiesa dell&#8217;Annunciazione della Vergine Maria Na tr\u00e1vn\u00ed\u010dku<\/li>\n\n\n\n<li>Municipio della Citt\u00e0 Nuova<\/li>\n\n\n\n<li>Vy\u0161ehrad<\/li>\n<\/ul>\n\n\n\n<p class=\"has-luminous-vivid-amber-background-color has-background wp-block-paragraph\">Abbiamo conservato per te la brochure dell&#8217;evento, che puoi <a href=\"https:\/\/loudavymkrokem.cz\/wp-content\/uploads\/2024\/01\/karel_iv_brozura_cs.pdf\" data-type=\"link\" data-id=\"https:\/\/loudavymkrokem.cz\/wp-content\/uploads\/2024\/01\/karel_iv_brozura_cs.pdf\"><strong>scaricare qui<\/strong><\/a> (in ceco).<\/p>\n\n\n\n<figure data-wp-context=\"{&quot;imageId&quot;:&quot;6a969e762fc8b&quot;}\" data-wp-interactive=\"core\/image\" data-wp-key=\"6a969e762fc8b\" class=\"wp-block-image size-large wp-lightbox-container\"><img decoding=\"async\" width=\"700\" height=\"577\" data-wp-class--hide=\"state.isContentHidden\" data-wp-class--show=\"state.isContentVisible\" data-wp-init=\"callbacks.setButtonStyles\" data-wp-on--click=\"actions.showLightbox\" data-wp-on--load=\"callbacks.setButtonStyles\" data-wp-on--pointerdown=\"actions.preloadImage\" data-wp-on--pointerenter=\"actions.preloadImageWithDelay\" data-wp-on--pointerleave=\"actions.cancelPreload\" data-wp-on-window--resize=\"callbacks.setButtonStyles\" src=\"https:\/\/loudavymkrokem.cz\/wp-content\/uploads\/2024\/01\/karlova-praha-mapka-700x577.jpg\" alt=\"Mappa degli eventi del progetto Karlova Praha a Praga, Repubblica Ceca\" class=\"wp-image-79808\" title=\"\" srcset=\"https:\/\/loudavymkrokem.cz\/wp-content\/uploads\/2024\/01\/karlova-praha-mapka-700x577.jpg 700w, https:\/\/loudavymkrokem.cz\/wp-content\/uploads\/2024\/01\/karlova-praha-mapka-300x247.jpg 300w, https:\/\/loudavymkrokem.cz\/wp-content\/uploads\/2024\/01\/karlova-praha-mapka-768x633.jpg 768w, https:\/\/loudavymkrokem.cz\/wp-content\/uploads\/2024\/01\/karlova-praha-mapka-1536x1265.jpg 1536w, https:\/\/loudavymkrokem.cz\/wp-content\/uploads\/2024\/01\/karlova-praha-mapka-696x573.jpg 696w, https:\/\/loudavymkrokem.cz\/wp-content\/uploads\/2024\/01\/karlova-praha-mapka-1392x1147.jpg 1392w, https:\/\/loudavymkrokem.cz\/wp-content\/uploads\/2024\/01\/karlova-praha-mapka.jpg 1549w\" sizes=\"(max-width: 700px) 100vw, 700px\" \/><button\n\t\t\tclass=\"lightbox-trigger\"\n\t\t\ttype=\"button\"\n\t\t\taria-haspopup=\"dialog\"\n\t\t\tdata-wp-bind--aria-label=\"state.thisImage.triggerButtonAriaLabel\"\n\t\t\tdata-wp-init=\"callbacks.initTriggerButton\"\n\t\t\tdata-wp-on--click=\"actions.showLightbox\"\n\t\t\tdata-wp-style--right=\"state.thisImage.buttonRight\"\n\t\t\tdata-wp-style--top=\"state.thisImage.buttonTop\"\n\t\t>\n\t\t\t<svg xmlns=\"http:\/\/www.w3.org\/2000\/svg\" width=\"12\" height=\"12\" fill=\"none\" viewBox=\"0 0 12 12\">\n\t\t\t\t<path fill=\"#fff\" d=\"M2 0a2 2 0 0 0-2 2v2h1.5V2a.5.5 0 0 1 .5-.5h2V0H2Zm2 10.5H2a.5.5 0 0 1-.5-.5V8H0v2a2 2 0 0 0 2 2h2v-1.5ZM8 12v-1.5h2a.5.5 0 0 0 .5-.5V8H12v2a2 2 0 0 1-2 2H8Zm2-12a2 2 0 0 1 2 2v2h-1.5V2a.5.5 0 0 0-.5-.5H8V0h2Z\" \/>\n\t\t\t<\/svg>\n\t\t<\/button><\/figure>\n","protected":false},"excerpt":{"rendered":"<p>Il progetto Karlova Praha \u00e8 stato un grande evento culturale organizzato a Praga per il 700\u00b0 anniversario della nascita di Carlo IV. Scopri tutti i luoghi e gli eventi.<\/p>\n","protected":false},"author":2,"featured_media":79817,"comment_status":"open","ping_status":"open","sticky":false,"template":"","format":"standard","meta":{"_acf_changed":false,"footnotes":"","rank_math_title":"Karlova Praha: eventi a Praga, Repubblica Ceca","rank_math_description":"Scopri il progetto Karlova Praha, l'evento culturale del 2016 a Praga, Repubblica Ceca, per il 700\u00b0 anniversario di Carlo IV. Mappa e luoghi da non perdere!","rank_math_focus_keyword":"Praga Repubblica Ceca","rank_math_seo_score":""},"categories":[554,557,722],"tags":[],"class_list":["post-231417","post","type-post","status-publish","format-standard","has-post-thumbnail","category-europa","category-repubblica-ceca","category-viaggi"],"acf":[],"featured_image_src":"https:\/\/loudavymkrokem.cz\/wp-content\/uploads\/2024\/01\/image.jpeg","author_info":{"display_name":"Luk\u00e1\u0161 Kone\u010dn\u00fd","author_link":"https:\/\/loudavymkrokem.cz\/it\/author\/lukas-konecny\/"},"_links":{"self":[{"href":"https:\/\/loudavymkrokem.cz\/it\/wp-json\/wp\/v2\/posts\/231417","targetHints":{"allow":["GET"]}}],"collection":[{"href":"https:\/\/loudavymkrokem.cz\/it\/wp-json\/wp\/v2\/posts"}],"about":[{"href":"https:\/\/loudavymkrokem.cz\/it\/wp-json\/wp\/v2\/types\/post"}],"author":[{"embeddable":true,"href":"https:\/\/loudavymkrokem.cz\/it\/wp-json\/wp\/v2\/users\/2"}],"replies":[{"embeddable":true,"href":"https:\/\/loudavymkrokem.cz\/it\/wp-json\/wp\/v2\/comments?post=231417"}],"version-history":[{"count":0,"href":"https:\/\/loudavymkrokem.cz\/it\/wp-json\/wp\/v2\/posts\/231417\/revisions"}],"wp:featuredmedia":[{"embeddable":true,"href":"https:\/\/loudavymkrokem.cz\/it\/wp-json\/wp\/v2\/media\/79817"}],"wp:attachment":[{"href":"https:\/\/loudavymkrokem.cz\/it\/wp-json\/wp\/v2\/media?parent=231417"}],"wp:term":[{"taxonomy":"category","embeddable":true,"href":"https:\/\/loudavymkrokem.cz\/it\/wp-json\/wp\/v2\/categories?post=231417"},{"taxonomy":"post_tag","embeddable":true,"href":"https:\/\/loudavymkrokem.cz\/it\/wp-json\/wp\/v2\/tags?post=231417"}],"curies":[{"name":"wp","href":"https:\/\/api.w.org\/{rel}","templated":true}]}}