{"id":172512,"date":"2026-05-25T21:58:36","date_gmt":"2026-05-25T19:58:36","guid":{"rendered":"https:\/\/loudavymkrokem.cz\/?p=172512"},"modified":"2026-09-02T04:19:33","modified_gmt":"2026-09-02T02:19:33","slug":"cortina-ampezzo-cosa-vedere","status":"publish","type":"post","link":"https:\/\/loudavymkrokem.cz\/it\/cortina-ampezzo-cosa-vedere\/","title":{"rendered":"Cortina d&#8217;Ampezzo, Dolomiti: 15 consigli su cosa vedere e fare"},"content":{"rendered":"\n<!-- lk-tldr -->\n<div class=\"lk-tldr\" style=\"background:#f7f5f0;border-left:4px solid #c39f76;border-radius:0 10px 10px 0;padding:14px 18px;margin:0 0 26px;font-size:15px;line-height:1.65;\"><strong style=\"display:block;font-size:12px;text-transform:uppercase;letter-spacing:.06em;color:#a9885a;margin-bottom:5px;\">TL;DR<\/strong>Cortina d&#x27;Ampezzo in Italia \u00e8 il punto di partenza ideale per scoprire i luoghi pi\u00f9 belli delle Dolomiti, dal turchese <strong>Lago di Sorapis<\/strong> alle iconiche <strong>Tre Cime di Lavaredo<\/strong>, fino alle guglie delle Cinque Torri e al passo Giau, con quindici consigli concreti su cosa vedere e fare. Il periodo migliore \u00e8 l&#x27;estate tra il 20 giugno e il 20 settembre, evitando per\u00f2 agosto attorno a Ferragosto, quando folla e prezzi toccano il massimo. Metti in conto almeno quattro o cinque giorni. Dall&#x27;autunno 2025 i prezzi degli alloggi saliranno di almeno il venti per cento a causa delle Olimpiadi invernali 2026: in stagione un hotel di fascia media costa dai 150 ai 250 EUR a notte per due persone. Da Milano il viaggio in auto dura circa 4 ore, da Venezia meno di due.<\/div>\n<!-- \/lk-tldr -->\n\n\n\n<!-- lk-navbar -->\n<div class=\"lk-navbar\" style=\"margin:0 0 28px;\"><div style=\"font-size:12px;text-transform:uppercase;letter-spacing:.06em;color:#a9885a;font-weight:700;margin-bottom:9px;\">Link rapidi<\/div><div style=\"display:flex;flex-wrap:wrap;gap:9px;\"><a href=\"#Dove_alloggiare_quanto_costa\" style=\"background:#c39f76;color:#fff;border:1px solid #c39f76;padding:9px 15px;border-radius:22px;font-size:14px;font-weight:700;text-decoration:none;display:inline-block;line-height:1;\">\ud83d\udccd Dove dormire<\/a><a href=\"#Cortina_dAmpezzo_15_consigli_cosa_vedere_e_fare\" style=\"background:#c39f76;color:#fff;border:1px solid #c39f76;padding:9px 15px;border-radius:22px;font-size:14px;font-weight:700;text-decoration:none;display:inline-block;line-height:1;\">\u2b50 Cosa vedere<\/a><a href=\"#Quando_andare_a_Cortina_e_che_tempo_fa\" style=\"background:#fff;color:#6b5a44;border:1px solid #e2d6c1;padding:9px 15px;border-radius:22px;font-size:14px;font-weight:600;text-decoration:none;display:inline-block;line-height:1;\">\u2600\ufe0f Quando andare<\/a><a href=\"#Come_arrivare_a_Cortina_dAmpezzo\" style=\"background:#fff;color:#6b5a44;border:1px solid #e2d6c1;padding:9px 15px;border-radius:22px;font-size:14px;font-weight:600;text-decoration:none;display:inline-block;line-height:1;\">\u2708\ufe0f Come arrivare<\/a><a href=\"#Cosa_assaggiare_e_dove_mangiare\" style=\"background:#fff;color:#6b5a44;border:1px solid #e2d6c1;padding:9px 15px;border-radius:22px;font-size:14px;font-weight:600;text-decoration:none;display:inline-block;line-height:1;\">\ud83c\udf7d\ufe0f Cibo<\/a><a href=\"#Consigli_pratici_finali\" style=\"background:#fff;color:#6b5a44;border:1px solid #e2d6c1;padding:9px 15px;border-radius:22px;font-size:14px;font-weight:600;text-decoration:none;display:inline-block;line-height:1;\">\ud83d\udca1 Consigli<\/a><\/div><\/div>\n<!-- \/lk-navbar -->\n\n\n\n\n<p class=\"wp-block-paragraph\">Se sai cosa vuol dire innamorarsi di un posto al punto da doverci tornare ogni singolo anno, allora capisci esattamente il legame che abbiamo con le Dolomiti e in particolare con la nostra grande passione: Cortina d&#8217;Ampezzo, in Italia. \u00c8 la nostra casa immaginaria, il campo base da cui partiamo ormai da tradizione per le nostre avventure estive e invernali, e davvero non riesco a immaginare un anno senza almeno una visita quass\u00f9.<\/p>\n\n\n\n<p class=\"wp-block-paragraph\">Mi ricordo i nostri primi viaggi. Eravamo giovani, pieni di energia, con le bici caricate sull&#8217;auto e dormivamo in tenda, finch\u00e9 una notte di settembre le temperature sotto i meno quattro gradi ci colsero di sorpresa e io e Luk\u00e1\u0161 tremammo dal freddo rannicchiati nei sacchi a pelo. \ud83d\ude05 Poi arriv\u00f2 l&#8217;era del camper, in cui scoprivamo la bellezza dei panorami mattutini direttamente dal letto su quattro ruote. Una romanticheria enorme che ricordiamo ancora oggi con affetto, anche se a volte significava lavarsi in un gelido ruscello di montagna e cucinare gli spaghetti su un fornellino minuscolo che si spegneva a ogni folata di vento.<\/p>\n\n\n\n<p class=\"wp-block-paragraph\">Allora, cosa ti aspetta? Quindici consigli su cosa vedere e fare, qualche parola su dove posare la testa senza rovinarti finanziariamente e anche un onesto avvertimento su una cosa che nel 2026 cambier\u00e0 parecchio. Continua a leggere. \ud83d\ude09<\/p>\n\n\n\n<figure data-wp-context=\"{&quot;imageId&quot;:&quot;6a9d7d900e8cc&quot;}\" data-wp-interactive=\"core\/image\" data-wp-key=\"6a9d7d900e8cc\" class=\"wp-block-image size-full wp-lightbox-container\"><img decoding=\"async\" data-wp-class--hide=\"state.isContentHidden\" data-wp-class--show=\"state.isContentVisible\" data-wp-init=\"callbacks.setButtonStyles\" data-wp-on--click=\"actions.showLightbox\" data-wp-on--load=\"callbacks.setButtonStyles\" data-wp-on--pointerdown=\"actions.preloadImage\" data-wp-on--pointerenter=\"actions.preloadImageWithDelay\" data-wp-on--pointerleave=\"actions.cancelPreload\" data-wp-on-window--resize=\"callbacks.setButtonStyles\" src=\"https:\/\/www.loudavymkrokem.cz\/wp-content\/uploads\/2023\/05\/dolomity-italske-alpy-2048x1365.jpg\" alt=\"Dolomiti, Alpi italiane\" class=\"wp-image-74362\" title=\"\"><button\n\t\t\tclass=\"lightbox-trigger\"\n\t\t\ttype=\"button\"\n\t\t\taria-haspopup=\"dialog\"\n\t\t\tdata-wp-bind--aria-label=\"state.thisImage.triggerButtonAriaLabel\"\n\t\t\tdata-wp-init=\"callbacks.initTriggerButton\"\n\t\t\tdata-wp-on--click=\"actions.showLightbox\"\n\t\t\tdata-wp-style--right=\"state.thisImage.buttonRight\"\n\t\t\tdata-wp-style--top=\"state.thisImage.buttonTop\"\n\t\t>\n\t\t\t<svg xmlns=\"http:\/\/www.w3.org\/2000\/svg\" width=\"12\" height=\"12\" fill=\"none\" viewBox=\"0 0 12 12\">\n\t\t\t\t<path fill=\"#fff\" d=\"M2 0a2 2 0 0 0-2 2v2h1.5V2a.5.5 0 0 1 .5-.5h2V0H2Zm2 10.5H2a.5.5 0 0 1-.5-.5V8H0v2a2 2 0 0 0 2 2h2v-1.5ZM8 12v-1.5h2a.5.5 0 0 0 .5-.5V8H12v2a2 2 0 0 1-2 2H8Zm2-12a2 2 0 0 1 2 2v2h-1.5V2a.5.5 0 0 0-.5-.5H8V0h2Z\" \/>\n\t\t\t<\/svg>\n\t\t<\/button><\/figure>\n\n\n\n<div id=\"ez-toc-container\" class=\"ez-toc-v2_0_87 ez-toc-wrap-left counter-hierarchy ez-toc-counter ez-toc-grey ez-toc-container-direction\">\n<div class=\"ez-toc-title-container\">\n<p class=\"ez-toc-title\" style=\"cursor:inherit\">Contenuto dell&#039;articolo<\/p>\n<span class=\"ez-toc-title-toggle\"><a href=\"#\" class=\"ez-toc-pull-right ez-toc-btn ez-toc-btn-xs ez-toc-btn-default ez-toc-toggle\" aria-label=\"Toggle Table of Content\"><span class=\"ez-toc-js-icon-con\"><span class=\"\"><span class=\"eztoc-hide\" style=\"display:none;\">Toggle<\/span><span class=\"ez-toc-icon-toggle-span\"><svg style=\"fill: #999;color:#999\" xmlns=\"http:\/\/www.w3.org\/2000\/svg\" class=\"list-377408\" width=\"20px\" height=\"20px\" viewBox=\"0 0 24 24\" fill=\"none\"><path d=\"M6 6H4v2h2V6zm14 0H8v2h12V6zM4 11h2v2H4v-2zm16 0H8v2h12v-2zM4 16h2v2H4v-2zm16 0H8v2h12v-2z\" fill=\"currentColor\"><\/path><\/svg><svg style=\"fill: #999;color:#999\" class=\"arrow-unsorted-368013\" xmlns=\"http:\/\/www.w3.org\/2000\/svg\" width=\"10px\" height=\"10px\" viewBox=\"0 0 24 24\" version=\"1.2\" baseProfile=\"tiny\"><path d=\"M18.2 9.3l-6.2-6.3-6.2 6.3c-.2.2-.3.4-.3.7s.1.5.3.7c.2.2.4.3.7.3h11c.3 0 .5-.1.7-.3.2-.2.3-.5.3-.7s-.1-.5-.3-.7zM5.8 14.7l6.2 6.3 6.2-6.3c.2-.2.3-.5.3-.7s-.1-.5-.3-.7c-.2-.2-.4-.3-.7-.3h-11c-.3 0-.5.1-.7.3-.2.2-.3.5-.3.7s.1.5.3.7z\"\/><\/svg><\/span><\/span><\/span><\/a><\/span><\/div>\n<nav><ul class='ez-toc-list ez-toc-list-level-1 ' ><li class='ez-toc-page-1 ez-toc-heading-level-2'><a class=\"ez-toc-link ez-toc-heading-1\" href=\"https:\/\/loudavymkrokem.cz\/it\/cortina-ampezzo-cosa-vedere\/#Riassunto\" >Riassunto<\/a><\/li><li class='ez-toc-page-1 ez-toc-heading-level-2'><a class=\"ez-toc-link ez-toc-heading-2\" href=\"https:\/\/loudavymkrokem.cz\/it\/cortina-ampezzo-cosa-vedere\/#Orgoglio_olimpico_e_relax_allitaliana_un_po_di_contesto\" >Orgoglio olimpico e relax all&#8217;italiana (un po&#8217; di contesto)<\/a><\/li><li class='ez-toc-page-1 ez-toc-heading-level-2'><a class=\"ez-toc-link ez-toc-heading-3\" href=\"https:\/\/loudavymkrokem.cz\/it\/cortina-ampezzo-cosa-vedere\/#Quando_andare_a_Cortina_e_che_tempo_fa\" >Quando andare a Cortina e che tempo fa<\/a><\/li><li class='ez-toc-page-1 ez-toc-heading-level-2'><a class=\"ez-toc-link ez-toc-heading-4\" href=\"https:\/\/loudavymkrokem.cz\/it\/cortina-ampezzo-cosa-vedere\/#Come_arrivare_a_Cortina_dAmpezzo\" >Come arrivare a Cortina d&#8217;Ampezzo<\/a><ul class='ez-toc-list-level-3' ><li class='ez-toc-heading-level-3'><a class=\"ez-toc-link ez-toc-heading-5\" href=\"https:\/\/loudavymkrokem.cz\/it\/cortina-ampezzo-cosa-vedere\/#Attenzione_alle_zone_ZTL_e_alle_chiusure_nel_2026\" >Attenzione alle zone ZTL e alle chiusure nel 2026<\/a><\/li><\/ul><\/li><li class='ez-toc-page-1 ez-toc-heading-level-2'><a class=\"ez-toc-link ez-toc-heading-6\" href=\"https:\/\/loudavymkrokem.cz\/it\/cortina-ampezzo-cosa-vedere\/#Dove_alloggiare_quanto_costa\" >Dove alloggiare + quanto costa<\/a><\/li><li class='ez-toc-page-1 ez-toc-heading-level-2'><a class=\"ez-toc-link ez-toc-heading-7\" href=\"https:\/\/loudavymkrokem.cz\/it\/cortina-ampezzo-cosa-vedere\/#Cortina_dAmpezzo_15_consigli_su_cosa_vedere_e_fare\" >Cortina d&#8217;Ampezzo: 15 consigli su cosa vedere e fare<\/a><ul class='ez-toc-list-level-3' ><li class='ez-toc-heading-level-3'><a class=\"ez-toc-link ez-toc-heading-8\" href=\"https:\/\/loudavymkrokem.cz\/it\/cortina-ampezzo-cosa-vedere\/#1_Passeggia_lungo_Corso_Italia_e_ammira_la_Basilica\" >1. Passeggia lungo Corso Italia e ammira la Basilica<\/a><\/li><li class='ez-toc-page-1 ez-toc-heading-level-3'><a class=\"ez-toc-link ez-toc-heading-9\" href=\"https:\/\/loudavymkrokem.cz\/it\/cortina-ampezzo-cosa-vedere\/#2_Scopri_la_storia_allo_Stadio_Olimpico_del_Ghiaccio\" >2. Scopri la storia allo Stadio Olimpico del Ghiaccio<\/a><\/li><li class='ez-toc-page-1 ez-toc-heading-level-3'><a class=\"ez-toc-link ez-toc-heading-10\" href=\"https:\/\/loudavymkrokem.cz\/it\/cortina-ampezzo-cosa-vedere\/#3_Sali_con_la_funivia_Freccia_nel_Cielo_sulla_Tofana\" >3. Sali con la funivia Freccia nel Cielo sulla Tofana<\/a><\/li><li class='ez-toc-page-1 ez-toc-heading-level-3'><a class=\"ez-toc-link ez-toc-heading-11\" href=\"https:\/\/loudavymkrokem.cz\/it\/cortina-ampezzo-cosa-vedere\/#4_Vivi_il_tramonto_dalla_funivia_sulla_Faloria\" >4. Vivi il tramonto dalla funivia sulla Faloria<\/a><\/li><li class='ez-toc-page-1 ez-toc-heading-level-3'><a class=\"ez-toc-link ez-toc-heading-12\" href=\"https:\/\/loudavymkrokem.cz\/it\/cortina-ampezzo-cosa-vedere\/#5_Esplora_la_storia_nel_museo_allaperto_delle_Cinque_Torri\" >5. Esplora la storia nel museo all&#8217;aperto delle Cinque Torri<\/a><\/li><li class='ez-toc-page-1 ez-toc-heading-level-3'><a class=\"ez-toc-link ez-toc-heading-13\" href=\"https:\/\/loudavymkrokem.cz\/it\/cortina-ampezzo-cosa-vedere\/#6_Attraversa_i_tunnel_di_guerra_del_Lagazuoi\" >6. Attraversa i tunnel di guerra del Lagazuoi<\/a><\/li><li class='ez-toc-page-1 ez-toc-heading-level-3'><a class=\"ez-toc-link ez-toc-heading-14\" href=\"https:\/\/loudavymkrokem.cz\/it\/cortina-ampezzo-cosa-vedere\/#7_Scopri_il_turchese_Lago_di_Sorapis_e_un_avviso_per_chi_ha_il_cane\" >7. Scopri il turchese Lago di Sorapis (e un avviso per chi ha il cane!)<\/a><\/li><li class='ez-toc-page-1 ez-toc-heading-level-3'><a class=\"ez-toc-link ez-toc-heading-15\" href=\"https:\/\/loudavymkrokem.cz\/it\/cortina-ampezzo-cosa-vedere\/#8_Parti_verso_le_iconiche_Tre_Cime_di_Lavaredo\" >8. Parti verso le iconiche Tre Cime di Lavaredo<\/a><\/li><li class='ez-toc-page-1 ez-toc-heading-level-3'><a class=\"ez-toc-link ez-toc-heading-16\" href=\"https:\/\/loudavymkrokem.cz\/it\/cortina-ampezzo-cosa-vedere\/#9_Rilassati_al_Lago_di_Misurina_e_sali_sui_Cadini_di_Misurina\" >9. Rilassati al Lago di Misurina e sali sui Cadini di Misurina<\/a><\/li><li class='ez-toc-page-1 ez-toc-heading-level-3'><a class=\"ez-toc-link ez-toc-heading-17\" href=\"https:\/\/loudavymkrokem.cz\/it\/cortina-ampezzo-cosa-vedere\/#10_Scopri_la_magia_autunnale_della_Croda_da_Lago_e_del_Lago_Federa\" >10. Scopri la magia autunnale della Croda da Lago e del Lago Federa<\/a><\/li><li class='ez-toc-page-1 ez-toc-heading-level-3'><a class=\"ez-toc-link ez-toc-heading-18\" href=\"https:\/\/loudavymkrokem.cz\/it\/cortina-ampezzo-cosa-vedere\/#11_Sfuggi_alla_folla_nella_Valle_di_Ra_Stua\" >11. Sfuggi alla folla nella Valle di Ra Stua<\/a><\/li><li class='ez-toc-page-1 ez-toc-heading-level-3'><a class=\"ez-toc-link ez-toc-heading-19\" href=\"https:\/\/loudavymkrokem.cz\/it\/cortina-ampezzo-cosa-vedere\/#12_Percorri_il_leggendario_Passo_Giau\" >12. Percorri il leggendario Passo Giau<\/a><\/li><li class='ez-toc-page-1 ez-toc-heading-level-3'><a class=\"ez-toc-link ez-toc-heading-20\" href=\"https:\/\/loudavymkrokem.cz\/it\/cortina-ampezzo-cosa-vedere\/#13_Respira_latmosfera_dello_Snow_Festival_e_degli_eventi_invernali\" >13. Respira l&#8217;atmosfera dello Snow Festival e degli eventi invernali<\/a><\/li><li class='ez-toc-page-1 ez-toc-heading-level-3'><a class=\"ez-toc-link ez-toc-heading-21\" href=\"https:\/\/loudavymkrokem.cz\/it\/cortina-ampezzo-cosa-vedere\/#14_Corsa_o_passeggiata_sullex_ferrovia_Cortina_Trail\" >14. Corsa o passeggiata sull&#8217;ex ferrovia (Cortina Trail)<\/a><\/li><li class='ez-toc-page-1 ez-toc-heading-level-3'><a class=\"ez-toc-link ez-toc-heading-22\" href=\"https:\/\/loudavymkrokem.cz\/it\/cortina-ampezzo-cosa-vedere\/#15_Fai_una_gita_alliconico_Lago_di_Braies\" >15. Fai una gita all&#8217;iconico Lago di Braies<\/a><\/li><\/ul><\/li><li class='ez-toc-page-1 ez-toc-heading-level-2'><a class=\"ez-toc-link ez-toc-heading-23\" href=\"https:\/\/loudavymkrokem.cz\/it\/cortina-ampezzo-cosa-vedere\/#Cortina_dAmpezzo_con_bambini_e_passeggino\" >Cortina d&#8217;Ampezzo con bambini e passeggino<\/a><\/li><li class='ez-toc-page-1 ez-toc-heading-level-2'><a class=\"ez-toc-link ez-toc-heading-24\" href=\"https:\/\/loudavymkrokem.cz\/it\/cortina-ampezzo-cosa-vedere\/#Inverno_vs_estate_sci_e_Dolomiti_Superski\" >Inverno vs. estate: sci e Dolomiti Superski<\/a><\/li><li class='ez-toc-page-1 ez-toc-heading-level-2'><a class=\"ez-toc-link ez-toc-heading-25\" href=\"https:\/\/loudavymkrokem.cz\/it\/cortina-ampezzo-cosa-vedere\/#Cosa_assaggiare_e_dove_mangiare\" >Cosa assaggiare e dove mangiare<\/a><ul class='ez-toc-list-level-3' ><li class='ez-toc-heading-level-3'><a class=\"ez-toc-link ez-toc-heading-26\" href=\"https:\/\/loudavymkrokem.cz\/it\/cortina-ampezzo-cosa-vedere\/#I_nostri_ristoranti_e_rifugi_preferiti\" >I nostri ristoranti e rifugi preferiti<\/a><\/li><\/ul><\/li><li class='ez-toc-page-1 ez-toc-heading-level-2'><a class=\"ez-toc-link ez-toc-heading-27\" href=\"https:\/\/loudavymkrokem.cz\/it\/cortina-ampezzo-cosa-vedere\/#Cosa_portare_a_casa_da_Cortina_shopping\" >Cosa portare a casa da Cortina (shopping)<\/a><\/li><li class='ez-toc-page-1 ez-toc-heading-level-2'><a class=\"ez-toc-link ez-toc-heading-28\" href=\"https:\/\/loudavymkrokem.cz\/it\/cortina-ampezzo-cosa-vedere\/#Consigli_pratici_finali\" >Consigli pratici finali<\/a><ul class='ez-toc-list-level-3' ><li class='ez-toc-heading-level-3'><a class=\"ez-toc-link ez-toc-heading-29\" href=\"https:\/\/loudavymkrokem.cz\/it\/cortina-ampezzo-cosa-vedere\/#Dove_trovare_i_voli\" >Dove trovare i voli<\/a><\/li><li class='ez-toc-page-1 ez-toc-heading-level-3'><a class=\"ez-toc-link ez-toc-heading-30\" href=\"https:\/\/loudavymkrokem.cz\/it\/cortina-ampezzo-cosa-vedere\/#Noleggio_auto\" >Noleggio auto<\/a><\/li><li class='ez-toc-page-1 ez-toc-heading-level-3'><a class=\"ez-toc-link ez-toc-heading-31\" href=\"https:\/\/loudavymkrokem.cz\/it\/cortina-ampezzo-cosa-vedere\/#Non_dimenticare_lassicurazione\" >Non dimenticare l&#8217;assicurazione<\/a><\/li><li class='ez-toc-page-1 ez-toc-heading-level-3'><a class=\"ez-toc-link ez-toc-heading-32\" href=\"https:\/\/loudavymkrokem.cz\/it\/cortina-ampezzo-cosa-vedere\/#Internet_sul_telefono\" >Internet sul telefono<\/a><\/li><\/ul><\/li><li class='ez-toc-page-1 ez-toc-heading-level-2'><a class=\"ez-toc-link ez-toc-heading-33\" href=\"https:\/\/loudavymkrokem.cz\/it\/cortina-ampezzo-cosa-vedere\/#Domande_frequenti_FAQ\" >Domande frequenti (FAQ)<\/a><ul class='ez-toc-list-level-3' ><li class='ez-toc-heading-level-3'><a class=\"ez-toc-link ez-toc-heading-34\" href=\"https:\/\/loudavymkrokem.cz\/it\/cortina-ampezzo-cosa-vedere\/#1_Cosa_fare_a_Cortina\" >1. Cosa fare a Cortina?<\/a><\/li><li class='ez-toc-page-1 ez-toc-heading-level-3'><a class=\"ez-toc-link ez-toc-heading-35\" href=\"https:\/\/loudavymkrokem.cz\/it\/cortina-ampezzo-cosa-vedere\/#2_Cosa_significa_Cortina_dAmpezzo\" >2. Cosa significa Cortina d&#8217;Ampezzo?<\/a><\/li><li class='ez-toc-page-1 ez-toc-heading-level-3'><a class=\"ez-toc-link ez-toc-heading-36\" href=\"https:\/\/loudavymkrokem.cz\/it\/cortina-ampezzo-cosa-vedere\/#3_Cosa_fare_a_Cortina_quando_piove\" >3. Cosa fare a Cortina quando piove?<\/a><\/li><li class='ez-toc-page-1 ez-toc-heading-level-3'><a class=\"ez-toc-link ez-toc-heading-37\" href=\"https:\/\/loudavymkrokem.cz\/it\/cortina-ampezzo-cosa-vedere\/#4_Come_funziona_con_le_zone_ZTL_e_il_parcheggio\" >4. Come funziona con le zone ZTL e il parcheggio?<\/a><\/li><li class='ez-toc-page-1 ez-toc-heading-level-3'><a class=\"ez-toc-link ez-toc-heading-38\" href=\"https:\/\/loudavymkrokem.cz\/it\/cortina-ampezzo-cosa-vedere\/#5_E_possibile_godersi_Cortina_anche_senza_auto\" >5. \u00c8 possibile godersi Cortina anche senza auto?<\/a><\/li><li class='ez-toc-page-1 ez-toc-heading-level-3'><a class=\"ez-toc-link ez-toc-heading-39\" href=\"https:\/\/loudavymkrokem.cz\/it\/cortina-ampezzo-cosa-vedere\/#6_Quanti_giorni_servono_per_visitare_Cortina\" >6. Quanti giorni servono per visitare Cortina?<\/a><\/li><li class='ez-toc-page-1 ez-toc-heading-level-3'><a class=\"ez-toc-link ez-toc-heading-40\" href=\"https:\/\/loudavymkrokem.cz\/it\/cortina-ampezzo-cosa-vedere\/#7_Le_Olimpiadi_invernali_2026_influenzeranno_il_turismo_a_Cortina\" >7. Le Olimpiadi invernali 2026 influenzeranno il turismo a Cortina?<\/a><\/li><\/ul><\/li><\/ul><\/nav><\/div>\n<h2 class=\"wp-block-heading\"><span class=\"ez-toc-section\" id=\"Riassunto\"><\/span>Riassunto<span class=\"ez-toc-section-end\"><\/span><\/h2>\n\n\n\n<p class=\"wp-block-paragraph\">Lo capisco, a volte serve solo un riassunto veloce dell&#8217;essenziale, perch\u00e9 magari stai facendo le valigie con i bambini che ti girano intorno. Cortina d&#8217;Ampezzo \u00e8 il punto di partenza ideale per scoprire i luoghi pi\u00f9 belli, come le Tre Cime, il Lago di Sorapis o le Cinque Torri, e se scegli l&#8217;alloggio giusto ti risparmi ore di spostamenti inutili.<\/p>\n\n\n\n<p class=\"wp-block-paragraph\">Il periodo migliore per il trekking estivo va dal 20 giugno al 20 settembre, ma evita del tutto agosto, soprattutto attorno a Ferragosto, quando \u00e8 tutto pieno e i prezzi schizzano alle stelle. Inoltre preparati al fatto che Cortina ospiter\u00e0 le Olimpiadi invernali 2026, quindi gi\u00e0 dall&#8217;autunno 2025 aspettati prezzi degli alloggi decisamente pi\u00f9 alti e cantieri a ogni angolo. E se viaggi con i bambini, punta sugli impianti a fune come la Tofana o la Faloria, che ti portano a panorami mozzafiato senza alcuna fatica.<\/p>\n\n\n\n<h2 class=\"wp-block-heading\"><span class=\"ez-toc-section\" id=\"Orgoglio_olimpico_e_relax_allitaliana_un_po_di_contesto\"><\/span>Orgoglio olimpico e relax all&#8217;italiana (un po&#8217; di contesto)<span class=\"ez-toc-section-end\"><\/span><\/h2>\n\n\n\n<p class=\"wp-block-paragraph\">Cortina d&#8217;Ampezzo non \u00e8 una cittadina di montagna qualunque. Prima di lanciarci sui consigli concreti, \u00e8 utile capire dove ti trovi. Mentre gran parte delle Dolomiti settentrionali, nell&#8217;area dell&#8217;Alto Adige, ha una forte influenza austriaca (ovunque senti parlare tedesco e mangi strudel), Cortina si trova in Veneto. E questo significa una cosa sola: ti avvolge un autentico spirito italiano, l&#8217;architettura italiana e soprattutto la vera cucina italiana. \u263a\ufe0f<\/p>\n\n\n\n<p class=\"wp-block-paragraph\">La cittadina divenne famosa gi\u00e0 nel 1956, quando ospit\u00f2 i Giochi olimpici invernali. Questo la catapult\u00f2 sulla mappa delle destinazioni di lusso mondiali e la rese un rifugio amato dalle celebrit\u00e0 di tutto il pianeta. Ancora oggi, lungo Corso Italia, incontri signore in costose pellicce che vanno a comprarsi una borsa da Prada e, accanto a loro, turisti con gli scarponi impolverati appena scesi da una ferrata. Ed \u00e8 proprio questa combinazione incredibile a rendere Cortina magica. Oggi tutta la cittadina pulsa letteralmente per i preparativi del 2026, quando la fiamma olimpica torner\u00e0 quass\u00f9 in pompa magna dopo settant&#8217;anni.<\/p>\n\n\n\n<h2 class=\"wp-block-heading\"><span class=\"ez-toc-section\" id=\"Quando_andare_a_Cortina_e_che_tempo_fa\"><\/span><span class=\"ez-toc-section\" id=\"Quando_andare_a_Cortina_e_che_tempo_fa\"><\/span>Quando andare a Cortina e che tempo fa<span class=\"ez-toc-section-end\"><\/span><\/h2>\n\n\n\n<p class=\"wp-block-paragraph\">Scegliere le date \u00e8 assolutamente fondamentale per visitare le Dolomiti e a volte \u00e8 una piccola alchimia. Ti consiglio io quando \u00e8 meglio partire, per beccare il bel tempo ed evitare la folla che altrimenti ti rovinerebbe l&#8217;umore. Per esperienza sappiamo che una data sbagliata sa trasformare l&#8217;idillio montano in un bello stress.<\/p>\n\n\n\n<p class=\"wp-block-paragraph\">La stagione estiva, quando sono aperti tutti i rifugi e gli impianti a fune, dura all&#8217;incirca dal 20 giugno al 20 settembre. Secondo noi questa \u00e8 la finestra d&#8217;oro su cui puntare. A giugno alle quote pi\u00f9 alte puoi ancora trovare neve, ma la natura si risveglia splendidamente ed \u00e8 tutto meravigliosamente fresco. Se stai pianificando il viaggio, controlla assolutamente in anticipo le previsioni, perch\u00e9 il tempo in montagna \u00e8 imprevedibile e i temporali pomeridiani a luglio e agosto sono all&#8217;ordine del giorno. I fulmini in montagna proprio non li vuoi vivere: una volta siamo scappati e Luk\u00e1\u0161 imprecava cos\u00ec forte che probabilmente lo sentivano fino a valle.<\/p>\n\n\n\n<p class=\"wp-block-paragraph\">E ora un grande, sincero avvertimento dalla nostra esperienza. Se puoi in qualche modo, evita agosto. A met\u00e0 agosto c&#8217;\u00e8 Ferragosto (tipicamente attorno al 15) e in montagna si trasferisce praticamente tutta l&#8217;Italia. \u00c8 un vero inferno. Code sui passi di montagna, ore di attesa per il parcheggio alle Tre Cime e sui sentieri cammini praticamente in fila indiana. Nel 2026, anno olimpico, questa follia di agosto sar\u00e0 probabilmente ancora peggiore, perch\u00e9 la cittadina attirer\u00e0 attenzioni extra.<\/p>\n\n\n\n<p class=\"wp-block-paragraph\">La stagione invernale, invece, va dal 1\u00b0 dicembre a inizio aprile. Se vieni a sciare o solo a goderti il paesaggio innevato con un bicchiere di vin brul\u00e9 in mano, tieni presente che per l&#8217;effetto olimpico i prezzi di alloggi e servizi saliranno vertiginosamente gi\u00e0 dall&#8217;autunno 2025. Prenotare per tempo sar\u00e0 una necessit\u00e0 assoluta, altrimenti dormirai a un&#8217;ora di strada dal centro.<\/p>\n\n\n\n<h2 class=\"wp-block-heading\"><span class=\"ez-toc-section\" id=\"Come_arrivare_a_Cortina_dAmpezzo\"><\/span><span class=\"ez-toc-section\" id=\"Come_arrivare_a_Cortina_dAmpezzo\"><\/span>Come arrivare a Cortina d&#8217;Ampezzo<span class=\"ez-toc-section-end\"><\/span><\/h2>\n\n\n\n<p class=\"wp-block-paragraph\">Arrivare a Cortina \u00e8 sorprendentemente facile, e questo \u00e8 probabilmente un altro motivo per cui ci torniamo cos\u00ec volentieri e per cui non ci scoraggia nemmeno il piccoletto nel seggiolino. Con la propria auto da Milano ci arrivi in circa 4 ore, e da Roma in 7-8, a seconda del traffico ovviamente e di quante volte dovrai fermarti per l&#8217;allattamento o per far scendere il cane.<\/p>\n\n\n\n<p class=\"wp-block-paragraph\">Se arrivi in auto e passi per l&#8217;Austria (per esempio dal Brennero), non dimenticare la vignetta autostradale (Austria\/Svizzera) e tieni pronti dei soldi per il pedaggio del passo del Brennero. Una volta sceso in Italia percorrerai un tratto di autostrada con i caselli. Lungo la strada ti fermerai di sicuro a qualche stazione di servizio, ma devo metterti in guardia dal famoso Autogrill. Sembra allettante e il caff\u00e8 \u00e8 ottimo, ma le loro focacce e i panini sono una vera trappola per turisti e ci lasci un patrimonio. Meglio prepararti una merenda decente da casa. \ud83d\ude01<\/p>\n\n\n\n<h3 class=\"wp-block-heading\"><span class=\"ez-toc-section\" id=\"Attenzione_alle_zone_ZTL_e_alle_chiusure_nel_2026\"><\/span>Attenzione alle zone ZTL e alle chiusure nel 2026<span class=\"ez-toc-section-end\"><\/span><\/h3>\n\n\n\n<p class=\"wp-block-paragraph\">Appena arrivi a Cortina, fai enorme attenzione alle cosiddette ZTL (Zona a Traffico Limitato). Sono zone ad accesso limitato proprio nel centro storico. Noi in Italia ci siamo gi\u00e0 scottati pi\u00f9 volte: l&#8217;accesso \u00e8 sorvegliato dalle telecamere e la multa arriva a casa anche dopo un anno e mezzo, proprio quando te ne sei ormai dimenticato e pensavi di averla scampata.<\/p>\n\n\n\n<p class=\"wp-block-paragraph\">In centro semplicemente non entrare in auto, a meno che tu non abbia un parcheggio confermato dal tuo hotel, che segnaler\u00e0 la tua targa alle autorit\u00e0. Meglio lasciare l&#8217;auto nei parcheggi di scambio ai piedi della salita e fare il resto a piedi: ti risparmi un sacco di nervi e di soldi, che potrai spendere piuttosto in un Aperol o in un&#8217;ottima cena.<\/p>\n\n\n\n<p class=\"wp-block-paragraph\">Altra informazione importante per chi pianifica il viaggio nel 2026 o oltre. Per proteggere la natura e per l&#8217;enorme aumento del traffico sono previste limitazioni significative sui passi di montagna. In particolare il Passo Gardena dovrebbe avere da settembre 2026 un sistema di prenotazione e un pedaggio, per limitare il numero di auto, quindi verifica bene prima di partire.<\/p>\n\n\n\n<figure data-wp-context=\"{&quot;imageId&quot;:&quot;6a9d7d900f6cd&quot;}\" data-wp-interactive=\"core\/image\" data-wp-key=\"6a9d7d900f6cd\" class=\"wp-block-image size-full wp-lightbox-container\"><img decoding=\"async\" width=\"904\" height=\"602\" data-wp-class--hide=\"state.isContentHidden\" data-wp-class--show=\"state.isContentVisible\" data-wp-init=\"callbacks.setButtonStyles\" data-wp-on--click=\"actions.showLightbox\" data-wp-on--load=\"callbacks.setButtonStyles\" data-wp-on--pointerdown=\"actions.preloadImage\" data-wp-on--pointerenter=\"actions.preloadImageWithDelay\" data-wp-on--pointerleave=\"actions.cancelPreload\" data-wp-on-window--resize=\"callbacks.setButtonStyles\" src=\"https:\/\/loudavymkrokem.cz\/wp-content\/uploads\/2025\/07\/dolomity-clanek.jpg\" alt=\"Panorama delle Dolomiti nei pressi di Cortina\" class=\"wp-image-98795\" title=\"\" srcset=\"https:\/\/loudavymkrokem.cz\/wp-content\/uploads\/2025\/07\/dolomity-clanek.jpg 904w, https:\/\/loudavymkrokem.cz\/wp-content\/uploads\/2025\/07\/dolomity-clanek-300x200.jpg 300w, https:\/\/loudavymkrokem.cz\/wp-content\/uploads\/2025\/07\/dolomity-clanek-700x466.jpg 700w, https:\/\/loudavymkrokem.cz\/wp-content\/uploads\/2025\/07\/dolomity-clanek-768x511.jpg 768w, https:\/\/loudavymkrokem.cz\/wp-content\/uploads\/2025\/07\/dolomity-clanek-696x463.jpg 696w\" sizes=\"(max-width: 904px) 100vw, 904px\" \/><button\n\t\t\tclass=\"lightbox-trigger\"\n\t\t\ttype=\"button\"\n\t\t\taria-haspopup=\"dialog\"\n\t\t\tdata-wp-bind--aria-label=\"state.thisImage.triggerButtonAriaLabel\"\n\t\t\tdata-wp-init=\"callbacks.initTriggerButton\"\n\t\t\tdata-wp-on--click=\"actions.showLightbox\"\n\t\t\tdata-wp-style--right=\"state.thisImage.buttonRight\"\n\t\t\tdata-wp-style--top=\"state.thisImage.buttonTop\"\n\t\t>\n\t\t\t<svg xmlns=\"http:\/\/www.w3.org\/2000\/svg\" width=\"12\" height=\"12\" fill=\"none\" viewBox=\"0 0 12 12\">\n\t\t\t\t<path fill=\"#fff\" d=\"M2 0a2 2 0 0 0-2 2v2h1.5V2a.5.5 0 0 1 .5-.5h2V0H2Zm2 10.5H2a.5.5 0 0 1-.5-.5V8H0v2a2 2 0 0 0 2 2h2v-1.5ZM8 12v-1.5h2a.5.5 0 0 0 .5-.5V8H12v2a2 2 0 0 1-2 2H8Zm2-12a2 2 0 0 1 2 2v2h-1.5V2a.5.5 0 0 0-.5-.5H8V0h2Z\" \/>\n\t\t\t<\/svg>\n\t\t<\/button><\/figure>\n\n\n\n<h2 class=\"wp-block-heading\"><span class=\"ez-toc-section\" id=\"Dove_alloggiare_quanto_costa\"><\/span><span class=\"ez-toc-section\" id=\"Dove_alloggiare_quanto_costa\"><\/span>Dove alloggiare + quanto costa<span class=\"ez-toc-section-end\"><\/span><\/h2>\n\n\n\n<p class=\"wp-block-paragraph\">Trovare un buon alloggio a prezzo accessibile a Cortina \u00e8 a volte un piccolo esame di maturit\u00e0, su cui passerai serate intere tra mappe e portali di prenotazione. La cittadina ha fama di destinazione di lusso e ci trovi hotel dove una notte costa tranquillamente 400 EUR o pi\u00f9, il che per un comune mortale \u00e8 pura follia. D&#8217;altra parte, se cerchi con attenzione e pianifichi in anticipo, ci sono gioielli che non ti prosciugano il portafoglio. Negli anni abbiamo provato di tutto, dai campeggi a 35 EUR a notte fino a bellissimi hotel, ora che ci serviva il comfort per il piccolo Jon\u00e1\u0161.<\/p>\n\n\n\n<p class=\"wp-block-paragraph\">Ecco i nostri consigli collaudati su dove posare la testa senza preoccupazioni:<\/p>\n\n\n\n<p class=\"wp-block-paragraph\">1.  <strong>La nostra TOP scelta: <a href=\"https:\/\/www.stay22.com\/allez\/roam?aid=lukaskonecny&amp;campaign=loudavymkrokemcz&amp;campaign=cortinadampezzoitalie&amp;hotelname=B%26B%20Hotel%20Passo%20Tre%20Croci&amp;address=Cortina%20d%27Ampezzo%2C%20Italy\" target=\"_blank\" rel=\"noopener nofollow sponsored\">B&amp;B Hotel Passo Tre Croci Cortina<\/a>.<\/strong> Questo alloggio l&#8217;abbiamo adorato. Si trova poco fuori Cortina, sul passo, ma ha un enorme vantaggio. Sei completamente fuori dal trambusto cittadino, fanno colazioni fantastiche (cosa non sempre scontata in Italia) e soprattutto: l&#8217;hotel dista pochi passi dall&#8217;inizio del trekking per il famoso Lago di Sorapis! Se hai un cane, lo accettano con un piccolo supplemento. Come prezzo \u00e8 una fascia media molto accessibile, cos\u00ec ti resta anche per quella buona cena. 2.  <strong><a href=\"https:\/\/www.stay22.com\/allez\/roam?aid=lukaskonecny&amp;campaign=loudavymkrokemcz&amp;campaign=cortinadampezzoitalie&amp;hotelname=Dolomiti%20Sweet%20Lodge&amp;address=Cortina%20d%27Ampezzo%2C%20Italy\" target=\"_blank\" rel=\"noopener nofollow sponsored\">Pension Dolomiti Sweet Lodge<\/a>.<\/strong> Se preferisci cucinare in autonomia e vuoi pi\u00f9 spazio, questo \u00e8 uno dei complessi di appartamenti meglio recensiti proprio a Cortina. Ottima posizione, pulizia impeccabile e un magnifico interno in legno che trasuda il vero relax alpino, dove dopo una giornata di escursioni ti senti come a casa. 3.  <strong><a href=\"https:\/\/www.stay22.com\/allez\/roam?aid=lukaskonecny&amp;campaign=loudavymkrokemcz&amp;campaign=cortinadampezzoitalie&amp;hotelname=Hotel%20Villa%20Gaia&amp;address=Cortina%20d%27Ampezzo%2C%20Italy\" target=\"_blank\" rel=\"noopener nofollow sponsored\">Hotel Villa Gaia<\/a>.<\/strong> Un tradizionale hotel a conduzione familiare con recensioni molto solide. Non \u00e8 un lusso ultramoderno con i guanti bianchi, ma ha un fascino enorme, un personale incredibilmente gentile e da l\u00ec raggiungi il centro a piedi per la cena, cosa che apprezzerai soprattutto quando vuoi accompagnare il pasto con una bottiglia di buon vino senza dover guidare. 4.  <strong><a href=\"https:\/\/www.stay22.com\/allez\/roam?aid=lukaskonecny&amp;campaign=loudavymkrokemcz&amp;campaign=cortinadampezzoitalie&amp;hotelname=HOTEL%20de%20LEN&amp;address=Cortina%20d%27Ampezzo%2C%20Italy\" target=\"_blank\" rel=\"noopener nofollow sponsored\">HOTEL de LEN<\/a>.<\/strong> Cerchi romanticismo, vuoi festeggiare un anniversario o semplicemente concederti il lusso assoluto dopo un trekking impegnativo? Questo hotel \u00e8 un gioiello di design con una spa fantastica, dove si prendono cura di te come di una famiglia reale. I prezzi in alta stagione per\u00f2 superano i 300 EUR a notte, quindi serve un portafoglio un po&#8217; pi\u00f9 capiente.<\/p>\n\n\n\n<p class=\"wp-block-paragraph\">\ud83d\udca1 <strong>Consiglio per risparmiare:<\/strong> In alta stagione i prezzi proprio a Cortina sono esorbitanti. Dormi decisamente pi\u00f9 a buon mercato nei paesi vicini: a 10 minuti d&#8217;auto a sud c&#8217;\u00e8 <strong><a href=\"https:\/\/www.stay22.com\/allez\/roam?aid=lukaskonecny&amp;campaign=loudavymkrokemcz&amp;campaign=cortinadampezzoitalie&amp;address=San%20Vito%20di%20Cadore%2C%20Italy\" target=\"_blank\" rel=\"noopener nofollow sponsored\">San Vito di Cadore<\/a><\/strong> con vista sull&#8217;Antelao, a nord invece <strong><a href=\"https:\/\/www.stay22.com\/allez\/roam?aid=lukaskonecny&amp;campaign=loudavymkrokemcz&amp;campaign=cortinadampezzoitalie&amp;address=Dobbiaco%2C%20Italy\" target=\"_blank\" rel=\"noopener nofollow sponsored\">Dobbiaco (Toblach)<\/a><\/strong>, da cui sei a due passi dalle Tre Cime e dal Lago di Braies. E se viaggi in camper o in tenda, poco a nord della cittadina, a Fiames, \u00e8 aperto tutto l&#8217;anno il <strong><a href=\"https:\/\/www.stay22.com\/allez\/roam?aid=lukaskonecny&amp;campaign=loudavymkrokemcz&amp;campaign=cortinadampezzoitalie&amp;hotelname=Camping%20Olympia&amp;address=Cortina%20d%27Ampezzo%2C%20Italy\" target=\"_blank\" rel=\"noopener nofollow sponsored\">Camping Olympia<\/a><\/strong>.<\/p>\n\n\n\n<p class=\"wp-block-paragraph\">E il budget? Se vieni in piena stagione estiva, per un hotel di fascia media metti in conto almeno dai 150 ai 250 EUR a notte per due. I campeggi nei dintorni ti costano circa dai 25 ai 45 EUR a seconda che tu abbia una tendina o un enorme camper. E ricorda il mio consiglio: dall&#8217;autunno 2025, con le Olimpiadi in arrivo, ci aspettiamo che tutti questi prezzi salgano di almeno il venti per cento.<\/p>\n\n\n\n<h2 class=\"wp-block-heading\"><span class=\"ez-toc-section\" id=\"Cortina_dAmpezzo_15_consigli_su_cosa_vedere_e_fare\"><\/span><span class=\"ez-toc-section\" id=\"Cortina_dAmpezzo_15_consigli_cosa_vedere_e_fare\"><\/span>Cortina d&#8217;Ampezzo: 15 consigli su cosa vedere e fare<span class=\"ez-toc-section-end\"><\/span><\/h2>\n\n\n\n<p class=\"wp-block-paragraph\">Vediamo insieme il meglio che Cortina e i suoi immediati dintorni offrono. La maggior parte di questi consigli richiede almeno un breve spostamento in auto o in autobus dal centro, ma ho scelto per te sia le sfide montane pi\u00f9 impegnative, quelle da avere le gambe indolenzite per tre giorni, sia luoghi dove arrivi comodamente in cabinovia anche con le scarpe da citt\u00e0.<\/p>\n\n\n\n<h3 class=\"wp-block-heading\"><span class=\"ez-toc-section\" id=\"1_Passeggia_lungo_Corso_Italia_e_ammira_la_Basilica\"><\/span><span class=\"ez-toc-section\" id=\"Corso_Italia_Cortina_dAmpezzo\"><\/span>1. Passeggia lungo Corso Italia e ammira la Basilica<span class=\"ez-toc-section-end\"><\/span><\/h3>\n\n\n\n<p class=\"wp-block-paragraph\">Ogni visita a Cortina dovrebbe iniziare o finire, dopo una cena abbondante, con una passeggiata lungo Corso Italia, il principale corso pedonale. \u00c8 l&#8217;arteria di tutta la cittadina, dove si mescolano l&#8217;inebriante profumo di un buon espresso, le boutique di lusso dei marchi mondiali e le piccole botteghe discrete con i formaggi locali. Soprattutto la sera, quando si accendono i lampioni e dalle montagne circostanti arriva l&#8217;aria fresca giusta, Corso Italia a Cortina d&#8217;Ampezzo ha un&#8217;atmosfera romantica irripetibile di cui ti innamorerai.<\/p>\n\n\n\n<p class=\"wp-block-paragraph\">A dominare tutto il centro \u00e8 la chiesa parrocchiale, la Basilica Minore dei Santi Filippo e Giacomo. Il suo iconico campanile in pietra bianca, alto 69 metri, ti accompagner\u00e0 in tante foto, da qualunque angolo tu scatti. Dai un&#8217;occhiata anche all&#8217;interno. Io e Luk\u00e1\u0161 ci abbiamo passato un intero quarto d&#8217;ora e ho quasi perso la cena, perch\u00e9 non riuscivo a staccare gli occhi da quelle panche in legno intagliate con dettagli incredibili.<\/p>\n\n\n\n<h3 class=\"wp-block-heading\"><span class=\"ez-toc-section\" id=\"2_Scopri_la_storia_allo_Stadio_Olimpico_del_Ghiaccio\"><\/span>2. Scopri la storia allo Stadio Olimpico del Ghiaccio<span class=\"ez-toc-section-end\"><\/span><\/h3>\n\n\n\n<figure data-wp-context=\"{&quot;imageId&quot;:&quot;6a9d7d9010249&quot;}\" data-wp-interactive=\"core\/image\" data-wp-key=\"6a9d7d9010249\" class=\"wp-block-image size-full wp-lightbox-container\"><img decoding=\"async\" width=\"1200\" height=\"758\" data-wp-class--hide=\"state.isContentHidden\" data-wp-class--show=\"state.isContentVisible\" data-wp-init=\"callbacks.setButtonStyles\" data-wp-on--click=\"actions.showLightbox\" data-wp-on--load=\"callbacks.setButtonStyles\" data-wp-on--pointerdown=\"actions.preloadImage\" data-wp-on--pointerenter=\"actions.preloadImageWithDelay\" data-wp-on--pointerleave=\"actions.cancelPreload\" data-wp-on-window--resize=\"callbacks.setButtonStyles\" src=\"https:\/\/loudavymkrokem.cz\/wp-content\/uploads\/2026\/05\/166208-0-olympicky-ledni-stadion-v-cortine-d-ampezzo-hostitel-zoh-195.jpg\" alt=\"Stadio olimpico del ghiaccio a Cortina d&#039;Ampezzo, sede dei Giochi 1956 e 2026\" class=\"wp-image-166230\" title=\"\" srcset=\"https:\/\/loudavymkrokem.cz\/wp-content\/uploads\/2026\/05\/166208-0-olympicky-ledni-stadion-v-cortine-d-ampezzo-hostitel-zoh-195.jpg 1200w, https:\/\/loudavymkrokem.cz\/wp-content\/uploads\/2026\/05\/166208-0-olympicky-ledni-stadion-v-cortine-d-ampezzo-hostitel-zoh-195-300x190.jpg 300w, https:\/\/loudavymkrokem.cz\/wp-content\/uploads\/2026\/05\/166208-0-olympicky-ledni-stadion-v-cortine-d-ampezzo-hostitel-zoh-195-700x442.jpg 700w, https:\/\/loudavymkrokem.cz\/wp-content\/uploads\/2026\/05\/166208-0-olympicky-ledni-stadion-v-cortine-d-ampezzo-hostitel-zoh-195-768x485.jpg 768w, https:\/\/loudavymkrokem.cz\/wp-content\/uploads\/2026\/05\/166208-0-olympicky-ledni-stadion-v-cortine-d-ampezzo-hostitel-zoh-195-696x440.jpg 696w\" sizes=\"(max-width: 1200px) 100vw, 1200px\" \/><button\n\t\t\tclass=\"lightbox-trigger\"\n\t\t\ttype=\"button\"\n\t\t\taria-haspopup=\"dialog\"\n\t\t\tdata-wp-bind--aria-label=\"state.thisImage.triggerButtonAriaLabel\"\n\t\t\tdata-wp-init=\"callbacks.initTriggerButton\"\n\t\t\tdata-wp-on--click=\"actions.showLightbox\"\n\t\t\tdata-wp-style--right=\"state.thisImage.buttonRight\"\n\t\t\tdata-wp-style--top=\"state.thisImage.buttonTop\"\n\t\t>\n\t\t\t<svg xmlns=\"http:\/\/www.w3.org\/2000\/svg\" width=\"12\" height=\"12\" fill=\"none\" viewBox=\"0 0 12 12\">\n\t\t\t\t<path fill=\"#fff\" d=\"M2 0a2 2 0 0 0-2 2v2h1.5V2a.5.5 0 0 1 .5-.5h2V0H2Zm2 10.5H2a.5.5 0 0 1-.5-.5V8H0v2a2 2 0 0 0 2 2h2v-1.5ZM8 12v-1.5h2a.5.5 0 0 0 .5-.5V8H12v2a2 2 0 0 1-2 2H8Zm2-12a2 2 0 0 1 2 2v2h-1.5V2a.5.5 0 0 0-.5-.5H8V0h2Z\" \/>\n\t\t\t<\/svg>\n\t\t<\/button><figcaption class=\"wp-element-caption\">Foto: Wikimedia Commons \/ CC BY-SA 3.0<\/figcaption><\/figure>\n\n\n\n<p class=\"wp-block-paragraph\">Dato che Cortina \u00e8 teatro dei Giochi olimpici invernali, non puoi perderti lo Stadio Olimpico del Ghiaccio del 1956. \u00c8 una costruzione enorme, un po&#8217; particolare, che trasuda l&#8217;atmosfera nostalgica e retr\u00f2 del secolo scorso. Appena entri ti avvolge quel freddo specifico e il profumo di ghiaccio, che ti riportano indietro nel tempo alle vecchie telecronache sportive in bianco e nero.<\/p>\n\n\n\n<p class=\"wp-block-paragraph\">Oltre al fatto che puoi venire a pattinare anche d&#8217;estate (attivit\u00e0 fantastica, tra l&#8217;altro, quando fuori piove e i bambini si annoiano), qui trovi tante foto storiche e cimeli sportivi. Per gli appassionati di sport \u00e8 una tappa obbligata e io e Luk\u00e1\u0161 ci abbiamo passato sorprendentemente parecchio tempo, anche se lui cercava soprattutto di capire se avessero aperto il chiosco delle salsicce.<\/p>\n\n\n\n<h3 class=\"wp-block-heading\"><span class=\"ez-toc-section\" id=\"3_Sali_con_la_funivia_Freccia_nel_Cielo_sulla_Tofana\"><\/span>3. Sali con la funivia Freccia nel Cielo sulla Tofana<span class=\"ez-toc-section-end\"><\/span><\/h3>\n\n\n\n<figure data-wp-context=\"{&quot;imageId&quot;:&quot;6a9d7d9010a13&quot;}\" data-wp-interactive=\"core\/image\" data-wp-key=\"6a9d7d9010a13\" class=\"wp-block-image size-full wp-lightbox-container\"><img decoding=\"async\" width=\"1200\" height=\"789\" data-wp-class--hide=\"state.isContentHidden\" data-wp-class--show=\"state.isContentVisible\" data-wp-init=\"callbacks.setButtonStyles\" data-wp-on--click=\"actions.showLightbox\" data-wp-on--load=\"callbacks.setButtonStyles\" data-wp-on--pointerdown=\"actions.preloadImage\" data-wp-on--pointerenter=\"actions.preloadImageWithDelay\" data-wp-on--pointerleave=\"actions.cancelPreload\" data-wp-on-window--resize=\"callbacks.setButtonStyles\" src=\"https:\/\/loudavymkrokem.cz\/wp-content\/uploads\/2026\/05\/166208-2-lanovka-freccia-nel-cielo-na-tofanu-nad-cortinou.jpg\" alt=\"Funivia Freccia nel Cielo verso la Tofana sopra Cortina\" class=\"wp-image-166220\" title=\"\" srcset=\"https:\/\/loudavymkrokem.cz\/wp-content\/uploads\/2026\/05\/166208-2-lanovka-freccia-nel-cielo-na-tofanu-nad-cortinou.jpg 1200w, https:\/\/loudavymkrokem.cz\/wp-content\/uploads\/2026\/05\/166208-2-lanovka-freccia-nel-cielo-na-tofanu-nad-cortinou-300x197.jpg 300w, https:\/\/loudavymkrokem.cz\/wp-content\/uploads\/2026\/05\/166208-2-lanovka-freccia-nel-cielo-na-tofanu-nad-cortinou-700x460.jpg 700w, https:\/\/loudavymkrokem.cz\/wp-content\/uploads\/2026\/05\/166208-2-lanovka-freccia-nel-cielo-na-tofanu-nad-cortinou-768x505.jpg 768w, https:\/\/loudavymkrokem.cz\/wp-content\/uploads\/2026\/05\/166208-2-lanovka-freccia-nel-cielo-na-tofanu-nad-cortinou-696x458.jpg 696w\" sizes=\"(max-width: 1200px) 100vw, 1200px\" \/><button\n\t\t\tclass=\"lightbox-trigger\"\n\t\t\ttype=\"button\"\n\t\t\taria-haspopup=\"dialog\"\n\t\t\tdata-wp-bind--aria-label=\"state.thisImage.triggerButtonAriaLabel\"\n\t\t\tdata-wp-init=\"callbacks.initTriggerButton\"\n\t\t\tdata-wp-on--click=\"actions.showLightbox\"\n\t\t\tdata-wp-style--right=\"state.thisImage.buttonRight\"\n\t\t\tdata-wp-style--top=\"state.thisImage.buttonTop\"\n\t\t>\n\t\t\t<svg xmlns=\"http:\/\/www.w3.org\/2000\/svg\" width=\"12\" height=\"12\" fill=\"none\" viewBox=\"0 0 12 12\">\n\t\t\t\t<path fill=\"#fff\" d=\"M2 0a2 2 0 0 0-2 2v2h1.5V2a.5.5 0 0 1 .5-.5h2V0H2Zm2 10.5H2a.5.5 0 0 1-.5-.5V8H0v2a2 2 0 0 0 2 2h2v-1.5ZM8 12v-1.5h2a.5.5 0 0 0 .5-.5V8H12v2a2 2 0 0 1-2 2H8Zm2-12a2 2 0 0 1 2 2v2h-1.5V2a.5.5 0 0 0-.5-.5H8V0h2Z\" \/>\n\t\t\t<\/svg>\n\t\t<\/button><figcaption class=\"wp-element-caption\">Foto: kallerna \/ CC BY-SA 4.0 \/ Wikimedia Commons<\/figcaption><\/figure>\n\n\n\n<p class=\"wp-block-paragraph\">Se ami i panorami ma non hai voglia di macinare migliaia di metri di dislivello con la lingua di fuori, questo consiglio \u00e8 proprio per te. Il sistema di funivie ti porta dal centro di Cortina sul maestoso massiccio della Tofana di Mezzo, oltre i 3000 metri sul livello del mare. \u00c8 una delle montagne pi\u00f9 alte della zona e la vista dall&#8217;alto \u00e8 incredibile e ti toglie davvero il fiato. Ti consiglio di prenotare i biglietti in anticipo sul <a href=\"https:\/\/www.freccianelcielo.com\/\" target=\"_blank\" rel=\"nofollow noopener\">sito ufficiale Freccia nel Cielo<\/a>.<\/p>\n\n\n\n<p class=\"wp-block-paragraph\">Con il nostro Jon\u00e1\u0161 quest&#8217;anno abbiamo preso d&#8217;assalto le funivie e la Tofana \u00e8 stata una scelta perfetta. In cima c&#8217;\u00e8 una terrazza panoramica a cui arrivi senza alcuna fatica, ti prendi un cappuccino sovrapprezzato ma, vista la posizione, assolutamente meritato, e ti godi la vista su tutta la conca ampezzana. Ricordati solo di portare una giacca pesante e un berretto, in cima fa freddino anche nell&#8217;afoso agosto, cosa che Luk\u00e1\u0161 ovviamente ha sottovalutato e poi mi ha rubato la sciarpa!<\/p>\n\n\n\n<h3 class=\"wp-block-heading\"><span class=\"ez-toc-section\" id=\"4_Vivi_il_tramonto_dalla_funivia_sulla_Faloria\"><\/span>4. Vivi il tramonto dalla funivia sulla Faloria<span class=\"ez-toc-section-end\"><\/span><\/h3>\n\n\n\n<figure data-wp-context=\"{&quot;imageId&quot;:&quot;6a9d7d901109e&quot;}\" data-wp-interactive=\"core\/image\" data-wp-key=\"6a9d7d901109e\" class=\"wp-block-image size-full wp-lightbox-container\"><img decoding=\"async\" width=\"1200\" height=\"869\" data-wp-class--hide=\"state.isContentHidden\" data-wp-class--show=\"state.isContentVisible\" data-wp-init=\"callbacks.setButtonStyles\" data-wp-on--click=\"actions.showLightbox\" data-wp-on--load=\"callbacks.setButtonStyles\" data-wp-on--pointerdown=\"actions.preloadImage\" data-wp-on--pointerenter=\"actions.preloadImageWithDelay\" data-wp-on--pointerleave=\"actions.cancelPreload\" data-wp-on-window--resize=\"callbacks.setButtonStyles\" src=\"https:\/\/loudavymkrokem.cz\/wp-content\/uploads\/2026\/05\/166208-3-vyhled-z-falorie-na-cortinu-d-ampezzo.jpg\" alt=\"Vista dalla Faloria su Cortina d&#039;Ampezzo\" class=\"wp-image-166221\" title=\"\" srcset=\"https:\/\/loudavymkrokem.cz\/wp-content\/uploads\/2026\/05\/166208-3-vyhled-z-falorie-na-cortinu-d-ampezzo.jpg 1200w, https:\/\/loudavymkrokem.cz\/wp-content\/uploads\/2026\/05\/166208-3-vyhled-z-falorie-na-cortinu-d-ampezzo-300x217.jpg 300w, https:\/\/loudavymkrokem.cz\/wp-content\/uploads\/2026\/05\/166208-3-vyhled-z-falorie-na-cortinu-d-ampezzo-700x507.jpg 700w, https:\/\/loudavymkrokem.cz\/wp-content\/uploads\/2026\/05\/166208-3-vyhled-z-falorie-na-cortinu-d-ampezzo-768x556.jpg 768w, https:\/\/loudavymkrokem.cz\/wp-content\/uploads\/2026\/05\/166208-3-vyhled-z-falorie-na-cortinu-d-ampezzo-696x504.jpg 696w\" sizes=\"(max-width: 1200px) 100vw, 1200px\" \/><button\n\t\t\tclass=\"lightbox-trigger\"\n\t\t\ttype=\"button\"\n\t\t\taria-haspopup=\"dialog\"\n\t\t\tdata-wp-bind--aria-label=\"state.thisImage.triggerButtonAriaLabel\"\n\t\t\tdata-wp-init=\"callbacks.initTriggerButton\"\n\t\t\tdata-wp-on--click=\"actions.showLightbox\"\n\t\t\tdata-wp-style--right=\"state.thisImage.buttonRight\"\n\t\t\tdata-wp-style--top=\"state.thisImage.buttonTop\"\n\t\t>\n\t\t\t<svg xmlns=\"http:\/\/www.w3.org\/2000\/svg\" width=\"12\" height=\"12\" fill=\"none\" viewBox=\"0 0 12 12\">\n\t\t\t\t<path fill=\"#fff\" d=\"M2 0a2 2 0 0 0-2 2v2h1.5V2a.5.5 0 0 1 .5-.5h2V0H2Zm2 10.5H2a.5.5 0 0 1-.5-.5V8H0v2a2 2 0 0 0 2 2h2v-1.5ZM8 12v-1.5h2a.5.5 0 0 0 .5-.5V8H12v2a2 2 0 0 1-2 2H8Zm2-12a2 2 0 0 1 2 2v2h-1.5V2a.5.5 0 0 0-.5-.5H8V0h2Z\" \/>\n\t\t\t<\/svg>\n\t\t<\/button><figcaption class=\"wp-element-caption\">Foto: Tiia Monto \/ CC BY-SA 3.0 \/ Wikimedia Commons<\/figcaption><\/figure>\n\n\n\n<p class=\"wp-block-paragraph\">La seconda funivia iconica di Cortina porta sul versante opposto della valle, sul Monte Faloria. La stazione a valle \u00e8 a due passi dall&#8217;autostazione in centro, quindi ci arrivi tranquillamente a piedi dopo il caff\u00e8 in piazza. La corsa stessa \u00e8 un&#8217;esperienza, perch\u00e9 la funivia sale in modo estremamente ripido lungo una parete rocciosa aspra e hai la sensazione di poter toccare la roccia allungando la mano. Biglietti e orari li trovi direttamente sul sito della <a href=\"https:\/\/cortinaexcelsior.it\/\" target=\"_blank\" rel=\"nofollow noopener\">funivia Faloria<\/a>.<\/p>\n\n\n\n<p class=\"wp-block-paragraph\">Mentre la Tofana \u00e8 maestosa, la Faloria offre secondo me la vista pi\u00f9 bella in assoluto su Cortina, da una prospettiva un po&#8217; diversa. Soprattutto nel tardo pomeriggio, quando il sole al tramonto colora i massicci rocciosi di fronte di arancione intenso e rosa, \u00e8 uno spettacolo divino. In cima, vicino alla stazione, c&#8217;\u00e8 un bel rifugio dove fanno un ottimo bombardino, con cui io e Luk\u00e1\u0161 ci siamo premiati per aver messo a nanna con successo Jon\u00e1\u0161 nel passeggino.<\/p>\n\n\n\n<h3 class=\"wp-block-heading\"><span class=\"ez-toc-section\" id=\"5_Esplora_la_storia_nel_museo_allaperto_delle_Cinque_Torri\"><\/span>5. Esplora la storia nel museo all&#8217;aperto delle Cinque Torri<span class=\"ez-toc-section-end\"><\/span><\/h3>\n\n\n\n<figure data-wp-context=\"{&quot;imageId&quot;:&quot;6a9d7d90117e1&quot;}\" data-wp-interactive=\"core\/image\" data-wp-key=\"6a9d7d90117e1\" class=\"wp-block-image size-full wp-lightbox-container\"><img decoding=\"async\" data-wp-class--hide=\"state.isContentHidden\" data-wp-class--show=\"state.isContentVisible\" data-wp-init=\"callbacks.setButtonStyles\" data-wp-on--click=\"actions.showLightbox\" data-wp-on--load=\"callbacks.setButtonStyles\" data-wp-on--pointerdown=\"actions.preloadImage\" data-wp-on--pointerenter=\"actions.preloadImageWithDelay\" data-wp-on--pointerleave=\"actions.cancelPreload\" data-wp-on-window--resize=\"callbacks.setButtonStyles\" src=\"https:\/\/www.loudavymkrokem.cz\/wp-content\/uploads\/2023\/05\/vyslap-k-cinque-torri.jpg\" alt=\"Dolomiti a ottobre, escursione alle Cinque Torri\" class=\"wp-image-74382\" title=\"\"><button\n\t\t\tclass=\"lightbox-trigger\"\n\t\t\ttype=\"button\"\n\t\t\taria-haspopup=\"dialog\"\n\t\t\tdata-wp-bind--aria-label=\"state.thisImage.triggerButtonAriaLabel\"\n\t\t\tdata-wp-init=\"callbacks.initTriggerButton\"\n\t\t\tdata-wp-on--click=\"actions.showLightbox\"\n\t\t\tdata-wp-style--right=\"state.thisImage.buttonRight\"\n\t\t\tdata-wp-style--top=\"state.thisImage.buttonTop\"\n\t\t>\n\t\t\t<svg xmlns=\"http:\/\/www.w3.org\/2000\/svg\" width=\"12\" height=\"12\" fill=\"none\" viewBox=\"0 0 12 12\">\n\t\t\t\t<path fill=\"#fff\" d=\"M2 0a2 2 0 0 0-2 2v2h1.5V2a.5.5 0 0 1 .5-.5h2V0H2Zm2 10.5H2a.5.5 0 0 1-.5-.5V8H0v2a2 2 0 0 0 2 2h2v-1.5ZM8 12v-1.5h2a.5.5 0 0 0 .5-.5V8H12v2a2 2 0 0 1-2 2H8Zm2-12a2 2 0 0 1 2 2v2h-1.5V2a.5.5 0 0 0-.5-.5H8V0h2Z\" \/>\n\t\t\t<\/svg>\n\t\t<\/button><figcaption class=\"wp-element-caption\">Dolomiti a ottobre<\/figcaption><\/figure>\n\n\n\n<p class=\"wp-block-paragraph\">Questo posto \u00e8 tra i nostri preferiti in assoluto di tutte le <a href=\"https:\/\/loudavymkrokem.cz\/it\/dolomiti-italia-2\/\">Dolomiti italiane<\/a> e ci torniamo praticamente ogni volta che siamo nei paraggi. Le Cinque Torri sono una formazione rocciosa incredibile, sotto la quale puoi passeggiare liberamente e osservare gli scalatori in equilibrio sulle pareti verticali. In cima si pu\u00f2 salire a piedi lungo una salita piuttosto ripida, oppure farsi portare dalla comoda seggiovia, cosa che quest&#8217;anno con il piccolo Jon\u00e1\u0161 abbiamo sfruttato con enorme gioia e sollievo.<\/p>\n\n\n\n<p class=\"wp-block-paragraph\">Ma ci\u00f2 che rende questo luogo unico \u00e8 l&#8217;ampio museo all&#8217;aperto della Prima guerra mondiale, disseminato ovunque tra le rocce. Attorno alle torri ci sono trincee ricostruite, bunker e postazioni di artiglieria dell&#8217;esercito italiano di quando qui si combatteva per ogni metro quadrato. Puoi percorrerli liberamente, leggere i pannelli informativi e immaginare quanto dovesse essere terribilmente dura, per i giovani soldati, nel crudo inverno. Da rabbrividire, ogni volta.<\/p>\n\n\n\n<h3 class=\"wp-block-heading\"><span class=\"ez-toc-section\" id=\"6_Attraversa_i_tunnel_di_guerra_del_Lagazuoi\"><\/span>6. Attraversa i tunnel di guerra del Lagazuoi<span class=\"ez-toc-section-end\"><\/span><\/h3>\n\n\n\n<figure data-wp-context=\"{&quot;imageId&quot;:&quot;6a9d7d9011fd1&quot;}\" data-wp-interactive=\"core\/image\" data-wp-key=\"6a9d7d9011fd1\" class=\"wp-block-image size-full wp-lightbox-container\"><img decoding=\"async\" width=\"1799\" height=\"1200\" data-wp-class--hide=\"state.isContentHidden\" data-wp-class--show=\"state.isContentVisible\" data-wp-init=\"callbacks.setButtonStyles\" data-wp-on--click=\"actions.showLightbox\" data-wp-on--load=\"callbacks.setButtonStyles\" data-wp-on--pointerdown=\"actions.preloadImage\" data-wp-on--pointerenter=\"actions.preloadImageWithDelay\" data-wp-on--pointerleave=\"actions.cancelPreload\" data-wp-on-window--resize=\"callbacks.setButtonStyles\" src=\"https:\/\/loudavymkrokem.cz\/wp-content\/uploads\/2023\/05\/lagazuioi-1-2048x1366.jpg\" alt=\"Lagazuoi e i tunnel della Grande Guerra\" class=\"wp-image-59676\" title=\"\" srcset=\"https:\/\/loudavymkrokem.cz\/wp-content\/uploads\/2023\/05\/lagazuioi-1-2048x1366.jpg 1799w, https:\/\/loudavymkrokem.cz\/wp-content\/uploads\/2023\/05\/lagazuioi-1-2048x1366-300x200.jpg 300w, https:\/\/loudavymkrokem.cz\/wp-content\/uploads\/2023\/05\/lagazuioi-1-2048x1366-1024x683.jpg 1024w, https:\/\/loudavymkrokem.cz\/wp-content\/uploads\/2023\/05\/lagazuioi-1-2048x1366-768x512.jpg 768w, https:\/\/loudavymkrokem.cz\/wp-content\/uploads\/2023\/05\/lagazuioi-1-2048x1366-1536x1025.jpg 1536w\" sizes=\"(max-width: 1799px) 100vw, 1799px\" \/><button\n\t\t\tclass=\"lightbox-trigger\"\n\t\t\ttype=\"button\"\n\t\t\taria-haspopup=\"dialog\"\n\t\t\tdata-wp-bind--aria-label=\"state.thisImage.triggerButtonAriaLabel\"\n\t\t\tdata-wp-init=\"callbacks.initTriggerButton\"\n\t\t\tdata-wp-on--click=\"actions.showLightbox\"\n\t\t\tdata-wp-style--right=\"state.thisImage.buttonRight\"\n\t\t\tdata-wp-style--top=\"state.thisImage.buttonTop\"\n\t\t>\n\t\t\t<svg xmlns=\"http:\/\/www.w3.org\/2000\/svg\" width=\"12\" height=\"12\" fill=\"none\" viewBox=\"0 0 12 12\">\n\t\t\t\t<path fill=\"#fff\" d=\"M2 0a2 2 0 0 0-2 2v2h1.5V2a.5.5 0 0 1 .5-.5h2V0H2Zm2 10.5H2a.5.5 0 0 1-.5-.5V8H0v2a2 2 0 0 0 2 2h2v-1.5ZM8 12v-1.5h2a.5.5 0 0 0 .5-.5V8H12v2a2 2 0 0 1-2 2H8Zm2-12a2 2 0 0 1 2 2v2h-1.5V2a.5.5 0 0 0-.5-.5H8V0h2Z\" \/>\n\t\t\t<\/svg>\n\t\t<\/button><\/figure>\n\n\n\n<p class=\"wp-block-paragraph\">Se la storia bellica delle Cinque Torri ti appassiona e vuoi approfondire ancora di pi\u00f9, devi salire sul vicino Lagazuoi. Qui, durante la Prima guerra mondiale, si combatterono scontri incredibili proprio nel buio sottosuolo, dove austriaci e italiani scavavano gallerie sotto le montagne con l&#8217;esplosivo per attaccarsi a vicenda. \u00c8 un pezzo di storia oscura incastonato nella natura pi\u00f9 bella.<\/p>\n\n\n\n<p class=\"wp-block-paragraph\">Oggi puoi indossare un casco, noleggiabile gi\u00f9 alla funivia, accendere la frontale e percorrere chilometri di tunnel bui e umidi scavati direttamente nella roccia. \u00c8 un&#8217;esperienza enorme, che con assoluta certezza ti far\u00e0 venire i brividi lungo la schiena, e forse ogni tanto batterai anche la testa contro il soffitto basso. Qui per\u00f2 scordati il passeggino: servono scarpe solide, gambe allenate e nessuna claustrofobia.<\/p>\n\n\n\n<h3 class=\"wp-block-heading\"><span class=\"ez-toc-section\" id=\"7_Scopri_il_turchese_Lago_di_Sorapis_e_un_avviso_per_chi_ha_il_cane\"><\/span>7. Scopri il turchese Lago di Sorapis (e un avviso per chi ha il cane!)<span class=\"ez-toc-section-end\"><\/span><\/h3>\n\n\n\n<figure data-wp-context=\"{&quot;imageId&quot;:&quot;6a9d7d9012727&quot;}\" data-wp-interactive=\"core\/image\" data-wp-key=\"6a9d7d9012727\" class=\"wp-block-image size-full wp-lightbox-container\"><img decoding=\"async\" data-wp-class--hide=\"state.isContentHidden\" data-wp-class--show=\"state.isContentVisible\" data-wp-init=\"callbacks.setButtonStyles\" data-wp-on--click=\"actions.showLightbox\" data-wp-on--load=\"callbacks.setButtonStyles\" data-wp-on--pointerdown=\"actions.preloadImage\" data-wp-on--pointerenter=\"actions.preloadImageWithDelay\" data-wp-on--pointerleave=\"actions.cancelPreload\" data-wp-on-window--resize=\"callbacks.setButtonStyles\" src=\"https:\/\/www.loudavymkrokem.cz\/wp-content\/uploads\/2023\/05\/Lago-di-sorapis-2048x1366.jpg\" alt=\"Lago di Sorapis dall&#039;acqua turchese\" class=\"wp-image-70938\" title=\"\"><button\n\t\t\tclass=\"lightbox-trigger\"\n\t\t\ttype=\"button\"\n\t\t\taria-haspopup=\"dialog\"\n\t\t\tdata-wp-bind--aria-label=\"state.thisImage.triggerButtonAriaLabel\"\n\t\t\tdata-wp-init=\"callbacks.initTriggerButton\"\n\t\t\tdata-wp-on--click=\"actions.showLightbox\"\n\t\t\tdata-wp-style--right=\"state.thisImage.buttonRight\"\n\t\t\tdata-wp-style--top=\"state.thisImage.buttonTop\"\n\t\t>\n\t\t\t<svg xmlns=\"http:\/\/www.w3.org\/2000\/svg\" width=\"12\" height=\"12\" fill=\"none\" viewBox=\"0 0 12 12\">\n\t\t\t\t<path fill=\"#fff\" d=\"M2 0a2 2 0 0 0-2 2v2h1.5V2a.5.5 0 0 1 .5-.5h2V0H2Zm2 10.5H2a.5.5 0 0 1-.5-.5V8H0v2a2 2 0 0 0 2 2h2v-1.5ZM8 12v-1.5h2a.5.5 0 0 0 .5-.5V8H12v2a2 2 0 0 1-2 2H8Zm2-12a2 2 0 0 1 2 2v2h-1.5V2a.5.5 0 0 0-.5-.5H8V0h2Z\" \/>\n\t\t\t<\/svg>\n\t\t<\/button><figcaption class=\"wp-element-caption\">Foto: Wikimedia Commons \/ CC BY-SA 3.0<\/figcaption><\/figure>\n\n\n\n<p class=\"wp-block-paragraph\">Il Lago di Sorapis, con la sua acqua incredibilmente lattiginosa e turchese, \u00e8 probabilmente il trekking pi\u00f9 popolare in tutti i dintorni di Cortina. Le sue foto hanno fatto il giro di Instagram e non c&#8217;\u00e8 da stupirsi, perch\u00e9 quel colore sembra che qualcuno abbia rovesciato l\u00ec una latta di tinta chimica esagerando col filtro. Il trekking parte dal Passo Tre Croci e richiede circa due ore di cammino abbastanza ripido, solo andata.<\/p>\n\n\n\n<p class=\"wp-block-paragraph\">Ma qui arriva il mio grande e sincero avvertimento. Il percorso non \u00e8 affatto una tranquilla passeggiata domenicale nel bosco. Nella seconda met\u00e0 ci sono tratti di cengia piuttosto stretti assicurati con cavi d&#8217;acciaio e grate metalliche fissate nella roccia proprio sopra lo strapiombo. Un tempo ci portammo le nostre cagnoline e devo dire che la nostra K\u00e1ja \u00e8 un po&#8217; imbranata, quindi su quelle grate abbiamo davvero sudato e abbiamo dovuto portarla in braccio sopra il precipizio, cosa che con un cane di venti chili proprio non vuoi fare. Se hai un cane che ha paura dell&#8217;altezza o che non \u00e8 agilissimo, lascialo tranquillo in hotel per questa volta.<\/p>\n\n\n\n<h3 class=\"wp-block-heading\"><span class=\"ez-toc-section\" id=\"8_Parti_verso_le_iconiche_Tre_Cime_di_Lavaredo\"><\/span>8. Parti verso le iconiche Tre Cime di Lavaredo<span class=\"ez-toc-section-end\"><\/span><\/h3>\n\n\n\n<figure data-wp-context=\"{&quot;imageId&quot;:&quot;6a9d7d9012d2c&quot;}\" data-wp-interactive=\"core\/image\" data-wp-key=\"6a9d7d9012d2c\" class=\"wp-block-image size-full wp-lightbox-container\"><img decoding=\"async\" data-wp-class--hide=\"state.isContentHidden\" data-wp-class--show=\"state.isContentVisible\" data-wp-init=\"callbacks.setButtonStyles\" data-wp-on--click=\"actions.showLightbox\" data-wp-on--load=\"callbacks.setButtonStyles\" data-wp-on--pointerdown=\"actions.preloadImage\" data-wp-on--pointerenter=\"actions.preloadImageWithDelay\" data-wp-on--pointerleave=\"actions.cancelPreload\" data-wp-on-window--resize=\"callbacks.setButtonStyles\" src=\"https:\/\/www.loudavymkrokem.cz\/wp-content\/uploads\/2023\/05\/tre-cime-2048x1365.jpg\" alt=\"Tre Cime di Lavaredo, simbolo delle Dolomiti\" class=\"wp-image-74366\" title=\"\"><button\n\t\t\tclass=\"lightbox-trigger\"\n\t\t\ttype=\"button\"\n\t\t\taria-haspopup=\"dialog\"\n\t\t\tdata-wp-bind--aria-label=\"state.thisImage.triggerButtonAriaLabel\"\n\t\t\tdata-wp-init=\"callbacks.initTriggerButton\"\n\t\t\tdata-wp-on--click=\"actions.showLightbox\"\n\t\t\tdata-wp-style--right=\"state.thisImage.buttonRight\"\n\t\t\tdata-wp-style--top=\"state.thisImage.buttonTop\"\n\t\t>\n\t\t\t<svg xmlns=\"http:\/\/www.w3.org\/2000\/svg\" width=\"12\" height=\"12\" fill=\"none\" viewBox=\"0 0 12 12\">\n\t\t\t\t<path fill=\"#fff\" d=\"M2 0a2 2 0 0 0-2 2v2h1.5V2a.5.5 0 0 1 .5-.5h2V0H2Zm2 10.5H2a.5.5 0 0 1-.5-.5V8H0v2a2 2 0 0 0 2 2h2v-1.5ZM8 12v-1.5h2a.5.5 0 0 0 .5-.5V8H12v2a2 2 0 0 1-2 2H8Zm2-12a2 2 0 0 1 2 2v2h-1.5V2a.5.5 0 0 0-.5-.5H8V0h2Z\" \/>\n\t\t\t<\/svg>\n\t\t<\/button><figcaption class=\"wp-element-caption\">Foto: Wikimedia Commons \/ CC BY-SA 3.0<\/figcaption><\/figure>\n\n\n\n<p class=\"wp-block-paragraph\">Non sono proprio a Cortina, ma sono cos\u00ec vicine e cos\u00ec maestose che durante la visita non puoi assolutamente perdertele. Le Tre Cime sono il simbolo assoluto e inconfondibile di tutte le Dolomiti e la loro silhouette la conosce praticamente ogni montanaro. Ci arrivi in auto passando per Misurina fino al Rifugio Auronzo, ma la strada \u00e8 a pedaggio (piuttosto salato) e in stagione il grande parcheggio in cima si riempie gi\u00e0 di prima mattina, quindi alzati presto, e dico sul serio.<\/p>\n\n\n\n<p class=\"wp-block-paragraph\">Il giro ad anello attorno a questi tre enormi massicci di roccia \u00e8 relativamente poco impegnativo per essere in montagna e lo fai a ritmo tranquillo in circa tre-quattro ore. Lungo il percorso incontri diversi ottimi rifugi dove puoi prenderti una zuppa calda e recuperare le forze. Nel nostro articolo trovi la <a href=\"https:\/\/loudavymkrokem.cz\/it\/posti-piu-belli-dolomiti\/\">guida completa e altri consigli sui luoghi<\/a> da non perdere nei dintorni immediati delle Tre Cime.<\/p>\n\n\n\n<h3 class=\"wp-block-heading\"><span class=\"ez-toc-section\" id=\"9_Rilassati_al_Lago_di_Misurina_e_sali_sui_Cadini_di_Misurina\"><\/span>9. Rilassati al Lago di Misurina e sali sui Cadini di Misurina<span class=\"ez-toc-section-end\"><\/span><\/h3>\n\n\n\n<p class=\"wp-block-paragraph\">Gi\u00e0 che vai verso le Tre Cime, fai assolutamente una sosta pi\u00f9 lunga al Lago di Misurina. \u00c8 splendidamente circondato da montagne imponenti e trasuda una strana quiete d&#8217;altri tempi, di quando la gente veniva qui alle terme per curare l&#8217;asma. \u00c8 il posto ideale per una passeggiata pianeggiante, adatta al passeggino, lungo la riva, con un ottimo gelato in una delle caffetterie locali, sulle quali non si discute.<\/p>\n\n\n\n<p class=\"wp-block-paragraph\">Se ami le sfide e l&#8217;adrenalina, dal lago parte una seggiovia e poi un breve ma molto esposto trekking al belvedere dei Cadini di Misurina. Quella famosa vista &#8220;Mordor&#8221; che conosci dai social: uno stretto sentiero che finisce sopra un baratro con vista sulle guglie affilate, sembra uscito dal Signore degli Anelli. Ma con bambini e cani qui non ci si viene assolutamente, perch\u00e9 un passo falso e voli gi\u00f9 a valle in caduta libera.<\/p>\n\n\n\n<h3 class=\"wp-block-heading\"><span class=\"ez-toc-section\" id=\"10_Scopri_la_magia_autunnale_della_Croda_da_Lago_e_del_Lago_Federa\"><\/span>10. Scopri la magia autunnale della Croda da Lago e del Lago Federa<span class=\"ez-toc-section-end\"><\/span><\/h3>\n\n\n\n<figure data-wp-context=\"{&quot;imageId&quot;:&quot;6a9d7d901367d&quot;}\" data-wp-interactive=\"core\/image\" data-wp-key=\"6a9d7d901367d\" class=\"wp-block-image size-full wp-lightbox-container\"><img decoding=\"async\" width=\"1800\" height=\"1200\" data-wp-class--hide=\"state.isContentHidden\" data-wp-class--show=\"state.isContentVisible\" data-wp-init=\"callbacks.setButtonStyles\" data-wp-on--click=\"actions.showLightbox\" data-wp-on--load=\"callbacks.setButtonStyles\" data-wp-on--pointerdown=\"actions.preloadImage\" data-wp-on--pointerenter=\"actions.preloadImageWithDelay\" data-wp-on--pointerleave=\"actions.cancelPreload\" data-wp-on-window--resize=\"callbacks.setButtonStyles\" src=\"https:\/\/loudavymkrokem.cz\/wp-content\/uploads\/2023\/05\/lago-federa.jpg\" alt=\"Lago Federa in autunno con i larici gialli\" class=\"wp-image-59671\" title=\"\" srcset=\"https:\/\/loudavymkrokem.cz\/wp-content\/uploads\/2023\/05\/lago-federa.jpg 1800w, https:\/\/loudavymkrokem.cz\/wp-content\/uploads\/2023\/05\/lago-federa-300x200.jpg 300w, https:\/\/loudavymkrokem.cz\/wp-content\/uploads\/2023\/05\/lago-federa-1024x683.jpg 1024w, https:\/\/loudavymkrokem.cz\/wp-content\/uploads\/2023\/05\/lago-federa-768x512.jpg 768w, https:\/\/loudavymkrokem.cz\/wp-content\/uploads\/2023\/05\/lago-federa-1536x1024.jpg 1536w\" sizes=\"(max-width: 1800px) 100vw, 1800px\" \/><button\n\t\t\tclass=\"lightbox-trigger\"\n\t\t\ttype=\"button\"\n\t\t\taria-haspopup=\"dialog\"\n\t\t\tdata-wp-bind--aria-label=\"state.thisImage.triggerButtonAriaLabel\"\n\t\t\tdata-wp-init=\"callbacks.initTriggerButton\"\n\t\t\tdata-wp-on--click=\"actions.showLightbox\"\n\t\t\tdata-wp-style--right=\"state.thisImage.buttonRight\"\n\t\t\tdata-wp-style--top=\"state.thisImage.buttonTop\"\n\t\t>\n\t\t\t<svg xmlns=\"http:\/\/www.w3.org\/2000\/svg\" width=\"12\" height=\"12\" fill=\"none\" viewBox=\"0 0 12 12\">\n\t\t\t\t<path fill=\"#fff\" d=\"M2 0a2 2 0 0 0-2 2v2h1.5V2a.5.5 0 0 1 .5-.5h2V0H2Zm2 10.5H2a.5.5 0 0 1-.5-.5V8H0v2a2 2 0 0 0 2 2h2v-1.5ZM8 12v-1.5h2a.5.5 0 0 0 .5-.5V8H12v2a2 2 0 0 1-2 2H8Zm2-12a2 2 0 0 1 2 2v2h-1.5V2a.5.5 0 0 0-.5-.5H8V0h2Z\" \/>\n\t\t\t<\/svg>\n\t\t<\/button><\/figure>\n\n\n\n<p class=\"wp-block-paragraph\">Questo \u00e8 il mio consiglio segreto personale, per cui mi ringrazierai, soprattutto se vieni nelle Dolomiti a fine settembre o inizio ottobre, quando la folla si dirada un po&#8217;. Il trekking parte non lontano da Cortina e ti porta al Lago Federa. In autunno i boschi di larici circostanti si tingono di un giallo e un arancione incredibilmente brillanti che si specchiano nella superficie tranquilla del lago come in un quadro dipinto.<\/p>\n\n\n\n<p class=\"wp-block-paragraph\">Al lago c&#8217;\u00e8 il Rifugio Croda da Lago, dove cucinano zuppe dense cos\u00ec fantastiche e dolci di mele fatti in casa che poi non avrai nemmeno voglia di rifare la strada. Il percorso \u00e8 di media difficolt\u00e0, in salita ogni tanto suderai, ma quella quiete divina senza migliaia di turisti ne vale davvero la pena. Non dimenticare solo delle buone <a href=\"https:\/\/loudavymkrokem.cz\/it\/scarpe-trekking-come-scegliere\/\">scarpe da trekking<\/a>, perch\u00e9 il terreno a tratti \u00e8 scivoloso e pieno di radici insidiose.<\/p>\n\n\n\n<h3 class=\"wp-block-heading\"><span class=\"ez-toc-section\" id=\"11_Sfuggi_alla_folla_nella_Valle_di_Ra_Stua\"><\/span>11. Sfuggi alla folla nella Valle di Ra Stua<span class=\"ez-toc-section-end\"><\/span><\/h3>\n\n\n\n<p class=\"wp-block-paragraph\">Cerchi un posto dove riposarti un po&#8217; dal trambusto di Cortina e dalle folle di turisti con le macchine fotografiche? Vai a nord della cittadina, nell&#8217;area protetta vicino al parco Fanes-Sennes-Braies. La Valle di Ra Stua \u00e8 un&#8217;oasi di pace assoluta con mucche al pascolo dai campanacci giganti, ruscelli gorgoglianti e verdissimi prati d&#8217;alpeggio, dove hai la sensazione che il tempo si sia un po&#8217; fermato.<\/p>\n\n\n\n<p class=\"wp-block-paragraph\">Ci si arriva con una passeggiata piacevole e in leggera pendenza dal parcheggio di Sant&#8217;Uberto. La Malga Ra Stua, in fondo alla valle, \u00e8 poi la meta perfetta per le famiglie con bambini, perch\u00e9 la strada \u00e8 abbastanza larga anche per un passeggino da fuoristrada e in malga fanno ottime frittelle con marmellata fatta in casa, con cui conquisti il cuore di ogni piccolo escursionista.<\/p>\n\n\n\n<!-- LKM_GYG_CARD start q=\"cortina d'ampezzo\" lang=\"it\" --><!-- LKM_GYG_CARD end -->\n\n\n\n\n<div class=\"lk-stays-module\">\n<style>\n\/* \u2500\u2500\u2500 RESET PRO GUTENBERG \u2500\u2500\u2500 *\/\n.lk-stays-module * { box-sizing: border-box; margin: 0; padding: 0; }\n\n\/* \u2500\u2500\u2500 WRAPPER \u2500\u2500\u2500 *\/\n.lk-stays-module {\n  font-family: 'DM Sans', Georgia, sans-serif;\n  max-width: 100%;\n  margin: 2.5rem auto;\n  background: linear-gradient(135deg, #fdfaf5 0%, #fcf8f0 100%);\n  border: 1px solid #e8dfd4;\n  border-radius: 16px;\n  overflow: hidden;\n  box-shadow: 0 16px 48px rgba(195, 159, 118, 0.25), 0 4px 12px rgba(0,0,0,0.08);\n}\n\n\/* \u2500\u2500\u2500 HEADER \u2500\u2500\u2500 *\/\n.lk-stays-header {\n  position: relative;\n  padding: 24px 36px 24px;\n  background: linear-gradient(135deg, #c39f76 0%, #d4b188 60%, #c39f76 100%);\n  border-bottom: 1px solid rgba(255,255,255,.15);\n  display: flex;\n  align-items: center;\n  gap: 18px;\n}\n.lk-stays-header::before {\n  content: '';\n  position: absolute;\n  inset: 0;\n  background: url(\"data:image\/svg+xml,%3Csvg width='60' height='60' viewBox='0 0 60 60' xmlns='http:\/\/www.w3.org\/2000\/svg'%3E%3Cg fill='none' fill-rule='evenodd'%3E%3Cg fill='%23ffffff' fill-opacity='0.05'%3E%3Cpath d='M36 34v-4h-2v4h-4v2h4v4h2v-4h4v-2h-4zm0-30V0h-2v4h-4v2h4v4h2V6h4V4h-4zM6 34v-4H4v4H0v2h4v4h2v-4h4v-2H6zM6 4V0H4v4H0v2h4v4h2V6h4V4H6z'\/%3E%3C\/g%3E%3C\/g%3E%3C\/svg%3E\") repeat;\n  pointer-events: none;\n}\n.lk-stays-icon {\n  flex-shrink: 0;\n  width: 68px;\n  height: 68px;\n  border-radius: 14px;\n  background: linear-gradient(135deg, #fff 0%, #f9f6f0 100%);\n  display: flex;\n  align-items: center;\n  justify-content: center;\n  font-size: 26px;\n  box-shadow: 0 4px 12px rgba(0,0,0,0.15);\n}\n.lk-stays-eyebrow {\n  font-size: 10px;\n  font-weight: 500;\n  letter-spacing: 2.5px;\n  text-transform: uppercase;\n  color: rgba(255,255,255,.85);\n  margin: 0 0 5px 0;\n}\n.lk-stays-title {\n  font-family: 'Playfair Display', Georgia, serif;\n  font-size: 24px;\n  font-weight: 700;\n  color: #fff;\n  line-height: 1.2;\n  text-shadow: 0 1px 2px rgba(0,0,0,0.1);\n  margin: 0;\n}\n.lk-stays-subtitle {\n  font-size: 13px;\n  color: rgba(255,255,255,.75);\n  margin: 4px 0 0 0;\n  font-weight: 300;\n}\n\n\/* \u2500\u2500\u2500 CARDS GRID \u2500\u2500\u2500 *\/\n.lk-stays-grid {\n  display: grid;\n  grid-template-columns: 1fr 1fr;\n  gap: 1px;\n  background: rgba(195, 159, 118, 0.12);\n}\n\n\/* \u2500\u2500\u2500 SINGLE CARD \u2500\u2500\u2500 *\/\n.lk-stay-card {\n  background: #ffffff;\n  padding: 26px;\n  display: flex;\n  flex-direction: column;\n  gap: 11px;\n  transition: all 0.3s ease;\n  text-decoration: none;\n  color: inherit;\n  position: relative;\n}\n.lk-stay-card:hover {\n  background: #fffbf5;\n  transform: translateY(-2px);\n  box-shadow: 0 8px 24px rgba(195, 159, 118, 0.18);\n  z-index: 1;\n}\n.lk-stay-card.featured {\n  background: linear-gradient(135deg, #fffdf9 0%, #fff9f0 100%);\n  box-shadow: 0 4px 16px rgba(195, 159, 118, 0.15), inset 0 1px 0 rgba(195, 159, 118, 0.1);\n}\n.lk-stay-card.featured:hover {\n  background: linear-gradient(135deg, #fffbf5 0%, #fff8ed 100%);\n  box-shadow: 0 8px 24px rgba(195, 159, 118, 0.25), inset 0 1px 0 rgba(195, 159, 118, 0.15);\n}\n\n.lk-stay-badge {\n  display: inline-flex;\n  align-items: center;\n  gap: 5px;\n  font-size: 10px;\n  font-weight: 500;\n  letter-spacing: 1.5px;\n  text-transform: uppercase;\n  padding: 5px 11px;\n  border-radius: 20px;\n  width: fit-content;\n}\n.badge-top     { background: linear-gradient(135deg, #c39f76 0%, #d4b188 100%); color: #fff; border: 1px solid #c39f76; font-weight: 600; box-shadow: 0 2px 8px rgba(195,159,118,0.3); }\n.badge-luxury  { background: rgba(195,159,118,.12); color: #c39f76; border: 1px solid rgba(195,159,118,.25); }\n.badge-boutique{ background: rgba(54,133,252,.08); color: #3685fc; border: 1px solid rgba(54,133,252,.2); }\n.badge-nature  { background: rgba(130,190,100,.1); color: #6b9c4a; border: 1px solid rgba(130,190,100,.2); }\n.badge-remote  { background: rgba(195,159,118,.12); color: #a67e50; border: 1px solid rgba(195,159,118,.25); }\n\n.lk-stay-name {\n  font-family: 'Playfair Display', Georgia, serif;\n  font-size: 18px;\n  font-weight: 700;\n  color: #111827;\n  line-height: 1.3;\n}\n.lk-stay-desc {\n  font-size: 13.5px;\n  color: #525252;\n  line-height: 1.65;\n  font-weight: 300;\n  flex: 1;\n}\n\n.lk-stay-meta {\n  display: flex;\n  align-items: center;\n  gap: 12px;\n  flex-wrap: wrap;\n  margin-top: 4px;\n}\n.lk-stay-price {\n  font-size: 13px;\n  color: #6b7280;\n}\n.lk-stay-price strong {\n  color: #c39f76;\n  font-weight: 500;\n}\n.lk-stay-stars {\n  color: #c39f76;\n  font-size: 11px;\n  letter-spacing: 1px;\n}\n\n\/* \u2500\u2500\u2500 CTA BUTTON \u2500\u2500\u2500 *\/\n.lk-stay-cta {\n  display: inline-flex;\n  align-items: center;\n  justify-content: center;\n  gap: 7px;\n  margin-top: 8px;\n  padding: 11px 20px;\n  border-radius: 8px;\n  background: linear-gradient(135deg, #3685fc 0%, #2a6fd9 100%);\n  color: #fff;\n  font-size: 13px;\n  font-weight: 500;\n  text-decoration: none;\n  letter-spacing: .3px;\n  transition: all .2s ease;\n  cursor: pointer;\n  border: none;\n  text-align: center;\n  box-shadow: 0 4px 12px rgba(54, 133, 252, 0.25);\n}\n.lk-stay-cta:hover {\n  background: linear-gradient(135deg, #2a6fd9 0%, #1e5bc4 100%);\n  transform: translateY(-1px);\n  box-shadow: 0 6px 16px rgba(54, 133, 252, 0.35);\n}\n.lk-stay-cta svg { flex-shrink: 0; }\n\n\/* \u2500\u2500\u2500 FOOTER \u2500\u2500\u2500 *\/\n.lk-stays-footer {\n  padding: 18px 36px;\n  background: linear-gradient(to bottom, #fdfaf5 0%, #f9f4ed 100%);\n  border-top: 1px solid rgba(195, 159, 118, 0.15);\n  display: flex;\n  align-items: center;\n  justify-content: space-between;\n  flex-wrap: wrap;\n  gap: 12px;\n}\n.lk-stays-footer-note {\n  font-size: 11.5px;\n  color: #6b7280;\n  font-weight: 300;\n  line-height: 1.5;\n}\n.lk-stays-footer-note a {\n  color: #c39f76;\n  text-decoration: none;\n  font-weight: 400;\n}\n.lk-stays-footer-note a:hover {\n  text-decoration: underline;\n}\n.lk-stays-all-btn {\n  display: inline-flex;\n  align-items: center;\n  gap: 6px;\n  font-size: 12.5px;\n  font-weight: 500;\n  color: #c39f76;\n  text-decoration: none;\n  border: 1px solid rgba(195, 159, 118, 0.35);\n  padding: 8px 18px;\n  border-radius: 8px;\n  transition: all .2s ease;\n}\n.lk-stays-all-btn:hover {\n  background: rgba(195, 159, 118, 0.08);\n  border-color: rgba(195, 159, 118, 0.5);\n}\n\n\/* \u2500\u2500\u2500 RESPONSIVE \u2500\u2500\u2500 *\/\n@media (max-width: 600px) {\n  .lk-stays-grid { grid-template-columns: 1fr; }\n  .lk-stays-header { padding: 24px 20px; }\n  .lk-stays-footer { padding: 16px 20px; }\n  .lk-stay-card { padding: 22px; }\n  .lk-stays-title { font-size: 20px; }\n}\n<\/style>\n\n  <!-- HEADER -->\n  <div class=\"lk-stays-header\">\n    <img decoding=\"async\" src=\"https:\/\/loudavymkrokem.cz\/wp-content\/uploads\/2026\/02\/lukas-a-lucka.jpg\" alt=\"\" style=\"width: 75px; height: 75px; border-radius: 8px; flex-shrink: 0; object-fit: cover; display: block; margin: 4px 0;\" title=\"\">\n    <div class=\"lk-stays-header-text\">\n      <div class=\"lk-stays-eyebrow\">Luk\u00e1\u0161 e Lucie raccomandano<\/div>\n      <div class=\"lk-stays-title\">Dove alloggiare a Cortina d&#8217;Ampezzo<\/div>\n      <div class=\"lk-stays-subtitle\">5 alloggi \u2014 hotel wellness, hotel e altre opzioni di alloggio<\/div>\n    <\/div>\n  <\/div>\n\n  <!-- CARDS -->\n  <div class=\"lk-stays-grid\">\n\n    <a class=\"lk-stay-card featured\" href=\"https:\/\/www.stay22.com\/allez\/roam?aid=lukaskonecny&#038;campaign=loudavymkrokemcz&#038;campaign=it&#038;campaign=cortinadampezzoitalie&#038;address=Cortina+d%27Ampezzo&#038;hotelname=B%26B+Hotel+Passo+Tre+Croci+Cortina&#038;search=B%26B+Hotel+Passo+Tre+Croci+Cortina&#038;category=accommodation\" target=\"_blank\" rel=\"nofollow noopener\">\n      <span class=\"lk-stay-badge badge-top\">\u2b50 SCELTA TOP<\/span>\n      <span class=\"lk-stay-badge badge-nature\">\ud83c\udfe8 Hotel<\/span>\n      <div class=\"lk-stay-name\">B&#038;B Hotel Passo Tre Croci Cortina<\/div>\n      <div class=\"lk-stay-desc\">Scelta TOP degli autori. Situato poco oltre Cortina sul passo di montagna, lontano dal trambusto della citt\u00e0. Colazioni fantastiche, a pochi passi dall&#8217;inizio del trekking verso il Lago di Sorapis. Accettano cani con un piccolo supplemento. Fascia media a prezzi accessibili.<\/div>\n      <div class=\"lk-stay-meta\">\n        <span class=\"lk-stay-stars\">\u2605\u2605\u2605\u2605<\/span>\n        <span class=\"lk-stay-price\">Controlla i prezzi<\/span>\n      <\/div>\n      <span class=\"lk-stay-cta\">\n        <svg width=\"14\" height=\"14\" viewBox=\"0 0 24 24\" fill=\"none\" stroke=\"currentColor\" stroke-width=\"2\"><path d=\"M18 13v6a2 2 0 0 1-2 2H5a2 2 0 0 1-2-2V8a2 2 0 0 1 2-2h6\"\/><polyline points=\"15 3 21 3 21 9\"\/><line x1=\"10\" y1=\"14\" x2=\"21\" y2=\"3\"\/><\/svg>\n        Verifica disponibilit\u00e0\n      <\/span>\n    <\/a>\n\n    <a class=\"lk-stay-card\" href=\"https:\/\/www.stay22.com\/allez\/roam?aid=lukaskonecny&#038;campaign=loudavymkrokemcz&#038;campaign=it&#038;campaign=cortinadampezzoitalie&#038;address=Cortina+d%27Ampezzo&#038;hotelname=Pension+Dolomiti+Sweet+Lodge&#038;search=Pension+Dolomiti+Sweet+Lodge&#038;category=accommodation\" target=\"_blank\" rel=\"nofollow noopener\">\n      <span class=\"lk-stay-badge badge-nature\">\ud83c\udfe1 Pensione<\/span>\n      <div class=\"lk-stay-name\">Pension Dolomiti Sweet Lodge<\/div>\n      <div class=\"lk-stay-desc\">Uno dei complessi di appartamenti con le migliori recensioni direttamente a Cortina. Ottima posizione, incredibilmente pulito, splendidi interni in legno con vera atmosfera alpina. Ideale per cucinare autonomamente e avere pi\u00f9 spazio.<\/div>\n      <div class=\"lk-stay-meta\">\n        <span class=\"lk-stay-stars\">\u2605\u2605\u2605\u2605<\/span>\n        <span class=\"lk-stay-price\">Controlla i prezzi<\/span>\n      <\/div>\n      <span class=\"lk-stay-cta\">\n        <svg width=\"14\" height=\"14\" viewBox=\"0 0 24 24\" fill=\"none\" stroke=\"currentColor\" stroke-width=\"2\"><path d=\"M18 13v6a2 2 0 0 1-2 2H5a2 2 0 0 1-2-2V8a2 2 0 0 1 2-2h6\"\/><polyline points=\"15 3 21 3 21 9\"\/><line x1=\"10\" y1=\"14\" x2=\"21\" y2=\"3\"\/><\/svg>\n        Verifica disponibilit\u00e0\n      <\/span>\n    <\/a>\n\n    <a class=\"lk-stay-card\" href=\"https:\/\/www.stay22.com\/allez\/roam?aid=lukaskonecny&#038;campaign=loudavymkrokemcz&#038;campaign=it&#038;campaign=cortinadampezzoitalie&#038;address=Cortina+d%27Ampezzo&#038;hotelname=Hotel+Villa+Gaia&#038;search=Hotel+Villa+Gaia&#038;category=accommodation\" target=\"_blank\" rel=\"nofollow noopener\">\n      <span class=\"lk-stay-badge badge-nature\">\ud83c\udfe8 Hotel<\/span>\n      <div class=\"lk-stay-name\">Hotel Villa Gaia<\/div>\n      <div class=\"lk-stay-desc\">Hotel tradizionale a conduzione familiare con ottime recensioni e un fascino enorme. Personale incredibilmente gentile. Si raggiunge il centro a piedi per la cena.<\/div>\n      <div class=\"lk-stay-meta\">\n        <span class=\"lk-stay-stars\">\u2605\u2605\u2605\u2605<\/span>\n        <span class=\"lk-stay-price\">Controlla i prezzi<\/span>\n      <\/div>\n      <span class=\"lk-stay-cta\">\n        <svg width=\"14\" height=\"14\" viewBox=\"0 0 24 24\" fill=\"none\" stroke=\"currentColor\" stroke-width=\"2\"><path d=\"M18 13v6a2 2 0 0 1-2 2H5a2 2 0 0 1-2-2V8a2 2 0 0 1 2-2h6\"\/><polyline points=\"15 3 21 3 21 9\"\/><line x1=\"10\" y1=\"14\" x2=\"21\" y2=\"3\"\/><\/svg>\n        Verifica disponibilit\u00e0\n      <\/span>\n    <\/a>\n\n    <a class=\"lk-stay-card\" href=\"https:\/\/www.stay22.com\/allez\/roam?aid=lukaskonecny&#038;campaign=loudavymkrokemcz&#038;campaign=it&#038;campaign=cortinadampezzoitalie&#038;address=Cortina+d%27Ampezzo&#038;hotelname=HOTEL+de+LEN&#038;search=HOTEL+de+LEN&#038;category=accommodation\" target=\"_blank\" rel=\"nofollow noopener\">\n      <span class=\"lk-stay-badge badge-nature\">\u2b50 Luxury<\/span>\n      <div class=\"lk-stay-name\">HOTEL de LEN<\/div>\n      <div class=\"lk-stay-desc\">Gioiello di design con un centro spa assolutamente straordinario per lusso assoluto e romanticismo. Ideale per celebrare anniversari o rilassarsi dopo un trekking impegnativo.<\/div>\n      <div class=\"lk-stay-meta\">\n        <span class=\"lk-stay-stars\">\u2605\u2605\u2605\u2605<\/span>\n        <span class=\"lk-stay-price\">da 300 EUR\/notte<\/span>\n      <\/div>\n      <span class=\"lk-stay-cta\">\n        <svg width=\"14\" height=\"14\" viewBox=\"0 0 24 24\" fill=\"none\" stroke=\"currentColor\" stroke-width=\"2\"><path d=\"M18 13v6a2 2 0 0 1-2 2H5a2 2 0 0 1-2-2V8a2 2 0 0 1 2-2h6\"\/><polyline points=\"15 3 21 3 21 9\"\/><line x1=\"10\" y1=\"14\" x2=\"21\" y2=\"3\"\/><\/svg>\n        Verifica disponibilit\u00e0\n      <\/span>\n    <\/a>\n\n    <a class=\"lk-stay-card\" href=\"https:\/\/www.stay22.com\/allez\/roam?aid=lukaskonecny&#038;campaign=loudavymkrokemcz&#038;campaign=it&#038;campaign=cortinadampezzoitalie&#038;address=cortina%20d&#039;ampezzo\" target=\"_blank\" rel=\"nofollow noopener\">\n      <span class=\"lk-stay-badge badge-nature\">\ud83d\udd0d Cerca<\/span>\n      <div class=\"lk-stay-name\">Visualizza tutti gli alloggi a Cortina d&#8217;Ampezzo<\/div>\n      <div class=\"lk-stay-desc\">Esplora tutte le opzioni di alloggio disponibili a Cortina d&#8217;Ampezzo e trova la migliore in base alle tue preferenze e al tuo budget.<\/div>\n      <div class=\"lk-stay-meta\">\n        <span class=\"lk-stay-stars\">\u2605\u2605\u2605\u2605<\/span>\n        <span class=\"lk-stay-price\">Confronta i prezzi<\/span>\n      <\/div>\n      <span class=\"lk-stay-cta\">\n        <svg width=\"14\" height=\"14\" viewBox=\"0 0 24 24\" fill=\"none\" stroke=\"currentColor\" stroke-width=\"2\"><path d=\"M18 13v6a2 2 0 0 1-2 2H5a2 2 0 0 1-2-2V8a2 2 0 0 1 2-2h6\"\/><polyline points=\"15 3 21 3 21 9\"\/><line x1=\"10\" y1=\"14\" x2=\"21\" y2=\"3\"\/><\/svg>\n        Verifica disponibilit\u00e0\n      <\/span>\n    <\/a>\n\n  <\/div>\n\n  \n<\/div>\n\n\n\n\n<h3 class=\"wp-block-heading\"><span class=\"ez-toc-section\" id=\"12_Percorri_il_leggendario_Passo_Giau\"><\/span>12. Percorri il leggendario Passo Giau<span class=\"ez-toc-section-end\"><\/span><\/h3>\n\n\n\n<figure data-wp-context=\"{&quot;imageId&quot;:&quot;6a9d7d9013f3f&quot;}\" data-wp-interactive=\"core\/image\" data-wp-key=\"6a9d7d9013f3f\" class=\"wp-block-image size-full wp-lightbox-container\"><img decoding=\"async\" width=\"1800\" height=\"1200\" data-wp-class--hide=\"state.isContentHidden\" data-wp-class--show=\"state.isContentVisible\" data-wp-init=\"callbacks.setButtonStyles\" data-wp-on--click=\"actions.showLightbox\" data-wp-on--load=\"callbacks.setButtonStyles\" data-wp-on--pointerdown=\"actions.preloadImage\" data-wp-on--pointerenter=\"actions.preloadImageWithDelay\" data-wp-on--pointerleave=\"actions.cancelPreload\" data-wp-on-window--resize=\"callbacks.setButtonStyles\" src=\"https:\/\/loudavymkrokem.cz\/wp-content\/uploads\/2023\/05\/passo-giau-2048x1365.jpg\" alt=\"Passo Giau con la montagna Ra Gusela\" class=\"wp-image-59672\" title=\"\" srcset=\"https:\/\/loudavymkrokem.cz\/wp-content\/uploads\/2023\/05\/passo-giau-2048x1365.jpg 1800w, https:\/\/loudavymkrokem.cz\/wp-content\/uploads\/2023\/05\/passo-giau-2048x1365-300x200.jpg 300w, https:\/\/loudavymkrokem.cz\/wp-content\/uploads\/2023\/05\/passo-giau-2048x1365-1024x683.jpg 1024w, https:\/\/loudavymkrokem.cz\/wp-content\/uploads\/2023\/05\/passo-giau-2048x1365-768x512.jpg 768w, https:\/\/loudavymkrokem.cz\/wp-content\/uploads\/2023\/05\/passo-giau-2048x1365-1536x1024.jpg 1536w\" sizes=\"(max-width: 1800px) 100vw, 1800px\" \/><button\n\t\t\tclass=\"lightbox-trigger\"\n\t\t\ttype=\"button\"\n\t\t\taria-haspopup=\"dialog\"\n\t\t\tdata-wp-bind--aria-label=\"state.thisImage.triggerButtonAriaLabel\"\n\t\t\tdata-wp-init=\"callbacks.initTriggerButton\"\n\t\t\tdata-wp-on--click=\"actions.showLightbox\"\n\t\t\tdata-wp-style--right=\"state.thisImage.buttonRight\"\n\t\t\tdata-wp-style--top=\"state.thisImage.buttonTop\"\n\t\t>\n\t\t\t<svg xmlns=\"http:\/\/www.w3.org\/2000\/svg\" width=\"12\" height=\"12\" fill=\"none\" viewBox=\"0 0 12 12\">\n\t\t\t\t<path fill=\"#fff\" d=\"M2 0a2 2 0 0 0-2 2v2h1.5V2a.5.5 0 0 1 .5-.5h2V0H2Zm2 10.5H2a.5.5 0 0 1-.5-.5V8H0v2a2 2 0 0 0 2 2h2v-1.5ZM8 12v-1.5h2a.5.5 0 0 0 .5-.5V8H12v2a2 2 0 0 1-2 2H8Zm2-12a2 2 0 0 1 2 2v2h-1.5V2a.5.5 0 0 0-.5-.5H8V0h2Z\" \/>\n\t\t\t<\/svg>\n\t\t<\/button><\/figure>\n\n\n\n<p class=\"wp-block-paragraph\">Per me personalmente il Passo Giau \u00e8 di gran lunga il passo di montagna pi\u00f9 bello di tutte le vaste Dolomiti. Gi\u00e0 la sola salita in auto \u00e8 una grande esperienza. Per chi guida forse \u00e8 un po&#8217; d&#8217;adrenalina, con tutti quei tornanti stretti e i ciclisti, ma per chi \u00e8 passeggero \u00e8 pura poesia, non si riesce a staccare lo sguardo. In cima, a oltre 2200 metri sul livello del mare, ti aspetta la vista iconica sul Ra Gusela, che si erge proprio sopra il passo come un guardiano.<\/p>\n\n\n\n<p class=\"wp-block-paragraph\">Ti consiglio senz&#8217;altro di venire quass\u00f9 di primo mattino per l&#8217;alba o nel pomeriggio per il tramonto dorato: i colori sono semplicemente incredibili e da qui abbiamo alcune delle foto pi\u00f9 belle della nostra vita. E s\u00ec, nel parcheggio in cima spesso tira parecchio vento e fa freddo, quindi la giacca a vento \u00e8 d&#8217;obbligo anche a met\u00e0 luglio. Da qui poi si pu\u00f2 partire per tanti bei trekking, compreso quello per le Cinque Torri, che io e Luk\u00e1\u0161 un tempo abbiamo fatto tutto a piedi.<\/p>\n\n\n\n<h3 class=\"wp-block-heading\"><span class=\"ez-toc-section\" id=\"13_Respira_latmosfera_dello_Snow_Festival_e_degli_eventi_invernali\"><\/span>13. Respira l&#8217;atmosfera dello Snow Festival e degli eventi invernali<span class=\"ez-toc-section-end\"><\/span><\/h3>\n\n\n\n<p class=\"wp-block-paragraph\">Cortina vive non solo d&#8217;estate, ma soprattutto d&#8217;inverno. Se vieni nei mesi invernali, tieni d&#8217;occhio con attenzione il calendario locale degli eventi. Si tengono vari Snow Festival, mercatini di Natale, gare di sci, e nella piazzetta si beve vin brul\u00e9 a litri mentre sopra la testa brillano enormi decorazioni natalizie. L&#8217;atmosfera \u00e8 assolutamente magnifica e mi diverto un mondo a guardare gli eleganti italiani in cappotto che fanno festa fino a notte fonda.<\/p>\n\n\n\n<p class=\"wp-block-paragraph\">Con le Olimpiadi del 2026 in arrivo, poi, la cittadina prepara un&#8217;enorme quantit\u00e0 di eventi collaterali, pensati per mostrare la vera cultura italiana e la loro tipica gioia di vivere. L&#8217;ultima volta abbiamo visto una band locale suonare in mezzo a un cumulo di neve, Jon\u00e1\u0161 guardava quelle lucine colorate a bocca aperta e Luk\u00e1\u0161 si complimentava per il loro vin brul\u00e9 locale, molto pi\u00f9 forte di quello dei mercatini di casa nostra.<\/p>\n\n\n\n<h3 class=\"wp-block-heading\"><span class=\"ez-toc-section\" id=\"14_Corsa_o_passeggiata_sullex_ferrovia_Cortina_Trail\"><\/span>14. Corsa o passeggiata sull&#8217;ex ferrovia (Cortina Trail)<span class=\"ez-toc-section-end\"><\/span><\/h3>\n\n\n\n<p class=\"wp-block-paragraph\">Sai quando hai voglia solo di una passeggiata rilassante e leggera senza grandi dislivelli, giusto per schiarirti le idee? Proprio a questo serve il tracciato dell&#8217;ex ferrovia chiamata Dolomite Railway, che un tempo attraversava direttamente Cortina. I binari ormai da tempo non ci sono pi\u00f9, ma al loro posto \u00e8 nata una strada sterrata incredibilmente larga e pianeggiante, che taglia splendidamente tutta la valle e offre panorami super senza sudore in fronte.<\/p>\n\n\n\n<p class=\"wp-block-paragraph\">D&#8217;estate puoi percorrerla a piedi, di corsa o in bici a noleggio. Per noi, tra l&#8217;altro, \u00e8 stato un tracciato perfetto per il passeggino con Jon\u00e1\u0161, che l&#8217;ha fatto senza un solo lamento, perch\u00e9 non sobbalzava per niente. D&#8217;inverno questa strada viene spesso battuta per gli amanti dello sci di fondo, un altro modo fantastico per godersi la vista sulle montagne senza doversi arrampicare su ripidi pendii con la neve fino alla cintura.<\/p>\n\n\n\n<h3 class=\"wp-block-heading\"><span class=\"ez-toc-section\" id=\"15_Fai_una_gita_alliconico_Lago_di_Braies\"><\/span>15. Fai una gita all&#8217;iconico Lago di Braies<span class=\"ez-toc-section-end\"><\/span><\/h3>\n\n\n\n<figure data-wp-context=\"{&quot;imageId&quot;:&quot;6a9d7d90149d1&quot;}\" data-wp-interactive=\"core\/image\" data-wp-key=\"6a9d7d90149d1\" class=\"wp-block-image size-full wp-lightbox-container\"><img decoding=\"async\" data-wp-class--hide=\"state.isContentHidden\" data-wp-class--show=\"state.isContentVisible\" data-wp-init=\"callbacks.setButtonStyles\" data-wp-on--click=\"actions.showLightbox\" data-wp-on--load=\"callbacks.setButtonStyles\" data-wp-on--pointerdown=\"actions.preloadImage\" data-wp-on--pointerenter=\"actions.preloadImageWithDelay\" data-wp-on--pointerleave=\"actions.cancelPreload\" data-wp-on-window--resize=\"callbacks.setButtonStyles\" src=\"https:\/\/www.loudavymkrokem.cz\/wp-content\/uploads\/2023\/05\/lago-di-brais-2048x1365.jpg\" alt=\"Barche al Lago di Braies\" class=\"wp-image-116750\" title=\"\"><button\n\t\t\tclass=\"lightbox-trigger\"\n\t\t\ttype=\"button\"\n\t\t\taria-haspopup=\"dialog\"\n\t\t\tdata-wp-bind--aria-label=\"state.thisImage.triggerButtonAriaLabel\"\n\t\t\tdata-wp-init=\"callbacks.initTriggerButton\"\n\t\t\tdata-wp-on--click=\"actions.showLightbox\"\n\t\t\tdata-wp-style--right=\"state.thisImage.buttonRight\"\n\t\t\tdata-wp-style--top=\"state.thisImage.buttonTop\"\n\t\t>\n\t\t\t<svg xmlns=\"http:\/\/www.w3.org\/2000\/svg\" width=\"12\" height=\"12\" fill=\"none\" viewBox=\"0 0 12 12\">\n\t\t\t\t<path fill=\"#fff\" d=\"M2 0a2 2 0 0 0-2 2v2h1.5V2a.5.5 0 0 1 .5-.5h2V0H2Zm2 10.5H2a.5.5 0 0 1-.5-.5V8H0v2a2 2 0 0 0 2 2h2v-1.5ZM8 12v-1.5h2a.5.5 0 0 0 .5-.5V8H12v2a2 2 0 0 1-2 2H8Zm2-12a2 2 0 0 1 2 2v2h-1.5V2a.5.5 0 0 0-.5-.5H8V0h2Z\" \/>\n\t\t\t<\/svg>\n\t\t<\/button><figcaption class=\"wp-element-caption\">Barche al Lago di Braies<\/figcaption><\/figure>\n\n\n\n<p class=\"wp-block-paragraph\">Da Cortina sono circa quarantacinque minuti d&#8217;auto verso nord, ma saltare questo gioiello sarebbe un peccato enorme e me ne pentirei ancora a lungo. Il Lago di Braies, in tedesco Pragser Wildsee, \u00e8 di gran lunga il lago pi\u00f9 fotografato di tutte le Dolomiti e forse di tutto il nord Italia. Le barche di legno ormeggiate al pontile, l&#8217;acqua di un verde smeraldo intenso e l&#8217;enorme massiccio del Seekofel sullo sfondo: \u00e8 semplicemente un&#8217;immagine da guardare per ore.<\/p>\n\n\n\n<p class=\"wp-block-paragraph\">Un tempo ci andammo alle sei del mattino per evitare quelle folle assurde da Instagram, noleggiammo una barchetta di legno e fu una romanticheria incredibile, anche se mi si gelavano un po&#8217; le mani mentre cercavo di remare. Poich\u00e9 ci sono tante informazioni pratiche e trabocchetti riguardo al parcheggio a pagamento e spesso esaurito, gli ho dedicato un articolo a parte: <a href=\"https:\/\/loudavymkrokem.cz\/it\/lago-di-braies-italia\/\">Lago di Braies: guida e consigli<\/a>. Leggilo assolutamente prima di partire.<\/p>\n\n\n\n<h2 class=\"wp-block-heading\"><span class=\"ez-toc-section\" id=\"Cortina_dAmpezzo_con_bambini_e_passeggino\"><\/span>Cortina d&#8217;Ampezzo con bambini e passeggino<span class=\"ez-toc-section-end\"><\/span><\/h2>\n\n\n\n<p class=\"wp-block-paragraph\">Come gi\u00e0 accennavo all&#8217;inizio, la visita di quest&#8217;anno alle Dolomiti \u00e8 stata per noi un&#8217;enorme prima volta nel ruolo di genitori. E devo dire che Cortina \u00e8 sorprendentemente ottima per viaggiare con bambini piccoli, se ci approcci in modo un po&#8217; diverso e togli gli occhiali rosa del correre tutto il giorno sulle rocce. Con Jon\u00e1\u0161 di due anni abbiamo dovuto dimenticarci le ferrate ripide e testare invece una prospettiva delle montagne completamente diversa, che alla fine ci \u00e8 piaciuta un sacco.<\/p>\n\n\n\n<p class=\"wp-block-paragraph\"><strong>Le funivie sono le tue migliori amiche:<\/strong> a tanti luoghi bellissimi ti porta una funivia spaziosa, dove nella maggior parte dei casi accettano senza problemi anche il passeggino chiuso. Quest&#8217;anno abbiamo fatto cos\u00ec la gi\u00e0 citata Tofana e la Faloria, e Jon\u00e1\u0161 era cos\u00ec entusiasta della corsa fluida in cabina che per tutto il tragitto agitava le braccia e strillava agli altri passeggeri. <\/p>\n\n\n\n<p class=\"wp-block-paragraph\"><strong>Hot spot e passeggino:<\/strong> al Lago di Sorapis con il passeggino, ovviamente, scordatelo: \u00e8 un terreno solo per camminatori esperti o per un buon marsupio. Al contrario, la passeggiata rilassante attorno al Lago di Misurina o il tracciato dell&#8217;ex ferrovia sono fatti apposta anche per i normalissimi passeggini sportivi da citt\u00e0. Alle Tre Cime, con il passeggino, arrivi al primo rifugio, il Rifugio Lavaredo, e sulla larga sterrata lo fai con calma, senza scuotere del tutto il bambino. <\/p>\n\n\n\n<p class=\"wp-block-paragraph\"><strong>Gli italiani e i bambini:<\/strong> questa cosa dell&#8217;Italia la adoro! Gli italiani semplicemente adorano i bambini e lo mostrano ad alta voce. Nei ristoranti non ti guardano storto n\u00e9 alzano gli occhi al cielo quando il beb\u00e8 per caso piange o strilla un po&#8217; perch\u00e9 vuole assaggiare la tua pasta. I camerieri facevano volentieri le smorfie a Jon\u00e1\u0161, portavano subito il seggiolone e in molti bar del corso hanno un comodo spazio per il cambio.<\/p>\n\n\n\n<h2 class=\"wp-block-heading\"><span class=\"ez-toc-section\" id=\"Inverno_vs_estate_sci_e_Dolomiti_Superski\"><\/span>Inverno vs. estate: sci e Dolomiti Superski<span class=\"ez-toc-section-end\"><\/span><\/h2>\n\n\n\n<p class=\"wp-block-paragraph\">Cortina per\u00f2 non dorme solo d&#8217;estate. Appena arriva la neve, si trasforma in un luogo che gli sciatori adorano e a cui io sinceramente li invidio, perch\u00e9 io con gli sci proprio non vado d&#8217;accordo. <\/p>\n\n\n\n<p class=\"wp-block-paragraph\">Cortina fa infatti parte dell&#8217;enorme comprensorio sciistico <a href=\"https:\/\/www.dolomitisuperski.com\/\" target=\"_blank\" rel=\"nofollow noopener\">Dolomiti Superski<\/a>, il che significa che puoi comprare un unico skipass valido su centinaia di rispettabili chilometri di piste fantastiche in tutte le Dolomiti. Proprio a Cortina trovi poi tre principali aree sciistiche: Tofana, Faloria-Cristallo e Lagazuoi-5 Torri. Insieme offrono splendide piste larghe con panorami che probabilmente non trovi da nessun&#8217;altra parte in Europa, e anche io, che non scio, mi sono goduta il sole sulla terrazza di un rifugio.<\/p>\n\n\n\n<p class=\"wp-block-paragraph\">Se vieni a sciare, un piccolo consiglio personale: scaricati assolutamente sul telefono la mappa delle aree sciistiche, perch\u00e9 sono davvero vaste. Se ti avventuri per esempio sul famoso e amato giro del Sella Ronda, puoi facilmente perderti e non prendere l&#8217;ultimissima funivia di ritorno nella tua valle, il che significherebbe un taxi molto caro fino all&#8217;hotel!<\/p>\n\n\n\n<p class=\"wp-block-paragraph\">E ancora una volta ti ricordo quel famoso effetto olimpico. Per i Giochi invernali 2026 si stanno attualmente costruendo in massa impianti a fune del tutto nuovi e ammodernando le piste per gli atleti. Dagli inverni 2024 e 2025 vedrai gi\u00e0 parecchi cantieri, ma la ricompensa saranno impianti sciistici modernissimi. Metti in conto per\u00f2 che gli skipass probabilmente rincareranno, perch\u00e9 quelle nuove tecnologie da qualche parte dovranno pur ripagarsi.<\/p>\n\n\n\n<h2 class=\"wp-block-heading\"><span class=\"ez-toc-section\" id=\"Cosa_assaggiare_e_dove_mangiare\"><\/span><span class=\"ez-toc-section\" id=\"Cosa_assaggiare_e_dove_mangiare\"><\/span>Cosa assaggiare e dove mangiare<span class=\"ez-toc-section-end\"><\/span><\/h2>\n\n\n\n<p class=\"wp-block-paragraph\">Ed eccoci al mio argomento preferito: il cibo italiano! Dimentica per un attimo la classica pizza napoletana (anche se ovviamente la trovi pure qui ed \u00e8 ottima). La cucina di montagna qui \u00e8 tutta un&#8217;altra categoria: onesta, terragna, come se ti avesse cucinato il pranzo la nonna in baita, ma una nonna italiana con il parmigiano, tanto burro ed erbe locali.<\/p>\n\n\n\n<p class=\"wp-block-paragraph\">Cosa devi assolutamente assaggiare:<\/p>\n\n\n\n<ul class=\"wp-block-list\">\n<li>  <strong>Canederli:<\/strong> gli gnocchi di pane, che qui fanno anche nella variante al formaggio o agli spinaci, serviti in un brodo denso o semplicemente conditi con burro fuso e salvia. \u00c8 il piatto perfetto dopo una giornata di trekking al freddo, che ti scalda e ti sazia fino a sera garantito.<\/li>\n\n\n\n<li>  <strong>Casunziei all&#8217;Ampezzana:<\/strong> questo \u00e8 un vero tesoro locale per cui vado matta. Sono sottili mezzelune di pasta ripiene di rapa rossa cotta e cosparse sopra di semi di papavero e parmigiano. So che suona strano, ma la combinazione della rapa dolce e del burro profumato \u00e8 semplicemente fantastica!<\/li>\n\n\n\n<li>  <strong>Polenta con selvaggina:<\/strong> un classico per gli amanti della carne. La polenta gialla, che noi da vegetariani prendiamo con i porcini e i formaggi di montagna fusi, \u00e8 altrettanto sostanziosa e calorosa della versione di carne, che qui i locali servono con rag\u00f9 di selvaggina.<\/li>\n\n\n\n<li>  <strong>Formaggio di malga:<\/strong> i formaggi locali degli alpeggi con quel tipico aroma intenso. Ordina sempre, per iniziare, un tagliere di formaggi come antipasto insieme al vino: non sbagli mai.<\/li>\n<\/ul>\n\n\n\n<h3 class=\"wp-block-heading\"><span class=\"ez-toc-section\" id=\"I_nostri_ristoranti_e_rifugi_preferiti\"><\/span>I nostri ristoranti e rifugi preferiti<span class=\"ez-toc-section-end\"><\/span><\/h3>\n\n\n\n<p class=\"wp-block-paragraph\">Gi\u00e0 che siamo in tema cibo, devo condividere con te i posti concreti dove abbiamo mangiato meglio. Fantastica \u00e8 ad esempio la <a href=\"https:\/\/www.baitafraina.it\/\" target=\"_blank\" rel=\"nofollow noopener\">Baita Fraina<\/a>, un ristorante familiare accoglientissimo a due passi dal centro, dove andiamo per la loro famosa pasta ripiena. L&#8217;ambiente \u00e8 splendidamente in legno, hanno una carta dei vini eccezionale e ti senti come se fossi andato a pranzo la domenica a casa di qualcuno.<\/p>\n\n\n\n<p class=\"wp-block-paragraph\">Se ti aggiri per i monti attorno alle Cinque Torri e hai una fame da lupi, non puoi assolutamente perdere il <a href=\"https:\/\/rifugioaverau.it\/\" target=\"_blank\" rel=\"nofollow noopener\">Rifugio Averau<\/a>. Ha fama di essere il rifugio che cucina meglio di tutti in zona e devo essere d&#8217;accordo: i loro canederli e la vista sulle pareti rocciose non si possono paragonare a nient&#8217;altro. E per una pizza veloce e assolutamente impeccabile la sera dopo la gita ci infiliamo sempre al Ristorante Pizzeria Croda Cafe, proprio sulla zona pedonale di Cortina.<\/p>\n\n\n\n<h2 class=\"wp-block-heading\"><span class=\"ez-toc-section\" id=\"Cosa_portare_a_casa_da_Cortina_shopping\"><\/span>Cosa portare a casa da Cortina (shopping)<span class=\"ez-toc-section-end\"><\/span><\/h2>\n\n\n\n<p class=\"wp-block-paragraph\">Una passeggiata per il centro splendidamente illuminato di sicuro non ti lascer\u00e0 indifferente e avrai la tentazione di fare acquisti. Anche se qui si vendono soprattutto i marchi di lusso pi\u00f9 cari, con un po&#8217; di fortuna si trovano anche souvenir bellissimi e autentici che a casa ti faranno piacere.<\/p>\n\n\n\n<p class=\"wp-block-paragraph\">Proprio qui, infatti, mi sono comprata per la prima volta in vita mia un tagliere intagliato a mano. Era in un piccolo negozio fuori dal corso principale, dove vendono statuette, orologi di legno e vari onesti oggetti artigianali, e non ho proprio saputo resistere. Le borse e i portafogli di pelle di Corso Italia sono poi un classico assoluto, davanti a cui Luk\u00e1\u0161 sospira sempre in silenzio quando vede quanto spendo di nuovo, ma quella pelle italiana profuma proprio in modo diverso e dura anni.<\/p>\n\n\n\n<p class=\"wp-block-paragraph\">E un piccolo consiglio personale per la fine stagione: se vai a Cortina a fine marzo o inizio aprile, i negozi di articoli sportivi di lusso fanno enormi saldi sull&#8217;attrezzatura da sci dell&#8217;anno precedente e su splendidi capi invernali. Spesso cos\u00ec si possono acchiappare pezzi tecnici davvero di lusso, giacche e caschi a una frazione dei prezzi astronomici originali.<\/p>\n\n\n\n<h2 class=\"wp-block-heading\"><span class=\"ez-toc-section\" id=\"Consigli_pratici_finali\"><\/span><span class=\"ez-toc-section\" id=\"Consigli_pratici_finali\"><\/span>Consigli pratici finali<span class=\"ez-toc-section-end\"><\/span><\/h2>\n\n\n\n<p class=\"wp-block-paragraph\">Proprio alla fine ho messo insieme per te qualche consiglio pratico un po&#8217; terra terra, ma tremendamente importante. Quando viaggi in autonomia, \u00e8 bello avere queste cose risolte in anticipo, per non doverti stressare sul posto con internet che cade o autonoleggi cari.<\/p>\n\n\n\n<p class=\"wp-block-paragraph\">Noi negli anni ormai ce la caviamo piuttosto bene, quindi che tu stia risolvendo come arrivarci in aereo o dove assicurarti in fretta contro gli infortuni in montagna, qui trovi ci\u00f2 che a me e Luk\u00e1\u0161 funziona meglio di tutto nelle nostre avventure.<\/p>\n\n\n\n<h3 class=\"wp-block-heading\"><span class=\"ez-toc-section\" id=\"Dove_trovare_i_voli\"><\/span>Dove trovare i voli<span class=\"ez-toc-section-end\"><\/span><\/h3>\n\n\n\n<p class=\"wp-block-paragraph\">Se non arrivi con la tua auto e vuoi risparmiare tempo, l&#8217;aeroporto pi\u00f9 vicino \u00e8 quello di Venezia. Se parti da Roma o Milano, compagnie come ITA Airways, Ryanair o easyJet coprono la tratta interna verso Venezia; i voli economici li cerchiamo da anni sui soliti comparatori, dove si trovano belle combinazioni e a volte offerte inaspettatamente convenienti in bassa stagione.<\/p>\n\n\n\n<p class=\"wp-block-paragraph\">Dall&#8217;aeroporto di Venezia, poi, ci sono anche autobus diretti Cortina Express fino a Cortina, ma noi abbiamo sempre preferito la libert\u00e0 della propria auto, di cui scrivo nel punto successivo, perch\u00e9 affidarsi agli orari dei mezzi in Italia \u00e8 a volte una piccola lotteria.<\/p>\n\n\n\n<h3 class=\"wp-block-heading\"><span class=\"ez-toc-section\" id=\"Noleggio_auto\"><\/span>Noleggio auto<span class=\"ez-toc-section-end\"><\/span><\/h3>\n\n\n\n<p class=\"wp-block-paragraph\">Senza auto, nelle Dolomiti sei a dire il vero un po&#8217; spacciato. Gli autobus d&#8217;estate ci sono, ma ti limitano moltissimo e la sera da un rifugio lontano semplicemente non torni gi\u00f9. Io e Luk\u00e1\u0161 abbiamo da tempo una buona esperienza con i portali di noleggio che usiamo in tutto il mondo, senza mai un problema alla restituzione della cauzione.<\/p>\n\n\n\n<p class=\"wp-block-paragraph\">Se noleggi l&#8217;auto direttamente all&#8217;aeroporto di Venezia, in meno di due ore di bella strada panoramica sei proprio nel centro di Cortina e puoi pianificare le gite in montagna e gli arrivi mattutini ai parcheggi esattamente su misura per te.<\/p>\n\n\n\n<h3 class=\"wp-block-heading\"><span class=\"ez-toc-section\" id=\"Non_dimenticare_lassicurazione\"><\/span>Non dimenticare l&#8217;assicurazione<span class=\"ez-toc-section-end\"><\/span><\/h3>\n\n\n\n<p class=\"wp-block-paragraph\">Questa cosa per favore non sottovalutarla davvero. La montagna \u00e8 montagna e una caviglia storta su una pietra scivolosa durante la discesa dal lago qui si rivela subito costosissima, per non parlare di un eventuale intervento del soccorso alpino italiano, che manda direttamente l&#8217;elicottero.<\/p>\n\n\n\n<p class=\"wp-block-paragraph\">Noi usiamo da tempo e consigliamo caldamente <a href=\"https:\/\/loudavymkrokem.cz\/it\/assicurazione-viaggio-safetywing\/\">SafetyWing<\/a>, perch\u00e9 si sbriga online in cinque minuti anche dall&#8217;aeroporto e copre una base piuttosto ragionevole per il trekking. Luk\u00e1\u0161 la paga anche per il suo sci invernale.<\/p>\n\n\n<p class=\"wp-block-paragraph\">\u279c Prima di partire, dai un&#8217;occhiata al nostro <a href=\"https:\/\/loudavymkrokem.cz\/cestovni-pojisteni\/\">confronto delle assicurazioni di viaggio<\/a> (con sconto del 50%).<\/p>\n\n\n<h3 class=\"wp-block-heading\"><span class=\"ez-toc-section\" id=\"Internet_sul_telefono\"><\/span>Internet sul telefono<span class=\"ez-toc-section-end\"><\/span><\/h3>\n\n\n\n<p class=\"wp-block-paragraph\">L&#8217;Italia \u00e8 in UE e i dati funzionano normalmente con la tua tariffa italiana, ma in molti rifugi di montagna ogni tanto cade il segnale e, inoltre, a volte si sconfina per errore nelle reti svizzere, se ti sposti un po&#8217; pi\u00f9 a nordovest.<\/p>\n\n\n\n<p class=\"wp-block-paragraph\">Per dati stabili e quella sicurezza in pi\u00f9, non solo in Europa, usiamo spesso una eSIM di <a href=\"https:\/\/loudavymkrokem.cz\/it\/esim-holafly-recensione\/\">Holafly<\/a>. La imposti in anticipo tramite QR code, non devi cambiare la SIM fisica e i dati funzionano splendidamente fluidi anche dove l&#8217;operatore comincia a mollare.<\/p>\n\n\n\n<h2 class=\"wp-block-heading\"><span class=\"ez-toc-section\" id=\"Domande_frequenti_FAQ\"><\/span>Domande frequenti (FAQ)<span class=\"ez-toc-section-end\"><\/span><\/h2>\n\n\n\n<p class=\"wp-block-paragraph\">So che pianificare il primo viaggio da queste parti pu\u00f2 creare un po&#8217; di confusione, soprattutto quando vedi tutti quei nomi italiani e tedeschi e senti storie su parcheggi affollati. Ogni anno nei messaggi su Instagram ci arriva una marea di domande sempre sulle stesse cose.<\/p>\n\n\n\n<p class=\"wp-block-paragraph\">Ecco quindi le domande pi\u00f9 frequenti che riceviamo da parte tua sulla visita di Cortina e di tutte le Dolomiti, con le mie risposte del tutto sincere, basate sugli anni in cui io e Luk\u00e1\u0161 veniamo quass\u00f9.<\/p>\n\n\n<div id=\"rank-math-faq\" class=\"rank-math-block\">\n<div class=\"rank-math-list \">\n<div id=\"faq-question-1779738004000\" class=\"rank-math-list-item\">\n<h3 class=\"rank-math-question \"><span class=\"ez-toc-section\" id=\"1_Cosa_fare_a_Cortina\"><\/span>1. Cosa fare a Cortina?<span class=\"ez-toc-section-end\"><\/span><\/h3>\n<div class=\"rank-math-answer \">\n\n<p>Oltre ai bellissimi e impegnativi trekking in montagna e al fantastico sci invernale, potete semplicemente passeggiare pigramente per la zona pedonale di Corso Italia, salire con le funivie su Tofana e Faloria per un caff\u00e8 o esplorare il vicino straordinario museo all&#8217;aperto della prima guerra mondiale a Cinque Torri. Insomma, qui non vi annoierete di certo, anche se non avete voglia di camminare decine di chilometri con lo zaino in spalla. Potete scoprire il turchese Lago di Sorapis e tanti altri laghi pi\u00f9 piccoli e pi\u00f9 grandi nei dintorni.<\/p>\n\n<\/div>\n<\/div>\n<div id=\"faq-question-1779738004001\" class=\"rank-math-list-item\">\n<h3 class=\"rank-math-question \"><span class=\"ez-toc-section\" id=\"2_Cosa_significa_Cortina_dAmpezzo\"><\/span>2. Cosa significa Cortina d&#8217;Ampezzo?<span class=\"ez-toc-section-end\"><\/span><\/h3>\n<div class=\"rank-math-answer \">\n\n<p>Il nome di questa citt\u00e0 deriva da due antiche parole. La parola Cortina significa nel vecchio dialetto locale un piccolo spazio delimitato, un cortile o storicamente indicava spesso un piccolo cimitero recintato presso la chiesa. La parola Ampezzo \u00e8 invece il nome storico per tutta quella vasta conca verde che si estende attorno al selvaggio fiume Boite. Insieme danno un bellissimo nome a questo pittoresco villaggio di montagna, che per\u00f2 \u00e8 cresciuto gradualmente fino a diventare una localit\u00e0 conosciuta in tutto il mondo.<\/p>\n\n<\/div>\n<\/div>\n<div id=\"faq-question-1779738004002\" class=\"rank-math-list-item\">\n<h3 class=\"rank-math-question \"><span class=\"ez-toc-section\" id=\"3_Cosa_fare_a_Cortina_quando_piove\"><\/span>3. Cosa fare a Cortina quando piove?<span class=\"ez-toc-section-end\"><\/span><\/h3>\n<div class=\"rank-math-answer \">\n\n<p>Non disperate assolutamente e andate direttamente allo Stadio Olimpico del Ghiaccio, dove potete pattinare in un&#8217;atmosfera retr\u00f2, oppure andate a scaldarvi e rilassarvi in una delle spa degli hotel di lusso locali. Un&#8217;altra ottima opzione per una giornata piovosa \u00e8 semplicemente dichiarare una giornata di shopping su Corso Italia, rannicchiarsi in un maglione e passare l&#8217;intero pomeriggio degustando ottimo vino rosso e formaggi locali in una delle tante osterie italiane riscaldate.<\/p>\n\n<\/div>\n<\/div>\n<div id=\"faq-question-1779738004003\" class=\"rank-math-list-item\">\n<h3 class=\"rank-math-question \"><span class=\"ez-toc-section\" id=\"4_Come_funziona_con_le_zone_ZTL_e_il_parcheggio\"><\/span>4. Come funziona con le zone ZTL e il parcheggio?<span class=\"ez-toc-section-end\"><\/span><\/h3>\n<div class=\"rank-math-answer \">\n\n<p>Nel centro stesso di Cortina, cio\u00e8 nella cosiddetta zona ZTL, le auto semplicemente non possono entrare senza un permesso speciale. \u00c8 controllato rigorosamente e senza compromessi dalle telecamere ed \u00e8 sotto la minaccia di multe elevate, che gli italiani davvero trovano e vi spediscono a casa. Dovete quindi parcheggiare nei parcheggi contrassegnati, spesso ovviamente a pagamento, ai margini della citt\u00e0. Se alloggiate direttamente in centro, dovete risolvere la questione in anticipo con il vostro alloggio, che organizzer\u00e0 l&#8217;accesso alla zona per voi sulla base della vostra targa.<\/p>\n\n<\/div>\n<\/div>\n<div id=\"faq-question-1779738004004\" class=\"rank-math-list-item\">\n<h3 class=\"rank-math-question \"><span class=\"ez-toc-section\" id=\"5_E_possibile_godersi_Cortina_anche_senza_auto\"><\/span>5. \u00c8 possibile godersi Cortina anche senza auto?<span class=\"ez-toc-section-end\"><\/span><\/h3>\n<div class=\"rank-math-answer \">\n\n<p>S\u00ec, \u00e8 certamente possibile, ma \u00e8 un compromesso abbastanza grande che vi toglier\u00e0 un po&#8217; di quella libert\u00e0. Il trasporto locale in autobus funziona abbastanza bene per i luoghi pi\u00f9 famosi, come Passo Falzarego o Tre Cime, quindi potete raggiungere quelle localit\u00e0 top. Sfortunatamente in alta stagione estiva gli autobus sono molto affollati, a volte semplicemente non si fermano e siete spiacevolmente dipendenti dai loro orari, che inoltre a volte all&#8217;italiana non vengono rispettati del tutto. Noleggiare un&#8217;auto d\u00e0 semplicemente quell&#8217;enorme libert\u00e0 a cui siamo abituati.<\/p>\n\n<\/div>\n<\/div>\n<div id=\"faq-question-1779738004005\" class=\"rank-math-list-item\">\n<h3 class=\"rank-math-question \"><span class=\"ez-toc-section\" id=\"6_Quanti_giorni_servono_per_visitare_Cortina\"><\/span>6. Quanti giorni servono per visitare Cortina?<span class=\"ez-toc-section-end\"><\/span><\/h3>\n<div class=\"rank-math-answer \">\n\n<p>Per vedere le bellezze pi\u00f9 grandi in assoluto e senza fretta da un posto all&#8217;altro con la lingua di fuori, consigliamo di riservare almeno quattro o cinque giorni interi di tempo puro. Secondo noi \u00e8 quel tempo di compromesso ideale per una buona combinazione di una corsa in funivia, un trekking pi\u00f9 lungo e impegnativo e relax presso i bellissimi laghi turchesi, senza sentire che dalla vacanza dovete partire subito per un&#8217;altra vacanza per l&#8217;esaurimento.<\/p>\n\n<\/div>\n<\/div>\n<div id=\"faq-question-1779738004006\" class=\"rank-math-list-item\">\n<h3 class=\"rank-math-question \"><span class=\"ez-toc-section\" id=\"7_Le_Olimpiadi_invernali_2026_influenzeranno_il_turismo_a_Cortina\"><\/span>7. Le Olimpiadi invernali 2026 influenzeranno il turismo a Cortina?<span class=\"ez-toc-section-end\"><\/span><\/h3>\n<div class=\"rank-math-answer \">\n\n<p>Certamente e parecchio. Gi\u00e0 dall&#8217;autunno 2025 e poi per tutta la stagione invernale 2026 preparatevi in anticipo a un enorme aumento dei prezzi degli alloggi, folle molto pi\u00f9 grandi di appassionati di sport e probabilmente anche varie restrizioni. In particolare aspettatevi occasionali chiusure stradali intorno agli impianti sportivi chiave o ai passi di montagna, come ad esempio Passo Gardena. Se volete godervi Cortina e i suoi dintorni in tranquillit\u00e0, per lo sci o l&#8217;escursionismo ai prezzi normali, almeno un po&#8217; ragionevoli, partite piuttosto prima che la follia olimpica scoppi completamente.<\/p>\n\n<\/div>\n<\/div>\n<\/div>\n<\/div>","protected":false},"excerpt":{"rendered":"<p>Cortina d&#8217;Ampezzo \u00e8 la nostra base principale nelle Dolomiti e quest&#8217;anno ci siamo tornati per la prima volta con il piccolo Jon\u00e1\u0161: al posto dei lunghi trekking abbiamo scelto le funivie. Una guida con 15 consigli: 4 alloggi collaudati, le trappole ZTL, gli effetti delle Olimpiadi 2026 e tutto ci\u00f2 che devi sapere prima di partire.<\/p>\n","protected":false},"author":3,"featured_media":173622,"comment_status":"open","ping_status":"open","sticky":false,"template":"","format":"standard","meta":{"_acf_changed":false,"footnotes":"","rank_math_title":"Cortina d'Ampezzo Italia: 15 consigli e cosa vedere","rank_math_description":"Cortina d'Ampezzo in Italia: 15 consigli su cosa vedere e fare, alloggi collaudati, trappole ZTL e novit\u00e0 Olimpiadi 2026. Leggi la guida e parti preparato!","rank_math_focus_keyword":"cortina d'ampezzo italia","rank_math_seo_score":""},"categories":[554,612,718,722],"tags":[],"class_list":["post-172512","post","type-post","status-publish","format-standard","has-post-thumbnail","category-europa","category-italia","category-road-trip-itinerari-di-viaggio","category-viaggi"],"acf":[],"featured_image_src":"https:\/\/loudavymkrokem.cz\/wp-content\/uploads\/2026\/05\/cortina-dampezzo-hlavni-namesti.jpg","author_info":{"display_name":"Lucie Kone\u010dn\u00e1","author_link":"https:\/\/loudavymkrokem.cz\/it\/author\/lucie-konecna\/"},"_links":{"self":[{"href":"https:\/\/loudavymkrokem.cz\/it\/wp-json\/wp\/v2\/posts\/172512","targetHints":{"allow":["GET"]}}],"collection":[{"href":"https:\/\/loudavymkrokem.cz\/it\/wp-json\/wp\/v2\/posts"}],"about":[{"href":"https:\/\/loudavymkrokem.cz\/it\/wp-json\/wp\/v2\/types\/post"}],"author":[{"embeddable":true,"href":"https:\/\/loudavymkrokem.cz\/it\/wp-json\/wp\/v2\/users\/3"}],"replies":[{"embeddable":true,"href":"https:\/\/loudavymkrokem.cz\/it\/wp-json\/wp\/v2\/comments?post=172512"}],"version-history":[{"count":0,"href":"https:\/\/loudavymkrokem.cz\/it\/wp-json\/wp\/v2\/posts\/172512\/revisions"}],"wp:featuredmedia":[{"embeddable":true,"href":"https:\/\/loudavymkrokem.cz\/it\/wp-json\/wp\/v2\/media\/173622"}],"wp:attachment":[{"href":"https:\/\/loudavymkrokem.cz\/it\/wp-json\/wp\/v2\/media?parent=172512"}],"wp:term":[{"taxonomy":"category","embeddable":true,"href":"https:\/\/loudavymkrokem.cz\/it\/wp-json\/wp\/v2\/categories?post=172512"},{"taxonomy":"post_tag","embeddable":true,"href":"https:\/\/loudavymkrokem.cz\/it\/wp-json\/wp\/v2\/tags?post=172512"}],"curies":[{"name":"wp","href":"https:\/\/api.w.org\/{rel}","templated":true}]}}