{"id":151234,"date":"2026-04-24T18:21:09","date_gmt":"2026-04-24T16:21:09","guid":{"rendered":"https:\/\/loudavymkrokem.cz\/?p=151234"},"modified":"2026-04-30T11:06:32","modified_gmt":"2026-04-30T09:06:32","slug":"ponte-carlo-praga-guida","status":"publish","type":"post","link":"https:\/\/loudavymkrokem.cz\/it\/ponte-carlo-praga-guida\/","title":{"rendered":"Ponte Carlo a Praga: Guida di una locale (storia, statue, orario migliore)"},"content":{"rendered":"<p>Quando al mattino correvo verso la prima lezione al liceo di Mal\u00e1 Strana, a volte facevo apposta un giro pi\u00f9 lungo per attraversare il Ponte Carlo a Praga (spesso semplicemente salivo sul tram sbagliato). <strong>Alle sette e mezza, soprattutto nel grigio novembre, regnava un silenzio speciale rotto solo dallo stridio dei gabbiani e dal ticchettio dei miei passi sul selciato umido.<\/strong><\/p>\n<p>Attorno alla trentina di statue barocche si avvolgeva la nebbia della Moldava e io avevo la sensazione che questo collegamento gotico tra la Citt\u00e0 Vecchia e Mal\u00e1 Strana fosse tutto mio, anche solo per un istante. Qualche anno dopo venivo a sedermi sul ponte alle 3 di notte. Per riflettere. Spesso mi cacciava via la polizia, quindi meglio non farlo.<\/p>\n<p>Con Luk\u00e1\u0161, dopo il nostro primo appuntamento al Castello di Praga, siamo scesi dalla Scalinata del Castello e siamo finiti proprio qui, <strong>ai piedi delle torri di Mal\u00e1 Strana.<\/strong> Oggi ci torniamo da genitori e scopro con orrore quanto quel maledetto selciato e i cordoli facciano traballare tutto quando si cerca di manovrare il passeggino con il nostro Jon\u00e1\u0161 di due anni. <strong>Il luogo in s\u00e9 non \u00e8 cambiato dai miei anni da studentessa, ma la mia percezione s\u00ec. Non cerco pi\u00f9 di farmi largo tra la folla a mezzogiorno in punto, preferisco alzarmi presto o venire tardi la sera, quando la citt\u00e0 finalmente respira.<\/strong><\/p>\n<p>Spesso i turisti mi chiedono se valga davvero la pena visitare questo monumento praghese famosissimo, visto che \u00e8 sempre preso d&#8217;assalto. La mia risposta \u00e8 netta: s\u00ec, ma bisogna sapere come. Non si tratta solo di attraversare da una sponda all&#8217;altra. Si tratta di notare i dettagli, conoscere un po&#8217; di contesto e scegliere il momento giusto, quando l&#8217;attrazione sovraffollata torna a essere un luogo mistico con una storia profonda.<\/p>\n<p>Venite al mattino, venite di notte, venite sotto la pioggia \u2014 ma prima leggete quello che ho da dirvi, cos\u00ec l&#8217;esperienza avr\u00e0 davvero senso.<\/p>\n<figure class=\"wp-block-image size-full\"><img loading=\"lazy\" decoding=\"async\" width=\"1200\" height=\"800\" src=\"https:\/\/loudavymkrokem.cz\/wp-content\/uploads\/2025\/03\/recenze-domus-balthasar-praha-s-batoletem-3.jpg\" alt=\"Il Ponte Carlo a Praga dista appena un minuto\" class=\"wp-image-94712\" title=\"\" srcset=\"https:\/\/loudavymkrokem.cz\/wp-content\/uploads\/2025\/03\/recenze-domus-balthasar-praha-s-batoletem-3.jpg 1200w, https:\/\/loudavymkrokem.cz\/wp-content\/uploads\/2025\/03\/recenze-domus-balthasar-praha-s-batoletem-3-300x200.jpg 300w, https:\/\/loudavymkrokem.cz\/wp-content\/uploads\/2025\/03\/recenze-domus-balthasar-praha-s-batoletem-3-700x467.jpg 700w, https:\/\/loudavymkrokem.cz\/wp-content\/uploads\/2025\/03\/recenze-domus-balthasar-praha-s-batoletem-3-768x512.jpg 768w, https:\/\/loudavymkrokem.cz\/wp-content\/uploads\/2025\/03\/recenze-domus-balthasar-praha-s-batoletem-3-696x464.jpg 696w\" sizes=\"auto, (max-width: 1200px) 100vw, 1200px\"><figcaption class=\"wp-element-caption\">Praga<\/figcaption><\/figure>\n<div id=\"ez-toc-container\" class=\"ez-toc-v2_0_82_2 ez-toc-wrap-left counter-hierarchy ez-toc-counter ez-toc-grey ez-toc-container-direction\">\n<div class=\"ez-toc-title-container\">\n<p class=\"ez-toc-title\" style=\"cursor:inherit\">Contenuto dell&#039;articolo<\/p>\n<span class=\"ez-toc-title-toggle\"><a href=\"#\" class=\"ez-toc-pull-right ez-toc-btn ez-toc-btn-xs ez-toc-btn-default ez-toc-toggle\" aria-label=\"Toggle Table of Content\"><span class=\"ez-toc-js-icon-con\"><span class=\"\"><span class=\"eztoc-hide\" style=\"display:none;\">Toggle<\/span><span class=\"ez-toc-icon-toggle-span\"><svg style=\"fill: #999;color:#999\" xmlns=\"http:\/\/www.w3.org\/2000\/svg\" class=\"list-377408\" width=\"20px\" height=\"20px\" viewBox=\"0 0 24 24\" fill=\"none\"><path d=\"M6 6H4v2h2V6zm14 0H8v2h12V6zM4 11h2v2H4v-2zm16 0H8v2h12v-2zM4 16h2v2H4v-2zm16 0H8v2h12v-2z\" fill=\"currentColor\"><\/path><\/svg><svg style=\"fill: #999;color:#999\" class=\"arrow-unsorted-368013\" xmlns=\"http:\/\/www.w3.org\/2000\/svg\" width=\"10px\" height=\"10px\" viewBox=\"0 0 24 24\" version=\"1.2\" baseProfile=\"tiny\"><path d=\"M18.2 9.3l-6.2-6.3-6.2 6.3c-.2.2-.3.4-.3.7s.1.5.3.7c.2.2.4.3.7.3h11c.3 0 .5-.1.7-.3.2-.2.3-.5.3-.7s-.1-.5-.3-.7zM5.8 14.7l6.2 6.3 6.2-6.3c.2-.2.3-.5.3-.7s-.1-.5-.3-.7c-.2-.2-.4-.3-.7-.3h-11c-.3 0-.5.1-.7.3-.2.2-.3.5-.3.7s.1.5.3.7z\"\/><\/svg><\/span><\/span><\/span><\/a><\/span><\/div>\n<nav><ul class='ez-toc-list ez-toc-list-level-1 ' ><ul class='ez-toc-list-level-3' ><li class='ez-toc-heading-level-3'><a class=\"ez-toc-link ez-toc-heading-1\" href=\"https:\/\/loudavymkrokem.cz\/it\/ponte-carlo-praga-guida\/#Riassunto\" >Riassunto<\/a><\/li><\/ul><\/li><li class='ez-toc-page-1 ez-toc-heading-level-2'><a class=\"ez-toc-link ez-toc-heading-2\" href=\"https:\/\/loudavymkrokem.cz\/it\/ponte-carlo-praga-guida\/#Quando_visitare_il_Ponte_Carlo\" >Quando visitare il Ponte Carlo<\/a><ul class='ez-toc-list-level-3' ><li class='ez-toc-heading-level-3'><a class=\"ez-toc-link ez-toc-heading-3\" href=\"https:\/\/loudavymkrokem.cz\/it\/ponte-carlo-praga-guida\/#La_magia_delle_prime_ore_e_dellalba\" >La magia delle prime ore e dell&#8217;alba<\/a><\/li><li class='ez-toc-page-1 ez-toc-heading-level-3'><a class=\"ez-toc-link ez-toc-heading-4\" href=\"https:\/\/loudavymkrokem.cz\/it\/ponte-carlo-praga-guida\/#Trambusto_pomeridiano_e_quiete_serale\" >Trambusto pomeridiano e quiete serale<\/a><\/li><\/ul><\/li><li class='ez-toc-page-1 ez-toc-heading-level-2'><a class=\"ez-toc-link ez-toc-heading-5\" href=\"https:\/\/loudavymkrokem.cz\/it\/ponte-carlo-praga-guida\/#Dove_alloggiare\" >Dove alloggiare<\/a><\/li><li class='ez-toc-page-1 ez-toc-heading-level-2'><a class=\"ez-toc-link ez-toc-heading-6\" href=\"https:\/\/loudavymkrokem.cz\/it\/ponte-carlo-praga-guida\/#Storia_e_architettura_del_Ponte_Carlo\" >Storia e architettura del Ponte Carlo<\/a><ul class='ez-toc-list-level-3' ><li class='ez-toc-heading-level-3'><a class=\"ez-toc-link ez-toc-heading-7\" href=\"https:\/\/loudavymkrokem.cz\/it\/ponte-carlo-praga-guida\/#La_data_magica_di_fondazione_e_Peter_Parler\" >La data magica di fondazione e Peter Parler<\/a><\/li><li class='ez-toc-page-1 ez-toc-heading-level-3'><a class=\"ez-toc-link ez-toc-heading-8\" href=\"https:\/\/loudavymkrokem.cz\/it\/ponte-carlo-praga-guida\/#Il_mito_delle_uova_e_la_dura_realta_delle_piene\" >Il mito delle uova e la dura realt\u00e0 delle piene<\/a><\/li><li class='ez-toc-page-1 ez-toc-heading-level-3'><a class=\"ez-toc-link ez-toc-heading-9\" href=\"https:\/\/loudavymkrokem.cz\/it\/ponte-carlo-praga-guida\/#Bradac_il_sistema_di_allarme_di_Praga\" >Brad\u00e1\u010d: il sistema di allarme di Praga<\/a><\/li><\/ul><\/li><li class='ez-toc-page-1 ez-toc-heading-level-2'><a class=\"ez-toc-link ez-toc-heading-10\" href=\"https:\/\/loudavymkrokem.cz\/it\/ponte-carlo-praga-guida\/#Statue_del_Ponte_Carlo_galleria_a_cielo_aperto\" >Statue del Ponte Carlo: galleria a cielo aperto<\/a><ul class='ez-toc-list-level-3' ><li class='ez-toc-heading-level-3'><a class=\"ez-toc-link ez-toc-heading-11\" href=\"https:\/\/loudavymkrokem.cz\/it\/ponte-carlo-praga-guida\/#San_Giovanni_Nepomuceno_e_il_rituale_portafortuna\" >San Giovanni Nepomuceno e il rituale portafortuna<\/a><\/li><li class='ez-toc-page-1 ez-toc-heading-level-3'><a class=\"ez-toc-link ez-toc-heading-12\" href=\"https:\/\/loudavymkrokem.cz\/it\/ponte-carlo-praga-guida\/#Il_sogno_di_Santa_Lutgarda\" >Il sogno di Santa Lutgarda<\/a><\/li><li class='ez-toc-page-1 ez-toc-heading-level-3'><a class=\"ez-toc-link ez-toc-heading-13\" href=\"https:\/\/loudavymkrokem.cz\/it\/ponte-carlo-praga-guida\/#Gruppo_scultoreo_di_San_Vincenzo_Ferreri_e_Procopio\" >Gruppo scultoreo di San Vincenzo Ferreri e Procopio<\/a><\/li><\/ul><\/li><li class='ez-toc-page-1 ez-toc-heading-level-2'><a class=\"ez-toc-link ez-toc-heading-14\" href=\"https:\/\/loudavymkrokem.cz\/it\/ponte-carlo-praga-guida\/#Torri_del_Ponte_Carlo_panorami_dallalto\" >Torri del Ponte Carlo: panorami dall&#8217;alto<\/a><ul class='ez-toc-list-level-3' ><li class='ez-toc-heading-level-3'><a class=\"ez-toc-link ez-toc-heading-15\" href=\"https:\/\/loudavymkrokem.cz\/it\/ponte-carlo-praga-guida\/#Torre_della_Citta_Vecchia\" >Torre della Citt\u00e0 Vecchia<\/a><\/li><li class='ez-toc-page-1 ez-toc-heading-level-3'><a class=\"ez-toc-link ez-toc-heading-16\" href=\"https:\/\/loudavymkrokem.cz\/it\/ponte-carlo-praga-guida\/#Torri_di_Mala_Strana\" >Torri di Mal\u00e1 Strana<\/a><\/li><\/ul><\/li><li class='ez-toc-page-1 ez-toc-heading-level-2'><a class=\"ez-toc-link ez-toc-heading-17\" href=\"https:\/\/loudavymkrokem.cz\/it\/ponte-carlo-praga-guida\/#Informazioni_pratiche\" >Informazioni pratiche<\/a><ul class='ez-toc-list-level-3' ><li class='ez-toc-heading-level-3'><a class=\"ez-toc-link ez-toc-heading-18\" href=\"https:\/\/loudavymkrokem.cz\/it\/ponte-carlo-praga-guida\/#Trasporti_e_come_raggiungere_il_ponte\" >Trasporti e come raggiungere il ponte<\/a><\/li><li class='ez-toc-page-1 ez-toc-heading-level-3'><a class=\"ez-toc-link ez-toc-heading-19\" href=\"https:\/\/loudavymkrokem.cz\/it\/ponte-carlo-praga-guida\/#Visite_guidate_e_crociere_sulla_Moldava\" >Visite guidate e crociere sulla Moldava<\/a><\/li><li class='ez-toc-page-1 ez-toc-heading-level-3'><a class=\"ez-toc-link ez-toc-heading-20\" href=\"https:\/\/loudavymkrokem.cz\/it\/ponte-carlo-praga-guida\/#Dove_mangiare_e_dove_prendere_un_caffe_senza_cadere_in_trappola\" >Dove mangiare e dove prendere un caff\u00e8 (senza cadere in trappola)<\/a><\/li><\/ul><\/li><li class='ez-toc-page-1 ez-toc-heading-level-2'><a class=\"ez-toc-link ez-toc-heading-21\" href=\"https:\/\/loudavymkrokem.cz\/it\/ponte-carlo-praga-guida\/#Domande_frequenti\" >Domande frequenti<\/a><ul class='ez-toc-list-level-3' ><li class='ez-toc-heading-level-3'><a class=\"ez-toc-link ez-toc-heading-22\" href=\"https:\/\/loudavymkrokem.cz\/it\/ponte-carlo-praga-guida\/#Lingresso_al_Ponte_Carlo_e_a_pagamento\" >L&#8217;ingresso al Ponte Carlo \u00e8 a pagamento?<\/a><\/li><li class='ez-toc-page-1 ez-toc-heading-level-3'><a class=\"ez-toc-link ez-toc-heading-23\" href=\"https:\/\/loudavymkrokem.cz\/it\/ponte-carlo-praga-guida\/#Quando_ce_meno_gente\" >Quando c&#8217;\u00e8 meno gente?<\/a><\/li><li class='ez-toc-page-1 ez-toc-heading-level-3'><a class=\"ez-toc-link ez-toc-heading-24\" href=\"https:\/\/loudavymkrokem.cz\/it\/ponte-carlo-praga-guida\/#Si_puo_attraversare_in_bicicletta_o_monopattino\" >Si pu\u00f2 attraversare in bicicletta o monopattino?<\/a><\/li><li class='ez-toc-page-1 ez-toc-heading-level-3'><a class=\"ez-toc-link ez-toc-heading-25\" href=\"https:\/\/loudavymkrokem.cz\/it\/ponte-carlo-praga-guida\/#Le_statue_sono_originali\" >Le statue sono originali?<\/a><\/li><li class='ez-toc-page-1 ez-toc-heading-level-3'><a class=\"ez-toc-link ez-toc-heading-26\" href=\"https:\/\/loudavymkrokem.cz\/it\/ponte-carlo-praga-guida\/#Quanto_tempo_ci_vuole_per_attraversare_da_una_sponda_allaltra\" >Quanto tempo ci vuole per attraversare da una sponda all&#8217;altra?<\/a><\/li><li class='ez-toc-page-1 ez-toc-heading-level-3'><a class=\"ez-toc-link ez-toc-heading-27\" href=\"https:\/\/loudavymkrokem.cz\/it\/ponte-carlo-praga-guida\/#Il_percorso_e_accessibile\" >Il percorso \u00e8 accessibile?<\/a><\/li><\/ul><\/li><\/ul><\/nav><\/div>\n<h3 class=\"wp-block-heading\"><span class=\"ez-toc-section\" id=\"Riassunto\"><\/span><span class=\"ez-toc-section\" id=\"Riassunto\"><\/span>Riassunto<span class=\"ez-toc-section-end\"><\/span><span class=\"ez-toc-section-end\"><\/span><\/h3>\n<ul class=\"wp-block-list\">\n<li>L&#8217;orario migliore per la visita \u00e8 all&#8217;alba o a tarda notte (dopo le <strong>23:00<\/strong>), cos\u00ec eviterete le folle brutali dei gruppi organizzati.<\/li>\n<li>La prima pietra fu posata nel <strong>1357<\/strong>, esattamente il <strong>9 luglio alle 5:31<\/strong> del mattino, per creare la sequenza numerica magica 1-3-5-7-9-7-5-3-1.<\/li>\n<li>La maggior parte delle 30 statue sul ponte sono oggi copie in arenaria; gli originali si trovano protetti nel <a href=\"https:\/\/www.nm.cz\/\" target=\"_blank\" rel=\"nofollow noopener\">Lapidario del Museo Nazionale<\/a> e a Vy\u0161ehrad.<\/li>\n<li>La statua di San Giovanni Nepomuceno \u00e8 quella con i rilievi in bronzo levigati. Toccarli porterebbe fortuna e garantirebbe un ritorno a Praga.<\/li>\n<li>Sia la Torre della Citt\u00e0 Vecchia che quella di Mal\u00e1 Strana offrono alcune delle migliori viste sul centro storico; l&#8217;ingresso base costa circa <strong>8 \u20ac<\/strong>.<\/li>\n<li><strong>Brad\u00e1\u010d<\/strong> \u00e8 un discreto rilievo in pietra raffigurante una testa maschile vicino alla Torre della Citt\u00e0 Vecchia, usato per secoli dai praghesi come indicatore del livello dell&#8217;acqua durante le piene.<\/li>\n<li>Per le famiglie con passeggino l&#8217;attraversamento \u00e8 senza barriere, ma per scendere direttamente all&#8217;isola di Kampa bisogna affrontare una ripida scalinata.<\/li>\n<li>Il ponte \u00e8 una zona esclusivamente pedonale; le fermate dei mezzi pubblici pi\u00f9 vicine sono <strong>Starom\u011bstsk\u00e1<\/strong> sulla riva destra e <strong>Malostransk\u00e9 n\u00e1m\u011bst\u00ed<\/strong> sulla riva sinistra.<\/li>\n<\/ul>\n<h2 class=\"wp-block-heading\"><span class=\"ez-toc-section\" id=\"Quando_visitare_il_Ponte_Carlo\"><\/span><span class=\"ez-toc-section\" id=\"Quando_visitare_il_Ponte_Carlo\"><\/span>Quando visitare il Ponte Carlo<span class=\"ez-toc-section-end\"><\/span><span class=\"ez-toc-section-end\"><\/span><\/h2>\n<p>Scegliere il momento giusto \u00e8 assolutamente fondamentale per questo monumento. Se vi presentate alle tre del pomeriggio a met\u00e0 agosto, probabilmente vi porterete a casa solo frustrazione, caviglie pestate e foto piene di schiene altrui. I cambiamenti di luce e la densit\u00e0 della folla lo trasformano in diversi luoghi completamente diversi nell&#8217;arco di ventiquattro ore. Ho vissuto a Praga per dieci anni, quindi posso dirvi con tutta sincerit\u00e0 che il tempismo fa met\u00e0 dell&#8217;esperienza.<\/p>\n<h3 class=\"wp-block-heading\"><span class=\"ez-toc-section\" id=\"La_magia_delle_prime_ore_e_dellalba\"><\/span><span class=\"ez-toc-section\" id=\"La_magia_delle_prime_ore_e_dell_alba\"><\/span>La magia delle prime ore e dell&#8217;alba<span class=\"ez-toc-section-end\"><\/span><span class=\"ez-toc-section-end\"><\/span><\/h3>\n<p>Chi si alza presto riceve Praga su un piatto d&#8217;argento. Quando all&#8217;universit\u00e0 imparavo a fotografare con la luce del mattino, ho scoperto che la finestra tra le <strong>cinque e le sette<\/strong> \u00e8 sacra. Incontrerete solo qualche jogger, fotografi solitari e spazzini. Il sole si alza pigramente dietro le torri della Citt\u00e0 Vecchia e dalla Moldava sale spesso una sottile nebbia d&#8217;inversione che conferisce alle statue un aspetto drammatico, quasi spettrale. La luce \u00e8 morbida, il selciato luccica e avete lo spazio per fermarvi davanti a ogni gruppo scultoreo senza che nessuno vi urti. \u00c8 il momento in cui la citt\u00e0 rivela il suo volto crudo e sereno, quello che non troverete fotografato nelle guide.<\/p>\n<p>Alzarsi presto significa arrivare idealmente 30 minuti prima dell&#8217;alba ufficiale (in estate anche intorno alle quattro e mezza, in inverno basta arrivare dopo le sette). Il modo pi\u00f9 semplice per raggiungerlo \u00e8 con i tram notturni o le prime corse della metro, quando avrete il vagone quasi tutto per voi.<\/p>\n<p><strong>\ud83d\udca1 Consiglio da locale:<\/strong> Se avete intenzione di fotografare, portatevi un treppiede. La mattina presto, a differenza delle ore diurne, \u00e8 possibile usarlo senza che una folla inferocita ci inciampi sopra.<\/p>\n<figure class=\"wp-block-image size-full\"><img loading=\"lazy\" decoding=\"async\" width=\"2528\" height=\"1696\" src=\"https:\/\/loudavymkrokem.cz\/wp-content\/uploads\/2026\/03\/prazsky-hrad-karluv-most.jpg\" alt=\"Il Ponte Carlo all&#039;alba nella nebbia\" class=\"wp-image-139608\" title=\"\" srcset=\"https:\/\/loudavymkrokem.cz\/wp-content\/uploads\/2026\/03\/prazsky-hrad-karluv-most.jpg 2528w, https:\/\/loudavymkrokem.cz\/wp-content\/uploads\/2026\/03\/prazsky-hrad-karluv-most-300x201.jpg 300w, https:\/\/loudavymkrokem.cz\/wp-content\/uploads\/2026\/03\/prazsky-hrad-karluv-most-700x470.jpg 700w, https:\/\/loudavymkrokem.cz\/wp-content\/uploads\/2026\/03\/prazsky-hrad-karluv-most-768x515.jpg 768w, https:\/\/loudavymkrokem.cz\/wp-content\/uploads\/2026\/03\/prazsky-hrad-karluv-most-1536x1030.jpg 1536w, https:\/\/loudavymkrokem.cz\/wp-content\/uploads\/2026\/03\/prazsky-hrad-karluv-most-2048x1374.jpg 2048w, https:\/\/loudavymkrokem.cz\/wp-content\/uploads\/2026\/03\/prazsky-hrad-karluv-most-696x467.jpg 696w, https:\/\/loudavymkrokem.cz\/wp-content\/uploads\/2026\/03\/prazsky-hrad-karluv-most-1392x934.jpg 1392w, https:\/\/loudavymkrokem.cz\/wp-content\/uploads\/2026\/03\/prazsky-hrad-karluv-most-1920x1288.jpg 1920w\" sizes=\"auto, (max-width: 2528px) 100vw, 2528px\"><figcaption class=\"wp-element-caption\">Praga<\/figcaption><\/figure>\n<h3 class=\"wp-block-heading\"><span class=\"ez-toc-section\" id=\"Trambusto_pomeridiano_e_quiete_serale\"><\/span><span class=\"ez-toc-section\" id=\"Trambusto_pomeridiano_e_quiete_serale\"><\/span>Trambusto pomeridiano e quiete serale<span class=\"ez-toc-section-end\"><\/span><span class=\"ez-toc-section-end\"><\/span><\/h3>\n<p><strong>Tra le dieci del mattino e le nove di sera il ponte \u00e8 un corso pulsante.<\/strong> Si incrociano caricaturisti, musicisti di strada e decine di gruppi organizzati che seguono guide con ombrelli alzati. <strong>Una passeggiata con il passeggino in queste ore richiede gomiti affilati e nervi d&#8217;acciaio, perci\u00f2 con Jon\u00e1\u0161 la evitiamo come la peste.<\/strong> Il tardo pomeriggio, per\u00f2, porta una calda luce dorata che accarezza le facciate di Hrad\u010dany e trasforma la vista sul fiume in un quadro perfetto. <strong>La vera quiete arriva solo dopo le ventidue, quando la folla si disperde nei pub e la luce gialla dei lampioni a gas proietta ombre inquietanti sui volti barocchi dei santi in arenaria.<\/strong><\/p>\n<p>I lampioni a gas sul ponte si accendono automaticamente insieme all&#8217;illuminazione pubblica, ma durante l&#8217;Avvento (fine novembre e dicembre) potreste incontrare un vero lampionaio in costume d&#8217;epoca che li accende con una lunga asta.<\/p>\n<p><strong>\ud83d\udca1 Consiglio da locale:<\/strong> Andate di notte sotto la pioggia. I riflessi delle lampade sul selciato bagnato sono meravigliosi e, dato che l&#8217;acqua manda in fuga la maggior parte delle persone verso i bar, con ogni probabilit\u00e0 sarete completamente soli.<\/p>\n<figure class=\"wp-block-image size-full\"><img loading=\"lazy\" decoding=\"async\" width=\"1200\" height=\"800\" src=\"https:\/\/loudavymkrokem.cz\/wp-content\/uploads\/2026\/04\/karluv-most-4142.jpg\" alt=\"Il Ponte Carlo a Praga\" class=\"wp-image-151098\" title=\"\" srcset=\"https:\/\/loudavymkrokem.cz\/wp-content\/uploads\/2026\/04\/karluv-most-4142.jpg 1200w, https:\/\/loudavymkrokem.cz\/wp-content\/uploads\/2026\/04\/karluv-most-4142-300x200.jpg 300w, https:\/\/loudavymkrokem.cz\/wp-content\/uploads\/2026\/04\/karluv-most-4142-700x467.jpg 700w, https:\/\/loudavymkrokem.cz\/wp-content\/uploads\/2026\/04\/karluv-most-4142-768x512.jpg 768w, https:\/\/loudavymkrokem.cz\/wp-content\/uploads\/2026\/04\/karluv-most-4142-696x464.jpg 696w\" sizes=\"auto, (max-width: 1200px) 100vw, 1200px\"><\/figure>\n<h2 class=\"wp-block-heading\"><span class=\"ez-toc-section\" id=\"Dove_alloggiare\"><\/span><span class=\"ez-toc-section\" id=\"Dove_alloggiare\"><\/span>Dove alloggiare<span class=\"ez-toc-section-end\"><\/span><span class=\"ez-toc-section-end\"><\/span><\/h2>\n<p>Alloggiare nel pieno centro suona romantico, finch\u00e9 alle due di notte non vi sveglia un gruppetto di festaioli che canta sotto la finestra. Ho imparato a scegliere una base dalla quale il centro si raggiunge in pochi minuti, ma dove la sera si riesce finalmente a dormire. L&#8217;ultima volta io e Luk\u00e1\u0161 ci siamo trovati benissimo al <strong>The <a class=\"thirstylink\" rel=\"nofollow\" target=\"_blank\" title=\"The Julius Hotel\" href=\"https:\/\/loudavymkrokem.cz\/doporucujeme\/the-julius-hotel\/\" data-shortcode=\"true\">Julius Hotel<\/a><\/strong> nella Citt\u00e0 Nuova, a due passi dalla torre Jind\u0159i\u0161sk\u00e1. Abbiamo soggiornato in una One Bedroom Suite, che per una famiglia con un bimbo di due anni come Jon\u00e1\u0161 \u00e8 stato un sollievo enorme: spazio separato, angolo cottura completamente attrezzato e un design che non \u00e8 sterile ma fa sentire come in un appartamento di lusso di qualcuno con un gusto straordinario. Dall&#8217;hotel si raggiunge il lungofiume con una piacevole passeggiata attraverso la Citt\u00e0 Vecchia in circa venti minuti, senza bisogno di prendere il tram di prima mattina.<\/p>\n<p>Potete verificare prezzi e disponibilit\u00e0 aggiornati per il 2026 e <a href=\"https:\/\/www.booking.com\/hotel\/cz\/julius-meinl-house-prague.html?aid=2397601\" rel=\"nofollow noopener\" target=\"_blank\">prenotare tramite Booking.com<\/a>.<\/p>\n<p>Per altri consigli testati su dove dormire comodamente e in sicurezza con i bambini, date un&#8217;occhiata al mio articolo sui <a href=\"https:\/\/loudavymkrokem.cz\/it\/praga-hotel-famiglie\/\">migliori hotel per famiglie a Praga<\/a>.<\/p>\n<figure class=\"wp-block-image size-full\"><img loading=\"lazy\" decoding=\"async\" width=\"1200\" height=\"800\" src=\"https:\/\/loudavymkrokem.cz\/wp-content\/uploads\/2026\/04\/karluv-most-4090.jpg\" alt=\"\" class=\"wp-image-151092\" title=\"\" srcset=\"https:\/\/loudavymkrokem.cz\/wp-content\/uploads\/2026\/04\/karluv-most-4090.jpg 1200w, https:\/\/loudavymkrokem.cz\/wp-content\/uploads\/2026\/04\/karluv-most-4090-300x200.jpg 300w, https:\/\/loudavymkrokem.cz\/wp-content\/uploads\/2026\/04\/karluv-most-4090-700x467.jpg 700w, https:\/\/loudavymkrokem.cz\/wp-content\/uploads\/2026\/04\/karluv-most-4090-768x512.jpg 768w, https:\/\/loudavymkrokem.cz\/wp-content\/uploads\/2026\/04\/karluv-most-4090-696x464.jpg 696w\" sizes=\"auto, (max-width: 1200px) 100vw, 1200px\"><\/figure>\n<h2 class=\"wp-block-heading\"><span class=\"ez-toc-section\" id=\"Storia_e_architettura_del_Ponte_Carlo\"><\/span><span class=\"ez-toc-section\" id=\"Storia_e_architettura_del_Ponte_Carlo\"><\/span>Storia e architettura del Ponte Carlo<span class=\"ez-toc-section-end\"><\/span><span class=\"ez-toc-section-end\"><\/span><\/h2>\n<p>Questo collegamento in pietra tra le due sponde non \u00e8 sempre stato solo una passeggiata romantica. Era un&#8217;arteria vitale per i trasporti, attraverso la quale per secoli sono passati carri di merci, cavalli e all&#8217;inizio del XX secolo persino i tram. Prima di esso sorgeva il Ponte di Giuditta, distrutto per\u00f2 da una piena, e cos\u00ec l&#8217;imperatore Carlo IV dovette elaborare un nuovo piano pi\u00f9 resistente.<\/p>\n<h3 class=\"wp-block-heading\"><span class=\"ez-toc-section\" id=\"La_data_magica_di_fondazione_e_Peter_Parler\"><\/span><span class=\"ez-toc-section\" id=\"La_data_magica_di_fondazione_e_Peter_Parler\"><\/span>La data magica di fondazione e Peter Parler<span class=\"ez-toc-section-end\"><\/span><span class=\"ez-toc-section-end\"><\/span><\/h3>\n<p>La storia della costruzione \u00e8 strettamente legata alla mistica e all&#8217;astronomia medievale. Carlo IV era noto per la sua fede nell&#8217;astrologia, perci\u00f2 fece posare la prima pietra esattamente il <strong>9 luglio 1357 alle 5 e 31<\/strong> del mattino. Disponendo queste cifre in sequenza si ottiene il palindromo 1-3-5-7-9-7-5-3-1, che doveva garantire alla struttura l&#8217;eternit\u00e0 e la protezione dagli elementi distruttivi. L&#8217;architetto principale fu il ventisettenne Peter Parler, che era anche responsabile della costruzione della Cattedrale di San Vito. In origine lo si chiamava semplicemente Ponte di Pietra o Ponte di Praga; il nome del suo fondatore gli fu attribuito ufficialmente solo nel 1870.<\/p>\n<p>Il ponte misura 515 metri di lunghezza e quasi 10 metri di larghezza. Poggia su 16 imponenti piloni in arenaria, le cui fondamenta furono costruite in profondit\u00e0 nel letto del fiume mediante speciali griglie di quercia.<\/p>\n<p><strong>\ud83d\udca1 Consiglio da locale:<\/strong> Se vi incuriosisce come venivano costruite le fondamenta medievali sott&#8217;acqua, fate un salto al <strong><a href=\"https:\/\/www.muzeumkarlovamostu.cz\/\" rel=\"nofollow noopener\" target=\"_blank\">Museo del Ponte Carlo<\/a><\/strong> in piazza K\u0159i\u017eovnick\u00e9. Troverete dettagliati modelli delle gru a cavalletto dell&#8217;epoca, davvero affascinanti.<\/p>\n<figure class=\"wp-block-image size-full\"><img loading=\"lazy\" decoding=\"async\" width=\"1200\" height=\"800\" src=\"https:\/\/loudavymkrokem.cz\/wp-content\/uploads\/2026\/04\/karluv-most-4092.jpg\" alt=\"\" class=\"wp-image-151094\" title=\"\" srcset=\"https:\/\/loudavymkrokem.cz\/wp-content\/uploads\/2026\/04\/karluv-most-4092.jpg 1200w, https:\/\/loudavymkrokem.cz\/wp-content\/uploads\/2026\/04\/karluv-most-4092-300x200.jpg 300w, https:\/\/loudavymkrokem.cz\/wp-content\/uploads\/2026\/04\/karluv-most-4092-700x467.jpg 700w, https:\/\/loudavymkrokem.cz\/wp-content\/uploads\/2026\/04\/karluv-most-4092-768x512.jpg 768w, https:\/\/loudavymkrokem.cz\/wp-content\/uploads\/2026\/04\/karluv-most-4092-696x464.jpg 696w\" sizes=\"auto, (max-width: 1200px) 100vw, 1200px\"><\/figure>\n<h3 class=\"wp-block-heading\"><span class=\"ez-toc-section\" id=\"Il_mito_delle_uova_e_la_dura_realta_delle_piene\"><\/span><span class=\"ez-toc-section\" id=\"Il_mito_delle_uova_e_la_dura_realta_delle_piene\"><\/span>Il mito delle uova e la dura realt\u00e0 delle piene<span class=\"ez-toc-section-end\"><\/span><span class=\"ez-toc-section-end\"><\/span><\/h3>\n<p>Praticamente ogni scolaro ceco conosce la leggenda secondo cui nella malta venivano aggiunte uova per rendere la muratura pi\u00f9 resistente, e gli abitanti della cittadina di Velvary portarono per sbaglio uova sode, per evitare che si rompessero durante il trasporto. Le analisi chimiche moderne dell&#8217;inizio del XXI secolo avevano inizialmente confermato tracce di proteine dell&#8217;uovo, ma studi pi\u00f9 recenti del 2010 le hanno smentite. Pare che i muratori medievali usassero piuttosto latte e feccia di vino. Qualunque sia stata la verit\u00e0 sul materiale da costruzione, il ponte ha dovuto affrontare molte prove durante la sua esistenza. I momenti pi\u00f9 critici arrivarono durante le piene devastanti, come quella del 1890, quando la Moldava in piena travolse tre delle sue arcate.<\/p>\n<p>Oggi il monumento \u00e8 protetto da un sistema di moderne barriere a monte del fiume e gli ingegneri monitorano regolarmente la stabilit\u00e0 dei piloni mediante sensori laser.<\/p>\n<p><strong>\ud83d\udca1 Consiglio da locale:<\/strong> Passeggiando lungo la Moldava sull&#8217;isola di Kampa, notate le discrete tacche metalliche su alcune case storiche. Indicano fino a dove arriv\u00f2 il livello dell&#8217;acqua durante la catastrofica alluvione del 2002. Vedere quell&#8217;altezza fa venire i brividi.<\/p>\n<div class=\"lk-zazitky-module\">\n<style>\n.lk-zazitky-module * { box-sizing: border-box; margin: 0; padding: 0; }\n.lk-zazitky-module {\n  font-family: 'DM Sans', Georgia, sans-serif;\n  max-width: 100%;\n  margin: 2.5rem auto;\n  background: linear-gradient(135deg, #fdf6f3 0%, #fbede7 100%);\n  border: 1px solid #f0d9cc;\n  border-radius: 16px;\n  overflow: hidden;\n  box-shadow: 0 16px 48px rgba(217, 119, 87, 0.18), 0 4px 12px rgba(0,0,0,0.06);\n}\n.lk-zazitky-header {\n  position: relative;\n  padding: 24px 32px;\n  background: linear-gradient(135deg, #d97757 0%, #c46b4b 60%, #d97757 100%);\n  display: flex;\n  align-items: center;\n  gap: 18px;\n}\n.lk-zazitky-header::before {\n  content: '';\n  position: absolute;\n  inset: 0;\n  background: url(\"data:image\/svg+xml,%3Csvg width='60' height='60' viewBox='0 0 60 60' xmlns='http:\/\/www.w3.org\/2000\/svg'%3E%3Cg fill='none' fill-rule='evenodd'%3E%3Cg fill='%23ffffff' fill-opacity='0.05'%3E%3Cpath d='M36 34v-4h-2v4h-4v2h4v4h2v-4h4v-2h-4zm0-30V0h-2v4h-4v2h4v4h2V6h4V4h-4zM6 34v-4H4v4H0v2h4v4h2v-4h4v-2H6zM6 4V0H4v4H0v2h4v4h2V6h4V4H6z'\/%3E%3C\/g%3E%3C\/g%3E%3C\/svg%3E\") repeat;\n  pointer-events: none;\n}\n.lk-zazitky-header img {\n  width: 64px; height: 64px; border-radius: 12px; flex-shrink: 0;\n  object-fit: cover; box-shadow: 0 4px 12px rgba(0,0,0,0.18); position: relative; z-index: 1;\n}\n.lk-zazitky-header-text { position: relative; z-index: 1; }\n.lk-zazitky-eyebrow {\n  font-size: 10px; font-weight: 600; letter-spacing: 2.5px; text-transform: uppercase;\n  color: rgba(255,255,255,.92); margin-bottom: 5px;\n}\n.lk-zazitky-title {\n  font-family: 'Playfair Display', Georgia, serif;\n  font-size: 24px; font-weight: 700; color: #fff; line-height: 1.2;\n  text-shadow: 0 1px 2px rgba(0,0,0,0.12);\n}\n.lk-zazitky-subtitle {\n  font-size: 13px; color: rgba(255,255,255,.85); margin-top: 4px; font-weight: 300;\n}\n.lk-zazitky-grid {\n  display: grid;\n  grid-template-columns: 1fr 1fr 1fr;\n  gap: 1px;\n  background: rgba(217, 119, 87, 0.12);\n}\n.lk-zazitek-card {\n  background: #ffffff; padding: 22px; display: flex; flex-direction: column; gap: 11px;\n  transition: all 0.3s ease; text-decoration: none; color: inherit; position: relative;\n}\n.lk-zazitek-card:hover {\n  background: #fffaf7; transform: translateY(-2px);\n  box-shadow: 0 8px 24px rgba(217, 119, 87, 0.15); z-index: 1;\n}\n.lk-zazitek-card.is-category {\n  background: linear-gradient(135deg, #fffaf7 0%, #fff3eb 100%);\n  box-shadow: inset 0 1px 0 rgba(217, 119, 87, 0.1);\n}\n.lk-zazitek-card.is-category:hover {\n  background: linear-gradient(135deg, #fff7f2 0%, #ffeee3 100%);\n}\n.lk-zazitek-badge {\n  display: inline-flex; align-items: center; gap: 5px;\n  font-size: 10px; font-weight: 600; letter-spacing: 1.5px; text-transform: uppercase;\n  padding: 5px 11px; border-radius: 20px; width: fit-content;\n  background: rgba(217, 119, 87, 0.10); color: #c46b4b; border: 1px solid rgba(217, 119, 87, 0.22);\n}\n.lk-zazitek-card.is-category .lk-zazitek-badge {\n  background: linear-gradient(135deg, #d97757 0%, #c46b4b 100%); color: #fff;\n  border-color: #c46b4b; box-shadow: 0 2px 8px rgba(217, 119, 87, 0.28);\n}\n.lk-zazitek-name {\n  font-family: 'Playfair Display', Georgia, serif;\n  font-size: 17px; font-weight: 700; color: #111827; line-height: 1.3;\n}\n.lk-zazitek-desc {\n  font-size: 13px; color: #525252; line-height: 1.6; font-weight: 300; flex: 1;\n}\n.lk-zazitek-meta { display: flex; align-items: center; gap: 12px; flex-wrap: wrap; margin-top: 4px; }\n.lk-zazitek-price { font-size: 13px; color: #6b7280; }\n.lk-zazitek-price strong { color: #c46b4b; font-weight: 600; }\n.lk-zazitek-cta {\n  display: inline-flex; align-items: center; justify-content: center; gap: 7px;\n  margin-top: 8px; padding: 11px 16px; border-radius: 8px;\n  background: linear-gradient(135deg, #d97757 0%, #c46b4b 100%);\n  color: #fff; font-size: 13px; font-weight: 500; text-decoration: none;\n  letter-spacing: .3px; transition: all .2s ease; cursor: pointer; border: none;\n  text-align: center; box-shadow: 0 4px 12px rgba(217, 119, 87, 0.28);\n  white-space: nowrap;\n}\n.lk-zazitek-cta:hover {\n  background: linear-gradient(135deg, #c46b4b 0%, #b35e3f 100%);\n  transform: translateY(-1px); box-shadow: 0 6px 16px rgba(217, 119, 87, 0.38);\n}\n.lk-zazitek-card.is-category .lk-zazitek-cta {\n  background: linear-gradient(135deg, #3685fc 0%, #2a6fd9 100%);\n  box-shadow: 0 4px 12px rgba(54, 133, 252, 0.22);\n}\n.lk-zazitek-card.is-category .lk-zazitek-cta:hover {\n  background: linear-gradient(135deg, #2a6fd9 0%, #1e5bc4 100%);\n  box-shadow: 0 6px 16px rgba(54, 133, 252, 0.32);\n}\n.lk-zazitky-footer {\n  padding: 16px 32px;\n  background: linear-gradient(to bottom, #fdf6f3 0%, #f9eae2 100%);\n  border-top: 1px solid rgba(217, 119, 87, 0.18);\n  display: flex; align-items: center; justify-content: center; flex-wrap: wrap; gap: 12px;\n}\n.lk-zazitky-discount {\n  display: inline-flex; align-items: center; gap: 8px;\n  font-size: 13px; color: #6b3a26; font-weight: 500;\n}\n.lk-zazitky-discount-code {\n  font-family: 'Courier New', monospace; font-weight: 700; color: #c46b4b;\n  background: rgba(217, 119, 87, 0.12); padding: 4px 10px; border-radius: 6px;\n  letter-spacing: 1px; font-size: 13px;\n}\n.lk-zazitky-disclaimer {\n  font-size: 11px; color: #8a6e60; font-weight: 300; line-height: 1.5;\n}\n.lk-zazitky-disclaimer a { color: #c46b4b; text-decoration: none; }\n.lk-zazitky-disclaimer a:hover { text-decoration: underline; }\n@media (max-width: 720px) {\n  .lk-zazitky-grid { grid-template-columns: 1fr; }\n  .lk-zazitky-header { padding: 20px 18px; }\n  .lk-zazitky-footer { padding: 14px 18px; }\n  .lk-zazitek-card { padding: 20px; }\n  .lk-zazitky-title { font-size: 20px; }\n}\n<\/style>\n<div class=\"lk-zazitky-header\">\n    <img decoding=\"async\" src=\"https:\/\/loudavymkrokem.cz\/wp-content\/uploads\/2026\/02\/lukas-a-lucka.jpg\" alt=\"Luk\u00e1\u0161 e Lucie\" title=\"\"><\/p>\n<div class=\"lk-zazitky-header-text\">\n<div class=\"lk-zazitky-eyebrow\">Consiglio di Luk\u00e1\u0161 e Lucie<\/div>\n<div class=\"lk-zazitky-title\">Vivete Praga in modo diverso<\/div>\n<div class=\"lk-zazitky-subtitle\">3 esperienze verificate con sconto del 5 % dal partner Firma na z\u00e1\u017eitky<\/div>\n<\/p><\/div>\n<\/p><\/div>\n<div class=\"lk-zazitky-grid\">\n<p>    <a class=\"lk-zazitek-card\" href=\"https:\/\/www.firmanazazitky.cz\/plavba-po-vltave-s-obedem?utm_source=loudavymkrokem&amp;utm_medium=referral&amp;utm_campaign=karluv-most-pruvodce-od-mistni-historie-sochy-nejlepsi-cas&amp;utm_content=zazitek-1\" target=\"_blank\" rel=\"nofollow noopener sponsored\"><br \/>\n      <span class=\"lk-zazitek-badge\">\ud83d\udee5 Crociera<\/span><\/p>\n<div class=\"lk-zazitek-name\">Crociera sulla Moldava con pranzo<\/div>\n<div class=\"lk-zazitek-desc\">Il Ponte Carlo da una prospettiva che a piedi non proverete mai &#8211; una tranquilla navigazione sotto le sue arcate con pranzo per due incluso.<\/div>\n<div class=\"lk-zazitek-meta\">\n        <span class=\"lk-zazitek-price\">da <strong>85 \u20ac<\/strong><\/span>\n      <\/div>\n<p>      <span class=\"lk-zazitek-cta\"><br \/>\n        <svg width=\"14\" height=\"14\" viewBox=\"0 0 24 24\" fill=\"none\" stroke=\"currentColor\" stroke-width=\"2\"><path d=\"M18 13v6a2 2 0 0 1-2 2H5a2 2 0 0 1-2-2V8a2 2 0 0 1 2-2h6\"\/><polyline points=\"15 3 21 3 21 9\"\/><line x1=\"10\" y1=\"14\" x2=\"21\" y2=\"3\"\/><\/svg><br \/>\n        Prenota con sconto<br \/>\n      <\/span><br \/>\n    <\/a><\/p>\n<p>    <a class=\"lk-zazitek-card\" href=\"https:\/\/www.firmanazazitky.cz\/4-chodove-obedove-menu-v-tancicim-dome?utm_source=loudavymkrokem&amp;utm_medium=referral&amp;utm_campaign=karluv-most-pruvodce-od-mistni-historie-sochy-nejlepsi-cas&amp;utm_content=zazitek-2\" target=\"_blank\" rel=\"nofollow noopener sponsored\"><br \/>\n      <span class=\"lk-zazitek-badge\">\ud83c\udf7d Gastro<\/span><\/p>\n<div class=\"lk-zazitek-name\">Menu 4 portate alla Casa Danzante<\/div>\n<div class=\"lk-zazitek-desc\">Dopo la passeggiata sul Ponte Carlo, pochi minuti lungo il fiume &#8211; pranzo nell&#8217;iconico ristorante con vista sul Castello di Praga.<\/div>\n<div class=\"lk-zazitek-meta\">\n        <span class=\"lk-zazitek-price\">da <strong>75 \u20ac<\/strong><\/span>\n      <\/div>\n<p>      <span class=\"lk-zazitek-cta\"><br \/>\n        <svg width=\"14\" height=\"14\" viewBox=\"0 0 24 24\" fill=\"none\" stroke=\"currentColor\" stroke-width=\"2\"><path d=\"M18 13v6a2 2 0 0 1-2 2H5a2 2 0 0 1-2-2V8a2 2 0 0 1 2-2h6\"\/><polyline points=\"15 3 21 3 21 9\"\/><line x1=\"10\" y1=\"14\" x2=\"21\" y2=\"3\"\/><\/svg><br \/>\n        Prenota con sconto<br \/>\n      <\/span><br \/>\n    <\/a><\/p>\n<p>    <a class=\"lk-zazitek-card is-category\" href=\"https:\/\/www.firmanazazitky.cz\/gurmanske-zazitky-praha\/?utm_source=loudavymkrokem&amp;utm_medium=referral&amp;utm_campaign=karluv-most-pruvodce-od-mistni-historie-sochy-nejlepsi-cas&amp;utm_content=kategorie\" target=\"_blank\" rel=\"nofollow noopener sponsored\"><br \/>\n      <span class=\"lk-zazitek-badge\">\u2b50 Tutto<\/span><\/p>\n<div class=\"lk-zazitek-name\">Esperienze gourmet a Praga<\/div>\n<div class=\"lk-zazitek-desc\">I migliori ristoranti di Praga, degustazioni ed esperienze gastronomiche selezionate per i buongustai pi\u00f9 esigenti.<\/div>\n<p>      <span class=\"lk-zazitek-cta\"><br \/>\n        Sfoglia le esperienze<br \/>\n        <svg width=\"12\" height=\"12\" viewBox=\"0 0 24 24\" fill=\"none\" stroke=\"currentColor\" stroke-width=\"2.5\"><polyline points=\"9 18 15 12 9 6\"\/><\/svg><br \/>\n      <\/span><br \/>\n    <\/a><\/p><\/div>\n<div class=\"lk-zazitky-footer\">\n    <span class=\"lk-zazitky-discount\"><br \/>\n      \u2b50 Sconto 5 % con il codice<br \/>\n      <span class=\"lk-zazitky-discount-code\">LOUDAVYMKROKEM5<\/span><br \/>\n    <\/span>\n  <\/div>\n<\/div>\n<h3 class=\"wp-block-heading\"><span class=\"ez-toc-section\" id=\"Bradac_il_sistema_di_allarme_di_Praga\"><\/span><span class=\"ez-toc-section\" id=\"Bradac_il_sistema_di_allarme_di_Praga\"><\/span>Brad\u00e1\u010d: il sistema di allarme di Praga<span class=\"ez-toc-section-end\"><\/span><span class=\"ez-toc-section-end\"><\/span><\/h3>\n<p>Quando vi trovate davanti alla Torre della Citt\u00e0 Vecchia e guardate gi\u00f9 verso la muratura del lungofiume, noterete un rilievo in pietra raffigurante una testa maschile. Si chiama Brad\u00e1\u010d e per secoli ha funzionato come un semplice ma assolutamente affidabile indicatore del livello dell&#8217;acqua. Gli abitanti di Praga sapevano che quando il livello della Moldava saliva al punto da toccare la barba di Brad\u00e1\u010d, la situazione era grave e la Citt\u00e0 Vecchia cominciava ad allagarsi. Originariamente questo rilievo faceva parte del pi\u00f9 antico Ponte di Giuditta; quando l&#8217;acqua lo distrusse, i costruttori lo recuperarono pietosamente e lo trasferirono su quello nuovo.<\/p>\n<p>Brad\u00e1\u010d si vede meglio dalla piazza K\u0159i\u017eovnick\u00e9: sporgetevi oltre il parapetto in pietra vicino alla statua di Carlo IV e guardate dritto verso il basso, verso il livello dell&#8217;acqua.<\/p>\n<p><strong>\ud83d\udca1 Consiglio da locale:<\/strong> Secondo un&#8217;antica leggenda cittadina, il volto di Brad\u00e1\u010d rappresenterebbe lo stesso costruttore italiano del primo ponte in pietra di Praga, che da l\u00ec veglia sulla citt\u00e0 e sul fiume ancora oggi.<\/p>\n<figure class=\"wp-block-image size-full\"><img loading=\"lazy\" decoding=\"async\" width=\"1200\" height=\"800\" src=\"https:\/\/loudavymkrokem.cz\/wp-content\/uploads\/2026\/04\/karluv-most-4144.jpg\" alt=\"\" class=\"wp-image-151100\" title=\"\" srcset=\"https:\/\/loudavymkrokem.cz\/wp-content\/uploads\/2026\/04\/karluv-most-4144.jpg 1200w, https:\/\/loudavymkrokem.cz\/wp-content\/uploads\/2026\/04\/karluv-most-4144-300x200.jpg 300w, https:\/\/loudavymkrokem.cz\/wp-content\/uploads\/2026\/04\/karluv-most-4144-700x467.jpg 700w, https:\/\/loudavymkrokem.cz\/wp-content\/uploads\/2026\/04\/karluv-most-4144-768x512.jpg 768w, https:\/\/loudavymkrokem.cz\/wp-content\/uploads\/2026\/04\/karluv-most-4144-696x464.jpg 696w\" sizes=\"auto, (max-width: 1200px) 100vw, 1200px\"><\/figure>\n<h2 class=\"wp-block-heading\"><span class=\"ez-toc-section\" id=\"Statue_del_Ponte_Carlo_galleria_a_cielo_aperto\"><\/span><span class=\"ez-toc-section\" id=\"Statue_del_Ponte_Carlo_galleria_a_cielo_aperto\"><\/span>Statue del Ponte Carlo: galleria a cielo aperto<span class=\"ez-toc-section-end\"><\/span><span class=\"ez-toc-section-end\"><\/span><\/h2>\n<p>In origine il percorso attraverso il fiume rimase per molti anni praticamente spoglio, ornato solo da una semplice croce in legno con il Cristo. Fu il periodo barocco del XVII e XVIII secolo a trasformarlo nella grandiosa galleria scultorea a cielo aperto che conosciamo oggi. Attualmente sul ponte si trovano esattamente trenta statue e gruppi scultorei. Gran parte di essi sono per\u00f2 accurate copie in arenaria. Gli originali sono stati messi al riparo dalle intemperie e dallo smog nel <a href=\"https:\/\/www.nm.cz\/\" rel=\"nofollow noopener\" target=\"_blank\">Lapidario del Museo Nazionale<\/a> al V\u00fdstavi\u0161t\u011b e nella sala buia della <strong>Gorlice<\/strong> nelle mura di Vy\u0161ehrad.<\/p>\n<h3 class=\"wp-block-heading\"><span class=\"ez-toc-section\" id=\"San_Giovanni_Nepomuceno_e_il_rituale_portafortuna\"><\/span><span class=\"ez-toc-section\" id=\"San_Giovanni_Nepomuceno_e_il_rituale_portafortuna\"><\/span>San Giovanni Nepomuceno e il rituale portafortuna<span class=\"ez-toc-section-end\"><\/span><span class=\"ez-toc-section-end\"><\/span><\/h3>\n<p>Questo \u00e8 un classico assoluto e probabilmente la statua pi\u00f9 fotografata dell&#8217;intero percorso, realizzata nel 1683 da <strong>Jan Brokoff<\/strong>. Si trova circa a met\u00e0 del ponte, sul lato destro camminando in direzione del Castello. Secondo la leggenda, Giovanni Nepomuceno fu gettato nella Moldava proprio da questo punto perch\u00e9 si rifiut\u00f2 di rivelare al re Venceslao IV il segreto confessionale della regina. Sotto la statua si trovano due rilievi in bronzo lucidati dalle mani di milioni di turisti fino a brillare come oro. Toccare la figura del santo che cade porterebbe fortuna e garantirebbe un futuro ritorno a Praga.<\/p>\n<p>La statua si riconosce facilmente anche da lontano: ha intorno alla testa la caratteristica aureola con cinque stelle e di solito davanti si forma un piccolo capannello di persone in attesa di toccare il rilievo.<\/p>\n<p><strong>\ud83d\udca1 Consiglio da locale:<\/strong> Non toccate il cane sul rilievo di sinistra! Anche se \u00e8 lucidato dai turisti, la leggenda originale parla solo del tocco sulla figura di Giovanni Nepomuceno che cade, quella che si trova sul lato destro del basamento.<\/p>\n<h3 class=\"wp-block-heading\"><span class=\"ez-toc-section\" id=\"Il_sogno_di_Santa_Lutgarda\"><\/span><span class=\"ez-toc-section\" id=\"Il_sogno_di_Santa_Lutgarda\"><\/span>Il sogno di Santa Lutgarda<span class=\"ez-toc-section-end\"><\/span><span class=\"ez-toc-section-end\"><\/span><\/h3>\n<p>Se dovessi scegliere un unico gruppo scultoreo che per valore artistico supera tutti gli altri, sarebbe il <strong>Sogno di Santa Lutgarda<\/strong> di <strong>Maty\u00e1\u0161 Bernard Braun<\/strong>. Questo capolavoro del barocco boemo si trova pi\u00f9 vicino alla sponda di Mal\u00e1 Strana. Braun lo scolp\u00ec nel 1710, quando aveva appena 26 anni. La composizione della monaca cistercense cieca, verso la quale Cristo si china dalla croce perch\u00e9 possa bere il sangue dalla sua ferita, \u00e8 incredibilmente dinamica ed emotiva. Anche da lontano si vede come lo scultore sia riuscito a domare la dura arenaria, infondendole l&#8217;illusione di un leggero drappeggio mosso dal vento.<\/p>\n<p>Si tratta della dodicesima statua sul lato sinistro, procedendo dalla Citt\u00e0 Vecchia. L&#8217;originale del 1710 \u00e8 oggi custodito al sicuro nel Lapidario; sul ponte si trova una copia.<\/p>\n<p><strong>\ud83d\udca1 Consiglio da locale:<\/strong> Provate a osservare la statua dal basso, dal pilone sotto il ponte (si raggiunge scendendo le scale dall&#8217;isola di Kampa). Otterrete una prospettiva completamente diversa sull&#8217;affascinante lavoro di Braun con lo spazio e la profondit\u00e0.<\/p>\n<figure class=\"wp-block-image size-full\"><img loading=\"lazy\" decoding=\"async\" width=\"1200\" height=\"800\" src=\"https:\/\/loudavymkrokem.cz\/wp-content\/uploads\/2026\/04\/karluv-most-4148.jpg\" alt=\"\" class=\"wp-image-151099\" title=\"\" srcset=\"https:\/\/loudavymkrokem.cz\/wp-content\/uploads\/2026\/04\/karluv-most-4148.jpg 1200w, https:\/\/loudavymkrokem.cz\/wp-content\/uploads\/2026\/04\/karluv-most-4148-300x200.jpg 300w, https:\/\/loudavymkrokem.cz\/wp-content\/uploads\/2026\/04\/karluv-most-4148-700x467.jpg 700w, https:\/\/loudavymkrokem.cz\/wp-content\/uploads\/2026\/04\/karluv-most-4148-768x512.jpg 768w, https:\/\/loudavymkrokem.cz\/wp-content\/uploads\/2026\/04\/karluv-most-4148-696x464.jpg 696w\" sizes=\"auto, (max-width: 1200px) 100vw, 1200px\"><\/figure>\n<h3 class=\"wp-block-heading\"><span class=\"ez-toc-section\" id=\"Gruppo_scultoreo_di_San_Vincenzo_Ferreri_e_Procopio\"><\/span><span class=\"ez-toc-section\" id=\"Gruppo_scultoreo_di_San_Vincenzo_Ferreri_e_Procopio\"><\/span>Gruppo scultoreo di San Vincenzo Ferreri e Procopio<span class=\"ez-toc-section-end\"><\/span><span class=\"ez-toc-section-end\"><\/span><\/h3>\n<p>Questo monumentale e piuttosto inquietante gruppo scultoreo fu scolpito da <strong>Ferdinand Maxmili\u00e1n Brokoff<\/strong> ed \u00e8 tra i miei preferiti quando voglio mostrare a qualcuno quanto il barocco potesse essere cupo e selvaggio. Raffigura San Vincenzo che resuscita un morto e scaccia un demone, mentre San Procopio allontana il male con la croce. Ai loro piedi giacciono diavoli e peccatori soggiogati, i cui corpi contorti e volti pieni di sofferenza creano un contrasto netto con le espressioni serene dei santi. Da studentessa venivo qui con la macchina fotografica a studiare i dettagli anatomici di quei demoni sconfitti, perch\u00e9 da vicino appaiono quasi spaventosamente realistici.<\/p>\n<p>Il gruppo si trova vicino all&#8217;estremit\u00e0 di Mal\u00e1 Strana: \u00e8 la sesta statua a sinistra procedendo dalla Citt\u00e0 Vecchia.<\/p>\n<p><strong>\ud83d\udca1 Consiglio da locale:<\/strong> Notate la figura del Turco accigliato con la frusta e il cane da guardia nel gruppo di Giovanni di Matha, Felice di Valois e Ivan, che si trova proprio di fronte. \u00c8 il popolare &#8220;Turco di Praga&#8221;, che i bambini del posto consideravano una creatura fiabesca e davanti al quale ancora oggi si fermano con rispetto.<\/p>\n<h2 class=\"wp-block-heading\"><span class=\"ez-toc-section\" id=\"Torri_del_Ponte_Carlo_panorami_dallalto\"><\/span><span class=\"ez-toc-section\" id=\"Torri_del_Ponte_Carlo_panorami_dall_alto\"><\/span>Torri del Ponte Carlo: panorami dall&#8217;alto<span class=\"ez-toc-section-end\"><\/span><span class=\"ez-toc-section-end\"><\/span><\/h2>\n<p>Entrambe le torri sono aperte al pubblico e offrono panorami cos\u00ec diversi che vale la pena salire su tutte e due. Personalmente ho un debole per il lato di Mal\u00e1 Strana, ma ne parleremo tra poco.<\/p>\n<h3 class=\"wp-block-heading\"><span class=\"ez-toc-section\" id=\"Torre_della_Citta_Vecchia\"><\/span><span class=\"ez-toc-section\" id=\"Torre_della_Citta_Vecchia\"><\/span>Torre della Citt\u00e0 Vecchia<span class=\"ez-toc-section-end\"><\/span><span class=\"ez-toc-section-end\"><\/span><\/h3>\n<p>Questa massiccia porta gotica fu progettata dal gi\u00e0 citato Peter Parler e gli architetti la considerano spesso una delle pi\u00f9 belle torri gotiche di tutta Europa. La facciata orientale, rivolta verso la Citt\u00e0 Vecchia, \u00e8 riccamente decorata con statue di Carlo IV, Venceslao IV e dei santi patroni della Boemia. Durante la Guerra dei Trent&#8217;anni, per\u00f2, il lato occidentale fu gravemente danneggiato dall&#8217;artiglieria svedese, quando le truppe tentarono di conquistare la riva destra. All&#8217;interno vi attendono 138 gradini e un&#8217;esposizione suggestiva; una volta in cima, uscirete sul ballatoio con una vista che punta dritto verso Hrad\u010dany. In autunno, quando gli alberi di Kampa ingialliscono, questo panorama non ha prezzo.<\/p>\n<p>Aperta tutti i giorni. In estate dalle 9:00 alle 21:00, nei mesi invernali chiude prima, generalmente alle 18:00. Il biglietto intero costa circa 8 \u20ac (prezzi 2026).<\/p>\n<p><strong>\ud83d\udca1 Consiglio da locale:<\/strong> Acquistate direttamente alla biglietteria il biglietto combinato per entrambe le torri del ponte. Costa complessivamente meno e avete alcuni giorni per usare il secondo ingresso, quindi non dovete salire entrambe le scalinate di fila.<\/p>\n<h3 class=\"wp-block-heading\"><span class=\"ez-toc-section\" id=\"Torri_di_Mala_Strana\"><\/span><span class=\"ez-toc-section\" id=\"Torri_di_Mala_Strana\"><\/span>Torri di Mal\u00e1 Strana<span class=\"ez-toc-section-end\"><\/span><span class=\"ez-toc-section-end\"><\/span><\/h3>\n<p>Sulla sponda opposta non vi accoglie una torre sola, ma ben due, collegate da una porta passante con merlatura. <strong>La pi\u00f9 bassa, chiamata Torre di Giuditta, \u00e8 di origine romanica e ricorda ancora il predecessore dell&#8217;attuale Ponte Carlo.<\/strong> Quella pi\u00f9 alta, gotica, risale al XV secolo e fu costruita come controparte speculare di quella della Citt\u00e0 Vecchia, anche se la sua decorazione esterna \u00e8 molto pi\u00f9 sobria e ruvida. L&#8217;esposizione all&#8217;interno \u00e8 dedicata alla storia dei ponti praghesi e la vista dal ballatoio superiore sui tetti di Mal\u00e1 Strana e sulla ripida via Nerudova che sale verso il Castello di Praga ha un&#8217;atmosfera completamente diversa, pi\u00f9 intima e raccolta, rispetto alla veduta dalla riva opposta.<\/p>\n<p>L&#8217;ingresso costa gli stessi circa 8 \u20ac della torre gemella, e dopo aver acquistato il biglietto al piano terra vi attendono 146 gradini in legno.<\/p>\n<p><strong>\ud83d\udca1 Consiglio da locale:<\/strong> L&#8217;esposizione nella Torre di Mal\u00e1 Strana \u00e8 di solito molto pi\u00f9 vuota e tranquilla. Se non amate gli spazi angusti pieni di turisti, scegliete di salire da questo lato sulla riva sinistra.<\/p>\n<h2 class=\"wp-block-heading\"><span class=\"ez-toc-section\" id=\"Informazioni_pratiche\"><\/span><span class=\"ez-toc-section\" id=\"Informazioni_pratiche\"><\/span>Informazioni pratiche<span class=\"ez-toc-section-end\"><\/span><span class=\"ez-toc-section-end\"><\/span><\/h2>\n<p>E adesso la parte noiosa ma salvavita: qualche informazione che a me stessa ha colto di sorpresa e che preferisco dirvi in anticipo.<\/p>\n<h3 class=\"wp-block-heading\"><span class=\"ez-toc-section\" id=\"Trasporti_e_come_raggiungere_il_ponte\"><\/span><span class=\"ez-toc-section\" id=\"Trasporti_e_come_raggiungere_il_ponte\"><\/span>Trasporti e come raggiungere il ponte<span class=\"ez-toc-section-end\"><\/span><span class=\"ez-toc-section-end\"><\/span><\/h3>\n<p>L&#8217;intera area \u00e8 rigorosamente pedonale, quindi non si arriva in auto. I tassisti praghesi fermati per strada vi porteranno volentieri il pi\u00f9 vicino possibile al lungofiume, ma preparatevi a un prezzo che con la distanza percorsa non ha nulla a che <a class=\"thirstylink\" rel=\"nofollow\" target=\"_blank\" title=\"Fare Bare - d\u011btsk\u00e9 barefoot\" href=\"https:\/\/loudavymkrokem.cz\/it\/doporucujeme\/fare-bare-detske-barefoot\/\" data-shortcode=\"true\">fare<\/a>. La soluzione migliore \u00e8 usare l&#8217;<a href=\"https:\/\/pid.cz\/\" rel=\"nofollow noopener\" target=\"_blank\">affidabile trasporto pubblico di Praga<\/a>. Sulla riva destra scendete alla fermata della metro linea A oppure dei tram 17 e 18 alla fermata <strong>Starom\u011bstsk\u00e1<\/strong>. Da l\u00ec sono circa cinque minuti a piedi attraverso la piazza K\u0159i\u017eovnick\u00e9. Dal lato di Mal\u00e1 Strana, il leggendario tram numero 22 (o le linee 12, 15, 20) vi porta alla fermata <strong>Malostransk\u00e9 n\u00e1m\u011bst\u00ed<\/strong>, da dove basta scendere per la dolce discesa di via Mosteck\u00e1 fino alle torri.<\/p>\n<p>Dall&#8217;Italia si raggiunge Praga facilmente con voli diretti da Roma e Milano operati da compagnie come Ryanair, Wizz Air e Vueling. Il biglietto base dei mezzi pubblici da 30 minuti costa circa <strong>1,20 \u20ac<\/strong> e vi basta per spostarvi dalla maggior parte delle zone centrali come piazza Venceslao o la Stazione Centrale.<\/p>\n<p><strong>\ud83d\udca1 Consiglio da locale:<\/strong> Per le famiglie con passeggino: la rampa di accesso da entrambi i lati \u00e8 lastricata con grosse pietre ma del tutto priva di gradini. Se per\u00f2 a met\u00e0 percorso volete scendere direttamente sull&#8217;isola di Kampa verso il canale della \u010certovka, dovete affrontare una scalinata in pietra piuttosto ripida. Con il passeggino dovete <a class=\"thirstylink\" rel=\"nofollow\" target=\"_blank\" title=\"Fare Bare - d\u011btsk\u00e9 barefoot\" href=\"https:\/\/loudavymkrokem.cz\/it\/doporucujeme\/fare-bare-detske-barefoot\/\" data-shortcode=\"true\">fare<\/a> il giro passando da Malostransk\u00e9 n\u00e1m\u011bst\u00ed oppure portarlo gi\u00f9 con cautela.<\/p>\n<figure class=\"wp-block-image size-full\"><img loading=\"lazy\" decoding=\"async\" width=\"1200\" height=\"800\" src=\"https:\/\/loudavymkrokem.cz\/wp-content\/uploads\/2025\/03\/recenze-domus-balthasar-praha-s-batoletem-2.jpg\" alt=\"Vista dal Domus Balthasar\" class=\"wp-image-94707\" title=\"\" srcset=\"https:\/\/loudavymkrokem.cz\/wp-content\/uploads\/2025\/03\/recenze-domus-balthasar-praha-s-batoletem-2.jpg 1200w, https:\/\/loudavymkrokem.cz\/wp-content\/uploads\/2025\/03\/recenze-domus-balthasar-praha-s-batoletem-2-300x200.jpg 300w, https:\/\/loudavymkrokem.cz\/wp-content\/uploads\/2025\/03\/recenze-domus-balthasar-praha-s-batoletem-2-700x467.jpg 700w, https:\/\/loudavymkrokem.cz\/wp-content\/uploads\/2025\/03\/recenze-domus-balthasar-praha-s-batoletem-2-768x512.jpg 768w, https:\/\/loudavymkrokem.cz\/wp-content\/uploads\/2025\/03\/recenze-domus-balthasar-praha-s-batoletem-2-696x464.jpg 696w\" sizes=\"auto, (max-width: 1200px) 100vw, 1200px\"><figcaption class=\"wp-element-caption\">Vista dal <a class=\"thirstylink\" rel=\"nofollow\" target=\"_blank\" title=\"Domus Balthasar Boutique Hotel\" href=\"https:\/\/loudavymkrokem.cz\/doporucujeme\/domus-balthasar-boutique-hotel\/\" data-shortcode=\"true\">Domus Balthasar<\/a><\/figcaption><\/figure>\n<h3 class=\"wp-block-heading\"><span class=\"ez-toc-section\" id=\"Visite_guidate_e_crociere_sulla_Moldava\"><\/span><span class=\"ez-toc-section\" id=\"Visite_guidate_e_crociere_sulla_Moldava\"><\/span>Visite guidate e crociere sulla Moldava<span class=\"ez-toc-section-end\"><\/span><span class=\"ez-toc-section-end\"><\/span><\/h3>\n<p>Una guida vale la pena, e lo dico io che normalmente penso sempre di cavarmela da sola con Google e il mio senso dell&#8217;orientamento. Io e Luk\u00e1\u0161 ogni tanto optiamo per un giro in barca, perch\u00e9 ammirare gli imponenti piloni in arenaria dal pelo dell&#8217;acqua regala un&#8217;esperienza completamente diversa, molto pi\u00f9 monumentale. Se vi attirano i racconti storici o una navigazione sulla Moldava proprio sotto le arcate, troverete ottime opzioni online, dove potete prenotare il posto in anticipo ed evitare la contrattazione con i venditori ambulanti sul lungofiume che propongono biglietti a prezzi gonfiati.<\/p>\n<p>Le pi\u00f9 svariate varianti di passeggiate storiche, tour serali e crociere si possono <a href=\"https:\/\/www.getyourguide.com\/prague-l10\/?partner_id=MKZ64IS\" rel=\"nofollow noopener\" target=\"_blank\">prenotare tramite GetYourGuide<\/a>. In estate consiglio di scegliere gli orari tardo-pomeridiani, quando dal fiume arriva una piacevole frescura.<\/p>\n<p><strong>\ud83d\udca1 Consiglio da locale:<\/strong> Invece dei grandi battelli con vetrate su cui rimbomba la musica, cercate le piccole barche tradizionali in legno. Grazie al loro basso pescaggio passano anche nel braccio stretto della \u010certovka, proprio sotto i balconi delle vecchie case.<\/p>\n<h3 class=\"wp-block-heading\"><span class=\"ez-toc-section\" id=\"Dove_mangiare_e_dove_prendere_un_caffe_senza_cadere_in_trappola\"><\/span><span class=\"ez-toc-section\" id=\"Dove_mangiare_e_dove_prendere_un_caffe_senza_cadere_in_trappola\"><\/span>Dove mangiare e dove prendere un caff\u00e8 (senza cadere in trappola)<span class=\"ez-toc-section-end\"><\/span><span class=\"ez-toc-section-end\"><\/span><\/h3>\n<p>Lungo le strade principali \u00e8 tutto una trappola per turisti. Trdeln\u00edk surgelati a prezzi spropositati e ristoranti che vi fanno pagare persino l&#8217;aria che respirate e un supplemento per le posate. Da vegetariana e amante del buon caff\u00e8, di solito evito accuratamente le vie principali limitrofe. Quando attraversiamo verso Mal\u00e1 Strana, con la famiglia ci piace svoltare nelle stradine pi\u00f9 nascoste verso il Muro di Lennon (anche se quello, purtroppo, si sta trasformando sempre pi\u00f9 in uno sfondo colorato per Instagram senza il messaggio originario), oppure ci rifugiamo nell&#8217;accogliente locale Roesel \u2013 beer &amp; cake, nascosto proprio accanto alle torri del ponte. Le birre artigianali, le zuppe genuine e le torte fantastiche sono esattamente ci\u00f2 che serve dopo la passeggiata. La scena dei caff\u00e8 locali \u00e8 in continua evoluzione e si trova sempre un cortile interno tranquillo dove vi preparano un ottimo espresso con chicchi selezionati, senza dover vendere un rene.<\/p>\n<p>Evitate i locali affacciati direttamente sulla piazza K\u0159i\u017eovnick\u00e9 e su via Mosteck\u00e1. I prezzi sono tarati sui turisti di passaggio, ma la qualit\u00e0 del cibo purtroppo spesso non \u00e8 all&#8217;altezza.<\/p>\n<p><strong>\ud83d\udca1 Consiglio da locale:<\/strong> Prendete un caff\u00e8 da asporto in una delle viuzze nascoste di Mal\u00e1 Strana e sedetevi con il bicchiere su una panchina nei Giardini Vojan. \u00c8 un&#8217;oasi silenziosa cinta da mura con pavoni che passeggiano liberi, dove i turisti quasi non mettono piede. Trovate altri miei posti preferiti e testati nella guida ai <a href=\"https:\/\/loudavymkrokem.cz\/it\/migliori-caffetterie-praga\/\">caff\u00e8 di Praga<\/a>.<\/p>\n<h2 class=\"wp-block-heading\"><span class=\"ez-toc-section\" id=\"Domande_frequenti\"><\/span><span class=\"ez-toc-section\" id=\"Domande_frequenti\"><\/span>Domande frequenti<span class=\"ez-toc-section-end\"><\/span><span class=\"ez-toc-section-end\"><\/span><\/h2>\n<div id=\"rank-math-faq\" class=\"rank-math-block\">\n<div class=\"rank-math-list \">\n<div id=\"faq-question-1777047568218\" class=\"rank-math-list-item\">\n<h3 class=\"rank-math-question \"><span class=\"ez-toc-section\" id=\"Lingresso_al_Ponte_Carlo_e_a_pagamento\"><\/span><span class=\"ez-toc-section\" id=\"L_ingresso_al_Ponte_Carlo_e_a_pagamento\"><\/span><strong>L&#8217;ingresso al Ponte Carlo \u00e8 a pagamento?<\/strong><span class=\"ez-toc-section-end\"><\/span><span class=\"ez-toc-section-end\"><\/span><\/h3>\n<div class=\"rank-math-answer \">\n<p>No, l&#8217;attraversamento del fiume \u00e8 completamente gratuito e aperto 24 ore su 24, 365 giorni l&#8217;anno. Si paga solo se si desidera salire sui ballatoi panoramici delle torri del ponte.<\/p>\n<\/div>\n<\/div>\n<div id=\"faq-question-1777047574289\" class=\"rank-math-list-item\">\n<h3 class=\"rank-math-question \"><span class=\"ez-toc-section\" id=\"Quando_ce_meno_gente\"><\/span><span class=\"ez-toc-section\" id=\"Quando_c_e_meno_gente\"><\/span><strong>Quando c&#8217;\u00e8 meno gente?<\/strong> <span class=\"ez-toc-section-end\"><\/span><span class=\"ez-toc-section-end\"><\/span><\/h3>\n<div class=\"rank-math-answer \">\n<p>L&#8217;orario ideale per una passeggiata tranquilla senza calca \u00e8 la mattina presto all&#8217;alba (tra le 5:00 e le 7:00) o al contrario a tarda notte (dopo le 23:00). Durante il giorno la folla continua \u00e8 inevitabile in qualsiasi stagione.<\/p>\n<\/div>\n<\/div>\n<div id=\"faq-question-1777047582727\" class=\"rank-math-list-item\">\n<h3 class=\"rank-math-question \"><span class=\"ez-toc-section\" id=\"Si_puo_attraversare_in_bicicletta_o_monopattino\"><\/span><span class=\"ez-toc-section\" id=\"Si_puo_attraversare_in_bicicletta_o_monopattino\"><\/span><strong>Si pu\u00f2 attraversare in bicicletta o monopattino?<\/strong> <span class=\"ez-toc-section-end\"><\/span><span class=\"ez-toc-section-end\"><\/span><\/h3>\n<div class=\"rank-math-answer \">\n<p>L&#8217;uso di biciclette e monopattini elettrici \u00e8 severamente vietato per motivi di sicurezza. Se avete la bicicletta con voi, dovete scendere e condurla a mano per tutta la lunghezza.<\/p>\n<\/div>\n<\/div>\n<div id=\"faq-question-1777047588704\" class=\"rank-math-list-item\">\n<h3 class=\"rank-math-question \"><span class=\"ez-toc-section\" id=\"Le_statue_sono_originali\"><\/span><span class=\"ez-toc-section\" id=\"Le_statue_sono_originali\"><\/span><strong>Le statue sono originali?<\/strong><span class=\"ez-toc-section-end\"><\/span><span class=\"ez-toc-section-end\"><\/span><\/h3>\n<div class=\"rank-math-answer \">\n<p>La maggior parte delle statue in arenaria visibili oggi all&#8217;aperto sono accurate copie del XX secolo. Gli originali sono stati trasferiti nel Lapidario del Museo Nazionale al V\u00fdstavi\u0161t\u011b e nella sala Gorlice a Vy\u0161ehrad, per proteggerli dalle piogge acide e dallo smog.<\/p>\n<\/div>\n<\/div>\n<div id=\"faq-question-1777047599829\" class=\"rank-math-list-item\">\n<h3 class=\"rank-math-question \"><span class=\"ez-toc-section\" id=\"Quanto_tempo_ci_vuole_per_attraversare_da_una_sponda_allaltra\"><\/span><span class=\"ez-toc-section\" id=\"Quanto_tempo_ci_vuole_per_attraversare_da_una_sponda_all_altra\"><\/span><strong>Quanto tempo ci vuole per attraversare da una sponda all&#8217;altra?<\/strong><span class=\"ez-toc-section-end\"><\/span><span class=\"ez-toc-section-end\"><\/span><\/h3>\n<div class=\"rank-math-answer \">\n<p>La lunghezza \u00e8 poco pi\u00f9 di 500 metri, quindi a passo svelto su percorso libero si attraversa in 5-7 minuti. Se per\u00f2 volete osservare le statue con calma, scattare foto ai panorami e vi fate largo tra la folla diurna, mettete in conto 20-30 minuti.<\/p>\n<\/div>\n<\/div>\n<div id=\"faq-question-1777047607776\" class=\"rank-math-list-item\">\n<h3 class=\"rank-math-question \"><span class=\"ez-toc-section\" id=\"Il_percorso_e_accessibile\"><\/span><span class=\"ez-toc-section\" id=\"Il_percorso_e_accessibile\"><\/span><strong>Il percorso \u00e8 accessibile?<\/strong><span class=\"ez-toc-section-end\"><\/span><span class=\"ez-toc-section-end\"><\/span><\/h3>\n<div class=\"rank-math-answer \">\n<p>S\u00ec, il percorso principale \u00e8 privo di barriere e gradini per tutta la sua lunghezza, quindi con passeggino o sedia a rotelle si attraversa senza problemi. Fate solo attenzione alle scale che a circa met\u00e0 percorso scendono perpendicolarmente verso l&#8217;isola di Kampa: quelle non sono accessibili.<\/p>\n<\/div>\n<\/div>\n<\/div>\n<\/div>\n","protected":false},"excerpt":{"rendered":"<p>Quando al mattino correvo verso il liceo di Mal\u00e1 Strana, a volte facevo apposta un giro pi\u00f9 lungo per attraversare il Ponte Carlo. Alle sette e mezza, soprattutto nel grigio novembre, regnava un silenzio speciale rotto solo dallo stridio dei gabbiani e dal ticchettio dei miei passi sul selciato umido.<\/p>\n","protected":false},"author":3,"featured_media":151097,"comment_status":"open","ping_status":"open","sticky":false,"template":"","format":"standard","meta":{"footnotes":"","rank_math_title":"","rank_math_description":"","rank_math_focus_keyword":"","rank_math_seo_score":""},"categories":[554,557,722],"tags":[],"class_list":{"0":"post-151234","1":"post","2":"type-post","3":"status-publish","4":"format-standard","5":"has-post-thumbnail","7":"category-europa","8":"category-repubblica-ceca","9":"category-viaggi"},"featured_image_src":"https:\/\/loudavymkrokem.cz\/wp-content\/uploads\/2026\/04\/karluv-most-4126.jpg","author_info":{"display_name":"Lucie Kone\u010dn\u00e1","author_link":"https:\/\/loudavymkrokem.cz\/it\/author\/lucie-konecna\/"},"_links":{"self":[{"href":"https:\/\/loudavymkrokem.cz\/it\/wp-json\/wp\/v2\/posts\/151234","targetHints":{"allow":["GET"]}}],"collection":[{"href":"https:\/\/loudavymkrokem.cz\/it\/wp-json\/wp\/v2\/posts"}],"about":[{"href":"https:\/\/loudavymkrokem.cz\/it\/wp-json\/wp\/v2\/types\/post"}],"author":[{"embeddable":true,"href":"https:\/\/loudavymkrokem.cz\/it\/wp-json\/wp\/v2\/users\/3"}],"replies":[{"embeddable":true,"href":"https:\/\/loudavymkrokem.cz\/it\/wp-json\/wp\/v2\/comments?post=151234"}],"version-history":[{"count":1,"href":"https:\/\/loudavymkrokem.cz\/it\/wp-json\/wp\/v2\/posts\/151234\/revisions"}],"predecessor-version":[{"id":151446,"href":"https:\/\/loudavymkrokem.cz\/it\/wp-json\/wp\/v2\/posts\/151234\/revisions\/151446"}],"wp:featuredmedia":[{"embeddable":true,"href":"https:\/\/loudavymkrokem.cz\/it\/wp-json\/wp\/v2\/media\/151097"}],"wp:attachment":[{"href":"https:\/\/loudavymkrokem.cz\/it\/wp-json\/wp\/v2\/media?parent=151234"}],"wp:term":[{"taxonomy":"category","embeddable":true,"href":"https:\/\/loudavymkrokem.cz\/it\/wp-json\/wp\/v2\/categories?post=151234"},{"taxonomy":"post_tag","embeddable":true,"href":"https:\/\/loudavymkrokem.cz\/it\/wp-json\/wp\/v2\/tags?post=151234"}],"curies":[{"name":"wp","href":"https:\/\/api.w.org\/{rel}","templated":true}]}}