{"id":151232,"date":"2026-04-24T20:26:17","date_gmt":"2026-04-24T18:26:17","guid":{"rendered":"https:\/\/loudavymkrokem.cz\/?p=151232"},"modified":"2026-04-30T11:06:40","modified_gmt":"2026-04-30T09:06:40","slug":"vysehrad-guida-castello-praga","status":"publish","type":"post","link":"https:\/\/loudavymkrokem.cz\/it\/vysehrad-guida-castello-praga\/","title":{"rendered":"Vy\u0161ehrad: Guida al secondo castello di Praga (basilica, cimitero, bastioni)"},"content":{"rendered":"<p>Ogni anno, a Natale, andavo a Vy\u0161ehrad a leggere una poesia sulla tomba di M\u00e1cha, un celebre poeta ceco. <strong>Era un&#8217;abitudine che mi ero portata dietro dal liceo. Adoro Vy\u0161ehrad, mi piace d&#8217;inverno, d&#8217;estate, in autunno e in primavera. Quando abbiamo festeggiato il primo Natale insieme a Luk\u00e1\u0161, \u00e8 stato proprio Vy\u0161ehrad il posto dove l&#8217;ho trascinato la vigilia.<\/strong><\/p>\n<p>Vy\u0161ehrad \u00e8 per i praghesi una sorta di salotto a cielo aperto. Se vi trovate a visitare Praga Repubblica Ceca, noterete subito la differenza: mentre sul colle di Hrad\u010dany vi ritrovate schiacciati nella folla lottando per ogni centimetro quadrato, qui incontrate abitanti del posto con coperte da picnic, padroni di cani e runner che si destreggiano tra i possenti bastioni barocchi. Oggi ci veniamo anche con nostro figlio Jon\u00e1\u0161, che ha due anni. I lunghi vialetti asfaltati lungo le mura sono perfetti per il passeggino, e i vasti parchi sotto alberi maestosi offrono un&#8217;ombra meravigliosa nelle giornate di caldo estivo. In pi\u00f9, da vegetariana apprezzo il fatto che scendendo verso Podol\u00ed o V\u00fdto\u0148 si trovano tanti ottimi bistrot che vanno ben oltre la cucina tradizionale ceca.<\/p>\n<p>Tutto questo spazio in alto sopra la Moldava ha un enorme vantaggio: pur essendo un luogo di grande importanza storica, avvolto nelle leggende della principessa Libu\u0161e, mantiene un&#8217;atmosfera incredibilmente rilassata, quasi da parco pubblico. <strong>Potete passeggiare per ore, sedervi sulle mura con le gambe a penzoloni e osservare le barche sul fiume. Non \u00e8 un museo rigido con tornelli, ma un quartiere vivo della citt\u00e0, dove vale la pena rifugiarsi dalle strade bollenti e affollate della Citt\u00e0 Vecchia.<\/strong><\/p>\n<p>In questo articolo trovate una guida completa a <strong>Vy\u0161ehrad<\/strong>, con tutti i dettagli sugli orari della <strong>basilica dei Santi Pietro e Paolo<\/strong>, la posizione esatta del <strong>cimitero di Vy\u0161ehrad<\/strong> e del celebre <strong>Slav\u00edn<\/strong>, e perch\u00e9 non dovreste perdervi la pi\u00f9 antica <strong>rotonda di San Martino<\/strong>.<\/p>\n<figure class=\"wp-block-image size-full\"><img loading=\"lazy\" decoding=\"async\" width=\"1200\" height=\"800\" src=\"https:\/\/loudavymkrokem.cz\/wp-content\/uploads\/2026\/04\/vysehrad-4319.jpg\" alt=\"Panorama da Vy\u0161ehrad\" class=\"wp-image-151146\" title=\"\" srcset=\"https:\/\/loudavymkrokem.cz\/wp-content\/uploads\/2026\/04\/vysehrad-4319.jpg 1200w, https:\/\/loudavymkrokem.cz\/wp-content\/uploads\/2026\/04\/vysehrad-4319-300x200.jpg 300w, https:\/\/loudavymkrokem.cz\/wp-content\/uploads\/2026\/04\/vysehrad-4319-700x467.jpg 700w, https:\/\/loudavymkrokem.cz\/wp-content\/uploads\/2026\/04\/vysehrad-4319-768x512.jpg 768w, https:\/\/loudavymkrokem.cz\/wp-content\/uploads\/2026\/04\/vysehrad-4319-696x464.jpg 696w\" sizes=\"auto, (max-width: 1200px) 100vw, 1200px\"><figcaption class=\"wp-element-caption\">Panorama da Vy\u0161ehrad<\/figcaption><\/figure>\n<div id=\"ez-toc-container\" class=\"ez-toc-v2_0_82_2 ez-toc-wrap-left counter-hierarchy ez-toc-counter ez-toc-grey ez-toc-container-direction\">\n<div class=\"ez-toc-title-container\">\n<p class=\"ez-toc-title\" style=\"cursor:inherit\">Contenuto dell&#039;articolo<\/p>\n<span class=\"ez-toc-title-toggle\"><a href=\"#\" class=\"ez-toc-pull-right ez-toc-btn ez-toc-btn-xs ez-toc-btn-default ez-toc-toggle\" aria-label=\"Toggle Table of Content\"><span class=\"ez-toc-js-icon-con\"><span class=\"\"><span class=\"eztoc-hide\" style=\"display:none;\">Toggle<\/span><span class=\"ez-toc-icon-toggle-span\"><svg style=\"fill: #999;color:#999\" xmlns=\"http:\/\/www.w3.org\/2000\/svg\" class=\"list-377408\" width=\"20px\" height=\"20px\" viewBox=\"0 0 24 24\" fill=\"none\"><path d=\"M6 6H4v2h2V6zm14 0H8v2h12V6zM4 11h2v2H4v-2zm16 0H8v2h12v-2zM4 16h2v2H4v-2zm16 0H8v2h12v-2z\" fill=\"currentColor\"><\/path><\/svg><svg style=\"fill: #999;color:#999\" class=\"arrow-unsorted-368013\" xmlns=\"http:\/\/www.w3.org\/2000\/svg\" width=\"10px\" height=\"10px\" viewBox=\"0 0 24 24\" version=\"1.2\" baseProfile=\"tiny\"><path d=\"M18.2 9.3l-6.2-6.3-6.2 6.3c-.2.2-.3.4-.3.7s.1.5.3.7c.2.2.4.3.7.3h11c.3 0 .5-.1.7-.3.2-.2.3-.5.3-.7s-.1-.5-.3-.7zM5.8 14.7l6.2 6.3 6.2-6.3c.2-.2.3-.5.3-.7s-.1-.5-.3-.7c-.2-.2-.4-.3-.7-.3h-11c-.3 0-.5.1-.7.3-.2.2-.3.5-.3.7s.1.5.3.7z\"\/><\/svg><\/span><\/span><\/span><\/a><\/span><\/div>\n<nav><ul class='ez-toc-list ez-toc-list-level-1 ' ><ul class='ez-toc-list-level-3' ><li class='ez-toc-heading-level-3'><a class=\"ez-toc-link ez-toc-heading-1\" href=\"https:\/\/loudavymkrokem.cz\/it\/vysehrad-guida-castello-praga\/#Riassunto\" >Riassunto<\/a><\/li><\/ul><\/li><li class='ez-toc-page-1 ez-toc-heading-level-2'><a class=\"ez-toc-link ez-toc-heading-2\" href=\"https:\/\/loudavymkrokem.cz\/it\/vysehrad-guida-castello-praga\/#Quando_visitare_Vysehrad_e_come_organizzarsi\" >Quando visitare Vy\u0161ehrad e come organizzarsi<\/a><ul class='ez-toc-list-level-3' ><li class='ez-toc-heading-level-3'><a class=\"ez-toc-link ez-toc-heading-3\" href=\"https:\/\/loudavymkrokem.cz\/it\/vysehrad-guida-castello-praga\/#Primavera_e_autunno_i_periodi_migliori\" >Primavera e autunno: i periodi migliori<\/a><\/li><li class='ez-toc-page-1 ez-toc-heading-level-3'><a class=\"ez-toc-link ez-toc-heading-4\" href=\"https:\/\/loudavymkrokem.cz\/it\/vysehrad-guida-castello-praga\/#Sere_estive_e_malinconia_invernale\" >Sere estive e malinconia invernale<\/a><\/li><li class='ez-toc-page-1 ez-toc-heading-level-3'><a class=\"ez-toc-link ez-toc-heading-5\" href=\"https:\/\/loudavymkrokem.cz\/it\/vysehrad-guida-castello-praga\/#Quanto_tempo_dedicare\" >Quanto tempo dedicare<\/a><\/li><\/ul><\/li><li class='ez-toc-page-1 ez-toc-heading-level-2'><a class=\"ez-toc-link ez-toc-heading-6\" href=\"https:\/\/loudavymkrokem.cz\/it\/vysehrad-guida-castello-praga\/#Dove_alloggiare\" >Dove alloggiare<\/a><\/li><li class='ez-toc-page-1 ez-toc-heading-level-2'><a class=\"ez-toc-link ez-toc-heading-7\" href=\"https:\/\/loudavymkrokem.cz\/it\/vysehrad-guida-castello-praga\/#Cosa_vedere_e_visitare_a_Vysehrad\" >Cosa vedere e visitare a Vy\u0161ehrad<\/a><ul class='ez-toc-list-level-3' ><li class='ez-toc-heading-level-3'><a class=\"ez-toc-link ez-toc-heading-8\" href=\"https:\/\/loudavymkrokem.cz\/it\/vysehrad-guida-castello-praga\/#Basilica_dei_Santi_Pietro_e_Paolo\" >Basilica dei Santi Pietro e Paolo<\/a><\/li><li class='ez-toc-page-1 ez-toc-heading-level-3'><a class=\"ez-toc-link ez-toc-heading-9\" href=\"https:\/\/loudavymkrokem.cz\/it\/vysehrad-guida-castello-praga\/#Cimitero_di_Vysehrad_e_tomba_Slavin\" >Cimitero di Vy\u0161ehrad e tomba Slav\u00edn<\/a><\/li><li class='ez-toc-page-1 ez-toc-heading-level-3'><a class=\"ez-toc-link ez-toc-heading-10\" href=\"https:\/\/loudavymkrokem.cz\/it\/vysehrad-guida-castello-praga\/#Rotonda_di_San_Martino\" >Rotonda di San Martino<\/a><\/li><li class='ez-toc-page-1 ez-toc-heading-level-3'><a class=\"ez-toc-link ez-toc-heading-11\" href=\"https:\/\/loudavymkrokem.cz\/it\/vysehrad-guida-castello-praga\/#Casematte_di_Vysehrad_e_sala_Gorlice\" >Casematte di Vy\u0161ehrad e sala Gorlice<\/a><\/li><li class='ez-toc-page-1 ez-toc-heading-level-3'><a class=\"ez-toc-link ez-toc-heading-12\" href=\"https:\/\/loudavymkrokem.cz\/it\/vysehrad-guida-castello-praga\/#Bastioni_panorami_e_leggende_di_Libuse\" >Bastioni, panorami e leggende di Libu\u0161e<\/a><\/li><li class='ez-toc-page-1 ez-toc-heading-level-3'><a class=\"ez-toc-link ez-toc-heading-13\" href=\"https:\/\/loudavymkrokem.cz\/it\/vysehrad-guida-castello-praga\/#Con_i_bambini_a_Vysehrad_parco_giochi_delle_leggende\" >Con i bambini a Vy\u0161ehrad: parco giochi delle leggende<\/a><\/li><\/ul><\/li><li class='ez-toc-page-1 ez-toc-heading-level-2'><a class=\"ez-toc-link ez-toc-heading-14\" href=\"https:\/\/loudavymkrokem.cz\/it\/vysehrad-guida-castello-praga\/#Informazioni_pratiche_per_la_visita\" >Informazioni pratiche per la visita<\/a><\/li><li class='ez-toc-page-1 ez-toc-heading-level-2'><a class=\"ez-toc-link ez-toc-heading-15\" href=\"https:\/\/loudavymkrokem.cz\/it\/vysehrad-guida-castello-praga\/#Per_approfondire\" >Per approfondire<\/a><\/li><li class='ez-toc-page-1 ez-toc-heading-level-2'><a class=\"ez-toc-link ez-toc-heading-16\" href=\"https:\/\/loudavymkrokem.cz\/it\/vysehrad-guida-castello-praga\/#Domande_frequenti\" >Domande frequenti<\/a><ul class='ez-toc-list-level-3' ><li class='ez-toc-heading-level-3'><a class=\"ez-toc-link ez-toc-heading-17\" href=\"https:\/\/loudavymkrokem.cz\/it\/vysehrad-guida-castello-praga\/#Lingresso_a_Vysehrad_e_a_pagamento\" >L&#8217;ingresso a Vy\u0161ehrad \u00e8 a pagamento?<\/a><\/li><li class='ez-toc-page-1 ez-toc-heading-level-3'><a class=\"ez-toc-link ez-toc-heading-18\" href=\"https:\/\/loudavymkrokem.cz\/it\/vysehrad-guida-castello-praga\/#Posso_portare_il_cane_a_Vysehrad\" >Posso portare il cane a Vy\u0161ehrad?<\/a><\/li><li class='ez-toc-page-1 ez-toc-heading-level-3'><a class=\"ez-toc-link ez-toc-heading-19\" href=\"https:\/\/loudavymkrokem.cz\/it\/vysehrad-guida-castello-praga\/#Vysehrad_e_adatto_a_passeggini_e_sedie_a_rotelle\" >Vy\u0161ehrad \u00e8 adatto a passeggini e sedie a rotelle?<\/a><\/li><li class='ez-toc-page-1 ez-toc-heading-level-3'><a class=\"ez-toc-link ez-toc-heading-20\" href=\"https:\/\/loudavymkrokem.cz\/it\/vysehrad-guida-castello-praga\/#Quanto_dura_la_visita_di_Vysehrad\" >Quanto dura la visita di Vy\u0161ehrad?<\/a><\/li><li class='ez-toc-page-1 ez-toc-heading-level-3'><a class=\"ez-toc-link ez-toc-heading-21\" href=\"https:\/\/loudavymkrokem.cz\/it\/vysehrad-guida-castello-praga\/#Dove_si_puo_parcheggiare_vicino_a_Vysehrad\" >Dove si pu\u00f2 parcheggiare vicino a Vy\u0161ehrad?<\/a><\/li><li class='ez-toc-page-1 ez-toc-heading-level-3'><a class=\"ez-toc-link ez-toc-heading-22\" href=\"https:\/\/loudavymkrokem.cz\/it\/vysehrad-guida-castello-praga\/#La_rotonda_di_San_Martino_e_normalmente_visitabile\" >La rotonda di San Martino \u00e8 normalmente visitabile?<\/a><\/li><\/ul><\/li><\/ul><\/nav><\/div>\n<h3 class=\"wp-block-heading\"><span class=\"ez-toc-section\" id=\"Riassunto\"><\/span><span class=\"ez-toc-section\" id=\"Riassunto\"><\/span>Riassunto<span class=\"ez-toc-section-end\"><\/span><span class=\"ez-toc-section-end\"><\/span><\/h3>\n<ul class=\"wp-block-list\">\n<li>L&#8217;ingresso all&#8217;intero complesso di Vy\u0161ehrad (parchi, bastioni, vialetti) \u00e8 completamente <strong>gratuito<\/strong> e aperto <strong>24 ore su 24<\/strong>.<\/li>\n<li>Il punto di riferimento principale \u00e8 la basilica dei Santi Pietro e Paolo, con uno spettacolare interno in stile Liberty; il biglietto costa circa <strong>5 \u20ac<\/strong>.<\/li>\n<li>Il cimitero di Vy\u0161ehrad e la tomba monumentale Slav\u00edn sono il luogo di riposo dei pi\u00f9 grandi artisti cechi (Anton\u00edn Dvo\u0159\u00e1k, Bed\u0159ich Smetana, Karel \u010capek).<\/li>\n<li>Dai bastioni barocchi si aprono le migliori vedute sul Castello di Praga, la valle della Moldava e il quartiere di Podol\u00ed.<\/li>\n<li>Le <strong>casematte<\/strong> sotterranee ospitano la sala <strong>Gorlice<\/strong>, dove sono custoditi gli originali delle statue barocche del Ponte Carlo.<\/li>\n<li>La rotonda di San Martino \u00e8 la pi\u00f9 antica rotonda conservata a Praga, costruita gi\u00e0 nell&#8217;XI secolo.<\/li>\n<li>Il modo pi\u00f9 semplice per arrivarci \u00e8 la linea rossa della metro C, fermata Vy\u0161ehrad, da cui si cammina in piano.<\/li>\n<li>Per le famiglie con bambini c&#8217;\u00e8 un bellissimo parco giochi a tema ispirato alle antiche leggende ceche.<\/li>\n<\/ul>\n<figure class=\"wp-block-image size-full\"><img loading=\"lazy\" decoding=\"async\" width=\"1200\" height=\"800\" src=\"https:\/\/loudavymkrokem.cz\/wp-content\/uploads\/2026\/04\/vysehrad-4303.jpg\" alt=\"Vy\u0161ehrad con un bambino piccolo\" class=\"wp-image-151149\" title=\"\" srcset=\"https:\/\/loudavymkrokem.cz\/wp-content\/uploads\/2026\/04\/vysehrad-4303.jpg 1200w, https:\/\/loudavymkrokem.cz\/wp-content\/uploads\/2026\/04\/vysehrad-4303-300x200.jpg 300w, https:\/\/loudavymkrokem.cz\/wp-content\/uploads\/2026\/04\/vysehrad-4303-700x467.jpg 700w, https:\/\/loudavymkrokem.cz\/wp-content\/uploads\/2026\/04\/vysehrad-4303-768x512.jpg 768w, https:\/\/loudavymkrokem.cz\/wp-content\/uploads\/2026\/04\/vysehrad-4303-696x464.jpg 696w\" sizes=\"auto, (max-width: 1200px) 100vw, 1200px\"><figcaption class=\"wp-element-caption\">Primavera a Vy\u0161ehrad<\/figcaption><\/figure>\n<h2 class=\"wp-block-heading\"><span class=\"ez-toc-section\" id=\"Quando_visitare_Vysehrad_e_come_organizzarsi\"><\/span><span class=\"ez-toc-section\" id=\"Quando_visitare_Vysehrad_e_come_organizzarsi\"><\/span>Quando visitare Vy\u0161ehrad e come organizzarsi<span class=\"ez-toc-section-end\"><\/span><span class=\"ez-toc-section-end\"><\/span><\/h2>\n<p>Pianificare una visita a Vy\u0161ehrad \u00e8 decisamente pi\u00f9 semplice rispetto alla logistica intorno alla Piazza della Citt\u00e0 Vecchia. Dato che gran parte dell&#8217;esperienza consiste in una passeggiata lungo i bastioni e nei parchi, il meteo gioca un ruolo fondamentale. Per esperienza personale, posso dire che raramente vengo qui a mezzogiorno in pieno agosto, quando il sole picchia sulle mura di pietra. Preferisco i margini della giornata o i mesi pi\u00f9 freschi, quando questo luogo assume un&#8217;atmosfera molto pi\u00f9 intima e non bisogna farsi largo tra decine di gruppi intenti a <a class=\"thirstylink\" rel=\"nofollow\" target=\"_blank\" title=\"Fare Bare - d\u011btsk\u00e9 barefoot\" href=\"https:\/\/loudavymkrokem.cz\/it\/doporucujeme\/fare-bare-detske-barefoot\/\" data-shortcode=\"true\">fare<\/a> picnic.<\/p>\n<h3 class=\"wp-block-heading\"><span class=\"ez-toc-section\" id=\"Primavera_e_autunno_i_periodi_migliori\"><\/span><span class=\"ez-toc-section\" id=\"Primavera_e_autunno_i_periodi_migliori\"><\/span>Primavera e autunno: i periodi migliori<span class=\"ez-toc-section-end\"><\/span><span class=\"ez-toc-section-end\"><\/span><\/h3>\n<p>Aprile, maggio, e poi settembre e ottobre sono oggettivamente i mesi ideali per Vy\u0161ehrad. La luce dorata dell&#8217;autunno, che ho tanto amato durante il mio corso di fotografia, fa miracoli con i bastioni in mattoni e le torri scure della basilica. In autunno, intorno al periodo del Signal Festival (nel 2026 si tiene dal <strong>15 al 18 ottobre<\/strong>), gli alberi del parco ingialliscono e le vedute sulla nebbia che si alza dalla Moldava hanno una profondit\u00e0 incredibile. I mesi primaverili portano invece alberi in fiore lungo i bastioni verso Podol\u00ed. In questi periodi le temperature sono perfette per lunghe passeggiate senza doversi rifugiare all&#8217;ombra dopo dieci minuti.<\/p>\n<h3 class=\"wp-block-heading\"><span class=\"ez-toc-section\" id=\"Sere_estive_e_malinconia_invernale\"><\/span><span class=\"ez-toc-section\" id=\"Sere_estive_e_malinconia_invernale\"><\/span>Sere estive e malinconia invernale<span class=\"ez-toc-section-end\"><\/span><span class=\"ez-toc-section-end\"><\/span><\/h3>\n<p>L&#8217;estate a Vy\u0161ehrad \u00e8 molto vivace. I localini e i palchi estivi scoppiano, nei parchi la gente suona la chitarra e l&#8217;atmosfera ricorda quella di un grande festival. Se venite in luglio o agosto, vi consiglio di arrivare la mattina presto oppure verso il tramonto. Il panorama del sole che cala dietro il Castello di Praga dalla terrazza panoramica in mattoni \u00e8 talmente famoso che la sera incontrerete decine di fotografi con i cavalletti piazzati. L&#8217;inverno (gennaio, febbraio) \u00e8 tutt&#8217;altra storia. Quando nevica, Vy\u0161ehrad diventa perfettamente silenzioso. Il cimitero coperto di neve ha un aspetto maestoso e vi sembrer\u00e0 di essere piombati nell&#8217;Ottocento. Dovete per\u00f2 prepararvi al fatto che il vento dal fiume, sui bastioni, pu\u00f2 essere davvero tagliente.<\/p>\n<h3 class=\"wp-block-heading\"><span class=\"ez-toc-section\" id=\"Quanto_tempo_dedicare\"><\/span><span class=\"ez-toc-section\" id=\"Quanto_tempo_dedicare\"><\/span>Quanto tempo dedicare<span class=\"ez-toc-section-end\"><\/span><span class=\"ez-toc-section-end\"><\/span><\/h3>\n<p>Se volete solo <a class=\"thirstylink\" rel=\"nofollow\" target=\"_blank\" title=\"Fare Bare - d\u011btsk\u00e9 barefoot\" href=\"https:\/\/loudavymkrokem.cz\/it\/doporucujeme\/fare-bare-detske-barefoot\/\" data-shortcode=\"true\">fare<\/a> un giro veloce del complesso, scattare qualche foto al panorama e dare un&#8217;occhiata al cimitero, vi basteranno <strong>due ore<\/strong>. Se invece volete entrare nella basilica, <a class=\"thirstylink\" rel=\"nofollow\" target=\"_blank\" title=\"Fare Bare - d\u011btsk\u00e9 barefoot\" href=\"https:\/\/loudavymkrokem.cz\/it\/doporucujeme\/fare-bare-detske-barefoot\/\" data-shortcode=\"true\">fare<\/a> la visita guidata delle casematte sotterranee e far sfogare i bambini al parco giochi, riservate direttamente <strong>mezza giornata<\/strong>. Con Luk\u00e1\u0161 e Jon\u00e1\u0161 trascorriamo abitualmente tutta la mattinata qui, chiudiamo con un caff\u00e8 e poi scendiamo lentamente verso il fiume per pranzo. Vy\u0161ehrad non \u00e8 un posto da vivere di fretta: il suo genius loci sta proprio nel ritmo lento.<\/p>\n<figure class=\"wp-block-image size-full\"><img loading=\"lazy\" decoding=\"async\" width=\"1200\" height=\"800\" src=\"https:\/\/loudavymkrokem.cz\/wp-content\/uploads\/2026\/04\/julius-hotel-praha-3880.jpg\" alt=\"\" class=\"wp-image-151063\" title=\"\" srcset=\"https:\/\/loudavymkrokem.cz\/wp-content\/uploads\/2026\/04\/julius-hotel-praha-3880.jpg 1200w, https:\/\/loudavymkrokem.cz\/wp-content\/uploads\/2026\/04\/julius-hotel-praha-3880-300x200.jpg 300w, https:\/\/loudavymkrokem.cz\/wp-content\/uploads\/2026\/04\/julius-hotel-praha-3880-700x467.jpg 700w, https:\/\/loudavymkrokem.cz\/wp-content\/uploads\/2026\/04\/julius-hotel-praha-3880-768x512.jpg 768w, https:\/\/loudavymkrokem.cz\/wp-content\/uploads\/2026\/04\/julius-hotel-praha-3880-696x464.jpg 696w\" sizes=\"auto, (max-width: 1200px) 100vw, 1200px\"><figcaption class=\"wp-element-caption\">Gita a Praga<\/figcaption><\/figure>\n<h2 class=\"wp-block-heading\"><span class=\"ez-toc-section\" id=\"Dove_alloggiare\"><\/span><span class=\"ez-toc-section\" id=\"Dove_alloggiare\"><\/span>Dove alloggiare<span class=\"ez-toc-section-end\"><\/span><span class=\"ez-toc-section-end\"><\/span><\/h2>\n<p>L&#8217;ultima volta che abbiamo cercato un alloggio a Praga per la nostra visita annuale, volevamo qualcosa di strategicamente vicino ai punti principali ma che offrisse al tempo stesso il massimo comfort, perch\u00e9 viaggiare con un bimbo di due anni ha le sue particolarit\u00e0. Abbiamo scelto il <strong>The <a class=\"thirstylink\" rel=\"nofollow\" target=\"_blank\" title=\"The Julius Hotel\" href=\"https:\/\/loudavymkrokem.cz\/doporucujeme\/the-julius-hotel\/\" data-shortcode=\"true\">Julius Hotel<\/a><\/strong> in piazza Senov\u00e1\u017en\u00e9 e, col senno di poi, \u00e8 stata una delle decisioni migliori. Abbiamo soggiornato nella loro One Bedroom Suite, che ci ha dato spazio sufficiente per rilassarci la sera, quando Jon\u00e1\u0161 gi\u00e0 dormiva. Il design \u00e8 pulito, curato, con delicati richiami ai colori di Alfons Mucha. Dall&#8217;hotel si arriva alla Stazione Centrale (da cui Vy\u0161ehrad \u00e8 a sole tre fermate di metro C) in appena <strong>cinque minuti<\/strong>. Le camere hanno un angolo cottura completo, un grande vantaggio con un bambino o se vi piace preparare la colazione in autonomia. Potete verificare prezzi e disponibilit\u00e0 per le vostre date <a href=\"https:\/\/www.booking.com\/hotel\/cz\/julius-meinl-house-prague.html?aid=2397601\" target=\"_blank\" rel=\"noopener nofollow sponsored\">su Booking.com<\/a>.<\/p>\n<figure class=\"wp-block-image size-full\"><img loading=\"lazy\" decoding=\"async\" width=\"1200\" height=\"800\" src=\"https:\/\/loudavymkrokem.cz\/wp-content\/uploads\/2026\/04\/vysehrad-4337.jpg\" alt=\"Panorama da Vy\u0161ehrad\" class=\"wp-image-151164\" title=\"\" srcset=\"https:\/\/loudavymkrokem.cz\/wp-content\/uploads\/2026\/04\/vysehrad-4337.jpg 1200w, https:\/\/loudavymkrokem.cz\/wp-content\/uploads\/2026\/04\/vysehrad-4337-300x200.jpg 300w, https:\/\/loudavymkrokem.cz\/wp-content\/uploads\/2026\/04\/vysehrad-4337-700x467.jpg 700w, https:\/\/loudavymkrokem.cz\/wp-content\/uploads\/2026\/04\/vysehrad-4337-768x512.jpg 768w, https:\/\/loudavymkrokem.cz\/wp-content\/uploads\/2026\/04\/vysehrad-4337-696x464.jpg 696w\" sizes=\"auto, (max-width: 1200px) 100vw, 1200px\"><figcaption class=\"wp-element-caption\">Panorama da Vy\u0161ehrad<\/figcaption><\/figure>\n<h2 class=\"wp-block-heading\"><span class=\"ez-toc-section\" id=\"Cosa_vedere_e_visitare_a_Vysehrad\"><\/span><span class=\"ez-toc-section\" id=\"Cosa_vedere_e_visitare_a_Vysehrad\"><\/span>Cosa vedere e visitare a Vy\u0161ehrad<span class=\"ez-toc-section-end\"><\/span><span class=\"ez-toc-section-end\"><\/span><\/h2>\n<p>Il complesso nasconde numerosi monumenti storici, punti panoramici e angoli segreti. Vediamo insieme i luoghi pi\u00f9 interessanti che non dovreste perdere durante la vostra passeggiata.<\/p>\n<h3 class=\"wp-block-heading\"><span class=\"ez-toc-section\" id=\"Basilica_dei_Santi_Pietro_e_Paolo\"><\/span><span class=\"ez-toc-section\" id=\"Basilica_dei_Santi_Pietro_e_Paolo\"><\/span>Basilica dei Santi Pietro e Paolo<span class=\"ez-toc-section-end\"><\/span><span class=\"ez-toc-section-end\"><\/span><\/h3>\n<p>Le due torri scure neogotiche della basilica dei Santi Pietro e Paolo formano un&#8217;inconfondibile dominante dello skyline di Praga, riconoscibile da qualsiasi punto. Sebbene l&#8217;aspetto attuale risalga al passaggio tra il XIX e il XX secolo, le fondamenta del tempio ricordano l&#8217;XI secolo e il regno di Vratislao II. L&#8217;interno \u00e8 un vero e proprio shock visivo: mentre dall&#8217;esterno la basilica appare severa e austera, all&#8217;interno vi troverete davanti a una decorazione Liberty incredibilmente colorata e ricca. Le pareti sono ricoperte di ornamenti e affreschi dei coniugi Urban, ispirati allo stile di Alfons Mucha. Personalmente non frequento spesso le chiese, ma questa esplosione di colori, che non ha nulla a che <a class=\"thirstylink\" rel=\"nofollow\" target=\"_blank\" title=\"Fare Bare - d\u011btsk\u00e9 barefoot\" href=\"https:\/\/loudavymkrokem.cz\/it\/doporucujeme\/fare-bare-detske-barefoot\/\" data-shortcode=\"true\">fare<\/a> con la classica gotica fredda, mi affascina ogni volta.<\/p>\n<p>\u00c8 aperta tutti i giorni, ma la domenica mattina si celebrano le messe, quindi per i turisti \u00e8 chiusa fino a <strong>mezzogiorno<\/strong>. Il biglietto d&#8217;ingresso nel 2026 costa circa 5 \u20ac per gli adulti, acquistabile direttamente all&#8217;entrata. Dalla fermata metro C Vy\u0161ehrad si arriva comodamente a piedi attraverso il parco in dieci minuti. <strong>\ud83d\udca1 Consiglio da locale:<\/strong> Prestate attenzione ai dettagli degli affreschi nelle navate laterali: alcuni volti di santi hanno i tratti dei borghesi praghesi dell&#8217;epoca, che avevano contribuito economicamente alla decorazione della chiesa.<\/p>\n<figure class=\"wp-block-image size-full\"><img loading=\"lazy\" decoding=\"async\" width=\"1200\" height=\"800\" src=\"https:\/\/loudavymkrokem.cz\/wp-content\/uploads\/2026\/04\/vysehrad-4305.jpg\" alt=\"Cimitero di Vy\u0161ehrad\" class=\"wp-image-151156\" title=\"\" srcset=\"https:\/\/loudavymkrokem.cz\/wp-content\/uploads\/2026\/04\/vysehrad-4305.jpg 1200w, https:\/\/loudavymkrokem.cz\/wp-content\/uploads\/2026\/04\/vysehrad-4305-300x200.jpg 300w, https:\/\/loudavymkrokem.cz\/wp-content\/uploads\/2026\/04\/vysehrad-4305-700x467.jpg 700w, https:\/\/loudavymkrokem.cz\/wp-content\/uploads\/2026\/04\/vysehrad-4305-768x512.jpg 768w, https:\/\/loudavymkrokem.cz\/wp-content\/uploads\/2026\/04\/vysehrad-4305-696x464.jpg 696w\" sizes=\"auto, (max-width: 1200px) 100vw, 1200px\"><figcaption class=\"wp-element-caption\">Cimitero di Vy\u0161ehrad<\/figcaption><\/figure>\n<div class=\"lk-zazitky-module\">\n<style>\n.lk-zazitky-module * { box-sizing: border-box; margin: 0; padding: 0; }\n.lk-zazitky-module {\n  font-family: 'DM Sans', Georgia, sans-serif;\n  max-width: 100%;\n  margin: 2.5rem auto;\n  background: linear-gradient(135deg, #fdf6f3 0%, #fbede7 100%);\n  border: 1px solid #f0d9cc;\n  border-radius: 16px;\n  overflow: hidden;\n  box-shadow: 0 16px 48px rgba(217, 119, 87, 0.18), 0 4px 12px rgba(0,0,0,0.06);\n}\n.lk-zazitky-header {\n  position: relative;\n  padding: 24px 32px;\n  background: linear-gradient(135deg, #d97757 0%, #c46b4b 60%, #d97757 100%);\n  display: flex;\n  align-items: center;\n  gap: 18px;\n}\n.lk-zazitky-header::before {\n  content: '';\n  position: absolute;\n  inset: 0;\n  background: url(\"data:image\/svg+xml,%3Csvg width='60' height='60' viewBox='0 0 60 60' xmlns='http:\/\/www.w3.org\/2000\/svg'%3E%3Cg fill='none' fill-rule='evenodd'%3E%3Cg fill='%23ffffff' fill-opacity='0.05'%3E%3Cpath d='M36 34v-4h-2v4h-4v2h4v4h2v-4h4v-2h-4zm0-30V0h-2v4h-4v2h4v4h2V6h4V4h-4zM6 34v-4H4v4H0v2h4v4h2v-4h4v-2H6zM6 4V0H4v4H0v2h4v4h2V6h4V4H6z'\/%3E%3C\/g%3E%3C\/g%3E%3C\/svg%3E\") repeat;\n  pointer-events: none;\n}\n.lk-zazitky-header img {\n  width: 64px; height: 64px; border-radius: 12px; flex-shrink: 0;\n  object-fit: cover; box-shadow: 0 4px 12px rgba(0,0,0,0.18); position: relative; z-index: 1;\n}\n.lk-zazitky-header-text { position: relative; z-index: 1; }\n.lk-zazitky-eyebrow {\n  font-size: 10px; font-weight: 600; letter-spacing: 2.5px; text-transform: uppercase;\n  color: rgba(255,255,255,.92); margin-bottom: 5px;\n}\n.lk-zazitky-title {\n  font-family: 'Playfair Display', Georgia, serif;\n  font-size: 24px; font-weight: 700; color: #fff; line-height: 1.2;\n  text-shadow: 0 1px 2px rgba(0,0,0,0.12);\n}\n.lk-zazitky-subtitle {\n  font-size: 13px; color: rgba(255,255,255,.85); margin-top: 4px; font-weight: 300;\n}\n.lk-zazitky-grid {\n  display: grid;\n  grid-template-columns: 1fr 1fr 1fr;\n  gap: 1px;\n  background: rgba(217, 119, 87, 0.12);\n}\n.lk-zazitek-card {\n  background: #ffffff; padding: 22px; display: flex; flex-direction: column; gap: 11px;\n  transition: all 0.3s ease; text-decoration: none; color: inherit; position: relative;\n}\n.lk-zazitek-card:hover {\n  background: #fffaf7; transform: translateY(-2px);\n  box-shadow: 0 8px 24px rgba(217, 119, 87, 0.15); z-index: 1;\n}\n.lk-zazitek-card.is-category {\n  background: linear-gradient(135deg, #fffaf7 0%, #fff3eb 100%);\n  box-shadow: inset 0 1px 0 rgba(217, 119, 87, 0.1);\n}\n.lk-zazitek-card.is-category:hover {\n  background: linear-gradient(135deg, #fff7f2 0%, #ffeee3 100%);\n}\n.lk-zazitek-badge {\n  display: inline-flex; align-items: center; gap: 5px;\n  font-size: 10px; font-weight: 600; letter-spacing: 1.5px; text-transform: uppercase;\n  padding: 5px 11px; border-radius: 20px; width: fit-content;\n  background: rgba(217, 119, 87, 0.10); color: #c46b4b; border: 1px solid rgba(217, 119, 87, 0.22);\n}\n.lk-zazitek-card.is-category .lk-zazitek-badge {\n  background: linear-gradient(135deg, #d97757 0%, #c46b4b 100%); color: #fff;\n  border-color: #c46b4b; box-shadow: 0 2px 8px rgba(217, 119, 87, 0.28);\n}\n.lk-zazitek-name {\n  font-family: 'Playfair Display', Georgia, serif;\n  font-size: 17px; font-weight: 700; color: #111827; line-height: 1.3;\n}\n.lk-zazitek-desc {\n  font-size: 13px; color: #525252; line-height: 1.6; font-weight: 300; flex: 1;\n}\n.lk-zazitek-meta { display: flex; align-items: center; gap: 12px; flex-wrap: wrap; margin-top: 4px; }\n.lk-zazitek-price { font-size: 13px; color: #6b7280; }\n.lk-zazitek-price strong { color: #c46b4b; font-weight: 600; }\n.lk-zazitek-cta {\n  display: inline-flex; align-items: center; justify-content: center; gap: 7px;\n  margin-top: 8px; padding: 11px 16px; border-radius: 8px;\n  background: linear-gradient(135deg, #d97757 0%, #c46b4b 100%);\n  color: #fff; font-size: 13px; font-weight: 500; text-decoration: none;\n  letter-spacing: .3px; transition: all .2s ease; cursor: pointer; border: none;\n  text-align: center; box-shadow: 0 4px 12px rgba(217, 119, 87, 0.28);\n  white-space: nowrap;\n}\n.lk-zazitek-cta:hover {\n  background: linear-gradient(135deg, #c46b4b 0%, #b35e3f 100%);\n  transform: translateY(-1px); box-shadow: 0 6px 16px rgba(217, 119, 87, 0.38);\n}\n.lk-zazitek-card.is-category .lk-zazitek-cta {\n  background: linear-gradient(135deg, #3685fc 0%, #2a6fd9 100%);\n  box-shadow: 0 4px 12px rgba(54, 133, 252, 0.22);\n}\n.lk-zazitek-card.is-category .lk-zazitek-cta:hover {\n  background: linear-gradient(135deg, #2a6fd9 0%, #1e5bc4 100%);\n  box-shadow: 0 6px 16px rgba(54, 133, 252, 0.32);\n}\n.lk-zazitky-footer {\n  padding: 16px 32px;\n  background: linear-gradient(to bottom, #fdf6f3 0%, #f9eae2 100%);\n  border-top: 1px solid rgba(217, 119, 87, 0.18);\n  display: flex; align-items: center; justify-content: center; flex-wrap: wrap; gap: 12px;\n}\n.lk-zazitky-discount {\n  display: inline-flex; align-items: center; gap: 8px;\n  font-size: 13px; color: #6b3a26; font-weight: 500;\n}\n.lk-zazitky-discount-code {\n  font-family: 'Courier New', monospace; font-weight: 700; color: #c46b4b;\n  background: rgba(217, 119, 87, 0.12); padding: 4px 10px; border-radius: 6px;\n  letter-spacing: 1px; font-size: 13px;\n}\n.lk-zazitky-disclaimer {\n  font-size: 11px; color: #8a6e60; font-weight: 300; line-height: 1.5;\n}\n.lk-zazitky-disclaimer a { color: #c46b4b; text-decoration: none; }\n.lk-zazitky-disclaimer a:hover { text-decoration: underline; }\n@media (max-width: 720px) {\n  .lk-zazitky-grid { grid-template-columns: 1fr; }\n  .lk-zazitky-header { padding: 20px 18px; }\n  .lk-zazitky-footer { padding: 14px 18px; }\n  .lk-zazitek-card { padding: 20px; }\n  .lk-zazitky-title { font-size: 20px; }\n}\n<\/style>\n<div class=\"lk-zazitky-header\">\n    <img decoding=\"async\" src=\"https:\/\/loudavymkrokem.cz\/wp-content\/uploads\/2026\/02\/lukas-a-lucka.jpg\" alt=\"Luk\u00e1\u0161 e Lucie\" title=\"\"><\/p>\n<div class=\"lk-zazitky-header-text\">\n<div class=\"lk-zazitky-eyebrow\">Consiglio di Luk\u00e1\u0161 e Lucie<\/div>\n<div class=\"lk-zazitky-title\">Vivete Praga in modo diverso<\/div>\n<div class=\"lk-zazitky-subtitle\">3 esperienze verificate con sconto del 5 % dal partner Firma na z\u00e1\u017eitky<\/div>\n<\/p><\/div>\n<\/p><\/div>\n<div class=\"lk-zazitky-grid\">\n<p>    <a class=\"lk-zazitek-card\" href=\"https:\/\/www.firmanazazitky.cz\/plavba-po-vltave-s-obedem?utm_source=loudavymkrokem&amp;utm_medium=referral&amp;utm_campaign=vysehrad-pruvodce-po-druhem-hrade-prahy-bazilika-hrbitov-hradby&amp;utm_content=zazitek-1\" target=\"_blank\" rel=\"nofollow noopener sponsored\"><br \/>\n      <span class=\"lk-zazitek-badge\">\ud83d\udee5 Crociera<\/span><\/p>\n<div class=\"lk-zazitek-name\">Crociera sulla Moldava con pranzo<\/div>\n<div class=\"lk-zazitek-desc\">Le rocce di Vy\u0161ehrad dal pelo dell&#8217;acqua della Moldava \u2013 una crociera tranquilla con pranzo per vedere il secondo castello di Praga da una prospettiva che i turisti raramente si concedono.<\/div>\n<div class=\"lk-zazitek-meta\">\n        <span class=\"lk-zazitek-price\">da <strong>85 \u20ac<\/strong><\/span>\n      <\/div>\n<p>      <span class=\"lk-zazitek-cta\"><br \/>\n        <svg width=\"14\" height=\"14\" viewBox=\"0 0 24 24\" fill=\"none\" stroke=\"currentColor\" stroke-width=\"2\"><path d=\"M18 13v6a2 2 0 0 1-2 2H5a2 2 0 0 1-2-2V8a2 2 0 0 1 2-2h6\"\/><polyline points=\"15 3 21 3 21 9\"\/><line x1=\"10\" y1=\"14\" x2=\"21\" y2=\"3\"\/><\/svg><br \/>\n        Prenota con sconto<br \/>\n      <\/span><br \/>\n    <\/a><\/p>\n<p>    <a class=\"lk-zazitek-card\" href=\"https:\/\/www.firmanazazitky.cz\/vecere-v-tancicim-dome?utm_source=loudavymkrokem&amp;utm_medium=referral&amp;utm_campaign=vysehrad-pruvodce-po-druhem-hrade-prahy-bazilika-hrbitov-hradby&amp;utm_content=zazitek-2\" target=\"_blank\" rel=\"nofollow noopener sponsored\"><br \/>\n      <span class=\"lk-zazitek-badge\">\ud83c\udf7d Gastronomia<\/span><\/p>\n<div class=\"lk-zazitek-name\">Cena alla Casa Danzante<\/div>\n<div class=\"lk-zazitek-desc\">Dopo una passeggiata sui bastioni di Vy\u0161ehrad, a poche fermate di tram \u2013 cena con vista sul Castello di Praga dalla terrazza della Casa Danzante.<\/div>\n<div class=\"lk-zazitek-meta\">\n        <span class=\"lk-zazitek-price\">da <strong>115 \u20ac<\/strong><\/span>\n      <\/div>\n<p>      <span class=\"lk-zazitek-cta\"><br \/>\n        <svg width=\"14\" height=\"14\" viewBox=\"0 0 24 24\" fill=\"none\" stroke=\"currentColor\" stroke-width=\"2\"><path d=\"M18 13v6a2 2 0 0 1-2 2H5a2 2 0 0 1-2-2V8a2 2 0 0 1 2-2h6\"\/><polyline points=\"15 3 21 3 21 9\"\/><line x1=\"10\" y1=\"14\" x2=\"21\" y2=\"3\"\/><\/svg><br \/>\n        Prenota con sconto<br \/>\n      <\/span><br \/>\n    <\/a><\/p>\n<p>    <a class=\"lk-zazitek-card is-category\" href=\"https:\/\/www.firmanazazitky.cz\/praha\/?utm_source=loudavymkrokem&amp;utm_medium=referral&amp;utm_campaign=vysehrad-pruvodce-po-druhem-hrade-prahy-bazilika-hrbitov-hradby&amp;utm_content=kategorie\" target=\"_blank\" rel=\"nofollow noopener sponsored\"><br \/>\n      <span class=\"lk-zazitek-badge\">\u2b50 Tutto<\/span><\/p>\n<div class=\"lk-zazitek-name\">Tutte le esperienze a Praga<\/div>\n<div class=\"lk-zazitek-desc\">Crociere, gastronomia, monumenti e wellness \u2013 l&#8217;offerta completa di esperienze nella capitale della Repubblica Ceca.<\/div>\n<p>      <span class=\"lk-zazitek-cta\"><br \/>\n        Sfoglia le esperienze<br \/>\n        <svg width=\"12\" height=\"12\" viewBox=\"0 0 24 24\" fill=\"none\" stroke=\"currentColor\" stroke-width=\"2.5\"><polyline points=\"9 18 15 12 9 6\"\/><\/svg><br \/>\n      <\/span><br \/>\n    <\/a><\/p><\/div>\n<div class=\"lk-zazitky-footer\">\n    <span class=\"lk-zazitky-discount\"><br \/>\n      \u2b50 Sconto 5 % con il codice<br \/>\n      <span class=\"lk-zazitky-discount-code\">LOUDAVYMKROKEM5<\/span><br \/>\n    <\/span>\n  <\/div>\n<\/div>\n<h3 class=\"wp-block-heading\"><span class=\"ez-toc-section\" id=\"Cimitero_di_Vysehrad_e_tomba_Slavin\"><\/span><span class=\"ez-toc-section\" id=\"Cimitero_di_Vysehrad_e_tomba_Slavin\"><\/span>Cimitero di Vy\u0161ehrad e tomba Slav\u00edn<span class=\"ez-toc-section-end\"><\/span><span class=\"ez-toc-section-end\"><\/span><\/h3>\n<p>Proprio accanto alla basilica si trova il cimitero di Vy\u0161ehrad, un luogo che potremmo definire il pantheon della cultura ceca. Durante il Risorgimento nazionale nel XIX secolo, un semplice cimitero parrocchiale si trasform\u00f2 in un prestigioso luogo di sepoltura. L&#8217;elemento architettonicamente pi\u00f9 impressionante \u00e8 lo Slav\u00edn, un&#8217;enorme tomba collettiva riconoscibile dalla statua del genio alato sulla sommit\u00e0. Qui riposano Alfons Mucha, la soprano Ema Destinnov\u00e1 e lo scultore Josef V\u00e1clav Myslbek. Passeggiando tra i viottoli stretti tra le lapidi, con Luk\u00e1\u0161 spesso cerchiamo i nomi famosi: troverete la tomba di Anton\u00edn Dvo\u0159\u00e1k con un bel busto, quella di Bed\u0159ich Smetana e il luogo di riposo di Karel \u010capek.<\/p>\n<p>Il cimitero \u00e8 accessibile gratuitamente tutti i giorni dell&#8217;anno. In estate i cancelli chiudono alle <strong>18:00<\/strong>, nei mesi invernali gi\u00e0 alle <strong>16:00<\/strong>, un dettaglio da tenere presente quando pianificate la passeggiata pomeridiana. Qui regna sempre un silenzio e un rispetto assoluti, motivo per cui amiamo rifugiarci qui dal rumore della citt\u00e0. <strong>\ud83d\udca1 Consiglio da locale:<\/strong> La tomba di Karel \u010capek non si trova al centro dello Slav\u00edn, ma nella parte posteriore del cimitero (settore 12) \u2013 \u00e8 spesso ricoperta di sassolini e matite che i lettori vi lasciano come omaggio.<\/p>\n<figure class=\"wp-block-image size-full\"><img loading=\"lazy\" decoding=\"async\" width=\"1200\" height=\"800\" src=\"https:\/\/loudavymkrokem.cz\/wp-content\/uploads\/2026\/04\/vysehrad-4311.jpg\" alt=\"\" class=\"wp-image-151160\" title=\"\" srcset=\"https:\/\/loudavymkrokem.cz\/wp-content\/uploads\/2026\/04\/vysehrad-4311.jpg 1200w, https:\/\/loudavymkrokem.cz\/wp-content\/uploads\/2026\/04\/vysehrad-4311-300x200.jpg 300w, https:\/\/loudavymkrokem.cz\/wp-content\/uploads\/2026\/04\/vysehrad-4311-700x467.jpg 700w, https:\/\/loudavymkrokem.cz\/wp-content\/uploads\/2026\/04\/vysehrad-4311-768x512.jpg 768w, https:\/\/loudavymkrokem.cz\/wp-content\/uploads\/2026\/04\/vysehrad-4311-696x464.jpg 696w\" sizes=\"auto, (max-width: 1200px) 100vw, 1200px\"><figcaption class=\"wp-element-caption\">Cimitero di Vy\u0161ehrad<\/figcaption><\/figure>\n<h3 class=\"wp-block-heading\"><span class=\"ez-toc-section\" id=\"Rotonda_di_San_Martino\"><\/span><span class=\"ez-toc-section\" id=\"Rotonda_di_San_Martino\"><\/span>Rotonda di San Martino<span class=\"ez-toc-section-end\"><\/span><span class=\"ez-toc-section-end\"><\/span><\/h3>\n<p>Attraversando il complesso dalla direzione della Porta di T\u00e1bor, vi imbatterete in una piccola costruzione circolare che sembra essere l\u00ec da sempre. La rotonda di San Martino \u00e8 la pi\u00f9 antica rotonda conservata a Praga e risale alla seconda met\u00e0 dell&#8217;XI secolo. \u00c8 sopravvissuta a un numero impressionante di catastrofi, dai saccheggi durante le guerre hussite al periodo in cui venne utilizzata come polveriera o magazzino. \u00c8 affascinante vedere un edificio romanico cos\u00ec antico in uno stato relativamente intatto, soprattutto quando ci si rende conto che a pochi passi da l\u00ec sfrecciano le automobili moderne.<\/p>\n<p>La rotonda non \u00e8 normalmente accessibile dall&#8217;interno: si apre solo in occasioni speciali o durante le funzioni religiose della Chiesa hussita cecoslovacca. Tuttavia il sentiero principale le passa accanto, quindi \u00e8 impossibile non notarla. Si trova proprio all&#8217;incrocio dei percorsi verso le casematte. <strong>\ud83d\udca1 Consiglio da locale:<\/strong> Avvicinatevi alla sua facciata dal lato destro: sopra una delle finestre \u00e8 ancora murata nella parete una palla di cannone del 1757, quando Praga fu assediata dall&#8217;esercito prussiano.<\/p>\n<figure class=\"wp-block-image size-full\"><img loading=\"lazy\" decoding=\"async\" width=\"1200\" height=\"800\" src=\"https:\/\/loudavymkrokem.cz\/wp-content\/uploads\/2026\/04\/vysehrad-4348.jpg\" alt=\"Rotonda di San Martino a Vy\u0161ehrad\" class=\"wp-image-151168\" title=\"\" srcset=\"https:\/\/loudavymkrokem.cz\/wp-content\/uploads\/2026\/04\/vysehrad-4348.jpg 1200w, https:\/\/loudavymkrokem.cz\/wp-content\/uploads\/2026\/04\/vysehrad-4348-300x200.jpg 300w, https:\/\/loudavymkrokem.cz\/wp-content\/uploads\/2026\/04\/vysehrad-4348-700x467.jpg 700w, https:\/\/loudavymkrokem.cz\/wp-content\/uploads\/2026\/04\/vysehrad-4348-768x512.jpg 768w, https:\/\/loudavymkrokem.cz\/wp-content\/uploads\/2026\/04\/vysehrad-4348-696x464.jpg 696w\" sizes=\"auto, (max-width: 1200px) 100vw, 1200px\"><figcaption class=\"wp-element-caption\">Rotonda di San Martino a Vy\u0161ehrad<\/figcaption><\/figure>\n<h3 class=\"wp-block-heading\"><span class=\"ez-toc-section\" id=\"Casematte_di_Vysehrad_e_sala_Gorlice\"><\/span><span class=\"ez-toc-section\" id=\"Casematte_di_Vysehrad_e_sala_Gorlice\"><\/span>Casematte di Vy\u0161ehrad e sala Gorlice<span class=\"ez-toc-section-end\"><\/span><span class=\"ez-toc-section-end\"><\/span><\/h3>\n<p>Sotto i bastioni barocchi in mattoni che circondano tutto Vy\u0161ehrad si nasconde un sistema di corridoi militari segreti del XVII secolo. Queste casematte servivano per lo spostamento rapido e invisibile delle truppe. La visita attraverso i cunicoli bui, stretti e leggermente umidi in mattoni si conclude nell&#8217;enorme sala sotterranea chiamata Gorlice. Questa fungeva originariamente da punto di raccolta dell&#8217;esercito e da magazzino di viveri, ma oggi ha una funzione molto pi\u00f9 affascinante: funge da deposito per diverse sculture barocche originali del Ponte Carlo, che hanno dovuto essere sostituite da copie a causa degli agenti atmosferici. Vedere le enormi statue in arenaria in uno spazio sotterraneo illuminato \u00e8 un&#8217;esperienza piuttosto intensa.<\/p>\n<p>L&#8217;ingresso alle casematte si trova presso la Porta dei Mattoni (Ciheln\u00e1 br\u00e1na). Le visite guidate si svolgono ogni ora in punto e il biglietto intero costa circa <strong>5,50 \u20ac<\/strong>. Aperto tutti i giorni dalle <strong>9:30 alle 17:00<\/strong> (in estate fino alle 18:00). All&#8217;interno la temperatura \u00e8 costante intorno ai <strong>15 \u00b0C<\/strong>. <strong>\ud83d\udca1 Consiglio da locale:<\/strong> In estate portatevi un maglioncino leggero, anche se fuori ci sono trenta gradi: dopo venti minuti nell&#8217;umidit\u00e0 sotterranea inizierete a sentire freddo.<\/p>\n<figure class=\"wp-block-image size-full\"><img loading=\"lazy\" decoding=\"async\" width=\"1200\" height=\"800\" src=\"https:\/\/loudavymkrokem.cz\/wp-content\/uploads\/2026\/04\/vysehrad-4340.jpg\" alt=\"Bastioni di Vy\u0161ehrad\" class=\"wp-image-151163\" title=\"\" srcset=\"https:\/\/loudavymkrokem.cz\/wp-content\/uploads\/2026\/04\/vysehrad-4340.jpg 1200w, https:\/\/loudavymkrokem.cz\/wp-content\/uploads\/2026\/04\/vysehrad-4340-300x200.jpg 300w, https:\/\/loudavymkrokem.cz\/wp-content\/uploads\/2026\/04\/vysehrad-4340-700x467.jpg 700w, https:\/\/loudavymkrokem.cz\/wp-content\/uploads\/2026\/04\/vysehrad-4340-768x512.jpg 768w, https:\/\/loudavymkrokem.cz\/wp-content\/uploads\/2026\/04\/vysehrad-4340-696x464.jpg 696w\" sizes=\"auto, (max-width: 1200px) 100vw, 1200px\"><figcaption class=\"wp-element-caption\">Bastioni di Vy\u0161ehrad<\/figcaption><\/figure>\n<h3 class=\"wp-block-heading\"><span class=\"ez-toc-section\" id=\"Bastioni_panorami_e_leggende_di_Libuse\"><\/span><span class=\"ez-toc-section\" id=\"Bastioni_panorami_e_leggende_di_Libuse\"><\/span>Bastioni, panorami e leggende di Libu\u0161e<span class=\"ez-toc-section-end\"><\/span><span class=\"ez-toc-section-end\"><\/span><\/h3>\n<p>Ci\u00f2 che rende Vy\u0161ehrad un luogo cos\u00ec amato sono i suoi imponenti bastioni barocchi. Formano un circuito di due chilometri e mezzo lungo il quale si cammina comodamente, offrendo panorami in tutte le direzioni. La vista pi\u00f9 bella \u00e8 dal bastione sud-occidentale verso il fiume, Podol\u00ed e il quartiere di Zl\u00edchov sulla sponda opposta. Dalla terrazza panoramica vicino alla galleria si apre invece la veduta pi\u00f9 iconica sul Castello di Praga, al di l\u00e0 dei tetti della Citt\u00e0 Nuova. A Vy\u0161ehrad sono legate le leggende della principessa Libu\u0161e, che da qui avrebbe profetizzato la gloria di Praga \u2013 una figura simile alle sibille della tradizione classica che noi italiani conosciamo bene. Durante la passeggiata sopra il fiume noterete la rovina di una torre gotica che sporge dalla roccia: la chiamano &#8220;il Bagno di Libu\u0161e&#8221;, anche se storicamente non ha nulla a che <a class=\"thirstylink\" rel=\"nofollow\" target=\"_blank\" title=\"Fare Bare - d\u011btsk\u00e9 barefoot\" href=\"https:\/\/loudavymkrokem.cz\/it\/doporucujeme\/fare-bare-detske-barefoot\/\" data-shortcode=\"true\">fare<\/a> con la leggendaria principessa.<\/p>\n<p>Sul prato del parco giacciono anche le cosiddette Colonne del Diavolo, tre pezzi di una colonna di granito spezzata che, secondo la leggenda, il diavolo scagli\u00f2 qui dopo aver perso una scommessa con il prete locale. L&#8217;area dei bastioni e dei parchi \u00e8 accessibile 24 ore su 24 e gratuitamente. <strong>\ud83d\udca1 Consiglio da locale:<\/strong> Se volete avere tranquillit\u00e0 per le foto con vista sulla Moldava senza le teste degli altri visitatori, venite la domenica mattina verso le otto: avrete i bastioni praticamente solo per voi e per qualche runner mattiniero.<\/p>\n<figure class=\"wp-block-image size-full\"><img loading=\"lazy\" decoding=\"async\" width=\"1200\" height=\"800\" src=\"https:\/\/loudavymkrokem.cz\/wp-content\/uploads\/2026\/04\/vysehrad-4316.jpg\" alt=\"Panorama da Vy\u0161ehrad\" class=\"wp-image-151159\" title=\"\" srcset=\"https:\/\/loudavymkrokem.cz\/wp-content\/uploads\/2026\/04\/vysehrad-4316.jpg 1200w, https:\/\/loudavymkrokem.cz\/wp-content\/uploads\/2026\/04\/vysehrad-4316-300x200.jpg 300w, https:\/\/loudavymkrokem.cz\/wp-content\/uploads\/2026\/04\/vysehrad-4316-700x467.jpg 700w, https:\/\/loudavymkrokem.cz\/wp-content\/uploads\/2026\/04\/vysehrad-4316-768x512.jpg 768w, https:\/\/loudavymkrokem.cz\/wp-content\/uploads\/2026\/04\/vysehrad-4316-696x464.jpg 696w\" sizes=\"auto, (max-width: 1200px) 100vw, 1200px\"><figcaption class=\"wp-element-caption\">Panorama da Vy\u0161ehrad<\/figcaption><\/figure>\n<h3 class=\"wp-block-heading\"><span class=\"ez-toc-section\" id=\"Con_i_bambini_a_Vysehrad_parco_giochi_delle_leggende\"><\/span><span class=\"ez-toc-section\" id=\"Con_i_bambini_a_Vysehrad_parco_giochi_delle_leggende\"><\/span>Con i bambini a Vy\u0161ehrad: parco giochi delle leggende<span class=\"ez-toc-section-end\"><\/span><span class=\"ez-toc-section-end\"><\/span><\/h3>\n<p>Quando siamo a Praga con Jon\u00e1\u0161, i parchi giochi sono diventati la nostra nuova tappa tra un monumento e l&#8217;altro. Il parco giochi di Vy\u0161ehrad &#8220;Dalle Antiche Leggende Ceche&#8221; si trova nella parte tranquilla del parco, vicino alla rotonda di San Martino, ed \u00e8 interamente costruito in robusto legno di robinia. Ci sono sculture in legno di Bivoj con il cinghiale (un eroe delle leggende ceche), vari percorsi per arrampicarsi, casette e altalene, tutto inserito con cura nel contesto naturale sotto alberi adulti.<\/p>\n<p>Il parco giochi \u00e8 recintato, cosa che come genitore di un bimbo che adora correre in tutte le direzioni apprezzo enormemente. Il terreno \u00e8 coperto di sabbia morbida e ghiaietto e ci sono abbastanza panchine per riposarsi. L&#8217;ingresso \u00e8 ovviamente gratuito.<\/p>\n<figure class=\"wp-block-image size-full\"><img loading=\"lazy\" decoding=\"async\" width=\"1200\" height=\"800\" src=\"https:\/\/loudavymkrokem.cz\/wp-content\/uploads\/2026\/04\/vysehrad-4346.jpg\" alt=\"Parco giochi a Vy\u0161ehrad\" class=\"wp-image-151166\" title=\"\" srcset=\"https:\/\/loudavymkrokem.cz\/wp-content\/uploads\/2026\/04\/vysehrad-4346.jpg 1200w, https:\/\/loudavymkrokem.cz\/wp-content\/uploads\/2026\/04\/vysehrad-4346-300x200.jpg 300w, https:\/\/loudavymkrokem.cz\/wp-content\/uploads\/2026\/04\/vysehrad-4346-700x467.jpg 700w, https:\/\/loudavymkrokem.cz\/wp-content\/uploads\/2026\/04\/vysehrad-4346-768x512.jpg 768w, https:\/\/loudavymkrokem.cz\/wp-content\/uploads\/2026\/04\/vysehrad-4346-696x464.jpg 696w\" sizes=\"auto, (max-width: 1200px) 100vw, 1200px\"><figcaption class=\"wp-element-caption\">Parco giochi a Vy\u0161ehrad<\/figcaption><\/figure>\n<h2 class=\"wp-block-heading\"><span class=\"ez-toc-section\" id=\"Informazioni_pratiche_per_la_visita\"><\/span><span class=\"ez-toc-section\" id=\"Informazioni_pratiche_per_la_visita\"><\/span>Informazioni pratiche per la visita<span class=\"ez-toc-section-end\"><\/span><span class=\"ez-toc-section-end\"><\/span><\/h2>\n<p>Prima di andare a Vy\u0161ehrad, ecco alcune informazioni pratiche su trasporti, cibo e biglietti.<\/p>\n<p><strong>Come arrivare:<\/strong> Il modo pi\u00f9 semplice per raggiungere Vy\u0161ehrad \u00e8 la linea rossa della metro C, fermata Vy\u0161ehrad. Da l\u00ec si cammina circa 10 minuti su un percorso completamente pianeggiante, passando accanto al Palazzo dei Congressi fino alla Porta di T\u00e1bor. Questo tragitto \u00e8 ideale per passeggini o persone con mobilit\u00e0 ridotta. Una seconda opzione, un po&#8217; pi\u00f9 romantica, \u00e8 prendere il tram (linee 2, 3, 17, 21) alla fermata V\u00fdto\u0148 e salire a piedi lungo i bastioni. \u00c8 una salita discreta, ma man mano si aprono splendide vedute sul fiume. Un biglietto da <strong>30 minuti<\/strong> per i mezzi pubblici costa circa <strong>1,20 \u20ac<\/strong>, il giornaliero circa <strong>6 \u20ac<\/strong>. Per chi arriva dall&#8217;Italia, Praga nella Repubblica Ceca \u00e8 facilmente raggiungibile con voli diretti da Roma e Milano con compagnie come Ryanair, Wizz Air o ITA Airways.<\/p>\n<p><strong>Dove mangiare:<\/strong> Direttamente nel complesso di Vy\u0161ehrad ci sono diversi caff\u00e8 e ristoranti dove fermarsi. Noi ci siamo fermati di recente per un dolce e un caff\u00e8, quando nostro figlio, mezz&#8217;ora dopo colazione, aveva assolutamente bisogno di una merenda.<\/p>\n<p><strong>Biglietti e orari di apertura:<\/strong> Come gi\u00e0 accennato, il complesso in s\u00e9 \u2013 parchi, sentieri, bastioni \u2013 \u00e8 aperto 24 ore su 24 e gratuito. Si paga solo l&#8217;ingresso ai singoli edifici:<\/p>\n<ul class=\"wp-block-list\">\n<li>Basilica dei Santi Pietro e Paolo: circa 5 \u20ac (tutti i giorni, domenica dalle 12:00)<\/li>\n<li>Casematte e Gorlice: circa 5,50 \u20ac (tutti i giorni 9:30\u201317:00\/18:00)<\/li>\n<li>Cimitero di Vy\u0161ehrad: gratuito (aperto tutti i giorni, chiude alle 16:00 o 18:00 a seconda della stagione).<\/li>\n<\/ul>\n<figure class=\"wp-block-image size-full\"><img loading=\"lazy\" decoding=\"async\" width=\"1200\" height=\"800\" src=\"https:\/\/loudavymkrokem.cz\/wp-content\/uploads\/2026\/04\/vysehrad-4349.jpg\" alt=\"Caff\u00e8 Bystro a Vy\u0161ehrad\" class=\"wp-image-151169\" title=\"\" srcset=\"https:\/\/loudavymkrokem.cz\/wp-content\/uploads\/2026\/04\/vysehrad-4349.jpg 1200w, https:\/\/loudavymkrokem.cz\/wp-content\/uploads\/2026\/04\/vysehrad-4349-300x200.jpg 300w, https:\/\/loudavymkrokem.cz\/wp-content\/uploads\/2026\/04\/vysehrad-4349-700x467.jpg 700w, https:\/\/loudavymkrokem.cz\/wp-content\/uploads\/2026\/04\/vysehrad-4349-768x512.jpg 768w, https:\/\/loudavymkrokem.cz\/wp-content\/uploads\/2026\/04\/vysehrad-4349-696x464.jpg 696w\" sizes=\"auto, (max-width: 1200px) 100vw, 1200px\"><figcaption class=\"wp-element-caption\">Caff\u00e8 Bystro a Vy\u0161ehrad<\/figcaption><\/figure>\n<h2 class=\"wp-block-heading\"><span class=\"ez-toc-section\" id=\"Per_approfondire\"><\/span><span class=\"ez-toc-section\" id=\"Per_approfondire\"><\/span>Per approfondire<span class=\"ez-toc-section-end\"><\/span><span class=\"ez-toc-section-end\"><\/span><\/h2>\n<ul class=\"wp-block-list\">\n<li>State preparando un itinerario completo? Leggete la mia grande guida <a href=\"https:\/\/loudavymkrokem.cz\/it\/praga-repubblica-ceca\/\">Cosa vedere a Praga<\/a>, dove troverete decine di consigli fuori dalle rotte turistiche principali.<\/li>\n<li>Se volete confrontare il tranquillo Vy\u0161ehrad con il suo fratello pi\u00f9 famoso, date un&#8217;occhiata all&#8217;articolo sul <a href=\"https:\/\/loudavymkrokem.cz\/it\/?p=141627\">Castello di Praga<\/a>.<\/li>\n<li>Viaggiate con bambini piccoli? Allora vi sar\u00e0 utile la guida speciale <a href=\"https:\/\/loudavymkrokem.cz\/it\/praga-bambini-cosa-fare\/\">Cosa fare con un bimbo a Praga<\/a>, dove condivido i nostri parchi giochi preferiti e i caff\u00e8 baby-friendly.<\/li>\n<\/ul>\n<h2 class=\"wp-block-heading\"><span class=\"ez-toc-section\" id=\"Domande_frequenti\"><\/span><span class=\"ez-toc-section\" id=\"Domande_frequenti\"><\/span>Domande frequenti<span class=\"ez-toc-section-end\"><\/span><span class=\"ez-toc-section-end\"><\/span><\/h2>\n<div id=\"rank-math-faq\" class=\"rank-math-block\">\n<div class=\"rank-math-list \">\n<div id=\"faq-question-1777055066991\" class=\"rank-math-list-item\">\n<h3 class=\"rank-math-question \"><span class=\"ez-toc-section\" id=\"Lingresso_a_Vysehrad_e_a_pagamento\"><\/span><span class=\"ez-toc-section\" id=\"Lingresso_a_Vysehrad_e_a_pagamento\"><\/span><strong>L&#8217;ingresso a Vy\u0161ehrad \u00e8 a pagamento?<\/strong><span class=\"ez-toc-section-end\"><\/span><span class=\"ez-toc-section-end\"><\/span><\/h3>\n<div class=\"rank-math-answer \">\n<p>No, l&#8217;accesso all&#8217;intero complesso all&#8217;aperto, ai bastioni e ai parchi \u00e8 completamente gratuito. Si paga solo se si desidera entrare nella basilica, nelle casematte sotterranee o nella galleria.<\/p>\n<\/div>\n<\/div>\n<div id=\"faq-question-1777055079043\" class=\"rank-math-list-item\">\n<h3 class=\"rank-math-question \"><span class=\"ez-toc-section\" id=\"Posso_portare_il_cane_a_Vysehrad\"><\/span><span class=\"ez-toc-section\" id=\"Posso_portare_il_cane_a_Vysehrad\"><\/span><strong>Posso portare il cane a Vy\u0161ehrad?<\/strong> <span class=\"ez-toc-section-end\"><\/span><span class=\"ez-toc-section-end\"><\/span><\/h3>\n<div class=\"rank-math-answer \">\n<p>S\u00ec, Vy\u0161ehrad \u00e8 molto amato dai padroni di cani locali. I cani devono per\u00f2 essere tenuti al guinzaglio nell&#8217;area del monumento nazionale e non possono accedere al parco giochi n\u00e9 al cimitero.<\/p>\n<\/div>\n<\/div>\n<div id=\"faq-question-1777055083751\" class=\"rank-math-list-item\">\n<h3 class=\"rank-math-question \"><span class=\"ez-toc-section\" id=\"Vysehrad_e_adatto_a_passeggini_e_sedie_a_rotelle\"><\/span><span class=\"ez-toc-section\" id=\"Vysehrad_e_adatto_a_passeggini_e_sedie_a_rotelle\"><\/span><strong>Vy\u0161ehrad \u00e8 adatto a passeggini e sedie a rotelle?<\/strong><span class=\"ez-toc-section-end\"><\/span><span class=\"ez-toc-section-end\"><\/span><\/h3>\n<div class=\"rank-math-answer \">\n<p>Assolutamente s\u00ec. Se arrivate con la metro C alla fermata Vy\u0161ehrad, l&#8217;intero percorso fino alla basilica e il circuito principale lungo i bastioni si snoda su strade asfaltate e pianeggianti senza gradini. Solo alcuni viottoli laterali hanno il selciato.<\/p>\n<\/div>\n<\/div>\n<div id=\"faq-question-1777055092052\" class=\"rank-math-list-item\">\n<h3 class=\"rank-math-question \"><span class=\"ez-toc-section\" id=\"Quanto_dura_la_visita_di_Vysehrad\"><\/span><span class=\"ez-toc-section\" id=\"Quanto_dura_la_visita_di_Vysehrad\"><\/span><strong>Quanto dura la visita di Vy\u0161ehrad?<\/strong><span class=\"ez-toc-section-end\"><\/span><span class=\"ez-toc-section-end\"><\/span><\/h3>\n<div class=\"rank-math-answer \">\n<p>Per una passeggiata tranquilla con i panorami dai bastioni e la visita al cimitero consiglio di dedicare dalle 2 alle 3 ore. Con la visita degli interni e il pranzo si pu\u00f2 facilmente trascorrere mezza giornata.<\/p>\n<\/div>\n<\/div>\n<div id=\"faq-question-1777055100734\" class=\"rank-math-list-item\">\n<h3 class=\"rank-math-question \"><span class=\"ez-toc-section\" id=\"Dove_si_puo_parcheggiare_vicino_a_Vysehrad\"><\/span><span class=\"ez-toc-section\" id=\"Dove_si_puo_parcheggiare_vicino_a_Vysehrad\"><\/span><strong>Dove si pu\u00f2 parcheggiare vicino a Vy\u0161ehrad?<\/strong> <span class=\"ez-toc-section-end\"><\/span><span class=\"ez-toc-section-end\"><\/span><\/h3>\n<div class=\"rank-math-answer \">\n<p>L&#8217;opzione migliore \u00e8 lasciare l&#8217;auto nelle zone a pagamento (zone viola) nei dintorni della fermata metro Vy\u0161ehrad o gi\u00f9 a Podol\u00ed vicino all&#8217;ospedale e proseguire il resto a piedi.<\/p>\n<\/div>\n<\/div>\n<div id=\"faq-question-1777055115685\" class=\"rank-math-list-item\">\n<h3 class=\"rank-math-question \"><span class=\"ez-toc-section\" id=\"La_rotonda_di_San_Martino_e_normalmente_visitabile\"><\/span><span class=\"ez-toc-section\" id=\"La_rotonda_di_San_Martino_e_normalmente_visitabile\"><\/span><strong>La rotonda di San Martino \u00e8 normalmente visitabile?<\/strong><span class=\"ez-toc-section-end\"><\/span><span class=\"ez-toc-section-end\"><\/span><\/h3>\n<div class=\"rank-math-answer \">\n<p>No, la rotonda per motivi di sicurezza e conservazione \u00e8 chiusa per la maggior parte dell&#8217;anno e si pu\u00f2 ammirare dall&#8217;esterno solo oltre la recinzione. Viene aperta solo eccezionalmente, ad esempio durante la Notte delle Chiese o le Giornate Europee del Patrimonio.<\/p>\n<\/div>\n<\/div>\n<\/div>\n<\/div>\n","protected":false},"excerpt":{"rendered":"<p>Vy\u0161ehrad \u00e8 uno dei miei luoghi preferiti a Praga: qui regna la tranquillit\u00e0, non c&#8217;\u00e8 ressa e si godono i panorami pi\u00f9 belli della citt\u00e0.<\/p>\n","protected":false},"author":3,"featured_media":151159,"comment_status":"open","ping_status":"open","sticky":false,"template":"","format":"standard","meta":{"footnotes":"","rank_math_title":"","rank_math_description":"","rank_math_focus_keyword":"","rank_math_seo_score":""},"categories":[554,557,722],"tags":[],"class_list":{"0":"post-151232","1":"post","2":"type-post","3":"status-publish","4":"format-standard","5":"has-post-thumbnail","7":"category-europa","8":"category-repubblica-ceca","9":"category-viaggi"},"featured_image_src":"https:\/\/loudavymkrokem.cz\/wp-content\/uploads\/2026\/04\/vysehrad-4316.jpg","author_info":{"display_name":"Lucie Kone\u010dn\u00e1","author_link":"https:\/\/loudavymkrokem.cz\/it\/author\/lucie-konecna\/"},"_links":{"self":[{"href":"https:\/\/loudavymkrokem.cz\/it\/wp-json\/wp\/v2\/posts\/151232","targetHints":{"allow":["GET"]}}],"collection":[{"href":"https:\/\/loudavymkrokem.cz\/it\/wp-json\/wp\/v2\/posts"}],"about":[{"href":"https:\/\/loudavymkrokem.cz\/it\/wp-json\/wp\/v2\/types\/post"}],"author":[{"embeddable":true,"href":"https:\/\/loudavymkrokem.cz\/it\/wp-json\/wp\/v2\/users\/3"}],"replies":[{"embeddable":true,"href":"https:\/\/loudavymkrokem.cz\/it\/wp-json\/wp\/v2\/comments?post=151232"}],"version-history":[{"count":1,"href":"https:\/\/loudavymkrokem.cz\/it\/wp-json\/wp\/v2\/posts\/151232\/revisions"}],"predecessor-version":[{"id":151469,"href":"https:\/\/loudavymkrokem.cz\/it\/wp-json\/wp\/v2\/posts\/151232\/revisions\/151469"}],"wp:featuredmedia":[{"embeddable":true,"href":"https:\/\/loudavymkrokem.cz\/it\/wp-json\/wp\/v2\/media\/151159"}],"wp:attachment":[{"href":"https:\/\/loudavymkrokem.cz\/it\/wp-json\/wp\/v2\/media?parent=151232"}],"wp:term":[{"taxonomy":"category","embeddable":true,"href":"https:\/\/loudavymkrokem.cz\/it\/wp-json\/wp\/v2\/categories?post=151232"},{"taxonomy":"post_tag","embeddable":true,"href":"https:\/\/loudavymkrokem.cz\/it\/wp-json\/wp\/v2\/tags?post=151232"}],"curies":[{"name":"wp","href":"https:\/\/api.w.org\/{rel}","templated":true}]}}