{"id":417274,"date":"2026-09-05T09:32:23","date_gmt":"2026-09-05T07:32:23","guid":{"rendered":"https:\/\/loudavymkrokem.cz\/becs-szallas-hotelek-keruletek\/"},"modified":"2026-09-05T14:42:37","modified_gmt":"2026-09-05T12:42:37","slug":"becs-szallas-hotelek-keruletek","status":"publish","type":"post","link":"https:\/\/loudavymkrokem.cz\/hu\/becs-szallas-hotelek-keruletek\/","title":{"rendered":"B\u00e9cs sz\u00e1ll\u00e1s: 26 tipp hotelekre \u00e9s biztons\u00e1gos ker\u00fcletekre 2026-ban"},"content":{"rendered":"\n<p class=\"wp-block-paragraph\">Nek\u00fcnk, magyaroknak B\u00e9cs olyan hihetetlen\u00fcl k\u00f6nnyen el\u00e9rhet\u0151, hogy szinte t\u00f6k\u00e9letes hossz\u00fa h\u00e9tv\u00e9g\u00e9s \u00fati c\u00e9ll\u00e1 v\u00e1lt \u2014 \u00e9s \u00e9pp ez\u00e9rt a j\u00f3 <strong>b\u00e9cs sz\u00e1ll\u00e1s<\/strong> kiv\u00e1laszt\u00e1sa f\u00e9l siker. Kev\u00e9s eur\u00f3pai f\u0151v\u00e1ros k\u00edn\u00e1lja a cs\u00e1sz\u00e1ri pompa, a t\u00f6k\u00e9letesen \u00e1polt parkok \u00e9s a k\u00e1v\u00e9h\u00e1zi kult\u00fara ilyen csod\u00e1latos kombin\u00e1ci\u00f3j\u00e1t, amely mellett nyugodtan elt\u00f6ltesz egy eg\u00e9sz d\u00e9lut\u00e1nt. Luk\u00e1\u0161 \u00e9s \u00e9n sz\u00edvesen \u00e9s gyakran j\u00e1runk ide, hiszen az <strong>\u00fat vonattal \u00e9s aut\u00f3val is csak n\u00e9h\u00e1ny \u00f3ra<\/strong>, \u00e9s mindig felfedez\u00fcnk valami \u00fajat.<\/p>\n\n\n\n<p class=\"wp-block-paragraph\">Az utaz\u00e1s tervez\u00e9sekor tal\u00e1n te is azon t\u00f6r\u00f6d a fejed, <strong>hol hajtsd \u00e1lomra a fejed \u00e9s mennyibe fog ker\u00fclni<\/strong>. Az osztr\u00e1k metropolisz hatalmas, \u00e9s els\u0151 pillant\u00e1sra \u00fagy t\u0171nhet, hogy egyenesen a Szent Istv\u00e1n-sz\u00e9kesegyh\u00e1z mellett kell laknod. Pedig \u00e9pp az ellenkez\u0151je igaz, mert a v\u00e1rosnak <strong>zseni\u00e1lis t\u00f6megk\u00f6zleked\u00e9si rendszere<\/strong> van, amely a k\u00fcls\u0151 ker\u00fcletekb\u0151l percek alatt bevisz a belv\u00e1rosba.<\/p>\n\n\n\n<p class=\"wp-block-paragraph\">\u00d6ssze\u00e1ll\u00edtottam neked egy r\u00e9szletes sz\u00e1ll\u00e1s\u00fatmutat\u00f3t, amely <strong>val\u00f3di utaz\u00f3i tapasztalatok alapos feldolgoz\u00e1s\u00e1n<\/strong> alapul. Tal\u00e1lsz benne tippeket ikonikus palot\u00e1kra a k\u00fcl\u00f6nleges alkalmakra, csal\u00e1di panzi\u00f3kra \u00e9s megfizethet\u0151 hostelekre is, amelyek <strong>nem teszik t\u00f6nkre a p\u00e9nzt\u00e1rc\u00e1dat<\/strong>. Egy\u00fctt n\u00e9zz\u00fck v\u00e9gig az egyes b\u00e9csi ker\u00fcleteket, hogy pontosan tudd, melyik k\u00f6rny\u00e9k illik legjobban az utaz\u00e1si st\u00edlusodhoz.<\/p>\n\n\n\n<figure data-wp-context=\"{&quot;imageId&quot;:&quot;6a9c20815ca23&quot;}\" data-wp-interactive=\"core\/image\" data-wp-key=\"6a9c20815ca23\" class=\"wp-block-image size-full wp-lightbox-container\"><img decoding=\"async\" width=\"1600\" height=\"2133\" data-wp-class--hide=\"state.isContentHidden\" data-wp-class--show=\"state.isContentVisible\" data-wp-init=\"callbacks.setButtonStyles\" data-wp-on--click=\"actions.showLightbox\" data-wp-on--load=\"callbacks.setButtonStyles\" data-wp-on--pointerdown=\"actions.preloadImage\" data-wp-on--pointerenter=\"actions.preloadImageWithDelay\" data-wp-on--pointerleave=\"actions.cancelPreload\" data-wp-on-window--resize=\"callbacks.setButtonStyles\" src=\"https:\/\/loudavymkrokem.cz\/wp-content\/uploads\/2026\/08\/viden-neubau.jpg\" alt=\"A hetedik b\u00e9csi ker\u00fclet, Neubau utc\u00e1csk\u00e1i\" class=\"wp-image-407200\" title=\"\" srcset=\"https:\/\/loudavymkrokem.cz\/wp-content\/uploads\/2026\/08\/viden-neubau.jpg 1600w, https:\/\/loudavymkrokem.cz\/wp-content\/uploads\/2026\/08\/viden-neubau-225x300.jpg 225w, https:\/\/loudavymkrokem.cz\/wp-content\/uploads\/2026\/08\/viden-neubau-700x933.jpg 700w, https:\/\/loudavymkrokem.cz\/wp-content\/uploads\/2026\/08\/viden-neubau-768x1024.jpg 768w, https:\/\/loudavymkrokem.cz\/wp-content\/uploads\/2026\/08\/viden-neubau-1152x1536.jpg 1152w, https:\/\/loudavymkrokem.cz\/wp-content\/uploads\/2026\/08\/viden-neubau-1536x2048.jpg 1536w, https:\/\/loudavymkrokem.cz\/wp-content\/uploads\/2026\/08\/viden-neubau-696x928.jpg 696w, https:\/\/loudavymkrokem.cz\/wp-content\/uploads\/2026\/08\/viden-neubau-1392x1856.jpg 1392w\" sizes=\"(max-width: 1600px) 100vw, 1600px\" \/><button\n\t\t\tclass=\"lightbox-trigger\"\n\t\t\ttype=\"button\"\n\t\t\taria-haspopup=\"dialog\"\n\t\t\tdata-wp-bind--aria-label=\"state.thisImage.triggerButtonAriaLabel\"\n\t\t\tdata-wp-init=\"callbacks.initTriggerButton\"\n\t\t\tdata-wp-on--click=\"actions.showLightbox\"\n\t\t\tdata-wp-style--right=\"state.thisImage.buttonRight\"\n\t\t\tdata-wp-style--top=\"state.thisImage.buttonTop\"\n\t\t>\n\t\t\t<svg xmlns=\"http:\/\/www.w3.org\/2000\/svg\" width=\"12\" height=\"12\" fill=\"none\" viewBox=\"0 0 12 12\">\n\t\t\t\t<path fill=\"#fff\" d=\"M2 0a2 2 0 0 0-2 2v2h1.5V2a.5.5 0 0 1 .5-.5h2V0H2Zm2 10.5H2a.5.5 0 0 1-.5-.5V8H0v2a2 2 0 0 0 2 2h2v-1.5ZM8 12v-1.5h2a.5.5 0 0 0 .5-.5V8H12v2a2 2 0 0 1-2 2H8Zm2-12a2 2 0 0 1 2 2v2h-1.5V2a.5.5 0 0 0-.5-.5H8V0h2Z\" \/>\n\t\t\t<\/svg>\n\t\t<\/button><figcaption class=\"wp-element-caption\">Foto: Thorsten Schreiber \/ Google Maps<\/figcaption><\/figure>\n\n\n\n<div id=\"ez-toc-container\" class=\"ez-toc-v2_0_87 ez-toc-wrap-left counter-hierarchy ez-toc-counter ez-toc-grey ez-toc-container-direction\">\n<div class=\"ez-toc-title-container\">\n<p class=\"ez-toc-title\" style=\"cursor:inherit\">A cikk tartalma<\/p>\n<span class=\"ez-toc-title-toggle\"><a href=\"#\" class=\"ez-toc-pull-right ez-toc-btn ez-toc-btn-xs ez-toc-btn-default ez-toc-toggle\" aria-label=\"Toggle Table of Content\"><span class=\"ez-toc-js-icon-con\"><span class=\"\"><span class=\"eztoc-hide\" style=\"display:none;\">Toggle<\/span><span class=\"ez-toc-icon-toggle-span\"><svg style=\"fill: #999;color:#999\" xmlns=\"http:\/\/www.w3.org\/2000\/svg\" class=\"list-377408\" width=\"20px\" height=\"20px\" viewBox=\"0 0 24 24\" fill=\"none\"><path d=\"M6 6H4v2h2V6zm14 0H8v2h12V6zM4 11h2v2H4v-2zm16 0H8v2h12v-2zM4 16h2v2H4v-2zm16 0H8v2h12v-2z\" fill=\"currentColor\"><\/path><\/svg><svg style=\"fill: #999;color:#999\" class=\"arrow-unsorted-368013\" xmlns=\"http:\/\/www.w3.org\/2000\/svg\" width=\"10px\" height=\"10px\" viewBox=\"0 0 24 24\" version=\"1.2\" baseProfile=\"tiny\"><path d=\"M18.2 9.3l-6.2-6.3-6.2 6.3c-.2.2-.3.4-.3.7s.1.5.3.7c.2.2.4.3.7.3h11c.3 0 .5-.1.7-.3.2-.2.3-.5.3-.7s-.1-.5-.3-.7zM5.8 14.7l6.2 6.3 6.2-6.3c.2-.2.3-.5.3-.7s-.1-.5-.3-.7c-.2-.2-.4-.3-.7-.3h-11c-.3 0-.5.1-.7.3-.2.2-.3.5-.3.7s.1.5.3.7z\"\/><\/svg><\/span><\/span><\/span><\/a><\/span><\/div>\n<nav><ul class='ez-toc-list ez-toc-list-level-1 ' ><ul class='ez-toc-list-level-3' ><li class='ez-toc-heading-level-3'><a class=\"ez-toc-link ez-toc-heading-1\" href=\"https:\/\/loudavymkrokem.cz\/hu\/becs-szallas-hotelek-keruletek\/#Osszefoglalas\" >\u00d6sszefoglal\u00e1s<\/a><\/li><\/ul><\/li><li class='ez-toc-page-1 ez-toc-heading-level-2'><a class=\"ez-toc-link ez-toc-heading-2\" href=\"https:\/\/loudavymkrokem.cz\/hu\/becs-szallas-hotelek-keruletek\/#Melyik_kornyeket_valaszd\" >Melyik k\u00f6rny\u00e9ket v\u00e1laszd<\/a><\/li><li class='ez-toc-page-1 ez-toc-heading-level-2'><a class=\"ez-toc-link ez-toc-heading-3\" href=\"https:\/\/loudavymkrokem.cz\/hu\/becs-szallas-hotelek-keruletek\/#Mikor_menj_es_mikor_foglalj\" >Mikor menj \u00e9s mikor foglalj<\/a><\/li><li class='ez-toc-page-1 ez-toc-heading-level-2'><a class=\"ez-toc-link ez-toc-heading-4\" href=\"https:\/\/loudavymkrokem.cz\/hu\/becs-szallas-hotelek-keruletek\/#Becs_26_legjobb_szallasa\" >B\u00e9cs 26 legjobb sz\u00e1ll\u00e1sa<\/a><ul class='ez-toc-list-level-3' ><li class='ez-toc-heading-level-3'><a class=\"ez-toc-link ez-toc-heading-5\" href=\"https:\/\/loudavymkrokem.cz\/hu\/becs-szallas-hotelek-keruletek\/#1_Hotel_Sacher_Vienna\" >1. Hotel Sacher Vienna<\/a><\/li><li class='ez-toc-page-1 ez-toc-heading-level-3'><a class=\"ez-toc-link ez-toc-heading-6\" href=\"https:\/\/loudavymkrokem.cz\/hu\/becs-szallas-hotelek-keruletek\/#2_Hotel_Imperial\" >2. Hotel Imperial<\/a><\/li><li class='ez-toc-page-1 ez-toc-heading-level-3'><a class=\"ez-toc-link ez-toc-heading-7\" href=\"https:\/\/loudavymkrokem.cz\/hu\/becs-szallas-hotelek-keruletek\/#3_Park_Hyatt_Vienna\" >3. Park Hyatt Vienna<\/a><\/li><li class='ez-toc-page-1 ez-toc-heading-level-3'><a class=\"ez-toc-link ez-toc-heading-8\" href=\"https:\/\/loudavymkrokem.cz\/hu\/becs-szallas-hotelek-keruletek\/#4_The_Ritz-Carlton_Vienna\" >4. The Ritz-Carlton Vienna<\/a><\/li><li class='ez-toc-page-1 ez-toc-heading-level-3'><a class=\"ez-toc-link ez-toc-heading-9\" href=\"https:\/\/loudavymkrokem.cz\/hu\/becs-szallas-hotelek-keruletek\/#5_Hotel_Bristol\" >5. Hotel Bristol<\/a><\/li><li class='ez-toc-page-1 ez-toc-heading-level-3'><a class=\"ez-toc-link ez-toc-heading-10\" href=\"https:\/\/loudavymkrokem.cz\/hu\/becs-szallas-hotelek-keruletek\/#6_Rosewood_Vienna\" >6. Rosewood Vienna<\/a><\/li><li class='ez-toc-page-1 ez-toc-heading-level-3'><a class=\"ez-toc-link ez-toc-heading-11\" href=\"https:\/\/loudavymkrokem.cz\/hu\/becs-szallas-hotelek-keruletek\/#7_Eurostars_Grand_Hotel_Wien\" >7. Eurostars Grand Hotel Wien<\/a><\/li><li class='ez-toc-page-1 ez-toc-heading-level-3'><a class=\"ez-toc-link ez-toc-heading-12\" href=\"https:\/\/loudavymkrokem.cz\/hu\/becs-szallas-hotelek-keruletek\/#8_HOTEL_KAISERHOF_WIEN\" >8. HOTEL KAISERHOF WIEN<\/a><\/li><li class='ez-toc-page-1 ez-toc-heading-level-3'><a class=\"ez-toc-link ez-toc-heading-13\" href=\"https:\/\/loudavymkrokem.cz\/hu\/becs-szallas-hotelek-keruletek\/#9_Cocoon_Wien_Westbahnhof_%E2%80%94_Boutiquehotel_Stadthalle\" >9. Cocoon Wien Westbahnhof \u2014 Boutiquehotel Stadthalle<\/a><\/li><li class='ez-toc-page-1 ez-toc-heading-level-3'><a class=\"ez-toc-link ez-toc-heading-14\" href=\"https:\/\/loudavymkrokem.cz\/hu\/becs-szallas-hotelek-keruletek\/#10_Hotel_MOTTO\" >10. Hotel MOTTO<\/a><\/li><li class='ez-toc-page-1 ez-toc-heading-level-3'><a class=\"ez-toc-link ez-toc-heading-15\" href=\"https:\/\/loudavymkrokem.cz\/hu\/becs-szallas-hotelek-keruletek\/#11_Altstadt_Vienna_an_SLH_Hotel\" >11. Altstadt Vienna, an SLH Hotel<\/a><\/li><li class='ez-toc-page-1 ez-toc-heading-level-3'><a class=\"ez-toc-link ez-toc-heading-16\" href=\"https:\/\/loudavymkrokem.cz\/hu\/becs-szallas-hotelek-keruletek\/#12_Hotel_Beethoven_Wien\" >12. Hotel Beethoven Wien<\/a><\/li><li class='ez-toc-page-1 ez-toc-heading-level-3'><a class=\"ez-toc-link ez-toc-heading-17\" href=\"https:\/\/loudavymkrokem.cz\/hu\/becs-szallas-hotelek-keruletek\/#13_magdas_HOTEL_Vienna_City\" >13. magdas HOTEL Vienna City<\/a><\/li><li class='ez-toc-page-1 ez-toc-heading-level-3'><a class=\"ez-toc-link ez-toc-heading-18\" href=\"https:\/\/loudavymkrokem.cz\/hu\/becs-szallas-hotelek-keruletek\/#14_Hotel_am_Brillantengrund\" >14. Hotel am Brillantengrund<\/a><\/li><li class='ez-toc-page-1 ez-toc-heading-level-3'><a class=\"ez-toc-link ez-toc-heading-19\" href=\"https:\/\/loudavymkrokem.cz\/hu\/becs-szallas-hotelek-keruletek\/#15_25hours_Hotel_Vienna_at_MuseumsQuartier\" >15. 25hours Hotel Vienna at MuseumsQuartier<\/a><\/li><li class='ez-toc-page-1 ez-toc-heading-level-3'><a class=\"ez-toc-link ez-toc-heading-20\" href=\"https:\/\/loudavymkrokem.cz\/hu\/becs-szallas-hotelek-keruletek\/#16_Hotel_Am_Konzerthaus_%E2%80%94_MGallery\" >16. Hotel Am Konzerthaus \u2014 MGallery<\/a><\/li><li class='ez-toc-page-1 ez-toc-heading-level-3'><a class=\"ez-toc-link ez-toc-heading-21\" href=\"https:\/\/loudavymkrokem.cz\/hu\/becs-szallas-hotelek-keruletek\/#17_Hotel_Gilbert\" >17. Hotel Gilbert<\/a><\/li><li class='ez-toc-page-1 ez-toc-heading-level-3'><a class=\"ez-toc-link ez-toc-heading-22\" href=\"https:\/\/loudavymkrokem.cz\/hu\/becs-szallas-hotelek-keruletek\/#18_Hotel_Schani\" >18. Hotel Schani<\/a><\/li><li class='ez-toc-page-1 ez-toc-heading-level-3'><a class=\"ez-toc-link ez-toc-heading-23\" href=\"https:\/\/loudavymkrokem.cz\/hu\/becs-szallas-hotelek-keruletek\/#19_Ruby_Marie_Hotel_Vienna\" >19. Ruby Marie Hotel Vienna<\/a><\/li><li class='ez-toc-page-1 ez-toc-heading-level-3'><a class=\"ez-toc-link ez-toc-heading-24\" href=\"https:\/\/loudavymkrokem.cz\/hu\/becs-szallas-hotelek-keruletek\/#20_Hotel_Josefshof_am_Rathaus\" >20. Hotel Josefshof am Rathaus<\/a><\/li><li class='ez-toc-page-1 ez-toc-heading-level-3'><a class=\"ez-toc-link ez-toc-heading-25\" href=\"https:\/\/loudavymkrokem.cz\/hu\/becs-szallas-hotelek-keruletek\/#21_Hotel_Rathauspark_Wien_%E2%80%94_Handwritten_Collection\" >21. Hotel Rathauspark Wien \u2014 Handwritten Collection<\/a><\/li><li class='ez-toc-page-1 ez-toc-heading-level-3'><a class=\"ez-toc-link ez-toc-heading-26\" href=\"https:\/\/loudavymkrokem.cz\/hu\/becs-szallas-hotelek-keruletek\/#22_Ruby_Lissi_Hotel_Vienna\" >22. Ruby Lissi Hotel Vienna<\/a><\/li><li class='ez-toc-page-1 ez-toc-heading-level-3'><a class=\"ez-toc-link ez-toc-heading-27\" href=\"https:\/\/loudavymkrokem.cz\/hu\/becs-szallas-hotelek-keruletek\/#23_Hotel_Zipser\" >23. Hotel Zipser<\/a><\/li><li class='ez-toc-page-1 ez-toc-heading-level-3'><a class=\"ez-toc-link ez-toc-heading-28\" href=\"https:\/\/loudavymkrokem.cz\/hu\/becs-szallas-hotelek-keruletek\/#24_Vienna_Hostel_Ruthensteiner\" >24. Vienna Hostel Ruthensteiner<\/a><\/li><li class='ez-toc-page-1 ez-toc-heading-level-3'><a class=\"ez-toc-link ez-toc-heading-29\" href=\"https:\/\/loudavymkrokem.cz\/hu\/becs-szallas-hotelek-keruletek\/#25_Wombats_City_Hostel_Vienna_Naschmarkt\" >25. Wombat&#8217;s City Hostel Vienna Naschmarkt<\/a><\/li><li class='ez-toc-page-1 ez-toc-heading-level-3'><a class=\"ez-toc-link ez-toc-heading-30\" href=\"https:\/\/loudavymkrokem.cz\/hu\/becs-szallas-hotelek-keruletek\/#26_MEININGER_Hotel_Wien_Downtown_Sissi\" >26. MEININGER Hotel Wien Downtown Sissi<\/a><\/li><\/ul><\/li><li class='ez-toc-page-1 ez-toc-heading-level-2'><a class=\"ez-toc-link ez-toc-heading-31\" href=\"https:\/\/loudavymkrokem.cz\/hu\/becs-szallas-hotelek-keruletek\/#Hogyan_valaszd_ki_a_megfelelo_szallodat\" >Hogyan v\u00e1laszd ki a megfelel\u0151 sz\u00e1llod\u00e1t<\/a><\/li><li class='ez-toc-page-1 ez-toc-heading-level-2'><a class=\"ez-toc-link ez-toc-heading-32\" href=\"https:\/\/loudavymkrokem.cz\/hu\/becs-szallas-hotelek-keruletek\/#Merre_tovabb\" >Merre tov\u00e1bb<\/a><\/li><li class='ez-toc-page-1 ez-toc-heading-level-2'><a class=\"ez-toc-link ez-toc-heading-33\" href=\"https:\/\/loudavymkrokem.cz\/hu\/becs-szallas-hotelek-keruletek\/#Gyakran_ismetelt_kerdesek\" >Gyakran ism\u00e9telt k\u00e9rd\u00e9sek<\/a><ul class='ez-toc-list-level-3' ><li class='ez-toc-heading-level-3'><a class=\"ez-toc-link ez-toc-heading-34\" href=\"https:\/\/loudavymkrokem.cz\/hu\/becs-szallas-hotelek-keruletek\/#Kozvetlenul_Becs_kozpontjaban_kell_szallast_foglalnom\" >K\u00f6zvetlen\u00fcl B\u00e9cs k\u00f6zpontj\u00e1ban kell sz\u00e1ll\u00e1st foglalnom?<\/a><\/li><li class='ez-toc-page-1 ez-toc-heading-level-3'><a class=\"ez-toc-link ez-toc-heading-35\" href=\"https:\/\/loudavymkrokem.cz\/hu\/becs-szallas-hotelek-keruletek\/#Hol_szalljak_meg_ha_karacsonyi_vasarokra_megyek\" >Hol sz\u00e1lljak meg, ha kar\u00e1csonyi v\u00e1s\u00e1rokra megyek?<\/a><\/li><li class='ez-toc-page-1 ez-toc-heading-level-3'><a class=\"ez-toc-link ez-toc-heading-36\" href=\"https:\/\/loudavymkrokem.cz\/hu\/becs-szallas-hotelek-keruletek\/#Hogyan_van_Becsben_a_szallodai_parkolas\" >Hogyan van B\u00e9csben a sz\u00e1llodai parkol\u00e1s?<\/a><\/li><li class='ez-toc-page-1 ez-toc-heading-level-3'><a class=\"ez-toc-link ez-toc-heading-37\" href=\"https:\/\/loudavymkrokem.cz\/hu\/becs-szallas-hotelek-keruletek\/#Dragak_a_szallodak_Becsben\" >Dr\u00e1g\u00e1k a sz\u00e1llod\u00e1k B\u00e9csben?<\/a><\/li><li class='ez-toc-page-1 ez-toc-heading-level-3'><a class=\"ez-toc-link ez-toc-heading-38\" href=\"https:\/\/loudavymkrokem.cz\/hu\/becs-szallas-hotelek-keruletek\/#Melyik_becsi_negyed_a_legjobb_az_etelkedvelok_szamara\" >Melyik b\u00e9csi negyed a legjobb az \u00e9telkedvel\u0151k sz\u00e1m\u00e1ra?<\/a><\/li><li class='ez-toc-page-1 ez-toc-heading-level-3'><a class=\"ez-toc-link ez-toc-heading-39\" href=\"https:\/\/loudavymkrokem.cz\/hu\/becs-szallas-hotelek-keruletek\/#Mikor_a_legjobb_idopont_a_szallodafoglalasra\" >Mikor a legjobb id\u0151pont a sz\u00e1llodafoglal\u00e1sra?<\/a><\/li><li class='ez-toc-page-1 ez-toc-heading-level-3'><a class=\"ez-toc-link ez-toc-heading-40\" href=\"https:\/\/loudavymkrokem.cz\/hu\/becs-szallas-hotelek-keruletek\/#Hol_szalljak_meg_Becsben_gyerekekkel\" >Hol sz\u00e1lljak meg B\u00e9csben gyerekekkel?<\/a><\/li><\/ul><\/li><\/ul><\/nav><\/div>\n<h3 class=\"wp-block-heading\"><span class=\"ez-toc-section\" id=\"Osszefoglalas\"><\/span>\u00d6sszefoglal\u00e1s<span class=\"ez-toc-section-end\"><\/span><\/h3>\n\n\n\n<ul class=\"wp-block-list\">\n\n<li><strong>Legjobb \u00e1r-hely ar\u00e1ny:<\/strong> Ha igazi helyi hangulatot szeretn\u00e9l \u00e1t\u00e9lni, <strong>keress sz\u00e1ll\u00e1st Neubau ker\u00fcletben<\/strong>, ahonnan gyalog el\u00e9red a f\u0151 m\u00fazeumokat, de a belv\u00e1rosi \u00e1rak t\u00f6red\u00e9k\u00e9t fizeted.<\/li>\n\n\n\n<li><strong>A luxus szerelmeseinek:<\/strong> Felejthetetlen, t\u00f6rt\u00e9nelemmel teli \u00e9lm\u00e9nyt ny\u00fajt a legend\u00e1s <strong>Hotel Sacher Vienna<\/strong> vagy az egykori palota, a <strong>Hotel Imperial<\/strong>, amely a legig\u00e9nyesebb vend\u00e9geket is el\u00e9gedett\u00e9 teszi.<\/li>\n\n\n\n<li><strong>Legjobb butik\u00e9lm\u00e9ny:<\/strong> Toronymagasan <strong>a legjobbra \u00e9rt\u00e9kelt a HOTEL KAISERHOF WIEN<\/strong>, de figyelmet \u00e9rdemel az egyed\u00fcl\u00e1ll\u00f3 <strong>Altstadt Vienna<\/strong> is a fantasztikus reggelivel.<\/li>\n\n\n\n<li><strong>Sz\u00e1ll\u00e1s t\u00f6rt\u00e9nettel:<\/strong> T\u00e1mogass egy j\u00f3 \u00fcgyet, \u00e9s sz\u00e1llj meg a <strong>magdas HOTEL Vienna City<\/strong> sz\u00e1llod\u00e1ban, amely menek\u00fclttapasztalattal rendelkez\u0151 embereket foglalkoztat, vagy pr\u00f3b\u00e1ld ki az egykori kolostort, a <strong>Hotel am Brillantengrund<\/strong>-ot.<\/li>\n\n\n\n<li><strong>Csal\u00e1doknak gyerekkel:<\/strong> Remek v\u00e1laszt\u00e1s a nyugodt <strong>Hotel Zipser<\/strong> a csendes Josefstadt ker\u00fcletben, vagy a z\u00f6ld Prater k\u00f6zel\u00e9ben l\u00e9v\u0151 sz\u00e1llod\u00e1k Leopoldstadtban.<\/li>\n\n\n\n<li><strong>Legjobb sz\u0171k k\u00f6lts\u00e9gvet\u00e9sre:<\/strong> A h\u00e1tizs\u00e1kosok \u00e9s di\u00e1kok im\u00e1dni fogj\u00e1k a <strong>Vienna Hostel Ruthensteiner<\/strong>-t, amely bar\u00e1ts\u00e1gos hangulatot \u00e9s remek h\u00e1tteret k\u00edn\u00e1l minim\u00e1lis \u00e1ron.<\/li>\n\n\n\n<li><strong>Praktikus aut\u00f3s \u00fathoz:<\/strong> V\u00e1lassz sz\u00e1llod\u00e1t a Westbahnhof vagy a Hauptbahnhof p\u00e1lyaudvar k\u00f6rny\u00e9k\u00e9n, mint p\u00e9ld\u00e1ul a <strong>Hotel Schani<\/strong>, ahol elker\u00fcl\u00f6d a t\u00f6rt\u00e9nelmi belv\u00e1rosban val\u00f3 bonyolult navig\u00e1l\u00e1st.<\/li>\n\n\n<\/ul>\n\n\n\n\n<p class=\"wp-block-paragraph\"><em>\ud83d\udca1 A b\u00e9csi t\u00f6megk\u00f6zleked\u00e9s annyira j\u00f3, hogy a k\u00fcls\u0151 ker\u00fcletekb\u0151l t\u00edz perc alatt bent vagy a belv\u00e1rosban \u2014 ez\u00e9rt \u00e9rdemes a Ringen k\u00edv\u00fcli sz\u00e1ll\u00e1sokat is \u00f6sszehasonl\u00edtani. <a href=\"https:\/\/www.stay22.com\/allez\/roam?aid=lukaskonecny&#038;campaign=loudavymkrokemcz&#038;campaign=kde-bydlet-ve-vidni&#038;address=V%C3%ADde%C5%88%2C%20Rakousko\" target=\"_blank\" rel=\"nofollow noopener sponsored\">Ezen a t\u00e9rk\u00e9pen egyszerre l\u00e1tod az eg\u00e9sz k\u00edn\u00e1latot<\/a>, azt is bele\u00e9rtve, mennyivel olcs\u00f3bb a hetedik vagy nyolcadik ker\u00fclet.<\/em><\/p>\n\n\n\n<h2 class=\"wp-block-heading\"><span class=\"ez-toc-section\" id=\"Melyik_kornyeket_valaszd\"><\/span>Melyik k\u00f6rny\u00e9ket v\u00e1laszd<span class=\"ez-toc-section-end\"><\/span><\/h2>\n\n\n\n<p class=\"wp-block-paragraph\">B\u00e9cset k\u00f6zigazgat\u00e1silag huszonh\u00e1rom sz\u00e1mozott ker\u00fcletre osztott\u00e1k, amelyeket a helyiek Bezirke n\u00e9ven emlegetnek. <strong>Ezeknek a sz\u00e1moknak az ismerete kulcsfontoss\u00e1g\u00fa<\/strong>, mert minden utcat\u00e1bl\u00e1n tal\u00e1lkozol majd vel\u00fck, \u00e9s nagyban megk\u00f6nny\u00edtik a t\u00e1j\u00e9koz\u00f3d\u00e1st a sz\u00e1lloda kiv\u00e1laszt\u00e1sakor. Ha \u00e9pp a lehet\u0151s\u00e9geidet m\u00e9rlegeled, ne feledd: B\u00e9cs azon kev\u00e9s nagy eur\u00f3pai v\u00e1ros egyike, ahol <strong>egy\u00e1ltal\u00e1n nincs \u00e9rtelme feleslegesen sokat fizetni a t\u00f6rt\u00e9nelmi belv\u00e1ros\u00e9rt<\/strong>. A helyi metr\u00f3- \u00e9s villamosh\u00e1l\u00f3zat ugyanis olyan hihetetlen\u00fcl s\u0171r\u0171 \u00e9s pontos, hogy a k\u00fcls\u0151 ker\u00fcletekb\u0151l t\u00edz perc alatt egyenesen a Stephansplatzra \u00e9rsz. Ennek k\u00f6sz\u00f6nhet\u0151en sokkal jobb min\u0151s\u00e9g\u0171 \u00e9s \u00e9rdekesebb szob\u00e1t engedhetsz meg magadnak a hetedik vagy nyolcadik ker\u00fcletben, mint amennyibe egy \u00e1tlagos sz\u00e1ll\u00e1s ker\u00fcl a h\u00edres Ringen.<\/p>\n\n\n\n<p class=\"wp-block-paragraph\"><strong>1. Innere Stadt (els\u0151 ker\u00fclet)<\/strong> a v\u00e1ros abszol\u00fat t\u00f6rt\u00e9nelmi sz\u00edve, ahol megtal\u00e1lod a fens\u00e9ges Hofburgot, az operah\u00e1zat \u00e9s a h\u00edres Graben bev\u00e1s\u00e1rl\u00f3utc\u00e1t. <strong>Remek v\u00e1laszt\u00e1s a legels\u0151 l\u00e1togat\u00e1shoz<\/strong>, ha nagyon kev\u00e9s id\u0151d van, \u00e9s nem b\u00e1nod, hogy megfizetsz az exkluzivit\u00e1s\u00e9rt. Sz\u00e1molj viszont azzal, hogy a sz\u00e1ll\u00e1sok \u00e9s \u00e9ttermek \u00e1rai itt magasan a legmagasabbak az eg\u00e9sz v\u00e1rosban, \u00e9s minden\u00fctt turistat\u00f6megekbe \u00fctk\u00f6z\u00f6l.<\/p>\n\n\n\n<p class=\"wp-block-paragraph\"><strong>7. Neubau<\/strong> sok utaz\u00f3 \u00e9s f\u00fcggetlen \u00e9rt\u00e9kel\u00e9s szerint a legjobb <strong>\u00f6sszhangulat-\u00e1r ar\u00e1ny\u00fa<\/strong> ker\u00fclet. Ide j\u00e1rnak szabadidej\u00fcket t\u00f6lteni maguk a b\u00e9csiek is, \u00e9s tucatnyi f\u00fcggetlen k\u00e1v\u00e9z\u00f3t \u00e9s designboltot tal\u00e1lsz itt. Nagy el\u0151ny az is, hogy a hatalmas MuseumsQuartier kultur\u00e1lis negyed sz\u00f3 szerint a sarkon van.<\/p>\n\n\n\n<p class=\"wp-block-paragraph\"><strong>6. Mariahilf<\/strong> szorosan Neubau ker\u00fclettel szomsz\u00e9dos, f\u0151 \u00fct\u0151ere a hossz\u00fa Mariahilfer Stra\u00dfe. Ez <strong>a leghosszabb \u00e9s egy\u00e9rtelm\u0171en legismertebb bev\u00e1s\u00e1rl\u00f3utca<\/strong> eg\u00e9sz Ausztri\u00e1ban. Ha utad f\u0151 c\u00e9lja a ruhat\u00e1rad felt\u00f6lt\u00e9se, \u00e9s k\u00f6zel akarsz lenni a h\u00edres Naschmarkt piachoz, itt teljesen el leszel ragadtatva.<\/p>\n\n\n\n<p class=\"wp-block-paragraph\"><strong>8. Josefstadt<\/strong> a legkisebb b\u00e9csi ker\u00fclet, amely a figyelmes l\u00e1togat\u00f3nak m\u00e9gis <strong>hihetetlen nyugalmat \u00e9s csendes utc\u00e1csk\u00e1kat<\/strong> k\u00edn\u00e1l, tele hagyom\u00e1nyos irodalmi k\u00e1v\u00e9h\u00e1zakkal. Ebb\u0151l a gy\u00f6ny\u00f6r\u0171 rezidenci\u00e1lis negyedb\u0151l egy nagyon kellemes s\u00e9t\u00e1val jutsz el a csod\u00e1latos neog\u00f3tikus v\u00e1rosh\u00e1z\u00e1hoz.<\/p>\n\n\n\n<p class=\"wp-block-paragraph\"><strong>4. Wieden<\/strong> ezzel szemben f\u0151leg a lelkes \u00ednyenceknek \u00e9s a j\u00f3 \u00e9telek szerelmeseinek nyeri el a tetsz\u00e9s\u00e9t. K\u00f6zvetlen\u00fcl a h\u00edres Naschmarkt k\u00f6zel\u00e9ben fekszik, \u00e9s sz\u00f3 szerint <strong>tele van remek modern \u00e9ttermekkel \u00e9s hangulatos bisztr\u00f3kkal<\/strong>. A v\u00e1rosi k\u00f6zleked\u00e9s szempontj\u00e1b\u00f3l r\u00e1ad\u00e1sul nagyon strat\u00e9giai hely, kiv\u00e1l\u00f3 metr\u00f3csatlakoz\u00e1ssal.<\/p>\n\n\n\n<p class=\"wp-block-paragraph\"><strong>2. Leopoldstadt<\/strong> k\u00f6zvetlen\u00fcl a csatorna t\u00faloldal\u00e1n ter\u00fcl el a t\u00f6rt\u00e9nelmi belv\u00e1rost\u00f3l, \u00f3ri\u00e1si el\u0151nye pedig <strong>a hatalmas z\u00f6ld Prater park k\u00f6zels\u00e9ge<\/strong>. Ez fantasztikus \u00e9s nagyon keresett v\u00e1laszt\u00e1ss\u00e1 teszi a gyerekes csal\u00e1dok sz\u00e1m\u00e1ra. Rengeteg z\u00f6ld ter\u00fclet, sz\u00e9les sug\u00e1rutak \u00e9s est\u00e9nk\u00e9nt nagyon nyugodt hangulat v\u00e1rja itt az utaz\u00f3kat.<\/p>\n\n\n\n<p class=\"wp-block-paragraph\"><strong>15. A Westbahnhof melletti ker\u00fclet<\/strong> ide\u00e1lis b\u00e1zis minden sz\u0171kebb k\u00f6lts\u00e9gvet\u00e9s\u0171 utaz\u00f3 sz\u00e1m\u00e1ra. Kiv\u00e1l\u00f3an megfelel azoknak is, akik <strong>saj\u00e1t aut\u00f3val \u00e9rkeznek az osztr\u00e1k f\u0151v\u00e1rosba<\/strong>. Az itteni sz\u00e1llod\u00e1k jellemz\u0151en j\u00f3val olcs\u00f3bbak, gyakran k\u00edn\u00e1lnak biztons\u00e1gos saj\u00e1t parkol\u00f3t, \u00e9s a k\u00f6zeli p\u00e1lyaudvarnak k\u00f6sz\u00f6nhet\u0151en metr\u00f3val percek alatt a belv\u00e1rosban vagy.<\/p>\n\n\n\n<h2 class=\"wp-block-heading\"><span class=\"ez-toc-section\" id=\"Mikor_menj_es_mikor_foglalj\"><\/span>Mikor menj \u00e9s mikor foglalj<span class=\"ez-toc-section-end\"><\/span><\/h2>\n\n\n\n<p class=\"wp-block-paragraph\">A l\u00e1togat\u00e1s id\u0151z\u00edt\u00e9se \u00f3ri\u00e1si szerepet j\u00e1tszik abban, <strong>milyen v\u00e9gleges sz\u00e1ll\u00e1s\u00e1rakra sz\u00e1m\u00edthatsz a foglal\u00e1si rendszerekben<\/strong>. Az osztr\u00e1k metropolisz ugyan az eg\u00e9sz \u00e9vben nagyon n\u00e9pszer\u0171 \u00fati c\u00e9lok k\u00f6z\u00e9 tartozik, de egyes h\u00f3napok turisztikai szempontb\u00f3l rendk\u00edv\u00fcl zs\u00fafoltak, ez\u00e9rt j\u00f3 el\u0151re, gondos tervez\u00e9st ig\u00e9nyelnek.<\/p>\n\n\n\n<p class=\"wp-block-paragraph\">Az abszol\u00fat cs\u00facs az <strong>adventi id\u0151szak november v\u00e9g\u00e9t\u0151l december v\u00e9g\u00e9ig<\/strong>, amikor az eg\u00e9sz v\u00e1ros var\u00e1zslatosan f\u00e9nyekkel teli mesebeli t\u00e9li birodalomm\u00e1 v\u00e1ltozik. A h\u00edres kar\u00e1csonyi v\u00e1s\u00e1rok K\u00f6z\u00e9p-Eur\u00f3pa minden t\u00e1j\u00e1r\u00f3l vonzz\u00e1k a lelkes l\u00e1togat\u00f3kat. Ez\u00e9rt ilyenkor a sz\u00e1llod\u00e1k \u00e9rthet\u0151 m\u00f3don a legdr\u00e1g\u00e1bbak, a legjobb szob\u00e1k pedig ak\u00e1r t\u00f6bb h\u00f3nappal el\u0151re elkelnek.<\/p>\n\n\n\n<p class=\"wp-block-paragraph\">A tavaszi h\u00f3napok, <strong>\u00e1prilist\u00f3l j\u00faniusig, valamint az \u0151szi szeptember \u00e9s okt\u00f3ber<\/strong> tal\u00e1n a legkellemesebbek a v\u00e1ros sz\u00e9ps\u00e9geinek felfedez\u00e9s\u00e9hez. A h\u0151m\u00e9rs\u00e9klet ide\u00e1lis a hossz\u00fa s\u00e9t\u00e1khoz a nevezetess\u00e9gek k\u00f6z\u00f6tt \u00e9s a helyi k\u00e1v\u00e9z\u00f3k teraszain val\u00f3 k\u00e9nyelmes \u00fcld\u00f6g\u00e9l\u00e9shez. A sz\u00e1lloda\u00e1rak itt ugyan m\u00e9g mindig viszonylag magasak, de a vir\u00e1gz\u00f3 parkok \u00e9lm\u00e9nye b\u0151ven k\u00e1rp\u00f3tol \u00e9rte.<\/p>\n\n\n\n<p class=\"wp-block-paragraph\">Ha jelent\u0151sen sp\u00f3rolni szeretn\u00e9l az utaz\u00e1son, <strong>indulj a hideg janu\u00e1rban vagy febru\u00e1rban<\/strong>. Az \u00f6sszes sz\u00e1ll\u00e1s \u00e1ra ilyenkor \u00e9ves m\u00e9lypontra esik, te pedig \u00fcresebb utc\u00e1kat \u00e9lvezhetsz. Sz\u00e1molnod kell ugyan a fagyos id\u0151j\u00e1r\u00e1ssal \u00e9s a nagyon korai s\u00f6t\u00e9ted\u00e9ssel, de ez a t\u00e9li id\u0151szak \u00e9pp a h\u00edres b\u00e1li szezon cs\u00facspontja, amelynek megism\u00e9telhetetlen t\u00e1rsas\u00e1gi var\u00e1zsa van.<\/p>\n\n\n\n<p class=\"wp-block-paragraph\">Nagyon figyelj oda a <strong>hossz\u00fa h\u00e9tv\u00e9g\u00e9kre \u00e9s a magyar \u00e1llami \u00fcnnepekre<\/strong>. B\u00e9cs egyszer\u0171en a legk\u00f6nnyebb k\u00fclf\u00f6ldi kir\u00e1ndul\u00e1s sz\u00e1munkra, \u00e9s sokan sz\u00edvesen kihaszn\u00e1lj\u00e1k ezt a szabadidej\u00fck alatt. Ezekben az id\u0151szakokban a szabad szob\u00e1k rak\u00e9tasebess\u00e9ggel t\u0171nnek el, az \u00e1rak pedig meredeken felsz\u00f6knek, \u00fagyhogy a v\u00e9gleges foglal\u00e1ssal semmik\u00e9pp ne v\u00e1rj sok\u00e1ig.<\/p>\n\n\n\n<h2 class=\"wp-block-heading\"><span class=\"ez-toc-section\" id=\"Becs_26_legjobb_szallasa\"><\/span>B\u00e9cs 26 legjobb sz\u00e1ll\u00e1sa<span class=\"ez-toc-section-end\"><\/span><\/h2>\n\n\n\n<p class=\"wp-block-paragraph\">Egy konkr\u00e9t sz\u00e1lloda kiv\u00e1laszt\u00e1sa mindig a k\u00f6lts\u00e9gvet\u00e9sedt\u0151l \u00e9s preferenci\u00e1idt\u00f3l f\u00fcgg, ez\u00e9rt a sz\u00e1ll\u00e1sokat a legluxusosabb ikonokt\u00f3l az olcs\u00f3bb hostelekig rendeztem. Minden \u00e9rt\u00e9kel\u00e9s \u00e9s \u00e9rt\u00e9kel\u00e9ssz\u00e1m <strong>val\u00f3di utaz\u00f3i tapasztalatoknak felel meg<\/strong>, \u00e9s seg\u00edt neked a lehet\u0151 legjobb d\u00f6nt\u00e9s meghozatal\u00e1ban.<\/p>\n\n\n\n<figure data-wp-context=\"{&quot;imageId&quot;:&quot;6a9c20815e0df&quot;}\" data-wp-interactive=\"core\/image\" data-wp-key=\"6a9c20815e0df\" class=\"wp-block-image size-full wp-lightbox-container\"><img decoding=\"async\" width=\"1800\" height=\"1200\" data-wp-class--hide=\"state.isContentHidden\" data-wp-class--show=\"state.isContentVisible\" data-wp-init=\"callbacks.setButtonStyles\" data-wp-on--click=\"actions.showLightbox\" data-wp-on--load=\"callbacks.setButtonStyles\" data-wp-on--pointerdown=\"actions.preloadImage\" data-wp-on--pointerenter=\"actions.preloadImageWithDelay\" data-wp-on--pointerleave=\"actions.cancelPreload\" data-wp-on-window--resize=\"callbacks.setButtonStyles\" src=\"https:\/\/loudavymkrokem.cz\/wp-content\/uploads\/2026\/08\/hotel-sacher-vienna-1-1.jpg\" alt=\"A Hotel Sacher szalonja a b\u00e9csi oper\u00e1val szemben\" class=\"wp-image-407103\" title=\"\" srcset=\"https:\/\/loudavymkrokem.cz\/wp-content\/uploads\/2026\/08\/hotel-sacher-vienna-1-1.jpg 1800w, https:\/\/loudavymkrokem.cz\/wp-content\/uploads\/2026\/08\/hotel-sacher-vienna-1-1-300x200.jpg 300w, https:\/\/loudavymkrokem.cz\/wp-content\/uploads\/2026\/08\/hotel-sacher-vienna-1-1-700x467.jpg 700w, https:\/\/loudavymkrokem.cz\/wp-content\/uploads\/2026\/08\/hotel-sacher-vienna-1-1-768x512.jpg 768w, https:\/\/loudavymkrokem.cz\/wp-content\/uploads\/2026\/08\/hotel-sacher-vienna-1-1-1536x1024.jpg 1536w, https:\/\/loudavymkrokem.cz\/wp-content\/uploads\/2026\/08\/hotel-sacher-vienna-1-1-696x464.jpg 696w, https:\/\/loudavymkrokem.cz\/wp-content\/uploads\/2026\/08\/hotel-sacher-vienna-1-1-1392x928.jpg 1392w\" sizes=\"(max-width: 1800px) 100vw, 1800px\" \/><button\n\t\t\tclass=\"lightbox-trigger\"\n\t\t\ttype=\"button\"\n\t\t\taria-haspopup=\"dialog\"\n\t\t\tdata-wp-bind--aria-label=\"state.thisImage.triggerButtonAriaLabel\"\n\t\t\tdata-wp-init=\"callbacks.initTriggerButton\"\n\t\t\tdata-wp-on--click=\"actions.showLightbox\"\n\t\t\tdata-wp-style--right=\"state.thisImage.buttonRight\"\n\t\t\tdata-wp-style--top=\"state.thisImage.buttonTop\"\n\t\t>\n\t\t\t<svg xmlns=\"http:\/\/www.w3.org\/2000\/svg\" width=\"12\" height=\"12\" fill=\"none\" viewBox=\"0 0 12 12\">\n\t\t\t\t<path fill=\"#fff\" d=\"M2 0a2 2 0 0 0-2 2v2h1.5V2a.5.5 0 0 1 .5-.5h2V0H2Zm2 10.5H2a.5.5 0 0 1-.5-.5V8H0v2a2 2 0 0 0 2 2h2v-1.5ZM8 12v-1.5h2a.5.5 0 0 0 .5-.5V8H12v2a2 2 0 0 1-2 2H8Zm2-12a2 2 0 0 1 2 2v2h-1.5V2a.5.5 0 0 0-.5-.5H8V0h2Z\" \/>\n\t\t\t<\/svg>\n\t\t<\/button><figcaption class=\"wp-element-caption\">Foto: Hotel Sacher \/ ofici\u00e1ln\u00ed web<\/figcaption><\/figure>\n\n\n\n<h3 class=\"wp-block-heading\"><span class=\"ez-toc-section\" id=\"1_Hotel_Sacher_Vienna\"><\/span>1. Hotel Sacher Vienna<span class=\"ez-toc-section-end\"><\/span><\/h3>\n\n\n\n<p class=\"wp-block-paragraph\">Ez a legend\u00e1s \u00f6tcsillagos sz\u00e1lloda m\u00e1r 1876-b\u00f3l sz\u00e1rmazik, \u00e9s az els\u0151 ker\u00fcletben, az Innere Stadtban tal\u00e1lod, k\u00f6zvetlen\u00fcl az operah\u00e1zzal szemben. A kiv\u00e1l\u00f3 <strong>4,5-\u00f6s \u00e9rt\u00e9kel\u00e9ssel t\u00f6bb mint 14 088 v\u00e9lem\u00e9ny alapj\u00e1n<\/strong> az abszol\u00fat rekordot tartja az \u00e9rt\u00e9kel\u00e9sek sz\u00e1m\u00e1ban eg\u00e9sz B\u00e9csben, \u00e9s a hagyom\u00e1nyos osztr\u00e1k luxus megtestes\u00edt\u0151je.<\/p>\n\n\n\n<figure data-wp-context=\"{&quot;galleryId&quot;:&quot;6a9c20815e281&quot;}\" data-wp-interactive=\"core\/gallery\" class=\"wp-block-gallery has-nested-images columns-2 is-cropped wp-block-gallery-is-layout-flex wp-block-gallery-1 is-layout-flex\">\n\n<figure data-wp-context=\"{&quot;imageId&quot;:&quot;6a9c20815e5e9&quot;}\" data-wp-interactive=\"core\/image\" data-wp-key=\"6a9c20815e5e9\" class=\"wp-block-image size-large wp-lightbox-container\"><img decoding=\"async\" width=\"1800\" height=\"1201\" data-wp-class--hide=\"state.isContentHidden\" data-wp-class--show=\"state.isContentVisible\" data-wp-init=\"callbacks.setButtonStyles\" data-wp-on--click=\"actions.showLightbox\" data-wp-on--load=\"callbacks.setButtonStyles\" data-wp-on--pointerdown=\"actions.preloadImage\" data-wp-on--pointerenter=\"actions.preloadImageWithDelay\" data-wp-on--pointerleave=\"actions.cancelPreload\" data-wp-on-window--resize=\"callbacks.setButtonStyles\" data-id=\"407107\" src=\"https:\/\/loudavymkrokem.cz\/wp-content\/uploads\/2026\/08\/hotel-sacher-vienna-2-1.jpg\" alt=\"\u00dcnnep\u00e9lyesen megter\u00edtett Rote Bar a Hotel Sacherben\" class=\"wp-image-407107\" title=\"\" srcset=\"https:\/\/loudavymkrokem.cz\/wp-content\/uploads\/2026\/08\/hotel-sacher-vienna-2-1.jpg 1800w, https:\/\/loudavymkrokem.cz\/wp-content\/uploads\/2026\/08\/hotel-sacher-vienna-2-1-300x200.jpg 300w, https:\/\/loudavymkrokem.cz\/wp-content\/uploads\/2026\/08\/hotel-sacher-vienna-2-1-700x467.jpg 700w, https:\/\/loudavymkrokem.cz\/wp-content\/uploads\/2026\/08\/hotel-sacher-vienna-2-1-768x512.jpg 768w, https:\/\/loudavymkrokem.cz\/wp-content\/uploads\/2026\/08\/hotel-sacher-vienna-2-1-1536x1025.jpg 1536w, https:\/\/loudavymkrokem.cz\/wp-content\/uploads\/2026\/08\/hotel-sacher-vienna-2-1-696x464.jpg 696w, https:\/\/loudavymkrokem.cz\/wp-content\/uploads\/2026\/08\/hotel-sacher-vienna-2-1-1392x929.jpg 1392w\" sizes=\"(max-width: 1800px) 100vw, 1800px\" \/><button\n\t\t\tclass=\"lightbox-trigger\"\n\t\t\ttype=\"button\"\n\t\t\taria-haspopup=\"dialog\"\n\t\t\tdata-wp-bind--aria-label=\"state.thisImage.triggerButtonAriaLabel\"\n\t\t\tdata-wp-init=\"callbacks.initTriggerButton\"\n\t\t\tdata-wp-on--click=\"actions.showLightbox\"\n\t\t\tdata-wp-style--right=\"state.thisImage.buttonRight\"\n\t\t\tdata-wp-style--top=\"state.thisImage.buttonTop\"\n\t\t>\n\t\t\t<svg xmlns=\"http:\/\/www.w3.org\/2000\/svg\" width=\"12\" height=\"12\" fill=\"none\" viewBox=\"0 0 12 12\">\n\t\t\t\t<path fill=\"#fff\" d=\"M2 0a2 2 0 0 0-2 2v2h1.5V2a.5.5 0 0 1 .5-.5h2V0H2Zm2 10.5H2a.5.5 0 0 1-.5-.5V8H0v2a2 2 0 0 0 2 2h2v-1.5ZM8 12v-1.5h2a.5.5 0 0 0 .5-.5V8H12v2a2 2 0 0 1-2 2H8Zm2-12a2 2 0 0 1 2 2v2h-1.5V2a.5.5 0 0 0-.5-.5H8V0h2Z\" \/>\n\t\t\t<\/svg>\n\t\t<\/button><figcaption class=\"wp-element-caption\">Foto: Hotel Sacher \/ ofici\u00e1ln\u00ed web<\/figcaption><\/figure>\n\n\n<figure data-wp-context=\"{&quot;imageId&quot;:&quot;6a9c20815ea51&quot;}\" data-wp-interactive=\"core\/image\" data-wp-key=\"6a9c20815ea51\" class=\"wp-block-image size-large wp-lightbox-container\"><img decoding=\"async\" width=\"1800\" height=\"1201\" data-wp-class--hide=\"state.isContentHidden\" data-wp-class--show=\"state.isContentVisible\" data-wp-init=\"callbacks.setButtonStyles\" data-wp-on--click=\"actions.showLightbox\" data-wp-on--load=\"callbacks.setButtonStyles\" data-wp-on--pointerdown=\"actions.preloadImage\" data-wp-on--pointerenter=\"actions.preloadImageWithDelay\" data-wp-on--pointerleave=\"actions.cancelPreload\" data-wp-on-window--resize=\"callbacks.setButtonStyles\" data-id=\"407111\" src=\"https:\/\/loudavymkrokem.cz\/wp-content\/uploads\/2026\/08\/hotel-sacher-vienna-3-1.jpg\" alt=\"Szoba a Hotel Sacherben\" class=\"wp-image-407111\" title=\"\" srcset=\"https:\/\/loudavymkrokem.cz\/wp-content\/uploads\/2026\/08\/hotel-sacher-vienna-3-1.jpg 1800w, https:\/\/loudavymkrokem.cz\/wp-content\/uploads\/2026\/08\/hotel-sacher-vienna-3-1-300x200.jpg 300w, https:\/\/loudavymkrokem.cz\/wp-content\/uploads\/2026\/08\/hotel-sacher-vienna-3-1-700x467.jpg 700w, https:\/\/loudavymkrokem.cz\/wp-content\/uploads\/2026\/08\/hotel-sacher-vienna-3-1-768x512.jpg 768w, https:\/\/loudavymkrokem.cz\/wp-content\/uploads\/2026\/08\/hotel-sacher-vienna-3-1-1536x1025.jpg 1536w, https:\/\/loudavymkrokem.cz\/wp-content\/uploads\/2026\/08\/hotel-sacher-vienna-3-1-696x464.jpg 696w, https:\/\/loudavymkrokem.cz\/wp-content\/uploads\/2026\/08\/hotel-sacher-vienna-3-1-1392x929.jpg 1392w\" sizes=\"(max-width: 1800px) 100vw, 1800px\" \/><button\n\t\t\tclass=\"lightbox-trigger\"\n\t\t\ttype=\"button\"\n\t\t\taria-haspopup=\"dialog\"\n\t\t\tdata-wp-bind--aria-label=\"state.thisImage.triggerButtonAriaLabel\"\n\t\t\tdata-wp-init=\"callbacks.initTriggerButton\"\n\t\t\tdata-wp-on--click=\"actions.showLightbox\"\n\t\t\tdata-wp-style--right=\"state.thisImage.buttonRight\"\n\t\t\tdata-wp-style--top=\"state.thisImage.buttonTop\"\n\t\t>\n\t\t\t<svg xmlns=\"http:\/\/www.w3.org\/2000\/svg\" width=\"12\" height=\"12\" fill=\"none\" viewBox=\"0 0 12 12\">\n\t\t\t\t<path fill=\"#fff\" d=\"M2 0a2 2 0 0 0-2 2v2h1.5V2a.5.5 0 0 1 .5-.5h2V0H2Zm2 10.5H2a.5.5 0 0 1-.5-.5V8H0v2a2 2 0 0 0 2 2h2v-1.5ZM8 12v-1.5h2a.5.5 0 0 0 .5-.5V8H12v2a2 2 0 0 1-2 2H8Zm2-12a2 2 0 0 1 2 2v2h-1.5V2a.5.5 0 0 0-.5-.5H8V0h2Z\" \/>\n\t\t\t<\/svg>\n\t\t<\/button><figcaption class=\"wp-element-caption\">Foto: Hotel Sacher \/ ofici\u00e1ln\u00ed web<\/figcaption><\/figure>\n\n\n<figure data-wp-context=\"{&quot;imageId&quot;:&quot;6a9c20815ee37&quot;}\" data-wp-interactive=\"core\/image\" data-wp-key=\"6a9c20815ee37\" class=\"wp-block-image size-large wp-lightbox-container\"><img decoding=\"async\" width=\"1800\" height=\"1201\" data-wp-class--hide=\"state.isContentHidden\" data-wp-class--show=\"state.isContentVisible\" data-wp-init=\"callbacks.setButtonStyles\" data-wp-on--click=\"actions.showLightbox\" data-wp-on--load=\"callbacks.setButtonStyles\" data-wp-on--pointerdown=\"actions.preloadImage\" data-wp-on--pointerenter=\"actions.preloadImageWithDelay\" data-wp-on--pointerleave=\"actions.cancelPreload\" data-wp-on-window--resize=\"callbacks.setButtonStyles\" data-id=\"407115\" src=\"https:\/\/loudavymkrokem.cz\/wp-content\/uploads\/2026\/08\/hotel-sacher-vienna-4-1.jpg\" alt=\"A Hotel Sacher szalonja a b\u00e9csi oper\u00e1val szemben\" class=\"wp-image-407115\" title=\"\" srcset=\"https:\/\/loudavymkrokem.cz\/wp-content\/uploads\/2026\/08\/hotel-sacher-vienna-4-1.jpg 1800w, https:\/\/loudavymkrokem.cz\/wp-content\/uploads\/2026\/08\/hotel-sacher-vienna-4-1-300x200.jpg 300w, https:\/\/loudavymkrokem.cz\/wp-content\/uploads\/2026\/08\/hotel-sacher-vienna-4-1-700x467.jpg 700w, https:\/\/loudavymkrokem.cz\/wp-content\/uploads\/2026\/08\/hotel-sacher-vienna-4-1-768x512.jpg 768w, https:\/\/loudavymkrokem.cz\/wp-content\/uploads\/2026\/08\/hotel-sacher-vienna-4-1-1536x1025.jpg 1536w, https:\/\/loudavymkrokem.cz\/wp-content\/uploads\/2026\/08\/hotel-sacher-vienna-4-1-696x464.jpg 696w, https:\/\/loudavymkrokem.cz\/wp-content\/uploads\/2026\/08\/hotel-sacher-vienna-4-1-1392x929.jpg 1392w\" sizes=\"(max-width: 1800px) 100vw, 1800px\" \/><button\n\t\t\tclass=\"lightbox-trigger\"\n\t\t\ttype=\"button\"\n\t\t\taria-haspopup=\"dialog\"\n\t\t\tdata-wp-bind--aria-label=\"state.thisImage.triggerButtonAriaLabel\"\n\t\t\tdata-wp-init=\"callbacks.initTriggerButton\"\n\t\t\tdata-wp-on--click=\"actions.showLightbox\"\n\t\t\tdata-wp-style--right=\"state.thisImage.buttonRight\"\n\t\t\tdata-wp-style--top=\"state.thisImage.buttonTop\"\n\t\t>\n\t\t\t<svg xmlns=\"http:\/\/www.w3.org\/2000\/svg\" width=\"12\" height=\"12\" fill=\"none\" viewBox=\"0 0 12 12\">\n\t\t\t\t<path fill=\"#fff\" d=\"M2 0a2 2 0 0 0-2 2v2h1.5V2a.5.5 0 0 1 .5-.5h2V0H2Zm2 10.5H2a.5.5 0 0 1-.5-.5V8H0v2a2 2 0 0 0 2 2h2v-1.5ZM8 12v-1.5h2a.5.5 0 0 0 .5-.5V8H12v2a2 2 0 0 1-2 2H8Zm2-12a2 2 0 0 1 2 2v2h-1.5V2a.5.5 0 0 0-.5-.5H8V0h2Z\" \/>\n\t\t\t<\/svg>\n\t\t<\/button><figcaption class=\"wp-element-caption\">Foto: Hotel Sacher \/ ofici\u00e1ln\u00ed web<\/figcaption><\/figure>\n\n<\/figure>\n\n\n\n<p class=\"wp-block-paragraph\">Az utaz\u00f3k a v\u00e9lem\u00e9nyekben legink\u00e1bb a t\u00f6k\u00e9letesen kifog\u00e1stalan szem\u00e9lyes kiszolg\u00e1l\u00e1st, a ritka antikvit\u00e1sokkal teli pomp\u00e1s bels\u0151 tereket \u00e9s a r\u00e9gi id\u0151k egyed\u00fcl\u00e1ll\u00f3 hangulat\u00e1t dics\u00e9rik. Term\u00e9szetesen lehet\u0151s\u00e9ged van megk\u00f3stolni a vil\u00e1gh\u00edr\u0171 eredeti Sachertort\u00e9t egyenesen a forr\u00e1sn\u00e1l, ami olyan <strong>\u00e9des kulin\u00e1ris \u00e9lm\u00e9ny, amelyet mi szem\u00e9ly szerint teljesen im\u00e1dunk<\/strong>.<\/p>\n\n\n\n<p class=\"wp-block-paragraph\">Az \u00e9p\u00fclet az abszol\u00fat t\u00f6rt\u00e9nelmi belv\u00e1rosban tal\u00e1lhat\u00f3, \u00edgy az \u00f6sszes legfontosabb nevezetess\u00e9ghez gy\u00f6ny\u00f6r\u0171 utc\u00e1kon, k\u00e9nyelmesen gyalog jutsz el. <strong>A klasszikus zene ismer\u0151i r\u00e1ad\u00e1sul biztosan \u00e9rt\u00e9kelik az opera k\u00f6zvetlen k\u00f6zels\u00e9g\u00e9t<\/strong>, ahova az el\u0151ad\u00e1s ut\u00e1n este bonyolult \u00e9jszakai k\u00f6zleked\u00e9s n\u00e9lk\u00fcl t\u00e9rhetnek vissza.<\/p>\n\n\n\n<p class=\"wp-block-paragraph\">\ud83d\udca1 Tipp: Ezt a sz\u00e1llod\u00e1t v\u00e1laszd, ha az <strong>abszol\u00fat cs\u00facsot keresed egy kiv\u00e9teles \u00e9letesem\u00e9nyhez<\/strong>, mint egy kerek \u00e9vfordul\u00f3 vagy egy luxus n\u00e1sz\u00fat. Az \u00e1r \u00e9rthet\u0151 m\u00f3don t\u00fckr\u00f6zi az exkluzivit\u00e1st, de egy ilyen ikonikus int\u00e9zm\u00e9nyben elt\u00f6lt\u00f6tt \u00e9lm\u00e9nyre sz\u00e1z sz\u00e1zal\u00e9k, hogy \u00f6r\u00f6kre eml\u00e9kezni fogsz. <em><a href=\"https:\/\/www.stay22.com\/allez\/roam?aid=lukaskonecny&#038;campaign=loudavymkrokemcz&#038;campaign=kde-bydlet-ve-vidni&#038;hotelname=Hotel%20Sacher%20Vienna&#038;address=V%C3%ADde%C5%88%2C%20Rakousko\" target=\"_blank\" rel=\"nofollow noopener sponsored\">\u00e1rak \u00e9s el\u00e9rhet\u0151s\u00e9g ellen\u0151rz\u00e9se<\/a><\/em><\/p>\n\n\n\n<figure data-wp-context=\"{&quot;imageId&quot;:&quot;6a9c20815f5fe&quot;}\" data-wp-interactive=\"core\/image\" data-wp-key=\"6a9c20815f5fe\" class=\"wp-block-image size-full wp-lightbox-container\"><img decoding=\"async\" width=\"569\" height=\"320\" data-wp-class--hide=\"state.isContentHidden\" data-wp-class--show=\"state.isContentVisible\" data-wp-init=\"callbacks.setButtonStyles\" data-wp-on--click=\"actions.showLightbox\" data-wp-on--load=\"callbacks.setButtonStyles\" data-wp-on--pointerdown=\"actions.preloadImage\" data-wp-on--pointerenter=\"actions.preloadImageWithDelay\" data-wp-on--pointerleave=\"actions.cancelPreload\" data-wp-on-window--resize=\"callbacks.setButtonStyles\" src=\"https:\/\/loudavymkrokem.cz\/wp-content\/uploads\/2026\/08\/hotel-imperial-na-v-de-sk-ringstra-e.jpg\" alt=\"A Hotel Imperial a b\u00e9csi Ringstra\u00df\u00e9n\" class=\"wp-image-407165\" title=\"\" srcset=\"https:\/\/loudavymkrokem.cz\/wp-content\/uploads\/2026\/08\/hotel-imperial-na-v-de-sk-ringstra-e.jpg 569w, https:\/\/loudavymkrokem.cz\/wp-content\/uploads\/2026\/08\/hotel-imperial-na-v-de-sk-ringstra-e-300x169.jpg 300w\" sizes=\"(max-width: 569px) 100vw, 569px\" \/><button\n\t\t\tclass=\"lightbox-trigger\"\n\t\t\ttype=\"button\"\n\t\t\taria-haspopup=\"dialog\"\n\t\t\tdata-wp-bind--aria-label=\"state.thisImage.triggerButtonAriaLabel\"\n\t\t\tdata-wp-init=\"callbacks.initTriggerButton\"\n\t\t\tdata-wp-on--click=\"actions.showLightbox\"\n\t\t\tdata-wp-style--right=\"state.thisImage.buttonRight\"\n\t\t\tdata-wp-style--top=\"state.thisImage.buttonTop\"\n\t\t>\n\t\t\t<svg xmlns=\"http:\/\/www.w3.org\/2000\/svg\" width=\"12\" height=\"12\" fill=\"none\" viewBox=\"0 0 12 12\">\n\t\t\t\t<path fill=\"#fff\" d=\"M2 0a2 2 0 0 0-2 2v2h1.5V2a.5.5 0 0 1 .5-.5h2V0H2Zm2 10.5H2a.5.5 0 0 1-.5-.5V8H0v2a2 2 0 0 0 2 2h2v-1.5ZM8 12v-1.5h2a.5.5 0 0 0 .5-.5V8H12v2a2 2 0 0 1-2 2H8Zm2-12a2 2 0 0 1 2 2v2h-1.5V2a.5.5 0 0 0-.5-.5H8V0h2Z\" \/>\n\t\t\t<\/svg>\n\t\t<\/button><figcaption class=\"wp-element-caption\">Foto: Hotel Imperial, a Luxury Collection Hotel, Vienna \/ Google Maps<\/figcaption><\/figure>\n\n\n\n<h3 class=\"wp-block-heading\"><span class=\"ez-toc-section\" id=\"2_Hotel_Imperial\"><\/span>2. Hotel Imperial<span class=\"ez-toc-section-end\"><\/span><\/h3>\n\n\n\n<p class=\"wp-block-paragraph\">Ez a leny\u0171g\u00f6z\u0151 egykori f\u0151\u00fari palota a h\u00edres Ringstra\u00df\u00e9n nagyon rangos <strong>4,7-es \u00e9rt\u00e9kel\u00e9ssel b\u00fcszk\u00e9lkedhet 1 877 v\u00e9lem\u00e9ny alapj\u00e1n<\/strong>, \u00e9s joggal tartozik a legpomp\u00e1sabb dolgok k\u00f6z\u00e9, amit az osztr\u00e1k metropolisz a vend\u00e9geknek k\u00edn\u00e1l. M\u00e1r a fens\u00e9ges lobbyba l\u00e9p\u00e9skor, a m\u00e1rv\u00e1nyoszlopok \u00e9s \u00f3ri\u00e1si krist\u00e1lycsill\u00e1rok k\u00f6z\u00f6tt \u00fagy \u00e9rzed majd magad, mint a cs\u00e1sz\u00e1ri csal\u00e1d egy megbecs\u00fclt tagja.<\/p>\n\n\n\n<p class=\"wp-block-paragraph\">Minden szoba hihetetlen t\u00f6rt\u00e9nelmi r\u00e9szlet\u00e9rz\u00e9kkel van berendezve, a falakat pedig gyakran luxus selyemtap\u00e9t\u00e1k d\u00edsz\u00edtik. A vend\u00e9gek az \u00e9rt\u00e9kel\u00e9sekben nagyon gyakran emelik ki a <strong>szem\u00e9lyes komornyik \u00e1tlagon fel\u00fcli szolg\u00e1ltat\u00e1sait<\/strong>, aki mosolyogva teljes\u00edti minden elk\u00e9pzelhet\u0151 k\u00edv\u00e1ns\u00e1godat a tart\u00f3zkod\u00e1s sor\u00e1n.<\/p>\n\n\n\n<p class=\"wp-block-paragraph\">Ez az egyed\u00fcl\u00e1ll\u00f3 \u00e9p\u00fclet minden l\u00e9p\u00e9sn\u00e9l \u00e9vsz\u00e1zados t\u00f6rt\u00e9nelmet lehel, az itteni tart\u00f3zkod\u00e1s ink\u00e1bb egy m\u0171k\u00f6d\u0151 m\u00fazeum megl\u00e1togat\u00e1s\u00e1nak \u00e9lm\u00e9nye, mint egy szok\u00e1sos sz\u00e1llod\u00e1\u00e9. <strong>A kiszolg\u00e1l\u00e1s a teljes t\u00f6k\u00e9letess\u00e9gig van csiszolva<\/strong>, az alkalmazottak pedig mindent megtesznek, hogy minden vend\u00e9g teljesen kiv\u00e9telesnek \u00e9rezze mag\u00e1t.<\/p>\n\n\n\n<p class=\"wp-block-paragraph\">\ud83d\udca1 Tipp: Itt sz\u00e1llj meg, ha igaz\u00e1n szereted a <strong>gazdag t\u00f6rt\u00e9nelmet \u00e9s a klasszikus palota\u00e9p\u00edt\u00e9szetet<\/strong>. A sz\u00e1lloda k\u00f6zvetlen\u00fcl az els\u0151 ker\u00fcletben tal\u00e1lhat\u00f3, \u00edgy a legismertebb nevezetess\u00e9gekhez csak n\u00e9h\u00e1ny romantikus l\u00e9p\u00e9st kell megtenned a gy\u00f6ny\u00f6r\u0171 b\u00e9csi utc\u00e1kon. <em><a href=\"https:\/\/www.stay22.com\/allez\/roam?aid=lukaskonecny&#038;campaign=loudavymkrokemcz&#038;campaign=kde-bydlet-ve-vidni&#038;hotelname=Hotel%20Imperial&#038;address=V%C3%ADde%C5%88%2C%20Rakousko\" target=\"_blank\" rel=\"nofollow noopener sponsored\">\u00e1rak \u00e9s el\u00e9rhet\u0151s\u00e9g ellen\u0151rz\u00e9se<\/a><\/em><\/p>\n\n\n\n<figure data-wp-context=\"{&quot;imageId&quot;:&quot;6a9c20815fb08&quot;}\" data-wp-interactive=\"core\/image\" data-wp-key=\"6a9c20815fb08\" class=\"wp-block-image size-full wp-lightbox-container\"><img decoding=\"async\" width=\"1600\" height=\"1116\" data-wp-class--hide=\"state.isContentHidden\" data-wp-class--show=\"state.isContentVisible\" data-wp-init=\"callbacks.setButtonStyles\" data-wp-on--click=\"actions.showLightbox\" data-wp-on--load=\"callbacks.setButtonStyles\" data-wp-on--pointerdown=\"actions.preloadImage\" data-wp-on--pointerenter=\"actions.preloadImageWithDelay\" data-wp-on--pointerleave=\"actions.cancelPreload\" data-wp-on-window--resize=\"callbacks.setButtonStyles\" src=\"https:\/\/loudavymkrokem.cz\/wp-content\/uploads\/2026\/08\/park-hyatt-vienna-v-budov-b-val-banky.jpg\" alt=\"A Park Hyatt Vienna egy egykori bank \u00e9p\u00fclet\u00e9ben\" class=\"wp-image-407161\" title=\"\" srcset=\"https:\/\/loudavymkrokem.cz\/wp-content\/uploads\/2026\/08\/park-hyatt-vienna-v-budov-b-val-banky.jpg 1600w, https:\/\/loudavymkrokem.cz\/wp-content\/uploads\/2026\/08\/park-hyatt-vienna-v-budov-b-val-banky-300x209.jpg 300w, https:\/\/loudavymkrokem.cz\/wp-content\/uploads\/2026\/08\/park-hyatt-vienna-v-budov-b-val-banky-700x488.jpg 700w, https:\/\/loudavymkrokem.cz\/wp-content\/uploads\/2026\/08\/park-hyatt-vienna-v-budov-b-val-banky-768x536.jpg 768w, https:\/\/loudavymkrokem.cz\/wp-content\/uploads\/2026\/08\/park-hyatt-vienna-v-budov-b-val-banky-1536x1071.jpg 1536w, https:\/\/loudavymkrokem.cz\/wp-content\/uploads\/2026\/08\/park-hyatt-vienna-v-budov-b-val-banky-696x485.jpg 696w, https:\/\/loudavymkrokem.cz\/wp-content\/uploads\/2026\/08\/park-hyatt-vienna-v-budov-b-val-banky-1392x971.jpg 1392w\" sizes=\"(max-width: 1600px) 100vw, 1600px\" \/><button\n\t\t\tclass=\"lightbox-trigger\"\n\t\t\ttype=\"button\"\n\t\t\taria-haspopup=\"dialog\"\n\t\t\tdata-wp-bind--aria-label=\"state.thisImage.triggerButtonAriaLabel\"\n\t\t\tdata-wp-init=\"callbacks.initTriggerButton\"\n\t\t\tdata-wp-on--click=\"actions.showLightbox\"\n\t\t\tdata-wp-style--right=\"state.thisImage.buttonRight\"\n\t\t\tdata-wp-style--top=\"state.thisImage.buttonTop\"\n\t\t>\n\t\t\t<svg xmlns=\"http:\/\/www.w3.org\/2000\/svg\" width=\"12\" height=\"12\" fill=\"none\" viewBox=\"0 0 12 12\">\n\t\t\t\t<path fill=\"#fff\" d=\"M2 0a2 2 0 0 0-2 2v2h1.5V2a.5.5 0 0 1 .5-.5h2V0H2Zm2 10.5H2a.5.5 0 0 1-.5-.5V8H0v2a2 2 0 0 0 2 2h2v-1.5ZM8 12v-1.5h2a.5.5 0 0 0 .5-.5V8H12v2a2 2 0 0 1-2 2H8Zm2-12a2 2 0 0 1 2 2v2h-1.5V2a.5.5 0 0 0-.5-.5H8V0h2Z\" \/>\n\t\t\t<\/svg>\n\t\t<\/button><figcaption class=\"wp-element-caption\">Foto: Park Hyatt Vienna \/ Google Maps<\/figcaption><\/figure>\n\n\n\n<h3 class=\"wp-block-heading\"><span class=\"ez-toc-section\" id=\"3_Park_Hyatt_Vienna\"><\/span>3. Park Hyatt Vienna<span class=\"ez-toc-section-end\"><\/span><\/h3>\n\n\n\n<p class=\"wp-block-paragraph\">Az els\u0151 ker\u00fclet sz\u00edv\u00e9ben, egy gy\u00f6ny\u00f6r\u0171en fel\u00faj\u00edtott egykori bank\u00e9p\u00fcletben tal\u00e1lhat\u00f3 ez a modern luxussz\u00e1lloda, amely remek <strong>4,7-es \u00e9rt\u00e9kel\u00e9st tart 2 846 v\u00e9lem\u00e9ny alapj\u00e1n<\/strong>. Az \u00e9p\u00edt\u00e9szeknek itt mesterien siker\u00fclt \u00f6sszekapcsolniuk a v\u00e9dett t\u00f6rt\u00e9nelmi homlokzatot a nagyon eleg\u00e1ns \u00e9s teljesen kort\u00e1rs bels\u0151 diz\u00e1jnnal.<\/p>\n\n\n\n<p class=\"wp-block-paragraph\">A vend\u00e9gek legnagyobb cs\u00e1b\u00edt\u00f3ja k\u00e9ts\u00e9gtelen\u00fcl a <strong>tizen\u00f6t m\u00e9teres \u00fasz\u00f3medence, amelyet az egykori hatalmas banksz\u00e9fben helyeztek el<\/strong> \u2014 ez az \u00e9p\u00edt\u00e9szeti r\u00e9szlet a v\u00e9lem\u00e9nyek szerint sz\u00f3 szerint el\u00e1ll t\u0151le a l\u00e9legzeted. Az itteni spa \u00e9s a kiterjedt wellnessr\u00e9szleg a v\u00e1ros egyik legjobbra \u00e9rt\u00e9kelt kikapcsol\u00f3d\u00e1si helye.<\/p>\n\n\n\n<p class=\"wp-block-paragraph\">Az utaz\u00f3k nagyon dics\u00e9rik a szob\u00e1k t\u00e1gass\u00e1g\u00e1t \u00e9s az ablakok t\u00f6k\u00e9letes hangszigetel\u00e9s\u00e9t, amely a ny\u00fczsg\u0151 belv\u00e1rosban is nyugodt alv\u00e1st garant\u00e1l. <strong>A k\u00f6rnyez\u0151 utc\u00e1k tele vannak a legluxusosabb vil\u00e1gm\u00e1rk\u00e1k \u00fczleteivel<\/strong>, \u00edgy ha a v\u00e1rosn\u00e9z\u00e9st v\u00e1s\u00e1rl\u00e1ssal szeretn\u00e9d \u00f6sszek\u00f6tni, nehezen tal\u00e1lsz jobb kiindul\u00f3pontot.<\/p>\n\n\n\n<p class=\"wp-block-paragraph\">\ud83d\udca1 Tipp: Ez a fantasztikus sz\u00e1lloda ide\u00e1lis azoknak az utaz\u00f3knak, akik a <strong>modernebb luxusfelfog\u00e1st<\/strong> r\u00e9szes\u00edtik el\u0151nyben a neh\u00e9z t\u00f6rt\u00e9nelmi f\u00fcgg\u00f6ny\u00f6kkel \u00e9s sz\u0151nyegekkel szemben. A h\u00edres bev\u00e1s\u00e1rl\u00f3negyedben tal\u00e1lhat\u00f3, \u00edgy a divat lelkes szerelmesei itt sz\u00f3 szerint a hetedik mennyorsz\u00e1gban lesznek. <em><a href=\"https:\/\/www.stay22.com\/allez\/roam?aid=lukaskonecny&#038;campaign=loudavymkrokemcz&#038;campaign=kde-bydlet-ve-vidni&#038;hotelname=Park%20Hyatt%20Vienna&#038;address=V%C3%ADde%C5%88%2C%20Rakousko\" target=\"_blank\" rel=\"nofollow noopener sponsored\">\u00e1rak \u00e9s el\u00e9rhet\u0151s\u00e9g ellen\u0151rz\u00e9se<\/a><\/em><\/p>\n\n\n\n<figure data-wp-context=\"{&quot;imageId&quot;:&quot;6a9c2081601c0&quot;}\" data-wp-interactive=\"core\/image\" data-wp-key=\"6a9c2081601c0\" class=\"wp-block-image size-full wp-lightbox-container\"><img decoding=\"async\" width=\"1336\" height=\"752\" data-wp-class--hide=\"state.isContentHidden\" data-wp-class--show=\"state.isContentVisible\" data-wp-init=\"callbacks.setButtonStyles\" data-wp-on--click=\"actions.showLightbox\" data-wp-on--load=\"callbacks.setButtonStyles\" data-wp-on--pointerdown=\"actions.preloadImage\" data-wp-on--pointerenter=\"actions.preloadImageWithDelay\" data-wp-on--pointerleave=\"actions.cancelPreload\" data-wp-on-window--resize=\"callbacks.setButtonStyles\" src=\"https:\/\/loudavymkrokem.cz\/wp-content\/uploads\/2026\/08\/the-ritz-carlton-vienna-1.jpg\" alt=\"Bej\u00e1rat a The Ritz-Carltonba a Schubertringen\" class=\"wp-image-407090\" title=\"\" srcset=\"https:\/\/loudavymkrokem.cz\/wp-content\/uploads\/2026\/08\/the-ritz-carlton-vienna-1.jpg 1336w, https:\/\/loudavymkrokem.cz\/wp-content\/uploads\/2026\/08\/the-ritz-carlton-vienna-1-300x169.jpg 300w, https:\/\/loudavymkrokem.cz\/wp-content\/uploads\/2026\/08\/the-ritz-carlton-vienna-1-700x394.jpg 700w, https:\/\/loudavymkrokem.cz\/wp-content\/uploads\/2026\/08\/the-ritz-carlton-vienna-1-768x432.jpg 768w, https:\/\/loudavymkrokem.cz\/wp-content\/uploads\/2026\/08\/the-ritz-carlton-vienna-1-696x392.jpg 696w\" sizes=\"(max-width: 1336px) 100vw, 1336px\" \/><button\n\t\t\tclass=\"lightbox-trigger\"\n\t\t\ttype=\"button\"\n\t\t\taria-haspopup=\"dialog\"\n\t\t\tdata-wp-bind--aria-label=\"state.thisImage.triggerButtonAriaLabel\"\n\t\t\tdata-wp-init=\"callbacks.initTriggerButton\"\n\t\t\tdata-wp-on--click=\"actions.showLightbox\"\n\t\t\tdata-wp-style--right=\"state.thisImage.buttonRight\"\n\t\t\tdata-wp-style--top=\"state.thisImage.buttonTop\"\n\t\t>\n\t\t\t<svg xmlns=\"http:\/\/www.w3.org\/2000\/svg\" width=\"12\" height=\"12\" fill=\"none\" viewBox=\"0 0 12 12\">\n\t\t\t\t<path fill=\"#fff\" d=\"M2 0a2 2 0 0 0-2 2v2h1.5V2a.5.5 0 0 1 .5-.5h2V0H2Zm2 10.5H2a.5.5 0 0 1-.5-.5V8H0v2a2 2 0 0 0 2 2h2v-1.5ZM8 12v-1.5h2a.5.5 0 0 0 .5-.5V8H12v2a2 2 0 0 1-2 2H8Zm2-12a2 2 0 0 1 2 2v2h-1.5V2a.5.5 0 0 0-.5-.5H8V0h2Z\" \/>\n\t\t\t<\/svg>\n\t\t<\/button><figcaption class=\"wp-element-caption\">Foto: The Ritz-Carlton Vienna \/ ofici\u00e1ln\u00ed web<\/figcaption><\/figure>\n\n\n\n<h3 class=\"wp-block-heading\"><span class=\"ez-toc-section\" id=\"4_The_Ritz-Carlton_Vienna\"><\/span>4. The Ritz-Carlton Vienna<span class=\"ez-toc-section-end\"><\/span><\/h3>\n\n\n\n<p class=\"wp-block-paragraph\">N\u00e9gy prec\u00edzen restaur\u00e1lt tizenkilencedik sz\u00e1zadi palota alkotja ma ezt a luxussz\u00e1ll\u00e1s-komplexumot, kiv\u00e1l\u00f3 <strong>4,6-os \u00e9rt\u00e9kel\u00e9ssel 2 624 v\u00e9lem\u00e9ny alapj\u00e1n<\/strong>. A rangos Schubertringen fekszik, \u00e9s a t\u00f6rt\u00e9nelmi \u00f6r\u00f6ks\u00e9g \u00e9s az els\u0151rang\u00fa nemzetk\u00f6zi szolg\u00e1ltat\u00e1si sz\u00ednvonal csod\u00e1latos \u00f6sszekapcsol\u00e1s\u00e1t k\u00edn\u00e1lja.<\/p>\n\n\n\n<figure data-wp-context=\"{&quot;galleryId&quot;:&quot;6a9c208160381&quot;}\" data-wp-interactive=\"core\/gallery\" class=\"wp-block-gallery has-nested-images columns-2 is-cropped wp-block-gallery-is-layout-flex wp-block-gallery-2 is-layout-flex\">\n\n<figure data-wp-context=\"{&quot;imageId&quot;:&quot;6a9c20816065b&quot;}\" data-wp-interactive=\"core\/image\" data-wp-key=\"6a9c20816065b\" class=\"wp-block-image size-large wp-lightbox-container\"><img decoding=\"async\" width=\"1800\" height=\"600\" data-wp-class--hide=\"state.isContentHidden\" data-wp-class--show=\"state.isContentVisible\" data-wp-init=\"callbacks.setButtonStyles\" data-wp-on--click=\"actions.showLightbox\" data-wp-on--load=\"callbacks.setButtonStyles\" data-wp-on--pointerdown=\"actions.preloadImage\" data-wp-on--pointerenter=\"actions.preloadImageWithDelay\" data-wp-on--pointerleave=\"actions.cancelPreload\" data-wp-on-window--resize=\"callbacks.setButtonStyles\" data-id=\"407093\" src=\"https:\/\/loudavymkrokem.cz\/wp-content\/uploads\/2026\/08\/the-ritz-carlton-vienna-2.jpg\" alt=\"A The Ritz-Carlton Vienna este\" class=\"wp-image-407093\" title=\"\" srcset=\"https:\/\/loudavymkrokem.cz\/wp-content\/uploads\/2026\/08\/the-ritz-carlton-vienna-2.jpg 1800w, https:\/\/loudavymkrokem.cz\/wp-content\/uploads\/2026\/08\/the-ritz-carlton-vienna-2-300x100.jpg 300w, https:\/\/loudavymkrokem.cz\/wp-content\/uploads\/2026\/08\/the-ritz-carlton-vienna-2-700x233.jpg 700w, https:\/\/loudavymkrokem.cz\/wp-content\/uploads\/2026\/08\/the-ritz-carlton-vienna-2-768x256.jpg 768w, https:\/\/loudavymkrokem.cz\/wp-content\/uploads\/2026\/08\/the-ritz-carlton-vienna-2-1536x512.jpg 1536w, https:\/\/loudavymkrokem.cz\/wp-content\/uploads\/2026\/08\/the-ritz-carlton-vienna-2-696x232.jpg 696w, https:\/\/loudavymkrokem.cz\/wp-content\/uploads\/2026\/08\/the-ritz-carlton-vienna-2-1392x464.jpg 1392w\" sizes=\"(max-width: 1800px) 100vw, 1800px\" \/><button\n\t\t\tclass=\"lightbox-trigger\"\n\t\t\ttype=\"button\"\n\t\t\taria-haspopup=\"dialog\"\n\t\t\tdata-wp-bind--aria-label=\"state.thisImage.triggerButtonAriaLabel\"\n\t\t\tdata-wp-init=\"callbacks.initTriggerButton\"\n\t\t\tdata-wp-on--click=\"actions.showLightbox\"\n\t\t\tdata-wp-style--right=\"state.thisImage.buttonRight\"\n\t\t\tdata-wp-style--top=\"state.thisImage.buttonTop\"\n\t\t>\n\t\t\t<svg xmlns=\"http:\/\/www.w3.org\/2000\/svg\" width=\"12\" height=\"12\" fill=\"none\" viewBox=\"0 0 12 12\">\n\t\t\t\t<path fill=\"#fff\" d=\"M2 0a2 2 0 0 0-2 2v2h1.5V2a.5.5 0 0 1 .5-.5h2V0H2Zm2 10.5H2a.5.5 0 0 1-.5-.5V8H0v2a2 2 0 0 0 2 2h2v-1.5ZM8 12v-1.5h2a.5.5 0 0 0 .5-.5V8H12v2a2 2 0 0 1-2 2H8Zm2-12a2 2 0 0 1 2 2v2h-1.5V2a.5.5 0 0 0-.5-.5H8V0h2Z\" \/>\n\t\t\t<\/svg>\n\t\t<\/button><figcaption class=\"wp-element-caption\">Foto: The Ritz-Carlton Vienna \/ ofici\u00e1ln\u00ed web<\/figcaption><\/figure>\n\n\n<figure data-wp-context=\"{&quot;imageId&quot;:&quot;6a9c2081609fb&quot;}\" data-wp-interactive=\"core\/image\" data-wp-key=\"6a9c2081609fb\" class=\"wp-block-image size-large wp-lightbox-container\"><img decoding=\"async\" width=\"1800\" height=\"599\" data-wp-class--hide=\"state.isContentHidden\" data-wp-class--show=\"state.isContentVisible\" data-wp-init=\"callbacks.setButtonStyles\" data-wp-on--click=\"actions.showLightbox\" data-wp-on--load=\"callbacks.setButtonStyles\" data-wp-on--pointerdown=\"actions.preloadImage\" data-wp-on--pointerenter=\"actions.preloadImageWithDelay\" data-wp-on--pointerleave=\"actions.cancelPreload\" data-wp-on-window--resize=\"callbacks.setButtonStyles\" data-id=\"407096\" src=\"https:\/\/loudavymkrokem.cz\/wp-content\/uploads\/2026\/08\/the-ritz-carlton-vienna-3.jpg\" alt=\"Lakoszt\u00e1ly a The Ritz-Carlton Vienn\u00e1ban\" class=\"wp-image-407096\" title=\"\" srcset=\"https:\/\/loudavymkrokem.cz\/wp-content\/uploads\/2026\/08\/the-ritz-carlton-vienna-3.jpg 1800w, https:\/\/loudavymkrokem.cz\/wp-content\/uploads\/2026\/08\/the-ritz-carlton-vienna-3-300x100.jpg 300w, https:\/\/loudavymkrokem.cz\/wp-content\/uploads\/2026\/08\/the-ritz-carlton-vienna-3-700x233.jpg 700w, https:\/\/loudavymkrokem.cz\/wp-content\/uploads\/2026\/08\/the-ritz-carlton-vienna-3-768x256.jpg 768w, https:\/\/loudavymkrokem.cz\/wp-content\/uploads\/2026\/08\/the-ritz-carlton-vienna-3-1536x511.jpg 1536w, https:\/\/loudavymkrokem.cz\/wp-content\/uploads\/2026\/08\/the-ritz-carlton-vienna-3-696x232.jpg 696w, https:\/\/loudavymkrokem.cz\/wp-content\/uploads\/2026\/08\/the-ritz-carlton-vienna-3-1392x463.jpg 1392w\" sizes=\"(max-width: 1800px) 100vw, 1800px\" \/><button\n\t\t\tclass=\"lightbox-trigger\"\n\t\t\ttype=\"button\"\n\t\t\taria-haspopup=\"dialog\"\n\t\t\tdata-wp-bind--aria-label=\"state.thisImage.triggerButtonAriaLabel\"\n\t\t\tdata-wp-init=\"callbacks.initTriggerButton\"\n\t\t\tdata-wp-on--click=\"actions.showLightbox\"\n\t\t\tdata-wp-style--right=\"state.thisImage.buttonRight\"\n\t\t\tdata-wp-style--top=\"state.thisImage.buttonTop\"\n\t\t>\n\t\t\t<svg xmlns=\"http:\/\/www.w3.org\/2000\/svg\" width=\"12\" height=\"12\" fill=\"none\" viewBox=\"0 0 12 12\">\n\t\t\t\t<path fill=\"#fff\" d=\"M2 0a2 2 0 0 0-2 2v2h1.5V2a.5.5 0 0 1 .5-.5h2V0H2Zm2 10.5H2a.5.5 0 0 1-.5-.5V8H0v2a2 2 0 0 0 2 2h2v-1.5ZM8 12v-1.5h2a.5.5 0 0 0 .5-.5V8H12v2a2 2 0 0 1-2 2H8Zm2-12a2 2 0 0 1 2 2v2h-1.5V2a.5.5 0 0 0-.5-.5H8V0h2Z\" \/>\n\t\t\t<\/svg>\n\t\t<\/button><figcaption class=\"wp-element-caption\">Foto: The Ritz-Carlton Vienna \/ ofici\u00e1ln\u00ed web<\/figcaption><\/figure>\n\n\n<figure data-wp-context=\"{&quot;imageId&quot;:&quot;6a9c208160ded&quot;}\" data-wp-interactive=\"core\/image\" data-wp-key=\"6a9c208160ded\" class=\"wp-block-image size-large wp-lightbox-container\"><img decoding=\"async\" width=\"1800\" height=\"599\" data-wp-class--hide=\"state.isContentHidden\" data-wp-class--show=\"state.isContentVisible\" data-wp-init=\"callbacks.setButtonStyles\" data-wp-on--click=\"actions.showLightbox\" data-wp-on--load=\"callbacks.setButtonStyles\" data-wp-on--pointerdown=\"actions.preloadImage\" data-wp-on--pointerenter=\"actions.preloadImageWithDelay\" data-wp-on--pointerleave=\"actions.cancelPreload\" data-wp-on-window--resize=\"callbacks.setButtonStyles\" data-id=\"407100\" src=\"https:\/\/loudavymkrokem.cz\/wp-content\/uploads\/2026\/08\/the-ritz-carlton-vienna-4.jpg\" alt=\"Bej\u00e1rat a The Ritz-Carltonba a Schubertringen\" class=\"wp-image-407100\" title=\"\" srcset=\"https:\/\/loudavymkrokem.cz\/wp-content\/uploads\/2026\/08\/the-ritz-carlton-vienna-4.jpg 1800w, https:\/\/loudavymkrokem.cz\/wp-content\/uploads\/2026\/08\/the-ritz-carlton-vienna-4-300x100.jpg 300w, https:\/\/loudavymkrokem.cz\/wp-content\/uploads\/2026\/08\/the-ritz-carlton-vienna-4-700x233.jpg 700w, https:\/\/loudavymkrokem.cz\/wp-content\/uploads\/2026\/08\/the-ritz-carlton-vienna-4-768x256.jpg 768w, https:\/\/loudavymkrokem.cz\/wp-content\/uploads\/2026\/08\/the-ritz-carlton-vienna-4-1536x511.jpg 1536w, https:\/\/loudavymkrokem.cz\/wp-content\/uploads\/2026\/08\/the-ritz-carlton-vienna-4-696x232.jpg 696w, https:\/\/loudavymkrokem.cz\/wp-content\/uploads\/2026\/08\/the-ritz-carlton-vienna-4-1392x463.jpg 1392w\" sizes=\"(max-width: 1800px) 100vw, 1800px\" \/><button\n\t\t\tclass=\"lightbox-trigger\"\n\t\t\ttype=\"button\"\n\t\t\taria-haspopup=\"dialog\"\n\t\t\tdata-wp-bind--aria-label=\"state.thisImage.triggerButtonAriaLabel\"\n\t\t\tdata-wp-init=\"callbacks.initTriggerButton\"\n\t\t\tdata-wp-on--click=\"actions.showLightbox\"\n\t\t\tdata-wp-style--right=\"state.thisImage.buttonRight\"\n\t\t\tdata-wp-style--top=\"state.thisImage.buttonTop\"\n\t\t>\n\t\t\t<svg xmlns=\"http:\/\/www.w3.org\/2000\/svg\" width=\"12\" height=\"12\" fill=\"none\" viewBox=\"0 0 12 12\">\n\t\t\t\t<path fill=\"#fff\" d=\"M2 0a2 2 0 0 0-2 2v2h1.5V2a.5.5 0 0 1 .5-.5h2V0H2Zm2 10.5H2a.5.5 0 0 1-.5-.5V8H0v2a2 2 0 0 0 2 2h2v-1.5ZM8 12v-1.5h2a.5.5 0 0 0 .5-.5V8H12v2a2 2 0 0 1-2 2H8Zm2-12a2 2 0 0 1 2 2v2h-1.5V2a.5.5 0 0 0-.5-.5H8V0h2Z\" \/>\n\t\t\t<\/svg>\n\t\t<\/button><figcaption class=\"wp-element-caption\">Foto: The Ritz-Carlton Vienna \/ ofici\u00e1ln\u00ed web<\/figcaption><\/figure>\n\n<\/figure>\n\n\n\n<p class=\"wp-block-paragraph\">A vend\u00e9gek a v\u00e9lem\u00e9nyekben rendk\u00edv\u00fcl dics\u00e9rik a kimondottan t\u00e1gas szob\u00e1kat, a t\u00f6k\u00e9letes hangszigetel\u00e9st, \u00e9s mindenekel\u0151tt a <strong>nagyon k\u00e9nyelmes \u00e1gyakat, amelyek a lehet\u0151 legjobb pihen\u00e9st garant\u00e1lj\u00e1k<\/strong>. A szem\u00e9lyzet az utaz\u00f3k tapasztalatai szerint minden helyzetben maxim\u00e1lisan diszkr\u00e9t \u00e9s profi.<\/p>\n\n\n\n<p class=\"wp-block-paragraph\">Ennek a helynek az abszol\u00fat szenz\u00e1ci\u00f3ja azonban a <strong>st\u00edlusos tet\u0151b\u00e1r, ahonnan panor\u00e1m\u00e1s kil\u00e1t\u00e1s ny\u00edlik az eg\u00e9sz v\u00e1rosra<\/strong>, amely a l\u00e1togat\u00f3k szerint teljesen t\u00f6k\u00e9letes hely az esti italhoz egy romantikus naplemente k\u00f6zben a b\u00e9csi tet\u0151k felett. Az itteni \u00e9lm\u00e9ny a leggyakrabban eml\u00edtett pozit\u00edvumok k\u00f6z\u00e9 tartozik.<\/p>\n\n\n\n<p class=\"wp-block-paragraph\">\ud83d\udca1 Tipp: Ha az utaz\u00e1sokon az <strong>els\u0151rang\u00fa kiszolg\u00e1l\u00e1s \u00e9s a l\u00e9legzetel\u00e1ll\u00edt\u00f3 kil\u00e1t\u00e1s t\u00f6k\u00e9letes kombin\u00e1ci\u00f3j\u00e1t<\/strong> keresed, akkor ez a helyes v\u00e1laszt\u00e1s sz\u00e1modra. A kiv\u00e1l\u00f3 k\u00f6zponti fekv\u00e9s lehet\u0151v\u00e9 teszi, hogy k\u00e9nyelmesen gyalog fedezd fel a v\u00e1ros sz\u00edv\u00e9t, este pedig maxim\u00e1lis luxusban pihenj. <em><a href=\"https:\/\/www.stay22.com\/allez\/roam?aid=lukaskonecny&#038;campaign=loudavymkrokemcz&#038;campaign=kde-bydlet-ve-vidni&#038;hotelname=The%20Ritz-Carlton%20Vienna&#038;address=V%C3%ADde%C5%88%2C%20Rakousko\" target=\"_blank\" rel=\"nofollow noopener sponsored\">\u00e1rak \u00e9s el\u00e9rhet\u0151s\u00e9g ellen\u0151rz\u00e9se<\/a><\/em><\/p>\n\n\n\n<figure data-wp-context=\"{&quot;imageId&quot;:&quot;6a9c208161424&quot;}\" data-wp-interactive=\"core\/image\" data-wp-key=\"6a9c208161424\" class=\"wp-block-image size-full wp-lightbox-container\"><img decoding=\"async\" width=\"480\" height=\"320\" data-wp-class--hide=\"state.isContentHidden\" data-wp-class--show=\"state.isContentVisible\" data-wp-init=\"callbacks.setButtonStyles\" data-wp-on--click=\"actions.showLightbox\" data-wp-on--load=\"callbacks.setButtonStyles\" data-wp-on--pointerdown=\"actions.preloadImage\" data-wp-on--pointerenter=\"actions.preloadImageWithDelay\" data-wp-on--pointerleave=\"actions.cancelPreload\" data-wp-on-window--resize=\"callbacks.setButtonStyles\" src=\"https:\/\/loudavymkrokem.cz\/wp-content\/uploads\/2026\/08\/hotel-bristol-naproti-st-tn-ope-e.jpg\" alt=\"A Hotel Bristol az \u00c1llami Oper\u00e1val szemben\" class=\"wp-image-407158\" title=\"\" srcset=\"https:\/\/loudavymkrokem.cz\/wp-content\/uploads\/2026\/08\/hotel-bristol-naproti-st-tn-ope-e.jpg 480w, https:\/\/loudavymkrokem.cz\/wp-content\/uploads\/2026\/08\/hotel-bristol-naproti-st-tn-ope-e-300x200.jpg 300w\" sizes=\"(max-width: 480px) 100vw, 480px\" \/><button\n\t\t\tclass=\"lightbox-trigger\"\n\t\t\ttype=\"button\"\n\t\t\taria-haspopup=\"dialog\"\n\t\t\tdata-wp-bind--aria-label=\"state.thisImage.triggerButtonAriaLabel\"\n\t\t\tdata-wp-init=\"callbacks.initTriggerButton\"\n\t\t\tdata-wp-on--click=\"actions.showLightbox\"\n\t\t\tdata-wp-style--right=\"state.thisImage.buttonRight\"\n\t\t\tdata-wp-style--top=\"state.thisImage.buttonTop\"\n\t\t>\n\t\t\t<svg xmlns=\"http:\/\/www.w3.org\/2000\/svg\" width=\"12\" height=\"12\" fill=\"none\" viewBox=\"0 0 12 12\">\n\t\t\t\t<path fill=\"#fff\" d=\"M2 0a2 2 0 0 0-2 2v2h1.5V2a.5.5 0 0 1 .5-.5h2V0H2Zm2 10.5H2a.5.5 0 0 1-.5-.5V8H0v2a2 2 0 0 0 2 2h2v-1.5ZM8 12v-1.5h2a.5.5 0 0 0 .5-.5V8H12v2a2 2 0 0 1-2 2H8Zm2-12a2 2 0 0 1 2 2v2h-1.5V2a.5.5 0 0 0-.5-.5H8V0h2Z\" \/>\n\t\t\t<\/svg>\n\t\t<\/button><figcaption class=\"wp-element-caption\">Foto: Hotel Bristol, a Luxury Collection Hotel, Vienna \/ Google Maps<\/figcaption><\/figure>\n\n\n\n<h3 class=\"wp-block-heading\"><span class=\"ez-toc-section\" id=\"5_Hotel_Bristol\"><\/span>5. Hotel Bristol<span class=\"ez-toc-section-end\"><\/span><\/h3>\n\n\n\n<p class=\"wp-block-paragraph\">Ez a gy\u00f6ny\u00f6r\u0171 t\u00f6rt\u00e9nelmi \u00e9p\u00fclet nagyon szolid <strong>4,6-os \u00e9rt\u00e9kel\u00e9ssel 1 104 v\u00e9lem\u00e9ny alapj\u00e1n<\/strong> k\u00f6zvetlen\u00fcl a h\u00edres \u00c1llami Opera \u00e9p\u00fclet\u00e9vel szemben \u00e1ll, ami m\u00e1r eleve hihetetlen preszt\u00edzst k\u00f6lcs\u00f6n\u00f6z neki. Az itteni, csod\u00e1latos Art Deco st\u00edlusban tartott bels\u0151 terek a huszadik sz\u00e1zad els\u0151 fel\u00e9nek eleganci\u00e1j\u00e1t lehelik, \u00e9s meg\u0151rzik eredeti b\u00e1j\u00e1t.<\/p>\n\n\n\n<p class=\"wp-block-paragraph\">A vend\u00e9gek a v\u00e9lem\u00e9nyekben leggyakrabban a <strong>n\u00e9h\u00e1ny szob\u00e1b\u00f3l egyenesen a pomp\u00e1s opera\u00e9p\u00fcletre ny\u00edl\u00f3 egyed\u00fcl\u00e1ll\u00f3 kil\u00e1t\u00e1st<\/strong> emelik ki, ami olyan kultur\u00e1lis \u00e9lm\u00e9ny, amit egy \u00e1tlagos b\u00e9csi sz\u00e1lloda egyszer\u0171en nem k\u00edn\u00e1l. Ezekben a szob\u00e1kban az esti hangulat \u00e1ll\u00edt\u00f3lag teljesen fel\u00fclm\u00falhatatlan.<\/p>\n\n\n\n<p class=\"wp-block-paragraph\">Az itteni szem\u00e9lyzet \u00e1ll\u00edt\u00f3lag rendk\u00edv\u00fcl udvarias, el\u0151z\u00e9keny \u00e9s mindig k\u00e9sz seg\u00edteni a jegyfoglal\u00e1sban vagy egy j\u00f3 \u00e9tterem kiv\u00e1laszt\u00e1s\u00e1ban. <strong>A sz\u00e1lloda \u00e9tterme \u00e9s st\u00edlusos b\u00e1rja r\u00e1ad\u00e1sul kiv\u00e1l\u00f3 h\u00edrn\u00e9vnek \u00f6rvend<\/strong> maguk a b\u00e9csiek k\u00f6r\u00e9ben is, akik sz\u00edvesen j\u00e1rnak ide d\u00e9lut\u00e1ni k\u00e1v\u00e9ra.<\/p>\n\n\n\n<p class=\"wp-block-paragraph\">\ud83d\udca1 Tipp: Foglalj szob\u00e1t ebben a sz\u00e1llod\u00e1ban, ha a betervezett programod f\u0151 pontja egy <strong>operael\u0151ad\u00e1s vagy klasszikus zenei koncert l\u00e1togat\u00e1sa<\/strong>. Az \u00e9p\u00fclet fekv\u00e9se egyszer\u0171en a dolog logik\u00e1j\u00e1b\u00f3l ad\u00f3d\u00f3an nem is lehetne jobb erre a c\u00e9lra. <em><a href=\"https:\/\/www.stay22.com\/allez\/roam?aid=lukaskonecny&#038;campaign=loudavymkrokemcz&#038;campaign=kde-bydlet-ve-vidni&#038;hotelname=Hotel%20Bristol&#038;address=V%C3%ADde%C5%88%2C%20Rakousko\" target=\"_blank\" rel=\"nofollow noopener sponsored\">\u00e1rak \u00e9s el\u00e9rhet\u0151s\u00e9g ellen\u0151rz\u00e9se<\/a><\/em><\/p>\n\n\n\n<figure data-wp-context=\"{&quot;imageId&quot;:&quot;6a9c2081619bb&quot;}\" data-wp-interactive=\"core\/image\" data-wp-key=\"6a9c2081619bb\" class=\"wp-block-image size-full wp-lightbox-container\"><img decoding=\"async\" width=\"1800\" height=\"1200\" data-wp-class--hide=\"state.isContentHidden\" data-wp-class--show=\"state.isContentVisible\" data-wp-init=\"callbacks.setButtonStyles\" data-wp-on--click=\"actions.showLightbox\" data-wp-on--load=\"callbacks.setButtonStyles\" data-wp-on--pointerdown=\"actions.preloadImage\" data-wp-on--pointerenter=\"actions.preloadImageWithDelay\" data-wp-on--pointerleave=\"actions.cancelPreload\" data-wp-on-window--resize=\"callbacks.setButtonStyles\" src=\"https:\/\/loudavymkrokem.cz\/wp-content\/uploads\/2026\/08\/rosewood-vienna-1.jpg\" alt=\"A Rosewood Vienna sz\u00e1lloda t\u00f6rt\u00e9nelmi homlokzata\" class=\"wp-image-407087\" title=\"\" srcset=\"https:\/\/loudavymkrokem.cz\/wp-content\/uploads\/2026\/08\/rosewood-vienna-1.jpg 1800w, https:\/\/loudavymkrokem.cz\/wp-content\/uploads\/2026\/08\/rosewood-vienna-1-300x200.jpg 300w, https:\/\/loudavymkrokem.cz\/wp-content\/uploads\/2026\/08\/rosewood-vienna-1-700x467.jpg 700w, https:\/\/loudavymkrokem.cz\/wp-content\/uploads\/2026\/08\/rosewood-vienna-1-768x512.jpg 768w, https:\/\/loudavymkrokem.cz\/wp-content\/uploads\/2026\/08\/rosewood-vienna-1-1536x1024.jpg 1536w, https:\/\/loudavymkrokem.cz\/wp-content\/uploads\/2026\/08\/rosewood-vienna-1-696x464.jpg 696w, https:\/\/loudavymkrokem.cz\/wp-content\/uploads\/2026\/08\/rosewood-vienna-1-1392x928.jpg 1392w\" sizes=\"(max-width: 1800px) 100vw, 1800px\" \/><button\n\t\t\tclass=\"lightbox-trigger\"\n\t\t\ttype=\"button\"\n\t\t\taria-haspopup=\"dialog\"\n\t\t\tdata-wp-bind--aria-label=\"state.thisImage.triggerButtonAriaLabel\"\n\t\t\tdata-wp-init=\"callbacks.initTriggerButton\"\n\t\t\tdata-wp-on--click=\"actions.showLightbox\"\n\t\t\tdata-wp-style--right=\"state.thisImage.buttonRight\"\n\t\t\tdata-wp-style--top=\"state.thisImage.buttonTop\"\n\t\t>\n\t\t\t<svg xmlns=\"http:\/\/www.w3.org\/2000\/svg\" width=\"12\" height=\"12\" fill=\"none\" viewBox=\"0 0 12 12\">\n\t\t\t\t<path fill=\"#fff\" d=\"M2 0a2 2 0 0 0-2 2v2h1.5V2a.5.5 0 0 1 .5-.5h2V0H2Zm2 10.5H2a.5.5 0 0 1-.5-.5V8H0v2a2 2 0 0 0 2 2h2v-1.5ZM8 12v-1.5h2a.5.5 0 0 0 .5-.5V8H12v2a2 2 0 0 1-2 2H8Zm2-12a2 2 0 0 1 2 2v2h-1.5V2a.5.5 0 0 0-.5-.5H8V0h2Z\" \/>\n\t\t\t<\/svg>\n\t\t<\/button><figcaption class=\"wp-element-caption\">Foto: Rosewood Vienna \/ ofici\u00e1ln\u00ed web<\/figcaption><\/figure>\n\n\n\n<h3 class=\"wp-block-heading\"><span class=\"ez-toc-section\" id=\"6_Rosewood_Vienna\"><\/span>6. Rosewood Vienna<span class=\"ez-toc-section-end\"><\/span><\/h3>\n\n\n\n<p class=\"wp-block-paragraph\">A b\u00e9csi luxussz\u00ednt\u00e9r egyik leg\u00fajabb szerepl\u0151jek\u00e9nt ez a sz\u00e1lloda nagyon gyorsan megh\u00f3d\u00edtotta a vend\u00e9gek sz\u00edv\u00e9t, \u00e9s gy\u00f6ny\u00f6r\u0171 <strong>4,6-os \u00e9rt\u00e9kel\u00e9ssel b\u00fcszk\u00e9lkedik 513 v\u00e9lem\u00e9ny alapj\u00e1n<\/strong>. A fest\u0151i Petersplatz t\u00e9ren tal\u00e1lhat\u00f3, sz\u00f3 szerint csak n\u00e9h\u00e1ny t\u00edz m\u00e9terre a h\u00edres Graben bev\u00e1s\u00e1rl\u00f3utc\u00e1t\u00f3l, \u00e9s nagyon intim, butikhangulatot k\u00edn\u00e1l a vend\u00e9geknek.<\/p>\n\n\n\n<p class=\"wp-block-paragraph\">A tapasztalt tervez\u0151k itt tudatosan a k\u00f6nnyeds\u00e9gre, a vil\u00e1gos pasztellsz\u00ednekre \u00e9s a minden\u00fctt jelen l\u00e9v\u0151 modern m\u0171v\u00e9szetre helyezt\u00e9k a hangs\u00falyt. Ezzel <strong>nagyon \u00fcde \u00e9s kellemes kontrasztot teremtettek a hagyom\u00e1nyos s\u00f6t\u00e9t b\u00e9csi sz\u00e1llod\u00e1kkal<\/strong> szemben, amelyek n\u00e9ha kiss\u00e9 neh\u00e9zkesnek t\u0171nhetnek. Ezt a megk\u00f6zel\u00edt\u00e9st f\u0151leg a fiatalabb utaz\u00f3gener\u00e1ci\u00f3 \u00e9rt\u00e9keli.<\/p>\n\n\n\n<p class=\"wp-block-paragraph\">A vil\u00e1g minden t\u00e1j\u00e1r\u00f3l \u00e9rkez\u0151 vend\u00e9gek az \u00e9rt\u00e9kel\u00e9sekben els\u0151sorban a <strong>teljes csendet \u00e9s a t\u00f6k\u00e9letes mag\u00e1nszf\u00e9r\u00e1t<\/strong> dics\u00e9rik, amelyet a sz\u00e1lloda a metropolisz l\u00fcktet\u0151 sz\u00edve k\u00f6zep\u00e9n l\u00e9v\u0151 fekv\u00e9se ellen\u00e9re is meglep\u0151en biztos\u00edt. Rendelkez\u00e9sre \u00e1ll r\u00e1ad\u00e1sul egy kiv\u00e1l\u00f3 \u00e9tterem is ny\u00e1ri terasszal.<\/p>\n\n\n\n<p class=\"wp-block-paragraph\">\ud83d\udca1 Tipp: Ez t\u00f6k\u00e9letes hely azoknak az utaz\u00f3knak, akik a nyaral\u00e1son a <strong>legmodernebb felszerelts\u00e9get \u00e9s a kifog\u00e1stalan, vil\u00e1gos diz\u00e1jnt<\/strong> ig\u00e9nylik egy kisebb luxussz\u00e1lloda intim \u00e9s nyugodt hangulat\u00e1val kombin\u00e1lva. <em><a href=\"https:\/\/www.stay22.com\/allez\/roam?aid=lukaskonecny&#038;campaign=loudavymkrokemcz&#038;campaign=kde-bydlet-ve-vidni&#038;hotelname=Rosewood%20Vienna&#038;address=V%C3%ADde%C5%88%2C%20Rakousko\" target=\"_blank\" rel=\"nofollow noopener sponsored\">\u00e1rak \u00e9s el\u00e9rhet\u0151s\u00e9g ellen\u0151rz\u00e9se<\/a><\/em><\/p>\n\n\n\n<figure data-wp-context=\"{&quot;imageId&quot;:&quot;6a9c208162086&quot;}\" data-wp-interactive=\"core\/image\" data-wp-key=\"6a9c208162086\" class=\"wp-block-image size-full wp-lightbox-container\"><img decoding=\"async\" width=\"1600\" height=\"1066\" data-wp-class--hide=\"state.isContentHidden\" data-wp-class--show=\"state.isContentVisible\" data-wp-init=\"callbacks.setButtonStyles\" data-wp-on--click=\"actions.showLightbox\" data-wp-on--load=\"callbacks.setButtonStyles\" data-wp-on--pointerdown=\"actions.preloadImage\" data-wp-on--pointerenter=\"actions.preloadImageWithDelay\" data-wp-on--pointerleave=\"actions.cancelPreload\" data-wp-on-window--resize=\"callbacks.setButtonStyles\" src=\"https:\/\/loudavymkrokem.cz\/wp-content\/uploads\/2026\/08\/eurostars-grand-hotel-na-k-rntner-ringu.jpg\" alt=\"Az Eurostars Grand Hotel a K\u00e4rntner Ringen\" class=\"wp-image-407141\" title=\"\" srcset=\"https:\/\/loudavymkrokem.cz\/wp-content\/uploads\/2026\/08\/eurostars-grand-hotel-na-k-rntner-ringu.jpg 1600w, https:\/\/loudavymkrokem.cz\/wp-content\/uploads\/2026\/08\/eurostars-grand-hotel-na-k-rntner-ringu-300x200.jpg 300w, https:\/\/loudavymkrokem.cz\/wp-content\/uploads\/2026\/08\/eurostars-grand-hotel-na-k-rntner-ringu-700x466.jpg 700w, https:\/\/loudavymkrokem.cz\/wp-content\/uploads\/2026\/08\/eurostars-grand-hotel-na-k-rntner-ringu-768x512.jpg 768w, https:\/\/loudavymkrokem.cz\/wp-content\/uploads\/2026\/08\/eurostars-grand-hotel-na-k-rntner-ringu-1536x1023.jpg 1536w, https:\/\/loudavymkrokem.cz\/wp-content\/uploads\/2026\/08\/eurostars-grand-hotel-na-k-rntner-ringu-696x464.jpg 696w, https:\/\/loudavymkrokem.cz\/wp-content\/uploads\/2026\/08\/eurostars-grand-hotel-na-k-rntner-ringu-1392x927.jpg 1392w\" sizes=\"(max-width: 1600px) 100vw, 1600px\" \/><button\n\t\t\tclass=\"lightbox-trigger\"\n\t\t\ttype=\"button\"\n\t\t\taria-haspopup=\"dialog\"\n\t\t\tdata-wp-bind--aria-label=\"state.thisImage.triggerButtonAriaLabel\"\n\t\t\tdata-wp-init=\"callbacks.initTriggerButton\"\n\t\t\tdata-wp-on--click=\"actions.showLightbox\"\n\t\t\tdata-wp-style--right=\"state.thisImage.buttonRight\"\n\t\t\tdata-wp-style--top=\"state.thisImage.buttonTop\"\n\t\t>\n\t\t\t<svg xmlns=\"http:\/\/www.w3.org\/2000\/svg\" width=\"12\" height=\"12\" fill=\"none\" viewBox=\"0 0 12 12\">\n\t\t\t\t<path fill=\"#fff\" d=\"M2 0a2 2 0 0 0-2 2v2h1.5V2a.5.5 0 0 1 .5-.5h2V0H2Zm2 10.5H2a.5.5 0 0 1-.5-.5V8H0v2a2 2 0 0 0 2 2h2v-1.5ZM8 12v-1.5h2a.5.5 0 0 0 .5-.5V8H12v2a2 2 0 0 1-2 2H8Zm2-12a2 2 0 0 1 2 2v2h-1.5V2a.5.5 0 0 0-.5-.5H8V0h2Z\" \/>\n\t\t\t<\/svg>\n\t\t<\/button><figcaption class=\"wp-element-caption\">Foto: Eurostars Grand Hotel Wien \/ Google Maps<\/figcaption><\/figure>\n\n\n\n<h3 class=\"wp-block-heading\"><span class=\"ez-toc-section\" id=\"7_Eurostars_Grand_Hotel_Wien\"><\/span>7. Eurostars Grand Hotel Wien<span class=\"ez-toc-section-end\"><\/span><\/h3>\n\n\n\n<p class=\"wp-block-paragraph\">Ez a nagyon n\u00e9pszer\u0171 sz\u00e1lloda a rangos K\u00e4rntner Ringen kiv\u00e1l\u00f3 <strong>4,6-os \u00e9rt\u00e9kel\u00e9st \u00e9r el 1 986 v\u00e9lem\u00e9ny alapj\u00e1n<\/strong>, \u00e9s klasszikus b\u00e9csi st\u00edlust k\u00edn\u00e1l valamivel megfizethet\u0151bb \u00e1rszinten, mint a legismertebb palotaikonok. Az \u00e9p\u00fclet nagyon okosan kombin\u00e1lja a meg\u0151rz\u00f6tt t\u00f6rt\u00e9nelmi b\u00e1jt minden k\u00edv\u00e1nt modern k\u00e9nyelemmel.<\/p>\n\n\n\n<p class=\"wp-block-paragraph\">Az utaz\u00f3k a v\u00e9lem\u00e9nyekben nagyon gyakran \u00e9s sz\u00edvesen dics\u00e9rik a <strong>rendk\u00edv\u00fcl gazdag b\u00fcf\u00e9reggeliket \u00e9s a v\u00e1ratlanul t\u00e1gas f\u00fcrd\u0151szob\u00e1kat<\/strong>, amelyek B\u00e9cs belv\u00e1ros\u00e1nak t\u00f6rt\u00e9nelmi \u00e9p\u00fcleteiben gyakran komoly probl\u00e9m\u00e1t jelentenek. Itt viszont a helysz\u0171k\u00e9re biztosan nem lesz panaszod.<\/p>\n\n\n\n<p class=\"wp-block-paragraph\">\u00d3ri\u00e1si logisztikai el\u0151ny a fontos Karlsplatz metr\u00f3\u00e1llom\u00e1s k\u00f6zvetlen k\u00f6zels\u00e9ge is. <strong>Ez az \u00f3ri\u00e1si k\u00f6zleked\u00e9si csom\u00f3pont remek \u00e9s gyors \u00f6sszek\u00f6ttet\u00e9st biztos\u00edt<\/strong> a v\u00e1ros minden szeglet\u00e9be, ebbe bele\u00e9rtve a k\u00f6zvetlen utat a sch\u00f6nbrunni kast\u00e9lyhoz.<\/p>\n\n\n\n<p class=\"wp-block-paragraph\">\ud83d\udca1 Tipp: Ha minden\u00e1ron a rangos Ringen szeretn\u00e9l lakni, de \u00e9pp nincs sz\u00fcks\u00e9ged a dr\u00e1g\u00e1n megfizetett szem\u00e9lyes komornyik szolg\u00e1ltat\u00e1saira, ez a sz\u00e1lloda <strong>kiv\u00e1l\u00f3 \u00e9s \u00e9sszer\u0171 kompromisszumot k\u00edn\u00e1l a val\u00f3di luxus \u00e9s az elfogadhat\u00f3 \u00e1r k\u00f6z\u00f6tt<\/strong>. <em><a href=\"https:\/\/www.stay22.com\/allez\/roam?aid=lukaskonecny&#038;campaign=loudavymkrokemcz&#038;campaign=kde-bydlet-ve-vidni&#038;hotelname=Eurostars%20Grand%20Hotel%20Wien&#038;address=V%C3%ADde%C5%88%2C%20Rakousko\" target=\"_blank\" rel=\"nofollow noopener sponsored\">\u00e1rak \u00e9s el\u00e9rhet\u0151s\u00e9g ellen\u0151rz\u00e9se<\/a><\/em><\/p>\n\n\n\n<figure data-wp-context=\"{&quot;imageId&quot;:&quot;6a9c20816259e&quot;}\" data-wp-interactive=\"core\/image\" data-wp-key=\"6a9c20816259e\" class=\"wp-block-image size-full wp-lightbox-container\"><img decoding=\"async\" width=\"1800\" height=\"1199\" data-wp-class--hide=\"state.isContentHidden\" data-wp-class--show=\"state.isContentVisible\" data-wp-init=\"callbacks.setButtonStyles\" data-wp-on--click=\"actions.showLightbox\" data-wp-on--load=\"callbacks.setButtonStyles\" data-wp-on--pointerdown=\"actions.preloadImage\" data-wp-on--pointerenter=\"actions.preloadImageWithDelay\" data-wp-on--pointerleave=\"actions.cancelPreload\" data-wp-on-window--resize=\"callbacks.setButtonStyles\" src=\"https:\/\/loudavymkrokem.cz\/wp-content\/uploads\/2026\/08\/hotel-kaiserhof-wien-1.jpg\" alt=\"Szoba a Hotel Kaiserhof Wienben\" class=\"wp-image-407082\" title=\"\" srcset=\"https:\/\/loudavymkrokem.cz\/wp-content\/uploads\/2026\/08\/hotel-kaiserhof-wien-1.jpg 1800w, https:\/\/loudavymkrokem.cz\/wp-content\/uploads\/2026\/08\/hotel-kaiserhof-wien-1-300x200.jpg 300w, https:\/\/loudavymkrokem.cz\/wp-content\/uploads\/2026\/08\/hotel-kaiserhof-wien-1-700x466.jpg 700w, https:\/\/loudavymkrokem.cz\/wp-content\/uploads\/2026\/08\/hotel-kaiserhof-wien-1-768x512.jpg 768w, https:\/\/loudavymkrokem.cz\/wp-content\/uploads\/2026\/08\/hotel-kaiserhof-wien-1-1536x1023.jpg 1536w, https:\/\/loudavymkrokem.cz\/wp-content\/uploads\/2026\/08\/hotel-kaiserhof-wien-1-696x464.jpg 696w, https:\/\/loudavymkrokem.cz\/wp-content\/uploads\/2026\/08\/hotel-kaiserhof-wien-1-1392x927.jpg 1392w\" sizes=\"(max-width: 1800px) 100vw, 1800px\" \/><button\n\t\t\tclass=\"lightbox-trigger\"\n\t\t\ttype=\"button\"\n\t\t\taria-haspopup=\"dialog\"\n\t\t\tdata-wp-bind--aria-label=\"state.thisImage.triggerButtonAriaLabel\"\n\t\t\tdata-wp-init=\"callbacks.initTriggerButton\"\n\t\t\tdata-wp-on--click=\"actions.showLightbox\"\n\t\t\tdata-wp-style--right=\"state.thisImage.buttonRight\"\n\t\t\tdata-wp-style--top=\"state.thisImage.buttonTop\"\n\t\t>\n\t\t\t<svg xmlns=\"http:\/\/www.w3.org\/2000\/svg\" width=\"12\" height=\"12\" fill=\"none\" viewBox=\"0 0 12 12\">\n\t\t\t\t<path fill=\"#fff\" d=\"M2 0a2 2 0 0 0-2 2v2h1.5V2a.5.5 0 0 1 .5-.5h2V0H2Zm2 10.5H2a.5.5 0 0 1-.5-.5V8H0v2a2 2 0 0 0 2 2h2v-1.5ZM8 12v-1.5h2a.5.5 0 0 0 .5-.5V8H12v2a2 2 0 0 1-2 2H8Zm2-12a2 2 0 0 1 2 2v2h-1.5V2a.5.5 0 0 0-.5-.5H8V0h2Z\" \/>\n\t\t\t<\/svg>\n\t\t<\/button><figcaption class=\"wp-element-caption\">Foto: Hotel Kaiserhof Wien \/ ofici\u00e1ln\u00ed web<\/figcaption><\/figure>\n\n\n\n<h3 class=\"wp-block-heading\"><span class=\"ez-toc-section\" id=\"8_HOTEL_KAISERHOF_WIEN\"><\/span>8. HOTEL KAISERHOF WIEN<span class=\"ez-toc-section-end\"><\/span><\/h3>\n\n\n\n<p class=\"wp-block-paragraph\">A teljesen fantasztikus \u00e9s egyed\u00fcl\u00e1ll\u00f3 <strong>4,8-as \u00e9rt\u00e9kel\u00e9ssel 1 364 v\u00e9lem\u00e9ny alapj\u00e1n ez az eg\u00e9sz, kiterjedt v\u00e1logat\u00e1sunk legjobbra \u00e9rt\u00e9kelt sz\u00e1llod\u00e1ja<\/strong>. Ez a hagyom\u00e1nyos csal\u00e1di butiksz\u00e1lloda a ny\u00fczsg\u0151 Karlsplatz k\u00f6zel\u00e9ben fekszik, \u00e9s a vend\u00e9geket els\u0151sorban az eg\u00e9sz szem\u00e9lyzet hihetetlen\u00fcl sz\u00edv\u00e9lyes \u00e9s szem\u00e9lyes hozz\u00e1\u00e1ll\u00e1s\u00e1val nyeri meg.<\/p>\n\n\n\n<figure data-wp-context=\"{&quot;galleryId&quot;:&quot;6a9c208162740&quot;}\" data-wp-interactive=\"core\/gallery\" class=\"wp-block-gallery has-nested-images columns-2 is-cropped wp-block-gallery-is-layout-flex wp-block-gallery-3 is-layout-flex\">\n\n<figure data-wp-context=\"{&quot;imageId&quot;:&quot;6a9c208162a4e&quot;}\" data-wp-interactive=\"core\/image\" data-wp-key=\"6a9c208162a4e\" class=\"wp-block-image size-large wp-lightbox-container\"><img decoding=\"async\" width=\"1800\" height=\"1199\" data-wp-class--hide=\"state.isContentHidden\" data-wp-class--show=\"state.isContentVisible\" data-wp-init=\"callbacks.setButtonStyles\" data-wp-on--click=\"actions.showLightbox\" data-wp-on--load=\"callbacks.setButtonStyles\" data-wp-on--pointerdown=\"actions.preloadImage\" data-wp-on--pointerenter=\"actions.preloadImageWithDelay\" data-wp-on--pointerleave=\"actions.cancelPreload\" data-wp-on-window--resize=\"callbacks.setButtonStyles\" data-id=\"407085\" src=\"https:\/\/loudavymkrokem.cz\/wp-content\/uploads\/2026\/08\/hotel-kaiserhof-wien-2.jpg\" alt=\"A Hotel Kaiserhof Wien bels\u0151 tere\" class=\"wp-image-407085\" title=\"\" srcset=\"https:\/\/loudavymkrokem.cz\/wp-content\/uploads\/2026\/08\/hotel-kaiserhof-wien-2.jpg 1800w, https:\/\/loudavymkrokem.cz\/wp-content\/uploads\/2026\/08\/hotel-kaiserhof-wien-2-300x200.jpg 300w, https:\/\/loudavymkrokem.cz\/wp-content\/uploads\/2026\/08\/hotel-kaiserhof-wien-2-700x466.jpg 700w, https:\/\/loudavymkrokem.cz\/wp-content\/uploads\/2026\/08\/hotel-kaiserhof-wien-2-768x512.jpg 768w, https:\/\/loudavymkrokem.cz\/wp-content\/uploads\/2026\/08\/hotel-kaiserhof-wien-2-1536x1023.jpg 1536w, https:\/\/loudavymkrokem.cz\/wp-content\/uploads\/2026\/08\/hotel-kaiserhof-wien-2-696x464.jpg 696w, https:\/\/loudavymkrokem.cz\/wp-content\/uploads\/2026\/08\/hotel-kaiserhof-wien-2-1392x927.jpg 1392w\" sizes=\"(max-width: 1800px) 100vw, 1800px\" \/><button\n\t\t\tclass=\"lightbox-trigger\"\n\t\t\ttype=\"button\"\n\t\t\taria-haspopup=\"dialog\"\n\t\t\tdata-wp-bind--aria-label=\"state.thisImage.triggerButtonAriaLabel\"\n\t\t\tdata-wp-init=\"callbacks.initTriggerButton\"\n\t\t\tdata-wp-on--click=\"actions.showLightbox\"\n\t\t\tdata-wp-style--right=\"state.thisImage.buttonRight\"\n\t\t\tdata-wp-style--top=\"state.thisImage.buttonTop\"\n\t\t>\n\t\t\t<svg xmlns=\"http:\/\/www.w3.org\/2000\/svg\" width=\"12\" height=\"12\" fill=\"none\" viewBox=\"0 0 12 12\">\n\t\t\t\t<path fill=\"#fff\" d=\"M2 0a2 2 0 0 0-2 2v2h1.5V2a.5.5 0 0 1 .5-.5h2V0H2Zm2 10.5H2a.5.5 0 0 1-.5-.5V8H0v2a2 2 0 0 0 2 2h2v-1.5ZM8 12v-1.5h2a.5.5 0 0 0 .5-.5V8H12v2a2 2 0 0 1-2 2H8Zm2-12a2 2 0 0 1 2 2v2h-1.5V2a.5.5 0 0 0-.5-.5H8V0h2Z\" \/>\n\t\t\t<\/svg>\n\t\t<\/button><figcaption class=\"wp-element-caption\">Foto: Hotel Kaiserhof Wien \/ ofici\u00e1ln\u00ed web<\/figcaption><\/figure>\n\n<\/figure>\n\n\n\n<p class=\"wp-block-paragraph\">A lelkes v\u00e9lem\u00e9nyekben folyamatosan visszak\u00f6sz\u00f6nnek a hatalmas dics\u00e9retek a fens\u00e9ges reggelikr\u0151l, a terek t\u00f6k\u00e9letes tisztas\u00e1g\u00e1r\u00f3l \u00e9s a szob\u00e1k nagyon hangulatos felszerelts\u00e9g\u00e9r\u0151l, amely nagyon fesztelen\u00fcl vegy\u00edti a hagyom\u00e1nyt a modern elemekkel. <strong>Itt minden r\u00e9szletet gondosan \u00e1tgondoltak a vend\u00e9g maxim\u00e1lis k\u00e9nyelm\u00e9\u00e9rt<\/strong>.<\/p>\n\n\n\n<p class=\"wp-block-paragraph\">Maga a helysz\u00edn nagyon nyugodt, m\u00e9gis <strong>csak n\u00e9h\u00e1ny perc kellemes s\u00e9t\u00e1ra van az opera\u00e9p\u00fclett\u0151l<\/strong> \u00e9s a t\u00f6rt\u00e9nelmi belv\u00e1rost\u00f3l. A l\u00e1togat\u00f3k rendelkez\u00e9s\u00e9re \u00e1ll egy kellemes wellnessk\u00f6zpont is, amely a hossz\u00fa v\u00e1rosi s\u00e9ta ut\u00e1n biztosan j\u00f3l j\u00f6n.<\/p>\n\n\n\n<p class=\"wp-block-paragraph\">\ud83d\udca1 Tipp: Ez abszol\u00fat ide\u00e1lis v\u00e1laszt\u00e1s azoknak az utaz\u00f3knak, akik a <strong>csal\u00e1dias hangulatot \u00e9s a szem\u00e9lyes hozz\u00e1\u00e1ll\u00e1st<\/strong> r\u00e9szes\u00edtik el\u0151nyben a hatalmas sz\u00e1llodal\u00e1ncok hideg n\u00e9vtelens\u00e9g\u00e9vel szemben. \u0150szinte t\u00f6r\u0151d\u00e9st kapsz itt, amit manaps\u00e1g m\u00e1r nagyon neh\u00e9z megtal\u00e1lni. <em><a href=\"https:\/\/www.stay22.com\/allez\/roam?aid=lukaskonecny&#038;campaign=loudavymkrokemcz&#038;campaign=kde-bydlet-ve-vidni&#038;hotelname=HOTEL%20KAISERHOF%20WIEN&#038;address=V%C3%ADde%C5%88%2C%20Rakousko\" target=\"_blank\" rel=\"nofollow noopener sponsored\">\u00e1rak \u00e9s el\u00e9rhet\u0151s\u00e9g ellen\u0151rz\u00e9se<\/a><\/em><\/p>\n\n\n\n<figure data-wp-context=\"{&quot;imageId&quot;:&quot;6a9c2081630ab&quot;}\" data-wp-interactive=\"core\/image\" data-wp-key=\"6a9c2081630ab\" class=\"wp-block-image size-full wp-lightbox-container\"><img decoding=\"async\" width=\"1800\" height=\"1201\" data-wp-class--hide=\"state.isContentHidden\" data-wp-class--show=\"state.isContentVisible\" data-wp-init=\"callbacks.setButtonStyles\" data-wp-on--click=\"actions.showLightbox\" data-wp-on--load=\"callbacks.setButtonStyles\" data-wp-on--pointerdown=\"actions.preloadImage\" data-wp-on--pointerenter=\"actions.preloadImageWithDelay\" data-wp-on--pointerleave=\"actions.cancelPreload\" data-wp-on-window--resize=\"callbacks.setButtonStyles\" src=\"https:\/\/loudavymkrokem.cz\/wp-content\/uploads\/2026\/08\/cocoon-wien-westbahnhof-boutiquehotel-stadth-1.jpg\" alt=\"A Boutiquehotel Stadthalle z\u00f6ld homlokzata a Westbahnhof mellett\" class=\"wp-image-407077\" title=\"\" srcset=\"https:\/\/loudavymkrokem.cz\/wp-content\/uploads\/2026\/08\/cocoon-wien-westbahnhof-boutiquehotel-stadth-1.jpg 1800w, https:\/\/loudavymkrokem.cz\/wp-content\/uploads\/2026\/08\/cocoon-wien-westbahnhof-boutiquehotel-stadth-1-300x200.jpg 300w, https:\/\/loudavymkrokem.cz\/wp-content\/uploads\/2026\/08\/cocoon-wien-westbahnhof-boutiquehotel-stadth-1-700x467.jpg 700w, https:\/\/loudavymkrokem.cz\/wp-content\/uploads\/2026\/08\/cocoon-wien-westbahnhof-boutiquehotel-stadth-1-768x512.jpg 768w, https:\/\/loudavymkrokem.cz\/wp-content\/uploads\/2026\/08\/cocoon-wien-westbahnhof-boutiquehotel-stadth-1-1536x1025.jpg 1536w, https:\/\/loudavymkrokem.cz\/wp-content\/uploads\/2026\/08\/cocoon-wien-westbahnhof-boutiquehotel-stadth-1-696x464.jpg 696w, https:\/\/loudavymkrokem.cz\/wp-content\/uploads\/2026\/08\/cocoon-wien-westbahnhof-boutiquehotel-stadth-1-1392x929.jpg 1392w\" sizes=\"(max-width: 1800px) 100vw, 1800px\" \/><button\n\t\t\tclass=\"lightbox-trigger\"\n\t\t\ttype=\"button\"\n\t\t\taria-haspopup=\"dialog\"\n\t\t\tdata-wp-bind--aria-label=\"state.thisImage.triggerButtonAriaLabel\"\n\t\t\tdata-wp-init=\"callbacks.initTriggerButton\"\n\t\t\tdata-wp-on--click=\"actions.showLightbox\"\n\t\t\tdata-wp-style--right=\"state.thisImage.buttonRight\"\n\t\t\tdata-wp-style--top=\"state.thisImage.buttonTop\"\n\t\t>\n\t\t\t<svg xmlns=\"http:\/\/www.w3.org\/2000\/svg\" width=\"12\" height=\"12\" fill=\"none\" viewBox=\"0 0 12 12\">\n\t\t\t\t<path fill=\"#fff\" d=\"M2 0a2 2 0 0 0-2 2v2h1.5V2a.5.5 0 0 1 .5-.5h2V0H2Zm2 10.5H2a.5.5 0 0 1-.5-.5V8H0v2a2 2 0 0 0 2 2h2v-1.5ZM8 12v-1.5h2a.5.5 0 0 0 .5-.5V8H12v2a2 2 0 0 1-2 2H8Zm2-12a2 2 0 0 1 2 2v2h-1.5V2a.5.5 0 0 0-.5-.5H8V0h2Z\" \/>\n\t\t\t<\/svg>\n\t\t<\/button><figcaption class=\"wp-element-caption\">Foto: Boutiquehotel Stadthalle \/ ofici\u00e1ln\u00ed web<\/figcaption><\/figure>\n\n\n\n<h3 class=\"wp-block-heading\"><span class=\"ez-toc-section\" id=\"9_Cocoon_Wien_Westbahnhof_%E2%80%94_Boutiquehotel_Stadthalle\"><\/span>9. Cocoon Wien Westbahnhof \u2014 Boutiquehotel Stadthalle<span class=\"ez-toc-section-end\"><\/span><\/h3>\n\n\n\n<p class=\"wp-block-paragraph\">Ez az \u00e9rdekes, \u00f6kol\u00f3giai szeml\u00e9let\u0171 sz\u00e1lloda egy gy\u00f6ny\u00f6r\u0171, huszadik sz\u00e1zad eleji h\u00e1zban sz\u00e9kel. A fontos Westbahnhof p\u00e1lyaudvar k\u00f6zel\u00e9ben tal\u00e1lod, \u00e9s joggal b\u00fcszk\u00e9lkedik remek <strong>4,8-as \u00e9rt\u00e9kel\u00e9ssel 1 369 v\u00e9lem\u00e9ny alapj\u00e1n<\/strong>. Az eg\u00e9sz koncepci\u00f3 a term\u00e9szet m\u00e9ly tisztelet\u00e9n \u00e9s a fenntarthat\u00f3 utaz\u00e1son alapul.<\/p>\n\n\n\n<figure data-wp-context=\"{&quot;galleryId&quot;:&quot;6a9c208163269&quot;}\" data-wp-interactive=\"core\/gallery\" class=\"wp-block-gallery has-nested-images columns-2 is-cropped wp-block-gallery-is-layout-flex wp-block-gallery-4 is-layout-flex\">\n\n<figure data-wp-context=\"{&quot;imageId&quot;:&quot;6a9c20816359e&quot;}\" data-wp-interactive=\"core\/image\" data-wp-key=\"6a9c20816359e\" class=\"wp-block-image size-large wp-lightbox-container\"><img decoding=\"async\" width=\"1707\" height=\"2560\" data-wp-class--hide=\"state.isContentHidden\" data-wp-class--show=\"state.isContentVisible\" data-wp-init=\"callbacks.setButtonStyles\" data-wp-on--click=\"actions.showLightbox\" data-wp-on--load=\"callbacks.setButtonStyles\" data-wp-on--pointerdown=\"actions.preloadImage\" data-wp-on--pointerenter=\"actions.preloadImageWithDelay\" data-wp-on--pointerleave=\"actions.cancelPreload\" data-wp-on-window--resize=\"callbacks.setButtonStyles\" data-id=\"407080\" src=\"https:\/\/loudavymkrokem.cz\/wp-content\/uploads\/2026\/08\/cocoon-wien-westbahnhof-boutiquehotel-stadth-3.jpg\" alt=\"A Boutiquehotel Stadthalle reggeliz\u0151 r\u00e9sze\" class=\"wp-image-407080\" title=\"\" srcset=\"https:\/\/loudavymkrokem.cz\/wp-content\/uploads\/2026\/08\/cocoon-wien-westbahnhof-boutiquehotel-stadth-3.jpg 1707w, https:\/\/loudavymkrokem.cz\/wp-content\/uploads\/2026\/08\/cocoon-wien-westbahnhof-boutiquehotel-stadth-3-200x300.jpg 200w, https:\/\/loudavymkrokem.cz\/wp-content\/uploads\/2026\/08\/cocoon-wien-westbahnhof-boutiquehotel-stadth-3-700x1050.jpg 700w, https:\/\/loudavymkrokem.cz\/wp-content\/uploads\/2026\/08\/cocoon-wien-westbahnhof-boutiquehotel-stadth-3-768x1152.jpg 768w, https:\/\/loudavymkrokem.cz\/wp-content\/uploads\/2026\/08\/cocoon-wien-westbahnhof-boutiquehotel-stadth-3-1024x1536.jpg 1024w, https:\/\/loudavymkrokem.cz\/wp-content\/uploads\/2026\/08\/cocoon-wien-westbahnhof-boutiquehotel-stadth-3-1366x2048.jpg 1366w, https:\/\/loudavymkrokem.cz\/wp-content\/uploads\/2026\/08\/cocoon-wien-westbahnhof-boutiquehotel-stadth-3-696x1044.jpg 696w, https:\/\/loudavymkrokem.cz\/wp-content\/uploads\/2026\/08\/cocoon-wien-westbahnhof-boutiquehotel-stadth-3-1392x2088.jpg 1392w\" sizes=\"(max-width: 1707px) 100vw, 1707px\" \/><button\n\t\t\tclass=\"lightbox-trigger\"\n\t\t\ttype=\"button\"\n\t\t\taria-haspopup=\"dialog\"\n\t\t\tdata-wp-bind--aria-label=\"state.thisImage.triggerButtonAriaLabel\"\n\t\t\tdata-wp-init=\"callbacks.initTriggerButton\"\n\t\t\tdata-wp-on--click=\"actions.showLightbox\"\n\t\t\tdata-wp-style--right=\"state.thisImage.buttonRight\"\n\t\t\tdata-wp-style--top=\"state.thisImage.buttonTop\"\n\t\t>\n\t\t\t<svg xmlns=\"http:\/\/www.w3.org\/2000\/svg\" width=\"12\" height=\"12\" fill=\"none\" viewBox=\"0 0 12 12\">\n\t\t\t\t<path fill=\"#fff\" d=\"M2 0a2 2 0 0 0-2 2v2h1.5V2a.5.5 0 0 1 .5-.5h2V0H2Zm2 10.5H2a.5.5 0 0 1-.5-.5V8H0v2a2 2 0 0 0 2 2h2v-1.5ZM8 12v-1.5h2a.5.5 0 0 0 .5-.5V8H12v2a2 2 0 0 1-2 2H8Zm2-12a2 2 0 0 1 2 2v2h-1.5V2a.5.5 0 0 0-.5-.5H8V0h2Z\" \/>\n\t\t\t<\/svg>\n\t\t<\/button><figcaption class=\"wp-element-caption\">Foto: Boutiquehotel Stadthalle \/ ofici\u00e1ln\u00ed web<\/figcaption><\/figure>\n\n<\/figure>\n\n\n\n<p class=\"wp-block-paragraph\">Az eg\u00e9sz l\u00e9tes\u00edtm\u00e9ny egyed\u00fcl\u00e1ll\u00f3 eleme a gy\u00f6ny\u00f6r\u0171 bels\u0151 udvar \u00e9s a gondosan \u00e1polt, vir\u00e1gz\u00f3 levendulakert. Ez <strong>csod\u00e1latos z\u00f6ld nyugalomo\u00e1zist<\/strong> ny\u00fajt a vend\u00e9geknek a v\u00e1ros k\u00f6zep\u00e9n, ahova az eg\u00e9sz napos nevezetess\u00e9g-n\u00e9z\u00e9s ut\u00e1n k\u00e9nyelmesen elb\u00fajhatsz. A vend\u00e9gek r\u00e1ad\u00e1sul megszerett\u00e9k a helyi bioterm\u00e9kekb\u0151l k\u00e9sz\u00fclt reggeliket.<\/p>\n\n\n\n<p class=\"wp-block-paragraph\">\u26a0\ufe0f Figyelmeztet\u00e9s a v\u00e9lem\u00e9nyekb\u0151l: Miel\u0151tt itt szob\u00e1t foglaln\u00e1l, egy fontos dolgot tudnod kell. Ha kifejezetten a <strong>kertre n\u00e9z\u0151 szob\u00e1kat v\u00e1lasztod, sz\u00e1molj azzal, hogy azok egy lift n\u00e9lk\u00fcli t\u00f6rt\u00e9nelmi \u00e9p\u00fcletben tal\u00e1lhat\u00f3k<\/strong>, ami nagy gond lehet a mozg\u00e1skorl\u00e1tozott vagy neh\u00e9z b\u0151r\u00f6nd\u00f6kkel \u00e9rkez\u0151 vend\u00e9geknek.<\/p>\n\n\n\n<p class=\"wp-block-paragraph\">\ud83d\udca1 Tipp: Ezt a sz\u00e1llod\u00e1t v\u00e1laszd, ha vonattal \u00e9rkezel a Westbahnhofra, \u00e9s igaz\u00e1n \u00e9rt\u00e9keled az <strong>\u00f6kol\u00f3giai megk\u00f6zel\u00edt\u00e9st a bels\u0151 kert nyugalm\u00e1val kombin\u00e1lva<\/strong>. A belv\u00e1rosba r\u00e1ad\u00e1sul k\u00f6nnyen eljutsz innen k\u00f6zvetlen metr\u00f3vonallal, r\u00f6vid id\u0151 alatt. <em><a href=\"https:\/\/www.stay22.com\/allez\/roam?aid=lukaskonecny&#038;campaign=loudavymkrokemcz&#038;campaign=kde-bydlet-ve-vidni&#038;hotelname=Cocoon%20Wien%20Westbahnhof&#038;address=V%C3%ADde%C5%88%2C%20Rakousko\" target=\"_blank\" rel=\"nofollow noopener sponsored\">\u00e1rak \u00e9s el\u00e9rhet\u0151s\u00e9g ellen\u0151rz\u00e9se<\/a><\/em><\/p>\n\n\n\n<figure data-wp-context=\"{&quot;imageId&quot;:&quot;6a9c208163ce0&quot;}\" data-wp-interactive=\"core\/image\" data-wp-key=\"6a9c208163ce0\" class=\"wp-block-image size-full wp-lightbox-container\"><img decoding=\"async\" width=\"1800\" height=\"1200\" data-wp-class--hide=\"state.isContentHidden\" data-wp-class--show=\"state.isContentVisible\" data-wp-init=\"callbacks.setButtonStyles\" data-wp-on--click=\"actions.showLightbox\" data-wp-on--load=\"callbacks.setButtonStyles\" data-wp-on--pointerdown=\"actions.preloadImage\" data-wp-on--pointerenter=\"actions.preloadImageWithDelay\" data-wp-on--pointerleave=\"actions.cancelPreload\" data-wp-on-window--resize=\"callbacks.setButtonStyles\" src=\"https:\/\/loudavymkrokem.cz\/wp-content\/uploads\/2026\/08\/hotel-motto-2.jpg\" alt=\"A Hotel MOTTO a b\u00e9csi Mariahilfban\" class=\"wp-image-407072\" title=\"\" srcset=\"https:\/\/loudavymkrokem.cz\/wp-content\/uploads\/2026\/08\/hotel-motto-2.jpg 1800w, https:\/\/loudavymkrokem.cz\/wp-content\/uploads\/2026\/08\/hotel-motto-2-300x200.jpg 300w, https:\/\/loudavymkrokem.cz\/wp-content\/uploads\/2026\/08\/hotel-motto-2-700x467.jpg 700w, https:\/\/loudavymkrokem.cz\/wp-content\/uploads\/2026\/08\/hotel-motto-2-768x512.jpg 768w, https:\/\/loudavymkrokem.cz\/wp-content\/uploads\/2026\/08\/hotel-motto-2-1536x1024.jpg 1536w, https:\/\/loudavymkrokem.cz\/wp-content\/uploads\/2026\/08\/hotel-motto-2-696x464.jpg 696w, https:\/\/loudavymkrokem.cz\/wp-content\/uploads\/2026\/08\/hotel-motto-2-1392x928.jpg 1392w\" sizes=\"(max-width: 1800px) 100vw, 1800px\" \/><button\n\t\t\tclass=\"lightbox-trigger\"\n\t\t\ttype=\"button\"\n\t\t\taria-haspopup=\"dialog\"\n\t\t\tdata-wp-bind--aria-label=\"state.thisImage.triggerButtonAriaLabel\"\n\t\t\tdata-wp-init=\"callbacks.initTriggerButton\"\n\t\t\tdata-wp-on--click=\"actions.showLightbox\"\n\t\t\tdata-wp-style--right=\"state.thisImage.buttonRight\"\n\t\t\tdata-wp-style--top=\"state.thisImage.buttonTop\"\n\t\t>\n\t\t\t<svg xmlns=\"http:\/\/www.w3.org\/2000\/svg\" width=\"12\" height=\"12\" fill=\"none\" viewBox=\"0 0 12 12\">\n\t\t\t\t<path fill=\"#fff\" d=\"M2 0a2 2 0 0 0-2 2v2h1.5V2a.5.5 0 0 1 .5-.5h2V0H2Zm2 10.5H2a.5.5 0 0 1-.5-.5V8H0v2a2 2 0 0 0 2 2h2v-1.5ZM8 12v-1.5h2a.5.5 0 0 0 .5-.5V8H12v2a2 2 0 0 1-2 2H8Zm2-12a2 2 0 0 1 2 2v2h-1.5V2a.5.5 0 0 0-.5-.5H8V0h2Z\" \/>\n\t\t\t<\/svg>\n\t\t<\/button><figcaption class=\"wp-element-caption\">Foto: Hotel MOTTO \/ ofici\u00e1ln\u00ed web<\/figcaption><\/figure>\n\n\n\n<h3 class=\"wp-block-heading\"><span class=\"ez-toc-section\" id=\"10_Hotel_MOTTO\"><\/span>10. Hotel MOTTO<span class=\"ez-toc-section-end\"><\/span><\/h3>\n\n\n\n<p class=\"wp-block-paragraph\">K\u00f6zvetlen\u00fcl a Mariahilf ker\u00fcletben, a h\u00edres, ny\u00fczsg\u0151 bev\u00e1s\u00e1rl\u00f3utc\u00e1n tal\u00e1lod ezt a hihetetlen\u00fcl st\u00edlusos butiksz\u00e1llod\u00e1t, kiv\u00e1l\u00f3 <strong>4,7-es \u00e9rt\u00e9kel\u00e9ssel 1 154 v\u00e9lem\u00e9ny alapj\u00e1n<\/strong>. Az itteni bels\u0151 terek er\u0151sen a h\u00faszas \u00e9vek p\u00e1rizsi boh\u00e9mjait\u00f3l ihletettek, \u00e9s minden zug t\u00e9nyleg \u00fagy n\u00e9z ki, mintha egy luxus designmagazinb\u00f3l l\u00e9pett volna el\u0151.<\/p>\n\n\n\n<figure data-wp-context=\"{&quot;galleryId&quot;:&quot;6a9c208163f0c&quot;}\" data-wp-interactive=\"core\/gallery\" class=\"wp-block-gallery has-nested-images columns-2 is-cropped wp-block-gallery-is-layout-flex wp-block-gallery-5 is-layout-flex\">\n\n<figure data-wp-context=\"{&quot;imageId&quot;:&quot;6a9c20816422b&quot;}\" data-wp-interactive=\"core\/image\" data-wp-key=\"6a9c20816422b\" class=\"wp-block-image size-large wp-lightbox-container\"><img decoding=\"async\" width=\"1286\" height=\"730\" data-wp-class--hide=\"state.isContentHidden\" data-wp-class--show=\"state.isContentVisible\" data-wp-init=\"callbacks.setButtonStyles\" data-wp-on--click=\"actions.showLightbox\" data-wp-on--load=\"callbacks.setButtonStyles\" data-wp-on--pointerdown=\"actions.preloadImage\" data-wp-on--pointerenter=\"actions.preloadImageWithDelay\" data-wp-on--pointerleave=\"actions.cancelPreload\" data-wp-on-window--resize=\"callbacks.setButtonStyles\" data-id=\"407074\" src=\"https:\/\/loudavymkrokem.cz\/wp-content\/uploads\/2026\/08\/hotel-motto-3.jpg\" alt=\"A Hotel MOTTO \u00e9tterme\" class=\"wp-image-407074\" title=\"\" srcset=\"https:\/\/loudavymkrokem.cz\/wp-content\/uploads\/2026\/08\/hotel-motto-3.jpg 1286w, https:\/\/loudavymkrokem.cz\/wp-content\/uploads\/2026\/08\/hotel-motto-3-300x170.jpg 300w, https:\/\/loudavymkrokem.cz\/wp-content\/uploads\/2026\/08\/hotel-motto-3-700x397.jpg 700w, https:\/\/loudavymkrokem.cz\/wp-content\/uploads\/2026\/08\/hotel-motto-3-768x436.jpg 768w, https:\/\/loudavymkrokem.cz\/wp-content\/uploads\/2026\/08\/hotel-motto-3-696x395.jpg 696w\" sizes=\"(max-width: 1286px) 100vw, 1286px\" \/><button\n\t\t\tclass=\"lightbox-trigger\"\n\t\t\ttype=\"button\"\n\t\t\taria-haspopup=\"dialog\"\n\t\t\tdata-wp-bind--aria-label=\"state.thisImage.triggerButtonAriaLabel\"\n\t\t\tdata-wp-init=\"callbacks.initTriggerButton\"\n\t\t\tdata-wp-on--click=\"actions.showLightbox\"\n\t\t\tdata-wp-style--right=\"state.thisImage.buttonRight\"\n\t\t\tdata-wp-style--top=\"state.thisImage.buttonTop\"\n\t\t>\n\t\t\t<svg xmlns=\"http:\/\/www.w3.org\/2000\/svg\" width=\"12\" height=\"12\" fill=\"none\" viewBox=\"0 0 12 12\">\n\t\t\t\t<path fill=\"#fff\" d=\"M2 0a2 2 0 0 0-2 2v2h1.5V2a.5.5 0 0 1 .5-.5h2V0H2Zm2 10.5H2a.5.5 0 0 1-.5-.5V8H0v2a2 2 0 0 0 2 2h2v-1.5ZM8 12v-1.5h2a.5.5 0 0 0 .5-.5V8H12v2a2 2 0 0 1-2 2H8Zm2-12a2 2 0 0 1 2 2v2h-1.5V2a.5.5 0 0 0-.5-.5H8V0h2Z\" \/>\n\t\t\t<\/svg>\n\t\t<\/button><figcaption class=\"wp-element-caption\">Foto: Hotel MOTTO \/ ofici\u00e1ln\u00ed web<\/figcaption><\/figure>\n\n<\/figure>\n\n\n\n<p class=\"wp-block-paragraph\">A vend\u00e9gek nemcsak a nagyon eredetien berendezett szob\u00e1kat im\u00e1dj\u00e1k, hanem els\u0151sorban az <strong>itteni h\u00edres sz\u00e1llodai \u00e9ttermet a saj\u00e1t p\u00e9ks\u00e9ggel<\/strong>, ahova a friss p\u00e9ks\u00fctem\u00e9nyek\u00e9rt a helyiek is sz\u00edvesen j\u00e1rnak. A k\u00edn\u00e1lt \u00e9tel min\u0151s\u00e9ge itt igaz\u00e1n nagyon magas szintet \u00e9r el.<\/p>\n\n\n\n<p class=\"wp-block-paragraph\">Remek b\u00f3nusz a megsz\u00e1ll\u00f3 vend\u00e9geknek a <strong>gy\u00f6ny\u00f6r\u0171 pihen\u0151r\u00e9szleg felmeleg\u00edt\u0151 szaun\u00e1val<\/strong>, ahol t\u00f6k\u00e9letesen kipihenheted magad egy v\u00e1s\u00e1rl\u00e1ssal \u00e9s nevezetess\u00e9g-n\u00e9z\u00e9ssel teli, f\u00e1raszt\u00f3 nap ut\u00e1n a h\u0171v\u00f6sebb id\u0151szakban.<\/p>\n\n\n\n<p class=\"wp-block-paragraph\">\ud83d\udca1 Tipp: A Hotel MOTTO-ban sz\u00e1llj meg, ha szereted a <strong>mark\u00e1ns vizu\u00e1lis diz\u00e1jnt, a remek helyi gasztron\u00f3mi\u00e1t, \u00e9s a legjobb \u00fczleteket az ajt\u00f3d el\u0151tt<\/strong> szeretn\u00e9d tudni. Teljesen remek hely a romantikus \u00e9s st\u00edlusos h\u00e9tv\u00e9g\u00e9re v\u00e1gy\u00f3 p\u00e1roknak. <em><a href=\"https:\/\/www.stay22.com\/allez\/roam?aid=lukaskonecny&#038;campaign=loudavymkrokemcz&#038;campaign=kde-bydlet-ve-vidni&#038;hotelname=Hotel%20MOTTO&#038;address=V%C3%ADde%C5%88%2C%20Rakousko\" target=\"_blank\" rel=\"nofollow noopener sponsored\">\u00e1rak \u00e9s el\u00e9rhet\u0151s\u00e9g ellen\u0151rz\u00e9se<\/a><\/em><\/p>\n\n\n\n<figure data-wp-context=\"{&quot;imageId&quot;:&quot;6a9c2081647b2&quot;}\" data-wp-interactive=\"core\/image\" data-wp-key=\"6a9c2081647b2\" class=\"wp-block-image size-full wp-lightbox-container\"><img decoding=\"async\" width=\"1200\" height=\"628\" data-wp-class--hide=\"state.isContentHidden\" data-wp-class--show=\"state.isContentVisible\" data-wp-init=\"callbacks.setButtonStyles\" data-wp-on--click=\"actions.showLightbox\" data-wp-on--load=\"callbacks.setButtonStyles\" data-wp-on--pointerdown=\"actions.preloadImage\" data-wp-on--pointerenter=\"actions.preloadImageWithDelay\" data-wp-on--pointerleave=\"actions.cancelPreload\" data-wp-on-window--resize=\"callbacks.setButtonStyles\" src=\"https:\/\/loudavymkrokem.cz\/wp-content\/uploads\/2026\/08\/altstadt-vienna-an-slh-hotel-1.jpg\" alt=\"Egyedileg berendezett szoba az Altstadt Vienn\u00e1ban\" class=\"wp-image-407063\" title=\"\" srcset=\"https:\/\/loudavymkrokem.cz\/wp-content\/uploads\/2026\/08\/altstadt-vienna-an-slh-hotel-1.jpg 1200w, https:\/\/loudavymkrokem.cz\/wp-content\/uploads\/2026\/08\/altstadt-vienna-an-slh-hotel-1-300x157.jpg 300w, https:\/\/loudavymkrokem.cz\/wp-content\/uploads\/2026\/08\/altstadt-vienna-an-slh-hotel-1-700x366.jpg 700w, https:\/\/loudavymkrokem.cz\/wp-content\/uploads\/2026\/08\/altstadt-vienna-an-slh-hotel-1-768x402.jpg 768w, https:\/\/loudavymkrokem.cz\/wp-content\/uploads\/2026\/08\/altstadt-vienna-an-slh-hotel-1-696x364.jpg 696w\" sizes=\"(max-width: 1200px) 100vw, 1200px\" \/><button\n\t\t\tclass=\"lightbox-trigger\"\n\t\t\ttype=\"button\"\n\t\t\taria-haspopup=\"dialog\"\n\t\t\tdata-wp-bind--aria-label=\"state.thisImage.triggerButtonAriaLabel\"\n\t\t\tdata-wp-init=\"callbacks.initTriggerButton\"\n\t\t\tdata-wp-on--click=\"actions.showLightbox\"\n\t\t\tdata-wp-style--right=\"state.thisImage.buttonRight\"\n\t\t\tdata-wp-style--top=\"state.thisImage.buttonTop\"\n\t\t>\n\t\t\t<svg xmlns=\"http:\/\/www.w3.org\/2000\/svg\" width=\"12\" height=\"12\" fill=\"none\" viewBox=\"0 0 12 12\">\n\t\t\t\t<path fill=\"#fff\" d=\"M2 0a2 2 0 0 0-2 2v2h1.5V2a.5.5 0 0 1 .5-.5h2V0H2Zm2 10.5H2a.5.5 0 0 1-.5-.5V8H0v2a2 2 0 0 0 2 2h2v-1.5ZM8 12v-1.5h2a.5.5 0 0 0 .5-.5V8H12v2a2 2 0 0 1-2 2H8Zm2-12a2 2 0 0 1 2 2v2h-1.5V2a.5.5 0 0 0-.5-.5H8V0h2Z\" \/>\n\t\t\t<\/svg>\n\t\t<\/button><figcaption class=\"wp-element-caption\">Foto: Altstadt Vienna \/ ofici\u00e1ln\u00ed web<\/figcaption><\/figure>\n\n\n\n<h3 class=\"wp-block-heading\"><span class=\"ez-toc-section\" id=\"11_Altstadt_Vienna_an_SLH_Hotel\"><\/span>11. Altstadt Vienna, an SLH Hotel<span class=\"ez-toc-section-end\"><\/span><\/h3>\n\n\n\n<p class=\"wp-block-paragraph\">Ez az egyed\u00fcl\u00e1ll\u00f3 butiksz\u00e1lloda a n\u00e9pszer\u0171 hetedik ker\u00fcletben, Neubauban tekint\u00e9lyes <strong>4,7-es \u00e9rt\u00e9kel\u00e9ssel rendelkezik 715 v\u00e9lem\u00e9ny alapj\u00e1n<\/strong>, \u00e9s sz\u00e9les k\u00f6rben arr\u00f3l ismert, hogy minden szob\u00e1ja teljesen m\u00e1s st\u00edlusban van berendezve. Az \u00f6sszdiz\u00e1jnon h\u00edres \u00e9p\u00edt\u00e9szek \u00e9s elismert divattervez\u0151k is dolgoztak, \u00edgy az itteni tart\u00f3zkod\u00e1s igazi vizu\u00e1lis m\u0171v\u00e9szeti \u00e9lm\u00e9ny.<\/p>\n\n\n\n<figure data-wp-context=\"{&quot;galleryId&quot;:&quot;6a9c2081649ef&quot;}\" data-wp-interactive=\"core\/gallery\" class=\"wp-block-gallery has-nested-images columns-2 is-cropped wp-block-gallery-is-layout-flex wp-block-gallery-6 is-layout-flex\">\n\n<figure data-wp-context=\"{&quot;imageId&quot;:&quot;6a9c208164cff&quot;}\" data-wp-interactive=\"core\/image\" data-wp-key=\"6a9c208164cff\" class=\"wp-block-image size-large wp-lightbox-container\"><img decoding=\"async\" width=\"1600\" height=\"2400\" data-wp-class--hide=\"state.isContentHidden\" data-wp-class--show=\"state.isContentVisible\" data-wp-init=\"callbacks.setButtonStyles\" data-wp-on--click=\"actions.showLightbox\" data-wp-on--load=\"callbacks.setButtonStyles\" data-wp-on--pointerdown=\"actions.preloadImage\" data-wp-on--pointerenter=\"actions.preloadImageWithDelay\" data-wp-on--pointerleave=\"actions.cancelPreload\" data-wp-on-window--resize=\"callbacks.setButtonStyles\" data-id=\"407066\" src=\"https:\/\/loudavymkrokem.cz\/wp-content\/uploads\/2026\/08\/altstadt-vienna-an-slh-hotel-2.jpg\" alt=\"H\u00e1l\u00f3szoba az Altstadt Vienn\u00e1ban\" class=\"wp-image-407066\" title=\"\" srcset=\"https:\/\/loudavymkrokem.cz\/wp-content\/uploads\/2026\/08\/altstadt-vienna-an-slh-hotel-2.jpg 1600w, https:\/\/loudavymkrokem.cz\/wp-content\/uploads\/2026\/08\/altstadt-vienna-an-slh-hotel-2-200x300.jpg 200w, https:\/\/loudavymkrokem.cz\/wp-content\/uploads\/2026\/08\/altstadt-vienna-an-slh-hotel-2-700x1050.jpg 700w, https:\/\/loudavymkrokem.cz\/wp-content\/uploads\/2026\/08\/altstadt-vienna-an-slh-hotel-2-768x1152.jpg 768w, https:\/\/loudavymkrokem.cz\/wp-content\/uploads\/2026\/08\/altstadt-vienna-an-slh-hotel-2-1024x1536.jpg 1024w, https:\/\/loudavymkrokem.cz\/wp-content\/uploads\/2026\/08\/altstadt-vienna-an-slh-hotel-2-1365x2048.jpg 1365w, https:\/\/loudavymkrokem.cz\/wp-content\/uploads\/2026\/08\/altstadt-vienna-an-slh-hotel-2-696x1044.jpg 696w, https:\/\/loudavymkrokem.cz\/wp-content\/uploads\/2026\/08\/altstadt-vienna-an-slh-hotel-2-1392x2088.jpg 1392w\" sizes=\"(max-width: 1600px) 100vw, 1600px\" \/><button\n\t\t\tclass=\"lightbox-trigger\"\n\t\t\ttype=\"button\"\n\t\t\taria-haspopup=\"dialog\"\n\t\t\tdata-wp-bind--aria-label=\"state.thisImage.triggerButtonAriaLabel\"\n\t\t\tdata-wp-init=\"callbacks.initTriggerButton\"\n\t\t\tdata-wp-on--click=\"actions.showLightbox\"\n\t\t\tdata-wp-style--right=\"state.thisImage.buttonRight\"\n\t\t\tdata-wp-style--top=\"state.thisImage.buttonTop\"\n\t\t>\n\t\t\t<svg xmlns=\"http:\/\/www.w3.org\/2000\/svg\" width=\"12\" height=\"12\" fill=\"none\" viewBox=\"0 0 12 12\">\n\t\t\t\t<path fill=\"#fff\" d=\"M2 0a2 2 0 0 0-2 2v2h1.5V2a.5.5 0 0 1 .5-.5h2V0H2Zm2 10.5H2a.5.5 0 0 1-.5-.5V8H0v2a2 2 0 0 0 2 2h2v-1.5ZM8 12v-1.5h2a.5.5 0 0 0 .5-.5V8H12v2a2 2 0 0 1-2 2H8Zm2-12a2 2 0 0 1 2 2v2h-1.5V2a.5.5 0 0 0-.5-.5H8V0h2Z\" \/>\n\t\t\t<\/svg>\n\t\t<\/button><figcaption class=\"wp-element-caption\">Foto: Altstadt Vienna \/ ofici\u00e1ln\u00ed web<\/figcaption><\/figure>\n\n\n<figure data-wp-context=\"{&quot;imageId&quot;:&quot;6a9c208165137&quot;}\" data-wp-interactive=\"core\/image\" data-wp-key=\"6a9c208165137\" class=\"wp-block-image size-large wp-lightbox-container\"><img decoding=\"async\" width=\"1800\" height=\"1350\" data-wp-class--hide=\"state.isContentHidden\" data-wp-class--show=\"state.isContentVisible\" data-wp-init=\"callbacks.setButtonStyles\" data-wp-on--click=\"actions.showLightbox\" data-wp-on--load=\"callbacks.setButtonStyles\" data-wp-on--pointerdown=\"actions.preloadImage\" data-wp-on--pointerenter=\"actions.preloadImageWithDelay\" data-wp-on--pointerleave=\"actions.cancelPreload\" data-wp-on-window--resize=\"callbacks.setButtonStyles\" data-id=\"407069\" src=\"https:\/\/loudavymkrokem.cz\/wp-content\/uploads\/2026\/08\/altstadt-vienna-an-slh-hotel-3.jpg\" alt=\"Az Altstadt Vienna bels\u0151 tere\" class=\"wp-image-407069\" title=\"\" srcset=\"https:\/\/loudavymkrokem.cz\/wp-content\/uploads\/2026\/08\/altstadt-vienna-an-slh-hotel-3.jpg 1800w, https:\/\/loudavymkrokem.cz\/wp-content\/uploads\/2026\/08\/altstadt-vienna-an-slh-hotel-3-300x225.jpg 300w, https:\/\/loudavymkrokem.cz\/wp-content\/uploads\/2026\/08\/altstadt-vienna-an-slh-hotel-3-700x525.jpg 700w, https:\/\/loudavymkrokem.cz\/wp-content\/uploads\/2026\/08\/altstadt-vienna-an-slh-hotel-3-768x576.jpg 768w, https:\/\/loudavymkrokem.cz\/wp-content\/uploads\/2026\/08\/altstadt-vienna-an-slh-hotel-3-1536x1152.jpg 1536w, https:\/\/loudavymkrokem.cz\/wp-content\/uploads\/2026\/08\/altstadt-vienna-an-slh-hotel-3-80x60.jpg 80w, https:\/\/loudavymkrokem.cz\/wp-content\/uploads\/2026\/08\/altstadt-vienna-an-slh-hotel-3-160x120.jpg 160w, https:\/\/loudavymkrokem.cz\/wp-content\/uploads\/2026\/08\/altstadt-vienna-an-slh-hotel-3-696x522.jpg 696w, https:\/\/loudavymkrokem.cz\/wp-content\/uploads\/2026\/08\/altstadt-vienna-an-slh-hotel-3-1392x1044.jpg 1392w\" sizes=\"(max-width: 1800px) 100vw, 1800px\" \/><button\n\t\t\tclass=\"lightbox-trigger\"\n\t\t\ttype=\"button\"\n\t\t\taria-haspopup=\"dialog\"\n\t\t\tdata-wp-bind--aria-label=\"state.thisImage.triggerButtonAriaLabel\"\n\t\t\tdata-wp-init=\"callbacks.initTriggerButton\"\n\t\t\tdata-wp-on--click=\"actions.showLightbox\"\n\t\t\tdata-wp-style--right=\"state.thisImage.buttonRight\"\n\t\t\tdata-wp-style--top=\"state.thisImage.buttonTop\"\n\t\t>\n\t\t\t<svg xmlns=\"http:\/\/www.w3.org\/2000\/svg\" width=\"12\" height=\"12\" fill=\"none\" viewBox=\"0 0 12 12\">\n\t\t\t\t<path fill=\"#fff\" d=\"M2 0a2 2 0 0 0-2 2v2h1.5V2a.5.5 0 0 1 .5-.5h2V0H2Zm2 10.5H2a.5.5 0 0 1-.5-.5V8H0v2a2 2 0 0 0 2 2h2v-1.5ZM8 12v-1.5h2a.5.5 0 0 0 .5-.5V8H12v2a2 2 0 0 1-2 2H8Zm2-12a2 2 0 0 1 2 2v2h-1.5V2a.5.5 0 0 0-.5-.5H8V0h2Z\" \/>\n\t\t\t<\/svg>\n\t\t<\/button><figcaption class=\"wp-element-caption\">Foto: Altstadt Vienna \/ ofici\u00e1ln\u00ed web<\/figcaption><\/figure>\n\n<\/figure>\n\n\n\n<p class=\"wp-block-paragraph\">A legnagyobb dics\u00e9retet a v\u00e9lem\u00e9ny\u00e1radatban azonban az itteni fantasztikus reggelik kapj\u00e1k, amelyek eleve benne vannak a sz\u00e1ll\u00e1s alap\u00e1r\u00e1ban. A sz\u00e1lloda maxim\u00e1lisan igazodik minden lehets\u00e9ges di\u00e9t\u00e1s ig\u00e9nyhez, a vend\u00e9gek pedig lelkesen emelik ki els\u0151sorban a <strong>remek glut\u00e9nmentes, veg\u00e1n \u00e9s lakt\u00f3zmentes lehet\u0151s\u00e9geket<\/strong>.<\/p>\n\n\n\n<p class=\"wp-block-paragraph\">Ennek a nagyvonal\u00fa kulin\u00e1ris megk\u00f6zel\u00edt\u00e9snek k\u00f6sz\u00f6nhet\u0151en a sz\u00e1lloda sz\u00f3 szerint <strong>paradicsomm\u00e1 v\u00e1lt minden \u00e9lelmiszer-\u00e9rz\u00e9keny utaz\u00f3 sz\u00e1m\u00e1ra<\/strong>, akiknek m\u00e1shol f\u00e1rads\u00e1gosan kell \u00e9telt keresni\u00fck a sz\u00e1llod\u00e1n k\u00edv\u00fcl. A reggeli b\u00fcf\u00e9 k\u00edn\u00e1lata \u00e1ll\u00edt\u00f3lag verhetetlen.<\/p>\n\n\n\n<p class=\"wp-block-paragraph\">\ud83d\udca1 Tipp: Itt foglalj szob\u00e1t, ha egyszer\u0171en <strong>lelkes sz\u00e1ll\u00e1st, egyed\u00fcl\u00e1ll\u00f3 m\u0171v\u00e9szeti koncepci\u00f3t keresel, \u00e9s sokat adsz a gazdag \u00e9s biztons\u00e1gos reggelikre<\/strong>. Maga a Neubau ker\u00fclet r\u00e1ad\u00e1sul remek negyed a c\u00e9ltalan esti k\u00f3sz\u00e1l\u00e1sra \u00e9s a k\u00e1v\u00e9z\u00f3k felfedez\u00e9s\u00e9re. <em><a href=\"https:\/\/www.stay22.com\/allez\/roam?aid=lukaskonecny&#038;campaign=loudavymkrokemcz&#038;campaign=kde-bydlet-ve-vidni&#038;hotelname=Altstadt%20Vienna&#038;address=V%C3%ADde%C5%88%2C%20Rakousko\" target=\"_blank\" rel=\"nofollow noopener sponsored\">\u00e1rak \u00e9s el\u00e9rhet\u0151s\u00e9g ellen\u0151rz\u00e9se<\/a><\/em><\/p>\n\n\n\n<figure data-wp-context=\"{&quot;imageId&quot;:&quot;6a9c208165824&quot;}\" data-wp-interactive=\"core\/image\" data-wp-key=\"6a9c208165824\" class=\"wp-block-image size-full wp-lightbox-container\"><img decoding=\"async\" width=\"1800\" height=\"1198\" data-wp-class--hide=\"state.isContentHidden\" data-wp-class--show=\"state.isContentVisible\" data-wp-init=\"callbacks.setButtonStyles\" data-wp-on--click=\"actions.showLightbox\" data-wp-on--load=\"callbacks.setButtonStyles\" data-wp-on--pointerdown=\"actions.preloadImage\" data-wp-on--pointerenter=\"actions.preloadImageWithDelay\" data-wp-on--pointerleave=\"actions.cancelPreload\" data-wp-on-window--resize=\"callbacks.setButtonStyles\" src=\"https:\/\/loudavymkrokem.cz\/wp-content\/uploads\/2026\/08\/hotel-beethoven-wien-1.jpg\" alt=\"A Hotel Beethoven lobbyja a Theater an der Wien mellett\" class=\"wp-image-407060\" title=\"\" srcset=\"https:\/\/loudavymkrokem.cz\/wp-content\/uploads\/2026\/08\/hotel-beethoven-wien-1.jpg 1800w, https:\/\/loudavymkrokem.cz\/wp-content\/uploads\/2026\/08\/hotel-beethoven-wien-1-300x200.jpg 300w, https:\/\/loudavymkrokem.cz\/wp-content\/uploads\/2026\/08\/hotel-beethoven-wien-1-700x466.jpg 700w, https:\/\/loudavymkrokem.cz\/wp-content\/uploads\/2026\/08\/hotel-beethoven-wien-1-768x511.jpg 768w, https:\/\/loudavymkrokem.cz\/wp-content\/uploads\/2026\/08\/hotel-beethoven-wien-1-1536x1022.jpg 1536w, https:\/\/loudavymkrokem.cz\/wp-content\/uploads\/2026\/08\/hotel-beethoven-wien-1-696x463.jpg 696w, https:\/\/loudavymkrokem.cz\/wp-content\/uploads\/2026\/08\/hotel-beethoven-wien-1-1392x926.jpg 1392w\" sizes=\"(max-width: 1800px) 100vw, 1800px\" \/><button\n\t\t\tclass=\"lightbox-trigger\"\n\t\t\ttype=\"button\"\n\t\t\taria-haspopup=\"dialog\"\n\t\t\tdata-wp-bind--aria-label=\"state.thisImage.triggerButtonAriaLabel\"\n\t\t\tdata-wp-init=\"callbacks.initTriggerButton\"\n\t\t\tdata-wp-on--click=\"actions.showLightbox\"\n\t\t\tdata-wp-style--right=\"state.thisImage.buttonRight\"\n\t\t\tdata-wp-style--top=\"state.thisImage.buttonTop\"\n\t\t>\n\t\t\t<svg xmlns=\"http:\/\/www.w3.org\/2000\/svg\" width=\"12\" height=\"12\" fill=\"none\" viewBox=\"0 0 12 12\">\n\t\t\t\t<path fill=\"#fff\" d=\"M2 0a2 2 0 0 0-2 2v2h1.5V2a.5.5 0 0 1 .5-.5h2V0H2Zm2 10.5H2a.5.5 0 0 1-.5-.5V8H0v2a2 2 0 0 0 2 2h2v-1.5ZM8 12v-1.5h2a.5.5 0 0 0 .5-.5V8H12v2a2 2 0 0 1-2 2H8Zm2-12a2 2 0 0 1 2 2v2h-1.5V2a.5.5 0 0 0-.5-.5H8V0h2Z\" \/>\n\t\t\t<\/svg>\n\t\t<\/button><figcaption class=\"wp-element-caption\">Foto: Hotel Beethoven Wien \/ ofici\u00e1ln\u00ed web<\/figcaption><\/figure>\n\n\n\n<h3 class=\"wp-block-heading\"><span class=\"ez-toc-section\" id=\"12_Hotel_Beethoven_Wien\"><\/span>12. Hotel Beethoven Wien<span class=\"ez-toc-section-end\"><\/span><\/h3>\n\n\n\n<p class=\"wp-block-paragraph\">Ez a nagyon eleg\u00e1ns csal\u00e1di sz\u00e1lloda gy\u00f6ny\u00f6r\u0171 <strong>4,7-es \u00e9rt\u00e9kel\u00e9ssel 776 v\u00e9lem\u00e9ny alapj\u00e1n<\/strong> csak n\u00e9h\u00e1ny l\u00e9p\u00e9sre tal\u00e1lhat\u00f3 a ny\u00fczsg\u0151 Naschmarkt piact\u00f3l \u00e9s a Theater an der Wien sz\u00ednh\u00e1zt\u00f3l. A hatemeletes t\u00f6rt\u00e9nelmi \u00e9p\u00fclet nagyon lelem\u00e9nyesen, tematikusan van kialak\u00edtva, \u00e9s minden emelete kicsit m\u00e1s t\u00f6rt\u00e9netet mes\u00e9l el a gazdag b\u00e9csi t\u00f6rt\u00e9nelemb\u0151l.<\/p>\n\n\n\n<p class=\"wp-block-paragraph\">A l\u00e1togat\u00f3k az \u00e9rt\u00e9kel\u00e9sekben nagyon dics\u00e9rik az ingyenes d\u00e9lut\u00e1ni te\u00e1t \u00e9s a kiv\u00e1l\u00f3 k\u00e1v\u00e9t, amelyet a gy\u00f6ny\u00f6r\u0171 sz\u00e1llodai szalonban szolg\u00e1lnak fel. <strong>Eml\u00edtik a szob\u00e1k v\u00e1ratlanul remek hangszigetel\u00e9s\u00e9t is<\/strong>, amely a vend\u00e9geknek zavartalan alv\u00e1st garant\u00e1l a belv\u00e1ros k\u00f6zel\u00e9ben is.<\/p>\n\n\n\n<p class=\"wp-block-paragraph\">A hangulat itt \u00f6sszess\u00e9g\u00e9ben nagyon meghitt \u00e9s bar\u00e1ts\u00e1gos. <strong>Az itteni szem\u00e9lyzet nagyon j\u00f3l ismeri a k\u00f6rny\u00e9ket, \u00e9s k\u00e9szs\u00e9gesen tan\u00e1csot ad a legjobb \u00e9ttermek kiv\u00e1laszt\u00e1s\u00e1hoz<\/strong>, \u00edgy elker\u00fcl\u00f6d a klasszikus turistacsapd\u00e1kat.<\/p>\n\n\n\n<p class=\"wp-block-paragraph\">\ud83d\udca1 Tipp: Teljesen remek hely <strong>minden kult\u00fara- \u00e9s j\u00f3 \u00e9telszeret\u0151nek<\/strong>. Maga a Naschmarkt piac melletti fekv\u00e9s megb\u00edzhat\u00f3an biztos\u00edtja a legjobb gasztron\u00f3miai \u00e9lm\u00e9nyek mindennapi adagj\u00e1t a sarkon t\u00fal. <em><a href=\"https:\/\/www.stay22.com\/allez\/roam?aid=lukaskonecny&#038;campaign=loudavymkrokemcz&#038;campaign=kde-bydlet-ve-vidni&#038;hotelname=Hotel%20Beethoven%20Wien&#038;address=V%C3%ADde%C5%88%2C%20Rakousko\" target=\"_blank\" rel=\"nofollow noopener sponsored\">\u00e1rak \u00e9s el\u00e9rhet\u0151s\u00e9g ellen\u0151rz\u00e9se<\/a><\/em><\/p>\n\n\n\n<figure data-wp-context=\"{&quot;imageId&quot;:&quot;6a9c208165d2a&quot;}\" data-wp-interactive=\"core\/image\" data-wp-key=\"6a9c208165d2a\" class=\"wp-block-image size-full wp-lightbox-container\"><img decoding=\"async\" width=\"1800\" height=\"1199\" data-wp-class--hide=\"state.isContentHidden\" data-wp-class--show=\"state.isContentVisible\" data-wp-init=\"callbacks.setButtonStyles\" data-wp-on--click=\"actions.showLightbox\" data-wp-on--load=\"callbacks.setButtonStyles\" data-wp-on--pointerdown=\"actions.preloadImage\" data-wp-on--pointerenter=\"actions.preloadImageWithDelay\" data-wp-on--pointerleave=\"actions.cancelPreload\" data-wp-on-window--resize=\"callbacks.setButtonStyles\" src=\"https:\/\/loudavymkrokem.cz\/wp-content\/uploads\/2026\/08\/magdas-hotel-vienna-city-1.jpg\" alt=\"A magdas sz\u00e1lloda recepci\u00f3ja, amely menek\u00fclttapasztalattal rendelkez\u0151 embereket foglalkoztat\" class=\"wp-image-407055\" title=\"\" srcset=\"https:\/\/loudavymkrokem.cz\/wp-content\/uploads\/2026\/08\/magdas-hotel-vienna-city-1.jpg 1800w, https:\/\/loudavymkrokem.cz\/wp-content\/uploads\/2026\/08\/magdas-hotel-vienna-city-1-300x200.jpg 300w, https:\/\/loudavymkrokem.cz\/wp-content\/uploads\/2026\/08\/magdas-hotel-vienna-city-1-700x466.jpg 700w, https:\/\/loudavymkrokem.cz\/wp-content\/uploads\/2026\/08\/magdas-hotel-vienna-city-1-768x512.jpg 768w, https:\/\/loudavymkrokem.cz\/wp-content\/uploads\/2026\/08\/magdas-hotel-vienna-city-1-1536x1023.jpg 1536w, https:\/\/loudavymkrokem.cz\/wp-content\/uploads\/2026\/08\/magdas-hotel-vienna-city-1-696x464.jpg 696w, https:\/\/loudavymkrokem.cz\/wp-content\/uploads\/2026\/08\/magdas-hotel-vienna-city-1-1392x927.jpg 1392w\" sizes=\"(max-width: 1800px) 100vw, 1800px\" \/><button\n\t\t\tclass=\"lightbox-trigger\"\n\t\t\ttype=\"button\"\n\t\t\taria-haspopup=\"dialog\"\n\t\t\tdata-wp-bind--aria-label=\"state.thisImage.triggerButtonAriaLabel\"\n\t\t\tdata-wp-init=\"callbacks.initTriggerButton\"\n\t\t\tdata-wp-on--click=\"actions.showLightbox\"\n\t\t\tdata-wp-style--right=\"state.thisImage.buttonRight\"\n\t\t\tdata-wp-style--top=\"state.thisImage.buttonTop\"\n\t\t>\n\t\t\t<svg xmlns=\"http:\/\/www.w3.org\/2000\/svg\" width=\"12\" height=\"12\" fill=\"none\" viewBox=\"0 0 12 12\">\n\t\t\t\t<path fill=\"#fff\" d=\"M2 0a2 2 0 0 0-2 2v2h1.5V2a.5.5 0 0 1 .5-.5h2V0H2Zm2 10.5H2a.5.5 0 0 1-.5-.5V8H0v2a2 2 0 0 0 2 2h2v-1.5ZM8 12v-1.5h2a.5.5 0 0 0 .5-.5V8H12v2a2 2 0 0 1-2 2H8Zm2-12a2 2 0 0 1 2 2v2h-1.5V2a.5.5 0 0 0-.5-.5H8V0h2Z\" \/>\n\t\t\t<\/svg>\n\t\t<\/button><figcaption class=\"wp-element-caption\">Foto: magdas HOTEL \/ ofici\u00e1ln\u00ed web<\/figcaption><\/figure>\n\n\n\n<h3 class=\"wp-block-heading\"><span class=\"ez-toc-section\" id=\"13_magdas_HOTEL_Vienna_City\"><\/span>13. magdas HOTEL Vienna City<span class=\"ez-toc-section-end\"><\/span><\/h3>\n\n\n\n<p class=\"wp-block-paragraph\">Ez a rendk\u00edv\u00fcli sz\u00e1lloda nemcsak egy egyszer\u0171 hely az alv\u00e1shoz, hanem els\u0151sorban egy hatalmas sz\u00edvvel m\u0171k\u00f6d\u0151 projekt. A <strong>4,7-es \u00e9rt\u00e9kel\u00e9s\u00e9vel 578 v\u00e9lem\u00e9ny alapj\u00e1n<\/strong> teljesen kiv\u00e9teles szoci\u00e1lis v\u00e1llalkoz\u00e1sr\u00f3l van sz\u00f3, amely c\u00e9lzottan <strong>menek\u00fclttapasztalattal rendelkez\u0151 embereket foglalkoztat<\/strong>, \u00e9s akt\u00edvan seg\u00edti \u0151ket a t\u00e1rsadalmi beilleszked\u00e9sben.<\/p>\n\n\n\n<figure data-wp-context=\"{&quot;galleryId&quot;:&quot;6a9c208165ed6&quot;}\" data-wp-interactive=\"core\/gallery\" class=\"wp-block-gallery has-nested-images columns-2 is-cropped wp-block-gallery-is-layout-flex wp-block-gallery-7 is-layout-flex\">\n\n<figure data-wp-context=\"{&quot;imageId&quot;:&quot;6a9c208166164&quot;}\" data-wp-interactive=\"core\/image\" data-wp-key=\"6a9c208166164\" class=\"wp-block-image size-large wp-lightbox-container\"><img decoding=\"async\" width=\"1263\" height=\"1800\" data-wp-class--hide=\"state.isContentHidden\" data-wp-class--show=\"state.isContentVisible\" data-wp-init=\"callbacks.setButtonStyles\" data-wp-on--click=\"actions.showLightbox\" data-wp-on--load=\"callbacks.setButtonStyles\" data-wp-on--pointerdown=\"actions.preloadImage\" data-wp-on--pointerenter=\"actions.preloadImageWithDelay\" data-wp-on--pointerleave=\"actions.cancelPreload\" data-wp-on-window--resize=\"callbacks.setButtonStyles\" data-id=\"407058\" src=\"https:\/\/loudavymkrokem.cz\/wp-content\/uploads\/2026\/08\/magdas-hotel-vienna-city-3.jpg\" alt=\"Szoba a magdas sz\u00e1llod\u00e1ban\" class=\"wp-image-407058\" title=\"\" srcset=\"https:\/\/loudavymkrokem.cz\/wp-content\/uploads\/2026\/08\/magdas-hotel-vienna-city-3.jpg 1263w, https:\/\/loudavymkrokem.cz\/wp-content\/uploads\/2026\/08\/magdas-hotel-vienna-city-3-211x300.jpg 211w, https:\/\/loudavymkrokem.cz\/wp-content\/uploads\/2026\/08\/magdas-hotel-vienna-city-3-700x998.jpg 700w, https:\/\/loudavymkrokem.cz\/wp-content\/uploads\/2026\/08\/magdas-hotel-vienna-city-3-768x1095.jpg 768w, https:\/\/loudavymkrokem.cz\/wp-content\/uploads\/2026\/08\/magdas-hotel-vienna-city-3-1078x1536.jpg 1078w, https:\/\/loudavymkrokem.cz\/wp-content\/uploads\/2026\/08\/magdas-hotel-vienna-city-3-696x992.jpg 696w\" sizes=\"(max-width: 1263px) 100vw, 1263px\" \/><button\n\t\t\tclass=\"lightbox-trigger\"\n\t\t\ttype=\"button\"\n\t\t\taria-haspopup=\"dialog\"\n\t\t\tdata-wp-bind--aria-label=\"state.thisImage.triggerButtonAriaLabel\"\n\t\t\tdata-wp-init=\"callbacks.initTriggerButton\"\n\t\t\tdata-wp-on--click=\"actions.showLightbox\"\n\t\t\tdata-wp-style--right=\"state.thisImage.buttonRight\"\n\t\t\tdata-wp-style--top=\"state.thisImage.buttonTop\"\n\t\t>\n\t\t\t<svg xmlns=\"http:\/\/www.w3.org\/2000\/svg\" width=\"12\" height=\"12\" fill=\"none\" viewBox=\"0 0 12 12\">\n\t\t\t\t<path fill=\"#fff\" d=\"M2 0a2 2 0 0 0-2 2v2h1.5V2a.5.5 0 0 1 .5-.5h2V0H2Zm2 10.5H2a.5.5 0 0 1-.5-.5V8H0v2a2 2 0 0 0 2 2h2v-1.5ZM8 12v-1.5h2a.5.5 0 0 0 .5-.5V8H12v2a2 2 0 0 1-2 2H8Zm2-12a2 2 0 0 1 2 2v2h-1.5V2a.5.5 0 0 0-.5-.5H8V0h2Z\" \/>\n\t\t\t<\/svg>\n\t\t<\/button><figcaption class=\"wp-element-caption\">Foto: magdas HOTEL \/ ofici\u00e1ln\u00ed web<\/figcaption><\/figure>\n\n<\/figure>\n\n\n\n<p class=\"wp-block-paragraph\">A sz\u00e1lloda egy <strong>gy\u00f6ny\u00f6r\u0171 retr\u00f3 \u00e9p\u00fcletben<\/strong> tal\u00e1lhat\u00f3 a hatvanas \u00e9vekb\u0151l, amelyet az \u00e9p\u00edt\u00e9szek nagyon \u00e9rz\u00e9kenyen \u00e9s modern\u00fcl \u00faj\u00edtottak fel. A tapasztalt utaz\u00f3k itt f\u0151leg az okosan \u00fajrahasznos\u00edtott b\u00fatorokat, a <strong>gy\u00f6ny\u00f6r\u0171, nyugodt kertet<\/strong> \u00e9s az eg\u00e9sz t\u00e9r \u00f6sszess\u00e9g\u00e9ben fesztelen vizu\u00e1lis st\u00edlus\u00e1t szeretik.<\/p>\n\n\n\n<p class=\"wp-block-paragraph\">Amit a vend\u00e9gek a leggyakrabban eml\u00edtenek, az a <strong>hihetetlen\u00fcl sz\u00edv\u00e9lyes \u00e9s autentikus hangulat<\/strong>, amelyet a sz\u00f3 szerint az eg\u00e9sz vil\u00e1gr\u00f3l \u00e9rkez\u0151 sz\u00ednes szem\u00e9lyzet teremt itt. A csapat minden tagj\u00e1nak megvan a saj\u00e1t t\u00f6rt\u00e9nete, ami eg\u00e9szen \u00faj m\u00e9lys\u00e9get \u00e9s emberi dimenzi\u00f3t ad a tart\u00f3zkod\u00e1snak.<\/p>\n\n\n\n<p class=\"wp-block-paragraph\">\ud83d\udca1 Tipp: A magdasban v\u00e1lassz sz\u00e1ll\u00e1st, ha igaz\u00e1n szeretn\u00e9d, hogy a <strong>nyaral\u00e1sra ford\u00edtott p\u00e9nzed k\u00f6zvetlen\u00fcl egy \u00e9rtelmes, j\u00f3 \u00fcgyet t\u00e1mogasson<\/strong>. Nemcsak remek, tiszta szob\u00e1t kapsz, hanem sz\u00e9p \u00e9rz\u00e9st is a k\u00e9zzelfoghat\u00f3 t\u00e1mogat\u00e1sb\u00f3l, amely val\u00f3ban jobb\u00e1 tesz emberi \u00e9leteket. <em><a href=\"https:\/\/www.stay22.com\/allez\/roam?aid=lukaskonecny&#038;campaign=loudavymkrokemcz&#038;campaign=kde-bydlet-ve-vidni&#038;hotelname=magdas%20HOTEL%20Vienna%20City&#038;address=V%C3%ADde%C5%88%2C%20Rakousko\" target=\"_blank\" rel=\"nofollow noopener sponsored\">\u00e1rak \u00e9s el\u00e9rhet\u0151s\u00e9g ellen\u0151rz\u00e9se<\/a><\/em><\/p>\n\n\n\n<figure data-wp-context=\"{&quot;imageId&quot;:&quot;6a9c2081667b9&quot;}\" data-wp-interactive=\"core\/image\" data-wp-key=\"6a9c2081667b9\" class=\"wp-block-image size-full wp-lightbox-container\"><img decoding=\"async\" width=\"1800\" height=\"1193\" data-wp-class--hide=\"state.isContentHidden\" data-wp-class--show=\"state.isContentVisible\" data-wp-init=\"callbacks.setButtonStyles\" data-wp-on--click=\"actions.showLightbox\" data-wp-on--load=\"callbacks.setButtonStyles\" data-wp-on--pointerdown=\"actions.preloadImage\" data-wp-on--pointerenter=\"actions.preloadImageWithDelay\" data-wp-on--pointerleave=\"actions.cancelPreload\" data-wp-on-window--resize=\"callbacks.setButtonStyles\" src=\"https:\/\/loudavymkrokem.cz\/wp-content\/uploads\/2026\/08\/hotel-am-brillantengrund-2.jpg\" alt=\"A Hotel am Brillantengrund udvara egy egykori kolostorban\" class=\"wp-image-407049\" title=\"\" srcset=\"https:\/\/loudavymkrokem.cz\/wp-content\/uploads\/2026\/08\/hotel-am-brillantengrund-2.jpg 1800w, https:\/\/loudavymkrokem.cz\/wp-content\/uploads\/2026\/08\/hotel-am-brillantengrund-2-300x199.jpg 300w, https:\/\/loudavymkrokem.cz\/wp-content\/uploads\/2026\/08\/hotel-am-brillantengrund-2-700x464.jpg 700w, https:\/\/loudavymkrokem.cz\/wp-content\/uploads\/2026\/08\/hotel-am-brillantengrund-2-768x509.jpg 768w, https:\/\/loudavymkrokem.cz\/wp-content\/uploads\/2026\/08\/hotel-am-brillantengrund-2-1536x1018.jpg 1536w, https:\/\/loudavymkrokem.cz\/wp-content\/uploads\/2026\/08\/hotel-am-brillantengrund-2-696x461.jpg 696w, https:\/\/loudavymkrokem.cz\/wp-content\/uploads\/2026\/08\/hotel-am-brillantengrund-2-1392x923.jpg 1392w\" sizes=\"(max-width: 1800px) 100vw, 1800px\" \/><button\n\t\t\tclass=\"lightbox-trigger\"\n\t\t\ttype=\"button\"\n\t\t\taria-haspopup=\"dialog\"\n\t\t\tdata-wp-bind--aria-label=\"state.thisImage.triggerButtonAriaLabel\"\n\t\t\tdata-wp-init=\"callbacks.initTriggerButton\"\n\t\t\tdata-wp-on--click=\"actions.showLightbox\"\n\t\t\tdata-wp-style--right=\"state.thisImage.buttonRight\"\n\t\t\tdata-wp-style--top=\"state.thisImage.buttonTop\"\n\t\t>\n\t\t\t<svg xmlns=\"http:\/\/www.w3.org\/2000\/svg\" width=\"12\" height=\"12\" fill=\"none\" viewBox=\"0 0 12 12\">\n\t\t\t\t<path fill=\"#fff\" d=\"M2 0a2 2 0 0 0-2 2v2h1.5V2a.5.5 0 0 1 .5-.5h2V0H2Zm2 10.5H2a.5.5 0 0 1-.5-.5V8H0v2a2 2 0 0 0 2 2h2v-1.5ZM8 12v-1.5h2a.5.5 0 0 0 .5-.5V8H12v2a2 2 0 0 1-2 2H8Zm2-12a2 2 0 0 1 2 2v2h-1.5V2a.5.5 0 0 0-.5-.5H8V0h2Z\" \/>\n\t\t\t<\/svg>\n\t\t<\/button><figcaption class=\"wp-element-caption\">Foto: Hotel am Brillantengrund \/ ofici\u00e1ln\u00ed web<\/figcaption><\/figure>\n\n\n\n<!-- LKM_GYG_CARD start q=\"vienna\" lang=\"hu\" rendered=\"2026-09-05T12:42:15+00:00\" v=\"1\" -->\n<style id=\"lk-gyg-styles\">\n@import url(\"https:\/\/fonts.googleapis.com\/css2?family=Playfair+Display:wght@700&family=DM+Sans:wght@300;400;500;600&display=swap\");\n\/* === LK GYG karty \u2014 CRO redesign 2026-05 (namespace .lkx-) ===\n   C\u00edl: vy\u0161\u0161\u00ed CTR (hero + v\u00fdrazn\u00fd social proof + ak\u010dn\u00ed CTA, m\u00e9n\u011b \"reklamn\u00ed\").\n   Injektuje se inline do prvn\u00edho markeru postu (refresh_cards.py --inline-css). *\/\n.lkx-module, .lkx-module *{box-sizing:border-box;margin:0;padding:0}\n.lkx-module{\n  font-family:'DM Sans',-apple-system,Segoe UI,Roboto,Georgia,sans-serif;\n  max-width:860px;margin:2.5rem auto;color:#1f2328;\n}\n\n\/* HEADER \u2014 lehk\u00fd editorsk\u00fd, \u017e\u00e1dn\u00fd bannerov\u00fd blok; nadpis + popisek pod n\u00edm *\/\n.lkx-head{margin-bottom:16px}\n.lkx-head-main{display:flex;align-items:center;gap:10px}\n.lkx-head-accent{width:26px;height:3px;border-radius:2px;background:#c39f76;flex-shrink:0}\n.lkx-head-title{font-family:'Playfair Display',Georgia,serif;font-size:21px;font-weight:700;color:#1a1a1a;line-height:1.25}\n.lkx-head-meta{display:block;font-size:11px;letter-spacing:.3px;color:#9aa0a6;margin-top:4px;margin-left:36px}\n\n\/* HERO *\/\n.lkx-hero{display:grid;grid-template-columns:300px 1fr;background:#fff;border:1px solid #ece7df;border-radius:14px;overflow:hidden;text-decoration:none!important;color:inherit;box-shadow:0 6px 20px rgba(0,0,0,.06);transition:box-shadow .2s,transform .2s;margin-bottom:14px}\n.lkx-hero:hover{box-shadow:0 12px 30px rgba(0,0,0,.12);transform:translateY(-2px)}\n.lkx-hero-img{position:relative;min-height:230px;background-size:cover;background-position:center;background-color:#eee}\n.lkx-hero-body{padding:22px 24px;display:flex;flex-direction:column}\n.lkx-pick{position:absolute;top:12px;left:12px;background:#1a1a1a;color:#fff;font-size:11px;font-weight:700;letter-spacing:.5px;padding:5px 11px;border-radius:20px}\n\n\/* TITLE *\/\n.lkx-title{font-size:19px;font-weight:700;color:#161616;line-height:1.3}\n.lkx-title-sm{font-size:14.5px;line-height:1.35;display:-webkit-box;-webkit-line-clamp:2;-webkit-box-orient:vertical;overflow:hidden}\n\n\/* SOCIAL PROOF \u2014 v\u00fdrazn\u011b, naho\u0159e *\/\n.lkx-proof{display:flex;align-items:center;gap:7px;margin-top:12px;font-size:15px;color:#3a3a3a}\n.lkx-proof b{font-size:16px;color:#161616}\n.lkx-stars{color:#f5a623;letter-spacing:1px}\n.lkx-proof-sm{font-size:12.5px;margin-top:8px;gap:5px}\n.lkx-proof-sm b{font-size:13px}\n.lkx-proof-new{color:#3685fc;font-weight:600}\n\n\/* PRICE \u2014 n\u00edzk\u00e1 kotva *\/\n.lkx-price{font-size:14px;color:#6b7280}\n.lkx-price b{font-size:20px;color:#161616;font-weight:700}\n.lkx-price-sm b{font-size:15px}\n\n\/* CTA \u2014 tepl\u00e9 ak\u010dn\u00ed tla\u010d\u00edtko *\/\n.lkx-cta{display:inline-flex;align-items:center;justify-content:center;text-decoration:none!important;font-weight:700;color:#fff!important;background:linear-gradient(135deg,#f6743f,#e8552a);border-radius:10px;box-shadow:0 6px 16px rgba(232,85,42,.32);transition:box-shadow .2s}\n.lkx-cta-hero{font-size:15px;padding:13px 22px}\n.lkx-hero:hover .lkx-cta-hero{box-shadow:0 8px 22px rgba(232,85,42,.45)}\n.lkx-cta-sm{font-size:12.5px;padding:9px 14px;width:100%;margin-top:2px}\n.lkx-hero-bottom{margin-top:auto;padding-top:18px;display:flex;align-items:center;justify-content:space-between;gap:14px;flex-wrap:wrap}\n\n\/* BADGE \u2014 jeden v\u00fdrazn\u00fd na fotce *\/\n.lkx-badge{position:absolute;top:12px;right:12px;font-size:10.5px;font-weight:700;letter-spacing:.3px;padding:5px 10px;border-radius:16px;color:#fff}\n.lkx-badge.badge-urgency{background:rgba(214,40,40,.92)}\n.lkx-badge.badge-new{background:rgba(54,133,252,.92)}\n.lkx-badge.badge-top{background:rgba(195,159,118,.95)}\n.lkx-badge.badge-info{background:rgba(40,40,40,.78)}\n\n\/* SECONDARY GRID *\/\n.lkx-grid{display:grid;grid-template-columns:1fr 1fr;gap:14px}\n.lkx-card{background:#fff;border:1px solid #ece7df;border-radius:14px;overflow:hidden;text-decoration:none!important;color:inherit;box-shadow:0 4px 14px rgba(0,0,0,.05);display:flex;flex-direction:column;transition:box-shadow .2s,transform .2s}\n.lkx-card:hover{box-shadow:0 10px 24px rgba(0,0,0,.1);transform:translateY(-2px)}\n.lkx-card-img{position:relative;aspect-ratio:16\/10;background-size:cover;background-position:center;background-color:#eee}\n.lkx-card-body{padding:14px 16px 16px;display:flex;flex-direction:column;gap:7px;flex:1}\n.lkx-card-bottom{margin-top:auto;padding-top:10px;display:flex;align-items:center;justify-content:space-between;gap:8px}\n\n\/* DISCLOSURE \u2014 drobn\u00e1, kv\u016fli d\u016fv\u011b\u0159e\/z\u00e1konu *\/\n.lkx-disclosure{font-size:11px;color:#a7adb3;text-align:center;margin-top:14px;line-height:1.6}\n.lkx-disclosure a{color:#c39f76;text-decoration:none}\n\n@media(max-width:680px){\n  .lkx-hero{grid-template-columns:1fr}\n  .lkx-hero-img{min-height:180px}\n  .lkx-grid{grid-template-columns:1fr}\n  .lkx-head-meta{margin-left:0;width:100%}\n  .lkx-head-title{font-size:19px}\n}\n\n<\/style>\n<div class=\"lkx-module\" data-query=\"vienna\">\n  <div class=\"lkx-head\">\n    <div class=\"lkx-head-main\">\n      <span class=\"lkx-head-accent\"><\/span>\n      <span class=\"lkx-head-title\">\u00c9lm\u00e9nyek \u00e9s bel\u00e9p\u0151jegyek<\/span>\n    <\/div>\n    <span class=\"lkx-head-meta\">utaz\u00f3k \u00e1ltal \u00e9rt\u00e9kelve \u00b7 GetYourGuide<\/span>\n  <\/div><a class=\"lkx-hero\" href=\"https:\/\/www.getyourguide.com\/hu-hu\/becs-l7\/becs-egynapos-kirandulas-hallstattba-hajokirandulasi-lehetoseggel-t316897\/?partner_id=MKZ64IS&amp;utm_medium=online_publisher&amp;cmp=becs-szallas-hotelek-keruletek\" target=\"_blank\" rel=\"sponsored noopener nofollow\">\n    <div class=\"lkx-hero-img\" style=\"background-image:url('https:\/\/cdn.getyourguide.com\/img\/tour\/92f5118f9a9df15ca7cc3e201ed23508dda4f7f6a0051cef5af44aef8dbdced4.jpg\/132.jpg')\" role=\"img\" aria-label=\"B\u00e9cs: Egynapos kir\u00e1ndul\u00e1s Hallstattba, opcion\u00e1lisan Skywalkkal\">\n      <span class=\"lkx-pick\">\u2605 A mi tipp\u00fcnk<\/span><\/div>\n    <div class=\"lkx-hero-body\">\n      <div class=\"lkx-title\">B\u00e9cs: Egynapos kir\u00e1ndul\u00e1s Hallstattba, opcion\u00e1lisan Skywalkkal<\/div>\n      <div class=\"lkx-proof\">\n      <span class=\"lkx-stars\">\u2605\u2605\u2605\u2605\u2605<\/span>\n      <b>4.7<\/b> \u00b7 6 937 \u00e9rt\u00e9kel\u00e9s\n    <\/div>\n      <div class=\"lkx-hero-bottom\"><div class=\"lkx-price\">m\u00e1r <b>71\u00a0EUR<\/b><\/div><span class=\"lkx-cta lkx-cta-hero\">Ezt az \u00e9lm\u00e9nyt akarom \u2192<\/span>\n      <\/div>\n    <\/div>\n  <\/a><div class=\"lkx-grid\"><a class=\"lkx-card\" href=\"https:\/\/www.getyourguide.com\/hu-hu\/becs-l7\/becs-burleszk-es-koktelelmeny-a-velenoban-t1463480\/?partner_id=MKZ64IS&amp;utm_medium=online_publisher&amp;cmp=becs-szallas-hotelek-keruletek\" target=\"_blank\" rel=\"sponsored noopener nofollow\">\n      <div class=\"lkx-card-img\" style=\"background-image:url('https:\/\/cdn.getyourguide.com\/img\/tour\/819f2f2c0ed3dea1cb4b76972b711ea8270ab59d364467fe0b149ee392691350.jpg\/132.jpg')\" role=\"img\" aria-label=\"B\u00e9cs: Burleszk- \u00e9s kokt\u00e9l\u00e9lm\u00e9ny a Velen\u00f3ban\"><\/div>\n      <div class=\"lkx-card-body\">\n        <div class=\"lkx-title lkx-title-sm\">B\u00e9cs: Burleszk- \u00e9s kokt\u00e9l\u00e9lm\u00e9ny a Velen\u00f3ban<\/div>\n        <div class=\"lkx-proof lkx-proof-sm\">\n      <span class=\"lkx-stars\">\u2605<\/span>\n      <b>0.0<\/b> \u00b7 0\n    <\/div>\n        <div class=\"lkx-card-bottom\"><span class=\"lkx-price lkx-price-sm\">m\u00e1r <b>59\u00a0EUR<\/b><\/span><span class=\"lkx-cta lkx-cta-sm\">Id\u0151pontok megtekint\u00e9se \u2192<\/span>\n        <\/div>\n      <\/div>\n    <\/a><a class=\"lkx-card\" href=\"https:\/\/www.getyourguide.com\/hu-hu\/becs-l7\/becs-hochosterwitz-var-ausztria-erodje-egynapos-kirandulas-t1242132\/?partner_id=MKZ64IS&amp;utm_medium=online_publisher&amp;cmp=becs-szallas-hotelek-keruletek\" target=\"_blank\" rel=\"sponsored noopener nofollow\">\n      <div class=\"lkx-card-img\" style=\"background-image:url('https:\/\/cdn.getyourguide.com\/img\/tour\/8df491f9cfcc6dcf61dfd534f2b4eb3a1ab69fbba9b849f6287903242c0acfeb.jpg\/132.jpg')\" role=\"img\" aria-label=\"B\u00e9cst\u0151l Hallstattig: Eur\u00f3pa legszebb faluja\"><\/div>\n      <div class=\"lkx-card-body\">\n        <div class=\"lkx-title lkx-title-sm\">B\u00e9cst\u0151l Hallstattig: Eur\u00f3pa legszebb faluja<\/div>\n        <div class=\"lkx-proof lkx-proof-sm\">\n      <span class=\"lkx-stars\">\u2605<\/span>\n      <b>4.7<\/b> \u00b7 146\n    <\/div>\n        <div class=\"lkx-card-bottom\"><span class=\"lkx-price lkx-price-sm\">m\u00e1r <b>55\u00a0EUR<\/b><\/span><span class=\"lkx-cta lkx-cta-sm\">Id\u0151pontok megtekint\u00e9se \u2192<\/span>\n        <\/div>\n      <\/div>\n    <\/a><\/div><div class=\"lkx-disclosure\">\ud83d\udd17 A linkek partnerlinkek \u2014 az \u00e1rat nem v\u00e1ltoztatj\u00e1k, nek\u00fcnk viszont seg\u00edtenek a tartalomk\u00e9sz\u00edt\u00e9sben. \u00b7 <a href=\"https:\/\/www.getyourguide.com\/hu-hu\/s\/?q=vienna&amp;partner_id=MKZ64IS&amp;utm_medium=online_publisher\" target=\"_blank\" rel=\"sponsored noopener nofollow\">\u00d6sszes \u00e9lm\u00e9ny \u2192<\/a><\/div>\n<\/div>\n<!-- LKM_GYG_CARD end -->\n\n\n\n\n<div class=\"lk-stays-module\">\n<style>\n\/* \u2500\u2500\u2500 RESET PRO GUTENBERG \u2500\u2500\u2500 *\/\n.lk-stays-module * { box-sizing: border-box; margin: 0; padding: 0; }\n\n\/* \u2500\u2500\u2500 WRAPPER \u2500\u2500\u2500 *\/\n.lk-stays-module {\n  font-family: 'DM Sans', Georgia, sans-serif;\n  max-width: 100%;\n  margin: 2.5rem auto;\n  background: linear-gradient(135deg, #fdfaf5 0%, #fcf8f0 100%);\n  border: 1px solid #e8dfd4;\n  border-radius: 16px;\n  overflow: hidden;\n  box-shadow: 0 16px 48px rgba(195, 159, 118, 0.25), 0 4px 12px rgba(0,0,0,0.08);\n}\n\n\/* \u2500\u2500\u2500 HEADER \u2500\u2500\u2500 *\/\n.lk-stays-header {\n  position: relative;\n  padding: 24px 36px 24px;\n  background: linear-gradient(135deg, #c39f76 0%, #d4b188 60%, #c39f76 100%);\n  border-bottom: 1px solid rgba(255,255,255,.15);\n  display: flex;\n  align-items: center;\n  gap: 18px;\n}\n.lk-stays-header::before {\n  content: '';\n  position: absolute;\n  inset: 0;\n  background: url(\"data:image\/svg+xml,%3Csvg width='60' height='60' viewBox='0 0 60 60' xmlns='http:\/\/www.w3.org\/2000\/svg'%3E%3Cg fill='none' fill-rule='evenodd'%3E%3Cg fill='%23ffffff' fill-opacity='0.05'%3E%3Cpath d='M36 34v-4h-2v4h-4v2h4v4h2v-4h4v-2h-4zm0-30V0h-2v4h-4v2h4v4h2V6h4V4h-4zM6 34v-4H4v4H0v2h4v4h2v-4h4v-2H6zM6 4V0H4v4H0v2h4v4h2V6h4V4H6z'\/%3E%3C\/g%3E%3C\/g%3E%3C\/svg%3E\") repeat;\n  pointer-events: none;\n}\n.lk-stays-icon {\n  flex-shrink: 0;\n  width: 68px;\n  height: 68px;\n  border-radius: 14px;\n  background: linear-gradient(135deg, #fff 0%, #f9f6f0 100%);\n  display: flex;\n  align-items: center;\n  justify-content: center;\n  font-size: 26px;\n  box-shadow: 0 4px 12px rgba(0,0,0,0.15);\n}\n.lk-stays-eyebrow {\n  font-size: 10px;\n  font-weight: 500;\n  letter-spacing: 2.5px;\n  text-transform: uppercase;\n  color: rgba(255,255,255,.85);\n  margin: 0 0 5px 0;\n}\n.lk-stays-title {\n  font-family: 'Playfair Display', Georgia, serif;\n  font-size: 24px;\n  font-weight: 700;\n  color: #fff;\n  line-height: 1.2;\n  text-shadow: 0 1px 2px rgba(0,0,0,0.1);\n  margin: 0;\n}\n.lk-stays-subtitle {\n  font-size: 13px;\n  color: rgba(255,255,255,.75);\n  margin: 4px 0 0 0;\n  font-weight: 300;\n}\n\n\/* \u2500\u2500\u2500 CARDS GRID \u2500\u2500\u2500 *\/\n.lk-stays-grid {\n  display: grid;\n  grid-template-columns: 1fr 1fr;\n  gap: 1px;\n  background: rgba(195, 159, 118, 0.12);\n}\n\n\/* \u2500\u2500\u2500 SINGLE CARD \u2500\u2500\u2500 *\/\n.lk-stay-card {\n  background: #ffffff;\n  padding: 26px;\n  display: flex;\n  flex-direction: column;\n  gap: 11px;\n  transition: all 0.3s ease;\n  text-decoration: none;\n  color: inherit;\n  position: relative;\n}\n.lk-stay-card:hover {\n  background: #fffbf5;\n  transform: translateY(-2px);\n  box-shadow: 0 8px 24px rgba(195, 159, 118, 0.18);\n  z-index: 1;\n}\n.lk-stay-card.featured {\n  background: linear-gradient(135deg, #fffdf9 0%, #fff9f0 100%);\n  box-shadow: 0 4px 16px rgba(195, 159, 118, 0.15), inset 0 1px 0 rgba(195, 159, 118, 0.1);\n}\n.lk-stay-card.featured:hover {\n  background: linear-gradient(135deg, #fffbf5 0%, #fff8ed 100%);\n  box-shadow: 0 8px 24px rgba(195, 159, 118, 0.25), inset 0 1px 0 rgba(195, 159, 118, 0.15);\n}\n\n.lk-stay-badge {\n  display: inline-flex;\n  align-items: center;\n  gap: 5px;\n  font-size: 10px;\n  font-weight: 500;\n  letter-spacing: 1.5px;\n  text-transform: uppercase;\n  padding: 5px 11px;\n  border-radius: 20px;\n  width: fit-content;\n}\n.badge-top     { background: linear-gradient(135deg, #c39f76 0%, #d4b188 100%); color: #fff; border: 1px solid #c39f76; font-weight: 600; box-shadow: 0 2px 8px rgba(195,159,118,0.3); }\n.badge-luxury  { background: rgba(195,159,118,.12); color: #c39f76; border: 1px solid rgba(195,159,118,.25); }\n.badge-boutique{ background: rgba(54,133,252,.08); color: #3685fc; border: 1px solid rgba(54,133,252,.2); }\n.badge-nature  { background: rgba(130,190,100,.1); color: #6b9c4a; border: 1px solid rgba(130,190,100,.2); }\n.badge-remote  { background: rgba(195,159,118,.12); color: #a67e50; border: 1px solid rgba(195,159,118,.25); }\n\n.lk-stay-name {\n  font-family: 'Playfair Display', Georgia, serif;\n  font-size: 18px;\n  font-weight: 700;\n  color: #111827;\n  line-height: 1.3;\n}\n.lk-stay-desc {\n  font-size: 13.5px;\n  color: #525252;\n  line-height: 1.65;\n  font-weight: 300;\n  flex: 1;\n}\n\n.lk-stay-meta {\n  display: flex;\n  align-items: center;\n  gap: 12px;\n  flex-wrap: wrap;\n  margin-top: 4px;\n}\n.lk-stay-price {\n  font-size: 13px;\n  color: #6b7280;\n}\n.lk-stay-price strong {\n  color: #c39f76;\n  font-weight: 500;\n}\n.lk-stay-stars {\n  color: #c39f76;\n  font-size: 11px;\n  letter-spacing: 1px;\n}\n\n\/* \u2500\u2500\u2500 CTA BUTTON \u2500\u2500\u2500 *\/\n.lk-stay-cta {\n  display: inline-flex;\n  align-items: center;\n  justify-content: center;\n  gap: 7px;\n  margin-top: 8px;\n  padding: 11px 20px;\n  border-radius: 8px;\n  background: linear-gradient(135deg, #3685fc 0%, #2a6fd9 100%);\n  color: #fff;\n  font-size: 13px;\n  font-weight: 500;\n  text-decoration: none;\n  letter-spacing: .3px;\n  transition: all .2s ease;\n  cursor: pointer;\n  border: none;\n  text-align: center;\n  box-shadow: 0 4px 12px rgba(54, 133, 252, 0.25);\n}\n.lk-stay-cta:hover {\n  background: linear-gradient(135deg, #2a6fd9 0%, #1e5bc4 100%);\n  transform: translateY(-1px);\n  box-shadow: 0 6px 16px rgba(54, 133, 252, 0.35);\n}\n.lk-stay-cta svg { flex-shrink: 0; }\n\n\/* \u2500\u2500\u2500 FOOTER \u2500\u2500\u2500 *\/\n.lk-stays-footer {\n  padding: 18px 36px;\n  background: linear-gradient(to bottom, #fdfaf5 0%, #f9f4ed 100%);\n  border-top: 1px solid rgba(195, 159, 118, 0.15);\n  display: flex;\n  align-items: center;\n  justify-content: space-between;\n  flex-wrap: wrap;\n  gap: 12px;\n}\n.lk-stays-footer-note {\n  font-size: 11.5px;\n  color: #6b7280;\n  font-weight: 300;\n  line-height: 1.5;\n}\n.lk-stays-footer-note a {\n  color: #c39f76;\n  text-decoration: none;\n  font-weight: 400;\n}\n.lk-stays-footer-note a:hover {\n  text-decoration: underline;\n}\n.lk-stays-all-btn {\n  display: inline-flex;\n  align-items: center;\n  gap: 6px;\n  font-size: 12.5px;\n  font-weight: 500;\n  color: #c39f76;\n  text-decoration: none;\n  border: 1px solid rgba(195, 159, 118, 0.35);\n  padding: 8px 18px;\n  border-radius: 8px;\n  transition: all .2s ease;\n}\n.lk-stays-all-btn:hover {\n  background: rgba(195, 159, 118, 0.08);\n  border-color: rgba(195, 159, 118, 0.5);\n}\n\n\/* \u2500\u2500\u2500 RESPONSIVE \u2500\u2500\u2500 *\/\n@media (max-width: 600px) {\n  .lk-stays-grid { grid-template-columns: 1fr; }\n  .lk-stays-header { padding: 24px 20px; }\n  .lk-stays-footer { padding: 16px 20px; }\n  .lk-stay-card { padding: 22px; }\n  .lk-stays-title { font-size: 20px; }\n}\n<\/style>\n\n  <!-- HEADER -->\n  <div class=\"lk-stays-header\">\n    <img decoding=\"async\" src=\"https:\/\/loudavymkrokem.cz\/wp-content\/uploads\/2026\/02\/lukas-a-lucka.jpg\" alt=\"\" style=\"width: 75px; height: 75px; border-radius: 8px; flex-shrink: 0; object-fit: cover; display: block; margin: 4px 0;\" title=\"\">\n    <div class=\"lk-stays-header-text\">\n      <div class=\"lk-stays-eyebrow\">Luk\u00e1\u0161 \u00e9s Lucie aj\u00e1nlj\u00e1k<\/div>\n      <div class=\"lk-stays-title\">Hol sz\u00e1lljon meg B\u00e9csben<\/div>\n      <div class=\"lk-stays-subtitle\">6 sz\u00e1ll\u00e1shely \u2014 wellness hotelek \u00e9s egy\u00e9b sz\u00e1ll\u00e1slehet\u0151s\u00e9gek<\/div>\n    <\/div>\n  <\/div>\n\n  <!-- CARDS -->\n  <div class=\"lk-stays-grid\">\n\n    <a class=\"lk-stay-card featured\" href=\"https:\/\/www.stay22.com\/allez\/roam?aid=lukaskonecny&#038;campaign=loudavymkrokemcz&#038;campaign=hu&#038;campaign=kde-bydlet-ve-vidni&#038;hotelname=Hotel%20Sacher%20Vienna&#038;address=V%C3%ADde%C5%88%2C%20Rakousko\" target=\"_blank\" rel=\"nofollow noopener\">\n      <span class=\"lk-stay-badge badge-top\">\u2b50 TOP V\u00c1LASZT\u00c1S<\/span>\n      <span class=\"lk-stay-badge badge-nature\">\u2b50 Luxus<\/span>\n      <div class=\"lk-stay-name\">Hotel Sacher Vienna<\/div>\n      <div class=\"lk-stay-desc\">Legend\u00e1s \u00f6tcsillagos hotel 1876-b\u00f3l, k\u00f6zvetlen\u00fcl az oper\u00e1val szemben, abszol\u00fat luxussal \u00e9s az eredeti Sachertorte-val.<\/div>\n      <div class=\"lk-stay-meta\">\n        <span class=\"lk-stay-stars\">\u2605\u2605\u2605\u2605\u2605<\/span>\n        <span class=\"lk-stay-price\">\u00c1rak ellen\u0151rz\u00e9se<\/span>\n      <\/div>\n      <span class=\"lk-stay-cta\">\n        <svg width=\"14\" height=\"14\" viewBox=\"0 0 24 24\" fill=\"none\" stroke=\"currentColor\" stroke-width=\"2\"><path d=\"M18 13v6a2 2 0 0 1-2 2H5a2 2 0 0 1-2-2V8a2 2 0 0 1 2-2h6\"\/><polyline points=\"15 3 21 3 21 9\"\/><line x1=\"10\" y1=\"14\" x2=\"21\" y2=\"3\"\/><\/svg>\n        Ellen\u0151rizd az el\u00e9rhet\u0151s\u00e9get\n      <\/span>\n    <\/a>\n\n    <a class=\"lk-stay-card\" href=\"https:\/\/www.stay22.com\/allez\/roam?aid=lukaskonecny&#038;campaign=loudavymkrokemcz&#038;campaign=hu&#038;campaign=kde-bydlet-ve-vidni&#038;hotelname=Hotel%20Imperial&#038;address=V%C3%ADde%C5%88%2C%20Rakousko\" target=\"_blank\" rel=\"nofollow noopener\">\n      <span class=\"lk-stay-badge badge-nature\">\u2b50 Luxus<\/span>\n      <div class=\"lk-stay-name\">Hotel Imperial<\/div>\n      <div class=\"lk-stay-desc\">Egykori nemesi palota a Ringstra\u00dfe-n, m\u00e1rv\u00e1nyoszlopokkal \u00e9s szem\u00e9lyes inas szolg\u00e1ltat\u00e1ssal.<\/div>\n      <div class=\"lk-stay-meta\">\n        <span class=\"lk-stay-stars\">\u2605\u2605\u2605\u2605\u2605<\/span>\n        <span class=\"lk-stay-price\">\u00c1rak ellen\u0151rz\u00e9se<\/span>\n      <\/div>\n      <span class=\"lk-stay-cta\">\n        <svg width=\"14\" height=\"14\" viewBox=\"0 0 24 24\" fill=\"none\" stroke=\"currentColor\" stroke-width=\"2\"><path d=\"M18 13v6a2 2 0 0 1-2 2H5a2 2 0 0 1-2-2V8a2 2 0 0 1 2-2h6\"\/><polyline points=\"15 3 21 3 21 9\"\/><line x1=\"10\" y1=\"14\" x2=\"21\" y2=\"3\"\/><\/svg>\n        Ellen\u0151rizd az el\u00e9rhet\u0151s\u00e9get\n      <\/span>\n    <\/a>\n\n    <a class=\"lk-stay-card\" href=\"https:\/\/www.stay22.com\/allez\/roam?aid=lukaskonecny&#038;campaign=loudavymkrokemcz&#038;campaign=hu&#038;campaign=kde-bydlet-ve-vidni&#038;hotelname=Park%20Hyatt%20Vienna&#038;address=V%C3%ADde%C5%88%2C%20Rakousko\" target=\"_blank\" rel=\"nofollow noopener\">\n      <span class=\"lk-stay-badge badge-nature\">\u2b50 Luxus<\/span>\n      <div class=\"lk-stay-name\">Park Hyatt Vienna<\/div>\n      <div class=\"lk-stay-desc\">Modern luxussz\u00e1lloda egy egykori bankban, medenc\u00e9vel a t\u00f6rt\u00e9nelmi trezorban \u00e9s kiv\u00e1l\u00f3 spa-val.<\/div>\n      <div class=\"lk-stay-meta\">\n        <span class=\"lk-stay-stars\">\u2605\u2605\u2605\u2605\u2605<\/span>\n        <span class=\"lk-stay-price\">\u00c1rak ellen\u0151rz\u00e9se<\/span>\n      <\/div>\n      <span class=\"lk-stay-cta\">\n        <svg width=\"14\" height=\"14\" viewBox=\"0 0 24 24\" fill=\"none\" stroke=\"currentColor\" stroke-width=\"2\"><path d=\"M18 13v6a2 2 0 0 1-2 2H5a2 2 0 0 1-2-2V8a2 2 0 0 1 2-2h6\"\/><polyline points=\"15 3 21 3 21 9\"\/><line x1=\"10\" y1=\"14\" x2=\"21\" y2=\"3\"\/><\/svg>\n        Ellen\u0151rizd az el\u00e9rhet\u0151s\u00e9get\n      <\/span>\n    <\/a>\n\n    <a class=\"lk-stay-card\" href=\"https:\/\/www.stay22.com\/allez\/roam?aid=lukaskonecny&#038;campaign=loudavymkrokemcz&#038;campaign=hu&#038;campaign=kde-bydlet-ve-vidni&#038;hotelname=The%20Ritz-Carlton%20Vienna&#038;address=V%C3%ADde%C5%88%2C%20Rakousko\" target=\"_blank\" rel=\"nofollow noopener\">\n      <span class=\"lk-stay-badge badge-nature\">\u2b50 Luxus<\/span>\n      <div class=\"lk-stay-name\">The Ritz-Carlton Vienna<\/div>\n      <div class=\"lk-stay-desc\">N\u00e9gy t\u00f6rt\u00e9nelmi palota a Schubertr\u0438ngen, tet\u0151b\u00e1rral \u00e9s panor\u00e1m\u00e1s kil\u00e1t\u00e1ssal.<\/div>\n      <div class=\"lk-stay-meta\">\n        <span class=\"lk-stay-stars\">\u2605\u2605\u2605\u2605\u2605<\/span>\n        <span class=\"lk-stay-price\">\u00c1rak ellen\u0151rz\u00e9se<\/span>\n      <\/div>\n      <span class=\"lk-stay-cta\">\n        <svg width=\"14\" height=\"14\" viewBox=\"0 0 24 24\" fill=\"none\" stroke=\"currentColor\" stroke-width=\"2\"><path d=\"M18 13v6a2 2 0 0 1-2 2H5a2 2 0 0 1-2-2V8a2 2 0 0 1 2-2h6\"\/><polyline points=\"15 3 21 3 21 9\"\/><line x1=\"10\" y1=\"14\" x2=\"21\" y2=\"3\"\/><\/svg>\n        Ellen\u0151rizd az el\u00e9rhet\u0151s\u00e9get\n      <\/span>\n    <\/a>\n\n    <a class=\"lk-stay-card\" href=\"https:\/\/www.stay22.com\/allez\/roam?aid=lukaskonecny&#038;campaign=loudavymkrokemcz&#038;campaign=hu&#038;campaign=kde-bydlet-ve-vidni&#038;hotelname=Hotel%20Bristol&#038;address=V%C3%ADde%C5%88%2C%20Rakousko\" target=\"_blank\" rel=\"nofollow noopener\">\n      <span class=\"lk-stay-badge badge-nature\">\u2b50 Luxus<\/span>\n      <div class=\"lk-stay-name\">Hotel Bristol<\/div>\n      <div class=\"lk-stay-desc\">T\u00f6rt\u00e9nelmi Art Deco st\u00edlus\u00fa \u00e9p\u00fclet az \u00c1llami Oper\u00e1val szemben, kil\u00e1t\u00e1ssal az operah\u00e1zra.<\/div>\n      <div class=\"lk-stay-meta\">\n        <span class=\"lk-stay-stars\">\u2605\u2605\u2605\u2605\u2605<\/span>\n        <span class=\"lk-stay-price\">\u00c1rak ellen\u0151rz\u00e9se<\/span>\n      <\/div>\n      <span class=\"lk-stay-cta\">\n        <svg width=\"14\" height=\"14\" viewBox=\"0 0 24 24\" fill=\"none\" stroke=\"currentColor\" stroke-width=\"2\"><path d=\"M18 13v6a2 2 0 0 1-2 2H5a2 2 0 0 1-2-2V8a2 2 0 0 1 2-2h6\"\/><polyline points=\"15 3 21 3 21 9\"\/><line x1=\"10\" y1=\"14\" x2=\"21\" y2=\"3\"\/><\/svg>\n        Ellen\u0151rizd az el\u00e9rhet\u0151s\u00e9get\n      <\/span>\n    <\/a>\n\n    <a class=\"lk-stay-card\" href=\"https:\/\/www.stay22.com\/allez\/roam?aid=lukaskonecny&#038;campaign=loudavymkrokemcz&#038;campaign=hu&#038;campaign=kde-bydlet-ve-vidni&#038;hotelname=Rosewood%20Vienna&#038;address=V%C3%ADde%C5%88%2C%20Rakousko\" target=\"_blank\" rel=\"nofollow noopener\">\n      <span class=\"lk-stay-badge badge-nature\">\u2b50 Luxus<\/span>\n      <div class=\"lk-stay-name\">Rosewood Vienna<\/div>\n      <div class=\"lk-stay-desc\">\u00daj butiksz\u00e1lloda a Petersplatzon, vil\u00e1gos modern designnal \u00e9s intim l\u00e9gk\u00f6rrel.<\/div>\n      <div class=\"lk-stay-meta\">\n        <span class=\"lk-stay-stars\">\u2605\u2605\u2605\u2605\u2605<\/span>\n        <span class=\"lk-stay-price\">\u00c1rak ellen\u0151rz\u00e9se<\/span>\n      <\/div>\n      <span class=\"lk-stay-cta\">\n        <svg width=\"14\" height=\"14\" viewBox=\"0 0 24 24\" fill=\"none\" stroke=\"currentColor\" stroke-width=\"2\"><path d=\"M18 13v6a2 2 0 0 1-2 2H5a2 2 0 0 1-2-2V8a2 2 0 0 1 2-2h6\"\/><polyline points=\"15 3 21 3 21 9\"\/><line x1=\"10\" y1=\"14\" x2=\"21\" y2=\"3\"\/><\/svg>\n        Ellen\u0151rizd az el\u00e9rhet\u0151s\u00e9get\n      <\/span>\n    <\/a>\n\n  <\/div>\n\n  \n<\/div>\n\n\n\n\n<h3 class=\"wp-block-heading\"><span class=\"ez-toc-section\" id=\"14_Hotel_am_Brillantengrund\"><\/span>14. Hotel am Brillantengrund<span class=\"ez-toc-section-end\"><\/span><\/h3>\n\n\n\n<p class=\"wp-block-paragraph\">A boh\u00e9m Neubau ker\u00fclet sz\u00edv\u00e9ben tal\u00e1lod ezt a teljesen egyed\u00fcl\u00e1ll\u00f3 sz\u00e1llod\u00e1t gy\u00f6ny\u00f6r\u0171 <strong>4,5-\u00f6s \u00e9rt\u00e9kel\u00e9ssel 863 v\u00e9lem\u00e9ny alapj\u00e1n<\/strong>, amely nagyon szokatlan m\u00f3don egy egykori kolostor t\u00e1gas tereiben sz\u00e9kel. Bel\u00fcl egy teljesen var\u00e1zslatos, r\u00e9gi f\u00fcgg\u0151folyos\u00f3kkal szeg\u00e9lyezett udvar rejt\u0151zik, amely a melegebb h\u00f3napokban t\u00f6k\u00e9letes nyugalomo\u00e1zisk\u00e9nt szolg\u00e1l.<\/p>\n\n\n\n<figure data-wp-context=\"{&quot;galleryId&quot;:&quot;6a9c208166a5f&quot;}\" data-wp-interactive=\"core\/gallery\" class=\"wp-block-gallery has-nested-images columns-2 is-cropped wp-block-gallery-is-layout-flex wp-block-gallery-8 is-layout-flex\">\n\n<figure data-wp-context=\"{&quot;imageId&quot;:&quot;6a9c208166db6&quot;}\" data-wp-interactive=\"core\/image\" data-wp-key=\"6a9c208166db6\" class=\"wp-block-image size-large wp-lightbox-container\"><img decoding=\"async\" width=\"1800\" height=\"1193\" data-wp-class--hide=\"state.isContentHidden\" data-wp-class--show=\"state.isContentVisible\" data-wp-init=\"callbacks.setButtonStyles\" data-wp-on--click=\"actions.showLightbox\" data-wp-on--load=\"callbacks.setButtonStyles\" data-wp-on--pointerdown=\"actions.preloadImage\" data-wp-on--pointerenter=\"actions.preloadImageWithDelay\" data-wp-on--pointerleave=\"actions.cancelPreload\" data-wp-on-window--resize=\"callbacks.setButtonStyles\" data-id=\"407052\" src=\"https:\/\/loudavymkrokem.cz\/wp-content\/uploads\/2026\/08\/hotel-am-brillantengrund-3.jpg\" alt=\"Szoba a Hotel am Brillantengrundban\" class=\"wp-image-407052\" title=\"\" srcset=\"https:\/\/loudavymkrokem.cz\/wp-content\/uploads\/2026\/08\/hotel-am-brillantengrund-3.jpg 1800w, https:\/\/loudavymkrokem.cz\/wp-content\/uploads\/2026\/08\/hotel-am-brillantengrund-3-300x199.jpg 300w, https:\/\/loudavymkrokem.cz\/wp-content\/uploads\/2026\/08\/hotel-am-brillantengrund-3-700x464.jpg 700w, https:\/\/loudavymkrokem.cz\/wp-content\/uploads\/2026\/08\/hotel-am-brillantengrund-3-768x509.jpg 768w, https:\/\/loudavymkrokem.cz\/wp-content\/uploads\/2026\/08\/hotel-am-brillantengrund-3-1536x1018.jpg 1536w, https:\/\/loudavymkrokem.cz\/wp-content\/uploads\/2026\/08\/hotel-am-brillantengrund-3-696x461.jpg 696w, https:\/\/loudavymkrokem.cz\/wp-content\/uploads\/2026\/08\/hotel-am-brillantengrund-3-1392x923.jpg 1392w\" sizes=\"(max-width: 1800px) 100vw, 1800px\" \/><button\n\t\t\tclass=\"lightbox-trigger\"\n\t\t\ttype=\"button\"\n\t\t\taria-haspopup=\"dialog\"\n\t\t\tdata-wp-bind--aria-label=\"state.thisImage.triggerButtonAriaLabel\"\n\t\t\tdata-wp-init=\"callbacks.initTriggerButton\"\n\t\t\tdata-wp-on--click=\"actions.showLightbox\"\n\t\t\tdata-wp-style--right=\"state.thisImage.buttonRight\"\n\t\t\tdata-wp-style--top=\"state.thisImage.buttonTop\"\n\t\t>\n\t\t\t<svg xmlns=\"http:\/\/www.w3.org\/2000\/svg\" width=\"12\" height=\"12\" fill=\"none\" viewBox=\"0 0 12 12\">\n\t\t\t\t<path fill=\"#fff\" d=\"M2 0a2 2 0 0 0-2 2v2h1.5V2a.5.5 0 0 1 .5-.5h2V0H2Zm2 10.5H2a.5.5 0 0 1-.5-.5V8H0v2a2 2 0 0 0 2 2h2v-1.5ZM8 12v-1.5h2a.5.5 0 0 0 .5-.5V8H12v2a2 2 0 0 1-2 2H8Zm2-12a2 2 0 0 1 2 2v2h-1.5V2a.5.5 0 0 0-.5-.5H8V0h2Z\" \/>\n\t\t\t<\/svg>\n\t\t<\/button><figcaption class=\"wp-element-caption\">Foto: Hotel am Brillantengrund \/ ofici\u00e1ln\u00ed web<\/figcaption><\/figure>\n\n<\/figure>\n\n\n\n<p class=\"wp-block-paragraph\">Ami ezt a helyet olyan rendk\u00edv\u00fcliv\u00e9 \u00e9s n\u00e9pszer\u0171v\u00e9 teszi, az a <strong>kiv\u00e1l\u00f3 F\u00fcl\u00f6p-szigeteki \u00e9tterem \u00e9s a rendszeres \u00e9l\u0151 zene<\/strong>. Az itteni esti koncertek \u00e9s esem\u00e9nyek nemcsak a k\u00edv\u00e1ncsi turist\u00e1kat vonzz\u00e1k, hanem sok helyi lakost is, \u00edgy itt term\u00e9szetesen keverednek a kult\u00far\u00e1k.<\/p>\n\n\n\n<p class=\"wp-block-paragraph\">Az eg\u00e9sz t\u00e9r egyszer\u0171en saj\u00e1t \u00e9letet \u00e9l, \u00e9s olyat k\u00edn\u00e1l, amit a klasszikus sz\u00e1llod\u00e1kban nem tal\u00e1lsz. <strong>Ez egy f\u00e9kezhetetlen energi\u00e1val, kreativit\u00e1ssal \u00e9s nagyon k\u00f6tetlen hangulattal teli hely<\/strong>, ahol minden vend\u00e9g azonnal sz\u00edvesen l\u00e1tottnak \u00e9rzi mag\u00e1t.<\/p>\n\n\n\n<p class=\"wp-block-paragraph\">\ud83d\udca1 Tipp: Ez teljesen ide\u00e1lis v\u00e1laszt\u00e1s azoknak az <strong>utaz\u00f3knak, akik tudatosan a hipster hangulatot \u00e9s a nem szokv\u00e1nyos helyi \u00e9lm\u00e9nyeket keresik<\/strong>. Nem fogod itt mereven \u00e9rezni magad, mint egy klasszikus sz\u00e1llod\u00e1ban, hanem ink\u00e1bb mint egy sz\u00f3rakoztat\u00f3 l\u00e1togat\u00e1son nagyon kreat\u00edv bar\u00e1tokn\u00e1l. <em><a href=\"https:\/\/www.stay22.com\/allez\/roam?aid=lukaskonecny&#038;campaign=loudavymkrokemcz&#038;campaign=kde-bydlet-ve-vidni&#038;hotelname=Hotel%20am%20Brillantengrund&#038;address=V%C3%ADde%C5%88%2C%20Rakousko\" target=\"_blank\" rel=\"nofollow noopener sponsored\">\u00e1rak \u00e9s el\u00e9rhet\u0151s\u00e9g ellen\u0151rz\u00e9se<\/a><\/em><\/p>\n\n\n\n<figure data-wp-context=\"{&quot;imageId&quot;:&quot;6a9c20816755c&quot;}\" data-wp-interactive=\"core\/image\" data-wp-key=\"6a9c20816755c\" class=\"wp-block-image size-full wp-lightbox-container\"><img decoding=\"async\" width=\"1139\" height=\"660\" data-wp-class--hide=\"state.isContentHidden\" data-wp-class--show=\"state.isContentVisible\" data-wp-init=\"callbacks.setButtonStyles\" data-wp-on--click=\"actions.showLightbox\" data-wp-on--load=\"callbacks.setButtonStyles\" data-wp-on--pointerdown=\"actions.preloadImage\" data-wp-on--pointerenter=\"actions.preloadImageWithDelay\" data-wp-on--pointerleave=\"actions.cancelPreload\" data-wp-on-window--resize=\"callbacks.setButtonStyles\" src=\"https:\/\/loudavymkrokem.cz\/wp-content\/uploads\/2026\/08\/25hours-hotel-vienna-at-museumsquartier-1.jpg\" alt=\"A 25hours Hotel tet\u0151b\u00e1rja a MuseumsQuartier mellett\" class=\"wp-image-407044\" title=\"\" srcset=\"https:\/\/loudavymkrokem.cz\/wp-content\/uploads\/2026\/08\/25hours-hotel-vienna-at-museumsquartier-1.jpg 1139w, https:\/\/loudavymkrokem.cz\/wp-content\/uploads\/2026\/08\/25hours-hotel-vienna-at-museumsquartier-1-300x174.jpg 300w, https:\/\/loudavymkrokem.cz\/wp-content\/uploads\/2026\/08\/25hours-hotel-vienna-at-museumsquartier-1-700x406.jpg 700w, https:\/\/loudavymkrokem.cz\/wp-content\/uploads\/2026\/08\/25hours-hotel-vienna-at-museumsquartier-1-768x445.jpg 768w, https:\/\/loudavymkrokem.cz\/wp-content\/uploads\/2026\/08\/25hours-hotel-vienna-at-museumsquartier-1-696x403.jpg 696w\" sizes=\"(max-width: 1139px) 100vw, 1139px\" \/><button\n\t\t\tclass=\"lightbox-trigger\"\n\t\t\ttype=\"button\"\n\t\t\taria-haspopup=\"dialog\"\n\t\t\tdata-wp-bind--aria-label=\"state.thisImage.triggerButtonAriaLabel\"\n\t\t\tdata-wp-init=\"callbacks.initTriggerButton\"\n\t\t\tdata-wp-on--click=\"actions.showLightbox\"\n\t\t\tdata-wp-style--right=\"state.thisImage.buttonRight\"\n\t\t\tdata-wp-style--top=\"state.thisImage.buttonTop\"\n\t\t>\n\t\t\t<svg xmlns=\"http:\/\/www.w3.org\/2000\/svg\" width=\"12\" height=\"12\" fill=\"none\" viewBox=\"0 0 12 12\">\n\t\t\t\t<path fill=\"#fff\" d=\"M2 0a2 2 0 0 0-2 2v2h1.5V2a.5.5 0 0 1 .5-.5h2V0H2Zm2 10.5H2a.5.5 0 0 1-.5-.5V8H0v2a2 2 0 0 0 2 2h2v-1.5ZM8 12v-1.5h2a.5.5 0 0 0 .5-.5V8H12v2a2 2 0 0 1-2 2H8Zm2-12a2 2 0 0 1 2 2v2h-1.5V2a.5.5 0 0 0-.5-.5H8V0h2Z\" \/>\n\t\t\t<\/svg>\n\t\t<\/button><figcaption class=\"wp-element-caption\">Foto: 25hours Hotel Vienna \/ ofici\u00e1ln\u00ed web<\/figcaption><\/figure>\n\n\n\n<h3 class=\"wp-block-heading\"><span class=\"ez-toc-section\" id=\"15_25hours_Hotel_Vienna_at_MuseumsQuartier\"><\/span>15. 25hours Hotel Vienna at MuseumsQuartier<span class=\"ez-toc-section-end\"><\/span><\/h3>\n\n\n\n<p class=\"wp-block-paragraph\">Sz\u00f3rakoztat\u00f3, sz\u00ednes \u00e9s els\u0151 pillant\u00e1sra kiss\u00e9 bolondos \u2013 pontosan ilyen ez a nagy sz\u00e1lloda nagyon szolid <strong>4,5-\u00f6s \u00e9rt\u00e9kel\u00e9ssel tekint\u00e9lyes 4 906 v\u00e9lem\u00e9ny alapj\u00e1n<\/strong>. A bels\u0151 terei teljesen a r\u00e9gi cirkusz j\u00e1t\u00e9kos mot\u00edvum\u00e1t\u00f3l ihletettek, \u00e9s a hetedik ker\u00fcletben tal\u00e1lhat\u00f3 az \u00f3ri\u00e1si MuseumsQuartier kultur\u00e1lis k\u00f6zpont k\u00f6zvetlen k\u00f6zel\u00e9ben.<\/p>\n\n\n\n<figure data-wp-context=\"{&quot;galleryId&quot;:&quot;6a9c20816781f&quot;}\" data-wp-interactive=\"core\/gallery\" class=\"wp-block-gallery has-nested-images columns-2 is-cropped wp-block-gallery-is-layout-flex wp-block-gallery-9 is-layout-flex\">\n\n<figure data-wp-context=\"{&quot;imageId&quot;:&quot;6a9c208167b13&quot;}\" data-wp-interactive=\"core\/image\" data-wp-key=\"6a9c208167b13\" class=\"wp-block-image size-large wp-lightbox-container\"><img decoding=\"async\" width=\"1800\" height=\"1012\" data-wp-class--hide=\"state.isContentHidden\" data-wp-class--show=\"state.isContentVisible\" data-wp-init=\"callbacks.setButtonStyles\" data-wp-on--click=\"actions.showLightbox\" data-wp-on--load=\"callbacks.setButtonStyles\" data-wp-on--pointerdown=\"actions.preloadImage\" data-wp-on--pointerenter=\"actions.preloadImageWithDelay\" data-wp-on--pointerleave=\"actions.cancelPreload\" data-wp-on-window--resize=\"callbacks.setButtonStyles\" data-id=\"407046\" src=\"https:\/\/loudavymkrokem.cz\/wp-content\/uploads\/2026\/08\/25hours-hotel-vienna-at-museumsquartier-2.jpg\" alt=\"Cirkusz st\u00edlus\u00fa szoba a 25hours Hotelben\" class=\"wp-image-407046\" title=\"\" srcset=\"https:\/\/loudavymkrokem.cz\/wp-content\/uploads\/2026\/08\/25hours-hotel-vienna-at-museumsquartier-2.jpg 1800w, https:\/\/loudavymkrokem.cz\/wp-content\/uploads\/2026\/08\/25hours-hotel-vienna-at-museumsquartier-2-300x169.jpg 300w, https:\/\/loudavymkrokem.cz\/wp-content\/uploads\/2026\/08\/25hours-hotel-vienna-at-museumsquartier-2-700x394.jpg 700w, https:\/\/loudavymkrokem.cz\/wp-content\/uploads\/2026\/08\/25hours-hotel-vienna-at-museumsquartier-2-768x432.jpg 768w, https:\/\/loudavymkrokem.cz\/wp-content\/uploads\/2026\/08\/25hours-hotel-vienna-at-museumsquartier-2-1536x864.jpg 1536w, https:\/\/loudavymkrokem.cz\/wp-content\/uploads\/2026\/08\/25hours-hotel-vienna-at-museumsquartier-2-696x391.jpg 696w, https:\/\/loudavymkrokem.cz\/wp-content\/uploads\/2026\/08\/25hours-hotel-vienna-at-museumsquartier-2-1392x783.jpg 1392w\" sizes=\"(max-width: 1800px) 100vw, 1800px\" \/><button\n\t\t\tclass=\"lightbox-trigger\"\n\t\t\ttype=\"button\"\n\t\t\taria-haspopup=\"dialog\"\n\t\t\tdata-wp-bind--aria-label=\"state.thisImage.triggerButtonAriaLabel\"\n\t\t\tdata-wp-init=\"callbacks.initTriggerButton\"\n\t\t\tdata-wp-on--click=\"actions.showLightbox\"\n\t\t\tdata-wp-style--right=\"state.thisImage.buttonRight\"\n\t\t\tdata-wp-style--top=\"state.thisImage.buttonTop\"\n\t\t>\n\t\t\t<svg xmlns=\"http:\/\/www.w3.org\/2000\/svg\" width=\"12\" height=\"12\" fill=\"none\" viewBox=\"0 0 12 12\">\n\t\t\t\t<path fill=\"#fff\" d=\"M2 0a2 2 0 0 0-2 2v2h1.5V2a.5.5 0 0 1 .5-.5h2V0H2Zm2 10.5H2a.5.5 0 0 1-.5-.5V8H0v2a2 2 0 0 0 2 2h2v-1.5ZM8 12v-1.5h2a.5.5 0 0 0 .5-.5V8H12v2a2 2 0 0 1-2 2H8Zm2-12a2 2 0 0 1 2 2v2h-1.5V2a.5.5 0 0 0-.5-.5H8V0h2Z\" \/>\n\t\t\t<\/svg>\n\t\t<\/button><figcaption class=\"wp-element-caption\">Foto: 25hours Hotel Vienna \/ ofici\u00e1ln\u00ed web<\/figcaption><\/figure>\n\n<\/figure>\n\n\n\n<p class=\"wp-block-paragraph\">A vend\u00e9gek az \u00e9rt\u00e9kel\u00e9sekben megszerett\u00e9k a szob\u00e1k vicces \u00e9s v\u00e1ratlan r\u00e9szleteit, valamint a v\u00e1rosi ker\u00e9kp\u00e1rok ingyenes k\u00f6lcs\u00f6nz\u00e9s\u00e9nek remek lehet\u0151s\u00e9g\u00e9t B\u00e9cs k\u00f6nnyebb felfedez\u00e9s\u00e9hez. <strong>A cirkuszi diz\u00e1jn minden elk\u00e9pzelhet\u0151 r\u00e9szletbe bele\u00edr\u00f3dik<\/strong>, \u00e9s itt biztosan nem fogsz unatkozni.<\/p>\n\n\n\n<p class=\"wp-block-paragraph\">Ennek a helynek a legnagyobb sl\u00e1gere azonban a <strong>remek Dachboden tet\u0151b\u00e1r<\/strong>, ahonnan gy\u00f6ny\u00f6r\u0171 kil\u00e1t\u00e1s ny\u00edlik az eg\u00e9sz esti v\u00e1rosra, \u00e9s ahol rendszeresen \u00f6sszegy\u0171lik a st\u00edlusos b\u00e9csi fiatals\u00e1g egy italra.<\/p>\n\n\n\n<p class=\"wp-block-paragraph\">\ud83d\udca1 Tipp: Sz\u00e1llj meg itt tiszta lelkiismerettel, ha m\u00e1r unod a klasszikus sz\u00fcrke sz\u00e1llodal\u00e1ncokat, \u00e9s <strong>modern sz\u00e1ll\u00e1st keresel nagy adag humorral \u00e9s eredeti vizu\u00e1lis diz\u00e1jnnal<\/strong>. A helysz\u00edn r\u00e1ad\u00e1sul teljesen ide\u00e1lis a v\u00e1ros felfedez\u00e9s\u00e9hez. <em><a href=\"https:\/\/www.stay22.com\/allez\/roam?aid=lukaskonecny&#038;campaign=loudavymkrokemcz&#038;campaign=kde-bydlet-ve-vidni&#038;hotelname=25hours%20Hotel%20Vienna%20at%20MuseumsQuartier&#038;address=V%C3%ADde%C5%88%2C%20Rakousko\" target=\"_blank\" rel=\"nofollow noopener sponsored\">\u00e1rak \u00e9s el\u00e9rhet\u0151s\u00e9g ellen\u0151rz\u00e9se<\/a><\/em><\/p>\n\n\n\n<figure data-wp-context=\"{&quot;imageId&quot;:&quot;6a9c208168122&quot;}\" data-wp-interactive=\"core\/image\" data-wp-key=\"6a9c208168122\" class=\"wp-block-image size-full wp-lightbox-container\"><img decoding=\"async\" width=\"1024\" height=\"768\" data-wp-class--hide=\"state.isContentHidden\" data-wp-class--show=\"state.isContentVisible\" data-wp-init=\"callbacks.setButtonStyles\" data-wp-on--click=\"actions.showLightbox\" data-wp-on--load=\"callbacks.setButtonStyles\" data-wp-on--pointerdown=\"actions.preloadImage\" data-wp-on--pointerenter=\"actions.preloadImageWithDelay\" data-wp-on--pointerleave=\"actions.cancelPreload\" data-wp-on-window--resize=\"callbacks.setButtonStyles\" src=\"https:\/\/loudavymkrokem.cz\/wp-content\/uploads\/2026\/08\/hotel-am-konzerthaus-pobl-v-de-sk-ho-konzertha.jpg\" alt=\"A Hotel Am Konzerthaus a b\u00e9csi Konzerthaus k\u00f6zel\u00e9ben\" class=\"wp-image-407137\" title=\"\" srcset=\"https:\/\/loudavymkrokem.cz\/wp-content\/uploads\/2026\/08\/hotel-am-konzerthaus-pobl-v-de-sk-ho-konzertha.jpg 1024w, https:\/\/loudavymkrokem.cz\/wp-content\/uploads\/2026\/08\/hotel-am-konzerthaus-pobl-v-de-sk-ho-konzertha-300x225.jpg 300w, https:\/\/loudavymkrokem.cz\/wp-content\/uploads\/2026\/08\/hotel-am-konzerthaus-pobl-v-de-sk-ho-konzertha-700x525.jpg 700w, https:\/\/loudavymkrokem.cz\/wp-content\/uploads\/2026\/08\/hotel-am-konzerthaus-pobl-v-de-sk-ho-konzertha-768x576.jpg 768w, https:\/\/loudavymkrokem.cz\/wp-content\/uploads\/2026\/08\/hotel-am-konzerthaus-pobl-v-de-sk-ho-konzertha-80x60.jpg 80w, https:\/\/loudavymkrokem.cz\/wp-content\/uploads\/2026\/08\/hotel-am-konzerthaus-pobl-v-de-sk-ho-konzertha-160x120.jpg 160w, https:\/\/loudavymkrokem.cz\/wp-content\/uploads\/2026\/08\/hotel-am-konzerthaus-pobl-v-de-sk-ho-konzertha-696x522.jpg 696w\" sizes=\"(max-width: 1024px) 100vw, 1024px\" \/><button\n\t\t\tclass=\"lightbox-trigger\"\n\t\t\ttype=\"button\"\n\t\t\taria-haspopup=\"dialog\"\n\t\t\tdata-wp-bind--aria-label=\"state.thisImage.triggerButtonAriaLabel\"\n\t\t\tdata-wp-init=\"callbacks.initTriggerButton\"\n\t\t\tdata-wp-on--click=\"actions.showLightbox\"\n\t\t\tdata-wp-style--right=\"state.thisImage.buttonRight\"\n\t\t\tdata-wp-style--top=\"state.thisImage.buttonTop\"\n\t\t>\n\t\t\t<svg xmlns=\"http:\/\/www.w3.org\/2000\/svg\" width=\"12\" height=\"12\" fill=\"none\" viewBox=\"0 0 12 12\">\n\t\t\t\t<path fill=\"#fff\" d=\"M2 0a2 2 0 0 0-2 2v2h1.5V2a.5.5 0 0 1 .5-.5h2V0H2Zm2 10.5H2a.5.5 0 0 1-.5-.5V8H0v2a2 2 0 0 0 2 2h2v-1.5ZM8 12v-1.5h2a.5.5 0 0 0 .5-.5V8H12v2a2 2 0 0 1-2 2H8Zm2-12a2 2 0 0 1 2 2v2h-1.5V2a.5.5 0 0 0-.5-.5H8V0h2Z\" \/>\n\t\t\t<\/svg>\n\t\t<\/button><figcaption class=\"wp-element-caption\">Foto: Hotel Am Konzerthaus &#8211; MGallery Collection \/ Google Maps<\/figcaption><\/figure>\n\n\n\n<h3 class=\"wp-block-heading\"><span class=\"ez-toc-section\" id=\"16_Hotel_Am_Konzerthaus_%E2%80%94_MGallery\"><\/span>16. Hotel Am Konzerthaus \u2014 MGallery<span class=\"ez-toc-section-end\"><\/span><\/h3>\n\n\n\n<p class=\"wp-block-paragraph\">Ez a nagyon eleg\u00e1ns sz\u00e1lloda gy\u00f6ny\u00f6r\u0171 <strong>4,5-\u00f6s \u00e9rt\u00e9kel\u00e9ssel 2 396 v\u00e9lem\u00e9ny alapj\u00e1n<\/strong> csak kis darabk\u00e1ra van a h\u00edres Belvedere palot\u00e1t\u00f3l, \u00e9s k\u00f6zvetlen\u00fcl szomsz\u00e9dos az ismert Konzerthaus koncertteremmel. Az itteni bels\u0151 terek er\u0151sen a szecesszi\u00f3 korszak\u00e1t\u00f3l \u00e9s Gustav Klimt fest\u0151 h\u00edres m\u0171veit\u0151l ihletettek, ami az eg\u00e9sz sz\u00e1llod\u00e1nak nagyon kifinomult \u00e9s m\u0171v\u00e9szi hangulatot ad.<\/p>\n\n\n\n<p class=\"wp-block-paragraph\">A pozit\u00edv v\u00e9lem\u00e9nyekben a vend\u00e9gek nagyon gyakran eml\u00edtik a <strong>meglep\u0151en k\u00e9nyelmes \u00e1gyakat, a terek cs\u00facstiszta \u00e1llapot\u00e1t \u00e9s a nagyon v\u00e1ltozatos reggelit<\/strong>, amely megb\u00edzhat\u00f3an meg\u00f6rvendezteti minden ig\u00e9nyes \u00ednyenc. A hangs\u00falyt itt a klasszikus eleganci\u00e1ra helyezik, felesleges t\u00falz\u00e1sok n\u00e9lk\u00fcl.<\/p>\n\n\n\n<p class=\"wp-block-paragraph\">A harmadik ker\u00fcleti fekv\u00e9s kell\u0151 \u00e9jszakai nyugalmat garant\u00e1l a vend\u00e9geknek. <strong>A t\u00f6rt\u00e9nelmi belv\u00e1ros innen m\u00e9gis nagyon k\u00f6nnyen el\u00e9rhet\u0151 gyalog<\/strong> vagy egy r\u00f6vid villamos\u00fattal, \u00edgy egyetlen f\u0151 attrakci\u00f3r\u00f3l sem maradsz le.<\/p>\n\n\n\n<p class=\"wp-block-paragraph\">\ud83d\udca1 Tipp: Igaz\u00e1n remek v\u00e1laszt\u00e1s azoknak az utaz\u00f3knak, akik a <strong>klasszikusabb sz\u00e1ll\u00e1sst\u00edlust r\u00e9szes\u00edtik el\u0151nyben egy\u00e9rtelm\u0171 m\u0171v\u00e9szi \u00e1rnyalattal<\/strong>, \u00e9s egy\u00fattal nagyon \u00e9rt\u00e9kelik a nyugodtabb helysz\u00ednt a kultur\u00e1lis nevezetess\u00e9gek kiv\u00e1l\u00f3 el\u00e9rhet\u0151s\u00e9g\u00e9vel. <em><a href=\"https:\/\/www.stay22.com\/allez\/roam?aid=lukaskonecny&#038;campaign=loudavymkrokemcz&#038;campaign=kde-bydlet-ve-vidni&#038;hotelname=Hotel%20Am%20Konzerthaus&#038;address=V%C3%ADde%C5%88%2C%20Rakousko\" target=\"_blank\" rel=\"nofollow noopener sponsored\">\u00e1rak \u00e9s el\u00e9rhet\u0151s\u00e9g ellen\u0151rz\u00e9se<\/a><\/em><\/p>\n\n\n\n<figure data-wp-context=\"{&quot;imageId&quot;:&quot;6a9c2081687ea&quot;}\" data-wp-interactive=\"core\/image\" data-wp-key=\"6a9c2081687ea\" class=\"wp-block-image size-full wp-lightbox-container\"><img decoding=\"async\" width=\"1800\" height=\"937\" data-wp-class--hide=\"state.isContentHidden\" data-wp-class--show=\"state.isContentVisible\" data-wp-init=\"callbacks.setButtonStyles\" data-wp-on--click=\"actions.showLightbox\" data-wp-on--load=\"callbacks.setButtonStyles\" data-wp-on--pointerdown=\"actions.preloadImage\" data-wp-on--pointerenter=\"actions.preloadImageWithDelay\" data-wp-on--pointerleave=\"actions.cancelPreload\" data-wp-on-window--resize=\"callbacks.setButtonStyles\" src=\"https:\/\/loudavymkrokem.cz\/wp-content\/uploads\/2026\/08\/hotel-gilbert-3.jpg\" alt=\"Szoba a Hotel Gilbertben\" class=\"wp-image-407038\" title=\"\" srcset=\"https:\/\/loudavymkrokem.cz\/wp-content\/uploads\/2026\/08\/hotel-gilbert-3.jpg 1800w, https:\/\/loudavymkrokem.cz\/wp-content\/uploads\/2026\/08\/hotel-gilbert-3-300x156.jpg 300w, https:\/\/loudavymkrokem.cz\/wp-content\/uploads\/2026\/08\/hotel-gilbert-3-700x364.jpg 700w, https:\/\/loudavymkrokem.cz\/wp-content\/uploads\/2026\/08\/hotel-gilbert-3-768x400.jpg 768w, https:\/\/loudavymkrokem.cz\/wp-content\/uploads\/2026\/08\/hotel-gilbert-3-1536x800.jpg 1536w, https:\/\/loudavymkrokem.cz\/wp-content\/uploads\/2026\/08\/hotel-gilbert-3-696x362.jpg 696w, https:\/\/loudavymkrokem.cz\/wp-content\/uploads\/2026\/08\/hotel-gilbert-3-1392x725.jpg 1392w\" sizes=\"(max-width: 1800px) 100vw, 1800px\" \/><button\n\t\t\tclass=\"lightbox-trigger\"\n\t\t\ttype=\"button\"\n\t\t\taria-haspopup=\"dialog\"\n\t\t\tdata-wp-bind--aria-label=\"state.thisImage.triggerButtonAriaLabel\"\n\t\t\tdata-wp-init=\"callbacks.initTriggerButton\"\n\t\t\tdata-wp-on--click=\"actions.showLightbox\"\n\t\t\tdata-wp-style--right=\"state.thisImage.buttonRight\"\n\t\t\tdata-wp-style--top=\"state.thisImage.buttonTop\"\n\t\t>\n\t\t\t<svg xmlns=\"http:\/\/www.w3.org\/2000\/svg\" width=\"12\" height=\"12\" fill=\"none\" viewBox=\"0 0 12 12\">\n\t\t\t\t<path fill=\"#fff\" d=\"M2 0a2 2 0 0 0-2 2v2h1.5V2a.5.5 0 0 1 .5-.5h2V0H2Zm2 10.5H2a.5.5 0 0 1-.5-.5V8H0v2a2 2 0 0 0 2 2h2v-1.5ZM8 12v-1.5h2a.5.5 0 0 0 .5-.5V8H12v2a2 2 0 0 1-2 2H8Zm2-12a2 2 0 0 1 2 2v2h-1.5V2a.5.5 0 0 0-.5-.5H8V0h2Z\" \/>\n\t\t\t<\/svg>\n\t\t<\/button><figcaption class=\"wp-element-caption\">Foto: Hotel Gilbert \/ ofici\u00e1ln\u00ed web<\/figcaption><\/figure>\n\n\n\n<h3 class=\"wp-block-heading\"><span class=\"ez-toc-section\" id=\"17_Hotel_Gilbert\"><\/span>17. Hotel Gilbert<span class=\"ez-toc-section-end\"><\/span><\/h3>\n\n\n\n<p class=\"wp-block-paragraph\">Ez a modern \u00e9s vizu\u00e1lisan nagyon \u00fcde sz\u00e1lloda a kultur\u00e1lis MuseumsQuartier k\u00f6zel\u00e9ben <strong>4,5-\u00f6s \u00e9rt\u00e9kel\u00e9ssel b\u00fcszk\u00e9lkedhet 1 073 v\u00e9lem\u00e9ny alapj\u00e1n<\/strong>. F\u0151 ismertet\u0151jele \u00e9s cs\u00e1b\u00edt\u00f3ja a rengeteg \u00e9l\u0151 n\u00f6v\u00e9ny, amely gazdagon d\u00edsz\u00edti a k\u00fcls\u0151 \u00e9s az \u00f6sszes bels\u0151 teret. Az eg\u00e9sz koncepci\u00f3 ugyanis szil\u00e1rdan a fenntarthat\u00f3s\u00e1gon \u00e9s a term\u00e9szettel val\u00f3 \u00f6sszefon\u00f3d\u00e1son alapul.<\/p>\n\n\n\n<figure data-wp-context=\"{&quot;galleryId&quot;:&quot;6a9c20816899e&quot;}\" data-wp-interactive=\"core\/gallery\" class=\"wp-block-gallery has-nested-images columns-2 is-cropped wp-block-gallery-is-layout-flex wp-block-gallery-10 is-layout-flex\">\n\n<figure data-wp-context=\"{&quot;imageId&quot;:&quot;6a9c208168ce9&quot;}\" data-wp-interactive=\"core\/image\" data-wp-key=\"6a9c208168ce9\" class=\"wp-block-image size-large wp-lightbox-container\"><img decoding=\"async\" width=\"1800\" height=\"937\" data-wp-class--hide=\"state.isContentHidden\" data-wp-class--show=\"state.isContentVisible\" data-wp-init=\"callbacks.setButtonStyles\" data-wp-on--click=\"actions.showLightbox\" data-wp-on--load=\"callbacks.setButtonStyles\" data-wp-on--pointerdown=\"actions.preloadImage\" data-wp-on--pointerenter=\"actions.preloadImageWithDelay\" data-wp-on--pointerleave=\"actions.cancelPreload\" data-wp-on-window--resize=\"callbacks.setButtonStyles\" data-id=\"407041\" src=\"https:\/\/loudavymkrokem.cz\/wp-content\/uploads\/2026\/08\/hotel-gilbert-4.jpg\" alt=\"A Hotel Gilbert bels\u0151 tere\" class=\"wp-image-407041\" title=\"\" srcset=\"https:\/\/loudavymkrokem.cz\/wp-content\/uploads\/2026\/08\/hotel-gilbert-4.jpg 1800w, https:\/\/loudavymkrokem.cz\/wp-content\/uploads\/2026\/08\/hotel-gilbert-4-300x156.jpg 300w, https:\/\/loudavymkrokem.cz\/wp-content\/uploads\/2026\/08\/hotel-gilbert-4-700x364.jpg 700w, https:\/\/loudavymkrokem.cz\/wp-content\/uploads\/2026\/08\/hotel-gilbert-4-768x400.jpg 768w, https:\/\/loudavymkrokem.cz\/wp-content\/uploads\/2026\/08\/hotel-gilbert-4-1536x800.jpg 1536w, https:\/\/loudavymkrokem.cz\/wp-content\/uploads\/2026\/08\/hotel-gilbert-4-696x362.jpg 696w, https:\/\/loudavymkrokem.cz\/wp-content\/uploads\/2026\/08\/hotel-gilbert-4-1392x725.jpg 1392w\" sizes=\"(max-width: 1800px) 100vw, 1800px\" \/><button\n\t\t\tclass=\"lightbox-trigger\"\n\t\t\ttype=\"button\"\n\t\t\taria-haspopup=\"dialog\"\n\t\t\tdata-wp-bind--aria-label=\"state.thisImage.triggerButtonAriaLabel\"\n\t\t\tdata-wp-init=\"callbacks.initTriggerButton\"\n\t\t\tdata-wp-on--click=\"actions.showLightbox\"\n\t\t\tdata-wp-style--right=\"state.thisImage.buttonRight\"\n\t\t\tdata-wp-style--top=\"state.thisImage.buttonTop\"\n\t\t>\n\t\t\t<svg xmlns=\"http:\/\/www.w3.org\/2000\/svg\" width=\"12\" height=\"12\" fill=\"none\" viewBox=\"0 0 12 12\">\n\t\t\t\t<path fill=\"#fff\" d=\"M2 0a2 2 0 0 0-2 2v2h1.5V2a.5.5 0 0 1 .5-.5h2V0H2Zm2 10.5H2a.5.5 0 0 1-.5-.5V8H0v2a2 2 0 0 0 2 2h2v-1.5ZM8 12v-1.5h2a.5.5 0 0 0 .5-.5V8H12v2a2 2 0 0 1-2 2H8Zm2-12a2 2 0 0 1 2 2v2h-1.5V2a.5.5 0 0 0-.5-.5H8V0h2Z\" \/>\n\t\t\t<\/svg>\n\t\t<\/button><figcaption class=\"wp-element-caption\">Foto: Hotel Gilbert \/ ofici\u00e1ln\u00ed web<\/figcaption><\/figure>\n\n<\/figure>\n\n\n\n<p class=\"wp-block-paragraph\">A vend\u00e9gek a sz\u00e1mos \u00e9rt\u00e9kel\u00e9sben dics\u00e9rik a modern\u00fcl \u00e9s c\u00e9lszer\u0171en berendezett szob\u00e1kat a tiszta skandin\u00e1v st\u00edlusban. <strong>A f\u00f6ldszinti kiv\u00e1l\u00f3 k\u00e1v\u00e9z\u00f3 remek helysz\u00edn az \u00faj nap reggeli ind\u00edt\u00e1s\u00e1hoz<\/strong>, \u00e9s nagyszer\u0171 v\u00e1logatott k\u00e1v\u00e9t k\u00edn\u00e1l.<\/p>\n\n\n\n<p class=\"wp-block-paragraph\">\u00d3ri\u00e1si dics\u00e9retet kap a <strong>nagyon bar\u00e1ts\u00e1gos \u00e9s fiatal szem\u00e9lyzet is, amely fesztelen \u00e9s teljesen k\u00f6tetlen hangulatot seg\u00edt teremteni<\/strong> a tart\u00f3zkod\u00e1s eg\u00e9sz ideje alatt. Itt senki sem j\u00e1tszik meg semmit feleslegesen, a hangulat pedig csod\u00e1latosan laza.<\/p>\n\n\n\n<p class=\"wp-block-paragraph\">\ud83d\udca1 Tipp: Ez a z\u00f6ld sz\u00e1lloda mintha egyenesen azoknak lenne teremtve, akik \u0151szint\u00e9n szeretik a <strong>minimalista, tiszta diz\u00e1jnt, az \u00e9l\u0151 z\u00f6ldet, \u00e9s egy modern, remek helyekkel teli negyedben szeretn\u00e9nek lakni<\/strong> an\u00e9lk\u00fcl, hogy az els\u0151 ker\u00fclet pr\u00e9mium\u00e1rait kellene megfizetni\u00fck. <em><a href=\"https:\/\/www.stay22.com\/allez\/roam?aid=lukaskonecny&#038;campaign=loudavymkrokemcz&#038;campaign=kde-bydlet-ve-vidni&#038;hotelname=Hotel%20Gilbert&#038;address=V%C3%ADde%C5%88%2C%20Rakousko\" target=\"_blank\" rel=\"nofollow noopener sponsored\">\u00e1rak \u00e9s el\u00e9rhet\u0151s\u00e9g ellen\u0151rz\u00e9se<\/a><\/em><\/p>\n\n\n\n<figure data-wp-context=\"{&quot;imageId&quot;:&quot;6a9c2081691fb&quot;}\" data-wp-interactive=\"core\/image\" data-wp-key=\"6a9c2081691fb\" class=\"wp-block-image size-full wp-lightbox-container\"><img decoding=\"async\" width=\"1650\" height=\"1000\" data-wp-class--hide=\"state.isContentHidden\" data-wp-class--show=\"state.isContentVisible\" data-wp-init=\"callbacks.setButtonStyles\" data-wp-on--click=\"actions.showLightbox\" data-wp-on--load=\"callbacks.setButtonStyles\" data-wp-on--pointerdown=\"actions.preloadImage\" data-wp-on--pointerenter=\"actions.preloadImageWithDelay\" data-wp-on--pointerleave=\"actions.cancelPreload\" data-wp-on-window--resize=\"callbacks.setButtonStyles\" src=\"https:\/\/loudavymkrokem.cz\/wp-content\/uploads\/2026\/08\/hotel-schani-1.jpg\" alt=\"A Hotel Schani lobbyja a f\u0151p\u00e1lyaudvarn\u00e1l\" class=\"wp-image-407035\" title=\"\" srcset=\"https:\/\/loudavymkrokem.cz\/wp-content\/uploads\/2026\/08\/hotel-schani-1.jpg 1650w, https:\/\/loudavymkrokem.cz\/wp-content\/uploads\/2026\/08\/hotel-schani-1-300x182.jpg 300w, https:\/\/loudavymkrokem.cz\/wp-content\/uploads\/2026\/08\/hotel-schani-1-700x424.jpg 700w, https:\/\/loudavymkrokem.cz\/wp-content\/uploads\/2026\/08\/hotel-schani-1-768x465.jpg 768w, https:\/\/loudavymkrokem.cz\/wp-content\/uploads\/2026\/08\/hotel-schani-1-1536x931.jpg 1536w, https:\/\/loudavymkrokem.cz\/wp-content\/uploads\/2026\/08\/hotel-schani-1-696x422.jpg 696w, https:\/\/loudavymkrokem.cz\/wp-content\/uploads\/2026\/08\/hotel-schani-1-1392x844.jpg 1392w\" sizes=\"(max-width: 1650px) 100vw, 1650px\" \/><button\n\t\t\tclass=\"lightbox-trigger\"\n\t\t\ttype=\"button\"\n\t\t\taria-haspopup=\"dialog\"\n\t\t\tdata-wp-bind--aria-label=\"state.thisImage.triggerButtonAriaLabel\"\n\t\t\tdata-wp-init=\"callbacks.initTriggerButton\"\n\t\t\tdata-wp-on--click=\"actions.showLightbox\"\n\t\t\tdata-wp-style--right=\"state.thisImage.buttonRight\"\n\t\t\tdata-wp-style--top=\"state.thisImage.buttonTop\"\n\t\t>\n\t\t\t<svg xmlns=\"http:\/\/www.w3.org\/2000\/svg\" width=\"12\" height=\"12\" fill=\"none\" viewBox=\"0 0 12 12\">\n\t\t\t\t<path fill=\"#fff\" d=\"M2 0a2 2 0 0 0-2 2v2h1.5V2a.5.5 0 0 1 .5-.5h2V0H2Zm2 10.5H2a.5.5 0 0 1-.5-.5V8H0v2a2 2 0 0 0 2 2h2v-1.5ZM8 12v-1.5h2a.5.5 0 0 0 .5-.5V8H12v2a2 2 0 0 1-2 2H8Zm2-12a2 2 0 0 1 2 2v2h-1.5V2a.5.5 0 0 0-.5-.5H8V0h2Z\" \/>\n\t\t\t<\/svg>\n\t\t<\/button><figcaption class=\"wp-element-caption\">Foto: Hotel Schani \/ ofici\u00e1ln\u00ed web<\/figcaption><\/figure>\n\n\n\n<h3 class=\"wp-block-heading\"><span class=\"ez-toc-section\" id=\"18_Hotel_Schani\"><\/span>18. Hotel Schani<span class=\"ez-toc-section-end\"><\/span><\/h3>\n\n\n\n<p class=\"wp-block-paragraph\">Ha k\u00e9nyelmesen vonattal \u00e9rkezel B\u00e9csbe, ez az okos sz\u00e1lloda <strong>4,5-\u00f6s \u00e9rt\u00e9kel\u00e9ssel 1 690 v\u00e9lem\u00e9ny alapj\u00e1n<\/strong> k\u00f6zvetlen\u00fcl a f\u0151p\u00e1lyaudvarn\u00e1l (Hauptbahnhof) fekszik, \u00e9s technol\u00f3giailag nagyon fejlett sz\u00e1ll\u00e1st k\u00edn\u00e1l. Az eg\u00e9sz hosszadalmas folyamatot a kezdeti check-int\u0151l a szoba kinyit\u00e1s\u00e1ig ugyanis teljesen az okostelefonodon l\u00e9v\u0151 alkalmaz\u00e1son kereszt\u00fcl int\u00e9zheted el.<\/p>\n\n\n\n<p class=\"wp-block-paragraph\">Az utaz\u00f3k a v\u00e9lem\u00e9nyekben nagyon \u00e9rt\u00e9kelik az <strong>okosan kital\u00e1lt \u00e9s k\u00e9nyelmes munkaz\u00f3n\u00e1kat a t\u00e1gas lobbyban<\/strong>, amelyek a sz\u00e1llod\u00e1t remek helly\u00e9 teszik a digit\u00e1lis nom\u00e1doknak. A modern szob\u00e1k ugyan kisebbek, de t\u00f6k\u00e9letesen \u00e9s nagyon logikusan vannak elrendezve.<\/p>\n\n\n\n<p class=\"wp-block-paragraph\">\u00d3ri\u00e1si plusz term\u00e9szetesen a <strong>remek k\u00f6zleked\u00e9si el\u00e9rhet\u0151s\u00e9g<\/strong>, mert a szomsz\u00e9dos p\u00e1lyaudvar egyben a metr\u00f3 \u00e9s a villamosok f\u0151 csom\u00f3pontja is. Err\u0151l a kiindul\u00f3pontr\u00f3l vill\u00e1mgyorsan eljutsz sz\u00f3 szerint b\u00e1rhova az eg\u00e9sz v\u00e1rosban.<\/p>\n\n\n\n<p class=\"wp-block-paragraph\">\ud83d\udca1 Tipp: Mindenk\u00e9pp aj\u00e1nlom ezt a sz\u00e1llod\u00e1t <strong>\u00fczleti utakhoz vagy r\u00f6vid h\u00e9tv\u00e9gi tart\u00f3zkod\u00e1shoz, amikor vonattal utazol<\/strong> \u00e9s nem akarsz dr\u00e1ga id\u0151t vesztegetni a neh\u00e9z b\u0151r\u00f6nd\u00f6kkel val\u00f3 \u00e1tkel\u00e9sre az eg\u00e9sz v\u00e1roson. A p\u00e1lyaudvar ugyanis pont szemben van, te pedig \u00e9rkez\u00e9s ut\u00e1n azonnal besz\u00e1ll\u00e1solhatod magad, \u00e9s \u00fatnak indulhatsz felfedezni az osztr\u00e1k metropolisz sz\u00e9ps\u00e9geit. <em><a href=\"https:\/\/www.stay22.com\/allez\/roam?aid=lukaskonecny&#038;campaign=loudavymkrokemcz&#038;campaign=kde-bydlet-ve-vidni&#038;hotelname=Hotel%20Schani&#038;address=V%C3%ADde%C5%88%2C%20Rakousko\" target=\"_blank\" rel=\"nofollow noopener sponsored\">\u00e1rak \u00e9s el\u00e9rhet\u0151s\u00e9g ellen\u0151rz\u00e9se<\/a><\/em><\/p>\n\n\n\n<figure data-wp-context=\"{&quot;imageId&quot;:&quot;6a9c2081696a6&quot;}\" data-wp-interactive=\"core\/image\" data-wp-key=\"6a9c2081696a6\" class=\"wp-block-image size-full wp-lightbox-container\"><img decoding=\"async\" width=\"1600\" height=\"1067\" data-wp-class--hide=\"state.isContentHidden\" data-wp-class--show=\"state.isContentVisible\" data-wp-init=\"callbacks.setButtonStyles\" data-wp-on--click=\"actions.showLightbox\" data-wp-on--load=\"callbacks.setButtonStyles\" data-wp-on--pointerdown=\"actions.preloadImage\" data-wp-on--pointerenter=\"actions.preloadImageWithDelay\" data-wp-on--pointerleave=\"actions.cancelPreload\" data-wp-on-window--resize=\"callbacks.setButtonStyles\" src=\"https:\/\/loudavymkrokem.cz\/wp-content\/uploads\/2026\/08\/ruby-marie-hotel-u-mariahilfer-stra-e.jpg\" alt=\"A Ruby Marie Hotel a Mariahilfer Stra\u00dfe mellett\" class=\"wp-image-407134\" title=\"\" srcset=\"https:\/\/loudavymkrokem.cz\/wp-content\/uploads\/2026\/08\/ruby-marie-hotel-u-mariahilfer-stra-e.jpg 1600w, https:\/\/loudavymkrokem.cz\/wp-content\/uploads\/2026\/08\/ruby-marie-hotel-u-mariahilfer-stra-e-300x200.jpg 300w, https:\/\/loudavymkrokem.cz\/wp-content\/uploads\/2026\/08\/ruby-marie-hotel-u-mariahilfer-stra-e-700x467.jpg 700w, https:\/\/loudavymkrokem.cz\/wp-content\/uploads\/2026\/08\/ruby-marie-hotel-u-mariahilfer-stra-e-768x512.jpg 768w, https:\/\/loudavymkrokem.cz\/wp-content\/uploads\/2026\/08\/ruby-marie-hotel-u-mariahilfer-stra-e-1536x1024.jpg 1536w, https:\/\/loudavymkrokem.cz\/wp-content\/uploads\/2026\/08\/ruby-marie-hotel-u-mariahilfer-stra-e-696x464.jpg 696w, https:\/\/loudavymkrokem.cz\/wp-content\/uploads\/2026\/08\/ruby-marie-hotel-u-mariahilfer-stra-e-1392x928.jpg 1392w\" sizes=\"(max-width: 1600px) 100vw, 1600px\" \/><button\n\t\t\tclass=\"lightbox-trigger\"\n\t\t\ttype=\"button\"\n\t\t\taria-haspopup=\"dialog\"\n\t\t\tdata-wp-bind--aria-label=\"state.thisImage.triggerButtonAriaLabel\"\n\t\t\tdata-wp-init=\"callbacks.initTriggerButton\"\n\t\t\tdata-wp-on--click=\"actions.showLightbox\"\n\t\t\tdata-wp-style--right=\"state.thisImage.buttonRight\"\n\t\t\tdata-wp-style--top=\"state.thisImage.buttonTop\"\n\t\t>\n\t\t\t<svg xmlns=\"http:\/\/www.w3.org\/2000\/svg\" width=\"12\" height=\"12\" fill=\"none\" viewBox=\"0 0 12 12\">\n\t\t\t\t<path fill=\"#fff\" d=\"M2 0a2 2 0 0 0-2 2v2h1.5V2a.5.5 0 0 1 .5-.5h2V0H2Zm2 10.5H2a.5.5 0 0 1-.5-.5V8H0v2a2 2 0 0 0 2 2h2v-1.5ZM8 12v-1.5h2a.5.5 0 0 0 .5-.5V8H12v2a2 2 0 0 1-2 2H8Zm2-12a2 2 0 0 1 2 2v2h-1.5V2a.5.5 0 0 0-.5-.5H8V0h2Z\" \/>\n\t\t\t<\/svg>\n\t\t<\/button><figcaption class=\"wp-element-caption\">Foto: Ruby Marie Hotel Vienna by IHG \/ Google Maps<\/figcaption><\/figure>\n\n\n\n<h3 class=\"wp-block-heading\"><span class=\"ez-toc-section\" id=\"19_Ruby_Marie_Hotel_Vienna\"><\/span>19. Ruby Marie Hotel Vienna<span class=\"ez-toc-section-end\"><\/span><\/h3>\n\n\n\n<p class=\"wp-block-paragraph\">Ez a hatalmas \u00e9s rendk\u00edv\u00fcl n\u00e9pszer\u0171 sz\u00e1lloda k\u00f6zvetlen\u00fcl a h\u00edres Mariahilfer Stra\u00dfe bev\u00e1s\u00e1rl\u00f3utc\u00e1n fekszik, \u00e9s teljesen remek <strong>4,6-os \u00e9rt\u00e9kel\u00e9se van 3 579 v\u00e9lem\u00e9ny alapj\u00e1n<\/strong>. A nagyon sikeres Ruby m\u00e1rka eg\u00e9sz koncepci\u00f3ja az \u00fagynevezett \u201elean luxury&#8221; \u00e9rdekes gondolat\u00e1n alapul. A gyakorlatban ez azt jelenti, hogy fizetsz a fantasztikus k\u00e9nyelmes \u00e1gy\u00e9rt, az er\u0151s zuhany\u00e9rt \u00e9s a teljesen remek helysz\u00edn\u00e9rt, de nem fizetsz semmilyen felesleges plusz sz\u00e1llodai szolg\u00e1ltat\u00e1s\u00e9rt, amit \u00fagysem haszn\u00e1ln\u00e1l ki.<\/p>\n\n\n\n<p class=\"wp-block-paragraph\">A sok el\u00e9rhet\u0151 v\u00e9lem\u00e9nyb\u0151l vil\u00e1gosan l\u00e1tszik az \u00f3ri\u00e1si lelkesed\u00e9s a <strong>gy\u00f6ny\u00f6r\u0171 tet\u0151terasz \u00e9s a folyamatos nonstop \u00fczem\u0171 st\u00edlusos b\u00e1r<\/strong> ir\u00e1nt. Ez a b\u00e1r nemcsak a reggelikre szolg\u00e1l, hanem teljesen remek helysz\u00ednk\u00e9nt m\u0171k\u00f6dik a fesztelen esti \u00fcld\u00f6g\u00e9l\u00e9shez egy kokt\u00e9llal a k\u00e9zben. A modern szob\u00e1k m\u00e9ret\u00fcket tekintve ugyan ink\u00e1bb kisebbek, de nagyon okosan \u00e9s praktikusan vannak megoldva.<\/p>\n\n\n\n<p class=\"wp-block-paragraph\">A hatodik ker\u00fcleti, Mariahilf-beli fekv\u00e9s\u00e9nek k\u00f6sz\u00f6nhet\u0151en a legjobb \u00fczletek sz\u00f3 szerint a bej\u00e1rati ajt\u00f3d el\u0151tt vannak. <strong>A metr\u00f3\u00e1llom\u00e1s csak n\u00e9h\u00e1ny l\u00e9p\u00e9sre van a recepci\u00f3t\u00f3l<\/strong>, \u00edgy egy v\u00e1s\u00e1rl\u00e1ssal teli, f\u00e1raszt\u00f3 nap ut\u00e1n nem kell messzire vonszolnod a szatyrokat.<\/p>\n\n\n\n<p class=\"wp-block-paragraph\">\ud83d\udca1 Tipp: Ez teljesen t\u00f6k\u00e9letes \u00e9s strat\u00e9giai b\u00e1zis a <strong>lelkes v\u00e1s\u00e1rl\u00e1sim\u00e1d\u00f3knak \u00e9s a fiatalabb p\u00e1roknak<\/strong>, akik modern \u00e9s nagyon ny\u00fczsg\u0151 k\u00f6rnyezetben szeretn\u00e9nek lakni, minden esti program kiv\u00e1l\u00f3 el\u00e9rhet\u0151s\u00e9g\u00e9vel. <em><a href=\"https:\/\/www.stay22.com\/allez\/roam?aid=lukaskonecny&#038;campaign=loudavymkrokemcz&#038;campaign=kde-bydlet-ve-vidni&#038;hotelname=Ruby%20Marie%20Hotel%20Vienna&#038;address=V%C3%ADde%C5%88%2C%20Rakousko\" target=\"_blank\" rel=\"nofollow noopener sponsored\">\u00e1rak \u00e9s el\u00e9rhet\u0151s\u00e9g ellen\u0151rz\u00e9se<\/a><\/em><\/p>\n\n\n\n<figure data-wp-context=\"{&quot;imageId&quot;:&quot;6a9c208169bc3&quot;}\" data-wp-interactive=\"core\/image\" data-wp-key=\"6a9c208169bc3\" class=\"wp-block-image size-full wp-lightbox-container\"><img decoding=\"async\" width=\"1800\" height=\"945\" data-wp-class--hide=\"state.isContentHidden\" data-wp-class--show=\"state.isContentVisible\" data-wp-init=\"callbacks.setButtonStyles\" data-wp-on--click=\"actions.showLightbox\" data-wp-on--load=\"callbacks.setButtonStyles\" data-wp-on--pointerdown=\"actions.preloadImage\" data-wp-on--pointerenter=\"actions.preloadImageWithDelay\" data-wp-on--pointerleave=\"actions.cancelPreload\" data-wp-on-window--resize=\"callbacks.setButtonStyles\" src=\"https:\/\/loudavymkrokem.cz\/wp-content\/uploads\/2026\/08\/hotel-josefshof-am-rathaus-1.jpg\" alt=\"A Hotel Josefshof am Rathaus Josefstadtban\" class=\"wp-image-407032\" title=\"\" srcset=\"https:\/\/loudavymkrokem.cz\/wp-content\/uploads\/2026\/08\/hotel-josefshof-am-rathaus-1.jpg 1800w, https:\/\/loudavymkrokem.cz\/wp-content\/uploads\/2026\/08\/hotel-josefshof-am-rathaus-1-300x158.jpg 300w, https:\/\/loudavymkrokem.cz\/wp-content\/uploads\/2026\/08\/hotel-josefshof-am-rathaus-1-700x368.jpg 700w, https:\/\/loudavymkrokem.cz\/wp-content\/uploads\/2026\/08\/hotel-josefshof-am-rathaus-1-768x403.jpg 768w, https:\/\/loudavymkrokem.cz\/wp-content\/uploads\/2026\/08\/hotel-josefshof-am-rathaus-1-1536x806.jpg 1536w, https:\/\/loudavymkrokem.cz\/wp-content\/uploads\/2026\/08\/hotel-josefshof-am-rathaus-1-696x365.jpg 696w, https:\/\/loudavymkrokem.cz\/wp-content\/uploads\/2026\/08\/hotel-josefshof-am-rathaus-1-1392x731.jpg 1392w\" sizes=\"(max-width: 1800px) 100vw, 1800px\" \/><button\n\t\t\tclass=\"lightbox-trigger\"\n\t\t\ttype=\"button\"\n\t\t\taria-haspopup=\"dialog\"\n\t\t\tdata-wp-bind--aria-label=\"state.thisImage.triggerButtonAriaLabel\"\n\t\t\tdata-wp-init=\"callbacks.initTriggerButton\"\n\t\t\tdata-wp-on--click=\"actions.showLightbox\"\n\t\t\tdata-wp-style--right=\"state.thisImage.buttonRight\"\n\t\t\tdata-wp-style--top=\"state.thisImage.buttonTop\"\n\t\t>\n\t\t\t<svg xmlns=\"http:\/\/www.w3.org\/2000\/svg\" width=\"12\" height=\"12\" fill=\"none\" viewBox=\"0 0 12 12\">\n\t\t\t\t<path fill=\"#fff\" d=\"M2 0a2 2 0 0 0-2 2v2h1.5V2a.5.5 0 0 1 .5-.5h2V0H2Zm2 10.5H2a.5.5 0 0 1-.5-.5V8H0v2a2 2 0 0 0 2 2h2v-1.5ZM8 12v-1.5h2a.5.5 0 0 0 .5-.5V8H12v2a2 2 0 0 1-2 2H8Zm2-12a2 2 0 0 1 2 2v2h-1.5V2a.5.5 0 0 0-.5-.5H8V0h2Z\" \/>\n\t\t\t<\/svg>\n\t\t<\/button><figcaption class=\"wp-element-caption\">Foto: Hotel Josefshof am Rathaus \/ ofici\u00e1ln\u00ed web<\/figcaption><\/figure>\n\n\n\n<h3 class=\"wp-block-heading\"><span class=\"ez-toc-section\" id=\"20_Hotel_Josefshof_am_Rathaus\"><\/span>20. Hotel Josefshof am Rathaus<span class=\"ez-toc-section-end\"><\/span><\/h3>\n\n\n\n<p class=\"wp-block-paragraph\">A gy\u00f6ny\u00f6r\u0171 \u00e9s hihetetlen\u00fcl nyugodt nyolcadik ker\u00fcletben, Josefstadtban fekszik ez a nagyon hagyom\u00e1nyos sz\u00e1lloda <strong>4,5-\u00f6s \u00e9rt\u00e9kel\u00e9ssel 2 310 v\u00e9lem\u00e9ny alapj\u00e1n<\/strong>. Az itteni t\u00e1gas \u00e9p\u00fclet gy\u00f6ny\u00f6r\u0171 szob\u00e1kat k\u00edn\u00e1l, amelyek vagy a klasszikus b\u00e9csi t\u00f6rt\u00e9nelmi elegancia, vagy a nagyon \u00fcde \u00e9s modern szecesszi\u00f3s diz\u00e1jn st\u00edlus\u00e1ban vannak berendezve. A fens\u00e9ges v\u00e1rosh\u00e1z\u00e1t\u00f3l \u00e9s a h\u00edres Burgtheater sz\u00ednh\u00e1zt\u00f3l k\u00f6zben csak n\u00e9h\u00e1ny perc nagyon kellemes s\u00e9ta v\u00e1laszt el a csendes utc\u00e1kon.<\/p>\n\n\n\n<p class=\"wp-block-paragraph\">A l\u00e1togat\u00f3k a v\u00e9lem\u00e9nyekben mindenb\u0151l a legjobban a <strong>gy\u00f6ny\u00f6r\u0171 \u00e9s t\u00f6k\u00e9letesen csendes bels\u0151 udvart<\/strong> dics\u00e9rik, ahol ny\u00e1ron rendszeresen felszolg\u00e1lj\u00e1k a reggelit. Tov\u00e1bbi \u00f3ri\u00e1si el\u0151ny a kiv\u00e1l\u00f3 reggeliz\u0151 b\u00fcf\u00e9 nagyon nagyvonal\u00fa nyitvatart\u00e1sa, amely itt eg\u00e9szen d\u00e9lut\u00e1n tizenk\u00e9t \u00f3r\u00e1ig m\u0171k\u00f6dik, amit garant\u00e1ltan \u00e9rt\u00e9kelnek a f\u00e1radt hossz\u00faalv\u00f3k.<\/p>\n\n\n\n<p class=\"wp-block-paragraph\">Ez a ker\u00fclet a kis f\u00fcggetlen k\u00e1v\u00e9z\u00f3ir\u00f3l \u00e9s az \u00f6sszess\u00e9g\u00e9ben nagyon lass\u00fa \u00e9letritmus\u00e1r\u00f3l ismert. <strong>A sz\u00e1lloda szem\u00e9lyzete h\u00edres a hagyom\u00e1nyos osztr\u00e1k vend\u00e9gszeretet\u00e9r\u0151l<\/strong>, \u00e9s mindig k\u00e9szs\u00e9gesen tan\u00e1csot ad egy csendes helyi kocsma kiv\u00e1laszt\u00e1s\u00e1hoz egy j\u00f3 esti poh\u00e1r borra. <\/p>\n\n\n\n<p class=\"wp-block-paragraph\">\ud83d\udca1 Tipp: Haboz\u00e1s n\u00e9lk\u00fcl sz\u00e1llj meg itt, ha <strong>abszol\u00fat nyugalmat keresel egy gy\u00f6ny\u00f6r\u0171 rezidenci\u00e1lis negyedben, de k\u00f6zben a v\u00e1rosk\u00f6zpontot m\u00e9gis \u00e1lland\u00f3an k\u00e9zn\u00e9l akarod tudni<\/strong>. A nyolcadik ker\u00fclet erre a c\u00e9lra teljesen t\u00f6k\u00e9letes \u00e9s nagyon autentikus. <em><a href=\"https:\/\/www.stay22.com\/allez\/roam?aid=lukaskonecny&#038;campaign=loudavymkrokemcz&#038;campaign=kde-bydlet-ve-vidni&#038;hotelname=Hotel%20Josefshof%20am%20Rathaus&#038;address=V%C3%ADde%C5%88%2C%20Rakousko\" target=\"_blank\" rel=\"nofollow noopener sponsored\">\u00e1rak \u00e9s el\u00e9rhet\u0151s\u00e9g ellen\u0151rz\u00e9se<\/a><\/em><\/p>\n\n\n\n<figure data-wp-context=\"{&quot;imageId&quot;:&quot;6a9c20816a054&quot;}\" data-wp-interactive=\"core\/image\" data-wp-key=\"6a9c20816a054\" class=\"wp-block-image size-full wp-lightbox-container\"><img decoding=\"async\" width=\"1600\" height=\"900\" data-wp-class--hide=\"state.isContentHidden\" data-wp-class--show=\"state.isContentVisible\" data-wp-init=\"callbacks.setButtonStyles\" data-wp-on--click=\"actions.showLightbox\" data-wp-on--load=\"callbacks.setButtonStyles\" data-wp-on--pointerdown=\"actions.preloadImage\" data-wp-on--pointerenter=\"actions.preloadImageWithDelay\" data-wp-on--pointerleave=\"actions.cancelPreload\" data-wp-on-window--resize=\"callbacks.setButtonStyles\" src=\"https:\/\/loudavymkrokem.cz\/wp-content\/uploads\/2026\/08\/hotel-rathauspark-u-v-de-sk-radnice.jpg\" alt=\"A Hotel Rathauspark a b\u00e9csi v\u00e1rosh\u00e1za mellett\" class=\"wp-image-407130\" title=\"\" srcset=\"https:\/\/loudavymkrokem.cz\/wp-content\/uploads\/2026\/08\/hotel-rathauspark-u-v-de-sk-radnice.jpg 1600w, https:\/\/loudavymkrokem.cz\/wp-content\/uploads\/2026\/08\/hotel-rathauspark-u-v-de-sk-radnice-300x169.jpg 300w, https:\/\/loudavymkrokem.cz\/wp-content\/uploads\/2026\/08\/hotel-rathauspark-u-v-de-sk-radnice-700x394.jpg 700w, https:\/\/loudavymkrokem.cz\/wp-content\/uploads\/2026\/08\/hotel-rathauspark-u-v-de-sk-radnice-768x432.jpg 768w, https:\/\/loudavymkrokem.cz\/wp-content\/uploads\/2026\/08\/hotel-rathauspark-u-v-de-sk-radnice-1536x864.jpg 1536w, https:\/\/loudavymkrokem.cz\/wp-content\/uploads\/2026\/08\/hotel-rathauspark-u-v-de-sk-radnice-696x392.jpg 696w, https:\/\/loudavymkrokem.cz\/wp-content\/uploads\/2026\/08\/hotel-rathauspark-u-v-de-sk-radnice-1392x783.jpg 1392w\" sizes=\"(max-width: 1600px) 100vw, 1600px\" \/><button\n\t\t\tclass=\"lightbox-trigger\"\n\t\t\ttype=\"button\"\n\t\t\taria-haspopup=\"dialog\"\n\t\t\tdata-wp-bind--aria-label=\"state.thisImage.triggerButtonAriaLabel\"\n\t\t\tdata-wp-init=\"callbacks.initTriggerButton\"\n\t\t\tdata-wp-on--click=\"actions.showLightbox\"\n\t\t\tdata-wp-style--right=\"state.thisImage.buttonRight\"\n\t\t\tdata-wp-style--top=\"state.thisImage.buttonTop\"\n\t\t>\n\t\t\t<svg xmlns=\"http:\/\/www.w3.org\/2000\/svg\" width=\"12\" height=\"12\" fill=\"none\" viewBox=\"0 0 12 12\">\n\t\t\t\t<path fill=\"#fff\" d=\"M2 0a2 2 0 0 0-2 2v2h1.5V2a.5.5 0 0 1 .5-.5h2V0H2Zm2 10.5H2a.5.5 0 0 1-.5-.5V8H0v2a2 2 0 0 0 2 2h2v-1.5ZM8 12v-1.5h2a.5.5 0 0 0 .5-.5V8H12v2a2 2 0 0 1-2 2H8Zm2-12a2 2 0 0 1 2 2v2h-1.5V2a.5.5 0 0 0-.5-.5H8V0h2Z\" \/>\n\t\t\t<\/svg>\n\t\t<\/button><figcaption class=\"wp-element-caption\">Foto: Hotel Rathauspark Wien &#8211; Handwritten Collection \/ Google Maps<\/figcaption><\/figure>\n\n\n\n<h3 class=\"wp-block-heading\"><span class=\"ez-toc-section\" id=\"21_Hotel_Rathauspark_Wien_%E2%80%94_Handwritten_Collection\"><\/span>21. Hotel Rathauspark Wien \u2014 Handwritten Collection<span class=\"ez-toc-section-end\"><\/span><\/h3>\n\n\n\n<p class=\"wp-block-paragraph\">Ez a nagyon kellemes \u00e9s megb\u00edzhat\u00f3 k\u00f6z\u00e9pkateg\u00f3ri\u00e1s sz\u00e1lloda gy\u00f6ny\u00f6r\u0171 <strong>4,4-es \u00e9rt\u00e9kel\u00e9ssel 1 300 v\u00e9lem\u00e9ny alapj\u00e1n<\/strong> egy gondosan fel\u00faj\u00edtott tizenkilencedik sz\u00e1zadi polg\u00e1ri palot\u00e1ban sz\u00e9kel. Csak kis darabk\u00e1ra tal\u00e1lod a fens\u00e9ges v\u00e1rosh\u00e1z\u00e1t\u00f3l \u00e9s a b\u00e9csi egyetem f\u0151\u00e9p\u00fclet\u00e9t\u0151l. Minden szoba nagyon \u00edzl\u00e9sesen kombin\u00e1lja az eredeti t\u00f6rt\u00e9nelmi elemeket a teljesen modern, tiszta diz\u00e1jnnal.<\/p>\n\n\n\n<p class=\"wp-block-paragraph\">Sok f\u00fcggetlen vend\u00e9gv\u00e9lem\u00e9ny szerint a sz\u00e1lloda legnagyobb er\u00e9nye a <strong>kiv\u00e1l\u00f3 \u00e1r-\u00e9rt\u00e9k ar\u00e1ny, a nagyon t\u00e1gas szob\u00e1k \u00e9s a meglep\u0151en nyugodt hangulat<\/strong>. Ez a nyugalom \u00e9les \u00e9s nagyon kellemes kontrasztban \u00e1ll a k\u00f6zeli t\u00f6rt\u00e9nelmi belv\u00e1ros \u00e1lland\u00f3 ny\u00fczsg\u00e9s\u00e9vel, ahova napk\u00f6zben a nevezetess\u00e9geket csod\u00e1lni j\u00e1rnak.<\/p>\n\n\n\n<p class=\"wp-block-paragraph\">Az egyetemi kampusz k\u00f6zels\u00e9g\u00e9nek k\u00f6sz\u00f6nhet\u0151en a k\u00f6rnyez\u0151 utc\u00e1kban rengeteg remek \u00e9s megfizethet\u0151 bisztr\u00f3t \u00e9s k\u00e1v\u00e9z\u00f3t tal\u00e1lsz, ahova a helyi di\u00e1kok sz\u00edvesen j\u00e1rnak. <strong>A villamosos k\u00f6zleked\u00e9si \u00f6sszek\u00f6ttet\u00e9s itt teljesen mintaszer\u0171<\/strong>, \u00edgy k\u00f6nnyen eljutsz b\u00e1rmelyik t\u00e1volabbi attrakci\u00f3hoz.<\/p>\n\n\n\n<p class=\"wp-block-paragraph\">\ud83d\udca1 Tipp: V\u00e1laszd ezt a bev\u00e1lt sz\u00e1llod\u00e1t, ha egyszer\u0171en <strong>szolid \u00e9s nagyon megb\u00edzhat\u00f3 sz\u00e1ll\u00e1st keresel egy gy\u00f6ny\u00f6r\u0171 t\u00f6rt\u00e9nelmi \u00e9p\u00fcletben<\/strong>, amelyb\u0151l nagyon k\u00e9nyelmesen gyalog eljutsz a f\u0151 m\u00fazeumokhoz \u00e9s nevezetess\u00e9gekhez a h\u00edres Ringen. <em><a href=\"https:\/\/www.stay22.com\/allez\/roam?aid=lukaskonecny&#038;campaign=loudavymkrokemcz&#038;campaign=kde-bydlet-ve-vidni&#038;hotelname=Hotel%20Rathauspark%20Wien&#038;address=V%C3%ADde%C5%88%2C%20Rakousko\" target=\"_blank\" rel=\"nofollow noopener sponsored\">\u00e1rak \u00e9s el\u00e9rhet\u0151s\u00e9g ellen\u0151rz\u00e9se<\/a><\/em><\/p>\n\n\n\n<figure data-wp-context=\"{&quot;imageId&quot;:&quot;6a9c20816a4bc&quot;}\" data-wp-interactive=\"core\/image\" data-wp-key=\"6a9c20816a4bc\" class=\"wp-block-image size-full wp-lightbox-container\"><img decoding=\"async\" width=\"1600\" height=\"900\" data-wp-class--hide=\"state.isContentHidden\" data-wp-class--show=\"state.isContentVisible\" data-wp-init=\"callbacks.setButtonStyles\" data-wp-on--click=\"actions.showLightbox\" data-wp-on--load=\"callbacks.setButtonStyles\" data-wp-on--pointerdown=\"actions.preloadImage\" data-wp-on--pointerenter=\"actions.preloadImageWithDelay\" data-wp-on--pointerleave=\"actions.cancelPreload\" data-wp-on-window--resize=\"callbacks.setButtonStyles\" src=\"https:\/\/loudavymkrokem.cz\/wp-content\/uploads\/2026\/08\/ruby-lissi-hotel-pobl-stephansdomu.jpg\" alt=\"A Ruby Lissi Hotel a Stephansdom k\u00f6zel\u00e9ben\" class=\"wp-image-407127\" title=\"\" srcset=\"https:\/\/loudavymkrokem.cz\/wp-content\/uploads\/2026\/08\/ruby-lissi-hotel-pobl-stephansdomu.jpg 1600w, https:\/\/loudavymkrokem.cz\/wp-content\/uploads\/2026\/08\/ruby-lissi-hotel-pobl-stephansdomu-300x169.jpg 300w, https:\/\/loudavymkrokem.cz\/wp-content\/uploads\/2026\/08\/ruby-lissi-hotel-pobl-stephansdomu-700x394.jpg 700w, https:\/\/loudavymkrokem.cz\/wp-content\/uploads\/2026\/08\/ruby-lissi-hotel-pobl-stephansdomu-768x432.jpg 768w, https:\/\/loudavymkrokem.cz\/wp-content\/uploads\/2026\/08\/ruby-lissi-hotel-pobl-stephansdomu-1536x864.jpg 1536w, https:\/\/loudavymkrokem.cz\/wp-content\/uploads\/2026\/08\/ruby-lissi-hotel-pobl-stephansdomu-696x392.jpg 696w, https:\/\/loudavymkrokem.cz\/wp-content\/uploads\/2026\/08\/ruby-lissi-hotel-pobl-stephansdomu-1392x783.jpg 1392w\" sizes=\"(max-width: 1600px) 100vw, 1600px\" \/><button\n\t\t\tclass=\"lightbox-trigger\"\n\t\t\ttype=\"button\"\n\t\t\taria-haspopup=\"dialog\"\n\t\t\tdata-wp-bind--aria-label=\"state.thisImage.triggerButtonAriaLabel\"\n\t\t\tdata-wp-init=\"callbacks.initTriggerButton\"\n\t\t\tdata-wp-on--click=\"actions.showLightbox\"\n\t\t\tdata-wp-style--right=\"state.thisImage.buttonRight\"\n\t\t\tdata-wp-style--top=\"state.thisImage.buttonTop\"\n\t\t>\n\t\t\t<svg xmlns=\"http:\/\/www.w3.org\/2000\/svg\" width=\"12\" height=\"12\" fill=\"none\" viewBox=\"0 0 12 12\">\n\t\t\t\t<path fill=\"#fff\" d=\"M2 0a2 2 0 0 0-2 2v2h1.5V2a.5.5 0 0 1 .5-.5h2V0H2Zm2 10.5H2a.5.5 0 0 1-.5-.5V8H0v2a2 2 0 0 0 2 2h2v-1.5ZM8 12v-1.5h2a.5.5 0 0 0 .5-.5V8H12v2a2 2 0 0 1-2 2H8Zm2-12a2 2 0 0 1 2 2v2h-1.5V2a.5.5 0 0 0-.5-.5H8V0h2Z\" \/>\n\t\t\t<\/svg>\n\t\t<\/button><figcaption class=\"wp-element-caption\">Foto: Ruby Lissi Hotel Vienna by IHG \/ Google Maps<\/figcaption><\/figure>\n\n\n\n<h3 class=\"wp-block-heading\"><span class=\"ez-toc-section\" id=\"22_Ruby_Lissi_Hotel_Vienna\"><\/span>22. Ruby Lissi Hotel Vienna<span class=\"ez-toc-section-end\"><\/span><\/h3>\n\n\n\n<p class=\"wp-block-paragraph\">A n\u00e9pszer\u0171, \u00fagynevezett \u201elean luxury&#8221; koncepci\u00f3 ezen \u00fajabb kedvelt k\u00e9pvisel\u0151je k\u00f6zvetlen\u00fcl az els\u0151 ker\u00fcletben, a Stephansdom sz\u00e9kesegyh\u00e1z k\u00f6zel\u00e9ben tal\u00e1lhat\u00f3, \u00e9s nagyon szolid <strong>4,3-as \u00e9rt\u00e9kel\u00e9st tart 1 600 v\u00e9lem\u00e9ny alapj\u00e1n<\/strong>. Az itteni bels\u0151 terek er\u0151sen a tizenkilencedik sz\u00e1zadi utaz\u00e1st\u00f3l \u00e9s a szeretett Sisi cs\u00e1sz\u00e1rn\u00e9t\u0151l ihletettek, ami az eg\u00e9sz sz\u00e1llod\u00e1nak igaz\u00e1n nagyon egy\u00e9ni \u00e9s felejthetetlen karaktert ad.<\/p>\n\n\n\n<p class=\"wp-block-paragraph\">A vil\u00e1g minden t\u00e1j\u00e1r\u00f3l \u00e9rkez\u0151 vend\u00e9gek els\u0151sorban a <strong>fantasztikus \u00e9s teljesen verhetetlen fekv\u00e9st a v\u00e1ros t\u00f6rt\u00e9nelmi sz\u00edv\u00e9ben, valamint a st\u00edlusos nonstop b\u00e1rt<\/strong> \u00e9rt\u00e9kelik, ahol r\u00e1ad\u00e1sul remek eg\u00e9szs\u00e9ges reggeliket szolg\u00e1lnak fel helyi bioterm\u00e9kekb\u0151l. Maguk a szob\u00e1k nagyon c\u00e9lszer\u0171en \u00e9s okosan vannak berendezve, \u00f3ri\u00e1si hangs\u00falyt fektetve az \u00e9jszakai alv\u00e1sod min\u0151s\u00e9g\u00e9re.<\/p>\n\n\n\n<p class=\"wp-block-paragraph\">B\u00e1r n\u00e9h\u00e1ny szoba beoszt\u00e1s\u00e1ban kisebb, mindent megtal\u00e1lsz benn\u00fck, ami sz\u00fcks\u00e9ges, ide \u00e9rtve a kiv\u00e1l\u00f3 kozmetikumokat \u00e9s a cs\u00facsmin\u0151s\u00e9g\u0171 hangz\u00e1st. <strong>A cs\u00e1sz\u00e1rn\u00e9 t\u00f6rt\u00e9nelmi \u00f6r\u00f6ks\u00e9ge \u00e9s a modern technol\u00f3gi\u00e1k kombin\u00e1ci\u00f3ja<\/strong> itt a v\u00e9lem\u00e9nyek szerint teljesen t\u00f6k\u00e9letesen m\u0171k\u00f6dik, \u00e9s nagyon sz\u00f3rakoztat\u00f3 k\u00f6rnyezetet teremt.<\/p>\n\n\n\n<p class=\"wp-block-paragraph\">\ud83d\udca1 Tipp: Ha minden\u00e1ron <strong>k\u00f6zvetlen\u00fcl a t\u00f6rt\u00e9nelmi belv\u00e1rosban szeretn\u00e9l lakni \u00e9sszer\u0171 p\u00e9nz\u00e9rt, \u00e9s nincs felt\u00e9tlen\u00fcl sz\u00fcks\u00e9ged hatalmas, t\u00e1gas szob\u00e1ra<\/strong>, ez a sz\u00e1lloda teljesen remek \u00e9s st\u00edlusos h\u00e1tteret ny\u00fajt a v\u00e1ros mindennapi felfedez\u00e9s\u00e9hez. <em><a href=\"https:\/\/www.stay22.com\/allez\/roam?aid=lukaskonecny&#038;campaign=loudavymkrokemcz&#038;campaign=kde-bydlet-ve-vidni&#038;hotelname=Ruby%20Lissi%20Hotel%20Vienna&#038;address=V%C3%ADde%C5%88%2C%20Rakousko\" target=\"_blank\" rel=\"nofollow noopener sponsored\">\u00e1rak \u00e9s el\u00e9rhet\u0151s\u00e9g ellen\u0151rz\u00e9se<\/a><\/em><\/p>\n\n\n\n<figure data-wp-context=\"{&quot;imageId&quot;:&quot;6a9c20816a95c&quot;}\" data-wp-interactive=\"core\/image\" data-wp-key=\"6a9c20816a95c\" class=\"wp-block-image size-full wp-lightbox-container\"><img decoding=\"async\" width=\"1800\" height=\"1350\" data-wp-class--hide=\"state.isContentHidden\" data-wp-class--show=\"state.isContentVisible\" data-wp-init=\"callbacks.setButtonStyles\" data-wp-on--click=\"actions.showLightbox\" data-wp-on--load=\"callbacks.setButtonStyles\" data-wp-on--pointerdown=\"actions.preloadImage\" data-wp-on--pointerenter=\"actions.preloadImageWithDelay\" data-wp-on--pointerleave=\"actions.cancelPreload\" data-wp-on-window--resize=\"callbacks.setButtonStyles\" src=\"https:\/\/loudavymkrokem.cz\/wp-content\/uploads\/2026\/08\/hotel-zipser-1.jpg\" alt=\"Szoba a csal\u00e1di Hotel Zipserben Josefstadtban\" class=\"wp-image-407019\" title=\"\" srcset=\"https:\/\/loudavymkrokem.cz\/wp-content\/uploads\/2026\/08\/hotel-zipser-1.jpg 1800w, https:\/\/loudavymkrokem.cz\/wp-content\/uploads\/2026\/08\/hotel-zipser-1-300x225.jpg 300w, https:\/\/loudavymkrokem.cz\/wp-content\/uploads\/2026\/08\/hotel-zipser-1-700x525.jpg 700w, https:\/\/loudavymkrokem.cz\/wp-content\/uploads\/2026\/08\/hotel-zipser-1-768x576.jpg 768w, https:\/\/loudavymkrokem.cz\/wp-content\/uploads\/2026\/08\/hotel-zipser-1-1536x1152.jpg 1536w, https:\/\/loudavymkrokem.cz\/wp-content\/uploads\/2026\/08\/hotel-zipser-1-80x60.jpg 80w, https:\/\/loudavymkrokem.cz\/wp-content\/uploads\/2026\/08\/hotel-zipser-1-160x120.jpg 160w, https:\/\/loudavymkrokem.cz\/wp-content\/uploads\/2026\/08\/hotel-zipser-1-696x522.jpg 696w, https:\/\/loudavymkrokem.cz\/wp-content\/uploads\/2026\/08\/hotel-zipser-1-1392x1044.jpg 1392w\" sizes=\"(max-width: 1800px) 100vw, 1800px\" \/><button\n\t\t\tclass=\"lightbox-trigger\"\n\t\t\ttype=\"button\"\n\t\t\taria-haspopup=\"dialog\"\n\t\t\tdata-wp-bind--aria-label=\"state.thisImage.triggerButtonAriaLabel\"\n\t\t\tdata-wp-init=\"callbacks.initTriggerButton\"\n\t\t\tdata-wp-on--click=\"actions.showLightbox\"\n\t\t\tdata-wp-style--right=\"state.thisImage.buttonRight\"\n\t\t\tdata-wp-style--top=\"state.thisImage.buttonTop\"\n\t\t>\n\t\t\t<svg xmlns=\"http:\/\/www.w3.org\/2000\/svg\" width=\"12\" height=\"12\" fill=\"none\" viewBox=\"0 0 12 12\">\n\t\t\t\t<path fill=\"#fff\" d=\"M2 0a2 2 0 0 0-2 2v2h1.5V2a.5.5 0 0 1 .5-.5h2V0H2Zm2 10.5H2a.5.5 0 0 1-.5-.5V8H0v2a2 2 0 0 0 2 2h2v-1.5ZM8 12v-1.5h2a.5.5 0 0 0 .5-.5V8H12v2a2 2 0 0 1-2 2H8Zm2-12a2 2 0 0 1 2 2v2h-1.5V2a.5.5 0 0 0-.5-.5H8V0h2Z\" \/>\n\t\t\t<\/svg>\n\t\t<\/button><figcaption class=\"wp-element-caption\">Foto: Hotel Zipser \/ ofici\u00e1ln\u00ed web<\/figcaption><\/figure>\n\n\n\n<h3 class=\"wp-block-heading\"><span class=\"ez-toc-section\" id=\"23_Hotel_Zipser\"><\/span>23. Hotel Zipser<span class=\"ez-toc-section-end\"><\/span><\/h3>\n\n\n\n<p class=\"wp-block-paragraph\">Ezt az els\u0151 pillant\u00e1sra nagyon hagyom\u00e1nyos csal\u00e1di sz\u00e1llod\u00e1t sz\u00e9p <strong>4,3-as \u00e9rt\u00e9kel\u00e9ssel 713 v\u00e9lem\u00e9ny alapj\u00e1n<\/strong> a hihetetlen\u00fcl csendes Josefstadt ker\u00fcletben tal\u00e1lod. M\u00e1r n\u00e9h\u00e1ny \u00e9vtizede megb\u00edzhat\u00f3an tartja egy nagyon hangulatos sz\u00e1ll\u00e1s h\u00edrnev\u00e9t, amelyet a m\u00faltban n\u00e9h\u00e1ny h\u00edres osztr\u00e1k m\u0171v\u00e9sz \u00e9s \u00edr\u00f3 is megkedvelt.<\/p>\n\n\n\n<figure data-wp-context=\"{&quot;galleryId&quot;:&quot;6a9c20816ab1c&quot;}\" data-wp-interactive=\"core\/gallery\" class=\"wp-block-gallery has-nested-images columns-2 is-cropped wp-block-gallery-is-layout-flex wp-block-gallery-11 is-layout-flex\">\n\n<figure data-wp-context=\"{&quot;imageId&quot;:&quot;6a9c20816adc2&quot;}\" data-wp-interactive=\"core\/image\" data-wp-key=\"6a9c20816adc2\" class=\"wp-block-image size-large wp-lightbox-container\"><img decoding=\"async\" width=\"1800\" height=\"1343\" data-wp-class--hide=\"state.isContentHidden\" data-wp-class--show=\"state.isContentVisible\" data-wp-init=\"callbacks.setButtonStyles\" data-wp-on--click=\"actions.showLightbox\" data-wp-on--load=\"callbacks.setButtonStyles\" data-wp-on--pointerdown=\"actions.preloadImage\" data-wp-on--pointerenter=\"actions.preloadImageWithDelay\" data-wp-on--pointerleave=\"actions.cancelPreload\" data-wp-on-window--resize=\"callbacks.setButtonStyles\" data-id=\"407023\" src=\"https:\/\/loudavymkrokem.cz\/wp-content\/uploads\/2026\/08\/hotel-zipser-2.jpg\" alt=\"Egy m\u00e1sik szoba a Hotel Zipserben\" class=\"wp-image-407023\" title=\"\" srcset=\"https:\/\/loudavymkrokem.cz\/wp-content\/uploads\/2026\/08\/hotel-zipser-2.jpg 1800w, https:\/\/loudavymkrokem.cz\/wp-content\/uploads\/2026\/08\/hotel-zipser-2-300x224.jpg 300w, https:\/\/loudavymkrokem.cz\/wp-content\/uploads\/2026\/08\/hotel-zipser-2-700x522.jpg 700w, https:\/\/loudavymkrokem.cz\/wp-content\/uploads\/2026\/08\/hotel-zipser-2-768x573.jpg 768w, https:\/\/loudavymkrokem.cz\/wp-content\/uploads\/2026\/08\/hotel-zipser-2-1536x1146.jpg 1536w, https:\/\/loudavymkrokem.cz\/wp-content\/uploads\/2026\/08\/hotel-zipser-2-80x60.jpg 80w, https:\/\/loudavymkrokem.cz\/wp-content\/uploads\/2026\/08\/hotel-zipser-2-160x120.jpg 160w, https:\/\/loudavymkrokem.cz\/wp-content\/uploads\/2026\/08\/hotel-zipser-2-696x519.jpg 696w, https:\/\/loudavymkrokem.cz\/wp-content\/uploads\/2026\/08\/hotel-zipser-2-1392x1039.jpg 1392w\" sizes=\"(max-width: 1800px) 100vw, 1800px\" \/><button\n\t\t\tclass=\"lightbox-trigger\"\n\t\t\ttype=\"button\"\n\t\t\taria-haspopup=\"dialog\"\n\t\t\tdata-wp-bind--aria-label=\"state.thisImage.triggerButtonAriaLabel\"\n\t\t\tdata-wp-init=\"callbacks.initTriggerButton\"\n\t\t\tdata-wp-on--click=\"actions.showLightbox\"\n\t\t\tdata-wp-style--right=\"state.thisImage.buttonRight\"\n\t\t\tdata-wp-style--top=\"state.thisImage.buttonTop\"\n\t\t>\n\t\t\t<svg xmlns=\"http:\/\/www.w3.org\/2000\/svg\" width=\"12\" height=\"12\" fill=\"none\" viewBox=\"0 0 12 12\">\n\t\t\t\t<path fill=\"#fff\" d=\"M2 0a2 2 0 0 0-2 2v2h1.5V2a.5.5 0 0 1 .5-.5h2V0H2Zm2 10.5H2a.5.5 0 0 1-.5-.5V8H0v2a2 2 0 0 0 2 2h2v-1.5ZM8 12v-1.5h2a.5.5 0 0 0 .5-.5V8H12v2a2 2 0 0 1-2 2H8Zm2-12a2 2 0 0 1 2 2v2h-1.5V2a.5.5 0 0 0-.5-.5H8V0h2Z\" \/>\n\t\t\t<\/svg>\n\t\t<\/button><figcaption class=\"wp-element-caption\">Foto: Hotel Zipser \/ ofici\u00e1ln\u00ed web<\/figcaption><\/figure>\n\n\n<figure data-wp-context=\"{&quot;imageId&quot;:&quot;6a9c20816b1af&quot;}\" data-wp-interactive=\"core\/image\" data-wp-key=\"6a9c20816b1af\" class=\"wp-block-image size-large wp-lightbox-container\"><img decoding=\"async\" width=\"1800\" height=\"1350\" data-wp-class--hide=\"state.isContentHidden\" data-wp-class--show=\"state.isContentVisible\" data-wp-init=\"callbacks.setButtonStyles\" data-wp-on--click=\"actions.showLightbox\" data-wp-on--load=\"callbacks.setButtonStyles\" data-wp-on--pointerdown=\"actions.preloadImage\" data-wp-on--pointerenter=\"actions.preloadImageWithDelay\" data-wp-on--pointerleave=\"actions.cancelPreload\" data-wp-on-window--resize=\"callbacks.setButtonStyles\" data-id=\"407026\" src=\"https:\/\/loudavymkrokem.cz\/wp-content\/uploads\/2026\/08\/hotel-zipser-3.jpg\" alt=\"A Hotel Zipser bels\u0151 tere\" class=\"wp-image-407026\" title=\"\" srcset=\"https:\/\/loudavymkrokem.cz\/wp-content\/uploads\/2026\/08\/hotel-zipser-3.jpg 1800w, https:\/\/loudavymkrokem.cz\/wp-content\/uploads\/2026\/08\/hotel-zipser-3-300x225.jpg 300w, https:\/\/loudavymkrokem.cz\/wp-content\/uploads\/2026\/08\/hotel-zipser-3-700x525.jpg 700w, https:\/\/loudavymkrokem.cz\/wp-content\/uploads\/2026\/08\/hotel-zipser-3-768x576.jpg 768w, https:\/\/loudavymkrokem.cz\/wp-content\/uploads\/2026\/08\/hotel-zipser-3-1536x1152.jpg 1536w, https:\/\/loudavymkrokem.cz\/wp-content\/uploads\/2026\/08\/hotel-zipser-3-80x60.jpg 80w, https:\/\/loudavymkrokem.cz\/wp-content\/uploads\/2026\/08\/hotel-zipser-3-160x120.jpg 160w, https:\/\/loudavymkrokem.cz\/wp-content\/uploads\/2026\/08\/hotel-zipser-3-696x522.jpg 696w, https:\/\/loudavymkrokem.cz\/wp-content\/uploads\/2026\/08\/hotel-zipser-3-1392x1044.jpg 1392w\" sizes=\"(max-width: 1800px) 100vw, 1800px\" \/><button\n\t\t\tclass=\"lightbox-trigger\"\n\t\t\ttype=\"button\"\n\t\t\taria-haspopup=\"dialog\"\n\t\t\tdata-wp-bind--aria-label=\"state.thisImage.triggerButtonAriaLabel\"\n\t\t\tdata-wp-init=\"callbacks.initTriggerButton\"\n\t\t\tdata-wp-on--click=\"actions.showLightbox\"\n\t\t\tdata-wp-style--right=\"state.thisImage.buttonRight\"\n\t\t\tdata-wp-style--top=\"state.thisImage.buttonTop\"\n\t\t>\n\t\t\t<svg xmlns=\"http:\/\/www.w3.org\/2000\/svg\" width=\"12\" height=\"12\" fill=\"none\" viewBox=\"0 0 12 12\">\n\t\t\t\t<path fill=\"#fff\" d=\"M2 0a2 2 0 0 0-2 2v2h1.5V2a.5.5 0 0 1 .5-.5h2V0H2Zm2 10.5H2a.5.5 0 0 1-.5-.5V8H0v2a2 2 0 0 0 2 2h2v-1.5ZM8 12v-1.5h2a.5.5 0 0 0 .5-.5V8H12v2a2 2 0 0 1-2 2H8Zm2-12a2 2 0 0 1 2 2v2h-1.5V2a.5.5 0 0 0-.5-.5H8V0h2Z\" \/>\n\t\t\t<\/svg>\n\t\t<\/button><figcaption class=\"wp-element-caption\">Foto: Hotel Zipser \/ ofici\u00e1ln\u00ed web<\/figcaption><\/figure>\n\n\n<figure data-wp-context=\"{&quot;imageId&quot;:&quot;6a9c20816b6c2&quot;}\" data-wp-interactive=\"core\/image\" data-wp-key=\"6a9c20816b6c2\" class=\"wp-block-image size-large wp-lightbox-container\"><img decoding=\"async\" width=\"1800\" height=\"1350\" data-wp-class--hide=\"state.isContentHidden\" data-wp-class--show=\"state.isContentVisible\" data-wp-init=\"callbacks.setButtonStyles\" data-wp-on--click=\"actions.showLightbox\" data-wp-on--load=\"callbacks.setButtonStyles\" data-wp-on--pointerdown=\"actions.preloadImage\" data-wp-on--pointerenter=\"actions.preloadImageWithDelay\" data-wp-on--pointerleave=\"actions.cancelPreload\" data-wp-on-window--resize=\"callbacks.setButtonStyles\" data-id=\"407029\" src=\"https:\/\/loudavymkrokem.cz\/wp-content\/uploads\/2026\/08\/hotel-zipser-4.jpg\" alt=\"Szoba a csal\u00e1di Hotel Zipserben Josefstadtban\" class=\"wp-image-407029\" title=\"\" srcset=\"https:\/\/loudavymkrokem.cz\/wp-content\/uploads\/2026\/08\/hotel-zipser-4.jpg 1800w, https:\/\/loudavymkrokem.cz\/wp-content\/uploads\/2026\/08\/hotel-zipser-4-300x225.jpg 300w, https:\/\/loudavymkrokem.cz\/wp-content\/uploads\/2026\/08\/hotel-zipser-4-700x525.jpg 700w, https:\/\/loudavymkrokem.cz\/wp-content\/uploads\/2026\/08\/hotel-zipser-4-768x576.jpg 768w, https:\/\/loudavymkrokem.cz\/wp-content\/uploads\/2026\/08\/hotel-zipser-4-1536x1152.jpg 1536w, https:\/\/loudavymkrokem.cz\/wp-content\/uploads\/2026\/08\/hotel-zipser-4-80x60.jpg 80w, https:\/\/loudavymkrokem.cz\/wp-content\/uploads\/2026\/08\/hotel-zipser-4-160x120.jpg 160w, https:\/\/loudavymkrokem.cz\/wp-content\/uploads\/2026\/08\/hotel-zipser-4-696x522.jpg 696w, https:\/\/loudavymkrokem.cz\/wp-content\/uploads\/2026\/08\/hotel-zipser-4-1392x1044.jpg 1392w\" sizes=\"(max-width: 1800px) 100vw, 1800px\" \/><button\n\t\t\tclass=\"lightbox-trigger\"\n\t\t\ttype=\"button\"\n\t\t\taria-haspopup=\"dialog\"\n\t\t\tdata-wp-bind--aria-label=\"state.thisImage.triggerButtonAriaLabel\"\n\t\t\tdata-wp-init=\"callbacks.initTriggerButton\"\n\t\t\tdata-wp-on--click=\"actions.showLightbox\"\n\t\t\tdata-wp-style--right=\"state.thisImage.buttonRight\"\n\t\t\tdata-wp-style--top=\"state.thisImage.buttonTop\"\n\t\t>\n\t\t\t<svg xmlns=\"http:\/\/www.w3.org\/2000\/svg\" width=\"12\" height=\"12\" fill=\"none\" viewBox=\"0 0 12 12\">\n\t\t\t\t<path fill=\"#fff\" d=\"M2 0a2 2 0 0 0-2 2v2h1.5V2a.5.5 0 0 1 .5-.5h2V0H2Zm2 10.5H2a.5.5 0 0 1-.5-.5V8H0v2a2 2 0 0 0 2 2h2v-1.5ZM8 12v-1.5h2a.5.5 0 0 0 .5-.5V8H12v2a2 2 0 0 1-2 2H8Zm2-12a2 2 0 0 1 2 2v2h-1.5V2a.5.5 0 0 0-.5-.5H8V0h2Z\" \/>\n\t\t\t<\/svg>\n\t\t<\/button><figcaption class=\"wp-element-caption\">Foto: Hotel Zipser \/ ofici\u00e1ln\u00ed web<\/figcaption><\/figure>\n\n<\/figure>\n\n\n\n<p class=\"wp-block-paragraph\">Az utaz\u00f3k a meg\u00edrt v\u00e9lem\u00e9nyekben mindenb\u0151l a leggyakrabban a <strong>t\u00f6k\u00e9letesen nyugodt hangulatot, a nagyon kedves csal\u00e1di szem\u00e9lyzetet \u00e9s a gy\u00f6ny\u00f6r\u0171, csendes bels\u0151 udvart<\/strong> emelik ki. Nem ez ugyan a legmodernebb designbomba a magazinok c\u00edmlapjair\u00f3l, de az \u00e9p\u00fclet teljesen becs\u00fcletes b\u00e9csi vend\u00e9gszeretetet k\u00edn\u00e1l igaz\u00e1n nagyon j\u00f3 \u00e1ron.<\/p>\n\n\n\n<p class=\"wp-block-paragraph\">Az alkalmazottak nagyon sz\u00edv\u00e9lyesen b\u00e1nnak a vend\u00e9gekkel, \u00e9s azt az \u00e9rz\u00e9st keltik, mintha ny\u00e1ri l\u00e1togat\u00e1sra \u00e9rkezt\u00e9l volna j\u00f3 ismer\u0151s\u00f6kh\u00f6z. <strong>A reggelik itt nagyon nyugodt temp\u00f3ban zajlanak<\/strong>, az eg\u00e9sz \u00e9p\u00fclet pedig azt a kellemes r\u00e9gim\u00f3di nosztalgi\u00e1t \u00e1rasztja, amely B\u00e9cshez egyszer\u0171en valahogy hozz\u00e1tartozik.<\/p>\n\n\n\n<p class=\"wp-block-paragraph\">\ud83d\udca1 Tipp: Teljesen remek \u00e9s biztons\u00e1gos v\u00e1laszt\u00e1s <strong>gyerekes csal\u00e1doknak vagy id\u0151sebb p\u00e1roknak<\/strong>, akik csendes k\u00f6rnyezetet keresnek egy gy\u00f6ny\u00f6r\u0171, helyi k\u00e1v\u00e9z\u00f3kkal teli negyedben, \u00e9s egy kicsit a legny\u00fczsg\u0151bb turista\u00fatvonalakon k\u00edv\u00fcl szeretn\u00e9nek lakni. <em><a href=\"https:\/\/www.stay22.com\/allez\/roam?aid=lukaskonecny&#038;campaign=loudavymkrokemcz&#038;campaign=kde-bydlet-ve-vidni&#038;hotelname=Hotel%20Zipser&#038;address=V%C3%ADde%C5%88%2C%20Rakousko\" target=\"_blank\" rel=\"nofollow noopener sponsored\">\u00e1rak \u00e9s el\u00e9rhet\u0151s\u00e9g ellen\u0151rz\u00e9se<\/a><\/em><\/p>\n\n\n\n<figure data-wp-context=\"{&quot;imageId&quot;:&quot;6a9c20816bf01&quot;}\" data-wp-interactive=\"core\/image\" data-wp-key=\"6a9c20816bf01\" class=\"wp-block-image size-full wp-lightbox-container\"><img decoding=\"async\" width=\"1800\" height=\"1200\" data-wp-class--hide=\"state.isContentHidden\" data-wp-class--show=\"state.isContentVisible\" data-wp-init=\"callbacks.setButtonStyles\" data-wp-on--click=\"actions.showLightbox\" data-wp-on--load=\"callbacks.setButtonStyles\" data-wp-on--pointerdown=\"actions.preloadImage\" data-wp-on--pointerenter=\"actions.preloadImageWithDelay\" data-wp-on--pointerleave=\"actions.cancelPreload\" data-wp-on-window--resize=\"callbacks.setButtonStyles\" src=\"https:\/\/loudavymkrokem.cz\/wp-content\/uploads\/2026\/08\/vienna-hostel-ruthensteiner-1.jpg\" alt=\"Szoba a Ruthensteiner hostelben\" class=\"wp-image-407002\" title=\"\" srcset=\"https:\/\/loudavymkrokem.cz\/wp-content\/uploads\/2026\/08\/vienna-hostel-ruthensteiner-1.jpg 1800w, https:\/\/loudavymkrokem.cz\/wp-content\/uploads\/2026\/08\/vienna-hostel-ruthensteiner-1-300x200.jpg 300w, https:\/\/loudavymkrokem.cz\/wp-content\/uploads\/2026\/08\/vienna-hostel-ruthensteiner-1-700x467.jpg 700w, https:\/\/loudavymkrokem.cz\/wp-content\/uploads\/2026\/08\/vienna-hostel-ruthensteiner-1-768x512.jpg 768w, https:\/\/loudavymkrokem.cz\/wp-content\/uploads\/2026\/08\/vienna-hostel-ruthensteiner-1-1536x1024.jpg 1536w, https:\/\/loudavymkrokem.cz\/wp-content\/uploads\/2026\/08\/vienna-hostel-ruthensteiner-1-696x464.jpg 696w, https:\/\/loudavymkrokem.cz\/wp-content\/uploads\/2026\/08\/vienna-hostel-ruthensteiner-1-1392x928.jpg 1392w\" sizes=\"(max-width: 1800px) 100vw, 1800px\" \/><button\n\t\t\tclass=\"lightbox-trigger\"\n\t\t\ttype=\"button\"\n\t\t\taria-haspopup=\"dialog\"\n\t\t\tdata-wp-bind--aria-label=\"state.thisImage.triggerButtonAriaLabel\"\n\t\t\tdata-wp-init=\"callbacks.initTriggerButton\"\n\t\t\tdata-wp-on--click=\"actions.showLightbox\"\n\t\t\tdata-wp-style--right=\"state.thisImage.buttonRight\"\n\t\t\tdata-wp-style--top=\"state.thisImage.buttonTop\"\n\t\t>\n\t\t\t<svg xmlns=\"http:\/\/www.w3.org\/2000\/svg\" width=\"12\" height=\"12\" fill=\"none\" viewBox=\"0 0 12 12\">\n\t\t\t\t<path fill=\"#fff\" d=\"M2 0a2 2 0 0 0-2 2v2h1.5V2a.5.5 0 0 1 .5-.5h2V0H2Zm2 10.5H2a.5.5 0 0 1-.5-.5V8H0v2a2 2 0 0 0 2 2h2v-1.5ZM8 12v-1.5h2a.5.5 0 0 0 .5-.5V8H12v2a2 2 0 0 1-2 2H8Zm2-12a2 2 0 0 1 2 2v2h-1.5V2a.5.5 0 0 0-.5-.5H8V0h2Z\" \/>\n\t\t\t<\/svg>\n\t\t<\/button><figcaption class=\"wp-element-caption\">Foto: Vienna Hostel Ruthensteiner \/ ofici\u00e1ln\u00ed web<\/figcaption><\/figure>\n\n\n\n<h3 class=\"wp-block-heading\"><span class=\"ez-toc-section\" id=\"24_Vienna_Hostel_Ruthensteiner\"><\/span>24. Vienna Hostel Ruthensteiner<span class=\"ez-toc-section-end\"><\/span><\/h3>\n\n\n\n<p class=\"wp-block-paragraph\">A teljesen kiv\u00e1l\u00f3 \u00e9s nagyon ritka <strong>4,7-es \u00e9rt\u00e9kel\u00e9ssel 1 932 v\u00e9lem\u00e9ny alapj\u00e1n ez az eg\u00e9sz kiterjedt v\u00e1logat\u00e1sunk legjobbra \u00e9rt\u00e9kelt hostele<\/strong>. Csak kis darabk\u00e1ra fekszik a Westbahnhof p\u00e1lyaudvart\u00f3l, \u00e9s m\u00e1r hossz\u00fa \u00e9vtizedek \u00f3ta sikeresen m\u0171k\u00f6dik f\u00fcggetlen csal\u00e1di v\u00e1llalkoz\u00e1sk\u00e9nt, amely \u00f3ri\u00e1si hangs\u00falyt fektet a hihetetlen\u00fcl bar\u00e1ts\u00e1gos k\u00f6z\u00f6ss\u00e9gi hangulatra.<\/p>\n\n\n\n<figure data-wp-context=\"{&quot;galleryId&quot;:&quot;6a9c20816c0d8&quot;}\" data-wp-interactive=\"core\/gallery\" class=\"wp-block-gallery has-nested-images columns-2 is-cropped wp-block-gallery-is-layout-flex wp-block-gallery-12 is-layout-flex\">\n\n<figure data-wp-context=\"{&quot;imageId&quot;:&quot;6a9c20816c38d&quot;}\" data-wp-interactive=\"core\/image\" data-wp-key=\"6a9c20816c38d\" class=\"wp-block-image size-large wp-lightbox-container\"><img decoding=\"async\" width=\"1800\" height=\"1200\" data-wp-class--hide=\"state.isContentHidden\" data-wp-class--show=\"state.isContentVisible\" data-wp-init=\"callbacks.setButtonStyles\" data-wp-on--click=\"actions.showLightbox\" data-wp-on--load=\"callbacks.setButtonStyles\" data-wp-on--pointerdown=\"actions.preloadImage\" data-wp-on--pointerenter=\"actions.preloadImageWithDelay\" data-wp-on--pointerleave=\"actions.cancelPreload\" data-wp-on-window--resize=\"callbacks.setButtonStyles\" data-id=\"407007\" src=\"https:\/\/loudavymkrokem.cz\/wp-content\/uploads\/2026\/08\/vienna-hostel-ruthensteiner-2.jpg\" alt=\"A Ruthensteiner hostel sz\u00ednes bels\u0151 tere\" class=\"wp-image-407007\" title=\"\" srcset=\"https:\/\/loudavymkrokem.cz\/wp-content\/uploads\/2026\/08\/vienna-hostel-ruthensteiner-2.jpg 1800w, https:\/\/loudavymkrokem.cz\/wp-content\/uploads\/2026\/08\/vienna-hostel-ruthensteiner-2-300x200.jpg 300w, https:\/\/loudavymkrokem.cz\/wp-content\/uploads\/2026\/08\/vienna-hostel-ruthensteiner-2-700x467.jpg 700w, https:\/\/loudavymkrokem.cz\/wp-content\/uploads\/2026\/08\/vienna-hostel-ruthensteiner-2-768x512.jpg 768w, https:\/\/loudavymkrokem.cz\/wp-content\/uploads\/2026\/08\/vienna-hostel-ruthensteiner-2-1536x1024.jpg 1536w, https:\/\/loudavymkrokem.cz\/wp-content\/uploads\/2026\/08\/vienna-hostel-ruthensteiner-2-696x464.jpg 696w, https:\/\/loudavymkrokem.cz\/wp-content\/uploads\/2026\/08\/vienna-hostel-ruthensteiner-2-1392x928.jpg 1392w\" sizes=\"(max-width: 1800px) 100vw, 1800px\" \/><button\n\t\t\tclass=\"lightbox-trigger\"\n\t\t\ttype=\"button\"\n\t\t\taria-haspopup=\"dialog\"\n\t\t\tdata-wp-bind--aria-label=\"state.thisImage.triggerButtonAriaLabel\"\n\t\t\tdata-wp-init=\"callbacks.initTriggerButton\"\n\t\t\tdata-wp-on--click=\"actions.showLightbox\"\n\t\t\tdata-wp-style--right=\"state.thisImage.buttonRight\"\n\t\t\tdata-wp-style--top=\"state.thisImage.buttonTop\"\n\t\t>\n\t\t\t<svg xmlns=\"http:\/\/www.w3.org\/2000\/svg\" width=\"12\" height=\"12\" fill=\"none\" viewBox=\"0 0 12 12\">\n\t\t\t\t<path fill=\"#fff\" d=\"M2 0a2 2 0 0 0-2 2v2h1.5V2a.5.5 0 0 1 .5-.5h2V0H2Zm2 10.5H2a.5.5 0 0 1-.5-.5V8H0v2a2 2 0 0 0 2 2h2v-1.5ZM8 12v-1.5h2a.5.5 0 0 0 .5-.5V8H12v2a2 2 0 0 1-2 2H8Zm2-12a2 2 0 0 1 2 2v2h-1.5V2a.5.5 0 0 0-.5-.5H8V0h2Z\" \/>\n\t\t\t<\/svg>\n\t\t<\/button><figcaption class=\"wp-element-caption\">Foto: Vienna Hostel Ruthensteiner \/ ofici\u00e1ln\u00ed web<\/figcaption><\/figure>\n\n\n<figure data-wp-context=\"{&quot;imageId&quot;:&quot;6a9c20816c736&quot;}\" data-wp-interactive=\"core\/image\" data-wp-key=\"6a9c20816c736\" class=\"wp-block-image size-large wp-lightbox-container\"><img decoding=\"async\" width=\"1800\" height=\"1200\" data-wp-class--hide=\"state.isContentHidden\" data-wp-class--show=\"state.isContentVisible\" data-wp-init=\"callbacks.setButtonStyles\" data-wp-on--click=\"actions.showLightbox\" data-wp-on--load=\"callbacks.setButtonStyles\" data-wp-on--pointerdown=\"actions.preloadImage\" data-wp-on--pointerenter=\"actions.preloadImageWithDelay\" data-wp-on--pointerleave=\"actions.cancelPreload\" data-wp-on-window--resize=\"callbacks.setButtonStyles\" data-id=\"407011\" src=\"https:\/\/loudavymkrokem.cz\/wp-content\/uploads\/2026\/08\/vienna-hostel-ruthensteiner-3.jpg\" alt=\"T\u00f6bb\u00e1gyas szoba a Ruthensteiner hostelben\" class=\"wp-image-407011\" title=\"\" srcset=\"https:\/\/loudavymkrokem.cz\/wp-content\/uploads\/2026\/08\/vienna-hostel-ruthensteiner-3.jpg 1800w, https:\/\/loudavymkrokem.cz\/wp-content\/uploads\/2026\/08\/vienna-hostel-ruthensteiner-3-300x200.jpg 300w, https:\/\/loudavymkrokem.cz\/wp-content\/uploads\/2026\/08\/vienna-hostel-ruthensteiner-3-700x467.jpg 700w, https:\/\/loudavymkrokem.cz\/wp-content\/uploads\/2026\/08\/vienna-hostel-ruthensteiner-3-768x512.jpg 768w, https:\/\/loudavymkrokem.cz\/wp-content\/uploads\/2026\/08\/vienna-hostel-ruthensteiner-3-1536x1024.jpg 1536w, https:\/\/loudavymkrokem.cz\/wp-content\/uploads\/2026\/08\/vienna-hostel-ruthensteiner-3-696x464.jpg 696w, https:\/\/loudavymkrokem.cz\/wp-content\/uploads\/2026\/08\/vienna-hostel-ruthensteiner-3-1392x928.jpg 1392w\" sizes=\"(max-width: 1800px) 100vw, 1800px\" \/><button\n\t\t\tclass=\"lightbox-trigger\"\n\t\t\ttype=\"button\"\n\t\t\taria-haspopup=\"dialog\"\n\t\t\tdata-wp-bind--aria-label=\"state.thisImage.triggerButtonAriaLabel\"\n\t\t\tdata-wp-init=\"callbacks.initTriggerButton\"\n\t\t\tdata-wp-on--click=\"actions.showLightbox\"\n\t\t\tdata-wp-style--right=\"state.thisImage.buttonRight\"\n\t\t\tdata-wp-style--top=\"state.thisImage.buttonTop\"\n\t\t>\n\t\t\t<svg xmlns=\"http:\/\/www.w3.org\/2000\/svg\" width=\"12\" height=\"12\" fill=\"none\" viewBox=\"0 0 12 12\">\n\t\t\t\t<path fill=\"#fff\" d=\"M2 0a2 2 0 0 0-2 2v2h1.5V2a.5.5 0 0 1 .5-.5h2V0H2Zm2 10.5H2a.5.5 0 0 1-.5-.5V8H0v2a2 2 0 0 0 2 2h2v-1.5ZM8 12v-1.5h2a.5.5 0 0 0 .5-.5V8H12v2a2 2 0 0 1-2 2H8Zm2-12a2 2 0 0 1 2 2v2h-1.5V2a.5.5 0 0 0-.5-.5H8V0h2Z\" \/>\n\t\t\t<\/svg>\n\t\t<\/button><figcaption class=\"wp-element-caption\">Foto: Vienna Hostel Ruthensteiner \/ ofici\u00e1ln\u00ed web<\/figcaption><\/figure>\n\n\n<figure data-wp-context=\"{&quot;imageId&quot;:&quot;6a9c20816cb14&quot;}\" data-wp-interactive=\"core\/image\" data-wp-key=\"6a9c20816cb14\" class=\"wp-block-image size-large wp-lightbox-container\"><img decoding=\"async\" width=\"1160\" height=\"1160\" data-wp-class--hide=\"state.isContentHidden\" data-wp-class--show=\"state.isContentVisible\" data-wp-init=\"callbacks.setButtonStyles\" data-wp-on--click=\"actions.showLightbox\" data-wp-on--load=\"callbacks.setButtonStyles\" data-wp-on--pointerdown=\"actions.preloadImage\" data-wp-on--pointerenter=\"actions.preloadImageWithDelay\" data-wp-on--pointerleave=\"actions.cancelPreload\" data-wp-on-window--resize=\"callbacks.setButtonStyles\" data-id=\"407015\" src=\"https:\/\/loudavymkrokem.cz\/wp-content\/uploads\/2026\/08\/vienna-hostel-ruthensteiner-4.jpg\" alt=\"Szoba a Ruthensteiner hostelben\" class=\"wp-image-407015\" title=\"\" srcset=\"https:\/\/loudavymkrokem.cz\/wp-content\/uploads\/2026\/08\/vienna-hostel-ruthensteiner-4.jpg 1160w, https:\/\/loudavymkrokem.cz\/wp-content\/uploads\/2026\/08\/vienna-hostel-ruthensteiner-4-300x300.jpg 300w, https:\/\/loudavymkrokem.cz\/wp-content\/uploads\/2026\/08\/vienna-hostel-ruthensteiner-4-700x700.jpg 700w, https:\/\/loudavymkrokem.cz\/wp-content\/uploads\/2026\/08\/vienna-hostel-ruthensteiner-4-150x150.jpg 150w, https:\/\/loudavymkrokem.cz\/wp-content\/uploads\/2026\/08\/vienna-hostel-ruthensteiner-4-768x768.jpg 768w, https:\/\/loudavymkrokem.cz\/wp-content\/uploads\/2026\/08\/vienna-hostel-ruthensteiner-4-696x696.jpg 696w\" sizes=\"(max-width: 1160px) 100vw, 1160px\" \/><button\n\t\t\tclass=\"lightbox-trigger\"\n\t\t\ttype=\"button\"\n\t\t\taria-haspopup=\"dialog\"\n\t\t\tdata-wp-bind--aria-label=\"state.thisImage.triggerButtonAriaLabel\"\n\t\t\tdata-wp-init=\"callbacks.initTriggerButton\"\n\t\t\tdata-wp-on--click=\"actions.showLightbox\"\n\t\t\tdata-wp-style--right=\"state.thisImage.buttonRight\"\n\t\t\tdata-wp-style--top=\"state.thisImage.buttonTop\"\n\t\t>\n\t\t\t<svg xmlns=\"http:\/\/www.w3.org\/2000\/svg\" width=\"12\" height=\"12\" fill=\"none\" viewBox=\"0 0 12 12\">\n\t\t\t\t<path fill=\"#fff\" d=\"M2 0a2 2 0 0 0-2 2v2h1.5V2a.5.5 0 0 1 .5-.5h2V0H2Zm2 10.5H2a.5.5 0 0 1-.5-.5V8H0v2a2 2 0 0 0 2 2h2v-1.5ZM8 12v-1.5h2a.5.5 0 0 0 .5-.5V8H12v2a2 2 0 0 1-2 2H8Zm2-12a2 2 0 0 1 2 2v2h-1.5V2a.5.5 0 0 0-.5-.5H8V0h2Z\" \/>\n\t\t\t<\/svg>\n\t\t<\/button><figcaption class=\"wp-element-caption\">Foto: Vienna Hostel Ruthensteiner \/ ofici\u00e1ln\u00ed web<\/figcaption><\/figure>\n\n<\/figure>\n\n\n\n<p class=\"wp-block-paragraph\">A vend\u00e9gek sz\u00f3 szerint im\u00e1dj\u00e1k a gy\u00f6ny\u00f6r\u0171 k\u00fclt\u00e9ri kertet a sok esti \u00fcld\u00f6g\u00e9l\u0151hellyel, a k\u00fcl\u00f6nb\u00f6z\u0151 hangszereket, amelyeket itt szabadon lehet k\u00f6lcs\u00f6n\u00f6zni, \u00e9s a t\u00f6k\u00e9letesen felszerelt, hatalmas k\u00f6z\u00f6s konyh\u00e1t. <strong>A terek tisztas\u00e1ga itt sok v\u00e9lem\u00e9ny szerint a j\u00f3val dr\u00e1g\u00e1bb klasszikus sz\u00e1llod\u00e1k szintj\u00e9n van<\/strong>, ami az ilyen t\u00edpus\u00fa sz\u00e1ll\u00e1sokn\u00e1l egy\u00e1ltal\u00e1n nem mag\u00e1t\u00f3l \u00e9rtet\u0151d\u0151.<\/p>\n\n\n\n<p class=\"wp-block-paragraph\">Teljesen ide\u00e1lis hely a bolyg\u00f3 legk\u00fcl\u00f6nb\u00f6z\u0151bb szegleteib\u0151l \u00e9rkez\u0151 emberek tal\u00e1lkoz\u00e1s\u00e1ra. <strong>A hostel szem\u00e9lyzete rendszeresen szervez k\u00f6z\u00f6s esem\u00e9nyeket \u00e9s grillez\u00e9st<\/strong>, \u00edgy itt nagyon k\u00f6nnyen megismerkedsz m\u00e1sokkal, \u00e9s \u00e9rt\u00e9kes tippeket kapsz \u00e9rdekes helyekre egyenesen a t\u00f6bbi sokat utazott h\u00e1tizs\u00e1kost\u00f3l.<\/p>\n\n\n\n<p class=\"wp-block-paragraph\">\ud83d\udca1 Tipp: Ha csak k\u00f6nny\u0171 h\u00e1tizs\u00e1kkal utazol, magas min\u0151s\u00e9g\u0171 megfizethet\u0151 sz\u00e1ll\u00e1st keresel, \u00e9s <strong>meg akarsz ismerni tov\u00e1bbi hasonl\u00f3an hangolt utaz\u00f3kat a vil\u00e1g minden t\u00e1j\u00e1r\u00f3l<\/strong>, ez a hely teljesen el fog ragadni fesztelen \u00e9s k\u00f6tetlen hangulat\u00e1val. <em><a href=\"https:\/\/www.stay22.com\/allez\/roam?aid=lukaskonecny&#038;campaign=loudavymkrokemcz&#038;campaign=kde-bydlet-ve-vidni&#038;hotelname=Vienna%20Hostel%20Ruthensteiner&#038;address=V%C3%ADde%C5%88%2C%20Rakousko\" target=\"_blank\" rel=\"nofollow noopener sponsored\">\u00e1rak \u00e9s el\u00e9rhet\u0151s\u00e9g ellen\u0151rz\u00e9se<\/a><\/em><\/p>\n\n\n\n<figure data-wp-context=\"{&quot;imageId&quot;:&quot;6a9c20816d1ee&quot;}\" data-wp-interactive=\"core\/image\" data-wp-key=\"6a9c20816d1ee\" class=\"wp-block-image size-full wp-lightbox-container\"><img decoding=\"async\" width=\"1600\" height=\"1067\" data-wp-class--hide=\"state.isContentHidden\" data-wp-class--show=\"state.isContentVisible\" data-wp-init=\"callbacks.setButtonStyles\" data-wp-on--click=\"actions.showLightbox\" data-wp-on--load=\"callbacks.setButtonStyles\" data-wp-on--pointerdown=\"actions.preloadImage\" data-wp-on--pointerenter=\"actions.preloadImageWithDelay\" data-wp-on--pointerleave=\"actions.cancelPreload\" data-wp-on-window--resize=\"callbacks.setButtonStyles\" src=\"https:\/\/loudavymkrokem.cz\/wp-content\/uploads\/2026\/08\/hostel-wombat-s-u-v-de-sk-ho-naschmarktu.jpg\" alt=\"A Wombat&#039;s hostel a b\u00e9csi Naschmarkt mellett\" class=\"wp-image-407124\" title=\"\" srcset=\"https:\/\/loudavymkrokem.cz\/wp-content\/uploads\/2026\/08\/hostel-wombat-s-u-v-de-sk-ho-naschmarktu.jpg 1600w, https:\/\/loudavymkrokem.cz\/wp-content\/uploads\/2026\/08\/hostel-wombat-s-u-v-de-sk-ho-naschmarktu-300x200.jpg 300w, https:\/\/loudavymkrokem.cz\/wp-content\/uploads\/2026\/08\/hostel-wombat-s-u-v-de-sk-ho-naschmarktu-700x467.jpg 700w, https:\/\/loudavymkrokem.cz\/wp-content\/uploads\/2026\/08\/hostel-wombat-s-u-v-de-sk-ho-naschmarktu-768x512.jpg 768w, https:\/\/loudavymkrokem.cz\/wp-content\/uploads\/2026\/08\/hostel-wombat-s-u-v-de-sk-ho-naschmarktu-1536x1024.jpg 1536w, https:\/\/loudavymkrokem.cz\/wp-content\/uploads\/2026\/08\/hostel-wombat-s-u-v-de-sk-ho-naschmarktu-696x464.jpg 696w, https:\/\/loudavymkrokem.cz\/wp-content\/uploads\/2026\/08\/hostel-wombat-s-u-v-de-sk-ho-naschmarktu-1392x928.jpg 1392w\" sizes=\"(max-width: 1600px) 100vw, 1600px\" \/><button\n\t\t\tclass=\"lightbox-trigger\"\n\t\t\ttype=\"button\"\n\t\t\taria-haspopup=\"dialog\"\n\t\t\tdata-wp-bind--aria-label=\"state.thisImage.triggerButtonAriaLabel\"\n\t\t\tdata-wp-init=\"callbacks.initTriggerButton\"\n\t\t\tdata-wp-on--click=\"actions.showLightbox\"\n\t\t\tdata-wp-style--right=\"state.thisImage.buttonRight\"\n\t\t\tdata-wp-style--top=\"state.thisImage.buttonTop\"\n\t\t>\n\t\t\t<svg xmlns=\"http:\/\/www.w3.org\/2000\/svg\" width=\"12\" height=\"12\" fill=\"none\" viewBox=\"0 0 12 12\">\n\t\t\t\t<path fill=\"#fff\" d=\"M2 0a2 2 0 0 0-2 2v2h1.5V2a.5.5 0 0 1 .5-.5h2V0H2Zm2 10.5H2a.5.5 0 0 1-.5-.5V8H0v2a2 2 0 0 0 2 2h2v-1.5ZM8 12v-1.5h2a.5.5 0 0 0 .5-.5V8H12v2a2 2 0 0 1-2 2H8Zm2-12a2 2 0 0 1 2 2v2h-1.5V2a.5.5 0 0 0-.5-.5H8V0h2Z\" \/>\n\t\t\t<\/svg>\n\t\t<\/button><figcaption class=\"wp-element-caption\">Foto: Wombat&#8217;s City Hostel Vienna Naschmarkt \/ Google Maps<\/figcaption><\/figure>\n\n\n\n<h3 class=\"wp-block-heading\"><span class=\"ez-toc-section\" id=\"25_Wombats_City_Hostel_Vienna_Naschmarkt\"><\/span>25. Wombat&#8217;s City Hostel Vienna Naschmarkt<span class=\"ez-toc-section-end\"><\/span><\/h3>\n\n\n\n<p class=\"wp-block-paragraph\">Ez a hatalmas \u00e9s a fiatalok k\u00f6r\u00e9ben nagyon n\u00e9pszer\u0171 modern hostel remek <strong>4,4-es \u00e9rt\u00e9kel\u00e9ssel rendelkezik 4 227 v\u00e9lem\u00e9ny alapj\u00e1n<\/strong>. Teljesen fantasztikus, strat\u00e9giai helyen tal\u00e1lod, k\u00f6zvetlen\u00fcl a h\u00edres \u00e9s \u00f6r\u00f6kk\u00e9 \u00e9l\u0151 Naschmarkt piac mellett. Nagyon tiszta modern k\u00f6z\u00f6s h\u00e1l\u00f3termeket k\u00edn\u00e1l, de meglep\u0151en t\u00e1gas priv\u00e1t szob\u00e1kat is saj\u00e1t f\u00fcrd\u0151szob\u00e1val.<\/p>\n\n\n\n<p class=\"wp-block-paragraph\">A l\u00e1togat\u00f3k az ezernyi v\u00e9lem\u00e9nyben els\u0151sorban a <strong>hatalmas \u00e9s nagyon \u00e9l\u00e9nk f\u00f6ldszinti b\u00e1rt, az eg\u00e9sz objektum kiv\u00e1l\u00f3 biztons\u00e1g\u00e1t \u00e9s a csod\u00e1latos fekv\u00e9st<\/strong> dics\u00e9rik. Err\u0151l a helyr\u0151l ugyanis gond n\u00e9lk\u00fcl eljutsz gyalog a legt\u00f6bb f\u0151 nevezetess\u00e9ghez, ugyanakkor csak n\u00e9h\u00e1ny perc s\u00e9t\u00e1ra van a v\u00e1ros legjobb \u00e9jszakai klubjait\u00f3l.<\/p>\n\n\n\n<p class=\"wp-block-paragraph\">A hatalmas kapacit\u00e1snak k\u00f6sz\u00f6nhet\u0151en itt folyamatosan nagyon kozmopolita \u00e9s ny\u00fczsg\u0151 hangulat uralkodik, \u00edgy soha nem fogod magad mag\u00e1nyosnak \u00e9rezni. <strong>A k\u00f6zeli piac r\u00e1ad\u00e1sul korl\u00e1tlan lehet\u0151s\u00e9geket biztos\u00edt az olcs\u00f3 \u00e9s hihetetlen\u00fcl v\u00e1ltozatos \u00e9tkez\u00e9shez<\/strong> kora reggelt\u0151l a k\u00e9s\u0151 esti \u00f3r\u00e1kig.<\/p>\n\n\n\n<p class=\"wp-block-paragraph\">\ud83d\udca1 Tipp: Ez a sz\u00e1ll\u00e1s teljesen ide\u00e1lis b\u00e1zis <strong>fiatal utaz\u00f3knak \u00e9s lelkes di\u00e1koknak, akik \u00e1lland\u00f3an az esem\u00e9nyek k\u00f6z\u00e9ppontj\u00e1ban akarnak lenni<\/strong>, im\u00e1dj\u00e1k az \u00e9jszakai sz\u00f3rakoz\u00e1st, \u00e9s a legjobb b\u00e9csi b\u00e1rokat sz\u00f3 szerint az ablakuk alatt akarj\u00e1k tudni. <em><a href=\"https:\/\/www.stay22.com\/allez\/roam?aid=lukaskonecny&#038;campaign=loudavymkrokemcz&#038;campaign=kde-bydlet-ve-vidni&#038;hotelname=Wombat%27s%20City%20Hostel%20Vienna%20Naschmarkt&#038;address=V%C3%ADde%C5%88%2C%20Rakousko\" target=\"_blank\" rel=\"nofollow noopener sponsored\">\u00e1rak \u00e9s el\u00e9rhet\u0151s\u00e9g ellen\u0151rz\u00e9se<\/a><\/em><\/p>\n\n\n\n<figure data-wp-context=\"{&quot;imageId&quot;:&quot;6a9c20816d749&quot;}\" data-wp-interactive=\"core\/image\" data-wp-key=\"6a9c20816d749\" class=\"wp-block-image size-full wp-lightbox-container\"><img decoding=\"async\" width=\"1800\" height=\"945\" data-wp-class--hide=\"state.isContentHidden\" data-wp-class--show=\"state.isContentVisible\" data-wp-init=\"callbacks.setButtonStyles\" data-wp-on--click=\"actions.showLightbox\" data-wp-on--load=\"callbacks.setButtonStyles\" data-wp-on--pointerdown=\"actions.preloadImage\" data-wp-on--pointerenter=\"actions.preloadImageWithDelay\" data-wp-on--pointerleave=\"actions.cancelPreload\" data-wp-on-window--resize=\"callbacks.setButtonStyles\" src=\"https:\/\/loudavymkrokem.cz\/wp-content\/uploads\/2026\/08\/meininger-hotel-wien-downtown-sissi-1.jpg\" alt=\"Szoba a MEININGER Hotel Wien Downtown Sissiben\" class=\"wp-image-406994\" title=\"\" srcset=\"https:\/\/loudavymkrokem.cz\/wp-content\/uploads\/2026\/08\/meininger-hotel-wien-downtown-sissi-1.jpg 1800w, https:\/\/loudavymkrokem.cz\/wp-content\/uploads\/2026\/08\/meininger-hotel-wien-downtown-sissi-1-300x158.jpg 300w, https:\/\/loudavymkrokem.cz\/wp-content\/uploads\/2026\/08\/meininger-hotel-wien-downtown-sissi-1-700x368.jpg 700w, https:\/\/loudavymkrokem.cz\/wp-content\/uploads\/2026\/08\/meininger-hotel-wien-downtown-sissi-1-768x403.jpg 768w, https:\/\/loudavymkrokem.cz\/wp-content\/uploads\/2026\/08\/meininger-hotel-wien-downtown-sissi-1-1536x806.jpg 1536w, https:\/\/loudavymkrokem.cz\/wp-content\/uploads\/2026\/08\/meininger-hotel-wien-downtown-sissi-1-696x365.jpg 696w, https:\/\/loudavymkrokem.cz\/wp-content\/uploads\/2026\/08\/meininger-hotel-wien-downtown-sissi-1-1392x731.jpg 1392w\" sizes=\"(max-width: 1800px) 100vw, 1800px\" \/><button\n\t\t\tclass=\"lightbox-trigger\"\n\t\t\ttype=\"button\"\n\t\t\taria-haspopup=\"dialog\"\n\t\t\tdata-wp-bind--aria-label=\"state.thisImage.triggerButtonAriaLabel\"\n\t\t\tdata-wp-init=\"callbacks.initTriggerButton\"\n\t\t\tdata-wp-on--click=\"actions.showLightbox\"\n\t\t\tdata-wp-style--right=\"state.thisImage.buttonRight\"\n\t\t\tdata-wp-style--top=\"state.thisImage.buttonTop\"\n\t\t>\n\t\t\t<svg xmlns=\"http:\/\/www.w3.org\/2000\/svg\" width=\"12\" height=\"12\" fill=\"none\" viewBox=\"0 0 12 12\">\n\t\t\t\t<path fill=\"#fff\" d=\"M2 0a2 2 0 0 0-2 2v2h1.5V2a.5.5 0 0 1 .5-.5h2V0H2Zm2 10.5H2a.5.5 0 0 1-.5-.5V8H0v2a2 2 0 0 0 2 2h2v-1.5ZM8 12v-1.5h2a.5.5 0 0 0 .5-.5V8H12v2a2 2 0 0 1-2 2H8Zm2-12a2 2 0 0 1 2 2v2h-1.5V2a.5.5 0 0 0-.5-.5H8V0h2Z\" \/>\n\t\t\t<\/svg>\n\t\t<\/button><figcaption class=\"wp-element-caption\">Foto: MEININGER Hotel Wien \/ ofici\u00e1ln\u00ed web<\/figcaption><\/figure>\n\n\n\n<h3 class=\"wp-block-heading\"><span class=\"ez-toc-section\" id=\"26_MEININGER_Hotel_Wien_Downtown_Sissi\"><\/span>26. MEININGER Hotel Wien Downtown Sissi<span class=\"ez-toc-section-end\"><\/span><\/h3>\n\n\n\n<p class=\"wp-block-paragraph\">Ez az ismert, nagyon megfizethet\u0151 keresztez\u00e9s a klasszikus sz\u00e1lloda \u00e9s egy nagyobb hostel k\u00f6z\u00f6tt a n\u00e9pszer\u0171 \u00e9s z\u00f6ld m\u00e1sodik ker\u00fcletben, Leopoldstadtban fekszik. \u00c1tlagos <strong>4,1-es \u00e9rt\u00e9kel\u00e9s\u00e9vel 3 169 v\u00e9lem\u00e9ny alapj\u00e1n ugyan a legalacsonyabb \u00e9rt\u00e9kel\u00e9se van az eg\u00e9sz v\u00e1logat\u00e1sunkb\u00f3l<\/strong>, de a nagyon kedvez\u0151 alacsony \u00e1rnak k\u00f6sz\u00f6nhet\u0151en m\u00e9g mindig kitart\u00f3an vonzza a sok takar\u00e9kos utaz\u00f3t \u00e9s a nagyobb szervezett csoportokat.<\/p>\n\n\n\n<figure data-wp-context=\"{&quot;galleryId&quot;:&quot;6a9c20816d954&quot;}\" data-wp-interactive=\"core\/gallery\" class=\"wp-block-gallery has-nested-images columns-2 is-cropped wp-block-gallery-is-layout-flex wp-block-gallery-13 is-layout-flex\">\n\n<figure data-wp-context=\"{&quot;imageId&quot;:&quot;6a9c20816dc25&quot;}\" data-wp-interactive=\"core\/image\" data-wp-key=\"6a9c20816dc25\" class=\"wp-block-image size-large wp-lightbox-container\"><img decoding=\"async\" width=\"1700\" height=\"1112\" data-wp-class--hide=\"state.isContentHidden\" data-wp-class--show=\"state.isContentVisible\" data-wp-init=\"callbacks.setButtonStyles\" data-wp-on--click=\"actions.showLightbox\" data-wp-on--load=\"callbacks.setButtonStyles\" data-wp-on--pointerdown=\"actions.preloadImage\" data-wp-on--pointerenter=\"actions.preloadImageWithDelay\" data-wp-on--pointerleave=\"actions.cancelPreload\" data-wp-on-window--resize=\"callbacks.setButtonStyles\" data-id=\"406998\" src=\"https:\/\/loudavymkrokem.cz\/wp-content\/uploads\/2026\/08\/meininger-hotel-wien-downtown-sissi-2.jpg\" alt=\"A MEININGER Hotel Wien bels\u0151 tere\" class=\"wp-image-406998\" title=\"\" srcset=\"https:\/\/loudavymkrokem.cz\/wp-content\/uploads\/2026\/08\/meininger-hotel-wien-downtown-sissi-2.jpg 1700w, https:\/\/loudavymkrokem.cz\/wp-content\/uploads\/2026\/08\/meininger-hotel-wien-downtown-sissi-2-300x196.jpg 300w, https:\/\/loudavymkrokem.cz\/wp-content\/uploads\/2026\/08\/meininger-hotel-wien-downtown-sissi-2-700x458.jpg 700w, https:\/\/loudavymkrokem.cz\/wp-content\/uploads\/2026\/08\/meininger-hotel-wien-downtown-sissi-2-768x502.jpg 768w, https:\/\/loudavymkrokem.cz\/wp-content\/uploads\/2026\/08\/meininger-hotel-wien-downtown-sissi-2-1536x1005.jpg 1536w, https:\/\/loudavymkrokem.cz\/wp-content\/uploads\/2026\/08\/meininger-hotel-wien-downtown-sissi-2-696x455.jpg 696w, https:\/\/loudavymkrokem.cz\/wp-content\/uploads\/2026\/08\/meininger-hotel-wien-downtown-sissi-2-1392x911.jpg 1392w\" sizes=\"(max-width: 1700px) 100vw, 1700px\" \/><button\n\t\t\tclass=\"lightbox-trigger\"\n\t\t\ttype=\"button\"\n\t\t\taria-haspopup=\"dialog\"\n\t\t\tdata-wp-bind--aria-label=\"state.thisImage.triggerButtonAriaLabel\"\n\t\t\tdata-wp-init=\"callbacks.initTriggerButton\"\n\t\t\tdata-wp-on--click=\"actions.showLightbox\"\n\t\t\tdata-wp-style--right=\"state.thisImage.buttonRight\"\n\t\t\tdata-wp-style--top=\"state.thisImage.buttonTop\"\n\t\t>\n\t\t\t<svg xmlns=\"http:\/\/www.w3.org\/2000\/svg\" width=\"12\" height=\"12\" fill=\"none\" viewBox=\"0 0 12 12\">\n\t\t\t\t<path fill=\"#fff\" d=\"M2 0a2 2 0 0 0-2 2v2h1.5V2a.5.5 0 0 1 .5-.5h2V0H2Zm2 10.5H2a.5.5 0 0 1-.5-.5V8H0v2a2 2 0 0 0 2 2h2v-1.5ZM8 12v-1.5h2a.5.5 0 0 0 .5-.5V8H12v2a2 2 0 0 1-2 2H8Zm2-12a2 2 0 0 1 2 2v2h-1.5V2a.5.5 0 0 0-.5-.5H8V0h2Z\" \/>\n\t\t\t<\/svg>\n\t\t<\/button><figcaption class=\"wp-element-caption\">Foto: MEININGER Hotel Wien \/ ofici\u00e1ln\u00ed web<\/figcaption><\/figure>\n\n<\/figure>\n\n\n\n<p class=\"wp-block-paragraph\">\u26a0\ufe0f Figyelmeztet\u00e9s a v\u00e9lem\u00e9nyekb\u0151l: Miel\u0151tt itt v\u00e9glegesen lefoglaln\u00e1d az olcs\u00f3 szob\u00e1dat, n\u00e9h\u00e1ny nagyon l\u00e9nyeges inform\u00e1ci\u00f3t tudnod kell. A sz\u00e1lloda ugyanis a k\u00f6zelm\u00faltban <strong>\u00fczemel\u00e9s k\u00f6zben ment \u00e1t egy kiterjedt fel\u00faj\u00edt\u00e1son, ami kellemetlen zajt okozott a vend\u00e9geknek<\/strong>. A kritikus v\u00e9lem\u00e9nyek nagyon gyakran \u00e9s nyomat\u00e9kosan eml\u00edtik a <strong>keskenyebb, csak 160 centim\u00e9ter sz\u00e9les dupla francia\u00e1gyakat<\/strong> is, ami logikusan nem lehet k\u00e9nyelmes minden feln\u0151tt utaz\u00f3nak.<\/p>\n\n\n\n<p class=\"wp-block-paragraph\">M\u00e1sr\u00e9szt a z\u00f6ld helysz\u00edn a n\u00e9pszer\u0171 <strong>Prater vid\u00e1mpark k\u00f6zel\u00e9ben<\/strong> teljesen kiv\u00e1l\u00f3, \u00e9s az \u00f6sszek\u00f6ttet\u00e9s a <strong>t\u00f6rt\u00e9nelmi belv\u00e1rosba metr\u00f3val<\/strong> t\u00f6k\u00e9letesen m\u0171k\u00f6dik.<\/p>\n\n\n\n<p class=\"wp-block-paragraph\">\ud83d\udca1 Tipp: A sz\u00e1ll\u00e1st itt komolyan csak akkor fontold meg, ha <strong>igaz\u00e1n nagyon feszes az \u00fati k\u00f6lts\u00e9gvet\u00e9sed, \u00e9s priv\u00e1t szob\u00e1t keresel a belv\u00e1rost\u00f3l gyalog el\u00e9rhet\u0151 t\u00e1vols\u00e1gban<\/strong>, de a j\u00f3 \u00e1r\u00e9rt hajland\u00f3 vagy egy\u00e9rtelm\u0171 kompromisszumot k\u00f6tni az \u00e1gy m\u00e9ret\u00e9t \u00e9s az \u00f6sszkomfortot illet\u0151en.<\/p>\n\n\n\n<h2 class=\"wp-block-heading\"><span class=\"ez-toc-section\" id=\"Hogyan_valaszd_ki_a_megfelelo_szallodat\"><\/span>Hogyan v\u00e1laszd ki a megfelel\u0151 sz\u00e1llod\u00e1t<span class=\"ez-toc-section-end\"><\/span><\/h2>\n\n\n\n<p class=\"wp-block-paragraph\">A v\u00e9gleges d\u00f6nt\u00e9sn\u00e9l, hogy hol hajtsd \u00e1lomra a fejed B\u00e9csben, mindenekel\u0151tt azon gondolkodj el, <strong>hogyan utazol a v\u00e1rosba, \u00e9s pontosan kivel m\u00e9sz<\/strong>. Ez jelent\u0151sen seg\u00edt sz\u0171k\u00edteni a v\u00e1laszt\u00e1st a huszonhat remek lehet\u0151s\u00e9g k\u00f6z\u00fcl. Mivel a szomsz\u00e9dainkhoz t\u00f6bbnyire csak egy r\u00f6vid hossz\u00fa h\u00e9tv\u00e9g\u00e9re utazunk, a k\u00f6zleked\u00e9s kulcsszerepet j\u00e1tszik az eg\u00e9sz kir\u00e1ndul\u00e1ssal val\u00f3 el\u00e9gedetts\u00e9gben.<\/p>\n\n\n\n<p class=\"wp-block-paragraph\">Ha <strong>saj\u00e1t aut\u00f3val indulsz \u00fatnak<\/strong>, mindenk\u00e9pp nagy \u00edvben ker\u00fcld el az Innere Stadt t\u00f6rt\u00e9nelmi belv\u00e1rost, ahol az utcai parkol\u00e1s rendk\u00edv\u00fcl dr\u00e1ga, a keskeny egyir\u00e1ny\u00fa utc\u00e1kban val\u00f3 navig\u00e1l\u00e1s pedig felesleges stresszt jelent. Keress sz\u00e1ll\u00e1st ink\u00e1bb a k\u00fcls\u0151 ker\u00fcletekben, mint a Westbahnhof p\u00e1lyaudvar k\u00f6rny\u00e9ke vagy a z\u00f6ld Leopoldstadt. Ide\u00e1lisan v\u00e1laszd egyenesen azokat a sz\u00e1llod\u00e1kat, amelyek saj\u00e1t biztons\u00e1gos parkol\u00f3gar\u00e1zst k\u00edn\u00e1lnak. Az aut\u00f3t \u00e9rkez\u00e9s ut\u00e1n hagyd ott \u00e1llni, \u00e9s a v\u00e1rosban ink\u00e1bb a remek metr\u00f3val k\u00f6zlekedj \u2014 \u00edgy sok idegesked\u00e9st\u0151l megk\u00edm\u00e9led magad. Ne feledd az <strong>aut\u00f3p\u00e1lya-matric\u00e1t<\/strong> sem, ha aut\u00f3val m\u00e9sz.<\/p>\n\n\n\n<p class=\"wp-block-paragraph\">Azok az utaz\u00f3k, akik \u00fagy d\u00f6ntenek, hogy k\u00e9nyelmesen <strong>k\u00f6zvetlen vonattal \u00e9rkeznek Magyarorsz\u00e1gr\u00f3l<\/strong>, akkor teszik a legjobban, ha egyenesen a f\u0151p\u00e1lyaudvarn\u00e1l (Hauptbahnhof) vagy esetleg a Meidling p\u00e1lyaudvarn\u00e1l sz\u00e1llnak meg. \u00cdgy elmarad a neh\u00e9z b\u0151r\u00f6nd\u00f6k hosszadalmas cipel\u00e9se a metr\u00f3 mozg\u00f3l\u00e9pcs\u0151in, \u00e9s r\u00f6gt\u00f6n az \u00e9rkez\u00e9s ut\u00e1n gyorsan besz\u00e1ll\u00e1solhatod magad, \u00e9s k\u00f6nny\u0171 poggy\u00e1sszal indulhatsz a v\u00e1rosba.<\/p>\n\n\n\n<p class=\"wp-block-paragraph\">A <strong>kisgyerekes csal\u00e1dok<\/strong> sz\u00e1m\u00e1ra viszont teljesen kulcsfontoss\u00e1g\u00fa az elegend\u0151 t\u00e9r \u00e9s a z\u00f6ld k\u00f6zels\u00e9ge. A legjobb v\u00e1laszt\u00e1s \u00e9pp az eml\u00edtett Leopoldstadt ker\u00fclet, mert a hatalmas Prater park v\u00e9gtelen sz\u00f3rakoz\u00e1si lehet\u0151s\u00e9geket k\u00edn\u00e1l minden koroszt\u00e1ly\u00fa gyereknek. Ezzel szemben ker\u00fcld a ny\u00fczsg\u0151 bev\u00e1s\u00e1rl\u00f3utc\u00e1kat \u00e9s a zajos, b\u0151v\u00e9r\u0171 \u00e9jszakai \u00e9lettel teli negyedeket.<\/p>\n\n\n\n<p class=\"wp-block-paragraph\">Ha egy <strong>fesztelen romantikus h\u00e9tv\u00e9g\u00e9t<\/strong> terveztek kettesben, akkor ir\u00e1ny egyenesen a gy\u00f6ny\u00f6r\u0171 butiksz\u00e1llod\u00e1k a hetedik ker\u00fcletben, Neubauban, vagy a nyolcadikban, Josefstadtban. Ezeknek a negyedeknek hihetetlen helyi var\u00e1zsuk van, sz\u00f3 szerint tele vannak kis bisztr\u00f3kkal, \u00e9rdekes designboltocsk\u00e1kkal \u00e9s r\u00e9gi k\u00e1v\u00e9z\u00f3kkal. Mi szem\u00e9ly szerint im\u00e1dunk a teraszokon \u00fcld\u00f6g\u00e9lni, ahol teljesen remek cs\u00e1sz\u00e1rmorzs\u00e1t, azaz Kaiserschmarrnt \u00e9s m\u00e1s kiv\u00e1l\u00f3 h\u00fastalan finoms\u00e1gokat k\u00e9sz\u00edtenek. Egy\u00e9bk\u00e9nt a hagyom\u00e1nyos h\u00fasos csemeg\u00e9k, mint a h\u00edres b\u00e9csi szelet, a tafelspitz vagy a helyi kolb\u00e1szok term\u00e9szetesen minden sarkon megtal\u00e1lhat\u00f3k, mert ezek h\u00edres helyi k\u00fcl\u00f6nlegess\u00e9gek, amelyeket Ausztri\u00e1ban a legt\u00f6bb hagyom\u00e1nyos \u00e9tteremben megkapsz. Egysz\u00f3val ezek a negyedek pontosan azt a csod\u00e1latosan fesztelen hangulatot k\u00edn\u00e1lj\u00e1k, ami\u00e9rt B\u00e9csbe j\u00e1rni \u00e9rdemes.<\/p>\n\n\n\n<h2 class=\"wp-block-heading\"><span class=\"ez-toc-section\" id=\"Merre_tovabb\"><\/span>Merre tov\u00e1bb<span class=\"ez-toc-section-end\"><\/span><\/h2>\n\n\n\n<p class=\"wp-block-paragraph\">Ha m\u00e1r kiv\u00e1lasztottad a sz\u00e1ll\u00e1st, \u00e9s v\u00e1rod az utat, biztosan j\u00f3l j\u00f6nnek tov\u00e1bbi inform\u00e1ci\u00f3k is. \u00d6ssze\u00e1ll\u00edtottunk neked egy terjedelmes cikket tippekkel arr\u00f3l, <a href=\"https:\/\/loudavymkrokem.cz\/hu\/becs-latnivalok-tippek\/\">mit \u00e9rdemes megn\u00e9zni B\u00e9csben<\/a>, ahol megtal\u00e1lod a legjobb nevezetess\u00e9geket \u00e9s a turistat\u00f6megek n\u00e9lk\u00fcli rejtett helyeket is.<\/p>\n\n\n\n<p class=\"wp-block-paragraph\">Ha t\u00e9li h\u00f3napokban tervezel l\u00e1togat\u00e1st, ne hagyd ki a <a href=\"https:\/\/loudavymkrokem.cz\/hu\/becs-karacsonyi-vasar\/\">b\u00e9csi kar\u00e1csonyi v\u00e1s\u00e1rokhoz<\/a> sz\u00f3l\u00f3 \u00fatmutat\u00f3nkat, ahol tan\u00e1csot adunk, melyik v\u00e1s\u00e1r \u00e9ri meg, \u00e9s melyiket \u00e9rdemes ink\u00e1bb elker\u00fclni.<\/p>\n\n\n\n<p class=\"wp-block-paragraph\">Ha B\u00e9cs sz\u00e1modra csak egy meg\u00e1ll\u00f3 egy hosszabb aut\u00f3s \u00faton, mindenk\u00e9pp olvasd el el\u0151re, hogyan m\u0171k\u00f6dik az <a href=\"https:\/\/loudavymkrokem.cz\/hu\/ausztria-matrica-arak-2026\/\">ausztriai aut\u00f3p\u00e1lya-matrica<\/a>, hogy elker\u00fcld a felesleges b\u00fcntet\u00e9seket. Tov\u00e1bbi utaz\u00e1si inspir\u00e1ci\u00f3t pedig a <a href=\"https:\/\/loudavymkrokem.cz\/hu\/roadtrip-ausztria-7-napos-utiterv\/\">7 napos ausztriai roadtripr\u0151l<\/a> sz\u00f3l\u00f3 cikk\u00fcnkben tal\u00e1lsz, vagy megn\u00e9zheted a legszebb <a href=\"https:\/\/loudavymkrokem.cz\/hu\/ausztria-tavak-legszebb-helyek\/\">ausztriai tavakat<\/a> \u00e9s tippeket a cs\u00facsmin\u0151s\u00e9g\u0171 <a href=\"https:\/\/loudavymkrokem.cz\/hu\/ausztria-wellness-hotelek\/\">ausztriai wellnesshotelekre<\/a>. <em><a href=\"https:\/\/www.stay22.com\/allez\/roam?aid=lukaskonecny&#038;campaign=loudavymkrokemcz&#038;campaign=kde-bydlet-ve-vidni&#038;hotelname=MEININGER%20Hotel%20Wien%20Downtown%20Sissi&#038;address=V%C3%ADde%C5%88%2C%20Rakousko\" target=\"_blank\" rel=\"nofollow noopener sponsored\">\u00e1rak \u00e9s el\u00e9rhet\u0151s\u00e9g ellen\u0151rz\u00e9se<\/a><\/em><\/p>\n\n\n\n<h2 class=\"wp-block-heading\"><span class=\"ez-toc-section\" id=\"Gyakran_ismetelt_kerdesek\"><\/span>Gyakran ism\u00e9telt k\u00e9rd\u00e9sek<span class=\"ez-toc-section-end\"><\/span><\/h2>\n\n\n<div id=\"rank-math-faq\" class=\"rank-math-block\">\n<div class=\"rank-math-list \">\n<div id=\"faq-question-1788071086000\" class=\"rank-math-list-item\">\n<h3 class=\"rank-math-question \"><span class=\"ez-toc-section\" id=\"Kozvetlenul_Becs_kozpontjaban_kell_szallast_foglalnom\"><\/span>K\u00f6zvetlen\u00fcl B\u00e9cs k\u00f6zpontj\u00e1ban kell sz\u00e1ll\u00e1st foglalnom?<span class=\"ez-toc-section-end\"><\/span><\/h3>\n<div class=\"rank-math-answer \">\n\n<p>Egy\u00e1ltal\u00e1n nem sz\u00fcks\u00e9ges. B\u00e9cs teljesen megb\u00edzhat\u00f3, tiszta \u00e9s nagyon s\u0171r\u0171 metr\u00f3- \u00e9s villamosh\u00e1l\u00f3zattal rendelkezik. Ha olyan szomsz\u00e9dos ker\u00fcletekben sz\u00e1ll meg, mint a n\u00e9pszer\u0171 Neubau, Mariahilf vagy Wieden, a gy\u00f6ny\u00f6r\u0171 sz\u00e1llod\u00e1k\u00e9rt l\u00e9nyegesen kevesebbet fizet, \u00e9s a t\u00f6rt\u00e9nelmi k\u00f6zpontba t\u00f6megk\u00f6zleked\u00e9ssel megb\u00edzhat\u00f3an t\u00edz percen bel\u00fcl eljut.<\/p>\n\n<\/div>\n<\/div>\n<div id=\"faq-question-1788071086001\" class=\"rank-math-list-item\">\n<h3 class=\"rank-math-question \"><span class=\"ez-toc-section\" id=\"Hol_szalljak_meg_ha_karacsonyi_vasarokra_megyek\"><\/span>Hol sz\u00e1lljak meg, ha kar\u00e1csonyi v\u00e1s\u00e1rokra megyek?<span class=\"ez-toc-section-end\"><\/span><\/h3>\n<div class=\"rank-math-answer \">\n\n<p>A legnagyobb \u00e9s legh\u00edresebb kar\u00e1csonyi v\u00e1s\u00e1rokat a v\u00e1rosh\u00e1za \u00e9p\u00fclete el\u0151tt \u00e9s a fels\u00e9ges Sch\u00f6nbrunn kast\u00e9ly mellett tal\u00e1lja. A legstrat\u00e9giaibb az Innere Stadt, Josefstadt vagy Neubau ker\u00fcletekben megsz\u00e1llni, ahonnan a legszebb v\u00e1s\u00e1rokhoz gy\u00f6ny\u00f6r\u0171en feld\u00edsz\u00edtett utc\u00e1kon ak\u00e1r gyalog is eljuthat, \u00e9s \u00e9lvezheti az igazi \u00fcnnepi hangulatot.<\/p>\n\n<\/div>\n<\/div>\n<div id=\"faq-question-1788071086002\" class=\"rank-math-list-item\">\n<h3 class=\"rank-math-question \"><span class=\"ez-toc-section\" id=\"Hogyan_van_Becsben_a_szallodai_parkolas\"><\/span>Hogyan van B\u00e9csben a sz\u00e1llodai parkol\u00e1s?<span class=\"ez-toc-section-end\"><\/span><\/h3>\n<div class=\"rank-math-answer \">\n\n<p>Az utcai parkol\u00e1s B\u00e9csben szigor\u00faan szab\u00e1lyozott \u00e9s az \u00e1tlagos turist\u00e1k sz\u00e1m\u00e1ra nagyon kedvez\u0151tlen. Ez\u00e9rt mindig el\u0151re ellen\u0151rizze, hogy a v\u00e1lasztott sz\u00e1lloda k\u00edn\u00e1l-e saj\u00e1t \u0151rz\u00f6tt parkol\u00f3helyeket, \u00e9s sz\u00e1moljon azzal, hogy a d\u00edj egyetlen \u00e9jszak\u00e1ra t\u00f6bb t\u00edz eur\u00f3 nagys\u00e1grend\u0171. Kiv\u00e1l\u00f3 \u00e9s olcs\u00f3bb alternat\u00edva a v\u00e1ros sz\u00e9l\u00e9n tal\u00e1lhat\u00f3 P+R fogad\u00f3parkol\u00f3k haszn\u00e1lata.<\/p>\n\n<\/div>\n<\/div>\n<div id=\"faq-question-1788071086003\" class=\"rank-math-list-item\">\n<h3 class=\"rank-math-question \"><span class=\"ez-toc-section\" id=\"Dragak_a_szallodak_Becsben\"><\/span>Dr\u00e1g\u00e1k a sz\u00e1llod\u00e1k B\u00e9csben?<span class=\"ez-toc-section-end\"><\/span><\/h3>\n<div class=\"rank-math-answer \">\n\n<p>Az \u00f6sszes\u00edtett \u00e1rszint t\u00e9nyleg \u00f3ri\u00e1si. M\u00edg az els\u0151 ker\u00fcletben luxus t\u00f6rt\u00e9nelmi palot\u00e1kat tal\u00e1l, ahol egy \u00e9jszaka sz\u00f3 szerint vagyonba ker\u00fcl, a p\u00e1lyaudvarok k\u00f6rny\u00e9k\u00e9n \u00e9s a Naschmarkt piac k\u00f6zel\u00e9ben rengeteg nagyon el\u00e9rhet\u0151 \u00e1r\u00fa butiksz\u00e1llod\u00e1t \u00e9s modern hostelt fedezhet fel. Ezek teljesen kiv\u00e1l\u00f3 \u00e1r-\u00e9rt\u00e9k ar\u00e1nyt k\u00edn\u00e1lnak.<\/p>\n\n<\/div>\n<\/div>\n<div id=\"faq-question-1788071086004\" class=\"rank-math-list-item\">\n<h3 class=\"rank-math-question \"><span class=\"ez-toc-section\" id=\"Melyik_becsi_negyed_a_legjobb_az_etelkedvelok_szamara\"><\/span>Melyik b\u00e9csi negyed a legjobb az \u00e9telkedvel\u0151k sz\u00e1m\u00e1ra?<span class=\"ez-toc-section-end\"><\/span><\/h3>\n<div class=\"rank-math-answer \">\n\n<p>Ha els\u0151sorban a kiv\u00e1l\u00f3 gasztron\u00f3mi\u00e1\u00e9rt utazik, keressen sz\u00e1ll\u00e1st a Wieden vagy Mariahilf ker\u00fcletben, a h\u00edres Naschmarkt piac k\u00f6zel\u00e9ben. Ott rengeteg modern bisztr\u00f3t, friss helyi alapanyagokat \u00e1rus\u00edt\u00f3 standot, kiv\u00e1l\u00f3 veget\u00e1ri\u00e1nus vend\u00e9gl\u0151t \u00e9s autentikus kis k\u00e1v\u00e9z\u00f3t tal\u00e1l a legjobb k\u00e1v\u00e9val.<\/p>\n\n<\/div>\n<\/div>\n<div id=\"faq-question-1788071086005\" class=\"rank-math-list-item\">\n<h3 class=\"rank-math-question \"><span class=\"ez-toc-section\" id=\"Mikor_a_legjobb_idopont_a_szallodafoglalasra\"><\/span>Mikor a legjobb id\u0151pont a sz\u00e1llodafoglal\u00e1sra?<span class=\"ez-toc-section-end\"><\/span><\/h3>\n<div class=\"rank-math-answer \">\n\n<p>A gy\u00f6ny\u00f6r\u0171 tavaszi \u00e9s \u0151szi id\u0151pontokra azt javaslom, hogy legal\u00e1bb k\u00e9t h\u00f3nappal el\u0151re foglalja le a szob\u00e1t. Ha viszont decemberben az \u00fcnnepelt adventi h\u00e9tv\u00e9g\u00e9re k\u00e9sz\u00fcl B\u00e9csbe, a sz\u00e1ll\u00e1st ide\u00e1lis esetben m\u00e1r a ny\u00e1r v\u00e9g\u00e9n int\u00e9zze. A legjobb \u00e9s el\u00e9rhet\u0151 \u00e1r\u00fa sz\u00e1llod\u00e1k \u00e1ltal\u00e1ban nagyon gyorsan kifogynak.<\/p>\n\n<\/div>\n<\/div>\n<div id=\"faq-question-1788071086006\" class=\"rank-math-list-item\">\n<h3 class=\"rank-math-question \"><span class=\"ez-toc-section\" id=\"Hol_szalljak_meg_Becsben_gyerekekkel\"><\/span>Hol sz\u00e1lljak meg B\u00e9csben gyerekekkel?<span class=\"ez-toc-section-end\"><\/span><\/h3>\n<div class=\"rank-math-answer \">\n\n<p>A kisebb gyermekes csal\u00e1dok sz\u00e1m\u00e1ra teljesen fantasztikus v\u00e1laszt\u00e1s a kettes sz\u00e1m\u00fa Leopoldstadt ker\u00fclet. Nagyon nyugodt ter\u00fclet, amely rengeteg pihen\u00e9shez sz\u00fcks\u00e9ges z\u00f6ldfel\u00fcletet k\u00edn\u00e1l. De legf\u0151k\u00e9ppen itt van k\u00e9zn\u00e9l a hatalmas Prater vid\u00e1mpark, ahol a gyerekek teljesen remek\u00fcl sz\u00f3rakozhatnak a rengeteg l\u00e1tv\u00e1nyoss\u00e1gon.<\/p>\n\n<\/div>\n<\/div>\n<\/div>\n<\/div>","protected":false},"excerpt":{"rendered":"<p>B\u00e9csbe k\u00e9sz\u00fclsz, \u00e9s nem tudod, melyik ker\u00fcletet v\u00e1laszd? \u00d6ssze\u00e1ll\u00edtottam neked egy \u00e1ttekint\u00e9st a 26 legjobb sz\u00e1ll\u00e1sr\u00f3l minden k\u00f6lts\u00e9gvet\u00e9shez.<\/p>\n","protected":false},"author":3,"featured_media":407188,"comment_status":"open","ping_status":"open","sticky":false,"template":"","format":"standard","meta":{"_acf_changed":false,"footnotes":"","rank_math_title":"B\u00e9cs sz\u00e1ll\u00e1s: 26 hoteltipp \u00e9s ker\u00fclet 2026","rank_math_description":"B\u00e9cs sz\u00e1ll\u00e1s minden k\u00f6lts\u00e9gvet\u00e9shez: 26 tesztelt hotel \u00e9s a legjobb ker\u00fcletek 2026-ban. V\u00e1laszd ki a t\u00f6k\u00e9letes helyet, \u00e9s foglald le m\u00e9g ma!","rank_math_focus_keyword":"b\u00e9cs sz\u00e1ll\u00e1s","rank_math_seo_score":""},"categories":[1843,1804,1788],"tags":[],"class_list":["post-417274","post","type-post","status-publish","format-standard","has-post-thumbnail","category-ausztria","category-europa","category-utazas"],"acf":[],"featured_image_src":"https:\/\/loudavymkrokem.cz\/wp-content\/uploads\/2026\/08\/viden-stephansdom.jpg","author_info":{"display_name":"Lucie Kone\u010dn\u00e1","author_link":"https:\/\/loudavymkrokem.cz\/hu\/author\/lucie-konecna\/"},"_links":{"self":[{"href":"https:\/\/loudavymkrokem.cz\/hu\/wp-json\/wp\/v2\/posts\/417274","targetHints":{"allow":["GET"]}}],"collection":[{"href":"https:\/\/loudavymkrokem.cz\/hu\/wp-json\/wp\/v2\/posts"}],"about":[{"href":"https:\/\/loudavymkrokem.cz\/hu\/wp-json\/wp\/v2\/types\/post"}],"author":[{"embeddable":true,"href":"https:\/\/loudavymkrokem.cz\/hu\/wp-json\/wp\/v2\/users\/3"}],"replies":[{"embeddable":true,"href":"https:\/\/loudavymkrokem.cz\/hu\/wp-json\/wp\/v2\/comments?post=417274"}],"version-history":[{"count":2,"href":"https:\/\/loudavymkrokem.cz\/hu\/wp-json\/wp\/v2\/posts\/417274\/revisions"}],"predecessor-version":[{"id":417276,"href":"https:\/\/loudavymkrokem.cz\/hu\/wp-json\/wp\/v2\/posts\/417274\/revisions\/417276"}],"wp:featuredmedia":[{"embeddable":true,"href":"https:\/\/loudavymkrokem.cz\/hu\/wp-json\/wp\/v2\/media\/407188"}],"wp:attachment":[{"href":"https:\/\/loudavymkrokem.cz\/hu\/wp-json\/wp\/v2\/media?parent=417274"}],"wp:term":[{"taxonomy":"category","embeddable":true,"href":"https:\/\/loudavymkrokem.cz\/hu\/wp-json\/wp\/v2\/categories?post=417274"},{"taxonomy":"post_tag","embeddable":true,"href":"https:\/\/loudavymkrokem.cz\/hu\/wp-json\/wp\/v2\/tags?post=417274"}],"curies":[{"name":"wp","href":"https:\/\/api.w.org\/{rel}","templated":true}]}}