{"id":417264,"date":"2026-08-31T16:49:18","date_gmt":"2026-08-31T14:49:18","guid":{"rendered":"https:\/\/loudavymkrokem.cz\/olaszorszag-toszkana-konyha\/"},"modified":"2026-09-05T14:38:52","modified_gmt":"2026-09-05T12:38:52","slug":"olaszorszag-toszkana-konyha","status":"publish","type":"post","link":"https:\/\/loudavymkrokem.cz\/hu\/olaszorszag-toszkana-konyha\/","title":{"rendered":"Toszk\u00e1nai konyha 2026: 22 \u00e9tel, amit musz\u00e1j megk\u00f3stolnod Olaszorsz\u00e1g Toszk\u00e1na r\u00e9gi\u00f3j\u00e1ban"},"content":{"rendered":"\n<p class=\"wp-block-paragraph\">Ha valaki azt mondja, toszk\u00e1nai konyha, sokaknak azonnal egy hatalmas, v\u00e9res steak vagy egy vaddiszn\u00f3b\u00f3l k\u00e9sz\u00fclt, gazdag ragu jut esz\u00e9be. Az igazs\u00e1g azonban az, hogy <strong>Olaszorsz\u00e1g Toszk\u00e1na r\u00e9gi\u00f3ja val\u00f3j\u00e1ban az egyik legjobb olasz vid\u00e9k a veget\u00e1ri\u00e1nusok sz\u00e1m\u00e1ra<\/strong>, mert a t\u00f6rt\u00e9nelmi gy\u00f6kerei teljesen m\u00e1s alapanyagokon nyugszanak. A hagyom\u00e1nyos helyi gasztron\u00f3mia ugyanis nem gazdag nemesek udvar\u00e1n sz\u00fcletett, hanem a szeg\u00e9ny vid\u00e9ken, ahol az emberek azzal kellett be\u00e9rj\u00e9k, amit maguk megtermeltek.<\/p>\n\n\n\n<p class=\"wp-block-paragraph\">\u00c9pp ez\u00e9rt itt mindennek az alapja a <strong>r\u00e9gi keny\u00e9r, a h\u00fcvelyesek, a rengeteg friss z\u00f6lds\u00e9g \u00e9s a kiv\u00e1l\u00f3 ol\u00edvaolaj<\/strong>. A h\u00fas \u00e9vsz\u00e1zadokon \u00e1t ritkas\u00e1g volt, amit csak a k\u00fcl\u00f6nleges \u00fcnnepnapokra tartogattak, m\u00edg a mindennapi \u00e9telt s\u0171r\u0171 babiglevesek \u00e9s keny\u00e9rsal\u00e1t\u00e1k alkott\u00e1k. Ha teh\u00e1t nem eszel h\u00fast, itt egyenesen el leszel ragadtatva a hiteles \u00e9telek hatalmas v\u00e1laszt\u00e9k\u00e1t\u00f3l, amelyek <strong>a k\u00f6z\u00e9pkor \u00f3ta term\u00e9szetes m\u00f3don veget\u00e1ri\u00e1nusak<\/strong>, an\u00e9lk\u00fcl, hogy b\u00e1rkinek mesters\u00e9gesen \u00e1t kellett volna alak\u00edtania \u0151ket.<\/p>\n\n\n\n<p class=\"wp-block-paragraph\">Gyere h\u00e1t, megmutatom, mi\u00e9rt fogsz hazat\u00e9rve is babot \u00e9s r\u00e9gi kenyeret keresni a h\u0171t\u0151dben. R\u00e1j\u00f6ssz majd, hogy <strong>a toszk\u00e1nai \u00e9telek hihetetlen\u00fcl egyszer\u0171ek<\/strong>, \u00e1m a helyi alapanyagokra fektetett \u00f3ri\u00e1si hangs\u00falynak k\u00f6sz\u00f6nhet\u0151en teljesen fenomen\u00e1lisan \u00edzlenek.<\/p>\n\n\n\n<figure data-wp-context=\"{&quot;imageId&quot;:&quot;6a9c334ace716&quot;}\" data-wp-interactive=\"core\/image\" data-wp-key=\"6a9c334ace716\" class=\"wp-block-image size-full wp-lightbox-container\"><img decoding=\"async\" width=\"1800\" height=\"1200\" data-wp-class--hide=\"state.isContentHidden\" data-wp-class--show=\"state.isContentVisible\" data-wp-init=\"callbacks.setButtonStyles\" data-wp-on--click=\"actions.showLightbox\" data-wp-on--load=\"callbacks.setButtonStyles\" data-wp-on--pointerdown=\"actions.preloadImage\" data-wp-on--pointerenter=\"actions.preloadImageWithDelay\" data-wp-on--pointerleave=\"actions.cancelPreload\" data-wp-on-window--resize=\"callbacks.setButtonStyles\" src=\"https:\/\/loudavymkrokem.cz\/wp-content\/uploads\/2026\/08\/toskansko-clanky-toskanska-kuchyne-01.jpg\" alt=\"Toszk\u00e1nai \u00e9telek a megter\u00edtett asztalon\" class=\"wp-image-394002\" title=\"\" srcset=\"https:\/\/loudavymkrokem.cz\/wp-content\/uploads\/2026\/08\/toskansko-clanky-toskanska-kuchyne-01.jpg 1800w, https:\/\/loudavymkrokem.cz\/wp-content\/uploads\/2026\/08\/toskansko-clanky-toskanska-kuchyne-01-300x200.jpg 300w, https:\/\/loudavymkrokem.cz\/wp-content\/uploads\/2026\/08\/toskansko-clanky-toskanska-kuchyne-01-700x467.jpg 700w, https:\/\/loudavymkrokem.cz\/wp-content\/uploads\/2026\/08\/toskansko-clanky-toskanska-kuchyne-01-768x512.jpg 768w, https:\/\/loudavymkrokem.cz\/wp-content\/uploads\/2026\/08\/toskansko-clanky-toskanska-kuchyne-01-1536x1024.jpg 1536w, https:\/\/loudavymkrokem.cz\/wp-content\/uploads\/2026\/08\/toskansko-clanky-toskanska-kuchyne-01-696x464.jpg 696w, https:\/\/loudavymkrokem.cz\/wp-content\/uploads\/2026\/08\/toskansko-clanky-toskanska-kuchyne-01-1392x928.jpg 1392w\" sizes=\"(max-width: 1800px) 100vw, 1800px\" \/><button\n\t\t\tclass=\"lightbox-trigger\"\n\t\t\ttype=\"button\"\n\t\t\taria-haspopup=\"dialog\"\n\t\t\tdata-wp-bind--aria-label=\"state.thisImage.triggerButtonAriaLabel\"\n\t\t\tdata-wp-init=\"callbacks.initTriggerButton\"\n\t\t\tdata-wp-on--click=\"actions.showLightbox\"\n\t\t\tdata-wp-style--right=\"state.thisImage.buttonRight\"\n\t\t\tdata-wp-style--top=\"state.thisImage.buttonTop\"\n\t\t>\n\t\t\t<svg xmlns=\"http:\/\/www.w3.org\/2000\/svg\" width=\"12\" height=\"12\" fill=\"none\" viewBox=\"0 0 12 12\">\n\t\t\t\t<path fill=\"#fff\" d=\"M2 0a2 2 0 0 0-2 2v2h1.5V2a.5.5 0 0 1 .5-.5h2V0H2Zm2 10.5H2a.5.5 0 0 1-.5-.5V8H0v2a2 2 0 0 0 2 2h2v-1.5ZM8 12v-1.5h2a.5.5 0 0 0 .5-.5V8H12v2a2 2 0 0 1-2 2H8Zm2-12a2 2 0 0 1 2 2v2h-1.5V2a.5.5 0 0 0-.5-.5H8V0h2Z\" \/>\n\t\t\t<\/svg>\n\t\t<\/button><\/figure>\n\n\n\n<div id=\"ez-toc-container\" class=\"ez-toc-v2_0_87 ez-toc-wrap-left counter-hierarchy ez-toc-counter ez-toc-grey ez-toc-container-direction\">\n<div class=\"ez-toc-title-container\">\n<p class=\"ez-toc-title\" style=\"cursor:inherit\">A cikk tartalma<\/p>\n<span class=\"ez-toc-title-toggle\"><a href=\"#\" class=\"ez-toc-pull-right ez-toc-btn ez-toc-btn-xs ez-toc-btn-default ez-toc-toggle\" aria-label=\"Toggle Table of Content\"><span class=\"ez-toc-js-icon-con\"><span class=\"\"><span class=\"eztoc-hide\" style=\"display:none;\">Toggle<\/span><span class=\"ez-toc-icon-toggle-span\"><svg style=\"fill: #999;color:#999\" xmlns=\"http:\/\/www.w3.org\/2000\/svg\" class=\"list-377408\" width=\"20px\" height=\"20px\" viewBox=\"0 0 24 24\" fill=\"none\"><path d=\"M6 6H4v2h2V6zm14 0H8v2h12V6zM4 11h2v2H4v-2zm16 0H8v2h12v-2zM4 16h2v2H4v-2zm16 0H8v2h12v-2z\" fill=\"currentColor\"><\/path><\/svg><svg style=\"fill: #999;color:#999\" class=\"arrow-unsorted-368013\" xmlns=\"http:\/\/www.w3.org\/2000\/svg\" width=\"10px\" height=\"10px\" viewBox=\"0 0 24 24\" version=\"1.2\" baseProfile=\"tiny\"><path d=\"M18.2 9.3l-6.2-6.3-6.2 6.3c-.2.2-.3.4-.3.7s.1.5.3.7c.2.2.4.3.7.3h11c.3 0 .5-.1.7-.3.2-.2.3-.5.3-.7s-.1-.5-.3-.7zM5.8 14.7l6.2 6.3 6.2-6.3c.2-.2.3-.5.3-.7s-.1-.5-.3-.7c-.2-.2-.4-.3-.7-.3h-11c-.3 0-.5.1-.7.3-.2.2-.3.5-.3.7s.1.5.3.7z\"\/><\/svg><\/span><\/span><\/span><\/a><\/span><\/div>\n<nav><ul class='ez-toc-list ez-toc-list-level-1 ' ><ul class='ez-toc-list-level-3' ><li class='ez-toc-heading-level-3'><a class=\"ez-toc-link ez-toc-heading-1\" href=\"https:\/\/loudavymkrokem.cz\/hu\/olaszorszag-toszkana-konyha\/#Osszefoglalas_azoknak_akiknek_nincs_idejuk_vegigolvasni_a_cikket\" >\u00d6sszefoglal\u00e1s azoknak, akiknek nincs idej\u00fck v\u00e9gigolvasni a cikket<\/a><\/li><\/ul><\/li><li class='ez-toc-page-1 ez-toc-heading-level-2'><a class=\"ez-toc-link ez-toc-heading-2\" href=\"https:\/\/loudavymkrokem.cz\/hu\/olaszorszag-toszkana-konyha\/#Cucina_povera_miert_olyan_egyszeru_a_toszkanai_etel\" >Cucina povera: mi\u00e9rt olyan egyszer\u0171 a toszk\u00e1nai \u00e9tel<\/a><\/li><li class='ez-toc-page-1 ez-toc-heading-level-2'><a class=\"ez-toc-link ez-toc-heading-3\" href=\"https:\/\/loudavymkrokem.cz\/hu\/olaszorszag-toszkana-konyha\/#A_so_nelkuli_kenyer_ami_meglepi_a_kulfoldieket\" >A s\u00f3 n\u00e9lk\u00fcli keny\u00e9r, ami meglepi a k\u00fclf\u00f6ldieket<\/a><\/li><li class='ez-toc-page-1 ez-toc-heading-level-2'><a class=\"ez-toc-link ez-toc-heading-4\" href=\"https:\/\/loudavymkrokem.cz\/hu\/olaszorszag-toszkana-konyha\/#22_toszkanai_etel_amit_erdemes_megkostolni\" >22 toszk\u00e1nai \u00e9tel, amit \u00e9rdemes megk\u00f3stolni<\/a><ul class='ez-toc-list-level-3' ><li class='ez-toc-heading-level-3'><a class=\"ez-toc-link ez-toc-heading-5\" href=\"https:\/\/loudavymkrokem.cz\/hu\/olaszorszag-toszkana-konyha\/#1_Ribollita\" >1. Ribollita<\/a><\/li><li class='ez-toc-page-1 ez-toc-heading-level-3'><a class=\"ez-toc-link ez-toc-heading-6\" href=\"https:\/\/loudavymkrokem.cz\/hu\/olaszorszag-toszkana-konyha\/#2_Pappa_al_pomodoro\" >2. Pappa al pomodoro<\/a><\/li><li class='ez-toc-page-1 ez-toc-heading-level-3'><a class=\"ez-toc-link ez-toc-heading-7\" href=\"https:\/\/loudavymkrokem.cz\/hu\/olaszorszag-toszkana-konyha\/#3_Panzanella\" >3. Panzanella<\/a><\/li><li class='ez-toc-page-1 ez-toc-heading-level-3'><a class=\"ez-toc-link ez-toc-heading-8\" href=\"https:\/\/loudavymkrokem.cz\/hu\/olaszorszag-toszkana-konyha\/#4_Acquacotta\" >4. Acquacotta<\/a><\/li><li class='ez-toc-page-1 ez-toc-heading-level-3'><a class=\"ez-toc-link ez-toc-heading-9\" href=\"https:\/\/loudavymkrokem.cz\/hu\/olaszorszag-toszkana-konyha\/#5_Pici_allaglione\" >5. Pici all&#8217;aglione<\/a><\/li><li class='ez-toc-page-1 ez-toc-heading-level-3'><a class=\"ez-toc-link ez-toc-heading-10\" href=\"https:\/\/loudavymkrokem.cz\/hu\/olaszorszag-toszkana-konyha\/#6_Fagioli_alluccelletto\" >6. Fagioli all&#8217;uccelletto<\/a><\/li><li class='ez-toc-page-1 ez-toc-heading-level-3'><a class=\"ez-toc-link ez-toc-heading-11\" href=\"https:\/\/loudavymkrokem.cz\/hu\/olaszorszag-toszkana-konyha\/#7_Zuppa_di_farro\" >7. Zuppa di farro<\/a><\/li><li class='ez-toc-page-1 ez-toc-heading-level-3'><a class=\"ez-toc-link ez-toc-heading-12\" href=\"https:\/\/loudavymkrokem.cz\/hu\/olaszorszag-toszkana-konyha\/#8_Garmugia\" >8. Garmugia<\/a><\/li><li class='ez-toc-page-1 ez-toc-heading-level-3'><a class=\"ez-toc-link ez-toc-heading-13\" href=\"https:\/\/loudavymkrokem.cz\/hu\/olaszorszag-toszkana-konyha\/#9_Cecina_es_a_legendas_5_e_5\" >9. Cecina \u00e9s a legend\u00e1s 5 e 5<\/a><\/li><li class='ez-toc-page-1 ez-toc-heading-level-3'><a class=\"ez-toc-link ez-toc-heading-14\" href=\"https:\/\/loudavymkrokem.cz\/hu\/olaszorszag-toszkana-konyha\/#10_Necci\" >10. Necci<\/a><\/li><li class='ez-toc-page-1 ez-toc-heading-level-3'><a class=\"ez-toc-link ez-toc-heading-15\" href=\"https:\/\/loudavymkrokem.cz\/hu\/olaszorszag-toszkana-konyha\/#11_Pecorino_toscano\" >11. Pecorino toscano<\/a><\/li><li class='ez-toc-page-1 ez-toc-heading-level-3'><a class=\"ez-toc-link ez-toc-heading-16\" href=\"https:\/\/loudavymkrokem.cz\/hu\/olaszorszag-toszkana-konyha\/#12_Olio_nuovo\" >12. Olio nuovo<\/a><\/li><li class='ez-toc-page-1 ez-toc-heading-level-3'><a class=\"ez-toc-link ez-toc-heading-17\" href=\"https:\/\/loudavymkrokem.cz\/hu\/olaszorszag-toszkana-konyha\/#13_Feher_szarvasgomba_San_Miniatobol\" >13. Feh\u00e9r szarvasgomba San Miniat\u00f3b\u00f3l<\/a><\/li><li class='ez-toc-page-1 ez-toc-heading-level-3'><a class=\"ez-toc-link ez-toc-heading-18\" href=\"https:\/\/loudavymkrokem.cz\/hu\/olaszorszag-toszkana-konyha\/#14_Bistecca_alla_fiorentina\" >14. Bistecca alla fiorentina<\/a><\/li><li class='ez-toc-page-1 ez-toc-heading-level-3'><a class=\"ez-toc-link ez-toc-heading-19\" href=\"https:\/\/loudavymkrokem.cz\/hu\/olaszorszag-toszkana-konyha\/#15_Cinghiale_vaddiszno\" >15. Cinghiale (vaddiszn\u00f3)<\/a><\/li><li class='ez-toc-page-1 ez-toc-heading-level-3'><a class=\"ez-toc-link ez-toc-heading-20\" href=\"https:\/\/loudavymkrokem.cz\/hu\/olaszorszag-toszkana-konyha\/#16_Lampredotto_es_trippa\" >16. Lampredotto \u00e9s trippa<\/a><\/li><li class='ez-toc-page-1 ez-toc-heading-level-3'><a class=\"ez-toc-link ez-toc-heading-21\" href=\"https:\/\/loudavymkrokem.cz\/hu\/olaszorszag-toszkana-konyha\/#17_Cantucci\" >17. Cantucci<\/a><\/li><li class='ez-toc-page-1 ez-toc-heading-level-3'><a class=\"ez-toc-link ez-toc-heading-22\" href=\"https:\/\/loudavymkrokem.cz\/hu\/olaszorszag-toszkana-konyha\/#18_Panforte_di_Siena\" >18. Panforte di Siena<\/a><\/li><li class='ez-toc-page-1 ez-toc-heading-level-3'><a class=\"ez-toc-link ez-toc-heading-23\" href=\"https:\/\/loudavymkrokem.cz\/hu\/olaszorszag-toszkana-konyha\/#19_Ricciarelli\" >19. Ricciarelli<\/a><\/li><li class='ez-toc-page-1 ez-toc-heading-level-3'><a class=\"ez-toc-link ez-toc-heading-24\" href=\"https:\/\/loudavymkrokem.cz\/hu\/olaszorszag-toszkana-konyha\/#20_Castagnaccio\" >20. Castagnaccio<\/a><\/li><li class='ez-toc-page-1 ez-toc-heading-level-3'><a class=\"ez-toc-link ez-toc-heading-25\" href=\"https:\/\/loudavymkrokem.cz\/hu\/olaszorszag-toszkana-konyha\/#21_Schiacciata_con_luva\" >21. Schiacciata con l&#8217;uva<\/a><\/li><li class='ez-toc-page-1 ez-toc-heading-level-3'><a class=\"ez-toc-link ez-toc-heading-26\" href=\"https:\/\/loudavymkrokem.cz\/hu\/olaszorszag-toszkana-konyha\/#22_Buccellato_Luccabol\" >22. Buccellato Lucc\u00e1b\u00f3l<\/a><\/li><\/ul><\/li><li class='ez-toc-page-1 ez-toc-heading-level-2'><a class=\"ez-toc-link ez-toc-heading-27\" href=\"https:\/\/loudavymkrokem.cz\/hu\/olaszorszag-toszkana-konyha\/#Toszkanai_borok_mit_igyal_melyik_etelhez\" >Toszk\u00e1nai borok: mit igy\u00e1l melyik \u00e9telhez<\/a><\/li><li class='ez-toc-page-1 ez-toc-heading-level-2'><a class=\"ez-toc-link ez-toc-heading-28\" href=\"https:\/\/loudavymkrokem.cz\/hu\/olaszorszag-toszkana-konyha\/#Mikor_mit_egyel_szezonalis_naptar\" >Mikor mit egy\u00e9l: szezon\u00e1lis napt\u00e1r<\/a><\/li><li class='ez-toc-page-1 ez-toc-heading-level-2'><a class=\"ez-toc-link ez-toc-heading-29\" href=\"https:\/\/loudavymkrokem.cz\/hu\/olaszorszag-toszkana-konyha\/#Hogyan_mukodik_az_etkezes_egy_olasz_etteremben\" >Hogyan m\u0171k\u00f6dik az \u00e9tkez\u00e9s egy olasz \u00e9tteremben<\/a><\/li><li class='ez-toc-page-1 ez-toc-heading-level-2'><a class=\"ez-toc-link ez-toc-heading-30\" href=\"https:\/\/loudavymkrokem.cz\/hu\/olaszorszag-toszkana-konyha\/#Tippek_vegetarianusoknak\" >Tippek veget\u00e1ri\u00e1nusoknak<\/a><\/li><li class='ez-toc-page-1 ez-toc-heading-level-2'><a class=\"ez-toc-link ez-toc-heading-31\" href=\"https:\/\/loudavymkrokem.cz\/hu\/olaszorszag-toszkana-konyha\/#Hol_egyel\" >Hol egy\u00e9l<\/a><\/li><li class='ez-toc-page-1 ez-toc-heading-level-2'><a class=\"ez-toc-link ez-toc-heading-32\" href=\"https:\/\/loudavymkrokem.cz\/hu\/olaszorszag-toszkana-konyha\/#Hol_szallj_meg\" >Hol sz\u00e1llj meg<\/a><\/li><li class='ez-toc-page-1 ez-toc-heading-level-2'><a class=\"ez-toc-link ez-toc-heading-33\" href=\"https:\/\/loudavymkrokem.cz\/hu\/olaszorszag-toszkana-konyha\/#Hova_tovabb\" >Hov\u00e1 tov\u00e1bb<\/a><\/li><li class='ez-toc-page-1 ez-toc-heading-level-2'><a class=\"ez-toc-link ez-toc-heading-34\" href=\"https:\/\/loudavymkrokem.cz\/hu\/olaszorszag-toszkana-konyha\/#Gyakran_ismetelt_kerdesek\" >Gyakran ism\u00e9telt k\u00e9rd\u00e9sek<\/a><ul class='ez-toc-list-level-3' ><li class='ez-toc-heading-level-3'><a class=\"ez-toc-link ez-toc-heading-35\" href=\"https:\/\/loudavymkrokem.cz\/hu\/olaszorszag-toszkana-konyha\/#Miert_nincs_so_a_toszkan_kenyerben\" >Mi\u00e9rt nincs s\u00f3 a toszk\u00e1n keny\u00e9rben?<\/a><\/li><li class='ez-toc-page-1 ez-toc-heading-level-3'><a class=\"ez-toc-link ez-toc-heading-36\" href=\"https:\/\/loudavymkrokem.cz\/hu\/olaszorszag-toszkana-konyha\/#Mit_erdemes_megkostolni_Toszkanaban\" >Mit \u00e9rdemes megk\u00f3stolni Toszk\u00e1n\u00e1ban?<\/a><\/li><li class='ez-toc-page-1 ez-toc-heading-level-3'><a class=\"ez-toc-link ez-toc-heading-37\" href=\"https:\/\/loudavymkrokem.cz\/hu\/olaszorszag-toszkana-konyha\/#Alkalmas_a_toszkan_konyha_vegetarianusok_szamara\" >Alkalmas a toszk\u00e1n konyha veget\u00e1ri\u00e1nusok sz\u00e1m\u00e1ra?<\/a><\/li><li class='ez-toc-page-1 ez-toc-heading-level-3'><a class=\"ez-toc-link ez-toc-heading-38\" href=\"https:\/\/loudavymkrokem.cz\/hu\/olaszorszag-toszkana-konyha\/#Mi_az_a_cucina_povera\" >Mi az a cucina povera?<\/a><\/li><li class='ez-toc-page-1 ez-toc-heading-level-3'><a class=\"ez-toc-link ez-toc-heading-39\" href=\"https:\/\/loudavymkrokem.cz\/hu\/olaszorszag-toszkana-konyha\/#Melyik_a_legjobb_toszkan_bor\" >Melyik a legjobb toszk\u00e1n bor?<\/a><\/li><li class='ez-toc-page-1 ez-toc-heading-level-3'><a class=\"ez-toc-link ez-toc-heading-40\" href=\"https:\/\/loudavymkrokem.cz\/hu\/olaszorszag-toszkana-konyha\/#Mi_az_a_Vin_Santo_es_hogyan_isszak\" >Mi az a Vin Santo \u00e9s hogyan issz\u00e1k?<\/a><\/li><li class='ez-toc-page-1 ez-toc-heading-level-3'><a class=\"ez-toc-link ez-toc-heading-41\" href=\"https:\/\/loudavymkrokem.cz\/hu\/olaszorszag-toszkana-konyha\/#Mikor_lehet_megvasarolni_a_schiacciata_con_luvat\" >Mikor lehet megv\u00e1s\u00e1rolni a schiacciata con l&#8217;uv\u00e1t?<\/a><\/li><li class='ez-toc-page-1 ez-toc-heading-level-3'><a class=\"ez-toc-link ez-toc-heading-42\" href=\"https:\/\/loudavymkrokem.cz\/hu\/olaszorszag-toszkana-konyha\/#Mit_jelent_a_coperto_tetel_a_szamlan\" >Mit jelent a coperto t\u00e9tel a sz\u00e1ml\u00e1n?<\/a><\/li><\/ul><\/li><\/ul><\/nav><\/div>\n<h3 class=\"wp-block-heading\"><span class=\"ez-toc-section\" id=\"Osszefoglalas_azoknak_akiknek_nincs_idejuk_vegigolvasni_a_cikket\"><\/span>\u00d6sszefoglal\u00e1s azoknak, akiknek nincs idej\u00fck v\u00e9gigolvasni a cikket<span class=\"ez-toc-section-end\"><\/span><\/h3>\n\n\n\n<ul class=\"wp-block-list\">\n\n<li>  <strong>Az alap a cucina povera:<\/strong> A hagyom\u00e1nyos toszk\u00e1nai konyh\u00e1t szeg\u00e9nyes konyh\u00e1nak nevezik, mert zseni\u00e1lisan haszn\u00e1l fel olcs\u00f3 alapanyagokat, mint a r\u00e9gi keny\u00e9r \u00e9s a h\u00fcvelyesek.<\/li>\n\n\n\n<li>  <strong>A kenyeret s\u00f3 n\u00e9lk\u00fcl s\u00fctik:<\/strong> A helyi pane sciocco sz\u00e1nd\u00e9kosan s\u00f3tlan, hogy kiegyens\u00falyozza a sajtok \u00e9s felv\u00e1gottak mark\u00e1ns \u00edz\u00e9t, \u00e9s ne is sz\u00e1m\u00edts hozz\u00e1 vajra az \u00e9tteremben.<\/li>\n\n\n\n<li>  <strong>Paradicsom a veget\u00e1ri\u00e1nusoknak:<\/strong> A klasszikus levesek \u00e9s el\u0151\u00e9telek t\u00falnyom\u00f3 t\u00f6bbs\u00e9ge h\u00fastalan, \u00edgy itt t\u00e9nyleg mindenki megtal\u00e1lja a sz\u00e1m\u00edt\u00e1s\u00e1t.<\/li>\n\n\n\n<li>  <strong>A toszk\u00e1naiak babev\u0151k:<\/strong> A helyieket \u00e9vsz\u00e1zadok \u00f3ta mangiafagioli n\u00e9ven emlegetik, mert a feh\u00e9r bab az \u00e9trendj\u00fck alapja.<\/li>\n\n\n\n<li>  <strong>Olaszorsz\u00e1g els\u0151 v\u00e9dett bora:<\/strong> A feh\u00e9r Vernaccia di San Gimignano 1966-ban a legels\u0151 olasz bork\u00e9nt kapta meg a rangos DOC min\u0151s\u00edt\u00e9st.<\/li>\n\n\n\n<li>  <strong>A szezonalit\u00e1s szent:<\/strong> Egyes k\u00fcl\u00f6nlegess\u00e9geket csak n\u00e9h\u00e1ny h\u00e9tig s\u00fctnek egy \u00e9vben, tipikus p\u00e9lda a szeptemberi sz\u0151l\u0151s schiacciata.<\/li>\n\n\n\n<li>  <strong>Figyelj a coperto d\u00edjra:<\/strong> Az olasz \u00e9ttermekben automatikusan felsz\u00e1molnak egy ter\u00edt\u00e9kd\u00edjat, amiben \u00e1ltal\u00e1ban a keny\u00e9r is benne van.<\/li>\n\n\n\n<li>  <strong>A legf\u0151bb tipp a v\u00e9g\u00e9re:<\/strong> Ha a legjobb kulin\u00e1ris \u00e9lm\u00e9nyeket keresed, ker\u00fcld a turistamen\u00fcs helyeket, \u00e9s ir\u00e1ny a vid\u00e9ki agriturismo.<\/li>\n\n\n<\/ul>\n\n\n\n<figure data-wp-context=\"{&quot;imageId&quot;:&quot;6a9c334acf071&quot;}\" data-wp-interactive=\"core\/image\" data-wp-key=\"6a9c334acf071\" class=\"wp-block-image size-full wp-lightbox-container\"><img decoding=\"async\" width=\"1800\" height=\"1200\" data-wp-class--hide=\"state.isContentHidden\" data-wp-class--show=\"state.isContentVisible\" data-wp-init=\"callbacks.setButtonStyles\" data-wp-on--click=\"actions.showLightbox\" data-wp-on--load=\"callbacks.setButtonStyles\" data-wp-on--pointerdown=\"actions.preloadImage\" data-wp-on--pointerenter=\"actions.preloadImageWithDelay\" data-wp-on--pointerleave=\"actions.cancelPreload\" data-wp-on-window--resize=\"callbacks.setButtonStyles\" src=\"https:\/\/loudavymkrokem.cz\/wp-content\/uploads\/2026\/08\/toskansko-clanky-toskanska-kuchyne-02.jpg\" alt=\"A toszk\u00e1nai konyha egyszer\u0171 alapanyagai\" class=\"wp-image-394003\" title=\"\" srcset=\"https:\/\/loudavymkrokem.cz\/wp-content\/uploads\/2026\/08\/toskansko-clanky-toskanska-kuchyne-02.jpg 1800w, https:\/\/loudavymkrokem.cz\/wp-content\/uploads\/2026\/08\/toskansko-clanky-toskanska-kuchyne-02-300x200.jpg 300w, https:\/\/loudavymkrokem.cz\/wp-content\/uploads\/2026\/08\/toskansko-clanky-toskanska-kuchyne-02-700x467.jpg 700w, https:\/\/loudavymkrokem.cz\/wp-content\/uploads\/2026\/08\/toskansko-clanky-toskanska-kuchyne-02-768x512.jpg 768w, https:\/\/loudavymkrokem.cz\/wp-content\/uploads\/2026\/08\/toskansko-clanky-toskanska-kuchyne-02-1536x1024.jpg 1536w, https:\/\/loudavymkrokem.cz\/wp-content\/uploads\/2026\/08\/toskansko-clanky-toskanska-kuchyne-02-696x464.jpg 696w, https:\/\/loudavymkrokem.cz\/wp-content\/uploads\/2026\/08\/toskansko-clanky-toskanska-kuchyne-02-1392x928.jpg 1392w\" sizes=\"(max-width: 1800px) 100vw, 1800px\" \/><button\n\t\t\tclass=\"lightbox-trigger\"\n\t\t\ttype=\"button\"\n\t\t\taria-haspopup=\"dialog\"\n\t\t\tdata-wp-bind--aria-label=\"state.thisImage.triggerButtonAriaLabel\"\n\t\t\tdata-wp-init=\"callbacks.initTriggerButton\"\n\t\t\tdata-wp-on--click=\"actions.showLightbox\"\n\t\t\tdata-wp-style--right=\"state.thisImage.buttonRight\"\n\t\t\tdata-wp-style--top=\"state.thisImage.buttonTop\"\n\t\t>\n\t\t\t<svg xmlns=\"http:\/\/www.w3.org\/2000\/svg\" width=\"12\" height=\"12\" fill=\"none\" viewBox=\"0 0 12 12\">\n\t\t\t\t<path fill=\"#fff\" d=\"M2 0a2 2 0 0 0-2 2v2h1.5V2a.5.5 0 0 1 .5-.5h2V0H2Zm2 10.5H2a.5.5 0 0 1-.5-.5V8H0v2a2 2 0 0 0 2 2h2v-1.5ZM8 12v-1.5h2a.5.5 0 0 0 .5-.5V8H12v2a2 2 0 0 1-2 2H8Zm2-12a2 2 0 0 1 2 2v2h-1.5V2a.5.5 0 0 0-.5-.5H8V0h2Z\" \/>\n\t\t\t<\/svg>\n\t\t<\/button><\/figure>\n\n\n\n<h2 class=\"wp-block-heading\"><span class=\"ez-toc-section\" id=\"Cucina_povera_miert_olyan_egyszeru_a_toszkanai_etel\"><\/span>Cucina povera: mi\u00e9rt olyan egyszer\u0171 a toszk\u00e1nai \u00e9tel<span class=\"ez-toc-section-end\"><\/span><\/h2>\n\n\n\n<p class=\"wp-block-paragraph\">Az eg\u00e9sz toszk\u00e1nai gasztron\u00f3mia egy er\u0151s filoz\u00f3fi\u00e1n alapul, amit az olaszok <strong>cucina pover\u00e1nak, vagyis szeg\u00e9nyes konyh\u00e1nak<\/strong> neveznek. Ez nem valamif\u00e9le konkr\u00e9t receptlista, hanem ink\u00e1bb egy t\u00f6rt\u00e9nelmi hozz\u00e1\u00e1ll\u00e1s a f\u0151z\u00e9shez, amikor a parasztoknak minden alapanyagot maxim\u00e1lisan ki kellett haszn\u00e1lniuk, \u00e9s semmi sem mehetett veszend\u0151be. <strong>Ennek a m\u0171v\u00e9szetnek az alapja a r\u00e9gi, megkem\u00e9nyedett keny\u00e9r<\/strong>, amit nem dobtak ki, hanem v\u00edzbe vagy alapl\u00e9be \u00e1ztattak, hogy \u00fajra megpuhuljon \u00e9s bes\u0171r\u00edtse a leveseket.<\/p>\n\n\n\n<p class=\"wp-block-paragraph\">A m\u00e1sik fontos pill\u00e9r a h\u00fcvelyesek \u00e9s a szezon\u00e1lis kerti z\u00f6lds\u00e9gek. Olaszorsz\u00e1g m\u00e1s r\u00e9szein a toszk\u00e1naiakat kiss\u00e9 g\u00fanyosan <strong>mangiafaglioli n\u00e9ven emlegetik, ami ford\u00edt\u00e1sban babev\u0151ket jelent<\/strong>. A feh\u00e9r bab ugyanis itt hossz\u00fa \u00e9vsz\u00e1zadokon \u00e1t helyettes\u00edtette a dr\u00e1ga h\u00fast, \u00e9s biztos\u00edtotta a kem\u00e9nyen dolgoz\u00f3 parasztoknak a sz\u00fcks\u00e9ges feh\u00e9rj\u00e9t. Ma ez az egyszer\u0171 vid\u00e9ki megk\u00f6zel\u00edt\u00e9s \u00f3ri\u00e1si trend, mert <strong>bizony\u00edtja, hogy egy mesterm\u0171 megalkot\u00e1s\u00e1hoz nincs sz\u00fcks\u00e9ged dr\u00e1ga hozz\u00e1val\u00f3kra<\/strong>, el\u00e9g a min\u0151s\u00e9gi ol\u00edvaolaj \u00e9s a friss, helyi alapanyag.<\/p>\n\n\n\n<figure data-wp-context=\"{&quot;imageId&quot;:&quot;6a9c334acf729&quot;}\" data-wp-interactive=\"core\/image\" data-wp-key=\"6a9c334acf729\" class=\"wp-block-image size-full wp-lightbox-container\"><img decoding=\"async\" width=\"1800\" height=\"1212\" data-wp-class--hide=\"state.isContentHidden\" data-wp-class--show=\"state.isContentVisible\" data-wp-init=\"callbacks.setButtonStyles\" data-wp-on--click=\"actions.showLightbox\" data-wp-on--load=\"callbacks.setButtonStyles\" data-wp-on--pointerdown=\"actions.preloadImage\" data-wp-on--pointerenter=\"actions.preloadImageWithDelay\" data-wp-on--pointerleave=\"actions.cancelPreload\" data-wp-on-window--resize=\"callbacks.setButtonStyles\" src=\"https:\/\/loudavymkrokem.cz\/wp-content\/uploads\/2026\/08\/toskansko-clanky-toskanska-kuchyne-03.jpg\" alt=\"S\u00f3 n\u00e9lk\u00fcli toszk\u00e1nai keny\u00e9r\" class=\"wp-image-394005\" title=\"\" srcset=\"https:\/\/loudavymkrokem.cz\/wp-content\/uploads\/2026\/08\/toskansko-clanky-toskanska-kuchyne-03.jpg 1800w, https:\/\/loudavymkrokem.cz\/wp-content\/uploads\/2026\/08\/toskansko-clanky-toskanska-kuchyne-03-300x202.jpg 300w, https:\/\/loudavymkrokem.cz\/wp-content\/uploads\/2026\/08\/toskansko-clanky-toskanska-kuchyne-03-700x471.jpg 700w, https:\/\/loudavymkrokem.cz\/wp-content\/uploads\/2026\/08\/toskansko-clanky-toskanska-kuchyne-03-768x517.jpg 768w, https:\/\/loudavymkrokem.cz\/wp-content\/uploads\/2026\/08\/toskansko-clanky-toskanska-kuchyne-03-1536x1034.jpg 1536w, https:\/\/loudavymkrokem.cz\/wp-content\/uploads\/2026\/08\/toskansko-clanky-toskanska-kuchyne-03-696x469.jpg 696w, https:\/\/loudavymkrokem.cz\/wp-content\/uploads\/2026\/08\/toskansko-clanky-toskanska-kuchyne-03-1392x937.jpg 1392w\" sizes=\"(max-width: 1800px) 100vw, 1800px\" \/><button\n\t\t\tclass=\"lightbox-trigger\"\n\t\t\ttype=\"button\"\n\t\t\taria-haspopup=\"dialog\"\n\t\t\tdata-wp-bind--aria-label=\"state.thisImage.triggerButtonAriaLabel\"\n\t\t\tdata-wp-init=\"callbacks.initTriggerButton\"\n\t\t\tdata-wp-on--click=\"actions.showLightbox\"\n\t\t\tdata-wp-style--right=\"state.thisImage.buttonRight\"\n\t\t\tdata-wp-style--top=\"state.thisImage.buttonTop\"\n\t\t>\n\t\t\t<svg xmlns=\"http:\/\/www.w3.org\/2000\/svg\" width=\"12\" height=\"12\" fill=\"none\" viewBox=\"0 0 12 12\">\n\t\t\t\t<path fill=\"#fff\" d=\"M2 0a2 2 0 0 0-2 2v2h1.5V2a.5.5 0 0 1 .5-.5h2V0H2Zm2 10.5H2a.5.5 0 0 1-.5-.5V8H0v2a2 2 0 0 0 2 2h2v-1.5ZM8 12v-1.5h2a.5.5 0 0 0 .5-.5V8H12v2a2 2 0 0 1-2 2H8Zm2-12a2 2 0 0 1 2 2v2h-1.5V2a.5.5 0 0 0-.5-.5H8V0h2Z\" \/>\n\t\t\t<\/svg>\n\t\t<\/button><figcaption class=\"wp-element-caption\">fugzu from Pistoia, Italia \/ Wikimedia Commons, CC BY 2.0<\/figcaption><\/figure>\n\n\n\n<h2 class=\"wp-block-heading\"><span class=\"ez-toc-section\" id=\"A_so_nelkuli_kenyer_ami_meglepi_a_kulfoldieket\"><\/span>A s\u00f3 n\u00e9lk\u00fcli keny\u00e9r, ami meglepi a k\u00fclf\u00f6ldieket<span class=\"ez-toc-section-end\"><\/span><\/h2>\n\n\n\n<p class=\"wp-block-paragraph\">Amikor Toszk\u00e1n\u00e1ban el\u0151sz\u00f6r k\u00f3stolsz meg egy egyszer\u0171 darab kenyeret, val\u00f3sz\u00edn\u0171leg az \u00edze meglep majd. <strong>A helyi pane sciocco, vagyis buta keny\u00e9r ugyanis teljesen s\u00f3 n\u00e9lk\u00fcl k\u00e9sz\u00fcl<\/strong>, enyh\u00e9n savanyk\u00e1s a bele \u00e9s vastag, ropog\u00f3s a h\u00e9ja. Sok turista azt hiszi, hogy a p\u00e9k egyszer\u0171en hib\u00e1zott, val\u00f3j\u00e1ban azonban ez <strong>az eg\u00e9sz r\u00e9gi\u00f3 egyik legm\u00e9lyebb kultur\u00e1lis szimb\u00f3luma<\/strong>, amelyhez leny\u0171g\u00f6z\u0151 t\u00f6rt\u00e9nelmi t\u00f6rt\u00e9net k\u00f6t\u0151dik a k\u00f6z\u00e9pkorb\u00f3l.<\/p>\n\n\n\n<p class=\"wp-block-paragraph\">A tizenkettedik sz\u00e1zadban a k\u00f6zeli Pisa er\u0151s tengeri k\u00f6zt\u00e1rsas\u00e1g volt, amely teljesen k\u00e9zben tartotta a partvid\u00e9kr\u0151l a sz\u00e1razf\u00f6ld belseje fel\u00e9 ir\u00e1nyul\u00f3 kereskedelmet. Amikor Pisa \u00e9s Firenze k\u00f6z\u00f6tt hatalmi harcok robbantak ki, <strong>a pisaiak rendk\u00edv\u00fcl magas ad\u00f3t vetettek ki a s\u00f3 behozatal\u00e1ra<\/strong>, hogy gazdas\u00e1gilag \u00e1rtsanak szomsz\u00e9daiknak. A b\u00fcszke firenzeiek azonban \u00fagy d\u00f6nt\u00f6ttek, nem hagyj\u00e1k magukat zsarolni, \u00e9s <strong>t\u00fcntet\u0151leg elkezdt\u00e9k az eg\u00e9sz kenyer\u00fcket teljesen s\u00f3 n\u00e9lk\u00fcl s\u00fctni<\/strong>. Ez a szok\u00e1s annyira meghonosodott a r\u00e9gi\u00f3ban, hogy eg\u00e9szen a mai napig fennmaradt.<\/p>\n\n\n\n<p class=\"wp-block-paragraph\">Ma a s\u00f3tlan keny\u00e9rnek teljesen logikus \u00e9s p\u00f3tolhatatlan helye van a toszk\u00e1nai konyh\u00e1ban. <strong>Ugyanis kiz\u00e1r\u00f3lag nagyon mark\u00e1ns \u00e9s s\u00f3s \u00e9telekkel eszik<\/strong>, mint az \u00e9rlelt juh-pecorino vagy az er\u0151sen f\u0171szerezett felv\u00e1gottak, \u00e9s vel\u00fck p\u00e1ros\u00edtva t\u00f6k\u00e9letes semleges alapk\u00e9nt m\u0171k\u00f6dik. Ha az \u00e9tteremben vajat k\u00e9rsz a keny\u00e9rhez, <strong>a pinc\u00e9r val\u00f3sz\u00edn\u0171leg nagy \u00e9rtetlens\u00e9ggel n\u00e9z majd r\u00e1d<\/strong>, mert itt a kenyeret kiz\u00e1r\u00f3lag friss ol\u00edvaolajba m\u00e1rtj\u00e1k, vagy a sz\u00f3szt tunkolj\u00e1k vele a t\u00e1ny\u00e9rr\u00f3l.<\/p>\n\n\n\n<figure data-wp-context=\"{&quot;imageId&quot;:&quot;6a9c334acfe4e&quot;}\" data-wp-interactive=\"core\/image\" data-wp-key=\"6a9c334acfe4e\" class=\"wp-block-image size-full wp-lightbox-container\"><img decoding=\"async\" width=\"1800\" height=\"1200\" data-wp-class--hide=\"state.isContentHidden\" data-wp-class--show=\"state.isContentVisible\" data-wp-init=\"callbacks.setButtonStyles\" data-wp-on--click=\"actions.showLightbox\" data-wp-on--load=\"callbacks.setButtonStyles\" data-wp-on--pointerdown=\"actions.preloadImage\" data-wp-on--pointerenter=\"actions.preloadImageWithDelay\" data-wp-on--pointerleave=\"actions.cancelPreload\" data-wp-on-window--resize=\"callbacks.setButtonStyles\" src=\"https:\/\/loudavymkrokem.cz\/wp-content\/uploads\/2026\/08\/toskansko-clanky-toskanska-kuchyne-04.jpg\" alt=\"Toszk\u00e1nai \u00e9telek az asztalon\" class=\"wp-image-394008\" title=\"\" srcset=\"https:\/\/loudavymkrokem.cz\/wp-content\/uploads\/2026\/08\/toskansko-clanky-toskanska-kuchyne-04.jpg 1800w, https:\/\/loudavymkrokem.cz\/wp-content\/uploads\/2026\/08\/toskansko-clanky-toskanska-kuchyne-04-300x200.jpg 300w, https:\/\/loudavymkrokem.cz\/wp-content\/uploads\/2026\/08\/toskansko-clanky-toskanska-kuchyne-04-700x467.jpg 700w, https:\/\/loudavymkrokem.cz\/wp-content\/uploads\/2026\/08\/toskansko-clanky-toskanska-kuchyne-04-768x512.jpg 768w, https:\/\/loudavymkrokem.cz\/wp-content\/uploads\/2026\/08\/toskansko-clanky-toskanska-kuchyne-04-1536x1024.jpg 1536w, https:\/\/loudavymkrokem.cz\/wp-content\/uploads\/2026\/08\/toskansko-clanky-toskanska-kuchyne-04-696x464.jpg 696w, https:\/\/loudavymkrokem.cz\/wp-content\/uploads\/2026\/08\/toskansko-clanky-toskanska-kuchyne-04-1392x928.jpg 1392w\" sizes=\"(max-width: 1800px) 100vw, 1800px\" \/><button\n\t\t\tclass=\"lightbox-trigger\"\n\t\t\ttype=\"button\"\n\t\t\taria-haspopup=\"dialog\"\n\t\t\tdata-wp-bind--aria-label=\"state.thisImage.triggerButtonAriaLabel\"\n\t\t\tdata-wp-init=\"callbacks.initTriggerButton\"\n\t\t\tdata-wp-on--click=\"actions.showLightbox\"\n\t\t\tdata-wp-style--right=\"state.thisImage.buttonRight\"\n\t\t\tdata-wp-style--top=\"state.thisImage.buttonTop\"\n\t\t>\n\t\t\t<svg xmlns=\"http:\/\/www.w3.org\/2000\/svg\" width=\"12\" height=\"12\" fill=\"none\" viewBox=\"0 0 12 12\">\n\t\t\t\t<path fill=\"#fff\" d=\"M2 0a2 2 0 0 0-2 2v2h1.5V2a.5.5 0 0 1 .5-.5h2V0H2Zm2 10.5H2a.5.5 0 0 1-.5-.5V8H0v2a2 2 0 0 0 2 2h2v-1.5ZM8 12v-1.5h2a.5.5 0 0 0 .5-.5V8H12v2a2 2 0 0 1-2 2H8Zm2-12a2 2 0 0 1 2 2v2h-1.5V2a.5.5 0 0 0-.5-.5H8V0h2Z\" \/>\n\t\t\t<\/svg>\n\t\t<\/button><\/figure>\n\n\n\n<h2 class=\"wp-block-heading\"><span class=\"ez-toc-section\" id=\"22_toszkanai_etel_amit_erdemes_megkostolni\"><\/span>22 toszk\u00e1nai \u00e9tel, amit \u00e9rdemes megk\u00f3stolni<span class=\"ez-toc-section-end\"><\/span><\/h2>\n\n\n\n<p class=\"wp-block-paragraph\">A leg\u00e9rdekesebb helyi k\u00fcl\u00f6nlegess\u00e9geket n\u00e9h\u00e1ny \u00e1ttekinthet\u0151 kateg\u00f3ri\u00e1ba rendeztem neked. <strong>A list\u00e1n szerepl\u0151 tippek t\u00f6bbs\u00e9ge tiszt\u00e1n veget\u00e1ri\u00e1nus<\/strong>, mert \u00e9pp a h\u00fastalan \u00e9telekben rejlik a toszk\u00e1nai vid\u00e9k legnagyobb ereje. Ha \u00e9rdekel az olasz gasztron\u00f3mia t\u00e1gabb kontextusa, mindenk\u00e9pp n\u00e9zd meg a cikk\u00fcnket: <a href=\"https:\/\/loudavymkrokem.cz\/hu\/olasz-konyha-regiok\/\">Olasz konyha: mit k\u00f3stolj meg r\u00e9gi\u00f3r\u00f3l r\u00e9gi\u00f3ra<\/a>, ahol ennek a csod\u00e1latos orsz\u00e1gnak a t\u00f6bbi r\u00e9sz\u00e9vel is foglalkozunk.<\/p>\n\n\n\n<figure data-wp-context=\"{&quot;imageId&quot;:&quot;6a9c334ad03d0&quot;}\" data-wp-interactive=\"core\/image\" data-wp-key=\"6a9c334ad03d0\" class=\"wp-block-image size-full wp-lightbox-container\"><img decoding=\"async\" width=\"1800\" height=\"1350\" data-wp-class--hide=\"state.isContentHidden\" data-wp-class--show=\"state.isContentVisible\" data-wp-init=\"callbacks.setButtonStyles\" data-wp-on--click=\"actions.showLightbox\" data-wp-on--load=\"callbacks.setButtonStyles\" data-wp-on--pointerdown=\"actions.preloadImage\" data-wp-on--pointerenter=\"actions.preloadImageWithDelay\" data-wp-on--pointerleave=\"actions.cancelPreload\" data-wp-on-window--resize=\"callbacks.setButtonStyles\" src=\"https:\/\/loudavymkrokem.cz\/wp-content\/uploads\/2026\/08\/toskansko-clanky-toskanska-kuchyne-05.jpg\" alt=\"Ribollita, toszk\u00e1nai keny\u00e9rleves\" class=\"wp-image-394009\" title=\"\" srcset=\"https:\/\/loudavymkrokem.cz\/wp-content\/uploads\/2026\/08\/toskansko-clanky-toskanska-kuchyne-05.jpg 1800w, https:\/\/loudavymkrokem.cz\/wp-content\/uploads\/2026\/08\/toskansko-clanky-toskanska-kuchyne-05-300x225.jpg 300w, https:\/\/loudavymkrokem.cz\/wp-content\/uploads\/2026\/08\/toskansko-clanky-toskanska-kuchyne-05-700x525.jpg 700w, https:\/\/loudavymkrokem.cz\/wp-content\/uploads\/2026\/08\/toskansko-clanky-toskanska-kuchyne-05-768x576.jpg 768w, https:\/\/loudavymkrokem.cz\/wp-content\/uploads\/2026\/08\/toskansko-clanky-toskanska-kuchyne-05-1536x1152.jpg 1536w, https:\/\/loudavymkrokem.cz\/wp-content\/uploads\/2026\/08\/toskansko-clanky-toskanska-kuchyne-05-80x60.jpg 80w, https:\/\/loudavymkrokem.cz\/wp-content\/uploads\/2026\/08\/toskansko-clanky-toskanska-kuchyne-05-160x120.jpg 160w, https:\/\/loudavymkrokem.cz\/wp-content\/uploads\/2026\/08\/toskansko-clanky-toskanska-kuchyne-05-696x522.jpg 696w, https:\/\/loudavymkrokem.cz\/wp-content\/uploads\/2026\/08\/toskansko-clanky-toskanska-kuchyne-05-1392x1044.jpg 1392w\" sizes=\"(max-width: 1800px) 100vw, 1800px\" \/><button\n\t\t\tclass=\"lightbox-trigger\"\n\t\t\ttype=\"button\"\n\t\t\taria-haspopup=\"dialog\"\n\t\t\tdata-wp-bind--aria-label=\"state.thisImage.triggerButtonAriaLabel\"\n\t\t\tdata-wp-init=\"callbacks.initTriggerButton\"\n\t\t\tdata-wp-on--click=\"actions.showLightbox\"\n\t\t\tdata-wp-style--right=\"state.thisImage.buttonRight\"\n\t\t\tdata-wp-style--top=\"state.thisImage.buttonTop\"\n\t\t>\n\t\t\t<svg xmlns=\"http:\/\/www.w3.org\/2000\/svg\" width=\"12\" height=\"12\" fill=\"none\" viewBox=\"0 0 12 12\">\n\t\t\t\t<path fill=\"#fff\" d=\"M2 0a2 2 0 0 0-2 2v2h1.5V2a.5.5 0 0 1 .5-.5h2V0H2Zm2 10.5H2a.5.5 0 0 1-.5-.5V8H0v2a2 2 0 0 0 2 2h2v-1.5ZM8 12v-1.5h2a.5.5 0 0 0 .5-.5V8H12v2a2 2 0 0 1-2 2H8Zm2-12a2 2 0 0 1 2 2v2h-1.5V2a.5.5 0 0 0-.5-.5H8V0h2Z\" \/>\n\t\t\t<\/svg>\n\t\t<\/button><figcaption class=\"wp-element-caption\">Ithunn \/ Wikimedia Commons, CC BY-SA 3.0<\/figcaption><\/figure>\n\n\n\n<h3 class=\"wp-block-heading\"><span class=\"ez-toc-section\" id=\"1_Ribollita\"><\/span>1. Ribollita<span class=\"ez-toc-section-end\"><\/span><\/h3>\n\n\n\n<p class=\"wp-block-paragraph\">Ez a legend\u00e1s z\u00f6lds\u00e9gleves a t\u00e9li Toszk\u00e1na abszol\u00fat kir\u00e1lyn\u0151je, \u00e9s <strong>t\u00f6k\u00e9letes p\u00e9ld\u00e1ja annak, milyen zseni\u00e1lis lehet a vid\u00e9ki cucina povera<\/strong>. A neve egyszer\u0171en \u00fajraf\u0151z\u00f6ttk\u00e9nt ford\u00edthat\u00f3, mert hagyom\u00e1nyosan nagy faz\u00e9kban, t\u00f6bb napra el\u0151re f\u0151zt\u00e9k. A fokozatos \u00fajrameleg\u00edt\u00e9ssel ugyanis egyre jobb \u00e9s sokkal intenz\u00edvebb \u00edzt kapott, amire a helyiek esk\u00fcsznek. <strong>Az alapj\u00e1t mindig a fekete toszk\u00e1nai kelk\u00e1poszta, a cavolo nero, a feh\u00e9r bab \u00e9s rengeteg r\u00e9gi keny\u00e9r adja<\/strong>. Ez s\u0171r\u00edti be az eg\u00e9sz forr\u00f3 kever\u00e9ket olyan \u00e1llag\u00fara, ami ink\u00e1bb egy tartalmas p\u00e9pre, mintsem klasszikus h\u00edg levesre eml\u00e9keztet.<\/p>\n\n\n\n<p class=\"wp-block-paragraph\">Minden toszk\u00e1nai csal\u00e1dnak megvan a saj\u00e1t titkos ribollita-receptje, amit b\u00fcszk\u00e9n \u00f6r\u00f6k\u00edtenek nemzed\u00e9kr\u0151l nemzed\u00e9kre. Az \u00e9ttermekben \u00e1ltal\u00e1ban nagyon kellemes nyolc-tizenk\u00e9t eur\u00f3t fizetsz \u00e9rte, teh\u00e1t <strong>remek \u00e9s olcs\u00f3 v\u00e1laszt\u00e1s egy kiad\u00f3s eb\u00e9dre, miut\u00e1n Firenze h\u0171v\u00f6s utc\u00e1in s\u00e9t\u00e1lt\u00e1l<\/strong>. Rendszerint minden hagyom\u00e1nyos trattoria \u00e9tlapj\u00e1n megtal\u00e1lod, k\u00fcl\u00f6n\u00f6sen a hidegebb \u0151szi \u00e9s t\u00e9li h\u00f3napokban.<\/p>\n\n\n\n<p class=\"wp-block-paragraph\">B\u00e1r az \u0151si alaprecept tiszt\u00e1n veget\u00e1ri\u00e1nus, <strong>n\u00e9ha a jobb \u00edz kedv\u00e9\u00e9rt ker\u00fcl bele egy darab f\u00fcst\u00f6lt pancetta, vagy h\u00fasalapl\u00e9vel k\u00e9sz\u00edtik<\/strong>. Ha teh\u00e1t t\u00e9nyleg egy\u00e1ltal\u00e1n nem eszel h\u00fast, biztos, ami biztos, mindig k\u00e9rdezd meg a kiszolg\u00e1l\u00f3t\u00f3l, hogyan k\u00e9sz\u00edtik pontosan a levest az adott helyen.<\/p>\n\n\n\n<p class=\"wp-block-paragraph\">\ud83d\udca1 <strong>TIPP:<\/strong> A legjobban akkor \u00edzlik, ha k\u00f6zvetlen\u00fcl az asztaln\u00e1l egy b\u0151s\u00e9ges adag friss extra sz\u0171z ol\u00edvaolajjal locsolod meg, pontosan \u00fagy, ahogy a vid\u00e9k id\u0151sebb lak\u00f3i teszik.<\/p>\n\n\n\n<figure data-wp-context=\"{&quot;imageId&quot;:&quot;6a9c334ad0b1a&quot;}\" data-wp-interactive=\"core\/image\" data-wp-key=\"6a9c334ad0b1a\" class=\"wp-block-image size-full wp-lightbox-container\"><img decoding=\"async\" width=\"1800\" height=\"1350\" data-wp-class--hide=\"state.isContentHidden\" data-wp-class--show=\"state.isContentVisible\" data-wp-init=\"callbacks.setButtonStyles\" data-wp-on--click=\"actions.showLightbox\" data-wp-on--load=\"callbacks.setButtonStyles\" data-wp-on--pointerdown=\"actions.preloadImage\" data-wp-on--pointerenter=\"actions.preloadImageWithDelay\" data-wp-on--pointerleave=\"actions.cancelPreload\" data-wp-on-window--resize=\"callbacks.setButtonStyles\" src=\"https:\/\/loudavymkrokem.cz\/wp-content\/uploads\/2026\/08\/toskansko-clanky-toskanska-kuchyne-06.jpg\" alt=\"Pappa al pomodoro\" class=\"wp-image-394012\" title=\"\" srcset=\"https:\/\/loudavymkrokem.cz\/wp-content\/uploads\/2026\/08\/toskansko-clanky-toskanska-kuchyne-06.jpg 1800w, https:\/\/loudavymkrokem.cz\/wp-content\/uploads\/2026\/08\/toskansko-clanky-toskanska-kuchyne-06-300x225.jpg 300w, https:\/\/loudavymkrokem.cz\/wp-content\/uploads\/2026\/08\/toskansko-clanky-toskanska-kuchyne-06-700x525.jpg 700w, https:\/\/loudavymkrokem.cz\/wp-content\/uploads\/2026\/08\/toskansko-clanky-toskanska-kuchyne-06-768x576.jpg 768w, https:\/\/loudavymkrokem.cz\/wp-content\/uploads\/2026\/08\/toskansko-clanky-toskanska-kuchyne-06-1536x1152.jpg 1536w, https:\/\/loudavymkrokem.cz\/wp-content\/uploads\/2026\/08\/toskansko-clanky-toskanska-kuchyne-06-80x60.jpg 80w, https:\/\/loudavymkrokem.cz\/wp-content\/uploads\/2026\/08\/toskansko-clanky-toskanska-kuchyne-06-160x120.jpg 160w, https:\/\/loudavymkrokem.cz\/wp-content\/uploads\/2026\/08\/toskansko-clanky-toskanska-kuchyne-06-696x522.jpg 696w, https:\/\/loudavymkrokem.cz\/wp-content\/uploads\/2026\/08\/toskansko-clanky-toskanska-kuchyne-06-1392x1044.jpg 1392w\" sizes=\"(max-width: 1800px) 100vw, 1800px\" \/><button\n\t\t\tclass=\"lightbox-trigger\"\n\t\t\ttype=\"button\"\n\t\t\taria-haspopup=\"dialog\"\n\t\t\tdata-wp-bind--aria-label=\"state.thisImage.triggerButtonAriaLabel\"\n\t\t\tdata-wp-init=\"callbacks.initTriggerButton\"\n\t\t\tdata-wp-on--click=\"actions.showLightbox\"\n\t\t\tdata-wp-style--right=\"state.thisImage.buttonRight\"\n\t\t\tdata-wp-style--top=\"state.thisImage.buttonTop\"\n\t\t>\n\t\t\t<svg xmlns=\"http:\/\/www.w3.org\/2000\/svg\" width=\"12\" height=\"12\" fill=\"none\" viewBox=\"0 0 12 12\">\n\t\t\t\t<path fill=\"#fff\" d=\"M2 0a2 2 0 0 0-2 2v2h1.5V2a.5.5 0 0 1 .5-.5h2V0H2Zm2 10.5H2a.5.5 0 0 1-.5-.5V8H0v2a2 2 0 0 0 2 2h2v-1.5ZM8 12v-1.5h2a.5.5 0 0 0 .5-.5V8H12v2a2 2 0 0 1-2 2H8Zm2-12a2 2 0 0 1 2 2v2h-1.5V2a.5.5 0 0 0-.5-.5H8V0h2Z\" \/>\n\t\t\t<\/svg>\n\t\t<\/button><figcaption class=\"wp-element-caption\">Catia Giaccherini \/ Wikimedia Commons, CC BY-SA 3.0<\/figcaption><\/figure>\n\n\n\n<h3 class=\"wp-block-heading\"><span class=\"ez-toc-section\" id=\"2_Pappa_al_pomodoro\"><\/span>2. Pappa al pomodoro<span class=\"ez-toc-section-end\"><\/span><\/h3>\n\n\n\n<p class=\"wp-block-paragraph\">A pappa al pomodoro az olasz gyerekkor \u00e9s feln\u0151ttkor egyik legkedveltebb \u00e9tele, \u00e9s <strong>a kulin\u00e1ris minimalizmus tiszta esszenci\u00e1j\u00e1t k\u00e9pviseli azokb\u00f3l az id\u0151kb\u0151l, amikor az embereknek nem volt felesleges p\u00e9nz\u00fck<\/strong>. L\u00e9nyeg\u00e9ben egy nagyon s\u0171r\u0171 paradicsomp\u00e9p, amelybe durv\u00e1ra t\u00e9pkedett r\u00e9gi s\u00f3tlan kenyeret, egy j\u00f3kora adag fokhagym\u00e1t, friss bazsalikomleveleket \u00e9s b\u0151s\u00e9ges mennyis\u00e9g\u0171, a legjobb helyi ol\u00edvaolajat kevernek. <strong>A legjobban a ny\u00e1r v\u00e9g\u00e9n \u00edzlik<\/strong>, amikor a paradicsom a piacokon t\u00f6k\u00e9letesen \u00e9rett, hihetetlen\u00fcl \u00e9des \u00e9s tele van toszk\u00e1nai napf\u00e9nnyel.<\/p>\n\n\n\n<p class=\"wp-block-paragraph\">Ez az \u00e9tel fantasztikusan sokoldal\u00fa, \u00e9s <strong>a toszk\u00e1naiak sz\u00edvesen eszik t\u00e9len forr\u00f3n meleged\u00e9sre, forr\u00f3 ny\u00e1ron pedig kellemesen hidegen is<\/strong>. Egy egyszer\u0171 osteri\u00e1ban az \u00e1ra h\u00e9t-t\u00edz eur\u00f3 k\u00f6r\u00fcl mozog, \u00e9s egy t\u00e1lka megb\u00edzhat\u00f3an j\u00f3llakat f\u00e9l napra. Pontosan az a fajta melenget\u0151 h\u00e1zias \u00e9tel, amely azonnal egy kedves olasz nagymama konyh\u00e1j\u00e1ba rep\u00edt.<\/p>\n\n\n\n<p class=\"wp-block-paragraph\">Remek h\u00edr, hogy <strong>ez a finoms\u00e1g a t\u00f6rt\u00e9nelmi kezdetei \u00f3ta sz\u00e1zsz\u00e1zal\u00e9kosan veg\u00e1n<\/strong>, \u00edgy nem kell rejtett h\u00fascsapd\u00e1kt\u00f3l tartanod. A helyiek id\u0151nk\u00e9nt nagyon kiad\u00f3s el\u0151\u00e9telk\u00e9nt is sz\u00edvesen k\u00e9nyeztetik magukat vele a f\u0151fog\u00e1s el\u0151tt.<\/p>\n\n\n\n<p class=\"wp-block-paragraph\">\ud83d\udca1 <strong>TIPP:<\/strong> Ha otthon is meg akarod pr\u00f3b\u00e1lni elk\u00e9sz\u00edteni a pappa al pomodor\u00f3t, ne feledd, hogy a siker titka a nagyon lass\u00fa f\u0151z\u00e9sben rejlik, hogy a keny\u00e9r \u00e9s a paradicsom t\u00f6k\u00e9letesen \u00f6ssze\u00e9rjen egy sima emulzi\u00f3v\u00e1.<\/p>\n\n\n\n<figure data-wp-context=\"{&quot;imageId&quot;:&quot;6a9c334ad1268&quot;}\" data-wp-interactive=\"core\/image\" data-wp-key=\"6a9c334ad1268\" class=\"wp-block-image size-full wp-lightbox-container\"><img decoding=\"async\" width=\"1800\" height=\"1350\" data-wp-class--hide=\"state.isContentHidden\" data-wp-class--show=\"state.isContentVisible\" data-wp-init=\"callbacks.setButtonStyles\" data-wp-on--click=\"actions.showLightbox\" data-wp-on--load=\"callbacks.setButtonStyles\" data-wp-on--pointerdown=\"actions.preloadImage\" data-wp-on--pointerenter=\"actions.preloadImageWithDelay\" data-wp-on--pointerleave=\"actions.cancelPreload\" data-wp-on-window--resize=\"callbacks.setButtonStyles\" src=\"https:\/\/loudavymkrokem.cz\/wp-content\/uploads\/2026\/08\/toskansko-clanky-toskanska-kuchyne-07.jpg\" alt=\"Panzanella, ny\u00e1ri keny\u00e9rsal\u00e1ta\" class=\"wp-image-394013\" title=\"\" srcset=\"https:\/\/loudavymkrokem.cz\/wp-content\/uploads\/2026\/08\/toskansko-clanky-toskanska-kuchyne-07.jpg 1800w, https:\/\/loudavymkrokem.cz\/wp-content\/uploads\/2026\/08\/toskansko-clanky-toskanska-kuchyne-07-300x225.jpg 300w, https:\/\/loudavymkrokem.cz\/wp-content\/uploads\/2026\/08\/toskansko-clanky-toskanska-kuchyne-07-700x525.jpg 700w, https:\/\/loudavymkrokem.cz\/wp-content\/uploads\/2026\/08\/toskansko-clanky-toskanska-kuchyne-07-768x576.jpg 768w, https:\/\/loudavymkrokem.cz\/wp-content\/uploads\/2026\/08\/toskansko-clanky-toskanska-kuchyne-07-1536x1152.jpg 1536w, https:\/\/loudavymkrokem.cz\/wp-content\/uploads\/2026\/08\/toskansko-clanky-toskanska-kuchyne-07-80x60.jpg 80w, https:\/\/loudavymkrokem.cz\/wp-content\/uploads\/2026\/08\/toskansko-clanky-toskanska-kuchyne-07-160x120.jpg 160w, https:\/\/loudavymkrokem.cz\/wp-content\/uploads\/2026\/08\/toskansko-clanky-toskanska-kuchyne-07-696x522.jpg 696w, https:\/\/loudavymkrokem.cz\/wp-content\/uploads\/2026\/08\/toskansko-clanky-toskanska-kuchyne-07-1392x1044.jpg 1392w\" sizes=\"(max-width: 1800px) 100vw, 1800px\" \/><button\n\t\t\tclass=\"lightbox-trigger\"\n\t\t\ttype=\"button\"\n\t\t\taria-haspopup=\"dialog\"\n\t\t\tdata-wp-bind--aria-label=\"state.thisImage.triggerButtonAriaLabel\"\n\t\t\tdata-wp-init=\"callbacks.initTriggerButton\"\n\t\t\tdata-wp-on--click=\"actions.showLightbox\"\n\t\t\tdata-wp-style--right=\"state.thisImage.buttonRight\"\n\t\t\tdata-wp-style--top=\"state.thisImage.buttonTop\"\n\t\t>\n\t\t\t<svg xmlns=\"http:\/\/www.w3.org\/2000\/svg\" width=\"12\" height=\"12\" fill=\"none\" viewBox=\"0 0 12 12\">\n\t\t\t\t<path fill=\"#fff\" d=\"M2 0a2 2 0 0 0-2 2v2h1.5V2a.5.5 0 0 1 .5-.5h2V0H2Zm2 10.5H2a.5.5 0 0 1-.5-.5V8H0v2a2 2 0 0 0 2 2h2v-1.5ZM8 12v-1.5h2a.5.5 0 0 0 .5-.5V8H12v2a2 2 0 0 1-2 2H8Zm2-12a2 2 0 0 1 2 2v2h-1.5V2a.5.5 0 0 0-.5-.5H8V0h2Z\" \/>\n\t\t\t<\/svg>\n\t\t<\/button><figcaption class=\"wp-element-caption\">LupoCapra at Italian Wikipedia \/ Wikimedia Commons, CC BY-SA 3.0<\/figcaption><\/figure>\n\n\n\n<h3 class=\"wp-block-heading\"><span class=\"ez-toc-section\" id=\"3_Panzanella\"><\/span>3. Panzanella<span class=\"ez-toc-section-end\"><\/span><\/h3>\n\n\n\n<p class=\"wp-block-paragraph\">Amikor bek\u00f6sz\u00f6ntenek a forr\u00f3 ny\u00e1ri napok, \u00e9s senkinek sincs kedve a felforr\u00f3sodott t\u0171zhely mellett \u00e1llni, sz\u00ednre l\u00e9p a felfriss\u00edt\u0151 panzanella. <strong>Ez a zseni\u00e1lis keny\u00e9rsal\u00e1ta t\u00f6rt\u00e9nelmileg m\u00e1r a tizennegyedik sz\u00e1zadt\u00f3l kimutathat\u00f3<\/strong>, \u00e9s \u00fagy j\u00f6tt l\u00e9tre, mint m\u00e9g egy lelem\u00e9nyes m\u00f3dszer a megkem\u00e9nyedett pane sciocco cip\u00f3k feldolgoz\u00e1s\u00e1ra, amelyeket egy\u00e9bk\u00e9nt ki kellett volna dobni. <strong>A sz\u00e1raz kenyeret el\u0151sz\u00f6r egy kis j\u00f3 borecetes v\u00edzbe \u00e1ztatj\u00e1k<\/strong>, hogy szivacs \u00e1llag\u00fara puhuljon, majd alaposan kinyomkodj\u00e1k bel\u0151le a felesleges folyad\u00e9kot.<\/p>\n\n\n\n<p class=\"wp-block-paragraph\">Az \u00edgy elk\u00e9sz\u00edtett puha keny\u00e9ralaphoz \u00f3vatosan apr\u00f3ra v\u00e1gott paradicsomot, v\u00e9kony szeletekre v\u00e1gott v\u00f6r\u00f6shagym\u00e1t, ropog\u00f3s ubork\u00e1t \u00e9s friss bazsalikomleveleket kevernek. <strong>V\u00e9g\u00fcl az eg\u00e9szet b\u0151s\u00e9gesen le\u00f6ntik min\u0151s\u00e9gi ol\u00edvaolajjal<\/strong>, ami az \u00f6sszes savas \u00e9s \u00e9des \u00edzt t\u00f6k\u00e9letes harm\u00f3ni\u00e1v\u00e1 k\u00f6ti \u00f6ssze. \u00c1ltal\u00e1ban nagyj\u00e1b\u00f3l hat-kilenc eur\u00f3ba ker\u00fcl.<\/p>\n\n\n\n<p class=\"wp-block-paragraph\">A panzanella k\u00f6nny\u0171, hihetetlen\u00fcl \u00fcde, \u00e9s <strong>teljesen ide\u00e1lis eb\u00e9d egy forr\u00f3 napon, amit a nevezetess\u00e9gek felfedez\u00e9s\u00e9vel t\u00f6ltesz<\/strong>, amikor nincs kedved semmi nehezebbhez. Nem tal\u00e1lsz benne semmilyen \u00e1llati term\u00e9ket, \u00edgy a veg\u00e1nok is im\u00e1dni fogj\u00e1k.<\/p>\n\n\n\n<p class=\"wp-block-paragraph\">\ud83d\udca1 <strong>TIPP:<\/strong> Az \u00e9ttermekben figyeld meg, hogyan t\u00e1lalj\u00e1k a sal\u00e1t\u00e1t. A helyes panzanell\u00e1nak mindig legal\u00e1bb egy \u00f3r\u00e1t kell pihennie a h\u0171t\u0151ben, hogy az \u00f6sszes \u00edz sz\u00e9pen \u00f6ssze\u00e9rjen, \u00e9s a keny\u00e9r mag\u00e1ba sz\u00edvja a paradicsom lev\u00e9t.<\/p>\n\n\n\n<figure data-wp-context=\"{&quot;imageId&quot;:&quot;6a9c334ad19f3&quot;}\" data-wp-interactive=\"core\/image\" data-wp-key=\"6a9c334ad19f3\" class=\"wp-block-image size-full wp-lightbox-container\"><img decoding=\"async\" width=\"1800\" height=\"1350\" data-wp-class--hide=\"state.isContentHidden\" data-wp-class--show=\"state.isContentVisible\" data-wp-init=\"callbacks.setButtonStyles\" data-wp-on--click=\"actions.showLightbox\" data-wp-on--load=\"callbacks.setButtonStyles\" data-wp-on--pointerdown=\"actions.preloadImage\" data-wp-on--pointerenter=\"actions.preloadImageWithDelay\" data-wp-on--pointerleave=\"actions.cancelPreload\" data-wp-on-window--resize=\"callbacks.setButtonStyles\" src=\"https:\/\/loudavymkrokem.cz\/wp-content\/uploads\/2026\/08\/toskansko-clanky-toskanska-kuchyne-08.jpg\" alt=\"Acquacotta a Maremma vid\u00e9k\u00e9r\u0151l\" class=\"wp-image-394015\" title=\"\" srcset=\"https:\/\/loudavymkrokem.cz\/wp-content\/uploads\/2026\/08\/toskansko-clanky-toskanska-kuchyne-08.jpg 1800w, https:\/\/loudavymkrokem.cz\/wp-content\/uploads\/2026\/08\/toskansko-clanky-toskanska-kuchyne-08-300x225.jpg 300w, https:\/\/loudavymkrokem.cz\/wp-content\/uploads\/2026\/08\/toskansko-clanky-toskanska-kuchyne-08-700x525.jpg 700w, https:\/\/loudavymkrokem.cz\/wp-content\/uploads\/2026\/08\/toskansko-clanky-toskanska-kuchyne-08-768x576.jpg 768w, https:\/\/loudavymkrokem.cz\/wp-content\/uploads\/2026\/08\/toskansko-clanky-toskanska-kuchyne-08-1536x1152.jpg 1536w, https:\/\/loudavymkrokem.cz\/wp-content\/uploads\/2026\/08\/toskansko-clanky-toskanska-kuchyne-08-80x60.jpg 80w, https:\/\/loudavymkrokem.cz\/wp-content\/uploads\/2026\/08\/toskansko-clanky-toskanska-kuchyne-08-160x120.jpg 160w, https:\/\/loudavymkrokem.cz\/wp-content\/uploads\/2026\/08\/toskansko-clanky-toskanska-kuchyne-08-696x522.jpg 696w, https:\/\/loudavymkrokem.cz\/wp-content\/uploads\/2026\/08\/toskansko-clanky-toskanska-kuchyne-08-1392x1044.jpg 1392w\" sizes=\"(max-width: 1800px) 100vw, 1800px\" \/><button\n\t\t\tclass=\"lightbox-trigger\"\n\t\t\ttype=\"button\"\n\t\t\taria-haspopup=\"dialog\"\n\t\t\tdata-wp-bind--aria-label=\"state.thisImage.triggerButtonAriaLabel\"\n\t\t\tdata-wp-init=\"callbacks.initTriggerButton\"\n\t\t\tdata-wp-on--click=\"actions.showLightbox\"\n\t\t\tdata-wp-style--right=\"state.thisImage.buttonRight\"\n\t\t\tdata-wp-style--top=\"state.thisImage.buttonTop\"\n\t\t>\n\t\t\t<svg xmlns=\"http:\/\/www.w3.org\/2000\/svg\" width=\"12\" height=\"12\" fill=\"none\" viewBox=\"0 0 12 12\">\n\t\t\t\t<path fill=\"#fff\" d=\"M2 0a2 2 0 0 0-2 2v2h1.5V2a.5.5 0 0 1 .5-.5h2V0H2Zm2 10.5H2a.5.5 0 0 1-.5-.5V8H0v2a2 2 0 0 0 2 2h2v-1.5ZM8 12v-1.5h2a.5.5 0 0 0 .5-.5V8H12v2a2 2 0 0 1-2 2H8Zm2-12a2 2 0 0 1 2 2v2h-1.5V2a.5.5 0 0 0-.5-.5H8V0h2Z\" \/>\n\t\t\t<\/svg>\n\t\t<\/button><figcaption class=\"wp-element-caption\">Fooding Around \/ Wikimedia Commons, CC BY 2.0<\/figcaption><\/figure>\n\n\n\n<h3 class=\"wp-block-heading\"><span class=\"ez-toc-section\" id=\"4_Acquacotta\"><\/span>4. Acquacotta<span class=\"ez-toc-section-end\"><\/span><\/h3>\n\n\n\n<p class=\"wp-block-paragraph\">Az acquacotta sz\u00f3 szerinti ford\u00edt\u00e1sban f\u0151tt vizet jelent, \u00e9s <strong>a Toszk\u00e1na legd\u00e9libb r\u00e9sz\u00e9n fekv\u0151 zord \u00e9s vad Maremma vid\u00e9k\u00e9r\u0151l sz\u00e1rmazik<\/strong>. Eredetileg a helyi p\u00e1sztorok \u00e9s sz\u00e9n\u00e9get\u0151k tipikus \u00e9tele volt, akik hossz\u00fa heteket t\u00f6lt\u00f6ttek otthonukt\u00f3l t\u00e1vol az erd\u0151kben, \u00e9s abb\u00f3l kellett f\u0151zni\u00fck, amit \u00e9pp a term\u00e9szetben tal\u00e1ltak, vagy ami bef\u00e9rt a v\u00e1szontariszny\u00e1jukba. <strong>Az alapja csup\u00e1n forr\u00e1sv\u00edz, vadon term\u0151 f\u0171szern\u00f6v\u00e9nyek, egy kis hagyma \u00e9s egy darab megkem\u00e9nyedett keny\u00e9r volt.<\/strong><\/p>\n\n\n\n<p class=\"wp-block-paragraph\">A mai v\u00e1ltozatok a helyi trattori\u00e1kban valamivel gazdagabbak \u00e9s kifinomultabbak. <strong>Gyakran tal\u00e1lsz benn\u00fck \u00e9rett paradicsomot, sz\u00e1rzellert, \u00e9des s\u00e1rgar\u00e9p\u00e1t \u00e9s egy felt\u00f6rt toj\u00e1st<\/strong>, amely a forr\u00f3 z\u00f6lds\u00e9galapl\u00e9ben t\u00f6k\u00e9letes buggyantott toj\u00e1sk\u00e9nt v\u00e9sz el. Az \u00e1ra a r\u00e9gi\u00f3 d\u00e9li r\u00e9sz\u00e9nek \u00e9ttermeiben t\u00edz eur\u00f3 k\u00f6r\u00fcl mozog, \u00e9s rendk\u00edv\u00fcl tartalmas fog\u00e1s.<\/p>\n\n\n\n<p class=\"wp-block-paragraph\">Ez egy sz\u00e9pen melenget\u0151 \u00e9s nagyon s\u0171r\u0171 leves, ami <strong>megb\u00edzhat\u00f3an talpra \u00e1ll\u00edt egy hossz\u00fa nap ut\u00e1n, amit a toszk\u00e1nai dombokon t\u00far\u00e1zva t\u00f6lt\u00f6tt\u00e9l<\/strong>. Ism\u00e9t egy kiv\u00e1l\u00f3 \u00e9tel a veget\u00e1ri\u00e1nusok sz\u00e1m\u00e1ra, csak arra a toj\u00e1sra kell figyelned, ha szigor\u00faan veg\u00e1n vagy.<\/p>\n\n\n\n<p class=\"wp-block-paragraph\">\ud83d\udca1 <strong>TIPP:<\/strong> A Maremma vid\u00e9k hagyom\u00e1nyos vend\u00e9gl\u0151iben az acquacott\u00e1t gyakran k\u00fcl\u00f6nleges terrakotta t\u00e1lk\u00e1kban t\u00e1lalj\u00e1k, amelyek az utols\u00f3 falatig melegen tartj\u00e1k az \u00e9telt.<\/p>\n\n\n\n<figure data-wp-context=\"{&quot;imageId&quot;:&quot;6a9c334ad20fd&quot;}\" data-wp-interactive=\"core\/image\" data-wp-key=\"6a9c334ad20fd\" class=\"wp-block-image size-full wp-lightbox-container\"><img decoding=\"async\" width=\"1800\" height=\"2301\" data-wp-class--hide=\"state.isContentHidden\" data-wp-class--show=\"state.isContentVisible\" data-wp-init=\"callbacks.setButtonStyles\" data-wp-on--click=\"actions.showLightbox\" data-wp-on--load=\"callbacks.setButtonStyles\" data-wp-on--pointerdown=\"actions.preloadImage\" data-wp-on--pointerenter=\"actions.preloadImageWithDelay\" data-wp-on--pointerleave=\"actions.cancelPreload\" data-wp-on-window--resize=\"callbacks.setButtonStyles\" src=\"https:\/\/loudavymkrokem.cz\/wp-content\/uploads\/2026\/08\/toskansko-clanky-toskanska-kuchyne-09.jpg\" alt=\"Pici all&#039;aglione, k\u00e9zzel sodort t\u00e9szta\" class=\"wp-image-394017\" title=\"\" srcset=\"https:\/\/loudavymkrokem.cz\/wp-content\/uploads\/2026\/08\/toskansko-clanky-toskanska-kuchyne-09.jpg 1800w, https:\/\/loudavymkrokem.cz\/wp-content\/uploads\/2026\/08\/toskansko-clanky-toskanska-kuchyne-09-235x300.jpg 235w, https:\/\/loudavymkrokem.cz\/wp-content\/uploads\/2026\/08\/toskansko-clanky-toskanska-kuchyne-09-700x895.jpg 700w, https:\/\/loudavymkrokem.cz\/wp-content\/uploads\/2026\/08\/toskansko-clanky-toskanska-kuchyne-09-768x982.jpg 768w, https:\/\/loudavymkrokem.cz\/wp-content\/uploads\/2026\/08\/toskansko-clanky-toskanska-kuchyne-09-1202x1536.jpg 1202w, https:\/\/loudavymkrokem.cz\/wp-content\/uploads\/2026\/08\/toskansko-clanky-toskanska-kuchyne-09-1602x2048.jpg 1602w, https:\/\/loudavymkrokem.cz\/wp-content\/uploads\/2026\/08\/toskansko-clanky-toskanska-kuchyne-09-696x890.jpg 696w, https:\/\/loudavymkrokem.cz\/wp-content\/uploads\/2026\/08\/toskansko-clanky-toskanska-kuchyne-09-1392x1779.jpg 1392w\" sizes=\"(max-width: 1800px) 100vw, 1800px\" \/><button\n\t\t\tclass=\"lightbox-trigger\"\n\t\t\ttype=\"button\"\n\t\t\taria-haspopup=\"dialog\"\n\t\t\tdata-wp-bind--aria-label=\"state.thisImage.triggerButtonAriaLabel\"\n\t\t\tdata-wp-init=\"callbacks.initTriggerButton\"\n\t\t\tdata-wp-on--click=\"actions.showLightbox\"\n\t\t\tdata-wp-style--right=\"state.thisImage.buttonRight\"\n\t\t\tdata-wp-style--top=\"state.thisImage.buttonTop\"\n\t\t>\n\t\t\t<svg xmlns=\"http:\/\/www.w3.org\/2000\/svg\" width=\"12\" height=\"12\" fill=\"none\" viewBox=\"0 0 12 12\">\n\t\t\t\t<path fill=\"#fff\" d=\"M2 0a2 2 0 0 0-2 2v2h1.5V2a.5.5 0 0 1 .5-.5h2V0H2Zm2 10.5H2a.5.5 0 0 1-.5-.5V8H0v2a2 2 0 0 0 2 2h2v-1.5ZM8 12v-1.5h2a.5.5 0 0 0 .5-.5V8H12v2a2 2 0 0 1-2 2H8Zm2-12a2 2 0 0 1 2 2v2h-1.5V2a.5.5 0 0 0-.5-.5H8V0h2Z\" \/>\n\t\t\t<\/svg>\n\t\t<\/button><figcaption class=\"wp-element-caption\">fugzu from Pistoia, Italia \/ Wikimedia Commons, CC BY 2.0<\/figcaption><\/figure>\n\n\n\n<h3 class=\"wp-block-heading\"><span class=\"ez-toc-section\" id=\"5_Pici_allaglione\"><\/span>5. Pici all&#8217;aglione<span class=\"ez-toc-section-end\"><\/span><\/h3>\n\n\n\n<p class=\"wp-block-paragraph\">Ha \u00fagy szereted a t\u00e9szt\u00e1t, mint mi, nem hagyhatod el Toszk\u00e1n\u00e1t an\u00e9lk\u00fcl, hogy megk\u00f3stoltad volna a h\u00edres picit. <strong>Ez a hihetetlen\u00fcl vastag, k\u00e9zzel sodort t\u00e9szta Siena k\u00f6rny\u00e9k\u00e9r\u0151l \u00e9s a gy\u00f6ny\u00f6r\u0171 Val d&#8217;Orcia v\u00f6lgyb\u0151l sz\u00e1rmazik<\/strong>. A picit hagyom\u00e1nyosan csak egyszer\u0171 finomlisztb\u0151l, v\u00edzb\u0151l \u00e9s egy csepp olajb\u00f3l k\u00e9sz\u00edtik, \u00edgy megf\u0151zve al dente csod\u00e1san t\u00f6m\u00f6r, kem\u00e9ny, \u00e9s sokkal jobban j\u00f3llakat, mint a klasszikus spagetti.<\/p>\n\n\n\n<p class=\"wp-block-paragraph\">A legklasszikusabb veget\u00e1ri\u00e1nus elk\u00e9sz\u00edt\u00e9si m\u00f3d az <strong>all&#8217;aglione v\u00e1ltozat, amely az \u00f3ri\u00e1si fokhagyma egy k\u00fcl\u00f6nleges fajt\u00e1j\u00e1t haszn\u00e1lja, melyet kiz\u00e1r\u00f3lag a Val di Chiana v\u00f6lgyben termesztenek<\/strong>. Ez a specifikus aglione sokkal finomabb \u00e9s \u00e9desebb, mint a mi h\u00e9tk\u00f6znapi fokhagym\u00e1nk, r\u00e1ad\u00e1sul \u00e1ll\u00edt\u00f3lag nem lesz t\u0151le kellemetlen a leheleted. A hosszan f\u0151z\u00f6tt paradicsomsz\u00f3sszal egy\u00fctt t\u00f6k\u00e9letes \u00edzszimf\u00f3ni\u00e1t alkot.<\/p>\n\n\n\n<p class=\"wp-block-paragraph\">Egy tisztess\u00e9ges adag h\u00e1zi pici\u00e9rt egy csal\u00e1di osteri\u00e1ban nagyj\u00e1b\u00f3l tizenk\u00e9t-tizen\u00f6t eur\u00f3t fizetsz. <strong>A toj\u00e1s hi\u00e1ny\u00e1nak k\u00f6sz\u00f6nhet\u0151en a t\u00e9szta \u00f6nmag\u00e1ban veg\u00e1n<\/strong>, \u00edgy mindenkinek megfelel, aki ker\u00fcli az \u00e1llati term\u00e9keket.<\/p>\n\n\n\n<p class=\"wp-block-paragraph\">\ud83d\udca1 <strong>TIPP:<\/strong> Sz\u00e1r\u00edtott picit minden helyi \u00e9lelmiszerboltban vehetsz, \u00e9s hazaviheted a legjobb ehet\u0151 szuven\u00edrk\u00e9nt. Ne felejts hozz\u00e1 vinni egy \u00fcveg k\u00e9sz aglione sz\u00f3szt is.<\/p>\n\n\n\n<figure data-wp-context=\"{&quot;imageId&quot;:&quot;6a9c334ad2905&quot;}\" data-wp-interactive=\"core\/image\" data-wp-key=\"6a9c334ad2905\" class=\"wp-block-image size-full wp-lightbox-container\"><img decoding=\"async\" width=\"1920\" height=\"1899\" data-wp-class--hide=\"state.isContentHidden\" data-wp-class--show=\"state.isContentVisible\" data-wp-init=\"callbacks.setButtonStyles\" data-wp-on--click=\"actions.showLightbox\" data-wp-on--load=\"callbacks.setButtonStyles\" data-wp-on--pointerdown=\"actions.preloadImage\" data-wp-on--pointerenter=\"actions.preloadImageWithDelay\" data-wp-on--pointerleave=\"actions.cancelPreload\" data-wp-on-window--resize=\"callbacks.setButtonStyles\" src=\"https:\/\/loudavymkrokem.cz\/wp-content\/uploads\/2026\/08\/10-7.jpg\" alt=\"Fagioli all&#039;uccelletto, toszk\u00e1nai babos \u00e9tel\" class=\"wp-image-394053\" title=\"\" srcset=\"https:\/\/loudavymkrokem.cz\/wp-content\/uploads\/2026\/08\/10-7.jpg 1920w, https:\/\/loudavymkrokem.cz\/wp-content\/uploads\/2026\/08\/10-7-300x297.jpg 300w, https:\/\/loudavymkrokem.cz\/wp-content\/uploads\/2026\/08\/10-7-700x692.jpg 700w, https:\/\/loudavymkrokem.cz\/wp-content\/uploads\/2026\/08\/10-7-768x760.jpg 768w, https:\/\/loudavymkrokem.cz\/wp-content\/uploads\/2026\/08\/10-7-1536x1519.jpg 1536w, https:\/\/loudavymkrokem.cz\/wp-content\/uploads\/2026\/08\/10-7-696x688.jpg 696w, https:\/\/loudavymkrokem.cz\/wp-content\/uploads\/2026\/08\/10-7-1392x1377.jpg 1392w\" sizes=\"(max-width: 1920px) 100vw, 1920px\" \/><button\n\t\t\tclass=\"lightbox-trigger\"\n\t\t\ttype=\"button\"\n\t\t\taria-haspopup=\"dialog\"\n\t\t\tdata-wp-bind--aria-label=\"state.thisImage.triggerButtonAriaLabel\"\n\t\t\tdata-wp-init=\"callbacks.initTriggerButton\"\n\t\t\tdata-wp-on--click=\"actions.showLightbox\"\n\t\t\tdata-wp-style--right=\"state.thisImage.buttonRight\"\n\t\t\tdata-wp-style--top=\"state.thisImage.buttonTop\"\n\t\t>\n\t\t\t<svg xmlns=\"http:\/\/www.w3.org\/2000\/svg\" width=\"12\" height=\"12\" fill=\"none\" viewBox=\"0 0 12 12\">\n\t\t\t\t<path fill=\"#fff\" d=\"M2 0a2 2 0 0 0-2 2v2h1.5V2a.5.5 0 0 1 .5-.5h2V0H2Zm2 10.5H2a.5.5 0 0 1-.5-.5V8H0v2a2 2 0 0 0 2 2h2v-1.5ZM8 12v-1.5h2a.5.5 0 0 0 .5-.5V8H12v2a2 2 0 0 1-2 2H8Zm2-12a2 2 0 0 1 2 2v2h-1.5V2a.5.5 0 0 0-.5-.5H8V0h2Z\" \/>\n\t\t\t<\/svg>\n\t\t<\/button><figcaption class=\"wp-element-caption\">toskanska-kuchyne-fagioli-vege.jpg<\/figcaption><\/figure>\n\n\n\n<h3 class=\"wp-block-heading\"><span class=\"ez-toc-section\" id=\"6_Fagioli_alluccelletto\"><\/span>6. Fagioli all&#8217;uccelletto<span class=\"ez-toc-section-end\"><\/span><\/h3>\n\n\n\n<p class=\"wp-block-paragraph\">Ez a szer\u00e9ny fog\u00e1s sz\u00e9pen megmagyar\u00e1zza, mi\u00e9rt \u00e9rdemelt\u00e9k ki a toszk\u00e1naiak Olaszorsz\u00e1g m\u00e1s r\u00e9szein a viccesen cseng\u0151 mangiafagioli (babev\u0151k) becenevet. <strong>Egy nagyon egyszer\u0171, de \u00edzben rendk\u00edv\u00fcl gazdag k\u00f6ret a feh\u00e9r cannellini babb\u00f3l<\/strong>, amelyet hosszan \u00e9s lassan p\u00e1rolnak s\u0171r\u0171 paradicsomsz\u00f3szban, sok friss zs\u00e1ly\u00e1val \u00e9s illatos fokhagym\u00e1val. <strong>Az \u00e9rdekes all&#8217;uccelletto elnevez\u00e9s szabadon madar\u00e1szi m\u00f3dra ford\u00edthat\u00f3<\/strong>, ami a t\u00f6rt\u00e9n\u00e9szeket \u00e9s turist\u00e1kat gyakran \u00f6sszezavarja.<\/p>\n\n\n\n<p class=\"wp-block-paragraph\">A legval\u00f3sz\u00edn\u0171bb magyar\u00e1zat az, hogy <strong>a szeg\u00e9ny parasztok a zs\u00e1ly\u00e1t \u00e9s a fokhagym\u00e1t f\u0151k\u00e9nt a kis s\u00fclt madarak \u00edzes\u00edt\u00e9s\u00e9re haszn\u00e1lt\u00e1k<\/strong>, \u00e9s amikor nem volt dr\u00e1ga h\u00fasuk, ugyanazokat a f\u0171szereket haszn\u00e1lt\u00e1k legal\u00e1bb az egyszer\u0171 babhoz. \u00cdgy akartak az \u00e9telnek legal\u00e1bb a h\u00fasos \u00edz ill\u00fazi\u00f3j\u00e1t adni, ami az er\u0151s f\u0171szern\u00f6v\u00e9nyeknek k\u00f6sz\u00f6nhet\u0151en remek\u00fcl siker\u00fclt is nekik.<\/p>\n\n\n\n<p class=\"wp-block-paragraph\">Ma szinte minden hagyom\u00e1nyos toszk\u00e1nai trattoria veget\u00e1ri\u00e1nus alapdarabja, ahol vagy tartalmas k\u00f6retk\u00e9nt, vagy egyenesen k\u00f6nny\u0171 f\u0151\u00e9telk\u00e9nt t\u00e1lalj\u00e1k. <strong>Egy t\u00e1lka ilyen illatos bab\u00e9rt \u00e1ltal\u00e1ban \u00f6t-nyolc eur\u00f3t fizetsz<\/strong>, \u00e9s remek\u00fcl illik hozz\u00e1 egy darab friss keny\u00e9r a sz\u00f3sz tunkol\u00e1s\u00e1hoz.<\/p>\n\n\n\n<p class=\"wp-block-paragraph\">\ud83d\udca1 <strong>TIPP:<\/strong> Ha f\u0151\u00e9telk\u00e9nt rendeled, aj\u00e1nlom mell\u00e9 egy poh\u00e1r k\u00f6nnyedebb v\u00f6r\u00f6sbort, p\u00e9ld\u00e1ul egy fiatal Chiantit, ami t\u00f6k\u00e9letesen harmoniz\u00e1l a paradicsomos alappal.<\/p>\n\n\n\n<figure data-wp-context=\"{&quot;imageId&quot;:&quot;6a9c334ad31c9&quot;}\" data-wp-interactive=\"core\/image\" data-wp-key=\"6a9c334ad31c9\" class=\"wp-block-image size-full wp-lightbox-container\"><img decoding=\"async\" width=\"1800\" height=\"1613\" data-wp-class--hide=\"state.isContentHidden\" data-wp-class--show=\"state.isContentVisible\" data-wp-init=\"callbacks.setButtonStyles\" data-wp-on--click=\"actions.showLightbox\" data-wp-on--load=\"callbacks.setButtonStyles\" data-wp-on--pointerdown=\"actions.preloadImage\" data-wp-on--pointerenter=\"actions.preloadImageWithDelay\" data-wp-on--pointerleave=\"actions.cancelPreload\" data-wp-on-window--resize=\"callbacks.setButtonStyles\" src=\"https:\/\/loudavymkrokem.cz\/wp-content\/uploads\/2026\/08\/toskansko-clanky-toskanska-kuchyne-11.jpg\" alt=\"Zuppa di farro, t\u00f6nk\u00f6lyleves\" class=\"wp-image-394022\" title=\"\" srcset=\"https:\/\/loudavymkrokem.cz\/wp-content\/uploads\/2026\/08\/toskansko-clanky-toskanska-kuchyne-11.jpg 1800w, https:\/\/loudavymkrokem.cz\/wp-content\/uploads\/2026\/08\/toskansko-clanky-toskanska-kuchyne-11-300x269.jpg 300w, https:\/\/loudavymkrokem.cz\/wp-content\/uploads\/2026\/08\/toskansko-clanky-toskanska-kuchyne-11-700x627.jpg 700w, https:\/\/loudavymkrokem.cz\/wp-content\/uploads\/2026\/08\/toskansko-clanky-toskanska-kuchyne-11-768x688.jpg 768w, https:\/\/loudavymkrokem.cz\/wp-content\/uploads\/2026\/08\/toskansko-clanky-toskanska-kuchyne-11-1536x1376.jpg 1536w, https:\/\/loudavymkrokem.cz\/wp-content\/uploads\/2026\/08\/toskansko-clanky-toskanska-kuchyne-11-696x624.jpg 696w, https:\/\/loudavymkrokem.cz\/wp-content\/uploads\/2026\/08\/toskansko-clanky-toskanska-kuchyne-11-1392x1247.jpg 1392w\" sizes=\"(max-width: 1800px) 100vw, 1800px\" \/><button\n\t\t\tclass=\"lightbox-trigger\"\n\t\t\ttype=\"button\"\n\t\t\taria-haspopup=\"dialog\"\n\t\t\tdata-wp-bind--aria-label=\"state.thisImage.triggerButtonAriaLabel\"\n\t\t\tdata-wp-init=\"callbacks.initTriggerButton\"\n\t\t\tdata-wp-on--click=\"actions.showLightbox\"\n\t\t\tdata-wp-style--right=\"state.thisImage.buttonRight\"\n\t\t\tdata-wp-style--top=\"state.thisImage.buttonTop\"\n\t\t>\n\t\t\t<svg xmlns=\"http:\/\/www.w3.org\/2000\/svg\" width=\"12\" height=\"12\" fill=\"none\" viewBox=\"0 0 12 12\">\n\t\t\t\t<path fill=\"#fff\" d=\"M2 0a2 2 0 0 0-2 2v2h1.5V2a.5.5 0 0 1 .5-.5h2V0H2Zm2 10.5H2a.5.5 0 0 1-.5-.5V8H0v2a2 2 0 0 0 2 2h2v-1.5ZM8 12v-1.5h2a.5.5 0 0 0 .5-.5V8H12v2a2 2 0 0 1-2 2H8Zm2-12a2 2 0 0 1 2 2v2h-1.5V2a.5.5 0 0 0-.5-.5H8V0h2Z\" \/>\n\t\t\t<\/svg>\n\t\t<\/button><figcaption class=\"wp-element-caption\">fugzu \/ Wikimedia Commons, CC BY 2.0<\/figcaption><\/figure>\n\n\n\n<h3 class=\"wp-block-heading\"><span class=\"ez-toc-section\" id=\"7_Zuppa_di_farro\"><\/span>7. Zuppa di farro<span class=\"ez-toc-section-end\"><\/span><\/h3>\n\n\n\n<p class=\"wp-block-paragraph\">Toszk\u00e1na \u00e9szaki, hegyvid\u00e9ki r\u00e9sze, a Garfagnana \u00e9szrevehet\u0151en zordabb \u00e9s hidegebb t\u00e1j, ahol a klasszikus b\u00faza helyett hagyom\u00e1nyosan a j\u00f3val ellen\u00e1ll\u00f3bb t\u00f6nk\u00f6lyt, vagyis farr\u00f3t termesztik. <strong>A zuppa di farro csod\u00e1latosan tartalmas t\u00e9li leves<\/strong>, amely \u00e9pp ezt az \u0151si, eg\u00e9szs\u00e9ges gabon\u00e1t \u00f6tv\u00f6zi babbal \u00e9s szezon\u00e1lis gy\u00f6k\u00e9rz\u00f6lds\u00e9gekkel. <strong>A t\u00f6nk\u00f6lynek kellemesen di\u00f3s \u00edze \u00e9s enyh\u00e9n r\u00e1g\u00f3s szerkezete van<\/strong>, \u00edgy a leves v\u00e9g\u00fcl ink\u00e1bb kiad\u00f3s f\u0151\u00e9telk\u00e9nt m\u0171k\u00f6dik, mintsem puszta el\u0151\u00e9telk\u00e9nt.<\/p>\n\n\n\n<p class=\"wp-block-paragraph\">Az \u00e9ttermek f\u0151leg a t\u00e9li h\u00f3napokban k\u00edn\u00e1lj\u00e1k, \u00e9s egy t\u00e1lka nagyj\u00e1b\u00f3l kilenc-tizenk\u00e9t eur\u00f3ba ker\u00fcl. De itt is \u00e9rv\u00e9nyes a nagy \u00f3vatoss\u00e1g szab\u00e1lya nek\u00fcnk, veget\u00e1ri\u00e1nusoknak, mert <strong>egyes hegyvid\u00e9ki csal\u00e1di receptek a f\u0151z\u00e9s elej\u00e9n egy darab szalonna (pancetta) megpir\u00edt\u00e1s\u00e1val sz\u00e1molnak<\/strong> az \u00edz feler\u0151s\u00edt\u00e9s\u00e9re.<\/p>\n\n\n\n<p class=\"wp-block-paragraph\">A jobb helyek t\u00f6bbs\u00e9ge azonban k\u00e9szs\u00e9gesen k\u00e9sz\u00edt neked tiszt\u00e1n z\u00f6lds\u00e9ges v\u00e1ltozatot, ha el\u0151re sz\u00f3lsz. <strong>El\u00e9g, ha rendel\u00e9skor mosolyogva megk\u00e9rdezed a kiszolg\u00e1l\u00f3t\u00f3l, hogy a farr\u00f3juk senza carne (h\u00fas n\u00e9lk\u00fcl) k\u00e9sz\u00fcl-e<\/strong>, \u00e9s m\u00e1ris biztos lehetsz egy nyugodt eb\u00e9dben.<\/p>\n\n\n\n<p class=\"wp-block-paragraph\">\ud83d\udca1 <strong>TIPP:<\/strong> A t\u00f6nk\u00f6lyt Toszk\u00e1n\u00e1ban nem csak levesekbe haszn\u00e1lj\u00e1k, ny\u00e1ron gyakran tal\u00e1lkozol vele felfriss\u00edt\u0151 hideg sal\u00e1ta form\u00e1j\u00e1ban, paradicsommal \u00e9s mozzarell\u00e1val, ami remek a forr\u00f3 id\u0151ben.<\/p>\n\n\n\n<figure data-wp-context=\"{&quot;imageId&quot;:&quot;6a9c334ad3a7e&quot;}\" data-wp-interactive=\"core\/image\" data-wp-key=\"6a9c334ad3a7e\" class=\"wp-block-image size-full wp-lightbox-container\"><img decoding=\"async\" width=\"1800\" height=\"1338\" data-wp-class--hide=\"state.isContentHidden\" data-wp-class--show=\"state.isContentVisible\" data-wp-init=\"callbacks.setButtonStyles\" data-wp-on--click=\"actions.showLightbox\" data-wp-on--load=\"callbacks.setButtonStyles\" data-wp-on--pointerdown=\"actions.preloadImage\" data-wp-on--pointerenter=\"actions.preloadImageWithDelay\" data-wp-on--pointerleave=\"actions.cancelPreload\" data-wp-on-window--resize=\"callbacks.setButtonStyles\" src=\"https:\/\/loudavymkrokem.cz\/wp-content\/uploads\/2026\/08\/toskansko-clanky-toskanska-kuchyne-12.jpg\" alt=\"Garmugia, tavaszi leves Lucc\u00e1b\u00f3l\" class=\"wp-image-394024\" title=\"\" srcset=\"https:\/\/loudavymkrokem.cz\/wp-content\/uploads\/2026\/08\/toskansko-clanky-toskanska-kuchyne-12.jpg 1800w, https:\/\/loudavymkrokem.cz\/wp-content\/uploads\/2026\/08\/toskansko-clanky-toskanska-kuchyne-12-300x223.jpg 300w, https:\/\/loudavymkrokem.cz\/wp-content\/uploads\/2026\/08\/toskansko-clanky-toskanska-kuchyne-12-700x520.jpg 700w, https:\/\/loudavymkrokem.cz\/wp-content\/uploads\/2026\/08\/toskansko-clanky-toskanska-kuchyne-12-768x571.jpg 768w, https:\/\/loudavymkrokem.cz\/wp-content\/uploads\/2026\/08\/toskansko-clanky-toskanska-kuchyne-12-1536x1142.jpg 1536w, https:\/\/loudavymkrokem.cz\/wp-content\/uploads\/2026\/08\/toskansko-clanky-toskanska-kuchyne-12-80x60.jpg 80w, https:\/\/loudavymkrokem.cz\/wp-content\/uploads\/2026\/08\/toskansko-clanky-toskanska-kuchyne-12-160x120.jpg 160w, https:\/\/loudavymkrokem.cz\/wp-content\/uploads\/2026\/08\/toskansko-clanky-toskanska-kuchyne-12-696x517.jpg 696w, https:\/\/loudavymkrokem.cz\/wp-content\/uploads\/2026\/08\/toskansko-clanky-toskanska-kuchyne-12-1392x1035.jpg 1392w\" sizes=\"(max-width: 1800px) 100vw, 1800px\" \/><button\n\t\t\tclass=\"lightbox-trigger\"\n\t\t\ttype=\"button\"\n\t\t\taria-haspopup=\"dialog\"\n\t\t\tdata-wp-bind--aria-label=\"state.thisImage.triggerButtonAriaLabel\"\n\t\t\tdata-wp-init=\"callbacks.initTriggerButton\"\n\t\t\tdata-wp-on--click=\"actions.showLightbox\"\n\t\t\tdata-wp-style--right=\"state.thisImage.buttonRight\"\n\t\t\tdata-wp-style--top=\"state.thisImage.buttonTop\"\n\t\t>\n\t\t\t<svg xmlns=\"http:\/\/www.w3.org\/2000\/svg\" width=\"12\" height=\"12\" fill=\"none\" viewBox=\"0 0 12 12\">\n\t\t\t\t<path fill=\"#fff\" d=\"M2 0a2 2 0 0 0-2 2v2h1.5V2a.5.5 0 0 1 .5-.5h2V0H2Zm2 10.5H2a.5.5 0 0 1-.5-.5V8H0v2a2 2 0 0 0 2 2h2v-1.5ZM8 12v-1.5h2a.5.5 0 0 0 .5-.5V8H12v2a2 2 0 0 1-2 2H8Zm2-12a2 2 0 0 1 2 2v2h-1.5V2a.5.5 0 0 0-.5-.5H8V0h2Z\" \/>\n\t\t\t<\/svg>\n\t\t<\/button><\/figure>\n\n\n\n<h3 class=\"wp-block-heading\"><span class=\"ez-toc-section\" id=\"8_Garmugia\"><\/span>8. Garmugia<span class=\"ez-toc-section-end\"><\/span><\/h3>\n\n\n\n<p class=\"wp-block-paragraph\">M\u00edg a legt\u00f6bb klasszikus toszk\u00e1nai leves nagyon neh\u00e9z \u00e9s kifejezetten t\u00e9li, <strong>a garmugia az \u00e9bred\u0151 tavasz \u00f6r\u00f6mteli \u00fcnnepe a t\u00f6rt\u00e9nelmi Lucca v\u00e1ros k\u00f6rny\u00e9k\u00e9n<\/strong>. Ez a hihetetlen\u00fcl eleg\u00e1ns z\u00f6lds\u00e9ges alapl\u00e9 tele van a legfinomabb tavaszi term\u00e9sekkel, amelyek \u00e9pp megjelentek a helyi piacokon a hossz\u00fa t\u00e9l ut\u00e1n. <strong>Hagyom\u00e1nyosan friss z\u00f6ld artics\u00f3k\u00e1t, ropog\u00f3s sp\u00e1rg\u00e1t, fiatal fava babot \u00e9s a leg\u00e9desebb tavaszi bors\u00f3t tal\u00e1lsz benne.<\/strong><\/p>\n\n\n\n<p class=\"wp-block-paragraph\">Rendk\u00edv\u00fcl \u00fcde \u00e9tel, tele vitaminokkal, \u00e9s az els\u0151 kan\u00e1l friss f\u0171szern\u00f6v\u00e9nyekt\u0151l illatozik. T\u00f6rt\u00e9nelmileg ugyan a garmugia ink\u00e1bb a gazdagabb polg\u00e1rok asztal\u00e1ra illett, \u00e9s n\u00e9ha borj\u00fah\u00fast vagy pancett\u00e1t is tettek bele, de <strong>ma sok luccai osteria k\u00f6nnyedebb veget\u00e1ri\u00e1nus v\u00e1ltozatot f\u0151z<\/strong>, amely kiz\u00e1r\u00f3lag a fiatal z\u00f6lds\u00e9gek finom \u00edz\u00e9t emeli ki.<\/p>\n\n\n\n<p class=\"wp-block-paragraph\"><strong>Ha a h\u00edres t\u00f6rt\u00e9nelmi v\u00e1rosfalakat k\u00e9sz\u00fclsz k\u00f6rbebiciklizni<\/strong>, egy t\u00e1lka forr\u00f3 garmugia eb\u00e9dre pontosan a megfelel\u0151 adag energi\u00e1t adja a tov\u00e1bbi ped\u00e1loz\u00e1shoz. Szezonban nagyj\u00e1b\u00f3l t\u00edz-tizenn\u00e9gy eur\u00f3t fizetsz \u00e9rte.<\/p>\n\n\n\n<p class=\"wp-block-paragraph\">\ud83d\udca1 <strong>TIPP:<\/strong> A garmugia a toszk\u00e1nai szezonalit\u00e1s iskolap\u00e9ld\u00e1ja. Az \u00e9tlapon t\u00e9nyleg csak n\u00e9h\u00e1ny r\u00f6vid tavaszi h\u00e9ten \u00e1t tal\u00e1lod, \u00edgy ha megl\u00e1tod, egy pillanatig se habozz.<\/p>\n\n\n\n<figure data-wp-context=\"{&quot;imageId&quot;:&quot;6a9c334ad3f33&quot;}\" data-wp-interactive=\"core\/image\" data-wp-key=\"6a9c334ad3f33\" class=\"wp-block-image size-full wp-lightbox-container\"><img decoding=\"async\" width=\"1800\" height=\"1350\" data-wp-class--hide=\"state.isContentHidden\" data-wp-class--show=\"state.isContentVisible\" data-wp-init=\"callbacks.setButtonStyles\" data-wp-on--click=\"actions.showLightbox\" data-wp-on--load=\"callbacks.setButtonStyles\" data-wp-on--pointerdown=\"actions.preloadImage\" data-wp-on--pointerenter=\"actions.preloadImageWithDelay\" data-wp-on--pointerleave=\"actions.cancelPreload\" data-wp-on-window--resize=\"callbacks.setButtonStyles\" src=\"https:\/\/loudavymkrokem.cz\/wp-content\/uploads\/2026\/08\/toskansko-clanky-toskanska-kuchyne-13.jpg\" alt=\"Cecina, csicseribors\u00f3s lep\u00e9ny Livorn\u00f3b\u00f3l\" class=\"wp-image-394027\" title=\"\" srcset=\"https:\/\/loudavymkrokem.cz\/wp-content\/uploads\/2026\/08\/toskansko-clanky-toskanska-kuchyne-13.jpg 1800w, https:\/\/loudavymkrokem.cz\/wp-content\/uploads\/2026\/08\/toskansko-clanky-toskanska-kuchyne-13-300x225.jpg 300w, https:\/\/loudavymkrokem.cz\/wp-content\/uploads\/2026\/08\/toskansko-clanky-toskanska-kuchyne-13-700x525.jpg 700w, https:\/\/loudavymkrokem.cz\/wp-content\/uploads\/2026\/08\/toskansko-clanky-toskanska-kuchyne-13-768x576.jpg 768w, https:\/\/loudavymkrokem.cz\/wp-content\/uploads\/2026\/08\/toskansko-clanky-toskanska-kuchyne-13-1536x1152.jpg 1536w, https:\/\/loudavymkrokem.cz\/wp-content\/uploads\/2026\/08\/toskansko-clanky-toskanska-kuchyne-13-80x60.jpg 80w, https:\/\/loudavymkrokem.cz\/wp-content\/uploads\/2026\/08\/toskansko-clanky-toskanska-kuchyne-13-160x120.jpg 160w, https:\/\/loudavymkrokem.cz\/wp-content\/uploads\/2026\/08\/toskansko-clanky-toskanska-kuchyne-13-696x522.jpg 696w, https:\/\/loudavymkrokem.cz\/wp-content\/uploads\/2026\/08\/toskansko-clanky-toskanska-kuchyne-13-1392x1044.jpg 1392w\" sizes=\"(max-width: 1800px) 100vw, 1800px\" \/><button\n\t\t\tclass=\"lightbox-trigger\"\n\t\t\ttype=\"button\"\n\t\t\taria-haspopup=\"dialog\"\n\t\t\tdata-wp-bind--aria-label=\"state.thisImage.triggerButtonAriaLabel\"\n\t\t\tdata-wp-init=\"callbacks.initTriggerButton\"\n\t\t\tdata-wp-on--click=\"actions.showLightbox\"\n\t\t\tdata-wp-style--right=\"state.thisImage.buttonRight\"\n\t\t\tdata-wp-style--top=\"state.thisImage.buttonTop\"\n\t\t>\n\t\t\t<svg xmlns=\"http:\/\/www.w3.org\/2000\/svg\" width=\"12\" height=\"12\" fill=\"none\" viewBox=\"0 0 12 12\">\n\t\t\t\t<path fill=\"#fff\" d=\"M2 0a2 2 0 0 0-2 2v2h1.5V2a.5.5 0 0 1 .5-.5h2V0H2Zm2 10.5H2a.5.5 0 0 1-.5-.5V8H0v2a2 2 0 0 0 2 2h2v-1.5ZM8 12v-1.5h2a.5.5 0 0 0 .5-.5V8H12v2a2 2 0 0 1-2 2H8Zm2-12a2 2 0 0 1 2 2v2h-1.5V2a.5.5 0 0 0-.5-.5H8V0h2Z\" \/>\n\t\t\t<\/svg>\n\t\t<\/button><figcaption class=\"wp-element-caption\">Emiliano Dominici (Loungerie) from Livorno, Italy \/ Wikimedia Commons, CC BY-SA 2.0<\/figcaption><\/figure>\n\n\n\n<h3 class=\"wp-block-heading\"><span class=\"ez-toc-section\" id=\"9_Cecina_es_a_legendas_5_e_5\"><\/span>9. Cecina \u00e9s a legend\u00e1s 5 e 5<span class=\"ez-toc-section-end\"><\/span><\/h3>\n\n\n\n<p class=\"wp-block-paragraph\">Amikor \u00e1tm\u00e9sz a naps\u00fct\u00f6tte partvid\u00e9kre, a kik\u00f6t\u0151v\u00e1rosba, Livorn\u00f3ba, Olaszorsz\u00e1g egyik legjobb street foodj\u00e1ba botlasz. <strong>A cecina, torta di ceci n\u00e9ven is ismert, egy v\u00e9kony, aranybarn\u00e1ra s\u00fclt lep\u00e9ny csicseribors\u00f3lisztb\u0151l<\/strong>, sz\u0171z ol\u00edvaolajb\u00f3l \u00e9s v\u00edzb\u0151l. <strong>Term\u00e9szetesen veg\u00e1n \u00e9s glut\u00e9nmentes<\/strong>, sz\u00e9pen ropog\u00f3s a s\u00fclt sz\u00e9le, bel\u00fcl pedig hihetetlen\u00fcl oml\u00f3s \u00e9s finoman kr\u00e9mes marad.<\/p>\n\n\n\n<p class=\"wp-block-paragraph\">A legjobb \u00e9s leghitelesebb m\u00f3dja, hogy Livorn\u00f3ban megk\u00f3stold, ha megrendeled a <strong>helyi k\u00fcl\u00f6nlegess\u00e9get, az 5 e 5-\u00f6t (cinque e cinque)<\/strong>. Ez a furcsa n\u00e9v a huszadik sz\u00e1zad els\u0151 fel\u00e9b\u0151l sz\u00e1rmazik, amikor a szeg\u00e9ny kik\u00f6t\u0151i munk\u00e1sok pontosan \u00f6t l\u00edra kenyeret \u00e9s \u00f6t l\u00edra cecin\u00e1t vettek. <strong>Ma egy puha, kerek zseml\u00e9be t\u00e9ve kapod a forr\u00f3 csicseribors\u00f3s lep\u00e9nyt<\/strong>, gyakran egy kis fekete borssal vagy olajban eltett padlizs\u00e1nnal \u00edzes\u00edtve.<\/p>\n\n\n\n<p class=\"wp-block-paragraph\">Ide\u00e1lis, <strong>rendk\u00edv\u00fcl olcs\u00f3 nassolnival\u00f3<\/strong> a strandra, vagy gyors k\u00e9zben fogyaszthat\u00f3 eb\u00e9d a v\u00e1rosban s\u00e9t\u00e1lva, \u00e9s <strong>h\u00e1rom-n\u00e9gy eur\u00f3\u00e9rt<\/strong> egy adag\u00e9rt nehezen szid le b\u00e1rki is, ha megeszel kett\u0151t.<\/p>\n\n\n\n<p class=\"wp-block-paragraph\">\ud83d\udca1 <strong>TIPP:<\/strong> A cecin\u00e1hoz a helyiek sz\u00edvesen isznak egy poh\u00e1r hideg s\u00f6rt vagy hagyom\u00e1nyos olasz aperitiv\u00f3t. Keresd a kis standokat \u00e9s p\u00e9ks\u00e9geket, amiket tortai\u00e9nak h\u00edvnak, \u00e9s kifejezetten erre a finoms\u00e1gra szakosodtak.<\/p>\n\n\n\n<figure data-wp-context=\"{&quot;imageId&quot;:&quot;6a9c334ad43d1&quot;}\" data-wp-interactive=\"core\/image\" data-wp-key=\"6a9c334ad43d1\" class=\"wp-block-image size-full wp-lightbox-container\"><img decoding=\"async\" width=\"1800\" height=\"1634\" data-wp-class--hide=\"state.isContentHidden\" data-wp-class--show=\"state.isContentVisible\" data-wp-init=\"callbacks.setButtonStyles\" data-wp-on--click=\"actions.showLightbox\" data-wp-on--load=\"callbacks.setButtonStyles\" data-wp-on--pointerdown=\"actions.preloadImage\" data-wp-on--pointerenter=\"actions.preloadImageWithDelay\" data-wp-on--pointerleave=\"actions.cancelPreload\" data-wp-on-window--resize=\"callbacks.setButtonStyles\" src=\"https:\/\/loudavymkrokem.cz\/wp-content\/uploads\/2026\/08\/toskansko-clanky-toskanska-kuchyne-14.jpg\" alt=\"Necci, gesztenyelisztes lep\u00e9ny\" class=\"wp-image-394031\" title=\"\" srcset=\"https:\/\/loudavymkrokem.cz\/wp-content\/uploads\/2026\/08\/toskansko-clanky-toskanska-kuchyne-14.jpg 1800w, https:\/\/loudavymkrokem.cz\/wp-content\/uploads\/2026\/08\/toskansko-clanky-toskanska-kuchyne-14-300x272.jpg 300w, https:\/\/loudavymkrokem.cz\/wp-content\/uploads\/2026\/08\/toskansko-clanky-toskanska-kuchyne-14-700x635.jpg 700w, https:\/\/loudavymkrokem.cz\/wp-content\/uploads\/2026\/08\/toskansko-clanky-toskanska-kuchyne-14-768x697.jpg 768w, https:\/\/loudavymkrokem.cz\/wp-content\/uploads\/2026\/08\/toskansko-clanky-toskanska-kuchyne-14-1536x1394.jpg 1536w, https:\/\/loudavymkrokem.cz\/wp-content\/uploads\/2026\/08\/toskansko-clanky-toskanska-kuchyne-14-696x632.jpg 696w, https:\/\/loudavymkrokem.cz\/wp-content\/uploads\/2026\/08\/toskansko-clanky-toskanska-kuchyne-14-1392x1264.jpg 1392w\" sizes=\"(max-width: 1800px) 100vw, 1800px\" \/><button\n\t\t\tclass=\"lightbox-trigger\"\n\t\t\ttype=\"button\"\n\t\t\taria-haspopup=\"dialog\"\n\t\t\tdata-wp-bind--aria-label=\"state.thisImage.triggerButtonAriaLabel\"\n\t\t\tdata-wp-init=\"callbacks.initTriggerButton\"\n\t\t\tdata-wp-on--click=\"actions.showLightbox\"\n\t\t\tdata-wp-style--right=\"state.thisImage.buttonRight\"\n\t\t\tdata-wp-style--top=\"state.thisImage.buttonTop\"\n\t\t>\n\t\t\t<svg xmlns=\"http:\/\/www.w3.org\/2000\/svg\" width=\"12\" height=\"12\" fill=\"none\" viewBox=\"0 0 12 12\">\n\t\t\t\t<path fill=\"#fff\" d=\"M2 0a2 2 0 0 0-2 2v2h1.5V2a.5.5 0 0 1 .5-.5h2V0H2Zm2 10.5H2a.5.5 0 0 1-.5-.5V8H0v2a2 2 0 0 0 2 2h2v-1.5ZM8 12v-1.5h2a.5.5 0 0 0 .5-.5V8H12v2a2 2 0 0 1-2 2H8Zm2-12a2 2 0 0 1 2 2v2h-1.5V2a.5.5 0 0 0-.5-.5H8V0h2Z\" \/>\n\t\t\t<\/svg>\n\t\t<\/button><figcaption class=\"wp-element-caption\">fugzu \/ Wikimedia Commons, CC BY 2.0<\/figcaption><\/figure>\n\n\n\n<h3 class=\"wp-block-heading\"><span class=\"ez-toc-section\" id=\"10_Necci\"><\/span>10. Necci<span class=\"ez-toc-section-end\"><\/span><\/h3>\n\n\n\n<p class=\"wp-block-paragraph\">Maradjunk m\u00e9g egy kicsit a r\u00e9gi\u00f3 \u00e9szaki, hegyvid\u00e9ki Garfagnana ter\u00fclet\u00e9n, ahol a klasszikus gabonaliszt hi\u00e1nya miatt \u00e9vsz\u00e1zadokon \u00e1t a k\u00f6rnyez\u0151 m\u00e9ly erd\u0151k ehet\u0151 geszteny\u00e9j\u00e9t haszn\u00e1lt\u00e1k. <strong>A necci v\u00e9kony palacsinta vagy lep\u00e9ny \u00e9des gesztenyelisztb\u0151l<\/strong>, amelyet a mai napig hagyom\u00e1nyosan k\u00e9t neh\u00e9z \u00f6nt\u00f6ttvas lap, a testi k\u00f6z\u00f6tt s\u00fctnek, k\u00f6zvetlen\u00fcl ny\u00edlt t\u0171z felett. <strong>A gesztenyeliszt term\u00e9szetesen \u00e9desk\u00e9s, a t\u0171znek k\u00f6sz\u00f6nhet\u0151en pedig enyh\u00e9n f\u00fcst\u00f6s \u00edzt ad neki.<\/strong><\/p>\n\n\n\n<p class=\"wp-block-paragraph\">Ezeket a rusztikus lep\u00e9nyeket leggyakrabban feltekerve, <strong>b\u0151s\u00e9gesen megt\u00f6ltve friss, finoman \u00e9desk\u00e9s juh-ricott\u00e1val<\/strong> t\u00e1lalj\u00e1k, amely t\u00f6k\u00e9letesen kiegyens\u00falyozza a gesztenyet\u00e9szta t\u00f6m\u00f6rs\u00e9g\u00e9t. Ez egy nagyon \u0151si desszert vagy kiad\u00f3s reggeli, amely t\u00f6k\u00e9letesen t\u00fckr\u00f6zi a szeg\u00e9ny toszk\u00e1nai parasztok tal\u00e1l\u00e9konys\u00e1g\u00e1t azokban a neh\u00e9z id\u0151kben, amikor a h\u00fas \u00e9s a b\u00faza ritkas\u00e1g volt.<\/p>\n\n\n\n<p class=\"wp-block-paragraph\">A neccivel f\u0151leg \u0151sszel tal\u00e1lkozol, amikor a gesztenyesz\u00fcret zajlik, \u00e9s a hegyi falvakban helyi \u00fcnnepeket, \u00fan. sagr\u00e9kat rendeznek. <strong>Egy megt\u00f6lt\u00f6tt lep\u00e9ny \u00e1ra n\u00e9gy-hat eur\u00f3 k\u00f6r\u00fcl mozog<\/strong>, \u00e9s teljesen fantasztikus \u0151szi \u00e9lm\u00e9ny.<\/p>\n\n\n\n<p class=\"wp-block-paragraph\">\ud83d\udca1 <strong>TIPP:<\/strong> Ha olyan utcai standra bukkansz, ahol egy h\u00f6lgy k\u00f6zvetlen\u00fcl a t\u0171z felett, r\u00e9gi fekete lapokon s\u00fcti a neccit, mindenk\u00e9pp \u00e1llj meg. A meleg, frissen s\u00fclt ezerszer jobban \u00edzlik, mint a hideg a vitrinb\u0151l.<\/p>\n\n\n\n<figure data-wp-context=\"{&quot;imageId&quot;:&quot;6a9c334ad48cb&quot;}\" data-wp-interactive=\"core\/image\" data-wp-key=\"6a9c334ad48cb\" class=\"wp-block-image size-full wp-lightbox-container\"><img decoding=\"async\" width=\"1800\" height=\"1350\" data-wp-class--hide=\"state.isContentHidden\" data-wp-class--show=\"state.isContentVisible\" data-wp-init=\"callbacks.setButtonStyles\" data-wp-on--click=\"actions.showLightbox\" data-wp-on--load=\"callbacks.setButtonStyles\" data-wp-on--pointerdown=\"actions.preloadImage\" data-wp-on--pointerenter=\"actions.preloadImageWithDelay\" data-wp-on--pointerleave=\"actions.cancelPreload\" data-wp-on-window--resize=\"callbacks.setButtonStyles\" src=\"https:\/\/loudavymkrokem.cz\/wp-content\/uploads\/2026\/08\/toskansko-clanky-toskanska-kuchyne-15.jpg\" alt=\"Pecorino toscano\" class=\"wp-image-394033\" title=\"\" srcset=\"https:\/\/loudavymkrokem.cz\/wp-content\/uploads\/2026\/08\/toskansko-clanky-toskanska-kuchyne-15.jpg 1800w, https:\/\/loudavymkrokem.cz\/wp-content\/uploads\/2026\/08\/toskansko-clanky-toskanska-kuchyne-15-300x225.jpg 300w, https:\/\/loudavymkrokem.cz\/wp-content\/uploads\/2026\/08\/toskansko-clanky-toskanska-kuchyne-15-700x525.jpg 700w, https:\/\/loudavymkrokem.cz\/wp-content\/uploads\/2026\/08\/toskansko-clanky-toskanska-kuchyne-15-768x576.jpg 768w, https:\/\/loudavymkrokem.cz\/wp-content\/uploads\/2026\/08\/toskansko-clanky-toskanska-kuchyne-15-1536x1152.jpg 1536w, https:\/\/loudavymkrokem.cz\/wp-content\/uploads\/2026\/08\/toskansko-clanky-toskanska-kuchyne-15-80x60.jpg 80w, https:\/\/loudavymkrokem.cz\/wp-content\/uploads\/2026\/08\/toskansko-clanky-toskanska-kuchyne-15-160x120.jpg 160w, https:\/\/loudavymkrokem.cz\/wp-content\/uploads\/2026\/08\/toskansko-clanky-toskanska-kuchyne-15-696x522.jpg 696w, https:\/\/loudavymkrokem.cz\/wp-content\/uploads\/2026\/08\/toskansko-clanky-toskanska-kuchyne-15-1392x1044.jpg 1392w\" sizes=\"(max-width: 1800px) 100vw, 1800px\" \/><button\n\t\t\tclass=\"lightbox-trigger\"\n\t\t\ttype=\"button\"\n\t\t\taria-haspopup=\"dialog\"\n\t\t\tdata-wp-bind--aria-label=\"state.thisImage.triggerButtonAriaLabel\"\n\t\t\tdata-wp-init=\"callbacks.initTriggerButton\"\n\t\t\tdata-wp-on--click=\"actions.showLightbox\"\n\t\t\tdata-wp-style--right=\"state.thisImage.buttonRight\"\n\t\t\tdata-wp-style--top=\"state.thisImage.buttonTop\"\n\t\t>\n\t\t\t<svg xmlns=\"http:\/\/www.w3.org\/2000\/svg\" width=\"12\" height=\"12\" fill=\"none\" viewBox=\"0 0 12 12\">\n\t\t\t\t<path fill=\"#fff\" d=\"M2 0a2 2 0 0 0-2 2v2h1.5V2a.5.5 0 0 1 .5-.5h2V0H2Zm2 10.5H2a.5.5 0 0 1-.5-.5V8H0v2a2 2 0 0 0 2 2h2v-1.5ZM8 12v-1.5h2a.5.5 0 0 0 .5-.5V8H12v2a2 2 0 0 1-2 2H8Zm2-12a2 2 0 0 1 2 2v2h-1.5V2a.5.5 0 0 0-.5-.5H8V0h2Z\" \/>\n\t\t\t<\/svg>\n\t\t<\/button><figcaption class=\"wp-element-caption\">Bijltjespad \/ Wikimedia Commons, CC BY-SA 3.0<\/figcaption><\/figure>\n\n\n\n<h3 class=\"wp-block-heading\"><span class=\"ez-toc-section\" id=\"11_Pecorino_toscano\"><\/span>11. Pecorino toscano<span class=\"ez-toc-section-end\"><\/span><\/h3>\n\n\n\n<p class=\"wp-block-paragraph\">Toszk\u00e1na ugyan vil\u00e1gszerte a kiv\u00e1l\u00f3 borair\u00f3l h\u00edres, de a region\u00e1lis sajtjai sem maradnak el a vil\u00e1g \u00e9lvonal\u00e1t\u00f3l. <strong>A f\u0151szerepl\u0151 vitathatatlanul a pecorino, egy fantasztikus sajt tiszta juhtejb\u0151l<\/strong>, amelyet az eg\u00e9sz r\u00e9gi\u00f3ban k\u00e9sz\u00edtenek. A legh\u00edresebb \u00e9s legillatosabb cip\u00f3k azonban a fest\u0151i Pienza v\u00e1rosk\u00e1b\u00f3l \u00e9s a vad, d\u00e9li Maremma vid\u00e9k\u00e9r\u0151l sz\u00e1rmaznak.<\/p>\n\n\n\n<p class=\"wp-block-paragraph\">Ezt a sajtot <strong>az \u00e9retts\u00e9g sz\u00e1mos f\u00e1zis\u00e1ban k\u00f3stolhatod meg<\/strong>, a puha, kr\u00e9mes \u00e9s \u00e9desk\u00e9s friss fresc\u00f3t\u00f3l (amely csak n\u00e9h\u00e1ny h\u00e9tig \u00e9rik) eg\u00e9szen a kem\u00e9ny, pik\u00e1ns \u00e9s oml\u00f3s stagionat\u00f3ig, amely t\u00f6bb mint egy \u00e9vig pihent a pinc\u00e9ben. Egy min\u0151s\u00e9gi sajtt\u00e1l \u00e1ra tizenk\u00e9t-tizennyolc eur\u00f3 k\u00f6r\u00fcl van, \u00e9s sim\u00e1n helyettes\u00edt egy k\u00f6nny\u0171 vacsor\u00e1t.<\/p>\n\n\n\n<p class=\"wp-block-paragraph\">Rendelj egy hangulatos enotec\u00e1ban egy <strong>t\u00e1lc\u00e1ra val\u00f3 \u00e9rlelt pecorin\u00f3t<\/strong>, \u00e9s pr\u00f3b\u00e1ld ki egy <strong>kan\u00e1l helyi m\u00e9zzel<\/strong>, \u00e9des hagymalekv\u00e1rral vagy egy szelet friss k\u00f6rt\u00e9vel. Ez egy olyan kombin\u00e1ci\u00f3, ami gyan\u00fasan egyszer\u0171nek t\u0171nik, de az els\u0151 falatn\u00e1l meg\u00e9rted, mi\u00e9rt olyan n\u00e9pszer\u0171.<\/p>\n\n\n\n<p class=\"wp-block-paragraph\">\ud83d\udca1 <strong>TIPP:<\/strong> Pienza v\u00e1rosk\u00e1j\u00e1ban tucatnyi kis boltot tal\u00e1lsz, ahol a sajtk\u00e9sz\u00edt\u0151k megk\u00f3stoltatnak veled di\u00f3h\u00e9jban, hamuban vagy ak\u00e1r borpr\u00e9smarad\u00e9kban \u00e9rlelt pecorin\u00f3t.<\/p>\n\n\n\n<figure data-wp-context=\"{&quot;imageId&quot;:&quot;6a9c334ad4d04&quot;}\" data-wp-interactive=\"core\/image\" data-wp-key=\"6a9c334ad4d04\" class=\"wp-block-image size-full wp-lightbox-container\"><img decoding=\"async\" width=\"1800\" height=\"1200\" data-wp-class--hide=\"state.isContentHidden\" data-wp-class--show=\"state.isContentVisible\" data-wp-init=\"callbacks.setButtonStyles\" data-wp-on--click=\"actions.showLightbox\" data-wp-on--load=\"callbacks.setButtonStyles\" data-wp-on--pointerdown=\"actions.preloadImage\" data-wp-on--pointerenter=\"actions.preloadImageWithDelay\" data-wp-on--pointerleave=\"actions.cancelPreload\" data-wp-on-window--resize=\"callbacks.setButtonStyles\" src=\"https:\/\/loudavymkrokem.cz\/wp-content\/uploads\/2026\/08\/toskansko-clanky-toskanska-kuchyne-16.jpg\" alt=\"\u00daj ol\u00edvaolaj\" class=\"wp-image-394035\" title=\"\" srcset=\"https:\/\/loudavymkrokem.cz\/wp-content\/uploads\/2026\/08\/toskansko-clanky-toskanska-kuchyne-16.jpg 1800w, https:\/\/loudavymkrokem.cz\/wp-content\/uploads\/2026\/08\/toskansko-clanky-toskanska-kuchyne-16-300x200.jpg 300w, https:\/\/loudavymkrokem.cz\/wp-content\/uploads\/2026\/08\/toskansko-clanky-toskanska-kuchyne-16-700x467.jpg 700w, https:\/\/loudavymkrokem.cz\/wp-content\/uploads\/2026\/08\/toskansko-clanky-toskanska-kuchyne-16-768x512.jpg 768w, https:\/\/loudavymkrokem.cz\/wp-content\/uploads\/2026\/08\/toskansko-clanky-toskanska-kuchyne-16-1536x1024.jpg 1536w, https:\/\/loudavymkrokem.cz\/wp-content\/uploads\/2026\/08\/toskansko-clanky-toskanska-kuchyne-16-696x464.jpg 696w, https:\/\/loudavymkrokem.cz\/wp-content\/uploads\/2026\/08\/toskansko-clanky-toskanska-kuchyne-16-1392x928.jpg 1392w\" sizes=\"(max-width: 1800px) 100vw, 1800px\" \/><button\n\t\t\tclass=\"lightbox-trigger\"\n\t\t\ttype=\"button\"\n\t\t\taria-haspopup=\"dialog\"\n\t\t\tdata-wp-bind--aria-label=\"state.thisImage.triggerButtonAriaLabel\"\n\t\t\tdata-wp-init=\"callbacks.initTriggerButton\"\n\t\t\tdata-wp-on--click=\"actions.showLightbox\"\n\t\t\tdata-wp-style--right=\"state.thisImage.buttonRight\"\n\t\t\tdata-wp-style--top=\"state.thisImage.buttonTop\"\n\t\t>\n\t\t\t<svg xmlns=\"http:\/\/www.w3.org\/2000\/svg\" width=\"12\" height=\"12\" fill=\"none\" viewBox=\"0 0 12 12\">\n\t\t\t\t<path fill=\"#fff\" d=\"M2 0a2 2 0 0 0-2 2v2h1.5V2a.5.5 0 0 1 .5-.5h2V0H2Zm2 10.5H2a.5.5 0 0 1-.5-.5V8H0v2a2 2 0 0 0 2 2h2v-1.5ZM8 12v-1.5h2a.5.5 0 0 0 .5-.5V8H12v2a2 2 0 0 1-2 2H8Zm2-12a2 2 0 0 1 2 2v2h-1.5V2a.5.5 0 0 0-.5-.5H8V0h2Z\" \/>\n\t\t\t<\/svg>\n\t\t<\/button><\/figure>\n\n\n\n<h3 class=\"wp-block-heading\"><span class=\"ez-toc-section\" id=\"12_Olio_nuovo\"><\/span>12. Olio nuovo<span class=\"ez-toc-section-end\"><\/span><\/h3>\n\n\n\n<p class=\"wp-block-paragraph\">Az ol\u00edvaolaj Toszk\u00e1n\u00e1ban nem csup\u00e1n egy h\u00e9tk\u00f6znapi f\u0151z\u0151alapanyag, hanem egyszer\u0171en foly\u00e9kony arany, valamint \u00f3ri\u00e1si csal\u00e1di \u00e9s helyi b\u00fcszkes\u00e9g t\u00e1rgya. <strong>A legnagyobb \u00fcnnep okt\u00f3ber \u00e9s november fordul\u00f3j\u00e1n \u00e9rkezik, amikor a pr\u00e9sh\u00e1zakban elkezdik feldolgozni az olio nuov\u00f3t, vagyis az \u00faj olajat.<\/strong> Ez az extra sz\u0171z olaj a legels\u0151 pr\u00e9sel\u00e9sb\u0151l ragyog\u00f3 z\u00f6ld, \u00e1tl\u00e1tszatlan sz\u00edn\u0171, teljesen sz\u0171retlen, \u00e9s hihetetlen\u00fcl er\u0151s, cs\u00edp\u0151s \u00e9s enyh\u00e9n borsos \u00edzzel b\u00fcszk\u00e9lkedik, amely kellemesen kaparja a torkod.<\/p>\n\n\n\n<p class=\"wp-block-paragraph\">A helyi gazd\u00e1k annyira nagyra tartj\u00e1k, hogy ezekben a nyirkos \u0151szi h\u00f3napokban <strong>szinte bork\u00e9nt issz\u00e1k kis poharakb\u00f3l, vagy b\u0151s\u00e9gesen locsolj\u00e1k egy frissen pir\u00edtott szelet s\u00f3tlan keny\u00e9rre<\/strong>. Ezt az egyszer\u0171 fog\u00e1st fettunt\u00e1nak h\u00edvj\u00e1k, \u00e9s az \u0151szi lakm\u00e1roz\u00e1s abszol\u00fat cs\u00facspontja.<\/p>\n\n\n\n<p class=\"wp-block-paragraph\">Teljesen egyed\u00fcl\u00e1ll\u00f3 szezon\u00e1lis \u00e9lm\u00e9ny, ami\u00e9rt hat\u00e1rozottan meg\u00e9ri egy \u0151szi utat tervezni a f\u0151szezonon k\u00edv\u00fclre. <strong>Egy \u00fcvegcse ebb\u0151l a csod\u00e1b\u00f3l egyenesen a farmr\u00f3l nagyj\u00e1b\u00f3l tizen\u00f6t-h\u00fasz eur\u00f3ba ker\u00fcl<\/strong>, de az \u00edze \u00f6ssze sem hasonl\u00edthat\u00f3 a szupermarketes olajjal.<\/p>\n\n\n\n<p class=\"wp-block-paragraph\">\ud83d\udca1 <strong>TIPP:<\/strong> Az olio nuovo nagyon gyorsan elvesz\u00edti saj\u00e1tos cs\u00edp\u0151ss\u00e9g\u00e9t \u00e9s ragyog\u00f3 sz\u00edn\u00e9t. Ez\u00e9rt ne v\u00e1s\u00e1rolj bel\u0151le eg\u00e9sz \u00e9vre tartal\u00e9kot, hanem lehet\u0151leg k\u00e9t-h\u00e1rom h\u00f3napon bel\u00fcl fogyaszd el.<\/p>\n\n\n\n<figure data-wp-context=\"{&quot;imageId&quot;:&quot;6a9c334ad51f8&quot;}\" data-wp-interactive=\"core\/image\" data-wp-key=\"6a9c334ad51f8\" class=\"wp-block-image size-full wp-lightbox-container\"><img decoding=\"async\" width=\"1800\" height=\"1350\" data-wp-class--hide=\"state.isContentHidden\" data-wp-class--show=\"state.isContentVisible\" data-wp-init=\"callbacks.setButtonStyles\" data-wp-on--click=\"actions.showLightbox\" data-wp-on--load=\"callbacks.setButtonStyles\" data-wp-on--pointerdown=\"actions.preloadImage\" data-wp-on--pointerenter=\"actions.preloadImageWithDelay\" data-wp-on--pointerleave=\"actions.cancelPreload\" data-wp-on-window--resize=\"callbacks.setButtonStyles\" src=\"https:\/\/loudavymkrokem.cz\/wp-content\/uploads\/2026\/08\/toskansko-clanky-toskanska-kuchyne-17.jpg\" alt=\"Feh\u00e9r szarvasgomba San Miniat\u00f3b\u00f3l\" class=\"wp-image-394036\" title=\"\" srcset=\"https:\/\/loudavymkrokem.cz\/wp-content\/uploads\/2026\/08\/toskansko-clanky-toskanska-kuchyne-17.jpg 1800w, https:\/\/loudavymkrokem.cz\/wp-content\/uploads\/2026\/08\/toskansko-clanky-toskanska-kuchyne-17-300x225.jpg 300w, https:\/\/loudavymkrokem.cz\/wp-content\/uploads\/2026\/08\/toskansko-clanky-toskanska-kuchyne-17-700x525.jpg 700w, https:\/\/loudavymkrokem.cz\/wp-content\/uploads\/2026\/08\/toskansko-clanky-toskanska-kuchyne-17-768x576.jpg 768w, https:\/\/loudavymkrokem.cz\/wp-content\/uploads\/2026\/08\/toskansko-clanky-toskanska-kuchyne-17-1536x1152.jpg 1536w, https:\/\/loudavymkrokem.cz\/wp-content\/uploads\/2026\/08\/toskansko-clanky-toskanska-kuchyne-17-80x60.jpg 80w, https:\/\/loudavymkrokem.cz\/wp-content\/uploads\/2026\/08\/toskansko-clanky-toskanska-kuchyne-17-160x120.jpg 160w, https:\/\/loudavymkrokem.cz\/wp-content\/uploads\/2026\/08\/toskansko-clanky-toskanska-kuchyne-17-696x522.jpg 696w, https:\/\/loudavymkrokem.cz\/wp-content\/uploads\/2026\/08\/toskansko-clanky-toskanska-kuchyne-17-1392x1044.jpg 1392w\" sizes=\"(max-width: 1800px) 100vw, 1800px\" \/><button\n\t\t\tclass=\"lightbox-trigger\"\n\t\t\ttype=\"button\"\n\t\t\taria-haspopup=\"dialog\"\n\t\t\tdata-wp-bind--aria-label=\"state.thisImage.triggerButtonAriaLabel\"\n\t\t\tdata-wp-init=\"callbacks.initTriggerButton\"\n\t\t\tdata-wp-on--click=\"actions.showLightbox\"\n\t\t\tdata-wp-style--right=\"state.thisImage.buttonRight\"\n\t\t\tdata-wp-style--top=\"state.thisImage.buttonTop\"\n\t\t>\n\t\t\t<svg xmlns=\"http:\/\/www.w3.org\/2000\/svg\" width=\"12\" height=\"12\" fill=\"none\" viewBox=\"0 0 12 12\">\n\t\t\t\t<path fill=\"#fff\" d=\"M2 0a2 2 0 0 0-2 2v2h1.5V2a.5.5 0 0 1 .5-.5h2V0H2Zm2 10.5H2a.5.5 0 0 1-.5-.5V8H0v2a2 2 0 0 0 2 2h2v-1.5ZM8 12v-1.5h2a.5.5 0 0 0 .5-.5V8H12v2a2 2 0 0 1-2 2H8Zm2-12a2 2 0 0 1 2 2v2h-1.5V2a.5.5 0 0 0-.5-.5H8V0h2Z\" \/>\n\t\t\t<\/svg>\n\t\t<\/button><\/figure>\n\n\n\n<h3 class=\"wp-block-heading\"><span class=\"ez-toc-section\" id=\"13_Feher_szarvasgomba_San_Miniatobol\"><\/span>13. Feh\u00e9r szarvasgomba San Miniat\u00f3b\u00f3l<span class=\"ez-toc-section-end\"><\/span><\/h3>\n\n\n\n<p class=\"wp-block-paragraph\">Az \u0151szi Toszk\u00e1na m\u00e9lyen a f\u00f6ld alatt rejt m\u00e9g egy rendk\u00edv\u00fcl \u00e9rt\u00e9kes \u00e9s illatos kincset, ami\u00e9rt a vil\u00e1g minden t\u00e1j\u00e1r\u00f3l \u00e9rkeznek az \u00ednyencek. <strong>A kis t\u00f6rt\u00e9nelmi v\u00e1roska, San Miniato, amely f\u00e9l\u00faton fekszik Firenze \u00e9s Pisa k\u00f6z\u00f6tt, Olaszorsz\u00e1g egyik legfontosabb feh\u00e9rszarvasgomba-lel\u0151helye.<\/strong> Ezeket a hihetetlen\u00fcl arom\u00e1s gomb\u00e1kat semmilyen m\u00f3don nem lehet mesters\u00e9gesen termeszteni, \u00e9s a nyirkos erd\u0151kben speci\u00e1lisan kik\u00e9pzett kuty\u00e1knak kell megkeresni\u00fck \u0151ket, ami a bolyg\u00f3 egyik legdr\u00e1g\u00e1bb alapanyag\u00e1v\u00e1 teszi \u0151ket.<\/p>\n\n\n\n<p class=\"wp-block-paragraph\">Novemberben San Miniato sz\u0171k utc\u00e1iban rendezik a h\u00edres szarvasgomba-v\u00e1s\u00e1rokat, ahol <strong>megk\u00f3stolhatod ennek a csemeg\u00e9nek a v\u00e9kony szeleteit egyszer\u0171 h\u00e1zi t\u00e9szt\u00e1ra vagy kr\u00e9mes vajas rizott\u00f3ra reszelve<\/strong>. Egy adag feh\u00e9r szarvasgomb\u00e1s t\u00e9szta ugyan nyugodtan harminc-\u00f6tven eur\u00f3ba ker\u00fcl, de az intenz\u00edv, f\u00f6ldes illat annyira saj\u00e1tos, hogy meg\u00e9r minden centet.<\/p>\n\n\n\n<p class=\"wp-block-paragraph\"><strong>Ha veget\u00e1ri\u00e1nus vagy<\/strong>, a szarvasgomba a legluxusosabb m\u00f3dja annak, hogy egy csepp h\u00fasalapl\u00e9 n\u00e9lk\u00fcl \u00e9lvezhesd az <strong>olasz cs\u00facsgasztron\u00f3mi\u00e1t<\/strong>.<\/p>\n\n\n\n<p class=\"wp-block-paragraph\">\ud83d\udca1 <strong>TIPP:<\/strong> Vigy\u00e1zz az olcs\u00f3 helyekkel, amelyek \u00fagynevezett szarvasgombaolajos \u00e9teleket k\u00edn\u00e1lnak. Ez \u00e1ltal\u00e1ban tiszta mesters\u00e9ges vegyszer egy darabka val\u00f3di gomba n\u00e9lk\u00fcl, ami ink\u00e1bb elrontja neked az eredeti \u00e9lm\u00e9nyt.<\/p>\n\n\n\n<figure data-wp-context=\"{&quot;imageId&quot;:&quot;6a9c334ad569a&quot;}\" data-wp-interactive=\"core\/image\" data-wp-key=\"6a9c334ad569a\" class=\"wp-block-image size-full wp-lightbox-container\"><img decoding=\"async\" width=\"1800\" height=\"1394\" data-wp-class--hide=\"state.isContentHidden\" data-wp-class--show=\"state.isContentVisible\" data-wp-init=\"callbacks.setButtonStyles\" data-wp-on--click=\"actions.showLightbox\" data-wp-on--load=\"callbacks.setButtonStyles\" data-wp-on--pointerdown=\"actions.preloadImage\" data-wp-on--pointerenter=\"actions.preloadImageWithDelay\" data-wp-on--pointerleave=\"actions.cancelPreload\" data-wp-on-window--resize=\"callbacks.setButtonStyles\" src=\"https:\/\/loudavymkrokem.cz\/wp-content\/uploads\/2026\/08\/toskansko-clanky-toskanska-kuchyne-18.jpg\" alt=\"Bistecca alla fiorentina, firenzei steak\" class=\"wp-image-394037\" title=\"\" srcset=\"https:\/\/loudavymkrokem.cz\/wp-content\/uploads\/2026\/08\/toskansko-clanky-toskanska-kuchyne-18.jpg 1800w, https:\/\/loudavymkrokem.cz\/wp-content\/uploads\/2026\/08\/toskansko-clanky-toskanska-kuchyne-18-300x232.jpg 300w, https:\/\/loudavymkrokem.cz\/wp-content\/uploads\/2026\/08\/toskansko-clanky-toskanska-kuchyne-18-700x542.jpg 700w, https:\/\/loudavymkrokem.cz\/wp-content\/uploads\/2026\/08\/toskansko-clanky-toskanska-kuchyne-18-768x595.jpg 768w, https:\/\/loudavymkrokem.cz\/wp-content\/uploads\/2026\/08\/toskansko-clanky-toskanska-kuchyne-18-1536x1190.jpg 1536w, https:\/\/loudavymkrokem.cz\/wp-content\/uploads\/2026\/08\/toskansko-clanky-toskanska-kuchyne-18-696x539.jpg 696w, https:\/\/loudavymkrokem.cz\/wp-content\/uploads\/2026\/08\/toskansko-clanky-toskanska-kuchyne-18-1392x1078.jpg 1392w\" sizes=\"(max-width: 1800px) 100vw, 1800px\" \/><button\n\t\t\tclass=\"lightbox-trigger\"\n\t\t\ttype=\"button\"\n\t\t\taria-haspopup=\"dialog\"\n\t\t\tdata-wp-bind--aria-label=\"state.thisImage.triggerButtonAriaLabel\"\n\t\t\tdata-wp-init=\"callbacks.initTriggerButton\"\n\t\t\tdata-wp-on--click=\"actions.showLightbox\"\n\t\t\tdata-wp-style--right=\"state.thisImage.buttonRight\"\n\t\t\tdata-wp-style--top=\"state.thisImage.buttonTop\"\n\t\t>\n\t\t\t<svg xmlns=\"http:\/\/www.w3.org\/2000\/svg\" width=\"12\" height=\"12\" fill=\"none\" viewBox=\"0 0 12 12\">\n\t\t\t\t<path fill=\"#fff\" d=\"M2 0a2 2 0 0 0-2 2v2h1.5V2a.5.5 0 0 1 .5-.5h2V0H2Zm2 10.5H2a.5.5 0 0 1-.5-.5V8H0v2a2 2 0 0 0 2 2h2v-1.5ZM8 12v-1.5h2a.5.5 0 0 0 .5-.5V8H12v2a2 2 0 0 1-2 2H8Zm2-12a2 2 0 0 1 2 2v2h-1.5V2a.5.5 0 0 0-.5-.5H8V0h2Z\" \/>\n\t\t\t<\/svg>\n\t\t<\/button><figcaption class=\"wp-element-caption\">mike packard \/ Wikimedia Commons, CC BY-SA 2.0<\/figcaption><\/figure>\n\n\n\n<h3 class=\"wp-block-heading\"><span class=\"ez-toc-section\" id=\"14_Bistecca_alla_fiorentina\"><\/span>14. Bistecca alla fiorentina<span class=\"ez-toc-section-end\"><\/span><\/h3>\n\n\n\n<p class=\"wp-block-paragraph\">B\u00e1r a toszk\u00e1nai vid\u00e9ki konyha t\u00falnyom\u00f3r\u00e9szt h\u00fastalan, Firenze vil\u00e1gszerte h\u00edres az ikonikus, \u00f3ri\u00e1si steakj\u00e9r\u0151l. <strong>A bistecca alla fiorentina kiz\u00e1r\u00f3lag a helyi, hatalmas feh\u00e9r szarvasmarhafajt\u00e1b\u00f3l, a chianin\u00e1b\u00f3l k\u00e9sz\u00fcl<\/strong>. Nagyon vastagra, n\u00e9h\u00e1ny centim\u00e9ter sz\u00e9lesre v\u00e1gj\u00e1k a massz\u00edv T-csonttal egy\u00fctt, \u00e9s t\u00e9nyleg csak nagyon er\u0151s l\u00e1ngon s\u00fctik felforr\u00f3s\u00edtott fasz\u00e9nen.<\/p>\n\n\n\n<p class=\"wp-block-paragraph\">Ez egy hatalmas adag h\u00fas, amely rendszerint t\u00f6bb mint egy kilogrammot nyom, \u00e9s egy ember sz\u00e1m\u00e1ra megbirk\u00f3zhatatlan. Ez\u00e9rt hagyom\u00e1nyosan <strong>kifejezetten v\u00e9resen szerv\u00edrozz\u00e1k, \u00e9s az asztal k\u00f6zep\u00e9n osztj\u00e1k meg t\u00f6bb vend\u00e9g k\u00f6z\u00f6tt egyszerre<\/strong>. Az \u00e9ttermekben az \u00e1rat \u00e1ltal\u00e1ban nem adagonk\u00e9nt adj\u00e1k meg, hanem s\u00falyra sz\u00e1molj\u00e1k, ahol sz\u00e1z gramm nagyj\u00e1b\u00f3l hat-kilenc eur\u00f3ba ker\u00fcl.<\/p>\n\n\n\n<p class=\"wp-block-paragraph\">A h\u00fasim\u00e1d\u00f3k sz\u00e1m\u00e1ra ez <strong>az eg\u00e9sz r\u00e9gi\u00f3 egyik legnagyobb gasztron\u00f3miai szimb\u00f3luma, \u00e9s \u00f3ri\u00e1si esem\u00e9ny minden \u00fcnnepi vacsor\u00e1n<\/strong>. A helyi s\u00e9fek rendk\u00edv\u00fcl b\u00fcszk\u00e9k erre a fog\u00e1sra, \u00e9s teljesen elutas\u00edtj\u00e1k, hogy a h\u00fast teljesen \u00e1ts\u00fcss\u00e9k, \u00edgy a &#8220;well done&#8221; k\u00e9r\u00e9se Toszk\u00e1n\u00e1ban kisebb b\u0171nnek sz\u00e1m\u00edt.<\/p>\n\n\n\n<p class=\"wp-block-paragraph\">\ud83d\udca1 <strong>TIPP:<\/strong> Erre az \u00e9lm\u00e9nyre foglalj asztalt a bisteccaria nev\u0171 hagyom\u00e1nyos helyeken, ahol a s\u00e9fek kiz\u00e1r\u00f3lag ennek a h\u00edres h\u00fasdarabnak a t\u00f6k\u00e9letes elk\u00e9sz\u00edt\u00e9s\u00e9re szakosodtak, \u00e9s m\u00e1st gyakorlatilag nem is f\u0151znek.<\/p>\n\n\n\n<figure data-wp-context=\"{&quot;imageId&quot;:&quot;6a9c334ad5b33&quot;}\" data-wp-interactive=\"core\/image\" data-wp-key=\"6a9c334ad5b33\" class=\"wp-block-image size-full wp-lightbox-container\"><img decoding=\"async\" width=\"1800\" height=\"1200\" data-wp-class--hide=\"state.isContentHidden\" data-wp-class--show=\"state.isContentVisible\" data-wp-init=\"callbacks.setButtonStyles\" data-wp-on--click=\"actions.showLightbox\" data-wp-on--load=\"callbacks.setButtonStyles\" data-wp-on--pointerdown=\"actions.preloadImage\" data-wp-on--pointerenter=\"actions.preloadImageWithDelay\" data-wp-on--pointerleave=\"actions.cancelPreload\" data-wp-on-window--resize=\"callbacks.setButtonStyles\" src=\"https:\/\/loudavymkrokem.cz\/wp-content\/uploads\/2026\/08\/toskansko-clanky-toskanska-kuchyne-19.jpg\" alt=\"Vaddiszn\u00f3ragu mint helyi k\u00fcl\u00f6nlegess\u00e9g\" class=\"wp-image-394038\" title=\"\" srcset=\"https:\/\/loudavymkrokem.cz\/wp-content\/uploads\/2026\/08\/toskansko-clanky-toskanska-kuchyne-19.jpg 1800w, https:\/\/loudavymkrokem.cz\/wp-content\/uploads\/2026\/08\/toskansko-clanky-toskanska-kuchyne-19-300x200.jpg 300w, https:\/\/loudavymkrokem.cz\/wp-content\/uploads\/2026\/08\/toskansko-clanky-toskanska-kuchyne-19-700x467.jpg 700w, https:\/\/loudavymkrokem.cz\/wp-content\/uploads\/2026\/08\/toskansko-clanky-toskanska-kuchyne-19-768x512.jpg 768w, https:\/\/loudavymkrokem.cz\/wp-content\/uploads\/2026\/08\/toskansko-clanky-toskanska-kuchyne-19-1536x1024.jpg 1536w, https:\/\/loudavymkrokem.cz\/wp-content\/uploads\/2026\/08\/toskansko-clanky-toskanska-kuchyne-19-696x464.jpg 696w, https:\/\/loudavymkrokem.cz\/wp-content\/uploads\/2026\/08\/toskansko-clanky-toskanska-kuchyne-19-1392x928.jpg 1392w\" sizes=\"(max-width: 1800px) 100vw, 1800px\" \/><button\n\t\t\tclass=\"lightbox-trigger\"\n\t\t\ttype=\"button\"\n\t\t\taria-haspopup=\"dialog\"\n\t\t\tdata-wp-bind--aria-label=\"state.thisImage.triggerButtonAriaLabel\"\n\t\t\tdata-wp-init=\"callbacks.initTriggerButton\"\n\t\t\tdata-wp-on--click=\"actions.showLightbox\"\n\t\t\tdata-wp-style--right=\"state.thisImage.buttonRight\"\n\t\t\tdata-wp-style--top=\"state.thisImage.buttonTop\"\n\t\t>\n\t\t\t<svg xmlns=\"http:\/\/www.w3.org\/2000\/svg\" width=\"12\" height=\"12\" fill=\"none\" viewBox=\"0 0 12 12\">\n\t\t\t\t<path fill=\"#fff\" d=\"M2 0a2 2 0 0 0-2 2v2h1.5V2a.5.5 0 0 1 .5-.5h2V0H2Zm2 10.5H2a.5.5 0 0 1-.5-.5V8H0v2a2 2 0 0 0 2 2h2v-1.5ZM8 12v-1.5h2a.5.5 0 0 0 .5-.5V8H12v2a2 2 0 0 1-2 2H8Zm2-12a2 2 0 0 1 2 2v2h-1.5V2a.5.5 0 0 0-.5-.5H8V0h2Z\" \/>\n\t\t\t<\/svg>\n\t\t<\/button><\/figure>\n\n\n\n<h3 class=\"wp-block-heading\"><span class=\"ez-toc-section\" id=\"15_Cinghiale_vaddiszno\"><\/span>15. Cinghiale (vaddiszn\u00f3)<span class=\"ez-toc-section-end\"><\/span><\/h3>\n\n\n\n<p class=\"wp-block-paragraph\">A r\u00e9gi\u00f3 d\u00e9li r\u00e9sz\u00e9n, a toszk\u00e1nai Maremma m\u00e9ly \u00e9s \u00e1thatolhatatlan erd\u0151i a vaddiszn\u00f3k, azaz a cinghiale term\u00e9szetes otthonai. \u00c9pp ezek adj\u00e1k az alapj\u00e1t sok hagyom\u00e1nyos h\u00fasos fog\u00e1snak, amelyeket f\u0151leg az \u0151szi \u00e9s t\u00e9li h\u00f3napokban f\u0151znek. <strong>A h\u00fasuknak nagyon mark\u00e1ns, f\u00f6ldes \u00e9s vad \u00edze van<\/strong>, amely \u00e9szrevehet\u0151en intenz\u00edvebb \u00e9s s\u00f6t\u00e9tebb, mint a h\u00e1zi tart\u00e1sb\u00f3l sz\u00e1rmaz\u00f3 h\u00e9tk\u00f6znapi sert\u00e9s\u00e9.<\/p>\n\n\n\n<p class=\"wp-block-paragraph\">A helyi \u00e9ttermekben leggyakrabban <strong>egy gazdag, lassan f\u0151z\u00f6tt ragu form\u00e1j\u00e1ban tal\u00e1lkozol vele, amelyet sz\u00e9les pappardelle t\u00e9szt\u00e1val t\u00e1lalnak<\/strong>. Ez az \u00e9tel hihetetlen\u00fcl tartalmas, \u00e9s egy adag nagyj\u00e1b\u00f3l tizenk\u00e9t-tizenhat eur\u00f3ba ker\u00fcl. A vaddiszn\u00f3t gyakran mark\u00e1nsan f\u0171szerezett kem\u00e9ny szal\u00e1miv\u00e1 is feldolgozz\u00e1k, ami szinte minden helyi vid\u00e9ki hentes\u00fczlet mennyezet\u00e9r\u0151l l\u00f3g.<\/p>\n\n\n\n<p class=\"wp-block-paragraph\">Ha a h\u00fasev\u0151k k\u00f6z\u00e9 tartozol, \u00e9s valami igaz\u00e1n <strong>a toszk\u00e1nai vid\u00e9kre jellemz\u0151t<\/strong> szeretn\u00e9l megk\u00f3stolni, <strong>a cinghiale hat\u00e1rozottan j\u00f3 v\u00e1laszt\u00e1s<\/strong>. A veget\u00e1ri\u00e1nusok sz\u00e1m\u00e1ra viszont egy\u00e9rtelm\u0171 stopt\u00e1bla, teh\u00e1t a t\u00e9szt\u00e1kn\u00e1l alaposan olvasd el az \u00e9tlapot.<\/p>\n\n\n\n<p class=\"wp-block-paragraph\">\ud83d\udca1 <strong>TIPP:<\/strong> A neh\u00e9z vaddiszn\u00f3raguhoz t\u00f6k\u00e9letesen illenek az er\u0151sebb \u00e9s \u00e9rlelt v\u00f6r\u00f6sborok, p\u00e9ld\u00e1ul a Brunello di Montalcino vagy a Vino Nobile di Montepulciano, amelyek finom\u00edtani tudj\u00e1k a h\u00fas mark\u00e1ns \u00edz\u00e9t.<\/p>\n\n\n\n<figure data-wp-context=\"{&quot;imageId&quot;:&quot;6a9c334ad5f6d&quot;}\" data-wp-interactive=\"core\/image\" data-wp-key=\"6a9c334ad5f6d\" class=\"wp-block-image size-full wp-lightbox-container\"><img decoding=\"async\" width=\"1800\" height=\"1191\" data-wp-class--hide=\"state.isContentHidden\" data-wp-class--show=\"state.isContentVisible\" data-wp-init=\"callbacks.setButtonStyles\" data-wp-on--click=\"actions.showLightbox\" data-wp-on--load=\"callbacks.setButtonStyles\" data-wp-on--pointerdown=\"actions.preloadImage\" data-wp-on--pointerenter=\"actions.preloadImageWithDelay\" data-wp-on--pointerleave=\"actions.cancelPreload\" data-wp-on-window--resize=\"callbacks.setButtonStyles\" src=\"https:\/\/loudavymkrokem.cz\/wp-content\/uploads\/2026\/08\/toskansko-clanky-toskanska-kuchyne-20.jpg\" alt=\"Firenzei street food bels\u0151s\u00e9gekb\u0151l\" class=\"wp-image-394039\" title=\"\" srcset=\"https:\/\/loudavymkrokem.cz\/wp-content\/uploads\/2026\/08\/toskansko-clanky-toskanska-kuchyne-20.jpg 1800w, https:\/\/loudavymkrokem.cz\/wp-content\/uploads\/2026\/08\/toskansko-clanky-toskanska-kuchyne-20-300x199.jpg 300w, https:\/\/loudavymkrokem.cz\/wp-content\/uploads\/2026\/08\/toskansko-clanky-toskanska-kuchyne-20-700x463.jpg 700w, https:\/\/loudavymkrokem.cz\/wp-content\/uploads\/2026\/08\/toskansko-clanky-toskanska-kuchyne-20-768x508.jpg 768w, https:\/\/loudavymkrokem.cz\/wp-content\/uploads\/2026\/08\/toskansko-clanky-toskanska-kuchyne-20-1536x1016.jpg 1536w, https:\/\/loudavymkrokem.cz\/wp-content\/uploads\/2026\/08\/toskansko-clanky-toskanska-kuchyne-20-696x461.jpg 696w, https:\/\/loudavymkrokem.cz\/wp-content\/uploads\/2026\/08\/toskansko-clanky-toskanska-kuchyne-20-1392x921.jpg 1392w\" sizes=\"(max-width: 1800px) 100vw, 1800px\" \/><button\n\t\t\tclass=\"lightbox-trigger\"\n\t\t\ttype=\"button\"\n\t\t\taria-haspopup=\"dialog\"\n\t\t\tdata-wp-bind--aria-label=\"state.thisImage.triggerButtonAriaLabel\"\n\t\t\tdata-wp-init=\"callbacks.initTriggerButton\"\n\t\t\tdata-wp-on--click=\"actions.showLightbox\"\n\t\t\tdata-wp-style--right=\"state.thisImage.buttonRight\"\n\t\t\tdata-wp-style--top=\"state.thisImage.buttonTop\"\n\t\t>\n\t\t\t<svg xmlns=\"http:\/\/www.w3.org\/2000\/svg\" width=\"12\" height=\"12\" fill=\"none\" viewBox=\"0 0 12 12\">\n\t\t\t\t<path fill=\"#fff\" d=\"M2 0a2 2 0 0 0-2 2v2h1.5V2a.5.5 0 0 1 .5-.5h2V0H2Zm2 10.5H2a.5.5 0 0 1-.5-.5V8H0v2a2 2 0 0 0 2 2h2v-1.5ZM8 12v-1.5h2a.5.5 0 0 0 .5-.5V8H12v2a2 2 0 0 1-2 2H8Zm2-12a2 2 0 0 1 2 2v2h-1.5V2a.5.5 0 0 0-.5-.5H8V0h2Z\" \/>\n\t\t\t<\/svg>\n\t\t<\/button><\/figure>\n\n\n\n<!-- LKM_GYG_CARD start q=\"tuscany\" lang=\"hu\" rendered=\"2026-09-05T12:38:28+00:00\" v=\"1\" -->\n<style id=\"lk-gyg-styles\">\n@import url(\"https:\/\/fonts.googleapis.com\/css2?family=Playfair+Display:wght@700&family=DM+Sans:wght@300;400;500;600&display=swap\");\n\/* === LK GYG karty \u2014 CRO redesign 2026-05 (namespace .lkx-) ===\n   C\u00edl: vy\u0161\u0161\u00ed CTR (hero + v\u00fdrazn\u00fd social proof + ak\u010dn\u00ed CTA, m\u00e9n\u011b \"reklamn\u00ed\").\n   Injektuje se inline do prvn\u00edho markeru postu (refresh_cards.py --inline-css). *\/\n.lkx-module, .lkx-module *{box-sizing:border-box;margin:0;padding:0}\n.lkx-module{\n  font-family:'DM Sans',-apple-system,Segoe UI,Roboto,Georgia,sans-serif;\n  max-width:860px;margin:2.5rem auto;color:#1f2328;\n}\n\n\/* HEADER \u2014 lehk\u00fd editorsk\u00fd, \u017e\u00e1dn\u00fd bannerov\u00fd blok; nadpis + popisek pod n\u00edm *\/\n.lkx-head{margin-bottom:16px}\n.lkx-head-main{display:flex;align-items:center;gap:10px}\n.lkx-head-accent{width:26px;height:3px;border-radius:2px;background:#c39f76;flex-shrink:0}\n.lkx-head-title{font-family:'Playfair Display',Georgia,serif;font-size:21px;font-weight:700;color:#1a1a1a;line-height:1.25}\n.lkx-head-meta{display:block;font-size:11px;letter-spacing:.3px;color:#9aa0a6;margin-top:4px;margin-left:36px}\n\n\/* HERO *\/\n.lkx-hero{display:grid;grid-template-columns:300px 1fr;background:#fff;border:1px solid #ece7df;border-radius:14px;overflow:hidden;text-decoration:none!important;color:inherit;box-shadow:0 6px 20px rgba(0,0,0,.06);transition:box-shadow .2s,transform .2s;margin-bottom:14px}\n.lkx-hero:hover{box-shadow:0 12px 30px rgba(0,0,0,.12);transform:translateY(-2px)}\n.lkx-hero-img{position:relative;min-height:230px;background-size:cover;background-position:center;background-color:#eee}\n.lkx-hero-body{padding:22px 24px;display:flex;flex-direction:column}\n.lkx-pick{position:absolute;top:12px;left:12px;background:#1a1a1a;color:#fff;font-size:11px;font-weight:700;letter-spacing:.5px;padding:5px 11px;border-radius:20px}\n\n\/* TITLE *\/\n.lkx-title{font-size:19px;font-weight:700;color:#161616;line-height:1.3}\n.lkx-title-sm{font-size:14.5px;line-height:1.35;display:-webkit-box;-webkit-line-clamp:2;-webkit-box-orient:vertical;overflow:hidden}\n\n\/* SOCIAL PROOF \u2014 v\u00fdrazn\u011b, naho\u0159e *\/\n.lkx-proof{display:flex;align-items:center;gap:7px;margin-top:12px;font-size:15px;color:#3a3a3a}\n.lkx-proof b{font-size:16px;color:#161616}\n.lkx-stars{color:#f5a623;letter-spacing:1px}\n.lkx-proof-sm{font-size:12.5px;margin-top:8px;gap:5px}\n.lkx-proof-sm b{font-size:13px}\n.lkx-proof-new{color:#3685fc;font-weight:600}\n\n\/* PRICE \u2014 n\u00edzk\u00e1 kotva *\/\n.lkx-price{font-size:14px;color:#6b7280}\n.lkx-price b{font-size:20px;color:#161616;font-weight:700}\n.lkx-price-sm b{font-size:15px}\n\n\/* CTA \u2014 tepl\u00e9 ak\u010dn\u00ed tla\u010d\u00edtko *\/\n.lkx-cta{display:inline-flex;align-items:center;justify-content:center;text-decoration:none!important;font-weight:700;color:#fff!important;background:linear-gradient(135deg,#f6743f,#e8552a);border-radius:10px;box-shadow:0 6px 16px rgba(232,85,42,.32);transition:box-shadow .2s}\n.lkx-cta-hero{font-size:15px;padding:13px 22px}\n.lkx-hero:hover .lkx-cta-hero{box-shadow:0 8px 22px rgba(232,85,42,.45)}\n.lkx-cta-sm{font-size:12.5px;padding:9px 14px;width:100%;margin-top:2px}\n.lkx-hero-bottom{margin-top:auto;padding-top:18px;display:flex;align-items:center;justify-content:space-between;gap:14px;flex-wrap:wrap}\n\n\/* BADGE \u2014 jeden v\u00fdrazn\u00fd na fotce *\/\n.lkx-badge{position:absolute;top:12px;right:12px;font-size:10.5px;font-weight:700;letter-spacing:.3px;padding:5px 10px;border-radius:16px;color:#fff}\n.lkx-badge.badge-urgency{background:rgba(214,40,40,.92)}\n.lkx-badge.badge-new{background:rgba(54,133,252,.92)}\n.lkx-badge.badge-top{background:rgba(195,159,118,.95)}\n.lkx-badge.badge-info{background:rgba(40,40,40,.78)}\n\n\/* SECONDARY GRID *\/\n.lkx-grid{display:grid;grid-template-columns:1fr 1fr;gap:14px}\n.lkx-card{background:#fff;border:1px solid #ece7df;border-radius:14px;overflow:hidden;text-decoration:none!important;color:inherit;box-shadow:0 4px 14px rgba(0,0,0,.05);display:flex;flex-direction:column;transition:box-shadow .2s,transform .2s}\n.lkx-card:hover{box-shadow:0 10px 24px rgba(0,0,0,.1);transform:translateY(-2px)}\n.lkx-card-img{position:relative;aspect-ratio:16\/10;background-size:cover;background-position:center;background-color:#eee}\n.lkx-card-body{padding:14px 16px 16px;display:flex;flex-direction:column;gap:7px;flex:1}\n.lkx-card-bottom{margin-top:auto;padding-top:10px;display:flex;align-items:center;justify-content:space-between;gap:8px}\n\n\/* DISCLOSURE \u2014 drobn\u00e1, kv\u016fli d\u016fv\u011b\u0159e\/z\u00e1konu *\/\n.lkx-disclosure{font-size:11px;color:#a7adb3;text-align:center;margin-top:14px;line-height:1.6}\n.lkx-disclosure a{color:#c39f76;text-decoration:none}\n\n@media(max-width:680px){\n  .lkx-hero{grid-template-columns:1fr}\n  .lkx-hero-img{min-height:180px}\n  .lkx-grid{grid-template-columns:1fr}\n  .lkx-head-meta{margin-left:0;width:100%}\n  .lkx-head-title{font-size:19px}\n}\n\n<\/style>\n<div class=\"lkx-module\" data-query=\"tuscany\">\n  <div class=\"lkx-head\">\n    <div class=\"lkx-head-main\">\n      <span class=\"lkx-head-accent\"><\/span>\n      <span class=\"lkx-head-title\">\u00c9lm\u00e9nyek \u00e9s bel\u00e9p\u0151jegyek<\/span>\n    <\/div>\n    <span class=\"lkx-head-meta\">utaz\u00f3k \u00e1ltal \u00e9rt\u00e9kelve \u00b7 GetYourGuide<\/span>\n  <\/div><a class=\"lkx-hero\" href=\"https:\/\/www.getyourguide.com\/hu-hu\/firenze-l32\/firenze-chianti-boraszatok-turaja-borkostoloval-t400983\/?partner_id=MKZ64IS&amp;utm_medium=online_publisher&amp;cmp=olaszorszag-toszkana-konyha\" target=\"_blank\" rel=\"sponsored noopener nofollow\">\n    <div class=\"lkx-hero-img\" style=\"background-image:url('https:\/\/cdn.getyourguide.com\/img\/tour\/c0b675d7a2b2be97132bdecc0cfa31c6399c53ff71a9d2e8d71091926234fb8f.jpg\/132.jpg')\" role=\"img\" aria-label=\"Firenze: Chianti bor\u00e1szatok t\u00far\u00e1ja bork\u00f3stol\u00f3val\">\n      <span class=\"lkx-pick\">\u2605 A mi tipp\u00fcnk<\/span><\/div>\n    <div class=\"lkx-hero-body\">\n      <div class=\"lkx-title\">Firenze: Chianti bor\u00e1szatok t\u00far\u00e1ja bork\u00f3stol\u00f3val<\/div>\n      <div class=\"lkx-proof\">\n      <span class=\"lkx-stars\">\u2605\u2605\u2605\u2605\u2605<\/span>\n      <b>4.5<\/b> \u00b7 11 429 \u00e9rt\u00e9kel\u00e9s\n    <\/div>\n      <div class=\"lkx-hero-bottom\"><div class=\"lkx-price\">m\u00e1r <b>55\u00a0EUR<\/b><\/div><span class=\"lkx-cta lkx-cta-hero\">Ezt az \u00e9lm\u00e9nyt akarom \u2192<\/span>\n      <\/div>\n    <\/div>\n  <\/a><div class=\"lkx-grid\"><a class=\"lkx-card\" href=\"https:\/\/www.getyourguide.com\/hu-hu\/firenze-l32\/felnapos-kirandulas-a-chianti-ba-kostolja-meg-toszkana-szivet-t1065067\/?partner_id=MKZ64IS&amp;utm_medium=online_publisher&amp;cmp=olaszorszag-toszkana-konyha\" target=\"_blank\" rel=\"sponsored noopener nofollow\">\n      <div class=\"lkx-card-img\" style=\"background-image:url('https:\/\/cdn.getyourguide.com\/img\/tour\/639774fc80b70f6494e4a5b36a4dd3a77e37087ddc7f3b4141b29d43b7067d59.jpg\/132.jpg')\" role=\"img\" aria-label=\"F\u00e9lnapos kiruccan\u00e1s a Chianti-vid\u00e9kre: K\u00f3stold meg Toszk\u00e1na sz\u00edv\u00e9t\"><\/div>\n      <div class=\"lkx-card-body\">\n        <div class=\"lkx-title lkx-title-sm\">F\u00e9lnapos kiruccan\u00e1s a Chianti-vid\u00e9kre: K\u00f3stold meg Toszk\u00e1na sz\u00edv\u00e9t<\/div>\n        <div class=\"lkx-proof lkx-proof-sm\">\n      <span class=\"lkx-stars\">\u2605<\/span>\n      <b>4.6<\/b> \u00b7 560\n    <\/div>\n        <div class=\"lkx-card-bottom\"><span class=\"lkx-price lkx-price-sm\">m\u00e1r <b>49\u00a0EUR<\/b><\/span><span class=\"lkx-cta lkx-cta-sm\">Id\u0151pontok megtekint\u00e9se \u2192<\/span>\n        <\/div>\n      <\/div>\n    <\/a><a class=\"lkx-card\" href=\"https:\/\/www.getyourguide.com\/hu-hu\/firenze-l32\/firenze-firenze-kiscsoportos-borkostolas-toszkanaban-t92928\/?partner_id=MKZ64IS&amp;utm_medium=online_publisher&amp;cmp=olaszorszag-toszkana-konyha\" target=\"_blank\" rel=\"sponsored noopener nofollow\">\n      <div class=\"lkx-card-img\" style=\"background-image:url('https:\/\/cdn.getyourguide.com\/img\/tour\/4bf11684792c22c8.jpeg\/132.jpg')\" role=\"img\" aria-label=\"Firenz\u00e9b\u0151l: Firenze: Kiscsoportos bork\u00f3stol\u00f3 t\u00fara Toszk\u00e1n\u00e1ban\"><\/div>\n      <div class=\"lkx-card-body\">\n        <div class=\"lkx-title lkx-title-sm\">Firenz\u00e9b\u0151l: Firenze: Kiscsoportos bork\u00f3stol\u00f3 t\u00fara Toszk\u00e1n\u00e1ban<\/div>\n        <div class=\"lkx-proof lkx-proof-sm\">\n      <span class=\"lkx-stars\">\u2605<\/span>\n      <b>4.9<\/b> \u00b7 4 480\n    <\/div>\n        <div class=\"lkx-card-bottom\"><span class=\"lkx-price lkx-price-sm\">m\u00e1r <b>89\u00a0EUR<\/b><\/span><span class=\"lkx-cta lkx-cta-sm\">Id\u0151pontok megtekint\u00e9se \u2192<\/span>\n        <\/div>\n      <\/div>\n    <\/a><\/div><div class=\"lkx-disclosure\">\ud83d\udd17 A linkek partnerlinkek \u2014 az \u00e1rat nem v\u00e1ltoztatj\u00e1k, nek\u00fcnk viszont seg\u00edtenek a tartalomk\u00e9sz\u00edt\u00e9sben. \u00b7 <a href=\"https:\/\/www.getyourguide.com\/hu-hu\/s\/?q=tuscany&amp;partner_id=MKZ64IS&amp;utm_medium=online_publisher\" target=\"_blank\" rel=\"sponsored noopener nofollow\">\u00d6sszes \u00e9lm\u00e9ny \u2192<\/a><\/div>\n<\/div>\n<!-- LKM_GYG_CARD end -->\n\n\n\n\n<div class=\"lk-stays-module\">\n<style>\n\/* \u2500\u2500\u2500 RESET PRO GUTENBERG \u2500\u2500\u2500 *\/\n.lk-stays-module * { box-sizing: border-box; margin: 0; padding: 0; }\n\n\/* \u2500\u2500\u2500 WRAPPER \u2500\u2500\u2500 *\/\n.lk-stays-module {\n  font-family: 'DM Sans', Georgia, sans-serif;\n  max-width: 100%;\n  margin: 2.5rem auto;\n  background: linear-gradient(135deg, #fdfaf5 0%, #fcf8f0 100%);\n  border: 1px solid #e8dfd4;\n  border-radius: 16px;\n  overflow: hidden;\n  box-shadow: 0 16px 48px rgba(195, 159, 118, 0.25), 0 4px 12px rgba(0,0,0,0.08);\n}\n\n\/* \u2500\u2500\u2500 HEADER \u2500\u2500\u2500 *\/\n.lk-stays-header {\n  position: relative;\n  padding: 24px 36px 24px;\n  background: linear-gradient(135deg, #c39f76 0%, #d4b188 60%, #c39f76 100%);\n  border-bottom: 1px solid rgba(255,255,255,.15);\n  display: flex;\n  align-items: center;\n  gap: 18px;\n}\n.lk-stays-header::before {\n  content: '';\n  position: absolute;\n  inset: 0;\n  background: url(\"data:image\/svg+xml,%3Csvg width='60' height='60' viewBox='0 0 60 60' xmlns='http:\/\/www.w3.org\/2000\/svg'%3E%3Cg fill='none' fill-rule='evenodd'%3E%3Cg fill='%23ffffff' fill-opacity='0.05'%3E%3Cpath d='M36 34v-4h-2v4h-4v2h4v4h2v-4h4v-2h-4zm0-30V0h-2v4h-4v2h4v4h2V6h4V4h-4zM6 34v-4H4v4H0v2h4v4h2v-4h4v-2H6zM6 4V0H4v4H0v2h4v4h2V6h4V4H6z'\/%3E%3C\/g%3E%3C\/g%3E%3C\/svg%3E\") repeat;\n  pointer-events: none;\n}\n.lk-stays-icon {\n  flex-shrink: 0;\n  width: 68px;\n  height: 68px;\n  border-radius: 14px;\n  background: linear-gradient(135deg, #fff 0%, #f9f6f0 100%);\n  display: flex;\n  align-items: center;\n  justify-content: center;\n  font-size: 26px;\n  box-shadow: 0 4px 12px rgba(0,0,0,0.15);\n}\n.lk-stays-eyebrow {\n  font-size: 10px;\n  font-weight: 500;\n  letter-spacing: 2.5px;\n  text-transform: uppercase;\n  color: rgba(255,255,255,.85);\n  margin: 0 0 5px 0;\n}\n.lk-stays-title {\n  font-family: 'Playfair Display', Georgia, serif;\n  font-size: 24px;\n  font-weight: 700;\n  color: #fff;\n  line-height: 1.2;\n  text-shadow: 0 1px 2px rgba(0,0,0,0.1);\n  margin: 0;\n}\n.lk-stays-subtitle {\n  font-size: 13px;\n  color: rgba(255,255,255,.75);\n  margin: 4px 0 0 0;\n  font-weight: 300;\n}\n\n\/* \u2500\u2500\u2500 CARDS GRID \u2500\u2500\u2500 *\/\n.lk-stays-grid {\n  display: grid;\n  grid-template-columns: 1fr 1fr;\n  gap: 1px;\n  background: rgba(195, 159, 118, 0.12);\n}\n\n\/* \u2500\u2500\u2500 SINGLE CARD \u2500\u2500\u2500 *\/\n.lk-stay-card {\n  background: #ffffff;\n  padding: 26px;\n  display: flex;\n  flex-direction: column;\n  gap: 11px;\n  transition: all 0.3s ease;\n  text-decoration: none;\n  color: inherit;\n  position: relative;\n}\n.lk-stay-card:hover {\n  background: #fffbf5;\n  transform: translateY(-2px);\n  box-shadow: 0 8px 24px rgba(195, 159, 118, 0.18);\n  z-index: 1;\n}\n.lk-stay-card.featured {\n  background: linear-gradient(135deg, #fffdf9 0%, #fff9f0 100%);\n  box-shadow: 0 4px 16px rgba(195, 159, 118, 0.15), inset 0 1px 0 rgba(195, 159, 118, 0.1);\n}\n.lk-stay-card.featured:hover {\n  background: linear-gradient(135deg, #fffbf5 0%, #fff8ed 100%);\n  box-shadow: 0 8px 24px rgba(195, 159, 118, 0.25), inset 0 1px 0 rgba(195, 159, 118, 0.15);\n}\n\n.lk-stay-badge {\n  display: inline-flex;\n  align-items: center;\n  gap: 5px;\n  font-size: 10px;\n  font-weight: 500;\n  letter-spacing: 1.5px;\n  text-transform: uppercase;\n  padding: 5px 11px;\n  border-radius: 20px;\n  width: fit-content;\n}\n.badge-top     { background: linear-gradient(135deg, #c39f76 0%, #d4b188 100%); color: #fff; border: 1px solid #c39f76; font-weight: 600; box-shadow: 0 2px 8px rgba(195,159,118,0.3); }\n.badge-luxury  { background: rgba(195,159,118,.12); color: #c39f76; border: 1px solid rgba(195,159,118,.25); }\n.badge-boutique{ background: rgba(54,133,252,.08); color: #3685fc; border: 1px solid rgba(54,133,252,.2); }\n.badge-nature  { background: rgba(130,190,100,.1); color: #6b9c4a; border: 1px solid rgba(130,190,100,.2); }\n.badge-remote  { background: rgba(195,159,118,.12); color: #a67e50; border: 1px solid rgba(195,159,118,.25); }\n\n.lk-stay-name {\n  font-family: 'Playfair Display', Georgia, serif;\n  font-size: 18px;\n  font-weight: 700;\n  color: #111827;\n  line-height: 1.3;\n}\n.lk-stay-desc {\n  font-size: 13.5px;\n  color: #525252;\n  line-height: 1.65;\n  font-weight: 300;\n  flex: 1;\n}\n\n.lk-stay-meta {\n  display: flex;\n  align-items: center;\n  gap: 12px;\n  flex-wrap: wrap;\n  margin-top: 4px;\n}\n.lk-stay-price {\n  font-size: 13px;\n  color: #6b7280;\n}\n.lk-stay-price strong {\n  color: #c39f76;\n  font-weight: 500;\n}\n.lk-stay-stars {\n  color: #c39f76;\n  font-size: 11px;\n  letter-spacing: 1px;\n}\n\n\/* \u2500\u2500\u2500 CTA BUTTON \u2500\u2500\u2500 *\/\n.lk-stay-cta {\n  display: inline-flex;\n  align-items: center;\n  justify-content: center;\n  gap: 7px;\n  margin-top: 8px;\n  padding: 11px 20px;\n  border-radius: 8px;\n  background: linear-gradient(135deg, #3685fc 0%, #2a6fd9 100%);\n  color: #fff;\n  font-size: 13px;\n  font-weight: 500;\n  text-decoration: none;\n  letter-spacing: .3px;\n  transition: all .2s ease;\n  cursor: pointer;\n  border: none;\n  text-align: center;\n  box-shadow: 0 4px 12px rgba(54, 133, 252, 0.25);\n}\n.lk-stay-cta:hover {\n  background: linear-gradient(135deg, #2a6fd9 0%, #1e5bc4 100%);\n  transform: translateY(-1px);\n  box-shadow: 0 6px 16px rgba(54, 133, 252, 0.35);\n}\n.lk-stay-cta svg { flex-shrink: 0; }\n\n\/* \u2500\u2500\u2500 FOOTER \u2500\u2500\u2500 *\/\n.lk-stays-footer {\n  padding: 18px 36px;\n  background: linear-gradient(to bottom, #fdfaf5 0%, #f9f4ed 100%);\n  border-top: 1px solid rgba(195, 159, 118, 0.15);\n  display: flex;\n  align-items: center;\n  justify-content: space-between;\n  flex-wrap: wrap;\n  gap: 12px;\n}\n.lk-stays-footer-note {\n  font-size: 11.5px;\n  color: #6b7280;\n  font-weight: 300;\n  line-height: 1.5;\n}\n.lk-stays-footer-note a {\n  color: #c39f76;\n  text-decoration: none;\n  font-weight: 400;\n}\n.lk-stays-footer-note a:hover {\n  text-decoration: underline;\n}\n.lk-stays-all-btn {\n  display: inline-flex;\n  align-items: center;\n  gap: 6px;\n  font-size: 12.5px;\n  font-weight: 500;\n  color: #c39f76;\n  text-decoration: none;\n  border: 1px solid rgba(195, 159, 118, 0.35);\n  padding: 8px 18px;\n  border-radius: 8px;\n  transition: all .2s ease;\n}\n.lk-stays-all-btn:hover {\n  background: rgba(195, 159, 118, 0.08);\n  border-color: rgba(195, 159, 118, 0.5);\n}\n\n\/* \u2500\u2500\u2500 RESPONSIVE \u2500\u2500\u2500 *\/\n@media (max-width: 600px) {\n  .lk-stays-grid { grid-template-columns: 1fr; }\n  .lk-stays-header { padding: 24px 20px; }\n  .lk-stays-footer { padding: 16px 20px; }\n  .lk-stay-card { padding: 22px; }\n  .lk-stays-title { font-size: 20px; }\n}\n<\/style>\n\n  <!-- HEADER -->\n  <div class=\"lk-stays-header\">\n    <img decoding=\"async\" src=\"https:\/\/loudavymkrokem.cz\/wp-content\/uploads\/2026\/02\/lukas-a-lucka.jpg\" alt=\"\" style=\"width: 75px; height: 75px; border-radius: 8px; flex-shrink: 0; object-fit: cover; display: block; margin: 4px 0;\" title=\"\">\n    <div class=\"lk-stays-header-text\">\n      <div class=\"lk-stays-eyebrow\">Luk\u00e1\u0161 \u00e9s Lucie aj\u00e1nlj\u00e1k<\/div>\n      <div class=\"lk-stays-title\">Hol sz\u00e1lljon meg Toszk\u00e1n\u00e1ban<\/div>\n      <div class=\"lk-stays-subtitle\">4 sz\u00e1ll\u00e1shely \u2014 wellness hotelek, \u00fcd\u00fcl\u0151helyek \u00e9s egy\u00e9b sz\u00e1ll\u00e1slehet\u0151s\u00e9gek<\/div>\n    <\/div>\n  <\/div>\n\n  <!-- CARDS -->\n  <div class=\"lk-stays-grid\">\n\n    <a class=\"lk-stay-card featured\" href=\"https:\/\/www.stay22.com\/allez\/roam?aid=lukaskonecny&#038;campaign=loudavymkrokemcz&#038;campaign=hu&#038;campaign=toskanska-kuchyne&#038;hotelname=Fattoria%20Poggio%20Alloro&#038;address=San%20Gimignano,%20Italy\" target=\"_blank\" rel=\"nofollow noopener\">\n      <span class=\"lk-stay-badge badge-top\">\u2b50 TOP V\u00c1LASZT\u00c1S<\/span>\n      <span class=\"lk-stay-badge badge-nature\">\ud83c\udf32 Agriturismo<\/span>\n      <div class=\"lk-stay-name\">Fattoria Poggio Alloro<\/div>\n      <div class=\"lk-stay-desc\">Csal\u00e1di tanya San Gimignano kil\u00e1t\u00e1ssal. Saj\u00e1t s\u00e1fr\u00e1nyt termesztenek, Vernacci\u00e1t k\u00e9sz\u00edtenek \u00e9s saj\u00e1t \u00e9ttermet \u00fczemeltetnek.<\/div>\n      <div class=\"lk-stay-meta\">\n        <span class=\"lk-stay-stars\">\u2605\u2605\u2605\u2605<\/span>\n        <span class=\"lk-stay-price\">\u00c1rak ellen\u0151rz\u00e9se<\/span>\n      <\/div>\n      <span class=\"lk-stay-cta\">\n        <svg width=\"14\" height=\"14\" viewBox=\"0 0 24 24\" fill=\"none\" stroke=\"currentColor\" stroke-width=\"2\"><path d=\"M18 13v6a2 2 0 0 1-2 2H5a2 2 0 0 1-2-2V8a2 2 0 0 1 2-2h6\"\/><polyline points=\"15 3 21 3 21 9\"\/><line x1=\"10\" y1=\"14\" x2=\"21\" y2=\"3\"\/><\/svg>\n        Ellen\u0151rizd az el\u00e9rhet\u0151s\u00e9get\n      <\/span>\n    <\/a>\n\n    <a class=\"lk-stay-card\" href=\"https:\/\/www.stay22.com\/allez\/roam?aid=lukaskonecny&#038;campaign=loudavymkrokemcz&#038;campaign=hu&#038;campaign=toskanska-kuchyne&#038;hotelname=Agriturismo%20Il%20Rigo&#038;address=San%20Quirico%20d&#039;Orcia,%20Italy\" target=\"_blank\" rel=\"nofollow noopener\">\n      <span class=\"lk-stay-badge badge-nature\">\ud83c\udf32 Agriturismo<\/span>\n      <div class=\"lk-stay-name\">Agriturismo Il Rigo<\/div>\n      <div class=\"lk-stay-desc\">Var\u00e1zslatos hely a Val d&#8217;Orcia v\u00f6lgyben, kulin\u00e1ris k\u00e9szs\u00e9geir\u0151l ismert. Saj\u00e1t s\u00fctem\u00e9nyek \u00e9s hagyom\u00e1nyos levesek vacsor\u00e1ra.<\/div>\n      <div class=\"lk-stay-meta\">\n        <span class=\"lk-stay-stars\">\u2605\u2605\u2605\u2605<\/span>\n        <span class=\"lk-stay-price\">\u00c1rak ellen\u0151rz\u00e9se<\/span>\n      <\/div>\n      <span class=\"lk-stay-cta\">\n        <svg width=\"14\" height=\"14\" viewBox=\"0 0 24 24\" fill=\"none\" stroke=\"currentColor\" stroke-width=\"2\"><path d=\"M18 13v6a2 2 0 0 1-2 2H5a2 2 0 0 1-2-2V8a2 2 0 0 1 2-2h6\"\/><polyline points=\"15 3 21 3 21 9\"\/><line x1=\"10\" y1=\"14\" x2=\"21\" y2=\"3\"\/><\/svg>\n        Ellen\u0151rizd az el\u00e9rhet\u0151s\u00e9get\n      <\/span>\n    <\/a>\n\n    <a class=\"lk-stay-card\" href=\"https:\/\/www.stay22.com\/allez\/roam?aid=lukaskonecny&#038;campaign=loudavymkrokemcz&#038;campaign=hu&#038;campaign=toskanska-kuchyne&#038;hotelname=Borgo%20Santo%20Pietro&#038;address=Palazzetto,%20Chiusdino,%20It%C3%A1lie\" target=\"_blank\" rel=\"nofollow noopener\">\n      <span class=\"lk-stay-badge badge-nature\">\u2b50 Luxury<\/span>\n      <div class=\"lk-stay-name\">Borgo Santo Pietro<\/div>\n      <div class=\"lk-stay-desc\">Butik tanya Chiusdino k\u00f6zel\u00e9ben kiterjedt gy\u00f3gyn\u00f6v\u00e9nykertekkel \u00e9s saj\u00e1t magas sz\u00ednvonal\u00fa gasztron\u00f3mi\u00e1val.<\/div>\n      <div class=\"lk-stay-meta\">\n        <span class=\"lk-stay-stars\">\u2605\u2605\u2605\u2605\u2606<\/span>\n        <span class=\"lk-stay-price\">\u00c1rak ellen\u0151rz\u00e9se<\/span>\n      <\/div>\n      <span class=\"lk-stay-cta\">\n        <svg width=\"14\" height=\"14\" viewBox=\"0 0 24 24\" fill=\"none\" stroke=\"currentColor\" stroke-width=\"2\"><path d=\"M18 13v6a2 2 0 0 1-2 2H5a2 2 0 0 1-2-2V8a2 2 0 0 1 2-2h6\"\/><polyline points=\"15 3 21 3 21 9\"\/><line x1=\"10\" y1=\"14\" x2=\"21\" y2=\"3\"\/><\/svg>\n        Ellen\u0151rizd az el\u00e9rhet\u0151s\u00e9get\n      <\/span>\n    <\/a>\n\n    <a class=\"lk-stay-card\" href=\"https:\/\/www.stay22.com\/allez\/roam?aid=lukaskonecny&#038;campaign=loudavymkrokemcz&#038;campaign=hu&#038;campaign=toskanskakuchyne&#038;address=tosk\u00e1nsko\" target=\"_blank\" rel=\"nofollow noopener\">\n      <span class=\"lk-stay-badge badge-nature\">\ud83d\udd0d Keres\u00e9s<\/span>\n      <div class=\"lk-stay-name\">\u00d6sszes toszk\u00e1nai sz\u00e1ll\u00e1shely megtekint\u00e9se<\/div>\n      <div class=\"lk-stay-desc\">Fedezze fel az \u00f6sszes el\u00e9rhet\u0151 sz\u00e1ll\u00e1slehet\u0151s\u00e9get Toszk\u00e1n\u00e1ban \u00e9s tal\u00e1lja meg a legjobbat preferenci\u00e1i \u00e9s k\u00f6lts\u00e9gvet\u00e9se szerint.<\/div>\n      <div class=\"lk-stay-meta\">\n        <span class=\"lk-stay-stars\">\u2605\u2605\u2605\u2605<\/span>\n        <span class=\"lk-stay-price\">\u00c1rak \u00f6sszehasonl\u00edt\u00e1sa<\/span>\n      <\/div>\n      <span class=\"lk-stay-cta\">\n        <svg width=\"14\" height=\"14\" viewBox=\"0 0 24 24\" fill=\"none\" stroke=\"currentColor\" stroke-width=\"2\"><path d=\"M18 13v6a2 2 0 0 1-2 2H5a2 2 0 0 1-2-2V8a2 2 0 0 1 2-2h6\"\/><polyline points=\"15 3 21 3 21 9\"\/><line x1=\"10\" y1=\"14\" x2=\"21\" y2=\"3\"\/><\/svg>\n        Ellen\u0151rizd az el\u00e9rhet\u0151s\u00e9get\n      <\/span>\n    <\/a>\n\n  <\/div>\n\n  \n<\/div>\n\n\n\n\n<h3 class=\"wp-block-heading\"><span class=\"ez-toc-section\" id=\"16_Lampredotto_es_trippa\"><\/span>16. Lampredotto \u00e9s trippa<span class=\"ez-toc-section-end\"><\/span><\/h3>\n\n\n\n<p class=\"wp-block-paragraph\">Ha ell\u00e1togatsz a ny\u00fczsg\u0151 firenzei piacokra, biztosan belebotlasz a hossz\u00fa helyi sorokkal k\u00f6r\u00fclvett kis standokba, amelyek jellegzetes bels\u0151s\u00e9gekb\u0151l k\u00e9sz\u00fclt street foodot k\u00edn\u00e1lnak. <strong>A lampredotto egy k\u00fcl\u00f6nleges marhapacal a negyedik gyomorb\u00f3l<\/strong>, amelyet hossz\u00fa \u00f3r\u00e1kon \u00e1t lassan f\u0151znek f\u0171szeres z\u00f6lds\u00e9galapl\u00e9ben. Apr\u00f3ra v\u00e1gva t\u00e1lalj\u00e1k egy ropog\u00f3s zseml\u00e9ben, amit el\u0151tte finoman a forr\u00f3 alapl\u00e9be m\u00e1rtanak, \u00e9s az eg\u00e9szet b\u0151s\u00e9gesen le\u00f6ntik a pik\u00e1ns z\u00f6ld f\u0171szeres sz\u00f3sszal, a salsa verd\u00e9vel.<\/p>\n\n\n\n<p class=\"wp-block-paragraph\">Ugyanolyan n\u00e9pszer\u0171 a <strong>trippa alla fiorentina is, ami klasszikus vil\u00e1gos pacal s\u0171r\u0171 paradicsomsz\u00f3szban p\u00e1rolva, rengeteg parmez\u00e1nnal<\/strong>. Ezek a nagyon saj\u00e1tos \u00e9telek t\u00f6rt\u00e9nelmileg a szeg\u00e9ny munk\u00e1sok tipikus t\u00e1pl\u00e1l\u00e9kak\u00e9nt j\u00f6ttek l\u00e9tre, akik nem engedhett\u00e9k meg maguknak a dr\u00e1ga h\u00fasdarabokat, \u00e9s a v\u00e1g\u00f3h\u00edd legolcs\u00f3bb marad\u00e9kait is fel kellett dolgozniuk.<\/p>\n\n\n\n<p class=\"wp-block-paragraph\">Ma hihetetlen\u00fcl olcs\u00f3 dolog, egy <strong>lampredott\u00f3s zsemle<\/strong> nagyj\u00e1b\u00f3l <strong>\u00f6t eur\u00f3ba ker\u00fcl<\/strong>, \u00e9s megb\u00edzhat\u00f3an j\u00f3llakat f\u00e9l napra. Igazi kultusz \u00e9s a firenzei munk\u00e1sok szimb\u00f3luma, m\u00e9g ha a turist\u00e1knak id\u0151nk\u00e9nt kicsit vizu\u00e1lis kih\u00edv\u00e1st is jelent.<\/p>\n\n\n\n<p class=\"wp-block-paragraph\">\ud83d\udca1 <strong>TIPP:<\/strong> A legjobb lampredott\u00f3t a h\u00edres <a href=\"https:\/\/www.mercatocentrale.com\/florence\/\" target=\"_blank\" rel=\"nofollow noopener\">Mercato Centrale<\/a> piac k\u00f6rny\u00e9k\u00e9n tal\u00e1lod. Keresd a tereken parkol\u00f3 kis feh\u00e9r furgonokat (trippai), amelyek k\u00f6r\u00fcl olaszok kis csoportjai \u00e1lldog\u00e1lnak zseml\u00e9vel a kez\u00fckben.<\/p>\n\n\n\n<figure data-wp-context=\"{&quot;imageId&quot;:&quot;6a9c334ad6521&quot;}\" data-wp-interactive=\"core\/image\" data-wp-key=\"6a9c334ad6521\" class=\"wp-block-image size-full wp-lightbox-container\"><img decoding=\"async\" width=\"1800\" height=\"1172\" data-wp-class--hide=\"state.isContentHidden\" data-wp-class--show=\"state.isContentVisible\" data-wp-init=\"callbacks.setButtonStyles\" data-wp-on--click=\"actions.showLightbox\" data-wp-on--load=\"callbacks.setButtonStyles\" data-wp-on--pointerdown=\"actions.preloadImage\" data-wp-on--pointerenter=\"actions.preloadImageWithDelay\" data-wp-on--pointerleave=\"actions.cancelPreload\" data-wp-on-window--resize=\"callbacks.setButtonStyles\" src=\"https:\/\/loudavymkrokem.cz\/wp-content\/uploads\/2026\/08\/toskansko-clanky-toskanska-kuchyne-21.jpg\" alt=\"Cantucci, mandul\u00e1s keksz\" class=\"wp-image-394040\" title=\"\" srcset=\"https:\/\/loudavymkrokem.cz\/wp-content\/uploads\/2026\/08\/toskansko-clanky-toskanska-kuchyne-21.jpg 1800w, https:\/\/loudavymkrokem.cz\/wp-content\/uploads\/2026\/08\/toskansko-clanky-toskanska-kuchyne-21-300x195.jpg 300w, https:\/\/loudavymkrokem.cz\/wp-content\/uploads\/2026\/08\/toskansko-clanky-toskanska-kuchyne-21-700x456.jpg 700w, https:\/\/loudavymkrokem.cz\/wp-content\/uploads\/2026\/08\/toskansko-clanky-toskanska-kuchyne-21-768x500.jpg 768w, https:\/\/loudavymkrokem.cz\/wp-content\/uploads\/2026\/08\/toskansko-clanky-toskanska-kuchyne-21-1536x1000.jpg 1536w, https:\/\/loudavymkrokem.cz\/wp-content\/uploads\/2026\/08\/toskansko-clanky-toskanska-kuchyne-21-696x453.jpg 696w, https:\/\/loudavymkrokem.cz\/wp-content\/uploads\/2026\/08\/toskansko-clanky-toskanska-kuchyne-21-1392x906.jpg 1392w\" sizes=\"(max-width: 1800px) 100vw, 1800px\" \/><button\n\t\t\tclass=\"lightbox-trigger\"\n\t\t\ttype=\"button\"\n\t\t\taria-haspopup=\"dialog\"\n\t\t\tdata-wp-bind--aria-label=\"state.thisImage.triggerButtonAriaLabel\"\n\t\t\tdata-wp-init=\"callbacks.initTriggerButton\"\n\t\t\tdata-wp-on--click=\"actions.showLightbox\"\n\t\t\tdata-wp-style--right=\"state.thisImage.buttonRight\"\n\t\t\tdata-wp-style--top=\"state.thisImage.buttonTop\"\n\t\t>\n\t\t\t<svg xmlns=\"http:\/\/www.w3.org\/2000\/svg\" width=\"12\" height=\"12\" fill=\"none\" viewBox=\"0 0 12 12\">\n\t\t\t\t<path fill=\"#fff\" d=\"M2 0a2 2 0 0 0-2 2v2h1.5V2a.5.5 0 0 1 .5-.5h2V0H2Zm2 10.5H2a.5.5 0 0 1-.5-.5V8H0v2a2 2 0 0 0 2 2h2v-1.5ZM8 12v-1.5h2a.5.5 0 0 0 .5-.5V8H12v2a2 2 0 0 1-2 2H8Zm2-12a2 2 0 0 1 2 2v2h-1.5V2a.5.5 0 0 0-.5-.5H8V0h2Z\" \/>\n\t\t\t<\/svg>\n\t\t<\/button><figcaption class=\"wp-element-caption\">Matteo Bertini \/ Wikimedia Commons, CC BY-SA 2.0<\/figcaption><\/figure>\n\n\n\n<h3 class=\"wp-block-heading\"><span class=\"ez-toc-section\" id=\"17_Cantucci\"><\/span>17. Cantucci<span class=\"ez-toc-section-end\"><\/span><\/h3>\n\n\n\n<p class=\"wp-block-paragraph\">Minden toszk\u00e1nai eb\u00e9d vagy vacsora \u00e9des, ropog\u00f3s \u00e9s teljesen t\u00f6k\u00e9letes lez\u00e1r\u00e1sa vitathatatlanul a cantucci, cantuccini n\u00e9ven is ismert. <strong>Ezeket a kem\u00e9ny, rusztikus, kis holdacska alak\u00fa mandul\u00e1s kekszeket k\u00e9tszer s\u00fctik<\/strong>, aminek k\u00f6sz\u00f6nhet\u0151en megkapj\u00e1k jellegzetes extr\u00e9m ropog\u00f3ss\u00e1gukat \u00e9s nagyon hossz\u00fa eltarthat\u00f3s\u00e1gukat. \u00d6nmagukban annyira kem\u00e9nyek \u00e9s sz\u00e1razak, hogy seg\u00edts\u00e9g n\u00e9lk\u00fcl val\u00f3sz\u00edn\u0171leg belet\u00f6rne a fogad.<\/p>\n\n\n\n<p class=\"wp-block-paragraph\">Az eg\u00e9sz tr\u00fckk abban rejlik, hogy <strong>az \u00e9ttermekben kiz\u00e1r\u00f3lag egy poh\u00e1r \u00e9des, borosty\u00e1nsz\u00edn\u0171 Vin Santo desszertborral egy\u00fctt szerv\u00edrozz\u00e1k<\/strong>. A kekszet minden falat el\u0151tt r\u00f6viden egyenesen a borba m\u00e1rtj\u00e1k, ami sz\u00e9pen megpuh\u00edtja, \u00e9s csod\u00e1latos m\u00e9zes \u00edzt ad neki, k\u00f6nnyed mazsol\u00e1s felhanggal. Egy adag ebb\u0151l a desszertb\u0151l \u00e1ltal\u00e1ban hat-kilenc eur\u00f3ba ker\u00fcl.<\/p>\n\n\n\n<p class=\"wp-block-paragraph\">Ez egy hihetetlen\u00fcl t\u00e1rsas\u00e1gi ritu\u00e1l\u00e9, ami mellett sok\u00e1ig \u00e9jszak\u00e1ba ny\u00fal\u00f3an \u00fclnek \u00e9s besz\u00e9lgetnek. <strong>Nek\u00fcnk, veget\u00e1ri\u00e1nusoknak teljesen biztons\u00e1gos v\u00e1laszt\u00e1s<\/strong>, mert a kekszet csak lisztb\u0151l, toj\u00e1sb\u00f3l, cukorb\u00f3l \u00e9s egy halom h\u00e1mozatlan mandul\u00e1b\u00f3l s\u00fctik.<\/p>\n\n\n\n<p class=\"wp-block-paragraph\">\ud83d\udca1 <strong>TIPP:<\/strong> A cantucci teljesen ide\u00e1lis aj\u00e1nd\u00e9k az \u00fatr\u00f3l. Minden p\u00e9ks\u00e9gben megveheted sz\u00e9pen becsomagolva \u00e1tl\u00e1tsz\u00f3 celof\u00e1nba, szalaggal \u00e1tk\u00f6tve, \u00e9s otthon a kamr\u00e1ban gond n\u00e9lk\u00fcl kib\u00edrja ak\u00e1r t\u00f6bb h\u00f3napig is.<\/p>\n\n\n\n<figure data-wp-context=\"{&quot;imageId&quot;:&quot;6a9c334ad6971&quot;}\" data-wp-interactive=\"core\/image\" data-wp-key=\"6a9c334ad6971\" class=\"wp-block-image size-full wp-lightbox-container\"><img decoding=\"async\" width=\"1800\" height=\"1350\" data-wp-class--hide=\"state.isContentHidden\" data-wp-class--show=\"state.isContentVisible\" data-wp-init=\"callbacks.setButtonStyles\" data-wp-on--click=\"actions.showLightbox\" data-wp-on--load=\"callbacks.setButtonStyles\" data-wp-on--pointerdown=\"actions.preloadImage\" data-wp-on--pointerenter=\"actions.preloadImageWithDelay\" data-wp-on--pointerleave=\"actions.cancelPreload\" data-wp-on-window--resize=\"callbacks.setButtonStyles\" src=\"https:\/\/loudavymkrokem.cz\/wp-content\/uploads\/2026\/08\/toskansko-clanky-toskanska-kuchyne-22.jpg\" alt=\"Panforte di Siena\" class=\"wp-image-394041\" title=\"\" srcset=\"https:\/\/loudavymkrokem.cz\/wp-content\/uploads\/2026\/08\/toskansko-clanky-toskanska-kuchyne-22.jpg 1800w, https:\/\/loudavymkrokem.cz\/wp-content\/uploads\/2026\/08\/toskansko-clanky-toskanska-kuchyne-22-300x225.jpg 300w, https:\/\/loudavymkrokem.cz\/wp-content\/uploads\/2026\/08\/toskansko-clanky-toskanska-kuchyne-22-700x525.jpg 700w, https:\/\/loudavymkrokem.cz\/wp-content\/uploads\/2026\/08\/toskansko-clanky-toskanska-kuchyne-22-768x576.jpg 768w, https:\/\/loudavymkrokem.cz\/wp-content\/uploads\/2026\/08\/toskansko-clanky-toskanska-kuchyne-22-1536x1152.jpg 1536w, https:\/\/loudavymkrokem.cz\/wp-content\/uploads\/2026\/08\/toskansko-clanky-toskanska-kuchyne-22-80x60.jpg 80w, https:\/\/loudavymkrokem.cz\/wp-content\/uploads\/2026\/08\/toskansko-clanky-toskanska-kuchyne-22-160x120.jpg 160w, https:\/\/loudavymkrokem.cz\/wp-content\/uploads\/2026\/08\/toskansko-clanky-toskanska-kuchyne-22-696x522.jpg 696w, https:\/\/loudavymkrokem.cz\/wp-content\/uploads\/2026\/08\/toskansko-clanky-toskanska-kuchyne-22-1392x1044.jpg 1392w\" sizes=\"(max-width: 1800px) 100vw, 1800px\" \/><button\n\t\t\tclass=\"lightbox-trigger\"\n\t\t\ttype=\"button\"\n\t\t\taria-haspopup=\"dialog\"\n\t\t\tdata-wp-bind--aria-label=\"state.thisImage.triggerButtonAriaLabel\"\n\t\t\tdata-wp-init=\"callbacks.initTriggerButton\"\n\t\t\tdata-wp-on--click=\"actions.showLightbox\"\n\t\t\tdata-wp-style--right=\"state.thisImage.buttonRight\"\n\t\t\tdata-wp-style--top=\"state.thisImage.buttonTop\"\n\t\t>\n\t\t\t<svg xmlns=\"http:\/\/www.w3.org\/2000\/svg\" width=\"12\" height=\"12\" fill=\"none\" viewBox=\"0 0 12 12\">\n\t\t\t\t<path fill=\"#fff\" d=\"M2 0a2 2 0 0 0-2 2v2h1.5V2a.5.5 0 0 1 .5-.5h2V0H2Zm2 10.5H2a.5.5 0 0 1-.5-.5V8H0v2a2 2 0 0 0 2 2h2v-1.5ZM8 12v-1.5h2a.5.5 0 0 0 .5-.5V8H12v2a2 2 0 0 1-2 2H8Zm2-12a2 2 0 0 1 2 2v2h-1.5V2a.5.5 0 0 0-.5-.5H8V0h2Z\" \/>\n\t\t\t<\/svg>\n\t\t<\/button><figcaption class=\"wp-element-caption\">Ellen  Forsyth \/ Wikimedia Commons, CC BY-SA 2.0<\/figcaption><\/figure>\n\n\n\n<h3 class=\"wp-block-heading\"><span class=\"ez-toc-section\" id=\"18_Panforte_di_Siena\"><\/span>18. Panforte di Siena<span class=\"ez-toc-section-end\"><\/span><\/h3>\n\n\n\n<p class=\"wp-block-paragraph\">A gy\u00f6ny\u00f6r\u0171 k\u00f6z\u00e9pkori v\u00e1ros, Siena, amelyet r\u00e9szletesen bemutatunk a <a href=\"https:\/\/loudavymkrokem.cz\/hu\/toszkana-latnivalok-siena\/\">Siena \u00e9s San Gimignano: 8 tipp, mit l\u00e1ss<\/a> cikk\u00fcnkben, az egyik legr\u00e9gebbi olasz desszert otthona. <strong>A Panforte di Siena IGP egy t\u00f6m\u00f6r, alacsony \u00e9s er\u0151sen f\u0171szerezett s\u00fctem\u00e9ny, tele durv\u00e1ra v\u00e1gott mandul\u00e1val, \u00e9des kand\u00edrozott gy\u00fcm\u00f6lccsel, m\u00e9zzel \u00e9s egy v\u00e1ratlan csipet fekete borssal<\/strong>. A pontos receptje m\u00e1r a tizenharmadik sz\u00e1zadt\u00f3l kimutathat\u00f3 a t\u00f6rt\u00e9nelmi forr\u00e1sokban.<\/p>\n\n\n\n<p class=\"wp-block-paragraph\">A m\u00faltban ez rendk\u00edv\u00fcl <strong>luxuscikk<\/strong> volt, ink\u00e1bb a nemess\u00e9gnek \u00e9s a paps\u00e1gnak sz\u00e1nt\u00e1k, mert az egzotikus f\u0171szereket \u00e9s a cukrot csak a leggazdagabb polg\u00e1rok engedhett\u00e9k meg maguknak. \u00c9s ha decemberben ell\u00e1togatsz Pienz\u00e1ba, tal\u00e1n belebotlasz az <strong>Il gioco del Panfort\u00e9ba<\/strong>, ami egy helyi verseny, amelyen a verseng\u0151 csapatok ennek a s\u00fctem\u00e9nynek az eg\u00e9sz cip\u00f3j\u00e1val dob\u00e1l\u00f3znak egy fa asztalon, \u00e9s megpr\u00f3b\u00e1lj\u00e1k min\u00e9l messzebbre dobni an\u00e9lk\u00fcl, hogy a f\u00f6ldre esne. Igen, t\u00e9nyleg.<\/p>\n\n\n\n<p class=\"wp-block-paragraph\">A panforte <strong>rendk\u00edv\u00fcl tartalmas \u00e9s \u00e9des<\/strong>, \u00edgy csak nagyon v\u00e9kony szeletekre v\u00e1gj\u00e1k a k\u00e1v\u00e9 mell\u00e9. Egy kis csomag a sienai p\u00e9ks\u00e9gekben nagyj\u00e1b\u00f3l <strong>t\u00edz-tizen\u00f6t eur\u00f3<\/strong>, a di\u00f3tartalomt\u00f3l f\u00fcgg\u0151en.<\/p>\n\n\n\n<p class=\"wp-block-paragraph\">\ud83d\udca1 <strong>TIPP:<\/strong> L\u00e9tezik egy finomabb v\u00e1ltozat is, a Panforte Margherita, amely a tizenkilencedik sz\u00e1zadban sz\u00fcletett Margherita kir\u00e1lyn\u00e9 tisztelet\u00e9re, \u00e9s b\u0151s\u00e9gesen meg van sz\u00f3rva egy vastag r\u00e9teg porcukorral.<\/p>\n\n\n\n<figure data-wp-context=\"{&quot;imageId&quot;:&quot;6a9c334ad6db4&quot;}\" data-wp-interactive=\"core\/image\" data-wp-key=\"6a9c334ad6db4\" class=\"wp-block-image size-full wp-lightbox-container\"><img decoding=\"async\" width=\"1800\" height=\"1200\" data-wp-class--hide=\"state.isContentHidden\" data-wp-class--show=\"state.isContentVisible\" data-wp-init=\"callbacks.setButtonStyles\" data-wp-on--click=\"actions.showLightbox\" data-wp-on--load=\"callbacks.setButtonStyles\" data-wp-on--pointerdown=\"actions.preloadImage\" data-wp-on--pointerenter=\"actions.preloadImageWithDelay\" data-wp-on--pointerleave=\"actions.cancelPreload\" data-wp-on-window--resize=\"callbacks.setButtonStyles\" src=\"https:\/\/loudavymkrokem.cz\/wp-content\/uploads\/2026\/08\/toskansko-clanky-toskanska-kuchyne-23.jpg\" alt=\"Ricciarelli Sien\u00e1b\u00f3l\" class=\"wp-image-394042\" title=\"\" srcset=\"https:\/\/loudavymkrokem.cz\/wp-content\/uploads\/2026\/08\/toskansko-clanky-toskanska-kuchyne-23.jpg 1800w, https:\/\/loudavymkrokem.cz\/wp-content\/uploads\/2026\/08\/toskansko-clanky-toskanska-kuchyne-23-300x200.jpg 300w, https:\/\/loudavymkrokem.cz\/wp-content\/uploads\/2026\/08\/toskansko-clanky-toskanska-kuchyne-23-700x467.jpg 700w, https:\/\/loudavymkrokem.cz\/wp-content\/uploads\/2026\/08\/toskansko-clanky-toskanska-kuchyne-23-768x512.jpg 768w, https:\/\/loudavymkrokem.cz\/wp-content\/uploads\/2026\/08\/toskansko-clanky-toskanska-kuchyne-23-1536x1024.jpg 1536w, https:\/\/loudavymkrokem.cz\/wp-content\/uploads\/2026\/08\/toskansko-clanky-toskanska-kuchyne-23-696x464.jpg 696w, https:\/\/loudavymkrokem.cz\/wp-content\/uploads\/2026\/08\/toskansko-clanky-toskanska-kuchyne-23-1392x928.jpg 1392w\" sizes=\"(max-width: 1800px) 100vw, 1800px\" \/><button\n\t\t\tclass=\"lightbox-trigger\"\n\t\t\ttype=\"button\"\n\t\t\taria-haspopup=\"dialog\"\n\t\t\tdata-wp-bind--aria-label=\"state.thisImage.triggerButtonAriaLabel\"\n\t\t\tdata-wp-init=\"callbacks.initTriggerButton\"\n\t\t\tdata-wp-on--click=\"actions.showLightbox\"\n\t\t\tdata-wp-style--right=\"state.thisImage.buttonRight\"\n\t\t\tdata-wp-style--top=\"state.thisImage.buttonTop\"\n\t\t>\n\t\t\t<svg xmlns=\"http:\/\/www.w3.org\/2000\/svg\" width=\"12\" height=\"12\" fill=\"none\" viewBox=\"0 0 12 12\">\n\t\t\t\t<path fill=\"#fff\" d=\"M2 0a2 2 0 0 0-2 2v2h1.5V2a.5.5 0 0 1 .5-.5h2V0H2Zm2 10.5H2a.5.5 0 0 1-.5-.5V8H0v2a2 2 0 0 0 2 2h2v-1.5ZM8 12v-1.5h2a.5.5 0 0 0 .5-.5V8H12v2a2 2 0 0 1-2 2H8Zm2-12a2 2 0 0 1 2 2v2h-1.5V2a.5.5 0 0 0-.5-.5H8V0h2Z\" \/>\n\t\t\t<\/svg>\n\t\t<\/button><figcaption class=\"wp-element-caption\">Ricciarelli_from_Siena.jpg: Shaw from Shanghai %u4E0A%u6D77, \/ Wikimedia Commons, CC BY-SA 2.0<\/figcaption><\/figure>\n\n\n\n<h3 class=\"wp-block-heading\"><span class=\"ez-toc-section\" id=\"19_Ricciarelli\"><\/span>19. Ricciarelli<span class=\"ez-toc-section-end\"><\/span><\/h3>\n\n\n\n<p class=\"wp-block-paragraph\">Egy m\u00e1sik h\u00edres \u00e9dess\u00e9g, amely szint\u00e9n Siena utc\u00e1ib\u00f3l sz\u00e1rmazik, a ricciarelli, amely az asztalon t\u00f6k\u00e9letes ellent\u00e9tet alkot a kem\u00e9ny mandul\u00e1s cantuccival. <strong>Ezek fantasztikusan puha, a fel\u00fclet\u00fck\u00f6n sz\u00e9pen megrepedezett, ov\u00e1lis vagy rombusz alak\u00fa mandul\u00e1s kekszek<\/strong>, amelyek azonnal elolvadnak a nyelveden, \u00e9s t\u00e9nyleg b\u0151s\u00e9gesen meg vannak sz\u00f3rva finom porcukorral.<\/p>\n\n\n\n<p class=\"wp-block-paragraph\">Egy \u00e9rdekes legenda szerint <strong>a k\u00e9sz\u00edt\u00e9s\u00fckh\u00f6z az ihlet a t\u00e1voli K\u00f6zel-Keletr\u0151l \u00e9rkezett Sien\u00e1ba a k\u00f6z\u00e9pkori keresztes hadj\u00e1ratok idej\u00e9n<\/strong>. A lovagok akkor hozt\u00e1k haza az ismeretlen, finom keleti mandulapaszta-\u00e9dess\u00e9gek receptjeit, \u00e9s a helyi p\u00e9kek fokozatosan alak\u00edtott\u00e1k \u00e1t \u0151ket a mai form\u00e1jukra. Els\u0151sorban mandulalisztb\u0151l, cukorb\u00f3l \u00e9s toj\u00e1sfeh\u00e9rj\u00e9b\u0151l k\u00e9sz\u00fclnek, \u00edgy r\u00e1ad\u00e1sul term\u00e9szetesen glut\u00e9nmentesek.<\/p>\n\n\n\n<p class=\"wp-block-paragraph\">Ma minden toszk\u00e1nai kar\u00e1csonyi asztal elengedhetetlen kell\u00e9ke, de a sienai cukr\u00e1szd\u00e1kban (pasticceria) eg\u00e9sz \u00e9vben frissen \u00e9lvezheted \u0151ket. <strong>Az \u00e1ra \u00e1ltal\u00e1ban k\u00e9t eur\u00f3 k\u00f6r\u00fcl mozog darabonk\u00e9nt<\/strong>, \u00e9s remek\u00fcl illik a d\u00e9lut\u00e1ni espress\u00f3hoz.<\/p>\n\n\n\n<p class=\"wp-block-paragraph\">\ud83d\udca1 <strong>TIPP:<\/strong> A friss ricciarellinek bel\u00fcl enyh\u00e9n r\u00e1g\u00f3snak \u00e9s nedvesnek kell lennie, sosem szabad teljesen kisz\u00e1radnia. Ez\u00e9rt ne a szupermarket dobozos verzi\u00f3j\u00e1t vedd, hanem menj el \u00e9rte egy igazi helyi p\u00e9ks\u00e9gbe.<\/p>\n\n\n\n<figure data-wp-context=\"{&quot;imageId&quot;:&quot;6a9c334ad71e2&quot;}\" data-wp-interactive=\"core\/image\" data-wp-key=\"6a9c334ad71e2\" class=\"wp-block-image size-full wp-lightbox-container\"><img decoding=\"async\" width=\"1800\" height=\"1350\" data-wp-class--hide=\"state.isContentHidden\" data-wp-class--show=\"state.isContentVisible\" data-wp-init=\"callbacks.setButtonStyles\" data-wp-on--click=\"actions.showLightbox\" data-wp-on--load=\"callbacks.setButtonStyles\" data-wp-on--pointerdown=\"actions.preloadImage\" data-wp-on--pointerenter=\"actions.preloadImageWithDelay\" data-wp-on--pointerleave=\"actions.cancelPreload\" data-wp-on-window--resize=\"callbacks.setButtonStyles\" src=\"https:\/\/loudavymkrokem.cz\/wp-content\/uploads\/2026\/08\/toskansko-clanky-toskanska-kuchyne-24.jpg\" alt=\"Castagnaccio, geszteny\u00e9s s\u00fctem\u00e9ny\" class=\"wp-image-394043\" title=\"\" srcset=\"https:\/\/loudavymkrokem.cz\/wp-content\/uploads\/2026\/08\/toskansko-clanky-toskanska-kuchyne-24.jpg 1800w, https:\/\/loudavymkrokem.cz\/wp-content\/uploads\/2026\/08\/toskansko-clanky-toskanska-kuchyne-24-300x225.jpg 300w, https:\/\/loudavymkrokem.cz\/wp-content\/uploads\/2026\/08\/toskansko-clanky-toskanska-kuchyne-24-700x525.jpg 700w, https:\/\/loudavymkrokem.cz\/wp-content\/uploads\/2026\/08\/toskansko-clanky-toskanska-kuchyne-24-768x576.jpg 768w, https:\/\/loudavymkrokem.cz\/wp-content\/uploads\/2026\/08\/toskansko-clanky-toskanska-kuchyne-24-1536x1152.jpg 1536w, https:\/\/loudavymkrokem.cz\/wp-content\/uploads\/2026\/08\/toskansko-clanky-toskanska-kuchyne-24-80x60.jpg 80w, https:\/\/loudavymkrokem.cz\/wp-content\/uploads\/2026\/08\/toskansko-clanky-toskanska-kuchyne-24-160x120.jpg 160w, https:\/\/loudavymkrokem.cz\/wp-content\/uploads\/2026\/08\/toskansko-clanky-toskanska-kuchyne-24-696x522.jpg 696w, https:\/\/loudavymkrokem.cz\/wp-content\/uploads\/2026\/08\/toskansko-clanky-toskanska-kuchyne-24-1392x1044.jpg 1392w\" sizes=\"(max-width: 1800px) 100vw, 1800px\" \/><button\n\t\t\tclass=\"lightbox-trigger\"\n\t\t\ttype=\"button\"\n\t\t\taria-haspopup=\"dialog\"\n\t\t\tdata-wp-bind--aria-label=\"state.thisImage.triggerButtonAriaLabel\"\n\t\t\tdata-wp-init=\"callbacks.initTriggerButton\"\n\t\t\tdata-wp-on--click=\"actions.showLightbox\"\n\t\t\tdata-wp-style--right=\"state.thisImage.buttonRight\"\n\t\t\tdata-wp-style--top=\"state.thisImage.buttonTop\"\n\t\t>\n\t\t\t<svg xmlns=\"http:\/\/www.w3.org\/2000\/svg\" width=\"12\" height=\"12\" fill=\"none\" viewBox=\"0 0 12 12\">\n\t\t\t\t<path fill=\"#fff\" d=\"M2 0a2 2 0 0 0-2 2v2h1.5V2a.5.5 0 0 1 .5-.5h2V0H2Zm2 10.5H2a.5.5 0 0 1-.5-.5V8H0v2a2 2 0 0 0 2 2h2v-1.5ZM8 12v-1.5h2a.5.5 0 0 0 .5-.5V8H12v2a2 2 0 0 1-2 2H8Zm2-12a2 2 0 0 1 2 2v2h-1.5V2a.5.5 0 0 0-.5-.5H8V0h2Z\" \/>\n\t\t\t<\/svg>\n\t\t<\/button><figcaption class=\"wp-element-caption\">Lemone \/ Wikimedia Commons, CC BY-SA 4.0<\/figcaption><\/figure>\n\n\n\n<h3 class=\"wp-block-heading\"><span class=\"ez-toc-section\" id=\"20_Castagnaccio\"><\/span>20. Castagnaccio<span class=\"ez-toc-section-end\"><\/span><\/h3>\n\n\n\n<p class=\"wp-block-paragraph\">Amikor \u0151sszel a toszk\u00e1nai erd\u0151kben h\u0171v\u00f6s\u00f6dni kezd \u00e9s hullani kezd a lev\u00e9l, elj\u00f6n a castagnaccio ideje. <strong>Ez az els\u0151 pillant\u00e1sra szokatlan \u00e9s nagyon lapos s\u00fctem\u00e9ny finomra \u0151r\u00f6lt gesztenyelisztb\u0151l, min\u0151s\u00e9gi ol\u00edvaolajb\u00f3l \u00e9s v\u00edzb\u0151l k\u00e9sz\u00fcl<\/strong>. A tetej\u00e9t b\u0151s\u00e9gesen megsz\u00f3rj\u00e1k friss rozmaringgal, feny\u0151maggal \u00e9s \u00e9des mazsol\u00e1val.<\/p>\n\n\n\n<p class=\"wp-block-paragraph\">A turist\u00e1k sz\u00e1m\u00e1ra gyakran meglep\u0151, hogy <strong>hagyom\u00e1nyosan egy\u00e1ltal\u00e1n nem tesznek bele finom\u00edtott cukrot<\/strong>. Az \u00f6sszes \u00e9dess\u00e9g\u00e9t kiz\u00e1r\u00f3lag maga a gesztenye \u00e9s a mazsola adja, \u00edgy a mai t\u00falcukrozott desszertekhez k\u00e9pest nagyon szer\u00e9nynek hat. A friss rozmaring \u00e9s az er\u0151s ol\u00edvaolaj kombin\u00e1ci\u00f3j\u00e1nak k\u00f6sz\u00f6nhet\u0151en nagyon saj\u00e1tos, f\u00f6ldes \u00e9s enyh\u00e9n f\u0171szern\u00f6v\u00e9nyes \u00edze van, amely <strong>valahol az \u00e9des desszert \u00e9s a s\u00f3s p\u00e9ks\u00fctem\u00e9ny hat\u00e1r\u00e1n egyens\u00falyoz<\/strong>.<\/p>\n\n\n\n<p class=\"wp-block-paragraph\">T\u00f6k\u00e9letes p\u00e9ld\u00e1ja annak, hogyan tudott a <strong>cucina povera<\/strong> csod\u00e1latos \u00e9s tartalmas dolgokat var\u00e1zsolni egyszer\u0171 erdei term\u00e9sekb\u0151l. Egy darab a p\u00e9ks\u00e9gben nagyj\u00e1b\u00f3l <strong>h\u00e1rom-n\u00e9gy eur\u00f3ba<\/strong> ker\u00fcl, de sz\u00e1molnod kell azzal, hogy az \u00edze t\u00e9nyleg nagyon saj\u00e1tos, \u00e9s nem biztos, hogy mindenkinek bej\u00f6n.<\/p>\n\n\n\n<p class=\"wp-block-paragraph\">\ud83d\udca1 <strong>TIPP:<\/strong> A castagnaccio teljesen fantasztikusan \u00edzlik, ha egy gomb\u00f3c friss, cukrozatlan juh-ricott\u00e1t vagy egy poh\u00e1r \u00e9des Vin Santo bort adsz mell\u00e9, ami kiegyens\u00falyozza a f\u00f6ldes \u00edz\u00e9t.<\/p>\n\n\n\n<figure data-wp-context=\"{&quot;imageId&quot;:&quot;6a9c334ad764c&quot;}\" data-wp-interactive=\"core\/image\" data-wp-key=\"6a9c334ad764c\" class=\"wp-block-image size-full wp-lightbox-container\"><img decoding=\"async\" width=\"1800\" height=\"1200\" data-wp-class--hide=\"state.isContentHidden\" data-wp-class--show=\"state.isContentVisible\" data-wp-init=\"callbacks.setButtonStyles\" data-wp-on--click=\"actions.showLightbox\" data-wp-on--load=\"callbacks.setButtonStyles\" data-wp-on--pointerdown=\"actions.preloadImage\" data-wp-on--pointerenter=\"actions.preloadImageWithDelay\" data-wp-on--pointerleave=\"actions.cancelPreload\" data-wp-on-window--resize=\"callbacks.setButtonStyles\" src=\"https:\/\/loudavymkrokem.cz\/wp-content\/uploads\/2026\/08\/toskansko-clanky-toskanska-kuchyne-25.jpg\" alt=\"\u00c9des lep\u00e9ny, amelybe szeptemberben sz\u0151l\u0151t s\u00fctnek\" class=\"wp-image-394044\" title=\"\" srcset=\"https:\/\/loudavymkrokem.cz\/wp-content\/uploads\/2026\/08\/toskansko-clanky-toskanska-kuchyne-25.jpg 1800w, https:\/\/loudavymkrokem.cz\/wp-content\/uploads\/2026\/08\/toskansko-clanky-toskanska-kuchyne-25-300x200.jpg 300w, https:\/\/loudavymkrokem.cz\/wp-content\/uploads\/2026\/08\/toskansko-clanky-toskanska-kuchyne-25-700x467.jpg 700w, https:\/\/loudavymkrokem.cz\/wp-content\/uploads\/2026\/08\/toskansko-clanky-toskanska-kuchyne-25-768x512.jpg 768w, https:\/\/loudavymkrokem.cz\/wp-content\/uploads\/2026\/08\/toskansko-clanky-toskanska-kuchyne-25-1536x1024.jpg 1536w, https:\/\/loudavymkrokem.cz\/wp-content\/uploads\/2026\/08\/toskansko-clanky-toskanska-kuchyne-25-696x464.jpg 696w, https:\/\/loudavymkrokem.cz\/wp-content\/uploads\/2026\/08\/toskansko-clanky-toskanska-kuchyne-25-1392x928.jpg 1392w\" sizes=\"(max-width: 1800px) 100vw, 1800px\" \/><button\n\t\t\tclass=\"lightbox-trigger\"\n\t\t\ttype=\"button\"\n\t\t\taria-haspopup=\"dialog\"\n\t\t\tdata-wp-bind--aria-label=\"state.thisImage.triggerButtonAriaLabel\"\n\t\t\tdata-wp-init=\"callbacks.initTriggerButton\"\n\t\t\tdata-wp-on--click=\"actions.showLightbox\"\n\t\t\tdata-wp-style--right=\"state.thisImage.buttonRight\"\n\t\t\tdata-wp-style--top=\"state.thisImage.buttonTop\"\n\t\t>\n\t\t\t<svg xmlns=\"http:\/\/www.w3.org\/2000\/svg\" width=\"12\" height=\"12\" fill=\"none\" viewBox=\"0 0 12 12\">\n\t\t\t\t<path fill=\"#fff\" d=\"M2 0a2 2 0 0 0-2 2v2h1.5V2a.5.5 0 0 1 .5-.5h2V0H2Zm2 10.5H2a.5.5 0 0 1-.5-.5V8H0v2a2 2 0 0 0 2 2h2v-1.5ZM8 12v-1.5h2a.5.5 0 0 0 .5-.5V8H12v2a2 2 0 0 1-2 2H8Zm2-12a2 2 0 0 1 2 2v2h-1.5V2a.5.5 0 0 0-.5-.5H8V0h2Z\" \/>\n\t\t\t<\/svg>\n\t\t<\/button><\/figure>\n\n\n\n<h3 class=\"wp-block-heading\"><span class=\"ez-toc-section\" id=\"21_Schiacciata_con_luva\"><\/span>21. Schiacciata con l&#8217;uva<span class=\"ez-toc-section-end\"><\/span><\/h3>\n\n\n\n<p class=\"wp-block-paragraph\">Ha \u00f3ri\u00e1si szerencs\u00e9d van, \u00e9s Toszk\u00e1n\u00e1t a kora \u0151szi, szeptemberi sz\u00fcret idej\u00e9n l\u00e1togatod meg, felt\u00e9tlen\u00fcl el kell kezdened kutatni a helyi p\u00e9ks\u00e9gekben e ut\u00e1n az exkluz\u00edv finoms\u00e1g ut\u00e1n. <strong>A schiacciata con l&#8217;uva egy v\u00e9kony, \u00e9des lep\u00e9ny kelt t\u00e9szt\u00e1b\u00f3l, amelybe m\u00e9lyen belenyomkodott friss sz\u0151l\u0151szemek vannak<\/strong>, gyakran apr\u00f3 magvakkal egy\u00fctt, \u00e9s az eg\u00e9szet b\u0151s\u00e9gesen megsz\u00f3rj\u00e1k krist\u00e1lycukorral \u00e9s meglocsolj\u00e1k ol\u00edvaolajjal.<\/p>\n\n\n\n<p class=\"wp-block-paragraph\">S\u00fct\u00e9s k\u00f6zben a forr\u00f3 kemenc\u00e9ben a sz\u0151l\u0151 megreped, a t\u00e9szt\u00e1ba engedi hihetetlen\u00fcl \u00e9des lila lev\u00e9t, \u00e9s a felsz\u00ednen egy ragad\u00f3s, enyh\u00e9n karamell\u00e1s k\u00e9rget k\u00e9pez, amit\u0151l garant\u00e1ltan koszos lesz az ujjad. <strong>Szigor\u00faan csak szeptemberben kaphat\u00f3, n\u00e9h\u00e1ny r\u00f6vid h\u00e9ten \u00e1t<\/strong>, am\u00edg a sz\u00fcret zajlik a sz\u0151l\u0151kben, ami rendk\u00edv\u00fcl ritka \u00e9s keresett szezon\u00e1lis ritkas\u00e1gg\u00e1 teszi.<\/p>\n\n\n\n<p class=\"wp-block-paragraph\">Egy nagy darab\u00e9rt ebb\u0151l a ragad\u00f3s csod\u00e1b\u00f3l egy egyszer\u0171 falusi p\u00e9ks\u00e9gben <strong>nagyj\u00e1b\u00f3l h\u00e1rom eur\u00f3t<\/strong> fizetsz. Ez tal\u00e1n a legjobb m\u00f3dja annak, hogy t\u00e9nyleg megk\u00f3stold a <strong>toszk\u00e1nai sz\u00fcret \u00fcnnep\u00e9t<\/strong>.<\/p>\n\n\n\n<p class=\"wp-block-paragraph\">\ud83d\udca1 <strong>TIPP:<\/strong> Hagyom\u00e1nyosan a magos, apr\u00f3 k\u00e9k sz\u0151l\u0151 k\u00fcl\u00f6nleges fajt\u00e1it haszn\u00e1lj\u00e1k hozz\u00e1. Ev\u00e9s k\u00f6zben teh\u00e1t kicsit ropog a fogaid k\u00f6z\u00f6tt, de a helyiek szerint \u00e9pp a magok adj\u00e1k a lep\u00e9nynek a megfelel\u0151 rusztikus jelleget.<\/p>\n\n\n\n<figure data-wp-context=\"{&quot;imageId&quot;:&quot;6a9c334ad7a63&quot;}\" data-wp-interactive=\"core\/image\" data-wp-key=\"6a9c334ad7a63\" class=\"wp-block-image size-full wp-lightbox-container\"><img decoding=\"async\" width=\"1800\" height=\"1011\" data-wp-class--hide=\"state.isContentHidden\" data-wp-class--show=\"state.isContentVisible\" data-wp-init=\"callbacks.setButtonStyles\" data-wp-on--click=\"actions.showLightbox\" data-wp-on--load=\"callbacks.setButtonStyles\" data-wp-on--pointerdown=\"actions.preloadImage\" data-wp-on--pointerenter=\"actions.preloadImageWithDelay\" data-wp-on--pointerleave=\"actions.cancelPreload\" data-wp-on-window--resize=\"callbacks.setButtonStyles\" src=\"https:\/\/loudavymkrokem.cz\/wp-content\/uploads\/2026\/08\/toskansko-clanky-toskanska-kuchyne-26.jpg\" alt=\"Buccellato Lucc\u00e1b\u00f3l\" class=\"wp-image-394045\" title=\"\" srcset=\"https:\/\/loudavymkrokem.cz\/wp-content\/uploads\/2026\/08\/toskansko-clanky-toskanska-kuchyne-26.jpg 1800w, https:\/\/loudavymkrokem.cz\/wp-content\/uploads\/2026\/08\/toskansko-clanky-toskanska-kuchyne-26-300x169.jpg 300w, https:\/\/loudavymkrokem.cz\/wp-content\/uploads\/2026\/08\/toskansko-clanky-toskanska-kuchyne-26-700x393.jpg 700w, https:\/\/loudavymkrokem.cz\/wp-content\/uploads\/2026\/08\/toskansko-clanky-toskanska-kuchyne-26-768x431.jpg 768w, https:\/\/loudavymkrokem.cz\/wp-content\/uploads\/2026\/08\/toskansko-clanky-toskanska-kuchyne-26-1536x863.jpg 1536w, https:\/\/loudavymkrokem.cz\/wp-content\/uploads\/2026\/08\/toskansko-clanky-toskanska-kuchyne-26-696x391.jpg 696w, https:\/\/loudavymkrokem.cz\/wp-content\/uploads\/2026\/08\/toskansko-clanky-toskanska-kuchyne-26-1392x782.jpg 1392w\" sizes=\"(max-width: 1800px) 100vw, 1800px\" \/><button\n\t\t\tclass=\"lightbox-trigger\"\n\t\t\ttype=\"button\"\n\t\t\taria-haspopup=\"dialog\"\n\t\t\tdata-wp-bind--aria-label=\"state.thisImage.triggerButtonAriaLabel\"\n\t\t\tdata-wp-init=\"callbacks.initTriggerButton\"\n\t\t\tdata-wp-on--click=\"actions.showLightbox\"\n\t\t\tdata-wp-style--right=\"state.thisImage.buttonRight\"\n\t\t\tdata-wp-style--top=\"state.thisImage.buttonTop\"\n\t\t>\n\t\t\t<svg xmlns=\"http:\/\/www.w3.org\/2000\/svg\" width=\"12\" height=\"12\" fill=\"none\" viewBox=\"0 0 12 12\">\n\t\t\t\t<path fill=\"#fff\" d=\"M2 0a2 2 0 0 0-2 2v2h1.5V2a.5.5 0 0 1 .5-.5h2V0H2Zm2 10.5H2a.5.5 0 0 1-.5-.5V8H0v2a2 2 0 0 0 2 2h2v-1.5ZM8 12v-1.5h2a.5.5 0 0 0 .5-.5V8H12v2a2 2 0 0 1-2 2H8Zm2-12a2 2 0 0 1 2 2v2h-1.5V2a.5.5 0 0 0-.5-.5H8V0h2Z\" \/>\n\t\t\t<\/svg>\n\t\t<\/button><figcaption class=\"wp-element-caption\">Camelia.boban \/ Wikimedia Commons, CC BY-SA 4.0<\/figcaption><\/figure>\n\n\n\n<h3 class=\"wp-block-heading\"><span class=\"ez-toc-section\" id=\"22_Buccellato_Luccabol\"><\/span>22. Buccellato Lucc\u00e1b\u00f3l<span class=\"ez-toc-section-end\"><\/span><\/h3>\n\n\n\n<p class=\"wp-block-paragraph\">A hossz\u00fa toszk\u00e1nai k\u00fcl\u00f6nlegess\u00e9glist\u00e1nkat a gy\u00f6ny\u00f6r\u0171 Lucca v\u00e1rosban z\u00e1rjuk, amely a kulin\u00e1ris vil\u00e1gnak az \u00e9des buccellat\u00f3t adta. <strong>Ez a rusztikus \u00e9des keny\u00e9r kerek koszor\u00fa vagy hossz\u00fa vekni form\u00e1j\u00e1ban b\u0151s\u00e9gesen \u00e1t van sz\u0151ve \u00e1nizsmaggal \u00e9s \u00e9des mazsol\u00e1val<\/strong>. A h\u00e9j\u00e1t k\u00f6zvetlen\u00fcl s\u00fct\u00e9s el\u0151tt egy kev\u00e9s toj\u00e1ssal kevert cukorsziruppal kenik meg, hogy a kemenc\u00e9ben sz\u00e9pen f\u00e9nyes \u00e9s s\u00f6t\u00e9tbarna sz\u00ednt kapjon.<\/p>\n\n\n\n<p class=\"wp-block-paragraph\">A b\u00fcszke helyi lakosok m\u00e9g azt is sz\u00edvesen \u00e1ll\u00edtj\u00e1k, hogy <strong>aki j\u00e1rt Lucc\u00e1ban, de nem k\u00f3stolta meg a buccellat\u00f3t, az mintha ott sem lett volna<\/strong>. A keny\u00e9rnek nagyon t\u00f6m\u00f6r, m\u00e1r-m\u00e1r kiss\u00e9 sz\u00e1raz szerkezete van, aminek k\u00f6sz\u00f6nhet\u0151en t\u00f6bb napig friss marad, \u00e9s az \u00e1nizs b\u0151s\u00e9ges adagj\u00e1nak h\u00e1la finoman \u00e9desgy\u00f6k\u00e9r illat\u00fa. Egy cip\u00f3 a p\u00e9ks\u00e9gben nagyj\u00e1b\u00f3l \u00f6t-nyolc eur\u00f3ba ker\u00fcl.<\/p>\n\n\n\n<p class=\"wp-block-paragraph\">Kiv\u00e1l\u00f3an illik a <strong>gyors reggelihez vagy a d\u00e9lut\u00e1ni k\u00e1v\u00e9hoz<\/strong>. A vid\u00e9ki id\u0151sebb gener\u00e1ci\u00f3 azonban a mai napig sz\u00edvesen m\u00e1rtogatja egy poh\u00e1r er\u0151s v\u00f6r\u00f6sborba egy hossz\u00fa vas\u00e1rnapi eb\u00e9d z\u00e1r\u00e1sak\u00e9nt. Lucc\u00e1ban minden t\u00f6rt\u00e9nelmi p\u00e9ks\u00e9gben megtal\u00e1lod, de a legeslegismertebbet 1881 \u00f3ta egy kis csal\u00e1di v\u00e1llalkoz\u00e1sban, a <a href=\"https:\/\/www.pasticceriataddeucci.com\/\" target=\"_blank\" rel=\"nofollow noopener\">Pasticceria Taddeucciban<\/a> s\u00fctik, egyenesen a f\u0151t\u00e9ren, a <strong>Piazza San Michel\u00e9n<\/strong>. Venni egy darabot ebb\u0151l az \u00e9des keny\u00e9rb\u0151l, \u00e9s megenni egy padon, kil\u00e1t\u00e1ssal a k\u00f6zeli templom leny\u0171g\u00f6z\u0151 m\u00e1rv\u00e1nyhomlokzat\u00e1ra, olyan hiteles \u00e9lm\u00e9ny, amely elv\u00e1laszthatatlanul hozz\u00e1tartozik a v\u00e1ros l\u00e1togat\u00e1s\u00e1hoz.<\/p>\n\n\n\n<p class=\"wp-block-paragraph\">\ud83d\udca1 <strong>TIPP:<\/strong> Ha a cip\u00f3 n\u00e9h\u00e1ny nap ut\u00e1n a hotelben megkem\u00e9nyedik, semmik\u00e9pp ne dobd ki. A helyiek a r\u00e9gebbi szeleteket sz\u00edvesen pir\u00edtj\u00e1k meg finoman vajon a reggelihez, vagy ak\u00e1r \u00e9des keny\u00e9rsal\u00e1ta-v\u00e1ltozatot k\u00e9sz\u00edtenek bel\u0151le friss gy\u00fcm\u00f6lccsel \u00e9s egy csepp desszertborral.<\/p>\n\n\n\n<figure data-wp-context=\"{&quot;imageId&quot;:&quot;6a9c334ad7e58&quot;}\" data-wp-interactive=\"core\/image\" data-wp-key=\"6a9c334ad7e58\" class=\"wp-block-image size-full wp-lightbox-container\"><img decoding=\"async\" width=\"1800\" height=\"1350\" data-wp-class--hide=\"state.isContentHidden\" data-wp-class--show=\"state.isContentVisible\" data-wp-init=\"callbacks.setButtonStyles\" data-wp-on--click=\"actions.showLightbox\" data-wp-on--load=\"callbacks.setButtonStyles\" data-wp-on--pointerdown=\"actions.preloadImage\" data-wp-on--pointerenter=\"actions.preloadImageWithDelay\" data-wp-on--pointerleave=\"actions.cancelPreload\" data-wp-on-window--resize=\"callbacks.setButtonStyles\" src=\"https:\/\/loudavymkrokem.cz\/wp-content\/uploads\/2026\/08\/toskansko-clanky-toskanska-kuchyne-27.jpg\" alt=\"Toszk\u00e1nai borok \u00e9s bork\u00f3stol\u00f3\" class=\"wp-image-394046\" title=\"\" srcset=\"https:\/\/loudavymkrokem.cz\/wp-content\/uploads\/2026\/08\/toskansko-clanky-toskanska-kuchyne-27.jpg 1800w, https:\/\/loudavymkrokem.cz\/wp-content\/uploads\/2026\/08\/toskansko-clanky-toskanska-kuchyne-27-300x225.jpg 300w, https:\/\/loudavymkrokem.cz\/wp-content\/uploads\/2026\/08\/toskansko-clanky-toskanska-kuchyne-27-700x525.jpg 700w, https:\/\/loudavymkrokem.cz\/wp-content\/uploads\/2026\/08\/toskansko-clanky-toskanska-kuchyne-27-768x576.jpg 768w, https:\/\/loudavymkrokem.cz\/wp-content\/uploads\/2026\/08\/toskansko-clanky-toskanska-kuchyne-27-1536x1152.jpg 1536w, https:\/\/loudavymkrokem.cz\/wp-content\/uploads\/2026\/08\/toskansko-clanky-toskanska-kuchyne-27-80x60.jpg 80w, https:\/\/loudavymkrokem.cz\/wp-content\/uploads\/2026\/08\/toskansko-clanky-toskanska-kuchyne-27-160x120.jpg 160w, https:\/\/loudavymkrokem.cz\/wp-content\/uploads\/2026\/08\/toskansko-clanky-toskanska-kuchyne-27-696x522.jpg 696w, https:\/\/loudavymkrokem.cz\/wp-content\/uploads\/2026\/08\/toskansko-clanky-toskanska-kuchyne-27-1392x1044.jpg 1392w\" sizes=\"(max-width: 1800px) 100vw, 1800px\" \/><button\n\t\t\tclass=\"lightbox-trigger\"\n\t\t\ttype=\"button\"\n\t\t\taria-haspopup=\"dialog\"\n\t\t\tdata-wp-bind--aria-label=\"state.thisImage.triggerButtonAriaLabel\"\n\t\t\tdata-wp-init=\"callbacks.initTriggerButton\"\n\t\t\tdata-wp-on--click=\"actions.showLightbox\"\n\t\t\tdata-wp-style--right=\"state.thisImage.buttonRight\"\n\t\t\tdata-wp-style--top=\"state.thisImage.buttonTop\"\n\t\t>\n\t\t\t<svg xmlns=\"http:\/\/www.w3.org\/2000\/svg\" width=\"12\" height=\"12\" fill=\"none\" viewBox=\"0 0 12 12\">\n\t\t\t\t<path fill=\"#fff\" d=\"M2 0a2 2 0 0 0-2 2v2h1.5V2a.5.5 0 0 1 .5-.5h2V0H2Zm2 10.5H2a.5.5 0 0 1-.5-.5V8H0v2a2 2 0 0 0 2 2h2v-1.5ZM8 12v-1.5h2a.5.5 0 0 0 .5-.5V8H12v2a2 2 0 0 1-2 2H8Zm2-12a2 2 0 0 1 2 2v2h-1.5V2a.5.5 0 0 0-.5-.5H8V0h2Z\" \/>\n\t\t\t<\/svg>\n\t\t<\/button><\/figure>\n\n\n\n<h2 class=\"wp-block-heading\"><span class=\"ez-toc-section\" id=\"Toszkanai_borok_mit_igyal_melyik_etelhez\"><\/span>Toszk\u00e1nai borok: mit igy\u00e1l melyik \u00e9telhez<span class=\"ez-toc-section-end\"><\/span><\/h2>\n\n\n\n<p class=\"wp-block-paragraph\">Toszk\u00e1na \u00e9s a bor olyan fogalmak, amelyek egyszer\u0171en \u00f6sszetartoznak. A hull\u00e1mz\u00f3 dombok \u00fagy n\u00e9znek ki, mintha valaki sz\u00e1nd\u00e9kosan \u00fcltette volna be \u0151ket sz\u0151l\u0151vel a fot\u00f3khoz. De e m\u00f6g\u00f6tt a k\u00e9peslapszer\u0171 d\u00edszlet m\u00f6g\u00f6tt olyan \u00fcvegek rejt\u0151znek, amelyekr\u0151l eg\u00e9sz este lehetne besz\u00e9lni. <strong>B\u00e1r a r\u00e9gi\u00f3 els\u0151sorban a Sangiovese fajt\u00e1b\u00f3l k\u00e9sz\u00fclt neh\u00e9z \u00e9s testes v\u00f6r\u00f6sborokr\u00f3l h\u00edres, a feh\u00e9r- \u00e9s desszertborok k\u00f6z\u00f6tt is tal\u00e1lsz igazi vil\u00e1gszint\u0171 ritkas\u00e1gokat.<\/strong> A legt\u00f6bb turista ismeri a h\u00edres Chiantit, de az csak a j\u00e9ghegy cs\u00facsa.<\/p>\n\n\n\n<p class=\"wp-block-paragraph\">Ha az \u00e9tteremben nem tudsz eligazodni, a helyi pinc\u00e9rek mindig k\u00e9szs\u00e9gesen aj\u00e1nlanak p\u00e1ros\u00edt\u00e1st a kiv\u00e1lasztott \u00e9telhez. Ne feledd, hogy a neh\u00e9z paradicsomsz\u00f3szokhoz \u00e9s a tartalmas babhoz ink\u00e1bb <strong>tanninos v\u00f6r\u00f6sborok<\/strong> illenek, m\u00edg a tavaszi z\u00f6lds\u00e9gekhez vagy a finom juhsajthoz ink\u00e1bb egy <strong>hideg feh\u00e9rbor<\/strong> \u00e9rv\u00e9nyes\u00fcl. Hogy megk\u00f6nny\u00edtsem az eligazod\u00e1sodat az itallapokon, \u00f6ssze\u00e1ll\u00edtottam neked egy \u00e1ttekinthet\u0151 t\u00e1bl\u00e1zatot a legfontosabb \u00fcvegekr\u0151l, amelyekbe az utad sor\u00e1n botolhatsz.<\/p>\n\n\n\n<figure class=\"wp-block-table\"><table><thead><tr><th>bor<\/th><th>ter\u00fclet<\/th><th>megjegyz\u00e9s<\/th><\/tr><\/thead>\n<tbody><tr><td><strong>Vernaccia di San Gimignano<\/strong><\/td><td>San Gimignano<\/td><td>\u2b50 <strong>az els\u0151 olasz bor, amely 1966-ban DOC min\u0151s\u00edt\u00e9st kapott<\/strong>; <strong>1993. 7. 9-t\u0151l DOCG<\/strong>. <strong>Az egyetlen toszk\u00e1nai feh\u00e9r DOCG min\u0151s\u00edt\u00e9ssel.<\/strong> M\u00e1r a renesz\u00e1nsz \u00f3ta az egyik legr\u00e9gebbi \u00e9s legnemesebb olasz bornak tartj\u00e1k.<\/td><\/tr>\n<tr><td><strong>Chianti Classico DOCG<\/strong><\/td><td>Firenze \u00e9s Siena k\u00f6z\u00f6tt<\/td><td>felismerhet\u0151 jele a <strong>gallo nero<\/strong> (fekete kakas)<\/td><\/tr>\n<tr><td><strong>Brunello di Montalcino DOCG<\/strong><\/td><td>Montalcino<\/td><td>hosszan \u00e9rlelt sangiovese, a r\u00e9gi\u00f3 cs\u00facsa<\/td><\/tr>\n<tr><td><strong>Vino Nobile di Montepulciano DOCG<\/strong><\/td><td>Montepulciano<\/td><\/tr>\n<tr><td><strong>Bolgheri \/ supertuscans<\/strong><\/td><td>partvid\u00e9k Bolgheri mellett<\/td><td>bordeaux-i fajt\u00e1k, nemzetk\u00f6zi h\u00edrn\u00e9v<\/td><\/tr>\n<tr><td><strong>Aleatico Passito dell&#8217;Elba DOCG<\/strong><\/td><td>Elba<\/td><td>\u00e9des, <strong>a Toszk\u00e1n-szigetcsoport els\u0151 DOCG-je<\/strong>; Nap\u00f3leon kedvence<\/td><\/tr>\n<tr><td><strong>Vin Santo<\/strong><\/td><td>az eg\u00e9sz r\u00e9gi\u00f3<\/td><td>borosty\u00e1nsz\u00edn\u0171 desszertbor <strong>k\u00e9s\u0151n sz\u00fcretelt trebbian\u00f3b\u00f3l \u00e9s malvasi\u00e1b\u00f3l<\/strong>, a sz\u0151l\u0151t <strong>3\u20134 h\u00f3napig<\/strong> sz\u00e1r\u00edtj\u00e1k, a bor pedig <strong>3+ \u00e9vig \u00e9rik kis caratelli hord\u00f3kban<\/strong><\/td><\/tr>\n<\/tbody><\/table><\/figure>\n\n\n\n<figure data-wp-context=\"{&quot;imageId&quot;:&quot;6a9c334ad8267&quot;}\" data-wp-interactive=\"core\/image\" data-wp-key=\"6a9c334ad8267\" class=\"wp-block-image size-full wp-lightbox-container\"><img decoding=\"async\" width=\"1800\" height=\"1200\" data-wp-class--hide=\"state.isContentHidden\" data-wp-class--show=\"state.isContentVisible\" data-wp-init=\"callbacks.setButtonStyles\" data-wp-on--click=\"actions.showLightbox\" data-wp-on--load=\"callbacks.setButtonStyles\" data-wp-on--pointerdown=\"actions.preloadImage\" data-wp-on--pointerenter=\"actions.preloadImageWithDelay\" data-wp-on--pointerleave=\"actions.cancelPreload\" data-wp-on-window--resize=\"callbacks.setButtonStyles\" src=\"https:\/\/loudavymkrokem.cz\/wp-content\/uploads\/2026\/08\/toskansko-clanky-toskanska-kuchyne-28.jpg\" alt=\"Szezon\u00e1lis alapanyagok a piacon\" class=\"wp-image-394047\" title=\"\" srcset=\"https:\/\/loudavymkrokem.cz\/wp-content\/uploads\/2026\/08\/toskansko-clanky-toskanska-kuchyne-28.jpg 1800w, https:\/\/loudavymkrokem.cz\/wp-content\/uploads\/2026\/08\/toskansko-clanky-toskanska-kuchyne-28-300x200.jpg 300w, https:\/\/loudavymkrokem.cz\/wp-content\/uploads\/2026\/08\/toskansko-clanky-toskanska-kuchyne-28-700x467.jpg 700w, https:\/\/loudavymkrokem.cz\/wp-content\/uploads\/2026\/08\/toskansko-clanky-toskanska-kuchyne-28-768x512.jpg 768w, https:\/\/loudavymkrokem.cz\/wp-content\/uploads\/2026\/08\/toskansko-clanky-toskanska-kuchyne-28-1536x1024.jpg 1536w, https:\/\/loudavymkrokem.cz\/wp-content\/uploads\/2026\/08\/toskansko-clanky-toskanska-kuchyne-28-696x464.jpg 696w, https:\/\/loudavymkrokem.cz\/wp-content\/uploads\/2026\/08\/toskansko-clanky-toskanska-kuchyne-28-1392x928.jpg 1392w\" sizes=\"(max-width: 1800px) 100vw, 1800px\" \/><button\n\t\t\tclass=\"lightbox-trigger\"\n\t\t\ttype=\"button\"\n\t\t\taria-haspopup=\"dialog\"\n\t\t\tdata-wp-bind--aria-label=\"state.thisImage.triggerButtonAriaLabel\"\n\t\t\tdata-wp-init=\"callbacks.initTriggerButton\"\n\t\t\tdata-wp-on--click=\"actions.showLightbox\"\n\t\t\tdata-wp-style--right=\"state.thisImage.buttonRight\"\n\t\t\tdata-wp-style--top=\"state.thisImage.buttonTop\"\n\t\t>\n\t\t\t<svg xmlns=\"http:\/\/www.w3.org\/2000\/svg\" width=\"12\" height=\"12\" fill=\"none\" viewBox=\"0 0 12 12\">\n\t\t\t\t<path fill=\"#fff\" d=\"M2 0a2 2 0 0 0-2 2v2h1.5V2a.5.5 0 0 1 .5-.5h2V0H2Zm2 10.5H2a.5.5 0 0 1-.5-.5V8H0v2a2 2 0 0 0 2 2h2v-1.5ZM8 12v-1.5h2a.5.5 0 0 0 .5-.5V8H12v2a2 2 0 0 1-2 2H8Zm2-12a2 2 0 0 1 2 2v2h-1.5V2a.5.5 0 0 0-.5-.5H8V0h2Z\" \/>\n\t\t\t<\/svg>\n\t\t<\/button><\/figure>\n\n\n\n<h2 class=\"wp-block-heading\"><span class=\"ez-toc-section\" id=\"Mikor_mit_egyel_szezonalis_naptar\"><\/span>Mikor mit egy\u00e9l: szezon\u00e1lis napt\u00e1r<span class=\"ez-toc-section-end\"><\/span><\/h2>\n\n\n\n<p class=\"wp-block-paragraph\">Az eg\u00e9sz olasz gasztron\u00f3mia egyik legszebb \u00e9s leghitelesebb dolga a szezonalit\u00e1s teljesen szigor\u00fa betart\u00e1sa. <strong>Toszk\u00e1n\u00e1ban egyszer\u0171en elk\u00e9pzelhetetlen, hogy janu\u00e1rban paradicsomos panzanell\u00e1t, vagy \u00e9pp ford\u00edtva, m\u00e1jusban \u0151szi geszteny\u00e9s s\u00fctem\u00e9nyt egy\u00e9l.<\/strong> Az \u00e9telt itt kiz\u00e1r\u00f3lag abb\u00f3l f\u0151zik, ami \u00e9pp megtermett a mez\u0151n vagy be\u00e9rett a gy\u00fcm\u00f6lcs\u00f6s\u00f6kben, ami a vend\u00e9geknek a lehet\u0151 legintenz\u00edvebb \u00edzt garant\u00e1lja vegyszerek n\u00e9lk\u00fcl.<\/p>\n\n\n\n<p class=\"wp-block-paragraph\">Ha az utadat a <a href=\"https:\/\/loudavymkrokem.cz\/hu\/olaszorszag-toszkana-idojaras\/\">Id\u0151j\u00e1r\u00e1s Toszk\u00e1n\u00e1ban: h\u0151m\u00e9rs\u00e9klet h\u00f3napokra bontva \u00e9s mikor menj<\/a> cikk\u00fcnk alapj\u00e1n tervezed, mindenk\u00e9pp n\u00e9zd meg el\u0151re, mire sz\u00e1m\u00edthatsz az adott id\u0151szakban. A tavasz a <strong>zsenge z\u00f6lds\u00e9gek\u00e9<\/strong>, a ny\u00e1r a paradicsomot \u00fcnnepli, az \u0151sz pedig a <strong>nehezebb, f\u00f6ldes erdei \u00edzek<\/strong> \u00e9s az \u00faj olaj jegy\u00e9ben telik. \u00cdme egy kis puska arr\u00f3l, mit \u00e9rdemes figyelni az \u00e9tlapon:<\/p>\n\n\n\n<figure class=\"wp-block-table\"><table><thead><tr><th>id\u0151szak<\/th><th>mi a friss<\/th><\/tr><\/thead>\n<tbody><tr><td><strong>tavasz<\/strong><\/td><td>garmugia, artics\u00f3ka, sp\u00e1rga, fiatal pecorino<\/td><\/tr>\n<tr><td><strong>ny\u00e1r<\/strong><\/td><td>panzanella, paradicsom, cecina a strandon<\/td><\/tr>\n<tr><td><strong>szeptember<\/strong><\/td><td>\u2b50 <strong>schiacciata con l&#8217;uva<\/strong> (csak most), sz\u00fcret<\/td><\/tr>\n<tr><td><strong>okt\u00f3ber\u2013november<\/strong><\/td><td>\u2b50 <strong>olio nuovo<\/strong>, castagnaccio, gesztenye- \u00e9s gomba\u00fcnnepek, szarvasgomba<\/td><\/tr>\n<tr><td><strong>t\u00e9l<\/strong><\/td><td>ribollita, fagioli all&#8217;uccelletto, panforte \u00e9s ricciarelli kar\u00e1csonyra<\/td><\/tr>\n<\/tbody><\/table><\/figure>\n\n\n\n<figure data-wp-context=\"{&quot;imageId&quot;:&quot;6a9c334ad87e9&quot;}\" data-wp-interactive=\"core\/image\" data-wp-key=\"6a9c334ad87e9\" class=\"wp-block-image size-full wp-lightbox-container\"><img decoding=\"async\" width=\"1800\" height=\"1200\" data-wp-class--hide=\"state.isContentHidden\" data-wp-class--show=\"state.isContentVisible\" data-wp-init=\"callbacks.setButtonStyles\" data-wp-on--click=\"actions.showLightbox\" data-wp-on--load=\"callbacks.setButtonStyles\" data-wp-on--pointerdown=\"actions.preloadImage\" data-wp-on--pointerenter=\"actions.preloadImageWithDelay\" data-wp-on--pointerleave=\"actions.cancelPreload\" data-wp-on-window--resize=\"callbacks.setButtonStyles\" src=\"https:\/\/loudavymkrokem.cz\/wp-content\/uploads\/2026\/08\/toskansko-clanky-toskanska-kuchyne-29.jpg\" alt=\"Megter\u00edtett asztal egy olasz \u00e9tteremben\" class=\"wp-image-394048\" title=\"\" srcset=\"https:\/\/loudavymkrokem.cz\/wp-content\/uploads\/2026\/08\/toskansko-clanky-toskanska-kuchyne-29.jpg 1800w, https:\/\/loudavymkrokem.cz\/wp-content\/uploads\/2026\/08\/toskansko-clanky-toskanska-kuchyne-29-300x200.jpg 300w, https:\/\/loudavymkrokem.cz\/wp-content\/uploads\/2026\/08\/toskansko-clanky-toskanska-kuchyne-29-700x467.jpg 700w, https:\/\/loudavymkrokem.cz\/wp-content\/uploads\/2026\/08\/toskansko-clanky-toskanska-kuchyne-29-768x512.jpg 768w, https:\/\/loudavymkrokem.cz\/wp-content\/uploads\/2026\/08\/toskansko-clanky-toskanska-kuchyne-29-1536x1024.jpg 1536w, https:\/\/loudavymkrokem.cz\/wp-content\/uploads\/2026\/08\/toskansko-clanky-toskanska-kuchyne-29-696x464.jpg 696w, https:\/\/loudavymkrokem.cz\/wp-content\/uploads\/2026\/08\/toskansko-clanky-toskanska-kuchyne-29-1392x928.jpg 1392w\" sizes=\"(max-width: 1800px) 100vw, 1800px\" \/><button\n\t\t\tclass=\"lightbox-trigger\"\n\t\t\ttype=\"button\"\n\t\t\taria-haspopup=\"dialog\"\n\t\t\tdata-wp-bind--aria-label=\"state.thisImage.triggerButtonAriaLabel\"\n\t\t\tdata-wp-init=\"callbacks.initTriggerButton\"\n\t\t\tdata-wp-on--click=\"actions.showLightbox\"\n\t\t\tdata-wp-style--right=\"state.thisImage.buttonRight\"\n\t\t\tdata-wp-style--top=\"state.thisImage.buttonTop\"\n\t\t>\n\t\t\t<svg xmlns=\"http:\/\/www.w3.org\/2000\/svg\" width=\"12\" height=\"12\" fill=\"none\" viewBox=\"0 0 12 12\">\n\t\t\t\t<path fill=\"#fff\" d=\"M2 0a2 2 0 0 0-2 2v2h1.5V2a.5.5 0 0 1 .5-.5h2V0H2Zm2 10.5H2a.5.5 0 0 1-.5-.5V8H0v2a2 2 0 0 0 2 2h2v-1.5ZM8 12v-1.5h2a.5.5 0 0 0 .5-.5V8H12v2a2 2 0 0 1-2 2H8Zm2-12a2 2 0 0 1 2 2v2h-1.5V2a.5.5 0 0 0-.5-.5H8V0h2Z\" \/>\n\t\t\t<\/svg>\n\t\t<\/button><\/figure>\n\n\n\n<h2 class=\"wp-block-heading\"><span class=\"ez-toc-section\" id=\"Hogyan_mukodik_az_etkezes_egy_olasz_etteremben\"><\/span>Hogyan m\u0171k\u00f6dik az \u00e9tkez\u00e9s egy olasz \u00e9tteremben<span class=\"ez-toc-section-end\"><\/span><\/h2>\n\n\n\n<p class=\"wp-block-paragraph\">Ha nem vagy hozz\u00e1szokva, hogy Olaszorsz\u00e1gban rendszeresen \u00e9tterembe j\u00e1rj, tal\u00e1n meglep majd n\u00e9h\u00e1ny helyi szok\u00e1s, amelyek el\u00e9gg\u00e9 k\u00fcl\u00f6nb\u00f6znek a mi\u00e9nkt\u0151l. <strong>Az alapszab\u00e1ly az, hogy a meleg eb\u00e9d itt gyakran az eg\u00e9sz nap f\u0151 \u00e9s legfontosabb \u00e9tkez\u00e9se<\/strong>, amelyre a helyiek ak\u00e1r k\u00e9t \u00f3r\u00e1t is r\u00e1sz\u00e1nnak. A vacsor\u00e1t ezzel szemben a mi m\u00e9rc\u00e9nkkel nagyon k\u00e9s\u0151n szerv\u00edrozz\u00e1k. A legt\u00f6bb j\u00f3 \u00e9tterem csak f\u00e9l nyolc vagy nyolc \u00f3ra k\u00f6r\u00fcl nyitja ki az ajtaj\u00e1t, \u00e9s kilenc el\u0151tt m\u00e9g f\u00e9lig \u00fcres.<\/p>\n\n\n\n<p class=\"wp-block-paragraph\">Fizet\u00e9skor ne lep\u0151dj meg azon, hogy <strong>a sz\u00e1ml\u00e1n mindig tal\u00e1lsz egy coperto nev\u0171 t\u00e9telt<\/strong>. Ez egy teljesen leg\u00e1lis \u00e9s t\u00f6rt\u00e9nelmileg gy\u00f6keret vert ter\u00edt\u00e9kd\u00edj, amely k\u00e9t-n\u00e9gy eur\u00f3 k\u00f6r\u00fcl mozog fejenk\u00e9nt. Ebben az \u00f6sszegben \u00e1ltal\u00e1ban benne van a kiszolg\u00e1l\u00e1s, a v\u00e1szonabrosz \u00e9s egy kos\u00e1rka friss s\u00f3tlan keny\u00e9r, amit r\u00f6gt\u00f6n az elej\u00e9n hoznak. A kenyeret itt teh\u00e1t nem rendeled k\u00fcl\u00f6n, de vajra hozz\u00e1 semmik\u00e9pp ne sz\u00e1m\u00edts.<\/p>\n\n\n\n<p class=\"wp-block-paragraph\">\u00c9s egy nagy tipp a v\u00e9g\u00e9re: ker\u00fcld a rik\u00edt\u00f3 feliratokkal \u00e9s hatnyelv\u0171 turistamen\u00fcvel rendelkez\u0151 helyeket. A legjobb trattori\u00e1knak gyakran csak egy kr\u00e9t\u00e1val \u00edrott, falnak t\u00e1masztott t\u00e1bl\u00e1juk van, amelynek tartalma naponta v\u00e1ltozik aszerint, mit szerzett be a s\u00e9f reggel a piacon. Ha csak poharas bort szeretn\u00e9l k\u00f3stolni an\u00e9lk\u00fcl, hogy nagy vacsor\u00e1t kellene rendelned, <strong>keresd az ajt\u00f3 f\u00f6l\u00f6tt az enoteca feliratot<\/strong>. Ezek hangulatos boroz\u00f3k, ahol a bor mell\u00e9 fantasztikus helyi sajtokat \u00e9s felv\u00e1gottakat kapsz, \u00e9s egy ilyen este gyakran sokkal olcs\u00f3bb, mint egy klasszikus bork\u00f3stol\u00f3 k\u00f6zvetlen\u00fcl egy nagy bor\u00e1szatban.<\/p>\n\n\n\n<figure data-wp-context=\"{&quot;imageId&quot;:&quot;6a9c334ad8bda&quot;}\" data-wp-interactive=\"core\/image\" data-wp-key=\"6a9c334ad8bda\" class=\"wp-block-image size-full wp-lightbox-container\"><img decoding=\"async\" width=\"1800\" height=\"1200\" data-wp-class--hide=\"state.isContentHidden\" data-wp-class--show=\"state.isContentVisible\" data-wp-init=\"callbacks.setButtonStyles\" data-wp-on--click=\"actions.showLightbox\" data-wp-on--load=\"callbacks.setButtonStyles\" data-wp-on--pointerdown=\"actions.preloadImage\" data-wp-on--pointerenter=\"actions.preloadImageWithDelay\" data-wp-on--pointerleave=\"actions.cancelPreload\" data-wp-on-window--resize=\"callbacks.setButtonStyles\" src=\"https:\/\/loudavymkrokem.cz\/wp-content\/uploads\/2026\/08\/toskansko-clanky-toskanska-kuchyne-30.jpg\" alt=\"Veget\u00e1ri\u00e1nus \u00e9tel friss z\u00f6lds\u00e9gekb\u0151l\" class=\"wp-image-394049\" title=\"\" srcset=\"https:\/\/loudavymkrokem.cz\/wp-content\/uploads\/2026\/08\/toskansko-clanky-toskanska-kuchyne-30.jpg 1800w, https:\/\/loudavymkrokem.cz\/wp-content\/uploads\/2026\/08\/toskansko-clanky-toskanska-kuchyne-30-300x200.jpg 300w, https:\/\/loudavymkrokem.cz\/wp-content\/uploads\/2026\/08\/toskansko-clanky-toskanska-kuchyne-30-700x467.jpg 700w, https:\/\/loudavymkrokem.cz\/wp-content\/uploads\/2026\/08\/toskansko-clanky-toskanska-kuchyne-30-768x512.jpg 768w, https:\/\/loudavymkrokem.cz\/wp-content\/uploads\/2026\/08\/toskansko-clanky-toskanska-kuchyne-30-1536x1024.jpg 1536w, https:\/\/loudavymkrokem.cz\/wp-content\/uploads\/2026\/08\/toskansko-clanky-toskanska-kuchyne-30-696x464.jpg 696w, https:\/\/loudavymkrokem.cz\/wp-content\/uploads\/2026\/08\/toskansko-clanky-toskanska-kuchyne-30-1392x928.jpg 1392w\" sizes=\"(max-width: 1800px) 100vw, 1800px\" \/><button\n\t\t\tclass=\"lightbox-trigger\"\n\t\t\ttype=\"button\"\n\t\t\taria-haspopup=\"dialog\"\n\t\t\tdata-wp-bind--aria-label=\"state.thisImage.triggerButtonAriaLabel\"\n\t\t\tdata-wp-init=\"callbacks.initTriggerButton\"\n\t\t\tdata-wp-on--click=\"actions.showLightbox\"\n\t\t\tdata-wp-style--right=\"state.thisImage.buttonRight\"\n\t\t\tdata-wp-style--top=\"state.thisImage.buttonTop\"\n\t\t>\n\t\t\t<svg xmlns=\"http:\/\/www.w3.org\/2000\/svg\" width=\"12\" height=\"12\" fill=\"none\" viewBox=\"0 0 12 12\">\n\t\t\t\t<path fill=\"#fff\" d=\"M2 0a2 2 0 0 0-2 2v2h1.5V2a.5.5 0 0 1 .5-.5h2V0H2Zm2 10.5H2a.5.5 0 0 1-.5-.5V8H0v2a2 2 0 0 0 2 2h2v-1.5ZM8 12v-1.5h2a.5.5 0 0 0 .5-.5V8H12v2a2 2 0 0 1-2 2H8Zm2-12a2 2 0 0 1 2 2v2h-1.5V2a.5.5 0 0 0-.5-.5H8V0h2Z\" \/>\n\t\t\t<\/svg>\n\t\t<\/button><\/figure>\n\n\n\n<h2 class=\"wp-block-heading\"><span class=\"ez-toc-section\" id=\"Tippek_vegetarianusoknak\"><\/span>Tippek veget\u00e1ri\u00e1nusoknak<span class=\"ez-toc-section-end\"><\/span><\/h2>\n\n\n\n<p class=\"wp-block-paragraph\">Ahogy m\u00e1r r\u00f6gt\u00f6n a bevezet\u0151ben elhangzott, Toszk\u00e1na a veget\u00e1ri\u00e1nusok abszol\u00fat paradicsoma \u00e9s az egyik legbar\u00e1ts\u00e1gosabb olasz r\u00e9gi\u00f3, ennek ellen\u00e9re n\u00e9h\u00e1ny alapvet\u0151 \u00f3vatoss\u00e1gi szab\u00e1lyt be kell tartani. <strong>K\u00fcl\u00f6n\u00f6sen alattomos lehet a t\u00e9li z\u00f6lds\u00e9ges ribollita vagy a t\u00f6nk\u00f6ly\u00f6s zuppa di farro<\/strong>, amelyekbe vid\u00e9ken viszonylag gyakran tesznek a f\u0151z\u00e9s elej\u00e9n pancetta-b\u0151rt a jobb \u00e9s teltebb \u00edz kedv\u00e9\u00e9rt.<\/p>\n\n\n\n<p class=\"wp-block-paragraph\"><strong>Ne f\u00e9lj teh\u00e1t rendel\u00e9skor mindig egy\u00e9rtelm\u0171en megk\u00e9rdezni, hogy nem tettek-e a levesbe h\u00fasalapl\u00e9t vagy szalonn\u00e1t.<\/strong> A var\u00e1zsmondat, amit jegyezz meg j\u00f3l, \u00edgy sz\u00f3l: \u201esenza carne&#8221; (h\u00fas n\u00e9lk\u00fcl). Az olaszok hozz\u00e1 vannak szokva ezekhez a k\u00e9rd\u00e9sekhez, egy\u00e1ltal\u00e1n nem s\u00e9rt\u0151dnek meg rajtuk, \u00e9s k\u00e9szs\u00e9gesen tan\u00e1csot adnak, vagy r\u00f6gt\u00f6n aj\u00e1nlanak egy m\u00e1sik biztons\u00e1gos alternat\u00edv\u00e1t az \u00e9tlapr\u00f3l. Sok hagyom\u00e1nyos fog\u00e1s ugyanis a k\u00f6z\u00e9pkor \u00f3ta term\u00e9szetes m\u00f3don veg\u00e1n, \u00edgy nem kell semmilyen kompromisszumot k\u00f6tn\u00f6d az \u00edzek ter\u00e9n.<\/p>\n\n\n\n<p class=\"wp-block-paragraph\">Ha \u00fagy d\u00f6ntesz, hogy egy farmon sz\u00e1llsz meg, amit melegen aj\u00e1nlunk a r\u00e9szletes \u00fatmutat\u00f3nkban: <a href=\"https:\/\/loudavymkrokem.cz\/hu\/olaszorszag-toszkana-agriturismo\/\">Agriturismo Toszk\u00e1n\u00e1ban: 20 tipp, \u00e1rak \u00e9s hogyan v\u00e1lassz<\/a>, <strong>mindig jelezd a veget\u00e1ri\u00e1nuss\u00e1godat m\u00e1r mag\u00e1n\u00e1l az online foglal\u00e1sn\u00e1l<\/strong>. Ezek a kis csal\u00e1di farmok ugyanis gyakran \u00fagy m\u0171k\u00f6dnek, hogy a h\u00e1z asszonya minden este csak egyetlen egys\u00e9ges, fix men\u00fct f\u0151z minden vend\u00e9gnek abb\u00f3l, amit aznap \u00e9pp betakar\u00edtottak a kertben. A h\u00e1ziasszonynak ez\u00e9rt felt\u00e9tlen\u00fcl tudnia kell el\u0151re, hogy neked k\u00fcl\u00f6n h\u00fastalan v\u00e1ltozatot kell k\u00e9sz\u00edtenie, nehogy csal\u00f3d\u00e1s \u00e9rjen.<\/p>\n\n\n\n<figure data-wp-context=\"{&quot;imageId&quot;:&quot;6a9c334ad912d&quot;}\" data-wp-interactive=\"core\/image\" data-wp-key=\"6a9c334ad912d\" class=\"wp-block-image size-full wp-lightbox-container\"><img decoding=\"async\" width=\"1800\" height=\"1080\" data-wp-class--hide=\"state.isContentHidden\" data-wp-class--show=\"state.isContentVisible\" data-wp-init=\"callbacks.setButtonStyles\" data-wp-on--click=\"actions.showLightbox\" data-wp-on--load=\"callbacks.setButtonStyles\" data-wp-on--pointerdown=\"actions.preloadImage\" data-wp-on--pointerenter=\"actions.preloadImageWithDelay\" data-wp-on--pointerleave=\"actions.cancelPreload\" data-wp-on-window--resize=\"callbacks.setButtonStyles\" src=\"https:\/\/loudavymkrokem.cz\/wp-content\/uploads\/2026\/08\/toskansko-clanky-toskanska-kuchyne-31.jpg\" alt=\"Osteri\u00e1k \u00e9s piacok, ahol j\u00f3l lehet enni\" class=\"wp-image-394050\" title=\"\" srcset=\"https:\/\/loudavymkrokem.cz\/wp-content\/uploads\/2026\/08\/toskansko-clanky-toskanska-kuchyne-31.jpg 1800w, https:\/\/loudavymkrokem.cz\/wp-content\/uploads\/2026\/08\/toskansko-clanky-toskanska-kuchyne-31-300x180.jpg 300w, https:\/\/loudavymkrokem.cz\/wp-content\/uploads\/2026\/08\/toskansko-clanky-toskanska-kuchyne-31-700x420.jpg 700w, https:\/\/loudavymkrokem.cz\/wp-content\/uploads\/2026\/08\/toskansko-clanky-toskanska-kuchyne-31-768x461.jpg 768w, https:\/\/loudavymkrokem.cz\/wp-content\/uploads\/2026\/08\/toskansko-clanky-toskanska-kuchyne-31-1536x922.jpg 1536w, https:\/\/loudavymkrokem.cz\/wp-content\/uploads\/2026\/08\/toskansko-clanky-toskanska-kuchyne-31-696x418.jpg 696w, https:\/\/loudavymkrokem.cz\/wp-content\/uploads\/2026\/08\/toskansko-clanky-toskanska-kuchyne-31-1392x835.jpg 1392w\" sizes=\"(max-width: 1800px) 100vw, 1800px\" \/><button\n\t\t\tclass=\"lightbox-trigger\"\n\t\t\ttype=\"button\"\n\t\t\taria-haspopup=\"dialog\"\n\t\t\tdata-wp-bind--aria-label=\"state.thisImage.triggerButtonAriaLabel\"\n\t\t\tdata-wp-init=\"callbacks.initTriggerButton\"\n\t\t\tdata-wp-on--click=\"actions.showLightbox\"\n\t\t\tdata-wp-style--right=\"state.thisImage.buttonRight\"\n\t\t\tdata-wp-style--top=\"state.thisImage.buttonTop\"\n\t\t>\n\t\t\t<svg xmlns=\"http:\/\/www.w3.org\/2000\/svg\" width=\"12\" height=\"12\" fill=\"none\" viewBox=\"0 0 12 12\">\n\t\t\t\t<path fill=\"#fff\" d=\"M2 0a2 2 0 0 0-2 2v2h1.5V2a.5.5 0 0 1 .5-.5h2V0H2Zm2 10.5H2a.5.5 0 0 1-.5-.5V8H0v2a2 2 0 0 0 2 2h2v-1.5ZM8 12v-1.5h2a.5.5 0 0 0 .5-.5V8H12v2a2 2 0 0 1-2 2H8Zm2-12a2 2 0 0 1 2 2v2h-1.5V2a.5.5 0 0 0-.5-.5H8V0h2Z\" \/>\n\t\t\t<\/svg>\n\t\t<\/button><\/figure>\n\n\n\n<h2 class=\"wp-block-heading\"><span class=\"ez-toc-section\" id=\"Hol_egyel\"><\/span>Hol egy\u00e9l<span class=\"ez-toc-section-end\"><\/span><\/h2>\n\n\n\n<p class=\"wp-block-paragraph\">A legjobb kulin\u00e1ris \u00e9lm\u00e9nyeket Toszk\u00e1n\u00e1ban \u00e1ltal\u00e1ban nem a feh\u00e9r abroszos, luxus \u00e9ttermekben tal\u00e1lod, hanem azokon a ny\u00fczsg\u0151 helyeken, ahol maguk a helyiek is \u00f6sszegy\u0171lnek. Menj ki kora reggel a <strong>t\u00f6rt\u00e9nelmi fedett piacokra<\/strong>, mint a firenzei h\u00edres <a href=\"https:\/\/www.mercatocentrale.com\/florence\/\" target=\"_blank\" rel=\"nofollow noopener\">Mercato Centrale<\/a>, ahol friss juhsajtot, szezon\u00e1lis gy\u00fcm\u00f6lcs\u00f6t, illatos szarvasgomb\u00e1t \u00e9s ropog\u00f3s p\u00e9ks\u00fctem\u00e9nyt vehetsz k\u00f6zvetlen\u00fcl a gazd\u00e1kt\u00f3l. Gyors \u00e9s olcs\u00f3 eb\u00e9dhez keresd a <strong>kis csal\u00e1di osteri\u00e1kat<\/strong> a mell\u00e9kutc\u00e1kban, ahol munkaruh\u00e1s mel\u00f3sok \u00e9s \u00f6lt\u00f6ny\u00f6s hivatalnokok \u00fclnek egy t\u00e1ny\u00e9r forr\u00f3 t\u00e9szta f\u00f6l\u00f6tt.<\/p>\n\n\n\n<p class=\"wp-block-paragraph\">Ha <strong>konkr\u00e9t, j\u00f3l bev\u00e1lt helyeket<\/strong> keresel, Firenz\u00e9ben ne hagyd ki a legend\u00e1s <a href=\"https:\/\/trattoria-mario.com\/\" target=\"_blank\" rel=\"nofollow noopener\">Trattoria Mari\u00f3t<\/a> a piac k\u00f6zel\u00e9ben, ahol a legjobb helyi alapanyagokb\u00f3l f\u0151znek. Sien\u00e1ban \u00e9rdemes asztalt foglalni a kedvelt <a href=\"https:\/\/www.osterialelogge.it\/\" target=\"_blank\" rel=\"nofollow noopener\">Osteria Le Logg\u00e9ban<\/a>. Tov\u00e1bbi inspir\u00e1ci\u00f3\u00e9rt az utad el\u0151tt felfedezheted a hivatalos <a href=\"https:\/\/www.visittuscany.com\/\" target=\"_blank\" rel=\"nofollow noopener\">toszk\u00e1nai turisztikai oldalt<\/a> is, ahol rengeteg aktu\u00e1lis tippet tal\u00e1lsz <strong>gasztrofesztiv\u00e1lokra \u00e9s helyi piacokra<\/strong>.<\/p>\n\n\n\n<figure data-wp-context=\"{&quot;imageId&quot;:&quot;6a9c334ad96cb&quot;}\" data-wp-interactive=\"core\/image\" data-wp-key=\"6a9c334ad96cb\" class=\"wp-block-image size-full wp-lightbox-container\"><img decoding=\"async\" width=\"1800\" height=\"1350\" data-wp-class--hide=\"state.isContentHidden\" data-wp-class--show=\"state.isContentVisible\" data-wp-init=\"callbacks.setButtonStyles\" data-wp-on--click=\"actions.showLightbox\" data-wp-on--load=\"callbacks.setButtonStyles\" data-wp-on--pointerdown=\"actions.preloadImage\" data-wp-on--pointerenter=\"actions.preloadImageWithDelay\" data-wp-on--pointerleave=\"actions.cancelPreload\" data-wp-on-window--resize=\"callbacks.setButtonStyles\" src=\"https:\/\/loudavymkrokem.cz\/wp-content\/uploads\/2026\/08\/toskansko-clanky-toskanska-kuchyne-32.jpg\" alt=\"Agriturismo, ahol saj\u00e1t term\u00e9sb\u0151l f\u0151znek\" class=\"wp-image-394051\" title=\"\" srcset=\"https:\/\/loudavymkrokem.cz\/wp-content\/uploads\/2026\/08\/toskansko-clanky-toskanska-kuchyne-32.jpg 1800w, https:\/\/loudavymkrokem.cz\/wp-content\/uploads\/2026\/08\/toskansko-clanky-toskanska-kuchyne-32-300x225.jpg 300w, https:\/\/loudavymkrokem.cz\/wp-content\/uploads\/2026\/08\/toskansko-clanky-toskanska-kuchyne-32-700x525.jpg 700w, https:\/\/loudavymkrokem.cz\/wp-content\/uploads\/2026\/08\/toskansko-clanky-toskanska-kuchyne-32-768x576.jpg 768w, https:\/\/loudavymkrokem.cz\/wp-content\/uploads\/2026\/08\/toskansko-clanky-toskanska-kuchyne-32-1536x1152.jpg 1536w, https:\/\/loudavymkrokem.cz\/wp-content\/uploads\/2026\/08\/toskansko-clanky-toskanska-kuchyne-32-80x60.jpg 80w, https:\/\/loudavymkrokem.cz\/wp-content\/uploads\/2026\/08\/toskansko-clanky-toskanska-kuchyne-32-160x120.jpg 160w, https:\/\/loudavymkrokem.cz\/wp-content\/uploads\/2026\/08\/toskansko-clanky-toskanska-kuchyne-32-696x522.jpg 696w, https:\/\/loudavymkrokem.cz\/wp-content\/uploads\/2026\/08\/toskansko-clanky-toskanska-kuchyne-32-1392x1044.jpg 1392w\" sizes=\"(max-width: 1800px) 100vw, 1800px\" \/><button\n\t\t\tclass=\"lightbox-trigger\"\n\t\t\ttype=\"button\"\n\t\t\taria-haspopup=\"dialog\"\n\t\t\tdata-wp-bind--aria-label=\"state.thisImage.triggerButtonAriaLabel\"\n\t\t\tdata-wp-init=\"callbacks.initTriggerButton\"\n\t\t\tdata-wp-on--click=\"actions.showLightbox\"\n\t\t\tdata-wp-style--right=\"state.thisImage.buttonRight\"\n\t\t\tdata-wp-style--top=\"state.thisImage.buttonTop\"\n\t\t>\n\t\t\t<svg xmlns=\"http:\/\/www.w3.org\/2000\/svg\" width=\"12\" height=\"12\" fill=\"none\" viewBox=\"0 0 12 12\">\n\t\t\t\t<path fill=\"#fff\" d=\"M2 0a2 2 0 0 0-2 2v2h1.5V2a.5.5 0 0 1 .5-.5h2V0H2Zm2 10.5H2a.5.5 0 0 1-.5-.5V8H0v2a2 2 0 0 0 2 2h2v-1.5ZM8 12v-1.5h2a.5.5 0 0 0 .5-.5V8H12v2a2 2 0 0 1-2 2H8Zm2-12a2 2 0 0 1 2 2v2h-1.5V2a.5.5 0 0 0-.5-.5H8V0h2Z\" \/>\n\t\t\t<\/svg>\n\t\t<\/button><\/figure>\n\n\n\n<h2 class=\"wp-block-heading\"><span class=\"ez-toc-section\" id=\"Hol_szallj_meg\"><\/span>Hol sz\u00e1llj meg<span class=\"ez-toc-section-end\"><\/span><\/h2>\n\n\n\n<p class=\"wp-block-paragraph\"><em>\ud83d\udca1 Tipp sz\u00e1ll\u00e1sra \u00e9s \u00e9lm\u00e9nyekre: A sz\u00e1ll\u00e1st a legsz\u00edvesebben a <a class=\"thirstylink\" rel=\"nofollow\" target=\"_blank\" title=\"Booking.com\" href=\"https:\/\/loudavymkrokem.cz\/doporucujeme\/booking-com\/\" data-shortcode=\"true\">Booking.comon<\/a> keress\u00fck, ahol \u00e1ltal\u00e1ban a <strong>legjobb lemond\u00e1si felt\u00e9telek<\/strong> vannak. A bel\u00e9p\u0151jegyeket, kir\u00e1ndul\u00e1sokat \u00e9s programokat pedig \u00e9rdemes <strong>\u00f6sszehasonl\u00edtani \u00e9s megvenni<\/strong> a <a class=\"thirstylink\" rel=\"nofollow\" target=\"_blank\" title=\"GetYourGuide\" href=\"https:\/\/loudavymkrokem.cz\/doporucujeme\/getyourguide\/\" data-shortcode=\"true\">GetYourGuide<\/a> oldal\u00e1n.<\/em><\/p>\n\n\n\n<p class=\"wp-block-paragraph\">\u00c9s a legeslegautentikusabb \u00e9lm\u00e9ny\u00e9rt azt aj\u00e1nlom, menj ki egyenesen a vid\u00e9kre, \u00e9s <strong>sz\u00e1llj meg k\u00f6zvetlen\u00fcl egy agriturism\u00f3ban<\/strong>, sz\u0151l\u0151kkel \u00e9s olajfaligetekkel k\u00f6r\u00fclv\u00e9ve. Ott ugyanis pontosan azt az <strong>igazi, becs\u00fcletes cucina pover\u00e1t<\/strong> k\u00f3stolod meg, amir\u0151l ebben az eg\u00e9sz cikkben besz\u00e9lt\u00fcnk, szeretettel \u00e9s a szomsz\u00e9dos f\u00f6ldr\u0151l sz\u00e1rmaz\u00f3 friss alapanyagokb\u00f3l elk\u00e9sz\u00edtve.<\/p>\n\n\n\n<p class=\"wp-block-paragraph\">Hogy megk\u00f6nny\u00edtsem a keres\u00e9st, kiv\u00e1lasztottam <strong>h\u00e1rom bev\u00e1lt birtokot<\/strong>, ahol az \u00e9tel az \u00e9lm\u00e9ny r\u00e9sze, \u00e9s <strong>a veget\u00e1ri\u00e1nusok is tal\u00e1lnak maguknak val\u00f3t<\/strong>:<\/p>\n\n\n\n<ul class=\"wp-block-list\">\n\n<li>  <strong><a href=\"https:\/\/www.stay22.com\/allez\/roam?aid=lukaskonecny&#038;campaign=loudavymkrokemcz&#038;campaign=toskanska-kuchyne&#038;hotelname=Fattoria%20Poggio%20Alloro&#038;address=San%20Gimignano,%20Italy\" target=\"_blank\" rel=\"noopener nofollow sponsored\">Fattoria Poggio Alloro<\/a>:<\/strong> Csal\u00e1di farm, kil\u00e1t\u00e1ssal San Gimignano tornyaira (4,8-as \u00e9rt\u00e9kel\u00e9s 5-b\u0151l, 1 926 vend\u00e9gt\u0151l). Saj\u00e1t s\u00e1fr\u00e1nyt termesztenek, Vernacci\u00e1t k\u00e9sz\u00edtenek, \u00e9s van saj\u00e1t \u00e9tterm\u00fck h\u00e1zi picivel \u00e9s friss sajtokkal.<\/li>\n\n\n\n<li>  <strong><a href=\"https:\/\/www.stay22.com\/allez\/roam?aid=lukaskonecny&#038;campaign=loudavymkrokemcz&#038;campaign=toskanska-kuchyne&#038;hotelname=Agriturismo%20Il%20Rigo&#038;address=San%20Quirico%20d&#039;Orcia,%20Italy\" target=\"_blank\" rel=\"noopener nofollow sponsored\">Agriturismo Il Rigo<\/a>:<\/strong> Var\u00e1zslatos hely a Val d&#8217;Orcia v\u00f6lgyben, amely a kulin\u00e1ris tud\u00e1s\u00e1r\u00f3l h\u00edres. Reggelire saj\u00e1t s\u00fctem\u00e9nyeket s\u00fctnek, vacsor\u00e1ra pedig hagyom\u00e1nyos leveseket \u00e9s f\u0171szern\u00f6v\u00e9nyekkel teli z\u00f6lds\u00e9ges fog\u00e1sokat t\u00e1lalnak.<\/li>\n\n\n\n<li>  <strong><a href=\"https:\/\/www.stay22.com\/allez\/roam?aid=lukaskonecny&#038;campaign=loudavymkrokemcz&#038;campaign=toskanska-kuchyne&#038;hotelname=Borgo%20Santo%20Pietro&#038;address=Palazzetto,%20Chiusdino,%20It%C3%A1lie\" target=\"_blank\" rel=\"noopener nofollow sponsored\">Borgo Santo Pietro<\/a>:<\/strong> Butik birtok Chiusdino mellett (4,5-\u00f6s \u00e9rt\u00e9kel\u00e9s 5-b\u0151l, 206 vend\u00e9gt\u0151l), kiterjedt f\u0171szerkertekkel \u00e9s saj\u00e1t gasztron\u00f3mi\u00e1val. A legdr\u00e1g\u00e1bb v\u00e1laszt\u00e1s ebb\u0151l a h\u00e1rmasb\u00f3l, de aki magas sz\u00ednvonal\u00fa \u00e9tkez\u00e9ssel szeretn\u00e9 \u00f6sszek\u00f6tni a sz\u00e1ll\u00e1st, el\u00e9gedett lesz.<\/li>\n\n\n<\/ul>\n\n\n\n<h2 class=\"wp-block-heading\"><span class=\"ez-toc-section\" id=\"Hova_tovabb\"><\/span>Hov\u00e1 tov\u00e1bb<span class=\"ez-toc-section-end\"><\/span><\/h2>\n\n\n\n<ul class=\"wp-block-list\">\n\n<li>  <a href=\"https:\/\/loudavymkrokem.cz\/hu\/toszkana-olaszorszag-legszebb-helyek\/\">Toszk\u00e1na: 30 legszebb hely \u00e9s 7 napos \u00fatiterv<\/a><\/li>\n\n\n\n<li>  <a href=\"https:\/\/loudavymkrokem.cz\/hu\/olaszorszag-toszkana-autoval\/\">Toszk\u00e1na aut\u00f3val: \u00fatiterv 7 napra<\/a><\/li>\n\n\n\n<li>  <a href=\"https:\/\/loudavymkrokem.cz\/hu\/toszkana-latnivalok-siena\/\">Siena \u00e9s San Gimignano: 8 tipp, mit l\u00e1ss<\/a><\/li>\n\n\n\n<li>  <a href=\"https:\/\/loudavymkrokem.cz\/hu\/olaszorszag-toszkana-legszebb-varosai\/\">Toszk\u00e1na legszebb kisv\u00e1rosai<\/a><\/li>\n\n\n<\/ul>\n\n\n\n<h2 class=\"wp-block-heading\"><span class=\"ez-toc-section\" id=\"Gyakran_ismetelt_kerdesek\"><\/span>Gyakran ism\u00e9telt k\u00e9rd\u00e9sek<span class=\"ez-toc-section-end\"><\/span><\/h2>\n\n\n<div id=\"rank-math-faq\" class=\"rank-math-block\">\n<div class=\"rank-math-list \">\n<div id=\"faq-question-1787322643000\" class=\"rank-math-list-item\">\n<h3 class=\"rank-math-question \"><span class=\"ez-toc-section\" id=\"Miert_nincs_so_a_toszkan_kenyerben\"><\/span>Mi\u00e9rt nincs s\u00f3 a toszk\u00e1n keny\u00e9rben?<span class=\"ez-toc-section-end\"><\/span><\/h3>\n<div class=\"rank-math-answer \">\n\n<p>A pane sciocco nev\u0171 toszk\u00e1n kenyeret teljesen s\u00f3 n\u00e9lk\u00fcl s\u00fctik egy leny\u0171g\u00f6z\u0151 tizenkettedik sz\u00e1zadi t\u00f6rt\u00e9nelmi esem\u00e9ny miatt, amikor a hatalmas tengeri k\u00f6zt\u00e1rsas\u00e1g, Pisa rendk\u00edv\u00fcl magas ad\u00f3t vetett ki a belf\u00f6ldre ir\u00e1nyul\u00f3 s\u00f3behozatalra. A b\u00fcszke firenziek tiltakoz\u00e1sul s\u00f3 n\u00e9lk\u00fcli kenyeret kezdtek s\u00fctni. Ez a szok\u00e1s t\u00f6k\u00e9letesen meggy\u00f6kerezett, mert a semleges p\u00e9k\u00e1ru kiv\u00e1l\u00f3an illik a nagyon s\u00f3s helyi felv\u00e1gottak, az er\u0151teljes juhsajt pecorino \u00e9s a pik\u00e1ns ol\u00edvaolaj kiegyens\u00falyoz\u00e1s\u00e1hoz.<\/p>\n\n<\/div>\n<\/div>\n<div id=\"faq-question-1787322643001\" class=\"rank-math-list-item\">\n<h3 class=\"rank-math-question \"><span class=\"ez-toc-section\" id=\"Mit_erdemes_megkostolni_Toszkanaban\"><\/span>Mit \u00e9rdemes megk\u00f3stolni Toszk\u00e1n\u00e1ban?<span class=\"ez-toc-section-end\"><\/span><\/h3>\n<div class=\"rank-math-answer \">\n\n<p>A helyi gasztron\u00f3mia alapj\u00e1t a laktat\u00f3 keny\u00e9rlevesek alkotj\u00e1k, mint a t\u00e9li ribollita vagy a pappa al pomodoro. Semmik\u00e9pp ne hagyd ki a k\u00e9zzel hengerelt vastag pici t\u00e9szt\u00e1t fokhagym\u00e1s sz\u00f3sszal, a kiv\u00e1l\u00f3 \u00e9rlelt pecorino juhsajtot Pienz\u00e1b\u00f3l \u00e9s a friss ol\u00edvaolajat. \u00c9des t\u00e1lal\u00e1sk\u00e9nt v\u00e1laszd a kem\u00e9ny mandul\u00e1s cantucci kekszet, amelyet hagyom\u00e1nyosan a Vin Santo \u00e9des desszertborba m\u00e1rtogatnak.<\/p>\n\n<\/div>\n<\/div>\n<div id=\"faq-question-1787322643002\" class=\"rank-math-list-item\">\n<h3 class=\"rank-math-question \"><span class=\"ez-toc-section\" id=\"Alkalmas_a_toszkan_konyha_vegetarianusok_szamara\"><\/span>Alkalmas a toszk\u00e1n konyha veget\u00e1ri\u00e1nusok sz\u00e1m\u00e1ra?<span class=\"ez-toc-section-end\"><\/span><\/h3>\n<div class=\"rank-math-answer \">\n\n<p>Igen, Toszk\u00e1na teljesen ide\u00e1lis \u00fati c\u00e9l veget\u00e1ri\u00e1nusok sz\u00e1m\u00e1ra. A szeg\u00e9ny falusi konyha (cucina povera) t\u00f6rt\u00e9nelmi hagyom\u00e1ny\u00e1nak k\u00f6sz\u00f6nhet\u0151en a hagyom\u00e1nyos el\u0151\u00e9telek, laktat\u00f3 levesek \u00e9s keny\u00e9rsal\u00e1t\u00e1k t\u00falnyom\u00f3 t\u00f6bbs\u00e9ge kiz\u00e1r\u00f3lag h\u00fcvelyeseken, friss szezon\u00e1lis z\u00f6lds\u00e9geken \u00e9s min\u0151s\u00e9gi ol\u00edvaolajon alapul. A n\u00e9pszer\u0171 firenzei steakek \u00e9s h\u00fasos raguk csak t\u00f6red\u00e9k\u00e9t k\u00e9pezik a helyi \u00e9tlapnak.<\/p>\n\n<\/div>\n<\/div>\n<div id=\"faq-question-1787322643003\" class=\"rank-math-list-item\">\n<h3 class=\"rank-math-question \"><span class=\"ez-toc-section\" id=\"Mi_az_a_cucina_povera\"><\/span>Mi az a cucina povera?<span class=\"ez-toc-section-end\"><\/span><\/h3>\n<div class=\"rank-math-answer \">\n\n<p>A cucina povera vagy szeg\u00e9ny konyha egy t\u00f6rt\u00e9nelmi f\u0151z\u00e9si megk\u00f6zel\u00edt\u00e9s, amely a szeg\u00e9ny olasz vid\u00e9k teljes sz\u00fcks\u00e9gszer\u0171s\u00e9g\u00e9b\u0151l sz\u00fcletett. L\u00e9nyege nem az, hogy bonyolult \u00e9s dr\u00e1ga \u00e9teleket k\u00e9sz\u00edtsen, hanem hogy maxim\u00e1lisan kihaszn\u00e1lja a rendelkez\u00e9sre \u00e1ll\u00f3 \u00e9s szezon\u00e1lis alapanyagokat. Zsenialit\u00e1ssal alak\u00edtja \u00e1t az egyszer\u0171 marad\u00e9kokat, mint az kem\u00e9ny keny\u00e9r, a vadon term\u0151 f\u0171szern\u00f6v\u00e9nyek \u00e9s a k\u00f6z\u00f6ns\u00e9ges bab, t\u00f6k\u00e9letes \u00e9s rendk\u00edv\u00fcl laktat\u00f3, \u00edzekkel teli \u00e9telekk\u00e9.<\/p>\n\n<\/div>\n<\/div>\n<div id=\"faq-question-1787322643004\" class=\"rank-math-list-item\">\n<h3 class=\"rank-math-question \"><span class=\"ez-toc-section\" id=\"Melyik_a_legjobb_toszkan_bor\"><\/span>Melyik a legjobb toszk\u00e1n bor?<span class=\"ez-toc-section-end\"><\/span><\/h3>\n<div class=\"rank-math-answer \">\n\n<p>A v\u00f6r\u00f6sborok k\u00f6z\u00f6tt egy\u00e9rtelm\u0171en a h\u00edres Chianti Classico uralkodik a jellegzetes fekete kakas log\u00f3val \u00e9s a rangos, hosszan \u00e9rlel\u0151 Brunello di Montalcino. Ha jobban szereted a feh\u00e9r fajt\u00e1kat, mindenk\u00e9pp keresd a Vernaccia di San Gimignan\u00f3t. Ez egy teljesen vil\u00e1gszenz\u00e1ci\u00f3, mivel ez volt az els\u0151 olasz bor, amely valaha is megkapta a szigor\u00faan v\u00e9dett DOC st\u00e1tuszt.<\/p>\n\n<\/div>\n<\/div>\n<div id=\"faq-question-1787322643005\" class=\"rank-math-list-item\">\n<h3 class=\"rank-math-question \"><span class=\"ez-toc-section\" id=\"Mi_az_a_Vin_Santo_es_hogyan_isszak\"><\/span>Mi az a Vin Santo \u00e9s hogyan issz\u00e1k?<span class=\"ez-toc-section-end\"><\/span><\/h3>\n<div class=\"rank-math-answer \">\n\n<p>A Vin Santo egy hagyom\u00e1nyos toszk\u00e1n borosty\u00e1nsz\u00edn\u0171 desszertbor, amelyet a k\u00e9s\u0151i sz\u00fcretel\u00e9s\u0171 Trebbiano \u00e9s Malvasia sz\u0151l\u0151fajt\u00e1kb\u00f3l k\u00e9sz\u00edtenek. Ezeket t\u00f6bb h\u00f3napig sz\u00e1r\u00edtj\u00e1k, \u00e9s a bor ezut\u00e1n hossz\u00fa \u00e9vekig \u00e9rlel\u0151dik kis fa hord\u00f3kban. Hagyom\u00e1nyosan az \u00e9tkez\u00e9s legv\u00e9g\u00e9n issz\u00e1k, \u00e9s sz\u00edvesen m\u00e1rtogatj\u00e1k bele a kem\u00e9ny mandul\u00e1s cantucci kekszet.<\/p>\n\n<\/div>\n<\/div>\n<div id=\"faq-question-1787322643006\" class=\"rank-math-list-item\">\n<h3 class=\"rank-math-question \"><span class=\"ez-toc-section\" id=\"Mikor_lehet_megvasarolni_a_schiacciata_con_luvat\"><\/span>Mikor lehet megv\u00e1s\u00e1rolni a schiacciata con l&#8217;uv\u00e1t?<span class=\"ez-toc-section-end\"><\/span><\/h3>\n<div class=\"rank-math-answer \">\n\n<p>Ez a hagyom\u00e1nyos \u00e9s nagyon n\u00e9pszer\u0171 \u00e9des lep\u00e9ny, amelybe friss sz\u0151l\u0151szemeket nyomnak bele, a toszk\u00e1n konyha szigor\u00fa szezonalit\u00e1s\u00e1nak jellegzetes p\u00e9ld\u00e1ja. A helyi p\u00e9ks\u00e9gekben szigor\u00faan csak szeptemberben, k\u00f6r\u00fclbel\u00fcl h\u00e1rom-n\u00e9gy h\u00e9ten kereszt\u00fcl szerezheted be, amikor a sz\u00fcret id\u0151szaka zajlik \u00e9s a sz\u0151l\u0151kben az \u00e9rett k\u00e9k sz\u0151l\u0151t szedik.<\/p>\n\n<\/div>\n<\/div>\n<div id=\"faq-question-1787322643007\" class=\"rank-math-list-item\">\n<h3 class=\"rank-math-question \"><span class=\"ez-toc-section\" id=\"Mit_jelent_a_coperto_tetel_a_szamlan\"><\/span>Mit jelent a coperto t\u00e9tel a sz\u00e1ml\u00e1n?<span class=\"ez-toc-section-end\"><\/span><\/h3>\n<div class=\"rank-math-answer \">\n\n<p>A coperto egy teljesen szok\u00e1sos \u00e9s leg\u00e1lis ter\u00edt\u00e9si d\u00edj, amelyet az olasz \u00e9ttermekben automatikusan felsz\u00e1m\u00edtanak minden asztaln\u00e1l elhelyezked\u0151 szem\u00e9lyre. \u00c1ltal\u00e1ban k\u00e9t-n\u00e9gy eur\u00f3 k\u00f6r\u00fcl mozog, \u00e9s mag\u00e1ban foglalja a kiszolg\u00e1l\u00e1s k\u00f6lts\u00e9geit, a textil abroszt, a mosogat\u00e1st, \u00e9s gyakran egy kos\u00e1r friss p\u00e9ks\u00fctem\u00e9nyt is, amelyet az \u00e9tkez\u00e9s el\u0151tt kapsz.<\/p>\n\n<\/div>\n<\/div>\n<\/div>\n<\/div>","protected":false},"excerpt":{"rendered":"<p>Olaszorsz\u00e1g Toszk\u00e1na r\u00e9gi\u00f3j\u00e1nak konyh\u00e1ja a keny\u00e9rre, babra \u00e9s z\u00f6lds\u00e9gekre \u00e9p\u00fcl. Ismerd meg azt a 22 \u00e9telt, amely igaz\u00e1n meghat\u00e1rozza ezt a vid\u00e9ket.<\/p>\n","protected":false},"author":3,"featured_media":394056,"comment_status":"open","ping_status":"open","sticky":false,"template":"","format":"standard","meta":{"_acf_changed":false,"footnotes":"","rank_math_title":"Olaszorsz\u00e1g Toszk\u00e1na: 22 \u00e9tel, amit k\u00f3stolj meg","rank_math_description":"Olaszorsz\u00e1g Toszk\u00e1na konyh\u00e1ja a keny\u00e9rre, babra \u00e9s ol\u00edvaolajra \u00e9p\u00fcl. Fedezd fel a 22 legjobb \u00e9telt, borokat \u00e9s tippeket veget\u00e1ri\u00e1nusoknak \u2013 olvasd el most!","rank_math_focus_keyword":"olaszorsz\u00e1g toszk\u00e1na","rank_math_seo_score":""},"categories":[1804,1827,1788],"tags":[],"class_list":["post-417264","post","type-post","status-publish","format-standard","has-post-thumbnail","category-europa","category-olaszorszag","category-utazas"],"acf":[],"featured_image_src":"https:\/\/loudavymkrokem.cz\/wp-content\/uploads\/2026\/08\/kuchyne-featured.jpg","author_info":{"display_name":"Lucie Kone\u010dn\u00e1","author_link":"https:\/\/loudavymkrokem.cz\/hu\/author\/lucie-konecna\/"},"_links":{"self":[{"href":"https:\/\/loudavymkrokem.cz\/hu\/wp-json\/wp\/v2\/posts\/417264","targetHints":{"allow":["GET"]}}],"collection":[{"href":"https:\/\/loudavymkrokem.cz\/hu\/wp-json\/wp\/v2\/posts"}],"about":[{"href":"https:\/\/loudavymkrokem.cz\/hu\/wp-json\/wp\/v2\/types\/post"}],"author":[{"embeddable":true,"href":"https:\/\/loudavymkrokem.cz\/hu\/wp-json\/wp\/v2\/users\/3"}],"replies":[{"embeddable":true,"href":"https:\/\/loudavymkrokem.cz\/hu\/wp-json\/wp\/v2\/comments?post=417264"}],"version-history":[{"count":2,"href":"https:\/\/loudavymkrokem.cz\/hu\/wp-json\/wp\/v2\/posts\/417264\/revisions"}],"predecessor-version":[{"id":417266,"href":"https:\/\/loudavymkrokem.cz\/hu\/wp-json\/wp\/v2\/posts\/417264\/revisions\/417266"}],"wp:featuredmedia":[{"embeddable":true,"href":"https:\/\/loudavymkrokem.cz\/hu\/wp-json\/wp\/v2\/media\/394056"}],"wp:attachment":[{"href":"https:\/\/loudavymkrokem.cz\/hu\/wp-json\/wp\/v2\/media?parent=417264"}],"wp:term":[{"taxonomy":"category","embeddable":true,"href":"https:\/\/loudavymkrokem.cz\/hu\/wp-json\/wp\/v2\/categories?post=417264"},{"taxonomy":"post_tag","embeddable":true,"href":"https:\/\/loudavymkrokem.cz\/hu\/wp-json\/wp\/v2\/tags?post=417264"}],"curies":[{"name":"wp","href":"https:\/\/api.w.org\/{rel}","templated":true}]}}