{"id":417257,"date":"2026-09-01T21:10:41","date_gmt":"2026-09-01T19:10:41","guid":{"rendered":"https:\/\/loudavymkrokem.cz\/rio-de-janeiro-latnivalok\/"},"modified":"2026-09-05T14:35:40","modified_gmt":"2026-09-05T12:35:40","slug":"rio-de-janeiro-latnivalok","status":"publish","type":"post","link":"https:\/\/loudavymkrokem.cz\/hu\/rio-de-janeiro-latnivalok\/","title":{"rendered":"Rio de Janeiro, Braz\u00edlia: 22 tipp, mit \u00e9rdemes l\u00e1tni \u00e9s csin\u00e1lni 2026-ban"},"content":{"rendered":"\n<p class=\"wp-block-paragraph\">Ha D\u00e9l-Amerik\u00e1ba k\u00e9sz\u00fclsz, \u00e9s egy sz\u00ednekkel \u00e9s f\u00e9kezhetetlen energi\u00e1val teli \u00fati c\u00e9lt keresel, a brazil metropolisz garant\u00e1ltan elvar\u00e1zsol. <strong>Rio de Janeiro a hihetetlen kontrasztok v\u00e1rosa<\/strong>, ahol a modern \u00e9p\u00edt\u00e9szet \u00f6sszefon\u00f3dik a vad term\u00e9szettel, \u00e9s ahol az aranyl\u00f3 strandok z\u00f6kken\u0151mentesen olvadnak \u00e1t s\u0171r\u0171, z\u00f6ld es\u0151erd\u0151kbe. Leny\u0171g\u00f6z\u0151 l\u00e1tv\u00e1nyra \u00e9s gazdag, zen\u00e9vel teli kult\u00far\u00e1ra sz\u00e1m\u00edthatsz.<\/p>\n\n\n\n<p class=\"wp-block-paragraph\">A tervez\u00e9s ebben a tr\u00f3pusi gy\u00f6ngyszemben kicsit m\u00e1s megk\u00f6zel\u00edt\u00e9st ig\u00e9nyel, mert <strong>Ri\u00f3t els\u0151sorban az id\u0151j\u00e1r\u00e1s szerint kell megtervezni<\/strong>, nem pedig egy fix l\u00e1tnival\u00f3-lista alapj\u00e1n. A k\u00e9t legh\u00edresebb hely ugyanis magasan fekv\u0151 kil\u00e1t\u00f3pont, amelyeknek j\u00f3 l\u00e1t\u00e1si viszonyok n\u00e9lk\u00fcl semmi \u00e9rtelme. Ez\u00e9rt azt javaslom, hagyj el\u00e9g szabad helyet az \u00fatitervedben, \u00e9s rugalmasan reag\u00e1lj a reggeli k\u00f6dre vagy a tiszta \u00e9gboltra.<\/p>\n\n\n\n<p class=\"wp-block-paragraph\">Az ikonikus strandokt\u00f3l az eldugott m\u00fazeumokig \u2013 itt mindent megtal\u00e1lsz, amit tudnod kell ahhoz, hogy pontosan magadra szabhasd a programot. \u00c9s mivel a v\u00e1rosr\u00e9szekben val\u00f3 j\u00f3 eligazod\u00e1s a siker fele, gyakorlati tan\u00e1csokat is adok a biztons\u00e1gr\u00f3l \u00e9s a sz\u00e1ll\u00e1sr\u00f3l.<\/p>\n\n\n\n<figure data-wp-context=\"{&quot;imageId&quot;:&quot;6a9c45fddde72&quot;}\" data-wp-interactive=\"core\/image\" data-wp-key=\"6a9c45fddde72\" class=\"wp-block-image size-full wp-lightbox-container\"><img decoding=\"async\" width=\"1920\" height=\"1440\" data-wp-class--hide=\"state.isContentHidden\" data-wp-class--show=\"state.isContentVisible\" data-wp-init=\"callbacks.setButtonStyles\" data-wp-on--click=\"actions.showLightbox\" data-wp-on--load=\"callbacks.setButtonStyles\" data-wp-on--pointerdown=\"actions.preloadImage\" data-wp-on--pointerenter=\"actions.preloadImageWithDelay\" data-wp-on--pointerleave=\"actions.cancelPreload\" data-wp-on-window--resize=\"callbacks.setButtonStyles\" src=\"https:\/\/loudavymkrokem.cz\/wp-content\/uploads\/2026\/09\/panorama-ria-s-cukrovou-homoli-49cf45de.jpg\" alt=\"Rio panor\u00e1m\u00e1ja a Cukors\u00fcveg-heggyel\" class=\"wp-image-413354\" title=\"\" srcset=\"https:\/\/loudavymkrokem.cz\/wp-content\/uploads\/2026\/09\/panorama-ria-s-cukrovou-homoli-49cf45de.jpg 1920w, https:\/\/loudavymkrokem.cz\/wp-content\/uploads\/2026\/09\/panorama-ria-s-cukrovou-homoli-49cf45de-300x225.jpg 300w, https:\/\/loudavymkrokem.cz\/wp-content\/uploads\/2026\/09\/panorama-ria-s-cukrovou-homoli-49cf45de-700x525.jpg 700w, https:\/\/loudavymkrokem.cz\/wp-content\/uploads\/2026\/09\/panorama-ria-s-cukrovou-homoli-49cf45de-768x576.jpg 768w, https:\/\/loudavymkrokem.cz\/wp-content\/uploads\/2026\/09\/panorama-ria-s-cukrovou-homoli-49cf45de-1536x1152.jpg 1536w, https:\/\/loudavymkrokem.cz\/wp-content\/uploads\/2026\/09\/panorama-ria-s-cukrovou-homoli-49cf45de-80x60.jpg 80w, https:\/\/loudavymkrokem.cz\/wp-content\/uploads\/2026\/09\/panorama-ria-s-cukrovou-homoli-49cf45de-160x120.jpg 160w, https:\/\/loudavymkrokem.cz\/wp-content\/uploads\/2026\/09\/panorama-ria-s-cukrovou-homoli-49cf45de-696x522.jpg 696w, https:\/\/loudavymkrokem.cz\/wp-content\/uploads\/2026\/09\/panorama-ria-s-cukrovou-homoli-49cf45de-1392x1044.jpg 1392w\" sizes=\"(max-width: 1920px) 100vw, 1920px\" \/><button\n\t\t\tclass=\"lightbox-trigger\"\n\t\t\ttype=\"button\"\n\t\t\taria-haspopup=\"dialog\"\n\t\t\tdata-wp-bind--aria-label=\"state.thisImage.triggerButtonAriaLabel\"\n\t\t\tdata-wp-init=\"callbacks.initTriggerButton\"\n\t\t\tdata-wp-on--click=\"actions.showLightbox\"\n\t\t\tdata-wp-style--right=\"state.thisImage.buttonRight\"\n\t\t\tdata-wp-style--top=\"state.thisImage.buttonTop\"\n\t\t>\n\t\t\t<svg xmlns=\"http:\/\/www.w3.org\/2000\/svg\" width=\"12\" height=\"12\" fill=\"none\" viewBox=\"0 0 12 12\">\n\t\t\t\t<path fill=\"#fff\" d=\"M2 0a2 2 0 0 0-2 2v2h1.5V2a.5.5 0 0 1 .5-.5h2V0H2Zm2 10.5H2a.5.5 0 0 1-.5-.5V8H0v2a2 2 0 0 0 2 2h2v-1.5ZM8 12v-1.5h2a.5.5 0 0 0 .5-.5V8H12v2a2 2 0 0 1-2 2H8Zm2-12a2 2 0 0 1 2 2v2h-1.5V2a.5.5 0 0 0-.5-.5H8V0h2Z\" \/>\n\t\t\t<\/svg>\n\t\t<\/button><figcaption class=\"wp-element-caption\">Foto: Acediscovery \/ Wikimedia Commons, CC BY 4.0<\/figcaption><\/figure>\n\n\n\n<div id=\"ez-toc-container\" class=\"ez-toc-v2_0_87 ez-toc-wrap-left counter-hierarchy ez-toc-counter ez-toc-grey ez-toc-container-direction\">\n<div class=\"ez-toc-title-container\">\n<p class=\"ez-toc-title\" style=\"cursor:inherit\">A cikk tartalma<\/p>\n<span class=\"ez-toc-title-toggle\"><a href=\"#\" class=\"ez-toc-pull-right ez-toc-btn ez-toc-btn-xs ez-toc-btn-default ez-toc-toggle\" aria-label=\"Toggle Table of Content\"><span class=\"ez-toc-js-icon-con\"><span class=\"\"><span class=\"eztoc-hide\" style=\"display:none;\">Toggle<\/span><span class=\"ez-toc-icon-toggle-span\"><svg style=\"fill: #999;color:#999\" xmlns=\"http:\/\/www.w3.org\/2000\/svg\" class=\"list-377408\" width=\"20px\" height=\"20px\" viewBox=\"0 0 24 24\" fill=\"none\"><path d=\"M6 6H4v2h2V6zm14 0H8v2h12V6zM4 11h2v2H4v-2zm16 0H8v2h12v-2zM4 16h2v2H4v-2zm16 0H8v2h12v-2z\" fill=\"currentColor\"><\/path><\/svg><svg style=\"fill: #999;color:#999\" class=\"arrow-unsorted-368013\" xmlns=\"http:\/\/www.w3.org\/2000\/svg\" width=\"10px\" height=\"10px\" viewBox=\"0 0 24 24\" version=\"1.2\" baseProfile=\"tiny\"><path d=\"M18.2 9.3l-6.2-6.3-6.2 6.3c-.2.2-.3.4-.3.7s.1.5.3.7c.2.2.4.3.7.3h11c.3 0 .5-.1.7-.3.2-.2.3-.5.3-.7s-.1-.5-.3-.7zM5.8 14.7l6.2 6.3 6.2-6.3c.2-.2.3-.5.3-.7s-.1-.5-.3-.7c-.2-.2-.4-.3-.7-.3h-11c-.3 0-.5.1-.7.3-.2.2-.3.5-.3.7s.1.5.3.7z\"\/><\/svg><\/span><\/span><\/span><\/a><\/span><\/div>\n<nav><ul class='ez-toc-list ez-toc-list-level-1 ' ><ul class='ez-toc-list-level-3' ><li class='ez-toc-heading-level-3'><a class=\"ez-toc-link ez-toc-heading-1\" href=\"https:\/\/loudavymkrokem.cz\/hu\/rio-de-janeiro-latnivalok\/#Osszefoglalas_azoknak_akiknek_nincs_idejuk_vegigolvasni_a_cikket\" >\u00d6sszefoglal\u00e1s azoknak, akiknek nincs idej\u00fck v\u00e9gigolvasni a cikket<\/a><\/li><\/ul><\/li><li class='ez-toc-page-1 ez-toc-heading-level-2'><a class=\"ez-toc-link ez-toc-heading-2\" href=\"https:\/\/loudavymkrokem.cz\/hu\/rio-de-janeiro-latnivalok\/#Mikor_erdemes_Rio_de_Janeiroba_utazni\" >Mikor \u00e9rdemes Rio de Janeir\u00f3ba utazni<\/a><\/li><li class='ez-toc-page-1 ez-toc-heading-level-2'><a class=\"ez-toc-link ez-toc-heading-3\" href=\"https:\/\/loudavymkrokem.cz\/hu\/rio-de-janeiro-latnivalok\/#Biztonsag_Rio_de_Janeiroban_Hogyan_elvezd_a_nyaralast_aggodalmak_nelkul\" >Biztons\u00e1g Rio de Janeir\u00f3ban: Hogyan \u00e9lvezd a nyaral\u00e1st aggodalmak n\u00e9lk\u00fcl<\/a><\/li><li class='ez-toc-page-1 ez-toc-heading-level-2'><a class=\"ez-toc-link ez-toc-heading-4\" href=\"https:\/\/loudavymkrokem.cz\/hu\/rio-de-janeiro-latnivalok\/#Hol_szallj_meg_Rio_de_Janeiroban\" >Hol sz\u00e1llj meg Rio de Janeir\u00f3ban<\/a><\/li><li class='ez-toc-page-1 ez-toc-heading-level-2'><a class=\"ez-toc-link ez-toc-heading-5\" href=\"https:\/\/loudavymkrokem.cz\/hu\/rio-de-janeiro-latnivalok\/#22_tipp_mit_erdemes_latni_es_csinalni_Rio_de_Janeiroban\" >22 tipp, mit \u00e9rdemes l\u00e1tni \u00e9s csin\u00e1lni Rio de Janeir\u00f3ban<\/a><ul class='ez-toc-list-level-3' ><li class='ez-toc-heading-level-3'><a class=\"ez-toc-link ez-toc-heading-6\" href=\"https:\/\/loudavymkrokem.cz\/hu\/rio-de-janeiro-latnivalok\/#1_A_Megvalto_Krisztus_szobra_Christ_the_Redeemer\" >1. A Megv\u00e1lt\u00f3 Krisztus szobra (Christ the Redeemer)<\/a><\/li><li class='ez-toc-page-1 ez-toc-heading-level-3'><a class=\"ez-toc-link ez-toc-heading-7\" href=\"https:\/\/loudavymkrokem.cz\/hu\/rio-de-janeiro-latnivalok\/#2_Felvono_a_Cukorsuveg-hegyre_Pao_de_Acucar\" >2. Felvon\u00f3 a Cukors\u00fcveg-hegyre (P\u00e3o de A\u00e7\u00facar)<\/a><\/li><li class='ez-toc-page-1 ez-toc-heading-level-3'><a class=\"ez-toc-link ez-toc-heading-8\" href=\"https:\/\/loudavymkrokem.cz\/hu\/rio-de-janeiro-latnivalok\/#3_Copacabana_strand_es_a_Forte_de_Copacabana\" >3. Copacabana strand \u00e9s a Forte de Copacabana<\/a><\/li><li class='ez-toc-page-1 ez-toc-heading-level-3'><a class=\"ez-toc-link ez-toc-heading-9\" href=\"https:\/\/loudavymkrokem.cz\/hu\/rio-de-janeiro-latnivalok\/#4_Ipanema_strand_es_a_vizimento-allomasok_rendszere\" >4. Ipanema strand \u00e9s a v\u00edziment\u0151-\u00e1llom\u00e1sok rendszere<\/a><\/li><li class='ez-toc-page-1 ez-toc-heading-level-3'><a class=\"ez-toc-link ez-toc-heading-10\" href=\"https:\/\/loudavymkrokem.cz\/hu\/rio-de-janeiro-latnivalok\/#5_Leblon_strand_es_a_Mirante_do_Leblon_kilato\" >5. Leblon strand \u00e9s a Mirante do Leblon kil\u00e1t\u00f3<\/a><\/li><li class='ez-toc-page-1 ez-toc-heading-level-3'><a class=\"ez-toc-link ez-toc-heading-11\" href=\"https:\/\/loudavymkrokem.cz\/hu\/rio-de-janeiro-latnivalok\/#6_A_Pedra_do_Arpoador_sziklanyulvany\" >6. A Pedra do Arpoador sziklany\u00falv\u00e1ny<\/a><\/li><li class='ez-toc-page-1 ez-toc-heading-level-3'><a class=\"ez-toc-link ez-toc-heading-12\" href=\"https:\/\/loudavymkrokem.cz\/hu\/rio-de-janeiro-latnivalok\/#7_Az_Escadaria_Selaron_lepcsosor\" >7. Az Escadaria Selar\u00f3n l\u00e9pcs\u0151sor<\/a><\/li><li class='ez-toc-page-1 ez-toc-heading-level-3'><a class=\"ez-toc-link ez-toc-heading-13\" href=\"https:\/\/loudavymkrokem.cz\/hu\/rio-de-janeiro-latnivalok\/#8_Santa_Teresa_varosresz_es_a_tortenelmi_villamos\" >8. Santa Teresa v\u00e1rosr\u00e9sz \u00e9s a t\u00f6rt\u00e9nelmi villamos<\/a><\/li><li class='ez-toc-page-1 ez-toc-heading-level-3'><a class=\"ez-toc-link ez-toc-heading-14\" href=\"https:\/\/loudavymkrokem.cz\/hu\/rio-de-janeiro-latnivalok\/#9_Az_Arcos_da_Lapa_vizvezetek\" >9. Az Arcos da Lapa v\u00edzvezet\u00e9k<\/a><\/li><li class='ez-toc-page-1 ez-toc-heading-level-3'><a class=\"ez-toc-link ez-toc-heading-15\" href=\"https:\/\/loudavymkrokem.cz\/hu\/rio-de-janeiro-latnivalok\/#10_A_Parque_das_Ruinas_galeria\" >10. A Parque das Ru\u00ednas gal\u00e9ria<\/a><\/li><li class='ez-toc-page-1 ez-toc-heading-level-3'><a class=\"ez-toc-link ez-toc-heading-16\" href=\"https:\/\/loudavymkrokem.cz\/hu\/rio-de-janeiro-latnivalok\/#11_Varosi_esoerdo_%E2%80%93_Tijuca_Nemzeti_Park\" >11. V\u00e1rosi es\u0151erd\u0151 \u2013 Tijuca Nemzeti Park<\/a><\/li><li class='ez-toc-page-1 ez-toc-heading-level-3'><a class=\"ez-toc-link ez-toc-heading-17\" href=\"https:\/\/loudavymkrokem.cz\/hu\/rio-de-janeiro-latnivalok\/#12_A_Mirante_Dona_Marta_kilato\" >12. A Mirante Dona Marta kil\u00e1t\u00f3<\/a><\/li><li class='ez-toc-page-1 ez-toc-heading-level-3'><a class=\"ez-toc-link ez-toc-heading-18\" href=\"https:\/\/loudavymkrokem.cz\/hu\/rio-de-janeiro-latnivalok\/#13_A_Vista_Chinesa_kinai_pavilon\" >13. A Vista Chinesa k\u00ednai pavilon<\/a><\/li><li class='ez-toc-page-1 ez-toc-heading-level-3'><a class=\"ez-toc-link ez-toc-heading-19\" href=\"https:\/\/loudavymkrokem.cz\/hu\/rio-de-janeiro-latnivalok\/#14_A_Parque_Lage_kertjei_es_villaja\" >14. A Parque Lage kertjei \u00e9s vill\u00e1ja<\/a><\/li><li class='ez-toc-page-1 ez-toc-heading-level-3'><a class=\"ez-toc-link ez-toc-heading-20\" href=\"https:\/\/loudavymkrokem.cz\/hu\/rio-de-janeiro-latnivalok\/#15_A_Holnap_Muzeuma_Museu_do_Amanha\" >15. A Holnap M\u00fazeuma (Museu do Amanh\u00e3)<\/a><\/li><li class='ez-toc-page-1 ez-toc-heading-level-3'><a class=\"ez-toc-link ez-toc-heading-21\" href=\"https:\/\/loudavymkrokem.cz\/hu\/rio-de-janeiro-latnivalok\/#16_A_MAR_muveszeti_muzeum_Rio_Museum_of_Art\" >16. A MAR m\u0171v\u00e9szeti m\u00fazeum (Rio Museum of Art)<\/a><\/li><li class='ez-toc-page-1 ez-toc-heading-level-3'><a class=\"ez-toc-link ez-toc-heading-22\" href=\"https:\/\/loudavymkrokem.cz\/hu\/rio-de-janeiro-latnivalok\/#17_Centro_Cultural_Banco_do_Brasil_CCBB\" >17. Centro Cultural Banco do Brasil (CCBB)<\/a><\/li><li class='ez-toc-page-1 ez-toc-heading-level-3'><a class=\"ez-toc-link ez-toc-heading-23\" href=\"https:\/\/loudavymkrokem.cz\/hu\/rio-de-janeiro-latnivalok\/#18_Theatro_Municipal_do_Rio_de_Janeiro\" >18. Theatro Municipal do Rio de Janeiro<\/a><\/li><li class='ez-toc-page-1 ez-toc-heading-level-3'><a class=\"ez-toc-link ez-toc-heading-24\" href=\"https:\/\/loudavymkrokem.cz\/hu\/rio-de-janeiro-latnivalok\/#19_Catedral_Metropolitana_de_Sao_Sebastiao\" >19. Catedral Metropolitana de S\u00e3o Sebasti\u00e3o<\/a><\/li><li class='ez-toc-page-1 ez-toc-heading-level-3'><a class=\"ez-toc-link ez-toc-heading-25\" href=\"https:\/\/loudavymkrokem.cz\/hu\/rio-de-janeiro-latnivalok\/#20_Museu_da_Republica_Palacio_do_Catete\" >20. Museu da Rep\u00fablica (Pal\u00e1cio do Catete)<\/a><\/li><li class='ez-toc-page-1 ez-toc-heading-level-3'><a class=\"ez-toc-link ez-toc-heading-26\" href=\"https:\/\/loudavymkrokem.cz\/hu\/rio-de-janeiro-latnivalok\/#21_Espaco_Cultural_da_Marinha\" >21. Espa\u00e7o Cultural da Marinha<\/a><\/li><li class='ez-toc-page-1 ez-toc-heading-level-3'><a class=\"ez-toc-link ez-toc-heading-27\" href=\"https:\/\/loudavymkrokem.cz\/hu\/rio-de-janeiro-latnivalok\/#22_A_Praia_Vermelha_strand_a_Cukorsuveg-hegy_alatt\" >22. A Praia Vermelha strand a Cukors\u00fcveg-hegy alatt<\/a><\/li><\/ul><\/li><li class='ez-toc-page-1 ez-toc-heading-level-2'><a class=\"ez-toc-link ez-toc-heading-28\" href=\"https:\/\/loudavymkrokem.cz\/hu\/rio-de-janeiro-latnivalok\/#Merre_tovabb_Rio_de_Janeirobol\" >Merre tov\u00e1bb Rio de Janeir\u00f3b\u00f3l<\/a><\/li><li class='ez-toc-page-1 ez-toc-heading-level-2'><a class=\"ez-toc-link ez-toc-heading-29\" href=\"https:\/\/loudavymkrokem.cz\/hu\/rio-de-janeiro-latnivalok\/#Gyakran_ismetelt_kerdesek\" >Gyakran ism\u00e9telt k\u00e9rd\u00e9sek<\/a><ul class='ez-toc-list-level-3' ><li class='ez-toc-heading-level-3'><a class=\"ez-toc-link ez-toc-heading-30\" href=\"https:\/\/loudavymkrokem.cz\/hu\/rio-de-janeiro-latnivalok\/#Biztonsagos_Rio_de_Janeiro_a_turistak_szamara\" >Biztons\u00e1gos Rio de Janeiro a turist\u00e1k sz\u00e1m\u00e1ra?<\/a><\/li><li class='ez-toc-page-1 ez-toc-heading-level-3'><a class=\"ez-toc-link ez-toc-heading-31\" href=\"https:\/\/loudavymkrokem.cz\/hu\/rio-de-janeiro-latnivalok\/#Hany_napra_van_szuksegem_Rio_meglatogatasahoz\" >H\u00e1ny napra van sz\u00fcks\u00e9gem Rio megl\u00e1togat\u00e1s\u00e1hoz?<\/a><\/li><li class='ez-toc-page-1 ez-toc-heading-level-3'><a class=\"ez-toc-link ez-toc-heading-32\" href=\"https:\/\/loudavymkrokem.cz\/hu\/rio-de-janeiro-latnivalok\/#Hogyan_lehet_a_legjobban_eljutni_a_Krisztus_Megvalto_szoborhoz\" >Hogyan lehet a legjobban eljutni a Krisztus Megv\u00e1lt\u00f3 szoborhoz?<\/a><\/li><li class='ez-toc-page-1 ez-toc-heading-level-3'><a class=\"ez-toc-link ez-toc-heading-33\" href=\"https:\/\/loudavymkrokem.cz\/hu\/rio-de-janeiro-latnivalok\/#Mikor_a_legjobb_idoszak_Braziliaba_utazni\" >Mikor a legjobb id\u0151szak Braz\u00edli\u00e1ba utazni?<\/a><\/li><li class='ez-toc-page-1 ez-toc-heading-level-3'><a class=\"ez-toc-link ez-toc-heading-34\" href=\"https:\/\/loudavymkrokem.cz\/hu\/rio-de-janeiro-latnivalok\/#Furodhetem_a_Rio-i_strandokon_sotetedes_utan\" >F\u00fcr\u00f6dhetem a Rio-i strandokon s\u00f6t\u00e9ted\u00e9s ut\u00e1n?<\/a><\/li><li class='ez-toc-page-1 ez-toc-heading-level-3'><a class=\"ez-toc-link ez-toc-heading-35\" href=\"https:\/\/loudavymkrokem.cz\/hu\/rio-de-janeiro-latnivalok\/#Hogyan_lehet_kozlekedni_a_varosban_es_biztonsagos-e_a_tomegkozlekedes\" >Hogyan lehet k\u00f6zlekedni a v\u00e1rosban, \u00e9s biztons\u00e1gos-e a t\u00f6megk\u00f6zleked\u00e9s?<\/a><\/li><li class='ez-toc-page-1 ez-toc-heading-level-3'><a class=\"ez-toc-link ez-toc-heading-36\" href=\"https:\/\/loudavymkrokem.cz\/hu\/rio-de-janeiro-latnivalok\/#Mit_ehetek_Rioban_ha_nem_eszem_hust\" >Mit ehetek Ri\u00f3ban, ha nem eszem h\u00fast?<\/a><\/li><li class='ez-toc-page-1 ez-toc-heading-level-3'><a class=\"ez-toc-link ez-toc-heading-37\" href=\"https:\/\/loudavymkrokem.cz\/hu\/rio-de-janeiro-latnivalok\/#Megeri_a_belepojegyeket_hosszu_idovel_elore_megvasarolni_a_latvanyossagokhoz\" >Meg\u00e9ri a bel\u00e9p\u0151jegyeket hossz\u00fa id\u0151vel el\u0151re megv\u00e1s\u00e1rolni a l\u00e1tv\u00e1nyoss\u00e1gokhoz?<\/a><\/li><\/ul><\/li><\/ul><\/nav><\/div>\n<h3 class=\"wp-block-heading\"><span class=\"ez-toc-section\" id=\"Osszefoglalas_azoknak_akiknek_nincs_idejuk_vegigolvasni_a_cikket\"><\/span>\u00d6sszefoglal\u00e1s azoknak, akiknek nincs idej\u00fck v\u00e9gigolvasni a cikket<span class=\"ez-toc-section-end\"><\/span><\/h3>\n\n\n\n<ul class=\"wp-block-list\">\n\n<li><strong>Tervezz a felh\u0151k szerint:<\/strong> A legh\u00edresebb l\u00e1tnival\u00f3k, mint a Megv\u00e1lt\u00f3 Krisztus szobra \u00e9s a Cukors\u00fcveg-hegy, k\u00f6dben \u00e9rtelm\u00fcket vesztik, ez\u00e9rt a legtiszt\u00e1bb reggeledet tartsd fenn r\u00e1juk.<\/li>\n\n\n\n<li><strong>A biztons\u00e1gnak megvannak a szab\u00e1lyai:<\/strong> Maradj az \u00fagynevezett turisztikai biztons\u00e1gi s\u00e1vban a d\u00e9li z\u00f3n\u00e1ban, \u00e9s s\u00f6t\u00e9ted\u00e9s ut\u00e1n mindig megb\u00edzhat\u00f3 Uberrel k\u00f6zlekedj.<\/li>\n\n\n\n<li><strong>H\u00e1rom \u00fat a Krisztushoz:<\/strong> Feljutsz a dr\u00e1ga fogaskerek\u0171vel, egy olcs\u00f3bb kisbusszal, vagy teljesen ingyen, egy megterhel\u0151 gyalogt\u00far\u00e1val az es\u0151erd\u0151n \u00e1t a Parque Lage-b\u00f3l.<\/li>\n\n\n\n<li><strong>V\u00edziment\u0151-\u00e1llom\u00e1sok rendszere:<\/strong> A strandokat sz\u00e1mozott b\u00f3d\u00e9k, az \u00fagynevezett postos szerint osztj\u00e1k fel, a h\u00edres 9-es Posto az Ipanem\u00e1n pedig a leg\u00e9l\u00e9nkebb tal\u00e1lkoz\u00f3helynek sz\u00e1m\u00edt.<\/li>\n\n\n\n<li><strong>Olcs\u00f3bb Cukors\u00fcveg:<\/strong> Ha az els\u0151 szakaszt gyalog teszed meg a Trilha do Morro da Urca \u00f6sv\u00e9nyen, egyb\u0151l a fel\u00e9t megsp\u00f3rolod a felvon\u00f3 \u00e1r\u00e1nak.<\/li>\n\n\n\n<li><strong>V\u00e1rosi es\u0151erd\u0151:<\/strong> Egyenesen a v\u00e1ros hat\u00e1rain bel\u00fcl ter\u00fcl el a Tijuca Nemzeti Park, amely fantasztikus mened\u00e9ket k\u00edn\u00e1l a h\u0151s\u00e9g el\u0151l az \u00f3ri\u00e1si f\u00e1k \u00e1rny\u00e9k\u00e1ban.<\/li>\n\n\n\n<li><strong>Helyi finoms\u00e1gok h\u00fas n\u00e9lk\u00fcl:<\/strong> A brazil konyha im\u00e1dja a h\u00fast, de a strandon \u00e9lvezhetsz friss\u00edt\u0151 a\u00e7a\u00edt, sajtos gomb\u00f3cokat (p\u00e3o de queijo) vagy friss k\u00f3kuszvizet.<\/li>\n\n\n<\/ul>\n\n\n\n<h2 class=\"wp-block-heading\"><span class=\"ez-toc-section\" id=\"Mikor_erdemes_Rio_de_Janeiroba_utazni\"><\/span>Mikor \u00e9rdemes Rio de Janeir\u00f3ba utazni<span class=\"ez-toc-section-end\"><\/span><\/h2>\n\n\n\n<p class=\"wp-block-paragraph\">Az utaz\u00e1s id\u0151pontja alapvet\u0151en befoly\u00e1solja nemcsak a k\u00f6lts\u00e9gvet\u00e9sedet, hanem a felhev\u00fclt v\u00e1rosr\u00f3l alkotott \u00f6sszbenyom\u00e1sodat is. <strong>A legjobb id\u0151szak a l\u00e1togat\u00e1sra \u00e1prilis \u00e9s j\u00fanius, majd augusztus \u00e9s okt\u00f3ber k\u00f6z\u00f6tt van<\/strong>, amikor nagyon kellemes a h\u0151m\u00e9rs\u00e9klet, \u00e9s elker\u00fcl\u00f6d a legnagyobb tr\u00f3pusi felh\u0151szakad\u00e1sokat. Ezekben a h\u00f3napokban az \u00e9gbolt gyakran gy\u00f6ny\u00f6r\u0171en tiszta, ami abszol\u00fat kulcsfontoss\u00e1g\u00fa az \u00f6sszes magasan fekv\u0151 kil\u00e1t\u00f3 megl\u00e1togat\u00e1s\u00e1hoz, amelyeken az eg\u00e9sz ri\u00f3i \u00e9lm\u00e9ny m\u00falik.<\/p>\n\n\n\n<p class=\"wp-block-paragraph\">Ha a v\u00e1rost a legnagyobb pezsg\u00e9s\u00e9ben szeretn\u00e9d megtapasztalni, a helyi ny\u00e1ron kell nekiv\u00e1gnod, ami a mi t\u00e9li h\u00f3napjainkra esik. <strong>A karnev\u00e1l \u00e9s a Copacabana strandon tartott grandi\u00f3zus szilveszter az \u00e9v legmagasabb \u00e1rait jelentik<\/strong>, a sz\u00e1llod\u00e1k \u00e9s a rep\u00fcl\u0151jegyek pedig rem\u00e9nytelen\u00fcl elkelnek sok h\u00f3nappal el\u0151re. Fel kell k\u00e9sz\u00fcln\u00f6d a sz\u00e9ls\u0151s\u00e9ges p\u00e1ratartalomra \u00e9s a perzsel\u0151, ak\u00e1r negyven fokot is meghalad\u00f3 h\u0151s\u00e9gre is, ami a l\u00e1tnival\u00f3k bej\u00e1r\u00e1sa k\u00f6zben igaz\u00e1n pr\u00f3b\u00e1ra tesz.<\/p>\n\n\n\n<p class=\"wp-block-paragraph\">B\u00e1rmelyik h\u00f3nap mellett is d\u00f6ntesz, ne feledkezz meg a rugalmas tervez\u00e9s aranyszab\u00e1ly\u00e1r\u00f3l, amir\u0151l m\u00e1r besz\u00e9lt\u00fcnk. <strong>Hagyj legal\u00e1bb k\u00e9t-h\u00e1rom napot tartal\u00e9kk\u00e9nt<\/strong>, hogy pontosan azon a reggelen indulhass a Corcovad\u00f3ra, amikor a felh\u0151k sz\u00e9tny\u00edlnak a v\u00e1ros felett. A helyi kl\u00edm\u00e1t er\u0151sen befoly\u00e1solja az \u00f3ce\u00e1n \u00e9s a k\u00f6rnyez\u0151 hegyek, \u00edgy az id\u0151j\u00e1r\u00e1s \u00f3r\u00e1r\u00f3l \u00f3r\u00e1ra nagyon gyorsan v\u00e1ltozhat, \u00e9s egy konkr\u00e9t napra sz\u00f3l\u00f3 jegyet j\u00f3 el\u0151re megvenni \u00f3ri\u00e1si kock\u00e1zat.<\/p>\n\n\n\n<h2 class=\"wp-block-heading\"><span class=\"ez-toc-section\" id=\"Biztonsag_Rio_de_Janeiroban_Hogyan_elvezd_a_nyaralast_aggodalmak_nelkul\"><\/span>Biztons\u00e1g Rio de Janeir\u00f3ban: Hogyan \u00e9lvezd a nyaral\u00e1st aggodalmak n\u00e9lk\u00fcl<span class=\"ez-toc-section-end\"><\/span><\/h2>\n\n\n\n<p class=\"wp-block-paragraph\">A biztons\u00e1g k\u00e9rd\u00e9se val\u00f3sz\u00edn\u0171leg az els\u0151, amit minden utaz\u00f3 megn\u00e9z a neten a brazil \u00fat el\u0151tt. <strong>Rio de Janeiro egy\u00e1ltal\u00e1n nem h\u00e1bor\u00fas \u00f6vezet, de megk\u00f6veteli vil\u00e1gos szab\u00e1lyok betart\u00e1s\u00e1t<\/strong>, amelyeknek k\u00f6sz\u00f6nhet\u0151en teljes nyugalomban \u00e9lvezheted a v\u00e1rost. Az abszol\u00fat alap, hogy az \u00fagynevezett turisztikai biztons\u00e1gi s\u00e1vban mozogsz, amelyet a gazdagabb v\u00e1rosr\u00e9szek \u2013 Ipanema, Leblon, Copacabana, Botafogo \u00e9s Urca \u2013 alkotnak, ahol minden sarkon jelen van a turistarend\u0151rs\u00e9g.<\/p>\n\n\n\n<p class=\"wp-block-paragraph\">\u00c9s a sz\u00e1mok ezt meger\u0151s\u00edtik \u2013 a Leblon \u00e9s az Ipanema 2026-ban nulla gyilkoss\u00e1got mutatott ki, ami t\u00f6bbet mond a biztons\u00e1gukr\u00f3l, mint b\u00e1rmelyik utaz\u00e1si blog. Ezzel szemben a ny\u00fczsg\u0151 Copacabana strandon id\u0151nk\u00e9nti apr\u00f3 lop\u00e1sokra, zsebtolvajokra \u00e9s a telefon k\u00e9zb\u0151l val\u00f3 kit\u00e9p\u00e9s\u00e9re kell sz\u00e1m\u00edtanod, f\u0151leg a tengerparti sz\u00e9les s\u00e9t\u00e1nyon.<\/p>\n\n\n\n<p class=\"wp-block-paragraph\">S\u00f6t\u00e9ted\u00e9s ut\u00e1n egy egyszer\u0171 szab\u00e1ly \u00e9rv\u00e9nyes: Uber, mindig \u00e9s minden\u00fctt, m\u00e9g a szomsz\u00e9dos v\u00e1rosr\u00e9szek k\u00f6z\u00f6tti r\u00f6vid t\u00e1vokon is \u2013 a t\u00f6rt\u00e9nelmi Centro munkaid\u0151 ut\u00e1n annyira eln\u00e9ptelenedik, hogy \u00e9jszaka egyszer\u0171en nem m\u00e9sz oda, \u00e9s ugyan\u00edgy szigor\u00fa tilalom vonatkozik az esti s\u00e9t\u00e1kra b\u00e1rmelyik strandon, mert az elhagyatott homokos partok probl\u00e9m\u00e1kat vonzanak.<\/p>\n\n\n\n<h2 class=\"wp-block-heading\"><span class=\"ez-toc-section\" id=\"Hol_szallj_meg_Rio_de_Janeiroban\"><\/span>Hol sz\u00e1llj meg Rio de Janeir\u00f3ban<span class=\"ez-toc-section-end\"><\/span><\/h2>\n\n\n\n<p class=\"wp-block-paragraph\">A megfelel\u0151 helysz\u00edn kiv\u00e1laszt\u00e1sa a sz\u00e1llod\u00e1dnak az eg\u00e9sz v\u00e1rosr\u00f3l alkotott \u00e9lm\u00e9nyedet befoly\u00e1solja, ez\u00e9rt kiz\u00e1r\u00f3lag a d\u00e9li z\u00f3n\u00e1ban keress sz\u00e1ll\u00e1st. <strong>Az els\u0151 l\u00e1togat\u00e1sra a legjobb v\u00e1laszt\u00e1s az Ipanema \u00e9s a Leblon strand k\u00f6rny\u00e9ke<\/strong>, amelyek fantasztikus gasztron\u00f3miai k\u00edn\u00e1latot, biztons\u00e1gos, butikokkal teli utc\u00e1kat \u00e9s remek metr\u00f3s \u00f6sszek\u00f6ttet\u00e9st k\u00edn\u00e1lnak a v\u00e1ros t\u00f6bbi r\u00e9sz\u00e9be. Ezek a v\u00e1rosr\u00e9szek \u00e1rban ugyan ig\u00e9nyesebbek, de a nyugodt alv\u00e1sba \u00e9s a gondtalan esti s\u00e9t\u00e1kba fektetett befektet\u00e9s sz\u00e1zsz\u00e1zal\u00e9kosan megt\u00e9r\u00fcl.<\/p>\n\n\n\n<p class=\"wp-block-paragraph\">Ha egy kicsit megfizethet\u0151bb v\u00e1ltozatot keresel, de tov\u00e1bbra is a ny\u00fczsg\u00e9s k\u00f6zep\u00e9n szeretn\u00e9l maradni, ir\u00e1ny\u00edtsd a figyelmedet a legend\u00e1s Copacaban\u00e1ra vagy a szomsz\u00e9dos Botafog\u00f3ra. <strong>K\u00fcl\u00f6n\u00f6sen a Botafogo \u00e9l \u00e1t \u00f3ri\u00e1si fellend\u00fcl\u00e9st az ut\u00f3bbi \u00e9vekben<\/strong>, \u00faj k\u00e1v\u00e9z\u00f3k ny\u00edlnak itt, a v\u00e1rosr\u00e9sz pedig az egyik legszebb kil\u00e1t\u00e1st k\u00edn\u00e1lja a Cukors\u00fcveg-hegyre egyenesen a rakpartr\u00f3l. A t\u00f6rt\u00e9nelmi Santa Teresa a domboldalon ugyan cs\u00e1b\u00edt boh\u00e9m hangulat\u00e1val, de logisztikailag a mindennapi kir\u00e1ndul\u00e1sokhoz kiss\u00e9 elz\u00e1rt \u00e9s este nehezebben megk\u00f6zel\u00edthet\u0151.<\/p>\n\n\n\n<p class=\"wp-block-paragraph\">A foglal\u00e1sodhoz a n\u00e9pszer\u0171 <a class=\"thirstylink\" rel=\"nofollow\" target=\"_blank\" title=\"Booking.com\" href=\"https:\/\/loudavymkrokem.cz\/doporucujeme\/booking-com\/\" data-shortcode=\"true\">Booking<\/a> port\u00e1lon kereszt\u00fcl aj\u00e1nlom, hogy ellen\u0151rz\u00f6tt, non-stop recepci\u00f3val \u00e9s j\u00f3 \u00e9rt\u00e9kel\u00e9ssel rendelkez\u0151 sz\u00e1llod\u00e1k k\u00f6z\u00fcl v\u00e1lassz. <strong>A strandon remek v\u00e1laszt\u00e1s az Arena Ipanema Hotel<\/strong>, amely leny\u0171g\u00f6z\u0151 tet\u0151medenc\u00e9t k\u00edn\u00e1l \u00f3ce\u00e1nra n\u00e9z\u0151 kil\u00e1t\u00e1ssal, \u00e9s csak p\u00e1r l\u00e9p\u00e9sre van a h\u00edres 8-as Post\u00f3t\u00f3l. <strong>Egy luxusabb \u00e9lm\u00e9nyhez v\u00e1laszd az ikonikus Hotel Fasano Rio de Janeir\u00f3t<\/strong>, amelynek diz\u00e1jnja \u00e9s fekv\u00e9se p\u00e1ratlan a v\u00e1rosban, m\u00edg a Botafog\u00f3ban kellemesen meglep a st\u00edlusos <strong>Yoo2 Rio de Janeiro by Intercity<\/strong> az \u00f6b\u00f6lre n\u00e9z\u0151 fantasztikus kil\u00e1t\u00e1s\u00e1val.<\/p>\n\n\n\n\n\n<p class=\"wp-block-paragraph\"><em>\ud83d\udca1 <a href=\"https:\/\/www.stay22.com\/allez\/roam?aid=lukaskonecny&#038;campaign=loudavymkrokemcz&#038;campaign=co-videt-v-rio-de-janeiru&#038;address=Rio%20de%20Janeiro%2C%20Braz%C3%ADlie\" target=\"_blank\" rel=\"nofollow noopener sponsored\">Ezen a t\u00e9rk\u00e9pen \u00f6sszehasonl\u00edthatod, mi szabad \u00e9ppen<\/a> \u2013 r\u00f6gt\u00f6n l\u00e1tod, mennyivel olcs\u00f3bb egy h\u00e1zt\u00f6mbnyire az Avenida Atl\u00e2ntic\u00e1t\u00f3l megsz\u00e1llni.<\/em><\/p>\n\n<h2 class=\"wp-block-heading\"><span class=\"ez-toc-section\" id=\"22_tipp_mit_erdemes_latni_es_csinalni_Rio_de_Janeiroban\"><\/span>22 tipp, mit \u00e9rdemes l\u00e1tni \u00e9s csin\u00e1lni Rio de Janeir\u00f3ban<span class=\"ez-toc-section-end\"><\/span><\/h2>\n\n\n\n<p class=\"wp-block-paragraph\">Na, \u00e9s most a legjobb r\u00e9sz k\u00f6vetkezik \u2013 a helyek, amelyeket meg\u00e9ri felkeresni. H\u00edres ikonok \u00e9s n\u00e9h\u00e1ny rejtett kincs, amelyekb\u0151l minden oldalr\u00f3l megismered a v\u00e1rost.<\/p>\n\n\n\n<figure data-wp-context=\"{&quot;imageId&quot;:&quot;6a9c45fddf36a&quot;}\" data-wp-interactive=\"core\/image\" data-wp-key=\"6a9c45fddf36a\" class=\"wp-block-image size-full wp-lightbox-container\"><img decoding=\"async\" width=\"1600\" height=\"2133\" data-wp-class--hide=\"state.isContentHidden\" data-wp-class--show=\"state.isContentVisible\" data-wp-init=\"callbacks.setButtonStyles\" data-wp-on--click=\"actions.showLightbox\" data-wp-on--load=\"callbacks.setButtonStyles\" data-wp-on--pointerdown=\"actions.preloadImage\" data-wp-on--pointerenter=\"actions.preloadImageWithDelay\" data-wp-on--pointerleave=\"actions.cancelPreload\" data-wp-on-window--resize=\"callbacks.setButtonStyles\" src=\"https:\/\/loudavymkrokem.cz\/wp-content\/uploads\/2026\/09\/krista-spasitele.jpg\" alt=\"A Megv\u00e1lt\u00f3 Krisztus szobra (Christ the Redeemer)\" class=\"wp-image-413166\" title=\"\" srcset=\"https:\/\/loudavymkrokem.cz\/wp-content\/uploads\/2026\/09\/krista-spasitele.jpg 1600w, https:\/\/loudavymkrokem.cz\/wp-content\/uploads\/2026\/09\/krista-spasitele-225x300.jpg 225w, https:\/\/loudavymkrokem.cz\/wp-content\/uploads\/2026\/09\/krista-spasitele-700x933.jpg 700w, https:\/\/loudavymkrokem.cz\/wp-content\/uploads\/2026\/09\/krista-spasitele-768x1024.jpg 768w, https:\/\/loudavymkrokem.cz\/wp-content\/uploads\/2026\/09\/krista-spasitele-1152x1536.jpg 1152w, https:\/\/loudavymkrokem.cz\/wp-content\/uploads\/2026\/09\/krista-spasitele-1536x2048.jpg 1536w, https:\/\/loudavymkrokem.cz\/wp-content\/uploads\/2026\/09\/krista-spasitele-696x928.jpg 696w, https:\/\/loudavymkrokem.cz\/wp-content\/uploads\/2026\/09\/krista-spasitele-1392x1856.jpg 1392w\" sizes=\"(max-width: 1600px) 100vw, 1600px\" \/><button\n\t\t\tclass=\"lightbox-trigger\"\n\t\t\ttype=\"button\"\n\t\t\taria-haspopup=\"dialog\"\n\t\t\tdata-wp-bind--aria-label=\"state.thisImage.triggerButtonAriaLabel\"\n\t\t\tdata-wp-init=\"callbacks.initTriggerButton\"\n\t\t\tdata-wp-on--click=\"actions.showLightbox\"\n\t\t\tdata-wp-style--right=\"state.thisImage.buttonRight\"\n\t\t\tdata-wp-style--top=\"state.thisImage.buttonTop\"\n\t\t>\n\t\t\t<svg xmlns=\"http:\/\/www.w3.org\/2000\/svg\" width=\"12\" height=\"12\" fill=\"none\" viewBox=\"0 0 12 12\">\n\t\t\t\t<path fill=\"#fff\" d=\"M2 0a2 2 0 0 0-2 2v2h1.5V2a.5.5 0 0 1 .5-.5h2V0H2Zm2 10.5H2a.5.5 0 0 1-.5-.5V8H0v2a2 2 0 0 0 2 2h2v-1.5ZM8 12v-1.5h2a.5.5 0 0 0 .5-.5V8H12v2a2 2 0 0 1-2 2H8Zm2-12a2 2 0 0 1 2 2v2h-1.5V2a.5.5 0 0 0-.5-.5H8V0h2Z\" \/>\n\t\t\t<\/svg>\n\t\t<\/button><figcaption class=\"wp-element-caption\">Foto: Keryson Patrick Oliveira Belarmino \/ Google Maps<\/figcaption><\/figure>\n\n\n\n<h3 class=\"wp-block-heading\"><span class=\"ez-toc-section\" id=\"1_A_Megvalto_Krisztus_szobra_Christ_the_Redeemer\"><\/span>1. A Megv\u00e1lt\u00f3 Krisztus szobra (Christ the Redeemer)<span class=\"ez-toc-section-end\"><\/span><\/h3>\n\n\n\n<p class=\"wp-block-paragraph\">Ez a harmincm\u00e9teres, a Corcovado-hegy cs\u00facs\u00e1n magasod\u00f3 ikon k\u00e9ts\u00e9gtelen\u00fcl eg\u00e9sz Braz\u00edlia legh\u00edresebb szimb\u00f3luma. <strong>A szobor 710 m\u00e9teres tengerszint feletti magass\u00e1gban \u00e1ll, a felh\u0151k pedig ak\u00e1r egy eg\u00e9sz napra is elrejthetik<\/strong>, ez\u00e9rt abszol\u00fat kritikus, hogy csak akkor indulj ide, amikor az \u00e9gbolt a v\u00e1ros felett tiszta \u00e9s k\u00e9k. A cs\u00facsr\u00f3l az eg\u00e9sz v\u00e1rost egyszerre l\u00e1tod \u2013 a Guanabara-\u00f6bl\u00f6t, a k\u00f6rnyez\u0151 es\u0151erd\u0151ket \u00e9s a t\u00e1voli strandokat is \u2013, \u00e9s j\u00f3 l\u00e1t\u00e1si viszonyok mellett meg\u00e9rted, mi\u00e9rt j\u00f6nnek ide az emberek a vil\u00e1g minden t\u00e1j\u00e1r\u00f3l.<\/p>\n\n\n\n<p class=\"wp-block-paragraph\">\u00c9rdekess\u00e9g, hogy a l\u00e1tnival\u00f3hoz t\u00f6bb k\u00fcl\u00f6nb\u00f6z\u0151 \u00fat is vezet, amelyek k\u00f6z\u00fcl a k\u00f6lts\u00e9gvet\u00e9sed \u00e9s a fizikai kond\u00edci\u00f3d szerint v\u00e1laszthatsz. <strong>A legdr\u00e1g\u00e1bb \u00e9s legn\u00e9pszer\u0171bb v\u00e1ltozat a <a href=\"https:\/\/www.tremdocorcovado.rio\/\" rel=\"nofollow noopener\" target=\"_blank\">t\u00f6rt\u00e9nelmi Corcovado fogaskerek\u0171<\/a><\/strong>, valamivel olcs\u00f3bban j\u00f6n ki a hivatalos kisbusz a Paineiras l\u00e1togat\u00f3k\u00f6zpontt\u00f3l, a legolcs\u00f3bb \u00fat pedig a megterhel\u0151 gyalogos felkapaszkod\u00e1s. Maga az 1931-es szobor art deco st\u00edlus\u00fa mesterm\u0171, t\u00e1rt karjai pedig szimbolikusan \u00fcdv\u00f6zlik a v\u00e1ros minden l\u00e1togat\u00f3j\u00e1t.<\/p>\n\n\n\n<p class=\"wp-block-paragraph\">\ud83d\udca1 Tipp: <strong>Ha a gyalogt\u00fara mellett d\u00f6ntesz, az a gy\u00f6ny\u00f6r\u0171 Parque Lage parkban kezd\u0151dik<\/strong>, \u00e9s meredeken kanyarog felfel\u00e9 a s\u0171r\u0171 es\u0151erd\u0151n \u00e1t. Nagyj\u00e1b\u00f3l k\u00e9t-h\u00e1rom \u00f3r\u00e1t vesz ig\u00e9nybe, \u00fatk\u00f6zben val\u00f3sz\u00edn\u0171leg k\u00edv\u00e1ncsi majmokkal is tal\u00e1lkozol, de er\u0151s cip\u0151t \u00e9s elegend\u0151 iv\u00f3vizet ig\u00e9nyel, mert a tr\u00f3pusi p\u00e1r\u00e1ban felfel\u00e9 kapaszkodni igaz\u00e1n kimer\u00edt\u0151.<\/p>\n\n\n\n<figure data-wp-context=\"{&quot;imageId&quot;:&quot;6a9c45fddfba0&quot;}\" data-wp-interactive=\"core\/image\" data-wp-key=\"6a9c45fddfba0\" class=\"wp-block-image size-full wp-lightbox-container\"><img decoding=\"async\" width=\"640\" height=\"480\" data-wp-class--hide=\"state.isContentHidden\" data-wp-class--show=\"state.isContentVisible\" data-wp-init=\"callbacks.setButtonStyles\" data-wp-on--click=\"actions.showLightbox\" data-wp-on--load=\"callbacks.setButtonStyles\" data-wp-on--pointerdown=\"actions.preloadImage\" data-wp-on--pointerenter=\"actions.preloadImageWithDelay\" data-wp-on--pointerleave=\"actions.cancelPreload\" data-wp-on-window--resize=\"callbacks.setButtonStyles\" src=\"https:\/\/loudavymkrokem.cz\/wp-content\/uploads\/2026\/09\/na-cukrovou-homoli.jpg\" alt=\"Felvon\u00f3 a Cukors\u00fcveg-hegyre (P\u00e3o de A\u00e7\u00facar)\" class=\"wp-image-413170\" title=\"\" srcset=\"https:\/\/loudavymkrokem.cz\/wp-content\/uploads\/2026\/09\/na-cukrovou-homoli.jpg 640w, https:\/\/loudavymkrokem.cz\/wp-content\/uploads\/2026\/09\/na-cukrovou-homoli-300x225.jpg 300w, https:\/\/loudavymkrokem.cz\/wp-content\/uploads\/2026\/09\/na-cukrovou-homoli-80x60.jpg 80w, https:\/\/loudavymkrokem.cz\/wp-content\/uploads\/2026\/09\/na-cukrovou-homoli-160x120.jpg 160w\" sizes=\"(max-width: 640px) 100vw, 640px\" \/><button\n\t\t\tclass=\"lightbox-trigger\"\n\t\t\ttype=\"button\"\n\t\t\taria-haspopup=\"dialog\"\n\t\t\tdata-wp-bind--aria-label=\"state.thisImage.triggerButtonAriaLabel\"\n\t\t\tdata-wp-init=\"callbacks.initTriggerButton\"\n\t\t\tdata-wp-on--click=\"actions.showLightbox\"\n\t\t\tdata-wp-style--right=\"state.thisImage.buttonRight\"\n\t\t\tdata-wp-style--top=\"state.thisImage.buttonTop\"\n\t\t>\n\t\t\t<svg xmlns=\"http:\/\/www.w3.org\/2000\/svg\" width=\"12\" height=\"12\" fill=\"none\" viewBox=\"0 0 12 12\">\n\t\t\t\t<path fill=\"#fff\" d=\"M2 0a2 2 0 0 0-2 2v2h1.5V2a.5.5 0 0 1 .5-.5h2V0H2Zm2 10.5H2a.5.5 0 0 1-.5-.5V8H0v2a2 2 0 0 0 2 2h2v-1.5ZM8 12v-1.5h2a.5.5 0 0 0 .5-.5V8H12v2a2 2 0 0 1-2 2H8Zm2-12a2 2 0 0 1 2 2v2h-1.5V2a.5.5 0 0 0-.5-.5H8V0h2Z\" \/>\n\t\t\t<\/svg>\n\t\t<\/button><figcaption class=\"wp-element-caption\">Foto: S\u00f3 Jesus salvar \/ Google Maps<\/figcaption><\/figure>\n\n\n\n<h3 class=\"wp-block-heading\"><span class=\"ez-toc-section\" id=\"2_Felvono_a_Cukorsuveg-hegyre_Pao_de_Acucar\"><\/span>2. Felvon\u00f3 a Cukors\u00fcveg-hegyre (P\u00e3o de A\u00e7\u00facar)<span class=\"ez-toc-section-end\"><\/span><\/h3>\n\n\n\n<p class=\"wp-block-paragraph\">A v\u00e1ros m\u00e1sodik legjelent\u0151sebb kil\u00e1t\u00f3pontja egy hatalmas gr\u00e1nitmonolit, amely meredeken emelkedik ki egyenesen az \u00f3ce\u00e1n viz\u00e9b\u0151l. <strong>Az <a href=\"https:\/\/bondinho.com.br\/\" rel=\"nofollow noopener\" target=\"_blank\">\u00fcvegezett felvon\u00f3<\/a> k\u00e9t k\u00fcl\u00f6n szakaszban visz fel a tet\u0151re<\/strong>, \u00e9s m\u00e1r a Morro da Urca dombon l\u00e9v\u0151 els\u0151 \u00e1tsz\u00e1ll\u00f3\u00e1llom\u00e1sr\u00f3l fantasztikus l\u00e1tv\u00e1ny t\u00e1rul a horgonyz\u00f3 jachtokra \u00e9s a lesz\u00e1ll\u00f3 rep\u00fcl\u0151g\u00e9pekre. Mag\u00e1n a Cukors\u00fcveg cs\u00facs\u00e1n azt\u00e1n 396 m\u00e9teres magass\u00e1gban tal\u00e1lod magad, \u00e9s az eg\u00e9sz v\u00e1rost a szemk\u00f6zti Krisztus-szoborral egy\u00fctt a tenyeredb\u0151l n\u00e9zheted.<\/p>\n\n\n\n<p class=\"wp-block-paragraph\">Ezt a geol\u00f3giai csod\u00e1t buja n\u00f6v\u00e9nyzet veszi k\u00f6r\u00fcl, \u00e9s gyakran megfigyelheted az apr\u00f3 selyemmajmokat, amint vid\u00e1man ugr\u00e1ndoznak a f\u00e1k koron\u00e1iban. <strong>Az eg\u00e9sz massz\u00edvum egyetlen nagy term\u00e9szeti eml\u00e9kk\u00e9nt m\u0171k\u00f6dik<\/strong>, \u00edgy b\u00e1r a k\u00fcl\u00f6nb\u00f6z\u0151 t\u00e9rk\u00e9pek gyakran k\u00fcl\u00f6n helyk\u00e9nt mutatj\u00e1k a felvon\u00f3t \u00e9s a dombot, egyetlen \u00f6sszef\u00fcgg\u0151 \u00e9lm\u00e9nyr\u0151l van sz\u00f3. A kil\u00e1t\u00e1s innen igaz\u00e1n var\u00e1zslatos, k\u00fcl\u00f6n\u00f6sen k\u00e9s\u0151 d\u00e9lut\u00e1n, amikor a nap lassan lenyugszik a Tijuca Nemzeti Park magas cs\u00facsai m\u00f6g\u00f6tt, \u00e9s a v\u00e1ros kezd kivil\u00e1gosodni.<\/p>\n\n\n\n<p class=\"wp-block-paragraph\">\ud83d\udca1 Tipp: <strong>Ha jelent\u0151sen sp\u00f3rolni szeretn\u00e9l a viszonylag dr\u00e1ga jegyen, haszn\u00e1ld a Trilha do Morro da Urca \u00f6sv\u00e9nyt<\/strong>, amelyen az els\u0151 szakaszt gyalog is megteheted a dzsungelen \u00e1t nagyj\u00e1b\u00f3l negyven perc alatt. Fent azt\u00e1n m\u00e1r csak a felvon\u00f3 m\u00e1sodik, cs\u00facsi szakasz\u00e1ra veszel jegyet, amivel a fel\u00e9re cs\u00f6kkented az \u00f6sszk\u00f6lts\u00e9get, r\u00e1ad\u00e1sul elker\u00fcl\u00f6d a hossz\u00fa sorokat a lenti p\u00e9nzt\u00e1rakn\u00e1l.<\/p>\n\n\n\n<figure data-wp-context=\"{&quot;imageId&quot;:&quot;6a9c45fde06d7&quot;}\" data-wp-interactive=\"core\/image\" data-wp-key=\"6a9c45fde06d7\" class=\"wp-block-image size-full wp-lightbox-container\"><img decoding=\"async\" width=\"1200\" height=\"675\" data-wp-class--hide=\"state.isContentHidden\" data-wp-class--show=\"state.isContentVisible\" data-wp-init=\"callbacks.setButtonStyles\" data-wp-on--click=\"actions.showLightbox\" data-wp-on--load=\"callbacks.setButtonStyles\" data-wp-on--pointerdown=\"actions.preloadImage\" data-wp-on--pointerenter=\"actions.preloadImageWithDelay\" data-wp-on--pointerleave=\"actions.cancelPreload\" data-wp-on-window--resize=\"callbacks.setButtonStyles\" src=\"https:\/\/loudavymkrokem.cz\/wp-content\/uploads\/2026\/09\/copacabana.jpg\" alt=\"Copacabana strand \u00e9s a Forte de Copacabana\" class=\"wp-image-413175\" title=\"\" srcset=\"https:\/\/loudavymkrokem.cz\/wp-content\/uploads\/2026\/09\/copacabana.jpg 1200w, https:\/\/loudavymkrokem.cz\/wp-content\/uploads\/2026\/09\/copacabana-300x169.jpg 300w, https:\/\/loudavymkrokem.cz\/wp-content\/uploads\/2026\/09\/copacabana-700x394.jpg 700w, https:\/\/loudavymkrokem.cz\/wp-content\/uploads\/2026\/09\/copacabana-768x432.jpg 768w, https:\/\/loudavymkrokem.cz\/wp-content\/uploads\/2026\/09\/copacabana-696x392.jpg 696w\" sizes=\"(max-width: 1200px) 100vw, 1200px\" \/><button\n\t\t\tclass=\"lightbox-trigger\"\n\t\t\ttype=\"button\"\n\t\t\taria-haspopup=\"dialog\"\n\t\t\tdata-wp-bind--aria-label=\"state.thisImage.triggerButtonAriaLabel\"\n\t\t\tdata-wp-init=\"callbacks.initTriggerButton\"\n\t\t\tdata-wp-on--click=\"actions.showLightbox\"\n\t\t\tdata-wp-style--right=\"state.thisImage.buttonRight\"\n\t\t\tdata-wp-style--top=\"state.thisImage.buttonTop\"\n\t\t>\n\t\t\t<svg xmlns=\"http:\/\/www.w3.org\/2000\/svg\" width=\"12\" height=\"12\" fill=\"none\" viewBox=\"0 0 12 12\">\n\t\t\t\t<path fill=\"#fff\" d=\"M2 0a2 2 0 0 0-2 2v2h1.5V2a.5.5 0 0 1 .5-.5h2V0H2Zm2 10.5H2a.5.5 0 0 1-.5-.5V8H0v2a2 2 0 0 0 2 2h2v-1.5ZM8 12v-1.5h2a.5.5 0 0 0 .5-.5V8H12v2a2 2 0 0 1-2 2H8Zm2-12a2 2 0 0 1 2 2v2h-1.5V2a.5.5 0 0 0-.5-.5H8V0h2Z\" \/>\n\t\t\t<\/svg>\n\t\t<\/button><figcaption class=\"wp-element-caption\">Foto: Alby Set \/ Google Maps<\/figcaption><\/figure>\n\n\n\n<h3 class=\"wp-block-heading\"><span class=\"ez-toc-section\" id=\"3_Copacabana_strand_es_a_Forte_de_Copacabana\"><\/span>3. Copacabana strand \u00e9s a Forte de Copacabana<span class=\"ez-toc-section-end\"><\/span><\/h3>\n\n\n\n<p class=\"wp-block-paragraph\">Val\u00f3sz\u00edn\u0171leg nem l\u00e9tezik a vil\u00e1gon h\u00edresebb homoks\u00e1v, mint ez a h\u00e1rom \u00e9s f\u00e9l kilom\u00e9ter hossz\u00fa szakasz, amelyet az ikonikus fekete-feh\u00e9r hull\u00e1mos burkolat szeg\u00e9lyez. <strong>A Copacabana eg\u00e9sz Rio l\u00fcktet\u0151 sz\u00edve<\/strong>, ahol kora reggelt\u0151l k\u00e9s\u0151 d\u00e9lut\u00e1nig strandr\u00f6plabd\u00e1znak, friss\u00edt\u0151 italokat kortyolgatnak a kioszkokn\u00e1l, a helyiek pedig a vil\u00e1g minden t\u00e1j\u00e1r\u00f3l \u00e9rkez\u0151 turist\u00e1kkal tal\u00e1lkoznak. A hull\u00e1mok itt el\u00e9g er\u0151sek, de a sz\u00e9les, finom homokb\u00f3l \u00e1ll\u00f3 s\u00e1v elegend\u0151 helyet k\u00edn\u00e1l a k\u00e9nyelmes napoz\u00e1shoz \u00e9s a hossz\u00fa s\u00e9t\u00e1khoz is.<\/p>\n\n\n\n<p class=\"wp-block-paragraph\">A strand legd\u00e9libb v\u00e9g\u00e9n b\u00fcszk\u00e9n magasodik a huszadik sz\u00e1zad elej\u00e9r\u0151l sz\u00e1rmaz\u00f3 t\u00f6rt\u00e9nelmi katonai er\u0151d, amely ma leny\u0171g\u00f6z\u0151 m\u00fazeumk\u00e9nt m\u0171k\u00f6dik. <strong>A Forte de Copacabana t\u00f6k\u00e9letes kil\u00e1t\u00e1st k\u00edn\u00e1l a strand teljes hossz\u00e1ra<\/strong> eg\u00e9szen a t\u00e1voli, fens\u00e9ges Cukors\u00fcveg-hegyig. Az \u00e9p\u00fclet belsej\u00e9ben megn\u00e9zheted a j\u00f3 \u00e1llapotban meg\u0151rz\u00f6tt \u00e1gy\u00fakat, a t\u00f6rt\u00e9nelmi egyenruh\u00e1kat \u00e9s a r\u00e9gi f\u00e9nyk\u00e9peket, amelyek ennek a hatalmas d\u00e9l-amerikai orsz\u00e1gnak a kusza katonai t\u00f6rt\u00e9nelm\u00e9t t\u00e9rk\u00e9pezik fel.<\/p>\n\n\n\n<p class=\"wp-block-paragraph\">\ud83d\udca1 Tipp: <strong>Az er\u0151d\u00f6n bel\u00fcl tal\u00e1lhat\u00f3 a h\u00edres Confeitaria Colombo k\u00e1v\u00e9z\u00f3<\/strong>, ahol le\u00fclhetsz a k\u00fclt\u00e9ri teraszra, rendelhetsz kiv\u00e1l\u00f3 k\u00e1v\u00e9t egy sajtos gomb\u00f3ccal (p\u00e3o de queijo), \u00e9s \u00e9lvezheted a teljes nyugalmat, t\u00e1vol a ny\u00fczsg\u0151 tengerparti t\u00f6megt\u0151l. Ne feledd azonban, hogy a s\u00e9t\u00e1nyon csak nappal j\u00e1rk\u00e1lnak, s\u00f6t\u00e9ted\u00e9s ut\u00e1n ink\u00e1bb taxit v\u00e1lassz.<\/p>\n\n\n\n<figure data-wp-context=\"{&quot;imageId&quot;:&quot;6a9c45fde0faa&quot;}\" data-wp-interactive=\"core\/image\" data-wp-key=\"6a9c45fde0faa\" class=\"wp-block-image size-full wp-lightbox-container\"><img decoding=\"async\" width=\"1200\" height=\"900\" data-wp-class--hide=\"state.isContentHidden\" data-wp-class--show=\"state.isContentVisible\" data-wp-init=\"callbacks.setButtonStyles\" data-wp-on--click=\"actions.showLightbox\" data-wp-on--load=\"callbacks.setButtonStyles\" data-wp-on--pointerdown=\"actions.preloadImage\" data-wp-on--pointerenter=\"actions.preloadImageWithDelay\" data-wp-on--pointerleave=\"actions.cancelPreload\" data-wp-on-window--resize=\"callbacks.setButtonStyles\" src=\"https:\/\/loudavymkrokem.cz\/wp-content\/uploads\/2026\/09\/ipanema.jpg\" alt=\"Ipanema strand \u00e9s a v\u00edziment\u0151-\u00e1llom\u00e1sok rendszere\" class=\"wp-image-413179\" title=\"\" srcset=\"https:\/\/loudavymkrokem.cz\/wp-content\/uploads\/2026\/09\/ipanema.jpg 1200w, https:\/\/loudavymkrokem.cz\/wp-content\/uploads\/2026\/09\/ipanema-300x225.jpg 300w, https:\/\/loudavymkrokem.cz\/wp-content\/uploads\/2026\/09\/ipanema-700x525.jpg 700w, https:\/\/loudavymkrokem.cz\/wp-content\/uploads\/2026\/09\/ipanema-768x576.jpg 768w, https:\/\/loudavymkrokem.cz\/wp-content\/uploads\/2026\/09\/ipanema-80x60.jpg 80w, https:\/\/loudavymkrokem.cz\/wp-content\/uploads\/2026\/09\/ipanema-160x120.jpg 160w, https:\/\/loudavymkrokem.cz\/wp-content\/uploads\/2026\/09\/ipanema-696x522.jpg 696w\" sizes=\"(max-width: 1200px) 100vw, 1200px\" \/><button\n\t\t\tclass=\"lightbox-trigger\"\n\t\t\ttype=\"button\"\n\t\t\taria-haspopup=\"dialog\"\n\t\t\tdata-wp-bind--aria-label=\"state.thisImage.triggerButtonAriaLabel\"\n\t\t\tdata-wp-init=\"callbacks.initTriggerButton\"\n\t\t\tdata-wp-on--click=\"actions.showLightbox\"\n\t\t\tdata-wp-style--right=\"state.thisImage.buttonRight\"\n\t\t\tdata-wp-style--top=\"state.thisImage.buttonTop\"\n\t\t>\n\t\t\t<svg xmlns=\"http:\/\/www.w3.org\/2000\/svg\" width=\"12\" height=\"12\" fill=\"none\" viewBox=\"0 0 12 12\">\n\t\t\t\t<path fill=\"#fff\" d=\"M2 0a2 2 0 0 0-2 2v2h1.5V2a.5.5 0 0 1 .5-.5h2V0H2Zm2 10.5H2a.5.5 0 0 1-.5-.5V8H0v2a2 2 0 0 0 2 2h2v-1.5ZM8 12v-1.5h2a.5.5 0 0 0 .5-.5V8H12v2a2 2 0 0 1-2 2H8Zm2-12a2 2 0 0 1 2 2v2h-1.5V2a.5.5 0 0 0-.5-.5H8V0h2Z\" \/>\n\t\t\t<\/svg>\n\t\t<\/button><figcaption class=\"wp-element-caption\">Foto: Alby Set \/ Google Maps<\/figcaption><\/figure>\n\n\n\n<h3 class=\"wp-block-heading\"><span class=\"ez-toc-section\" id=\"4_Ipanema_strand_es_a_vizimento-allomasok_rendszere\"><\/span>4. Ipanema strand \u00e9s a v\u00edziment\u0151-\u00e1llom\u00e1sok rendszere<span class=\"ez-toc-section-end\"><\/span><\/h3>\n\n\n\n<p class=\"wp-block-paragraph\">Ha a Copacabana a t\u00f6megturizmust k\u00e9pviseli, az Ipanema az elegancia, a divat \u00e9s a laza tengerparti \u00e9letst\u00edlus szimb\u00f3luma. <strong>Ezt a strandot hihetetlen\u00fcl tiszta vize \u00e9s a Dois Irm\u00e3os-hegys\u00e9gre ny\u00edl\u00f3 gy\u00f6ny\u00f6r\u0171 kil\u00e1t\u00e1sa teszi h\u00edress\u00e9<\/strong>, amely t\u00f6k\u00e9letes h\u00e1tteret ad minden f\u00e9nyk\u00e9phez. A homok itt egy fokkal finomabb, az \u00f6sszhangulat pedig ink\u00e1bb a fiatalabb gener\u00e1ci\u00f3t, a m\u0171v\u00e9szeket \u00e9s a diz\u00e1jn szerelmeseit vonzza, akik a k\u00f6zeli butikutc\u00e1kb\u00f3l h\u00faz\u00f3dnak ide.<\/p>\n\n\n\n<p class=\"wp-block-paragraph\">A hossz\u00fa parton val\u00f3 t\u00e1j\u00e9koz\u00f3d\u00e1shoz a helyi lakosok az \u00fagynevezett postosokat haszn\u00e1lj\u00e1k, amelyek szab\u00e1lyos t\u00e1vols\u00e1gonk\u00e9nt elhelyezett, sz\u00e1mozott v\u00edziment\u0151-\u00e1llom\u00e1sok. <strong>A legh\u00edresebb pont k\u00e9ts\u00e9gtelen\u00fcl a 9-es Posto az Ipanem\u00e1n<\/strong>, amely t\u00f6rt\u00e9nelmileg a f\u0151 tal\u00e1lkoz\u00f3helyk\u00e9nt m\u0171k\u00f6dik, ahol az emberek sz\u00f3rakozni, az \u00faj f\u00fcrd\u0151ruh\u00e1t megmutatni \u00e9s az \u00e9letr\u0151l besz\u00e9lgetni j\u00e1rnak. Minden post\u00f3nak megvan a maga saj\u00e1tos hangulata, \u00e9s egy kicsit m\u00e1s embercsoportot vonz, a gyerekes csal\u00e1dokt\u00f3l a lelkes sportol\u00f3kig.<\/p>\n\n\n\n<p class=\"wp-block-paragraph\">\ud83d\udca1 Tipp: <strong>Ha meg\u00e9hezel, egy\u00e1ltal\u00e1n nem kell elhagynod a strandot, el\u00e9g egy t\u00e1l jeges a\u00e7a\u00edt venned a tengerparti \u00e1rusokt\u00f3l<\/strong>, ami az amaz\u00f3niai p\u00e1lm\u00e1kb\u00f3l k\u00e9sz\u00fclt s\u0171r\u0171, lila p\u00e9p, ropog\u00f3s granol\u00e1val \u00e9s ban\u00e1nnal megsz\u00f3rva. T\u00f6k\u00e9letes, friss\u00edt\u0151 \u00e9s teljesen h\u00fasmentes finoms\u00e1g, amely a tr\u00f3pusi h\u0151s\u00e9gben azonnal felt\u00f6lt a k\u00f6vetkez\u0151 f\u00fcrd\u00e9shez sz\u00fcks\u00e9ges energi\u00e1val.<\/p>\n\n\n\n<figure data-wp-context=\"{&quot;imageId&quot;:&quot;6a9c45fde14c0&quot;}\" data-wp-interactive=\"core\/image\" data-wp-key=\"6a9c45fde14c0\" class=\"wp-block-image size-full wp-lightbox-container\"><img decoding=\"async\" width=\"1600\" height=\"739\" data-wp-class--hide=\"state.isContentHidden\" data-wp-class--show=\"state.isContentVisible\" data-wp-init=\"callbacks.setButtonStyles\" data-wp-on--click=\"actions.showLightbox\" data-wp-on--load=\"callbacks.setButtonStyles\" data-wp-on--pointerdown=\"actions.preloadImage\" data-wp-on--pointerenter=\"actions.preloadImageWithDelay\" data-wp-on--pointerleave=\"actions.cancelPreload\" data-wp-on-window--resize=\"callbacks.setButtonStyles\" src=\"https:\/\/loudavymkrokem.cz\/wp-content\/uploads\/2026\/09\/leblon.jpg\" alt=\"Leblon strand \u00e9s a Mirante do Leblon kil\u00e1t\u00f3\" class=\"wp-image-413183\" title=\"\" srcset=\"https:\/\/loudavymkrokem.cz\/wp-content\/uploads\/2026\/09\/leblon.jpg 1600w, https:\/\/loudavymkrokem.cz\/wp-content\/uploads\/2026\/09\/leblon-300x139.jpg 300w, https:\/\/loudavymkrokem.cz\/wp-content\/uploads\/2026\/09\/leblon-700x323.jpg 700w, https:\/\/loudavymkrokem.cz\/wp-content\/uploads\/2026\/09\/leblon-768x355.jpg 768w, https:\/\/loudavymkrokem.cz\/wp-content\/uploads\/2026\/09\/leblon-1536x709.jpg 1536w, https:\/\/loudavymkrokem.cz\/wp-content\/uploads\/2026\/09\/leblon-696x321.jpg 696w, https:\/\/loudavymkrokem.cz\/wp-content\/uploads\/2026\/09\/leblon-1392x643.jpg 1392w\" sizes=\"(max-width: 1600px) 100vw, 1600px\" \/><button\n\t\t\tclass=\"lightbox-trigger\"\n\t\t\ttype=\"button\"\n\t\t\taria-haspopup=\"dialog\"\n\t\t\tdata-wp-bind--aria-label=\"state.thisImage.triggerButtonAriaLabel\"\n\t\t\tdata-wp-init=\"callbacks.initTriggerButton\"\n\t\t\tdata-wp-on--click=\"actions.showLightbox\"\n\t\t\tdata-wp-style--right=\"state.thisImage.buttonRight\"\n\t\t\tdata-wp-style--top=\"state.thisImage.buttonTop\"\n\t\t>\n\t\t\t<svg xmlns=\"http:\/\/www.w3.org\/2000\/svg\" width=\"12\" height=\"12\" fill=\"none\" viewBox=\"0 0 12 12\">\n\t\t\t\t<path fill=\"#fff\" d=\"M2 0a2 2 0 0 0-2 2v2h1.5V2a.5.5 0 0 1 .5-.5h2V0H2Zm2 10.5H2a.5.5 0 0 1-.5-.5V8H0v2a2 2 0 0 0 2 2h2v-1.5ZM8 12v-1.5h2a.5.5 0 0 0 .5-.5V8H12v2a2 2 0 0 1-2 2H8Zm2-12a2 2 0 0 1 2 2v2h-1.5V2a.5.5 0 0 0-.5-.5H8V0h2Z\" \/>\n\t\t\t<\/svg>\n\t\t<\/button><figcaption class=\"wp-element-caption\">Foto: Cassiano Neto \/ Google Maps<\/figcaption><\/figure>\n\n\n\n<h3 class=\"wp-block-heading\"><span class=\"ez-toc-section\" id=\"5_Leblon_strand_es_a_Mirante_do_Leblon_kilato\"><\/span>5. Leblon strand \u00e9s a Mirante do Leblon kil\u00e1t\u00f3<span class=\"ez-toc-section-end\"><\/span><\/h3>\n\n\n\n<p class=\"wp-block-paragraph\">R\u00f6gt\u00f6n a csatorna m\u00f6g\u00f6tt, amely az Ipanem\u00e1t elv\u00e1lasztja, ter\u00fcl el a Leblon exkluz\u00edv v\u00e1rosr\u00e9sze a saj\u00e1t, sokkal nyugodtabb strandj\u00e1val. <strong>A Leblont az eg\u00e9sz v\u00e1ros legbiztons\u00e1gosabb \u00e9s legrangosabb r\u00e9sz\u00e9nek tartj\u00e1k<\/strong>, ami nemcsak a s\u00falyos b\u0171ncselekm\u00e9nyek nulla statisztik\u00e1j\u00e1ban, hanem a helyi kioszkok rendezetts\u00e9g\u00e9ben \u00e9s az eg\u00e9sz rakpart tisztas\u00e1g\u00e1ban is t\u00fckr\u00f6z\u0151dik. A strand a helyi lakosok, a gyerekes csal\u00e1dok \u00e9s az ismert szem\u00e9lyis\u00e9gek terepe, akik ide j\u00e1rnak pihenni a naperny\u0151k al\u00e1, t\u00e1vol a legnagyobb turistany\u00fczsg\u00e9st\u0151l.<\/p>\n\n\n\n<p class=\"wp-block-paragraph\">A strand legv\u00e9g\u00e9n, ahol az \u00fat meredek dombokra kezd emelkedni, egy gy\u00f6ny\u00f6r\u0171 fateraszt tal\u00e1lsz, amely a morajl\u00f3 \u00f3ce\u00e1n f\u00f6l\u00e9 magasodik. <strong>A Mirante do Leblon kil\u00e1t\u00f3 ikonikus l\u00e1tv\u00e1nyt k\u00edn\u00e1l a Leblon \u00e9s az Ipanema strand teljes hossz\u00e1ra<\/strong>, amelyeket p\u00e1lmaf\u00e1k \u00e9s magas, modern \u00e9p\u00fcletek szeg\u00e9lyeznek. K\u00fcl\u00f6n\u00f6sen d\u00e9lut\u00e1nonk\u00e9nt sereglenek ide az emberek ker\u00e9kp\u00e1ron, hogy a kis standokn\u00e1l leh\u0171t\u00f6tt k\u00f3kuszvizet vegyenek, \u00e9s n\u00e9zz\u00e9k, ahogy a v\u00e1ros lassan nyugov\u00f3ra t\u00e9r.<\/p>\n\n\n\n<p class=\"wp-block-paragraph\">\ud83d\udca1 Tipp: <strong>K\u00f6zvetlen\u00fcl a kil\u00e1t\u00f3n\u00e1l t\u00f6bb kis b\u00e1r is m\u0171k\u00f6dik, ahol friss tr\u00f3pusigy\u00fcm\u00f6lcs-levet ihatsz<\/strong>, \u00e9s hallgathatod a hatalmas hull\u00e1mok z\u00fag\u00e1s\u00e1t, amint \u00e9pp alattad a szikl\u00e1khoz csap\u00f3dnak. Ez ide\u00e1lis hely egy hossz\u00fa nap romantikus lez\u00e1r\u00e1s\u00e1hoz, r\u00e1ad\u00e1sul a strandr\u00f3l k\u00e9nyelmes s\u00e9t\u00e1val, a biztons\u00e1gos s\u00e9t\u00e1nyon eljutsz ide.<\/p>\n\n\n\n<figure data-wp-context=\"{&quot;imageId&quot;:&quot;6a9c45fde19dc&quot;}\" data-wp-interactive=\"core\/image\" data-wp-key=\"6a9c45fde19dc\" class=\"wp-block-image size-full wp-lightbox-container\"><img decoding=\"async\" width=\"1600\" height=\"1068\" data-wp-class--hide=\"state.isContentHidden\" data-wp-class--show=\"state.isContentVisible\" data-wp-init=\"callbacks.setButtonStyles\" data-wp-on--click=\"actions.showLightbox\" data-wp-on--load=\"callbacks.setButtonStyles\" data-wp-on--pointerdown=\"actions.preloadImage\" data-wp-on--pointerenter=\"actions.preloadImageWithDelay\" data-wp-on--pointerleave=\"actions.cancelPreload\" data-wp-on-window--resize=\"callbacks.setButtonStyles\" src=\"https:\/\/loudavymkrokem.cz\/wp-content\/uploads\/2026\/09\/pedra-do-arpoador.jpg\" alt=\"A Pedra do Arpoador sziklany\u00falv\u00e1ny\" class=\"wp-image-413187\" title=\"\" srcset=\"https:\/\/loudavymkrokem.cz\/wp-content\/uploads\/2026\/09\/pedra-do-arpoador.jpg 1600w, https:\/\/loudavymkrokem.cz\/wp-content\/uploads\/2026\/09\/pedra-do-arpoador-300x200.jpg 300w, https:\/\/loudavymkrokem.cz\/wp-content\/uploads\/2026\/09\/pedra-do-arpoador-700x467.jpg 700w, https:\/\/loudavymkrokem.cz\/wp-content\/uploads\/2026\/09\/pedra-do-arpoador-768x513.jpg 768w, https:\/\/loudavymkrokem.cz\/wp-content\/uploads\/2026\/09\/pedra-do-arpoador-1536x1025.jpg 1536w, https:\/\/loudavymkrokem.cz\/wp-content\/uploads\/2026\/09\/pedra-do-arpoador-696x465.jpg 696w, https:\/\/loudavymkrokem.cz\/wp-content\/uploads\/2026\/09\/pedra-do-arpoador-1392x929.jpg 1392w\" sizes=\"(max-width: 1600px) 100vw, 1600px\" \/><button\n\t\t\tclass=\"lightbox-trigger\"\n\t\t\ttype=\"button\"\n\t\t\taria-haspopup=\"dialog\"\n\t\t\tdata-wp-bind--aria-label=\"state.thisImage.triggerButtonAriaLabel\"\n\t\t\tdata-wp-init=\"callbacks.initTriggerButton\"\n\t\t\tdata-wp-on--click=\"actions.showLightbox\"\n\t\t\tdata-wp-style--right=\"state.thisImage.buttonRight\"\n\t\t\tdata-wp-style--top=\"state.thisImage.buttonTop\"\n\t\t>\n\t\t\t<svg xmlns=\"http:\/\/www.w3.org\/2000\/svg\" width=\"12\" height=\"12\" fill=\"none\" viewBox=\"0 0 12 12\">\n\t\t\t\t<path fill=\"#fff\" d=\"M2 0a2 2 0 0 0-2 2v2h1.5V2a.5.5 0 0 1 .5-.5h2V0H2Zm2 10.5H2a.5.5 0 0 1-.5-.5V8H0v2a2 2 0 0 0 2 2h2v-1.5ZM8 12v-1.5h2a.5.5 0 0 0 .5-.5V8H12v2a2 2 0 0 1-2 2H8Zm2-12a2 2 0 0 1 2 2v2h-1.5V2a.5.5 0 0 0-.5-.5H8V0h2Z\" \/>\n\t\t\t<\/svg>\n\t\t<\/button><figcaption class=\"wp-element-caption\">Foto: Maur\u00edcio Moreno \/ Google Maps<\/figcaption><\/figure>\n\n\n\n<h3 class=\"wp-block-heading\"><span class=\"ez-toc-section\" id=\"6_A_Pedra_do_Arpoador_sziklanyulvany\"><\/span>6. A Pedra do Arpoador sziklany\u00falv\u00e1ny<span class=\"ez-toc-section-end\"><\/span><\/h3>\n\n\n\n<p class=\"wp-block-paragraph\">A ny\u00fczsg\u0151 Copacabana \u00e9s az eleg\u00e1ns Ipanema k\u00f6z\u00f6tt egy hatalmas sziklat\u00f6mb ny\u00falik m\u00e9lyen az \u00f3ce\u00e1nba, amely term\u00e9szetes hat\u00e1rt k\u00e9pez a k\u00e9t \u00f6b\u00f6l k\u00f6z\u00f6tt. <strong>A Pedra do Arpoador abszol\u00fat legenda a sz\u00f6rf\u00f6s\u00f6k k\u00f6r\u00e9ben<\/strong>, mert \u00e9pp itt t\u00f6rnek meg a legjobb \u00e9s legkiegyens\u00falyozottabb hull\u00e1mok az eg\u00e9sz v\u00e1rosban. Napk\u00f6zben a szikl\u00e1kr\u00f3l t\u00f6bb tucat sportol\u00f3t figyelhetsz, amint magabiztosan szel\u00edd\u00edtik a tenger elemi erej\u00e9t, mik\u00f6zben te a meleg k\u0151nek d\u0151lsz, \u00e9s besz\u00edvod a s\u00f3s \u00f3ce\u00e1ni leveg\u0151t.<\/p>\n\n\n\n<p class=\"wp-block-paragraph\">Az igazi el\u0151ad\u00e1s azonban csak alkonyatkor kezd\u0151dik itt, amikor a szikl\u00e1k megtelnek t\u00f6bb sz\u00e1z emberrel, akiket egyetlen k\u00f6z\u00f6s c\u00e9l vez\u00e9rel. <strong>A hagyom\u00e1ny \u00fagy sz\u00f3l, hogy amint a nap lenyugszik a fens\u00e9ges Dois Irm\u00e3os-hegy m\u00f6g\u00f6tt, az eg\u00e9sz t\u00f6meg lelkesen tapsolni kezd<\/strong>, ezzel k\u00f6sz\u00f6netet mondva a term\u00e9szetnek egy \u00fajabb gy\u00f6ny\u00f6r\u0171 nap\u00e9rt ebben a paradicsomi v\u00e1rosban. Ez hihetetlen\u00fcl er\u0151s \u00e9s meghat\u00f3 \u00e9lm\u00e9ny, amely t\u00f6k\u00e9letesen megragadja a meleg, \u00f6r\u00f6mteli brazil term\u00e9szetet, amelybe azonnal beleszeretsz.<\/p>\n\n\n\n<p class=\"wp-block-paragraph\">\ud83d\udca1 Tipp: <strong>Legal\u00e1bb egy \u00f3r\u00e1val a naplemente el\u0151tt \u00e9rkezz, hogy j\u00f3 \u00fcl\u0151helyet szerezz<\/strong>, mert a szikl\u00e1k sokszor t\u00f6mve vannak. Visszafel\u00e9 meg\u00e9ri bet\u00e9rni a k\u00f6rny\u00e9k valamelyik jap\u00e1n vagy olasz \u00e9tterm\u00e9be \u2013 ha nem vagy oda a h\u00fas\u00e9rt, itt megtal\u00e1lod a sz\u00e1m\u00edt\u00e1sodat.<\/p>\n\n\n\n<figure data-wp-context=\"{&quot;imageId&quot;:&quot;6a9c45fde21da&quot;}\" data-wp-interactive=\"core\/image\" data-wp-key=\"6a9c45fde21da\" class=\"wp-block-image size-full wp-lightbox-container\"><img decoding=\"async\" width=\"1254\" height=\"836\" data-wp-class--hide=\"state.isContentHidden\" data-wp-class--show=\"state.isContentVisible\" data-wp-init=\"callbacks.setButtonStyles\" data-wp-on--click=\"actions.showLightbox\" data-wp-on--load=\"callbacks.setButtonStyles\" data-wp-on--pointerdown=\"actions.preloadImage\" data-wp-on--pointerenter=\"actions.preloadImageWithDelay\" data-wp-on--pointerleave=\"actions.cancelPreload\" data-wp-on-window--resize=\"callbacks.setButtonStyles\" src=\"https:\/\/loudavymkrokem.cz\/wp-content\/uploads\/2026\/09\/escadaria-selar-n.jpg\" alt=\"Az Escadaria Selar\u00f3n l\u00e9pcs\u0151sor\" class=\"wp-image-413192\" title=\"\" srcset=\"https:\/\/loudavymkrokem.cz\/wp-content\/uploads\/2026\/09\/escadaria-selar-n.jpg 1254w, https:\/\/loudavymkrokem.cz\/wp-content\/uploads\/2026\/09\/escadaria-selar-n-300x200.jpg 300w, https:\/\/loudavymkrokem.cz\/wp-content\/uploads\/2026\/09\/escadaria-selar-n-700x467.jpg 700w, https:\/\/loudavymkrokem.cz\/wp-content\/uploads\/2026\/09\/escadaria-selar-n-768x512.jpg 768w, https:\/\/loudavymkrokem.cz\/wp-content\/uploads\/2026\/09\/escadaria-selar-n-696x464.jpg 696w\" sizes=\"(max-width: 1254px) 100vw, 1254px\" \/><button\n\t\t\tclass=\"lightbox-trigger\"\n\t\t\ttype=\"button\"\n\t\t\taria-haspopup=\"dialog\"\n\t\t\tdata-wp-bind--aria-label=\"state.thisImage.triggerButtonAriaLabel\"\n\t\t\tdata-wp-init=\"callbacks.initTriggerButton\"\n\t\t\tdata-wp-on--click=\"actions.showLightbox\"\n\t\t\tdata-wp-style--right=\"state.thisImage.buttonRight\"\n\t\t\tdata-wp-style--top=\"state.thisImage.buttonTop\"\n\t\t>\n\t\t\t<svg xmlns=\"http:\/\/www.w3.org\/2000\/svg\" width=\"12\" height=\"12\" fill=\"none\" viewBox=\"0 0 12 12\">\n\t\t\t\t<path fill=\"#fff\" d=\"M2 0a2 2 0 0 0-2 2v2h1.5V2a.5.5 0 0 1 .5-.5h2V0H2Zm2 10.5H2a.5.5 0 0 1-.5-.5V8H0v2a2 2 0 0 0 2 2h2v-1.5ZM8 12v-1.5h2a.5.5 0 0 0 .5-.5V8H12v2a2 2 0 0 1-2 2H8Zm2-12a2 2 0 0 1 2 2v2h-1.5V2a.5.5 0 0 0-.5-.5H8V0h2Z\" \/>\n\t\t\t<\/svg>\n\t\t<\/button><figcaption class=\"wp-element-caption\">Foto: Imanol Gallego \/ Google Maps<\/figcaption><\/figure>\n\n\n\n<h3 class=\"wp-block-heading\"><span class=\"ez-toc-section\" id=\"7_Az_Escadaria_Selaron_lepcsosor\"><\/span>7. Az Escadaria Selar\u00f3n l\u00e9pcs\u0151sor<span class=\"ez-toc-section-end\"><\/span><\/h3>\n\n\n\n<p class=\"wp-block-paragraph\">A boh\u00e9m Lapa v\u00e1rosr\u00e9szben egy olyan l\u00e9pcs\u0151sorra bukkansz, amelyet az Instagramon azonnal felismersz \u2013 m\u00e9g akkor is, ha nem tudod, hogy h\u00edvj\u00e1k. <strong>Az Escadaria Selar\u00f3n egy monument\u00e1lis, k\u00e9tsz\u00e1ztizen\u00f6t fokb\u00f3l \u00e1ll\u00f3 l\u00e9pcs\u0151sor<\/strong>, amelyet a chilei m\u0171v\u00e9sz, Jorge Selar\u00f3n fokozatosan burkolt be a vil\u00e1g minden t\u00e1j\u00e1r\u00f3l sz\u00e1rmaz\u00f3 ezernyi ragyog\u00f3, sz\u00ednes csemp\u00e9vel. \u00c9letm\u0171v\u00e9t t\u00f6bb mint h\u00fasz \u00e9ven \u00e1t alkotta a brazil n\u00e9p tisztelet\u00e9re, \u00e9s ma ez a tarkabarka folyos\u00f3 minden v\u00e1rosba l\u00e1togat\u00f3 sz\u00e1m\u00e1ra abszol\u00fat k\u00f6telez\u0151.<\/p>\n\n\n\n<p class=\"wp-block-paragraph\">Alaposabb vizsg\u00e1l\u00f3d\u00e1s sor\u00e1n r\u00e1j\u00f6ssz, hogy a csemp\u00e9k t\u00f6bb mint hatvan orsz\u00e1gb\u00f3l sz\u00e1rmaznak, \u00e9s sokat k\u00f6z\u00fcl\u00fck maguk a f\u00e1radhatatlan munk\u00e1j\u00e1nak rajong\u00f3i k\u00fcldtek neki. <strong>Minden ker\u00e1miadarab a maga t\u00f6rt\u00e9net\u00e9t mes\u00e9li el, \u00e9s az eg\u00e9sz mozaik folyamatosan \u00e1talakul<\/strong>, ahogy egyre feljebb haladsz a Santa Teresa m\u0171v\u00e9szi negyed fel\u00e9. A hely hangulat\u00e1t gyakran teszik teljess\u00e9 az utcazen\u00e9szek \u00e9s az apr\u00f3 szuven\u00edr\u00e1rusok, akik hamis\u00edtatlan helyi kolorittal ruh\u00e1zz\u00e1k fel a l\u00e9pcs\u0151sort.<\/p>\n\n\n\n<p class=\"wp-block-paragraph\">\ud83d\udca1 Tipp: <strong>Indulj ide m\u00e1r kora reggel, ide\u00e1lis esetben nyolc \u00f3ra k\u00f6r\u00fcl, k\u00fcl\u00f6nben a f\u00e9nyk\u00e9peiden m\u00e1s turist\u00e1k t\u00f6megei lesznek<\/strong>, mert napk\u00f6zben \u00f3ri\u00e1si torl\u00f3d\u00e1s alakul ki a l\u00e9pcs\u0151k\u00f6n. A l\u00e9pcs\u0151sor \u00f6sszek\u00f6ti a Lapa v\u00e1rosr\u00e9szt a Santa Teres\u00e1val, \u00edgy ha megm\u00e1sztad, z\u00f6kken\u0151mentesen folytathatod a felfedez\u00e9st a domboldalon l\u00e9v\u0151 t\u00f6rt\u00e9nelmi utc\u00e1kban.<\/p>\n\n\n\n<figure data-wp-context=\"{&quot;imageId&quot;:&quot;6a9c45fde263a&quot;}\" data-wp-interactive=\"core\/image\" data-wp-key=\"6a9c45fde263a\" class=\"wp-block-image size-full wp-lightbox-container\"><img decoding=\"async\" width=\"1080\" height=\"1350\" data-wp-class--hide=\"state.isContentHidden\" data-wp-class--show=\"state.isContentVisible\" data-wp-init=\"callbacks.setButtonStyles\" data-wp-on--click=\"actions.showLightbox\" data-wp-on--load=\"callbacks.setButtonStyles\" data-wp-on--pointerdown=\"actions.preloadImage\" data-wp-on--pointerenter=\"actions.preloadImageWithDelay\" data-wp-on--pointerleave=\"actions.cancelPreload\" data-wp-on-window--resize=\"callbacks.setButtonStyles\" src=\"https:\/\/loudavymkrokem.cz\/wp-content\/uploads\/2026\/09\/santa-teresa.jpg\" alt=\"Santa Teresa v\u00e1rosr\u00e9sz \u00e9s a t\u00f6rt\u00e9nelmi villamos\" class=\"wp-image-413195\" title=\"\" srcset=\"https:\/\/loudavymkrokem.cz\/wp-content\/uploads\/2026\/09\/santa-teresa.jpg 1080w, https:\/\/loudavymkrokem.cz\/wp-content\/uploads\/2026\/09\/santa-teresa-240x300.jpg 240w, https:\/\/loudavymkrokem.cz\/wp-content\/uploads\/2026\/09\/santa-teresa-700x875.jpg 700w, https:\/\/loudavymkrokem.cz\/wp-content\/uploads\/2026\/09\/santa-teresa-768x960.jpg 768w, https:\/\/loudavymkrokem.cz\/wp-content\/uploads\/2026\/09\/santa-teresa-696x870.jpg 696w\" sizes=\"(max-width: 1080px) 100vw, 1080px\" \/><button\n\t\t\tclass=\"lightbox-trigger\"\n\t\t\ttype=\"button\"\n\t\t\taria-haspopup=\"dialog\"\n\t\t\tdata-wp-bind--aria-label=\"state.thisImage.triggerButtonAriaLabel\"\n\t\t\tdata-wp-init=\"callbacks.initTriggerButton\"\n\t\t\tdata-wp-on--click=\"actions.showLightbox\"\n\t\t\tdata-wp-style--right=\"state.thisImage.buttonRight\"\n\t\t\tdata-wp-style--top=\"state.thisImage.buttonTop\"\n\t\t>\n\t\t\t<svg xmlns=\"http:\/\/www.w3.org\/2000\/svg\" width=\"12\" height=\"12\" fill=\"none\" viewBox=\"0 0 12 12\">\n\t\t\t\t<path fill=\"#fff\" d=\"M2 0a2 2 0 0 0-2 2v2h1.5V2a.5.5 0 0 1 .5-.5h2V0H2Zm2 10.5H2a.5.5 0 0 1-.5-.5V8H0v2a2 2 0 0 0 2 2h2v-1.5ZM8 12v-1.5h2a.5.5 0 0 0 .5-.5V8H12v2a2 2 0 0 1-2 2H8Zm2-12a2 2 0 0 1 2 2v2h-1.5V2a.5.5 0 0 0-.5-.5H8V0h2Z\" \/>\n\t\t\t<\/svg>\n\t\t<\/button><figcaption class=\"wp-element-caption\">Foto: Guilherme Carvalho \/ Google Maps<\/figcaption><\/figure>\n\n\n\n<h3 class=\"wp-block-heading\"><span class=\"ez-toc-section\" id=\"8_Santa_Teresa_varosresz_es_a_tortenelmi_villamos\"><\/span>8. Santa Teresa v\u00e1rosr\u00e9sz \u00e9s a t\u00f6rt\u00e9nelmi villamos<span class=\"ez-toc-section-end\"><\/span><\/h3>\n\n\n\n<p class=\"wp-block-paragraph\">Magasan a ny\u00fczsg\u0151 v\u00e1rosk\u00f6zpont feletti dombokon lapul egy fest\u0151i v\u00e1rosr\u00e9sz, amely mintha egy teljesen m\u00e1s \u00e9vsz\u00e1zadb\u00f3l pottyant volna ide. <strong>A Santa Teresa tele van sz\u0171k, macskak\u00f6ves utc\u00e1kkal, r\u00e9gi gyarmati vill\u00e1kkal \u00e9s f\u00fcggetlen m\u0171v\u00e9szm\u0171helyekkel<\/strong>, ami\u00e9rt a brazil Montmartre becenevet \u00e9rdemelte ki. A helyi kil\u00e1t\u00f3kr\u00f3l csod\u00e1latos panor\u00e1ma ny\u00edlik az \u00f6b\u00f6lre \u00e9s a m\u00e9lyen alattad l\u00e9v\u0151 modern felh\u0151karcol\u00f3kra, mik\u00f6zben te egy nyugodt k\u00e1v\u00e9z\u00f3ban \u00fclsz a magas f\u00e1k \u00e1rny\u00e9k\u00e1ban.<\/p>\n\n\n\n<p class=\"wp-block-paragraph\">A legikonikusabb m\u00f3dja annak, hogy ebbe a meredek v\u00e1rosr\u00e9szbe eljuss, az utaz\u00e1s a h\u00edres s\u00e1rga villamossal, amelyet bondinh\u00f3nak h\u00edvnak. <strong>A t\u00f6rt\u00e9nelmi villamos a Station of Santa Teresa trams meg\u00e1ll\u00f3b\u00f3l indul a k\u00f6zpontb\u00f3l, \u00e9s z\u00f6r\u00f6gve kapaszkodik fel a meredek dombokra<\/strong>, \u00fatk\u00f6zben \u00e1tkelve egy hatalmas feh\u00e9r v\u00edzvezet\u00e9ken. Csod\u00e1latos nosztalgikus \u00e9lm\u00e9ny, amelynek sor\u00e1n a hajadban \u00e9rzed a szelet, \u00e9s a v\u00e1rost egy teljesen egyedi, kiss\u00e9 megemelt perspekt\u00edv\u00e1b\u00f3l l\u00e1tod.<\/p>\n\n\n\n<p class=\"wp-block-paragraph\">\ud83d\udca1 Tipp: <strong>A helyi fest\u0151i bisztr\u00f3kban felt\u00e9tlen\u00fcl rendelj kiv\u00e1l\u00f3 tapiok\u00e1t, ami egy glut\u00e9nmentes palacsinta mani\u00f3ka-lisztb\u0151l<\/strong>, amelyet sz\u00edvesen megt\u00f6ltenek sajttal, paradicsommal \u00e9s friss f\u0171szern\u00f6v\u00e9nyekkel. Hagyom\u00e1nyos, laktat\u00f3, m\u00e9gis k\u00f6nny\u0171 h\u00fasmentes \u00e9tel, amely t\u00f6k\u00e9letesen illik ennek a m\u0171v\u00e9szi negyednek a nyugis hangulat\u00e1hoz.<\/p>\n\n\n\n<figure data-wp-context=\"{&quot;imageId&quot;:&quot;6a9c45fde2adb&quot;}\" data-wp-interactive=\"core\/image\" data-wp-key=\"6a9c45fde2adb\" class=\"wp-block-image size-full wp-lightbox-container\"><img decoding=\"async\" width=\"1600\" height=\"1600\" data-wp-class--hide=\"state.isContentHidden\" data-wp-class--show=\"state.isContentVisible\" data-wp-init=\"callbacks.setButtonStyles\" data-wp-on--click=\"actions.showLightbox\" data-wp-on--load=\"callbacks.setButtonStyles\" data-wp-on--pointerdown=\"actions.preloadImage\" data-wp-on--pointerenter=\"actions.preloadImageWithDelay\" data-wp-on--pointerleave=\"actions.cancelPreload\" data-wp-on-window--resize=\"callbacks.setButtonStyles\" src=\"https:\/\/loudavymkrokem.cz\/wp-content\/uploads\/2026\/09\/arcos-da-lapa.jpg\" alt=\"Az Arcos da Lapa v\u00edzvezet\u00e9k\" class=\"wp-image-413198\" title=\"\" srcset=\"https:\/\/loudavymkrokem.cz\/wp-content\/uploads\/2026\/09\/arcos-da-lapa.jpg 1600w, https:\/\/loudavymkrokem.cz\/wp-content\/uploads\/2026\/09\/arcos-da-lapa-300x300.jpg 300w, https:\/\/loudavymkrokem.cz\/wp-content\/uploads\/2026\/09\/arcos-da-lapa-700x700.jpg 700w, https:\/\/loudavymkrokem.cz\/wp-content\/uploads\/2026\/09\/arcos-da-lapa-150x150.jpg 150w, https:\/\/loudavymkrokem.cz\/wp-content\/uploads\/2026\/09\/arcos-da-lapa-768x768.jpg 768w, https:\/\/loudavymkrokem.cz\/wp-content\/uploads\/2026\/09\/arcos-da-lapa-1536x1536.jpg 1536w, https:\/\/loudavymkrokem.cz\/wp-content\/uploads\/2026\/09\/arcos-da-lapa-696x696.jpg 696w, https:\/\/loudavymkrokem.cz\/wp-content\/uploads\/2026\/09\/arcos-da-lapa-1392x1392.jpg 1392w\" sizes=\"(max-width: 1600px) 100vw, 1600px\" \/><button\n\t\t\tclass=\"lightbox-trigger\"\n\t\t\ttype=\"button\"\n\t\t\taria-haspopup=\"dialog\"\n\t\t\tdata-wp-bind--aria-label=\"state.thisImage.triggerButtonAriaLabel\"\n\t\t\tdata-wp-init=\"callbacks.initTriggerButton\"\n\t\t\tdata-wp-on--click=\"actions.showLightbox\"\n\t\t\tdata-wp-style--right=\"state.thisImage.buttonRight\"\n\t\t\tdata-wp-style--top=\"state.thisImage.buttonTop\"\n\t\t>\n\t\t\t<svg xmlns=\"http:\/\/www.w3.org\/2000\/svg\" width=\"12\" height=\"12\" fill=\"none\" viewBox=\"0 0 12 12\">\n\t\t\t\t<path fill=\"#fff\" d=\"M2 0a2 2 0 0 0-2 2v2h1.5V2a.5.5 0 0 1 .5-.5h2V0H2Zm2 10.5H2a.5.5 0 0 1-.5-.5V8H0v2a2 2 0 0 0 2 2h2v-1.5ZM8 12v-1.5h2a.5.5 0 0 0 .5-.5V8H12v2a2 2 0 0 1-2 2H8Zm2-12a2 2 0 0 1 2 2v2h-1.5V2a.5.5 0 0 0-.5-.5H8V0h2Z\" \/>\n\t\t\t<\/svg>\n\t\t<\/button><figcaption class=\"wp-element-caption\">Foto: W Travel \/ Google Maps<\/figcaption><\/figure>\n\n\n\n<h3 class=\"wp-block-heading\"><span class=\"ez-toc-section\" id=\"9_Az_Arcos_da_Lapa_vizvezetek\"><\/span>9. Az Arcos da Lapa v\u00edzvezet\u00e9k<span class=\"ez-toc-section-end\"><\/span><\/h3>\n\n\n\n<p class=\"wp-block-paragraph\">Amint meg\u00e9rkezel a Lap\u00e1ba, azonnal megakad a szemed a hatalmas feh\u00e9r v\u00edzvezet\u00e9ken, amely teljesen uralja az eg\u00e9sz teret. <strong>Az Arcos da Lapa egy tizennyolcadik sz\u00e1zadi monument\u00e1lis v\u00edzvezet\u00e9k, amely r\u00e9gen iv\u00f3vizet vezetett a k\u00f6rnyez\u0151 dombokr\u00f3l<\/strong> egyenesen a gyorsan n\u00f6vekv\u0151 gyarmati v\u00e1ros k\u00f6zpontj\u00e1ba. Negyvenk\u00e9t massz\u00edv \u00edv\u00e9vel a portug\u00e1l \u00e9p\u00edt\u00e9szet egyik legjelent\u0151sebb eml\u00e9k\u00e9t k\u00e9pviseli az eg\u00e9sz orsz\u00e1gban.<\/p>\n\n\n\n<p class=\"wp-block-paragraph\">B\u00e1r v\u00edz m\u00e1r r\u00e9g nem folyik benne, az \u00e9p\u00edtm\u00e9ny \u00faj \u00e9s nem kev\u00e9sb\u00e9 fontos felhaszn\u00e1l\u00e1st tal\u00e1lt a modern k\u00f6zleked\u00e9sben. <strong>\u00c9pp ennek a t\u00f6rt\u00e9nelmi v\u00edzvezet\u00e9knek a tetej\u00e9n z\u00f6r\u00f6g ma a legend\u00e1s s\u00e1rga villamos a Santa Teresa fel\u00e9<\/strong>, ami hihetetlen\u00fcl fotog\u00e9n kontrasztot teremt a r\u00e9gi \u00e9s az \u00faj k\u00f6z\u00f6tt. Az \u00edvek alatti t\u00e9r f\u0151leg p\u00e9ntek este kel \u00e9letre, amikor a helyiek vad utcai mulats\u00e1gokra gy\u0171lnek \u00f6ssze, telve t\u00e1nccal \u00e9s hangos zen\u00e9vel.<\/p>\n\n\n\n<p class=\"wp-block-paragraph\">\ud83d\udca1 Tipp: <strong>A legszebb fot\u00f3kat a v\u00edzvezet\u00e9kr\u0151l kis t\u00e1vols\u00e1gb\u00f3l, a Pra\u00e7a Cardeal C\u00e2mara t\u00e9rr\u0151l k\u00e9sz\u00edted<\/strong>, ahonnan sz\u00e9pen kirajzol\u00f3dik az eg\u00e9sz impoz\u00e1ns hossza \u00e9s ragyog\u00f3 feh\u00e9r sz\u00edne. Ha el akarod ker\u00fclni az \u00e9jszakai t\u00f6meget \u00e9s a partyhangulatot, ink\u00e1bb h\u00e9tv\u00e9gi d\u00e9lel\u0151tt l\u00e1togasd meg ezt a helyet, amikor a k\u00f6rny\u00e9k gy\u00f6ny\u00f6r\u0171en nyugodt.<\/p>\n\n\n\n<figure data-wp-context=\"{&quot;imageId&quot;:&quot;6a9c45fde2fce&quot;}\" data-wp-interactive=\"core\/image\" data-wp-key=\"6a9c45fde2fce\" class=\"wp-block-image size-full wp-lightbox-container\"><img decoding=\"async\" width=\"1600\" height=\"1200\" data-wp-class--hide=\"state.isContentHidden\" data-wp-class--show=\"state.isContentVisible\" data-wp-init=\"callbacks.setButtonStyles\" data-wp-on--click=\"actions.showLightbox\" data-wp-on--load=\"callbacks.setButtonStyles\" data-wp-on--pointerdown=\"actions.preloadImage\" data-wp-on--pointerenter=\"actions.preloadImageWithDelay\" data-wp-on--pointerleave=\"actions.cancelPreload\" data-wp-on-window--resize=\"callbacks.setButtonStyles\" src=\"https:\/\/loudavymkrokem.cz\/wp-content\/uploads\/2026\/09\/parque-das-ru-nas.jpg\" alt=\"A Parque das Ru\u00ednas gal\u00e9ria\" class=\"wp-image-413202\" title=\"\" srcset=\"https:\/\/loudavymkrokem.cz\/wp-content\/uploads\/2026\/09\/parque-das-ru-nas.jpg 1600w, https:\/\/loudavymkrokem.cz\/wp-content\/uploads\/2026\/09\/parque-das-ru-nas-300x225.jpg 300w, https:\/\/loudavymkrokem.cz\/wp-content\/uploads\/2026\/09\/parque-das-ru-nas-700x525.jpg 700w, https:\/\/loudavymkrokem.cz\/wp-content\/uploads\/2026\/09\/parque-das-ru-nas-768x576.jpg 768w, https:\/\/loudavymkrokem.cz\/wp-content\/uploads\/2026\/09\/parque-das-ru-nas-1536x1152.jpg 1536w, https:\/\/loudavymkrokem.cz\/wp-content\/uploads\/2026\/09\/parque-das-ru-nas-80x60.jpg 80w, https:\/\/loudavymkrokem.cz\/wp-content\/uploads\/2026\/09\/parque-das-ru-nas-160x120.jpg 160w, https:\/\/loudavymkrokem.cz\/wp-content\/uploads\/2026\/09\/parque-das-ru-nas-696x522.jpg 696w, https:\/\/loudavymkrokem.cz\/wp-content\/uploads\/2026\/09\/parque-das-ru-nas-1392x1044.jpg 1392w\" sizes=\"(max-width: 1600px) 100vw, 1600px\" \/><button\n\t\t\tclass=\"lightbox-trigger\"\n\t\t\ttype=\"button\"\n\t\t\taria-haspopup=\"dialog\"\n\t\t\tdata-wp-bind--aria-label=\"state.thisImage.triggerButtonAriaLabel\"\n\t\t\tdata-wp-init=\"callbacks.initTriggerButton\"\n\t\t\tdata-wp-on--click=\"actions.showLightbox\"\n\t\t\tdata-wp-style--right=\"state.thisImage.buttonRight\"\n\t\t\tdata-wp-style--top=\"state.thisImage.buttonTop\"\n\t\t>\n\t\t\t<svg xmlns=\"http:\/\/www.w3.org\/2000\/svg\" width=\"12\" height=\"12\" fill=\"none\" viewBox=\"0 0 12 12\">\n\t\t\t\t<path fill=\"#fff\" d=\"M2 0a2 2 0 0 0-2 2v2h1.5V2a.5.5 0 0 1 .5-.5h2V0H2Zm2 10.5H2a.5.5 0 0 1-.5-.5V8H0v2a2 2 0 0 0 2 2h2v-1.5ZM8 12v-1.5h2a.5.5 0 0 0 .5-.5V8H12v2a2 2 0 0 1-2 2H8Zm2-12a2 2 0 0 1 2 2v2h-1.5V2a.5.5 0 0 0-.5-.5H8V0h2Z\" \/>\n\t\t\t<\/svg>\n\t\t<\/button><figcaption class=\"wp-element-caption\">Foto: Andr\u00e9 Marcelo de Lourdes \/ Google Maps<\/figcaption><\/figure>\n\n\n\n<h3 class=\"wp-block-heading\"><span class=\"ez-toc-section\" id=\"10_A_Parque_das_Ruinas_galeria\"><\/span>10. A Parque das Ru\u00ednas gal\u00e9ria<span class=\"ez-toc-section-end\"><\/span><\/h3>\n\n\n\n<p class=\"wp-block-paragraph\">A t\u00f6rt\u00e9nelmi Santa Teresa sz\u00edv\u00e9ben tal\u00e1lhat\u00f3 egy \u00e9p\u00edt\u00e9szeti \u00e9kszer, amely zseni\u00e1lis m\u00f3don k\u00f6ti \u00f6ssze a dics\u0151 m\u00faltat a modern diz\u00e1jnnal. <strong>A Parque das Ru\u00ednas egy leny\u0171g\u00f6z\u0151 k\u00f6zpark \u00e9s kultur\u00e1lis k\u00f6zpont, amelyet egyenesen egy r\u00e9gi nemesi villa maradv\u00e1nyaiba \u00e9p\u00edtettek<\/strong>, amely egy gazdag brazil m\u0171p\u00e1rtol\u00f3n\u0151\u00e9 volt. Az \u00e9p\u00edt\u00e9szek meg\u0151rizt\u00e9k a csupasz t\u00e9glafalakat, \u00e9s modern ac\u00e9ll\u00e9pcs\u0151vel, valamint hatalmas \u00fcvegpanelekkel eg\u00e9sz\u00edtett\u00e9k ki \u0151ket, \u00edgy egy teljesen egyedi t\u00e9r j\u00f6tt l\u00e9tre.<\/p>\n\n\n\n<p class=\"wp-block-paragraph\">Ennek a fel\u00faj\u00edtott romnak a legfels\u0151 emeleteir\u0151l olyan kil\u00e1t\u00e1s t\u00e1rul el\u00e9d, amelyre eg\u00e9sz \u00e9letedben eml\u00e9kezni fogsz. <strong>A kil\u00e1t\u00f3teraszok zavartalan panor\u00e1m\u00e1t k\u00edn\u00e1lnak az eg\u00e9sz t\u00f6rt\u00e9nelmi k\u00f6zpontra, a Cukors\u00fcveg-hegyre \u00e9s a Guanabara-\u00f6b\u00f6lre<\/strong>, mindezt b\u00e1rmif\u00e9le bel\u00e9p\u0151d\u00edj n\u00e9lk\u00fcl. Az \u00e9p\u00fclet ter\u00fclet\u00e9n rendszeresen tartanak szabadt\u00e9ri koncerteket, sz\u00ednh\u00e1zi el\u0151ad\u00e1sokat \u00e9s kort\u00e1rs m\u0171v\u00e9szeti ki\u00e1ll\u00edt\u00e1sokat, amelyek a helyi \u00e9rtelmis\u00e9get \u00e9s a k\u00edv\u00e1ncsi utaz\u00f3kat egyar\u00e1nt vonzz\u00e1k.<\/p>\n\n\n\n<p class=\"wp-block-paragraph\">\ud83d\udca1 Tipp: <strong>Az \u00e9p\u00fclet f\u00f6ldszintj\u00e9n kiv\u00e1l\u00f3 kis k\u00e1v\u00e9z\u00f3 m\u0171k\u00f6dik k\u00fclt\u00e9ri \u00fcl\u0151helyekkel<\/strong>, ahol jeges k\u00e1v\u00e9t ihatsz, \u00e9s figyelheted a k\u00f6r\u00fcl\u00f6tted zajl\u00f3 ny\u00fczsg\u00e9st. A nyitvatart\u00e1si id\u0151 a folyamatban l\u00e9v\u0151 kultur\u00e1lis esem\u00e9nyek szerint v\u00e1ltozhat, ez\u00e9rt l\u00e1togat\u00e1s el\u0151tt ellen\u0151rizd, hogy nem \u00e9ppen h\u00e9tf\u0151 van-e, amikor Rio legt\u00f6bb m\u00fazeuma \u00e9s gal\u00e9ri\u00e1ja szigor\u00faan z\u00e1rva tart.<\/p>\n\n\n\n<figure data-wp-context=\"{&quot;imageId&quot;:&quot;6a9c45fde3458&quot;}\" data-wp-interactive=\"core\/image\" data-wp-key=\"6a9c45fde3458\" class=\"wp-block-image size-full wp-lightbox-container\"><img decoding=\"async\" width=\"1600\" height=\"2125\" data-wp-class--hide=\"state.isContentHidden\" data-wp-class--show=\"state.isContentVisible\" data-wp-init=\"callbacks.setButtonStyles\" data-wp-on--click=\"actions.showLightbox\" data-wp-on--load=\"callbacks.setButtonStyles\" data-wp-on--pointerdown=\"actions.preloadImage\" data-wp-on--pointerenter=\"actions.preloadImageWithDelay\" data-wp-on--pointerleave=\"actions.cancelPreload\" data-wp-on-window--resize=\"callbacks.setButtonStyles\" src=\"https:\/\/loudavymkrokem.cz\/wp-content\/uploads\/2026\/09\/tijuca-national-park.jpg\" alt=\"V\u00e1rosi es\u0151erd\u0151 \u2013 Tijuca Nemzeti Park\" class=\"wp-image-413205\" title=\"\" srcset=\"https:\/\/loudavymkrokem.cz\/wp-content\/uploads\/2026\/09\/tijuca-national-park.jpg 1600w, https:\/\/loudavymkrokem.cz\/wp-content\/uploads\/2026\/09\/tijuca-national-park-226x300.jpg 226w, https:\/\/loudavymkrokem.cz\/wp-content\/uploads\/2026\/09\/tijuca-national-park-700x930.jpg 700w, https:\/\/loudavymkrokem.cz\/wp-content\/uploads\/2026\/09\/tijuca-national-park-768x1020.jpg 768w, https:\/\/loudavymkrokem.cz\/wp-content\/uploads\/2026\/09\/tijuca-national-park-1157x1536.jpg 1157w, https:\/\/loudavymkrokem.cz\/wp-content\/uploads\/2026\/09\/tijuca-national-park-1542x2048.jpg 1542w, https:\/\/loudavymkrokem.cz\/wp-content\/uploads\/2026\/09\/tijuca-national-park-696x924.jpg 696w, https:\/\/loudavymkrokem.cz\/wp-content\/uploads\/2026\/09\/tijuca-national-park-1392x1849.jpg 1392w\" sizes=\"(max-width: 1600px) 100vw, 1600px\" \/><button\n\t\t\tclass=\"lightbox-trigger\"\n\t\t\ttype=\"button\"\n\t\t\taria-haspopup=\"dialog\"\n\t\t\tdata-wp-bind--aria-label=\"state.thisImage.triggerButtonAriaLabel\"\n\t\t\tdata-wp-init=\"callbacks.initTriggerButton\"\n\t\t\tdata-wp-on--click=\"actions.showLightbox\"\n\t\t\tdata-wp-style--right=\"state.thisImage.buttonRight\"\n\t\t\tdata-wp-style--top=\"state.thisImage.buttonTop\"\n\t\t>\n\t\t\t<svg xmlns=\"http:\/\/www.w3.org\/2000\/svg\" width=\"12\" height=\"12\" fill=\"none\" viewBox=\"0 0 12 12\">\n\t\t\t\t<path fill=\"#fff\" d=\"M2 0a2 2 0 0 0-2 2v2h1.5V2a.5.5 0 0 1 .5-.5h2V0H2Zm2 10.5H2a.5.5 0 0 1-.5-.5V8H0v2a2 2 0 0 0 2 2h2v-1.5ZM8 12v-1.5h2a.5.5 0 0 0 .5-.5V8H12v2a2 2 0 0 1-2 2H8Zm2-12a2 2 0 0 1 2 2v2h-1.5V2a.5.5 0 0 0-.5-.5H8V0h2Z\" \/>\n\t\t\t<\/svg>\n\t\t<\/button><figcaption class=\"wp-element-caption\">Foto: Clifford Aldan \/ Google Maps<\/figcaption><\/figure>\n\n\n\n<h3 class=\"wp-block-heading\"><span class=\"ez-toc-section\" id=\"11_Varosi_esoerdo_%E2%80%93_Tijuca_Nemzeti_Park\"><\/span>11. V\u00e1rosi es\u0151erd\u0151 \u2013 Tijuca Nemzeti Park<span class=\"ez-toc-section-end\"><\/span><\/h3>\n\n\n\n<p class=\"wp-block-paragraph\">M\u00edg m\u00e1s nagyv\u00e1rosoknak kiterjedt parkjaik \u00e9s kertjeik vannak, Rio de Janeiro valami sokkal vadabbal \u00e9s monument\u00e1lisabbal b\u00fcszk\u00e9lkedhet. <strong>A Tijuca Nemzeti Park egy hatalmas v\u00e1rosi es\u0151erd\u0151, amely meredek hegymassz\u00edvumokat bor\u00edt egyenesen egy milli\u00f3s metropolisz k\u00f6zep\u00e9n.<\/strong> A v\u00e1ros e z\u00f6ld t\u00fcdeje nemcsak a leveg\u0151t tiszt\u00edtja \u00e9s a tr\u00f3pusi kl\u00edm\u00e1t h\u0171ti, hanem mened\u00e9ket is ny\u00fajt az egzotikus \u00e1llatok ezernyi faj\u00e1nak, \u00f3ri\u00e1si lepk\u00e9knek \u00e9s a szemtelen\u00fcl k\u00edv\u00e1ncsi majmoknak.<\/p>\n\n\n\n<p class=\"wp-block-paragraph\">Az eg\u00e9sz es\u0151erd\u0151t karbantartott turista\u00f6sv\u00e9nyek h\u00e1l\u00f3zata sz\u00f6vi \u00e1t, amelyek z\u00fag\u00f3 v\u00edzes\u00e9sekhez, s\u00f6t\u00e9t barlangokhoz \u00e9s l\u00e9legzetel\u00e1ll\u00edt\u00f3 kil\u00e1t\u00f3pontokhoz vezetnek. <strong>Az \u0151s\u00f6reg f\u00e1k koron\u00e1i alatt s\u00e9t\u00e1lva teljesen elfelejted, hogy D\u00e9l-Amerika egyik legny\u00fczsg\u0151bb v\u00e1ros\u00e1ban vagy<\/strong>, mert a forgalom zaj\u00e1t itt teljesen helyettes\u00edti a tarkabarka papag\u00e1jok rikoltoz\u00e1sa. A hely t\u00f6rt\u00e9nete leny\u0171g\u00f6z\u0151, mert az erd\u0151t a tizenkilencedik sz\u00e1zadban k\u00e9zzel telep\u00edtett\u00e9k \u00fajra, miut\u00e1n az eredeti n\u00f6v\u00e9nytakar\u00f3t a k\u00e1v\u00e9\u00fcltetv\u00e9nyek elpuszt\u00edtott\u00e1k.<\/p>\n\n\n\n<p class=\"wp-block-paragraph\">\ud83d\udca1 Tipp: <strong>Az es\u0151erd\u0151 felfedez\u00e9s\u00e9hez ide\u00e1lis esetben fogadj fel egy dzsippel k\u00f6zleked\u0151, enged\u00e9llyel rendelkez\u0151 idegenvezet\u0151t<\/strong>, mert a park kiterjed\u00e9se \u00f3ri\u00e1si, \u00e9s a t\u00e1j\u00e9koz\u00f3d\u00e1s az es\u0151erdei \u00f6sv\u00e9nyeken becsap\u00f3s lehet. Ne feledj er\u0151s rovarriaszt\u00f3t \u00e9s egy k\u00f6nny\u0171 es\u0151kab\u00e1tot bepakolni, mert a f\u00e1k alatti mikrokl\u00edma jelent\u0151sen p\u00e1r\u00e1sabb \u00e9s h\u0171v\u00f6sebb, mint lent a strandokon.<\/p>\n\n\n\n<figure data-wp-context=\"{&quot;imageId&quot;:&quot;6a9c45fde391e&quot;}\" data-wp-interactive=\"core\/image\" data-wp-key=\"6a9c45fde391e\" class=\"wp-block-image size-full wp-lightbox-container\"><img decoding=\"async\" width=\"1600\" height=\"1200\" data-wp-class--hide=\"state.isContentHidden\" data-wp-class--show=\"state.isContentVisible\" data-wp-init=\"callbacks.setButtonStyles\" data-wp-on--click=\"actions.showLightbox\" data-wp-on--load=\"callbacks.setButtonStyles\" data-wp-on--pointerdown=\"actions.preloadImage\" data-wp-on--pointerenter=\"actions.preloadImageWithDelay\" data-wp-on--pointerleave=\"actions.cancelPreload\" data-wp-on-window--resize=\"callbacks.setButtonStyles\" src=\"https:\/\/loudavymkrokem.cz\/wp-content\/uploads\/2026\/09\/mirante-dona-marta.jpg\" alt=\"A Mirante Dona Marta kil\u00e1t\u00f3\" class=\"wp-image-413209\" title=\"\" srcset=\"https:\/\/loudavymkrokem.cz\/wp-content\/uploads\/2026\/09\/mirante-dona-marta.jpg 1600w, https:\/\/loudavymkrokem.cz\/wp-content\/uploads\/2026\/09\/mirante-dona-marta-300x225.jpg 300w, https:\/\/loudavymkrokem.cz\/wp-content\/uploads\/2026\/09\/mirante-dona-marta-700x525.jpg 700w, https:\/\/loudavymkrokem.cz\/wp-content\/uploads\/2026\/09\/mirante-dona-marta-768x576.jpg 768w, https:\/\/loudavymkrokem.cz\/wp-content\/uploads\/2026\/09\/mirante-dona-marta-1536x1152.jpg 1536w, https:\/\/loudavymkrokem.cz\/wp-content\/uploads\/2026\/09\/mirante-dona-marta-80x60.jpg 80w, https:\/\/loudavymkrokem.cz\/wp-content\/uploads\/2026\/09\/mirante-dona-marta-160x120.jpg 160w, https:\/\/loudavymkrokem.cz\/wp-content\/uploads\/2026\/09\/mirante-dona-marta-696x522.jpg 696w, https:\/\/loudavymkrokem.cz\/wp-content\/uploads\/2026\/09\/mirante-dona-marta-1392x1044.jpg 1392w\" sizes=\"(max-width: 1600px) 100vw, 1600px\" \/><button\n\t\t\tclass=\"lightbox-trigger\"\n\t\t\ttype=\"button\"\n\t\t\taria-haspopup=\"dialog\"\n\t\t\tdata-wp-bind--aria-label=\"state.thisImage.triggerButtonAriaLabel\"\n\t\t\tdata-wp-init=\"callbacks.initTriggerButton\"\n\t\t\tdata-wp-on--click=\"actions.showLightbox\"\n\t\t\tdata-wp-style--right=\"state.thisImage.buttonRight\"\n\t\t\tdata-wp-style--top=\"state.thisImage.buttonTop\"\n\t\t>\n\t\t\t<svg xmlns=\"http:\/\/www.w3.org\/2000\/svg\" width=\"12\" height=\"12\" fill=\"none\" viewBox=\"0 0 12 12\">\n\t\t\t\t<path fill=\"#fff\" d=\"M2 0a2 2 0 0 0-2 2v2h1.5V2a.5.5 0 0 1 .5-.5h2V0H2Zm2 10.5H2a.5.5 0 0 1-.5-.5V8H0v2a2 2 0 0 0 2 2h2v-1.5ZM8 12v-1.5h2a.5.5 0 0 0 .5-.5V8H12v2a2 2 0 0 1-2 2H8Zm2-12a2 2 0 0 1 2 2v2h-1.5V2a.5.5 0 0 0-.5-.5H8V0h2Z\" \/>\n\t\t\t<\/svg>\n\t\t<\/button><figcaption class=\"wp-element-caption\">Foto: Leonardo Pessoa \/ Google Maps<\/figcaption><\/figure>\n\n\n\n<!-- LKM_GYG_CARD start q=\"rio de janeiro\" lang=\"hu\" rendered=\"2026-09-05T12:35:38+00:00\" v=\"1\" -->\n<style id=\"lk-gyg-styles\">\n@import url(\"https:\/\/fonts.googleapis.com\/css2?family=Playfair+Display:wght@700&family=DM+Sans:wght@300;400;500;600&display=swap\");\n\/* === LK GYG karty \u2014 CRO redesign 2026-05 (namespace .lkx-) ===\n   C\u00edl: vy\u0161\u0161\u00ed CTR (hero + v\u00fdrazn\u00fd social proof + ak\u010dn\u00ed CTA, m\u00e9n\u011b \"reklamn\u00ed\").\n   Injektuje se inline do prvn\u00edho markeru postu (refresh_cards.py --inline-css). *\/\n.lkx-module, .lkx-module *{box-sizing:border-box;margin:0;padding:0}\n.lkx-module{\n  font-family:'DM Sans',-apple-system,Segoe UI,Roboto,Georgia,sans-serif;\n  max-width:860px;margin:2.5rem auto;color:#1f2328;\n}\n\n\/* HEADER \u2014 lehk\u00fd editorsk\u00fd, \u017e\u00e1dn\u00fd bannerov\u00fd blok; nadpis + popisek pod n\u00edm *\/\n.lkx-head{margin-bottom:16px}\n.lkx-head-main{display:flex;align-items:center;gap:10px}\n.lkx-head-accent{width:26px;height:3px;border-radius:2px;background:#c39f76;flex-shrink:0}\n.lkx-head-title{font-family:'Playfair Display',Georgia,serif;font-size:21px;font-weight:700;color:#1a1a1a;line-height:1.25}\n.lkx-head-meta{display:block;font-size:11px;letter-spacing:.3px;color:#9aa0a6;margin-top:4px;margin-left:36px}\n\n\/* HERO *\/\n.lkx-hero{display:grid;grid-template-columns:300px 1fr;background:#fff;border:1px solid #ece7df;border-radius:14px;overflow:hidden;text-decoration:none!important;color:inherit;box-shadow:0 6px 20px rgba(0,0,0,.06);transition:box-shadow .2s,transform .2s;margin-bottom:14px}\n.lkx-hero:hover{box-shadow:0 12px 30px rgba(0,0,0,.12);transform:translateY(-2px)}\n.lkx-hero-img{position:relative;min-height:230px;background-size:cover;background-position:center;background-color:#eee}\n.lkx-hero-body{padding:22px 24px;display:flex;flex-direction:column}\n.lkx-pick{position:absolute;top:12px;left:12px;background:#1a1a1a;color:#fff;font-size:11px;font-weight:700;letter-spacing:.5px;padding:5px 11px;border-radius:20px}\n\n\/* TITLE *\/\n.lkx-title{font-size:19px;font-weight:700;color:#161616;line-height:1.3}\n.lkx-title-sm{font-size:14.5px;line-height:1.35;display:-webkit-box;-webkit-line-clamp:2;-webkit-box-orient:vertical;overflow:hidden}\n\n\/* SOCIAL PROOF \u2014 v\u00fdrazn\u011b, naho\u0159e *\/\n.lkx-proof{display:flex;align-items:center;gap:7px;margin-top:12px;font-size:15px;color:#3a3a3a}\n.lkx-proof b{font-size:16px;color:#161616}\n.lkx-stars{color:#f5a623;letter-spacing:1px}\n.lkx-proof-sm{font-size:12.5px;margin-top:8px;gap:5px}\n.lkx-proof-sm b{font-size:13px}\n.lkx-proof-new{color:#3685fc;font-weight:600}\n\n\/* PRICE \u2014 n\u00edzk\u00e1 kotva *\/\n.lkx-price{font-size:14px;color:#6b7280}\n.lkx-price b{font-size:20px;color:#161616;font-weight:700}\n.lkx-price-sm b{font-size:15px}\n\n\/* CTA \u2014 tepl\u00e9 ak\u010dn\u00ed tla\u010d\u00edtko *\/\n.lkx-cta{display:inline-flex;align-items:center;justify-content:center;text-decoration:none!important;font-weight:700;color:#fff!important;background:linear-gradient(135deg,#f6743f,#e8552a);border-radius:10px;box-shadow:0 6px 16px rgba(232,85,42,.32);transition:box-shadow .2s}\n.lkx-cta-hero{font-size:15px;padding:13px 22px}\n.lkx-hero:hover .lkx-cta-hero{box-shadow:0 8px 22px rgba(232,85,42,.45)}\n.lkx-cta-sm{font-size:12.5px;padding:9px 14px;width:100%;margin-top:2px}\n.lkx-hero-bottom{margin-top:auto;padding-top:18px;display:flex;align-items:center;justify-content:space-between;gap:14px;flex-wrap:wrap}\n\n\/* BADGE \u2014 jeden v\u00fdrazn\u00fd na fotce *\/\n.lkx-badge{position:absolute;top:12px;right:12px;font-size:10.5px;font-weight:700;letter-spacing:.3px;padding:5px 10px;border-radius:16px;color:#fff}\n.lkx-badge.badge-urgency{background:rgba(214,40,40,.92)}\n.lkx-badge.badge-new{background:rgba(54,133,252,.92)}\n.lkx-badge.badge-top{background:rgba(195,159,118,.95)}\n.lkx-badge.badge-info{background:rgba(40,40,40,.78)}\n\n\/* SECONDARY GRID *\/\n.lkx-grid{display:grid;grid-template-columns:1fr 1fr;gap:14px}\n.lkx-card{background:#fff;border:1px solid #ece7df;border-radius:14px;overflow:hidden;text-decoration:none!important;color:inherit;box-shadow:0 4px 14px rgba(0,0,0,.05);display:flex;flex-direction:column;transition:box-shadow .2s,transform .2s}\n.lkx-card:hover{box-shadow:0 10px 24px rgba(0,0,0,.1);transform:translateY(-2px)}\n.lkx-card-img{position:relative;aspect-ratio:16\/10;background-size:cover;background-position:center;background-color:#eee}\n.lkx-card-body{padding:14px 16px 16px;display:flex;flex-direction:column;gap:7px;flex:1}\n.lkx-card-bottom{margin-top:auto;padding-top:10px;display:flex;align-items:center;justify-content:space-between;gap:8px}\n\n\/* DISCLOSURE \u2014 drobn\u00e1, kv\u016fli d\u016fv\u011b\u0159e\/z\u00e1konu *\/\n.lkx-disclosure{font-size:11px;color:#a7adb3;text-align:center;margin-top:14px;line-height:1.6}\n.lkx-disclosure a{color:#c39f76;text-decoration:none}\n\n@media(max-width:680px){\n  .lkx-hero{grid-template-columns:1fr}\n  .lkx-hero-img{min-height:180px}\n  .lkx-grid{grid-template-columns:1fr}\n  .lkx-head-meta{margin-left:0;width:100%}\n  .lkx-head-title{font-size:19px}\n}\n\n<\/style>\n<div class=\"lkx-module\" data-query=\"rio de janeiro\">\n  <div class=\"lkx-head\">\n    <div class=\"lkx-head-main\">\n      <span class=\"lkx-head-accent\"><\/span>\n      <span class=\"lkx-head-title\">\u00c9lm\u00e9nyek \u00e9s bel\u00e9p\u0151jegyek<\/span>\n    <\/div>\n    <span class=\"lkx-head-meta\">utaz\u00f3k \u00e1ltal \u00e9rt\u00e9kelve \u00b7 GetYourGuide<\/span>\n  <\/div><a class=\"lkx-hero\" href=\"https:\/\/www.getyourguide.com\/hu-hu\/rio-de-janeiro-l9\/rio-maracana-stadion-futballmeccs-jegy-es-privat-transzfer-t893524\/?partner_id=MKZ64IS&amp;utm_medium=online_publisher&amp;cmp=rio-de-janeiro-latnivalok\" target=\"_blank\" rel=\"sponsored noopener nofollow\">\n    <div class=\"lkx-hero-img\" style=\"background-image:url('https:\/\/cdn.getyourguide.com\/img\/tour\/471a107ec9ac374bd09030a21d9b9465a51158484f26d775e575020ef1d13d54.png\/132.jpg')\" role=\"img\" aria-label=\"Rio: jegy a Maracan\u00e3 Stadionba \u00e9s priv\u00e1t transzfer\">\n      <span class=\"lkx-pick\">\u2605 A mi tipp\u00fcnk<\/span><\/div>\n    <div class=\"lkx-hero-body\">\n      <div class=\"lkx-title\">Rio: jegy a Maracan\u00e3 Stadionba \u00e9s priv\u00e1t transzfer<\/div>\n      <div class=\"lkx-proof\">\n      <span class=\"lkx-stars\">\u2605\u2605\u2605\u2605\u2605<\/span>\n      <b>4.9<\/b> \u00b7 1 818 \u00e9rt\u00e9kel\u00e9s\n    <\/div>\n      <div class=\"lkx-hero-bottom\"><div class=\"lkx-price\">m\u00e1r <b>94\u00a0EUR<\/b><\/div><span class=\"lkx-cta lkx-cta-hero\">Ezt az \u00e9lm\u00e9nyt akarom \u2192<\/span>\n      <\/div>\n    <\/div>\n  <\/a><div class=\"lkx-grid\"><a class=\"lkx-card\" href=\"https:\/\/www.getyourguide.com\/hu-hu\/rio-de-janeiro-l9\/rio-maracana-stadion-merkozesnap-focielmeny-flamengo-t463518\/?partner_id=MKZ64IS&amp;utm_medium=online_publisher&amp;cmp=rio-de-janeiro-latnivalok\" target=\"_blank\" rel=\"sponsored noopener nofollow\">\n      <div class=\"lkx-card-img\" style=\"background-image:url('https:\/\/cdn.getyourguide.com\/img\/tour\/43e754d0b17fd551486158888955196af18e48baaa8687c3e7d4ba08fa0c4a51.jpeg\/132.jpg')\" role=\"img\" aria-label=\"Rio: Focimeccs a Maracan\u00e3ban | Jegy, biztons\u00e1gos transzfer \u00e9s idegenvezet\u0151\"><\/div>\n      <div class=\"lkx-card-body\">\n        <div class=\"lkx-title lkx-title-sm\">Rio: Focimeccs a Maracan\u00e3ban | Jegy, biztons\u00e1gos transzfer \u00e9s idegenvezet\u0151<\/div>\n        <div class=\"lkx-proof lkx-proof-sm\">\n      <span class=\"lkx-stars\">\u2605<\/span>\n      <b>4.8<\/b> \u00b7 163\n    <\/div>\n        <div class=\"lkx-card-bottom\"><span class=\"lkx-price lkx-price-sm\">m\u00e1r <b>87\u00a0EUR<\/b><\/span><span class=\"lkx-cta lkx-cta-sm\">Id\u0151pontok megtekint\u00e9se \u2192<\/span>\n        <\/div>\n      <\/div>\n    <\/a><a class=\"lkx-card\" href=\"https:\/\/www.getyourguide.com\/hu-hu\/rio-de-janeiro-l9\/rio-de-janeiro-hegymaszas-a-pao-de-acucaron-via-coringa-t1443442\/?partner_id=MKZ64IS&amp;utm_medium=online_publisher&amp;cmp=rio-de-janeiro-latnivalok\" target=\"_blank\" rel=\"sponsored noopener nofollow\">\n      <div class=\"lkx-card-img\" style=\"background-image:url('https:\/\/cdn.getyourguide.com\/img\/tour\/31ae79c67043a21ea4797e651c99602b72a39d945d201674546a79d39b2f26c3.jpg\/132.jpg')\" role=\"img\" aria-label=\"Rio de Janeiro: Hegym\u00e1sz\u00e1s a P\u00e3o de A\u00e7\u00facaron (Via Coringa)\"><\/div>\n      <div class=\"lkx-card-body\">\n        <div class=\"lkx-title lkx-title-sm\">Rio de Janeiro: Hegym\u00e1sz\u00e1s a P\u00e3o de A\u00e7\u00facaron (Via Coringa)<\/div>\n        <div class=\"lkx-proof lkx-proof-sm\">\n      <span class=\"lkx-stars\">\u2605<\/span>\n      <b>0.0<\/b> \u00b7 0\n    <\/div>\n        <div class=\"lkx-card-bottom\"><span class=\"lkx-price lkx-price-sm\">m\u00e1r <b>86\u00a0EUR<\/b><\/span><span class=\"lkx-cta lkx-cta-sm\">Id\u0151pontok megtekint\u00e9se \u2192<\/span>\n        <\/div>\n      <\/div>\n    <\/a><\/div><div class=\"lkx-disclosure\">\ud83d\udd17 A linkek partnerlinkek \u2014 az \u00e1rat nem v\u00e1ltoztatj\u00e1k, nek\u00fcnk viszont seg\u00edtenek a tartalomk\u00e9sz\u00edt\u00e9sben. \u00b7 <a href=\"https:\/\/www.getyourguide.com\/hu-hu\/s\/?q=rio+de+janeiro&amp;partner_id=MKZ64IS&amp;utm_medium=online_publisher\" target=\"_blank\" rel=\"sponsored noopener nofollow\">\u00d6sszes \u00e9lm\u00e9ny \u2192<\/a><\/div>\n<\/div>\n<!-- LKM_GYG_CARD end -->\n\n\n\n\n<div class=\"lk-stays-module\">\n<style>\n\/* \u2500\u2500\u2500 RESET PRO GUTENBERG \u2500\u2500\u2500 *\/\n.lk-stays-module * { box-sizing: border-box; margin: 0; padding: 0; }\n\n\/* \u2500\u2500\u2500 WRAPPER \u2500\u2500\u2500 *\/\n.lk-stays-module {\n  font-family: 'DM Sans', Georgia, sans-serif;\n  max-width: 100%;\n  margin: 2.5rem auto;\n  background: linear-gradient(135deg, #fdfaf5 0%, #fcf8f0 100%);\n  border: 1px solid #e8dfd4;\n  border-radius: 16px;\n  overflow: hidden;\n  box-shadow: 0 16px 48px rgba(195, 159, 118, 0.25), 0 4px 12px rgba(0,0,0,0.08);\n}\n\n\/* \u2500\u2500\u2500 HEADER \u2500\u2500\u2500 *\/\n.lk-stays-header {\n  position: relative;\n  padding: 24px 36px 24px;\n  background: linear-gradient(135deg, #c39f76 0%, #d4b188 60%, #c39f76 100%);\n  border-bottom: 1px solid rgba(255,255,255,.15);\n  display: flex;\n  align-items: center;\n  gap: 18px;\n}\n.lk-stays-header::before {\n  content: '';\n  position: absolute;\n  inset: 0;\n  background: url(\"data:image\/svg+xml,%3Csvg width='60' height='60' viewBox='0 0 60 60' xmlns='http:\/\/www.w3.org\/2000\/svg'%3E%3Cg fill='none' fill-rule='evenodd'%3E%3Cg fill='%23ffffff' fill-opacity='0.05'%3E%3Cpath d='M36 34v-4h-2v4h-4v2h4v4h2v-4h4v-2h-4zm0-30V0h-2v4h-4v2h4v4h2V6h4V4h-4zM6 34v-4H4v4H0v2h4v4h2v-4h4v-2H6zM6 4V0H4v4H0v2h4v4h2V6h4V4H6z'\/%3E%3C\/g%3E%3C\/g%3E%3C\/svg%3E\") repeat;\n  pointer-events: none;\n}\n.lk-stays-icon {\n  flex-shrink: 0;\n  width: 68px;\n  height: 68px;\n  border-radius: 14px;\n  background: linear-gradient(135deg, #fff 0%, #f9f6f0 100%);\n  display: flex;\n  align-items: center;\n  justify-content: center;\n  font-size: 26px;\n  box-shadow: 0 4px 12px rgba(0,0,0,0.15);\n}\n.lk-stays-eyebrow {\n  font-size: 10px;\n  font-weight: 500;\n  letter-spacing: 2.5px;\n  text-transform: uppercase;\n  color: rgba(255,255,255,.85);\n  margin: 0 0 5px 0;\n}\n.lk-stays-title {\n  font-family: 'Playfair Display', Georgia, serif;\n  font-size: 24px;\n  font-weight: 700;\n  color: #fff;\n  line-height: 1.2;\n  text-shadow: 0 1px 2px rgba(0,0,0,0.1);\n  margin: 0;\n}\n.lk-stays-subtitle {\n  font-size: 13px;\n  color: rgba(255,255,255,.75);\n  margin: 4px 0 0 0;\n  font-weight: 300;\n}\n\n\/* \u2500\u2500\u2500 CARDS GRID \u2500\u2500\u2500 *\/\n.lk-stays-grid {\n  display: grid;\n  grid-template-columns: 1fr 1fr;\n  gap: 1px;\n  background: rgba(195, 159, 118, 0.12);\n}\n\n\/* \u2500\u2500\u2500 SINGLE CARD \u2500\u2500\u2500 *\/\n.lk-stay-card {\n  background: #ffffff;\n  padding: 26px;\n  display: flex;\n  flex-direction: column;\n  gap: 11px;\n  transition: all 0.3s ease;\n  text-decoration: none;\n  color: inherit;\n  position: relative;\n}\n.lk-stay-card:hover {\n  background: #fffbf5;\n  transform: translateY(-2px);\n  box-shadow: 0 8px 24px rgba(195, 159, 118, 0.18);\n  z-index: 1;\n}\n.lk-stay-card.featured {\n  background: linear-gradient(135deg, #fffdf9 0%, #fff9f0 100%);\n  box-shadow: 0 4px 16px rgba(195, 159, 118, 0.15), inset 0 1px 0 rgba(195, 159, 118, 0.1);\n}\n.lk-stay-card.featured:hover {\n  background: linear-gradient(135deg, #fffbf5 0%, #fff8ed 100%);\n  box-shadow: 0 8px 24px rgba(195, 159, 118, 0.25), inset 0 1px 0 rgba(195, 159, 118, 0.15);\n}\n\n.lk-stay-badge {\n  display: inline-flex;\n  align-items: center;\n  gap: 5px;\n  font-size: 10px;\n  font-weight: 500;\n  letter-spacing: 1.5px;\n  text-transform: uppercase;\n  padding: 5px 11px;\n  border-radius: 20px;\n  width: fit-content;\n}\n.badge-top     { background: linear-gradient(135deg, #c39f76 0%, #d4b188 100%); color: #fff; border: 1px solid #c39f76; font-weight: 600; box-shadow: 0 2px 8px rgba(195,159,118,0.3); }\n.badge-luxury  { background: rgba(195,159,118,.12); color: #c39f76; border: 1px solid rgba(195,159,118,.25); }\n.badge-boutique{ background: rgba(54,133,252,.08); color: #3685fc; border: 1px solid rgba(54,133,252,.2); }\n.badge-nature  { background: rgba(130,190,100,.1); color: #6b9c4a; border: 1px solid rgba(130,190,100,.2); }\n.badge-remote  { background: rgba(195,159,118,.12); color: #a67e50; border: 1px solid rgba(195,159,118,.25); }\n\n.lk-stay-name {\n  font-family: 'Playfair Display', Georgia, serif;\n  font-size: 18px;\n  font-weight: 700;\n  color: #111827;\n  line-height: 1.3;\n}\n.lk-stay-desc {\n  font-size: 13.5px;\n  color: #525252;\n  line-height: 1.65;\n  font-weight: 300;\n  flex: 1;\n}\n\n.lk-stay-meta {\n  display: flex;\n  align-items: center;\n  gap: 12px;\n  flex-wrap: wrap;\n  margin-top: 4px;\n}\n.lk-stay-price {\n  font-size: 13px;\n  color: #6b7280;\n}\n.lk-stay-price strong {\n  color: #c39f76;\n  font-weight: 500;\n}\n.lk-stay-stars {\n  color: #c39f76;\n  font-size: 11px;\n  letter-spacing: 1px;\n}\n\n\/* \u2500\u2500\u2500 CTA BUTTON \u2500\u2500\u2500 *\/\n.lk-stay-cta {\n  display: inline-flex;\n  align-items: center;\n  justify-content: center;\n  gap: 7px;\n  margin-top: 8px;\n  padding: 11px 20px;\n  border-radius: 8px;\n  background: linear-gradient(135deg, #3685fc 0%, #2a6fd9 100%);\n  color: #fff;\n  font-size: 13px;\n  font-weight: 500;\n  text-decoration: none;\n  letter-spacing: .3px;\n  transition: all .2s ease;\n  cursor: pointer;\n  border: none;\n  text-align: center;\n  box-shadow: 0 4px 12px rgba(54, 133, 252, 0.25);\n}\n.lk-stay-cta:hover {\n  background: linear-gradient(135deg, #2a6fd9 0%, #1e5bc4 100%);\n  transform: translateY(-1px);\n  box-shadow: 0 6px 16px rgba(54, 133, 252, 0.35);\n}\n.lk-stay-cta svg { flex-shrink: 0; }\n\n\/* \u2500\u2500\u2500 FOOTER \u2500\u2500\u2500 *\/\n.lk-stays-footer {\n  padding: 18px 36px;\n  background: linear-gradient(to bottom, #fdfaf5 0%, #f9f4ed 100%);\n  border-top: 1px solid rgba(195, 159, 118, 0.15);\n  display: flex;\n  align-items: center;\n  justify-content: space-between;\n  flex-wrap: wrap;\n  gap: 12px;\n}\n.lk-stays-footer-note {\n  font-size: 11.5px;\n  color: #6b7280;\n  font-weight: 300;\n  line-height: 1.5;\n}\n.lk-stays-footer-note a {\n  color: #c39f76;\n  text-decoration: none;\n  font-weight: 400;\n}\n.lk-stays-footer-note a:hover {\n  text-decoration: underline;\n}\n.lk-stays-all-btn {\n  display: inline-flex;\n  align-items: center;\n  gap: 6px;\n  font-size: 12.5px;\n  font-weight: 500;\n  color: #c39f76;\n  text-decoration: none;\n  border: 1px solid rgba(195, 159, 118, 0.35);\n  padding: 8px 18px;\n  border-radius: 8px;\n  transition: all .2s ease;\n}\n.lk-stays-all-btn:hover {\n  background: rgba(195, 159, 118, 0.08);\n  border-color: rgba(195, 159, 118, 0.5);\n}\n\n\/* \u2500\u2500\u2500 RESPONSIVE \u2500\u2500\u2500 *\/\n@media (max-width: 600px) {\n  .lk-stays-grid { grid-template-columns: 1fr; }\n  .lk-stays-header { padding: 24px 20px; }\n  .lk-stays-footer { padding: 16px 20px; }\n  .lk-stay-card { padding: 22px; }\n  .lk-stays-title { font-size: 20px; }\n}\n<\/style>\n\n  <!-- HEADER -->\n  <div class=\"lk-stays-header\">\n    <img decoding=\"async\" src=\"https:\/\/loudavymkrokem.cz\/wp-content\/uploads\/2026\/02\/lukas-a-lucka.jpg\" alt=\"\" style=\"width: 75px; height: 75px; border-radius: 8px; flex-shrink: 0; object-fit: cover; display: block; margin: 4px 0;\" title=\"\">\n    <div class=\"lk-stays-header-text\">\n      <div class=\"lk-stays-eyebrow\">Luk\u00e1\u0161 \u00e9s Lucie aj\u00e1nlj\u00e1k<\/div>\n      <div class=\"lk-stays-title\">Hol sz\u00e1lljon meg Rio de Janeir\u00f3ban<\/div>\n      <div class=\"lk-stays-subtitle\">4 sz\u00e1ll\u00e1shely \u2014 wellness sz\u00e1llod\u00e1k, sz\u00e1llod\u00e1k \u00e9s egy\u00e9b sz\u00e1ll\u00e1slehet\u0151s\u00e9gek<\/div>\n    <\/div>\n  <\/div>\n\n  <!-- CARDS -->\n  <div class=\"lk-stays-grid\">\n\n    <a class=\"lk-stay-card featured\" href=\"https:\/\/www.stay22.com\/allez\/roam?aid=lukaskonecny&#038;campaign=loudavymkrokemcz&#038;campaign=hu&#038;campaign=covidetvriodejaneiru&#038;address=Rio+de+Janeiro&#038;hotelname=Arena+Ipanema+Hotel&#038;search=Arena+Ipanema+Hotel&#038;category=accommodation\" target=\"_blank\" rel=\"nofollow noopener\">\n      <span class=\"lk-stay-badge badge-top\">\u2b50 TOP V\u00c1LASZT\u00c1S<\/span>\n      <span class=\"lk-stay-badge badge-nature\">\ud83c\udfd6\ufe0f Tengerpart<\/span>\n      <div class=\"lk-stay-name\">Arena Ipanema Hotel<\/div>\n      <div class=\"lk-stay-desc\">Kiv\u00e1l\u00f3 v\u00e1laszt\u00e1s a tengerparton leny\u0171g\u00f6z\u0151 tet\u0151medenc\u00e9vel \u00e9s \u00f3ce\u00e1nra n\u00e9z\u0151 kil\u00e1t\u00e1ssal, csak n\u00e9h\u00e1ny l\u00e9p\u00e9sre a h\u00edres Posto 8-t\u00f3l.<\/div>\n      <div class=\"lk-stay-meta\">\n        <span class=\"lk-stay-stars\">\u2605\u2605\u2605\u2605<\/span>\n        <span class=\"lk-stay-price\">\u00c1rak ellen\u0151rz\u00e9se<\/span>\n      <\/div>\n      <span class=\"lk-stay-cta\">\n        <svg width=\"14\" height=\"14\" viewBox=\"0 0 24 24\" fill=\"none\" stroke=\"currentColor\" stroke-width=\"2\"><path d=\"M18 13v6a2 2 0 0 1-2 2H5a2 2 0 0 1-2-2V8a2 2 0 0 1 2-2h6\"\/><polyline points=\"15 3 21 3 21 9\"\/><line x1=\"10\" y1=\"14\" x2=\"21\" y2=\"3\"\/><\/svg>\n        Ellen\u0151rizd az el\u00e9rhet\u0151s\u00e9get\n      <\/span>\n    <\/a>\n\n    <a class=\"lk-stay-card\" href=\"https:\/\/www.stay22.com\/allez\/roam?aid=lukaskonecny&#038;campaign=loudavymkrokemcz&#038;campaign=hu&#038;campaign=covidetvriodejaneiru&#038;address=Rio+de+Janeiro&#038;hotelname=Hotel+Fasano+Rio+de+Janeiro&#038;search=Hotel+Fasano+Rio+de+Janeiro&#038;category=accommodation\" target=\"_blank\" rel=\"nofollow noopener\">\n      <span class=\"lk-stay-badge badge-nature\">\u2b50 Luxus<\/span>\n      <div class=\"lk-stay-name\">Hotel Fasano Rio de Janeiro<\/div>\n      <div class=\"lk-stay-desc\">Ikonikus luxussz\u00e1lloda, amelynek diz\u00e1jnja \u00e9s elhelyezked\u00e9se p\u00e1ratlan a v\u00e1rosban.<\/div>\n      <div class=\"lk-stay-meta\">\n        <span class=\"lk-stay-stars\">\u2605\u2605\u2605\u2605<\/span>\n        <span class=\"lk-stay-price\">\u00c1rak ellen\u0151rz\u00e9se<\/span>\n      <\/div>\n      <span class=\"lk-stay-cta\">\n        <svg width=\"14\" height=\"14\" viewBox=\"0 0 24 24\" fill=\"none\" stroke=\"currentColor\" stroke-width=\"2\"><path d=\"M18 13v6a2 2 0 0 1-2 2H5a2 2 0 0 1-2-2V8a2 2 0 0 1 2-2h6\"\/><polyline points=\"15 3 21 3 21 9\"\/><line x1=\"10\" y1=\"14\" x2=\"21\" y2=\"3\"\/><\/svg>\n        Ellen\u0151rizd az el\u00e9rhet\u0151s\u00e9get\n      <\/span>\n    <\/a>\n\n    <a class=\"lk-stay-card\" href=\"https:\/\/www.stay22.com\/allez\/roam?aid=lukaskonecny&#038;campaign=loudavymkrokemcz&#038;campaign=hu&#038;campaign=covidetvriodejaneiru&#038;address=Rio+de+Janeiro&#038;hotelname=Yoo2+Rio+de+Janeiro+by+Intercity&#038;search=Yoo2+Rio+de+Janeiro+by+Intercity&#038;category=accommodation\" target=\"_blank\" rel=\"nofollow noopener\">\n      <span class=\"lk-stay-badge badge-nature\">\ud83c\udfe8 Hotel<\/span>\n      <div class=\"lk-stay-name\">Yoo2 Rio de Janeiro by Intercity<\/div>\n      <div class=\"lk-stay-desc\">St\u00edlusos sz\u00e1lloda fantasztikus kil\u00e1t\u00e1ssal a Botafogo-\u00f6b\u00f6lre.<\/div>\n      <div class=\"lk-stay-meta\">\n        <span class=\"lk-stay-stars\">\u2605\u2605\u2605\u2605<\/span>\n        <span class=\"lk-stay-price\">\u00c1rak ellen\u0151rz\u00e9se<\/span>\n      <\/div>\n      <span class=\"lk-stay-cta\">\n        <svg width=\"14\" height=\"14\" viewBox=\"0 0 24 24\" fill=\"none\" stroke=\"currentColor\" stroke-width=\"2\"><path d=\"M18 13v6a2 2 0 0 1-2 2H5a2 2 0 0 1-2-2V8a2 2 0 0 1 2-2h6\"\/><polyline points=\"15 3 21 3 21 9\"\/><line x1=\"10\" y1=\"14\" x2=\"21\" y2=\"3\"\/><\/svg>\n        Ellen\u0151rizd az el\u00e9rhet\u0151s\u00e9get\n      <\/span>\n    <\/a>\n\n    <a class=\"lk-stay-card\" href=\"https:\/\/www.stay22.com\/allez\/roam?aid=lukaskonecny&#038;campaign=loudavymkrokemcz&#038;campaign=hu&#038;campaign=covidetvriodejaneiru&#038;address=rio%20de%20janeiro\" target=\"_blank\" rel=\"nofollow noopener\">\n      <span class=\"lk-stay-badge badge-nature\">\ud83d\udd0d Keres\u00e9s<\/span>\n      <div class=\"lk-stay-name\">\u00d6sszes sz\u00e1ll\u00e1shely megtekint\u00e9se Rio de Janeir\u00f3ban<\/div>\n      <div class=\"lk-stay-desc\">Fedezze fel az \u00f6sszes el\u00e9rhet\u0151 sz\u00e1ll\u00e1slehet\u0151s\u00e9get Rio de Janeir\u00f3ban, \u00e9s tal\u00e1lja meg a legjobbat preferenci\u00e1i \u00e9s k\u00f6lts\u00e9gvet\u00e9se szerint.<\/div>\n      <div class=\"lk-stay-meta\">\n        <span class=\"lk-stay-stars\">\u2605\u2605\u2605\u2605<\/span>\n        <span class=\"lk-stay-price\">\u00c1rak \u00f6sszehasonl\u00edt\u00e1sa<\/span>\n      <\/div>\n      <span class=\"lk-stay-cta\">\n        <svg width=\"14\" height=\"14\" viewBox=\"0 0 24 24\" fill=\"none\" stroke=\"currentColor\" stroke-width=\"2\"><path d=\"M18 13v6a2 2 0 0 1-2 2H5a2 2 0 0 1-2-2V8a2 2 0 0 1 2-2h6\"\/><polyline points=\"15 3 21 3 21 9\"\/><line x1=\"10\" y1=\"14\" x2=\"21\" y2=\"3\"\/><\/svg>\n        Ellen\u0151rizd az el\u00e9rhet\u0151s\u00e9get\n      <\/span>\n    <\/a>\n\n  <\/div>\n\n  \n<\/div>\n\n\n\n\n<h3 class=\"wp-block-heading\"><span class=\"ez-toc-section\" id=\"12_A_Mirante_Dona_Marta_kilato\"><\/span>12. A Mirante Dona Marta kil\u00e1t\u00f3<span class=\"ez-toc-section-end\"><\/span><\/h3>\n\n\n\n<p class=\"wp-block-paragraph\">Ha a v\u00e1rosr\u00f3l a legjobb fot\u00f3z\u00f3helyet keresed, m\u00e1s turist\u00e1k t\u00f6megei n\u00e9lk\u00fcl, \u00e9pp most tal\u00e1ltad meg. <strong>A Mirante Dona Marta egy rejtett kil\u00e1t\u00f3plat\u00f3, ahonnan a Megv\u00e1lt\u00f3 Krisztus szobr\u00e1t \u00e9s a Cukors\u00fcveg-hegyet egyetlen var\u00e1zslatos k\u00e9pen l\u00e1tod<\/strong>, ami a helyi fot\u00f3sok \u00edratlan kincs\u00e9v\u00e9 teszi. T\u00f6bb mint h\u00e1romsz\u00e1zhatvan m\u00e9teres magass\u00e1gban helyezkedik el, \u00e9s \u00fagynevezett helikoptern\u00e9zetet k\u00edn\u00e1l a v\u00e1ros eg\u00e9sz d\u00e9li z\u00f3n\u00e1j\u00e1ra.<\/p>\n\n\n\n<p class=\"wp-block-paragraph\">A zs\u00fafolt Corcovad\u00f3val ellent\u00e9tben itt gy\u00f6ny\u00f6r\u0171 nyugalom uralkodik \u2013 gyakran teljesen egyed\u00fcl \u00e1llsz a hatalmas betonplat\u00f3n, csak a k\u00edv\u00e1ncsian a k\u00f6rnyez\u0151 f\u00e1kr\u00f3l kikukucsk\u00e1l\u00f3 majmokkal, r\u00e1ad\u00e1sul a bel\u00e9p\u00e9s ingyenes. Csak a felfel\u00e9 vezet\u0151 meredek, kanyarg\u00f3s es\u0151erdei \u00faton val\u00f3 eljut\u00e1s\u00e9rt fizetsz.<\/p>\n\n\n\n<p class=\"wp-block-paragraph\">\ud83d\udca1 Tipp: <strong>A kil\u00e1t\u00f3hoz nem j\u00e1r rendszeres t\u00f6megk\u00f6zleked\u00e9s, ez\u00e9rt rendelj megb\u00edzhat\u00f3 Ubert<\/strong>, \u00e9s ne feledj el megegyezni a sof\u0151rrel, hogy megv\u00e1rjon t\u00e9ged az a h\u00fasz perc, k\u00fcl\u00f6nben nagy gondban lehetsz, hogy visszajuss a v\u00e1rosba. Ez fantasztikus hely a napkelte megfigyel\u00e9s\u00e9re is, amikor a v\u00e1ros \u00e9pp \u00e9bredezik az \u00e9jszakai \u00e1lomb\u00f3l.<\/p>\n\n\n\n<figure data-wp-context=\"{&quot;imageId&quot;:&quot;6a9c45fde3e94&quot;}\" data-wp-interactive=\"core\/image\" data-wp-key=\"6a9c45fde3e94\" class=\"wp-block-image size-full wp-lightbox-container\"><img decoding=\"async\" width=\"1600\" height=\"1200\" data-wp-class--hide=\"state.isContentHidden\" data-wp-class--show=\"state.isContentVisible\" data-wp-init=\"callbacks.setButtonStyles\" data-wp-on--click=\"actions.showLightbox\" data-wp-on--load=\"callbacks.setButtonStyles\" data-wp-on--pointerdown=\"actions.preloadImage\" data-wp-on--pointerenter=\"actions.preloadImageWithDelay\" data-wp-on--pointerleave=\"actions.cancelPreload\" data-wp-on-window--resize=\"callbacks.setButtonStyles\" src=\"https:\/\/loudavymkrokem.cz\/wp-content\/uploads\/2026\/09\/vista-chinesa.jpg\" alt=\"A Vista Chinesa k\u00ednai pavilon\" class=\"wp-image-413213\" title=\"\" srcset=\"https:\/\/loudavymkrokem.cz\/wp-content\/uploads\/2026\/09\/vista-chinesa.jpg 1600w, https:\/\/loudavymkrokem.cz\/wp-content\/uploads\/2026\/09\/vista-chinesa-300x225.jpg 300w, https:\/\/loudavymkrokem.cz\/wp-content\/uploads\/2026\/09\/vista-chinesa-700x525.jpg 700w, https:\/\/loudavymkrokem.cz\/wp-content\/uploads\/2026\/09\/vista-chinesa-768x576.jpg 768w, https:\/\/loudavymkrokem.cz\/wp-content\/uploads\/2026\/09\/vista-chinesa-1536x1152.jpg 1536w, https:\/\/loudavymkrokem.cz\/wp-content\/uploads\/2026\/09\/vista-chinesa-80x60.jpg 80w, https:\/\/loudavymkrokem.cz\/wp-content\/uploads\/2026\/09\/vista-chinesa-160x120.jpg 160w, https:\/\/loudavymkrokem.cz\/wp-content\/uploads\/2026\/09\/vista-chinesa-696x522.jpg 696w, https:\/\/loudavymkrokem.cz\/wp-content\/uploads\/2026\/09\/vista-chinesa-1392x1044.jpg 1392w\" sizes=\"(max-width: 1600px) 100vw, 1600px\" \/><button\n\t\t\tclass=\"lightbox-trigger\"\n\t\t\ttype=\"button\"\n\t\t\taria-haspopup=\"dialog\"\n\t\t\tdata-wp-bind--aria-label=\"state.thisImage.triggerButtonAriaLabel\"\n\t\t\tdata-wp-init=\"callbacks.initTriggerButton\"\n\t\t\tdata-wp-on--click=\"actions.showLightbox\"\n\t\t\tdata-wp-style--right=\"state.thisImage.buttonRight\"\n\t\t\tdata-wp-style--top=\"state.thisImage.buttonTop\"\n\t\t>\n\t\t\t<svg xmlns=\"http:\/\/www.w3.org\/2000\/svg\" width=\"12\" height=\"12\" fill=\"none\" viewBox=\"0 0 12 12\">\n\t\t\t\t<path fill=\"#fff\" d=\"M2 0a2 2 0 0 0-2 2v2h1.5V2a.5.5 0 0 1 .5-.5h2V0H2Zm2 10.5H2a.5.5 0 0 1-.5-.5V8H0v2a2 2 0 0 0 2 2h2v-1.5ZM8 12v-1.5h2a.5.5 0 0 0 .5-.5V8H12v2a2 2 0 0 1-2 2H8Zm2-12a2 2 0 0 1 2 2v2h-1.5V2a.5.5 0 0 0-.5-.5H8V0h2Z\" \/>\n\t\t\t<\/svg>\n\t\t<\/button><figcaption class=\"wp-element-caption\">Foto: Ivo Barra \/ Google Maps<\/figcaption><\/figure>\n\n\n\n<h3 class=\"wp-block-heading\"><span class=\"ez-toc-section\" id=\"13_A_Vista_Chinesa_kinai_pavilon\"><\/span>13. A Vista Chinesa k\u00ednai pavilon<span class=\"ez-toc-section-end\"><\/span><\/h3>\n\n\n\n<p class=\"wp-block-paragraph\">A Tijuca Nemzeti Park erdeinek m\u00e9ly\u00e9n egy olyan \u00e9p\u00edtm\u00e9nyre bukkansz, amelyet egy d\u00e9l-amerikai dzsungelben biztosan nem v\u00e1rn\u00e1l. <strong>A Vista Chinesa egy gy\u00f6ny\u00f6r\u0171, 1903-as keleti pavilon, amelyet a k\u00ednai bev\u00e1ndorl\u00f3k tisztelet\u00e9re emeltek<\/strong>, akik a tizenkilencedik sz\u00e1zadban hozt\u00e1k Braz\u00edli\u00e1ba a teatermeszt\u00e9st. Az eleg\u00e1ns, pagoda form\u00e1j\u00fa tet\u0151vel rendelkez\u0151 \u00e9p\u00fclet 380 m\u00e9teres magass\u00e1gban magasodik, \u00e9s hihetetlen\u00fcl fotog\u00e9n kontrasztot alkot a k\u00f6rnyez\u0151 vad term\u00e9szettel.<\/p>\n\n\n\n<p class=\"wp-block-paragraph\">Az innen ny\u00edl\u00f3 kil\u00e1t\u00e1st gyakran a v\u00e1ros egyik legromantikusabbj\u00e1nak nevezik, mert t\u00f6k\u00e9letesen keretezi az \u00f6bl\u00f6t, a hegyeket \u00e9s a strandokat. <strong>Tiszta id\u0151ben a pavilonb\u00f3l az eg\u00e9sz Ipanem\u00e1t, a Rodrigo de Freitas-tavat \u00e9s a t\u00e1voli cs\u00facsokat is l\u00e1tod a horizonton<\/strong>, mindezt buja p\u00e1lmalevelekbe \u00e9s \u00f3ri\u00e1si p\u00e1fr\u00e1nyokba keretezve. A hely nagyon n\u00e9pszer\u0171 a helyi ker\u00e9kp\u00e1rosok k\u00f6r\u00e9ben, akiknek a pavilonhoz vezet\u0151 durva emelked\u0151 a legnagyobb sportkih\u00edv\u00e1s.<\/p>\n\n\n\n<p class=\"wp-block-paragraph\">\ud83d\udca1 Tipp: <strong>K\u00f6sd \u00f6ssze a pavilon megl\u00e1togat\u00e1s\u00e1t a k\u00f6zeli Cachoeira dos Macacos v\u00edzes\u00e9ssel<\/strong>, amelyhez egy r\u00f6vid s\u00e9t\u00e1val eljutsz az es\u0151erdei \u00f6sv\u00e9nyen. Itt is \u00e9rv\u00e9nyes az \u00f3vatoss\u00e1g szab\u00e1lya a k\u00f6zleked\u00e9sn\u00e9l: az \u00fat sz\u0171k \u00e9s meredek, ez\u00e9rt kiz\u00e1r\u00f3lag aut\u00f3val vagy szervezett t\u00far\u00e1val gyere ide, ne gyalog lentr\u0151l.<\/p>\n\n\n\n<figure data-wp-context=\"{&quot;imageId&quot;:&quot;6a9c45fde42e7&quot;}\" data-wp-interactive=\"core\/image\" data-wp-key=\"6a9c45fde42e7\" class=\"wp-block-image size-full wp-lightbox-container\"><img decoding=\"async\" width=\"1600\" height=\"2133\" data-wp-class--hide=\"state.isContentHidden\" data-wp-class--show=\"state.isContentVisible\" data-wp-init=\"callbacks.setButtonStyles\" data-wp-on--click=\"actions.showLightbox\" data-wp-on--load=\"callbacks.setButtonStyles\" data-wp-on--pointerdown=\"actions.preloadImage\" data-wp-on--pointerenter=\"actions.preloadImageWithDelay\" data-wp-on--pointerleave=\"actions.cancelPreload\" data-wp-on-window--resize=\"callbacks.setButtonStyles\" src=\"https:\/\/loudavymkrokem.cz\/wp-content\/uploads\/2026\/09\/zahrady.jpg\" alt=\"A Parque Lage kertjei \u00e9s vill\u00e1ja\" class=\"wp-image-413218\" title=\"\" srcset=\"https:\/\/loudavymkrokem.cz\/wp-content\/uploads\/2026\/09\/zahrady.jpg 1600w, https:\/\/loudavymkrokem.cz\/wp-content\/uploads\/2026\/09\/zahrady-225x300.jpg 225w, https:\/\/loudavymkrokem.cz\/wp-content\/uploads\/2026\/09\/zahrady-700x933.jpg 700w, https:\/\/loudavymkrokem.cz\/wp-content\/uploads\/2026\/09\/zahrady-768x1024.jpg 768w, https:\/\/loudavymkrokem.cz\/wp-content\/uploads\/2026\/09\/zahrady-1152x1536.jpg 1152w, https:\/\/loudavymkrokem.cz\/wp-content\/uploads\/2026\/09\/zahrady-1536x2048.jpg 1536w, https:\/\/loudavymkrokem.cz\/wp-content\/uploads\/2026\/09\/zahrady-696x928.jpg 696w, https:\/\/loudavymkrokem.cz\/wp-content\/uploads\/2026\/09\/zahrady-1392x1856.jpg 1392w\" sizes=\"(max-width: 1600px) 100vw, 1600px\" \/><button\n\t\t\tclass=\"lightbox-trigger\"\n\t\t\ttype=\"button\"\n\t\t\taria-haspopup=\"dialog\"\n\t\t\tdata-wp-bind--aria-label=\"state.thisImage.triggerButtonAriaLabel\"\n\t\t\tdata-wp-init=\"callbacks.initTriggerButton\"\n\t\t\tdata-wp-on--click=\"actions.showLightbox\"\n\t\t\tdata-wp-style--right=\"state.thisImage.buttonRight\"\n\t\t\tdata-wp-style--top=\"state.thisImage.buttonTop\"\n\t\t>\n\t\t\t<svg xmlns=\"http:\/\/www.w3.org\/2000\/svg\" width=\"12\" height=\"12\" fill=\"none\" viewBox=\"0 0 12 12\">\n\t\t\t\t<path fill=\"#fff\" d=\"M2 0a2 2 0 0 0-2 2v2h1.5V2a.5.5 0 0 1 .5-.5h2V0H2Zm2 10.5H2a.5.5 0 0 1-.5-.5V8H0v2a2 2 0 0 0 2 2h2v-1.5ZM8 12v-1.5h2a.5.5 0 0 0 .5-.5V8H12v2a2 2 0 0 1-2 2H8Zm2-12a2 2 0 0 1 2 2v2h-1.5V2a.5.5 0 0 0-.5-.5H8V0h2Z\" \/>\n\t\t\t<\/svg>\n\t\t<\/button><figcaption class=\"wp-element-caption\">Foto: Emerson Zanoti \/ Google Maps<\/figcaption><\/figure>\n\n\n\n<h3 class=\"wp-block-heading\"><span class=\"ez-toc-section\" id=\"14_A_Parque_Lage_kertjei_es_villaja\"><\/span>14. A Parque Lage kertjei \u00e9s vill\u00e1ja<span class=\"ez-toc-section-end\"><\/span><\/h3>\n\n\n\n<p class=\"wp-block-paragraph\">A Corcovado-hegy l\u00e1b\u00e1n\u00e1l fekszik az egyik legszebb k\u00f6zpark, amely \u00f3ri\u00e1si adag eur\u00f3pai eleganci\u00e1t rejt mag\u00e1ban. <strong>A Parque Lage-t gy\u00f6ny\u00f6r\u0171 szubtr\u00f3pusi kertek alkotj\u00e1k, amelyek egy leny\u0171g\u00f6z\u0151, r\u00f3mai palota st\u00edlus\u00fa vill\u00e1t vesznek k\u00f6r\u00fcl<\/strong>, amely ma <a href=\"http:\/\/eavparquelage.rj.gov.br\/\" rel=\"nofollow noopener\" target=\"_blank\">rangos k\u00e9pz\u0151m\u0171v\u00e9szeti iskolak\u00e9nt<\/a> m\u0171k\u00f6dik. Az eg\u00e9sz udvar dominanci\u00e1ja egy sek\u00e9ly medence, amelyben megfelel\u0151 sz\u00f6gb\u0151l t\u00fckr\u00f6z\u0151dik a magasan fekv\u0151 Megv\u00e1lt\u00f3 Krisztus szobra.<\/p>\n\n\n\n<p class=\"wp-block-paragraph\">A park t\u00f6bb mint \u00f6tven hekt\u00e1ros, \u00e9s t\u00f6k\u00e9letes menek\u00fcl\u00e9st k\u00edn\u00e1l az \u0151s\u00f6reg f\u00e1k, mesters\u00e9ges barlangok \u00e9s a z\u00f6ldben elrejtett romantikus tornyocsk\u00e1k \u00e1rny\u00e9k\u00e1ba. <strong>A t\u00far\u00e1z\u00e1s szerelmeseinek ez a hely kulcsfontoss\u00e1g\u00fa, mert \u00e9pp a villa m\u00f6g\u00fcl indul a Corcovado cs\u00facs\u00e1ra vezet\u0151 meredek es\u0151erdei \u00f6sv\u00e9ny<\/strong>, amelyet a felk\u00e9sz\u00fclt utaz\u00f3k a fogaskerek\u0171 ingyenes alternat\u00edv\u00e1jak\u00e9nt haszn\u00e1lnak. A hely hangulata hihetetlen\u00fcl laza, a m\u0171v\u00e9szhallgat\u00f3k itt festik a k\u00e9peiket, a csal\u00e1dok pedig h\u00e9tv\u00e9gi pikniket tartanak a f\u00fcv\u00f6n.<\/p>\n\n\n\n<p class=\"wp-block-paragraph\">\ud83d\udca1 Tipp: <strong>Mag\u00e1ban a t\u00f6rt\u00e9nelmi vill\u00e1ban elb\u0171v\u00f6l\u0151 k\u00e1v\u00e9z\u00f3, a Plage Cafe m\u0171k\u00f6dik<\/strong>, ahol kiv\u00e1l\u00f3 reggelit \u00e9lvezhetsz, tele friss tr\u00f3pusi gy\u00fcm\u00f6lccsel \u00e9s sajtos specialit\u00e1sokkal, egyenesen az ikonikus medence mellett. Azt javaslom, gyere nyit\u00e1skor \u2013 napk\u00f6zben itt igaz\u00e1n sokat kell v\u00e1rni egy asztalra.<\/p>\n\n\n\n<figure data-wp-context=\"{&quot;imageId&quot;:&quot;6a9c45fde4800&quot;}\" data-wp-interactive=\"core\/image\" data-wp-key=\"6a9c45fde4800\" class=\"wp-block-image size-full wp-lightbox-container\"><img decoding=\"async\" width=\"1600\" height=\"900\" data-wp-class--hide=\"state.isContentHidden\" data-wp-class--show=\"state.isContentVisible\" data-wp-init=\"callbacks.setButtonStyles\" data-wp-on--click=\"actions.showLightbox\" data-wp-on--load=\"callbacks.setButtonStyles\" data-wp-on--pointerdown=\"actions.preloadImage\" data-wp-on--pointerenter=\"actions.preloadImageWithDelay\" data-wp-on--pointerleave=\"actions.cancelPreload\" data-wp-on-window--resize=\"callbacks.setButtonStyles\" src=\"https:\/\/loudavymkrokem.cz\/wp-content\/uploads\/2026\/09\/swap-412735-15.jpg\" alt=\"A Holnap M\u00fazeuma Rio de Janeir\u00f3ban\" class=\"wp-image-413416\" title=\"\" srcset=\"https:\/\/loudavymkrokem.cz\/wp-content\/uploads\/2026\/09\/swap-412735-15.jpg 1600w, https:\/\/loudavymkrokem.cz\/wp-content\/uploads\/2026\/09\/swap-412735-15-300x169.jpg 300w, https:\/\/loudavymkrokem.cz\/wp-content\/uploads\/2026\/09\/swap-412735-15-700x394.jpg 700w, https:\/\/loudavymkrokem.cz\/wp-content\/uploads\/2026\/09\/swap-412735-15-768x432.jpg 768w, https:\/\/loudavymkrokem.cz\/wp-content\/uploads\/2026\/09\/swap-412735-15-1536x864.jpg 1536w, https:\/\/loudavymkrokem.cz\/wp-content\/uploads\/2026\/09\/swap-412735-15-696x392.jpg 696w, https:\/\/loudavymkrokem.cz\/wp-content\/uploads\/2026\/09\/swap-412735-15-1392x783.jpg 1392w\" sizes=\"(max-width: 1600px) 100vw, 1600px\" \/><button\n\t\t\tclass=\"lightbox-trigger\"\n\t\t\ttype=\"button\"\n\t\t\taria-haspopup=\"dialog\"\n\t\t\tdata-wp-bind--aria-label=\"state.thisImage.triggerButtonAriaLabel\"\n\t\t\tdata-wp-init=\"callbacks.initTriggerButton\"\n\t\t\tdata-wp-on--click=\"actions.showLightbox\"\n\t\t\tdata-wp-style--right=\"state.thisImage.buttonRight\"\n\t\t\tdata-wp-style--top=\"state.thisImage.buttonTop\"\n\t\t>\n\t\t\t<svg xmlns=\"http:\/\/www.w3.org\/2000\/svg\" width=\"12\" height=\"12\" fill=\"none\" viewBox=\"0 0 12 12\">\n\t\t\t\t<path fill=\"#fff\" d=\"M2 0a2 2 0 0 0-2 2v2h1.5V2a.5.5 0 0 1 .5-.5h2V0H2Zm2 10.5H2a.5.5 0 0 1-.5-.5V8H0v2a2 2 0 0 0 2 2h2v-1.5ZM8 12v-1.5h2a.5.5 0 0 0 .5-.5V8H12v2a2 2 0 0 1-2 2H8Zm2-12a2 2 0 0 1 2 2v2h-1.5V2a.5.5 0 0 0-.5-.5H8V0h2Z\" \/>\n\t\t\t<\/svg>\n\t\t<\/button><figcaption class=\"wp-element-caption\">Foto: Fadul \/ Google Maps<\/figcaption><\/figure>\n\n\n\n<h3 class=\"wp-block-heading\"><span class=\"ez-toc-section\" id=\"15_A_Holnap_Muzeuma_Museu_do_Amanha\"><\/span>15. A Holnap M\u00fazeuma (Museu do Amanh\u00e3)<span class=\"ez-toc-section-end\"><\/span><\/h3>\n\n\n\n<p class=\"wp-block-paragraph\">A fel\u00faj\u00edtott kik\u00f6t\u0151negyedben, a Porto Maravilh\u00e1ban feln\u0151tt egy \u00e9p\u00fclet, amely azonnal a huszonegyedik sz\u00e1zadba r\u00f6p\u00edtette a v\u00e1ros \u00e9p\u00edt\u00e9szet\u00e9t. <strong>A <a href=\"https:\/\/museudoamanha.org.br\/\" rel=\"nofollow noopener\" target=\"_blank\">Museu do Amanh\u00e3<\/a> az emberis\u00e9g j\u00f6v\u0151j\u00e9nek szentelt, leny\u0171g\u00f6z\u0151 alkalmazott tudom\u00e1nyi m\u00fazeum<\/strong>, amelynek futurisztikus \u00e9p\u00fclet\u00e9t a h\u00edres spanyol \u00e9p\u00edt\u00e9sz, Santiago Calatrava tervezte. A feh\u00e9r szerkezet, amely egy \u0151skori mad\u00e1r \u00f3ri\u00e1si csontv\u00e1z\u00e1ra vagy egy \u0171rhaj\u00f3ra eml\u00e9keztet, dr\u00e1maian ny\u00falik a v\u00edz f\u00f6l\u00e9, \u00e9s \u00f6nmag\u00e1ban meg\u00e9r egy hossz\u00fa l\u00e1togat\u00e1st.<\/p>\n\n\n\n<p class=\"wp-block-paragraph\">Bel\u00fcl ne poros t\u00f6rt\u00e9nelmi t\u00e1rgyakra sz\u00e1m\u00edts, hanem interakt\u00edv ki\u00e1ll\u00edt\u00e1sokra, tele \u00f3ri\u00e1si k\u00e9perny\u0151kkel, adatvizualiz\u00e1ci\u00f3kkal \u00e9s elgondolkodtat\u00f3 k\u00e9rd\u00e9sekkel. <strong>A ki\u00e1ll\u00edt\u00e1s elgondolkodtat a kl\u00edmav\u00e1ltoz\u00e1sr\u00f3l, a n\u00e9pess\u00e9gn\u00f6veked\u00e9sr\u0151l \u00e9s a bolyg\u00f3nk fenntarthat\u00f3s\u00e1g\u00e1r\u00f3l<\/strong>, ami a hatalmas \u00e9s term\u00e9szeti kincsekben gazdag Braz\u00edlia kontextus\u00e1ban \u00f3ri\u00e1si \u00e9rtelmet nyer. A m\u00fazeum megmutatja, hogy Rio nemcsak a strandok \u00e9s a karnev\u00e1l v\u00e1rosa, hanem a tudom\u00e1ny \u00e9s az innov\u00e1ci\u00f3 modern k\u00f6zpontja is.<\/p>\n\n\n\n<p class=\"wp-block-paragraph\">\ud83d\udca1 Tipp: <strong>A m\u00fazeumi jegyeket gyakran nagy el\u0151ny\u00adnyel online kell foglalni<\/strong>, mert a napi kapacit\u00e1s gyorsan betelik, k\u00fcl\u00f6n\u00f6sen h\u00e9tv\u00e9g\u00e9n. A m\u00fazeum k\u00f6r\u00fcl h\u00faz\u00f3dik a sz\u00e9les \u00e9s biztons\u00e1gos Orla Conde s\u00e9t\u00e1ny, amelyen sz\u00e9pen v\u00e9gigs\u00e9t\u00e1lhatsz a tenger ment\u00e9n, \u00e9s megcsod\u00e1lhatod a helyi m\u0171v\u00e9szek \u00f3ri\u00e1si graffiti-mur\u00e1ljait.<\/p>\n\n\n\n<figure data-wp-context=\"{&quot;imageId&quot;:&quot;6a9c45fde4d36&quot;}\" data-wp-interactive=\"core\/image\" data-wp-key=\"6a9c45fde4d36\" class=\"wp-block-image size-full wp-lightbox-container\"><img decoding=\"async\" width=\"1600\" height=\"1200\" data-wp-class--hide=\"state.isContentHidden\" data-wp-class--show=\"state.isContentVisible\" data-wp-init=\"callbacks.setButtonStyles\" data-wp-on--click=\"actions.showLightbox\" data-wp-on--load=\"callbacks.setButtonStyles\" data-wp-on--pointerdown=\"actions.preloadImage\" data-wp-on--pointerenter=\"actions.preloadImageWithDelay\" data-wp-on--pointerleave=\"actions.cancelPreload\" data-wp-on-window--resize=\"callbacks.setButtonStyles\" src=\"https:\/\/loudavymkrokem.cz\/wp-content\/uploads\/2026\/09\/swap-412735-16-f6e8010d.jpg\" alt=\"A MAR m\u0171v\u00e9szeti m\u00fazeum Rio de Janeir\u00f3ban\" class=\"wp-image-413444\" title=\"\" srcset=\"https:\/\/loudavymkrokem.cz\/wp-content\/uploads\/2026\/09\/swap-412735-16-f6e8010d.jpg 1600w, https:\/\/loudavymkrokem.cz\/wp-content\/uploads\/2026\/09\/swap-412735-16-f6e8010d-300x225.jpg 300w, https:\/\/loudavymkrokem.cz\/wp-content\/uploads\/2026\/09\/swap-412735-16-f6e8010d-700x525.jpg 700w, https:\/\/loudavymkrokem.cz\/wp-content\/uploads\/2026\/09\/swap-412735-16-f6e8010d-768x576.jpg 768w, https:\/\/loudavymkrokem.cz\/wp-content\/uploads\/2026\/09\/swap-412735-16-f6e8010d-1536x1152.jpg 1536w, https:\/\/loudavymkrokem.cz\/wp-content\/uploads\/2026\/09\/swap-412735-16-f6e8010d-80x60.jpg 80w, https:\/\/loudavymkrokem.cz\/wp-content\/uploads\/2026\/09\/swap-412735-16-f6e8010d-160x120.jpg 160w, https:\/\/loudavymkrokem.cz\/wp-content\/uploads\/2026\/09\/swap-412735-16-f6e8010d-696x522.jpg 696w, https:\/\/loudavymkrokem.cz\/wp-content\/uploads\/2026\/09\/swap-412735-16-f6e8010d-1392x1044.jpg 1392w\" sizes=\"(max-width: 1600px) 100vw, 1600px\" \/><button\n\t\t\tclass=\"lightbox-trigger\"\n\t\t\ttype=\"button\"\n\t\t\taria-haspopup=\"dialog\"\n\t\t\tdata-wp-bind--aria-label=\"state.thisImage.triggerButtonAriaLabel\"\n\t\t\tdata-wp-init=\"callbacks.initTriggerButton\"\n\t\t\tdata-wp-on--click=\"actions.showLightbox\"\n\t\t\tdata-wp-style--right=\"state.thisImage.buttonRight\"\n\t\t\tdata-wp-style--top=\"state.thisImage.buttonTop\"\n\t\t>\n\t\t\t<svg xmlns=\"http:\/\/www.w3.org\/2000\/svg\" width=\"12\" height=\"12\" fill=\"none\" viewBox=\"0 0 12 12\">\n\t\t\t\t<path fill=\"#fff\" d=\"M2 0a2 2 0 0 0-2 2v2h1.5V2a.5.5 0 0 1 .5-.5h2V0H2Zm2 10.5H2a.5.5 0 0 1-.5-.5V8H0v2a2 2 0 0 0 2 2h2v-1.5ZM8 12v-1.5h2a.5.5 0 0 0 .5-.5V8H12v2a2 2 0 0 1-2 2H8Zm2-12a2 2 0 0 1 2 2v2h-1.5V2a.5.5 0 0 0-.5-.5H8V0h2Z\" \/>\n\t\t\t<\/svg>\n\t\t<\/button><figcaption class=\"wp-element-caption\">Foto: Leila Mota \/ Google Maps<\/figcaption><\/figure>\n\n\n\n<h3 class=\"wp-block-heading\"><span class=\"ez-toc-section\" id=\"16_A_MAR_muveszeti_muzeum_Rio_Museum_of_Art\"><\/span>16. A MAR m\u0171v\u00e9szeti m\u00fazeum (Rio Museum of Art)<span class=\"ez-toc-section-end\"><\/span><\/h3>\n\n\n\n<p class=\"wp-block-paragraph\"><strong>A MAR m\u0171v\u00e9szeti m\u00fazeum (Rio Museum of Art) egy egyedi \u00e9p\u00edt\u00e9szeti komplexumban tal\u00e1lhat\u00f3<\/strong>, amely mer\u00e9szen k\u00f6t\u00f6tte \u00f6ssze a r\u00e9gi klasszicista palot\u00e1t egy modern \u00fcveg\u00e9p\u00fclettel egy hull\u00e1mos betontet\u0151 seg\u00edts\u00e9g\u00e9vel. Ez a vizu\u00e1lis kontraszt pontosan megragadja mag\u00e1nak a brazil metropolisznak a l\u00e9nyeg\u00e9t, ahol a r\u00e9gi folyamatosan tal\u00e1lkozik az \u00fajjal.<\/p>\n\n\n\n<p class=\"wp-block-paragraph\">A m\u00fazeum els\u0151sorban a brazil m\u0171v\u00e9szetre, a helyi kult\u00far\u00e1ra \u00e9s mag\u00e1nak a v\u00e1rosnak a bonyolult t\u00f6rt\u00e9nelm\u00e9re \u00f6sszpontos\u00edt, bele\u00e9rtve a favel\u00e1k t\u00f6rt\u00e9net\u00e9t \u00e9s \u00e9let\u00e9t is. <strong>A hull\u00e1mos tet\u0151 alatti legfels\u0151 emeletr\u0151l fantasztikus kil\u00e1t\u00e1s ny\u00edlik az eg\u00e9sz Pra\u00e7a Mau\u00e1 t\u00e9rre \u00e9s a szomsz\u00e9dos Museu do Amanh\u00e3ra<\/strong>, ami remek lehet\u0151s\u00e9g Rio modern arc\u00e1nak mad\u00e1rt\u00e1vlatb\u00f3l val\u00f3 meg\u00f6r\u00f6k\u00edt\u00e9s\u00e9re. A ki\u00e1ll\u00edt\u00e1sok nagyon v\u00e1ltozatosak, a klasszikus fest\u00e9szett\u0151l a f\u00e9nyk\u00e9p\u00e9szeten \u00e1t a fiatal alkot\u00f3k modern install\u00e1ci\u00f3iig.<\/p>\n\n\n\n<p class=\"wp-block-paragraph\">\ud83d\udca1 Tipp: <strong>Ha szereted a m\u0171v\u00e9szetet, sz\u00e1nj egy f\u00e9l napot a Pra\u00e7a Mau\u00e1 t\u00e9ri mindk\u00e9t m\u00fazeum megl\u00e1togat\u00e1s\u00e1ra<\/strong>, mert remek\u00fcl kieg\u00e9sz\u00edtik egym\u00e1st. A kik\u00f6t\u0151 k\u00f6rny\u00e9ki helyi \u00e9ttermek r\u00e1ad\u00e1sul remek h\u00fasmentes v\u00e1ltozatokat k\u00edn\u00e1lnak a brazil \u00e9telekb\u0151l, mint p\u00e9ld\u00e1ul a pastel de queijo, ami egy ropog\u00f3s, s\u00fclt, olvadt sajttal t\u00f6lt\u00f6tt t\u00e1ska.<\/p>\n\n\n\n<figure data-wp-context=\"{&quot;imageId&quot;:&quot;6a9c45fde5230&quot;}\" data-wp-interactive=\"core\/image\" data-wp-key=\"6a9c45fde5230\" class=\"wp-block-image size-full wp-lightbox-container\"><img decoding=\"async\" width=\"1600\" height=\"1067\" data-wp-class--hide=\"state.isContentHidden\" data-wp-class--show=\"state.isContentVisible\" data-wp-init=\"callbacks.setButtonStyles\" data-wp-on--click=\"actions.showLightbox\" data-wp-on--load=\"callbacks.setButtonStyles\" data-wp-on--pointerdown=\"actions.preloadImage\" data-wp-on--pointerenter=\"actions.preloadImageWithDelay\" data-wp-on--pointerleave=\"actions.cancelPreload\" data-wp-on-window--resize=\"callbacks.setButtonStyles\" src=\"https:\/\/loudavymkrokem.cz\/wp-content\/uploads\/2026\/09\/centro-cultural-banco-do-brasil.jpg\" alt=\"Centro Cultural Banco do Brasil (CCBB)\" class=\"wp-image-413229\" title=\"\" srcset=\"https:\/\/loudavymkrokem.cz\/wp-content\/uploads\/2026\/09\/centro-cultural-banco-do-brasil.jpg 1600w, https:\/\/loudavymkrokem.cz\/wp-content\/uploads\/2026\/09\/centro-cultural-banco-do-brasil-300x200.jpg 300w, https:\/\/loudavymkrokem.cz\/wp-content\/uploads\/2026\/09\/centro-cultural-banco-do-brasil-700x467.jpg 700w, https:\/\/loudavymkrokem.cz\/wp-content\/uploads\/2026\/09\/centro-cultural-banco-do-brasil-768x512.jpg 768w, https:\/\/loudavymkrokem.cz\/wp-content\/uploads\/2026\/09\/centro-cultural-banco-do-brasil-1536x1024.jpg 1536w, https:\/\/loudavymkrokem.cz\/wp-content\/uploads\/2026\/09\/centro-cultural-banco-do-brasil-696x464.jpg 696w, https:\/\/loudavymkrokem.cz\/wp-content\/uploads\/2026\/09\/centro-cultural-banco-do-brasil-1392x928.jpg 1392w\" sizes=\"(max-width: 1600px) 100vw, 1600px\" \/><button\n\t\t\tclass=\"lightbox-trigger\"\n\t\t\ttype=\"button\"\n\t\t\taria-haspopup=\"dialog\"\n\t\t\tdata-wp-bind--aria-label=\"state.thisImage.triggerButtonAriaLabel\"\n\t\t\tdata-wp-init=\"callbacks.initTriggerButton\"\n\t\t\tdata-wp-on--click=\"actions.showLightbox\"\n\t\t\tdata-wp-style--right=\"state.thisImage.buttonRight\"\n\t\t\tdata-wp-style--top=\"state.thisImage.buttonTop\"\n\t\t>\n\t\t\t<svg xmlns=\"http:\/\/www.w3.org\/2000\/svg\" width=\"12\" height=\"12\" fill=\"none\" viewBox=\"0 0 12 12\">\n\t\t\t\t<path fill=\"#fff\" d=\"M2 0a2 2 0 0 0-2 2v2h1.5V2a.5.5 0 0 1 .5-.5h2V0H2Zm2 10.5H2a.5.5 0 0 1-.5-.5V8H0v2a2 2 0 0 0 2 2h2v-1.5ZM8 12v-1.5h2a.5.5 0 0 0 .5-.5V8H12v2a2 2 0 0 1-2 2H8Zm2-12a2 2 0 0 1 2 2v2h-1.5V2a.5.5 0 0 0-.5-.5H8V0h2Z\" \/>\n\t\t\t<\/svg>\n\t\t<\/button><figcaption class=\"wp-element-caption\">Foto: Centro Cultural Banco do Brasil (CCBB) \/ Google Maps<\/figcaption><\/figure>\n\n\n\n<h3 class=\"wp-block-heading\"><span class=\"ez-toc-section\" id=\"17_Centro_Cultural_Banco_do_Brasil_CCBB\"><\/span>17. Centro Cultural Banco do Brasil (CCBB)<span class=\"ez-toc-section-end\"><\/span><\/h3>\n\n\n\n<p class=\"wp-block-paragraph\">A v\u00e1ros ny\u00fczsg\u0151 \u00fczleti sz\u00edv\u00e9ben tal\u00e1lhat\u00f3 a vil\u00e1g egyik legl\u00e1togatottabb \u00e9s legjobbra \u00e9rt\u00e9kelt kultur\u00e1lis k\u00f6zpontja. <strong>A Centro Cultural Banco do Brasil egy l\u00e9legzetel\u00e1ll\u00edt\u00f3, 1906-os neoklasszicista \u00e9p\u00fcletben sz\u00e9kel<\/strong>, amely r\u00e9gen egy hatalmas bank f\u0151 sz\u00e9khelyek\u00e9nt szolg\u00e1lt, ma pedig a legrangosabb nemzetk\u00f6zi ki\u00e1ll\u00edt\u00e1soknak ad otthont. M\u00e1r maga a bel\u00e9p\u00e9s az \u00fcvegkupol\u00e1s \u00f3ri\u00e1si csarnokba, a d\u00edszes m\u00e1rv\u00e1nyl\u00e9pcs\u0151kkel, leny\u0171g\u00f6z\u0151 \u00e9lm\u00e9ny, amely a legnagyobb gazdags\u00e1g kor\u00e1ba rep\u00edt.<\/p>\n\n\n\n<p class=\"wp-block-paragraph\">A kiterjedt m\u0171v\u00e9szeti gal\u00e9ri\u00e1kon k\u00edv\u00fcl ez a hatalmas komplexum saj\u00e1t mozit, sz\u00ednh\u00e1ztermeket \u00e9s t\u00f6bb emeletnyi folyamatosan v\u00e1ltoz\u00f3 ki\u00e1ll\u00edt\u00e1st is k\u00edn\u00e1l. <strong>Az eg\u00e9szben a legjobb, hogy a ki\u00e1ll\u00edt\u00e1sok t\u00falnyom\u00f3 t\u00f6bbs\u00e9g\u00e9be \u00e9s mag\u00e1ba az \u00e9p\u00fcletbe a bel\u00e9p\u00e9s teljesen ingyenes<\/strong>, ami hihetetlen\u00fcl hozz\u00e1f\u00e9rhet\u0151 helly\u00e9 teszi minden kult\u00faraszeret\u0151 sz\u00e1m\u00e1ra. A program mindig gondosan \u00f6ssze\u00e1ll\u00edtott, \u00e9s gyakran tal\u00e1lsz itt leny\u0171g\u00f6z\u0151 retrospekt\u00edv\u00e1kat h\u00edres vil\u00e1g- \u00e9s brazil m\u0171v\u00e9szekr\u0151l.<\/p>\n\n\n\n<p class=\"wp-block-paragraph\">\ud83d\udca1 Tipp: <strong>A ki\u00e1ll\u00edt\u00e1sok megtekint\u00e9se ut\u00e1n t\u00e9rj be a f\u00f6ldszinti helyi t\u00f6rt\u00e9nelmi k\u00e1v\u00e9z\u00f3ba<\/strong>, amely meg\u0151rizte az eredeti banki d\u00edsz\u00edt\u00e9st, \u00e9s igy\u00e1l egy er\u0151s brazil eszpressz\u00f3t. Az \u00e9p\u00fclet a v\u00e1rosk\u00f6zpontban van, amely munkaid\u0151 ut\u00e1n gyorsan eln\u00e9ptelenedik, ez\u00e9rt ide alapvet\u0151en nappal gyere, az esti s\u00e9t\u00e1kat a k\u00f6rny\u00e9ken ink\u00e1bb ker\u00fcld.<\/p>\n\n\n\n<figure data-wp-context=\"{&quot;imageId&quot;:&quot;6a9c45fde568f&quot;}\" data-wp-interactive=\"core\/image\" data-wp-key=\"6a9c45fde568f\" class=\"wp-block-image size-full wp-lightbox-container\"><img decoding=\"async\" width=\"490\" height=\"480\" data-wp-class--hide=\"state.isContentHidden\" data-wp-class--show=\"state.isContentVisible\" data-wp-init=\"callbacks.setButtonStyles\" data-wp-on--click=\"actions.showLightbox\" data-wp-on--load=\"callbacks.setButtonStyles\" data-wp-on--pointerdown=\"actions.preloadImage\" data-wp-on--pointerenter=\"actions.preloadImageWithDelay\" data-wp-on--pointerleave=\"actions.cancelPreload\" data-wp-on-window--resize=\"callbacks.setButtonStyles\" src=\"https:\/\/loudavymkrokem.cz\/wp-content\/uploads\/2026\/09\/theatro-municipal-do-rio-de-janeiro.jpg\" alt=\"Theatro Municipal do Rio de Janeiro\" class=\"wp-image-413233\" title=\"\" srcset=\"https:\/\/loudavymkrokem.cz\/wp-content\/uploads\/2026\/09\/theatro-municipal-do-rio-de-janeiro.jpg 490w, https:\/\/loudavymkrokem.cz\/wp-content\/uploads\/2026\/09\/theatro-municipal-do-rio-de-janeiro-300x294.jpg 300w\" sizes=\"(max-width: 490px) 100vw, 490px\" \/><button\n\t\t\tclass=\"lightbox-trigger\"\n\t\t\ttype=\"button\"\n\t\t\taria-haspopup=\"dialog\"\n\t\t\tdata-wp-bind--aria-label=\"state.thisImage.triggerButtonAriaLabel\"\n\t\t\tdata-wp-init=\"callbacks.initTriggerButton\"\n\t\t\tdata-wp-on--click=\"actions.showLightbox\"\n\t\t\tdata-wp-style--right=\"state.thisImage.buttonRight\"\n\t\t\tdata-wp-style--top=\"state.thisImage.buttonTop\"\n\t\t>\n\t\t\t<svg xmlns=\"http:\/\/www.w3.org\/2000\/svg\" width=\"12\" height=\"12\" fill=\"none\" viewBox=\"0 0 12 12\">\n\t\t\t\t<path fill=\"#fff\" d=\"M2 0a2 2 0 0 0-2 2v2h1.5V2a.5.5 0 0 1 .5-.5h2V0H2Zm2 10.5H2a.5.5 0 0 1-.5-.5V8H0v2a2 2 0 0 0 2 2h2v-1.5ZM8 12v-1.5h2a.5.5 0 0 0 .5-.5V8H12v2a2 2 0 0 1-2 2H8Zm2-12a2 2 0 0 1 2 2v2h-1.5V2a.5.5 0 0 0-.5-.5H8V0h2Z\" \/>\n\t\t\t<\/svg>\n\t\t<\/button><figcaption class=\"wp-element-caption\">Foto: Ralph Schmidt \/ Google Maps<\/figcaption><\/figure>\n\n\n\n<h3 class=\"wp-block-heading\"><span class=\"ez-toc-section\" id=\"18_Theatro_Municipal_do_Rio_de_Janeiro\"><\/span>18. Theatro Municipal do Rio de Janeiro<span class=\"ez-toc-section-end\"><\/span><\/h3>\n\n\n\n<p class=\"wp-block-paragraph\">A Cinel\u00e2ndia t\u00e9ren \u00e1ll egy \u00e9p\u00fclet, amely megjelen\u00e9s\u00e9vel egy\u00e9rtelm\u0171en utal a v\u00e1ros t\u00f6rt\u00e9nelm\u00e9ben meghat\u00e1roz\u00f3 \u00f3ri\u00e1si eur\u00f3pai hat\u00e1sra. <strong>A <a href=\"http:\/\/theatromunicipal.rj.gov.br\/\" rel=\"nofollow noopener\" target=\"_blank\">Theatro Municipal<\/a> egy pomp\u00e1s, 1909-es, p\u00e1rizsi st\u00edlusban \u00e9p\u00fclt sz\u00ednh\u00e1z<\/strong>, amely a balett-, opera- \u00e9s klasszikus zenei el\u0151ad\u00e1sok f\u0151 sz\u00ednpadak\u00e9nt szolg\u00e1l eg\u00e9sz Braz\u00edli\u00e1ban. Homlokzat\u00e1t gazdagon d\u00edsz\u00edti arany, massz\u00edv oszlopok \u00e9s bonyolult szobrok, aminek k\u00f6sz\u00f6nhet\u0151en az eg\u00e9sz orsz\u00e1g egyik legszebb \u00e9p\u00fclete.<\/p>\n\n\n\n<p class=\"wp-block-paragraph\">M\u00e9g ha nem is tervezel esti el\u0151ad\u00e1st megn\u00e9zni, ennek az \u00e9p\u00fcletnek a belseje mindenk\u00e9pp meg\u00e9ri a figyelmedet. <strong>R\u00e9szt vehetsz egy szervezett, idegenvezet\u0151s l\u00e1togat\u00e1son, amely v\u00e9gigvezet a leny\u0171g\u00f6z\u0151 el\u0151csarnokon, a n\u00e9z\u0151t\u00e9ren \u00e9s a luxus termeken<\/strong>, amelyeket csod\u00e1latos \u00fcvegablakok \u00e9s falfestm\u00e9nyek d\u00edsz\u00edtenek. \u00d3ri\u00e1si kontraszt ez a laza tengerparti kult\u00far\u00e1val, amely megmutatja Ri\u00f3t mint egy b\u00fcszke, m\u00e9ly intellektu\u00e1lis hagyom\u00e1nyokkal rendelkez\u0151 v\u00e1rost.<\/p>\n\n\n\n<p class=\"wp-block-paragraph\">\ud83d\udca1 Tipp: <strong>A sz\u00ednh\u00e1z el\u0151tt gyakran gy\u00fclekeznek utcai m\u0171v\u00e9szek \u00e9s zen\u00e9szek<\/strong>, \u00edgy maga a Cinel\u00e2ndia t\u00e9r remek, ingyenes l\u00e1tv\u00e1nyt k\u00edn\u00e1l. Ha m\u00e9gis szeretn\u00e9l \u00e1t\u00e9lni egy el\u0151ad\u00e1st, a balettjegyeket nagyon elfogadhat\u00f3 \u00e1ron beszerezheted, de legal\u00e1bb alapszint\u0171 \u00fcnnepl\u0151 ruh\u00e1t ig\u00e9nyelnek \u2013 a strandpapucs itt nem megy \u00e1t.<\/p>\n\n\n\n<figure data-wp-context=\"{&quot;imageId&quot;:&quot;6a9c45fde5aeb&quot;}\" data-wp-interactive=\"core\/image\" data-wp-key=\"6a9c45fde5aeb\" class=\"wp-block-image size-full wp-lightbox-container\"><img decoding=\"async\" width=\"1600\" height=\"1200\" data-wp-class--hide=\"state.isContentHidden\" data-wp-class--show=\"state.isContentVisible\" data-wp-init=\"callbacks.setButtonStyles\" data-wp-on--click=\"actions.showLightbox\" data-wp-on--load=\"callbacks.setButtonStyles\" data-wp-on--pointerdown=\"actions.preloadImage\" data-wp-on--pointerenter=\"actions.preloadImageWithDelay\" data-wp-on--pointerleave=\"actions.cancelPreload\" data-wp-on-window--resize=\"callbacks.setButtonStyles\" src=\"https:\/\/loudavymkrokem.cz\/wp-content\/uploads\/2026\/09\/catedral-metropolitana-de-s-o-sebasti-o.jpg\" alt=\"Catedral Metropolitana de S\u00e3o Sebasti\u00e3o\" class=\"wp-image-413238\" title=\"\" srcset=\"https:\/\/loudavymkrokem.cz\/wp-content\/uploads\/2026\/09\/catedral-metropolitana-de-s-o-sebasti-o.jpg 1600w, https:\/\/loudavymkrokem.cz\/wp-content\/uploads\/2026\/09\/catedral-metropolitana-de-s-o-sebasti-o-300x225.jpg 300w, https:\/\/loudavymkrokem.cz\/wp-content\/uploads\/2026\/09\/catedral-metropolitana-de-s-o-sebasti-o-700x525.jpg 700w, https:\/\/loudavymkrokem.cz\/wp-content\/uploads\/2026\/09\/catedral-metropolitana-de-s-o-sebasti-o-768x576.jpg 768w, https:\/\/loudavymkrokem.cz\/wp-content\/uploads\/2026\/09\/catedral-metropolitana-de-s-o-sebasti-o-1536x1152.jpg 1536w, https:\/\/loudavymkrokem.cz\/wp-content\/uploads\/2026\/09\/catedral-metropolitana-de-s-o-sebasti-o-80x60.jpg 80w, https:\/\/loudavymkrokem.cz\/wp-content\/uploads\/2026\/09\/catedral-metropolitana-de-s-o-sebasti-o-160x120.jpg 160w, https:\/\/loudavymkrokem.cz\/wp-content\/uploads\/2026\/09\/catedral-metropolitana-de-s-o-sebasti-o-696x522.jpg 696w, https:\/\/loudavymkrokem.cz\/wp-content\/uploads\/2026\/09\/catedral-metropolitana-de-s-o-sebasti-o-1392x1044.jpg 1392w\" sizes=\"(max-width: 1600px) 100vw, 1600px\" \/><button\n\t\t\tclass=\"lightbox-trigger\"\n\t\t\ttype=\"button\"\n\t\t\taria-haspopup=\"dialog\"\n\t\t\tdata-wp-bind--aria-label=\"state.thisImage.triggerButtonAriaLabel\"\n\t\t\tdata-wp-init=\"callbacks.initTriggerButton\"\n\t\t\tdata-wp-on--click=\"actions.showLightbox\"\n\t\t\tdata-wp-style--right=\"state.thisImage.buttonRight\"\n\t\t\tdata-wp-style--top=\"state.thisImage.buttonTop\"\n\t\t>\n\t\t\t<svg xmlns=\"http:\/\/www.w3.org\/2000\/svg\" width=\"12\" height=\"12\" fill=\"none\" viewBox=\"0 0 12 12\">\n\t\t\t\t<path fill=\"#fff\" d=\"M2 0a2 2 0 0 0-2 2v2h1.5V2a.5.5 0 0 1 .5-.5h2V0H2Zm2 10.5H2a.5.5 0 0 1-.5-.5V8H0v2a2 2 0 0 0 2 2h2v-1.5ZM8 12v-1.5h2a.5.5 0 0 0 .5-.5V8H12v2a2 2 0 0 1-2 2H8Zm2-12a2 2 0 0 1 2 2v2h-1.5V2a.5.5 0 0 0-.5-.5H8V0h2Z\" \/>\n\t\t\t<\/svg>\n\t\t<\/button><figcaption class=\"wp-element-caption\">Foto: Roberto Fernandes \/ Google Maps<\/figcaption><\/figure>\n\n\n\n<h3 class=\"wp-block-heading\"><span class=\"ez-toc-section\" id=\"19_Catedral_Metropolitana_de_Sao_Sebastiao\"><\/span>19. Catedral Metropolitana de S\u00e3o Sebasti\u00e3o<span class=\"ez-toc-section-end\"><\/span><\/h3>\n\n\n\n<p class=\"wp-block-paragraph\">A szokatlan \u00e9p\u00edt\u00e9szet szerelmesei semmik\u00e9pp se hagyj\u00e1k ki azt az \u00e9p\u00fcletet, amely els\u0151 pillant\u00e1sra egy\u00e1ltal\u00e1n nem is n\u00e9z ki kereszt\u00e9ny templomnak. <strong>A Catedral Metropolitana egy modern betonkatedr\u00e1lis egy \u00f3ri\u00e1si maja piramis form\u00e1j\u00e1ban<\/strong>, amelyet 1979-ben avattak fel \u00fcnnep\u00e9lyesen, \u00e9s ez a legszokatlanabb templom, amit Latin-Amerik\u00e1ban l\u00e1tni fogsz. Sz\u00fcrke k\u00fclseje ugyan kiss\u00e9 zordan \u00e9s massz\u00edvan hat, de az igazi var\u00e1zslat bel\u00fcl rejt\u0151zik.<\/p>\n\n\n\n<p class=\"wp-block-paragraph\">Amint \u00e1tl\u00e9ped ennek a hetven\u00f6t m\u00e9ter magas \u00e9p\u00fcletnek a k\u00fcsz\u00f6b\u00e9t, egy hatalmas, napf\u00e9nnyel el\u00e1rasztott t\u00e9rben tal\u00e1lod magad, egyetlen tart\u00f3oszlop n\u00e9lk\u00fcl. <strong>A padl\u00f3t\u00f3l eg\u00e9szen a mennyezetig n\u00e9gy gigantikus sz\u00ednes \u00fcvegablak h\u00faz\u00f3dik, amelyek leny\u0171g\u00f6z\u0151 f\u00e9nykeresztet alkotnak<\/strong>, \u00e9s odabent hihetetlen\u00fcl spiritu\u00e1lis \u00e9s misztikus hangulatot teremtenek. A katedr\u00e1lis hihetetlen h\u00faszezer h\u00edv\u0151t fogad be, \u00e9s akusztik\u00e1ja k\u00f3rusi \u00e9nekl\u00e9sn\u00e9l teljesen fenomen\u00e1lis.<\/p>\n\n\n\n<p class=\"wp-block-paragraph\">\ud83d\udca1 Tipp: <strong>A bels\u0151 t\u00e9r fot\u00f3z\u00e1sakor \u00e1llj pontosan a padl\u00f3 k\u00f6zep\u00e9re, \u00e9s ir\u00e1ny\u00edtsd az objekt\u00edvet f\u00fcgg\u0151legesen felfel\u00e9<\/strong>, \u00edgy t\u00f6k\u00e9letesen szimmetrikus felv\u00e9telt kapsz a mennyezeti sz\u00ednes keresztr\u0151l. A katedr\u00e1lis l\u00e1togat\u00e1sa gyors, \u00e9s k\u00f6nnyen \u00f6sszek\u00f6theted a k\u00f6zeli Arcos da Lapa v\u00edzvezet\u00e9k megtekint\u00e9s\u00e9vel, amely csak p\u00e1r perc s\u00e9t\u00e1ra van innen.<\/p>\n\n\n\n<figure data-wp-context=\"{&quot;imageId&quot;:&quot;6a9c45fde5fc5&quot;}\" data-wp-interactive=\"core\/image\" data-wp-key=\"6a9c45fde5fc5\" class=\"wp-block-image size-full wp-lightbox-container\"><img decoding=\"async\" width=\"1600\" height=\"1628\" data-wp-class--hide=\"state.isContentHidden\" data-wp-class--show=\"state.isContentVisible\" data-wp-init=\"callbacks.setButtonStyles\" data-wp-on--click=\"actions.showLightbox\" data-wp-on--load=\"callbacks.setButtonStyles\" data-wp-on--pointerdown=\"actions.preloadImage\" data-wp-on--pointerenter=\"actions.preloadImageWithDelay\" data-wp-on--pointerleave=\"actions.cancelPreload\" data-wp-on-window--resize=\"callbacks.setButtonStyles\" src=\"https:\/\/loudavymkrokem.cz\/wp-content\/uploads\/2026\/09\/museu-da-rep-blica.jpg\" alt=\"Museu da Rep\u00fablica (Pal\u00e1cio do Catete)\" class=\"wp-image-413242\" title=\"\" srcset=\"https:\/\/loudavymkrokem.cz\/wp-content\/uploads\/2026\/09\/museu-da-rep-blica.jpg 1600w, https:\/\/loudavymkrokem.cz\/wp-content\/uploads\/2026\/09\/museu-da-rep-blica-295x300.jpg 295w, https:\/\/loudavymkrokem.cz\/wp-content\/uploads\/2026\/09\/museu-da-rep-blica-700x712.jpg 700w, https:\/\/loudavymkrokem.cz\/wp-content\/uploads\/2026\/09\/museu-da-rep-blica-768x781.jpg 768w, https:\/\/loudavymkrokem.cz\/wp-content\/uploads\/2026\/09\/museu-da-rep-blica-1510x1536.jpg 1510w, https:\/\/loudavymkrokem.cz\/wp-content\/uploads\/2026\/09\/museu-da-rep-blica-696x708.jpg 696w, https:\/\/loudavymkrokem.cz\/wp-content\/uploads\/2026\/09\/museu-da-rep-blica-1392x1416.jpg 1392w\" sizes=\"(max-width: 1600px) 100vw, 1600px\" \/><button\n\t\t\tclass=\"lightbox-trigger\"\n\t\t\ttype=\"button\"\n\t\t\taria-haspopup=\"dialog\"\n\t\t\tdata-wp-bind--aria-label=\"state.thisImage.triggerButtonAriaLabel\"\n\t\t\tdata-wp-init=\"callbacks.initTriggerButton\"\n\t\t\tdata-wp-on--click=\"actions.showLightbox\"\n\t\t\tdata-wp-style--right=\"state.thisImage.buttonRight\"\n\t\t\tdata-wp-style--top=\"state.thisImage.buttonTop\"\n\t\t>\n\t\t\t<svg xmlns=\"http:\/\/www.w3.org\/2000\/svg\" width=\"12\" height=\"12\" fill=\"none\" viewBox=\"0 0 12 12\">\n\t\t\t\t<path fill=\"#fff\" d=\"M2 0a2 2 0 0 0-2 2v2h1.5V2a.5.5 0 0 1 .5-.5h2V0H2Zm2 10.5H2a.5.5 0 0 1-.5-.5V8H0v2a2 2 0 0 0 2 2h2v-1.5ZM8 12v-1.5h2a.5.5 0 0 0 .5-.5V8H12v2a2 2 0 0 1-2 2H8Zm2-12a2 2 0 0 1 2 2v2h-1.5V2a.5.5 0 0 0-.5-.5H8V0h2Z\" \/>\n\t\t\t<\/svg>\n\t\t<\/button><figcaption class=\"wp-element-caption\">Foto: Fabio Alves \/ Google Maps<\/figcaption><\/figure>\n\n\n\n<h3 class=\"wp-block-heading\"><span class=\"ez-toc-section\" id=\"20_Museu_da_Republica_Palacio_do_Catete\"><\/span>20. Museu da Rep\u00fablica (Pal\u00e1cio do Catete)<span class=\"ez-toc-section-end\"><\/span><\/h3>\n\n\n\n<p class=\"wp-block-paragraph\">Ennek a hatalmas orsz\u00e1gnak a bonyolult politikai t\u00f6rt\u00e9nelm\u00e9t meg\u00e9rt\u00e9s\u00e9hez teljess\u00e9ggel elengedhetetlen a hajdani eln\u00f6ki sz\u00e9khely megl\u00e1togat\u00e1sa. <strong>A Museu da Rep\u00fablica a pomp\u00e1s Pal\u00e1cio do Catete palot\u00e1ban sz\u00e9kel, amely a brazil eln\u00f6k\u00f6k sz\u00e9khelyek\u00e9nt m\u0171k\u00f6d\u00f6tt<\/strong> eg\u00e9szen 1960-ig, amikor a f\u0151v\u00e1ros az \u00fajonnan fel\u00e9p\u00edtett Bras\u00edli\u00e1ba k\u00f6lt\u00f6z\u00f6tt. A palota a hihetetlen luxus mintap\u00e9ld\u00e1ja, termeit ritka fafajt\u00e1k, velencei t\u00fckr\u00f6k \u00e9s \u00f3ri\u00e1si krist\u00e1lycsill\u00e1rok d\u00edsz\u00edtik.<\/p>\n\n\n\n<p class=\"wp-block-paragraph\">A ki\u00e1ll\u00edt\u00e1s v\u00e9gigvezet a brazil k\u00f6zt\u00e1rsas\u00e1g minden kulcsfontoss\u00e1g\u00fa pillanat\u00e1n, a kiki\u00e1lt\u00e1s\u00e1t\u00f3l kezdve a huszadik sz\u00e1zad dr\u00e1mai esem\u00e9nyeiig. A legmegr\u00e1z\u00f3bb ott Get\u00falio Vargas eln\u00f6k meg\u0151rz\u00f6tt szob\u00e1ja, aki itt k\u00f6vetett el \u00f6ngyilkoss\u00e1got 1954-ben \u2013 a m\u00fazeum a b\u00facs\u00falevel\u00e9t is ki\u00e1ll\u00edtja, \u00e9s ez egyike azoknak a helyeknek, ahol a t\u00f6rt\u00e9nelem hirtelen nagyon konkr\u00e9tt\u00e1 v\u00e1lik el\u0151tted. A palota m\u00f6g\u00f6tt r\u00e1ad\u00e1sul kiterjedt francia kertek ter\u00fclnek el, tele magas p\u00e1lm\u00e1kkal \u00e9s mesters\u00e9ges tavacsk\u00e1kkal, amelyek kellemes \u00e1rny\u00e9kot k\u00edn\u00e1lnak a pihen\u00e9shez.<\/p>\n\n\n\n<p class=\"wp-block-paragraph\">\ud83d\udca1 Tipp: <strong>A gy\u00f6ny\u00f6r\u0171 h\u00e1ts\u00f3 kertekbe a bel\u00e9p\u00e9s teljesen ingyenes, \u00e9s a helyiek sz\u00edvesen haszn\u00e1lj\u00e1k s\u00e9t\u00e1ra \u00e9s pihen\u00e9sre<\/strong>, \u00edgy m\u00e9g ha nincs is kedved a m\u00fazeumbeli t\u00f6rt\u00e9nelemhez, a kerteket mindenk\u00e9pp n\u00e9zd meg. K\u00f6zvetlen\u00fcl a Catete metr\u00f3meg\u00e1ll\u00f3n\u00e1l tal\u00e1lhat\u00f3, \u00edgy a d\u00e9li strandnegyedekb\u0151l teljesen z\u00f6kken\u0151mentes \u00e9s gyors a megk\u00f6zel\u00edt\u00e9se.<\/p>\n\n\n\n<figure data-wp-context=\"{&quot;imageId&quot;:&quot;6a9c45fde63f7&quot;}\" data-wp-interactive=\"core\/image\" data-wp-key=\"6a9c45fde63f7\" class=\"wp-block-image size-full wp-lightbox-container\"><img decoding=\"async\" width=\"1600\" height=\"1200\" data-wp-class--hide=\"state.isContentHidden\" data-wp-class--show=\"state.isContentVisible\" data-wp-init=\"callbacks.setButtonStyles\" data-wp-on--click=\"actions.showLightbox\" data-wp-on--load=\"callbacks.setButtonStyles\" data-wp-on--pointerdown=\"actions.preloadImage\" data-wp-on--pointerenter=\"actions.preloadImageWithDelay\" data-wp-on--pointerleave=\"actions.cancelPreload\" data-wp-on-window--resize=\"callbacks.setButtonStyles\" src=\"https:\/\/loudavymkrokem.cz\/wp-content\/uploads\/2026\/09\/espa-o-cultural-da-marinha.jpg\" alt=\"Espa\u00e7o Cultural da Marinha\" class=\"wp-image-413243\" title=\"\" srcset=\"https:\/\/loudavymkrokem.cz\/wp-content\/uploads\/2026\/09\/espa-o-cultural-da-marinha.jpg 1600w, https:\/\/loudavymkrokem.cz\/wp-content\/uploads\/2026\/09\/espa-o-cultural-da-marinha-300x225.jpg 300w, https:\/\/loudavymkrokem.cz\/wp-content\/uploads\/2026\/09\/espa-o-cultural-da-marinha-700x525.jpg 700w, https:\/\/loudavymkrokem.cz\/wp-content\/uploads\/2026\/09\/espa-o-cultural-da-marinha-768x576.jpg 768w, https:\/\/loudavymkrokem.cz\/wp-content\/uploads\/2026\/09\/espa-o-cultural-da-marinha-1536x1152.jpg 1536w, https:\/\/loudavymkrokem.cz\/wp-content\/uploads\/2026\/09\/espa-o-cultural-da-marinha-80x60.jpg 80w, https:\/\/loudavymkrokem.cz\/wp-content\/uploads\/2026\/09\/espa-o-cultural-da-marinha-160x120.jpg 160w, https:\/\/loudavymkrokem.cz\/wp-content\/uploads\/2026\/09\/espa-o-cultural-da-marinha-696x522.jpg 696w, https:\/\/loudavymkrokem.cz\/wp-content\/uploads\/2026\/09\/espa-o-cultural-da-marinha-1392x1044.jpg 1392w\" sizes=\"(max-width: 1600px) 100vw, 1600px\" \/><button\n\t\t\tclass=\"lightbox-trigger\"\n\t\t\ttype=\"button\"\n\t\t\taria-haspopup=\"dialog\"\n\t\t\tdata-wp-bind--aria-label=\"state.thisImage.triggerButtonAriaLabel\"\n\t\t\tdata-wp-init=\"callbacks.initTriggerButton\"\n\t\t\tdata-wp-on--click=\"actions.showLightbox\"\n\t\t\tdata-wp-style--right=\"state.thisImage.buttonRight\"\n\t\t\tdata-wp-style--top=\"state.thisImage.buttonTop\"\n\t\t>\n\t\t\t<svg xmlns=\"http:\/\/www.w3.org\/2000\/svg\" width=\"12\" height=\"12\" fill=\"none\" viewBox=\"0 0 12 12\">\n\t\t\t\t<path fill=\"#fff\" d=\"M2 0a2 2 0 0 0-2 2v2h1.5V2a.5.5 0 0 1 .5-.5h2V0H2Zm2 10.5H2a.5.5 0 0 1-.5-.5V8H0v2a2 2 0 0 0 2 2h2v-1.5ZM8 12v-1.5h2a.5.5 0 0 0 .5-.5V8H12v2a2 2 0 0 1-2 2H8Zm2-12a2 2 0 0 1 2 2v2h-1.5V2a.5.5 0 0 0-.5-.5H8V0h2Z\" \/>\n\t\t\t<\/svg>\n\t\t<\/button><figcaption class=\"wp-element-caption\">Foto: Heber iba\u00f1ez \/ Google Maps<\/figcaption><\/figure>\n\n\n\n<h3 class=\"wp-block-heading\"><span class=\"ez-toc-section\" id=\"21_Espaco_Cultural_da_Marinha\"><\/span>21. Espa\u00e7o Cultural da Marinha<span class=\"ez-toc-section-end\"><\/span><\/h3>\n\n\n\n<p class=\"wp-block-paragraph\">Ha a kik\u00f6t\u0151 k\u00f6zel\u00e9ben, a t\u00f6rt\u00e9nelmi k\u00f6zpontban mozogsz, egy leny\u0171g\u00f6z\u0151 m\u00fazeumra bukkansz, amelyet nemcsak a katonai t\u00f6rt\u00e9nelem rajong\u00f3i fognak \u00e9rt\u00e9kelni. <strong>Az Espa\u00e7o Cultural da Marinha egy kiterjedt tenger\u00e9szeti m\u00fazeum, amely bepillant\u00e1st enged Braz\u00edlia gazdag tenger\u00e9szeti hagyom\u00e1nyaiba<\/strong>, egy olyan orsz\u00e1g\u00e9ba, amelynek a vil\u00e1g egyik leghosszabb tengerpartja van. A k\u00fclt\u00e9ri ki\u00e1ll\u00edt\u00e1s tele van t\u00f6rt\u00e9nelmi \u00e1gy\u00fakkal, r\u00e9gi torped\u00f3kkal \u00e9s \u00f3ri\u00e1si horgonyokkal, amelyeket a napf\u00e9nnyel el\u00e1rasztott rakpart ment\u00e9n sz\u00f3rtak sz\u00e9t.<\/p>\n\n\n\n<p class=\"wp-block-paragraph\">Az eg\u00e9sz ter\u00fclet legnagyobb h\u00faz\u00f3neve azonban a val\u00f3di v\u00edzi j\u00e1rm\u0171vek, amelyeket sz\u00e9pen bej\u00e1rhatsz a haj\u00f3fen\u00e9kt\u0151l eg\u00e9szen a kapit\u00e1nyi h\u00eddig. <strong>A legnagyobb \u00e9lm\u00e9nyt a leselejtezett Riachuelo katonai tengeralattj\u00e1r\u00f3 \u00e9s egy r\u00e9gi felfedez\u0151haj\u00f3 h\u0171 m\u00e1solat\u00e1nak megtekint\u00e9se k\u00edn\u00e1lja<\/strong>, amely megmutatja, milyen sz\u0171k\u00f6s k\u00f6r\u00fclm\u00e9nyek k\u00f6z\u00f6tt \u00e9rtek el az els\u0151 eur\u00f3paiak D\u00e9l-Amerika partjaihoz. Innen indulnak a kir\u00e1ndul\u00f3haj\u00f3k is a Guanabara-\u00f6b\u00f6l k\u00f6r\u00fcli s\u00e9tahaj\u00f3z\u00e1sra, amelyek sz\u00e9p kil\u00e1t\u00e1st k\u00edn\u00e1lnak a v\u00e1rosra a v\u00edzr\u0151l.<\/p>\n\n\n\n<p class=\"wp-block-paragraph\">\ud83d\udca1 Tipp: <strong>Az \u00f6b\u00f6lbeli haj\u00f3z\u00e1s ebb\u0151l a kik\u00f6t\u0151b\u0151l jelent\u0151sen olcs\u00f3bb \u00e9s autentikusabb, mint a v\u00e1ros d\u00e9li r\u00e9sz\u00e9b\u0151l indul\u00f3 t\u00fal\u00e1razott turistahaj\u00f3k.<\/strong> Ne feledj er\u0151s napoz\u00f3kr\u00e9met \u00e9s kalapot vinni, mert a r\u00e9gi haj\u00f3k \u00e9s tengeralattj\u00e1r\u00f3k fed\u00e9lzet\u00e9n semmi sem v\u00e9d a perzsel\u0151 brazil napt\u00f3l, a f\u00e9m fed\u00e9lzetek pedig igaz\u00e1n felforr\u00f3sodnak.<\/p>\n\n\n\n<figure data-wp-context=\"{&quot;imageId&quot;:&quot;6a9c45fde6826&quot;}\" data-wp-interactive=\"core\/image\" data-wp-key=\"6a9c45fde6826\" class=\"wp-block-image size-full wp-lightbox-container\"><img decoding=\"async\" width=\"1200\" height=\"800\" data-wp-class--hide=\"state.isContentHidden\" data-wp-class--show=\"state.isContentVisible\" data-wp-init=\"callbacks.setButtonStyles\" data-wp-on--click=\"actions.showLightbox\" data-wp-on--load=\"callbacks.setButtonStyles\" data-wp-on--pointerdown=\"actions.preloadImage\" data-wp-on--pointerenter=\"actions.preloadImageWithDelay\" data-wp-on--pointerleave=\"actions.cancelPreload\" data-wp-on-window--resize=\"callbacks.setButtonStyles\" src=\"https:\/\/loudavymkrokem.cz\/wp-content\/uploads\/2026\/09\/praia-vermelha-pod-cukrovou-homol.jpg\" alt=\"A Praia Vermelha strand a Cukors\u00fcveg-hegy alatt\" class=\"wp-image-413245\" title=\"\" srcset=\"https:\/\/loudavymkrokem.cz\/wp-content\/uploads\/2026\/09\/praia-vermelha-pod-cukrovou-homol.jpg 1200w, https:\/\/loudavymkrokem.cz\/wp-content\/uploads\/2026\/09\/praia-vermelha-pod-cukrovou-homol-300x200.jpg 300w, https:\/\/loudavymkrokem.cz\/wp-content\/uploads\/2026\/09\/praia-vermelha-pod-cukrovou-homol-700x467.jpg 700w, https:\/\/loudavymkrokem.cz\/wp-content\/uploads\/2026\/09\/praia-vermelha-pod-cukrovou-homol-768x512.jpg 768w, https:\/\/loudavymkrokem.cz\/wp-content\/uploads\/2026\/09\/praia-vermelha-pod-cukrovou-homol-696x464.jpg 696w\" sizes=\"(max-width: 1200px) 100vw, 1200px\" \/><button\n\t\t\tclass=\"lightbox-trigger\"\n\t\t\ttype=\"button\"\n\t\t\taria-haspopup=\"dialog\"\n\t\t\tdata-wp-bind--aria-label=\"state.thisImage.triggerButtonAriaLabel\"\n\t\t\tdata-wp-init=\"callbacks.initTriggerButton\"\n\t\t\tdata-wp-on--click=\"actions.showLightbox\"\n\t\t\tdata-wp-style--right=\"state.thisImage.buttonRight\"\n\t\t\tdata-wp-style--top=\"state.thisImage.buttonTop\"\n\t\t>\n\t\t\t<svg xmlns=\"http:\/\/www.w3.org\/2000\/svg\" width=\"12\" height=\"12\" fill=\"none\" viewBox=\"0 0 12 12\">\n\t\t\t\t<path fill=\"#fff\" d=\"M2 0a2 2 0 0 0-2 2v2h1.5V2a.5.5 0 0 1 .5-.5h2V0H2Zm2 10.5H2a.5.5 0 0 1-.5-.5V8H0v2a2 2 0 0 0 2 2h2v-1.5ZM8 12v-1.5h2a.5.5 0 0 0 .5-.5V8H12v2a2 2 0 0 1-2 2H8Zm2-12a2 2 0 0 1 2 2v2h-1.5V2a.5.5 0 0 0-.5-.5H8V0h2Z\" \/>\n\t\t\t<\/svg>\n\t\t<\/button><figcaption class=\"wp-element-caption\">Foto: Carlos Alberto do Amaral \/ Google Maps<\/figcaption><\/figure>\n\n\n\n<h3 class=\"wp-block-heading\"><span class=\"ez-toc-section\" id=\"22_A_Praia_Vermelha_strand_a_Cukorsuveg-hegy_alatt\"><\/span>22. A Praia Vermelha strand a Cukors\u00fcveg-hegy alatt<span class=\"ez-toc-section-end\"><\/span><\/h3>\n\n\n\n<p class=\"wp-block-paragraph\">A list\u00e1nk legv\u00e9g\u00e9re egy kicsi, de ann\u00e1l szebb strandot hagytunk, amely teljesen m\u00e1s \u00e9lm\u00e9nyt k\u00edn\u00e1l, mint a Copacabana v\u00e9gtelen homoks\u00e1vjai. <strong>A Praia Vermelha, vagyis a V\u00f6r\u00f6s strand, egy nyugodt \u00f6b\u00f6lben rejt\u0151zik, egyenesen a fens\u00e9ges Cukors\u00fcveg-hegy l\u00e1b\u00e1n\u00e1l<\/strong>, amely mint egy hatalmas k\u0151fal magasodik f\u00f6l\u00f6tte. Nev\u00e9t a durv\u00e1bb, r\u00f3zsasz\u00ednes homokb\u00f3l kapta, amely naplementekor gy\u00f6ny\u00f6r\u0171 meleg \u00e1rnyalatot \u00f6lt.<\/p>\n\n\n\n<p class=\"wp-block-paragraph\">Az \u00f6b\u00f6l v\u00e9dett az er\u0151s \u00f3ce\u00e1ni \u00e1ramlatokt\u00f3l, \u00edgy a v\u00edz itt hihetetlen\u00fcl nyugodt \u00e9s biztons\u00e1gos, ami ide\u00e1lis helly\u00e9 teszi a csal\u00e1dok \u00e9s a laza \u00fasz\u00e1s sz\u00e1m\u00e1ra. <strong>A nagy hull\u00e1mok hi\u00e1nya miatt t\u00f6k\u00e9letes helysz\u00edn paddleboard vagy tengeri kajak b\u00e9rl\u00e9s\u00e9hez<\/strong>, amelyr\u0151l a k\u00f6rnyez\u0151 meredek szikl\u00e1kat egy teljesen \u00faj perspekt\u00edv\u00e1b\u00f3l csod\u00e1lhatod meg. A strand nagyon kicsi \u00e9s otthonos, z\u00f6ld f\u00e1k veszik k\u00f6r\u00fcl, \u00e9s sokkal meghittebb hangulatot k\u00edn\u00e1l, mint a nagy szomsz\u00e9dos strandok.<\/p>\n\n\n\n<p class=\"wp-block-paragraph\">\ud83d\udca1 Tipp: <strong>A strand bal sz\u00e9l\u00e9b\u0151l indul a gy\u00f6ny\u00f6r\u0171, szil\u00e1rd burkolat\u00fa Pista Cl\u00e1udio Coutinho \u00f6sv\u00e9ny, amely az es\u0151erd\u0151n kereszt\u00fcl kanyarog, szorosan a tenger feletti szikl\u00e1k ment\u00e9n.<\/strong> Ez csod\u00e1latos hely egy k\u00f6nnyed s\u00e9t\u00e1hoz, ahol nagy val\u00f3sz\u00edn\u0171s\u00e9ggel szemtelen selyemmajmokkal tal\u00e1lkozol, de ne feledd, hogy a vad\u00e1llatok etet\u00e9se az eg\u00e9sz parkban szigor\u00faan tilos, b\u00e1rmilyen aranyosnak is t\u0171nnek. A kir\u00e1ndul\u00e1s erre a strandra ide\u00e1lisan \u00f6sszek\u00f6thet\u0151 mag\u00e1nak a Cukors\u00fcveg-hegynek a megl\u00e1togat\u00e1s\u00e1val \u2013 a felvon\u00f3 als\u00f3 \u00e1llom\u00e1sa \u00e9pp az utca t\u00faloldal\u00e1n van.<\/p>\n\n\n\n<h2 class=\"wp-block-heading\"><span class=\"ez-toc-section\" id=\"Merre_tovabb_Rio_de_Janeirobol\"><\/span>Merre tov\u00e1bb Rio de Janeir\u00f3b\u00f3l<span class=\"ez-toc-section-end\"><\/span><\/h2>\n\n\n\n<p class=\"wp-block-paragraph\">Braz\u00edlia hatalmas orsz\u00e1g, \u00e9s Rio de Janeiro sokszor csak az els\u0151 \u00e1llom\u00e1s a d\u00e9l-amerikai utadon. Ha m\u00e9lyebben szeretn\u00e9l <strong>elmer\u00fclni a sz\u00e1ll\u00e1sod tervez\u00e9s\u00e9ben<\/strong>, \u00f6ssze\u00e1ll\u00edtottunk neked egy r\u00e9szletesebb \u00fatmutat\u00f3t: <a href=\"https:\/\/loudavymkrokem.cz\/hu\/hol-szallj-meg-rio-de-janeiro\/\">Hol lakj Rio de Janeir\u00f3ban<\/a>. Megtudod bel\u0151le a r\u00e9szletes k\u00fcl\u00f6nbs\u00e9geket a v\u00e1ros d\u00e9li r\u00e9sz\u00e9nek egyes v\u00e1rosr\u00e9szei k\u00f6z\u00f6tt, \u00edgy k\u00f6nnyebben v\u00e1lasztod ki a legjobb helysz\u00ednt.<\/p>\n\n\n\n<p class=\"wp-block-paragraph\">A legt\u00f6bb utaz\u00f3 ezut\u00e1n a d\u00e9li f\u00e9lteke legnagyobb metropolisz\u00e1ba k\u00f6lt\u00f6zik tov\u00e1bb, amely <strong>teljesen m\u00e1s, nagyon urb\u00e1nus \u00e9lm\u00e9nyt<\/strong> k\u00edn\u00e1l. A z\u00f6kken\u0151mentes \u00e1tutaz\u00e1shoz javaslom, n\u00e9zz bele a <a href=\"https:\/\/loudavymkrokem.cz\/hu\/?p=412732\">Mit \u00e9rdemes l\u00e1tni S\u00e3o Paul\u00f3ban<\/a> cikkbe, ahol tippeket tal\u00e1lsz a legjobb m\u00fazeumokra, parkokra \u00e9s felh\u0151karcol\u00f3-kil\u00e1t\u00f3kra. Gyakorlati tan\u00e1csokat a biztons\u00e1gos helysz\u00edn kiv\u00e1laszt\u00e1s\u00e1hoz ebben az \u00f3ri\u00e1si \u00fczleti v\u00e1rosban a <a href=\"https:\/\/loudavymkrokem.cz\/hu\/?p=412738\">Hol lakj S\u00e3o Paul\u00f3ban<\/a> \u00fatmutat\u00f3nk k\u00edn\u00e1l.<\/p>\n\n\n\n<h2 class=\"wp-block-heading\"><span class=\"ez-toc-section\" id=\"Gyakran_ismetelt_kerdesek\"><\/span>Gyakran ism\u00e9telt k\u00e9rd\u00e9sek<span class=\"ez-toc-section-end\"><\/span><\/h2>\n\n\n<div id=\"rank-math-faq\" class=\"rank-math-block\">\n<div class=\"rank-math-list \">\n<div id=\"faq-question-1788283109000\" class=\"rank-math-list-item\">\n<h3 class=\"rank-math-question \"><span class=\"ez-toc-section\" id=\"Biztonsagos_Rio_de_Janeiro_a_turistak_szamara\"><\/span>Biztons\u00e1gos Rio de Janeiro a turist\u00e1k sz\u00e1m\u00e1ra?<span class=\"ez-toc-section-end\"><\/span><\/h3>\n<div class=\"rank-math-answer \">\n\n<p>Ha a <strong>turisztikai biztons\u00e1gi \u00f6vezeten bel\u00fcl marad az Ipanema \u00e9s Leblon negyedek k\u00f6r\u00fcl<\/strong>, nagy val\u00f3sz\u00edn\u0171s\u00e9ggel nem lesz semmi probl\u00e9m\u00e1ja. Nappal a Copacabana is biztons\u00e1gos, de s\u00f6t\u00e9ted\u00e9s ut\u00e1n ker\u00fclje a s\u00e9t\u00e1t a strandon \u00e9s a belv\u00e1ros \u00fcres utc\u00e1in. <strong>Alapvet\u0151en haszn\u00e1lja az Ubert<\/strong>, \u00e9s ne mutogassa dr\u00e1ga \u00e9kszereit vagy telefonj\u00e1t.<\/p>\n\n<\/div>\n<\/div>\n<div id=\"faq-question-1788283109001\" class=\"rank-math-list-item\">\n<h3 class=\"rank-math-question \"><span class=\"ez-toc-section\" id=\"Hany_napra_van_szuksegem_Rio_meglatogatasahoz\"><\/span>H\u00e1ny napra van sz\u00fcks\u00e9gem Rio megl\u00e1togat\u00e1s\u00e1hoz?<span class=\"ez-toc-section-end\"><\/span><\/h3>\n<div class=\"rank-math-answer \">\n\n<p>A v\u00e1ros megismer\u00e9s\u00e9hez ide\u00e1lis id\u0151 <strong>n\u00e9gy-\u00f6t teljes nap<\/strong>, ami elegend\u0151 id\u0151t ad a l\u00e1tnival\u00f3kra \u00e9s a strandon val\u00f3 pihen\u00e9sre is. Mindig hagyjon azonban legal\u00e1bb <strong>k\u00e9t napot tartal\u00e9kban id\u0151beli pufferk\u00e9nt<\/strong>, hogy a magasan fekv\u0151 kil\u00e1t\u00f3pontok l\u00e1togat\u00e1s\u00e1t rugalmasan igaz\u00edthassa az aktu\u00e1lis felh\u0151zethez \u00e9s id\u0151j\u00e1r\u00e1shoz.<\/p>\n\n<\/div>\n<\/div>\n<div id=\"faq-question-1788283109002\" class=\"rank-math-list-item\">\n<h3 class=\"rank-math-question \"><span class=\"ez-toc-section\" id=\"Hogyan_lehet_a_legjobban_eljutni_a_Krisztus_Megvalto_szoborhoz\"><\/span>Hogyan lehet a legjobban eljutni a Krisztus Megv\u00e1lt\u00f3 szoborhoz?<span class=\"ez-toc-section-end\"><\/span><\/h3>\n<div class=\"rank-math-answer \">\n\n<p>H\u00e1rom lehet\u0151s\u00e9g l\u00e9tezik, amelyek k\u00f6z\u00fcl a <strong>legdr\u00e1g\u00e1bb \u00e9s legn\u00e9pszer\u0171bb a t\u00f6rt\u00e9nelmi Corcovado fogaskerek\u0171<\/strong>, amely felvezet az es\u0151erd\u0151n \u00e1t. Valamivel olcs\u00f3bb alternat\u00edva a Paineiras l\u00e1togat\u00f3k\u00f6zpontt\u00f3l indul\u00f3 hivatalos mikrobusz. Ha a legolcs\u00f3bb \u00e9s legkalandosabb utat keresi, <strong>gyalog is elindulhat a meredek \u00f6sv\u00e9nyen<\/strong> a Parque Lage parkb\u00f3l, ami k\u00f6r\u00fclbel\u00fcl k\u00e9t \u00f3r\u00e1s meger\u0151ltet\u0151 emelked\u00e9st jelent.<\/p>\n\n<\/div>\n<\/div>\n<div id=\"faq-question-1788283109003\" class=\"rank-math-list-item\">\n<h3 class=\"rank-math-question \"><span class=\"ez-toc-section\" id=\"Mikor_a_legjobb_idoszak_Braziliaba_utazni\"><\/span>Mikor a legjobb id\u0151szak Braz\u00edli\u00e1ba utazni?<span class=\"ez-toc-section-end\"><\/span><\/h3>\n<div class=\"rank-math-answer \">\n\n<p>A kedvez\u0151 id\u0151j\u00e1r\u00e1s \u00e9s az \u00e9sszer\u0171 \u00e1rak szempontj\u00e1b\u00f3l a legjobb <strong>\u00e1prilist\u00f3l j\u00faniusig vagy augusztust\u00f3l okt\u00f3berig utazni<\/strong>. \u00cdgy elker\u00fcli a sz\u00e9ls\u0151s\u00e9ges ny\u00e1ri h\u0151s\u00e9get \u00e9s a rendszeres felh\u0151szakad\u00e1sokat. A karnev\u00e1l \u00e9s a szilveszter idej\u00e9n ugyan csod\u00e1latos a v\u00e1ros hangulata, de <strong>a sz\u00e1ll\u00e1s\u00e1rak t\u00f6bbsz\u00f6r\u00f6sen magasabbak<\/strong>, \u00e9s minden\u00fctt hatalmas t\u00f6megekkel tal\u00e1lkozik.<\/p>\n\n<\/div>\n<\/div>\n<div id=\"faq-question-1788283109004\" class=\"rank-math-list-item\">\n<h3 class=\"rank-math-question \"><span class=\"ez-toc-section\" id=\"Furodhetem_a_Rio-i_strandokon_sotetedes_utan\"><\/span>F\u00fcr\u00f6dhetem a Rio-i strandokon s\u00f6t\u00e9ted\u00e9s ut\u00e1n?<span class=\"ez-toc-section-end\"><\/span><\/h3>\n<div class=\"rank-math-answer \">\n\n<p><strong>Semmik\u00e9ppen sem, \u00e9jszaka soha ne menjen a strandra.<\/strong> Amint lemegy a nap, a hossz\u00fa homoks\u00e1vok vesz\u00e9lyess\u00e9 v\u00e1lnak a turist\u00e1k sz\u00e1m\u00e1ra \u00e9s gyan\u00fas elemeket vonzanak. A v\u00e1ros lak\u00f3i est\u00e9nk\u00e9nt a j\u00f3l megvil\u00e1g\u00edtott b\u00e1rokban \u00e9s \u00e9ttermekben gy\u00fclekeznek a forgalmas utc\u00e1kon, ez\u00e9rt <strong>az elhagyatott strandokat s\u00f6t\u00e9ted\u00e9s ut\u00e1n jobb teljesen elker\u00fclni<\/strong>.<\/p>\n\n<\/div>\n<\/div>\n<div id=\"faq-question-1788283109005\" class=\"rank-math-list-item\">\n<h3 class=\"rank-math-question \"><span class=\"ez-toc-section\" id=\"Hogyan_lehet_kozlekedni_a_varosban_es_biztonsagos-e_a_tomegkozlekedes\"><\/span>Hogyan lehet k\u00f6zlekedni a v\u00e1rosban, \u00e9s biztons\u00e1gos-e a t\u00f6megk\u00f6zleked\u00e9s?<span class=\"ez-toc-section-end\"><\/span><\/h3>\n<div class=\"rank-math-answer \">\n\n<p>Nappal <strong>kiv\u00e1l\u00f3an \u00e9s biztons\u00e1gosan m\u0171k\u00f6dik a metr\u00f3h\u00e1l\u00f3zat<\/strong>, amely \u00f6sszek\u00f6ti a d\u00e9li strandnegyedeket a t\u00f6rt\u00e9nelmi belv\u00e1rossal. A hagyom\u00e1nyos buszok kiss\u00e9 \u00e1ttekinthetetlenek, \u00e9s turist\u00e1knak nem igaz\u00e1n aj\u00e1nlottak. Amint s\u00f6t\u00e9tedni kezd, <strong>kompromisszumok n\u00e9lk\u00fcl v\u00e1ltson \u00e1t az Uber alkalmaz\u00e1sra<\/strong>, amely Braz\u00edli\u00e1ban nagyon olcs\u00f3, megb\u00edzhat\u00f3, \u00e9s nyugodt visszajut\u00e1st garant\u00e1l a hotelbe.<\/p>\n\n<\/div>\n<\/div>\n<div id=\"faq-question-1788283109006\" class=\"rank-math-list-item\">\n<h3 class=\"rank-math-question \"><span class=\"ez-toc-section\" id=\"Mit_ehetek_Rioban_ha_nem_eszem_hust\"><\/span>Mit ehetek Ri\u00f3ban, ha nem eszem h\u00fast?<span class=\"ez-toc-section-end\"><\/span><\/h3>\n<div class=\"rank-math-answer \">\n\n<p>B\u00e1r a brazil konyha er\u0151sen h\u00fas alap\u00fa, rengeteg veget\u00e1ri\u00e1nus finoms\u00e1got tal\u00e1l. <strong>A legnagyobb sl\u00e1ger a jeges a\u00e7a\u00ed granol\u00e1val<\/strong>, amely t\u00f6k\u00e9letesen felfriss\u00edt a strandon. Az utcai koftokn\u00e1l keresse a sajtgoly\u00f3kat, a p\u00e3o de queijo-t vagy a tapioc\u00e1t sajttal \u00e9s paradicsommal t\u00f6ltve. Teljes \u00e9rt\u00e9k\u0171 vacsor\u00e1hoz <strong>l\u00e1togasson el a kiv\u00e1l\u00f3 olasz \u00e9ttermekbe Ipanem\u00e1ban<\/strong>.<\/p>\n\n<\/div>\n<\/div>\n<div id=\"faq-question-1788283109007\" class=\"rank-math-list-item\">\n<h3 class=\"rank-math-question \"><span class=\"ez-toc-section\" id=\"Megeri_a_belepojegyeket_hosszu_idovel_elore_megvasarolni_a_latvanyossagokhoz\"><\/span>Meg\u00e9ri a bel\u00e9p\u0151jegyeket hossz\u00fa id\u0151vel el\u0151re megv\u00e1s\u00e1rolni a l\u00e1tv\u00e1nyoss\u00e1gokhoz?<span class=\"ez-toc-section-end\"><\/span><\/h3>\n<div class=\"rank-math-answer \">\n\n<p>Modern, z\u00e1rt m\u00fazeumokn\u00e1l, mint a Holnap M\u00fazeuma, az online jegyek el\u0151zetes megv\u00e1s\u00e1rl\u00e1sa mindenk\u00e9ppen meg\u00e9ri. <strong>Szabadt\u00e9ri kil\u00e1t\u00f3pontokn\u00e1l, mint a Cukors\u00fcveg-hegy \u00e9s a Krisztus Megv\u00e1lt\u00f3 szobor, azonban legyen \u00f3vatos.<\/strong> Az id\u0151j\u00e1r\u00e1s a tengerparton \u00f3r\u00e1r\u00f3l \u00f3r\u00e1ra v\u00e1ltozik, \u00e9s ha fix napra v\u00e1s\u00e1rol jegyet, <strong>azt kock\u00e1ztatja, hogy s\u0171r\u0171 k\u00f6d miatt egy\u00e1ltal\u00e1n semmit sem l\u00e1t<\/strong>.<\/p>\n\n<\/div>\n<\/div>\n<\/div>\n<\/div>","protected":false},"excerpt":{"rendered":"<p>Fedezd fel Rio de Janeiro legszebb helyeit, a h\u00edres strandokt\u00f3l az eldugott es\u0151erdei kil\u00e1t\u00f3kig, \u00e9s tudd meg, hogyan \u00e9lvezheted a v\u00e1rost teljesen biztons\u00e1gosan.<\/p>\n","protected":false},"author":3,"featured_media":413187,"comment_status":"open","ping_status":"open","sticky":false,"template":"","format":"standard","meta":{"_acf_changed":false,"footnotes":"","rank_math_title":"Rio de Janeiro: 22 tipp, mit l\u00e1ss 2026-ban","rank_math_description":"Rio de Janeiro legjobb l\u00e1tnival\u00f3i: strandok, Krisztus-szobor, Cukors\u00fcveg \u00e9s rejtett kil\u00e1t\u00f3k, plusz biztons\u00e1gi \u00e9s sz\u00e1ll\u00e1stippek. Tervezd meg utad most!","rank_math_focus_keyword":"rio de janeiro","rank_math_seo_score":""},"categories":[1788],"tags":[],"class_list":["post-417257","post","type-post","status-publish","format-standard","has-post-thumbnail","category-utazas"],"acf":[],"featured_image_src":"https:\/\/loudavymkrokem.cz\/wp-content\/uploads\/2026\/09\/pedra-do-arpoador.jpg","author_info":{"display_name":"Lucie Kone\u010dn\u00e1","author_link":"https:\/\/loudavymkrokem.cz\/hu\/author\/lucie-konecna\/"},"_links":{"self":[{"href":"https:\/\/loudavymkrokem.cz\/hu\/wp-json\/wp\/v2\/posts\/417257","targetHints":{"allow":["GET"]}}],"collection":[{"href":"https:\/\/loudavymkrokem.cz\/hu\/wp-json\/wp\/v2\/posts"}],"about":[{"href":"https:\/\/loudavymkrokem.cz\/hu\/wp-json\/wp\/v2\/types\/post"}],"author":[{"embeddable":true,"href":"https:\/\/loudavymkrokem.cz\/hu\/wp-json\/wp\/v2\/users\/3"}],"replies":[{"embeddable":true,"href":"https:\/\/loudavymkrokem.cz\/hu\/wp-json\/wp\/v2\/comments?post=417257"}],"version-history":[{"count":2,"href":"https:\/\/loudavymkrokem.cz\/hu\/wp-json\/wp\/v2\/posts\/417257\/revisions"}],"predecessor-version":[{"id":417259,"href":"https:\/\/loudavymkrokem.cz\/hu\/wp-json\/wp\/v2\/posts\/417257\/revisions\/417259"}],"wp:featuredmedia":[{"embeddable":true,"href":"https:\/\/loudavymkrokem.cz\/hu\/wp-json\/wp\/v2\/media\/413187"}],"wp:attachment":[{"href":"https:\/\/loudavymkrokem.cz\/hu\/wp-json\/wp\/v2\/media?parent=417257"}],"wp:term":[{"taxonomy":"category","embeddable":true,"href":"https:\/\/loudavymkrokem.cz\/hu\/wp-json\/wp\/v2\/categories?post=417257"},{"taxonomy":"post_tag","embeddable":true,"href":"https:\/\/loudavymkrokem.cz\/hu\/wp-json\/wp\/v2\/tags?post=417257"}],"curies":[{"name":"wp","href":"https:\/\/api.w.org\/{rel}","templated":true}]}}