{"id":417243,"date":"2026-09-04T20:36:08","date_gmt":"2026-09-04T18:36:08","guid":{"rendered":"https:\/\/loudavymkrokem.cz\/hol-szallj-meg-bukarest-romania\/"},"modified":"2026-09-05T14:29:54","modified_gmt":"2026-09-05T12:29:54","slug":"hol-szallj-meg-bukarest-romania","status":"publish","type":"post","link":"https:\/\/loudavymkrokem.cz\/hu\/hol-szallj-meg-bukarest-romania\/","title":{"rendered":"Hol sz\u00e1llj meg Bukarestben: 18 tipp a legjobb hotelekre \u00e9s v\u00e1rosr\u00e9szekre 2026-ban"},"content":{"rendered":"\n<p class=\"wp-block-paragraph\">Ha olyan eur\u00f3pai f\u0151v\u00e1rost keresel, ahol egy gy\u00f6ny\u00f6r\u0171 <strong>bukaresti sz\u00e1ll\u00e1sra<\/strong> nem kell az eg\u00e9sz fizet\u00e9sedet elk\u00f6ltened, \u00e9pp most tal\u00e1ltad meg. Bukarest, Rom\u00e1nia f\u0151v\u00e1rosa jelenleg val\u00f3sz\u00edn\u0171leg a legolcs\u00f3bb nagy f\u0151v\u00e1ros az Eur\u00f3pai Uni\u00f3ban, ha a sz\u00e1llod\u00e1kat n\u00e9zz\u00fck, \u00e9s a szolg\u00e1ltat\u00e1sok min\u0151s\u00e9ge itt j\u00f3csk\u00e1n fel\u00fclm\u00falja mag\u00e1nak a v\u00e1rosnak a h\u00edrnev\u00e9t. Az\u00e9rt az \u00e1r\u00e9rt, amit P\u00e1rizsban vagy R\u00f3m\u00e1ban egy sz\u0171k\u00f6s, ablak n\u00e9lk\u00fcli szob\u00e1csk\u00e1\u00e9rt fizetn\u00e9l, itt egy <strong>saj\u00e1t sp\u00e1val \u00e9s medenc\u00e9vel rendelkez\u0151 t\u00f6rt\u00e9nelmi \u00e9p\u00fcletet<\/strong> kapsz.<\/p>\n\n\n\n<p class=\"wp-block-paragraph\">A megfelel\u0151 v\u00e1rosr\u00e9sz kiv\u00e1laszt\u00e1sa viszont a rom\u00e1n f\u0151v\u00e1rosban abszol\u00fat kulcsfontoss\u00e1g\u00fa. A legt\u00f6bb turista automatikusan az \u00d3v\u00e1ros fest\u0151i utc\u00e1csk\u00e1i fel\u00e9 veszi az ir\u00e1nyt, ami hamar kider\u00fcl, hogy <strong>a leggyakoribb \u00e9s legf\u00e1jdalmasabb hiba<\/strong>. Ha ugyanis nem fizetsz r\u00e1 egy t\u00f6k\u00e9letesen hangszigetelt hotelre, garant\u00e1lom, hogy a minden\u00fctt jelen l\u00e9v\u0151 b\u00e1rok \u00e9s klubok miatt kora hajnalig nem fogsz aludni.<\/p>\n\n\n\n<p class=\"wp-block-paragraph\">Az okos v\u00e1laszt\u00e1s ez\u00e9rt az arany k\u00f6z\u00e9p\u00fat megtal\u00e1l\u00e1s\u00e1ban rejlik, amikor a <strong>t\u00f6rt\u00e9nelmi belv\u00e1ros k\u00e9nyelmesen gyalogt\u00e1vols\u00e1gra van<\/strong>, de \u00e9jszaka nem a basszus d\u00fcb\u00f6rg\u00e9s\u00e9re \u00e9bredsz. Olyan hoteleket v\u00e1logattam neked, amelyeknek t\u00e9nyleg j\u00f3 \u00e9rt\u00e9kel\u00e9seik vannak, \u00e9s amelyek egyben logikus d\u00f6nt\u00e9st jelentenek an\u00e9lk\u00fcl, hogy Bukarestben t\u00f6bbet hagyn\u00e1l ott, mint tervezt\u00e9l.<\/p>\n\n\n\n<figure data-wp-context=\"{&quot;imageId&quot;:&quot;6a9c1d552413f&quot;}\" data-wp-interactive=\"core\/image\" data-wp-key=\"6a9c1d552413f\" class=\"wp-block-image size-full wp-lightbox-container\"><img decoding=\"async\" width=\"1920\" height=\"1777\" data-wp-class--hide=\"state.isContentHidden\" data-wp-class--show=\"state.isContentVisible\" data-wp-init=\"callbacks.setButtonStyles\" data-wp-on--click=\"actions.showLightbox\" data-wp-on--load=\"callbacks.setButtonStyles\" data-wp-on--pointerdown=\"actions.preloadImage\" data-wp-on--pointerenter=\"actions.preloadImageWithDelay\" data-wp-on--pointerleave=\"actions.cancelPreload\" data-wp-on-window--resize=\"callbacks.setButtonStyles\" src=\"https:\/\/loudavymkrokem.cz\/wp-content\/uploads\/2026\/08\/calea-victoriei-v-bukuresti-87618d4a.jpg\" alt=\"Calea Victoriei Bukarestben\" class=\"wp-image-410374\" title=\"\" srcset=\"https:\/\/loudavymkrokem.cz\/wp-content\/uploads\/2026\/08\/calea-victoriei-v-bukuresti-87618d4a.jpg 1920w, https:\/\/loudavymkrokem.cz\/wp-content\/uploads\/2026\/08\/calea-victoriei-v-bukuresti-87618d4a-300x278.jpg 300w, https:\/\/loudavymkrokem.cz\/wp-content\/uploads\/2026\/08\/calea-victoriei-v-bukuresti-87618d4a-700x648.jpg 700w, https:\/\/loudavymkrokem.cz\/wp-content\/uploads\/2026\/08\/calea-victoriei-v-bukuresti-87618d4a-768x711.jpg 768w, https:\/\/loudavymkrokem.cz\/wp-content\/uploads\/2026\/08\/calea-victoriei-v-bukuresti-87618d4a-1536x1422.jpg 1536w, https:\/\/loudavymkrokem.cz\/wp-content\/uploads\/2026\/08\/calea-victoriei-v-bukuresti-87618d4a-696x644.jpg 696w, https:\/\/loudavymkrokem.cz\/wp-content\/uploads\/2026\/08\/calea-victoriei-v-bukuresti-87618d4a-1392x1288.jpg 1392w\" sizes=\"(max-width: 1920px) 100vw, 1920px\" \/><button\n\t\t\tclass=\"lightbox-trigger\"\n\t\t\ttype=\"button\"\n\t\t\taria-haspopup=\"dialog\"\n\t\t\tdata-wp-bind--aria-label=\"state.thisImage.triggerButtonAriaLabel\"\n\t\t\tdata-wp-init=\"callbacks.initTriggerButton\"\n\t\t\tdata-wp-on--click=\"actions.showLightbox\"\n\t\t\tdata-wp-style--right=\"state.thisImage.buttonRight\"\n\t\t\tdata-wp-style--top=\"state.thisImage.buttonTop\"\n\t\t>\n\t\t\t<svg xmlns=\"http:\/\/www.w3.org\/2000\/svg\" width=\"12\" height=\"12\" fill=\"none\" viewBox=\"0 0 12 12\">\n\t\t\t\t<path fill=\"#fff\" d=\"M2 0a2 2 0 0 0-2 2v2h1.5V2a.5.5 0 0 1 .5-.5h2V0H2Zm2 10.5H2a.5.5 0 0 1-.5-.5V8H0v2a2 2 0 0 0 2 2h2v-1.5ZM8 12v-1.5h2a.5.5 0 0 0 .5-.5V8H12v2a2 2 0 0 1-2 2H8Zm2-12a2 2 0 0 1 2 2v2h-1.5V2a.5.5 0 0 0-.5-.5H8V0h2Z\" \/>\n\t\t\t<\/svg>\n\t\t<\/button><figcaption class=\"wp-element-caption\">Fot\u00f3: Neoclassicism Enthusiast \/ Wikimedia Commons, CC0<\/figcaption><\/figure>\n\n\n\n<div id=\"ez-toc-container\" class=\"ez-toc-v2_0_87 ez-toc-wrap-left counter-hierarchy ez-toc-counter ez-toc-grey ez-toc-container-direction\">\n<div class=\"ez-toc-title-container\">\n<p class=\"ez-toc-title\" style=\"cursor:inherit\">A cikk tartalma<\/p>\n<span class=\"ez-toc-title-toggle\"><a href=\"#\" class=\"ez-toc-pull-right ez-toc-btn ez-toc-btn-xs ez-toc-btn-default ez-toc-toggle\" aria-label=\"Toggle Table of Content\"><span class=\"ez-toc-js-icon-con\"><span class=\"\"><span class=\"eztoc-hide\" style=\"display:none;\">Toggle<\/span><span class=\"ez-toc-icon-toggle-span\"><svg style=\"fill: #999;color:#999\" xmlns=\"http:\/\/www.w3.org\/2000\/svg\" class=\"list-377408\" width=\"20px\" height=\"20px\" viewBox=\"0 0 24 24\" fill=\"none\"><path d=\"M6 6H4v2h2V6zm14 0H8v2h12V6zM4 11h2v2H4v-2zm16 0H8v2h12v-2zM4 16h2v2H4v-2zm16 0H8v2h12v-2z\" fill=\"currentColor\"><\/path><\/svg><svg style=\"fill: #999;color:#999\" class=\"arrow-unsorted-368013\" xmlns=\"http:\/\/www.w3.org\/2000\/svg\" width=\"10px\" height=\"10px\" viewBox=\"0 0 24 24\" version=\"1.2\" baseProfile=\"tiny\"><path d=\"M18.2 9.3l-6.2-6.3-6.2 6.3c-.2.2-.3.4-.3.7s.1.5.3.7c.2.2.4.3.7.3h11c.3 0 .5-.1.7-.3.2-.2.3-.5.3-.7s-.1-.5-.3-.7zM5.8 14.7l6.2 6.3 6.2-6.3c.2-.2.3-.5.3-.7s-.1-.5-.3-.7c-.2-.2-.4-.3-.7-.3h-11c-.3 0-.5.1-.7.3-.2.2-.3.5-.3.7s.1.5.3.7z\"\/><\/svg><\/span><\/span><\/span><\/a><\/span><\/div>\n<nav><ul class='ez-toc-list ez-toc-list-level-1 ' ><ul class='ez-toc-list-level-3' ><li class='ez-toc-heading-level-3'><a class=\"ez-toc-link ez-toc-heading-1\" href=\"https:\/\/loudavymkrokem.cz\/hu\/hol-szallj-meg-bukarest-romania\/#Osszefoglalas_azoknak_akiknek_nincs_idejuk_vegigolvasni_a_cikket\" >\u00d6sszefoglal\u00e1s azoknak, akiknek nincs idej\u00fck v\u00e9gigolvasni a cikket<\/a><\/li><\/ul><\/li><li class='ez-toc-page-1 ez-toc-heading-level-2'><a class=\"ez-toc-link ez-toc-heading-2\" href=\"https:\/\/loudavymkrokem.cz\/hu\/hol-szallj-meg-bukarest-romania\/#Melyik_varosreszt_valaszd\" >Melyik v\u00e1rosr\u00e9szt v\u00e1laszd<\/a><\/li><li class='ez-toc-page-1 ez-toc-heading-level-2'><a class=\"ez-toc-link ez-toc-heading-3\" href=\"https:\/\/loudavymkrokem.cz\/hu\/hol-szallj-meg-bukarest-romania\/#Mikor_menj_es_mikor_foglalj\" >Mikor menj \u00e9s mikor foglalj<\/a><\/li><li class='ez-toc-page-1 ez-toc-heading-level-2'><a class=\"ez-toc-link ez-toc-heading-4\" href=\"https:\/\/loudavymkrokem.cz\/hu\/hol-szallj-meg-bukarest-romania\/#Hol_szallj_meg_Bukarestben_a_18_legjobb_hotel\" >Hol sz\u00e1llj meg Bukarestben: a 18 legjobb hotel<\/a><ul class='ez-toc-list-level-3' ><li class='ez-toc-heading-level-3'><a class=\"ez-toc-link ez-toc-heading-5\" href=\"https:\/\/loudavymkrokem.cz\/hu\/hol-szallj-meg-bukarest-romania\/#1_InterContinental_Athenee_Palace_Bucharest\" >1. InterContinental Ath\u00e9n\u00e9e Palace Bucharest<\/a><\/li><li class='ez-toc-page-1 ez-toc-heading-level-3'><a class=\"ez-toc-link ez-toc-heading-6\" href=\"https:\/\/loudavymkrokem.cz\/hu\/hol-szallj-meg-bukarest-romania\/#2_Grand_Hotel_Continental_Bucharest\" >2. Grand Hotel Continental Bucharest<\/a><\/li><li class='ez-toc-page-1 ez-toc-heading-level-3'><a class=\"ez-toc-link ez-toc-heading-7\" href=\"https:\/\/loudavymkrokem.cz\/hu\/hol-szallj-meg-bukarest-romania\/#3_The_Marmorosch_Bucharest_Autograph_Collection\" >3. The Marmorosch Bucharest, Autograph Collection<\/a><\/li><li class='ez-toc-page-1 ez-toc-heading-level-3'><a class=\"ez-toc-link ez-toc-heading-8\" href=\"https:\/\/loudavymkrokem.cz\/hu\/hol-szallj-meg-bukarest-romania\/#4_Corinthia_Grand_Hotel_du_Boulevard\" >4. Corinthia Grand Hotel du Boulevard<\/a><\/li><li class='ez-toc-page-1 ez-toc-heading-level-3'><a class=\"ez-toc-link ez-toc-heading-9\" href=\"https:\/\/loudavymkrokem.cz\/hu\/hol-szallj-meg-bukarest-romania\/#5_Casa_Capsa\" >5. Casa Cap\u0219a<\/a><\/li><li class='ez-toc-page-1 ez-toc-heading-level-3'><a class=\"ez-toc-link ez-toc-heading-10\" href=\"https:\/\/loudavymkrokem.cz\/hu\/hol-szallj-meg-bukarest-romania\/#6_JW_Marriott_Bucharest_Grand_Hotel\" >6. JW Marriott Bucharest Grand Hotel<\/a><\/li><li class='ez-toc-page-1 ez-toc-heading-level-3'><a class=\"ez-toc-link ez-toc-heading-11\" href=\"https:\/\/loudavymkrokem.cz\/hu\/hol-szallj-meg-bukarest-romania\/#7_Radisson_Blu_Hotel_Bucharest\" >7. Radisson Blu Hotel Bucharest<\/a><\/li><li class='ez-toc-page-1 ez-toc-heading-level-3'><a class=\"ez-toc-link ez-toc-heading-12\" href=\"https:\/\/loudavymkrokem.cz\/hu\/hol-szallj-meg-bukarest-romania\/#8_Grand_Hotel_Bucharest\" >8. Grand Hotel Bucharest<\/a><\/li><li class='ez-toc-page-1 ez-toc-heading-level-3'><a class=\"ez-toc-link ez-toc-heading-13\" href=\"https:\/\/loudavymkrokem.cz\/hu\/hol-szallj-meg-bukarest-romania\/#9_Sheraton_Bucharest_Hotel\" >9. Sheraton Bucharest Hotel<\/a><\/li><li class='ez-toc-page-1 ez-toc-heading-level-3'><a class=\"ez-toc-link ez-toc-heading-14\" href=\"https:\/\/loudavymkrokem.cz\/hu\/hol-szallj-meg-bukarest-romania\/#10_Epoque_Hotel\" >10. Epoque Hotel<\/a><\/li><li class='ez-toc-page-1 ez-toc-heading-level-3'><a class=\"ez-toc-link ez-toc-heading-15\" href=\"https:\/\/loudavymkrokem.cz\/hu\/hol-szallj-meg-bukarest-romania\/#11_Rosetti_Hotel\" >11. Rosetti Hotel<\/a><\/li><li class='ez-toc-page-1 ez-toc-heading-level-3'><a class=\"ez-toc-link ez-toc-heading-16\" href=\"https:\/\/loudavymkrokem.cz\/hu\/hol-szallj-meg-bukarest-romania\/#12_The_Mansion\" >12. The Mansion<\/a><\/li><li class='ez-toc-page-1 ez-toc-heading-level-3'><a class=\"ez-toc-link ez-toc-heading-17\" href=\"https:\/\/loudavymkrokem.cz\/hu\/hol-szallj-meg-bukarest-romania\/#13_MOXA_Bucharest_Boutique_Hotel\" >13. MOXA Bucharest Boutique Hotel<\/a><\/li><li class='ez-toc-page-1 ez-toc-heading-level-3'><a class=\"ez-toc-link ez-toc-heading-18\" href=\"https:\/\/loudavymkrokem.cz\/hu\/hol-szallj-meg-bukarest-romania\/#14_Novotel_Bucharest_City_Centre\" >14. Novotel Bucharest City Centre<\/a><\/li><li class='ez-toc-page-1 ez-toc-heading-level-3'><a class=\"ez-toc-link ez-toc-heading-19\" href=\"https:\/\/loudavymkrokem.cz\/hu\/hol-szallj-meg-bukarest-romania\/#15_Hilton_Garden_Inn_Bucharest_Old_Town\" >15. Hilton Garden Inn Bucharest Old Town<\/a><\/li><li class='ez-toc-page-1 ez-toc-heading-level-3'><a class=\"ez-toc-link ez-toc-heading-20\" href=\"https:\/\/loudavymkrokem.cz\/hu\/hol-szallj-meg-bukarest-romania\/#16_Hotel_Capitol\" >16. Hotel Capitol<\/a><\/li><li class='ez-toc-page-1 ez-toc-heading-level-3'><a class=\"ez-toc-link ez-toc-heading-21\" href=\"https:\/\/loudavymkrokem.cz\/hu\/hol-szallj-meg-bukarest-romania\/#17_ibis_Styles_Bucharest_Erbas\" >17. ibis Styles Bucharest Erbas<\/a><\/li><li class='ez-toc-page-1 ez-toc-heading-level-3'><a class=\"ez-toc-link ez-toc-heading-22\" href=\"https:\/\/loudavymkrokem.cz\/hu\/hol-szallj-meg-bukarest-romania\/#18_T5_Social\" >18. T5 Social<\/a><\/li><\/ul><\/li><li class='ez-toc-page-1 ez-toc-heading-level-2'><a class=\"ez-toc-link ez-toc-heading-23\" href=\"https:\/\/loudavymkrokem.cz\/hu\/hol-szallj-meg-bukarest-romania\/#Hogyan_valaszd_ki_a_megfelelo_hotelt\" >Hogyan v\u00e1laszd ki a megfelel\u0151 hotelt<\/a><\/li><li class='ez-toc-page-1 ez-toc-heading-level-2'><a class=\"ez-toc-link ez-toc-heading-24\" href=\"https:\/\/loudavymkrokem.cz\/hu\/hol-szallj-meg-bukarest-romania\/#Hova_tovabb\" >Hov\u00e1 tov\u00e1bb<\/a><\/li><li class='ez-toc-page-1 ez-toc-heading-level-2'><a class=\"ez-toc-link ez-toc-heading-25\" href=\"https:\/\/loudavymkrokem.cz\/hu\/hol-szallj-meg-bukarest-romania\/#Gyakran_ismetelt_kerdesek\" >Gyakran ism\u00e9telt k\u00e9rd\u00e9sek<\/a><ul class='ez-toc-list-level-3' ><li class='ez-toc-heading-level-3'><a class=\"ez-toc-link ez-toc-heading-26\" href=\"https:\/\/loudavymkrokem.cz\/hu\/hol-szallj-meg-bukarest-romania\/#Mivel_fizetnek_Romaniaban_Szuksegem_van_eurora\" >Mivel fizetnek Rom\u00e1ni\u00e1ban? Sz\u00fcks\u00e9gem van eur\u00f3ra?<\/a><\/li><li class='ez-toc-page-1 ez-toc-heading-level-3'><a class=\"ez-toc-link ez-toc-heading-27\" href=\"https:\/\/loudavymkrokem.cz\/hu\/hol-szallj-meg-bukarest-romania\/#Hogyan_jutok_el_a_repuloterrol_a_kozpontba\" >Hogyan jutok el a rep\u00fcl\u0151t\u00e9rr\u0151l a k\u00f6zpontba?<\/a><\/li><li class='ez-toc-page-1 ez-toc-heading-level-3'><a class=\"ez-toc-link ez-toc-heading-28\" href=\"https:\/\/loudavymkrokem.cz\/hu\/hol-szallj-meg-bukarest-romania\/#Mire_kell_figyelni_a_taxiknal\" >Mire kell figyelni a taxikn\u00e1l?<\/a><\/li><li class='ez-toc-page-1 ez-toc-heading-level-3'><a class=\"ez-toc-link ez-toc-heading-29\" href=\"https:\/\/loudavymkrokem.cz\/hu\/hol-szallj-meg-bukarest-romania\/#Biztonsagos_kozvetlenul_az_Ovarosban_lakni\" >Biztons\u00e1gos k\u00f6zvetlen\u00fcl az \u00d3v\u00e1rosban lakni?<\/a><\/li><li class='ez-toc-page-1 ez-toc-heading-level-3'><a class=\"ez-toc-link ez-toc-heading-30\" href=\"https:\/\/loudavymkrokem.cz\/hu\/hol-szallj-meg-bukarest-romania\/#Szuksegem_van_utlevelre_Romaniaba\" >Sz\u00fcks\u00e9gem van \u00fatlev\u00e9lre Rom\u00e1ni\u00e1ba?<\/a><\/li><li class='ez-toc-page-1 ez-toc-heading-level-3'><a class=\"ez-toc-link ez-toc-heading-31\" href=\"https:\/\/loudavymkrokem.cz\/hu\/hol-szallj-meg-bukarest-romania\/#Tudok_vegetarianuskent_etkezni_Bukarestben\" >Tudok veget\u00e1ri\u00e1nusk\u00e9nt \u00e9tkezni Bukarestben?<\/a><\/li><li class='ez-toc-page-1 ez-toc-heading-level-3'><a class=\"ez-toc-link ez-toc-heading-32\" href=\"https:\/\/loudavymkrokem.cz\/hu\/hol-szallj-meg-bukarest-romania\/#Bukarestben_ivhato_a_csapviz\" >Bukarestben ivhat\u00f3 a csapv\u00edz?<\/a><\/li><\/ul><\/li><\/ul><\/nav><\/div>\n<h3 class=\"wp-block-heading\"><span class=\"ez-toc-section\" id=\"Osszefoglalas_azoknak_akiknek_nincs_idejuk_vegigolvasni_a_cikket\"><\/span>\u00d6sszefoglal\u00e1s azoknak, akiknek nincs idej\u00fck v\u00e9gigolvasni a cikket<span class=\"ez-toc-section-end\"><\/span><\/h3>\n\n\n\n<ul class=\"wp-block-list\">\n\n<li><strong>A legjobb hotel a t\u00f6rt\u00e9nelemrajong\u00f3knak:<\/strong> Mindenk\u00e9pp az ikonikus <strong><a href=\"https:\/\/www.stay22.com\/allez\/roam?aid=lukaskonecny&#038;campaign=loudavymkrokemcz&#038;campaign=kde-bydlet-v-bukuresti&#038;hotelname=InterContinental%20Ath%C3%A9n%C3%A9e%20Palace%20Bucharest&#038;address=Bukure%C5%A1%C5%A5%2C%20Rumunsko\" target=\"_blank\" rel=\"noopener nofollow sponsored\">InterContinental Ath\u00e9n\u00e9e Palace Bucharest<\/a><\/strong>, amely egykor k\u00e9mek f\u00e9szke volt, vagy a <strong>The Marmorosch Bucharest<\/strong>, amely egy k\u00e9t h\u00e1bor\u00fa k\u00f6zti bankb\u00f3l alakult ki.<\/li>\n\n\n\n<li><strong>A legjobb v\u00e1laszt\u00e1s gyermekes csal\u00e1doknak:<\/strong> V\u00e1laszd a <strong><a href=\"https:\/\/www.stay22.com\/allez\/roam?aid=lukaskonecny&#038;campaign=loudavymkrokemcz&#038;campaign=kde-bydlet-v-bukuresti&#038;hotelname=Radisson%20Blu%20Hotel%20Bucharest&#038;address=Bukure%C5%A1%C5%A5%2C%20Rumunsko\" target=\"_blank\" rel=\"noopener nofollow sponsored\">Radisson Blu Hotel Bucharest<\/a><\/strong> sz\u00e1llod\u00e1t, mert az egyike a kev\u00e9s helynek, ahol hatalmas k\u00fclt\u00e9ri \u00e9s belt\u00e9ri medence is van.<\/li>\n\n\n\n<li><strong>A legszebb butik\u00e9lm\u00e9ny:<\/strong> Az eleg\u00e1ns <strong><a href=\"https:\/\/www.stay22.com\/allez\/roam?aid=lukaskonecny&#038;campaign=loudavymkrokemcz&#038;campaign=kde-bydlet-v-bukuresti&#038;hotelname=Epoque%20Hotel&#038;address=Bukure%C5%A1%C5%A5%2C%20Rumunsko\" target=\"_blank\" rel=\"noopener nofollow sponsored\">Epoque Hotel<\/a><\/strong> a Ci\u0219migiu park mellett, ahol kiz\u00e1r\u00f3lag t\u00e1gas lakoszt\u00e1lyokat \u00e9s isteni nyugalmat tal\u00e1lsz.<\/li>\n\n\n\n<li><strong>A legjobb \u00e1r-\u00e9rt\u00e9k ar\u00e1ny a belv\u00e1rosban:<\/strong> A t\u00f6rt\u00e9nelmi <strong><a href=\"https:\/\/www.stay22.com\/allez\/roam?aid=lukaskonecny&#038;campaign=loudavymkrokemcz&#038;campaign=kde-bydlet-v-bukuresti&#038;hotelname=Hotel%20Capitol&#038;address=Bukure%C5%A1%C5%A5%2C%20Rumunsko\" target=\"_blank\" rel=\"noopener nofollow sponsored\">Hotel Capitol<\/a><\/strong> vagy a modern <strong><a href=\"https:\/\/www.stay22.com\/allez\/roam?aid=lukaskonecny&#038;campaign=loudavymkrokemcz&#038;campaign=kde-bydlet-v-bukuresti&#038;hotelname=Novotel%20Bucharest%20City%20Centre&#038;address=Bukure%C5%A1%C5%A5%2C%20Rumunsko\" target=\"_blank\" rel=\"noopener nofollow sponsored\">Novotel Bucharest City Centre<\/a><\/strong> egyenesen a rangos Calea Victoriei sug\u00e1r\u00faton.<\/li>\n\n\n\n<li><strong>A legjobb olcs\u00f3 sz\u00e1ll\u00e1s:<\/strong> A j\u00e1t\u00e9kos <strong><a href=\"https:\/\/www.stay22.com\/allez\/roam?aid=lukaskonecny&#038;campaign=loudavymkrokemcz&#038;campaign=kde-bydlet-v-bukuresti&#038;hotelname=ibis%20Styles%20Bucharest%20Erbas&#038;address=Bukure%C5%A1%C5%A5%2C%20Rumunsko\" target=\"_blank\" rel=\"noopener nofollow sponsored\">ibis Styles Bucharest Erbas<\/a><\/strong> a Floreasca v\u00e1rosr\u00e9szben, vagy a kiv\u00e1l\u00f3an \u00e9rt\u00e9kelt hostel, a <strong><a href=\"https:\/\/www.stay22.com\/allez\/roam?aid=lukaskonecny&#038;campaign=loudavymkrokemcz&#038;campaign=kde-bydlet-v-bukuresti&#038;hotelname=T5%20Social&#038;address=Bukure%C5%A1%C5%A5%2C%20Rumunsko\" target=\"_blank\" rel=\"noopener nofollow sponsored\">T5 Social<\/a><\/strong>.<\/li>\n\n\n\n<li><strong>Hol semmik\u00e9pp ne sz\u00e1llj meg:<\/strong> Ker\u00fcld az olcs\u00f3 apartmanokat egyenesen a <strong>Lipscani (\u00d3v\u00e1ros)<\/strong> sz\u00edv\u00e9ben, hacsak nem tervezed v\u00e9gigt\u00e1ncolni az eg\u00e9sz \u00e9jszak\u00e1t.<\/li>\n\n\n<\/ul>\n\n\n\n<p class=\"wp-block-paragraph\"><em>\ud83d\udca1 <a href=\"https:\/\/www.stay22.com\/allez\/roam?aid=lukaskonecny&#038;campaign=loudavymkrokemcz&#038;campaign=kde-bydlet-v-bukuresti&#038;address=Bukure%C5%A1%C5%A5%2C%20Rumunsko\" target=\"_blank\" rel=\"nofollow noopener sponsored\">Ezen a t\u00e9rk\u00e9pen \u00f6sszehasonl\u00edthatod, mi \u00e9pp szabad<\/a> \u2014 azt is l\u00e1tod majd, mennyivel olcs\u00f3bb a sz\u00e1ll\u00e1s p\u00e1r meg\u00e1ll\u00f3val a belv\u00e1rost\u00f3l.<\/em><\/p>\n\n\n\n<h2 class=\"wp-block-heading\"><span class=\"ez-toc-section\" id=\"Melyik_varosreszt_valaszd\"><\/span>Melyik v\u00e1rosr\u00e9szt v\u00e1laszd<span class=\"ez-toc-section-end\"><\/span><\/h2>\n\n\n\n<p class=\"wp-block-paragraph\">Minden v\u00e1rosr\u00e9sznek teljesen m\u00e1s a hangulata \u2014 az egyikben pomp\u00e1s nagyk\u00f6vets\u00e9gek mellett s\u00e9t\u00e1lsz, \u00e9s szinte p\u00e1rizsinak \u00e9rzed magad, egy kicsit arr\u00e9bb pedig hatalmas kommunista panelh\u00e1zak merednek r\u00e1d, \u00e9s ennek a kontrasztnak az intenzit\u00e1sa \u0151szint\u00e9n sz\u00f3lva leny\u0171g\u00f6z\u0151. <strong>A Calea Victoriei \u00e9s k\u00f6zvetlen k\u00f6rny\u00e9ke tal\u00e1n a legjobb \u00f6sszes\u00edtett v\u00e1laszt\u00e1s<\/strong>, k\u00fcl\u00f6n\u00f6sen ha el\u0151sz\u00f6r j\u00e1rsz itt. Ez a v\u00e1ros f\u0151 reprezentat\u00edv sug\u00e1r\u00fatja, amelyet a legszebb \u00e9p\u00fcletek szeg\u00e9lyeznek, mint a fens\u00e9ges Athenaeum vagy a CEC-palota, \u00e9s itt tal\u00e1lod a legt\u00f6bb min\u0151s\u00e9gi hotelt. Az \u00d3v\u00e1rosba p\u00e1r perc alatt gyalog eljutsz, k\u00e9zn\u00e9l vannak a legjobb \u00e9ttermek, \u00e9jszaka pedig teljes nyugalmat \u00e9lvezel.<\/p>\n\n\n\n<p class=\"wp-block-paragraph\">A <strong>Pia\u021ba Universit\u0103\u021bii \u00e9s a Forradalom t\u00e9r<\/strong> k\u00f6rny\u00e9ke a m\u0171eml\u00e9kek szerelmeseinek \u00e9s a praktikus utaz\u00e1snak kedvez. Ez egy hatalmas k\u00f6zleked\u00e9si csom\u00f3pont \u00e9s a v\u00e1ros jelk\u00e9pes k\u00f6zpontja, ahol metr\u00f3vonalak keresztezik egym\u00e1st, \u00e9s ahonnan zseni\u00e1lisan k\u00f6nnyen eljutsz mindenhov\u00e1. Napk\u00f6zben itt \u0151r\u00fclt forgalom van, este viszont az utc\u00e1k kellemesen ki\u00fcr\u00fclnek, \u00e9s csendes mened\u00e9ket k\u00edn\u00e1lnak. Ezzel szemben <strong>az \u00d3v\u00e1rost, vagyis a Lipscani v\u00e1rosr\u00e9szt ink\u00e1bb ker\u00fcld<\/strong>, hacsak nem kifejezetten a bulik\u00e9rt j\u00f6ssz. A romantikus macskak\u00f6vek \u00e9s t\u00f6rt\u00e9nelmi homlokzatok a fot\u00f3kon t\u00f6k\u00e9letesen n\u00e9znek ki, a val\u00f3s\u00e1gban azonban ez az eg\u00e9sz v\u00e1ros f\u0151 b\u00e1rnegyede. Sok helyen a zene sim\u00e1n hajnali h\u00e1rom-n\u00e9gy \u00f3r\u00e1ig sz\u00f3l, magasabb turista\u00e1rakba futsz bele, este pedig egy kicsit jobban kell vigy\u00e1znod a zsebtolvajokra.<\/p>\n\n\n\n<p class=\"wp-block-paragraph\">Ha luxusnyugalmat \u00e9s cs\u00facsgasztron\u00f3mi\u00e1t keresel, indulj a belv\u00e1rost\u00f3l \u00e9szakra fekv\u0151 <strong>Pia\u021ba Roman\u0103 \u00e9s Doroban\u021bi<\/strong> v\u00e1rosr\u00e9szek fel\u00e9. Ezek a ter\u00fcletek tele vannak pomp\u00e1s nagyk\u00f6vets\u00e9gekkel \u00e9s r\u00e9gi vill\u00e1kkal, itt tal\u00e1lhat\u00f3k a v\u00e1ros legjobb \u00e9ttermei, a belv\u00e1rosba pedig metr\u00f3val n\u00e9h\u00e1ny perc alatt be\u00e9rsz. A <strong>Floreasca \u00e9s Her\u0103str\u0103u<\/strong> v\u00e1rosr\u00e9szek pedig ide\u00e1lisak a hosszabb tart\u00f3zkod\u00e1sokhoz vagy a gyermekes csal\u00e1doknak, mert abszol\u00fat nyugalmat k\u00edn\u00e1lnak egy hatalmas park \u00e9s t\u00f3 mellett, m\u00e9g ha a t\u00f6rt\u00e9nelmi belv\u00e1rosba innen metr\u00f3val nagyj\u00e1b\u00f3l tizen\u00f6t-h\u00fasz percet is utazol. \u00c9s ha t\u00e9nyleg feszes a k\u00f6lts\u00e9gvet\u00e9sed, a <strong>Pia\u021ba Unirii k\u00f6rny\u00e9ke<\/strong> k\u00edn\u00e1lja a legalacsonyabb sz\u00e1ll\u00e1s\u00e1rakat a t\u00e1gabb belv\u00e1rosban, \u00e9s remek a t\u00f6megk\u00f6zleked\u00e9si kapcsolata.<\/p>\n\n\n\n<h2 class=\"wp-block-heading\"><span class=\"ez-toc-section\" id=\"Mikor_menj_es_mikor_foglalj\"><\/span>Mikor menj \u00e9s mikor foglalj<span class=\"ez-toc-section-end\"><\/span><\/h2>\n\n\n\n<p class=\"wp-block-paragraph\">Bukarest megl\u00e1togat\u00e1s\u00e1nak legjobb ideje <strong>egy\u00e9rtelm\u0171en m\u00e1jus, j\u00fanius \u00e9s azt\u00e1n szeptember<\/strong>, amikor a v\u00e1ros a legkellemesebb arc\u00e1t mutatja. A v\u00e1ros ugyanis alf\u00f6ld\u00f6n fekszik, \u00e9s a nyarak itt teljesen k\u00f6ny\u00f6rtelenek tudnak lenni. J\u00faliusban \u00e9s augusztusban a h\u0151m\u00e9rs\u00e9klet gyakran 35 \u00b0C f\u00f6l\u00e9 k\u00faszik, a felforr\u00f3sodott betonutc\u00e1kban pedig igaz\u00e1n neh\u00e9z, kimer\u00edt\u0151 a f\u00fclledts\u00e9g. Ha a ny\u00e1r k\u00f6zep\u00e9n indulsz ide, a <strong>m\u0171k\u00f6d\u0151 l\u00e9gkondicion\u00e1l\u00f3val rendelkez\u0151 hotel abszol\u00fat sz\u00fcks\u00e9gszer\u0171s\u00e9g<\/strong>, egy belt\u00e9ri vagy k\u00fclt\u00e9ri medence pedig nagyon gyorsan a legjobb bar\u00e1todd\u00e1 v\u00e1lik egy eg\u00e9sz napos m\u0171eml\u00e9k-n\u00e9zeget\u00e9s ut\u00e1n.<\/p>\n\n\n\n<p class=\"wp-block-paragraph\">Ha a sz\u00e1ll\u00e1son a lehet\u0151 legt\u00f6bbet szeretn\u00e9l sp\u00f3rolni, a <strong>legolcs\u00f3bb hotel\u00e1rakat novembert\u0151l m\u00e1rciusig tal\u00e1lod<\/strong>. A t\u00e9l itt el\u00e9g fagyos, csontig hatol\u00f3 \u00e9s nyirkos tud lenni, \u00fagyhogy a hossz\u00fa romantikus parki s\u00e9t\u00e1kra nem igaz\u00e1n alkalmas. M\u00e1sr\u00e9szt viszont az \u00f6sszes remek m\u00fazeum, a hangulatos k\u00e1v\u00e9z\u00f3k \u00e9s a h\u00edres <a href=\"https:\/\/therme.ro\/\" rel=\"nofollow noopener\" target=\"_blank\">bukaresti term\u00e1lf\u00fcrd\u0151k<\/a> eg\u00e9sz \u00e9vben m\u0171k\u00f6dnek, \u00fagyhogy janu\u00e1rban sem fogsz unatkozni. Bukarestnek van azonban egy \u00e9rdekes tulajdons\u00e1ga, amit k\u00f6nny\u0171 elfelejteni \u2014 els\u0151sorban nagy kongresszusi \u00e9s \u00fczleti k\u00f6zpontk\u00e9nt m\u0171k\u00f6dik, \u00e9s ez neked mint turist\u00e1nak meg\u00e9ri.<\/p>\n\n\n\n<p class=\"wp-block-paragraph\">A belv\u00e1ros sz\u00edv\u00e9ben \u00e9s a modern Floreasca v\u00e1rosr\u00e9szben l\u00e9v\u0151 luxushotelek h\u00e9tf\u0151t\u0151l cs\u00fct\u00f6rt\u00f6kig a legdr\u00e1g\u00e1bbak, <strong>h\u00e9tv\u00e9g\u00e9re pedig gyakran meglep\u0151en olcs\u00f3bbak lesznek<\/strong>, mert az \u00fczletemberek hazarep\u00fclnek, \u00e9s felszabadulnak a kapacit\u00e1sok. Ami magukat a foglal\u00e1sokat illeti, egy\u00e1ltal\u00e1n nem kell f\u00e9l \u00e9vvel kor\u00e1bban p\u00e1nikolnod, mint m\u00e1s eur\u00f3pai f\u0151v\u00e1rosokn\u00e1l. A v\u00e1rosban hatalmas mennyis\u00e9g\u0171 a sz\u00e1llodakapacit\u00e1s, \u00e9s a turist\u00e1k nyom\u00e1sa itt k\u00f6zel sem olyan nyomaszt\u00f3. Teljesen el\u00e9g, ha a sz\u00e1ll\u00e1st <strong>k\u00e9t-n\u00e9gy h\u00e9ttel az indul\u00e1s el\u0151tt kezded int\u00e9zni<\/strong>, \u00e9s ha a f\u0151szezonon k\u00edv\u00fcl utazol, nyugodtan megoldhatod ezt egy kicsit k\u00e9s\u0151bb is.<\/p>\n\n\n\n<h2 class=\"wp-block-heading\"><span class=\"ez-toc-section\" id=\"Hol_szallj_meg_Bukarestben_a_18_legjobb_hotel\"><\/span>Hol sz\u00e1llj meg Bukarestben: a 18 legjobb hotel<span class=\"ez-toc-section-end\"><\/span><\/h2>\n\n\n\n<p class=\"wp-block-paragraph\"><strong>18 konkr\u00e9t helyet<\/strong> v\u00e1logattam neked az \u00f6sszes \u00e1rkateg\u00f3ri\u00e1ban. Mindegyiknek kiv\u00e1l\u00f3 az \u00e9rt\u00e9kel\u00e9se, ellen\u0151rz\u00f6tt a min\u0151s\u00e9ge \u00e9s <strong>strat\u00e9giai a fekv\u00e9se<\/strong>, aminek k\u00f6sz\u00f6nhet\u0151en a legteljesebben \u00e9lvezheted a v\u00e1rost.<\/p>\n\n\n\n<figure data-wp-context=\"{&quot;imageId&quot;:&quot;6a9c1d5524fa0&quot;}\" data-wp-interactive=\"core\/image\" data-wp-key=\"6a9c1d5524fa0\" class=\"wp-block-image size-full wp-lightbox-container\"><img decoding=\"async\" width=\"1600\" height=\"1067\" data-wp-class--hide=\"state.isContentHidden\" data-wp-class--show=\"state.isContentVisible\" data-wp-init=\"callbacks.setButtonStyles\" data-wp-on--click=\"actions.showLightbox\" data-wp-on--load=\"callbacks.setButtonStyles\" data-wp-on--pointerdown=\"actions.preloadImage\" data-wp-on--pointerenter=\"actions.preloadImageWithDelay\" data-wp-on--pointerleave=\"actions.cancelPreload\" data-wp-on-window--resize=\"callbacks.setButtonStyles\" src=\"https:\/\/loudavymkrokem.cz\/wp-content\/uploads\/2026\/08\/fix-1.jpg\" alt=\"Kil\u00e1t\u00e1sos szoba az InterContinental Ath\u00e9n\u00e9e Palace hotelben Bukarestben\" class=\"wp-image-410440\" title=\"\" srcset=\"https:\/\/loudavymkrokem.cz\/wp-content\/uploads\/2026\/08\/fix-1.jpg 1600w, https:\/\/loudavymkrokem.cz\/wp-content\/uploads\/2026\/08\/fix-1-300x200.jpg 300w, https:\/\/loudavymkrokem.cz\/wp-content\/uploads\/2026\/08\/fix-1-700x467.jpg 700w, https:\/\/loudavymkrokem.cz\/wp-content\/uploads\/2026\/08\/fix-1-768x512.jpg 768w, https:\/\/loudavymkrokem.cz\/wp-content\/uploads\/2026\/08\/fix-1-1536x1024.jpg 1536w, https:\/\/loudavymkrokem.cz\/wp-content\/uploads\/2026\/08\/fix-1-696x464.jpg 696w, https:\/\/loudavymkrokem.cz\/wp-content\/uploads\/2026\/08\/fix-1-1392x928.jpg 1392w\" sizes=\"(max-width: 1600px) 100vw, 1600px\" \/><button\n\t\t\tclass=\"lightbox-trigger\"\n\t\t\ttype=\"button\"\n\t\t\taria-haspopup=\"dialog\"\n\t\t\tdata-wp-bind--aria-label=\"state.thisImage.triggerButtonAriaLabel\"\n\t\t\tdata-wp-init=\"callbacks.initTriggerButton\"\n\t\t\tdata-wp-on--click=\"actions.showLightbox\"\n\t\t\tdata-wp-style--right=\"state.thisImage.buttonRight\"\n\t\t\tdata-wp-style--top=\"state.thisImage.buttonTop\"\n\t\t>\n\t\t\t<svg xmlns=\"http:\/\/www.w3.org\/2000\/svg\" width=\"12\" height=\"12\" fill=\"none\" viewBox=\"0 0 12 12\">\n\t\t\t\t<path fill=\"#fff\" d=\"M2 0a2 2 0 0 0-2 2v2h1.5V2a.5.5 0 0 1 .5-.5h2V0H2Zm2 10.5H2a.5.5 0 0 1-.5-.5V8H0v2a2 2 0 0 0 2 2h2v-1.5ZM8 12v-1.5h2a.5.5 0 0 0 .5-.5V8H12v2a2 2 0 0 1-2 2H8Zm2-12a2 2 0 0 1 2 2v2h-1.5V2a.5.5 0 0 0-.5-.5H8V0h2Z\" \/>\n\t\t\t<\/svg>\n\t\t<\/button><figcaption class=\"wp-element-caption\">Fot\u00f3: InterContinental Ath\u00e9N\u00e9E Palace Bucharest by IHG \/ Google Maps<\/figcaption><\/figure>\n\n\n\n<h3 class=\"wp-block-heading\"><span class=\"ez-toc-section\" id=\"1_InterContinental_Athenee_Palace_Bucharest\"><\/span>1. InterContinental Ath\u00e9n\u00e9e Palace Bucharest<span class=\"ez-toc-section-end\"><\/span><\/h3>\n\n\n\n<p class=\"wp-block-paragraph\">Ez a fens\u00e9ges, t\u00f6bb mint ezer \u00e9rt\u00e9kel\u00e9sb\u0151l 4,8-as hihetetlen min\u0151s\u00edt\u00e9s\u0171 hotel <strong>az eg\u00e9sz v\u00e1ros abszol\u00fat legend\u00e1ja<\/strong>. Kapuit m\u00e1r 1914-ben megnyitotta a Forradalom t\u00e9ren, a t\u00f6rt\u00e9nete pedig k\u00f6nnyed\u00e9n kiadna egy izgalmas k\u00e9mreg\u00e9nyt. A m\u00e1sodik vil\u00e1gh\u00e1bor\u00fa el\u0151tt ugyanis <strong>eg\u00e9sz Eur\u00f3pa legh\u00edresebb k\u00e9mf\u00e9szkek\u00e9nt<\/strong> m\u0171k\u00f6d\u00f6tt, ahol egy poh\u00e1r ital mellett diplomat\u00e1k, k\u00fclf\u00f6ldi \u00fajs\u00e1g\u00edr\u00f3k \u00e9s titkos\u00fcgyn\u00f6k\u00f6k tal\u00e1lkoztak a vil\u00e1g k\u00fcl\u00f6nb\u00f6z\u0151 szegleteib\u0151l.<\/p>\n\n\n\n<p class=\"wp-block-paragraph\">Amikor azt\u00e1n 1948-ban a kommunista rezsim \u00e1llamos\u00edtotta, az \u00fajranyit\u00e1s el\u0151tt <strong>teljesen minden szob\u00e1t lehallgattatott<\/strong>. Ma persze m\u00e1r nem kell k\u00e9mekt\u0151l f\u00e9lned az \u00e1gy alatt \u2014 a hotel k\u00f6lts\u00e9ges fel\u00faj\u00edt\u00e1son esett \u00e1t, \u00e9s cs\u00facsmin\u0151s\u00e9g\u0171 luxust, hatalmas szob\u00e1kat \u00e9s egyenesen pazar reggeliket k\u00edn\u00e1l. Igaz, a dr\u00e1g\u00e1bb v\u00e1laszt\u00e1sok k\u00f6z\u00e9 tartozik, de a leny\u0171g\u00f6z\u0151 t\u00f6rt\u00e9nelmi \u00f6r\u00f6ks\u00e9ge \u00e9s a szem\u00e9lyzet miatt, amely a csillagokat is lehozza neked az \u00e9gr\u0151l, szerintem meg\u00e9ri.<\/p>\n\n\n\n<p class=\"wp-block-paragraph\">\ud83d\udca1 Tipp: Ha leny\u0171g\u00f6z a huszadik sz\u00e1zadi Eur\u00f3pa kusza t\u00f6rt\u00e9nete, \u00e9s egy olyan \u00e9p\u00fcletben szeretn\u00e9l lakni, amely akt\u00edvan alak\u00edtotta azt, <strong>Bukarestben nem tal\u00e1lsz jobb c\u00edmet<\/strong>. <em><a href=\"https:\/\/www.stay22.com\/allez\/roam?aid=lukaskonecny&#038;campaign=loudavymkrokemcz&#038;campaign=kde-bydlet-v-bukuresti&#038;hotelname=InterContinental%20Ath%C3%A9n%C3%A9e%20Palace%20Bucharest&#038;address=Bukure%C5%A1%C5%A5%2C%20Rumunsko\" target=\"_blank\" rel=\"nofollow noopener sponsored\">\u00e1rak \u00e9s el\u00e9rhet\u0151s\u00e9g ellen\u0151rz\u00e9se<\/a><\/em><\/p>\n\n\n\n<figure data-wp-context=\"{&quot;imageId&quot;:&quot;6a9c1d5525829&quot;}\" data-wp-interactive=\"core\/image\" data-wp-key=\"6a9c1d5525829\" class=\"wp-block-image size-full wp-lightbox-container\"><img decoding=\"async\" width=\"974\" height=\"626\" data-wp-class--hide=\"state.isContentHidden\" data-wp-class--show=\"state.isContentVisible\" data-wp-init=\"callbacks.setButtonStyles\" data-wp-on--click=\"actions.showLightbox\" data-wp-on--load=\"callbacks.setButtonStyles\" data-wp-on--pointerdown=\"actions.preloadImage\" data-wp-on--pointerenter=\"actions.preloadImageWithDelay\" data-wp-on--pointerleave=\"actions.cancelPreload\" data-wp-on-window--resize=\"callbacks.setButtonStyles\" src=\"https:\/\/loudavymkrokem.cz\/wp-content\/uploads\/2026\/08\/grand-hotel-continental-bucharest.jpg\" alt=\"Grand Hotel Continental Bucharest\" class=\"wp-image-410338\" title=\"\" srcset=\"https:\/\/loudavymkrokem.cz\/wp-content\/uploads\/2026\/08\/grand-hotel-continental-bucharest.jpg 974w, https:\/\/loudavymkrokem.cz\/wp-content\/uploads\/2026\/08\/grand-hotel-continental-bucharest-300x193.jpg 300w, https:\/\/loudavymkrokem.cz\/wp-content\/uploads\/2026\/08\/grand-hotel-continental-bucharest-700x450.jpg 700w, https:\/\/loudavymkrokem.cz\/wp-content\/uploads\/2026\/08\/grand-hotel-continental-bucharest-768x494.jpg 768w, https:\/\/loudavymkrokem.cz\/wp-content\/uploads\/2026\/08\/grand-hotel-continental-bucharest-696x447.jpg 696w\" sizes=\"(max-width: 974px) 100vw, 974px\" \/><button\n\t\t\tclass=\"lightbox-trigger\"\n\t\t\ttype=\"button\"\n\t\t\taria-haspopup=\"dialog\"\n\t\t\tdata-wp-bind--aria-label=\"state.thisImage.triggerButtonAriaLabel\"\n\t\t\tdata-wp-init=\"callbacks.initTriggerButton\"\n\t\t\tdata-wp-on--click=\"actions.showLightbox\"\n\t\t\tdata-wp-style--right=\"state.thisImage.buttonRight\"\n\t\t\tdata-wp-style--top=\"state.thisImage.buttonTop\"\n\t\t>\n\t\t\t<svg xmlns=\"http:\/\/www.w3.org\/2000\/svg\" width=\"12\" height=\"12\" fill=\"none\" viewBox=\"0 0 12 12\">\n\t\t\t\t<path fill=\"#fff\" d=\"M2 0a2 2 0 0 0-2 2v2h1.5V2a.5.5 0 0 1 .5-.5h2V0H2Zm2 10.5H2a.5.5 0 0 1-.5-.5V8H0v2a2 2 0 0 0 2 2h2v-1.5ZM8 12v-1.5h2a.5.5 0 0 0 .5-.5V8H12v2a2 2 0 0 1-2 2H8Zm2-12a2 2 0 0 1 2 2v2h-1.5V2a.5.5 0 0 0-.5-.5H8V0h2Z\" \/>\n\t\t\t<\/svg>\n\t\t<\/button><figcaption class=\"wp-element-caption\">Fot\u00f3: Grand Hotel Continental Bucharest \/ Google Maps<\/figcaption><\/figure>\n\n\n\n<h3 class=\"wp-block-heading\"><span class=\"ez-toc-section\" id=\"2_Grand_Hotel_Continental_Bucharest\"><\/span>2. Grand Hotel Continental Bucharest<span class=\"ez-toc-section-end\"><\/span><\/h3>\n\n\n\n<p class=\"wp-block-paragraph\">Egy kicsit arr\u00e9bb, a h\u00edres Calea Victoriei sug\u00e1r\u00faton \u00e1ll egy m\u00e1sik gy\u00f6ny\u00f6r\u0171, 19. sz\u00e1zadi \u00e9p\u00fclet, amely els\u0151 pillant\u00e1sra elvar\u00e1zsol. A fantasztikus 4,7-es \u00e9rt\u00e9kel\u00e9ssel \u00e9s t\u00f6bb mint k\u00e9tezer v\u00e9lem\u00e9nnyel <strong>a v\u00e1ros egyik legn\u00e9pszer\u0171bb t\u00f6rt\u00e9nelmi hotele<\/strong>. D\u00edszes homlokzata er\u0151sen a luxus p\u00e1rizsi palot\u00e1kra eml\u00e9keztet, a m\u00f6g\u00f6tte l\u00e9v\u0151 bels\u0151 t\u00e9r pedig semmiben sem marad el.<\/p>\n\n\n\n<p class=\"wp-block-paragraph\">Odabent hatalmas krist\u00e1lycsill\u00e1rok, gondosan restaur\u00e1lt antik b\u00fatorok \u00e9s neh\u00e9z f\u00fcgg\u00f6ny\u00f6k v\u00e1rnak, amelyek <strong>hihetetlen\u00fcl romantikus hangulatot teremtenek<\/strong>. Ez pontosan az a fajta sz\u00e1ll\u00e1s, ahol ink\u00e1bb kast\u00e9lyban \u00e9rzed magad, mint egy klasszikus v\u00e1rosi hotelben. A gy\u00f6ny\u00f6r\u0171 szob\u00e1k mellett a hotel a <strong>kiv\u00e1l\u00f3 saj\u00e1t sp\u00e1val \u00e9s cs\u00facs\u00e9ttermmel<\/strong> is cs\u00e1b\u00edt, ahol igazi kulin\u00e1ris \u00e9lm\u00e9nyben lehet r\u00e9szed. A fekv\u00e9s r\u00e1ad\u00e1sul abszol\u00fat hib\u00e1tlan, mert a zajosabb \u00d3v\u00e1rosba t\u00edz perc alatt legyalogolsz, \u00e9jszaka viszont teljes nyugalmat \u00e9lvezel.<\/p>\n\n\n\n<p class=\"wp-block-paragraph\">\ud83d\udca1 Tipp: Ez t\u00f6k\u00e9letes v\u00e1laszt\u00e1s <strong>a romantikus hossz\u00fa h\u00e9tv\u00e9g\u00e9re indul\u00f3 p\u00e1roknak<\/strong>, akik a r\u00e9gi Bukarest hangulat\u00e1t a legluxusabb \u00e9s legeleg\u00e1nsabb csomagol\u00e1sban szeretn\u00e9k \u00e1t\u00e9lni. <em><a href=\"https:\/\/www.stay22.com\/allez\/roam?aid=lukaskonecny&#038;campaign=loudavymkrokemcz&#038;campaign=kde-bydlet-v-bukuresti&#038;hotelname=Grand%20Hotel%20Continental%20Bucharest&#038;address=Bukure%C5%A1%C5%A5%2C%20Rumunsko\" target=\"_blank\" rel=\"nofollow noopener sponsored\">\u00e1rak \u00e9s el\u00e9rhet\u0151s\u00e9g ellen\u0151rz\u00e9se<\/a><\/em><\/p>\n\n\n\n<figure data-wp-context=\"{&quot;imageId&quot;:&quot;6a9c1d552601f&quot;}\" data-wp-interactive=\"core\/image\" data-wp-key=\"6a9c1d552601f\" class=\"wp-block-image size-full wp-lightbox-container\"><img decoding=\"async\" width=\"480\" height=\"320\" data-wp-class--hide=\"state.isContentHidden\" data-wp-class--show=\"state.isContentVisible\" data-wp-init=\"callbacks.setButtonStyles\" data-wp-on--click=\"actions.showLightbox\" data-wp-on--load=\"callbacks.setButtonStyles\" data-wp-on--pointerdown=\"actions.preloadImage\" data-wp-on--pointerenter=\"actions.preloadImageWithDelay\" data-wp-on--pointerleave=\"actions.cancelPreload\" data-wp-on-window--resize=\"callbacks.setButtonStyles\" src=\"https:\/\/loudavymkrokem.cz\/wp-content\/uploads\/2026\/08\/the-marmorosch-bucharest-autograph-collection.jpg\" alt=\"The Marmorosch Bucharest, Autograph Collection hotel\" class=\"wp-image-410340\" title=\"\" srcset=\"https:\/\/loudavymkrokem.cz\/wp-content\/uploads\/2026\/08\/the-marmorosch-bucharest-autograph-collection.jpg 480w, https:\/\/loudavymkrokem.cz\/wp-content\/uploads\/2026\/08\/the-marmorosch-bucharest-autograph-collection-300x200.jpg 300w\" sizes=\"(max-width: 480px) 100vw, 480px\" \/><button\n\t\t\tclass=\"lightbox-trigger\"\n\t\t\ttype=\"button\"\n\t\t\taria-haspopup=\"dialog\"\n\t\t\tdata-wp-bind--aria-label=\"state.thisImage.triggerButtonAriaLabel\"\n\t\t\tdata-wp-init=\"callbacks.initTriggerButton\"\n\t\t\tdata-wp-on--click=\"actions.showLightbox\"\n\t\t\tdata-wp-style--right=\"state.thisImage.buttonRight\"\n\t\t\tdata-wp-style--top=\"state.thisImage.buttonTop\"\n\t\t>\n\t\t\t<svg xmlns=\"http:\/\/www.w3.org\/2000\/svg\" width=\"12\" height=\"12\" fill=\"none\" viewBox=\"0 0 12 12\">\n\t\t\t\t<path fill=\"#fff\" d=\"M2 0a2 2 0 0 0-2 2v2h1.5V2a.5.5 0 0 1 .5-.5h2V0H2Zm2 10.5H2a.5.5 0 0 1-.5-.5V8H0v2a2 2 0 0 0 2 2h2v-1.5ZM8 12v-1.5h2a.5.5 0 0 0 .5-.5V8H12v2a2 2 0 0 1-2 2H8Zm2-12a2 2 0 0 1 2 2v2h-1.5V2a.5.5 0 0 0-.5-.5H8V0h2Z\" \/>\n\t\t\t<\/svg>\n\t\t<\/button><figcaption class=\"wp-element-caption\">Fot\u00f3: The Marmorosch Bucharest, Autograph Collection \/ Google Maps<\/figcaption><\/figure>\n\n\n\n<h3 class=\"wp-block-heading\"><span class=\"ez-toc-section\" id=\"3_The_Marmorosch_Bucharest_Autograph_Collection\"><\/span>3. The Marmorosch Bucharest, Autograph Collection<span class=\"ez-toc-section-end\"><\/span><\/h3>\n\n\n\n<p class=\"wp-block-paragraph\">Ha szereted az egyedi \u00e9p\u00edt\u00e9szetet \u00e9s a friss \u00f6tleteket, ez a hotel garant\u00e1ltan leveszi a l\u00e1badr\u00f3l. Egy <strong>egykori pomp\u00e1s, 1923-as bank\u00e9p\u00fcletb\u0151l<\/strong> j\u00f6tt ugyanis l\u00e9tre, \u00e9s az \u00e9p\u00edt\u00e9szek hatalmas munk\u00e1t fektettek abba, hogy a lehet\u0151 legt\u00f6bb eredeti elemet meg\u0151rizz\u00e9k a maga teljes sz\u00e9ps\u00e9g\u00e9ben. A t\u00f6bb mint k\u00e9tezer v\u00e9lem\u00e9nyb\u0151l sz\u00e1rmaz\u00f3 remek 4,6-os \u00e9rt\u00e9kel\u00e9s vil\u00e1gosan mutatja, hogy ez jelesre siker\u00fclt, \u00e9s a vend\u00e9gek el vannak ragadtatva.<\/p>\n\n\n\n<p class=\"wp-block-paragraph\">A legnagyobb cs\u00e1b\u00edt\u00f3 az eredeti banksz\u00e9f, amelyb\u0151l ma <strong>a The Vault kokt\u00e9lb\u00e1r<\/strong> lett \u2014 az italodat massz\u00edv ac\u00e9lajt\u00f3k m\u00f6g\u00f6tt fogyaszthatod, ahol egykor a bank p\u00e9nz\u00e9t t\u00e1rolt\u00e1k. Ehhez j\u00f6n m\u00e9g a hotel <strong>belt\u00e9ri medenc\u00e9s sp\u00e1ja<\/strong> \u00e9s a fitnesz, \u00fagyhogy egy utc\u00e1n t\u00f6lt\u00f6tt nap ut\u00e1n van hol kikapcsolnod. A fekv\u00e9s r\u00e1ad\u00e1sul teljesen strat\u00e9giai, mert a hotel <strong>egyenesen az \u00d3v\u00e1ros sz\u00e9l\u00e9n<\/strong> fekszik. \u00cdgy t\u00e9nyleg egy karny\u00fajt\u00e1snyira vagy a f\u0151 ny\u00fczsg\u00e9st\u0151l, de a massz\u00edv t\u00f6rt\u00e9nelmi falaknak \u00e9s a min\u0151s\u00e9gi ablakoknak k\u00f6sz\u00f6nhet\u0151en a b\u00e1rok \u00e9jszakai zaja egy\u00e1ltal\u00e1n nem jut el hozz\u00e1d.<\/p>\n\n\n\n<p class=\"wp-block-paragraph\">\ud83d\udca1 Tipp: Foglalj id\u0151t egy esti italra a hotel b\u00e1rj\u00e1ban, amely <strong>meg\u0151rizte az eredeti bankpultokat<\/strong>, \u00e9s a h\u00faszas \u00e9vek fantasztikus, k\u00f6nnyed\u00e9n dekadens hangulat\u00e1t k\u00edn\u00e1lja. <em><a href=\"https:\/\/www.stay22.com\/allez\/roam?aid=lukaskonecny&#038;campaign=loudavymkrokemcz&#038;campaign=kde-bydlet-v-bukuresti&#038;hotelname=The%20Marmorosch%20Bucharest%2C%20Autograph%20Collection&#038;address=Bukure%C5%A1%C5%A5%2C%20Rumunsko\" target=\"_blank\" rel=\"nofollow noopener sponsored\">\u00e1rak \u00e9s el\u00e9rhet\u0151s\u00e9g ellen\u0151rz\u00e9se<\/a><\/em><\/p>\n\n\n\n<figure data-wp-context=\"{&quot;imageId&quot;:&quot;6a9c1d5526991&quot;}\" data-wp-interactive=\"core\/image\" data-wp-key=\"6a9c1d5526991\" class=\"wp-block-image size-full wp-lightbox-container\"><img decoding=\"async\" width=\"1600\" height=\"1067\" data-wp-class--hide=\"state.isContentHidden\" data-wp-class--show=\"state.isContentVisible\" data-wp-init=\"callbacks.setButtonStyles\" data-wp-on--click=\"actions.showLightbox\" data-wp-on--load=\"callbacks.setButtonStyles\" data-wp-on--pointerdown=\"actions.preloadImage\" data-wp-on--pointerenter=\"actions.preloadImageWithDelay\" data-wp-on--pointerleave=\"actions.cancelPreload\" data-wp-on-window--resize=\"callbacks.setButtonStyles\" src=\"https:\/\/loudavymkrokem.cz\/wp-content\/uploads\/2026\/08\/corinthia-grand-hotel-du-boulevard.jpg\" alt=\"Corinthia Grand Hotel du Boulevard hotel\" class=\"wp-image-410342\" title=\"\" srcset=\"https:\/\/loudavymkrokem.cz\/wp-content\/uploads\/2026\/08\/corinthia-grand-hotel-du-boulevard.jpg 1600w, https:\/\/loudavymkrokem.cz\/wp-content\/uploads\/2026\/08\/corinthia-grand-hotel-du-boulevard-300x200.jpg 300w, https:\/\/loudavymkrokem.cz\/wp-content\/uploads\/2026\/08\/corinthia-grand-hotel-du-boulevard-700x467.jpg 700w, https:\/\/loudavymkrokem.cz\/wp-content\/uploads\/2026\/08\/corinthia-grand-hotel-du-boulevard-768x512.jpg 768w, https:\/\/loudavymkrokem.cz\/wp-content\/uploads\/2026\/08\/corinthia-grand-hotel-du-boulevard-1536x1024.jpg 1536w, https:\/\/loudavymkrokem.cz\/wp-content\/uploads\/2026\/08\/corinthia-grand-hotel-du-boulevard-696x464.jpg 696w, https:\/\/loudavymkrokem.cz\/wp-content\/uploads\/2026\/08\/corinthia-grand-hotel-du-boulevard-1392x928.jpg 1392w\" sizes=\"(max-width: 1600px) 100vw, 1600px\" \/><button\n\t\t\tclass=\"lightbox-trigger\"\n\t\t\ttype=\"button\"\n\t\t\taria-haspopup=\"dialog\"\n\t\t\tdata-wp-bind--aria-label=\"state.thisImage.triggerButtonAriaLabel\"\n\t\t\tdata-wp-init=\"callbacks.initTriggerButton\"\n\t\t\tdata-wp-on--click=\"actions.showLightbox\"\n\t\t\tdata-wp-style--right=\"state.thisImage.buttonRight\"\n\t\t\tdata-wp-style--top=\"state.thisImage.buttonTop\"\n\t\t>\n\t\t\t<svg xmlns=\"http:\/\/www.w3.org\/2000\/svg\" width=\"12\" height=\"12\" fill=\"none\" viewBox=\"0 0 12 12\">\n\t\t\t\t<path fill=\"#fff\" d=\"M2 0a2 2 0 0 0-2 2v2h1.5V2a.5.5 0 0 1 .5-.5h2V0H2Zm2 10.5H2a.5.5 0 0 1-.5-.5V8H0v2a2 2 0 0 0 2 2h2v-1.5ZM8 12v-1.5h2a.5.5 0 0 0 .5-.5V8H12v2a2 2 0 0 1-2 2H8Zm2-12a2 2 0 0 1 2 2v2h-1.5V2a.5.5 0 0 0-.5-.5H8V0h2Z\" \/>\n\t\t\t<\/svg>\n\t\t<\/button><figcaption class=\"wp-element-caption\">Fot\u00f3: Corinthia Grand Hotel du Boulevard Bucharest \/ Google Maps<\/figcaption><\/figure>\n\n\n\n<h3 class=\"wp-block-heading\"><span class=\"ez-toc-section\" id=\"4_Corinthia_Grand_Hotel_du_Boulevard\"><\/span>4. Corinthia Grand Hotel du Boulevard<span class=\"ez-toc-section-end\"><\/span><\/h3>\n\n\n\n<p class=\"wp-block-paragraph\">Ez a leg\u00fajabb nagyszab\u00e1s\u00fa fel\u00faj\u00edt\u00e1s egyenesen a belv\u00e1rosban, \u00e9s a vend\u00e9gek azonnal a sz\u00edv\u00fckbe z\u00e1rt\u00e1k. A gy\u00f6ny\u00f6r\u0171en fel\u00faj\u00edtott 19. sz\u00e1zadi \u00e9p\u00fclet a forgalmas <strong>Regina Elisabeta sug\u00e1r\u00faton<\/strong> \u00e1ll, \u00e9s a vend\u00e9gekn\u00e9l nagyon gyorsan <strong>luxus 4,7-es \u00e9rt\u00e9kel\u00e9st<\/strong> szerzett. Ez abszol\u00fat iskolap\u00e9lda arra, hogyan lehet egy l\u00e9legzetel\u00e1ll\u00edt\u00f3 t\u00f6rt\u00e9nelmi \u00e9p\u00fcletet \u00e9rz\u00e9kenyen \u00e9s funkcion\u00e1lisan \u00f6sszekapcsolni a legmodernebb technol\u00f3gi\u00e1kkal.<\/p>\n\n\n\n<p class=\"wp-block-paragraph\">A szob\u00e1k nagyon finom, nyugtat\u00f3 t\u00f3nusokban vannak berendezve, hatalmas ablakaik vannak, a <strong>f\u00fcrd\u0151szob\u00e1k pedig a padl\u00f3t\u00f3l a plafonig luxus m\u00e1rv\u00e1nnyal vannak burkolva<\/strong>. A szolg\u00e1ltat\u00e1s itt igaz\u00e1n kcompromisszummentes \u00e9s a r\u00e9szletekre koncentr\u00e1l\u00f3, a recepci\u00f3n kapott kedves \u00fcdv\u00f6zl\u0151 italt\u00f3l a gondos esti \u00e1gybevet\u00e9sig. Kiv\u00e9teles fekv\u00e9s\u00e9nek k\u00f6sz\u00f6nhet\u0151en <strong>az \u00f6sszes f\u0151 m\u0171eml\u00e9k teljesen a tenyeredben van<\/strong>. Az Egyetem t\u00e9r a metr\u00f3 \u00e1tsz\u00e1ll\u00f3\u00e1llom\u00e1ssal a sarkon van, a gy\u00f6ny\u00f6r\u0171 Ci\u0219migiu parkba pedig r\u00e1\u00e9r\u0151s s\u00e9t\u00e1val \u00f6t perc alatt eljutsz.<\/p>\n\n\n\n<p class=\"wp-block-paragraph\">\ud83d\udca1 Tipp: T\u00f6k\u00e9letes v\u00e1laszt\u00e1s azoknak, akik <strong>teljesen \u00faj, kop\u00e1smentes felszerel\u00e9st \u00e9s modern tisztas\u00e1got<\/strong> ig\u00e9nyelnek, ugyanakkor egy er\u0151s t\u00f6rt\u00e9nelmi szellem\u0171 \u00e9p\u00fcletben szeretn\u00e9nek lakni. <em><a href=\"https:\/\/www.stay22.com\/allez\/roam?aid=lukaskonecny&#038;campaign=loudavymkrokemcz&#038;campaign=kde-bydlet-v-bukuresti&#038;hotelname=Corinthia%20Grand%20Hotel%20du%20Boulevard&#038;address=Bukure%C5%A1%C5%A5%2C%20Rumunsko\" target=\"_blank\" rel=\"nofollow noopener sponsored\">\u00e1rak \u00e9s el\u00e9rhet\u0151s\u00e9g ellen\u0151rz\u00e9se<\/a><\/em><\/p>\n\n\n\n<figure data-wp-context=\"{&quot;imageId&quot;:&quot;6a9c1d552733c&quot;}\" data-wp-interactive=\"core\/image\" data-wp-key=\"6a9c1d552733c\" class=\"wp-block-image size-full wp-lightbox-container\"><img decoding=\"async\" width=\"1600\" height=\"1200\" data-wp-class--hide=\"state.isContentHidden\" data-wp-class--show=\"state.isContentVisible\" data-wp-init=\"callbacks.setButtonStyles\" data-wp-on--click=\"actions.showLightbox\" data-wp-on--load=\"callbacks.setButtonStyles\" data-wp-on--pointerdown=\"actions.preloadImage\" data-wp-on--pointerenter=\"actions.preloadImageWithDelay\" data-wp-on--pointerleave=\"actions.cancelPreload\" data-wp-on-window--resize=\"callbacks.setButtonStyles\" src=\"https:\/\/loudavymkrokem.cz\/wp-content\/uploads\/2026\/08\/casa-cap-a.jpg\" alt=\"Casa Cap\u0219a hotel\" class=\"wp-image-410344\" title=\"\" srcset=\"https:\/\/loudavymkrokem.cz\/wp-content\/uploads\/2026\/08\/casa-cap-a.jpg 1600w, https:\/\/loudavymkrokem.cz\/wp-content\/uploads\/2026\/08\/casa-cap-a-300x225.jpg 300w, https:\/\/loudavymkrokem.cz\/wp-content\/uploads\/2026\/08\/casa-cap-a-700x525.jpg 700w, https:\/\/loudavymkrokem.cz\/wp-content\/uploads\/2026\/08\/casa-cap-a-768x576.jpg 768w, https:\/\/loudavymkrokem.cz\/wp-content\/uploads\/2026\/08\/casa-cap-a-1536x1152.jpg 1536w, https:\/\/loudavymkrokem.cz\/wp-content\/uploads\/2026\/08\/casa-cap-a-80x60.jpg 80w, https:\/\/loudavymkrokem.cz\/wp-content\/uploads\/2026\/08\/casa-cap-a-160x120.jpg 160w, https:\/\/loudavymkrokem.cz\/wp-content\/uploads\/2026\/08\/casa-cap-a-696x522.jpg 696w, https:\/\/loudavymkrokem.cz\/wp-content\/uploads\/2026\/08\/casa-cap-a-1392x1044.jpg 1392w\" sizes=\"(max-width: 1600px) 100vw, 1600px\" \/><button\n\t\t\tclass=\"lightbox-trigger\"\n\t\t\ttype=\"button\"\n\t\t\taria-haspopup=\"dialog\"\n\t\t\tdata-wp-bind--aria-label=\"state.thisImage.triggerButtonAriaLabel\"\n\t\t\tdata-wp-init=\"callbacks.initTriggerButton\"\n\t\t\tdata-wp-on--click=\"actions.showLightbox\"\n\t\t\tdata-wp-style--right=\"state.thisImage.buttonRight\"\n\t\t\tdata-wp-style--top=\"state.thisImage.buttonTop\"\n\t\t>\n\t\t\t<svg xmlns=\"http:\/\/www.w3.org\/2000\/svg\" width=\"12\" height=\"12\" fill=\"none\" viewBox=\"0 0 12 12\">\n\t\t\t\t<path fill=\"#fff\" d=\"M2 0a2 2 0 0 0-2 2v2h1.5V2a.5.5 0 0 1 .5-.5h2V0H2Zm2 10.5H2a.5.5 0 0 1-.5-.5V8H0v2a2 2 0 0 0 2 2h2v-1.5ZM8 12v-1.5h2a.5.5 0 0 0 .5-.5V8H12v2a2 2 0 0 1-2 2H8Zm2-12a2 2 0 0 1 2 2v2h-1.5V2a.5.5 0 0 0-.5-.5H8V0h2Z\" \/>\n\t\t\t<\/svg>\n\t\t<\/button><figcaption class=\"wp-element-caption\">Fot\u00f3: Ziad Chehab \/ Google Maps<\/figcaption><\/figure>\n\n\n\n<h3 class=\"wp-block-heading\"><span class=\"ez-toc-section\" id=\"5_Casa_Capsa\"><\/span>5. Casa Cap\u0219a<span class=\"ez-toc-section-end\"><\/span><\/h3>\n\n\n\n<p class=\"wp-block-paragraph\">Ezt az ikonikus hotelt sz\u00e1nd\u00e9kosan eml\u00edtem aff\u00e9le kis figyelmeztet\u00e9sk\u00e9nt \u00e9s egyben konkr\u00e9t aj\u00e1nl\u00e1sk\u00e9nt is. Egy teljesen legend\u00e1s, 1852-es \u00e9p\u00fcletr\u0151l van sz\u00f3 a Calea Victoriei sug\u00e1r\u00faton, amelynek viszont <strong>a legalacsonyabb az \u00e9rt\u00e9kel\u00e9se az eg\u00e9sz v\u00e1logat\u00e1sunkb\u00f3l (4,2)<\/strong>. Akkor h\u00e1t mi\u00e9rt teszem m\u00e9gis ide? Mert ez az \u00e9l\u0151 rom\u00e1n t\u00f6rt\u00e9nelem egy leny\u0171g\u00f6z\u0151 darabja.<\/p>\n\n\n\n<p class=\"wp-block-paragraph\">A hotelhez ugyanis egy h\u00edres, azonos nev\u0171 cukr\u00e1szda \u00e9s k\u00e1v\u00e9z\u00f3 tartozik, ahov\u00e1 \u00e9vtizedeken \u00e1t <strong>az akkori intellektu\u00e1lis elit \u00e9s az eg\u00e9sz r\u00e9gi Bukarest<\/strong> j\u00e1rt politik\u00e1r\u00f3l \u00e9s m\u0171v\u00e9szetr\u0151l besz\u00e9lgetni. Maga a szob\u00e1k berendez\u00e9se azonban legjobb \u00e9veit m\u00e1r r\u00e9g maga m\u00f6g\u00f6tt hagyta, \u00e9s a mai modern \u00f6tcsillagos luxust, amihez hozz\u00e1szoktunk, itt biztosan ne v\u00e1rd. Az itteni sz\u00e1ll\u00e1s egyszer\u0171en <strong>csak az igaz\u00e1n lelkes t\u00f6rt\u00e9nelemrajong\u00f3knak sz\u00e1nt \u00e9lm\u00e9ny<\/strong>, akiket nem zavar a nyikorg\u00f3 parketta vagy a r\u00e9gebbi f\u00fcrd\u0151szoba, \u00e9s ink\u00e1bb azt a nehezen le\u00edrhat\u00f3 genius locit \u00e9rt\u00e9kelik.<\/p>\n\n\n\n<p class=\"wp-block-paragraph\">\ud83d\udca1 Tipp: Ha a nyaral\u00e1son norm\u00e1lisan szeretn\u00e9l aludni \u00e9s m\u0171k\u00f6d\u0151 zuhanyt szeretn\u00e9l, <strong>ink\u00e1bb csak egy k\u00e1v\u00e9ra \u00e9s egy kiv\u00e1l\u00f3 s\u00fctem\u00e9nyre gyere<\/strong>, \u00e9s sz\u00e1llj meg valahol feljebb. <em><a href=\"https:\/\/www.stay22.com\/allez\/roam?aid=lukaskonecny&#038;campaign=loudavymkrokemcz&#038;campaign=kde-bydlet-v-bukuresti&#038;hotelname=Casa%20Cap%C8%99a&#038;address=Bukure%C5%A1%C5%A5%2C%20Rumunsko\" target=\"_blank\" rel=\"nofollow noopener sponsored\">\u00e1rak \u00e9s el\u00e9rhet\u0151s\u00e9g ellen\u0151rz\u00e9se<\/a><\/em><\/p>\n\n\n\n<figure data-wp-context=\"{&quot;imageId&quot;:&quot;6a9c1d5527bdc&quot;}\" data-wp-interactive=\"core\/image\" data-wp-key=\"6a9c1d5527bdc\" class=\"wp-block-image size-full wp-lightbox-container\"><img decoding=\"async\" width=\"480\" height=\"320\" data-wp-class--hide=\"state.isContentHidden\" data-wp-class--show=\"state.isContentVisible\" data-wp-init=\"callbacks.setButtonStyles\" data-wp-on--click=\"actions.showLightbox\" data-wp-on--load=\"callbacks.setButtonStyles\" data-wp-on--pointerdown=\"actions.preloadImage\" data-wp-on--pointerenter=\"actions.preloadImageWithDelay\" data-wp-on--pointerleave=\"actions.cancelPreload\" data-wp-on-window--resize=\"callbacks.setButtonStyles\" src=\"https:\/\/loudavymkrokem.cz\/wp-content\/uploads\/2026\/08\/jw-marriott-bucharest-grand-hotel.jpg\" alt=\"JW Marriott Bucharest Grand Hotel\" class=\"wp-image-410346\" title=\"\" srcset=\"https:\/\/loudavymkrokem.cz\/wp-content\/uploads\/2026\/08\/jw-marriott-bucharest-grand-hotel.jpg 480w, https:\/\/loudavymkrokem.cz\/wp-content\/uploads\/2026\/08\/jw-marriott-bucharest-grand-hotel-300x200.jpg 300w\" sizes=\"(max-width: 480px) 100vw, 480px\" \/><button\n\t\t\tclass=\"lightbox-trigger\"\n\t\t\ttype=\"button\"\n\t\t\taria-haspopup=\"dialog\"\n\t\t\tdata-wp-bind--aria-label=\"state.thisImage.triggerButtonAriaLabel\"\n\t\t\tdata-wp-init=\"callbacks.initTriggerButton\"\n\t\t\tdata-wp-on--click=\"actions.showLightbox\"\n\t\t\tdata-wp-style--right=\"state.thisImage.buttonRight\"\n\t\t\tdata-wp-style--top=\"state.thisImage.buttonTop\"\n\t\t>\n\t\t\t<svg xmlns=\"http:\/\/www.w3.org\/2000\/svg\" width=\"12\" height=\"12\" fill=\"none\" viewBox=\"0 0 12 12\">\n\t\t\t\t<path fill=\"#fff\" d=\"M2 0a2 2 0 0 0-2 2v2h1.5V2a.5.5 0 0 1 .5-.5h2V0H2Zm2 10.5H2a.5.5 0 0 1-.5-.5V8H0v2a2 2 0 0 0 2 2h2v-1.5ZM8 12v-1.5h2a.5.5 0 0 0 .5-.5V8H12v2a2 2 0 0 1-2 2H8Zm2-12a2 2 0 0 1 2 2v2h-1.5V2a.5.5 0 0 0-.5-.5H8V0h2Z\" \/>\n\t\t\t<\/svg>\n\t\t<\/button><figcaption class=\"wp-element-caption\">Fot\u00f3: JW Marriott Bucharest Grand Hotel \/ Google Maps<\/figcaption><\/figure>\n\n\n\n<h3 class=\"wp-block-heading\"><span class=\"ez-toc-section\" id=\"6_JW_Marriott_Bucharest_Grand_Hotel\"><\/span>6. JW Marriott Bucharest Grand Hotel<span class=\"ez-toc-section-end\"><\/span><\/h3>\n\n\n\n<p class=\"wp-block-paragraph\">Most \u00e1tt\u00e9r\u00fcnk a nagy \u00e9s megb\u00edzhat\u00f3 luxusl\u00e1ncok kateg\u00f3ri\u00e1j\u00e1ra. Ez a <a href=\"https:\/\/www.stay22.com\/allez\/roam?aid=lukaskonecny&#038;campaign=loudavymkrokemcz&#038;campaign=kde-bydlet-v-bukuresti&#038;hotelname=JW%20Marriott%20Bucharest%20Grand%20Hotel&#038;address=Bukure%C5%A1%C5%A5%2C%20Rumunsko\" target=\"_blank\" rel=\"noopener nofollow sponsored\">Marriott<\/a> a gigantikus <a href=\"https:\/\/cic.cdep.ro\/\" rel=\"nofollow noopener\" target=\"_blank\">Parlament palot\u00e1j\u00e1nak<\/a> k\u00f6zvetlen k\u00f6zel\u00e9ben \u00e1ll, \u00e9s a k\u00f6zel 12 000 v\u00e9lem\u00e9nyb\u0151l sz\u00e1rmaz\u00f3 fantasztikus 4,7-es \u00e9rt\u00e9kel\u00e9ssel <strong>a v\u00e1ros egyik legjobban \u00e9rt\u00e9kelt nagy hotele<\/strong>.<\/p>\n\n\n\n<p class=\"wp-block-paragraph\">Ez egy hatalmas, prec\u00edzen m\u0171k\u00f6d\u0151 komplexum, ahol t\u00e9nyleg nem kell att\u00f3l tartanod, hogy valami hi\u00e1nyozni fog. Tal\u00e1lsz itt <strong>egyb\u0151l \u00f6t k\u00fcl\u00f6nb\u00f6z\u0151 \u00e9ttermet, luxus bev\u00e1s\u00e1rl\u00f3passz\u00e1zst \u00e9s hatalmas sp\u00e1t par\u00e1d\u00e9s szaun\u00e1val<\/strong>. A szob\u00e1k \u00e1tlagon fel\u00fcl t\u00e1gasak, nagyon klasszikusan \u00e9s eleg\u00e1nsan berendezettek, az \u00e1gyak pedig hihetetlen\u00fcl k\u00e9nyelmesek, pontosan \u00fagy, ahogy ett\u0151l a pr\u00e9mium m\u00e1rk\u00e1t\u00f3l elv\u00e1rn\u00e1d. A helysz\u00edn ugyan kicsit el van v\u00e1gva mag\u00e1t\u00f3l a t\u00f6rt\u00e9nelmi belv\u00e1rost\u00f3l, \u00e9s az \u00d3v\u00e1rosba taxival kell menned vagy egy igaz\u00e1n hosszabb s\u00e9t\u00e1t tenned, m\u00e1sr\u00e9szr\u0151l viszont <strong>teljes nyugalmat \u00e9s rengeteg z\u00f6ldet<\/strong> \u00e9lvezel a parlament k\u00f6r\u00fcl.<\/p>\n\n\n\n<p class=\"wp-block-paragraph\">\ud83d\udca1 Tipp: Ez remek v\u00e1laszt\u00e1s <strong>az ig\u00e9nyes utaz\u00f3knak \u00e9s \u00fczletembereknek<\/strong>, akik minden elk\u00e9pzelhet\u0151 szolg\u00e1ltat\u00e1st egy tet\u0151 alatt szeretn\u00e9nek, \u00e9s nem ig\u00e9nylik az \u00e9jszakai klubok melletti fekv\u00e9st.<\/p>\n\n\n\n<figure data-wp-context=\"{&quot;imageId&quot;:&quot;6a9c1d55283a5&quot;}\" data-wp-interactive=\"core\/image\" data-wp-key=\"6a9c1d55283a5\" class=\"wp-block-image size-full wp-lightbox-container\"><img decoding=\"async\" width=\"1023\" height=\"682\" data-wp-class--hide=\"state.isContentHidden\" data-wp-class--show=\"state.isContentVisible\" data-wp-init=\"callbacks.setButtonStyles\" data-wp-on--click=\"actions.showLightbox\" data-wp-on--load=\"callbacks.setButtonStyles\" data-wp-on--pointerdown=\"actions.preloadImage\" data-wp-on--pointerenter=\"actions.preloadImageWithDelay\" data-wp-on--pointerleave=\"actions.cancelPreload\" data-wp-on-window--resize=\"callbacks.setButtonStyles\" src=\"https:\/\/loudavymkrokem.cz\/wp-content\/uploads\/2026\/08\/radisson-blu-hotel-bucharest.jpg\" alt=\"Radisson Blu Hotel Bucharest\" class=\"wp-image-410348\" title=\"\" srcset=\"https:\/\/loudavymkrokem.cz\/wp-content\/uploads\/2026\/08\/radisson-blu-hotel-bucharest.jpg 1023w, https:\/\/loudavymkrokem.cz\/wp-content\/uploads\/2026\/08\/radisson-blu-hotel-bucharest-300x200.jpg 300w, https:\/\/loudavymkrokem.cz\/wp-content\/uploads\/2026\/08\/radisson-blu-hotel-bucharest-700x467.jpg 700w, https:\/\/loudavymkrokem.cz\/wp-content\/uploads\/2026\/08\/radisson-blu-hotel-bucharest-768x512.jpg 768w, https:\/\/loudavymkrokem.cz\/wp-content\/uploads\/2026\/08\/radisson-blu-hotel-bucharest-696x464.jpg 696w\" sizes=\"(max-width: 1023px) 100vw, 1023px\" \/><button\n\t\t\tclass=\"lightbox-trigger\"\n\t\t\ttype=\"button\"\n\t\t\taria-haspopup=\"dialog\"\n\t\t\tdata-wp-bind--aria-label=\"state.thisImage.triggerButtonAriaLabel\"\n\t\t\tdata-wp-init=\"callbacks.initTriggerButton\"\n\t\t\tdata-wp-on--click=\"actions.showLightbox\"\n\t\t\tdata-wp-style--right=\"state.thisImage.buttonRight\"\n\t\t\tdata-wp-style--top=\"state.thisImage.buttonTop\"\n\t\t>\n\t\t\t<svg xmlns=\"http:\/\/www.w3.org\/2000\/svg\" width=\"12\" height=\"12\" fill=\"none\" viewBox=\"0 0 12 12\">\n\t\t\t\t<path fill=\"#fff\" d=\"M2 0a2 2 0 0 0-2 2v2h1.5V2a.5.5 0 0 1 .5-.5h2V0H2Zm2 10.5H2a.5.5 0 0 1-.5-.5V8H0v2a2 2 0 0 0 2 2h2v-1.5ZM8 12v-1.5h2a.5.5 0 0 0 .5-.5V8H12v2a2 2 0 0 1-2 2H8Zm2-12a2 2 0 0 1 2 2v2h-1.5V2a.5.5 0 0 0-.5-.5H8V0h2Z\" \/>\n\t\t\t<\/svg>\n\t\t<\/button><figcaption class=\"wp-element-caption\">Fot\u00f3: Radisson Blu Hotel, Bucharest \/ Google Maps<\/figcaption><\/figure>\n\n\n\n<h3 class=\"wp-block-heading\"><span class=\"ez-toc-section\" id=\"7_Radisson_Blu_Hotel_Bucharest\"><\/span>7. Radisson Blu Hotel Bucharest<span class=\"ez-toc-section-end\"><\/span><\/h3>\n\n\n\n<p class=\"wp-block-paragraph\">Ez teljesen hatalmas el\u0151nnyel <strong>a legt\u00f6bb v\u00e9lem\u00e9nnyel rendelkez\u0151 hotel eg\u00e9sz Bukarestben<\/strong>, amely a k\u00f6zel 16 000 \u00e9rt\u00e9kel\u00e9sb\u0151l sz\u00e9p 4,6-os oszt\u00e1lyzatot tart. Egyenesen a pr\u00e9mium Calea Victoriei sug\u00e1r\u00faton fekszik, \u00e9s olyat k\u00edn\u00e1l, amit a metropolisz forr\u00f3 ny\u00e1ri belv\u00e1ros\u00e1ban nem k\u00f6nny\u0171 megtal\u00e1lni.<\/p>\n\n\n\n<p class=\"wp-block-paragraph\">A legnagyobb cs\u00e1b\u00edt\u00f3ja ugyanis egy teljes \u00e9rt\u00e9k\u0171 v\u00edzi vil\u00e1g. A kev\u00e9s belv\u00e1rosi hotel egyikek\u00e9nt <strong>hatalmas k\u00fclt\u00e9ri medenc\u00e9je \u00e9s belt\u00e9ri f\u0171t\u00f6tt medenc\u00e9je<\/strong>, teljesen felszerelt sp\u00e1ja \u00e9s hatalmas fitneszk\u00f6zpontja van. Ehhez adj hozz\u00e1 m\u00e9g \u00f6t cs\u00facs\u00e9ttermet \u00e9s h\u00e1rom b\u00e1rt, ahonnan nem fogsz akarni elj\u00f6nni. A szob\u00e1k nagyon modernek, napf\u00e9nyben \u00fasznak, \u00e9s f\u0151leg remek\u00fcl hangszigeteltek. B\u00e1r a hotel hatalmas, a szem\u00e9lyzet mindezt l\u00e1that\u00f3 k\u00e1osz n\u00e9lk\u00fcl kezeli, a reggeliket pedig \u00e1ll\u00edt\u00f3lag t\u00e9nyleg epikusnak mondj\u00e1k, ami egy ekkora hoteln\u00e9l nem mag\u00e1t\u00f3l \u00e9rtet\u0151d\u0151.<\/p>\n\n\n\n<p class=\"wp-block-paragraph\">\ud83d\udca1 Tipp: Ha <strong>forr\u00f3 j\u00faliusban vagy augusztusban utazol Bukarestbe, \u00e9s gyerekeket viszel magaddal<\/strong>, ez a medenc\u00e9s hotel abszol\u00fat sz\u00fcks\u00e9gszer\u0171s\u00e9g, \u00e9s egyenesen megmenti a nyaral\u00e1sodat. <em><a href=\"https:\/\/www.stay22.com\/allez\/roam?aid=lukaskonecny&#038;campaign=loudavymkrokemcz&#038;campaign=kde-bydlet-v-bukuresti&#038;hotelname=Radisson%20Blu%20Hotel%20Bucharest&#038;address=Bukure%C5%A1%C5%A5%2C%20Rumunsko\" target=\"_blank\" rel=\"nofollow noopener sponsored\">\u00e1rak \u00e9s el\u00e9rhet\u0151s\u00e9g ellen\u0151rz\u00e9se<\/a><\/em><\/p>\n\n\n\n<figure data-wp-context=\"{&quot;imageId&quot;:&quot;6a9c1d5528c7a&quot;}\" data-wp-interactive=\"core\/image\" data-wp-key=\"6a9c1d5528c7a\" class=\"wp-block-image size-full wp-lightbox-container\"><img decoding=\"async\" width=\"1600\" height=\"1000\" data-wp-class--hide=\"state.isContentHidden\" data-wp-class--show=\"state.isContentVisible\" data-wp-init=\"callbacks.setButtonStyles\" data-wp-on--click=\"actions.showLightbox\" data-wp-on--load=\"callbacks.setButtonStyles\" data-wp-on--pointerdown=\"actions.preloadImage\" data-wp-on--pointerenter=\"actions.preloadImageWithDelay\" data-wp-on--pointerleave=\"actions.cancelPreload\" data-wp-on-window--resize=\"callbacks.setButtonStyles\" src=\"https:\/\/loudavymkrokem.cz\/wp-content\/uploads\/2026\/08\/grand-hotel-bucharest.jpg\" alt=\"Grand Hotel Bucharest\" class=\"wp-image-410350\" title=\"\" srcset=\"https:\/\/loudavymkrokem.cz\/wp-content\/uploads\/2026\/08\/grand-hotel-bucharest.jpg 1600w, https:\/\/loudavymkrokem.cz\/wp-content\/uploads\/2026\/08\/grand-hotel-bucharest-300x188.jpg 300w, https:\/\/loudavymkrokem.cz\/wp-content\/uploads\/2026\/08\/grand-hotel-bucharest-700x438.jpg 700w, https:\/\/loudavymkrokem.cz\/wp-content\/uploads\/2026\/08\/grand-hotel-bucharest-768x480.jpg 768w, https:\/\/loudavymkrokem.cz\/wp-content\/uploads\/2026\/08\/grand-hotel-bucharest-1536x960.jpg 1536w, https:\/\/loudavymkrokem.cz\/wp-content\/uploads\/2026\/08\/grand-hotel-bucharest-696x435.jpg 696w, https:\/\/loudavymkrokem.cz\/wp-content\/uploads\/2026\/08\/grand-hotel-bucharest-1392x870.jpg 1392w\" sizes=\"(max-width: 1600px) 100vw, 1600px\" \/><button\n\t\t\tclass=\"lightbox-trigger\"\n\t\t\ttype=\"button\"\n\t\t\taria-haspopup=\"dialog\"\n\t\t\tdata-wp-bind--aria-label=\"state.thisImage.triggerButtonAriaLabel\"\n\t\t\tdata-wp-init=\"callbacks.initTriggerButton\"\n\t\t\tdata-wp-on--click=\"actions.showLightbox\"\n\t\t\tdata-wp-style--right=\"state.thisImage.buttonRight\"\n\t\t\tdata-wp-style--top=\"state.thisImage.buttonTop\"\n\t\t>\n\t\t\t<svg xmlns=\"http:\/\/www.w3.org\/2000\/svg\" width=\"12\" height=\"12\" fill=\"none\" viewBox=\"0 0 12 12\">\n\t\t\t\t<path fill=\"#fff\" d=\"M2 0a2 2 0 0 0-2 2v2h1.5V2a.5.5 0 0 1 .5-.5h2V0H2Zm2 10.5H2a.5.5 0 0 1-.5-.5V8H0v2a2 2 0 0 0 2 2h2v-1.5ZM8 12v-1.5h2a.5.5 0 0 0 .5-.5V8H12v2a2 2 0 0 1-2 2H8Zm2-12a2 2 0 0 1 2 2v2h-1.5V2a.5.5 0 0 0-.5-.5H8V0h2Z\" \/>\n\t\t\t<\/svg>\n\t\t<\/button><figcaption class=\"wp-element-caption\">Fot\u00f3: Grand Hotel Bucharest \/ Google Maps<\/figcaption><\/figure>\n\n\n\n<h3 class=\"wp-block-heading\"><span class=\"ez-toc-section\" id=\"8_Grand_Hotel_Bucharest\"><\/span>8. Grand Hotel Bucharest<span class=\"ez-toc-section-end\"><\/span><\/h3>\n\n\n\n<p class=\"wp-block-paragraph\">Ez a szembet\u0171n\u0151 magas \u00e9p\u00fclet a Bulevardul Nicolae B\u0103lcescu sug\u00e1r\u00faton hossz\u00fa \u00e9vekig m\u0171k\u00f6d\u00f6tt a h\u00edres InterContinental m\u00e1rka alatt, \u00e9s Bukarest l\u00e1tk\u00e9p\u00e9nek elmaradhatatlan r\u00e9sze. A t\u00f6bb mint 7 000 v\u00e9lem\u00e9nyb\u0151l sz\u00e1rmaz\u00f3 4,5-\u00f6s \u00e9rt\u00e9kel\u00e9ssel <strong>nagyon szolid \u00f6tcsillagos sz\u00ednvonalat<\/strong> k\u00edn\u00e1l, \u00e9s egy teljesen egyedi \u00e9lm\u00e9nyt, ami miatt ide j\u00e1rnak.<\/p>\n\n\n\n<p class=\"wp-block-paragraph\">Ez az \u00e9lm\u00e9ny pedig egy <strong>par\u00e1d\u00e9s belt\u00e9ri medence \u00e9s wellnessk\u00f6zpont, amely eg\u00e9szen a 22. emeleten tal\u00e1lhat\u00f3<\/strong>. A v\u00edzb\u0151l egyenesen a m\u00e9lyen alattad l\u00fcktet\u0151 v\u00e1rosra ny\u00edl\u00f3 kil\u00e1t\u00e1s egyszer\u0171en l\u00e9legzetel\u00e1ll\u00edt\u00f3. Maguk a szob\u00e1k egy kicsit hagyom\u00e1nyosabbak \u00e9s diz\u00e1jnjukban r\u00e9gebbiek, de mindegyiknek van erk\u00e9lye, \u00e9s remek kil\u00e1t\u00e1st k\u00edn\u00e1lnak a belv\u00e1rosra. Az Egyetem t\u00e9r melletti fekv\u00e9s azt jelenti, hogy <strong>egyenesen a l\u00e1bad alatt van a f\u0151 metr\u00f3 \u00e1tsz\u00e1ll\u00f3\u00e1llom\u00e1s<\/strong>, gyalog pedig az \u00f6sszes f\u0151 m\u0171eml\u00e9khez p\u00e1r perc alatt eljutsz.<\/p>\n\n\n\n<p class=\"wp-block-paragraph\">\ud83d\udca1 Tipp: Foglal\u00e1skor k\u00e9rj <strong>a lehet\u0151 legmagasabb emeleten l\u00e9v\u0151 szob\u00e1t a Parlament palot\u00e1ja fel\u00e9<\/strong>, azt a kil\u00e1t\u00e1st az esti napnyugtakor garant\u00e1ltan a sz\u00edvedbe z\u00e1rod. <em><a href=\"https:\/\/www.stay22.com\/allez\/roam?aid=lukaskonecny&#038;campaign=loudavymkrokemcz&#038;campaign=kde-bydlet-v-bukuresti&#038;hotelname=Grand%20Hotel%20Bucharest&#038;address=Bukure%C5%A1%C5%A5%2C%20Rumunsko\" target=\"_blank\" rel=\"nofollow noopener sponsored\">\u00e1rak \u00e9s el\u00e9rhet\u0151s\u00e9g ellen\u0151rz\u00e9se<\/a><\/em><\/p>\n\n\n\n<figure data-wp-context=\"{&quot;imageId&quot;:&quot;6a9c1d552999f&quot;}\" data-wp-interactive=\"core\/image\" data-wp-key=\"6a9c1d552999f\" class=\"wp-block-image size-full wp-lightbox-container\"><img decoding=\"async\" width=\"480\" height=\"320\" data-wp-class--hide=\"state.isContentHidden\" data-wp-class--show=\"state.isContentVisible\" data-wp-init=\"callbacks.setButtonStyles\" data-wp-on--click=\"actions.showLightbox\" data-wp-on--load=\"callbacks.setButtonStyles\" data-wp-on--pointerdown=\"actions.preloadImage\" data-wp-on--pointerenter=\"actions.preloadImageWithDelay\" data-wp-on--pointerleave=\"actions.cancelPreload\" data-wp-on-window--resize=\"callbacks.setButtonStyles\" src=\"https:\/\/loudavymkrokem.cz\/wp-content\/uploads\/2026\/08\/sheraton-bucharest-hotel.jpg\" alt=\"Sheraton Bucharest Hotel\" class=\"wp-image-410352\" title=\"\" srcset=\"https:\/\/loudavymkrokem.cz\/wp-content\/uploads\/2026\/08\/sheraton-bucharest-hotel.jpg 480w, https:\/\/loudavymkrokem.cz\/wp-content\/uploads\/2026\/08\/sheraton-bucharest-hotel-300x200.jpg 300w\" sizes=\"(max-width: 480px) 100vw, 480px\" \/><button\n\t\t\tclass=\"lightbox-trigger\"\n\t\t\ttype=\"button\"\n\t\t\taria-haspopup=\"dialog\"\n\t\t\tdata-wp-bind--aria-label=\"state.thisImage.triggerButtonAriaLabel\"\n\t\t\tdata-wp-init=\"callbacks.initTriggerButton\"\n\t\t\tdata-wp-on--click=\"actions.showLightbox\"\n\t\t\tdata-wp-style--right=\"state.thisImage.buttonRight\"\n\t\t\tdata-wp-style--top=\"state.thisImage.buttonTop\"\n\t\t>\n\t\t\t<svg xmlns=\"http:\/\/www.w3.org\/2000\/svg\" width=\"12\" height=\"12\" fill=\"none\" viewBox=\"0 0 12 12\">\n\t\t\t\t<path fill=\"#fff\" d=\"M2 0a2 2 0 0 0-2 2v2h1.5V2a.5.5 0 0 1 .5-.5h2V0H2Zm2 10.5H2a.5.5 0 0 1-.5-.5V8H0v2a2 2 0 0 0 2 2h2v-1.5ZM8 12v-1.5h2a.5.5 0 0 0 .5-.5V8H12v2a2 2 0 0 1-2 2H8Zm2-12a2 2 0 0 1 2 2v2h-1.5V2a.5.5 0 0 0-.5-.5H8V0h2Z\" \/>\n\t\t\t<\/svg>\n\t\t<\/button><figcaption class=\"wp-element-caption\">Fot\u00f3: Sheraton Bucharest Hotel \/ Google Maps<\/figcaption><\/figure>\n\n\n\n<!-- LKM_GYG_CARD start q=\"bucharest\" lang=\"hu\" rendered=\"2026-09-05T12:29:31+00:00\" v=\"1\" -->\n<style id=\"lk-gyg-styles\">\n@import url(\"https:\/\/fonts.googleapis.com\/css2?family=Playfair+Display:wght@700&family=DM+Sans:wght@300;400;500;600&display=swap\");\n\/* === LK GYG karty \u2014 CRO redesign 2026-05 (namespace .lkx-) ===\n   C\u00edl: vy\u0161\u0161\u00ed CTR (hero + v\u00fdrazn\u00fd social proof + ak\u010dn\u00ed CTA, m\u00e9n\u011b \"reklamn\u00ed\").\n   Injektuje se inline do prvn\u00edho markeru postu (refresh_cards.py --inline-css). *\/\n.lkx-module, .lkx-module *{box-sizing:border-box;margin:0;padding:0}\n.lkx-module{\n  font-family:'DM Sans',-apple-system,Segoe UI,Roboto,Georgia,sans-serif;\n  max-width:860px;margin:2.5rem auto;color:#1f2328;\n}\n\n\/* HEADER \u2014 lehk\u00fd editorsk\u00fd, \u017e\u00e1dn\u00fd bannerov\u00fd blok; nadpis + popisek pod n\u00edm *\/\n.lkx-head{margin-bottom:16px}\n.lkx-head-main{display:flex;align-items:center;gap:10px}\n.lkx-head-accent{width:26px;height:3px;border-radius:2px;background:#c39f76;flex-shrink:0}\n.lkx-head-title{font-family:'Playfair Display',Georgia,serif;font-size:21px;font-weight:700;color:#1a1a1a;line-height:1.25}\n.lkx-head-meta{display:block;font-size:11px;letter-spacing:.3px;color:#9aa0a6;margin-top:4px;margin-left:36px}\n\n\/* HERO *\/\n.lkx-hero{display:grid;grid-template-columns:300px 1fr;background:#fff;border:1px solid #ece7df;border-radius:14px;overflow:hidden;text-decoration:none!important;color:inherit;box-shadow:0 6px 20px rgba(0,0,0,.06);transition:box-shadow .2s,transform .2s;margin-bottom:14px}\n.lkx-hero:hover{box-shadow:0 12px 30px rgba(0,0,0,.12);transform:translateY(-2px)}\n.lkx-hero-img{position:relative;min-height:230px;background-size:cover;background-position:center;background-color:#eee}\n.lkx-hero-body{padding:22px 24px;display:flex;flex-direction:column}\n.lkx-pick{position:absolute;top:12px;left:12px;background:#1a1a1a;color:#fff;font-size:11px;font-weight:700;letter-spacing:.5px;padding:5px 11px;border-radius:20px}\n\n\/* TITLE *\/\n.lkx-title{font-size:19px;font-weight:700;color:#161616;line-height:1.3}\n.lkx-title-sm{font-size:14.5px;line-height:1.35;display:-webkit-box;-webkit-line-clamp:2;-webkit-box-orient:vertical;overflow:hidden}\n\n\/* SOCIAL PROOF \u2014 v\u00fdrazn\u011b, naho\u0159e *\/\n.lkx-proof{display:flex;align-items:center;gap:7px;margin-top:12px;font-size:15px;color:#3a3a3a}\n.lkx-proof b{font-size:16px;color:#161616}\n.lkx-stars{color:#f5a623;letter-spacing:1px}\n.lkx-proof-sm{font-size:12.5px;margin-top:8px;gap:5px}\n.lkx-proof-sm b{font-size:13px}\n.lkx-proof-new{color:#3685fc;font-weight:600}\n\n\/* PRICE \u2014 n\u00edzk\u00e1 kotva *\/\n.lkx-price{font-size:14px;color:#6b7280}\n.lkx-price b{font-size:20px;color:#161616;font-weight:700}\n.lkx-price-sm b{font-size:15px}\n\n\/* CTA \u2014 tepl\u00e9 ak\u010dn\u00ed tla\u010d\u00edtko *\/\n.lkx-cta{display:inline-flex;align-items:center;justify-content:center;text-decoration:none!important;font-weight:700;color:#fff!important;background:linear-gradient(135deg,#f6743f,#e8552a);border-radius:10px;box-shadow:0 6px 16px rgba(232,85,42,.32);transition:box-shadow .2s}\n.lkx-cta-hero{font-size:15px;padding:13px 22px}\n.lkx-hero:hover .lkx-cta-hero{box-shadow:0 8px 22px rgba(232,85,42,.45)}\n.lkx-cta-sm{font-size:12.5px;padding:9px 14px;width:100%;margin-top:2px}\n.lkx-hero-bottom{margin-top:auto;padding-top:18px;display:flex;align-items:center;justify-content:space-between;gap:14px;flex-wrap:wrap}\n\n\/* BADGE \u2014 jeden v\u00fdrazn\u00fd na fotce *\/\n.lkx-badge{position:absolute;top:12px;right:12px;font-size:10.5px;font-weight:700;letter-spacing:.3px;padding:5px 10px;border-radius:16px;color:#fff}\n.lkx-badge.badge-urgency{background:rgba(214,40,40,.92)}\n.lkx-badge.badge-new{background:rgba(54,133,252,.92)}\n.lkx-badge.badge-top{background:rgba(195,159,118,.95)}\n.lkx-badge.badge-info{background:rgba(40,40,40,.78)}\n\n\/* SECONDARY GRID *\/\n.lkx-grid{display:grid;grid-template-columns:1fr 1fr;gap:14px}\n.lkx-card{background:#fff;border:1px solid #ece7df;border-radius:14px;overflow:hidden;text-decoration:none!important;color:inherit;box-shadow:0 4px 14px rgba(0,0,0,.05);display:flex;flex-direction:column;transition:box-shadow .2s,transform .2s}\n.lkx-card:hover{box-shadow:0 10px 24px rgba(0,0,0,.1);transform:translateY(-2px)}\n.lkx-card-img{position:relative;aspect-ratio:16\/10;background-size:cover;background-position:center;background-color:#eee}\n.lkx-card-body{padding:14px 16px 16px;display:flex;flex-direction:column;gap:7px;flex:1}\n.lkx-card-bottom{margin-top:auto;padding-top:10px;display:flex;align-items:center;justify-content:space-between;gap:8px}\n\n\/* DISCLOSURE \u2014 drobn\u00e1, kv\u016fli d\u016fv\u011b\u0159e\/z\u00e1konu *\/\n.lkx-disclosure{font-size:11px;color:#a7adb3;text-align:center;margin-top:14px;line-height:1.6}\n.lkx-disclosure a{color:#c39f76;text-decoration:none}\n\n@media(max-width:680px){\n  .lkx-hero{grid-template-columns:1fr}\n  .lkx-hero-img{min-height:180px}\n  .lkx-grid{grid-template-columns:1fr}\n  .lkx-head-meta{margin-left:0;width:100%}\n  .lkx-head-title{font-size:19px}\n}\n\n<\/style>\n<div class=\"lkx-module\" data-query=\"bucharest\">\n  <div class=\"lkx-head\">\n    <div class=\"lkx-head-main\">\n      <span class=\"lkx-head-accent\"><\/span>\n      <span class=\"lkx-head-title\">\u00c9lm\u00e9nyek \u00e9s bel\u00e9p\u0151jegyek<\/span>\n    <\/div>\n    <span class=\"lkx-head-meta\">utaz\u00f3k \u00e1ltal \u00e9rt\u00e9kelve \u00b7 GetYourGuide<\/span>\n  <\/div><a class=\"lkx-hero\" href=\"https:\/\/www.getyourguide.com\/hu-hu\/bukarest-l111\/harom-erdelyi-kastely-egynapos-kirandulas-bukarestbol-t61478\/?partner_id=MKZ64IS&amp;utm_medium=online_publisher&amp;cmp=hol-szallj-meg-bukarest-romania\" target=\"_blank\" rel=\"sponsored noopener nofollow\">\n    <div class=\"lkx-hero-img\" style=\"background-image:url('https:\/\/cdn.getyourguide.com\/img\/tour\/56b22771e7eaf.jpeg\/132.jpg')\" role=\"img\" aria-label=\"H\u00e1rom erd\u00e9lyi kast\u00e9ly egynapos kir\u00e1ndul\u00e1s Bukarestb\u0151l\">\n      <span class=\"lkx-pick\">\u2605 A mi tipp\u00fcnk<\/span><\/div>\n    <div class=\"lkx-hero-body\">\n      <div class=\"lkx-title\">H\u00e1rom erd\u00e9lyi kast\u00e9ly egynapos kir\u00e1ndul\u00e1s Bukarestb\u0151l<\/div>\n      <div class=\"lkx-proof\">\n      <span class=\"lkx-stars\">\u2605\u2605\u2605\u2605\u2605<\/span>\n      <b>4.4<\/b> \u00b7 20 \u00e9rt\u00e9kel\u00e9s\n    <\/div>\n      <div class=\"lkx-hero-bottom\"><div class=\"lkx-price\">m\u00e1r <b>219\u00a0EUR<\/b><\/div><span class=\"lkx-cta lkx-cta-hero\">Ezt az \u00e9lm\u00e9nyt akarom \u2192<\/span>\n      <\/div>\n    <\/div>\n  <\/a><div class=\"lkx-grid\"><a class=\"lkx-card\" href=\"https:\/\/www.getyourguide.com\/hu-hu\/bukarest-l111\/egynapos-kirandulas-bukarestbol-bulgariaba-es-veliko-tarnovoba-t483049\/?partner_id=MKZ64IS&amp;utm_medium=online_publisher&amp;cmp=hol-szallj-meg-bukarest-romania\" target=\"_blank\" rel=\"sponsored noopener nofollow\">\n      <div class=\"lkx-card-img\" style=\"background-image:url('https:\/\/cdn.getyourguide.com\/img\/tour\/64a57d0222025.jpeg\/132.jpg')\" role=\"img\" aria-label=\"Egynapos kir\u00e1ndul\u00e1s Bukarestb\u0151l Bulg\u00e1ri\u00e1ba \u00e9s Veliko Tarnov\u00f3ba\"><\/div>\n      <div class=\"lkx-card-body\">\n        <div class=\"lkx-title lkx-title-sm\">Egynapos kir\u00e1ndul\u00e1s Bukarestb\u0151l Bulg\u00e1ri\u00e1ba \u00e9s Veliko Tarnov\u00f3ba<\/div>\n        <div class=\"lkx-proof lkx-proof-sm\">\n      <span class=\"lkx-stars\">\u2605<\/span>\n      <b>4.6<\/b> \u00b7 206\n    <\/div>\n        <div class=\"lkx-card-bottom\"><span class=\"lkx-price lkx-price-sm\">m\u00e1r <b>65\u00a0EUR<\/b><\/span><span class=\"lkx-cta lkx-cta-sm\">Id\u0151pontok megtekint\u00e9se \u2192<\/span>\n        <\/div>\n      <\/div>\n    <\/a><a class=\"lkx-card\" href=\"https:\/\/www.getyourguide.com\/hu-hu\/bukarest-l111\/bukarest-privat-profi-fotozas-paroknak-es-portrefotozas-t1439223\/?partner_id=MKZ64IS&amp;utm_medium=online_publisher&amp;cmp=hol-szallj-meg-bukarest-romania\" target=\"_blank\" rel=\"sponsored noopener nofollow\">\n      <div class=\"lkx-card-img\" style=\"background-image:url('https:\/\/cdn.getyourguide.com\/img\/tour\/2cfea8f69b9e62c2bfb7671adf3c6fa84f351fb7f6aa03ebbc8c04bacc17b8bb.jpeg\/132.jpg')\" role=\"img\" aria-label=\"Bukarest: Priv\u00e1t profi fot\u00f3z\u00e1s p\u00e1roknak \u00e9s portr\u00e9fot\u00f3z\u00e1s\"><\/div>\n      <div class=\"lkx-card-body\">\n        <div class=\"lkx-title lkx-title-sm\">Bukarest: Priv\u00e1t profi fot\u00f3z\u00e1s p\u00e1roknak \u00e9s portr\u00e9fot\u00f3z\u00e1s<\/div>\n        <div class=\"lkx-proof lkx-proof-sm\">\n      <span class=\"lkx-stars\">\u2605<\/span>\n      <b>0.0<\/b> \u00b7 0\n    <\/div>\n        <div class=\"lkx-card-bottom\"><span class=\"lkx-price lkx-price-sm\">m\u00e1r <b>400\u00a0EUR<\/b><\/span><span class=\"lkx-cta lkx-cta-sm\">Id\u0151pontok megtekint\u00e9se \u2192<\/span>\n        <\/div>\n      <\/div>\n    <\/a><\/div><div class=\"lkx-disclosure\">\ud83d\udd17 A linkek partnerlinkek \u2014 az \u00e1rat nem v\u00e1ltoztatj\u00e1k, nek\u00fcnk viszont seg\u00edtenek a tartalomk\u00e9sz\u00edt\u00e9sben. \u00b7 <a href=\"https:\/\/www.getyourguide.com\/hu-hu\/s\/?q=bucharest&amp;partner_id=MKZ64IS&amp;utm_medium=online_publisher\" target=\"_blank\" rel=\"sponsored noopener nofollow\">\u00d6sszes \u00e9lm\u00e9ny \u2192<\/a><\/div>\n<\/div>\n<!-- LKM_GYG_CARD end -->\n\n\n\n\n<div class=\"lk-stays-module\">\n<style>\n\/* \u2500\u2500\u2500 RESET PRO GUTENBERG \u2500\u2500\u2500 *\/\n.lk-stays-module * { box-sizing: border-box; margin: 0; padding: 0; }\n\n\/* \u2500\u2500\u2500 WRAPPER \u2500\u2500\u2500 *\/\n.lk-stays-module {\n  font-family: 'DM Sans', Georgia, sans-serif;\n  max-width: 100%;\n  margin: 2.5rem auto;\n  background: linear-gradient(135deg, #fdfaf5 0%, #fcf8f0 100%);\n  border: 1px solid #e8dfd4;\n  border-radius: 16px;\n  overflow: hidden;\n  box-shadow: 0 16px 48px rgba(195, 159, 118, 0.25), 0 4px 12px rgba(0,0,0,0.08);\n}\n\n\/* \u2500\u2500\u2500 HEADER \u2500\u2500\u2500 *\/\n.lk-stays-header {\n  position: relative;\n  padding: 24px 36px 24px;\n  background: linear-gradient(135deg, #c39f76 0%, #d4b188 60%, #c39f76 100%);\n  border-bottom: 1px solid rgba(255,255,255,.15);\n  display: flex;\n  align-items: center;\n  gap: 18px;\n}\n.lk-stays-header::before {\n  content: '';\n  position: absolute;\n  inset: 0;\n  background: url(\"data:image\/svg+xml,%3Csvg width='60' height='60' viewBox='0 0 60 60' xmlns='http:\/\/www.w3.org\/2000\/svg'%3E%3Cg fill='none' fill-rule='evenodd'%3E%3Cg fill='%23ffffff' fill-opacity='0.05'%3E%3Cpath d='M36 34v-4h-2v4h-4v2h4v4h2v-4h4v-2h-4zm0-30V0h-2v4h-4v2h4v4h2V6h4V4h-4zM6 34v-4H4v4H0v2h4v4h2v-4h4v-2H6zM6 4V0H4v4H0v2h4v4h2V6h4V4H6z'\/%3E%3C\/g%3E%3C\/g%3E%3C\/svg%3E\") repeat;\n  pointer-events: none;\n}\n.lk-stays-icon {\n  flex-shrink: 0;\n  width: 68px;\n  height: 68px;\n  border-radius: 14px;\n  background: linear-gradient(135deg, #fff 0%, #f9f6f0 100%);\n  display: flex;\n  align-items: center;\n  justify-content: center;\n  font-size: 26px;\n  box-shadow: 0 4px 12px rgba(0,0,0,0.15);\n}\n.lk-stays-eyebrow {\n  font-size: 10px;\n  font-weight: 500;\n  letter-spacing: 2.5px;\n  text-transform: uppercase;\n  color: rgba(255,255,255,.85);\n  margin: 0 0 5px 0;\n}\n.lk-stays-title {\n  font-family: 'Playfair Display', Georgia, serif;\n  font-size: 24px;\n  font-weight: 700;\n  color: #fff;\n  line-height: 1.2;\n  text-shadow: 0 1px 2px rgba(0,0,0,0.1);\n  margin: 0;\n}\n.lk-stays-subtitle {\n  font-size: 13px;\n  color: rgba(255,255,255,.75);\n  margin: 4px 0 0 0;\n  font-weight: 300;\n}\n\n\/* \u2500\u2500\u2500 CARDS GRID \u2500\u2500\u2500 *\/\n.lk-stays-grid {\n  display: grid;\n  grid-template-columns: 1fr 1fr;\n  gap: 1px;\n  background: rgba(195, 159, 118, 0.12);\n}\n\n\/* \u2500\u2500\u2500 SINGLE CARD \u2500\u2500\u2500 *\/\n.lk-stay-card {\n  background: #ffffff;\n  padding: 26px;\n  display: flex;\n  flex-direction: column;\n  gap: 11px;\n  transition: all 0.3s ease;\n  text-decoration: none;\n  color: inherit;\n  position: relative;\n}\n.lk-stay-card:hover {\n  background: #fffbf5;\n  transform: translateY(-2px);\n  box-shadow: 0 8px 24px rgba(195, 159, 118, 0.18);\n  z-index: 1;\n}\n.lk-stay-card.featured {\n  background: linear-gradient(135deg, #fffdf9 0%, #fff9f0 100%);\n  box-shadow: 0 4px 16px rgba(195, 159, 118, 0.15), inset 0 1px 0 rgba(195, 159, 118, 0.1);\n}\n.lk-stay-card.featured:hover {\n  background: linear-gradient(135deg, #fffbf5 0%, #fff8ed 100%);\n  box-shadow: 0 8px 24px rgba(195, 159, 118, 0.25), inset 0 1px 0 rgba(195, 159, 118, 0.15);\n}\n\n.lk-stay-badge {\n  display: inline-flex;\n  align-items: center;\n  gap: 5px;\n  font-size: 10px;\n  font-weight: 500;\n  letter-spacing: 1.5px;\n  text-transform: uppercase;\n  padding: 5px 11px;\n  border-radius: 20px;\n  width: fit-content;\n}\n.badge-top     { background: linear-gradient(135deg, #c39f76 0%, #d4b188 100%); color: #fff; border: 1px solid #c39f76; font-weight: 600; box-shadow: 0 2px 8px rgba(195,159,118,0.3); }\n.badge-luxury  { background: rgba(195,159,118,.12); color: #c39f76; border: 1px solid rgba(195,159,118,.25); }\n.badge-boutique{ background: rgba(54,133,252,.08); color: #3685fc; border: 1px solid rgba(54,133,252,.2); }\n.badge-nature  { background: rgba(130,190,100,.1); color: #6b9c4a; border: 1px solid rgba(130,190,100,.2); }\n.badge-remote  { background: rgba(195,159,118,.12); color: #a67e50; border: 1px solid rgba(195,159,118,.25); }\n\n.lk-stay-name {\n  font-family: 'Playfair Display', Georgia, serif;\n  font-size: 18px;\n  font-weight: 700;\n  color: #111827;\n  line-height: 1.3;\n}\n.lk-stay-desc {\n  font-size: 13.5px;\n  color: #525252;\n  line-height: 1.65;\n  font-weight: 300;\n  flex: 1;\n}\n\n.lk-stay-meta {\n  display: flex;\n  align-items: center;\n  gap: 12px;\n  flex-wrap: wrap;\n  margin-top: 4px;\n}\n.lk-stay-price {\n  font-size: 13px;\n  color: #6b7280;\n}\n.lk-stay-price strong {\n  color: #c39f76;\n  font-weight: 500;\n}\n.lk-stay-stars {\n  color: #c39f76;\n  font-size: 11px;\n  letter-spacing: 1px;\n}\n\n\/* \u2500\u2500\u2500 CTA BUTTON \u2500\u2500\u2500 *\/\n.lk-stay-cta {\n  display: inline-flex;\n  align-items: center;\n  justify-content: center;\n  gap: 7px;\n  margin-top: 8px;\n  padding: 11px 20px;\n  border-radius: 8px;\n  background: linear-gradient(135deg, #3685fc 0%, #2a6fd9 100%);\n  color: #fff;\n  font-size: 13px;\n  font-weight: 500;\n  text-decoration: none;\n  letter-spacing: .3px;\n  transition: all .2s ease;\n  cursor: pointer;\n  border: none;\n  text-align: center;\n  box-shadow: 0 4px 12px rgba(54, 133, 252, 0.25);\n}\n.lk-stay-cta:hover {\n  background: linear-gradient(135deg, #2a6fd9 0%, #1e5bc4 100%);\n  transform: translateY(-1px);\n  box-shadow: 0 6px 16px rgba(54, 133, 252, 0.35);\n}\n.lk-stay-cta svg { flex-shrink: 0; }\n\n\/* \u2500\u2500\u2500 FOOTER \u2500\u2500\u2500 *\/\n.lk-stays-footer {\n  padding: 18px 36px;\n  background: linear-gradient(to bottom, #fdfaf5 0%, #f9f4ed 100%);\n  border-top: 1px solid rgba(195, 159, 118, 0.15);\n  display: flex;\n  align-items: center;\n  justify-content: space-between;\n  flex-wrap: wrap;\n  gap: 12px;\n}\n.lk-stays-footer-note {\n  font-size: 11.5px;\n  color: #6b7280;\n  font-weight: 300;\n  line-height: 1.5;\n}\n.lk-stays-footer-note a {\n  color: #c39f76;\n  text-decoration: none;\n  font-weight: 400;\n}\n.lk-stays-footer-note a:hover {\n  text-decoration: underline;\n}\n.lk-stays-all-btn {\n  display: inline-flex;\n  align-items: center;\n  gap: 6px;\n  font-size: 12.5px;\n  font-weight: 500;\n  color: #c39f76;\n  text-decoration: none;\n  border: 1px solid rgba(195, 159, 118, 0.35);\n  padding: 8px 18px;\n  border-radius: 8px;\n  transition: all .2s ease;\n}\n.lk-stays-all-btn:hover {\n  background: rgba(195, 159, 118, 0.08);\n  border-color: rgba(195, 159, 118, 0.5);\n}\n\n\/* \u2500\u2500\u2500 RESPONSIVE \u2500\u2500\u2500 *\/\n@media (max-width: 600px) {\n  .lk-stays-grid { grid-template-columns: 1fr; }\n  .lk-stays-header { padding: 24px 20px; }\n  .lk-stays-footer { padding: 16px 20px; }\n  .lk-stay-card { padding: 22px; }\n  .lk-stays-title { font-size: 20px; }\n}\n<\/style>\n\n  <!-- HEADER -->\n  <div class=\"lk-stays-header\">\n    <img decoding=\"async\" src=\"https:\/\/loudavymkrokem.cz\/wp-content\/uploads\/2026\/02\/lukas-a-lucka.jpg\" alt=\"\" style=\"width: 75px; height: 75px; border-radius: 8px; flex-shrink: 0; object-fit: cover; display: block; margin: 4px 0;\" title=\"\">\n    <div class=\"lk-stays-header-text\">\n      <div class=\"lk-stays-eyebrow\">Luk\u00e1\u0161 \u00e9s Lucie aj\u00e1nlj\u00e1k<\/div>\n      <div class=\"lk-stays-title\">Hol sz\u00e1lljon meg Bukarestben<\/div>\n      <div class=\"lk-stays-subtitle\">6 sz\u00e1ll\u00e1s \u2014 wellness sz\u00e1llod\u00e1k, sz\u00e1llod\u00e1k \u00e9s egy\u00e9b sz\u00e1ll\u00e1slehet\u0151s\u00e9gek<\/div>\n    <\/div>\n  <\/div>\n\n  <!-- CARDS -->\n  <div class=\"lk-stays-grid\">\n\n    <a class=\"lk-stay-card featured\" href=\"https:\/\/www.stay22.com\/allez\/roam?aid=lukaskonecny&#038;campaign=loudavymkrokemcz&#038;campaign=hu&#038;campaign=kde-bydlet-v-bukuresti&#038;hotelname=InterContinental%20Ath%C3%A9n%C3%A9e%20Palace%20Bucharest&#038;address=Bukure%C5%A1%C5%A5%2C%20Rumunsko\" target=\"_blank\" rel=\"nofollow noopener\">\n      <span class=\"lk-stay-badge badge-top\">\u2b50 TOP V\u00c1LASZT\u00c1S<\/span>\n      <span class=\"lk-stay-badge badge-nature\">\u2b50 Luxus<\/span>\n      <div class=\"lk-stay-name\">InterContinental Ath\u00e9n\u00e9e Palace Bucharest<\/div>\n      <div class=\"lk-stay-desc\">Legend\u00e1s sz\u00e1lloda 1914-b\u0151l a Forradalom ter\u00e9n, egykori k\u00e9mf\u00e9szek leny\u0171g\u00f6z\u0151 t\u00f6rt\u00e9nelemmel \u00e9s cs\u00facskateg\u00f3ri\u00e1s luxussal.<\/div>\n      <div class=\"lk-stay-meta\">\n        <span class=\"lk-stay-stars\">\u2605\u2605\u2605\u2605\u2605<\/span>\n        <span class=\"lk-stay-price\">\u00c1rak ellen\u0151rz\u00e9se<\/span>\n      <\/div>\n      <span class=\"lk-stay-cta\">\n        <svg width=\"14\" height=\"14\" viewBox=\"0 0 24 24\" fill=\"none\" stroke=\"currentColor\" stroke-width=\"2\"><path d=\"M18 13v6a2 2 0 0 1-2 2H5a2 2 0 0 1-2-2V8a2 2 0 0 1 2-2h6\"\/><polyline points=\"15 3 21 3 21 9\"\/><line x1=\"10\" y1=\"14\" x2=\"21\" y2=\"3\"\/><\/svg>\n        Ellen\u0151rizd az el\u00e9rhet\u0151s\u00e9get\n      <\/span>\n    <\/a>\n\n    <a class=\"lk-stay-card\" href=\"https:\/\/www.stay22.com\/allez\/roam?aid=lukaskonecny&#038;campaign=loudavymkrokemcz&#038;campaign=hu&#038;campaign=kde-bydlet-v-bukuresti&#038;hotelname=Grand%20Hotel%20Continental%20Bucharest&#038;address=Bukure%C5%A1%C5%A5%2C%20Rumunsko\" target=\"_blank\" rel=\"nofollow noopener\">\n      <span class=\"lk-stay-badge badge-nature\">\u2b50 Luxus<\/span>\n      <div class=\"lk-stay-name\">Grand Hotel Continental Bucharest<\/div>\n      <div class=\"lk-stay-desc\">Gy\u00f6ny\u00f6r\u0171 19. sz\u00e1zadi \u00e9p\u00fclet a Calea Victoriei-n krist\u00e1lycsill\u00e1rokkal, saj\u00e1t spa-val \u00e9s romantikus l\u00e9gk\u00f6rrel.<\/div>\n      <div class=\"lk-stay-meta\">\n        <span class=\"lk-stay-stars\">\u2605\u2605\u2605\u2605\u2605<\/span>\n        <span class=\"lk-stay-price\">\u00c1rak ellen\u0151rz\u00e9se<\/span>\n      <\/div>\n      <span class=\"lk-stay-cta\">\n        <svg width=\"14\" height=\"14\" viewBox=\"0 0 24 24\" fill=\"none\" stroke=\"currentColor\" stroke-width=\"2\"><path d=\"M18 13v6a2 2 0 0 1-2 2H5a2 2 0 0 1-2-2V8a2 2 0 0 1 2-2h6\"\/><polyline points=\"15 3 21 3 21 9\"\/><line x1=\"10\" y1=\"14\" x2=\"21\" y2=\"3\"\/><\/svg>\n        Ellen\u0151rizd az el\u00e9rhet\u0151s\u00e9get\n      <\/span>\n    <\/a>\n\n    <a class=\"lk-stay-card\" href=\"https:\/\/www.stay22.com\/allez\/roam?aid=lukaskonecny&#038;campaign=loudavymkrokemcz&#038;campaign=hu&#038;campaign=kde-bydlet-v-bukuresti&#038;hotelname=The%20Marmorosch%20Bucharest%2C%20Autograph%20Collection&#038;address=Bukure%C5%A1%C5%A5%2C%20Rumunsko\" target=\"_blank\" rel=\"nofollow noopener\">\n      <span class=\"lk-stay-badge badge-nature\">\u2b50 Luxus<\/span>\n      <div class=\"lk-stay-name\">The Marmorosch Bucharest, Autograph Collection<\/div>\n      <div class=\"lk-stay-desc\">Egyed\u00fcl\u00e1ll\u00f3 sz\u00e1lloda, amely egy 1923-as bank\u00e9p\u00fcletb\u0151l alakult \u00e1t, kokt\u00e9lb\u00e1rral a sz\u00e9fteremben \u00e9s medenc\u00e9s spa-val.<\/div>\n      <div class=\"lk-stay-meta\">\n        <span class=\"lk-stay-stars\">\u2605\u2605\u2605\u2605\u2605<\/span>\n        <span class=\"lk-stay-price\">\u00c1rak ellen\u0151rz\u00e9se<\/span>\n      <\/div>\n      <span class=\"lk-stay-cta\">\n        <svg width=\"14\" height=\"14\" viewBox=\"0 0 24 24\" fill=\"none\" stroke=\"currentColor\" stroke-width=\"2\"><path d=\"M18 13v6a2 2 0 0 1-2 2H5a2 2 0 0 1-2-2V8a2 2 0 0 1 2-2h6\"\/><polyline points=\"15 3 21 3 21 9\"\/><line x1=\"10\" y1=\"14\" x2=\"21\" y2=\"3\"\/><\/svg>\n        Ellen\u0151rizd az el\u00e9rhet\u0151s\u00e9get\n      <\/span>\n    <\/a>\n\n    <a class=\"lk-stay-card\" href=\"https:\/\/www.stay22.com\/allez\/roam?aid=lukaskonecny&#038;campaign=loudavymkrokemcz&#038;campaign=hu&#038;campaign=kde-bydlet-v-bukuresti&#038;hotelname=Corinthia%20Grand%20Hotel%20du%20Boulevard&#038;address=Bukure%C5%A1%C5%A5%2C%20Rumunsko\" target=\"_blank\" rel=\"nofollow noopener\">\n      <span class=\"lk-stay-badge badge-nature\">\u2b50 Luxus<\/span>\n      <div class=\"lk-stay-name\">Corinthia Grand Hotel du Boulevard<\/div>\n      <div class=\"lk-stay-desc\">\u00dajonnan fel\u00faj\u00edtott 19. sz\u00e1zadi t\u00f6rt\u00e9nelmi \u00e9p\u00fclet m\u00e1rv\u00e1nyf\u00fcrd\u0151szob\u00e1kkal \u00e9s luxus modern felszerelts\u00e9ggel.<\/div>\n      <div class=\"lk-stay-meta\">\n        <span class=\"lk-stay-stars\">\u2605\u2605\u2605\u2605\u2605<\/span>\n        <span class=\"lk-stay-price\">\u00c1rak ellen\u0151rz\u00e9se<\/span>\n      <\/div>\n      <span class=\"lk-stay-cta\">\n        <svg width=\"14\" height=\"14\" viewBox=\"0 0 24 24\" fill=\"none\" stroke=\"currentColor\" stroke-width=\"2\"><path d=\"M18 13v6a2 2 0 0 1-2 2H5a2 2 0 0 1-2-2V8a2 2 0 0 1 2-2h6\"\/><polyline points=\"15 3 21 3 21 9\"\/><line x1=\"10\" y1=\"14\" x2=\"21\" y2=\"3\"\/><\/svg>\n        Ellen\u0151rizd az el\u00e9rhet\u0151s\u00e9get\n      <\/span>\n    <\/a>\n\n    <a class=\"lk-stay-card\" href=\"https:\/\/www.stay22.com\/allez\/roam?aid=lukaskonecny&#038;campaign=loudavymkrokemcz&#038;campaign=hu&#038;campaign=kde-bydlet-v-bukuresti&#038;hotelname=Casa%20Cap%C8%99a&#038;address=Bukure%C5%A1%C5%A5%2C%20Rumunsko\" target=\"_blank\" rel=\"nofollow noopener\">\n      <span class=\"lk-stay-badge badge-nature\">\ud83c\udfe8 Hotel<\/span>\n      <div class=\"lk-stay-name\">Casa Cap\u0219a<\/div>\n      <div class=\"lk-stay-desc\">Legend\u00e1s sz\u00e1lloda 1852-b\u0151l a Calea Victoriei-n h\u00edres k\u00e1v\u00e9h\u00e1zzal, t\u00f6rt\u00e9nelmi genius loci, r\u00e9gebbi felszerelts\u00e9g.<\/div>\n      <div class=\"lk-stay-meta\">\n        <span class=\"lk-stay-stars\">\u2605\u2605\u2605\u2605<\/span>\n        <span class=\"lk-stay-price\">\u00c1rak ellen\u0151rz\u00e9se<\/span>\n      <\/div>\n      <span class=\"lk-stay-cta\">\n        <svg width=\"14\" height=\"14\" viewBox=\"0 0 24 24\" fill=\"none\" stroke=\"currentColor\" stroke-width=\"2\"><path d=\"M18 13v6a2 2 0 0 1-2 2H5a2 2 0 0 1-2-2V8a2 2 0 0 1 2-2h6\"\/><polyline points=\"15 3 21 3 21 9\"\/><line x1=\"10\" y1=\"14\" x2=\"21\" y2=\"3\"\/><\/svg>\n        Ellen\u0151rizd az el\u00e9rhet\u0151s\u00e9get\n      <\/span>\n    <\/a>\n\n    <a class=\"lk-stay-card\" href=\"https:\/\/www.stay22.com\/allez\/roam?aid=lukaskonecny&#038;campaign=loudavymkrokemcz&#038;campaign=hu&#038;campaign=kde-bydlet-v-bukuresti&#038;hotelname=JW%20Marriott%20Bucharest%20Grand%20Hotel&#038;address=Bukure%C5%A1%C5%A5%2C%20Rumunsko\" target=\"_blank\" rel=\"nofollow noopener\">\n      <span class=\"lk-stay-badge badge-nature\">\u2b50 Luxus<\/span>\n      <div class=\"lk-stay-name\">JW Marriott Bucharest Grand Hotel<\/div>\n      <div class=\"lk-stay-desc\">Hatalmas luxus komplexum a Parlament-palota mellett \u00f6t \u00e9tteremmel, bev\u00e1s\u00e1rl\u00f3k\u00f6zponttal \u00e9s kiterjedt spa-val.<\/div>\n      <div class=\"lk-stay-meta\">\n        <span class=\"lk-stay-stars\">\u2605\u2605\u2605\u2605\u2605<\/span>\n        <span class=\"lk-stay-price\">\u00c1rak ellen\u0151rz\u00e9se<\/span>\n      <\/div>\n      <span class=\"lk-stay-cta\">\n        <svg width=\"14\" height=\"14\" viewBox=\"0 0 24 24\" fill=\"none\" stroke=\"currentColor\" stroke-width=\"2\"><path d=\"M18 13v6a2 2 0 0 1-2 2H5a2 2 0 0 1-2-2V8a2 2 0 0 1 2-2h6\"\/><polyline points=\"15 3 21 3 21 9\"\/><line x1=\"10\" y1=\"14\" x2=\"21\" y2=\"3\"\/><\/svg>\n        Ellen\u0151rizd az el\u00e9rhet\u0151s\u00e9get\n      <\/span>\n    <\/a>\n\n  <\/div>\n\n  \n<\/div>\n\n\n\n\n<h3 class=\"wp-block-heading\"><span class=\"ez-toc-section\" id=\"9_Sheraton_Bucharest_Hotel\"><\/span>9. Sheraton Bucharest Hotel<span class=\"ez-toc-section-end\"><\/span><\/h3>\n\n\n\n<p class=\"wp-block-paragraph\">Ez a modern \u00fcveg\u00e9p\u00fclet a csendesebb \u00e9s z\u00f6ldebb Doroban\u021bi v\u00e1rosr\u00e9sz k\u00f6zel\u00e9ben nagyon sz\u00e9p, 4,5-\u00f6s \u00e9rt\u00e9kel\u00e9st tart a t\u00f6bb mint n\u00e9gyezer v\u00e9lem\u00e9nyb\u0151l. Ez a <strong>modern nyugati luxus tipikus k\u00e9pvisel\u0151je<\/strong>, ahol ugyan nem tal\u00e1lsz t\u00f6rt\u00e9nelmi nyikorg\u00f3 parkett\u00e1t \u00e9s r\u00e9gis\u00e9geket, de sz\u00e1m\u00edthatsz a t\u00f6k\u00e9letesen m\u0171k\u00f6d\u0151 l\u00e9gkondicion\u00e1l\u00f3ra \u00e9s a vill\u00e1mgyors Wi-Fire.<\/p>\n\n\n\n<p class=\"wp-block-paragraph\">A hotel nagyon eleg\u00e1ns, id\u0151t\u00e1ll\u00f3 diz\u00e1jnnal, egy <strong>jap\u00e1n steakhouse-zal<\/strong> \u00e9s saj\u00e1t \u00e9tteremmel b\u00fcszk\u00e9lkedik. A szob\u00e1k t\u00e1gasak, tele f\u00e9nnyel \u00e9s olyan f\u00fcrd\u0151szob\u00e1kkal, ahol egy eg\u00e9sz napi kir\u00e1ndul\u00e1s ut\u00e1n igaz\u00e1n elheverhetsz. A belv\u00e1rosba <strong>gyalog \u00fagy tizen\u00f6t perc<\/strong>, vagy p\u00e1r meg\u00e1ll\u00f3 metr\u00f3val. A hotel k\u00f6zvetlen k\u00f6rny\u00e9k\u00e9n rengeteg kiv\u00e1l\u00f3 helyi k\u00e1v\u00e9z\u00f3t tal\u00e1lsz, amelyeket nem \u00e9rintenek a turista\u00e1rak.<\/p>\n\n\n\n<p class=\"wp-block-paragraph\">\ud83d\udca1 Tipp: Ide\u00e1lis mened\u00e9k azoknak az utaz\u00f3knak, akik a <strong>modern tiszta diz\u00e1jnt r\u00e9szes\u00edtik el\u0151nyben a t\u00f6rt\u00e9nelmi romantik\u00e1val szemben<\/strong>, \u00e9s egy kicsit a legnagyobb turistat\u00f6megt\u0151l oldalt szeretn\u00e9nek lakni. <em><a href=\"https:\/\/www.stay22.com\/allez\/roam?aid=lukaskonecny&#038;campaign=loudavymkrokemcz&#038;campaign=kde-bydlet-v-bukuresti&#038;hotelname=Sheraton%20Bucharest%20Hotel&#038;address=Bukure%C5%A1%C5%A5%2C%20Rumunsko\" target=\"_blank\" rel=\"nofollow noopener sponsored\">\u00e1rak \u00e9s el\u00e9rhet\u0151s\u00e9g ellen\u0151rz\u00e9se<\/a><\/em><\/p>\n\n\n\n<figure data-wp-context=\"{&quot;imageId&quot;:&quot;6a9c1d552ae27&quot;}\" data-wp-interactive=\"core\/image\" data-wp-key=\"6a9c1d552ae27\" class=\"wp-block-image size-full wp-lightbox-container\"><img decoding=\"async\" width=\"1600\" height=\"1539\" data-wp-class--hide=\"state.isContentHidden\" data-wp-class--show=\"state.isContentVisible\" data-wp-init=\"callbacks.setButtonStyles\" data-wp-on--click=\"actions.showLightbox\" data-wp-on--load=\"callbacks.setButtonStyles\" data-wp-on--pointerdown=\"actions.preloadImage\" data-wp-on--pointerenter=\"actions.preloadImageWithDelay\" data-wp-on--pointerleave=\"actions.cancelPreload\" data-wp-on-window--resize=\"callbacks.setButtonStyles\" src=\"https:\/\/loudavymkrokem.cz\/wp-content\/uploads\/2026\/08\/epoque-hotel.jpg\" alt=\"Epoque Hotel\" class=\"wp-image-410354\" title=\"\" srcset=\"https:\/\/loudavymkrokem.cz\/wp-content\/uploads\/2026\/08\/epoque-hotel.jpg 1600w, https:\/\/loudavymkrokem.cz\/wp-content\/uploads\/2026\/08\/epoque-hotel-300x289.jpg 300w, https:\/\/loudavymkrokem.cz\/wp-content\/uploads\/2026\/08\/epoque-hotel-700x673.jpg 700w, https:\/\/loudavymkrokem.cz\/wp-content\/uploads\/2026\/08\/epoque-hotel-768x739.jpg 768w, https:\/\/loudavymkrokem.cz\/wp-content\/uploads\/2026\/08\/epoque-hotel-1536x1477.jpg 1536w, https:\/\/loudavymkrokem.cz\/wp-content\/uploads\/2026\/08\/epoque-hotel-696x669.jpg 696w, https:\/\/loudavymkrokem.cz\/wp-content\/uploads\/2026\/08\/epoque-hotel-1392x1339.jpg 1392w\" sizes=\"(max-width: 1600px) 100vw, 1600px\" \/><button\n\t\t\tclass=\"lightbox-trigger\"\n\t\t\ttype=\"button\"\n\t\t\taria-haspopup=\"dialog\"\n\t\t\tdata-wp-bind--aria-label=\"state.thisImage.triggerButtonAriaLabel\"\n\t\t\tdata-wp-init=\"callbacks.initTriggerButton\"\n\t\t\tdata-wp-on--click=\"actions.showLightbox\"\n\t\t\tdata-wp-style--right=\"state.thisImage.buttonRight\"\n\t\t\tdata-wp-style--top=\"state.thisImage.buttonTop\"\n\t\t>\n\t\t\t<svg xmlns=\"http:\/\/www.w3.org\/2000\/svg\" width=\"12\" height=\"12\" fill=\"none\" viewBox=\"0 0 12 12\">\n\t\t\t\t<path fill=\"#fff\" d=\"M2 0a2 2 0 0 0-2 2v2h1.5V2a.5.5 0 0 1 .5-.5h2V0H2Zm2 10.5H2a.5.5 0 0 1-.5-.5V8H0v2a2 2 0 0 0 2 2h2v-1.5ZM8 12v-1.5h2a.5.5 0 0 0 .5-.5V8H12v2a2 2 0 0 1-2 2H8Zm2-12a2 2 0 0 1 2 2v2h-1.5V2a.5.5 0 0 0-.5-.5H8V0h2Z\" \/>\n\t\t\t<\/svg>\n\t\t<\/button><figcaption class=\"wp-element-caption\">Fot\u00f3: Epoque Hotel Relais &#038; Ch\u00e2teaux \/ Google Maps<\/figcaption><\/figure>\n\n\n\n<h3 class=\"wp-block-heading\"><span class=\"ez-toc-section\" id=\"10_Epoque_Hotel\"><\/span>10. Epoque Hotel<span class=\"ez-toc-section-end\"><\/span><\/h3>\n\n\n\n<p class=\"wp-block-paragraph\">Most \u00e1tt\u00e9r\u00fcnk a kedvelt butikhotelek kateg\u00f3ri\u00e1j\u00e1ra, \u00e9s egyb\u0151l a legszebbel kezd\u00fcnk. Az <a href=\"https:\/\/www.stay22.com\/allez\/roam?aid=lukaskonecny&#038;campaign=loudavymkrokemcz&#038;campaign=kde-bydlet-v-bukuresti&#038;hotelname=Epoque%20Hotel&#038;address=Bukure%C5%A1%C5%A5%2C%20Rumunsko\" target=\"_blank\" rel=\"noopener nofollow sponsored\">Epoque Hotel<\/a> a remek 4,7-es \u00e9rt\u00e9kel\u00e9ssel diszkr\u00e9ten megb\u00fajik egy csendes utc\u00e1csk\u00e1ban, k\u00f6zvetlen\u00fcl a gy\u00f6ny\u00f6r\u0171 Ci\u0219migiu park mellett. Ez vit\u00e1n fel\u00fcl <strong>a v\u00e1ros legeleg\u00e1nsabb \u00e9s legcsendesebb kis hotele<\/strong>.<\/p>\n\n\n\n<p class=\"wp-block-paragraph\">Az eg\u00e9sz koncepci\u00f3 abban kiv\u00e9teles, hogy <strong>kiz\u00e1r\u00f3lag t\u00e1gas lakoszt\u00e1lyokat k\u00edn\u00e1l<\/strong>, \u00fagyhogy itt semmif\u00e9le sz\u0171k\u00f6s standard szob\u00e1t nem tal\u00e1lsz. A bels\u0151 terek gy\u00f6ny\u00f6r\u0171en d\u00edsz\u00edtettek, \u00e9s mindenb\u0151l \u00e9rezhet\u0151 a francia elegancia egy\u00e9rtelm\u0171 ihlet\u00e9se. A sz\u00e1ll\u00e1s \u00e1r\u00e1ban r\u00e1ad\u00e1sul benne van egy fantasztikus reggeli, valamint a bens\u0151s\u00e9ges hotel spa haszn\u00e1lata. A hotelben egy j\u00f3 h\u00edr\u0171 francia \u00e9tterem is m\u0171k\u00f6dik, \u00fagyhogy a vacsor\u00e1t sem kell megoldanod. Teljes, semmivel sem zavart nyugalom van itt, m\u00e9gis a belv\u00e1rosba a gy\u00f6ny\u00f6r\u0171 vir\u00e1gz\u00f3 parkon \u00e1t t\u00edz perc alatt eljutsz.<\/p>\n\n\n\n<p class=\"wp-block-paragraph\">\ud83d\udca1 Tipp: Ha <strong>maxim\u00e1lis mag\u00e1n\u00e9letet \u00e9s nagyon szem\u00e9lyes hozz\u00e1\u00e1ll\u00e1s\u00fa szem\u00e9lyzetet<\/strong> keresel, amely \u00e9rkez\u00e9s ut\u00e1n r\u00f6gt\u00f6n megjegyzi a nevedet, az Epoque a teljesen helyes v\u00e1laszt\u00e1s.<\/p>\n\n\n\n<figure data-wp-context=\"{&quot;imageId&quot;:&quot;6a9c1d552bf5c&quot;}\" data-wp-interactive=\"core\/image\" data-wp-key=\"6a9c1d552bf5c\" class=\"wp-block-image size-full wp-lightbox-container\"><img decoding=\"async\" width=\"1545\" height=\"2560\" data-wp-class--hide=\"state.isContentHidden\" data-wp-class--show=\"state.isContentVisible\" data-wp-init=\"callbacks.setButtonStyles\" data-wp-on--click=\"actions.showLightbox\" data-wp-on--load=\"callbacks.setButtonStyles\" data-wp-on--pointerdown=\"actions.preloadImage\" data-wp-on--pointerenter=\"actions.preloadImageWithDelay\" data-wp-on--pointerleave=\"actions.cancelPreload\" data-wp-on-window--resize=\"callbacks.setButtonStyles\" src=\"https:\/\/loudavymkrokem.cz\/wp-content\/uploads\/2026\/08\/rosetti-hotel-scaled.jpg\" alt=\"Rosetti Hotel\" class=\"wp-image-410356\" title=\"\" srcset=\"https:\/\/loudavymkrokem.cz\/wp-content\/uploads\/2026\/08\/rosetti-hotel-scaled.jpg 1545w, https:\/\/loudavymkrokem.cz\/wp-content\/uploads\/2026\/08\/rosetti-hotel-181x300.jpg 181w, https:\/\/loudavymkrokem.cz\/wp-content\/uploads\/2026\/08\/rosetti-hotel-700x1160.jpg 700w, https:\/\/loudavymkrokem.cz\/wp-content\/uploads\/2026\/08\/rosetti-hotel-768x1272.jpg 768w, https:\/\/loudavymkrokem.cz\/wp-content\/uploads\/2026\/08\/rosetti-hotel-927x1536.jpg 927w, https:\/\/loudavymkrokem.cz\/wp-content\/uploads\/2026\/08\/rosetti-hotel-1236x2048.jpg 1236w, https:\/\/loudavymkrokem.cz\/wp-content\/uploads\/2026\/08\/rosetti-hotel-696x1153.jpg 696w, https:\/\/loudavymkrokem.cz\/wp-content\/uploads\/2026\/08\/rosetti-hotel-1392x2306.jpg 1392w\" sizes=\"(max-width: 1545px) 100vw, 1545px\" \/><button\n\t\t\tclass=\"lightbox-trigger\"\n\t\t\ttype=\"button\"\n\t\t\taria-haspopup=\"dialog\"\n\t\t\tdata-wp-bind--aria-label=\"state.thisImage.triggerButtonAriaLabel\"\n\t\t\tdata-wp-init=\"callbacks.initTriggerButton\"\n\t\t\tdata-wp-on--click=\"actions.showLightbox\"\n\t\t\tdata-wp-style--right=\"state.thisImage.buttonRight\"\n\t\t\tdata-wp-style--top=\"state.thisImage.buttonTop\"\n\t\t>\n\t\t\t<svg xmlns=\"http:\/\/www.w3.org\/2000\/svg\" width=\"12\" height=\"12\" fill=\"none\" viewBox=\"0 0 12 12\">\n\t\t\t\t<path fill=\"#fff\" d=\"M2 0a2 2 0 0 0-2 2v2h1.5V2a.5.5 0 0 1 .5-.5h2V0H2Zm2 10.5H2a.5.5 0 0 1-.5-.5V8H0v2a2 2 0 0 0 2 2h2v-1.5ZM8 12v-1.5h2a.5.5 0 0 0 .5-.5V8H12v2a2 2 0 0 1-2 2H8Zm2-12a2 2 0 0 1 2 2v2h-1.5V2a.5.5 0 0 0-.5-.5H8V0h2Z\" \/>\n\t\t\t<\/svg>\n\t\t<\/button><figcaption class=\"wp-element-caption\">Fot\u00f3: Rosetti Hotel \/ Google Maps<\/figcaption><\/figure>\n\n\n\n<h3 class=\"wp-block-heading\"><span class=\"ez-toc-section\" id=\"11_Rosetti_Hotel\"><\/span>11. Rosetti Hotel<span class=\"ez-toc-section-end\"><\/span><\/h3>\n\n\n\n<p class=\"wp-block-paragraph\">Ez a kicsi, szinte l\u00e1thatatlan hotel a Strada Maria Rosetti utc\u00e1n, a <a href=\"https:\/\/www.stay22.com\/allez\/roam?aid=lukaskonecny&#038;campaign=loudavymkrokemcz&#038;campaign=kde-bydlet-v-bukuresti&#038;hotelname=Rosetti%20Hotel&#038;address=Bukure%C5%A1%C5%A5%2C%20Rumunsko\" target=\"_blank\" rel=\"noopener nofollow sponsored\">Rosetti<\/a>, <strong>a teljes v\u00e1logat\u00e1sunk legjobb \u00e9rt\u00e9kel\u00e9s\u00e9vel b\u00fcszk\u00e9lkedik (a hihetetlen 4,9-cel)<\/strong>. Egy kicsi, f\u00fcggetlen \u00e9s nagyon modern\u00fcl berendezett hotelr\u0151l van sz\u00f3, amely a vend\u00e9geit azonnal a hihetetlen\u00fcl bar\u00e1ts\u00e1gos \u00e9s \u0151szinte szolg\u00e1ltat\u00e1ssal szerzi meg.<\/p>\n\n\n\n<p class=\"wp-block-paragraph\">A szob\u00e1k itt ugyan egy kicsit kisebbek, mint a nagy \u00f6tcsillagosokban, de <strong>az utols\u00f3 r\u00e9szletig \u00e1tgondoltak<\/strong>. Rendk\u00edv\u00fcl k\u00e9nyelmes \u00e1gyaik, okos elektronik\u00e1juk \u00e9s f\u0151leg remek utcazaj-szigetel\u00e9s\u00fck van. Minden reggel r\u00e1ad\u00e1sul kiv\u00e1l\u00f3 friss reggeli v\u00e1r, amelyet itt kiz\u00e1r\u00f3lag helyi alapanyagokb\u00f3l k\u00e9sz\u00edtenek. A helysz\u00edn teljesen kiv\u00e1l\u00f3, mert a hotel <strong>csak egy karny\u00fajt\u00e1snyira fekszik az Egyetem t\u00e9rt\u0151l<\/strong>, \u00fagyhogy remek metr\u00f3kapcsolatod van, ugyanakkor biztons\u00e1gosan elker\u00fcl\u00f6d az \u00d3v\u00e1ros legnagyobb zaj\u00e1t.<\/p>\n\n\n\n<p class=\"wp-block-paragraph\">\ud83d\udca1 Tipp: Az igaz\u00e1n kis kapacit\u00e1sa \u00e9s hatalmas n\u00e9pszer\u0171s\u00e9ge miatt ez a hotel <strong>nagyon gyorsan megtelik<\/strong>, \u00fagyhogy azt aj\u00e1nlom, foglald le ak\u00e1r egy h\u00f3nappal kor\u00e1bban.<\/p>\n\n\n\n<figure data-wp-context=\"{&quot;imageId&quot;:&quot;6a9c1d552cfc8&quot;}\" data-wp-interactive=\"core\/image\" data-wp-key=\"6a9c1d552cfc8\" class=\"wp-block-image size-full wp-lightbox-container\"><img decoding=\"async\" width=\"1600\" height=\"900\" data-wp-class--hide=\"state.isContentHidden\" data-wp-class--show=\"state.isContentVisible\" data-wp-init=\"callbacks.setButtonStyles\" data-wp-on--click=\"actions.showLightbox\" data-wp-on--load=\"callbacks.setButtonStyles\" data-wp-on--pointerdown=\"actions.preloadImage\" data-wp-on--pointerenter=\"actions.preloadImageWithDelay\" data-wp-on--pointerleave=\"actions.cancelPreload\" data-wp-on-window--resize=\"callbacks.setButtonStyles\" src=\"https:\/\/loudavymkrokem.cz\/wp-content\/uploads\/2026\/08\/fix-12.jpg\" alt=\"Tematikusan berendezett szoba a The Mansion butikhotelben Bukarestben\" class=\"wp-image-410442\" title=\"\" srcset=\"https:\/\/loudavymkrokem.cz\/wp-content\/uploads\/2026\/08\/fix-12.jpg 1600w, https:\/\/loudavymkrokem.cz\/wp-content\/uploads\/2026\/08\/fix-12-300x169.jpg 300w, https:\/\/loudavymkrokem.cz\/wp-content\/uploads\/2026\/08\/fix-12-700x394.jpg 700w, https:\/\/loudavymkrokem.cz\/wp-content\/uploads\/2026\/08\/fix-12-768x432.jpg 768w, https:\/\/loudavymkrokem.cz\/wp-content\/uploads\/2026\/08\/fix-12-1536x864.jpg 1536w, https:\/\/loudavymkrokem.cz\/wp-content\/uploads\/2026\/08\/fix-12-696x392.jpg 696w, https:\/\/loudavymkrokem.cz\/wp-content\/uploads\/2026\/08\/fix-12-1392x783.jpg 1392w\" sizes=\"(max-width: 1600px) 100vw, 1600px\" \/><button\n\t\t\tclass=\"lightbox-trigger\"\n\t\t\ttype=\"button\"\n\t\t\taria-haspopup=\"dialog\"\n\t\t\tdata-wp-bind--aria-label=\"state.thisImage.triggerButtonAriaLabel\"\n\t\t\tdata-wp-init=\"callbacks.initTriggerButton\"\n\t\t\tdata-wp-on--click=\"actions.showLightbox\"\n\t\t\tdata-wp-style--right=\"state.thisImage.buttonRight\"\n\t\t\tdata-wp-style--top=\"state.thisImage.buttonTop\"\n\t\t>\n\t\t\t<svg xmlns=\"http:\/\/www.w3.org\/2000\/svg\" width=\"12\" height=\"12\" fill=\"none\" viewBox=\"0 0 12 12\">\n\t\t\t\t<path fill=\"#fff\" d=\"M2 0a2 2 0 0 0-2 2v2h1.5V2a.5.5 0 0 1 .5-.5h2V0H2Zm2 10.5H2a.5.5 0 0 1-.5-.5V8H0v2a2 2 0 0 0 2 2h2v-1.5ZM8 12v-1.5h2a.5.5 0 0 0 .5-.5V8H12v2a2 2 0 0 1-2 2H8Zm2-12a2 2 0 0 1 2 2v2h-1.5V2a.5.5 0 0 0-.5-.5H8V0h2Z\" \/>\n\t\t\t<\/svg>\n\t\t<\/button><figcaption class=\"wp-element-caption\">Fot\u00f3: Karl King \/ Google Maps<\/figcaption><\/figure>\n\n\n\n<h3 class=\"wp-block-heading\"><span class=\"ez-toc-section\" id=\"12_The_Mansion\"><\/span>12. The Mansion<span class=\"ez-toc-section-end\"><\/span><\/h3>\n\n\n\n<p class=\"wp-block-paragraph\">Ez egy nagyon \u00e9rdekes butikprojekt, amely egyenesen a Strada Francez\u0103 utc\u00e1n fekszik az \u00d3v\u00e1rosban, \u00e9s kiv\u00e1l\u00f3 4,7-es \u00e9rt\u00e9kel\u00e9se van. Ebben a hotelben minden szoba <strong>egy teljesen m\u00e1s st\u00edlusban van tematikusan berendezve<\/strong>: alhatsz \u00edgy egy francia Provence st\u00edlus\u00fa szob\u00e1ban, egy sz\u00ednes marokk\u00f3i riad vagy egy nyersebb ipari loft st\u00edlus\u00e1ban.<\/p>\n\n\n\n<p class=\"wp-block-paragraph\">A hotel f\u00f6ldszintj\u00e9n egy kiv\u00e1l\u00f3 saj\u00e1t \u00e9ttermet \u00e9s egy hangulatos k\u00e1v\u00e9z\u00f3t tal\u00e1lsz. A diz\u00e1jn \u00e9s az \u00f6sszhangulat itt igaz\u00e1n egyedi, \u00e9s nagyon gyorsan az \u00e9rz\u00e9sed t\u00e1mad, hogy <strong>egy gondosan kicsinos\u00edtott h\u00e1zban lakol<\/strong>, nem pedig egy szem\u00e9lytelen nemzetk\u00f6zi hotelben. Van azonban egy hatalmas \u00e9s l\u00e9nyeges DE. <strong>Az egyenesen az \u00d3v\u00e1rosban l\u00e9v\u0151 fekv\u00e9s elker\u00fclhetetlen esti zajt jelent.<\/strong> Minden hangszigetel\u00e9si igyekezet ellen\u00e9re a k\u00f6rnyez\u0151 b\u00e1rok d\u00fcb\u00f6rg\u0151 basszusa egyszer\u0171en ide jut m\u00e9lyen \u00e9jszak\u00e1ba ny\u00fal\u00f3an.<\/p>\n\n\n\n<p class=\"wp-block-paragraph\">\ud83d\udca1 Tipp: Ha ak\u00e1r csak egy kicsit is \u00e9ber alv\u00f3 vagy, ink\u00e1bb ker\u00fcld ezt a hotelt. Ink\u00e1bb <strong>a fiatalabb p\u00e1roknak ide\u00e1lis, akik maguk indulnak az \u00e9jszakai \u00e9letbe<\/strong>, \u00e9s az utca ny\u00fczsg\u00e9se egy\u00e1ltal\u00e1n nem zavarja \u0151ket. <em><a href=\"https:\/\/www.stay22.com\/allez\/roam?aid=lukaskonecny&#038;campaign=loudavymkrokemcz&#038;campaign=kde-bydlet-v-bukuresti&#038;hotelname=The%20Mansion&#038;address=Bukure%C5%A1%C5%A5%2C%20Rumunsko\" target=\"_blank\" rel=\"nofollow noopener sponsored\">\u00e1rak \u00e9s el\u00e9rhet\u0151s\u00e9g ellen\u0151rz\u00e9se<\/a><\/em><\/p>\n\n\n\n<figure data-wp-context=\"{&quot;imageId&quot;:&quot;6a9c1d552d9e2&quot;}\" data-wp-interactive=\"core\/image\" data-wp-key=\"6a9c1d552d9e2\" class=\"wp-block-image size-full wp-lightbox-container\"><img decoding=\"async\" width=\"1600\" height=\"1067\" data-wp-class--hide=\"state.isContentHidden\" data-wp-class--show=\"state.isContentVisible\" data-wp-init=\"callbacks.setButtonStyles\" data-wp-on--click=\"actions.showLightbox\" data-wp-on--load=\"callbacks.setButtonStyles\" data-wp-on--pointerdown=\"actions.preloadImage\" data-wp-on--pointerenter=\"actions.preloadImageWithDelay\" data-wp-on--pointerleave=\"actions.cancelPreload\" data-wp-on-window--resize=\"callbacks.setButtonStyles\" src=\"https:\/\/loudavymkrokem.cz\/wp-content\/uploads\/2026\/08\/moxa-bucharest-boutique-hotel.jpg\" alt=\"MOXA Bucharest Boutique Hotel\" class=\"wp-image-410360\" title=\"\" srcset=\"https:\/\/loudavymkrokem.cz\/wp-content\/uploads\/2026\/08\/moxa-bucharest-boutique-hotel.jpg 1600w, https:\/\/loudavymkrokem.cz\/wp-content\/uploads\/2026\/08\/moxa-bucharest-boutique-hotel-300x200.jpg 300w, https:\/\/loudavymkrokem.cz\/wp-content\/uploads\/2026\/08\/moxa-bucharest-boutique-hotel-700x467.jpg 700w, https:\/\/loudavymkrokem.cz\/wp-content\/uploads\/2026\/08\/moxa-bucharest-boutique-hotel-768x512.jpg 768w, https:\/\/loudavymkrokem.cz\/wp-content\/uploads\/2026\/08\/moxa-bucharest-boutique-hotel-1536x1024.jpg 1536w, https:\/\/loudavymkrokem.cz\/wp-content\/uploads\/2026\/08\/moxa-bucharest-boutique-hotel-696x464.jpg 696w, https:\/\/loudavymkrokem.cz\/wp-content\/uploads\/2026\/08\/moxa-bucharest-boutique-hotel-1392x928.jpg 1392w\" sizes=\"(max-width: 1600px) 100vw, 1600px\" \/><button\n\t\t\tclass=\"lightbox-trigger\"\n\t\t\ttype=\"button\"\n\t\t\taria-haspopup=\"dialog\"\n\t\t\tdata-wp-bind--aria-label=\"state.thisImage.triggerButtonAriaLabel\"\n\t\t\tdata-wp-init=\"callbacks.initTriggerButton\"\n\t\t\tdata-wp-on--click=\"actions.showLightbox\"\n\t\t\tdata-wp-style--right=\"state.thisImage.buttonRight\"\n\t\t\tdata-wp-style--top=\"state.thisImage.buttonTop\"\n\t\t>\n\t\t\t<svg xmlns=\"http:\/\/www.w3.org\/2000\/svg\" width=\"12\" height=\"12\" fill=\"none\" viewBox=\"0 0 12 12\">\n\t\t\t\t<path fill=\"#fff\" d=\"M2 0a2 2 0 0 0-2 2v2h1.5V2a.5.5 0 0 1 .5-.5h2V0H2Zm2 10.5H2a.5.5 0 0 1-.5-.5V8H0v2a2 2 0 0 0 2 2h2v-1.5ZM8 12v-1.5h2a.5.5 0 0 0 .5-.5V8H12v2a2 2 0 0 1-2 2H8Zm2-12a2 2 0 0 1 2 2v2h-1.5V2a.5.5 0 0 0-.5-.5H8V0h2Z\" \/>\n\t\t\t<\/svg>\n\t\t<\/button><figcaption class=\"wp-element-caption\">Fot\u00f3: MOXA Bucharest Boutique Hotel \/ Google Maps<\/figcaption><\/figure>\n\n\n\n<h3 class=\"wp-block-heading\"><span class=\"ez-toc-section\" id=\"13_MOXA_Bucharest_Boutique_Hotel\"><\/span>13. MOXA Bucharest Boutique Hotel<span class=\"ez-toc-section-end\"><\/span><\/h3>\n\n\n\n<p class=\"wp-block-paragraph\">Nagyon kellemes \u00e9s megnyugtat\u00f3 butikhotel 4,4-es \u00e9rt\u00e9kel\u00e9ssel, amely a Strada Mihail Moxa utc\u00e1n b\u00fajik meg, a Pia\u021ba Roman\u0103 t\u00e9r k\u00f6zel\u00e9ben. Ez egy gy\u00f6ny\u00f6r\u0171 ter\u00fclet, <strong>tele tereb\u00e9lyes f\u00e1kkal, gondozott r\u00e9gi vill\u00e1kkal \u00e9s j\u00f3 \u00e9ttermekkel<\/strong>, ahol nem futsz \u00f6ssze f\u00e9nyk\u00e9pez\u0151g\u00e9pes t\u00f6megekkel, \u00e9s igazi helyi hangulatot \u00e9lvezel.<\/p>\n\n\n\n<p class=\"wp-block-paragraph\">A hotel nagyon hangulatos, szinte otthonosan berendezett szob\u00e1kat k\u00edn\u00e1l, amelyekben r\u00f6gt\u00f6n az \u00e9rkez\u00e9s ut\u00e1n j\u00f3l fogod \u00e9rezni magad. Egy eg\u00e9sz napi v\u00e1rosi gyalogl\u00e1s ut\u00e1n r\u00e1ad\u00e1sul biztosan \u00e9rt\u00e9kelni fogod a <strong>kisebb szauna \u00e9s fitneszk\u00f6zpont haszn\u00e1lat\u00e1t<\/strong>, ahol er\u0151t gy\u0171jtesz a k\u00f6vetkez\u0151 napra. A teljes t\u00f6rt\u00e9nelmi belv\u00e1rosba innen <strong>gyalog nagyj\u00e1b\u00f3l h\u00fasz perc<\/strong> alatt jutsz el egy kellemes s\u00e9t\u00e1val, vagy egyszer\u0171en felpattanhatsz a metr\u00f3ra, \u00e9s mehetsz k\u00e9t r\u00f6vid meg\u00e1ll\u00f3t.<\/p>\n\n\n\n<p class=\"wp-block-paragraph\">\ud83d\udca1 Tipp: Remek v\u00e1laszt\u00e1s azoknak, akik <strong>otthonos k\u00f6rnyezetet keresnek, \u00e9s nyugodtan szeretn\u00e9k felfedezni a helyi gasztron\u00f3miai sz\u00ednteret<\/strong> a Roman\u0103 t\u00e9r k\u00f6rny\u00e9k\u00e9n. <em><a href=\"https:\/\/www.stay22.com\/allez\/roam?aid=lukaskonecny&#038;campaign=loudavymkrokemcz&#038;campaign=kde-bydlet-v-bukuresti&#038;hotelname=MOXA%20Bucharest%20Boutique%20Hotel&#038;address=Bukure%C5%A1%C5%A5%2C%20Rumunsko\" target=\"_blank\" rel=\"nofollow noopener sponsored\">\u00e1rak \u00e9s el\u00e9rhet\u0151s\u00e9g ellen\u0151rz\u00e9se<\/a><\/em><\/p>\n\n\n\n<figure data-wp-context=\"{&quot;imageId&quot;:&quot;6a9c1d552e5d3&quot;}\" data-wp-interactive=\"core\/image\" data-wp-key=\"6a9c1d552e5d3\" class=\"wp-block-image size-full wp-lightbox-container\"><img decoding=\"async\" width=\"1024\" height=\"768\" data-wp-class--hide=\"state.isContentHidden\" data-wp-class--show=\"state.isContentVisible\" data-wp-init=\"callbacks.setButtonStyles\" data-wp-on--click=\"actions.showLightbox\" data-wp-on--load=\"callbacks.setButtonStyles\" data-wp-on--pointerdown=\"actions.preloadImage\" data-wp-on--pointerenter=\"actions.preloadImageWithDelay\" data-wp-on--pointerleave=\"actions.cancelPreload\" data-wp-on-window--resize=\"callbacks.setButtonStyles\" src=\"https:\/\/loudavymkrokem.cz\/wp-content\/uploads\/2026\/08\/novotel-bucharest-city-centre.jpg\" alt=\"Novotel Bucharest City Centre\" class=\"wp-image-410362\" title=\"\" srcset=\"https:\/\/loudavymkrokem.cz\/wp-content\/uploads\/2026\/08\/novotel-bucharest-city-centre.jpg 1024w, https:\/\/loudavymkrokem.cz\/wp-content\/uploads\/2026\/08\/novotel-bucharest-city-centre-300x225.jpg 300w, https:\/\/loudavymkrokem.cz\/wp-content\/uploads\/2026\/08\/novotel-bucharest-city-centre-700x525.jpg 700w, https:\/\/loudavymkrokem.cz\/wp-content\/uploads\/2026\/08\/novotel-bucharest-city-centre-768x576.jpg 768w, https:\/\/loudavymkrokem.cz\/wp-content\/uploads\/2026\/08\/novotel-bucharest-city-centre-80x60.jpg 80w, https:\/\/loudavymkrokem.cz\/wp-content\/uploads\/2026\/08\/novotel-bucharest-city-centre-160x120.jpg 160w, https:\/\/loudavymkrokem.cz\/wp-content\/uploads\/2026\/08\/novotel-bucharest-city-centre-696x522.jpg 696w\" sizes=\"(max-width: 1024px) 100vw, 1024px\" \/><button\n\t\t\tclass=\"lightbox-trigger\"\n\t\t\ttype=\"button\"\n\t\t\taria-haspopup=\"dialog\"\n\t\t\tdata-wp-bind--aria-label=\"state.thisImage.triggerButtonAriaLabel\"\n\t\t\tdata-wp-init=\"callbacks.initTriggerButton\"\n\t\t\tdata-wp-on--click=\"actions.showLightbox\"\n\t\t\tdata-wp-style--right=\"state.thisImage.buttonRight\"\n\t\t\tdata-wp-style--top=\"state.thisImage.buttonTop\"\n\t\t>\n\t\t\t<svg xmlns=\"http:\/\/www.w3.org\/2000\/svg\" width=\"12\" height=\"12\" fill=\"none\" viewBox=\"0 0 12 12\">\n\t\t\t\t<path fill=\"#fff\" d=\"M2 0a2 2 0 0 0-2 2v2h1.5V2a.5.5 0 0 1 .5-.5h2V0H2Zm2 10.5H2a.5.5 0 0 1-.5-.5V8H0v2a2 2 0 0 0 2 2h2v-1.5ZM8 12v-1.5h2a.5.5 0 0 0 .5-.5V8H12v2a2 2 0 0 1-2 2H8Zm2-12a2 2 0 0 1 2 2v2h-1.5V2a.5.5 0 0 0-.5-.5H8V0h2Z\" \/>\n\t\t\t<\/svg>\n\t\t<\/button><figcaption class=\"wp-element-caption\">Fot\u00f3: Novotel Bucharest City Centre \/ Google Maps<\/figcaption><\/figure>\n\n\n\n<h3 class=\"wp-block-heading\"><span class=\"ez-toc-section\" id=\"14_Novotel_Bucharest_City_Centre\"><\/span>14. Novotel Bucharest City Centre<span class=\"ez-toc-section-end\"><\/span><\/h3>\n\n\n\n<p class=\"wp-block-paragraph\">Most \u00e1tt\u00e9r\u00fcnk a k\u00f6z\u00e9pkateg\u00f3ri\u00e1ra, amely Bukarestben teljesen fantasztikus \u00e1r-\u00e9rt\u00e9k ar\u00e1nyt k\u00edn\u00e1l. Ez a <a href=\"https:\/\/www.stay22.com\/allez\/roam?aid=lukaskonecny&#038;campaign=loudavymkrokemcz&#038;campaign=kde-bydlet-v-bukuresti&#038;hotelname=Novotel%20Bucharest%20City%20Centre&#038;address=Bukure%C5%A1%C5%A5%2C%20Rumunsko\" target=\"_blank\" rel=\"noopener nofollow sponsored\">Novotel<\/a> 4,6-os \u00e9rt\u00e9kel\u00e9ssel egyenesen az elit Calea Victoriei utc\u00e1n \u00e1ll, a <strong>hotel bej\u00e1rati port\u00e1lja pedig a r\u00e9gi Nemzeti Sz\u00ednh\u00e1z homlokzat\u00e1nak csod\u00e1latos m\u00e1solata<\/strong>, amely kor\u00e1bban ezen a helyen \u00e1llt, ez \u00e9l\u0151ben t\u00e9nyleg impoz\u00e1nsan n\u00e9z ki.<\/p>\n\n\n\n<p class=\"wp-block-paragraph\">E m\u00f6g\u00f6tt a t\u00f6rt\u00e9nelmi homlokzat m\u00f6g\u00f6tt azonban egy <strong>modern, megb\u00edzhat\u00f3 hotel rejt\u0151zik a kedvelt l\u00e1ncb\u00f3l<\/strong>. A szob\u00e1k nagyon c\u00e9lszer\u0171en berendezettek, teljesen tiszt\u00e1k, a hotel pedig egy kisebb belt\u00e9ri medenc\u00e9t \u00e9s egy j\u00f3l felszerelt konditermet is k\u00edn\u00e1l a vend\u00e9geknek. A reggelik itt hagyom\u00e1nyosan b\u0151s\u00e9gesek, \u00e9s egy hatalmas b\u00fcf\u00e9asztal form\u00e1j\u00e1ban szolg\u00e1lj\u00e1k fel, ahol mindenki v\u00e1laszthat. Ismered a Novotel sz\u00ednvonal\u00e1t, \u00e9s pontosan azt kapod itt, csak \u00e9pp a v\u00e1ros egyik legszebb c\u00edm\u00e9n.<\/p>\n\n\n\n<p class=\"wp-block-paragraph\">\ud83d\udca1 Tipp: Ha <strong>teljes min\u0151s\u00e9gi garanci\u00e1t, kiv\u00e1l\u00f3 fekv\u00e9st keresel, \u00e9s nem szeretn\u00e9l \u00f3r\u00e1kat a v\u00e1logat\u00e1ssal t\u00f6lteni<\/strong>, a Novotel biztosan nem fog csal\u00f3d\u00e1st okozni.<\/p>\n\n\n\n<figure data-wp-context=\"{&quot;imageId&quot;:&quot;6a9c1d552f10f&quot;}\" data-wp-interactive=\"core\/image\" data-wp-key=\"6a9c1d552f10f\" class=\"wp-block-image size-full wp-lightbox-container\"><img decoding=\"async\" width=\"1600\" height=\"1067\" data-wp-class--hide=\"state.isContentHidden\" data-wp-class--show=\"state.isContentVisible\" data-wp-init=\"callbacks.setButtonStyles\" data-wp-on--click=\"actions.showLightbox\" data-wp-on--load=\"callbacks.setButtonStyles\" data-wp-on--pointerdown=\"actions.preloadImage\" data-wp-on--pointerenter=\"actions.preloadImageWithDelay\" data-wp-on--pointerleave=\"actions.cancelPreload\" data-wp-on-window--resize=\"callbacks.setButtonStyles\" src=\"https:\/\/loudavymkrokem.cz\/wp-content\/uploads\/2026\/08\/hilton-garden-inn-bucharest-old-town.jpg\" alt=\"Hilton Garden Inn Bucharest Old Town hotel\" class=\"wp-image-410364\" title=\"\" srcset=\"https:\/\/loudavymkrokem.cz\/wp-content\/uploads\/2026\/08\/hilton-garden-inn-bucharest-old-town.jpg 1600w, https:\/\/loudavymkrokem.cz\/wp-content\/uploads\/2026\/08\/hilton-garden-inn-bucharest-old-town-300x200.jpg 300w, https:\/\/loudavymkrokem.cz\/wp-content\/uploads\/2026\/08\/hilton-garden-inn-bucharest-old-town-700x467.jpg 700w, https:\/\/loudavymkrokem.cz\/wp-content\/uploads\/2026\/08\/hilton-garden-inn-bucharest-old-town-768x512.jpg 768w, https:\/\/loudavymkrokem.cz\/wp-content\/uploads\/2026\/08\/hilton-garden-inn-bucharest-old-town-1536x1024.jpg 1536w, https:\/\/loudavymkrokem.cz\/wp-content\/uploads\/2026\/08\/hilton-garden-inn-bucharest-old-town-696x464.jpg 696w, https:\/\/loudavymkrokem.cz\/wp-content\/uploads\/2026\/08\/hilton-garden-inn-bucharest-old-town-1392x928.jpg 1392w\" sizes=\"(max-width: 1600px) 100vw, 1600px\" \/><button\n\t\t\tclass=\"lightbox-trigger\"\n\t\t\ttype=\"button\"\n\t\t\taria-haspopup=\"dialog\"\n\t\t\tdata-wp-bind--aria-label=\"state.thisImage.triggerButtonAriaLabel\"\n\t\t\tdata-wp-init=\"callbacks.initTriggerButton\"\n\t\t\tdata-wp-on--click=\"actions.showLightbox\"\n\t\t\tdata-wp-style--right=\"state.thisImage.buttonRight\"\n\t\t\tdata-wp-style--top=\"state.thisImage.buttonTop\"\n\t\t>\n\t\t\t<svg xmlns=\"http:\/\/www.w3.org\/2000\/svg\" width=\"12\" height=\"12\" fill=\"none\" viewBox=\"0 0 12 12\">\n\t\t\t\t<path fill=\"#fff\" d=\"M2 0a2 2 0 0 0-2 2v2h1.5V2a.5.5 0 0 1 .5-.5h2V0H2Zm2 10.5H2a.5.5 0 0 1-.5-.5V8H0v2a2 2 0 0 0 2 2h2v-1.5ZM8 12v-1.5h2a.5.5 0 0 0 .5-.5V8H12v2a2 2 0 0 1-2 2H8Zm2-12a2 2 0 0 1 2 2v2h-1.5V2a.5.5 0 0 0-.5-.5H8V0h2Z\" \/>\n\t\t\t<\/svg>\n\t\t<\/button><figcaption class=\"wp-element-caption\">Fot\u00f3: Hilton Garden Inn Bucharest Old Town \/ Google Maps<\/figcaption><\/figure>\n\n\n\n<h3 class=\"wp-block-heading\"><span class=\"ez-toc-section\" id=\"15_Hilton_Garden_Inn_Bucharest_Old_Town\"><\/span>15. Hilton Garden Inn Bucharest Old Town<span class=\"ez-toc-section-end\"><\/span><\/h3>\n\n\n\n<p class=\"wp-block-paragraph\">Ez a kiv\u00e1l\u00f3 hotel 4,6-os \u00e9rt\u00e9kel\u00e9ssel <strong>zseni\u00e1lis p\u00e9ld\u00e1ja annak, hogyan v\u00e1lasszunk okosan fekv\u00e9st<\/strong>. A Strada Doamnei utc\u00e1n fekszik, ami pontosan az \u00d3v\u00e1ros hat\u00e1r\u00e1n van. Csak p\u00e1r l\u00e9p\u00e9s a legjobb m\u0171eml\u00e9kekhez \u00e9s \u00e9ttermekhez, de m\u00e1r nem vagy a legrosszabb \u00e9jszakai ricsaj epicentrum\u00e1ban.<\/p>\n\n\n\n<p class=\"wp-block-paragraph\">Az \u00e9p\u00fclet k\u00edv\u00fclr\u0151l gy\u00f6ny\u00f6r\u0171en t\u00f6rt\u00e9nelminek n\u00e9z ki, a belseje azonban <strong>teljesen modern, gy\u00f6ny\u00f6r\u0171en vil\u00e1gos \u00e9s f\u0151leg kiv\u00e1l\u00f3an hangszigetelt<\/strong>. A szob\u00e1kban a <a href=\"https:\/\/www.stay22.com\/allez\/roam?aid=lukaskonecny&#038;campaign=loudavymkrokemcz&#038;campaign=kde-bydlet-v-bukuresti&#038;hotelname=Hilton%20Garden%20Inn%20Bucharest%20Old%20Town&#038;address=Bukure%C5%A1%C5%A5%2C%20Rumunsko\" target=\"_blank\" rel=\"noopener nofollow sponsored\">Hilton<\/a> m\u00e1rka h\u00edres k\u00e9nyelmes \u00e1gyai \u00e9s ergonomikus munkasz\u00e9kek vannak, ha egy id\u0151re le kell \u00fcln\u00f6d a laptophoz. Ez egyszer\u0171en <strong>t\u00f6k\u00e9letes kompromisszum azoknak, akik az \u00d3v\u00e1rost r\u00f6gt\u00f6n a sarkon szeretn\u00e9k tudni<\/strong>, de \u00e9jszaka norm\u00e1lisan szeretn\u00e9nek aludni, f\u00fcldug\u00f3 felhelyez\u00e9se n\u00e9lk\u00fcl.<\/p>\n\n\n\n<p class=\"wp-block-paragraph\">\ud83d\udca1 Tipp: Bejelentkez\u00e9skor k\u00e9rj <strong>a bels\u0151 \u00e1triumra n\u00e9z\u0151 szob\u00e1t<\/strong>, \u00edgy teljes csendet szerzel a ny\u00fczsg\u0151 f\u0151v\u00e1ros k\u00f6zep\u00e9n is.<\/p>\n\n\n\n<figure data-wp-context=\"{&quot;imageId&quot;:&quot;6a9c1d552fee8&quot;}\" data-wp-interactive=\"core\/image\" data-wp-key=\"6a9c1d552fee8\" class=\"wp-block-image size-full wp-lightbox-container\"><img decoding=\"async\" width=\"635\" height=\"639\" data-wp-class--hide=\"state.isContentHidden\" data-wp-class--show=\"state.isContentVisible\" data-wp-init=\"callbacks.setButtonStyles\" data-wp-on--click=\"actions.showLightbox\" data-wp-on--load=\"callbacks.setButtonStyles\" data-wp-on--pointerdown=\"actions.preloadImage\" data-wp-on--pointerenter=\"actions.preloadImageWithDelay\" data-wp-on--pointerleave=\"actions.cancelPreload\" data-wp-on-window--resize=\"callbacks.setButtonStyles\" src=\"https:\/\/loudavymkrokem.cz\/wp-content\/uploads\/2026\/08\/hotel-capitol.jpg\" alt=\"Hotel Capitol\" class=\"wp-image-410366\" title=\"\" srcset=\"https:\/\/loudavymkrokem.cz\/wp-content\/uploads\/2026\/08\/hotel-capitol.jpg 635w, https:\/\/loudavymkrokem.cz\/wp-content\/uploads\/2026\/08\/hotel-capitol-298x300.jpg 298w, https:\/\/loudavymkrokem.cz\/wp-content\/uploads\/2026\/08\/hotel-capitol-150x150.jpg 150w\" sizes=\"(max-width: 635px) 100vw, 635px\" \/><button\n\t\t\tclass=\"lightbox-trigger\"\n\t\t\ttype=\"button\"\n\t\t\taria-haspopup=\"dialog\"\n\t\t\tdata-wp-bind--aria-label=\"state.thisImage.triggerButtonAriaLabel\"\n\t\t\tdata-wp-init=\"callbacks.initTriggerButton\"\n\t\t\tdata-wp-on--click=\"actions.showLightbox\"\n\t\t\tdata-wp-style--right=\"state.thisImage.buttonRight\"\n\t\t\tdata-wp-style--top=\"state.thisImage.buttonTop\"\n\t\t>\n\t\t\t<svg xmlns=\"http:\/\/www.w3.org\/2000\/svg\" width=\"12\" height=\"12\" fill=\"none\" viewBox=\"0 0 12 12\">\n\t\t\t\t<path fill=\"#fff\" d=\"M2 0a2 2 0 0 0-2 2v2h1.5V2a.5.5 0 0 1 .5-.5h2V0H2Zm2 10.5H2a.5.5 0 0 1-.5-.5V8H0v2a2 2 0 0 0 2 2h2v-1.5ZM8 12v-1.5h2a.5.5 0 0 0 .5-.5V8H12v2a2 2 0 0 1-2 2H8Zm2-12a2 2 0 0 1 2 2v2h-1.5V2a.5.5 0 0 0-.5-.5H8V0h2Z\" \/>\n\t\t\t<\/svg>\n\t\t<\/button><figcaption class=\"wp-element-caption\">Fot\u00f3: Hotel Capitol \/ Google Maps<\/figcaption><\/figure>\n\n\n\n<h3 class=\"wp-block-heading\"><span class=\"ez-toc-section\" id=\"16_Hotel_Capitol\"><\/span>16. Hotel Capitol<span class=\"ez-toc-section-end\"><\/span><\/h3>\n\n\n\n<p class=\"wp-block-paragraph\">Ha egy kicsit feszesebb a k\u00f6lts\u00e9gvet\u00e9sed, de m\u00e9gis \u00fagy szeretn\u00e9l lakni, mint egy nemes, a <a href=\"https:\/\/www.stay22.com\/allez\/roam?aid=lukaskonecny&#038;campaign=loudavymkrokemcz&#038;campaign=kde-bydlet-v-bukuresti&#038;hotelname=Hotel%20Capitol&#038;address=Bukure%C5%A1%C5%A5%2C%20Rumunsko\" target=\"_blank\" rel=\"noopener nofollow sponsored\">Hotel Capitol<\/a> 4,5-\u00f6s \u00e9rt\u00e9kel\u00e9ssel a te egy\u00e9rtelm\u0171 gy\u0151ztesed. Egy gy\u00f6ny\u00f6r\u0171, 20. sz\u00e1zad eleji \u00e9p\u00fcletben sz\u00e9kel, egyenesen a Calea Victoriei sug\u00e1r\u00faton, \u00e9s <strong>verhetetlen\u00fcl a legjobb \u00e1rat k\u00edn\u00e1lja egy ilyen rangos t\u00f6rt\u00e9nelmi c\u00edm\u00e9rt<\/strong>.<\/p>\n\n\n\n<p class=\"wp-block-paragraph\">A szob\u00e1k itt nagyon klasszikus st\u00edlusban vannak berendezve, neh\u00e9z sz\u0151nyegekkel \u00e9s massz\u00edv fab\u00fatorokkal. Ne v\u00e1rj semmif\u00e9le legmodernebb technikai cs\u00facsot vagy diz\u00e1jnbrav\u00fart, ink\u00e1bb a <strong>tisztess\u00e9ges, k\u00f6nnyed\u00e9n nosztalgikus r\u00e9gi id\u0151k hangulat\u00e1t<\/strong>. A f\u00f6ldszinten egy nagyon j\u00f3 \u00e9tterem m\u0171k\u00f6dik, ahol b\u0151s\u00e9ges reggeliket is felszolg\u00e1lnak. Egy nyugat-eur\u00f3pai \u00e1tlagos panzi\u00f3 \u00e1r\u00e1\u00e9rt itt <strong>n\u00e9gycsillagos szolg\u00e1ltat\u00e1st szerzel egyenesen a v\u00e1ros sz\u00edv\u00e9ben<\/strong>, ahonnan teljesen mindenhov\u00e1 eljutsz gyalog.<\/p>\n\n\n\n<p class=\"wp-block-paragraph\">\ud83d\udca1 Tipp: Remek v\u00e1laszt\u00e1s <strong>az akt\u00edv utaz\u00f3knak, akik eg\u00e9sz napjaikat kint t\u00f6ltik<\/strong>, a ny\u00fczsg\u00e9s k\u00f6zep\u00e9n szeretn\u00e9nek aludni, de nem akarnak egy vagyont k\u00f6lteni a hotelre.<\/p>\n\n\n\n<figure data-wp-context=\"{&quot;imageId&quot;:&quot;6a9c1d55306e5&quot;}\" data-wp-interactive=\"core\/image\" data-wp-key=\"6a9c1d55306e5\" class=\"wp-block-image size-full wp-lightbox-container\"><img decoding=\"async\" width=\"1600\" height=\"900\" data-wp-class--hide=\"state.isContentHidden\" data-wp-class--show=\"state.isContentVisible\" data-wp-init=\"callbacks.setButtonStyles\" data-wp-on--click=\"actions.showLightbox\" data-wp-on--load=\"callbacks.setButtonStyles\" data-wp-on--pointerdown=\"actions.preloadImage\" data-wp-on--pointerenter=\"actions.preloadImageWithDelay\" data-wp-on--pointerleave=\"actions.cancelPreload\" data-wp-on-window--resize=\"callbacks.setButtonStyles\" src=\"https:\/\/loudavymkrokem.cz\/wp-content\/uploads\/2026\/08\/ibis-styles-bucharest-erbas.jpg\" alt=\"ibis Styles Bucharest Erbas hotel\" class=\"wp-image-410368\" title=\"\" srcset=\"https:\/\/loudavymkrokem.cz\/wp-content\/uploads\/2026\/08\/ibis-styles-bucharest-erbas.jpg 1600w, https:\/\/loudavymkrokem.cz\/wp-content\/uploads\/2026\/08\/ibis-styles-bucharest-erbas-300x169.jpg 300w, https:\/\/loudavymkrokem.cz\/wp-content\/uploads\/2026\/08\/ibis-styles-bucharest-erbas-700x394.jpg 700w, https:\/\/loudavymkrokem.cz\/wp-content\/uploads\/2026\/08\/ibis-styles-bucharest-erbas-768x432.jpg 768w, https:\/\/loudavymkrokem.cz\/wp-content\/uploads\/2026\/08\/ibis-styles-bucharest-erbas-1536x864.jpg 1536w, https:\/\/loudavymkrokem.cz\/wp-content\/uploads\/2026\/08\/ibis-styles-bucharest-erbas-696x392.jpg 696w, https:\/\/loudavymkrokem.cz\/wp-content\/uploads\/2026\/08\/ibis-styles-bucharest-erbas-1392x783.jpg 1392w\" sizes=\"(max-width: 1600px) 100vw, 1600px\" \/><button\n\t\t\tclass=\"lightbox-trigger\"\n\t\t\ttype=\"button\"\n\t\t\taria-haspopup=\"dialog\"\n\t\t\tdata-wp-bind--aria-label=\"state.thisImage.triggerButtonAriaLabel\"\n\t\t\tdata-wp-init=\"callbacks.initTriggerButton\"\n\t\t\tdata-wp-on--click=\"actions.showLightbox\"\n\t\t\tdata-wp-style--right=\"state.thisImage.buttonRight\"\n\t\t\tdata-wp-style--top=\"state.thisImage.buttonTop\"\n\t\t>\n\t\t\t<svg xmlns=\"http:\/\/www.w3.org\/2000\/svg\" width=\"12\" height=\"12\" fill=\"none\" viewBox=\"0 0 12 12\">\n\t\t\t\t<path fill=\"#fff\" d=\"M2 0a2 2 0 0 0-2 2v2h1.5V2a.5.5 0 0 1 .5-.5h2V0H2Zm2 10.5H2a.5.5 0 0 1-.5-.5V8H0v2a2 2 0 0 0 2 2h2v-1.5ZM8 12v-1.5h2a.5.5 0 0 0 .5-.5V8H12v2a2 2 0 0 1-2 2H8Zm2-12a2 2 0 0 1 2 2v2h-1.5V2a.5.5 0 0 0-.5-.5H8V0h2Z\" \/>\n\t\t\t<\/svg>\n\t\t<\/button><figcaption class=\"wp-element-caption\">Fot\u00f3: ibis Styles Bucharest Erbas \/ Google Maps<\/figcaption><\/figure>\n\n\n\n<h3 class=\"wp-block-heading\"><span class=\"ez-toc-section\" id=\"17_ibis_Styles_Bucharest_Erbas\"><\/span>17. ibis Styles Bucharest Erbas<span class=\"ez-toc-section-end\"><\/span><\/h3>\n\n\n\n<p class=\"wp-block-paragraph\">\u00c1tt\u00e9r\u00fcnk a legolcs\u00f3bb, de m\u00e9g mindig magas min\u0151s\u00e9g\u0171 lehet\u0151s\u00e9gek kateg\u00f3ri\u00e1j\u00e1ra. Ez az <a href=\"https:\/\/www.stay22.com\/allez\/roam?aid=lukaskonecny&#038;campaign=loudavymkrokemcz&#038;campaign=kde-bydlet-v-bukuresti&#038;hotelname=ibis%20Styles%20Bucharest%20Erbas&#038;address=Bukure%C5%A1%C5%A5%2C%20Rumunsko\" target=\"_blank\" rel=\"noopener nofollow sponsored\">ibis Styles<\/a> a remek 4,8-as \u00e9rt\u00e9kel\u00e9ssel meglep\u0151 m\u00f3don <strong>az eg\u00e9sz v\u00e1ros legjobban \u00e9rt\u00e9kelt l\u00e1ncsz\u00e1llod\u00e1ja<\/strong>. Hatalmas siker\u00e9nek \u00e9s alacsony \u00e1r\u00e1nak a titka a fekv\u00e9s\u00e9ben rejlik: a Floreasca v\u00e1rosr\u00e9szben fekszik ugyanis.<\/p>\n\n\n\n<p class=\"wp-block-paragraph\">Nem t\u00f6rt\u00e9nelmi m\u0171eml\u00e9kek mellett fogsz teh\u00e1t lakni, hanem egy modern, tiszta \u00fczleti z\u00f3n\u00e1ban. A hotelnek <strong>nagyon sz\u00f3rakoztat\u00f3 ipari diz\u00e1jnja<\/strong>, ragyog\u00f3 sz\u00ednei \u00e9s hihetetlen\u00fcl k\u00e9nyelmes \u00e1gyai vannak. A reggeli gyakran m\u00e1r az alap\u00e1rban benne van, a helyi szem\u00e9lyzet pedig hihetetlen\u00fcl kedves \u00e9s seg\u00edt\u0151k\u00e9sz. A belv\u00e1rosba ugyan nem s\u00e9t\u00e1lsz el gyalog, de a <strong>metr\u00f3\u00e1llom\u00e1s egy karny\u00fajt\u00e1snyira van a hotelt\u0151l<\/strong>, \u00e9s egyenesen az Egyetem t\u00e9rre nagyj\u00e1b\u00f3l 15 perc alatt eljutsz mindenf\u00e9le bonyolult \u00e1tsz\u00e1ll\u00e1s n\u00e9lk\u00fcl.<\/p>\n\n\n\n<p class=\"wp-block-paragraph\">\ud83d\udca1 Tipp: Ha nem zavar a <strong>r\u00f6vid metr\u00f3s ing\u00e1z\u00e1s<\/strong>, itt rengeteg p\u00e9nzt sp\u00f3rolsz, \u00e9s olyan min\u0151s\u00e9get kapsz, amely felveszi a versenyt a sokkal dr\u00e1g\u00e1bb belv\u00e1rosi hotelekkel.<\/p>\n\n\n\n<figure data-wp-context=\"{&quot;imageId&quot;:&quot;6a9c1d5530fa8&quot;}\" data-wp-interactive=\"core\/image\" data-wp-key=\"6a9c1d5530fa8\" class=\"wp-block-image size-full wp-lightbox-container\"><img decoding=\"async\" width=\"1280\" height=\"960\" data-wp-class--hide=\"state.isContentHidden\" data-wp-class--show=\"state.isContentVisible\" data-wp-init=\"callbacks.setButtonStyles\" data-wp-on--click=\"actions.showLightbox\" data-wp-on--load=\"callbacks.setButtonStyles\" data-wp-on--pointerdown=\"actions.preloadImage\" data-wp-on--pointerenter=\"actions.preloadImageWithDelay\" data-wp-on--pointerleave=\"actions.cancelPreload\" data-wp-on-window--resize=\"callbacks.setButtonStyles\" src=\"https:\/\/loudavymkrokem.cz\/wp-content\/uploads\/2026\/08\/t5-social.jpg\" alt=\"T5 Social sz\u00e1ll\u00e1s\" class=\"wp-image-410370\" title=\"\" srcset=\"https:\/\/loudavymkrokem.cz\/wp-content\/uploads\/2026\/08\/t5-social.jpg 1280w, https:\/\/loudavymkrokem.cz\/wp-content\/uploads\/2026\/08\/t5-social-300x225.jpg 300w, https:\/\/loudavymkrokem.cz\/wp-content\/uploads\/2026\/08\/t5-social-700x525.jpg 700w, https:\/\/loudavymkrokem.cz\/wp-content\/uploads\/2026\/08\/t5-social-768x576.jpg 768w, https:\/\/loudavymkrokem.cz\/wp-content\/uploads\/2026\/08\/t5-social-80x60.jpg 80w, https:\/\/loudavymkrokem.cz\/wp-content\/uploads\/2026\/08\/t5-social-160x120.jpg 160w, https:\/\/loudavymkrokem.cz\/wp-content\/uploads\/2026\/08\/t5-social-696x522.jpg 696w\" sizes=\"(max-width: 1280px) 100vw, 1280px\" \/><button\n\t\t\tclass=\"lightbox-trigger\"\n\t\t\ttype=\"button\"\n\t\t\taria-haspopup=\"dialog\"\n\t\t\tdata-wp-bind--aria-label=\"state.thisImage.triggerButtonAriaLabel\"\n\t\t\tdata-wp-init=\"callbacks.initTriggerButton\"\n\t\t\tdata-wp-on--click=\"actions.showLightbox\"\n\t\t\tdata-wp-style--right=\"state.thisImage.buttonRight\"\n\t\t\tdata-wp-style--top=\"state.thisImage.buttonTop\"\n\t\t>\n\t\t\t<svg xmlns=\"http:\/\/www.w3.org\/2000\/svg\" width=\"12\" height=\"12\" fill=\"none\" viewBox=\"0 0 12 12\">\n\t\t\t\t<path fill=\"#fff\" d=\"M2 0a2 2 0 0 0-2 2v2h1.5V2a.5.5 0 0 1 .5-.5h2V0H2Zm2 10.5H2a.5.5 0 0 1-.5-.5V8H0v2a2 2 0 0 0 2 2h2v-1.5ZM8 12v-1.5h2a.5.5 0 0 0 .5-.5V8H12v2a2 2 0 0 1-2 2H8Zm2-12a2 2 0 0 1 2 2v2h-1.5V2a.5.5 0 0 0-.5-.5H8V0h2Z\" \/>\n\t\t\t<\/svg>\n\t\t<\/button><figcaption class=\"wp-element-caption\">Fot\u00f3: T5 Social \/ Google Maps<\/figcaption><\/figure>\n\n\n\n<h3 class=\"wp-block-heading\"><span class=\"ez-toc-section\" id=\"18_T5_Social\"><\/span>18. T5 Social<span class=\"ez-toc-section-end\"><\/span><\/h3>\n\n\n\n<p class=\"wp-block-paragraph\">A legv\u00e9g\u00e9re egy tippet tartogatok a h\u00e1tizs\u00e1kosoknak \u00e9s a sz\u00f3l\u00f3utaz\u00f3knak. A <a href=\"https:\/\/www.stay22.com\/allez\/roam?aid=lukaskonecny&#038;campaign=loudavymkrokemcz&#038;campaign=kde-bydlet-v-bukuresti&#038;hotelname=T5%20Social&#038;address=Bukure%C5%A1%C5%A5%2C%20Rumunsko\" target=\"_blank\" rel=\"noopener nofollow sponsored\">T5 Social<\/a> a Strada Olimpului utc\u00e1n 4,7-es \u00e9rt\u00e9kel\u00e9ssel verhetetlen\u00fcl <strong>a legjobban \u00e9rt\u00e9kelt hostel Bukarestben<\/strong>. Ez ugyanis nem csak egy egyszer\u0171 hely az olcs\u00f3 \u00e9jszak\u00e1z\u00e1shoz, hanem egy remek k\u00f6z\u00f6ss\u00e9gk\u00e9nt m\u0171k\u00f6dik.<\/p>\n\n\n\n<p class=\"wp-block-paragraph\">K\u00edn\u00e1l olcs\u00f3 \u00e1gyakat a k\u00f6z\u00f6s szob\u00e1kban, de <strong>nagyon sz\u00e9p \u00e9s tiszta mag\u00e1nszob\u00e1kat<\/strong> is. Rendelkez\u00e9sre \u00e1ll egy teljesen felszerelt konyha, egy rendk\u00edv\u00fcl hangulatos k\u00e1v\u00e9z\u00f3 \u00e9s egy kis kert, ahol este a vil\u00e1g minden t\u00e1j\u00e1r\u00f3l \u00e9rkez\u0151 utaz\u00f3k tal\u00e1lkoznak, \u00e9s megosztj\u00e1k egym\u00e1ssal az \u00e9lm\u00e9nyeiket. Kicsit d\u00e9lre fekszik a belv\u00e1rost\u00f3l, a <strong>Parlament palot\u00e1j\u00e1hoz vagy a nagy Unirii t\u00e9rhez gyalog nagyj\u00e1b\u00f3l h\u00fasz perc alatt eljutsz<\/strong>. A hangulat itt teljesen fesztelen, biztons\u00e1gos \u00e9s nagyon bar\u00e1ts\u00e1gos.<\/p>\n\n\n\n<p class=\"wp-block-paragraph\">\ud83d\udca1 Tipp: Ha egyed\u00fcl utazol, \u00e9s <strong>k\u00f6nnyen szeretn\u00e9l \u00faj embereket megismerni<\/strong>, Bukarestben nem tal\u00e1lsz bar\u00e1ts\u00e1gosabb \u00e9s olcs\u00f3bb h\u00e1tteret.<\/p>\n\n\n\n<h2 class=\"wp-block-heading\"><span class=\"ez-toc-section\" id=\"Hogyan_valaszd_ki_a_megfelelo_hotelt\"><\/span>Hogyan v\u00e1laszd ki a megfelel\u0151 hotelt<span class=\"ez-toc-section-end\"><\/span><\/h2>\n\n\n\n<p class=\"wp-block-paragraph\">Ha m\u00e9g mindig nem tudsz d\u00f6nteni, megpr\u00f3b\u00e1lom leegyszer\u0171s\u00edteni annak alapj\u00e1n, hogy <strong>milyen t\u00edpus\u00fa utaz\u00e1st<\/strong> tervezel val\u00f3j\u00e1ban. Bukarest hatalmasan soksz\u00edn\u0171, \u00e9s ami az egyiknek remek\u00fcl megfelel, az a m\u00e1siknak <strong>kellemetlen csal\u00f3d\u00e1st<\/strong> okozhat.<\/p>\n\n\n\n<p class=\"wp-block-paragraph\"><strong>A romantikus kettesben t\u00f6lt\u00f6tt h\u00e9tv\u00e9g\u00e9re<\/strong> egy\u00e9rtelm\u0171en a t\u00f6rt\u00e9nelmi ikonokat aj\u00e1nlom, amelyeknek \u00f6sszet\u00e9veszthetetlen a hangulatuk. Az olyan hotelek, mint a <strong>The Marmorosch<\/strong> vagy a <strong>Grand Hotel Continental<\/strong>, leny\u0171g\u00f6z\u0151 k\u00f6rnyezetet, remek sp\u00e1t \u00e9s igazi luxus\u00e9rz\u00e9st k\u00edn\u00e1lnak, ami m\u00e1shol Eur\u00f3p\u00e1ban a h\u00e1romszoros\u00e1ba ker\u00fclne. Este pedig indulhatsz egy hossz\u00fa s\u00e9t\u00e1ra a gy\u00f6ny\u00f6r\u0171en kivil\u00e1g\u00edtott Calea Victoriei sug\u00e1r\u00faton.<\/p>\n\n\n\n<p class=\"wp-block-paragraph\"><strong>Ha gyerekekkel utazol<\/strong>, a siker kulcsa a b\u0151s\u00e9ges t\u00e9r \u00e9s ide\u00e1lis esetben egy medence. A <strong>Radisson Blu<\/strong> ebb\u0151l a szempontb\u00f3l abszol\u00fat \u00e9s egy\u00e9rtelm\u0171 gy\u0151ztes. A d\u00e9lut\u00e1nod megoldva, a gyerekek elfoglalj\u00e1k magukat a v\u00edzben, te pedig v\u00e9gre le\u00fclhetsz.<\/p>\n\n\n\n<p class=\"wp-block-paragraph\"><strong>Azoknak, akik jelent\u0151sen sp\u00f3rolni szeretn\u00e9nek<\/strong>, de nem szeretn\u00e9nek k\u00f6z\u00f6s hostelben lakni, a legnagyobb \u00e9rtelme a teljesen belv\u00e1rosi fekv\u00e9s fel\u00e1ldoz\u00e1s\u00e1nak van. Ha egy metr\u00f3\u00e1llom\u00e1s k\u00f6zeli sz\u00e1ll\u00e1st v\u00e1lasztasz a modern Floreasca v\u00e1rosr\u00e9szben (mint az eml\u00edtett <strong>ibis Styles<\/strong>), t\u00f6bb t\u00edzezer forintot sp\u00f3rolsz, a belv\u00e1rosba pedig k\u00e9nyelmesen negyed \u00f3ra alatt be\u00e9rsz. Mindig gondosan ellen\u0151rizd viszont, hogy a metr\u00f3\u00e1llom\u00e1s t\u00e9nyleg gyalogt\u00e1vols\u00e1gra van-e, a v\u00e9gtelen bukaresti buszos dug\u00f3kat ugyanis t\u00e9nyleg nem szeretn\u00e9d \u00e1t\u00e9lni.<\/p>\n\n\n\n<h2 class=\"wp-block-heading\"><span class=\"ez-toc-section\" id=\"Hova_tovabb\"><\/span>Hov\u00e1 tov\u00e1bb<span class=\"ez-toc-section-end\"><\/span><\/h2>\n\n\n\n<ul class=\"wp-block-list\">\n\n<li><a href=\"https:\/\/loudavymkrokem.cz\/?p=407628\">Mit \u00e9rdemes megn\u00e9zni Bukarestben<\/a><\/li>\n\n\n\n<li><a href=\"https:\/\/loudavymkrokem.cz\/hu\/romania-utazas-kutyak-utak\/\">Rom\u00e1nia: A kuty\u00e1k itt olyanok, mint az elh\u00edzott galambok<\/a><\/li>\n\n\n\n<li><a href=\"https:\/\/loudavymkrokem.cz\/hu\/romania-nemzeti-hobbi\/\">Rom\u00e1nia: Nemzeti hobbi \u2013 \u00fcld\u00f6g\u00e9l\u00e9s \u00e9s b\u00e1m\u00e9szkod\u00e1s<\/a><\/li>\n\n\n\n<li><a href=\"https:\/\/loudavymkrokem.cz\/hu\/romania-utazas-elmenyek\/\">Rom\u00e1nia: Csak ott tiszta, ahol az EU fizet<\/a><\/li>\n\n\n\n<li><a href=\"https:\/\/loudavymkrokem.cz\/hu\/becs-latnivalok-tippek\/\">Mit \u00e9rdemes megn\u00e9zni B\u00e9csben<\/a><\/li>\n\n\n\n<li><a href=\"https:\/\/loudavymkrokem.cz\/kde-bydlet-ve-vidni\/\">Hol sz\u00e1llj meg B\u00e9csben<\/a><\/li>\n\n\n<\/ul>\n\n\n\n<h2 class=\"wp-block-heading\"><span class=\"ez-toc-section\" id=\"Gyakran_ismetelt_kerdesek\"><\/span>Gyakran ism\u00e9telt k\u00e9rd\u00e9sek<span class=\"ez-toc-section-end\"><\/span><\/h2>\n\n\n\n<p class=\"wp-block-paragraph\">\u00cdme a v\u00e1laszok a leggyakoribb k\u00e9rd\u00e9sekre, amelyeket az utaz\u00e1s el\u0151tt megoldasz. Bukarestnek az\u00e9rt van p\u00e1r saj\u00e1toss\u00e1ga, amelyekre \u00e9rdemes felk\u00e9sz\u00fclni.<\/p>\n\n\n<div id=\"rank-math-faq\" class=\"rank-math-block\">\n<div class=\"rank-math-list \">\n<div id=\"faq-question-1788198678000\" class=\"rank-math-list-item\">\n<h3 class=\"rank-math-question \"><span class=\"ez-toc-section\" id=\"Mivel_fizetnek_Romaniaban_Szuksegem_van_eurora\"><\/span>Mivel fizetnek Rom\u00e1ni\u00e1ban? Sz\u00fcks\u00e9gem van eur\u00f3ra?<span class=\"ez-toc-section-end\"><\/span><\/h3>\n<div class=\"rank-math-answer \">\n\n<p>Rom\u00e1ni\u00e1ban <strong>kiz\u00e1r\u00f3lag rom\u00e1n lejjel lehet fizetni (t\u00f6bbes sz\u00e1m: lei, r\u00f6vid\u00edt\u00e9s: RON)<\/strong>. Az eur\u00f3t nem fogadj\u00e1k el a szok\u00e1sos \u00fczletekben \u00e9s \u00e9ttermekben. A legt\u00f6bb sz\u00e1llod\u00e1ban \u00e9s \u00e9tteremben gond n\u00e9lk\u00fcl fizethetsz k\u00e1rty\u00e1val, de egy kis k\u00e9szp\u00e9nz lei-ben biztosan j\u00f3l fog j\u00f6nni apr\u00f3bb v\u00e1s\u00e1rl\u00e1sokhoz vagy jegyekhez.<\/p>\n\n<\/div>\n<\/div>\n<div id=\"faq-question-1788198678001\" class=\"rank-math-list-item\">\n<h3 class=\"rank-math-question \"><span class=\"ez-toc-section\" id=\"Hogyan_jutok_el_a_repuloterrol_a_kozpontba\"><\/span>Hogyan jutok el a rep\u00fcl\u0151t\u00e9rr\u0151l a k\u00f6zpontba?<span class=\"ez-toc-section-end\"><\/span><\/h3>\n<div class=\"rank-math-answer \">\n\n<p>A legolcs\u00f3bb \u00e9s legpraktikusabb az <a href=\"https:\/\/stbsa.ro\/\" rel=\"nofollow noopener\" target=\"_blank\">Expres 100 busz<\/a>, amely a nap 24 \u00f3r\u00e1j\u00e1ban k\u00f6zlekedik (nappal 15 percenk\u00e9nt, \u00e9jszaka f\u00e9l\u00f3r\u00e1nk\u00e9nt). A jegy mind\u00f6ssze <strong>3,5 lei<\/strong>-be ker\u00fcl, \u00e9s eg\u00e9szen az Unirii t\u00e9rig elvisz. M\u00e1sik remek lehet\u0151s\u00e9g a <a href=\"https:\/\/cfrcalatori.ro\/\" rel=\"nofollow noopener\" target=\"_blank\">vonat a Gara de Nord f\u0151p\u00e1lyaudvarhoz<\/a>, amely 30 percenk\u00e9nt j\u00e1r, \u00e9s az utaz\u00e1s <strong>pontosan 21 percig<\/strong> tart.<\/p>\n\n<\/div>\n<\/div>\n<div id=\"faq-question-1788198678002\" class=\"rank-math-list-item\">\n<h3 class=\"rank-math-question \"><span class=\"ez-toc-section\" id=\"Mire_kell_figyelni_a_taxiknal\"><\/span>Mire kell figyelni a taxikn\u00e1l?<span class=\"ez-toc-section-end\"><\/span><\/h3>\n<div class=\"rank-math-answer \">\n\n<p>A k\u00f6zvetlen\u00fcl <a href=\"https:\/\/www.bucharestairports.ro\/\" rel=\"nofollow noopener\" target=\"_blank\">a rep\u00fcl\u0151t\u00e9r el\u0151tt<\/a> v\u00e1rakoz\u00f3 taxisok ismert turistacsapda, mert gyakran pr\u00f3b\u00e1lkoznak tr\u00fckk\u00f6kkel, manipul\u00e1lt taxam\u00e9terrel vagy hi\u00e1nyz\u00f3 apr\u00f3p\u00e9nzzel. <strong>Mindig a rep\u00fcl\u0151t\u00e9ri termin\u00e1l belsej\u00e9ben l\u00e9v\u0151 \u00e9rint\u0151k\u00e9perny\u0151s kioszkok szolg\u00e1ltat\u00e1s\u00e1t vedd ig\u00e9nybe.<\/strong> Ezek rendelkez\u00e9sedre bocs\u00e1tanak egy enged\u00e9llyel rendelkez\u0151 j\u00e1rm\u0171vet norm\u00e1l \u00e1ron, \u00e9s kinyomtatnak egy c\u00e9dul\u00e1t a rendsz\u00e1mmal. A mobilapplik\u00e1ci\u00f3k is kiv\u00e1l\u00f3an m\u0171k\u00f6dnek itt.<\/p>\n\n<\/div>\n<\/div>\n<div id=\"faq-question-1788198678003\" class=\"rank-math-list-item\">\n<h3 class=\"rank-math-question \"><span class=\"ez-toc-section\" id=\"Biztonsagos_kozvetlenul_az_Ovarosban_lakni\"><\/span>Biztons\u00e1gos k\u00f6zvetlen\u00fcl az \u00d3v\u00e1rosban lakni?<span class=\"ez-toc-section-end\"><\/span><\/h3>\n<div class=\"rank-math-answer \">\n\n<p>A b\u0171n\u00f6z\u00e9s szempontj\u00e1b\u00f3l igen, Bukarest meglehet\u0151sen biztons\u00e1gos v\u00e1ros. Az \u00d3v\u00e1ros (Lipscani) f\u0151 probl\u00e9m\u00e1ja a <strong>rendk\u00edv\u00fcli zaj<\/strong>. A b\u00e1rok hangos zen\u00e9t j\u00e1tszanak rendszeresen hajnali h\u00e1romig vagy n\u00e9gyig. Ha nincs igaz\u00e1n j\u00f3l hangszigetelt sz\u00e1llod\u00e1d, egyszer\u0171en nem fogsz tudni aludni. Este jobban figyelj oda a zsebtolvajokra is a t\u00f6megben.<\/p>\n\n<\/div>\n<\/div>\n<div id=\"faq-question-1788198678004\" class=\"rank-math-list-item\">\n<h3 class=\"rank-math-question \"><span class=\"ez-toc-section\" id=\"Szuksegem_van_utlevelre_Romaniaba\"><\/span>Sz\u00fcks\u00e9gem van \u00fatlev\u00e9lre Rom\u00e1ni\u00e1ba?<span class=\"ez-toc-section-end\"><\/span><\/h3>\n<div class=\"rank-math-answer \">\n\n<p>2025. janu\u00e1r 1-t\u0151l Rom\u00e1nia <strong>teljes jog\u00fa tagja a schengeni \u00f6vezetnek<\/strong>. Ha teh\u00e1t Magyarorsz\u00e1gr\u00f3l vagy m\u00e1s schengeni orsz\u00e1gb\u00f3l rep\u00fclsz, nem v\u00e1r r\u00e1d \u00e9rkez\u00e9skor hosszadalmas \u00fatlev\u00e9l-ellen\u0151rz\u00e9s, \u00e9s elegend\u0151 egy \u00e9rv\u00e9nyes szem\u00e9lyi igazolv\u00e1ny.<\/p>\n\n<\/div>\n<\/div>\n<div id=\"faq-question-1788198678005\" class=\"rank-math-list-item\">\n<h3 class=\"rank-math-question \"><span class=\"ez-toc-section\" id=\"Tudok_vegetarianuskent_etkezni_Bukarestben\"><\/span>Tudok veget\u00e1ri\u00e1nusk\u00e9nt \u00e9tkezni Bukarestben?<span class=\"ez-toc-section-end\"><\/span><\/h3>\n<div class=\"rank-math-answer \">\n\n<p>A rom\u00e1n hagyom\u00e1nyos konyha nagyon h\u00fasos (a helyi specialit\u00e1s p\u00e9ld\u00e1ul a h\u00fasos <em>mici<\/em> vagy a t\u00f6lt\u00f6tt k\u00e1posztatekercset, a <em>sarmale<\/em>), de a veget\u00e1ri\u00e1nusok biztosan nem fognak \u00e9hen halni. Aj\u00e1nlom, hogy k\u00f3stold meg a fantasztikus <strong>m\u0103m\u0103lig\u0103-t (hagyom\u00e1nyos kukoricak\u00e1s\u00e1t) juht\u00far\u00f3val \u00e9s tejf\u00f6llel<\/strong>, a kit\u0171n\u0151 z\u00f6lds\u00e9gkr\u00e9met, a <em>zacusc\u0103<\/em>-t, a padlizs\u00e1nsal\u00e1t\u00e1t, a <em>salat\u0103 de vinete<\/em>-t, \u00e9s desszertnek mindenk\u00e9ppen k\u00f3stold meg az isteni t\u00far\u00f3s f\u00e1nkot, a <em>papana\u0219i<\/em>-t.<\/p>\n\n<\/div>\n<\/div>\n<div id=\"faq-question-1788198678006\" class=\"rank-math-list-item\">\n<h3 class=\"rank-math-question \"><span class=\"ez-toc-section\" id=\"Bukarestben_ivhato_a_csapviz\"><\/span>Bukarestben ivhat\u00f3 a csapv\u00edz?<span class=\"ez-toc-section-end\"><\/span><\/h3>\n<div class=\"rank-math-answer \">\n\n<p>Igen, a csapv\u00edz Bukarestben teljesen biztons\u00e1gosan ivhat\u00f3 \u00e9s higi\u00e9niai ellen\u0151rz\u00e9s alatt \u00e1ll. Viszont lehet <strong>enyh\u00e9n kl\u00f3ros \u00edze<\/strong>, ez\u00e9rt sok helyi \u00e9s turista ink\u00e1bb azt r\u00e9szes\u00edti el\u0151nyben, hogy palackozott vizet v\u00e1s\u00e1rol, amely az \u00fczletekben szerencs\u00e9re nagyon olcs\u00f3.<\/p>\n\n<\/div>\n<\/div>\n<\/div>\n<\/div>","protected":false},"excerpt":{"rendered":"<p>Bukarestbe k\u00e9sz\u00fclsz, Rom\u00e1ni\u00e1ba? Tudd meg, mi\u00e9rt \u00e9rdemes elker\u00fclni az \u00d3v\u00e1rost, \u00e9s fedezd fel a 18 legjobb hotelt a t\u00f6rt\u00e9nelmi palot\u00e1kt\u00f3l a modern butikokig.<\/p>\n","protected":false},"author":3,"featured_media":410376,"comment_status":"open","ping_status":"open","sticky":false,"template":"","format":"standard","meta":{"_acf_changed":false,"footnotes":"","rank_math_title":"Hol sz\u00e1llj meg Bukarest, Rom\u00e1nia: 18 legjobb hotel","rank_math_description":"Bukarest, Rom\u00e1nia sz\u00e1ll\u00e1sai olcs\u00f3bbak, mint hinn\u00e9d. Fedezd fel a 18 legjobb hotelt \u00e9s v\u00e1rosr\u00e9szt, \u00e9s tudd meg, mi\u00e9rt ker\u00fcld el az \u00d3v\u00e1rost. N\u00e9zd meg most!","rank_math_focus_keyword":"bukarest rom\u00e1nia","rank_math_seo_score":""},"categories":[1804,1844,1788],"tags":[],"class_list":["post-417243","post","type-post","status-publish","format-standard","has-post-thumbnail","category-europa","category-romania","category-utazas"],"acf":[],"featured_image_src":"https:\/\/loudavymkrokem.cz\/wp-content\/uploads\/2026\/08\/palac-parlamentu-v-bukuresti-18f968ae.jpg","author_info":{"display_name":"Lucie Kone\u010dn\u00e1","author_link":"https:\/\/loudavymkrokem.cz\/hu\/author\/lucie-konecna\/"},"_links":{"self":[{"href":"https:\/\/loudavymkrokem.cz\/hu\/wp-json\/wp\/v2\/posts\/417243","targetHints":{"allow":["GET"]}}],"collection":[{"href":"https:\/\/loudavymkrokem.cz\/hu\/wp-json\/wp\/v2\/posts"}],"about":[{"href":"https:\/\/loudavymkrokem.cz\/hu\/wp-json\/wp\/v2\/types\/post"}],"author":[{"embeddable":true,"href":"https:\/\/loudavymkrokem.cz\/hu\/wp-json\/wp\/v2\/users\/3"}],"replies":[{"embeddable":true,"href":"https:\/\/loudavymkrokem.cz\/hu\/wp-json\/wp\/v2\/comments?post=417243"}],"version-history":[{"count":3,"href":"https:\/\/loudavymkrokem.cz\/hu\/wp-json\/wp\/v2\/posts\/417243\/revisions"}],"predecessor-version":[{"id":417246,"href":"https:\/\/loudavymkrokem.cz\/hu\/wp-json\/wp\/v2\/posts\/417243\/revisions\/417246"}],"wp:featuredmedia":[{"embeddable":true,"href":"https:\/\/loudavymkrokem.cz\/hu\/wp-json\/wp\/v2\/media\/410376"}],"wp:attachment":[{"href":"https:\/\/loudavymkrokem.cz\/hu\/wp-json\/wp\/v2\/media?parent=417243"}],"wp:term":[{"taxonomy":"category","embeddable":true,"href":"https:\/\/loudavymkrokem.cz\/hu\/wp-json\/wp\/v2\/categories?post=417243"},{"taxonomy":"post_tag","embeddable":true,"href":"https:\/\/loudavymkrokem.cz\/hu\/wp-json\/wp\/v2\/tags?post=417243"}],"curies":[{"name":"wp","href":"https:\/\/api.w.org\/{rel}","templated":true}]}}