{"id":417240,"date":"2026-09-03T21:20:49","date_gmt":"2026-09-03T19:20:49","guid":{"rendered":"https:\/\/loudavymkrokem.cz\/neszebar-bulgaria-latnivalok\/"},"modified":"2026-09-05T14:28:28","modified_gmt":"2026-09-05T12:28:28","slug":"neszebar-bulgaria-latnivalok","status":"publish","type":"post","link":"https:\/\/loudavymkrokem.cz\/hu\/neszebar-bulgaria-latnivalok\/","title":{"rendered":"Neszeb\u00e1r, Bulg\u00e1ria: 8 tipp, mit n\u00e9zz meg az UNESCO-v\u00e1rosban + \u00e1rak \u00e9s k\u00f6zleked\u00e9s"},"content":{"rendered":"\n<p class=\"wp-block-paragraph\">A t\u00f6rt\u00e9nelmi Neszeb\u00e1r f\u00e9lsziget mind\u00f6ssze 850-szer 350 m\u00e9teres, a ny\u00e1ri szezonban m\u00e9gis t\u00f6bb mint 30 000 ember \u00e9rkezik naponta erre a kis darab f\u00f6ldre. A l\u00e1togat\u00f3k t\u00f6bbs\u00e9ge v\u00e9gigmegy a f\u0151utc\u00e1n, lef\u00e9nyk\u00e9pezi a r\u00e9gi f\u00e1b\u00f3l k\u00e9sz\u00fclt sz\u00e9lmalmot, vesz egy szuven\u00edrt, majd visszat\u00e9r a sz\u00e1llod\u00e1j\u00e1ba \u2013 \u00edgy azonban gyakran lemarad a l\u00e9nyegr\u0151l. Neszeb\u00e1r ugyanis olyan v\u00e1ros, amely a turistaforgalom r\u00e9tegei alatt hihetetlen t\u00f6rt\u00e9neteket, <strong>antik v\u00e1rosfalakat \u00e9s tucatnyi k\u00f6z\u00e9pkori templomot<\/strong> rejt.<\/p>\n\n\n\n<p class=\"wp-block-paragraph\">Ha kir\u00e1ndul\u00e1st tervezel ide, j\u00f3 tudni, hogy <strong>Neszeb\u00e1r nem csup\u00e1n fotog\u00e9n d\u00edszlet<\/strong>, hanem egy \u00e9l\u0151 szervezet, amely az ut\u00f3bbi \u00e9vekben neh\u00e9z harcot v\u00edv t\u00f6rt\u00e9nelmi arculat\u00e1nak meg\u0151rz\u00e9s\u00e9\u00e9rt. El\u00e1rulom, hogyan ker\u00fclheted el a legnagyobb t\u00f6meget, hol parkolj, ha aut\u00f3val j\u00f6ssz, \u00e9s mely turistacsapd\u00e1kra kell nagyon vigy\u00e1znod.<\/p>\n\n\n\n<p class=\"wp-block-paragraph\">N\u00e9zz\u00fck meg egy\u00fctt, <strong>mit \u00e9rdemes megn\u00e9zni Neszeb\u00e1rban<\/strong>, hogyan juthatsz ide a legjobban a szomsz\u00e9dos Napospartr\u00f3l, \u00e9s mennyit fizetsz val\u00f3j\u00e1ban a l\u00e1tnival\u00f3k\u00e9rt \u00e9s az \u00e9telek\u00e9rt, mi\u00f3ta Bulg\u00e1ria \u00e1tt\u00e9rt az eur\u00f3ra.<\/p>\n\n\n\n<figure data-wp-context=\"{&quot;imageId&quot;:&quot;6a9c3a74aed3a&quot;}\" data-wp-interactive=\"core\/image\" data-wp-key=\"6a9c3a74aed3a\" class=\"wp-block-image size-full wp-lightbox-container\"><img decoding=\"async\" width=\"1800\" height=\"1207\" data-wp-class--hide=\"state.isContentHidden\" data-wp-class--show=\"state.isContentVisible\" data-wp-init=\"callbacks.setButtonStyles\" data-wp-on--click=\"actions.showLightbox\" data-wp-on--load=\"callbacks.setButtonStyles\" data-wp-on--pointerdown=\"actions.preloadImage\" data-wp-on--pointerenter=\"actions.preloadImageWithDelay\" data-wp-on--pointerleave=\"actions.cancelPreload\" data-wp-on-window--resize=\"callbacks.setButtonStyles\" src=\"https:\/\/loudavymkrokem.cz\/wp-content\/uploads\/2026\/08\/bulharsko-research-nesebar-01.jpg\" alt=\"Neszeb\u00e1r \u00f3v\u00e1rosa a szikl\u00e1s f\u00e9lszigeten\" class=\"wp-image-404843\" title=\"\" srcset=\"https:\/\/loudavymkrokem.cz\/wp-content\/uploads\/2026\/08\/bulharsko-research-nesebar-01.jpg 1800w, https:\/\/loudavymkrokem.cz\/wp-content\/uploads\/2026\/08\/bulharsko-research-nesebar-01-300x201.jpg 300w, https:\/\/loudavymkrokem.cz\/wp-content\/uploads\/2026\/08\/bulharsko-research-nesebar-01-700x469.jpg 700w, https:\/\/loudavymkrokem.cz\/wp-content\/uploads\/2026\/08\/bulharsko-research-nesebar-01-768x515.jpg 768w, https:\/\/loudavymkrokem.cz\/wp-content\/uploads\/2026\/08\/bulharsko-research-nesebar-01-1536x1030.jpg 1536w, https:\/\/loudavymkrokem.cz\/wp-content\/uploads\/2026\/08\/bulharsko-research-nesebar-01-696x467.jpg 696w, https:\/\/loudavymkrokem.cz\/wp-content\/uploads\/2026\/08\/bulharsko-research-nesebar-01-1392x933.jpg 1392w\" sizes=\"(max-width: 1800px) 100vw, 1800px\" \/><button\n\t\t\tclass=\"lightbox-trigger\"\n\t\t\ttype=\"button\"\n\t\t\taria-haspopup=\"dialog\"\n\t\t\tdata-wp-bind--aria-label=\"state.thisImage.triggerButtonAriaLabel\"\n\t\t\tdata-wp-init=\"callbacks.initTriggerButton\"\n\t\t\tdata-wp-on--click=\"actions.showLightbox\"\n\t\t\tdata-wp-style--right=\"state.thisImage.buttonRight\"\n\t\t\tdata-wp-style--top=\"state.thisImage.buttonTop\"\n\t\t>\n\t\t\t<svg xmlns=\"http:\/\/www.w3.org\/2000\/svg\" width=\"12\" height=\"12\" fill=\"none\" viewBox=\"0 0 12 12\">\n\t\t\t\t<path fill=\"#fff\" d=\"M2 0a2 2 0 0 0-2 2v2h1.5V2a.5.5 0 0 1 .5-.5h2V0H2Zm2 10.5H2a.5.5 0 0 1-.5-.5V8H0v2a2 2 0 0 0 2 2h2v-1.5ZM8 12v-1.5h2a.5.5 0 0 0 .5-.5V8H12v2a2 2 0 0 1-2 2H8Zm2-12a2 2 0 0 1 2 2v2h-1.5V2a.5.5 0 0 0-.5-.5H8V0h2Z\" \/>\n\t\t\t<\/svg>\n\t\t<\/button><figcaption class=\"wp-element-caption\">Foto (upraveno): en:User:Trilobite \/ Wikimedia Commons (Public domain)<\/figcaption><\/figure>\n\n\n\n<div id=\"ez-toc-container\" class=\"ez-toc-v2_0_87 ez-toc-wrap-left counter-hierarchy ez-toc-counter ez-toc-grey ez-toc-container-direction\">\n<div class=\"ez-toc-title-container\">\n<p class=\"ez-toc-title\" style=\"cursor:inherit\">A cikk tartalma<\/p>\n<span class=\"ez-toc-title-toggle\"><a href=\"#\" class=\"ez-toc-pull-right ez-toc-btn ez-toc-btn-xs ez-toc-btn-default ez-toc-toggle\" aria-label=\"Toggle Table of Content\"><span class=\"ez-toc-js-icon-con\"><span class=\"\"><span class=\"eztoc-hide\" style=\"display:none;\">Toggle<\/span><span class=\"ez-toc-icon-toggle-span\"><svg style=\"fill: #999;color:#999\" xmlns=\"http:\/\/www.w3.org\/2000\/svg\" class=\"list-377408\" width=\"20px\" height=\"20px\" viewBox=\"0 0 24 24\" fill=\"none\"><path d=\"M6 6H4v2h2V6zm14 0H8v2h12V6zM4 11h2v2H4v-2zm16 0H8v2h12v-2zM4 16h2v2H4v-2zm16 0H8v2h12v-2z\" fill=\"currentColor\"><\/path><\/svg><svg style=\"fill: #999;color:#999\" class=\"arrow-unsorted-368013\" xmlns=\"http:\/\/www.w3.org\/2000\/svg\" width=\"10px\" height=\"10px\" viewBox=\"0 0 24 24\" version=\"1.2\" baseProfile=\"tiny\"><path d=\"M18.2 9.3l-6.2-6.3-6.2 6.3c-.2.2-.3.4-.3.7s.1.5.3.7c.2.2.4.3.7.3h11c.3 0 .5-.1.7-.3.2-.2.3-.5.3-.7s-.1-.5-.3-.7zM5.8 14.7l6.2 6.3 6.2-6.3c.2-.2.3-.5.3-.7s-.1-.5-.3-.7c-.2-.2-.4-.3-.7-.3h-11c-.3 0-.5.1-.7.3-.2.2-.3.5-.3.7s.1.5.3.7z\"\/><\/svg><\/span><\/span><\/span><\/a><\/span><\/div>\n<nav><ul class='ez-toc-list ez-toc-list-level-1 ' ><ul class='ez-toc-list-level-3' ><li class='ez-toc-heading-level-3'><a class=\"ez-toc-link ez-toc-heading-1\" href=\"https:\/\/loudavymkrokem.cz\/hu\/neszebar-bulgaria-latnivalok\/#Osszefoglalas_azoknak_akiknek_nincs_idejuk_vegigolvasni_a_cikket\" >\u00d6sszefoglal\u00e1s azoknak, akiknek nincs idej\u00fck v\u00e9gigolvasni a cikket<\/a><\/li><\/ul><\/li><li class='ez-toc-page-1 ez-toc-heading-level-2'><a class=\"ez-toc-link ez-toc-heading-2\" href=\"https:\/\/loudavymkrokem.cz\/hu\/neszebar-bulgaria-latnivalok\/#Mennyibe_kerul_Neszebar_es_hogyan_fizetsz_itt\" >Mennyibe ker\u00fcl Neszeb\u00e1r, \u00e9s hogyan fizetsz itt<\/a><\/li><li class='ez-toc-page-1 ez-toc-heading-level-2'><a class=\"ez-toc-link ez-toc-heading-3\" href=\"https:\/\/loudavymkrokem.cz\/hu\/neszebar-bulgaria-latnivalok\/#Mely_templomokba_lehet_bemenni\" >Mely templomokba lehet bemenni<\/a><\/li><li class='ez-toc-page-1 ez-toc-heading-level-2'><a class=\"ez-toc-link ez-toc-heading-4\" href=\"https:\/\/loudavymkrokem.cz\/hu\/neszebar-bulgaria-latnivalok\/#Hogyan_juthatsz_el_Neszebarba_es_hol_parkolj\" >Hogyan juthatsz el Neszeb\u00e1rba, \u00e9s hol parkolj<\/a><\/li><li class='ez-toc-page-1 ez-toc-heading-level-2'><a class=\"ez-toc-link ez-toc-heading-5\" href=\"https:\/\/loudavymkrokem.cz\/hu\/neszebar-bulgaria-latnivalok\/#Taxival_csak_megfontoltan\" >Taxival csak megfontoltan<\/a><\/li><li class='ez-toc-page-1 ez-toc-heading-level-2'><a class=\"ez-toc-link ez-toc-heading-6\" href=\"https:\/\/loudavymkrokem.cz\/hu\/neszebar-bulgaria-latnivalok\/#Mikor_menj_Neszebarba_hogy_szinte_egyedul_legyel\" >Mikor menj Neszeb\u00e1rba, hogy szinte egyed\u00fcl legy\u00e9l<\/a><\/li><li class='ez-toc-page-1 ez-toc-heading-level-2'><a class=\"ez-toc-link ez-toc-heading-7\" href=\"https:\/\/loudavymkrokem.cz\/hu\/neszebar-bulgaria-latnivalok\/#Templomok_es_szentelyek_8_hely_amit_latnod_kell\" >Templomok \u00e9s szent\u00e9lyek: 8 hely, amit l\u00e1tnod kell<\/a><ul class='ez-toc-list-level-3' ><li class='ez-toc-heading-level-3'><a class=\"ez-toc-link ez-toc-heading-8\" href=\"https:\/\/loudavymkrokem.cz\/hu\/neszebar-bulgaria-latnivalok\/#1_Szent_Istvan-templom_Uj_Metropolia\" >1. Szent Istv\u00e1n-templom (\u00daj Metrop\u00f3lia)<\/a><\/li><li class='ez-toc-page-1 ez-toc-heading-level-3'><a class=\"ez-toc-link ez-toc-heading-9\" href=\"https:\/\/loudavymkrokem.cz\/hu\/neszebar-bulgaria-latnivalok\/#2_Szent_Megvalto-templom_Mennybemenetel\" >2. Szent Megv\u00e1lt\u00f3-templom (Mennybemenetel)<\/a><\/li><li class='ez-toc-page-1 ez-toc-heading-level-3'><a class=\"ez-toc-link ez-toc-heading-10\" href=\"https:\/\/loudavymkrokem.cz\/hu\/neszebar-bulgaria-latnivalok\/#3_Szent_Szofia-bazilika_Regi_Metropolia\" >3. Szent Sz\u00f3fia-bazilika (R\u00e9gi Metrop\u00f3lia)<\/a><\/li><li class='ez-toc-page-1 ez-toc-heading-level-3'><a class=\"ez-toc-link ez-toc-heading-11\" href=\"https:\/\/loudavymkrokem.cz\/hu\/neszebar-bulgaria-latnivalok\/#4_Keresztelo_Szent_Janos-templom\" >4. Keresztel\u0151 Szent J\u00e1nos-templom<\/a><\/li><li class='ez-toc-page-1 ez-toc-heading-level-3'><a class=\"ez-toc-link ez-toc-heading-12\" href=\"https:\/\/loudavymkrokem.cz\/hu\/neszebar-bulgaria-latnivalok\/#5_Szent_Janos_Aliturgetosz-templom_a_Felszenteletlen\" >5. Szent J\u00e1nos Aliturgetosz-templom (a Felszenteletlen)<\/a><\/li><li class='ez-toc-page-1 ez-toc-heading-level-3'><a class=\"ez-toc-link ez-toc-heading-13\" href=\"https:\/\/loudavymkrokem.cz\/hu\/neszebar-bulgaria-latnivalok\/#6_Krisztus_Pantokrator-templom\" >6. Krisztus Pantokr\u00e1tor-templom<\/a><\/li><li class='ez-toc-page-1 ez-toc-heading-level-3'><a class=\"ez-toc-link ez-toc-heading-14\" href=\"https:\/\/loudavymkrokem.cz\/hu\/neszebar-bulgaria-latnivalok\/#7_Eleusza_Istenszulo-bazilika\" >7. Eleusza Istensz\u00fcl\u0151-bazilika<\/a><\/li><li class='ez-toc-page-1 ez-toc-heading-level-3'><a class=\"ez-toc-link ez-toc-heading-15\" href=\"https:\/\/loudavymkrokem.cz\/hu\/neszebar-bulgaria-latnivalok\/#8_Istenszulo-templom_Mennybevetel\" >8. Istensz\u00fcl\u0151-templom (Mennybev\u00e9tel)<\/a><\/li><\/ul><\/li><li class='ez-toc-page-1 ez-toc-heading-level-2'><a class=\"ez-toc-link ez-toc-heading-16\" href=\"https:\/\/loudavymkrokem.cz\/hu\/neszebar-bulgaria-latnivalok\/#Falak_szelmalom_es_az_ovaros_utcai\" >Falak, sz\u00e9lmalom \u00e9s az \u00f3v\u00e1ros utc\u00e1i<\/a><ul class='ez-toc-list-level-3' ><li class='ez-toc-heading-level-3'><a class=\"ez-toc-link ez-toc-heading-17\" href=\"https:\/\/loudavymkrokem.cz\/hu\/neszebar-bulgaria-latnivalok\/#9_Szelmalom_a_foldnyelven\" >9. Sz\u00e9lmalom a f\u00f6ldnyelven<\/a><\/li><li class='ez-toc-page-1 ez-toc-heading-level-3'><a class=\"ez-toc-link ez-toc-heading-18\" href=\"https:\/\/loudavymkrokem.cz\/hu\/neszebar-bulgaria-latnivalok\/#10_Nyugati_falak_es_a_fo_varoskapu\" >10. Nyugati falak \u00e9s a f\u0151 v\u00e1roskapu<\/a><\/li><li class='ez-toc-page-1 ez-toc-heading-level-3'><a class=\"ez-toc-link ez-toc-heading-19\" href=\"https:\/\/loudavymkrokem.cz\/hu\/neszebar-bulgaria-latnivalok\/#11_Kora_bizanci_termak\" >11. Kora biz\u00e1nci term\u00e1k<\/a><\/li><li class='ez-toc-page-1 ez-toc-heading-level-3'><a class=\"ez-toc-link ez-toc-heading-20\" href=\"https:\/\/loudavymkrokem.cz\/hu\/neszebar-bulgaria-latnivalok\/#12_Neszebari_reformkori_hazak\" >12. Neszeb\u00e1ri reformkori h\u00e1zak<\/a><\/li><\/ul><\/li><li class='ez-toc-page-1 ez-toc-heading-level-2'><a class=\"ez-toc-link ez-toc-heading-21\" href=\"https:\/\/loudavymkrokem.cz\/hu\/neszebar-bulgaria-latnivalok\/#Muzeumok_strandok_es_a_kornyek\" >M\u00fazeumok, strandok \u00e9s a k\u00f6rny\u00e9k<\/a><ul class='ez-toc-list-level-3' ><li class='ez-toc-heading-level-3'><a class=\"ez-toc-link ez-toc-heading-22\" href=\"https:\/\/loudavymkrokem.cz\/hu\/neszebar-bulgaria-latnivalok\/#13_Regeszeti_Muzeum\" >13. R\u00e9g\u00e9szeti M\u00fazeum<\/a><\/li><li class='ez-toc-page-1 ez-toc-heading-level-3'><a class=\"ez-toc-link ez-toc-heading-23\" href=\"https:\/\/loudavymkrokem.cz\/hu\/neszebar-bulgaria-latnivalok\/#14_Deli_strand_Neszebar-del\" >14. D\u00e9li strand (Neszeb\u00e1r-d\u00e9l)<\/a><\/li><li class='ez-toc-page-1 ez-toc-heading-level-3'><a class=\"ez-toc-link ez-toc-heading-24\" href=\"https:\/\/loudavymkrokem.cz\/hu\/neszebar-bulgaria-latnivalok\/#15_Varosi_strandok_az_ovarosban_Plakamoto_es_Buna\" >15. V\u00e1rosi strandok az \u00f3v\u00e1rosban (Plakamoto \u00e9s Buna)<\/a><\/li><li class='ez-toc-page-1 ez-toc-heading-level-3'><a class=\"ez-toc-link ez-toc-heading-25\" href=\"https:\/\/loudavymkrokem.cz\/hu\/neszebar-bulgaria-latnivalok\/#16_Neprajzi_Muzeum_Moszkojani-haz\" >16. N\u00e9prajzi M\u00fazeum (Moszkojani-h\u00e1z)<\/a><\/li><\/ul><\/li><li class='ez-toc-page-1 ez-toc-heading-level-2'><a class=\"ez-toc-link ez-toc-heading-26\" href=\"https:\/\/loudavymkrokem.cz\/hu\/neszebar-bulgaria-latnivalok\/#Neszebar_majdnem_elveszitette_az_UNESCO-statuszat\" >Neszeb\u00e1r majdnem elvesz\u00edtette az UNESCO-st\u00e1tusz\u00e1t<\/a><\/li><li class='ez-toc-page-1 ez-toc-heading-level-2'><a class=\"ez-toc-link ez-toc-heading-27\" href=\"https:\/\/loudavymkrokem.cz\/hu\/neszebar-bulgaria-latnivalok\/#Neszebar_fel_nap_alatt_utiterv_lepesrol_lepesre\" >Neszeb\u00e1r f\u00e9l nap alatt: \u00fatiterv l\u00e9p\u00e9sr\u0151l l\u00e9p\u00e9sre<\/a><\/li><li class='ez-toc-page-1 ez-toc-heading-level-2'><a class=\"ez-toc-link ez-toc-heading-28\" href=\"https:\/\/loudavymkrokem.cz\/hu\/neszebar-bulgaria-latnivalok\/#Hol_egyel\" >Hol egy\u00e9l<\/a><\/li><li class='ez-toc-page-1 ez-toc-heading-level-2'><a class=\"ez-toc-link ez-toc-heading-29\" href=\"https:\/\/loudavymkrokem.cz\/hu\/neszebar-bulgaria-latnivalok\/#Hol_szallj_meg\" >Hol sz\u00e1llj meg<\/a><\/li><li class='ez-toc-page-1 ez-toc-heading-level-2'><a class=\"ez-toc-link ez-toc-heading-30\" href=\"https:\/\/loudavymkrokem.cz\/hu\/neszebar-bulgaria-latnivalok\/#Mire_vigyazz\" >Mire vigy\u00e1zz<\/a><\/li><li class='ez-toc-page-1 ez-toc-heading-level-2'><a class=\"ez-toc-link ez-toc-heading-31\" href=\"https:\/\/loudavymkrokem.cz\/hu\/neszebar-bulgaria-latnivalok\/#Hova_tovabb\" >Hova tov\u00e1bb<\/a><\/li><li class='ez-toc-page-1 ez-toc-heading-level-2'><a class=\"ez-toc-link ez-toc-heading-32\" href=\"https:\/\/loudavymkrokem.cz\/hu\/neszebar-bulgaria-latnivalok\/#Gyakran_ismetelt_kerdesek\" >Gyakran ism\u00e9telt k\u00e9rd\u00e9sek<\/a><ul class='ez-toc-list-level-3' ><li class='ez-toc-heading-level-3'><a class=\"ez-toc-link ez-toc-heading-33\" href=\"https:\/\/loudavymkrokem.cz\/hu\/neszebar-bulgaria-latnivalok\/#Hogyan_jutok_el_Napospartrol_Neszebarba\" >Hogyan jutok el Napospartr\u00f3l Neszebarba?<\/a><\/li><li class='ez-toc-page-1 ez-toc-heading-level-3'><a class=\"ez-toc-link ez-toc-heading-34\" href=\"https:\/\/loudavymkrokem.cz\/hu\/neszebar-bulgaria-latnivalok\/#Mennyibe_kerul_a_belepo_a_latnivalokba\" >Mennyibe ker\u00fcl a bel\u00e9p\u0151 a l\u00e1tnival\u00f3kba?<\/a><\/li><li class='ez-toc-page-1 ez-toc-heading-level-3'><a class=\"ez-toc-link ez-toc-heading-35\" href=\"https:\/\/loudavymkrokem.cz\/hu\/neszebar-bulgaria-latnivalok\/#Mennyi_ido_alatt_lehet_bejarni_Neszebart\" >Mennyi id\u0151 alatt lehet bej\u00e1rni Neszebart?<\/a><\/li><li class='ez-toc-page-1 ez-toc-heading-level-3'><a class=\"ez-toc-link ez-toc-heading-36\" href=\"https:\/\/loudavymkrokem.cz\/hu\/neszebar-bulgaria-latnivalok\/#Bulgariaban_euroval_lehet_fizetni\" >Bulg\u00e1ri\u00e1ban eur\u00f3val lehet fizetni?<\/a><\/li><li class='ez-toc-page-1 ez-toc-heading-level-3'><a class=\"ez-toc-link ez-toc-heading-37\" href=\"https:\/\/loudavymkrokem.cz\/hu\/neszebar-bulgaria-latnivalok\/#Be_lehet_hajtani_autoval_az_ovarosba\" >Be lehet hajtani aut\u00f3val az \u00f3v\u00e1rosba?<\/a><\/li><li class='ez-toc-page-1 ez-toc-heading-level-3'><a class=\"ez-toc-link ez-toc-heading-38\" href=\"https:\/\/loudavymkrokem.cz\/hu\/neszebar-bulgaria-latnivalok\/#Mely_templomok_latogathatok_belulrol\" >Mely templomok l\u00e1togathat\u00f3k bel\u00fclr\u0151l?<\/a><\/li><li class='ez-toc-page-1 ez-toc-heading-level-3'><a class=\"ez-toc-link ez-toc-heading-39\" href=\"https:\/\/loudavymkrokem.cz\/hu\/neszebar-bulgaria-latnivalok\/#Milyen_a_viz_homerseklete_Neszebarban\" >Milyen a v\u00edz h\u0151m\u00e9rs\u00e9klete Neszebarban?<\/a><\/li><li class='ez-toc-page-1 ez-toc-heading-level-3'><a class=\"ez-toc-link ez-toc-heading-40\" href=\"https:\/\/loudavymkrokem.cz\/hu\/neszebar-bulgaria-latnivalok\/#Mikor_van_a_legkevesebb_ember_Neszebarban\" >Mikor van a legkevesebb ember Neszebarban?<\/a><\/li><li class='ez-toc-page-1 ez-toc-heading-level-3'><a class=\"ez-toc-link ez-toc-heading-41\" href=\"https:\/\/loudavymkrokem.cz\/hu\/neszebar-bulgaria-latnivalok\/#Megeri_a_kombinalt_jegy\" >Meg\u00e9ri a kombin\u00e1lt jegy?<\/a><\/li><li class='ez-toc-page-1 ez-toc-heading-level-3'><a class=\"ez-toc-link ez-toc-heading-42\" href=\"https:\/\/loudavymkrokem.cz\/hu\/neszebar-bulgaria-latnivalok\/#Alkalmas-e_Neszebar_babakocsival_erkezo_csaladoknak\" >Alkalmas-e Neszebar babakocsival \u00e9rkez\u0151 csal\u00e1doknak?<\/a><\/li><\/ul><\/li><\/ul><\/nav><\/div>\n<h3 class=\"wp-block-heading\"><span class=\"ez-toc-section\" id=\"Osszefoglalas_azoknak_akiknek_nincs_idejuk_vegigolvasni_a_cikket\"><\/span>\u00d6sszefoglal\u00e1s azoknak, akiknek nincs idej\u00fck v\u00e9gigolvasni a cikket<span class=\"ez-toc-section-end\"><\/span><\/h3>\n\n\n\n<ul class=\"wp-block-list\">\n\n<li><strong>A l\u00e1togat\u00e1sra sz\u00e1nj legal\u00e1bb f\u00e9l napot<\/strong>, de ide\u00e1lis esetben reggel t\u00edz \u00f3ra el\u0151tt \u00e9rkezz, vagy \u00e9pp ellenkez\u0151leg, csak este hat ut\u00e1n, amikor a nagy turistabuszok elhagyj\u00e1k a v\u00e1rost.<\/li>\n\n\n\n<li>Bulg\u00e1ri\u00e1ban <strong>2026. janu\u00e1r 1-je \u00f3ta az eur\u00f3 a fizet\u0151eszk\u00f6z<\/strong>, \u00edgy minden bel\u00e9p\u0151t \u00e9s \u00e9ttermi sz\u00e1ml\u00e1t m\u00e1r az eur\u00f3pai valut\u00e1ban fizetsz, a k\u00e1rty\u00e1t pedig teljesen \u00e1ltal\u00e1nosan elfogadj\u00e1k.<\/li>\n\n\n\n<li>A tizen\u00f6t fennmaradt templomb\u00f3l <strong>csak \u00f6tbe lehet bemenni<\/strong>, a t\u00f6bbi szabadon l\u00e1togathat\u00f3 rom, amelyet csak k\u00edv\u00fclr\u0151l n\u00e9zhetsz meg.<\/li>\n\n\n\n<li><strong>Az \u00f3v\u00e1rosba aut\u00f3val nem juthatsz be el\u0151re elint\u00e9zett behajt\u00e1si enged\u00e9ly n\u00e9lk\u00fcl<\/strong>, amelyet a sz\u00e1ll\u00e1sad\u00f3dnak kell bejelentenie, k\u00fcl\u00f6nben a soromp\u00f3k meg\u00e1ll\u00edtanak r\u00f6gt\u00f6n a f\u00f6ldnyelv ut\u00e1n.<\/li>\n\n\n\n<li>A Napospartr\u00f3l a legjobban <strong>helyi busszal juthatsz ide k\u00f6r\u00fclbel\u00fcl 1 \u20ac-\u00e9rt<\/strong>, de haszn\u00e1lhatsz turistakisvonatot vagy haj\u00f3t is.<\/li>\n\n\n\n<li>A kombin\u00e1lt jegy az \u00f6sszes fizet\u0151s l\u00e1tnival\u00f3ra <strong>17,90 \u20ac-ba ker\u00fcl<\/strong>, \u00e9s r\u00f6gt\u00f6n az \u00f3v\u00e1ros bej\u00e1rat\u00e1n\u00e1l, a R\u00e9g\u00e9szeti M\u00fazeumban megv\u00e1s\u00e1rolhatod.<\/li>\n\n\n<\/ul>\n\n\n\n<figure class=\"wp-block-table\"><table><thead><tr><th>#<\/th><th>Hely<\/th><th>Bemehetsz?<\/th><th>Bel\u00e9p\u0151<\/th><\/tr><\/thead><tbody><tr><td>1<\/td><td>Szent Istv\u00e1n-templom<\/td><td>Igen<\/td><td>4,60 \u20ac<\/td><\/tr><tr><td>2<\/td><td>Szent Megv\u00e1lt\u00f3-templom<\/td><td>Igen<\/td><td>2,56 \u20ac<\/td><\/tr><tr><td>3<\/td><td>Szent Sz\u00f3fia-bazilika<\/td><td>Nem (rom)<\/td><td>Ingyenes<\/td><\/tr><tr><td>4<\/td><td>Keresztel\u0151 Szent J\u00e1nos-templom<\/td><td>Igen<\/td><td>2,56 \u20ac<\/td><\/tr><tr><td>5<\/td><td>Szent J\u00e1nos Aliturgetosz-templom<\/td><td>Nem (rom)<\/td><td>Ingyenes<\/td><\/tr><tr><td>6<\/td><td>Eleusza Istensz\u00fcl\u0151-bazilika<\/td><td>Nem (rom)<\/td><td>Ingyenes<\/td><\/tr><tr><td>7<\/td><td>Istensz\u00fcl\u0151-templom<\/td><td>Igen<\/td><td>Ingyenes (m\u0171k\u00f6d\u0151)<\/td><\/tr><tr><td>8<\/td><td>Sz\u00e9lmalom a f\u00f6ldnyelven<\/td><td>Igen<\/td><td>2,56 \u20ac<\/td><\/tr><tr><td>9<\/td><td>Nyugati falak \u00e9s kapu<\/td><td>Nem (k\u00fclt\u00e9r)<\/td><td>Ingyenes<\/td><\/tr><tr><td>10<\/td><td>Kora biz\u00e1nci term\u00e1k<\/td><td>Nem (rom)<\/td><td>Ingyenes<\/td><\/tr><tr><td>11<\/td><td>Neszeb\u00e1ri reformkori h\u00e1zak<\/td><td>Nem (k\u00fclt\u00e9r)<\/td><td>Ingyenes<\/td><\/tr><tr><td>12<\/td><td>R\u00e9g\u00e9szeti M\u00fazeum<\/td><td>Igen<\/td><td>4,60 \u20ac<\/td><\/tr><tr><td>13<\/td><td>D\u00e9li strand (Neszeb\u00e1r-d\u00e9l)<\/td><td>Nem (term\u00e9szet)<\/td><td>Nap\u00e1gy 4,09 \u20ac<\/td><\/tr><tr><td>14<\/td><td>V\u00e1rosi strandok, Plakamoto \u00e9s Buna<\/td><td>Nem (term\u00e9szet)<\/td><td>Ingyenes \/ 4,09 \u20ac<\/td><\/tr><tr><td>15<\/td><td>N\u00e9prajzi M\u00fazeum<\/td><td>Igen<\/td><td>3,07 \u20ac<\/td><\/tr><\/tbody><\/table><\/figure>\n\n\n\n<figure data-wp-context=\"{&quot;imageId&quot;:&quot;6a9c3a74af5ac&quot;}\" data-wp-interactive=\"core\/image\" data-wp-key=\"6a9c3a74af5ac\" class=\"wp-block-image size-full wp-lightbox-container\"><img decoding=\"async\" width=\"1800\" height=\"1350\" data-wp-class--hide=\"state.isContentHidden\" data-wp-class--show=\"state.isContentVisible\" data-wp-init=\"callbacks.setButtonStyles\" data-wp-on--click=\"actions.showLightbox\" data-wp-on--load=\"callbacks.setButtonStyles\" data-wp-on--pointerdown=\"actions.preloadImage\" data-wp-on--pointerenter=\"actions.preloadImageWithDelay\" data-wp-on--pointerleave=\"actions.cancelPreload\" data-wp-on-window--resize=\"callbacks.setButtonStyles\" src=\"https:\/\/loudavymkrokem.cz\/wp-content\/uploads\/2026\/08\/bulharsko-research-nesebar-02.jpg\" alt=\"A neszeb\u00e1ri \u00f3v\u00e1ros \u00fczletei \u00e9s utc\u00e1i, ahol eur\u00f3val fizetsz\" class=\"wp-image-404845\" title=\"\" srcset=\"https:\/\/loudavymkrokem.cz\/wp-content\/uploads\/2026\/08\/bulharsko-research-nesebar-02.jpg 1800w, https:\/\/loudavymkrokem.cz\/wp-content\/uploads\/2026\/08\/bulharsko-research-nesebar-02-300x225.jpg 300w, https:\/\/loudavymkrokem.cz\/wp-content\/uploads\/2026\/08\/bulharsko-research-nesebar-02-700x525.jpg 700w, https:\/\/loudavymkrokem.cz\/wp-content\/uploads\/2026\/08\/bulharsko-research-nesebar-02-768x576.jpg 768w, https:\/\/loudavymkrokem.cz\/wp-content\/uploads\/2026\/08\/bulharsko-research-nesebar-02-1536x1152.jpg 1536w, https:\/\/loudavymkrokem.cz\/wp-content\/uploads\/2026\/08\/bulharsko-research-nesebar-02-80x60.jpg 80w, https:\/\/loudavymkrokem.cz\/wp-content\/uploads\/2026\/08\/bulharsko-research-nesebar-02-160x120.jpg 160w, https:\/\/loudavymkrokem.cz\/wp-content\/uploads\/2026\/08\/bulharsko-research-nesebar-02-696x522.jpg 696w, https:\/\/loudavymkrokem.cz\/wp-content\/uploads\/2026\/08\/bulharsko-research-nesebar-02-1392x1044.jpg 1392w\" sizes=\"(max-width: 1800px) 100vw, 1800px\" \/><button\n\t\t\tclass=\"lightbox-trigger\"\n\t\t\ttype=\"button\"\n\t\t\taria-haspopup=\"dialog\"\n\t\t\tdata-wp-bind--aria-label=\"state.thisImage.triggerButtonAriaLabel\"\n\t\t\tdata-wp-init=\"callbacks.initTriggerButton\"\n\t\t\tdata-wp-on--click=\"actions.showLightbox\"\n\t\t\tdata-wp-style--right=\"state.thisImage.buttonRight\"\n\t\t\tdata-wp-style--top=\"state.thisImage.buttonTop\"\n\t\t>\n\t\t\t<svg xmlns=\"http:\/\/www.w3.org\/2000\/svg\" width=\"12\" height=\"12\" fill=\"none\" viewBox=\"0 0 12 12\">\n\t\t\t\t<path fill=\"#fff\" d=\"M2 0a2 2 0 0 0-2 2v2h1.5V2a.5.5 0 0 1 .5-.5h2V0H2Zm2 10.5H2a.5.5 0 0 1-.5-.5V8H0v2a2 2 0 0 0 2 2h2v-1.5ZM8 12v-1.5h2a.5.5 0 0 0 .5-.5V8H12v2a2 2 0 0 1-2 2H8Zm2-12a2 2 0 0 1 2 2v2h-1.5V2a.5.5 0 0 0-.5-.5H8V0h2Z\" \/>\n\t\t\t<\/svg>\n\t\t<\/button><figcaption class=\"wp-element-caption\">Foto: Bin im Garten \/ Wikimedia Commons (CC BY-SA 3.0)<\/figcaption><\/figure>\n\n\n\n<h2 class=\"wp-block-heading\"><span class=\"ez-toc-section\" id=\"Mennyibe_kerul_Neszebar_es_hogyan_fizetsz_itt\"><\/span>Mennyibe ker\u00fcl Neszeb\u00e1r, \u00e9s hogyan fizetsz itt<span class=\"ez-toc-section-end\"><\/span><\/h2>\n\n\n\n<p class=\"wp-block-paragraph\">Bulg\u00e1ria 2026. janu\u00e1r 1-j\u00e9n t\u00e9rt \u00e1t az eur\u00f3ra, \u00edgy minden r\u00e9gebbi, leva-\u00e1rakat tartalmaz\u00f3 inform\u00e1ci\u00f3 m\u00e1ra m\u00e1r csak t\u00f6rt\u00e9nelem. A hivatalos \u00e1tv\u00e1lt\u00e1si \u00e1rfolyamot <strong>1 \u20ac = 1,95583 lv<\/strong> \u00e9rt\u00e9ken r\u00f6gz\u00edtett\u00e9k.<\/p>\n\n\n\n<p class=\"wp-block-paragraph\">A fizet\u00e9ssel itt nem lesz semmi gondod, mert <strong>a bankk\u00e1rty\u00e1kat \u00e1ltal\u00e1nosan elfogadj\u00e1k<\/strong> a l\u00e1tnival\u00f3k bej\u00e1rat\u00e1n\u00e1l, az \u00e9ttermekben \u00e9s a nagyobb parkol\u00f3kban is. Ha m\u00e9gis k\u00e9szp\u00e9nzt kellene v\u00e1ltanod, ne feledd, hogy <strong>a v\u00e1lt\u00f3k ak\u00e1r 5%-kal is elt\u00e9rhetnek<\/strong> a referencia\u00e1rfolyamt\u00f3l. Az utcai f\u00fcggetlen ATM-ekn\u00e9l mindig k\u00f6vetkezetesen utas\u00edtsd vissza a saj\u00e1t valut\u00e1ra t\u00f6rt\u00e9n\u0151 \u00e1tv\u00e1lt\u00e1st (az \u00fagynevezett DCC-t), k\u00fcl\u00f6nben feleslegesen buksz a kedvez\u0151tlen \u00e1rfolyamon.<\/p>\n\n\n\n<p class=\"wp-block-paragraph\">A helyi m\u00fazeum a 2026-os \u00e9vre <strong>teljes, eur\u00f3ban megadott \u00e1rlist\u00e1t<\/strong> adott ki, amely alapj\u00e1n k\u00f6nnyen eligazodhatsz. A gyerekek minden bel\u00e9p\u0151b\u0151l k\u00f6r\u00fclbel\u00fcl \u00f6tvensz\u00e1zal\u00e9kos kedvezm\u00e9nyt kapnak.<\/p>\n\n\n\n<p class=\"wp-block-paragraph\"><strong>Az egyes objektumok bel\u00e9p\u0151jegyeinek t\u00e1bl\u00e1zata (2026):<\/strong><\/p>\n\n\n\n<figure class=\"wp-block-table\"><table><thead><tr><th>Objektum<\/th><th>Feln\u0151tt<\/th><th>Gyerek<\/th><\/tr><\/thead><tbody><tr><td>R\u00e9g\u00e9szeti M\u00fazeum<\/td><td><strong>4,60 \u20ac<\/strong><\/td><td>2,30 \u20ac<\/td><\/tr><tr><td>Szent Istv\u00e1n-templom<\/td><td><strong>4,60 \u20ac<\/strong><\/td><td>2,30 \u20ac<\/td><\/tr><tr><td>N\u00e9prajzi M\u00fazeum<\/td><td><strong>3,07 \u20ac<\/strong><\/td><td>1,53 \u20ac<\/td><\/tr><tr><td>Szent Megv\u00e1lt\u00f3-templom<\/td><td><strong>2,56 \u20ac<\/strong><\/td><td>1,53 \u20ac<\/td><\/tr><tr><td>Szent Paraszkeva-templom<\/td><td><strong>2,56 \u20ac<\/strong><\/td><td>1,53 \u20ac<\/td><\/tr><tr><td>Keresztel\u0151 Szent J\u00e1nos-templom<\/td><td><strong>2,56 \u20ac<\/strong><\/td><td>1,53 \u20ac<\/td><\/tr><tr><td>Sz\u00e9lmalom<\/td><td><strong>2,56 \u20ac<\/strong><\/td><td>1,53 \u20ac<\/td><\/tr><\/tbody><\/table><\/figure>\n\n\n\n<p class=\"wp-block-paragraph\">Ha t\u00f6bb helyet is meg szeretn\u00e9l n\u00e9zni, <strong>meg\u00e9ri a kombin\u00e1lt jegy<\/strong>, amelyet a v\u00e1roskapu m\u00f6g\u00f6tti <a href=\"https:\/\/www.ancient-nessebar.com\/\" target=\"_blank\" rel=\"noopener nofollow\">R\u00e9g\u00e9szeti M\u00fazeum<\/a> p\u00e9nzt\u00e1r\u00e1ban \u00e1rulnak. A jegyek mindig kaphat\u00f3k, \u00e9s bel\u00fcl \u00e1ltal\u00e1ban nincs nagy tolong\u00e1s.<\/p>\n\n\n\n<p class=\"wp-block-paragraph\"><strong>A kombin\u00e1lt jegyek t\u00e1bl\u00e1zata (2026):<\/strong><\/p>\n\n\n\n<figure class=\"wp-block-table\"><table><thead><tr><th>Kombin\u00e1ci\u00f3<\/th><th>Feln\u0151tt<\/th><th>Gyerek<\/th><\/tr><\/thead><tbody><tr><td>R\u00e9g. M\u00fazeum + egy templom<\/td><td><strong>6,14 \u20ac<\/strong><\/td><td>3,07 \u20ac<\/td><\/tr><tr><td>Szent Istv\u00e1n + Szent Megv\u00e1lt\u00f3<\/td><td><strong>6,14 \u20ac<\/strong><\/td><td>3,07 \u20ac<\/td><\/tr><tr><td>R\u00e9g. M\u00fazeum + N\u00e9prajzi M\u00fazeum<\/td><td><strong>6,65 \u20ac<\/strong><\/td><td>3,07 \u20ac<\/td><\/tr><tr><td>R\u00e9g. M\u00fazeum + Szent Istv\u00e1n<\/td><td><strong>7,67 \u20ac<\/strong><\/td><td>4,09 \u20ac<\/td><\/tr><tr><td>Szent Istv\u00e1n + 3 v\u00e1laszthat\u00f3 objektum<\/td><td><strong>9,71 \u20ac<\/strong><\/td><td>4,60 \u20ac<\/td><\/tr><tr><td>R\u00e9g. M\u00fazeum + Szent Istv\u00e1n + N\u00e9prajzi<\/td><td><strong>10,23 \u20ac<\/strong><\/td><td>5,11 \u20ac<\/td><\/tr><tr><td>Az \u00f6sszes templom + sz\u00e9lmalom<\/td><td><strong>13,29 \u20ac<\/strong><\/td><td>6,65 \u20ac<\/td><\/tr><tr><td><strong>MINDEN objektum (7 hely)<\/strong><\/td><td><strong>17,90 \u20ac<\/strong><\/td><td>8,69 \u20ac<\/td><\/tr><\/tbody><\/table><\/figure>\n\n\n\n<p class=\"wp-block-paragraph\">\ud83d\udca1 <strong>Tipp a nyitvatart\u00e1shoz:<\/strong> A f\u0151szezonban, j\u00fanius 2. \u00e9s szeptember 14. k\u00f6z\u00f6tt a R\u00e9g\u00e9szeti M\u00fazeum \u00e9s a Szent Istv\u00e1n-templom 9:00-t\u00f3l 19:00-ig van nyitva. <strong>Nagyon vigy\u00e1zz azonban a kis templomokkal \u00e9s a sz\u00e9lmalommal<\/strong>, amelyek d\u00e9lben z\u00e1rva tartanak. Nyitvatart\u00e1suk 10:30\u201314:00 \u00e9s 14:30\u201319:00, teh\u00e1t aki d\u00e9l k\u00f6r\u00fcl \u00e9rkezik, nem jut be.<\/p>\n\n\n\n<figure data-wp-context=\"{&quot;imageId&quot;:&quot;6a9c3a74afbc9&quot;}\" data-wp-interactive=\"core\/image\" data-wp-key=\"6a9c3a74afbc9\" class=\"wp-block-image size-full wp-lightbox-container\"><img decoding=\"async\" width=\"1800\" height=\"1012\" data-wp-class--hide=\"state.isContentHidden\" data-wp-class--show=\"state.isContentVisible\" data-wp-init=\"callbacks.setButtonStyles\" data-wp-on--click=\"actions.showLightbox\" data-wp-on--load=\"callbacks.setButtonStyles\" data-wp-on--pointerdown=\"actions.preloadImage\" data-wp-on--pointerenter=\"actions.preloadImageWithDelay\" data-wp-on--pointerleave=\"actions.cancelPreload\" data-wp-on-window--resize=\"callbacks.setButtonStyles\" src=\"https:\/\/loudavymkrokem.cz\/wp-content\/uploads\/2026\/08\/bulharsko-research-nesebar-03.jpg\" alt=\"A Szent Istv\u00e1n-templom, az \u00f6t bel\u00fclr\u0151l is l\u00e1togathat\u00f3 egyike\" class=\"wp-image-404848\" title=\"\" srcset=\"https:\/\/loudavymkrokem.cz\/wp-content\/uploads\/2026\/08\/bulharsko-research-nesebar-03.jpg 1800w, https:\/\/loudavymkrokem.cz\/wp-content\/uploads\/2026\/08\/bulharsko-research-nesebar-03-300x169.jpg 300w, https:\/\/loudavymkrokem.cz\/wp-content\/uploads\/2026\/08\/bulharsko-research-nesebar-03-700x394.jpg 700w, https:\/\/loudavymkrokem.cz\/wp-content\/uploads\/2026\/08\/bulharsko-research-nesebar-03-768x432.jpg 768w, https:\/\/loudavymkrokem.cz\/wp-content\/uploads\/2026\/08\/bulharsko-research-nesebar-03-1536x864.jpg 1536w, https:\/\/loudavymkrokem.cz\/wp-content\/uploads\/2026\/08\/bulharsko-research-nesebar-03-696x391.jpg 696w, https:\/\/loudavymkrokem.cz\/wp-content\/uploads\/2026\/08\/bulharsko-research-nesebar-03-1392x783.jpg 1392w\" sizes=\"(max-width: 1800px) 100vw, 1800px\" \/><button\n\t\t\tclass=\"lightbox-trigger\"\n\t\t\ttype=\"button\"\n\t\t\taria-haspopup=\"dialog\"\n\t\t\tdata-wp-bind--aria-label=\"state.thisImage.triggerButtonAriaLabel\"\n\t\t\tdata-wp-init=\"callbacks.initTriggerButton\"\n\t\t\tdata-wp-on--click=\"actions.showLightbox\"\n\t\t\tdata-wp-style--right=\"state.thisImage.buttonRight\"\n\t\t\tdata-wp-style--top=\"state.thisImage.buttonTop\"\n\t\t>\n\t\t\t<svg xmlns=\"http:\/\/www.w3.org\/2000\/svg\" width=\"12\" height=\"12\" fill=\"none\" viewBox=\"0 0 12 12\">\n\t\t\t\t<path fill=\"#fff\" d=\"M2 0a2 2 0 0 0-2 2v2h1.5V2a.5.5 0 0 1 .5-.5h2V0H2Zm2 10.5H2a.5.5 0 0 1-.5-.5V8H0v2a2 2 0 0 0 2 2h2v-1.5ZM8 12v-1.5h2a.5.5 0 0 0 .5-.5V8H12v2a2 2 0 0 1-2 2H8Zm2-12a2 2 0 0 1 2 2v2h-1.5V2a.5.5 0 0 0-.5-.5H8V0h2Z\" \/>\n\t\t\t<\/svg>\n\t\t<\/button><figcaption class=\"wp-element-caption\">Foto: Paulmezmerrick \/ Wikimedia Commons (CC BY-SA 4.0)<\/figcaption><\/figure>\n\n\n\n<h2 class=\"wp-block-heading\"><span class=\"ez-toc-section\" id=\"Mely_templomokba_lehet_bemenni\"><\/span>Mely templomokba lehet bemenni<span class=\"ez-toc-section-end\"><\/span><\/h2>\n\n\n\n<p class=\"wp-block-paragraph\">Az \u00fatik\u00f6nyveket olvasva k\u00f6nnyen az a benyom\u00e1sod t\u00e1madhat, hogy Neszeb\u00e1rban tucatnyi \u0151si templomba l\u00e9phetsz be, de a val\u00f3s\u00e1g kicsit m\u00e1s. A helyi legend\u00e1k ugyan t\u00f6bb mint negyven templomr\u00f3l sz\u00f3lnak, \u00e9s a r\u00e9g\u00e9szeknek huszonh\u00e1rom biztos bizony\u00edt\u00e9ka van, de <strong>a telep\u00fcl\u00e9s ma tizen\u00f6t fennmaradt \u00e9p\u00fcletet tart nyilv\u00e1n<\/strong>, amelyekb\u0151l tizenh\u00e1rmat kultur\u00e1lis m\u0171eml\u00e9kk\u00e9nt v\u00e9denek.<\/p>\n\n\n\n<p class=\"wp-block-paragraph\">Ebb\u0151l <strong>csak n\u00e9gy t\u00f6rt\u00e9nelmi templom l\u00e1togathat\u00f3 bel\u00fclr\u0151l, bel\u00e9p\u0151jeggyel m\u0171k\u00f6d\u0151 m\u00fazeumk\u00e9nt<\/strong>, m\u00edg istentiszteletet egyetlen m\u0171k\u00f6d\u0151, tizenkilencedik sz\u00e1zadi templomban tartanak. Az \u00f6sszes t\u00f6bbi h\u00edres eml\u00e9k szabadon l\u00e1togathat\u00f3, tet\u0151 n\u00e9lk\u00fcli rom, amelyet b\u00e1rmikor megn\u00e9zhetsz k\u00edv\u00fclr\u0151l, teljesen ingyen.<\/p>\n\n\n\n<figure class=\"wp-block-table\"><table><thead><tr><th>Templom<\/th><th>Sz\u00e1zad<\/th><th>Bemehetsz?<\/th><th>Bel\u00e9p\u0151<\/th><th>Mit l\u00e1tsz bel\u00fcl<\/th><\/tr><\/thead><tbody><tr><td><strong>Szent Istv\u00e1n<\/strong><\/td><td>11.\u201313. sz.<\/td><td><strong>Igen<\/strong><\/td><td>4,60 \u20ac<\/td><td>T\u00f6bb mint 1000 alak gy\u00f6ny\u00f6r\u0171, 1599-es fresk\u00f3kon, festett ikonoszt\u00e1z \u00e9s fafarag\u00e1sos tr\u00f3n.<\/td><\/tr><tr><td><strong>Szent Megv\u00e1lt\u00f3<\/strong><\/td><td>17. sz. (1609)<\/td><td><strong>Igen<\/strong><\/td><td>2,56 \u20ac<\/td><td>17. sz\u00e1zadi fresk\u00f3kkal bor\u00edtott falak, egy biz\u00e1nci hercegn\u0151 s\u00edreml\u00e9k\u00e9nek eredeti helye.<\/td><\/tr><tr><td><strong>Szent Paraszkeva<\/strong><\/td><td>13.\u201314. sz.<\/td><td><strong>Igen<\/strong><\/td><td>2,56 \u20ac<\/td><td>A lebontott Szent Gy\u00f6rgy-templomb\u00f3l megmentett fresk\u00f3k ki\u00e1ll\u00edt\u00e1sa, amelyet 1958-ban bontottak le.<\/td><\/tr><tr><td><strong>Keresztel\u0151 Szent J\u00e1nos<\/strong><\/td><td>10.\u201311. sz.<\/td><td><strong>Igen<\/strong><\/td><td>2,56 \u20ac<\/td><td>Ritka 14. sz\u00e1zadi ktitorportr\u00e9 \u00e9s Szent Marina fresk\u00f3ja. A templom r\u00e9gebbi alapokon \u00e1ll.<\/td><\/tr><tr><td><strong>Istensz\u00fcl\u0151<\/strong><\/td><td>19. sz. (1894)<\/td><td><strong>Igen<\/strong><\/td><td>Ingyenes<\/td><td>Az egyetlen m\u0171k\u00f6d\u0151, \u00e9l\u0151 templom magas harangl\u00e1bbal \u00e9s csodat\u00e9v\u0151 ikonnal, a helyi esk\u00fcv\u0151k kedvelt helysz\u00edne.<\/td><\/tr><tr><td><strong>Szent Sz\u00f3fia<\/strong><\/td><td>5. sz.<\/td><td><strong>Nem<\/strong> (rom)<\/td><td>Ingyenes<\/td><td>A leggyakrabban f\u00e9nyk\u00e9pezett hatalmas, tet\u0151 n\u00e9lk\u00fcli bazilika a f\u00e9lsziget k\u00f6zep\u00e9n.<\/td><\/tr><tr><td><strong>Szent J\u00e1nos Aliturgetosz<\/strong><\/td><td>14. sz.<\/td><td><strong>Nem<\/strong> (rom)<\/td><td>Ingyenes<\/td><td>A fest\u0151i falaz\u00e1si st\u00edlus gy\u00f6ny\u00f6r\u0171 p\u00e9ld\u00e1ja a kik\u00f6t\u0151 f\u00f6l\u00f6tt, amelyet az 1913-as er\u0151s f\u00f6ldreng\u00e9s megrong\u00e1lt.<\/td><\/tr><tr><td><strong>Krisztus Pantokr\u00e1tor<\/strong><\/td><td>13.\u201314. sz.<\/td><td><strong>Csak k\u00edv\u00fclr\u0151l<\/strong> \u26a0\ufe0f<\/td><td>Ellen\u0151rizd a helysz\u00ednen<\/td><td>A v\u00e1ros legd\u00edszesebb homlokzata, szvasztikafr\u00edzzel, ami a nap jelk\u00e9pe. Bel\u00fclr\u0151l a hossz\u00fa fel\u00faj\u00edt\u00e1s miatt z\u00e1rva.<\/td><\/tr><tr><td><strong>Eleusza Istensz\u00fcl\u0151<\/strong><\/td><td>5.\u20136. sz.<\/td><td><strong>Nem<\/strong> (rom)<\/td><td>Ingyenes<\/td><td>Terjedelmes bazilika az \u00e9szaki parton, amelynek egy r\u00e9sze a m\u00faltban a tengerbe omlott.<\/td><\/tr><\/tbody><\/table><\/figure>\n\n\n\n<figure data-wp-context=\"{&quot;imageId&quot;:&quot;6a9c3a74b0027&quot;}\" data-wp-interactive=\"core\/image\" data-wp-key=\"6a9c3a74b0027\" class=\"wp-block-image size-full wp-lightbox-container\"><img decoding=\"async\" width=\"1800\" height=\"1350\" data-wp-class--hide=\"state.isContentHidden\" data-wp-class--show=\"state.isContentVisible\" data-wp-init=\"callbacks.setButtonStyles\" data-wp-on--click=\"actions.showLightbox\" data-wp-on--load=\"callbacks.setButtonStyles\" data-wp-on--pointerdown=\"actions.preloadImage\" data-wp-on--pointerenter=\"actions.preloadImageWithDelay\" data-wp-on--pointerleave=\"actions.cancelPreload\" data-wp-on-window--resize=\"callbacks.setButtonStyles\" src=\"https:\/\/loudavymkrokem.cz\/wp-content\/uploads\/2026\/08\/bulharsko-research-nesebar-04.jpg\" alt=\"A neszeb\u00e1ri \u00f3v\u00e1ros macskak\u00f6ves utc\u00e1ja\" class=\"wp-image-404849\" title=\"\" srcset=\"https:\/\/loudavymkrokem.cz\/wp-content\/uploads\/2026\/08\/bulharsko-research-nesebar-04.jpg 1800w, https:\/\/loudavymkrokem.cz\/wp-content\/uploads\/2026\/08\/bulharsko-research-nesebar-04-300x225.jpg 300w, https:\/\/loudavymkrokem.cz\/wp-content\/uploads\/2026\/08\/bulharsko-research-nesebar-04-700x525.jpg 700w, https:\/\/loudavymkrokem.cz\/wp-content\/uploads\/2026\/08\/bulharsko-research-nesebar-04-768x576.jpg 768w, https:\/\/loudavymkrokem.cz\/wp-content\/uploads\/2026\/08\/bulharsko-research-nesebar-04-1536x1152.jpg 1536w, https:\/\/loudavymkrokem.cz\/wp-content\/uploads\/2026\/08\/bulharsko-research-nesebar-04-80x60.jpg 80w, https:\/\/loudavymkrokem.cz\/wp-content\/uploads\/2026\/08\/bulharsko-research-nesebar-04-160x120.jpg 160w, https:\/\/loudavymkrokem.cz\/wp-content\/uploads\/2026\/08\/bulharsko-research-nesebar-04-696x522.jpg 696w, https:\/\/loudavymkrokem.cz\/wp-content\/uploads\/2026\/08\/bulharsko-research-nesebar-04-1392x1044.jpg 1392w\" sizes=\"(max-width: 1800px) 100vw, 1800px\" \/><button\n\t\t\tclass=\"lightbox-trigger\"\n\t\t\ttype=\"button\"\n\t\t\taria-haspopup=\"dialog\"\n\t\t\tdata-wp-bind--aria-label=\"state.thisImage.triggerButtonAriaLabel\"\n\t\t\tdata-wp-init=\"callbacks.initTriggerButton\"\n\t\t\tdata-wp-on--click=\"actions.showLightbox\"\n\t\t\tdata-wp-style--right=\"state.thisImage.buttonRight\"\n\t\t\tdata-wp-style--top=\"state.thisImage.buttonTop\"\n\t\t>\n\t\t\t<svg xmlns=\"http:\/\/www.w3.org\/2000\/svg\" width=\"12\" height=\"12\" fill=\"none\" viewBox=\"0 0 12 12\">\n\t\t\t\t<path fill=\"#fff\" d=\"M2 0a2 2 0 0 0-2 2v2h1.5V2a.5.5 0 0 1 .5-.5h2V0H2Zm2 10.5H2a.5.5 0 0 1-.5-.5V8H0v2a2 2 0 0 0 2 2h2v-1.5ZM8 12v-1.5h2a.5.5 0 0 0 .5-.5V8H12v2a2 2 0 0 1-2 2H8Zm2-12a2 2 0 0 1 2 2v2h-1.5V2a.5.5 0 0 0-.5-.5H8V0h2Z\" \/>\n\t\t\t<\/svg>\n\t\t<\/button><figcaption class=\"wp-element-caption\">Foto: Tanya Dedyukhina \/ Wikimedia Commons, CC BY 3.0<\/figcaption><\/figure>\n\n\n\n<h2 class=\"wp-block-heading\"><span class=\"ez-toc-section\" id=\"Hogyan_juthatsz_el_Neszebarba_es_hol_parkolj\"><\/span>Hogyan juthatsz el Neszeb\u00e1rba, \u00e9s hol parkolj<span class=\"ez-toc-section-end\"><\/span><\/h2>\n\n\n\n<p class=\"wp-block-paragraph\">Az \u00f3v\u00e1rosba val\u00f3 eljut\u00e1s n\u00e9mi tervez\u00e9st ig\u00e9nyel, k\u00fcl\u00f6n\u00f6sen ha saj\u00e1t vagy b\u00e9relt aut\u00f3val \u00e9rkezel. A f\u00f3rumokon a leggyakoribb k\u00e9rd\u00e9s a szomsz\u00e9dos \u00fcd\u00fcl\u0151helyekr\u0151l val\u00f3 eljut\u00e1s, mert <strong>a Napospart \u00e9s Neszeb\u00e1r k\u00f6z\u00f6tt reggelt\u0151l estig turist\u00e1k t\u00f6mege ing\u00e1zik<\/strong>.<\/p>\n\n\n\n<p class=\"wp-block-paragraph\">A legpraktikusabb \u00e9s legolcs\u00f3bb megold\u00e1s a <strong><a href=\"https:\/\/cbs-nesebar.com\/\" target=\"_blank\" rel=\"noopener nofollow\">helyi buszk\u00f6zleked\u00e9s<\/a><\/strong> haszn\u00e1lata, konkr\u00e9tan az 1-es, 4-es, 5-\u00f6s \u00e9s 8-as vonal, amelyek a hivatalos ny\u00e1ri menetrend szerint j\u00fanius elej\u00e9t\u0151l k\u00f6zlekednek. A leggyakoribb az 1-es vonal, amely a Napospartr\u00f3l 5:45-t\u0151l \u00e9jf\u00e9lig indul, k\u00e9nyelmes 10\u201320 perces id\u0151k\u00f6z\u00f6nk\u00e9nt. Az \u00fat k\u00f6r\u00fclbel\u00fcl negyed \u00f3r\u00e1ig tart, <strong>a jegy k\u00f6r\u00fclbel\u00fcl 1 \u20ac-ba ker\u00fcl, \u00e9s a j\u00e1rm\u0171v\u00f6n bel\u00fcl, k\u00f6zvetlen\u00fcl a kalauzn\u00e1l k\u00e9szp\u00e9nzben fizeted<\/strong>. A burgaszi rep\u00fcl\u0151t\u00e9rr\u0151l nem indul k\u00f6zvetlen busz, a 15-\u00f6s helyi j\u00e1rattal kell a burgaszi d\u00e9li buszp\u00e1lyaudvarra menned, \u00e9s ott \u00e1tsz\u00e1llnod egy t\u00e1vols\u00e1gi j\u00e1ratra.<\/p>\n\n\n\n<p class=\"wp-block-paragraph\">Alternat\u00edva a n\u00e9pszer\u0171 <strong>turistakisvonat<\/strong>, amely n\u00e9gy \u00fatvonalon, k\u00f6r\u00fclbel\u00fcl tizen\u00f6t percenk\u00e9nt k\u00f6zlekedik, vagy a <strong>kis kir\u00e1ndul\u00f3haj\u00f3k<\/strong>, amelyek f\u00e9l\u00f3r\u00e1nk\u00e9nt indulnak a naposparti kik\u00f6t\u0151kb\u0151l. A haj\u00f3 feln\u0151tteknek k\u00f6r\u00fclbel\u00fcl 10 \u20ac-ba, gyerekeknek 5 \u20ac-ba ker\u00fcl, ami remek \u00e9lm\u00e9ny, de sz\u00e1m\u00edts r\u00e1, hogy er\u0151sebb sz\u00e9lben a haj\u00f3z\u00e1s j\u00f3csk\u00e1n ringat\u00f3zhat.<\/p>\n\n\n\n<p class=\"wp-block-paragraph\">Ha aut\u00f3val j\u00f6ssz, egy alapvet\u0151 dolgot tudnod kell: <strong>a f\u00e9lszigetre el\u0151re elint\u00e9zett behajt\u00e1si enged\u00e9ly n\u00e9lk\u00fcl aut\u00f3val egy\u00e1ltal\u00e1n nem juthatsz be<\/strong>. Nincs behajt\u00e1si d\u00edj, a rendszer \u00fagy m\u0171k\u00f6dik, hogy az \u00f3v\u00e1rosban k\u00f6zvetlen\u00fcl elsz\u00e1ll\u00e1solt vend\u00e9geknek el\u0151re be kell jelentetni\u00fck a rendsz\u00e1mukat a sz\u00e1lloda recepci\u00f3j\u00e1n kereszt\u00fcl. Amint meg\u00e9rkezel, a soromp\u00f3k beengednek, \u00e9s <strong>pontosan egy \u00f3r\u00e1t kapsz a csomagok kirakod\u00e1s\u00e1ra<\/strong>, ut\u00e1na az aut\u00f3t \u00e1t kell vinned a parkol\u00f3ba.<\/p>\n\n\n\n<p class=\"wp-block-paragraph\"><strong>Hol parkolj, \u00e9s mennyibe ker\u00fcl:<\/strong><\/p>\n\n\n\n<p class=\"wp-block-paragraph\">A legjobb v\u00e1laszt\u00e1s a nagy, teljesen automatiz\u00e1lt parkol\u00f3, a <strong><a href=\"https:\/\/nessebar.bg\/\" target=\"_blank\" rel=\"noopener nofollow\">Parking North (\u0421\u0435\u0432\u0435\u0440 \u2013 \u0433\u043e\u043b\u044f\u043c) a Krajbrezsna utc\u00e1ban<\/a><\/strong>, ahol k\u00e9nyelmesen k\u00e1rty\u00e1val fizethetsz. Az elektronikus t\u00e1bl\u00e1k m\u00e1r messzir\u0151l megmutatj\u00e1k a szabad helyek sz\u00e1m\u00e1t.<\/p>\n\n\n\n<ul class=\"wp-block-list\">\n\n<li>Szem\u00e9lyaut\u00f3 5 \u00f3r\u00e1n bel\u00fcl: <strong>1,50 \u20ac \u00f3r\u00e1nk\u00e9nt<\/strong><\/li>\n\n\n\n<li>Szem\u00e9lyaut\u00f3 5 \u00f3ra felett 24 \u00f3r\u00e1ig: <strong>7,50 \u20ac eg\u00e9sz napra<\/strong><\/li>\n\n\n\n<li>K\u00e9k z\u00f3na az \u00fajv\u00e1rosban (legfeljebb 3 \u00f3ra): <strong>1,00 \u20ac \u00f3r\u00e1nk\u00e9nt<\/strong><\/li>\n\n\n<\/ul>\n\n\n\n<p class=\"wp-block-paragraph\">Nagyon vigy\u00e1zz a kijel\u00f6lt helyeken k\u00edv\u00fcli parkol\u00e1ssal. A helyi rend\u0151rs\u00e9g k\u00e9rlelhetetlen, <strong>a ker\u00e9kbilincs 20 \u20ac-ba ker\u00fcl<\/strong>, az aut\u00f3 elsz\u00e1ll\u00edt\u00e1sa pedig 40 \u20ac-ba, plusz az \u00f3rad\u00edjas parkol\u00e1s.<\/p>\n\n\n\n<figure data-wp-context=\"{&quot;imageId&quot;:&quot;6a9c3a74b0650&quot;}\" data-wp-interactive=\"core\/image\" data-wp-key=\"6a9c3a74b0650\" class=\"wp-block-image size-full wp-lightbox-container\"><img decoding=\"async\" width=\"1800\" height=\"1195\" data-wp-class--hide=\"state.isContentHidden\" data-wp-class--show=\"state.isContentVisible\" data-wp-init=\"callbacks.setButtonStyles\" data-wp-on--click=\"actions.showLightbox\" data-wp-on--load=\"callbacks.setButtonStyles\" data-wp-on--pointerdown=\"actions.preloadImage\" data-wp-on--pointerenter=\"actions.preloadImageWithDelay\" data-wp-on--pointerleave=\"actions.cancelPreload\" data-wp-on-window--resize=\"callbacks.setButtonStyles\" src=\"https:\/\/loudavymkrokem.cz\/wp-content\/uploads\/2026\/08\/bulharsko-research-nesebar-05.jpg\" alt=\"A neszeb\u00e1ri kik\u00f6t\u0151\" class=\"wp-image-404852\" title=\"\" srcset=\"https:\/\/loudavymkrokem.cz\/wp-content\/uploads\/2026\/08\/bulharsko-research-nesebar-05.jpg 1800w, https:\/\/loudavymkrokem.cz\/wp-content\/uploads\/2026\/08\/bulharsko-research-nesebar-05-300x199.jpg 300w, https:\/\/loudavymkrokem.cz\/wp-content\/uploads\/2026\/08\/bulharsko-research-nesebar-05-700x465.jpg 700w, https:\/\/loudavymkrokem.cz\/wp-content\/uploads\/2026\/08\/bulharsko-research-nesebar-05-768x510.jpg 768w, https:\/\/loudavymkrokem.cz\/wp-content\/uploads\/2026\/08\/bulharsko-research-nesebar-05-1536x1020.jpg 1536w, https:\/\/loudavymkrokem.cz\/wp-content\/uploads\/2026\/08\/bulharsko-research-nesebar-05-696x462.jpg 696w, https:\/\/loudavymkrokem.cz\/wp-content\/uploads\/2026\/08\/bulharsko-research-nesebar-05-1392x924.jpg 1392w\" sizes=\"(max-width: 1800px) 100vw, 1800px\" \/><button\n\t\t\tclass=\"lightbox-trigger\"\n\t\t\ttype=\"button\"\n\t\t\taria-haspopup=\"dialog\"\n\t\t\tdata-wp-bind--aria-label=\"state.thisImage.triggerButtonAriaLabel\"\n\t\t\tdata-wp-init=\"callbacks.initTriggerButton\"\n\t\t\tdata-wp-on--click=\"actions.showLightbox\"\n\t\t\tdata-wp-style--right=\"state.thisImage.buttonRight\"\n\t\t\tdata-wp-style--top=\"state.thisImage.buttonTop\"\n\t\t>\n\t\t\t<svg xmlns=\"http:\/\/www.w3.org\/2000\/svg\" width=\"12\" height=\"12\" fill=\"none\" viewBox=\"0 0 12 12\">\n\t\t\t\t<path fill=\"#fff\" d=\"M2 0a2 2 0 0 0-2 2v2h1.5V2a.5.5 0 0 1 .5-.5h2V0H2Zm2 10.5H2a.5.5 0 0 1-.5-.5V8H0v2a2 2 0 0 0 2 2h2v-1.5ZM8 12v-1.5h2a.5.5 0 0 0 .5-.5V8H12v2a2 2 0 0 1-2 2H8Zm2-12a2 2 0 0 1 2 2v2h-1.5V2a.5.5 0 0 0-.5-.5H8V0h2Z\" \/>\n\t\t\t<\/svg>\n\t\t<\/button><figcaption class=\"wp-element-caption\">Foto: Wistula \/ Wikimedia Commons, CC BY 3.0<\/figcaption><\/figure>\n\n\n\n<h2 class=\"wp-block-heading\"><span class=\"ez-toc-section\" id=\"Taxival_csak_megfontoltan\"><\/span>Taxival csak megfontoltan<span class=\"ez-toc-section-end\"><\/span><\/h2>\n\n\n\n<p class=\"wp-block-paragraph\">A bolg\u00e1r tengerparton utazva egy nagyon kellemetlen jelens\u00e9gbe \u00fctk\u00f6z\u00f6l, amely sok p\u00e9nzedbe ker\u00fclhet. <strong>A taxi kilom\u00e9terd\u00edja Neszeb\u00e1r telep\u00fcl\u00e9sen k\u00f6r\u00fclbel\u00fcl h\u00e1romszorosa<\/strong> a k\u00f6zeli Burgaszban tapasztaltnak. M\u00edg Burgaszban egy kilom\u00e9ter\u00e9rt 0,77 \u20ac-t fizetsz, Neszeb\u00e1rban a nappali tarifa 2,30 \u20ac, az \u00e9jszakai pedig egyenesen 2,56 \u20ac. Az alapd\u00edj pedig 3,83 \u20ac.<\/p>\n\n\n\n<p class=\"wp-block-paragraph\">A gyakorlatban ez azt jelenti, hogy ha az utc\u00e1r\u00f3l fogsz taxit a Napospartr\u00f3l a burgaszi rep\u00fcl\u0151t\u00e9rre (ami k\u00f6r\u00fclbel\u00fcl 26 kilom\u00e9ter), <strong>a taxi\u00f3ra nappal 64 \u20ac-t, \u00e9jjel ak\u00e1r 70 \u20ac-t mutat<\/strong>. Ugyanez a t\u00e1vols\u00e1g Burgaszban k\u00f6r\u00fclbel\u00fcl h\u00fasz eur\u00f3ba ker\u00fclne. Ha viszont el\u0151re, interneten kereszt\u00fcl rendelsz transzfert, <strong>a rep\u00fcl\u0151t\u00e9rre vezet\u0151 \u00fat\u00e9rt nagyj\u00e1b\u00f3l a harmad\u00e1t fizeted<\/strong>, azaz 31 \u00e9s 41 \u20ac k\u00f6z\u00f6tti \u00f6sszeget.<\/p>\n\n\n\n<p class=\"wp-block-paragraph\">A turist\u00e1k \u00e9s a helyi sajt\u00f3 tapasztalatai szerint el\u0151fordul, hogy a sof\u0151r\u00f6k a t\u00e1j\u00e9kozatlan l\u00e1togat\u00f3knak abszurd \u00f6sszegeket sz\u00e1ml\u00e1znak. Dokument\u00e1lt egy 2023 j\u00faniusi eset, amikor <strong>egy turista 35 \u20ac-t fizetett mind\u00f6ssze 1,6 kilom\u00e9teres \u00fat\u00e9rt<\/strong>. A legjobb megel\u0151z\u00e9s, ha nem \u00fclsz be az els\u0151 aut\u00f3ba, amelyik a klub el\u0151tt vagy a s\u00e9t\u00e1nyon villog r\u00e1d, hanem elm\u00e9sz a hivatalos taxi\u00e1llom\u00e1sra, vagy eg\u00e9szen egy\u00e9rtelm\u0171en megbesz\u00e9led az \u00e1rat el\u0151re. <strong>Az olyan alkalmaz\u00e1sok, mint az Uber vagy a Bolt, itt sajnos nem m\u0171k\u00f6dnek.<\/strong><\/p>\n\n\n\n<figure data-wp-context=\"{&quot;imageId&quot;:&quot;6a9c3a74b0b25&quot;}\" data-wp-interactive=\"core\/image\" data-wp-key=\"6a9c3a74b0b25\" class=\"wp-block-image size-full wp-lightbox-container\"><img decoding=\"async\" width=\"1800\" height=\"1349\" data-wp-class--hide=\"state.isContentHidden\" data-wp-class--show=\"state.isContentVisible\" data-wp-init=\"callbacks.setButtonStyles\" data-wp-on--click=\"actions.showLightbox\" data-wp-on--load=\"callbacks.setButtonStyles\" data-wp-on--pointerdown=\"actions.preloadImage\" data-wp-on--pointerenter=\"actions.preloadImageWithDelay\" data-wp-on--pointerleave=\"actions.cancelPreload\" data-wp-on-window--resize=\"callbacks.setButtonStyles\" src=\"https:\/\/loudavymkrokem.cz\/wp-content\/uploads\/2026\/08\/bulharsko-research-nesebar-06.jpg\" alt=\"Neszeb\u00e1r a nagy turista\u00e1radaton k\u00edv\u00fcl\" class=\"wp-image-404854\" title=\"\" srcset=\"https:\/\/loudavymkrokem.cz\/wp-content\/uploads\/2026\/08\/bulharsko-research-nesebar-06.jpg 1800w, https:\/\/loudavymkrokem.cz\/wp-content\/uploads\/2026\/08\/bulharsko-research-nesebar-06-300x225.jpg 300w, https:\/\/loudavymkrokem.cz\/wp-content\/uploads\/2026\/08\/bulharsko-research-nesebar-06-700x525.jpg 700w, https:\/\/loudavymkrokem.cz\/wp-content\/uploads\/2026\/08\/bulharsko-research-nesebar-06-768x576.jpg 768w, https:\/\/loudavymkrokem.cz\/wp-content\/uploads\/2026\/08\/bulharsko-research-nesebar-06-1536x1151.jpg 1536w, https:\/\/loudavymkrokem.cz\/wp-content\/uploads\/2026\/08\/bulharsko-research-nesebar-06-80x60.jpg 80w, https:\/\/loudavymkrokem.cz\/wp-content\/uploads\/2026\/08\/bulharsko-research-nesebar-06-160x120.jpg 160w, https:\/\/loudavymkrokem.cz\/wp-content\/uploads\/2026\/08\/bulharsko-research-nesebar-06-696x522.jpg 696w, https:\/\/loudavymkrokem.cz\/wp-content\/uploads\/2026\/08\/bulharsko-research-nesebar-06-1392x1043.jpg 1392w\" sizes=\"(max-width: 1800px) 100vw, 1800px\" \/><button\n\t\t\tclass=\"lightbox-trigger\"\n\t\t\ttype=\"button\"\n\t\t\taria-haspopup=\"dialog\"\n\t\t\tdata-wp-bind--aria-label=\"state.thisImage.triggerButtonAriaLabel\"\n\t\t\tdata-wp-init=\"callbacks.initTriggerButton\"\n\t\t\tdata-wp-on--click=\"actions.showLightbox\"\n\t\t\tdata-wp-style--right=\"state.thisImage.buttonRight\"\n\t\t\tdata-wp-style--top=\"state.thisImage.buttonTop\"\n\t\t>\n\t\t\t<svg xmlns=\"http:\/\/www.w3.org\/2000\/svg\" width=\"12\" height=\"12\" fill=\"none\" viewBox=\"0 0 12 12\">\n\t\t\t\t<path fill=\"#fff\" d=\"M2 0a2 2 0 0 0-2 2v2h1.5V2a.5.5 0 0 1 .5-.5h2V0H2Zm2 10.5H2a.5.5 0 0 1-.5-.5V8H0v2a2 2 0 0 0 2 2h2v-1.5ZM8 12v-1.5h2a.5.5 0 0 0 .5-.5V8H12v2a2 2 0 0 1-2 2H8Zm2-12a2 2 0 0 1 2 2v2h-1.5V2a.5.5 0 0 0-.5-.5H8V0h2Z\" \/>\n\t\t\t<\/svg>\n\t\t<\/button><figcaption class=\"wp-element-caption\">Foto: \u041c\u0438\u0445\u0430\u043b \u041e\u0440\u0435\u043b\u0430 \/ Wikimedia Commons, CC BY 3.0<\/figcaption><\/figure>\n\n\n\n<h2 class=\"wp-block-heading\"><span class=\"ez-toc-section\" id=\"Mikor_menj_Neszebarba_hogy_szinte_egyedul_legyel\"><\/span>Mikor menj Neszeb\u00e1rba, hogy szinte egyed\u00fcl legy\u00e9l<span class=\"ez-toc-section-end\"><\/span><\/h2>\n\n\n\n<p class=\"wp-block-paragraph\">A telep\u00fcl\u00e9s hivatalos sz\u00e1mai egy\u00e9rtelm\u0171ek: <strong>a ny\u00e1ri szezonban naponta t\u00f6bb mint 30 000 ember l\u00e1togatja az \u00f3v\u00e1rost<\/strong>. Ha belegondolsz, hogy az eg\u00e9sz f\u00e9lsziget kisebb ter\u00fcleten fekszik, mint egy budapesti park, egy\u00e9rtelm\u0171, hogy a sz\u0171k utc\u00e1kban t\u00e9nyleg zs\u00fafolts\u00e1g lesz. Neszeb\u00e1r egyszer\u0171en eg\u00e9sz Bulg\u00e1ria legl\u00e1togatottabb telep\u00fcl\u00e9se.<\/p>\n\n\n\n<p class=\"wp-block-paragraph\">A legnagyobb t\u00f6meg <strong>d\u00e9l \u00e9s este h\u00e9t \u00f3ra k\u00f6z\u00f6tt<\/strong> uralkodik, amikor folyamatosan \u00e9rkeznek a szervezett kir\u00e1ndul\u00e1sok a t\u00e1gabb k\u00f6rny\u00e9kr\u0151l. Ha \u00e9lvezni akarod a k\u0151utc\u00e1k romantikus hangulat\u00e1t, <strong>\u00e9rkezz reggel t\u00edz \u00f3ra el\u0151tt<\/strong>, amikor m\u00e9g kellemes h\u0171v\u00f6s van, \u00e9s a tenger a legnyugodtabb. Remek v\u00e1laszt\u00e1s az esti s\u00e9ta is nyolc \u00f3ra ut\u00e1n, amikor a t\u00f6meg ritkul, \u00e9s a v\u00e1ros gy\u00f6ny\u00f6r\u0171en kivil\u00e1gosodik.<\/p>\n\n\n\n<p class=\"wp-block-paragraph\">Ha a f\u0151szezonon k\u00edv\u00fcli l\u00e1togat\u00e1son gondolkodsz, ne feledd, hogy <strong>okt\u00f3ber 13-t\u00f3l m\u00e1rcius v\u00e9g\u00e9ig az \u00f6sszes kis templom \u00e9s m\u00fazeum gyakorlatilag z\u00e1rva van<\/strong> (csak k\u00fcl\u00f6n megrendel\u00e9sre m\u0171k\u00f6dnek). Nyitva marad csup\u00e1n a R\u00e9g\u00e9szeti M\u00fazeum \u00e9s a Szent Istv\u00e1n-templom, m\u00e9gpedig d\u00e9lut\u00e1n \u00f6t \u00f3r\u00e1ig. Emellett a f\u00e9lszigeti \u00e9ttermek nagy r\u00e9sze t\u00e9lre bez\u00e1r.<\/p>\n\n\n\n<p class=\"wp-block-paragraph\"><strong>\u00c1tlagos leveg\u0151- \u00e9s tengerh\u0151m\u00e9rs\u00e9klet h\u00f3napok szerint:<\/strong><\/p>\n\n\n\n<figure class=\"wp-block-table\"><table><thead><tr><th>H\u00f3nap<\/th><th>Leveg\u0151 \u00b0C<\/th><th>Tenger \u00b0C<\/th><th>Csapad\u00e9k (napok)<\/th><\/tr><\/thead><tbody><tr><td>M\u00e1jus<\/td><td>20,3<\/td><td>16,1<\/td><td>9,9<\/td><\/tr><tr><td>J\u00fanius<\/td><td>25,2<\/td><td>23,1<\/td><td>10,4<\/td><\/tr><tr><td>J\u00falius<\/td><td>28,0<\/td><td>26,4<\/td><td>6,5<\/td><\/tr><tr><td><strong>Augusztus<\/strong><\/td><td><strong>28,4<\/strong><\/td><td><strong>26,4<\/strong><\/td><td><strong>3,5<\/strong><\/td><\/tr><tr><td>Szeptember<\/td><td>24,5<\/td><td>24,7<\/td><td>5,8<\/td><\/tr><tr><td>Okt\u00f3ber<\/td><td>19,0<\/td><td>20,8<\/td><td>6,8<\/td><\/tr><\/tbody><\/table><\/figure>\n\n\n\n<p class=\"wp-block-paragraph\">\ud83d\udca1 <strong>Tipp a tenger h\u0151m\u00e9rs\u00e9klet\u00e9hez:<\/strong> A pontos meteorol\u00f3giai adatok szerint a v\u00edz nagyon dinamikusan v\u00e1ltozik ak\u00e1r egy h\u00f3napon bel\u00fcl is. M\u00edg j\u00fanius eleje m\u00e9g viszonylag hideg, <strong>j\u00fanius v\u00e9ge a tengerben t\u00f6bb mint h\u00e1rom fokkal melegebb<\/strong>. Meglep\u0151 m\u00f3don szeptember els\u0151 fele sokkal melegebb vizet k\u00edn\u00e1l f\u00fcrd\u00e9shez, mint a ny\u00e1r eleje.<\/p>\n\n\n\n<figure data-wp-context=\"{&quot;imageId&quot;:&quot;6a9c3a74b0ff6&quot;}\" data-wp-interactive=\"core\/image\" data-wp-key=\"6a9c3a74b0ff6\" class=\"wp-block-image size-full wp-lightbox-container\"><img decoding=\"async\" width=\"1800\" height=\"1156\" data-wp-class--hide=\"state.isContentHidden\" data-wp-class--show=\"state.isContentVisible\" data-wp-init=\"callbacks.setButtonStyles\" data-wp-on--click=\"actions.showLightbox\" data-wp-on--load=\"callbacks.setButtonStyles\" data-wp-on--pointerdown=\"actions.preloadImage\" data-wp-on--pointerenter=\"actions.preloadImageWithDelay\" data-wp-on--pointerleave=\"actions.cancelPreload\" data-wp-on-window--resize=\"callbacks.setButtonStyles\" src=\"https:\/\/loudavymkrokem.cz\/wp-content\/uploads\/2026\/08\/bulharsko-research-nesebar-07.jpg\" alt=\"A neszeb\u00e1ri f\u00e9lsziget k\u00f6z\u00e9pkori templomai\" class=\"wp-image-404856\" title=\"\" srcset=\"https:\/\/loudavymkrokem.cz\/wp-content\/uploads\/2026\/08\/bulharsko-research-nesebar-07.jpg 1800w, https:\/\/loudavymkrokem.cz\/wp-content\/uploads\/2026\/08\/bulharsko-research-nesebar-07-300x193.jpg 300w, https:\/\/loudavymkrokem.cz\/wp-content\/uploads\/2026\/08\/bulharsko-research-nesebar-07-700x450.jpg 700w, https:\/\/loudavymkrokem.cz\/wp-content\/uploads\/2026\/08\/bulharsko-research-nesebar-07-768x493.jpg 768w, https:\/\/loudavymkrokem.cz\/wp-content\/uploads\/2026\/08\/bulharsko-research-nesebar-07-1536x986.jpg 1536w, https:\/\/loudavymkrokem.cz\/wp-content\/uploads\/2026\/08\/bulharsko-research-nesebar-07-696x447.jpg 696w, https:\/\/loudavymkrokem.cz\/wp-content\/uploads\/2026\/08\/bulharsko-research-nesebar-07-1392x894.jpg 1392w\" sizes=\"(max-width: 1800px) 100vw, 1800px\" \/><button\n\t\t\tclass=\"lightbox-trigger\"\n\t\t\ttype=\"button\"\n\t\t\taria-haspopup=\"dialog\"\n\t\t\tdata-wp-bind--aria-label=\"state.thisImage.triggerButtonAriaLabel\"\n\t\t\tdata-wp-init=\"callbacks.initTriggerButton\"\n\t\t\tdata-wp-on--click=\"actions.showLightbox\"\n\t\t\tdata-wp-style--right=\"state.thisImage.buttonRight\"\n\t\t\tdata-wp-style--top=\"state.thisImage.buttonTop\"\n\t\t>\n\t\t\t<svg xmlns=\"http:\/\/www.w3.org\/2000\/svg\" width=\"12\" height=\"12\" fill=\"none\" viewBox=\"0 0 12 12\">\n\t\t\t\t<path fill=\"#fff\" d=\"M2 0a2 2 0 0 0-2 2v2h1.5V2a.5.5 0 0 1 .5-.5h2V0H2Zm2 10.5H2a.5.5 0 0 1-.5-.5V8H0v2a2 2 0 0 0 2 2h2v-1.5ZM8 12v-1.5h2a.5.5 0 0 0 .5-.5V8H12v2a2 2 0 0 1-2 2H8Zm2-12a2 2 0 0 1 2 2v2h-1.5V2a.5.5 0 0 0-.5-.5H8V0h2Z\" \/>\n\t\t\t<\/svg>\n\t\t<\/button><figcaption class=\"wp-element-caption\">Foto: Pudelek (Marcin Szala) \/ Wikimedia Commons, CC BY-SA 3.0<\/figcaption><\/figure>\n\n\n\n<h2 class=\"wp-block-heading\"><span class=\"ez-toc-section\" id=\"Templomok_es_szentelyek_8_hely_amit_latnod_kell\"><\/span>Templomok \u00e9s szent\u00e9lyek: 8 hely, amit l\u00e1tnod kell<span class=\"ez-toc-section-end\"><\/span><\/h2>\n\n\n\n<p class=\"wp-block-paragraph\">Most j\u00f6n a legjobb r\u00e9sz. Az \u00e9p\u00edt\u00e9szeti gazdags\u00e1g itt annyira s\u0171r\u0171n zs\u00fafol\u00f3dik, hogy Neszeb\u00e1rt \u201e<strong>bolg\u00e1r Ravenn\u00e1nak<\/strong>&#8221; bec\u00e9zik, \u00e9s \u0151szint\u00e9n, ez a hasonlat teljesen meg\u00e1llja a hely\u00e9t. Az \u00f6sszes eml\u00edtett l\u00e1tnival\u00f3t <strong>p\u00e1r sz\u00e1z m\u00e9teres k\u00f6rzetben<\/strong> megtal\u00e1lod.<\/p>\n\n\n\n<figure data-wp-context=\"{&quot;imageId&quot;:&quot;6a9c3a74b136a&quot;}\" data-wp-interactive=\"core\/image\" data-wp-key=\"6a9c3a74b136a\" class=\"wp-block-image size-full wp-lightbox-container\"><img decoding=\"async\" width=\"1800\" height=\"1450\" data-wp-class--hide=\"state.isContentHidden\" data-wp-class--show=\"state.isContentVisible\" data-wp-init=\"callbacks.setButtonStyles\" data-wp-on--click=\"actions.showLightbox\" data-wp-on--load=\"callbacks.setButtonStyles\" data-wp-on--pointerdown=\"actions.preloadImage\" data-wp-on--pointerenter=\"actions.preloadImageWithDelay\" data-wp-on--pointerleave=\"actions.cancelPreload\" data-wp-on-window--resize=\"callbacks.setButtonStyles\" src=\"https:\/\/loudavymkrokem.cz\/wp-content\/uploads\/2026\/08\/bulharsko-research-nesebar-08.jpg\" alt=\"A Szent Istv\u00e1n-templom, az \u00daj Metrop\u00f3lia\" class=\"wp-image-404858\" title=\"\" srcset=\"https:\/\/loudavymkrokem.cz\/wp-content\/uploads\/2026\/08\/bulharsko-research-nesebar-08.jpg 1800w, https:\/\/loudavymkrokem.cz\/wp-content\/uploads\/2026\/08\/bulharsko-research-nesebar-08-300x242.jpg 300w, https:\/\/loudavymkrokem.cz\/wp-content\/uploads\/2026\/08\/bulharsko-research-nesebar-08-700x564.jpg 700w, https:\/\/loudavymkrokem.cz\/wp-content\/uploads\/2026\/08\/bulharsko-research-nesebar-08-768x619.jpg 768w, https:\/\/loudavymkrokem.cz\/wp-content\/uploads\/2026\/08\/bulharsko-research-nesebar-08-1536x1237.jpg 1536w, https:\/\/loudavymkrokem.cz\/wp-content\/uploads\/2026\/08\/bulharsko-research-nesebar-08-696x561.jpg 696w, https:\/\/loudavymkrokem.cz\/wp-content\/uploads\/2026\/08\/bulharsko-research-nesebar-08-1392x1121.jpg 1392w\" sizes=\"(max-width: 1800px) 100vw, 1800px\" \/><button\n\t\t\tclass=\"lightbox-trigger\"\n\t\t\ttype=\"button\"\n\t\t\taria-haspopup=\"dialog\"\n\t\t\tdata-wp-bind--aria-label=\"state.thisImage.triggerButtonAriaLabel\"\n\t\t\tdata-wp-init=\"callbacks.initTriggerButton\"\n\t\t\tdata-wp-on--click=\"actions.showLightbox\"\n\t\t\tdata-wp-style--right=\"state.thisImage.buttonRight\"\n\t\t\tdata-wp-style--top=\"state.thisImage.buttonTop\"\n\t\t>\n\t\t\t<svg xmlns=\"http:\/\/www.w3.org\/2000\/svg\" width=\"12\" height=\"12\" fill=\"none\" viewBox=\"0 0 12 12\">\n\t\t\t\t<path fill=\"#fff\" d=\"M2 0a2 2 0 0 0-2 2v2h1.5V2a.5.5 0 0 1 .5-.5h2V0H2Zm2 10.5H2a.5.5 0 0 1-.5-.5V8H0v2a2 2 0 0 0 2 2h2v-1.5ZM8 12v-1.5h2a.5.5 0 0 0 .5-.5V8H12v2a2 2 0 0 1-2 2H8Zm2-12a2 2 0 0 1 2 2v2h-1.5V2a.5.5 0 0 0-.5-.5H8V0h2Z\" \/>\n\t\t\t<\/svg>\n\t\t<\/button><figcaption class=\"wp-element-caption\">Foto: MrPanyGoff \/ Wikimedia Commons, CC BY-SA 3.0<\/figcaption><\/figure>\n\n\n\n<h3 class=\"wp-block-heading\"><span class=\"ez-toc-section\" id=\"1_Szent_Istvan-templom_Uj_Metropolia\"><\/span>1. Szent Istv\u00e1n-templom (\u00daj Metrop\u00f3lia)<span class=\"ez-toc-section-end\"><\/span><\/h3>\n\n\n\n<p class=\"wp-block-paragraph\">Ez a neszeb\u00e1ri \u00e9p\u00edt\u00e9szet abszol\u00fat cs\u00facspontja \u00e9s <strong>a f\u0151 l\u00e1tv\u00e1nyoss\u00e1g minden t\u00f6rt\u00e9nelemkedvel\u0151 sz\u00e1m\u00e1ra<\/strong>. A templom a 11\u201313. sz\u00e1zadb\u00f3l sz\u00e1rmazik, \u00e9s a kevesek egyikek\u00e9nt bel\u00fclr\u0151l is l\u00e1togathat\u00f3 (bel\u00e9p\u0151 4,60 \u20ac). Amikor bel\u00e9psz, el\u00e1mulsz a <strong>gy\u00f6ny\u00f6r\u0171en meg\u0151rz\u00f6tt, 1599-es fresk\u00f3kon<\/strong>, amelyek t\u00f6bb mint 1000 alakot \u00e1br\u00e1zolnak 258 k\u00fcl\u00f6nb\u00f6z\u0151 kompoz\u00edci\u00f3ban.<\/p>\n\n\n\n<p class=\"wp-block-paragraph\">A d\u00edsz\u00edt\u00e9sen bizony\u00edthat\u00f3an h\u00e1rom k\u00fcl\u00f6nb\u00f6z\u0151 mester dolgozott, a bels\u0151 teret pedig egy gy\u00f6ny\u00f6r\u0171 festett ikonoszt\u00e1z \u00e9s egy 18. sz\u00e1zadi faragott tr\u00f3n eg\u00e9sz\u00edti ki. Nagy el\u0151ny, hogy <strong>a legt\u00f6bb bolg\u00e1r templommal ellent\u00e9tben itt f\u00e9nyk\u00e9pezhetsz<\/strong>, \u00edgy meg\u00f6r\u00f6k\u00edtheted ezt a sz\u00e9ps\u00e9get. A templom m\u00e1r 1974 \u00f3ta nyitva \u00e1ll a l\u00e1togat\u00f3k el\u0151tt, \u00e9s semmik\u00e9pp sem szabad kihagynod.<\/p>\n\n\n\n<figure data-wp-context=\"{&quot;imageId&quot;:&quot;6a9c3a74b16fd&quot;}\" data-wp-interactive=\"core\/image\" data-wp-key=\"6a9c3a74b16fd\" class=\"wp-block-image size-full wp-lightbox-container\"><img decoding=\"async\" width=\"1800\" height=\"1350\" data-wp-class--hide=\"state.isContentHidden\" data-wp-class--show=\"state.isContentVisible\" data-wp-init=\"callbacks.setButtonStyles\" data-wp-on--click=\"actions.showLightbox\" data-wp-on--load=\"callbacks.setButtonStyles\" data-wp-on--pointerdown=\"actions.preloadImage\" data-wp-on--pointerenter=\"actions.preloadImageWithDelay\" data-wp-on--pointerleave=\"actions.cancelPreload\" data-wp-on-window--resize=\"callbacks.setButtonStyles\" src=\"https:\/\/loudavymkrokem.cz\/wp-content\/uploads\/2026\/08\/bulharsko-research-nesebar-09.jpg\" alt=\"A Szent Megv\u00e1lt\u00f3-templom 17. sz\u00e1zadi fresk\u00f3kkal\" class=\"wp-image-404860\" title=\"\" srcset=\"https:\/\/loudavymkrokem.cz\/wp-content\/uploads\/2026\/08\/bulharsko-research-nesebar-09.jpg 1800w, https:\/\/loudavymkrokem.cz\/wp-content\/uploads\/2026\/08\/bulharsko-research-nesebar-09-300x225.jpg 300w, https:\/\/loudavymkrokem.cz\/wp-content\/uploads\/2026\/08\/bulharsko-research-nesebar-09-700x525.jpg 700w, https:\/\/loudavymkrokem.cz\/wp-content\/uploads\/2026\/08\/bulharsko-research-nesebar-09-768x576.jpg 768w, https:\/\/loudavymkrokem.cz\/wp-content\/uploads\/2026\/08\/bulharsko-research-nesebar-09-1536x1152.jpg 1536w, https:\/\/loudavymkrokem.cz\/wp-content\/uploads\/2026\/08\/bulharsko-research-nesebar-09-80x60.jpg 80w, https:\/\/loudavymkrokem.cz\/wp-content\/uploads\/2026\/08\/bulharsko-research-nesebar-09-160x120.jpg 160w, https:\/\/loudavymkrokem.cz\/wp-content\/uploads\/2026\/08\/bulharsko-research-nesebar-09-696x522.jpg 696w, https:\/\/loudavymkrokem.cz\/wp-content\/uploads\/2026\/08\/bulharsko-research-nesebar-09-1392x1044.jpg 1392w\" sizes=\"(max-width: 1800px) 100vw, 1800px\" \/><button\n\t\t\tclass=\"lightbox-trigger\"\n\t\t\ttype=\"button\"\n\t\t\taria-haspopup=\"dialog\"\n\t\t\tdata-wp-bind--aria-label=\"state.thisImage.triggerButtonAriaLabel\"\n\t\t\tdata-wp-init=\"callbacks.initTriggerButton\"\n\t\t\tdata-wp-on--click=\"actions.showLightbox\"\n\t\t\tdata-wp-style--right=\"state.thisImage.buttonRight\"\n\t\t\tdata-wp-style--top=\"state.thisImage.buttonTop\"\n\t\t>\n\t\t\t<svg xmlns=\"http:\/\/www.w3.org\/2000\/svg\" width=\"12\" height=\"12\" fill=\"none\" viewBox=\"0 0 12 12\">\n\t\t\t\t<path fill=\"#fff\" d=\"M2 0a2 2 0 0 0-2 2v2h1.5V2a.5.5 0 0 1 .5-.5h2V0H2Zm2 10.5H2a.5.5 0 0 1-.5-.5V8H0v2a2 2 0 0 0 2 2h2v-1.5ZM8 12v-1.5h2a.5.5 0 0 0 .5-.5V8H12v2a2 2 0 0 1-2 2H8Zm2-12a2 2 0 0 1 2 2v2h-1.5V2a.5.5 0 0 0-.5-.5H8V0h2Z\" \/>\n\t\t\t<\/svg>\n\t\t<\/button><figcaption class=\"wp-element-caption\">Foto: Oleg Yunakov \/ Wikimedia Commons (CC BY-SA 4.0)<\/figcaption><\/figure>\n\n\n\n<h3 class=\"wp-block-heading\"><span class=\"ez-toc-section\" id=\"2_Szent_Megvalto-templom_Mennybemenetel\"><\/span>2. Szent Megv\u00e1lt\u00f3-templom (Mennybemenetel)<span class=\"ez-toc-section-end\"><\/span><\/h3>\n\n\n\n<p class=\"wp-block-paragraph\">Ez a kis, jelent\u00e9ktelennek t\u0171n\u0151, 1609-es egyhaj\u00f3s \u00e9p\u00fclet igazi kincset rejt bel\u00fcl. A 2,56 \u20ac-os bel\u00e9p\u0151 megfizet\u00e9se ut\u00e1n egy olyan t\u00e9rbe l\u00e9psz, amelynek <strong>falait szinte a padl\u00f3t\u00f3l a mennyezetig leny\u0171g\u00f6z\u0151 fresk\u00f3k bor\u00edtj\u00e1k<\/strong> a 17. sz\u00e1zad elej\u00e9r\u0151l.<\/p>\n\n\n\n<p class=\"wp-block-paragraph\">\u00c9rdekess\u00e9g, hogy \u00e9ppen ezen a helyen \u0151rizt\u00e9k eredetileg <strong>Mataisza Kantakuzen\u00e9 Palaiologina biz\u00e1nci hercegn\u0151 s\u00edreml\u00e9k\u00e9t<\/strong>, aki 1441-ben hunyt el. Ma m\u00e1r ezt a ritka m\u0171t\u00e1rgyat a R\u00e9g\u00e9szeti M\u00fazeum biztons\u00e1g\u00e1ban tal\u00e1lod, de a templom hangulata \u00edgy is nagyon er\u0151s marad.<\/p>\n\n\n\n<figure data-wp-context=\"{&quot;imageId&quot;:&quot;6a9c3a74b1a7d&quot;}\" data-wp-interactive=\"core\/image\" data-wp-key=\"6a9c3a74b1a7d\" class=\"wp-block-image size-full wp-lightbox-container\"><img decoding=\"async\" width=\"1800\" height=\"729\" data-wp-class--hide=\"state.isContentHidden\" data-wp-class--show=\"state.isContentVisible\" data-wp-init=\"callbacks.setButtonStyles\" data-wp-on--click=\"actions.showLightbox\" data-wp-on--load=\"callbacks.setButtonStyles\" data-wp-on--pointerdown=\"actions.preloadImage\" data-wp-on--pointerenter=\"actions.preloadImageWithDelay\" data-wp-on--pointerleave=\"actions.cancelPreload\" data-wp-on-window--resize=\"callbacks.setButtonStyles\" src=\"https:\/\/loudavymkrokem.cz\/wp-content\/uploads\/2026\/08\/bulharsko-research-nesebar-10.jpg\" alt=\"A Szent Sz\u00f3fia-bazilika, a tet\u0151 n\u00e9lk\u00fcli R\u00e9gi Metrop\u00f3lia\" class=\"wp-image-404861\" title=\"\" srcset=\"https:\/\/loudavymkrokem.cz\/wp-content\/uploads\/2026\/08\/bulharsko-research-nesebar-10.jpg 1800w, https:\/\/loudavymkrokem.cz\/wp-content\/uploads\/2026\/08\/bulharsko-research-nesebar-10-300x122.jpg 300w, https:\/\/loudavymkrokem.cz\/wp-content\/uploads\/2026\/08\/bulharsko-research-nesebar-10-700x284.jpg 700w, https:\/\/loudavymkrokem.cz\/wp-content\/uploads\/2026\/08\/bulharsko-research-nesebar-10-768x311.jpg 768w, https:\/\/loudavymkrokem.cz\/wp-content\/uploads\/2026\/08\/bulharsko-research-nesebar-10-1536x622.jpg 1536w, https:\/\/loudavymkrokem.cz\/wp-content\/uploads\/2026\/08\/bulharsko-research-nesebar-10-696x282.jpg 696w, https:\/\/loudavymkrokem.cz\/wp-content\/uploads\/2026\/08\/bulharsko-research-nesebar-10-1392x564.jpg 1392w\" sizes=\"(max-width: 1800px) 100vw, 1800px\" \/><button\n\t\t\tclass=\"lightbox-trigger\"\n\t\t\ttype=\"button\"\n\t\t\taria-haspopup=\"dialog\"\n\t\t\tdata-wp-bind--aria-label=\"state.thisImage.triggerButtonAriaLabel\"\n\t\t\tdata-wp-init=\"callbacks.initTriggerButton\"\n\t\t\tdata-wp-on--click=\"actions.showLightbox\"\n\t\t\tdata-wp-style--right=\"state.thisImage.buttonRight\"\n\t\t\tdata-wp-style--top=\"state.thisImage.buttonTop\"\n\t\t>\n\t\t\t<svg xmlns=\"http:\/\/www.w3.org\/2000\/svg\" width=\"12\" height=\"12\" fill=\"none\" viewBox=\"0 0 12 12\">\n\t\t\t\t<path fill=\"#fff\" d=\"M2 0a2 2 0 0 0-2 2v2h1.5V2a.5.5 0 0 1 .5-.5h2V0H2Zm2 10.5H2a.5.5 0 0 1-.5-.5V8H0v2a2 2 0 0 0 2 2h2v-1.5ZM8 12v-1.5h2a.5.5 0 0 0 .5-.5V8H12v2a2 2 0 0 1-2 2H8Zm2-12a2 2 0 0 1 2 2v2h-1.5V2a.5.5 0 0 0-.5-.5H8V0h2Z\" \/>\n\t\t\t<\/svg>\n\t\t<\/button><figcaption class=\"wp-element-caption\">Foto: fusion-of-horizons \/ Wikimedia Commons, CC BY 2.0<\/figcaption><\/figure>\n\n\n\n<h3 class=\"wp-block-heading\"><span class=\"ez-toc-section\" id=\"3_Szent_Szofia-bazilika_Regi_Metropolia\"><\/span>3. Szent Sz\u00f3fia-bazilika (R\u00e9gi Metrop\u00f3lia)<span class=\"ez-toc-section-end\"><\/span><\/h3>\n\n\n\n<p class=\"wp-block-paragraph\">Ez <strong>az eg\u00e9sz v\u00e1ros leggyakrabban f\u00e9nyk\u00e9pezett romja<\/strong>, \u00e9s val\u00f3sz\u00edn\u0171leg az az ikonikus k\u00e9p, ami eszedbe jut, ha Neszeb\u00e1rt hallod. A hatalmas, tet\u0151 n\u00e9lk\u00fcli nyitott bazilika az 5. sz\u00e1zad k\u00f6zep\u00e9r\u0151l sz\u00e1rmazik, \u00e9s a mag\u00e1t\u00f3l Konstantin\u00e1polyt\u00f3l befoly\u00e1solt korai kereszt\u00e9ny \u00e9p\u00edt\u00e9szet p\u00e9ld\u00e1ja. A bel\u00e9p\u00e9s ingyenes, a romok szabadon l\u00e1togathat\u00f3k, \u00e9jjel-nappal.<\/p>\n\n\n\n<p class=\"wp-block-paragraph\">E hely t\u00f6rt\u00e9nete tele van dr\u00e1m\u00e1val. A 13. sz\u00e1zadban <strong>a sz\u00e9kesegyh\u00e1zat egy velencei flotta rabolta ki<\/strong>, \u00e9s \u00e9rt\u00e9kes erekly\u00e9ket vitt el innen, k\u00f6zt\u00fck Szent Andr\u00e1s apostol kez\u00e9t, amelyek a mai napig Velenc\u00e9ben vannak. 2025 m\u00e1jus\u00e1ban, majdnem hatsz\u00e1z \u00e9v ut\u00e1n itt k\u00f6z\u00f6s bolg\u00e1r-g\u00f6r\u00f6g liturgi\u00e1t tartottak, ami a helyiek sz\u00e1m\u00e1ra \u00f3ri\u00e1si \u00fcnnep volt.<\/p>\n\n\n\n<figure data-wp-context=\"{&quot;imageId&quot;:&quot;6a9c3a74b1e97&quot;}\" data-wp-interactive=\"core\/image\" data-wp-key=\"6a9c3a74b1e97\" class=\"wp-block-image size-full wp-lightbox-container\"><img decoding=\"async\" width=\"1800\" height=\"915\" data-wp-class--hide=\"state.isContentHidden\" data-wp-class--show=\"state.isContentVisible\" data-wp-init=\"callbacks.setButtonStyles\" data-wp-on--click=\"actions.showLightbox\" data-wp-on--load=\"callbacks.setButtonStyles\" data-wp-on--pointerdown=\"actions.preloadImage\" data-wp-on--pointerenter=\"actions.preloadImageWithDelay\" data-wp-on--pointerleave=\"actions.cancelPreload\" data-wp-on-window--resize=\"callbacks.setButtonStyles\" src=\"https:\/\/loudavymkrokem.cz\/wp-content\/uploads\/2026\/08\/bulharsko-research-nesebar-11.jpg\" alt=\"A 10. \u00e9s 11. sz\u00e1zad fordul\u00f3j\u00e1n \u00e9p\u00fclt Keresztel\u0151 Szent J\u00e1nos-templom\" class=\"wp-image-404864\" title=\"\" srcset=\"https:\/\/loudavymkrokem.cz\/wp-content\/uploads\/2026\/08\/bulharsko-research-nesebar-11.jpg 1800w, https:\/\/loudavymkrokem.cz\/wp-content\/uploads\/2026\/08\/bulharsko-research-nesebar-11-300x153.jpg 300w, https:\/\/loudavymkrokem.cz\/wp-content\/uploads\/2026\/08\/bulharsko-research-nesebar-11-700x356.jpg 700w, https:\/\/loudavymkrokem.cz\/wp-content\/uploads\/2026\/08\/bulharsko-research-nesebar-11-768x390.jpg 768w, https:\/\/loudavymkrokem.cz\/wp-content\/uploads\/2026\/08\/bulharsko-research-nesebar-11-1536x781.jpg 1536w, https:\/\/loudavymkrokem.cz\/wp-content\/uploads\/2026\/08\/bulharsko-research-nesebar-11-696x354.jpg 696w, https:\/\/loudavymkrokem.cz\/wp-content\/uploads\/2026\/08\/bulharsko-research-nesebar-11-1392x708.jpg 1392w\" sizes=\"(max-width: 1800px) 100vw, 1800px\" \/><button\n\t\t\tclass=\"lightbox-trigger\"\n\t\t\ttype=\"button\"\n\t\t\taria-haspopup=\"dialog\"\n\t\t\tdata-wp-bind--aria-label=\"state.thisImage.triggerButtonAriaLabel\"\n\t\t\tdata-wp-init=\"callbacks.initTriggerButton\"\n\t\t\tdata-wp-on--click=\"actions.showLightbox\"\n\t\t\tdata-wp-style--right=\"state.thisImage.buttonRight\"\n\t\t\tdata-wp-style--top=\"state.thisImage.buttonTop\"\n\t\t>\n\t\t\t<svg xmlns=\"http:\/\/www.w3.org\/2000\/svg\" width=\"12\" height=\"12\" fill=\"none\" viewBox=\"0 0 12 12\">\n\t\t\t\t<path fill=\"#fff\" d=\"M2 0a2 2 0 0 0-2 2v2h1.5V2a.5.5 0 0 1 .5-.5h2V0H2Zm2 10.5H2a.5.5 0 0 1-.5-.5V8H0v2a2 2 0 0 0 2 2h2v-1.5ZM8 12v-1.5h2a.5.5 0 0 0 .5-.5V8H12v2a2 2 0 0 1-2 2H8Zm2-12a2 2 0 0 1 2 2v2h-1.5V2a.5.5 0 0 0-.5-.5H8V0h2Z\" \/>\n\t\t\t<\/svg>\n\t\t<\/button><figcaption class=\"wp-element-caption\">Foto: fusion-of-horizons \/ Wikimedia Commons (CC BY 2.0)<\/figcaption><\/figure>\n\n\n\n<h3 class=\"wp-block-heading\"><span class=\"ez-toc-section\" id=\"4_Keresztelo_Szent_Janos-templom\"><\/span>4. Keresztel\u0151 Szent J\u00e1nos-templom<span class=\"ez-toc-section-end\"><\/span><\/h3>\n\n\n\n<p class=\"wp-block-paragraph\">Ez a 10. \u00e9s 11. sz\u00e1zad fordul\u00f3j\u00e1n \u00e9p\u00fclt templom egy m\u00e9g sokkal r\u00e9gebbi, 6. sz\u00e1zadi k\u00e9s\u0151 antik bazilika alapjain \u00e1ll. 2,56 \u20ac-os d\u00edj\u00e9rt juthatsz be, \u00e9s <strong>egy ritka, 14. sz\u00e1zadi ktitorportr\u00e9<\/strong> \u00e9s Szent Marina gy\u00f6ny\u00f6r\u0171, 17. sz\u00e1zadi fresk\u00f3ja v\u00e1r r\u00e1d.<\/p>\n\n\n\n<p class=\"wp-block-paragraph\">Ez egy mintaszer\u0171 <strong>kereszt alaprajz\u00fa, kupol\u00e1s \u00e9p\u00fclet<\/strong>, amely els\u0151 pillant\u00e1sra megfog a durva k\u0151homlokzat\u00e1val, felesleges d\u00edsz\u00edt\u00e9sek n\u00e9lk\u00fcl. Oszlopok tartj\u00e1k a k\u00f6zponti boltozatot, ami odabent nagyon kellemes, meghitt hangulatot teremt.<\/p>\n\n\n\n<p class=\"wp-block-paragraph\">\ud83d\udca1 <strong>Tipp:<\/strong> Ha \u00fagy d\u00f6ntesz, hogy t\u00f6bb fizet\u0151s templomot is megl\u00e1togatsz, mindenk\u00e9pp szerezz be r\u00f6gt\u00f6n az elej\u00e9n egy kombin\u00e1lt jegyet, amellyel jelent\u0151s \u00f6sszeget sp\u00f3rolsz eur\u00f3ban.<\/p>\n\n\n\n<figure data-wp-context=\"{&quot;imageId&quot;:&quot;6a9c3a74b2605&quot;}\" data-wp-interactive=\"core\/image\" data-wp-key=\"6a9c3a74b2605\" class=\"wp-block-image size-full wp-lightbox-container\"><img decoding=\"async\" width=\"1800\" height=\"1127\" data-wp-class--hide=\"state.isContentHidden\" data-wp-class--show=\"state.isContentVisible\" data-wp-init=\"callbacks.setButtonStyles\" data-wp-on--click=\"actions.showLightbox\" data-wp-on--load=\"callbacks.setButtonStyles\" data-wp-on--pointerdown=\"actions.preloadImage\" data-wp-on--pointerenter=\"actions.preloadImageWithDelay\" data-wp-on--pointerleave=\"actions.cancelPreload\" data-wp-on-window--resize=\"callbacks.setButtonStyles\" src=\"https:\/\/loudavymkrokem.cz\/wp-content\/uploads\/2026\/08\/bulharsko-research-nesebar-12.jpg\" alt=\"A Szent J\u00e1nos Aliturgetosz-templom a kik\u00f6t\u0151 f\u00f6l\u00f6tt\" class=\"wp-image-404866\" title=\"\" srcset=\"https:\/\/loudavymkrokem.cz\/wp-content\/uploads\/2026\/08\/bulharsko-research-nesebar-12.jpg 1800w, https:\/\/loudavymkrokem.cz\/wp-content\/uploads\/2026\/08\/bulharsko-research-nesebar-12-300x188.jpg 300w, https:\/\/loudavymkrokem.cz\/wp-content\/uploads\/2026\/08\/bulharsko-research-nesebar-12-700x438.jpg 700w, https:\/\/loudavymkrokem.cz\/wp-content\/uploads\/2026\/08\/bulharsko-research-nesebar-12-768x481.jpg 768w, https:\/\/loudavymkrokem.cz\/wp-content\/uploads\/2026\/08\/bulharsko-research-nesebar-12-1536x962.jpg 1536w, https:\/\/loudavymkrokem.cz\/wp-content\/uploads\/2026\/08\/bulharsko-research-nesebar-12-696x436.jpg 696w, https:\/\/loudavymkrokem.cz\/wp-content\/uploads\/2026\/08\/bulharsko-research-nesebar-12-1392x872.jpg 1392w\" sizes=\"(max-width: 1800px) 100vw, 1800px\" \/><button\n\t\t\tclass=\"lightbox-trigger\"\n\t\t\ttype=\"button\"\n\t\t\taria-haspopup=\"dialog\"\n\t\t\tdata-wp-bind--aria-label=\"state.thisImage.triggerButtonAriaLabel\"\n\t\t\tdata-wp-init=\"callbacks.initTriggerButton\"\n\t\t\tdata-wp-on--click=\"actions.showLightbox\"\n\t\t\tdata-wp-style--right=\"state.thisImage.buttonRight\"\n\t\t\tdata-wp-style--top=\"state.thisImage.buttonTop\"\n\t\t>\n\t\t\t<svg xmlns=\"http:\/\/www.w3.org\/2000\/svg\" width=\"12\" height=\"12\" fill=\"none\" viewBox=\"0 0 12 12\">\n\t\t\t\t<path fill=\"#fff\" d=\"M2 0a2 2 0 0 0-2 2v2h1.5V2a.5.5 0 0 1 .5-.5h2V0H2Zm2 10.5H2a.5.5 0 0 1-.5-.5V8H0v2a2 2 0 0 0 2 2h2v-1.5ZM8 12v-1.5h2a.5.5 0 0 0 .5-.5V8H12v2a2 2 0 0 1-2 2H8Zm2-12a2 2 0 0 1 2 2v2h-1.5V2a.5.5 0 0 0-.5-.5H8V0h2Z\" \/>\n\t\t\t<\/svg>\n\t\t<\/button><figcaption class=\"wp-element-caption\">Foto: MrPanyGoff \/ Wikimedia Commons, CC BY-SA 3.0<\/figcaption><\/figure>\n\n\n\n<h3 class=\"wp-block-heading\"><span class=\"ez-toc-section\" id=\"5_Szent_Janos_Aliturgetosz-templom_a_Felszenteletlen\"><\/span>5. Szent J\u00e1nos Aliturgetosz-templom (a Felszenteletlen)<span class=\"ez-toc-section-end\"><\/span><\/h3>\n\n\n\n<p class=\"wp-block-paragraph\">Ez a 14. sz\u00e1zadi \u00e9p\u00fclet k\u00f6zvetlen\u00fcl a kik\u00f6t\u0151 f\u00f6l\u00f6tt magasodik, \u00e9s <strong>az \u00fagynevezett fest\u0151i falaz\u00e1si st\u00edlus abszol\u00fat cs\u00facs\u00e1t<\/strong> k\u00e9pviseli, ahol feh\u00e9r k\u0151 \u00e9s v\u00f6r\u00f6s t\u00e9gla s\u00e1vjai v\u00e1ltakoznak, ker\u00e1miad\u00edszekkel kieg\u00e9sz\u00edtve. A templomot sajnos s\u00falyosan megrong\u00e1lta az 1913-as puszt\u00edt\u00f3 f\u00f6ldreng\u00e9s, \u00edgy csak k\u00edv\u00fclr\u0151l n\u00e9zheted meg, szabadon l\u00e1togathat\u00f3 romk\u00e9nt.<\/p>\n\n\n\n<p class=\"wp-block-paragraph\">Egy r\u00e9gi legenda szerint ezt a templomot sosem szentelt\u00e9k fel, mert <strong>az \u00e9p\u00edt\u00e9se sor\u00e1n tragikusan meghalt az egyik munk\u00e1s<\/strong>, amit az akkori szab\u00e1lyok nem engedtek figyelmen k\u00edv\u00fcl hagyni. Ak\u00e1r igaz, ak\u00e1r nem, az innen ny\u00edl\u00f3 kil\u00e1t\u00e1s a ny\u00edlt tengerre az eg\u00e9sz v\u00e1ros legjobbjai k\u00f6z\u00e9 tartozik.<\/p>\n\n\n\n<figure data-wp-context=\"{&quot;imageId&quot;:&quot;6a9c3a74b2ba5&quot;}\" data-wp-interactive=\"core\/image\" data-wp-key=\"6a9c3a74b2ba5\" class=\"wp-block-image size-full wp-lightbox-container\"><img decoding=\"async\" width=\"1800\" height=\"1089\" data-wp-class--hide=\"state.isContentHidden\" data-wp-class--show=\"state.isContentVisible\" data-wp-init=\"callbacks.setButtonStyles\" data-wp-on--click=\"actions.showLightbox\" data-wp-on--load=\"callbacks.setButtonStyles\" data-wp-on--pointerdown=\"actions.preloadImage\" data-wp-on--pointerenter=\"actions.preloadImageWithDelay\" data-wp-on--pointerleave=\"actions.cancelPreload\" data-wp-on-window--resize=\"callbacks.setButtonStyles\" src=\"https:\/\/loudavymkrokem.cz\/wp-content\/uploads\/2026\/08\/bulharsko-research-nesebar-13.jpg\" alt=\"A Krisztus Pantokr\u00e1tor-templom d\u00edszes homlokzata\" class=\"wp-image-404867\" title=\"\" srcset=\"https:\/\/loudavymkrokem.cz\/wp-content\/uploads\/2026\/08\/bulharsko-research-nesebar-13.jpg 1800w, https:\/\/loudavymkrokem.cz\/wp-content\/uploads\/2026\/08\/bulharsko-research-nesebar-13-300x182.jpg 300w, https:\/\/loudavymkrokem.cz\/wp-content\/uploads\/2026\/08\/bulharsko-research-nesebar-13-700x424.jpg 700w, https:\/\/loudavymkrokem.cz\/wp-content\/uploads\/2026\/08\/bulharsko-research-nesebar-13-768x465.jpg 768w, https:\/\/loudavymkrokem.cz\/wp-content\/uploads\/2026\/08\/bulharsko-research-nesebar-13-1536x929.jpg 1536w, https:\/\/loudavymkrokem.cz\/wp-content\/uploads\/2026\/08\/bulharsko-research-nesebar-13-696x421.jpg 696w, https:\/\/loudavymkrokem.cz\/wp-content\/uploads\/2026\/08\/bulharsko-research-nesebar-13-1392x842.jpg 1392w\" sizes=\"(max-width: 1800px) 100vw, 1800px\" \/><button\n\t\t\tclass=\"lightbox-trigger\"\n\t\t\ttype=\"button\"\n\t\t\taria-haspopup=\"dialog\"\n\t\t\tdata-wp-bind--aria-label=\"state.thisImage.triggerButtonAriaLabel\"\n\t\t\tdata-wp-init=\"callbacks.initTriggerButton\"\n\t\t\tdata-wp-on--click=\"actions.showLightbox\"\n\t\t\tdata-wp-style--right=\"state.thisImage.buttonRight\"\n\t\t\tdata-wp-style--top=\"state.thisImage.buttonTop\"\n\t\t>\n\t\t\t<svg xmlns=\"http:\/\/www.w3.org\/2000\/svg\" width=\"12\" height=\"12\" fill=\"none\" viewBox=\"0 0 12 12\">\n\t\t\t\t<path fill=\"#fff\" d=\"M2 0a2 2 0 0 0-2 2v2h1.5V2a.5.5 0 0 1 .5-.5h2V0H2Zm2 10.5H2a.5.5 0 0 1-.5-.5V8H0v2a2 2 0 0 0 2 2h2v-1.5ZM8 12v-1.5h2a.5.5 0 0 0 .5-.5V8H12v2a2 2 0 0 1-2 2H8Zm2-12a2 2 0 0 1 2 2v2h-1.5V2a.5.5 0 0 0-.5-.5H8V0h2Z\" \/>\n\t\t\t<\/svg>\n\t\t<\/button><figcaption class=\"wp-element-caption\">Foto: Pudelek (Marcin Szala) \/ Wikimedia Commons, CC BY-SA 3.0<\/figcaption><\/figure>\n\n\n\n<h3 class=\"wp-block-heading\"><span class=\"ez-toc-section\" id=\"6_Krisztus_Pantokrator-templom\"><\/span>6. Krisztus Pantokr\u00e1tor-templom<span class=\"ez-toc-section-end\"><\/span><\/h3>\n\n\n\n<p class=\"wp-block-paragraph\">Ha van Neszeb\u00e1rnak egy \u00e9p\u00fclete, amelyet f\u00e9nyk\u00e9pekr\u0151l m\u00e1r azel\u0151tt felismersz, hogy ide\u00e9rn\u00e9l, az ez a 13\u201314. sz\u00e1zadi templom. <strong>Homlokzata a legd\u00edszesebb az eg\u00e9sz v\u00e1rosban<\/strong>, \u00e9s k\u0151-, t\u00e9gla-, z\u00f6ld m\u00e1zas ker\u00e1miat\u00e1lka- \u00e9s vak\u00e1rk\u00e1ds\u00e1vokat kombin\u00e1l olyan mint\u00e1zatba, amelynek nincs p\u00e1rja a parton.<\/p>\n\n\n\n<p class=\"wp-block-paragraph\">A leg\u00e9rdekesebb r\u00e9szletet az apszisok f\u00f6l\u00f6tt tal\u00e1lod. Ott h\u00faz\u00f3dik egy <strong>t\u00e9glaszvasztik\u00e1kb\u00f3l \u00e1ll\u00f3 fr\u00edz<\/strong>, ami ebben az esetben \u0151si napszimb\u00f3lum, nem pedig modern kori r\u00f6vid\u00edt\u00e9s. A kupoladob nyolc \u00edves ablaka az eg\u00e9sz \u00e9p\u00fcletnek olyan k\u00f6nnyeds\u00e9get ad, amit ilyen massz\u00edv falazatn\u00e1l nem is v\u00e1rn\u00e1l.<\/p>\n\n\n\n<p class=\"wp-block-paragraph\">\ud83d\udca1 <strong>Tipp:<\/strong> A templom a m\u00fazeum 2026-os hivatalos \u00e1rlist\u00e1j\u00e1n nem szerepel, \u00e9s a tavaszi v\u00e9lem\u00e9nyek szerint m\u00e1r m\u00e1sodik szezonja \u00e1ll ker\u00edt\u00e9s m\u00f6g\u00f6tt, fel\u00faj\u00edt\u00e1sra v\u00e1rva. Sz\u00e1molj vele, hogy nem juthatsz be, \u00e9s tal\u00e1n \u00e1llv\u00e1nyzatba is botlasz. K\u00edv\u00fclr\u0151l viszont b\u00e1rmikor \u00e9s ingyen k\u00f6rbej\u00e1rhatod.<\/p>\n\n\n\n<figure data-wp-context=\"{&quot;imageId&quot;:&quot;6a9c3a74b2faf&quot;}\" data-wp-interactive=\"core\/image\" data-wp-key=\"6a9c3a74b2faf\" class=\"wp-block-image size-full wp-lightbox-container\"><img decoding=\"async\" width=\"1800\" height=\"1200\" data-wp-class--hide=\"state.isContentHidden\" data-wp-class--show=\"state.isContentVisible\" data-wp-init=\"callbacks.setButtonStyles\" data-wp-on--click=\"actions.showLightbox\" data-wp-on--load=\"callbacks.setButtonStyles\" data-wp-on--pointerdown=\"actions.preloadImage\" data-wp-on--pointerenter=\"actions.preloadImageWithDelay\" data-wp-on--pointerleave=\"actions.cancelPreload\" data-wp-on-window--resize=\"callbacks.setButtonStyles\" src=\"https:\/\/loudavymkrokem.cz\/wp-content\/uploads\/2026\/08\/bulharsko-research-nesebar-14.jpg\" alt=\"Az Eleusza Istensz\u00fcl\u0151-bazilika az \u00e9szaki parton\" class=\"wp-image-404869\" title=\"\" srcset=\"https:\/\/loudavymkrokem.cz\/wp-content\/uploads\/2026\/08\/bulharsko-research-nesebar-14.jpg 1800w, https:\/\/loudavymkrokem.cz\/wp-content\/uploads\/2026\/08\/bulharsko-research-nesebar-14-300x200.jpg 300w, https:\/\/loudavymkrokem.cz\/wp-content\/uploads\/2026\/08\/bulharsko-research-nesebar-14-700x467.jpg 700w, https:\/\/loudavymkrokem.cz\/wp-content\/uploads\/2026\/08\/bulharsko-research-nesebar-14-768x512.jpg 768w, https:\/\/loudavymkrokem.cz\/wp-content\/uploads\/2026\/08\/bulharsko-research-nesebar-14-1536x1024.jpg 1536w, https:\/\/loudavymkrokem.cz\/wp-content\/uploads\/2026\/08\/bulharsko-research-nesebar-14-696x464.jpg 696w, https:\/\/loudavymkrokem.cz\/wp-content\/uploads\/2026\/08\/bulharsko-research-nesebar-14-1392x928.jpg 1392w\" sizes=\"(max-width: 1800px) 100vw, 1800px\" \/><button\n\t\t\tclass=\"lightbox-trigger\"\n\t\t\ttype=\"button\"\n\t\t\taria-haspopup=\"dialog\"\n\t\t\tdata-wp-bind--aria-label=\"state.thisImage.triggerButtonAriaLabel\"\n\t\t\tdata-wp-init=\"callbacks.initTriggerButton\"\n\t\t\tdata-wp-on--click=\"actions.showLightbox\"\n\t\t\tdata-wp-style--right=\"state.thisImage.buttonRight\"\n\t\t\tdata-wp-style--top=\"state.thisImage.buttonTop\"\n\t\t>\n\t\t\t<svg xmlns=\"http:\/\/www.w3.org\/2000\/svg\" width=\"12\" height=\"12\" fill=\"none\" viewBox=\"0 0 12 12\">\n\t\t\t\t<path fill=\"#fff\" d=\"M2 0a2 2 0 0 0-2 2v2h1.5V2a.5.5 0 0 1 .5-.5h2V0H2Zm2 10.5H2a.5.5 0 0 1-.5-.5V8H0v2a2 2 0 0 0 2 2h2v-1.5ZM8 12v-1.5h2a.5.5 0 0 0 .5-.5V8H12v2a2 2 0 0 1-2 2H8Zm2-12a2 2 0 0 1 2 2v2h-1.5V2a.5.5 0 0 0-.5-.5H8V0h2Z\" \/>\n\t\t\t<\/svg>\n\t\t<\/button><figcaption class=\"wp-element-caption\">Foto: Kritzolina \/ Wikimedia Commons, CC BY-SA 4.0<\/figcaption><\/figure>\n\n\n\n<h3 class=\"wp-block-heading\"><span class=\"ez-toc-section\" id=\"7_Eleusza_Istenszulo-bazilika\"><\/span>7. Eleusza Istensz\u00fcl\u0151-bazilika<span class=\"ez-toc-section-end\"><\/span><\/h3>\n\n\n\n<p class=\"wp-block-paragraph\">A f\u00e9lsziget \u00e9szaki partj\u00e1n egy terjedelmes <strong>bazilika alapjait<\/strong> tal\u00e1lod az 5\u20136. sz\u00e1zadb\u00f3l, amely leny\u0171g\u00f6z\u0151, 28-szor 18 m\u00e9teres volt. Az eg\u00e9sz komplexumot a f\u00f6ld r\u00e9tegei alatt csak az 1920-as \u00e1sat\u00e1sokon fedezt\u00e9k fel. Az objektum szabadon l\u00e1togathat\u00f3, \u00e9s nem kell \u00e9rte <strong>bel\u00e9p\u0151t<\/strong> fizetni.<\/p>\n\n\n\n<p class=\"wp-block-paragraph\">Az e romokra val\u00f3 r\u00e1tekint\u00e9s kiss\u00e9 szomor\u00fa is, mert <strong>az \u00e9szaki \u00e9s a k\u00f6z\u00e9ps\u0151 haj\u00f3 egy r\u00e9sze a sz\u00e1zadok sor\u00e1n visszavonhatatlanul a tengerbe omlott<\/strong> a f\u00f6ldcsuszaml\u00e1sok sor\u00e1n. A kultur\u00e1lis miniszt\u00e9rium becsl\u00e9sei szerint a tenger fokozatosan az eg\u00e9sz \u00f3kori v\u00e1ros ter\u00fclet\u00e9nek negyed\u00e9t-harmad\u00e1t nyelte el, amit a v\u00edz alatt felfedezett hatalmas antik hull\u00e1mt\u00f6r\u0151k is bizony\u00edtanak.<\/p>\n\n\n\n<figure data-wp-context=\"{&quot;imageId&quot;:&quot;6a9c3a74b3387&quot;}\" data-wp-interactive=\"core\/image\" data-wp-key=\"6a9c3a74b3387\" class=\"wp-block-image size-full wp-lightbox-container\"><img decoding=\"async\" width=\"1800\" height=\"1350\" data-wp-class--hide=\"state.isContentHidden\" data-wp-class--show=\"state.isContentVisible\" data-wp-init=\"callbacks.setButtonStyles\" data-wp-on--click=\"actions.showLightbox\" data-wp-on--load=\"callbacks.setButtonStyles\" data-wp-on--pointerdown=\"actions.preloadImage\" data-wp-on--pointerenter=\"actions.preloadImageWithDelay\" data-wp-on--pointerleave=\"actions.cancelPreload\" data-wp-on-window--resize=\"callbacks.setButtonStyles\" src=\"https:\/\/loudavymkrokem.cz\/wp-content\/uploads\/2026\/08\/bulharsko-research-nesebar-15.jpg\" alt=\"Az Istensz\u00fcl\u0151-templom, az \u00f3v\u00e1ros egyetlen m\u0171k\u00f6d\u0151 temploma\" class=\"wp-image-404871\" title=\"\" srcset=\"https:\/\/loudavymkrokem.cz\/wp-content\/uploads\/2026\/08\/bulharsko-research-nesebar-15.jpg 1800w, https:\/\/loudavymkrokem.cz\/wp-content\/uploads\/2026\/08\/bulharsko-research-nesebar-15-300x225.jpg 300w, https:\/\/loudavymkrokem.cz\/wp-content\/uploads\/2026\/08\/bulharsko-research-nesebar-15-700x525.jpg 700w, https:\/\/loudavymkrokem.cz\/wp-content\/uploads\/2026\/08\/bulharsko-research-nesebar-15-768x576.jpg 768w, https:\/\/loudavymkrokem.cz\/wp-content\/uploads\/2026\/08\/bulharsko-research-nesebar-15-1536x1152.jpg 1536w, https:\/\/loudavymkrokem.cz\/wp-content\/uploads\/2026\/08\/bulharsko-research-nesebar-15-80x60.jpg 80w, https:\/\/loudavymkrokem.cz\/wp-content\/uploads\/2026\/08\/bulharsko-research-nesebar-15-160x120.jpg 160w, https:\/\/loudavymkrokem.cz\/wp-content\/uploads\/2026\/08\/bulharsko-research-nesebar-15-696x522.jpg 696w, https:\/\/loudavymkrokem.cz\/wp-content\/uploads\/2026\/08\/bulharsko-research-nesebar-15-1392x1044.jpg 1392w\" sizes=\"(max-width: 1800px) 100vw, 1800px\" \/><button\n\t\t\tclass=\"lightbox-trigger\"\n\t\t\ttype=\"button\"\n\t\t\taria-haspopup=\"dialog\"\n\t\t\tdata-wp-bind--aria-label=\"state.thisImage.triggerButtonAriaLabel\"\n\t\t\tdata-wp-init=\"callbacks.initTriggerButton\"\n\t\t\tdata-wp-on--click=\"actions.showLightbox\"\n\t\t\tdata-wp-style--right=\"state.thisImage.buttonRight\"\n\t\t\tdata-wp-style--top=\"state.thisImage.buttonTop\"\n\t\t>\n\t\t\t<svg xmlns=\"http:\/\/www.w3.org\/2000\/svg\" width=\"12\" height=\"12\" fill=\"none\" viewBox=\"0 0 12 12\">\n\t\t\t\t<path fill=\"#fff\" d=\"M2 0a2 2 0 0 0-2 2v2h1.5V2a.5.5 0 0 1 .5-.5h2V0H2Zm2 10.5H2a.5.5 0 0 1-.5-.5V8H0v2a2 2 0 0 0 2 2h2v-1.5ZM8 12v-1.5h2a.5.5 0 0 0 .5-.5V8H12v2a2 2 0 0 1-2 2H8Zm2-12a2 2 0 0 1 2 2v2h-1.5V2a.5.5 0 0 0-.5-.5H8V0h2Z\" \/>\n\t\t\t<\/svg>\n\t\t<\/button><figcaption class=\"wp-element-caption\">Foto: vitsoft \/ Wikimedia Commons (CC BY 3.0)<\/figcaption><\/figure>\n\n\n\n<h3 class=\"wp-block-heading\"><span class=\"ez-toc-section\" id=\"8_Istenszulo-templom_Mennybevetel\"><\/span>8. Istensz\u00fcl\u0151-templom (Mennybev\u00e9tel)<span class=\"ez-toc-section-end\"><\/span><\/h3>\n\n\n\n<p class=\"wp-block-paragraph\">Ha l\u00e1tni szeretn\u00e9d, hogyan n\u00e9z ki az \u00e9l\u0151 hit Neszeb\u00e1rban, indulj a Chemus utc\u00e1ba. Az itteni Istensz\u00fcl\u0151-templom <strong>a f\u00e9lsziget egyetlen m\u0171k\u00f6d\u0151 temploma<\/strong>, magas harangl\u00e1ba egy\u00e9rtelm\u0171en minden k\u00f6rnyez\u0151 \u00e9p\u00fclet f\u00f6l\u00e9 magasodik. A bel\u00e9p\u00e9s teljesen ingyenes, \u00e9s \u00e1ltal\u00e1ban 8:00-t\u00f3l 19:00-ig van nyitva.<\/p>\n\n\n\n<p class=\"wp-block-paragraph\">A templom 1857 \u00e9s 1894 k\u00f6z\u00f6tt \u00e9p\u00fclt, megszak\u00edt\u00e1sokkal, amikor \u00fcnnep\u00e9lyesen felszentelt\u00e9k. Bel\u00fcl gazdagon d\u00edsz\u00edtett bels\u0151 teret \u00e9s egy csodat\u00e9v\u0151 ikont tal\u00e1lsz, amelyhez a helyi lakosok im\u00e1dkozni j\u00e1rnak. <strong>Ez a hely egy\u00e9bk\u00e9nt nagyon n\u00e9pszer\u0171 a hagyom\u00e1nyos esk\u00fcv\u0151k megtart\u00e1s\u00e1ra<\/strong>, \u00edgy ha szerencs\u00e9d van, tal\u00e1n egy leny\u0171g\u00f6z\u0151 lakodalmat is l\u00e1thatsz itt.<\/p>\n\n\n\n<figure data-wp-context=\"{&quot;imageId&quot;:&quot;6a9c3a74b3716&quot;}\" data-wp-interactive=\"core\/image\" data-wp-key=\"6a9c3a74b3716\" class=\"wp-block-image size-full wp-lightbox-container\"><img decoding=\"async\" width=\"1800\" height=\"1350\" data-wp-class--hide=\"state.isContentHidden\" data-wp-class--show=\"state.isContentVisible\" data-wp-init=\"callbacks.setButtonStyles\" data-wp-on--click=\"actions.showLightbox\" data-wp-on--load=\"callbacks.setButtonStyles\" data-wp-on--pointerdown=\"actions.preloadImage\" data-wp-on--pointerenter=\"actions.preloadImageWithDelay\" data-wp-on--pointerleave=\"actions.cancelPreload\" data-wp-on-window--resize=\"callbacks.setButtonStyles\" src=\"https:\/\/loudavymkrokem.cz\/wp-content\/uploads\/2026\/08\/bulharsko-research-nesebar-16.jpg\" alt=\"Neszeb\u00e1r falai \u00e9s t\u00f6rt\u00e9nelmi magja\" class=\"wp-image-404874\" title=\"\" srcset=\"https:\/\/loudavymkrokem.cz\/wp-content\/uploads\/2026\/08\/bulharsko-research-nesebar-16.jpg 1800w, https:\/\/loudavymkrokem.cz\/wp-content\/uploads\/2026\/08\/bulharsko-research-nesebar-16-300x225.jpg 300w, https:\/\/loudavymkrokem.cz\/wp-content\/uploads\/2026\/08\/bulharsko-research-nesebar-16-700x525.jpg 700w, https:\/\/loudavymkrokem.cz\/wp-content\/uploads\/2026\/08\/bulharsko-research-nesebar-16-768x576.jpg 768w, https:\/\/loudavymkrokem.cz\/wp-content\/uploads\/2026\/08\/bulharsko-research-nesebar-16-1536x1152.jpg 1536w, https:\/\/loudavymkrokem.cz\/wp-content\/uploads\/2026\/08\/bulharsko-research-nesebar-16-80x60.jpg 80w, https:\/\/loudavymkrokem.cz\/wp-content\/uploads\/2026\/08\/bulharsko-research-nesebar-16-160x120.jpg 160w, https:\/\/loudavymkrokem.cz\/wp-content\/uploads\/2026\/08\/bulharsko-research-nesebar-16-696x522.jpg 696w, https:\/\/loudavymkrokem.cz\/wp-content\/uploads\/2026\/08\/bulharsko-research-nesebar-16-1392x1044.jpg 1392w\" sizes=\"(max-width: 1800px) 100vw, 1800px\" \/><button\n\t\t\tclass=\"lightbox-trigger\"\n\t\t\ttype=\"button\"\n\t\t\taria-haspopup=\"dialog\"\n\t\t\tdata-wp-bind--aria-label=\"state.thisImage.triggerButtonAriaLabel\"\n\t\t\tdata-wp-init=\"callbacks.initTriggerButton\"\n\t\t\tdata-wp-on--click=\"actions.showLightbox\"\n\t\t\tdata-wp-style--right=\"state.thisImage.buttonRight\"\n\t\t\tdata-wp-style--top=\"state.thisImage.buttonTop\"\n\t\t>\n\t\t\t<svg xmlns=\"http:\/\/www.w3.org\/2000\/svg\" width=\"12\" height=\"12\" fill=\"none\" viewBox=\"0 0 12 12\">\n\t\t\t\t<path fill=\"#fff\" d=\"M2 0a2 2 0 0 0-2 2v2h1.5V2a.5.5 0 0 1 .5-.5h2V0H2Zm2 10.5H2a.5.5 0 0 1-.5-.5V8H0v2a2 2 0 0 0 2 2h2v-1.5ZM8 12v-1.5h2a.5.5 0 0 0 .5-.5V8H12v2a2 2 0 0 1-2 2H8Zm2-12a2 2 0 0 1 2 2v2h-1.5V2a.5.5 0 0 0-.5-.5H8V0h2Z\" \/>\n\t\t\t<\/svg>\n\t\t<\/button><figcaption class=\"wp-element-caption\">Foto: \u0420\u043e\u043c\u0430\u043d \u0414\u043d\u0435\u043f\u0440 \/ Wikimedia Commons, CC BY-SA 3.0<\/figcaption><\/figure>\n\n\n\n<!-- LKM_GYG_CARD start q=\"nessebar\" lang=\"hu\" rendered=\"2026-09-05T12:28:05+00:00\" v=\"1\" -->\n<style id=\"lk-gyg-styles\">\n@import url(\"https:\/\/fonts.googleapis.com\/css2?family=Playfair+Display:wght@700&family=DM+Sans:wght@300;400;500;600&display=swap\");\n\/* === LK GYG karty \u2014 CRO redesign 2026-05 (namespace .lkx-) ===\n   C\u00edl: vy\u0161\u0161\u00ed CTR (hero + v\u00fdrazn\u00fd social proof + ak\u010dn\u00ed CTA, m\u00e9n\u011b \"reklamn\u00ed\").\n   Injektuje se inline do prvn\u00edho markeru postu (refresh_cards.py --inline-css). *\/\n.lkx-module, .lkx-module *{box-sizing:border-box;margin:0;padding:0}\n.lkx-module{\n  font-family:'DM Sans',-apple-system,Segoe UI,Roboto,Georgia,sans-serif;\n  max-width:860px;margin:2.5rem auto;color:#1f2328;\n}\n\n\/* HEADER \u2014 lehk\u00fd editorsk\u00fd, \u017e\u00e1dn\u00fd bannerov\u00fd blok; nadpis + popisek pod n\u00edm *\/\n.lkx-head{margin-bottom:16px}\n.lkx-head-main{display:flex;align-items:center;gap:10px}\n.lkx-head-accent{width:26px;height:3px;border-radius:2px;background:#c39f76;flex-shrink:0}\n.lkx-head-title{font-family:'Playfair Display',Georgia,serif;font-size:21px;font-weight:700;color:#1a1a1a;line-height:1.25}\n.lkx-head-meta{display:block;font-size:11px;letter-spacing:.3px;color:#9aa0a6;margin-top:4px;margin-left:36px}\n\n\/* HERO *\/\n.lkx-hero{display:grid;grid-template-columns:300px 1fr;background:#fff;border:1px solid #ece7df;border-radius:14px;overflow:hidden;text-decoration:none!important;color:inherit;box-shadow:0 6px 20px rgba(0,0,0,.06);transition:box-shadow .2s,transform .2s;margin-bottom:14px}\n.lkx-hero:hover{box-shadow:0 12px 30px rgba(0,0,0,.12);transform:translateY(-2px)}\n.lkx-hero-img{position:relative;min-height:230px;background-size:cover;background-position:center;background-color:#eee}\n.lkx-hero-body{padding:22px 24px;display:flex;flex-direction:column}\n.lkx-pick{position:absolute;top:12px;left:12px;background:#1a1a1a;color:#fff;font-size:11px;font-weight:700;letter-spacing:.5px;padding:5px 11px;border-radius:20px}\n\n\/* TITLE *\/\n.lkx-title{font-size:19px;font-weight:700;color:#161616;line-height:1.3}\n.lkx-title-sm{font-size:14.5px;line-height:1.35;display:-webkit-box;-webkit-line-clamp:2;-webkit-box-orient:vertical;overflow:hidden}\n\n\/* SOCIAL PROOF \u2014 v\u00fdrazn\u011b, naho\u0159e *\/\n.lkx-proof{display:flex;align-items:center;gap:7px;margin-top:12px;font-size:15px;color:#3a3a3a}\n.lkx-proof b{font-size:16px;color:#161616}\n.lkx-stars{color:#f5a623;letter-spacing:1px}\n.lkx-proof-sm{font-size:12.5px;margin-top:8px;gap:5px}\n.lkx-proof-sm b{font-size:13px}\n.lkx-proof-new{color:#3685fc;font-weight:600}\n\n\/* PRICE \u2014 n\u00edzk\u00e1 kotva *\/\n.lkx-price{font-size:14px;color:#6b7280}\n.lkx-price b{font-size:20px;color:#161616;font-weight:700}\n.lkx-price-sm b{font-size:15px}\n\n\/* CTA \u2014 tepl\u00e9 ak\u010dn\u00ed tla\u010d\u00edtko *\/\n.lkx-cta{display:inline-flex;align-items:center;justify-content:center;text-decoration:none!important;font-weight:700;color:#fff!important;background:linear-gradient(135deg,#f6743f,#e8552a);border-radius:10px;box-shadow:0 6px 16px rgba(232,85,42,.32);transition:box-shadow .2s}\n.lkx-cta-hero{font-size:15px;padding:13px 22px}\n.lkx-hero:hover .lkx-cta-hero{box-shadow:0 8px 22px rgba(232,85,42,.45)}\n.lkx-cta-sm{font-size:12.5px;padding:9px 14px;width:100%;margin-top:2px}\n.lkx-hero-bottom{margin-top:auto;padding-top:18px;display:flex;align-items:center;justify-content:space-between;gap:14px;flex-wrap:wrap}\n\n\/* BADGE \u2014 jeden v\u00fdrazn\u00fd na fotce *\/\n.lkx-badge{position:absolute;top:12px;right:12px;font-size:10.5px;font-weight:700;letter-spacing:.3px;padding:5px 10px;border-radius:16px;color:#fff}\n.lkx-badge.badge-urgency{background:rgba(214,40,40,.92)}\n.lkx-badge.badge-new{background:rgba(54,133,252,.92)}\n.lkx-badge.badge-top{background:rgba(195,159,118,.95)}\n.lkx-badge.badge-info{background:rgba(40,40,40,.78)}\n\n\/* SECONDARY GRID *\/\n.lkx-grid{display:grid;grid-template-columns:1fr 1fr;gap:14px}\n.lkx-card{background:#fff;border:1px solid #ece7df;border-radius:14px;overflow:hidden;text-decoration:none!important;color:inherit;box-shadow:0 4px 14px rgba(0,0,0,.05);display:flex;flex-direction:column;transition:box-shadow .2s,transform .2s}\n.lkx-card:hover{box-shadow:0 10px 24px rgba(0,0,0,.1);transform:translateY(-2px)}\n.lkx-card-img{position:relative;aspect-ratio:16\/10;background-size:cover;background-position:center;background-color:#eee}\n.lkx-card-body{padding:14px 16px 16px;display:flex;flex-direction:column;gap:7px;flex:1}\n.lkx-card-bottom{margin-top:auto;padding-top:10px;display:flex;align-items:center;justify-content:space-between;gap:8px}\n\n\/* DISCLOSURE \u2014 drobn\u00e1, kv\u016fli d\u016fv\u011b\u0159e\/z\u00e1konu *\/\n.lkx-disclosure{font-size:11px;color:#a7adb3;text-align:center;margin-top:14px;line-height:1.6}\n.lkx-disclosure a{color:#c39f76;text-decoration:none}\n\n@media(max-width:680px){\n  .lkx-hero{grid-template-columns:1fr}\n  .lkx-hero-img{min-height:180px}\n  .lkx-grid{grid-template-columns:1fr}\n  .lkx-head-meta{margin-left:0;width:100%}\n  .lkx-head-title{font-size:19px}\n}\n\n<\/style>\n<div class=\"lkx-module\" data-query=\"nessebar\">\n  <div class=\"lkx-head\">\n    <div class=\"lkx-head-main\">\n      <span class=\"lkx-head-accent\"><\/span>\n      <span class=\"lkx-head-title\">\u00c9lm\u00e9nyek \u00e9s bel\u00e9p\u0151jegyek<\/span>\n    <\/div>\n    <span class=\"lkx-head-meta\">utaz\u00f3k \u00e1ltal \u00e9rt\u00e9kelve \u00b7 GetYourGuide<\/span>\n  <\/div><a class=\"lkx-hero\" href=\"https:\/\/www.getyourguide.com\/hu-hu\/neszebar-l1659\/nessebar-vezetett-tura-borkostolassal-t1457585\/?partner_id=MKZ64IS&amp;utm_medium=online_publisher&amp;cmp=neszebar-bulgaria-latnivalok\" target=\"_blank\" rel=\"sponsored noopener nofollow\">\n    <div class=\"lkx-hero-img\" style=\"background-image:url('https:\/\/cdn.getyourguide.com\/img\/tour\/01dcbd5575fff139a7e7b673abae73f8a1f20282d7b4c28c918fc312a6ee396e.png\/132.jpg')\" role=\"img\" aria-label=\"Nessebar: Vezetett t\u00fara bork\u00f3stol\u00e1ssal\">\n      <span class=\"lkx-pick\">\u2605 A mi tipp\u00fcnk<\/span><\/div>\n    <div class=\"lkx-hero-body\">\n      <div class=\"lkx-title\">Nessebar: Vezetett t\u00fara bork\u00f3stol\u00e1ssal<\/div>\n      <div class=\"lkx-proof\">\n      <span class=\"lkx-stars\">\u2605\u2605\u2605\u2605\u2605<\/span>\n      <b>0.0<\/b> \u00b7 0 \u00e9rt\u00e9kel\u00e9s\n    <\/div>\n      <div class=\"lkx-hero-bottom\"><div class=\"lkx-price\">m\u00e1r <b>8\u00a0EUR<\/b><\/div><span class=\"lkx-cta lkx-cta-hero\">Ezt az \u00e9lm\u00e9nyt akarom \u2192<\/span>\n      <\/div>\n    <\/div>\n  <\/a><div class=\"lkx-grid\"><a class=\"lkx-card\" href=\"https:\/\/www.getyourguide.com\/hu-hu\/neszebar-l1659\/vezetett-tura-nessebar-osi-varosaban-t1156542\/?partner_id=MKZ64IS&amp;utm_medium=online_publisher&amp;cmp=neszebar-bulgaria-latnivalok\" target=\"_blank\" rel=\"sponsored noopener nofollow\">\n      <div class=\"lkx-card-img\" style=\"background-image:url('https:\/\/cdn.getyourguide.com\/img\/tour\/88e70244b3712186ec637d9fff0f6261ba296574a5dbf425128b4a8451c67c32.jpg\/132.jpg')\" role=\"img\" aria-label=\"Vezetett t\u00fara Nessebar \u0151si v\u00e1ros\u00e1ban\"><\/div>\n      <div class=\"lkx-card-body\">\n        <div class=\"lkx-title lkx-title-sm\">Vezetett t\u00fara Nessebar \u0151si v\u00e1ros\u00e1ban<\/div>\n        <div class=\"lkx-proof lkx-proof-sm\">\n      <span class=\"lkx-stars\">\u2605<\/span>\n      <b>4.2<\/b> \u00b7 21\n    <\/div>\n        <div class=\"lkx-card-bottom\"><span class=\"lkx-price lkx-price-sm\">m\u00e1r <b>47\u00a0EUR<\/b><\/span><span class=\"lkx-cta lkx-cta-sm\">Id\u0151pontok megtekint\u00e9se \u2192<\/span>\n        <\/div>\n      <\/div>\n    <\/a><a class=\"lkx-card\" href=\"https:\/\/www.getyourguide.com\/hu-hu\/neszebar-l1659\/nessebar-4-oras-hajokirandulas-horgaszattal-ebeddel-es-italokkal-t386999\/?partner_id=MKZ64IS&amp;utm_medium=online_publisher&amp;cmp=neszebar-bulgaria-latnivalok\" target=\"_blank\" rel=\"sponsored noopener nofollow\">\n      <div class=\"lkx-card-img\" style=\"background-image:url('https:\/\/cdn.getyourguide.com\/img\/tour\/629f08cd2f024.jpeg\/132.jpg')\" role=\"img\" aria-label=\"Nessebar: 4 \u00f3r\u00e1s haj\u00f3kir\u00e1ndul\u00e1s horg\u00e1szattal, eb\u00e9ddel \u00e9s italokkal\"><\/div>\n      <div class=\"lkx-card-body\">\n        <div class=\"lkx-title lkx-title-sm\">Nessebar: 4 \u00f3r\u00e1s haj\u00f3kir\u00e1ndul\u00e1s horg\u00e1szattal, eb\u00e9ddel \u00e9s italokkal<\/div>\n        <div class=\"lkx-proof lkx-proof-sm\">\n      <span class=\"lkx-stars\">\u2605<\/span>\n      <b>4.7<\/b> \u00b7 112\n    <\/div>\n        <div class=\"lkx-card-bottom\"><span class=\"lkx-price lkx-price-sm\">m\u00e1r <b>85\u00a0EUR<\/b><\/span><span class=\"lkx-cta lkx-cta-sm\">Id\u0151pontok megtekint\u00e9se \u2192<\/span>\n        <\/div>\n      <\/div>\n    <\/a><\/div><div class=\"lkx-disclosure\">\ud83d\udd17 A linkek partnerlinkek \u2014 az \u00e1rat nem v\u00e1ltoztatj\u00e1k, nek\u00fcnk viszont seg\u00edtenek a tartalomk\u00e9sz\u00edt\u00e9sben. \u00b7 <a href=\"https:\/\/www.getyourguide.com\/hu-hu\/s\/?q=nessebar&amp;partner_id=MKZ64IS&amp;utm_medium=online_publisher\" target=\"_blank\" rel=\"sponsored noopener nofollow\">\u00d6sszes \u00e9lm\u00e9ny \u2192<\/a><\/div>\n<\/div>\n<!-- LKM_GYG_CARD end -->\n\n\n\n\n<div class=\"lk-stays-module\">\n<style>\n\/* \u2500\u2500\u2500 RESET PRO GUTENBERG \u2500\u2500\u2500 *\/\n.lk-stays-module * { box-sizing: border-box; margin: 0; padding: 0; }\n\n\/* \u2500\u2500\u2500 WRAPPER \u2500\u2500\u2500 *\/\n.lk-stays-module {\n  font-family: 'DM Sans', Georgia, sans-serif;\n  max-width: 100%;\n  margin: 2.5rem auto;\n  background: linear-gradient(135deg, #fdfaf5 0%, #fcf8f0 100%);\n  border: 1px solid #e8dfd4;\n  border-radius: 16px;\n  overflow: hidden;\n  box-shadow: 0 16px 48px rgba(195, 159, 118, 0.25), 0 4px 12px rgba(0,0,0,0.08);\n}\n\n\/* \u2500\u2500\u2500 HEADER \u2500\u2500\u2500 *\/\n.lk-stays-header {\n  position: relative;\n  padding: 24px 36px 24px;\n  background: linear-gradient(135deg, #c39f76 0%, #d4b188 60%, #c39f76 100%);\n  border-bottom: 1px solid rgba(255,255,255,.15);\n  display: flex;\n  align-items: center;\n  gap: 18px;\n}\n.lk-stays-header::before {\n  content: '';\n  position: absolute;\n  inset: 0;\n  background: url(\"data:image\/svg+xml,%3Csvg width='60' height='60' viewBox='0 0 60 60' xmlns='http:\/\/www.w3.org\/2000\/svg'%3E%3Cg fill='none' fill-rule='evenodd'%3E%3Cg fill='%23ffffff' fill-opacity='0.05'%3E%3Cpath d='M36 34v-4h-2v4h-4v2h4v4h2v-4h4v-2h-4zm0-30V0h-2v4h-4v2h4v4h2V6h4V4h-4zM6 34v-4H4v4H0v2h4v4h2v-4h4v-2H6zM6 4V0H4v4H0v2h4v4h2V6h4V4H6z'\/%3E%3C\/g%3E%3C\/g%3E%3C\/svg%3E\") repeat;\n  pointer-events: none;\n}\n.lk-stays-icon {\n  flex-shrink: 0;\n  width: 68px;\n  height: 68px;\n  border-radius: 14px;\n  background: linear-gradient(135deg, #fff 0%, #f9f6f0 100%);\n  display: flex;\n  align-items: center;\n  justify-content: center;\n  font-size: 26px;\n  box-shadow: 0 4px 12px rgba(0,0,0,0.15);\n}\n.lk-stays-eyebrow {\n  font-size: 10px;\n  font-weight: 500;\n  letter-spacing: 2.5px;\n  text-transform: uppercase;\n  color: rgba(255,255,255,.85);\n  margin: 0 0 5px 0;\n}\n.lk-stays-title {\n  font-family: 'Playfair Display', Georgia, serif;\n  font-size: 24px;\n  font-weight: 700;\n  color: #fff;\n  line-height: 1.2;\n  text-shadow: 0 1px 2px rgba(0,0,0,0.1);\n  margin: 0;\n}\n.lk-stays-subtitle {\n  font-size: 13px;\n  color: rgba(255,255,255,.75);\n  margin: 4px 0 0 0;\n  font-weight: 300;\n}\n\n\/* \u2500\u2500\u2500 CARDS GRID \u2500\u2500\u2500 *\/\n.lk-stays-grid {\n  display: grid;\n  grid-template-columns: 1fr 1fr;\n  gap: 1px;\n  background: rgba(195, 159, 118, 0.12);\n}\n\n\/* \u2500\u2500\u2500 SINGLE CARD \u2500\u2500\u2500 *\/\n.lk-stay-card {\n  background: #ffffff;\n  padding: 26px;\n  display: flex;\n  flex-direction: column;\n  gap: 11px;\n  transition: all 0.3s ease;\n  text-decoration: none;\n  color: inherit;\n  position: relative;\n}\n.lk-stay-card:hover {\n  background: #fffbf5;\n  transform: translateY(-2px);\n  box-shadow: 0 8px 24px rgba(195, 159, 118, 0.18);\n  z-index: 1;\n}\n.lk-stay-card.featured {\n  background: linear-gradient(135deg, #fffdf9 0%, #fff9f0 100%);\n  box-shadow: 0 4px 16px rgba(195, 159, 118, 0.15), inset 0 1px 0 rgba(195, 159, 118, 0.1);\n}\n.lk-stay-card.featured:hover {\n  background: linear-gradient(135deg, #fffbf5 0%, #fff8ed 100%);\n  box-shadow: 0 8px 24px rgba(195, 159, 118, 0.25), inset 0 1px 0 rgba(195, 159, 118, 0.15);\n}\n\n.lk-stay-badge {\n  display: inline-flex;\n  align-items: center;\n  gap: 5px;\n  font-size: 10px;\n  font-weight: 500;\n  letter-spacing: 1.5px;\n  text-transform: uppercase;\n  padding: 5px 11px;\n  border-radius: 20px;\n  width: fit-content;\n}\n.badge-top     { background: linear-gradient(135deg, #c39f76 0%, #d4b188 100%); color: #fff; border: 1px solid #c39f76; font-weight: 600; box-shadow: 0 2px 8px rgba(195,159,118,0.3); }\n.badge-luxury  { background: rgba(195,159,118,.12); color: #c39f76; border: 1px solid rgba(195,159,118,.25); }\n.badge-boutique{ background: rgba(54,133,252,.08); color: #3685fc; border: 1px solid rgba(54,133,252,.2); }\n.badge-nature  { background: rgba(130,190,100,.1); color: #6b9c4a; border: 1px solid rgba(130,190,100,.2); }\n.badge-remote  { background: rgba(195,159,118,.12); color: #a67e50; border: 1px solid rgba(195,159,118,.25); }\n\n.lk-stay-name {\n  font-family: 'Playfair Display', Georgia, serif;\n  font-size: 18px;\n  font-weight: 700;\n  color: #111827;\n  line-height: 1.3;\n}\n.lk-stay-desc {\n  font-size: 13.5px;\n  color: #525252;\n  line-height: 1.65;\n  font-weight: 300;\n  flex: 1;\n}\n\n.lk-stay-meta {\n  display: flex;\n  align-items: center;\n  gap: 12px;\n  flex-wrap: wrap;\n  margin-top: 4px;\n}\n.lk-stay-price {\n  font-size: 13px;\n  color: #6b7280;\n}\n.lk-stay-price strong {\n  color: #c39f76;\n  font-weight: 500;\n}\n.lk-stay-stars {\n  color: #c39f76;\n  font-size: 11px;\n  letter-spacing: 1px;\n}\n\n\/* \u2500\u2500\u2500 CTA BUTTON \u2500\u2500\u2500 *\/\n.lk-stay-cta {\n  display: inline-flex;\n  align-items: center;\n  justify-content: center;\n  gap: 7px;\n  margin-top: 8px;\n  padding: 11px 20px;\n  border-radius: 8px;\n  background: linear-gradient(135deg, #3685fc 0%, #2a6fd9 100%);\n  color: #fff;\n  font-size: 13px;\n  font-weight: 500;\n  text-decoration: none;\n  letter-spacing: .3px;\n  transition: all .2s ease;\n  cursor: pointer;\n  border: none;\n  text-align: center;\n  box-shadow: 0 4px 12px rgba(54, 133, 252, 0.25);\n}\n.lk-stay-cta:hover {\n  background: linear-gradient(135deg, #2a6fd9 0%, #1e5bc4 100%);\n  transform: translateY(-1px);\n  box-shadow: 0 6px 16px rgba(54, 133, 252, 0.35);\n}\n.lk-stay-cta svg { flex-shrink: 0; }\n\n\/* \u2500\u2500\u2500 FOOTER \u2500\u2500\u2500 *\/\n.lk-stays-footer {\n  padding: 18px 36px;\n  background: linear-gradient(to bottom, #fdfaf5 0%, #f9f4ed 100%);\n  border-top: 1px solid rgba(195, 159, 118, 0.15);\n  display: flex;\n  align-items: center;\n  justify-content: space-between;\n  flex-wrap: wrap;\n  gap: 12px;\n}\n.lk-stays-footer-note {\n  font-size: 11.5px;\n  color: #6b7280;\n  font-weight: 300;\n  line-height: 1.5;\n}\n.lk-stays-footer-note a {\n  color: #c39f76;\n  text-decoration: none;\n  font-weight: 400;\n}\n.lk-stays-footer-note a:hover {\n  text-decoration: underline;\n}\n.lk-stays-all-btn {\n  display: inline-flex;\n  align-items: center;\n  gap: 6px;\n  font-size: 12.5px;\n  font-weight: 500;\n  color: #c39f76;\n  text-decoration: none;\n  border: 1px solid rgba(195, 159, 118, 0.35);\n  padding: 8px 18px;\n  border-radius: 8px;\n  transition: all .2s ease;\n}\n.lk-stays-all-btn:hover {\n  background: rgba(195, 159, 118, 0.08);\n  border-color: rgba(195, 159, 118, 0.5);\n}\n\n\/* \u2500\u2500\u2500 RESPONSIVE \u2500\u2500\u2500 *\/\n@media (max-width: 600px) {\n  .lk-stays-grid { grid-template-columns: 1fr; }\n  .lk-stays-header { padding: 24px 20px; }\n  .lk-stays-footer { padding: 16px 20px; }\n  .lk-stay-card { padding: 22px; }\n  .lk-stays-title { font-size: 20px; }\n}\n<\/style>\n\n  <!-- HEADER -->\n  <div class=\"lk-stays-header\">\n    <img decoding=\"async\" src=\"https:\/\/loudavymkrokem.cz\/wp-content\/uploads\/2026\/02\/lukas-a-lucka.jpg\" alt=\"\" style=\"width: 75px; height: 75px; border-radius: 8px; flex-shrink: 0; object-fit: cover; display: block; margin: 4px 0;\" title=\"\">\n    <div class=\"lk-stays-header-text\">\n      <div class=\"lk-stays-eyebrow\">Luk\u00e1\u0161 \u00e9s Lucie aj\u00e1nlj\u00e1k<\/div>\n      <div class=\"lk-stays-title\">Hol sz\u00e1lljunk meg Neszeb\u00e1rban<\/div>\n      <div class=\"lk-stays-subtitle\">6 sz\u00e1ll\u00e1shely \u2014 wellness hotelek, hotelek \u00e9s egy\u00e9b sz\u00e1ll\u00e1slehet\u0151s\u00e9gek<\/div>\n    <\/div>\n  <\/div>\n\n  <!-- CARDS -->\n  <div class=\"lk-stays-grid\">\n\n    <a class=\"lk-stay-card featured\" href=\"https:\/\/www.stay22.com\/allez\/roam?aid=lukaskonecny&#038;campaign=loudavymkrokemcz&#038;campaign=hu&#038;campaign=nesebar&#038;hotelname=Castro%20Mesembria%20Boutique%20Hotel&#038;address=Nesebar\" target=\"_blank\" rel=\"nofollow noopener\">\n      <span class=\"lk-stay-badge badge-top\">\u2b50 TOP V\u00c1LASZT\u00c1S<\/span>\n      <span class=\"lk-stay-badge badge-nature\">\u2b50 Luxury<\/span>\n      <div class=\"lk-stay-name\">Castro Mesembria Boutique Hotel<\/div>\n      <div class=\"lk-stay-desc\">Luxussz\u00e1lloda a legmagasabb \u00e9rt\u00e9kel\u00e9ssel az eg\u00e9sz f\u00e9lszigeten, k\u00f6zvetlen\u00fcl a t\u00f6rt\u00e9nelmi k\u00f6zpontban. Saj\u00e1t kiv\u00e1l\u00f3 pizz\u00e9ri\u00e1val rendelkezik.<\/div>\n      <div class=\"lk-stay-meta\">\n        <span class=\"lk-stay-stars\">\u2605\u2605\u2605\u2605<\/span>\n        <span class=\"lk-stay-price\">\u00c1rak ellen\u0151rz\u00e9se<\/span>\n      <\/div>\n      <span class=\"lk-stay-cta\">\n        <svg width=\"14\" height=\"14\" viewBox=\"0 0 24 24\" fill=\"none\" stroke=\"currentColor\" stroke-width=\"2\"><path d=\"M18 13v6a2 2 0 0 1-2 2H5a2 2 0 0 1-2-2V8a2 2 0 0 1 2-2h6\"\/><polyline points=\"15 3 21 3 21 9\"\/><line x1=\"10\" y1=\"14\" x2=\"21\" y2=\"3\"\/><\/svg>\n        Ellen\u0151rizd az el\u00e9rhet\u0151s\u00e9get\n      <\/span>\n    <\/a>\n\n    <a class=\"lk-stay-card\" href=\"https:\/\/www.stay22.com\/allez\/roam?aid=lukaskonecny&#038;campaign=loudavymkrokemcz&#038;campaign=hu&#038;campaign=nesebar&#038;hotelname=Hotel%20Saint%20John%20Baptist%20Nessebar&#038;address=Nesebar\" target=\"_blank\" rel=\"nofollow noopener\">\n      <span class=\"lk-stay-badge badge-nature\">\ud83c\udfe8 Hotel<\/span>\n      <div class=\"lk-stay-name\">Hotel Saint John Baptist Nessebar<\/div>\n      <div class=\"lk-stay-desc\">Hagyom\u00e1nyos \u00e1lland\u00f3 vend\u00e9gl\u00e1t\u00f3hely az \u00f3v\u00e1ros falain\u00e1l, kiv\u00e1l\u00f3 v\u00e1laszt\u00e1s a neszeb\u00e1ri t\u00f6rt\u00e9nelmi k\u00f6zpontban val\u00f3 sz\u00e1ll\u00e1shoz.<\/div>\n      <div class=\"lk-stay-meta\">\n        <span class=\"lk-stay-stars\">\u2605\u2605\u2605\u2605<\/span>\n        <span class=\"lk-stay-price\">\u00c1rak ellen\u0151rz\u00e9se<\/span>\n      <\/div>\n      <span class=\"lk-stay-cta\">\n        <svg width=\"14\" height=\"14\" viewBox=\"0 0 24 24\" fill=\"none\" stroke=\"currentColor\" stroke-width=\"2\"><path d=\"M18 13v6a2 2 0 0 1-2 2H5a2 2 0 0 1-2-2V8a2 2 0 0 1 2-2h6\"\/><polyline points=\"15 3 21 3 21 9\"\/><line x1=\"10\" y1=\"14\" x2=\"21\" y2=\"3\"\/><\/svg>\n        Ellen\u0151rizd az el\u00e9rhet\u0151s\u00e9get\n      <\/span>\n    <\/a>\n\n    <a class=\"lk-stay-card\" href=\"https:\/\/www.stay22.com\/allez\/roam?aid=lukaskonecny&#038;campaign=loudavymkrokemcz&#038;campaign=hu&#038;campaign=nesebar&#038;hotelname=Family%20Hotel%20Saint%20Nikola&#038;address=Nesebar\" target=\"_blank\" rel=\"nofollow noopener\">\n      <span class=\"lk-stay-badge badge-nature\">\ud83c\udfe8 Hotel<\/span>\n      <div class=\"lk-stay-name\">Family Hotel Saint Nikola<\/div>\n      <div class=\"lk-stay-desc\">Ide\u00e1lis aut\u00f3val \u00e9rkez\u0151 csal\u00e1dok sz\u00e1m\u00e1ra, verhetetlen \u00e1r-\u00e9rt\u00e9k ar\u00e1ny. Ingyenes saj\u00e1t parkol\u00f3val rendelkezik, ami rengeteg idegmegtakar\u00edt\u00e1s.<\/div>\n      <div class=\"lk-stay-meta\">\n        <span class=\"lk-stay-stars\">\u2605\u2605\u2605\u2605<\/span>\n        <span class=\"lk-stay-price\">\u00c1rak ellen\u0151rz\u00e9se<\/span>\n      <\/div>\n      <span class=\"lk-stay-cta\">\n        <svg width=\"14\" height=\"14\" viewBox=\"0 0 24 24\" fill=\"none\" stroke=\"currentColor\" stroke-width=\"2\"><path d=\"M18 13v6a2 2 0 0 1-2 2H5a2 2 0 0 1-2-2V8a2 2 0 0 1 2-2h6\"\/><polyline points=\"15 3 21 3 21 9\"\/><line x1=\"10\" y1=\"14\" x2=\"21\" y2=\"3\"\/><\/svg>\n        Ellen\u0151rizd az el\u00e9rhet\u0151s\u00e9get\n      <\/span>\n    <\/a>\n\n    <a class=\"lk-stay-card\" href=\"https:\/\/www.stay22.com\/allez\/roam?aid=lukaskonecny&#038;campaign=loudavymkrokemcz&#038;campaign=hu&#038;campaign=nesebar&#038;hotelname=Hotel%20Capri&#038;address=Nesebar\" target=\"_blank\" rel=\"nofollow noopener\">\n      <span class=\"lk-stay-badge badge-nature\">\ud83c\udfe8 Hotel<\/span>\n      <div class=\"lk-stay-name\">Hotel Capri<\/div>\n      <div class=\"lk-stay-desc\">Sz\u00e1lloda az \u00faj v\u00e1rosban ingyenes saj\u00e1t parkol\u00e1s el\u0151ny\u00e9vel, praktikus v\u00e1laszt\u00e1s aut\u00f3val \u00e9rkez\u0151 l\u00e1togat\u00f3k sz\u00e1m\u00e1ra.<\/div>\n      <div class=\"lk-stay-meta\">\n        <span class=\"lk-stay-stars\">\u2605\u2605\u2605\u2605<\/span>\n        <span class=\"lk-stay-price\">\u00c1rak ellen\u0151rz\u00e9se<\/span>\n      <\/div>\n      <span class=\"lk-stay-cta\">\n        <svg width=\"14\" height=\"14\" viewBox=\"0 0 24 24\" fill=\"none\" stroke=\"currentColor\" stroke-width=\"2\"><path d=\"M18 13v6a2 2 0 0 1-2 2H5a2 2 0 0 1-2-2V8a2 2 0 0 1 2-2h6\"\/><polyline points=\"15 3 21 3 21 9\"\/><line x1=\"10\" y1=\"14\" x2=\"21\" y2=\"3\"\/><\/svg>\n        Ellen\u0151rizd az el\u00e9rhet\u0151s\u00e9get\n      <\/span>\n    <\/a>\n\n    <a class=\"lk-stay-card\" href=\"https:\/\/www.stay22.com\/allez\/roam?aid=lukaskonecny&#038;campaign=loudavymkrokemcz&#038;campaign=hu&#038;campaign=nesebar&#038;hotelname=Aphrodite%20Beach%20Hotel&#038;address=Nesebar\" target=\"_blank\" rel=\"nofollow noopener\">\n      <span class=\"lk-stay-badge badge-nature\">\ud83c\udfd6\ufe0f Beach<\/span>\n      <div class=\"lk-stay-name\">Aphrodite Beach Hotel<\/div>\n      <div class=\"lk-stay-desc\">K\u00f6zvetlen\u00fcl a D\u00e9li strandon, negyed \u00f3ra s\u00e9t\u00e1ra az \u00f3v\u00e1rost\u00f3l. A medenc\u00e9b\u0151l csod\u00e1latos kil\u00e1t\u00e1s ny\u00edlik az eg\u00e9sz t\u00f6rt\u00e9nelmi f\u00e9lszigetre.<\/div>\n      <div class=\"lk-stay-meta\">\n        <span class=\"lk-stay-stars\">\u2605\u2605\u2605\u2605<\/span>\n        <span class=\"lk-stay-price\">\u00c1rak ellen\u0151rz\u00e9se<\/span>\n      <\/div>\n      <span class=\"lk-stay-cta\">\n        <svg width=\"14\" height=\"14\" viewBox=\"0 0 24 24\" fill=\"none\" stroke=\"currentColor\" stroke-width=\"2\"><path d=\"M18 13v6a2 2 0 0 1-2 2H5a2 2 0 0 1-2-2V8a2 2 0 0 1 2-2h6\"\/><polyline points=\"15 3 21 3 21 9\"\/><line x1=\"10\" y1=\"14\" x2=\"21\" y2=\"3\"\/><\/svg>\n        Ellen\u0151rizd az el\u00e9rhet\u0151s\u00e9get\n      <\/span>\n    <\/a>\n\n    <a class=\"lk-stay-card\" href=\"https:\/\/www.stay22.com\/allez\/roam?aid=lukaskonecny&#038;campaign=loudavymkrokemcz&#038;campaign=hu&#038;campaign=nesebar&#038;address=nesebar\" target=\"_blank\" rel=\"nofollow noopener\">\n      <span class=\"lk-stay-badge badge-nature\">\ud83d\udd0d Keres\u00e9s<\/span>\n      <div class=\"lk-stay-name\">\u00d6sszes sz\u00e1ll\u00e1shely megtekint\u00e9se Neszeb\u00e1rban<\/div>\n      <div class=\"lk-stay-desc\">Fedezze fel az \u00f6sszes el\u00e9rhet\u0151 sz\u00e1ll\u00e1slehet\u0151s\u00e9get Neszeb\u00e1rban, \u00e9s tal\u00e1lja meg a legjobbat preferenci\u00e1i \u00e9s k\u00f6lts\u00e9gvet\u00e9se szerint.<\/div>\n      <div class=\"lk-stay-meta\">\n        <span class=\"lk-stay-stars\">\u2605\u2605\u2605\u2605<\/span>\n        <span class=\"lk-stay-price\">\u00c1rak \u00f6sszehasonl\u00edt\u00e1sa<\/span>\n      <\/div>\n      <span class=\"lk-stay-cta\">\n        <svg width=\"14\" height=\"14\" viewBox=\"0 0 24 24\" fill=\"none\" stroke=\"currentColor\" stroke-width=\"2\"><path d=\"M18 13v6a2 2 0 0 1-2 2H5a2 2 0 0 1-2-2V8a2 2 0 0 1 2-2h6\"\/><polyline points=\"15 3 21 3 21 9\"\/><line x1=\"10\" y1=\"14\" x2=\"21\" y2=\"3\"\/><\/svg>\n        Ellen\u0151rizd az el\u00e9rhet\u0151s\u00e9get\n      <\/span>\n    <\/a>\n\n  <\/div>\n\n  \n<\/div>\n\n\n\n\n<h2 class=\"wp-block-heading\"><span class=\"ez-toc-section\" id=\"Falak_szelmalom_es_az_ovaros_utcai\"><\/span>Falak, sz\u00e9lmalom \u00e9s az \u00f3v\u00e1ros utc\u00e1i<span class=\"ez-toc-section-end\"><\/span><\/h2>\n\n\n\n<p class=\"wp-block-paragraph\">Az egyh\u00e1zi eml\u00e9kek mellett Neszeb\u00e1r <strong>leny\u0171g\u00f6z\u0151 vil\u00e1gi \u00e9p\u00fcleteket<\/strong> is k\u00edn\u00e1l. Itt minden l\u00e9p\u00e9sn\u00e9l t\u00f6rt\u00e9nelembe botlasz, amely \u00e9vezredekre ny\u00falik vissza, a tr\u00e1kokt\u00f3l eg\u00e9szen a <strong>bolg\u00e1r reformkorig<\/strong>.<\/p>\n\n\n\n<figure data-wp-context=\"{&quot;imageId&quot;:&quot;6a9c3a74b3b56&quot;}\" data-wp-interactive=\"core\/image\" data-wp-key=\"6a9c3a74b3b56\" class=\"wp-block-image size-full wp-lightbox-container\"><img decoding=\"async\" width=\"1800\" height=\"1196\" data-wp-class--hide=\"state.isContentHidden\" data-wp-class--show=\"state.isContentVisible\" data-wp-init=\"callbacks.setButtonStyles\" data-wp-on--click=\"actions.showLightbox\" data-wp-on--load=\"callbacks.setButtonStyles\" data-wp-on--pointerdown=\"actions.preloadImage\" data-wp-on--pointerenter=\"actions.preloadImageWithDelay\" data-wp-on--pointerleave=\"actions.cancelPreload\" data-wp-on-window--resize=\"callbacks.setButtonStyles\" src=\"https:\/\/loudavymkrokem.cz\/wp-content\/uploads\/2026\/08\/bulharsko-research-nesebar-17.jpg\" alt=\"F\u00e1b\u00f3l k\u00e9sz\u00fclt sz\u00e9lmalom a neszeb\u00e1ri f\u00f6ldnyelven\" class=\"wp-image-404876\" title=\"\" srcset=\"https:\/\/loudavymkrokem.cz\/wp-content\/uploads\/2026\/08\/bulharsko-research-nesebar-17.jpg 1800w, https:\/\/loudavymkrokem.cz\/wp-content\/uploads\/2026\/08\/bulharsko-research-nesebar-17-300x199.jpg 300w, https:\/\/loudavymkrokem.cz\/wp-content\/uploads\/2026\/08\/bulharsko-research-nesebar-17-700x465.jpg 700w, https:\/\/loudavymkrokem.cz\/wp-content\/uploads\/2026\/08\/bulharsko-research-nesebar-17-768x510.jpg 768w, https:\/\/loudavymkrokem.cz\/wp-content\/uploads\/2026\/08\/bulharsko-research-nesebar-17-1536x1021.jpg 1536w, https:\/\/loudavymkrokem.cz\/wp-content\/uploads\/2026\/08\/bulharsko-research-nesebar-17-696x462.jpg 696w, https:\/\/loudavymkrokem.cz\/wp-content\/uploads\/2026\/08\/bulharsko-research-nesebar-17-1392x925.jpg 1392w\" sizes=\"(max-width: 1800px) 100vw, 1800px\" \/><button\n\t\t\tclass=\"lightbox-trigger\"\n\t\t\ttype=\"button\"\n\t\t\taria-haspopup=\"dialog\"\n\t\t\tdata-wp-bind--aria-label=\"state.thisImage.triggerButtonAriaLabel\"\n\t\t\tdata-wp-init=\"callbacks.initTriggerButton\"\n\t\t\tdata-wp-on--click=\"actions.showLightbox\"\n\t\t\tdata-wp-style--right=\"state.thisImage.buttonRight\"\n\t\t\tdata-wp-style--top=\"state.thisImage.buttonTop\"\n\t\t>\n\t\t\t<svg xmlns=\"http:\/\/www.w3.org\/2000\/svg\" width=\"12\" height=\"12\" fill=\"none\" viewBox=\"0 0 12 12\">\n\t\t\t\t<path fill=\"#fff\" d=\"M2 0a2 2 0 0 0-2 2v2h1.5V2a.5.5 0 0 1 .5-.5h2V0H2Zm2 10.5H2a.5.5 0 0 1-.5-.5V8H0v2a2 2 0 0 0 2 2h2v-1.5ZM8 12v-1.5h2a.5.5 0 0 0 .5-.5V8H12v2a2 2 0 0 1-2 2H8Zm2-12a2 2 0 0 1 2 2v2h-1.5V2a.5.5 0 0 0-.5-.5H8V0h2Z\" \/>\n\t\t\t<\/svg>\n\t\t<\/button><figcaption class=\"wp-element-caption\">Foto: www.bdmundo.com \/ Wikimedia Commons (CC BY-SA 2.0)<\/figcaption><\/figure>\n\n\n\n<h3 class=\"wp-block-heading\"><span class=\"ez-toc-section\" id=\"9_Szelmalom_a_foldnyelven\"><\/span>9. Sz\u00e9lmalom a f\u00f6ldnyelven<span class=\"ez-toc-section-end\"><\/span><\/h3>\n\n\n\n<p class=\"wp-block-paragraph\">A f\u00e9lszigetet a sz\u00e1razf\u00f6lddel \u00f6sszek\u00f6t\u0151 keskeny f\u00f6ldnyelven \u00e1ll\u00f3 fa sz\u00e9lmalom val\u00f3sz\u00edn\u0171leg az els\u0151 dolog, amit Neszeb\u00e1rban lef\u00e9nyk\u00e9pezel. A legt\u00f6bb turista azonban nem tudja, hogy <strong>a mai \u00e9p\u00fclet nem eredeti<\/strong>. Az igazi t\u00f6rt\u00e9nelmi malom ugyanis mag\u00e1t\u00f3l \u00f6sszeomlott egy er\u0151s viharban 1929-ben, a mostani form\u00e1ja pedig t\u00f6bb fel\u00faj\u00edt\u00e1s eredm\u00e9nye, amelyek k\u00f6z\u00fcl a legutols\u00f3 2022-ben zajlott.<\/p>\n\n\n\n<p class=\"wp-block-paragraph\">A malom ugyan nem m\u0171k\u00f6dik, \u00e9s tiszt\u00e1n m\u00fazeumi ki\u00e1ll\u00edt\u00e1s (bel\u00e9p\u0151 2,56 \u20ac), de tudtad, hogy Neszeb\u00e1rnak val\u00f3j\u00e1ban h\u00e1rom malma van? Egy k\u0151malom az \u00e9szaki parton \u00e1ll, az Eleusza mellett, \u00e9s a harmadik emelet\u00e9n <strong>m\u00e1ig fennmaradtak a neh\u00e9z malomk\u00f6vek \u00e9s a mechanizmus egy r\u00e9sze<\/strong>, ami a technika szerelmeseinek sokkal autentikusabb \u00e9lm\u00e9ny.<\/p>\n\n\n\n<figure data-wp-context=\"{&quot;imageId&quot;:&quot;6a9c3a74b3f60&quot;}\" data-wp-interactive=\"core\/image\" data-wp-key=\"6a9c3a74b3f60\" class=\"wp-block-image size-full wp-lightbox-container\"><img decoding=\"async\" width=\"1800\" height=\"633\" data-wp-class--hide=\"state.isContentHidden\" data-wp-class--show=\"state.isContentVisible\" data-wp-init=\"callbacks.setButtonStyles\" data-wp-on--click=\"actions.showLightbox\" data-wp-on--load=\"callbacks.setButtonStyles\" data-wp-on--pointerdown=\"actions.preloadImage\" data-wp-on--pointerenter=\"actions.preloadImageWithDelay\" data-wp-on--pointerleave=\"actions.cancelPreload\" data-wp-on-window--resize=\"callbacks.setButtonStyles\" src=\"https:\/\/loudavymkrokem.cz\/wp-content\/uploads\/2026\/08\/bulharsko-research-nesebar-18.jpg\" alt=\"A nyugati v\u00e1rosfalak \u00e9s a f\u0151 v\u00e1roskapu\" class=\"wp-image-404877\" title=\"\" srcset=\"https:\/\/loudavymkrokem.cz\/wp-content\/uploads\/2026\/08\/bulharsko-research-nesebar-18.jpg 1800w, https:\/\/loudavymkrokem.cz\/wp-content\/uploads\/2026\/08\/bulharsko-research-nesebar-18-300x106.jpg 300w, https:\/\/loudavymkrokem.cz\/wp-content\/uploads\/2026\/08\/bulharsko-research-nesebar-18-700x246.jpg 700w, https:\/\/loudavymkrokem.cz\/wp-content\/uploads\/2026\/08\/bulharsko-research-nesebar-18-768x270.jpg 768w, https:\/\/loudavymkrokem.cz\/wp-content\/uploads\/2026\/08\/bulharsko-research-nesebar-18-1536x540.jpg 1536w, https:\/\/loudavymkrokem.cz\/wp-content\/uploads\/2026\/08\/bulharsko-research-nesebar-18-696x245.jpg 696w, https:\/\/loudavymkrokem.cz\/wp-content\/uploads\/2026\/08\/bulharsko-research-nesebar-18-1392x490.jpg 1392w\" sizes=\"(max-width: 1800px) 100vw, 1800px\" \/><button\n\t\t\tclass=\"lightbox-trigger\"\n\t\t\ttype=\"button\"\n\t\t\taria-haspopup=\"dialog\"\n\t\t\tdata-wp-bind--aria-label=\"state.thisImage.triggerButtonAriaLabel\"\n\t\t\tdata-wp-init=\"callbacks.initTriggerButton\"\n\t\t\tdata-wp-on--click=\"actions.showLightbox\"\n\t\t\tdata-wp-style--right=\"state.thisImage.buttonRight\"\n\t\t\tdata-wp-style--top=\"state.thisImage.buttonTop\"\n\t\t>\n\t\t\t<svg xmlns=\"http:\/\/www.w3.org\/2000\/svg\" width=\"12\" height=\"12\" fill=\"none\" viewBox=\"0 0 12 12\">\n\t\t\t\t<path fill=\"#fff\" d=\"M2 0a2 2 0 0 0-2 2v2h1.5V2a.5.5 0 0 1 .5-.5h2V0H2Zm2 10.5H2a.5.5 0 0 1-.5-.5V8H0v2a2 2 0 0 0 2 2h2v-1.5ZM8 12v-1.5h2a.5.5 0 0 0 .5-.5V8H12v2a2 2 0 0 1-2 2H8Zm2-12a2 2 0 0 1 2 2v2h-1.5V2a.5.5 0 0 0-.5-.5H8V0h2Z\" \/>\n\t\t\t<\/svg>\n\t\t<\/button><figcaption class=\"wp-element-caption\">Foto: B0rder at en.wikipedia \/ Wikimedia Commons, Public domain<\/figcaption><\/figure>\n\n\n\n<h3 class=\"wp-block-heading\"><span class=\"ez-toc-section\" id=\"10_Nyugati_falak_es_a_fo_varoskapu\"><\/span>10. Nyugati falak \u00e9s a f\u0151 v\u00e1roskapu<span class=\"ez-toc-section-end\"><\/span><\/h3>\n\n\n\n<p class=\"wp-block-paragraph\">Neszeb\u00e1r er\u0151d\u00edtm\u00e9nye olyan, mint egy \u00e9p\u00edt\u00e9szeti tank\u00f6nyv a gyakorlatban. Ha a f\u00e9lsziget bej\u00e1rat\u00e1n\u00e1l a f\u0151 v\u00e1roskapuhoz \u00e1llsz, <strong>vil\u00e1gosan olvashatsz n\u00e9gy k\u00fcl\u00f6nb\u00f6z\u0151 t\u00f6rt\u00e9nelmi r\u00e9teget<\/strong>. Eg\u00e9szen alul a Kr. e. 8. sz\u00e1zadi tr\u00e1k falazat fekszik, f\u00f6l\u00f6tte sz\u00e1razon rakott hellenisztikus kv\u00e1derk\u00f6vek, ezt k\u00f6vetik a r\u00f3mai \u00e1talak\u00edt\u00e1sok, v\u00e9g\u00fcl pedig az 5. sz\u00e1zad k\u00f6zep\u00e9r\u0151l sz\u00e1rmaz\u00f3, opus mixtum t\u00edpus\u00fa kora biz\u00e1nci falazat.<\/p>\n\n\n\n<p class=\"wp-block-paragraph\">Maga a f\u0151 kapu, amelyet k\u00e9t der\u00e9ksz\u00f6g\u0171 torony v\u00e9d, <strong>kett\u0151s z\u00e1rral, leengedhet\u0151 r\u00e1ccsal \u00e9s neh\u00e9z k\u00e9tsz\u00e1rny\u00fa kapuval volt felszerelve<\/strong>. A falak szabadon l\u00e1togathat\u00f3k, \u00e9jjel-nappal, \u00e9s a k\u00f6zeli m\u00fazeum el\u0151tt megn\u00e9zheted az eg\u00e9sz f\u00e9lsziget pontos domborzati modellj\u00e9t.<\/p>\n\n\n\n<figure data-wp-context=\"{&quot;imageId&quot;:&quot;6a9c3a74b4345&quot;}\" data-wp-interactive=\"core\/image\" data-wp-key=\"6a9c3a74b4345\" class=\"wp-block-image size-full wp-lightbox-container\"><img decoding=\"async\" width=\"1800\" height=\"1350\" data-wp-class--hide=\"state.isContentHidden\" data-wp-class--show=\"state.isContentVisible\" data-wp-init=\"callbacks.setButtonStyles\" data-wp-on--click=\"actions.showLightbox\" data-wp-on--load=\"callbacks.setButtonStyles\" data-wp-on--pointerdown=\"actions.preloadImage\" data-wp-on--pointerenter=\"actions.preloadImageWithDelay\" data-wp-on--pointerleave=\"actions.cancelPreload\" data-wp-on-window--resize=\"callbacks.setButtonStyles\" src=\"https:\/\/loudavymkrokem.cz\/wp-content\/uploads\/2026\/08\/bulharsko-research-nesebar-19.jpg\" alt=\"Kora biz\u00e1nci term\u00e1k a 6. sz\u00e1zadb\u00f3l\" class=\"wp-image-404880\" title=\"\" srcset=\"https:\/\/loudavymkrokem.cz\/wp-content\/uploads\/2026\/08\/bulharsko-research-nesebar-19.jpg 1800w, https:\/\/loudavymkrokem.cz\/wp-content\/uploads\/2026\/08\/bulharsko-research-nesebar-19-300x225.jpg 300w, https:\/\/loudavymkrokem.cz\/wp-content\/uploads\/2026\/08\/bulharsko-research-nesebar-19-700x525.jpg 700w, https:\/\/loudavymkrokem.cz\/wp-content\/uploads\/2026\/08\/bulharsko-research-nesebar-19-768x576.jpg 768w, https:\/\/loudavymkrokem.cz\/wp-content\/uploads\/2026\/08\/bulharsko-research-nesebar-19-1536x1152.jpg 1536w, https:\/\/loudavymkrokem.cz\/wp-content\/uploads\/2026\/08\/bulharsko-research-nesebar-19-80x60.jpg 80w, https:\/\/loudavymkrokem.cz\/wp-content\/uploads\/2026\/08\/bulharsko-research-nesebar-19-160x120.jpg 160w, https:\/\/loudavymkrokem.cz\/wp-content\/uploads\/2026\/08\/bulharsko-research-nesebar-19-696x522.jpg 696w, https:\/\/loudavymkrokem.cz\/wp-content\/uploads\/2026\/08\/bulharsko-research-nesebar-19-1392x1044.jpg 1392w\" sizes=\"(max-width: 1800px) 100vw, 1800px\" \/><button\n\t\t\tclass=\"lightbox-trigger\"\n\t\t\ttype=\"button\"\n\t\t\taria-haspopup=\"dialog\"\n\t\t\tdata-wp-bind--aria-label=\"state.thisImage.triggerButtonAriaLabel\"\n\t\t\tdata-wp-init=\"callbacks.initTriggerButton\"\n\t\t\tdata-wp-on--click=\"actions.showLightbox\"\n\t\t\tdata-wp-style--right=\"state.thisImage.buttonRight\"\n\t\t\tdata-wp-style--top=\"state.thisImage.buttonTop\"\n\t\t>\n\t\t\t<svg xmlns=\"http:\/\/www.w3.org\/2000\/svg\" width=\"12\" height=\"12\" fill=\"none\" viewBox=\"0 0 12 12\">\n\t\t\t\t<path fill=\"#fff\" d=\"M2 0a2 2 0 0 0-2 2v2h1.5V2a.5.5 0 0 1 .5-.5h2V0H2Zm2 10.5H2a.5.5 0 0 1-.5-.5V8H0v2a2 2 0 0 0 2 2h2v-1.5ZM8 12v-1.5h2a.5.5 0 0 0 .5-.5V8H12v2a2 2 0 0 1-2 2H8Zm2-12a2 2 0 0 1 2 2v2h-1.5V2a.5.5 0 0 0-.5-.5H8V0h2Z\" \/>\n\t\t\t<\/svg>\n\t\t<\/button><figcaption class=\"wp-element-caption\">Foto: \u0420\u043e\u043c\u0430\u043d \u0414\u043d\u0435\u043f\u0440 \/ Wikimedia Commons, CC BY-SA 3.0<\/figcaption><\/figure>\n\n\n\n<h3 class=\"wp-block-heading\"><span class=\"ez-toc-section\" id=\"11_Kora_bizanci_termak\"><\/span>11. Kora biz\u00e1nci term\u00e1k<span class=\"ez-toc-section-end\"><\/span><\/h3>\n\n\n\n<p class=\"wp-block-paragraph\">Ak\u00e1r hiszed, ak\u00e1r nem, \u00e9ppen ezekben a szabadon l\u00e1togathat\u00f3 romokban \u00edr\u00f3dott egy kicsit az eg\u00e9sz orsz\u00e1g t\u00f6rt\u00e9nelme. A 6. sz\u00e1zadi term\u00e1lf\u00fcrd\u0151, amelyet I. Jusztinianosz cs\u00e1sz\u00e1r uralkod\u00e1sa alatt \u00e9p\u00edtettek, m\u00e1ig meg\u0151rizte a <strong>helyenk\u00e9nt ak\u00e1r h\u00e1rom m\u00e9ter magas falazatot<\/strong> \u00e9s a j\u00f3l kivehet\u0151 padl\u00f3f\u0171t\u00e9si rendszert.<\/p>\n\n\n\n<p class=\"wp-block-paragraph\">\u00c9ppen ide haj\u00f3zott 680-ban IV. Konstantin biz\u00e1nci cs\u00e1sz\u00e1r, hogy egy k\u00f6szv\u00e9nyroham\u00e1t kezeltesse, mik\u00f6zben serege ostromolta Aszparuh bolg\u00e1rjait. A katon\u00e1k a cs\u00e1sz\u00e1r t\u00e1voz\u00e1s\u00e1t sz\u00f6k\u00e9sk\u00e9nt \u00e9rtelmezt\u00e9k, p\u00e1nikba estek \u00e9s visszavonul\u00f3ra fogt\u00e1k, ami lehet\u0151v\u00e9 tette a bolg\u00e1rok sz\u00e1m\u00e1ra, hogy megsemmis\u00edt\u0151 veres\u00e9get m\u00e9rjenek r\u00e1juk. E gy\u0151zelemb\u0151l sz\u00fcletett meg <strong>a 681-es b\u00e9ke \u00e9s az Els\u0151 Bolg\u00e1r Birodalom<\/strong>, teh\u00e1t \u00f3ri\u00e1si t\u00f6rt\u00e9nelmi jelent\u0151s\u00e9g\u0171 helyen \u00e1llsz.<\/p>\n\n\n\n<figure data-wp-context=\"{&quot;imageId&quot;:&quot;6a9c3a74b4719&quot;}\" data-wp-interactive=\"core\/image\" data-wp-key=\"6a9c3a74b4719\" class=\"wp-block-image size-full wp-lightbox-container\"><img decoding=\"async\" width=\"1800\" height=\"1350\" data-wp-class--hide=\"state.isContentHidden\" data-wp-class--show=\"state.isContentVisible\" data-wp-init=\"callbacks.setButtonStyles\" data-wp-on--click=\"actions.showLightbox\" data-wp-on--load=\"callbacks.setButtonStyles\" data-wp-on--pointerdown=\"actions.preloadImage\" data-wp-on--pointerenter=\"actions.preloadImageWithDelay\" data-wp-on--pointerleave=\"actions.cancelPreload\" data-wp-on-window--resize=\"callbacks.setButtonStyles\" src=\"https:\/\/loudavymkrokem.cz\/wp-content\/uploads\/2026\/08\/bulharsko-research-nesebar-20.jpg\" alt=\"Neszeb\u00e1ri reformkori h\u00e1z f\u00e1b\u00f3l k\u00e9sz\u00fclt emelettel\" class=\"wp-image-404882\" title=\"\" srcset=\"https:\/\/loudavymkrokem.cz\/wp-content\/uploads\/2026\/08\/bulharsko-research-nesebar-20.jpg 1800w, https:\/\/loudavymkrokem.cz\/wp-content\/uploads\/2026\/08\/bulharsko-research-nesebar-20-300x225.jpg 300w, https:\/\/loudavymkrokem.cz\/wp-content\/uploads\/2026\/08\/bulharsko-research-nesebar-20-700x525.jpg 700w, https:\/\/loudavymkrokem.cz\/wp-content\/uploads\/2026\/08\/bulharsko-research-nesebar-20-768x576.jpg 768w, https:\/\/loudavymkrokem.cz\/wp-content\/uploads\/2026\/08\/bulharsko-research-nesebar-20-1536x1152.jpg 1536w, https:\/\/loudavymkrokem.cz\/wp-content\/uploads\/2026\/08\/bulharsko-research-nesebar-20-80x60.jpg 80w, https:\/\/loudavymkrokem.cz\/wp-content\/uploads\/2026\/08\/bulharsko-research-nesebar-20-160x120.jpg 160w, https:\/\/loudavymkrokem.cz\/wp-content\/uploads\/2026\/08\/bulharsko-research-nesebar-20-696x522.jpg 696w, https:\/\/loudavymkrokem.cz\/wp-content\/uploads\/2026\/08\/bulharsko-research-nesebar-20-1392x1044.jpg 1392w\" sizes=\"(max-width: 1800px) 100vw, 1800px\" \/><button\n\t\t\tclass=\"lightbox-trigger\"\n\t\t\ttype=\"button\"\n\t\t\taria-haspopup=\"dialog\"\n\t\t\tdata-wp-bind--aria-label=\"state.thisImage.triggerButtonAriaLabel\"\n\t\t\tdata-wp-init=\"callbacks.initTriggerButton\"\n\t\t\tdata-wp-on--click=\"actions.showLightbox\"\n\t\t\tdata-wp-style--right=\"state.thisImage.buttonRight\"\n\t\t\tdata-wp-style--top=\"state.thisImage.buttonTop\"\n\t\t>\n\t\t\t<svg xmlns=\"http:\/\/www.w3.org\/2000\/svg\" width=\"12\" height=\"12\" fill=\"none\" viewBox=\"0 0 12 12\">\n\t\t\t\t<path fill=\"#fff\" d=\"M2 0a2 2 0 0 0-2 2v2h1.5V2a.5.5 0 0 1 .5-.5h2V0H2Zm2 10.5H2a.5.5 0 0 1-.5-.5V8H0v2a2 2 0 0 0 2 2h2v-1.5ZM8 12v-1.5h2a.5.5 0 0 0 .5-.5V8H12v2a2 2 0 0 1-2 2H8Zm2-12a2 2 0 0 1 2 2v2h-1.5V2a.5.5 0 0 0-.5-.5H8V0h2Z\" \/>\n\t\t\t<\/svg>\n\t\t<\/button><figcaption class=\"wp-element-caption\">Foto: Tanya Dedyukhina \/ Wikimedia Commons, CC BY 3.0<\/figcaption><\/figure>\n\n\n\n<h3 class=\"wp-block-heading\"><span class=\"ez-toc-section\" id=\"12_Neszebari_reformkori_hazak\"><\/span>12. Neszeb\u00e1ri reformkori h\u00e1zak<span class=\"ez-toc-section-end\"><\/span><\/h3>\n\n\n\n<p class=\"wp-block-paragraph\">Ahogy elmer\u00fclsz a sz\u0171k utc\u00e1k sz\u00f6vev\u00e9ny\u00e9ben, minden\u00fctt k\u00f6r\u00fclvesznek a bolg\u00e1r nemzeti reformkor (18\u201319. sz\u00e1zad) tipikus h\u00e1zai. A m\u0171eml\u00e9kjegyz\u00e9kbe a f\u00e9lszigeten tekint\u00e9lyt parancsol\u00f3 kilencvenet vettek fel. <strong>E h\u00e1zak \u00e9p\u00edt\u00e9szete rendk\u00edv\u00fcl gyakorlatias \u00e9s \u00e1tgondolt.<\/strong><\/p>\n\n\n\n<p class=\"wp-block-paragraph\">A f\u00f6ldszintet massz\u00edv k\u0151falak alkotj\u00e1k, \u00e9s gazdas\u00e1gi c\u00e9lokat vagy a bor \u00e9s hal\u00e1szh\u00e1l\u00f3k t\u00e1rol\u00e1s\u00e1t szolg\u00e1lta. Ebb\u0151l emelkedik ki azt\u00e1n a <strong>sz\u00e9les, f\u00e1b\u00f3l k\u00e9sz\u00fclt lak\u00f3emelet a jellegzetes z\u00e1rt erk\u00e9llyel<\/strong>, amelyet deszk\u00e1k bor\u00edtanak. A helyi mesterek \u00fagy \u00e9p\u00edtett\u00e9k a h\u00e1zakat, hogy a sok ablakos, d\u00e9l fel\u00e9 n\u00e9z\u0151 szob\u00e1k felfogj\u00e1k a tenger fel\u0151l \u00e9rkez\u0151 ny\u00e1ri szell\u0151t, m\u00edg az \u00e9szaki helyis\u00e9geket kandall\u00f3val l\u00e1tt\u00e1k el a hideg t\u00e9li napokra.<\/p>\n\n\n\n<figure data-wp-context=\"{&quot;imageId&quot;:&quot;6a9c3a74b4ac7&quot;}\" data-wp-interactive=\"core\/image\" data-wp-key=\"6a9c3a74b4ac7\" class=\"wp-block-image size-full wp-lightbox-container\"><img decoding=\"async\" width=\"1800\" height=\"1350\" data-wp-class--hide=\"state.isContentHidden\" data-wp-class--show=\"state.isContentVisible\" data-wp-init=\"callbacks.setButtonStyles\" data-wp-on--click=\"actions.showLightbox\" data-wp-on--load=\"callbacks.setButtonStyles\" data-wp-on--pointerdown=\"actions.preloadImage\" data-wp-on--pointerenter=\"actions.preloadImageWithDelay\" data-wp-on--pointerleave=\"actions.cancelPreload\" data-wp-on-window--resize=\"callbacks.setButtonStyles\" src=\"https:\/\/loudavymkrokem.cz\/wp-content\/uploads\/2026\/08\/bulharsko-research-nesebar-21.jpg\" alt=\"Strandok \u00e9s m\u00fazeumok a neszeb\u00e1ri \u00f3v\u00e1ros k\u00f6rny\u00e9k\u00e9n\" class=\"wp-image-404884\" title=\"\" srcset=\"https:\/\/loudavymkrokem.cz\/wp-content\/uploads\/2026\/08\/bulharsko-research-nesebar-21.jpg 1800w, https:\/\/loudavymkrokem.cz\/wp-content\/uploads\/2026\/08\/bulharsko-research-nesebar-21-300x225.jpg 300w, https:\/\/loudavymkrokem.cz\/wp-content\/uploads\/2026\/08\/bulharsko-research-nesebar-21-700x525.jpg 700w, https:\/\/loudavymkrokem.cz\/wp-content\/uploads\/2026\/08\/bulharsko-research-nesebar-21-768x576.jpg 768w, https:\/\/loudavymkrokem.cz\/wp-content\/uploads\/2026\/08\/bulharsko-research-nesebar-21-1536x1152.jpg 1536w, https:\/\/loudavymkrokem.cz\/wp-content\/uploads\/2026\/08\/bulharsko-research-nesebar-21-80x60.jpg 80w, https:\/\/loudavymkrokem.cz\/wp-content\/uploads\/2026\/08\/bulharsko-research-nesebar-21-160x120.jpg 160w, https:\/\/loudavymkrokem.cz\/wp-content\/uploads\/2026\/08\/bulharsko-research-nesebar-21-696x522.jpg 696w, https:\/\/loudavymkrokem.cz\/wp-content\/uploads\/2026\/08\/bulharsko-research-nesebar-21-1392x1044.jpg 1392w\" sizes=\"(max-width: 1800px) 100vw, 1800px\" \/><button\n\t\t\tclass=\"lightbox-trigger\"\n\t\t\ttype=\"button\"\n\t\t\taria-haspopup=\"dialog\"\n\t\t\tdata-wp-bind--aria-label=\"state.thisImage.triggerButtonAriaLabel\"\n\t\t\tdata-wp-init=\"callbacks.initTriggerButton\"\n\t\t\tdata-wp-on--click=\"actions.showLightbox\"\n\t\t\tdata-wp-style--right=\"state.thisImage.buttonRight\"\n\t\t\tdata-wp-style--top=\"state.thisImage.buttonTop\"\n\t\t>\n\t\t\t<svg xmlns=\"http:\/\/www.w3.org\/2000\/svg\" width=\"12\" height=\"12\" fill=\"none\" viewBox=\"0 0 12 12\">\n\t\t\t\t<path fill=\"#fff\" d=\"M2 0a2 2 0 0 0-2 2v2h1.5V2a.5.5 0 0 1 .5-.5h2V0H2Zm2 10.5H2a.5.5 0 0 1-.5-.5V8H0v2a2 2 0 0 0 2 2h2v-1.5ZM8 12v-1.5h2a.5.5 0 0 0 .5-.5V8H12v2a2 2 0 0 1-2 2H8Zm2-12a2 2 0 0 1 2 2v2h-1.5V2a.5.5 0 0 0-.5-.5H8V0h2Z\" \/>\n\t\t\t<\/svg>\n\t\t<\/button><figcaption class=\"wp-element-caption\">Foto: Victor Belousov \/ Wikimedia Commons (CC BY 3.0)<\/figcaption><\/figure>\n\n\n\n<h2 class=\"wp-block-heading\"><span class=\"ez-toc-section\" id=\"Muzeumok_strandok_es_a_kornyek\"><\/span>M\u00fazeumok, strandok \u00e9s a k\u00f6rny\u00e9k<span class=\"ez-toc-section-end\"><\/span><\/h2>\n\n\n\n<p class=\"wp-block-paragraph\">Ha pihenni szeretn\u00e9l a t\u00f6rt\u00e9nelemt\u0151l, Neszeb\u00e1r <strong>gy\u00f6ny\u00f6r\u0171 f\u00fcrd\u0151helyeket<\/strong> \u00e9s <strong>\u00e9rdekes m\u00fazeumi ki\u00e1ll\u00edt\u00e1sokat<\/strong> is k\u00edn\u00e1l, ahol elb\u00fajhatsz a ny\u00e1ri forr\u00f3s\u00e1g el\u0151l.<\/p>\n\n\n\n<figure data-wp-context=\"{&quot;imageId&quot;:&quot;6a9c3a74b4f82&quot;}\" data-wp-interactive=\"core\/image\" data-wp-key=\"6a9c3a74b4f82\" class=\"wp-block-image size-full wp-lightbox-container\"><img decoding=\"async\" width=\"1800\" height=\"1200\" data-wp-class--hide=\"state.isContentHidden\" data-wp-class--show=\"state.isContentVisible\" data-wp-init=\"callbacks.setButtonStyles\" data-wp-on--click=\"actions.showLightbox\" data-wp-on--load=\"callbacks.setButtonStyles\" data-wp-on--pointerdown=\"actions.preloadImage\" data-wp-on--pointerenter=\"actions.preloadImageWithDelay\" data-wp-on--pointerleave=\"actions.cancelPreload\" data-wp-on-window--resize=\"callbacks.setButtonStyles\" src=\"https:\/\/loudavymkrokem.cz\/wp-content\/uploads\/2026\/08\/bulharsko-research-nesebar-22.jpg\" alt=\"Ikonok \u00e9s leletek a R\u00e9g\u00e9szeti M\u00fazeumban\" class=\"wp-image-404886\" title=\"\" srcset=\"https:\/\/loudavymkrokem.cz\/wp-content\/uploads\/2026\/08\/bulharsko-research-nesebar-22.jpg 1800w, https:\/\/loudavymkrokem.cz\/wp-content\/uploads\/2026\/08\/bulharsko-research-nesebar-22-300x200.jpg 300w, https:\/\/loudavymkrokem.cz\/wp-content\/uploads\/2026\/08\/bulharsko-research-nesebar-22-700x467.jpg 700w, https:\/\/loudavymkrokem.cz\/wp-content\/uploads\/2026\/08\/bulharsko-research-nesebar-22-768x512.jpg 768w, https:\/\/loudavymkrokem.cz\/wp-content\/uploads\/2026\/08\/bulharsko-research-nesebar-22-1536x1024.jpg 1536w, https:\/\/loudavymkrokem.cz\/wp-content\/uploads\/2026\/08\/bulharsko-research-nesebar-22-696x464.jpg 696w, https:\/\/loudavymkrokem.cz\/wp-content\/uploads\/2026\/08\/bulharsko-research-nesebar-22-1392x928.jpg 1392w\" sizes=\"(max-width: 1800px) 100vw, 1800px\" \/><button\n\t\t\tclass=\"lightbox-trigger\"\n\t\t\ttype=\"button\"\n\t\t\taria-haspopup=\"dialog\"\n\t\t\tdata-wp-bind--aria-label=\"state.thisImage.triggerButtonAriaLabel\"\n\t\t\tdata-wp-init=\"callbacks.initTriggerButton\"\n\t\t\tdata-wp-on--click=\"actions.showLightbox\"\n\t\t\tdata-wp-style--right=\"state.thisImage.buttonRight\"\n\t\t\tdata-wp-style--top=\"state.thisImage.buttonTop\"\n\t\t>\n\t\t\t<svg xmlns=\"http:\/\/www.w3.org\/2000\/svg\" width=\"12\" height=\"12\" fill=\"none\" viewBox=\"0 0 12 12\">\n\t\t\t\t<path fill=\"#fff\" d=\"M2 0a2 2 0 0 0-2 2v2h1.5V2a.5.5 0 0 1 .5-.5h2V0H2Zm2 10.5H2a.5.5 0 0 1-.5-.5V8H0v2a2 2 0 0 0 2 2h2v-1.5ZM8 12v-1.5h2a.5.5 0 0 0 .5-.5V8H12v2a2 2 0 0 1-2 2H8Zm2-12a2 2 0 0 1 2 2v2h-1.5V2a.5.5 0 0 0-.5-.5H8V0h2Z\" \/>\n\t\t\t<\/svg>\n\t\t<\/button><figcaption class=\"wp-element-caption\">Foto: Kritzolina \/ Wikimedia Commons, CC BY-SA 4.0<\/figcaption><\/figure>\n\n\n\n<h3 class=\"wp-block-heading\"><span class=\"ez-toc-section\" id=\"13_Regeszeti_Muzeum\"><\/span>13. R\u00e9g\u00e9szeti M\u00fazeum<span class=\"ez-toc-section-end\"><\/span><\/h3>\n\n\n\n<p class=\"wp-block-paragraph\">A f\u00e9lszigeten az els\u0151 l\u00e9p\u00e9seidnek \u00e9ppen ide kell vezetni\u00fck, a Mesambria 2A utcai \u00e9p\u00fcletbe, k\u00f6zvetlen\u00fcl a v\u00e1rosfalak m\u00f6g\u00e9. A bel\u00e9p\u0151 4,60 \u20ac-ba ker\u00fcl, \u00e9s <strong>ez az egyetlen hely, ahol megv\u00e1s\u00e1rolhatod a kedvez\u0151 kombin\u00e1lt jegyeket<\/strong> a t\u00f6bbi l\u00e1tnival\u00f3ra. Mindj\u00e1rt az el\u0151csarnokban megn\u00e9zheted az UNESCO-list\u00e1ra val\u00f3 felv\u00e9tel eredeti oklevel\u00e9t.<\/p>\n\n\n\n<p class=\"wp-block-paragraph\">A m\u00fazeumnak n\u00e9gy t\u00e1gas terme van, tele antik \u00e9s k\u00f6z\u00e9pkori m\u0171t\u00e1rgyakkal, de <strong>abszol\u00fat \u00e9kk\u0151 az itteni ikonterem<\/strong>. Egy leny\u0171g\u00f6z\u0151, k\u00f6r\u00fclbel\u00fcl 250 ikonb\u00f3l \u00e1ll\u00f3 gy\u0171jtem\u00e9nyt tal\u00e1lsz benne a 13. \u00e9s 19. sz\u00e1zad k\u00f6z\u00f6tti id\u0151szakb\u00f3l, amelyek a lebontott neszeb\u00e1ri templomok \u00f6r\u00f6ks\u00e9g\u00e9t mentik.<\/p>\n\n\n\n<figure data-wp-context=\"{&quot;imageId&quot;:&quot;6a9c3a74b5655&quot;}\" data-wp-interactive=\"core\/image\" data-wp-key=\"6a9c3a74b5655\" class=\"wp-block-image size-full wp-lightbox-container\"><img decoding=\"async\" width=\"1800\" height=\"1350\" data-wp-class--hide=\"state.isContentHidden\" data-wp-class--show=\"state.isContentVisible\" data-wp-init=\"callbacks.setButtonStyles\" data-wp-on--click=\"actions.showLightbox\" data-wp-on--load=\"callbacks.setButtonStyles\" data-wp-on--pointerdown=\"actions.preloadImage\" data-wp-on--pointerenter=\"actions.preloadImageWithDelay\" data-wp-on--pointerleave=\"actions.cancelPreload\" data-wp-on-window--resize=\"callbacks.setButtonStyles\" src=\"https:\/\/loudavymkrokem.cz\/wp-content\/uploads\/2026\/08\/bulharsko-research-nesebar-23.jpg\" alt=\"A neszeb\u00e1ri D\u00e9li strand sek\u00e9ly v\u00edzbel\u00e9p\u0151vel\" class=\"wp-image-404888\" title=\"\" srcset=\"https:\/\/loudavymkrokem.cz\/wp-content\/uploads\/2026\/08\/bulharsko-research-nesebar-23.jpg 1800w, https:\/\/loudavymkrokem.cz\/wp-content\/uploads\/2026\/08\/bulharsko-research-nesebar-23-300x225.jpg 300w, https:\/\/loudavymkrokem.cz\/wp-content\/uploads\/2026\/08\/bulharsko-research-nesebar-23-700x525.jpg 700w, https:\/\/loudavymkrokem.cz\/wp-content\/uploads\/2026\/08\/bulharsko-research-nesebar-23-768x576.jpg 768w, https:\/\/loudavymkrokem.cz\/wp-content\/uploads\/2026\/08\/bulharsko-research-nesebar-23-1536x1152.jpg 1536w, https:\/\/loudavymkrokem.cz\/wp-content\/uploads\/2026\/08\/bulharsko-research-nesebar-23-80x60.jpg 80w, https:\/\/loudavymkrokem.cz\/wp-content\/uploads\/2026\/08\/bulharsko-research-nesebar-23-160x120.jpg 160w, https:\/\/loudavymkrokem.cz\/wp-content\/uploads\/2026\/08\/bulharsko-research-nesebar-23-696x522.jpg 696w, https:\/\/loudavymkrokem.cz\/wp-content\/uploads\/2026\/08\/bulharsko-research-nesebar-23-1392x1044.jpg 1392w\" sizes=\"(max-width: 1800px) 100vw, 1800px\" \/><button\n\t\t\tclass=\"lightbox-trigger\"\n\t\t\ttype=\"button\"\n\t\t\taria-haspopup=\"dialog\"\n\t\t\tdata-wp-bind--aria-label=\"state.thisImage.triggerButtonAriaLabel\"\n\t\t\tdata-wp-init=\"callbacks.initTriggerButton\"\n\t\t\tdata-wp-on--click=\"actions.showLightbox\"\n\t\t\tdata-wp-style--right=\"state.thisImage.buttonRight\"\n\t\t\tdata-wp-style--top=\"state.thisImage.buttonTop\"\n\t\t>\n\t\t\t<svg xmlns=\"http:\/\/www.w3.org\/2000\/svg\" width=\"12\" height=\"12\" fill=\"none\" viewBox=\"0 0 12 12\">\n\t\t\t\t<path fill=\"#fff\" d=\"M2 0a2 2 0 0 0-2 2v2h1.5V2a.5.5 0 0 1 .5-.5h2V0H2Zm2 10.5H2a.5.5 0 0 1-.5-.5V8H0v2a2 2 0 0 0 2 2h2v-1.5ZM8 12v-1.5h2a.5.5 0 0 0 .5-.5V8H12v2a2 2 0 0 1-2 2H8Zm2-12a2 2 0 0 1 2 2v2h-1.5V2a.5.5 0 0 0-.5-.5H8V0h2Z\" \/>\n\t\t\t<\/svg>\n\t\t<\/button><figcaption class=\"wp-element-caption\">Foto: \u041c\u0438\u0445\u0430\u043b \u041e\u0440\u0435\u043b\u0430 \/ Wikimedia Commons (CC BY 3.0)<\/figcaption><\/figure>\n\n\n\n<h3 class=\"wp-block-heading\"><span class=\"ez-toc-section\" id=\"14_Deli_strand_Neszebar-del\"><\/span>14. D\u00e9li strand (Neszeb\u00e1r-d\u00e9l)<span class=\"ez-toc-section-end\"><\/span><\/h3>\n\n\n\n<p class=\"wp-block-paragraph\">Ha a t\u00f6k\u00e9letes f\u00fcrd\u0151helyet keresed, indulj el k\u00f6r\u00fclbel\u00fcl egy kilom\u00e9tert gyalog az \u00f3v\u00e1rost\u00f3l a D\u00e9li strand fel\u00e9. Ez a t\u00f6bb mint egy kilom\u00e9ter hossz\u00fa s\u00e1v <strong>gy\u00f6ny\u00f6r\u0171 homokd\u0171n\u00e9kkel \u00e9s rendk\u00edv\u00fcl sek\u00e9ly lejt\u00e9ssel<\/strong> b\u00fcszk\u00e9lkedik, ahol ak\u00e1r hatvan m\u00e9tert is bemehetsz a tengerbe, \u00e9s a v\u00edz m\u00e9g mindig csak der\u00e9kig \u00e9r, ami t\u00f6k\u00e9letesen ide\u00e1lis kisgyermekes csal\u00e1doknak.<\/p>\n\n\n\n<p class=\"wp-block-paragraph\">Nagy el\u0151ny itt az \u00e1rak is. M\u00edg a Naposprart k\u00f6zponti strandj\u00e1n egy nap\u00e1gy\u00e9rt 5,10 \u20ac-t fizetsz, <strong>itt a <a href=\"https:\/\/www.tourism.government.bg\/\" target=\"_blank\" rel=\"noopener nofollow\">turisztikai miniszt\u00e9rium hivatalos adatai<\/a> szerint csak 4,09 \u20ac-t<\/strong>, \u00edgy egy csal\u00e1d eg\u00e9sz napra \u00e9rezhet\u0151 \u00f6sszeget sp\u00f3rol eur\u00f3ban. A strand nyugati r\u00e9sze r\u00e1ad\u00e1sul teljesen szabad \u00e9s ingyenes.<\/p>\n\n\n\n<figure data-wp-context=\"{&quot;imageId&quot;:&quot;6a9c3a74b5c92&quot;}\" data-wp-interactive=\"core\/image\" data-wp-key=\"6a9c3a74b5c92\" class=\"wp-block-image size-full wp-lightbox-container\"><img decoding=\"async\" width=\"1800\" height=\"1125\" data-wp-class--hide=\"state.isContentHidden\" data-wp-class--show=\"state.isContentVisible\" data-wp-init=\"callbacks.setButtonStyles\" data-wp-on--click=\"actions.showLightbox\" data-wp-on--load=\"callbacks.setButtonStyles\" data-wp-on--pointerdown=\"actions.preloadImage\" data-wp-on--pointerenter=\"actions.preloadImageWithDelay\" data-wp-on--pointerleave=\"actions.cancelPreload\" data-wp-on-window--resize=\"callbacks.setButtonStyles\" src=\"https:\/\/loudavymkrokem.cz\/wp-content\/uploads\/2026\/08\/bulharsko-research-nesebar-24.jpg\" alt=\"V\u00e1rosi strand k\u00f6zvetlen\u00fcl az \u00f3v\u00e1ros alatt\" class=\"wp-image-404890\" title=\"\" srcset=\"https:\/\/loudavymkrokem.cz\/wp-content\/uploads\/2026\/08\/bulharsko-research-nesebar-24.jpg 1800w, https:\/\/loudavymkrokem.cz\/wp-content\/uploads\/2026\/08\/bulharsko-research-nesebar-24-300x188.jpg 300w, https:\/\/loudavymkrokem.cz\/wp-content\/uploads\/2026\/08\/bulharsko-research-nesebar-24-700x438.jpg 700w, https:\/\/loudavymkrokem.cz\/wp-content\/uploads\/2026\/08\/bulharsko-research-nesebar-24-768x480.jpg 768w, https:\/\/loudavymkrokem.cz\/wp-content\/uploads\/2026\/08\/bulharsko-research-nesebar-24-1536x960.jpg 1536w, https:\/\/loudavymkrokem.cz\/wp-content\/uploads\/2026\/08\/bulharsko-research-nesebar-24-696x435.jpg 696w, https:\/\/loudavymkrokem.cz\/wp-content\/uploads\/2026\/08\/bulharsko-research-nesebar-24-1392x870.jpg 1392w\" sizes=\"(max-width: 1800px) 100vw, 1800px\" \/><button\n\t\t\tclass=\"lightbox-trigger\"\n\t\t\ttype=\"button\"\n\t\t\taria-haspopup=\"dialog\"\n\t\t\tdata-wp-bind--aria-label=\"state.thisImage.triggerButtonAriaLabel\"\n\t\t\tdata-wp-init=\"callbacks.initTriggerButton\"\n\t\t\tdata-wp-on--click=\"actions.showLightbox\"\n\t\t\tdata-wp-style--right=\"state.thisImage.buttonRight\"\n\t\t\tdata-wp-style--top=\"state.thisImage.buttonTop\"\n\t\t>\n\t\t\t<svg xmlns=\"http:\/\/www.w3.org\/2000\/svg\" width=\"12\" height=\"12\" fill=\"none\" viewBox=\"0 0 12 12\">\n\t\t\t\t<path fill=\"#fff\" d=\"M2 0a2 2 0 0 0-2 2v2h1.5V2a.5.5 0 0 1 .5-.5h2V0H2Zm2 10.5H2a.5.5 0 0 1-.5-.5V8H0v2a2 2 0 0 0 2 2h2v-1.5ZM8 12v-1.5h2a.5.5 0 0 0 .5-.5V8H12v2a2 2 0 0 1-2 2H8Zm2-12a2 2 0 0 1 2 2v2h-1.5V2a.5.5 0 0 0-.5-.5H8V0h2Z\" \/>\n\t\t\t<\/svg>\n\t\t<\/button><figcaption class=\"wp-element-caption\">Foto: Daniel Albrecht from Prague, Czech Republic \/ Wikimedia Commons (CC BY 2.0)<\/figcaption><\/figure>\n\n\n\n<h3 class=\"wp-block-heading\"><span class=\"ez-toc-section\" id=\"15_Varosi_strandok_az_ovarosban_Plakamoto_es_Buna\"><\/span>15. V\u00e1rosi strandok az \u00f3v\u00e1rosban (Plakamoto \u00e9s Buna)<span class=\"ez-toc-section-end\"><\/span><\/h3>\n\n\n\n<p class=\"wp-block-paragraph\">K\u00f6zvetlen\u00fcl a f\u00e9lszigeten k\u00e9t kis strandot tal\u00e1lsz, amelyeknek megvan a maguk saj\u00e1tos var\u00e1zsa. A Plakamoto strand az amfite\u00e1trum alatt fekszik, \u00e9s <strong>a felsz\u00edn\u00e9t nem homok, hanem finomra t\u00f6rt kagyl\u00f3 alkotja<\/strong>. A meder itt meglehet\u0151sen k\u00f6ves, \u00edgy egy\u00e9rtelm\u0171en javaslom, hogy vigy\u00e9l v\u00edzicip\u0151t.<\/p>\n\n\n\n<p class=\"wp-block-paragraph\">Az \u00fajabb Buna strand szint\u00e9n t\u00f6rt kagyl\u00f3b\u00f3l \u00e1ll, kavicsokkal keverve, amelyekbe csak nagyon nehezen lehet lesz\u00farni a saj\u00e1t naperny\u0151t. A strand jobb oldala fizet\u0151s (nap\u00e1gy 4,09 \u20ac-\u00e9rt), \u00e9s a meder itt nagyon gyorsan m\u00e9ly\u00fcl, m\u00edg <strong>a bal oldal szabad, ingyenes \u00e9s sokkal sek\u00e9lyebb<\/strong>, ami t\u00f6k\u00e9letes v\u00e1laszt\u00e1s, ha csak gyorsan leh\u0171ln\u00e9l a v\u00e1rosn\u00e9z\u00e9s k\u00f6zben.<\/p>\n\n\n\n<figure data-wp-context=\"{&quot;imageId&quot;:&quot;6a9c3a74b6292&quot;}\" data-wp-interactive=\"core\/image\" data-wp-key=\"6a9c3a74b6292\" class=\"wp-block-image size-full wp-lightbox-container\"><img decoding=\"async\" width=\"1707\" height=\"2560\" data-wp-class--hide=\"state.isContentHidden\" data-wp-class--show=\"state.isContentVisible\" data-wp-init=\"callbacks.setButtonStyles\" data-wp-on--click=\"actions.showLightbox\" data-wp-on--load=\"callbacks.setButtonStyles\" data-wp-on--pointerdown=\"actions.preloadImage\" data-wp-on--pointerenter=\"actions.preloadImageWithDelay\" data-wp-on--pointerleave=\"actions.cancelPreload\" data-wp-on-window--resize=\"callbacks.setButtonStyles\" src=\"https:\/\/loudavymkrokem.cz\/wp-content\/uploads\/2026\/08\/bulharsko-research-nesebar-25-scaled.jpg\" alt=\"A N\u00e9prajzi M\u00fazeum udvara a Moszkojani-h\u00e1zban\" class=\"wp-image-404892\" title=\"\" srcset=\"https:\/\/loudavymkrokem.cz\/wp-content\/uploads\/2026\/08\/bulharsko-research-nesebar-25-scaled.jpg 1707w, https:\/\/loudavymkrokem.cz\/wp-content\/uploads\/2026\/08\/bulharsko-research-nesebar-25-200x300.jpg 200w, https:\/\/loudavymkrokem.cz\/wp-content\/uploads\/2026\/08\/bulharsko-research-nesebar-25-700x1050.jpg 700w, https:\/\/loudavymkrokem.cz\/wp-content\/uploads\/2026\/08\/bulharsko-research-nesebar-25-768x1152.jpg 768w, https:\/\/loudavymkrokem.cz\/wp-content\/uploads\/2026\/08\/bulharsko-research-nesebar-25-1024x1536.jpg 1024w, https:\/\/loudavymkrokem.cz\/wp-content\/uploads\/2026\/08\/bulharsko-research-nesebar-25-1365x2048.jpg 1365w, https:\/\/loudavymkrokem.cz\/wp-content\/uploads\/2026\/08\/bulharsko-research-nesebar-25-696x1044.jpg 696w, https:\/\/loudavymkrokem.cz\/wp-content\/uploads\/2026\/08\/bulharsko-research-nesebar-25-1392x2088.jpg 1392w\" sizes=\"(max-width: 1707px) 100vw, 1707px\" \/><button\n\t\t\tclass=\"lightbox-trigger\"\n\t\t\ttype=\"button\"\n\t\t\taria-haspopup=\"dialog\"\n\t\t\tdata-wp-bind--aria-label=\"state.thisImage.triggerButtonAriaLabel\"\n\t\t\tdata-wp-init=\"callbacks.initTriggerButton\"\n\t\t\tdata-wp-on--click=\"actions.showLightbox\"\n\t\t\tdata-wp-style--right=\"state.thisImage.buttonRight\"\n\t\t\tdata-wp-style--top=\"state.thisImage.buttonTop\"\n\t\t>\n\t\t\t<svg xmlns=\"http:\/\/www.w3.org\/2000\/svg\" width=\"12\" height=\"12\" fill=\"none\" viewBox=\"0 0 12 12\">\n\t\t\t\t<path fill=\"#fff\" d=\"M2 0a2 2 0 0 0-2 2v2h1.5V2a.5.5 0 0 1 .5-.5h2V0H2Zm2 10.5H2a.5.5 0 0 1-.5-.5V8H0v2a2 2 0 0 0 2 2h2v-1.5ZM8 12v-1.5h2a.5.5 0 0 0 .5-.5V8H12v2a2 2 0 0 1-2 2H8Zm2-12a2 2 0 0 1 2 2v2h-1.5V2a.5.5 0 0 0-.5-.5H8V0h2Z\" \/>\n\t\t\t<\/svg>\n\t\t<\/button><figcaption class=\"wp-element-caption\">Foto: Kritzolina \/ Wikimedia Commons (CC BY-SA 4.0)<\/figcaption><\/figure>\n\n\n\n<h3 class=\"wp-block-heading\"><span class=\"ez-toc-section\" id=\"16_Neprajzi_Muzeum_Moszkojani-haz\"><\/span>16. N\u00e9prajzi M\u00fazeum (Moszkojani-h\u00e1z)<span class=\"ez-toc-section-end\"><\/span><\/h3>\n\n\n\n<p class=\"wp-block-paragraph\">Ezt a ki\u00e1ll\u00edt\u00e1st egy gy\u00f6ny\u00f6r\u0171, <strong>1840-b\u0151l fennmaradt h\u00e1zban<\/strong> tal\u00e1lod, amely egykor a gazdag g\u00f6r\u00f6g keresked\u0151\u00e9, Panajot Moszkojani\u00e9 volt. A <strong>3,07 \u20ac-os bel\u00e9p\u0151\u00e9rt<\/strong> megn\u00e9zheted a Fekete-tenger partj\u00e1n zajl\u00f3 hagyom\u00e1nyos \u00e9let p\u00e9ld\u00e1it.<\/p>\n\n\n\n<p class=\"wp-block-paragraph\">Bel\u00fcl a r\u00e9gi hal\u00e1szatnak, bor\u00e1szatnak \u00e9s gy\u00f6ny\u00f6r\u0171 n\u00e9pviseleteknek szentelt ki\u00e1ll\u00edt\u00e1sok v\u00e1rnak. <strong>A recenzensek szerint ez ugyan a leggyeng\u00e9bb a fizet\u0151s objektumok k\u00f6z\u00fcl<\/strong> az eg\u00e9sz v\u00e1rosban, de ha szereted a folkl\u00f3rt, \u00e9s l\u00e1tni akarod egy gazdag reformkori h\u00e1z autentikus belsej\u00e9t, bele\u00e9rtve a r\u00e9gi ikonokat is, egy r\u00f6vid meg\u00e1ll\u00e1sra mindenk\u00e9pp meg\u00e9ri.<\/p>\n\n\n\n<figure data-wp-context=\"{&quot;imageId&quot;:&quot;6a9c3a74b6674&quot;}\" data-wp-interactive=\"core\/image\" data-wp-key=\"6a9c3a74b6674\" class=\"wp-block-image size-full wp-lightbox-container\"><img decoding=\"async\" width=\"1800\" height=\"1200\" data-wp-class--hide=\"state.isContentHidden\" data-wp-class--show=\"state.isContentVisible\" data-wp-init=\"callbacks.setButtonStyles\" data-wp-on--click=\"actions.showLightbox\" data-wp-on--load=\"callbacks.setButtonStyles\" data-wp-on--pointerdown=\"actions.preloadImage\" data-wp-on--pointerenter=\"actions.preloadImageWithDelay\" data-wp-on--pointerleave=\"actions.cancelPreload\" data-wp-on-window--resize=\"callbacks.setButtonStyles\" src=\"https:\/\/loudavymkrokem.cz\/wp-content\/uploads\/2026\/08\/bulharsko-research-nesebar-26.jpg\" alt=\"Turistat\u00f6megek a neszeb\u00e1ri \u00f3v\u00e1ros utc\u00e1iban\" class=\"wp-image-404893\" title=\"\" srcset=\"https:\/\/loudavymkrokem.cz\/wp-content\/uploads\/2026\/08\/bulharsko-research-nesebar-26.jpg 1800w, https:\/\/loudavymkrokem.cz\/wp-content\/uploads\/2026\/08\/bulharsko-research-nesebar-26-300x200.jpg 300w, https:\/\/loudavymkrokem.cz\/wp-content\/uploads\/2026\/08\/bulharsko-research-nesebar-26-700x467.jpg 700w, https:\/\/loudavymkrokem.cz\/wp-content\/uploads\/2026\/08\/bulharsko-research-nesebar-26-768x512.jpg 768w, https:\/\/loudavymkrokem.cz\/wp-content\/uploads\/2026\/08\/bulharsko-research-nesebar-26-1536x1024.jpg 1536w, https:\/\/loudavymkrokem.cz\/wp-content\/uploads\/2026\/08\/bulharsko-research-nesebar-26-696x464.jpg 696w, https:\/\/loudavymkrokem.cz\/wp-content\/uploads\/2026\/08\/bulharsko-research-nesebar-26-1392x928.jpg 1392w\" sizes=\"(max-width: 1800px) 100vw, 1800px\" \/><button\n\t\t\tclass=\"lightbox-trigger\"\n\t\t\ttype=\"button\"\n\t\t\taria-haspopup=\"dialog\"\n\t\t\tdata-wp-bind--aria-label=\"state.thisImage.triggerButtonAriaLabel\"\n\t\t\tdata-wp-init=\"callbacks.initTriggerButton\"\n\t\t\tdata-wp-on--click=\"actions.showLightbox\"\n\t\t\tdata-wp-style--right=\"state.thisImage.buttonRight\"\n\t\t\tdata-wp-style--top=\"state.thisImage.buttonTop\"\n\t\t>\n\t\t\t<svg xmlns=\"http:\/\/www.w3.org\/2000\/svg\" width=\"12\" height=\"12\" fill=\"none\" viewBox=\"0 0 12 12\">\n\t\t\t\t<path fill=\"#fff\" d=\"M2 0a2 2 0 0 0-2 2v2h1.5V2a.5.5 0 0 1 .5-.5h2V0H2Zm2 10.5H2a.5.5 0 0 1-.5-.5V8H0v2a2 2 0 0 0 2 2h2v-1.5ZM8 12v-1.5h2a.5.5 0 0 0 .5-.5V8H12v2a2 2 0 0 1-2 2H8Zm2-12a2 2 0 0 1 2 2v2h-1.5V2a.5.5 0 0 0-.5-.5H8V0h2Z\" \/>\n\t\t\t<\/svg>\n\t\t<\/button><figcaption class=\"wp-element-caption\">Foto: Arek N. \/ Wikimedia Commons (CC BY-SA 3.0)<\/figcaption><\/figure>\n\n\n\n<h2 class=\"wp-block-heading\"><span class=\"ez-toc-section\" id=\"Neszebar_majdnem_elveszitette_az_UNESCO-statuszat\"><\/span>Neszeb\u00e1r majdnem elvesz\u00edtette az UNESCO-st\u00e1tusz\u00e1t<span class=\"ez-toc-section-end\"><\/span><\/h2>\n\n\n\n<p class=\"wp-block-paragraph\">Mik\u00f6zben a sz\u0171k utc\u00e1kban s\u00e9t\u00e1lsz \u00e9s a r\u00e9gi homlokzatokat csod\u00e1lod, val\u00f3sz\u00edn\u0171leg nem is sejted, hogy <strong>e hely f\u00f6l\u00f6tt nagyon komoly fenyeget\u00e9s lebeg<\/strong>. Neszeb\u00e1rt ugyan m\u00e1r 1983-ban felvett\u00e9k az UNESCO vil\u00e1g\u00f6r\u00f6ks\u00e9gi list\u00e1j\u00e1ra, de a t\u00f6megturizmus az elm\u00falt \u00e9vtizedekben \u00f3ri\u00e1si ad\u00f3t szedett itt, ami nem maradt figyelmen k\u00edv\u00fcl a nemzetk\u00f6zi szak\u00e9rt\u0151k el\u0151tt.<\/p>\n\n\n\n<p class=\"wp-block-paragraph\">2023 janu\u00e1rj\u00e1ban szigor\u00fa megfigyel\u0151 misszi\u00f3 zajlott a v\u00e1rosban, \u00e9s annak k\u00f6vetkeztet\u00e9sei sokkol\u00f3ak voltak. Az UNESCO tan\u00e1csad\u00f3 test\u00fcletei <strong><a href=\"https:\/\/whc.unesco.org\/en\/list\/217\/\" target=\"_blank\" rel=\"noopener nofollow\">hivatalosan javasolt\u00e1k Neszeb\u00e1r felv\u00e9tel\u00e9t a vesz\u00e9lyeztetett \u00f6r\u00f6ks\u00e9g list\u00e1j\u00e1ra<\/a><\/strong>. A jelent\u00e9s egyenesen azt \u00edrja, hogy <em>\u201ea v\u00e1rosi strukt\u00fara elvesz\u00edtette koherenci\u00e1j\u00e1t \u00e9s autenticit\u00e1s\u00e1t&#8221;<\/em>, \u00e9s hogy a k\u00f6z\u00e9pkori templomok dominanci\u00e1ja a n\u00e9pi h\u00e1zak f\u00f6l\u00f6tt az ellen\u0151rizetlen be\u00e9p\u00edt\u00e9s miatt m\u00e1r szinte felismerhetetlen. A jelent\u00e9s kem\u00e9nyen b\u00edr\u00e1lja, hogy egy \u00e9l\u0151 v\u00e1rosb\u00f3l tiszt\u00e1n turizmusra \u00e9p\u00fcl\u0151 monogazdas\u00e1g lett, amely ny\u00e1ron zs\u00fafol\u00e1sig telik, t\u00e9len pedig teljesen \u00fcres.<\/p>\n\n\n\n<p class=\"wp-block-paragraph\">A szak\u00e9rt\u0151k konkr\u00e9t probl\u00e9m\u00e1s \u00e9p\u00fcleteket is megneveztek, <strong>amelyek k\u00f6z\u00fcl a legink\u00e1bb szembe\u00f6tl\u0151 az a sz\u00e1lloda, amelynek keleti homlokzat\u00e1ba \u00e9rz\u00e9ketlen\u00fcl be\u00e9p\u00edtettek egy val\u00f3di t\u00f6rt\u00e9nelmi sz\u00e9lmalmot<\/strong>. A bizotts\u00e1g m\u00e9g azt is javasolta, hogy az \u00e1llam fontolja meg ennek az \u00e9p\u00fcletnek a megv\u00e1s\u00e1rl\u00e1s\u00e1t \u00e9s elt\u00e1vol\u00edt\u00e1s\u00e1t. Szerencs\u00e9re a v\u00e1ros m\u00e9g kapott es\u00e9lyt a helyre\u00e1ll\u00edt\u00e1sra, \u00e9s a k\u00e9rt ellen\u0151rz\u0151 misszi\u00f3 minden jel szerint 2026 nyar\u00e1n t\u00e9rt ide vissza. Tartsd fejben ezt a h\u00e1tteret, amikor l\u00e1tod, hogyan tolakodnak a kereskedelmi standok egyenesen az \u00e9vezredes templomok falaihoz.<\/p>\n\n\n\n<figure data-wp-context=\"{&quot;imageId&quot;:&quot;6a9c3a74b6a8e&quot;}\" data-wp-interactive=\"core\/image\" data-wp-key=\"6a9c3a74b6a8e\" class=\"wp-block-image size-full wp-lightbox-container\"><img decoding=\"async\" width=\"1800\" height=\"1350\" data-wp-class--hide=\"state.isContentHidden\" data-wp-class--show=\"state.isContentVisible\" data-wp-init=\"callbacks.setButtonStyles\" data-wp-on--click=\"actions.showLightbox\" data-wp-on--load=\"callbacks.setButtonStyles\" data-wp-on--pointerdown=\"actions.preloadImage\" data-wp-on--pointerenter=\"actions.preloadImageWithDelay\" data-wp-on--pointerleave=\"actions.cancelPreload\" data-wp-on-window--resize=\"callbacks.setButtonStyles\" src=\"https:\/\/loudavymkrokem.cz\/wp-content\/uploads\/2026\/08\/bulharsko-research-nesebar-27.jpg\" alt=\"S\u00e9ta a neszeb\u00e1ri \u00f3v\u00e1rosban\" class=\"wp-image-404895\" title=\"\" srcset=\"https:\/\/loudavymkrokem.cz\/wp-content\/uploads\/2026\/08\/bulharsko-research-nesebar-27.jpg 1800w, https:\/\/loudavymkrokem.cz\/wp-content\/uploads\/2026\/08\/bulharsko-research-nesebar-27-300x225.jpg 300w, https:\/\/loudavymkrokem.cz\/wp-content\/uploads\/2026\/08\/bulharsko-research-nesebar-27-700x525.jpg 700w, https:\/\/loudavymkrokem.cz\/wp-content\/uploads\/2026\/08\/bulharsko-research-nesebar-27-768x576.jpg 768w, https:\/\/loudavymkrokem.cz\/wp-content\/uploads\/2026\/08\/bulharsko-research-nesebar-27-1536x1152.jpg 1536w, https:\/\/loudavymkrokem.cz\/wp-content\/uploads\/2026\/08\/bulharsko-research-nesebar-27-80x60.jpg 80w, https:\/\/loudavymkrokem.cz\/wp-content\/uploads\/2026\/08\/bulharsko-research-nesebar-27-160x120.jpg 160w, https:\/\/loudavymkrokem.cz\/wp-content\/uploads\/2026\/08\/bulharsko-research-nesebar-27-696x522.jpg 696w, https:\/\/loudavymkrokem.cz\/wp-content\/uploads\/2026\/08\/bulharsko-research-nesebar-27-1392x1044.jpg 1392w\" sizes=\"(max-width: 1800px) 100vw, 1800px\" \/><button\n\t\t\tclass=\"lightbox-trigger\"\n\t\t\ttype=\"button\"\n\t\t\taria-haspopup=\"dialog\"\n\t\t\tdata-wp-bind--aria-label=\"state.thisImage.triggerButtonAriaLabel\"\n\t\t\tdata-wp-init=\"callbacks.initTriggerButton\"\n\t\t\tdata-wp-on--click=\"actions.showLightbox\"\n\t\t\tdata-wp-style--right=\"state.thisImage.buttonRight\"\n\t\t\tdata-wp-style--top=\"state.thisImage.buttonTop\"\n\t\t>\n\t\t\t<svg xmlns=\"http:\/\/www.w3.org\/2000\/svg\" width=\"12\" height=\"12\" fill=\"none\" viewBox=\"0 0 12 12\">\n\t\t\t\t<path fill=\"#fff\" d=\"M2 0a2 2 0 0 0-2 2v2h1.5V2a.5.5 0 0 1 .5-.5h2V0H2Zm2 10.5H2a.5.5 0 0 1-.5-.5V8H0v2a2 2 0 0 0 2 2h2v-1.5ZM8 12v-1.5h2a.5.5 0 0 0 .5-.5V8H12v2a2 2 0 0 1-2 2H8Zm2-12a2 2 0 0 1 2 2v2h-1.5V2a.5.5 0 0 0-.5-.5H8V0h2Z\" \/>\n\t\t\t<\/svg>\n\t\t<\/button><figcaption class=\"wp-element-caption\">Foto: Andrei Dan Suciu \/ Wikimedia Commons, CC BY 3.0<\/figcaption><\/figure>\n\n\n\n<h2 class=\"wp-block-heading\"><span class=\"ez-toc-section\" id=\"Neszebar_fel_nap_alatt_utiterv_lepesrol_lepesre\"><\/span>Neszeb\u00e1r f\u00e9l nap alatt: \u00fatiterv l\u00e9p\u00e9sr\u0151l l\u00e9p\u00e9sre<span class=\"ez-toc-section-end\"><\/span><\/h2>\n\n\n\n<p class=\"wp-block-paragraph\">Ha csak n\u00e9h\u00e1ny \u00f3r\u00e1d van a l\u00e1togat\u00e1sra, a legfontosabbat egy folyamatos s\u00e9t\u00e1val teljes\u00edtheted. <strong>Az eg\u00e9sz f\u00e9lsziget bej\u00e1r\u00e1s\u00e1ra sz\u00e1nj k\u00f6r\u00fclbel\u00fcl 2-3 \u00f3r\u00e1t.<\/strong><\/p>\n\n\n\n<p class=\"wp-block-paragraph\">Parkolj le az \u00e9szaki kik\u00f6t\u0151n\u00e9l, \u00e9s menj \u00e1t a f\u0151 kapun egyenesen a R\u00e9g\u00e9szeti M\u00fazeumhoz, ahol megveszed a kombin\u00e1lt jegyet. Innen indulj a Szent Istv\u00e1n-templomhoz a gy\u00f6ny\u00f6r\u0171 fresk\u00f3k megtekint\u00e9s\u00e9re. Azt\u00e1n kanyarogj az utc\u00e1kon \u00e1t a Szent J\u00e1nos Aliturgetosz-templom romjaihoz, \u00e9s gy\u00f6ny\u00f6rk\u00f6dj a tengeri kil\u00e1t\u00e1sban. <strong>Ezut\u00e1n indulj a f\u00e9lsziget k\u00f6zep\u00e9re a fens\u00e9ges Szent Sz\u00f3fia-bazilik\u00e1hoz<\/strong>, amely k\u00f6r\u00fcl a legt\u00f6bb \u00fczletet \u00e9s k\u00e1v\u00e9z\u00f3t tal\u00e1lod. A k\u00f6rt az \u00e9szaki partn\u00e1l, az Eleusza-bazilik\u00e1n\u00e1l z\u00e1rd le, \u00e9s az aut\u00f3dhoz vissza\u00faton menj el a f\u00f6ldnyelven \u00e1ll\u00f3 fa sz\u00e9lmalom mellett.<\/p>\n\n\n\n<p class=\"wp-block-paragraph\">Ha egy eg\u00e9sz nap \u00e1ll rendelkez\u00e9sedre, javaslom, hogy a d\u00e9lel\u0151tt\u00f6t szenteld az \u00f3v\u00e1ros alapos megtekint\u00e9s\u00e9nek, eb\u00e9d ut\u00e1n pedig menj \u00e1t a <strong>D\u00e9li strandra vagy a Naposprart fel\u00e9<\/strong>, ahol pihenhetsz a finom homokon, \u00e9s megf\u00fcr\u00f6dhetsz a sek\u00e9ly v\u00edzben.<\/p>\n\n\n\n<figure data-wp-context=\"{&quot;imageId&quot;:&quot;6a9c3a74b7024&quot;}\" data-wp-interactive=\"core\/image\" data-wp-key=\"6a9c3a74b7024\" class=\"wp-block-image size-full wp-lightbox-container\"><img decoding=\"async\" width=\"1800\" height=\"1207\" data-wp-class--hide=\"state.isContentHidden\" data-wp-class--show=\"state.isContentVisible\" data-wp-init=\"callbacks.setButtonStyles\" data-wp-on--click=\"actions.showLightbox\" data-wp-on--load=\"callbacks.setButtonStyles\" data-wp-on--pointerdown=\"actions.preloadImage\" data-wp-on--pointerenter=\"actions.preloadImageWithDelay\" data-wp-on--pointerleave=\"actions.cancelPreload\" data-wp-on-window--resize=\"callbacks.setButtonStyles\" src=\"https:\/\/loudavymkrokem.cz\/wp-content\/uploads\/2026\/08\/bulharsko-research-nesebar-28.jpg\" alt=\"\u00c9tterem tengerre n\u00e9z\u0151 kil\u00e1t\u00e1ssal a neszeb\u00e1ri \u00f3v\u00e1rosban\" class=\"wp-image-404898\" title=\"\" srcset=\"https:\/\/loudavymkrokem.cz\/wp-content\/uploads\/2026\/08\/bulharsko-research-nesebar-28.jpg 1800w, https:\/\/loudavymkrokem.cz\/wp-content\/uploads\/2026\/08\/bulharsko-research-nesebar-28-300x201.jpg 300w, https:\/\/loudavymkrokem.cz\/wp-content\/uploads\/2026\/08\/bulharsko-research-nesebar-28-700x469.jpg 700w, https:\/\/loudavymkrokem.cz\/wp-content\/uploads\/2026\/08\/bulharsko-research-nesebar-28-768x515.jpg 768w, https:\/\/loudavymkrokem.cz\/wp-content\/uploads\/2026\/08\/bulharsko-research-nesebar-28-1536x1030.jpg 1536w, https:\/\/loudavymkrokem.cz\/wp-content\/uploads\/2026\/08\/bulharsko-research-nesebar-28-696x467.jpg 696w, https:\/\/loudavymkrokem.cz\/wp-content\/uploads\/2026\/08\/bulharsko-research-nesebar-28-1392x933.jpg 1392w\" sizes=\"(max-width: 1800px) 100vw, 1800px\" \/><button\n\t\t\tclass=\"lightbox-trigger\"\n\t\t\ttype=\"button\"\n\t\t\taria-haspopup=\"dialog\"\n\t\t\tdata-wp-bind--aria-label=\"state.thisImage.triggerButtonAriaLabel\"\n\t\t\tdata-wp-init=\"callbacks.initTriggerButton\"\n\t\t\tdata-wp-on--click=\"actions.showLightbox\"\n\t\t\tdata-wp-style--right=\"state.thisImage.buttonRight\"\n\t\t\tdata-wp-style--top=\"state.thisImage.buttonTop\"\n\t\t>\n\t\t\t<svg xmlns=\"http:\/\/www.w3.org\/2000\/svg\" width=\"12\" height=\"12\" fill=\"none\" viewBox=\"0 0 12 12\">\n\t\t\t\t<path fill=\"#fff\" d=\"M2 0a2 2 0 0 0-2 2v2h1.5V2a.5.5 0 0 1 .5-.5h2V0H2Zm2 10.5H2a.5.5 0 0 1-.5-.5V8H0v2a2 2 0 0 0 2 2h2v-1.5ZM8 12v-1.5h2a.5.5 0 0 0 .5-.5V8H12v2a2 2 0 0 1-2 2H8Zm2-12a2 2 0 0 1 2 2v2h-1.5V2a.5.5 0 0 0-.5-.5H8V0h2Z\" \/>\n\t\t\t<\/svg>\n\t\t<\/button><figcaption class=\"wp-element-caption\">Foto (upraveno): Daniel Albrecht from Prague, Czech Republic \/ Wikimedia Commons (CC BY 2.0)<\/figcaption><\/figure>\n\n\n\n<h2 class=\"wp-block-heading\"><span class=\"ez-toc-section\" id=\"Hol_egyel\"><\/span>Hol egy\u00e9l<span class=\"ez-toc-section-end\"><\/span><\/h2>\n\n\n\n<p class=\"wp-block-paragraph\">Amikor j\u00f3 \u00e9telt keresel Neszeb\u00e1rban, egy alapvet\u0151 t\u00e9nybe \u00fctk\u00f6z\u00f6l, amit a bolg\u00e1r telev\u00edzi\u00f3k riportjai is meger\u0151s\u00edtenek: <strong>a tengerparti \u00f3v\u00e1ros jelent\u0151sen dr\u00e1g\u00e1bb, mint a sz\u00e1razf\u00f6ldi \u00fajv\u00e1ros<\/strong>. M\u00edg az \u00fajv\u00e1rosban egy szokv\u00e1nyos eb\u00e9d 4-5 \u20ac k\u00f6r\u00fcl van, a f\u00e9lsziget tengerparti els\u0151 sor\u00e1ban egy k\u00f6zkedvelt sopszka sal\u00e1ta majdnem 11 \u20ac-ba ker\u00fcl, a f\u0151\u00e9telek pedig huszon\u00f6t eur\u00f3t\u00f3l indulnak.<\/p>\n\n\n\n<p class=\"wp-block-paragraph\">A helyi specialit\u00e1sok \u00e9rthet\u0151 m\u00f3don els\u0151sorban halat, garn\u00e9l\u00e1t \u00e9s grillezett kalam\u00e1rit k\u00edn\u00e1lnak, de ha nem a hal a te \u00e9teled, ne cs\u00fcggedj: a veget\u00e1ri\u00e1nusok is megtal\u00e1lj\u00e1k itt a sz\u00e1m\u00edt\u00e1sukat. A f\u00e9lszigeten abszol\u00fat remek v\u00e1laszt\u00e1s a <strong>Restaurant Prince Cyril<\/strong>, amely kifejezetten veget\u00e1ri\u00e1nus \u00e9s veg\u00e1n \u00e9telekre specializ\u00e1l\u00f3dott. Menj ide a kit\u0171n\u0151 tofun\u00fadli\u00e9rt \u00e9s az \u00f3ri\u00e1si adagok\u00e9rt, amelyeket kellemes \u00e1rny\u00e9kban, a sz\u0151l\u0151lugas alatt fogyaszthatsz el.<\/p>\n\n\n\n<p class=\"wp-block-paragraph\">Az \u00f3v\u00e1rosban tov\u00e1bbi biztos pont a <strong>Restaurant Breeze<\/strong>, ahol a men\u00fcben van rendes sopszka sal\u00e1ta 6,90 \u20ac-\u00e9rt, s\u00fclt cukkini fokhagymam\u00e1rtogat\u00f3val, vajas gomba \u00e9s a hagyom\u00e1nyos, \u201ep\u00fcrlenka&#8221; nev\u0171 fokhagym\u00e1s l\u00e1ngos is. Ha sp\u00f3rolni akarsz, \u00e9s nem b\u00e1nod, ha \u00e1ts\u00e9t\u00e1lsz az \u00fajv\u00e1rosba, <strong>remek\u00fcl lakhatsz j\u00f3l a Pizzeria Portoross\u00f3ban<\/strong>, ahol erjesztett t\u00e9szt\u00e1b\u00f3l k\u00e9sz\u00edtik a pizz\u00e1t, \u00e9s a men\u00fcben k\u00fcl\u00f6n jel\u00f6lik a Vegana pizz\u00e1t nagyon bar\u00e1ts\u00e1gos 8,50 \u20ac-\u00e9rt. A helyiek k\u00f6r\u00e9ben kedvelt sl\u00e1ger a <strong>Feh\u00e9r r\u00f3zsa<\/strong> \u00e9tterem is, ahol kit\u0171n\u0151 h\u00fastalan agyagfazekakat \u00e9s \u00f3ri\u00e1si sal\u00e1t\u00e1kat k\u00e9sz\u00edtenek.<\/p>\n\n\n\n<p class=\"wp-block-paragraph\">\ud83d\udca1 <strong>Hogyan ismerd fel a turistacsapd\u00e1t:<\/strong> A bolg\u00e1r sajt\u00f3 h\u00e1rom f\u0151 jelre figyelmeztet. Ha <strong>a men\u00fc terjedelme a Bibli\u00e1ra eml\u00e9keztet<\/strong>, \u00e9s a fond\u00fct\u0151l a szusiig mindent megtal\u00e1lsz benne, ink\u00e1bb menj el. A m\u00e1sodik figyelmeztet\u00e9s az \u00e9telek fak\u00f3 f\u00e9nyk\u00e9pei, egy\u00e9rtelm\u0171en felt\u00fcntetett \u00e1rak n\u00e9lk\u00fcl. \u00c9s harmadszor: ha a szem\u00e9lyzet gyan\u00fasan gyakran ism\u00e9telgeti a \u201eh\u00e1zi&#8221; sz\u00f3t, kapcsold be a fejedben a piros l\u00e1mp\u00e1t.<\/p>\n\n\n\n<figure data-wp-context=\"{&quot;imageId&quot;:&quot;6a9c3a74b77df&quot;}\" data-wp-interactive=\"core\/image\" data-wp-key=\"6a9c3a74b77df\" class=\"wp-block-image size-full wp-lightbox-container\"><img decoding=\"async\" width=\"1800\" height=\"1204\" data-wp-class--hide=\"state.isContentHidden\" data-wp-class--show=\"state.isContentVisible\" data-wp-init=\"callbacks.setButtonStyles\" data-wp-on--click=\"actions.showLightbox\" data-wp-on--load=\"callbacks.setButtonStyles\" data-wp-on--pointerdown=\"actions.preloadImage\" data-wp-on--pointerenter=\"actions.preloadImageWithDelay\" data-wp-on--pointerleave=\"actions.cancelPreload\" data-wp-on-window--resize=\"callbacks.setButtonStyles\" src=\"https:\/\/loudavymkrokem.cz\/wp-content\/uploads\/2026\/08\/bulharsko-research-nesebar-29.jpg\" alt=\"Sz\u00e1ll\u00e1s a neszeb\u00e1ri t\u00f6rt\u00e9nelmi magban\" class=\"wp-image-404899\" title=\"\" srcset=\"https:\/\/loudavymkrokem.cz\/wp-content\/uploads\/2026\/08\/bulharsko-research-nesebar-29.jpg 1800w, https:\/\/loudavymkrokem.cz\/wp-content\/uploads\/2026\/08\/bulharsko-research-nesebar-29-300x201.jpg 300w, https:\/\/loudavymkrokem.cz\/wp-content\/uploads\/2026\/08\/bulharsko-research-nesebar-29-700x468.jpg 700w, https:\/\/loudavymkrokem.cz\/wp-content\/uploads\/2026\/08\/bulharsko-research-nesebar-29-768x514.jpg 768w, https:\/\/loudavymkrokem.cz\/wp-content\/uploads\/2026\/08\/bulharsko-research-nesebar-29-1536x1027.jpg 1536w, https:\/\/loudavymkrokem.cz\/wp-content\/uploads\/2026\/08\/bulharsko-research-nesebar-29-696x466.jpg 696w, https:\/\/loudavymkrokem.cz\/wp-content\/uploads\/2026\/08\/bulharsko-research-nesebar-29-1392x931.jpg 1392w\" sizes=\"(max-width: 1800px) 100vw, 1800px\" \/><button\n\t\t\tclass=\"lightbox-trigger\"\n\t\t\ttype=\"button\"\n\t\t\taria-haspopup=\"dialog\"\n\t\t\tdata-wp-bind--aria-label=\"state.thisImage.triggerButtonAriaLabel\"\n\t\t\tdata-wp-init=\"callbacks.initTriggerButton\"\n\t\t\tdata-wp-on--click=\"actions.showLightbox\"\n\t\t\tdata-wp-style--right=\"state.thisImage.buttonRight\"\n\t\t\tdata-wp-style--top=\"state.thisImage.buttonTop\"\n\t\t>\n\t\t\t<svg xmlns=\"http:\/\/www.w3.org\/2000\/svg\" width=\"12\" height=\"12\" fill=\"none\" viewBox=\"0 0 12 12\">\n\t\t\t\t<path fill=\"#fff\" d=\"M2 0a2 2 0 0 0-2 2v2h1.5V2a.5.5 0 0 1 .5-.5h2V0H2Zm2 10.5H2a.5.5 0 0 1-.5-.5V8H0v2a2 2 0 0 0 2 2h2v-1.5ZM8 12v-1.5h2a.5.5 0 0 0 .5-.5V8H12v2a2 2 0 0 1-2 2H8Zm2-12a2 2 0 0 1 2 2v2h-1.5V2a.5.5 0 0 0-.5-.5H8V0h2Z\" \/>\n\t\t\t<\/svg>\n\t\t<\/button><figcaption class=\"wp-element-caption\">Foto: Alexander Murvanidze \/ Wikimedia Commons, CC BY-SA 3.0<\/figcaption><\/figure>\n\n\n\n<h2 class=\"wp-block-heading\"><span class=\"ez-toc-section\" id=\"Hol_szallj_meg\"><\/span>Hol sz\u00e1llj meg<span class=\"ez-toc-section-end\"><\/span><\/h2>\n\n\n\n<p class=\"wp-block-paragraph\"><em>\ud83d\udca1 Tipp sz\u00e1ll\u00e1sra \u00e9s \u00e9lm\u00e9nyekre: A helyi sz\u00e1ll\u00e1sokat <a href=\"https:\/\/www.stay22.com\/allez\/roam?aid=lukaskonecny&#038;campaign=loudavymkrokemcz&#038;address=Nesebar\" target=\"_blank\" rel=\"nofollow noopener sponsored\">itt hasonl\u00edtjuk \u00f6ssze<\/a>, hogy l\u00e1tsz\u00f3djon, mi szabad \u00e9s mennyi\u00e9rt. A legsz\u00edvesebben a <a href=\"https:\/\/www.booking.com\/searchresults.html?ss=Nesebar&#038;aid=2397601\" target=\"_blank\" rel=\"nofollow noopener sponsored\">Booking.comon<\/a> keress\u00fck, ahol \u00e1ltal\u00e1ban a legjobbak a lemond\u00e1si felt\u00e9telek. A bel\u00e9p\u0151ket, kir\u00e1ndul\u00e1sokat \u00e9s programokat pedig \u00e9rdemes a <a href=\"https:\/\/www.getyourguide.com\/s\/?q=Nesebar&#038;partner_id=MKZ64IS\" target=\"_blank\" rel=\"nofollow noopener sponsored\">GetYourGuide-on<\/a> \u00f6sszehasonl\u00edtani \u00e9s megvenni.<\/em><\/p>\n\n\n\n<p class=\"wp-block-paragraph\">A neszeb\u00e1ri sz\u00e1llodakeres\u00e9s f\u0151leg att\u00f3l f\u00fcgg, hogy aut\u00f3val j\u00f6ssz-e, \u00e9s milyen k\u00f6zel akarsz lenni a t\u00f6rt\u00e9nelmi l\u00e1tnival\u00f3khoz. Jegyezz meg egy alapvet\u0151 dolgot: <strong>a sz\u00e1lloda az \u00f3v\u00e1rosban nem jelenti azt, hogy ott parkolhatsz is mellette<\/strong>.<\/p>\n\n\n\n<p class=\"wp-block-paragraph\">Ha luxust \u00e9s t\u00f6k\u00e9letes szolg\u00e1ltat\u00e1st keresel k\u00f6zvetlen\u00fcl a t\u00f6rt\u00e9nelmi k\u00f6zpontban, n\u00e9zd meg a <a href=\"https:\/\/www.stay22.com\/allez\/roam?aid=lukaskonecny&#038;campaign=loudavymkrokemcz&#038;campaign=nesebar&#038;hotelname=Castro%20Mesembria%20Boutique%20Hotel&#038;address=Nesebar\" target=\"_blank\" rel=\"noopener nofollow sponsored\"><strong>Castro Mesembria Boutique Hotelt<\/strong><\/a>, amely az eg\u00e9sz f\u00e9lsziget legmagasabb \u00e9rt\u00e9kel\u00e9s\u00e9vel rendelkezik, \u00e9s saj\u00e1t kit\u0171n\u0151 pizz\u00e9ri\u00e1ja van. A falakn\u00e1l hagyom\u00e1nyos \u00e1lland\u00f3 szerepl\u0151 a remek <a href=\"https:\/\/www.stay22.com\/allez\/roam?aid=lukaskonecny&#038;campaign=loudavymkrokemcz&#038;campaign=nesebar&#038;hotelname=Hotel%20Saint%20John%20Baptist%20Nessebar&#038;address=Nesebar\" target=\"_blank\" rel=\"noopener nofollow sponsored\"><strong>Hotel Saint John Baptist Nessebar<\/strong><\/a> is.<\/p>\n\n\n\n<p class=\"wp-block-paragraph\">Az aut\u00f3val \u00e9rkez\u0151 csal\u00e1dok sz\u00e1m\u00e1ra abszol\u00fat ide\u00e1lis a <a href=\"https:\/\/www.stay22.com\/allez\/roam?aid=lukaskonecny&#038;campaign=loudavymkrokemcz&#038;campaign=nesebar&#038;hotelname=Family%20Hotel%20Saint%20Nikola&#038;address=Nesebar\" target=\"_blank\" rel=\"noopener nofollow sponsored\"><strong>Family Hotel Saint Nikola<\/strong><\/a>, amely verhetetlen \u00e1r-\u00e9rt\u00e9k ar\u00e1nyt k\u00edn\u00e1l, \u00e9s ami a legfontosabb, <strong>saj\u00e1t ingyenes parkol\u00f3val rendelkezik<\/strong>, ami rengeteg idegesked\u00e9st\u0151l megk\u00edm\u00e9l. Hasonl\u00f3 el\u0151nye van a <a href=\"https:\/\/www.stay22.com\/allez\/roam?aid=lukaskonecny&#038;campaign=loudavymkrokemcz&#038;campaign=nesebar&#038;hotelname=Hotel%20Capri&#038;address=Nesebar\" target=\"_blank\" rel=\"noopener nofollow sponsored\"><strong>Hotel Caprinak<\/strong><\/a> is az \u00fajv\u00e1rosban.<\/p>\n\n\n\n<p class=\"wp-block-paragraph\">Ha a legt\u00f6bb id\u0151t a v\u00edzn\u00e9l szeretn\u00e9d t\u00f6lteni, pr\u00f3b\u00e1ld ki az <a href=\"https:\/\/www.stay22.com\/allez\/roam?aid=lukaskonecny&#038;campaign=loudavymkrokemcz&#038;campaign=nesebar&#038;hotelname=Aphrodite%20Beach%20Hotel&#038;address=Nesebar\" target=\"_blank\" rel=\"noopener nofollow sponsored\"><strong>Aphrodite Beach Hotelt<\/strong><\/a>. K\u00f6zvetlen\u00fcl a D\u00e9li strandn\u00e1l fekszik, az \u00f3v\u00e1rosba negyed \u00f3ra gyalog, a medenc\u00e9b\u0151l pedig gy\u00f6ny\u00f6r\u0171 kil\u00e1t\u00e1s ny\u00edlik az eg\u00e9sz t\u00f6rt\u00e9nelmi f\u00e9lszigetre.<\/p>\n\n\n\n<figure data-wp-context=\"{&quot;imageId&quot;:&quot;6a9c3a74b8091&quot;}\" data-wp-interactive=\"core\/image\" data-wp-key=\"6a9c3a74b8091\" class=\"wp-block-image size-full wp-lightbox-container\"><img decoding=\"async\" width=\"1800\" height=\"1200\" data-wp-class--hide=\"state.isContentHidden\" data-wp-class--show=\"state.isContentVisible\" data-wp-init=\"callbacks.setButtonStyles\" data-wp-on--click=\"actions.showLightbox\" data-wp-on--load=\"callbacks.setButtonStyles\" data-wp-on--pointerdown=\"actions.preloadImage\" data-wp-on--pointerenter=\"actions.preloadImageWithDelay\" data-wp-on--pointerleave=\"actions.cancelPreload\" data-wp-on-window--resize=\"callbacks.setButtonStyles\" src=\"https:\/\/loudavymkrokem.cz\/wp-content\/uploads\/2026\/08\/bulharsko-research-nesebar-30.jpg\" alt=\"Turist\u00e1k az \u00f3v\u00e1ros utc\u00e1iban\" class=\"wp-image-404900\" title=\"\" srcset=\"https:\/\/loudavymkrokem.cz\/wp-content\/uploads\/2026\/08\/bulharsko-research-nesebar-30.jpg 1800w, https:\/\/loudavymkrokem.cz\/wp-content\/uploads\/2026\/08\/bulharsko-research-nesebar-30-300x200.jpg 300w, https:\/\/loudavymkrokem.cz\/wp-content\/uploads\/2026\/08\/bulharsko-research-nesebar-30-700x467.jpg 700w, https:\/\/loudavymkrokem.cz\/wp-content\/uploads\/2026\/08\/bulharsko-research-nesebar-30-768x512.jpg 768w, https:\/\/loudavymkrokem.cz\/wp-content\/uploads\/2026\/08\/bulharsko-research-nesebar-30-1536x1024.jpg 1536w, https:\/\/loudavymkrokem.cz\/wp-content\/uploads\/2026\/08\/bulharsko-research-nesebar-30-696x464.jpg 696w, https:\/\/loudavymkrokem.cz\/wp-content\/uploads\/2026\/08\/bulharsko-research-nesebar-30-1392x928.jpg 1392w\" sizes=\"(max-width: 1800px) 100vw, 1800px\" \/><button\n\t\t\tclass=\"lightbox-trigger\"\n\t\t\ttype=\"button\"\n\t\t\taria-haspopup=\"dialog\"\n\t\t\tdata-wp-bind--aria-label=\"state.thisImage.triggerButtonAriaLabel\"\n\t\t\tdata-wp-init=\"callbacks.initTriggerButton\"\n\t\t\tdata-wp-on--click=\"actions.showLightbox\"\n\t\t\tdata-wp-style--right=\"state.thisImage.buttonRight\"\n\t\t\tdata-wp-style--top=\"state.thisImage.buttonTop\"\n\t\t>\n\t\t\t<svg xmlns=\"http:\/\/www.w3.org\/2000\/svg\" width=\"12\" height=\"12\" fill=\"none\" viewBox=\"0 0 12 12\">\n\t\t\t\t<path fill=\"#fff\" d=\"M2 0a2 2 0 0 0-2 2v2h1.5V2a.5.5 0 0 1 .5-.5h2V0H2Zm2 10.5H2a.5.5 0 0 1-.5-.5V8H0v2a2 2 0 0 0 2 2h2v-1.5ZM8 12v-1.5h2a.5.5 0 0 0 .5-.5V8H12v2a2 2 0 0 1-2 2H8Zm2-12a2 2 0 0 1 2 2v2h-1.5V2a.5.5 0 0 0-.5-.5H8V0h2Z\" \/>\n\t\t\t<\/svg>\n\t\t<\/button><figcaption class=\"wp-element-caption\">Foto: edykbo \/ Wikimedia Commons, CC BY 3.0<\/figcaption><\/figure>\n\n\n\n<p class=\"wp-block-paragraph\">\ud83d\udc49 <a href=\"https:\/\/www.stay22.com\/allez\/roam?aid=lukaskonecny&#038;campaign=loudavymkrokemcz&#038;campaign=nesebar&#038;address=Nesebar%2C%20Bulharsko\" target=\"_blank\" rel=\"nofollow noopener\"><strong>Neszeb\u00e1ri sz\u00e1ll\u00e1s\u00e1rak \u00f6sszehasonl\u00edt\u00e1sa<\/strong><\/a><\/p>\n\n\n\n<h2 class=\"wp-block-heading\"><span class=\"ez-toc-section\" id=\"Mire_vigyazz\"><\/span>Mire vigy\u00e1zz<span class=\"ez-toc-section-end\"><\/span><\/h2>\n\n\n\n<p class=\"wp-block-paragraph\">A <strong>t\u00fal\u00e1razott taxik<\/strong> mellett a tengerparton m\u00e9g n\u00e9h\u00e1ny kellemetlens\u00e9g v\u00e1r r\u00e1d, amelyek elronthatj\u00e1k a napodat, ha nem tudsz r\u00f3luk el\u0151re.<\/p>\n\n\n\n<p class=\"wp-block-paragraph\">Az \u00e9ttermek leggyakoribb csapd\u00e1ja a <strong>100 grammonk\u00e9nt sz\u00e1ml\u00e1zott hal<\/strong>. Sok hely a tenger gy\u00fcm\u00f6lcsein\u00e9l egy\u00e1ltal\u00e1n nem t\u00fcnteti fel a v\u00e9g\u00f6sszeget, csak a s\u00faly szerinti \u00e1rat. Miel\u0151tt b\u00e1rmit is rendeln\u00e9l, mindig k\u00e9rdezd meg el\u0151re a szem\u00e9lyzett\u0151l a konkr\u00e9t darab s\u00faly\u00e1t, \u00e9s mondasd meg egy\u00e9rtelm\u0171en a v\u00e9g\u00f6sszeget. A k\u00f6z\u00f6ss\u00e9gi h\u00e1l\u00f3kon dokument\u00e1lt esetek keringenek 2023 nyar\u00e1r\u00f3l, amikor <strong>egy n\u00e9gytag\u00fa csal\u00e1d egy vacsor\u00e1\u00e9rt sokkol\u00f3 276 \u20ac-t fizetett<\/strong>, mik\u00f6zben egyetlen polip \u00e1ra \u00e9rtelmetlen 23 \u20ac volt.<\/p>\n\n\n\n<p class=\"wp-block-paragraph\">Egy m\u00e1sik rossz szok\u00e1s az \u00fagynevezett <strong>\u201elefoglalt&#8221; asztalok<\/strong>. A recenzensek szerint a szem\u00e9lyzet mesters\u00e9gesen lefoglalva tartja a legjobb tengeri kil\u00e1t\u00e1ssal rendelkez\u0151 asztalokat egy t\u00e1bl\u00e1csk\u00e1val, \u00e9s a gazdagnak t\u0171n\u0151 k\u00fclf\u00f6ldiekre v\u00e1r, m\u00e9g akkor is, ha az \u00e9tterem egy\u00e9bk\u00e9nt f\u00e9lig \u00fcres. Vigy\u00e1zz az \u00e9ttermek el\u0151tti <strong>tolakod\u00f3 becsalogat\u00f3kra<\/strong> is, akik befel\u00e9 cs\u00e1b\u00edtanak, \u00e9s figyelmeztetlek, hogy az \u00e9tel min\u0151s\u00e9ge ezeken a helyeken gyakran nagyon \u00e1tlag alatti.<\/p>\n\n\n\n<p class=\"wp-block-paragraph\">Ha gyerekekkel utazol, k\u00e9sz\u00fclj fel a terep elleni kem\u00e9ny harcra. A t\u00e9rk\u00e9pek adatai szerint <strong>a f\u00e9lszigeten 53 k\u00fcl\u00f6nb\u00f6z\u0151 l\u00e9pcs\u0151sor van, \u00e9s az utc\u00e1k t\u00falnyom\u00f3 r\u00e9sze durva macskak\u0151vel van kik\u00f6vezve<\/strong>. A k\u00f6r\u00fclj\u00e1r\u00f3 s\u00e9t\u00e1nyon \u00e9s a f\u0151utc\u00e1n babakocsival gond n\u00e9lk\u00fcl \u00e1tjutsz, de amint befordulsz a mell\u00e9kutc\u00e1kba, a kerekekkel egyszer\u0171en idegt\u00e9p\u0151.<\/p>\n\n\n\n<p class=\"wp-block-paragraph\">\u00c9s m\u00e9g egy figyelmeztet\u00e9s, amit itt kevesen v\u00e1rn\u00e1nak: az \u00f3v\u00e1ros egyes antikv\u00e1riumaiban ny\u00edltan \u00e1rulnak <strong>n\u00e1ci szuven\u00edreket<\/strong> a Harmadik Birodalom mot\u00edvumaival, annak ellen\u00e9re, hogy azok n\u00e9pszer\u0171s\u00edt\u00e9se Bulg\u00e1ri\u00e1ban b\u00fcntetend\u0151. Egyszer\u0171en ker\u00fcld el ezeket az \u00fczleteket, \u00e9s ink\u00e1bb vegy\u00e9l haza a h\u00edres helyi <strong>k\u00e9zzel k\u00e9sz\u00edtett csipk\u00e9b\u0151l<\/strong>.<\/p>\n\n\n\n<h2 class=\"wp-block-heading\"><span class=\"ez-toc-section\" id=\"Hova_tovabb\"><\/span>Hova tov\u00e1bb<span class=\"ez-toc-section-end\"><\/span><\/h2>\n\n\n\n<p class=\"wp-block-paragraph\">K\u00e9t \u0151si v\u00e1ros k\u00f6z\u00f6tt v\u00e1lasztasz a bolg\u00e1r tengerparton? A <a href=\"https:\/\/loudavymkrokem.cz\/hu\/?p=406041\">Szozopol: mit n\u00e9zz meg a tengerparti legr\u00e9gebbi v\u00e1rosban<\/a> c\u00edm\u0171 cikkben mindkett\u0151t \u00f6sszehasonl\u00edtjuk, bele\u00e9rtve az \u00e1rakat, a t\u00f6meget \u00e9s a strandokat.<\/p>\n\n\n\n<p class=\"wp-block-paragraph\">Ha Bulg\u00e1ria mag\u00e1val ragadott, \u00e9s tov\u00e1bbi helyeket tervezel felfedezni, mindenk\u00e9pp n\u00e9zd meg nagy \u00e1ttekint\u0151nket: <a href=\"https:\/\/loudavymkrokem.cz\/hu\/bulgaria-nyaralas-legszebb-helyek\/\">Nyaral\u00e1s Bulg\u00e1ri\u00e1ban: 30 legszebb hely<\/a>. Ha a szomsz\u00e9dos \u00fcd\u00fcl\u0151helyen sz\u00e1llsz meg, hasznos lesz a <a href=\"https:\/\/loudavymkrokem.cz\/hu\/napsugar-part-bulgaria-tippek\/\">Naposprart: 15 tipp \u00e9s mire vigy\u00e1zz<\/a> c\u00edm\u0171 cikk.<\/p>\n\n\n\n<p class=\"wp-block-paragraph\">\u00c9rdekelnek a r\u00e9szletes inform\u00e1ci\u00f3k arr\u00f3l, hogyan v\u00e1ltoztak a nyaral\u00e1s k\u00f6lts\u00e9gei? Olvass el mindent a <a href=\"https:\/\/loudavymkrokem.cz\/hu\/bulgaria-arak-nyaralas\/\">\u00c1rak Bulg\u00e1ri\u00e1ban az eur\u00f3ra val\u00f3 \u00e1tt\u00e9r\u00e9s ut\u00e1n<\/a> t\u00e9m\u00e1ban. A f\u00fcrd\u00e9s szerelmeseinek \u00f6ssze\u00e1ll\u00edtottuk a <a href=\"https:\/\/loudavymkrokem.cz\/hu\/bulgaria-strandok-legszebb\/\">Bulg\u00e1ria legszebb strandjai: 20 tipp<\/a> list\u00e1t, a b\u0151r\u00f6nd\u00f6k becsomagol\u00e1sa el\u0151tt pedig ne felejtsd el ellen\u0151rizni az <a href=\"https:\/\/loudavymkrokem.cz\/hu\/bulgaria-idojaras-mikor-menj\/\">Id\u0151j\u00e1r\u00e1s Bulg\u00e1ri\u00e1ban: tengerh\u0151m\u00e9rs\u00e9klet h\u00f3napok szerint<\/a> cikket.<\/p>\n\n\n\n<h2 class=\"wp-block-heading\"><span class=\"ez-toc-section\" id=\"Gyakran_ismetelt_kerdesek\"><\/span>Gyakran ism\u00e9telt k\u00e9rd\u00e9sek<span class=\"ez-toc-section-end\"><\/span><\/h2>\n\n\n\n<p class=\"wp-block-paragraph\">\u00d6ssze\u00e1ll\u00edtottuk neked a leggyakoribb k\u00e9rd\u00e9sekre a v\u00e1laszokat, hogy minden sz\u00e9pen egy helyen legyen az utaz\u00e1s el\u0151tt.<\/p>\n\n\n<div id=\"rank-math-faq\" class=\"rank-math-block\">\n<div class=\"rank-math-list \">\n<div id=\"faq-question-1787943730000\" class=\"rank-math-list-item\">\n<h3 class=\"rank-math-question \"><span class=\"ez-toc-section\" id=\"Hogyan_jutok_el_Napospartrol_Neszebarba\"><\/span>Hogyan jutok el Napospartr\u00f3l Neszebarba?<span class=\"ez-toc-section-end\"><\/span><\/h3>\n<div class=\"rank-math-answer \">\n\n<p>A legegyszer\u0171bb \u00e9s legolcs\u00f3bb megold\u00e1s a helyi busz (1, 4, 5, 8-as j\u00e1ratok). Az 1-es vonal reggelt\u0151l \u00e9jf\u00e9lig k\u00f6zlekedik 10\u201320 perces id\u0151k\u00f6z\u00f6nk\u00e9nt, az utaz\u00e1s kb. 15 percet vesz ig\u00e9nybe, \u00e9s a jegy k\u00f6r\u00fclbel\u00fcl 1 \u20ac k\u00f6zvetlen\u00fcl a kala\u00fazn\u00e1l. Tov\u00e1bbi lehet\u0151s\u00e9gek a haj\u00f3 vagy a turistavonat.<\/p>\n\n<\/div>\n<\/div>\n<div id=\"faq-question-1787943730001\" class=\"rank-math-list-item\">\n<h3 class=\"rank-math-question \"><span class=\"ez-toc-section\" id=\"Mennyibe_kerul_a_belepo_a_latnivalokba\"><\/span>Mennyibe ker\u00fcl a bel\u00e9p\u0151 a l\u00e1tnival\u00f3kba?<span class=\"ez-toc-section-end\"><\/span><\/h3>\n<div class=\"rank-math-answer \">\n\n<p>Az egyes templomokba \u00e9s a malomba val\u00f3 bel\u00e9p\u00e9s 2,56 \u00e9s 4,60 \u20ac k\u00f6z\u00f6tt mozog. Ha mindent meg akarsz n\u00e9zni, meg\u00e9ri a kombin\u00e1lt jegy 7 objektumra, ami 2026-ban feln\u0151tteknek 17,90 \u20ac-ba ker\u00fcl.<\/p>\n\n<\/div>\n<\/div>\n<div id=\"faq-question-1787943730002\" class=\"rank-math-list-item\">\n<h3 class=\"rank-math-question \"><span class=\"ez-toc-section\" id=\"Mennyi_ido_alatt_lehet_bejarni_Neszebart\"><\/span>Mennyi id\u0151 alatt lehet bej\u00e1rni Neszebart?<span class=\"ez-toc-section-end\"><\/span><\/h3>\n<div class=\"rank-math-answer \">\n\n<p>Maga a t\u00f6rt\u00e9nelmi belv\u00e1ros nagyon kicsi (850 \u00d7 350 m\u00e9ter). Gyors temp\u00f3ban k\u00f6rbe lehet s\u00e9t\u00e1lni 30 perc alatt, de a f\u0151 l\u00e1tnival\u00f3k, romok \u00e9s m\u00fazeumok nyugodt megtekint\u00e9s\u00e9re sz\u00e1m\u00edts k\u00f6r\u00fclbel\u00fcl 2-3 \u00f3r\u00e1t.<\/p>\n\n<\/div>\n<\/div>\n<div id=\"faq-question-1787943730003\" class=\"rank-math-list-item\">\n<h3 class=\"rank-math-question \"><span class=\"ez-toc-section\" id=\"Bulgariaban_euroval_lehet_fizetni\"><\/span>Bulg\u00e1ri\u00e1ban eur\u00f3val lehet fizetni?<span class=\"ez-toc-section-end\"><\/span><\/h3>\n<div class=\"rank-math-answer \">\n\n<p>Igen, 2026. janu\u00e1r 1-j\u00e9t\u0151l Bulg\u00e1ria az eur\u00f3t fogadta el hivatalos fizet\u0151eszk\u00f6zk\u00e9nt. A r\u00e9gi, levben megadott \u00e1rak m\u00e1r nem \u00e9rv\u00e9nyesek. A legt\u00f6bb helyen probl\u00e9ma n\u00e9lk\u00fcl fizethetsz bankk\u00e1rty\u00e1val, m\u00e9g a k\u00f6ztulajdon\u00fa parkol\u00f3kban is.<\/p>\n\n<\/div>\n<\/div>\n<div id=\"faq-question-1787943730004\" class=\"rank-math-list-item\">\n<h3 class=\"rank-math-question \"><span class=\"ez-toc-section\" id=\"Be_lehet_hajtani_autoval_az_ovarosba\"><\/span>Be lehet hajtani aut\u00f3val az \u00f3v\u00e1rosba?<span class=\"ez-toc-section-end\"><\/span><\/h3>\n<div class=\"rank-math-answer \">\n\n<p>Nem, el\u0151zetesen j\u00f3v\u00e1hagyott enged\u00e9ly n\u00e9lk\u00fcl nem jutsz \u00e1t a soromp\u00f3kon. Ha a f\u00e9lszigeten l\u00e9v\u0151 sz\u00e1llod\u00e1ban laksz, a sz\u00e1ll\u00e1shely gondoskodik az enged\u00e9lyr\u0151l, \u00e9s egy \u00f3r\u00e1t kapsz a poggy\u00e1sz kirakod\u00e1s\u00e1ra. Ezut\u00e1n az aut\u00f3t fizet\u0151s parkol\u00f3ba kell vinned.<\/p>\n\n<\/div>\n<\/div>\n<div id=\"faq-question-1787943730005\" class=\"rank-math-list-item\">\n<h3 class=\"rank-math-question \"><span class=\"ez-toc-section\" id=\"Mely_templomok_latogathatok_belulrol\"><\/span>Mely templomok l\u00e1togathat\u00f3k bel\u00fclr\u0151l?<span class=\"ez-toc-section-end\"><\/span><\/h3>\n<div class=\"rank-math-answer \">\n\n<p>A tizen\u00f6t fennmaradt templomb\u00f3l csak \u00f6tbe tudsz bemenni. M\u00fazeumk\u00e9nt m\u0171k\u00f6dik a Szent Istv\u00e1n-, a Szent Sp\u00e1sz-, a Szent Paraszkev\u00ed- \u00e9s a Szent J\u00e1nos Keresztel\u0151-templom. Istentiszteleteket csak a Szent Bogorogyica-templomban tartanak. A t\u00f6bbi h\u00edres \u00e9p\u00fclet (mint a Szent Sz\u00f3fia) szabadon l\u00e1togathat\u00f3 rom.<\/p>\n\n<\/div>\n<\/div>\n<div id=\"faq-question-1787943730006\" class=\"rank-math-list-item\">\n<h3 class=\"rank-math-question \"><span class=\"ez-toc-section\" id=\"Milyen_a_viz_homerseklete_Neszebarban\"><\/span>Milyen a v\u00edz h\u0151m\u00e9rs\u00e9klete Neszebarban?<span class=\"ez-toc-section-end\"><\/span><\/h3>\n<div class=\"rank-math-answer \">\n\n<p>J\u00faliusban \u00e9s augusztusban a legmelegebb, amikor a v\u00edz h\u0151m\u00e9rs\u00e9klete k\u00f6r\u00fclbel\u00fcl 26 \u00b0C. \u00c9rdekes, hogy a tenger h\u0151m\u00e9rs\u00e9klete egy h\u00f3napon bel\u00fcl is jelent\u0151sen v\u00e1ltozik, \u00edgy j\u00fanius eleje t\u00f6bb mint h\u00e1rom fokkal hidegebb, mint a v\u00e9ge. Szeptember els\u0151 fele f\u00fcrd\u00e9sre m\u00e9g melegebb, mint a ny\u00e1r eleje.<\/p>\n\n<\/div>\n<\/div>\n<div id=\"faq-question-1787943730007\" class=\"rank-math-list-item\">\n<h3 class=\"rank-math-question \"><span class=\"ez-toc-section\" id=\"Mikor_van_a_legkevesebb_ember_Neszebarban\"><\/span>Mikor van a legkevesebb ember Neszebarban?<span class=\"ez-toc-section-end\"><\/span><\/h3>\n<div class=\"rank-math-answer \">\n\n<p>A legnagyobb t\u00f6meg 12:00 \u00e9s 17:00 k\u00f6z\u00f6tt \u00f6z\u00f6nlik a v\u00e1rosba. Ha nyugalmat szeretn\u00e9l, \u00e9rkezz t\u00edz el\u0151tt reggel vagy este. A tenger j\u00faliusban \u00e9s augusztusban \u00e1tlagosan 26,4 \u00b0C-os, de ne feledd, hogy j\u00fanius eleje k\u00f6r\u00fclbel\u00fcl h\u00e1rom fokkal hidegebb, mint a h\u00f3nap v\u00e9ge.<\/p>\n\n<\/div>\n<\/div>\n<div id=\"faq-question-1787943730008\" class=\"rank-math-list-item\">\n<h3 class=\"rank-math-question \"><span class=\"ez-toc-section\" id=\"Megeri_a_kombinalt_jegy\"><\/span>Meg\u00e9ri a kombin\u00e1lt jegy?<span class=\"ez-toc-section-end\"><\/span><\/h3>\n<div class=\"rank-math-answer \">\n\n<p>Ha kett\u0151n\u00e9l t\u00f6bb fizet\u0151s l\u00e1tnival\u00f3t szeretn\u00e9l megn\u00e9zni, akkor mindenk\u00e9ppen. A h\u00e9t objektumba val\u00f3 k\u00fcl\u00f6n bel\u00e9p\u00e9s k\u00f6r\u00fclbel\u00fcl 22 \u20ac-ba ker\u00fclne, m\u00edg a kombin\u00e1lt jegy mindenre 17,90 \u20ac. A R\u00e9g\u00e9szeti M\u00fazeumban lehet megvenni, k\u00f6zvetlen\u00fcl a v\u00e1roskapu m\u00f6g\u00f6tt.<\/p>\n\n<\/div>\n<\/div>\n<div id=\"faq-question-1787943730009\" class=\"rank-math-list-item\">\n<h3 class=\"rank-math-question \"><span class=\"ez-toc-section\" id=\"Alkalmas-e_Neszebar_babakocsival_erkezo_csaladoknak\"><\/span>Alkalmas-e Neszebar babakocsival \u00e9rkez\u0151 csal\u00e1doknak?<span class=\"ez-toc-section-end\"><\/span><\/h3>\n<div class=\"rank-math-answer \">\n\n<p>Csak r\u00e9szben. A f\u00e9lszigeten t\u00f6bb mint \u00f6tven l\u00e9pcs\u0151 van, \u00e9s a legt\u00f6bb utc\u00e1cska egyenetlen macskak\u0151vel van kik\u00f6vezve. A ker\u00fcleti s\u00e9t\u00e1ny \u00e9s a f\u0151utca babakocsival m\u00e9g bej\u00e1rhat\u00f3, az oldals\u00f3 sik\u00e1torok gyakorlatilag nem. Kisgyermekes csal\u00e1doknak k\u00e9nyelmesebb a D\u00e9li strand, ahol nagyon sek\u00e9ly a v\u00edzbe j\u00e1r\u00e1s.<\/p>\n\n<\/div>\n<\/div>\n<\/div>\n<\/div>","protected":false},"excerpt":{"rendered":"<p>Indulj felk\u00e9sz\u00fclten Neszeb\u00e1rba: el\u00e1ruljuk, mely templomok l\u00e1togathat\u00f3k val\u00f3j\u00e1ban, mennyibe ker\u00fcl a parkol\u00e1s eur\u00f3ban, \u00e9s mi\u00e9rt ne \u00fclj be az els\u0151 taxiba.<\/p>\n","protected":false},"author":3,"featured_media":404908,"comment_status":"open","ping_status":"open","sticky":false,"template":"","format":"standard","meta":{"_acf_changed":false,"footnotes":"","rank_math_title":"Neszeb\u00e1r, Bulg\u00e1ria: 8 tipp, l\u00e1tnival\u00f3k \u00e9s \u00e1rak","rank_math_description":"Neszeb\u00e1r, Bulg\u00e1ria l\u00e1tnival\u00f3i: templomok, \u00e1rak eur\u00f3ban, k\u00f6zleked\u00e9s \u00e9s taxicsapd\u00e1k. Tervezd meg \u00fagy, hogy szinte egyed\u00fcl legy\u00e9l az \u00f3v\u00e1rosban \u2013 olvasd el!","rank_math_focus_keyword":"Neszeb\u00e1r Bulg\u00e1ria","rank_math_seo_score":""},"categories":[1816,1804,1788],"tags":[],"class_list":["post-417240","post","type-post","status-publish","format-standard","has-post-thumbnail","category-bulgaria","category-europa","category-utazas"],"acf":[],"featured_image_src":"https:\/\/loudavymkrokem.cz\/wp-content\/uploads\/2026\/08\/nesebar-stare-mesto-vecer.jpg","author_info":{"display_name":"Lucie Kone\u010dn\u00e1","author_link":"https:\/\/loudavymkrokem.cz\/hu\/author\/lucie-konecna\/"},"_links":{"self":[{"href":"https:\/\/loudavymkrokem.cz\/hu\/wp-json\/wp\/v2\/posts\/417240","targetHints":{"allow":["GET"]}}],"collection":[{"href":"https:\/\/loudavymkrokem.cz\/hu\/wp-json\/wp\/v2\/posts"}],"about":[{"href":"https:\/\/loudavymkrokem.cz\/hu\/wp-json\/wp\/v2\/types\/post"}],"author":[{"embeddable":true,"href":"https:\/\/loudavymkrokem.cz\/hu\/wp-json\/wp\/v2\/users\/3"}],"replies":[{"embeddable":true,"href":"https:\/\/loudavymkrokem.cz\/hu\/wp-json\/wp\/v2\/comments?post=417240"}],"version-history":[{"count":2,"href":"https:\/\/loudavymkrokem.cz\/hu\/wp-json\/wp\/v2\/posts\/417240\/revisions"}],"predecessor-version":[{"id":417242,"href":"https:\/\/loudavymkrokem.cz\/hu\/wp-json\/wp\/v2\/posts\/417240\/revisions\/417242"}],"wp:featuredmedia":[{"embeddable":true,"href":"https:\/\/loudavymkrokem.cz\/hu\/wp-json\/wp\/v2\/media\/404908"}],"wp:attachment":[{"href":"https:\/\/loudavymkrokem.cz\/hu\/wp-json\/wp\/v2\/media?parent=417240"}],"wp:term":[{"taxonomy":"category","embeddable":true,"href":"https:\/\/loudavymkrokem.cz\/hu\/wp-json\/wp\/v2\/categories?post=417240"},{"taxonomy":"post_tag","embeddable":true,"href":"https:\/\/loudavymkrokem.cz\/hu\/wp-json\/wp\/v2\/tags?post=417240"}],"curies":[{"name":"wp","href":"https:\/\/api.w.org\/{rel}","templated":true}]}}