{"id":417229,"date":"2026-09-04T20:53:40","date_gmt":"2026-09-04T18:53:40","guid":{"rendered":"https:\/\/loudavymkrokem.cz\/hol-szallj-meg-rio-de-janeiro\/"},"modified":"2026-09-05T14:23:48","modified_gmt":"2026-09-05T12:23:48","slug":"hol-szallj-meg-rio-de-janeiro","status":"publish","type":"post","link":"https:\/\/loudavymkrokem.cz\/hu\/hol-szallj-meg-rio-de-janeiro\/","title":{"rendered":"Hol sz\u00e1llj meg Rio de Janeir\u00f3ban: 18 tipp a legjobb hotelekre \u00e9s biztons\u00e1gos negyedekre 2026-ban"},"content":{"rendered":"\n<p class=\"wp-block-paragraph\">Azon t\u00f6prengsz, hol sz\u00e1llj meg Rio de Janeir\u00f3ban? Ez a v\u00e1ros teljesen mag\u00e1val ragad leny\u0171g\u00f6z\u0151 kontrasztjaival, v\u00e9gtelen energi\u00e1j\u00e1val \u00e9s a k\u00f6zvetlen\u00fcl az \u00f3ce\u00e1nba zuhan\u00f3 z\u00f6ld hegyek l\u00e1tv\u00e1ny\u00e1val. A megfelel\u0151 sz\u00e1ll\u00e1s kiv\u00e1laszt\u00e1sa ebben a brazil metropoliszban azonban <strong>nem csup\u00e1n a k\u00f6lts\u00e9gvet\u00e9sed k\u00e9rd\u00e9se<\/strong>. Ugyanis alapvet\u0151 szerepet j\u00e1tszik abban, mennyire \u00e9rzed magad biztons\u00e1gban, \u00e9s mennyire tudod eg\u00e9szs\u00e9gben, gondtalanul \u00e9lvezni az eg\u00e9sz nyaral\u00e1st. M\u00edg az eur\u00f3pai v\u00e1rosokban gyakran el\u00e9g egy sz\u00e9p szob\u00e1t tal\u00e1lni a k\u00f6zpont k\u00f6zel\u00e9ben, itt <strong>a biztons\u00e1g\u00e9rzeted fel\u0151l minden utca \u00e9s negyed d\u00f6nt<\/strong>.<\/p>\n\n\n\n<p class=\"wp-block-paragraph\">Kulcsfontoss\u00e1g\u00fa tudatos\u00edtanod, hogy Ri\u00f3ban <strong>az utca konkr\u00e9t oldal\u00e1\u00e9rt fizetsz<\/strong>, amelyen a hotel \u00e1ll. Ha romantikus \u00f3ce\u00e1npanor\u00e1m\u00e1ra v\u00e1gysz, \u00e9s a h\u00edres Avenida Atl\u00e2ntica tengerparti oldal\u00e1n szeretn\u00e9l lakni, jelent\u0151sen t\u00f6bbet fizetsz. Ha viszont <strong>egyetlen h\u00e1zt\u00f6mbbel od\u00e9bb m\u00e9sz a partt\u00f3l<\/strong>, a szoba\u00e1rak dr\u00e1maian esnek. A finom homokig pedig m\u00e9g mindig csak harminc m\u00e1sodperc s\u00e9ta a t\u00e1vols\u00e1g. Ez az a kompromisszum, amely rengeteg p\u00e9nzt megsp\u00f3rol az utaz\u00f3knak tov\u00e1bbi \u00e9lm\u00e9nyekre.<\/p>\n\n\n\n<p class=\"wp-block-paragraph\">18 gondosan kiv\u00e1lasztott hotel v\u00e1r r\u00e1d \u2014 az ikonikus luxuspalot\u00e1kt\u00f3l a metr\u00f3meg\u00e1ll\u00f3k melletti megfizethet\u0151 v\u00e1ltozatokig. Megtudod, mi\u00e9rt paradicsom a csal\u00e1doknak Leblon, \u00e9s mi\u00e9rt vonzza ink\u00e1bb a szerelmes p\u00e1rokat a dombos Santa Teresa. Ne feledd azt sem, hogy minden \u00e1rat a helysz\u00ednen <strong>brazil realban (BRL) fizetsz<\/strong>, \u00fagyhogy \u00e9rdemes m\u00e1r az utaz\u00e1s el\u0151tt figyelned az aktu\u00e1lis \u00e1rfolyamot.<\/p>\n\n\n\n<figure data-wp-context=\"{&quot;imageId&quot;:&quot;6a9c1fc5015ad&quot;}\" data-wp-interactive=\"core\/image\" data-wp-key=\"6a9c1fc5015ad\" class=\"wp-block-image size-full wp-lightbox-container\"><img decoding=\"async\" width=\"1920\" height=\"935\" data-wp-class--hide=\"state.isContentHidden\" data-wp-class--show=\"state.isContentVisible\" data-wp-init=\"callbacks.setButtonStyles\" data-wp-on--click=\"actions.showLightbox\" data-wp-on--load=\"callbacks.setButtonStyles\" data-wp-on--pointerdown=\"actions.preloadImage\" data-wp-on--pointerenter=\"actions.preloadImageWithDelay\" data-wp-on--pointerleave=\"actions.cancelPreload\" data-wp-on-window--resize=\"callbacks.setButtonStyles\" src=\"https:\/\/loudavymkrokem.cz\/wp-content\/uploads\/2026\/09\/plaz-copacabana-v-riu-1c8bec01.jpg\" alt=\"A Copacabana strand Ri\u00f3ban\" class=\"wp-image-413358\" title=\"\" srcset=\"https:\/\/loudavymkrokem.cz\/wp-content\/uploads\/2026\/09\/plaz-copacabana-v-riu-1c8bec01.jpg 1920w, https:\/\/loudavymkrokem.cz\/wp-content\/uploads\/2026\/09\/plaz-copacabana-v-riu-1c8bec01-300x146.jpg 300w, https:\/\/loudavymkrokem.cz\/wp-content\/uploads\/2026\/09\/plaz-copacabana-v-riu-1c8bec01-700x341.jpg 700w, https:\/\/loudavymkrokem.cz\/wp-content\/uploads\/2026\/09\/plaz-copacabana-v-riu-1c8bec01-768x374.jpg 768w, https:\/\/loudavymkrokem.cz\/wp-content\/uploads\/2026\/09\/plaz-copacabana-v-riu-1c8bec01-1536x748.jpg 1536w, https:\/\/loudavymkrokem.cz\/wp-content\/uploads\/2026\/09\/plaz-copacabana-v-riu-1c8bec01-696x339.jpg 696w, https:\/\/loudavymkrokem.cz\/wp-content\/uploads\/2026\/09\/plaz-copacabana-v-riu-1c8bec01-1392x678.jpg 1392w\" sizes=\"(max-width: 1920px) 100vw, 1920px\" \/><button\n\t\t\tclass=\"lightbox-trigger\"\n\t\t\ttype=\"button\"\n\t\t\taria-haspopup=\"dialog\"\n\t\t\tdata-wp-bind--aria-label=\"state.thisImage.triggerButtonAriaLabel\"\n\t\t\tdata-wp-init=\"callbacks.initTriggerButton\"\n\t\t\tdata-wp-on--click=\"actions.showLightbox\"\n\t\t\tdata-wp-style--right=\"state.thisImage.buttonRight\"\n\t\t\tdata-wp-style--top=\"state.thisImage.buttonTop\"\n\t\t>\n\t\t\t<svg xmlns=\"http:\/\/www.w3.org\/2000\/svg\" width=\"12\" height=\"12\" fill=\"none\" viewBox=\"0 0 12 12\">\n\t\t\t\t<path fill=\"#fff\" d=\"M2 0a2 2 0 0 0-2 2v2h1.5V2a.5.5 0 0 1 .5-.5h2V0H2Zm2 10.5H2a.5.5 0 0 1-.5-.5V8H0v2a2 2 0 0 0 2 2h2v-1.5ZM8 12v-1.5h2a.5.5 0 0 0 .5-.5V8H12v2a2 2 0 0 1-2 2H8Zm2-12a2 2 0 0 1 2 2v2h-1.5V2a.5.5 0 0 0-.5-.5H8V0h2Z\" \/>\n\t\t\t<\/svg>\n\t\t<\/button><figcaption class=\"wp-element-caption\">Foto: Wilfredor \/ Wikimedia Commons, CC0<\/figcaption><\/figure>\n\n\n\n<div id=\"ez-toc-container\" class=\"ez-toc-v2_0_87 ez-toc-wrap-left counter-hierarchy ez-toc-counter ez-toc-grey ez-toc-container-direction\">\n<div class=\"ez-toc-title-container\">\n<p class=\"ez-toc-title\" style=\"cursor:inherit\">A cikk tartalma<\/p>\n<span class=\"ez-toc-title-toggle\"><a href=\"#\" class=\"ez-toc-pull-right ez-toc-btn ez-toc-btn-xs ez-toc-btn-default ez-toc-toggle\" aria-label=\"Toggle Table of Content\"><span class=\"ez-toc-js-icon-con\"><span class=\"\"><span class=\"eztoc-hide\" style=\"display:none;\">Toggle<\/span><span class=\"ez-toc-icon-toggle-span\"><svg style=\"fill: #999;color:#999\" xmlns=\"http:\/\/www.w3.org\/2000\/svg\" class=\"list-377408\" width=\"20px\" height=\"20px\" viewBox=\"0 0 24 24\" fill=\"none\"><path d=\"M6 6H4v2h2V6zm14 0H8v2h12V6zM4 11h2v2H4v-2zm16 0H8v2h12v-2zM4 16h2v2H4v-2zm16 0H8v2h12v-2z\" fill=\"currentColor\"><\/path><\/svg><svg style=\"fill: #999;color:#999\" class=\"arrow-unsorted-368013\" xmlns=\"http:\/\/www.w3.org\/2000\/svg\" width=\"10px\" height=\"10px\" viewBox=\"0 0 24 24\" version=\"1.2\" baseProfile=\"tiny\"><path d=\"M18.2 9.3l-6.2-6.3-6.2 6.3c-.2.2-.3.4-.3.7s.1.5.3.7c.2.2.4.3.7.3h11c.3 0 .5-.1.7-.3.2-.2.3-.5.3-.7s-.1-.5-.3-.7zM5.8 14.7l6.2 6.3 6.2-6.3c.2-.2.3-.5.3-.7s-.1-.5-.3-.7c-.2-.2-.4-.3-.7-.3h-11c-.3 0-.5.1-.7.3-.2.2-.3.5-.3.7s.1.5.3.7z\"\/><\/svg><\/span><\/span><\/span><\/a><\/span><\/div>\n<nav><ul class='ez-toc-list ez-toc-list-level-1 ' ><ul class='ez-toc-list-level-3' ><li class='ez-toc-heading-level-3'><a class=\"ez-toc-link ez-toc-heading-1\" href=\"https:\/\/loudavymkrokem.cz\/hu\/hol-szallj-meg-rio-de-janeiro\/#Osszefoglalas_azoknak_akiknek_nincs_idejuk_vegigolvasni_a_cikket\" >\u00d6sszefoglal\u00e1s azoknak, akiknek nincs idej\u00fck v\u00e9gigolvasni a cikket<\/a><\/li><\/ul><\/li><li class='ez-toc-page-1 ez-toc-heading-level-2'><a class=\"ez-toc-link ez-toc-heading-2\" href=\"https:\/\/loudavymkrokem.cz\/hu\/hol-szallj-meg-rio-de-janeiro\/#Melyik_kornyeket_valaszd\" >Melyik k\u00f6rny\u00e9ket v\u00e1laszd<\/a><\/li><li class='ez-toc-page-1 ez-toc-heading-level-2'><a class=\"ez-toc-link ez-toc-heading-3\" href=\"https:\/\/loudavymkrokem.cz\/hu\/hol-szallj-meg-rio-de-janeiro\/#Mikor_menj_es_mikor_foglalj_%E2%80%93_Rio_de_Janeiro_idojarasa\" >Mikor menj \u00e9s mikor foglalj \u2013 Rio de Janeiro id\u0151j\u00e1r\u00e1sa<\/a><\/li><li class='ez-toc-page-1 ez-toc-heading-level-2'><a class=\"ez-toc-link ez-toc-heading-4\" href=\"https:\/\/loudavymkrokem.cz\/hu\/hol-szallj-meg-rio-de-janeiro\/#Hol_szallj_meg_Rio_de_Janeiroban_a_18_legjobb_hotel\" >Hol sz\u00e1llj meg Rio de Janeir\u00f3ban: a 18 legjobb hotel<\/a><ul class='ez-toc-list-level-3' ><li class='ez-toc-heading-level-3'><a class=\"ez-toc-link ez-toc-heading-5\" href=\"https:\/\/loudavymkrokem.cz\/hu\/hol-szallj-meg-rio-de-janeiro\/#1_Copacabana_Palace_A_Belmond_Hotel\" >1. Copacabana Palace, A Belmond Hotel<\/a><\/li><li class='ez-toc-page-1 ez-toc-heading-level-3'><a class=\"ez-toc-link ez-toc-heading-6\" href=\"https:\/\/loudavymkrokem.cz\/hu\/hol-szallj-meg-rio-de-janeiro\/#2_Hotel_Fasano_Rio_de_Janeiro\" >2. Hotel Fasano Rio de Janeiro<\/a><\/li><li class='ez-toc-page-1 ez-toc-heading-level-3'><a class=\"ez-toc-link ez-toc-heading-7\" href=\"https:\/\/loudavymkrokem.cz\/hu\/hol-szallj-meg-rio-de-janeiro\/#3_Emiliano_Rio_an_SLH_Hotel\" >3. Emiliano Rio, an SLH Hotel<\/a><\/li><li class='ez-toc-page-1 ez-toc-heading-level-3'><a class=\"ez-toc-link ez-toc-heading-8\" href=\"https:\/\/loudavymkrokem.cz\/hu\/hol-szallj-meg-rio-de-janeiro\/#4_JW_Marriott_Hotel_Rio_de_Janeiro\" >4. JW Marriott Hotel Rio de Janeiro<\/a><\/li><li class='ez-toc-page-1 ez-toc-heading-level-3'><a class=\"ez-toc-link ez-toc-heading-9\" href=\"https:\/\/loudavymkrokem.cz\/hu\/hol-szallj-meg-rio-de-janeiro\/#5_Hilton_Rio_de_Janeiro_Copacabana\" >5. Hilton Rio de Janeiro Copacabana<\/a><\/li><li class='ez-toc-page-1 ez-toc-heading-level-3'><a class=\"ez-toc-link ez-toc-heading-10\" href=\"https:\/\/loudavymkrokem.cz\/hu\/hol-szallj-meg-rio-de-janeiro\/#6_Sheraton_Grand_Rio_Hotel_Resort\" >6. Sheraton Grand Rio Hotel &#038; Resort<\/a><\/li><li class='ez-toc-page-1 ez-toc-heading-level-3'><a class=\"ez-toc-link ez-toc-heading-11\" href=\"https:\/\/loudavymkrokem.cz\/hu\/hol-szallj-meg-rio-de-janeiro\/#7_Miramar_Hotel_by_Windsor\" >7. Miramar Hotel by Windsor<\/a><\/li><li class='ez-toc-page-1 ez-toc-heading-level-3'><a class=\"ez-toc-link ez-toc-heading-12\" href=\"https:\/\/loudavymkrokem.cz\/hu\/hol-szallj-meg-rio-de-janeiro\/#8_Arena_Copacabana_Hotel\" >8. Arena Copacabana Hotel<\/a><\/li><li class='ez-toc-page-1 ez-toc-heading-level-3'><a class=\"ez-toc-link ez-toc-heading-13\" href=\"https:\/\/loudavymkrokem.cz\/hu\/hol-szallj-meg-rio-de-janeiro\/#9_Mar_Palace_Copacabana_Hotel\" >9. Mar Palace Copacabana Hotel<\/a><\/li><li class='ez-toc-page-1 ez-toc-heading-level-3'><a class=\"ez-toc-link ez-toc-heading-14\" href=\"https:\/\/loudavymkrokem.cz\/hu\/hol-szallj-meg-rio-de-janeiro\/#10_PortoBay_Rio_Internacional\" >10. PortoBay Rio Internacional<\/a><\/li><li class='ez-toc-page-1 ez-toc-heading-level-3'><a class=\"ez-toc-link ez-toc-heading-15\" href=\"https:\/\/loudavymkrokem.cz\/hu\/hol-szallj-meg-rio-de-janeiro\/#11_Windsor_Excelsior_Copacabana\" >11. Windsor Excelsior Copacabana<\/a><\/li><li class='ez-toc-page-1 ez-toc-heading-level-3'><a class=\"ez-toc-link ez-toc-heading-16\" href=\"https:\/\/loudavymkrokem.cz\/hu\/hol-szallj-meg-rio-de-janeiro\/#12_Hotel_Rio_Othon_Palace\" >12. Hotel Rio Othon Palace<\/a><\/li><li class='ez-toc-page-1 ez-toc-heading-level-3'><a class=\"ez-toc-link ez-toc-heading-17\" href=\"https:\/\/loudavymkrokem.cz\/hu\/hol-szallj-meg-rio-de-janeiro\/#13_Hotel_Arpoador\" >13. Hotel Arpoador<\/a><\/li><li class='ez-toc-page-1 ez-toc-heading-level-3'><a class=\"ez-toc-link ez-toc-heading-18\" href=\"https:\/\/loudavymkrokem.cz\/hu\/hol-szallj-meg-rio-de-janeiro\/#14_Windsor_Florida_Hotel\" >14. Windsor Florida Hotel<\/a><\/li><li class='ez-toc-page-1 ez-toc-heading-level-3'><a class=\"ez-toc-link ez-toc-heading-19\" href=\"https:\/\/loudavymkrokem.cz\/hu\/hol-szallj-meg-rio-de-janeiro\/#15_Vila_Santa_Teresa\" >15. Vila Santa Teresa<\/a><\/li><li class='ez-toc-page-1 ez-toc-heading-level-3'><a class=\"ez-toc-link ez-toc-heading-20\" href=\"https:\/\/loudavymkrokem.cz\/hu\/hol-szallj-meg-rio-de-janeiro\/#16_MGallery_Santa_Teresa_Hotel\" >16. MGallery Santa Teresa Hotel<\/a><\/li><li class='ez-toc-page-1 ez-toc-heading-level-3'><a class=\"ez-toc-link ez-toc-heading-21\" href=\"https:\/\/loudavymkrokem.cz\/hu\/hol-szallj-meg-rio-de-janeiro\/#17_Hostel_Maresias_do_Leme\" >17. Hostel Maresias do Leme<\/a><\/li><li class='ez-toc-page-1 ez-toc-heading-level-3'><a class=\"ez-toc-link ez-toc-heading-22\" href=\"https:\/\/loudavymkrokem.cz\/hu\/hol-szallj-meg-rio-de-janeiro\/#18_Hotel_Nacional\" >18. Hotel Nacional<\/a><\/li><\/ul><\/li><li class='ez-toc-page-1 ez-toc-heading-level-2'><a class=\"ez-toc-link ez-toc-heading-23\" href=\"https:\/\/loudavymkrokem.cz\/hu\/hol-szallj-meg-rio-de-janeiro\/#Hogyan_valaszd_ki_a_megfelelo_hotelt\" >Hogyan v\u00e1laszd ki a megfelel\u0151 hotelt<\/a><\/li><li class='ez-toc-page-1 ez-toc-heading-level-2'><a class=\"ez-toc-link ez-toc-heading-24\" href=\"https:\/\/loudavymkrokem.cz\/hu\/hol-szallj-meg-rio-de-janeiro\/#Hova_tovabb\" >Hova tov\u00e1bb<\/a><\/li><li class='ez-toc-page-1 ez-toc-heading-level-2'><a class=\"ez-toc-link ez-toc-heading-25\" href=\"https:\/\/loudavymkrokem.cz\/hu\/hol-szallj-meg-rio-de-janeiro\/#Gyakran_ismetelt_kerdesek\" >Gyakran ism\u00e9telt k\u00e9rd\u00e9sek<\/a><ul class='ez-toc-list-level-3' ><li class='ez-toc-heading-level-3'><a class=\"ez-toc-link ez-toc-heading-26\" href=\"https:\/\/loudavymkrokem.cz\/hu\/hol-szallj-meg-rio-de-janeiro\/#Biztonsagos_Rio_de_Janeiro_a_turistak_szamara\" >Biztons\u00e1gos Rio de Janeiro a turist\u00e1k sz\u00e1m\u00e1ra?<\/a><\/li><li class='ez-toc-page-1 ez-toc-heading-level-3'><a class=\"ez-toc-link ez-toc-heading-27\" href=\"https:\/\/loudavymkrokem.cz\/hu\/hol-szallj-meg-rio-de-janeiro\/#Ihato_a_csapviz_Rioban\" >Ihat\u00f3 a csapv\u00edz Ri\u00f3ban?<\/a><\/li><li class='ez-toc-page-1 ez-toc-heading-level-3'><a class=\"ez-toc-link ez-toc-heading-28\" href=\"https:\/\/loudavymkrokem.cz\/hu\/hol-szallj-meg-rio-de-janeiro\/#Hol_lehet_jol_enni_ha_nem_eszem_hust\" >Hol lehet j\u00f3l enni, ha nem eszem h\u00fast?<\/a><\/li><li class='ez-toc-page-1 ez-toc-heading-level-3'><a class=\"ez-toc-link ez-toc-heading-29\" href=\"https:\/\/loudavymkrokem.cz\/hu\/hol-szallj-meg-rio-de-janeiro\/#Hogyan_mukodik_a_kozlekedes_a_varosreszek_kozott\" >Hogyan m\u0171k\u00f6dik a k\u00f6zleked\u00e9s a v\u00e1rosr\u00e9szek k\u00f6z\u00f6tt?<\/a><\/li><li class='ez-toc-page-1 ez-toc-heading-level-3'><a class=\"ez-toc-link ez-toc-heading-30\" href=\"https:\/\/loudavymkrokem.cz\/hu\/hol-szallj-meg-rio-de-janeiro\/#Miert_nem_ajanlott_a_szallas_a_Centroban\" >Mi\u00e9rt nem aj\u00e1nlott a sz\u00e1ll\u00e1s a Centr\u00f3ban?<\/a><\/li><li class='ez-toc-page-1 ez-toc-heading-level-3'><a class=\"ez-toc-link ez-toc-heading-31\" href=\"https:\/\/loudavymkrokem.cz\/hu\/hol-szallj-meg-rio-de-janeiro\/#Mennyibe_kerul_a_szallas_a_karneval_alatt\" >Mennyibe ker\u00fcl a sz\u00e1ll\u00e1s a karnev\u00e1l alatt?<\/a><\/li><li class='ez-toc-page-1 ez-toc-heading-level-3'><a class=\"ez-toc-link ez-toc-heading-32\" href=\"https:\/\/loudavymkrokem.cz\/hu\/hol-szallj-meg-rio-de-janeiro\/#Mit_jelent_az_ha_egy_szalloda_neveben_benne_van_a_Rio\" >Mit jelent az, ha egy sz\u00e1lloda nev\u00e9ben benne van a Rio?<\/a><\/li><\/ul><\/li><\/ul><\/nav><\/div>\n<h3 class=\"wp-block-heading\"><span class=\"ez-toc-section\" id=\"Osszefoglalas_azoknak_akiknek_nincs_idejuk_vegigolvasni_a_cikket\"><\/span>\u00d6sszefoglal\u00e1s azoknak, akiknek nincs idej\u00fck v\u00e9gigolvasni a cikket<span class=\"ez-toc-section-end\"><\/span><\/h3>\n\n\n\n<ul class=\"wp-block-list\">\n\n<li><strong>A legjobb hotel \u00f6sszess\u00e9g\u00e9ben:<\/strong> Az ikonikus <strong>Copacabana Palace, A Belmond Hotel<\/strong> t\u00f6rt\u00e9nelmi luxust k\u00edn\u00e1l, ahol a szem\u00e9lyzet m\u00e9g azel\u0151tt fejb\u0151l tudja a neved, hogy fel\u00e9rn\u00e9l a lifttel a szob\u00e1dba \u2014 mindezt a vil\u00e1g legh\u00edresebb strandja mellett.<\/li>\n\n\n\n<li><strong>A legjobb v\u00e1laszt\u00e1s csal\u00e1doknak:<\/strong> A hatalmas <strong>Sheraton Grand Rio Hotel &#038; Resort<\/strong> biztons\u00e1gosan fekszik Leblon \u00e9s Vidigal k\u00f6z\u00f6tt, \u00e9s h\u00e1rom medenc\u00e9vel b\u00fcszk\u00e9lkedik.<\/li>\n\n\n\n<li><strong>A legjobb romantikus p\u00e1roknak:<\/strong> A butiksz\u00e1ll\u00f3-gy\u00f6ngyszem <strong>Vila Santa Teresa<\/strong> egy dombon \u00e1ll, \u00e9s teljesen l\u00e9legzetel\u00e1ll\u00edt\u00f3 kil\u00e1t\u00e1st ny\u00fajt az eg\u00e9sz Guanabara-\u00f6b\u00f6lre.<\/li>\n\n\n\n<li><strong>A legjobb \u00e1r-\u00e9rt\u00e9k ar\u00e1ny:<\/strong> A remek\u00fcl \u00e9rt\u00e9kelt <strong>Arena Copacabana Hotel<\/strong> gy\u00f6ny\u00f6r\u0171 tet\u0151medenc\u00e9vel \u00e9s kiv\u00e1l\u00f3 szolg\u00e1ltat\u00e1sokkal \u00f6rvendeztet meg nagyon bar\u00e1ts\u00e1gos \u00e1ron.<\/li>\n\n\n\n<li><strong>A legjobb sz\u0171k\u00f6s k\u00f6lts\u00e9gvet\u00e9sre:<\/strong> A rendk\u00edv\u00fcl n\u00e9pszer\u0171 <strong>Hostel Maresias do Leme<\/strong> a strand csendesebb v\u00e9g\u00e9n tal\u00e1lhat\u00f3, \u00e9s csod\u00e1latos utaz\u00f3i hangulatot \u00edg\u00e9r.<\/li>\n\n\n\n<li><strong>A legjobb elhelyezked\u00e9s a metr\u00f3 k\u00f6zel\u00e9ben:<\/strong> Az \u00fcvegfal\u00fa <strong>Windsor Florida Hotel<\/strong> a Flamengo negyedben ide\u00e1lis azoknak, akik k\u00f6nnyen \u00e9s olcs\u00f3n szeretn\u00e9k bej\u00e1rni az eg\u00e9sz v\u00e1rost.<\/li>\n\n\n<\/ul>\n\n\n\n<p class=\"wp-block-paragraph\"><em>\ud83d\udca1 <a href=\"https:\/\/www.stay22.com\/allez\/roam?aid=lukaskonecny&#038;campaign=loudavymkrokemcz&#038;campaign=kde-bydlet-v-rio-de-janeiru&#038;address=Rio%20de%20Janeiro%2C%20Braz%C3%ADlie\" target=\"_blank\" rel=\"nofollow noopener sponsored\">Ezen a t\u00e9rk\u00e9pen \u00f6sszehasonl\u00edthatod, mi szabad \u00e9ppen<\/a> \u2014 azt is l\u00e1tod majd, mennyivel olcs\u00f3bb a sz\u00e1ll\u00e1s p\u00e1r meg\u00e1ll\u00f3val a k\u00f6zpontt\u00f3l.<\/em><\/p>\n\n\n\n<h2 class=\"wp-block-heading\"><span class=\"ez-toc-section\" id=\"Melyik_kornyeket_valaszd\"><\/span>Melyik k\u00f6rny\u00e9ket v\u00e1laszd<span class=\"ez-toc-section-end\"><\/span><\/h2>\n\n\n\n<p class=\"wp-block-paragraph\">Ri\u00f3ban egy konkr\u00e9t negyed kiv\u00e1laszt\u00e1sa egyben <strong>a biztons\u00e1godr\u00f3l<\/strong> \u00e9s az eg\u00e9sz nyugodt \u00e9jszak\u00e1dr\u00f3l sz\u00f3l\u00f3 d\u00f6nt\u00e9s is. A turisztikailag legn\u00e9pszer\u0171bb k\u00f6rny\u00e9kek el\u00e9g pontosan sorba rendezhet\u0151k a v\u00e9lt biztons\u00e1g szerint a legpr\u00e9miumabbakt\u00f3l a kicsit vadabbakig. Rio \u00f6sszes d\u00e9li tengerparti negyede teljesen rendben van az \u00e1tlagos l\u00e1togat\u00f3knak, de mindegyik eg\u00e9szen m\u00e1s utaz\u00f3i \u00e9lm\u00e9nyt k\u00edn\u00e1l, \u00e9s kiss\u00e9 elt\u00e9r\u0151 hozz\u00e1\u00e1ll\u00e1st ig\u00e9nyel az esti logisztik\u00e1hoz.<\/p>\n<!-- \/quote -->\n\n\n\n<p class=\"wp-block-paragraph\">A <strong>Leblon<\/strong> sz\u00e1m\u00edt a v\u00e1ros legvagyonosabb \u00e9s <strong>legjobban \u0151rz\u00f6tt negyed\u00e9nek<\/strong>. Sokkal csendesebb, mint b\u00e1rhol m\u00e1shol, \u00e9s az utc\u00e1kat a helyi elit legjobb \u00e9ttermei szeg\u00e9lyezik. Ez az a negyed, ahol \u00e9jszaka is idegesked\u00e9s n\u00e9lk\u00fcl s\u00e9t\u00e1lhatsz az utc\u00e1n, \u00e9s ez t\u00f6bbet mond b\u00e1rmilyen statisztik\u00e1n\u00e1l. Leblon ett\u0151l ide\u00e1lis mened\u00e9k a gyerekes csal\u00e1doknak, de sz\u00e1molnod kell azzal, hogy ez a legdr\u00e1g\u00e1bb c\u00edm a legkevesebb el\u00e9rhet\u0151 hotellel. A szomsz\u00e9dos <strong>Ipanema<\/strong> k\u00edn\u00e1lja azt\u00e1n a <strong>nyugalom \u00e9s a v\u00e1rosi \u00e9let legjobb kombin\u00e1ci\u00f3j\u00e1t<\/strong>. \u00c9rezhet\u0151en eleg\u00e1nsabb \u00e9s tiszt\u00e1bb, mint a szomsz\u00e9dos Copacabana, \u00e9s nagyon biztons\u00e1gos r\u00e9sz\u00e9nek tartj\u00e1k Ri\u00f3nak, mert este is minden\u00fctt sok a f\u00e9ny \u00e9s a korz\u00f3z\u00f3 ember.<\/p>\n\n\n\n<p class=\"wp-block-paragraph\">A <strong>Copacabana<\/strong> teljesen egy\u00e9rtelm\u0171 v\u00e1laszt\u00e1s az <strong>els\u0151 v\u00e1rosl\u00e1togat\u00e1shoz<\/strong>. A vil\u00e1g legh\u00edresebb strandj\u00e1t k\u00edn\u00e1lja egy t\u00f6bb mint h\u00e1rom kilom\u00e9teres s\u00e9t\u00e1nnyal, v\u00e9gel\u00e1thatatlan sor tengerparti kioszkkal \u00e9s remek metr\u00f3csatlakoz\u00e1ssal. Itt tal\u00e1lod a legt\u00f6bb hotelt minden elk\u00e9pzelhet\u0151 kateg\u00f3ri\u00e1ban, \u00e9s a legjobb \u00e1r\u2013elhelyezked\u00e9s ar\u00e1nyt. Sz\u00e1molnod kell viszont a rend\u0151rs\u00e9g er\u0151s jelenl\u00e9t\u00e9vel, a rengeteg emberrel \u00e9s azzal a t\u00e9nnyel, hogy s\u00f6t\u00e9ted\u00e9s ut\u00e1n a parti s\u00e9t\u00e1nyon egyszer\u0171en nem j\u00e1rk\u00e1lnak a kisst\u00edl\u0171 zsebtolvajok miatt. Ha olcs\u00f3bb alternat\u00edv\u00e1t keresel, a <strong>Botafogo \u00e9s a Flamengo<\/strong> tetszeni fog minden utaz\u00f3nak, aki szigor\u00faan figyeli a k\u00f6lts\u00e9gvet\u00e9s\u00e9t. Ezek a negyedek strat\u00e9giailag a strandok \u00e9s a t\u00f6rt\u00e9nelmi k\u00f6zpont k\u00f6z\u00f6tt fekszenek, sokkal autentikusabbnak hatnak, \u00e9s nem tal\u00e1lkozol itt annyi turist\u00e1val.<\/p>\n\n\n\n<p class=\"wp-block-paragraph\">Eml\u00edt\u00e9st \u00e9rdemel a <strong>Santa Teresa<\/strong> is, egy meredek domb, amelyet r\u00e9gi gyarmati vill\u00e1k \u00e9s m\u0171v\u00e9szeti gal\u00e9ri\u00e1k pontoznak. K\u00e9ts\u00e9gtelen\u00fcl ez <strong>Rio legromantikusabb r\u00e9sze<\/strong>, ahol a r\u00e9gi boh\u00e9m hangulat \u00e9s nyugalom leng k\u00f6r\u00fcl. Ezek\u00e9rt a csod\u00e1latos kil\u00e1t\u00e1sok\u00e9rt viszont azzal fizetsz, hogy folyton le kell ereszkedned a strandokhoz \u00e9s a k\u00f6zpontba Uber-alkalmaz\u00e1ssal, ami egyszer\u0171en nem mindenkinek felel meg. Ezzel szemben ink\u00e1bb teljesen ker\u00fcld a sz\u00e1ll\u00e1st a <strong>Centro \u00e9s a Lapa negyed<\/strong> ter\u00fclet\u00e9n. B\u00e1r itt tal\u00e1lod a legolcs\u00f3bb hotelt \u00e9s gy\u00f6ny\u00f6r\u0171 m\u00fazeumokat, az eg\u00e9sz Centro munkaid\u0151 ut\u00e1n teljesen kihal. \u00c9jszaka ezekbe az utc\u00e1kba gyalog semmik\u00e9pp nem j\u00e1rnak, \u00e9s nyugodt alv\u00e1sra igaz\u00e1n nem alkalmasak.<\/p>\n\n\n\n<h2 class=\"wp-block-heading\"><span class=\"ez-toc-section\" id=\"Mikor_menj_es_mikor_foglalj_%E2%80%93_Rio_de_Janeiro_idojarasa\"><\/span>Mikor menj \u00e9s mikor foglalj \u2013 Rio de Janeiro id\u0151j\u00e1r\u00e1sa<span class=\"ez-toc-section-end\"><\/span><\/h2>\n\n\n\n<p class=\"wp-block-paragraph\">A megfelel\u0151 id\u0151pont megtervez\u00e9se alapvet\u0151 egy braz\u00edliai l\u00e1togat\u00e1shoz, mert Rio de Janeiro id\u0151j\u00e1r\u00e1sa nagyon kisz\u00e1m\u00edthatatlan tud lenni. <strong>A legjobb id\u0151szak \u00e1prilis \u00e9s j\u00fanius<\/strong>, majd augusztus \u00e9s okt\u00f3ber. Ezekben a tavaszi \u00e9s \u0151szi h\u00f3napokban okosan elker\u00fcl\u00f6d a legnedvesebb ny\u00e1ri cs\u00facsot, az \u00e9g a legt\u00f6bb napon gy\u00f6ny\u00f6r\u0171en k\u00e9k, a h\u0151m\u00e9rs\u00e9klet pedig nagyon kellemes az eg\u00e9sz napos m\u0171eml\u00e9k-n\u00e9zeget\u00e9shez. Ebben az id\u0151szakban r\u00e1ad\u00e1sul k\u00f6nnyen tal\u00e1lsz nagyon rendes sz\u00e1ll\u00e1st teljesen elfogadhat\u00f3 \u00e1ron, ami nem teszi t\u00f6nkre az utaz\u00e1si k\u00f6lts\u00e9gvet\u00e9sed.<\/p>\n\n\n\n<p class=\"wp-block-paragraph\">Ha \u00e9leted utaz\u00e1s\u00e1t a <strong>karnev\u00e1lra vagy szilveszterre a Copacaban\u00e1n<\/strong> tervezed, k\u00e9sz\u00fclj fel az \u00e9v legdr\u00e1g\u00e1bb id\u0151pontjaira. A sz\u00e1ll\u00e1s\u00e1rak ezekben a hetekben az \u00e1tlagos \u00f6sszeg t\u00f6bbsz\u00f6r\u00f6s\u00e9re sz\u00f6knek, \u00e9s a legjobb parti hotelek <strong>h\u00f3napokkal el\u0151re kifogynak<\/strong>. 2026-ra k\u00e9rlelhetetlen szab\u00e1ly, hogy ha saj\u00e1t b\u0151r\u00f6d\u00f6n szeretn\u00e9d \u00e1t\u00e9lni ezeket a nagyszab\u00e1s\u00fa \u00fcnnepl\u00e9seket, gyakorlatilag azonnal foglalnod kell a sz\u00e1ll\u00e1st a rep\u00fcl\u0151jegy megv\u00e1s\u00e1rl\u00e1sa ut\u00e1n. B\u00e1rmilyen haboz\u00e1s azt jelenti, hogy csak t\u00fal\u00e1razott szob\u00e1k maradnak neked a v\u00e1ros sz\u00e9l\u00e9n, ahonnan bonyolultan j\u00e1rk\u00e1lhatsz.<\/p>\n\n\n\n<p class=\"wp-block-paragraph\">A <strong>decembert\u0151l m\u00e1rciusig<\/strong> tart\u00f3 id\u0151szak a f\u0151 brazil ny\u00e1r. Ez \u00f3ri\u00e1si tr\u00f3pusi h\u0151s\u00e9get, nagyon magas p\u00e1ratartalmat \u00e9s teljesen zs\u00fafolt strandokat jelent, ahov\u00e1 az orsz\u00e1g minden szeglet\u00e9b\u0151l \u00f6sszegy\u0171lnek a helyiek. Ez a <strong>mag\u00e1nkarnev\u00e1lon k\u00edv\u00fcli f\u0151szezon<\/strong>, \u00fagyhogy a hotelek \u00e9s a belf\u00f6ldi rep\u00fcl\u0151jegyek \u00e1ra is a hossz\u00fa t\u00e1v\u00fa maximum\u00e1n marad. A Krisztus-szoborhoz vezet\u0151 t\u00fara a teljes ny\u00e1ri h\u0151s\u00e9gben \u00e9s magas p\u00e1ratartalomban \u00e9lm\u00e9ny, de nem felt\u00e9tlen\u00fcl az, amir\u0151l \u00e1lmodsz. Fontold meg, meg\u00e9ri-e neked.<\/p>\n\n\n\n<p class=\"wp-block-paragraph\">A napi program tervez\u00e9s\u00e9n\u00e9l gondolj arra is, hogy <strong>Rio nagyon hegyes v\u00e1ros<\/strong>, amelyet hatalmas szikl\u00e1k osztanak fel. A Copacabana, a Botafogo \u00e9s a t\u00f6rt\u00e9nelmi Centro k\u00f6z\u00f6tt meredek dombok \u00e9s hossz\u00fa alagutak fekszenek, \u00fagyhogy a t\u00e9rk\u00e9pen a t\u00e1vols\u00e1gok borzaszt\u00f3an csalnak. Mindig ellen\u0151rizd ez\u00e9rt a <strong>val\u00f3s menetid\u0151t<\/strong> a navig\u00e1ci\u00f3ban az aktu\u00e1lis forgalmi helyzet szerint. A l\u00e9gvonal semmit sem \u00e1rul el az \u00fat hossz\u00e1r\u00f3l, \u00e9s a d\u00e9lut\u00e1ni cs\u00facsban a taxiban nyugodtan elt\u00f6lthetsz ak\u00e1r egy eg\u00e9sz \u00f3r\u00e1t p\u00e1r kilom\u00e9teren araszolgatva.<\/p>\n\n\n\n<h2 class=\"wp-block-heading\"><span class=\"ez-toc-section\" id=\"Hol_szallj_meg_Rio_de_Janeiroban_a_18_legjobb_hotel\"><\/span>Hol sz\u00e1llj meg Rio de Janeir\u00f3ban: a 18 legjobb hotel<span class=\"ez-toc-section-end\"><\/span><\/h2>\n\n\n\n<p class=\"wp-block-paragraph\">N\u00e9zz\u00fck meg r\u00e9szletesen a <strong>legjobb sz\u00e1ll\u00e1slehet\u0151s\u00e9geket<\/strong>, amelyeket a vil\u00e1g minden t\u00e1j\u00e1r\u00f3l \u00e9rkez\u0151 utaz\u00f3k a legink\u00e1bb aj\u00e1nlanak. Igazi t\u00f6rt\u00e9nelmi legend\u00e1kat, remek kompromisszumokat a strand k\u00f6zel\u00e9ben \u00e9s <strong>titkos tippeket a h\u00e1tizs\u00e1kosoknak<\/strong> is tal\u00e1lsz itt.<\/p>\n\n\n\n<figure data-wp-context=\"{&quot;imageId&quot;:&quot;6a9c1fc501e21&quot;}\" data-wp-interactive=\"core\/image\" data-wp-key=\"6a9c1fc501e21\" class=\"wp-block-image size-full wp-lightbox-container\"><img decoding=\"async\" width=\"880\" height=\"1101\" data-wp-class--hide=\"state.isContentHidden\" data-wp-class--show=\"state.isContentVisible\" data-wp-init=\"callbacks.setButtonStyles\" data-wp-on--click=\"actions.showLightbox\" data-wp-on--load=\"callbacks.setButtonStyles\" data-wp-on--pointerdown=\"actions.preloadImage\" data-wp-on--pointerenter=\"actions.preloadImageWithDelay\" data-wp-on--pointerleave=\"actions.cancelPreload\" data-wp-on-window--resize=\"callbacks.setButtonStyles\" src=\"https:\/\/loudavymkrokem.cz\/wp-content\/uploads\/2026\/09\/copacabana-palace-a-belmond-hotel-1.jpg\" alt=\"Copacabana Palace, A Belmond Hotel\" class=\"wp-image-413029\" title=\"\" srcset=\"https:\/\/loudavymkrokem.cz\/wp-content\/uploads\/2026\/09\/copacabana-palace-a-belmond-hotel-1.jpg 880w, https:\/\/loudavymkrokem.cz\/wp-content\/uploads\/2026\/09\/copacabana-palace-a-belmond-hotel-1-240x300.jpg 240w, https:\/\/loudavymkrokem.cz\/wp-content\/uploads\/2026\/09\/copacabana-palace-a-belmond-hotel-1-700x876.jpg 700w, https:\/\/loudavymkrokem.cz\/wp-content\/uploads\/2026\/09\/copacabana-palace-a-belmond-hotel-1-768x961.jpg 768w, https:\/\/loudavymkrokem.cz\/wp-content\/uploads\/2026\/09\/copacabana-palace-a-belmond-hotel-1-696x871.jpg 696w\" sizes=\"(max-width: 880px) 100vw, 880px\" \/><button\n\t\t\tclass=\"lightbox-trigger\"\n\t\t\ttype=\"button\"\n\t\t\taria-haspopup=\"dialog\"\n\t\t\tdata-wp-bind--aria-label=\"state.thisImage.triggerButtonAriaLabel\"\n\t\t\tdata-wp-init=\"callbacks.initTriggerButton\"\n\t\t\tdata-wp-on--click=\"actions.showLightbox\"\n\t\t\tdata-wp-style--right=\"state.thisImage.buttonRight\"\n\t\t\tdata-wp-style--top=\"state.thisImage.buttonTop\"\n\t\t>\n\t\t\t<svg xmlns=\"http:\/\/www.w3.org\/2000\/svg\" width=\"12\" height=\"12\" fill=\"none\" viewBox=\"0 0 12 12\">\n\t\t\t\t<path fill=\"#fff\" d=\"M2 0a2 2 0 0 0-2 2v2h1.5V2a.5.5 0 0 1 .5-.5h2V0H2Zm2 10.5H2a.5.5 0 0 1-.5-.5V8H0v2a2 2 0 0 0 2 2h2v-1.5ZM8 12v-1.5h2a.5.5 0 0 0 .5-.5V8H12v2a2 2 0 0 1-2 2H8Zm2-12a2 2 0 0 1 2 2v2h-1.5V2a.5.5 0 0 0-.5-.5H8V0h2Z\" \/>\n\t\t\t<\/svg>\n\t\t<\/button><figcaption class=\"wp-element-caption\">Foto: Copacabana Palace, A Belmond Hotel, Rio de Janeiro \/ Google Maps<\/figcaption><\/figure>\n\n\n\n<h3 class=\"wp-block-heading\"><span class=\"ez-toc-section\" id=\"1_Copacabana_Palace_A_Belmond_Hotel\"><\/span>1. Copacabana Palace, A Belmond Hotel<span class=\"ez-toc-section-end\"><\/span><\/h3>\n\n\n\n<p class=\"wp-block-paragraph\"><a href=\"https:\/\/www.belmond.com\" rel=\"nofollow noopener\" target=\"_blank\">Ez a teljesen leny\u0171g\u00f6z\u0151 palota<\/a> <strong>Rio legt\u00f6bbet \u00e9rt\u00e9kelt \u00e9s legjobbra min\u0151s\u00edtett hotelje<\/strong>. Hihetetlen, 4,8-as pontsz\u00e1mmal b\u00fcszk\u00e9lkedhet a Google T\u00e9rk\u00e9pen szerepl\u0151 elk\u00e9peszt\u0151, 41 780 \u00e9rt\u00e9kel\u00e9sb\u0151l. A ragyog\u00f3an feh\u00e9r, 1923-as art deco \u00e9p\u00fclet b\u00fcszk\u00e9n \u00e1ll a <a href=\"https:\/\/www.stay22.com\/allez\/roam?aid=lukaskonecny&#038;campaign=loudavymkrokemcz&#038;campaign=kde-bydlet-v-rio-de-janeiru&#038;hotelname=Copacabana%20Palace%2C%20A%20Belmond%20Hotel&#038;address=Rio%20de%20Janeiro%2C%20Braz%C3%ADlie\" target=\"_blank\" rel=\"noopener nofollow sponsored\">Copacabana<\/a> strandj\u00e1val szemben, \u00e9s a legluxusosabb sz\u00e1ll\u00e1st k\u00e9pviseli, amit eg\u00e9sz Braz\u00edlia k\u00edn\u00e1lni tud. R\u00f6gt\u00f6n a bej\u00e1ratn\u00e1l egy hajthatatlan, de nagyon udvarias biztons\u00e1gi szem\u00e9lyzet fogad, amely gondosan \u00fcgyel az \u00f6sszes vend\u00e9g abszol\u00fat mag\u00e1nszf\u00e9r\u00e1j\u00e1ra \u00e9s biztons\u00e1g\u00e1ra.<\/p>\n\n\n\n<p class=\"wp-block-paragraph\">Ennek az \u00e9p\u00edt\u00e9szeti gy\u00f6ngyszemnek a belsej\u00e9ben <strong>t\u00f6k\u00e9letes t\u00f6rt\u00e9nelmi pompa<\/strong>, hatalmas k\u00fclt\u00e9ri medence k\u00e9nyelmes napoz\u00f3\u00e1gyakkal \u00e9s kifog\u00e1stalanul karbantartott teniszp\u00e1ly\u00e1k v\u00e1rnak. Azt mondj\u00e1k, a recepci\u00f3 itt t\u00f6bb \u00e1llamtitkot ismer, mint az Interpol, \u00e9s sosem \u00e1rul el semmit. A kiszolg\u00e1l\u00e1s vil\u00e1gszerte h\u00edres abszol\u00fat diszkr\u00e9ci\u00f3j\u00e1r\u00f3l \u00e9s teljesen makul\u00e1tlan profizmus\u00e1r\u00f3l. A hotelben megtal\u00e1lod a <strong>h\u00edres Michelin-csillagos \u00e9ttermeket<\/strong> is, ahol a vend\u00e9gek a legjobb el\u00e9rhet\u0151 alapanyagokat \u00e9lvezhetik t\u00f6k\u00e9letes t\u00e1lal\u00e1sban.<\/p>\n\n\n\n<p class=\"wp-block-paragraph\">\ud83d\udca1 Tipp: M\u00e9g ha nem is k\u00f6zvetlen\u00fcl itt alszol, mert az \u00e9jszakai \u00e1rak igaz\u00e1n pr\u00e9miumok, azt aj\u00e1nlom, foglalj <strong>asztalt a d\u00e9lut\u00e1ni te\u00e1ra<\/strong> vagy egy esti italra a megvil\u00e1g\u00edtott medence mellett. Ennek a t\u00f6rt\u00e9nelmi ikonnak az \u00e9lm\u00e9nye kisebb adagban is meg\u00e9ri, \u00e9s minden gond n\u00e9lk\u00fcl kifizeted helyi realban.<\/p>\n\n\n\n<figure data-wp-context=\"{&quot;imageId&quot;:&quot;6a9c1fc502215&quot;}\" data-wp-interactive=\"core\/image\" data-wp-key=\"6a9c1fc502215\" class=\"wp-block-image size-full wp-lightbox-container\"><img decoding=\"async\" width=\"1600\" height=\"2000\" data-wp-class--hide=\"state.isContentHidden\" data-wp-class--show=\"state.isContentVisible\" data-wp-init=\"callbacks.setButtonStyles\" data-wp-on--click=\"actions.showLightbox\" data-wp-on--load=\"callbacks.setButtonStyles\" data-wp-on--pointerdown=\"actions.preloadImage\" data-wp-on--pointerenter=\"actions.preloadImageWithDelay\" data-wp-on--pointerleave=\"actions.cancelPreload\" data-wp-on-window--resize=\"callbacks.setButtonStyles\" src=\"https:\/\/loudavymkrokem.cz\/wp-content\/uploads\/2026\/09\/hotel-fasano-rio-de-janeiro-1.jpg\" alt=\"Hotel Fasano Rio de Janeiro\" class=\"wp-image-413034\" title=\"\" srcset=\"https:\/\/loudavymkrokem.cz\/wp-content\/uploads\/2026\/09\/hotel-fasano-rio-de-janeiro-1.jpg 1600w, https:\/\/loudavymkrokem.cz\/wp-content\/uploads\/2026\/09\/hotel-fasano-rio-de-janeiro-1-240x300.jpg 240w, https:\/\/loudavymkrokem.cz\/wp-content\/uploads\/2026\/09\/hotel-fasano-rio-de-janeiro-1-700x875.jpg 700w, https:\/\/loudavymkrokem.cz\/wp-content\/uploads\/2026\/09\/hotel-fasano-rio-de-janeiro-1-768x960.jpg 768w, https:\/\/loudavymkrokem.cz\/wp-content\/uploads\/2026\/09\/hotel-fasano-rio-de-janeiro-1-1229x1536.jpg 1229w, https:\/\/loudavymkrokem.cz\/wp-content\/uploads\/2026\/09\/hotel-fasano-rio-de-janeiro-1-696x870.jpg 696w, https:\/\/loudavymkrokem.cz\/wp-content\/uploads\/2026\/09\/hotel-fasano-rio-de-janeiro-1-1392x1740.jpg 1392w\" sizes=\"(max-width: 1600px) 100vw, 1600px\" \/><button\n\t\t\tclass=\"lightbox-trigger\"\n\t\t\ttype=\"button\"\n\t\t\taria-haspopup=\"dialog\"\n\t\t\tdata-wp-bind--aria-label=\"state.thisImage.triggerButtonAriaLabel\"\n\t\t\tdata-wp-init=\"callbacks.initTriggerButton\"\n\t\t\tdata-wp-on--click=\"actions.showLightbox\"\n\t\t\tdata-wp-style--right=\"state.thisImage.buttonRight\"\n\t\t\tdata-wp-style--top=\"state.thisImage.buttonTop\"\n\t\t>\n\t\t\t<svg xmlns=\"http:\/\/www.w3.org\/2000\/svg\" width=\"12\" height=\"12\" fill=\"none\" viewBox=\"0 0 12 12\">\n\t\t\t\t<path fill=\"#fff\" d=\"M2 0a2 2 0 0 0-2 2v2h1.5V2a.5.5 0 0 1 .5-.5h2V0H2Zm2 10.5H2a.5.5 0 0 1-.5-.5V8H0v2a2 2 0 0 0 2 2h2v-1.5ZM8 12v-1.5h2a.5.5 0 0 0 .5-.5V8H12v2a2 2 0 0 1-2 2H8Zm2-12a2 2 0 0 1 2 2v2h-1.5V2a.5.5 0 0 0-.5-.5H8V0h2Z\" \/>\n\t\t\t<\/svg>\n\t\t<\/button><figcaption class=\"wp-element-caption\">Foto: Hotel Fasano Rio de Janeiro \/ Google Maps<\/figcaption><\/figure>\n\n\n\n<h3 class=\"wp-block-heading\"><span class=\"ez-toc-section\" id=\"2_Hotel_Fasano_Rio_de_Janeiro\"><\/span>2. Hotel Fasano Rio de Janeiro<span class=\"ez-toc-section-end\"><\/span><\/h3>\n\n\n\n<p class=\"wp-block-paragraph\">Ha ink\u00e1bb modern luxusra v\u00e1gysz, mint t\u00f6rt\u00e9nelmi klasszik\u00e1ra, ez a <a href=\"https:\/\/www.fasano.com.br\" rel=\"nofollow noopener\" target=\"_blank\">hotel a h\u00edres Avenida Vieira Sout\u00f3n<\/a>, <strong>Ipanem\u00e1ban<\/strong> a v\u00e1ros legjobb c\u00edme. 4,7-es \u00e9rt\u00e9kel\u00e9ssel \u00e9s t\u00f6bb mint 3500 lelkes recenzi\u00f3val b\u00fcszk\u00e9lkedik. A s\u00f6t\u00e9t \u00fcvegb\u0151l \u00e9s f\u00e1b\u00f3l \u00e9p\u00fclt design\u00e9p\u00fclet a modern \u00e9p\u00edt\u00e9szet szerelmeseit vonzza \u00e9s azokat az utaz\u00f3kat, akik kicsit csendesebb \u00e9s exkluz\u00edvabb k\u00f6rnyezetet r\u00e9szes\u00edtenek el\u0151nyben, mint a szomsz\u00e9dos, forgalmas Copacaban\u00e1n. Ipanem\u00e1t r\u00e1ad\u00e1sul r\u00e9g\u00f3ta az egyik legbiztons\u00e1gosabb tengerparti negyednek tartj\u00e1k az esti s\u00e9t\u00e1khoz.<\/p>\n\n\n\n<p class=\"wp-block-paragraph\">Az eg\u00e9sz komplexum legnagyobb h\u00faz\u00f3neve az ikonikus <strong>tet\u0151medence l\u00e9legzetel\u00e1ll\u00edt\u00f3 kil\u00e1t\u00e1ssal<\/strong> egyenesen a strandra \u00e9s a fens\u00e9ges Dois Irm\u00e3os hegyre. \u00c9ppen err\u0151l a helyr\u0151l k\u00e9sz\u00edted az eg\u00e9sz nyaral\u00e1s legszebb fot\u00f3it an\u00e9lk\u00fcl, hogy a turist\u00e1k t\u00f6meg\u00e9ben kellene tolonganod. A hotelnek saj\u00e1t priv\u00e1t strandklubja is van k\u00e9nyelmes napoz\u00f3\u00e1gyakkal \u00e9s kiv\u00e1l\u00f3 sz\u00ednvonal\u00fa szolg\u00e1ltat\u00e1sokkal, amelyek megb\u00edzhat\u00f3an kiel\u00e9g\u00edtik a vil\u00e1g legig\u00e9nyesebb vend\u00e9geit is. A k\u00f6rny\u00e9ken r\u00e1ad\u00e1sul rengeteg kiv\u00e1l\u00f3 olasz \u00e9s jap\u00e1n \u00e9ttermet tal\u00e1lsz egy remek h\u00fasmentes vacsor\u00e1hoz.<\/p>\n\n\n\n<p class=\"wp-block-paragraph\">\ud83d\udca1 Tipp: Az \u00f3ce\u00e1n fel\u00e9 n\u00e9z\u0151 szob\u00e1knak \u00fcvegezett erk\u00e9ly\u00fck van, amelyek eg\u00e9szen az \u00e1gyig beh\u00fazz\u00e1k a tengerparti hangulatot, \u00e9s ha a k\u00f6lts\u00e9gvet\u00e9sed engedi, a naplemente l\u00e1tv\u00e1nya onnan \u0151szint\u00e9n felejthetetlen. <em><a href=\"https:\/\/www.stay22.com\/allez\/roam?aid=lukaskonecny&#038;campaign=loudavymkrokemcz&#038;campaign=kde-bydlet-v-rio-de-janeiru&#038;hotelname=Hotel%20Fasano%20Rio%20de%20Janeiro&#038;address=Rio%20de%20Janeiro%2C%20Braz%C3%ADlie\" target=\"_blank\" rel=\"nofollow noopener sponsored\">\u00e1rak \u00e9s el\u00e9rhet\u0151s\u00e9g ellen\u0151rz\u00e9se<\/a><\/em><\/p>\n\n\n\n<figure data-wp-context=\"{&quot;imageId&quot;:&quot;6a9c1fc502631&quot;}\" data-wp-interactive=\"core\/image\" data-wp-key=\"6a9c1fc502631\" class=\"wp-block-image size-full wp-lightbox-container\"><img decoding=\"async\" width=\"1600\" height=\"1066\" data-wp-class--hide=\"state.isContentHidden\" data-wp-class--show=\"state.isContentVisible\" data-wp-init=\"callbacks.setButtonStyles\" data-wp-on--click=\"actions.showLightbox\" data-wp-on--load=\"callbacks.setButtonStyles\" data-wp-on--pointerdown=\"actions.preloadImage\" data-wp-on--pointerenter=\"actions.preloadImageWithDelay\" data-wp-on--pointerleave=\"actions.cancelPreload\" data-wp-on-window--resize=\"callbacks.setButtonStyles\" src=\"https:\/\/loudavymkrokem.cz\/wp-content\/uploads\/2026\/09\/emiliano-rio-an-slh-hotel-1.jpg\" alt=\"Emiliano Rio, an SLH Hotel\" class=\"wp-image-413039\" title=\"\" srcset=\"https:\/\/loudavymkrokem.cz\/wp-content\/uploads\/2026\/09\/emiliano-rio-an-slh-hotel-1.jpg 1600w, https:\/\/loudavymkrokem.cz\/wp-content\/uploads\/2026\/09\/emiliano-rio-an-slh-hotel-1-300x200.jpg 300w, https:\/\/loudavymkrokem.cz\/wp-content\/uploads\/2026\/09\/emiliano-rio-an-slh-hotel-1-700x466.jpg 700w, https:\/\/loudavymkrokem.cz\/wp-content\/uploads\/2026\/09\/emiliano-rio-an-slh-hotel-1-768x512.jpg 768w, https:\/\/loudavymkrokem.cz\/wp-content\/uploads\/2026\/09\/emiliano-rio-an-slh-hotel-1-1536x1023.jpg 1536w, https:\/\/loudavymkrokem.cz\/wp-content\/uploads\/2026\/09\/emiliano-rio-an-slh-hotel-1-696x464.jpg 696w, https:\/\/loudavymkrokem.cz\/wp-content\/uploads\/2026\/09\/emiliano-rio-an-slh-hotel-1-1392x927.jpg 1392w\" sizes=\"(max-width: 1600px) 100vw, 1600px\" \/><button\n\t\t\tclass=\"lightbox-trigger\"\n\t\t\ttype=\"button\"\n\t\t\taria-haspopup=\"dialog\"\n\t\t\tdata-wp-bind--aria-label=\"state.thisImage.triggerButtonAriaLabel\"\n\t\t\tdata-wp-init=\"callbacks.initTriggerButton\"\n\t\t\tdata-wp-on--click=\"actions.showLightbox\"\n\t\t\tdata-wp-style--right=\"state.thisImage.buttonRight\"\n\t\t\tdata-wp-style--top=\"state.thisImage.buttonTop\"\n\t\t>\n\t\t\t<svg xmlns=\"http:\/\/www.w3.org\/2000\/svg\" width=\"12\" height=\"12\" fill=\"none\" viewBox=\"0 0 12 12\">\n\t\t\t\t<path fill=\"#fff\" d=\"M2 0a2 2 0 0 0-2 2v2h1.5V2a.5.5 0 0 1 .5-.5h2V0H2Zm2 10.5H2a.5.5 0 0 1-.5-.5V8H0v2a2 2 0 0 0 2 2h2v-1.5ZM8 12v-1.5h2a.5.5 0 0 0 .5-.5V8H12v2a2 2 0 0 1-2 2H8Zm2-12a2 2 0 0 1 2 2v2h-1.5V2a.5.5 0 0 0-.5-.5H8V0h2Z\" \/>\n\t\t\t<\/svg>\n\t\t<\/button><figcaption class=\"wp-element-caption\">Foto: Emiliano Rio, an SLH Hotel \/ Google Maps<\/figcaption><\/figure>\n\n\n\n<h3 class=\"wp-block-heading\"><span class=\"ez-toc-section\" id=\"3_Emiliano_Rio_an_SLH_Hotel\"><\/span>3. Emiliano Rio, an SLH Hotel<span class=\"ez-toc-section-end\"><\/span><\/h3>\n\n\n\n<p class=\"wp-block-paragraph\">Ez a <a href=\"https:\/\/www.slh.com\" rel=\"nofollow noopener\" target=\"_blank\">gy\u00f6ny\u00f6r\u0171 butikhotel a Copacaban\u00e1n<\/a> a <strong>vintage eleganci\u00e1t a modern k\u00e9nyelemmel<\/strong> kombin\u00e1lja, \u00e9s fantasztikus, 4,7-es \u00e9rt\u00e9kel\u00e9st tart k\u00f6zel k\u00e9tezer recenzi\u00f3b\u00f3l. Egyedi \u00e9p\u00edt\u00e9szeti homlokzata feh\u00e9r, nyithat\u00f3 panelekkel t\u00f6k\u00e9letes mag\u00e1nszf\u00e9r\u00e1t biztos\u00edt a vend\u00e9geknek a j\u00e1r\u00f3kel\u0151k tekintete el\u0151l, ugyanakkor pontosan az aktu\u00e1lis hangulatod szerint beengedheted a friss tengeri szell\u0151t \u00e9s a brazil naps\u00fct\u00e9st. \u00d3ri\u00e1si kontraszt ez a k\u00f6rny\u00e9k hatalmas hotelkomplexumaival szemben.<\/p>\n\n\n\n<p class=\"wp-block-paragraph\">A csod\u00e1latos strandi kil\u00e1t\u00e1son k\u00edv\u00fcl a hotel egy <strong>elismert pezsg\u0151b\u00e1rt<\/strong> is k\u00edn\u00e1l, ahol egy nyugodt est\u00e9t \u00e9lvezhetsz teljesen kifinomult k\u00f6rnyezetben. Remek v\u00e1laszt\u00e1s azoknak az utaz\u00f3knak, akik meghittebb, nagyobb luxushangulatot keresnek, \u00e9s nem akarnak t\u00f6bb sz\u00e1z m\u00e1sik turist\u00e1val osztozni a lobbin. Nagy el\u0151ny az is, hogy a legk\u00f6zelebbi metr\u00f3\u00e1llom\u00e1s gyalog is el\u00e9rhet\u0151, ahonnan gyorsan \u00e9s biztons\u00e1gosan eljutsz a t\u00f6rt\u00e9nelmi k\u00f6zpontba.<\/p>\n\n\n\n<p class=\"wp-block-paragraph\">\ud83d\udca1 Tipp: Mindenk\u00e9pp pr\u00f3b\u00e1ld ki a helyi hotel spa-szolg\u00e1ltat\u00e1sait, amelyeket a vend\u00e9gek dics\u00e9rnek a recenzi\u00f3kban. \u00c1ll\u00edt\u00f3lag egy egy\u00f3r\u00e1s massz\u00e1zs ut\u00e1n \u00fagy \u00e9rzed magad, mintha csak tegnap \u00e9rkezt\u00e9l volna. Egy hossz\u00fa d\u00e9l-amerikai rep\u00fcl\u0151\u00fat ut\u00e1n egy min\u0151s\u00e9gi massz\u00e1zs garant\u00e1ltan talpra \u00e1ll\u00edt. <em><a href=\"https:\/\/www.stay22.com\/allez\/roam?aid=lukaskonecny&#038;campaign=loudavymkrokemcz&#038;campaign=kde-bydlet-v-rio-de-janeiru&#038;hotelname=Emiliano%20Rio%2C%20an%20SLH%20Hotel&#038;address=Rio%20de%20Janeiro%2C%20Braz%C3%ADlie\" target=\"_blank\" rel=\"nofollow noopener sponsored\">\u00e1rak \u00e9s el\u00e9rhet\u0151s\u00e9g ellen\u0151rz\u00e9se<\/a><\/em><\/p>\n\n\n\n<figure data-wp-context=\"{&quot;imageId&quot;:&quot;6a9c1fc502c46&quot;}\" data-wp-interactive=\"core\/image\" data-wp-key=\"6a9c1fc502c46\" class=\"wp-block-image size-full wp-lightbox-container\"><img decoding=\"async\" width=\"480\" height=\"320\" data-wp-class--hide=\"state.isContentHidden\" data-wp-class--show=\"state.isContentVisible\" data-wp-init=\"callbacks.setButtonStyles\" data-wp-on--click=\"actions.showLightbox\" data-wp-on--load=\"callbacks.setButtonStyles\" data-wp-on--pointerdown=\"actions.preloadImage\" data-wp-on--pointerenter=\"actions.preloadImageWithDelay\" data-wp-on--pointerleave=\"actions.cancelPreload\" data-wp-on-window--resize=\"callbacks.setButtonStyles\" src=\"https:\/\/loudavymkrokem.cz\/wp-content\/uploads\/2026\/09\/jw-marriott-hotel-rio-de-janeiro-1.jpg\" alt=\"JW Marriott Hotel Rio de Janeiro\" class=\"wp-image-413045\" title=\"\" srcset=\"https:\/\/loudavymkrokem.cz\/wp-content\/uploads\/2026\/09\/jw-marriott-hotel-rio-de-janeiro-1.jpg 480w, https:\/\/loudavymkrokem.cz\/wp-content\/uploads\/2026\/09\/jw-marriott-hotel-rio-de-janeiro-1-300x200.jpg 300w\" sizes=\"(max-width: 480px) 100vw, 480px\" \/><button\n\t\t\tclass=\"lightbox-trigger\"\n\t\t\ttype=\"button\"\n\t\t\taria-haspopup=\"dialog\"\n\t\t\tdata-wp-bind--aria-label=\"state.thisImage.triggerButtonAriaLabel\"\n\t\t\tdata-wp-init=\"callbacks.initTriggerButton\"\n\t\t\tdata-wp-on--click=\"actions.showLightbox\"\n\t\t\tdata-wp-style--right=\"state.thisImage.buttonRight\"\n\t\t\tdata-wp-style--top=\"state.thisImage.buttonTop\"\n\t\t>\n\t\t\t<svg xmlns=\"http:\/\/www.w3.org\/2000\/svg\" width=\"12\" height=\"12\" fill=\"none\" viewBox=\"0 0 12 12\">\n\t\t\t\t<path fill=\"#fff\" d=\"M2 0a2 2 0 0 0-2 2v2h1.5V2a.5.5 0 0 1 .5-.5h2V0H2Zm2 10.5H2a.5.5 0 0 1-.5-.5V8H0v2a2 2 0 0 0 2 2h2v-1.5ZM8 12v-1.5h2a.5.5 0 0 0 .5-.5V8H12v2a2 2 0 0 1-2 2H8Zm2-12a2 2 0 0 1 2 2v2h-1.5V2a.5.5 0 0 0-.5-.5H8V0h2Z\" \/>\n\t\t\t<\/svg>\n\t\t<\/button><figcaption class=\"wp-element-caption\">Foto: JW Marriott Hotel Rio de Janeiro \/ Google Maps<\/figcaption><\/figure>\n\n\n\n<h3 class=\"wp-block-heading\"><span class=\"ez-toc-section\" id=\"4_JW_Marriott_Hotel_Rio_de_Janeiro\"><\/span>4. JW Marriott Hotel Rio de Janeiro<span class=\"ez-toc-section-end\"><\/span><\/h3>\n\n\n\n<p class=\"wp-block-paragraph\">Egy bev\u00e1lt multinacion\u00e1lis l\u00e1nc klasszikus <a href=\"https:\/\/www.marriott.com\" rel=\"nofollow noopener\" target=\"_blank\">\u00f6tcsillagos luxus\u00e1t<\/a> egyenesen a <strong>Copacabana Avenida Atl\u00e2ntic\u00e1j\u00e1n<\/strong> tal\u00e1lod. A hotel nagyon szolid, 4,6-os \u00e9rt\u00e9kel\u00e9st tart t\u00f6bb mint 5400 recenzi\u00f3b\u00f3l, \u00e9s pontosan azt a megb\u00edzhat\u00f3 kisz\u00e1m\u00edthat\u00f3s\u00e1got k\u00edn\u00e1lja, ami\u00e9rt a nemzetk\u00f6zi l\u00e1ncokn\u00e1l fizetsz. Itt minden \u00fagy m\u0171k\u00f6dik, mint a karikacsap\u00e1s, \u00e9s a <strong>szem\u00e9lyzet t\u00f6k\u00e9letes angolt besz\u00e9l<\/strong>, ami Braz\u00edli\u00e1ban semmik\u00e9pp nem mag\u00e1t\u00f3l \u00e9rtet\u0151d\u0151 m\u00e9g a dr\u00e1ga helyeken sem \u2014 \u00fagyhogy itt egyszer\u0171en semmi nem \u00e9r v\u00e1ratlanul.<\/p>\n\n\n\n<p class=\"wp-block-paragraph\">Az eg\u00e9sz t\u00e1gas komplexum legszebb helye a <strong>tet\u0151medence leny\u0171g\u00f6z\u0151 panor\u00e1m\u00e1val<\/strong>, ahol teljesen biztons\u00e1gosan pihenhetsz a morajl\u00f3 \u00f3ce\u00e1n l\u00e1tv\u00e1ny\u00e1val, mik\u00f6zben friss k\u00f3kuszvizet kortyolsz. K\u00e9t remek \u00e9tterem is rendelkez\u00e9sre \u00e1ll, amelyek reggel hihetetlen\u00fcl b\u0151s\u00e9ges reggelit szolg\u00e1lnak fel, tele friss tr\u00f3pusi gy\u00fcm\u00f6lccsel \u00e9s helyi sajtk\u00fcl\u00f6nlegess\u00e9gekkel. Nem hi\u00e1nyzik a cs\u00facsszinten felszerelt fitneszk\u00f6zpont sem azoknak, akik nyaral\u00e1s k\u00f6zben is form\u00e1ban szeretn\u00e9nek maradni.<\/p>\n\n\n\n<p class=\"wp-block-paragraph\">\ud83d\udca1 Tipp: Ha rendszeresen gy\u0171jtesz pontokat a <a href=\"https:\/\/www.stay22.com\/allez\/roam?aid=lukaskonecny&#038;campaign=loudavymkrokemcz&#038;campaign=kde-bydlet-v-rio-de-janeiru&#038;hotelname=JW%20Marriott%20Hotel%20Rio%20de%20Janeiro&#038;address=Rio%20de%20Janeiro%2C%20Braz%C3%ADlie\" target=\"_blank\" rel=\"noopener nofollow sponsored\">Marriott<\/a> h\u0171s\u00e9gprogramj\u00e1ban, ez a <strong>vil\u00e1g egyik legjobb helye<\/strong>, ahol bev\u00e1lthatod \u0151ket egy igaz\u00e1n pr\u00e9mium \u00e9lm\u00e9nyre, egyenesen az els\u0151 sorban a h\u00edres strandn\u00e1l.<\/p>\n\n\n\n<figure data-wp-context=\"{&quot;imageId&quot;:&quot;6a9c1fc503333&quot;}\" data-wp-interactive=\"core\/image\" data-wp-key=\"6a9c1fc503333\" class=\"wp-block-image size-full wp-lightbox-container\"><img decoding=\"async\" width=\"1024\" height=\"682\" data-wp-class--hide=\"state.isContentHidden\" data-wp-class--show=\"state.isContentVisible\" data-wp-init=\"callbacks.setButtonStyles\" data-wp-on--click=\"actions.showLightbox\" data-wp-on--load=\"callbacks.setButtonStyles\" data-wp-on--pointerdown=\"actions.preloadImage\" data-wp-on--pointerenter=\"actions.preloadImageWithDelay\" data-wp-on--pointerleave=\"actions.cancelPreload\" data-wp-on-window--resize=\"callbacks.setButtonStyles\" src=\"https:\/\/loudavymkrokem.cz\/wp-content\/uploads\/2026\/09\/hilton-rio-de-janeiro-copacabana.jpg\" alt=\"Hilton Rio de Janeiro Copacabana\" class=\"wp-image-413052\" title=\"\" srcset=\"https:\/\/loudavymkrokem.cz\/wp-content\/uploads\/2026\/09\/hilton-rio-de-janeiro-copacabana.jpg 1024w, https:\/\/loudavymkrokem.cz\/wp-content\/uploads\/2026\/09\/hilton-rio-de-janeiro-copacabana-300x200.jpg 300w, https:\/\/loudavymkrokem.cz\/wp-content\/uploads\/2026\/09\/hilton-rio-de-janeiro-copacabana-700x466.jpg 700w, https:\/\/loudavymkrokem.cz\/wp-content\/uploads\/2026\/09\/hilton-rio-de-janeiro-copacabana-768x512.jpg 768w, https:\/\/loudavymkrokem.cz\/wp-content\/uploads\/2026\/09\/hilton-rio-de-janeiro-copacabana-696x464.jpg 696w\" sizes=\"(max-width: 1024px) 100vw, 1024px\" \/><button\n\t\t\tclass=\"lightbox-trigger\"\n\t\t\ttype=\"button\"\n\t\t\taria-haspopup=\"dialog\"\n\t\t\tdata-wp-bind--aria-label=\"state.thisImage.triggerButtonAriaLabel\"\n\t\t\tdata-wp-init=\"callbacks.initTriggerButton\"\n\t\t\tdata-wp-on--click=\"actions.showLightbox\"\n\t\t\tdata-wp-style--right=\"state.thisImage.buttonRight\"\n\t\t\tdata-wp-style--top=\"state.thisImage.buttonTop\"\n\t\t>\n\t\t\t<svg xmlns=\"http:\/\/www.w3.org\/2000\/svg\" width=\"12\" height=\"12\" fill=\"none\" viewBox=\"0 0 12 12\">\n\t\t\t\t<path fill=\"#fff\" d=\"M2 0a2 2 0 0 0-2 2v2h1.5V2a.5.5 0 0 1 .5-.5h2V0H2Zm2 10.5H2a.5.5 0 0 1-.5-.5V8H0v2a2 2 0 0 0 2 2h2v-1.5ZM8 12v-1.5h2a.5.5 0 0 0 .5-.5V8H12v2a2 2 0 0 1-2 2H8Zm2-12a2 2 0 0 1 2 2v2h-1.5V2a.5.5 0 0 0-.5-.5H8V0h2Z\" \/>\n\t\t\t<\/svg>\n\t\t<\/button><figcaption class=\"wp-element-caption\">Foto: Hilton Rio de Janeiro Copacabana \/ Google Maps<\/figcaption><\/figure>\n\n\n\n<h3 class=\"wp-block-heading\"><span class=\"ez-toc-section\" id=\"5_Hilton_Rio_de_Janeiro_Copacabana\"><\/span>5. Hilton Rio de Janeiro Copacabana<span class=\"ez-toc-section-end\"><\/span><\/h3>\n\n\n\n<p class=\"wp-block-paragraph\">Ez a <a href=\"https:\/\/www.hilton.com\" rel=\"nofollow noopener\" target=\"_blank\">hatalmas \u00e9s az utaz\u00f3k k\u00f6r\u00e9ben nagyon n\u00e9pszer\u0171 hotel<\/a> strat\u00e9giailag a Copacabana legelej\u00e9n \u00e1ll, a l\u00e9nyegesen csendesebb Leme nev\u0171 r\u00e9szn\u00e9l. Remek, 4,6-os \u00e9rt\u00e9kel\u00e9ssel b\u00fcszk\u00e9lkedhet t\u00f6bb mint tizenh\u00e1romezer vend\u00e9gt\u0151l. Gy\u00f6ny\u00f6r\u0171 <strong>modern szob\u00e1kat k\u00edn\u00e1l \u00f3ce\u00e1npanor\u00e1m\u00e1val<\/strong> \u00e9s nagyon magas szint\u0171 sz\u00e1ll\u00e1st, amely a legig\u00e9nyesebb l\u00e1togat\u00f3kat is kiel\u00e9g\u00edti. A lem\u00e9i elhelyezked\u00e9s r\u00e1ad\u00e1sul \u00e9rezhet\u0151en kevesebb t\u00f6meget jelent a f\u0151bej\u00e1rat el\u0151tt \u00e9s csendesebb est\u00e9ket.<\/p>\n\n\n\n<p class=\"wp-block-paragraph\">A vend\u00e9gek itt mindenn\u00e9l jobban \u00e9lvezik a fantasztikus <strong>tet\u0151b\u00e1rt<\/strong>, ahonnan gy\u00f6ny\u00f6r\u0171en l\u00e1tszik a h\u00edres strand eg\u00e9sz eleg\u00e1ns \u00edve eg\u00e9szen az \u00f6b\u00f6l t\u00faloldal\u00e1n \u00e1ll\u00f3 katonai er\u0151dig. Ha \u00e9ppen nincs kedved a nyilv\u00e1nos strand t\u00f6meg\u00e9ben t\u00fclekedni, a hotel medenc\u00e9je t\u00f6k\u00e9letes \u00e9s f\u0151leg biztons\u00e1gos alternat\u00edv\u00e1t k\u00edn\u00e1l. A hotel k\u00f6zel\u00e9ben r\u00e1ad\u00e1sul rengeteg standot tal\u00e1lsz, ahol sz\u00edvesen elk\u00e9sz\u00edtik neked a kit\u0171n\u0151 \u00e9s friss\u00edt\u0151 a\u00e7a\u00edt.<\/p>\n\n\n\n<p class=\"wp-block-paragraph\">\ud83d\udca1 Tipp: A foglal\u00e1sn\u00e1l mindenk\u00e9pp k\u00e9rj szob\u00e1t <strong>a lehet\u0151 legmagasabb el\u00e9rhet\u0151 emeleten<\/strong>. Nem csak a jobb fot\u00f3k miatt teszed ezt, hanem f\u0151leg az\u00e9rt, hogy a lehet\u0151 legt\u00e1volabb legy\u00e9l a forgalmas parti s\u00e9t\u00e1ny \u00e1lland\u00f3 zaj\u00e1t\u00f3l \u00e9s az Avenida Atl\u00e2ntica forgalm\u00e1t\u00f3l. <em><a href=\"https:\/\/www.stay22.com\/allez\/roam?aid=lukaskonecny&#038;campaign=loudavymkrokemcz&#038;campaign=kde-bydlet-v-rio-de-janeiru&#038;hotelname=Hilton%20Rio%20de%20Janeiro%20Copacabana&#038;address=Rio%20de%20Janeiro%2C%20Braz%C3%ADlie\" target=\"_blank\" rel=\"nofollow noopener sponsored\">\u00e1rak \u00e9s el\u00e9rhet\u0151s\u00e9g ellen\u0151rz\u00e9se<\/a><\/em><\/p>\n\n\n\n<figure data-wp-context=\"{&quot;imageId&quot;:&quot;6a9c1fc5037a5&quot;}\" data-wp-interactive=\"core\/image\" data-wp-key=\"6a9c1fc5037a5\" class=\"wp-block-image size-full wp-lightbox-container\"><img decoding=\"async\" width=\"480\" height=\"320\" data-wp-class--hide=\"state.isContentHidden\" data-wp-class--show=\"state.isContentVisible\" data-wp-init=\"callbacks.setButtonStyles\" data-wp-on--click=\"actions.showLightbox\" data-wp-on--load=\"callbacks.setButtonStyles\" data-wp-on--pointerdown=\"actions.preloadImage\" data-wp-on--pointerenter=\"actions.preloadImageWithDelay\" data-wp-on--pointerleave=\"actions.cancelPreload\" data-wp-on-window--resize=\"callbacks.setButtonStyles\" src=\"https:\/\/loudavymkrokem.cz\/wp-content\/uploads\/2026\/09\/sheraton-grand-rio-hotel-resort.jpg\" alt=\"Sheraton Grand Rio Hotel &#038; Resort\" class=\"wp-image-413057\" title=\"\" srcset=\"https:\/\/loudavymkrokem.cz\/wp-content\/uploads\/2026\/09\/sheraton-grand-rio-hotel-resort.jpg 480w, https:\/\/loudavymkrokem.cz\/wp-content\/uploads\/2026\/09\/sheraton-grand-rio-hotel-resort-300x200.jpg 300w\" sizes=\"(max-width: 480px) 100vw, 480px\" \/><button\n\t\t\tclass=\"lightbox-trigger\"\n\t\t\ttype=\"button\"\n\t\t\taria-haspopup=\"dialog\"\n\t\t\tdata-wp-bind--aria-label=\"state.thisImage.triggerButtonAriaLabel\"\n\t\t\tdata-wp-init=\"callbacks.initTriggerButton\"\n\t\t\tdata-wp-on--click=\"actions.showLightbox\"\n\t\t\tdata-wp-style--right=\"state.thisImage.buttonRight\"\n\t\t\tdata-wp-style--top=\"state.thisImage.buttonTop\"\n\t\t>\n\t\t\t<svg xmlns=\"http:\/\/www.w3.org\/2000\/svg\" width=\"12\" height=\"12\" fill=\"none\" viewBox=\"0 0 12 12\">\n\t\t\t\t<path fill=\"#fff\" d=\"M2 0a2 2 0 0 0-2 2v2h1.5V2a.5.5 0 0 1 .5-.5h2V0H2Zm2 10.5H2a.5.5 0 0 1-.5-.5V8H0v2a2 2 0 0 0 2 2h2v-1.5ZM8 12v-1.5h2a.5.5 0 0 0 .5-.5V8H12v2a2 2 0 0 1-2 2H8Zm2-12a2 2 0 0 1 2 2v2h-1.5V2a.5.5 0 0 0-.5-.5H8V0h2Z\" \/>\n\t\t\t<\/svg>\n\t\t<\/button><figcaption class=\"wp-element-caption\">Foto: Sheraton Grand Rio Hotel &#038; Resort \/ Google Maps<\/figcaption><\/figure>\n\n\n\n<h3 class=\"wp-block-heading\"><span class=\"ez-toc-section\" id=\"6_Sheraton_Grand_Rio_Hotel_Resort\"><\/span>6. Sheraton Grand Rio Hotel &#038; Resort<span class=\"ez-toc-section-end\"><\/span><\/h3>\n\n\n\n<p class=\"wp-block-paragraph\">Ez az abszol\u00fat cs\u00facs mindazoknak, akik a nyaral\u00e1s alatt minden k\u00e9nyelmet egy helyen szeretn\u00e9nek. A kiv\u00e1l\u00f3, 4,7-es \u00e9rt\u00e9kel\u00e9s\u0171 hotel egy nagyon biztons\u00e1gos enkl\u00e1v\u00e9ban fekszik, a luxus Leblon \u00e9s a Vidigal domb k\u00f6z\u00e9 \u00e9kelve. A recenzi\u00f3k szerint <strong>egy\u00e9rtelm\u0171en a legjobb v\u00e1laszt\u00e1s a gyerekes csal\u00e1doknak<\/strong>, akik klasszikus resort-h\u00e1tteret szeretn\u00e9nek, \u00e9s nem akarnak naponta bonyolult \u00e1tsz\u00e1ll\u00e1si logisztik\u00e1val b\u00edbel\u0151dni a forgalmas nagyv\u00e1rosban.<\/p>\n\n\n\n<p class=\"wp-block-paragraph\">Rio egyik nagyon kev\u00e9s hoteljek\u00e9nt ennek a komplexumnak <strong>k\u00f6zvetlen bej\u00e1r\u00e1sa van a saj\u00e1t strandszakasz\u00e1ra<\/strong>, ahol nem zavarnak folyton a szuven\u00edr\u00e1rusok. Ehhez r\u00f6gt\u00f6n h\u00e1rom hatalmas k\u00fclt\u00e9ri medenc\u00e9t, profi teniszp\u00e1ly\u00e1kat, luxus wellnesst \u00e9s t\u00f6bb kiv\u00e1l\u00f3 \u00e9ttermet is k\u00edn\u00e1l. Err\u0151l a t\u00e1gas resortr\u00f3l tulajdonk\u00e9ppen az eg\u00e9sz tart\u00f3zkod\u00e1s alatt ki sem kell tenned a l\u00e1bad, ha csak pihenni szeretn\u00e9l a v\u00edz mellett.<\/p>\n\n\n\n<p class=\"wp-block-paragraph\">\ud83d\udca1 Tipp: A hotelb\u0151l <strong>rendszeres shuttle busz j\u00e1r egyenesen Leblon k\u00f6zpontj\u00e1ba<\/strong>, \u00fagyhogy nagyon k\u00f6nnyen \u00e9s biztons\u00e1gosan bejutsz a v\u00e1rosba egy esti s\u00e9t\u00e1ra an\u00e9lk\u00fcl is, hogy folyton sof\u0151rt kellene h\u00edvnod az Uber-alkalmaz\u00e1son \u00e1t. <em><a href=\"https:\/\/www.stay22.com\/allez\/roam?aid=lukaskonecny&#038;campaign=loudavymkrokemcz&#038;campaign=kde-bydlet-v-rio-de-janeiru&#038;hotelname=Sheraton%20Grand%20Rio%20Hotel%20%26%20Resort&#038;address=Rio%20de%20Janeiro%2C%20Braz%C3%ADlie\" target=\"_blank\" rel=\"nofollow noopener sponsored\">\u00e1rak \u00e9s el\u00e9rhet\u0151s\u00e9g ellen\u0151rz\u00e9se<\/a><\/em><\/p>\n\n\n\n<figure data-wp-context=\"{&quot;imageId&quot;:&quot;6a9c1fc503b94&quot;}\" data-wp-interactive=\"core\/image\" data-wp-key=\"6a9c1fc503b94\" class=\"wp-block-image size-full wp-lightbox-container\"><img decoding=\"async\" width=\"1600\" height=\"1128\" data-wp-class--hide=\"state.isContentHidden\" data-wp-class--show=\"state.isContentVisible\" data-wp-init=\"callbacks.setButtonStyles\" data-wp-on--click=\"actions.showLightbox\" data-wp-on--load=\"callbacks.setButtonStyles\" data-wp-on--pointerdown=\"actions.preloadImage\" data-wp-on--pointerenter=\"actions.preloadImageWithDelay\" data-wp-on--pointerleave=\"actions.cancelPreload\" data-wp-on-window--resize=\"callbacks.setButtonStyles\" src=\"https:\/\/loudavymkrokem.cz\/wp-content\/uploads\/2026\/09\/miramar-hotel-by-windsor.jpg\" alt=\"Miramar Hotel by Windsor\" class=\"wp-image-413084\" title=\"\" srcset=\"https:\/\/loudavymkrokem.cz\/wp-content\/uploads\/2026\/09\/miramar-hotel-by-windsor.jpg 1600w, https:\/\/loudavymkrokem.cz\/wp-content\/uploads\/2026\/09\/miramar-hotel-by-windsor-300x212.jpg 300w, https:\/\/loudavymkrokem.cz\/wp-content\/uploads\/2026\/09\/miramar-hotel-by-windsor-700x494.jpg 700w, https:\/\/loudavymkrokem.cz\/wp-content\/uploads\/2026\/09\/miramar-hotel-by-windsor-768x541.jpg 768w, https:\/\/loudavymkrokem.cz\/wp-content\/uploads\/2026\/09\/miramar-hotel-by-windsor-1536x1083.jpg 1536w, https:\/\/loudavymkrokem.cz\/wp-content\/uploads\/2026\/09\/miramar-hotel-by-windsor-696x491.jpg 696w, https:\/\/loudavymkrokem.cz\/wp-content\/uploads\/2026\/09\/miramar-hotel-by-windsor-1392x981.jpg 1392w\" sizes=\"(max-width: 1600px) 100vw, 1600px\" \/><button\n\t\t\tclass=\"lightbox-trigger\"\n\t\t\ttype=\"button\"\n\t\t\taria-haspopup=\"dialog\"\n\t\t\tdata-wp-bind--aria-label=\"state.thisImage.triggerButtonAriaLabel\"\n\t\t\tdata-wp-init=\"callbacks.initTriggerButton\"\n\t\t\tdata-wp-on--click=\"actions.showLightbox\"\n\t\t\tdata-wp-style--right=\"state.thisImage.buttonRight\"\n\t\t\tdata-wp-style--top=\"state.thisImage.buttonTop\"\n\t\t>\n\t\t\t<svg xmlns=\"http:\/\/www.w3.org\/2000\/svg\" width=\"12\" height=\"12\" fill=\"none\" viewBox=\"0 0 12 12\">\n\t\t\t\t<path fill=\"#fff\" d=\"M2 0a2 2 0 0 0-2 2v2h1.5V2a.5.5 0 0 1 .5-.5h2V0H2Zm2 10.5H2a.5.5 0 0 1-.5-.5V8H0v2a2 2 0 0 0 2 2h2v-1.5ZM8 12v-1.5h2a.5.5 0 0 0 .5-.5V8H12v2a2 2 0 0 1-2 2H8Zm2-12a2 2 0 0 1 2 2v2h-1.5V2a.5.5 0 0 0-.5-.5H8V0h2Z\" \/>\n\t\t\t<\/svg>\n\t\t<\/button><figcaption class=\"wp-element-caption\">Foto: Miramar Hotel by Windsor Copacabana \/ Google Maps<\/figcaption><\/figure>\n\n\n\n<h3 class=\"wp-block-heading\"><span class=\"ez-toc-section\" id=\"7_Miramar_Hotel_by_Windsor\"><\/span>7. Miramar Hotel by Windsor<span class=\"ez-toc-section-end\"><\/span><\/h3>\n\n\n\n<p class=\"wp-block-paragraph\">Ez a gy\u00f6ny\u00f6r\u0171 hotel a legjobb \u00e1r-\u00e9rt\u00e9k ar\u00e1ny kateg\u00f3ri\u00e1j\u00e1t k\u00e9pviseli egyenesen a h\u00edres Copacaban\u00e1n. B\u00fcszk\u00e9n fekszik az Avenida Atl\u00e2ntic\u00e1n, \u00e9s a k\u00f6zel h\u00e1romezer recenzi\u00f3b\u00f3l remek, 4,6-os pontsz\u00e1mot visz haza. <strong>Nagyon eleg\u00e1ns \u00e9s \u00edzl\u00e9ses bels\u0151 tereket<\/strong> k\u00edn\u00e1l, tele m\u00e1rv\u00e1nnyal \u00e9s min\u0151s\u00e9gi f\u00e1val, ami\u00e9rt a k\u00f6rny\u00e9k m\u00e1s \u00f6tcsillagos hoteljeiben sokkal magasabb \u00f6sszeget fizetn\u00e9l. A szem\u00e9lyzet r\u00e1ad\u00e1sul h\u00edres kimer\u00edthetetlen seg\u00edt\u0151k\u00e9szs\u00e9g\u00e9r\u0151l b\u00e1rmilyen probl\u00e9ma megold\u00e1s\u00e1ban.<\/p>\n\n\n\n<p class=\"wp-block-paragraph\">A vil\u00e1g minden t\u00e1j\u00e1r\u00f3l \u00e9rkez\u0151 vend\u00e9gek f\u0151leg a <strong>gy\u00f6ny\u00f6r\u0171 tet\u0151medenc\u00e9t \u00e9s a nagyon modern sp\u00e1t<\/strong> im\u00e1dj\u00e1k, ahov\u00e1 beugorhatsz egy f\u00e1raszt\u00f3, m\u0171eml\u00e9k-felfedez\u00e9ssel teli nap ut\u00e1n. Teljesen kiv\u00e1l\u00f3 v\u00e1laszt\u00e1s azoknak, akik k\u00f6zvetlen\u00fcl a parti s\u00e9t\u00e1ny els\u0151 vonal\u00e1n szeretn\u00e9nek lakni, de ugyanakkor nem akarnak feleslegesen magas \u00f6sszeget k\u00f6lteni a legdr\u00e1g\u00e1bb t\u00f6rt\u00e9nelmi ikonokra. S\u00e9ta-t\u00e1vols\u00e1gban remek p\u00e9ks\u00e9geket is tal\u00e1lsz, amelyek helyi t\u00e1pi\u00f3ka-lep\u00e9nyt k\u00edn\u00e1lnak.<\/p>\n\n\n\n<p class=\"wp-block-paragraph\">\ud83d\udca1 Tipp: A hotel messze f\u00f6ld\u00f6n h\u00edres <strong>hihetetlen\u00fcl b\u0151s\u00e9ges reggelijeir\u0151l<\/strong>, amelyeket a strandra k\u00f6zvetlen kil\u00e1t\u00e1ssal rendelkez\u0151 \u00e9tteremben szolg\u00e1lnak fel. Mindenk\u00e9pp add hozz\u00e1 a foglal\u00e1sodhoz, megsp\u00f3rolod vele a reggeli, kapkod\u00f3 nyitva tart\u00f3 k\u00e1v\u00e9z\u00f3 keres\u00e9st. <em><a href=\"https:\/\/www.stay22.com\/allez\/roam?aid=lukaskonecny&#038;campaign=loudavymkrokemcz&#038;campaign=kde-bydlet-v-rio-de-janeiru&#038;hotelname=Miramar%20Hotel%20by%20Windsor&#038;address=Rio%20de%20Janeiro%2C%20Braz%C3%ADlie\" target=\"_blank\" rel=\"nofollow noopener sponsored\">\u00e1rak \u00e9s el\u00e9rhet\u0151s\u00e9g ellen\u0151rz\u00e9se<\/a><\/em><\/p>\n\n\n\n<figure data-wp-context=\"{&quot;imageId&quot;:&quot;6a9c1fc503f65&quot;}\" data-wp-interactive=\"core\/image\" data-wp-key=\"6a9c1fc503f65\" class=\"wp-block-image size-full wp-lightbox-container\"><img decoding=\"async\" width=\"1600\" height=\"1067\" data-wp-class--hide=\"state.isContentHidden\" data-wp-class--show=\"state.isContentVisible\" data-wp-init=\"callbacks.setButtonStyles\" data-wp-on--click=\"actions.showLightbox\" data-wp-on--load=\"callbacks.setButtonStyles\" data-wp-on--pointerdown=\"actions.preloadImage\" data-wp-on--pointerenter=\"actions.preloadImageWithDelay\" data-wp-on--pointerleave=\"actions.cancelPreload\" data-wp-on-window--resize=\"callbacks.setButtonStyles\" src=\"https:\/\/loudavymkrokem.cz\/wp-content\/uploads\/2026\/09\/arena-copacabana-hotel.jpg\" alt=\"Arena Copacabana Hotel\" class=\"wp-image-413089\" title=\"\" srcset=\"https:\/\/loudavymkrokem.cz\/wp-content\/uploads\/2026\/09\/arena-copacabana-hotel.jpg 1600w, https:\/\/loudavymkrokem.cz\/wp-content\/uploads\/2026\/09\/arena-copacabana-hotel-300x200.jpg 300w, https:\/\/loudavymkrokem.cz\/wp-content\/uploads\/2026\/09\/arena-copacabana-hotel-700x467.jpg 700w, https:\/\/loudavymkrokem.cz\/wp-content\/uploads\/2026\/09\/arena-copacabana-hotel-768x512.jpg 768w, https:\/\/loudavymkrokem.cz\/wp-content\/uploads\/2026\/09\/arena-copacabana-hotel-1536x1024.jpg 1536w, https:\/\/loudavymkrokem.cz\/wp-content\/uploads\/2026\/09\/arena-copacabana-hotel-696x464.jpg 696w, https:\/\/loudavymkrokem.cz\/wp-content\/uploads\/2026\/09\/arena-copacabana-hotel-1392x928.jpg 1392w\" sizes=\"(max-width: 1600px) 100vw, 1600px\" \/><button\n\t\t\tclass=\"lightbox-trigger\"\n\t\t\ttype=\"button\"\n\t\t\taria-haspopup=\"dialog\"\n\t\t\tdata-wp-bind--aria-label=\"state.thisImage.triggerButtonAriaLabel\"\n\t\t\tdata-wp-init=\"callbacks.initTriggerButton\"\n\t\t\tdata-wp-on--click=\"actions.showLightbox\"\n\t\t\tdata-wp-style--right=\"state.thisImage.buttonRight\"\n\t\t\tdata-wp-style--top=\"state.thisImage.buttonTop\"\n\t\t>\n\t\t\t<svg xmlns=\"http:\/\/www.w3.org\/2000\/svg\" width=\"12\" height=\"12\" fill=\"none\" viewBox=\"0 0 12 12\">\n\t\t\t\t<path fill=\"#fff\" d=\"M2 0a2 2 0 0 0-2 2v2h1.5V2a.5.5 0 0 1 .5-.5h2V0H2Zm2 10.5H2a.5.5 0 0 1-.5-.5V8H0v2a2 2 0 0 0 2 2h2v-1.5ZM8 12v-1.5h2a.5.5 0 0 0 .5-.5V8H12v2a2 2 0 0 1-2 2H8Zm2-12a2 2 0 0 1 2 2v2h-1.5V2a.5.5 0 0 0-.5-.5H8V0h2Z\" \/>\n\t\t\t<\/svg>\n\t\t<\/button><figcaption class=\"wp-element-caption\">Foto: Arena Copacabana Hotel \/ Google Maps<\/figcaption><\/figure>\n\n\n\n<h3 class=\"wp-block-heading\"><span class=\"ez-toc-section\" id=\"8_Arena_Copacabana_Hotel\"><\/span>8. Arena Copacabana Hotel<span class=\"ez-toc-section-end\"><\/span><\/h3>\n\n\n\n<p class=\"wp-block-paragraph\">Az egyik <strong>legjobbra \u00e9rt\u00e9kelt hotel a saj\u00e1t \u00e1rkateg\u00f3ri\u00e1j\u00e1ban<\/strong>, amely csod\u00e1latos, 4,6-os \u00e9rt\u00e9kel\u00e9st tart t\u00f6bb mint n\u00e9gy \u00e9s f\u00e9lezer vend\u00e9gt\u0151l. Pontosan a Copacabana k\u00f6z\u00e9ps\u0151, nagyon \u00e9l\u00e9nk r\u00e9sz\u00e9n tal\u00e1lod. Nagyon modern, tiszta \u00e9s maxim\u00e1lisan funkcion\u00e1lis szobadiz\u00e1jnt k\u00edn\u00e1l, amely a mai utaz\u00f3knak teljesen megfelel. Itt mindent a maxim\u00e1lis k\u00e9nyelemre \u00e9s praktikuss\u00e1gra terveztek egy hossz\u00fa, strandon t\u00f6lt\u00f6tt nap ut\u00e1n.<\/p>\n\n\n\n<p class=\"wp-block-paragraph\">Az eg\u00e9sz sz\u00e1ll\u00e1s igazi gy\u00f6ngyszeme a <strong>t\u00e1gas tet\u0151medence napoz\u00f3\u00e1gyakkal<\/strong>, egy modern szauna \u00e9s a gy\u00f6ny\u00f6r\u0171en \u00fcvegezett fitneszk\u00f6zpont, amely k\u00f6zvetlen kil\u00e1t\u00e1st ny\u00fajt az \u00f3ce\u00e1nra. Fut\u00f3padon futni, k\u00f6zben a hull\u00e1mokat n\u00e9zni egyszer\u0171en \u00e9lm\u00e9ny. A recepci\u00f3s szem\u00e9lyzet nagyon seg\u00edt\u0151k\u00e9sz, \u00e9s az eg\u00e9sz hotel biztons\u00e1gi szabv\u00e1nyai igaz\u00e1n magas szinten \u00e1llnak, \u00fagyhogy teljesen felszabadultan fogod itt \u00e9rezni magad.<\/p>\n\n\n\n<p class=\"wp-block-paragraph\">\ud83d\udca1 Tipp: A hotel k\u00f6r\u00fcl <strong>rengeteg \u00e9tterem \u00e9s kis bisztr\u00f3<\/strong> tal\u00e1lhat\u00f3, \u00fagyhogy este nem kell messzire menned. K\u00e9rdezd meg a helyi recepci\u00f3sokat a kedvenc helyeikr\u0151l, biztosan sz\u00edvesen aj\u00e1nlanak remek p\u00e9ks\u00e9geket friss sajtos p\u00e3o de queij\u00f3val. <em><a href=\"https:\/\/www.stay22.com\/allez\/roam?aid=lukaskonecny&#038;campaign=loudavymkrokemcz&#038;campaign=kde-bydlet-v-rio-de-janeiru&#038;hotelname=Arena%20Copacabana%20Hotel&#038;address=Rio%20de%20Janeiro%2C%20Braz%C3%ADlie\" target=\"_blank\" rel=\"nofollow noopener sponsored\">\u00e1rak \u00e9s el\u00e9rhet\u0151s\u00e9g ellen\u0151rz\u00e9se<\/a><\/em><\/p>\n\n\n\n<figure data-wp-context=\"{&quot;imageId&quot;:&quot;6a9c1fc504331&quot;}\" data-wp-interactive=\"core\/image\" data-wp-key=\"6a9c1fc504331\" class=\"wp-block-image size-full wp-lightbox-container\"><img decoding=\"async\" width=\"1600\" height=\"1066\" data-wp-class--hide=\"state.isContentHidden\" data-wp-class--show=\"state.isContentVisible\" data-wp-init=\"callbacks.setButtonStyles\" data-wp-on--click=\"actions.showLightbox\" data-wp-on--load=\"callbacks.setButtonStyles\" data-wp-on--pointerdown=\"actions.preloadImage\" data-wp-on--pointerenter=\"actions.preloadImageWithDelay\" data-wp-on--pointerleave=\"actions.cancelPreload\" data-wp-on-window--resize=\"callbacks.setButtonStyles\" src=\"https:\/\/loudavymkrokem.cz\/wp-content\/uploads\/2026\/09\/mar-palace-copacabana-hotel.jpg\" alt=\"Mar Palace Copacabana Hotel\" class=\"wp-image-413095\" title=\"\" srcset=\"https:\/\/loudavymkrokem.cz\/wp-content\/uploads\/2026\/09\/mar-palace-copacabana-hotel.jpg 1600w, https:\/\/loudavymkrokem.cz\/wp-content\/uploads\/2026\/09\/mar-palace-copacabana-hotel-300x200.jpg 300w, https:\/\/loudavymkrokem.cz\/wp-content\/uploads\/2026\/09\/mar-palace-copacabana-hotel-700x466.jpg 700w, https:\/\/loudavymkrokem.cz\/wp-content\/uploads\/2026\/09\/mar-palace-copacabana-hotel-768x512.jpg 768w, https:\/\/loudavymkrokem.cz\/wp-content\/uploads\/2026\/09\/mar-palace-copacabana-hotel-1536x1023.jpg 1536w, https:\/\/loudavymkrokem.cz\/wp-content\/uploads\/2026\/09\/mar-palace-copacabana-hotel-696x464.jpg 696w, https:\/\/loudavymkrokem.cz\/wp-content\/uploads\/2026\/09\/mar-palace-copacabana-hotel-1392x927.jpg 1392w\" sizes=\"(max-width: 1600px) 100vw, 1600px\" \/><button\n\t\t\tclass=\"lightbox-trigger\"\n\t\t\ttype=\"button\"\n\t\t\taria-haspopup=\"dialog\"\n\t\t\tdata-wp-bind--aria-label=\"state.thisImage.triggerButtonAriaLabel\"\n\t\t\tdata-wp-init=\"callbacks.initTriggerButton\"\n\t\t\tdata-wp-on--click=\"actions.showLightbox\"\n\t\t\tdata-wp-style--right=\"state.thisImage.buttonRight\"\n\t\t\tdata-wp-style--top=\"state.thisImage.buttonTop\"\n\t\t>\n\t\t\t<svg xmlns=\"http:\/\/www.w3.org\/2000\/svg\" width=\"12\" height=\"12\" fill=\"none\" viewBox=\"0 0 12 12\">\n\t\t\t\t<path fill=\"#fff\" d=\"M2 0a2 2 0 0 0-2 2v2h1.5V2a.5.5 0 0 1 .5-.5h2V0H2Zm2 10.5H2a.5.5 0 0 1-.5-.5V8H0v2a2 2 0 0 0 2 2h2v-1.5ZM8 12v-1.5h2a.5.5 0 0 0 .5-.5V8H12v2a2 2 0 0 1-2 2H8Zm2-12a2 2 0 0 1 2 2v2h-1.5V2a.5.5 0 0 0-.5-.5H8V0h2Z\" \/>\n\t\t\t<\/svg>\n\t\t<\/button><figcaption class=\"wp-element-caption\">Foto: Hotel Mar Palace Copacabana \/ Google Maps<\/figcaption><\/figure>\n\n\n\n<h3 class=\"wp-block-heading\"><span class=\"ez-toc-section\" id=\"9_Mar_Palace_Copacabana_Hotel\"><\/span>9. Mar Palace Copacabana Hotel<span class=\"ez-toc-section-end\"><\/span><\/h3>\n\n\n\n<p class=\"wp-block-paragraph\">Ez a t\u00f6k\u00e9letes p\u00e9lda arra, hogyan lehet <strong>jelent\u0151sen sp\u00f3rolni azzal, hogy nem k\u00f6zvetlen\u00fcl az Avenida Atl\u00e2ntic\u00e1n laksz<\/strong>. A hotel mind\u00f6ssze egyetlen h\u00e1zt\u00f6mbnyire fekszik a strandt\u00f3l, m\u00e9gis fantasztikus, 4,6-os \u00e9rt\u00e9kel\u00e9st tart k\u00f6zel n\u00e9gyezer recenzi\u00f3b\u00f3l. Igaz\u00e1n kiv\u00e1l\u00f3 szolg\u00e1ltat\u00e1sokat, tiszta szob\u00e1kat \u00e9s nagyon kedves szem\u00e9lyzetet k\u00edn\u00e1l az els\u0151 sorban \u00e1ll\u00f3 parti szomsz\u00e9dok \u00e1r\u00e1nak t\u00f6red\u00e9k\u00e9\u00e9rt. Egyszer\u0171en okos v\u00e1laszt\u00e1s megfontolt utaz\u00f3knak.<\/p>\n\n\n\n<p class=\"wp-block-paragraph\">A l\u00e9nyegesen alacsonyabb \u00e9jszakai \u00e1r ellen\u00e9re <strong>nagyon kellemes tet\u0151medenc\u00e9t<\/strong> is tal\u00e1lsz itt, \u00e9s a szoba \u00e1r\u00e1ban rendszerint egy nagyon j\u00f3 \u00e9s laktat\u00f3 reggeli is szerepel. A morajl\u00f3 \u00f3ce\u00e1nhoz papucsban egy perc lass\u00fa s\u00e9ta alatt eljutsz, \u00fagyhogy az igazi strandi \u00e9lm\u00e9nyr\u0151l semmik\u00e9pp nem maradsz le. A hotel k\u00f6zvetlen k\u00f6zel\u00e9ben r\u00e1ad\u00e1sul sokkal autentikusabb helyeket tal\u00e1lsz helyi \u00e1rakkal, mint a f\u0151 turisztikai s\u00e9t\u00e1nyon.<\/p>\n\n\n\n<p class=\"wp-block-paragraph\">\ud83d\udca1 Tipp: Ha a nyaral\u00e1sodra kicsit feszesebb a k\u00f6lts\u00e9gvet\u00e9sed, <strong>ez egy\u00e9rtelm\u0171en a legokosabb v\u00e1laszt\u00e1s<\/strong>. A megsp\u00f3rolt brazil realt nyugodtan befektetheted dr\u00e1g\u00e1bb kir\u00e1ndul\u00e1sokra a Cukors\u00fcveg-hegyre vagy remek \u00e9telekre a helyi \u00e9ttermekben. <em><a href=\"https:\/\/www.stay22.com\/allez\/roam?aid=lukaskonecny&#038;campaign=loudavymkrokemcz&#038;campaign=kde-bydlet-v-rio-de-janeiru&#038;hotelname=Mar%20Palace%20Copacabana%20Hotel&#038;address=Rio%20de%20Janeiro%2C%20Braz%C3%ADlie\" target=\"_blank\" rel=\"nofollow noopener sponsored\">\u00e1rak \u00e9s el\u00e9rhet\u0151s\u00e9g ellen\u0151rz\u00e9se<\/a><\/em><\/p>\n\n\n\n<figure data-wp-context=\"{&quot;imageId&quot;:&quot;6a9c1fc504757&quot;}\" data-wp-interactive=\"core\/image\" data-wp-key=\"6a9c1fc504757\" class=\"wp-block-image size-full wp-lightbox-container\"><img decoding=\"async\" width=\"1600\" height=\"1068\" data-wp-class--hide=\"state.isContentHidden\" data-wp-class--show=\"state.isContentVisible\" data-wp-init=\"callbacks.setButtonStyles\" data-wp-on--click=\"actions.showLightbox\" data-wp-on--load=\"callbacks.setButtonStyles\" data-wp-on--pointerdown=\"actions.preloadImage\" data-wp-on--pointerenter=\"actions.preloadImageWithDelay\" data-wp-on--pointerleave=\"actions.cancelPreload\" data-wp-on-window--resize=\"callbacks.setButtonStyles\" src=\"https:\/\/loudavymkrokem.cz\/wp-content\/uploads\/2026\/09\/portobay-rio-internacional.jpg\" alt=\"PortoBay Rio Internacional\" class=\"wp-image-413100\" title=\"\" srcset=\"https:\/\/loudavymkrokem.cz\/wp-content\/uploads\/2026\/09\/portobay-rio-internacional.jpg 1600w, https:\/\/loudavymkrokem.cz\/wp-content\/uploads\/2026\/09\/portobay-rio-internacional-300x200.jpg 300w, https:\/\/loudavymkrokem.cz\/wp-content\/uploads\/2026\/09\/portobay-rio-internacional-700x467.jpg 700w, https:\/\/loudavymkrokem.cz\/wp-content\/uploads\/2026\/09\/portobay-rio-internacional-768x513.jpg 768w, https:\/\/loudavymkrokem.cz\/wp-content\/uploads\/2026\/09\/portobay-rio-internacional-1536x1025.jpg 1536w, https:\/\/loudavymkrokem.cz\/wp-content\/uploads\/2026\/09\/portobay-rio-internacional-696x465.jpg 696w, https:\/\/loudavymkrokem.cz\/wp-content\/uploads\/2026\/09\/portobay-rio-internacional-1392x929.jpg 1392w\" sizes=\"(max-width: 1600px) 100vw, 1600px\" \/><button\n\t\t\tclass=\"lightbox-trigger\"\n\t\t\ttype=\"button\"\n\t\t\taria-haspopup=\"dialog\"\n\t\t\tdata-wp-bind--aria-label=\"state.thisImage.triggerButtonAriaLabel\"\n\t\t\tdata-wp-init=\"callbacks.initTriggerButton\"\n\t\t\tdata-wp-on--click=\"actions.showLightbox\"\n\t\t\tdata-wp-style--right=\"state.thisImage.buttonRight\"\n\t\t\tdata-wp-style--top=\"state.thisImage.buttonTop\"\n\t\t>\n\t\t\t<svg xmlns=\"http:\/\/www.w3.org\/2000\/svg\" width=\"12\" height=\"12\" fill=\"none\" viewBox=\"0 0 12 12\">\n\t\t\t\t<path fill=\"#fff\" d=\"M2 0a2 2 0 0 0-2 2v2h1.5V2a.5.5 0 0 1 .5-.5h2V0H2Zm2 10.5H2a.5.5 0 0 1-.5-.5V8H0v2a2 2 0 0 0 2 2h2v-1.5ZM8 12v-1.5h2a.5.5 0 0 0 .5-.5V8H12v2a2 2 0 0 1-2 2H8Zm2-12a2 2 0 0 1 2 2v2h-1.5V2a.5.5 0 0 0-.5-.5H8V0h2Z\" \/>\n\t\t\t<\/svg>\n\t\t<\/button><figcaption class=\"wp-element-caption\">Foto: Hotel PortoBay Rio de Janeiro \/ Google Maps<\/figcaption><\/figure>\n\n\n\n<!-- LKM_GYG_CARD start q=\"rio de janeiro\" lang=\"hu\" rendered=\"2026-09-05T12:23:26+00:00\" v=\"1\" -->\n<style id=\"lk-gyg-styles\">\n@import url(\"https:\/\/fonts.googleapis.com\/css2?family=Playfair+Display:wght@700&family=DM+Sans:wght@300;400;500;600&display=swap\");\n\/* === LK GYG karty \u2014 CRO redesign 2026-05 (namespace .lkx-) ===\n   C\u00edl: vy\u0161\u0161\u00ed CTR (hero + v\u00fdrazn\u00fd social proof + ak\u010dn\u00ed CTA, m\u00e9n\u011b \"reklamn\u00ed\").\n   Injektuje se inline do prvn\u00edho markeru postu (refresh_cards.py --inline-css). *\/\n.lkx-module, .lkx-module *{box-sizing:border-box;margin:0;padding:0}\n.lkx-module{\n  font-family:'DM Sans',-apple-system,Segoe UI,Roboto,Georgia,sans-serif;\n  max-width:860px;margin:2.5rem auto;color:#1f2328;\n}\n\n\/* HEADER \u2014 lehk\u00fd editorsk\u00fd, \u017e\u00e1dn\u00fd bannerov\u00fd blok; nadpis + popisek pod n\u00edm *\/\n.lkx-head{margin-bottom:16px}\n.lkx-head-main{display:flex;align-items:center;gap:10px}\n.lkx-head-accent{width:26px;height:3px;border-radius:2px;background:#c39f76;flex-shrink:0}\n.lkx-head-title{font-family:'Playfair Display',Georgia,serif;font-size:21px;font-weight:700;color:#1a1a1a;line-height:1.25}\n.lkx-head-meta{display:block;font-size:11px;letter-spacing:.3px;color:#9aa0a6;margin-top:4px;margin-left:36px}\n\n\/* HERO *\/\n.lkx-hero{display:grid;grid-template-columns:300px 1fr;background:#fff;border:1px solid #ece7df;border-radius:14px;overflow:hidden;text-decoration:none!important;color:inherit;box-shadow:0 6px 20px rgba(0,0,0,.06);transition:box-shadow .2s,transform .2s;margin-bottom:14px}\n.lkx-hero:hover{box-shadow:0 12px 30px rgba(0,0,0,.12);transform:translateY(-2px)}\n.lkx-hero-img{position:relative;min-height:230px;background-size:cover;background-position:center;background-color:#eee}\n.lkx-hero-body{padding:22px 24px;display:flex;flex-direction:column}\n.lkx-pick{position:absolute;top:12px;left:12px;background:#1a1a1a;color:#fff;font-size:11px;font-weight:700;letter-spacing:.5px;padding:5px 11px;border-radius:20px}\n\n\/* TITLE *\/\n.lkx-title{font-size:19px;font-weight:700;color:#161616;line-height:1.3}\n.lkx-title-sm{font-size:14.5px;line-height:1.35;display:-webkit-box;-webkit-line-clamp:2;-webkit-box-orient:vertical;overflow:hidden}\n\n\/* SOCIAL PROOF \u2014 v\u00fdrazn\u011b, naho\u0159e *\/\n.lkx-proof{display:flex;align-items:center;gap:7px;margin-top:12px;font-size:15px;color:#3a3a3a}\n.lkx-proof b{font-size:16px;color:#161616}\n.lkx-stars{color:#f5a623;letter-spacing:1px}\n.lkx-proof-sm{font-size:12.5px;margin-top:8px;gap:5px}\n.lkx-proof-sm b{font-size:13px}\n.lkx-proof-new{color:#3685fc;font-weight:600}\n\n\/* PRICE \u2014 n\u00edzk\u00e1 kotva *\/\n.lkx-price{font-size:14px;color:#6b7280}\n.lkx-price b{font-size:20px;color:#161616;font-weight:700}\n.lkx-price-sm b{font-size:15px}\n\n\/* CTA \u2014 tepl\u00e9 ak\u010dn\u00ed tla\u010d\u00edtko *\/\n.lkx-cta{display:inline-flex;align-items:center;justify-content:center;text-decoration:none!important;font-weight:700;color:#fff!important;background:linear-gradient(135deg,#f6743f,#e8552a);border-radius:10px;box-shadow:0 6px 16px rgba(232,85,42,.32);transition:box-shadow .2s}\n.lkx-cta-hero{font-size:15px;padding:13px 22px}\n.lkx-hero:hover .lkx-cta-hero{box-shadow:0 8px 22px rgba(232,85,42,.45)}\n.lkx-cta-sm{font-size:12.5px;padding:9px 14px;width:100%;margin-top:2px}\n.lkx-hero-bottom{margin-top:auto;padding-top:18px;display:flex;align-items:center;justify-content:space-between;gap:14px;flex-wrap:wrap}\n\n\/* BADGE \u2014 jeden v\u00fdrazn\u00fd na fotce *\/\n.lkx-badge{position:absolute;top:12px;right:12px;font-size:10.5px;font-weight:700;letter-spacing:.3px;padding:5px 10px;border-radius:16px;color:#fff}\n.lkx-badge.badge-urgency{background:rgba(214,40,40,.92)}\n.lkx-badge.badge-new{background:rgba(54,133,252,.92)}\n.lkx-badge.badge-top{background:rgba(195,159,118,.95)}\n.lkx-badge.badge-info{background:rgba(40,40,40,.78)}\n\n\/* SECONDARY GRID *\/\n.lkx-grid{display:grid;grid-template-columns:1fr 1fr;gap:14px}\n.lkx-card{background:#fff;border:1px solid #ece7df;border-radius:14px;overflow:hidden;text-decoration:none!important;color:inherit;box-shadow:0 4px 14px rgba(0,0,0,.05);display:flex;flex-direction:column;transition:box-shadow .2s,transform .2s}\n.lkx-card:hover{box-shadow:0 10px 24px rgba(0,0,0,.1);transform:translateY(-2px)}\n.lkx-card-img{position:relative;aspect-ratio:16\/10;background-size:cover;background-position:center;background-color:#eee}\n.lkx-card-body{padding:14px 16px 16px;display:flex;flex-direction:column;gap:7px;flex:1}\n.lkx-card-bottom{margin-top:auto;padding-top:10px;display:flex;align-items:center;justify-content:space-between;gap:8px}\n\n\/* DISCLOSURE \u2014 drobn\u00e1, kv\u016fli d\u016fv\u011b\u0159e\/z\u00e1konu *\/\n.lkx-disclosure{font-size:11px;color:#a7adb3;text-align:center;margin-top:14px;line-height:1.6}\n.lkx-disclosure a{color:#c39f76;text-decoration:none}\n\n@media(max-width:680px){\n  .lkx-hero{grid-template-columns:1fr}\n  .lkx-hero-img{min-height:180px}\n  .lkx-grid{grid-template-columns:1fr}\n  .lkx-head-meta{margin-left:0;width:100%}\n  .lkx-head-title{font-size:19px}\n}\n\n<\/style>\n<div class=\"lkx-module\" data-query=\"rio de janeiro\">\n  <div class=\"lkx-head\">\n    <div class=\"lkx-head-main\">\n      <span class=\"lkx-head-accent\"><\/span>\n      <span class=\"lkx-head-title\">\u00c9lm\u00e9nyek \u00e9s bel\u00e9p\u0151jegyek<\/span>\n    <\/div>\n    <span class=\"lkx-head-meta\">utaz\u00f3k \u00e1ltal \u00e9rt\u00e9kelve \u00b7 GetYourGuide<\/span>\n  <\/div><a class=\"lkx-hero\" href=\"https:\/\/www.getyourguide.com\/hu-hu\/rio-de-janeiro-l9\/rio-maracana-stadion-futballmeccs-jegy-es-privat-transzfer-t893524\/?partner_id=MKZ64IS&amp;utm_medium=online_publisher&amp;cmp=hol-szallj-meg-rio-de-janeiro\" target=\"_blank\" rel=\"sponsored noopener nofollow\">\n    <div class=\"lkx-hero-img\" style=\"background-image:url('https:\/\/cdn.getyourguide.com\/img\/tour\/471a107ec9ac374bd09030a21d9b9465a51158484f26d775e575020ef1d13d54.png\/132.jpg')\" role=\"img\" aria-label=\"Rio: jegy a Maracan\u00e3 Stadionba \u00e9s priv\u00e1t transzfer\">\n      <span class=\"lkx-pick\">\u2605 A mi tipp\u00fcnk<\/span><\/div>\n    <div class=\"lkx-hero-body\">\n      <div class=\"lkx-title\">Rio: jegy a Maracan\u00e3 Stadionba \u00e9s priv\u00e1t transzfer<\/div>\n      <div class=\"lkx-proof\">\n      <span class=\"lkx-stars\">\u2605\u2605\u2605\u2605\u2605<\/span>\n      <b>4.9<\/b> \u00b7 1 818 \u00e9rt\u00e9kel\u00e9s\n    <\/div>\n      <div class=\"lkx-hero-bottom\"><div class=\"lkx-price\">m\u00e1r <b>94\u00a0EUR<\/b><\/div><span class=\"lkx-cta lkx-cta-hero\">Ezt az \u00e9lm\u00e9nyt akarom \u2192<\/span>\n      <\/div>\n    <\/div>\n  <\/a><div class=\"lkx-grid\"><a class=\"lkx-card\" href=\"https:\/\/www.getyourguide.com\/hu-hu\/rio-de-janeiro-l9\/rio-maracana-stadion-merkozesnap-focielmeny-flamengo-t463518\/?partner_id=MKZ64IS&amp;utm_medium=online_publisher&amp;cmp=hol-szallj-meg-rio-de-janeiro\" target=\"_blank\" rel=\"sponsored noopener nofollow\">\n      <div class=\"lkx-card-img\" style=\"background-image:url('https:\/\/cdn.getyourguide.com\/img\/tour\/43e754d0b17fd551486158888955196af18e48baaa8687c3e7d4ba08fa0c4a51.jpeg\/132.jpg')\" role=\"img\" aria-label=\"Rio: Focimeccs a Maracan\u00e3ban | Jegy, biztons\u00e1gos transzfer \u00e9s idegenvezet\u0151\"><\/div>\n      <div class=\"lkx-card-body\">\n        <div class=\"lkx-title lkx-title-sm\">Rio: Focimeccs a Maracan\u00e3ban | Jegy, biztons\u00e1gos transzfer \u00e9s idegenvezet\u0151<\/div>\n        <div class=\"lkx-proof lkx-proof-sm\">\n      <span class=\"lkx-stars\">\u2605<\/span>\n      <b>4.8<\/b> \u00b7 163\n    <\/div>\n        <div class=\"lkx-card-bottom\"><span class=\"lkx-price lkx-price-sm\">m\u00e1r <b>87\u00a0EUR<\/b><\/span><span class=\"lkx-cta lkx-cta-sm\">Id\u0151pontok megtekint\u00e9se \u2192<\/span>\n        <\/div>\n      <\/div>\n    <\/a><a class=\"lkx-card\" href=\"https:\/\/www.getyourguide.com\/hu-hu\/rio-de-janeiro-l9\/rio-de-janeiro-hegymaszas-a-pao-de-acucaron-via-coringa-t1443442\/?partner_id=MKZ64IS&amp;utm_medium=online_publisher&amp;cmp=hol-szallj-meg-rio-de-janeiro\" target=\"_blank\" rel=\"sponsored noopener nofollow\">\n      <div class=\"lkx-card-img\" style=\"background-image:url('https:\/\/cdn.getyourguide.com\/img\/tour\/31ae79c67043a21ea4797e651c99602b72a39d945d201674546a79d39b2f26c3.jpg\/132.jpg')\" role=\"img\" aria-label=\"Rio de Janeiro: Hegym\u00e1sz\u00e1s a P\u00e3o de A\u00e7\u00facaron (Via Coringa)\"><\/div>\n      <div class=\"lkx-card-body\">\n        <div class=\"lkx-title lkx-title-sm\">Rio de Janeiro: Hegym\u00e1sz\u00e1s a P\u00e3o de A\u00e7\u00facaron (Via Coringa)<\/div>\n        <div class=\"lkx-proof lkx-proof-sm\">\n      <span class=\"lkx-stars\">\u2605<\/span>\n      <b>0.0<\/b> \u00b7 0\n    <\/div>\n        <div class=\"lkx-card-bottom\"><span class=\"lkx-price lkx-price-sm\">m\u00e1r <b>86\u00a0EUR<\/b><\/span><span class=\"lkx-cta lkx-cta-sm\">Id\u0151pontok megtekint\u00e9se \u2192<\/span>\n        <\/div>\n      <\/div>\n    <\/a><\/div><div class=\"lkx-disclosure\">\ud83d\udd17 A linkek partnerlinkek \u2014 az \u00e1rat nem v\u00e1ltoztatj\u00e1k, nek\u00fcnk viszont seg\u00edtenek a tartalomk\u00e9sz\u00edt\u00e9sben. \u00b7 <a href=\"https:\/\/www.getyourguide.com\/hu-hu\/s\/?q=rio+de+janeiro&amp;partner_id=MKZ64IS&amp;utm_medium=online_publisher\" target=\"_blank\" rel=\"sponsored noopener nofollow\">\u00d6sszes \u00e9lm\u00e9ny \u2192<\/a><\/div>\n<\/div>\n<!-- LKM_GYG_CARD end -->\n\n\n\n\n<div class=\"lk-stays-module\">\n<style>\n\/* \u2500\u2500\u2500 RESET PRO GUTENBERG \u2500\u2500\u2500 *\/\n.lk-stays-module * { box-sizing: border-box; margin: 0; padding: 0; }\n\n\/* \u2500\u2500\u2500 WRAPPER \u2500\u2500\u2500 *\/\n.lk-stays-module {\n  font-family: 'DM Sans', Georgia, sans-serif;\n  max-width: 100%;\n  margin: 2.5rem auto;\n  background: linear-gradient(135deg, #fdfaf5 0%, #fcf8f0 100%);\n  border: 1px solid #e8dfd4;\n  border-radius: 16px;\n  overflow: hidden;\n  box-shadow: 0 16px 48px rgba(195, 159, 118, 0.25), 0 4px 12px rgba(0,0,0,0.08);\n}\n\n\/* \u2500\u2500\u2500 HEADER \u2500\u2500\u2500 *\/\n.lk-stays-header {\n  position: relative;\n  padding: 24px 36px 24px;\n  background: linear-gradient(135deg, #c39f76 0%, #d4b188 60%, #c39f76 100%);\n  border-bottom: 1px solid rgba(255,255,255,.15);\n  display: flex;\n  align-items: center;\n  gap: 18px;\n}\n.lk-stays-header::before {\n  content: '';\n  position: absolute;\n  inset: 0;\n  background: url(\"data:image\/svg+xml,%3Csvg width='60' height='60' viewBox='0 0 60 60' xmlns='http:\/\/www.w3.org\/2000\/svg'%3E%3Cg fill='none' fill-rule='evenodd'%3E%3Cg fill='%23ffffff' fill-opacity='0.05'%3E%3Cpath d='M36 34v-4h-2v4h-4v2h4v4h2v-4h4v-2h-4zm0-30V0h-2v4h-4v2h4v4h2V6h4V4h-4zM6 34v-4H4v4H0v2h4v4h2v-4h4v-2H6zM6 4V0H4v4H0v2h4v4h2V6h4V4H6z'\/%3E%3C\/g%3E%3C\/g%3E%3C\/svg%3E\") repeat;\n  pointer-events: none;\n}\n.lk-stays-icon {\n  flex-shrink: 0;\n  width: 68px;\n  height: 68px;\n  border-radius: 14px;\n  background: linear-gradient(135deg, #fff 0%, #f9f6f0 100%);\n  display: flex;\n  align-items: center;\n  justify-content: center;\n  font-size: 26px;\n  box-shadow: 0 4px 12px rgba(0,0,0,0.15);\n}\n.lk-stays-eyebrow {\n  font-size: 10px;\n  font-weight: 500;\n  letter-spacing: 2.5px;\n  text-transform: uppercase;\n  color: rgba(255,255,255,.85);\n  margin: 0 0 5px 0;\n}\n.lk-stays-title {\n  font-family: 'Playfair Display', Georgia, serif;\n  font-size: 24px;\n  font-weight: 700;\n  color: #fff;\n  line-height: 1.2;\n  text-shadow: 0 1px 2px rgba(0,0,0,0.1);\n  margin: 0;\n}\n.lk-stays-subtitle {\n  font-size: 13px;\n  color: rgba(255,255,255,.75);\n  margin: 4px 0 0 0;\n  font-weight: 300;\n}\n\n\/* \u2500\u2500\u2500 CARDS GRID \u2500\u2500\u2500 *\/\n.lk-stays-grid {\n  display: grid;\n  grid-template-columns: 1fr 1fr;\n  gap: 1px;\n  background: rgba(195, 159, 118, 0.12);\n}\n\n\/* \u2500\u2500\u2500 SINGLE CARD \u2500\u2500\u2500 *\/\n.lk-stay-card {\n  background: #ffffff;\n  padding: 26px;\n  display: flex;\n  flex-direction: column;\n  gap: 11px;\n  transition: all 0.3s ease;\n  text-decoration: none;\n  color: inherit;\n  position: relative;\n}\n.lk-stay-card:hover {\n  background: #fffbf5;\n  transform: translateY(-2px);\n  box-shadow: 0 8px 24px rgba(195, 159, 118, 0.18);\n  z-index: 1;\n}\n.lk-stay-card.featured {\n  background: linear-gradient(135deg, #fffdf9 0%, #fff9f0 100%);\n  box-shadow: 0 4px 16px rgba(195, 159, 118, 0.15), inset 0 1px 0 rgba(195, 159, 118, 0.1);\n}\n.lk-stay-card.featured:hover {\n  background: linear-gradient(135deg, #fffbf5 0%, #fff8ed 100%);\n  box-shadow: 0 8px 24px rgba(195, 159, 118, 0.25), inset 0 1px 0 rgba(195, 159, 118, 0.15);\n}\n\n.lk-stay-badge {\n  display: inline-flex;\n  align-items: center;\n  gap: 5px;\n  font-size: 10px;\n  font-weight: 500;\n  letter-spacing: 1.5px;\n  text-transform: uppercase;\n  padding: 5px 11px;\n  border-radius: 20px;\n  width: fit-content;\n}\n.badge-top     { background: linear-gradient(135deg, #c39f76 0%, #d4b188 100%); color: #fff; border: 1px solid #c39f76; font-weight: 600; box-shadow: 0 2px 8px rgba(195,159,118,0.3); }\n.badge-luxury  { background: rgba(195,159,118,.12); color: #c39f76; border: 1px solid rgba(195,159,118,.25); }\n.badge-boutique{ background: rgba(54,133,252,.08); color: #3685fc; border: 1px solid rgba(54,133,252,.2); }\n.badge-nature  { background: rgba(130,190,100,.1); color: #6b9c4a; border: 1px solid rgba(130,190,100,.2); }\n.badge-remote  { background: rgba(195,159,118,.12); color: #a67e50; border: 1px solid rgba(195,159,118,.25); }\n\n.lk-stay-name {\n  font-family: 'Playfair Display', Georgia, serif;\n  font-size: 18px;\n  font-weight: 700;\n  color: #111827;\n  line-height: 1.3;\n}\n.lk-stay-desc {\n  font-size: 13.5px;\n  color: #525252;\n  line-height: 1.65;\n  font-weight: 300;\n  flex: 1;\n}\n\n.lk-stay-meta {\n  display: flex;\n  align-items: center;\n  gap: 12px;\n  flex-wrap: wrap;\n  margin-top: 4px;\n}\n.lk-stay-price {\n  font-size: 13px;\n  color: #6b7280;\n}\n.lk-stay-price strong {\n  color: #c39f76;\n  font-weight: 500;\n}\n.lk-stay-stars {\n  color: #c39f76;\n  font-size: 11px;\n  letter-spacing: 1px;\n}\n\n\/* \u2500\u2500\u2500 CTA BUTTON \u2500\u2500\u2500 *\/\n.lk-stay-cta {\n  display: inline-flex;\n  align-items: center;\n  justify-content: center;\n  gap: 7px;\n  margin-top: 8px;\n  padding: 11px 20px;\n  border-radius: 8px;\n  background: linear-gradient(135deg, #3685fc 0%, #2a6fd9 100%);\n  color: #fff;\n  font-size: 13px;\n  font-weight: 500;\n  text-decoration: none;\n  letter-spacing: .3px;\n  transition: all .2s ease;\n  cursor: pointer;\n  border: none;\n  text-align: center;\n  box-shadow: 0 4px 12px rgba(54, 133, 252, 0.25);\n}\n.lk-stay-cta:hover {\n  background: linear-gradient(135deg, #2a6fd9 0%, #1e5bc4 100%);\n  transform: translateY(-1px);\n  box-shadow: 0 6px 16px rgba(54, 133, 252, 0.35);\n}\n.lk-stay-cta svg { flex-shrink: 0; }\n\n\/* \u2500\u2500\u2500 FOOTER \u2500\u2500\u2500 *\/\n.lk-stays-footer {\n  padding: 18px 36px;\n  background: linear-gradient(to bottom, #fdfaf5 0%, #f9f4ed 100%);\n  border-top: 1px solid rgba(195, 159, 118, 0.15);\n  display: flex;\n  align-items: center;\n  justify-content: space-between;\n  flex-wrap: wrap;\n  gap: 12px;\n}\n.lk-stays-footer-note {\n  font-size: 11.5px;\n  color: #6b7280;\n  font-weight: 300;\n  line-height: 1.5;\n}\n.lk-stays-footer-note a {\n  color: #c39f76;\n  text-decoration: none;\n  font-weight: 400;\n}\n.lk-stays-footer-note a:hover {\n  text-decoration: underline;\n}\n.lk-stays-all-btn {\n  display: inline-flex;\n  align-items: center;\n  gap: 6px;\n  font-size: 12.5px;\n  font-weight: 500;\n  color: #c39f76;\n  text-decoration: none;\n  border: 1px solid rgba(195, 159, 118, 0.35);\n  padding: 8px 18px;\n  border-radius: 8px;\n  transition: all .2s ease;\n}\n.lk-stays-all-btn:hover {\n  background: rgba(195, 159, 118, 0.08);\n  border-color: rgba(195, 159, 118, 0.5);\n}\n\n\/* \u2500\u2500\u2500 RESPONSIVE \u2500\u2500\u2500 *\/\n@media (max-width: 600px) {\n  .lk-stays-grid { grid-template-columns: 1fr; }\n  .lk-stays-header { padding: 24px 20px; }\n  .lk-stays-footer { padding: 16px 20px; }\n  .lk-stay-card { padding: 22px; }\n  .lk-stays-title { font-size: 20px; }\n}\n<\/style>\n\n  <!-- HEADER -->\n  <div class=\"lk-stays-header\">\n    <img decoding=\"async\" src=\"https:\/\/loudavymkrokem.cz\/wp-content\/uploads\/2026\/02\/lukas-a-lucka.jpg\" alt=\"\" style=\"width: 75px; height: 75px; border-radius: 8px; flex-shrink: 0; object-fit: cover; display: block; margin: 4px 0;\" title=\"\">\n    <div class=\"lk-stays-header-text\">\n      <div class=\"lk-stays-eyebrow\">Luk\u00e1\u0161 \u00e9s Lucie aj\u00e1nlj\u00e1k<\/div>\n      <div class=\"lk-stays-title\">Hol sz\u00e1lljon meg Rio de Janeir\u00f3ban<\/div>\n      <div class=\"lk-stays-subtitle\">6 sz\u00e1ll\u00e1s \u2014 wellness hotelek, \u00fcd\u00fcl\u0151helyek \u00e9s egy\u00e9b sz\u00e1ll\u00e1slehet\u0151s\u00e9gek<\/div>\n    <\/div>\n  <\/div>\n\n  <!-- CARDS -->\n  <div class=\"lk-stays-grid\">\n\n    <a class=\"lk-stay-card featured\" href=\"https:\/\/www.stay22.com\/allez\/roam?aid=lukaskonecny&#038;campaign=loudavymkrokemcz&#038;campaign=hu&#038;campaign=kde-bydlet-v-rio-de-janeiru&#038;hotelname=Copacabana%20Palace%2C%20A%20Belmond%20Hotel&#038;address=Rio%20de%20Janeiro%2C%20Braz%C3%ADlie\" target=\"_blank\" rel=\"nofollow noopener\">\n      <span class=\"lk-stay-badge badge-top\">\u2b50 TOP V\u00c1LASZT\u00c1S<\/span>\n      <span class=\"lk-stay-badge badge-nature\">\u2b50 Luxury<\/span>\n      <div class=\"lk-stay-name\">Copacabana Palace, A Belmond Hotel<\/div>\n      <div class=\"lk-stay-desc\">Ikonikus luxuspalota 1923-b\u00f3l k\u00f6zvetlen\u00fcl a strandon, Michelin-csillagos \u00e9tteremmel \u00e9s medenc\u00e9vel. Abszol\u00fat diszkr\u00e9ci\u00f3 \u00e9s t\u00f6k\u00e9letes szolg\u00e1ltat\u00e1s.<\/div>\n      <div class=\"lk-stay-meta\">\n        <span class=\"lk-stay-stars\">\u2605\u2605\u2605\u2605\u2605<\/span>\n        <span class=\"lk-stay-price\">\u00c1rak ellen\u0151rz\u00e9se<\/span>\n      <\/div>\n      <span class=\"lk-stay-cta\">\n        <svg width=\"14\" height=\"14\" viewBox=\"0 0 24 24\" fill=\"none\" stroke=\"currentColor\" stroke-width=\"2\"><path d=\"M18 13v6a2 2 0 0 1-2 2H5a2 2 0 0 1-2-2V8a2 2 0 0 1 2-2h6\"\/><polyline points=\"15 3 21 3 21 9\"\/><line x1=\"10\" y1=\"14\" x2=\"21\" y2=\"3\"\/><\/svg>\n        Ellen\u0151rizd az el\u00e9rhet\u0151s\u00e9get\n      <\/span>\n    <\/a>\n\n    <a class=\"lk-stay-card\" href=\"https:\/\/www.stay22.com\/allez\/roam?aid=lukaskonecny&#038;campaign=loudavymkrokemcz&#038;campaign=hu&#038;campaign=kde-bydlet-v-rio-de-janeiru&#038;hotelname=Hotel%20Fasano%20Rio%20de%20Janeiro&#038;address=Rio%20de%20Janeiro%2C%20Braz%C3%ADlie\" target=\"_blank\" rel=\"nofollow noopener\">\n      <span class=\"lk-stay-badge badge-nature\">\u2b50 Luxury<\/span>\n      <div class=\"lk-stay-name\">Hotel Fasano Rio de Janeiro<\/div>\n      <div class=\"lk-stay-desc\">Modern luxus Ipanem\u00e1ban ikonikus tet\u0151medenc\u00e9vel \u00e9s l\u00e9legzetel\u00e1ll\u00edt\u00f3 kil\u00e1t\u00e1ssal a Dois Irm\u00e3os hegyre.<\/div>\n      <div class=\"lk-stay-meta\">\n        <span class=\"lk-stay-stars\">\u2605\u2605\u2605\u2605\u2605<\/span>\n        <span class=\"lk-stay-price\">\u00c1rak ellen\u0151rz\u00e9se<\/span>\n      <\/div>\n      <span class=\"lk-stay-cta\">\n        <svg width=\"14\" height=\"14\" viewBox=\"0 0 24 24\" fill=\"none\" stroke=\"currentColor\" stroke-width=\"2\"><path d=\"M18 13v6a2 2 0 0 1-2 2H5a2 2 0 0 1-2-2V8a2 2 0 0 1 2-2h6\"\/><polyline points=\"15 3 21 3 21 9\"\/><line x1=\"10\" y1=\"14\" x2=\"21\" y2=\"3\"\/><\/svg>\n        Ellen\u0151rizd az el\u00e9rhet\u0151s\u00e9get\n      <\/span>\n    <\/a>\n\n    <a class=\"lk-stay-card\" href=\"https:\/\/www.stay22.com\/allez\/roam?aid=lukaskonecny&#038;campaign=loudavymkrokemcz&#038;campaign=hu&#038;campaign=kde-bydlet-v-rio-de-janeiru&#038;hotelname=Emiliano%20Rio%2C%20an%20SLH%20Hotel&#038;address=Rio%20de%20Janeiro%2C%20Braz%C3%ADlie\" target=\"_blank\" rel=\"nofollow noopener\">\n      <span class=\"lk-stay-badge badge-nature\">\u2b50 Luxury<\/span>\n      <div class=\"lk-stay-name\">Emiliano Rio, an SLH Hotel<\/div>\n      <div class=\"lk-stay-desc\">Butikhotel vintage eleganci\u00e1val, egyedi homlokzattal \u00e9s h\u00edres pezsg\u0151b\u00e1rral. Intim l\u00e9gk\u00f6r.<\/div>\n      <div class=\"lk-stay-meta\">\n        <span class=\"lk-stay-stars\">\u2605\u2605\u2605\u2605\u2605<\/span>\n        <span class=\"lk-stay-price\">\u00c1rak ellen\u0151rz\u00e9se<\/span>\n      <\/div>\n      <span class=\"lk-stay-cta\">\n        <svg width=\"14\" height=\"14\" viewBox=\"0 0 24 24\" fill=\"none\" stroke=\"currentColor\" stroke-width=\"2\"><path d=\"M18 13v6a2 2 0 0 1-2 2H5a2 2 0 0 1-2-2V8a2 2 0 0 1 2-2h6\"\/><polyline points=\"15 3 21 3 21 9\"\/><line x1=\"10\" y1=\"14\" x2=\"21\" y2=\"3\"\/><\/svg>\n        Ellen\u0151rizd az el\u00e9rhet\u0151s\u00e9get\n      <\/span>\n    <\/a>\n\n    <a class=\"lk-stay-card\" href=\"https:\/\/www.stay22.com\/allez\/roam?aid=lukaskonecny&#038;campaign=loudavymkrokemcz&#038;campaign=hu&#038;campaign=kde-bydlet-v-rio-de-janeiru&#038;hotelname=JW%20Marriott%20Hotel%20Rio%20de%20Janeiro&#038;address=Rio%20de%20Janeiro%2C%20Braz%C3%ADlie\" target=\"_blank\" rel=\"nofollow noopener\">\n      <span class=\"lk-stay-badge badge-nature\">\ud83c\udfe8 Hotel<\/span>\n      <div class=\"lk-stay-name\">JW Marriott Hotel Rio de Janeiro<\/div>\n      <div class=\"lk-stay-desc\">Megb\u00edzhat\u00f3 \u00f6tcsillagos sz\u00e1llodal\u00e1nc az Avenida Atl\u00e2ntic\u00e1n tet\u0151medenc\u00e9vel \u00e9s kiv\u00e1l\u00f3 angol nyelv\u0171 kommunik\u00e1ci\u00f3val.<\/div>\n      <div class=\"lk-stay-meta\">\n        <span class=\"lk-stay-stars\">\u2605\u2605\u2605\u2605\u2605<\/span>\n        <span class=\"lk-stay-price\">\u00c1rak ellen\u0151rz\u00e9se<\/span>\n      <\/div>\n      <span class=\"lk-stay-cta\">\n        <svg width=\"14\" height=\"14\" viewBox=\"0 0 24 24\" fill=\"none\" stroke=\"currentColor\" stroke-width=\"2\"><path d=\"M18 13v6a2 2 0 0 1-2 2H5a2 2 0 0 1-2-2V8a2 2 0 0 1 2-2h6\"\/><polyline points=\"15 3 21 3 21 9\"\/><line x1=\"10\" y1=\"14\" x2=\"21\" y2=\"3\"\/><\/svg>\n        Ellen\u0151rizd az el\u00e9rhet\u0151s\u00e9get\n      <\/span>\n    <\/a>\n\n    <a class=\"lk-stay-card\" href=\"https:\/\/www.stay22.com\/allez\/roam?aid=lukaskonecny&#038;campaign=loudavymkrokemcz&#038;campaign=hu&#038;campaign=kde-bydlet-v-rio-de-janeiru&#038;hotelname=Hilton%20Rio%20de%20Janeiro%20Copacabana&#038;address=Rio%20de%20Janeiro%2C%20Braz%C3%ADlie\" target=\"_blank\" rel=\"nofollow noopener\">\n      <span class=\"lk-stay-badge badge-nature\">\ud83c\udfe8 Hotel<\/span>\n      <div class=\"lk-stay-name\">Hilton Rio de Janeiro Copacabana<\/div>\n      <div class=\"lk-stay-desc\">Modern hotel Leme nyugodtabb r\u00e9sz\u00e9n tet\u0151b\u00e1rral \u00e9s fantasztikus kil\u00e1t\u00e1ssal az eg\u00e9sz Copacaban\u00e1ra.<\/div>\n      <div class=\"lk-stay-meta\">\n        <span class=\"lk-stay-stars\">\u2605\u2605\u2605\u2605\u2605<\/span>\n        <span class=\"lk-stay-price\">\u00c1rak ellen\u0151rz\u00e9se<\/span>\n      <\/div>\n      <span class=\"lk-stay-cta\">\n        <svg width=\"14\" height=\"14\" viewBox=\"0 0 24 24\" fill=\"none\" stroke=\"currentColor\" stroke-width=\"2\"><path d=\"M18 13v6a2 2 0 0 1-2 2H5a2 2 0 0 1-2-2V8a2 2 0 0 1 2-2h6\"\/><polyline points=\"15 3 21 3 21 9\"\/><line x1=\"10\" y1=\"14\" x2=\"21\" y2=\"3\"\/><\/svg>\n        Ellen\u0151rizd az el\u00e9rhet\u0151s\u00e9get\n      <\/span>\n    <\/a>\n\n    <a class=\"lk-stay-card\" href=\"https:\/\/www.stay22.com\/allez\/roam?aid=lukaskonecny&#038;campaign=loudavymkrokemcz&#038;campaign=hu&#038;campaign=kde-bydlet-v-rio-de-janeiru&#038;hotelname=Sheraton%20Grand%20Rio%20Hotel%20%26%20Resort&#038;address=Rio%20de%20Janeiro%2C%20Braz%C3%ADlie\" target=\"_blank\" rel=\"nofollow noopener\">\n      <span class=\"lk-stay-badge badge-nature\">\ud83c\udf32 Resort<\/span>\n      <div class=\"lk-stay-name\">Sheraton Grand Rio Hotel &#038; Resort<\/div>\n      <div class=\"lk-stay-desc\">Legjobb v\u00e1laszt\u00e1s csal\u00e1dok sz\u00e1m\u00e1ra k\u00f6zvetlen strandhoz val\u00f3 hozz\u00e1f\u00e9r\u00e9ssel, h\u00e1rom medenc\u00e9vel \u00e9s transzferbusszal a k\u00f6zpontba.<\/div>\n      <div class=\"lk-stay-meta\">\n        <span class=\"lk-stay-stars\">\u2605\u2605\u2605\u2605\u2605<\/span>\n        <span class=\"lk-stay-price\">\u00c1rak ellen\u0151rz\u00e9se<\/span>\n      <\/div>\n      <span class=\"lk-stay-cta\">\n        <svg width=\"14\" height=\"14\" viewBox=\"0 0 24 24\" fill=\"none\" stroke=\"currentColor\" stroke-width=\"2\"><path d=\"M18 13v6a2 2 0 0 1-2 2H5a2 2 0 0 1-2-2V8a2 2 0 0 1 2-2h6\"\/><polyline points=\"15 3 21 3 21 9\"\/><line x1=\"10\" y1=\"14\" x2=\"21\" y2=\"3\"\/><\/svg>\n        Ellen\u0151rizd az el\u00e9rhet\u0151s\u00e9get\n      <\/span>\n    <\/a>\n\n  <\/div>\n\n  \n<\/div>\n\n\n\n\n<h3 class=\"wp-block-heading\"><span class=\"ez-toc-section\" id=\"10_PortoBay_Rio_Internacional\"><\/span>10. PortoBay Rio Internacional<span class=\"ez-toc-section-end\"><\/span><\/h3>\n\n\n\n<p class=\"wp-block-paragraph\">Egy m\u00e1sik teljesen megb\u00edzhat\u00f3 v\u00e1laszt\u00e1s egyenesen a forgalmas Copacaban\u00e1n, amely az utaz\u00f3k k\u00f6r\u00e9ben nagyon j\u00f3, 4,6-os \u00e9rt\u00e9kel\u00e9st tart t\u00f6bb mint k\u00e9tezer v\u00e9lem\u00e9nyb\u0151l. A hotel els\u0151 pillant\u00e1sra azzal ragad meg, hogy gy\u00f6ny\u00f6r\u0171en <strong>t\u00e1gas szob\u00e1kat k\u00edn\u00e1l igaz\u00e1n nagy ablakokkal<\/strong>, amelyek rengeteg term\u00e9szetes napf\u00e9nyt engednek be, \u00e9s remek kil\u00e1t\u00e1st ny\u00fajtanak az eg\u00e9sz \u00f6b\u00f6lre. K\u00fcl\u00f6n\u00f6sen reggeli \u00e9bred\u00e9skor megfizethetetlen az \u00f3ce\u00e1n l\u00e1tv\u00e1nya.<\/p>\n\n\n\n<p class=\"wp-block-paragraph\">Az eg\u00e9sz napos v\u00e1rosn\u00e9z\u00e9s ut\u00e1n pihenhetsz a <strong>tet\u0151medenc\u00e9n\u00e9l vagy k\u00e9t k\u00fcl\u00f6nb\u00f6z\u0151 szaun\u00e1ban<\/strong>, amelyek teljesen a vend\u00e9gek rendelkez\u00e9s\u00e9re \u00e1llnak. Az eg\u00e9sz kiszolg\u00e1l\u00e1s nagyon er\u0151sen az ig\u00e9nyes nemzetk\u00f6zi klient\u00far\u00e1ra \u00f6sszpontos\u00edt, \u00fagyhogy itt a kisebb panzi\u00f3kkal ellent\u00e9tben teljesen gond n\u00e9lk\u00fcl elboldogulsz angolul, \u00e9s a szem\u00e9lyzet sz\u00edvesen seg\u00edt b\u00e1rmilyen jegy foglal\u00e1s\u00e1ban vagy a helyi k\u00f6zleked\u00e9sben val\u00f3 eligazod\u00e1sban.<\/p>\n\n\n\n<p class=\"wp-block-paragraph\">\ud83d\udca1 Tipp: A hotel \u00e9tterme <strong>kit\u0171n\u0151 tematikus est\u00e9ket k\u00edn\u00e1l \u00e9l\u0151 zen\u00e9vel<\/strong>, amelyek teljesen remek megold\u00e1st jelentenek azokon a napokon, amikor s\u00f6t\u00e9ted\u00e9s ut\u00e1n egyszer\u0171en nincs kedved a forgalmas v\u00e1rosba menni, \u00e9s ink\u00e1bb a hotel biztons\u00e1g\u00e1ban maradsz. <em><a href=\"https:\/\/www.stay22.com\/allez\/roam?aid=lukaskonecny&#038;campaign=loudavymkrokemcz&#038;campaign=kde-bydlet-v-rio-de-janeiru&#038;hotelname=PortoBay%20Rio%20Internacional&#038;address=Rio%20de%20Janeiro%2C%20Braz%C3%ADlie\" target=\"_blank\" rel=\"nofollow noopener sponsored\">\u00e1rak \u00e9s el\u00e9rhet\u0151s\u00e9g ellen\u0151rz\u00e9se<\/a><\/em><\/p>\n\n\n\n<figure data-wp-context=\"{&quot;imageId&quot;:&quot;6a9c1fc504c05&quot;}\" data-wp-interactive=\"core\/image\" data-wp-key=\"6a9c1fc504c05\" class=\"wp-block-image size-full wp-lightbox-container\"><img decoding=\"async\" width=\"1600\" height=\"1083\" data-wp-class--hide=\"state.isContentHidden\" data-wp-class--show=\"state.isContentVisible\" data-wp-init=\"callbacks.setButtonStyles\" data-wp-on--click=\"actions.showLightbox\" data-wp-on--load=\"callbacks.setButtonStyles\" data-wp-on--pointerdown=\"actions.preloadImage\" data-wp-on--pointerenter=\"actions.preloadImageWithDelay\" data-wp-on--pointerleave=\"actions.cancelPreload\" data-wp-on-window--resize=\"callbacks.setButtonStyles\" src=\"https:\/\/loudavymkrokem.cz\/wp-content\/uploads\/2026\/09\/windsor-excelsior-copacabana.jpg\" alt=\"Windsor Excelsior Copacabana\" class=\"wp-image-413104\" title=\"\" srcset=\"https:\/\/loudavymkrokem.cz\/wp-content\/uploads\/2026\/09\/windsor-excelsior-copacabana.jpg 1600w, https:\/\/loudavymkrokem.cz\/wp-content\/uploads\/2026\/09\/windsor-excelsior-copacabana-300x203.jpg 300w, https:\/\/loudavymkrokem.cz\/wp-content\/uploads\/2026\/09\/windsor-excelsior-copacabana-700x474.jpg 700w, https:\/\/loudavymkrokem.cz\/wp-content\/uploads\/2026\/09\/windsor-excelsior-copacabana-768x520.jpg 768w, https:\/\/loudavymkrokem.cz\/wp-content\/uploads\/2026\/09\/windsor-excelsior-copacabana-1536x1040.jpg 1536w, https:\/\/loudavymkrokem.cz\/wp-content\/uploads\/2026\/09\/windsor-excelsior-copacabana-696x471.jpg 696w, https:\/\/loudavymkrokem.cz\/wp-content\/uploads\/2026\/09\/windsor-excelsior-copacabana-1392x942.jpg 1392w\" sizes=\"(max-width: 1600px) 100vw, 1600px\" \/><button\n\t\t\tclass=\"lightbox-trigger\"\n\t\t\ttype=\"button\"\n\t\t\taria-haspopup=\"dialog\"\n\t\t\tdata-wp-bind--aria-label=\"state.thisImage.triggerButtonAriaLabel\"\n\t\t\tdata-wp-init=\"callbacks.initTriggerButton\"\n\t\t\tdata-wp-on--click=\"actions.showLightbox\"\n\t\t\tdata-wp-style--right=\"state.thisImage.buttonRight\"\n\t\t\tdata-wp-style--top=\"state.thisImage.buttonTop\"\n\t\t>\n\t\t\t<svg xmlns=\"http:\/\/www.w3.org\/2000\/svg\" width=\"12\" height=\"12\" fill=\"none\" viewBox=\"0 0 12 12\">\n\t\t\t\t<path fill=\"#fff\" d=\"M2 0a2 2 0 0 0-2 2v2h1.5V2a.5.5 0 0 1 .5-.5h2V0H2Zm2 10.5H2a.5.5 0 0 1-.5-.5V8H0v2a2 2 0 0 0 2 2h2v-1.5ZM8 12v-1.5h2a.5.5 0 0 0 .5-.5V8H12v2a2 2 0 0 1-2 2H8Zm2-12a2 2 0 0 1 2 2v2h-1.5V2a.5.5 0 0 0-.5-.5H8V0h2Z\" \/>\n\t\t\t<\/svg>\n\t\t<\/button><figcaption class=\"wp-element-caption\">Foto: Windsor Excelsior Copacabana Hotel \/ Google Maps<\/figcaption><\/figure>\n\n\n\n<h3 class=\"wp-block-heading\"><span class=\"ez-toc-section\" id=\"11_Windsor_Excelsior_Copacabana\"><\/span>11. Windsor Excelsior Copacabana<span class=\"ez-toc-section-end\"><\/span><\/h3>\n\n\n\n<p class=\"wp-block-paragraph\">Hagyom\u00e1nyos \u00e9s r\u00e9g\u00f3ta nagyon n\u00e9pszer\u0171 hotel, amely b\u00fcszk\u00e9n \u00e1ll egyenesen a parti Avenida Atl\u00e2ntic\u00e1n. A k\u00f6zel n\u00e9gyezer recenzi\u00f3b\u00f3l nagyon sz\u00e9p, 4,5-\u00f6s pontsz\u00e1mot visz haza. A megb\u00edzhat\u00f3 brazil <a href=\"https:\/\/www.stay22.com\/allez\/roam?aid=lukaskonecny&#038;campaign=loudavymkrokemcz&#038;campaign=kde-bydlet-v-rio-de-janeiru&#038;hotelname=Windsor%20Excelsior%20Copacabana&#038;address=Rio%20de%20Janeiro%2C%20Braz%C3%ADlie\" target=\"_blank\" rel=\"noopener nofollow sponsored\">Windsor<\/a> hotell\u00e1nchoz tartozik, amely a helyiek \u00e9s a turist\u00e1k k\u00f6r\u00e9ben is nagyon j\u00f3l ismert <strong>teljesen k\u00f6vetkezetes kiszolg\u00e1l\u00e1s\u00e1r\u00f3l \u00e9s agg\u00e1lyos tisztas\u00e1g\u00e1r\u00f3l<\/strong>. Itt egyszer\u0171en pontosan tudod, mit kapsz a p\u00e9nzed\u00e9rt, \u00e9s nem v\u00e1rnak r\u00e1d kellemetlen meglepet\u00e9sek az \u00e9rkez\u00e9s ut\u00e1n.<\/p>\n\n\n\n<p class=\"wp-block-paragraph\">Ennek a magas \u00e9p\u00fcletnek a tetej\u00e9n <strong>kellemes k\u00fclt\u00e9ri medence \u00e9s nagyon j\u00f3l felszerelt fitneszk\u00f6zpont<\/strong> v\u00e1r, ahonnan szint\u00e9n csod\u00e1latos kil\u00e1t\u00e1s ny\u00edlik a strand teljes hossz\u00e1ra. A hotel elhelyezked\u00e9se garant\u00e1lja, hogy a Copacabana teljes strand\u00e9lete a tenyeredben van, amint kil\u00e9psz a klimatiz\u00e1lt lobby biztons\u00e1g\u00e1b\u00f3l. A k\u00f6rny\u00e9ken r\u00e1ad\u00e1sul gond n\u00e9lk\u00fcl szerzel kiv\u00e1l\u00f3 veget\u00e1ri\u00e1nus sajtos pastelt egy gyors uzsonn\u00e1ra.<\/p>\n\n\n\n<p class=\"wp-block-paragraph\">\ud83d\udca1 Tipp: A tapasztalt recepci\u00f3s szem\u00e9lyzet k\u00e9szs\u00e9gesen int\u00e9z neked <strong>biztons\u00e1gos taxit, vagy sz\u00edvesen seg\u00edt az Uber-alkalmaz\u00e1s haszn\u00e1lat\u00e1ban<\/strong>, amit a v\u00e1rosb\u00f3l a hotelbe val\u00f3 k\u00e9sei esti visszat\u00e9r\u00e9sekn\u00e9l biztosan nagyon \u00e9rt\u00e9kelni fogsz.<\/p>\n\n\n\n<figure data-wp-context=\"{&quot;imageId&quot;:&quot;6a9c1fc504fc6&quot;}\" data-wp-interactive=\"core\/image\" data-wp-key=\"6a9c1fc504fc6\" class=\"wp-block-image size-full wp-lightbox-container\"><img decoding=\"async\" width=\"1600\" height=\"1066\" data-wp-class--hide=\"state.isContentHidden\" data-wp-class--show=\"state.isContentVisible\" data-wp-init=\"callbacks.setButtonStyles\" data-wp-on--click=\"actions.showLightbox\" data-wp-on--load=\"callbacks.setButtonStyles\" data-wp-on--pointerdown=\"actions.preloadImage\" data-wp-on--pointerenter=\"actions.preloadImageWithDelay\" data-wp-on--pointerleave=\"actions.cancelPreload\" data-wp-on-window--resize=\"callbacks.setButtonStyles\" src=\"https:\/\/loudavymkrokem.cz\/wp-content\/uploads\/2026\/09\/hotel-rio-othon-palace.jpg\" alt=\"Hotel Rio Othon Palace\" class=\"wp-image-413108\" title=\"\" srcset=\"https:\/\/loudavymkrokem.cz\/wp-content\/uploads\/2026\/09\/hotel-rio-othon-palace.jpg 1600w, https:\/\/loudavymkrokem.cz\/wp-content\/uploads\/2026\/09\/hotel-rio-othon-palace-300x200.jpg 300w, https:\/\/loudavymkrokem.cz\/wp-content\/uploads\/2026\/09\/hotel-rio-othon-palace-700x466.jpg 700w, https:\/\/loudavymkrokem.cz\/wp-content\/uploads\/2026\/09\/hotel-rio-othon-palace-768x512.jpg 768w, https:\/\/loudavymkrokem.cz\/wp-content\/uploads\/2026\/09\/hotel-rio-othon-palace-1536x1023.jpg 1536w, https:\/\/loudavymkrokem.cz\/wp-content\/uploads\/2026\/09\/hotel-rio-othon-palace-696x464.jpg 696w, https:\/\/loudavymkrokem.cz\/wp-content\/uploads\/2026\/09\/hotel-rio-othon-palace-1392x927.jpg 1392w\" sizes=\"(max-width: 1600px) 100vw, 1600px\" \/><button\n\t\t\tclass=\"lightbox-trigger\"\n\t\t\ttype=\"button\"\n\t\t\taria-haspopup=\"dialog\"\n\t\t\tdata-wp-bind--aria-label=\"state.thisImage.triggerButtonAriaLabel\"\n\t\t\tdata-wp-init=\"callbacks.initTriggerButton\"\n\t\t\tdata-wp-on--click=\"actions.showLightbox\"\n\t\t\tdata-wp-style--right=\"state.thisImage.buttonRight\"\n\t\t\tdata-wp-style--top=\"state.thisImage.buttonTop\"\n\t\t>\n\t\t\t<svg xmlns=\"http:\/\/www.w3.org\/2000\/svg\" width=\"12\" height=\"12\" fill=\"none\" viewBox=\"0 0 12 12\">\n\t\t\t\t<path fill=\"#fff\" d=\"M2 0a2 2 0 0 0-2 2v2h1.5V2a.5.5 0 0 1 .5-.5h2V0H2Zm2 10.5H2a.5.5 0 0 1-.5-.5V8H0v2a2 2 0 0 0 2 2h2v-1.5ZM8 12v-1.5h2a.5.5 0 0 0 .5-.5V8H12v2a2 2 0 0 1-2 2H8Zm2-12a2 2 0 0 1 2 2v2h-1.5V2a.5.5 0 0 0-.5-.5H8V0h2Z\" \/>\n\t\t\t<\/svg>\n\t\t<\/button><figcaption class=\"wp-element-caption\">Foto: Othon Palace Copacabana Rio \/ Google Maps<\/figcaption><\/figure>\n\n\n\n<h3 class=\"wp-block-heading\"><span class=\"ez-toc-section\" id=\"12_Hotel_Rio_Othon_Palace\"><\/span>12. Hotel Rio Othon Palace<span class=\"ez-toc-section-end\"><\/span><\/h3>\n\n\n\n<p class=\"wp-block-paragraph\">Ezt a hatalmas hotelklasszikust az Avenida Atl\u00e2ntic\u00e1n egyszer\u0171en nem lehet kihagyni a s\u00e9t\u00e1nyon, hiszen ez a <strong>v\u00e1ros m\u00e1sodik legt\u00f6bbet \u00e9rt\u00e9kelt hotelje<\/strong>. 4,5-\u00f6s pontsz\u00e1mot tart t\u00f6bb mint tizenh\u00e9tezer v\u00e9lem\u00e9nyb\u0151l. Teljesen \u00f3ri\u00e1si sz\u00e1ll\u00e1skapacit\u00e1st k\u00edn\u00e1l, \u00fagyhogy itt viszonylag gyakran tal\u00e1lsz szabad szob\u00e1t a forgalmasabb \u00fcnnepi id\u0151pontokban is, amikor a kisebb butikhotelek m\u00e1r rem\u00e9nytelen\u00fcl telth\u00e1zat jelentenek. Az \u00e9p\u00fclet ugyan kicsit r\u00e9gebbi, de a tulajdonosok nagyon j\u00f3 \u00e1llapotban tartj\u00e1k.<\/p>\n\n\n\n<p class=\"wp-block-paragraph\">A fantasztikus strandi kil\u00e1t\u00e1son k\u00edv\u00fcl ez az \u00f3ri\u00e1s <strong>belt\u00e9ri \u00e9s k\u00fclt\u00e9ri medenc\u00e9vel<\/strong> is b\u00fcszk\u00e9lkedhet, ami rendk\u00edv\u00fcl j\u00f3l j\u00f6n rosszabb id\u0151 vagy er\u0151s tengeri sz\u00e9l eset\u00e9n. A hotel \u00f6sszess\u00e9g\u00e9ben rengeteg szolg\u00e1ltat\u00e1st k\u00edn\u00e1l sz\u00e9pen egy tet\u0151 alatt, a massz\u00e1zst\u00f3l a t\u00f6bb b\u00e1rig, \u00fagyhogy ha ink\u00e1bb mindent k\u00e9zn\u00e9l szeretn\u00e9l, itt nagyon el\u00e9gedett leszel.<\/p>\n\n\n\n<p class=\"wp-block-paragraph\">\ud83d\udca1 Tipp: A hotel hatalmas m\u00e9rete miatt a reggeli reggelik zajosak \u00e9s ny\u00fczsg\u0151sek. Kelj fel egy f\u00e9l \u00f3r\u00e1val kor\u00e1bban, \u00e9s megsp\u00f3rolod a sor\u00e1ll\u00e1st a b\u00fcf\u00e9n\u00e9l \u00e9s a k\u00e1v\u00e9g\u00e9pekn\u00e9l. <em><a href=\"https:\/\/www.stay22.com\/allez\/roam?aid=lukaskonecny&#038;campaign=loudavymkrokemcz&#038;campaign=kde-bydlet-v-rio-de-janeiru&#038;hotelname=Hotel%20Rio%20Othon%20Palace&#038;address=Rio%20de%20Janeiro%2C%20Braz%C3%ADlie\" target=\"_blank\" rel=\"nofollow noopener sponsored\">\u00e1rak \u00e9s el\u00e9rhet\u0151s\u00e9g ellen\u0151rz\u00e9se<\/a><\/em><\/p>\n\n\n\n<figure data-wp-context=\"{&quot;imageId&quot;:&quot;6a9c1fc505393&quot;}\" data-wp-interactive=\"core\/image\" data-wp-key=\"6a9c1fc505393\" class=\"wp-block-image size-full wp-lightbox-container\"><img decoding=\"async\" width=\"1600\" height=\"1066\" data-wp-class--hide=\"state.isContentHidden\" data-wp-class--show=\"state.isContentVisible\" data-wp-init=\"callbacks.setButtonStyles\" data-wp-on--click=\"actions.showLightbox\" data-wp-on--load=\"callbacks.setButtonStyles\" data-wp-on--pointerdown=\"actions.preloadImage\" data-wp-on--pointerenter=\"actions.preloadImageWithDelay\" data-wp-on--pointerleave=\"actions.cancelPreload\" data-wp-on-window--resize=\"callbacks.setButtonStyles\" src=\"https:\/\/loudavymkrokem.cz\/wp-content\/uploads\/2026\/09\/hotel-arpoador.jpg\" alt=\"Hotel Arpoador\" class=\"wp-image-413112\" title=\"\" srcset=\"https:\/\/loudavymkrokem.cz\/wp-content\/uploads\/2026\/09\/hotel-arpoador.jpg 1600w, https:\/\/loudavymkrokem.cz\/wp-content\/uploads\/2026\/09\/hotel-arpoador-300x200.jpg 300w, https:\/\/loudavymkrokem.cz\/wp-content\/uploads\/2026\/09\/hotel-arpoador-700x466.jpg 700w, https:\/\/loudavymkrokem.cz\/wp-content\/uploads\/2026\/09\/hotel-arpoador-768x512.jpg 768w, https:\/\/loudavymkrokem.cz\/wp-content\/uploads\/2026\/09\/hotel-arpoador-1536x1023.jpg 1536w, https:\/\/loudavymkrokem.cz\/wp-content\/uploads\/2026\/09\/hotel-arpoador-696x464.jpg 696w, https:\/\/loudavymkrokem.cz\/wp-content\/uploads\/2026\/09\/hotel-arpoador-1392x927.jpg 1392w\" sizes=\"(max-width: 1600px) 100vw, 1600px\" \/><button\n\t\t\tclass=\"lightbox-trigger\"\n\t\t\ttype=\"button\"\n\t\t\taria-haspopup=\"dialog\"\n\t\t\tdata-wp-bind--aria-label=\"state.thisImage.triggerButtonAriaLabel\"\n\t\t\tdata-wp-init=\"callbacks.initTriggerButton\"\n\t\t\tdata-wp-on--click=\"actions.showLightbox\"\n\t\t\tdata-wp-style--right=\"state.thisImage.buttonRight\"\n\t\t\tdata-wp-style--top=\"state.thisImage.buttonTop\"\n\t\t>\n\t\t\t<svg xmlns=\"http:\/\/www.w3.org\/2000\/svg\" width=\"12\" height=\"12\" fill=\"none\" viewBox=\"0 0 12 12\">\n\t\t\t\t<path fill=\"#fff\" d=\"M2 0a2 2 0 0 0-2 2v2h1.5V2a.5.5 0 0 1 .5-.5h2V0H2Zm2 10.5H2a.5.5 0 0 1-.5-.5V8H0v2a2 2 0 0 0 2 2h2v-1.5ZM8 12v-1.5h2a.5.5 0 0 0 .5-.5V8H12v2a2 2 0 0 1-2 2H8Zm2-12a2 2 0 0 1 2 2v2h-1.5V2a.5.5 0 0 0-.5-.5H8V0h2Z\" \/>\n\t\t\t<\/svg>\n\t\t<\/button><figcaption class=\"wp-element-caption\">Foto: Hotel Arpoador \/ Google Maps<\/figcaption><\/figure>\n\n\n\n<h3 class=\"wp-block-heading\"><span class=\"ez-toc-section\" id=\"13_Hotel_Arpoador\"><\/span>13. Hotel Arpoador<span class=\"ez-toc-section-end\"><\/span><\/h3>\n\n\n\n<p class=\"wp-block-paragraph\">Ha a tiszta Ipanema felszabadultabb hangulat\u00e1ra v\u00e1gysz, de semmik\u00e9pp nem akarsz csillag\u00e1szati \u00f6sszegeket fizetni az \u00f6tcsillagos ikonok\u00e9rt, ez a <strong>legjobb el\u00e9rhet\u0151 \u00e1r egy rangos ipanemai c\u00edm\u00e9rt<\/strong>. A hotelnek gy\u00f6ny\u00f6r\u0171, 4,5-\u00f6s \u00e9rt\u00e9kel\u00e9se van, \u00e9s strat\u00e9giailag egyenesen Ipanema hat\u00e1r\u00e1n fekszik, a h\u00edres <a href=\"https:\/\/www.stay22.com\/allez\/roam?aid=lukaskonecny&#038;campaign=loudavymkrokemcz&#038;campaign=kde-bydlet-v-rio-de-janeiru&#038;hotelname=Hotel%20Arpoador&#038;address=Rio%20de%20Janeiro%2C%20Braz%C3%ADlie\" target=\"_blank\" rel=\"noopener nofollow sponsored\">Arpoador<\/a> sziklaform\u00e1ci\u00f3 mellett. Ez az a hely, ahol a legjobb strandkult\u00fara tal\u00e1lkozik az el\u00e9rhet\u0151 luxussal \u00e9s a remek diz\u00e1jnnal.<\/p>\n\n\n\n<p class=\"wp-block-paragraph\">A hotel gy\u00f6ny\u00f6r\u0171 <strong>fateraszt k\u00edn\u00e1l csod\u00e1latos \u00f3ce\u00e1npanor\u00e1m\u00e1val<\/strong>, ahol minden reggel b\u0151s\u00e9ges reggelit szolg\u00e1lnak fel, amely kellemesen benne van a szoba \u00e1r\u00e1ban. Az \u00f6sszhangulat itt sokkal felszabadultabb, fiatalosabb \u00e9s meghittebb, mint a Copacabana hatalmas hotelkomplexumaiban. A szomsz\u00e9dban r\u00e1ad\u00e1sul j\u00e9gbe h\u0171t\u00f6tt agua de coc\u00f3t \u00e1rus\u00edt\u00f3 standokat tal\u00e1lsz, amelyet a helyiek el\u0151szeretettel v\u00e1s\u00e1rolnak.<\/p>\n\n\n\n<p class=\"wp-block-paragraph\">\ud83d\udca1 Tipp: A hotel melletti Arpoador-szikla a helyiek szerint a <strong>legjobb hely Ri\u00f3ban a naplemente megfigyel\u00e9s\u00e9hez<\/strong>. Az emberek minden alkonyatkor hatalmas sz\u00e1mban gy\u0171lnek \u00f6ssze itt, \u00e9s rendszeresen \u00e9s hangosan megtapsolj\u00e1k a lenyugv\u00f3 napot.<\/p>\n\n\n\n<figure data-wp-context=\"{&quot;imageId&quot;:&quot;6a9c1fc50579f&quot;}\" data-wp-interactive=\"core\/image\" data-wp-key=\"6a9c1fc50579f\" class=\"wp-block-image size-full wp-lightbox-container\"><img decoding=\"async\" width=\"1600\" height=\"1200\" data-wp-class--hide=\"state.isContentHidden\" data-wp-class--show=\"state.isContentVisible\" data-wp-init=\"callbacks.setButtonStyles\" data-wp-on--click=\"actions.showLightbox\" data-wp-on--load=\"callbacks.setButtonStyles\" data-wp-on--pointerdown=\"actions.preloadImage\" data-wp-on--pointerenter=\"actions.preloadImageWithDelay\" data-wp-on--pointerleave=\"actions.cancelPreload\" data-wp-on-window--resize=\"callbacks.setButtonStyles\" src=\"https:\/\/loudavymkrokem.cz\/wp-content\/uploads\/2026\/09\/windsor-florida-hotel.jpg\" alt=\"Windsor Florida Hotel\" class=\"wp-image-413117\" title=\"\" srcset=\"https:\/\/loudavymkrokem.cz\/wp-content\/uploads\/2026\/09\/windsor-florida-hotel.jpg 1600w, https:\/\/loudavymkrokem.cz\/wp-content\/uploads\/2026\/09\/windsor-florida-hotel-300x225.jpg 300w, https:\/\/loudavymkrokem.cz\/wp-content\/uploads\/2026\/09\/windsor-florida-hotel-700x525.jpg 700w, https:\/\/loudavymkrokem.cz\/wp-content\/uploads\/2026\/09\/windsor-florida-hotel-768x576.jpg 768w, https:\/\/loudavymkrokem.cz\/wp-content\/uploads\/2026\/09\/windsor-florida-hotel-1536x1152.jpg 1536w, https:\/\/loudavymkrokem.cz\/wp-content\/uploads\/2026\/09\/windsor-florida-hotel-80x60.jpg 80w, https:\/\/loudavymkrokem.cz\/wp-content\/uploads\/2026\/09\/windsor-florida-hotel-160x120.jpg 160w, https:\/\/loudavymkrokem.cz\/wp-content\/uploads\/2026\/09\/windsor-florida-hotel-696x522.jpg 696w, https:\/\/loudavymkrokem.cz\/wp-content\/uploads\/2026\/09\/windsor-florida-hotel-1392x1044.jpg 1392w\" sizes=\"(max-width: 1600px) 100vw, 1600px\" \/><button\n\t\t\tclass=\"lightbox-trigger\"\n\t\t\ttype=\"button\"\n\t\t\taria-haspopup=\"dialog\"\n\t\t\tdata-wp-bind--aria-label=\"state.thisImage.triggerButtonAriaLabel\"\n\t\t\tdata-wp-init=\"callbacks.initTriggerButton\"\n\t\t\tdata-wp-on--click=\"actions.showLightbox\"\n\t\t\tdata-wp-style--right=\"state.thisImage.buttonRight\"\n\t\t\tdata-wp-style--top=\"state.thisImage.buttonTop\"\n\t\t>\n\t\t\t<svg xmlns=\"http:\/\/www.w3.org\/2000\/svg\" width=\"12\" height=\"12\" fill=\"none\" viewBox=\"0 0 12 12\">\n\t\t\t\t<path fill=\"#fff\" d=\"M2 0a2 2 0 0 0-2 2v2h1.5V2a.5.5 0 0 1 .5-.5h2V0H2Zm2 10.5H2a.5.5 0 0 1-.5-.5V8H0v2a2 2 0 0 0 2 2h2v-1.5ZM8 12v-1.5h2a.5.5 0 0 0 .5-.5V8H12v2a2 2 0 0 1-2 2H8Zm2-12a2 2 0 0 1 2 2v2h-1.5V2a.5.5 0 0 0-.5-.5H8V0h2Z\" \/>\n\t\t\t<\/svg>\n\t\t<\/button><figcaption class=\"wp-element-caption\">Foto: Pablo Costa \/ Google Maps<\/figcaption><\/figure>\n\n\n\n<h3 class=\"wp-block-heading\"><span class=\"ez-toc-section\" id=\"14_Windsor_Florida_Hotel\"><\/span>14. Windsor Florida Hotel<span class=\"ez-toc-section-end\"><\/span><\/h3>\n\n\n\n<p class=\"wp-block-paragraph\">Ez a modern, \u00fcvegfal\u00fa \u00e9p\u00fclet a Flamengo negyedben teljesen ide\u00e1lis v\u00e1laszt\u00e1s azoknak az utaz\u00f3knak, akik szigor\u00faan figyelik az <strong>\u00f6sszk\u00f6lts\u00e9gvet\u00e9st, \u00e9s nagyon k\u00f6zel szeretn\u00e9k a megb\u00edzhat\u00f3 metr\u00f3t<\/strong>. A h\u00e9tezer recenzi\u00f3b\u00f3l a hotel 4,5-\u00f6s \u00e9rt\u00e9kel\u00e9st tart, \u00e9s hatalmas el\u0151nyt k\u00edn\u00e1l a strat\u00e9giai elhelyezked\u00e9s\u00e9vel. Itt ugyanis pontosan f\u00e9l\u00faton vagy a d\u00e9li h\u00edres strandok \u00e9s a v\u00e1ros \u00e9szaki t\u00f6rt\u00e9nelmi k\u00f6zpontja k\u00f6z\u00f6tt, ahov\u00e1 a f\u00f6ldalattival p\u00e1r perc alatt eljutsz.<\/p>\n\n\n\n<p class=\"wp-block-paragraph\">Egy igaz\u00e1n kiv\u00e1l\u00f3 \u00e9s megfizethet\u0151 \u00e1ron hozz\u00e1f\u00e9rsz a <strong>tet\u0151medenc\u00e9hez \u00e9s a remek penthouse b\u00e1rhoz<\/strong>, ahonnan gy\u00f6ny\u00f6r\u0171en l\u00e1tszik az \u00f6b\u00f6l csendesebb vize. A metr\u00f3\u00e1llom\u00e1s k\u00f6zvetlen\u00fcl az orrod el\u0151tt van, \u00fagyhogy az eg\u00e9sz hatalmas v\u00e1rosban nagyon olcs\u00f3n, gyorsan \u00e9s f\u0151leg biztons\u00e1gosan k\u00f6zlekedsz majd a forgalmi cs\u00facsban is, amikor az utc\u00e1k v\u00e9gtelen dug\u00f3kban \u00e1llnak.<\/p>\n\n\n\n<p class=\"wp-block-paragraph\">\ud83d\udca1 Tipp: Haszn\u00e1ld ki maxim\u00e1lisan a gy\u00f6ny\u00f6r\u0171 Flamengo park k\u00f6zels\u00e9g\u00e9t, amely <strong>ide\u00e1lis egy nyugodt reggeli fut\u00e1shoz vagy egy d\u00e9lut\u00e1ni s\u00e9t\u00e1hoz a f\u00e1k \u00e1rny\u00e9k\u00e1ban<\/strong>, m\u00e9gpedig teljesen a forgalmas Copacaban\u00e1ra jellemz\u0151 minden\u00fctt jelen l\u00e9v\u0151 turistat\u00f6megek n\u00e9lk\u00fcl. <em><a href=\"https:\/\/www.stay22.com\/allez\/roam?aid=lukaskonecny&#038;campaign=loudavymkrokemcz&#038;campaign=kde-bydlet-v-rio-de-janeiru&#038;hotelname=Windsor%20Florida%20Hotel&#038;address=Rio%20de%20Janeiro%2C%20Braz%C3%ADlie\" target=\"_blank\" rel=\"nofollow noopener sponsored\">\u00e1rak \u00e9s el\u00e9rhet\u0151s\u00e9g ellen\u0151rz\u00e9se<\/a><\/em><\/p>\n\n\n\n<figure data-wp-context=\"{&quot;imageId&quot;:&quot;6a9c1fc505b7f&quot;}\" data-wp-interactive=\"core\/image\" data-wp-key=\"6a9c1fc505b7f\" class=\"wp-block-image size-full wp-lightbox-container\"><img decoding=\"async\" width=\"1600\" height=\"1600\" data-wp-class--hide=\"state.isContentHidden\" data-wp-class--show=\"state.isContentVisible\" data-wp-init=\"callbacks.setButtonStyles\" data-wp-on--click=\"actions.showLightbox\" data-wp-on--load=\"callbacks.setButtonStyles\" data-wp-on--pointerdown=\"actions.preloadImage\" data-wp-on--pointerenter=\"actions.preloadImageWithDelay\" data-wp-on--pointerleave=\"actions.cancelPreload\" data-wp-on-window--resize=\"callbacks.setButtonStyles\" src=\"https:\/\/loudavymkrokem.cz\/wp-content\/uploads\/2026\/09\/vila-santa-teresa.jpg\" alt=\"Vila Santa Teresa\" class=\"wp-image-413122\" title=\"\" srcset=\"https:\/\/loudavymkrokem.cz\/wp-content\/uploads\/2026\/09\/vila-santa-teresa.jpg 1600w, https:\/\/loudavymkrokem.cz\/wp-content\/uploads\/2026\/09\/vila-santa-teresa-300x300.jpg 300w, https:\/\/loudavymkrokem.cz\/wp-content\/uploads\/2026\/09\/vila-santa-teresa-700x700.jpg 700w, https:\/\/loudavymkrokem.cz\/wp-content\/uploads\/2026\/09\/vila-santa-teresa-150x150.jpg 150w, https:\/\/loudavymkrokem.cz\/wp-content\/uploads\/2026\/09\/vila-santa-teresa-768x768.jpg 768w, https:\/\/loudavymkrokem.cz\/wp-content\/uploads\/2026\/09\/vila-santa-teresa-1536x1536.jpg 1536w, https:\/\/loudavymkrokem.cz\/wp-content\/uploads\/2026\/09\/vila-santa-teresa-696x696.jpg 696w, https:\/\/loudavymkrokem.cz\/wp-content\/uploads\/2026\/09\/vila-santa-teresa-1392x1392.jpg 1392w\" sizes=\"(max-width: 1600px) 100vw, 1600px\" \/><button\n\t\t\tclass=\"lightbox-trigger\"\n\t\t\ttype=\"button\"\n\t\t\taria-haspopup=\"dialog\"\n\t\t\tdata-wp-bind--aria-label=\"state.thisImage.triggerButtonAriaLabel\"\n\t\t\tdata-wp-init=\"callbacks.initTriggerButton\"\n\t\t\tdata-wp-on--click=\"actions.showLightbox\"\n\t\t\tdata-wp-style--right=\"state.thisImage.buttonRight\"\n\t\t\tdata-wp-style--top=\"state.thisImage.buttonTop\"\n\t\t>\n\t\t\t<svg xmlns=\"http:\/\/www.w3.org\/2000\/svg\" width=\"12\" height=\"12\" fill=\"none\" viewBox=\"0 0 12 12\">\n\t\t\t\t<path fill=\"#fff\" d=\"M2 0a2 2 0 0 0-2 2v2h1.5V2a.5.5 0 0 1 .5-.5h2V0H2Zm2 10.5H2a.5.5 0 0 1-.5-.5V8H0v2a2 2 0 0 0 2 2h2v-1.5ZM8 12v-1.5h2a.5.5 0 0 0 .5-.5V8H12v2a2 2 0 0 1-2 2H8Zm2-12a2 2 0 0 1 2 2v2h-1.5V2a.5.5 0 0 0-.5-.5H8V0h2Z\" \/>\n\t\t\t<\/svg>\n\t\t<\/button><figcaption class=\"wp-element-caption\">Foto: Vila Santa Teresa \/ Google Maps<\/figcaption><\/figure>\n\n\n\n<h3 class=\"wp-block-heading\"><span class=\"ez-toc-section\" id=\"15_Vila_Santa_Teresa\"><\/span>15. Vila Santa Teresa<span class=\"ez-toc-section-end\"><\/span><\/h3>\n\n\n\n<p class=\"wp-block-paragraph\">Ez a gondosan rejtett gy\u00f6ngyszem az <strong>eg\u00e9sz terjedelmes v\u00e1logat\u00e1sunk legjobbra \u00e9rt\u00e9kelt hotelje<\/strong>, hihetetlen, 4,8-as pontsz\u00e1mmal b\u00fcszk\u00e9lkedik t\u00f6bb mint ezerk\u00e9tsz\u00e1z recenzi\u00f3b\u00f3l. Egy dombon, magasan tal\u00e1lod a gy\u00f6ny\u00f6r\u0171 boh\u00e9m <a href=\"https:\/\/www.stay22.com\/allez\/roam?aid=lukaskonecny&#038;campaign=loudavymkrokemcz&#038;campaign=kde-bydlet-v-rio-de-janeiru&#038;hotelname=Vila%20Santa%20Teresa&#038;address=Rio%20de%20Janeiro%2C%20Braz%C3%ADlie\" target=\"_blank\" rel=\"noopener nofollow sponsored\">Santa Teresa<\/a> negyedben, \u00e9s teljesen exkluz\u00edv, priv\u00e1t hangulatot k\u00edn\u00e1l, amit a strandn\u00e1l egyszer\u0171en nem \u00e9lsz \u00e1t. Ez a hely ink\u00e1bb egy luxus mag\u00e1nrezidenci\u00e1ra eml\u00e9keztet, mint egy klasszikus v\u00e1rosi hotelre.<\/p>\n\n\n\n<p class=\"wp-block-paragraph\">A luxusszob\u00e1k hatalmas ablakaib\u00f3l <strong>teljesen l\u00e9legzetel\u00e1ll\u00edt\u00f3 kil\u00e1t\u00e1s ny\u00edlik az eg\u00e9sz Guanabara-\u00f6b\u00f6lre<\/strong> \u00e9s a h\u00e1tt\u00e9rben l\u00e9v\u0151 hegyekre. Rendelkez\u00e9sre \u00e1ll egy gy\u00f6ny\u00f6r\u0171, csendes k\u00fclt\u00e9ri medence buja tr\u00f3pusi z\u00f6ld n\u00f6v\u00e9nyzettel k\u00f6r\u00fclv\u00e9ve \u00e9s egy els\u0151rang\u00fa spa a maxim\u00e1lis kikapcsol\u00f3d\u00e1shoz. Ez a nyugalom teljes o\u00e1zisa a folyton l\u00fcktet\u0151 \u00e9s zajos nagyv\u00e1ros k\u00f6zep\u00e9n, ahov\u00e1 este rendk\u00edv\u00fcl sz\u00edvesen t\u00e9rsz majd vissza.<\/p>\n\n\n\n<p class=\"wp-block-paragraph\">\ud83d\udca1 Tipp: Ez a hotel teljesen ide\u00e1lis \u00fati c\u00e9l a <strong>szerelmes p\u00e1roknak \u00e9s a nyugodt n\u00e1sz\u00fatnak<\/strong>. Ha olyan helyet keresel, ahol abszol\u00fat senki nem zavar, \u00e9s ahol maxim\u00e1lis romantik\u00e1t \u00e9lvezel, jobb c\u00edmet eg\u00e9sz Ri\u00f3ban egyszer\u0171en nem tal\u00e1lsz. Csak azzal kell sz\u00e1molnod, hogy a strandra mindig Uberrel kell leereszkedned.<\/p>\n\n\n\n<figure data-wp-context=\"{&quot;imageId&quot;:&quot;6a9c1fc505fa3&quot;}\" data-wp-interactive=\"core\/image\" data-wp-key=\"6a9c1fc505fa3\" class=\"wp-block-image size-full wp-lightbox-container\"><img decoding=\"async\" width=\"1024\" height=\"768\" data-wp-class--hide=\"state.isContentHidden\" data-wp-class--show=\"state.isContentVisible\" data-wp-init=\"callbacks.setButtonStyles\" data-wp-on--click=\"actions.showLightbox\" data-wp-on--load=\"callbacks.setButtonStyles\" data-wp-on--pointerdown=\"actions.preloadImage\" data-wp-on--pointerenter=\"actions.preloadImageWithDelay\" data-wp-on--pointerleave=\"actions.cancelPreload\" data-wp-on-window--resize=\"callbacks.setButtonStyles\" src=\"https:\/\/loudavymkrokem.cz\/wp-content\/uploads\/2026\/09\/mgallery-santa-teresa-hotel.jpg\" alt=\"MGallery Santa Teresa Hotel\" class=\"wp-image-413126\" title=\"\" srcset=\"https:\/\/loudavymkrokem.cz\/wp-content\/uploads\/2026\/09\/mgallery-santa-teresa-hotel.jpg 1024w, https:\/\/loudavymkrokem.cz\/wp-content\/uploads\/2026\/09\/mgallery-santa-teresa-hotel-300x225.jpg 300w, https:\/\/loudavymkrokem.cz\/wp-content\/uploads\/2026\/09\/mgallery-santa-teresa-hotel-700x525.jpg 700w, https:\/\/loudavymkrokem.cz\/wp-content\/uploads\/2026\/09\/mgallery-santa-teresa-hotel-768x576.jpg 768w, https:\/\/loudavymkrokem.cz\/wp-content\/uploads\/2026\/09\/mgallery-santa-teresa-hotel-80x60.jpg 80w, https:\/\/loudavymkrokem.cz\/wp-content\/uploads\/2026\/09\/mgallery-santa-teresa-hotel-160x120.jpg 160w, https:\/\/loudavymkrokem.cz\/wp-content\/uploads\/2026\/09\/mgallery-santa-teresa-hotel-696x522.jpg 696w\" sizes=\"(max-width: 1024px) 100vw, 1024px\" \/><button\n\t\t\tclass=\"lightbox-trigger\"\n\t\t\ttype=\"button\"\n\t\t\taria-haspopup=\"dialog\"\n\t\t\tdata-wp-bind--aria-label=\"state.thisImage.triggerButtonAriaLabel\"\n\t\t\tdata-wp-init=\"callbacks.initTriggerButton\"\n\t\t\tdata-wp-on--click=\"actions.showLightbox\"\n\t\t\tdata-wp-style--right=\"state.thisImage.buttonRight\"\n\t\t\tdata-wp-style--top=\"state.thisImage.buttonTop\"\n\t\t>\n\t\t\t<svg xmlns=\"http:\/\/www.w3.org\/2000\/svg\" width=\"12\" height=\"12\" fill=\"none\" viewBox=\"0 0 12 12\">\n\t\t\t\t<path fill=\"#fff\" d=\"M2 0a2 2 0 0 0-2 2v2h1.5V2a.5.5 0 0 1 .5-.5h2V0H2Zm2 10.5H2a.5.5 0 0 1-.5-.5V8H0v2a2 2 0 0 0 2 2h2v-1.5ZM8 12v-1.5h2a.5.5 0 0 0 .5-.5V8H12v2a2 2 0 0 1-2 2H8Zm2-12a2 2 0 0 1 2 2v2h-1.5V2a.5.5 0 0 0-.5-.5H8V0h2Z\" \/>\n\t\t\t<\/svg>\n\t\t<\/button><figcaption class=\"wp-element-caption\">Foto: Santa Teresa Hotel in Rio &#8211; MGallery Collection \/ Google Maps<\/figcaption><\/figure>\n\n\n\n<h3 class=\"wp-block-heading\"><span class=\"ez-toc-section\" id=\"16_MGallery_Santa_Teresa_Hotel\"><\/span>16. MGallery Santa Teresa Hotel<span class=\"ez-toc-section-end\"><\/span><\/h3>\n\n\n\n<p class=\"wp-block-paragraph\">Egy m\u00e1sik teljesen gy\u00f6ny\u00f6r\u0171 v\u00e1laszt\u00e1s a meredek dombon, csod\u00e1latos panor\u00e1m\u00e1val az \u00f6b\u00f6lre, amely remek, 4,7-es \u00e9rt\u00e9kel\u00e9st tart. Ez a luxushotel egy \u00e9rz\u00e9kenyen fel\u00faj\u00edtott t\u00f6rt\u00e9nelmi \u00e9p\u00fcletben, egy r\u00e9gi k\u00e1v\u00e9farmon tal\u00e1lhat\u00f3, \u00e9s teljesen t\u00f6k\u00e9letesen kombin\u00e1lja a <strong>friss tr\u00f3pusi diz\u00e1jnt a hagyom\u00e1nyos gyarmati eleganci\u00e1val<\/strong>. A bels\u0151 t\u00e9r minden r\u00e9szlete gondosan \u00e1tgondolt, \u00e9s a folyos\u00f3kon rengeteg \u00e9rdekes m\u0171alkot\u00e1st tal\u00e1lsz helyi alkot\u00f3kt\u00f3l.<\/p>\n\n\n\n<p class=\"wp-block-paragraph\">A vend\u00e9gek a t\u00f6k\u00e9letes nyugalmon k\u00edv\u00fcl f\u0151leg a gy\u00f6ny\u00f6r\u0171 <strong>k\u00fclt\u00e9ri medenc\u00e9t \u00e9s a nagyon \u00e9l\u00e9nk hotelb\u00e1rt<\/strong> szerett\u00e9k meg, ahov\u00e1 est\u00e9nk\u00e9nt a helyi m\u0171v\u00e9szelit is sz\u00f3rakozni j\u00e1r. A negyed \u00f6sszfelszabadult hangulata a sz\u00e1mtalan kis gal\u00e9ri\u00e1j\u00e1val \u00e9s m\u0171term\u00e9vel nagyon term\u00e9szetesen t\u00fckr\u00f6z\u0151dik a hotel bels\u0151 tereiben is, valamint az eg\u00e9sz szem\u00e9lyzet inform\u00e1lis, m\u00e9gis rendk\u00edv\u00fcl profi hozz\u00e1\u00e1ll\u00e1s\u00e1ban.<\/p>\n\n\n\n<p class=\"wp-block-paragraph\">\ud83d\udca1 Tipp: A napi program tervez\u00e9s\u00e9n\u00e9l gondolj arra, hogy a hotelb\u0151l <strong>a strandra \u00e9s a t\u00f6rt\u00e9nelmi k\u00f6zpontba is mindig Uberrel kell menned<\/strong>. R\u00f6gt\u00f6n sz\u00e1molj ez\u00e9rt ezzel a kis pluszkiad\u00e1ssal \u00e9s egy enyhe id\u0151beli cs\u00fasz\u00e1ssal az \u00fatitervedben, miel\u0151tt az aut\u00f3 felkanyarog a kanyarg\u00f3s utc\u00e1csk\u00e1kon eg\u00e9szen hozz\u00e1d fel. <em><a href=\"https:\/\/www.stay22.com\/allez\/roam?aid=lukaskonecny&#038;campaign=loudavymkrokemcz&#038;campaign=kde-bydlet-v-rio-de-janeiru&#038;hotelname=MGallery%20Santa%20Teresa%20Hotel&#038;address=Rio%20de%20Janeiro%2C%20Braz%C3%ADlie\" target=\"_blank\" rel=\"nofollow noopener sponsored\">\u00e1rak \u00e9s el\u00e9rhet\u0151s\u00e9g ellen\u0151rz\u00e9se<\/a><\/em><\/p>\n\n\n\n<figure data-wp-context=\"{&quot;imageId&quot;:&quot;6a9c1fc506416&quot;}\" data-wp-interactive=\"core\/image\" data-wp-key=\"6a9c1fc506416\" class=\"wp-block-image size-full wp-lightbox-container\"><img decoding=\"async\" width=\"1600\" height=\"1063\" data-wp-class--hide=\"state.isContentHidden\" data-wp-class--show=\"state.isContentVisible\" data-wp-init=\"callbacks.setButtonStyles\" data-wp-on--click=\"actions.showLightbox\" data-wp-on--load=\"callbacks.setButtonStyles\" data-wp-on--pointerdown=\"actions.preloadImage\" data-wp-on--pointerenter=\"actions.preloadImageWithDelay\" data-wp-on--pointerleave=\"actions.cancelPreload\" data-wp-on-window--resize=\"callbacks.setButtonStyles\" src=\"https:\/\/loudavymkrokem.cz\/wp-content\/uploads\/2026\/09\/hostel-maresias-do-leme.jpg\" alt=\"Hostel Maresias do Leme\" class=\"wp-image-413128\" title=\"\" srcset=\"https:\/\/loudavymkrokem.cz\/wp-content\/uploads\/2026\/09\/hostel-maresias-do-leme.jpg 1600w, https:\/\/loudavymkrokem.cz\/wp-content\/uploads\/2026\/09\/hostel-maresias-do-leme-300x199.jpg 300w, https:\/\/loudavymkrokem.cz\/wp-content\/uploads\/2026\/09\/hostel-maresias-do-leme-700x465.jpg 700w, https:\/\/loudavymkrokem.cz\/wp-content\/uploads\/2026\/09\/hostel-maresias-do-leme-768x510.jpg 768w, https:\/\/loudavymkrokem.cz\/wp-content\/uploads\/2026\/09\/hostel-maresias-do-leme-1536x1020.jpg 1536w, https:\/\/loudavymkrokem.cz\/wp-content\/uploads\/2026\/09\/hostel-maresias-do-leme-696x462.jpg 696w, https:\/\/loudavymkrokem.cz\/wp-content\/uploads\/2026\/09\/hostel-maresias-do-leme-1392x925.jpg 1392w\" sizes=\"(max-width: 1600px) 100vw, 1600px\" \/><button\n\t\t\tclass=\"lightbox-trigger\"\n\t\t\ttype=\"button\"\n\t\t\taria-haspopup=\"dialog\"\n\t\t\tdata-wp-bind--aria-label=\"state.thisImage.triggerButtonAriaLabel\"\n\t\t\tdata-wp-init=\"callbacks.initTriggerButton\"\n\t\t\tdata-wp-on--click=\"actions.showLightbox\"\n\t\t\tdata-wp-style--right=\"state.thisImage.buttonRight\"\n\t\t\tdata-wp-style--top=\"state.thisImage.buttonTop\"\n\t\t>\n\t\t\t<svg xmlns=\"http:\/\/www.w3.org\/2000\/svg\" width=\"12\" height=\"12\" fill=\"none\" viewBox=\"0 0 12 12\">\n\t\t\t\t<path fill=\"#fff\" d=\"M2 0a2 2 0 0 0-2 2v2h1.5V2a.5.5 0 0 1 .5-.5h2V0H2Zm2 10.5H2a.5.5 0 0 1-.5-.5V8H0v2a2 2 0 0 0 2 2h2v-1.5ZM8 12v-1.5h2a.5.5 0 0 0 .5-.5V8H12v2a2 2 0 0 1-2 2H8Zm2-12a2 2 0 0 1 2 2v2h-1.5V2a.5.5 0 0 0-.5-.5H8V0h2Z\" \/>\n\t\t\t<\/svg>\n\t\t<\/button><figcaption class=\"wp-element-caption\">Foto: Hostel Maresias do Leme &#8211; Copacabana \/ Google Maps<\/figcaption><\/figure>\n\n\n\n<h3 class=\"wp-block-heading\"><span class=\"ez-toc-section\" id=\"17_Hostel_Maresias_do_Leme\"><\/span>17. Hostel Maresias do Leme<span class=\"ez-toc-section-end\"><\/span><\/h3>\n\n\n\n<p class=\"wp-block-paragraph\">Egy igaz\u00e1n sz\u0171k\u00f6s k\u00f6lts\u00e9gvet\u00e9ssel is remek\u00fcl \u00e9s biztons\u00e1gosan lakhatsz Ri\u00f3ban. A recenzi\u00f3k szerint ez a <strong>v\u00e1ros legjobbra \u00e9rt\u00e9kelt hostelje<\/strong>, 4,7-es pontsz\u00e1mmal \u00e9s k\u00f6zel k\u00e9tezer v\u00e9lem\u00e9nnyel b\u00fcszk\u00e9lkedik. A nagyon csendes Leme negyedben tal\u00e1lhat\u00f3, ami a m\u00e1sk\u00fcl\u00f6nben nagyon hossz\u00fa Copacabana strand l\u00e9nyegesen biztons\u00e1gosabb, tiszt\u00e1bb \u00e9s csendesebb \u00e9szaki v\u00e9ge. Ide\u00e1lis egyens\u00faly az \u00e1r \u00e9s a remek lok\u00e1ci\u00f3 k\u00f6z\u00f6tt a fiatal utaz\u00f3knak.<\/p>\n\n\n\n<p class=\"wp-block-paragraph\">A sz\u00e1ll\u00e1s fantasztikus \u00e9s nagyon nyitott utaz\u00f3i hangulatot k\u00edn\u00e1l, saj\u00e1t \u00e9l\u00e9nk b\u00e1rral \u00e9s <strong>gy\u00f6ny\u00f6r\u0171 k\u00fclt\u00e9ri terasszal, csod\u00e1latos \u00f3ce\u00e1npanor\u00e1m\u00e1val<\/strong>, ahol reggel nyugodtan megihatod a k\u00e1v\u00e9dat. Rugalmasan v\u00e1laszthatsz az olcs\u00f3bb k\u00f6z\u00f6s h\u00e1l\u00f3termek \u00e9s a kisebb priv\u00e1t szob\u00e1k k\u00f6z\u00f6tt nagyon bar\u00e1ts\u00e1gos \u00e1ron, amely rengeteg p\u00e9nzt megsp\u00f3rol neked a tov\u00e1bbi d\u00e9l-amerikai utaz\u00e1sokra.<\/p>\n\n\n\n<p class=\"wp-block-paragraph\">\ud83d\udca1 Tipp: A <a href=\"https:\/\/www.stay22.com\/allez\/roam?aid=lukaskonecny&#038;campaign=loudavymkrokemcz&#038;campaign=kde-bydlet-v-rio-de-janeiru&#038;hotelname=Hostel%20Maresias%20do%20Leme&#038;address=Rio%20de%20Janeiro%2C%20Braz%C3%ADlie\" target=\"_blank\" rel=\"noopener nofollow sponsored\">hostel<\/a> a h\u00e1tizs\u00e1kosok k\u00f6r\u00e9ben h\u00edres a <strong>nagyon bar\u00e1ts\u00e1gos \u00e9s befogad\u00f3 k\u00f6z\u00f6ss\u00e9g\u00e9r\u0151l<\/strong>. Ha egyed\u00fcl utazol Braz\u00edli\u00e1ba, \u00e9s gyorsan szeretn\u00e9l megismerni tov\u00e1bbi j\u00f3 fej embereket a k\u00f6z\u00f6s kir\u00e1ndul\u00e1sokhoz a Krisztus-szoborhoz vagy az esti italokhoz, itt teljesen j\u00f3 helyen vagy.<\/p>\n\n\n\n<figure data-wp-context=\"{&quot;imageId&quot;:&quot;6a9c1fc5069bf&quot;}\" data-wp-interactive=\"core\/image\" data-wp-key=\"6a9c1fc5069bf\" class=\"wp-block-image size-full wp-lightbox-container\"><img decoding=\"async\" width=\"1600\" height=\"1199\" data-wp-class--hide=\"state.isContentHidden\" data-wp-class--show=\"state.isContentVisible\" data-wp-init=\"callbacks.setButtonStyles\" data-wp-on--click=\"actions.showLightbox\" data-wp-on--load=\"callbacks.setButtonStyles\" data-wp-on--pointerdown=\"actions.preloadImage\" data-wp-on--pointerenter=\"actions.preloadImageWithDelay\" data-wp-on--pointerleave=\"actions.cancelPreload\" data-wp-on-window--resize=\"callbacks.setButtonStyles\" src=\"https:\/\/loudavymkrokem.cz\/wp-content\/uploads\/2026\/09\/hotel-nacional.jpg\" alt=\"Hotel Nacional\" class=\"wp-image-413129\" title=\"\" srcset=\"https:\/\/loudavymkrokem.cz\/wp-content\/uploads\/2026\/09\/hotel-nacional.jpg 1600w, https:\/\/loudavymkrokem.cz\/wp-content\/uploads\/2026\/09\/hotel-nacional-300x225.jpg 300w, https:\/\/loudavymkrokem.cz\/wp-content\/uploads\/2026\/09\/hotel-nacional-700x525.jpg 700w, https:\/\/loudavymkrokem.cz\/wp-content\/uploads\/2026\/09\/hotel-nacional-768x576.jpg 768w, https:\/\/loudavymkrokem.cz\/wp-content\/uploads\/2026\/09\/hotel-nacional-1536x1151.jpg 1536w, https:\/\/loudavymkrokem.cz\/wp-content\/uploads\/2026\/09\/hotel-nacional-80x60.jpg 80w, https:\/\/loudavymkrokem.cz\/wp-content\/uploads\/2026\/09\/hotel-nacional-160x120.jpg 160w, https:\/\/loudavymkrokem.cz\/wp-content\/uploads\/2026\/09\/hotel-nacional-696x522.jpg 696w, https:\/\/loudavymkrokem.cz\/wp-content\/uploads\/2026\/09\/hotel-nacional-1392x1043.jpg 1392w\" sizes=\"(max-width: 1600px) 100vw, 1600px\" \/><button\n\t\t\tclass=\"lightbox-trigger\"\n\t\t\ttype=\"button\"\n\t\t\taria-haspopup=\"dialog\"\n\t\t\tdata-wp-bind--aria-label=\"state.thisImage.triggerButtonAriaLabel\"\n\t\t\tdata-wp-init=\"callbacks.initTriggerButton\"\n\t\t\tdata-wp-on--click=\"actions.showLightbox\"\n\t\t\tdata-wp-style--right=\"state.thisImage.buttonRight\"\n\t\t\tdata-wp-style--top=\"state.thisImage.buttonTop\"\n\t\t>\n\t\t\t<svg xmlns=\"http:\/\/www.w3.org\/2000\/svg\" width=\"12\" height=\"12\" fill=\"none\" viewBox=\"0 0 12 12\">\n\t\t\t\t<path fill=\"#fff\" d=\"M2 0a2 2 0 0 0-2 2v2h1.5V2a.5.5 0 0 1 .5-.5h2V0H2Zm2 10.5H2a.5.5 0 0 1-.5-.5V8H0v2a2 2 0 0 0 2 2h2v-1.5ZM8 12v-1.5h2a.5.5 0 0 0 .5-.5V8H12v2a2 2 0 0 1-2 2H8Zm2-12a2 2 0 0 1 2 2v2h-1.5V2a.5.5 0 0 0-.5-.5H8V0h2Z\" \/>\n\t\t\t<\/svg>\n\t\t<\/button><figcaption class=\"wp-element-caption\">Foto: Antonio Helder de Sousa \/ Google Maps<\/figcaption><\/figure>\n\n\n\n<h3 class=\"wp-block-heading\"><span class=\"ez-toc-section\" id=\"18_Hotel_Nacional\"><\/span>18. Hotel Nacional<span class=\"ez-toc-section-end\"><\/span><\/h3>\n\n\n\n<p class=\"wp-block-paragraph\">Ez az \u00e9p\u00edt\u00e9szeti gy\u00f6ngyszem kicsit f\u00e9lreesik a f\u0151 ny\u00fczsg\u00e9st\u0151l a modern nyugati S\u00e3o Conrado negyedben. Sz\u00e1nd\u00e9kosan sorolom ide annak p\u00e9ld\u00e1jak\u00e9nt, mi mindent csod\u00e1latosat nyersz, ha lemondasz a s\u00e9ta-t\u00e1vols\u00e1gr\u00f3l a forgalmas k\u00f6zpontba. Ez ugyanis egy <strong>gy\u00f6ny\u00f6r\u0171 \u00e9p\u00fclet, amelyet maga a h\u00edres \u00e9p\u00edt\u00e9sz, Oscar Niemeyer tervezett<\/strong>, \u00e9s ma egy hatalmas \u00e9s nagyon luxus resort-\u00e9lm\u00e9nnyel cs\u00e1b\u00edt, tele fantasztikus diz\u00e1jnnal.<\/p>\n\n\n\n<p class=\"wp-block-paragraph\">A resort a vend\u00e9geknek sokkal <strong>csendesebb strandot k\u00edn\u00e1l turista\u00e1radat n\u00e9lk\u00fcl<\/strong> \u00e9s rengeteg \u00e9letteret, ami maxim\u00e1lisan megfelel mindenkinek, aki f\u0151leg a v\u00edz melletti pihen\u00e9sre v\u00e1gyik egy k\u00f6nyvvel a k\u00e9zben. A Copacabana viszont innen igaz\u00e1n nagyon messze van, a d\u00e9lut\u00e1ni cs\u00facsban nyugodtan <strong>egy \u00f3ra Uberben<\/strong>. Fontold meg, meg\u00e9ri-e neked az a nyugalom \u00e9s t\u00e9r.<\/p>\n\n\n\n<p class=\"wp-block-paragraph\">\ud83d\udca1 Tipp: A hotel remek v\u00e1laszt\u00e1s <strong>igaz\u00e1n hossz\u00fa, v\u00edz melletti tart\u00f3zkod\u00e1sra, vagy ha saj\u00e1t b\u00e9relt aut\u00f3d van<\/strong>. Nagyon vigy\u00e1zz azonban a t\u00f6bbi hotellel, amelyeknek csak a nev\u00e9ben szerepel a \u201eRio&#8221; sz\u00f3. Mindig gondosan ellen\u0151rizd a val\u00f3s c\u00edm\u00fcket a t\u00e9rk\u00e9pen, nehogy valahol messze, a Santos Dumont rep\u00fcl\u0151t\u00e9r mellett k\u00f6ss ki. <em><a href=\"https:\/\/www.stay22.com\/allez\/roam?aid=lukaskonecny&#038;campaign=loudavymkrokemcz&#038;campaign=kde-bydlet-v-rio-de-janeiru&#038;hotelname=Hotel%20Nacional&#038;address=Rio%20de%20Janeiro%2C%20Braz%C3%ADlie\" target=\"_blank\" rel=\"nofollow noopener sponsored\">\u00e1rak \u00e9s el\u00e9rhet\u0151s\u00e9g ellen\u0151rz\u00e9se<\/a><\/em><\/p>\n\n\n\n<h2 class=\"wp-block-heading\"><span class=\"ez-toc-section\" id=\"Hogyan_valaszd_ki_a_megfelelo_hotelt\"><\/span>Hogyan v\u00e1laszd ki a megfelel\u0151 hotelt<span class=\"ez-toc-section-end\"><\/span><\/h2>\n\n\n\n<p class=\"wp-block-paragraph\">A v\u00e9gs\u0151 d\u00f6nt\u00e9sn\u00e9l tiszt\u00e1znod kell magadban, milyen t\u00edpus\u00fa nyaral\u00e1st r\u00e9szes\u00edtesz el\u0151nyben. Ha <strong>kisebb gyerekes csal\u00e1dk\u00e9nt<\/strong> utazol, a biztons\u00e1gnak \u00e9s a nyugalomnak kell az els\u0151 helyen \u00e1llnia. Ilyen esetben melegen aj\u00e1nlom, hogy Leblont vagy egy z\u00e1rt resortot, p\u00e9ld\u00e1ul a Sheratont v\u00e1laszd. \u00cdgy elker\u00fcl\u00f6d a forgalmas utc\u00e1k esti stressz\u00e9t, a gyerekeknek pedig lesz hely\u00fck a medenc\u00e9kben val\u00f3 biztons\u00e1gos f\u00fcrd\u00e9shez.<\/p>\n\n\n\n<p class=\"wp-block-paragraph\">A <strong>romantikus p\u00e1roknak<\/strong>, akik nem tervezik, hogy minden napot a strandon t\u00f6ltenek, teljesen var\u00e1zslatos Santa Teresa. Gyarmati vill\u00e1inak \u00e9s az \u00e9jszakai v\u00e1rosra ny\u00edl\u00f3 kil\u00e1t\u00e1sainak nincs konkurenci\u00e1ja. Ezzel szemben, ha egy bar\u00e1ti t\u00e1rsas\u00e1ggal m\u00e9sz, \u00e9s igazi strandi ny\u00fczsg\u00e9st, b\u00e1rokat \u00e9s nagyv\u00e1rosi energi\u00e1t szeretn\u00e9l \u00e1t\u00e9lni, a <strong>Copacabana vagy az Ipanema<\/strong> az egy\u00e9rtelm\u0171 v\u00e1laszt\u00e1s, ahol minden t\u00f6rt\u00e9n\u00e9s k\u00f6z\u00e9ppontj\u00e1ban leszel.<\/p>\n\n\n\n<p class=\"wp-block-paragraph\">Nagy csapda a tapasztalatlan utaz\u00f3knak az \u00edg\u00e9rt kil\u00e1t\u00e1s. Ne feledd, hogy a <strong>\u201evista mar&#8221; nem felt\u00e9tlen\u00fcl jelent strandpanor\u00e1m\u00e1t<\/strong> az els\u0151 sorb\u00f3l. Gyakran csak oldalir\u00e1ny\u00fa kil\u00e1t\u00e1s egy h\u00e1zt\u00f6mbbel od\u00e9bb \u00e1ll\u00f3 hotelb\u0151l. Fontold meg, val\u00f3ban meg\u00e9ri-e neked a fel\u00e1rat az \u00e9p\u00fcletek k\u00f6z\u00f6tti r\u00e9s, vagy ink\u00e1bb sp\u00f3rolsz azzal, hogy a m\u00e1sodik vonalban sz\u00e1llsz meg, ahonnan ugyanolyan gyorsan a v\u00edzn\u00e9l vagy.<\/p>\n\n\n\n<p class=\"wp-block-paragraph\">Alapvet\u0151 szerepet j\u00e1tszik az esti logisztika is. <strong>S\u00f6t\u00e9ted\u00e9s ut\u00e1n gyalog nem k\u00f6zlekednek<\/strong> m\u00e9g a k\u00f6zeli negyedek k\u00f6z\u00f6tt sem, az \u00e9jszakai strandokra pedig egy\u00e1ltal\u00e1n nem j\u00e1rnak. B\u00e1rhol is laksz, az <strong>esti Uber Ri\u00f3ban<\/strong> nem luxus, hanem egyszer\u0171en a v\u00e1rosi \u00e9let r\u00e9sze. Sz\u00e1mold hozz\u00e1 r\u00f6gt\u00f6n a napi k\u00f6lts\u00e9gvet\u00e9sedhez, \u00e9s megsp\u00f3rolsz magadnak sok felesleges idegesked\u00e9st.<\/p>\n\n\n\n<h2 class=\"wp-block-heading\"><span class=\"ez-toc-section\" id=\"Hova_tovabb\"><\/span>Hova tov\u00e1bb<span class=\"ez-toc-section-end\"><\/span><\/h2>\n\n\n\n<ul class=\"wp-block-list\">\n\n<li><a href=\"https:\/\/loudavymkrokem.cz\/co-videt-v-rio-de-janeiru\/\">Mit \u00e9rdemes megn\u00e9zni Rio de Janeir\u00f3ban<\/a><\/li>\n\n\n\n<li><a href=\"https:\/\/loudavymkrokem.cz\/?p=412738\">Hol sz\u00e1llj meg S\u00e3o Paul\u00f3ban<\/a><\/li>\n\n\n\n<li><a href=\"https:\/\/loudavymkrokem.cz\/?p=412732\">Mit \u00e9rdemes megn\u00e9zni S\u00e3o Paul\u00f3ban<\/a><\/li>\n\n\n<\/ul>\n\n\n\n<h2 class=\"wp-block-heading\"><span class=\"ez-toc-section\" id=\"Gyakran_ismetelt_kerdesek\"><\/span>Gyakran ism\u00e9telt k\u00e9rd\u00e9sek<span class=\"ez-toc-section-end\"><\/span><\/h2>\n\n\n<div id=\"rank-math-faq\" class=\"rank-math-block\">\n<div class=\"rank-math-list \">\n<div id=\"faq-question-1788283116000\" class=\"rank-math-list-item\">\n<h3 class=\"rank-math-question \"><span class=\"ez-toc-section\" id=\"Biztonsagos_Rio_de_Janeiro_a_turistak_szamara\"><\/span>Biztons\u00e1gos Rio de Janeiro a turist\u00e1k sz\u00e1m\u00e1ra?<span class=\"ez-toc-section-end\"><\/span><\/h3>\n<div class=\"rank-math-answer \">\n\n<p>Igen, ha betartod az alapvet\u0151 szab\u00e1lyokat \u00e9s haszn\u00e1lod a j\u00f3zan eszed. A biztons\u00e1g nagyon f\u00fcgg a konkr\u00e9t v\u00e1rosr\u00e9sz kiv\u00e1laszt\u00e1s\u00e1t\u00f3l, ahol Leblon \u00e9s Ipanema hossz\u00fa t\u00e1von a legbiztons\u00e1gosabbak k\u00f6z\u00e9 tartoznak. Teljesen kulcsfontoss\u00e1g\u00fa, hogy s\u00f6t\u00e9ted\u00e9s ut\u00e1n soha ne menj a strandokra, ne viselj l\u00e1that\u00f3an dr\u00e1ga \u00e9kszereket, \u00e9s <strong>a telefonodat semmik\u00e9pp se tartsd a kezedben<\/strong>, amikor a nyilv\u00e1nos s\u00e9t\u00e1nyon s\u00e9t\u00e1lsz. A strandon tev\u00e9kenyked\u0151 zsebtolvajok mellett figyelj a turistal\u00e1tv\u00e1nyoss\u00e1gok k\u00f6r\u00fcli t\u00f6megekben is. Mindig tartsd elrejtve az \u00e9rt\u00e9keidet, \u00e9s ne vigy\u00e9l magaddal sz\u00fcks\u00e9gtelen\u00fcl nagy mennyis\u00e9g\u0171 k\u00e9szp\u00e9nzt.<\/p>\n\n<\/div>\n<\/div>\n<div id=\"faq-question-1788283116001\" class=\"rank-math-list-item\">\n<h3 class=\"rank-math-question \"><span class=\"ez-toc-section\" id=\"Ihato_a_csapviz_Rioban\"><\/span>Ihat\u00f3 a csapv\u00edz Ri\u00f3ban?<span class=\"ez-toc-section-end\"><\/span><\/h3>\n<div class=\"rank-math-answer \">\n\n<p>A csapvizet Braz\u00edli\u00e1ban <strong>egy\u00e1ltal\u00e1n nem javaslom inni<\/strong>. K\u00f6zvetlen fogyaszt\u00e1shoz, fogmos\u00e1shoz \u00e9s tea k\u00e9sz\u00edt\u00e9s\u00e9hez mindig v\u00e1s\u00e1rolj palackozott vizet a boltban. A csapv\u00edz m\u00e1s bakt\u00e9rium\u00f6sszet\u00e9telt tartalmaz, \u00e9s nagyon kellemetlen em\u00e9szt\u00e9si probl\u00e9m\u00e1kat okozhat, amelyek feleslegesen t\u00f6nkretehetik \u00e1lomnyaral\u00e1sod jelent\u0151s r\u00e9sz\u00e9t. Ha italokat iszol a b\u00e1rban vagy a strandon, k\u00e9rdezd meg, hogy a j\u00e9g sz\u0171rt v\u00edzb\u0151l k\u00e9sz\u00fclt-e. A jobb helyeken ez standard, de a kisebb strandokn\u00e1l \u00f3vatoss\u00e1g sz\u00fcks\u00e9ges.<\/p>\n\n<\/div>\n<\/div>\n<div id=\"faq-question-1788283116002\" class=\"rank-math-list-item\">\n<h3 class=\"rank-math-question \"><span class=\"ez-toc-section\" id=\"Hol_lehet_jol_enni_ha_nem_eszem_hust\"><\/span>Hol lehet j\u00f3l enni, ha nem eszem h\u00fast?<span class=\"ez-toc-section-end\"><\/span><\/h3>\n<div class=\"rank-math-answer \">\n\n<p>A brazil konyha ugyan er\u0151sen h\u00fas alap\u00fa, de rengeteg finom h\u00fasmentes v\u00e1ltozat van mindenhol. Nagyszer\u0171ek a strandparti kioszkokban k\u00edn\u00e1lt <strong>friss\u00edt\u0151 a\u00e7a\u00ed \u00e9s a friss agua de coco<\/strong>. A p\u00e9ks\u00e9gekben mindenk\u00e9pp k\u00f3stold meg a meleg sajtos goly\u00f3kat, a p\u00e3o de queij\u00f3t vagy a sajttal t\u00f6lt\u00f6tt s\u00fclt pastelt, \u00e9s kiv\u00e1l\u00f3ak a helyi tapi\u00f3k\u00e1s lep\u00e9nyek is \u00e9des \u00e9s s\u00f3s v\u00e1ltozatban. R\u00e1ad\u00e1sul rengeteg \u00e9tterem k\u00edn\u00e1l kiv\u00e1l\u00f3 sal\u00e1t\u00e1kat vagy a nemzeti \u00e9tel, a feijoada veget\u00e1ri\u00e1nus v\u00e1ltozatait is, sz\u00f3val gasztron\u00f3miai \u00e9lm\u00e9nyekben biztosan nem lesz hi\u00e1ny.<\/p>\n\n<\/div>\n<\/div>\n<div id=\"faq-question-1788283116003\" class=\"rank-math-list-item\">\n<h3 class=\"rank-math-question \"><span class=\"ez-toc-section\" id=\"Hogyan_mukodik_a_kozlekedes_a_varosreszek_kozott\"><\/span>Hogyan m\u0171k\u00f6dik a k\u00f6zleked\u00e9s a v\u00e1rosr\u00e9szek k\u00f6z\u00f6tt?<span class=\"ez-toc-section-end\"><\/span><\/h3>\n<div class=\"rank-math-answer \">\n\n<p>Nappal a strandok \u00e9s a t\u00f6rt\u00e9nelmi k\u00f6zpont k\u00f6rny\u00e9k\u00e9n kiv\u00e1l\u00f3an \u00e9s nagyon olcs\u00f3n k\u00f6zlekedhetsz a tiszta metr\u00f3val. Amint azonban bes\u00f6t\u00e9tedik, <strong>a legbiztons\u00e1gosabb lehet\u0151s\u00e9g mindig a megb\u00edzhat\u00f3 Uber<\/strong>, ami itt teljesen remek\u00fcl m\u0171k\u00f6dik \u00e9s nagyon \u00e9sszer\u0171 \u00e1rakon. Hivatalos taxit esetleg k\u00e9rj k\u00f6zvetlen\u00fcl a sz\u00e1llod\u00e1d recepci\u00f3j\u00e1nak munkat\u00e1rsait\u00f3l. Az olyan alkalmaz\u00e1sok haszn\u00e1latakor, mint az Uber, mindig gy\u0151z\u0151dj meg r\u00f3la, hogy a megfelel\u0151 aut\u00f3ba sz\u00e1llsz be. A sof\u0151r\u00f6k megb\u00edzhat\u00f3ak szoktak lenni, de a forgalmi dug\u00f3k n\u00e9ha alaposan megny\u00fajthatj\u00e1k az utat.<\/p>\n\n<\/div>\n<\/div>\n<div id=\"faq-question-1788283116004\" class=\"rank-math-list-item\">\n<h3 class=\"rank-math-question \"><span class=\"ez-toc-section\" id=\"Miert_nem_ajanlott_a_szallas_a_Centroban\"><\/span>Mi\u00e9rt nem aj\u00e1nlott a sz\u00e1ll\u00e1s a Centr\u00f3ban?<span class=\"ez-toc-section-end\"><\/span><\/h3>\n<div class=\"rank-math-answer \">\n\n<p>A Centro \u00e9s a mellette l\u00e9v\u0151 Lapa negyed k\u00edn\u00e1lja a legolcs\u00f3bb sz\u00e1llod\u00e1kat, m\u00e9ghozz\u00e1 nagyon j\u00f3 okb\u00f3l. Ugyanis tiszt\u00e1n irodai \u00e9s t\u00f6rt\u00e9nelmi ter\u00fcletekr\u0151l van sz\u00f3, amelyek <strong>a munkaid\u0151 ut\u00e1n azonnal teljesen ki\u00fcr\u00fclnek<\/strong>. \u00c9jszaka ezekre az elhagyatott utc\u00e1kra gyalog egy\u00e1ltal\u00e1n nem \u00e9rdemes menni, sz\u00f3val nyugodt \u00e9s biztons\u00e1gos alv\u00e1shoz ez igaz\u00e1n nem ide\u00e1lis hely. H\u00e9tv\u00e9g\u00e9n a helyzet teljesen hasonl\u00f3, sz\u00f3val ha fel akarod sz\u00edvni a val\u00f3di brazil hangulatot, \u00e9s k\u00f6zel szeretn\u00e9l lenni a sz\u00f3rakoz\u00e1shoz, ink\u00e1bb v\u00e1lassz a strandokhoz k\u00f6zelebbi negyedeket.<\/p>\n\n<\/div>\n<\/div>\n<div id=\"faq-question-1788283116005\" class=\"rank-math-list-item\">\n<h3 class=\"rank-math-question \"><span class=\"ez-toc-section\" id=\"Mennyibe_kerul_a_szallas_a_karneval_alatt\"><\/span>Mennyibe ker\u00fcl a sz\u00e1ll\u00e1s a karnev\u00e1l alatt?<span class=\"ez-toc-section-end\"><\/span><\/h3>\n<div class=\"rank-math-answer \">\n\n<p>A karnev\u00e1l \u00e9s a szilveszteri \u00fcnneps\u00e9gek Ri\u00f3ban rendk\u00edv\u00fcl dr\u00e1g\u00e1k \u00e9s hektikusak. A sz\u00e1llodai \u00e1rak a szok\u00e1sos tarif\u00e1k t\u00f6bbsz\u00f6r\u00f6s\u00e9re emelkednek, \u00e9s a legjobb copacabanai \u00e9s ipanemai sz\u00e1llod\u00e1k <strong>rem\u00e9nytelen\u00fcl telth\u00e1zasak sok h\u00f3nappal el\u0151re is<\/strong>. Ha ezekre a nagy \u00fcnnepekre tervezel utaz\u00e1st 2026-ban, azonnal foglald le a sz\u00e1ll\u00e1st. Sz\u00e1molj azzal is, hogy ezekben az id\u0151pontokban megv\u00e1ltozik a v\u00e1ros szok\u00e1sos ritmusa. N\u00e9h\u00e1ny utc\u00e1t lez\u00e1rnak a forgalom el\u0151l, \u00e9s az eg\u00e9sz logisztika alaposabb tervez\u00e9st ig\u00e9nyel.<\/p>\n\n<\/div>\n<\/div>\n<div id=\"faq-question-1788283116006\" class=\"rank-math-list-item\">\n<h3 class=\"rank-math-question \"><span class=\"ez-toc-section\" id=\"Mit_jelent_az_ha_egy_szalloda_neveben_benne_van_a_Rio\"><\/span>Mit jelent az, ha egy sz\u00e1lloda nev\u00e9ben benne van a Rio?<span class=\"ez-toc-section-end\"><\/span><\/h3>\n<div class=\"rank-math-answer \">\n\n<p>L\u00e9gy nagyon \u00f3vatos, mert <strong>a &#8220;Rio&#8221; n\u00e9vvel rendelkez\u0151 sz\u00e1llod\u00e1k nagyon messze lehetnek a k\u00f6zpontt\u00f3l<\/strong>, p\u00e9ld\u00e1ul a modern nyugati Barra da Tijuca negyedben vagy k\u00f6zvetlen\u00fcl a zajos Santos Dumont rep\u00fcl\u0151t\u00e9r mellett. Mindig alaposan ellen\u0151rizd a sz\u00e1lloda pontos hely\u00e9t a t\u00e9rk\u00e9pen, hogy ne t\u00f6ltsd a nyaral\u00e1sod fel\u00e9t v\u00e9gtelen forgalmi dug\u00f3kban. Ez\u00e9rt mindig el\u0151re gondosan ellen\u0151rizd, mennyi ideig tart a val\u00f3s utaz\u00e1s a f\u0151 l\u00e1tnival\u00f3khoz. Egy pluszban taxiban t\u00f6lt\u00f6tt \u00f3ra feleslegesen megdr\u00e1g\u00edthatja \u00e1h\u00edtott nyaral\u00e1sodat.<\/p>\n\n<\/div>\n<\/div>\n<\/div>\n<\/div>","protected":false},"excerpt":{"rendered":"<p>Braz\u00edli\u00e1ba k\u00e9sz\u00fclsz? Tudd meg, mely negyedekben a legbiztons\u00e1gosabb Rio de Janeiro, hol sz\u00e1llj meg a strand k\u00f6zel\u00e9ben, \u00e9s mely helyeket ker\u00fcld ink\u00e1bb s\u00f6t\u00e9ted\u00e9s ut\u00e1n.<\/p>\n","protected":false},"author":3,"featured_media":413360,"comment_status":"open","ping_status":"open","sticky":false,"template":"","format":"standard","meta":{"_acf_changed":false,"footnotes":"","rank_math_title":"Rio de Janeiro: 18 legjobb hotel \u00e9s biztons\u00e1gos negyed","rank_math_description":"Hol sz\u00e1llj meg Rio de Janeir\u00f3ban? 18 tipp a legjobb hotelekre \u00e9s a legbiztons\u00e1gosabb negyedekre 2026-ban. N\u00e9zd meg, hol foglalj a strand k\u00f6zel\u00e9ben!","rank_math_focus_keyword":"rio de janeiro","rank_math_seo_score":""},"categories":[1788],"tags":[],"class_list":["post-417229","post","type-post","status-publish","format-standard","has-post-thumbnail","category-utazas"],"acf":[],"featured_image_src":"https:\/\/loudavymkrokem.cz\/wp-content\/uploads\/2026\/09\/plaz-ipanema-v-riu-23f4c28f.jpg","author_info":{"display_name":"Lucie Kone\u010dn\u00e1","author_link":"https:\/\/loudavymkrokem.cz\/hu\/author\/lucie-konecna\/"},"_links":{"self":[{"href":"https:\/\/loudavymkrokem.cz\/hu\/wp-json\/wp\/v2\/posts\/417229","targetHints":{"allow":["GET"]}}],"collection":[{"href":"https:\/\/loudavymkrokem.cz\/hu\/wp-json\/wp\/v2\/posts"}],"about":[{"href":"https:\/\/loudavymkrokem.cz\/hu\/wp-json\/wp\/v2\/types\/post"}],"author":[{"embeddable":true,"href":"https:\/\/loudavymkrokem.cz\/hu\/wp-json\/wp\/v2\/users\/3"}],"replies":[{"embeddable":true,"href":"https:\/\/loudavymkrokem.cz\/hu\/wp-json\/wp\/v2\/comments?post=417229"}],"version-history":[{"count":3,"href":"https:\/\/loudavymkrokem.cz\/hu\/wp-json\/wp\/v2\/posts\/417229\/revisions"}],"predecessor-version":[{"id":417232,"href":"https:\/\/loudavymkrokem.cz\/hu\/wp-json\/wp\/v2\/posts\/417229\/revisions\/417232"}],"wp:featuredmedia":[{"embeddable":true,"href":"https:\/\/loudavymkrokem.cz\/hu\/wp-json\/wp\/v2\/media\/413360"}],"wp:attachment":[{"href":"https:\/\/loudavymkrokem.cz\/hu\/wp-json\/wp\/v2\/media?parent=417229"}],"wp:term":[{"taxonomy":"category","embeddable":true,"href":"https:\/\/loudavymkrokem.cz\/hu\/wp-json\/wp\/v2\/categories?post=417229"},{"taxonomy":"post_tag","embeddable":true,"href":"https:\/\/loudavymkrokem.cz\/hu\/wp-json\/wp\/v2\/tags?post=417229"}],"curies":[{"name":"wp","href":"https:\/\/api.w.org\/{rel}","templated":true}]}}