{"id":417223,"date":"2026-09-04T20:53:47","date_gmt":"2026-09-04T18:53:47","guid":{"rendered":"https:\/\/loudavymkrokem.cz\/hol-szallj-meg-strasbourgban\/"},"modified":"2026-09-05T14:21:06","modified_gmt":"2026-09-05T12:21:06","slug":"hol-szallj-meg-strasbourgban","status":"publish","type":"post","link":"https:\/\/loudavymkrokem.cz\/hu\/hol-szallj-meg-strasbourgban\/","title":{"rendered":"Hol sz\u00e1llj meg Strasbourgban: 18 tipp a legjobb hotelekre \u00e9s negyedekre 2026-ban"},"content":{"rendered":"\n<p class=\"wp-block-paragraph\">Strasbourg olyan v\u00e1ros, amely a hangulat\u00e1val t\u00f6k\u00e9letesen mag\u00e1ba szippant, k\u00fcl\u00f6n\u00f6sen amikor a sik\u00e1torai t\u00f6bb ezer f\u00e9nyben ragyognak, \u00e9s a leveg\u0151t megt\u00f6lti a forralt bor illata. A megfelel\u0151 <strong>sz\u00e1ll\u00e1s kiv\u00e1laszt\u00e1sa<\/strong> azonban itt kicsit m\u00e1sk\u00e9pp m\u0171k\u00f6dik, mint a legt\u00f6bb eur\u00f3pai nagyv\u00e1rosban, mert <strong>Strasbourgban els\u0151sorban a d\u00e1tum d\u00f6nt<\/strong>, nem maga a hotel. Ha te is azon gondolkodsz, hol sz\u00e1llj meg Strasbourgban, akkor j\u00f3 helyen j\u00e1rsz.<\/p>\n\n\n\n<p class=\"wp-block-paragraph\">Ha a h\u00edres kar\u00e1csonyi v\u00e1s\u00e1rok idej\u00e9re tervezed a l\u00e1togat\u00e1st, k\u00e9sz\u00fclj fel arra, hogy egy <strong>a t\u00f6rt\u00e9nelmi belv\u00e1rosban l\u00e9v\u0151 hotel ak\u00e1r a janu\u00e1ri \u00e1r h\u00e1romszoros\u00e1ba is ker\u00fclhet<\/strong>. A legjobb c\u00edmek a Grande \u00cele sziget\u00e9n hihetetlen gyorsas\u00e1ggal t\u0171nnek el a foglal\u00e1si port\u00e1lokr\u00f3l, ez\u00e9rt <strong>nyugodtan hat-kilenc h\u00f3nappal el\u0151re is elkelnek<\/strong>.<\/p>\n\n\n\n<p class=\"wp-block-paragraph\">Megmutatom, hogyan ker\u00fcld el a legnagyobb turistacsapd\u00e1kat \u2014 \u00e9s el\u00e1rulok egy apr\u00f3 titkot is, amivel 30-40 sz\u00e1zal\u00e9kot sp\u00f3rolhatsz az adventi \u00e1rakb\u00f3l, ha csak t\u00edz-h\u00fasz perc s\u00e9t\u00e1ra sz\u00e1llsz meg a t\u00f6rt\u00e9nelmi magt\u00f3l.<\/p>\n\n\n\n<figure data-wp-context=\"{&quot;imageId&quot;:&quot;6a9c1fc67b5c5&quot;}\" data-wp-interactive=\"core\/image\" data-wp-key=\"6a9c1fc67b5c5\" class=\"wp-block-image size-full wp-lightbox-container\"><img decoding=\"async\" width=\"1920\" height=\"1848\" data-wp-class--hide=\"state.isContentHidden\" data-wp-class--show=\"state.isContentVisible\" data-wp-init=\"callbacks.setButtonStyles\" data-wp-on--click=\"actions.showLightbox\" data-wp-on--load=\"callbacks.setButtonStyles\" data-wp-on--pointerdown=\"actions.preloadImage\" data-wp-on--pointerenter=\"actions.preloadImageWithDelay\" data-wp-on--pointerleave=\"actions.cancelPreload\" data-wp-on-window--resize=\"callbacks.setButtonStyles\" src=\"https:\/\/loudavymkrokem.cz\/wp-content\/uploads\/2026\/09\/grande-ile-historicke-jadro-strasburku-2b97f23a.jpg\" alt=\"Grande \u00cele, Strasbourg t\u00f6rt\u00e9nelmi magja\" class=\"wp-image-413380\" title=\"\" srcset=\"https:\/\/loudavymkrokem.cz\/wp-content\/uploads\/2026\/09\/grande-ile-historicke-jadro-strasburku-2b97f23a.jpg 1920w, https:\/\/loudavymkrokem.cz\/wp-content\/uploads\/2026\/09\/grande-ile-historicke-jadro-strasburku-2b97f23a-300x289.jpg 300w, https:\/\/loudavymkrokem.cz\/wp-content\/uploads\/2026\/09\/grande-ile-historicke-jadro-strasburku-2b97f23a-700x674.jpg 700w, https:\/\/loudavymkrokem.cz\/wp-content\/uploads\/2026\/09\/grande-ile-historicke-jadro-strasburku-2b97f23a-768x739.jpg 768w, https:\/\/loudavymkrokem.cz\/wp-content\/uploads\/2026\/09\/grande-ile-historicke-jadro-strasburku-2b97f23a-1536x1478.jpg 1536w, https:\/\/loudavymkrokem.cz\/wp-content\/uploads\/2026\/09\/grande-ile-historicke-jadro-strasburku-2b97f23a-696x670.jpg 696w, https:\/\/loudavymkrokem.cz\/wp-content\/uploads\/2026\/09\/grande-ile-historicke-jadro-strasburku-2b97f23a-1392x1340.jpg 1392w\" sizes=\"(max-width: 1920px) 100vw, 1920px\" \/><button\n\t\t\tclass=\"lightbox-trigger\"\n\t\t\ttype=\"button\"\n\t\t\taria-haspopup=\"dialog\"\n\t\t\tdata-wp-bind--aria-label=\"state.thisImage.triggerButtonAriaLabel\"\n\t\t\tdata-wp-init=\"callbacks.initTriggerButton\"\n\t\t\tdata-wp-on--click=\"actions.showLightbox\"\n\t\t\tdata-wp-style--right=\"state.thisImage.buttonRight\"\n\t\t\tdata-wp-style--top=\"state.thisImage.buttonTop\"\n\t\t>\n\t\t\t<svg xmlns=\"http:\/\/www.w3.org\/2000\/svg\" width=\"12\" height=\"12\" fill=\"none\" viewBox=\"0 0 12 12\">\n\t\t\t\t<path fill=\"#fff\" d=\"M2 0a2 2 0 0 0-2 2v2h1.5V2a.5.5 0 0 1 .5-.5h2V0H2Zm2 10.5H2a.5.5 0 0 1-.5-.5V8H0v2a2 2 0 0 0 2 2h2v-1.5ZM8 12v-1.5h2a.5.5 0 0 0 .5-.5V8H12v2a2 2 0 0 1-2 2H8Zm2-12a2 2 0 0 1 2 2v2h-1.5V2a.5.5 0 0 0-.5-.5H8V0h2Z\" \/>\n\t\t\t<\/svg>\n\t\t<\/button><figcaption class=\"wp-element-caption\">Fot\u00f3: Cayambe \/ Wikimedia Commons, CC BY-SA 3.0<\/figcaption><\/figure>\n\n\n\n<div id=\"ez-toc-container\" class=\"ez-toc-v2_0_87 ez-toc-wrap-left counter-hierarchy ez-toc-counter ez-toc-grey ez-toc-container-direction\">\n<div class=\"ez-toc-title-container\">\n<p class=\"ez-toc-title\" style=\"cursor:inherit\">A cikk tartalma<\/p>\n<span class=\"ez-toc-title-toggle\"><a href=\"#\" class=\"ez-toc-pull-right ez-toc-btn ez-toc-btn-xs ez-toc-btn-default ez-toc-toggle\" aria-label=\"Toggle Table of Content\"><span class=\"ez-toc-js-icon-con\"><span class=\"\"><span class=\"eztoc-hide\" style=\"display:none;\">Toggle<\/span><span class=\"ez-toc-icon-toggle-span\"><svg style=\"fill: #999;color:#999\" xmlns=\"http:\/\/www.w3.org\/2000\/svg\" class=\"list-377408\" width=\"20px\" height=\"20px\" viewBox=\"0 0 24 24\" fill=\"none\"><path d=\"M6 6H4v2h2V6zm14 0H8v2h12V6zM4 11h2v2H4v-2zm16 0H8v2h12v-2zM4 16h2v2H4v-2zm16 0H8v2h12v-2z\" fill=\"currentColor\"><\/path><\/svg><svg style=\"fill: #999;color:#999\" class=\"arrow-unsorted-368013\" xmlns=\"http:\/\/www.w3.org\/2000\/svg\" width=\"10px\" height=\"10px\" viewBox=\"0 0 24 24\" version=\"1.2\" baseProfile=\"tiny\"><path d=\"M18.2 9.3l-6.2-6.3-6.2 6.3c-.2.2-.3.4-.3.7s.1.5.3.7c.2.2.4.3.7.3h11c.3 0 .5-.1.7-.3.2-.2.3-.5.3-.7s-.1-.5-.3-.7zM5.8 14.7l6.2 6.3 6.2-6.3c.2-.2.3-.5.3-.7s-.1-.5-.3-.7c-.2-.2-.4-.3-.7-.3h-11c-.3 0-.5.1-.7.3-.2.2-.3.5-.3.7s.1.5.3.7z\"\/><\/svg><\/span><\/span><\/span><\/a><\/span><\/div>\n<nav><ul class='ez-toc-list ez-toc-list-level-1 ' ><ul class='ez-toc-list-level-3' ><li class='ez-toc-heading-level-3'><a class=\"ez-toc-link ez-toc-heading-1\" href=\"https:\/\/loudavymkrokem.cz\/hu\/hol-szallj-meg-strasbourgban\/#Osszefoglalas_azoknak_akiknek_nincs_idejuk_vegigolvasni_a_cikket\" >\u00d6sszefoglal\u00e1s azoknak, akiknek nincs idej\u00fck v\u00e9gigolvasni a cikket<\/a><\/li><\/ul><\/li><li class='ez-toc-page-1 ez-toc-heading-level-2'><a class=\"ez-toc-link ez-toc-heading-2\" href=\"https:\/\/loudavymkrokem.cz\/hu\/hol-szallj-meg-strasbourgban\/#Melyik_teruletet_valaszd_a_szallashoz\" >Melyik ter\u00fcletet v\u00e1laszd a sz\u00e1ll\u00e1shoz<\/a><\/li><li class='ez-toc-page-1 ez-toc-heading-level-2'><a class=\"ez-toc-link ez-toc-heading-3\" href=\"https:\/\/loudavymkrokem.cz\/hu\/hol-szallj-meg-strasbourgban\/#Mikor_menj_es_mikor_foglalj_szobat\" >Mikor menj, \u00e9s mikor foglalj szob\u00e1t<\/a><\/li><li class='ez-toc-page-1 ez-toc-heading-level-2'><a class=\"ez-toc-link ez-toc-heading-4\" href=\"https:\/\/loudavymkrokem.cz\/hu\/hol-szallj-meg-strasbourgban\/#Hol_szallj_meg_Strasbourgban_a_18_legjobb_hotel\" >Hol sz\u00e1llj meg Strasbourgban: a 18 legjobb hotel<\/a><ul class='ez-toc-list-level-3' ><li class='ez-toc-heading-level-3'><a class=\"ez-toc-link ez-toc-heading-5\" href=\"https:\/\/loudavymkrokem.cz\/hu\/hol-szallj-meg-strasbourgban\/#1_Cour_du_Corbeau_Hotel_Strasbourg_MGallery\" >1. Cour du Corbeau Hotel Strasbourg MGallery<\/a><\/li><li class='ez-toc-page-1 ez-toc-heading-level-3'><a class=\"ez-toc-link ez-toc-heading-6\" href=\"https:\/\/loudavymkrokem.cz\/hu\/hol-szallj-meg-strasbourgban\/#2_Les_Haras_Hotel_by_Stay_Collection\" >2. Les Haras H\u00f4tel by Stay Collection<\/a><\/li><li class='ez-toc-page-1 ez-toc-heading-level-3'><a class=\"ez-toc-link ez-toc-heading-7\" href=\"https:\/\/loudavymkrokem.cz\/hu\/hol-szallj-meg-strasbourgban\/#3_Maison_Rouge_Strasbourg_Hotel_Spa\" >3. Maison Rouge Strasbourg Hotel &#038; Spa<\/a><\/li><li class='ez-toc-page-1 ez-toc-heading-level-3'><a class=\"ez-toc-link ez-toc-heading-8\" href=\"https:\/\/loudavymkrokem.cz\/hu\/hol-szallj-meg-strasbourgban\/#4_Hotel_Beaucour\" >4. H\u00f4tel Beaucour<\/a><\/li><li class='ez-toc-page-1 ez-toc-heading-level-3'><a class=\"ez-toc-link ez-toc-heading-9\" href=\"https:\/\/loudavymkrokem.cz\/hu\/hol-szallj-meg-strasbourgban\/#5_LEONOR_Hotel_by_Stay_Collection\" >5. L\u00c9ONOR H\u00f4tel by Stay Collection<\/a><\/li><li class='ez-toc-page-1 ez-toc-heading-level-3'><a class=\"ez-toc-link ez-toc-heading-10\" href=\"https:\/\/loudavymkrokem.cz\/hu\/hol-szallj-meg-strasbourgban\/#6_Hotel_Tandem\" >6. Hotel Tandem<\/a><\/li><li class='ez-toc-page-1 ez-toc-heading-level-3'><a class=\"ez-toc-link ez-toc-heading-11\" href=\"https:\/\/loudavymkrokem.cz\/hu\/hol-szallj-meg-strasbourgban\/#7_Sofitel_Strasbourg_Grande_Ile\" >7. Sofitel Strasbourg Grande \u00cele<\/a><\/li><li class='ez-toc-page-1 ez-toc-heading-level-3'><a class=\"ez-toc-link ez-toc-heading-12\" href=\"https:\/\/loudavymkrokem.cz\/hu\/hol-szallj-meg-strasbourgban\/#8_Hotel_Regent_Contades_by_Stay_Collection\" >8. H\u00f4tel R\u00e9gent Contades by Stay Collection<\/a><\/li><li class='ez-toc-page-1 ez-toc-heading-level-3'><a class=\"ez-toc-link ez-toc-heading-13\" href=\"https:\/\/loudavymkrokem.cz\/hu\/hol-szallj-meg-strasbourgban\/#9_Pavillon_Regent_Petite_France\" >9. Pavillon R\u00e9gent Petite France<\/a><\/li><li class='ez-toc-page-1 ez-toc-heading-level-3'><a class=\"ez-toc-link ez-toc-heading-14\" href=\"https:\/\/loudavymkrokem.cz\/hu\/hol-szallj-meg-strasbourgban\/#10_Hannong_Hotel_Wine_Bar\" >10. Hannong H\u00f4tel &#038; Wine Bar<\/a><\/li><li class='ez-toc-page-1 ez-toc-heading-level-3'><a class=\"ez-toc-link ez-toc-heading-15\" href=\"https:\/\/loudavymkrokem.cz\/hu\/hol-szallj-meg-strasbourgban\/#11_Hotel_Gutenberg\" >11. H\u00f4tel Gutenberg<\/a><\/li><li class='ez-toc-page-1 ez-toc-heading-level-3'><a class=\"ez-toc-link ez-toc-heading-16\" href=\"https:\/\/loudavymkrokem.cz\/hu\/hol-szallj-meg-strasbourgban\/#12_Hotel_Rohan_Strasbourg\" >12. H\u00f4tel Rohan Strasbourg<\/a><\/li><li class='ez-toc-page-1 ez-toc-heading-level-3'><a class=\"ez-toc-link ez-toc-heading-17\" href=\"https:\/\/loudavymkrokem.cz\/hu\/hol-szallj-meg-strasbourgban\/#13_Hotel_de_lEurope_by_HappyCulture\" >13. Hotel de l&#8217;Europe by HappyCulture<\/a><\/li><li class='ez-toc-page-1 ez-toc-heading-level-3'><a class=\"ez-toc-link ez-toc-heading-18\" href=\"https:\/\/loudavymkrokem.cz\/hu\/hol-szallj-meg-strasbourgban\/#14_Logis_Hotel_Au_Cerf_dOr\" >14. Logis H\u00f4tel Au Cerf d&#8217;Or<\/a><\/li><li class='ez-toc-page-1 ez-toc-heading-level-3'><a class=\"ez-toc-link ez-toc-heading-19\" href=\"https:\/\/loudavymkrokem.cz\/hu\/hol-szallj-meg-strasbourgban\/#15_Best_Western_Plus_Hotel_Monopole_Metropole\" >15. Best Western Plus H\u00f4tel Monopole M\u00e9tropole<\/a><\/li><li class='ez-toc-page-1 ez-toc-heading-level-3'><a class=\"ez-toc-link ez-toc-heading-20\" href=\"https:\/\/loudavymkrokem.cz\/hu\/hol-szallj-meg-strasbourgban\/#16_Hotel_Arok\" >16. H\u00f4tel Arok<\/a><\/li><li class='ez-toc-page-1 ez-toc-heading-level-3'><a class=\"ez-toc-link ez-toc-heading-21\" href=\"https:\/\/loudavymkrokem.cz\/hu\/hol-szallj-meg-strasbourgban\/#17_Ciarus\" >17. Ciarus<\/a><\/li><li class='ez-toc-page-1 ez-toc-heading-level-3'><a class=\"ez-toc-link ez-toc-heading-22\" href=\"https:\/\/loudavymkrokem.cz\/hu\/hol-szallj-meg-strasbourgban\/#18_Chateau_de_Pourtales\" >18. Ch\u00e2teau de Pourtal\u00e8s<\/a><\/li><\/ul><\/li><li class='ez-toc-page-1 ez-toc-heading-level-2'><a class=\"ez-toc-link ez-toc-heading-23\" href=\"https:\/\/loudavymkrokem.cz\/hu\/hol-szallj-meg-strasbourgban\/#Hogyan_valaszd_ki_a_megfelelo_hotelt\" >Hogyan v\u00e1laszd ki a megfelel\u0151 hotelt<\/a><\/li><li class='ez-toc-page-1 ez-toc-heading-level-2'><a class=\"ez-toc-link ez-toc-heading-24\" href=\"https:\/\/loudavymkrokem.cz\/hu\/hol-szallj-meg-strasbourgban\/#Hova_tovabb\" >Hov\u00e1 tov\u00e1bb<\/a><\/li><li class='ez-toc-page-1 ez-toc-heading-level-2'><a class=\"ez-toc-link ez-toc-heading-25\" href=\"https:\/\/loudavymkrokem.cz\/hu\/hol-szallj-meg-strasbourgban\/#Gyakran_ismetelt_kerdesek\" >Gyakran ism\u00e9telt k\u00e9rd\u00e9sek<\/a><ul class='ez-toc-list-level-3' ><li class='ez-toc-heading-level-3'><a class=\"ez-toc-link ez-toc-heading-26\" href=\"https:\/\/loudavymkrokem.cz\/hu\/hol-szallj-meg-strasbourgban\/#Mikor_erdemes_leginkabb_szallodat_foglalni_az_adventi_vasarokra\" >Mikor \u00e9rdemes legink\u00e1bb sz\u00e1llod\u00e1t foglalni az adventi v\u00e1s\u00e1rokra?<\/a><\/li><li class='ez-toc-page-1 ez-toc-heading-level-3'><a class=\"ez-toc-link ez-toc-heading-27\" href=\"https:\/\/loudavymkrokem.cz\/hu\/hol-szallj-meg-strasbourgban\/#Hol_talalom_a_legolcsobb_szallast_Strasbourgban\" >Hol tal\u00e1lom a legolcs\u00f3bb sz\u00e1ll\u00e1st Strasbourgban?<\/a><\/li><li class='ez-toc-page-1 ez-toc-heading-level-3'><a class=\"ez-toc-link ez-toc-heading-28\" href=\"https:\/\/loudavymkrokem.cz\/hu\/hol-szallj-meg-strasbourgban\/#Kenyelmesen_lehet_parkolni_a_szallodanal_Strasbourgban\" >K\u00e9nyelmesen lehet parkolni a sz\u00e1llod\u00e1n\u00e1l Strasbourgban?<\/a><\/li><li class='ez-toc-page-1 ez-toc-heading-level-3'><a class=\"ez-toc-link ez-toc-heading-29\" href=\"https:\/\/loudavymkrokem.cz\/hu\/hol-szallj-meg-strasbourgban\/#Megeri_a_Petite_France_negyedben_megszallni\" >Meg\u00e9ri a Petite France negyedben megsz\u00e1llni?<\/a><\/li><li class='ez-toc-page-1 ez-toc-heading-level-3'><a class=\"ez-toc-link ez-toc-heading-30\" href=\"https:\/\/loudavymkrokem.cz\/hu\/hol-szallj-meg-strasbourgban\/#Dragulnak_a_szallodak_az_Europai_Parlament_ulesezesei_alatt\" >Dr\u00e1gulnak a sz\u00e1llod\u00e1k az Eur\u00f3pai Parlament \u00fcl\u00e9sez\u00e9sei alatt?<\/a><\/li><li class='ez-toc-page-1 ez-toc-heading-level-3'><a class=\"ez-toc-link ez-toc-heading-31\" href=\"https:\/\/loudavymkrokem.cz\/hu\/hol-szallj-meg-strasbourgban\/#Mit_erdemes_megkostolni_Strasbourgban_a_helyi_konyhabol\" >Mit \u00e9rdemes megk\u00f3stolni Strasbourgban a helyi konyh\u00e1b\u00f3l?<\/a><\/li><li class='ez-toc-page-1 ez-toc-heading-level-3'><a class=\"ez-toc-link ez-toc-heading-32\" href=\"https:\/\/loudavymkrokem.cz\/hu\/hol-szallj-meg-strasbourgban\/#Jo_bazis_Strasbourg_az_Elzaszban_tett_kirandulasokhoz\" >J\u00f3 b\u00e1zis Strasbourg az Elz\u00e1szban tett kir\u00e1ndul\u00e1sokhoz?<\/a><\/li><\/ul><\/li><\/ul><\/nav><\/div>\n<h3 class=\"wp-block-heading\"><span class=\"ez-toc-section\" id=\"Osszefoglalas_azoknak_akiknek_nincs_idejuk_vegigolvasni_a_cikket\"><\/span>\u00d6sszefoglal\u00e1s azoknak, akiknek nincs idej\u00fck v\u00e9gigolvasni a cikket<span class=\"ez-toc-section-end\"><\/span><\/h3>\n\n\n\n<p class=\"wp-block-paragraph\">Nincs id\u0151d az eg\u00e9sz cikket elolvasni? Semmi stressz, itt vannak a tippjeim di\u00f3h\u00e9jban:<\/p>\n\n\n\n<ul class=\"wp-block-list\">\n\n<li><strong>Legjobb hotel \u00f6sszess\u00e9g\u00e9ben:<\/strong> a <strong>Cour du Corbeau Hotel Strasbourg<\/strong> egy gy\u00f6ny\u00f6r\u0171 16. sz\u00e1zadi \u00e9p\u00fcletben tal\u00e1lhat\u00f3, \u00e9s a v\u00e1ros legszebb c\u00edm\u00e9t k\u00edn\u00e1lja.<\/li>\n\n\n\n<li><strong>Legjobb \u00e1r-fekv\u00e9s ar\u00e1ny:<\/strong> a p\u00e1lyaudvar melletti <strong>Best Western Plus H\u00f4tel Monopole M\u00e9tropole<\/strong> megb\u00edzhat\u00f3 v\u00e1laszt\u00e1s, kiv\u00e1l\u00f3 belv\u00e1rosi el\u00e9rhet\u0151s\u00e9ggel.<\/li>\n\n\n\n<li><strong>A luxus \u00e9s a diz\u00e1jn szerelmeseinek:<\/strong> a <strong>L\u00c9ONOR H\u00f4tel<\/strong> modern bels\u0151t k\u00f6t \u00f6ssze t\u00f6rt\u00e9nelmi \u00e9p\u00edt\u00e9szettel, \u00e9s saj\u00e1t, h\u00edres cukr\u00e1szd\u00e1ja van.<\/li>\n\n\n\n<li><strong>Legromantikusabb kil\u00e1t\u00e1s:<\/strong> a <strong>Pavillon R\u00e9gent Petite France<\/strong> k\u00e9peslapba ill\u0151 l\u00e1tv\u00e1nyt k\u00edn\u00e1l a csatorn\u00e1s, fest\u0151i negyed sz\u00edv\u00e9ben.<\/li>\n\n\n\n<li><strong>Ide\u00e1lis az aut\u00f3val utaz\u00f3knak:<\/strong> a <strong>Ch\u00e2teau de Pourtal\u00e8s<\/strong> a v\u00e1roson k\u00edv\u00fcl, a z\u00f6ldben fekszik, \u00e9s a Park &#038; Ride rendszernek k\u00f6sz\u00f6nhet\u0151en teljesen stresszmentesen bejutsz innen a belv\u00e1rosba.<\/li>\n\n\n\n<li><strong>Legjobb k\u00f6lts\u00e9gvet\u00e9si v\u00e1laszt\u00e1s:<\/strong> a <strong>Ciarus<\/strong> hostel tiszta priv\u00e1t \u00e9s t\u00f6bb\u00e1gyas szob\u00e1kat k\u00edn\u00e1l, s\u00e9tat\u00e1vols\u00e1gra a f\u0151 nevezetess\u00e9gekt\u0151l.<\/li>\n\n\n<\/ul>\n\n\n\n<p class=\"wp-block-paragraph\"><em>\ud83d\udca1 <a href=\"https:\/\/www.stay22.com\/allez\/roam?aid=lukaskonecny&#038;campaign=loudavymkrokemcz&#038;campaign=kde-bydlet-ve-strasburku&#038;address=%C5%A0trasburk%2C%20Francie\" target=\"_blank\" rel=\"nofollow noopener sponsored\">Ezen a t\u00e9rk\u00e9pen \u00f6sszehasonl\u00edthatod, mi szabad \u00e9ppen<\/a> \u2014 azt is l\u00e1tni fogod, mennyivel olcs\u00f3bb a sz\u00e1ll\u00e1s p\u00e1r meg\u00e1ll\u00f3val a belv\u00e1roson k\u00edv\u00fcl.<\/em><\/p>\n\n\n\n<h2 class=\"wp-block-heading\"><span class=\"ez-toc-section\" id=\"Melyik_teruletet_valaszd_a_szallashoz\"><\/span>Melyik ter\u00fcletet v\u00e1laszd a sz\u00e1ll\u00e1shoz<span class=\"ez-toc-section-end\"><\/span><\/h2>\n\n\n\n<p class=\"wp-block-paragraph\">Strasbourg viszonylag kompakt v\u00e1ros, de az egyes negyedei dr\u00e1maian k\u00fcl\u00f6nb\u00f6znek egym\u00e1st\u00f3l, nemcsak a hangulatukban, hanem mindenekel\u0151tt az \u00e1rszintj\u00fckben is. Miel\u0151tt b\u00f6ng\u00e9szni kezden\u00e9d a foglal\u00e1si port\u00e1lokat, <strong>alapvet\u0151 fontoss\u00e1g\u00fa tiszt\u00e1zni, melyik helysz\u00edn illik legjobban az \u00fatitervedhez<\/strong> \u00e9s a k\u00f6lts\u00e9gvet\u00e9sedhez.<\/p>\n\n\n\n<p class=\"wp-block-paragraph\">Az abszol\u00fat t\u00f6rt\u00e9nelmi mag a <strong>Grande \u00cele szigete<\/strong>, amelyet minden oldalr\u00f3l az Ill foly\u00f3 \u00e1gai v\u00e9denek, \u00e9s amely m\u00e1r 1988 \u00f3ta b\u00fcszk\u00e9lkedhet az <a href=\"https:\/\/whc.unesco.org\/en\/list\/495\/\" rel=\"nofollow noopener\" target=\"_blank\">UNESCO-list\u00e1s<\/a> st\u00e1tusszal. Itt tal\u00e1lod a legluxusabb hoteleket \u0151si polg\u00e1rh\u00e1zakban elrejtve, \u00e9s a leny\u0171g\u00f6z\u0151 Notre Dame katedr\u00e1lishoz is csak p\u00e1r l\u00e9p\u00e9s az \u00fat. Sz\u00e1molnod kell viszont azzal, hogy <strong>ez\u00e9rt az exkluz\u00edv fekv\u00e9s\u00e9rt alaposan meg kell fizetned<\/strong>, \u00e9s advent idej\u00e9n itt rem\u00e9nytelen\u00fcl minden elkel.<\/p>\n\n\n\n<p class=\"wp-block-paragraph\">Ha t\u00f6k\u00e9letes fot\u00f3kra v\u00e1gysz, indulj a <strong>Petite France negyedbe<\/strong>. Sik\u00e1torait hihetetlen\u00fcl fotog\u00e9n, egykori t\u00edm\u00e1rok fav\u00e1zas h\u00e1zai szeg\u00e9lyezik, amelyek romantikusan t\u00fckr\u00f6z\u0151dnek a csatorn\u00e1k nyugodt viz\u00e9ben. Mesesz\u00e9p hely a p\u00e1roknak, \u00e1m <strong>a kar\u00e1csonyi v\u00e1s\u00e1rok idej\u00e9n ezeken a sz\u0171k utc\u00e1kon alig lehet \u00e1tverg\u0151dni<\/strong>, \u00fagyhogy ha nyugalmat keresel, azt decemberben itt biztosan nem tal\u00e1lod.<\/p>\n\n\n\n<p class=\"wp-block-paragraph\">A k\u00f6lts\u00e9gvet\u00e9sre figyel\u0151 utaz\u00f3knak egy\u00e9rtelm\u0171 gy\u0151ztes a <strong><a href=\"https:\/\/www.garesetconnexions.sncf\/fr\/gares-services\/strasbourg\" rel=\"nofollow noopener\" target=\"_blank\">vas\u00fat\u00e1llom\u00e1s (Gare)<\/a> k\u00f6rny\u00e9ke<\/strong>. Els\u0151 r\u00e1n\u00e9z\u00e9sre ugyan nem hat olyannak, mintha egy romantikus filmb\u0151l v\u00e1gt\u00e1k volna ki, de a legjobb \u00e1r-fekv\u00e9s ar\u00e1nyt rejti mag\u00e1ban. Gyalog innen a t\u00f6rt\u00e9nelmi magba alig t\u00edz perc alatt eljutsz, \u00e9s <strong>minden kateg\u00f3ri\u00e1j\u00fa hotel j\u00f3val olcs\u00f3bb<\/strong>, mint mag\u00e1n a szigeten.<\/p>\n\n\n\n<p class=\"wp-block-paragraph\">A nyugalom szerelmesei \u00e9rt\u00e9kelni fogj\u00e1k a <strong>Krutenau di\u00e1knegyedet \u00e9s a szomsz\u00e9dos monument\u00e1lis n\u00e9met Neustadtot<\/strong>, amely egy\u00e9bk\u00e9nt 2017 \u00f3ta szint\u00e9n UNESCO-v\u00e9delem alatt \u00e1ll. \u00c9pp ezeken a helyeken tal\u00e1lsz csendesebb sz\u00e1ll\u00e1sokat, a belv\u00e1rosba pedig egy kellemes, k\u00f6r\u00fclbel\u00fcl tizen\u00f6t perces s\u00e9t\u00e1val jutsz be. Nagy b\u00f3nusz, hogy <strong>az itteni hotelek 30-40 sz\u00e1zal\u00e9kkal olcs\u00f3bbak<\/strong>, ami egy hosszabb tart\u00f3zkod\u00e1sn\u00e1l \u00f3ri\u00e1si k\u00fcl\u00f6nbs\u00e9get jelent.<\/p>\n\n\n\n<p class=\"wp-block-paragraph\">Meg kell eml\u00edtenem az <strong>eleg\u00e1ns Eur\u00f3pai negyedet \u00e9s az Orangerie park k\u00f6rny\u00e9k\u00e9t<\/strong> is, amely mindenkinek \u00f6r\u00f6met szerez, aki menek\u00fclni akar a turistat\u00f6megek el\u0151l. Err\u0151l a z\u00f6ld ter\u00fcletr\u0151l a belv\u00e1rosba k\u00e9nyelmesen \u00e9s gyorsan bejutsz az E-jel\u0171 villamossal. A v\u00e1roson k\u00edv\u00fcli helysz\u00ednek, mint a <strong>Robertsau vagy a Montagne Verte, kiz\u00e1r\u00f3lag akkor van \u00e9rtelm\u00fck, ha aut\u00f3val \u00e9rkezel<\/strong>. Itt sokkal k\u00f6nnyebben parkolsz, a belv\u00e1rosba pedig a P+R parkol\u00f3kat haszn\u00e1lva indulhatsz.<\/p>\n\n\n\n<h2 class=\"wp-block-heading\"><span class=\"ez-toc-section\" id=\"Mikor_menj_es_mikor_foglalj_szobat\"><\/span>Mikor menj, \u00e9s mikor foglalj szob\u00e1t<span class=\"ez-toc-section-end\"><\/span><\/h2>\n\n\n\n<p class=\"wp-block-paragraph\">Az elz\u00e1szi metropoliszba tervezett utaz\u00e1s egyetlen f\u0151 szab\u00e1ly szerint alakul. <strong>Strasbourgban ugyanis a sz\u00e1ll\u00e1s \u00e1r\u00e1r\u00f3l els\u0151sorban a d\u00e1tum d\u00f6nt<\/strong>, \u00e9s csak m\u00e1sodik helyen \u00e1ll maga a hotel.<\/p>\n\n\n\n<p class=\"wp-block-paragraph\">Ha a h\u00edres <a href=\"https:\/\/noel.strasbourg.eu\/en\/accueil\" rel=\"nofollow noopener\" target=\"_blank\">kar\u00e1csonyi v\u00e1s\u00e1rokra<\/a> k\u00e9sz\u00fclsz, amelyek <strong>2026-ban november 27-t\u0151l december 27-ig tartanak<\/strong>, \u00f3ri\u00e1si el\u0151nnyel kell elkezdened a tervez\u00e9st. Az advent ebben a v\u00e1rosban messze az \u00e9v legdr\u00e1g\u00e1bb id\u0151szaka, \u00e9s az \u00e1rk\u00fcl\u00f6nbs\u00e9g egyszer\u0171en szakad\u00e9knyi. <strong>A t\u00f6rt\u00e9nelmi belv\u00e1ros sz\u00e1ll\u00e1s\u00e1rai ak\u00e1r a szok\u00e1sos janu\u00e1ri \u00f6sszegek h\u00e1romszoros\u00e1ig is felk\u00fasznak<\/strong>, ami Strasbourgot Eur\u00f3pa egyik legdr\u00e1g\u00e1bb adventi \u00fati c\u00e9lj\u00e1v\u00e1 teszi.<\/p>\n\n\n\n<p class=\"wp-block-paragraph\">A legkeresettebb \u00e9s legjobbra \u00e9rt\u00e9kelt hotelek a Grande \u00cele sziget\u00e9n <strong>nyugodtan hat-kilenc h\u00f3nappal el\u0151re elkelnek<\/strong>. Ha teh\u00e1t decemberben a katedr\u00e1lis k\u00f6zvetlen k\u00f6zel\u00e9ben akarsz aludni, a foglal\u00e1st m\u00e1r tavasszal \u00e9rdemes elint\u00e9zned. Van azonban egy remek tr\u00fckk, amivel jelent\u0151sen sp\u00f3rolhatsz a sz\u00e1ll\u00e1son. <strong>El\u00e9g egy hotelt v\u00e1lasztanod nagyj\u00e1b\u00f3l h\u00fasz perc s\u00e9t\u00e1ra a t\u00f6rt\u00e9nelmi magt\u00f3l<\/strong>, ahol az adventi \u00e1rak 30-40 sz\u00e1zal\u00e9kkal esnek.<\/p>\n\n\n\n<p class=\"wp-block-paragraph\">A teljes k\u00f6lts\u00e9gvet\u00e9s szempontj\u00e1b\u00f3l <strong>egy\u00e9rtelm\u0171en a janu\u00e1ri l\u00e1togat\u00e1s a legolcs\u00f3bb<\/strong>, amikor a v\u00e1ros a hektikus \u00fcnnepek ut\u00e1n v\u00e9gre elcsendesedik, te pedig a minden\u00fctt jelen l\u00e9v\u0151 t\u00f6megek n\u00e9lk\u00fcl \u00e9lvezheted a sz\u00e9ps\u00e9geit. Ha viszont kellemes id\u0151re v\u00e1gysz a csatorn\u00e1k menti hossz\u00fa s\u00e9t\u00e1khoz \u00e9s a k\u00e1v\u00e9z\u00f3k teraszain val\u00f3 \u00fcld\u00f6g\u00e9l\u00e9shez, <strong>a legszebb felt\u00e9teleket a m\u00e1jus, a j\u00fanius \u00e9s a szeptember k\u00edn\u00e1lja<\/strong>. Ezekben a h\u00f3napokban r\u00e1ad\u00e1sul a sz\u00e1ll\u00e1s\u00e1rak is nagyon \u00e9sszer\u0171 szinten maradnak.<\/p>\n\n\n\n<p class=\"wp-block-paragraph\">Nagyon figyelj oda az <strong>Eur\u00f3pai Parlament rendszeres plen\u00e1ris \u00fcl\u00e9seire<\/strong> is, amelyek alaposan felkavarhatj\u00e1k a hotel\u00e1rakat. Ezekben a napokban vill\u00e1mgyorsan megtelnek a kapacit\u00e1sok nemcsak mag\u00e1ban az Eur\u00f3pai negyedben, hanem az eg\u00e9sz t\u00f6rt\u00e9nelmi belv\u00e1rosban is. <strong>Az \u00fcl\u00e9sek id\u0151pontjai k\u00f6nnyen visszakereshet\u0151k el\u0151re a <a href=\"https:\/\/www.europarl.europa.eu\/plenary\/en\/home.html\" rel=\"nofollow noopener\" target=\"_blank\">hivatalos oldalon<\/a><\/strong>, \u00e9s ha nem k\u00f6tnek fix d\u00e1tumhoz, mindenk\u00e9pp meg\u00e9ri ezekre a napokra kihagyni az utaz\u00e1st.<\/p>\n\n\n\n<h2 class=\"wp-block-heading\"><span class=\"ez-toc-section\" id=\"Hol_szallj_meg_Strasbourgban_a_18_legjobb_hotel\"><\/span>Hol sz\u00e1llj meg Strasbourgban: a 18 legjobb hotel<span class=\"ez-toc-section-end\"><\/span><\/h2>\n\n\n\n<p class=\"wp-block-paragraph\">N\u00e9zz\u00fck meg a konkr\u00e9t tippeket, <strong>hol sz\u00e1llj meg Strasbourgban<\/strong>, hogy a lehet\u0151 legjobb \u00e9lm\u00e9nyekkel t\u00e9rhess haza. V\u00e1logattam neked sz\u00e1ll\u00e1sokat k\u00fcl\u00f6nb\u00f6z\u0151 \u00e1rkateg\u00f3ri\u00e1kban, <strong>a luxus t\u00f6rt\u00e9nelmi palot\u00e1kt\u00f3l eg\u00e9szen a p\u00e1lyaudvar melletti okos v\u00e1laszt\u00e1sig<\/strong>.<\/p>\n\n\n\n<figure data-wp-context=\"{&quot;imageId&quot;:&quot;6a9c1fc67c18f&quot;}\" data-wp-interactive=\"core\/image\" data-wp-key=\"6a9c1fc67c18f\" class=\"wp-block-image size-full wp-lightbox-container\"><img decoding=\"async\" width=\"1600\" height=\"1067\" data-wp-class--hide=\"state.isContentHidden\" data-wp-class--show=\"state.isContentVisible\" data-wp-init=\"callbacks.setButtonStyles\" data-wp-on--click=\"actions.showLightbox\" data-wp-on--load=\"callbacks.setButtonStyles\" data-wp-on--pointerdown=\"actions.preloadImage\" data-wp-on--pointerenter=\"actions.preloadImageWithDelay\" data-wp-on--pointerleave=\"actions.cancelPreload\" data-wp-on-window--resize=\"callbacks.setButtonStyles\" src=\"https:\/\/loudavymkrokem.cz\/wp-content\/uploads\/2026\/09\/cour-du-corbeau-hotel-strasbourg-mgallery.jpg\" alt=\"Cour du Corbeau Hotel Strasbourg MGallery hotel\" class=\"wp-image-413030\" title=\"\" srcset=\"https:\/\/loudavymkrokem.cz\/wp-content\/uploads\/2026\/09\/cour-du-corbeau-hotel-strasbourg-mgallery.jpg 1600w, https:\/\/loudavymkrokem.cz\/wp-content\/uploads\/2026\/09\/cour-du-corbeau-hotel-strasbourg-mgallery-300x200.jpg 300w, https:\/\/loudavymkrokem.cz\/wp-content\/uploads\/2026\/09\/cour-du-corbeau-hotel-strasbourg-mgallery-700x467.jpg 700w, https:\/\/loudavymkrokem.cz\/wp-content\/uploads\/2026\/09\/cour-du-corbeau-hotel-strasbourg-mgallery-768x512.jpg 768w, https:\/\/loudavymkrokem.cz\/wp-content\/uploads\/2026\/09\/cour-du-corbeau-hotel-strasbourg-mgallery-1536x1024.jpg 1536w, https:\/\/loudavymkrokem.cz\/wp-content\/uploads\/2026\/09\/cour-du-corbeau-hotel-strasbourg-mgallery-696x464.jpg 696w, https:\/\/loudavymkrokem.cz\/wp-content\/uploads\/2026\/09\/cour-du-corbeau-hotel-strasbourg-mgallery-1392x928.jpg 1392w\" sizes=\"(max-width: 1600px) 100vw, 1600px\" \/><button\n\t\t\tclass=\"lightbox-trigger\"\n\t\t\ttype=\"button\"\n\t\t\taria-haspopup=\"dialog\"\n\t\t\tdata-wp-bind--aria-label=\"state.thisImage.triggerButtonAriaLabel\"\n\t\t\tdata-wp-init=\"callbacks.initTriggerButton\"\n\t\t\tdata-wp-on--click=\"actions.showLightbox\"\n\t\t\tdata-wp-style--right=\"state.thisImage.buttonRight\"\n\t\t\tdata-wp-style--top=\"state.thisImage.buttonTop\"\n\t\t>\n\t\t\t<svg xmlns=\"http:\/\/www.w3.org\/2000\/svg\" width=\"12\" height=\"12\" fill=\"none\" viewBox=\"0 0 12 12\">\n\t\t\t\t<path fill=\"#fff\" d=\"M2 0a2 2 0 0 0-2 2v2h1.5V2a.5.5 0 0 1 .5-.5h2V0H2Zm2 10.5H2a.5.5 0 0 1-.5-.5V8H0v2a2 2 0 0 0 2 2h2v-1.5ZM8 12v-1.5h2a.5.5 0 0 0 .5-.5V8H12v2a2 2 0 0 1-2 2H8Zm2-12a2 2 0 0 1 2 2v2h-1.5V2a.5.5 0 0 0-.5-.5H8V0h2Z\" \/>\n\t\t\t<\/svg>\n\t\t<\/button><figcaption class=\"wp-element-caption\">Fot\u00f3: Cour du Corbeau Hotel Strasbourg &#8211; MGallery Collection \/ Google Maps<\/figcaption><\/figure>\n\n\n\n<h3 class=\"wp-block-heading\"><span class=\"ez-toc-section\" id=\"1_Cour_du_Corbeau_Hotel_Strasbourg_MGallery\"><\/span>1. Cour du Corbeau Hotel Strasbourg MGallery<span class=\"ez-toc-section-end\"><\/span><\/h3>\n\n\n\n<p class=\"wp-block-paragraph\">Ez a var\u00e1zslatos hotel, a <strong><a href=\"https:\/\/www.stay22.com\/allez\/roam?aid=lukaskonecny&#038;campaign=loudavymkrokemcz&#038;campaign=kde-bydlet-ve-strasburku&#038;hotelname=Cour%20du%20Corbeau%20Hotel%20Strasbourg%20MGallery&#038;address=%C5%A0trasburk%2C%20Francie\" target=\"_blank\" rel=\"noopener nofollow sponsored\">Cour du Corbeau Hotel Strasbourg MGallery<\/a><\/strong>, amely m\u00e1r az ajt\u00f3ban meggy\u0151z, hogy nem hi\u00e1ba fizetted meg az \u00e1r\u00e1t, fantasztikus 4,8-as \u00e9rt\u00e9kel\u00e9ssel b\u00fcszk\u00e9lkedik t\u00f6bb mint ezerk\u00e9tsz\u00e1z v\u00e9lem\u00e9ny alapj\u00e1n, ami <strong>a v\u00e1ros versenyt\u00e1rs n\u00e9lk\u00fcl legjobbra \u00e9rt\u00e9kelt sz\u00e1ll\u00e1s\u00e1v\u00e1<\/strong> teszi. Egy gondosan fel\u00faj\u00edtott, 16. sz\u00e1zadi \u00e9p\u00fcletben tal\u00e1lhat\u00f3, amely a bel\u00e9p\u00e9s ut\u00e1n azonnal elvar\u00e1zsol. <strong>A jellegzetes f\u00e1b\u00f3l k\u00e9sz\u00fclt f\u00fcgg\u0151folyos\u00f3 \u00e9s a hihetetlen\u00fcl nyugodt bels\u0151 udvar<\/strong> egyed\u00fcl\u00e1ll\u00f3 hangulatot teremt, mintha egy csap\u00e1sra egy teljesen m\u00e1s t\u00f6rt\u00e9nelmi korban tal\u00e1ln\u00e1d magad.<\/p>\n\n\n\n<p class=\"wp-block-paragraph\">Csak n\u00e9h\u00e1ny perces kellemes s\u00e9t\u00e1ra van a Notre Dame katedr\u00e1list\u00f3l, \u00edgy <strong>minden f\u0151 nevezetess\u00e9g karny\u00fajt\u00e1snyira van<\/strong>, ugyanakkor t\u00f6k\u00e9letes nyugalmat \u00e9lvezel a legnagyobb turistany\u00fczsg\u00e9st\u0151l t\u00e1vol. Itt minden szoba egyedi, elt\u00e9r\u0151 r\u00e9szletekkel, \u00e9s <strong>az eg\u00e9sz \u00e9p\u00fcletegy\u00fcttes hihetetlen t\u00f6rt\u00e9nelmet \u00e1raszt<\/strong>, amit a modern, rendk\u00edv\u00fcl k\u00e9nyelmes felszerelts\u00e9g csak \u00e9rz\u00e9kenyen \u00e9s funkcion\u00e1lisan eg\u00e9sz\u00edt ki.<\/p>\n\n\n\n<p class=\"wp-block-paragraph\">Itt a szem\u00e9lyzet tudja, hogyan kell t\u00f6r\u0151dni a vend\u00e9ggel \u2014 \u00e9s a reggeli? Friss elz\u00e1szi p\u00e9k\u00e1ru, helyi sajtok, j\u00f3 k\u00e1v\u00e9. Reggel ki sem akarsz majd kelni az \u00e1gyb\u00f3l. A k\u00f6rny\u00e9ken r\u00e1ad\u00e1sul sz\u00e1mtalan kiv\u00e1l\u00f3 hagyom\u00e1nyos \u00e9tterem tal\u00e1lhat\u00f3, ahov\u00e1 elindulhatsz egy romantikus vacsor\u00e1ra.<\/p>\n\n\n\n<p class=\"wp-block-paragraph\">\ud83d\udca1 <strong>Tipp:<\/strong> Ha <strong>Strasbourg legszebb c\u00edm\u00e9t<\/strong> keresed, \u00e9s nem b\u00e1nod, hogy megfizetsz a kiv\u00e9teles, t\u00f6k\u00e9letes szolg\u00e1ltat\u00e1ssal p\u00e1rosul\u00f3 luxus\u00e9rt, ez a hotel garant\u00e1ltan leny\u0171g\u00f6z, \u00e9s a benne val\u00f3 tart\u00f3zkod\u00e1s felejthetetlen \u00e9lm\u00e9nny\u00e9 v\u00e1lik.<\/p>\n\n\n\n<figure data-wp-context=\"{&quot;imageId&quot;:&quot;6a9c1fc67c623&quot;}\" data-wp-interactive=\"core\/image\" data-wp-key=\"6a9c1fc67c623\" class=\"wp-block-image size-full wp-lightbox-container\"><img decoding=\"async\" width=\"1600\" height=\"1067\" data-wp-class--hide=\"state.isContentHidden\" data-wp-class--show=\"state.isContentVisible\" data-wp-init=\"callbacks.setButtonStyles\" data-wp-on--click=\"actions.showLightbox\" data-wp-on--load=\"callbacks.setButtonStyles\" data-wp-on--pointerdown=\"actions.preloadImage\" data-wp-on--pointerenter=\"actions.preloadImageWithDelay\" data-wp-on--pointerleave=\"actions.cancelPreload\" data-wp-on-window--resize=\"callbacks.setButtonStyles\" src=\"https:\/\/loudavymkrokem.cz\/wp-content\/uploads\/2026\/09\/les-haras-h-tel-by-stay-collection.jpg\" alt=\"Les Haras H\u00f4tel by Stay Collection hotel\" class=\"wp-image-413036\" title=\"\" srcset=\"https:\/\/loudavymkrokem.cz\/wp-content\/uploads\/2026\/09\/les-haras-h-tel-by-stay-collection.jpg 1600w, https:\/\/loudavymkrokem.cz\/wp-content\/uploads\/2026\/09\/les-haras-h-tel-by-stay-collection-300x200.jpg 300w, https:\/\/loudavymkrokem.cz\/wp-content\/uploads\/2026\/09\/les-haras-h-tel-by-stay-collection-700x467.jpg 700w, https:\/\/loudavymkrokem.cz\/wp-content\/uploads\/2026\/09\/les-haras-h-tel-by-stay-collection-768x512.jpg 768w, https:\/\/loudavymkrokem.cz\/wp-content\/uploads\/2026\/09\/les-haras-h-tel-by-stay-collection-1536x1024.jpg 1536w, https:\/\/loudavymkrokem.cz\/wp-content\/uploads\/2026\/09\/les-haras-h-tel-by-stay-collection-696x464.jpg 696w, https:\/\/loudavymkrokem.cz\/wp-content\/uploads\/2026\/09\/les-haras-h-tel-by-stay-collection-1392x928.jpg 1392w\" sizes=\"(max-width: 1600px) 100vw, 1600px\" \/><button\n\t\t\tclass=\"lightbox-trigger\"\n\t\t\ttype=\"button\"\n\t\t\taria-haspopup=\"dialog\"\n\t\t\tdata-wp-bind--aria-label=\"state.thisImage.triggerButtonAriaLabel\"\n\t\t\tdata-wp-init=\"callbacks.initTriggerButton\"\n\t\t\tdata-wp-on--click=\"actions.showLightbox\"\n\t\t\tdata-wp-style--right=\"state.thisImage.buttonRight\"\n\t\t\tdata-wp-style--top=\"state.thisImage.buttonTop\"\n\t\t>\n\t\t\t<svg xmlns=\"http:\/\/www.w3.org\/2000\/svg\" width=\"12\" height=\"12\" fill=\"none\" viewBox=\"0 0 12 12\">\n\t\t\t\t<path fill=\"#fff\" d=\"M2 0a2 2 0 0 0-2 2v2h1.5V2a.5.5 0 0 1 .5-.5h2V0H2Zm2 10.5H2a.5.5 0 0 1-.5-.5V8H0v2a2 2 0 0 0 2 2h2v-1.5ZM8 12v-1.5h2a.5.5 0 0 0 .5-.5V8H12v2a2 2 0 0 1-2 2H8Zm2-12a2 2 0 0 1 2 2v2h-1.5V2a.5.5 0 0 0-.5-.5H8V0h2Z\" \/>\n\t\t\t<\/svg>\n\t\t<\/button><figcaption class=\"wp-element-caption\">Fot\u00f3: Les Haras H\u00f4tel by Stay Collection \/ Google Maps<\/figcaption><\/figure>\n\n\n\n<h3 class=\"wp-block-heading\"><span class=\"ez-toc-section\" id=\"2_Les_Haras_Hotel_by_Stay_Collection\"><\/span>2. Les Haras H\u00f4tel by Stay Collection<span class=\"ez-toc-section-end\"><\/span><\/h3>\n\n\n\n<p class=\"wp-block-paragraph\">K\u00e9pzeld el a sz\u00e1ll\u00e1st egy hatalmas \u00e9p\u00fcletben, amely egykor rangos, 18. sz\u00e1zadi kir\u00e1lyi m\u00e9nesk\u00e9nt szolg\u00e1lt, ma pedig leny\u0171g\u00f6z\u0151 diz\u00e1jnsz\u00e1llod\u00e1v\u00e1 alakult \u2014 ez a <strong><a href=\"https:\/\/www.stay22.com\/allez\/roam?aid=lukaskonecny&#038;campaign=loudavymkrokemcz&#038;campaign=kde-bydlet-ve-strasburku&#038;hotelname=Les%20Haras%20H%C3%B4tel%20by%20Stay%20Collection&#038;address=%C5%A0trasburk%2C%20Francie\" target=\"_blank\" rel=\"noopener nofollow sponsored\">Les Haras H\u00f4tel by Stay Collection<\/a><\/strong> kiv\u00e1l\u00f3, 4,6-os \u00e9rt\u00e9kel\u00e9ssel. Az \u00e9p\u00edt\u00e9szek remek munk\u00e1t v\u00e9geztek, amikor <strong>t\u00f6k\u00e9letesen \u00f6sszekapcsolt\u00e1k az \u0151si, szabadon hagyott fagerend\u00e1kat a modern eleganci\u00e1val<\/strong>, b\u0151rrel \u00e9s luxusanyagokkal.<\/p>\n\n\n\n<p class=\"wp-block-paragraph\">Ennek a n\u00e9gycsillagos komplexumnak a nagy h\u00faz\u00f3ereje a <strong>gy\u00f6ny\u00f6r\u0171 hotelspa medenc\u00e9vel<\/strong>, ahol meg\u00e9rdemelt pihen\u0151t enged\u00e9lyezhetsz magadnak egy hossz\u00fa nap ut\u00e1n, amit az elz\u00e1szi metropolisz felfedez\u00e9s\u00e9vel t\u00f6lt\u00f6tt\u00e9l. K\u00fcl\u00f6n eml\u00edt\u00e9st \u00e9rdemel a <strong>nagyra tartott \u00e9tterem, k\u00f6zvetlen\u00fcl az egykori ist\u00e1ll\u00f3kban (igen, ott eszel, ahol valaha lovak \u00e1lltak, \u00e9s ez valahogy egy\u00e1ltal\u00e1n nem furcsa, s\u0151t \u00e9pp ellenkez\u0151leg)<\/strong>, amely remek kulin\u00e1ris \u00e9lm\u00e9nyt ny\u00fajt.<\/p>\n\n\n\n<p class=\"wp-block-paragraph\">A hotel a v\u00e1ros egy kicsit csendesebb r\u00e9sz\u00e9n tal\u00e1lhat\u00f3, de a t\u00f6rt\u00e9nelmi magba \u00e9s a h\u00edres Petite France negyedbe egy kellemes, alig t\u00edz perces s\u00e9t\u00e1val eljutsz. <strong>A szob\u00e1k nagyon t\u00e1gasak, kiv\u00e1l\u00f3an hangszigeteltek<\/strong>, \u00e9s cs\u00facsmin\u0151s\u00e9g\u0171 \u00e1gyakkal b\u00fcszk\u00e9lkednek, amelyeknek k\u00f6sz\u00f6nhet\u0151en \u00faton is remek\u00fcl kialszod magad.<\/p>\n\n\n\n<p class=\"wp-block-paragraph\">\ud83d\udca1 <strong>Tipp:<\/strong> Ez a hotel <strong>ide\u00e1lis v\u00e1laszt\u00e1s a cs\u00facsdiz\u00e1jn \u00e9s az egyedi t\u00f6rt\u00e9nelem szerelmeseinek<\/strong>, akik \u00e9rt\u00e9kelik a csendesebb fekv\u00e9st a fantasztikus szolg\u00e1ltat\u00e1ssal. Ha opulens est\u00e9t szeretn\u00e9l, ne felejtsd el j\u00f3 el\u0151re lefoglalni az asztalt a helyi \u00e9tteremben.<\/p>\n\n\n\n<figure data-wp-context=\"{&quot;imageId&quot;:&quot;6a9c1fc67cc91&quot;}\" data-wp-interactive=\"core\/image\" data-wp-key=\"6a9c1fc67cc91\" class=\"wp-block-image size-full wp-lightbox-container\"><img decoding=\"async\" width=\"1600\" height=\"1600\" data-wp-class--hide=\"state.isContentHidden\" data-wp-class--show=\"state.isContentVisible\" data-wp-init=\"callbacks.setButtonStyles\" data-wp-on--click=\"actions.showLightbox\" data-wp-on--load=\"callbacks.setButtonStyles\" data-wp-on--pointerdown=\"actions.preloadImage\" data-wp-on--pointerenter=\"actions.preloadImageWithDelay\" data-wp-on--pointerleave=\"actions.cancelPreload\" data-wp-on-window--resize=\"callbacks.setButtonStyles\" src=\"https:\/\/loudavymkrokem.cz\/wp-content\/uploads\/2026\/09\/maison-rouge-strasbourg-hotel-spa.jpg\" alt=\"Maison Rouge Strasbourg Hotel &#038; Spa hotel\" class=\"wp-image-413042\" title=\"\" srcset=\"https:\/\/loudavymkrokem.cz\/wp-content\/uploads\/2026\/09\/maison-rouge-strasbourg-hotel-spa.jpg 1600w, https:\/\/loudavymkrokem.cz\/wp-content\/uploads\/2026\/09\/maison-rouge-strasbourg-hotel-spa-300x300.jpg 300w, https:\/\/loudavymkrokem.cz\/wp-content\/uploads\/2026\/09\/maison-rouge-strasbourg-hotel-spa-700x700.jpg 700w, https:\/\/loudavymkrokem.cz\/wp-content\/uploads\/2026\/09\/maison-rouge-strasbourg-hotel-spa-150x150.jpg 150w, https:\/\/loudavymkrokem.cz\/wp-content\/uploads\/2026\/09\/maison-rouge-strasbourg-hotel-spa-768x768.jpg 768w, https:\/\/loudavymkrokem.cz\/wp-content\/uploads\/2026\/09\/maison-rouge-strasbourg-hotel-spa-1536x1536.jpg 1536w, https:\/\/loudavymkrokem.cz\/wp-content\/uploads\/2026\/09\/maison-rouge-strasbourg-hotel-spa-696x696.jpg 696w, https:\/\/loudavymkrokem.cz\/wp-content\/uploads\/2026\/09\/maison-rouge-strasbourg-hotel-spa-1392x1392.jpg 1392w\" sizes=\"(max-width: 1600px) 100vw, 1600px\" \/><button\n\t\t\tclass=\"lightbox-trigger\"\n\t\t\ttype=\"button\"\n\t\t\taria-haspopup=\"dialog\"\n\t\t\tdata-wp-bind--aria-label=\"state.thisImage.triggerButtonAriaLabel\"\n\t\t\tdata-wp-init=\"callbacks.initTriggerButton\"\n\t\t\tdata-wp-on--click=\"actions.showLightbox\"\n\t\t\tdata-wp-style--right=\"state.thisImage.buttonRight\"\n\t\t\tdata-wp-style--top=\"state.thisImage.buttonTop\"\n\t\t>\n\t\t\t<svg xmlns=\"http:\/\/www.w3.org\/2000\/svg\" width=\"12\" height=\"12\" fill=\"none\" viewBox=\"0 0 12 12\">\n\t\t\t\t<path fill=\"#fff\" d=\"M2 0a2 2 0 0 0-2 2v2h1.5V2a.5.5 0 0 1 .5-.5h2V0H2Zm2 10.5H2a.5.5 0 0 1-.5-.5V8H0v2a2 2 0 0 0 2 2h2v-1.5ZM8 12v-1.5h2a.5.5 0 0 0 .5-.5V8H12v2a2 2 0 0 1-2 2H8Zm2-12a2 2 0 0 1 2 2v2h-1.5V2a.5.5 0 0 0-.5-.5H8V0h2Z\" \/>\n\t\t\t<\/svg>\n\t\t<\/button><figcaption class=\"wp-element-caption\">Fot\u00f3: Taiwan Cherry \/ Google Maps<\/figcaption><\/figure>\n\n\n\n<h3 class=\"wp-block-heading\"><span class=\"ez-toc-section\" id=\"3_Maison_Rouge_Strasbourg_Hotel_Spa\"><\/span>3. Maison Rouge Strasbourg Hotel &#038; Spa<span class=\"ez-toc-section-end\"><\/span><\/h3>\n\n\n\n<p class=\"wp-block-paragraph\">Ez a strasbourgi klasszikus, a rangos Autograph Collectionb\u0151l sz\u00e1rmaz\u00f3 <strong><a href=\"https:\/\/www.stay22.com\/allez\/roam?aid=lukaskonecny&#038;campaign=loudavymkrokemcz&#038;campaign=kde-bydlet-ve-strasburku&#038;hotelname=Maison%20Rouge%20Strasbourg%20Hotel%20%26%20Spa&#038;address=%C5%A0trasburk%2C%20Francie\" target=\"_blank\" rel=\"noopener nofollow sponsored\">Maison Rouge Strasbourg Hotel &#038; Spa<\/a><\/strong> remek 4,5-os \u00e9rt\u00e9kel\u00e9st tart t\u00f6bb mint ezerh\u00e9tsz\u00e1z v\u00e9lem\u00e9ny alapj\u00e1n. Egy felt\u0171n\u0151 t\u00e9gla\u00e9p\u00fcletben tal\u00e1lhat\u00f3, <strong>csak p\u00e1r l\u00e9p\u00e9sre a leny\u0171g\u00f6z\u0151 Notre Dame katedr\u00e1list\u00f3l \u00e9s a Place Kl\u00e9bert\u0151l<\/strong>, teh\u00e1t a v\u00e1ros legpezsg\u0151bb sz\u00edv\u00e9ben fekszik. A szob\u00e1k id\u0151tlen, klasszikus st\u00edlusban vannak berendezve, amely <strong>sz\u00e9pen utal az elz\u00e1szi vend\u00e9gl\u00e1t\u00e1s gazdag hagyom\u00e1nyaira<\/strong>.<\/p>\n\n\n\n<p class=\"wp-block-paragraph\">A vend\u00e9gek itt k\u00fcl\u00f6n\u00f6sen dics\u00e9rik a <strong>gy\u00f6ny\u00f6r\u0171, eredeti fresk\u00f3kkal gazdagon d\u00edsz\u00edtett reggeliz\u0151szalont<\/strong>, ahol a nap igaz\u00e1n kir\u00e1lyian indul a helyi sajtokkal, friss bagettel \u00e9s \u00e9des p\u00e9ks\u00fctem\u00e9nnyel teli asztalokn\u00e1l. A fest\u0151i utc\u00e1kon tett f\u00e1raszt\u00f3 s\u00e9t\u00e1k ut\u00e1n pedig garant\u00e1ltan \u00e9rt\u00e9kelni fogod a <strong>modern hotelspa \u00e9s wellnessz\u00f3na haszn\u00e1lat\u00e1t<\/strong>, amely t\u00f6k\u00e9letes kikapcsol\u00f3d\u00e1st ny\u00fajt a f\u00e1radt l\u00e1baknak.<\/p>\n\n\n\n<p class=\"wp-block-paragraph\">Rendk\u00edv\u00fcl k\u00f6zponti fekv\u00e9se ellen\u00e9re a hotel t\u00f6k\u00e9letes mened\u00e9ket ny\u00fajt a k\u00f6rnyez\u0151 ny\u00fczsg\u00e9s el\u0151l. <strong>A magasabb emeleti szob\u00e1k n\u00e9melyik\u00e9b\u0151l r\u00e1ad\u00e1sul csod\u00e1latos kil\u00e1t\u00e1s<\/strong> ny\u00edlik egyenesen a katedr\u00e1lis torny\u00e1ra, amit k\u00fcl\u00f6n\u00f6sen a v\u00e1ros esti kivil\u00e1g\u00edt\u00e1sakor fogsz \u00e9rt\u00e9kelni.<\/p>\n\n\n\n<p class=\"wp-block-paragraph\">\ud83d\udca1 <strong>Tipp:<\/strong> V\u00e1laszd ezt a hotelt, ha a priorit\u00e1sod, hogy <strong>maga a t\u00f6rt\u00e9n\u00e9sek epicentrum\u00e1ban<\/strong> sz\u00e1llj meg, \u00e9s kedveled a hagyom\u00e1nyos francia eleganci\u00e1t, egy nagy, t\u00f6rt\u00e9nelmileg bej\u00e1ratott hotel professzion\u00e1lis szolg\u00e1ltat\u00e1saival p\u00e1ros\u00edtva.<\/p>\n\n\n\n<figure data-wp-context=\"{&quot;imageId&quot;:&quot;6a9c1fc67d2a2&quot;}\" data-wp-interactive=\"core\/image\" data-wp-key=\"6a9c1fc67d2a2\" class=\"wp-block-image size-full wp-lightbox-container\"><img decoding=\"async\" width=\"1600\" height=\"2133\" data-wp-class--hide=\"state.isContentHidden\" data-wp-class--show=\"state.isContentVisible\" data-wp-init=\"callbacks.setButtonStyles\" data-wp-on--click=\"actions.showLightbox\" data-wp-on--load=\"callbacks.setButtonStyles\" data-wp-on--pointerdown=\"actions.preloadImage\" data-wp-on--pointerenter=\"actions.preloadImageWithDelay\" data-wp-on--pointerleave=\"actions.cancelPreload\" data-wp-on-window--resize=\"callbacks.setButtonStyles\" src=\"https:\/\/loudavymkrokem.cz\/wp-content\/uploads\/2026\/09\/h-tel-beaucour.jpg\" alt=\"H\u00f4tel Beaucour hotel\" class=\"wp-image-413048\" title=\"\" srcset=\"https:\/\/loudavymkrokem.cz\/wp-content\/uploads\/2026\/09\/h-tel-beaucour.jpg 1600w, https:\/\/loudavymkrokem.cz\/wp-content\/uploads\/2026\/09\/h-tel-beaucour-225x300.jpg 225w, https:\/\/loudavymkrokem.cz\/wp-content\/uploads\/2026\/09\/h-tel-beaucour-700x933.jpg 700w, https:\/\/loudavymkrokem.cz\/wp-content\/uploads\/2026\/09\/h-tel-beaucour-768x1024.jpg 768w, https:\/\/loudavymkrokem.cz\/wp-content\/uploads\/2026\/09\/h-tel-beaucour-1152x1536.jpg 1152w, https:\/\/loudavymkrokem.cz\/wp-content\/uploads\/2026\/09\/h-tel-beaucour-1536x2048.jpg 1536w, https:\/\/loudavymkrokem.cz\/wp-content\/uploads\/2026\/09\/h-tel-beaucour-696x928.jpg 696w, https:\/\/loudavymkrokem.cz\/wp-content\/uploads\/2026\/09\/h-tel-beaucour-1392x1856.jpg 1392w\" sizes=\"(max-width: 1600px) 100vw, 1600px\" \/><button\n\t\t\tclass=\"lightbox-trigger\"\n\t\t\ttype=\"button\"\n\t\t\taria-haspopup=\"dialog\"\n\t\t\tdata-wp-bind--aria-label=\"state.thisImage.triggerButtonAriaLabel\"\n\t\t\tdata-wp-init=\"callbacks.initTriggerButton\"\n\t\t\tdata-wp-on--click=\"actions.showLightbox\"\n\t\t\tdata-wp-style--right=\"state.thisImage.buttonRight\"\n\t\t\tdata-wp-style--top=\"state.thisImage.buttonTop\"\n\t\t>\n\t\t\t<svg xmlns=\"http:\/\/www.w3.org\/2000\/svg\" width=\"12\" height=\"12\" fill=\"none\" viewBox=\"0 0 12 12\">\n\t\t\t\t<path fill=\"#fff\" d=\"M2 0a2 2 0 0 0-2 2v2h1.5V2a.5.5 0 0 1 .5-.5h2V0H2Zm2 10.5H2a.5.5 0 0 1-.5-.5V8H0v2a2 2 0 0 0 2 2h2v-1.5ZM8 12v-1.5h2a.5.5 0 0 0 .5-.5V8H12v2a2 2 0 0 1-2 2H8Zm2-12a2 2 0 0 1 2 2v2h-1.5V2a.5.5 0 0 0-.5-.5H8V0h2Z\" \/>\n\t\t\t<\/svg>\n\t\t<\/button><figcaption class=\"wp-element-caption\">Fot\u00f3: H\u00f4tel Beaucour \/ Google Maps<\/figcaption><\/figure>\n\n\n\n<h3 class=\"wp-block-heading\"><span class=\"ez-toc-section\" id=\"4_Hotel_Beaucour\"><\/span>4. H\u00f4tel Beaucour<span class=\"ez-toc-section-end\"><\/span><\/h3>\n\n\n\n<p class=\"wp-block-paragraph\">Ez az elb\u0171v\u00f6l\u0151 <strong><a href=\"https:\/\/www.stay22.com\/allez\/roam?aid=lukaskonecny&#038;campaign=loudavymkrokemcz&#038;campaign=kde-bydlet-ve-strasburku&#038;hotelname=H%C3%B4tel%20Beaucour&#038;address=%C5%A0trasburk%2C%20Francie\" target=\"_blank\" rel=\"noopener nofollow sponsored\">H\u00f4tel Beaucour<\/a><\/strong> kiv\u00e1l\u00f3, 4,6-os \u00e9rt\u00e9kel\u00e9ssel egy hagyom\u00e1nyos fav\u00e1zas polg\u00e1rh\u00e1zban tal\u00e1lhat\u00f3, \u00e9s <strong>remek ar\u00e1nyt k\u00edn\u00e1l a leny\u0171g\u00f6z\u0151 korhangulat \u00e9s az \u00e1r k\u00f6z\u00f6tt, egyenesen a t\u00f6rt\u00e9nelmi magban<\/strong>. \u00c9rkez\u00e9s ut\u00e1n r\u00f6gt\u00f6n meglep a fest\u0151i bels\u0151 udvar, amely egy gy\u00f6ny\u00f6r\u0171 \u00e9s csendes, vir\u00e1gokkal be\u00fcltetett teraszt rejt. Ez <strong>t\u00f6k\u00e9letes nyugalomo\u00e1zis a ny\u00fczsg\u0151 v\u00e1ros k\u00f6zep\u00e9n<\/strong>, ahov\u00e1 le\u00fclhetsz egy k\u00f6nyvvel, \u00e9s megpihenhetsz a turistat\u00f6megek el\u0151l.<\/p>\n\n\n\n<p class=\"wp-block-paragraph\">Az egyes szob\u00e1k nagyon hangulatosan vannak berendezve, gyakran szabadon hagyott fagerend\u00e1kkal \u00e9s st\u00edlusos korabeli b\u00fatorokkal. Ha valami igaz\u00e1n k\u00fcl\u00f6nlegeset keresel, \u00f6r\u00f6m\u00f6dre szolg\u00e1l, hogy <strong>n\u00e9h\u00e1ny kiv\u00e1lasztott szoba m\u00e9g saj\u00e1t nagy pezsg\u0151f\u00fcrd\u0151vel is rendelkezik<\/strong>. Ez egy olyan hely, ahol a bens\u0151s\u00e9ges k\u00f6rnyezetnek k\u00f6sz\u00f6nhet\u0151en azonnal otthon \u00e9rzed magad, a helyi szem\u00e9lyzet pedig kiv\u00e9teles melegs\u00e9ggel \u00e9s a program tervez\u00e9s\u00e9ben ny\u00fajtott k\u00e9szs\u00e9ggel t\u0171nik ki.<\/p>\n\n\n\n<p class=\"wp-block-paragraph\">Reggel b\u0151s\u00e9ges reggeli v\u00e1r egy st\u00edlusos eb\u00e9dl\u0151ben, ahol nem hi\u00e1nyoznak a friss elz\u00e1szi sajtok, a ropog\u00f3s p\u00e9ks\u00fctem\u00e9ny \u00e9s a helyi lekv\u00e1rok. Az Ill foly\u00f3t\u00f3l alig p\u00e1r l\u00e9p\u00e9sre l\u00e9v\u0151 fekv\u00e9snek k\u00f6sz\u00f6nhet\u0151en <strong>minden nevezetess\u00e9g s\u00e9tat\u00e1vols\u00e1gra van<\/strong>, ugyanakkor nem k\u00f6zvetlen\u00fcl a legny\u00fczsg\u0151bb tereken alszol.<\/p>\n\n\n\n<p class=\"wp-block-paragraph\">\ud83d\udca1 <strong>Tipp:<\/strong> Remek v\u00e1laszt\u00e1s olyan p\u00e1roknak, akik fav\u00e1zas h\u00e1zat, csendes bels\u0151 udvart \u00e9s saj\u00e1t pezsg\u0151f\u00fcrd\u0151t szeretn\u00e9nek \u2014 \u00e9s nem akarnak ez\u00e9rt annyit fizetni, mint egy \u00f6tcsillagos hotelben a katedr\u00e1lisn\u00e1l. \ud83d\ude09<\/p>\n\n\n\n<figure data-wp-context=\"{&quot;imageId&quot;:&quot;6a9c1fc67d76a&quot;}\" data-wp-interactive=\"core\/image\" data-wp-key=\"6a9c1fc67d76a\" class=\"wp-block-image size-full wp-lightbox-container\"><img decoding=\"async\" width=\"1600\" height=\"1068\" data-wp-class--hide=\"state.isContentHidden\" data-wp-class--show=\"state.isContentVisible\" data-wp-init=\"callbacks.setButtonStyles\" data-wp-on--click=\"actions.showLightbox\" data-wp-on--load=\"callbacks.setButtonStyles\" data-wp-on--pointerdown=\"actions.preloadImage\" data-wp-on--pointerenter=\"actions.preloadImageWithDelay\" data-wp-on--pointerleave=\"actions.cancelPreload\" data-wp-on-window--resize=\"callbacks.setButtonStyles\" src=\"https:\/\/loudavymkrokem.cz\/wp-content\/uploads\/2026\/09\/l-onor-h-tel-by-stay-collection.jpg\" alt=\"L\u00c9ONOR H\u00f4tel by Stay Collection hotel\" class=\"wp-image-413054\" title=\"\" srcset=\"https:\/\/loudavymkrokem.cz\/wp-content\/uploads\/2026\/09\/l-onor-h-tel-by-stay-collection.jpg 1600w, https:\/\/loudavymkrokem.cz\/wp-content\/uploads\/2026\/09\/l-onor-h-tel-by-stay-collection-300x200.jpg 300w, https:\/\/loudavymkrokem.cz\/wp-content\/uploads\/2026\/09\/l-onor-h-tel-by-stay-collection-700x467.jpg 700w, https:\/\/loudavymkrokem.cz\/wp-content\/uploads\/2026\/09\/l-onor-h-tel-by-stay-collection-768x513.jpg 768w, https:\/\/loudavymkrokem.cz\/wp-content\/uploads\/2026\/09\/l-onor-h-tel-by-stay-collection-1536x1025.jpg 1536w, https:\/\/loudavymkrokem.cz\/wp-content\/uploads\/2026\/09\/l-onor-h-tel-by-stay-collection-696x465.jpg 696w, https:\/\/loudavymkrokem.cz\/wp-content\/uploads\/2026\/09\/l-onor-h-tel-by-stay-collection-1392x929.jpg 1392w\" sizes=\"(max-width: 1600px) 100vw, 1600px\" \/><button\n\t\t\tclass=\"lightbox-trigger\"\n\t\t\ttype=\"button\"\n\t\t\taria-haspopup=\"dialog\"\n\t\t\tdata-wp-bind--aria-label=\"state.thisImage.triggerButtonAriaLabel\"\n\t\t\tdata-wp-init=\"callbacks.initTriggerButton\"\n\t\t\tdata-wp-on--click=\"actions.showLightbox\"\n\t\t\tdata-wp-style--right=\"state.thisImage.buttonRight\"\n\t\t\tdata-wp-style--top=\"state.thisImage.buttonTop\"\n\t\t>\n\t\t\t<svg xmlns=\"http:\/\/www.w3.org\/2000\/svg\" width=\"12\" height=\"12\" fill=\"none\" viewBox=\"0 0 12 12\">\n\t\t\t\t<path fill=\"#fff\" d=\"M2 0a2 2 0 0 0-2 2v2h1.5V2a.5.5 0 0 1 .5-.5h2V0H2Zm2 10.5H2a.5.5 0 0 1-.5-.5V8H0v2a2 2 0 0 0 2 2h2v-1.5ZM8 12v-1.5h2a.5.5 0 0 0 .5-.5V8H12v2a2 2 0 0 1-2 2H8Zm2-12a2 2 0 0 1 2 2v2h-1.5V2a.5.5 0 0 0-.5-.5H8V0h2Z\" \/>\n\t\t\t<\/svg>\n\t\t<\/button><figcaption class=\"wp-element-caption\">Fot\u00f3: L\u00c9ONOR H\u00f4tel \/ Google Maps<\/figcaption><\/figure>\n\n\n\n<h3 class=\"wp-block-heading\"><span class=\"ez-toc-section\" id=\"5_LEONOR_Hotel_by_Stay_Collection\"><\/span>5. L\u00c9ONOR H\u00f4tel by Stay Collection<span class=\"ez-toc-section-end\"><\/span><\/h3>\n\n\n\n<p class=\"wp-block-paragraph\">Modern, \u00e1tgondolt luxus egy leny\u0171g\u00f6z\u0151 t\u00f6rt\u00e9nelmi \u00e9p\u00fcletbe \u00e1gyazva \u2014 pontosan \u00edgy lehetne r\u00f6viden le\u00edrni a st\u00edlusos <strong><a href=\"https:\/\/www.stay22.com\/allez\/roam?aid=lukaskonecny&#038;campaign=loudavymkrokemcz&#038;campaign=kde-bydlet-ve-strasburku&#038;hotelname=L%C3%89ONOR%20H%C3%B4tel%20by%20Stay%20Collection&#038;address=%C5%A0trasburk%2C%20Francie\" target=\"_blank\" rel=\"noopener nofollow sponsored\">L\u00c9ONOR H\u00f4tel by Stay Collectiont<\/a><\/strong>, amely kiv\u00e1l\u00f3, 4,7-es \u00e9rt\u00e9kel\u00e9ssel b\u00fcszk\u00e9lkedik. Maguk a bels\u0151 terek <strong>vezet\u0151 francia diz\u00e1jnerek munk\u00e1i<\/strong>, \u00e9s nagyon \u00edzl\u00e9sesen kombin\u00e1lj\u00e1k a mer\u00e9sz, tel\u00edtett sz\u00edneket a tiszta, eleg\u00e1ns vonalakkal \u00e9s az eredeti t\u00f6rt\u00e9nelmi \u00e9p\u00edt\u00e9szeti elemekkel.<\/p>\n\n\n\n<p class=\"wp-block-paragraph\">Ennek a helynek a nagy vonzereje k\u00e9ts\u00e9gtelen\u00fcl a <strong>saj\u00e1t hotelcukr\u00e1szda \u00e9s a h\u00edres \u00e9tterem<\/strong>, ahov\u00e1 kulin\u00e1ris \u00e9lm\u00e9nyek\u00e9rt maguk a helyiek is sz\u00edvesen bet\u00e9rnek. A hatalmas, t\u00e1gas bels\u0151 udvar pedig a melegebb h\u00f3napokban <strong>az eg\u00e9sz hotel \u00e9l\u0151 k\u00f6z\u00f6ss\u00e9gi k\u00f6zpontjak\u00e9nt<\/strong> m\u0171k\u00f6dik, ahol nyugodtan meginhatsz egy v\u00e1logatott k\u00e1v\u00e9t vagy egy esti italt, miel\u0151tt elinduln\u00e1l a v\u00e1rosba.<\/p>\n\n\n\n<p class=\"wp-block-paragraph\">A szob\u00e1k a legmodernebb technol\u00f3gi\u00e1kkal, pr\u00e9mium kozmetikummal \u00e9s hatalmas \u00e1gyakkal vannak felszerelve, amelyekb\u0151l reggel nem akarsz majd kikelni. B\u00e1r a hotel k\u00f6zel van a belv\u00e1roshoz, <strong>az \u00e9p\u00fcletek okos elrendez\u00e9s\u00e9nek k\u00f6sz\u00f6nhet\u0151en nyugalmat \u00e9s csendet k\u00edn\u00e1l<\/strong> a semmivel sem zavart alv\u00e1shoz.<\/p>\n\n\n\n<p class=\"wp-block-paragraph\">\ud83d\udca1 <strong>Tipp:<\/strong> A L\u00c9ONOR mindenkit elvar\u00e1zsol, aki szereti <strong>a r\u00e9gi, el\u0151kel\u0151 \u00e9p\u00edt\u00e9szet \u00e9s a nagyon modern, friss diz\u00e1jn kombin\u00e1ci\u00f3j\u00e1t<\/strong>, ugyanakkor cs\u00facsmin\u0151s\u00e9g\u0171 gasztron\u00f3miai szolg\u00e1ltat\u00e1sokat ig\u00e9nyel egyenesen a saj\u00e1t teteje alatt.<\/p>\n\n\n\n<figure data-wp-context=\"{&quot;imageId&quot;:&quot;6a9c1fc67dbe0&quot;}\" data-wp-interactive=\"core\/image\" data-wp-key=\"6a9c1fc67dbe0\" class=\"wp-block-image size-full wp-lightbox-container\"><img decoding=\"async\" width=\"1280\" height=\"853\" data-wp-class--hide=\"state.isContentHidden\" data-wp-class--show=\"state.isContentVisible\" data-wp-init=\"callbacks.setButtonStyles\" data-wp-on--click=\"actions.showLightbox\" data-wp-on--load=\"callbacks.setButtonStyles\" data-wp-on--pointerdown=\"actions.preloadImage\" data-wp-on--pointerenter=\"actions.preloadImageWithDelay\" data-wp-on--pointerleave=\"actions.cancelPreload\" data-wp-on-window--resize=\"callbacks.setButtonStyles\" src=\"https:\/\/loudavymkrokem.cz\/wp-content\/uploads\/2026\/09\/hotel-tandem.jpg\" alt=\"Hotel Tandem hotel\" class=\"wp-image-413062\" title=\"\" srcset=\"https:\/\/loudavymkrokem.cz\/wp-content\/uploads\/2026\/09\/hotel-tandem.jpg 1280w, https:\/\/loudavymkrokem.cz\/wp-content\/uploads\/2026\/09\/hotel-tandem-300x200.jpg 300w, https:\/\/loudavymkrokem.cz\/wp-content\/uploads\/2026\/09\/hotel-tandem-700x466.jpg 700w, https:\/\/loudavymkrokem.cz\/wp-content\/uploads\/2026\/09\/hotel-tandem-768x512.jpg 768w, https:\/\/loudavymkrokem.cz\/wp-content\/uploads\/2026\/09\/hotel-tandem-696x464.jpg 696w\" sizes=\"(max-width: 1280px) 100vw, 1280px\" \/><button\n\t\t\tclass=\"lightbox-trigger\"\n\t\t\ttype=\"button\"\n\t\t\taria-haspopup=\"dialog\"\n\t\t\tdata-wp-bind--aria-label=\"state.thisImage.triggerButtonAriaLabel\"\n\t\t\tdata-wp-init=\"callbacks.initTriggerButton\"\n\t\t\tdata-wp-on--click=\"actions.showLightbox\"\n\t\t\tdata-wp-style--right=\"state.thisImage.buttonRight\"\n\t\t\tdata-wp-style--top=\"state.thisImage.buttonTop\"\n\t\t>\n\t\t\t<svg xmlns=\"http:\/\/www.w3.org\/2000\/svg\" width=\"12\" height=\"12\" fill=\"none\" viewBox=\"0 0 12 12\">\n\t\t\t\t<path fill=\"#fff\" d=\"M2 0a2 2 0 0 0-2 2v2h1.5V2a.5.5 0 0 1 .5-.5h2V0H2Zm2 10.5H2a.5.5 0 0 1-.5-.5V8H0v2a2 2 0 0 0 2 2h2v-1.5ZM8 12v-1.5h2a.5.5 0 0 0 .5-.5V8H12v2a2 2 0 0 1-2 2H8Zm2-12a2 2 0 0 1 2 2v2h-1.5V2a.5.5 0 0 0-.5-.5H8V0h2Z\" \/>\n\t\t\t<\/svg>\n\t\t<\/button><figcaption class=\"wp-element-caption\">Fot\u00f3: H\u00f4tel Tandem \/ Google Maps<\/figcaption><\/figure>\n\n\n\n<h3 class=\"wp-block-heading\"><span class=\"ez-toc-section\" id=\"6_Hotel_Tandem\"><\/span>6. Hotel Tandem<span class=\"ez-toc-section-end\"><\/span><\/h3>\n\n\n\n<p class=\"wp-block-paragraph\">Ha a legdr\u00e1g\u00e1bb t\u00f6rt\u00e9nelmi magon k\u00edv\u00fcl keresel sz\u00e1ll\u00e1st, a p\u00e1lyaudvar melletti fantasztikus, \u00f6kol\u00f3giai szeml\u00e9let\u0171 butik<strong><a href=\"https:\/\/www.stay22.com\/allez\/roam?aid=lukaskonecny&#038;campaign=loudavymkrokemcz&#038;campaign=kde-bydlet-ve-strasburku&#038;hotelname=Hotel%20Tandem&#038;address=%C5%A0trasburk%2C%20Francie\" target=\"_blank\" rel=\"noopener nofollow sponsored\">Hotel Tandem<\/a><\/strong> 4,7-es \u00e9rt\u00e9kel\u00e9ssel <strong>a t\u00e1gabb k\u00f6rny\u00e9k legjobbra \u00e9rt\u00e9kelt sz\u00e1ll\u00e1sa<\/strong>. A szob\u00e1k nagyon meleg, f\u00e1val teli, term\u00e9szetes t\u00f3nusokban vannak berendezve, amelyek m\u00e1r az els\u0151 pillanatt\u00f3l <strong>hihetetlen\u00fcl megnyugtat\u00f3 \u00e9s otthonos benyom\u00e1st keltenek<\/strong>.<\/p>\n\n\n\n<p class=\"wp-block-paragraph\">Ez a hotel nagyon modern, fenntarthat\u00f3 szeml\u00e9letet k\u00e9pvisel, amit a gyakorlatban egy <strong>remek esti borb\u00e1r is bizony\u00edt a helyi biodinamikus borok sz\u00ednes k\u00edn\u00e1lat\u00e1val, valamint a vend\u00e9geknek sz\u00e1nt saj\u00e1t ker\u00e9kp\u00e1rk\u00f6lcs\u00f6nz\u0151<\/strong>. \u00c9pp ker\u00e9kp\u00e1ron fedezheted fel Strasbourgot \u00fagy, mint egy igazi helyi. A reggelit r\u00e1ad\u00e1sul kiz\u00e1r\u00f3lag helyi alapanyagokb\u00f3l k\u00e9sz\u00edtik, \u00e9s a vend\u00e9gek ezt a reggeli ritu\u00e1l\u00e9t a v\u00e9lem\u00e9nyekben csak dics\u00e9rik.<\/p>\n\n\n\n<p class=\"wp-block-paragraph\">A t\u00f6rt\u00e9nelmi belv\u00e1rosba innen gyalog k\u00e9nyelmes t\u00edz perc alatt eljutsz, vagy felsz\u00e1llhatsz a nem messze meg\u00e1ll\u00f3 villamosra. <strong>A szem\u00e9lyzet itt k\u00f6zvetlen, de rendk\u00edv\u00fcl profi<\/strong>, \u00e9s sz\u00edvesen aj\u00e1nl remek h\u00fasmentes \u00e9ttermeket a k\u00f6rny\u00e9ken.<\/p>\n\n\n\n<p class=\"wp-block-paragraph\">\ud83d\udca1 <strong>Tipp:<\/strong> Ez egyszer\u0171en <strong>a legjobb v\u00e1laszt\u00e1s az Elz\u00e1szba vonattal \u00e9rkez\u0151 utaz\u00f3knak<\/strong>, akik st\u00edlusos, modern k\u00f6rnyezetben szeretn\u00e9nek megsz\u00e1llni, \u00e9s fontos nekik a fenntarthat\u00f3s\u00e1g \u00e9s a helyi alapanyagok cs\u00facsmin\u0151s\u00e9ge.<\/p>\n\n\n\n<figure data-wp-context=\"{&quot;imageId&quot;:&quot;6a9c1fc67e0ac&quot;}\" data-wp-interactive=\"core\/image\" data-wp-key=\"6a9c1fc67e0ac\" class=\"wp-block-image size-full wp-lightbox-container\"><img decoding=\"async\" width=\"1600\" height=\"1067\" data-wp-class--hide=\"state.isContentHidden\" data-wp-class--show=\"state.isContentVisible\" data-wp-init=\"callbacks.setButtonStyles\" data-wp-on--click=\"actions.showLightbox\" data-wp-on--load=\"callbacks.setButtonStyles\" data-wp-on--pointerdown=\"actions.preloadImage\" data-wp-on--pointerenter=\"actions.preloadImageWithDelay\" data-wp-on--pointerleave=\"actions.cancelPreload\" data-wp-on-window--resize=\"callbacks.setButtonStyles\" src=\"https:\/\/loudavymkrokem.cz\/wp-content\/uploads\/2026\/09\/sofitel-strasbourg-grande-le.jpg\" alt=\"Sofitel Strasbourg Grande \u00cele hotel\" class=\"wp-image-413067\" title=\"\" srcset=\"https:\/\/loudavymkrokem.cz\/wp-content\/uploads\/2026\/09\/sofitel-strasbourg-grande-le.jpg 1600w, https:\/\/loudavymkrokem.cz\/wp-content\/uploads\/2026\/09\/sofitel-strasbourg-grande-le-300x200.jpg 300w, https:\/\/loudavymkrokem.cz\/wp-content\/uploads\/2026\/09\/sofitel-strasbourg-grande-le-700x467.jpg 700w, https:\/\/loudavymkrokem.cz\/wp-content\/uploads\/2026\/09\/sofitel-strasbourg-grande-le-768x512.jpg 768w, https:\/\/loudavymkrokem.cz\/wp-content\/uploads\/2026\/09\/sofitel-strasbourg-grande-le-1536x1024.jpg 1536w, https:\/\/loudavymkrokem.cz\/wp-content\/uploads\/2026\/09\/sofitel-strasbourg-grande-le-696x464.jpg 696w, https:\/\/loudavymkrokem.cz\/wp-content\/uploads\/2026\/09\/sofitel-strasbourg-grande-le-1392x928.jpg 1392w\" sizes=\"(max-width: 1600px) 100vw, 1600px\" \/><button\n\t\t\tclass=\"lightbox-trigger\"\n\t\t\ttype=\"button\"\n\t\t\taria-haspopup=\"dialog\"\n\t\t\tdata-wp-bind--aria-label=\"state.thisImage.triggerButtonAriaLabel\"\n\t\t\tdata-wp-init=\"callbacks.initTriggerButton\"\n\t\t\tdata-wp-on--click=\"actions.showLightbox\"\n\t\t\tdata-wp-style--right=\"state.thisImage.buttonRight\"\n\t\t\tdata-wp-style--top=\"state.thisImage.buttonTop\"\n\t\t>\n\t\t\t<svg xmlns=\"http:\/\/www.w3.org\/2000\/svg\" width=\"12\" height=\"12\" fill=\"none\" viewBox=\"0 0 12 12\">\n\t\t\t\t<path fill=\"#fff\" d=\"M2 0a2 2 0 0 0-2 2v2h1.5V2a.5.5 0 0 1 .5-.5h2V0H2Zm2 10.5H2a.5.5 0 0 1-.5-.5V8H0v2a2 2 0 0 0 2 2h2v-1.5ZM8 12v-1.5h2a.5.5 0 0 0 .5-.5V8H12v2a2 2 0 0 1-2 2H8Zm2-12a2 2 0 0 1 2 2v2h-1.5V2a.5.5 0 0 0-.5-.5H8V0h2Z\" \/>\n\t\t\t<\/svg>\n\t\t<\/button><figcaption class=\"wp-element-caption\">Fot\u00f3: Sofitel Strasbourg Grande \u00cele \/ Google Maps<\/figcaption><\/figure>\n\n\n\n<h3 class=\"wp-block-heading\"><span class=\"ez-toc-section\" id=\"7_Sofitel_Strasbourg_Grande_Ile\"><\/span>7. Sofitel Strasbourg Grande \u00cele<span class=\"ez-toc-section-end\"><\/span><\/h3>\n\n\n\n<p class=\"wp-block-paragraph\">Hihetetlen mennyis\u00e9g\u0171 \u00e9rt\u00e9kel\u00e9ssel ez a nagyszab\u00e1s\u00fa <strong><a href=\"https:\/\/www.stay22.com\/allez\/roam?aid=lukaskonecny&#038;campaign=loudavymkrokemcz&#038;campaign=kde-bydlet-ve-strasburku&#038;hotelname=Sofitel%20Strasbourg%20Grande%20%C3%8Ele&#038;address=%C5%A0trasburk%2C%20Francie\" target=\"_blank\" rel=\"noopener nofollow sponsored\">Sofitel Strasbourg Grande \u00cele<\/a><\/strong> sz\u00e9p 4,5-\u00f6s oszt\u00e1lyzatot tart, \u00e9s \u00edgy <strong>a v\u00e1ros legt\u00f6bbet \u00e9rt\u00e9kelt hotel\u00e9nek<\/strong> sz\u00e1m\u00edt. Egyenesen a f\u0151 t\u00f6rt\u00e9nelmi szigeten \u00e1ll, \u00e9s egy h\u00edres strasbourgi klasszikust k\u00e9pvisel, amely <strong>hossz\u00fa t\u00e1von nagyon magas standardon tartja a bev\u00e1lt \u00f6tcsillagos szolg\u00e1ltat\u00e1sokat<\/strong>.<\/p>\n\n\n\n<p class=\"wp-block-paragraph\">A bels\u0151 terek egy\u00e9rtelm\u0171en a modern francia elegancia jegy\u00e9ben fogantak, min\u0151s\u00e9gi sz\u0151nyegekkel, tomp\u00edtott sz\u00ednekkel \u00e9s diz\u00e1jnb\u00fatorokkal. Tal\u00e1lsz itt egy remek, francia gasztron\u00f3mi\u00e1ra \u00f6sszpontos\u00edt\u00f3 \u00e9ttermet \u00e9s mindenekel\u0151tt egy <strong>nagyon st\u00edlusos b\u00e1rt, ahov\u00e1 egy exkluz\u00edv esti italra t\u00e9rhetsz be<\/strong> az utc\u00e1kon t\u00f6lt\u00f6tt hossz\u00fa nap ut\u00e1n. A szob\u00e1k a szok\u00e1sosn\u00e1l t\u00e1gasabbak, csendesek, \u00e9s els\u0151rang\u00fa k\u00e9nyelmet k\u00edn\u00e1lnak, ami erre a rangos m\u00e1rk\u00e1ra jellemz\u0151.<\/p>\n\n\n\n<p class=\"wp-block-paragraph\">M\u00e9ret\u00e9nek k\u00f6sz\u00f6nhet\u0151en a hotel remek h\u00e1tt\u00e9rrel rendelkezik, bele\u00e9rtve egy t\u00e1gas fitneszk\u00f6zpontot. <strong>A fekv\u00e9s csod\u00e1latos<\/strong>, hiszen ak\u00e1r a katedr\u00e1lishoz indulsz, ak\u00e1r a fest\u0151i Petite France negyedbe, mindenhov\u00e1 t\u00edz percen bel\u00fcl eljutsz.<\/p>\n\n\n\n<p class=\"wp-block-paragraph\">\ud83d\udca1 <strong>Tipp:<\/strong> Ide\u00e1lis azoknak, akik <strong>a nagy nemzetk\u00f6zi m\u00e1rk\u00e1k biztons\u00e1g\u00e1t \u00e9s megb\u00edzhat\u00f3s\u00e1g\u00e1t<\/strong> r\u00e9szes\u00edtik el\u0151nyben, \u00e9s kifog\u00e1stalan, magas szint\u0171 profi szolg\u00e1ltat\u00e1st ig\u00e9nyelnek, s\u00e9tat\u00e1vols\u00e1gra mindent\u0151l, ami a v\u00e1rosban l\u00e9nyeges.<\/p>\n\n\n\n<figure data-wp-context=\"{&quot;imageId&quot;:&quot;6a9c1fc67e52c&quot;}\" data-wp-interactive=\"core\/image\" data-wp-key=\"6a9c1fc67e52c\" class=\"wp-block-image size-full wp-lightbox-container\"><img decoding=\"async\" width=\"1600\" height=\"1067\" data-wp-class--hide=\"state.isContentHidden\" data-wp-class--show=\"state.isContentVisible\" data-wp-init=\"callbacks.setButtonStyles\" data-wp-on--click=\"actions.showLightbox\" data-wp-on--load=\"callbacks.setButtonStyles\" data-wp-on--pointerdown=\"actions.preloadImage\" data-wp-on--pointerenter=\"actions.preloadImageWithDelay\" data-wp-on--pointerleave=\"actions.cancelPreload\" data-wp-on-window--resize=\"callbacks.setButtonStyles\" src=\"https:\/\/loudavymkrokem.cz\/wp-content\/uploads\/2026\/09\/h-tel-r-gent-contades-by-stay-collection.jpg\" alt=\"H\u00f4tel R\u00e9gent Contades by Stay Collection hotel\" class=\"wp-image-413072\" title=\"\" srcset=\"https:\/\/loudavymkrokem.cz\/wp-content\/uploads\/2026\/09\/h-tel-r-gent-contades-by-stay-collection.jpg 1600w, https:\/\/loudavymkrokem.cz\/wp-content\/uploads\/2026\/09\/h-tel-r-gent-contades-by-stay-collection-300x200.jpg 300w, https:\/\/loudavymkrokem.cz\/wp-content\/uploads\/2026\/09\/h-tel-r-gent-contades-by-stay-collection-700x467.jpg 700w, https:\/\/loudavymkrokem.cz\/wp-content\/uploads\/2026\/09\/h-tel-r-gent-contades-by-stay-collection-768x512.jpg 768w, https:\/\/loudavymkrokem.cz\/wp-content\/uploads\/2026\/09\/h-tel-r-gent-contades-by-stay-collection-1536x1024.jpg 1536w, https:\/\/loudavymkrokem.cz\/wp-content\/uploads\/2026\/09\/h-tel-r-gent-contades-by-stay-collection-696x464.jpg 696w, https:\/\/loudavymkrokem.cz\/wp-content\/uploads\/2026\/09\/h-tel-r-gent-contades-by-stay-collection-1392x928.jpg 1392w\" sizes=\"(max-width: 1600px) 100vw, 1600px\" \/><button\n\t\t\tclass=\"lightbox-trigger\"\n\t\t\ttype=\"button\"\n\t\t\taria-haspopup=\"dialog\"\n\t\t\tdata-wp-bind--aria-label=\"state.thisImage.triggerButtonAriaLabel\"\n\t\t\tdata-wp-init=\"callbacks.initTriggerButton\"\n\t\t\tdata-wp-on--click=\"actions.showLightbox\"\n\t\t\tdata-wp-style--right=\"state.thisImage.buttonRight\"\n\t\t\tdata-wp-style--top=\"state.thisImage.buttonTop\"\n\t\t>\n\t\t\t<svg xmlns=\"http:\/\/www.w3.org\/2000\/svg\" width=\"12\" height=\"12\" fill=\"none\" viewBox=\"0 0 12 12\">\n\t\t\t\t<path fill=\"#fff\" d=\"M2 0a2 2 0 0 0-2 2v2h1.5V2a.5.5 0 0 1 .5-.5h2V0H2Zm2 10.5H2a.5.5 0 0 1-.5-.5V8H0v2a2 2 0 0 0 2 2h2v-1.5ZM8 12v-1.5h2a.5.5 0 0 0 .5-.5V8H12v2a2 2 0 0 1-2 2H8Zm2-12a2 2 0 0 1 2 2v2h-1.5V2a.5.5 0 0 0-.5-.5H8V0h2Z\" \/>\n\t\t\t<\/svg>\n\t\t<\/button><figcaption class=\"wp-element-caption\">Fot\u00f3: H\u00f4tel R\u00e9gent Contades \/ Google Maps<\/figcaption><\/figure>\n\n\n\n<h3 class=\"wp-block-heading\"><span class=\"ez-toc-section\" id=\"8_Hotel_Regent_Contades_by_Stay_Collection\"><\/span>8. H\u00f4tel R\u00e9gent Contades by Stay Collection<span class=\"ez-toc-section-end\"><\/span><\/h3>\n\n\n\n<p class=\"wp-block-paragraph\">Ez a rendk\u00edv\u00fcl eleg\u00e1ns <strong><a href=\"https:\/\/www.stay22.com\/allez\/roam?aid=lukaskonecny&#038;campaign=loudavymkrokemcz&#038;campaign=kde-bydlet-ve-strasburku&#038;hotelname=H%C3%B4tel%20R%C3%A9gent%20Contades%20by%20Stay%20Collection&#038;address=%C5%A0trasburk%2C%20Francie\" target=\"_blank\" rel=\"noopener nofollow sponsored\">H\u00f4tel R\u00e9gent Contades by Stay Collection<\/a><\/strong> nagyon j\u00f3, 4,4-es \u00e9rt\u00e9kel\u00e9ssel egy gy\u00f6ny\u00f6r\u0171, 19. sz\u00e1zadi polg\u00e1r\u00e9p\u00fcletben tal\u00e1lhat\u00f3, amely <strong>egyenesen az Ill foly\u00f3 partj\u00e1n fekszik, a fens\u00e9ges Neustadt negyed k\u00f6zel\u00e9ben<\/strong>. M\u00e1r a bej\u00e1ratn\u00e1l egy gy\u00f6ny\u00f6r\u0171, s\u00f6t\u00e9t f\u00e1val burkolt b\u00e1r fogad b\u0151rfotelekkel, amely <strong>olyan, mintha egy klasszikus brit klubb\u00f3l v\u00e1gt\u00e1k volna ki<\/strong>.<\/p>\n\n\n\n<p class=\"wp-block-paragraph\">A v\u00e1rosban tett hossz\u00fa s\u00e9t\u00e1k ut\u00e1n, hidegebb, nyirkos id\u0151ben garant\u00e1ltan ig\u00e9nybe veszed a <strong>modern hotelszaun\u00e1t \u00e9s a hagyom\u00e1nyos hammamot<\/strong>, amelyek teljesen a hotel vend\u00e9gei rendelkez\u00e9s\u00e9re \u00e1llnak, \u00e9s t\u00f6k\u00e9letes \u00e1tmeleged\u00e9st k\u00edn\u00e1lnak. A magas mennyezet\u0171 szob\u00e1k itt kecsesen kombin\u00e1lj\u00e1k a r\u00e9gim\u00f3di b\u00e1jt minden modern k\u00e9nyelemmel, amit ett\u0151l a magas standardt\u00f3l automatikusan elv\u00e1rsz.<\/p>\n\n\n\n<p class=\"wp-block-paragraph\">A katedr\u00e1lis innen k\u00f6r\u00fclbel\u00fcl tizenk\u00e9t perc kellemes s\u00e9ta a v\u00edz ment\u00e9n, teh\u00e1t <strong>\u00e9lvezed a k\u00f6zponti fekv\u00e9s el\u0151nyeit, de a zs\u00fafolt utc\u00e1k bosszant\u00f3 zaja n\u00e9lk\u00fcl<\/strong>. Reggel gazdag reggelib\u00fcf\u00e9 v\u00e1r egy gy\u00f6ny\u00f6r\u0171, f\u00e9ny\u00e1rban \u00fasz\u00f3 szalonban.<\/p>\n\n\n\n<p class=\"wp-block-paragraph\">\ud83d\udca1 <strong>Tipp:<\/strong> Ez egyszer\u0171en remek c\u00edm egy nyugodtabb, laz\u00e1bb tart\u00f3zkod\u00e1shoz, ha <strong>eleg\u00e1ns, el\u0151kel\u0151 k\u00f6rnyezetben szeretn\u00e9l megsz\u00e1llni a t\u00f6rt\u00e9nelmi mag \u00e9s a z\u00f6ld n\u00e9met negyed hat\u00e1r\u00e1n<\/strong>.<\/p>\n\n\n\n<figure data-wp-context=\"{&quot;imageId&quot;:&quot;6a9c1fc67e9d3&quot;}\" data-wp-interactive=\"core\/image\" data-wp-key=\"6a9c1fc67e9d3\" class=\"wp-block-image size-full wp-lightbox-container\"><img decoding=\"async\" width=\"1600\" height=\"1084\" data-wp-class--hide=\"state.isContentHidden\" data-wp-class--show=\"state.isContentVisible\" data-wp-init=\"callbacks.setButtonStyles\" data-wp-on--click=\"actions.showLightbox\" data-wp-on--load=\"callbacks.setButtonStyles\" data-wp-on--pointerdown=\"actions.preloadImage\" data-wp-on--pointerenter=\"actions.preloadImageWithDelay\" data-wp-on--pointerleave=\"actions.cancelPreload\" data-wp-on-window--resize=\"callbacks.setButtonStyles\" src=\"https:\/\/loudavymkrokem.cz\/wp-content\/uploads\/2026\/09\/pavillon-r-gent-petite-france.jpg\" alt=\"Pavillon R\u00e9gent Petite France hotel\" class=\"wp-image-413077\" title=\"\" srcset=\"https:\/\/loudavymkrokem.cz\/wp-content\/uploads\/2026\/09\/pavillon-r-gent-petite-france.jpg 1600w, https:\/\/loudavymkrokem.cz\/wp-content\/uploads\/2026\/09\/pavillon-r-gent-petite-france-300x203.jpg 300w, https:\/\/loudavymkrokem.cz\/wp-content\/uploads\/2026\/09\/pavillon-r-gent-petite-france-700x474.jpg 700w, https:\/\/loudavymkrokem.cz\/wp-content\/uploads\/2026\/09\/pavillon-r-gent-petite-france-768x520.jpg 768w, https:\/\/loudavymkrokem.cz\/wp-content\/uploads\/2026\/09\/pavillon-r-gent-petite-france-1536x1041.jpg 1536w, https:\/\/loudavymkrokem.cz\/wp-content\/uploads\/2026\/09\/pavillon-r-gent-petite-france-696x472.jpg 696w, https:\/\/loudavymkrokem.cz\/wp-content\/uploads\/2026\/09\/pavillon-r-gent-petite-france-1392x943.jpg 1392w\" sizes=\"(max-width: 1600px) 100vw, 1600px\" \/><button\n\t\t\tclass=\"lightbox-trigger\"\n\t\t\ttype=\"button\"\n\t\t\taria-haspopup=\"dialog\"\n\t\t\tdata-wp-bind--aria-label=\"state.thisImage.triggerButtonAriaLabel\"\n\t\t\tdata-wp-init=\"callbacks.initTriggerButton\"\n\t\t\tdata-wp-on--click=\"actions.showLightbox\"\n\t\t\tdata-wp-style--right=\"state.thisImage.buttonRight\"\n\t\t\tdata-wp-style--top=\"state.thisImage.buttonTop\"\n\t\t>\n\t\t\t<svg xmlns=\"http:\/\/www.w3.org\/2000\/svg\" width=\"12\" height=\"12\" fill=\"none\" viewBox=\"0 0 12 12\">\n\t\t\t\t<path fill=\"#fff\" d=\"M2 0a2 2 0 0 0-2 2v2h1.5V2a.5.5 0 0 1 .5-.5h2V0H2Zm2 10.5H2a.5.5 0 0 1-.5-.5V8H0v2a2 2 0 0 0 2 2h2v-1.5ZM8 12v-1.5h2a.5.5 0 0 0 .5-.5V8H12v2a2 2 0 0 1-2 2H8Zm2-12a2 2 0 0 1 2 2v2h-1.5V2a.5.5 0 0 0-.5-.5H8V0h2Z\" \/>\n\t\t\t<\/svg>\n\t\t<\/button><figcaption class=\"wp-element-caption\">Fot\u00f3: H\u00f4tel &#038; Spa R\u00e9gent Petite France \/ Google Maps<\/figcaption><\/figure>\n\n\n\n<h3 class=\"wp-block-heading\"><span class=\"ez-toc-section\" id=\"9_Pavillon_Regent_Petite_France\"><\/span>9. Pavillon R\u00e9gent Petite France<span class=\"ez-toc-section-end\"><\/span><\/h3>\n\n\n\n<p class=\"wp-block-paragraph\">Ha a legt\u00f6k\u00e9letesebb romantik\u00e1t keresed, a h\u00edres <strong><a href=\"https:\/\/www.stay22.com\/allez\/roam?aid=lukaskonecny&#038;campaign=loudavymkrokemcz&#038;campaign=kde-bydlet-ve-strasburku&#038;hotelname=Pavillon%20R%C3%A9gent%20Petite%20France&#038;address=%C5%A0trasburk%2C%20Francie\" target=\"_blank\" rel=\"noopener nofollow sponsored\">Pavillon R\u00e9gent Petite France<\/a><\/strong> 4,4-es \u00e9rt\u00e9kel\u00e9ssel egy gy\u00f6ny\u00f6r\u0171, \u0151si fav\u00e1zas \u00e9p\u00fcletben tal\u00e1lhat\u00f3, <strong>egyenesen az ikonikus, fotog\u00e9n Petite France negyed sz\u00edv\u00e9ben<\/strong>. A sok hangulatos szob\u00e1b\u00f3l <strong>egyenesen k\u00e9peslapszer\u0171 kil\u00e1t\u00e1s<\/strong> ny\u00edlik az Ill foly\u00f3ra \u00e9s a k\u00f6rnyez\u0151 t\u00f6rt\u00e9nelmi h\u00e1zakra, ami olyan vizu\u00e1lis \u00e9lm\u00e9ny, amit nem ak\u00e1rhol tal\u00e1lsz.<\/p>\n\n\n\n<p class=\"wp-block-paragraph\">Ennek a butiksz\u00e1ll\u00e1snak a r\u00e9sz\u00e9t k\u00e9pezi egy kiv\u00e1l\u00f3 \u00e9tterem \u00e9s egy nagyon kellemes b\u00e1r is, \u00edgy a nap v\u00e9g\u00e9n a j\u00f3 \u00e9tel\u00e9rt \u00e9s ital\u00e9rt m\u00e9g kimenned sem kell. A fekv\u00e9s igaz\u00e1n egyed\u00fcl\u00e1ll\u00f3 \u00e9s felejthetetlen, de ne feledd a fontos szab\u00e1lyt. <strong>Az adventi v\u00e1s\u00e1rok idej\u00e9n a hotel k\u00f6rny\u00e9ke rendk\u00edv\u00fcl zs\u00fafolt a turist\u00e1kt\u00f3l<\/strong>, \u00e9s az ablakok alatti sik\u00e1torokban folyamatosan \u00e1ramlanak az emberek.<\/p>\n\n\n\n<p class=\"wp-block-paragraph\">A szob\u00e1k tiszta, eleg\u00e1ns st\u00edlusban vannak berendezve, amely sz\u00e9pen kiemeli az \u00e9p\u00fclet eredeti t\u00f6rt\u00e9nelmi elemeit. A reggelit egy nagy ablakos, gy\u00f6ny\u00f6r\u0171 szalonban szolg\u00e1lj\u00e1k fel, ahonnan egyenesen k\u00e1v\u00e9z\u00e1s k\u00f6zben figyelheted az el\u00fasz\u00f3 s\u00e9tahaj\u00f3kat.<\/p>\n\n\n\n<p class=\"wp-block-paragraph\">\ud83d\udca1 <strong>Tipp:<\/strong> Ez <strong>a megfelel\u0151 v\u00e1laszt\u00e1s a szerelmes p\u00e1roknak \u00e9s a szenved\u00e9lyes fot\u00f3soknak<\/strong>, akik a legszebb strasbourgi l\u00e1tv\u00e1nyt egyenesen a szob\u00e1juk ablaka m\u00f6g\u00f6tt szeretn\u00e9k tudni.<\/p>\n\n\n\n<figure data-wp-context=\"{&quot;imageId&quot;:&quot;6a9c1fc67ee8c&quot;}\" data-wp-interactive=\"core\/image\" data-wp-key=\"6a9c1fc67ee8c\" class=\"wp-block-image size-full wp-lightbox-container\"><img decoding=\"async\" width=\"1600\" height=\"1068\" data-wp-class--hide=\"state.isContentHidden\" data-wp-class--show=\"state.isContentVisible\" data-wp-init=\"callbacks.setButtonStyles\" data-wp-on--click=\"actions.showLightbox\" data-wp-on--load=\"callbacks.setButtonStyles\" data-wp-on--pointerdown=\"actions.preloadImage\" data-wp-on--pointerenter=\"actions.preloadImageWithDelay\" data-wp-on--pointerleave=\"actions.cancelPreload\" data-wp-on-window--resize=\"callbacks.setButtonStyles\" src=\"https:\/\/loudavymkrokem.cz\/wp-content\/uploads\/2026\/09\/hannong-h-tel-wine-bar.jpg\" alt=\"Hannong H\u00f4tel &#038; Wine Bar hotel\" class=\"wp-image-413081\" title=\"\" srcset=\"https:\/\/loudavymkrokem.cz\/wp-content\/uploads\/2026\/09\/hannong-h-tel-wine-bar.jpg 1600w, https:\/\/loudavymkrokem.cz\/wp-content\/uploads\/2026\/09\/hannong-h-tel-wine-bar-300x200.jpg 300w, https:\/\/loudavymkrokem.cz\/wp-content\/uploads\/2026\/09\/hannong-h-tel-wine-bar-700x467.jpg 700w, https:\/\/loudavymkrokem.cz\/wp-content\/uploads\/2026\/09\/hannong-h-tel-wine-bar-768x513.jpg 768w, https:\/\/loudavymkrokem.cz\/wp-content\/uploads\/2026\/09\/hannong-h-tel-wine-bar-1536x1025.jpg 1536w, https:\/\/loudavymkrokem.cz\/wp-content\/uploads\/2026\/09\/hannong-h-tel-wine-bar-696x465.jpg 696w, https:\/\/loudavymkrokem.cz\/wp-content\/uploads\/2026\/09\/hannong-h-tel-wine-bar-1392x929.jpg 1392w\" sizes=\"(max-width: 1600px) 100vw, 1600px\" \/><button\n\t\t\tclass=\"lightbox-trigger\"\n\t\t\ttype=\"button\"\n\t\t\taria-haspopup=\"dialog\"\n\t\t\tdata-wp-bind--aria-label=\"state.thisImage.triggerButtonAriaLabel\"\n\t\t\tdata-wp-init=\"callbacks.initTriggerButton\"\n\t\t\tdata-wp-on--click=\"actions.showLightbox\"\n\t\t\tdata-wp-style--right=\"state.thisImage.buttonRight\"\n\t\t\tdata-wp-style--top=\"state.thisImage.buttonTop\"\n\t\t>\n\t\t\t<svg xmlns=\"http:\/\/www.w3.org\/2000\/svg\" width=\"12\" height=\"12\" fill=\"none\" viewBox=\"0 0 12 12\">\n\t\t\t\t<path fill=\"#fff\" d=\"M2 0a2 2 0 0 0-2 2v2h1.5V2a.5.5 0 0 1 .5-.5h2V0H2Zm2 10.5H2a.5.5 0 0 1-.5-.5V8H0v2a2 2 0 0 0 2 2h2v-1.5ZM8 12v-1.5h2a.5.5 0 0 0 .5-.5V8H12v2a2 2 0 0 1-2 2H8Zm2-12a2 2 0 0 1 2 2v2h-1.5V2a.5.5 0 0 0-.5-.5H8V0h2Z\" \/>\n\t\t\t<\/svg>\n\t\t<\/button><figcaption class=\"wp-element-caption\">Fot\u00f3: Hannong H\u00f4tel &#038; Wine Bar \/ Google Maps<\/figcaption><\/figure>\n\n\n\n<!-- LKM_GYG_CARD start q=\"strasbourg\" lang=\"hu\" rendered=\"2026-09-05T12:21:05+00:00\" v=\"1\" -->\n<style id=\"lk-gyg-styles\">\n@import url(\"https:\/\/fonts.googleapis.com\/css2?family=Playfair+Display:wght@700&family=DM+Sans:wght@300;400;500;600&display=swap\");\n\/* === LK GYG karty \u2014 CRO redesign 2026-05 (namespace .lkx-) ===\n   C\u00edl: vy\u0161\u0161\u00ed CTR (hero + v\u00fdrazn\u00fd social proof + ak\u010dn\u00ed CTA, m\u00e9n\u011b \"reklamn\u00ed\").\n   Injektuje se inline do prvn\u00edho markeru postu (refresh_cards.py --inline-css). *\/\n.lkx-module, .lkx-module *{box-sizing:border-box;margin:0;padding:0}\n.lkx-module{\n  font-family:'DM Sans',-apple-system,Segoe UI,Roboto,Georgia,sans-serif;\n  max-width:860px;margin:2.5rem auto;color:#1f2328;\n}\n\n\/* HEADER \u2014 lehk\u00fd editorsk\u00fd, \u017e\u00e1dn\u00fd bannerov\u00fd blok; nadpis + popisek pod n\u00edm *\/\n.lkx-head{margin-bottom:16px}\n.lkx-head-main{display:flex;align-items:center;gap:10px}\n.lkx-head-accent{width:26px;height:3px;border-radius:2px;background:#c39f76;flex-shrink:0}\n.lkx-head-title{font-family:'Playfair Display',Georgia,serif;font-size:21px;font-weight:700;color:#1a1a1a;line-height:1.25}\n.lkx-head-meta{display:block;font-size:11px;letter-spacing:.3px;color:#9aa0a6;margin-top:4px;margin-left:36px}\n\n\/* HERO *\/\n.lkx-hero{display:grid;grid-template-columns:300px 1fr;background:#fff;border:1px solid #ece7df;border-radius:14px;overflow:hidden;text-decoration:none!important;color:inherit;box-shadow:0 6px 20px rgba(0,0,0,.06);transition:box-shadow .2s,transform .2s;margin-bottom:14px}\n.lkx-hero:hover{box-shadow:0 12px 30px rgba(0,0,0,.12);transform:translateY(-2px)}\n.lkx-hero-img{position:relative;min-height:230px;background-size:cover;background-position:center;background-color:#eee}\n.lkx-hero-body{padding:22px 24px;display:flex;flex-direction:column}\n.lkx-pick{position:absolute;top:12px;left:12px;background:#1a1a1a;color:#fff;font-size:11px;font-weight:700;letter-spacing:.5px;padding:5px 11px;border-radius:20px}\n\n\/* TITLE *\/\n.lkx-title{font-size:19px;font-weight:700;color:#161616;line-height:1.3}\n.lkx-title-sm{font-size:14.5px;line-height:1.35;display:-webkit-box;-webkit-line-clamp:2;-webkit-box-orient:vertical;overflow:hidden}\n\n\/* SOCIAL PROOF \u2014 v\u00fdrazn\u011b, naho\u0159e *\/\n.lkx-proof{display:flex;align-items:center;gap:7px;margin-top:12px;font-size:15px;color:#3a3a3a}\n.lkx-proof b{font-size:16px;color:#161616}\n.lkx-stars{color:#f5a623;letter-spacing:1px}\n.lkx-proof-sm{font-size:12.5px;margin-top:8px;gap:5px}\n.lkx-proof-sm b{font-size:13px}\n.lkx-proof-new{color:#3685fc;font-weight:600}\n\n\/* PRICE \u2014 n\u00edzk\u00e1 kotva *\/\n.lkx-price{font-size:14px;color:#6b7280}\n.lkx-price b{font-size:20px;color:#161616;font-weight:700}\n.lkx-price-sm b{font-size:15px}\n\n\/* CTA \u2014 tepl\u00e9 ak\u010dn\u00ed tla\u010d\u00edtko *\/\n.lkx-cta{display:inline-flex;align-items:center;justify-content:center;text-decoration:none!important;font-weight:700;color:#fff!important;background:linear-gradient(135deg,#f6743f,#e8552a);border-radius:10px;box-shadow:0 6px 16px rgba(232,85,42,.32);transition:box-shadow .2s}\n.lkx-cta-hero{font-size:15px;padding:13px 22px}\n.lkx-hero:hover .lkx-cta-hero{box-shadow:0 8px 22px rgba(232,85,42,.45)}\n.lkx-cta-sm{font-size:12.5px;padding:9px 14px;width:100%;margin-top:2px}\n.lkx-hero-bottom{margin-top:auto;padding-top:18px;display:flex;align-items:center;justify-content:space-between;gap:14px;flex-wrap:wrap}\n\n\/* BADGE \u2014 jeden v\u00fdrazn\u00fd na fotce *\/\n.lkx-badge{position:absolute;top:12px;right:12px;font-size:10.5px;font-weight:700;letter-spacing:.3px;padding:5px 10px;border-radius:16px;color:#fff}\n.lkx-badge.badge-urgency{background:rgba(214,40,40,.92)}\n.lkx-badge.badge-new{background:rgba(54,133,252,.92)}\n.lkx-badge.badge-top{background:rgba(195,159,118,.95)}\n.lkx-badge.badge-info{background:rgba(40,40,40,.78)}\n\n\/* SECONDARY GRID *\/\n.lkx-grid{display:grid;grid-template-columns:1fr 1fr;gap:14px}\n.lkx-card{background:#fff;border:1px solid #ece7df;border-radius:14px;overflow:hidden;text-decoration:none!important;color:inherit;box-shadow:0 4px 14px rgba(0,0,0,.05);display:flex;flex-direction:column;transition:box-shadow .2s,transform .2s}\n.lkx-card:hover{box-shadow:0 10px 24px rgba(0,0,0,.1);transform:translateY(-2px)}\n.lkx-card-img{position:relative;aspect-ratio:16\/10;background-size:cover;background-position:center;background-color:#eee}\n.lkx-card-body{padding:14px 16px 16px;display:flex;flex-direction:column;gap:7px;flex:1}\n.lkx-card-bottom{margin-top:auto;padding-top:10px;display:flex;align-items:center;justify-content:space-between;gap:8px}\n\n\/* DISCLOSURE \u2014 drobn\u00e1, kv\u016fli d\u016fv\u011b\u0159e\/z\u00e1konu *\/\n.lkx-disclosure{font-size:11px;color:#a7adb3;text-align:center;margin-top:14px;line-height:1.6}\n.lkx-disclosure a{color:#c39f76;text-decoration:none}\n\n@media(max-width:680px){\n  .lkx-hero{grid-template-columns:1fr}\n  .lkx-hero-img{min-height:180px}\n  .lkx-grid{grid-template-columns:1fr}\n  .lkx-head-meta{margin-left:0;width:100%}\n  .lkx-head-title{font-size:19px}\n}\n\n<\/style>\n<div class=\"lkx-module\" data-query=\"strasbourg\">\n  <div class=\"lkx-head\">\n    <div class=\"lkx-head-main\">\n      <span class=\"lkx-head-accent\"><\/span>\n      <span class=\"lkx-head-title\">\u00c9lm\u00e9nyek \u00e9s bel\u00e9p\u0151jegyek<\/span>\n    <\/div>\n    <span class=\"lkx-head-meta\">utaz\u00f3k \u00e1ltal \u00e9rt\u00e9kelve \u00b7 GetYourGuide<\/span>\n  <\/div><a class=\"lkx-hero\" href=\"https:\/\/www.getyourguide.com\/hu-hu\/strasbourg-l293\/strasbourg-gyalogtura-helyi-idegenvezetovel-t877665\/?partner_id=MKZ64IS&amp;utm_medium=online_publisher&amp;cmp=hol-szallj-meg-strasbourgban\" target=\"_blank\" rel=\"sponsored noopener nofollow\">\n    <div class=\"lkx-hero-img\" style=\"background-image:url('https:\/\/cdn.getyourguide.com\/img\/tour\/55865d3f8d08e2193af59ad660b04fb53bbd1f5148dde1eff9892481aee3de49.png\/132.jpg')\" role=\"img\" aria-label=\"Strasbourg: gyalogt\u00fara helyi idegenvezet\u0151vel\">\n      <span class=\"lkx-pick\">\u2605 A mi tipp\u00fcnk<\/span><\/div>\n    <div class=\"lkx-hero-body\">\n      <div class=\"lkx-title\">Strasbourg: gyalogt\u00fara helyi idegenvezet\u0151vel<\/div>\n      <div class=\"lkx-proof\">\n      <span class=\"lkx-stars\">\u2605\u2605\u2605\u2605\u2605<\/span>\n      <b>4.4<\/b> \u00b7 904 \u00e9rt\u00e9kel\u00e9s\n    <\/div>\n      <div class=\"lkx-hero-bottom\"><div class=\"lkx-price\">m\u00e1r <b>28\u00a0EUR<\/b><\/div><span class=\"lkx-cta lkx-cta-hero\">Ezt az \u00e9lm\u00e9nyt akarom \u2192<\/span>\n      <\/div>\n    <\/div>\n  <\/a><div class=\"lkx-grid\"><a class=\"lkx-card\" href=\"https:\/\/www.getyourguide.com\/hu-hu\/strasbourg-l293\/strasbourg-bol-hagyomanyos-boraszati-kirandulas-colmarba-t1066634\/?partner_id=MKZ64IS&amp;utm_medium=online_publisher&amp;cmp=hol-szallj-meg-strasbourgban\" target=\"_blank\" rel=\"sponsored noopener nofollow\">\n      <div class=\"lkx-card-img\" style=\"background-image:url('https:\/\/cdn.getyourguide.com\/img\/tour\/ad6c161500ce5ceaabb182d1ab2f151c62d5b59124194ab758ce97e60c9bfaf1.jpg\/132.jpg')\" role=\"img\" aria-label=\"Strasbourg-b\u00f3l: hagyom\u00e1nyos bor\u00e1szati kir\u00e1ndul\u00e1s Colmarba\"><\/div>\n      <div class=\"lkx-card-body\">\n        <div class=\"lkx-title lkx-title-sm\">Strasbourg-b\u00f3l: hagyom\u00e1nyos bor\u00e1szati kir\u00e1ndul\u00e1s Colmarba<\/div>\n        <div class=\"lkx-proof lkx-proof-sm\">\n      <span class=\"lkx-stars\">\u2605<\/span>\n      <b>3.6<\/b> \u00b7 18\n    <\/div>\n        <div class=\"lkx-card-bottom\"><span class=\"lkx-price lkx-price-sm\">m\u00e1r <b>125\u00a0EUR<\/b><\/span><span class=\"lkx-cta lkx-cta-sm\">Id\u0151pontok megtekint\u00e9se \u2192<\/span>\n        <\/div>\n      <\/div>\n    <\/a><a class=\"lkx-card\" href=\"https:\/\/www.getyourguide.com\/hu-hu\/strasbourg-l293\/strasbourg-elzasi-etelkostolos-seta-5-kostolassal-t1458211\/?partner_id=MKZ64IS&amp;utm_medium=online_publisher&amp;cmp=hol-szallj-meg-strasbourgban\" target=\"_blank\" rel=\"sponsored noopener nofollow\">\n      <div class=\"lkx-card-img\" style=\"background-image:url('https:\/\/cdn.getyourguide.com\/img\/tour\/e965587a48bc449a08b2ef17afbfc818a8ca05db25bccd1e896e40df12dc7ce3.jpg\/132.jpg')\" role=\"img\" aria-label=\"Strasbourg: Elz\u00e1si \u00e9telk\u00f3stol\u00f3s s\u00e9ta 5 k\u00f3stol\u00e1ssal\"><\/div>\n      <div class=\"lkx-card-body\">\n        <div class=\"lkx-title lkx-title-sm\">Strasbourg: Elz\u00e1si \u00e9telk\u00f3stol\u00f3s s\u00e9ta 5 k\u00f3stol\u00e1ssal<\/div>\n        <div class=\"lkx-proof lkx-proof-sm\">\n      <span class=\"lkx-stars\">\u2605<\/span>\n      <b>0.0<\/b> \u00b7 0\n    <\/div>\n        <div class=\"lkx-card-bottom\"><span class=\"lkx-price lkx-price-sm\">m\u00e1r <b>45\u00a0EUR<\/b><\/span><span class=\"lkx-cta lkx-cta-sm\">Id\u0151pontok megtekint\u00e9se \u2192<\/span>\n        <\/div>\n      <\/div>\n    <\/a><\/div><div class=\"lkx-disclosure\">\ud83d\udd17 A linkek partnerlinkek \u2014 az \u00e1rat nem v\u00e1ltoztatj\u00e1k, nek\u00fcnk viszont seg\u00edtenek a tartalomk\u00e9sz\u00edt\u00e9sben. \u00b7 <a href=\"https:\/\/www.getyourguide.com\/hu-hu\/s\/?q=strasbourg&amp;partner_id=MKZ64IS&amp;utm_medium=online_publisher\" target=\"_blank\" rel=\"sponsored noopener nofollow\">\u00d6sszes \u00e9lm\u00e9ny \u2192<\/a><\/div>\n<\/div>\n<!-- LKM_GYG_CARD end -->\n\n\n\n\n<div class=\"lk-stays-module\">\n<style>\n\/* \u2500\u2500\u2500 RESET PRO GUTENBERG \u2500\u2500\u2500 *\/\n.lk-stays-module * { box-sizing: border-box; margin: 0; padding: 0; }\n\n\/* \u2500\u2500\u2500 WRAPPER \u2500\u2500\u2500 *\/\n.lk-stays-module {\n  font-family: 'DM Sans', Georgia, sans-serif;\n  max-width: 100%;\n  margin: 2.5rem auto;\n  background: linear-gradient(135deg, #fdfaf5 0%, #fcf8f0 100%);\n  border: 1px solid #e8dfd4;\n  border-radius: 16px;\n  overflow: hidden;\n  box-shadow: 0 16px 48px rgba(195, 159, 118, 0.25), 0 4px 12px rgba(0,0,0,0.08);\n}\n\n\/* \u2500\u2500\u2500 HEADER \u2500\u2500\u2500 *\/\n.lk-stays-header {\n  position: relative;\n  padding: 24px 36px 24px;\n  background: linear-gradient(135deg, #c39f76 0%, #d4b188 60%, #c39f76 100%);\n  border-bottom: 1px solid rgba(255,255,255,.15);\n  display: flex;\n  align-items: center;\n  gap: 18px;\n}\n.lk-stays-header::before {\n  content: '';\n  position: absolute;\n  inset: 0;\n  background: url(\"data:image\/svg+xml,%3Csvg width='60' height='60' viewBox='0 0 60 60' xmlns='http:\/\/www.w3.org\/2000\/svg'%3E%3Cg fill='none' fill-rule='evenodd'%3E%3Cg fill='%23ffffff' fill-opacity='0.05'%3E%3Cpath d='M36 34v-4h-2v4h-4v2h4v4h2v-4h4v-2h-4zm0-30V0h-2v4h-4v2h4v4h2V6h4V4h-4zM6 34v-4H4v4H0v2h4v4h2v-4h4v-2H6zM6 4V0H4v4H0v2h4v4h2V6h4V4H6z'\/%3E%3C\/g%3E%3C\/g%3E%3C\/svg%3E\") repeat;\n  pointer-events: none;\n}\n.lk-stays-icon {\n  flex-shrink: 0;\n  width: 68px;\n  height: 68px;\n  border-radius: 14px;\n  background: linear-gradient(135deg, #fff 0%, #f9f6f0 100%);\n  display: flex;\n  align-items: center;\n  justify-content: center;\n  font-size: 26px;\n  box-shadow: 0 4px 12px rgba(0,0,0,0.15);\n}\n.lk-stays-eyebrow {\n  font-size: 10px;\n  font-weight: 500;\n  letter-spacing: 2.5px;\n  text-transform: uppercase;\n  color: rgba(255,255,255,.85);\n  margin: 0 0 5px 0;\n}\n.lk-stays-title {\n  font-family: 'Playfair Display', Georgia, serif;\n  font-size: 24px;\n  font-weight: 700;\n  color: #fff;\n  line-height: 1.2;\n  text-shadow: 0 1px 2px rgba(0,0,0,0.1);\n  margin: 0;\n}\n.lk-stays-subtitle {\n  font-size: 13px;\n  color: rgba(255,255,255,.75);\n  margin: 4px 0 0 0;\n  font-weight: 300;\n}\n\n\/* \u2500\u2500\u2500 CARDS GRID \u2500\u2500\u2500 *\/\n.lk-stays-grid {\n  display: grid;\n  grid-template-columns: 1fr 1fr;\n  gap: 1px;\n  background: rgba(195, 159, 118, 0.12);\n}\n\n\/* \u2500\u2500\u2500 SINGLE CARD \u2500\u2500\u2500 *\/\n.lk-stay-card {\n  background: #ffffff;\n  padding: 26px;\n  display: flex;\n  flex-direction: column;\n  gap: 11px;\n  transition: all 0.3s ease;\n  text-decoration: none;\n  color: inherit;\n  position: relative;\n}\n.lk-stay-card:hover {\n  background: #fffbf5;\n  transform: translateY(-2px);\n  box-shadow: 0 8px 24px rgba(195, 159, 118, 0.18);\n  z-index: 1;\n}\n.lk-stay-card.featured {\n  background: linear-gradient(135deg, #fffdf9 0%, #fff9f0 100%);\n  box-shadow: 0 4px 16px rgba(195, 159, 118, 0.15), inset 0 1px 0 rgba(195, 159, 118, 0.1);\n}\n.lk-stay-card.featured:hover {\n  background: linear-gradient(135deg, #fffbf5 0%, #fff8ed 100%);\n  box-shadow: 0 8px 24px rgba(195, 159, 118, 0.25), inset 0 1px 0 rgba(195, 159, 118, 0.15);\n}\n\n.lk-stay-badge {\n  display: inline-flex;\n  align-items: center;\n  gap: 5px;\n  font-size: 10px;\n  font-weight: 500;\n  letter-spacing: 1.5px;\n  text-transform: uppercase;\n  padding: 5px 11px;\n  border-radius: 20px;\n  width: fit-content;\n}\n.badge-top     { background: linear-gradient(135deg, #c39f76 0%, #d4b188 100%); color: #fff; border: 1px solid #c39f76; font-weight: 600; box-shadow: 0 2px 8px rgba(195,159,118,0.3); }\n.badge-luxury  { background: rgba(195,159,118,.12); color: #c39f76; border: 1px solid rgba(195,159,118,.25); }\n.badge-boutique{ background: rgba(54,133,252,.08); color: #3685fc; border: 1px solid rgba(54,133,252,.2); }\n.badge-nature  { background: rgba(130,190,100,.1); color: #6b9c4a; border: 1px solid rgba(130,190,100,.2); }\n.badge-remote  { background: rgba(195,159,118,.12); color: #a67e50; border: 1px solid rgba(195,159,118,.25); }\n\n.lk-stay-name {\n  font-family: 'Playfair Display', Georgia, serif;\n  font-size: 18px;\n  font-weight: 700;\n  color: #111827;\n  line-height: 1.3;\n}\n.lk-stay-desc {\n  font-size: 13.5px;\n  color: #525252;\n  line-height: 1.65;\n  font-weight: 300;\n  flex: 1;\n}\n\n.lk-stay-meta {\n  display: flex;\n  align-items: center;\n  gap: 12px;\n  flex-wrap: wrap;\n  margin-top: 4px;\n}\n.lk-stay-price {\n  font-size: 13px;\n  color: #6b7280;\n}\n.lk-stay-price strong {\n  color: #c39f76;\n  font-weight: 500;\n}\n.lk-stay-stars {\n  color: #c39f76;\n  font-size: 11px;\n  letter-spacing: 1px;\n}\n\n\/* \u2500\u2500\u2500 CTA BUTTON \u2500\u2500\u2500 *\/\n.lk-stay-cta {\n  display: inline-flex;\n  align-items: center;\n  justify-content: center;\n  gap: 7px;\n  margin-top: 8px;\n  padding: 11px 20px;\n  border-radius: 8px;\n  background: linear-gradient(135deg, #3685fc 0%, #2a6fd9 100%);\n  color: #fff;\n  font-size: 13px;\n  font-weight: 500;\n  text-decoration: none;\n  letter-spacing: .3px;\n  transition: all .2s ease;\n  cursor: pointer;\n  border: none;\n  text-align: center;\n  box-shadow: 0 4px 12px rgba(54, 133, 252, 0.25);\n}\n.lk-stay-cta:hover {\n  background: linear-gradient(135deg, #2a6fd9 0%, #1e5bc4 100%);\n  transform: translateY(-1px);\n  box-shadow: 0 6px 16px rgba(54, 133, 252, 0.35);\n}\n.lk-stay-cta svg { flex-shrink: 0; }\n\n\/* \u2500\u2500\u2500 FOOTER \u2500\u2500\u2500 *\/\n.lk-stays-footer {\n  padding: 18px 36px;\n  background: linear-gradient(to bottom, #fdfaf5 0%, #f9f4ed 100%);\n  border-top: 1px solid rgba(195, 159, 118, 0.15);\n  display: flex;\n  align-items: center;\n  justify-content: space-between;\n  flex-wrap: wrap;\n  gap: 12px;\n}\n.lk-stays-footer-note {\n  font-size: 11.5px;\n  color: #6b7280;\n  font-weight: 300;\n  line-height: 1.5;\n}\n.lk-stays-footer-note a {\n  color: #c39f76;\n  text-decoration: none;\n  font-weight: 400;\n}\n.lk-stays-footer-note a:hover {\n  text-decoration: underline;\n}\n.lk-stays-all-btn {\n  display: inline-flex;\n  align-items: center;\n  gap: 6px;\n  font-size: 12.5px;\n  font-weight: 500;\n  color: #c39f76;\n  text-decoration: none;\n  border: 1px solid rgba(195, 159, 118, 0.35);\n  padding: 8px 18px;\n  border-radius: 8px;\n  transition: all .2s ease;\n}\n.lk-stays-all-btn:hover {\n  background: rgba(195, 159, 118, 0.08);\n  border-color: rgba(195, 159, 118, 0.5);\n}\n\n\/* \u2500\u2500\u2500 RESPONSIVE \u2500\u2500\u2500 *\/\n@media (max-width: 600px) {\n  .lk-stays-grid { grid-template-columns: 1fr; }\n  .lk-stays-header { padding: 24px 20px; }\n  .lk-stays-footer { padding: 16px 20px; }\n  .lk-stay-card { padding: 22px; }\n  .lk-stays-title { font-size: 20px; }\n}\n<\/style>\n\n  <!-- HEADER -->\n  <div class=\"lk-stays-header\">\n    <img decoding=\"async\" src=\"https:\/\/loudavymkrokem.cz\/wp-content\/uploads\/2026\/02\/lukas-a-lucka.jpg\" alt=\"\" style=\"width: 75px; height: 75px; border-radius: 8px; flex-shrink: 0; object-fit: cover; display: block; margin: 4px 0;\" title=\"\">\n    <div class=\"lk-stays-header-text\">\n      <div class=\"lk-stays-eyebrow\">Luk\u00e1\u0161 \u00e9s Lucie aj\u00e1nlj\u00e1k<\/div>\n      <div class=\"lk-stays-title\">Hol sz\u00e1lljon meg Strasbourgban<\/div>\n      <div class=\"lk-stays-subtitle\">6 sz\u00e1ll\u00e1shely \u2014 wellness hotelek, sz\u00e1llod\u00e1k \u00e9s egy\u00e9b sz\u00e1ll\u00e1slehet\u0151s\u00e9gek<\/div>\n    <\/div>\n  <\/div>\n\n  <!-- CARDS -->\n  <div class=\"lk-stays-grid\">\n\n    <a class=\"lk-stay-card featured\" href=\"https:\/\/www.stay22.com\/allez\/roam?aid=lukaskonecny&#038;campaign=loudavymkrokemcz&#038;campaign=hu&#038;campaign=kde-bydlet-ve-strasburku&#038;hotelname=Cour%20du%20Corbeau%20Hotel%20Strasbourg%20MGallery&#038;address=%C5%A0trasburk%2C%20Francie\" target=\"_blank\" rel=\"nofollow noopener\">\n      <span class=\"lk-stay-badge badge-top\">\u2b50 TOP V\u00c1LASZT\u00c1S<\/span>\n      <span class=\"lk-stay-badge badge-nature\">\u2b50 Luxury<\/span>\n      <div class=\"lk-stay-name\">Cour du Corbeau Hotel Strasbourg MGallery<\/div>\n      <div class=\"lk-stay-desc\">Luxussz\u00e1lloda egy 16. sz\u00e1zadi \u00e9p\u00fcletben, kiv\u00e1l\u00f3 4,8-as \u00e9rt\u00e9kel\u00e9ssel. Gy\u00f6ny\u00f6r\u0171 fa erk\u00e9ly \u00e9s csendes udvar. Csak n\u00e9h\u00e1ny percre a katedr\u00e1lict\u00f3l.<\/div>\n      <div class=\"lk-stay-meta\">\n        <span class=\"lk-stay-stars\">\u2605\u2605\u2605\u2605<\/span>\n        <span class=\"lk-stay-price\">\u00c1rak ellen\u0151rz\u00e9se<\/span>\n      <\/div>\n      <span class=\"lk-stay-cta\">\n        <svg width=\"14\" height=\"14\" viewBox=\"0 0 24 24\" fill=\"none\" stroke=\"currentColor\" stroke-width=\"2\"><path d=\"M18 13v6a2 2 0 0 1-2 2H5a2 2 0 0 1-2-2V8a2 2 0 0 1 2-2h6\"\/><polyline points=\"15 3 21 3 21 9\"\/><line x1=\"10\" y1=\"14\" x2=\"21\" y2=\"3\"\/><\/svg>\n        Ellen\u0151rizd az el\u00e9rhet\u0151s\u00e9get\n      <\/span>\n    <\/a>\n\n    <a class=\"lk-stay-card\" href=\"https:\/\/www.stay22.com\/allez\/roam?aid=lukaskonecny&#038;campaign=loudavymkrokemcz&#038;campaign=hu&#038;campaign=kde-bydlet-ve-strasburku&#038;hotelname=Les%20Haras%20H%C3%B4tel%20by%20Stay%20Collection&#038;address=%C5%A0trasburk%2C%20Francie\" target=\"_blank\" rel=\"nofollow noopener\">\n      <span class=\"lk-stay-badge badge-nature\">\ud83c\udfe8 Hotel<\/span>\n      <div class=\"lk-stay-name\">Les Haras H\u00f4tel by Stay Collection<\/div>\n      <div class=\"lk-stay-desc\">Design hotel egy egykori 18. sz\u00e1zadi kir\u00e1lyi m\u00e9nesbirtokban. Spa hotel medenc\u00e9vel \u00e9s h\u00edres \u00e9tteremmel. \u00c9rt\u00e9kel\u00e9s: 4,6.<\/div>\n      <div class=\"lk-stay-meta\">\n        <span class=\"lk-stay-stars\">\u2605\u2605\u2605\u2605<\/span>\n        <span class=\"lk-stay-price\">\u00c1rak ellen\u0151rz\u00e9se<\/span>\n      <\/div>\n      <span class=\"lk-stay-cta\">\n        <svg width=\"14\" height=\"14\" viewBox=\"0 0 24 24\" fill=\"none\" stroke=\"currentColor\" stroke-width=\"2\"><path d=\"M18 13v6a2 2 0 0 1-2 2H5a2 2 0 0 1-2-2V8a2 2 0 0 1 2-2h6\"\/><polyline points=\"15 3 21 3 21 9\"\/><line x1=\"10\" y1=\"14\" x2=\"21\" y2=\"3\"\/><\/svg>\n        Ellen\u0151rizd az el\u00e9rhet\u0151s\u00e9get\n      <\/span>\n    <\/a>\n\n    <a class=\"lk-stay-card\" href=\"https:\/\/www.stay22.com\/allez\/roam?aid=lukaskonecny&#038;campaign=loudavymkrokemcz&#038;campaign=hu&#038;campaign=kde-bydlet-ve-strasburku&#038;hotelname=Maison%20Rouge%20Strasbourg%20Hotel%20%26%20Spa&#038;address=%C5%A0trasburk%2C%20Francie\" target=\"_blank\" rel=\"nofollow noopener\">\n      <span class=\"lk-stay-badge badge-nature\">\ud83c\udfe8 Hotel<\/span>\n      <div class=\"lk-stay-name\">Maison Rouge Strasbourg Hotel &#038; Spa<\/div>\n      <div class=\"lk-stay-desc\">Klasszikus sz\u00e1lloda csak n\u00e9h\u00e1ny l\u00e9p\u00e9sre a katedr\u00e1lict\u00f3l. Reggeliz\u0151 szalon eredeti fresk\u00f3kkal. Sz\u00e1llodai spa \u00e9s wellness. \u00c9rt\u00e9kel\u00e9s: 4,5.<\/div>\n      <div class=\"lk-stay-meta\">\n        <span class=\"lk-stay-stars\">\u2605\u2605\u2605\u2605<\/span>\n        <span class=\"lk-stay-price\">\u00c1rak ellen\u0151rz\u00e9se<\/span>\n      <\/div>\n      <span class=\"lk-stay-cta\">\n        <svg width=\"14\" height=\"14\" viewBox=\"0 0 24 24\" fill=\"none\" stroke=\"currentColor\" stroke-width=\"2\"><path d=\"M18 13v6a2 2 0 0 1-2 2H5a2 2 0 0 1-2-2V8a2 2 0 0 1 2-2h6\"\/><polyline points=\"15 3 21 3 21 9\"\/><line x1=\"10\" y1=\"14\" x2=\"21\" y2=\"3\"\/><\/svg>\n        Ellen\u0151rizd az el\u00e9rhet\u0151s\u00e9get\n      <\/span>\n    <\/a>\n\n    <a class=\"lk-stay-card\" href=\"https:\/\/www.stay22.com\/allez\/roam?aid=lukaskonecny&#038;campaign=loudavymkrokemcz&#038;campaign=hu&#038;campaign=kde-bydlet-ve-strasburku&#038;hotelname=H%C3%B4tel%20Beaucour&#038;address=%C5%A0trasburk%2C%20Francie\" target=\"_blank\" rel=\"nofollow noopener\">\n      <span class=\"lk-stay-badge badge-nature\">\ud83c\udfe8 Hotel<\/span>\n      <div class=\"lk-stay-name\">H\u00f4tel Beaucour<\/div>\n      <div class=\"lk-stay-desc\">Hagyom\u00e1nyos fav\u00e1zas h\u00e1z fest\u0151i terasszal. N\u00e9h\u00e1ny szoba saj\u00e1t pezsg\u0151f\u00fcrd\u0151vel. Kiv\u00e1l\u00f3 \u00e1r-\u00e9rt\u00e9k ar\u00e1ny \u00e9s hangulat. \u00c9rt\u00e9kel\u00e9s: 4,6.<\/div>\n      <div class=\"lk-stay-meta\">\n        <span class=\"lk-stay-stars\">\u2605\u2605\u2605\u2605<\/span>\n        <span class=\"lk-stay-price\">\u00c1rak ellen\u0151rz\u00e9se<\/span>\n      <\/div>\n      <span class=\"lk-stay-cta\">\n        <svg width=\"14\" height=\"14\" viewBox=\"0 0 24 24\" fill=\"none\" stroke=\"currentColor\" stroke-width=\"2\"><path d=\"M18 13v6a2 2 0 0 1-2 2H5a2 2 0 0 1-2-2V8a2 2 0 0 1 2-2h6\"\/><polyline points=\"15 3 21 3 21 9\"\/><line x1=\"10\" y1=\"14\" x2=\"21\" y2=\"3\"\/><\/svg>\n        Ellen\u0151rizd az el\u00e9rhet\u0151s\u00e9get\n      <\/span>\n    <\/a>\n\n    <a class=\"lk-stay-card\" href=\"https:\/\/www.stay22.com\/allez\/roam?aid=lukaskonecny&#038;campaign=loudavymkrokemcz&#038;campaign=hu&#038;campaign=kde-bydlet-ve-strasburku&#038;hotelname=L%C3%89ONOR%20H%C3%B4tel%20by%20Stay%20Collection&#038;address=%C5%A0trasburk%2C%20Francie\" target=\"_blank\" rel=\"nofollow noopener\">\n      <span class=\"lk-stay-badge badge-nature\">\u2b50 Luxury<\/span>\n      <div class=\"lk-stay-name\">L\u00c9ONOR H\u00f4tel by Stay Collection<\/div>\n      <div class=\"lk-stay-desc\">Modern design luxus egy t\u00f6rt\u00e9nelmi \u00e9p\u00fcletben. Saj\u00e1t h\u00edres cukr\u00e1szda \u00e9s \u00e9tterem. \u00c9rt\u00e9kel\u00e9s: 4,7.<\/div>\n      <div class=\"lk-stay-meta\">\n        <span class=\"lk-stay-stars\">\u2605\u2605\u2605\u2605<\/span>\n        <span class=\"lk-stay-price\">\u00c1rak ellen\u0151rz\u00e9se<\/span>\n      <\/div>\n      <span class=\"lk-stay-cta\">\n        <svg width=\"14\" height=\"14\" viewBox=\"0 0 24 24\" fill=\"none\" stroke=\"currentColor\" stroke-width=\"2\"><path d=\"M18 13v6a2 2 0 0 1-2 2H5a2 2 0 0 1-2-2V8a2 2 0 0 1 2-2h6\"\/><polyline points=\"15 3 21 3 21 9\"\/><line x1=\"10\" y1=\"14\" x2=\"21\" y2=\"3\"\/><\/svg>\n        Ellen\u0151rizd az el\u00e9rhet\u0151s\u00e9get\n      <\/span>\n    <\/a>\n\n    <a class=\"lk-stay-card\" href=\"https:\/\/www.stay22.com\/allez\/roam?aid=lukaskonecny&#038;campaign=loudavymkrokemcz&#038;campaign=hu&#038;campaign=kde-bydlet-ve-strasburku&#038;hotelname=Hotel%20Tandem&#038;address=%C5%A0trasburk%2C%20Francie\" target=\"_blank\" rel=\"nofollow noopener\">\n      <span class=\"lk-stay-badge badge-nature\">\ud83c\udfe8 Hotel<\/span>\n      <div class=\"lk-stay-name\">Hotel Tandem<\/div>\n      <div class=\"lk-stay-desc\">\u00d6kol\u00f3giai butiksz\u00e1lloda a p\u00e1lyaudvar k\u00f6zel\u00e9ben. Borb\u00e1r biodinamikus borokkal \u00e9s ker\u00e9kp\u00e1rk\u00f6lcs\u00f6nz\u0151. \u00c9rt\u00e9kel\u00e9s: 4,7.<\/div>\n      <div class=\"lk-stay-meta\">\n        <span class=\"lk-stay-stars\">\u2605\u2605\u2605\u2605<\/span>\n        <span class=\"lk-stay-price\">\u00c1rak ellen\u0151rz\u00e9se<\/span>\n      <\/div>\n      <span class=\"lk-stay-cta\">\n        <svg width=\"14\" height=\"14\" viewBox=\"0 0 24 24\" fill=\"none\" stroke=\"currentColor\" stroke-width=\"2\"><path d=\"M18 13v6a2 2 0 0 1-2 2H5a2 2 0 0 1-2-2V8a2 2 0 0 1 2-2h6\"\/><polyline points=\"15 3 21 3 21 9\"\/><line x1=\"10\" y1=\"14\" x2=\"21\" y2=\"3\"\/><\/svg>\n        Ellen\u0151rizd az el\u00e9rhet\u0151s\u00e9get\n      <\/span>\n    <\/a>\n\n  <\/div>\n\n  \n<\/div>\n\n\n\n\n<h3 class=\"wp-block-heading\"><span class=\"ez-toc-section\" id=\"10_Hannong_Hotel_Wine_Bar\"><\/span>10. Hannong H\u00f4tel &#038; Wine Bar<span class=\"ez-toc-section-end\"><\/span><\/h3>\n\n\n\n<p class=\"wp-block-paragraph\">Ez a rendk\u00edv\u00fcl st\u00edlusos <strong><a href=\"https:\/\/www.stay22.com\/allez\/roam?aid=lukaskonecny&#038;campaign=loudavymkrokemcz&#038;campaign=kde-bydlet-ve-strasburku&#038;hotelname=Hannong%20H%C3%B4tel%20%26%20Wine%20Bar&#038;address=%C5%A0trasburk%2C%20Francie\" target=\"_blank\" rel=\"noopener nofollow sponsored\">Hannong H\u00f4tel &#038; Wine Bar<\/a><\/strong> 4,5-\u00f6s \u00e9rt\u00e9kel\u00e9ssel garant\u00e1ltan \u00f6r\u00f6met szerez a j\u00f3 italok minden szerelmes\u00e9nek, mert a <strong>sz\u00edve egy fantasztikus borb\u00e1r gy\u00f6ny\u00f6r\u0171 tet\u0151terasszal<\/strong>. A sz\u00e1ll\u00e1s csak p\u00e1r l\u00e9p\u00e9sre van a kedvelt Petite France negyedt\u0151l, \u00e9s <strong>remek, nagyon \u00e9rz\u00e9keny kever\u00e9ket k\u00edn\u00e1l a modern diz\u00e1jn \u00e9s az eredeti t\u00f6rt\u00e9nelmi elemek k\u00f6z\u00f6tt<\/strong>.<\/p>\n\n\n\n<p class=\"wp-block-paragraph\">A hotel nagy b\u00fcszkes\u00e9ge egy gy\u00f6ny\u00f6r\u0171 vintage szalon hatalmas \u00fcvegtet\u0151vel, ahol minden reggel nagyon gazdag reggelit szolg\u00e1lnak fel, \u00e9s ahol <strong>napk\u00f6zben meg\u00fclhetsz egy j\u00f3 k\u00f6nyvvel \u00e9s egy poh\u00e1r kiv\u00e1l\u00f3 elz\u00e1szi borral<\/strong>. Maguk a szob\u00e1k gy\u00f6ny\u00f6r\u0171en leveg\u0151sek, t\u00f6k\u00e9letesen tiszt\u00e1k, \u00e9s nagyon k\u00e9nyelmes \u00e1gyakkal b\u00fcszk\u00e9lkednek min\u0151s\u00e9gi \u00e1gynem\u0171vel.<\/p>\n\n\n\n<p class=\"wp-block-paragraph\">A hotel t\u00f6k\u00e9letes s\u00e9tat\u00e1vols\u00e1gra van a vas\u00fat\u00e1llom\u00e1st\u00f3l \u00e9s mag\u00e1t\u00f3l a belv\u00e1rost\u00f3l is, \u00edgy semmilyen t\u00f6megk\u00f6zleked\u00e9sre nem lesz sz\u00fcks\u00e9ged. A szem\u00e9lyzet itt hatalmas lelkesed\u00e9ssel tan\u00e1csolja a vend\u00e9geknek, hogy melyik konkr\u00e9t k\u00f6rny\u00e9kbeli bor\u00e1szatot ne hagyj\u00e1k ki semmik\u00e9pp.<\/p>\n\n\n\n<p class=\"wp-block-paragraph\">\ud83d\udca1 <strong>Tipp:<\/strong> Foglalj itt szob\u00e1t, ha teli t\u00fcd\u0151vel akarod <strong>\u00e9lvezni a cs\u00facsmin\u0151s\u00e9g\u0171 helyi borok k\u00f3stol\u00f3it egyenesen a hotel k\u00e9nyelm\u00e9ben<\/strong>, \u00e9s szereted az eleg\u00e1ns, eredeti diz\u00e1jnk\u00f6rnyezetet.<\/p>\n\n\n\n<figure data-wp-context=\"{&quot;imageId&quot;:&quot;6a9c1fc67f47d&quot;}\" data-wp-interactive=\"core\/image\" data-wp-key=\"6a9c1fc67f47d\" class=\"wp-block-image size-full wp-lightbox-container\"><img decoding=\"async\" width=\"1600\" height=\"1067\" data-wp-class--hide=\"state.isContentHidden\" data-wp-class--show=\"state.isContentVisible\" data-wp-init=\"callbacks.setButtonStyles\" data-wp-on--click=\"actions.showLightbox\" data-wp-on--load=\"callbacks.setButtonStyles\" data-wp-on--pointerdown=\"actions.preloadImage\" data-wp-on--pointerenter=\"actions.preloadImageWithDelay\" data-wp-on--pointerleave=\"actions.cancelPreload\" data-wp-on-window--resize=\"callbacks.setButtonStyles\" src=\"https:\/\/loudavymkrokem.cz\/wp-content\/uploads\/2026\/09\/h-tel-gutenberg.jpg\" alt=\"H\u00f4tel Gutenberg hotel\" class=\"wp-image-413085\" title=\"\" srcset=\"https:\/\/loudavymkrokem.cz\/wp-content\/uploads\/2026\/09\/h-tel-gutenberg.jpg 1600w, https:\/\/loudavymkrokem.cz\/wp-content\/uploads\/2026\/09\/h-tel-gutenberg-300x200.jpg 300w, https:\/\/loudavymkrokem.cz\/wp-content\/uploads\/2026\/09\/h-tel-gutenberg-700x467.jpg 700w, https:\/\/loudavymkrokem.cz\/wp-content\/uploads\/2026\/09\/h-tel-gutenberg-768x512.jpg 768w, https:\/\/loudavymkrokem.cz\/wp-content\/uploads\/2026\/09\/h-tel-gutenberg-1536x1024.jpg 1536w, https:\/\/loudavymkrokem.cz\/wp-content\/uploads\/2026\/09\/h-tel-gutenberg-696x464.jpg 696w, https:\/\/loudavymkrokem.cz\/wp-content\/uploads\/2026\/09\/h-tel-gutenberg-1392x928.jpg 1392w\" sizes=\"(max-width: 1600px) 100vw, 1600px\" \/><button\n\t\t\tclass=\"lightbox-trigger\"\n\t\t\ttype=\"button\"\n\t\t\taria-haspopup=\"dialog\"\n\t\t\tdata-wp-bind--aria-label=\"state.thisImage.triggerButtonAriaLabel\"\n\t\t\tdata-wp-init=\"callbacks.initTriggerButton\"\n\t\t\tdata-wp-on--click=\"actions.showLightbox\"\n\t\t\tdata-wp-style--right=\"state.thisImage.buttonRight\"\n\t\t\tdata-wp-style--top=\"state.thisImage.buttonTop\"\n\t\t>\n\t\t\t<svg xmlns=\"http:\/\/www.w3.org\/2000\/svg\" width=\"12\" height=\"12\" fill=\"none\" viewBox=\"0 0 12 12\">\n\t\t\t\t<path fill=\"#fff\" d=\"M2 0a2 2 0 0 0-2 2v2h1.5V2a.5.5 0 0 1 .5-.5h2V0H2Zm2 10.5H2a.5.5 0 0 1-.5-.5V8H0v2a2 2 0 0 0 2 2h2v-1.5ZM8 12v-1.5h2a.5.5 0 0 0 .5-.5V8H12v2a2 2 0 0 1-2 2H8Zm2-12a2 2 0 0 1 2 2v2h-1.5V2a.5.5 0 0 0-.5-.5H8V0h2Z\" \/>\n\t\t\t<\/svg>\n\t\t<\/button><figcaption class=\"wp-element-caption\">Fot\u00f3: H\u00f4tel Gutenberg \/ Google Maps<\/figcaption><\/figure>\n\n\n\n<h3 class=\"wp-block-heading\"><span class=\"ez-toc-section\" id=\"11_Hotel_Gutenberg\"><\/span>11. H\u00f4tel Gutenberg<span class=\"ez-toc-section-end\"><\/span><\/h3>\n\n\n\n<p class=\"wp-block-paragraph\">Ez a nagyon kellemes, ink\u00e1bb kisebb <strong><a href=\"https:\/\/www.stay22.com\/allez\/roam?aid=lukaskonecny&#038;campaign=loudavymkrokemcz&#038;campaign=kde-bydlet-ve-strasburku&#038;hotelname=H%C3%B4tel%20Gutenberg&#038;address=%C5%A0trasburk%2C%20Francie\" target=\"_blank\" rel=\"noopener nofollow sponsored\">H\u00f4tel Gutenberg<\/a><\/strong> szolid 4,5-\u00f6s \u00e9rt\u00e9kel\u00e9st tart, \u00e9s egy strat\u00e9giai helyen, <strong>csak egy kis darabk\u00e1ra a f\u0151 katedr\u00e1list\u00f3l \u00e9s a Place Gutenbergt\u0151l<\/strong> tal\u00e1lhat\u00f3. Ink\u00e1bb bens\u0151s\u00e9gesebb, de ann\u00e1l \u00edzl\u00e9sesebben \u00e9s praktikusabban berendezett szob\u00e1kat k\u00edn\u00e1l, amelyek <strong>minden sz\u00fcks\u00e9ges modern k\u00e9nyelmet biztos\u00edtanak a v\u00e1ros eg\u00e9sz napos megismer\u00e9s\u00e9hez<\/strong>.<\/p>\n\n\n\n<p class=\"wp-block-paragraph\">Egyszer\u0171en kiv\u00e1l\u00f3 v\u00e1laszt\u00e1s azoknak, akik maga a t\u00f6rt\u00e9n\u00e9sek k\u00f6zpontj\u00e1ban szeretn\u00e9nek megsz\u00e1llni, ugyanakkor <strong>nagyon j\u00f3 \u00e9s elfogadhat\u00f3 \u00e1rat keresnek a legdr\u00e1g\u00e1bb Grande \u00cele szigeten l\u00e9v\u0151 fekv\u00e9s\u00e9rt<\/strong>. N\u00e9h\u00e1ny szob\u00e1b\u00f3l r\u00e1ad\u00e1sul gy\u00f6ny\u00f6r\u0171 kil\u00e1t\u00e1s ny\u00edlik egyenesen a katedr\u00e1lis torny\u00e1ra, ami csod\u00e1latos hangulatot ad a sz\u00e1ll\u00e1snak, \u00e9s azt az \u00e9rz\u00e9st, hogy t\u00e9nyleg Elz\u00e1sz sz\u00edv\u00e9ben vagy.<\/p>\n\n\n\n<p class=\"wp-block-paragraph\">A helyi szem\u00e9lyzet h\u00edres a maxim\u00e1lis k\u00e9szs\u00e9gess\u00e9g\u00e9r\u0151l, \u00e9s nagyon sz\u00edvesen ad tan\u00e1csot a legjobb k\u00f6rny\u00e9kbeli \u00e9ttermek foglal\u00e1s\u00e1hoz. Minden reggel kiv\u00e1l\u00f3 kontinent\u00e1lis reggelit szolg\u00e1lnak fel friss gy\u00fcm\u00f6lcslevekkel \u00e9s t\u00f6k\u00e9letes francia p\u00e9ks\u00fctem\u00e9nnyel a helyi p\u00e9kekt\u0151l.<\/p>\n\n\n\n<p class=\"wp-block-paragraph\">\ud83d\udca1 <strong>Tipp:<\/strong> Ide\u00e1lis arany k\u00f6z\u00e9p\u00fat azoknak az utaz\u00f3knak, akik hajthatatlanul ragaszkodnak a <strong>sz\u00e1ll\u00e1shoz a t\u00f6rt\u00e9nelmi Grande \u00cele szigeten<\/strong>, de nincs felt\u00e9tlen\u00fcl sz\u00fcks\u00e9g\u00fck \u00f6tcsillagos luxusra.<\/p>\n\n\n\n<figure data-wp-context=\"{&quot;imageId&quot;:&quot;6a9c1fc67f8c9&quot;}\" data-wp-interactive=\"core\/image\" data-wp-key=\"6a9c1fc67f8c9\" class=\"wp-block-image size-full wp-lightbox-container\"><img decoding=\"async\" width=\"1600\" height=\"1063\" data-wp-class--hide=\"state.isContentHidden\" data-wp-class--show=\"state.isContentVisible\" data-wp-init=\"callbacks.setButtonStyles\" data-wp-on--click=\"actions.showLightbox\" data-wp-on--load=\"callbacks.setButtonStyles\" data-wp-on--pointerdown=\"actions.preloadImage\" data-wp-on--pointerenter=\"actions.preloadImageWithDelay\" data-wp-on--pointerleave=\"actions.cancelPreload\" data-wp-on-window--resize=\"callbacks.setButtonStyles\" src=\"https:\/\/loudavymkrokem.cz\/wp-content\/uploads\/2026\/09\/h-tel-rohan-strasbourg.png\" alt=\"H\u00f4tel Rohan Strasbourg hotel\" class=\"wp-image-413091\" title=\"\" srcset=\"https:\/\/loudavymkrokem.cz\/wp-content\/uploads\/2026\/09\/h-tel-rohan-strasbourg.png 1600w, https:\/\/loudavymkrokem.cz\/wp-content\/uploads\/2026\/09\/h-tel-rohan-strasbourg-300x199.png 300w, https:\/\/loudavymkrokem.cz\/wp-content\/uploads\/2026\/09\/h-tel-rohan-strasbourg-700x465.png 700w, https:\/\/loudavymkrokem.cz\/wp-content\/uploads\/2026\/09\/h-tel-rohan-strasbourg-768x510.png 768w, https:\/\/loudavymkrokem.cz\/wp-content\/uploads\/2026\/09\/h-tel-rohan-strasbourg-1536x1020.png 1536w, https:\/\/loudavymkrokem.cz\/wp-content\/uploads\/2026\/09\/h-tel-rohan-strasbourg-696x462.png 696w, https:\/\/loudavymkrokem.cz\/wp-content\/uploads\/2026\/09\/h-tel-rohan-strasbourg-1392x925.png 1392w\" sizes=\"(max-width: 1600px) 100vw, 1600px\" \/><button\n\t\t\tclass=\"lightbox-trigger\"\n\t\t\ttype=\"button\"\n\t\t\taria-haspopup=\"dialog\"\n\t\t\tdata-wp-bind--aria-label=\"state.thisImage.triggerButtonAriaLabel\"\n\t\t\tdata-wp-init=\"callbacks.initTriggerButton\"\n\t\t\tdata-wp-on--click=\"actions.showLightbox\"\n\t\t\tdata-wp-style--right=\"state.thisImage.buttonRight\"\n\t\t\tdata-wp-style--top=\"state.thisImage.buttonTop\"\n\t\t>\n\t\t\t<svg xmlns=\"http:\/\/www.w3.org\/2000\/svg\" width=\"12\" height=\"12\" fill=\"none\" viewBox=\"0 0 12 12\">\n\t\t\t\t<path fill=\"#fff\" d=\"M2 0a2 2 0 0 0-2 2v2h1.5V2a.5.5 0 0 1 .5-.5h2V0H2Zm2 10.5H2a.5.5 0 0 1-.5-.5V8H0v2a2 2 0 0 0 2 2h2v-1.5ZM8 12v-1.5h2a.5.5 0 0 0 .5-.5V8H12v2a2 2 0 0 1-2 2H8Zm2-12a2 2 0 0 1 2 2v2h-1.5V2a.5.5 0 0 0-.5-.5H8V0h2Z\" \/>\n\t\t\t<\/svg>\n\t\t<\/button><figcaption class=\"wp-element-caption\">Fot\u00f3: H\u00f4tel Rohan Strasbourg \/ Google Maps<\/figcaption><\/figure>\n\n\n\n<h3 class=\"wp-block-heading\"><span class=\"ez-toc-section\" id=\"12_Hotel_Rohan_Strasbourg\"><\/span>12. H\u00f4tel Rohan Strasbourg<span class=\"ez-toc-section-end\"><\/span><\/h3>\n\n\n\n<p class=\"wp-block-paragraph\">\u00dajabb remek v\u00e1laszt\u00e1s egyenesen a leny\u0171g\u00f6z\u0151 katedr\u00e1lis szomsz\u00e9ds\u00e1g\u00e1ban. Ez a kedvelt <strong><a href=\"https:\/\/www.stay22.com\/allez\/roam?aid=lukaskonecny&#038;campaign=loudavymkrokemcz&#038;campaign=kde-bydlet-ve-strasburku&#038;hotelname=H%C3%B4tel%20Rohan%20Strasbourg&#038;address=%C5%A0trasburk%2C%20Francie\" target=\"_blank\" rel=\"noopener nofollow sponsored\">H\u00f4tel Rohan Strasbourg<\/a><\/strong> 4,3-as \u00e9rt\u00e9kel\u00e9ssel <strong>nagyon bar\u00e1ts\u00e1gos, csal\u00e1dias hangulattal \u00e9s klasszikus, \u00f6sszet\u00e9veszthetetlen francia b\u00e1jjal<\/strong> b\u00fcszk\u00e9lkedhet. A szob\u00e1k kellemesen hangulatosak, gyakran romantikus kil\u00e1t\u00e1ssal a t\u00f6rt\u00e9nelmi belv\u00e1ros fest\u0151i s\u00e9t\u00e1l\u00f3utc\u00e1ira, \u00e9s meglep\u0151en <strong>teljes nyugalmat k\u00edn\u00e1lnak m\u00e9g a legny\u00fczsg\u0151bb ny\u00e1ri \u00e9s t\u00e9li h\u00f3napokban is<\/strong>.<\/p>\n\n\n\n<p class=\"wp-block-paragraph\">Ennek a sz\u00e1ll\u00e1snak a hatalmas \u00e9s felbecs\u00fclhetetlen el\u0151nye a <strong>saj\u00e1t min\u0151s\u00e9gi elz\u00e1szi \u00e9tterem<\/strong>, ahol k\u00e9nyelmesen megk\u00f3stolhatod a helyi specialit\u00e1sokat an\u00e9lk\u00fcl, hogy m\u00e1shol a v\u00e1rosban kellene szabad asztalt keresned, ami k\u00fcl\u00f6n\u00f6sen h\u00e9tv\u00e9g\u00e9n rendk\u00edv\u00fcl j\u00f3l j\u00f6n. A fekv\u00e9s annyira k\u00f6zponti, hogy b\u00e1rmikor visszat\u00e9rhetsz ide napk\u00f6zben, letehetsz a bev\u00e1s\u00e1rl\u00e1sokat, \u00e9s egy kicsit megpihenhetsz.<\/p>\n\n\n\n<p class=\"wp-block-paragraph\">A bels\u0151 terek hagyom\u00e1nyos korabeli elemeket kombin\u00e1lnak modern anyagokkal, \u00e9s a b\u00fcf\u00e9reggeli rengeteg helyi finoms\u00e1got k\u00edn\u00e1l a helyi besz\u00e1ll\u00edt\u00f3kt\u00f3l. A szem\u00e9lyzet itt \u0151szinte \u00e9s nem tettetett gondoskod\u00e1ssal t\u00f6r\u0151dik a vend\u00e9gekkel.<\/p>\n\n\n\n<p class=\"wp-block-paragraph\">\ud83d\udca1 <strong>Tipp:<\/strong> Nyugodtan v\u00e1laszd ezt a hotelt, ha a legnagyobb priorit\u00e1sod, hogy <strong>csak p\u00e1r t\u00edz m\u00e9terre sz\u00e1llj meg a fens\u00e9ges Notre Dame katedr\u00e1list\u00f3l<\/strong>, \u00e9s folyamatosan k\u00e9zn\u00e9l legyen a min\u0151s\u00e9gi helyi gasztron\u00f3mia.<\/p>\n\n\n\n<figure data-wp-context=\"{&quot;imageId&quot;:&quot;6a9c1fc67fcd1&quot;}\" data-wp-interactive=\"core\/image\" data-wp-key=\"6a9c1fc67fcd1\" class=\"wp-block-image size-full wp-lightbox-container\"><img decoding=\"async\" width=\"1600\" height=\"1067\" data-wp-class--hide=\"state.isContentHidden\" data-wp-class--show=\"state.isContentVisible\" data-wp-init=\"callbacks.setButtonStyles\" data-wp-on--click=\"actions.showLightbox\" data-wp-on--load=\"callbacks.setButtonStyles\" data-wp-on--pointerdown=\"actions.preloadImage\" data-wp-on--pointerenter=\"actions.preloadImageWithDelay\" data-wp-on--pointerleave=\"actions.cancelPreload\" data-wp-on-window--resize=\"callbacks.setButtonStyles\" src=\"https:\/\/loudavymkrokem.cz\/wp-content\/uploads\/2026\/09\/hotel-de-l-europe-by-happyculture.jpg\" alt=\"Hotel de l&#039;Europe by HappyCulture hotel\" class=\"wp-image-413096\" title=\"\" srcset=\"https:\/\/loudavymkrokem.cz\/wp-content\/uploads\/2026\/09\/hotel-de-l-europe-by-happyculture.jpg 1600w, https:\/\/loudavymkrokem.cz\/wp-content\/uploads\/2026\/09\/hotel-de-l-europe-by-happyculture-300x200.jpg 300w, https:\/\/loudavymkrokem.cz\/wp-content\/uploads\/2026\/09\/hotel-de-l-europe-by-happyculture-700x467.jpg 700w, https:\/\/loudavymkrokem.cz\/wp-content\/uploads\/2026\/09\/hotel-de-l-europe-by-happyculture-768x512.jpg 768w, https:\/\/loudavymkrokem.cz\/wp-content\/uploads\/2026\/09\/hotel-de-l-europe-by-happyculture-1536x1024.jpg 1536w, https:\/\/loudavymkrokem.cz\/wp-content\/uploads\/2026\/09\/hotel-de-l-europe-by-happyculture-696x464.jpg 696w, https:\/\/loudavymkrokem.cz\/wp-content\/uploads\/2026\/09\/hotel-de-l-europe-by-happyculture-1392x928.jpg 1392w\" sizes=\"(max-width: 1600px) 100vw, 1600px\" \/><button\n\t\t\tclass=\"lightbox-trigger\"\n\t\t\ttype=\"button\"\n\t\t\taria-haspopup=\"dialog\"\n\t\t\tdata-wp-bind--aria-label=\"state.thisImage.triggerButtonAriaLabel\"\n\t\t\tdata-wp-init=\"callbacks.initTriggerButton\"\n\t\t\tdata-wp-on--click=\"actions.showLightbox\"\n\t\t\tdata-wp-style--right=\"state.thisImage.buttonRight\"\n\t\t\tdata-wp-style--top=\"state.thisImage.buttonTop\"\n\t\t>\n\t\t\t<svg xmlns=\"http:\/\/www.w3.org\/2000\/svg\" width=\"12\" height=\"12\" fill=\"none\" viewBox=\"0 0 12 12\">\n\t\t\t\t<path fill=\"#fff\" d=\"M2 0a2 2 0 0 0-2 2v2h1.5V2a.5.5 0 0 1 .5-.5h2V0H2Zm2 10.5H2a.5.5 0 0 1-.5-.5V8H0v2a2 2 0 0 0 2 2h2v-1.5ZM8 12v-1.5h2a.5.5 0 0 0 .5-.5V8H12v2a2 2 0 0 1-2 2H8Zm2-12a2 2 0 0 1 2 2v2h-1.5V2a.5.5 0 0 0-.5-.5H8V0h2Z\" \/>\n\t\t\t<\/svg>\n\t\t<\/button><figcaption class=\"wp-element-caption\">Fot\u00f3: Hotel de l&#8217;Europe by HappyCulture \/ Google Maps<\/figcaption><\/figure>\n\n\n\n<h3 class=\"wp-block-heading\"><span class=\"ez-toc-section\" id=\"13_Hotel_de_lEurope_by_HappyCulture\"><\/span>13. Hotel de l&#8217;Europe by HappyCulture<span class=\"ez-toc-section-end\"><\/span><\/h3>\n\n\n\n<p class=\"wp-block-paragraph\">Nagyon j\u00f3 \u00e9s stabil, 4,3-as \u00e9rt\u00e9kel\u00e9ssel a <strong><a href=\"https:\/\/www.stay22.com\/allez\/roam?aid=lukaskonecny&#038;campaign=loudavymkrokemcz&#038;campaign=kde-bydlet-ve-strasburku&#038;hotelname=Hotel%20de%20l%27Europe%20by%20HappyCulture&#038;address=%C5%A0trasburk%2C%20Francie\" target=\"_blank\" rel=\"noopener nofollow sponsored\">Hotel de l&#8217;Europe by HappyCulture<\/a><\/strong> hotelkomplexum eleg\u00e1ns \u00e9s t\u00e1gas szob\u00e1kat k\u00edn\u00e1l, gy\u00f6ny\u00f6r\u0171 rusztikus elemekkel kieg\u00e9sz\u00edtve, mint p\u00e9ld\u00e1ul a r\u00e9gi, szabadon hagyott fagerend\u00e1k a mennyezeten. Egy csendesebb mell\u00e9kutc\u00e1ban tal\u00e1lhat\u00f3, k\u00f6zvetlen\u00fcl a kedvelt Petite France negyed mellett, teh\u00e1t <strong>a v\u00e1ros legfest\u0151ibb r\u00e9sz\u00e9n fekszik, de okosan egy kicsit f\u00e9lreesve a legnagyobb turistakavarod\u00e1st\u00f3l<\/strong>.<\/p>\n\n\n\n<p class=\"wp-block-paragraph\">A hotel r\u00e9sze egy nagyon kedvelt \u00e9s kellemes b\u00e1r, ahol a vend\u00e9gek sz\u00edvesen tal\u00e1lkoznak est\u00e9nk\u00e9nt egy poh\u00e1r bor mellett, \u00e9s <strong>az eg\u00e9sz hangulat itt nagyon laza, fiatalos \u00e9s bar\u00e1ts\u00e1gos benyom\u00e1st kelt<\/strong>. A reggelik itt nagyon gazdagok, \u00e9s kiv\u00e1l\u00f3 friss p\u00e9ks\u00fctem\u00e9nyt \u00e9lvezhetsz v\u00e1logatott helyi p\u00e9kekt\u0151l, valamint min\u0151s\u00e9gi sajtokat.<\/p>\n\n\n\n<p class=\"wp-block-paragraph\">A HappyCulture h\u00e1l\u00f3zat koncepci\u00f3ja r\u00e1ad\u00e1sul gondoskodik arr\u00f3l, hogy eg\u00e9sz nap a lobbiban ingyenes k\u00e1v\u00e9, tea \u00e9s apr\u00f3 \u00e9des figyelmess\u00e9g \u00e1lljon rendelkez\u00e9sedre, ami egy v\u00e1rosi s\u00e9ta ut\u00e1n nagyon kedves r\u00e9szlet.<\/p>\n\n\n\n<p class=\"wp-block-paragraph\">\ud83d\udca1 <strong>Tipp:<\/strong> Nagyon szolid \u00e9s megb\u00edzhat\u00f3 k\u00f6z\u00e9pkateg\u00f3ri\u00e1s v\u00e1laszt\u00e1s, ha <strong>saj\u00e1t b\u0151r\u00f6d\u00f6n szeretn\u00e9d meg\u00e9lni a fav\u00e1zas h\u00e1zak hangulat\u00e1t<\/strong>, ugyanakkor a tart\u00f3zkod\u00e1sodhoz modern \u00e9s megb\u00edzhat\u00f3 h\u00e1tt\u00e9rre van sz\u00fcks\u00e9ged.<\/p>\n\n\n\n<figure data-wp-context=\"{&quot;imageId&quot;:&quot;6a9c1fc6802b0&quot;}\" data-wp-interactive=\"core\/image\" data-wp-key=\"6a9c1fc6802b0\" class=\"wp-block-image size-full wp-lightbox-container\"><img decoding=\"async\" width=\"1600\" height=\"900\" data-wp-class--hide=\"state.isContentHidden\" data-wp-class--show=\"state.isContentVisible\" data-wp-init=\"callbacks.setButtonStyles\" data-wp-on--click=\"actions.showLightbox\" data-wp-on--load=\"callbacks.setButtonStyles\" data-wp-on--pointerdown=\"actions.preloadImage\" data-wp-on--pointerenter=\"actions.preloadImageWithDelay\" data-wp-on--pointerleave=\"actions.cancelPreload\" data-wp-on-window--resize=\"callbacks.setButtonStyles\" src=\"https:\/\/loudavymkrokem.cz\/wp-content\/uploads\/2026\/09\/logis-h-tel-au-cerf-d-or.jpg\" alt=\"Logis H\u00f4tel Au Cerf d&#039;Or hotel\" class=\"wp-image-413101\" title=\"\" srcset=\"https:\/\/loudavymkrokem.cz\/wp-content\/uploads\/2026\/09\/logis-h-tel-au-cerf-d-or.jpg 1600w, https:\/\/loudavymkrokem.cz\/wp-content\/uploads\/2026\/09\/logis-h-tel-au-cerf-d-or-300x169.jpg 300w, https:\/\/loudavymkrokem.cz\/wp-content\/uploads\/2026\/09\/logis-h-tel-au-cerf-d-or-700x394.jpg 700w, https:\/\/loudavymkrokem.cz\/wp-content\/uploads\/2026\/09\/logis-h-tel-au-cerf-d-or-768x432.jpg 768w, https:\/\/loudavymkrokem.cz\/wp-content\/uploads\/2026\/09\/logis-h-tel-au-cerf-d-or-1536x864.jpg 1536w, https:\/\/loudavymkrokem.cz\/wp-content\/uploads\/2026\/09\/logis-h-tel-au-cerf-d-or-696x392.jpg 696w, https:\/\/loudavymkrokem.cz\/wp-content\/uploads\/2026\/09\/logis-h-tel-au-cerf-d-or-1392x783.jpg 1392w\" sizes=\"(max-width: 1600px) 100vw, 1600px\" \/><button\n\t\t\tclass=\"lightbox-trigger\"\n\t\t\ttype=\"button\"\n\t\t\taria-haspopup=\"dialog\"\n\t\t\tdata-wp-bind--aria-label=\"state.thisImage.triggerButtonAriaLabel\"\n\t\t\tdata-wp-init=\"callbacks.initTriggerButton\"\n\t\t\tdata-wp-on--click=\"actions.showLightbox\"\n\t\t\tdata-wp-style--right=\"state.thisImage.buttonRight\"\n\t\t\tdata-wp-style--top=\"state.thisImage.buttonTop\"\n\t\t>\n\t\t\t<svg xmlns=\"http:\/\/www.w3.org\/2000\/svg\" width=\"12\" height=\"12\" fill=\"none\" viewBox=\"0 0 12 12\">\n\t\t\t\t<path fill=\"#fff\" d=\"M2 0a2 2 0 0 0-2 2v2h1.5V2a.5.5 0 0 1 .5-.5h2V0H2Zm2 10.5H2a.5.5 0 0 1-.5-.5V8H0v2a2 2 0 0 0 2 2h2v-1.5ZM8 12v-1.5h2a.5.5 0 0 0 .5-.5V8H12v2a2 2 0 0 1-2 2H8Zm2-12a2 2 0 0 1 2 2v2h-1.5V2a.5.5 0 0 0-.5-.5H8V0h2Z\" \/>\n\t\t\t<\/svg>\n\t\t<\/button><figcaption class=\"wp-element-caption\">Fot\u00f3: Logis H\u00f4tel Au Cerf d&#8217;Or \/ Google Maps<\/figcaption><\/figure>\n\n\n\n<h3 class=\"wp-block-heading\"><span class=\"ez-toc-section\" id=\"14_Logis_Hotel_Au_Cerf_dOr\"><\/span>14. Logis H\u00f4tel Au Cerf d&#8217;Or<span class=\"ez-toc-section-end\"><\/span><\/h3>\n\n\n\n<p class=\"wp-block-paragraph\">Ez az elb\u0171v\u00f6l\u0151 t\u00f6rt\u00e9nelmi \u00e9kk\u0151, a <strong><a href=\"https:\/\/www.stay22.com\/allez\/roam?aid=lukaskonecny&#038;campaign=loudavymkrokemcz&#038;campaign=kde-bydlet-ve-strasburku&#038;hotelname=Logis%20H%C3%B4tel%20Au%20Cerf%20d%27Or&#038;address=%C5%A0trasburk%2C%20Francie\" target=\"_blank\" rel=\"noopener nofollow sponsored\">Logis H\u00f4tel Au Cerf d&#8217;Or<\/a><\/strong> 4,3-as \u00e9rt\u00e9kel\u00e9ssel egy <strong>gy\u00f6ny\u00f6r\u0171en fel\u00faj\u00edtott, hagyom\u00e1nyos 15. sz\u00e1zadi h\u00e1zban<\/strong> tal\u00e1lhat\u00f3, \u00e9s m\u00e1r az ajt\u00f3ban azonnal visszarep\u00edt az id\u0151ben. Az \u0151si faburkolat, a hagyom\u00e1nyos, meleg elz\u00e1szi st\u00edlus \u00e9s a hihetetlen\u00fcl kedves, csal\u00e1dias szem\u00e9lyzet <strong>igazi l\u00e9lekkel b\u00edr\u00f3 helly\u00e9 teszi ezt a sz\u00e1ll\u00e1st<\/strong>, amelyre sok\u00e1ig fogsz eml\u00e9kezni.<\/p>\n\n\n\n<p class=\"wp-block-paragraph\">A h\u00edres \u00e9s kiv\u00e1l\u00f3 hagyom\u00e1nyos \u00e9tterem mellett ez a hotel egy <strong>gy\u00f6ny\u00f6r\u0171, modern spak\u00f6zponttal is meglep, fedett f\u0171t\u00f6tt medenc\u00e9vel<\/strong>, ami mag\u00e1ban a t\u00f6rt\u00e9nelmi belv\u00e1rosban \u00f3ri\u00e1si ritkas\u00e1g. \u00cdgy napk\u00f6zben teljesen \u00f6sszekapcsolhatod a nevezetess\u00e9gek felfedez\u00e9s\u00e9t egy teljes \u00e9rt\u00e9k\u0171 esti pihen\u00e9ssel a szaun\u00e1ban \u00e9s a pezsg\u0151f\u00fcrd\u0151ben.<\/p>\n\n\n\n<p class=\"wp-block-paragraph\">A szob\u00e1k itt ink\u00e1bb kisebbek, de hihetetlen\u00fcl hangulatosak \u00e9s tele vannak t\u00f6rt\u00e9nelmi r\u00e9szletekkel, amelyek a megfelel\u0151 francia romantik\u00e1t \u00e1rasztj\u00e1k r\u00e1d. A reggelit egy fantasztikus faszalonban szolg\u00e1lj\u00e1k fel, \u00e9s a legjobbat k\u00edn\u00e1lja a helyi term\u00e9kekb\u0151l.<\/p>\n\n\n\n<p class=\"wp-block-paragraph\">\ud83d\udca1 <strong>Tipp:<\/strong> Ezt a hotelt melegen aj\u00e1nlom mindenkinek, aki <strong>szereti a hiteles, er\u0151s t\u00f6rt\u00e9nettel b\u00edr\u00f3 t\u00f6rt\u00e9nelmi \u00e9p\u00fcleteket<\/strong>, \u00e9s ugyanakkor rendk\u00edv\u00fcl \u00e9rt\u00e9keli a lehet\u0151s\u00e9get, hogy az utc\u00e1kon elt\u00f6lt\u00f6tt megterhel\u0151 nap ut\u00e1n \u00faszhat egyet a medenc\u00e9ben.<\/p>\n\n\n\n<figure data-wp-context=\"{&quot;imageId&quot;:&quot;6a9c1fc680cb4&quot;}\" data-wp-interactive=\"core\/image\" data-wp-key=\"6a9c1fc680cb4\" class=\"wp-block-image size-full wp-lightbox-container\"><img decoding=\"async\" width=\"1024\" height=\"683\" data-wp-class--hide=\"state.isContentHidden\" data-wp-class--show=\"state.isContentVisible\" data-wp-init=\"callbacks.setButtonStyles\" data-wp-on--click=\"actions.showLightbox\" data-wp-on--load=\"callbacks.setButtonStyles\" data-wp-on--pointerdown=\"actions.preloadImage\" data-wp-on--pointerenter=\"actions.preloadImageWithDelay\" data-wp-on--pointerleave=\"actions.cancelPreload\" data-wp-on-window--resize=\"callbacks.setButtonStyles\" src=\"https:\/\/loudavymkrokem.cz\/wp-content\/uploads\/2026\/09\/best-western-plus-h-tel-monopole-m-tropole.jpg\" alt=\"Best Western Plus H\u00f4tel Monopole M\u00e9tropole hotel\" class=\"wp-image-413105\" title=\"\" srcset=\"https:\/\/loudavymkrokem.cz\/wp-content\/uploads\/2026\/09\/best-western-plus-h-tel-monopole-m-tropole.jpg 1024w, https:\/\/loudavymkrokem.cz\/wp-content\/uploads\/2026\/09\/best-western-plus-h-tel-monopole-m-tropole-300x200.jpg 300w, https:\/\/loudavymkrokem.cz\/wp-content\/uploads\/2026\/09\/best-western-plus-h-tel-monopole-m-tropole-700x467.jpg 700w, https:\/\/loudavymkrokem.cz\/wp-content\/uploads\/2026\/09\/best-western-plus-h-tel-monopole-m-tropole-768x512.jpg 768w, https:\/\/loudavymkrokem.cz\/wp-content\/uploads\/2026\/09\/best-western-plus-h-tel-monopole-m-tropole-696x464.jpg 696w\" sizes=\"(max-width: 1024px) 100vw, 1024px\" \/><button\n\t\t\tclass=\"lightbox-trigger\"\n\t\t\ttype=\"button\"\n\t\t\taria-haspopup=\"dialog\"\n\t\t\tdata-wp-bind--aria-label=\"state.thisImage.triggerButtonAriaLabel\"\n\t\t\tdata-wp-init=\"callbacks.initTriggerButton\"\n\t\t\tdata-wp-on--click=\"actions.showLightbox\"\n\t\t\tdata-wp-style--right=\"state.thisImage.buttonRight\"\n\t\t\tdata-wp-style--top=\"state.thisImage.buttonTop\"\n\t\t>\n\t\t\t<svg xmlns=\"http:\/\/www.w3.org\/2000\/svg\" width=\"12\" height=\"12\" fill=\"none\" viewBox=\"0 0 12 12\">\n\t\t\t\t<path fill=\"#fff\" d=\"M2 0a2 2 0 0 0-2 2v2h1.5V2a.5.5 0 0 1 .5-.5h2V0H2Zm2 10.5H2a.5.5 0 0 1-.5-.5V8H0v2a2 2 0 0 0 2 2h2v-1.5ZM8 12v-1.5h2a.5.5 0 0 0 .5-.5V8H12v2a2 2 0 0 1-2 2H8Zm2-12a2 2 0 0 1 2 2v2h-1.5V2a.5.5 0 0 0-.5-.5H8V0h2Z\" \/>\n\t\t\t<\/svg>\n\t\t<\/button><figcaption class=\"wp-element-caption\">Fot\u00f3: Best Western Plus H\u00f4tel Monopole M\u00e9tropole \/ Google Maps<\/figcaption><\/figure>\n\n\n\n<h3 class=\"wp-block-heading\"><span class=\"ez-toc-section\" id=\"15_Best_Western_Plus_Hotel_Monopole_Metropole\"><\/span>15. Best Western Plus H\u00f4tel Monopole M\u00e9tropole<span class=\"ez-toc-section-end\"><\/span><\/h3>\n\n\n\n<p class=\"wp-block-paragraph\">Ha sz\u00e1z sz\u00e1zal\u00e9kos megb\u00edzhat\u00f3s\u00e1got keresel kiv\u00e1l\u00f3, 4,5-\u00f6s \u00e9rt\u00e9kel\u00e9ssel a f\u0151p\u00e1lyaudvar k\u00f6zvetlen k\u00f6zel\u00e9ben, a <strong><a href=\"https:\/\/www.stay22.com\/allez\/roam?aid=lukaskonecny&#038;campaign=loudavymkrokemcz&#038;campaign=kde-bydlet-ve-strasburku&#038;hotelname=Best%20Western%20Plus%20H%C3%B4tel%20Monopole%20M%C3%A9tropole&#038;address=%C5%A0trasburk%2C%20Francie\" target=\"_blank\" rel=\"noopener nofollow sponsored\">Best Western Plus H\u00f4tel Monopole M\u00e9tropole<\/a><\/strong> biztos tipp a saj\u00e1t \u00e1rszintj\u00e9n. A hotel ugyan tartja egy nagy l\u00e1nc magas, kisz\u00e1m\u00edthat\u00f3 standardj\u00e1t, de ugyanakkor <strong>egyedi, saj\u00e1tos jelleget k\u00edn\u00e1l egy gy\u00f6ny\u00f6r\u0171 kokt\u00e9lszalonnak<\/strong> k\u00f6sz\u00f6nhet\u0151en kandall\u00f3val \u00e9s a bels\u0151 terekben elhelyezett rengeteg m\u0171alkot\u00e1ssal.<\/p>\n\n\n\n<p class=\"wp-block-paragraph\">Minden vend\u00e9g rendelkez\u00e9s\u00e9re \u00e1ll egy nagyon j\u00f3l felszerelt, modern fitneszk\u00f6zpont, \u00e9s mindenekel\u0151tt <strong>rendk\u00edv\u00fcl t\u00e1gas, t\u00f6k\u00e9letesen tiszta szob\u00e1k a legk\u00e9nyelmesebb \u00e1gyakkal<\/strong>. Mag\u00e1ba a t\u00f6rt\u00e9nelmi belv\u00e1rosba \u00e9s a foly\u00f3 \u00e1gaihoz innen egy kellemes, egyenes s\u00e9t\u00e1val alig t\u00edz perc alatt eljutsz, ami remek \u00e9s praktikus b\u00e1ziss\u00e1 teszi a tart\u00f3zkod\u00e1sodhoz.<\/p>\n\n\n\n<p class=\"wp-block-paragraph\">A gazdag reggeli \u00f3ri\u00e1si v\u00e1laszt\u00e9kot k\u00edn\u00e1l mindenb\u0151l, a friss gy\u00fcm\u00f6lcst\u0151l a toj\u00e1son \u00e1t a helyi sajtokig. A recepci\u00f3 szem\u00e9lyzete kit\u0171n\u0151en m\u0171k\u00f6dik, \u00e9s mindig k\u00e9szs\u00e9gesen szerez neked t\u00e9rk\u00e9pet, kir\u00e1ndul\u00e1si tippeket vagy k\u00f6zleked\u00e9si jegyeket.<\/p>\n\n\n\n<p class=\"wp-block-paragraph\">\ud83d\udca1 <strong>Tipp:<\/strong> T\u00f6k\u00e9letes v\u00e1laszt\u00e1s azoknak, akik <strong>nagyon \u00e9sszer\u0171 \u00e1rat, garant\u00e1lt magas min\u0151s\u00e9get \u00e9s kiv\u00e1l\u00f3 el\u00e9rhet\u0151s\u00e9get<\/strong> szeretn\u00e9nek mind a vonatj\u00e1ratokhoz, mind a belv\u00e1ros f\u0151 nevezetess\u00e9geihez.<\/p>\n\n\n\n<figure data-wp-context=\"{&quot;imageId&quot;:&quot;6a9c1fc68135f&quot;}\" data-wp-interactive=\"core\/image\" data-wp-key=\"6a9c1fc68135f\" class=\"wp-block-image size-full wp-lightbox-container\"><img decoding=\"async\" width=\"1600\" height=\"900\" data-wp-class--hide=\"state.isContentHidden\" data-wp-class--show=\"state.isContentVisible\" data-wp-init=\"callbacks.setButtonStyles\" data-wp-on--click=\"actions.showLightbox\" data-wp-on--load=\"callbacks.setButtonStyles\" data-wp-on--pointerdown=\"actions.preloadImage\" data-wp-on--pointerenter=\"actions.preloadImageWithDelay\" data-wp-on--pointerleave=\"actions.cancelPreload\" data-wp-on-window--resize=\"callbacks.setButtonStyles\" src=\"https:\/\/loudavymkrokem.cz\/wp-content\/uploads\/2026\/09\/h-tel-arok.jpg\" alt=\"H\u00f4tel Arok hotel\" class=\"wp-image-413109\" title=\"\" srcset=\"https:\/\/loudavymkrokem.cz\/wp-content\/uploads\/2026\/09\/h-tel-arok.jpg 1600w, https:\/\/loudavymkrokem.cz\/wp-content\/uploads\/2026\/09\/h-tel-arok-300x169.jpg 300w, https:\/\/loudavymkrokem.cz\/wp-content\/uploads\/2026\/09\/h-tel-arok-700x394.jpg 700w, https:\/\/loudavymkrokem.cz\/wp-content\/uploads\/2026\/09\/h-tel-arok-768x432.jpg 768w, https:\/\/loudavymkrokem.cz\/wp-content\/uploads\/2026\/09\/h-tel-arok-1536x864.jpg 1536w, https:\/\/loudavymkrokem.cz\/wp-content\/uploads\/2026\/09\/h-tel-arok-696x392.jpg 696w, https:\/\/loudavymkrokem.cz\/wp-content\/uploads\/2026\/09\/h-tel-arok-1392x783.jpg 1392w\" sizes=\"(max-width: 1600px) 100vw, 1600px\" \/><button\n\t\t\tclass=\"lightbox-trigger\"\n\t\t\ttype=\"button\"\n\t\t\taria-haspopup=\"dialog\"\n\t\t\tdata-wp-bind--aria-label=\"state.thisImage.triggerButtonAriaLabel\"\n\t\t\tdata-wp-init=\"callbacks.initTriggerButton\"\n\t\t\tdata-wp-on--click=\"actions.showLightbox\"\n\t\t\tdata-wp-style--right=\"state.thisImage.buttonRight\"\n\t\t\tdata-wp-style--top=\"state.thisImage.buttonTop\"\n\t\t>\n\t\t\t<svg xmlns=\"http:\/\/www.w3.org\/2000\/svg\" width=\"12\" height=\"12\" fill=\"none\" viewBox=\"0 0 12 12\">\n\t\t\t\t<path fill=\"#fff\" d=\"M2 0a2 2 0 0 0-2 2v2h1.5V2a.5.5 0 0 1 .5-.5h2V0H2Zm2 10.5H2a.5.5 0 0 1-.5-.5V8H0v2a2 2 0 0 0 2 2h2v-1.5ZM8 12v-1.5h2a.5.5 0 0 0 .5-.5V8H12v2a2 2 0 0 1-2 2H8Zm2-12a2 2 0 0 1 2 2v2h-1.5V2a.5.5 0 0 0-.5-.5H8V0h2Z\" \/>\n\t\t\t<\/svg>\n\t\t<\/button><figcaption class=\"wp-element-caption\">Fot\u00f3: Guenter Ditzel \/ Google Maps<\/figcaption><\/figure>\n\n\n\n<h3 class=\"wp-block-heading\"><span class=\"ez-toc-section\" id=\"16_Hotel_Arok\"><\/span>16. H\u00f4tel Arok<span class=\"ez-toc-section-end\"><\/span><\/h3>\n\n\n\n<p class=\"wp-block-paragraph\">Ez a nagyon st\u00edlusos <strong><a href=\"https:\/\/www.stay22.com\/allez\/roam?aid=lukaskonecny&#038;campaign=loudavymkrokemcz&#038;campaign=kde-bydlet-ve-strasburku&#038;hotelname=H%C3%B4tel%20Arok&#038;address=%C5%A0trasburk%2C%20Francie\" target=\"_blank\" rel=\"noopener nofollow sponsored\">H\u00f4tel Arok<\/a><\/strong> a f\u0151p\u00e1lyaudvarn\u00e1l kiv\u00e1l\u00f3, 4,6-os \u00e9rt\u00e9kel\u00e9ssel els\u0151sorban a fiatalabb utaz\u00f3kat \u00e9s a digit\u00e1lis nom\u00e1dokat c\u00e9lozza. \u00c9rkez\u00e9s ut\u00e1n r\u00f6gt\u00f6n <strong>megragad a nem konvencion\u00e1lis, j\u00e1t\u00e9kos \u00e9s nagyon sz\u00ednes diz\u00e1jnj\u00e1val<\/strong>, amely \u00e1tfonja az eg\u00e9sz \u00e9p\u00fcletet. M\u00e1r az el\u0151csarnokban tal\u00e1lsz egy <strong>gy\u00f6ny\u00f6r\u0171 k\u00f6nyvt\u00e1rat \u00e9s egy t\u00e1gas artszalont b\u00e1rral<\/strong>, amely napk\u00f6zben rendk\u00edv\u00fcl kellemes coworking-t\u00e9rk\u00e9nt m\u0171k\u00f6dik azoknak, akiknek egy kicsit ki kell nyitniuk a laptopjukat.<\/p>\n\n\n\n<p class=\"wp-block-paragraph\">Maguk a szob\u00e1k m\u00e9retben ugyan valamivel kisebbek, de ann\u00e1l okosabban \u00e9s praktikusabban vannak berendezve, t\u00f6k\u00e9letesen tiszt\u00e1k, \u00e9s <strong>nem hi\u00e1nyzik bel\u0151l\u00fck semmilyen modern technol\u00f3gia<\/strong>, amire a k\u00e9nyelmes tart\u00f3zkod\u00e1shoz sz\u00fcks\u00e9ged van. Minden vend\u00e9g rendelkez\u00e9s\u00e9re \u00e1ll egy kisebb, de remek\u00fcl felszerelt fitneszk\u00f6zpont a reggeli ny\u00fajt\u00f3zkod\u00e1shoz. A b\u00fcf\u00e9reggeli rengeteg eg\u00e9szs\u00e9ges, friss v\u00e1ltozatot k\u00edn\u00e1l, bele\u00e9rtve a remek teljes ki\u0151rl\u00e9s\u0171 p\u00e9ks\u00fctem\u00e9nyt \u00e9s a helyi sajtokat.<\/p>\n\n\n\n<p class=\"wp-block-paragraph\">A k\u00f6zvetlen\u00fcl a p\u00e1lyaudvar melletti fekv\u00e9s azt jelenti, hogy a vonatb\u00f3l egyenesen a szob\u00e1dba dobod a b\u0151r\u00f6nd\u00f6t, t\u00edz perc s\u00e9ta ut\u00e1n csod\u00e1lod a t\u00f6rt\u00e9nelmi magot, a hotel el\u0151tti villamosmeg\u00e1ll\u00f3 pedig gond n\u00e9lk\u00fcl eljuttat a metropolisz t\u00f6bbi r\u00e9sz\u00e9be.<\/p>\n\n\n\n<p class=\"wp-block-paragraph\">\ud83d\udca1 <strong>Tipp:<\/strong> Az Arok egyszer\u0171en remek p\u00e1roknak \u00e9s egyed\u00fcl utaz\u00f3knak is, akik a <strong>k\u00f6zvetlen, nagyon modern hangulatot<\/strong> r\u00e9szes\u00edtik el\u0151nyben, \u00e9s st\u00edlusos k\u00f6rnyezetben szeretn\u00e9nek megsz\u00e1llni a vas\u00fat\u00e1llom\u00e1s k\u00f6zvetlen k\u00f6zel\u00e9ben.<\/p>\n\n\n\n<figure data-wp-context=\"{&quot;imageId&quot;:&quot;6a9c1fc681811&quot;}\" data-wp-interactive=\"core\/image\" data-wp-key=\"6a9c1fc681811\" class=\"wp-block-image size-full wp-lightbox-container\"><img decoding=\"async\" width=\"1592\" height=\"1063\" data-wp-class--hide=\"state.isContentHidden\" data-wp-class--show=\"state.isContentVisible\" data-wp-init=\"callbacks.setButtonStyles\" data-wp-on--click=\"actions.showLightbox\" data-wp-on--load=\"callbacks.setButtonStyles\" data-wp-on--pointerdown=\"actions.preloadImage\" data-wp-on--pointerenter=\"actions.preloadImageWithDelay\" data-wp-on--pointerleave=\"actions.cancelPreload\" data-wp-on-window--resize=\"callbacks.setButtonStyles\" src=\"https:\/\/loudavymkrokem.cz\/wp-content\/uploads\/2026\/09\/ciarus.jpg\" alt=\"Ciarus hostel\" class=\"wp-image-413113\" title=\"\" srcset=\"https:\/\/loudavymkrokem.cz\/wp-content\/uploads\/2026\/09\/ciarus.jpg 1592w, https:\/\/loudavymkrokem.cz\/wp-content\/uploads\/2026\/09\/ciarus-300x200.jpg 300w, https:\/\/loudavymkrokem.cz\/wp-content\/uploads\/2026\/09\/ciarus-700x467.jpg 700w, https:\/\/loudavymkrokem.cz\/wp-content\/uploads\/2026\/09\/ciarus-768x513.jpg 768w, https:\/\/loudavymkrokem.cz\/wp-content\/uploads\/2026\/09\/ciarus-1536x1026.jpg 1536w, https:\/\/loudavymkrokem.cz\/wp-content\/uploads\/2026\/09\/ciarus-696x465.jpg 696w, https:\/\/loudavymkrokem.cz\/wp-content\/uploads\/2026\/09\/ciarus-1392x929.jpg 1392w\" sizes=\"(max-width: 1592px) 100vw, 1592px\" \/><button\n\t\t\tclass=\"lightbox-trigger\"\n\t\t\ttype=\"button\"\n\t\t\taria-haspopup=\"dialog\"\n\t\t\tdata-wp-bind--aria-label=\"state.thisImage.triggerButtonAriaLabel\"\n\t\t\tdata-wp-init=\"callbacks.initTriggerButton\"\n\t\t\tdata-wp-on--click=\"actions.showLightbox\"\n\t\t\tdata-wp-style--right=\"state.thisImage.buttonRight\"\n\t\t\tdata-wp-style--top=\"state.thisImage.buttonTop\"\n\t\t>\n\t\t\t<svg xmlns=\"http:\/\/www.w3.org\/2000\/svg\" width=\"12\" height=\"12\" fill=\"none\" viewBox=\"0 0 12 12\">\n\t\t\t\t<path fill=\"#fff\" d=\"M2 0a2 2 0 0 0-2 2v2h1.5V2a.5.5 0 0 1 .5-.5h2V0H2Zm2 10.5H2a.5.5 0 0 1-.5-.5V8H0v2a2 2 0 0 0 2 2h2v-1.5ZM8 12v-1.5h2a.5.5 0 0 0 .5-.5V8H12v2a2 2 0 0 1-2 2H8Zm2-12a2 2 0 0 1 2 2v2h-1.5V2a.5.5 0 0 0-.5-.5H8V0h2Z\" \/>\n\t\t\t<\/svg>\n\t\t<\/button><figcaption class=\"wp-element-caption\">Fot\u00f3: Ciarus \/ Google Maps<\/figcaption><\/figure>\n\n\n\n<h3 class=\"wp-block-heading\"><span class=\"ez-toc-section\" id=\"17_Ciarus\"><\/span>17. Ciarus<span class=\"ez-toc-section-end\"><\/span><\/h3>\n\n\n\n<p class=\"wp-block-paragraph\">Ez a legend\u00e1s strasbourgi hostel, a <strong><a href=\"https:\/\/www.stay22.com\/allez\/roam?aid=lukaskonecny&#038;campaign=loudavymkrokemcz&#038;campaign=kde-bydlet-ve-strasburku&#038;hotelname=Ciarus&#038;address=%C5%A0trasburk%2C%20Francie\" target=\"_blank\" rel=\"noopener nofollow sponsored\">Ciarus<\/a><\/strong> szil\u00e1rd 4,0-s \u00e9rt\u00e9kel\u00e9ssel egy\u00e9rtelm\u0171 bizony\u00edt\u00e9ka annak, hogy <strong>ebben a dr\u00e1ga metropoliszban az alacsonyabb k\u00f6lts\u00e9gvet\u00e9ssel val\u00f3 utaz\u00e1s is lehet nagyon k\u00e9nyelmes \u00e9s st\u00edlusos<\/strong>. Nemcsak klasszikus, tiszta, t\u00f6bb\u00e1gyas k\u00f6z\u00f6s szob\u00e1kat k\u00edn\u00e1l ugyanis, hanem gy\u00f6ny\u00f6r\u0171, modern\u00fcl berendezett priv\u00e1t szob\u00e1kat is saj\u00e1t f\u00fcrd\u0151szob\u00e1val, meglep\u0151en magas standardon. \u00cdgy gond n\u00e9lk\u00fcl kiel\u00e9g\u00edti a sokkal ig\u00e9nyesebb h\u00e1tizs\u00e1kosokat \u00e9s a sz\u00e1ll\u00e1son sp\u00f3rolni akar\u00f3 p\u00e1rokat is.<\/p>\n\n\n\n<p class=\"wp-block-paragraph\">Nagyon k\u00e9nyelmes s\u00e9tat\u00e1vols\u00e1gra van a t\u00f6rt\u00e9nelmi belv\u00e1rost\u00f3l, \u00e9s <strong>remek \u00f6nkiszolg\u00e1l\u00f3 \u00e9tterem \u00e9s esti b\u00e1r m\u0171k\u00f6dik itt<\/strong>, ahol rendk\u00edv\u00fcl k\u00f6nnyen ismerkedsz meg a vil\u00e1g minden t\u00e1j\u00e1r\u00f3l \u00e9rkez\u0151, hasonl\u00f3an be\u00e1ll\u00edt\u00f3dott utaz\u00f3kkal. Rendelkez\u00e9sre \u00e1llnak t\u00e1gas k\u00f6z\u00f6ss\u00e9gi terek bili\u00e1rddal \u00e9s egy k\u00fclt\u00e9ri terasz is, amely a ny\u00e1ri h\u00f3napokban egyenesen esti \u00fcld\u00f6g\u00e9l\u00e9sre cs\u00e1b\u00edt.<\/p>\n\n\n\n<p class=\"wp-block-paragraph\">Egyszer\u0171en ide\u00e1lis v\u00e1laszt\u00e1s azoknak, akiknek nincs sz\u00fcks\u00e9g\u00fck hotelluxusra, de kifog\u00e1stalan tisztas\u00e1got, megb\u00edzhat\u00f3 wifit \u00e9s bar\u00e1ts\u00e1gos nemzetk\u00f6zi k\u00f6rnyezetet ig\u00e9nyelnek, a nonstop nyitva tart\u00f3 recepci\u00f3 pedig a kir\u00e1ndul\u00e1sokban tan\u00e1csot ad\u00f3 szem\u00e9lyzettel csak tov\u00e1bb kerek\u00edti a k\u00e9pet.<\/p>\n\n\n\n<p class=\"wp-block-paragraph\">\ud83d\udca1 <strong>Tipp:<\/strong> Ha <strong>a lehet\u0151 legalacsonyabb k\u00f6lts\u00e9gvet\u00e9st keresed k\u00e9nyelmes s\u00e9tat\u00e1vols\u00e1gra a belv\u00e1rost\u00f3l<\/strong>, ez a modern, remek h\u00e1tt\u00e9rrel rendelkez\u0151 hostel biztosan nem okoz csal\u00f3d\u00e1st.<\/p>\n\n\n\n<figure data-wp-context=\"{&quot;imageId&quot;:&quot;6a9c1fc681cb2&quot;}\" data-wp-interactive=\"core\/image\" data-wp-key=\"6a9c1fc681cb2\" class=\"wp-block-image size-full wp-lightbox-container\"><img decoding=\"async\" width=\"1600\" height=\"858\" data-wp-class--hide=\"state.isContentHidden\" data-wp-class--show=\"state.isContentVisible\" data-wp-init=\"callbacks.setButtonStyles\" data-wp-on--click=\"actions.showLightbox\" data-wp-on--load=\"callbacks.setButtonStyles\" data-wp-on--pointerdown=\"actions.preloadImage\" data-wp-on--pointerenter=\"actions.preloadImageWithDelay\" data-wp-on--pointerleave=\"actions.cancelPreload\" data-wp-on-window--resize=\"callbacks.setButtonStyles\" src=\"https:\/\/loudavymkrokem.cz\/wp-content\/uploads\/2026\/09\/ch-teau-de-pourtal-s.jpg\" alt=\"Ch\u00e2teau de Pourtal\u00e8s hotel\" class=\"wp-image-413119\" title=\"\" srcset=\"https:\/\/loudavymkrokem.cz\/wp-content\/uploads\/2026\/09\/ch-teau-de-pourtal-s.jpg 1600w, https:\/\/loudavymkrokem.cz\/wp-content\/uploads\/2026\/09\/ch-teau-de-pourtal-s-300x161.jpg 300w, https:\/\/loudavymkrokem.cz\/wp-content\/uploads\/2026\/09\/ch-teau-de-pourtal-s-700x375.jpg 700w, https:\/\/loudavymkrokem.cz\/wp-content\/uploads\/2026\/09\/ch-teau-de-pourtal-s-768x412.jpg 768w, https:\/\/loudavymkrokem.cz\/wp-content\/uploads\/2026\/09\/ch-teau-de-pourtal-s-1536x824.jpg 1536w, https:\/\/loudavymkrokem.cz\/wp-content\/uploads\/2026\/09\/ch-teau-de-pourtal-s-696x373.jpg 696w, https:\/\/loudavymkrokem.cz\/wp-content\/uploads\/2026\/09\/ch-teau-de-pourtal-s-1392x746.jpg 1392w\" sizes=\"(max-width: 1600px) 100vw, 1600px\" \/><button\n\t\t\tclass=\"lightbox-trigger\"\n\t\t\ttype=\"button\"\n\t\t\taria-haspopup=\"dialog\"\n\t\t\tdata-wp-bind--aria-label=\"state.thisImage.triggerButtonAriaLabel\"\n\t\t\tdata-wp-init=\"callbacks.initTriggerButton\"\n\t\t\tdata-wp-on--click=\"actions.showLightbox\"\n\t\t\tdata-wp-style--right=\"state.thisImage.buttonRight\"\n\t\t\tdata-wp-style--top=\"state.thisImage.buttonTop\"\n\t\t>\n\t\t\t<svg xmlns=\"http:\/\/www.w3.org\/2000\/svg\" width=\"12\" height=\"12\" fill=\"none\" viewBox=\"0 0 12 12\">\n\t\t\t\t<path fill=\"#fff\" d=\"M2 0a2 2 0 0 0-2 2v2h1.5V2a.5.5 0 0 1 .5-.5h2V0H2Zm2 10.5H2a.5.5 0 0 1-.5-.5V8H0v2a2 2 0 0 0 2 2h2v-1.5ZM8 12v-1.5h2a.5.5 0 0 0 .5-.5V8H12v2a2 2 0 0 1-2 2H8Zm2-12a2 2 0 0 1 2 2v2h-1.5V2a.5.5 0 0 0-.5-.5H8V0h2Z\" \/>\n\t\t\t<\/svg>\n\t\t<\/button><figcaption class=\"wp-element-caption\">Fot\u00f3: Ch\u00e2teau de Pourtal\u00e8s \/ Google Maps<\/figcaption><\/figure>\n\n\n\n<h3 class=\"wp-block-heading\"><span class=\"ez-toc-section\" id=\"18_Chateau_de_Pourtales\"><\/span>18. Ch\u00e2teau de Pourtal\u00e8s<span class=\"ez-toc-section-end\"><\/span><\/h3>\n\n\n\n<p class=\"wp-block-paragraph\">Remek, 4,5-\u00f6s \u00e9rt\u00e9kel\u00e9ssel t\u00f6bb mint k\u00e9tezer v\u00e9lem\u00e9ny alapj\u00e1n ez a gy\u00f6ny\u00f6r\u0171en fel\u00faj\u00edtott kis kast\u00e9ly, a <strong><a href=\"https:\/\/www.stay22.com\/allez\/roam?aid=lukaskonecny&#038;campaign=loudavymkrokemcz&#038;campaign=kde-bydlet-ve-strasburku&#038;hotelname=Ch%C3%A2teau%20de%20Pourtal%C3%A8s&#038;address=%C5%A0trasburk%2C%20Francie\" target=\"_blank\" rel=\"noopener nofollow sponsored\">Ch\u00e2teau de Pourtal\u00e8s<\/a><\/strong>, amely a 18. sz\u00e1zad elej\u00e9r\u0151l sz\u00e1rmazik, valami teljesen m\u00e1st k\u00e9pvisel, mint a belv\u00e1ros klasszikus hoteljei. A nyugodt Robertsau negyedben fekszik, egy kicsit a v\u00e1roson k\u00edv\u00fcl, minden oldalr\u00f3l egy hatalmas park m\u00e9ly z\u00f6ldje veszi k\u00f6r\u00fcl, \u00e9s <strong>a vend\u00e9geinek m\u00e9g saj\u00e1t hotelsp\u00e1t \u00e9s saj\u00e1t teniszp\u00e1ly\u00e1t is k\u00edn\u00e1l<\/strong> az akt\u00edv pihen\u00e9shez.<\/p>\n\n\n\n<p class=\"wp-block-paragraph\">A gazdag reggeli itt mindig benne van a sz\u00e1ll\u00e1s alap\u00e1r\u00e1ban, \u00e9s <strong>maguk a szob\u00e1k hamis\u00edtatlan arisztokrata hangulatot \u00e1rasztanak<\/strong>, \u00edgy igazi francia vid\u00e9ki birtokon fogod \u00e9rezni magad. R\u00e1ad\u00e1sul v\u00e1laszthatsz a t\u00f6rt\u00e9nelmi kast\u00e9ly\u00e9p\u00fcletben l\u00e9v\u0151 hagyom\u00e1nyosabb szob\u00e1k \u00e9s a szomsz\u00e9dos mell\u00e9k\u00e9p\u00fcletben l\u00e9v\u0151, modernebb\u00fcl berendezett szob\u00e1k k\u00f6z\u00f6tt.<\/p>\n\n\n\n<p class=\"wp-block-paragraph\">Ne feledj azonban egy kulcsfontoss\u00e1g\u00fa t\u00e9nyt: a t\u00f6rt\u00e9nelmi belv\u00e1rosba innen el kell jutnod. Ezt ugyan k\u00f6nnyen megoldod a k\u00f6zeli villamossal vagy egy k\u00f6lcs\u00f6nbiciklivel, de a fekv\u00e9s egyszer\u0171en f\u0151leg az aut\u00f3soknak j\u00f6n j\u00f3l, akik nyugalmat akarnak a parkol\u00e1ssal, \u00e9s est\u00e9nk\u00e9nt \u00e9lvezni akarj\u00e1k a hatalmas kast\u00e9lypark teljes csendj\u00e9t.<\/p>\n\n\n\n<p class=\"wp-block-paragraph\">\ud83d\udca1 <strong>Tipp:<\/strong> Remek romantikus v\u00e1laszt\u00e1s azoknak, <strong>akik saj\u00e1t aut\u00f3val \u00e9rkeznek Elz\u00e1szba, \u00e9s a megnyugtat\u00f3 z\u00f6ldben szeretn\u00e9nek megsz\u00e1llni<\/strong>, mik\u00f6zben a v\u00e1rosba b\u00e1rmikor k\u00e9nyelmesen elindulhatnak a t\u00f6megk\u00f6zleked\u00e9s seg\u00edts\u00e9g\u00e9vel.<\/p>\n\n\n\n<h2 class=\"wp-block-heading\"><span class=\"ez-toc-section\" id=\"Hogyan_valaszd_ki_a_megfelelo_hotelt\"><\/span>Hogyan v\u00e1laszd ki a megfelel\u0151 hotelt<span class=\"ez-toc-section-end\"><\/span><\/h2>\n\n\n\n<p class=\"wp-block-paragraph\">Az ide\u00e1lis sz\u00e1ll\u00e1sr\u00f3l val\u00f3 d\u00f6nt\u00e9sn\u00e9l a f\u0151 szerepet a k\u00f6lts\u00e9gvet\u00e9sed, az utaz\u00e1s konkr\u00e9t d\u00e1tuma \u00e9s mindenekel\u0151tt a k\u00f6zleked\u00e9s m\u00f3dja j\u00e1tssza. Ha <strong>csal\u00e1dk\u00e9nt utazol, \u00e9s van veletek aut\u00f3<\/strong>, egy\u00e1ltal\u00e1n semmi \u00e9rtelme nincs \u00f3ri\u00e1si \u00f6sszegeket fizetni a t\u00fal\u00e1razott, a Grande \u00cele szigeten l\u00e9v\u0151 hotelek\u00e9rt (a sz\u0171k utc\u00e1kban val\u00f3 parkol\u00e1s maga a r\u00e9m\u00e1lom). Sokkal okosabb egy csendesebb, a magon k\u00edv\u00fcli negyedet v\u00e1lasztani, vagy egyb\u0151l egy v\u00e1roson k\u00edv\u00fcli kis kast\u00e9lyt, \u00e9s <strong>okosan kihaszn\u00e1lni a j\u00f3l kital\u00e1lt v\u00e1rosi <a href=\"https:\/\/www.cts-strasbourg.eu\/en\/getting-around\/park-and-ride\/\" rel=\"nofollow noopener\" target=\"_blank\">Park &#038; Ride<\/a> rendszert<\/strong>. Ennek k\u00f6sz\u00f6nhet\u0151en elhanyagolhat\u00f3 \u00f6sszeget fizetsz a parkol\u00f3\u00e9rt, \u00e9s az aut\u00f3 eg\u00e9sz szem\u00e9lyzete a parkol\u00e1si d\u00edjhoz kap egy oda-vissza villamosjegyet is a belv\u00e1rosba, ami rengeteg p\u00e9nzt \u00e9s idegesked\u00e9st sp\u00f3rol meg.<\/p>\n\n\n\n<p class=\"wp-block-paragraph\">A romantikus p\u00e1roknak, akik viszont vonattal \u00e9rkeznek, \u00e9s csak gondtalanul akarnak gy\u00f6ny\u00f6rk\u00f6dni a t\u00f6rt\u00e9nelmi utc\u00e1k sz\u00e9ps\u00e9g\u00e9ben, <strong>a legjobb v\u00e1laszt\u00e1s a mesesz\u00e9p Petite France ter\u00fclet vagy a leny\u0171g\u00f6z\u0151 katedr\u00e1lis k\u00f6zvetlen k\u00f6rny\u00e9ke<\/strong>. Itt igaz\u00e1n teljes m\u00e9rt\u00e9kben \u00e9lvezed az \u00f3v\u00e1ros csod\u00e1latos hangulat\u00e1t, mert minden nevezetess\u00e9g r\u00f6gt\u00f6n az ajt\u00f3n k\u00edv\u00fcl lesz. \u00c1m <strong>k\u00e9sz\u00fclj fel arra, hogy az exkluz\u00edv, a t\u00f6rt\u00e9n\u00e9sek sz\u00edv\u00e9ben l\u00e9v\u0151 fekv\u00e9s\u00e9rt nagyon jelent\u0151sen megfizetsz<\/strong>, k\u00fcl\u00f6n\u00f6sen a ny\u00e1ri \u00e9s t\u00e9li f\u0151szezon idej\u00e9n.<\/p>\n\n\n\n<p class=\"wp-block-paragraph\">Ha mindenn\u00e9l jobban a <strong>lehet\u0151 legjobb \u00e1r-\u00e9rt\u00e9k ar\u00e1ny \u00e9rdekel, keress sz\u00e1ll\u00e1st els\u0151sorban a vas\u00fat\u00e1llom\u00e1s k\u00f6rny\u00e9k\u00e9n<\/strong> (Gare negyed) vagy a csendesebb Krutenau di\u00e1knegyedben. Gyalog innen a belv\u00e1rosba egy kellemes t\u00edz-tizen\u00f6t perces s\u00e9t\u00e1val jutsz el a v\u00edz ment\u00e9n, de <strong>az \u00e1rak itt 30-40 sz\u00e1zal\u00e9kkal alacsonyabbak, mint a szigeten<\/strong>, ami egy t\u00f6bbnapos tart\u00f3zkod\u00e1sn\u00e1l igaz\u00e1n \u00f3ri\u00e1si k\u00fcl\u00f6nbs\u00e9get jelent a k\u00f6lts\u00e9gvet\u00e9sben.<\/p>\n\n\n\n<p class=\"wp-block-paragraph\">\u26a0\ufe0f A kiv\u00e1laszt\u00e1sn\u00e1l viszont nagyon vigy\u00e1zz a cs\u00e1b\u00edt\u00f3 nevekre. <strong>A hotel nev\u00e9ben szerepl\u0151 \u201eStrasbourg&#8221; sz\u00f3 nem jelenti automatikusan, hogy a belv\u00e1rosban fogsz aludni<\/strong>. P\u00e9ld\u00e1ul a <em>Hotel Strasbourg Montagne Verte<\/em> meglehet\u0151sen messze fekszik a v\u00e1roson k\u00edv\u00fcl. Ugyan\u00edgy mindig gondosan ellen\u0151rizd a t\u00f6bbi utaz\u00f3 val\u00f3s v\u00e9lem\u00e9nyeit. P\u00e9ld\u00e1ul a <em>City R\u00e9sidence Access Strasbourg<\/em> \u00e9rt\u00e9kel\u00e9se csak 3,2, ami az elz\u00e1szi metropoliszra nagyon gyenge, a l\u00e1nchoz tartoz\u00f3 <em>ibis Strasbourg Centre Petite France<\/em> pedig csak 3,8-as oszt\u00e1lyzatot \u00e9r el, ami a <strong>legalacsonyabb \u00e9rt\u00e9kel\u00e9s a t\u00f6rt\u00e9nelmi mag \u00f6sszes l\u00e1nchotele k\u00f6z\u00fcl<\/strong> (a neve egyszer\u0171en sokkal jobban hangzik, mint amilyen azt\u00e1n a helysz\u00edni val\u00f3s\u00e1g).<\/p>\n\n\n\n<h2 class=\"wp-block-heading\"><span class=\"ez-toc-section\" id=\"Hova_tovabb\"><\/span>Hov\u00e1 tov\u00e1bb<span class=\"ez-toc-section-end\"><\/span><\/h2>\n\n\n\n<p class=\"wp-block-paragraph\">Ha m\u00e1r megoldottad a sz\u00e1ll\u00e1st, biztosan j\u00f3l j\u00f6nnek tov\u00e1bbi praktikus inform\u00e1ci\u00f3k az utaz\u00e1s tervez\u00e9s\u00e9hez. K\u00e9sz\u00edtettem neked <strong>r\u00e9szletes \u00fatikalauzokat, amelyek seg\u00edtenek felfedezni a r\u00e9gi\u00f3 legnagyobb sz\u00e9ps\u00e9geit<\/strong> felesleges stressz n\u00e9lk\u00fcl.<\/p>\n\n\n\n<p class=\"wp-block-paragraph\">Olvasd el a <a href=\"https:\/\/loudavymkrokem.cz\/hu\/strasbourg-franciaorszag-latnivalok\/\">Mit l\u00e1ss Strasbourgban<\/a> c\u00edm\u0171 cikket, ahol tippeket tal\u00e1lsz a legszebb nevezetess\u00e9gekre \u00e9s helyekre, amelyeket az els\u0151 l\u00e1togat\u00e1sn\u00e1l nem szabad kihagynod. Ha t\u00e9len m\u00e9sz, ne hagyd ki a <a href=\"https:\/\/loudavymkrokem.cz\/hu\/strasbourgi-karacsonyi-vasar\/\">Strasbourgi kar\u00e1csonyi v\u00e1s\u00e1rok<\/a> \u00fatikalauzt, amely <strong>t\u00f6k\u00e9letesen felk\u00e9sz\u00edt az adventi \u0151r\u00fcletre, \u00e9s tan\u00e1csot ad, mely t\u00f6megeket ker\u00fcld el<\/strong>.<\/p>\n\n\n\n<p class=\"wp-block-paragraph\">Azoknak, akik a metropolisz kapuin t\u00falra is szeretn\u00e9nek indulni, melegen aj\u00e1nlom az <a href=\"https:\/\/loudavymkrokem.cz\/hu\/elzasz-franciaorszag-legszebb-falvai\/\">Elz\u00e1szi bor\u00fat: a 12 legszebb falu<\/a> c\u00edm\u0171 cikket, mert <strong>Elz\u00e1sz egyszer\u0171en egy mesesz\u00e9p r\u00e9gi\u00f3, tele sz\u0151l\u0151\u00fcltetv\u00e9nyekkel \u00e9s fav\u00e1zas h\u00e1zacsk\u00e1kkal<\/strong>. Remek inspir\u00e1ci\u00f3 lesz a fest\u0151i kisv\u00e1ros, <a href=\"https:\/\/loudavymkrokem.cz\/hu\/colmar-franciaorszag-francia-velence\/\">Colmar, Franciaorsz\u00e1g<\/a> \u00fatikalauza vagy a nagy <a href=\"https:\/\/loudavymkrokem.cz\/hu\/roadtrip-franciaorszag-utiterv\/\">Franciaorsz\u00e1gi roadtrip: 14 napos \u00fatiterv<\/a> is, ha <strong>hosszabb aut\u00f3s utat tervezel, \u00e9s l\u00e1tni akarod az orsz\u00e1g legjobbj\u00e1t<\/strong>.<\/p>\n\n\n\n<h2 class=\"wp-block-heading\"><span class=\"ez-toc-section\" id=\"Gyakran_ismetelt_kerdesek\"><\/span>Gyakran ism\u00e9telt k\u00e9rd\u00e9sek<span class=\"ez-toc-section-end\"><\/span><\/h2>\n\n\n\n<p class=\"wp-block-paragraph\">Van m\u00e9g valami bizonytalans\u00e1god az elz\u00e1szi metropoliszba tervezett utaz\u00e1s el\u0151tt? \u00d6sszeszedt\u00fck neked a v\u00e1laszokat a leggyakoribb k\u00e9rd\u00e9sekre, amelyek megk\u00f6nny\u00edtik a tervez\u00e9st.<\/p>\n\n\n<div id=\"rank-math-faq\" class=\"rank-math-block\">\n<div class=\"rank-math-list \">\n<div id=\"faq-question-1788283127000\" class=\"rank-math-list-item\">\n<h3 class=\"rank-math-question \"><span class=\"ez-toc-section\" id=\"Mikor_erdemes_leginkabb_szallodat_foglalni_az_adventi_vasarokra\"><\/span>Mikor \u00e9rdemes legink\u00e1bb sz\u00e1llod\u00e1t foglalni az adventi v\u00e1s\u00e1rokra?<span class=\"ez-toc-section-end\"><\/span><\/h3>\n<div class=\"rank-math-answer \">\n\n<p>Ha a t\u00f6rt\u00e9nelmi k\u00f6zpontban, a Grande \u00cele sziget\u00e9n szeretn\u00e9l megsz\u00e1llni, <strong>6-9 h\u00f3nappal el\u0151re kell foglalnod<\/strong>, mert az adventi id\u0151szakban a sz\u00e1llod\u00e1k hihetetlen gyorsas\u00e1ggal telnek meg. Min\u00e9l kor\u00e1bban int\u00e9zed el a sz\u00e1ll\u00e1st, ann\u00e1l nagyobb v\u00e1laszt\u00e9kod lesz, \u00e9s biztosan elker\u00fclheted, hogy csillag\u00e1szati \u00f6sszegeket kelljen fizetned a legdr\u00e1g\u00e1bb megmaradt szob\u00e1k\u00e9rt.<\/p>\n\n<\/div>\n<\/div>\n<div id=\"faq-question-1788283127001\" class=\"rank-math-list-item\">\n<h3 class=\"rank-math-question \"><span class=\"ez-toc-section\" id=\"Hol_talalom_a_legolcsobb_szallast_Strasbourgban\"><\/span>Hol tal\u00e1lom a legolcs\u00f3bb sz\u00e1ll\u00e1st Strasbourgban?<span class=\"ez-toc-section-end\"><\/span><\/h3>\n<div class=\"rank-math-answer \">\n\n<p>A legjobb \u00e1rakat biztosan <strong>a f\u0151p\u00e1lyaudvar k\u00f6rny\u00e9k\u00e9n vagy a csendesebb Krutenau negyedben<\/strong> tal\u00e1lod, amelyek mindketten csak n\u00e9h\u00e1ny perc s\u00e9t\u00e1ra vannak a t\u00f6rt\u00e9nelmi k\u00f6zpontt\u00f3l. Egyszer\u0171 szab\u00e1ly, hogy <strong>a katedr\u00e1lis\u00e1t\u00f3l 10-20 perc s\u00e9t\u00e1ra l\u00e9v\u0151 sz\u00e1llod\u00e1k \u00e1ltal\u00e1ban 30-40 sz\u00e1zal\u00e9kkal olcs\u00f3bbak<\/strong>, \u00edgy a r\u00f6vid s\u00e9ta a k\u00f6zpontba mindenk\u00e9ppen meg\u00e9ri.<\/p>\n\n<\/div>\n<\/div>\n<div id=\"faq-question-1788283127002\" class=\"rank-math-list-item\">\n<h3 class=\"rank-math-question \"><span class=\"ez-toc-section\" id=\"Kenyelmesen_lehet_parkolni_a_szallodanal_Strasbourgban\"><\/span>K\u00e9nyelmesen lehet parkolni a sz\u00e1llod\u00e1n\u00e1l Strasbourgban?<span class=\"ez-toc-section-end\"><\/span><\/h3>\n<div class=\"rank-math-answer \">\n\n<p>Mag\u00e1ban a t\u00f6rt\u00e9nelmi k\u00f6zpontban a <strong>parkol\u00e1s aut\u00f3val igazi r\u00e9m\u00e1lom<\/strong>, \u00e9s a kisebb butiksz\u00e1llod\u00e1k gyakran egy\u00e1ltal\u00e1n nem rendelkeznek gar\u00e1zzsal. Sokkal okosabb ez\u00e9rt <strong>a v\u00e1ros perem\u00e9n l\u00e9v\u0151, rendk\u00edv\u00fcl j\u00f3l kidolgozott Park &amp; Ride rendszer parkol\u00f3it haszn\u00e1lni<\/strong>, ahol az elhanyagolhat\u00f3 parkol\u00e1si d\u00edj mell\u00e9 a j\u00e1rm\u0171 \u00f6sszes utas\u00e1nak oda-vissza villamosjegyet is kapsz a k\u00f6zpontba.<\/p>\n\n<\/div>\n<\/div>\n<div id=\"faq-question-1788283127003\" class=\"rank-math-list-item\">\n<h3 class=\"rank-math-question \"><span class=\"ez-toc-section\" id=\"Megeri_a_Petite_France_negyedben_megszallni\"><\/span>Meg\u00e9ri a Petite France negyedben megsz\u00e1llni?<span class=\"ez-toc-section-end\"><\/span><\/h3>\n<div class=\"rank-math-answer \">\n\n<p>A Petite France negyed k\u00e9ts\u00e9gtelen\u00fcl <strong>a v\u00e1ros legfotog\u00e9nebb \u00e9s legromantikusabb r\u00e9sze<\/strong>, tele r\u00e9gi fah\u00e1zakkal \u00e9s egybefon\u00f3d\u00f3 v\u00edzcsatorn\u00e1kkal. A tavaszi h\u00f3napokban, a f\u0151szezonon k\u00edv\u00fcl mes\u00e9s v\u00e1laszt\u00e1s p\u00e1roknak, de <strong>az adventi id\u0151szakban akkora turistat\u00f6megek vannak, hogy az utc\u00e1kon alig lehet \u00e1tjutni<\/strong>, \u00edgy a v\u00e1gyott nyugalmat decemberben itt semmik\u00e9ppen nem tal\u00e1lod meg.<\/p>\n\n<\/div>\n<\/div>\n<div id=\"faq-question-1788283127004\" class=\"rank-math-list-item\">\n<h3 class=\"rank-math-question \"><span class=\"ez-toc-section\" id=\"Dragulnak_a_szallodak_az_Europai_Parlament_ulesezesei_alatt\"><\/span>Dr\u00e1gulnak a sz\u00e1llod\u00e1k az Eur\u00f3pai Parlament \u00fcl\u00e9sez\u00e9sei alatt?<span class=\"ez-toc-section-end\"><\/span><\/h3>\n<div class=\"rank-math-answer \">\n\n<p>Igen, \u00e9s mindig nagyon jelent\u0151sen. <strong>Az Eur\u00f3pai Parlament plen\u00e1ris \u00fcl\u00e9sei rendszeresen \u00e9s vill\u00e1mgyorsan megt\u00f6ltik nemcsak az eur\u00f3pai negyedben l\u00e9v\u0151 \u00f6sszes sz\u00e1llod\u00e1t, hanem a t\u00f6rt\u00e9nelmi v\u00e1rosk\u00f6zpontban l\u00e9v\u0151ket is.<\/strong> Ezeknek az \u00fcl\u00e9seknek a pontos id\u0151pontjai szerencs\u00e9re j\u00f3val el\u0151re megtal\u00e1lhat\u00f3k az interneten, \u00e9s <strong>ha nem vagy r\u00f6gz\u00edtett d\u00e1tumhoz k\u00f6tve, mindenk\u00e9ppen ker\u00fcld el ezeket a napokat<\/strong>.<\/p>\n\n<\/div>\n<\/div>\n<div id=\"faq-question-1788283127005\" class=\"rank-math-list-item\">\n<h3 class=\"rank-math-question \"><span class=\"ez-toc-section\" id=\"Mit_erdemes_megkostolni_Strasbourgban_a_helyi_konyhabol\"><\/span>Mit \u00e9rdemes megk\u00f3stolni Strasbourgban a helyi konyh\u00e1b\u00f3l?<span class=\"ez-toc-section-end\"><\/span><\/h3>\n<div class=\"rank-math-answer \">\n\n<p>Ez technikailag nem a sz\u00e1llod\u00e1val kapcsolatos, de tudom, hogy \u00fagyis meg fogsz k\u00e9rdezni, sz\u00f3val itt a v\u00e1lasz: Az elz\u00e1szi konyha ugyan h\u00fasos \u00e9teleir\u0151l h\u00edres, de h\u00fas n\u00e9lk\u00fcl is garant\u00e1ltan j\u00f3l j\u00e1rsz. <strong>Mindenk\u00e9ppen k\u00f3stold meg a hagyom\u00e1nyos v\u00e9kony tarte flamb\u00e9e (flammekueche) pit\u00e9t a kiv\u00e1l\u00f3 h\u00fasmentes v\u00e1ltozatban sajttal \u00e9s hagym\u00e1val<\/strong>, mell\u00e9 harapj egy friss s\u00f3s bretzelt, \u00e9s \u00e9des desszertnek k\u00f3stold meg a leveg\u0151s kugl\u00f3f-szer\u0171 kougelhopfot. <strong>Ne felejtsd el mindezt egy kiv\u00e1l\u00f3 elz\u00e1szi feh\u00e9rborral lemosni.<\/strong><\/p>\n\n<\/div>\n<\/div>\n<div id=\"faq-question-1788283127006\" class=\"rank-math-list-item\">\n<h3 class=\"rank-math-question \"><span class=\"ez-toc-section\" id=\"Jo_bazis_Strasbourg_az_Elzaszban_tett_kirandulasokhoz\"><\/span>J\u00f3 b\u00e1zis Strasbourg az Elz\u00e1szban tett kir\u00e1ndul\u00e1sokhoz?<span class=\"ez-toc-section-end\"><\/span><\/h3>\n<div class=\"rank-math-answer \">\n\n<p>Hat\u00e1rozottan igen, Strasbourg <strong>a legjobb strat\u00e9giai b\u00e1zist jelenti az eg\u00e9sz mes\u00e9s r\u00e9gi\u00f3 megismer\u00e9s\u00e9hez<\/strong>. A f\u0151p\u00e1lyaudvarr\u00f3l k\u00e9nyelmes vonattal <strong>k\u00f6nnyen \u00e9s gyorsan eljuthatsz a fest\u0151i Colmarba \u00e9s a h\u00edres bor\u00fat menti kisebb falvakba is<\/strong>, vagy aut\u00f3val felfedezheted a gy\u00f6ny\u00f6r\u0171 term\u00e9szetet a k\u00f6zeli Vog\u00e9zek hegys\u00e9gben.<\/p>\n\n<\/div>\n<\/div>\n<\/div>\n<\/div>","protected":false},"excerpt":{"rendered":"<p>Hotelt keresel Strasbourgban? Megtudod, mely negyedekben sp\u00f3rolhatsz ak\u00e1r 40%-ot, \u00e9s mi\u00e9rt \u00e9rdemes adventkor a t\u00f6rt\u00e9nelmi belv\u00e1roson k\u00edv\u00fcl megsz\u00e1llnod.<\/p>\n","protected":false},"author":3,"featured_media":413382,"comment_status":"open","ping_status":"open","sticky":false,"template":"","format":"standard","meta":{"_acf_changed":false,"footnotes":"","rank_math_title":"Hol sz\u00e1llj meg Strasbourgban: 18 legjobb hotel","rank_math_description":"Hol sz\u00e1llj meg Strasbourgban? 18 hoteltipp negyedek szerint, plusz tr\u00fckk, amivel 40%-ot sp\u00f3rolsz adventkor. N\u00e9zd meg, melyik sz\u00e1ll\u00e1s illik hozz\u00e1d!","rank_math_focus_keyword":"hol sz\u00e1llj meg Strasbourgban","rank_math_seo_score":""},"categories":[1804,1822,1788],"tags":[],"class_list":["post-417223","post","type-post","status-publish","format-standard","has-post-thumbnail","category-europa","category-franciaorszag","category-utazas"],"acf":[],"featured_image_src":"https:\/\/loudavymkrokem.cz\/wp-content\/uploads\/2026\/09\/petite-france-po-soumraku-2cf25977.jpg","author_info":{"display_name":"Lucie Kone\u010dn\u00e1","author_link":"https:\/\/loudavymkrokem.cz\/hu\/author\/lucie-konecna\/"},"_links":{"self":[{"href":"https:\/\/loudavymkrokem.cz\/hu\/wp-json\/wp\/v2\/posts\/417223","targetHints":{"allow":["GET"]}}],"collection":[{"href":"https:\/\/loudavymkrokem.cz\/hu\/wp-json\/wp\/v2\/posts"}],"about":[{"href":"https:\/\/loudavymkrokem.cz\/hu\/wp-json\/wp\/v2\/types\/post"}],"author":[{"embeddable":true,"href":"https:\/\/loudavymkrokem.cz\/hu\/wp-json\/wp\/v2\/users\/3"}],"replies":[{"embeddable":true,"href":"https:\/\/loudavymkrokem.cz\/hu\/wp-json\/wp\/v2\/comments?post=417223"}],"version-history":[{"count":2,"href":"https:\/\/loudavymkrokem.cz\/hu\/wp-json\/wp\/v2\/posts\/417223\/revisions"}],"predecessor-version":[{"id":417225,"href":"https:\/\/loudavymkrokem.cz\/hu\/wp-json\/wp\/v2\/posts\/417223\/revisions\/417225"}],"wp:featuredmedia":[{"embeddable":true,"href":"https:\/\/loudavymkrokem.cz\/hu\/wp-json\/wp\/v2\/media\/413382"}],"wp:attachment":[{"href":"https:\/\/loudavymkrokem.cz\/hu\/wp-json\/wp\/v2\/media?parent=417223"}],"wp:term":[{"taxonomy":"category","embeddable":true,"href":"https:\/\/loudavymkrokem.cz\/hu\/wp-json\/wp\/v2\/categories?post=417223"},{"taxonomy":"post_tag","embeddable":true,"href":"https:\/\/loudavymkrokem.cz\/hu\/wp-json\/wp\/v2\/tags?post=417223"}],"curies":[{"name":"wp","href":"https:\/\/api.w.org\/{rel}","templated":true}]}}