{"id":417214,"date":"2026-09-01T15:04:33","date_gmt":"2026-09-01T13:04:33","guid":{"rendered":"https:\/\/loudavymkrokem.cz\/bulgaria-strandok-legszebb\/"},"modified":"2026-09-05T14:16:45","modified_gmt":"2026-09-05T12:16:45","slug":"bulgaria-strandok-legszebb","status":"publish","type":"post","link":"https:\/\/loudavymkrokem.cz\/hu\/bulgaria-strandok-legszebb\/","title":{"rendered":"Bulg\u00e1ria strandok: 20 tipp, amit \u00e9rdemes felkeresni"},"content":{"rendered":"\n<p class=\"wp-block-paragraph\">Amikor a legszebb bulg\u00e1ria strandok ker\u00fclnek sz\u00f3ba, a legt\u00f6bb magyar utaz\u00f3 a 378 kilom\u00e9ter hossz\u00fa tengerparton csup\u00e1n k\u00e9t nagy, ny\u00fczsg\u0151 \u00fcd\u00fcl\u0151helyre gondol. Pedig el\u00e9g p\u00e1r t\u00edz kilom\u00e9tert d\u00e9lebbre aut\u00f3zni, \u00e9s m\u00e1ris egy teljesen m\u00e1s vil\u00e1g t\u00e1rul el\u00e9d. Itt kezd\u0151dnek a <strong>v\u00e9gtelen homokd\u0171n\u00e9k, a fest\u0151i foly\u00f3torkolatok \u00e9s a vad strandok<\/strong>, ahov\u00e1 legink\u00e1bb maguk a bolg\u00e1rok j\u00e1rnak nyaralni.<\/p>\n\n\n\n<p class=\"wp-block-paragraph\">R\u00e9szletes \u00fatikalauzt \u00e1ll\u00edtottunk \u00f6ssze neked, amelyben megtal\u00e1lod a tengerpart mindk\u00e9t arc\u00e1t: a szervezett \u00fcd\u00fcl\u0151helyekt\u0151l kezdve a vad \u00f6bl\u00f6kig, ahov\u00e1 rendes \u00fat sem vezet. Megtudod, hol tal\u00e1lod a <strong>legjobb felt\u00e9teleket a gyerekes csal\u00e1doknak<\/strong>, mely helyeken sp\u00f3rolhatsz jelent\u0151sen a nap\u00e1gyakon, \u00e9s hov\u00e1 \u00e9rdemes ink\u00e1bb saj\u00e1t s\u00e1torral vagy lak\u00f3aut\u00f3val indulni.<\/p>\n\n\n\n<p class=\"wp-block-paragraph\">Bulg\u00e1ria ugyanis 2026. janu\u00e1r 1-j\u00e9t\u0151l <strong>hivatalosan \u00e1tt\u00e9rt az eur\u00f3ra<\/strong>, ami sz\u00e1mos v\u00e1ltoz\u00e1st hozott nemcsak a mindennapi \u00e1rakban, hanem a szigor\u00fabb kempingez\u00e9si szab\u00e1lyokban is.<\/p>\n\n\n\n<figure data-wp-context=\"{&quot;imageId&quot;:&quot;6a9c335a022dd&quot;}\" data-wp-interactive=\"core\/image\" data-wp-key=\"6a9c335a022dd\" class=\"wp-block-image size-full wp-lightbox-container\"><img decoding=\"async\" width=\"1800\" height=\"1285\" data-wp-class--hide=\"state.isContentHidden\" data-wp-class--show=\"state.isContentVisible\" data-wp-init=\"callbacks.setButtonStyles\" data-wp-on--click=\"actions.showLightbox\" data-wp-on--load=\"callbacks.setButtonStyles\" data-wp-on--pointerdown=\"actions.preloadImage\" data-wp-on--pointerenter=\"actions.preloadImageWithDelay\" data-wp-on--pointerleave=\"actions.cancelPreload\" data-wp-on-window--resize=\"callbacks.setButtonStyles\" src=\"https:\/\/loudavymkrokem.cz\/wp-content\/uploads\/2026\/08\/bulharsko-research-plaze-bulharsko-01.jpg\" alt=\"A Veleka torkolata Szinemorecn\u00e9l, a tengerpart egyik legfot\u00f3zottabb helye\" class=\"wp-image-404184\" title=\"\" srcset=\"https:\/\/loudavymkrokem.cz\/wp-content\/uploads\/2026\/08\/bulharsko-research-plaze-bulharsko-01.jpg 1800w, https:\/\/loudavymkrokem.cz\/wp-content\/uploads\/2026\/08\/bulharsko-research-plaze-bulharsko-01-300x214.jpg 300w, https:\/\/loudavymkrokem.cz\/wp-content\/uploads\/2026\/08\/bulharsko-research-plaze-bulharsko-01-700x500.jpg 700w, https:\/\/loudavymkrokem.cz\/wp-content\/uploads\/2026\/08\/bulharsko-research-plaze-bulharsko-01-768x548.jpg 768w, https:\/\/loudavymkrokem.cz\/wp-content\/uploads\/2026\/08\/bulharsko-research-plaze-bulharsko-01-1536x1097.jpg 1536w, https:\/\/loudavymkrokem.cz\/wp-content\/uploads\/2026\/08\/bulharsko-research-plaze-bulharsko-01-696x497.jpg 696w, https:\/\/loudavymkrokem.cz\/wp-content\/uploads\/2026\/08\/bulharsko-research-plaze-bulharsko-01-1392x994.jpg 1392w\" sizes=\"(max-width: 1800px) 100vw, 1800px\" \/><button\n\t\t\tclass=\"lightbox-trigger\"\n\t\t\ttype=\"button\"\n\t\t\taria-haspopup=\"dialog\"\n\t\t\tdata-wp-bind--aria-label=\"state.thisImage.triggerButtonAriaLabel\"\n\t\t\tdata-wp-init=\"callbacks.initTriggerButton\"\n\t\t\tdata-wp-on--click=\"actions.showLightbox\"\n\t\t\tdata-wp-style--right=\"state.thisImage.buttonRight\"\n\t\t\tdata-wp-style--top=\"state.thisImage.buttonTop\"\n\t\t>\n\t\t\t<svg xmlns=\"http:\/\/www.w3.org\/2000\/svg\" width=\"12\" height=\"12\" fill=\"none\" viewBox=\"0 0 12 12\">\n\t\t\t\t<path fill=\"#fff\" d=\"M2 0a2 2 0 0 0-2 2v2h1.5V2a.5.5 0 0 1 .5-.5h2V0H2Zm2 10.5H2a.5.5 0 0 1-.5-.5V8H0v2a2 2 0 0 0 2 2h2v-1.5ZM8 12v-1.5h2a.5.5 0 0 0 .5-.5V8H12v2a2 2 0 0 1-2 2H8Zm2-12a2 2 0 0 1 2 2v2h-1.5V2a.5.5 0 0 0-.5-.5H8V0h2Z\" \/>\n\t\t\t<\/svg>\n\t\t<\/button><figcaption class=\"wp-element-caption\">Foto: Evgeni Dinev @ Flickr \/ Wikimedia Commons (CC BY 2.0)<\/figcaption><\/figure>\n\n\n\n<div id=\"ez-toc-container\" class=\"ez-toc-v2_0_87 ez-toc-wrap-left counter-hierarchy ez-toc-counter ez-toc-grey ez-toc-container-direction\">\n<div class=\"ez-toc-title-container\">\n<p class=\"ez-toc-title\" style=\"cursor:inherit\">A cikk tartalma<\/p>\n<span class=\"ez-toc-title-toggle\"><a href=\"#\" class=\"ez-toc-pull-right ez-toc-btn ez-toc-btn-xs ez-toc-btn-default ez-toc-toggle\" aria-label=\"Toggle Table of Content\"><span class=\"ez-toc-js-icon-con\"><span class=\"\"><span class=\"eztoc-hide\" style=\"display:none;\">Toggle<\/span><span class=\"ez-toc-icon-toggle-span\"><svg style=\"fill: #999;color:#999\" xmlns=\"http:\/\/www.w3.org\/2000\/svg\" class=\"list-377408\" width=\"20px\" height=\"20px\" viewBox=\"0 0 24 24\" fill=\"none\"><path d=\"M6 6H4v2h2V6zm14 0H8v2h12V6zM4 11h2v2H4v-2zm16 0H8v2h12v-2zM4 16h2v2H4v-2zm16 0H8v2h12v-2z\" fill=\"currentColor\"><\/path><\/svg><svg style=\"fill: #999;color:#999\" class=\"arrow-unsorted-368013\" xmlns=\"http:\/\/www.w3.org\/2000\/svg\" width=\"10px\" height=\"10px\" viewBox=\"0 0 24 24\" version=\"1.2\" baseProfile=\"tiny\"><path d=\"M18.2 9.3l-6.2-6.3-6.2 6.3c-.2.2-.3.4-.3.7s.1.5.3.7c.2.2.4.3.7.3h11c.3 0 .5-.1.7-.3.2-.2.3-.5.3-.7s-.1-.5-.3-.7zM5.8 14.7l6.2 6.3 6.2-6.3c.2-.2.3-.5.3-.7s-.1-.5-.3-.7c-.2-.2-.4-.3-.7-.3h-11c-.3 0-.5.1-.7.3-.2.2-.3.5-.3.7s.1.5.3.7z\"\/><\/svg><\/span><\/span><\/span><\/a><\/span><\/div>\n<nav><ul class='ez-toc-list ez-toc-list-level-1 ' ><ul class='ez-toc-list-level-3' ><li class='ez-toc-heading-level-3'><a class=\"ez-toc-link ez-toc-heading-1\" href=\"https:\/\/loudavymkrokem.cz\/hu\/bulgaria-strandok-legszebb\/#Osszefoglalas_azoknak_akiknek_nincs_idejuk_vegigolvasni_a_cikket\" >\u00d6sszefoglal\u00e1s azoknak, akiknek nincs idej\u00fck v\u00e9gigolvasni a cikket<\/a><\/li><\/ul><\/li><li class='ez-toc-page-1 ez-toc-heading-level-2'><a class=\"ez-toc-link ez-toc-heading-2\" href=\"https:\/\/loudavymkrokem.cz\/hu\/bulgaria-strandok-legszebb\/#Hogyan_mukodnek_a_bolgar_strandok_fizetos_es_szabad_zonak\" >Hogyan m\u0171k\u00f6dnek a bolg\u00e1r strandok: fizet\u0151s \u00e9s szabad z\u00f3n\u00e1k<\/a><\/li><li class='ez-toc-page-1 ez-toc-heading-level-2'><a class=\"ez-toc-link ez-toc-heading-3\" href=\"https:\/\/loudavymkrokem.cz\/hu\/bulgaria-strandok-legszebb\/#Rekordot_jelento_26_kek_zaszlo\" >Rekordot jelent\u0151 26 k\u00e9k z\u00e1szl\u00f3<\/a><\/li><li class='ez-toc-page-1 ez-toc-heading-level-2'><a class=\"ez-toc-link ez-toc-heading-4\" href=\"https:\/\/loudavymkrokem.cz\/hu\/bulgaria-strandok-legszebb\/#A_vad_del_strandok_ahova_maguk_a_bolgarok_jarnak\" >A vad d\u00e9l: strandok, ahov\u00e1 maguk a bolg\u00e1rok j\u00e1rnak<\/a><ul class='ez-toc-list-level-3' ><li class='ez-toc-heading-level-3'><a class=\"ez-toc-link ez-toc-heading-5\" href=\"https:\/\/loudavymkrokem.cz\/hu\/bulgaria-strandok-legszebb\/#1_Szilisztar\" >1. Szilisztar<\/a><\/li><li class='ez-toc-page-1 ez-toc-heading-level-3'><a class=\"ez-toc-link ez-toc-heading-6\" href=\"https:\/\/loudavymkrokem.cz\/hu\/bulgaria-strandok-legszebb\/#2_Veleka_Szinemorec\" >2. Veleka (Szinemorec)<\/a><\/li><li class='ez-toc-page-1 ez-toc-heading-level-3'><a class=\"ez-toc-link ez-toc-heading-7\" href=\"https:\/\/loudavymkrokem.cz\/hu\/bulgaria-strandok-legszebb\/#3_Butamjata\" >3. Butamjata<\/a><\/li><li class='ez-toc-page-1 ez-toc-heading-level-3'><a class=\"ez-toc-link ez-toc-heading-8\" href=\"https:\/\/loudavymkrokem.cz\/hu\/bulgaria-strandok-legszebb\/#4_Arkutino\" >4. Arkutino<\/a><\/li><li class='ez-toc-page-1 ez-toc-heading-level-3'><a class=\"ez-toc-link ez-toc-heading-9\" href=\"https:\/\/loudavymkrokem.cz\/hu\/bulgaria-strandok-legszebb\/#5_Koral\" >5. Koral<\/a><\/li><li class='ez-toc-page-1 ez-toc-heading-level-3'><a class=\"ez-toc-link ez-toc-heading-10\" href=\"https:\/\/loudavymkrokem.cz\/hu\/bulgaria-strandok-legszebb\/#6_Alepu\" >6. Alepu<\/a><\/li><li class='ez-toc-page-1 ez-toc-heading-level-3'><a class=\"ez-toc-link ez-toc-heading-11\" href=\"https:\/\/loudavymkrokem.cz\/hu\/bulgaria-strandok-legszebb\/#7_Kasztrics_es_Rezovo\" >7. Kasztrics \u00e9s Rezovo<\/a><\/li><\/ul><\/li><li class='ez-toc-page-1 ez-toc-heading-level-2'><a class=\"ez-toc-link ez-toc-heading-12\" href=\"https:\/\/loudavymkrokem.cz\/hu\/bulgaria-strandok-legszebb\/#Az_eszaki_part_es_a_vadon_Varna_kozeleben\" >Az \u00e9szaki part \u00e9s a vadon V\u00e1rna k\u00f6zel\u00e9ben<\/a><ul class='ez-toc-list-level-3' ><li class='ez-toc-heading-level-3'><a class=\"ez-toc-link ez-toc-heading-13\" href=\"https:\/\/loudavymkrokem.cz\/hu\/bulgaria-strandok-legszebb\/#8_Bolata\" >8. Bolata<\/a><\/li><li class='ez-toc-page-1 ez-toc-heading-level-3'><a class=\"ez-toc-link ez-toc-heading-14\" href=\"https:\/\/loudavymkrokem.cz\/hu\/bulgaria-strandok-legszebb\/#9_Feher_laguna_Topola\" >9. Feh\u00e9r lag\u00fana (Topola)<\/a><\/li><li class='ez-toc-page-1 ez-toc-heading-level-3'><a class=\"ez-toc-link ez-toc-heading-15\" href=\"https:\/\/loudavymkrokem.cz\/hu\/bulgaria-strandok-legszebb\/#10_Krapec_es_Durankulak\" >10. Krapec \u00e9s Durankulak<\/a><\/li><li class='ez-toc-page-1 ez-toc-heading-level-3'><a class=\"ez-toc-link ez-toc-heading-16\" href=\"https:\/\/loudavymkrokem.cz\/hu\/bulgaria-strandok-legszebb\/#11_Skorpilovci_es_Kamcsija\" >11. Skorpilovci \u00e9s Kamcsija<\/a><\/li><li class='ez-toc-page-1 ez-toc-heading-level-3'><a class=\"ez-toc-link ez-toc-heading-17\" href=\"https:\/\/loudavymkrokem.cz\/hu\/bulgaria-strandok-legszebb\/#12_Pasa_dere\" >12. Pasa dere<\/a><\/li><li class='ez-toc-page-1 ez-toc-heading-level-3'><a class=\"ez-toc-link ez-toc-heading-18\" href=\"https:\/\/loudavymkrokem.cz\/hu\/bulgaria-strandok-legszebb\/#13_Karadere\" >13. Karadere<\/a><\/li><\/ul><\/li><li class='ez-toc-page-1 ez-toc-heading-level-2'><a class=\"ez-toc-link ez-toc-heading-19\" href=\"https:\/\/loudavymkrokem.cz\/hu\/bulgaria-strandok-legszebb\/#A_klasszikus_udulohelyek_es_varosi_strandok\" >A klasszikus: \u00fcd\u00fcl\u0151helyek \u00e9s v\u00e1rosi strandok<\/a><ul class='ez-toc-list-level-3' ><li class='ez-toc-heading-level-3'><a class=\"ez-toc-link ez-toc-heading-20\" href=\"https:\/\/loudavymkrokem.cz\/hu\/bulgaria-strandok-legszebb\/#14_Albena\" >14. Albena<\/a><\/li><li class='ez-toc-page-1 ez-toc-heading-level-3'><a class=\"ez-toc-link ez-toc-heading-21\" href=\"https:\/\/loudavymkrokem.cz\/hu\/bulgaria-strandok-legszebb\/#15_Kranevo\" >15. Kranevo<\/a><\/li><li class='ez-toc-page-1 ez-toc-heading-level-3'><a class=\"ez-toc-link ez-toc-heading-22\" href=\"https:\/\/loudavymkrokem.cz\/hu\/bulgaria-strandok-legszebb\/#16_Aranyhomok\" >16. Aranyhomok<\/a><\/li><li class='ez-toc-page-1 ez-toc-heading-level-3'><a class=\"ez-toc-link ez-toc-heading-23\" href=\"https:\/\/loudavymkrokem.cz\/hu\/bulgaria-strandok-legszebb\/#17_Napospart\" >17. Napospart<\/a><\/li><li class='ez-toc-page-1 ez-toc-heading-level-3'><a class=\"ez-toc-link ez-toc-heading-24\" href=\"https:\/\/loudavymkrokem.cz\/hu\/bulgaria-strandok-legszebb\/#18_Neszebar-del\" >18. Neszebar-d\u00e9l<\/a><\/li><li class='ez-toc-page-1 ez-toc-heading-level-3'><a class=\"ez-toc-link ez-toc-heading-25\" href=\"https:\/\/loudavymkrokem.cz\/hu\/bulgaria-strandok-legszebb\/#19_Szozopol\" >19. Szozopol<\/a><\/li><li class='ez-toc-page-1 ez-toc-heading-level-3'><a class=\"ez-toc-link ez-toc-heading-26\" href=\"https:\/\/loudavymkrokem.cz\/hu\/bulgaria-strandok-legszebb\/#20_Primorszko_es_Kiten\" >20. Primorszko \u00e9s Kiten<\/a><\/li><\/ul><\/li><li class='ez-toc-page-1 ez-toc-heading-level-2'><a class=\"ez-toc-link ez-toc-heading-27\" href=\"https:\/\/loudavymkrokem.cz\/hu\/bulgaria-strandok-legszebb\/#A_legjobb_strandok_kisgyerekes_csaladoknak\" >A legjobb strandok kisgyerekes csal\u00e1doknak<\/a><\/li><li class='ez-toc-page-1 ez-toc-heading-level-2'><a class=\"ez-toc-link ez-toc-heading-28\" href=\"https:\/\/loudavymkrokem.cz\/hu\/bulgaria-strandok-legszebb\/#Biztonsag_aramlatok_hullamok_es_vizimentok\" >Biztons\u00e1g: \u00e1ramlatok, hull\u00e1mok \u00e9s v\u00edziment\u0151k<\/a><\/li><li class='ez-toc-page-1 ez-toc-heading-level-2'><a class=\"ez-toc-link ez-toc-heading-29\" href=\"https:\/\/loudavymkrokem.cz\/hu\/bulgaria-strandok-legszebb\/#Kempingezes_es_lakoautok_mi_valtozott_2026-ban\" >Kempingez\u00e9s \u00e9s lak\u00f3aut\u00f3k: mi v\u00e1ltozott 2026-ban<\/a><\/li><li class='ez-toc-page-1 ez-toc-heading-level-2'><a class=\"ez-toc-link ez-toc-heading-30\" href=\"https:\/\/loudavymkrokem.cz\/hu\/bulgaria-strandok-legszebb\/#Mikor_erdemes_a_bolgar_strandokra_menni\" >Mikor \u00e9rdemes a bolg\u00e1r strandokra menni<\/a><\/li><li class='ez-toc-page-1 ez-toc-heading-level-2'><a class=\"ez-toc-link ez-toc-heading-31\" href=\"https:\/\/loudavymkrokem.cz\/hu\/bulgaria-strandok-legszebb\/#Hova_tovabb\" >Hov\u00e1 tov\u00e1bb<\/a><\/li><li class='ez-toc-page-1 ez-toc-heading-level-2'><a class=\"ez-toc-link ez-toc-heading-32\" href=\"https:\/\/loudavymkrokem.cz\/hu\/bulgaria-strandok-legszebb\/#Gyakran_ismetelt_kerdesek\" >Gyakran ism\u00e9telt k\u00e9rd\u00e9sek<\/a><ul class='ez-toc-list-level-3' ><li class='ez-toc-heading-level-3'><a class=\"ez-toc-link ez-toc-heading-33\" href=\"https:\/\/loudavymkrokem.cz\/hu\/bulgaria-strandok-legszebb\/#Melyek_a_legszebb_strandok\" >Melyek a legszebb strandok?<\/a><\/li><li class='ez-toc-page-1 ez-toc-heading-level-3'><a class=\"ez-toc-link ez-toc-heading-34\" href=\"https:\/\/loudavymkrokem.cz\/hu\/bulgaria-strandok-legszebb\/#Mennyibe_kerul_egy_napagy\" >Mennyibe ker\u00fcl egy nap\u00e1gy?<\/a><\/li><li class='ez-toc-page-1 ez-toc-heading-level-3'><a class=\"ez-toc-link ez-toc-heading-35\" href=\"https:\/\/loudavymkrokem.cz\/hu\/bulgaria-strandok-legszebb\/#Fizetnem_kell_a_strandert\" >Fizetnem kell a strand\u00e9rt?<\/a><\/li><li class='ez-toc-page-1 ez-toc-heading-level-3'><a class=\"ez-toc-link ez-toc-heading-36\" href=\"https:\/\/loudavymkrokem.cz\/hu\/bulgaria-strandok-legszebb\/#Hova_menjek_kisgyerekkel\" >Hova menjek kisgyerekkel?<\/a><\/li><li class='ez-toc-page-1 ez-toc-heading-level-3'><a class=\"ez-toc-link ez-toc-heading-37\" href=\"https:\/\/loudavymkrokem.cz\/hu\/bulgaria-strandok-legszebb\/#Melyek_a_veszelyes_strandok\" >Melyek a vesz\u00e9lyes strandok?<\/a><\/li><li class='ez-toc-page-1 ez-toc-heading-level-3'><a class=\"ez-toc-link ez-toc-heading-38\" href=\"https:\/\/loudavymkrokem.cz\/hu\/bulgaria-strandok-legszebb\/#Vannak_nudista_strandok_Bulgariaban\" >Vannak nudista strandok Bulg\u00e1ri\u00e1ban?<\/a><\/li><li class='ez-toc-page-1 ez-toc-heading-level-3'><a class=\"ez-toc-link ez-toc-heading-39\" href=\"https:\/\/loudavymkrokem.cz\/hu\/bulgaria-strandok-legszebb\/#Lehet_ott_vadkempingezni\" >Lehet ott vadkempingezni?<\/a><\/li><li class='ez-toc-page-1 ez-toc-heading-level-3'><a class=\"ez-toc-link ez-toc-heading-40\" href=\"https:\/\/loudavymkrokem.cz\/hu\/bulgaria-strandok-legszebb\/#Mikor_a_legmelegebb_a_tenger\" >Mikor a legmelegebb a tenger?<\/a><\/li><li class='ez-toc-page-1 ez-toc-heading-level-3'><a class=\"ez-toc-link ez-toc-heading-41\" href=\"https:\/\/loudavymkrokem.cz\/hu\/bulgaria-strandok-legszebb\/#Vannak_meduzak_a_tengerben\" >Vannak med\u00faz\u00e1k a tengerben?<\/a><\/li><li class='ez-toc-page-1 ez-toc-heading-level-3'><a class=\"ez-toc-link ez-toc-heading-42\" href=\"https:\/\/loudavymkrokem.cz\/hu\/bulgaria-strandok-legszebb\/#Hogyan_jutok_el_a_vad_strandokra\" >Hogyan jutok el a vad strandokra?<\/a><\/li><\/ul><\/li><\/ul><\/nav><\/div>\n<h3 class=\"wp-block-heading\"><span class=\"ez-toc-section\" id=\"Osszefoglalas_azoknak_akiknek_nincs_idejuk_vegigolvasni_a_cikket\"><\/span>\u00d6sszefoglal\u00e1s azoknak, akiknek nincs idej\u00fck v\u00e9gigolvasni a cikket<span class=\"ez-toc-section-end\"><\/span><\/h3>\n\n\n\n<ul class=\"wp-block-list\">\n\n<li><strong>A szabad z\u00f3n\u00e1k szab\u00e1lya:<\/strong> T\u00f6rv\u00e9ny szerint a strand legal\u00e1bb 50%-\u00e1nak szabadon kell maradnia, \u00edgy saj\u00e1t pl\u00e9deddel ingyen lefekhetsz ak\u00e1r a legdr\u00e1g\u00e1bb \u00f6tcsillagos hotel el\u00e9 is.<\/li>\n\n\n\n<li><strong>Nap\u00e1gyak \u00e1rai:<\/strong> \u00d3ri\u00e1siak a k\u00fcl\u00f6nbs\u00e9gek. M\u00edg a Burgasz-\u00e9szak strandon mind\u00f6ssze 0,60 eur\u00f3t (kb. 210 Ft) fizetsz, addig az Aranyhomokon egy darab ak\u00e1r 5\u20136 eur\u00f3 (ak\u00e1r 2160 Ft).<\/li>\n\n\n\n<li><strong>\u00c9szak \u00e9s d\u00e9l:<\/strong> Az \u00e9szaki tengerpart szervezett \u00fcd\u00fcl\u0151helyeket \u00e9s a sz\u00e9lein sek\u00e9ly vizet k\u00edn\u00e1l, m\u00edg a d\u00e9len, Burgasz m\u00f6g\u00f6tt vadon, v\u00e9dett d\u0171n\u00e9k \u00e9s j\u00f3val meredekebb v\u00edzbe l\u00e9p\u00e9s rejt\u0151zik.<\/li>\n\n\n\n<li><strong>K\u00e9k z\u00e1szl\u00f3s rekord:<\/strong> 2026-ban Bulg\u00e1ria a t\u00f6rt\u00e9nelme sor\u00e1n a legt\u00f6bb tisztas\u00e1gi elismer\u00e9st kapta, \u00e9s z\u00e1szlaja van n\u00e9h\u00e1ny vad, nagy hotelek n\u00e9lk\u00fcli strandnak is.<\/li>\n\n\n\n<li><strong>A legsek\u00e9lyebb v\u00edz a gyerekeknek:<\/strong> Egy\u00e9rtelm\u0171 gy\u0151ztes Albena, ahol a v\u00edz m\u00e9lys\u00e9ge m\u00e9g 150 m\u00e9terre a partt\u00f3l sem haladja meg az 1,6 m\u00e9tert.<\/li>\n\n\n\n<li><strong>V\u00edziment\u0151k \u00e9s biztons\u00e1g:<\/strong> A hivatalos szezon csak szeptember v\u00e9g\u00e9ig tart, a v\u00edziment\u0151k \u00e1ltal\u00e1ban csak 18:00-ig \u00fcgyelnek, a d\u00e9li parton r\u00e1ad\u00e1sul figyelned kell a visszah\u00faz\u00f3 \u00e1ramlatokra.<\/li>\n\n\n<\/ul>\n\n\n\n<figure class=\"wp-block-table\"><table><thead><tr><th>Strand<\/th><th>Hol tal\u00e1lhat\u00f3<\/th><th>Strand t\u00edpusa<\/th><th>Kinek val\u00f3<\/th><\/tr><\/thead><tbody><tr><td>:&#8212;<\/td><td>:&#8212;<\/td><td>:&#8212;<\/td><td>:&#8212;<\/td><\/tr><tr><td>1. Szilisztar<\/td><td>D\u00e9l, a t\u00f6r\u00f6k hat\u00e1rn\u00e1l<\/td><td>Vad, term\u00e9szetes<\/td><td>Term\u00e9szetkedvel\u0151k, p\u00e1rok<\/td><\/tr><tr><td>2. Veleka<\/td><td>Szinemorec<\/td><td>Vad, foly\u00f3torkolat<\/td><td>Romantikusok, sz\u00f6rf\u00f6s\u00f6k<\/td><\/tr><tr><td>3. Butamjata<\/td><td>Szinemorec<\/td><td>Szervezett<\/td><td>Nagyobb gyerekes csal\u00e1dok<\/td><\/tr><tr><td>4. Arkutino<\/td><td>Ropotamo rezerv\u00e1tum<\/td><td>Term\u00e9szetes, d\u0171n\u00e9kkel<\/td><td>Nyugalmat keres\u0151k<\/td><\/tr><tr><td>5. Koral<\/td><td>Lozenec \u00e9s Ahtopol k\u00f6z\u00f6tt<\/td><td>Term\u00e9szetes, kite-spot<\/td><td>Kitesurf\u00f6s\u00f6k, kempingez\u0151k<\/td><\/tr><tr><td>6. Alepu<\/td><td>Szozopolt\u00f3l d\u00e9lre<\/td><td>Vad, nem hivatalos nudista<\/td><td>Naturist\u00e1k, mag\u00e1nyra v\u00e1gy\u00f3k<\/td><\/tr><tr><td>7. Kasztrics \u00e9s Rezovo<\/td><td>A legd\u00e9lebbi r\u00e9sz<\/td><td>F\u00e9lrees\u0151, szikl\u00e1s<\/td><td>Tapasztalt \u00fasz\u00f3k, snorkelez\u0151k<\/td><\/tr><tr><td>8. Bolata<\/td><td>Kaliakra-fok (\u00e9szak)<\/td><td>\u00d6b\u00f6l rezerv\u00e1tumban<\/td><td>Snorkelez\u0151k, fot\u00f3sok<\/td><\/tr><tr><td>9. Feh\u00e9r lag\u00fana<\/td><td>Topola<\/td><td>Szervezett<\/td><td>Gyerekes csal\u00e1dok<\/td><\/tr><tr><td>10. Krapec \u00e9s Durankulak<\/td><td>\u00c9szak, a rom\u00e1n hat\u00e1rn\u00e1l<\/td><td>Hossz\u00fa, term\u00e9szetes<\/td><td>Mag\u00e1ny kedvel\u0151i<\/td><\/tr><tr><td>11. Skorpilovci \u00e9s Kamcsija<\/td><td>V\u00e1rn\u00e1t\u00f3l d\u00e9lre<\/td><td>Az orsz\u00e1g leghosszabbja, vad<\/td><td>Ig\u00e9nytelen utaz\u00f3k<\/td><\/tr><tr><td>12. Pasa dere<\/td><td>V\u00e1rn\u00e1t\u00f3l egy ugr\u00e1sra<\/td><td>Vad, rossz megk\u00f6zel\u00edt\u00e9s<\/td><td>Terepj\u00e1r\u00f3s kalandorok<\/td><\/tr><tr><td>13. Karadere<\/td><td>Bjala \u00e9s Obzor k\u00f6z\u00f6tt<\/td><td>Vadon, h\u00e1tt\u00e9r n\u00e9lk\u00fcl<\/td><td>H\u00e1tizs\u00e1kosok (lak\u00f3kocsi n\u00e9lk\u00fcl!)<\/td><\/tr><tr><td>14. Albena<\/td><td>V\u00e1rn\u00e1t\u00f3l \u00e9szakra<\/td><td>\u00dcd\u00fcl\u0151, sz\u00e9les<\/td><td>Kisgyerekes csal\u00e1dok<\/td><\/tr><tr><td>15. Kranevo<\/td><td>Albena mellett<\/td><td>\u00dcd\u00fcl\u0151, nyugodtabb<\/td><td>Olcs\u00f3bb megold\u00e1st keres\u0151k<\/td><\/tr><tr><td>16. Aranyhomok<\/td><td>V\u00e1rn\u00e1t\u00f3l \u00e9szakra<\/td><td>Ny\u00fczsg\u0151, \u00fcd\u00fcl\u0151<\/td><td>Fiatalok, sz\u00f3rakoz\u00e1s kedvel\u0151i<\/td><\/tr><tr><td>17. Napospart<\/td><td>K\u00f6zponti r\u00e9sz<\/td><td>A legny\u00fczsg\u0151bb \u00fcd\u00fcl\u0151<\/td><td>\u00c9jszakai \u00e9let kedvel\u0151i<\/td><\/tr><tr><td>18. Neszebar-d\u00e9l<\/td><td>A t\u00f6rt\u00e9nelmi v\u00e1rosn\u00e1l<\/td><td>V\u00e1rosi, szervezett<\/td><td>M\u0171eml\u00e9kek kedvel\u0151i<\/td><\/tr><tr><td>19. Szozopol<\/td><td>D\u00e9li r\u00e9sz<\/td><td>V\u00e1rosi \u00e9s buliz\u00f3s<\/td><td>Bar\u00e1ti t\u00e1rsas\u00e1gok<\/td><\/tr><tr><td>20. Primorszko \u00e9s Kiten<\/td><td>D\u00e9li r\u00e9sz<\/td><td>Sek\u00e9ly, hagyom\u00e1nyos<\/td><td>Csal\u00e1dok, magyar k\u00f6z\u00f6ns\u00e9g<\/td><\/tr><\/tbody><\/table><\/figure>\n\n\n\n<figure data-wp-context=\"{&quot;imageId&quot;:&quot;6a9c335a02b26&quot;}\" data-wp-interactive=\"core\/image\" data-wp-key=\"6a9c335a02b26\" class=\"wp-block-image size-full wp-lightbox-container\"><img decoding=\"async\" width=\"1800\" height=\"1204\" data-wp-class--hide=\"state.isContentHidden\" data-wp-class--show=\"state.isContentVisible\" data-wp-init=\"callbacks.setButtonStyles\" data-wp-on--click=\"actions.showLightbox\" data-wp-on--load=\"callbacks.setButtonStyles\" data-wp-on--pointerdown=\"actions.preloadImage\" data-wp-on--pointerenter=\"actions.preloadImageWithDelay\" data-wp-on--pointerleave=\"actions.cancelPreload\" data-wp-on-window--resize=\"callbacks.setButtonStyles\" src=\"https:\/\/loudavymkrokem.cz\/wp-content\/uploads\/2026\/08\/bulharsko-research-plaze-bulharsko-02.jpg\" alt=\"Fizet\u0151s z\u00f3na nap\u00e1gyakkal \u00e9s naperny\u0151kkel\" class=\"wp-image-404185\" title=\"\" srcset=\"https:\/\/loudavymkrokem.cz\/wp-content\/uploads\/2026\/08\/bulharsko-research-plaze-bulharsko-02.jpg 1800w, https:\/\/loudavymkrokem.cz\/wp-content\/uploads\/2026\/08\/bulharsko-research-plaze-bulharsko-02-300x201.jpg 300w, https:\/\/loudavymkrokem.cz\/wp-content\/uploads\/2026\/08\/bulharsko-research-plaze-bulharsko-02-700x468.jpg 700w, https:\/\/loudavymkrokem.cz\/wp-content\/uploads\/2026\/08\/bulharsko-research-plaze-bulharsko-02-768x514.jpg 768w, https:\/\/loudavymkrokem.cz\/wp-content\/uploads\/2026\/08\/bulharsko-research-plaze-bulharsko-02-1536x1027.jpg 1536w, https:\/\/loudavymkrokem.cz\/wp-content\/uploads\/2026\/08\/bulharsko-research-plaze-bulharsko-02-696x466.jpg 696w, https:\/\/loudavymkrokem.cz\/wp-content\/uploads\/2026\/08\/bulharsko-research-plaze-bulharsko-02-1392x931.jpg 1392w\" sizes=\"(max-width: 1800px) 100vw, 1800px\" \/><button\n\t\t\tclass=\"lightbox-trigger\"\n\t\t\ttype=\"button\"\n\t\t\taria-haspopup=\"dialog\"\n\t\t\tdata-wp-bind--aria-label=\"state.thisImage.triggerButtonAriaLabel\"\n\t\t\tdata-wp-init=\"callbacks.initTriggerButton\"\n\t\t\tdata-wp-on--click=\"actions.showLightbox\"\n\t\t\tdata-wp-style--right=\"state.thisImage.buttonRight\"\n\t\t\tdata-wp-style--top=\"state.thisImage.buttonTop\"\n\t\t>\n\t\t\t<svg xmlns=\"http:\/\/www.w3.org\/2000\/svg\" width=\"12\" height=\"12\" fill=\"none\" viewBox=\"0 0 12 12\">\n\t\t\t\t<path fill=\"#fff\" d=\"M2 0a2 2 0 0 0-2 2v2h1.5V2a.5.5 0 0 1 .5-.5h2V0H2Zm2 10.5H2a.5.5 0 0 1-.5-.5V8H0v2a2 2 0 0 0 2 2h2v-1.5ZM8 12v-1.5h2a.5.5 0 0 0 .5-.5V8H12v2a2 2 0 0 1-2 2H8Zm2-12a2 2 0 0 1 2 2v2h-1.5V2a.5.5 0 0 0-.5-.5H8V0h2Z\" \/>\n\t\t\t<\/svg>\n\t\t<\/button><figcaption class=\"wp-element-caption\">Foto: Ay\u015feg\u00fcl  Ayt\u00f6ren \/ Pexels<\/figcaption><\/figure>\n\n\n\n<h2 class=\"wp-block-heading\"><span class=\"ez-toc-section\" id=\"Hogyan_mukodnek_a_bolgar_strandok_fizetos_es_szabad_zonak\"><\/span>Hogyan m\u0171k\u00f6dnek a bolg\u00e1r strandok: fizet\u0151s \u00e9s szabad z\u00f3n\u00e1k<span class=\"ez-toc-section-end\"><\/span><\/h2>\n\n\n\n<p class=\"wp-block-paragraph\">Ha att\u00f3l tartasz, hogy a Fekete-tengeri nyaral\u00e1sod cs\u0151dbe visz a strandszolg\u00e1ltat\u00e1sok d\u00edjai miatt, megnyugodhatsz. A bolg\u00e1r t\u00f6rv\u00e9nyek szigor\u00faan el\u0151\u00edrj\u00e1k, hogy <strong>minden strand akt\u00edv fel\u00fclet\u00e9nek legal\u00e1bb 50%-a szabad z\u00f3na kell maradjon<\/strong>. A gyakorlatban ez azt jelenti, hogy a nap\u00e1gyas fizet\u0151s szakaszok szab\u00e1lyos id\u0151k\u00f6z\u00f6nk\u00e9nt v\u00e1ltakoznak az \u00fcres homokkal.<\/p>\n\n\n\n<p class=\"wp-block-paragraph\">Ennek a szab\u00e1lynak k\u00f6sz\u00f6nhet\u0151en <strong>saj\u00e1t pl\u00e9deddel \u00e9s naperny\u0151ddel teljesen ingyen lefekhetsz<\/strong> b\u00e1rhov\u00e1 a szabad z\u00f3n\u00e1ban. \u00c9s ez akkor is igaz, ha \u00e9ppen a Napospart legeleg\u00e1nsabb \u00f6tcsillagos hotelje el\u0151tt vagy. Senki sem k\u00fcldhet el onnan, ha tiszteletben tartod a fizet\u0151s szektor hat\u00e1rait.<\/p>\n\n\n\n<p class=\"wp-block-paragraph\">Ami magukat a b\u00e9rl\u00e9si \u00e1rakat illeti 2026-ban, a k\u00fcl\u00f6nbs\u00e9gek a tengerparton szakad\u00e9knyiak. A <a href=\"https:\/\/www.tourism.government.bg\/\" rel=\"nofollow noopener\" target=\"_blank\">turisztikai miniszt\u00e9rium hivatalos t\u00e9rk\u00e9pe<\/a> szerint <strong>a legkevesebbet a Burgasz-\u00e9szak strandon fizetsz, ahol egy darab csak 0,60 eur\u00f3<\/strong> (kb. 210 Ft). Ezzel szemben a h\u00edres Aranyhomokon k\u00e9sz\u00fclj fel 5\u20136 eur\u00f3ra (ak\u00e1r 2160 Ft) naponta egy nap\u00e1gy\u00e9rt vagy naperny\u0151\u00e9rt.<\/p>\n\n\n\n<p class=\"wp-block-paragraph\">A k\u00f6zepes \u00e1rkateg\u00f3ri\u00e1ban van p\u00e9ld\u00e1ul Neszebar-d\u00e9l vagy Szozopol-Harmani, ahol egy darab 4,09 eur\u00f3 (kb. 1470 Ft). K\u00e9t nap\u00e1gy \u00e9s egy naperny\u0151 szok\u00e1sos szettje a legt\u00f6bb helyen <strong>10\u201315 eur\u00f3ba ker\u00fcl naponta<\/strong> (kb. 3600\u20135400 Ft). \u00c9szak-G\u00f6r\u00f6gorsz\u00e1ghoz k\u00e9pest, ahol a szettek gyakran 20\u201350 eur\u00f3ba ker\u00fclnek, \u00e9s k\u00f6telez\u0151 fogyaszt\u00e1s j\u00e1r vel\u00fck, ez m\u00e9g mindig nagyon kedvez\u0151 \u00f6sszeg.<\/p>\n\n\n\n<figure class=\"wp-block-table\"><table><thead><tr><th>Strand<\/th><th>Nap\u00e1gy vagy naperny\u0151 (db)<\/th><th>Szett (naperny\u0151 + 2 nap\u00e1gy)<\/th><\/tr><\/thead><tbody><tr><td>Aranyhomok<\/td><td>5\u20136 \u20ac<\/td><td>\u2014<\/td><\/tr><tr><td>Napospart-d\u00e9l<\/td><td>5,11 \u20ac (szerz\u0151d\u00e9sben r\u00f6gz\u00edtve)<\/td><td>15,30 \u20ac<\/td><\/tr><tr><td>Neszebar-d\u00e9l, Szozopol-Harmani<\/td><td>4,09 \u20ac<\/td><td>12,27 \u20ac<\/td><\/tr><tr><td>Primorszko<\/td><td>3,60 \u20ac<\/td><td>\u2014<\/td><\/tr><tr><td>Albena, Szozopol-k\u00f6zpont, V\u00e1rna<\/td><td>3,58 \u20ac<\/td><td>\u2014<\/td><\/tr><tr><td>Burgasz-\u00e9szak<\/td><td>0,60 \u20ac (a legolcs\u00f3bb az orsz\u00e1gban)<\/td><td>\u2014<\/td><\/tr><\/tbody><\/table><\/figure>\n\n\n\n<p class=\"wp-block-paragraph\"><em>A strandszolg\u00e1ltat\u00e1sok \u00e1rai a 2026-os szezonra a turisztikai miniszt\u00e9rium hivatalos t\u00e9rk\u00e9pe szerint.<\/em><\/p>\n\n\n\n\n<figure data-wp-context=\"{&quot;imageId&quot;:&quot;6a9c335a0327b&quot;}\" data-wp-interactive=\"core\/image\" data-wp-key=\"6a9c335a0327b\" class=\"wp-block-image size-full wp-lightbox-container\"><img decoding=\"async\" width=\"1800\" height=\"1350\" data-wp-class--hide=\"state.isContentHidden\" data-wp-class--show=\"state.isContentVisible\" data-wp-init=\"callbacks.setButtonStyles\" data-wp-on--click=\"actions.showLightbox\" data-wp-on--load=\"callbacks.setButtonStyles\" data-wp-on--pointerdown=\"actions.preloadImage\" data-wp-on--pointerenter=\"actions.preloadImageWithDelay\" data-wp-on--pointerleave=\"actions.cancelPreload\" data-wp-on-window--resize=\"callbacks.setButtonStyles\" src=\"https:\/\/loudavymkrokem.cz\/wp-content\/uploads\/2026\/08\/bulharsko-research-plaze-bulharsko-03.jpg\" alt=\"K\u00e9k z\u00e1szl\u00f3s strand Neszebar k\u00f6zel\u00e9ben\" class=\"wp-image-404186\" title=\"\" srcset=\"https:\/\/loudavymkrokem.cz\/wp-content\/uploads\/2026\/08\/bulharsko-research-plaze-bulharsko-03.jpg 1800w, https:\/\/loudavymkrokem.cz\/wp-content\/uploads\/2026\/08\/bulharsko-research-plaze-bulharsko-03-300x225.jpg 300w, https:\/\/loudavymkrokem.cz\/wp-content\/uploads\/2026\/08\/bulharsko-research-plaze-bulharsko-03-700x525.jpg 700w, https:\/\/loudavymkrokem.cz\/wp-content\/uploads\/2026\/08\/bulharsko-research-plaze-bulharsko-03-768x576.jpg 768w, https:\/\/loudavymkrokem.cz\/wp-content\/uploads\/2026\/08\/bulharsko-research-plaze-bulharsko-03-1536x1152.jpg 1536w, https:\/\/loudavymkrokem.cz\/wp-content\/uploads\/2026\/08\/bulharsko-research-plaze-bulharsko-03-80x60.jpg 80w, https:\/\/loudavymkrokem.cz\/wp-content\/uploads\/2026\/08\/bulharsko-research-plaze-bulharsko-03-160x120.jpg 160w, https:\/\/loudavymkrokem.cz\/wp-content\/uploads\/2026\/08\/bulharsko-research-plaze-bulharsko-03-696x522.jpg 696w, https:\/\/loudavymkrokem.cz\/wp-content\/uploads\/2026\/08\/bulharsko-research-plaze-bulharsko-03-1392x1044.jpg 1392w\" sizes=\"(max-width: 1800px) 100vw, 1800px\" \/><button\n\t\t\tclass=\"lightbox-trigger\"\n\t\t\ttype=\"button\"\n\t\t\taria-haspopup=\"dialog\"\n\t\t\tdata-wp-bind--aria-label=\"state.thisImage.triggerButtonAriaLabel\"\n\t\t\tdata-wp-init=\"callbacks.initTriggerButton\"\n\t\t\tdata-wp-on--click=\"actions.showLightbox\"\n\t\t\tdata-wp-style--right=\"state.thisImage.buttonRight\"\n\t\t\tdata-wp-style--top=\"state.thisImage.buttonTop\"\n\t\t>\n\t\t\t<svg xmlns=\"http:\/\/www.w3.org\/2000\/svg\" width=\"12\" height=\"12\" fill=\"none\" viewBox=\"0 0 12 12\">\n\t\t\t\t<path fill=\"#fff\" d=\"M2 0a2 2 0 0 0-2 2v2h1.5V2a.5.5 0 0 1 .5-.5h2V0H2Zm2 10.5H2a.5.5 0 0 1-.5-.5V8H0v2a2 2 0 0 0 2 2h2v-1.5ZM8 12v-1.5h2a.5.5 0 0 0 .5-.5V8H12v2a2 2 0 0 1-2 2H8Zm2-12a2 2 0 0 1 2 2v2h-1.5V2a.5.5 0 0 0-.5-.5H8V0h2Z\" \/>\n\t\t\t<\/svg>\n\t\t<\/button><figcaption class=\"wp-element-caption\">Foto: \u041c\u0438\u0445\u0430\u043b \u041e\u0440\u0435\u043b\u0430 \/ Wikimedia Commons, CC BY 3.0<\/figcaption><\/figure>\n\n\n\n<h2 class=\"wp-block-heading\"><span class=\"ez-toc-section\" id=\"Rekordot_jelento_26_kek_zaszlo\"><\/span>Rekordot jelent\u0151 26 k\u00e9k z\u00e1szl\u00f3<span class=\"ez-toc-section-end\"><\/span><\/h2>\n\n\n\n<p class=\"wp-block-paragraph\">A 2026-os \u00e9v remek h\u00edrt hozott a bolg\u00e1r tengerpartnak mindazok sz\u00e1m\u00e1ra, akik f\u00e9lnek megb\u00edzhatatlan v\u00edzben \u00faszni. Az orsz\u00e1g a <strong>t\u00f6rt\u00e9nelme sor\u00e1n a legt\u00f6bb <a href=\"https:\/\/www.blueflag.global\/\" rel=\"nofollow noopener\" target=\"_blank\">K\u00e9k z\u00e1szl\u00f3t<\/a><\/strong> nyerte el, pontosan 26-ot a strandoknak \u00e9s tov\u00e1bbi 6-ot a kik\u00f6t\u0151knek. Az elismer\u00e9seket tavasszal Koppenh\u00e1g\u00e1ban hirdett\u00e9k ki, \u00e9s meger\u0151s\u00edtik, hogy a Fekete-tenger v\u00edzmin\u0151s\u00e9ge az EU monitoringja szerint a legt\u00f6bb helyen kiv\u00e1l\u00f3.<\/p>\n\n\n\n<p class=\"wp-block-paragraph\">\u00c9rdekess\u00e9g, hogy ez a rangos elismer\u00e9s nemcsak a nagy kereskedelmi \u00fcd\u00fcl\u0151helyeknek j\u00e1r. Megkapt\u00e1k a <strong>gy\u00f6ny\u00f6r\u0171 term\u00e9szetes helysz\u00ednek is, mint Arkutino vagy Butamjata<\/strong>, amelyek meg\u0151rizt\u00e9k vad jelleg\u00fcket. Ez tulajdonk\u00e9ppen j\u00f3 h\u00edr, mert a j\u00f3 f\u00fcrd\u00e9s \u00e9s a term\u00e9szet megk\u00edm\u00e9l\u00e9se kilom\u00e9ternyi beton n\u00e9lk\u00fcl is j\u00f3l megf\u00e9r egym\u00e1ssal.<\/p>\n\n\n\n<p class=\"wp-block-paragraph\">M\u00e1sr\u00e9szr\u0151l, ha az elismertek list\u00e1j\u00e1n nem tal\u00e1lod a h\u00edres vad strandokat, mint Irakli vagy Karadere, az nem jelent rossz v\u00edzmin\u0151s\u00e9get. A K\u00e9k z\u00e1szl\u00f3 ugyanis <strong>szigor\u00fa h\u00e1tt\u00e9r-standardokat k\u00f6vetel meg<\/strong>, mint a WC-k, a v\u00edziment\u0151k vagy az akad\u00e1lymentes megk\u00f6zel\u00edt\u00e9s. Ezek a civiliz\u00e1ci\u00f3s v\u00edvm\u00e1nyok pedig a legvadabb helyeken sz\u00e1nd\u00e9kosan hi\u00e1nyoznak.<\/p>\n\n\n\n<figure data-wp-context=\"{&quot;imageId&quot;:&quot;6a9c335a03899&quot;}\" data-wp-interactive=\"core\/image\" data-wp-key=\"6a9c335a03899\" class=\"wp-block-image size-full wp-lightbox-container\"><img decoding=\"async\" width=\"1800\" height=\"1248\" data-wp-class--hide=\"state.isContentHidden\" data-wp-class--show=\"state.isContentVisible\" data-wp-init=\"callbacks.setButtonStyles\" data-wp-on--click=\"actions.showLightbox\" data-wp-on--load=\"callbacks.setButtonStyles\" data-wp-on--pointerdown=\"actions.preloadImage\" data-wp-on--pointerenter=\"actions.preloadImageWithDelay\" data-wp-on--pointerleave=\"actions.cancelPreload\" data-wp-on-window--resize=\"callbacks.setButtonStyles\" src=\"https:\/\/loudavymkrokem.cz\/wp-content\/uploads\/2026\/08\/bulharsko-research-plaze-bulharsko-04.jpg\" alt=\"Vad strand a Ropotamo rezerv\u00e1tumban\" class=\"wp-image-404189\" title=\"\" srcset=\"https:\/\/loudavymkrokem.cz\/wp-content\/uploads\/2026\/08\/bulharsko-research-plaze-bulharsko-04.jpg 1800w, https:\/\/loudavymkrokem.cz\/wp-content\/uploads\/2026\/08\/bulharsko-research-plaze-bulharsko-04-300x208.jpg 300w, https:\/\/loudavymkrokem.cz\/wp-content\/uploads\/2026\/08\/bulharsko-research-plaze-bulharsko-04-700x485.jpg 700w, https:\/\/loudavymkrokem.cz\/wp-content\/uploads\/2026\/08\/bulharsko-research-plaze-bulharsko-04-768x532.jpg 768w, https:\/\/loudavymkrokem.cz\/wp-content\/uploads\/2026\/08\/bulharsko-research-plaze-bulharsko-04-1536x1065.jpg 1536w, https:\/\/loudavymkrokem.cz\/wp-content\/uploads\/2026\/08\/bulharsko-research-plaze-bulharsko-04-696x483.jpg 696w, https:\/\/loudavymkrokem.cz\/wp-content\/uploads\/2026\/08\/bulharsko-research-plaze-bulharsko-04-1392x965.jpg 1392w\" sizes=\"(max-width: 1800px) 100vw, 1800px\" \/><button\n\t\t\tclass=\"lightbox-trigger\"\n\t\t\ttype=\"button\"\n\t\t\taria-haspopup=\"dialog\"\n\t\t\tdata-wp-bind--aria-label=\"state.thisImage.triggerButtonAriaLabel\"\n\t\t\tdata-wp-init=\"callbacks.initTriggerButton\"\n\t\t\tdata-wp-on--click=\"actions.showLightbox\"\n\t\t\tdata-wp-style--right=\"state.thisImage.buttonRight\"\n\t\t\tdata-wp-style--top=\"state.thisImage.buttonTop\"\n\t\t>\n\t\t\t<svg xmlns=\"http:\/\/www.w3.org\/2000\/svg\" width=\"12\" height=\"12\" fill=\"none\" viewBox=\"0 0 12 12\">\n\t\t\t\t<path fill=\"#fff\" d=\"M2 0a2 2 0 0 0-2 2v2h1.5V2a.5.5 0 0 1 .5-.5h2V0H2Zm2 10.5H2a.5.5 0 0 1-.5-.5V8H0v2a2 2 0 0 0 2 2h2v-1.5ZM8 12v-1.5h2a.5.5 0 0 0 .5-.5V8H12v2a2 2 0 0 1-2 2H8Zm2-12a2 2 0 0 1 2 2v2h-1.5V2a.5.5 0 0 0-.5-.5H8V0h2Z\" \/>\n\t\t\t<\/svg>\n\t\t<\/button><figcaption class=\"wp-element-caption\">Foto: Sinkuchi \/ Wikimedia Commons (CC BY-SA 4.0)<\/figcaption><\/figure>\n\n\n\n<h2 class=\"wp-block-heading\"><span class=\"ez-toc-section\" id=\"A_vad_del_strandok_ahova_maguk_a_bolgarok_jarnak\"><\/span>A vad d\u00e9l: strandok, ahov\u00e1 maguk a bolg\u00e1rok j\u00e1rnak<span class=\"ez-toc-section-end\"><\/span><\/h2>\n\n\n\n<p class=\"wp-block-paragraph\">Ha eleged lett a naperny\u0151k sor\u00e1b\u00f3l \u00e9s a diszk\u00f3k d\u00fcb\u00f6rg\u00e9s\u00e9b\u0151l, a <strong>Burgasz m\u00f6g\u00f6tti d\u00e9li tengerpart<\/strong> pont neked val\u00f3. Itt <strong>gy\u00f6ny\u00f6r\u0171 vad \u00f6bl\u00f6ket<\/strong> tal\u00e1lsz, ahol a term\u00e9szet m\u00e9g nem esett a t\u00f6megturizmus \u00e1ldozat\u00e1ul. \u00c9ppen ez az az orsz\u00e1gr\u00e9sz, ahov\u00e1 h\u00e9tv\u00e9g\u00e9re maguk a helyiek t\u0171nnek el, hogy pihenjenek a krist\u00e1lytiszta v\u00edz mellett.<\/p>\n\n\n\n<p class=\"wp-block-paragraph\">Sz\u00e1m\u00edts azonban r\u00e1, hogy a romantik\u00e1\u00e9rt <strong>a luxus hi\u00e1ny\u00e1val fizetsz<\/strong>. Sok \u00f6b\u00f6lbe csak f\u00f6ld\u00fat vezet, nem tal\u00e1lsz v\u00edz\u00f6bl\u00edt\u00e9ses WC-t, \u00e9s az uzsonn\u00e1t is magaddal kell hoznod a h\u00e1tizs\u00e1kban. Cser\u00e9be viszont <strong>abszol\u00fat nyugalom<\/strong> \u00e9s olyan panor\u00e1ma v\u00e1r, amit egy\u00e1ltal\u00e1n nem k\u00f6tn\u00e9l a klasszikus Bulg\u00e1ri\u00e1hoz.<\/p>\n\n\n\n<figure data-wp-context=\"{&quot;imageId&quot;:&quot;6a9c335a03daf&quot;}\" data-wp-interactive=\"core\/image\" data-wp-key=\"6a9c335a03daf\" class=\"wp-block-image size-full wp-lightbox-container\"><img decoding=\"async\" width=\"1800\" height=\"1063\" data-wp-class--hide=\"state.isContentHidden\" data-wp-class--show=\"state.isContentVisible\" data-wp-init=\"callbacks.setButtonStyles\" data-wp-on--click=\"actions.showLightbox\" data-wp-on--load=\"callbacks.setButtonStyles\" data-wp-on--pointerdown=\"actions.preloadImage\" data-wp-on--pointerenter=\"actions.preloadImageWithDelay\" data-wp-on--pointerleave=\"actions.cancelPreload\" data-wp-on-window--resize=\"callbacks.setButtonStyles\" src=\"https:\/\/loudavymkrokem.cz\/wp-content\/uploads\/2026\/08\/bulharsko-research-plaze-bulharsko-05.jpg\" alt=\"Szilisztar strand a t\u00f6r\u00f6k hat\u00e1r k\u00f6zel\u00e9ben\" class=\"wp-image-404190\" title=\"\" srcset=\"https:\/\/loudavymkrokem.cz\/wp-content\/uploads\/2026\/08\/bulharsko-research-plaze-bulharsko-05.jpg 1800w, https:\/\/loudavymkrokem.cz\/wp-content\/uploads\/2026\/08\/bulharsko-research-plaze-bulharsko-05-300x177.jpg 300w, https:\/\/loudavymkrokem.cz\/wp-content\/uploads\/2026\/08\/bulharsko-research-plaze-bulharsko-05-700x413.jpg 700w, https:\/\/loudavymkrokem.cz\/wp-content\/uploads\/2026\/08\/bulharsko-research-plaze-bulharsko-05-768x454.jpg 768w, https:\/\/loudavymkrokem.cz\/wp-content\/uploads\/2026\/08\/bulharsko-research-plaze-bulharsko-05-1536x907.jpg 1536w, https:\/\/loudavymkrokem.cz\/wp-content\/uploads\/2026\/08\/bulharsko-research-plaze-bulharsko-05-696x411.jpg 696w, https:\/\/loudavymkrokem.cz\/wp-content\/uploads\/2026\/08\/bulharsko-research-plaze-bulharsko-05-1392x822.jpg 1392w\" sizes=\"(max-width: 1800px) 100vw, 1800px\" \/><button\n\t\t\tclass=\"lightbox-trigger\"\n\t\t\ttype=\"button\"\n\t\t\taria-haspopup=\"dialog\"\n\t\t\tdata-wp-bind--aria-label=\"state.thisImage.triggerButtonAriaLabel\"\n\t\t\tdata-wp-init=\"callbacks.initTriggerButton\"\n\t\t\tdata-wp-on--click=\"actions.showLightbox\"\n\t\t\tdata-wp-style--right=\"state.thisImage.buttonRight\"\n\t\t\tdata-wp-style--top=\"state.thisImage.buttonTop\"\n\t\t>\n\t\t\t<svg xmlns=\"http:\/\/www.w3.org\/2000\/svg\" width=\"12\" height=\"12\" fill=\"none\" viewBox=\"0 0 12 12\">\n\t\t\t\t<path fill=\"#fff\" d=\"M2 0a2 2 0 0 0-2 2v2h1.5V2a.5.5 0 0 1 .5-.5h2V0H2Zm2 10.5H2a.5.5 0 0 1-.5-.5V8H0v2a2 2 0 0 0 2 2h2v-1.5ZM8 12v-1.5h2a.5.5 0 0 0 .5-.5V8H12v2a2 2 0 0 1-2 2H8Zm2-12a2 2 0 0 1 2 2v2h-1.5V2a.5.5 0 0 0-.5-.5H8V0h2Z\" \/>\n\t\t\t<\/svg>\n\t\t<\/button><figcaption class=\"wp-element-caption\">Foto: Pudelek (Marcin Szala) \/ Wikimedia Commons, CC BY-SA 3.0<\/figcaption><\/figure>\n\n\n\n<h3 class=\"wp-block-heading\"><span class=\"ez-toc-section\" id=\"1_Szilisztar\"><\/span>1. Szilisztar<span class=\"ez-toc-section-end\"><\/span><\/h3>\n\n\n\n<p class=\"wp-block-paragraph\">A szilisztari \u00f6b\u00f6l csak egy ugr\u00e1sra fekszik a t\u00f6r\u00f6k hat\u00e1rt\u00f3l, \u00e9s a bolg\u00e1r sajt\u00f3 gyakran <strong>az eg\u00e9sz tengerpart legszebb term\u00e9szetes \u00f6bl\u00e9nek<\/strong> nevezi. A strand nagyj\u00e1b\u00f3l alig egy kilom\u00e9ter hossz\u00fa, k\u00f6r\u00fclbel\u00fcl 70 m\u00e9ter sz\u00e9les, \u00e9s egy\u00e1ltal\u00e1n nincs itt hotelbe\u00e9p\u00edt\u00e9s. Csup\u00e1n alapszint\u0171 b\u00fcf\u00e9k \u00e1llnak rendelkez\u00e9sre italokkal, valamint \u00f6ko-WC-k fent a parkol\u00f3n\u00e1l.<\/p>\n\n\n\n<p class=\"wp-block-paragraph\">Az idejut\u00e1s kisebb kaland, mert a Rezovo fel\u00e9 vezet\u0151 \u00fatr\u00f3l egy k\u00f6r\u00fclbel\u00fcl egy kilom\u00e9teres erdei \u00fatra kell let\u00e9rned. Az utaz\u00f3k szerint viszont <strong>hagyom\u00e1nyos szem\u00e9lyaut\u00f3val is j\u00e1rhat\u00f3<\/strong>. A parkol\u00e1s itt \u00e9vente lott\u00f3. M\u00edg 2025-ben a megk\u00f6zel\u00edt\u00e9s el\u0151sz\u00f6r teljesen ingyenes volt, id\u00e9nre a helyzet bizonytalan, ez\u00e9rt ink\u00e1bb sz\u00e1molj kb. 2 eur\u00f3s (kb. 720 Ft) d\u00edjjal.<\/p>\n\n\n\n<p class=\"wp-block-paragraph\">A strand k\u00e9t r\u00e9szre oszlik. Az \u00e9szaki \u00e9s k\u00f6z\u00e9ps\u0151 szakasz fizet\u0151s z\u00f3n\u00e1t k\u00edn\u00e1l naperny\u0151kkel, m\u00edg a <strong>t\u00e1gas szabad z\u00f3na a legd\u00e9lebbi v\u00e9g\u00e9n tal\u00e1lhat\u00f3<\/strong>. Ez egyben a legd\u00e9lebbi \u0151rz\u00f6tt strand Bulg\u00e1ri\u00e1ban. Ha ideindulsz, ne felejts saj\u00e1t naperny\u0151t hozni, mert term\u00e9szetes \u00e1rny\u00e9k napk\u00f6zben gyakorlatilag nincs.<\/p>\n\n\n\n<figure data-wp-context=\"{&quot;imageId&quot;:&quot;6a9c335a042fb&quot;}\" data-wp-interactive=\"core\/image\" data-wp-key=\"6a9c335a042fb\" class=\"wp-block-image size-full wp-lightbox-container\"><img decoding=\"async\" width=\"1800\" height=\"1207\" data-wp-class--hide=\"state.isContentHidden\" data-wp-class--show=\"state.isContentVisible\" data-wp-init=\"callbacks.setButtonStyles\" data-wp-on--click=\"actions.showLightbox\" data-wp-on--load=\"callbacks.setButtonStyles\" data-wp-on--pointerdown=\"actions.preloadImage\" data-wp-on--pointerenter=\"actions.preloadImageWithDelay\" data-wp-on--pointerleave=\"actions.cancelPreload\" data-wp-on-window--resize=\"callbacks.setButtonStyles\" src=\"https:\/\/loudavymkrokem.cz\/wp-content\/uploads\/2026\/08\/bulharsko-research-plaze-bulharsko-06.jpg\" alt=\"A Veleka foly\u00f3 torkolata Szinemorecn\u00e9l\" class=\"wp-image-404193\" title=\"\" srcset=\"https:\/\/loudavymkrokem.cz\/wp-content\/uploads\/2026\/08\/bulharsko-research-plaze-bulharsko-06.jpg 1800w, https:\/\/loudavymkrokem.cz\/wp-content\/uploads\/2026\/08\/bulharsko-research-plaze-bulharsko-06-300x201.jpg 300w, https:\/\/loudavymkrokem.cz\/wp-content\/uploads\/2026\/08\/bulharsko-research-plaze-bulharsko-06-700x469.jpg 700w, https:\/\/loudavymkrokem.cz\/wp-content\/uploads\/2026\/08\/bulharsko-research-plaze-bulharsko-06-768x515.jpg 768w, https:\/\/loudavymkrokem.cz\/wp-content\/uploads\/2026\/08\/bulharsko-research-plaze-bulharsko-06-1536x1030.jpg 1536w, https:\/\/loudavymkrokem.cz\/wp-content\/uploads\/2026\/08\/bulharsko-research-plaze-bulharsko-06-696x467.jpg 696w, https:\/\/loudavymkrokem.cz\/wp-content\/uploads\/2026\/08\/bulharsko-research-plaze-bulharsko-06-1392x933.jpg 1392w\" sizes=\"(max-width: 1800px) 100vw, 1800px\" \/><button\n\t\t\tclass=\"lightbox-trigger\"\n\t\t\ttype=\"button\"\n\t\t\taria-haspopup=\"dialog\"\n\t\t\tdata-wp-bind--aria-label=\"state.thisImage.triggerButtonAriaLabel\"\n\t\t\tdata-wp-init=\"callbacks.initTriggerButton\"\n\t\t\tdata-wp-on--click=\"actions.showLightbox\"\n\t\t\tdata-wp-style--right=\"state.thisImage.buttonRight\"\n\t\t\tdata-wp-style--top=\"state.thisImage.buttonTop\"\n\t\t>\n\t\t\t<svg xmlns=\"http:\/\/www.w3.org\/2000\/svg\" width=\"12\" height=\"12\" fill=\"none\" viewBox=\"0 0 12 12\">\n\t\t\t\t<path fill=\"#fff\" d=\"M2 0a2 2 0 0 0-2 2v2h1.5V2a.5.5 0 0 1 .5-.5h2V0H2Zm2 10.5H2a.5.5 0 0 1-.5-.5V8H0v2a2 2 0 0 0 2 2h2v-1.5ZM8 12v-1.5h2a.5.5 0 0 0 .5-.5V8H12v2a2 2 0 0 1-2 2H8Zm2-12a2 2 0 0 1 2 2v2h-1.5V2a.5.5 0 0 0-.5-.5H8V0h2Z\" \/>\n\t\t\t<\/svg>\n\t\t<\/button><figcaption class=\"wp-element-caption\">Foto (upraveno): Pudelek (Marcin Szala) \/ Wikimedia Commons, CC BY-SA 3.0<\/figcaption><\/figure>\n\n\n\n<h3 class=\"wp-block-heading\"><span class=\"ez-toc-section\" id=\"2_Veleka_Szinemorec\"><\/span>2. Veleka (Szinemorec)<span class=\"ez-toc-section-end\"><\/span><\/h3>\n\n\n\n<p class=\"wp-block-paragraph\">Ezt a helyet sok rekl\u00e1mfot\u00f3r\u00f3l ismerheted. A Veleka foly\u00f3 itt egy keskeny homoknyelven \u00e1t \u00f6mlik a tengerbe, \u00e9s teljesen <strong>ikonikus l\u00e1tv\u00e1nyt teremt, amit m\u00e1shol az orsz\u00e1gban nem l\u00e1tsz<\/strong>. A megk\u00f6zel\u00edt\u00e9s r\u00e1ad\u00e1sul nagyon egyszer\u0171. Szinemorec \u00fcd\u00fcl\u0151hely k\u00f6zpontj\u00e1b\u00f3l p\u00e1r perc gyalog eljutsz ide, \u00e9s r\u00f6gt\u00f6n a strand f\u00f6l\u00f6tt t\u00e1gas parkol\u00f3 tal\u00e1lhat\u00f3.<\/p>\n\n\n\n<p class=\"wp-block-paragraph\">A f\u00fcrd\u00e9s itt egyedi \u00e9lm\u00e9nyt k\u00edn\u00e1l, mert v\u00e1lthatod a s\u00f3s tengervizet az \u00e9desebb \u00e9s h\u0171v\u00f6sebb foly\u00f3v\u00edzzel. A helyiek azt aj\u00e1nlj\u00e1k, <strong>k\u00f6zvetlen\u00fcl a strandon b\u00e9relj kajakot vagy paddleboardot<\/strong>, \u00e9s indulj nyugodt t\u00far\u00e1ra a foly\u00f3val szemben, ahol s\u0171r\u0171 z\u00f6ld erd\u0151k vesznek k\u00f6r\u00fcl. Mag\u00e1n a strandon van v\u00edziment\u0151 \u00e9s sz\u00f6rfk\u00f6lcs\u00f6nz\u0151 is.<\/p>\n\n\n\n<p class=\"wp-block-paragraph\">Nagyon figyelned kell azonban a tengerbe l\u00e9p\u00e9skor. Az \u00f6b\u00f6l ugyanis <strong>r\u00f6gt\u00f6n a partt\u00f3l m\u00e9ly<\/strong>. El\u00e9g k\u00e9t l\u00e9p\u00e9st tenned, \u00e9s elt\u0171nik a talaj a l\u00e1bad al\u00f3l, ez\u00e9rt kisgyerekekkel a tengeri r\u00e9szt ink\u00e1bb hagyd ki, \u00e9s haszn\u00e1ld a nyugodtabb foly\u00f3t. Este r\u00e1ad\u00e1sul a foly\u00f3 k\u00f6zels\u00e9ge miatt t\u00f6bb sz\u00fanyog jelenik meg, \u00edgy a rovarriaszt\u00f3 elengedhetetlen.<\/p>\n\n\n\n<figure data-wp-context=\"{&quot;imageId&quot;:&quot;6a9c335a04886&quot;}\" data-wp-interactive=\"core\/image\" data-wp-key=\"6a9c335a04886\" class=\"wp-block-image size-full wp-lightbox-container\"><img decoding=\"async\" width=\"1800\" height=\"687\" data-wp-class--hide=\"state.isContentHidden\" data-wp-class--show=\"state.isContentVisible\" data-wp-init=\"callbacks.setButtonStyles\" data-wp-on--click=\"actions.showLightbox\" data-wp-on--load=\"callbacks.setButtonStyles\" data-wp-on--pointerdown=\"actions.preloadImage\" data-wp-on--pointerenter=\"actions.preloadImageWithDelay\" data-wp-on--pointerleave=\"actions.cancelPreload\" data-wp-on-window--resize=\"callbacks.setButtonStyles\" src=\"https:\/\/loudavymkrokem.cz\/wp-content\/uploads\/2026\/08\/bulharsko-research-plaze-bulharsko-07.jpg\" alt=\"Butamjata strand Szinemorec k\u00f6zel\u00e9ben\" class=\"wp-image-404194\" title=\"\" srcset=\"https:\/\/loudavymkrokem.cz\/wp-content\/uploads\/2026\/08\/bulharsko-research-plaze-bulharsko-07.jpg 1800w, https:\/\/loudavymkrokem.cz\/wp-content\/uploads\/2026\/08\/bulharsko-research-plaze-bulharsko-07-300x115.jpg 300w, https:\/\/loudavymkrokem.cz\/wp-content\/uploads\/2026\/08\/bulharsko-research-plaze-bulharsko-07-700x267.jpg 700w, https:\/\/loudavymkrokem.cz\/wp-content\/uploads\/2026\/08\/bulharsko-research-plaze-bulharsko-07-768x293.jpg 768w, https:\/\/loudavymkrokem.cz\/wp-content\/uploads\/2026\/08\/bulharsko-research-plaze-bulharsko-07-1536x586.jpg 1536w, https:\/\/loudavymkrokem.cz\/wp-content\/uploads\/2026\/08\/bulharsko-research-plaze-bulharsko-07-696x266.jpg 696w, https:\/\/loudavymkrokem.cz\/wp-content\/uploads\/2026\/08\/bulharsko-research-plaze-bulharsko-07-1392x531.jpg 1392w\" sizes=\"(max-width: 1800px) 100vw, 1800px\" \/><button\n\t\t\tclass=\"lightbox-trigger\"\n\t\t\ttype=\"button\"\n\t\t\taria-haspopup=\"dialog\"\n\t\t\tdata-wp-bind--aria-label=\"state.thisImage.triggerButtonAriaLabel\"\n\t\t\tdata-wp-init=\"callbacks.initTriggerButton\"\n\t\t\tdata-wp-on--click=\"actions.showLightbox\"\n\t\t\tdata-wp-style--right=\"state.thisImage.buttonRight\"\n\t\t\tdata-wp-style--top=\"state.thisImage.buttonTop\"\n\t\t>\n\t\t\t<svg xmlns=\"http:\/\/www.w3.org\/2000\/svg\" width=\"12\" height=\"12\" fill=\"none\" viewBox=\"0 0 12 12\">\n\t\t\t\t<path fill=\"#fff\" d=\"M2 0a2 2 0 0 0-2 2v2h1.5V2a.5.5 0 0 1 .5-.5h2V0H2Zm2 10.5H2a.5.5 0 0 1-.5-.5V8H0v2a2 2 0 0 0 2 2h2v-1.5ZM8 12v-1.5h2a.5.5 0 0 0 .5-.5V8H12v2a2 2 0 0 1-2 2H8Zm2-12a2 2 0 0 1 2 2v2h-1.5V2a.5.5 0 0 0-.5-.5H8V0h2Z\" \/>\n\t\t\t<\/svg>\n\t\t<\/button><figcaption class=\"wp-element-caption\">Foto: Pudelek (Marcin Szala) \/ Wikimedia Commons (CC BY-SA 3.0)<\/figcaption><\/figure>\n\n\n\n<h3 class=\"wp-block-heading\"><span class=\"ez-toc-section\" id=\"3_Butamjata\"><\/span>3. Butamjata<span class=\"ez-toc-section-end\"><\/span><\/h3>\n\n\n\n<p class=\"wp-block-paragraph\">R\u00f6gt\u00f6n a vad Veleka szomsz\u00e9ds\u00e1g\u00e1ban tal\u00e1lod a Butamjata \u00f6bl\u00f6t, amely Szinemorec civiliz\u00e1ltabb arc\u00e1t k\u00e9pviseli. Kisebb \u00f6b\u00f6l ez, amelyet <strong>gy\u00f6ny\u00f6r\u0171 aranys\u00e1rga homok<\/strong> bor\u00edt, \u00e9s k\u00e9t oldalr\u00f3l szikl\u00e1k v\u00e9denek. Id\u00e9n r\u00e1ad\u00e1sul b\u00fcszk\u00e9lkedhet a rangos K\u00e9k z\u00e1szl\u00f3 elismer\u00e9ssel a v\u00edzmin\u0151s\u00e9g\u00e9rt \u00e9s a kifog\u00e1stalan szolg\u00e1ltat\u00e1sok\u00e9rt.<\/p>\n\n\n\n<p class=\"wp-block-paragraph\">A Velek\u00e1val ellent\u00e9tben itt megtal\u00e1lod a teljes strandh\u00e1tteret. Rendelkez\u00e9sre \u00e1llnak fizet\u0151s z\u00f3n\u00e1k nap\u00e1gyakkal \u00e9s naperny\u0151kkel, zuhanyok, \u00f6lt\u00f6z\u0151k \u00e9s n\u00e9h\u00e1ny strandb\u00e1r is. Ha meg\u00e9hezel, a helyi vend\u00e9gl\u0151kben mindenk\u00e9pp rendelj <strong>friss\u00edt\u0151 taratort, klasszikus sopszka sal\u00e1t\u00e1t vagy hagyom\u00e1nyos banic\u00e1t<\/strong>.<\/p>\n\n\n\n<p class=\"wp-block-paragraph\">A Butamjata ide\u00e1lis v\u00e1laszt\u00e1s azoknak, akik d\u00e9len szeretn\u00e9nek nyaralni, de emellett <strong>komfortot \u00e9s biztons\u00e1gos h\u00e1tteret ig\u00e9nyelnek<\/strong>. A v\u00edzbe l\u00e9p\u00e9s itt egy fokkal lank\u00e1sabb, mint a szomsz\u00e9dos strandon, de augusztusban itt is figyelned kell az alattomos tengeri \u00e1ramlatokra. A v\u00edziment\u0151k szerencs\u00e9re az eg\u00e9sz szezonban \u00fcgyelnek.<\/p>\n\n\n\n<figure data-wp-context=\"{&quot;imageId&quot;:&quot;6a9c335a04d27&quot;}\" data-wp-interactive=\"core\/image\" data-wp-key=\"6a9c335a04d27\" class=\"wp-block-image size-full wp-lightbox-container\"><img decoding=\"async\" width=\"1800\" height=\"1350\" data-wp-class--hide=\"state.isContentHidden\" data-wp-class--show=\"state.isContentVisible\" data-wp-init=\"callbacks.setButtonStyles\" data-wp-on--click=\"actions.showLightbox\" data-wp-on--load=\"callbacks.setButtonStyles\" data-wp-on--pointerdown=\"actions.preloadImage\" data-wp-on--pointerenter=\"actions.preloadImageWithDelay\" data-wp-on--pointerleave=\"actions.cancelPreload\" data-wp-on-window--resize=\"callbacks.setButtonStyles\" src=\"https:\/\/loudavymkrokem.cz\/wp-content\/uploads\/2026\/08\/bulharsko-research-plaze-bulharsko-08.jpg\" alt=\"Homokd\u0171n\u00e9k az Arkutino strandon\" class=\"wp-image-404195\" title=\"\" srcset=\"https:\/\/loudavymkrokem.cz\/wp-content\/uploads\/2026\/08\/bulharsko-research-plaze-bulharsko-08.jpg 1800w, https:\/\/loudavymkrokem.cz\/wp-content\/uploads\/2026\/08\/bulharsko-research-plaze-bulharsko-08-300x225.jpg 300w, https:\/\/loudavymkrokem.cz\/wp-content\/uploads\/2026\/08\/bulharsko-research-plaze-bulharsko-08-700x525.jpg 700w, https:\/\/loudavymkrokem.cz\/wp-content\/uploads\/2026\/08\/bulharsko-research-plaze-bulharsko-08-768x576.jpg 768w, https:\/\/loudavymkrokem.cz\/wp-content\/uploads\/2026\/08\/bulharsko-research-plaze-bulharsko-08-1536x1152.jpg 1536w, https:\/\/loudavymkrokem.cz\/wp-content\/uploads\/2026\/08\/bulharsko-research-plaze-bulharsko-08-80x60.jpg 80w, https:\/\/loudavymkrokem.cz\/wp-content\/uploads\/2026\/08\/bulharsko-research-plaze-bulharsko-08-160x120.jpg 160w, https:\/\/loudavymkrokem.cz\/wp-content\/uploads\/2026\/08\/bulharsko-research-plaze-bulharsko-08-696x522.jpg 696w, https:\/\/loudavymkrokem.cz\/wp-content\/uploads\/2026\/08\/bulharsko-research-plaze-bulharsko-08-1392x1044.jpg 1392w\" sizes=\"(max-width: 1800px) 100vw, 1800px\" \/><button\n\t\t\tclass=\"lightbox-trigger\"\n\t\t\ttype=\"button\"\n\t\t\taria-haspopup=\"dialog\"\n\t\t\tdata-wp-bind--aria-label=\"state.thisImage.triggerButtonAriaLabel\"\n\t\t\tdata-wp-init=\"callbacks.initTriggerButton\"\n\t\t\tdata-wp-on--click=\"actions.showLightbox\"\n\t\t\tdata-wp-style--right=\"state.thisImage.buttonRight\"\n\t\t\tdata-wp-style--top=\"state.thisImage.buttonTop\"\n\t\t>\n\t\t\t<svg xmlns=\"http:\/\/www.w3.org\/2000\/svg\" width=\"12\" height=\"12\" fill=\"none\" viewBox=\"0 0 12 12\">\n\t\t\t\t<path fill=\"#fff\" d=\"M2 0a2 2 0 0 0-2 2v2h1.5V2a.5.5 0 0 1 .5-.5h2V0H2Zm2 10.5H2a.5.5 0 0 1-.5-.5V8H0v2a2 2 0 0 0 2 2h2v-1.5ZM8 12v-1.5h2a.5.5 0 0 0 .5-.5V8H12v2a2 2 0 0 1-2 2H8Zm2-12a2 2 0 0 1 2 2v2h-1.5V2a.5.5 0 0 0-.5-.5H8V0h2Z\" \/>\n\t\t\t<\/svg>\n\t\t<\/button><figcaption class=\"wp-element-caption\">Foto: Delysia v \/ Wikimedia Commons (CC BY-SA 4.0)<\/figcaption><\/figure>\n\n\n\n<h3 class=\"wp-block-heading\"><span class=\"ez-toc-section\" id=\"4_Arkutino\"><\/span>4. Arkutino<span class=\"ez-toc-section-end\"><\/span><\/h3>\n\n\n\n<p class=\"wp-block-paragraph\">Az Arkutino Szozopol \u00e9s Primorszko \u00fcd\u00fcl\u0151hely k\u00f6z\u00f6tt fekszik, k\u00f6zvetlen\u00fcl a Ropotamo term\u00e9szetv\u00e9delmi ter\u00fclet hat\u00e1r\u00e1n bel\u00fcl. A bolg\u00e1r sajt\u00f3 gyakran <strong>az orsz\u00e1g legromantikusabb strandj\u00e1nak<\/strong> nevezi. Nem tal\u00e1lsz itt \u00f3ri\u00e1si hoteleket, csak v\u00e9gtelen homokd\u0171n\u00e9ket \u00e9s fantasztikus kil\u00e1t\u00e1st a k\u00f6zeli K\u00edgy\u00f3-szigetre.<\/p>\n\n\n\n<p class=\"wp-block-paragraph\">A strand legnagyobb egyedis\u00e9ge a helyi fl\u00f3ra. K\u00f6zvetlen\u00fcl a homokd\u0171n\u00e9kben n\u0151 ugyanis a <strong>v\u00e9dett homoki liliom<\/strong>, amely szerepel Bulg\u00e1ria V\u00f6r\u00f6s k\u00f6nyv\u00e9ben, \u00e9s eg\u00e9szen szeptember elej\u00e9ig vir\u00e1gzik. A term\u00e9szet v\u00e9delm\u00e9ben ide csak egy keskeny fapall\u00f3 vezet, amely \u00fagy tereli a l\u00e1togat\u00f3kat a tengerhez, hogy ne taposs\u00e1k sz\u00e9t a ritka n\u00f6v\u00e9nyeket.<\/p>\n\n\n\n<p class=\"wp-block-paragraph\">Term\u00e9szetes jellege ellen\u00e9re az Arkutino 2026-ban K\u00e9k z\u00e1szl\u00f3s. Kisebb fizet\u0151s z\u00f3n\u00e1t tal\u00e1lsz itt, de a strand nagy r\u00e9sze szabad marad. Ez <strong>ide\u00e1lis mened\u00e9k az abszol\u00fat nyugalmat keres\u0151knek<\/strong>, akik szeretik a hossz\u00fa s\u00e9t\u00e1kat a puha homokban, t\u00e1vol a zajos diszk\u00f3kt\u00f3l.<\/p>\n\n\n\n<figure data-wp-context=\"{&quot;imageId&quot;:&quot;6a9c335a05193&quot;}\" data-wp-interactive=\"core\/image\" data-wp-key=\"6a9c335a05193\" class=\"wp-block-image size-full wp-lightbox-container\"><img decoding=\"async\" width=\"1800\" height=\"1350\" data-wp-class--hide=\"state.isContentHidden\" data-wp-class--show=\"state.isContentVisible\" data-wp-init=\"callbacks.setButtonStyles\" data-wp-on--click=\"actions.showLightbox\" data-wp-on--load=\"callbacks.setButtonStyles\" data-wp-on--pointerdown=\"actions.preloadImage\" data-wp-on--pointerenter=\"actions.preloadImageWithDelay\" data-wp-on--pointerleave=\"actions.cancelPreload\" data-wp-on-window--resize=\"callbacks.setButtonStyles\" src=\"https:\/\/loudavymkrokem.cz\/wp-content\/uploads\/2026\/08\/bulharsko-research-plaze-bulharsko-09.jpg\" alt=\"A sz\u00e9les Koral strand Lozenec \u00e9s Ahtopol k\u00f6z\u00f6tt\" class=\"wp-image-404198\" title=\"\" srcset=\"https:\/\/loudavymkrokem.cz\/wp-content\/uploads\/2026\/08\/bulharsko-research-plaze-bulharsko-09.jpg 1800w, https:\/\/loudavymkrokem.cz\/wp-content\/uploads\/2026\/08\/bulharsko-research-plaze-bulharsko-09-300x225.jpg 300w, https:\/\/loudavymkrokem.cz\/wp-content\/uploads\/2026\/08\/bulharsko-research-plaze-bulharsko-09-700x525.jpg 700w, https:\/\/loudavymkrokem.cz\/wp-content\/uploads\/2026\/08\/bulharsko-research-plaze-bulharsko-09-768x576.jpg 768w, https:\/\/loudavymkrokem.cz\/wp-content\/uploads\/2026\/08\/bulharsko-research-plaze-bulharsko-09-1536x1152.jpg 1536w, https:\/\/loudavymkrokem.cz\/wp-content\/uploads\/2026\/08\/bulharsko-research-plaze-bulharsko-09-80x60.jpg 80w, https:\/\/loudavymkrokem.cz\/wp-content\/uploads\/2026\/08\/bulharsko-research-plaze-bulharsko-09-160x120.jpg 160w, https:\/\/loudavymkrokem.cz\/wp-content\/uploads\/2026\/08\/bulharsko-research-plaze-bulharsko-09-696x522.jpg 696w, https:\/\/loudavymkrokem.cz\/wp-content\/uploads\/2026\/08\/bulharsko-research-plaze-bulharsko-09-1392x1044.jpg 1392w\" sizes=\"(max-width: 1800px) 100vw, 1800px\" \/><button\n\t\t\tclass=\"lightbox-trigger\"\n\t\t\ttype=\"button\"\n\t\t\taria-haspopup=\"dialog\"\n\t\t\tdata-wp-bind--aria-label=\"state.thisImage.triggerButtonAriaLabel\"\n\t\t\tdata-wp-init=\"callbacks.initTriggerButton\"\n\t\t\tdata-wp-on--click=\"actions.showLightbox\"\n\t\t\tdata-wp-style--right=\"state.thisImage.buttonRight\"\n\t\t\tdata-wp-style--top=\"state.thisImage.buttonTop\"\n\t\t>\n\t\t\t<svg xmlns=\"http:\/\/www.w3.org\/2000\/svg\" width=\"12\" height=\"12\" fill=\"none\" viewBox=\"0 0 12 12\">\n\t\t\t\t<path fill=\"#fff\" d=\"M2 0a2 2 0 0 0-2 2v2h1.5V2a.5.5 0 0 1 .5-.5h2V0H2Zm2 10.5H2a.5.5 0 0 1-.5-.5V8H0v2a2 2 0 0 0 2 2h2v-1.5ZM8 12v-1.5h2a.5.5 0 0 0 .5-.5V8H12v2a2 2 0 0 1-2 2H8Zm2-12a2 2 0 0 1 2 2v2h-1.5V2a.5.5 0 0 0-.5-.5H8V0h2Z\" \/>\n\t\t\t<\/svg>\n\t\t<\/button><figcaption class=\"wp-element-caption\">Foto: Svilen Enev \/ Wikimedia Commons, CC BY-SA 3.0<\/figcaption><\/figure>\n\n\n\n<h3 class=\"wp-block-heading\"><span class=\"ez-toc-section\" id=\"5_Koral\"><\/span>5. Koral<span class=\"ez-toc-section-end\"><\/span><\/h3>\n\n\n\n<p class=\"wp-block-paragraph\">A Koral strand Lozenec \u00e9s Ahtopol \u00fcd\u00fcl\u0151hely k\u00f6z\u00f6tt tal\u00e1lhat\u00f3, \u00e9s sok helyi sz\u00e1m\u00e1ra <strong>a tiszta term\u00e9szet\u00e9rt folytatott sikeres harc jelk\u00e9pe<\/strong>. Az \u00f6kol\u00f3giai aktivist\u00e1knak ugyanis siker\u00fclt meg\u00e1ll\u00edtaniuk egy nagy beton\u00fcd\u00fcl\u0151 \u00e9p\u00edt\u00e9s\u00e9nek terveit. Ennek k\u00f6sz\u00f6nhet\u0151en a strand, amely a maga 377 m\u00e9teres sz\u00e9less\u00e9g\u00e9vel az orsz\u00e1g egyik legsz\u00e9lesebbje, meg\u0151rizte vad jelleg\u00e9t.<\/p>\n\n\n\n<p class=\"wp-block-paragraph\">Ez a ter\u00fclet kiv\u00e1l\u00f3 v\u00edzisport-felt\u00e9teleir\u0151l h\u00edres. Az utaz\u00f3k a Koralt <strong>a d\u00e9li part egyik legjobb kite- \u00e9s windsurf-spotjak\u00e9nt<\/strong> dics\u00e9rik. Ha most kezdesz ezekkel a sportokkal, tudd, hogy Bulg\u00e1ria \u00e1ltal\u00e1ban nem kifejezetten szeles c\u00e9lpont. A legjobb felt\u00e9telek tavasszal \u00e9s \u0151sszel uralkodnak, ny\u00e1ron ink\u00e1bb a d\u00e9lut\u00e1ni sz\u00e9lre lehet sz\u00e1m\u00edtani.<\/p>\n\n\n\n<p class=\"wp-block-paragraph\">2026-t\u00f3l l\u00e9nyeges v\u00e1ltoz\u00e1s t\u00f6rt\u00e9nt a kempingez\u00e9s kedvel\u0151inek. Carevo telep\u00fcl\u00e9s itt <strong>hivatalos, leg\u00e1lis s\u00e1toroz\u00e1si z\u00f3n\u00e1t<\/strong> l\u00e9tes\u00edtett, amivel a kor\u00e1bban vad, d\u0171n\u00e9kben zajl\u00f3 \u00e9jszak\u00e1z\u00e1st pr\u00f3b\u00e1lja szab\u00e1lyozni. Sz\u00e1m\u00edts azonban r\u00e1, hogy nem vezet ide aszfalt\u00fat, \u00e9s minden h\u00e1tteret magaddal kell hoznod.<\/p>\n\n\n\n<figure data-wp-context=\"{&quot;imageId&quot;:&quot;6a9c335a056f9&quot;}\" data-wp-interactive=\"core\/image\" data-wp-key=\"6a9c335a056f9\" class=\"wp-block-image size-full wp-lightbox-container\"><img decoding=\"async\" width=\"1800\" height=\"1350\" data-wp-class--hide=\"state.isContentHidden\" data-wp-class--show=\"state.isContentVisible\" data-wp-init=\"callbacks.setButtonStyles\" data-wp-on--click=\"actions.showLightbox\" data-wp-on--load=\"callbacks.setButtonStyles\" data-wp-on--pointerdown=\"actions.preloadImage\" data-wp-on--pointerenter=\"actions.preloadImageWithDelay\" data-wp-on--pointerleave=\"actions.cancelPreload\" data-wp-on-window--resize=\"callbacks.setButtonStyles\" src=\"https:\/\/loudavymkrokem.cz\/wp-content\/uploads\/2026\/08\/bulharsko-research-plaze-bulharsko-10.jpg\" alt=\"Az Alepu strand \u00e9s lag\u00fana Szozopolt\u00f3l d\u00e9lre\" class=\"wp-image-404201\" title=\"\" srcset=\"https:\/\/loudavymkrokem.cz\/wp-content\/uploads\/2026\/08\/bulharsko-research-plaze-bulharsko-10.jpg 1800w, https:\/\/loudavymkrokem.cz\/wp-content\/uploads\/2026\/08\/bulharsko-research-plaze-bulharsko-10-300x225.jpg 300w, https:\/\/loudavymkrokem.cz\/wp-content\/uploads\/2026\/08\/bulharsko-research-plaze-bulharsko-10-700x525.jpg 700w, https:\/\/loudavymkrokem.cz\/wp-content\/uploads\/2026\/08\/bulharsko-research-plaze-bulharsko-10-768x576.jpg 768w, https:\/\/loudavymkrokem.cz\/wp-content\/uploads\/2026\/08\/bulharsko-research-plaze-bulharsko-10-1536x1152.jpg 1536w, https:\/\/loudavymkrokem.cz\/wp-content\/uploads\/2026\/08\/bulharsko-research-plaze-bulharsko-10-80x60.jpg 80w, https:\/\/loudavymkrokem.cz\/wp-content\/uploads\/2026\/08\/bulharsko-research-plaze-bulharsko-10-160x120.jpg 160w, https:\/\/loudavymkrokem.cz\/wp-content\/uploads\/2026\/08\/bulharsko-research-plaze-bulharsko-10-696x522.jpg 696w, https:\/\/loudavymkrokem.cz\/wp-content\/uploads\/2026\/08\/bulharsko-research-plaze-bulharsko-10-1392x1044.jpg 1392w\" sizes=\"(max-width: 1800px) 100vw, 1800px\" \/><button\n\t\t\tclass=\"lightbox-trigger\"\n\t\t\ttype=\"button\"\n\t\t\taria-haspopup=\"dialog\"\n\t\t\tdata-wp-bind--aria-label=\"state.thisImage.triggerButtonAriaLabel\"\n\t\t\tdata-wp-init=\"callbacks.initTriggerButton\"\n\t\t\tdata-wp-on--click=\"actions.showLightbox\"\n\t\t\tdata-wp-style--right=\"state.thisImage.buttonRight\"\n\t\t\tdata-wp-style--top=\"state.thisImage.buttonTop\"\n\t\t>\n\t\t\t<svg xmlns=\"http:\/\/www.w3.org\/2000\/svg\" width=\"12\" height=\"12\" fill=\"none\" viewBox=\"0 0 12 12\">\n\t\t\t\t<path fill=\"#fff\" d=\"M2 0a2 2 0 0 0-2 2v2h1.5V2a.5.5 0 0 1 .5-.5h2V0H2Zm2 10.5H2a.5.5 0 0 1-.5-.5V8H0v2a2 2 0 0 0 2 2h2v-1.5ZM8 12v-1.5h2a.5.5 0 0 0 .5-.5V8H12v2a2 2 0 0 1-2 2H8Zm2-12a2 2 0 0 1 2 2v2h-1.5V2a.5.5 0 0 0-.5-.5H8V0h2Z\" \/>\n\t\t\t<\/svg>\n\t\t<\/button><figcaption class=\"wp-element-caption\">Foto: Footballer99 \/ Wikimedia Commons (CC BY-SA 3.0)<\/figcaption><\/figure>\n\n\n\n<h3 class=\"wp-block-heading\"><span class=\"ez-toc-section\" id=\"6_Alepu\"><\/span>6. Alepu<span class=\"ez-toc-section-end\"><\/span><\/h3>\n\n\n\n<p class=\"wp-block-paragraph\">Ezt a Szozopolt\u00f3l d\u00e9lre fekv\u0151 hossz\u00fa homoknyelvet a helyiek &#8220;Sof\u0151rstrandnak&#8221; bec\u00e9zik. Az ok egyszer\u0171: k\u00f6zvetlen\u00fcl mellette fut a r\u00e9gi tengerparti \u00fat, \u00edgy <strong>az aut\u00f3b\u00f3l gyakorlatilag egyenesen a homokba sz\u00e1llhatsz ki<\/strong>. \u00d3ri\u00e1si el\u0151ny ez azoknak, akik sok felszerel\u00e9st hoznak magukkal a v\u00edzhez.<\/p>\n\n\n\n<p class=\"wp-block-paragraph\">Az Alepu nem hivatalosan szervezett, nincsenek itt v\u00edziment\u0151k, nap\u00e1gyk\u00f6lcs\u00f6nz\u0151k vagy b\u00fcf\u00e9k. A l\u00e1togat\u00f3k nagy r\u00e9sze \u00e9ppen emiatt a teljes nyugalom miatt j\u00f6n ide. A k\u00f6zeli mocsarak k\u00f6r\u00fcli ter\u00fclet r\u00e1ad\u00e1sul <strong>ritka mad\u00e1rfajok fontos f\u00e9szkel\u0151helye<\/strong>, ami vonzza a term\u00e9szetfot\u00f3sokat.<\/p>\n\n\n\n<p class=\"wp-block-paragraph\">\u00d3ri\u00e1si kiterjed\u00e9s\u00e9nek \u00e9s a civiliz\u00e1ci\u00f3 teljes hi\u00e1ny\u00e1nak k\u00f6sz\u00f6nhet\u0151en az Alepu <strong>nem hivatalos, de toler\u00e1lt nudista strandk\u00e9nt<\/strong> is m\u0171k\u00f6dik. A naturist\u00e1k \u00e1ltal\u00e1ban a lag\u00fana fel\u00e9 es\u0151 f\u00e9lrees\u0151bb szakaszokat foglalj\u00e1k el. Vedd azonban figyelembe, hogy a v\u00edzbe l\u00e9p\u00e9s meredekebb szokott lenni, \u00e9s \u00e9szaki sz\u00e9ln\u00e9l kellemetlen hull\u00e1mok keletkeznek.<\/p>\n\n\n\n<figure data-wp-context=\"{&quot;imageId&quot;:&quot;6a9c335a05c6e&quot;}\" data-wp-interactive=\"core\/image\" data-wp-key=\"6a9c335a05c6e\" class=\"wp-block-image size-full wp-lightbox-container\"><img decoding=\"async\" width=\"1800\" height=\"1207\" data-wp-class--hide=\"state.isContentHidden\" data-wp-class--show=\"state.isContentVisible\" data-wp-init=\"callbacks.setButtonStyles\" data-wp-on--click=\"actions.showLightbox\" data-wp-on--load=\"callbacks.setButtonStyles\" data-wp-on--pointerdown=\"actions.preloadImage\" data-wp-on--pointerenter=\"actions.preloadImageWithDelay\" data-wp-on--pointerleave=\"actions.cancelPreload\" data-wp-on-window--resize=\"callbacks.setButtonStyles\" src=\"https:\/\/loudavymkrokem.cz\/wp-content\/uploads\/2026\/08\/bulharsko-research-plaze-bulharsko-11.jpg\" alt=\"Rezovo a bolg\u00e1r-t\u00f6r\u00f6k hat\u00e1ron\" class=\"wp-image-404202\" title=\"\" srcset=\"https:\/\/loudavymkrokem.cz\/wp-content\/uploads\/2026\/08\/bulharsko-research-plaze-bulharsko-11.jpg 1800w, https:\/\/loudavymkrokem.cz\/wp-content\/uploads\/2026\/08\/bulharsko-research-plaze-bulharsko-11-300x201.jpg 300w, https:\/\/loudavymkrokem.cz\/wp-content\/uploads\/2026\/08\/bulharsko-research-plaze-bulharsko-11-700x469.jpg 700w, https:\/\/loudavymkrokem.cz\/wp-content\/uploads\/2026\/08\/bulharsko-research-plaze-bulharsko-11-768x515.jpg 768w, https:\/\/loudavymkrokem.cz\/wp-content\/uploads\/2026\/08\/bulharsko-research-plaze-bulharsko-11-1536x1030.jpg 1536w, https:\/\/loudavymkrokem.cz\/wp-content\/uploads\/2026\/08\/bulharsko-research-plaze-bulharsko-11-696x467.jpg 696w, https:\/\/loudavymkrokem.cz\/wp-content\/uploads\/2026\/08\/bulharsko-research-plaze-bulharsko-11-1392x933.jpg 1392w\" sizes=\"(max-width: 1800px) 100vw, 1800px\" \/><button\n\t\t\tclass=\"lightbox-trigger\"\n\t\t\ttype=\"button\"\n\t\t\taria-haspopup=\"dialog\"\n\t\t\tdata-wp-bind--aria-label=\"state.thisImage.triggerButtonAriaLabel\"\n\t\t\tdata-wp-init=\"callbacks.initTriggerButton\"\n\t\t\tdata-wp-on--click=\"actions.showLightbox\"\n\t\t\tdata-wp-style--right=\"state.thisImage.buttonRight\"\n\t\t\tdata-wp-style--top=\"state.thisImage.buttonTop\"\n\t\t>\n\t\t\t<svg xmlns=\"http:\/\/www.w3.org\/2000\/svg\" width=\"12\" height=\"12\" fill=\"none\" viewBox=\"0 0 12 12\">\n\t\t\t\t<path fill=\"#fff\" d=\"M2 0a2 2 0 0 0-2 2v2h1.5V2a.5.5 0 0 1 .5-.5h2V0H2Zm2 10.5H2a.5.5 0 0 1-.5-.5V8H0v2a2 2 0 0 0 2 2h2v-1.5ZM8 12v-1.5h2a.5.5 0 0 0 .5-.5V8H12v2a2 2 0 0 1-2 2H8Zm2-12a2 2 0 0 1 2 2v2h-1.5V2a.5.5 0 0 0-.5-.5H8V0h2Z\" \/>\n\t\t\t<\/svg>\n\t\t<\/button><figcaption class=\"wp-element-caption\">Foto (upraveno): Pudelek (Marcin Szala) \/ Wikimedia Commons, CC BY-SA 3.0<\/figcaption><\/figure>\n\n\n\n<h3 class=\"wp-block-heading\"><span class=\"ez-toc-section\" id=\"7_Kasztrics_es_Rezovo\"><\/span>7. Kasztrics \u00e9s Rezovo<span class=\"ez-toc-section-end\"><\/span><\/h3>\n\n\n\n<p class=\"wp-block-paragraph\">Eg\u00e9szen d\u00e9len, a n\u00e9pszer\u0171 Szilisztaron is t\u00fal, val\u00f3di kalandoroknak val\u00f3 helyek rejt\u0151znek. A Kasztrics-\u00f6b\u00f6l csak gyalog \u00e9rhet\u0151 el egy jel\u00f6letlen \u00f6sv\u00e9nyen, amely nagyj\u00e1b\u00f3l <strong>k\u00e9t \u00e9s f\u00e9l kilom\u00e9teren \u00e1t vezet s\u0171r\u0171 erd\u0151n<\/strong>. Az \u00fat alig h\u00e1romnegyed \u00f3r\u00e1ig tart, de a v\u00e9g\u00e9n sz\u0171zi \u00f6b\u00f6l v\u00e1r, amely nagy val\u00f3sz\u00edn\u0171s\u00e9ggel csak a ti\u00e9d lesz.<\/p>\n\n\n\n<p class=\"wp-block-paragraph\">Maga Rezovo pedig az utols\u00f3 bolg\u00e1r falu a t\u00f6r\u00f6k hat\u00e1r el\u0151tt. Klasszikus homokos strandot itt ne keress, a part vad, szikl\u00e1s \u00e9s tele van apr\u00f3 \u00f6bl\u00f6kkel. Tapasztalt utaz\u00f3k szerint <strong>az eg\u00e9sz ter\u00fclet egyik legjobb snorkelez\u0151helye<\/strong>, mert a v\u00edz a homok hi\u00e1nya miatt hihetetlen\u00fcl \u00e1tl\u00e1tsz\u00f3.<\/p>\n\n\n\n<p class=\"wp-block-paragraph\">Ez a ter\u00fclet tiszteletet k\u00f6vetel. A k\u00f6vekkel \u00e9s szikl\u00e1kkal tark\u00edtott v\u00edzbe l\u00e9p\u00e9s neh\u00e9zkes lehet, az \u00e1ramlatok pedig kisz\u00e1m\u00edthatatlanok. Ez hat\u00e1rozottan <strong>nem kisgyerekes csal\u00e1di kir\u00e1ndul\u00e1sra val\u00f3 hely<\/strong>, hanem ink\u00e1bb tapasztalt \u00fasz\u00f3knak, akik \u00e1t\u00e9ln\u00e9k az Eur\u00f3pai Uni\u00f3 legsz\u00e9l\u00e9nek nyers hangulat\u00e1t.<\/p>\n\n\n\n<figure data-wp-context=\"{&quot;imageId&quot;:&quot;6a9c335a06186&quot;}\" data-wp-interactive=\"core\/image\" data-wp-key=\"6a9c335a06186\" class=\"wp-block-image size-full wp-lightbox-container\"><img decoding=\"async\" width=\"1800\" height=\"1350\" data-wp-class--hide=\"state.isContentHidden\" data-wp-class--show=\"state.isContentVisible\" data-wp-init=\"callbacks.setButtonStyles\" data-wp-on--click=\"actions.showLightbox\" data-wp-on--load=\"callbacks.setButtonStyles\" data-wp-on--pointerdown=\"actions.preloadImage\" data-wp-on--pointerenter=\"actions.preloadImageWithDelay\" data-wp-on--pointerleave=\"actions.cancelPreload\" data-wp-on-window--resize=\"callbacks.setButtonStyles\" src=\"https:\/\/loudavymkrokem.cz\/wp-content\/uploads\/2026\/08\/bulharsko-research-plaze-bulharsko-12.jpg\" alt=\"A Fekete-tenger \u00e9szaki partja a Kaliakra-fokn\u00e1l\" class=\"wp-image-404204\" title=\"\" srcset=\"https:\/\/loudavymkrokem.cz\/wp-content\/uploads\/2026\/08\/bulharsko-research-plaze-bulharsko-12.jpg 1800w, https:\/\/loudavymkrokem.cz\/wp-content\/uploads\/2026\/08\/bulharsko-research-plaze-bulharsko-12-300x225.jpg 300w, https:\/\/loudavymkrokem.cz\/wp-content\/uploads\/2026\/08\/bulharsko-research-plaze-bulharsko-12-700x525.jpg 700w, https:\/\/loudavymkrokem.cz\/wp-content\/uploads\/2026\/08\/bulharsko-research-plaze-bulharsko-12-768x576.jpg 768w, https:\/\/loudavymkrokem.cz\/wp-content\/uploads\/2026\/08\/bulharsko-research-plaze-bulharsko-12-1536x1152.jpg 1536w, https:\/\/loudavymkrokem.cz\/wp-content\/uploads\/2026\/08\/bulharsko-research-plaze-bulharsko-12-80x60.jpg 80w, https:\/\/loudavymkrokem.cz\/wp-content\/uploads\/2026\/08\/bulharsko-research-plaze-bulharsko-12-160x120.jpg 160w, https:\/\/loudavymkrokem.cz\/wp-content\/uploads\/2026\/08\/bulharsko-research-plaze-bulharsko-12-696x522.jpg 696w, https:\/\/loudavymkrokem.cz\/wp-content\/uploads\/2026\/08\/bulharsko-research-plaze-bulharsko-12-1392x1044.jpg 1392w\" sizes=\"(max-width: 1800px) 100vw, 1800px\" \/><button\n\t\t\tclass=\"lightbox-trigger\"\n\t\t\ttype=\"button\"\n\t\t\taria-haspopup=\"dialog\"\n\t\t\tdata-wp-bind--aria-label=\"state.thisImage.triggerButtonAriaLabel\"\n\t\t\tdata-wp-init=\"callbacks.initTriggerButton\"\n\t\t\tdata-wp-on--click=\"actions.showLightbox\"\n\t\t\tdata-wp-style--right=\"state.thisImage.buttonRight\"\n\t\t\tdata-wp-style--top=\"state.thisImage.buttonTop\"\n\t\t>\n\t\t\t<svg xmlns=\"http:\/\/www.w3.org\/2000\/svg\" width=\"12\" height=\"12\" fill=\"none\" viewBox=\"0 0 12 12\">\n\t\t\t\t<path fill=\"#fff\" d=\"M2 0a2 2 0 0 0-2 2v2h1.5V2a.5.5 0 0 1 .5-.5h2V0H2Zm2 10.5H2a.5.5 0 0 1-.5-.5V8H0v2a2 2 0 0 0 2 2h2v-1.5ZM8 12v-1.5h2a.5.5 0 0 0 .5-.5V8H12v2a2 2 0 0 1-2 2H8Zm2-12a2 2 0 0 1 2 2v2h-1.5V2a.5.5 0 0 0-.5-.5H8V0h2Z\" \/>\n\t\t\t<\/svg>\n\t\t<\/button><figcaption class=\"wp-element-caption\">Foto: Spiridon Manoliu \/ Wikimedia Commons, CC BY 3.0<\/figcaption><\/figure>\n\n\n\n<h2 class=\"wp-block-heading\"><span class=\"ez-toc-section\" id=\"Az_eszaki_part_es_a_vadon_Varna_kozeleben\"><\/span>Az \u00e9szaki part \u00e9s a vadon V\u00e1rna k\u00f6zel\u00e9ben<span class=\"ez-toc-section-end\"><\/span><\/h2>\n\n\n\n<p class=\"wp-block-paragraph\">A <strong>part \u00e9szaki r\u00e9sze<\/strong> V\u00e1rna k\u00f6r\u00fcl az utaz\u00f3k k\u00f6z\u00f6tt egyetlen hatalmas buliz\u00f3nak\u00e9nt h\u00edres\u00fclt el, de ne hagyd magad megt\u00e9veszteni. Itt is felfedezel rejtett helyeket, amelyek meg\u0151rizt\u00e9k nyers arcukat. M\u00edg d\u00e9len a kisebb szikl\u00e1s \u00f6bl\u00f6k domin\u00e1lnak, \u00e9szak <strong>leny\u0171g\u00f6z\u0151 v\u00f6r\u00f6s szikl\u00e1kat<\/strong> \u00e9s kilom\u00e9teres, elhagyatott strandokat k\u00edn\u00e1l.<\/p>\n\n\n\n<p class=\"wp-block-paragraph\">Ez a ter\u00fclet ide\u00e1lis azoknak, akik szeretik \u00f6sszek\u00f6tni az <strong>\u00e9rintetlen term\u00e9szet felfedez\u00e9s\u00e9t<\/strong> a civiliz\u00e1ci\u00f3ba tett alkalmi kir\u00e1ndul\u00e1sokkal. R\u00e1ad\u00e1sul a sek\u00e9ly \u00e9s v\u00e9dett \u00f6bl\u00f6knek k\u00f6sz\u00f6nhet\u0151en kiv\u00e1l\u00f3 <strong>snorkelez\u00e9si felt\u00e9telek<\/strong> uralkodnak.<\/p>\n\n\n\n<figure data-wp-context=\"{&quot;imageId&quot;:&quot;6a9c335a06692&quot;}\" data-wp-interactive=\"core\/image\" data-wp-key=\"6a9c335a06692\" class=\"wp-block-image size-full wp-lightbox-container\"><img decoding=\"async\" width=\"1800\" height=\"1012\" data-wp-class--hide=\"state.isContentHidden\" data-wp-class--show=\"state.isContentVisible\" data-wp-init=\"callbacks.setButtonStyles\" data-wp-on--click=\"actions.showLightbox\" data-wp-on--load=\"callbacks.setButtonStyles\" data-wp-on--pointerdown=\"actions.preloadImage\" data-wp-on--pointerenter=\"actions.preloadImageWithDelay\" data-wp-on--pointerleave=\"actions.cancelPreload\" data-wp-on-window--resize=\"callbacks.setButtonStyles\" src=\"https:\/\/loudavymkrokem.cz\/wp-content\/uploads\/2026\/08\/bulharsko-research-plaze-bulharsko-13.jpg\" alt=\"A Bolata \u00f6b\u00f6l a v\u00f6r\u00f6s szikl\u00e1k alatt\" class=\"wp-image-404208\" title=\"\" srcset=\"https:\/\/loudavymkrokem.cz\/wp-content\/uploads\/2026\/08\/bulharsko-research-plaze-bulharsko-13.jpg 1800w, https:\/\/loudavymkrokem.cz\/wp-content\/uploads\/2026\/08\/bulharsko-research-plaze-bulharsko-13-300x169.jpg 300w, https:\/\/loudavymkrokem.cz\/wp-content\/uploads\/2026\/08\/bulharsko-research-plaze-bulharsko-13-700x394.jpg 700w, https:\/\/loudavymkrokem.cz\/wp-content\/uploads\/2026\/08\/bulharsko-research-plaze-bulharsko-13-768x432.jpg 768w, https:\/\/loudavymkrokem.cz\/wp-content\/uploads\/2026\/08\/bulharsko-research-plaze-bulharsko-13-1536x864.jpg 1536w, https:\/\/loudavymkrokem.cz\/wp-content\/uploads\/2026\/08\/bulharsko-research-plaze-bulharsko-13-696x391.jpg 696w, https:\/\/loudavymkrokem.cz\/wp-content\/uploads\/2026\/08\/bulharsko-research-plaze-bulharsko-13-1392x783.jpg 1392w\" sizes=\"(max-width: 1800px) 100vw, 1800px\" \/><button\n\t\t\tclass=\"lightbox-trigger\"\n\t\t\ttype=\"button\"\n\t\t\taria-haspopup=\"dialog\"\n\t\t\tdata-wp-bind--aria-label=\"state.thisImage.triggerButtonAriaLabel\"\n\t\t\tdata-wp-init=\"callbacks.initTriggerButton\"\n\t\t\tdata-wp-on--click=\"actions.showLightbox\"\n\t\t\tdata-wp-style--right=\"state.thisImage.buttonRight\"\n\t\t\tdata-wp-style--top=\"state.thisImage.buttonTop\"\n\t\t>\n\t\t\t<svg xmlns=\"http:\/\/www.w3.org\/2000\/svg\" width=\"12\" height=\"12\" fill=\"none\" viewBox=\"0 0 12 12\">\n\t\t\t\t<path fill=\"#fff\" d=\"M2 0a2 2 0 0 0-2 2v2h1.5V2a.5.5 0 0 1 .5-.5h2V0H2Zm2 10.5H2a.5.5 0 0 1-.5-.5V8H0v2a2 2 0 0 0 2 2h2v-1.5ZM8 12v-1.5h2a.5.5 0 0 0 .5-.5V8H12v2a2 2 0 0 1-2 2H8Zm2-12a2 2 0 0 1 2 2v2h-1.5V2a.5.5 0 0 0-.5-.5H8V0h2Z\" \/>\n\t\t\t<\/svg>\n\t\t<\/button><figcaption class=\"wp-element-caption\">Foto: Gery Romanova \/ Wikimedia Commons, CC BY-SA 4.0<\/figcaption><\/figure>\n\n\n\n<h3 class=\"wp-block-heading\"><span class=\"ez-toc-section\" id=\"8_Bolata\"><\/span>8. Bolata<span class=\"ez-toc-section-end\"><\/span><\/h3>\n\n\n\n<p class=\"wp-block-paragraph\">Az ismert Kaliakra-fok k\u00f6zel\u00e9ben a magas v\u00f6r\u00f6s szikl\u00e1kba egy teljesen egyedi \u00f6b\u00f6l v\u00e1j\u00f3dik be. A Bolata t\u00f6k\u00e9letes f\u00e9lhold alak\u00fa, \u00e9s <strong>az egyetlen bolg\u00e1r rezerv\u00e1tum, amely v\u00edzfel\u00fcletet is mag\u00e1ban foglal<\/strong>. A megk\u00f6zel\u00edt\u00e9s egy nagyon keskeny \u00e9s kanyarg\u00f3s aszfalt\u00faton vezet, amelynek v\u00e9g\u00e9n kisebb parkol\u00f3t tal\u00e1lsz.<\/p>\n\n\n\n<p class=\"wp-block-paragraph\">A v\u00edz a v\u00e9d\u0151 szikl\u00e1k \u00e9s a mesters\u00e9ges m\u00f3l\u00f3 miatt hihetetlen\u00fcl nyugodt \u00e9s sek\u00e9ly. \u00c9ppen ez\u00e9rt a Bolata a <strong>snorkelez\u00e9s kedvel\u0151inek abszol\u00fat cs\u00facs\u00e1hoz<\/strong> tartozik. A felsz\u00edn alatt k\u00f6nnyen megpillantasz halrajokat, r\u00e1kokat \u00e9s sz\u00e1mos m\u00e1s tengeri \u00e9l\u0151l\u00e9nyt, amelyek a k\u00f6vek k\u00f6z\u00f6tt b\u00fajnak meg.<\/p>\n\n\n\n<p class=\"wp-block-paragraph\"><strong>A h\u00e1tt\u00e9r itt minim\u00e1lis<\/strong> (mind\u00f6ssze egy k\u00e1v\u00e9z\u00f3 b\u00fcf\u00e9), de ha f\u0151szezonban indulsz ide, <strong>\u00e9rkezz min\u00e9l kor\u00e1bban reggel<\/strong>, mert az \u00f6b\u00f6l kicsi, \u00e9s a helyiek k\u00f6r\u00e9ben rendk\u00edv\u00fcl n\u00e9pszer\u0171, \u00edgy m\u00e1r t\u00edz \u00f3ra k\u00f6r\u00fcl gondot okozhat helyet tal\u00e1lni a t\u00f6r\u00f6lk\u00f6z\u0151nek.<\/p>\n\n\n\n<figure data-wp-context=\"{&quot;imageId&quot;:&quot;6a9c335a06d07&quot;}\" data-wp-interactive=\"core\/image\" data-wp-key=\"6a9c335a06d07\" class=\"wp-block-image size-full wp-lightbox-container\"><img decoding=\"async\" width=\"1800\" height=\"1350\" data-wp-class--hide=\"state.isContentHidden\" data-wp-class--show=\"state.isContentVisible\" data-wp-init=\"callbacks.setButtonStyles\" data-wp-on--click=\"actions.showLightbox\" data-wp-on--load=\"callbacks.setButtonStyles\" data-wp-on--pointerdown=\"actions.preloadImage\" data-wp-on--pointerenter=\"actions.preloadImageWithDelay\" data-wp-on--pointerleave=\"actions.cancelPreload\" data-wp-on-window--resize=\"callbacks.setButtonStyles\" src=\"https:\/\/loudavymkrokem.cz\/wp-content\/uploads\/2026\/08\/bulharsko-research-plaze-bulharsko-14.jpg\" alt=\"A part Topola falu k\u00f6zel\u00e9ben a Feh\u00e9r lag\u00fan\u00e1val\" class=\"wp-image-404210\" title=\"\" srcset=\"https:\/\/loudavymkrokem.cz\/wp-content\/uploads\/2026\/08\/bulharsko-research-plaze-bulharsko-14.jpg 1800w, https:\/\/loudavymkrokem.cz\/wp-content\/uploads\/2026\/08\/bulharsko-research-plaze-bulharsko-14-300x225.jpg 300w, https:\/\/loudavymkrokem.cz\/wp-content\/uploads\/2026\/08\/bulharsko-research-plaze-bulharsko-14-700x525.jpg 700w, https:\/\/loudavymkrokem.cz\/wp-content\/uploads\/2026\/08\/bulharsko-research-plaze-bulharsko-14-768x576.jpg 768w, https:\/\/loudavymkrokem.cz\/wp-content\/uploads\/2026\/08\/bulharsko-research-plaze-bulharsko-14-1536x1152.jpg 1536w, https:\/\/loudavymkrokem.cz\/wp-content\/uploads\/2026\/08\/bulharsko-research-plaze-bulharsko-14-80x60.jpg 80w, https:\/\/loudavymkrokem.cz\/wp-content\/uploads\/2026\/08\/bulharsko-research-plaze-bulharsko-14-160x120.jpg 160w, https:\/\/loudavymkrokem.cz\/wp-content\/uploads\/2026\/08\/bulharsko-research-plaze-bulharsko-14-696x522.jpg 696w, https:\/\/loudavymkrokem.cz\/wp-content\/uploads\/2026\/08\/bulharsko-research-plaze-bulharsko-14-1392x1044.jpg 1392w\" sizes=\"(max-width: 1800px) 100vw, 1800px\" \/><button\n\t\t\tclass=\"lightbox-trigger\"\n\t\t\ttype=\"button\"\n\t\t\taria-haspopup=\"dialog\"\n\t\t\tdata-wp-bind--aria-label=\"state.thisImage.triggerButtonAriaLabel\"\n\t\t\tdata-wp-init=\"callbacks.initTriggerButton\"\n\t\t\tdata-wp-on--click=\"actions.showLightbox\"\n\t\t\tdata-wp-style--right=\"state.thisImage.buttonRight\"\n\t\t\tdata-wp-style--top=\"state.thisImage.buttonTop\"\n\t\t>\n\t\t\t<svg xmlns=\"http:\/\/www.w3.org\/2000\/svg\" width=\"12\" height=\"12\" fill=\"none\" viewBox=\"0 0 12 12\">\n\t\t\t\t<path fill=\"#fff\" d=\"M2 0a2 2 0 0 0-2 2v2h1.5V2a.5.5 0 0 1 .5-.5h2V0H2Zm2 10.5H2a.5.5 0 0 1-.5-.5V8H0v2a2 2 0 0 0 2 2h2v-1.5ZM8 12v-1.5h2a.5.5 0 0 0 .5-.5V8H12v2a2 2 0 0 1-2 2H8Zm2-12a2 2 0 0 1 2 2v2h-1.5V2a.5.5 0 0 0-.5-.5H8V0h2Z\" \/>\n\t\t\t<\/svg>\n\t\t<\/button><figcaption class=\"wp-element-caption\">Foto: Nikolai Karaneschev \/ Wikimedia Commons, CC BY 3.0<\/figcaption><\/figure>\n\n\n\n<h3 class=\"wp-block-heading\"><span class=\"ez-toc-section\" id=\"9_Feher_laguna_Topola\"><\/span>9. Feh\u00e9r lag\u00fana (Topola)<span class=\"ez-toc-section-end\"><\/span><\/h3>\n\n\n\n<p class=\"wp-block-paragraph\">Balcsik \u00e9s Kavarna v\u00e1rosok k\u00f6z\u00f6tt nagyon kellemes alternat\u00edv\u00e1t tal\u00e1lsz a nagy, ny\u00fczsg\u0151 \u00fcd\u00fcl\u0151helyekhez k\u00e9pest. A Feh\u00e9r lag\u00fana a nev\u00e9t a <strong>vil\u00e1gos m\u00e9szk\u0151szikl\u00e1kr\u00f3l<\/strong> kapta, amelyek k\u00f6r\u00fclveszik az eg\u00e9sz ter\u00fcletet, \u00e9s gy\u00f6ny\u00f6r\u0171 t\u00fcrkiz \u00e1rnyalatot adnak a v\u00edznek. 2026-ban a strand r\u00e1ad\u00e1sul felker\u00fclt a K\u00e9k z\u00e1szl\u00f3s helyek rangos list\u00e1j\u00e1ra.<\/p>\n\n\n\n<p class=\"wp-block-paragraph\">A strand j\u00f3l szervezett, min\u0151s\u00e9gi nap\u00e1gyakat, naperny\u0151ket, zuhanyokat \u00e9s modern mosd\u00f3kat tal\u00e1lsz itt. A tengerbe l\u00e9p\u00e9s lank\u00e1s, \u00e9s a v\u00edz a v\u00e9dett fekv\u00e9snek k\u00f6sz\u00f6nhet\u0151en nagyon nyugodt szokott lenni. Ha adsz a k\u00e9nyelemre, \u00e9s el akarod ker\u00fclni az Aranyhomok t\u00f6megeit, <strong>a helyiek \u00e9pp ezt a helysz\u00ednt aj\u00e1nlj\u00e1k<\/strong>.<\/p>\n\n\n\n<p class=\"wp-block-paragraph\">Az egyetlen h\u00e1tr\u00e1ny maga a v\u00edzhez jut\u00e1s lehet. A sz\u00e1ll\u00e1shelyek nagy r\u00e9sze a strand f\u00f6l\u00f6tti szikl\u00e1n tal\u00e1lhat\u00f3, \u00edgy <strong>sz\u00e1m\u00edts a napi t\u00f6bb tucat l\u00e9pcs\u0151 lek\u00fczd\u00e9s\u00e9re<\/strong>. Babakocsis csal\u00e1doknak ez kisebb bonyodalmat jelenthet, de a fel\u00fclr\u0151l ny\u00edl\u00f3 kil\u00e1t\u00e1s mindenk\u00e9pp meg\u00e9ri a f\u00e1rads\u00e1got.<\/p>\n\n\n\n<figure data-wp-context=\"{&quot;imageId&quot;:&quot;6a9c335a0719c&quot;}\" data-wp-interactive=\"core\/image\" data-wp-key=\"6a9c335a0719c\" class=\"wp-block-image size-full wp-lightbox-container\"><img decoding=\"async\" width=\"1800\" height=\"1207\" data-wp-class--hide=\"state.isContentHidden\" data-wp-class--show=\"state.isContentVisible\" data-wp-init=\"callbacks.setButtonStyles\" data-wp-on--click=\"actions.showLightbox\" data-wp-on--load=\"callbacks.setButtonStyles\" data-wp-on--pointerdown=\"actions.preloadImage\" data-wp-on--pointerenter=\"actions.preloadImageWithDelay\" data-wp-on--pointerleave=\"actions.cancelPreload\" data-wp-on-window--resize=\"callbacks.setButtonStyles\" src=\"https:\/\/loudavymkrokem.cz\/wp-content\/uploads\/2026\/08\/bulharsko-research-plaze-bulharsko-15.jpg\" alt=\"A part Krapec \u00e9s Durankulak k\u00f6zel\u00e9ben a t\u00e1voli \u00e9szakon\" class=\"wp-image-404215\" title=\"\" srcset=\"https:\/\/loudavymkrokem.cz\/wp-content\/uploads\/2026\/08\/bulharsko-research-plaze-bulharsko-15.jpg 1800w, https:\/\/loudavymkrokem.cz\/wp-content\/uploads\/2026\/08\/bulharsko-research-plaze-bulharsko-15-300x201.jpg 300w, https:\/\/loudavymkrokem.cz\/wp-content\/uploads\/2026\/08\/bulharsko-research-plaze-bulharsko-15-700x469.jpg 700w, https:\/\/loudavymkrokem.cz\/wp-content\/uploads\/2026\/08\/bulharsko-research-plaze-bulharsko-15-768x515.jpg 768w, https:\/\/loudavymkrokem.cz\/wp-content\/uploads\/2026\/08\/bulharsko-research-plaze-bulharsko-15-1536x1030.jpg 1536w, https:\/\/loudavymkrokem.cz\/wp-content\/uploads\/2026\/08\/bulharsko-research-plaze-bulharsko-15-696x467.jpg 696w, https:\/\/loudavymkrokem.cz\/wp-content\/uploads\/2026\/08\/bulharsko-research-plaze-bulharsko-15-1392x933.jpg 1392w\" sizes=\"(max-width: 1800px) 100vw, 1800px\" \/><button\n\t\t\tclass=\"lightbox-trigger\"\n\t\t\ttype=\"button\"\n\t\t\taria-haspopup=\"dialog\"\n\t\t\tdata-wp-bind--aria-label=\"state.thisImage.triggerButtonAriaLabel\"\n\t\t\tdata-wp-init=\"callbacks.initTriggerButton\"\n\t\t\tdata-wp-on--click=\"actions.showLightbox\"\n\t\t\tdata-wp-style--right=\"state.thisImage.buttonRight\"\n\t\t\tdata-wp-style--top=\"state.thisImage.buttonTop\"\n\t\t>\n\t\t\t<svg xmlns=\"http:\/\/www.w3.org\/2000\/svg\" width=\"12\" height=\"12\" fill=\"none\" viewBox=\"0 0 12 12\">\n\t\t\t\t<path fill=\"#fff\" d=\"M2 0a2 2 0 0 0-2 2v2h1.5V2a.5.5 0 0 1 .5-.5h2V0H2Zm2 10.5H2a.5.5 0 0 1-.5-.5V8H0v2a2 2 0 0 0 2 2h2v-1.5ZM8 12v-1.5h2a.5.5 0 0 0 .5-.5V8H12v2a2 2 0 0 1-2 2H8Zm2-12a2 2 0 0 1 2 2v2h-1.5V2a.5.5 0 0 0-.5-.5H8V0h2Z\" \/>\n\t\t\t<\/svg>\n\t\t<\/button><figcaption class=\"wp-element-caption\">Foto (upraveno): Inkey \/ Wikimedia Commons, CC BY-SA 3.0<\/figcaption><\/figure>\n\n\n\n<h3 class=\"wp-block-heading\"><span class=\"ez-toc-section\" id=\"10_Krapec_es_Durankulak\"><\/span>10. Krapec \u00e9s Durankulak<span class=\"ez-toc-section-end\"><\/span><\/h3>\n\n\n\n<p class=\"wp-block-paragraph\">Ha teljes mag\u00e1nyra v\u00e1gysz, \u00e9s nem zavar a hosszabb \u00fat, indulj el a leg\u00e9szakabbra, a rom\u00e1n hat\u00e1rhoz. A Krapec falu \u00e9s a Durankulak-t\u00f3 k\u00f6z\u00f6tti hossz\u00fa homoks\u00e1v tekint\u00e9lyes 6 kilom\u00e9tert m\u00e9r, \u00e9s <strong>a Fekete-tenger egyik legszebb term\u00e9szetes d\u0171nesor\u00e1t<\/strong> alkotja.<\/p>\n\n\n\n<p class=\"wp-block-paragraph\">Egy\u00e1ltal\u00e1n nem tal\u00e1lsz itt hoteleket, diszk\u00f3kat vagy \u00fczletekkel teli s\u00e9t\u00e1nyokat. A ter\u00fcletet els\u0151sorban a h\u00e1tizs\u00e1kosok \u00e9s a s\u00e1toroz\u00e1s kedvel\u0151i keresik fel, akik a t\u00f6k\u00e9letes nyugalom\u00e9rt j\u00f6nnek ide. A strandon nincsenek v\u00edziment\u0151k, \u00e9s a ny\u00edlt tenger miatt <strong>gyakran er\u0151sebb sz\u00e9l f\u00faj<\/strong>, ami viszont id\u0151nk\u00e9nt mag\u00e1nyos kitesurf\u00f6s\u00f6ket vonz.<\/p>\n\n\n\n<p class=\"wp-block-paragraph\">Egy ugr\u00e1sra a strandt\u00f3l tal\u00e1lhat\u00f3 a Durankulak-t\u00f3, amely jelent\u0151s mad\u00e1rtani helysz\u00edn. A term\u00e9szetkedvel\u0151knek ez ide\u00e1lis kombin\u00e1ci\u00f3. A k\u00f6rnyez\u0151 falvakban csak n\u00e9h\u00e1ny apr\u00f3 panzi\u00f3 \u00e9s kocsma m\u0171k\u00f6dik, ahol ehetsz <strong>kiv\u00e1l\u00f3 s\u00fclt padlizs\u00e1nt, friss mis-mast vagy helyi juhsajtokat<\/strong>.<\/p>\n\n\n\n<figure data-wp-context=\"{&quot;imageId&quot;:&quot;6a9c335a07692&quot;}\" data-wp-interactive=\"core\/image\" data-wp-key=\"6a9c335a07692\" class=\"wp-block-image size-full wp-lightbox-container\"><img decoding=\"async\" width=\"1800\" height=\"1350\" data-wp-class--hide=\"state.isContentHidden\" data-wp-class--show=\"state.isContentVisible\" data-wp-init=\"callbacks.setButtonStyles\" data-wp-on--click=\"actions.showLightbox\" data-wp-on--load=\"callbacks.setButtonStyles\" data-wp-on--pointerdown=\"actions.preloadImage\" data-wp-on--pointerenter=\"actions.preloadImageWithDelay\" data-wp-on--pointerleave=\"actions.cancelPreload\" data-wp-on-window--resize=\"callbacks.setButtonStyles\" src=\"https:\/\/loudavymkrokem.cz\/wp-content\/uploads\/2026\/08\/bulharsko-research-plaze-bulharsko-16.jpg\" alt=\"Bulg\u00e1ria leghosszabb strandja a Kamcsija torkolat\u00e1n\u00e1l\" class=\"wp-image-404220\" title=\"\" srcset=\"https:\/\/loudavymkrokem.cz\/wp-content\/uploads\/2026\/08\/bulharsko-research-plaze-bulharsko-16.jpg 1800w, https:\/\/loudavymkrokem.cz\/wp-content\/uploads\/2026\/08\/bulharsko-research-plaze-bulharsko-16-300x225.jpg 300w, https:\/\/loudavymkrokem.cz\/wp-content\/uploads\/2026\/08\/bulharsko-research-plaze-bulharsko-16-700x525.jpg 700w, https:\/\/loudavymkrokem.cz\/wp-content\/uploads\/2026\/08\/bulharsko-research-plaze-bulharsko-16-768x576.jpg 768w, https:\/\/loudavymkrokem.cz\/wp-content\/uploads\/2026\/08\/bulharsko-research-plaze-bulharsko-16-1536x1152.jpg 1536w, https:\/\/loudavymkrokem.cz\/wp-content\/uploads\/2026\/08\/bulharsko-research-plaze-bulharsko-16-80x60.jpg 80w, https:\/\/loudavymkrokem.cz\/wp-content\/uploads\/2026\/08\/bulharsko-research-plaze-bulharsko-16-160x120.jpg 160w, https:\/\/loudavymkrokem.cz\/wp-content\/uploads\/2026\/08\/bulharsko-research-plaze-bulharsko-16-696x522.jpg 696w, https:\/\/loudavymkrokem.cz\/wp-content\/uploads\/2026\/08\/bulharsko-research-plaze-bulharsko-16-1392x1044.jpg 1392w\" sizes=\"(max-width: 1800px) 100vw, 1800px\" \/><button\n\t\t\tclass=\"lightbox-trigger\"\n\t\t\ttype=\"button\"\n\t\t\taria-haspopup=\"dialog\"\n\t\t\tdata-wp-bind--aria-label=\"state.thisImage.triggerButtonAriaLabel\"\n\t\t\tdata-wp-init=\"callbacks.initTriggerButton\"\n\t\t\tdata-wp-on--click=\"actions.showLightbox\"\n\t\t\tdata-wp-style--right=\"state.thisImage.buttonRight\"\n\t\t\tdata-wp-style--top=\"state.thisImage.buttonTop\"\n\t\t>\n\t\t\t<svg xmlns=\"http:\/\/www.w3.org\/2000\/svg\" width=\"12\" height=\"12\" fill=\"none\" viewBox=\"0 0 12 12\">\n\t\t\t\t<path fill=\"#fff\" d=\"M2 0a2 2 0 0 0-2 2v2h1.5V2a.5.5 0 0 1 .5-.5h2V0H2Zm2 10.5H2a.5.5 0 0 1-.5-.5V8H0v2a2 2 0 0 0 2 2h2v-1.5ZM8 12v-1.5h2a.5.5 0 0 0 .5-.5V8H12v2a2 2 0 0 1-2 2H8Zm2-12a2 2 0 0 1 2 2v2h-1.5V2a.5.5 0 0 0-.5-.5H8V0h2Z\" \/>\n\t\t\t<\/svg>\n\t\t<\/button><figcaption class=\"wp-element-caption\">Foto: Svilen Enev Svik \/ Wikimedia Commons, CC BY-SA 3.0<\/figcaption><\/figure>\n\n\n\n<h3 class=\"wp-block-heading\"><span class=\"ez-toc-section\" id=\"11_Skorpilovci_es_Kamcsija\"><\/span>11. Skorpilovci \u00e9s Kamcsija<span class=\"ez-toc-section-end\"><\/span><\/h3>\n\n\n\n<p class=\"wp-block-paragraph\">Ez a V\u00e1rn\u00e1t\u00f3l d\u00e9lre fekv\u0151 homoks\u00e1v egy jelent\u0151s orsz\u00e1gos rekordot tart. Az \u00f6sszekapcsol\u00f3d\u00f3 Skorpilovci \u00e9s Kamcsija strandok a maguk 11,96 kilom\u00e9teres hossz\u00e1val <strong>Bulg\u00e1ria leghosszabb megszak\u00edt\u00e1s n\u00e9lk\u00fcli strandj\u00e1t<\/strong> alkotj\u00e1k. Egyes helyeken r\u00e1ad\u00e1sul a homoksz\u0151nyeg sz\u00e9less\u00e9ge el\u00e9ri a hihetetlen 100\u2013120 m\u00e9tert.<\/p>\n\n\n\n<p class=\"wp-block-paragraph\">A bolg\u00e1r sajt\u00f3 ezt a ter\u00fcletet a 2026-os ny\u00e1rra a legjobb helynek nevezte, ahov\u00e1 el lehet menek\u00fclni a turistat\u00f6megek el\u0151l. Az \u00f3ri\u00e1si kiterjed\u00e9snek k\u00f6sz\u00f6nhet\u0151en itt sosem \u00e9rzed magad \u00f6sszez\u00e1rtnak. Tal\u00e1lsz ugyan n\u00e9h\u00e1ny kisebb hotelt \u00e9s \u00e9ttermet, de <strong>a strand nagy r\u00e9sze teljesen vad<\/strong> marad, s\u0171r\u0171 t\u00f6lgyerd\u0151kkel k\u00f6r\u00fclv\u00e9ve.<\/p>\n\n\n\n<p class=\"wp-block-paragraph\">A ter\u00fclet egyben az orsz\u00e1g legnagyobb leg\u00e1lis s\u00e1toroz\u00e1si z\u00f3n\u00e1j\u00e1nak is otthona. Ha szereted a szabads\u00e1got, biztosan \u00f6r\u00fclsz majd, hogy a Skorpilovci f\u00e9lrees\u0151 \u00e9szaki szakaszai <strong>toler\u00e1lt, nem hivatalos nudista strandk\u00e9nt<\/strong> m\u0171k\u00f6dnek. Az idei szezon \u00fajdons\u00e1ga r\u00e1ad\u00e1sul, hogy a ter\u00fcleti igazgat\u00e1s el\u0151sz\u00f6r hozott ide p\u00e1ly\u00e1zat \u00fatj\u00e1n v\u00edziment\u0151ket.<\/p>\n\n\n\n<figure data-wp-context=\"{&quot;imageId&quot;:&quot;6a9c335a07bc6&quot;}\" data-wp-interactive=\"core\/image\" data-wp-key=\"6a9c335a07bc6\" class=\"wp-block-image size-full wp-lightbox-container\"><img decoding=\"async\" width=\"1800\" height=\"1350\" data-wp-class--hide=\"state.isContentHidden\" data-wp-class--show=\"state.isContentVisible\" data-wp-init=\"callbacks.setButtonStyles\" data-wp-on--click=\"actions.showLightbox\" data-wp-on--load=\"callbacks.setButtonStyles\" data-wp-on--pointerdown=\"actions.preloadImage\" data-wp-on--pointerenter=\"actions.preloadImageWithDelay\" data-wp-on--pointerleave=\"actions.cancelPreload\" data-wp-on-window--resize=\"callbacks.setButtonStyles\" src=\"https:\/\/loudavymkrokem.cz\/wp-content\/uploads\/2026\/08\/bulharsko-research-plaze-bulharsko-17.jpg\" alt=\"A vad Pasa dere strand V\u00e1rn\u00e1t\u00f3l d\u00e9lre\" class=\"wp-image-404223\" title=\"\" srcset=\"https:\/\/loudavymkrokem.cz\/wp-content\/uploads\/2026\/08\/bulharsko-research-plaze-bulharsko-17.jpg 1800w, https:\/\/loudavymkrokem.cz\/wp-content\/uploads\/2026\/08\/bulharsko-research-plaze-bulharsko-17-300x225.jpg 300w, https:\/\/loudavymkrokem.cz\/wp-content\/uploads\/2026\/08\/bulharsko-research-plaze-bulharsko-17-700x525.jpg 700w, https:\/\/loudavymkrokem.cz\/wp-content\/uploads\/2026\/08\/bulharsko-research-plaze-bulharsko-17-768x576.jpg 768w, https:\/\/loudavymkrokem.cz\/wp-content\/uploads\/2026\/08\/bulharsko-research-plaze-bulharsko-17-1536x1152.jpg 1536w, https:\/\/loudavymkrokem.cz\/wp-content\/uploads\/2026\/08\/bulharsko-research-plaze-bulharsko-17-80x60.jpg 80w, https:\/\/loudavymkrokem.cz\/wp-content\/uploads\/2026\/08\/bulharsko-research-plaze-bulharsko-17-160x120.jpg 160w, https:\/\/loudavymkrokem.cz\/wp-content\/uploads\/2026\/08\/bulharsko-research-plaze-bulharsko-17-696x522.jpg 696w, https:\/\/loudavymkrokem.cz\/wp-content\/uploads\/2026\/08\/bulharsko-research-plaze-bulharsko-17-1392x1044.jpg 1392w\" sizes=\"(max-width: 1800px) 100vw, 1800px\" \/><button\n\t\t\tclass=\"lightbox-trigger\"\n\t\t\ttype=\"button\"\n\t\t\taria-haspopup=\"dialog\"\n\t\t\tdata-wp-bind--aria-label=\"state.thisImage.triggerButtonAriaLabel\"\n\t\t\tdata-wp-init=\"callbacks.initTriggerButton\"\n\t\t\tdata-wp-on--click=\"actions.showLightbox\"\n\t\t\tdata-wp-style--right=\"state.thisImage.buttonRight\"\n\t\t\tdata-wp-style--top=\"state.thisImage.buttonTop\"\n\t\t>\n\t\t\t<svg xmlns=\"http:\/\/www.w3.org\/2000\/svg\" width=\"12\" height=\"12\" fill=\"none\" viewBox=\"0 0 12 12\">\n\t\t\t\t<path fill=\"#fff\" d=\"M2 0a2 2 0 0 0-2 2v2h1.5V2a.5.5 0 0 1 .5-.5h2V0H2Zm2 10.5H2a.5.5 0 0 1-.5-.5V8H0v2a2 2 0 0 0 2 2h2v-1.5ZM8 12v-1.5h2a.5.5 0 0 0 .5-.5V8H12v2a2 2 0 0 1-2 2H8Zm2-12a2 2 0 0 1 2 2v2h-1.5V2a.5.5 0 0 0-.5-.5H8V0h2Z\" \/>\n\t\t\t<\/svg>\n\t\t<\/button><figcaption class=\"wp-element-caption\">Foto: Original uploader was Svilen Enev at bg.wikipedia \/ Wikimedia Commons, CC BY-SA 3.0<\/figcaption><\/figure>\n\n\n\n<h3 class=\"wp-block-heading\"><span class=\"ez-toc-section\" id=\"12_Pasa_dere\"><\/span>12. Pasa dere<span class=\"ez-toc-section-end\"><\/span><\/h3>\n\n\n\n<p class=\"wp-block-paragraph\">V\u00e1rn\u00e1t\u00f3l egy kicsit d\u00e9lre rejt\u0151zik ennek a nagyv\u00e1rosnak a lak\u00f3i \u00e1ltal kedvelt mened\u00e9k. A Pasa dere teljesen \u00e9rintetlen vad strand, amelyhez azonban <strong>nagyon rossz \u00e9s felt\u00fart f\u00f6ld\u00fat<\/strong> vezet. Ha nincs magas\u00edtott terepj\u00e1r\u00f3d, a helyiek azt aj\u00e1nlj\u00e1k, ink\u00e1bb hagyd fent az aut\u00f3t, \u00e9s az \u00fat h\u00e1tral\u00e9v\u0151 r\u00e9sz\u00e9t s\u00e9t\u00e1ld v\u00e9gig.<\/p>\n\n\n\n<p class=\"wp-block-paragraph\">H\u00e1tteret ne v\u00e1rj (nincs t\u00e9rer\u0151, iv\u00f3v\u00edz \u00e9s szemetes sem), de cser\u00e9be <strong>tiszta term\u00e9szet, finom homok \u00e9s minim\u00e1lis ember<\/strong> v\u00e1r m\u00e9g augusztus k\u00f6zep\u00e9n is. A k\u00f6rnyez\u0151 erd\u0151k kellemes \u00e1rny\u00e9kot adnak, ami m\u00e1shol a parton gyakran hi\u00e1nyzik.<\/p>\n\n\n\n<p class=\"wp-block-paragraph\">A Pasa dere a laza k\u00f6z\u00f6ss\u00e9gi hangulat\u00e1r\u00f3l ismert. Este gyakran hallasz git\u00e1rsz\u00f3t a t\u00e1bort\u00fczekn\u00e9l, \u00e9s a strand egy r\u00e9sz\u00e9t <strong>hagyom\u00e1nyosan a naturizmus h\u00edvei haszn\u00e1lj\u00e1k<\/strong>. Ide\u00e1lis hely egynapos menek\u00fcl\u00e9sre a ny\u00fczsg\u0151 V\u00e1rn\u00e1b\u00f3l, csak elegend\u0151 \u00e9telt, vizet \u00e9s szemeteszs\u00e1kot kell magaddal hoznod.<\/p>\n\n\n\n<figure data-wp-context=\"{&quot;imageId&quot;:&quot;6a9c335a0804e&quot;}\" data-wp-interactive=\"core\/image\" data-wp-key=\"6a9c335a0804e\" class=\"wp-block-image size-full wp-lightbox-container\"><img decoding=\"async\" width=\"1800\" height=\"1350\" data-wp-class--hide=\"state.isContentHidden\" data-wp-class--show=\"state.isContentVisible\" data-wp-init=\"callbacks.setButtonStyles\" data-wp-on--click=\"actions.showLightbox\" data-wp-on--load=\"callbacks.setButtonStyles\" data-wp-on--pointerdown=\"actions.preloadImage\" data-wp-on--pointerenter=\"actions.preloadImageWithDelay\" data-wp-on--pointerleave=\"actions.cancelPreload\" data-wp-on-window--resize=\"callbacks.setButtonStyles\" src=\"https:\/\/loudavymkrokem.cz\/wp-content\/uploads\/2026\/08\/bulharsko-research-plaze-bulharsko-18.jpg\" alt=\"A vad Karadere strand Bjala k\u00f6zel\u00e9ben\" class=\"wp-image-404226\" title=\"\" srcset=\"https:\/\/loudavymkrokem.cz\/wp-content\/uploads\/2026\/08\/bulharsko-research-plaze-bulharsko-18.jpg 1800w, https:\/\/loudavymkrokem.cz\/wp-content\/uploads\/2026\/08\/bulharsko-research-plaze-bulharsko-18-300x225.jpg 300w, https:\/\/loudavymkrokem.cz\/wp-content\/uploads\/2026\/08\/bulharsko-research-plaze-bulharsko-18-700x525.jpg 700w, https:\/\/loudavymkrokem.cz\/wp-content\/uploads\/2026\/08\/bulharsko-research-plaze-bulharsko-18-768x576.jpg 768w, https:\/\/loudavymkrokem.cz\/wp-content\/uploads\/2026\/08\/bulharsko-research-plaze-bulharsko-18-1536x1152.jpg 1536w, https:\/\/loudavymkrokem.cz\/wp-content\/uploads\/2026\/08\/bulharsko-research-plaze-bulharsko-18-80x60.jpg 80w, https:\/\/loudavymkrokem.cz\/wp-content\/uploads\/2026\/08\/bulharsko-research-plaze-bulharsko-18-160x120.jpg 160w, https:\/\/loudavymkrokem.cz\/wp-content\/uploads\/2026\/08\/bulharsko-research-plaze-bulharsko-18-696x522.jpg 696w, https:\/\/loudavymkrokem.cz\/wp-content\/uploads\/2026\/08\/bulharsko-research-plaze-bulharsko-18-1392x1044.jpg 1392w\" sizes=\"(max-width: 1800px) 100vw, 1800px\" \/><button\n\t\t\tclass=\"lightbox-trigger\"\n\t\t\ttype=\"button\"\n\t\t\taria-haspopup=\"dialog\"\n\t\t\tdata-wp-bind--aria-label=\"state.thisImage.triggerButtonAriaLabel\"\n\t\t\tdata-wp-init=\"callbacks.initTriggerButton\"\n\t\t\tdata-wp-on--click=\"actions.showLightbox\"\n\t\t\tdata-wp-style--right=\"state.thisImage.buttonRight\"\n\t\t\tdata-wp-style--top=\"state.thisImage.buttonTop\"\n\t\t>\n\t\t\t<svg xmlns=\"http:\/\/www.w3.org\/2000\/svg\" width=\"12\" height=\"12\" fill=\"none\" viewBox=\"0 0 12 12\">\n\t\t\t\t<path fill=\"#fff\" d=\"M2 0a2 2 0 0 0-2 2v2h1.5V2a.5.5 0 0 1 .5-.5h2V0H2Zm2 10.5H2a.5.5 0 0 1-.5-.5V8H0v2a2 2 0 0 0 2 2h2v-1.5ZM8 12v-1.5h2a.5.5 0 0 0 .5-.5V8H12v2a2 2 0 0 1-2 2H8Zm2-12a2 2 0 0 1 2 2v2h-1.5V2a.5.5 0 0 0-.5-.5H8V0h2Z\" \/>\n\t\t\t<\/svg>\n\t\t<\/button><figcaption class=\"wp-element-caption\">Foto: Svilen Enev \/ Wikimedia Commons (CC BY-SA 3.0)<\/figcaption><\/figure>\n\n\n\n<!-- LKM_GYG_CARD start q=\"bulgaria\" lang=\"hu\" rendered=\"2026-09-05T12:16:23+00:00\" v=\"1\" -->\n<style id=\"lk-gyg-styles\">\n@import url(\"https:\/\/fonts.googleapis.com\/css2?family=Playfair+Display:wght@700&family=DM+Sans:wght@300;400;500;600&display=swap\");\n\/* === LK GYG karty \u2014 CRO redesign 2026-05 (namespace .lkx-) ===\n   C\u00edl: vy\u0161\u0161\u00ed CTR (hero + v\u00fdrazn\u00fd social proof + ak\u010dn\u00ed CTA, m\u00e9n\u011b \"reklamn\u00ed\").\n   Injektuje se inline do prvn\u00edho markeru postu (refresh_cards.py --inline-css). *\/\n.lkx-module, .lkx-module *{box-sizing:border-box;margin:0;padding:0}\n.lkx-module{\n  font-family:'DM Sans',-apple-system,Segoe UI,Roboto,Georgia,sans-serif;\n  max-width:860px;margin:2.5rem auto;color:#1f2328;\n}\n\n\/* HEADER \u2014 lehk\u00fd editorsk\u00fd, \u017e\u00e1dn\u00fd bannerov\u00fd blok; nadpis + popisek pod n\u00edm *\/\n.lkx-head{margin-bottom:16px}\n.lkx-head-main{display:flex;align-items:center;gap:10px}\n.lkx-head-accent{width:26px;height:3px;border-radius:2px;background:#c39f76;flex-shrink:0}\n.lkx-head-title{font-family:'Playfair Display',Georgia,serif;font-size:21px;font-weight:700;color:#1a1a1a;line-height:1.25}\n.lkx-head-meta{display:block;font-size:11px;letter-spacing:.3px;color:#9aa0a6;margin-top:4px;margin-left:36px}\n\n\/* HERO *\/\n.lkx-hero{display:grid;grid-template-columns:300px 1fr;background:#fff;border:1px solid #ece7df;border-radius:14px;overflow:hidden;text-decoration:none!important;color:inherit;box-shadow:0 6px 20px rgba(0,0,0,.06);transition:box-shadow .2s,transform .2s;margin-bottom:14px}\n.lkx-hero:hover{box-shadow:0 12px 30px rgba(0,0,0,.12);transform:translateY(-2px)}\n.lkx-hero-img{position:relative;min-height:230px;background-size:cover;background-position:center;background-color:#eee}\n.lkx-hero-body{padding:22px 24px;display:flex;flex-direction:column}\n.lkx-pick{position:absolute;top:12px;left:12px;background:#1a1a1a;color:#fff;font-size:11px;font-weight:700;letter-spacing:.5px;padding:5px 11px;border-radius:20px}\n\n\/* TITLE *\/\n.lkx-title{font-size:19px;font-weight:700;color:#161616;line-height:1.3}\n.lkx-title-sm{font-size:14.5px;line-height:1.35;display:-webkit-box;-webkit-line-clamp:2;-webkit-box-orient:vertical;overflow:hidden}\n\n\/* SOCIAL PROOF \u2014 v\u00fdrazn\u011b, naho\u0159e *\/\n.lkx-proof{display:flex;align-items:center;gap:7px;margin-top:12px;font-size:15px;color:#3a3a3a}\n.lkx-proof b{font-size:16px;color:#161616}\n.lkx-stars{color:#f5a623;letter-spacing:1px}\n.lkx-proof-sm{font-size:12.5px;margin-top:8px;gap:5px}\n.lkx-proof-sm b{font-size:13px}\n.lkx-proof-new{color:#3685fc;font-weight:600}\n\n\/* PRICE \u2014 n\u00edzk\u00e1 kotva *\/\n.lkx-price{font-size:14px;color:#6b7280}\n.lkx-price b{font-size:20px;color:#161616;font-weight:700}\n.lkx-price-sm b{font-size:15px}\n\n\/* CTA \u2014 tepl\u00e9 ak\u010dn\u00ed tla\u010d\u00edtko *\/\n.lkx-cta{display:inline-flex;align-items:center;justify-content:center;text-decoration:none!important;font-weight:700;color:#fff!important;background:linear-gradient(135deg,#f6743f,#e8552a);border-radius:10px;box-shadow:0 6px 16px rgba(232,85,42,.32);transition:box-shadow .2s}\n.lkx-cta-hero{font-size:15px;padding:13px 22px}\n.lkx-hero:hover .lkx-cta-hero{box-shadow:0 8px 22px rgba(232,85,42,.45)}\n.lkx-cta-sm{font-size:12.5px;padding:9px 14px;width:100%;margin-top:2px}\n.lkx-hero-bottom{margin-top:auto;padding-top:18px;display:flex;align-items:center;justify-content:space-between;gap:14px;flex-wrap:wrap}\n\n\/* BADGE \u2014 jeden v\u00fdrazn\u00fd na fotce *\/\n.lkx-badge{position:absolute;top:12px;right:12px;font-size:10.5px;font-weight:700;letter-spacing:.3px;padding:5px 10px;border-radius:16px;color:#fff}\n.lkx-badge.badge-urgency{background:rgba(214,40,40,.92)}\n.lkx-badge.badge-new{background:rgba(54,133,252,.92)}\n.lkx-badge.badge-top{background:rgba(195,159,118,.95)}\n.lkx-badge.badge-info{background:rgba(40,40,40,.78)}\n\n\/* SECONDARY GRID *\/\n.lkx-grid{display:grid;grid-template-columns:1fr 1fr;gap:14px}\n.lkx-card{background:#fff;border:1px solid #ece7df;border-radius:14px;overflow:hidden;text-decoration:none!important;color:inherit;box-shadow:0 4px 14px rgba(0,0,0,.05);display:flex;flex-direction:column;transition:box-shadow .2s,transform .2s}\n.lkx-card:hover{box-shadow:0 10px 24px rgba(0,0,0,.1);transform:translateY(-2px)}\n.lkx-card-img{position:relative;aspect-ratio:16\/10;background-size:cover;background-position:center;background-color:#eee}\n.lkx-card-body{padding:14px 16px 16px;display:flex;flex-direction:column;gap:7px;flex:1}\n.lkx-card-bottom{margin-top:auto;padding-top:10px;display:flex;align-items:center;justify-content:space-between;gap:8px}\n\n\/* DISCLOSURE \u2014 drobn\u00e1, kv\u016fli d\u016fv\u011b\u0159e\/z\u00e1konu *\/\n.lkx-disclosure{font-size:11px;color:#a7adb3;text-align:center;margin-top:14px;line-height:1.6}\n.lkx-disclosure a{color:#c39f76;text-decoration:none}\n\n@media(max-width:680px){\n  .lkx-hero{grid-template-columns:1fr}\n  .lkx-hero-img{min-height:180px}\n  .lkx-grid{grid-template-columns:1fr}\n  .lkx-head-meta{margin-left:0;width:100%}\n  .lkx-head-title{font-size:19px}\n}\n\n<\/style>\n<div class=\"lkx-module\" data-query=\"bulgaria\">\n  <div class=\"lkx-head\">\n    <div class=\"lkx-head-main\">\n      <span class=\"lkx-head-accent\"><\/span>\n      <span class=\"lkx-head-title\">\u00c9lm\u00e9nyek \u00e9s bel\u00e9p\u0151jegyek<\/span>\n    <\/div>\n    <span class=\"lkx-head-meta\">utaz\u00f3k \u00e1ltal \u00e9rt\u00e9kelve \u00b7 GetYourGuide<\/span>\n  <\/div><a class=\"lkx-hero\" href=\"https:\/\/www.getyourguide.com\/hu-hu\/pomorie-l149447\/napsugaras-part-sotavak-es-iszapfurdok-kirandulas-t1259959\/?partner_id=MKZ64IS&amp;utm_medium=online_publisher&amp;cmp=bulgaria-strandok-legszebb\" target=\"_blank\" rel=\"sponsored noopener nofollow\">\n    <div class=\"lkx-hero-img\" style=\"background-image:url('https:\/\/cdn.getyourguide.com\/img\/tour\/378ce030b6b58bfca59767d2cffdf74a461b5fb0d66cd6d8a87bf21be2776b91.jpg\/132.jpg')\" role=\"img\" aria-label=\"Napsugaras part: S\u00f3tavak \u00e9s iszapf\u00fcrd\u0151k \u2013 kir\u00e1ndul\u00e1s\">\n      <span class=\"lkx-pick\">\u2605 A mi tipp\u00fcnk<\/span><\/div>\n    <div class=\"lkx-hero-body\">\n      <div class=\"lkx-title\">Napsugaras part: S\u00f3tavak \u00e9s iszapf\u00fcrd\u0151k \u2013 kir\u00e1ndul\u00e1s<\/div>\n      <div class=\"lkx-proof\">\n      <span class=\"lkx-stars\">\u2605\u2605\u2605\u2605\u2605<\/span>\n      <b>4.7<\/b> \u00b7 119 \u00e9rt\u00e9kel\u00e9s\n    <\/div>\n      <div class=\"lkx-hero-bottom\"><div class=\"lkx-price\">m\u00e1r <b>45\u00a0EUR<\/b><\/div><span class=\"lkx-cta lkx-cta-hero\">Ezt az \u00e9lm\u00e9nyt akarom \u2192<\/span>\n      <\/div>\n    <\/div>\n  <\/a><div class=\"lkx-disclosure\">\ud83d\udd17 A linkek partnerlinkek \u2014 az \u00e1rat nem v\u00e1ltoztatj\u00e1k, nek\u00fcnk viszont seg\u00edtenek a tartalomk\u00e9sz\u00edt\u00e9sben. \u00b7 <a href=\"https:\/\/www.getyourguide.com\/hu-hu\/s\/?q=bulgaria&amp;partner_id=MKZ64IS&amp;utm_medium=online_publisher\" target=\"_blank\" rel=\"sponsored noopener nofollow\">\u00d6sszes \u00e9lm\u00e9ny \u2192<\/a><\/div>\n<\/div>\n<!-- LKM_GYG_CARD end -->\n\n\n\n\n<div class=\"lk-stays-module\">\n<style>\n\/* \u2500\u2500\u2500 RESET PRO GUTENBERG \u2500\u2500\u2500 *\/\n.lk-stays-module * { box-sizing: border-box; margin: 0; padding: 0; }\n\n\/* \u2500\u2500\u2500 WRAPPER \u2500\u2500\u2500 *\/\n.lk-stays-module {\n  font-family: 'DM Sans', Georgia, sans-serif;\n  max-width: 100%;\n  margin: 2.5rem auto;\n  background: linear-gradient(135deg, #fdfaf5 0%, #fcf8f0 100%);\n  border: 1px solid #e8dfd4;\n  border-radius: 16px;\n  overflow: hidden;\n  box-shadow: 0 16px 48px rgba(195, 159, 118, 0.25), 0 4px 12px rgba(0,0,0,0.08);\n}\n\n\/* \u2500\u2500\u2500 HEADER \u2500\u2500\u2500 *\/\n.lk-stays-header {\n  position: relative;\n  padding: 24px 36px 24px;\n  background: linear-gradient(135deg, #c39f76 0%, #d4b188 60%, #c39f76 100%);\n  border-bottom: 1px solid rgba(255,255,255,.15);\n  display: flex;\n  align-items: center;\n  gap: 18px;\n}\n.lk-stays-header::before {\n  content: '';\n  position: absolute;\n  inset: 0;\n  background: url(\"data:image\/svg+xml,%3Csvg width='60' height='60' viewBox='0 0 60 60' xmlns='http:\/\/www.w3.org\/2000\/svg'%3E%3Cg fill='none' fill-rule='evenodd'%3E%3Cg fill='%23ffffff' fill-opacity='0.05'%3E%3Cpath d='M36 34v-4h-2v4h-4v2h4v4h2v-4h4v-2h-4zm0-30V0h-2v4h-4v2h4v4h2V6h4V4h-4zM6 34v-4H4v4H0v2h4v4h2v-4h4v-2H6zM6 4V0H4v4H0v2h4v4h2V6h4V4H6z'\/%3E%3C\/g%3E%3C\/g%3E%3C\/svg%3E\") repeat;\n  pointer-events: none;\n}\n.lk-stays-icon {\n  flex-shrink: 0;\n  width: 68px;\n  height: 68px;\n  border-radius: 14px;\n  background: linear-gradient(135deg, #fff 0%, #f9f6f0 100%);\n  display: flex;\n  align-items: center;\n  justify-content: center;\n  font-size: 26px;\n  box-shadow: 0 4px 12px rgba(0,0,0,0.15);\n}\n.lk-stays-eyebrow {\n  font-size: 10px;\n  font-weight: 500;\n  letter-spacing: 2.5px;\n  text-transform: uppercase;\n  color: rgba(255,255,255,.85);\n  margin: 0 0 5px 0;\n}\n.lk-stays-title {\n  font-family: 'Playfair Display', Georgia, serif;\n  font-size: 24px;\n  font-weight: 700;\n  color: #fff;\n  line-height: 1.2;\n  text-shadow: 0 1px 2px rgba(0,0,0,0.1);\n  margin: 0;\n}\n.lk-stays-subtitle {\n  font-size: 13px;\n  color: rgba(255,255,255,.75);\n  margin: 4px 0 0 0;\n  font-weight: 300;\n}\n\n\/* \u2500\u2500\u2500 CARDS GRID \u2500\u2500\u2500 *\/\n.lk-stays-grid {\n  display: grid;\n  grid-template-columns: 1fr 1fr;\n  gap: 1px;\n  background: rgba(195, 159, 118, 0.12);\n}\n\n\/* \u2500\u2500\u2500 SINGLE CARD \u2500\u2500\u2500 *\/\n.lk-stay-card {\n  background: #ffffff;\n  padding: 26px;\n  display: flex;\n  flex-direction: column;\n  gap: 11px;\n  transition: all 0.3s ease;\n  text-decoration: none;\n  color: inherit;\n  position: relative;\n}\n.lk-stay-card:hover {\n  background: #fffbf5;\n  transform: translateY(-2px);\n  box-shadow: 0 8px 24px rgba(195, 159, 118, 0.18);\n  z-index: 1;\n}\n.lk-stay-card.featured {\n  background: linear-gradient(135deg, #fffdf9 0%, #fff9f0 100%);\n  box-shadow: 0 4px 16px rgba(195, 159, 118, 0.15), inset 0 1px 0 rgba(195, 159, 118, 0.1);\n}\n.lk-stay-card.featured:hover {\n  background: linear-gradient(135deg, #fffbf5 0%, #fff8ed 100%);\n  box-shadow: 0 8px 24px rgba(195, 159, 118, 0.25), inset 0 1px 0 rgba(195, 159, 118, 0.15);\n}\n\n.lk-stay-badge {\n  display: inline-flex;\n  align-items: center;\n  gap: 5px;\n  font-size: 10px;\n  font-weight: 500;\n  letter-spacing: 1.5px;\n  text-transform: uppercase;\n  padding: 5px 11px;\n  border-radius: 20px;\n  width: fit-content;\n}\n.badge-top     { background: linear-gradient(135deg, #c39f76 0%, #d4b188 100%); color: #fff; border: 1px solid #c39f76; font-weight: 600; box-shadow: 0 2px 8px rgba(195,159,118,0.3); }\n.badge-luxury  { background: rgba(195,159,118,.12); color: #c39f76; border: 1px solid rgba(195,159,118,.25); }\n.badge-boutique{ background: rgba(54,133,252,.08); color: #3685fc; border: 1px solid rgba(54,133,252,.2); }\n.badge-nature  { background: rgba(130,190,100,.1); color: #6b9c4a; border: 1px solid rgba(130,190,100,.2); }\n.badge-remote  { background: rgba(195,159,118,.12); color: #a67e50; border: 1px solid rgba(195,159,118,.25); }\n\n.lk-stay-name {\n  font-family: 'Playfair Display', Georgia, serif;\n  font-size: 18px;\n  font-weight: 700;\n  color: #111827;\n  line-height: 1.3;\n}\n.lk-stay-desc {\n  font-size: 13.5px;\n  color: #525252;\n  line-height: 1.65;\n  font-weight: 300;\n  flex: 1;\n}\n\n.lk-stay-meta {\n  display: flex;\n  align-items: center;\n  gap: 12px;\n  flex-wrap: wrap;\n  margin-top: 4px;\n}\n.lk-stay-price {\n  font-size: 13px;\n  color: #6b7280;\n}\n.lk-stay-price strong {\n  color: #c39f76;\n  font-weight: 500;\n}\n.lk-stay-stars {\n  color: #c39f76;\n  font-size: 11px;\n  letter-spacing: 1px;\n}\n\n\/* \u2500\u2500\u2500 CTA BUTTON \u2500\u2500\u2500 *\/\n.lk-stay-cta {\n  display: inline-flex;\n  align-items: center;\n  justify-content: center;\n  gap: 7px;\n  margin-top: 8px;\n  padding: 11px 20px;\n  border-radius: 8px;\n  background: linear-gradient(135deg, #3685fc 0%, #2a6fd9 100%);\n  color: #fff;\n  font-size: 13px;\n  font-weight: 500;\n  text-decoration: none;\n  letter-spacing: .3px;\n  transition: all .2s ease;\n  cursor: pointer;\n  border: none;\n  text-align: center;\n  box-shadow: 0 4px 12px rgba(54, 133, 252, 0.25);\n}\n.lk-stay-cta:hover {\n  background: linear-gradient(135deg, #2a6fd9 0%, #1e5bc4 100%);\n  transform: translateY(-1px);\n  box-shadow: 0 6px 16px rgba(54, 133, 252, 0.35);\n}\n.lk-stay-cta svg { flex-shrink: 0; }\n\n\/* \u2500\u2500\u2500 FOOTER \u2500\u2500\u2500 *\/\n.lk-stays-footer {\n  padding: 18px 36px;\n  background: linear-gradient(to bottom, #fdfaf5 0%, #f9f4ed 100%);\n  border-top: 1px solid rgba(195, 159, 118, 0.15);\n  display: flex;\n  align-items: center;\n  justify-content: space-between;\n  flex-wrap: wrap;\n  gap: 12px;\n}\n.lk-stays-footer-note {\n  font-size: 11.5px;\n  color: #6b7280;\n  font-weight: 300;\n  line-height: 1.5;\n}\n.lk-stays-footer-note a {\n  color: #c39f76;\n  text-decoration: none;\n  font-weight: 400;\n}\n.lk-stays-footer-note a:hover {\n  text-decoration: underline;\n}\n.lk-stays-all-btn {\n  display: inline-flex;\n  align-items: center;\n  gap: 6px;\n  font-size: 12.5px;\n  font-weight: 500;\n  color: #c39f76;\n  text-decoration: none;\n  border: 1px solid rgba(195, 159, 118, 0.35);\n  padding: 8px 18px;\n  border-radius: 8px;\n  transition: all .2s ease;\n}\n.lk-stays-all-btn:hover {\n  background: rgba(195, 159, 118, 0.08);\n  border-color: rgba(195, 159, 118, 0.5);\n}\n\n\/* \u2500\u2500\u2500 RESPONSIVE \u2500\u2500\u2500 *\/\n@media (max-width: 600px) {\n  .lk-stays-grid { grid-template-columns: 1fr; }\n  .lk-stays-header { padding: 24px 20px; }\n  .lk-stays-footer { padding: 16px 20px; }\n  .lk-stay-card { padding: 22px; }\n  .lk-stays-title { font-size: 20px; }\n}\n<\/style>\n\n  <!-- HEADER -->\n  <div class=\"lk-stays-header\">\n    <img decoding=\"async\" src=\"https:\/\/loudavymkrokem.cz\/wp-content\/uploads\/2026\/02\/lukas-a-lucka.jpg\" alt=\"\" style=\"width: 75px; height: 75px; border-radius: 8px; flex-shrink: 0; object-fit: cover; display: block; margin: 4px 0;\" title=\"\">\n    <div class=\"lk-stays-header-text\">\n      <div class=\"lk-stays-eyebrow\">Luk\u00e1\u0161 \u00e9s Lucie aj\u00e1nlj\u00e1k<\/div>\n      <div class=\"lk-stays-title\">Hol sz\u00e1lljon meg Bulg\u00e1ri\u00e1ban<\/div>\n      <div class=\"lk-stays-subtitle\">6 sz\u00e1ll\u00e1shely \u2014 hotelek \u00e9s egy\u00e9b sz\u00e1ll\u00e1slehet\u0151s\u00e9gek<\/div>\n    <\/div>\n  <\/div>\n\n  <!-- CARDS -->\n  <div class=\"lk-stays-grid\">\n\n    <a class=\"lk-stay-card featured\" href=\"https:\/\/www.stay22.com\/allez\/roam?aid=lukaskonecny&#038;campaign=loudavymkrokemcz&#038;campaign=hu&#038;campaign=plaze-bulharsko&#038;address=Albena%2C%20Bulharsko\" target=\"_blank\" rel=\"nofollow noopener\">\n      <span class=\"lk-stay-badge badge-top\">\u2b50 TOP V\u00c1LASZT\u00c1S<\/span>\n      <span class=\"lk-stay-badge badge-nature\">\ud83c\udfd6\ufe0f Beach<\/span>\n      <div class=\"lk-stay-name\">Sz\u00e1ll\u00e1s Alben\u00e1ban<\/div>\n      <div class=\"lk-stay-desc\">Z\u00e1rt \u00fcd\u00fcl\u0151komplexum 6 km hossz\u00fa stranddal, a part leglassabb v\u00edzbe jut\u00e1s\u00e1val, ide\u00e1lis csal\u00e1dok sz\u00e1m\u00e1ra gyermekekkel.<\/div>\n      <div class=\"lk-stay-meta\">\n        <span class=\"lk-stay-stars\">\u2605\u2605\u2605\u2605<\/span>\n        <span class=\"lk-stay-price\">\u00c1rak ellen\u0151rz\u00e9se<\/span>\n      <\/div>\n      <span class=\"lk-stay-cta\">\n        <svg width=\"14\" height=\"14\" viewBox=\"0 0 24 24\" fill=\"none\" stroke=\"currentColor\" stroke-width=\"2\"><path d=\"M18 13v6a2 2 0 0 1-2 2H5a2 2 0 0 1-2-2V8a2 2 0 0 1 2-2h6\"\/><polyline points=\"15 3 21 3 21 9\"\/><line x1=\"10\" y1=\"14\" x2=\"21\" y2=\"3\"\/><\/svg>\n        Ellen\u0151rizd az el\u00e9rhet\u0151s\u00e9get\n      <\/span>\n    <\/a>\n\n    <a class=\"lk-stay-card\" href=\"https:\/\/www.stay22.com\/allez\/roam?aid=lukaskonecny&#038;campaign=loudavymkrokemcz&#038;campaign=hu&#038;campaign=plaze-bulharsko&#038;address=Kranevo%2C%20Bulharsko\" target=\"_blank\" rel=\"nofollow noopener\">\n      <span class=\"lk-stay-badge badge-nature\">\ud83c\udfd6\ufe0f Beach<\/span>\n      <div class=\"lk-stay-name\">Sz\u00e1ll\u00e1s Kranev\u00f3ban<\/div>\n      <div class=\"lk-stay-desc\">Nyugodtabb alternat\u00edva Alben\u00e1hoz k\u00e9pest, kiv\u00e1l\u00f3 min\u0151s\u00e9g\u0171 K\u00e9k Z\u00e1szl\u00f3s stranddal, alacsonyabb \u00e1rak, mint a szomsz\u00e9dos \u00fcd\u00fcl\u0151helyeken.<\/div>\n      <div class=\"lk-stay-meta\">\n        <span class=\"lk-stay-stars\">\u2605\u2605\u2605\u2605<\/span>\n        <span class=\"lk-stay-price\">\u00c1rak ellen\u0151rz\u00e9se<\/span>\n      <\/div>\n      <span class=\"lk-stay-cta\">\n        <svg width=\"14\" height=\"14\" viewBox=\"0 0 24 24\" fill=\"none\" stroke=\"currentColor\" stroke-width=\"2\"><path d=\"M18 13v6a2 2 0 0 1-2 2H5a2 2 0 0 1-2-2V8a2 2 0 0 1 2-2h6\"\/><polyline points=\"15 3 21 3 21 9\"\/><line x1=\"10\" y1=\"14\" x2=\"21\" y2=\"3\"\/><\/svg>\n        Ellen\u0151rizd az el\u00e9rhet\u0151s\u00e9get\n      <\/span>\n    <\/a>\n\n    <a class=\"lk-stay-card\" href=\"https:\/\/www.stay22.com\/allez\/roam?aid=lukaskonecny&#038;campaign=loudavymkrokemcz&#038;campaign=hu&#038;campaign=plaze-bulharsko&#038;address=Zlat%C3%A9%20p%C3%ADsky%2C%20Bulharsko\" target=\"_blank\" rel=\"nofollow noopener\">\n      <span class=\"lk-stay-badge badge-nature\">\ud83c\udfd6\ufe0f Beach<\/span>\n      <div class=\"lk-stay-name\">Sz\u00e1ll\u00e1s Zlatni Pjaszaciban<\/div>\n      <div class=\"lk-stay-desc\">Az orsz\u00e1g m\u00e1sodik legnagyobb \u00fcd\u00fcl\u0151helye 3,5 km-es stranddal term\u00e9szeti parkban, t\u00f6bb tucat strandb\u00e1r \u00e9s akt\u00edv \u00e9jszakai \u00e9let.<\/div>\n      <div class=\"lk-stay-meta\">\n        <span class=\"lk-stay-stars\">\u2605\u2605\u2605\u2605<\/span>\n        <span class=\"lk-stay-price\">\u00c1rak ellen\u0151rz\u00e9se<\/span>\n      <\/div>\n      <span class=\"lk-stay-cta\">\n        <svg width=\"14\" height=\"14\" viewBox=\"0 0 24 24\" fill=\"none\" stroke=\"currentColor\" stroke-width=\"2\"><path d=\"M18 13v6a2 2 0 0 1-2 2H5a2 2 0 0 1-2-2V8a2 2 0 0 1 2-2h6\"\/><polyline points=\"15 3 21 3 21 9\"\/><line x1=\"10\" y1=\"14\" x2=\"21\" y2=\"3\"\/><\/svg>\n        Ellen\u0151rizd az el\u00e9rhet\u0151s\u00e9get\n      <\/span>\n    <\/a>\n\n    <a class=\"lk-stay-card\" href=\"https:\/\/www.stay22.com\/allez\/roam?aid=lukaskonecny&#038;campaign=loudavymkrokemcz&#038;campaign=hu&#038;campaign=plaze-bulharsko&#038;address=Slune%C4%8Dn%C3%A9%20pob%C5%99e%C5%BE%C3%AD%2C%20Bulharsko\" target=\"_blank\" rel=\"nofollow noopener\">\n      <span class=\"lk-stay-badge badge-nature\">\ud83c\udfd6\ufe0f Beach<\/span>\n      <div class=\"lk-stay-name\">Sz\u00e1ll\u00e1s Naposparton<\/div>\n      <div class=\"lk-stay-desc\">Bulg\u00e1ria legnagyobb \u00fcd\u00fcl\u0151helye 6,1 km-es stranddal, a turizmus k\u00f6zpontja l\u00fcktet\u0151 \u00e9jszakai \u00e9lettel \u00e9s aquaparkok.<\/div>\n      <div class=\"lk-stay-meta\">\n        <span class=\"lk-stay-stars\">\u2605\u2605\u2605\u2605<\/span>\n        <span class=\"lk-stay-price\">\u00c1rak ellen\u0151rz\u00e9se<\/span>\n      <\/div>\n      <span class=\"lk-stay-cta\">\n        <svg width=\"14\" height=\"14\" viewBox=\"0 0 24 24\" fill=\"none\" stroke=\"currentColor\" stroke-width=\"2\"><path d=\"M18 13v6a2 2 0 0 1-2 2H5a2 2 0 0 1-2-2V8a2 2 0 0 1 2-2h6\"\/><polyline points=\"15 3 21 3 21 9\"\/><line x1=\"10\" y1=\"14\" x2=\"21\" y2=\"3\"\/><\/svg>\n        Ellen\u0151rizd az el\u00e9rhet\u0151s\u00e9get\n      <\/span>\n    <\/a>\n\n    <a class=\"lk-stay-card\" href=\"https:\/\/www.stay22.com\/allez\/roam?aid=lukaskonecny&#038;campaign=loudavymkrokemcz&#038;campaign=hu&#038;campaign=plaze-bulharsko&#038;address=Nesebar%2C%20Bulharsko\" target=\"_blank\" rel=\"nofollow noopener\">\n      <span class=\"lk-stay-badge badge-nature\">\ud83c\udfe8 Hotel<\/span>\n      <div class=\"lk-stay-name\">Sz\u00e1ll\u00e1s Neszebarban<\/div>\n      <div class=\"lk-stay-desc\">UNESCO t\u00f6rt\u00e9nelmi v\u00e1ros d\u00e9li stranddal, kultur\u00e1lt l\u00e9gk\u00f6r, a f\u00fcrd\u0151z\u00e9s \u00e9s a l\u00e1tnival\u00f3k felfedez\u00e9s\u00e9nek kombin\u00e1ci\u00f3ja.<\/div>\n      <div class=\"lk-stay-meta\">\n        <span class=\"lk-stay-stars\">\u2605\u2605\u2605\u2605<\/span>\n        <span class=\"lk-stay-price\">\u00c1rak ellen\u0151rz\u00e9se<\/span>\n      <\/div>\n      <span class=\"lk-stay-cta\">\n        <svg width=\"14\" height=\"14\" viewBox=\"0 0 24 24\" fill=\"none\" stroke=\"currentColor\" stroke-width=\"2\"><path d=\"M18 13v6a2 2 0 0 1-2 2H5a2 2 0 0 1-2-2V8a2 2 0 0 1 2-2h6\"\/><polyline points=\"15 3 21 3 21 9\"\/><line x1=\"10\" y1=\"14\" x2=\"21\" y2=\"3\"\/><\/svg>\n        Ellen\u0151rizd az el\u00e9rhet\u0151s\u00e9get\n      <\/span>\n    <\/a>\n\n    <a class=\"lk-stay-card\" href=\"https:\/\/www.stay22.com\/allez\/roam?aid=lukaskonecny&#038;campaign=loudavymkrokemcz&#038;campaign=hu&#038;campaign=plaze-bulharsko&#038;address=Sozopol%2C%20Bulharsko\" target=\"_blank\" rel=\"nofollow noopener\">\n      <span class=\"lk-stay-badge badge-nature\">\ud83c\udfe8 Hotel<\/span>\n      <div class=\"lk-stay-name\">Sz\u00e1ll\u00e1s Szozopolban<\/div>\n      <div class=\"lk-stay-desc\">A legst\u00edlusosabb d\u00e9li \u00fcd\u00fcl\u0151hely \u0151si k\u00f6zponttal, k\u00e9t K\u00e9k Z\u00e1szl\u00f3s strand, a legjobb gasztron\u00f3mia.<\/div>\n      <div class=\"lk-stay-meta\">\n        <span class=\"lk-stay-stars\">\u2605\u2605\u2605\u2605<\/span>\n        <span class=\"lk-stay-price\">\u00c1rak ellen\u0151rz\u00e9se<\/span>\n      <\/div>\n      <span class=\"lk-stay-cta\">\n        <svg width=\"14\" height=\"14\" viewBox=\"0 0 24 24\" fill=\"none\" stroke=\"currentColor\" stroke-width=\"2\"><path d=\"M18 13v6a2 2 0 0 1-2 2H5a2 2 0 0 1-2-2V8a2 2 0 0 1 2-2h6\"\/><polyline points=\"15 3 21 3 21 9\"\/><line x1=\"10\" y1=\"14\" x2=\"21\" y2=\"3\"\/><\/svg>\n        Ellen\u0151rizd az el\u00e9rhet\u0151s\u00e9get\n      <\/span>\n    <\/a>\n\n  <\/div>\n\n  \n<\/div>\n\n\n\n\n<h3 class=\"wp-block-heading\"><span class=\"ez-toc-section\" id=\"13_Karadere\"><\/span>13. Karadere<span class=\"ez-toc-section-end\"><\/span><\/h3>\n\n\n\n<p class=\"wp-block-paragraph\">Nagyj\u00e1b\u00f3l f\u00e9l\u00faton V\u00e1rna \u00e9s Burgasz k\u00f6z\u00f6tt, Bjala v\u00e1roska mellett fekszik egy strand, amely m\u00e1r \u00e9vek \u00f3ta \u00f3ri\u00e1si indulatokat kelt. A Karadere t\u00f6bb kilom\u00e9ter hossz\u00fa, \u00e9s <strong>igazi vadon, amelyet a <a href=\"https:\/\/ec.europa.eu\/environment\/nature\/natura2000\/index_en.htm\" rel=\"nofollow noopener\" target=\"_blank\">Natura 2000<\/a> program v\u00e9d<\/strong>. Az idejut\u00e1s nagyon rossz f\u00f6ld\u00faton vezet, amely er\u0151sebb es\u0151 ut\u00e1n a hagyom\u00e1nyos alacsony aut\u00f3k sz\u00e1m\u00e1ra teljesen j\u00e1rhatatlann\u00e1 v\u00e1lik.<\/p>\n\n\n\n<p class=\"wp-block-paragraph\">A Karadere strandon nem tal\u00e1lsz \u00e1ramot, szemetest vagy v\u00edziment\u0151ket, \u00e9s <strong>az egyetlen iv\u00f3v\u00edzforr\u00e1s egy kis forr\u00e1s<\/strong> az erd\u0151ben. \u00c9ppen ez az, ami a vadont vonz\u00f3v\u00e1 teszi: minden ny\u00e1ron m\u0171v\u00e9szek, sz\u00f6rf\u00f6s\u00f6k \u00e9s olyan emberek v\u00e1ndorolnak ide, akiknek nincs sz\u00fcks\u00e9g\u00fck a civiliz\u00e1ci\u00f3ra. Az \u00f6b\u00f6l r\u00e1ad\u00e1sul arr\u00f3l ismert, hogy nagyon gyakran mutatkoznak itt vad delfinek eg\u00e9szen k\u00f6zel a parthoz.<\/p>\n\n\n\n<p class=\"wp-block-paragraph\">A helysz\u00ednt sajnos tart\u00f3san fenyegetik a nagy fejleszt\u0151k tervei, amelyek ellen rendszeresen t\u00fcntet\u00e9seket szerveznek. A &#8220;Da spaszim Karadere&#8221; \u00f6kol\u00f3giai kezdem\u00e9nyez\u00e9s 2025-ben is a term\u00e9szet megment\u00e9s\u00e9\u00e9rt harcolt itt. A h\u00e1tizs\u00e1kosoknak gy\u00f6ny\u00f6r\u0171 hely, de <strong>lak\u00f3aut\u00f3val id\u00e9n semmik\u00e9pp se indulj ide<\/strong> (b\u0151vebben lentebb a kempingez\u00e9sr\u0151l sz\u00f3l\u00f3 r\u00e9szben).<\/p>\n\n\n\n<figure data-wp-context=\"{&quot;imageId&quot;:&quot;6a9c335a08749&quot;}\" data-wp-interactive=\"core\/image\" data-wp-key=\"6a9c335a08749\" class=\"wp-block-image size-full wp-lightbox-container\"><img decoding=\"async\" width=\"1800\" height=\"1350\" data-wp-class--hide=\"state.isContentHidden\" data-wp-class--show=\"state.isContentVisible\" data-wp-init=\"callbacks.setButtonStyles\" data-wp-on--click=\"actions.showLightbox\" data-wp-on--load=\"callbacks.setButtonStyles\" data-wp-on--pointerdown=\"actions.preloadImage\" data-wp-on--pointerenter=\"actions.preloadImageWithDelay\" data-wp-on--pointerleave=\"actions.cancelPreload\" data-wp-on-window--resize=\"callbacks.setButtonStyles\" src=\"https:\/\/loudavymkrokem.cz\/wp-content\/uploads\/2026\/08\/bulharsko-research-plaze-bulharsko-19.jpg\" alt=\"\u00dcd\u00fcl\u0151hely a bolg\u00e1r tengerparton\" class=\"wp-image-404230\" title=\"\" srcset=\"https:\/\/loudavymkrokem.cz\/wp-content\/uploads\/2026\/08\/bulharsko-research-plaze-bulharsko-19.jpg 1800w, https:\/\/loudavymkrokem.cz\/wp-content\/uploads\/2026\/08\/bulharsko-research-plaze-bulharsko-19-300x225.jpg 300w, https:\/\/loudavymkrokem.cz\/wp-content\/uploads\/2026\/08\/bulharsko-research-plaze-bulharsko-19-700x525.jpg 700w, https:\/\/loudavymkrokem.cz\/wp-content\/uploads\/2026\/08\/bulharsko-research-plaze-bulharsko-19-768x576.jpg 768w, https:\/\/loudavymkrokem.cz\/wp-content\/uploads\/2026\/08\/bulharsko-research-plaze-bulharsko-19-1536x1152.jpg 1536w, https:\/\/loudavymkrokem.cz\/wp-content\/uploads\/2026\/08\/bulharsko-research-plaze-bulharsko-19-80x60.jpg 80w, https:\/\/loudavymkrokem.cz\/wp-content\/uploads\/2026\/08\/bulharsko-research-plaze-bulharsko-19-160x120.jpg 160w, https:\/\/loudavymkrokem.cz\/wp-content\/uploads\/2026\/08\/bulharsko-research-plaze-bulharsko-19-696x522.jpg 696w, https:\/\/loudavymkrokem.cz\/wp-content\/uploads\/2026\/08\/bulharsko-research-plaze-bulharsko-19-1392x1044.jpg 1392w\" sizes=\"(max-width: 1800px) 100vw, 1800px\" \/><button\n\t\t\tclass=\"lightbox-trigger\"\n\t\t\ttype=\"button\"\n\t\t\taria-haspopup=\"dialog\"\n\t\t\tdata-wp-bind--aria-label=\"state.thisImage.triggerButtonAriaLabel\"\n\t\t\tdata-wp-init=\"callbacks.initTriggerButton\"\n\t\t\tdata-wp-on--click=\"actions.showLightbox\"\n\t\t\tdata-wp-style--right=\"state.thisImage.buttonRight\"\n\t\t\tdata-wp-style--top=\"state.thisImage.buttonTop\"\n\t\t>\n\t\t\t<svg xmlns=\"http:\/\/www.w3.org\/2000\/svg\" width=\"12\" height=\"12\" fill=\"none\" viewBox=\"0 0 12 12\">\n\t\t\t\t<path fill=\"#fff\" d=\"M2 0a2 2 0 0 0-2 2v2h1.5V2a.5.5 0 0 1 .5-.5h2V0H2Zm2 10.5H2a.5.5 0 0 1-.5-.5V8H0v2a2 2 0 0 0 2 2h2v-1.5ZM8 12v-1.5h2a.5.5 0 0 0 .5-.5V8H12v2a2 2 0 0 1-2 2H8Zm2-12a2 2 0 0 1 2 2v2h-1.5V2a.5.5 0 0 0-.5-.5H8V0h2Z\" \/>\n\t\t\t<\/svg>\n\t\t<\/button><figcaption class=\"wp-element-caption\">Foto: Denitsa Kireva \/ Pexels<\/figcaption><\/figure>\n\n\n\n<h2 class=\"wp-block-heading\"><span class=\"ez-toc-section\" id=\"A_klasszikus_udulohelyek_es_varosi_strandok\"><\/span>A klasszikus: \u00fcd\u00fcl\u0151helyek \u00e9s v\u00e1rosi strandok<span class=\"ez-toc-section-end\"><\/span><\/h2>\n\n\n\n<p class=\"wp-block-paragraph\">Azoknak, akik a nyaral\u00e1son els\u0151sorban k\u00e9nyelmet, kifog\u00e1stalan kiszolg\u00e1l\u00e1st \u00e9s garant\u00e1lt sz\u00f3rakoz\u00e1st keresnek, a <strong>bolg\u00e1r \u00fcd\u00fcl\u0151helyek<\/strong> <strong>els\u0151rang\u00fa h\u00e1tteret<\/strong> k\u00edn\u00e1lnak. Felejtsd el a szocializmus kor\u00e1nak r\u00e9gi panelhoteljeit, a mai \u00fcd\u00fcl\u0151k magabiztosan felveszik a versenyt a nyugat-eur\u00f3paiakkal.<\/p>\n\n\n\n<p class=\"wp-block-paragraph\">Ak\u00e1r <strong>biztons\u00e1gos sek\u00e9ly vizet keresel a totyog\u00f3knak<\/strong>, ak\u00e1r v\u00e9gtelen \u00e9jszakai \u00e9letet vagy <strong>romantikus s\u00e9t\u00e1kat a t\u00f6rt\u00e9nelmi utc\u00e1csk\u00e1kban<\/strong>, ebb\u0151l a k\u00edn\u00e1latb\u00f3l biztosan v\u00e1lasztasz. R\u00e1ad\u00e1sul olyan \u00e1rakon, amelyek D\u00e9l-Eur\u00f3p\u00e1hoz k\u00e9pest m\u00e9g mindig nagyon kellemesek.<\/p>\n\n\n\n<figure data-wp-context=\"{&quot;imageId&quot;:&quot;6a9c335a08be7&quot;}\" data-wp-interactive=\"core\/image\" data-wp-key=\"6a9c335a08be7\" class=\"wp-block-image size-full wp-lightbox-container\"><img decoding=\"async\" width=\"1800\" height=\"1196\" data-wp-class--hide=\"state.isContentHidden\" data-wp-class--show=\"state.isContentVisible\" data-wp-init=\"callbacks.setButtonStyles\" data-wp-on--click=\"actions.showLightbox\" data-wp-on--load=\"callbacks.setButtonStyles\" data-wp-on--pointerdown=\"actions.preloadImage\" data-wp-on--pointerenter=\"actions.preloadImageWithDelay\" data-wp-on--pointerleave=\"actions.cancelPreload\" data-wp-on-window--resize=\"callbacks.setButtonStyles\" src=\"https:\/\/loudavymkrokem.cz\/wp-content\/uploads\/2026\/08\/bulharsko-research-plaze-bulharsko-20.jpg\" alt=\"Az Albena \u00fcd\u00fcl\u0151 sz\u00e9les homokos strandja\" class=\"wp-image-404233\" title=\"\" srcset=\"https:\/\/loudavymkrokem.cz\/wp-content\/uploads\/2026\/08\/bulharsko-research-plaze-bulharsko-20.jpg 1800w, https:\/\/loudavymkrokem.cz\/wp-content\/uploads\/2026\/08\/bulharsko-research-plaze-bulharsko-20-300x199.jpg 300w, https:\/\/loudavymkrokem.cz\/wp-content\/uploads\/2026\/08\/bulharsko-research-plaze-bulharsko-20-700x465.jpg 700w, https:\/\/loudavymkrokem.cz\/wp-content\/uploads\/2026\/08\/bulharsko-research-plaze-bulharsko-20-768x510.jpg 768w, https:\/\/loudavymkrokem.cz\/wp-content\/uploads\/2026\/08\/bulharsko-research-plaze-bulharsko-20-1536x1021.jpg 1536w, https:\/\/loudavymkrokem.cz\/wp-content\/uploads\/2026\/08\/bulharsko-research-plaze-bulharsko-20-696x462.jpg 696w, https:\/\/loudavymkrokem.cz\/wp-content\/uploads\/2026\/08\/bulharsko-research-plaze-bulharsko-20-1392x925.jpg 1392w\" sizes=\"(max-width: 1800px) 100vw, 1800px\" \/><button\n\t\t\tclass=\"lightbox-trigger\"\n\t\t\ttype=\"button\"\n\t\t\taria-haspopup=\"dialog\"\n\t\t\tdata-wp-bind--aria-label=\"state.thisImage.triggerButtonAriaLabel\"\n\t\t\tdata-wp-init=\"callbacks.initTriggerButton\"\n\t\t\tdata-wp-on--click=\"actions.showLightbox\"\n\t\t\tdata-wp-style--right=\"state.thisImage.buttonRight\"\n\t\t\tdata-wp-style--top=\"state.thisImage.buttonTop\"\n\t\t>\n\t\t\t<svg xmlns=\"http:\/\/www.w3.org\/2000\/svg\" width=\"12\" height=\"12\" fill=\"none\" viewBox=\"0 0 12 12\">\n\t\t\t\t<path fill=\"#fff\" d=\"M2 0a2 2 0 0 0-2 2v2h1.5V2a.5.5 0 0 1 .5-.5h2V0H2Zm2 10.5H2a.5.5 0 0 1-.5-.5V8H0v2a2 2 0 0 0 2 2h2v-1.5ZM8 12v-1.5h2a.5.5 0 0 0 .5-.5V8H12v2a2 2 0 0 1-2 2H8Zm2-12a2 2 0 0 1 2 2v2h-1.5V2a.5.5 0 0 0-.5-.5H8V0h2Z\" \/>\n\t\t\t<\/svg>\n\t\t<\/button><figcaption class=\"wp-element-caption\">Foto: www.bdmundo.com \/ Wikimedia Commons, CC BY-SA 2.0<\/figcaption><\/figure>\n\n\n\n<h3 class=\"wp-block-heading\"><span class=\"ez-toc-section\" id=\"14_Albena\"><\/span>14. Albena<span class=\"ez-toc-section-end\"><\/span><\/h3>\n\n\n\n<p class=\"wp-block-paragraph\">Az Albena a kisgyerekes csal\u00e1di nyaral\u00e1shoz tal\u00e1n a legalaposabban megtervezett \u00fcd\u00fcl\u0151 az eg\u00e9sz tengerparton, \u00e9s a v\u00edzm\u00e9lys\u00e9gre vonatkoz\u00f3 sz\u00e1mok ezt igazolj\u00e1k. Az Albena egy z\u00e1rt komplexum V\u00e1rn\u00e1t\u00f3l \u00e9szakra, amely <strong>hat kilom\u00e9ter hossz\u00fa \u00e9s hihetetlen 150 m\u00e9ter sz\u00e9les<\/strong> homokos stranddal b\u00fcszk\u00e9lkedik. F\u0151szezonban r\u00e1ad\u00e1sul az eg\u00e9sz ter\u00fclet el van z\u00e1rva a hagyom\u00e1nyos aut\u00f3forgalom el\u0151l.<\/p>\n\n\n\n<p class=\"wp-block-paragraph\">A strand mintaszer\u0171en szervezett, \u00e9s term\u00e9szetesen K\u00e9k z\u00e1szl\u00f3s. Tal\u00e1lsz itt ak\u00e1r Eur\u00f3pa els\u0151 strandk\u00f6nyvt\u00e1r\u00e1t is, amely ingyen k\u00edn\u00e1l t\u00f6bb mint 6000 k\u00f6tetet tizen\u00f6t nyelven, valamint biztons\u00e1gos mini-sz\u00e9feket, amelyek k\u00f6zvetlen\u00fcl a naperny\u0151kbe vannak be\u00e9p\u00edtve. Egy nap\u00e1gy b\u00e9rl\u00e9s\u00e9\u00e9rt <strong>nagyon szimpatikus 3,58 eur\u00f3t<\/strong> (kb. 1290 Ft) fizetsz, ami egy pr\u00e9mium \u00fcd\u00fcl\u0151n remek \u00e1r.<\/p>\n\n\n\n<p class=\"wp-block-paragraph\">A legfontosabb azonban a felsz\u00edn alatt rejlik. Az Alben\u00e1ban van <strong>a legfokozatosabb v\u00edzbe l\u00e9p\u00e9s az eg\u00e9sz parton<\/strong> (b\u0151vebben a csal\u00e1doknak sz\u00f3l\u00f3 r\u00e9szben). A v\u00edz itt gy\u00f6ny\u00f6r\u0171en tiszta, \u00e9s a finom, k\u00f6vekt\u0151l mentes homoknak k\u00f6sz\u00f6nhet\u0151en nincs sz\u00fcks\u00e9ged v\u00edzi cip\u0151re.<\/p>\n\n\n\n<figure data-wp-context=\"{&quot;imageId&quot;:&quot;6a9c335a0922e&quot;}\" data-wp-interactive=\"core\/image\" data-wp-key=\"6a9c335a0922e\" class=\"wp-block-image size-full wp-lightbox-container\"><img decoding=\"async\" width=\"1800\" height=\"1350\" data-wp-class--hide=\"state.isContentHidden\" data-wp-class--show=\"state.isContentVisible\" data-wp-init=\"callbacks.setButtonStyles\" data-wp-on--click=\"actions.showLightbox\" data-wp-on--load=\"callbacks.setButtonStyles\" data-wp-on--pointerdown=\"actions.preloadImage\" data-wp-on--pointerenter=\"actions.preloadImageWithDelay\" data-wp-on--pointerleave=\"actions.cancelPreload\" data-wp-on-window--resize=\"callbacks.setButtonStyles\" src=\"https:\/\/loudavymkrokem.cz\/wp-content\/uploads\/2026\/08\/bulharsko-research-plaze-bulharsko-21.jpg\" alt=\"Strand Kranev\u00f3ban Albena \u00e9s az Aranyhomok k\u00f6z\u00f6tt\" class=\"wp-image-404237\" title=\"\" srcset=\"https:\/\/loudavymkrokem.cz\/wp-content\/uploads\/2026\/08\/bulharsko-research-plaze-bulharsko-21.jpg 1800w, https:\/\/loudavymkrokem.cz\/wp-content\/uploads\/2026\/08\/bulharsko-research-plaze-bulharsko-21-300x225.jpg 300w, https:\/\/loudavymkrokem.cz\/wp-content\/uploads\/2026\/08\/bulharsko-research-plaze-bulharsko-21-700x525.jpg 700w, https:\/\/loudavymkrokem.cz\/wp-content\/uploads\/2026\/08\/bulharsko-research-plaze-bulharsko-21-768x576.jpg 768w, https:\/\/loudavymkrokem.cz\/wp-content\/uploads\/2026\/08\/bulharsko-research-plaze-bulharsko-21-1536x1152.jpg 1536w, https:\/\/loudavymkrokem.cz\/wp-content\/uploads\/2026\/08\/bulharsko-research-plaze-bulharsko-21-80x60.jpg 80w, https:\/\/loudavymkrokem.cz\/wp-content\/uploads\/2026\/08\/bulharsko-research-plaze-bulharsko-21-160x120.jpg 160w, https:\/\/loudavymkrokem.cz\/wp-content\/uploads\/2026\/08\/bulharsko-research-plaze-bulharsko-21-696x522.jpg 696w, https:\/\/loudavymkrokem.cz\/wp-content\/uploads\/2026\/08\/bulharsko-research-plaze-bulharsko-21-1392x1044.jpg 1392w\" sizes=\"(max-width: 1800px) 100vw, 1800px\" \/><button\n\t\t\tclass=\"lightbox-trigger\"\n\t\t\ttype=\"button\"\n\t\t\taria-haspopup=\"dialog\"\n\t\t\tdata-wp-bind--aria-label=\"state.thisImage.triggerButtonAriaLabel\"\n\t\t\tdata-wp-init=\"callbacks.initTriggerButton\"\n\t\t\tdata-wp-on--click=\"actions.showLightbox\"\n\t\t\tdata-wp-style--right=\"state.thisImage.buttonRight\"\n\t\t\tdata-wp-style--top=\"state.thisImage.buttonTop\"\n\t\t>\n\t\t\t<svg xmlns=\"http:\/\/www.w3.org\/2000\/svg\" width=\"12\" height=\"12\" fill=\"none\" viewBox=\"0 0 12 12\">\n\t\t\t\t<path fill=\"#fff\" d=\"M2 0a2 2 0 0 0-2 2v2h1.5V2a.5.5 0 0 1 .5-.5h2V0H2Zm2 10.5H2a.5.5 0 0 1-.5-.5V8H0v2a2 2 0 0 0 2 2h2v-1.5ZM8 12v-1.5h2a.5.5 0 0 0 .5-.5V8H12v2a2 2 0 0 1-2 2H8Zm2-12a2 2 0 0 1 2 2v2h-1.5V2a.5.5 0 0 0-.5-.5H8V0h2Z\" \/>\n\t\t\t<\/svg>\n\t\t<\/button><figcaption class=\"wp-element-caption\">Foto: Dziadzik me!!! \/ Wikimedia Commons (CC BY-SA 3.0)<\/figcaption><\/figure>\n\n\n\n<p class=\"wp-block-paragraph\">\ud83d\udc49 <a href=\"https:\/\/www.stay22.com\/allez\/roam?aid=lukaskonecny&#038;campaign=loudavymkrokemcz&#038;campaign=plaze-bulharsko&#038;address=Albena%2C%20Bulharsko\" target=\"_blank\" rel=\"nofollow noopener\"><strong>N\u00e9zd meg a sz\u00e1ll\u00e1s\u00e1rakat ennek a strandnak a k\u00f6rny\u00e9k\u00e9n<\/strong><\/a><\/p>\n\n\n\n<h3 class=\"wp-block-heading\"><span class=\"ez-toc-section\" id=\"15_Kranevo\"><\/span>15. Kranevo<span class=\"ez-toc-section-end\"><\/span><\/h3>\n\n\n\n<p class=\"wp-block-paragraph\">R\u00f6gt\u00f6n a f\u00e9ny\u0171z\u0151bb Albena szomsz\u00e9ds\u00e1g\u00e1ban fekszik a kisebb Kranevo \u00fcd\u00fcl\u0151hely. Gyakorlatilag ugyanazt a homoks\u00e1vot osztja meg vele, de itt <strong>sokkal laz\u00e1bb \u00e9s f\u0151leg olcs\u00f3bb hangulat<\/strong> uralkodik. A strand cs\u00facsmin\u0151s\u00e9get tart, amit az is bizony\u00edt, hogy az \u00e9szaki \u00e9s a k\u00f6zponti r\u00e9sz is elnyerte a K\u00e9k z\u00e1szl\u00f3t 2026-ra.<\/p>\n\n\n\n<p class=\"wp-block-paragraph\">Az utaz\u00f3k a Kranev\u00f3t ide\u00e1lis kompromisszumk\u00e9nt dics\u00e9rik. A homok itt ragyog\u00f3an tiszta, a talaj nem tartalmaz kellemetlen k\u00f6veket vagy alg\u00e1kat, \u00e9s a lejt\u00e9s a v\u00edzbe nagyon lank\u00e1s. A szomsz\u00e9dos nagy \u00fcd\u00fcl\u0151kkel ellent\u00e9tben itt <strong>a helyi \u00e9ttermekben \u00e9rezhet\u0151en kevesebbet fizetsz az eb\u00e9d\u00e9rt<\/strong>, a szolg\u00e1ltat\u00e1sok min\u0151s\u00e9ge viszont magas marad.<\/p>\n\n\n\n<p class=\"wp-block-paragraph\">\u00c9rdekess\u00e9g, hogy a Kranevo azon ritka helysz\u00ednek k\u00f6z\u00e9 tartozik az \u00e9szaki parton, ahov\u00e1 id\u0151nk\u00e9nt a <strong>kitesurf\u00f6s\u00f6k<\/strong> is ell\u00e1togatnak. A statisztik\u00e1k szerint azonban itt csak az \u00e9v napjainak nagyj\u00e1b\u00f3l 11%-\u00e1n f\u00faj haszn\u00e1lhat\u00f3 sz\u00e9l, m\u00e9ghozz\u00e1 els\u0151sorban tavasszal \u00e9s \u0151sszel, \u00edgy a <strong>ny\u00e1ri f\u00fcrd\u00e9st<\/strong> a hull\u00e1mok semmik\u00e9pp sem zavarj\u00e1k meg.<\/p>\n\n\n\n<figure data-wp-context=\"{&quot;imageId&quot;:&quot;6a9c335a09873&quot;}\" data-wp-interactive=\"core\/image\" data-wp-key=\"6a9c335a09873\" class=\"wp-block-image size-full wp-lightbox-container\"><img decoding=\"async\" width=\"1800\" height=\"1012\" data-wp-class--hide=\"state.isContentHidden\" data-wp-class--show=\"state.isContentVisible\" data-wp-init=\"callbacks.setButtonStyles\" data-wp-on--click=\"actions.showLightbox\" data-wp-on--load=\"callbacks.setButtonStyles\" data-wp-on--pointerdown=\"actions.preloadImage\" data-wp-on--pointerenter=\"actions.preloadImageWithDelay\" data-wp-on--pointerleave=\"actions.cancelPreload\" data-wp-on-window--resize=\"callbacks.setButtonStyles\" src=\"https:\/\/loudavymkrokem.cz\/wp-content\/uploads\/2026\/08\/bulharsko-research-plaze-bulharsko-22.jpg\" alt=\"Aranyhomok strand V\u00e1rn\u00e1t\u00f3l \u00e9szakra\" class=\"wp-image-404241\" title=\"\" srcset=\"https:\/\/loudavymkrokem.cz\/wp-content\/uploads\/2026\/08\/bulharsko-research-plaze-bulharsko-22.jpg 1800w, https:\/\/loudavymkrokem.cz\/wp-content\/uploads\/2026\/08\/bulharsko-research-plaze-bulharsko-22-300x169.jpg 300w, https:\/\/loudavymkrokem.cz\/wp-content\/uploads\/2026\/08\/bulharsko-research-plaze-bulharsko-22-700x394.jpg 700w, https:\/\/loudavymkrokem.cz\/wp-content\/uploads\/2026\/08\/bulharsko-research-plaze-bulharsko-22-768x432.jpg 768w, https:\/\/loudavymkrokem.cz\/wp-content\/uploads\/2026\/08\/bulharsko-research-plaze-bulharsko-22-1536x864.jpg 1536w, https:\/\/loudavymkrokem.cz\/wp-content\/uploads\/2026\/08\/bulharsko-research-plaze-bulharsko-22-696x391.jpg 696w, https:\/\/loudavymkrokem.cz\/wp-content\/uploads\/2026\/08\/bulharsko-research-plaze-bulharsko-22-1392x783.jpg 1392w\" sizes=\"(max-width: 1800px) 100vw, 1800px\" \/><button\n\t\t\tclass=\"lightbox-trigger\"\n\t\t\ttype=\"button\"\n\t\t\taria-haspopup=\"dialog\"\n\t\t\tdata-wp-bind--aria-label=\"state.thisImage.triggerButtonAriaLabel\"\n\t\t\tdata-wp-init=\"callbacks.initTriggerButton\"\n\t\t\tdata-wp-on--click=\"actions.showLightbox\"\n\t\t\tdata-wp-style--right=\"state.thisImage.buttonRight\"\n\t\t\tdata-wp-style--top=\"state.thisImage.buttonTop\"\n\t\t>\n\t\t\t<svg xmlns=\"http:\/\/www.w3.org\/2000\/svg\" width=\"12\" height=\"12\" fill=\"none\" viewBox=\"0 0 12 12\">\n\t\t\t\t<path fill=\"#fff\" d=\"M2 0a2 2 0 0 0-2 2v2h1.5V2a.5.5 0 0 1 .5-.5h2V0H2Zm2 10.5H2a.5.5 0 0 1-.5-.5V8H0v2a2 2 0 0 0 2 2h2v-1.5ZM8 12v-1.5h2a.5.5 0 0 0 .5-.5V8H12v2a2 2 0 0 1-2 2H8Zm2-12a2 2 0 0 1 2 2v2h-1.5V2a.5.5 0 0 0-.5-.5H8V0h2Z\" \/>\n\t\t\t<\/svg>\n\t\t<\/button><figcaption class=\"wp-element-caption\">Foto: karel291 \/ Wikimedia Commons, CC BY 3.0<\/figcaption><\/figure>\n\n\n\n<p class=\"wp-block-paragraph\">\ud83d\udc49 <a href=\"https:\/\/www.stay22.com\/allez\/roam?aid=lukaskonecny&#038;campaign=loudavymkrokemcz&#038;campaign=plaze-bulharsko&#038;address=Kranevo%2C%20Bulharsko\" target=\"_blank\" rel=\"nofollow noopener\"><strong>N\u00e9zd meg a sz\u00e1ll\u00e1s\u00e1rakat ennek a strandnak a k\u00f6rny\u00e9k\u00e9n<\/strong><\/a><\/p>\n\n\n\n<h3 class=\"wp-block-heading\"><span class=\"ez-toc-section\" id=\"16_Aranyhomok\"><\/span>16. Aranyhomok<span class=\"ez-toc-section-end\"><\/span><\/h3>\n\n\n\n<p class=\"wp-block-paragraph\">Az Aranyhomok a Napospart ut\u00e1n az orsz\u00e1g m\u00e1sodik legismertebb \u00fcd\u00fcl\u0151je. A strand nagyj\u00e1b\u00f3l h\u00e1rom \u00e9s f\u00e9l kilom\u00e9ter hossz\u00fa, k\u00f6r\u00fclbel\u00fcl 100 m\u00e9ter sz\u00e9les, \u00e9s az eg\u00e9sz ter\u00fclet fantasztikus fekv\u00e9s\u00e9b\u0151l profit\u00e1l. A hotelek ugyanis <strong>k\u00f6zvetlen\u00fcl egy term\u00e9szetv\u00e9delmi park s\u0171r\u0171 erdej\u00e9ben \u00e9p\u00fcltek<\/strong>, ami sz\u00e9p kontrasztot alkot a s\u00e1rga homokkal \u00e9s a k\u00e9k tengerrel.<\/p>\n\n\n\n<p class=\"wp-block-paragraph\">A ter\u00fclet csup\u00e1n 20 perc aut\u00f3\u00fatra fekszik V\u00e1rn\u00e1t\u00f3l, \u00e9s els\u0151sorban az akt\u00edv nyaral\u00e1sra \u00f6sszpontos\u00edt. T\u00f6bb tucat strandb\u00e1rt, klubot \u00e9s v\u00edzi l\u00e1tv\u00e1nyoss\u00e1got tal\u00e1lsz itt. Sz\u00e1m\u00edts azonban r\u00e1, hogy ez\u00e9rt a komfort\u00e9rt fel\u00e1rat fizetsz. A nap\u00e1gyak \u00e1ra 2026-ban felsz\u00f6k\u00f6tt 5\u20136 eur\u00f3ra darabonk\u00e9nt, ami az egyik legdr\u00e1g\u00e1bb helly\u00e9 teszi Bulg\u00e1ri\u00e1ban.<\/p>\n\n\n\n<p class=\"wp-block-paragraph\">Az Aranyhomok leg\u00e9szakibb sz\u00e9l\u00e9n egy nagy \u00e9rdekess\u00e9get is tal\u00e1lsz. Itt tal\u00e1lhat\u00f3 a <strong>Nirvana strand, ami az orsz\u00e1g egyetlen hivatalos nudista strandja<\/strong> teljes k\u00f6r\u0171 szolg\u00e1ltat\u00e1sokkal. Az \u00fczemeltet\u0151 m\u00e1r 18 \u00e9ve m\u0171k\u00f6dteti, vannak itt v\u00edziment\u0151k, bel\u00e9ptet\u00e9s-ellen\u0151rz\u00e9s \u00e9s b\u00e1r is, a nap\u00e1gyak pedig nem ker\u00fclnek t\u00f6bbe, mint a szomsz\u00e9dos &#8220;textiles&#8221; z\u00f3n\u00e1ban.<\/p>\n\n\n\n<figure data-wp-context=\"{&quot;imageId&quot;:&quot;6a9c335a09f7e&quot;}\" data-wp-interactive=\"core\/image\" data-wp-key=\"6a9c335a09f7e\" class=\"wp-block-image size-full wp-lightbox-container\"><img decoding=\"async\" width=\"1800\" height=\"1207\" data-wp-class--hide=\"state.isContentHidden\" data-wp-class--show=\"state.isContentVisible\" data-wp-init=\"callbacks.setButtonStyles\" data-wp-on--click=\"actions.showLightbox\" data-wp-on--load=\"callbacks.setButtonStyles\" data-wp-on--pointerdown=\"actions.preloadImage\" data-wp-on--pointerenter=\"actions.preloadImageWithDelay\" data-wp-on--pointerleave=\"actions.cancelPreload\" data-wp-on-window--resize=\"callbacks.setButtonStyles\" src=\"https:\/\/loudavymkrokem.cz\/wp-content\/uploads\/2026\/08\/bulharsko-research-plaze-bulharsko-23.jpg\" alt=\"A Napospart, Bulg\u00e1ria legnagyobb \u00fcd\u00fcl\u0151helye\" class=\"wp-image-404245\" title=\"\" srcset=\"https:\/\/loudavymkrokem.cz\/wp-content\/uploads\/2026\/08\/bulharsko-research-plaze-bulharsko-23.jpg 1800w, https:\/\/loudavymkrokem.cz\/wp-content\/uploads\/2026\/08\/bulharsko-research-plaze-bulharsko-23-300x201.jpg 300w, https:\/\/loudavymkrokem.cz\/wp-content\/uploads\/2026\/08\/bulharsko-research-plaze-bulharsko-23-700x469.jpg 700w, https:\/\/loudavymkrokem.cz\/wp-content\/uploads\/2026\/08\/bulharsko-research-plaze-bulharsko-23-768x515.jpg 768w, https:\/\/loudavymkrokem.cz\/wp-content\/uploads\/2026\/08\/bulharsko-research-plaze-bulharsko-23-1536x1030.jpg 1536w, https:\/\/loudavymkrokem.cz\/wp-content\/uploads\/2026\/08\/bulharsko-research-plaze-bulharsko-23-696x467.jpg 696w, https:\/\/loudavymkrokem.cz\/wp-content\/uploads\/2026\/08\/bulharsko-research-plaze-bulharsko-23-1392x933.jpg 1392w\" sizes=\"(max-width: 1800px) 100vw, 1800px\" \/><button\n\t\t\tclass=\"lightbox-trigger\"\n\t\t\ttype=\"button\"\n\t\t\taria-haspopup=\"dialog\"\n\t\t\tdata-wp-bind--aria-label=\"state.thisImage.triggerButtonAriaLabel\"\n\t\t\tdata-wp-init=\"callbacks.initTriggerButton\"\n\t\t\tdata-wp-on--click=\"actions.showLightbox\"\n\t\t\tdata-wp-style--right=\"state.thisImage.buttonRight\"\n\t\t\tdata-wp-style--top=\"state.thisImage.buttonTop\"\n\t\t>\n\t\t\t<svg xmlns=\"http:\/\/www.w3.org\/2000\/svg\" width=\"12\" height=\"12\" fill=\"none\" viewBox=\"0 0 12 12\">\n\t\t\t\t<path fill=\"#fff\" d=\"M2 0a2 2 0 0 0-2 2v2h1.5V2a.5.5 0 0 1 .5-.5h2V0H2Zm2 10.5H2a.5.5 0 0 1-.5-.5V8H0v2a2 2 0 0 0 2 2h2v-1.5ZM8 12v-1.5h2a.5.5 0 0 0 .5-.5V8H12v2a2 2 0 0 1-2 2H8Zm2-12a2 2 0 0 1 2 2v2h-1.5V2a.5.5 0 0 0-.5-.5H8V0h2Z\" \/>\n\t\t\t<\/svg>\n\t\t<\/button><figcaption class=\"wp-element-caption\">Foto (upraveno): Wizzard \/ Wikimedia Commons (Public domain)<\/figcaption><\/figure>\n\n\n\n<p class=\"wp-block-paragraph\">\ud83d\udc49 <a href=\"https:\/\/www.stay22.com\/allez\/roam?aid=lukaskonecny&#038;campaign=loudavymkrokemcz&#038;campaign=plaze-bulharsko&#038;address=Zlat%C3%A9%20p%C3%ADsky%2C%20Bulharsko\" target=\"_blank\" rel=\"nofollow noopener\"><strong>N\u00e9zd meg a sz\u00e1ll\u00e1s\u00e1rakat ennek a strandnak a k\u00f6rny\u00e9k\u00e9n<\/strong><\/a><\/p>\n\n\n\n<h3 class=\"wp-block-heading\"><span class=\"ez-toc-section\" id=\"17_Napospart\"><\/span>17. Napospart<span class=\"ez-toc-section-end\"><\/span><\/h3>\n\n\n\n<p class=\"wp-block-paragraph\">Ez a bolg\u00e1r turizmus abszol\u00fat k\u00f6zpontja. A Napospart egy \u00f6bl\u00f6t alkot stranddal, amely pontosan 6,1 kilom\u00e9ter hossz\u00fa, \u00e9s \u00e1tlagosan k\u00f6r\u00fclbel\u00fcl 60 m\u00e9ter sz\u00e9les. Mindh\u00e1rom f\u0151 szakasza (\u00e9szak, k\u00f6zpont \u00e9s d\u00e9l) <strong>K\u00e9k z\u00e1szl\u00f3val b\u00fcszk\u00e9lkedik<\/strong>. \u00c9ppen itt lengedezett r\u00e1ad\u00e1sul 1995. j\u00falius 4-\u00e9n Bulg\u00e1ria legels\u0151 k\u00e9k z\u00e1szlaja, k\u00e9t \u00e9vvel azut\u00e1n, hogy az orsz\u00e1g az akkori Nyugat-Eur\u00f3p\u00e1n k\u00edv\u00fcli els\u0151 \u00e1llamk\u00e9nt csatlakozott a programhoz.<\/p>\n\n\n\n<p class=\"wp-block-paragraph\">Az \u00fcd\u00fcl\u0151 a pezsg\u0151 \u00e9jszakai \u00e9let\u00e9r\u0151l \u00e9s a l\u00e1tv\u00e1nyoss\u00e1gok \u00f3ri\u00e1si mennyis\u00e9g\u00e9r\u0151l h\u00edres. Mindent megtal\u00e1lsz itt a parasailingt\u0151l kezdve az \u00f3ri\u00e1si aquaparkokon \u00e1t t\u00f6bb sz\u00e1z \u00e9tteremig. A strandszolg\u00e1ltat\u00e1sok \u00e1rai itt viszonylag magasak, a d\u00e9li r\u00e9szen <strong>szerz\u0151d\u00e9sben r\u00f6gz\u00edtett \u00e1ra 5,11 eur\u00f3<\/strong> (kb. 1840 Ft) egy nap\u00e1gy\u00e9rt.<\/p>\n\n\n\n<p class=\"wp-block-paragraph\">\ud83d\udca1 <strong>Tipp:<\/strong> Ha el akarod ker\u00fclni a legnagyobb zajt, sz\u00e1llj meg az \u00fcd\u00fcl\u0151 legsz\u00e9l\u00e9n. M\u00edg a k\u00f6zpont non-stop p\u00f6r\u00f6g, a Szveti Vlasz fel\u00e9 es\u0151 vagy \u00e9ppen Neszebar fel\u0151li peremr\u00e9szek sokkal nyugodtabb, csal\u00e1dias hangulatot k\u00edn\u00e1lnak. Egy\u00e9bk\u00e9nt az az inform\u00e1ci\u00f3, hogy a d\u00e9li r\u00e9sz nudista, csak egy n\u00e9pszer\u0171 m\u00edtosz. Ez teljesen kereskedelmi, szervezett szakasz.<\/p>\n\n\n\n<figure data-wp-context=\"{&quot;imageId&quot;:&quot;6a9c335a0a52c&quot;}\" data-wp-interactive=\"core\/image\" data-wp-key=\"6a9c335a0a52c\" class=\"wp-block-image size-full wp-lightbox-container\"><img decoding=\"async\" width=\"1800\" height=\"1205\" data-wp-class--hide=\"state.isContentHidden\" data-wp-class--show=\"state.isContentVisible\" data-wp-init=\"callbacks.setButtonStyles\" data-wp-on--click=\"actions.showLightbox\" data-wp-on--load=\"callbacks.setButtonStyles\" data-wp-on--pointerdown=\"actions.preloadImage\" data-wp-on--pointerenter=\"actions.preloadImageWithDelay\" data-wp-on--pointerleave=\"actions.cancelPreload\" data-wp-on-window--resize=\"callbacks.setButtonStyles\" src=\"https:\/\/loudavymkrokem.cz\/wp-content\/uploads\/2026\/08\/bulharsko-research-plaze-bulharsko-24.jpg\" alt=\"A d\u00e9li strand az \u00f3v\u00e1rosi Neszebar alatt\" class=\"wp-image-404248\" title=\"\" srcset=\"https:\/\/loudavymkrokem.cz\/wp-content\/uploads\/2026\/08\/bulharsko-research-plaze-bulharsko-24.jpg 1800w, https:\/\/loudavymkrokem.cz\/wp-content\/uploads\/2026\/08\/bulharsko-research-plaze-bulharsko-24-300x201.jpg 300w, https:\/\/loudavymkrokem.cz\/wp-content\/uploads\/2026\/08\/bulharsko-research-plaze-bulharsko-24-700x469.jpg 700w, https:\/\/loudavymkrokem.cz\/wp-content\/uploads\/2026\/08\/bulharsko-research-plaze-bulharsko-24-768x514.jpg 768w, https:\/\/loudavymkrokem.cz\/wp-content\/uploads\/2026\/08\/bulharsko-research-plaze-bulharsko-24-1536x1028.jpg 1536w, https:\/\/loudavymkrokem.cz\/wp-content\/uploads\/2026\/08\/bulharsko-research-plaze-bulharsko-24-696x466.jpg 696w, https:\/\/loudavymkrokem.cz\/wp-content\/uploads\/2026\/08\/bulharsko-research-plaze-bulharsko-24-1392x932.jpg 1392w\" sizes=\"(max-width: 1800px) 100vw, 1800px\" \/><button\n\t\t\tclass=\"lightbox-trigger\"\n\t\t\ttype=\"button\"\n\t\t\taria-haspopup=\"dialog\"\n\t\t\tdata-wp-bind--aria-label=\"state.thisImage.triggerButtonAriaLabel\"\n\t\t\tdata-wp-init=\"callbacks.initTriggerButton\"\n\t\t\tdata-wp-on--click=\"actions.showLightbox\"\n\t\t\tdata-wp-style--right=\"state.thisImage.buttonRight\"\n\t\t\tdata-wp-style--top=\"state.thisImage.buttonTop\"\n\t\t>\n\t\t\t<svg xmlns=\"http:\/\/www.w3.org\/2000\/svg\" width=\"12\" height=\"12\" fill=\"none\" viewBox=\"0 0 12 12\">\n\t\t\t\t<path fill=\"#fff\" d=\"M2 0a2 2 0 0 0-2 2v2h1.5V2a.5.5 0 0 1 .5-.5h2V0H2Zm2 10.5H2a.5.5 0 0 1-.5-.5V8H0v2a2 2 0 0 0 2 2h2v-1.5ZM8 12v-1.5h2a.5.5 0 0 0 .5-.5V8H12v2a2 2 0 0 1-2 2H8Zm2-12a2 2 0 0 1 2 2v2h-1.5V2a.5.5 0 0 0-.5-.5H8V0h2Z\" \/>\n\t\t\t<\/svg>\n\t\t<\/button><figcaption class=\"wp-element-caption\">Foto: Valeria Drozdova \/ Pexels<\/figcaption><\/figure>\n\n\n\n<p class=\"wp-block-paragraph\">\ud83d\udc49 <a href=\"https:\/\/www.stay22.com\/allez\/roam?aid=lukaskonecny&#038;campaign=loudavymkrokemcz&#038;campaign=plaze-bulharsko&#038;address=Slune%C4%8Dn%C3%A9%20pob%C5%99e%C5%BE%C3%AD%2C%20Bulharsko\" target=\"_blank\" rel=\"nofollow noopener\"><strong>N\u00e9zd meg a sz\u00e1ll\u00e1s\u00e1rakat ennek a strandnak a k\u00f6rny\u00e9k\u00e9n<\/strong><\/a><\/p>\n\n\n\n<h3 class=\"wp-block-heading\"><span class=\"ez-toc-section\" id=\"18_Neszebar-del\"><\/span>18. Neszebar-d\u00e9l<span class=\"ez-toc-section-end\"><\/span><\/h3>\n\n\n\n<p class=\"wp-block-paragraph\">A t\u00f6rt\u00e9nelmi Neszebar v\u00e1rosa szerepel az <a href=\"https:\/\/whc.unesco.org\/\" rel=\"nofollow noopener\" target=\"_blank\">UNESCO list\u00e1j\u00e1n<\/a>, \u00e9s a d\u00e9li strandja <strong>remek\u00fcl \u00f6tv\u00f6zi a f\u00fcrd\u00e9st a m\u0171eml\u00e9kek felfedez\u00e9s\u00e9vel<\/strong>. A homoks\u00e1v az \u00f3v\u00e1rost\u00f3l d\u00e9l fel\u00e9 h\u00faz\u00f3dik, \u00e9s kiv\u00e1l\u00f3an szervezett h\u00e1tteret k\u00edn\u00e1l 2026-os K\u00e9k z\u00e1szl\u00f3val.<\/p>\n\n\n\n<p class=\"wp-block-paragraph\">A szomsz\u00e9dos Napoparttal ellent\u00e9tben itt a hangulat \u00e9rezhet\u0151en kultur\u00e1ltabb. Egy nap\u00e1gy\u00e9rt itt a <strong>hivatalos 4,09 eur\u00f3s \u00e1rat<\/strong> (kb. 1470 Ft) fizeted. A tengerbe l\u00e9p\u00e9s k\u00e9nyelmes, \u00e9s a v\u00edz az \u00f6b\u00f6l t\u00e1jol\u00e1s\u00e1nak k\u00f6sz\u00f6nhet\u0151en viszonylag nyugodt \u00e9s tiszta szokott lenni.<\/p>\n\n\n\n<p class=\"wp-block-paragraph\">Ha eleged lesz a napoz\u00e1sb\u00f3l, el\u00e9g felkelned a t\u00f6r\u00f6lk\u00f6z\u0151r\u0151l, \u00e9s p\u00e1r perc gyalogl\u00e1s ut\u00e1n m\u00e1ris <strong>az \u00f3v\u00e1ros kanyarg\u00f3s utc\u00e1csk\u00e1iban<\/strong> tal\u00e1lod magad, tele f\u00e1b\u00f3l \u00e9p\u00fclt h\u00e1zakkal \u00e9s biz\u00e1nci templomok maradv\u00e1nyaival. A tengerre n\u00e9z\u0151 helyi tavern\u00e1kban sz\u00edvesen k\u00e9sz\u00edtenek neked kiv\u00e1l\u00f3 r\u00e1ntott kaskaval sajtot vagy balk\u00e1ni sajttal t\u00f6lt\u00f6tt s\u00fclt paprik\u00e1t.<\/p>\n\n\n\n<figure data-wp-context=\"{&quot;imageId&quot;:&quot;6a9c335a0aa8b&quot;}\" data-wp-interactive=\"core\/image\" data-wp-key=\"6a9c335a0aa8b\" class=\"wp-block-image size-full wp-lightbox-container\"><img decoding=\"async\" width=\"1800\" height=\"1350\" data-wp-class--hide=\"state.isContentHidden\" data-wp-class--show=\"state.isContentVisible\" data-wp-init=\"callbacks.setButtonStyles\" data-wp-on--click=\"actions.showLightbox\" data-wp-on--load=\"callbacks.setButtonStyles\" data-wp-on--pointerdown=\"actions.preloadImage\" data-wp-on--pointerenter=\"actions.preloadImageWithDelay\" data-wp-on--pointerleave=\"actions.cancelPreload\" data-wp-on-window--resize=\"callbacks.setButtonStyles\" src=\"https:\/\/loudavymkrokem.cz\/wp-content\/uploads\/2026\/08\/bulharsko-research-plaze-bulharsko-25.jpg\" alt=\"Strand az \u0151si Szozopolban\" class=\"wp-image-404251\" title=\"\" srcset=\"https:\/\/loudavymkrokem.cz\/wp-content\/uploads\/2026\/08\/bulharsko-research-plaze-bulharsko-25.jpg 1800w, https:\/\/loudavymkrokem.cz\/wp-content\/uploads\/2026\/08\/bulharsko-research-plaze-bulharsko-25-300x225.jpg 300w, https:\/\/loudavymkrokem.cz\/wp-content\/uploads\/2026\/08\/bulharsko-research-plaze-bulharsko-25-700x525.jpg 700w, https:\/\/loudavymkrokem.cz\/wp-content\/uploads\/2026\/08\/bulharsko-research-plaze-bulharsko-25-768x576.jpg 768w, https:\/\/loudavymkrokem.cz\/wp-content\/uploads\/2026\/08\/bulharsko-research-plaze-bulharsko-25-1536x1152.jpg 1536w, https:\/\/loudavymkrokem.cz\/wp-content\/uploads\/2026\/08\/bulharsko-research-plaze-bulharsko-25-80x60.jpg 80w, https:\/\/loudavymkrokem.cz\/wp-content\/uploads\/2026\/08\/bulharsko-research-plaze-bulharsko-25-160x120.jpg 160w, https:\/\/loudavymkrokem.cz\/wp-content\/uploads\/2026\/08\/bulharsko-research-plaze-bulharsko-25-696x522.jpg 696w, https:\/\/loudavymkrokem.cz\/wp-content\/uploads\/2026\/08\/bulharsko-research-plaze-bulharsko-25-1392x1044.jpg 1392w\" sizes=\"(max-width: 1800px) 100vw, 1800px\" \/><button\n\t\t\tclass=\"lightbox-trigger\"\n\t\t\ttype=\"button\"\n\t\t\taria-haspopup=\"dialog\"\n\t\t\tdata-wp-bind--aria-label=\"state.thisImage.triggerButtonAriaLabel\"\n\t\t\tdata-wp-init=\"callbacks.initTriggerButton\"\n\t\t\tdata-wp-on--click=\"actions.showLightbox\"\n\t\t\tdata-wp-style--right=\"state.thisImage.buttonRight\"\n\t\t\tdata-wp-style--top=\"state.thisImage.buttonTop\"\n\t\t>\n\t\t\t<svg xmlns=\"http:\/\/www.w3.org\/2000\/svg\" width=\"12\" height=\"12\" fill=\"none\" viewBox=\"0 0 12 12\">\n\t\t\t\t<path fill=\"#fff\" d=\"M2 0a2 2 0 0 0-2 2v2h1.5V2a.5.5 0 0 1 .5-.5h2V0H2Zm2 10.5H2a.5.5 0 0 1-.5-.5V8H0v2a2 2 0 0 0 2 2h2v-1.5ZM8 12v-1.5h2a.5.5 0 0 0 .5-.5V8H12v2a2 2 0 0 1-2 2H8Zm2-12a2 2 0 0 1 2 2v2h-1.5V2a.5.5 0 0 0-.5-.5H8V0h2Z\" \/>\n\t\t\t<\/svg>\n\t\t<\/button><figcaption class=\"wp-element-caption\">Foto: vitsoft \/ Wikimedia Commons, CC BY 3.0<\/figcaption><\/figure>\n\n\n\n<p class=\"wp-block-paragraph\">\ud83d\udc49 <a href=\"https:\/\/www.stay22.com\/allez\/roam?aid=lukaskonecny&#038;campaign=loudavymkrokemcz&#038;campaign=plaze-bulharsko&#038;address=Nesebar%2C%20Bulharsko\" target=\"_blank\" rel=\"nofollow noopener\"><strong>N\u00e9zd meg a sz\u00e1ll\u00e1s\u00e1rakat ennek a strandnak a k\u00f6rny\u00e9k\u00e9n<\/strong><\/a><\/p>\n\n\n\n<h3 class=\"wp-block-heading\"><span class=\"ez-toc-section\" id=\"19_Szozopol\"><\/span>19. Szozopol<span class=\"ez-toc-section-end\"><\/span><\/h3>\n\n\n\n<p class=\"wp-block-paragraph\">Az \u0151si Szozopol az ut\u00f3bbi \u00e9vek \u00f3ri\u00e1si sl\u00e1gere, \u00e9s sok utaz\u00f3 a d\u00e9l legst\u00edlusosabb \u00fcd\u00fcl\u0151hely\u00e9nek tartja. A v\u00e1ros k\u00e9t f\u0151 strandot k\u00edn\u00e1l. A k\u00f6zponti k\u00f6zvetlen\u00fcl a t\u00f6rt\u00e9nelmi centrum alatt fekszik, \u00e9s viszonylag kicsi, m\u00edg a <strong>t\u00e1gasabb Harmani strand d\u00e9l fel\u00e9 h\u00faz\u00f3dik<\/strong> az \u00fajabb be\u00e9p\u00edt\u00e9s ment\u00e9n.<\/p>\n\n\n\n<p class=\"wp-block-paragraph\">Mindk\u00e9t f\u0151 strand K\u00e9k z\u00e1szl\u00f3s, \u00e9s remek szolg\u00e1ltat\u00e1sokat k\u00edn\u00e1l. A Harmanin egy nap\u00e1gy\u00e9rt 4,09 eur\u00f3t fizetsz, m\u00edg a kisebb k\u00f6zponti strandon 3,58 eur\u00f3t. A v\u00e1rost\u00f3l egy kicsit d\u00e9lebbre pedig a n\u00e9pszer\u0171 <strong>Szmokinja \u00e9s Gradina strandok fekszenek, amelyeket f\u0151leg a fiatalabb gener\u00e1ci\u00f3 keres fel<\/strong>. Laz\u00e1bb kempinges hangulat uralkodik ott, \u00e9s st\u00edlusos beach barok m\u0171k\u00f6dnek.<\/p>\n\n\n\n<p class=\"wp-block-paragraph\"><strong>A szozopoli \u00e9ttermek<\/strong> a legjobbak, de egyben a legdr\u00e1g\u00e1bbak k\u00f6z\u00e9 tartoznak a parton. A helyiek szerint a friss grillezett halak \u00e9s tenger gy\u00fcm\u00f6lcsei \u00e1rai ezeken a helyeken m\u00e1r fel\u00e9rnek a g\u00f6r\u00f6g tavern\u00e1k\u00e9val. Ink\u00e1bb v\u00e1laszd a <strong>hagyom\u00e1nyos bolg\u00e1r z\u00f6lds\u00e9ges el\u0151\u00e9teleket<\/strong> (p\u00e9ld\u00e1ul a fokhagym\u00e1s kjopoolut) \u00e9s a h\u00e1zi lep\u00e9nyeket.<\/p>\n\n\n\n<figure data-wp-context=\"{&quot;imageId&quot;:&quot;6a9c335a0b032&quot;}\" data-wp-interactive=\"core\/image\" data-wp-key=\"6a9c335a0b032\" class=\"wp-block-image size-full wp-lightbox-container\"><img decoding=\"async\" width=\"1800\" height=\"1192\" data-wp-class--hide=\"state.isContentHidden\" data-wp-class--show=\"state.isContentVisible\" data-wp-init=\"callbacks.setButtonStyles\" data-wp-on--click=\"actions.showLightbox\" data-wp-on--load=\"callbacks.setButtonStyles\" data-wp-on--pointerdown=\"actions.preloadImage\" data-wp-on--pointerenter=\"actions.preloadImageWithDelay\" data-wp-on--pointerleave=\"actions.cancelPreload\" data-wp-on-window--resize=\"callbacks.setButtonStyles\" src=\"https:\/\/loudavymkrokem.cz\/wp-content\/uploads\/2026\/08\/bulharsko-research-plaze-bulharsko-26.jpg\" alt=\"Sek\u00e9ly strandok Primorszko \u00e9s Kiten k\u00f6zel\u00e9ben\" class=\"wp-image-404255\" title=\"\" srcset=\"https:\/\/loudavymkrokem.cz\/wp-content\/uploads\/2026\/08\/bulharsko-research-plaze-bulharsko-26.jpg 1800w, https:\/\/loudavymkrokem.cz\/wp-content\/uploads\/2026\/08\/bulharsko-research-plaze-bulharsko-26-300x199.jpg 300w, https:\/\/loudavymkrokem.cz\/wp-content\/uploads\/2026\/08\/bulharsko-research-plaze-bulharsko-26-700x464.jpg 700w, https:\/\/loudavymkrokem.cz\/wp-content\/uploads\/2026\/08\/bulharsko-research-plaze-bulharsko-26-768x509.jpg 768w, https:\/\/loudavymkrokem.cz\/wp-content\/uploads\/2026\/08\/bulharsko-research-plaze-bulharsko-26-1536x1017.jpg 1536w, https:\/\/loudavymkrokem.cz\/wp-content\/uploads\/2026\/08\/bulharsko-research-plaze-bulharsko-26-696x461.jpg 696w, https:\/\/loudavymkrokem.cz\/wp-content\/uploads\/2026\/08\/bulharsko-research-plaze-bulharsko-26-1392x922.jpg 1392w\" sizes=\"(max-width: 1800px) 100vw, 1800px\" \/><button\n\t\t\tclass=\"lightbox-trigger\"\n\t\t\ttype=\"button\"\n\t\t\taria-haspopup=\"dialog\"\n\t\t\tdata-wp-bind--aria-label=\"state.thisImage.triggerButtonAriaLabel\"\n\t\t\tdata-wp-init=\"callbacks.initTriggerButton\"\n\t\t\tdata-wp-on--click=\"actions.showLightbox\"\n\t\t\tdata-wp-style--right=\"state.thisImage.buttonRight\"\n\t\t\tdata-wp-style--top=\"state.thisImage.buttonTop\"\n\t\t>\n\t\t\t<svg xmlns=\"http:\/\/www.w3.org\/2000\/svg\" width=\"12\" height=\"12\" fill=\"none\" viewBox=\"0 0 12 12\">\n\t\t\t\t<path fill=\"#fff\" d=\"M2 0a2 2 0 0 0-2 2v2h1.5V2a.5.5 0 0 1 .5-.5h2V0H2Zm2 10.5H2a.5.5 0 0 1-.5-.5V8H0v2a2 2 0 0 0 2 2h2v-1.5ZM8 12v-1.5h2a.5.5 0 0 0 .5-.5V8H12v2a2 2 0 0 1-2 2H8Zm2-12a2 2 0 0 1 2 2v2h-1.5V2a.5.5 0 0 0-.5-.5H8V0h2Z\" \/>\n\t\t\t<\/svg>\n\t\t<\/button><figcaption class=\"wp-element-caption\">Foto: Katya from Moscow, Russia \/ Wikimedia Commons, CC BY-SA 2.0<\/figcaption><\/figure>\n\n\n\n<p class=\"wp-block-paragraph\">\ud83d\udc49 <a href=\"https:\/\/www.stay22.com\/allez\/roam?aid=lukaskonecny&#038;campaign=loudavymkrokemcz&#038;campaign=plaze-bulharsko&#038;address=Sozopol%2C%20Bulharsko\" target=\"_blank\" rel=\"nofollow noopener\"><strong>N\u00e9zd meg a sz\u00e1ll\u00e1s\u00e1rakat ennek a strandnak a k\u00f6rny\u00e9k\u00e9n<\/strong><\/a><\/p>\n\n\n\n<h3 class=\"wp-block-heading\"><span class=\"ez-toc-section\" id=\"20_Primorszko_es_Kiten\"><\/span>20. Primorszko \u00e9s Kiten<span class=\"ez-toc-section-end\"><\/span><\/h3>\n\n\n\n<p class=\"wp-block-paragraph\">Ez a k\u00e9t szomsz\u00e9dos \u00fcd\u00fcl\u0151hely a magyar turist\u00e1k sz\u00e1m\u00e1ra abszol\u00fat klasszikus m\u00e9g a m\u00e9ly szocializmus idej\u00e9b\u0151l. \u00c9s j\u00f3 okuk van r\u00e1. A helyi strandokat (k\u00fcl\u00f6n\u00f6sen a Perla strandot \u00e9s a D\u00e9li strandot Primorszk\u00f3ban) gy\u00f6ny\u00f6r\u0171 fenyvesek szeg\u00e9lyezik, \u00e9s <strong>az egyik legjobb \u00e1r-\u00e9rt\u00e9k ar\u00e1nyt<\/strong> k\u00edn\u00e1lj\u00e1k az eg\u00e9sz d\u00e9li parton.<\/p>\n\n\n\n<p class=\"wp-block-paragraph\">A v\u00edz itt krist\u00e1lytiszta, a strandok pedig a finom homokjukr\u00f3l h\u00edresek. A nap\u00e1gyak b\u00e9rl\u00e9se nagyon bar\u00e1ts\u00e1gos, egy darab\u00e9rt \u00e9s egy naperny\u0151\u00e9rt egyar\u00e1nt <strong>csak 3,60 eur\u00f3t<\/strong> (kb. 1290 Ft) fizetsz. A k\u00f6rny\u00e9ken r\u00e1ad\u00e1sul m\u00e9g mindig sok magyar nyelv\u0171 feliratba \u00e9s \u00e9tlapba botlasz.<\/p>\n\n\n\n<p class=\"wp-block-paragraph\">Primorszko remek b\u00e1zis a k\u00f6rny\u00e9kbeli kir\u00e1ndul\u00e1sokhoz. Ha ideindulsz, mindenk\u00e9pp szak\u00edts id\u0151t a <strong>vad delfinek megfigyel\u00e9s\u00e9re<\/strong> is, amelyek a k\u00f6zeli szikl\u00e1s Maszlen-fokn\u00e1l nagy rendszeress\u00e9ggel mutatkoznak. Az eg\u00e9sz Fekete-tengerben nagyj\u00e1b\u00f3l 73 000 ilyen csod\u00e1latos eml\u0151s \u00e9l, \u00e9s Bulg\u00e1ria d\u00e9li r\u00e9sz\u00e9n nagy es\u00e9lyed van megpillantani \u0151ket.<\/p>\n\n\n\n<figure data-wp-context=\"{&quot;imageId&quot;:&quot;6a9c335a0b5d6&quot;}\" data-wp-interactive=\"core\/image\" data-wp-key=\"6a9c335a0b5d6\" class=\"wp-block-image size-full wp-lightbox-container\"><img decoding=\"async\" width=\"1800\" height=\"1207\" data-wp-class--hide=\"state.isContentHidden\" data-wp-class--show=\"state.isContentVisible\" data-wp-init=\"callbacks.setButtonStyles\" data-wp-on--click=\"actions.showLightbox\" data-wp-on--load=\"callbacks.setButtonStyles\" data-wp-on--pointerdown=\"actions.preloadImage\" data-wp-on--pointerenter=\"actions.preloadImageWithDelay\" data-wp-on--pointerleave=\"actions.cancelPreload\" data-wp-on-window--resize=\"callbacks.setButtonStyles\" src=\"https:\/\/loudavymkrokem.cz\/wp-content\/uploads\/2026\/08\/bulharsko-research-plaze-bulharsko-27.jpg\" alt=\"Sek\u00e9ly v\u00edz Alben\u00e1ban, gyerekes csal\u00e1doknak alkalmas\" class=\"wp-image-404258\" title=\"\" srcset=\"https:\/\/loudavymkrokem.cz\/wp-content\/uploads\/2026\/08\/bulharsko-research-plaze-bulharsko-27.jpg 1800w, https:\/\/loudavymkrokem.cz\/wp-content\/uploads\/2026\/08\/bulharsko-research-plaze-bulharsko-27-300x201.jpg 300w, https:\/\/loudavymkrokem.cz\/wp-content\/uploads\/2026\/08\/bulharsko-research-plaze-bulharsko-27-700x469.jpg 700w, https:\/\/loudavymkrokem.cz\/wp-content\/uploads\/2026\/08\/bulharsko-research-plaze-bulharsko-27-768x515.jpg 768w, https:\/\/loudavymkrokem.cz\/wp-content\/uploads\/2026\/08\/bulharsko-research-plaze-bulharsko-27-1536x1030.jpg 1536w, https:\/\/loudavymkrokem.cz\/wp-content\/uploads\/2026\/08\/bulharsko-research-plaze-bulharsko-27-696x467.jpg 696w, https:\/\/loudavymkrokem.cz\/wp-content\/uploads\/2026\/08\/bulharsko-research-plaze-bulharsko-27-1392x933.jpg 1392w\" sizes=\"(max-width: 1800px) 100vw, 1800px\" \/><button\n\t\t\tclass=\"lightbox-trigger\"\n\t\t\ttype=\"button\"\n\t\t\taria-haspopup=\"dialog\"\n\t\t\tdata-wp-bind--aria-label=\"state.thisImage.triggerButtonAriaLabel\"\n\t\t\tdata-wp-init=\"callbacks.initTriggerButton\"\n\t\t\tdata-wp-on--click=\"actions.showLightbox\"\n\t\t\tdata-wp-style--right=\"state.thisImage.buttonRight\"\n\t\t\tdata-wp-style--top=\"state.thisImage.buttonTop\"\n\t\t>\n\t\t\t<svg xmlns=\"http:\/\/www.w3.org\/2000\/svg\" width=\"12\" height=\"12\" fill=\"none\" viewBox=\"0 0 12 12\">\n\t\t\t\t<path fill=\"#fff\" d=\"M2 0a2 2 0 0 0-2 2v2h1.5V2a.5.5 0 0 1 .5-.5h2V0H2Zm2 10.5H2a.5.5 0 0 1-.5-.5V8H0v2a2 2 0 0 0 2 2h2v-1.5ZM8 12v-1.5h2a.5.5 0 0 0 .5-.5V8H12v2a2 2 0 0 1-2 2H8Zm2-12a2 2 0 0 1 2 2v2h-1.5V2a.5.5 0 0 0-.5-.5H8V0h2Z\" \/>\n\t\t\t<\/svg>\n\t\t<\/button><figcaption class=\"wp-element-caption\">Foto (upraveno): karel291 \/ Wikimedia Commons (CC BY 3.0)<\/figcaption><\/figure>\n\n\n\n<h2 class=\"wp-block-heading\"><span class=\"ez-toc-section\" id=\"A_legjobb_strandok_kisgyerekes_csaladoknak\"><\/span>A legjobb strandok kisgyerekes csal\u00e1doknak<span class=\"ez-toc-section-end\"><\/span><\/h2>\n\n\n\n<p class=\"wp-block-paragraph\">Ha totyog\u00f3kkal vagy kisebb gyerekekkel utazol, az \u00e9szaki partnak egy\u00e9rtelm\u0171 gy\u0151ztese van. <strong>Albena mellett konkr\u00e9t sz\u00e1mok sz\u00f3lnak, \u00e9s azok vil\u00e1gosan besz\u00e9lnek:<\/strong> a v\u00edz m\u00e9lys\u00e9ge itt m\u00e9g hihetetlen 150 m\u00e9terre a partt\u00f3l sem haladja meg az 1,6 m\u00e9tert. A gyerekek \u00edgy biztons\u00e1gosan \u00e9p\u00edthetnek homokv\u00e1rat, \u00e9s lubickolhatnak az \u00f3ri\u00e1si sek\u00e9lyesekben an\u00e9lk\u00fcl, hogy tartani kellene a talaj hirtelen beszakad\u00e1s\u00e1t\u00f3l.<\/p>\n\n\n\n<p class=\"wp-block-paragraph\">\u00c9szakon \u00e1ltal\u00e1nos szab\u00e1ly, hogy <strong>a strandok peremr\u00e9szein nagyon lank\u00e1s a v\u00edzbe l\u00e9p\u00e9s<\/strong>, m\u00edg d\u00e9len ez pont ford\u00edtva van (a sek\u00e9lyest r\u00f6gt\u00f6n a partn\u00e1l tal\u00e1lod, de a talaj gyorsabban lejt). Tipikus p\u00e9lda, amit\u0151l a csal\u00e1dokat nyomat\u00e9kosan \u00f3vni kell, a gy\u00f6ny\u00f6r\u0171 Veleka Szinemorecn\u00e9l. Az \u00f6b\u00f6l ott rendk\u00edv\u00fcl m\u00e9ly m\u00e1r az els\u0151 l\u00e9p\u00e9st\u0151l a v\u00edzbe.<\/p>\n\n\n\n<p class=\"wp-block-paragraph\">Remek v\u00e1laszt\u00e1s a csal\u00e1doknak Kranevo, Primorszko \u00e9s Kiten \u00fcd\u00fcl\u0151hely. A bolg\u00e1r sz\u00fcl\u0151k a helyi strandokat a krist\u00e1lytiszta v\u00edz\u00e9rt \u00e9s a k\u0151mentes talaj\u00e9rt dics\u00e9rik. Ha olyan helyet keresel, ahol a tenger egy nyugodt t\u00f3ra eml\u00e9keztet, <strong>indulj a Szarafovo-d\u00e9l vagy a Pomorie-d\u00e9l strandokra<\/strong>. Ezek az \u00f6bl\u00f6k t\u00f6k\u00e9letes sz\u00e9l\u00e1rny\u00e9kban fekszenek, \u00edgy a f\u00fcrd\u00e9st tilt\u00f3 piros z\u00e1szl\u00f3t itt csak nagyon ritk\u00e1n h\u00fazz\u00e1k ki.<\/p>\n\n\n\n<figure data-wp-context=\"{&quot;imageId&quot;:&quot;6a9c335a0bf3d&quot;}\" data-wp-interactive=\"core\/image\" data-wp-key=\"6a9c335a0bf3d\" class=\"wp-block-image size-full wp-lightbox-container\"><img decoding=\"async\" width=\"1707\" height=\"2560\" data-wp-class--hide=\"state.isContentHidden\" data-wp-class--show=\"state.isContentVisible\" data-wp-init=\"callbacks.setButtonStyles\" data-wp-on--click=\"actions.showLightbox\" data-wp-on--load=\"callbacks.setButtonStyles\" data-wp-on--pointerdown=\"actions.preloadImage\" data-wp-on--pointerenter=\"actions.preloadImageWithDelay\" data-wp-on--pointerleave=\"actions.cancelPreload\" data-wp-on-window--resize=\"callbacks.setButtonStyles\" src=\"https:\/\/loudavymkrokem.cz\/wp-content\/uploads\/2026\/08\/bulharsko-research-plaze-bulharsko-28-scaled.jpg\" alt=\"Z\u00e1szl\u00f3s jelz\u00e9s \u00e9s \u0151rz\u00f6tt z\u00f3na egy bolg\u00e1r strandon\" class=\"wp-image-404261\" title=\"\" srcset=\"https:\/\/loudavymkrokem.cz\/wp-content\/uploads\/2026\/08\/bulharsko-research-plaze-bulharsko-28-scaled.jpg 1707w, https:\/\/loudavymkrokem.cz\/wp-content\/uploads\/2026\/08\/bulharsko-research-plaze-bulharsko-28-200x300.jpg 200w, https:\/\/loudavymkrokem.cz\/wp-content\/uploads\/2026\/08\/bulharsko-research-plaze-bulharsko-28-700x1050.jpg 700w, https:\/\/loudavymkrokem.cz\/wp-content\/uploads\/2026\/08\/bulharsko-research-plaze-bulharsko-28-768x1152.jpg 768w, https:\/\/loudavymkrokem.cz\/wp-content\/uploads\/2026\/08\/bulharsko-research-plaze-bulharsko-28-1024x1536.jpg 1024w, https:\/\/loudavymkrokem.cz\/wp-content\/uploads\/2026\/08\/bulharsko-research-plaze-bulharsko-28-1365x2048.jpg 1365w, https:\/\/loudavymkrokem.cz\/wp-content\/uploads\/2026\/08\/bulharsko-research-plaze-bulharsko-28-696x1044.jpg 696w, https:\/\/loudavymkrokem.cz\/wp-content\/uploads\/2026\/08\/bulharsko-research-plaze-bulharsko-28-1392x2088.jpg 1392w\" sizes=\"(max-width: 1707px) 100vw, 1707px\" \/><button\n\t\t\tclass=\"lightbox-trigger\"\n\t\t\ttype=\"button\"\n\t\t\taria-haspopup=\"dialog\"\n\t\t\tdata-wp-bind--aria-label=\"state.thisImage.triggerButtonAriaLabel\"\n\t\t\tdata-wp-init=\"callbacks.initTriggerButton\"\n\t\t\tdata-wp-on--click=\"actions.showLightbox\"\n\t\t\tdata-wp-style--right=\"state.thisImage.buttonRight\"\n\t\t\tdata-wp-style--top=\"state.thisImage.buttonTop\"\n\t\t>\n\t\t\t<svg xmlns=\"http:\/\/www.w3.org\/2000\/svg\" width=\"12\" height=\"12\" fill=\"none\" viewBox=\"0 0 12 12\">\n\t\t\t\t<path fill=\"#fff\" d=\"M2 0a2 2 0 0 0-2 2v2h1.5V2a.5.5 0 0 1 .5-.5h2V0H2Zm2 10.5H2a.5.5 0 0 1-.5-.5V8H0v2a2 2 0 0 0 2 2h2v-1.5ZM8 12v-1.5h2a.5.5 0 0 0 .5-.5V8H12v2a2 2 0 0 1-2 2H8Zm2-12a2 2 0 0 1 2 2v2h-1.5V2a.5.5 0 0 0-.5-.5H8V0h2Z\" \/>\n\t\t\t<\/svg>\n\t\t<\/button><figcaption class=\"wp-element-caption\">Foto: Kritzolina \/ Wikimedia Commons (CC BY-SA 4.0)<\/figcaption><\/figure>\n\n\n\n<h2 class=\"wp-block-heading\"><span class=\"ez-toc-section\" id=\"Biztonsag_aramlatok_hullamok_es_vizimentok\"><\/span>Biztons\u00e1g: \u00e1ramlatok, hull\u00e1mok \u00e9s v\u00edziment\u0151k<span class=\"ez-toc-section-end\"><\/span><\/h2>\n\n\n\n<p class=\"wp-block-paragraph\">A Fekete-tenger tud alattomos lenni, \u00e9s a biztons\u00e1got nem szabad al\u00e1becs\u00fcln\u00f6d. A bolg\u00e1r v\u00edziment\u0151 szolg\u00e1lat 2025-ben t\u00f6bb mint 2400 esetn\u00e9l avatkozott be. B\u00e1r tavaly 89 ember fulladt v\u00edzbe, <strong>ebb\u0151l csup\u00e1n h\u00e1rom volt gyerek<\/strong>, ami a t\u00f6rt\u00e9nelem legalacsonyabb sz\u00e1ma. A legvesz\u00e9lyeztetettebb csoportot meglep\u0151 m\u00f3don a 25 \u00e9s 45 \u00e9v k\u00f6z\u00f6tti f\u00e9rfiak alkotj\u00e1k, gyakran alkohol hat\u00e1sa alatt.<\/p>\n\n\n\n<p class=\"wp-block-paragraph\">A d\u00e9li part f\u0151 vesz\u00e9lye az \u00fagynevezett <strong>visszah\u00faz\u00f3 \u00e1ramlatok, amelyeket a helyiek holt hull\u00e1mz\u00e1snak (meltem) neveznek<\/strong>. Leggyakrabban \u00e9szaki sz\u00e9ln\u00e9l keletkeznek, \u00e9s k\u00e9pesek beh\u00fazni az embert a tengerbe m\u00e1r akkor, amikor csak t\u00e9rdig \u00e1ll a v\u00edzben. Petar Ruszev tapasztalt v\u00edziment\u0151 a k\u00f6zszolg\u00e1lati r\u00e1di\u00f3nak a k\u00f6vetkez\u0151 helysz\u00edneket nevezte a legvesz\u00e9lyesebb augusztusi strandoknak: Szilisztar, Butamjata, Primorszko-\u00e9szak, Szozopol-Harmani, Obzor \u00e9s Burgasz-\u00e9szak.<\/p>\n\n\n\n<p class=\"wp-block-paragraph\">\ud83d\udca1 <strong>Hogyan szabadulj ki a visszah\u00faz\u00f3 \u00e1ramlatb\u00f3l:<\/strong> Ha az \u00e1ramlat elkezd h\u00fazni a ny\u00edlt tenger fel\u00e9, ne ess p\u00e1nikba. <strong>Alapvet\u0151 hiba az \u00e1ramlattal szemben, a part fel\u00e9 \u00faszni, csak kimer\u00fclsz.<\/strong> A parttal <strong>p\u00e1rhuzamosan kell \u00fasznod<\/strong>, am\u00edg ki nem jutsz az \u00e1ramlatb\u00f3l a nyugodtabb v\u00edzbe, \u00e9s csak azut\u00e1n indulj a sz\u00e1razf\u00f6ld fel\u00e9.<\/p>\n\n\n\n<p class=\"wp-block-paragraph\">Vedd figyelembe azt is, hogy a hivatalos szezon, amikor az \u00fcgyeletek m\u0171k\u00f6dnek, <strong>csak j\u00fanius 1-j\u00e9t\u0151l szeptember 30-ig tart<\/strong>. A v\u00edziment\u0151k az \u00e1llom\u00e1sokon \u00e1ltal\u00e1ban csak 18:00-ig vannak jelen. Ami a med\u00faz\u00e1kat illeti, nem kell agg\u00f3dnod. Ny\u00e1r k\u00f6zep\u00e9n ugyan megjelenik itt k\u00e9t faj, de gyakorlatilag \u00e1rtalmatlanok, \u00e9s legfeljebb egy gyenge csal\u00e1nhoz hasonl\u00f3an cs\u00edpnek. Az \u00fatra d\u00e9l fel\u00e9 csak ellen\u0151rizd az aktu\u00e1lis h\u00edreket, 2026 j\u00fanius\u00e1ban Szinemorec \u00e9s Varvara k\u00f6zel\u00e9ben v\u00e1ratlan olajfoltok jelentek meg, a helyzet azonban gyakran v\u00e1ltozik.<\/p>\n\n\n\n<figure data-wp-context=\"{&quot;imageId&quot;:&quot;6a9c335a0c7ec&quot;}\" data-wp-interactive=\"core\/image\" data-wp-key=\"6a9c335a0c7ec\" class=\"wp-block-image size-full wp-lightbox-container\"><img decoding=\"async\" width=\"1800\" height=\"1350\" data-wp-class--hide=\"state.isContentHidden\" data-wp-class--show=\"state.isContentVisible\" data-wp-init=\"callbacks.setButtonStyles\" data-wp-on--click=\"actions.showLightbox\" data-wp-on--load=\"callbacks.setButtonStyles\" data-wp-on--pointerdown=\"actions.preloadImage\" data-wp-on--pointerenter=\"actions.preloadImageWithDelay\" data-wp-on--pointerleave=\"actions.cancelPreload\" data-wp-on-window--resize=\"callbacks.setButtonStyles\" src=\"https:\/\/loudavymkrokem.cz\/wp-content\/uploads\/2026\/08\/bulharsko-research-plaze-bulharsko-29.jpg\" alt=\"A vad Irakli strand, ahol \u00faj kempingez\u00e9si szab\u00e1lyok \u00e9rv\u00e9nyesek\" class=\"wp-image-404264\" title=\"\" srcset=\"https:\/\/loudavymkrokem.cz\/wp-content\/uploads\/2026\/08\/bulharsko-research-plaze-bulharsko-29.jpg 1800w, https:\/\/loudavymkrokem.cz\/wp-content\/uploads\/2026\/08\/bulharsko-research-plaze-bulharsko-29-300x225.jpg 300w, https:\/\/loudavymkrokem.cz\/wp-content\/uploads\/2026\/08\/bulharsko-research-plaze-bulharsko-29-700x525.jpg 700w, https:\/\/loudavymkrokem.cz\/wp-content\/uploads\/2026\/08\/bulharsko-research-plaze-bulharsko-29-768x576.jpg 768w, https:\/\/loudavymkrokem.cz\/wp-content\/uploads\/2026\/08\/bulharsko-research-plaze-bulharsko-29-1536x1152.jpg 1536w, https:\/\/loudavymkrokem.cz\/wp-content\/uploads\/2026\/08\/bulharsko-research-plaze-bulharsko-29-80x60.jpg 80w, https:\/\/loudavymkrokem.cz\/wp-content\/uploads\/2026\/08\/bulharsko-research-plaze-bulharsko-29-160x120.jpg 160w, https:\/\/loudavymkrokem.cz\/wp-content\/uploads\/2026\/08\/bulharsko-research-plaze-bulharsko-29-696x522.jpg 696w, https:\/\/loudavymkrokem.cz\/wp-content\/uploads\/2026\/08\/bulharsko-research-plaze-bulharsko-29-1392x1044.jpg 1392w\" sizes=\"(max-width: 1800px) 100vw, 1800px\" \/><button\n\t\t\tclass=\"lightbox-trigger\"\n\t\t\ttype=\"button\"\n\t\t\taria-haspopup=\"dialog\"\n\t\t\tdata-wp-bind--aria-label=\"state.thisImage.triggerButtonAriaLabel\"\n\t\t\tdata-wp-init=\"callbacks.initTriggerButton\"\n\t\t\tdata-wp-on--click=\"actions.showLightbox\"\n\t\t\tdata-wp-style--right=\"state.thisImage.buttonRight\"\n\t\t\tdata-wp-style--top=\"state.thisImage.buttonTop\"\n\t\t>\n\t\t\t<svg xmlns=\"http:\/\/www.w3.org\/2000\/svg\" width=\"12\" height=\"12\" fill=\"none\" viewBox=\"0 0 12 12\">\n\t\t\t\t<path fill=\"#fff\" d=\"M2 0a2 2 0 0 0-2 2v2h1.5V2a.5.5 0 0 1 .5-.5h2V0H2Zm2 10.5H2a.5.5 0 0 1-.5-.5V8H0v2a2 2 0 0 0 2 2h2v-1.5ZM8 12v-1.5h2a.5.5 0 0 0 .5-.5V8H12v2a2 2 0 0 1-2 2H8Zm2-12a2 2 0 0 1 2 2v2h-1.5V2a.5.5 0 0 0-.5-.5H8V0h2Z\" \/>\n\t\t\t<\/svg>\n\t\t<\/button><figcaption class=\"wp-element-caption\">Foto: Wikimedia Commons (CC BY-SA 3.0)<\/figcaption><\/figure>\n\n\n\n<h2 class=\"wp-block-heading\"><span class=\"ez-toc-section\" id=\"Kempingezes_es_lakoautok_mi_valtozott_2026-ban\"><\/span>Kempingez\u00e9s \u00e9s lak\u00f3aut\u00f3k: mi v\u00e1ltozott 2026-ban<span class=\"ez-toc-section-end\"><\/span><\/h2>\n\n\n\n<p class=\"wp-block-paragraph\">Az id\u0151, amikor lak\u00f3kocsival vagy s\u00e1torral b\u00e1rhol meg\u00e1llhatt\u00e1l a szikla tetej\u00e9n, Bulg\u00e1ri\u00e1ban v\u00e9gleg elm\u00falt. 2026-t\u00f3l szigor\u00fa szab\u00e1lyok \u00e9rv\u00e9nyesek: <strong>csak azokon a ter\u00fcleteken szabad kempingezni, amelyeket a telep\u00fcl\u00e9sek erre kifejezetten kijel\u00f6ltek<\/strong>, \u00e9s amelyek nem \u00e9rintenek v\u00e9dett ter\u00fcleteket. Ezeknek a leg\u00e1lis z\u00f3n\u00e1knak a t\u00e9rk\u00e9pe el\u00e9rhet\u0151 a <a href=\"https:\/\/bulgariatravel.org\/\" rel=\"nofollow noopener\" target=\"_blank\">turisztikai miniszt\u00e9rium digit\u00e1lis port\u00e1lj\u00e1n<\/a>.<\/p>\n\n\n\n<p class=\"wp-block-paragraph\">A legnagyobb v\u00e1ltoz\u00e1s a v\u00e9d\u0151z\u00f3n\u00e1t \u00e9rinti. M\u00edg \u00e1ltal\u00e1ban nem kempingezhetsz 100 m\u00e9tern\u00e9l k\u00f6zelebb a tengerhez, az Irakli, Karadere \u00e9s Koral vad strandokn\u00e1l ez a <strong>tiltott z\u00f3na eg\u00e9szen 500 m\u00e9terre b\u0151v\u00fclt<\/strong>. Ennek oka az \u00e9rt\u00e9kes homokd\u0171n\u00e9k v\u00e9delme, amelyeket \u00fajonnan k\u00f6zvetlen\u00fcl t\u00f6rv\u00e9ny v\u00e9d, \u00e9s r\u00e1juk m\u00e9g \u00e9p\u00edteni sem szabad.<\/p>\n\n\n\n<p class=\"wp-block-paragraph\">Hogy a hat\u00f3s\u00e1gok komolyan gondolj\u00e1k, azt a 2026. j\u00falius v\u00e9gi razzia bizony\u00edtja \u00e9ppen a Karadere strandon. A hivatalnokok ott k\u00f6r\u00fclbel\u00fcl <strong>1000 illeg\u00e1lisan \u00e1ll\u00f3 lak\u00f3kocsit, lak\u00f3aut\u00f3t \u00e9s s\u00e1trat<\/strong> sz\u00e1moltak \u00f6ssze, amelyek a strand fel\u00e9t elfoglalt\u00e1k, bele\u00e9rtve a d\u0171n\u00e9ket is. Mindenki figyelmeztet\u00e9st kapott, \u00e9s a tov\u00e1bbi ellen\u0151rz\u00e9sekn\u00e9l a rendsz\u00e1m n\u00e9lk\u00fcli j\u00e1rm\u0171veket elkezdik elsz\u00e1ll\u00edtani. <strong>Lak\u00f3aut\u00f3val ez\u00e9rt id\u00e9n semmik\u00e9pp se menj a Karadere strandra.<\/strong><\/p>\n\n\n\n<p class=\"wp-block-paragraph\">Ha leg\u00e1lisan szeretn\u00e9l kempingezni, a d\u00e9li parton sz\u00e1mos kiv\u00e1l\u00f3 kemping m\u0171k\u00f6dik (pl. Gradina, Kavaci, Szmokinja vagy Nesztinarka). Az \u00e1rak 2026-ban viszonylag bar\u00e1ts\u00e1gosak: <strong>egy s\u00e1tor\u00e9rt 8\u201315 eur\u00f3t fizetsz \u00e9jszak\u00e1nk\u00e9nt<\/strong> (plusz 3\u20137 eur\u00f3 szem\u00e9lyenk\u00e9nt), m\u00edg egy lak\u00f3aut\u00f3 \u00e1ramcsatlakoz\u00f3s helye 15\u201330 eur\u00f3ba (kb. 5400\u201310 800 Ft) ker\u00fcl. A vad meg\u00e1ll\u00e1s\u00e9rt j\u00e1r\u00f3 szankci\u00f3kat a hat\u00f3s\u00e1gok 2026. okt\u00f3ber 1-j\u00e9t\u0151l kezdik teljes m\u00e9rt\u00e9kben behajtani, \u00e9s a b\u00edrs\u00e1gok 250 eur\u00f3t\u00f3l indulnak.<\/p>\n\n\n\n<figure data-wp-context=\"{&quot;imageId&quot;:&quot;6a9c335a0cf62&quot;}\" data-wp-interactive=\"core\/image\" data-wp-key=\"6a9c335a0cf62\" class=\"wp-block-image size-full wp-lightbox-container\"><img decoding=\"async\" width=\"1800\" height=\"1013\" data-wp-class--hide=\"state.isContentHidden\" data-wp-class--show=\"state.isContentVisible\" data-wp-init=\"callbacks.setButtonStyles\" data-wp-on--click=\"actions.showLightbox\" data-wp-on--load=\"callbacks.setButtonStyles\" data-wp-on--pointerdown=\"actions.preloadImage\" data-wp-on--pointerenter=\"actions.preloadImageWithDelay\" data-wp-on--pointerleave=\"actions.cancelPreload\" data-wp-on-window--resize=\"callbacks.setButtonStyles\" src=\"https:\/\/loudavymkrokem.cz\/wp-content\/uploads\/2026\/08\/bulharsko-research-plaze-bulharsko-30.jpg\" alt=\"Kora este a bolg\u00e1r tengerparton\" class=\"wp-image-404267\" title=\"\" srcset=\"https:\/\/loudavymkrokem.cz\/wp-content\/uploads\/2026\/08\/bulharsko-research-plaze-bulharsko-30.jpg 1800w, https:\/\/loudavymkrokem.cz\/wp-content\/uploads\/2026\/08\/bulharsko-research-plaze-bulharsko-30-300x169.jpg 300w, https:\/\/loudavymkrokem.cz\/wp-content\/uploads\/2026\/08\/bulharsko-research-plaze-bulharsko-30-700x394.jpg 700w, https:\/\/loudavymkrokem.cz\/wp-content\/uploads\/2026\/08\/bulharsko-research-plaze-bulharsko-30-768x432.jpg 768w, https:\/\/loudavymkrokem.cz\/wp-content\/uploads\/2026\/08\/bulharsko-research-plaze-bulharsko-30-1536x864.jpg 1536w, https:\/\/loudavymkrokem.cz\/wp-content\/uploads\/2026\/08\/bulharsko-research-plaze-bulharsko-30-696x392.jpg 696w, https:\/\/loudavymkrokem.cz\/wp-content\/uploads\/2026\/08\/bulharsko-research-plaze-bulharsko-30-1392x783.jpg 1392w\" sizes=\"(max-width: 1800px) 100vw, 1800px\" \/><button\n\t\t\tclass=\"lightbox-trigger\"\n\t\t\ttype=\"button\"\n\t\t\taria-haspopup=\"dialog\"\n\t\t\tdata-wp-bind--aria-label=\"state.thisImage.triggerButtonAriaLabel\"\n\t\t\tdata-wp-init=\"callbacks.initTriggerButton\"\n\t\t\tdata-wp-on--click=\"actions.showLightbox\"\n\t\t\tdata-wp-style--right=\"state.thisImage.buttonRight\"\n\t\t\tdata-wp-style--top=\"state.thisImage.buttonTop\"\n\t\t>\n\t\t\t<svg xmlns=\"http:\/\/www.w3.org\/2000\/svg\" width=\"12\" height=\"12\" fill=\"none\" viewBox=\"0 0 12 12\">\n\t\t\t\t<path fill=\"#fff\" d=\"M2 0a2 2 0 0 0-2 2v2h1.5V2a.5.5 0 0 1 .5-.5h2V0H2Zm2 10.5H2a.5.5 0 0 1-.5-.5V8H0v2a2 2 0 0 0 2 2h2v-1.5ZM8 12v-1.5h2a.5.5 0 0 0 .5-.5V8H12v2a2 2 0 0 1-2 2H8Zm2-12a2 2 0 0 1 2 2v2h-1.5V2a.5.5 0 0 0-.5-.5H8V0h2Z\" \/>\n\t\t\t<\/svg>\n\t\t<\/button><figcaption class=\"wp-element-caption\">Foto: Milo\u0161 La\u0161\u00e1k \/ Pexels<\/figcaption><\/figure>\n\n\n\n<h2 class=\"wp-block-heading\"><span class=\"ez-toc-section\" id=\"Mikor_erdemes_a_bolgar_strandokra_menni\"><\/span>Mikor \u00e9rdemes a bolg\u00e1r strandokra menni<span class=\"ez-toc-section-end\"><\/span><\/h2>\n\n\n\n<p class=\"wp-block-paragraph\">A bolg\u00e1r ny\u00e1r viszonylag r\u00f6vid, de ann\u00e1l intenz\u00edvebb. A tenger h\u0151m\u00e9rs\u00e9klete j\u00faniusban a felfriss\u00edt\u0151 20,5\u201321 \u00b0C k\u00f6r\u00fcl mozog. <strong>A legmelegebb \u00e9s egyben legsz\u00e1razabb h\u00f3nap egy\u00e9rtelm\u0171en az augusztus<\/strong>, amikor a v\u00edz sz\u00e9p 25\u201326 \u00b0C-os, \u00e9s a partra \u00e1tlagosan mind\u00f6ssze 24\u201330 mm csapad\u00e9k esik, csup\u00e1n h\u00e1rom es\u0151s nap alatt.<\/p>\n\n\n\n<p class=\"wp-block-paragraph\">\u00c9rdekes tipp a helyiekt\u0151l, hogy az utaz\u00e1st a ny\u00e1r v\u00e9g\u00e9re id\u0151z\u00edtsd. <strong>Szeptemberben ugyanis a tenger paradox m\u00f3don melegebb, mint j\u00faniusban<\/strong> (tartja a 22\u201323 \u00b0C-ot), a leveg\u0151 m\u00e1r nem olyan perzsel\u0151, a f\u0151 turistat\u00f6megek pedig r\u00e9g elmentek. Csak ellen\u0151rizd a strandb\u00e1rok nyitvatart\u00e1s\u00e1t, sok k\u00f6z\u00fcl\u00fck m\u00e1r szeptember k\u00f6zep\u00e9n bez\u00e1r.<\/p>\n\n\n\n<h2 class=\"wp-block-heading\"><span class=\"ez-toc-section\" id=\"Hova_tovabb\"><\/span>Hov\u00e1 tov\u00e1bb<span class=\"ez-toc-section-end\"><\/span><\/h2>\n\n\n\n<ul class=\"wp-block-list\">\n\n<li>  \u00c9rdekel, milyen ott a strand? N\u00e9zd meg az <strong><a href=\"https:\/\/loudavymkrokem.cz\/zlate-pisky\/\">Aranyhomok: mit l\u00e1ss, strandok \u00e9s mennyibe ker\u00fcl<\/a><\/strong> cikket.<\/li>\n\n\n\n\n<li>  Strandot \u00e9s t\u00f6rt\u00e9nelmet egy\u00fctt szeretn\u00e9l? Kukkants be a <strong><a href=\"https:\/\/loudavymkrokem.cz\/hu\/?p=406041\">Szozopol: mit l\u00e1ss a tengerparti legr\u00e9gibb v\u00e1rosban<\/a><\/strong> cikkbe.<\/li>\n\n\n\n\n<li>  Strandot \u00e9s t\u00f6rt\u00e9nelmet is akarsz? N\u00e9zd meg a <strong><a href=\"https:\/\/loudavymkrokem.cz\/nesebar\/\">Neszebar: mit l\u00e1ss az UNESCO-v\u00e1rosban<\/a><\/strong> cikket.<\/li>\n\n\n\n\n<li><a href=\"https:\/\/loudavymkrokem.cz\/hu\/bulgaria-nyaralas-legszebb-helyek\/\">Nyaral\u00e1s Bulg\u00e1ri\u00e1ban: a 30 legszebb hely<\/a><\/li>\n\n\n\n<li><a href=\"https:\/\/loudavymkrokem.cz\/hu\/napsugar-part-bulgaria-tippek\/\">Napospart: 15 tipp \u00e9s mire figyelj oda<\/a><\/li>\n\n\n\n<li><a href=\"https:\/\/loudavymkrokem.cz\/hu\/bulgaria-arak-nyaralas\/\">\u00c1rak Bulg\u00e1ri\u00e1ban az eur\u00f3ra val\u00f3 \u00e1tt\u00e9r\u00e9s ut\u00e1n<\/a><\/li>\n\n\n\n<li><a href=\"https:\/\/loudavymkrokem.cz\/hu\/bulgaria-idojaras-mikor-menj\/\">Id\u0151j\u00e1r\u00e1s Bulg\u00e1ri\u00e1ban: tengerh\u0151m\u00e9rs\u00e9klet h\u00f3napr\u00f3l h\u00f3napra<\/a><\/li>\n\n\n\n<li><a href=\"https:\/\/loudavymkrokem.cz\/hu\/bulgaria-all-inclusive-resortok\/\">Bulg\u00e1ria all inclusive: a 22 legjobb \u00fcd\u00fcl\u0151<\/a><\/li>\n\n\n<\/ul>\n\n\n\n<h2 class=\"wp-block-heading\"><span class=\"ez-toc-section\" id=\"Gyakran_ismetelt_kerdesek\"><\/span>Gyakran ism\u00e9telt k\u00e9rd\u00e9sek<span class=\"ez-toc-section-end\"><\/span><\/h2>\n\n\n<div id=\"rank-math-faq\" class=\"rank-math-block\">\n<div class=\"rank-math-list \">\n<div id=\"faq-question-1787919927000\" class=\"rank-math-list-item\">\n<h3 class=\"rank-math-question \"><span class=\"ez-toc-section\" id=\"Melyek_a_legszebb_strandok\"><\/span>Melyek a legszebb strandok?<span class=\"ez-toc-section-end\"><\/span><\/h3>\n<div class=\"rank-math-answer \">\n\n<p>Att\u00f3l f\u00fcgg, mit keresel. A vad term\u00e9szet \u00e9s a dr\u00e1mai szikl\u00e1k szerelmeseinek abszol\u00fat cs\u00facs a d\u00e9li Silistar-\u00f6b\u00f6l vagy az \u00e9szaki Bolata-ter\u00fclet. Ha v\u00e9gtelen homokd\u0171n\u00e9ket keresel, ir\u00e1ny Arkutino.<\/p>\n\n<\/div>\n<\/div>\n<div id=\"faq-question-1787919927001\" class=\"rank-math-list-item\">\n<h3 class=\"rank-math-question \"><span class=\"ez-toc-section\" id=\"Mennyibe_kerul_egy_napagy\"><\/span>Mennyibe ker\u00fcl egy nap\u00e1gy?<span class=\"ez-toc-section-end\"><\/span><\/h3>\n<div class=\"rank-math-answer \">\n\n<p>Az \u00e1rak 2026-ban h\u00faszszoros\u00e1ra v\u00e1ltoznak. A legolcs\u00f3bb nap\u00e1gyakat Burgaszban tal\u00e1lod (darabonk\u00e9nt 0,60 \u20ac-t\u00f3l), m\u00edg Aranyhomok-on 5-6 \u20ac-t fizetsz. Egy szett (k\u00e9t nap\u00e1gy \u00e9s naperny\u0151) \u00e1tlag\u00e1ra a tengerparton 10-15 \u20ac k\u00f6r\u00fcl mozog.<\/p>\n\n<\/div>\n<\/div>\n<div id=\"faq-question-1787919927002\" class=\"rank-math-list-item\">\n<h3 class=\"rank-math-question \"><span class=\"ez-toc-section\" id=\"Fizetnem_kell_a_strandert\"><\/span>Fizetnem kell a strand\u00e9rt?<span class=\"ez-toc-section-end\"><\/span><\/h3>\n<div class=\"rank-math-answer \">\n\n<p>Nem, minden bolg\u00e1r strand bej\u00e1rata ingyenes. A t\u00f6rv\u00e9ny r\u00e1ad\u00e1sul el\u0151\u00edrja, hogy a ter\u00fclet legal\u00e1bb 50%-\u00e1t \u00fagynevezett szabad z\u00f3n\u00e1nak kell alkotnia. Oda b\u00e1rmikor ingyenesen leter\u00edtheted a saj\u00e1t takar\u00f3dat \u00e9s naperny\u0151det is, m\u00e9g a luxussz\u00e1llod\u00e1k el\u0151tt is.<\/p>\n\n<\/div>\n<\/div>\n<div id=\"faq-question-1787919927003\" class=\"rank-math-list-item\">\n<h3 class=\"rank-math-question \"><span class=\"ez-toc-section\" id=\"Hova_menjek_kisgyerekkel\"><\/span>Hova menjek kisgyerekkel?<span class=\"ez-toc-section-end\"><\/span><\/h3>\n<div class=\"rank-math-answer \">\n\n<p>A legjobb v\u00e1laszt\u00e1s az \u00e9szaki Albena \u00fcd\u00fcl\u0151hely, ahol a v\u00edz m\u00e9lys\u00e9ge m\u00e9g 150 m\u00e9terre a partt\u00f3l sem haladja meg az 1,6 m\u00e9tert. Kiv\u00e1l\u00f3 sek\u00e9ly vizeket tal\u00e1lsz Kranevo, Primorsko \u00e9s Kiten \u00fcd\u00fcl\u0151helyeken is. Viszont ker\u00fcld a Veleka strandot, ahol m\u00e9lys\u00e9g m\u00e1r a part k\u00f6zel\u00e9ben van.<\/p>\n\n<\/div>\n<\/div>\n<div id=\"faq-question-1787919927004\" class=\"rank-math-list-item\">\n<h3 class=\"rank-math-question \"><span class=\"ez-toc-section\" id=\"Melyek_a_veszelyes_strandok\"><\/span>Melyek a vesz\u00e9lyes strandok?<span class=\"ez-toc-section-end\"><\/span><\/h3>\n<div class=\"rank-math-answer \">\n\n<p>Az \u00e1rulkod\u00f3 vissza\u00e1raml\u00e1sok (az \u00fagynevezett hal\u00e1lhull\u00e1m) miatt augusztusban k\u00fcl\u00f6n\u00f6sen vesz\u00e9lyesek a d\u00e9li strandok: Silistar, Butamjata, Primorsko-\u00e9szak, Sozopol-Harmani \u00e9s Obzor. Ha elkapott az \u00e1raml\u00e1s, mindig a parttal p\u00e1rhuzamosan \u00fassz, soha ne az \u00e1ramlat ellen.<\/p>\n\n<\/div>\n<\/div>\n<div id=\"faq-question-1787919927005\" class=\"rank-math-list-item\">\n<h3 class=\"rank-math-question \"><span class=\"ez-toc-section\" id=\"Vannak_nudista_strandok_Bulgariaban\"><\/span>Vannak nudista strandok Bulg\u00e1ri\u00e1ban?<span class=\"ez-toc-section-end\"><\/span><\/h3>\n<div class=\"rank-math-answer \">\n\n<p>Hivatalos naturista strand komplett h\u00e1tt\u00e9rrel csak a Nirvana van Aranyhomok-on. Toler\u00e1lt, nem hivatalos nudista z\u00f3n\u00e1kat azonban tal\u00e1lsz az Alepu, Pa\u0161a dere, Karadere strandok t\u00e1voli szakaszain, vagy a \u0160korpilovci \u00e9szaki sz\u00e9l\u00e9n.<\/p>\n\n<\/div>\n<\/div>\n<div id=\"faq-question-1787919927006\" class=\"rank-math-list-item\">\n<h3 class=\"rank-math-question \"><span class=\"ez-toc-section\" id=\"Lehet_ott_vadkempingezni\"><\/span>Lehet ott vadkempingezni?<span class=\"ez-toc-section-end\"><\/span><\/h3>\n<div class=\"rank-math-answer \">\n\n<p>2026-t\u00f3l nagyon szigor\u00fa szab\u00e1lyok \u00e9rv\u00e9nyesek, \u00e9s a vadkempingez\u00e9s strandokon vagy d\u0171n\u00e9kben tilos. A Karadere, Irakli \u00e9s Koral strandok k\u00f6r\u00fcl egyenesen 500 m\u00e9teres v\u00e9d\u0151z\u00f3na van \u00e9rv\u00e9nyben. Kempingezni csak kijel\u00f6lt leg\u00e1lis z\u00f3n\u00e1kban \u00e9s kempingekben lehet.<\/p>\n\n<\/div>\n<\/div>\n<div id=\"faq-question-1787919927007\" class=\"rank-math-list-item\">\n<h3 class=\"rank-math-question \"><span class=\"ez-toc-section\" id=\"Mikor_a_legmelegebb_a_tenger\"><\/span>Mikor a legmelegebb a tenger?<span class=\"ez-toc-section-end\"><\/span><\/h3>\n<div class=\"rank-math-answer \">\n\n<p>A legmelegebb v\u00edz augusztusban v\u00e1r, amikor a Fekete-tenger h\u0151m\u00e9rs\u00e9klete el\u00e9ri a 25-26 \u00b0C-ot. Augusztus egyben a legsz\u00e1razabb h\u00f3nap is, minim\u00e1lis csapad\u00e9kkal. Kiv\u00e1l\u00f3 v\u00e1laszt\u00e1s a szeptember is, amikor a tenger 22-23 \u00b0C-os h\u0151m\u00e9rs\u00e9klettel meglep\u0151en melegebb, mint j\u00faniusban.<\/p>\n\n<\/div>\n<\/div>\n<div id=\"faq-question-1787919927008\" class=\"rank-math-list-item\">\n<h3 class=\"rank-math-question \"><span class=\"ez-toc-section\" id=\"Vannak_meduzak_a_tengerben\"><\/span>Vannak med\u00faz\u00e1k a tengerben?<span class=\"ez-toc-section-end\"><\/span><\/h3>\n<div class=\"rank-math-answer \">\n\n<p>A Fekete-tengerben rendszeresen el\u0151fordul k\u00e9t med\u00fazafaj (pl. f\u00fclkagyl\u00f3s med\u00faza), amelyek leggyakrabban ny\u00e1r k\u00f6zep\u00e9n jelennek meg. Azonban \u00e1rtalmatlanok az ember sz\u00e1m\u00e1ra, \u00e9s a cs\u00edp\u00e9s\u00fck nagyon gyenge, ink\u00e1bb egy fut\u00f3 csal\u00e1n\u00e9rint\u00e9shez hasonl\u00edt.<\/p>\n\n<\/div>\n<\/div>\n<div id=\"faq-question-1787919927009\" class=\"rank-math-list-item\">\n<h3 class=\"rank-math-question \"><span class=\"ez-toc-section\" id=\"Hogyan_jutok_el_a_vad_strandokra\"><\/span>Hogyan jutok el a vad strandokra?<span class=\"ez-toc-section-end\"><\/span><\/h3>\n<div class=\"rank-math-answer \">\n\n<p>A legt\u00f6bb vad strandhoz (Irakli, Karadere, Pa\u0161a dere) nem vezet aszfaltozott \u00fat, csak poros \u00e9s g\u00f6r\u00f6ngy\u00f6s mezei utak. Gyakran az aut\u00f3t t\u00e1volabb kell hagyni a tengert\u0151l, \u00e9s az utols\u00f3 n\u00e9h\u00e1ny sz\u00e1z m\u00e9tert gyalog megtenni. Er\u0151s es\u0151 ut\u00e1n az utak \u00e1ltal\u00e1nos aut\u00f3kkal j\u00e1rhatatlanok.<\/p>\n\n<\/div>\n<\/div>\n<\/div>\n<\/div>\n\n\n<p class=\"wp-block-paragraph\">\ud83d\udc49 <a href=\"https:\/\/www.stay22.com\/allez\/roam?aid=lukaskonecny&#038;campaign=loudavymkrokemcz&#038;campaign=plaze-bulharsko&#038;address=Primorsko%2C%20Bulharsko\" target=\"_blank\" rel=\"nofollow noopener\"><strong>N\u00e9zd meg a sz\u00e1ll\u00e1s\u00e1rakat ennek a strandnak a k\u00f6rny\u00e9k\u00e9n<\/strong><\/a><\/p>\n\n","protected":false},"excerpt":{"rendered":"<p>Fedezd fel a 20 legszebb bulg\u00e1ria strandot \u2013 a v\u00e9gtelen homokd\u0171n\u00e9kt\u0151l \u00e9s a hotelek n\u00e9lk\u00fcli vad \u00f6bl\u00f6kt\u0151l a gyerekes csal\u00e1doknak ide\u00e1lis sek\u00e9ly \u00fcd\u00fcl\u0151kig.<\/p>\n","protected":false},"author":3,"featured_media":404281,"comment_status":"open","ping_status":"open","sticky":false,"template":"","format":"standard","meta":{"_acf_changed":false,"footnotes":"","rank_math_title":"Bulg\u00e1ria strandok: 20 legszebb tipp 2026-ra","rank_math_description":"A legszebb bulg\u00e1ria strandok list\u00e1ja: vad \u00f6bl\u00f6k, d\u0171n\u00e9k \u00e9s csal\u00e1dbar\u00e1t \u00fcd\u00fcl\u0151k, \u00e1rakkal \u00e9s tippekkel. Fedezd fel, melyik strand illik hozz\u00e1d!","rank_math_focus_keyword":"bulg\u00e1ria strandok","rank_math_seo_score":""},"categories":[1816,1804,1788],"tags":[],"class_list":["post-417214","post","type-post","status-publish","format-standard","has-post-thumbnail","category-bulgaria","category-europa","category-utazas"],"acf":[],"featured_image_src":"https:\/\/loudavymkrokem.cz\/wp-content\/uploads\/2026\/08\/plaze-bulharsko-zatoka-bolata.jpg","author_info":{"display_name":"Lucie Kone\u010dn\u00e1","author_link":"https:\/\/loudavymkrokem.cz\/hu\/author\/lucie-konecna\/"},"_links":{"self":[{"href":"https:\/\/loudavymkrokem.cz\/hu\/wp-json\/wp\/v2\/posts\/417214","targetHints":{"allow":["GET"]}}],"collection":[{"href":"https:\/\/loudavymkrokem.cz\/hu\/wp-json\/wp\/v2\/posts"}],"about":[{"href":"https:\/\/loudavymkrokem.cz\/hu\/wp-json\/wp\/v2\/types\/post"}],"author":[{"embeddable":true,"href":"https:\/\/loudavymkrokem.cz\/hu\/wp-json\/wp\/v2\/users\/3"}],"replies":[{"embeddable":true,"href":"https:\/\/loudavymkrokem.cz\/hu\/wp-json\/wp\/v2\/comments?post=417214"}],"version-history":[{"count":2,"href":"https:\/\/loudavymkrokem.cz\/hu\/wp-json\/wp\/v2\/posts\/417214\/revisions"}],"predecessor-version":[{"id":417216,"href":"https:\/\/loudavymkrokem.cz\/hu\/wp-json\/wp\/v2\/posts\/417214\/revisions\/417216"}],"wp:featuredmedia":[{"embeddable":true,"href":"https:\/\/loudavymkrokem.cz\/hu\/wp-json\/wp\/v2\/media\/404281"}],"wp:attachment":[{"href":"https:\/\/loudavymkrokem.cz\/hu\/wp-json\/wp\/v2\/media?parent=417214"}],"wp:term":[{"taxonomy":"category","embeddable":true,"href":"https:\/\/loudavymkrokem.cz\/hu\/wp-json\/wp\/v2\/categories?post=417214"},{"taxonomy":"post_tag","embeddable":true,"href":"https:\/\/loudavymkrokem.cz\/hu\/wp-json\/wp\/v2\/tags?post=417214"}],"curies":[{"name":"wp","href":"https:\/\/api.w.org\/{rel}","templated":true}]}}