{"id":417210,"date":"2026-09-03T13:49:06","date_gmt":"2026-09-03T11:49:06","guid":{"rendered":"https:\/\/loudavymkrokem.cz\/dominikai-koztarsasag-punta-cana\/"},"modified":"2026-09-05T14:15:15","modified_gmt":"2026-09-05T12:15:15","slug":"dominikai-koztarsasag-punta-cana","status":"publish","type":"post","link":"https:\/\/loudavymkrokem.cz\/hu\/dominikai-koztarsasag-punta-cana\/","title":{"rendered":"Punta Cana, Dominikai K\u00f6zt\u00e1rsas\u00e1g: 20 tipp, mit l\u00e1ss \u00e9s csin\u00e1lj 2026-ban"},"content":{"rendered":"\n<p class=\"wp-block-paragraph\">Ha a Karib-tengeren \u00e9pp a <strong>dominikai k\u00f6zt\u00e1rsas\u00e1g Punta Cana<\/strong> a v\u00e1gyott \u00fati c\u00e9lod, mindj\u00e1rt az elej\u00e9n fel kell h\u00edvnom a figyelmedet egy alapvet\u0151 dologra. Ez ugyanis nem egy klasszikus v\u00e1ros, hanem egy nagyj\u00e1b\u00f3l \u00f6tvenkilom\u00e9teres s\u00e1v gy\u00f6ny\u00f6r\u0171 strandokb\u00f3l, luxus\u00fcd\u00fcl\u0151kb\u0151l \u00e9s v\u00e9gtelen p\u00e1lmaligetekb\u0151l. Arr\u00f3l, hogy milyen lesz az \u00e1lomnyaral\u00e1sod, nem annyira a hotel homlokzat\u00e1n l\u00e9v\u0151 csillagok sz\u00e1ma d\u00f6nt, hanem sokkal ink\u00e1bb a partszakasz konkr\u00e9t r\u00e9sze \u00e9s a l\u00e1togat\u00e1sod h\u00f3napja.<\/p>\n\n\n\n<p class=\"wp-block-paragraph\">A legf\u0151bb mozgat\u00f3rug\u00f3 itt a szargasszum, vagyis a <strong>barna tengeri moszat<\/strong>, amit az Atlanti-\u00f3ce\u00e1n \u00e1ramlatai k\u00f6ny\u00f6rtelen\u00fcl a partra sodornak. 2026-ra a University of South Florida megfigyel\u0151rendszerei <strong>rendk\u00edv\u00fcl er\u0151s moszatel\u0151fordul\u00e1st<\/strong> jeleznek, \u00fagyhogy t\u00e9nyleg roppant fontos tudni, hova \u00e9rdemes pontosan menni, \u00e9s mely ter\u00fcleteket jobb bizonyos h\u00f3napokban j\u00f3 messzir\u0151l elker\u00fclni. Ne ijedj meg viszont, a Karib-t\u00e9rs\u00e9g m\u00e9g mindig f\u00f6ldi paradicsom, csak egy kis tervez\u00e9st ig\u00e9nyel.<\/p>\n\n\n\n<p class=\"wp-block-paragraph\">Ebben az \u00fatikalauzban megmutatom, mit ne hagyj ki semmik\u00e9pp Punta Can\u00e1ban, \u00e9s azt is, hol jobb egy\u00e1ltal\u00e1n meg sem \u00e1llni. Megn\u00e9zz\u00fck a <strong>legszebb rejtett cenot\u00e9kat<\/strong>, tan\u00e1csot adok a megfelel\u0151 kir\u00e1ndul\u00e1sok kiv\u00e1laszt\u00e1s\u00e1hoz, \u00e9s hozz\u00e1teszek p\u00e1r tippet remek <strong>veget\u00e1ri\u00e1nus \u00e9ttermekre<\/strong> is, mert a dominikai konyha h\u00fas n\u00e9lk\u00fcl is tud teljesen fantasztikus lenni.<\/p>\n\n\n\n<figure data-wp-context=\"{&quot;imageId&quot;:&quot;6a9c45f3e6e01&quot;}\" data-wp-interactive=\"core\/image\" data-wp-key=\"6a9c45f3e6e01\" class=\"wp-block-image size-full wp-lightbox-container\"><img decoding=\"async\" width=\"1920\" height=\"1079\" data-wp-class--hide=\"state.isContentHidden\" data-wp-class--show=\"state.isContentVisible\" data-wp-init=\"callbacks.setButtonStyles\" data-wp-on--click=\"actions.showLightbox\" data-wp-on--load=\"callbacks.setButtonStyles\" data-wp-on--pointerdown=\"actions.preloadImage\" data-wp-on--pointerenter=\"actions.preloadImageWithDelay\" data-wp-on--pointerleave=\"actions.cancelPreload\" data-wp-on-window--resize=\"callbacks.setButtonStyles\" src=\"https:\/\/loudavymkrokem.cz\/wp-content\/uploads\/2026\/09\/plaz-v-punta-cane-s-palmami-ee0500e7.jpg\" alt=\"Strand Punta Can\u00e1ban p\u00e1lmaf\u00e1kkal\" class=\"wp-image-415816\" title=\"\" srcset=\"https:\/\/loudavymkrokem.cz\/wp-content\/uploads\/2026\/09\/plaz-v-punta-cane-s-palmami-ee0500e7.jpg 1920w, https:\/\/loudavymkrokem.cz\/wp-content\/uploads\/2026\/09\/plaz-v-punta-cane-s-palmami-ee0500e7-300x169.jpg 300w, https:\/\/loudavymkrokem.cz\/wp-content\/uploads\/2026\/09\/plaz-v-punta-cane-s-palmami-ee0500e7-700x393.jpg 700w, https:\/\/loudavymkrokem.cz\/wp-content\/uploads\/2026\/09\/plaz-v-punta-cane-s-palmami-ee0500e7-768x432.jpg 768w, https:\/\/loudavymkrokem.cz\/wp-content\/uploads\/2026\/09\/plaz-v-punta-cane-s-palmami-ee0500e7-1536x863.jpg 1536w, https:\/\/loudavymkrokem.cz\/wp-content\/uploads\/2026\/09\/plaz-v-punta-cane-s-palmami-ee0500e7-696x391.jpg 696w, https:\/\/loudavymkrokem.cz\/wp-content\/uploads\/2026\/09\/plaz-v-punta-cane-s-palmami-ee0500e7-1392x782.jpg 1392w\" sizes=\"(max-width: 1920px) 100vw, 1920px\" \/><button\n\t\t\tclass=\"lightbox-trigger\"\n\t\t\ttype=\"button\"\n\t\t\taria-haspopup=\"dialog\"\n\t\t\tdata-wp-bind--aria-label=\"state.thisImage.triggerButtonAriaLabel\"\n\t\t\tdata-wp-init=\"callbacks.initTriggerButton\"\n\t\t\tdata-wp-on--click=\"actions.showLightbox\"\n\t\t\tdata-wp-style--right=\"state.thisImage.buttonRight\"\n\t\t\tdata-wp-style--top=\"state.thisImage.buttonTop\"\n\t\t>\n\t\t\t<svg xmlns=\"http:\/\/www.w3.org\/2000\/svg\" width=\"12\" height=\"12\" fill=\"none\" viewBox=\"0 0 12 12\">\n\t\t\t\t<path fill=\"#fff\" d=\"M2 0a2 2 0 0 0-2 2v2h1.5V2a.5.5 0 0 1 .5-.5h2V0H2Zm2 10.5H2a.5.5 0 0 1-.5-.5V8H0v2a2 2 0 0 0 2 2h2v-1.5ZM8 12v-1.5h2a.5.5 0 0 0 .5-.5V8H12v2a2 2 0 0 1-2 2H8Zm2-12a2 2 0 0 1 2 2v2h-1.5V2a.5.5 0 0 0-.5-.5H8V0h2Z\" \/>\n\t\t\t<\/svg>\n\t\t<\/button><figcaption class=\"wp-element-caption\">Foto: NoonIcarus \/ Wikimedia Commons, CC BY-SA 3.0<\/figcaption><\/figure>\n\n\n\n<div id=\"ez-toc-container\" class=\"ez-toc-v2_0_87 ez-toc-wrap-left counter-hierarchy ez-toc-counter ez-toc-grey ez-toc-container-direction\">\n<div class=\"ez-toc-title-container\">\n<p class=\"ez-toc-title\" style=\"cursor:inherit\">A cikk tartalma<\/p>\n<span class=\"ez-toc-title-toggle\"><a href=\"#\" class=\"ez-toc-pull-right ez-toc-btn ez-toc-btn-xs ez-toc-btn-default ez-toc-toggle\" aria-label=\"Toggle Table of Content\"><span class=\"ez-toc-js-icon-con\"><span class=\"\"><span class=\"eztoc-hide\" style=\"display:none;\">Toggle<\/span><span class=\"ez-toc-icon-toggle-span\"><svg style=\"fill: #999;color:#999\" xmlns=\"http:\/\/www.w3.org\/2000\/svg\" class=\"list-377408\" width=\"20px\" height=\"20px\" viewBox=\"0 0 24 24\" fill=\"none\"><path d=\"M6 6H4v2h2V6zm14 0H8v2h12V6zM4 11h2v2H4v-2zm16 0H8v2h12v-2zM4 16h2v2H4v-2zm16 0H8v2h12v-2z\" fill=\"currentColor\"><\/path><\/svg><svg style=\"fill: #999;color:#999\" class=\"arrow-unsorted-368013\" xmlns=\"http:\/\/www.w3.org\/2000\/svg\" width=\"10px\" height=\"10px\" viewBox=\"0 0 24 24\" version=\"1.2\" baseProfile=\"tiny\"><path d=\"M18.2 9.3l-6.2-6.3-6.2 6.3c-.2.2-.3.4-.3.7s.1.5.3.7c.2.2.4.3.7.3h11c.3 0 .5-.1.7-.3.2-.2.3-.5.3-.7s-.1-.5-.3-.7zM5.8 14.7l6.2 6.3 6.2-6.3c.2-.2.3-.5.3-.7s-.1-.5-.3-.7c-.2-.2-.4-.3-.7-.3h-11c-.3 0-.5.1-.7.3-.2.2-.3.5-.3.7s.1.5.3.7z\"\/><\/svg><\/span><\/span><\/span><\/a><\/span><\/div>\n<nav><ul class='ez-toc-list ez-toc-list-level-1 ' ><ul class='ez-toc-list-level-3' ><li class='ez-toc-heading-level-3'><a class=\"ez-toc-link ez-toc-heading-1\" href=\"https:\/\/loudavymkrokem.cz\/hu\/dominikai-koztarsasag-punta-cana\/#Osszefoglalas_azoknak_akiknek_nincs_idejuk_vegigolvasni_a_cikket\" >\u00d6sszefoglal\u00e1s azoknak, akiknek nincs idej\u00fck v\u00e9gigolvasni a cikket<\/a><\/li><\/ul><\/li><li class='ez-toc-page-1 ez-toc-heading-level-2'><a class=\"ez-toc-link ez-toc-heading-2\" href=\"https:\/\/loudavymkrokem.cz\/hu\/dominikai-koztarsasag-punta-cana\/#Mikor_induljunk_Punta_Canaba\" >Mikor induljunk Punta Can\u00e1ba<\/a><\/li><li class='ez-toc-page-1 ez-toc-heading-level-2'><a class=\"ez-toc-link ez-toc-heading-3\" href=\"https:\/\/loudavymkrokem.cz\/hu\/dominikai-koztarsasag-punta-cana\/#Hol_szallj_meg_Punta_Canaban\" >Hol sz\u00e1llj meg Punta Can\u00e1ban<\/a><\/li><li class='ez-toc-page-1 ez-toc-heading-level-2'><a class=\"ez-toc-link ez-toc-heading-4\" href=\"https:\/\/loudavymkrokem.cz\/hu\/dominikai-koztarsasag-punta-cana\/#20_tipp_mit_lass_es_csinalj_Punta_Canaban\" >20 tipp, mit l\u00e1ss \u00e9s csin\u00e1lj Punta Can\u00e1ban<\/a><ul class='ez-toc-list-level-3' ><li class='ez-toc-heading-level-3'><a class=\"ez-toc-link ez-toc-heading-5\" href=\"https:\/\/loudavymkrokem.cz\/hu\/dominikai-koztarsasag-punta-cana\/#1_Az_ikonikus_Playa_Bavaro\" >1. Az ikonikus Playa B\u00e1varo<\/a><\/li><li class='ez-toc-page-1 ez-toc-heading-level-3'><a class=\"ez-toc-link ez-toc-heading-6\" href=\"https:\/\/loudavymkrokem.cz\/hu\/dominikai-koztarsasag-punta-cana\/#2_Az_exkluziv_Juanillo_Beach\" >2. Az exkluz\u00edv Juanillo Beach<\/a><\/li><li class='ez-toc-page-1 ez-toc-heading-level-3'><a class=\"ez-toc-link ez-toc-heading-7\" href=\"https:\/\/loudavymkrokem.cz\/hu\/dominikai-koztarsasag-punta-cana\/#3_A_vad_Playa_de_Macao\" >3. A vad Playa de Macao<\/a><\/li><li class='ez-toc-page-1 ez-toc-heading-level-3'><a class=\"ez-toc-link ez-toc-heading-8\" href=\"https:\/\/loudavymkrokem.cz\/hu\/dominikai-koztarsasag-punta-cana\/#4_A_kenyelmes_Playa_Blanca\" >4. A k\u00e9nyelmes Playa Blanca<\/a><\/li><li class='ez-toc-page-1 ez-toc-heading-level-3'><a class=\"ez-toc-link ez-toc-heading-9\" href=\"https:\/\/loudavymkrokem.cz\/hu\/dominikai-koztarsasag-punta-cana\/#5_Helyi_hangulat_a_Playa_Bibijagua_strandon\" >5. Helyi hangulat a Playa Bibijagua strandon<\/a><\/li><li class='ez-toc-page-1 ez-toc-heading-level-3'><a class=\"ez-toc-link ez-toc-heading-10\" href=\"https:\/\/loudavymkrokem.cz\/hu\/dominikai-koztarsasag-punta-cana\/#6_Az_adrenalinos_Scape_Park\" >6. Az adrenalinos Scape Park<\/a><\/li><li class='ez-toc-page-1 ez-toc-heading-level-3'><a class=\"ez-toc-link ez-toc-heading-11\" href=\"https:\/\/loudavymkrokem.cz\/hu\/dominikai-koztarsasag-punta-cana\/#7_Furdes_a_Hoyo_Azul_cenoteban\" >7. F\u00fcrd\u00e9s a Hoyo Azul cenot\u00e9ban<\/a><\/li><li class='ez-toc-page-1 ez-toc-heading-level-3'><a class=\"ez-toc-link ez-toc-heading-12\" href=\"https:\/\/loudavymkrokem.cz\/hu\/dominikai-koztarsasag-punta-cana\/#8_A_Hoyo_Claro_rejtett_titka\" >8. A Hoyo Claro rejtett titka<\/a><\/li><li class='ez-toc-page-1 ez-toc-heading-level-3'><a class=\"ez-toc-link ez-toc-heading-13\" href=\"https:\/\/loudavymkrokem.cz\/hu\/dominikai-koztarsasag-punta-cana\/#9_Indigenous_Eyes_Ecological_Reserve\" >9. Indigenous Eyes Ecological Reserve<\/a><\/li><li class='ez-toc-page-1 ez-toc-heading-level-3'><a class=\"ez-toc-link ez-toc-heading-14\" href=\"https:\/\/loudavymkrokem.cz\/hu\/dominikai-koztarsasag-punta-cana\/#10_Szorakozas_a_Bavaro_Adventure_Parkban\" >10. Sz\u00f3rakoz\u00e1s a B\u00e1varo Adventure Parkban<\/a><\/li><li class='ez-toc-page-1 ez-toc-heading-level-3'><a class=\"ez-toc-link ez-toc-heading-15\" href=\"https:\/\/loudavymkrokem.cz\/hu\/dominikai-koztarsasag-punta-cana\/#11_Seaquarium_Punta_Cana_megfontoltan\" >11. Seaquarium Punta Cana (megfontoltan)<\/a><\/li><li class='ez-toc-page-1 ez-toc-heading-level-3'><a class=\"ez-toc-link ez-toc-heading-16\" href=\"https:\/\/loudavymkrokem.cz\/hu\/dominikai-koztarsasag-punta-cana\/#12_Az_esti_Downtown_Punta_Cana\" >12. Az esti Downtown Punta Cana<\/a><\/li><li class='ez-toc-page-1 ez-toc-heading-level-3'><a class=\"ez-toc-link ez-toc-heading-17\" href=\"https:\/\/loudavymkrokem.cz\/hu\/dominikai-koztarsasag-punta-cana\/#13_Helyi_elet_Los_Coralesban_es_El_Cortecitoban\" >13. Helyi \u00e9let Los Coralesban \u00e9s El Cortecit\u00f3ban<\/a><\/li><li class='ez-toc-page-1 ez-toc-heading-level-3'><a class=\"ez-toc-link ez-toc-heading-18\" href=\"https:\/\/loudavymkrokem.cz\/hu\/dominikai-koztarsasag-punta-cana\/#14_A_betonbazilika_Higueyben\" >14. A betonbazilika Hig\u00fceyben<\/a><\/li><\/ul><\/li><li class='ez-toc-page-1 ez-toc-heading-level-2'><a class=\"ez-toc-link ez-toc-heading-19\" href=\"https:\/\/loudavymkrokem.cz\/hu\/dominikai-koztarsasag-punta-cana\/#Hol_egyel_a_resorton_kivul\" >Hol egy\u00e9l a resorton k\u00edv\u00fcl<\/a><ul class='ez-toc-list-level-3' ><li class='ez-toc-heading-level-3'><a class=\"ez-toc-link ez-toc-heading-20\" href=\"https:\/\/loudavymkrokem.cz\/hu\/dominikai-koztarsasag-punta-cana\/#15_A_fantasztikus_Indian_Aroma\" >15. A fantasztikus Indian Aroma<\/a><\/li><li class='ez-toc-page-1 ez-toc-heading-level-3'><a class=\"ez-toc-link ez-toc-heading-21\" href=\"https:\/\/loudavymkrokem.cz\/hu\/dominikai-koztarsasag-punta-cana\/#16_A_novenyi_Riviera_Express_Vegan\" >16. A n\u00f6v\u00e9nyi Riviera Express Vegan<\/a><\/li><li class='ez-toc-page-1 ez-toc-heading-level-3'><a class=\"ez-toc-link ez-toc-heading-22\" href=\"https:\/\/loudavymkrokem.cz\/hu\/dominikai-koztarsasag-punta-cana\/#17_A_kenyelmes_Castaways_Bistro_es_Wowzer\" >17. A k\u00e9nyelmes Castaways Bistro \u00e9s Wowzer<\/a><\/li><li class='ez-toc-page-1 ez-toc-heading-level-3'><a class=\"ez-toc-link ez-toc-heading-23\" href=\"https:\/\/loudavymkrokem.cz\/hu\/dominikai-koztarsasag-punta-cana\/#18_Helyi_hustalan_kulonlegessegek_felfedezese\" >18. Helyi h\u00fastalan k\u00fcl\u00f6nlegess\u00e9gek felfedez\u00e9se<\/a><\/li><li class='ez-toc-page-1 ez-toc-heading-level-3'><a class=\"ez-toc-link ez-toc-heading-24\" href=\"https:\/\/loudavymkrokem.cz\/hu\/dominikai-koztarsasag-punta-cana\/#19_Edes_dominikai_italok\" >19. \u00c9des dominikai italok<\/a><\/li><li class='ez-toc-page-1 ez-toc-heading-level-3'><a class=\"ez-toc-link ez-toc-heading-25\" href=\"https:\/\/loudavymkrokem.cz\/hu\/dominikai-koztarsasag-punta-cana\/#20_Vigyazz_a_timeshare-ekkel_es_a_delfinekkel\" >20. Vigy\u00e1zz a timeshare-ekkel \u00e9s a delfinekkel<\/a><\/li><\/ul><\/li><li class='ez-toc-page-1 ez-toc-heading-level-2'><a class=\"ez-toc-link ez-toc-heading-26\" href=\"https:\/\/loudavymkrokem.cz\/hu\/dominikai-koztarsasag-punta-cana\/#Merre_tovabb_Punta_Canabol\" >Merre tov\u00e1bb Punta Can\u00e1b\u00f3l<\/a><\/li><li class='ez-toc-page-1 ez-toc-heading-level-2'><a class=\"ez-toc-link ez-toc-heading-27\" href=\"https:\/\/loudavymkrokem.cz\/hu\/dominikai-koztarsasag-punta-cana\/#Gyakran_ismetelt_kerdesek\" >Gyakran ism\u00e9telt k\u00e9rd\u00e9sek<\/a><ul class='ez-toc-list-level-3' ><li class='ez-toc-heading-level-3'><a class=\"ez-toc-link ez-toc-heading-28\" href=\"https:\/\/loudavymkrokem.cz\/hu\/dominikai-koztarsasag-punta-cana\/#Kell_vizum_a_Dominikai_Koztarsasagba\" >Kell v\u00edzum a Dominikai K\u00f6zt\u00e1rsas\u00e1gba?<\/a><\/li><li class='ez-toc-page-1 ez-toc-heading-level-3'><a class=\"ez-toc-link ez-toc-heading-29\" href=\"https:\/\/loudavymkrokem.cz\/hu\/dominikai-koztarsasag-punta-cana\/#Megeri_a_Punta_Canaban_az_all-inclusive\" >Meg\u00e9ri a Punta Can\u00e1ban az all-inclusive?<\/a><\/li><li class='ez-toc-page-1 ez-toc-heading-level-3'><a class=\"ez-toc-link ez-toc-heading-30\" href=\"https:\/\/loudavymkrokem.cz\/hu\/dominikai-koztarsasag-punta-cana\/#Milyen_a_biztonsag_Punta_Canaban\" >Milyen a biztons\u00e1g Punta Can\u00e1ban?<\/a><\/li><li class='ez-toc-page-1 ez-toc-heading-level-3'><a class=\"ez-toc-link ez-toc-heading-31\" href=\"https:\/\/loudavymkrokem.cz\/hu\/dominikai-koztarsasag-punta-cana\/#Mukodik_Punta_Canaban_az_Uber\" >M\u0171k\u00f6dik Punta Can\u00e1ban az Uber?<\/a><\/li><li class='ez-toc-page-1 ez-toc-heading-level-3'><a class=\"ez-toc-link ez-toc-heading-32\" href=\"https:\/\/loudavymkrokem.cz\/hu\/dominikai-koztarsasag-punta-cana\/#Mennyibe_kerulnek_a_kirandulasok_Punta_Canabol\" >Mennyibe ker\u00fclnek a kir\u00e1ndul\u00e1sok Punta Can\u00e1b\u00f3l?<\/a><\/li><li class='ez-toc-page-1 ez-toc-heading-level-3'><a class=\"ez-toc-link ez-toc-heading-33\" href=\"https:\/\/loudavymkrokem.cz\/hu\/dominikai-koztarsasag-punta-cana\/#Ihato_a_csapviz\" >Ihat\u00f3 a csapv\u00edz?<\/a><\/li><li class='ez-toc-page-1 ez-toc-heading-level-3'><a class=\"ez-toc-link ez-toc-heading-34\" href=\"https:\/\/loudavymkrokem.cz\/hu\/dominikai-koztarsasag-punta-cana\/#Hogyan_mukodik_az_adok_felszamitasa_az_ettermekben\" >Hogyan m\u0171k\u00f6dik az ad\u00f3k felsz\u00e1m\u00edt\u00e1sa az \u00e9ttermekben?<\/a><\/li><\/ul><\/li><\/ul><\/nav><\/div>\n<h3 class=\"wp-block-heading\"><span class=\"ez-toc-section\" id=\"Osszefoglalas_azoknak_akiknek_nincs_idejuk_vegigolvasni_a_cikket\"><\/span>\u00d6sszefoglal\u00e1s azoknak, akiknek nincs idej\u00fck v\u00e9gigolvasni a cikket<span class=\"ez-toc-section-end\"><\/span><\/h3>\n\n\n\n<ul class=\"wp-block-list\">\n\n<li><strong>A partszakasz fontosabb, mint a hotel:<\/strong> a keletre n\u00e9z\u0151 strandok, mint a B\u00e1varo, szenvednek legt\u00f6bbet a moszatt\u00f3l, m\u00edg a v\u00e9dett Cap Cana vagy a Macao strand sokkal tiszt\u00e1bb marad.<\/li>\n\n\n\n<li><strong>Kritikus h\u00f3napok a moszat miatt:<\/strong> a legrosszabb helyzet rendszerint m\u00e1just\u00f3l augusztusig van, de az els\u0151 nagy n\u00e1nasz m\u00e1r m\u00e1rciusban vagy \u00e1prilisban megjelenhet.<\/li>\n\n\n\n<li><strong>Beutaz\u00e1si formas\u00e1gok:<\/strong> nem kell v\u00edzum az orsz\u00e1gba, de <a href=\"https:\/\/eticket.migracion.gob.do\/\" rel=\"nofollow noopener\" target=\"_blank\">k\u00f6telez\u0151 az e-Ticket<\/a> (online int\u00e9zed, ingyenes, de n\u00e9lk\u00fcle nem engednek fel a g\u00e9pre).<\/li>\n\n\n\n<li><strong>Rejtett d\u00edjak az \u00e9ttermekben:<\/strong> a Dominikai K\u00f6zt\u00e1rsas\u00e1gban a sz\u00e1ml\u00e1hoz automatikusan hozz\u00e1adnak 18% ad\u00f3t (ITBIS) \u00e9s 10% t\u00f6rv\u00e9nyes borraval\u00f3t, \u00fagyhogy az \u00e9tlapon l\u00e9v\u0151 \u00e1rak nem v\u00e9glegesek.<\/li>\n\n\n\n<li><strong>K\u00f6zleked\u00e9s a helysz\u00ednen:<\/strong> a klasszikus taxiknak a rept\u00e9rr\u0151l fix \u00e1raik vannak, 30\u201339 USD k\u00f6r\u00fcl, de 2020 \u00f3ta itt remek\u00fcl m\u0171k\u00f6dik az <a href=\"https:\/\/www.uber.com\/\" rel=\"nofollow noopener\" target=\"_blank\">Uber<\/a> is, ami r\u00f6videbb t\u00e1vokra 7\u201310 USD-\u00e9rt elvisz.<\/li>\n\n\n\n<li><strong>Vigy\u00e1zz a csal\u00f3 aj\u00e1nlatokkal:<\/strong> a strandon k\u00edn\u00e1lt ingyenes kir\u00e1ndul\u00e1sok vagy reggelik szinte mindig agressz\u00edv \u00e9rt\u00e9kes\u00edt\u00e9si prezent\u00e1ci\u00f3k az \u00fagynevezett timeshare-ekre.<\/li>\n\n\n\n<li><strong>Az \u00e9lm\u00e9nyeket meg kell venni:<\/strong> a legt\u00f6bb l\u00e1tnival\u00f3 nem k\u00f6zvetlen\u00fcl Punta Can\u00e1ban van, hanem eg\u00e9sznapos kir\u00e1ndul\u00e1sok keret\u00e9ben l\u00e1togatod meg a Saona-szigetet vagy a nemzeti parkokat.<\/li>\n\n\n<\/ul>\n\n\n\n<h2 class=\"wp-block-heading\"><span class=\"ez-toc-section\" id=\"Mikor_induljunk_Punta_Canaba\"><\/span>Mikor induljunk Punta Can\u00e1ba<span class=\"ez-toc-section-end\"><\/span><\/h2>\n\n\n\n<p class=\"wp-block-paragraph\">Az ide\u00e1lis l\u00e1togat\u00e1si id\u0151 h\u00e1rom f\u0151 id\u0151szakra oszlik, mindegyiknek megvannak a maga egy\u00e9rtelm\u0171 el\u0151nyei \u00e9s h\u00e1tr\u00e1nyai. <strong>A legjobb id\u0151szak december \u00e9s \u00e1prilis k\u00f6z\u00f6tt van<\/strong>, amikor sz\u00e1raz az id\u0151, a h\u0151m\u00e9rs\u00e9klet stabilan 26\u201330 fok k\u00f6r\u00fcl alakul. A v\u00edz eg\u00e9sz \u00e9vben kellemes 27\u201329 fokos, \u00fagyhogy m\u00e1r kora reggel is gond n\u00e9lk\u00fcl belem\u00e9sz a tengerbe. Ezekben a h\u00f3napokban a legkisebb a szargasszum el\u0151fordul\u00e1s\u00e1nak kock\u00e1zata, a v\u00edz gy\u00f6ny\u00f6r\u0171en krist\u00e1lytiszta, \u00e9s a strandok pontosan \u00fagy n\u00e9znek ki, ahogy meg\u00e1lmodod. Sz\u00e1molnod kell viszont azzal, hogy ez a f\u0151szezon abszol\u00fat cs\u00facsa, ami a legmagasabb sz\u00e1ll\u00e1s- \u00e9s rep\u00fcl\u0151jegy\u00e1rakban t\u00fckr\u00f6z\u0151dik, k\u00fcl\u00f6n\u00f6sen a kar\u00e1csony \u00e9s a szilveszter k\u00f6rny\u00e9k\u00e9n, amikor a legjobb hotelek j\u00f3 el\u0151re kifogynak.<\/p>\n\n\n\n<p class=\"wp-block-paragraph\">Ha a <strong>m\u00e1jus \u00e9s augusztus k\u00f6z\u00f6tti id\u0151szakra<\/strong> tervezed az utat, gy\u00f6ny\u00f6r\u0171 meleg \u00e9s tipikus karibi p\u00e1r\u00e1ss\u00e1g v\u00e1r, amikor m\u00e1r az ablakb\u00f3l kin\u00e9zve is izzadsz, de egyben a tengeri moszat f\u0151szezonja is. Ahogy eml\u00edtettem, a 2026-os \u00e9v az el\u0151rejelz\u00e9sek szerint rendk\u00edv\u00fcl er\u0151s lesz, \u00fagyhogy ezekben a h\u00f3napokban van \u00e9rtelme ink\u00e1bb a v\u00e9dett Cap Cana ter\u00fclet\u00e9n keresni sz\u00e1ll\u00e1st, vagy belet\u00f6r\u0151dni, hogy f\u0151leg a medenc\u00e9ben f\u00fcrdesz majd. A moszat\u00e1radat ak\u00e1r olyan hatalmas is lehet, hogy a hotelek neh\u00e9ztechnik\u00e1val sem gy\u0151zik takar\u00edtani, a partmenti v\u00edz pedig \u00e1tl\u00e1tszatlan barna sz\u00ednt kap, ami egyszer\u0171en nem t\u00fal cs\u00e1b\u00edt\u00f3 a v\u00edzi \u00e9lvezetekhez.<\/p>\n\n\n\n<p class=\"wp-block-paragraph\">A szeptembert\u0151l novemberig tart\u00f3 \u0151szi h\u00f3napok pedig a <strong>hivatalos hurrik\u00e1nszezont<\/strong> jelentik, aminek abszol\u00fat cs\u00facsa augusztusra \u00e9s okt\u00f3berre esik. Nem akarlak vele ijesztgetni, \u00e9s egy\u00e1ltal\u00e1n nem jelenti azt, hogy ilyenkor egy\u00e1ltal\u00e1n ne utazz. Legt\u00f6bbsz\u00f6r csak annyiban nyilv\u00e1nul meg, hogy j\u00f6n egy nagyon intenz\u00edv, de r\u00f6vid d\u00e9lut\u00e1ni z\u00e1por, ami ut\u00e1n r\u00f6gt\u00f6n \u00fajra kis\u00fct az \u00e9les nap. Csak azt jelenti, hogy egy j\u00f3 \u00fatibiztos\u00edt\u00e1s \u00e9s egy lemondhat\u00f3 hotelfoglal\u00e1s mag\u00e1t\u00f3l \u00e9rtet\u0151d\u0151 kell legyen a lelki nyugalomhoz. Ennek az \u0151szi id\u0151szaknak viszont hatalmas el\u0151nye az eg\u00e9sz \u00e9v legalacsonyabb utaz\u00e1si \u00e1rai \u00e9s a gy\u00f6ny\u00f6r\u0171en f\u00e9lig \u00fcres strandok.<\/p>\n\n\n\n<h2 class=\"wp-block-heading\"><span class=\"ez-toc-section\" id=\"Hol_szallj_meg_Punta_Canaban\"><\/span>Hol sz\u00e1llj meg Punta Can\u00e1ban<span class=\"ez-toc-section-end\"><\/span><\/h2>\n\n\n\n<p class=\"wp-block-paragraph\">A sz\u00e1ll\u00e1sv\u00e1laszt\u00e1s itt kicsit m\u00e1sk\u00e9pp m\u0171k\u00f6dik, mint az eur\u00f3pai \u00fcd\u00fcl\u0151helyeken. Nemcsak egy hotelt v\u00e1lasztasz, hanem els\u0151sorban egy strat\u00e9giai fekv\u00e9st a tengeri \u00e1ramlatokhoz \u00e9s a rep\u00fcl\u0151t\u00e9rhez k\u00e9pest. Ha a kock\u00e1zatos ny\u00e1ri h\u00f3napokban utazol, a legjobb biztos\u00edt\u00e9kod a <strong>luxus d\u00e9li Cap Cana ter\u00fclet<\/strong> lesz. Ez az alakja miatt kiv\u00e1l\u00f3an v\u00e9dett, \u00e9s a v\u00edz itt gy\u00f6ny\u00f6r\u0171en tiszta marad a legnagyobb v\u00e1ls\u00e1g idej\u00e9n is. N\u00e9zd meg p\u00e9ld\u00e1ul az <strong>Eden Roc Cap Cana<\/strong> resortot, ami egy abszol\u00fat cs\u00facsmin\u0151s\u00e9g\u0171 \u00fcd\u00fcl\u0151, ahol teljes mag\u00e1ny, saj\u00e1t strandklub \u00e9s hihetetlen nyugalom v\u00e1r a t\u00f6megturizmust\u00f3l. A nemzetk\u00f6zi rep\u00fcl\u0151t\u00e9rr\u0151l (PUJ) idejutni r\u00e1ad\u00e1sul alig h\u00fasz percet vesz ig\u00e9nybe, \u00fagyhogy a hossz\u00fa rep\u00fcl\u0151\u00fat ut\u00e1n gyakorlatilag azonnal a homokban lehet a l\u00e1bad.<\/p>\n\n\n\n<p class=\"wp-block-paragraph\">A legny\u00fczsg\u0151bb \u00e9s legismertebb r\u00e9sz ezzel szemben a <strong>k\u00f6z\u00e9ps\u0151 B\u00e1varo partszakasz<\/strong>, ahol a leghosszabb feh\u00e9r homoks\u00e1vok \u00e9s a legnagyobb all-inclusive resort-koncentr\u00e1ci\u00f3 tal\u00e1lhat\u00f3. N\u00e9melyik hotel akkora, hogy kis bels\u0151 buszok vagy golfkocsik k\u00f6zlekednek benn\u00fck, amik a recepci\u00f3t\u00f3l a strandig visznek. Az itteni strandok gy\u00f6ny\u00f6r\u0171ek \u00e9s p\u00e1lm\u00e1kkal szeg\u00e9lyezettek, de sajnos a legt\u00f6bb moszatot fogj\u00e1k ki a ny\u00edlt \u00f3ce\u00e1nb\u00f3l. Ha ez nem zavar, vagy t\u00e9len utazol, remek v\u00e1laszt\u00e1s az \u00f3ri\u00e1si <strong>Lopesan Costa B\u00e1varo Resort<\/strong>, aminek gy\u00f6ny\u00f6r\u0171 kaszk\u00e1dos medenc\u00e9i \u00e9s hatalmas tr\u00f3pusi kertje van. A gyerekek n\u00e9lk\u00fcli nyugalmat keres\u0151 feln\u0151tteknek, akik nem akarj\u00e1k hallgatni a cs\u00faszd\u00e1kn\u00e1l a sik\u00edtoz\u00e1st, itt van a nagyon n\u00e9pszer\u0171 Secrets Royal Beach Punta Cana hotel t\u00f6k\u00e9letes kiszolg\u00e1l\u00e1ssal \u00e9s remek gasztron\u00f3mi\u00e1val.<\/p>\n\n\n\n<p class=\"wp-block-paragraph\">Ha nem akarsz beszorulni az all-inclusive bubor\u00e9kba, \u00e9s este sz\u00edvesen s\u00e9t\u00e1lsz el a helyi \u00e9ttermekbe, keress sz\u00e1ll\u00e1st <strong>Los Corales<\/strong> vagy El Cortecito k\u00f6rny\u00e9k\u00e9n. Ezeknek a v\u00e1rosr\u00e9szeknek laz\u00e1bb a hangulatuk, \u00e9s rengeteg kisebb butik-panzi\u00f3t vagy kiad\u00f3 lak\u00e1st k\u00edn\u00e1lnak. B\u00e1rmilyen sz\u00e1ll\u00e1s foglal\u00e1sakor a Bookingon viszont mindig figyelj oda a <strong>\u201eplus taxes&#8221; t\u00e9telre<\/strong>. A helyi 28%-os ad\u00f3z\u00e1s, ami 18% \u00e1f\u00e1b\u00f3l \u00e9s 10% t\u00f6rv\u00e9nyes borraval\u00f3b\u00f3l \u00e1ll, eg\u00e9szen kellemetlen\u00fcl megdr\u00e1g\u00edthatja a v\u00e9g\u00f6sszeget a recepci\u00f3n val\u00f3 fizet\u00e9skor, \u00fagyhogy gondosan ellen\u0151rizd a v\u00e9gleges \u00f6sszeget.<\/p>\n\n\n\n<p class=\"wp-block-paragraph\"><em>\ud83d\udca1 <a href=\"https:\/\/www.stay22.com\/allez\/roam?aid=lukaskonecny&#038;campaign=loudavymkrokemcz&#038;campaign=co-videt-v-punta-cane&#038;address=Punta%20Cana%2C%20Dominik%C3%A1nsk%C3%A1%20republika\" target=\"_blank\" rel=\"nofollow noopener sponsored\">Ezen a t\u00e9rk\u00e9pen \u00f6sszehasonl\u00edthatod, mi \u00e9pp szabad<\/a> \u2014 r\u00f6gt\u00f6n l\u00e1tod, mennyivel dr\u00e1g\u00e1bb a Cap Cana, mint a B\u00e1varo.<\/em><\/p>\n\n\n\n<h2 class=\"wp-block-heading\"><span class=\"ez-toc-section\" id=\"20_tipp_mit_lass_es_csinalj_Punta_Canaban\"><\/span>20 tipp, mit l\u00e1ss \u00e9s csin\u00e1lj Punta Can\u00e1ban<span class=\"ez-toc-section-end\"><\/span><\/h2>\n\n\n\n<p class=\"wp-block-paragraph\">Punta Cana t\u00f6bbet k\u00edn\u00e1l, mint amennyi els\u0151re l\u00e1tszik, \u00e9s a legjobb dolgok t\u00f6bbs\u00e9ge nem <strong>a resort ker\u00edt\u00e9se m\u00f6g\u00f6tt<\/strong> rejt\u0151zik. \u00cdme a tippjeim, amiket a leg\u00e9rdekesebbnek tal\u00e1ltam.<\/p>\n\n\n\n<figure data-wp-context=\"{&quot;imageId&quot;:&quot;6a9c45f3e7734&quot;}\" data-wp-interactive=\"core\/image\" data-wp-key=\"6a9c45f3e7734\" class=\"wp-block-image size-full wp-lightbox-container\"><img decoding=\"async\" width=\"960\" height=\"720\" data-wp-class--hide=\"state.isContentHidden\" data-wp-class--show=\"state.isContentVisible\" data-wp-init=\"callbacks.setButtonStyles\" data-wp-on--click=\"actions.showLightbox\" data-wp-on--load=\"callbacks.setButtonStyles\" data-wp-on--pointerdown=\"actions.preloadImage\" data-wp-on--pointerenter=\"actions.preloadImageWithDelay\" data-wp-on--pointerleave=\"actions.cancelPreload\" data-wp-on-window--resize=\"callbacks.setButtonStyles\" src=\"https:\/\/loudavymkrokem.cz\/wp-content\/uploads\/2026\/09\/swap-415604-1-614d4ac3.jpg\" alt=\"B\u00e1varo strand Punta Can\u00e1ban\" class=\"wp-image-415934\" title=\"\" srcset=\"https:\/\/loudavymkrokem.cz\/wp-content\/uploads\/2026\/09\/swap-415604-1-614d4ac3.jpg 960w, https:\/\/loudavymkrokem.cz\/wp-content\/uploads\/2026\/09\/swap-415604-1-614d4ac3-300x225.jpg 300w, https:\/\/loudavymkrokem.cz\/wp-content\/uploads\/2026\/09\/swap-415604-1-614d4ac3-700x525.jpg 700w, https:\/\/loudavymkrokem.cz\/wp-content\/uploads\/2026\/09\/swap-415604-1-614d4ac3-768x576.jpg 768w, https:\/\/loudavymkrokem.cz\/wp-content\/uploads\/2026\/09\/swap-415604-1-614d4ac3-80x60.jpg 80w, https:\/\/loudavymkrokem.cz\/wp-content\/uploads\/2026\/09\/swap-415604-1-614d4ac3-160x120.jpg 160w, https:\/\/loudavymkrokem.cz\/wp-content\/uploads\/2026\/09\/swap-415604-1-614d4ac3-696x522.jpg 696w\" sizes=\"(max-width: 960px) 100vw, 960px\" \/><button\n\t\t\tclass=\"lightbox-trigger\"\n\t\t\ttype=\"button\"\n\t\t\taria-haspopup=\"dialog\"\n\t\t\tdata-wp-bind--aria-label=\"state.thisImage.triggerButtonAriaLabel\"\n\t\t\tdata-wp-init=\"callbacks.initTriggerButton\"\n\t\t\tdata-wp-on--click=\"actions.showLightbox\"\n\t\t\tdata-wp-style--right=\"state.thisImage.buttonRight\"\n\t\t\tdata-wp-style--top=\"state.thisImage.buttonTop\"\n\t\t>\n\t\t\t<svg xmlns=\"http:\/\/www.w3.org\/2000\/svg\" width=\"12\" height=\"12\" fill=\"none\" viewBox=\"0 0 12 12\">\n\t\t\t\t<path fill=\"#fff\" d=\"M2 0a2 2 0 0 0-2 2v2h1.5V2a.5.5 0 0 1 .5-.5h2V0H2Zm2 10.5H2a.5.5 0 0 1-.5-.5V8H0v2a2 2 0 0 0 2 2h2v-1.5ZM8 12v-1.5h2a.5.5 0 0 0 .5-.5V8H12v2a2 2 0 0 1-2 2H8Zm2-12a2 2 0 0 1 2 2v2h-1.5V2a.5.5 0 0 0-.5-.5H8V0h2Z\" \/>\n\t\t\t<\/svg>\n\t\t<\/button><figcaption class=\"wp-element-caption\">Foto: Joey Spendlove \/ Google Maps<\/figcaption><\/figure>\n\n\n\n<h3 class=\"wp-block-heading\"><span class=\"ez-toc-section\" id=\"1_Az_ikonikus_Playa_Bavaro\"><\/span>1. Az ikonikus Playa B\u00e1varo<span class=\"ez-toc-section-end\"><\/span><\/h3>\n\n\n\n<p class=\"wp-block-paragraph\">Ez az a strand, ami els\u0151k\u00e9nt ugrik fel, ha be\u00edrod a Google-ba, hogy \u201ePunta Cana strand&#8221;. \u00c9s \u0151szint\u00e9n, a fot\u00f3k nem hazudnak. A kilom\u00e9ternyi finom feh\u00e9r homokot v\u00e9gtelen k\u00f3kuszp\u00e1lmasorok szeg\u00e9lyezik, \u00e9s \u00f3ri\u00e1si hotelkomplexumok h\u00faz\u00f3dnak t\u00f6bb kilom\u00e9teren \u00e1t. A v\u00edznek itt hihetetlen t\u00fcrkiz sz\u00edne van, \u00e9s a t\u00e1voli korallz\u00e1tonynak k\u00f6sz\u00f6nhet\u0151en nincsenek nagy hull\u00e1mok, \u00fagyhogy <strong>ide\u00e1lis hely a kisgyerekes csal\u00e1doknak<\/strong>. Azt aj\u00e1nlom, kelj kor\u00e1n, \u00e9s gyere ide s\u00e9t\u00e1lni <strong>r\u00f6gt\u00f6n napkelte ut\u00e1n<\/strong>, amikor a homok m\u00e9g kellemesen h\u0171v\u00f6s, \u00e9s az eg\u00e9sz strand csak a fut\u00f3k\u00e9 meg p\u00e1r kor\u00e1n kel\u0151\u00e9.<\/p>\n\n\n\n<p class=\"wp-block-paragraph\">Van itt viszont egy nagy buktat\u00f3, amir\u0151l m\u00e1r sz\u00f3 esett a bevezet\u0151ben. A <strong>Playa B\u00e1varo<\/strong> egyenesen keletre n\u00e9z, \u00fagyhogy t\u00f6k\u00e9letes h\u00e1l\u00f3k\u00e9nt m\u0171k\u00f6dik mindenre, amit a ny\u00edlt \u00f3ce\u00e1n a partra hoz. A moszatszezonban <strong>hatalmas barna sz\u0151nyegek<\/strong> k\u00e9pz\u0151dhetnek itt, amiket a hotelek reggelt\u0151l estig neh\u00e9ztechnik\u00e1val takar\u00edtanak, \u00e9s a tengerben speci\u00e1lis v\u00e9d\u0151h\u00e1l\u00f3kat \u00e9p\u00edtenek, de a term\u00e9szet gyakran sokkal gyorsabb \u00e9s er\u0151sebb. A t\u00fcrkiz tengerb\u0151l \u00edgy p\u00e1r h\u00e9tre barna leves lehet.<\/p>\n\n\n\n<p class=\"wp-block-paragraph\">\ud83d\udca1 Tipp: ha ny\u00e1ron k\u00e9sz\u00fclsz ide, olyan hotelt v\u00e1lassz, amelyiknek t\u00e9nyleg nagy \u00e9s j\u00f3l kidolgozott <strong>medencekomplexuma<\/strong> van, hogy mindig legyen egy kellemes alternat\u00edva, amikor a tenger \u00e9pp tele van szargasszummal.<\/p>\n\n\n\n<figure data-wp-context=\"{&quot;imageId&quot;:&quot;6a9c45f3e7c4a&quot;}\" data-wp-interactive=\"core\/image\" data-wp-key=\"6a9c45f3e7c4a\" class=\"wp-block-image size-full wp-lightbox-container\"><img decoding=\"async\" width=\"1600\" height=\"1600\" data-wp-class--hide=\"state.isContentHidden\" data-wp-class--show=\"state.isContentVisible\" data-wp-init=\"callbacks.setButtonStyles\" data-wp-on--click=\"actions.showLightbox\" data-wp-on--load=\"callbacks.setButtonStyles\" data-wp-on--pointerdown=\"actions.preloadImage\" data-wp-on--pointerenter=\"actions.preloadImageWithDelay\" data-wp-on--pointerleave=\"actions.cancelPreload\" data-wp-on-window--resize=\"callbacks.setButtonStyles\" src=\"https:\/\/loudavymkrokem.cz\/wp-content\/uploads\/2026\/09\/exkluzivn-pl-juanillo-beach.jpg\" alt=\"Az exkluz\u00edv Juanillo Beach strand\" class=\"wp-image-415749\" title=\"\" srcset=\"https:\/\/loudavymkrokem.cz\/wp-content\/uploads\/2026\/09\/exkluzivn-pl-juanillo-beach.jpg 1600w, https:\/\/loudavymkrokem.cz\/wp-content\/uploads\/2026\/09\/exkluzivn-pl-juanillo-beach-300x300.jpg 300w, https:\/\/loudavymkrokem.cz\/wp-content\/uploads\/2026\/09\/exkluzivn-pl-juanillo-beach-700x700.jpg 700w, https:\/\/loudavymkrokem.cz\/wp-content\/uploads\/2026\/09\/exkluzivn-pl-juanillo-beach-150x150.jpg 150w, https:\/\/loudavymkrokem.cz\/wp-content\/uploads\/2026\/09\/exkluzivn-pl-juanillo-beach-768x768.jpg 768w, https:\/\/loudavymkrokem.cz\/wp-content\/uploads\/2026\/09\/exkluzivn-pl-juanillo-beach-1536x1536.jpg 1536w, https:\/\/loudavymkrokem.cz\/wp-content\/uploads\/2026\/09\/exkluzivn-pl-juanillo-beach-696x696.jpg 696w, https:\/\/loudavymkrokem.cz\/wp-content\/uploads\/2026\/09\/exkluzivn-pl-juanillo-beach-1392x1392.jpg 1392w\" sizes=\"(max-width: 1600px) 100vw, 1600px\" \/><button\n\t\t\tclass=\"lightbox-trigger\"\n\t\t\ttype=\"button\"\n\t\t\taria-haspopup=\"dialog\"\n\t\t\tdata-wp-bind--aria-label=\"state.thisImage.triggerButtonAriaLabel\"\n\t\t\tdata-wp-init=\"callbacks.initTriggerButton\"\n\t\t\tdata-wp-on--click=\"actions.showLightbox\"\n\t\t\tdata-wp-style--right=\"state.thisImage.buttonRight\"\n\t\t\tdata-wp-style--top=\"state.thisImage.buttonTop\"\n\t\t>\n\t\t\t<svg xmlns=\"http:\/\/www.w3.org\/2000\/svg\" width=\"12\" height=\"12\" fill=\"none\" viewBox=\"0 0 12 12\">\n\t\t\t\t<path fill=\"#fff\" d=\"M2 0a2 2 0 0 0-2 2v2h1.5V2a.5.5 0 0 1 .5-.5h2V0H2Zm2 10.5H2a.5.5 0 0 1-.5-.5V8H0v2a2 2 0 0 0 2 2h2v-1.5ZM8 12v-1.5h2a.5.5 0 0 0 .5-.5V8H12v2a2 2 0 0 1-2 2H8Zm2-12a2 2 0 0 1 2 2v2h-1.5V2a.5.5 0 0 0-.5-.5H8V0h2Z\" \/>\n\t\t\t<\/svg>\n\t\t<\/button><figcaption class=\"wp-element-caption\">Foto: benn11ful \/ Google Maps<\/figcaption><\/figure>\n\n\n\n<h3 class=\"wp-block-heading\"><span class=\"ez-toc-section\" id=\"2_Az_exkluziv_Juanillo_Beach\"><\/span>2. Az exkluz\u00edv Juanillo Beach<span class=\"ez-toc-section-end\"><\/span><\/h3>\n\n\n\n<p class=\"wp-block-paragraph\">Ha a partszakasz legszebb darabj\u00e1t keresed az eg\u00e9sz t\u00e9rs\u00e9gben, d\u00e9lre kell menned, a luxus, z\u00e1rt Cap Cana z\u00f3n\u00e1ba. A <strong>Juanillo Beach<\/strong> abszol\u00fat karibi \u00e1lom, olyan finom homokkal, mint a liszt, \u00e9s olyan v\u00edzzel, ami ink\u00e1bb egy \u00f3ri\u00e1si sek\u00e9ly medenc\u00e9re eml\u00e9keztet. A tengerfen\u00e9k itt csak nagyon fokozatosan m\u00e9ly\u00fcl, \u00fagyhogy nem tal\u00e1lsz hirtelen leszakad\u00f3 m\u00e9lys\u00e9geket. Az \u00f6b\u00f6l saj\u00e1tos alakj\u00e1nak k\u00f6sz\u00f6nhet\u0151en ez a strand kiv\u00e1l\u00f3an <strong>v\u00e9dett a szargasszum lerak\u00f3d\u00e1sait\u00f3l<\/strong>, \u00fagyhogy a legrosszabb ny\u00e1ri h\u00f3napokban is j\u00f3val tiszt\u00e1bb itt a tenger, mint a partszakasz t\u00f6bbi r\u00e9sz\u00e9n.<\/p>\n\n\n\n<p class=\"wp-block-paragraph\">B\u00e1r a strand egy mag\u00e1nmilliomos-ter\u00fcleten fekszik, tele luxusvill\u00e1kkal \u00e9s \u00f3ri\u00e1si golfp\u00e1ly\u00e1kkal, a bel\u00e9p\u00e9s a nagyk\u00f6z\u00f6ns\u00e9g sz\u00e1m\u00e1ra is enged\u00e9lyezett. Csak \u00e1t kell menned a f\u0151 biztons\u00e1gi kapun, \u00e9s fel kell mutatnod egy <strong>\u00e9rv\u00e9nyes szem\u00e9lyi okm\u00e1nyt<\/strong>, legjobb az \u00fatlev\u00e9l. Sz\u00e1molj viszont azzal, hogy el\u00e9g magas <strong>parkol\u00e1si d\u00edjakat<\/strong> \u00e9s nyug\u00e1gyb\u00e9rl\u00e9st kell fizetni a helyi strandklubokban. A homok itt egy\u00e9bk\u00e9nt olyan feh\u00e9r, hogy egy\u00e1ltal\u00e1n nem nyeli el a meleget, \u00fagyhogy d\u00e9l k\u00f6r\u00fcl sem \u00e9geti a talpad.<\/p>\n\n\n\n<p class=\"wp-block-paragraph\">\ud83d\udca1 Tipp: foglalj eb\u00e9det valamelyik helyi luxus strandklubban, a fogyaszt\u00e1snak k\u00f6sz\u00f6nhet\u0151en gyakran <strong>eg\u00e9sz napra ingyen kapod a nyug\u00e1gyakat<\/strong>, ami v\u00e9g\u00fcl hat\u00e1rozottan jobban meg\u00e9ri, mint maga a b\u00e9rl\u00e9s.<\/p>\n\n\n\n<figure data-wp-context=\"{&quot;imageId&quot;:&quot;6a9c45f3e82a4&quot;}\" data-wp-interactive=\"core\/image\" data-wp-key=\"6a9c45f3e82a4\" class=\"wp-block-image size-full wp-lightbox-container\"><img decoding=\"async\" width=\"1600\" height=\"1200\" data-wp-class--hide=\"state.isContentHidden\" data-wp-class--show=\"state.isContentVisible\" data-wp-init=\"callbacks.setButtonStyles\" data-wp-on--click=\"actions.showLightbox\" data-wp-on--load=\"callbacks.setButtonStyles\" data-wp-on--pointerdown=\"actions.preloadImage\" data-wp-on--pointerenter=\"actions.preloadImageWithDelay\" data-wp-on--pointerleave=\"actions.cancelPreload\" data-wp-on-window--resize=\"callbacks.setButtonStyles\" src=\"https:\/\/loudavymkrokem.cz\/wp-content\/uploads\/2026\/09\/divok-playa-de-macao.jpg\" alt=\"A vad Playa de Macao\" class=\"wp-image-415753\" title=\"\" srcset=\"https:\/\/loudavymkrokem.cz\/wp-content\/uploads\/2026\/09\/divok-playa-de-macao.jpg 1600w, https:\/\/loudavymkrokem.cz\/wp-content\/uploads\/2026\/09\/divok-playa-de-macao-300x225.jpg 300w, https:\/\/loudavymkrokem.cz\/wp-content\/uploads\/2026\/09\/divok-playa-de-macao-700x525.jpg 700w, https:\/\/loudavymkrokem.cz\/wp-content\/uploads\/2026\/09\/divok-playa-de-macao-768x576.jpg 768w, https:\/\/loudavymkrokem.cz\/wp-content\/uploads\/2026\/09\/divok-playa-de-macao-1536x1152.jpg 1536w, https:\/\/loudavymkrokem.cz\/wp-content\/uploads\/2026\/09\/divok-playa-de-macao-80x60.jpg 80w, https:\/\/loudavymkrokem.cz\/wp-content\/uploads\/2026\/09\/divok-playa-de-macao-160x120.jpg 160w, https:\/\/loudavymkrokem.cz\/wp-content\/uploads\/2026\/09\/divok-playa-de-macao-696x522.jpg 696w, https:\/\/loudavymkrokem.cz\/wp-content\/uploads\/2026\/09\/divok-playa-de-macao-1392x1044.jpg 1392w\" sizes=\"(max-width: 1600px) 100vw, 1600px\" \/><button\n\t\t\tclass=\"lightbox-trigger\"\n\t\t\ttype=\"button\"\n\t\t\taria-haspopup=\"dialog\"\n\t\t\tdata-wp-bind--aria-label=\"state.thisImage.triggerButtonAriaLabel\"\n\t\t\tdata-wp-init=\"callbacks.initTriggerButton\"\n\t\t\tdata-wp-on--click=\"actions.showLightbox\"\n\t\t\tdata-wp-style--right=\"state.thisImage.buttonRight\"\n\t\t\tdata-wp-style--top=\"state.thisImage.buttonTop\"\n\t\t>\n\t\t\t<svg xmlns=\"http:\/\/www.w3.org\/2000\/svg\" width=\"12\" height=\"12\" fill=\"none\" viewBox=\"0 0 12 12\">\n\t\t\t\t<path fill=\"#fff\" d=\"M2 0a2 2 0 0 0-2 2v2h1.5V2a.5.5 0 0 1 .5-.5h2V0H2Zm2 10.5H2a.5.5 0 0 1-.5-.5V8H0v2a2 2 0 0 0 2 2h2v-1.5ZM8 12v-1.5h2a.5.5 0 0 0 .5-.5V8H12v2a2 2 0 0 1-2 2H8Zm2-12a2 2 0 0 1 2 2v2h-1.5V2a.5.5 0 0 0-.5-.5H8V0h2Z\" \/>\n\t\t\t<\/svg>\n\t\t<\/button><figcaption class=\"wp-element-caption\">Foto: Paolo Pandolfo \/ Google Maps<\/figcaption><\/figure>\n\n\n\n<h3 class=\"wp-block-heading\"><span class=\"ez-toc-section\" id=\"3_A_vad_Playa_de_Macao\"><\/span>3. A vad Playa de Macao<span class=\"ez-toc-section-end\"><\/span><\/h3>\n\n\n\n<p class=\"wp-block-paragraph\">Teljesen m\u00e1s vil\u00e1g v\u00e1r a <strong>Macao strandon<\/strong>, ami kicsit \u00e9szakabbra fekszik, \u00e9s kor\u00e1ntsem olyan \u00f6sszef\u00fcgg\u0151en be\u00e9p\u00edtett hatalmas resortokkal. Ez egy kedvelt k\u00f6zstrand, amit a helyiek \u00e9s f\u0151leg a sz\u00f6rf\u00f6s\u00f6k keresnek fel, mert a ny\u00edlt \u00f3ce\u00e1nb\u00f3l rendes hull\u00e1mok \u00e9rkeznek ide. Rengeteg kis b\u00fcf\u00e9t tal\u00e1lsz itt egyszer\u0171 \u00e9tellel, <strong>sz\u00f6rfiskol\u00e1kat<\/strong>, amik deszk\u00e1t \u00e9s neopr\u00e9n p\u00f3l\u00f3t (rash guard) is k\u00f6lcs\u00f6n\u00f6znek, h\u00e9tv\u00e9genk\u00e9nt pedig csod\u00e1latos, laza dominikai hangulat uralkodik, tele hangos zen\u00e9vel \u00e9s a grillez\u00e9s illat\u00e1val.<\/p>\n\n\n\n<p class=\"wp-block-paragraph\">A Macao strand legjobb tulajdons\u00e1ga viszont paradox m\u00f3don a <strong>tengerrel szembeni nyitott fekv\u00e9se<\/strong>. Az er\u0151s \u00e1ramlatok itt sokkal gyorsabban elviszik a moszatot, mint ahogy egy\u00e1ltal\u00e1n tart\u00f3san felhalmoz\u00f3dhatna a parton. N\u00e9mi szargasszumot vihar ut\u00e1n n\u00e9ha itt is l\u00e1tni, de ritk\u00e1n k\u00e9pz\u0151dnek olyan \u00e1thatolhatatlan, b\u0171z\u00f6s sz\u0151nyegek, mint a k\u00f6zponti B\u00e1var\u00f3n. A helyi szak\u00e1csok r\u00e1ad\u00e1sul egyenesen a strandon k\u00e9sz\u00edtik a legend\u00e1s <strong>s\u00fclt halat (pescado frito)<\/strong>, amit frissen kir\u00e1ntva, egyenesen egy m\u0171anyag t\u00e1ny\u00e9rk\u00e1n kapsz.<\/p>\n\n\n\n<p class=\"wp-block-paragraph\">\ud83d\udca1 Tipp: ha szeretsz fot\u00f3zni, gyere ide egy <strong>naplement\u00e9s s\u00e9t\u00e1ra<\/strong>, a nagy vad hull\u00e1mokban visszat\u00fckr\u00f6z\u0151d\u0151 aranyl\u00f3 f\u00e9ny teljesen l\u00e9legzetel\u00e1ll\u00edt\u00f3 l\u00e1tv\u00e1nyt teremt.<\/p>\n\n\n\n<figure data-wp-context=\"{&quot;imageId&quot;:&quot;6a9c45f3e876f&quot;}\" data-wp-interactive=\"core\/image\" data-wp-key=\"6a9c45f3e876f\" class=\"wp-block-image size-full wp-lightbox-container\"><img decoding=\"async\" width=\"1600\" height=\"1200\" data-wp-class--hide=\"state.isContentHidden\" data-wp-class--show=\"state.isContentVisible\" data-wp-init=\"callbacks.setButtonStyles\" data-wp-on--click=\"actions.showLightbox\" data-wp-on--load=\"callbacks.setButtonStyles\" data-wp-on--pointerdown=\"actions.preloadImage\" data-wp-on--pointerenter=\"actions.preloadImageWithDelay\" data-wp-on--pointerleave=\"actions.cancelPreload\" data-wp-on-window--resize=\"callbacks.setButtonStyles\" src=\"https:\/\/loudavymkrokem.cz\/wp-content\/uploads\/2026\/09\/swap-415604-4-49271933.jpg\" alt=\"Playa Blanca strand a Puntacana Resort mellett\" class=\"wp-image-415936\" title=\"\" srcset=\"https:\/\/loudavymkrokem.cz\/wp-content\/uploads\/2026\/09\/swap-415604-4-49271933.jpg 1600w, https:\/\/loudavymkrokem.cz\/wp-content\/uploads\/2026\/09\/swap-415604-4-49271933-300x225.jpg 300w, https:\/\/loudavymkrokem.cz\/wp-content\/uploads\/2026\/09\/swap-415604-4-49271933-700x525.jpg 700w, https:\/\/loudavymkrokem.cz\/wp-content\/uploads\/2026\/09\/swap-415604-4-49271933-768x576.jpg 768w, https:\/\/loudavymkrokem.cz\/wp-content\/uploads\/2026\/09\/swap-415604-4-49271933-1536x1152.jpg 1536w, https:\/\/loudavymkrokem.cz\/wp-content\/uploads\/2026\/09\/swap-415604-4-49271933-80x60.jpg 80w, https:\/\/loudavymkrokem.cz\/wp-content\/uploads\/2026\/09\/swap-415604-4-49271933-160x120.jpg 160w, https:\/\/loudavymkrokem.cz\/wp-content\/uploads\/2026\/09\/swap-415604-4-49271933-696x522.jpg 696w, https:\/\/loudavymkrokem.cz\/wp-content\/uploads\/2026\/09\/swap-415604-4-49271933-1392x1044.jpg 1392w\" sizes=\"(max-width: 1600px) 100vw, 1600px\" \/><button\n\t\t\tclass=\"lightbox-trigger\"\n\t\t\ttype=\"button\"\n\t\t\taria-haspopup=\"dialog\"\n\t\t\tdata-wp-bind--aria-label=\"state.thisImage.triggerButtonAriaLabel\"\n\t\t\tdata-wp-init=\"callbacks.initTriggerButton\"\n\t\t\tdata-wp-on--click=\"actions.showLightbox\"\n\t\t\tdata-wp-style--right=\"state.thisImage.buttonRight\"\n\t\t\tdata-wp-style--top=\"state.thisImage.buttonTop\"\n\t\t>\n\t\t\t<svg xmlns=\"http:\/\/www.w3.org\/2000\/svg\" width=\"12\" height=\"12\" fill=\"none\" viewBox=\"0 0 12 12\">\n\t\t\t\t<path fill=\"#fff\" d=\"M2 0a2 2 0 0 0-2 2v2h1.5V2a.5.5 0 0 1 .5-.5h2V0H2Zm2 10.5H2a.5.5 0 0 1-.5-.5V8H0v2a2 2 0 0 0 2 2h2v-1.5ZM8 12v-1.5h2a.5.5 0 0 0 .5-.5V8H12v2a2 2 0 0 1-2 2H8Zm2-12a2 2 0 0 1 2 2v2h-1.5V2a.5.5 0 0 0-.5-.5H8V0h2Z\" \/>\n\t\t\t<\/svg>\n\t\t<\/button><figcaption class=\"wp-element-caption\">Foto: Jeff Storms \/ Google Maps<\/figcaption><\/figure>\n\n\n\n<h3 class=\"wp-block-heading\"><span class=\"ez-toc-section\" id=\"4_A_kenyelmes_Playa_Blanca\"><\/span>4. A k\u00e9nyelmes Playa Blanca<span class=\"ez-toc-section-end\"><\/span><\/h3>\n\n\n\n<p class=\"wp-block-paragraph\">A nemzetk\u00f6zi rep\u00fcl\u0151t\u00e9rt\u0151l nem messze, egyenesen az ismert Puntacana Resort mellett tal\u00e1lhat\u00f3 a kisebb <strong>Playa Blanca<\/strong> strand. <strong>Rendk\u00edv\u00fcl sek\u00e9ly \u00e9s nyugodt v\u00edz<\/strong> jellemzi, \u00fagyhogy t\u00f6bb t\u00edz m\u00e9tert is beljebb mehetsz a tengerbe, \u00e9s a v\u00edz m\u00e9g mindig \u00e9pp csak t\u00e9rdig vagy der\u00e9kig \u00e9r. Fantasztikus hely a paddleboardinghoz, kitesurfinghoz, vagy azoknak, akik a m\u00e9ly v\u00edzben nem \u00e9rzik magukat teljesen biztons\u00e1gban. A nap itt olyan er\u0151sen visszaver\u0151dik a feh\u00e9r fen\u00e9kr\u0151l, hogy egy j\u00f3 polariz\u00e1lt napszem\u00fcveg abszol\u00fat n\u00e9lk\u00fcl\u00f6zhetetlen.<\/p>\n\n\n\n<p class=\"wp-block-paragraph\">Itt tal\u00e1lhat\u00f3 az <strong>azonos nev\u0171 strandklub<\/strong> is, kiv\u00e1l\u00f3 italokkal, tereb\u00e9lyes p\u00e1lm\u00e1k \u00e1rny\u00e9k\u00e1val, \u00e9s (a ny\u00fczsg\u0151 B\u00e1var\u00f3val ellent\u00e9tben) olyan hangulattal, amiben nem akarsz sehova sietni. A d\u00e9lut\u00e1ni k\u00e1v\u00e9hoz n\u00e9ha <strong>\u00e9l\u0151 zene<\/strong> sz\u00f3l, \u00e9s pontosan ez a helyes karibi recept a semmittev\u00e9sre.<\/p>\n\n\n\n<p class=\"wp-block-paragraph\">\ud83d\udca1 Tipp: a partt\u00f3l nem messze v\u00e9dett \u00e9s <strong>mesters\u00e9gesen l\u00e9trehozott korallz\u00e1tonyok<\/strong> vannak, \u00fagyhogy semmik\u00e9pp ne felejtsd el bepakolni a snorkelt \u00e9s a b\u00fav\u00e1rmaszkot, rengeteg sz\u00ednes halacsk\u00e1t l\u00e1tsz majd a teljesen nyugodt v\u00edzben.<\/p>\n\n\n\n<figure data-wp-context=\"{&quot;imageId&quot;:&quot;6a9c45f3e8c96&quot;}\" data-wp-interactive=\"core\/image\" data-wp-key=\"6a9c45f3e8c96\" class=\"wp-block-image size-full wp-lightbox-container\"><img decoding=\"async\" width=\"1366\" height=\"768\" data-wp-class--hide=\"state.isContentHidden\" data-wp-class--show=\"state.isContentVisible\" data-wp-init=\"callbacks.setButtonStyles\" data-wp-on--click=\"actions.showLightbox\" data-wp-on--load=\"callbacks.setButtonStyles\" data-wp-on--pointerdown=\"actions.preloadImage\" data-wp-on--pointerenter=\"actions.preloadImageWithDelay\" data-wp-on--pointerleave=\"actions.cancelPreload\" data-wp-on-window--resize=\"callbacks.setButtonStyles\" src=\"https:\/\/loudavymkrokem.cz\/wp-content\/uploads\/2026\/09\/swap-415604-5-8f7281d5.jpg\" alt=\"A helyi Bibijagua strand B\u00e1var\u00f3ban\" class=\"wp-image-415940\" title=\"\" srcset=\"https:\/\/loudavymkrokem.cz\/wp-content\/uploads\/2026\/09\/swap-415604-5-8f7281d5.jpg 1366w, https:\/\/loudavymkrokem.cz\/wp-content\/uploads\/2026\/09\/swap-415604-5-8f7281d5-300x169.jpg 300w, https:\/\/loudavymkrokem.cz\/wp-content\/uploads\/2026\/09\/swap-415604-5-8f7281d5-700x394.jpg 700w, https:\/\/loudavymkrokem.cz\/wp-content\/uploads\/2026\/09\/swap-415604-5-8f7281d5-768x432.jpg 768w, https:\/\/loudavymkrokem.cz\/wp-content\/uploads\/2026\/09\/swap-415604-5-8f7281d5-696x391.jpg 696w\" sizes=\"(max-width: 1366px) 100vw, 1366px\" \/><button\n\t\t\tclass=\"lightbox-trigger\"\n\t\t\ttype=\"button\"\n\t\t\taria-haspopup=\"dialog\"\n\t\t\tdata-wp-bind--aria-label=\"state.thisImage.triggerButtonAriaLabel\"\n\t\t\tdata-wp-init=\"callbacks.initTriggerButton\"\n\t\t\tdata-wp-on--click=\"actions.showLightbox\"\n\t\t\tdata-wp-style--right=\"state.thisImage.buttonRight\"\n\t\t\tdata-wp-style--top=\"state.thisImage.buttonTop\"\n\t\t>\n\t\t\t<svg xmlns=\"http:\/\/www.w3.org\/2000\/svg\" width=\"12\" height=\"12\" fill=\"none\" viewBox=\"0 0 12 12\">\n\t\t\t\t<path fill=\"#fff\" d=\"M2 0a2 2 0 0 0-2 2v2h1.5V2a.5.5 0 0 1 .5-.5h2V0H2Zm2 10.5H2a.5.5 0 0 1-.5-.5V8H0v2a2 2 0 0 0 2 2h2v-1.5ZM8 12v-1.5h2a.5.5 0 0 0 .5-.5V8H12v2a2 2 0 0 1-2 2H8Zm2-12a2 2 0 0 1 2 2v2h-1.5V2a.5.5 0 0 0-.5-.5H8V0h2Z\" \/>\n\t\t\t<\/svg>\n\t\t<\/button><figcaption class=\"wp-element-caption\">Foto: Big Marlin Charters Punta Cana \/ Google Maps<\/figcaption><\/figure>\n\n\n\n<h3 class=\"wp-block-heading\"><span class=\"ez-toc-section\" id=\"5_Helyi_hangulat_a_Playa_Bibijagua_strandon\"><\/span>5. Helyi hangulat a Playa Bibijagua strandon<span class=\"ez-toc-section-end\"><\/span><\/h3>\n\n\n\n<p class=\"wp-block-paragraph\">Ha l\u00e1tni akarod, hogyan t\u00f6ltik idej\u00fcket a tengern\u00e9l a h\u00e9tk\u00f6znapi dominikaiak, \u00e9s \u00e1t akarod \u00e9lni az <strong>igazi helyi ny\u00fczsg\u00e9st<\/strong>, menj a <strong>Bibijagua strandra<\/strong>. M\u00e1r messzir\u0151l felismered a t\u00f6bb tucat sz\u00ednes hal\u00e1szcs\u00f3nakr\u00f3l, amiket egyenesen a finom homokra h\u00faztak fel. Nagyon \u00e9l\u00e9nk \u00e9s hangos hely, tele zen\u00e9vel, nevet\u00e9ssel \u00e9s v\u00e9gtelen b\u00f3d\u00e9sorokkal, ahol gyakorlatilag mindent megveszel a friss k\u00f3kuszt\u00f3l a strandtunik\u00e1kon \u00e1t a k\u00e9zzel font kark\u00f6t\u0151kig \u00e9s festett k\u00e9pekig.<\/p>\n\n\n\n<p class=\"wp-block-paragraph\">\u00c9pp itt tal\u00e1lhat\u00f3 egy hatalmas \u00e9s nagyon <strong>\u00e1ttekinthetetlen szuven\u00edrpiac<\/strong>. Ide\u00e1lis hely az <strong>igazi dominikai k\u00e1v\u00e9<\/strong>, nyers kaka\u00f3, helyi rumos \u00fcvegek vagy a hagyom\u00e1nyos, arc n\u00e9lk\u00fcli ker\u00e1miafigur\u00e1k v\u00e1s\u00e1rl\u00e1s\u00e1ra. Az alkudoz\u00e1s itt viszont abszol\u00fat k\u00f6telez\u0151, az \u00e1rusok pedig id\u0151nk\u00e9nt el\u00e9g er\u0151szakosak tudnak lenni, f\u0151leg ha egy b\u00f3d\u00e9n\u00e1l p\u00e1r m\u00e1sodpercn\u00e9l tov\u00e1bb kezded n\u00e9zegetni az \u00e1rut.<\/p>\n\n\n\n<p class=\"wp-block-paragraph\">\ud83d\udca1 Tipp: ha nem akarsz senkivel az \u00e1rr\u00f3l vitatkozni, csak n\u00e9zel\u0151dsz, el\u00e9g mosolyogni \u00e9s udvariasan, de hat\u00e1rozottan <strong>azt mondani: \u201eNo, gracias&#8221;<\/strong>, az \u00e1rusok ezt egy id\u0151 ut\u00e1n \u00e1ltal\u00e1ban tiszteletben tartj\u00e1k, \u00e9s b\u00e9k\u00e9n hagynak.<\/p>\n\n\n\n<figure data-wp-context=\"{&quot;imageId&quot;:&quot;6a9c45f3e92a7&quot;}\" data-wp-interactive=\"core\/image\" data-wp-key=\"6a9c45f3e92a7\" class=\"wp-block-image size-full wp-lightbox-container\"><img decoding=\"async\" width=\"1600\" height=\"1200\" data-wp-class--hide=\"state.isContentHidden\" data-wp-class--show=\"state.isContentVisible\" data-wp-init=\"callbacks.setButtonStyles\" data-wp-on--click=\"actions.showLightbox\" data-wp-on--load=\"callbacks.setButtonStyles\" data-wp-on--pointerdown=\"actions.preloadImage\" data-wp-on--pointerenter=\"actions.preloadImageWithDelay\" data-wp-on--pointerleave=\"actions.cancelPreload\" data-wp-on-window--resize=\"callbacks.setButtonStyles\" src=\"https:\/\/loudavymkrokem.cz\/wp-content\/uploads\/2026\/09\/adrenalinov-scape-park.jpg\" alt=\"Az adrenalinos Scape Park\" class=\"wp-image-415757\" title=\"\" srcset=\"https:\/\/loudavymkrokem.cz\/wp-content\/uploads\/2026\/09\/adrenalinov-scape-park.jpg 1600w, https:\/\/loudavymkrokem.cz\/wp-content\/uploads\/2026\/09\/adrenalinov-scape-park-300x225.jpg 300w, https:\/\/loudavymkrokem.cz\/wp-content\/uploads\/2026\/09\/adrenalinov-scape-park-700x525.jpg 700w, https:\/\/loudavymkrokem.cz\/wp-content\/uploads\/2026\/09\/adrenalinov-scape-park-768x576.jpg 768w, https:\/\/loudavymkrokem.cz\/wp-content\/uploads\/2026\/09\/adrenalinov-scape-park-1536x1152.jpg 1536w, https:\/\/loudavymkrokem.cz\/wp-content\/uploads\/2026\/09\/adrenalinov-scape-park-80x60.jpg 80w, https:\/\/loudavymkrokem.cz\/wp-content\/uploads\/2026\/09\/adrenalinov-scape-park-160x120.jpg 160w, https:\/\/loudavymkrokem.cz\/wp-content\/uploads\/2026\/09\/adrenalinov-scape-park-696x522.jpg 696w, https:\/\/loudavymkrokem.cz\/wp-content\/uploads\/2026\/09\/adrenalinov-scape-park-1392x1044.jpg 1392w\" sizes=\"(max-width: 1600px) 100vw, 1600px\" \/><button\n\t\t\tclass=\"lightbox-trigger\"\n\t\t\ttype=\"button\"\n\t\t\taria-haspopup=\"dialog\"\n\t\t\tdata-wp-bind--aria-label=\"state.thisImage.triggerButtonAriaLabel\"\n\t\t\tdata-wp-init=\"callbacks.initTriggerButton\"\n\t\t\tdata-wp-on--click=\"actions.showLightbox\"\n\t\t\tdata-wp-style--right=\"state.thisImage.buttonRight\"\n\t\t\tdata-wp-style--top=\"state.thisImage.buttonTop\"\n\t\t>\n\t\t\t<svg xmlns=\"http:\/\/www.w3.org\/2000\/svg\" width=\"12\" height=\"12\" fill=\"none\" viewBox=\"0 0 12 12\">\n\t\t\t\t<path fill=\"#fff\" d=\"M2 0a2 2 0 0 0-2 2v2h1.5V2a.5.5 0 0 1 .5-.5h2V0H2Zm2 10.5H2a.5.5 0 0 1-.5-.5V8H0v2a2 2 0 0 0 2 2h2v-1.5ZM8 12v-1.5h2a.5.5 0 0 0 .5-.5V8H12v2a2 2 0 0 1-2 2H8Zm2-12a2 2 0 0 1 2 2v2h-1.5V2a.5.5 0 0 0-.5-.5H8V0h2Z\" \/>\n\t\t\t<\/svg>\n\t\t<\/button><figcaption class=\"wp-element-caption\">Foto: Sa\u00fal Gonz\u00e1lez \/ Google Maps<\/figcaption><\/figure>\n\n\n\n<h3 class=\"wp-block-heading\"><span class=\"ez-toc-section\" id=\"6_Az_adrenalinos_Scape_Park\"><\/span>6. Az adrenalinos Scape Park<span class=\"ez-toc-section-end\"><\/span><\/h3>\n\n\n\n<p class=\"wp-block-paragraph\">Amikor eluntad az eg\u00e9sznapos fekv\u00e9st a strandon egy itallal a k\u00e9zben, a <a href=\"https:\/\/www.scapepark.com\/\" rel=\"nofollow noopener\" target=\"_blank\">Scape Park<\/a> a <strong>v\u00e9dett Cap Cana ter\u00fcleten<\/strong> a legjobb v\u00e1laszt\u00e1s egy kir\u00e1ndul\u00e1sra. Ez a hatalmas term\u00e9szeti sz\u00f3rakoztat\u00f3park mindent k\u00edn\u00e1l az <strong>adrenalinos ziplinekt\u0151l<\/strong>, amik magasan a f\u00e1k koron\u00e1i f\u00f6l\u00f6tt fesz\u00fclnek, a titokzatos m\u00e9szk\u0151barlangok felfedez\u00e9s\u00e9ig \u00e9s a v\u00edzes\u00e9sek alatti f\u00fcrd\u00e9sig. N\u00e9melyik zipline v\u00e9g\u00e9n egyenesen egy h\u0171v\u00f6s medenc\u00e9be cs\u00faszol bele. Az eg\u00e9sz \u00f3ri\u00e1si ter\u00fclet \u00e9rz\u00e9kenyen illeszkedik a gy\u00f6ny\u00f6r\u0171 tr\u00f3pusi dzsungelbe, \u00fagyhogy folyamatosan van mit n\u00e9zni.<\/p>\n\n\n\n<p class=\"wp-block-paragraph\">A park b\u00e1r el\u00e9g dr\u00e1ga, de az <strong>eg\u00e9sznapos bel\u00e9p\u0151 \u00e1r\u00e1ban<\/strong> benne van az \u00f6sszes helyi attrakci\u00f3, bele\u00e9rtve a k\u00e9nyelmes <strong>sz\u00e1ll\u00edt\u00e1st egyenesen a hotelodt\u00f3l<\/strong> l\u00e9gkondicion\u00e1lt busszal. A h\u00e1tt\u00e9r itt nagyon modern \u00e9s gondosan karbantartott, mindenhol tal\u00e1lsz tiszta zuhanyokat, biztons\u00e1gos szekr\u00e9nyeket az \u00e9rt\u00e9keidnek, \u00e9s t\u00f6bb t\u00e1gas \u00e9ttermet, ahol napk\u00f6zben nyugodtan megeb\u00e9delhetsz \u00e9s elb\u00fajhatsz a d\u00e9li h\u0151s\u00e9g el\u0151l.<\/p>\n\n\n\n<p class=\"wp-block-paragraph\">\ud83d\udca1 Tipp: vigy\u00e9l magaddal <strong>er\u0151s talp\u00fa v\u00edzicip\u0151t<\/strong>, mert az egyes attrakci\u00f3k k\u00f6zti \u00e1tmenetek vizes papucsban a k\u00f6ves dzsungel\u00f6sv\u00e9nyeken t\u00e9nyleg el\u00e9g vesz\u00e9lyesek lehetnek.<\/p>\n\n\n\n<figure data-wp-context=\"{&quot;imageId&quot;:&quot;6a9c45f3e9702&quot;}\" data-wp-interactive=\"core\/image\" data-wp-key=\"6a9c45f3e9702\" class=\"wp-block-image size-full wp-lightbox-container\"><img decoding=\"async\" width=\"1600\" height=\"1200\" data-wp-class--hide=\"state.isContentHidden\" data-wp-class--show=\"state.isContentVisible\" data-wp-init=\"callbacks.setButtonStyles\" data-wp-on--click=\"actions.showLightbox\" data-wp-on--load=\"callbacks.setButtonStyles\" data-wp-on--pointerdown=\"actions.preloadImage\" data-wp-on--pointerenter=\"actions.preloadImageWithDelay\" data-wp-on--pointerleave=\"actions.cancelPreload\" data-wp-on-window--resize=\"callbacks.setButtonStyles\" src=\"https:\/\/loudavymkrokem.cz\/wp-content\/uploads\/2026\/09\/koup-n-v-cenot-hoyo-azul.jpg\" alt=\"F\u00fcrd\u00e9s a Hoyo Azul cenot\u00e9ban\" class=\"wp-image-415758\" title=\"\" srcset=\"https:\/\/loudavymkrokem.cz\/wp-content\/uploads\/2026\/09\/koup-n-v-cenot-hoyo-azul.jpg 1600w, https:\/\/loudavymkrokem.cz\/wp-content\/uploads\/2026\/09\/koup-n-v-cenot-hoyo-azul-300x225.jpg 300w, https:\/\/loudavymkrokem.cz\/wp-content\/uploads\/2026\/09\/koup-n-v-cenot-hoyo-azul-700x525.jpg 700w, https:\/\/loudavymkrokem.cz\/wp-content\/uploads\/2026\/09\/koup-n-v-cenot-hoyo-azul-768x576.jpg 768w, https:\/\/loudavymkrokem.cz\/wp-content\/uploads\/2026\/09\/koup-n-v-cenot-hoyo-azul-1536x1152.jpg 1536w, https:\/\/loudavymkrokem.cz\/wp-content\/uploads\/2026\/09\/koup-n-v-cenot-hoyo-azul-80x60.jpg 80w, https:\/\/loudavymkrokem.cz\/wp-content\/uploads\/2026\/09\/koup-n-v-cenot-hoyo-azul-160x120.jpg 160w, https:\/\/loudavymkrokem.cz\/wp-content\/uploads\/2026\/09\/koup-n-v-cenot-hoyo-azul-696x522.jpg 696w, https:\/\/loudavymkrokem.cz\/wp-content\/uploads\/2026\/09\/koup-n-v-cenot-hoyo-azul-1392x1044.jpg 1392w\" sizes=\"(max-width: 1600px) 100vw, 1600px\" \/><button\n\t\t\tclass=\"lightbox-trigger\"\n\t\t\ttype=\"button\"\n\t\t\taria-haspopup=\"dialog\"\n\t\t\tdata-wp-bind--aria-label=\"state.thisImage.triggerButtonAriaLabel\"\n\t\t\tdata-wp-init=\"callbacks.initTriggerButton\"\n\t\t\tdata-wp-on--click=\"actions.showLightbox\"\n\t\t\tdata-wp-style--right=\"state.thisImage.buttonRight\"\n\t\t\tdata-wp-style--top=\"state.thisImage.buttonTop\"\n\t\t>\n\t\t\t<svg xmlns=\"http:\/\/www.w3.org\/2000\/svg\" width=\"12\" height=\"12\" fill=\"none\" viewBox=\"0 0 12 12\">\n\t\t\t\t<path fill=\"#fff\" d=\"M2 0a2 2 0 0 0-2 2v2h1.5V2a.5.5 0 0 1 .5-.5h2V0H2Zm2 10.5H2a.5.5 0 0 1-.5-.5V8H0v2a2 2 0 0 0 2 2h2v-1.5ZM8 12v-1.5h2a.5.5 0 0 0 .5-.5V8H12v2a2 2 0 0 1-2 2H8Zm2-12a2 2 0 0 1 2 2v2h-1.5V2a.5.5 0 0 0-.5-.5H8V0h2Z\" \/>\n\t\t\t<\/svg>\n\t\t<\/button><figcaption class=\"wp-element-caption\">Foto: Alex Castro \/ Google Maps<\/figcaption><\/figure>\n\n\n\n<h3 class=\"wp-block-heading\"><span class=\"ez-toc-section\" id=\"7_Furdes_a_Hoyo_Azul_cenoteban\"><\/span>7. F\u00fcrd\u00e9s a Hoyo Azul cenot\u00e9ban<span class=\"ez-toc-section-end\"><\/span><\/h3>\n\n\n\n<p class=\"wp-block-paragraph\">A <strong>Hoyo Azul<\/strong>, ford\u00edt\u00e1sban K\u00e9k Lyuk, egy\u00e9rtelm\u0171en a legfotograf\u00e1ltabb \u00e9s legismertebb term\u00e9szeti t\u00fcnem\u00e9ny Punta Cana eg\u00e9sz t\u00e9rs\u00e9g\u00e9ben. Egy leny\u0171g\u00f6z\u0151 <strong>\u00e9desv\u00edzi cenot\u00e9r\u00f3l<\/strong> van sz\u00f3, ami alig tizen\u00f6t m\u00e9ter m\u00e9ly, hihetetlen\u00fcl t\u00fcrkiz v\u00edzzel, \u00e9s egyenesen egy meredek, hetven\u00f6t m\u00e9ter magas m\u00e9szk\u0151szikla alatt rejt\u0151zik. A ragyog\u00f3 k\u00e9k v\u00edz \u00e9s a tel\u00edtett z\u00f6ld dzsungel kontrasztja annyira t\u00falz\u00f3, hogy a fot\u00f3kon \u00fagy n\u00e9z ki, mint egy Instagram-sz\u0171r\u0151. Csakhogy \u00e9l\u0151ben is t\u00e9nyleg \u00edgy n\u00e9z ki.<\/p>\n\n\n\n<p class=\"wp-block-paragraph\">Ez a var\u00e1zslatos cenote a m\u00e1r eml\u00edtett <strong>Scape Park szerves r\u00e9sze<\/strong>, \u00e9s egy sz\u00e9p, gondozott dzsungel\u00f6sv\u00e9ny vezet hozz\u00e1, tele vadorchide\u00e1kkal \u00e9s \u00f3ri\u00e1si p\u00e1fr\u00e1nyokkal. A barlangban a v\u00edz <strong>el\u00e9g hideg<\/strong> (\u00e1ltal\u00e1ban 24 fok k\u00f6r\u00fcli), ami viszont a f\u00fclledt karibi h\u0151s\u00e9gben hihetetlen\u00fcl friss\u00edt\u0151 \u00e9s fel\u00e9breszt\u0151 \u00e9lm\u00e9ny, amit nem egyk\u00f6nnyen felejtesz el. A v\u00edzhez f\u00e1b\u00f3l \u00e1csolt l\u00e9pcs\u0151k\u00f6n ereszkedsz le, ahonnan a legjobb fot\u00f3kat lehet k\u00e9sz\u00edteni.<\/p>\n\n\n\n<p class=\"wp-block-paragraph\">\ud83d\udca1 Tipp: menj a Hoyo Azulhoz <strong>r\u00f6gt\u00f6n reggel<\/strong>, mint a park nyit\u00e1sa ut\u00e1ni legels\u0151 attrakci\u00f3hoz, \u00edgy van es\u00e9lyed legal\u00e1bb egy pillanatra meg\u00e9lni ezt a helyet a ment\u0151mell\u00e9nyes turist\u00e1k sz\u00e1zai n\u00e9lk\u00fcl.<\/p>\n\n\n\n<figure data-wp-context=\"{&quot;imageId&quot;:&quot;6a9c45f3e9b87&quot;}\" data-wp-interactive=\"core\/image\" data-wp-key=\"6a9c45f3e9b87\" class=\"wp-block-image size-full wp-lightbox-container\"><img decoding=\"async\" width=\"1600\" height=\"2133\" data-wp-class--hide=\"state.isContentHidden\" data-wp-class--show=\"state.isContentVisible\" data-wp-init=\"callbacks.setButtonStyles\" data-wp-on--click=\"actions.showLightbox\" data-wp-on--load=\"callbacks.setButtonStyles\" data-wp-on--pointerdown=\"actions.preloadImage\" data-wp-on--pointerenter=\"actions.preloadImageWithDelay\" data-wp-on--pointerleave=\"actions.cancelPreload\" data-wp-on-window--resize=\"callbacks.setButtonStyles\" src=\"https:\/\/loudavymkrokem.cz\/wp-content\/uploads\/2026\/09\/skryt-tajemstv-hoyo-claro.jpg\" alt=\"A Hoyo Claro rejtett titka\" class=\"wp-image-415759\" title=\"\" srcset=\"https:\/\/loudavymkrokem.cz\/wp-content\/uploads\/2026\/09\/skryt-tajemstv-hoyo-claro.jpg 1600w, https:\/\/loudavymkrokem.cz\/wp-content\/uploads\/2026\/09\/skryt-tajemstv-hoyo-claro-225x300.jpg 225w, https:\/\/loudavymkrokem.cz\/wp-content\/uploads\/2026\/09\/skryt-tajemstv-hoyo-claro-700x933.jpg 700w, https:\/\/loudavymkrokem.cz\/wp-content\/uploads\/2026\/09\/skryt-tajemstv-hoyo-claro-768x1024.jpg 768w, https:\/\/loudavymkrokem.cz\/wp-content\/uploads\/2026\/09\/skryt-tajemstv-hoyo-claro-1152x1536.jpg 1152w, https:\/\/loudavymkrokem.cz\/wp-content\/uploads\/2026\/09\/skryt-tajemstv-hoyo-claro-1536x2048.jpg 1536w, https:\/\/loudavymkrokem.cz\/wp-content\/uploads\/2026\/09\/skryt-tajemstv-hoyo-claro-696x928.jpg 696w, https:\/\/loudavymkrokem.cz\/wp-content\/uploads\/2026\/09\/skryt-tajemstv-hoyo-claro-1392x1856.jpg 1392w\" sizes=\"(max-width: 1600px) 100vw, 1600px\" \/><button\n\t\t\tclass=\"lightbox-trigger\"\n\t\t\ttype=\"button\"\n\t\t\taria-haspopup=\"dialog\"\n\t\t\tdata-wp-bind--aria-label=\"state.thisImage.triggerButtonAriaLabel\"\n\t\t\tdata-wp-init=\"callbacks.initTriggerButton\"\n\t\t\tdata-wp-on--click=\"actions.showLightbox\"\n\t\t\tdata-wp-style--right=\"state.thisImage.buttonRight\"\n\t\t\tdata-wp-style--top=\"state.thisImage.buttonTop\"\n\t\t>\n\t\t\t<svg xmlns=\"http:\/\/www.w3.org\/2000\/svg\" width=\"12\" height=\"12\" fill=\"none\" viewBox=\"0 0 12 12\">\n\t\t\t\t<path fill=\"#fff\" d=\"M2 0a2 2 0 0 0-2 2v2h1.5V2a.5.5 0 0 1 .5-.5h2V0H2Zm2 10.5H2a.5.5 0 0 1-.5-.5V8H0v2a2 2 0 0 0 2 2h2v-1.5ZM8 12v-1.5h2a.5.5 0 0 0 .5-.5V8H12v2a2 2 0 0 1-2 2H8Zm2-12a2 2 0 0 1 2 2v2h-1.5V2a.5.5 0 0 0-.5-.5H8V0h2Z\" \/>\n\t\t\t<\/svg>\n\t\t<\/button><figcaption class=\"wp-element-caption\">Foto: Jossias King \/ Google Maps<\/figcaption><\/figure>\n\n\n\n<h3 class=\"wp-block-heading\"><span class=\"ez-toc-section\" id=\"8_A_Hoyo_Claro_rejtett_titka\"><\/span>8. A Hoyo Claro rejtett titka<span class=\"ez-toc-section-end\"><\/span><\/h3>\n\n\n\n<p class=\"wp-block-paragraph\">Ha elrettentenek a turistat\u00f6megek \u00e9s a magas bel\u00e9p\u0151\u00e1rak a nagy kereskedelmi parkokban, van egy remek helyi alternat\u00edva. A <strong>Hoyo Claro term\u00e9szetv\u00e9delmi ter\u00fclet<\/strong> egy hasonl\u00f3an sz\u00e9p \u00e9desv\u00edzi cenot\u00e9t rejt, de ide f\u0151leg csak a helyi lakosok j\u00e1rnak h\u00e9tv\u00e9g\u00e9n. Kicsit f\u00e9lreesik a f\u0151 szil\u00e1rd burkolat\u00fa aut\u00f3p\u00e1ly\u00e1t\u00f3l, \u00e9s nem vezetnek ide k\u00e9nyelmes aszfaltutak, ami t\u00f6k\u00e9letesen megv\u00e9di a helyet a resortok t\u00f6megeit\u0151l. Ez\u00e9rt ne felejtsd el el\u0151re <strong>let\u00f6lteni az offline t\u00e9rk\u00e9peket<\/strong> a telefonodra, a jel itt n\u00e9ha elveszik.<\/p>\n\n\n\n<p class=\"wp-block-paragraph\">A v\u00edz itt krist\u00e1lytiszta \u00e9s friss\u00edt\u0151, de szekr\u00e9nyeket, zuhanyokat vagy k\u00e1v\u00e9b\u00f3d\u00e9t ne v\u00e1rj. Ez <strong>tiszta dominikai term\u00e9szet<\/strong> csillog\u00e1s n\u00e9lk\u00fcl, \u00fagyhogy mindent, amire sz\u00fcks\u00e9ged van, \u00e9s az <strong>iv\u00f3vizet is pakold be a h\u00e1tizs\u00e1kba<\/strong>.<\/p>\n\n\n\n<p class=\"wp-block-paragraph\">\ud83d\udca1 Tipp: az ide vezet\u0151 \u00fathoz \u00e9rdemes egy <strong>megb\u00edzhat\u00f3 Ubert vagy helyi taxist<\/strong> ig\u00e9nybe venni, mert egy sima b\u00e9relt szem\u00e9lyaut\u00f3val a m\u00e9ly f\u00f6ld\u00faton komoly gondjaid lehetnek, \u00e9s beragadhatsz.<\/p>\n\n\n\n<figure data-wp-context=\"{&quot;imageId&quot;:&quot;6a9c45f3ea060&quot;}\" data-wp-interactive=\"core\/image\" data-wp-key=\"6a9c45f3ea060\" class=\"wp-block-image size-full wp-lightbox-container\"><img decoding=\"async\" width=\"1600\" height=\"1200\" data-wp-class--hide=\"state.isContentHidden\" data-wp-class--show=\"state.isContentVisible\" data-wp-init=\"callbacks.setButtonStyles\" data-wp-on--click=\"actions.showLightbox\" data-wp-on--load=\"callbacks.setButtonStyles\" data-wp-on--pointerdown=\"actions.preloadImage\" data-wp-on--pointerenter=\"actions.preloadImageWithDelay\" data-wp-on--pointerleave=\"actions.cancelPreload\" data-wp-on-window--resize=\"callbacks.setButtonStyles\" src=\"https:\/\/loudavymkrokem.cz\/wp-content\/uploads\/2026\/09\/indigenous-eyes-ecological-reserve.jpg\" alt=\"Indigenous Eyes Ecological Reserve\" class=\"wp-image-415760\" title=\"\" srcset=\"https:\/\/loudavymkrokem.cz\/wp-content\/uploads\/2026\/09\/indigenous-eyes-ecological-reserve.jpg 1600w, https:\/\/loudavymkrokem.cz\/wp-content\/uploads\/2026\/09\/indigenous-eyes-ecological-reserve-300x225.jpg 300w, https:\/\/loudavymkrokem.cz\/wp-content\/uploads\/2026\/09\/indigenous-eyes-ecological-reserve-700x525.jpg 700w, https:\/\/loudavymkrokem.cz\/wp-content\/uploads\/2026\/09\/indigenous-eyes-ecological-reserve-768x576.jpg 768w, https:\/\/loudavymkrokem.cz\/wp-content\/uploads\/2026\/09\/indigenous-eyes-ecological-reserve-1536x1152.jpg 1536w, https:\/\/loudavymkrokem.cz\/wp-content\/uploads\/2026\/09\/indigenous-eyes-ecological-reserve-80x60.jpg 80w, https:\/\/loudavymkrokem.cz\/wp-content\/uploads\/2026\/09\/indigenous-eyes-ecological-reserve-160x120.jpg 160w, https:\/\/loudavymkrokem.cz\/wp-content\/uploads\/2026\/09\/indigenous-eyes-ecological-reserve-696x522.jpg 696w, https:\/\/loudavymkrokem.cz\/wp-content\/uploads\/2026\/09\/indigenous-eyes-ecological-reserve-1392x1044.jpg 1392w\" sizes=\"(max-width: 1600px) 100vw, 1600px\" \/><button\n\t\t\tclass=\"lightbox-trigger\"\n\t\t\ttype=\"button\"\n\t\t\taria-haspopup=\"dialog\"\n\t\t\tdata-wp-bind--aria-label=\"state.thisImage.triggerButtonAriaLabel\"\n\t\t\tdata-wp-init=\"callbacks.initTriggerButton\"\n\t\t\tdata-wp-on--click=\"actions.showLightbox\"\n\t\t\tdata-wp-style--right=\"state.thisImage.buttonRight\"\n\t\t\tdata-wp-style--top=\"state.thisImage.buttonTop\"\n\t\t>\n\t\t\t<svg xmlns=\"http:\/\/www.w3.org\/2000\/svg\" width=\"12\" height=\"12\" fill=\"none\" viewBox=\"0 0 12 12\">\n\t\t\t\t<path fill=\"#fff\" d=\"M2 0a2 2 0 0 0-2 2v2h1.5V2a.5.5 0 0 1 .5-.5h2V0H2Zm2 10.5H2a.5.5 0 0 1-.5-.5V8H0v2a2 2 0 0 0 2 2h2v-1.5ZM8 12v-1.5h2a.5.5 0 0 0 .5-.5V8H12v2a2 2 0 0 1-2 2H8Zm2-12a2 2 0 0 1 2 2v2h-1.5V2a.5.5 0 0 0-.5-.5H8V0h2Z\" \/>\n\t\t\t<\/svg>\n\t\t<\/button><figcaption class=\"wp-element-caption\">Foto: Juraj Sasko \/ Google Maps<\/figcaption><\/figure>\n\n\n\n<h3 class=\"wp-block-heading\"><span class=\"ez-toc-section\" id=\"9_Indigenous_Eyes_Ecological_Reserve\"><\/span>9. Indigenous Eyes Ecological Reserve<span class=\"ez-toc-section-end\"><\/span><\/h3>\n\n\n\n<p class=\"wp-block-paragraph\">Ez abszol\u00fat \u00e9kszer a nyugodt term\u00e9szet \u00e9s a csendes s\u00e9t\u00e1k szerelmeseinek. A Puntacana Resort melletti kiterjedt, \u00e1rny\u00e9kos parkban egyed\u00fcl\u00e1ll\u00f3 <strong>tizenk\u00e9t \u00e9desv\u00edzi lag\u00fan\u00e1b\u00f3l \u00e1ll\u00f3 rendszer<\/strong> tal\u00e1lhat\u00f3, amiket nagyon gondosan karbantartott erdei \u00f6sv\u00e9nyek k\u00f6tnek \u00f6ssze. A parkot a helyi \u00f6kol\u00f3giai alap\u00edtv\u00e1ny, a <strong>Puntacana Ecological Foundation<\/strong> kezeli, \u00e9s az eg\u00e9sz kiterjedt ter\u00fclet szigor\u00faan v\u00e9dett \u00e9s \u0151rz\u00f6tt, hogy a term\u00e9szet nyugodtan l\u00e9legezhessen.<\/p>\n\n\n\n<p class=\"wp-block-paragraph\">A leg\u00e9rdekesebb, hogy ezekb\u0151l a lag\u00fan\u00e1kb\u00f3l \u00f6tben <strong>hivatalosan enged\u00e9lyezett az \u00fasz\u00e1s<\/strong>. A v\u00edz gy\u00f6ny\u00f6r\u0171en \u00e1tl\u00e1tsz\u00f3, \u00e9s tele van apr\u00f3 \u00e9desv\u00edzi halacsk\u00e1kkal \u00e9s f\u00e9l\u00e9nk v\u00edzi tekn\u0151s\u00f6kkel, amiket egyenesen a felsz\u00ednr\u0151l figyelhetsz. Az \u00f6sv\u00e9nyek ment\u00e9n \u00fcgyesen elhelyezett t\u00e1bl\u00e1k vannak, ahol megtudod, mi a nev\u00fck azoknak a k\u00fcl\u00f6n\u00f6s f\u00e1knak, \u00e9s mit is csin\u00e1lnak azok az \u00e1llatok. Az eg\u00e9sz hely r\u00e1ad\u00e1sul hihetetlen\u00fcl megnyugtat\u00f3 benyom\u00e1st kelt, messze a hangos hotelanim\u00e1ci\u00f3kt\u00f3l.<\/p>\n\n\n\n<p class=\"wp-block-paragraph\">\ud83d\udca1 Tipp: ne felejts el a h\u00e1tizs\u00e1kba bepakolni egy t\u00e9nyleg <strong>er\u0151s \u00e9s m\u0171k\u00f6d\u0151 sz\u00fanyogriaszt\u00f3t<\/strong> a tr\u00f3pusi sz\u00fanyogok ellen, a dzsungel m\u00e9ly \u00e1rny\u00e9k\u00e1ban \u00e9s az \u00e9desv\u00edzn\u00e9l id\u0151nk\u00e9nt rendes felh\u0151kben vannak.<\/p>\n\n\n\n<figure data-wp-context=\"{&quot;imageId&quot;:&quot;6a9c45f3ea4c6&quot;}\" data-wp-interactive=\"core\/image\" data-wp-key=\"6a9c45f3ea4c6\" class=\"wp-block-image size-full wp-lightbox-container\"><img decoding=\"async\" width=\"1600\" height=\"1066\" data-wp-class--hide=\"state.isContentHidden\" data-wp-class--show=\"state.isContentVisible\" data-wp-init=\"callbacks.setButtonStyles\" data-wp-on--click=\"actions.showLightbox\" data-wp-on--load=\"callbacks.setButtonStyles\" data-wp-on--pointerdown=\"actions.preloadImage\" data-wp-on--pointerenter=\"actions.preloadImageWithDelay\" data-wp-on--pointerleave=\"actions.cancelPreload\" data-wp-on-window--resize=\"callbacks.setButtonStyles\" src=\"https:\/\/loudavymkrokem.cz\/wp-content\/uploads\/2026\/09\/z-bava-v-b-varo-adventure-park.jpg\" alt=\"Sz\u00f3rakoz\u00e1s a B\u00e1varo Adventure Parkban\" class=\"wp-image-415761\" title=\"\" srcset=\"https:\/\/loudavymkrokem.cz\/wp-content\/uploads\/2026\/09\/z-bava-v-b-varo-adventure-park.jpg 1600w, https:\/\/loudavymkrokem.cz\/wp-content\/uploads\/2026\/09\/z-bava-v-b-varo-adventure-park-300x200.jpg 300w, https:\/\/loudavymkrokem.cz\/wp-content\/uploads\/2026\/09\/z-bava-v-b-varo-adventure-park-700x466.jpg 700w, https:\/\/loudavymkrokem.cz\/wp-content\/uploads\/2026\/09\/z-bava-v-b-varo-adventure-park-768x512.jpg 768w, https:\/\/loudavymkrokem.cz\/wp-content\/uploads\/2026\/09\/z-bava-v-b-varo-adventure-park-1536x1023.jpg 1536w, https:\/\/loudavymkrokem.cz\/wp-content\/uploads\/2026\/09\/z-bava-v-b-varo-adventure-park-696x464.jpg 696w, https:\/\/loudavymkrokem.cz\/wp-content\/uploads\/2026\/09\/z-bava-v-b-varo-adventure-park-1392x927.jpg 1392w\" sizes=\"(max-width: 1600px) 100vw, 1600px\" \/><button\n\t\t\tclass=\"lightbox-trigger\"\n\t\t\ttype=\"button\"\n\t\t\taria-haspopup=\"dialog\"\n\t\t\tdata-wp-bind--aria-label=\"state.thisImage.triggerButtonAriaLabel\"\n\t\t\tdata-wp-init=\"callbacks.initTriggerButton\"\n\t\t\tdata-wp-on--click=\"actions.showLightbox\"\n\t\t\tdata-wp-style--right=\"state.thisImage.buttonRight\"\n\t\t\tdata-wp-style--top=\"state.thisImage.buttonTop\"\n\t\t>\n\t\t\t<svg xmlns=\"http:\/\/www.w3.org\/2000\/svg\" width=\"12\" height=\"12\" fill=\"none\" viewBox=\"0 0 12 12\">\n\t\t\t\t<path fill=\"#fff\" d=\"M2 0a2 2 0 0 0-2 2v2h1.5V2a.5.5 0 0 1 .5-.5h2V0H2Zm2 10.5H2a.5.5 0 0 1-.5-.5V8H0v2a2 2 0 0 0 2 2h2v-1.5ZM8 12v-1.5h2a.5.5 0 0 0 .5-.5V8H12v2a2 2 0 0 1-2 2H8Zm2-12a2 2 0 0 1 2 2v2h-1.5V2a.5.5 0 0 0-.5-.5H8V0h2Z\" \/>\n\t\t\t<\/svg>\n\t\t<\/button><figcaption class=\"wp-element-caption\">Foto: Bavaro Adventure Park | Punta Cana Tours &#038; Excursions \/ Google Maps<\/figcaption><\/figure>\n\n\n\n<h3 class=\"wp-block-heading\"><span class=\"ez-toc-section\" id=\"10_Szorakozas_a_Bavaro_Adventure_Parkban\"><\/span>10. Sz\u00f3rakoz\u00e1s a B\u00e1varo Adventure Parkban<span class=\"ez-toc-section-end\"><\/span><\/h3>\n\n\n\n<p class=\"wp-block-paragraph\">Az er\u0151s motorok, az adrenalin \u00e9s a mindent \u00e1that\u00f3 kosz szerelmeseinek itt van egy hatalmas sz\u00f3rakoztat\u00f3park egyenesen a <strong>B\u00e1varo \u00fcd\u00fcl\u0151k\u00f6zpontban<\/strong>. A f\u0151 vonzer\u0151 a vad <strong>terepbugival val\u00f3 sz\u00e1guldoz\u00e1s<\/strong> a kitaposott s\u00e1ros p\u00e1ly\u00e1kon, ahol garant\u00e1ltan egy sz\u00e1l sem marad rajtad se sz\u00e1raz, se tiszta. Menet k\u00f6zben m\u00e9g kisebb v\u00edzi g\u00e1zl\u00f3kon is \u00e1tm\u00e9sz. De nyugodtan lovagolhatsz is, kipr\u00f3b\u00e1lhatod a terepsegwayeket, vagy rep\u00fclhetsz a dzsungel felett egy hossz\u00fa ziplinen.<\/p>\n\n\n\n<p class=\"wp-block-paragraph\">A park hatalmas el\u0151nye, hogy a k\u00f6rny\u00e9k legt\u00f6bb kedvelt hotel\u00e9b\u0151l t\u00e9nyleg csak egy ugr\u00e1s ide, \u00fagyhogy nem t\u00f6lt\u00f6d a nap fel\u00e9t a buszban. R\u00e1ad\u00e1sul nem kell dr\u00e1ga eg\u00e9sznapos b\u00e9rletet venned mindenre, hanem kiv\u00e1laszthatod \u00e9s <strong>csak azokat a konkr\u00e9t tev\u00e9kenys\u00e9geket fizeted ki<\/strong>, amik t\u00e9nyleg \u00e9rdekelnek, \u00e9s amikre \u00e9pp kedved van.<\/p>\n\n\n\n<p class=\"wp-block-paragraph\">\ud83d\udca1 Tipp: a s\u00e1ros bugiz\u00e1shoz <strong>vegy\u00e9l fel r\u00e9gi holmit<\/strong>, amit adott esetben nem b\u00e1nsz kidobni a kuk\u00e1ba, azt a tel\u00edtett v\u00f6r\u00f6s dominikai sarat egy vil\u00e1gos p\u00f3l\u00f3b\u00f3l ugyanis m\u00e1r soha nem mosod ki teljesen.<\/p>\n\n\n\n<figure data-wp-context=\"{&quot;imageId&quot;:&quot;6a9c45f3ea905&quot;}\" data-wp-interactive=\"core\/image\" data-wp-key=\"6a9c45f3ea905\" class=\"wp-block-image size-full wp-lightbox-container\"><img decoding=\"async\" width=\"1600\" height=\"2133\" data-wp-class--hide=\"state.isContentHidden\" data-wp-class--show=\"state.isContentVisible\" data-wp-init=\"callbacks.setButtonStyles\" data-wp-on--click=\"actions.showLightbox\" data-wp-on--load=\"callbacks.setButtonStyles\" data-wp-on--pointerdown=\"actions.preloadImage\" data-wp-on--pointerenter=\"actions.preloadImageWithDelay\" data-wp-on--pointerleave=\"actions.cancelPreload\" data-wp-on-window--resize=\"callbacks.setButtonStyles\" src=\"https:\/\/loudavymkrokem.cz\/wp-content\/uploads\/2026\/09\/swap-415604-11-8d623c69.jpg\" alt=\"Seaquarium Punta Can\u00e1ban\" class=\"wp-image-415943\" title=\"\" srcset=\"https:\/\/loudavymkrokem.cz\/wp-content\/uploads\/2026\/09\/swap-415604-11-8d623c69.jpg 1600w, https:\/\/loudavymkrokem.cz\/wp-content\/uploads\/2026\/09\/swap-415604-11-8d623c69-225x300.jpg 225w, https:\/\/loudavymkrokem.cz\/wp-content\/uploads\/2026\/09\/swap-415604-11-8d623c69-700x933.jpg 700w, https:\/\/loudavymkrokem.cz\/wp-content\/uploads\/2026\/09\/swap-415604-11-8d623c69-768x1024.jpg 768w, https:\/\/loudavymkrokem.cz\/wp-content\/uploads\/2026\/09\/swap-415604-11-8d623c69-1152x1536.jpg 1152w, https:\/\/loudavymkrokem.cz\/wp-content\/uploads\/2026\/09\/swap-415604-11-8d623c69-1536x2048.jpg 1536w, https:\/\/loudavymkrokem.cz\/wp-content\/uploads\/2026\/09\/swap-415604-11-8d623c69-696x928.jpg 696w, https:\/\/loudavymkrokem.cz\/wp-content\/uploads\/2026\/09\/swap-415604-11-8d623c69-1392x1856.jpg 1392w\" sizes=\"(max-width: 1600px) 100vw, 1600px\" \/><button\n\t\t\tclass=\"lightbox-trigger\"\n\t\t\ttype=\"button\"\n\t\t\taria-haspopup=\"dialog\"\n\t\t\tdata-wp-bind--aria-label=\"state.thisImage.triggerButtonAriaLabel\"\n\t\t\tdata-wp-init=\"callbacks.initTriggerButton\"\n\t\t\tdata-wp-on--click=\"actions.showLightbox\"\n\t\t\tdata-wp-style--right=\"state.thisImage.buttonRight\"\n\t\t\tdata-wp-style--top=\"state.thisImage.buttonTop\"\n\t\t>\n\t\t\t<svg xmlns=\"http:\/\/www.w3.org\/2000\/svg\" width=\"12\" height=\"12\" fill=\"none\" viewBox=\"0 0 12 12\">\n\t\t\t\t<path fill=\"#fff\" d=\"M2 0a2 2 0 0 0-2 2v2h1.5V2a.5.5 0 0 1 .5-.5h2V0H2Zm2 10.5H2a.5.5 0 0 1-.5-.5V8H0v2a2 2 0 0 0 2 2h2v-1.5ZM8 12v-1.5h2a.5.5 0 0 0 .5-.5V8H12v2a2 2 0 0 1-2 2H8Zm2-12a2 2 0 0 1 2 2v2h-1.5V2a.5.5 0 0 0-.5-.5H8V0h2Z\" \/>\n\t\t\t<\/svg>\n\t\t<\/button><figcaption class=\"wp-element-caption\">Foto: Alejandro Palafox \/ Google Maps<\/figcaption><\/figure>\n\n\n\n<!-- LKM_GYG_CARD start q=\"punta cana\" lang=\"hu\" rendered=\"2026-09-05T12:14:52+00:00\" v=\"1\" -->\n<style id=\"lk-gyg-styles\">\n@import url(\"https:\/\/fonts.googleapis.com\/css2?family=Playfair+Display:wght@700&family=DM+Sans:wght@300;400;500;600&display=swap\");\n\/* === LK GYG karty \u2014 CRO redesign 2026-05 (namespace .lkx-) ===\n   C\u00edl: vy\u0161\u0161\u00ed CTR (hero + v\u00fdrazn\u00fd social proof + ak\u010dn\u00ed CTA, m\u00e9n\u011b \"reklamn\u00ed\").\n   Injektuje se inline do prvn\u00edho markeru postu (refresh_cards.py --inline-css). *\/\n.lkx-module, .lkx-module *{box-sizing:border-box;margin:0;padding:0}\n.lkx-module{\n  font-family:'DM Sans',-apple-system,Segoe UI,Roboto,Georgia,sans-serif;\n  max-width:860px;margin:2.5rem auto;color:#1f2328;\n}\n\n\/* HEADER \u2014 lehk\u00fd editorsk\u00fd, \u017e\u00e1dn\u00fd bannerov\u00fd blok; nadpis + popisek pod n\u00edm *\/\n.lkx-head{margin-bottom:16px}\n.lkx-head-main{display:flex;align-items:center;gap:10px}\n.lkx-head-accent{width:26px;height:3px;border-radius:2px;background:#c39f76;flex-shrink:0}\n.lkx-head-title{font-family:'Playfair Display',Georgia,serif;font-size:21px;font-weight:700;color:#1a1a1a;line-height:1.25}\n.lkx-head-meta{display:block;font-size:11px;letter-spacing:.3px;color:#9aa0a6;margin-top:4px;margin-left:36px}\n\n\/* HERO *\/\n.lkx-hero{display:grid;grid-template-columns:300px 1fr;background:#fff;border:1px solid #ece7df;border-radius:14px;overflow:hidden;text-decoration:none!important;color:inherit;box-shadow:0 6px 20px rgba(0,0,0,.06);transition:box-shadow .2s,transform .2s;margin-bottom:14px}\n.lkx-hero:hover{box-shadow:0 12px 30px rgba(0,0,0,.12);transform:translateY(-2px)}\n.lkx-hero-img{position:relative;min-height:230px;background-size:cover;background-position:center;background-color:#eee}\n.lkx-hero-body{padding:22px 24px;display:flex;flex-direction:column}\n.lkx-pick{position:absolute;top:12px;left:12px;background:#1a1a1a;color:#fff;font-size:11px;font-weight:700;letter-spacing:.5px;padding:5px 11px;border-radius:20px}\n\n\/* TITLE *\/\n.lkx-title{font-size:19px;font-weight:700;color:#161616;line-height:1.3}\n.lkx-title-sm{font-size:14.5px;line-height:1.35;display:-webkit-box;-webkit-line-clamp:2;-webkit-box-orient:vertical;overflow:hidden}\n\n\/* SOCIAL PROOF \u2014 v\u00fdrazn\u011b, naho\u0159e *\/\n.lkx-proof{display:flex;align-items:center;gap:7px;margin-top:12px;font-size:15px;color:#3a3a3a}\n.lkx-proof b{font-size:16px;color:#161616}\n.lkx-stars{color:#f5a623;letter-spacing:1px}\n.lkx-proof-sm{font-size:12.5px;margin-top:8px;gap:5px}\n.lkx-proof-sm b{font-size:13px}\n.lkx-proof-new{color:#3685fc;font-weight:600}\n\n\/* PRICE \u2014 n\u00edzk\u00e1 kotva *\/\n.lkx-price{font-size:14px;color:#6b7280}\n.lkx-price b{font-size:20px;color:#161616;font-weight:700}\n.lkx-price-sm b{font-size:15px}\n\n\/* CTA \u2014 tepl\u00e9 ak\u010dn\u00ed tla\u010d\u00edtko *\/\n.lkx-cta{display:inline-flex;align-items:center;justify-content:center;text-decoration:none!important;font-weight:700;color:#fff!important;background:linear-gradient(135deg,#f6743f,#e8552a);border-radius:10px;box-shadow:0 6px 16px rgba(232,85,42,.32);transition:box-shadow .2s}\n.lkx-cta-hero{font-size:15px;padding:13px 22px}\n.lkx-hero:hover .lkx-cta-hero{box-shadow:0 8px 22px rgba(232,85,42,.45)}\n.lkx-cta-sm{font-size:12.5px;padding:9px 14px;width:100%;margin-top:2px}\n.lkx-hero-bottom{margin-top:auto;padding-top:18px;display:flex;align-items:center;justify-content:space-between;gap:14px;flex-wrap:wrap}\n\n\/* BADGE \u2014 jeden v\u00fdrazn\u00fd na fotce *\/\n.lkx-badge{position:absolute;top:12px;right:12px;font-size:10.5px;font-weight:700;letter-spacing:.3px;padding:5px 10px;border-radius:16px;color:#fff}\n.lkx-badge.badge-urgency{background:rgba(214,40,40,.92)}\n.lkx-badge.badge-new{background:rgba(54,133,252,.92)}\n.lkx-badge.badge-top{background:rgba(195,159,118,.95)}\n.lkx-badge.badge-info{background:rgba(40,40,40,.78)}\n\n\/* SECONDARY GRID *\/\n.lkx-grid{display:grid;grid-template-columns:1fr 1fr;gap:14px}\n.lkx-card{background:#fff;border:1px solid #ece7df;border-radius:14px;overflow:hidden;text-decoration:none!important;color:inherit;box-shadow:0 4px 14px rgba(0,0,0,.05);display:flex;flex-direction:column;transition:box-shadow .2s,transform .2s}\n.lkx-card:hover{box-shadow:0 10px 24px rgba(0,0,0,.1);transform:translateY(-2px)}\n.lkx-card-img{position:relative;aspect-ratio:16\/10;background-size:cover;background-position:center;background-color:#eee}\n.lkx-card-body{padding:14px 16px 16px;display:flex;flex-direction:column;gap:7px;flex:1}\n.lkx-card-bottom{margin-top:auto;padding-top:10px;display:flex;align-items:center;justify-content:space-between;gap:8px}\n\n\/* DISCLOSURE \u2014 drobn\u00e1, kv\u016fli d\u016fv\u011b\u0159e\/z\u00e1konu *\/\n.lkx-disclosure{font-size:11px;color:#a7adb3;text-align:center;margin-top:14px;line-height:1.6}\n.lkx-disclosure a{color:#c39f76;text-decoration:none}\n\n@media(max-width:680px){\n  .lkx-hero{grid-template-columns:1fr}\n  .lkx-hero-img{min-height:180px}\n  .lkx-grid{grid-template-columns:1fr}\n  .lkx-head-meta{margin-left:0;width:100%}\n  .lkx-head-title{font-size:19px}\n}\n\n<\/style>\n<div class=\"lkx-module\" data-query=\"punta cana\">\n  <div class=\"lkx-head\">\n    <div class=\"lkx-head-main\">\n      <span class=\"lkx-head-accent\"><\/span>\n      <span class=\"lkx-head-title\">\u00c9lm\u00e9nyek \u00e9s bel\u00e9p\u0151jegyek<\/span>\n    <\/div>\n    <span class=\"lkx-head-meta\">utaz\u00f3k \u00e1ltal \u00e9rt\u00e9kelve \u00b7 GetYourGuide<\/span>\n  <\/div><a class=\"lkx-hero\" href=\"https:\/\/www.getyourguide.com\/hu-hu\/punta-cana-l411\/saona-sziget-punta-cana-all-inclusive-t1115702\/?partner_id=MKZ64IS&amp;utm_medium=online_publisher&amp;cmp=dominikai-koztarsasag-punta-cana\" target=\"_blank\" rel=\"sponsored noopener nofollow\">\n    <div class=\"lkx-hero-img\" style=\"background-image:url('https:\/\/cdn.getyourguide.com\/img\/tour\/0259bae72e2c18c11938dc3f4c9018171a8e1ba5d78bd902b7426c5c7fe7e4fc.jpeg\/132.jpg')\" role=\"img\" aria-label=\"Punta Cana: Saona-sziget all inclusive, katamar\u00e1n, italok \u00e9s sv\u00e9dasztalos eb\u00e9d\">\n      <span class=\"lkx-pick\">\u2605 A mi tipp\u00fcnk<\/span><\/div>\n    <div class=\"lkx-hero-body\">\n      <div class=\"lkx-title\">Punta Cana: Saona-sziget all inclusive, katamar\u00e1n, italok \u00e9s sv\u00e9dasztalos eb\u00e9d<\/div>\n      <div class=\"lkx-proof\">\n      <span class=\"lkx-stars\">\u2605\u2605\u2605\u2605\u2605<\/span>\n      <b>3.7<\/b> \u00b7 479 \u00e9rt\u00e9kel\u00e9s\n    <\/div>\n      <div class=\"lkx-hero-bottom\"><div class=\"lkx-price\">m\u00e1r <b>51\u00a0EUR<\/b><\/div><span class=\"lkx-cta lkx-cta-hero\">Ezt az \u00e9lm\u00e9nyt akarom \u2192<\/span>\n      <\/div>\n    <\/div>\n  <\/a><div class=\"lkx-grid\"><a class=\"lkx-card\" href=\"https:\/\/www.getyourguide.com\/hu-hu\/punta-cana-l411\/punta-cana-homokfuto-quad-motor-vagy-kajaktura-cenote-uszassal-t1164879\/?partner_id=MKZ64IS&amp;utm_medium=online_publisher&amp;cmp=dominikai-koztarsasag-punta-cana\" target=\"_blank\" rel=\"sponsored noopener nofollow\">\n      <div class=\"lkx-card-img\" style=\"background-image:url('https:\/\/cdn.getyourguide.com\/img\/tour\/8a0e7c5b457139c334881b155680466b654c9d63856ded90323e8d1419eaa1fc.jpeg\/132.jpg')\" role=\"img\" aria-label=\"Quad motoros \u00e9s homokfut\u00f3s kir\u00e1ndul\u00e1s 4x4 terepj\u00e1r\u00f3val Punta Can\u00e1ban, v\u00edzbarlanggal\"><\/div>\n      <div class=\"lkx-card-body\">\n        <div class=\"lkx-title lkx-title-sm\">Quad motoros \u00e9s homokfut\u00f3s kir\u00e1ndul\u00e1s 4&#215;4 terepj\u00e1r\u00f3val Punta Can\u00e1ban, v\u00edzbarlanggal<\/div>\n        <div class=\"lkx-proof lkx-proof-sm\">\n      <span class=\"lkx-stars\">\u2605<\/span>\n      <b>4.3<\/b> \u00b7 1 493\n    <\/div>\n        <div class=\"lkx-card-bottom\"><span class=\"lkx-price lkx-price-sm\">m\u00e1r <b>25\u00a0EUR<\/b><\/span><span class=\"lkx-cta lkx-cta-sm\">Id\u0151pontok megtekint\u00e9se \u2192<\/span>\n        <\/div>\n      <\/div>\n    <\/a><a class=\"lkx-card\" href=\"https:\/\/www.getyourguide.com\/hu-hu\/punta-cana-l411\/punta-cana-dzsungel-cipzarpalya-es-dominikai-kakaokaland-t1445188\/?partner_id=MKZ64IS&amp;utm_medium=online_publisher&amp;cmp=dominikai-koztarsasag-punta-cana\" target=\"_blank\" rel=\"sponsored noopener nofollow\">\n      <div class=\"lkx-card-img\" style=\"background-image:url('https:\/\/cdn.getyourguide.com\/img\/tour\/1481a724b89074cda81297eceb96305133f8bf45c0c70a474c97d2aebf11e7b6.png\/132.jpg')\" role=\"img\" aria-label=\"Punta Cana: F\u00e9lnapos dr\u00f3tk\u00f6t\u00e9lp\u00e1ly\u00e1s kaland ingyenes sz\u00e1llodai felv\u00e9tellel\"><\/div>\n      <div class=\"lkx-card-body\">\n        <div class=\"lkx-title lkx-title-sm\">Punta Cana: F\u00e9lnapos dr\u00f3tk\u00f6t\u00e9lp\u00e1ly\u00e1s kaland ingyenes sz\u00e1llodai felv\u00e9tellel<\/div>\n        <div class=\"lkx-proof lkx-proof-sm\">\n      <span class=\"lkx-stars\">\u2605<\/span>\n      <b>0.0<\/b> \u00b7 0\n    <\/div>\n        <div class=\"lkx-card-bottom\"><span class=\"lkx-price lkx-price-sm\">m\u00e1r <b>65\u00a0EUR<\/b><\/span><span class=\"lkx-cta lkx-cta-sm\">Id\u0151pontok megtekint\u00e9se \u2192<\/span>\n        <\/div>\n      <\/div>\n    <\/a><\/div><div class=\"lkx-disclosure\">\ud83d\udd17 A linkek partnerlinkek \u2014 az \u00e1rat nem v\u00e1ltoztatj\u00e1k, nek\u00fcnk viszont seg\u00edtenek a tartalomk\u00e9sz\u00edt\u00e9sben. \u00b7 <a href=\"https:\/\/www.getyourguide.com\/hu-hu\/s\/?q=punta+cana&amp;partner_id=MKZ64IS&amp;utm_medium=online_publisher\" target=\"_blank\" rel=\"sponsored noopener nofollow\">\u00d6sszes \u00e9lm\u00e9ny \u2192<\/a><\/div>\n<\/div>\n<!-- LKM_GYG_CARD end -->\n\n\n\n\n<div class=\"lk-stays-module\">\n<style>\n\/* \u2500\u2500\u2500 RESET PRO GUTENBERG \u2500\u2500\u2500 *\/\n.lk-stays-module * { box-sizing: border-box; margin: 0; padding: 0; }\n\n\/* \u2500\u2500\u2500 WRAPPER \u2500\u2500\u2500 *\/\n.lk-stays-module {\n  font-family: 'DM Sans', Georgia, sans-serif;\n  max-width: 100%;\n  margin: 2.5rem auto;\n  background: linear-gradient(135deg, #fdfaf5 0%, #fcf8f0 100%);\n  border: 1px solid #e8dfd4;\n  border-radius: 16px;\n  overflow: hidden;\n  box-shadow: 0 16px 48px rgba(195, 159, 118, 0.25), 0 4px 12px rgba(0,0,0,0.08);\n}\n\n\/* \u2500\u2500\u2500 HEADER \u2500\u2500\u2500 *\/\n.lk-stays-header {\n  position: relative;\n  padding: 24px 36px 24px;\n  background: linear-gradient(135deg, #c39f76 0%, #d4b188 60%, #c39f76 100%);\n  border-bottom: 1px solid rgba(255,255,255,.15);\n  display: flex;\n  align-items: center;\n  gap: 18px;\n}\n.lk-stays-header::before {\n  content: '';\n  position: absolute;\n  inset: 0;\n  background: url(\"data:image\/svg+xml,%3Csvg width='60' height='60' viewBox='0 0 60 60' xmlns='http:\/\/www.w3.org\/2000\/svg'%3E%3Cg fill='none' fill-rule='evenodd'%3E%3Cg fill='%23ffffff' fill-opacity='0.05'%3E%3Cpath d='M36 34v-4h-2v4h-4v2h4v4h2v-4h4v-2h-4zm0-30V0h-2v4h-4v2h4v4h2V6h4V4h-4zM6 34v-4H4v4H0v2h4v4h2v-4h4v-2H6zM6 4V0H4v4H0v2h4v4h2V6h4V4H6z'\/%3E%3C\/g%3E%3C\/g%3E%3C\/svg%3E\") repeat;\n  pointer-events: none;\n}\n.lk-stays-icon {\n  flex-shrink: 0;\n  width: 68px;\n  height: 68px;\n  border-radius: 14px;\n  background: linear-gradient(135deg, #fff 0%, #f9f6f0 100%);\n  display: flex;\n  align-items: center;\n  justify-content: center;\n  font-size: 26px;\n  box-shadow: 0 4px 12px rgba(0,0,0,0.15);\n}\n.lk-stays-eyebrow {\n  font-size: 10px;\n  font-weight: 500;\n  letter-spacing: 2.5px;\n  text-transform: uppercase;\n  color: rgba(255,255,255,.85);\n  margin: 0 0 5px 0;\n}\n.lk-stays-title {\n  font-family: 'Playfair Display', Georgia, serif;\n  font-size: 24px;\n  font-weight: 700;\n  color: #fff;\n  line-height: 1.2;\n  text-shadow: 0 1px 2px rgba(0,0,0,0.1);\n  margin: 0;\n}\n.lk-stays-subtitle {\n  font-size: 13px;\n  color: rgba(255,255,255,.75);\n  margin: 4px 0 0 0;\n  font-weight: 300;\n}\n\n\/* \u2500\u2500\u2500 CARDS GRID \u2500\u2500\u2500 *\/\n.lk-stays-grid {\n  display: grid;\n  grid-template-columns: 1fr 1fr;\n  gap: 1px;\n  background: rgba(195, 159, 118, 0.12);\n}\n\n\/* \u2500\u2500\u2500 SINGLE CARD \u2500\u2500\u2500 *\/\n.lk-stay-card {\n  background: #ffffff;\n  padding: 26px;\n  display: flex;\n  flex-direction: column;\n  gap: 11px;\n  transition: all 0.3s ease;\n  text-decoration: none;\n  color: inherit;\n  position: relative;\n}\n.lk-stay-card:hover {\n  background: #fffbf5;\n  transform: translateY(-2px);\n  box-shadow: 0 8px 24px rgba(195, 159, 118, 0.18);\n  z-index: 1;\n}\n.lk-stay-card.featured {\n  background: linear-gradient(135deg, #fffdf9 0%, #fff9f0 100%);\n  box-shadow: 0 4px 16px rgba(195, 159, 118, 0.15), inset 0 1px 0 rgba(195, 159, 118, 0.1);\n}\n.lk-stay-card.featured:hover {\n  background: linear-gradient(135deg, #fffbf5 0%, #fff8ed 100%);\n  box-shadow: 0 8px 24px rgba(195, 159, 118, 0.25), inset 0 1px 0 rgba(195, 159, 118, 0.15);\n}\n\n.lk-stay-badge {\n  display: inline-flex;\n  align-items: center;\n  gap: 5px;\n  font-size: 10px;\n  font-weight: 500;\n  letter-spacing: 1.5px;\n  text-transform: uppercase;\n  padding: 5px 11px;\n  border-radius: 20px;\n  width: fit-content;\n}\n.badge-top     { background: linear-gradient(135deg, #c39f76 0%, #d4b188 100%); color: #fff; border: 1px solid #c39f76; font-weight: 600; box-shadow: 0 2px 8px rgba(195,159,118,0.3); }\n.badge-luxury  { background: rgba(195,159,118,.12); color: #c39f76; border: 1px solid rgba(195,159,118,.25); }\n.badge-boutique{ background: rgba(54,133,252,.08); color: #3685fc; border: 1px solid rgba(54,133,252,.2); }\n.badge-nature  { background: rgba(130,190,100,.1); color: #6b9c4a; border: 1px solid rgba(130,190,100,.2); }\n.badge-remote  { background: rgba(195,159,118,.12); color: #a67e50; border: 1px solid rgba(195,159,118,.25); }\n\n.lk-stay-name {\n  font-family: 'Playfair Display', Georgia, serif;\n  font-size: 18px;\n  font-weight: 700;\n  color: #111827;\n  line-height: 1.3;\n}\n.lk-stay-desc {\n  font-size: 13.5px;\n  color: #525252;\n  line-height: 1.65;\n  font-weight: 300;\n  flex: 1;\n}\n\n.lk-stay-meta {\n  display: flex;\n  align-items: center;\n  gap: 12px;\n  flex-wrap: wrap;\n  margin-top: 4px;\n}\n.lk-stay-price {\n  font-size: 13px;\n  color: #6b7280;\n}\n.lk-stay-price strong {\n  color: #c39f76;\n  font-weight: 500;\n}\n.lk-stay-stars {\n  color: #c39f76;\n  font-size: 11px;\n  letter-spacing: 1px;\n}\n\n\/* \u2500\u2500\u2500 CTA BUTTON \u2500\u2500\u2500 *\/\n.lk-stay-cta {\n  display: inline-flex;\n  align-items: center;\n  justify-content: center;\n  gap: 7px;\n  margin-top: 8px;\n  padding: 11px 20px;\n  border-radius: 8px;\n  background: linear-gradient(135deg, #3685fc 0%, #2a6fd9 100%);\n  color: #fff;\n  font-size: 13px;\n  font-weight: 500;\n  text-decoration: none;\n  letter-spacing: .3px;\n  transition: all .2s ease;\n  cursor: pointer;\n  border: none;\n  text-align: center;\n  box-shadow: 0 4px 12px rgba(54, 133, 252, 0.25);\n}\n.lk-stay-cta:hover {\n  background: linear-gradient(135deg, #2a6fd9 0%, #1e5bc4 100%);\n  transform: translateY(-1px);\n  box-shadow: 0 6px 16px rgba(54, 133, 252, 0.35);\n}\n.lk-stay-cta svg { flex-shrink: 0; }\n\n\/* \u2500\u2500\u2500 FOOTER \u2500\u2500\u2500 *\/\n.lk-stays-footer {\n  padding: 18px 36px;\n  background: linear-gradient(to bottom, #fdfaf5 0%, #f9f4ed 100%);\n  border-top: 1px solid rgba(195, 159, 118, 0.15);\n  display: flex;\n  align-items: center;\n  justify-content: space-between;\n  flex-wrap: wrap;\n  gap: 12px;\n}\n.lk-stays-footer-note {\n  font-size: 11.5px;\n  color: #6b7280;\n  font-weight: 300;\n  line-height: 1.5;\n}\n.lk-stays-footer-note a {\n  color: #c39f76;\n  text-decoration: none;\n  font-weight: 400;\n}\n.lk-stays-footer-note a:hover {\n  text-decoration: underline;\n}\n.lk-stays-all-btn {\n  display: inline-flex;\n  align-items: center;\n  gap: 6px;\n  font-size: 12.5px;\n  font-weight: 500;\n  color: #c39f76;\n  text-decoration: none;\n  border: 1px solid rgba(195, 159, 118, 0.35);\n  padding: 8px 18px;\n  border-radius: 8px;\n  transition: all .2s ease;\n}\n.lk-stays-all-btn:hover {\n  background: rgba(195, 159, 118, 0.08);\n  border-color: rgba(195, 159, 118, 0.5);\n}\n\n\/* \u2500\u2500\u2500 RESPONSIVE \u2500\u2500\u2500 *\/\n@media (max-width: 600px) {\n  .lk-stays-grid { grid-template-columns: 1fr; }\n  .lk-stays-header { padding: 24px 20px; }\n  .lk-stays-footer { padding: 16px 20px; }\n  .lk-stay-card { padding: 22px; }\n  .lk-stays-title { font-size: 20px; }\n}\n<\/style>\n\n  <!-- HEADER -->\n  <div class=\"lk-stays-header\">\n    <img decoding=\"async\" src=\"https:\/\/loudavymkrokem.cz\/wp-content\/uploads\/2026\/02\/lukas-a-lucka.jpg\" alt=\"\" style=\"width: 75px; height: 75px; border-radius: 8px; flex-shrink: 0; object-fit: cover; display: block; margin: 4px 0;\" title=\"\">\n    <div class=\"lk-stays-header-text\">\n      <div class=\"lk-stays-eyebrow\">Luk\u00e1\u0161 \u00e9s Lucie aj\u00e1nlj\u00e1k<\/div>\n      <div class=\"lk-stays-title\">Hol sz\u00e1lljon meg Punta Can\u00e1ban<\/div>\n      <div class=\"lk-stays-subtitle\">4 sz\u00e1ll\u00e1shely \u2014 wellness hotelek, \u00fcd\u00fcl\u0151helyek \u00e9s egy\u00e9b sz\u00e1ll\u00e1slehet\u0151s\u00e9gek<\/div>\n    <\/div>\n  <\/div>\n\n  <!-- CARDS -->\n  <div class=\"lk-stays-grid\">\n\n    <a class=\"lk-stay-card featured\" href=\"https:\/\/www.stay22.com\/allez\/roam?aid=lukaskonecny&#038;campaign=loudavymkrokemcz&#038;campaign=hu&#038;campaign=covidetvpuntacane&#038;address=Punta+Cana&#038;hotelname=Eden+Roc+Cap+Cana&#038;search=Eden+Roc+Cap+Cana&#038;category=accommodation\" target=\"_blank\" rel=\"nofollow noopener\">\n      <span class=\"lk-stay-badge badge-top\">\u2b50 TOP V\u00c1LASZT\u00c1S<\/span>\n      <span class=\"lk-stay-badge badge-nature\">\u2b50 Luxury<\/span>\n      <div class=\"lk-stay-name\">Eden Roc Cap Cana<\/div>\n      <div class=\"lk-stay-desc\">Cs\u00facskateg\u00f3ri\u00e1s \u00fcd\u00fcl\u0151hely a luxus d\u00e9li Cap Cana ter\u00fcleten, priv\u00e1t szf\u00e9r\u00e1t, saj\u00e1t strandklubbot \u00e9s nyugalmat k\u00edn\u00e1l a t\u00f6megturizmus el\u0151l.<\/div>\n      <div class=\"lk-stay-meta\">\n        <span class=\"lk-stay-stars\">\u2605\u2605\u2605\u2605<\/span>\n        <span class=\"lk-stay-price\">\u00c1rak ellen\u0151rz\u00e9se<\/span>\n      <\/div>\n      <span class=\"lk-stay-cta\">\n        <svg width=\"14\" height=\"14\" viewBox=\"0 0 24 24\" fill=\"none\" stroke=\"currentColor\" stroke-width=\"2\"><path d=\"M18 13v6a2 2 0 0 1-2 2H5a2 2 0 0 1-2-2V8a2 2 0 0 1 2-2h6\"\/><polyline points=\"15 3 21 3 21 9\"\/><line x1=\"10\" y1=\"14\" x2=\"21\" y2=\"3\"\/><\/svg>\n        Ellen\u0151rizd az el\u00e9rhet\u0151s\u00e9get\n      <\/span>\n    <\/a>\n\n    <a class=\"lk-stay-card\" href=\"https:\/\/www.stay22.com\/allez\/roam?aid=lukaskonecny&#038;campaign=loudavymkrokemcz&#038;campaign=hu&#038;campaign=covidetvpuntacane&#038;address=Punta+Cana&#038;hotelname=Lopesan+Costa+B%C3%A1varo+Resort&#038;search=Lopesan+Costa+B%C3%A1varo+Resort&#038;category=accommodation\" target=\"_blank\" rel=\"nofollow noopener\">\n      <span class=\"lk-stay-badge badge-nature\">\ud83c\udf32 Resort<\/span>\n      <div class=\"lk-stay-name\">Lopesan Costa B\u00e1varo Resort<\/div>\n      <div class=\"lk-stay-desc\">\u00d3ri\u00e1si \u00fcd\u00fcl\u0151hely leny\u0171g\u00f6z\u0151 kask\u00e1d medenc\u00e9kkel \u00e9s hatalmas tr\u00f3pusi kerttel B\u00e1varo ter\u00fclet\u00e9n.<\/div>\n      <div class=\"lk-stay-meta\">\n        <span class=\"lk-stay-stars\">\u2605\u2605\u2605\u2605<\/span>\n        <span class=\"lk-stay-price\">\u00c1rak ellen\u0151rz\u00e9se<\/span>\n      <\/div>\n      <span class=\"lk-stay-cta\">\n        <svg width=\"14\" height=\"14\" viewBox=\"0 0 24 24\" fill=\"none\" stroke=\"currentColor\" stroke-width=\"2\"><path d=\"M18 13v6a2 2 0 0 1-2 2H5a2 2 0 0 1-2-2V8a2 2 0 0 1 2-2h6\"\/><polyline points=\"15 3 21 3 21 9\"\/><line x1=\"10\" y1=\"14\" x2=\"21\" y2=\"3\"\/><\/svg>\n        Ellen\u0151rizd az el\u00e9rhet\u0151s\u00e9get\n      <\/span>\n    <\/a>\n\n    <a class=\"lk-stay-card\" href=\"https:\/\/www.stay22.com\/allez\/roam?aid=lukaskonecny&#038;campaign=loudavymkrokemcz&#038;campaign=hu&#038;campaign=covidetvpuntacane&#038;address=Punta+Cana&#038;hotelname=Secrets+Royal+Beach+Punta+Cana&#038;search=Secrets+Royal+Beach+Punta+Cana&#038;category=accommodation\" target=\"_blank\" rel=\"nofollow noopener\">\n      <span class=\"lk-stay-badge badge-nature\">\u2b50 Luxury<\/span>\n      <div class=\"lk-stay-name\">Secrets Royal Beach Punta Cana<\/div>\n      <div class=\"lk-stay-desc\">Csak feln\u0151tteknek sz\u00f3l\u00f3 hotel t\u00f6k\u00e9letes kiszolg\u00e1l\u00e1ssal \u00e9s kiv\u00e1l\u00f3 gasztron\u00f3mi\u00e1val, nyugalom gyerekek n\u00e9lk\u00fcl.<\/div>\n      <div class=\"lk-stay-meta\">\n        <span class=\"lk-stay-stars\">\u2605\u2605\u2605\u2605<\/span>\n        <span class=\"lk-stay-price\">\u00c1rak ellen\u0151rz\u00e9se<\/span>\n      <\/div>\n      <span class=\"lk-stay-cta\">\n        <svg width=\"14\" height=\"14\" viewBox=\"0 0 24 24\" fill=\"none\" stroke=\"currentColor\" stroke-width=\"2\"><path d=\"M18 13v6a2 2 0 0 1-2 2H5a2 2 0 0 1-2-2V8a2 2 0 0 1 2-2h6\"\/><polyline points=\"15 3 21 3 21 9\"\/><line x1=\"10\" y1=\"14\" x2=\"21\" y2=\"3\"\/><\/svg>\n        Ellen\u0151rizd az el\u00e9rhet\u0151s\u00e9get\n      <\/span>\n    <\/a>\n\n    <a class=\"lk-stay-card\" href=\"https:\/\/www.stay22.com\/allez\/roam?aid=lukaskonecny&#038;campaign=loudavymkrokemcz&#038;campaign=hu&#038;campaign=co-videt-v-punta-cane&#038;address=Punta%20Cana%2C%20Dominik%C3%A1nsk%C3%A1%20republika\" target=\"_blank\" rel=\"nofollow noopener\">\n      <span class=\"lk-stay-badge badge-nature\">\ud83c\udfe1 Panzi\u00f3\/B&#038;B<\/span>\n      <div class=\"lk-stay-name\">Sz\u00e1ll\u00e1s Los Coralesban \u00e9s El Cortecit\u00f3ban<\/div>\n      <div class=\"lk-stay-desc\">Laz\u00e1bb l\u00e9gk\u00f6r, kisebb butik panzi\u00f3ik \u00e9s b\u00e9relhet\u0151 apartmanok helyi \u00e9ttermek k\u00f6zel\u00e9ben.<\/div>\n      <div class=\"lk-stay-meta\">\n        <span class=\"lk-stay-stars\">\u2605\u2605\u2605\u2605<\/span>\n        <span class=\"lk-stay-price\">\u00c1rak ellen\u0151rz\u00e9se<\/span>\n      <\/div>\n      <span class=\"lk-stay-cta\">\n        <svg width=\"14\" height=\"14\" viewBox=\"0 0 24 24\" fill=\"none\" stroke=\"currentColor\" stroke-width=\"2\"><path d=\"M18 13v6a2 2 0 0 1-2 2H5a2 2 0 0 1-2-2V8a2 2 0 0 1 2-2h6\"\/><polyline points=\"15 3 21 3 21 9\"\/><line x1=\"10\" y1=\"14\" x2=\"21\" y2=\"3\"\/><\/svg>\n        Ellen\u0151rizd az el\u00e9rhet\u0151s\u00e9get\n      <\/span>\n    <\/a>\n\n  <\/div>\n\n  \n<\/div>\n\n\n\n\n<h3 class=\"wp-block-heading\"><span class=\"ez-toc-section\" id=\"11_Seaquarium_Punta_Cana_megfontoltan\"><\/span>11. Seaquarium Punta Cana (megfontoltan)<span class=\"ez-toc-section-end\"><\/span><\/h3>\n\n\n\n<p class=\"wp-block-paragraph\">A Seaquarium nagyon specifikus lehet\u0151s\u00e9get k\u00edn\u00e1l arra, hogy <strong>v\u00e9gigs\u00e9t\u00e1lj a tengerfen\u00e9ken<\/strong> egy speci\u00e1lis neh\u00e9z sisakban, \u00e9s <strong>snorkelezz egy \u00f3ri\u00e1si kar\u00e1mban<\/strong> egyenesen az \u00f3ce\u00e1nban. A mer\u00fcl\u00e9s alatt egyenesen a r\u00e1j\u00e1k \u00e9s kisebb c\u00e1p\u00e1k k\u00f6z\u00f6tt \u00faszol majd (gyakran teljesen \u00e1rtalmatlan bajszos c\u00e1p\u00e1kr\u00f3l van sz\u00f3), ami pap\u00edron remek \u00e9s biztons\u00e1gos \u00e9lm\u00e9nynek hangzik az eg\u00e9sz csal\u00e1dnak. A helysz\u00ednre egy nagy, \u00fcvegfenek\u0171 haj\u00f3val jutsz el, amir\u0151l hangos partizene sz\u00f3l, \u00e9s m\u00e1r a reggeli \u00f3r\u00e1kt\u00f3l folyik a rum.<\/p>\n\n\n\n<p class=\"wp-block-paragraph\">\u0150szint\u00e9n meg kell viszont eml\u00edtenem, hogy az err\u0151l a helyr\u0151l sz\u00f3l\u00f3 \u00e9rt\u00e9kel\u00e9sek \u00e9s benyom\u00e1sok el\u00e9g ellentmond\u00e1sosak. Sok utaz\u00f3 panaszkodik a v\u00edzbe zs\u00fafolt hatalmas embert\u00f6megre, az \u00e1llatok nyilv\u00e1nval\u00f3 stresszel\u00e9s\u00e9re \u00e9s az \u00f6sszess\u00e9g\u00e9ben nagyon <strong>kommersz \u00e9s er\u0151ltetett hangulatra<\/strong>. Alaposan m\u00e9rlegeld h\u00e1t, hogy t\u00e9nyleg meg\u00e9ri-e neked az\u00e9rt a nem kev\u00e9s p\u00e9nz\u00e9rt, vagy ink\u00e1bb m\u00e1shova fektetn\u00e9d a p\u00e9nzt.<\/p>\n\n\n\n<p class=\"wp-block-paragraph\">\ud83d\udca1 Tipp: ha szereted a vad\u00e1llatokat, \u00e9s a term\u00e9szetes k\u00f6rnyezet\u00fckben akarod l\u00e1tni \u0151ket, ink\u00e1bb fizess egy <strong>klasszikus snorkelez\u0151 kir\u00e1ndul\u00e1st<\/strong> a ny\u00edlt korallz\u00e1tonyokra, ez sokkal hitelesebb \u00e9s nyugodtabb \u00e9lm\u00e9ny.<\/p>\n\n\n\n<figure data-wp-context=\"{&quot;imageId&quot;:&quot;6a9c45f3eae83&quot;}\" data-wp-interactive=\"core\/image\" data-wp-key=\"6a9c45f3eae83\" class=\"wp-block-image size-full wp-lightbox-container\"><img decoding=\"async\" width=\"1600\" height=\"1062\" data-wp-class--hide=\"state.isContentHidden\" data-wp-class--show=\"state.isContentVisible\" data-wp-init=\"callbacks.setButtonStyles\" data-wp-on--click=\"actions.showLightbox\" data-wp-on--load=\"callbacks.setButtonStyles\" data-wp-on--pointerdown=\"actions.preloadImage\" data-wp-on--pointerenter=\"actions.preloadImageWithDelay\" data-wp-on--pointerleave=\"actions.cancelPreload\" data-wp-on-window--resize=\"callbacks.setButtonStyles\" src=\"https:\/\/loudavymkrokem.cz\/wp-content\/uploads\/2026\/09\/ve-ern-downtown-punta-cana.jpg\" alt=\"Az esti Downtown Punta Cana\" class=\"wp-image-415765\" title=\"\" srcset=\"https:\/\/loudavymkrokem.cz\/wp-content\/uploads\/2026\/09\/ve-ern-downtown-punta-cana.jpg 1600w, https:\/\/loudavymkrokem.cz\/wp-content\/uploads\/2026\/09\/ve-ern-downtown-punta-cana-300x199.jpg 300w, https:\/\/loudavymkrokem.cz\/wp-content\/uploads\/2026\/09\/ve-ern-downtown-punta-cana-700x465.jpg 700w, https:\/\/loudavymkrokem.cz\/wp-content\/uploads\/2026\/09\/ve-ern-downtown-punta-cana-768x510.jpg 768w, https:\/\/loudavymkrokem.cz\/wp-content\/uploads\/2026\/09\/ve-ern-downtown-punta-cana-1536x1020.jpg 1536w, https:\/\/loudavymkrokem.cz\/wp-content\/uploads\/2026\/09\/ve-ern-downtown-punta-cana-696x462.jpg 696w, https:\/\/loudavymkrokem.cz\/wp-content\/uploads\/2026\/09\/ve-ern-downtown-punta-cana-1392x924.jpg 1392w\" sizes=\"(max-width: 1600px) 100vw, 1600px\" \/><button\n\t\t\tclass=\"lightbox-trigger\"\n\t\t\ttype=\"button\"\n\t\t\taria-haspopup=\"dialog\"\n\t\t\tdata-wp-bind--aria-label=\"state.thisImage.triggerButtonAriaLabel\"\n\t\t\tdata-wp-init=\"callbacks.initTriggerButton\"\n\t\t\tdata-wp-on--click=\"actions.showLightbox\"\n\t\t\tdata-wp-style--right=\"state.thisImage.buttonRight\"\n\t\t\tdata-wp-style--top=\"state.thisImage.buttonTop\"\n\t\t>\n\t\t\t<svg xmlns=\"http:\/\/www.w3.org\/2000\/svg\" width=\"12\" height=\"12\" fill=\"none\" viewBox=\"0 0 12 12\">\n\t\t\t\t<path fill=\"#fff\" d=\"M2 0a2 2 0 0 0-2 2v2h1.5V2a.5.5 0 0 1 .5-.5h2V0H2Zm2 10.5H2a.5.5 0 0 1-.5-.5V8H0v2a2 2 0 0 0 2 2h2v-1.5ZM8 12v-1.5h2a.5.5 0 0 0 .5-.5V8H12v2a2 2 0 0 1-2 2H8Zm2-12a2 2 0 0 1 2 2v2h-1.5V2a.5.5 0 0 0-.5-.5H8V0h2Z\" \/>\n\t\t\t<\/svg>\n\t\t<\/button><figcaption class=\"wp-element-caption\">Foto: Downtown Punta Cana \/ Google Maps<\/figcaption><\/figure>\n\n\n\n<h3 class=\"wp-block-heading\"><span class=\"ez-toc-section\" id=\"12_Az_esti_Downtown_Punta_Cana\"><\/span>12. Az esti Downtown Punta Cana<span class=\"ez-toc-section-end\"><\/span><\/h3>\n\n\n\n<p class=\"wp-block-paragraph\">Amikor p\u00e1r nap ut\u00e1n eluntad a resortod ugyanolyan esti anim\u00e1ci\u00f3s programj\u00e1t, indulj <strong>felfedezni a Downtownt<\/strong>. Ez egy hatalmas modern bev\u00e1s\u00e1rl\u00f3- \u00e9s sz\u00f3rakoztat\u00f3k\u00f6zpont a szabad \u00e9g alatt, ami aff\u00e9le t\u00f6k\u00e9letesen <strong>biztons\u00e1gos bubor\u00e9kk\u00e9nt<\/strong> m\u0171k\u00f6dik a turist\u00e1knak. \u00d3ri\u00e1si mozikat, rengeteg vil\u00e1gm\u00e1rk\u00e1s \u00fczletet, Hard Rock Caf\u00e9t \u00e9s t\u00f6bb tucat kiv\u00e1l\u00f3, minden vil\u00e1gkonyh\u00e1b\u00f3l v\u00e1logat\u00f3 \u00e9ttermet tal\u00e1lsz. Napk\u00f6zben nyugodtabb bev\u00e1s\u00e1rl\u00f3z\u00f3na, de s\u00f6t\u00e9ted\u00e9s ut\u00e1n az eg\u00e9sz felragyog a neonokt\u00f3l, \u00e9s az utc\u00e1k megtelnek emberekkel.<\/p>\n\n\n\n<p class=\"wp-block-paragraph\">\u00c9pp itt, a t\u00e9ren tal\u00e1lhat\u00f3 a <a href=\"https:\/\/www.cocobongo.com\/\" rel=\"nofollow noopener\" target=\"_blank\">legend\u00e1s Coco Bongo \u00e9jszakai klub<\/a> is, ami hihetetlen <strong>vad kabar\u00e9-, akrobatika-<\/strong> \u00e9s klasszikus diszk\u00f3-kever\u00e9ket k\u00edn\u00e1l rep\u00fcl\u0151 konfettivel \u00e9s f\u00e9nyshow-val. Ez az abszol\u00fat legegyszer\u0171bb \u00e9s <strong>legbiztons\u00e1gosabb m\u00f3dja<\/strong> annak, hogy este kiker\u00fclj a hotelb\u0151l an\u00e9lk\u00fcl, hogy b\u00e1rmilyen bonyolult k\u00f6zleked\u00e9st kellene megoldanod ismeretlen v\u00e1rosr\u00e9szekbe.<\/p>\n\n\n\n<p class=\"wp-block-paragraph\">\ud83d\udca1 Tipp: a Downtown ter\u00fclet\u00e9n van egy \u00f3ri\u00e1si <strong>Jumbo szupermarket<\/strong> is, ahol min\u0151s\u00e9gi szuven\u00edreket, szemes k\u00e1v\u00e9t \u00e9s n\u00e1dcukorrumot v\u00e1s\u00e1rolhatsz a t\u00fal\u00e1razott hotelboltokhoz k\u00e9pest <strong>t\u00f6red\u00e9k helyi \u00e1rakon<\/strong>.<\/p>\n\n\n\n<figure data-wp-context=\"{&quot;imageId&quot;:&quot;6a9c45f3eb36a&quot;}\" data-wp-interactive=\"core\/image\" data-wp-key=\"6a9c45f3eb36a\" class=\"wp-block-image size-full wp-lightbox-container\"><img decoding=\"async\" width=\"1600\" height=\"718\" data-wp-class--hide=\"state.isContentHidden\" data-wp-class--show=\"state.isContentVisible\" data-wp-init=\"callbacks.setButtonStyles\" data-wp-on--click=\"actions.showLightbox\" data-wp-on--load=\"callbacks.setButtonStyles\" data-wp-on--pointerdown=\"actions.preloadImage\" data-wp-on--pointerenter=\"actions.preloadImageWithDelay\" data-wp-on--pointerleave=\"actions.cancelPreload\" data-wp-on-window--resize=\"callbacks.setButtonStyles\" src=\"https:\/\/loudavymkrokem.cz\/wp-content\/uploads\/2026\/09\/lok-ln-ivot-v-los-corales.jpg\" alt=\"Helyi \u00e9let Los Coralesban \u00e9s El Cortecit\u00f3ban\" class=\"wp-image-415767\" title=\"\" srcset=\"https:\/\/loudavymkrokem.cz\/wp-content\/uploads\/2026\/09\/lok-ln-ivot-v-los-corales.jpg 1600w, https:\/\/loudavymkrokem.cz\/wp-content\/uploads\/2026\/09\/lok-ln-ivot-v-los-corales-300x135.jpg 300w, https:\/\/loudavymkrokem.cz\/wp-content\/uploads\/2026\/09\/lok-ln-ivot-v-los-corales-700x314.jpg 700w, https:\/\/loudavymkrokem.cz\/wp-content\/uploads\/2026\/09\/lok-ln-ivot-v-los-corales-768x345.jpg 768w, https:\/\/loudavymkrokem.cz\/wp-content\/uploads\/2026\/09\/lok-ln-ivot-v-los-corales-1536x689.jpg 1536w, https:\/\/loudavymkrokem.cz\/wp-content\/uploads\/2026\/09\/lok-ln-ivot-v-los-corales-696x312.jpg 696w, https:\/\/loudavymkrokem.cz\/wp-content\/uploads\/2026\/09\/lok-ln-ivot-v-los-corales-1392x625.jpg 1392w\" sizes=\"(max-width: 1600px) 100vw, 1600px\" \/><button\n\t\t\tclass=\"lightbox-trigger\"\n\t\t\ttype=\"button\"\n\t\t\taria-haspopup=\"dialog\"\n\t\t\tdata-wp-bind--aria-label=\"state.thisImage.triggerButtonAriaLabel\"\n\t\t\tdata-wp-init=\"callbacks.initTriggerButton\"\n\t\t\tdata-wp-on--click=\"actions.showLightbox\"\n\t\t\tdata-wp-style--right=\"state.thisImage.buttonRight\"\n\t\t\tdata-wp-style--top=\"state.thisImage.buttonTop\"\n\t\t>\n\t\t\t<svg xmlns=\"http:\/\/www.w3.org\/2000\/svg\" width=\"12\" height=\"12\" fill=\"none\" viewBox=\"0 0 12 12\">\n\t\t\t\t<path fill=\"#fff\" d=\"M2 0a2 2 0 0 0-2 2v2h1.5V2a.5.5 0 0 1 .5-.5h2V0H2Zm2 10.5H2a.5.5 0 0 1-.5-.5V8H0v2a2 2 0 0 0 2 2h2v-1.5ZM8 12v-1.5h2a.5.5 0 0 0 .5-.5V8H12v2a2 2 0 0 1-2 2H8Zm2-12a2 2 0 0 1 2 2v2h-1.5V2a.5.5 0 0 0-.5-.5H8V0h2Z\" \/>\n\t\t\t<\/svg>\n\t\t<\/button><figcaption class=\"wp-element-caption\">Foto: Los Corales Village \/ Google Maps<\/figcaption><\/figure>\n\n\n\n<h3 class=\"wp-block-heading\"><span class=\"ez-toc-section\" id=\"13_Helyi_elet_Los_Coralesban_es_El_Cortecitoban\"><\/span>13. Helyi \u00e9let Los Coralesban \u00e9s El Cortecit\u00f3ban<span class=\"ez-toc-section-end\"><\/span><\/h3>\n\n\n\n<p class=\"wp-block-paragraph\">Ha a nyaral\u00e1son egy kicsit hitelesebb hangulatra v\u00e1gysz az \u00f3ri\u00e1si resortok falain k\u00edv\u00fcl, ez a <strong>k\u00e9t \u00f6sszekapcsol\u00f3d\u00f3 v\u00e1rosr\u00e9sz a B\u00e1varo ter\u00fclet\u00e9n<\/strong> abszol\u00fat ide\u00e1lis. Ez a ter\u00fclet hatalmas <strong>expat- \u00e9s digit\u00e1lisnom\u00e1d-k\u00f6z\u00f6ss\u00e9ggel<\/strong> rendelkezik, \u00fagyhogy itt a dominikai laza kult\u00fara \u00e9s a prec\u00edz eur\u00f3pai szolg\u00e1ltat\u00e1sok csod\u00e1latos kever\u00e9k\u00e9t tal\u00e1lod. Az utc\u00e1k tele vannak kis sz\u00ednes \u00fczletekkel, p\u00e9ks\u00e9gekkel \u00e9s hangulatos, wifis k\u00e1v\u00e9z\u00f3kkal, amikb\u0151l messzir\u0151l \u00e1rad a friss p\u00e9ks\u00fctem\u00e9ny illata.<\/p>\n\n\n\n<p class=\"wp-block-paragraph\">Pontosan ez az a hely, ahov\u00e1 <strong>j\u00f3t enni<\/strong> j\u00e1r az ember, ha el\u0151rel\u00e1t\u00f3an nem vett\u00e9l all-inclusive nyaral\u00e1st. T\u00f6bb tucat <strong>kiv\u00e1l\u00f3 \u00e9tterem, tapasb\u00e1r<\/strong> \u00e9s st\u00edlusos strandklub van itt, ahol egyenesen a finom homokba l\u00f3gatott l\u00e1bakkal ihatsz egy jeges italt, mik\u00f6zben csak a tenger morajl\u00e1s\u00e1t \u00e9s a poharak cseng\u00e9s\u00e9t hallgatod.<\/p>\n\n\n\n<p class=\"wp-block-paragraph\">\ud83d\udca1 Tipp: azt aj\u00e1nlom, gyere ide egy <strong>hossz\u00fa h\u00e9tv\u00e9gi brunchra<\/strong>, a hangulat itt hihetetlen\u00fcl lusta \u00e9s nyugodt, pontosan \u00fagy, ahogy az igazi Karib-t\u00e9rs\u00e9gben h\u00e9tv\u00e9g\u00e9n ki kell n\u00e9znie.<\/p>\n\n\n\n<figure data-wp-context=\"{&quot;imageId&quot;:&quot;6a9c45f3ebaef&quot;}\" data-wp-interactive=\"core\/image\" data-wp-key=\"6a9c45f3ebaef\" class=\"wp-block-image size-full wp-lightbox-container\"><img decoding=\"async\" width=\"1600\" height=\"2131\" data-wp-class--hide=\"state.isContentHidden\" data-wp-class--show=\"state.isContentVisible\" data-wp-init=\"callbacks.setButtonStyles\" data-wp-on--click=\"actions.showLightbox\" data-wp-on--load=\"callbacks.setButtonStyles\" data-wp-on--pointerdown=\"actions.preloadImage\" data-wp-on--pointerenter=\"actions.preloadImageWithDelay\" data-wp-on--pointerleave=\"actions.cancelPreload\" data-wp-on-window--resize=\"callbacks.setButtonStyles\" src=\"https:\/\/loudavymkrokem.cz\/wp-content\/uploads\/2026\/09\/betonov-bazilika-v-hig-ey.jpg\" alt=\"A betonbazilika Hig\u00fceyben\" class=\"wp-image-415769\" title=\"\" srcset=\"https:\/\/loudavymkrokem.cz\/wp-content\/uploads\/2026\/09\/betonov-bazilika-v-hig-ey.jpg 1600w, https:\/\/loudavymkrokem.cz\/wp-content\/uploads\/2026\/09\/betonov-bazilika-v-hig-ey-225x300.jpg 225w, https:\/\/loudavymkrokem.cz\/wp-content\/uploads\/2026\/09\/betonov-bazilika-v-hig-ey-700x932.jpg 700w, https:\/\/loudavymkrokem.cz\/wp-content\/uploads\/2026\/09\/betonov-bazilika-v-hig-ey-768x1023.jpg 768w, https:\/\/loudavymkrokem.cz\/wp-content\/uploads\/2026\/09\/betonov-bazilika-v-hig-ey-1153x1536.jpg 1153w, https:\/\/loudavymkrokem.cz\/wp-content\/uploads\/2026\/09\/betonov-bazilika-v-hig-ey-1538x2048.jpg 1538w, https:\/\/loudavymkrokem.cz\/wp-content\/uploads\/2026\/09\/betonov-bazilika-v-hig-ey-696x927.jpg 696w, https:\/\/loudavymkrokem.cz\/wp-content\/uploads\/2026\/09\/betonov-bazilika-v-hig-ey-1392x1854.jpg 1392w\" sizes=\"(max-width: 1600px) 100vw, 1600px\" \/><button\n\t\t\tclass=\"lightbox-trigger\"\n\t\t\ttype=\"button\"\n\t\t\taria-haspopup=\"dialog\"\n\t\t\tdata-wp-bind--aria-label=\"state.thisImage.triggerButtonAriaLabel\"\n\t\t\tdata-wp-init=\"callbacks.initTriggerButton\"\n\t\t\tdata-wp-on--click=\"actions.showLightbox\"\n\t\t\tdata-wp-style--right=\"state.thisImage.buttonRight\"\n\t\t\tdata-wp-style--top=\"state.thisImage.buttonTop\"\n\t\t>\n\t\t\t<svg xmlns=\"http:\/\/www.w3.org\/2000\/svg\" width=\"12\" height=\"12\" fill=\"none\" viewBox=\"0 0 12 12\">\n\t\t\t\t<path fill=\"#fff\" d=\"M2 0a2 2 0 0 0-2 2v2h1.5V2a.5.5 0 0 1 .5-.5h2V0H2Zm2 10.5H2a.5.5 0 0 1-.5-.5V8H0v2a2 2 0 0 0 2 2h2v-1.5ZM8 12v-1.5h2a.5.5 0 0 0 .5-.5V8H12v2a2 2 0 0 1-2 2H8Zm2-12a2 2 0 0 1 2 2v2h-1.5V2a.5.5 0 0 0-.5-.5H8V0h2Z\" \/>\n\t\t\t<\/svg>\n\t\t<\/button><figcaption class=\"wp-element-caption\">Foto: Matteo Pettinari \/ Google Maps<\/figcaption><\/figure>\n\n\n\n<h3 class=\"wp-block-heading\"><span class=\"ez-toc-section\" id=\"14_A_betonbazilika_Higueyben\"><\/span>14. A betonbazilika Hig\u00fceyben<span class=\"ez-toc-section-end\"><\/span><\/h3>\n\n\n\n<p class=\"wp-block-paragraph\">Nagyj\u00e1b\u00f3l negyven percnyire a ragyog\u00f3 partszakaszt\u00f3l fekszik a h\u00e9tk\u00f6znapi tartom\u00e1nyi <strong>sz\u00e9khely, Hig\u00fcey<\/strong>, ami megmutatja a Dominikai K\u00f6zt\u00e1rsas\u00e1g igazi, sz\u00e9p\u00edtetlen arc\u00e1t. Az eg\u00e9sz v\u00e1ros f\u0151 dominanci\u00e1ja a hatalmas betonbazilika, a Nuestra Se\u00f1ora de la Altagracia, ami messze a legjelent\u0151sebb <strong>katolikus zar\u00e1ndokhely<\/strong> az eg\u00e9sz orsz\u00e1gban. A massz\u00edv, \u00e9g fel\u00e9 t\u00f6r\u0151 \u00edves architekt\u00far\u00e1ja t\u00e9nyleg impoz\u00e1ns \u00e9s teljesen \u00f6sszet\u00e9veszthetetlen, k\u00fcl\u00f6n\u00f6sen a ragyog\u00f3 k\u00e9k \u00e9g el\u0151tt.<\/p>\n\n\n\n<p class=\"wp-block-paragraph\">A bazilika k\u00f6r\u00fcl teljesen kaotikus, hihetetlen\u00fcl hangos \u00e9s <strong>igazi dominikai \u00e9let<\/strong> l\u00fcktet, amit Punta Can\u00e1ban nem \u00e9lsz \u00e1t. L\u00e1tsz majd <strong>zs\u00fafolt gy\u00fcm\u00f6lcspiacokat<\/strong>, az aut\u00f3k k\u00f6z\u00f6tt vesz\u00e9lyesen szlalomoz\u00f3 motorokat, \u00e9s meg\u00e9rzed az utcai b\u00f3d\u00e9kb\u00f3l \u00e1rad\u00f3 s\u00fclt ban\u00e1n neh\u00e9z illat\u00e1t. \u00d3ri\u00e1si \u00e9s sz\u00fcks\u00e9ges kontraszt ez a luxusresortok t\u00f6k\u00e9letesre ny\u00edrt gyep\u00e9hez k\u00e9pest, \u00e9s megmutatja, hogyan \u00e9lnek val\u00f3j\u00e1ban a helyi emberek.<\/p>\n\n\n\n<p class=\"wp-block-paragraph\">\ud83d\udca1 Tipp: mag\u00e1hoz a bazilik\u00e1hoz <strong>megfelel\u0151, illedelmes ruh\u00e1t<\/strong> kell viselned, ami eltakarja a v\u00e1llad \u00e9s a t\u00e9rded, k\u00fcl\u00f6nben a szigor\u00fa \u0151r\u00f6k egyetlen m\u00e1sodpercre sem engednek be, m\u00e9gpedig turist\u00e1knak val\u00f3 mindenf\u00e9le kiv\u00e9tel n\u00e9lk\u00fcl.<\/p>\n\n\n\n<h2 class=\"wp-block-heading\"><span class=\"ez-toc-section\" id=\"Hol_egyel_a_resorton_kivul\"><\/span>Hol egy\u00e9l a resorton k\u00edv\u00fcl<span class=\"ez-toc-section-end\"><\/span><\/h2>\n\n\n\n<p class=\"wp-block-paragraph\">Ha szereted a j\u00f3 gasztron\u00f3mi\u00e1t, semmik\u00e9pp ne maradj csak a hotelb\u00fcf\u00e9kn\u00e9l. Menj ki, \u00e9s fedezd fel a <strong>helyi kulin\u00e1ris sz\u00ednteret<\/strong>, aminek hat\u00e1rozottan van mit k\u00edn\u00e1lnia, m\u00e9gpedig <strong>veget\u00e1ri\u00e1nusoknak is<\/strong>. A helyi \u00e9ttermek nagy figyelmet ford\u00edtanak az alapanyagokra, \u00e9s a szabadban elk\u00f6lt\u00f6tt vacsora hangulat\u00e1nak megvan a maga \u00f6sszet\u00e9veszthetetlen b\u00e1ja.<\/p>\n\n\n\n<figure data-wp-context=\"{&quot;imageId&quot;:&quot;6a9c45f3ec3c5&quot;}\" data-wp-interactive=\"core\/image\" data-wp-key=\"6a9c45f3ec3c5\" class=\"wp-block-image size-full wp-lightbox-container\"><img decoding=\"async\" width=\"1600\" height=\"1200\" data-wp-class--hide=\"state.isContentHidden\" data-wp-class--show=\"state.isContentVisible\" data-wp-init=\"callbacks.setButtonStyles\" data-wp-on--click=\"actions.showLightbox\" data-wp-on--load=\"callbacks.setButtonStyles\" data-wp-on--pointerdown=\"actions.preloadImage\" data-wp-on--pointerenter=\"actions.preloadImageWithDelay\" data-wp-on--pointerleave=\"actions.cancelPreload\" data-wp-on-window--resize=\"callbacks.setButtonStyles\" src=\"https:\/\/loudavymkrokem.cz\/wp-content\/uploads\/2026\/09\/fantastick-indian-aroma.jpg\" alt=\"A fantasztikus Indian Aroma\" class=\"wp-image-415771\" title=\"\" srcset=\"https:\/\/loudavymkrokem.cz\/wp-content\/uploads\/2026\/09\/fantastick-indian-aroma.jpg 1600w, https:\/\/loudavymkrokem.cz\/wp-content\/uploads\/2026\/09\/fantastick-indian-aroma-300x225.jpg 300w, https:\/\/loudavymkrokem.cz\/wp-content\/uploads\/2026\/09\/fantastick-indian-aroma-700x525.jpg 700w, https:\/\/loudavymkrokem.cz\/wp-content\/uploads\/2026\/09\/fantastick-indian-aroma-768x576.jpg 768w, https:\/\/loudavymkrokem.cz\/wp-content\/uploads\/2026\/09\/fantastick-indian-aroma-1536x1152.jpg 1536w, https:\/\/loudavymkrokem.cz\/wp-content\/uploads\/2026\/09\/fantastick-indian-aroma-80x60.jpg 80w, https:\/\/loudavymkrokem.cz\/wp-content\/uploads\/2026\/09\/fantastick-indian-aroma-160x120.jpg 160w, https:\/\/loudavymkrokem.cz\/wp-content\/uploads\/2026\/09\/fantastick-indian-aroma-696x522.jpg 696w, https:\/\/loudavymkrokem.cz\/wp-content\/uploads\/2026\/09\/fantastick-indian-aroma-1392x1044.jpg 1392w\" sizes=\"(max-width: 1600px) 100vw, 1600px\" \/><button\n\t\t\tclass=\"lightbox-trigger\"\n\t\t\ttype=\"button\"\n\t\t\taria-haspopup=\"dialog\"\n\t\t\tdata-wp-bind--aria-label=\"state.thisImage.triggerButtonAriaLabel\"\n\t\t\tdata-wp-init=\"callbacks.initTriggerButton\"\n\t\t\tdata-wp-on--click=\"actions.showLightbox\"\n\t\t\tdata-wp-style--right=\"state.thisImage.buttonRight\"\n\t\t\tdata-wp-style--top=\"state.thisImage.buttonTop\"\n\t\t>\n\t\t\t<svg xmlns=\"http:\/\/www.w3.org\/2000\/svg\" width=\"12\" height=\"12\" fill=\"none\" viewBox=\"0 0 12 12\">\n\t\t\t\t<path fill=\"#fff\" d=\"M2 0a2 2 0 0 0-2 2v2h1.5V2a.5.5 0 0 1 .5-.5h2V0H2Zm2 10.5H2a.5.5 0 0 1-.5-.5V8H0v2a2 2 0 0 0 2 2h2v-1.5ZM8 12v-1.5h2a.5.5 0 0 0 .5-.5V8H12v2a2 2 0 0 1-2 2H8Zm2-12a2 2 0 0 1 2 2v2h-1.5V2a.5.5 0 0 0-.5-.5H8V0h2Z\" \/>\n\t\t\t<\/svg>\n\t\t<\/button><figcaption class=\"wp-element-caption\">Foto: Syed Chowdhury \/ Google Maps<\/figcaption><\/figure>\n\n\n\n<h3 class=\"wp-block-heading\"><span class=\"ez-toc-section\" id=\"15_A_fantasztikus_Indian_Aroma\"><\/span>15. A fantasztikus Indian Aroma<span class=\"ez-toc-section-end\"><\/span><\/h3>\n\n\n\n<p class=\"wp-block-paragraph\">Ha m\u00e1r a remek \u00e9telek felfedez\u00e9s\u00e9n\u00e9l tartunk Los Corales k\u00f6rny\u00e9k\u00e9n, aj\u00e1nlok egy gasztron\u00f3miai gy\u00f6ngyszemet. Az <strong>Indian Aroma<\/strong> egy jelent\u00e9ktelen \u00e9tterem (semmi neonfelirat vagy strandh\u00edrn\u00e9v), de a helyi expatek ismerik, \u00e9s rendszeresen ide j\u00e1rnak, \u00e9s vil\u00e1gos, mi\u00e9rt. A bels\u0151 b\u00e1r nagyon egyszer\u0171 \u00e9s semmivel sem ny\u0171g\u00f6z le, de ann\u00e1l jobban meglep az els\u0151 falat ut\u00e1n az \u00e9tel min\u0151s\u00e9ge, a gazdag f\u0171szerez\u00e9s \u00e9s <strong>abszol\u00fat autentikuss\u00e1ga<\/strong>.<\/p>\n\n\n\n<p class=\"wp-block-paragraph\">Ami\u00e9rt viszont els\u0151sorban megeml\u00edtem, az a hatalmas \u00e9s r\u00e9szletekbe men\u0151en <strong>kidolgozott veget\u00e1ri\u00e1nus \u00e9tlapjuk<\/strong>. Egy olyan orsz\u00e1gban, ahol a legt\u00f6bb hagyom\u00e1nyos \u00e9tel kiz\u00e1r\u00f3lag a sert\u00e9sh\u00fas \u00e9s a hal k\u00f6r\u00fcl forog, ez teljes o\u00e1zis \u00e9s megment\u00e9s azoknak, akik a n\u00f6v\u00e9nyi \u00e9trendet prefer\u00e1lj\u00e1k. Kiv\u00e1l\u00f3, s\u0171r\u0171 kr\u00e9mes currykat, frissen s\u00fclt puha naan-kenyeret \u00e9s t\u00f6k\u00e9letesen f\u0171szerezett <strong>pik\u00e1ns lencse-dhalt<\/strong> k\u00e9sz\u00edtenek itt.<\/p>\n\n\n\n<p class=\"wp-block-paragraph\">\ud83d\udca1 Tipp: mindenk\u00e9pp k\u00f3stold meg a <strong>veget\u00e1ri\u00e1nus tikka masal\u00e1jukat<\/strong> paneer sajttal, olyan tartalmas \u00e9s laktat\u00f3, hogy m\u00e1r m\u00e1snap kora este vissza akarsz majd t\u00e9rni ide.<\/p>\n\n\n\n<figure data-wp-context=\"{&quot;imageId&quot;:&quot;6a9c45f3ecb57&quot;}\" data-wp-interactive=\"core\/image\" data-wp-key=\"6a9c45f3ecb57\" class=\"wp-block-image size-full wp-lightbox-container\"><img decoding=\"async\" width=\"1600\" height=\"2133\" data-wp-class--hide=\"state.isContentHidden\" data-wp-class--show=\"state.isContentVisible\" data-wp-init=\"callbacks.setButtonStyles\" data-wp-on--click=\"actions.showLightbox\" data-wp-on--load=\"callbacks.setButtonStyles\" data-wp-on--pointerdown=\"actions.preloadImage\" data-wp-on--pointerenter=\"actions.preloadImageWithDelay\" data-wp-on--pointerleave=\"actions.cancelPreload\" data-wp-on-window--resize=\"callbacks.setButtonStyles\" src=\"https:\/\/loudavymkrokem.cz\/wp-content\/uploads\/2026\/09\/rostlinn-riviera-express-vegan.jpg\" alt=\"A n\u00f6v\u00e9nyi Riviera Express Vegan\" class=\"wp-image-415774\" title=\"\" srcset=\"https:\/\/loudavymkrokem.cz\/wp-content\/uploads\/2026\/09\/rostlinn-riviera-express-vegan.jpg 1600w, https:\/\/loudavymkrokem.cz\/wp-content\/uploads\/2026\/09\/rostlinn-riviera-express-vegan-225x300.jpg 225w, https:\/\/loudavymkrokem.cz\/wp-content\/uploads\/2026\/09\/rostlinn-riviera-express-vegan-700x933.jpg 700w, https:\/\/loudavymkrokem.cz\/wp-content\/uploads\/2026\/09\/rostlinn-riviera-express-vegan-768x1024.jpg 768w, https:\/\/loudavymkrokem.cz\/wp-content\/uploads\/2026\/09\/rostlinn-riviera-express-vegan-1152x1536.jpg 1152w, https:\/\/loudavymkrokem.cz\/wp-content\/uploads\/2026\/09\/rostlinn-riviera-express-vegan-1536x2048.jpg 1536w, https:\/\/loudavymkrokem.cz\/wp-content\/uploads\/2026\/09\/rostlinn-riviera-express-vegan-696x928.jpg 696w, https:\/\/loudavymkrokem.cz\/wp-content\/uploads\/2026\/09\/rostlinn-riviera-express-vegan-1392x1856.jpg 1392w\" sizes=\"(max-width: 1600px) 100vw, 1600px\" \/><button\n\t\t\tclass=\"lightbox-trigger\"\n\t\t\ttype=\"button\"\n\t\t\taria-haspopup=\"dialog\"\n\t\t\tdata-wp-bind--aria-label=\"state.thisImage.triggerButtonAriaLabel\"\n\t\t\tdata-wp-init=\"callbacks.initTriggerButton\"\n\t\t\tdata-wp-on--click=\"actions.showLightbox\"\n\t\t\tdata-wp-style--right=\"state.thisImage.buttonRight\"\n\t\t\tdata-wp-style--top=\"state.thisImage.buttonTop\"\n\t\t>\n\t\t\t<svg xmlns=\"http:\/\/www.w3.org\/2000\/svg\" width=\"12\" height=\"12\" fill=\"none\" viewBox=\"0 0 12 12\">\n\t\t\t\t<path fill=\"#fff\" d=\"M2 0a2 2 0 0 0-2 2v2h1.5V2a.5.5 0 0 1 .5-.5h2V0H2Zm2 10.5H2a.5.5 0 0 1-.5-.5V8H0v2a2 2 0 0 0 2 2h2v-1.5ZM8 12v-1.5h2a.5.5 0 0 0 .5-.5V8H12v2a2 2 0 0 1-2 2H8Zm2-12a2 2 0 0 1 2 2v2h-1.5V2a.5.5 0 0 0-.5-.5H8V0h2Z\" \/>\n\t\t\t<\/svg>\n\t\t<\/button><figcaption class=\"wp-element-caption\">Foto: Riviera Express Vegan &#038; Healthy Choice \/ Google Maps<\/figcaption><\/figure>\n\n\n\n<h3 class=\"wp-block-heading\"><span class=\"ez-toc-section\" id=\"16_A_novenyi_Riviera_Express_Vegan\"><\/span>16. A n\u00f6v\u00e9nyi Riviera Express Vegan<span class=\"ez-toc-section-end\"><\/span><\/h3>\n\n\n\n<p class=\"wp-block-paragraph\">Egy m\u00e1sik remek t\u00e1mpont mindenkinek, aki b\u00e1rmilyen okb\u00f3l nem eszik h\u00fast, ez a klassz <strong>tiszt\u00e1n n\u00f6v\u00e9nyi \u00e9tterem<\/strong>. A <strong>Riviera Express Vegan<\/strong> &#038; Healthy Choice vil\u00e1gosan megmutatja, hogy a Karib-t\u00e9rs\u00e9gben is lehet modern, eg\u00e9szs\u00e9ges gasztron\u00f3mi\u00e1t csin\u00e1lni a legmagasabb szinten. Sz\u00e9pen \u00e9s modernen t\u00e1lalt \u00e9teleik vannak, tele ragyog\u00f3 sz\u00ednekkel \u00e9s friss helyi alapanyagokkal a helyi \u00f6kol\u00f3giai farmokr\u00f3l.<\/p>\n\n\n\n<p class=\"wp-block-paragraph\">K\u00fcl\u00f6n\u00f6sen akkor aj\u00e1nlom, hogy ide gyere, amikor p\u00e1r nap ut\u00e1n \u00fagy \u00e9rzed, hogy m\u00e1r kiss\u00e9 t\u00falj\u00f3llakt\u00e1l a neh\u00e9z hotelb\u00fcf\u00e9kt\u0151l, \u00e9s a tested s\u00fcrg\u0151sen egy rendes, friss\u00edt\u0151 vitaminadagra v\u00e1gyik. Remek <strong>s\u0171r\u0171, energi\u00e1val teli smoothie-kat<\/strong> k\u00e9sz\u00edtenek itt, \u00f3ri\u00e1si friss sal\u00e1t\u00e1kat \u00e9s laktat\u00f3bb <strong>n\u00f6v\u00e9nyi hamburgereket ropog\u00f3s zseml\u00e9vel<\/strong>, amikt\u0151l eg\u00e9sz d\u00e9lut\u00e1n nem lesz neh\u00e9z az em\u00e9szt\u00e9sed.<\/p>\n\n\n\n<p class=\"wp-block-paragraph\">\ud83d\udca1 Tipp: a h\u00e1zi desszertjeik <strong>hozz\u00e1adott finom\u00edtott cukor n\u00e9lk\u00fcl<\/strong> vesz\u00e9lyesen finomak, k\u00fcl\u00f6n\u00f6sen a tartalmas <strong>raw csokol\u00e1d\u00e9tort\u00e1csk\u00e1kat<\/strong> semmik\u00e9pp ne hagyd ki a k\u00e1v\u00e9 mell\u00e9.<\/p>\n\n\n\n<figure data-wp-context=\"{&quot;imageId&quot;:&quot;6a9c45f3ed11d&quot;}\" data-wp-interactive=\"core\/image\" data-wp-key=\"6a9c45f3ed11d\" class=\"wp-block-image size-full wp-lightbox-container\"><img decoding=\"async\" width=\"1600\" height=\"2133\" data-wp-class--hide=\"state.isContentHidden\" data-wp-class--show=\"state.isContentVisible\" data-wp-init=\"callbacks.setButtonStyles\" data-wp-on--click=\"actions.showLightbox\" data-wp-on--load=\"callbacks.setButtonStyles\" data-wp-on--pointerdown=\"actions.preloadImage\" data-wp-on--pointerenter=\"actions.preloadImageWithDelay\" data-wp-on--pointerleave=\"actions.cancelPreload\" data-wp-on-window--resize=\"callbacks.setButtonStyles\" src=\"https:\/\/loudavymkrokem.cz\/wp-content\/uploads\/2026\/09\/pohodov-castaways-bistro.png\" alt=\"A k\u00e9nyelmes Castaways Bistro \u00e9s Wowzer\" class=\"wp-image-415777\" title=\"\" srcset=\"https:\/\/loudavymkrokem.cz\/wp-content\/uploads\/2026\/09\/pohodov-castaways-bistro.png 1600w, https:\/\/loudavymkrokem.cz\/wp-content\/uploads\/2026\/09\/pohodov-castaways-bistro-225x300.png 225w, https:\/\/loudavymkrokem.cz\/wp-content\/uploads\/2026\/09\/pohodov-castaways-bistro-700x933.png 700w, https:\/\/loudavymkrokem.cz\/wp-content\/uploads\/2026\/09\/pohodov-castaways-bistro-768x1024.png 768w, https:\/\/loudavymkrokem.cz\/wp-content\/uploads\/2026\/09\/pohodov-castaways-bistro-1152x1536.png 1152w, https:\/\/loudavymkrokem.cz\/wp-content\/uploads\/2026\/09\/pohodov-castaways-bistro-1536x2048.png 1536w, https:\/\/loudavymkrokem.cz\/wp-content\/uploads\/2026\/09\/pohodov-castaways-bistro-696x928.png 696w, https:\/\/loudavymkrokem.cz\/wp-content\/uploads\/2026\/09\/pohodov-castaways-bistro-1392x1856.png 1392w\" sizes=\"(max-width: 1600px) 100vw, 1600px\" \/><button\n\t\t\tclass=\"lightbox-trigger\"\n\t\t\ttype=\"button\"\n\t\t\taria-haspopup=\"dialog\"\n\t\t\tdata-wp-bind--aria-label=\"state.thisImage.triggerButtonAriaLabel\"\n\t\t\tdata-wp-init=\"callbacks.initTriggerButton\"\n\t\t\tdata-wp-on--click=\"actions.showLightbox\"\n\t\t\tdata-wp-style--right=\"state.thisImage.buttonRight\"\n\t\t\tdata-wp-style--top=\"state.thisImage.buttonTop\"\n\t\t>\n\t\t\t<svg xmlns=\"http:\/\/www.w3.org\/2000\/svg\" width=\"12\" height=\"12\" fill=\"none\" viewBox=\"0 0 12 12\">\n\t\t\t\t<path fill=\"#fff\" d=\"M2 0a2 2 0 0 0-2 2v2h1.5V2a.5.5 0 0 1 .5-.5h2V0H2Zm2 10.5H2a.5.5 0 0 1-.5-.5V8H0v2a2 2 0 0 0 2 2h2v-1.5ZM8 12v-1.5h2a.5.5 0 0 0 .5-.5V8H12v2a2 2 0 0 1-2 2H8Zm2-12a2 2 0 0 1 2 2v2h-1.5V2a.5.5 0 0 0-.5-.5H8V0h2Z\" \/>\n\t\t\t<\/svg>\n\t\t<\/button><figcaption class=\"wp-element-caption\">Foto: Castaways Bistro \/ Google Maps<\/figcaption><\/figure>\n\n\n\n<h3 class=\"wp-block-heading\"><span class=\"ez-toc-section\" id=\"17_A_kenyelmes_Castaways_Bistro_es_Wowzer\"><\/span>17. A k\u00e9nyelmes Castaways Bistro \u00e9s Wowzer<span class=\"ez-toc-section-end\"><\/span><\/h3>\n\n\n\n<p class=\"wp-block-paragraph\">Ez a csod\u00e1latos bisztr\u00f3 Los Coralesban abszol\u00fat klasszikus, amit \u0151szint\u00e9n im\u00e1dnak a turist\u00e1k \u00e9s a r\u00e9g\u00f3ta itt \u00e9l\u0151 helyi expatek egyar\u00e1nt. A <strong>Castaways Bistr\u00f3nak<\/strong> csod\u00e1latos, laza hangulata van egy \u00f3ri\u00e1si zs\u00faptet\u0151 alatt, ami sz\u00e9pen h\u0171s\u00edt, a szem\u00e9lyzet pedig hihetetlen\u00fcl bar\u00e1ts\u00e1gos \u00e9s mosolyg\u00f3s. Pont az a fajta hely, ahol egy k\u00f6nyvvel sokkal tov\u00e1bb maradsz, mint eredetileg reggel tervezt\u00e9l, mik\u00f6zben a h\u00edres jeges k\u00e1v\u00e9jukat kortyolgatod. Nagyon hasonl\u00f3 \u00e9s ugyanolyan remek koncepci\u00f3t leny\u0171g\u00f6z\u0151 reggeliv\u00e1laszt\u00e9kkal k\u00edn\u00e1l a k\u00f6zeli <strong>Wowzer Brunch &#038; Restaurant<\/strong> is.<\/p>\n\n\n\n<p class=\"wp-block-paragraph\">Remek nemzetk\u00f6zi konyh\u00e1t f\u0151znek itt k\u00f6nnyed karibi be\u00fct\u00e9ssel, \u00e9s a t\u00e1ny\u00e9ron az adagok t\u00e9nyleg nagyon b\u0151s\u00e9gesek, \u00fagyhogy \u00e1ltal\u00e1ban nem is eszed meg mindet. Kiv\u00e1l\u00f3 er\u0151s k\u00e1v\u00e9juk van, \u00e9s teljesen <strong>legend\u00e1s h\u00e9tv\u00e9gi reggeliket<\/strong> \u00e9s hossz\u00fa brunchokat k\u00e9sz\u00edtenek, amikre szezonban gyakran sorban is \u00e1llnak a bej\u00e1rat el\u0151tt.<\/p>\n\n\n\n<p class=\"wp-block-paragraph\">\ud83d\udca1 Tipp: pr\u00f3b\u00e1ld ki a t\u00f6k\u00e9letes <strong>avok\u00e1d\u00f3s pir\u00edt\u00f3sukat buggyantott toj\u00e1ssal<\/strong> \u00e9s finoman pik\u00e1ns sz\u00f3sszal, hozz\u00e1 egy h\u0171t\u00f6tt friss dzs\u00fasz, \u00e9s a lusta t\u00f6k\u00e9letes d\u00e9lel\u0151tt garant\u00e1lt.<\/p>\n\n\n\n<figure data-wp-context=\"{&quot;imageId&quot;:&quot;6a9c45f3ed69c&quot;}\" data-wp-interactive=\"core\/image\" data-wp-key=\"6a9c45f3ed69c\" class=\"wp-block-image size-full wp-lightbox-container\"><img decoding=\"async\" width=\"1600\" height=\"1250\" data-wp-class--hide=\"state.isContentHidden\" data-wp-class--show=\"state.isContentVisible\" data-wp-init=\"callbacks.setButtonStyles\" data-wp-on--click=\"actions.showLightbox\" data-wp-on--load=\"callbacks.setButtonStyles\" data-wp-on--pointerdown=\"actions.preloadImage\" data-wp-on--pointerenter=\"actions.preloadImageWithDelay\" data-wp-on--pointerleave=\"actions.cancelPreload\" data-wp-on-window--resize=\"callbacks.setButtonStyles\" src=\"https:\/\/loudavymkrokem.cz\/wp-content\/uploads\/2026\/09\/objevov-n-m-stn-ch-bezmas-ch-specialit.jpg\" alt=\"Helyi h\u00fastalan k\u00fcl\u00f6nlegess\u00e9gek felfedez\u00e9se\" class=\"wp-image-415780\" title=\"\" srcset=\"https:\/\/loudavymkrokem.cz\/wp-content\/uploads\/2026\/09\/objevov-n-m-stn-ch-bezmas-ch-specialit.jpg 1600w, https:\/\/loudavymkrokem.cz\/wp-content\/uploads\/2026\/09\/objevov-n-m-stn-ch-bezmas-ch-specialit-300x234.jpg 300w, https:\/\/loudavymkrokem.cz\/wp-content\/uploads\/2026\/09\/objevov-n-m-stn-ch-bezmas-ch-specialit-700x547.jpg 700w, https:\/\/loudavymkrokem.cz\/wp-content\/uploads\/2026\/09\/objevov-n-m-stn-ch-bezmas-ch-specialit-768x600.jpg 768w, https:\/\/loudavymkrokem.cz\/wp-content\/uploads\/2026\/09\/objevov-n-m-stn-ch-bezmas-ch-specialit-1536x1200.jpg 1536w, https:\/\/loudavymkrokem.cz\/wp-content\/uploads\/2026\/09\/objevov-n-m-stn-ch-bezmas-ch-specialit-696x544.jpg 696w, https:\/\/loudavymkrokem.cz\/wp-content\/uploads\/2026\/09\/objevov-n-m-stn-ch-bezmas-ch-specialit-1392x1088.jpg 1392w\" sizes=\"(max-width: 1600px) 100vw, 1600px\" \/><button\n\t\t\tclass=\"lightbox-trigger\"\n\t\t\ttype=\"button\"\n\t\t\taria-haspopup=\"dialog\"\n\t\t\tdata-wp-bind--aria-label=\"state.thisImage.triggerButtonAriaLabel\"\n\t\t\tdata-wp-init=\"callbacks.initTriggerButton\"\n\t\t\tdata-wp-on--click=\"actions.showLightbox\"\n\t\t\tdata-wp-style--right=\"state.thisImage.buttonRight\"\n\t\t\tdata-wp-style--top=\"state.thisImage.buttonTop\"\n\t\t>\n\t\t\t<svg xmlns=\"http:\/\/www.w3.org\/2000\/svg\" width=\"12\" height=\"12\" fill=\"none\" viewBox=\"0 0 12 12\">\n\t\t\t\t<path fill=\"#fff\" d=\"M2 0a2 2 0 0 0-2 2v2h1.5V2a.5.5 0 0 1 .5-.5h2V0H2Zm2 10.5H2a.5.5 0 0 1-.5-.5V8H0v2a2 2 0 0 0 2 2h2v-1.5ZM8 12v-1.5h2a.5.5 0 0 0 .5-.5V8H12v2a2 2 0 0 1-2 2H8Zm2-12a2 2 0 0 1 2 2v2h-1.5V2a.5.5 0 0 0-.5-.5H8V0h2Z\" \/>\n\t\t\t<\/svg>\n\t\t<\/button><figcaption class=\"wp-element-caption\">Foto: Excellence Punta Cana \/ Google Maps<\/figcaption><\/figure>\n\n\n\n<h3 class=\"wp-block-heading\"><span class=\"ez-toc-section\" id=\"18_Helyi_hustalan_kulonlegessegek_felfedezese\"><\/span>18. Helyi h\u00fastalan k\u00fcl\u00f6nlegess\u00e9gek felfedez\u00e9se<span class=\"ez-toc-section-end\"><\/span><\/h3>\n\n\n\n<p class=\"wp-block-paragraph\">B\u00e1r a hagyom\u00e1nyos dominikai konyha sokat \u00e9p\u00edt a sert\u00e9sh\u00fasra, csirk\u00e9re \u00e9s s\u00fclt halra (a helyiek f\u0151leg a s\u0171r\u0171 h\u00fasos sancoch\u00f3t vagy a s\u00fclt pescado frit\u00f3t szeretik), rengeteg remek helyi fog\u00e1st is tal\u00e1lsz, amik term\u00e9szetesen h\u00fas n\u00e9lk\u00fcliek. A legnagyobb klasszikus a mang\u00fa, ami egy finom \u00e9s nagyon laktat\u00f3 <strong>f\u0151tt z\u00f6ld ban\u00e1n (plantain) p\u00fcr\u00e9<\/strong>, amit tipikusan p\u00e1colt v\u00f6r\u00f6shagym\u00e1val eszel a reggelihez. N\u00e9ha <strong>s\u00fclt sajttal<\/strong> is t\u00e1lalj\u00e1k, ami zseni\u00e1lis kombin\u00e1ci\u00f3.<\/p>\n\n\n\n<p class=\"wp-block-paragraph\">Egy gyors eb\u00e9dhez pedig abszol\u00fat biztos befut\u00f3 az <strong>arroz con habichuelas<\/strong>, vagyis rizs v\u00f6r\u00f6sbabbal, ami a nem hivatalos nemzeti \u00e9tel, amit veget\u00e1ri\u00e1nus verzi\u00f3ban gyakorlatilag minden utcai b\u00f3d\u00e9ban vagy kisebb kif\u0151zd\u00e9ben (comedor) megkapsz. Remek k\u00f6retk\u00e9nt mindenk\u00e9pp egy\u00e9l tostonest, ami a k\u00e9tszer s\u00fct\u00f6tt ropog\u00f3s, nem \u00e9des ban\u00e1nszelet, vagy <strong>aranybarn\u00e1ra s\u00fct\u00f6tt yuc\u00e1t<\/strong>, ami j\u00e1tszva zsebre v\u00e1gja a szok\u00e1sos s\u00fclt krumplit.<\/p>\n\n\n\n<p class=\"wp-block-paragraph\">\ud83d\udca1 Tipp: a helyi <strong>karibi avok\u00e1d\u00f3k<\/strong> \u00f3ri\u00e1siak, hihetetlen\u00fcl vajasak, \u00e9s teljesen m\u00e1shogy \u00edzlenek, mint az eur\u00f3pai szupermarketekben \u00e1rultak, el\u00e9g a t\u00e1ny\u00e9ron csak egy kicsit megs\u00f3zni \u00e9s friss lime-mal meglocsolni.<\/p>\n\n\n\n<h3 class=\"wp-block-heading\"><span class=\"ez-toc-section\" id=\"19_Edes_dominikai_italok\"><\/span>19. \u00c9des dominikai italok<span class=\"ez-toc-section-end\"><\/span><\/h3>\n\n\n\n<p class=\"wp-block-paragraph\">A Dominikai K\u00f6zt\u00e1rsas\u00e1g a vil\u00e1gon nemcsak a t\u00f6lgyfahord\u00f3ban \u00e9rlelt h\u00edres n\u00e1dcukorrumot \u00e1ll\u00edtja el\u0151, hanem fantasztikus \u00e9s nagyon specifikus alkoholmentes italokat is k\u00edn\u00e1l. A forr\u00f3 napok abszol\u00fat sl\u00e1gere a <strong>morir so\u00f1ando<\/strong>, ami po\u00e9tikusan \u201e\u00e1lmodozva meghalni&#8221;-k\u00e9nt ford\u00edthat\u00f3. Ez egy hihetetlen\u00fcl friss\u00edt\u0151 kever\u00e9k friss narancsl\u00e9b\u0151l, s\u0171r\u00edtett tejb\u0151l, n\u00e1dcukorb\u00f3l \u00e9s egy csom\u00f3 j\u00e9gb\u0151l, aminek a v\u00e9geredm\u00e9nye pontosan \u00fagy \u00edzlik, mint egy olvadt tejsz\u00ednes narancsfagyi, csak \u00e9pp poh\u00e1rban.<\/p>\n\n\n\n<p class=\"wp-block-paragraph\">Az orsz\u00e1g a <strong>pr\u00e9mium kaka\u00f3 \u00e9s kiv\u00e1l\u00f3 k\u00e1v\u00e9<\/strong> termel\u00e9s\u00e9r\u0151l is h\u00edres, ami f\u0151leg a bels\u0151 hegyvid\u00e9ki ter\u00fcleteken terem. A helyi k\u00e1v\u00e9 nagyon er\u0151s, s\u00f6t\u00e9tre p\u00f6rk\u00f6lt, \u00e9s apr\u00f3 m\u0171anyag poh\u00e1rk\u00e1kb\u00f3l issz\u00e1k, \u00f3ri\u00e1si mennyis\u00e9g\u0171 cukorral. Minden sarkon megveszed a termoszos utcai \u00e1rusokt\u00f3l, \u00e9s garant\u00e1ltan felp\u00f6rget a strandon val\u00f3 rohang\u00e1l\u00e1ssal teli d\u00e9lut\u00e1n h\u00e1tral\u00e9v\u0151 r\u00e9sz\u00e9re.<\/p>\n\n\n\n<p class=\"wp-block-paragraph\">\ud83d\udca1 Tipp: a k\u00e1v\u00e9z\u00f3kban a reggelihez rendelj <strong>s\u0171r\u0171 forr\u00f3 csokol\u00e1d\u00e9t<\/strong> helyi dar\u00e1lt kaka\u00f3babb\u00f3l, ez teljesen m\u00e1s \u00edz\u00e9lm\u00e9ny, mint az instant por, amit otthonr\u00f3l megszoktunk.<\/p>\n\n\n\n<figure data-wp-context=\"{&quot;imageId&quot;:&quot;6a9c45f3ee089&quot;}\" data-wp-interactive=\"core\/image\" data-wp-key=\"6a9c45f3ee089\" class=\"wp-block-image size-full wp-lightbox-container\"><img decoding=\"async\" width=\"1600\" height=\"2133\" data-wp-class--hide=\"state.isContentHidden\" data-wp-class--show=\"state.isContentVisible\" data-wp-init=\"callbacks.setButtonStyles\" data-wp-on--click=\"actions.showLightbox\" data-wp-on--load=\"callbacks.setButtonStyles\" data-wp-on--pointerdown=\"actions.preloadImage\" data-wp-on--pointerenter=\"actions.preloadImageWithDelay\" data-wp-on--pointerleave=\"actions.cancelPreload\" data-wp-on-window--resize=\"callbacks.setButtonStyles\" src=\"https:\/\/loudavymkrokem.cz\/wp-content\/uploads\/2026\/09\/pozor-na-timeshary.jpg\" alt=\"Vigy\u00e1zz a timeshare-ekkel \u00e9s a delfinekkel\" class=\"wp-image-415783\" title=\"\" srcset=\"https:\/\/loudavymkrokem.cz\/wp-content\/uploads\/2026\/09\/pozor-na-timeshary.jpg 1600w, https:\/\/loudavymkrokem.cz\/wp-content\/uploads\/2026\/09\/pozor-na-timeshary-225x300.jpg 225w, https:\/\/loudavymkrokem.cz\/wp-content\/uploads\/2026\/09\/pozor-na-timeshary-700x933.jpg 700w, https:\/\/loudavymkrokem.cz\/wp-content\/uploads\/2026\/09\/pozor-na-timeshary-768x1024.jpg 768w, https:\/\/loudavymkrokem.cz\/wp-content\/uploads\/2026\/09\/pozor-na-timeshary-1152x1536.jpg 1152w, https:\/\/loudavymkrokem.cz\/wp-content\/uploads\/2026\/09\/pozor-na-timeshary-1536x2048.jpg 1536w, https:\/\/loudavymkrokem.cz\/wp-content\/uploads\/2026\/09\/pozor-na-timeshary-696x928.jpg 696w, https:\/\/loudavymkrokem.cz\/wp-content\/uploads\/2026\/09\/pozor-na-timeshary-1392x1856.jpg 1392w\" sizes=\"(max-width: 1600px) 100vw, 1600px\" \/><button\n\t\t\tclass=\"lightbox-trigger\"\n\t\t\ttype=\"button\"\n\t\t\taria-haspopup=\"dialog\"\n\t\t\tdata-wp-bind--aria-label=\"state.thisImage.triggerButtonAriaLabel\"\n\t\t\tdata-wp-init=\"callbacks.initTriggerButton\"\n\t\t\tdata-wp-on--click=\"actions.showLightbox\"\n\t\t\tdata-wp-style--right=\"state.thisImage.buttonRight\"\n\t\t\tdata-wp-style--top=\"state.thisImage.buttonTop\"\n\t\t>\n\t\t\t<svg xmlns=\"http:\/\/www.w3.org\/2000\/svg\" width=\"12\" height=\"12\" fill=\"none\" viewBox=\"0 0 12 12\">\n\t\t\t\t<path fill=\"#fff\" d=\"M2 0a2 2 0 0 0-2 2v2h1.5V2a.5.5 0 0 1 .5-.5h2V0H2Zm2 10.5H2a.5.5 0 0 1-.5-.5V8H0v2a2 2 0 0 0 2 2h2v-1.5ZM8 12v-1.5h2a.5.5 0 0 0 .5-.5V8H12v2a2 2 0 0 1-2 2H8Zm2-12a2 2 0 0 1 2 2v2h-1.5V2a.5.5 0 0 0-.5-.5H8V0h2Z\" \/>\n\t\t\t<\/svg>\n\t\t<\/button><figcaption class=\"wp-element-caption\">Foto: Ervin Escobar \/ Google Maps<\/figcaption><\/figure>\n\n\n\n<h3 class=\"wp-block-heading\"><span class=\"ez-toc-section\" id=\"20_Vigyazz_a_timeshare-ekkel_es_a_delfinekkel\"><\/span>20. Vigy\u00e1zz a timeshare-ekkel \u00e9s a delfinekkel<span class=\"ez-toc-section-end\"><\/span><\/h3>\n\n\n\n<p class=\"wp-block-paragraph\">A legv\u00e9g\u00e9re k\u00e9t fontos figyelmeztet\u00e9st kell hozz\u00e1tennem a p\u00e9nzt\u00e1rc\u00e1dnak \u00e9s a lelkiismeretednek is, hogy ne feleslegesen m\u00e9rgesen t\u00e1vozz a nyaral\u00e1sr\u00f3l. Ha a strandon vagy a hotellobbiban valaki a semmib\u0151l ingyenes haj\u00f3kir\u00e1ndul\u00e1st vagy \u201eVIP reggelit&#8221; k\u00edn\u00e1l ingyen egy luxushotelben, mind\u00f6ssze egy\u00f3r\u00e1nyi id\u0151d\u00e9rt cser\u00e9be, 99%-ig biztos lehetsz benne, hogy egy rendk\u00edv\u00fcl <strong>agressz\u00edv \u00e9rt\u00e9kes\u00edt\u00e9si prezent\u00e1ci\u00f3r\u00f3l<\/strong> van sz\u00f3 az <strong>\u00fagynevezett timeshare-ekre<\/strong> (nyaral\u00f3apartmanok megosztott tulajdona). Ez a tal\u00e1lkoz\u00f3 ellopja a nyaral\u00e1sod f\u00e9l napj\u00e1t \u00e9s egy csom\u00f3 idegsejtedet, mert az \u00e1rusok hihetetlen\u00fcl kitart\u00f3k tudnak lenni. Ezeket az aj\u00e1nlatokat mosolyogva, de nagyon hat\u00e1rozottan utas\u00edtsd vissza r\u00f6gt\u00f6n az elej\u00e9n.<\/p>\n\n\n\n<p class=\"wp-block-paragraph\">A m\u00e1sodik dolog pedig az \u00e1llatokkal \u00f6sszek\u00f6t\u00f6tt n\u00e9pszer\u0171 csal\u00e1di kir\u00e1ndul\u00e1sokat \u00e9rinti. Punta Can\u00e1ban rengeteg lehet\u0151s\u00e9g k\u00edn\u00e1lkozik a <strong>delfinekkel val\u00f3 \u00fasz\u00e1sra<\/strong> betonmedenc\u00e9kben \u00e9s z\u00e1rt tengeri kar\u00e1mokban, de etikai okokb\u00f3l nyugodt lelkiismerettel nem aj\u00e1nlhatom neked ezeknek a fogs\u00e1gban tart\u00f3 l\u00e9tes\u00edtm\u00e9nyeknek a l\u00e1togat\u00e1s\u00e1t. <strong>Az \u00e1llatok itt gyakran szenvednek<\/strong> a hatalmas stresszt\u0151l \u00e9s a term\u00e9szetes mozg\u00e1s \u00e9s \u00f3ce\u00e1ni vad\u00e1szat teljes hi\u00e1ny\u00e1t\u00f3l.<\/p>\n\n\n\n<p class=\"wp-block-paragraph\">\ud83d\udca1 Tipp: az id\u0151det \u00e9s a megsp\u00f3rolt p\u00e9nzedet ink\u00e1bb okosan fektesd eg\u00e9sznapos <strong>kir\u00e1ndul\u00e1sokba a nemzeti parkokba<\/strong>, ahol egy kis szerencs\u00e9vel a tengeri \u00e9l\u0151l\u00e9nyeket szabadon \u00faszk\u00e1lva figyelheted az \u00f3ce\u00e1nban, teljesen korl\u00e1toz\u00f3 ker\u00edt\u00e9sek \u00e9s betonfalak n\u00e9lk\u00fcl.<\/p>\n\n\n\n<h2 class=\"wp-block-heading\"><span class=\"ez-toc-section\" id=\"Merre_tovabb_Punta_Canabol\"><\/span>Merre tov\u00e1bb Punta Can\u00e1b\u00f3l<span class=\"ez-toc-section-end\"><\/span><\/h2>\n\n\n\n<p class=\"wp-block-paragraph\">Ahogy m\u00e1r eml\u00edtettem, a program ezen a ter\u00fcleten nagyr\u00e9szt kir\u00e1ndul\u00e1sokon \u00e9s haj\u00f3utakon kereszt\u00fcl v\u00e1s\u00e1rolhat\u00f3 meg. A legszebb term\u00e9szeti l\u00e1tv\u00e1ny nem k\u00f6zvetlen\u00fcl a hotelek mellett fekszik, hanem <strong>szervezett felfedez\u00e9sre<\/strong> kell \u00e9rt\u00fck indulnod. \u00cdme a legjobb ir\u00e1nyok, ahov\u00e1 Punta Can\u00e1b\u00f3l egy eg\u00e9sz napra elsz\u00f6khetsz:<\/p>\n\n\n\n<ul class=\"wp-block-list\">\n\n<li><strong>Isla Saona \u00e9s Bayahibe:<\/strong> ez az abszol\u00fat legt\u00f6bbet eladott kir\u00e1ndul\u00e1s, \u00e9s nincs mit csod\u00e1lkozni rajta. A Bayahibe falub\u00f3l (ahol egy\u00e9bk\u00e9nt szinte soha nincs moszat) katamar\u00e1nnal haj\u00f3zol ki a Saona-szigetre, ami a Cotubanam\u00e1 nemzeti parkban fekszik. A sziget legszebb \u00e9s legnyugodtabb r\u00e9sze a Canto de la Playa meg\u00e1ll\u00f3, ahol a homok annyira feh\u00e9r, hogy t\u00e9nyleg \u00e9get \u00e9s f\u00e1j t\u0151le a szem. A vissza\u00faton gyakran meg\u00e1llnak egy term\u00e9szetes f\u00fcrd\u0151n\u00e9l a tengeri csillagokn\u00e1l.<\/li>\n\n\n\n<li><strong>Parque Nacional Los Haitises:<\/strong> a leg\u00e9rdekesebb term\u00e9szeti kir\u00e1ndul\u00e1s azoknak, akik t\u00f6bbet akarnak l\u00e1tni, mint csak strandot \u00e9s tengert. Haj\u00f3z\u00e1s v\u00e1r a mangrov\u00e9k k\u00f6z\u00f6tt, titokzatos m\u00e9szk\u0151szigetecsk\u00e9k az \u00f6b\u00f6lben, amiken pelik\u00e1ncsapatok f\u00e9szkelnek, \u00e9s r\u00e9gi barlangok felfedez\u00e9se, ahol a tain\u00f3 indi\u00e1n \u0151slakosok j\u00f3l meg\u0151rz\u00f6tt piktogramjait l\u00e1tod. B\u00e1r eg\u00e9sznapos \u00e9s el\u00e9g megterhel\u0151 kir\u00e1ndul\u00e1s korai kel\u00e9ssel, de hat\u00e1rozottan meg\u00e9ri.<\/li>\n\n\n\n<li><strong>Isla Catalina:<\/strong> a La Romana-i kik\u00f6t\u0151b\u0151l j\u00e1rnak erre a kis szigetre, ami a k\u00f6rny\u00e9k legjobb snorkelez\u00e9s\u00e9r\u0151l h\u00edres. A helyi korallkertek tele vannak \u00e9lettel, sz\u00ednes papag\u00e1jhalakkal, a v\u00edz pedig krist\u00e1lytiszta. Az eg\u00e9sz kir\u00e1ndul\u00e1s \u00e9rezhet\u0151en nyugodtabb, mint a ny\u00fczsg\u0151bb Saon\u00e1ra tart\u00f3 partihaj\u00f3k.<\/li>\n\n\n\n<li><strong>Monta\u00f1a Redonda:<\/strong> ha haszn\u00e1lod az Instagramot, biztos l\u00e1ttad m\u00e1r itt a fot\u00f3t. Egy nagyj\u00e1b\u00f3l egy \u00f3r\u00e1nyira, \u00e9szakra fekv\u0151 dombr\u00f3l van sz\u00f3, aminek a tetej\u00e9n \u00f3ri\u00e1si hint\u00e1k vannak, amik l\u00e1tsz\u00f3lag egyenesen a szakad\u00e9k f\u00f6l\u00e9 magasodnak. A kil\u00e1t\u00e1s a z\u00f6ld t\u00e1jra \u00e9s a t\u00e1voli \u00f3ce\u00e1nra innen teljesen fenomen\u00e1lis, felfel\u00e9 pedig nyitott szafari teheraut\u00f3k visznek.<\/li>\n\n\n\n<li><strong>Altos de Chav\u00f3n:<\/strong> ez az \u00e9p\u00edt\u00e9szeti kuri\u00f3zum a Chav\u00f3n foly\u00f3 m\u00e9ly kanyonja felett egy 16. sz\u00e1zadi mediterr\u00e1n falu h\u0171 m\u00e1solata, bele\u00e9rtve a k\u0151be v\u00e1jt \u00f3ri\u00e1si amfite\u00e1trumot is. Gyakran a Saona-szigettel kombin\u00e1lt kir\u00e1ndul\u00e1sok keret\u00e9ben j\u00e1rnak ide, vagy d\u00e9lut\u00e1ni kir\u00e1ndul\u00e1sk\u00e9nt a helyi m\u0171v\u00e9szet v\u00e1s\u00e1rl\u00e1s\u00e1\u00e9rt.<\/li>\n\n\n<\/ul>\n\n\n\n<p class=\"wp-block-paragraph\">Ha \u00e9rdekel, hogyan v\u00e1laszd ki j\u00f3l a konkr\u00e9t ter\u00fcletet a hotelednek, \u00f6ssze\u00e1ll\u00edtottam neked egy <strong>r\u00e9szletes \u00fatmutat\u00f3t<\/strong>, a <a href=\"https:\/\/loudavymkrokem.cz\/?p=415603\">Hol lakj Punta Can\u00e1ban<\/a> cikket, ami seg\u00edt ebben. \u00c9s ha tervezed a sziget m\u00e1s r\u00e9szeit is bej\u00e1rni, mindenk\u00e9pp n\u00e9zd meg a <strong>nagy \u00fatikalauzunkat<\/strong>, a <a href=\"https:\/\/loudavymkrokem.cz\/hu\/dominikai-koztarsasag-nyaralas\/\">Dominikai K\u00f6zt\u00e1rsas\u00e1g: nyaral\u00e1s, 21 tipp \u00e9s mikor menj<\/a> cikket, ahol rengeteg tov\u00e1bbi inspir\u00e1ci\u00f3t \u00e9s praktikus utaz\u00e1si tan\u00e1csot tal\u00e1lsz.<\/p>\n\n\n\n<h2 class=\"wp-block-heading\"><span class=\"ez-toc-section\" id=\"Gyakran_ismetelt_kerdesek\"><\/span>Gyakran ism\u00e9telt k\u00e9rd\u00e9sek<span class=\"ez-toc-section-end\"><\/span><\/h2>\n\n\n\n<p class=\"wp-block-paragraph\">\u00cdme a <strong>leggyakoribb k\u00e9rd\u00e9sek \u00e1ttekint\u00e9se<\/strong>, amiket t\u0151letek kapok, hogy az utaz\u00e1s el\u0151tt mindenben tiszta legyen a k\u00e9p.<\/p>\n\n\n<div id=\"rank-math-faq\" class=\"rank-math-block\">\n<div class=\"rank-math-list \">\n<div id=\"faq-question-1788424060000\" class=\"rank-math-list-item\">\n<h3 class=\"rank-math-question \"><span class=\"ez-toc-section\" id=\"Kell_vizum_a_Dominikai_Koztarsasagba\"><\/span>Kell v\u00edzum a Dominikai K\u00f6zt\u00e1rsas\u00e1gba?<span class=\"ez-toc-section-end\"><\/span><\/h3>\n<div class=\"rank-math-answer \">\n\n<p>Hagyom\u00e1nyos turisztikai c\u00e9lb\u00f3l nem sz\u00fcks\u00e9ges v\u00edzum, viszont k\u00f6telez\u0151 kit\u00f6lteni az elektronikus e-Ticket \u0171rlapot, mind \u00e9rkez\u00e9skor, mind az orsz\u00e1gb\u00f3l val\u00f3 t\u00e1voz\u00e1skor. Ezt az \u0171rlapot online kell kit\u00f6lteni, teljesen ingyenes, \u00e9s egy QR-k\u00f3dot gener\u00e1l, amelyet a telefonodon mutatod meg a tisztvisel\u0151nek. A kor\u00e1bban haszn\u00e1lt turistak\u00e1rtya, amelyet 10 USD-\u00e9rt lehetett megv\u00e1s\u00e1rolni a rep\u00fcl\u0151t\u00e9ren egy speci\u00e1lis pultn\u00e1l, ma m\u00e1r automatikusan benne van a rep\u00fcl\u0151jegy \u00e1r\u00e1ban.<\/p>\n\n<\/div>\n<\/div>\n<div id=\"faq-question-1788424060001\" class=\"rank-math-list-item\">\n<h3 class=\"rank-math-question \"><span class=\"ez-toc-section\" id=\"Megeri_a_Punta_Canaban_az_all-inclusive\"><\/span>Meg\u00e9ri a Punta Can\u00e1ban az all-inclusive?<span class=\"ez-toc-section-end\"><\/span><\/h3>\n<div class=\"rank-math-answer \">\n\n<p>Ha abszol\u00fat nyugalmat keresel, nem akarsz bonyolult dolgokkal foglalkozni, \u00e9s csal\u00e1ddal utazol, akkor az all-inclusive biztosan meg\u00e9ri, \u00e9s a legnagyobb \u00e9rtelme van. R\u00e1ad\u00e1sul a sz\u00e1llod\u00e1kban \u00e1ltal\u00e1ban kiv\u00e1l\u00f3 gyermekklubokat tal\u00e1lsz. Az akt\u00edvabb utaz\u00f3k sz\u00e1m\u00e1ra azonban, akik eg\u00e9sz nap kir\u00e1ndul\u00e1sokat szeretn\u00e9nek tenni a sz\u00e1llod\u00e1n k\u00edv\u00fcl, \u00e9s este lelkesen felfedezni a helyi \u00e9ttermeket olyan ter\u00fcleteken, mint Los Corales, gyakran gazdas\u00e1gosabb csak reggelivel foglalni sz\u00e1ll\u00e1st, \u00e9s nagyobb szabads\u00e1got \u00e9lvezni.<\/p>\n\n<\/div>\n<\/div>\n<div id=\"faq-question-1788424060002\" class=\"rank-math-list-item\">\n<h3 class=\"rank-math-question \"><span class=\"ez-toc-section\" id=\"Milyen_a_biztonsag_Punta_Canaban\"><\/span>Milyen a biztons\u00e1g Punta Can\u00e1ban?<span class=\"ez-toc-section-end\"><\/span><\/h3>\n<div class=\"rank-math-answer \">\n\n<p>K\u00f6zvetlen\u00fcl az \u00fcd\u00fcl\u0151\u00f6vezetben \u00e9s a hozz\u00e1 tartoz\u00f3 strandokon a biztons\u00e1g nagyon magas szinten van, a nagy sz\u00e1llod\u00e1k er\u0151s \u00e9s \u00e9ber biztons\u00e1gi \u0151rs\u00e9ggel rendelkeznek, \u00e9s speci\u00e1lis turista rend\u0151rs\u00e9g (POLITUR) is m\u0171k\u00f6dik itt. Az \u00fatleveleidet \u00e9s \u00e9rt\u00e9keidet term\u00e9szetesen m\u00e9g mindig tartsd a sz\u00e1lloda sz\u00e9fj\u00e9ben, \u00e9s \u00e9jszaka ne menj s\u00e9t\u00e1lni az \u00fcd\u00fcl\u0151\u00f6vezeten k\u00edv\u00fcli, rosszul megvil\u00e1g\u00edtott strandokon. A f\u0151 kock\u00e1zatokat itt ugyanis nem az apr\u00f3bb b\u0171n\u00f6z\u00e9s jelenti, hanem ink\u00e1bb a f\u00fcrd\u00e9s sor\u00e1n fell\u00e9p\u0151 kisz\u00e1m\u00edthatatlan tengeri \u00e1ramlatok, a rendk\u00edv\u00fcl er\u0151s karibi nap, \u00e9s n\u00e9ha a t\u00fal\u00e1razott kir\u00e1ndul\u00e1sokat k\u00edn\u00e1l\u00f3 tolakod\u00f3 \u00e1rusok.<\/p>\n\n<\/div>\n<\/div>\n<div id=\"faq-question-1788424060003\" class=\"rank-math-list-item\">\n<h3 class=\"rank-math-question \"><span class=\"ez-toc-section\" id=\"Mukodik_Punta_Canaban_az_Uber\"><\/span>M\u0171k\u00f6dik Punta Can\u00e1ban az Uber?<span class=\"ez-toc-section-end\"><\/span><\/h3>\n<div class=\"rank-math-answer \">\n\n<p>Igen, az Uber 2020 \u00f3ta megb\u00edzhat\u00f3an m\u0171k\u00f6dik itt, \u00e9s ez egy kiv\u00e1l\u00f3, nagyon biztons\u00e1gos \u00e9s \u00e1llamilag szab\u00e1lyozott k\u00f6zleked\u00e9si m\u00f3d. Az \u00e1rakat el\u0151re sz\u00e9pen l\u00e1tod az alkalmaz\u00e1sban, \u00e9s egy r\u00f6vid utaz\u00e1s az \u00fcd\u00fcl\u0151helyek k\u00f6z\u00f6tt vagy a Downtownba k\u00f6r\u00fclbel\u00fcl 7-10 USD-ba ker\u00fcl, ami gyakran sokkal olcs\u00f3bb, mint a helyi taxisokkal val\u00f3 f\u00e1raszt\u00f3 alkudoz\u00e1s, akik a turist\u00e1kra sz\u00edvesen pr\u00f3b\u00e1lj\u00e1k r\u00e1s\u00f3zni a t\u00falz\u00f3 &#8220;rep\u00fcl\u0151t\u00e9ri&#8221; tarif\u00e1kat.<\/p>\n\n<\/div>\n<\/div>\n<div id=\"faq-question-1788424060004\" class=\"rank-math-list-item\">\n<h3 class=\"rank-math-question \"><span class=\"ez-toc-section\" id=\"Mennyibe_kerulnek_a_kirandulasok_Punta_Canabol\"><\/span>Mennyibe ker\u00fclnek a kir\u00e1ndul\u00e1sok Punta Can\u00e1b\u00f3l?<span class=\"ez-toc-section-end\"><\/span><\/h3>\n<div class=\"rank-math-answer \">\n\n<p>A kir\u00e1ndul\u00e1sok \u00e1rai \u00f3ri\u00e1si m\u00e9rt\u00e9kben v\u00e1ltoznak att\u00f3l f\u00fcgg\u0151en, hogy kit\u0151l v\u00e1s\u00e1rolod meg \u0151ket, mekkora csoporttal utazol, \u00e9s mit tartalmaz az \u00e1r (p\u00e9ld\u00e1ul eb\u00e9det vagy parkok bel\u00e9p\u0151d\u00edj\u00e1t). Mindig hiteles\u00edtett irod\u00e1kt\u00f3l v\u00e1s\u00e1rolj, ahol van irod\u00e1juk, vagy ellen\u0151rz\u00f6tt port\u00e1lokon kereszt\u00fcl v\u00e9lem\u00e9nyekkel, soha ne v\u00e9letlen strand\u00fcgyn\u00f6k\u00f6kt\u0151l, akik mindenf\u00e9le csod\u00e1t \u00edg\u00e9rnek, azt\u00e1n elt\u0171nnek az el\u0151legeddel. Az \u00e1rak a szezon folyam\u00e1n v\u00e1ltozhatnak, ez\u00e9rt mindig el\u0151re ellen\u0151rizd \u0151ket online.<\/p>\n\n<\/div>\n<\/div>\n<div id=\"faq-question-1788424060005\" class=\"rank-math-list-item\">\n<h3 class=\"rank-math-question \"><span class=\"ez-toc-section\" id=\"Ihato_a_csapviz\"><\/span>Ihat\u00f3 a csapv\u00edz?<span class=\"ez-toc-section-end\"><\/span><\/h3>\n<div class=\"rank-math-answer \">\n\n<p>Nem, a csapvizet a Dominikai K\u00f6zt\u00e1rsas\u00e1gban semmi esetre sem szabad inni, m\u00e9g a legluxusabb \u00f6tcsillagos \u00fcd\u00fcl\u0151helyeken sem arany csapokkal. Iv\u00e1sra \u00e9s a biztons\u00e1g kedv\u00e9\u00e9rt fogmos\u00e1shoz is mindig kiz\u00e1r\u00f3lag palackozott vizet haszn\u00e1lj, \u00edgy elker\u00fcl\u00f6d a felesleges gyomorprobl\u00e9m\u00e1kat. Viszont egy\u00e1ltal\u00e1n nem kell f\u00e9lned az italokban l\u00e9v\u0151 j\u00e9gt\u0151l vagy a mosott sal\u00e1t\u00e1kt\u00f3l a sz\u00e1llod\u00e1kban \u00e9s a jobb turisztikai \u00e9ttermekben, ezeket szigor\u00faan biztons\u00e1gos, iparilag tiszt\u00edtott v\u00edzb\u0151l k\u00e9sz\u00edtik.<\/p>\n\n<\/div>\n<\/div>\n<div id=\"faq-question-1788424060006\" class=\"rank-math-list-item\">\n<h3 class=\"rank-math-question \"><span class=\"ez-toc-section\" id=\"Hogyan_mukodik_az_adok_felszamitasa_az_ettermekben\"><\/span>Hogyan m\u0171k\u00f6dik az ad\u00f3k felsz\u00e1m\u00edt\u00e1sa az \u00e9ttermekben?<span class=\"ez-toc-section-end\"><\/span><\/h3>\n<div class=\"rank-math-answer \">\n\n<p>Ez az, ami kellemetlen meglepet\u00e9st okoz sok felk\u00e9sz\u00fcletlen turist\u00e1nak. A hagyom\u00e1nyos \u00e9ttermekben a befizetett all-inclusive-on k\u00edv\u00fcl az \u00e9tlapon felt\u00fcntetett \u00e1rhoz automatikusan hozz\u00e1sz\u00e1m\u00edtanak 18% ad\u00f3t (ITBIS), \u00e9s ezen fel\u00fcl m\u00e9g 10% t\u00f6rv\u00e9nyes borraval\u00f3t (propina legal). Sz\u00e1molj teh\u00e1t azzal, hogy a v\u00e9gs\u0151 sz\u00e1ml\u00e1d mindig k\u00f6zel egyharmaddal magasabb lesz, mint az \u00f6sszeg, amelyet eredetileg az \u00e9tlapb\u00f3l kisz\u00e1molt\u00e1l. R\u00e1ad\u00e1sul a legt\u00f6bb ember m\u00e9g apr\u00f3 k\u00e9szp\u00e9nzt (legjobb esetben egy\u10d3oll\u00e1rosos bankjegyeket) hagy a pinc\u00e9rnek az asztalon ezen d\u00edjon fel\u00fcl.<\/p>\n\n<\/div>\n<\/div>\n<\/div>\n<\/div>","protected":false},"excerpt":{"rendered":"<p>Gy\u00f6ny\u00f6r\u0171 strandok, rejtett dzsungel-cenot\u00e9k \u00e9s a tengeri moszat kock\u00e1zata \u2013 20 tippet \u00e9s teljes \u00fatikalauzt hozok neked egy felejthetetlen Punta Cana-i nyaral\u00e1shoz!<\/p>\n","protected":false},"author":3,"featured_media":415818,"comment_status":"open","ping_status":"open","sticky":false,"template":"","format":"standard","meta":{"_acf_changed":false,"footnotes":"","rank_math_title":"Dominikai K\u00f6zt\u00e1rsas\u00e1g Punta Cana: 20 tipp 2026-ra","rank_math_description":"Dominikai k\u00f6zt\u00e1rsas\u00e1g Punta Cana: 20 tipp, a legszebb strandok, rejtett cenot\u00e9k \u00e9s mikor menj a moszat miatt. Olvasd el, \u00e9s tervezd meg az \u00e1lomnyaral\u00e1sod!","rank_math_focus_keyword":"dominikai k\u00f6zt\u00e1rsas\u00e1g punta cana","rank_math_seo_score":""},"categories":[1818,1809,1788],"tags":[],"class_list":["post-417210","post","type-post","status-publish","format-standard","has-post-thumbnail","category-dominikai-koztarsasag","category-eszak-amerika","category-utazas"],"acf":[],"featured_image_src":"https:\/\/loudavymkrokem.cz\/wp-content\/uploads\/2026\/09\/plaz-bavaro-v-punta-cane-e1820f0d.jpg","author_info":{"display_name":"Lucie Kone\u010dn\u00e1","author_link":"https:\/\/loudavymkrokem.cz\/hu\/author\/lucie-konecna\/"},"_links":{"self":[{"href":"https:\/\/loudavymkrokem.cz\/hu\/wp-json\/wp\/v2\/posts\/417210","targetHints":{"allow":["GET"]}}],"collection":[{"href":"https:\/\/loudavymkrokem.cz\/hu\/wp-json\/wp\/v2\/posts"}],"about":[{"href":"https:\/\/loudavymkrokem.cz\/hu\/wp-json\/wp\/v2\/types\/post"}],"author":[{"embeddable":true,"href":"https:\/\/loudavymkrokem.cz\/hu\/wp-json\/wp\/v2\/users\/3"}],"replies":[{"embeddable":true,"href":"https:\/\/loudavymkrokem.cz\/hu\/wp-json\/wp\/v2\/comments?post=417210"}],"version-history":[{"count":3,"href":"https:\/\/loudavymkrokem.cz\/hu\/wp-json\/wp\/v2\/posts\/417210\/revisions"}],"predecessor-version":[{"id":417213,"href":"https:\/\/loudavymkrokem.cz\/hu\/wp-json\/wp\/v2\/posts\/417210\/revisions\/417213"}],"wp:featuredmedia":[{"embeddable":true,"href":"https:\/\/loudavymkrokem.cz\/hu\/wp-json\/wp\/v2\/media\/415818"}],"wp:attachment":[{"href":"https:\/\/loudavymkrokem.cz\/hu\/wp-json\/wp\/v2\/media?parent=417210"}],"wp:term":[{"taxonomy":"category","embeddable":true,"href":"https:\/\/loudavymkrokem.cz\/hu\/wp-json\/wp\/v2\/categories?post=417210"},{"taxonomy":"post_tag","embeddable":true,"href":"https:\/\/loudavymkrokem.cz\/hu\/wp-json\/wp\/v2\/tags?post=417210"}],"curies":[{"name":"wp","href":"https:\/\/api.w.org\/{rel}","templated":true}]}}