{"id":417207,"date":"2026-09-03T16:56:24","date_gmt":"2026-09-03T14:56:24","guid":{"rendered":"https:\/\/loudavymkrokem.cz\/malta-latnivalok-nyaralas\/"},"modified":"2026-09-05T14:13:42","modified_gmt":"2026-09-05T12:13:42","slug":"malta-latnivalok-nyaralas","status":"publish","type":"post","link":"https:\/\/loudavymkrokem.cz\/hu\/malta-latnivalok-nyaralas\/","title":{"rendered":"Nyaral\u00e1s M\u00e1lt\u00e1n: 24 tipp, mit l\u00e1ss \u00e9s csin\u00e1lj 2026-ban"},"content":{"rendered":"\n<!-- lk-tldr -->\n<div class=\"lk-tldr\" style=\"background:#f7f5f0;border-left:4px solid #c39f76;border-radius:0 10px 10px 0;padding:14px 18px;margin:0 0 26px;font-size:15px;line-height:1.65;\"><strong style=\"display:block;font-size:12px;text-transform:uppercase;letter-spacing:.06em;color:#a9885a;margin-bottom:5px;\">TL;DR<\/strong>M\u00e1lta az EU legkisebb \u00e1llama, m\u00e9gis t\u00f6bb t\u00f6rt\u00e9nelem zs\u00fafol\u00f3dik bele, mint a legt\u00f6bb nagy orsz\u00e1gba, r\u00e1ad\u00e1sul Budapestr\u0151l mind\u00f6ssze k\u00e9t \u00e9s f\u00e9l \u00f3ra alatt oda\u00e9rsz. A <strong>Valletta<\/strong> teljes eg\u00e9sz\u00e9ben szerepel az UNESCO-list\u00e1n, az <strong>Mdina<\/strong> csendes v\u00e1ros a v\u00e1rosfalak m\u00f6g\u00f6tt, a <strong>megalitikus templomok<\/strong> pedig id\u0151sebbek a piramisokn\u00e1l. A legjobb h\u00f3napok a <strong>m\u00e1jus, j\u00fanius, szeptember \u00e9s okt\u00f3ber<\/strong>, j\u00faliusban \u00e9s augusztusban 30 \u00b0C k\u00f6r\u00fcl van \u00e9s szinte alig esik, a tenger augusztusban a legmelegebb (27,8 \u00b0C), okt\u00f3berben is m\u00e9g 25 \u00b0C-os. \u26a0\ufe0f M\u00e1lt\u00e1n szinte egy\u00e1ltal\u00e1n nincsenek homokos strandok, a f\u00fcrd\u0151z\u00e9s f\u0151leg szikl\u00e1kr\u00f3l \u00e9s teraszokr\u00f3l zajlik. Az angol hivatalos nyelv, eur\u00f3val fizetsz, \u00e9s bal oldali a k\u00f6zleked\u00e9s.<\/div>\n<!-- \/lk-tldr -->\n\n\n\n<!-- lk-navbar -->\n<div class=\"lk-navbar\" style=\"margin:0 0 28px;\"><div style=\"font-size:12px;text-transform:uppercase;letter-spacing:.06em;color:#a9885a;font-weight:700;margin-bottom:9px;\">Gyors linkek<\/div><div style=\"display:flex;flex-wrap:wrap;gap:9px;\"><a href=\"#Mikor_menj_Maltara_idojaras_honaprol_honapra\" style=\"background:#c39f76;color:#fff;border:1px solid #c39f76;font-weight:700;padding:9px 15px;border-radius:22px;font-size:14px;text-decoration:none;display:inline-block;line-height:1;\">\ud83c\udf21\ufe0f Mikor menj<\/a><a href=\"#Malta_latnivaloi_24_tipp_ami_megeri_az_idodet\" style=\"background:#fff;color:#6b5a44;border:1px solid #e2d6c1;font-weight:600;padding:9px 15px;border-radius:22px;font-size:14px;text-decoration:none;display:inline-block;line-height:1;\">\ud83d\udccd 24 tipp<\/a><a href=\"#Hol_szallj_meg_Maltan_legjobb_teruletek_es_konkret_hotelek\" style=\"background:#fff;color:#6b5a44;border:1px solid #e2d6c1;font-weight:600;padding:9px 15px;border-radius:22px;font-size:14px;text-decoration:none;display:inline-block;line-height:1;\">\ud83c\udfe8 Hol lakj<\/a><a href=\"#Mit_egyel_Maltan_utmutato_vegetarianusoknak_es_masoknak\" style=\"background:#fff;color:#6b5a44;border:1px solid #e2d6c1;font-weight:600;padding:9px 15px;border-radius:22px;font-size:14px;text-decoration:none;display:inline-block;line-height:1;\">\ud83c\udf7d\ufe0f Mit egy\u00e9l<\/a><a href=\"#Kozlekedes_Maltan_buszok_komp_es_auto\" style=\"background:#fff;color:#6b5a44;border:1px solid #e2d6c1;font-weight:600;padding:9px 15px;border-radius:22px;font-size:14px;text-decoration:none;display:inline-block;line-height:1;\">\ud83d\ude8c K\u00f6zleked\u00e9s<\/a><a href=\"#Mennyibe_kerul_egy_maltai_nyaralas\" style=\"background:#fff;color:#6b5a44;border:1px solid #e2d6c1;font-weight:600;padding:9px 15px;border-radius:22px;font-size:14px;text-decoration:none;display:inline-block;line-height:1;\">\ud83d\udcb0 \u00c1rak<\/a><a href=\"#Gyakran_ismetelt_kerdesek\" style=\"background:#fff;color:#6b5a44;border:1px solid #e2d6c1;font-weight:600;padding:9px 15px;border-radius:22px;font-size:14px;text-decoration:none;display:inline-block;line-height:1;\">\u2753 GYIK<\/a><\/div><\/div>\n<!-- \/lk-navbar -->\n\n\n\n<p class=\"wp-block-paragraph\">M\u00e1lta a vil\u00e1g egyik legkisebb \u00e1llama, m\u00e9gis azt mondj\u00e1k, ekkora ter\u00fcletre t\u00f6bb eml\u00e9k \u00e9s t\u00f6rt\u00e9nelem f\u00e9r, mint a legt\u00f6bb hatalmas orsz\u00e1gba. R\u00e1ad\u00e1sul Budapestr\u0151l <strong>k\u00f6zvetlen j\u00e1rattal mind\u00f6ssze k\u00e9t \u00e9s f\u00e9l \u00f3ra alatt \u00e1trep\u00fclsz<\/strong>, \u00edgy megsp\u00f3rolod a hossz\u00fa utazgat\u00e1st, \u00e9s szinte azonnal felfedez\u00e9sbe kezdhetsz. A g\u00e9pb\u0151l kellemes melegbe l\u00e9psz ki, minden\u00fctt angol sz\u00f3t hallasz, \u00e9s r\u00f6gt\u00f6n \u00e9szreveszed, hogy az utakon bal oldali a k\u00f6zleked\u00e9s.<\/p>\n\n\n\n<p class=\"wp-block-paragraph\">Ha cs\u00e1b\u00edt egy <strong>m\u00e1ltai nyaral\u00e1s<\/strong>, j\u00f3 helyen j\u00e1rsz, mert ez a cikk tele van gyakorlati inf\u00f3kkal. R\u00e9szletes \u00fatmutat\u00f3t \u00e1ll\u00edtottam \u00f6ssze neked, amelyben egy\u00fctt vessz\u00fck v\u00e9gig <strong>M\u00e1lta l\u00e1tnival\u00f3it<\/strong>, mely helyeket ne hagyd ki semmik\u00e9pp, \u00e9s mire figyelj a tervez\u00e9sn\u00e9l. Az utaz\u00f3k az\u00e9rt dics\u00e9rik ezt a szigetcsoportot, mert hihetetlen\u00fcl soksz\u00edn\u0171: \u0151si templomok keverednek a krist\u00e1lytiszta F\u00f6ldk\u00f6zi-tengerrel.<\/p>\n\n\n\n<p class=\"wp-block-paragraph\">A k\u00f6vetkez\u0151 sorokban pontosan <strong>24 kir\u00e1ndul\u00e1s- \u00e9s programtippet<\/strong> tal\u00e1lsz, de kapsz egy r\u00e9szletes, h\u00f3napr\u00f3l h\u00f3napra bemutat\u00f3 id\u0151j\u00e1r\u00e1s-t\u00e1bl\u00e1zatot is, amely t\u00edz\u00e9ves adatokon alapul. Seg\u00edtek a strat\u00e9giai sz\u00e1ll\u00e1sv\u00e1laszt\u00e1sban, \u00e1tbesz\u00e9lj\u00fck a helyi k\u00f6zleked\u00e9st, a hozz\u00e1vet\u0151leges \u00e1rakat, \u00e9s adok p\u00e1r remek tippet a veget\u00e1ri\u00e1nusok kedv\u00e9ben j\u00e1r\u00f3 \u00e9telekre is.<\/p>\n\n\n\n<figure data-wp-context=\"{&quot;imageId&quot;:&quot;6a9c1d5739da4&quot;}\" data-wp-interactive=\"core\/image\" data-wp-key=\"6a9c1d5739da4\" class=\"wp-block-image size-full wp-lightbox-container\"><img decoding=\"async\" width=\"1500\" height=\"1000\" data-wp-class--hide=\"state.isContentHidden\" data-wp-class--show=\"state.isContentVisible\" data-wp-init=\"callbacks.setButtonStyles\" data-wp-on--click=\"actions.showLightbox\" data-wp-on--load=\"callbacks.setButtonStyles\" data-wp-on--pointerdown=\"actions.preloadImage\" data-wp-on--pointerenter=\"actions.preloadImageWithDelay\" data-wp-on--pointerleave=\"actions.cancelPreload\" data-wp-on-window--resize=\"callbacks.setButtonStyles\" src=\"https:\/\/loudavymkrokem.cz\/wp-content\/uploads\/2026\/08\/dovolena-malta-uvod.jpg\" alt=\"Sz\u00ednes erk\u00e9lyek Valletta utc\u00e1iban\" class=\"wp-image-399631\" title=\"\" srcset=\"https:\/\/loudavymkrokem.cz\/wp-content\/uploads\/2026\/08\/dovolena-malta-uvod.jpg 1500w, https:\/\/loudavymkrokem.cz\/wp-content\/uploads\/2026\/08\/dovolena-malta-uvod-300x200.jpg 300w, https:\/\/loudavymkrokem.cz\/wp-content\/uploads\/2026\/08\/dovolena-malta-uvod-700x467.jpg 700w, https:\/\/loudavymkrokem.cz\/wp-content\/uploads\/2026\/08\/dovolena-malta-uvod-768x512.jpg 768w, https:\/\/loudavymkrokem.cz\/wp-content\/uploads\/2026\/08\/dovolena-malta-uvod-696x464.jpg 696w, https:\/\/loudavymkrokem.cz\/wp-content\/uploads\/2026\/08\/dovolena-malta-uvod-1392x928.jpg 1392w\" sizes=\"(max-width: 1500px) 100vw, 1500px\" \/><button\n\t\t\tclass=\"lightbox-trigger\"\n\t\t\ttype=\"button\"\n\t\t\taria-haspopup=\"dialog\"\n\t\t\tdata-wp-bind--aria-label=\"state.thisImage.triggerButtonAriaLabel\"\n\t\t\tdata-wp-init=\"callbacks.initTriggerButton\"\n\t\t\tdata-wp-on--click=\"actions.showLightbox\"\n\t\t\tdata-wp-style--right=\"state.thisImage.buttonRight\"\n\t\t\tdata-wp-style--top=\"state.thisImage.buttonTop\"\n\t\t>\n\t\t\t<svg xmlns=\"http:\/\/www.w3.org\/2000\/svg\" width=\"12\" height=\"12\" fill=\"none\" viewBox=\"0 0 12 12\">\n\t\t\t\t<path fill=\"#fff\" d=\"M2 0a2 2 0 0 0-2 2v2h1.5V2a.5.5 0 0 1 .5-.5h2V0H2Zm2 10.5H2a.5.5 0 0 1-.5-.5V8H0v2a2 2 0 0 0 2 2h2v-1.5ZM8 12v-1.5h2a.5.5 0 0 0 .5-.5V8H12v2a2 2 0 0 1-2 2H8Zm2-12a2 2 0 0 1 2 2v2h-1.5V2a.5.5 0 0 0-.5-.5H8V0h2Z\" \/>\n\t\t\t<\/svg>\n\t\t<\/button><figcaption class=\"wp-element-caption\">Sz\u00ednes erk\u00e9lyek Valletta utc\u00e1iban (Fot\u00f3: This photo was taken by Anton Zelenov.\nPlease credit this wi \/ Wikimedia Commons, CC BY-SA 4.0)<\/figcaption><\/figure>\n\n\n\n<div id=\"ez-toc-container\" class=\"ez-toc-v2_0_87 ez-toc-wrap-left counter-hierarchy ez-toc-counter ez-toc-grey ez-toc-container-direction\">\n<div class=\"ez-toc-title-container\">\n<p class=\"ez-toc-title\" style=\"cursor:inherit\">A cikk tartalma<\/p>\n<span class=\"ez-toc-title-toggle\"><a href=\"#\" class=\"ez-toc-pull-right ez-toc-btn ez-toc-btn-xs ez-toc-btn-default ez-toc-toggle\" aria-label=\"Toggle Table of Content\"><span class=\"ez-toc-js-icon-con\"><span class=\"\"><span class=\"eztoc-hide\" style=\"display:none;\">Toggle<\/span><span class=\"ez-toc-icon-toggle-span\"><svg style=\"fill: #999;color:#999\" xmlns=\"http:\/\/www.w3.org\/2000\/svg\" class=\"list-377408\" width=\"20px\" height=\"20px\" viewBox=\"0 0 24 24\" fill=\"none\"><path d=\"M6 6H4v2h2V6zm14 0H8v2h12V6zM4 11h2v2H4v-2zm16 0H8v2h12v-2zM4 16h2v2H4v-2zm16 0H8v2h12v-2z\" fill=\"currentColor\"><\/path><\/svg><svg style=\"fill: #999;color:#999\" class=\"arrow-unsorted-368013\" xmlns=\"http:\/\/www.w3.org\/2000\/svg\" width=\"10px\" height=\"10px\" viewBox=\"0 0 24 24\" version=\"1.2\" baseProfile=\"tiny\"><path d=\"M18.2 9.3l-6.2-6.3-6.2 6.3c-.2.2-.3.4-.3.7s.1.5.3.7c.2.2.4.3.7.3h11c.3 0 .5-.1.7-.3.2-.2.3-.5.3-.7s-.1-.5-.3-.7zM5.8 14.7l6.2 6.3 6.2-6.3c.2-.2.3-.5.3-.7s-.1-.5-.3-.7c-.2-.2-.4-.3-.7-.3h-11c-.3 0-.5.1-.7.3-.2.2-.3.5-.3.7s.1.5.3.7z\"\/><\/svg><\/span><\/span><\/span><\/a><\/span><\/div>\n<nav><ul class='ez-toc-list ez-toc-list-level-1 ' ><li class='ez-toc-page-1 ez-toc-heading-level-2'><a class=\"ez-toc-link ez-toc-heading-1\" href=\"https:\/\/loudavymkrokem.cz\/hu\/malta-latnivalok-nyaralas\/#Osszefoglalas\" >\u00d6sszefoglal\u00e1s<\/a><\/li><li class='ez-toc-page-1 ez-toc-heading-level-2'><a class=\"ez-toc-link ez-toc-heading-2\" href=\"https:\/\/loudavymkrokem.cz\/hu\/malta-latnivalok-nyaralas\/#Miert_menj_Maltara_es_kinek_nem_valo\" >Mi\u00e9rt menj M\u00e1lt\u00e1ra (\u00e9s kinek nem val\u00f3)<\/a><ul class='ez-toc-list-level-3' ><li class='ez-toc-heading-level-3'><a class=\"ez-toc-link ez-toc-heading-3\" href=\"https:\/\/loudavymkrokem.cz\/hu\/malta-latnivalok-nyaralas\/#6_ok_amiert_beleszeretsz_Maltaba\" >6 ok, ami\u00e9rt beleszeretsz M\u00e1lt\u00e1ba<\/a><\/li><li class='ez-toc-page-1 ez-toc-heading-level-3'><a class=\"ez-toc-link ez-toc-heading-4\" href=\"https:\/\/loudavymkrokem.cz\/hu\/malta-latnivalok-nyaralas\/#Kinek_nem_valo_Malta\" >Kinek nem val\u00f3 M\u00e1lta<\/a><\/li><\/ul><\/li><li class='ez-toc-page-1 ez-toc-heading-level-2'><a class=\"ez-toc-link ez-toc-heading-5\" href=\"https:\/\/loudavymkrokem.cz\/hu\/malta-latnivalok-nyaralas\/#Mikor_menj_Maltara_az_idojaras_honaprol_honapra\" >Mikor menj M\u00e1lt\u00e1ra: az id\u0151j\u00e1r\u00e1s h\u00f3napr\u00f3l h\u00f3napra<\/a><ul class='ez-toc-list-level-3' ><li class='ez-toc-heading-level-3'><a class=\"ez-toc-link ez-toc-heading-6\" href=\"https:\/\/loudavymkrokem.cz\/hu\/malta-latnivalok-nyaralas\/#A_legjobb_honapok_a_nyaralas_tipusa_szerint\" >A legjobb h\u00f3napok a nyaral\u00e1s t\u00edpusa szerint<\/a><\/li><li class='ez-toc-page-1 ez-toc-heading-level-3'><a class=\"ez-toc-link ez-toc-heading-7\" href=\"https:\/\/loudavymkrokem.cz\/hu\/malta-latnivalok-nyaralas\/#Tel_Maltan_van_ertelme\" >T\u00e9l M\u00e1lt\u00e1n: van \u00e9rtelme?<\/a><\/li><\/ul><\/li><li class='ez-toc-page-1 ez-toc-heading-level-2'><a class=\"ez-toc-link ez-toc-heading-8\" href=\"https:\/\/loudavymkrokem.cz\/hu\/malta-latnivalok-nyaralas\/#Malta_latnivaloi_24_tipp_ami_megeri_az_idodet\" >M\u00e1lta l\u00e1tnival\u00f3i: 24 tipp, ami meg\u00e9ri az id\u0151det<\/a><ul class='ez-toc-list-level-3' ><li class='ez-toc-heading-level-3'><a class=\"ez-toc-link ez-toc-heading-9\" href=\"https:\/\/loudavymkrokem.cz\/hu\/malta-latnivalok-nyaralas\/#1_Valletta_az_EU_legkisebb_fovarosa\" >1. Valletta: az EU legkisebb f\u0151v\u00e1rosa<\/a><\/li><li class='ez-toc-page-1 ez-toc-heading-level-3'><a class=\"ez-toc-link ez-toc-heading-10\" href=\"https:\/\/loudavymkrokem.cz\/hu\/malta-latnivalok-nyaralas\/#2_Szent_Janos-tarsszekesegyhaz_lelegzetelallito_barokk\" >2. Szent J\u00e1nos-t\u00e1rssz\u00e9kesegyh\u00e1z: l\u00e9legzetel\u00e1ll\u00edt\u00f3 barokk<\/a><\/li><li class='ez-toc-page-1 ez-toc-heading-level-3'><a class=\"ez-toc-link ez-toc-heading-11\" href=\"https:\/\/loudavymkrokem.cz\/hu\/malta-latnivalok-nyaralas\/#3_Upper_Barrakka_Gardens_es_a_deli_agyuloves\" >3. Upper Barrakka Gardens \u00e9s a d\u00e9li \u00e1gy\u00fal\u00f6v\u00e9s<\/a><\/li><li class='ez-toc-page-1 ez-toc-heading-level-3'><a class=\"ez-toc-link ez-toc-heading-12\" href=\"https:\/\/loudavymkrokem.cz\/hu\/malta-latnivalok-nyaralas\/#4_Grand_Harbour_a_termeszetes_kikoto_amely_megvaltoztatta_a_tortenelmet\" >4. Grand Harbour: a term\u00e9szetes kik\u00f6t\u0151, amely megv\u00e1ltoztatta a t\u00f6rt\u00e9nelmet<\/a><\/li><li class='ez-toc-page-1 ez-toc-heading-level-3'><a class=\"ez-toc-link ez-toc-heading-13\" href=\"https:\/\/loudavymkrokem.cz\/hu\/malta-latnivalok-nyaralas\/#5_Harom_Varos_Vittoriosa_Senglea_es_Cospicua\" >5. H\u00e1rom V\u00e1ros: Vittoriosa, Senglea \u00e9s Cospicua<\/a><\/li><li class='ez-toc-page-1 ez-toc-heading-level-3'><a class=\"ez-toc-link ez-toc-heading-14\" href=\"https:\/\/loudavymkrokem.cz\/hu\/malta-latnivalok-nyaralas\/#6_Sliema_es_St_Julians_promenad_bevasarlas_es_ejszakai_elet\" >6. Sliema \u00e9s St Julian&#8217;s: promen\u00e1d, bev\u00e1s\u00e1rl\u00e1s \u00e9s \u00e9jszakai \u00e9let<\/a><\/li><li class='ez-toc-page-1 ez-toc-heading-level-3'><a class=\"ez-toc-link ez-toc-heading-15\" href=\"https:\/\/loudavymkrokem.cz\/hu\/malta-latnivalok-nyaralas\/#7_Mdina_a_csendes_varos_a_falak_mogott\" >7. Mdina: a csendes v\u00e1ros a falak m\u00f6g\u00f6tt<\/a><\/li><li class='ez-toc-page-1 ez-toc-heading-level-3'><a class=\"ez-toc-link ez-toc-heading-16\" href=\"https:\/\/loudavymkrokem.cz\/hu\/malta-latnivalok-nyaralas\/#8_Rabat_es_a_Szent_Pal-katakombak\" >8. Rabat \u00e9s a Szent P\u00e1l-katakomb\u00e1k<\/a><\/li><li class='ez-toc-page-1 ez-toc-heading-level-3'><a class=\"ez-toc-link ez-toc-heading-17\" href=\"https:\/\/loudavymkrokem.cz\/hu\/malta-latnivalok-nyaralas\/#9_A_mostai_rotunda_es_a_bomba_tortenete\" >9. A mostai rotunda \u00e9s a bomba t\u00f6rt\u00e9nete<\/a><\/li><li class='ez-toc-page-1 ez-toc-heading-level-3'><a class=\"ez-toc-link ez-toc-heading-18\" href=\"https:\/\/loudavymkrokem.cz\/hu\/malta-latnivalok-nyaralas\/#10_Dingli_Cliffs_sziklak_a_nyugati_part_folott\" >10. Dingli Cliffs: szikl\u00e1k a nyugati part f\u00f6l\u00f6tt<\/a><\/li><li class='ez-toc-page-1 ez-toc-heading-level-3'><a class=\"ez-toc-link ez-toc-heading-19\" href=\"https:\/\/loudavymkrokem.cz\/hu\/malta-latnivalok-nyaralas\/#11_Mosta_Naxxar_es_a_Palazzo_Parisio\" >11. Mosta, Naxxar \u00e9s a Palazzo Parisio<\/a><\/li><li class='ez-toc-page-1 ez-toc-heading-level-3'><a class=\"ez-toc-link ez-toc-heading-20\" href=\"https:\/\/loudavymkrokem.cz\/hu\/malta-latnivalok-nyaralas\/#12_Ta_Qali_es_a_kezmuves_falu\" >12. Ta&#8217; Qali \u00e9s a k\u00e9zm\u0171ves falu<\/a><\/li><li class='ez-toc-page-1 ez-toc-heading-level-3'><a class=\"ez-toc-link ez-toc-heading-21\" href=\"https:\/\/loudavymkrokem.cz\/hu\/malta-latnivalok-nyaralas\/#13_Marsaxlokk_halaszfalu_szines_csonakokkal\" >13. Marsaxlokk: hal\u00e1szfalu sz\u00ednes cs\u00f3nakokkal<\/a><\/li><li class='ez-toc-page-1 ez-toc-heading-level-3'><a class=\"ez-toc-link ez-toc-heading-22\" href=\"https:\/\/loudavymkrokem.cz\/hu\/malta-latnivalok-nyaralas\/#14_Kek-barlang_Blue_Grotto\" >14. K\u00e9k-barlang (Blue Grotto)<\/a><\/li><li class='ez-toc-page-1 ez-toc-heading-level-3'><a class=\"ez-toc-link ez-toc-heading-23\" href=\"https:\/\/loudavymkrokem.cz\/hu\/malta-latnivalok-nyaralas\/#15_Hagar_Qim_es_Mnajdra_templomok_amelyek_idosebbek_a_piramisoknal\" >15. \u0126a\u0121ar Qim \u00e9s Mnajdra: templomok, amelyek id\u0151sebbek a piramisokn\u00e1l<\/a><\/li><li class='ez-toc-page-1 ez-toc-heading-level-3'><a class=\"ez-toc-link ez-toc-heading-24\" href=\"https:\/\/loudavymkrokem.cz\/hu\/malta-latnivalok-nyaralas\/#16_St_Peters_Pool_termeszetes_medence_a_sziklaban\" >16. St Peter&#8217;s Pool: term\u00e9szetes medence a szikl\u00e1ban<\/a><\/li><li class='ez-toc-page-1 ez-toc-heading-level-3'><a class=\"ez-toc-link ez-toc-heading-25\" href=\"https:\/\/loudavymkrokem.cz\/hu\/malta-latnivalok-nyaralas\/#17_Hypogeum_Hal_Saflieniben\" >17. Hypogeum \u0126al Saflieniben<\/a><\/li><li class='ez-toc-page-1 ez-toc-heading-level-3'><a class=\"ez-toc-link ez-toc-heading-26\" href=\"https:\/\/loudavymkrokem.cz\/hu\/malta-latnivalok-nyaralas\/#18_Kek_Laguna_Cominon\" >18. K\u00e9k Lag\u00fana Comin\u00f3n<\/a><\/li><li class='ez-toc-page-1 ez-toc-heading-level-3'><a class=\"ez-toc-link ez-toc-heading-27\" href=\"https:\/\/loudavymkrokem.cz\/hu\/malta-latnivalok-nyaralas\/#19_Victoria_es_a_Citadella\" >19. Victoria \u00e9s a Citadella<\/a><\/li><li class='ez-toc-page-1 ez-toc-heading-level-3'><a class=\"ez-toc-link ez-toc-heading-28\" href=\"https:\/\/loudavymkrokem.cz\/hu\/malta-latnivalok-nyaralas\/#20_Dwejra_es_a_Belso-tenger\" >20. Dwejra \u00e9s a Bels\u0151-tenger<\/a><\/li><li class='ez-toc-page-1 ez-toc-heading-level-3'><a class=\"ez-toc-link ez-toc-heading-29\" href=\"https:\/\/loudavymkrokem.cz\/hu\/malta-latnivalok-nyaralas\/#21_Ramla_Bay_a_szigetcsoport_legszebb_homokos_strandja\" >21. Ramla Bay: a szigetcsoport legszebb homokos strandja<\/a><\/li><li class='ez-toc-page-1 ez-toc-heading-level-3'><a class=\"ez-toc-link ez-toc-heading-30\" href=\"https:\/\/loudavymkrokem.cz\/hu\/malta-latnivalok-nyaralas\/#22_Ggantija_a_vilag_legregebbi_szabadon_allo_epitmenyei\" >22. \u0120gantija: a vil\u00e1g legr\u00e9gebbi szabadon \u00e1ll\u00f3 \u00e9p\u00edtm\u00e9nyei<\/a><\/li><li class='ez-toc-page-1 ez-toc-heading-level-3'><a class=\"ez-toc-link ez-toc-heading-31\" href=\"https:\/\/loudavymkrokem.cz\/hu\/malta-latnivalok-nyaralas\/#23_Xlendi_es_Marsalforn\" >23. Xlendi \u00e9s Marsalforn<\/a><\/li><li class='ez-toc-page-1 ez-toc-heading-level-3'><a class=\"ez-toc-link ez-toc-heading-32\" href=\"https:\/\/loudavymkrokem.cz\/hu\/malta-latnivalok-nyaralas\/#24_Legszebb_strandok_Golden_Bay_Ghajn_Tuffieha_es_Mellieha_Bay\" >24. Legszebb strandok: Golden Bay, G\u0127ajn Tuffie\u0127a \u00e9s Mellie\u0127a Bay<\/a><\/li><\/ul><\/li><li class='ez-toc-page-1 ez-toc-heading-level-2'><a class=\"ez-toc-link ez-toc-heading-33\" href=\"https:\/\/loudavymkrokem.cz\/hu\/malta-latnivalok-nyaralas\/#Hol_szallj_meg_Maltan_a_legjobb_teruletek_es_konkret_hotelek\" >Hol sz\u00e1llj meg M\u00e1lt\u00e1n: a legjobb ter\u00fcletek \u00e9s konkr\u00e9t hotelek<\/a><ul class='ez-toc-list-level-3' ><li class='ez-toc-heading-level-3'><a class=\"ez-toc-link ez-toc-heading-34\" href=\"https:\/\/loudavymkrokem.cz\/hu\/malta-latnivalok-nyaralas\/#Melyik_teruletet_valaszd\" >Melyik ter\u00fcletet v\u00e1laszd<\/a><\/li><li class='ez-toc-page-1 ez-toc-heading-level-3'><a class=\"ez-toc-link ez-toc-heading-35\" href=\"https:\/\/loudavymkrokem.cz\/hu\/malta-latnivalok-nyaralas\/#Konkret_szallastippek\" >Konkr\u00e9t sz\u00e1ll\u00e1stippek<\/a><\/li><\/ul><\/li><li class='ez-toc-page-1 ez-toc-heading-level-2'><a class=\"ez-toc-link ez-toc-heading-36\" href=\"https:\/\/loudavymkrokem.cz\/hu\/malta-latnivalok-nyaralas\/#Mit_egyel_Maltan_utmutato_vegetarianusoknak_es_masoknak\" >Mit egy\u00e9l M\u00e1lt\u00e1n: \u00fatmutat\u00f3 veget\u00e1ri\u00e1nusoknak \u00e9s m\u00e1soknak<\/a><\/li><li class='ez-toc-page-1 ez-toc-heading-level-2'><a class=\"ez-toc-link ez-toc-heading-37\" href=\"https:\/\/loudavymkrokem.cz\/hu\/malta-latnivalok-nyaralas\/#Kozlekedes_Maltan_buszok_komp_es_auto\" >K\u00f6zleked\u00e9s M\u00e1lt\u00e1n: buszok, komp \u00e9s aut\u00f3<\/a><ul class='ez-toc-list-level-3' ><li class='ez-toc-heading-level-3'><a class=\"ez-toc-link ez-toc-heading-38\" href=\"https:\/\/loudavymkrokem.cz\/hu\/malta-latnivalok-nyaralas\/#Tallinja_buszok\" >Tallinja buszok<\/a><\/li><li class='ez-toc-page-1 ez-toc-heading-level-3'><a class=\"ez-toc-link ez-toc-heading-39\" href=\"https:\/\/loudavymkrokem.cz\/hu\/malta-latnivalok-nyaralas\/#Komp_Gozora_es_Cominora\" >Komp Goz\u00f3ra \u00e9s Comin\u00f3ra<\/a><\/li><li class='ez-toc-page-1 ez-toc-heading-level-3'><a class=\"ez-toc-link ez-toc-heading-40\" href=\"https:\/\/loudavymkrokem.cz\/hu\/malta-latnivalok-nyaralas\/#Berelj_autot_vagy_sem\" >B\u00e9relj aut\u00f3t, vagy sem?<\/a><\/li><\/ul><\/li><li class='ez-toc-page-1 ez-toc-heading-level-2'><a class=\"ez-toc-link ez-toc-heading-41\" href=\"https:\/\/loudavymkrokem.cz\/hu\/malta-latnivalok-nyaralas\/#Mennyibe_kerul_egy_maltai_nyaralas\" >Mennyibe ker\u00fcl egy m\u00e1ltai nyaral\u00e1s<\/a><\/li><li class='ez-toc-page-1 ez-toc-heading-level-2'><a class=\"ez-toc-link ez-toc-heading-42\" href=\"https:\/\/loudavymkrokem.cz\/hu\/malta-latnivalok-nyaralas\/#Mire_figyelj_Maltan\" >Mire figyelj M\u00e1lt\u00e1n<\/a><\/li><li class='ez-toc-page-1 ez-toc-heading-level-2'><a class=\"ez-toc-link ez-toc-heading-43\" href=\"https:\/\/loudavymkrokem.cz\/hu\/malta-latnivalok-nyaralas\/#Malta_gyerekekkel\" >M\u00e1lta gyerekekkel<\/a><\/li><li class='ez-toc-page-1 ez-toc-heading-level-2'><a class=\"ez-toc-link ez-toc-heading-44\" href=\"https:\/\/loudavymkrokem.cz\/hu\/malta-latnivalok-nyaralas\/#Hova_tovabb_tovabbi_tippek_tengerparti_nyaralasra\" >Hov\u00e1 tov\u00e1bb: tov\u00e1bbi tippek tengerparti nyaral\u00e1sra<\/a><\/li><li class='ez-toc-page-1 ez-toc-heading-level-2'><a class=\"ez-toc-link ez-toc-heading-45\" href=\"https:\/\/loudavymkrokem.cz\/hu\/malta-latnivalok-nyaralas\/#Gyakran_ismetelt_kerdesek\" >Gyakran ism\u00e9telt k\u00e9rd\u00e9sek<\/a><ul class='ez-toc-list-level-3' ><li class='ez-toc-heading-level-3'><a class=\"ez-toc-link ez-toc-heading-46\" href=\"https:\/\/loudavymkrokem.cz\/hu\/malta-latnivalok-nyaralas\/#Mikor_a_legjobb_Maltara_utazni\" >Mikor a legjobb M\u00e1lt\u00e1ra utazni?<\/a><\/li><li class='ez-toc-page-1 ez-toc-heading-level-3'><a class=\"ez-toc-link ez-toc-heading-47\" href=\"https:\/\/loudavymkrokem.cz\/hu\/malta-latnivalok-nyaralas\/#Mennyi_idore_van_szukseg_Maltan\" >Mennyi id\u0151re van sz\u00fcks\u00e9g M\u00e1lt\u00e1n?<\/a><\/li><li class='ez-toc-page-1 ez-toc-heading-level-3'><a class=\"ez-toc-link ez-toc-heading-48\" href=\"https:\/\/loudavymkrokem.cz\/hu\/malta-latnivalok-nyaralas\/#Lehet_Maltan_furodni_ha_nincsenek_homokos_strandjai\" >Lehet M\u00e1lt\u00e1n f\u00fcr\u00f6dni, ha nincsenek homokos strandjai?<\/a><\/li><li class='ez-toc-page-1 ez-toc-heading-level-3'><a class=\"ez-toc-link ez-toc-heading-49\" href=\"https:\/\/loudavymkrokem.cz\/hu\/malta-latnivalok-nyaralas\/#Megertetem_magam_angolul_Maltan\" >Meg\u00e9rtetem magam angolul M\u00e1lt\u00e1n?<\/a><\/li><li class='ez-toc-page-1 ez-toc-heading-level-3'><a class=\"ez-toc-link ez-toc-heading-50\" href=\"https:\/\/loudavymkrokem.cz\/hu\/malta-latnivalok-nyaralas\/#Szuksegem_van_autora_Maltan\" >Sz\u00fcks\u00e9gem van aut\u00f3ra M\u00e1lt\u00e1n?<\/a><\/li><li class='ez-toc-page-1 ez-toc-heading-level-3'><a class=\"ez-toc-link ez-toc-heading-51\" href=\"https:\/\/loudavymkrokem.cz\/hu\/malta-latnivalok-nyaralas\/#Draga_Malta\" >Dr\u00e1ga M\u00e1lta?<\/a><\/li><li class='ez-toc-page-1 ez-toc-heading-level-3'><a class=\"ez-toc-link ez-toc-heading-52\" href=\"https:\/\/loudavymkrokem.cz\/hu\/malta-latnivalok-nyaralas\/#Megeri_Gozon_aludni\" >Meg\u00e9ri Goz\u00f3n aludni?<\/a><\/li><li class='ez-toc-page-1 ez-toc-heading-level-3'><a class=\"ez-toc-link ez-toc-heading-53\" href=\"https:\/\/loudavymkrokem.cz\/hu\/malta-latnivalok-nyaralas\/#Biztonsagos_Malta\" >Biztons\u00e1gos M\u00e1lta?<\/a><\/li><\/ul><\/li><\/ul><\/nav><\/div>\n<h2 id=\"Osszefoglalas\" class=\"wp-block-heading\"><span class=\"ez-toc-section\" id=\"Osszefoglalas\"><\/span>\u00d6sszefoglal\u00e1s<span class=\"ez-toc-section-end\"><\/span><\/h2>\n\n\n\n<ul class=\"wp-block-list\">\n<li><strong>M\u00e1lta, Gozo \u00e9s Comino<\/strong> ennek a kis szigetcsoportnak a h\u00e1rom lakott szigete, \u00e9s mindegyiknek teljesen m\u00e1s a hangulata.<\/li>\n\n\n\n<li>A <strong>Valletta<\/strong> az Eur\u00f3pai Uni\u00f3 legkisebb f\u0151v\u00e1rosa, teljes t\u00f6rt\u00e9nelmi k\u00f6zpontja pedig b\u00fcszk\u00e9n szerepel az UNESCO vil\u00e1g\u00f6r\u00f6ks\u00e9gi list\u00e1j\u00e1n.<\/li>\n\n\n\n<li>A <strong>legjobb h\u00f3napok a l\u00e1togat\u00e1sra<\/strong> a t\u00f6rt\u00e9nelmi kl\u00edmaadatok szerint a m\u00e1jus, j\u00fanius, szeptember \u00e9s okt\u00f3ber.<\/li>\n\n\n\n<li><strong>J\u00faliusban \u00e9s augusztusban<\/strong> nagy a h\u0151s\u00e9g (a h\u0151m\u00e9rs\u00e9klet 30,2 \u00e9s 30,3 \u00b0C-ra k\u00faszik) \u00e9s szinte alig esik, csapad\u00e9k csak 0,3 \u00e9s 1,4 napon fordul el\u0151 havonta.<\/li>\n\n\n\n<li>A <strong>tenger augusztusban a legmelegebb<\/strong>, ekkor el\u00e9ri a 27,8 \u00b0C-ot, s\u0151t okt\u00f3berben is nagyon kellemes 25,0 \u00b0C-os marad.<\/li>\n\n\n\n<li><strong>Homokos strandot<\/strong> nem sokat tal\u00e1lsz M\u00e1lt\u00e1n, a f\u00fcrd\u0151z\u00e9s f\u0151leg k\u00f6ves teraszokr\u00f3l \u00e9s szikl\u00e1s partokr\u00f3l zajlik.<\/li>\n\n\n\n<li>A <strong>hivatalos nyelv az angol<\/strong>, itt eur\u00f3val fizetsz (az \u00e1rfolyam nagyj\u00e1b\u00f3l 400 Ft egy eur\u00f3\u00e9rt), az utakon viszont bal oldalon vezetnek.<\/li>\n\n\n\n<li>A <strong>comin\u00f3i K\u00e9k Lag\u00fana<\/strong> l\u00e1tv\u00e1nyra teljesen elk\u00e9peszt\u0151, a ny\u00e1ri szezonban viszont sajnos rendk\u00edv\u00fcl zs\u00fafolt a turist\u00e1kt\u00f3l.<\/li>\n<\/ul>\n\n\n\n<h2 id=\"Miert_menj_Maltara_es_kinek_nem_valo\" class=\"wp-block-heading\"><span class=\"ez-toc-section\" id=\"Miert_menj_Maltara_es_kinek_nem_valo\"><\/span>Mi\u00e9rt menj M\u00e1lt\u00e1ra (\u00e9s kinek nem val\u00f3)<span class=\"ez-toc-section-end\"><\/span><\/h2>\n\n\n\n<p class=\"wp-block-paragraph\">A k\u00f6vetkez\u0151 \u00fati c\u00e9l kiv\u00e1laszt\u00e1sa n\u00e9ha bizony kem\u00e9ny di\u00f3, f\u0151leg mert minden orsz\u00e1gnak megvan a maga saj\u00e1toss\u00e1ga \u00e9s m\u00e1s-m\u00e1s dologgal cs\u00e1b\u00edt. N\u00e9zz\u00fck meg, miben brill\u00edrozik igaz\u00e1n ez a szigetorsz\u00e1g, \u00e9s kinek nem biztos, hogy bej\u00f6n egy <strong>m\u00e1ltai nyaral\u00e1s<\/strong>. \u00c1ll\u00edt\u00f3lag olyan hely ez, amit vagy azonnal megszeretsz, vagy gyorsan r\u00e1j\u00f6ssz, hogy te eg\u00e9szen m\u00e1sfajta pihen\u00e9st szeretsz.<\/p>\n\n\n\n<h3 id=\"6_ok_amiert_beleszeretsz_Maltaba\" class=\"wp-block-heading\"><span class=\"ez-toc-section\" id=\"6_ok_amiert_beleszeretsz_Maltaba\"><\/span>6 ok, ami\u00e9rt beleszeretsz M\u00e1lt\u00e1ba<span class=\"ez-toc-section-end\"><\/span><\/h3>\n\n\n\n<p class=\"wp-block-paragraph\"><strong>T\u00f6rt\u00e9nelem minden sarkon.<\/strong> Leny\u0171g\u00f6z\u0151 megalitikus templomokat tal\u00e1lsz itt, amelyek bizony\u00edtottan id\u0151sebbek az egyiptomi piramisokn\u00e1l, hatalmas er\u0151d\u00f6ket a johannita lovagok idej\u00e9b\u0151l, \u00e9s a m\u00e1sodik vil\u00e1gh\u00e1bor\u00fa leny\u0171g\u00f6z\u0151 eml\u00e9keit is. Ha szereted felfedezni a sz\u0171k utc\u00e1kat \u00e9s a t\u00f6rt\u00e9nelmi eml\u00e9keket, itt egy hatalmas szabadt\u00e9ri m\u00fazeumban fogod \u00e9rezni magad.<\/p>\n\n\n\n<p class=\"wp-block-paragraph\"><strong>Angol \u00e9s nulla nyelvi akad\u00e1ly.<\/strong> Mivel az angol az egyik a k\u00e9t hivatalos nyelv k\u00f6z\u00fcl, minden\u00fctt sz\u00f3t \u00e9rtesz, a kis boltokt\u00f3l a f\u00e9lrees\u0151 falvakig. \u00cdgy elmarad a klasszikus nyaral\u00f3s stressz, amikor sz\u00f3t\u00e1rral a k\u00e9zben mutogatsz \u2014 amit rengeteg utaz\u00f3 nagyra \u00e9rt\u00e9kel.<\/p>\n\n\n\n<p class=\"wp-block-paragraph\"><strong>T\u00e9nyleg kicsi t\u00e1vols\u00e1gok.<\/strong> A teljes f\u0151szigetet aut\u00f3val nyugodtan bej\u00e1rod ak\u00e1r egy \u00f3ra alatt is, \u00edgy v\u00e9gig lakhatsz egyetlen helyen, \u00e9s onnan indulhatsz csillagt\u00far\u00e1kra. Nem kell folyton csomagolnod \u00e9s hotelr\u0151l hotelre k\u00f6lt\u00f6zn\u00f6d, ami rengeteg dr\u00e1ga energi\u00e1t \u00e9s id\u0151t sp\u00f3rol meg.<\/p>\n\n\n\n<p class=\"wp-block-paragraph\"><strong>Eur\u00f3pa leghosszabb f\u00fcrd\u0151szezonja.<\/strong> M\u00edg m\u00e1shol a F\u00f6ldk\u00f6zi-tenger partj\u00e1n okt\u00f3berben m\u00e1r el\u0151ker\u00fclnek a pul\u00f3verek, itt a statisztik\u00e1k szerint az emberek m\u00e9g ilyenkor is sim\u00e1n f\u00fcrdenek a tengerben. Ide\u00e1lis v\u00e1laszt\u00e1s azoknak, akik a nyarat k\u00e9s\u0151 \u0151szig szeretn\u00e9k meghosszabb\u00edtani \u00e9s s\u00fctk\u00e9rezni a napon.<\/p>\n\n\n\n<p class=\"wp-block-paragraph\"><strong>Krist\u00e1lytiszta v\u00edz \u00e9s remek snorkelez\u00e9s.<\/strong> A szikl\u00e1s partnak egy \u00f3ri\u00e1si el\u0151nye van: a v\u00edz teljesen tiszta, mert nem kavarodik fel folyton a homok. A v\u00e9lem\u00e9nyek szerint M\u00e1lta eg\u00e9sz Eur\u00f3pa egyik legjobb felt\u00e9tel\u00e9t k\u00edn\u00e1lja a b\u00fav\u00e1rkod\u00e1shoz \u00e9s a v\u00edz alatti vil\u00e1g felfedez\u00e9s\u00e9hez.<\/p>\n\n\n\n<p class=\"wp-block-paragraph\"><strong>El\u00e9rhet\u0151s\u00e9g \u00e9s bar\u00e1ts\u00e1gos \u00e1rak.<\/strong> A n\u00e9pszer\u0171 Olaszorsz\u00e1ghoz vagy Franciaorsz\u00e1ghoz k\u00e9pest a rep\u00fcl\u0151jegy, a k\u00f6zleked\u00e9s \u00e9s az \u00e9tkez\u00e9s is valamivel bar\u00e1ts\u00e1gosabb, r\u00e1ad\u00e1sul a szolg\u00e1ltat\u00e1sok magas sz\u00ednvonal\u00faak. A KM Malta Airlines k\u00f6zvetlen j\u00e1rata Budapestr\u0151l nagyj\u00e1b\u00f3l k\u00e9t \u00e9s f\u00e9l \u00f3r\u00e1t tart, \u00edgy gyorsan oda\u00e9rsz, \u00e9s nem t\u00f6lt\u00f6d az eg\u00e9sz napot \u00faton.<\/p>\n\n\n\n<h3 id=\"Kinek_nem_valo_Malta\" class=\"wp-block-heading\"><span class=\"ez-toc-section\" id=\"Kinek_nem_valo_Malta\"><\/span>Kinek nem val\u00f3 M\u00e1lta<span class=\"ez-toc-section-end\"><\/span><\/h3>\n\n\n\n<p class=\"wp-block-paragraph\">B\u00e1r a fot\u00f3k alapj\u00e1n maga a paradicsom, ez a k\u00f6ves sziget nem mindenkinek ide\u00e1lis v\u00e1laszt\u00e1s. Ink\u00e1bb gondolj \u00e1t egy eg\u00e9szen m\u00e1s \u00fati c\u00e9lt, ha az al\u00e1bbi kateg\u00f3ri\u00e1k egyik\u00e9be tartozol. \u263a\ufe0f<\/p>\n\n\n\n<ul class=\"wp-block-list\">\n<li>Hossz\u00fa <strong>homokos strandokat<\/strong> keresel, mert azokb\u00f3l itt t\u00e9nyleg alig van, csak a part t\u00f6red\u00e9k\u00e9t teszik ki.<\/li>\n\n\n\n<li>Ut\u00e1lod a t\u00f6meget, hiszen M\u00e1lta <strong>az Eur\u00f3pai Uni\u00f3 legs\u0171r\u0171bben lakott orsz\u00e1ga<\/strong>, \u00e9s szezonban ez bizony er\u0151sen \u00e9rz\u0151dik.<\/li>\n\n\n\n<li>A <strong>vadreg\u00e9nyes term\u00e9szet\u00e9rt \u00e9s m\u00e9ly erd\u0151k\u00e9rt<\/strong> utazn\u00e1l, mert ilyet itt egy\u00e1ltal\u00e1n nem tal\u00e1lsz.<\/li>\n\n\n\n<li><strong>Augusztusra tervezel nyaral\u00e1st, \u00e9s rosszul viseled a h\u0151s\u00e9get<\/strong>, mert a ny\u00e1ri h\u0151m\u00e9rs\u00e9klet itt t\u00e9nyleg k\u00f6ny\u00f6rtelen tud lenni.<\/li>\n\n\n\n<li>Teljes csendre \u00e9s nyugalomra v\u00e1gysz, \u00e9s v\u00e9letlen\u00fcl a <strong>St Julian&#8217;s negyedbe foglalsz sz\u00e1ll\u00e1st, ami a sziget f\u0151 buliz\u00f3n\u00e1ja<\/strong>.<\/li>\n<\/ul>\n\n\n\n<h2 id=\"Mikor_menj_Maltara_idojaras_honaprol_honapra\" class=\"wp-block-heading\"><span class=\"ez-toc-section\" id=\"Mikor_menj_Maltara_az_idojaras_honaprol_honapra\"><\/span>Mikor menj M\u00e1lt\u00e1ra: az id\u0151j\u00e1r\u00e1s h\u00f3napr\u00f3l h\u00f3napra<span class=\"ez-toc-section-end\"><\/span><\/h2>\n\n\n\n<p class=\"wp-block-paragraph\">A j\u00f3 id\u0151z\u00edt\u00e9s kulcsfontoss\u00e1g\u00fa egy sikeres \u00fathoz, ez\u00e9rt r\u00e9szletesen megn\u00e9zz\u00fck a pontos sz\u00e1mokat. A k\u00f6vetkez\u0151 adatok nem holmi durva becsl\u00e9sek, hanem <strong>a 2015 \u00e9s 2024 k\u00f6z\u00f6tti \u00e9vek t\u00edz\u00e9ves \u00e1tlagai<\/strong>, amelyeket a fejlett ERA5 kl\u00edmareanal\u00edzisb\u0151l nyert\u00fcnk.<\/p>\n\n\n\n<p class=\"wp-block-paragraph\">A tenger h\u0151m\u00e9rs\u00e9klet\u00e9re vonatkoz\u00f3 adatok pedig pontosan a <strong>2019 \u00e9s 2024 k\u00f6z\u00f6tti<\/strong> tengeri modellb\u0151l sz\u00e1rmaznak. Ennek k\u00f6sz\u00f6nhet\u0151en teljesen tiszta k\u00e9pet kapsz arr\u00f3l, milyen k\u00f6r\u00fclm\u00e9nyek v\u00e1rnak r\u00e1d az adott h\u00f3napban, \u00e9s sokkal jobban be tudsz csomagolni.<\/p>\n\n\n\n<figure class=\"wp-block-table is-style-stripes\"><table class=\"has-fixed-layout\"><thead><tr><th>H\u00f3nap<\/th><th>Nappal<\/th><th>\u00c9jjel<\/th><th>Tenger<\/th><th>Es\u0151s napok<\/th><th>Naps\u00fct\u00e9s\/nap<\/th><\/tr><\/thead><tbody><tr><td><strong>janu\u00e1r<\/strong><\/td><td>15 \u00b0C<\/td><td>12 \u00b0C<\/td><td>17 \u00b0C<\/td><td>8,1<\/td><td>8,7 \u00f3<\/td><\/tr><tr><td><strong>febru\u00e1r<\/strong><\/td><td>16 \u00b0C<\/td><td>12 \u00b0C<\/td><td>16 \u00b0C<\/td><td>5,9<\/td><td>9,4 \u00f3<\/td><\/tr><tr><td><strong>m\u00e1rcius<\/strong><\/td><td>17 \u00b0C<\/td><td>12 \u00b0C<\/td><td>16 \u00b0C<\/td><td>6,7<\/td><td>10,5 \u00f3<\/td><\/tr><tr><td><strong>\u00e1prilis<\/strong><\/td><td>19 \u00b0C<\/td><td>14 \u00b0C<\/td><td>17 \u00b0C<\/td><td>3,2<\/td><td>11,1 \u00f3<\/td><\/tr><tr><td><strong>m\u00e1jus<\/strong><\/td><td>22 \u00b0C<\/td><td>17 \u00b0C<\/td><td>19 \u00b0C<\/td><td>3,1<\/td><td>12,5 \u00f3<\/td><\/tr><tr><td><strong>j\u00fanius<\/strong><\/td><td>27 \u00b0C<\/td><td>21 \u00b0C<\/td><td>23 \u00b0C<\/td><td>0,9<\/td><td>13,6 \u00f3<\/td><\/tr><tr><td><strong>j\u00falius<\/strong><\/td><td>30 \u00b0C<\/td><td>24 \u00b0C<\/td><td>27 \u00b0C<\/td><td>0,3<\/td><td>13,9 \u00f3<\/td><\/tr><tr><td><strong>augusztus<\/strong><\/td><td>30 \u00b0C<\/td><td>25 \u00b0C<\/td><td>28 \u00b0C<\/td><td>1,4<\/td><td>12,5 \u00f3<\/td><\/tr><tr><td><strong>szeptember<\/strong><\/td><td>28 \u00b0C<\/td><td>23 \u00b0C<\/td><td>27 \u00b0C<\/td><td>4,7<\/td><td>11,2 \u00f3<\/td><\/tr><tr><td><strong>okt\u00f3ber<\/strong><\/td><td>24 \u00b0C<\/td><td>20 \u00b0C<\/td><td>25 \u00b0C<\/td><td>7,1<\/td><td>9,8 \u00f3<\/td><\/tr><tr><td><strong>november<\/strong><\/td><td>21 \u00b0C<\/td><td>17 \u00b0C<\/td><td>23 \u00b0C<\/td><td>10,9<\/td><td>8,6 \u00f3<\/td><\/tr><tr><td><strong>december<\/strong><\/td><td>17 \u00b0C<\/td><td>14 \u00b0C<\/td><td>19 \u00b0C<\/td><td>7,6<\/td><td>8,2 \u00f3<\/td><\/tr><\/tbody><\/table><figcaption class=\"wp-element-caption\">\u00c1tlagos h\u0151m\u00e9rs\u00e9kletek M\u00e1lt\u00e1n h\u00f3napr\u00f3l h\u00f3napra. A leveg\u0151 \u00e9s a csapad\u00e9k a 2015\u20132024-es t\u00edz\u00e9ves \u00e1tlagok az ERA5 reanal\u00edzisb\u0151l, a tenger h\u0151m\u00e9rs\u00e9klete a 2019\u20132024-es tengeri modellb\u0151l.<\/figcaption><\/figure>\n\n\n\n<h3 id=\"Legjobb_honapok_a_nyaralas_tipusa_szerint\" class=\"wp-block-heading\"><span class=\"ez-toc-section\" id=\"A_legjobb_honapok_a_nyaralas_tipusa_szerint\"><\/span>A legjobb h\u00f3napok a nyaral\u00e1s t\u00edpusa szerint<span class=\"ez-toc-section-end\"><\/span><\/h3>\n\n\n\n<ul class=\"wp-block-list\">\n<li><strong>F\u00fcrd\u0151z\u00e9s \u00e9s strandpihen\u00e9s:<\/strong> Ide\u00e1lis j\u00faniust\u00f3l okt\u00f3berig utazni, amikor a tenger h\u0151m\u00e9rs\u00e9klete a gy\u00f6ny\u00f6r\u0171 23,4 \u00e9s 27,8 \u00b0C k\u00f6z\u00f6tti tartom\u00e1nyban mozog.<\/li>\n\n\n\n<li><strong>V\u00e1rosn\u00e9z\u00e9s \u00e9s s\u00e9ta az eml\u00e9kek k\u00f6z\u00f6tt:<\/strong> A legjobb k\u00f6r\u00fclm\u00e9nyek \u00e1prilisban, m\u00e1jusban \u00e9s okt\u00f3berben vannak, amikor a nappali h\u0151m\u00e9rs\u00e9klet kellemes, 18 \u00e9s 24 \u00b0C k\u00f6r\u00fcli \u00e9rt\u00e9keket \u00e9r el.<\/li>\n\n\n\n<li><strong>A legolcs\u00f3bb id\u0151szakok:<\/strong> Novembert\u0151l m\u00e1rciusig \u00e9rdemes rep\u00fclni, de sz\u00e1molj azzal, hogy a tenger csak 16 \u00e9s 19 \u00b0C-os, \u00e9s p\u00e9ld\u00e1ul novemberben \u00e1tlagosan 10,9 napon esik havonta.<\/li>\n\n\n\n<li><strong>Mikor ker\u00fcld ink\u00e1bb:<\/strong> Az augusztus sokaknak t\u00fal megterhel\u0151 az extr\u00e9m h\u0151s\u00e9g, a minden\u00fctt jelen l\u00e9v\u0151 turistat\u00f6megek \u00e9s a j\u00f3val magasabb szolg\u00e1ltat\u00e1si \u00e1rak miatt.<\/li>\n<\/ul>\n\n\n\n<h3 id=\"Tel_Maltan_van_ertelme\" class=\"wp-block-heading\"><span class=\"ez-toc-section\" id=\"Tel_Maltan_van_ertelme\"><\/span>T\u00e9l M\u00e1lt\u00e1n: van \u00e9rtelme?<span class=\"ez-toc-section-end\"><\/span><\/h3>\n\n\n\n<p class=\"wp-block-paragraph\">Tal\u00e1n felmer\u00fcl benned, van-e egy\u00e1ltal\u00e1n \u00e9rtelme d\u00e9l-Eur\u00f3p\u00e1ba rep\u00fclni a t\u00e9l k\u00f6zep\u00e9n, amikor m\u00e1r r\u00e9gen nem lehet f\u00fcrdeni. A t\u00e9li h\u00f3napokban a h\u0151m\u00e9rs\u00e9klet <strong>15 \u00e9s 17 \u00b0C k\u00f6r\u00fcl<\/strong> mozog, havonta nagyj\u00e1b\u00f3l 6\u20138 napon esik, a tenger pedig h\u0171v\u00f6s 16\u201319 \u00b0C-os. Napoz\u00e1sra f\u00fcrd\u0151ruh\u00e1ban teh\u00e1t biztosan nem, de hossz\u00fa s\u00e9t\u00e1kra egy k\u00f6nny\u0171 pulcsiban t\u00f6k\u00e9letes. \ud83d\ude05<\/p>\n\n\n\n<p class=\"wp-block-paragraph\">Ha f\u0151leg a r\u00e9gi eml\u00e9kek felfedez\u00e9se, a hangulatos k\u00e1v\u00e9z\u00f3kban val\u00f3 \u00fcld\u00f6g\u00e9l\u00e9s \u00e9s a nyugodt t\u00far\u00e1z\u00e1s a szikl\u00e1k ment\u00e9n vonz, a <strong>t\u00e9l biztosan leny\u0171g\u00f6z majd<\/strong>. R\u00e1ad\u00e1sul ilyenkor cs\u00edped el a legolcs\u00f3bb rep\u00fcl\u0151jegyeket, \u00e9s \u00e9lvezheted Valletta f\u00e9lig \u00fcres utc\u00e1it, ami a forr\u00f3 ny\u00e1rban teljess\u00e9ggel lehetetlen lenne.<\/p>\n\n\n\n<h2 id=\"Malta_latnivaloi_24_tipp_ami_megeri_az_idodet\" class=\"wp-block-heading\"><span class=\"ez-toc-section\" id=\"Malta_latnivaloi_24_tipp_ami_megeri_az_idodet\"><\/span>M\u00e1lta l\u00e1tnival\u00f3i: 24 tipp, ami meg\u00e9ri az id\u0151det<span class=\"ez-toc-section-end\"><\/span><\/h2>\n\n\n\n<p class=\"wp-block-paragraph\">Ez az eur\u00f3val fizet\u0151 szigetorsz\u00e1g pici ugyan, m\u00e9gis annyi eml\u00e9ket tal\u00e1lsz rajta, hogy nem tudod majd, hov\u00e1 kapj el\u0151bb. A KM Malta Airlines k\u00f6zvetlen j\u00e1rata Budapestr\u0151l nagyj\u00e1b\u00f3l k\u00e9t \u00e9s f\u00e9l \u00f3r\u00e1t tart, \u00edgy gyorsan oda\u00e9rsz oda, ahol <strong>gond n\u00e9lk\u00fcl sz\u00f3t \u00e9rtesz angolul<\/strong> \u2014 \u00e9s most logikusan felosztjuk ezt a szigetcsoportot az eleg\u00e1ns Vallett\u00e1ra, a nyugodt szigetk\u00f6z\u00e9pre, a t\u00f6rt\u00e9nelmi d\u00e9lre, a fest\u0151i Comin\u00f3ra, a z\u00f6ldebb Goz\u00f3ra \u00e9s a legjobb strandokra.<\/p>\n\n\n\n<p class=\"wp-block-paragraph\">M\u00e1lta \u00f3ri\u00e1si el\u0151nye, hogy gond n\u00e9lk\u00fcl <strong>megsz\u00e1llhatsz egyetlen helyen<\/strong>, \u00e9s onnan az \u00f6sszes l\u00e1tnival\u00f3t k\u00e9nyelmesen bej\u00e1rhatod a Tallinja t\u00e1rsas\u00e1g s\u00e1rg\u00e1sz\u00f6ld buszaival. Az \u00fatra csak csomagolj egy brit h\u00e1romt\u0171s adaptert a G t\u00edpus\u00fa konnektorokhoz, \u00e9s ne feledd, hogy itt az utakon bal oldalon vezetnek \u2014 sz\u00f3val ha \u00e9pp azon gondolkodsz, <a href=\"https:\/\/loudavymkrokem.cz\/hu\/szeptember-utazas-tippek-2\/\">hov\u00e1 menj nyaralni szeptemberben<\/a>, a F\u00f6ldk\u00f6zi-tengernek ez az eur\u00f3pai szeglete egyszer\u0171en remek v\u00e1laszt\u00e1s.<\/p>\n\n\n\n<h3 id=\"1_Valletta_az_EU_legkisebb_fovarosa\" class=\"wp-block-heading\"><span class=\"ez-toc-section\" id=\"1_Valletta_az_EU_legkisebb_fovarosa\"><\/span>1. Valletta: az EU legkisebb f\u0151v\u00e1rosa<span class=\"ez-toc-section-end\"><\/span><\/h3>\n\n\n\n<p class=\"wp-block-paragraph\">A Valletta az Eur\u00f3pai Uni\u00f3 legkisebb f\u0151v\u00e1ros\u00e1nak c\u00edm\u00e9t viseli, \u00e9s \u00e1ll\u00edt\u00f3lag teljes eg\u00e9sz\u00e9ben m\u00e9lt\u00e1n szerepel az UNESCO vil\u00e1g\u00f6r\u00f6ks\u00e9gi list\u00e1j\u00e1n. Ezt a hihetetlen\u00fcl fotog\u00e9n helyet a johannita lovagok \u00e9p\u00edtett\u00e9k k\u00f6zvetlen\u00fcl az 1565-\u00f6s Nagy Ostrom ut\u00e1n, \u00edgy ma szigor\u00faan geometrikus <strong>r\u00e1csos alaprajzot<\/strong> csod\u00e1lhatsz meg, amelyet minden elk\u00e9pzelhet\u0151 sz\u00ednben pomp\u00e1z\u00f3, jellegzetes barokk erk\u00e9lyek eg\u00e9sz\u00edtenek ki.<\/p>\n\n\n\n<figure data-wp-context=\"{&quot;imageId&quot;:&quot;6a9c1d573b124&quot;}\" data-wp-interactive=\"core\/image\" data-wp-key=\"6a9c1d573b124\" class=\"wp-block-image size-full wp-lightbox-container\"><img decoding=\"async\" width=\"1500\" height=\"1000\" data-wp-class--hide=\"state.isContentHidden\" data-wp-class--show=\"state.isContentVisible\" data-wp-init=\"callbacks.setButtonStyles\" data-wp-on--click=\"actions.showLightbox\" data-wp-on--load=\"callbacks.setButtonStyles\" data-wp-on--pointerdown=\"actions.preloadImage\" data-wp-on--pointerenter=\"actions.preloadImageWithDelay\" data-wp-on--pointerleave=\"actions.cancelPreload\" data-wp-on-window--resize=\"callbacks.setButtonStyles\" src=\"https:\/\/loudavymkrokem.cz\/wp-content\/uploads\/2026\/08\/dovolena-malta-t01.jpg\" alt=\"Valletta f\u0151utc\u00e1ja\" class=\"wp-image-399641\" title=\"\" srcset=\"https:\/\/loudavymkrokem.cz\/wp-content\/uploads\/2026\/08\/dovolena-malta-t01.jpg 1500w, https:\/\/loudavymkrokem.cz\/wp-content\/uploads\/2026\/08\/dovolena-malta-t01-300x200.jpg 300w, https:\/\/loudavymkrokem.cz\/wp-content\/uploads\/2026\/08\/dovolena-malta-t01-700x467.jpg 700w, https:\/\/loudavymkrokem.cz\/wp-content\/uploads\/2026\/08\/dovolena-malta-t01-768x512.jpg 768w, https:\/\/loudavymkrokem.cz\/wp-content\/uploads\/2026\/08\/dovolena-malta-t01-696x464.jpg 696w, https:\/\/loudavymkrokem.cz\/wp-content\/uploads\/2026\/08\/dovolena-malta-t01-1392x928.jpg 1392w\" sizes=\"(max-width: 1500px) 100vw, 1500px\" \/><button\n\t\t\tclass=\"lightbox-trigger\"\n\t\t\ttype=\"button\"\n\t\t\taria-haspopup=\"dialog\"\n\t\t\tdata-wp-bind--aria-label=\"state.thisImage.triggerButtonAriaLabel\"\n\t\t\tdata-wp-init=\"callbacks.initTriggerButton\"\n\t\t\tdata-wp-on--click=\"actions.showLightbox\"\n\t\t\tdata-wp-style--right=\"state.thisImage.buttonRight\"\n\t\t\tdata-wp-style--top=\"state.thisImage.buttonTop\"\n\t\t>\n\t\t\t<svg xmlns=\"http:\/\/www.w3.org\/2000\/svg\" width=\"12\" height=\"12\" fill=\"none\" viewBox=\"0 0 12 12\">\n\t\t\t\t<path fill=\"#fff\" d=\"M2 0a2 2 0 0 0-2 2v2h1.5V2a.5.5 0 0 1 .5-.5h2V0H2Zm2 10.5H2a.5.5 0 0 1-.5-.5V8H0v2a2 2 0 0 0 2 2h2v-1.5ZM8 12v-1.5h2a.5.5 0 0 0 .5-.5V8H12v2a2 2 0 0 1-2 2H8Zm2-12a2 2 0 0 1 2 2v2h-1.5V2a.5.5 0 0 0-.5-.5H8V0h2Z\" \/>\n\t\t\t<\/svg>\n\t\t<\/button><figcaption class=\"wp-element-caption\">Valletta f\u0151utc\u00e1ja (Fot\u00f3: Txllxt TxllxT \/ Wikimedia Commons, CC BY-SA 4.0)<\/figcaption><\/figure>\n\n\n\n<p class=\"wp-block-paragraph\">Ha el akarod ker\u00fclni a t\u00f6meget, a helyiek nagyon aj\u00e1nlj\u00e1k, hogy a Republic Street f\u0151utc\u00e1ra vagy kora reggel, vagy ink\u00e1bb csak d\u00e9lut\u00e1n n\u00e9gy ut\u00e1n \u00e9rkezz. Napk\u00f6zben ugyanis <strong>a v\u00e1rost \u00e1ltal\u00e1ban megt\u00f6ltik a nagy haj\u00f3kr\u00f3l \u00e9rkez\u0151 kir\u00e1ndul\u00f3k<\/strong>, ami elronthatja az \u00f6sszk\u00e9pet, \u00edgy te ink\u00e1bb nyugodtan \u00e9lvezed a helyi k\u00e1v\u00e9z\u00f3kat sokkal jobb hangulatban \u263a\ufe0f.<\/p>\n\n\n\n<h3 id=\"2_Szent_Janos_tarsszekesegyhaz_lelegzetelallito_barokk\" class=\"wp-block-heading\"><span class=\"ez-toc-section\" id=\"2_Szent_Janos-tarsszekesegyhaz_lelegzetelallito_barokk\"><\/span>2. Szent J\u00e1nos-t\u00e1rssz\u00e9kesegyh\u00e1z: l\u00e9legzetel\u00e1ll\u00edt\u00f3 barokk<span class=\"ez-toc-section-end\"><\/span><\/h3>\n\n\n\n<p class=\"wp-block-paragraph\">Els\u0151 pillant\u00e1sra ez az \u00e9p\u00fclet k\u00edv\u00fclr\u0151l meglehet\u0151sen siv\u00e1r er\u0151dnek t\u0171nik, de amint bel\u00e9psz, sz\u00f3 szerint <strong>aranysz\u00edn\u0171 barokk robban\u00e1s<\/strong> v\u00e1r. Az utaz\u00f3k egyet\u00e9rtenek abban, hogy ez Eur\u00f3pa egyik legszebb temploma, ahol a padl\u00f3t k\u00f6zel n\u00e9gysz\u00e1z gy\u00f6ny\u00f6r\u0171en d\u00edsz\u00edtett, m\u00e1rv\u00e1ny johannita lovag-s\u00edrk\u0151 alkotja, amelyeken s\u00e9t\u00e1lsz.<\/p>\n\n\n\n<figure data-wp-context=\"{&quot;imageId&quot;:&quot;6a9c1d573b749&quot;}\" data-wp-interactive=\"core\/image\" data-wp-key=\"6a9c1d573b749\" class=\"wp-block-image size-full wp-lightbox-container\"><img decoding=\"async\" width=\"1500\" height=\"890\" data-wp-class--hide=\"state.isContentHidden\" data-wp-class--show=\"state.isContentVisible\" data-wp-init=\"callbacks.setButtonStyles\" data-wp-on--click=\"actions.showLightbox\" data-wp-on--load=\"callbacks.setButtonStyles\" data-wp-on--pointerdown=\"actions.preloadImage\" data-wp-on--pointerenter=\"actions.preloadImageWithDelay\" data-wp-on--pointerleave=\"actions.cancelPreload\" data-wp-on-window--resize=\"callbacks.setButtonStyles\" src=\"https:\/\/loudavymkrokem.cz\/wp-content\/uploads\/2026\/08\/dovolena-malta-t02.jpg\" alt=\"A Szent J\u00e1nos-t\u00e1rssz\u00e9kesegyh\u00e1z aranysz\u00edn\u0171 belseje\" class=\"wp-image-399647\" title=\"\" srcset=\"https:\/\/loudavymkrokem.cz\/wp-content\/uploads\/2026\/08\/dovolena-malta-t02.jpg 1500w, https:\/\/loudavymkrokem.cz\/wp-content\/uploads\/2026\/08\/dovolena-malta-t02-300x178.jpg 300w, https:\/\/loudavymkrokem.cz\/wp-content\/uploads\/2026\/08\/dovolena-malta-t02-700x415.jpg 700w, https:\/\/loudavymkrokem.cz\/wp-content\/uploads\/2026\/08\/dovolena-malta-t02-768x456.jpg 768w, https:\/\/loudavymkrokem.cz\/wp-content\/uploads\/2026\/08\/dovolena-malta-t02-696x413.jpg 696w, https:\/\/loudavymkrokem.cz\/wp-content\/uploads\/2026\/08\/dovolena-malta-t02-1392x826.jpg 1392w\" sizes=\"(max-width: 1500px) 100vw, 1500px\" \/><button\n\t\t\tclass=\"lightbox-trigger\"\n\t\t\ttype=\"button\"\n\t\t\taria-haspopup=\"dialog\"\n\t\t\tdata-wp-bind--aria-label=\"state.thisImage.triggerButtonAriaLabel\"\n\t\t\tdata-wp-init=\"callbacks.initTriggerButton\"\n\t\t\tdata-wp-on--click=\"actions.showLightbox\"\n\t\t\tdata-wp-style--right=\"state.thisImage.buttonRight\"\n\t\t\tdata-wp-style--top=\"state.thisImage.buttonTop\"\n\t\t>\n\t\t\t<svg xmlns=\"http:\/\/www.w3.org\/2000\/svg\" width=\"12\" height=\"12\" fill=\"none\" viewBox=\"0 0 12 12\">\n\t\t\t\t<path fill=\"#fff\" d=\"M2 0a2 2 0 0 0-2 2v2h1.5V2a.5.5 0 0 1 .5-.5h2V0H2Zm2 10.5H2a.5.5 0 0 1-.5-.5V8H0v2a2 2 0 0 0 2 2h2v-1.5ZM8 12v-1.5h2a.5.5 0 0 0 .5-.5V8H12v2a2 2 0 0 1-2 2H8Zm2-12a2 2 0 0 1 2 2v2h-1.5V2a.5.5 0 0 0-.5-.5H8V0h2Z\" \/>\n\t\t\t<\/svg>\n\t\t<\/button><figcaption class=\"wp-element-caption\">A Szent J\u00e1nos-t\u00e1rssz\u00e9kesegyh\u00e1z aranysz\u00edn\u0171 belseje (Fot\u00f3: Mike McBey \/ Wikimedia Commons, CC BY 2.0)<\/figcaption><\/figure>\n\n\n\n<p class=\"wp-block-paragraph\">Bel\u00e9p\u0151t kell ugyan fizetni, de a l\u00e1togat\u00e1s \u00e1ll\u00edt\u00f3lag mindenk\u00e9ppen meg\u00e9ri az \u00e1r\u00e1t, f\u0151leg ha figyelembe veszed, hogy odabent k\u00e9t h\u00edres Caravaggio-festm\u00e9ny f\u00fcgg. A leg\u00e9rt\u00e9kesebb darab term\u00e9szetesen a <strong>monument\u00e1lis Keresztel\u0151 Szent J\u00e1nos lefejez\u00e9se<\/strong> c\u00edm\u0171 k\u00e9p, amely mellesleg az egyetlen v\u00e1szon, amelyet ez a h\u00edres olasz fest\u0151 valaha szem\u00e9lyesen szign\u00e1lt \u2014 \u00e9s a saj\u00e1t szemeddel megn\u00e9zheted.<\/p>\n\n\n\n<h3 id=\"3_Upper_Barrakka_Gardens_es_a_deli_szolgalat\" class=\"wp-block-heading\"><span class=\"ez-toc-section\" id=\"3_Upper_Barrakka_Gardens_es_a_deli_agyuloves\"><\/span>3. Upper Barrakka Gardens \u00e9s a d\u00e9li \u00e1gy\u00fal\u00f6v\u00e9s<span class=\"ez-toc-section-end\"><\/span><\/h3>\n\n\n\n<p class=\"wp-block-paragraph\">Ha a legjobb fot\u00f3z\u00f3helyet keresed, felt\u00e9tlen\u00fcl n\u00e9zd meg ezt a gy\u00f6ny\u00f6r\u0171 kertet, ahonnan <strong>l\u00e1tv\u00e1nyos kil\u00e1t\u00e1s ny\u00edlik az eg\u00e9sz Grand Harbourra<\/strong> \u00e9s a szemk\u00f6zti H\u00e1rom V\u00e1rosra. A kert eredetileg csak az olasz lovagok mag\u00e1nc\u00e9ljait szolg\u00e1lta, ma viszont megpihenhetsz egy sz\u00f6k\u0151k\u00fatn\u00e1l, \u00e9s biztons\u00e1gosan elb\u00fajhatsz a t\u0171z\u0151 ny\u00e1ri nap el\u0151l a d\u00edszes \u00e1rk\u00e1dok alatt.<\/p>\n\n\n\n<figure data-wp-context=\"{&quot;imageId&quot;:&quot;6a9c1d573bd5c&quot;}\" data-wp-interactive=\"core\/image\" data-wp-key=\"6a9c1d573bd5c\" class=\"wp-block-image size-full wp-lightbox-container\"><img decoding=\"async\" width=\"1500\" height=\"1000\" data-wp-class--hide=\"state.isContentHidden\" data-wp-class--show=\"state.isContentVisible\" data-wp-init=\"callbacks.setButtonStyles\" data-wp-on--click=\"actions.showLightbox\" data-wp-on--load=\"callbacks.setButtonStyles\" data-wp-on--pointerdown=\"actions.preloadImage\" data-wp-on--pointerenter=\"actions.preloadImageWithDelay\" data-wp-on--pointerleave=\"actions.cancelPreload\" data-wp-on-window--resize=\"callbacks.setButtonStyles\" src=\"https:\/\/loudavymkrokem.cz\/wp-content\/uploads\/2026\/08\/dovolena-malta-t03.jpg\" alt=\"Kil\u00e1t\u00e1s az Upper Barrakka Gardensb\u0151l\" class=\"wp-image-399655\" title=\"\" srcset=\"https:\/\/loudavymkrokem.cz\/wp-content\/uploads\/2026\/08\/dovolena-malta-t03.jpg 1500w, https:\/\/loudavymkrokem.cz\/wp-content\/uploads\/2026\/08\/dovolena-malta-t03-300x200.jpg 300w, https:\/\/loudavymkrokem.cz\/wp-content\/uploads\/2026\/08\/dovolena-malta-t03-700x467.jpg 700w, https:\/\/loudavymkrokem.cz\/wp-content\/uploads\/2026\/08\/dovolena-malta-t03-768x512.jpg 768w, https:\/\/loudavymkrokem.cz\/wp-content\/uploads\/2026\/08\/dovolena-malta-t03-696x464.jpg 696w, https:\/\/loudavymkrokem.cz\/wp-content\/uploads\/2026\/08\/dovolena-malta-t03-1392x928.jpg 1392w\" sizes=\"(max-width: 1500px) 100vw, 1500px\" \/><button\n\t\t\tclass=\"lightbox-trigger\"\n\t\t\ttype=\"button\"\n\t\t\taria-haspopup=\"dialog\"\n\t\t\tdata-wp-bind--aria-label=\"state.thisImage.triggerButtonAriaLabel\"\n\t\t\tdata-wp-init=\"callbacks.initTriggerButton\"\n\t\t\tdata-wp-on--click=\"actions.showLightbox\"\n\t\t\tdata-wp-style--right=\"state.thisImage.buttonRight\"\n\t\t\tdata-wp-style--top=\"state.thisImage.buttonTop\"\n\t\t>\n\t\t\t<svg xmlns=\"http:\/\/www.w3.org\/2000\/svg\" width=\"12\" height=\"12\" fill=\"none\" viewBox=\"0 0 12 12\">\n\t\t\t\t<path fill=\"#fff\" d=\"M2 0a2 2 0 0 0-2 2v2h1.5V2a.5.5 0 0 1 .5-.5h2V0H2Zm2 10.5H2a.5.5 0 0 1-.5-.5V8H0v2a2 2 0 0 0 2 2h2v-1.5ZM8 12v-1.5h2a.5.5 0 0 0 .5-.5V8H12v2a2 2 0 0 1-2 2H8Zm2-12a2 2 0 0 1 2 2v2h-1.5V2a.5.5 0 0 0-.5-.5H8V0h2Z\" \/>\n\t\t\t<\/svg>\n\t\t<\/button><figcaption class=\"wp-element-caption\">Kil\u00e1t\u00e1s az Upper Barrakka Gardensb\u0151l (Fot\u00f3: This photo was taken by Anton Zelenov.\nPlease credit this wi \/ Wikimedia Commons, CC BY-SA 4.0)<\/figcaption><\/figure>\n\n\n\n<p class=\"wp-block-paragraph\">Gyakorlati tipp, hogy a l\u00e1togat\u00e1st pontosan d\u00e9lre vagy d\u00e9lut\u00e1n n\u00e9gy \u00f3r\u00e1ra id\u0151z\u00edtsd, amikor egy szinttel lejjebb, a Saluting Battery terasz\u00e1n lezajlik a hagyom\u00e1nyos \u00e1gy\u00fal\u00f6v\u00e9s. \u00c1ll\u00edt\u00f3lag el\u00e9g hangos, de <strong>nagyon n\u00e9pszer\u0171 t\u00f6rt\u00e9nelmi bemutat\u00f3<\/strong>, amely azonnal p\u00e1r \u00e9vsz\u00e1zaddal visszarep\u00edt a sziget rettenthetetlen v\u00e9d\u0151inek kor\u00e1ba.<\/p>\n\n\n\n<h3 id=\"4_Grand_Harbour_a_termeszetes_kikoto_ami_megvaltoztatta_a_tortenelmet\" class=\"wp-block-heading\"><span class=\"ez-toc-section\" id=\"4_Grand_Harbour_a_termeszetes_kikoto_amely_megvaltoztatta_a_tortenelmet\"><\/span>4. Grand Harbour: a term\u00e9szetes kik\u00f6t\u0151, amely megv\u00e1ltoztatta a t\u00f6rt\u00e9nelmet<span class=\"ez-toc-section-end\"><\/span><\/h3>\n\n\n\n<p class=\"wp-block-paragraph\">Ez az \u00f3ri\u00e1si term\u00e9szetes kik\u00f6t\u0151 az eg\u00e9sz F\u00f6ldk\u00f6zi-tenger t\u00f6rt\u00e9nelm\u00e9t form\u00e1lta, \u00e9s sok \u00fatik\u00f6nyv szerint a vil\u00e1g egyik legimpoz\u00e1nsabbja. A hatalmas b\u00e1sty\u00e1k \u00e9s v\u00e9d\u0151falak n\u00e9ma tan\u00fak\u00e9nt \u00e1llnak itt a dr\u00e1mai esem\u00e9nyek mellett, a kik\u00f6t\u0151 pedig k\u00fcl\u00f6n\u00f6sen fontos szerepet j\u00e1tszott a m\u00e1sodik vil\u00e1gh\u00e1bor\u00faban, ami\u00e9rt eg\u00e9sz M\u00e1lta megkapta a brit kir\u00e1lyt\u00f3l a <strong>h\u00edres Gy\u00f6rgy-keresztet a b\u00e1tors\u00e1g\u00e1\u00e9rt<\/strong>.<\/p>\n\n\n\n<figure data-wp-context=\"{&quot;imageId&quot;:&quot;6a9c1d573c296&quot;}\" data-wp-interactive=\"core\/image\" data-wp-key=\"6a9c1d573c296\" class=\"wp-block-image size-full wp-lightbox-container\"><img decoding=\"async\" width=\"1500\" height=\"1125\" data-wp-class--hide=\"state.isContentHidden\" data-wp-class--show=\"state.isContentVisible\" data-wp-init=\"callbacks.setButtonStyles\" data-wp-on--click=\"actions.showLightbox\" data-wp-on--load=\"callbacks.setButtonStyles\" data-wp-on--pointerdown=\"actions.preloadImage\" data-wp-on--pointerenter=\"actions.preloadImageWithDelay\" data-wp-on--pointerleave=\"actions.cancelPreload\" data-wp-on-window--resize=\"callbacks.setButtonStyles\" src=\"https:\/\/loudavymkrokem.cz\/wp-content\/uploads\/2026\/08\/dovolena-malta-t04.jpg\" alt=\"Grand Harbour M\u00e1lt\u00e1n\" class=\"wp-image-399663\" title=\"\" srcset=\"https:\/\/loudavymkrokem.cz\/wp-content\/uploads\/2026\/08\/dovolena-malta-t04.jpg 1500w, https:\/\/loudavymkrokem.cz\/wp-content\/uploads\/2026\/08\/dovolena-malta-t04-300x225.jpg 300w, https:\/\/loudavymkrokem.cz\/wp-content\/uploads\/2026\/08\/dovolena-malta-t04-700x525.jpg 700w, https:\/\/loudavymkrokem.cz\/wp-content\/uploads\/2026\/08\/dovolena-malta-t04-768x576.jpg 768w, https:\/\/loudavymkrokem.cz\/wp-content\/uploads\/2026\/08\/dovolena-malta-t04-80x60.jpg 80w, https:\/\/loudavymkrokem.cz\/wp-content\/uploads\/2026\/08\/dovolena-malta-t04-160x120.jpg 160w, https:\/\/loudavymkrokem.cz\/wp-content\/uploads\/2026\/08\/dovolena-malta-t04-696x522.jpg 696w, https:\/\/loudavymkrokem.cz\/wp-content\/uploads\/2026\/08\/dovolena-malta-t04-1392x1044.jpg 1392w\" sizes=\"(max-width: 1500px) 100vw, 1500px\" \/><button\n\t\t\tclass=\"lightbox-trigger\"\n\t\t\ttype=\"button\"\n\t\t\taria-haspopup=\"dialog\"\n\t\t\tdata-wp-bind--aria-label=\"state.thisImage.triggerButtonAriaLabel\"\n\t\t\tdata-wp-init=\"callbacks.initTriggerButton\"\n\t\t\tdata-wp-on--click=\"actions.showLightbox\"\n\t\t\tdata-wp-style--right=\"state.thisImage.buttonRight\"\n\t\t\tdata-wp-style--top=\"state.thisImage.buttonTop\"\n\t\t>\n\t\t\t<svg xmlns=\"http:\/\/www.w3.org\/2000\/svg\" width=\"12\" height=\"12\" fill=\"none\" viewBox=\"0 0 12 12\">\n\t\t\t\t<path fill=\"#fff\" d=\"M2 0a2 2 0 0 0-2 2v2h1.5V2a.5.5 0 0 1 .5-.5h2V0H2Zm2 10.5H2a.5.5 0 0 1-.5-.5V8H0v2a2 2 0 0 0 2 2h2v-1.5ZM8 12v-1.5h2a.5.5 0 0 0 .5-.5V8H12v2a2 2 0 0 1-2 2H8Zm2-12a2 2 0 0 1 2 2v2h-1.5V2a.5.5 0 0 0-.5-.5H8V0h2Z\" \/>\n\t\t\t<\/svg>\n\t\t<\/button><figcaption class=\"wp-element-caption\">Grand Harbour M\u00e1lt\u00e1n (Fot\u00f3: Pacopac \/ Wikimedia Commons, CC BY-SA 4.0)<\/figcaption><\/figure>\n\n\n\n<p class=\"wp-block-paragraph\">Az er\u0151d\u00edtm\u00e9ny hatalmass\u00e1g\u00e1t \u00e1ll\u00edt\u00f3lag k\u00f6zvetlen\u00fcl a v\u00edzr\u0151l \u00e9rzed meg a legink\u00e1bb, \u00edgy nagyon meg\u00e9ri egy szervezett kil\u00e1t\u00f3haj\u00f3z\u00e1sra menni. A jegyeket egyb\u0151l a vallettai rakparton megveheted, a haj\u00f3 fed\u00e9lzet\u00e9r\u0151l pedig eg\u00e9szen m\u00e1s \u00e9s sokkal \u00e9rdekesebb perspekt\u00edv\u00e1b\u00f3l l\u00e1tod a <strong>magas v\u00e1rfalakat \u00e9s a t\u00f6rt\u00e9nelmi er\u0151d\u00f6ket<\/strong>, mint a sz\u00e1razf\u00f6ldr\u0151l.<\/p>\n\n\n\n<h3 id=\"5_Harom_Varos_Vittoriosa_Senglea_es_Cospicua\" class=\"wp-block-heading\"><span class=\"ez-toc-section\" id=\"5_Harom_Varos_Vittoriosa_Senglea_es_Cospicua\"><\/span>5. H\u00e1rom V\u00e1ros: Vittoriosa, Senglea \u00e9s Cospicua<span class=\"ez-toc-section-end\"><\/span><\/h3>\n\n\n\n<p class=\"wp-block-paragraph\">K\u00f6zvetlen\u00fcl a f\u0151v\u00e1rossal szemben fekszik Vittoriosa, Senglea \u00e9s Cospicua \u2014 t\u00f6rt\u00e9nelmi kisv\u00e1rosok, ahol \u00e1ll\u00edt\u00f3lag <strong>sokkal autentikusabb hangulatot<\/strong> tal\u00e1lsz, mint mag\u00e1ban Vallett\u00e1ban. Ide \u00e1ll\u00edt\u00f3lag j\u00f3val kevesebb turista j\u00e1r, \u00edgy nyugodtan \u00e9lvezheted a barangol\u00e1st a sz\u0171k utc\u00e1kban, csod\u00e1lhatod a luxusjachtokat a marin\u00e1ban, \u00e9s felfedezheted a fens\u00e9ges Fort St Angelo er\u0151d\u00f6t.<\/p>\n\n\n\n<figure data-wp-context=\"{&quot;imageId&quot;:&quot;6a9c1d573c76d&quot;}\" data-wp-interactive=\"core\/image\" data-wp-key=\"6a9c1d573c76d\" class=\"wp-block-image size-full wp-lightbox-container\"><img decoding=\"async\" width=\"1500\" height=\"887\" data-wp-class--hide=\"state.isContentHidden\" data-wp-class--show=\"state.isContentVisible\" data-wp-init=\"callbacks.setButtonStyles\" data-wp-on--click=\"actions.showLightbox\" data-wp-on--load=\"callbacks.setButtonStyles\" data-wp-on--pointerdown=\"actions.preloadImage\" data-wp-on--pointerenter=\"actions.preloadImageWithDelay\" data-wp-on--pointerleave=\"actions.cancelPreload\" data-wp-on-window--resize=\"callbacks.setButtonStyles\" src=\"https:\/\/loudavymkrokem.cz\/wp-content\/uploads\/2026\/08\/dovolena-malta-t05.jpg\" alt=\"Vittoriosa \u00e9s a Fort St Angelo a Grand Harbourban\" class=\"wp-image-399744\" title=\"\" srcset=\"https:\/\/loudavymkrokem.cz\/wp-content\/uploads\/2026\/08\/dovolena-malta-t05.jpg 1500w, https:\/\/loudavymkrokem.cz\/wp-content\/uploads\/2026\/08\/dovolena-malta-t05-300x177.jpg 300w, https:\/\/loudavymkrokem.cz\/wp-content\/uploads\/2026\/08\/dovolena-malta-t05-700x414.jpg 700w, https:\/\/loudavymkrokem.cz\/wp-content\/uploads\/2026\/08\/dovolena-malta-t05-768x454.jpg 768w, https:\/\/loudavymkrokem.cz\/wp-content\/uploads\/2026\/08\/dovolena-malta-t05-696x412.jpg 696w, https:\/\/loudavymkrokem.cz\/wp-content\/uploads\/2026\/08\/dovolena-malta-t05-1392x823.jpg 1392w\" sizes=\"(max-width: 1500px) 100vw, 1500px\" \/><button\n\t\t\tclass=\"lightbox-trigger\"\n\t\t\ttype=\"button\"\n\t\t\taria-haspopup=\"dialog\"\n\t\t\tdata-wp-bind--aria-label=\"state.thisImage.triggerButtonAriaLabel\"\n\t\t\tdata-wp-init=\"callbacks.initTriggerButton\"\n\t\t\tdata-wp-on--click=\"actions.showLightbox\"\n\t\t\tdata-wp-style--right=\"state.thisImage.buttonRight\"\n\t\t\tdata-wp-style--top=\"state.thisImage.buttonTop\"\n\t\t>\n\t\t\t<svg xmlns=\"http:\/\/www.w3.org\/2000\/svg\" width=\"12\" height=\"12\" fill=\"none\" viewBox=\"0 0 12 12\">\n\t\t\t\t<path fill=\"#fff\" d=\"M2 0a2 2 0 0 0-2 2v2h1.5V2a.5.5 0 0 1 .5-.5h2V0H2Zm2 10.5H2a.5.5 0 0 1-.5-.5V8H0v2a2 2 0 0 0 2 2h2v-1.5ZM8 12v-1.5h2a.5.5 0 0 0 .5-.5V8H12v2a2 2 0 0 1-2 2H8Zm2-12a2 2 0 0 1 2 2v2h-1.5V2a.5.5 0 0 0-.5-.5H8V0h2Z\" \/>\n\t\t\t<\/svg>\n\t\t<\/button><figcaption class=\"wp-element-caption\">Vittoriosa \u00e9s a Fort St Angelo a Grand Harbourban (Fot\u00f3: Karelj \/ Wikimedia Commons, CC BY-SA 3.0)<\/figcaption><\/figure>\n\n\n\n<p class=\"wp-block-paragraph\">Az utaz\u00f3k azt tan\u00e1csolj\u00e1k, hogy Vallett\u00e1b\u00f3l ne busszal indulj, hanem ink\u00e1bb hagyd magad \u00e1tvitetni a t\u00falpartra egy hagyom\u00e1nyos f\u00e1b\u00f3l k\u00e9sz\u00fclt cs\u00f3nakkal, amelynek a neve dg\u0127ajsa. Az \u00fat csak p\u00e1r percet vesz ig\u00e9nybe \u00e9s \u00e1ltal\u00e1ban k\u00e9t eur\u00f3, azaz nagyj\u00e1b\u00f3l 800 Ft k\u00f6r\u00fcl van \u2014 csak ne felejts el k\u00f6tni egy j\u00f3 <a href=\"https:\/\/loudavymkrokem.cz\/jak-vybrat-cestovni-pojisteni-na-dovolenou\/\">utasbiztos\u00edt\u00e1st<\/a>, mert kis v\u00edzi j\u00e1rm\u0171vekr\u0151l van sz\u00f3, \u00e9s a biztons\u00e1g mindig az els\u0151.<\/p>\n\n\n\n<h3 id=\"6_Sliema_es_St_Julian_s_promenad_bevasarlas_es_ejszakai_elet\" class=\"wp-block-heading\"><span class=\"ez-toc-section\" id=\"6_Sliema_es_St_Julians_promenad_bevasarlas_es_ejszakai_elet\"><\/span>6. Sliema \u00e9s St Julian&#8217;s: promen\u00e1d, bev\u00e1s\u00e1rl\u00e1s \u00e9s \u00e9jszakai \u00e9let<span class=\"ez-toc-section-end\"><\/span><\/h3>\n\n\n\n<p class=\"wp-block-paragraph\">Ha modern v\u00e1rosi ny\u00fczsg\u00e9sre, bev\u00e1s\u00e1rl\u00f3k\u00f6zpontokra \u00e9s sz\u00e9les tengerparti s\u00e9t\u00e1nyra v\u00e1gysz, ez a k\u00e9t egym\u00e1ssal \u00f6sszekapcsol\u00f3d\u00f3 negyed biztosan nem okoz csal\u00f3d\u00e1st. M\u00edg a fest\u0151i Spinola Bay \u00f6b\u00f6l tele van fotog\u00e9n, sz\u00ednes cs\u00f3nakokkal, a parti promen\u00e1d \u00e1ll\u00edt\u00f3lag <strong>ide\u00e1lis az esti s\u00e9t\u00e1khoz<\/strong> \u00e9s a betonm\u00f3l\u00f3kr\u00f3l, szikl\u00e1kr\u00f3l val\u00f3 n\u00e9pszer\u0171 f\u00fcrd\u0151z\u00e9shez.<\/p>\n\n\n\n<figure data-wp-context=\"{&quot;imageId&quot;:&quot;6a9c1d573cc51&quot;}\" data-wp-interactive=\"core\/image\" data-wp-key=\"6a9c1d573cc51\" class=\"wp-block-image size-full wp-lightbox-container\"><img decoding=\"async\" width=\"1500\" height=\"999\" data-wp-class--hide=\"state.isContentHidden\" data-wp-class--show=\"state.isContentVisible\" data-wp-init=\"callbacks.setButtonStyles\" data-wp-on--click=\"actions.showLightbox\" data-wp-on--load=\"callbacks.setButtonStyles\" data-wp-on--pointerdown=\"actions.preloadImage\" data-wp-on--pointerenter=\"actions.preloadImageWithDelay\" data-wp-on--pointerleave=\"actions.cancelPreload\" data-wp-on-window--resize=\"callbacks.setButtonStyles\" src=\"https:\/\/loudavymkrokem.cz\/wp-content\/uploads\/2026\/08\/dovolena-malta-t06.jpg\" alt=\"Spinola Bay St Julian&#039;sban\" class=\"wp-image-399672\" title=\"\" srcset=\"https:\/\/loudavymkrokem.cz\/wp-content\/uploads\/2026\/08\/dovolena-malta-t06.jpg 1500w, https:\/\/loudavymkrokem.cz\/wp-content\/uploads\/2026\/08\/dovolena-malta-t06-300x200.jpg 300w, https:\/\/loudavymkrokem.cz\/wp-content\/uploads\/2026\/08\/dovolena-malta-t06-700x466.jpg 700w, https:\/\/loudavymkrokem.cz\/wp-content\/uploads\/2026\/08\/dovolena-malta-t06-768x511.jpg 768w, https:\/\/loudavymkrokem.cz\/wp-content\/uploads\/2026\/08\/dovolena-malta-t06-696x464.jpg 696w, https:\/\/loudavymkrokem.cz\/wp-content\/uploads\/2026\/08\/dovolena-malta-t06-1392x927.jpg 1392w\" sizes=\"(max-width: 1500px) 100vw, 1500px\" \/><button\n\t\t\tclass=\"lightbox-trigger\"\n\t\t\ttype=\"button\"\n\t\t\taria-haspopup=\"dialog\"\n\t\t\tdata-wp-bind--aria-label=\"state.thisImage.triggerButtonAriaLabel\"\n\t\t\tdata-wp-init=\"callbacks.initTriggerButton\"\n\t\t\tdata-wp-on--click=\"actions.showLightbox\"\n\t\t\tdata-wp-style--right=\"state.thisImage.buttonRight\"\n\t\t\tdata-wp-style--top=\"state.thisImage.buttonTop\"\n\t\t>\n\t\t\t<svg xmlns=\"http:\/\/www.w3.org\/2000\/svg\" width=\"12\" height=\"12\" fill=\"none\" viewBox=\"0 0 12 12\">\n\t\t\t\t<path fill=\"#fff\" d=\"M2 0a2 2 0 0 0-2 2v2h1.5V2a.5.5 0 0 1 .5-.5h2V0H2Zm2 10.5H2a.5.5 0 0 1-.5-.5V8H0v2a2 2 0 0 0 2 2h2v-1.5ZM8 12v-1.5h2a.5.5 0 0 0 .5-.5V8H12v2a2 2 0 0 1-2 2H8Zm2-12a2 2 0 0 1 2 2v2h-1.5V2a.5.5 0 0 0-.5-.5H8V0h2Z\" \/>\n\t\t\t<\/svg>\n\t\t<\/button><figcaption class=\"wp-element-caption\">Spinola Bay St Julian&#8217;sban (Fot\u00f3: This photo was taken by Anton Zelenov.\nPlease credit this wi \/ Wikimedia Commons, CC BY-SA 4.0)<\/figcaption><\/figure>\n\n\n\n<p class=\"wp-block-paragraph\">Az utaz\u00f3k viszont \u00f3vnak a St Julian&#8217;s negyedben l\u00e9v\u0151 Paceville k\u00f6rny\u00e9k\u00e9t\u0151l, amely egyetlen hatalmas \u00e9s nagyon hangos buliz\u00f3nak\u00e9nt m\u0171k\u00f6dik. Ha \u00e9pp nem vad\u00f3c \u00e9jszakai klubokat \u00e9s nyelviskol\u00e1s di\u00e1kokkal teli olcs\u00f3 b\u00e1rokat keresel, <strong>\u00e9jszaka ink\u00e1bb nagy \u00edvben ker\u00fcld el ezt a helyet<\/strong>, \u00e9s sz\u00e1llj meg a sziget valamelyik nyugodtabb r\u00e9sz\u00e9n \ud83d\ude05.<\/p>\n\n\n\n<h3 id=\"7_Mdina_a_csendes_varos_a_falak_mogott\" class=\"wp-block-heading\"><span class=\"ez-toc-section\" id=\"7_Mdina_a_csendes_varos_a_falak_mogott\"><\/span>7. Mdina: a csendes v\u00e1ros a falak m\u00f6g\u00f6tt<span class=\"ez-toc-section-end\"><\/span><\/h3>\n\n\n\n<p class=\"wp-block-paragraph\">A hajdani f\u0151v\u00e1ros biztons\u00e1gosan megb\u00fajik a magas falak m\u00f6g\u00f6tt a sziget k\u00f6zep\u00e9n, \u00e9s egyedi hangulata miatt teljesen jogosan nevezik Csendes V\u00e1rosnak. A sorozatok rajong\u00f3i biztosan felismerik a fens\u00e9ges Mdina Gate f\u0151kaput, mert itt <strong>forgatt\u00e1k a h\u00edres Tr\u00f3nok harca jeleneteit<\/strong>, de a homokk\u0151 sz\u0171k utc\u00e1inak sz\u00f6vev\u00e9nye minden l\u00e1togat\u00f3t megbabon\u00e1z.<\/p>\n\n\n\n<figure data-wp-context=\"{&quot;imageId&quot;:&quot;6a9c1d573d104&quot;}\" data-wp-interactive=\"core\/image\" data-wp-key=\"6a9c1d573d104\" class=\"wp-block-image size-full wp-lightbox-container\"><img decoding=\"async\" width=\"1500\" height=\"1125\" data-wp-class--hide=\"state.isContentHidden\" data-wp-class--show=\"state.isContentVisible\" data-wp-init=\"callbacks.setButtonStyles\" data-wp-on--click=\"actions.showLightbox\" data-wp-on--load=\"callbacks.setButtonStyles\" data-wp-on--pointerdown=\"actions.preloadImage\" data-wp-on--pointerenter=\"actions.preloadImageWithDelay\" data-wp-on--pointerleave=\"actions.cancelPreload\" data-wp-on-window--resize=\"callbacks.setButtonStyles\" src=\"https:\/\/loudavymkrokem.cz\/wp-content\/uploads\/2026\/08\/dovolena-malta-t07.jpg\" alt=\"Az Mdina, a Csendes V\u00e1ros kapuja\" class=\"wp-image-399675\" title=\"\" srcset=\"https:\/\/loudavymkrokem.cz\/wp-content\/uploads\/2026\/08\/dovolena-malta-t07.jpg 1500w, https:\/\/loudavymkrokem.cz\/wp-content\/uploads\/2026\/08\/dovolena-malta-t07-300x225.jpg 300w, https:\/\/loudavymkrokem.cz\/wp-content\/uploads\/2026\/08\/dovolena-malta-t07-700x525.jpg 700w, https:\/\/loudavymkrokem.cz\/wp-content\/uploads\/2026\/08\/dovolena-malta-t07-768x576.jpg 768w, https:\/\/loudavymkrokem.cz\/wp-content\/uploads\/2026\/08\/dovolena-malta-t07-80x60.jpg 80w, https:\/\/loudavymkrokem.cz\/wp-content\/uploads\/2026\/08\/dovolena-malta-t07-160x120.jpg 160w, https:\/\/loudavymkrokem.cz\/wp-content\/uploads\/2026\/08\/dovolena-malta-t07-696x522.jpg 696w, https:\/\/loudavymkrokem.cz\/wp-content\/uploads\/2026\/08\/dovolena-malta-t07-1392x1044.jpg 1392w\" sizes=\"(max-width: 1500px) 100vw, 1500px\" \/><button\n\t\t\tclass=\"lightbox-trigger\"\n\t\t\ttype=\"button\"\n\t\t\taria-haspopup=\"dialog\"\n\t\t\tdata-wp-bind--aria-label=\"state.thisImage.triggerButtonAriaLabel\"\n\t\t\tdata-wp-init=\"callbacks.initTriggerButton\"\n\t\t\tdata-wp-on--click=\"actions.showLightbox\"\n\t\t\tdata-wp-style--right=\"state.thisImage.buttonRight\"\n\t\t\tdata-wp-style--top=\"state.thisImage.buttonTop\"\n\t\t>\n\t\t\t<svg xmlns=\"http:\/\/www.w3.org\/2000\/svg\" width=\"12\" height=\"12\" fill=\"none\" viewBox=\"0 0 12 12\">\n\t\t\t\t<path fill=\"#fff\" d=\"M2 0a2 2 0 0 0-2 2v2h1.5V2a.5.5 0 0 1 .5-.5h2V0H2Zm2 10.5H2a.5.5 0 0 1-.5-.5V8H0v2a2 2 0 0 0 2 2h2v-1.5ZM8 12v-1.5h2a.5.5 0 0 0 .5-.5V8H12v2a2 2 0 0 1-2 2H8Zm2-12a2 2 0 0 1 2 2v2h-1.5V2a.5.5 0 0 0-.5-.5H8V0h2Z\" \/>\n\t\t\t<\/svg>\n\t\t<\/button><figcaption class=\"wp-element-caption\">Az Mdina, a Csendes V\u00e1ros kapuja (Fot\u00f3: Simontabone \/ Wikimedia Commons, CC BY-SA 4.0)<\/figcaption><\/figure>\n\n\n\n<p class=\"wp-block-paragraph\">Napk\u00f6zben a falakon bel\u00fcl el\u00e9g nagy a ny\u00fczsg\u00e9s, ez\u00e9rt \u00e9rdemes a l\u00e1togat\u00e1st ink\u00e1bb est\u00e9re id\u0151z\u00edteni, amikor a legt\u00f6bb szervezett kir\u00e1ndul\u00e1s visszaindul a tengerhez. S\u00f6t\u00e9ted\u00e9s ut\u00e1n a t\u00f6rt\u00e9nelmi utc\u00e1k szinte \u00fcresen maradnak, a l\u00e1mp\u00e1k hossz\u00fa \u00e1rny\u00e9kokat vetnek, \u00e9s \u00e1ll\u00edt\u00f3lag csak ekkor <strong>\u00e9rted meg igaz\u00e1n, mi\u00e9rt \u00e9rdemli meg Mdina a csendes nev\u00e9t<\/strong>.<\/p>\n\n\n\n<h3 id=\"8_Rabat_es_a_Szent_Pal_katakombak\" class=\"wp-block-heading\"><span class=\"ez-toc-section\" id=\"8_Rabat_es_a_Szent_Pal-katakombak\"><\/span>8. Rabat \u00e9s a Szent P\u00e1l-katakomb\u00e1k<span class=\"ez-toc-section-end\"><\/span><\/h3>\n\n\n\n<p class=\"wp-block-paragraph\">Mdina falai m\u00f6g\u00f6tt folytat\u00f3lagosan kapcsol\u00f3dik a szomsz\u00e9dos Rabat kisv\u00e1ros, amely az utc\u00e1i alatt <strong>leny\u0171g\u00f6z\u0151, kiterjedt korai kereszt\u00e9ny f\u00f6ld alatti temetkez\u0151helyet<\/strong> rejt. \u00c9ppen itt fedezheted fel biztons\u00e1gosan a s\u00f6t\u00e9t katakomb\u00e1kat, ahol egykor a halottakat temett\u00e9k, \u00e9s bepillanthatsz a tisztelt Szent P\u00e1l-barlangba, amelyben ez az apostol \u00e1ll\u00edt\u00f3lag a haj\u00f3t\u00f6r\u00e9se ut\u00e1n tart\u00f3zkodott.<\/p>\n\n\n\n<figure data-wp-context=\"{&quot;imageId&quot;:&quot;6a9c1d573d568&quot;}\" data-wp-interactive=\"core\/image\" data-wp-key=\"6a9c1d573d568\" class=\"wp-block-image size-full wp-lightbox-container\"><img decoding=\"async\" width=\"1500\" height=\"1149\" data-wp-class--hide=\"state.isContentHidden\" data-wp-class--show=\"state.isContentVisible\" data-wp-init=\"callbacks.setButtonStyles\" data-wp-on--click=\"actions.showLightbox\" data-wp-on--load=\"callbacks.setButtonStyles\" data-wp-on--pointerdown=\"actions.preloadImage\" data-wp-on--pointerenter=\"actions.preloadImageWithDelay\" data-wp-on--pointerleave=\"actions.cancelPreload\" data-wp-on-window--resize=\"callbacks.setButtonStyles\" src=\"https:\/\/loudavymkrokem.cz\/wp-content\/uploads\/2026\/08\/dovolena-malta-t08.jpg\" alt=\"Szent P\u00e1l-katakomb\u00e1k Rabatban\" class=\"wp-image-399680\" title=\"\" srcset=\"https:\/\/loudavymkrokem.cz\/wp-content\/uploads\/2026\/08\/dovolena-malta-t08.jpg 1500w, https:\/\/loudavymkrokem.cz\/wp-content\/uploads\/2026\/08\/dovolena-malta-t08-300x230.jpg 300w, https:\/\/loudavymkrokem.cz\/wp-content\/uploads\/2026\/08\/dovolena-malta-t08-700x536.jpg 700w, https:\/\/loudavymkrokem.cz\/wp-content\/uploads\/2026\/08\/dovolena-malta-t08-768x588.jpg 768w, https:\/\/loudavymkrokem.cz\/wp-content\/uploads\/2026\/08\/dovolena-malta-t08-80x60.jpg 80w, https:\/\/loudavymkrokem.cz\/wp-content\/uploads\/2026\/08\/dovolena-malta-t08-696x533.jpg 696w, https:\/\/loudavymkrokem.cz\/wp-content\/uploads\/2026\/08\/dovolena-malta-t08-1392x1066.jpg 1392w\" sizes=\"(max-width: 1500px) 100vw, 1500px\" \/><button\n\t\t\tclass=\"lightbox-trigger\"\n\t\t\ttype=\"button\"\n\t\t\taria-haspopup=\"dialog\"\n\t\t\tdata-wp-bind--aria-label=\"state.thisImage.triggerButtonAriaLabel\"\n\t\t\tdata-wp-init=\"callbacks.initTriggerButton\"\n\t\t\tdata-wp-on--click=\"actions.showLightbox\"\n\t\t\tdata-wp-style--right=\"state.thisImage.buttonRight\"\n\t\t\tdata-wp-style--top=\"state.thisImage.buttonTop\"\n\t\t>\n\t\t\t<svg xmlns=\"http:\/\/www.w3.org\/2000\/svg\" width=\"12\" height=\"12\" fill=\"none\" viewBox=\"0 0 12 12\">\n\t\t\t\t<path fill=\"#fff\" d=\"M2 0a2 2 0 0 0-2 2v2h1.5V2a.5.5 0 0 1 .5-.5h2V0H2Zm2 10.5H2a.5.5 0 0 1-.5-.5V8H0v2a2 2 0 0 0 2 2h2v-1.5ZM8 12v-1.5h2a.5.5 0 0 0 .5-.5V8H12v2a2 2 0 0 1-2 2H8Zm2-12a2 2 0 0 1 2 2v2h-1.5V2a.5.5 0 0 0-.5-.5H8V0h2Z\" \/>\n\t\t\t<\/svg>\n\t\t<\/button><figcaption class=\"wp-element-caption\">Szent P\u00e1l-katakomb\u00e1k Rabatban (Fot\u00f3: Diego Delso \/ Wikimedia Commons, CC BY-SA 4.0)<\/figcaption><\/figure>\n\n\n\n<p class=\"wp-block-paragraph\">A sz\u00f6vev\u00e9nyes f\u00f6ld alatti folyos\u00f3k bej\u00e1r\u00e1sa legal\u00e1bb egy \u00f3r\u00e1t vesz ig\u00e9nybe, \u00e9s j\u00f3 tudni, hogy odalent el\u00e9g h\u0171v\u00f6s van, \u00edgy j\u00f3l j\u00f6n egy k\u00f6nny\u0171 pul\u00f3ver. A nyitvatart\u00e1st ink\u00e1bb <strong>mindig ellen\u0151rizd el\u0151re a hivatalos honlapon<\/strong>, mert szezon\u00e1lisan v\u00e1ltozhat, \u00e9s egyes szakaszok megk\u00f6zel\u00edt\u00e9se nem teljesen egyszer\u0171 a cs\u00f6kkent mozg\u00e1sk\u00e9pess\u00e9g\u0171 emberek sz\u00e1m\u00e1ra.<\/p>\n\n\n\n<h3 id=\"9_A_mostai_rotunda_es_a_bomba_tortenete\" class=\"wp-block-heading\"><span class=\"ez-toc-section\" id=\"9_A_mostai_rotunda_es_a_bomba_tortenete\"><\/span>9. A mostai rotunda \u00e9s a bomba t\u00f6rt\u00e9nete<span class=\"ez-toc-section-end\"><\/span><\/h3>\n\n\n\n<p class=\"wp-block-paragraph\">A Mosta kisv\u00e1rosban \u00e1ll\u00f3 monument\u00e1lis templom eg\u00e9sz Eur\u00f3pa egyik legnagyobb, al\u00e1t\u00e1maszt\u00e1s n\u00e9lk\u00fcli kupol\u00e1j\u00e1val b\u00fcszk\u00e9lkedhet, \u00e9s m\u00e1r messzir\u0151l az eg\u00e9sz sziget elmaradhatatlan l\u00e1tv\u00e1nyoss\u00e1ga. Nem csak a leny\u0171g\u00f6z\u0151 \u00e9p\u00edt\u00e9szetr\u0151l van sz\u00f3, mert ehhez a helyhez egy <strong>szinte hihetetlen m\u00e1sodik vil\u00e1gh\u00e1bor\u00fas t\u00f6rt\u00e9net<\/strong> k\u00f6t\u0151dik, amely M\u00e1lta egyik legkeresettebb hely\u00e9v\u00e9 tette.<\/p>\n\n\n\n<figure data-wp-context=\"{&quot;imageId&quot;:&quot;6a9c1d573da07&quot;}\" data-wp-interactive=\"core\/image\" data-wp-key=\"6a9c1d573da07\" class=\"wp-block-image size-full wp-lightbox-container\"><img decoding=\"async\" width=\"1500\" height=\"998\" data-wp-class--hide=\"state.isContentHidden\" data-wp-class--show=\"state.isContentVisible\" data-wp-init=\"callbacks.setButtonStyles\" data-wp-on--click=\"actions.showLightbox\" data-wp-on--load=\"callbacks.setButtonStyles\" data-wp-on--pointerdown=\"actions.preloadImage\" data-wp-on--pointerenter=\"actions.preloadImageWithDelay\" data-wp-on--pointerleave=\"actions.cancelPreload\" data-wp-on-window--resize=\"callbacks.setButtonStyles\" src=\"https:\/\/loudavymkrokem.cz\/wp-content\/uploads\/2026\/08\/dovolena-malta-t09.jpg\" alt=\"A mostai rotunda \u00f3ri\u00e1si kupol\u00e1j\u00e1val\" class=\"wp-image-399687\" title=\"\" srcset=\"https:\/\/loudavymkrokem.cz\/wp-content\/uploads\/2026\/08\/dovolena-malta-t09.jpg 1500w, https:\/\/loudavymkrokem.cz\/wp-content\/uploads\/2026\/08\/dovolena-malta-t09-300x200.jpg 300w, https:\/\/loudavymkrokem.cz\/wp-content\/uploads\/2026\/08\/dovolena-malta-t09-700x466.jpg 700w, https:\/\/loudavymkrokem.cz\/wp-content\/uploads\/2026\/08\/dovolena-malta-t09-768x511.jpg 768w, https:\/\/loudavymkrokem.cz\/wp-content\/uploads\/2026\/08\/dovolena-malta-t09-696x463.jpg 696w, https:\/\/loudavymkrokem.cz\/wp-content\/uploads\/2026\/08\/dovolena-malta-t09-1392x926.jpg 1392w\" sizes=\"(max-width: 1500px) 100vw, 1500px\" \/><button\n\t\t\tclass=\"lightbox-trigger\"\n\t\t\ttype=\"button\"\n\t\t\taria-haspopup=\"dialog\"\n\t\t\tdata-wp-bind--aria-label=\"state.thisImage.triggerButtonAriaLabel\"\n\t\t\tdata-wp-init=\"callbacks.initTriggerButton\"\n\t\t\tdata-wp-on--click=\"actions.showLightbox\"\n\t\t\tdata-wp-style--right=\"state.thisImage.buttonRight\"\n\t\t\tdata-wp-style--top=\"state.thisImage.buttonTop\"\n\t\t>\n\t\t\t<svg xmlns=\"http:\/\/www.w3.org\/2000\/svg\" width=\"12\" height=\"12\" fill=\"none\" viewBox=\"0 0 12 12\">\n\t\t\t\t<path fill=\"#fff\" d=\"M2 0a2 2 0 0 0-2 2v2h1.5V2a.5.5 0 0 1 .5-.5h2V0H2Zm2 10.5H2a.5.5 0 0 1-.5-.5V8H0v2a2 2 0 0 0 2 2h2v-1.5ZM8 12v-1.5h2a.5.5 0 0 0 .5-.5V8H12v2a2 2 0 0 1-2 2H8Zm2-12a2 2 0 0 1 2 2v2h-1.5V2a.5.5 0 0 0-.5-.5H8V0h2Z\" \/>\n\t\t\t<\/svg>\n\t\t<\/button><figcaption class=\"wp-element-caption\">A mostai rotunda \u00f3ri\u00e1si kupol\u00e1j\u00e1val (Fot\u00f3: Mstyslav Chernov \/ Wikimedia Commons, CC BY-SA 3.0)<\/figcaption><\/figure>\n\n\n\n<p class=\"wp-block-paragraph\">1942 \u00e1prilis\u00e1ban ugyanis a mise k\u00f6zben egy n\u00e9met l\u00e9gibomba \u00fct\u00f6tte \u00e1t a hatalmas kupol\u00e1t, egyenesen a t\u00f6m\u00f6tt templom k\u00f6zep\u00e9re esett, de csod\u00e1val hat\u00e1ros m\u00f3don egy\u00e1ltal\u00e1n nem robbant fel. Ma odabent megn\u00e9zheted <strong>ennek a h\u00edres bomb\u00e1nak a pontos m\u00e1solat\u00e1t<\/strong>, a helyiek pedig mind a mai napig szil\u00e1rdan hisznek benne, hogy akkor a h\u00e1romsz\u00e1z h\u00edv\u0151 f\u00f6l\u00f6tt egyszer\u0171en az \u00f6sszes szent ott \u00e1llt.<\/p>\n\n\n\n<h3 id=\"10_Dingli_Cliffs_sziklak_a_nyugati_part_folott\" class=\"wp-block-heading\"><span class=\"ez-toc-section\" id=\"10_Dingli_Cliffs_sziklak_a_nyugati_part_folott\"><\/span>10. Dingli Cliffs: szikl\u00e1k a nyugati part f\u00f6l\u00f6tt<span class=\"ez-toc-section-end\"><\/span><\/h3>\n\n\n\n<p class=\"wp-block-paragraph\">A term\u00e9szet \u00e9s a dr\u00e1mai kil\u00e1t\u00e1sok szerelmeseinek ezek a hatalmas szikl\u00e1k a nyugati parton k\u00f6telez\u0151 \u00fati c\u00e9l, mert az eg\u00e9sz szigetcsoport legmagasabb pontj\u00e1t alkotj\u00e1k. A m\u00e9szk\u0151falak meredeken zuhannak egyenesen a tengerbe, \u00e9s a t\u00f6bbi utaz\u00f3 tapasztalata szerint itt \u00e9led \u00e1t a <strong>legszebb \u00e9s legnyugodtabb s\u00e9t\u00e1t<\/strong>, ahol csak a sz\u00e9l \u00e9s a tengeri hull\u00e1mver\u00e9s hangja k\u00eds\u00e9r.<\/p>\n\n\n\n<figure data-wp-context=\"{&quot;imageId&quot;:&quot;6a9c1d573e004&quot;}\" data-wp-interactive=\"core\/image\" data-wp-key=\"6a9c1d573e004\" class=\"wp-block-image size-full wp-lightbox-container\"><img decoding=\"async\" width=\"1500\" height=\"1042\" data-wp-class--hide=\"state.isContentHidden\" data-wp-class--show=\"state.isContentVisible\" data-wp-init=\"callbacks.setButtonStyles\" data-wp-on--click=\"actions.showLightbox\" data-wp-on--load=\"callbacks.setButtonStyles\" data-wp-on--pointerdown=\"actions.preloadImage\" data-wp-on--pointerenter=\"actions.preloadImageWithDelay\" data-wp-on--pointerleave=\"actions.cancelPreload\" data-wp-on-window--resize=\"callbacks.setButtonStyles\" src=\"https:\/\/loudavymkrokem.cz\/wp-content\/uploads\/2026\/08\/dovolena-malta-t10.jpg\" alt=\"A Dingli-szikl\u00e1k a nyugati parton\" class=\"wp-image-399692\" title=\"\" srcset=\"https:\/\/loudavymkrokem.cz\/wp-content\/uploads\/2026\/08\/dovolena-malta-t10.jpg 1500w, https:\/\/loudavymkrokem.cz\/wp-content\/uploads\/2026\/08\/dovolena-malta-t10-300x208.jpg 300w, https:\/\/loudavymkrokem.cz\/wp-content\/uploads\/2026\/08\/dovolena-malta-t10-700x486.jpg 700w, https:\/\/loudavymkrokem.cz\/wp-content\/uploads\/2026\/08\/dovolena-malta-t10-768x534.jpg 768w, https:\/\/loudavymkrokem.cz\/wp-content\/uploads\/2026\/08\/dovolena-malta-t10-696x483.jpg 696w, https:\/\/loudavymkrokem.cz\/wp-content\/uploads\/2026\/08\/dovolena-malta-t10-1392x967.jpg 1392w\" sizes=\"(max-width: 1500px) 100vw, 1500px\" \/><button\n\t\t\tclass=\"lightbox-trigger\"\n\t\t\ttype=\"button\"\n\t\t\taria-haspopup=\"dialog\"\n\t\t\tdata-wp-bind--aria-label=\"state.thisImage.triggerButtonAriaLabel\"\n\t\t\tdata-wp-init=\"callbacks.initTriggerButton\"\n\t\t\tdata-wp-on--click=\"actions.showLightbox\"\n\t\t\tdata-wp-style--right=\"state.thisImage.buttonRight\"\n\t\t\tdata-wp-style--top=\"state.thisImage.buttonTop\"\n\t\t>\n\t\t\t<svg xmlns=\"http:\/\/www.w3.org\/2000\/svg\" width=\"12\" height=\"12\" fill=\"none\" viewBox=\"0 0 12 12\">\n\t\t\t\t<path fill=\"#fff\" d=\"M2 0a2 2 0 0 0-2 2v2h1.5V2a.5.5 0 0 1 .5-.5h2V0H2Zm2 10.5H2a.5.5 0 0 1-.5-.5V8H0v2a2 2 0 0 0 2 2h2v-1.5ZM8 12v-1.5h2a.5.5 0 0 0 .5-.5V8H12v2a2 2 0 0 1-2 2H8Zm2-12a2 2 0 0 1 2 2v2h-1.5V2a.5.5 0 0 0-.5-.5H8V0h2Z\" \/>\n\t\t\t<\/svg>\n\t\t<\/button><figcaption class=\"wp-element-caption\">A Dingli-szikl\u00e1k a nyugati parton (Fot\u00f3: Felix K\u00f6nig \/ Wikimedia Commons, CC BY 3.0)<\/figcaption><\/figure>\n\n\n\n<p class=\"wp-block-paragraph\">A szikl\u00e1k logikusan estefel\u00e9 a legvar\u00e1zslatosabbak, amikor a fot\u00f3sok idesereglenek elcs\u00edpni a lenyugv\u00f3 nap legjobb k\u00e9peit. Hogy idejuss, csak fel kell sz\u00e1llnod a buszra, de ne feledd, hogy <strong>a meg\u00e1ll\u00f3t\u00f3l egy kicsit gyalogolnod kell<\/strong>, \u00edgy a k\u00e9nyelmes cip\u0151 mindenk\u00e9pp jobb v\u00e1laszt\u00e1s, mint a v\u00e9kony strandpapucs.<\/p>\n\n\n\n<h3 id=\"11_Mosta_Naxxar_es_a_Palazzo_Parisio\" class=\"wp-block-heading\"><span class=\"ez-toc-section\" id=\"11_Mosta_Naxxar_es_a_Palazzo_Parisio\"><\/span>11. Mosta, Naxxar \u00e9s a Palazzo Parisio<span class=\"ez-toc-section-end\"><\/span><\/h3>\n\n\n\n<p class=\"wp-block-paragraph\">Ha m\u00e1r a sziget k\u00f6zep\u00e9t fedezed fel Mosta kisv\u00e1ros k\u00f6rny\u00e9k\u00e9n, semmik\u00e9pp ne hagyd ki a szomsz\u00e9dos Naxxar falut, ahol egy teljesen elk\u00e9peszt\u0151 nemesi rezidencia \u00e1ll. A Palazzo Parisio palota ugyanis a turist\u00e1k k\u00f6r\u00e9ben ki\u00e9rdemelte a <strong>m\u00e1ltai kis Versailles becenevet<\/strong>, els\u0151sorban gazdagon d\u00edsz\u00edtett bels\u0151j\u00e9nek \u00e9s gy\u00f6ny\u00f6r\u0171en gondozott kertj\u00e9nek k\u00f6sz\u00f6nhet\u0151en.<\/p>\n\n\n\n<figure data-wp-context=\"{&quot;imageId&quot;:&quot;6a9c1d573e5a2&quot;}\" data-wp-interactive=\"core\/image\" data-wp-key=\"6a9c1d573e5a2\" class=\"wp-block-image size-full wp-lightbox-container\"><img decoding=\"async\" width=\"1500\" height=\"1120\" data-wp-class--hide=\"state.isContentHidden\" data-wp-class--show=\"state.isContentVisible\" data-wp-init=\"callbacks.setButtonStyles\" data-wp-on--click=\"actions.showLightbox\" data-wp-on--load=\"callbacks.setButtonStyles\" data-wp-on--pointerdown=\"actions.preloadImage\" data-wp-on--pointerenter=\"actions.preloadImageWithDelay\" data-wp-on--pointerleave=\"actions.cancelPreload\" data-wp-on-window--resize=\"callbacks.setButtonStyles\" src=\"https:\/\/loudavymkrokem.cz\/wp-content\/uploads\/2026\/08\/dovolena-malta-t11.jpg\" alt=\"A Palazzo Parisio kertje Naxxarban\" class=\"wp-image-399698\" title=\"\" srcset=\"https:\/\/loudavymkrokem.cz\/wp-content\/uploads\/2026\/08\/dovolena-malta-t11.jpg 1500w, https:\/\/loudavymkrokem.cz\/wp-content\/uploads\/2026\/08\/dovolena-malta-t11-300x224.jpg 300w, https:\/\/loudavymkrokem.cz\/wp-content\/uploads\/2026\/08\/dovolena-malta-t11-700x523.jpg 700w, https:\/\/loudavymkrokem.cz\/wp-content\/uploads\/2026\/08\/dovolena-malta-t11-768x573.jpg 768w, https:\/\/loudavymkrokem.cz\/wp-content\/uploads\/2026\/08\/dovolena-malta-t11-80x60.jpg 80w, https:\/\/loudavymkrokem.cz\/wp-content\/uploads\/2026\/08\/dovolena-malta-t11-160x120.jpg 160w, https:\/\/loudavymkrokem.cz\/wp-content\/uploads\/2026\/08\/dovolena-malta-t11-696x520.jpg 696w, https:\/\/loudavymkrokem.cz\/wp-content\/uploads\/2026\/08\/dovolena-malta-t11-1392x1039.jpg 1392w\" sizes=\"(max-width: 1500px) 100vw, 1500px\" \/><button\n\t\t\tclass=\"lightbox-trigger\"\n\t\t\ttype=\"button\"\n\t\t\taria-haspopup=\"dialog\"\n\t\t\tdata-wp-bind--aria-label=\"state.thisImage.triggerButtonAriaLabel\"\n\t\t\tdata-wp-init=\"callbacks.initTriggerButton\"\n\t\t\tdata-wp-on--click=\"actions.showLightbox\"\n\t\t\tdata-wp-style--right=\"state.thisImage.buttonRight\"\n\t\t\tdata-wp-style--top=\"state.thisImage.buttonTop\"\n\t\t>\n\t\t\t<svg xmlns=\"http:\/\/www.w3.org\/2000\/svg\" width=\"12\" height=\"12\" fill=\"none\" viewBox=\"0 0 12 12\">\n\t\t\t\t<path fill=\"#fff\" d=\"M2 0a2 2 0 0 0-2 2v2h1.5V2a.5.5 0 0 1 .5-.5h2V0H2Zm2 10.5H2a.5.5 0 0 1-.5-.5V8H0v2a2 2 0 0 0 2 2h2v-1.5ZM8 12v-1.5h2a.5.5 0 0 0 .5-.5V8H12v2a2 2 0 0 1-2 2H8Zm2-12a2 2 0 0 1 2 2v2h-1.5V2a.5.5 0 0 0-.5-.5H8V0h2Z\" \/>\n\t\t\t<\/svg>\n\t\t<\/button><figcaption class=\"wp-element-caption\">A Palazzo Parisio kertje Naxxarban (Fot\u00f3: Continentaleurope \/ Wikimedia Commons, CC BY-SA 3.0)<\/figcaption><\/figure>\n\n\n\n<p class=\"wp-block-paragraph\">A bel\u00e9p\u0151t a f\u0151kapun\u00e1l fizeted, a l\u00e1togat\u00e1s pedig \u00e1ll\u00edt\u00f3lag minden pomp\u00e1s barokk \u00e9p\u00edt\u00e9szet szerelmes\u00e9t leny\u0171g\u00f6zi. A palot\u00e1ban tett s\u00e9ta ut\u00e1n r\u00e1ad\u00e1sul meg\u00f6rvendeztetheted magad, \u00e9s <strong>meg\u00e1llhatsz egy k\u00e1v\u00e9ra vagy te\u00e1ra egyenesen a palotakertekben<\/strong>, ami a v\u00e9lem\u00e9nyek szerint hihetetlen\u00fcl romantikus pont az eg\u00e9sz nap v\u00e9g\u00e9n.<\/p>\n\n\n\n<h3 id=\"12_Ta_Qali_es_a_kezmuves_falu\" class=\"wp-block-heading\"><span class=\"ez-toc-section\" id=\"12_Ta_Qali_es_a_kezmuves_falu\"><\/span>12. Ta&#8217; Qali \u00e9s a k\u00e9zm\u0171ves falu<span class=\"ez-toc-section-end\"><\/span><\/h3>\n\n\n\n<p class=\"wp-block-paragraph\">A hajdani katonai rep\u00fcl\u0151t\u00e9r id\u0151vel egy kiterjedt parkk\u00e1 alakult, amelynek f\u0151 l\u00e1tv\u00e1nyoss\u00e1ga egy nagyon n\u00e9pszer\u0171 k\u00e9zm\u0171ves falucska, ahov\u00e1 els\u0151sorban a helyi term\u00e9kek\u00e9rt j\u00e1rnak. Ha a nyaral\u00e1sb\u00f3l <strong>min\u0151s\u00e9gi szuven\u00edrt szeretn\u00e9l hazahozni, ami nem K\u00edn\u00e1b\u00f3l sz\u00e1rmazik<\/strong>, itt olyan m\u0171helyeket tal\u00e1lsz, amelyek tele vannak hagyom\u00e1nyos, k\u00e9zzel f\u00fajt \u00fcveggel \u00e9s finom ez\u00fcst filigr\u00e1n munk\u00e1val.<\/p>\n\n\n\n<figure data-wp-context=\"{&quot;imageId&quot;:&quot;6a9c1d573ea5c&quot;}\" data-wp-interactive=\"core\/image\" data-wp-key=\"6a9c1d573ea5c\" class=\"wp-block-image size-full wp-lightbox-container\"><img decoding=\"async\" width=\"1500\" height=\"1000\" data-wp-class--hide=\"state.isContentHidden\" data-wp-class--show=\"state.isContentVisible\" data-wp-init=\"callbacks.setButtonStyles\" data-wp-on--click=\"actions.showLightbox\" data-wp-on--load=\"callbacks.setButtonStyles\" data-wp-on--pointerdown=\"actions.preloadImage\" data-wp-on--pointerenter=\"actions.preloadImageWithDelay\" data-wp-on--pointerleave=\"actions.cancelPreload\" data-wp-on-window--resize=\"callbacks.setButtonStyles\" src=\"https:\/\/loudavymkrokem.cz\/wp-content\/uploads\/2026\/08\/dovolena-malta-t12.jpg\" alt=\"K\u00e9zzel k\u00e9sz\u00edtett \u00fcveg M\u00e1lt\u00e1n\" class=\"wp-image-399751\" title=\"\" srcset=\"https:\/\/loudavymkrokem.cz\/wp-content\/uploads\/2026\/08\/dovolena-malta-t12.jpg 1500w, https:\/\/loudavymkrokem.cz\/wp-content\/uploads\/2026\/08\/dovolena-malta-t12-300x200.jpg 300w, https:\/\/loudavymkrokem.cz\/wp-content\/uploads\/2026\/08\/dovolena-malta-t12-700x467.jpg 700w, https:\/\/loudavymkrokem.cz\/wp-content\/uploads\/2026\/08\/dovolena-malta-t12-768x512.jpg 768w, https:\/\/loudavymkrokem.cz\/wp-content\/uploads\/2026\/08\/dovolena-malta-t12-696x464.jpg 696w, https:\/\/loudavymkrokem.cz\/wp-content\/uploads\/2026\/08\/dovolena-malta-t12-1392x928.jpg 1392w\" sizes=\"(max-width: 1500px) 100vw, 1500px\" \/><button\n\t\t\tclass=\"lightbox-trigger\"\n\t\t\ttype=\"button\"\n\t\t\taria-haspopup=\"dialog\"\n\t\t\tdata-wp-bind--aria-label=\"state.thisImage.triggerButtonAriaLabel\"\n\t\t\tdata-wp-init=\"callbacks.initTriggerButton\"\n\t\t\tdata-wp-on--click=\"actions.showLightbox\"\n\t\t\tdata-wp-style--right=\"state.thisImage.buttonRight\"\n\t\t\tdata-wp-style--top=\"state.thisImage.buttonTop\"\n\t\t>\n\t\t\t<svg xmlns=\"http:\/\/www.w3.org\/2000\/svg\" width=\"12\" height=\"12\" fill=\"none\" viewBox=\"0 0 12 12\">\n\t\t\t\t<path fill=\"#fff\" d=\"M2 0a2 2 0 0 0-2 2v2h1.5V2a.5.5 0 0 1 .5-.5h2V0H2Zm2 10.5H2a.5.5 0 0 1-.5-.5V8H0v2a2 2 0 0 0 2 2h2v-1.5ZM8 12v-1.5h2a.5.5 0 0 0 .5-.5V8H12v2a2 2 0 0 1-2 2H8Zm2-12a2 2 0 0 1 2 2v2h-1.5V2a.5.5 0 0 0-.5-.5H8V0h2Z\" \/>\n\t\t\t<\/svg>\n\t\t<\/button><figcaption class=\"wp-element-caption\">K\u00e9zzel k\u00e9sz\u00edtett \u00fcveg M\u00e1lt\u00e1n (Fot\u00f3: Noport \/ Wikimedia Commons, CC BY-SA 4.0)<\/figcaption><\/figure>\n\n\n\n<p class=\"wp-block-paragraph\">Sok m\u0171helyn\u00e9l r\u00e1ad\u00e1sul k\u00f6zvetlen\u00fcl a mester\u00fcvegf\u00fav\u00f3k kez\u00e9re n\u00e9zhetsz, \u00e9s l\u00e1thatod, ahogy ezek a t\u00f6r\u00e9keny term\u00e9kek egyenesen el\u0151tted k\u00e9sz\u00fclnek. A l\u00e1togat\u00e1st a legjobb h\u00e9tk\u00f6znap d\u00e9lel\u0151ttre tervezni, mert <strong>h\u00e9tv\u00e9g\u00e9n a legt\u00f6bb manufakt\u00fara sajnos z\u00e1rva van<\/strong>, amin sok t\u00e1j\u00e9kozatlan turista id\u0151nk\u00e9nt akaratlanul is r\u00e1fizet.<\/p>\n\n\n\n<h3 id=\"13_Marsaxlokk_halaszfalu_szines_csonakokkal\" class=\"wp-block-heading\"><span class=\"ez-toc-section\" id=\"13_Marsaxlokk_halaszfalu_szines_csonakokkal\"><\/span>13. Marsaxlokk: hal\u00e1szfalu sz\u00ednes cs\u00f3nakokkal<span class=\"ez-toc-section-end\"><\/span><\/h3>\n\n\n\n<p class=\"wp-block-paragraph\">Ez a rendk\u00edv\u00fcl fotog\u00e9n hal\u00e1szfalu a sziget d\u00e9li r\u00e9sz\u00e9n els\u0151sorban a hagyom\u00e1nyos, tarkabarka luzzu cs\u00f3nakokkal teli \u00f6b\u00f6lbe cs\u00e1b\u00edt. Az orrukon mindig felfedezel egy <strong>felfestett m\u00e1gikus Ozirisz-szemet<\/strong>, amelynek a hal\u00e1szokat kell \u00f3vnia a tengeri vesz\u00e9lyt\u0151l, \u00e9s amely tal\u00e1n a legtipikusabb m\u00e1ltai k\u00e9p.<\/p>\n\n\n\n<figure data-wp-context=\"{&quot;imageId&quot;:&quot;6a9c1d573f0cb&quot;}\" data-wp-interactive=\"core\/image\" data-wp-key=\"6a9c1d573f0cb\" class=\"wp-block-image size-full wp-lightbox-container\"><img decoding=\"async\" width=\"1500\" height=\"1000\" data-wp-class--hide=\"state.isContentHidden\" data-wp-class--show=\"state.isContentVisible\" data-wp-init=\"callbacks.setButtonStyles\" data-wp-on--click=\"actions.showLightbox\" data-wp-on--load=\"callbacks.setButtonStyles\" data-wp-on--pointerdown=\"actions.preloadImage\" data-wp-on--pointerenter=\"actions.preloadImageWithDelay\" data-wp-on--pointerleave=\"actions.cancelPreload\" data-wp-on-window--resize=\"callbacks.setButtonStyles\" src=\"https:\/\/loudavymkrokem.cz\/wp-content\/uploads\/2026\/08\/dovolena-malta-t13.jpg\" alt=\"Sz\u00ednes luzzu cs\u00f3nakok Marsaxlokkban\" class=\"wp-image-399704\" title=\"\" srcset=\"https:\/\/loudavymkrokem.cz\/wp-content\/uploads\/2026\/08\/dovolena-malta-t13.jpg 1500w, https:\/\/loudavymkrokem.cz\/wp-content\/uploads\/2026\/08\/dovolena-malta-t13-300x200.jpg 300w, https:\/\/loudavymkrokem.cz\/wp-content\/uploads\/2026\/08\/dovolena-malta-t13-700x467.jpg 700w, https:\/\/loudavymkrokem.cz\/wp-content\/uploads\/2026\/08\/dovolena-malta-t13-768x512.jpg 768w, https:\/\/loudavymkrokem.cz\/wp-content\/uploads\/2026\/08\/dovolena-malta-t13-696x464.jpg 696w, https:\/\/loudavymkrokem.cz\/wp-content\/uploads\/2026\/08\/dovolena-malta-t13-1392x928.jpg 1392w\" sizes=\"(max-width: 1500px) 100vw, 1500px\" \/><button\n\t\t\tclass=\"lightbox-trigger\"\n\t\t\ttype=\"button\"\n\t\t\taria-haspopup=\"dialog\"\n\t\t\tdata-wp-bind--aria-label=\"state.thisImage.triggerButtonAriaLabel\"\n\t\t\tdata-wp-init=\"callbacks.initTriggerButton\"\n\t\t\tdata-wp-on--click=\"actions.showLightbox\"\n\t\t\tdata-wp-style--right=\"state.thisImage.buttonRight\"\n\t\t\tdata-wp-style--top=\"state.thisImage.buttonTop\"\n\t\t>\n\t\t\t<svg xmlns=\"http:\/\/www.w3.org\/2000\/svg\" width=\"12\" height=\"12\" fill=\"none\" viewBox=\"0 0 12 12\">\n\t\t\t\t<path fill=\"#fff\" d=\"M2 0a2 2 0 0 0-2 2v2h1.5V2a.5.5 0 0 1 .5-.5h2V0H2Zm2 10.5H2a.5.5 0 0 1-.5-.5V8H0v2a2 2 0 0 0 2 2h2v-1.5ZM8 12v-1.5h2a.5.5 0 0 0 .5-.5V8H12v2a2 2 0 0 1-2 2H8Zm2-12a2 2 0 0 1 2 2v2h-1.5V2a.5.5 0 0 0-.5-.5H8V0h2Z\" \/>\n\t\t\t<\/svg>\n\t\t<\/button><figcaption class=\"wp-element-caption\">Sz\u00ednes luzzu cs\u00f3nakok Marsaxlokkban (Fot\u00f3: Vlad beu \/ Wikimedia Commons, Public domain)<\/figcaption><\/figure>\n\n\n\n<p class=\"wp-block-paragraph\">A turist\u00e1k leggyakrabban az \u00f3ri\u00e1si vas\u00e1rnapi piacra sereglenek ide, de \u0151szint\u00e9n figyelmeztetnem kell t\u00e9ged, hogy ez f\u0151leg halpiac, \u00edgy nek\u00fcnk, veget\u00e1ri\u00e1nusoknak ink\u00e1bb csak kultur\u00e1lis l\u00e1tv\u00e1nyoss\u00e1g, mint cs\u00e1b\u00edt\u00f3 gasztro\u00e1llom\u00e1s \u263a\ufe0f. K\u00e9sz\u00fclj arra is, hogy <strong>vas\u00e1rnap d\u00e9lel\u0151tt sz\u00e9trobbannak a buszok<\/strong>, ez\u00e9rt egyszer\u0171en jobb min\u00e9l kor\u00e1bban reggel elindulni.<\/p>\n\n\n\n<h3 id=\"14_Kek_barlang_Blue_Grotto\" class=\"wp-block-heading\"><span class=\"ez-toc-section\" id=\"14_Kek-barlang_Blue_Grotto\"><\/span>14. K\u00e9k-barlang (Blue Grotto)<span class=\"ez-toc-section-end\"><\/span><\/h3>\n\n\n\n<p class=\"wp-block-paragraph\">A Blue Grotto n\u00e9ven ismert term\u00e9szeti unikumot egy massz\u00edv szikla\u00edv \u00e9s \u00f6sszekapcsol\u00f3d\u00f3 tengeri barlangok sora alkotja, ahol a v\u00edz a t\u00fcrkiz szinte minden \u00e1rnyalat\u00e1ban j\u00e1tszik. A napsugarak itt a feh\u00e9r homokos fen\u00e9kr\u0151l ver\u0151dnek vissza, \u00e9s <strong>a v\u00e9lem\u00e9nyek szerint teljesen fantasztikus l\u00e1tv\u00e1ny<\/strong>, amit t\u00e9nyleg nagy b\u0171n lenne kihagyni.<\/p>\n\n\n\n<figure data-wp-context=\"{&quot;imageId&quot;:&quot;6a9c1d573f60b&quot;}\" data-wp-interactive=\"core\/image\" data-wp-key=\"6a9c1d573f60b\" class=\"wp-block-image size-full wp-lightbox-container\"><img decoding=\"async\" width=\"1500\" height=\"1000\" data-wp-class--hide=\"state.isContentHidden\" data-wp-class--show=\"state.isContentVisible\" data-wp-init=\"callbacks.setButtonStyles\" data-wp-on--click=\"actions.showLightbox\" data-wp-on--load=\"callbacks.setButtonStyles\" data-wp-on--pointerdown=\"actions.preloadImage\" data-wp-on--pointerenter=\"actions.preloadImageWithDelay\" data-wp-on--pointerleave=\"actions.cancelPreload\" data-wp-on-window--resize=\"callbacks.setButtonStyles\" src=\"https:\/\/loudavymkrokem.cz\/wp-content\/uploads\/2026\/08\/dovolena-malta-t14.jpg\" alt=\"A K\u00e9k-barlang M\u00e1lta d\u00e9li r\u00e9sz\u00e9n\" class=\"wp-image-399708\" title=\"\" srcset=\"https:\/\/loudavymkrokem.cz\/wp-content\/uploads\/2026\/08\/dovolena-malta-t14.jpg 1500w, https:\/\/loudavymkrokem.cz\/wp-content\/uploads\/2026\/08\/dovolena-malta-t14-300x200.jpg 300w, https:\/\/loudavymkrokem.cz\/wp-content\/uploads\/2026\/08\/dovolena-malta-t14-700x467.jpg 700w, https:\/\/loudavymkrokem.cz\/wp-content\/uploads\/2026\/08\/dovolena-malta-t14-768x512.jpg 768w, https:\/\/loudavymkrokem.cz\/wp-content\/uploads\/2026\/08\/dovolena-malta-t14-696x464.jpg 696w, https:\/\/loudavymkrokem.cz\/wp-content\/uploads\/2026\/08\/dovolena-malta-t14-1392x928.jpg 1392w\" sizes=\"(max-width: 1500px) 100vw, 1500px\" \/><button\n\t\t\tclass=\"lightbox-trigger\"\n\t\t\ttype=\"button\"\n\t\t\taria-haspopup=\"dialog\"\n\t\t\tdata-wp-bind--aria-label=\"state.thisImage.triggerButtonAriaLabel\"\n\t\t\tdata-wp-init=\"callbacks.initTriggerButton\"\n\t\t\tdata-wp-on--click=\"actions.showLightbox\"\n\t\t\tdata-wp-style--right=\"state.thisImage.buttonRight\"\n\t\t\tdata-wp-style--top=\"state.thisImage.buttonTop\"\n\t\t>\n\t\t\t<svg xmlns=\"http:\/\/www.w3.org\/2000\/svg\" width=\"12\" height=\"12\" fill=\"none\" viewBox=\"0 0 12 12\">\n\t\t\t\t<path fill=\"#fff\" d=\"M2 0a2 2 0 0 0-2 2v2h1.5V2a.5.5 0 0 1 .5-.5h2V0H2Zm2 10.5H2a.5.5 0 0 1-.5-.5V8H0v2a2 2 0 0 0 2 2h2v-1.5ZM8 12v-1.5h2a.5.5 0 0 0 .5-.5V8H12v2a2 2 0 0 1-2 2H8Zm2-12a2 2 0 0 1 2 2v2h-1.5V2a.5.5 0 0 0-.5-.5H8V0h2Z\" \/>\n\t\t\t<\/svg>\n\t\t<\/button><figcaption class=\"wp-element-caption\">A K\u00e9k-barlang M\u00e1lta d\u00e9li r\u00e9sz\u00e9n (Fot\u00f3: Frank Vincentz \/ Wikimedia Commons, CC BY-SA 3.0)<\/figcaption><\/figure>\n\n\n\n<p class=\"wp-block-paragraph\">A cs\u00f3nakok a k\u00f6zeli Wied i\u017c-\u017burrieq falub\u00f3l indulnak, maga a haj\u00f3z\u00e1s nagyj\u00e1b\u00f3l h\u00fasz-harminc percig tart, a legjobb f\u00e9nyviszonyok\u00e9rt pedig aj\u00e1nlott r\u00f6gt\u00f6n d\u00e9lel\u0151tt \u00e9rkezni. De ne feledd, hogy <strong>er\u0151s hull\u00e1mz\u00e1skor logikusan nem indul haj\u00f3<\/strong>, \u00edgy ha a partn\u00e1l nagyon f\u00faj, ink\u00e1bb hagyd ezt a kir\u00e1ndul\u00e1st egy j\u00f3val nyugodtabb napra.<\/p>\n\n\n\n<h3 id=\"15_Hagar_Qim_es_Mnajdra_templomok_idosebbek_a_piramisoknal\" class=\"wp-block-heading\"><span class=\"ez-toc-section\" id=\"15_Hagar_Qim_es_Mnajdra_templomok_amelyek_idosebbek_a_piramisoknal\"><\/span>15. \u0126a\u0121ar Qim \u00e9s Mnajdra: templomok, amelyek id\u0151sebbek a piramisokn\u00e1l<span class=\"ez-toc-section-end\"><\/span><\/h3>\n\n\n\n<p class=\"wp-block-paragraph\">M\u00e1lta olyan \u00e9p\u00edtm\u00e9nyekkel b\u00fcszk\u00e9lkedhet, amelyek egyenesen id\u0151sebbek az egyiptomi piramisokn\u00e1l, \u00e9s ez a k\u00e9t fantasztikus megalitikus templom nagyj\u00e1b\u00f3l az i. e. 3600 \u00e9s 3200 k\u00f6z\u00f6tti id\u0151b\u0151l sz\u00e1rmazik. Mindk\u00e9t \u0151skori komplexum a tenger f\u00f6l\u00f6tti szikl\u00e1k k\u00f6zel\u00e9ben \u00e1ll, szerepel az UNESCO-list\u00e1n, \u00e9s <strong>hatalmas t\u00f6rt\u00e9nelmi misztik\u00e1t<\/strong> \u00e1raszt, amit az utaz\u00f3k nagyon dics\u00e9rnek.<\/p>\n\n\n\n<figure data-wp-context=\"{&quot;imageId&quot;:&quot;6a9c1d573fb0b&quot;}\" data-wp-interactive=\"core\/image\" data-wp-key=\"6a9c1d573fb0b\" class=\"wp-block-image size-full wp-lightbox-container\"><img decoding=\"async\" width=\"1500\" height=\"1000\" data-wp-class--hide=\"state.isContentHidden\" data-wp-class--show=\"state.isContentVisible\" data-wp-init=\"callbacks.setButtonStyles\" data-wp-on--click=\"actions.showLightbox\" data-wp-on--load=\"callbacks.setButtonStyles\" data-wp-on--pointerdown=\"actions.preloadImage\" data-wp-on--pointerenter=\"actions.preloadImageWithDelay\" data-wp-on--pointerleave=\"actions.cancelPreload\" data-wp-on-window--resize=\"callbacks.setButtonStyles\" src=\"https:\/\/loudavymkrokem.cz\/wp-content\/uploads\/2026\/08\/dovolena-malta-t15.jpg\" alt=\"A \u0126a\u0121ar Qim megalitikus templom\" class=\"wp-image-399714\" title=\"\" srcset=\"https:\/\/loudavymkrokem.cz\/wp-content\/uploads\/2026\/08\/dovolena-malta-t15.jpg 1500w, https:\/\/loudavymkrokem.cz\/wp-content\/uploads\/2026\/08\/dovolena-malta-t15-300x200.jpg 300w, https:\/\/loudavymkrokem.cz\/wp-content\/uploads\/2026\/08\/dovolena-malta-t15-700x467.jpg 700w, https:\/\/loudavymkrokem.cz\/wp-content\/uploads\/2026\/08\/dovolena-malta-t15-768x512.jpg 768w, https:\/\/loudavymkrokem.cz\/wp-content\/uploads\/2026\/08\/dovolena-malta-t15-696x464.jpg 696w, https:\/\/loudavymkrokem.cz\/wp-content\/uploads\/2026\/08\/dovolena-malta-t15-1392x928.jpg 1392w\" sizes=\"(max-width: 1500px) 100vw, 1500px\" \/><button\n\t\t\tclass=\"lightbox-trigger\"\n\t\t\ttype=\"button\"\n\t\t\taria-haspopup=\"dialog\"\n\t\t\tdata-wp-bind--aria-label=\"state.thisImage.triggerButtonAriaLabel\"\n\t\t\tdata-wp-init=\"callbacks.initTriggerButton\"\n\t\t\tdata-wp-on--click=\"actions.showLightbox\"\n\t\t\tdata-wp-style--right=\"state.thisImage.buttonRight\"\n\t\t\tdata-wp-style--top=\"state.thisImage.buttonTop\"\n\t\t>\n\t\t\t<svg xmlns=\"http:\/\/www.w3.org\/2000\/svg\" width=\"12\" height=\"12\" fill=\"none\" viewBox=\"0 0 12 12\">\n\t\t\t\t<path fill=\"#fff\" d=\"M2 0a2 2 0 0 0-2 2v2h1.5V2a.5.5 0 0 1 .5-.5h2V0H2Zm2 10.5H2a.5.5 0 0 1-.5-.5V8H0v2a2 2 0 0 0 2 2h2v-1.5ZM8 12v-1.5h2a.5.5 0 0 0 .5-.5V8H12v2a2 2 0 0 1-2 2H8Zm2-12a2 2 0 0 1 2 2v2h-1.5V2a.5.5 0 0 0-.5-.5H8V0h2Z\" \/>\n\t\t\t<\/svg>\n\t\t<\/button><figcaption class=\"wp-element-caption\">A \u0126a\u0121ar Qim megalitikus templom (Fot\u00f3: Diego Delso \/ Wikimedia Commons, CC BY-SA 4.0)<\/figcaption><\/figure>\n\n\n\n<p class=\"wp-block-paragraph\">Hogy ne kopjanak tov\u00e1bb az \u00e9rt\u00e9kes k\u00f6vek, mindk\u00e9t templomot okosan hatalmas v\u00e9d\u0151s\u00e1trak fedik, aminek r\u00e1ad\u00e1sul megvan az az el\u0151nye, hogy ny\u00e1ron kegyelmes \u00e1rny\u00e9kot adnak. A magas ny\u00e1ri h\u0151m\u00e9rs\u00e9klet miatt viszont \u00edgy is <strong>ne felejts elegend\u0151 iv\u00f3vizet vinni<\/strong>, mert a ter\u00fclet el\u00e9g kiterjedt, \u00e9s a l\u00e1togat\u00e1s egy ideig eltart.<\/p>\n\n\n\n<h3 id=\"16_St_Peters_Pool_termeszetes_medence_a_sziklaban\" class=\"wp-block-heading\"><span class=\"ez-toc-section\" id=\"16_St_Peters_Pool_termeszetes_medence_a_sziklaban\"><\/span>16. St Peter&#8217;s Pool: term\u00e9szetes medence a szikl\u00e1ban<span class=\"ez-toc-section-end\"><\/span><\/h3>\n\n\n\n<p class=\"wp-block-paragraph\">Marsaxlokk falut\u00f3l nem messze tal\u00e1lhat\u00f3 az egyik legn\u00e9pszer\u0171bb term\u00e9szetes medence, amelyet a tengerv\u00edz \u00e9vezredeken \u00e1t v\u00e1jt egyenesen a sima m\u00e9szk\u0151szikl\u00e1kba. A v\u00edz itt gy\u00f6ny\u00f6r\u0171en tiszta \u00e9s m\u00e9ly, ez\u00e9rt a hely f\u0151leg a fiatalabb koroszt\u00e1lyt vonzza, \u00e9s mindenkit, aki <strong>szeret l\u00e1tv\u00e1nyosan ugr\u00e1lni a v\u00edzbe<\/strong> a k\u00fcl\u00f6nb\u00f6z\u0151 magass\u00e1g\u00fa sziklap\u00e1rk\u00e1nyokr\u00f3l.<\/p>\n\n\n\n<figure data-wp-context=\"{&quot;imageId&quot;:&quot;6a9c1d5740098&quot;}\" data-wp-interactive=\"core\/image\" data-wp-key=\"6a9c1d5740098\" class=\"wp-block-image size-full wp-lightbox-container\"><img decoding=\"async\" width=\"1500\" height=\"1000\" data-wp-class--hide=\"state.isContentHidden\" data-wp-class--show=\"state.isContentVisible\" data-wp-init=\"callbacks.setButtonStyles\" data-wp-on--click=\"actions.showLightbox\" data-wp-on--load=\"callbacks.setButtonStyles\" data-wp-on--pointerdown=\"actions.preloadImage\" data-wp-on--pointerenter=\"actions.preloadImageWithDelay\" data-wp-on--pointerleave=\"actions.cancelPreload\" data-wp-on-window--resize=\"callbacks.setButtonStyles\" src=\"https:\/\/loudavymkrokem.cz\/wp-content\/uploads\/2026\/08\/dovolena-malta-t16.jpg\" alt=\"A St Peter&#039;s Pool term\u00e9szetes medence\" class=\"wp-image-399754\" title=\"\" srcset=\"https:\/\/loudavymkrokem.cz\/wp-content\/uploads\/2026\/08\/dovolena-malta-t16.jpg 1500w, https:\/\/loudavymkrokem.cz\/wp-content\/uploads\/2026\/08\/dovolena-malta-t16-300x200.jpg 300w, https:\/\/loudavymkrokem.cz\/wp-content\/uploads\/2026\/08\/dovolena-malta-t16-700x467.jpg 700w, https:\/\/loudavymkrokem.cz\/wp-content\/uploads\/2026\/08\/dovolena-malta-t16-768x512.jpg 768w, https:\/\/loudavymkrokem.cz\/wp-content\/uploads\/2026\/08\/dovolena-malta-t16-696x464.jpg 696w, https:\/\/loudavymkrokem.cz\/wp-content\/uploads\/2026\/08\/dovolena-malta-t16-1392x928.jpg 1392w\" sizes=\"(max-width: 1500px) 100vw, 1500px\" \/><button\n\t\t\tclass=\"lightbox-trigger\"\n\t\t\ttype=\"button\"\n\t\t\taria-haspopup=\"dialog\"\n\t\t\tdata-wp-bind--aria-label=\"state.thisImage.triggerButtonAriaLabel\"\n\t\t\tdata-wp-init=\"callbacks.initTriggerButton\"\n\t\t\tdata-wp-on--click=\"actions.showLightbox\"\n\t\t\tdata-wp-style--right=\"state.thisImage.buttonRight\"\n\t\t\tdata-wp-style--top=\"state.thisImage.buttonTop\"\n\t\t>\n\t\t\t<svg xmlns=\"http:\/\/www.w3.org\/2000\/svg\" width=\"12\" height=\"12\" fill=\"none\" viewBox=\"0 0 12 12\">\n\t\t\t\t<path fill=\"#fff\" d=\"M2 0a2 2 0 0 0-2 2v2h1.5V2a.5.5 0 0 1 .5-.5h2V0H2Zm2 10.5H2a.5.5 0 0 1-.5-.5V8H0v2a2 2 0 0 0 2 2h2v-1.5ZM8 12v-1.5h2a.5.5 0 0 0 .5-.5V8H12v2a2 2 0 0 1-2 2H8Zm2-12a2 2 0 0 1 2 2v2h-1.5V2a.5.5 0 0 0-.5-.5H8V0h2Z\" \/>\n\t\t\t<\/svg>\n\t\t<\/button><figcaption class=\"wp-element-caption\">A St Peter&#8217;s Pool term\u00e9szetes medence (Fot\u00f3: Diego Delso \/ Wikimedia Commons, CC BY-SA 4.0)<\/figcaption><\/figure>\n\n\n\n<p class=\"wp-block-paragraph\">Enn\u00e9l a term\u00e9szetes f\u00fcrd\u0151helyn\u00e9l egy\u00e1ltal\u00e1n nem tal\u00e1lsz turistainfrastrukt\u00far\u00e1t, sem b\u00fcf\u00e9t, sem naperny\u0151t, ez\u00e9rt mindent magaddal kell hoznod. Mindenk\u00e9pp csomagolj strapab\u00edr\u00f3 cip\u0151t vagy v\u00edzicip\u0151t, mert <strong>a szikl\u00e1k cs\u00fasz\u00f3sak \u00e9s \u00e9lesek<\/strong>, \u00e9s ha nyugalomra v\u00e1gysz, ink\u00e1bb kora reggel \u00e9rkezz, miel\u0151tt a m\u00e9szk\u0151szikl\u00e1k megtelnek t\u00f6r\u00f6lk\u00f6z\u0151kkel.<\/p>\n\n\n\n<h3 id=\"17_Hypogeum_Hal_Saflieniben\" class=\"wp-block-heading\"><span class=\"ez-toc-section\" id=\"17_Hypogeum_Hal_Saflieniben\"><\/span>17. Hypogeum \u0126al Saflieniben<span class=\"ez-toc-section-end\"><\/span><\/h3>\n\n\n\n<p class=\"wp-block-paragraph\">Ez a h\u00e1romszintes, m\u00e9lyen a szikl\u00e1ba v\u00e1jt f\u00f6ld alatti szent\u00e9ly teljes vil\u00e1grasz\u00f3l\u00f3 unikum, \u00e9s \u00e1ll\u00edt\u00f3lag ez M\u00e1lta legtitokzatosabb eml\u00e9ke. Teljesen v\u00e9letlen\u00fcl fedezt\u00e9k fel a munk\u00e1sok, amikor \u00faj h\u00e1zak alapjait \u00e1st\u00e1k, ma pedig olyan hely, amely <strong>\u00f6sszetett \u00e9p\u00edt\u00e9szet\u00e9vel<\/strong> \u00e9s a m\u00e9ly termek t\u00f6k\u00e9letes akusztik\u00e1j\u00e1val ny\u0171g\u00f6z le.<\/p>\n\n\n\n<figure data-wp-context=\"{&quot;imageId&quot;:&quot;6a9c1d57404b5&quot;}\" data-wp-interactive=\"core\/image\" data-wp-key=\"6a9c1d57404b5\" class=\"wp-block-image size-full wp-lightbox-container\"><img decoding=\"async\" width=\"1500\" height=\"1125\" data-wp-class--hide=\"state.isContentHidden\" data-wp-class--show=\"state.isContentVisible\" data-wp-init=\"callbacks.setButtonStyles\" data-wp-on--click=\"actions.showLightbox\" data-wp-on--load=\"callbacks.setButtonStyles\" data-wp-on--pointerdown=\"actions.preloadImage\" data-wp-on--pointerenter=\"actions.preloadImageWithDelay\" data-wp-on--pointerleave=\"actions.cancelPreload\" data-wp-on-window--resize=\"callbacks.setButtonStyles\" src=\"https:\/\/loudavymkrokem.cz\/wp-content\/uploads\/2026\/08\/dovolena-malta-t17.jpg\" alt=\"\u0150skori templomok Tarxienben\" class=\"wp-image-399716\" title=\"\" srcset=\"https:\/\/loudavymkrokem.cz\/wp-content\/uploads\/2026\/08\/dovolena-malta-t17.jpg 1500w, https:\/\/loudavymkrokem.cz\/wp-content\/uploads\/2026\/08\/dovolena-malta-t17-300x225.jpg 300w, https:\/\/loudavymkrokem.cz\/wp-content\/uploads\/2026\/08\/dovolena-malta-t17-700x525.jpg 700w, https:\/\/loudavymkrokem.cz\/wp-content\/uploads\/2026\/08\/dovolena-malta-t17-768x576.jpg 768w, https:\/\/loudavymkrokem.cz\/wp-content\/uploads\/2026\/08\/dovolena-malta-t17-80x60.jpg 80w, https:\/\/loudavymkrokem.cz\/wp-content\/uploads\/2026\/08\/dovolena-malta-t17-160x120.jpg 160w, https:\/\/loudavymkrokem.cz\/wp-content\/uploads\/2026\/08\/dovolena-malta-t17-696x522.jpg 696w, https:\/\/loudavymkrokem.cz\/wp-content\/uploads\/2026\/08\/dovolena-malta-t17-1392x1044.jpg 1392w\" sizes=\"(max-width: 1500px) 100vw, 1500px\" \/><button\n\t\t\tclass=\"lightbox-trigger\"\n\t\t\ttype=\"button\"\n\t\t\taria-haspopup=\"dialog\"\n\t\t\tdata-wp-bind--aria-label=\"state.thisImage.triggerButtonAriaLabel\"\n\t\t\tdata-wp-init=\"callbacks.initTriggerButton\"\n\t\t\tdata-wp-on--click=\"actions.showLightbox\"\n\t\t\tdata-wp-style--right=\"state.thisImage.buttonRight\"\n\t\t\tdata-wp-style--top=\"state.thisImage.buttonTop\"\n\t\t>\n\t\t\t<svg xmlns=\"http:\/\/www.w3.org\/2000\/svg\" width=\"12\" height=\"12\" fill=\"none\" viewBox=\"0 0 12 12\">\n\t\t\t\t<path fill=\"#fff\" d=\"M2 0a2 2 0 0 0-2 2v2h1.5V2a.5.5 0 0 1 .5-.5h2V0H2Zm2 10.5H2a.5.5 0 0 1-.5-.5V8H0v2a2 2 0 0 0 2 2h2v-1.5ZM8 12v-1.5h2a.5.5 0 0 0 .5-.5V8H12v2a2 2 0 0 1-2 2H8Zm2-12a2 2 0 0 1 2 2v2h-1.5V2a.5.5 0 0 0-.5-.5H8V0h2Z\" \/>\n\t\t\t<\/svg>\n\t\t<\/button><figcaption class=\"wp-element-caption\">\u0150skori templomok Tarxienben (Fot\u00f3: Kaybeesquared \/ Wikimedia Commons, CC BY-SA 4.0)<\/figcaption><\/figure>\n\n\n\n<p class=\"wp-block-paragraph\">Az egyed\u00fcl\u00e1ll\u00f3 mikrokl\u00edma v\u00e9delme \u00e9rdek\u00e9ben csak kis csoportokban lehet bel\u00e9pni, a bel\u00e9p\u0151t pedig logikusan fejenk\u00e9nt kell fizetni. Ha ezt a helyet a saj\u00e1t szemeddel akarod l\u00e1tni, a <strong>jegyeket online, ak\u00e1r t\u00f6bb h\u00f3nappal el\u0151re le kell foglalnod<\/strong>, mert hihetetlen\u00fcl gyorsan elkelnek, \u00e9s a helysz\u00ednen m\u00e1r es\u00e9lyed sincs szerezni.<\/p>\n\n\n\n<!-- LKM_GYG_CARD start q=\"malta\" lang=\"hu\" rendered=\"2026-09-05T12:13:20+00:00\" v=\"1\" -->\n<style id=\"lk-gyg-styles\">\n@import url(\"https:\/\/fonts.googleapis.com\/css2?family=Playfair+Display:wght@700&family=DM+Sans:wght@300;400;500;600&display=swap\");\n\/* === LK GYG karty \u2014 CRO redesign 2026-05 (namespace .lkx-) ===\n   C\u00edl: vy\u0161\u0161\u00ed CTR (hero + v\u00fdrazn\u00fd social proof + ak\u010dn\u00ed CTA, m\u00e9n\u011b \"reklamn\u00ed\").\n   Injektuje se inline do prvn\u00edho markeru postu (refresh_cards.py --inline-css). *\/\n.lkx-module, .lkx-module *{box-sizing:border-box;margin:0;padding:0}\n.lkx-module{\n  font-family:'DM Sans',-apple-system,Segoe UI,Roboto,Georgia,sans-serif;\n  max-width:860px;margin:2.5rem auto;color:#1f2328;\n}\n\n\/* HEADER \u2014 lehk\u00fd editorsk\u00fd, \u017e\u00e1dn\u00fd bannerov\u00fd blok; nadpis + popisek pod n\u00edm *\/\n.lkx-head{margin-bottom:16px}\n.lkx-head-main{display:flex;align-items:center;gap:10px}\n.lkx-head-accent{width:26px;height:3px;border-radius:2px;background:#c39f76;flex-shrink:0}\n.lkx-head-title{font-family:'Playfair Display',Georgia,serif;font-size:21px;font-weight:700;color:#1a1a1a;line-height:1.25}\n.lkx-head-meta{display:block;font-size:11px;letter-spacing:.3px;color:#9aa0a6;margin-top:4px;margin-left:36px}\n\n\/* HERO *\/\n.lkx-hero{display:grid;grid-template-columns:300px 1fr;background:#fff;border:1px solid #ece7df;border-radius:14px;overflow:hidden;text-decoration:none!important;color:inherit;box-shadow:0 6px 20px rgba(0,0,0,.06);transition:box-shadow .2s,transform .2s;margin-bottom:14px}\n.lkx-hero:hover{box-shadow:0 12px 30px rgba(0,0,0,.12);transform:translateY(-2px)}\n.lkx-hero-img{position:relative;min-height:230px;background-size:cover;background-position:center;background-color:#eee}\n.lkx-hero-body{padding:22px 24px;display:flex;flex-direction:column}\n.lkx-pick{position:absolute;top:12px;left:12px;background:#1a1a1a;color:#fff;font-size:11px;font-weight:700;letter-spacing:.5px;padding:5px 11px;border-radius:20px}\n\n\/* TITLE *\/\n.lkx-title{font-size:19px;font-weight:700;color:#161616;line-height:1.3}\n.lkx-title-sm{font-size:14.5px;line-height:1.35;display:-webkit-box;-webkit-line-clamp:2;-webkit-box-orient:vertical;overflow:hidden}\n\n\/* SOCIAL PROOF \u2014 v\u00fdrazn\u011b, naho\u0159e *\/\n.lkx-proof{display:flex;align-items:center;gap:7px;margin-top:12px;font-size:15px;color:#3a3a3a}\n.lkx-proof b{font-size:16px;color:#161616}\n.lkx-stars{color:#f5a623;letter-spacing:1px}\n.lkx-proof-sm{font-size:12.5px;margin-top:8px;gap:5px}\n.lkx-proof-sm b{font-size:13px}\n.lkx-proof-new{color:#3685fc;font-weight:600}\n\n\/* PRICE \u2014 n\u00edzk\u00e1 kotva *\/\n.lkx-price{font-size:14px;color:#6b7280}\n.lkx-price b{font-size:20px;color:#161616;font-weight:700}\n.lkx-price-sm b{font-size:15px}\n\n\/* CTA \u2014 tepl\u00e9 ak\u010dn\u00ed tla\u010d\u00edtko *\/\n.lkx-cta{display:inline-flex;align-items:center;justify-content:center;text-decoration:none!important;font-weight:700;color:#fff!important;background:linear-gradient(135deg,#f6743f,#e8552a);border-radius:10px;box-shadow:0 6px 16px rgba(232,85,42,.32);transition:box-shadow .2s}\n.lkx-cta-hero{font-size:15px;padding:13px 22px}\n.lkx-hero:hover .lkx-cta-hero{box-shadow:0 8px 22px rgba(232,85,42,.45)}\n.lkx-cta-sm{font-size:12.5px;padding:9px 14px;width:100%;margin-top:2px}\n.lkx-hero-bottom{margin-top:auto;padding-top:18px;display:flex;align-items:center;justify-content:space-between;gap:14px;flex-wrap:wrap}\n\n\/* BADGE \u2014 jeden v\u00fdrazn\u00fd na fotce *\/\n.lkx-badge{position:absolute;top:12px;right:12px;font-size:10.5px;font-weight:700;letter-spacing:.3px;padding:5px 10px;border-radius:16px;color:#fff}\n.lkx-badge.badge-urgency{background:rgba(214,40,40,.92)}\n.lkx-badge.badge-new{background:rgba(54,133,252,.92)}\n.lkx-badge.badge-top{background:rgba(195,159,118,.95)}\n.lkx-badge.badge-info{background:rgba(40,40,40,.78)}\n\n\/* SECONDARY GRID *\/\n.lkx-grid{display:grid;grid-template-columns:1fr 1fr;gap:14px}\n.lkx-card{background:#fff;border:1px solid #ece7df;border-radius:14px;overflow:hidden;text-decoration:none!important;color:inherit;box-shadow:0 4px 14px rgba(0,0,0,.05);display:flex;flex-direction:column;transition:box-shadow .2s,transform .2s}\n.lkx-card:hover{box-shadow:0 10px 24px rgba(0,0,0,.1);transform:translateY(-2px)}\n.lkx-card-img{position:relative;aspect-ratio:16\/10;background-size:cover;background-position:center;background-color:#eee}\n.lkx-card-body{padding:14px 16px 16px;display:flex;flex-direction:column;gap:7px;flex:1}\n.lkx-card-bottom{margin-top:auto;padding-top:10px;display:flex;align-items:center;justify-content:space-between;gap:8px}\n\n\/* DISCLOSURE \u2014 drobn\u00e1, kv\u016fli d\u016fv\u011b\u0159e\/z\u00e1konu *\/\n.lkx-disclosure{font-size:11px;color:#a7adb3;text-align:center;margin-top:14px;line-height:1.6}\n.lkx-disclosure a{color:#c39f76;text-decoration:none}\n\n@media(max-width:680px){\n  .lkx-hero{grid-template-columns:1fr}\n  .lkx-hero-img{min-height:180px}\n  .lkx-grid{grid-template-columns:1fr}\n  .lkx-head-meta{margin-left:0;width:100%}\n  .lkx-head-title{font-size:19px}\n}\n\n<\/style>\n<div class=\"lkx-module\" data-query=\"malta\">\n  <div class=\"lkx-head\">\n    <div class=\"lkx-head-main\">\n      <span class=\"lkx-head-accent\"><\/span>\n      <span class=\"lkx-head-title\">\u00c9lm\u00e9nyek \u00e9s bel\u00e9p\u0151jegyek<\/span>\n    <\/div>\n    <span class=\"lkx-head-meta\">utaz\u00f3k \u00e1ltal \u00e9rt\u00e9kelve \u00b7 GetYourGuide<\/span>\n  <\/div><a class=\"lkx-hero\" href=\"https:\/\/www.getyourguide.com\/hu-hu\/marsa-l174834\/maltarol-malta-etna-es-taormina-egynapos-kirandulas-idegenvezetovel-t596897\/?partner_id=MKZ64IS&amp;utm_medium=online_publisher&amp;cmp=malta-latnivalok-nyaralas\" target=\"_blank\" rel=\"sponsored noopener nofollow\">\n    <div class=\"lkx-hero-img\" style=\"background-image:url('https:\/\/cdn.getyourguide.com\/img\/tour\/591802cee2ca609f99e67b0f0273a69429f19de7105ac3095f906637b2a688d9.jpg\/132.jpg')\" role=\"img\" aria-label=\"M\u00e1lta: Etna \u00e9s Taormina vezetett egynapos kir\u00e1ndul\u00e1s katamar\u00e1nnal.\">\n      <span class=\"lkx-pick\">\u2605 A mi tipp\u00fcnk<\/span><\/div>\n    <div class=\"lkx-hero-body\">\n      <div class=\"lkx-title\">M\u00e1lta: Etna \u00e9s Taormina vezetett egynapos kir\u00e1ndul\u00e1s katamar\u00e1nnal.<\/div>\n      <div class=\"lkx-proof\">\n      <span class=\"lkx-stars\">\u2605\u2605\u2605\u2605\u2605<\/span>\n      <b>4.4<\/b> \u00b7 184 \u00e9rt\u00e9kel\u00e9s\n    <\/div>\n      <div class=\"lkx-hero-bottom\"><div class=\"lkx-price\">m\u00e1r <b>159\u00a0EUR<\/b><\/div><span class=\"lkx-cta lkx-cta-hero\">Ezt az \u00e9lm\u00e9nyt akarom \u2192<\/span>\n      <\/div>\n    <\/div>\n  <\/a><div class=\"lkx-grid\"><a class=\"lkx-card\" href=\"https:\/\/www.getyourguide.com\/hu-hu\/marsa-l174834\/malta-etna-hegy-es-catania-vezetett-egynapos-kirandulas-katamaranon-t988889\/?partner_id=MKZ64IS&amp;utm_medium=online_publisher&amp;cmp=malta-latnivalok-nyaralas\" target=\"_blank\" rel=\"sponsored noopener nofollow\">\n      <div class=\"lkx-card-img\" style=\"background-image:url('https:\/\/cdn.getyourguide.com\/img\/tour\/85c4b042fd123a7269e89a2fe2c4382be2c53654f541997408a25410a05ff766.jpg\/132.jpg')\" role=\"img\" aria-label=\"M\u00e1lta: Etna-hegy \u00e9s Catania vezetett egynapos kir\u00e1ndul\u00e1s katamar\u00e1non\"><\/div>\n      <div class=\"lkx-card-body\">\n        <div class=\"lkx-title lkx-title-sm\">M\u00e1lta: Etna-hegy \u00e9s Catania vezetett egynapos kir\u00e1ndul\u00e1s katamar\u00e1non<\/div>\n        <div class=\"lkx-proof lkx-proof-sm\">\n      <span class=\"lkx-stars\">\u2605<\/span>\n      <b>4.7<\/b> \u00b7 119\n    <\/div>\n        <div class=\"lkx-card-bottom\"><span class=\"lkx-price lkx-price-sm\">m\u00e1r <b>159\u00a0EUR<\/b><\/span><span class=\"lkx-cta lkx-cta-sm\">Id\u0151pontok megtekint\u00e9se \u2192<\/span>\n        <\/div>\n      <\/div>\n    <\/a><a class=\"lkx-card\" href=\"https:\/\/www.getyourguide.com\/hu-hu\/marsa-l174834\/maltarol-malta-szirakuza-es-marzamemi-egynapos-kirandulas-idegenvezetovel-t594913\/?partner_id=MKZ64IS&amp;utm_medium=online_publisher&amp;cmp=malta-latnivalok-nyaralas\" target=\"_blank\" rel=\"sponsored noopener nofollow\">\n      <div class=\"lkx-card-img\" style=\"background-image:url('https:\/\/cdn.getyourguide.com\/img\/tour\/3dd92a839c1bf09e86c490aeb6574e91e0ac823910575176db94bf5f3ad9052d.jpg\/132.jpg')\" role=\"img\" aria-label=\"M\u00e1lt\u00e1r\u00f3l: M\u00e1lta: Szirakuszai \u00e9s Marzamemi egynapos kir\u00e1ndul\u00e1s idegenvezet\u0151vel\"><\/div>\n      <div class=\"lkx-card-body\">\n        <div class=\"lkx-title lkx-title-sm\">M\u00e1lt\u00e1r\u00f3l: M\u00e1lta: Szirakuszai \u00e9s Marzamemi egynapos kir\u00e1ndul\u00e1s idegenvezet\u0151vel<\/div>\n        <div class=\"lkx-proof lkx-proof-sm\">\n      <span class=\"lkx-stars\">\u2605<\/span>\n      <b>4.3<\/b> \u00b7 76\n    <\/div>\n        <div class=\"lkx-card-bottom\"><span class=\"lkx-price lkx-price-sm\">m\u00e1r <b>139\u00a0EUR<\/b><\/span><span class=\"lkx-cta lkx-cta-sm\">Id\u0151pontok megtekint\u00e9se \u2192<\/span>\n        <\/div>\n      <\/div>\n    <\/a><\/div><div class=\"lkx-disclosure\">\ud83d\udd17 A linkek partnerlinkek \u2014 az \u00e1rat nem v\u00e1ltoztatj\u00e1k, nek\u00fcnk viszont seg\u00edtenek a tartalomk\u00e9sz\u00edt\u00e9sben. \u00b7 <a href=\"https:\/\/www.getyourguide.com\/hu-hu\/s\/?q=malta&amp;partner_id=MKZ64IS&amp;utm_medium=online_publisher\" target=\"_blank\" rel=\"sponsored noopener nofollow\">\u00d6sszes \u00e9lm\u00e9ny \u2192<\/a><\/div>\n<\/div>\n<!-- LKM_GYG_CARD end -->\n\n\n\n\n<div class=\"lk-stays-module\">\n<style>\n\/* \u2500\u2500\u2500 RESET PRO GUTENBERG \u2500\u2500\u2500 *\/\n.lk-stays-module * { box-sizing: border-box; margin: 0; padding: 0; }\n\n\/* \u2500\u2500\u2500 WRAPPER \u2500\u2500\u2500 *\/\n.lk-stays-module {\n  font-family: 'DM Sans', Georgia, sans-serif;\n  max-width: 100%;\n  margin: 2.5rem auto;\n  background: linear-gradient(135deg, #fdfaf5 0%, #fcf8f0 100%);\n  border: 1px solid #e8dfd4;\n  border-radius: 16px;\n  overflow: hidden;\n  box-shadow: 0 16px 48px rgba(195, 159, 118, 0.25), 0 4px 12px rgba(0,0,0,0.08);\n}\n\n\/* \u2500\u2500\u2500 HEADER \u2500\u2500\u2500 *\/\n.lk-stays-header {\n  position: relative;\n  padding: 24px 36px 24px;\n  background: linear-gradient(135deg, #c39f76 0%, #d4b188 60%, #c39f76 100%);\n  border-bottom: 1px solid rgba(255,255,255,.15);\n  display: flex;\n  align-items: center;\n  gap: 18px;\n}\n.lk-stays-header::before {\n  content: '';\n  position: absolute;\n  inset: 0;\n  background: url(\"data:image\/svg+xml,%3Csvg width='60' height='60' viewBox='0 0 60 60' xmlns='http:\/\/www.w3.org\/2000\/svg'%3E%3Cg fill='none' fill-rule='evenodd'%3E%3Cg fill='%23ffffff' fill-opacity='0.05'%3E%3Cpath d='M36 34v-4h-2v4h-4v2h4v4h2v-4h4v-2h-4zm0-30V0h-2v4h-4v2h4v4h2V6h4V4h-4zM6 34v-4H4v4H0v2h4v4h2v-4h4v-2H6zM6 4V0H4v4H0v2h4v4h2V6h4V4H6z'\/%3E%3C\/g%3E%3C\/g%3E%3C\/svg%3E\") repeat;\n  pointer-events: none;\n}\n.lk-stays-icon {\n  flex-shrink: 0;\n  width: 68px;\n  height: 68px;\n  border-radius: 14px;\n  background: linear-gradient(135deg, #fff 0%, #f9f6f0 100%);\n  display: flex;\n  align-items: center;\n  justify-content: center;\n  font-size: 26px;\n  box-shadow: 0 4px 12px rgba(0,0,0,0.15);\n}\n.lk-stays-eyebrow {\n  font-size: 10px;\n  font-weight: 500;\n  letter-spacing: 2.5px;\n  text-transform: uppercase;\n  color: rgba(255,255,255,.85);\n  margin: 0 0 5px 0;\n}\n.lk-stays-title {\n  font-family: 'Playfair Display', Georgia, serif;\n  font-size: 24px;\n  font-weight: 700;\n  color: #fff;\n  line-height: 1.2;\n  text-shadow: 0 1px 2px rgba(0,0,0,0.1);\n  margin: 0;\n}\n.lk-stays-subtitle {\n  font-size: 13px;\n  color: rgba(255,255,255,.75);\n  margin: 4px 0 0 0;\n  font-weight: 300;\n}\n\n\/* \u2500\u2500\u2500 CARDS GRID \u2500\u2500\u2500 *\/\n.lk-stays-grid {\n  display: grid;\n  grid-template-columns: 1fr 1fr;\n  gap: 1px;\n  background: rgba(195, 159, 118, 0.12);\n}\n\n\/* \u2500\u2500\u2500 SINGLE CARD \u2500\u2500\u2500 *\/\n.lk-stay-card {\n  background: #ffffff;\n  padding: 26px;\n  display: flex;\n  flex-direction: column;\n  gap: 11px;\n  transition: all 0.3s ease;\n  text-decoration: none;\n  color: inherit;\n  position: relative;\n}\n.lk-stay-card:hover {\n  background: #fffbf5;\n  transform: translateY(-2px);\n  box-shadow: 0 8px 24px rgba(195, 159, 118, 0.18);\n  z-index: 1;\n}\n.lk-stay-card.featured {\n  background: linear-gradient(135deg, #fffdf9 0%, #fff9f0 100%);\n  box-shadow: 0 4px 16px rgba(195, 159, 118, 0.15), inset 0 1px 0 rgba(195, 159, 118, 0.1);\n}\n.lk-stay-card.featured:hover {\n  background: linear-gradient(135deg, #fffbf5 0%, #fff8ed 100%);\n  box-shadow: 0 8px 24px rgba(195, 159, 118, 0.25), inset 0 1px 0 rgba(195, 159, 118, 0.15);\n}\n\n.lk-stay-badge {\n  display: inline-flex;\n  align-items: center;\n  gap: 5px;\n  font-size: 10px;\n  font-weight: 500;\n  letter-spacing: 1.5px;\n  text-transform: uppercase;\n  padding: 5px 11px;\n  border-radius: 20px;\n  width: fit-content;\n}\n.badge-top     { background: linear-gradient(135deg, #c39f76 0%, #d4b188 100%); color: #fff; border: 1px solid #c39f76; font-weight: 600; box-shadow: 0 2px 8px rgba(195,159,118,0.3); }\n.badge-luxury  { background: rgba(195,159,118,.12); color: #c39f76; border: 1px solid rgba(195,159,118,.25); }\n.badge-boutique{ background: rgba(54,133,252,.08); color: #3685fc; border: 1px solid rgba(54,133,252,.2); }\n.badge-nature  { background: rgba(130,190,100,.1); color: #6b9c4a; border: 1px solid rgba(130,190,100,.2); }\n.badge-remote  { background: rgba(195,159,118,.12); color: #a67e50; border: 1px solid rgba(195,159,118,.25); }\n\n.lk-stay-name {\n  font-family: 'Playfair Display', Georgia, serif;\n  font-size: 18px;\n  font-weight: 700;\n  color: #111827;\n  line-height: 1.3;\n}\n.lk-stay-desc {\n  font-size: 13.5px;\n  color: #525252;\n  line-height: 1.65;\n  font-weight: 300;\n  flex: 1;\n}\n\n.lk-stay-meta {\n  display: flex;\n  align-items: center;\n  gap: 12px;\n  flex-wrap: wrap;\n  margin-top: 4px;\n}\n.lk-stay-price {\n  font-size: 13px;\n  color: #6b7280;\n}\n.lk-stay-price strong {\n  color: #c39f76;\n  font-weight: 500;\n}\n.lk-stay-stars {\n  color: #c39f76;\n  font-size: 11px;\n  letter-spacing: 1px;\n}\n\n\/* \u2500\u2500\u2500 CTA BUTTON \u2500\u2500\u2500 *\/\n.lk-stay-cta {\n  display: inline-flex;\n  align-items: center;\n  justify-content: center;\n  gap: 7px;\n  margin-top: 8px;\n  padding: 11px 20px;\n  border-radius: 8px;\n  background: linear-gradient(135deg, #3685fc 0%, #2a6fd9 100%);\n  color: #fff;\n  font-size: 13px;\n  font-weight: 500;\n  text-decoration: none;\n  letter-spacing: .3px;\n  transition: all .2s ease;\n  cursor: pointer;\n  border: none;\n  text-align: center;\n  box-shadow: 0 4px 12px rgba(54, 133, 252, 0.25);\n}\n.lk-stay-cta:hover {\n  background: linear-gradient(135deg, #2a6fd9 0%, #1e5bc4 100%);\n  transform: translateY(-1px);\n  box-shadow: 0 6px 16px rgba(54, 133, 252, 0.35);\n}\n.lk-stay-cta svg { flex-shrink: 0; }\n\n\/* \u2500\u2500\u2500 FOOTER \u2500\u2500\u2500 *\/\n.lk-stays-footer {\n  padding: 18px 36px;\n  background: linear-gradient(to bottom, #fdfaf5 0%, #f9f4ed 100%);\n  border-top: 1px solid rgba(195, 159, 118, 0.15);\n  display: flex;\n  align-items: center;\n  justify-content: space-between;\n  flex-wrap: wrap;\n  gap: 12px;\n}\n.lk-stays-footer-note {\n  font-size: 11.5px;\n  color: #6b7280;\n  font-weight: 300;\n  line-height: 1.5;\n}\n.lk-stays-footer-note a {\n  color: #c39f76;\n  text-decoration: none;\n  font-weight: 400;\n}\n.lk-stays-footer-note a:hover {\n  text-decoration: underline;\n}\n.lk-stays-all-btn {\n  display: inline-flex;\n  align-items: center;\n  gap: 6px;\n  font-size: 12.5px;\n  font-weight: 500;\n  color: #c39f76;\n  text-decoration: none;\n  border: 1px solid rgba(195, 159, 118, 0.35);\n  padding: 8px 18px;\n  border-radius: 8px;\n  transition: all .2s ease;\n}\n.lk-stays-all-btn:hover {\n  background: rgba(195, 159, 118, 0.08);\n  border-color: rgba(195, 159, 118, 0.5);\n}\n\n\/* \u2500\u2500\u2500 RESPONSIVE \u2500\u2500\u2500 *\/\n@media (max-width: 600px) {\n  .lk-stays-grid { grid-template-columns: 1fr; }\n  .lk-stays-header { padding: 24px 20px; }\n  .lk-stays-footer { padding: 16px 20px; }\n  .lk-stay-card { padding: 22px; }\n  .lk-stays-title { font-size: 20px; }\n}\n<\/style>\n\n  <!-- HEADER -->\n  <div class=\"lk-stays-header\">\n    <img decoding=\"async\" src=\"https:\/\/loudavymkrokem.cz\/wp-content\/uploads\/2026\/02\/lukas-a-lucka.jpg\" alt=\"\" style=\"width: 75px; height: 75px; border-radius: 8px; flex-shrink: 0; object-fit: cover; display: block; margin: 4px 0;\" title=\"\">\n    <div class=\"lk-stays-header-text\">\n      <div class=\"lk-stays-eyebrow\">Luk\u00e1\u0161 \u00e9s Lucie aj\u00e1nlj\u00e1k<\/div>\n      <div class=\"lk-stays-title\">Hol sz\u00e1lljon meg M\u00e1lt\u00e1n<\/div>\n      <div class=\"lk-stays-subtitle\">6 sz\u00e1ll\u00e1shely \u2014 wellness hotelek, \u00fcd\u00fcl\u0151helyek \u00e9s egy\u00e9b sz\u00e1ll\u00e1slehet\u0151s\u00e9gek<\/div>\n    <\/div>\n  <\/div>\n\n  <!-- CARDS -->\n  <div class=\"lk-stays-grid\">\n\n    <a class=\"lk-stay-card featured\" href=\"https:\/\/www.stay22.com\/allez\/roam?aid=lukaskonecny&#038;campaign=loudavymkrokemcz&#038;campaign=hu&#038;campaign=dovolena-malta&#038;hotelname=The%20Embassy%20Valletta%20Hotel&#038;address=Valletta%2C%20Malta\" target=\"_blank\" rel=\"nofollow noopener\">\n      <span class=\"lk-stay-badge badge-top\">\u2b50 TOP V\u00c1LASZT\u00c1S<\/span>\n      <span class=\"lk-stay-badge badge-nature\">\ud83c\udfe8 Hotel<\/span>\n      <div class=\"lk-stay-name\">The Embassy Valletta Hotel<\/div>\n      <div class=\"lk-stay-desc\">Csod\u00e1latos hotel a t\u00f6rt\u00e9nelmi k\u00f6zpontban tet\u0151medenc\u00e9vel \u00e9s leny\u0171g\u00f6z\u0151 kil\u00e1t\u00e1ssal a k\u00f6rny\u00e9kre.<\/div>\n      <div class=\"lk-stay-meta\">\n        <span class=\"lk-stay-stars\">\u2605\u2605\u2605\u2605<\/span>\n        <span class=\"lk-stay-price\">\u00c1rak ellen\u0151rz\u00e9se<\/span>\n      <\/div>\n      <span class=\"lk-stay-cta\">\n        <svg width=\"14\" height=\"14\" viewBox=\"0 0 24 24\" fill=\"none\" stroke=\"currentColor\" stroke-width=\"2\"><path d=\"M18 13v6a2 2 0 0 1-2 2H5a2 2 0 0 1-2-2V8a2 2 0 0 1 2-2h6\"\/><polyline points=\"15 3 21 3 21 9\"\/><line x1=\"10\" y1=\"14\" x2=\"21\" y2=\"3\"\/><\/svg>\n        Ellen\u0151rizd az el\u00e9rhet\u0151s\u00e9get\n      <\/span>\n    <\/a>\n\n    <a class=\"lk-stay-card\" href=\"https:\/\/www.stay22.com\/allez\/roam?aid=lukaskonecny&#038;campaign=loudavymkrokemcz&#038;campaign=hu&#038;campaign=dovolena-malta&#038;hotelname=Hotel%20Juliani&#038;address=St%20Julian%27s%2C%20Malta\" target=\"_blank\" rel=\"nofollow noopener\">\n      <span class=\"lk-stay-badge badge-nature\">\ud83c\udfe8 Hotel<\/span>\n      <div class=\"lk-stay-name\">Hotel Juliani<\/div>\n      <div class=\"lk-stay-desc\">Gy\u00f6ny\u00f6r\u0171 butikhotel a Spinola-\u00f6b\u00f6l partj\u00e1n, kiv\u00e1l\u00f3 szolg\u00e1ltat\u00e1sokkal \u00e9s b\u00e1jos atmoszf\u00e9r\u00e1val.<\/div>\n      <div class=\"lk-stay-meta\">\n        <span class=\"lk-stay-stars\">\u2605\u2605\u2605\u2605<\/span>\n        <span class=\"lk-stay-price\">\u00c1rak ellen\u0151rz\u00e9se<\/span>\n      <\/div>\n      <span class=\"lk-stay-cta\">\n        <svg width=\"14\" height=\"14\" viewBox=\"0 0 24 24\" fill=\"none\" stroke=\"currentColor\" stroke-width=\"2\"><path d=\"M18 13v6a2 2 0 0 1-2 2H5a2 2 0 0 1-2-2V8a2 2 0 0 1 2-2h6\"\/><polyline points=\"15 3 21 3 21 9\"\/><line x1=\"10\" y1=\"14\" x2=\"21\" y2=\"3\"\/><\/svg>\n        Ellen\u0151rizd az el\u00e9rhet\u0151s\u00e9get\n      <\/span>\n    <\/a>\n\n    <a class=\"lk-stay-card\" href=\"https:\/\/www.stay22.com\/allez\/roam?aid=lukaskonecny&#038;campaign=loudavymkrokemcz&#038;campaign=hu&#038;campaign=dovolena-malta&#038;hotelname=Corinthia%20St%20George%27s%20Bay&#038;address=St%20Julian%27s%2C%20Malta\" target=\"_blank\" rel=\"nofollow noopener\">\n      <span class=\"lk-stay-badge badge-nature\">\u2b50 Luxury<\/span>\n      <div class=\"lk-stay-name\">Corinthia St George&#8217;s Bay<\/div>\n      <div class=\"lk-stay-desc\">Luxus \u00f6tcsillagos \u00fcd\u00fcl\u0151hely k\u00f6zvetlen\u00fcl az \u00f6b\u00f6l mellett, maxim\u00e1lis k\u00e9nyelem \u00e9s cs\u00facsmin\u0151s\u00e9g\u0171 szolg\u00e1ltat\u00e1s az ig\u00e9nyeseknek.<\/div>\n      <div class=\"lk-stay-meta\">\n        <span class=\"lk-stay-stars\">\u2605\u2605\u2605\u2605\u2605<\/span>\n        <span class=\"lk-stay-price\">\u00c1rak ellen\u0151rz\u00e9se<\/span>\n      <\/div>\n      <span class=\"lk-stay-cta\">\n        <svg width=\"14\" height=\"14\" viewBox=\"0 0 24 24\" fill=\"none\" stroke=\"currentColor\" stroke-width=\"2\"><path d=\"M18 13v6a2 2 0 0 1-2 2H5a2 2 0 0 1-2-2V8a2 2 0 0 1 2-2h6\"\/><polyline points=\"15 3 21 3 21 9\"\/><line x1=\"10\" y1=\"14\" x2=\"21\" y2=\"3\"\/><\/svg>\n        Ellen\u0151rizd az el\u00e9rhet\u0151s\u00e9get\n      <\/span>\n    <\/a>\n\n    <a class=\"lk-stay-card\" href=\"https:\/\/www.stay22.com\/allez\/roam?aid=lukaskonecny&#038;campaign=loudavymkrokemcz&#038;campaign=hu&#038;campaign=dovolena-malta&#038;hotelname=Hyatt%20Centric%20Malta&#038;address=St%20Julian%27s%2C%20Malta\" target=\"_blank\" rel=\"nofollow noopener\">\n      <span class=\"lk-stay-badge badge-nature\">\ud83c\udfe8 Hotel<\/span>\n      <div class=\"lk-stay-name\">Hyatt Centric Malta<\/div>\n      <div class=\"lk-stay-desc\">Modern berendez\u00e9s\u0171 hotel St Julian&#8217;s ter\u00fclet\u00e9n, st\u00edlusos tet\u0151medenc\u00e9vel cs\u00e1b\u00edt.<\/div>\n      <div class=\"lk-stay-meta\">\n        <span class=\"lk-stay-stars\">\u2605\u2605\u2605\u2605<\/span>\n        <span class=\"lk-stay-price\">\u00c1rak ellen\u0151rz\u00e9se<\/span>\n      <\/div>\n      <span class=\"lk-stay-cta\">\n        <svg width=\"14\" height=\"14\" viewBox=\"0 0 24 24\" fill=\"none\" stroke=\"currentColor\" stroke-width=\"2\"><path d=\"M18 13v6a2 2 0 0 1-2 2H5a2 2 0 0 1-2-2V8a2 2 0 0 1 2-2h6\"\/><polyline points=\"15 3 21 3 21 9\"\/><line x1=\"10\" y1=\"14\" x2=\"21\" y2=\"3\"\/><\/svg>\n        Ellen\u0151rizd az el\u00e9rhet\u0151s\u00e9get\n      <\/span>\n    <\/a>\n\n    <a class=\"lk-stay-card\" href=\"https:\/\/www.stay22.com\/allez\/roam?aid=lukaskonecny&#038;campaign=loudavymkrokemcz&#038;campaign=hu&#038;campaign=dovolena-malta&#038;hotelname=db%20Seabank%20Resort%20%2B%20Spa&#038;address=Mellieha%2C%20Malta\" target=\"_blank\" rel=\"nofollow noopener\">\n      <span class=\"lk-stay-badge badge-nature\">\ud83c\udf32 Resort<\/span>\n      <div class=\"lk-stay-name\">db Seabank Resort + Spa<\/div>\n      <div class=\"lk-stay-desc\">N\u00e9pszer\u0171 all inclusive komplexum, csak egy ugr\u00e1sra a legjobb homokos strandt\u00f3l Mellie\u0127\u00e1ban.<\/div>\n      <div class=\"lk-stay-meta\">\n        <span class=\"lk-stay-stars\">\u2605\u2605\u2605\u2605<\/span>\n        <span class=\"lk-stay-price\">\u00c1rak ellen\u0151rz\u00e9se<\/span>\n      <\/div>\n      <span class=\"lk-stay-cta\">\n        <svg width=\"14\" height=\"14\" viewBox=\"0 0 24 24\" fill=\"none\" stroke=\"currentColor\" stroke-width=\"2\"><path d=\"M18 13v6a2 2 0 0 1-2 2H5a2 2 0 0 1-2-2V8a2 2 0 0 1 2-2h6\"\/><polyline points=\"15 3 21 3 21 9\"\/><line x1=\"10\" y1=\"14\" x2=\"21\" y2=\"3\"\/><\/svg>\n        Ellen\u0151rizd az el\u00e9rhet\u0151s\u00e9get\n      <\/span>\n    <\/a>\n\n    <a class=\"lk-stay-card\" href=\"https:\/\/www.stay22.com\/allez\/roam?aid=lukaskonecny&#038;campaign=loudavymkrokemcz&#038;campaign=hu&#038;campaign=dovolena-malta&#038;hotelname=Kempinski%20Hotel%20San%20Lawrenz&#038;address=San%20Lawrenz%2C%20Gozo%2C%20Malta\" target=\"_blank\" rel=\"nofollow noopener\">\n      <span class=\"lk-stay-badge badge-nature\">\ud83c\udf32 Resort<\/span>\n      <div class=\"lk-stay-name\">Kempinski Hotel San Lawrenz<\/div>\n      <div class=\"lk-stay-desc\">Nyugodt \u00e9s t\u00e1gas \u00fcd\u00fcl\u0151hely Gozo sziget\u00e9nek belsej\u00e9ben, a nyugalom igazi o\u00e1zisa a t\u00f6k\u00e9letes pihen\u00e9shez.<\/div>\n      <div class=\"lk-stay-meta\">\n        <span class=\"lk-stay-stars\">\u2605\u2605\u2605\u2605<\/span>\n        <span class=\"lk-stay-price\">\u00c1rak ellen\u0151rz\u00e9se<\/span>\n      <\/div>\n      <span class=\"lk-stay-cta\">\n        <svg width=\"14\" height=\"14\" viewBox=\"0 0 24 24\" fill=\"none\" stroke=\"currentColor\" stroke-width=\"2\"><path d=\"M18 13v6a2 2 0 0 1-2 2H5a2 2 0 0 1-2-2V8a2 2 0 0 1 2-2h6\"\/><polyline points=\"15 3 21 3 21 9\"\/><line x1=\"10\" y1=\"14\" x2=\"21\" y2=\"3\"\/><\/svg>\n        Ellen\u0151rizd az el\u00e9rhet\u0151s\u00e9get\n      <\/span>\n    <\/a>\n\n  <\/div>\n\n  \n<\/div>\n\n\n\n\n<h3 id=\"18_Kek_Laguna_Cominon\" class=\"wp-block-heading\"><span class=\"ez-toc-section\" id=\"18_Kek_Laguna_Cominon\"><\/span>18. K\u00e9k Lag\u00fana Comin\u00f3n<span class=\"ez-toc-section-end\"><\/span><\/h3>\n\n\n\n<p class=\"wp-block-paragraph\">A ragyog\u00f3 t\u00fcrkiz v\u00edz, amely a feh\u00e9r homokos fen\u00e9kkel kontrasztol, ezt az \u00f6bl\u00f6t magasan az eg\u00e9sz szigetcsoport legfotog\u00e9nebb hely\u00e9v\u00e9 tette. A kis Comino sziget partjain\u00e1l fekszik, ahov\u00e1 aut\u00f3 egy\u00e1ltal\u00e1n nem jut el, \u00edgy fizetned kell egy kir\u00e1ndul\u00f3haj\u00f3t M\u00e1lt\u00e1r\u00f3l vagy Goz\u00f3r\u00f3l \u2014 \u00e9s a fot\u00f3k alapj\u00e1n olyan, <strong>mintha egy igazi karibi paradicsomban lenn\u00e9l<\/strong>.<\/p>\n\n\n\n<figure data-wp-context=\"{&quot;imageId&quot;:&quot;6a9c1d57409b0&quot;}\" data-wp-interactive=\"core\/image\" data-wp-key=\"6a9c1d57409b0\" class=\"wp-block-image size-full wp-lightbox-container\"><img decoding=\"async\" width=\"1500\" height=\"1000\" data-wp-class--hide=\"state.isContentHidden\" data-wp-class--show=\"state.isContentVisible\" data-wp-init=\"callbacks.setButtonStyles\" data-wp-on--click=\"actions.showLightbox\" data-wp-on--load=\"callbacks.setButtonStyles\" data-wp-on--pointerdown=\"actions.preloadImage\" data-wp-on--pointerenter=\"actions.preloadImageWithDelay\" data-wp-on--pointerleave=\"actions.cancelPreload\" data-wp-on-window--resize=\"callbacks.setButtonStyles\" src=\"https:\/\/loudavymkrokem.cz\/wp-content\/uploads\/2026\/08\/dovolena-malta-t18.jpg\" alt=\"A K\u00e9k Lag\u00fana Comino sziget\u00e9n\" class=\"wp-image-399720\" title=\"\" srcset=\"https:\/\/loudavymkrokem.cz\/wp-content\/uploads\/2026\/08\/dovolena-malta-t18.jpg 1500w, https:\/\/loudavymkrokem.cz\/wp-content\/uploads\/2026\/08\/dovolena-malta-t18-300x200.jpg 300w, https:\/\/loudavymkrokem.cz\/wp-content\/uploads\/2026\/08\/dovolena-malta-t18-700x467.jpg 700w, https:\/\/loudavymkrokem.cz\/wp-content\/uploads\/2026\/08\/dovolena-malta-t18-768x512.jpg 768w, https:\/\/loudavymkrokem.cz\/wp-content\/uploads\/2026\/08\/dovolena-malta-t18-696x464.jpg 696w, https:\/\/loudavymkrokem.cz\/wp-content\/uploads\/2026\/08\/dovolena-malta-t18-1392x928.jpg 1392w\" sizes=\"(max-width: 1500px) 100vw, 1500px\" \/><button\n\t\t\tclass=\"lightbox-trigger\"\n\t\t\ttype=\"button\"\n\t\t\taria-haspopup=\"dialog\"\n\t\t\tdata-wp-bind--aria-label=\"state.thisImage.triggerButtonAriaLabel\"\n\t\t\tdata-wp-init=\"callbacks.initTriggerButton\"\n\t\t\tdata-wp-on--click=\"actions.showLightbox\"\n\t\t\tdata-wp-style--right=\"state.thisImage.buttonRight\"\n\t\t\tdata-wp-style--top=\"state.thisImage.buttonTop\"\n\t\t>\n\t\t\t<svg xmlns=\"http:\/\/www.w3.org\/2000\/svg\" width=\"12\" height=\"12\" fill=\"none\" viewBox=\"0 0 12 12\">\n\t\t\t\t<path fill=\"#fff\" d=\"M2 0a2 2 0 0 0-2 2v2h1.5V2a.5.5 0 0 1 .5-.5h2V0H2Zm2 10.5H2a.5.5 0 0 1-.5-.5V8H0v2a2 2 0 0 0 2 2h2v-1.5ZM8 12v-1.5h2a.5.5 0 0 0 .5-.5V8H12v2a2 2 0 0 1-2 2H8Zm2-12a2 2 0 0 1 2 2v2h-1.5V2a.5.5 0 0 0-.5-.5H8V0h2Z\" \/>\n\t\t\t<\/svg>\n\t\t<\/button><figcaption class=\"wp-element-caption\">A K\u00e9k Lag\u00fana Comino sziget\u00e9n (Fot\u00f3: Frank Vincentz \/ Wikimedia Commons, CC BY-SA 3.0)<\/figcaption><\/figure>\n\n\n\n<p class=\"wp-block-paragraph\">Teljesen \u0151szinte leszek veled, mert j\u00faliusban \u00e9s augusztusban \u00e1ll\u00edt\u00f3lag egyetlen nagy \u00e9s nagyon hangos tolong\u00e1s van itt, ahol es\u00e9lyed sincs ak\u00e1r csak letenni a t\u00f6r\u00f6lk\u00f6z\u0151t. A helyiek ez\u00e9rt nyomat\u00e9kosan azt aj\u00e1nlj\u00e1k, hogy <strong>a legels\u0151 reggeli haj\u00f3val indulj<\/strong>, vagy tervezd a l\u00e1togat\u00e1st a ny\u00e1ri f\u0151szezonon k\u00edv\u00fclre, \u00e9s mindenk\u00e9pp vigy\u00e9l magaddal vizet \u00e9s \u00e1rny\u00e9kot.<\/p>\n\n\n\n<h3 id=\"19_Victoria_es_a_Citadella\" class=\"wp-block-heading\"><span class=\"ez-toc-section\" id=\"19_Victoria_es_a_Citadella\"><\/span>19. Victoria \u00e9s a Citadella<span class=\"ez-toc-section-end\"><\/span><\/h3>\n\n\n\n<p class=\"wp-block-paragraph\">A z\u00f6ldebb Gozo sziget f\u0151v\u00e1rosa, amelyet a helyiek gyakran az eredeti Rabat n\u00e9ven emlegetnek, a k\u00f6zpontj\u00e1ban egy fens\u00e9ges, meger\u0151d\u00edtett Citadell\u00e1t rejt. Ez a bevehetetlen er\u0151d a m\u00faltban a kal\u00f3zt\u00e1mad\u00e1sokt\u00f3l v\u00e9dte a lakosokat, ma pedig <strong>gy\u00f6ny\u00f6r\u0171 panor\u00e1makil\u00e1t\u00e1st<\/strong> k\u00edn\u00e1l az eg\u00e9sz szigetre, amit a l\u00e1togat\u00f3k szerint biztosan megszeretsz.<\/p>\n\n\n\n<figure data-wp-context=\"{&quot;imageId&quot;:&quot;6a9c1d5740e1b&quot;}\" data-wp-interactive=\"core\/image\" data-wp-key=\"6a9c1d5740e1b\" class=\"wp-block-image size-full wp-lightbox-container\"><img decoding=\"async\" width=\"1500\" height=\"1000\" data-wp-class--hide=\"state.isContentHidden\" data-wp-class--show=\"state.isContentVisible\" data-wp-init=\"callbacks.setButtonStyles\" data-wp-on--click=\"actions.showLightbox\" data-wp-on--load=\"callbacks.setButtonStyles\" data-wp-on--pointerdown=\"actions.preloadImage\" data-wp-on--pointerenter=\"actions.preloadImageWithDelay\" data-wp-on--pointerleave=\"actions.cancelPreload\" data-wp-on-window--resize=\"callbacks.setButtonStyles\" src=\"https:\/\/loudavymkrokem.cz\/wp-content\/uploads\/2026\/08\/dovolena-malta-t19.jpg\" alt=\"A Citadella Victori\u00e1ban, Goz\u00f3n\" class=\"wp-image-399722\" title=\"\" srcset=\"https:\/\/loudavymkrokem.cz\/wp-content\/uploads\/2026\/08\/dovolena-malta-t19.jpg 1500w, https:\/\/loudavymkrokem.cz\/wp-content\/uploads\/2026\/08\/dovolena-malta-t19-300x200.jpg 300w, https:\/\/loudavymkrokem.cz\/wp-content\/uploads\/2026\/08\/dovolena-malta-t19-700x467.jpg 700w, https:\/\/loudavymkrokem.cz\/wp-content\/uploads\/2026\/08\/dovolena-malta-t19-768x512.jpg 768w, https:\/\/loudavymkrokem.cz\/wp-content\/uploads\/2026\/08\/dovolena-malta-t19-696x464.jpg 696w, https:\/\/loudavymkrokem.cz\/wp-content\/uploads\/2026\/08\/dovolena-malta-t19-1392x928.jpg 1392w\" sizes=\"(max-width: 1500px) 100vw, 1500px\" \/><button\n\t\t\tclass=\"lightbox-trigger\"\n\t\t\ttype=\"button\"\n\t\t\taria-haspopup=\"dialog\"\n\t\t\tdata-wp-bind--aria-label=\"state.thisImage.triggerButtonAriaLabel\"\n\t\t\tdata-wp-init=\"callbacks.initTriggerButton\"\n\t\t\tdata-wp-on--click=\"actions.showLightbox\"\n\t\t\tdata-wp-style--right=\"state.thisImage.buttonRight\"\n\t\t\tdata-wp-style--top=\"state.thisImage.buttonTop\"\n\t\t>\n\t\t\t<svg xmlns=\"http:\/\/www.w3.org\/2000\/svg\" width=\"12\" height=\"12\" fill=\"none\" viewBox=\"0 0 12 12\">\n\t\t\t\t<path fill=\"#fff\" d=\"M2 0a2 2 0 0 0-2 2v2h1.5V2a.5.5 0 0 1 .5-.5h2V0H2Zm2 10.5H2a.5.5 0 0 1-.5-.5V8H0v2a2 2 0 0 0 2 2h2v-1.5ZM8 12v-1.5h2a.5.5 0 0 0 .5-.5V8H12v2a2 2 0 0 1-2 2H8Zm2-12a2 2 0 0 1 2 2v2h-1.5V2a.5.5 0 0 0-.5-.5H8V0h2Z\" \/>\n\t\t\t<\/svg>\n\t\t<\/button><figcaption class=\"wp-element-caption\">A Citadella Victori\u00e1ban, Goz\u00f3n (Fot\u00f3: CEphoto, Uwe Aranas \/ Wikimedia Commons, CC BY-SA 3.0)<\/figcaption><\/figure>\n\n\n\n<p class=\"wp-block-paragraph\">Goz\u00f3ra vagy a \u010airkewwa kik\u00f6t\u0151b\u0151l indul\u00f3 komppal jutsz el, ami nagyj\u00e1b\u00f3l 25 percig tart, vagy ig\u00e9nybe veheted a Vallett\u00e1b\u00f3l indul\u00f3 gyors katamar\u00e1nt, amely k\u00f6r\u00fclbel\u00fcl h\u00e1romnegyed \u00f3r\u00e1ig haj\u00f3zik. Gyakorlati \u00e9rdekess\u00e9g, hogy az <strong>oda vezet\u0151 \u00fat ingyenes<\/strong>, a kompjegyet csak a M\u00e1lt\u00e1ra visszafel\u00e9 v\u00e1ltod meg, \u00edgy megsp\u00f3rolsz egy felesleges v\u00e1rakoz\u00e1st az indul\u00e1skor.<\/p>\n\n\n\n<h3 id=\"20_Dwejra_es_a_Belso_tenger\" class=\"wp-block-heading\"><span class=\"ez-toc-section\" id=\"20_Dwejra_es_a_Belso-tenger\"><\/span>20. Dwejra \u00e9s a Bels\u0151-tenger<span class=\"ez-toc-section-end\"><\/span><\/h3>\n\n\n\n<p class=\"wp-block-paragraph\">Gozo sziget\u00e9nek ez a r\u00e9sze f\u0151leg az Az\u00far-ablakr\u00f3l volt h\u00edres, egy hatalmas szikla\u00edvr\u0151l, amely sajnos 2017-ben egy er\u0151s vihar sor\u00e1n a tengerbe omlott. De n\u00e9lk\u00fcle is elk\u00e9peszt\u0151 sz\u00ednh\u00e1zat rendez itt a term\u00e9szet, mert megmaradt a leny\u0171g\u00f6z\u0151 Bels\u0151-tenger \u00e9s a <strong>remek b\u00fav\u00e1rkod\u00e1si lehet\u0151s\u00e9g a m\u00e9ly barlangokban<\/strong>.<\/p>\n\n\n\n<figure data-wp-context=\"{&quot;imageId&quot;:&quot;6a9c1d574142f&quot;}\" data-wp-interactive=\"core\/image\" data-wp-key=\"6a9c1d574142f\" class=\"wp-block-image size-full wp-lightbox-container\"><img decoding=\"async\" width=\"1500\" height=\"998\" data-wp-class--hide=\"state.isContentHidden\" data-wp-class--show=\"state.isContentVisible\" data-wp-init=\"callbacks.setButtonStyles\" data-wp-on--click=\"actions.showLightbox\" data-wp-on--load=\"callbacks.setButtonStyles\" data-wp-on--pointerdown=\"actions.preloadImage\" data-wp-on--pointerenter=\"actions.preloadImageWithDelay\" data-wp-on--pointerleave=\"actions.cancelPreload\" data-wp-on-window--resize=\"callbacks.setButtonStyles\" src=\"https:\/\/loudavymkrokem.cz\/wp-content\/uploads\/2026\/08\/dovolena-malta-t20.jpg\" alt=\"Dwejra \u00e9s a Bels\u0151-tenger Goz\u00f3n\" class=\"wp-image-399725\" title=\"\" srcset=\"https:\/\/loudavymkrokem.cz\/wp-content\/uploads\/2026\/08\/dovolena-malta-t20.jpg 1500w, https:\/\/loudavymkrokem.cz\/wp-content\/uploads\/2026\/08\/dovolena-malta-t20-300x200.jpg 300w, https:\/\/loudavymkrokem.cz\/wp-content\/uploads\/2026\/08\/dovolena-malta-t20-700x466.jpg 700w, https:\/\/loudavymkrokem.cz\/wp-content\/uploads\/2026\/08\/dovolena-malta-t20-768x511.jpg 768w, https:\/\/loudavymkrokem.cz\/wp-content\/uploads\/2026\/08\/dovolena-malta-t20-696x463.jpg 696w, https:\/\/loudavymkrokem.cz\/wp-content\/uploads\/2026\/08\/dovolena-malta-t20-1392x926.jpg 1392w\" sizes=\"(max-width: 1500px) 100vw, 1500px\" \/><button\n\t\t\tclass=\"lightbox-trigger\"\n\t\t\ttype=\"button\"\n\t\t\taria-haspopup=\"dialog\"\n\t\t\tdata-wp-bind--aria-label=\"state.thisImage.triggerButtonAriaLabel\"\n\t\t\tdata-wp-init=\"callbacks.initTriggerButton\"\n\t\t\tdata-wp-on--click=\"actions.showLightbox\"\n\t\t\tdata-wp-style--right=\"state.thisImage.buttonRight\"\n\t\t\tdata-wp-style--top=\"state.thisImage.buttonTop\"\n\t\t>\n\t\t\t<svg xmlns=\"http:\/\/www.w3.org\/2000\/svg\" width=\"12\" height=\"12\" fill=\"none\" viewBox=\"0 0 12 12\">\n\t\t\t\t<path fill=\"#fff\" d=\"M2 0a2 2 0 0 0-2 2v2h1.5V2a.5.5 0 0 1 .5-.5h2V0H2Zm2 10.5H2a.5.5 0 0 1-.5-.5V8H0v2a2 2 0 0 0 2 2h2v-1.5ZM8 12v-1.5h2a.5.5 0 0 0 .5-.5V8H12v2a2 2 0 0 1-2 2H8Zm2-12a2 2 0 0 1 2 2v2h-1.5V2a.5.5 0 0 0-.5-.5H8V0h2Z\" \/>\n\t\t\t<\/svg>\n\t\t<\/button><figcaption class=\"wp-element-caption\">Dwejra \u00e9s a Bels\u0151-tenger Goz\u00f3n (Fot\u00f3: portengaround \/ Wikimedia Commons, CC BY-SA 2.0)<\/figcaption><\/figure>\n\n\n\n<p class=\"wp-block-paragraph\">A Bels\u0151-tenger tulajdonk\u00e9ppen egy kis, sek\u00e9ly lag\u00fana, amelyet egy sz\u0171k sziklaalag\u00fat k\u00f6t \u00f6ssze a ny\u00edlt tengerrel, amelyen kis kir\u00e1ndul\u00f3haj\u00f3k szeretnek \u00e1t\u00faszni. A tapasztalt utaz\u00f3k a <strong>remek snorkelez\u00e9si lehet\u0151s\u00e9get<\/strong> dics\u00e9rik itt, \u00e1m egyben figyelmeztetnek, hogy az \u00e9les, szikl\u00e1s part \u00f3vatoss\u00e1got \u00e9s strapab\u00edr\u00f3 v\u00edzicip\u0151t ig\u00e9nyel.<\/p>\n\n\n\n<h3 id=\"21_Ramla_Bay_a_szigetcsoport_legszebb_homokos_strandja\" class=\"wp-block-heading\"><span class=\"ez-toc-section\" id=\"21_Ramla_Bay_a_szigetcsoport_legszebb_homokos_strandja\"><\/span>21. Ramla Bay: a szigetcsoport legszebb homokos strandja<span class=\"ez-toc-section-end\"><\/span><\/h3>\n\n\n\n<p class=\"wp-block-paragraph\">Ha Goz\u00f3n a legszebb homokos strandot keresed, mindenki azonnal az \u00e9szaki partra, a t\u00e1gas Ramla-\u00f6b\u00f6lbe k\u00fcld. A teljesen jellegzetes <strong>narancsv\u00f6r\u00f6s homokja kontrasztol a tiszta v\u00edzzel<\/strong>, az \u00f6b\u00f6l f\u00f6l\u00f6tt pedig magasan a h\u00edres Kal\u00fcpsz\u00f3-barlang tornyosul, ahol a mond\u00e1k szerint Kal\u00fcpsz\u00f3 nimfa hossz\u00fa h\u00e9t \u00e9ven \u00e1t tartotta fogva a mesebeli Od\u00fcsszeuszt.<\/p>\n\n\n\n<figure data-wp-context=\"{&quot;imageId&quot;:&quot;6a9c1d5741985&quot;}\" data-wp-interactive=\"core\/image\" data-wp-key=\"6a9c1d5741985\" class=\"wp-block-image size-full wp-lightbox-container\"><img decoding=\"async\" width=\"1500\" height=\"972\" data-wp-class--hide=\"state.isContentHidden\" data-wp-class--show=\"state.isContentVisible\" data-wp-init=\"callbacks.setButtonStyles\" data-wp-on--click=\"actions.showLightbox\" data-wp-on--load=\"callbacks.setButtonStyles\" data-wp-on--pointerdown=\"actions.preloadImage\" data-wp-on--pointerenter=\"actions.preloadImageWithDelay\" data-wp-on--pointerleave=\"actions.cancelPreload\" data-wp-on-window--resize=\"callbacks.setButtonStyles\" src=\"https:\/\/loudavymkrokem.cz\/wp-content\/uploads\/2026\/08\/dovolena-malta-t21.jpg\" alt=\"A Ramla Bay strand v\u00f6r\u00f6s homokja\" class=\"wp-image-399728\" title=\"\" srcset=\"https:\/\/loudavymkrokem.cz\/wp-content\/uploads\/2026\/08\/dovolena-malta-t21.jpg 1500w, https:\/\/loudavymkrokem.cz\/wp-content\/uploads\/2026\/08\/dovolena-malta-t21-300x194.jpg 300w, https:\/\/loudavymkrokem.cz\/wp-content\/uploads\/2026\/08\/dovolena-malta-t21-700x454.jpg 700w, https:\/\/loudavymkrokem.cz\/wp-content\/uploads\/2026\/08\/dovolena-malta-t21-768x498.jpg 768w, https:\/\/loudavymkrokem.cz\/wp-content\/uploads\/2026\/08\/dovolena-malta-t21-696x451.jpg 696w, https:\/\/loudavymkrokem.cz\/wp-content\/uploads\/2026\/08\/dovolena-malta-t21-1392x902.jpg 1392w\" sizes=\"(max-width: 1500px) 100vw, 1500px\" \/><button\n\t\t\tclass=\"lightbox-trigger\"\n\t\t\ttype=\"button\"\n\t\t\taria-haspopup=\"dialog\"\n\t\t\tdata-wp-bind--aria-label=\"state.thisImage.triggerButtonAriaLabel\"\n\t\t\tdata-wp-init=\"callbacks.initTriggerButton\"\n\t\t\tdata-wp-on--click=\"actions.showLightbox\"\n\t\t\tdata-wp-style--right=\"state.thisImage.buttonRight\"\n\t\t\tdata-wp-style--top=\"state.thisImage.buttonTop\"\n\t\t>\n\t\t\t<svg xmlns=\"http:\/\/www.w3.org\/2000\/svg\" width=\"12\" height=\"12\" fill=\"none\" viewBox=\"0 0 12 12\">\n\t\t\t\t<path fill=\"#fff\" d=\"M2 0a2 2 0 0 0-2 2v2h1.5V2a.5.5 0 0 1 .5-.5h2V0H2Zm2 10.5H2a.5.5 0 0 1-.5-.5V8H0v2a2 2 0 0 0 2 2h2v-1.5ZM8 12v-1.5h2a.5.5 0 0 0 .5-.5V8H12v2a2 2 0 0 1-2 2H8Zm2-12a2 2 0 0 1 2 2v2h-1.5V2a.5.5 0 0 0-.5-.5H8V0h2Z\" \/>\n\t\t\t<\/svg>\n\t\t<\/button><figcaption class=\"wp-element-caption\">A Ramla Bay strand v\u00f6r\u00f6s homokja (Fot\u00f3: JosephAmodio \/ Wikimedia Commons, CC BY-SA 4.0)<\/figcaption><\/figure>\n\n\n\n<p class=\"wp-block-paragraph\">Egyenesen a homokig k\u00e9nyelmesen eljutsz a helyi buszokkal, amelyek rendszeresen j\u00e1rnak a sziget f\u0151v\u00e1ros\u00e1b\u00f3l. Ha sp\u00f3rolni akarsz a k\u00f6zleked\u00e9sen az eg\u00e9sz tart\u00f3zkod\u00e1s alatt, mindenk\u00e9pp meg\u00e9ri beszerezni egy <strong>heti turistak\u00e1rty\u00e1t<\/strong>, amely nagyj\u00e1b\u00f3l 25 eur\u00f3, azaz \u00e1tsz\u00e1m\u00edtva k\u00f6r\u00fclbel\u00fcl 10 000 Ft.<\/p>\n\n\n\n<h3 id=\"22_Ggantija_a_vilag_legregibb_szabadon_allo_epitmenyei\" class=\"wp-block-heading\"><span class=\"ez-toc-section\" id=\"22_Ggantija_a_vilag_legregebbi_szabadon_allo_epitmenyei\"><\/span>22. \u0120gantija: a vil\u00e1g legr\u00e9gebbi szabadon \u00e1ll\u00f3 \u00e9p\u00edtm\u00e9nyei<span class=\"ez-toc-section-end\"><\/span><\/h3>\n\n\n\n<p class=\"wp-block-paragraph\">A t\u00f6rt\u00e9n\u00e9szek egyet\u00e9rtenek abban, hogy ha szereted az \u00f3kort, ez a leny\u0171g\u00f6z\u0151 templomkomplexum Gozo sziget\u00e9n sz\u00f3 szerint hanyatt v\u00e1g. Ezek a massz\u00edv megalitikus \u00e9p\u00edtm\u00e9nyek, amelyek term\u00e9szetesen az UNESCO v\u00e9delme alatt \u00e1llnak, \u00e1ll\u00edt\u00f3lag a <strong>vil\u00e1g legr\u00e9gebbi szabadon \u00e1ll\u00f3 \u00e9p\u00edtm\u00e9nyei<\/strong>, \u00edgy j\u00e1tszva zsebre v\u00e1gj\u00e1k a brit Stonehenge-et is.<\/p>\n\n\n\n<figure data-wp-context=\"{&quot;imageId&quot;:&quot;6a9c1d5742187&quot;}\" data-wp-interactive=\"core\/image\" data-wp-key=\"6a9c1d5742187\" class=\"wp-block-image size-full wp-lightbox-container\"><img decoding=\"async\" width=\"1500\" height=\"1000\" data-wp-class--hide=\"state.isContentHidden\" data-wp-class--show=\"state.isContentVisible\" data-wp-init=\"callbacks.setButtonStyles\" data-wp-on--click=\"actions.showLightbox\" data-wp-on--load=\"callbacks.setButtonStyles\" data-wp-on--pointerdown=\"actions.preloadImage\" data-wp-on--pointerenter=\"actions.preloadImageWithDelay\" data-wp-on--pointerleave=\"actions.cancelPreload\" data-wp-on-window--resize=\"callbacks.setButtonStyles\" src=\"https:\/\/loudavymkrokem.cz\/wp-content\/uploads\/2026\/08\/dovolena-malta-t22.jpg\" alt=\"A \u0120gantija megalitikus templomok Goz\u00f3n\" class=\"wp-image-399732\" title=\"\" srcset=\"https:\/\/loudavymkrokem.cz\/wp-content\/uploads\/2026\/08\/dovolena-malta-t22.jpg 1500w, https:\/\/loudavymkrokem.cz\/wp-content\/uploads\/2026\/08\/dovolena-malta-t22-300x200.jpg 300w, https:\/\/loudavymkrokem.cz\/wp-content\/uploads\/2026\/08\/dovolena-malta-t22-700x467.jpg 700w, https:\/\/loudavymkrokem.cz\/wp-content\/uploads\/2026\/08\/dovolena-malta-t22-768x512.jpg 768w, https:\/\/loudavymkrokem.cz\/wp-content\/uploads\/2026\/08\/dovolena-malta-t22-696x464.jpg 696w, https:\/\/loudavymkrokem.cz\/wp-content\/uploads\/2026\/08\/dovolena-malta-t22-1392x928.jpg 1392w\" sizes=\"(max-width: 1500px) 100vw, 1500px\" \/><button\n\t\t\tclass=\"lightbox-trigger\"\n\t\t\ttype=\"button\"\n\t\t\taria-haspopup=\"dialog\"\n\t\t\tdata-wp-bind--aria-label=\"state.thisImage.triggerButtonAriaLabel\"\n\t\t\tdata-wp-init=\"callbacks.initTriggerButton\"\n\t\t\tdata-wp-on--click=\"actions.showLightbox\"\n\t\t\tdata-wp-style--right=\"state.thisImage.buttonRight\"\n\t\t\tdata-wp-style--top=\"state.thisImage.buttonTop\"\n\t\t>\n\t\t\t<svg xmlns=\"http:\/\/www.w3.org\/2000\/svg\" width=\"12\" height=\"12\" fill=\"none\" viewBox=\"0 0 12 12\">\n\t\t\t\t<path fill=\"#fff\" d=\"M2 0a2 2 0 0 0-2 2v2h1.5V2a.5.5 0 0 1 .5-.5h2V0H2Zm2 10.5H2a.5.5 0 0 1-.5-.5V8H0v2a2 2 0 0 0 2 2h2v-1.5ZM8 12v-1.5h2a.5.5 0 0 0 .5-.5V8H12v2a2 2 0 0 1-2 2H8Zm2-12a2 2 0 0 1 2 2v2h-1.5V2a.5.5 0 0 0-.5-.5H8V0h2Z\" \/>\n\t\t\t<\/svg>\n\t\t<\/button><figcaption class=\"wp-element-caption\">A \u0120gantija megalitikus templomok Goz\u00f3n (Fot\u00f3: Diego Delso \/ Wikimedia Commons, CC BY-SA 4.0)<\/figcaption><\/figure>\n\n\n\n<p class=\"wp-block-paragraph\">A hatalmas m\u00e9szk\u0151t\u00f6mb\u00f6k t\u00f6bb t\u00edz tonn\u00e1t nyomnak, \u00e9s az \u0151si legend\u00e1k szerint \u00f3ri\u00e1soknak kellett idehozniuk \u0151ket, mert az akkori lakosok m\u00e1sk\u00e9pp nem tudt\u00e1k megmagyar\u00e1zni a fel\u00e9p\u00edt\u00e9s\u00fcket. A ter\u00fclet bej\u00e1r\u00e1sa nagyon j\u00f3l szervezett, \u00e9s egy modern l\u00e1togat\u00f3k\u00f6zpontban kezd\u0151dik, ahol aj\u00e1nlott <strong>alaposan \u00e1ttanulm\u00e1nyozni a ki\u00e1ll\u00edtott t\u00e1rgyakat<\/strong>, hogy legyen kontextusod.<\/p>\n\n\n\n<h3 id=\"23_Xlendi_es_Marsalforn\" class=\"wp-block-heading\"><span class=\"ez-toc-section\" id=\"23_Xlendi_es_Marsalforn\"><\/span>23. Xlendi \u00e9s Marsalforn<span class=\"ez-toc-section-end\"><\/span><\/h3>\n\n\n\n<p class=\"wp-block-paragraph\">Ez a k\u00e9t nagyon nyugodt \u00e9s szimpatikus tengerparti \u00fcd\u00fcl\u0151hely ide\u00e1lis b\u00e1zist jelent egy laza nyaral\u00e1shoz Gozo sziget\u00e9n. M\u00edg a keskeny Xlendi-\u00f6b\u00f6l a dr\u00e1mai szikl\u00e1kkal \u00e9s gy\u00f6ny\u00f6r\u0171 naplement\u00e9kkel k\u00e1pr\u00e1ztat el, Marsalforn egy sz\u00e9p promen\u00e1ddal \u00e9s <strong>egyed\u00fcl\u00e1ll\u00f3, t\u00f6rt\u00e9nelmi s\u00f3p\u00e1rol\u00f3kkal<\/strong> cs\u00e1b\u00edt, amelyeket egyenesen a parti szikl\u00e1kba v\u00e1jtak, k\u00f6zvetlen\u00fcl a v\u00e1roson k\u00edv\u00fcl.<\/p>\n\n\n\n<figure data-wp-context=\"{&quot;imageId&quot;:&quot;6a9c1d5742855&quot;}\" data-wp-interactive=\"core\/image\" data-wp-key=\"6a9c1d5742855\" class=\"wp-block-image size-full wp-lightbox-container\"><img decoding=\"async\" width=\"1500\" height=\"1000\" data-wp-class--hide=\"state.isContentHidden\" data-wp-class--show=\"state.isContentVisible\" data-wp-init=\"callbacks.setButtonStyles\" data-wp-on--click=\"actions.showLightbox\" data-wp-on--load=\"callbacks.setButtonStyles\" data-wp-on--pointerdown=\"actions.preloadImage\" data-wp-on--pointerenter=\"actions.preloadImageWithDelay\" data-wp-on--pointerleave=\"actions.cancelPreload\" data-wp-on-window--resize=\"callbacks.setButtonStyles\" src=\"https:\/\/loudavymkrokem.cz\/wp-content\/uploads\/2026\/08\/dovolena-malta-t23.jpg\" alt=\"Az Xlendi-\u00f6b\u00f6l Gozo sziget\u00e9n\" class=\"wp-image-399733\" title=\"\" srcset=\"https:\/\/loudavymkrokem.cz\/wp-content\/uploads\/2026\/08\/dovolena-malta-t23.jpg 1500w, https:\/\/loudavymkrokem.cz\/wp-content\/uploads\/2026\/08\/dovolena-malta-t23-300x200.jpg 300w, https:\/\/loudavymkrokem.cz\/wp-content\/uploads\/2026\/08\/dovolena-malta-t23-700x467.jpg 700w, https:\/\/loudavymkrokem.cz\/wp-content\/uploads\/2026\/08\/dovolena-malta-t23-768x512.jpg 768w, https:\/\/loudavymkrokem.cz\/wp-content\/uploads\/2026\/08\/dovolena-malta-t23-696x464.jpg 696w, https:\/\/loudavymkrokem.cz\/wp-content\/uploads\/2026\/08\/dovolena-malta-t23-1392x928.jpg 1392w\" sizes=\"(max-width: 1500px) 100vw, 1500px\" \/><button\n\t\t\tclass=\"lightbox-trigger\"\n\t\t\ttype=\"button\"\n\t\t\taria-haspopup=\"dialog\"\n\t\t\tdata-wp-bind--aria-label=\"state.thisImage.triggerButtonAriaLabel\"\n\t\t\tdata-wp-init=\"callbacks.initTriggerButton\"\n\t\t\tdata-wp-on--click=\"actions.showLightbox\"\n\t\t\tdata-wp-style--right=\"state.thisImage.buttonRight\"\n\t\t\tdata-wp-style--top=\"state.thisImage.buttonTop\"\n\t\t>\n\t\t\t<svg xmlns=\"http:\/\/www.w3.org\/2000\/svg\" width=\"12\" height=\"12\" fill=\"none\" viewBox=\"0 0 12 12\">\n\t\t\t\t<path fill=\"#fff\" d=\"M2 0a2 2 0 0 0-2 2v2h1.5V2a.5.5 0 0 1 .5-.5h2V0H2Zm2 10.5H2a.5.5 0 0 1-.5-.5V8H0v2a2 2 0 0 0 2 2h2v-1.5ZM8 12v-1.5h2a.5.5 0 0 0 .5-.5V8H12v2a2 2 0 0 1-2 2H8Zm2-12a2 2 0 0 1 2 2v2h-1.5V2a.5.5 0 0 0-.5-.5H8V0h2Z\" \/>\n\t\t\t<\/svg>\n\t\t<\/button><figcaption class=\"wp-element-caption\">Az Xlendi-\u00f6b\u00f6l Gozo sziget\u00e9n (Fot\u00f3: Diego Delso \/ Wikimedia Commons, CC BY-SA 4.0)<\/figcaption><\/figure>\n\n\n\n<p class=\"wp-block-paragraph\">Mindk\u00e9t kisv\u00e1ros meglehet\u0151sen j\u00f3 buszkapcsolatot k\u00edn\u00e1l a f\u0151v\u00e1rossal, Victori\u00e1val, \u00edgy innen k\u00f6nnyen kir\u00e1ndulhatsz az eg\u00e9sz szigeten. A f\u00fcrd\u0151z\u00e9s itt f\u0151leg a l\u00e9tr\u00e1kkal ell\u00e1tott, kialak\u00edtott sziklateraszokr\u00f3l zajlik, amelyek ment\u00e9n rengeteg \u00e9ttermet tal\u00e1lsz helyi specialit\u00e1sokkal \u2014 \u00e9s csak arra kell r\u00e1pillantanod, <a href=\"https:\/\/loudavymkrokem.cz\/hu\/olcso-repjegyek-tippek\/\">hogyan tal\u00e1lj olcs\u00f3 rep\u00fcl\u0151jegyet<\/a>, \u00e9s m\u00e1r indulhatsz is.<\/p>\n\n\n\n<h3 id=\"24_Legszebb_strandok_Golden_Bay_Gajn_Tuffiea_es_Melliea_Bay\" class=\"wp-block-heading\"><span class=\"ez-toc-section\" id=\"24_Legszebb_strandok_Golden_Bay_Ghajn_Tuffieha_es_Mellieha_Bay\"><\/span>24. Legszebb strandok: Golden Bay, G\u0127ajn Tuffie\u0127a \u00e9s Mellie\u0127a Bay<span class=\"ez-toc-section-end\"><\/span><\/h3>\n\n\n\n<p class=\"wp-block-paragraph\">A legv\u00e9g\u00e9n term\u00e9szetesen \u00f6ssze kell foglalnunk a legfontosabbat a strandol\u00f3knak, mert M\u00e1lta h\u00e1rom f\u0151 homokos sz\u00e9ps\u00e9get k\u00edn\u00e1l. A gyerekes csal\u00e1dok \u00e1ll\u00edt\u00f3lag legink\u00e1bb a sek\u00e9ly Mellie\u0127a-\u00f6bl\u00f6t \u00e9rt\u00e9kelik, m\u00edg egy kicsit arr\u00e9bb a kedvelt Golden Bay fekszik, mellette pedig a nyugodtabb G\u0127ajn Tuffie\u0127a, amelyhez <strong>meredek l\u00e9pcs\u0151n kell lemenni<\/strong>.<\/p>\n\n\n\n<figure data-wp-context=\"{&quot;imageId&quot;:&quot;6a9c1d5742f77&quot;}\" data-wp-interactive=\"core\/image\" data-wp-key=\"6a9c1d5742f77\" class=\"wp-block-image size-full wp-lightbox-container\"><img decoding=\"async\" width=\"1500\" height=\"997\" data-wp-class--hide=\"state.isContentHidden\" data-wp-class--show=\"state.isContentVisible\" data-wp-init=\"callbacks.setButtonStyles\" data-wp-on--click=\"actions.showLightbox\" data-wp-on--load=\"callbacks.setButtonStyles\" data-wp-on--pointerdown=\"actions.preloadImage\" data-wp-on--pointerenter=\"actions.preloadImageWithDelay\" data-wp-on--pointerleave=\"actions.cancelPreload\" data-wp-on-window--resize=\"callbacks.setButtonStyles\" src=\"https:\/\/loudavymkrokem.cz\/wp-content\/uploads\/2026\/08\/dovolena-malta-t24.jpg\" alt=\"A Golden Bay strand M\u00e1lt\u00e1n\" class=\"wp-image-399736\" title=\"\" srcset=\"https:\/\/loudavymkrokem.cz\/wp-content\/uploads\/2026\/08\/dovolena-malta-t24.jpg 1500w, https:\/\/loudavymkrokem.cz\/wp-content\/uploads\/2026\/08\/dovolena-malta-t24-300x199.jpg 300w, https:\/\/loudavymkrokem.cz\/wp-content\/uploads\/2026\/08\/dovolena-malta-t24-700x465.jpg 700w, https:\/\/loudavymkrokem.cz\/wp-content\/uploads\/2026\/08\/dovolena-malta-t24-768x510.jpg 768w, https:\/\/loudavymkrokem.cz\/wp-content\/uploads\/2026\/08\/dovolena-malta-t24-696x463.jpg 696w, https:\/\/loudavymkrokem.cz\/wp-content\/uploads\/2026\/08\/dovolena-malta-t24-1392x925.jpg 1392w\" sizes=\"(max-width: 1500px) 100vw, 1500px\" \/><button\n\t\t\tclass=\"lightbox-trigger\"\n\t\t\ttype=\"button\"\n\t\t\taria-haspopup=\"dialog\"\n\t\t\tdata-wp-bind--aria-label=\"state.thisImage.triggerButtonAriaLabel\"\n\t\t\tdata-wp-init=\"callbacks.initTriggerButton\"\n\t\t\tdata-wp-on--click=\"actions.showLightbox\"\n\t\t\tdata-wp-style--right=\"state.thisImage.buttonRight\"\n\t\t\tdata-wp-style--top=\"state.thisImage.buttonTop\"\n\t\t>\n\t\t\t<svg xmlns=\"http:\/\/www.w3.org\/2000\/svg\" width=\"12\" height=\"12\" fill=\"none\" viewBox=\"0 0 12 12\">\n\t\t\t\t<path fill=\"#fff\" d=\"M2 0a2 2 0 0 0-2 2v2h1.5V2a.5.5 0 0 1 .5-.5h2V0H2Zm2 10.5H2a.5.5 0 0 1-.5-.5V8H0v2a2 2 0 0 0 2 2h2v-1.5ZM8 12v-1.5h2a.5.5 0 0 0 .5-.5V8H12v2a2 2 0 0 1-2 2H8Zm2-12a2 2 0 0 1 2 2v2h-1.5V2a.5.5 0 0 0-.5-.5H8V0h2Z\" \/>\n\t\t\t<\/svg>\n\t\t<\/button><figcaption class=\"wp-element-caption\">A Golden Bay strand M\u00e1lt\u00e1n (Fot\u00f3: Searching For Bliss \/ Wikimedia Commons, CC BY 4.0)<\/figcaption><\/figure>\n\n\n\n<p class=\"wp-block-paragraph\">\u00c9ppen a l\u00e9pcs\u0151k miatt az G\u0127ajn Tuffie\u0127a-\u00f6b\u00f6l valamivel kev\u00e9sb\u00e9 zs\u00fafolt, m\u00e9gis szeretn\u00e9m \u00fajra eml\u00e9keztetni t\u00e9ged egy nagy m\u00e1ltai saj\u00e1toss\u00e1gra. A szok\u00e1sos f\u00fcrd\u0151z\u00e9s nagy r\u00e9sze az eg\u00e9sz szigetcsoporton ugyanis szikl\u00e1kr\u00f3l \u00e9s betonteraszokr\u00f3l zajlik, \u00edgy ha kifejezetten a hossz\u00fa homokos strandokat szereted, <strong>logikusan \u00e9ppen e h\u00e1rom eml\u00edtett \u00f6b\u00f6l k\u00f6zel\u00e9be tervezz sz\u00e1ll\u00e1st<\/strong>.<\/p>\n\n\n\n<h2 id=\"Hol_szallj_meg_Maltan_legjobb_teruletek_es_konkret_hotelek\" class=\"wp-block-heading\"><span class=\"ez-toc-section\" id=\"Hol_szallj_meg_Maltan_a_legjobb_teruletek_es_konkret_hotelek\"><\/span>Hol sz\u00e1llj meg M\u00e1lt\u00e1n: a legjobb ter\u00fcletek \u00e9s konkr\u00e9t hotelek<span class=\"ez-toc-section-end\"><\/span><\/h2>\n\n\n\n<p class=\"wp-block-paragraph\">M\u00e1lta ter\u00fcletre ugyan meglehet\u0151sen pici, de a sz\u00e1ll\u00e1sv\u00e1laszt\u00e1sn\u00e1l ez tulajdonk\u00e9ppen nem sokat sz\u00e1m\u00edt, mert nyugodtan megsz\u00e1llhatsz egyetlen helyen, \u00e9s onnan k\u00e9nyelmesen bej\u00e1rhatod az eg\u00e9sz szigetet. <strong>Sokkal fontosabb maga az adott hely hangulata<\/strong>, hiszen minden kisv\u00e1ros teljesen m\u00e1s \u00e9lm\u00e9nyt \u00e9s elt\u00e9r\u0151 esti sz\u00f3rakoz\u00e1si lehet\u0151s\u00e9geket k\u00edn\u00e1l.<\/p>\n\n\n\n<p class=\"wp-block-paragraph\">M\u00edg valahol nyugodt, t\u00f6rt\u00e9nelmi utc\u00e1kat tal\u00e1lsz, amelyeket mintha romantikus s\u00e9t\u00e1kra teremtettek volna, m\u00e1shol tombol\u00f3 \u00e9jszakai \u00e9let v\u00e1r tele b\u00e1rokkal \u00e9s nagyon hangos zen\u00e9vel. <strong>Azt aj\u00e1nlom, el\u0151re gondold \u00e1t, milyen t\u00edpus\u00fa nyaral\u00e1st keresel<\/strong>, \u00e9s eszerint v\u00e1laszd ki az ideiglenes otthonodat a szabad napokra.<\/p>\n\n\n\n<p class=\"wp-block-paragraph\">\ud83d\udca1 <strong>Tipp:<\/strong> Miel\u0151tt konkr\u00e9t hotelt kezden\u00e9l v\u00e1lasztani, n\u00e9zd \u00e1t a <a href=\"https:\/\/www.stay22.com\/allez\/roam?aid=lukaskonecny&amp;campaign=loudavymkrokemcz&amp;campaign=dovolena-malta&amp;address=Malta\" target=\"_blank\" rel=\"nofollow noopener sponsored\">M\u00e1lta aktu\u00e1lis sz\u00e1ll\u00e1sk\u00edn\u00e1lat\u00e1t<\/a>, \u00e9s \u00e1ll\u00edtsd be a sz\u0171r\u0151t az ingyenes lemond\u00e1sra. A f\u0151szezonban a legjobbra \u00e9rt\u00e9kelt hotelek ak\u00e1r t\u00f6bb h\u00f3nappal el\u0151re elkelnek.<\/p>\n\n\n\n<h3 id=\"Melyik_teruletet_valaszd\" class=\"wp-block-heading\"><span class=\"ez-toc-section\" id=\"Melyik_teruletet_valaszd\"><\/span>Melyik ter\u00fcletet v\u00e1laszd<span class=\"ez-toc-section-end\"><\/span><\/h3>\n\n\n\n<ul class=\"wp-block-list\">\n<li><strong>Sliema:<\/strong> Gy\u00f6ny\u00f6r\u0171, boltokkal szeg\u00e9lyezett promen\u00e1dot, <strong>f\u00fcrd\u0151z\u00e9st egyenesen a sziklateraszokr\u00f3l<\/strong> k\u00edn\u00e1l, \u00e9s \u00f3ri\u00e1si el\u0151ny a komp is, amellyel kellemes t\u00edz perc alatt Vallett\u00e1ba jutsz.<\/li>\n\n\n\n<li><strong>St Julian&#8217;s \u00e9s Paceville:<\/strong> Ha pezsg\u0151 \u00e9jszakai \u00e9letre \u00e9s rengeteg \u00e9tteremre v\u00e1gysz, itt boldog leszel, de <strong>k\u00e9sz\u00fclj fel a t\u00e9nyleg hangos k\u00f6rnyezetre<\/strong>, amely f\u0151leg a fiatal utaz\u00f3kat cs\u00e1b\u00edtja.<\/li>\n\n\n\n<li><strong>Valletta:<\/strong> Gazdag t\u00f6rt\u00e9nelemmel \u00e9s egyedi hangulattal fogad a gy\u00f6ny\u00f6r\u0171 butikhotelekben, este a kisv\u00e1ros kellemesen elcsendesedik, csak <strong>sz\u00e1molj a parkol\u00f3helyek \u00f3ri\u00e1si hi\u00e1ny\u00e1val<\/strong>.<\/li>\n\n\n\n<li><strong>Mellie\u0127a \u00e9s a sziget \u00e9szaki r\u00e9sze:<\/strong> Nyugodtabb ter\u00fclet, ide\u00e1lis gyerekes csal\u00e1doknak, ahonnan a <strong>legk\u00f6zelebb vagy a nagy homokos strandokhoz<\/strong> \u00e9s a Goz\u00f3ra tart\u00f3 kompok kik\u00f6t\u0151j\u00e9hez.<\/li>\n\n\n\n<li><strong>Gozo:<\/strong> Itt eg\u00e9szen m\u00e1s temp\u00f3ban telik az id\u0151, a sziget pedig h\u00edres a farmhouse n\u00e9ven emlegetett, priv\u00e1t medenc\u00e9s vid\u00e9ki h\u00e1zair\u00f3l, ami <strong>ide\u00e1lis c\u00e9ll\u00e1 teszi a tart\u00f3zkod\u00e1sod m\u00e1sodik fel\u00e9re<\/strong>.<\/li>\n<\/ul>\n\n\n\n<h3 id=\"Konkret_szallastippek\" class=\"wp-block-heading\"><span class=\"ez-toc-section\" id=\"Konkret_szallastippek\"><\/span>Konkr\u00e9t sz\u00e1ll\u00e1stippek<span class=\"ez-toc-section-end\"><\/span><\/h3>\n\n\n\n<ul class=\"wp-block-list\">\n<li><strong><a href=\"https:\/\/www.stay22.com\/allez\/roam?aid=lukaskonecny&amp;campaign=loudavymkrokemcz&amp;campaign=dovolena-malta&amp;hotelname=The%20Embassy%20Valletta%20Hotel&amp;address=Valletta%2C%20Malta\" target=\"_blank\" rel=\"noopener nofollow sponsored\">The Embassy Valletta Hotel<\/a>:<\/strong> Ez a leny\u0171g\u00f6z\u0151 hotel egyenesen a t\u00f6rt\u00e9nelmi k\u00f6zpontban fekszik, legnagyobb vonzereje pedig a <strong>tet\u0151n l\u00e9v\u0151 medence, par\u00e1d\u00e9s kil\u00e1t\u00e1ssal<\/strong> az eg\u00e9sz k\u00f6rny\u00e9kre.<\/li>\n\n\n\n<li><strong><a href=\"https:\/\/www.stay22.com\/allez\/roam?aid=lukaskonecny&amp;campaign=loudavymkrokemcz&amp;campaign=dovolena-malta&amp;hotelname=Hotel%20Juliani&amp;address=St%20Julian%27s%2C%20Malta\" target=\"_blank\" rel=\"noopener nofollow sponsored\">Hotel Juliani<\/a>:<\/strong> Gy\u00f6ny\u00f6r\u0171 butikhotel egyenesen a Spinola Bay partj\u00e1n, amely a v\u00e9lem\u00e9nyek szerint <strong>remek szolg\u00e1ltat\u00e1st \u00e9s var\u00e1zslatos hangulatot k\u00edn\u00e1l<\/strong>.<\/li>\n\n\n\n<li><strong><a href=\"https:\/\/www.stay22.com\/allez\/roam?aid=lukaskonecny&amp;campaign=loudavymkrokemcz&amp;campaign=dovolena-malta&amp;hotelname=Corinthia%20St%20George%27s%20Bay&amp;address=St%20Julian%27s%2C%20Malta\" target=\"_blank\" rel=\"noopener nofollow sponsored\">Corinthia St George&#8217;s Bay<\/a>:<\/strong> Luxus, \u00f6tcsillagos resort egyenesen az \u00f6b\u00f6l mellett, ahol <strong>maxim\u00e1lis k\u00e9nyelmet<\/strong> \u00e9s cs\u00facsmin\u0151s\u00e9g\u0171 szervizt \u00e9lvezhetsz a legig\u00e9nyesebbeknek.<\/li>\n\n\n\n<li><strong><a href=\"https:\/\/www.stay22.com\/allez\/roam?aid=lukaskonecny&amp;campaign=loudavymkrokemcz&amp;campaign=dovolena-malta&amp;hotelname=Hyatt%20Centric%20Malta&amp;address=St%20Julian%27s%2C%20Malta\" target=\"_blank\" rel=\"noopener nofollow sponsored\">Hyatt Centric Malta<\/a>:<\/strong> Modern\u00fcl berendezett hotel a ny\u00fczsg\u0151bb St Julian&#8217;s negyedben, amely <strong>st\u00edlusos tet\u0151medenc\u00e9vel<\/strong> cs\u00e1b\u00edtja az utaz\u00f3kat.<\/li>\n\n\n\n<li><strong><a href=\"https:\/\/www.stay22.com\/allez\/roam?aid=lukaskonecny&amp;campaign=loudavymkrokemcz&amp;campaign=dovolena-malta&amp;hotelname=db%20Seabank%20Resort%20%2B%20Spa&amp;address=Mellieha%2C%20Malta\" target=\"_blank\" rel=\"noopener nofollow sponsored\">db Seabank Resort + Spa<\/a>:<\/strong> Kedvelt komplexum all inclusive ell\u00e1t\u00e1ssal, amely <strong>csak egy karny\u00fajt\u00e1snyira fekszik a legjobb homokos strandt\u00f3l<\/strong> a n\u00e9pszer\u0171 Mellie\u0127a k\u00f6rny\u00e9k\u00e9n.<\/li>\n\n\n\n<li><strong><a href=\"https:\/\/www.stay22.com\/allez\/roam?aid=lukaskonecny&amp;campaign=loudavymkrokemcz&amp;campaign=dovolena-malta&amp;hotelname=Kempinski%20Hotel%20San%20Lawrenz&amp;address=San%20Lawrenz%2C%20Gozo%2C%20Malta\" target=\"_blank\" rel=\"noopener nofollow sponsored\">Kempinski Hotel San Lawrenz<\/a>:<\/strong> Nyugodt \u00e9s kiterjedt resort Gozo sziget belsej\u00e9ben, ahol <strong>a nyugalom teljes o\u00e1zis\u00e1t<\/strong> tal\u00e1lod a t\u00f6k\u00e9letes pihen\u00e9shez.<\/li>\n<\/ul>\n\n\n\n<h2 id=\"Mit_egyel_Maltan_utmutato_vegetarianusoknak_es_masoknak\" class=\"wp-block-heading\"><span class=\"ez-toc-section\" id=\"Mit_egyel_Maltan_utmutato_vegetarianusoknak_es_masoknak\"><\/span>Mit egy\u00e9l M\u00e1lt\u00e1n: \u00fatmutat\u00f3 veget\u00e1ri\u00e1nusoknak \u00e9s m\u00e1soknak<span class=\"ez-toc-section-end\"><\/span><\/h2>\n\n\n\n<p class=\"wp-block-paragraph\">A m\u00e1ltai konyha hihetetlen\u00fcl soksz\u00edn\u0171, \u00e9s t\u00f6k\u00e9letesen t\u00fckr\u00f6zi a sziget helyzet\u00e9t Eur\u00f3pa \u00e9s \u00c9szak-Afrika kereszt\u00fatj\u00e1n. <strong>Er\u0151s olasz hat\u00e1sok keverednek benne arab hagyom\u00e1nyokkal<\/strong>, \u00edgy \u00e1ll\u00edt\u00f3lag megtal\u00e1lja a sz\u00e1m\u00edt\u00e1s\u00e1t a t\u00e9sztaf\u00e9l\u00e9k \u00e9s sajtok szerelmese, valamint a laktat\u00f3 z\u00f6lds\u00e9ges \u00e9telek \u00e9s h\u00fcvelyesek rajong\u00f3ja is.<\/p>\n\n\n\n<figure data-wp-context=\"{&quot;imageId&quot;:&quot;6a9c1d5743bb7&quot;}\" data-wp-interactive=\"core\/image\" data-wp-key=\"6a9c1d5743bb7\" class=\"wp-block-image size-full wp-lightbox-container\"><img decoding=\"async\" width=\"1500\" height=\"1000\" data-wp-class--hide=\"state.isContentHidden\" data-wp-class--show=\"state.isContentVisible\" data-wp-init=\"callbacks.setButtonStyles\" data-wp-on--click=\"actions.showLightbox\" data-wp-on--load=\"callbacks.setButtonStyles\" data-wp-on--pointerdown=\"actions.preloadImage\" data-wp-on--pointerenter=\"actions.preloadImageWithDelay\" data-wp-on--pointerleave=\"actions.cancelPreload\" data-wp-on-window--resize=\"callbacks.setButtonStyles\" src=\"https:\/\/loudavymkrokem.cz\/wp-content\/uploads\/2026\/08\/dovolena-malta-food.jpg\" alt=\"M\u00e1ltai pastizzi\" class=\"wp-image-399739\" title=\"\" srcset=\"https:\/\/loudavymkrokem.cz\/wp-content\/uploads\/2026\/08\/dovolena-malta-food.jpg 1500w, https:\/\/loudavymkrokem.cz\/wp-content\/uploads\/2026\/08\/dovolena-malta-food-300x200.jpg 300w, https:\/\/loudavymkrokem.cz\/wp-content\/uploads\/2026\/08\/dovolena-malta-food-700x467.jpg 700w, https:\/\/loudavymkrokem.cz\/wp-content\/uploads\/2026\/08\/dovolena-malta-food-768x512.jpg 768w, https:\/\/loudavymkrokem.cz\/wp-content\/uploads\/2026\/08\/dovolena-malta-food-696x464.jpg 696w, https:\/\/loudavymkrokem.cz\/wp-content\/uploads\/2026\/08\/dovolena-malta-food-1392x928.jpg 1392w\" sizes=\"(max-width: 1500px) 100vw, 1500px\" \/><button\n\t\t\tclass=\"lightbox-trigger\"\n\t\t\ttype=\"button\"\n\t\t\taria-haspopup=\"dialog\"\n\t\t\tdata-wp-bind--aria-label=\"state.thisImage.triggerButtonAriaLabel\"\n\t\t\tdata-wp-init=\"callbacks.initTriggerButton\"\n\t\t\tdata-wp-on--click=\"actions.showLightbox\"\n\t\t\tdata-wp-style--right=\"state.thisImage.buttonRight\"\n\t\t\tdata-wp-style--top=\"state.thisImage.buttonTop\"\n\t\t>\n\t\t\t<svg xmlns=\"http:\/\/www.w3.org\/2000\/svg\" width=\"12\" height=\"12\" fill=\"none\" viewBox=\"0 0 12 12\">\n\t\t\t\t<path fill=\"#fff\" d=\"M2 0a2 2 0 0 0-2 2v2h1.5V2a.5.5 0 0 1 .5-.5h2V0H2Zm2 10.5H2a.5.5 0 0 1-.5-.5V8H0v2a2 2 0 0 0 2 2h2v-1.5ZM8 12v-1.5h2a.5.5 0 0 0 .5-.5V8H12v2a2 2 0 0 1-2 2H8Zm2-12a2 2 0 0 1 2 2v2h-1.5V2a.5.5 0 0 0-.5-.5H8V0h2Z\" \/>\n\t\t\t<\/svg>\n\t\t<\/button><figcaption class=\"wp-element-caption\">M\u00e1ltai pastizzi (Fot\u00f3: Renata Apan \/ Wikimedia Commons, CC BY-SA 4.0)<\/figcaption><\/figure>\n\n\n\n<p class=\"wp-block-paragraph\">Luk\u00e1\u0161 \u00e9s \u00e9n utaz\u00e1s k\u00f6zben mindig h\u00fasmentes helyi finoms\u00e1gokat keres\u00fcnk, \u00e9s az utaz\u00f3k dics\u00e9rik, hogy ez a sziget e t\u00e9ren rengeteg remek lehet\u0151s\u00e9get k\u00edn\u00e1l. <strong>N\u00e9zz\u00fck meg a legtipikusabb \u00e9teleket<\/strong>, amelyeket a helyiek aj\u00e1nl\u00e1sa szerint a l\u00e1togat\u00e1sod sor\u00e1n mindenk\u00e9pp meg kell k\u00f3stolnod.<\/p>\n\n\n\n<ul class=\"wp-block-list\">\n<li><strong>Pastizzi:<\/strong> A gazdag ricott\u00e1s vagy bors\u00f3s t\u00f6ltel\u00e9k\u0171 hagyom\u00e1nyos leveles t\u00e1sk\u00e1k nemzeti nassk\u00e9nt funkcion\u00e1lnak, \u00e9s <strong>a veget\u00e1ri\u00e1nusoknak teljesen ide\u00e1lis v\u00e1laszt\u00e1s<\/strong>.<\/li>\n\n\n\n<li><strong>Ftira:<\/strong> Ez a kerek kov\u00e1szos keny\u00e9r, amely 2020 \u00f3ta egyenesen az UNESCO szellemi \u00f6r\u00f6ks\u00e9gi list\u00e1j\u00e1n is szerepel, leggyakrabban <strong>friss z\u00f6lds\u00e9ggel, ol\u00edvabogy\u00f3val, kaporral \u00e9s paradicsommal t\u00f6ltik<\/strong>.<\/li>\n\n\n\n<li><strong>Bigilla:<\/strong> A babb\u00f3l k\u00e9sz\u00fclt s\u0171r\u0171 \u00e9s \u00edz\u00e9ben nagyon mark\u00e1ns kr\u00e9m mindenkinek \u00f6r\u00f6met szerez, aki <strong>autentikus \u00e9s term\u00e9szetesen veget\u00e1ri\u00e1nus finoms\u00e1got<\/strong> keres.<\/li>\n\n\n\n<li><strong>\u0120bejniet:<\/strong> A helyi juhsajt a m\u00e1ltai konyha teljes alapjaihoz tartozik, \u00e9s <strong>megk\u00f3stolhatod frissen vagy sz\u00e1r\u00edtva<\/strong> egy j\u00f3 adag cs\u00edp\u0151s borssal.<\/li>\n\n\n\n<li><strong>Kapunata:<\/strong> A h\u00edres francia ratatouille helyi megfelel\u0151je, amely <strong>padlizs\u00e1nt, paradicsomot, paprik\u00e1t \u00e9s kaprot<\/strong> kombin\u00e1l egy t\u00f6k\u00e9letes ny\u00e1ri \u00e9tell\u00e9.<\/li>\n\n\n\n<li><strong>Ross il-forn:<\/strong> A hagyom\u00e1nyos rakott rizs a kedvelt s\u00fclt \u00e9telek k\u00f6z\u00e9 tartozik, \u00e9s sok helyen <strong>gyakran a h\u00fasmentes, veget\u00e1ri\u00e1nus v\u00e1ltozat\u00e1val is tal\u00e1lkozol<\/strong>.<\/li>\n\n\n\n<li><strong>Kinnie:<\/strong> A chinotto keser\u0171 narancsb\u00f3l \u00e9s f\u0171szern\u00f6v\u00e9nyekb\u0151l k\u00e9sz\u00fclt kedvelt keser\u00e9des alkoholmentes ital, amelyet <strong>csak M\u00e1lt\u00e1n f\u0151znek<\/strong>, \u00e9s remek\u00fcl felfriss\u00edt a forr\u00f3 ny\u00e1ri napokon.<\/li>\n\n\n\n<li><strong>Helyi h\u00fasos \u00e9s halas specialit\u00e1sok:<\/strong> A sziget t\u00f6rt\u00e9nelmileg h\u00edres az olyan \u00e9telekr\u0151l, mint a fenek nev\u0171 p\u00e1rolt ny\u00fal \u00e9s a lampuki hal \u2014 ezek olyan fog\u00e1sok, amelyek <strong>sok \u00fatik\u00f6nyv szerint a h\u00fasos \u00e9tkez\u00e9s alapj\u00e1t alkotj\u00e1k<\/strong>, \u00e9s a helyiek nagyon b\u00fcszk\u00e9k r\u00e1juk.<\/li>\n<\/ul>\n\n\n\n<p class=\"wp-block-paragraph\">\ud83d\udca1 TIPP: Minden nagyobb faluban tal\u00e1lsz \u00fagynevezett pastizzeri\u00e1t, ahol <strong>a friss pastizzi mind\u00f6ssze p\u00e1r sz\u00e1z forint<\/strong>, \u00e9s remek\u00fcl j\u00f3llakat. A nagyobb v\u00e1rosokban, mint Valletta vagy Sliema, ma r\u00e1ad\u00e1sul teljesen megszokott a modern bisztr\u00f3k sz\u00e9les veget\u00e1ri\u00e1nus \u00e9s veg\u00e1n k\u00edn\u00e1lata \u263a\ufe0f.<\/p>\n\n\n\n<h2 id=\"Kozlekedes_Maltan_buszok_komp_es_auto\" class=\"wp-block-heading\"><span class=\"ez-toc-section\" id=\"Kozlekedes_Maltan_buszok_komp_es_auto\"><\/span>K\u00f6zleked\u00e9s M\u00e1lt\u00e1n: buszok, komp \u00e9s aut\u00f3<span class=\"ez-toc-section-end\"><\/span><\/h2>\n\n\n\n<p class=\"wp-block-paragraph\">A szigeten val\u00f3 k\u00f6zleked\u00e9s \u00f6nmag\u00e1ban is kaland lehet, \u00e9s n\u00e9ha egy adag t\u00fcrelmet ig\u00e9nyel. <strong>T\u00f6bb lehet\u0151s\u00e9ged is van, mindegyiknek megvan az el\u0151nye \u00e9s a h\u00e1tr\u00e1nya<\/strong>, ak\u00e1r a t\u00f6megk\u00f6zleked\u00e9sre b\u00edzod magad, ak\u00e1r ink\u00e1bb te veszed a kezedbe a korm\u00e1nyt.<\/p>\n\n\n\n<h3 id=\"Tallinja_buszok\" class=\"wp-block-heading\"><span class=\"ez-toc-section\" id=\"Tallinja_buszok\"><\/span>Tallinja buszok<span class=\"ez-toc-section-end\"><\/span><\/h3>\n\n\n\n<p class=\"wp-block-paragraph\">A t\u00f6megk\u00f6zleked\u00e9st a Tallinja t\u00e1rsas\u00e1g felt\u0171n\u0151 z\u00f6ld buszai biztos\u00edtj\u00e1k, amelyek <strong>nagyon j\u00f3l \u00e9s megb\u00edzhat\u00f3an lefedik gyakorlatilag az eg\u00e9sz szigetet<\/strong>. Az alapjegy k\u00e9t \u00f3r\u00e1n \u00e1t \u00e9rv\u00e9nyes, \u00e9s tetsz\u00e9s szerint \u00e1tsz\u00e1llhatsz vele, az \u00e1ra pedig \u00e1ltal\u00e1ban k\u00e9t eur\u00f3 k\u00f6r\u00fcl van egy utaz\u00e1sra.<\/p>\n\n\n\n<p class=\"wp-block-paragraph\">Hosszabb tart\u00f3zkod\u00e1sra \u00e1ll\u00edt\u00f3lag nagyon meg\u00e9ri a heti turistak\u00e1rtya, amely nagyj\u00e1b\u00f3l 25 eur\u00f3, \u00e9s megk\u00edm\u00e9l a folytonos jegyv\u00e1s\u00e1rl\u00e1st\u00f3l. De \u0151szint\u00e9n figyelmeztetnem kell t\u00e9ged, hogy <strong>a ny\u00e1ri h\u00f3napokban a j\u00e1ratok a kedvelt vonalakon j\u00f3val lassabbak<\/strong>, mint amit a hivatalos menetrend \u00edg\u00e9r.<\/p>\n\n\n\n<h3 id=\"Komp_Gozora_es_Cominora\" class=\"wp-block-heading\"><span class=\"ez-toc-section\" id=\"Komp_Gozora_es_Cominora\"><\/span>Komp Goz\u00f3ra \u00e9s Comin\u00f3ra<span class=\"ez-toc-section-end\"><\/span><\/h3>\n\n\n\n<p class=\"wp-block-paragraph\">Ha fel akarod fedezni a szomsz\u00e9dos Gozo szigetet, ig\u00e9nybe veheted a klasszikus kompot a \u010airkewwa kik\u00f6t\u0151b\u0151l, amelynek haj\u00f3z\u00e1sa alig f\u00e9l \u00f3r\u00e1ig tart. Vallett\u00e1b\u00f3l pedig egy gyors katamar\u00e1n j\u00e1r, amellyel k\u00f6r\u00fclbel\u00fcl 45 perc alatt \u00e9rsz oda, az \u00e9rdekess\u00e9g pedig az, hogy <strong>az oda vezet\u0151 \u00fat ingyenes, a jegyet csak visszafel\u00e9 v\u00e1ltod meg<\/strong>.<\/p>\n\n\n\n<p class=\"wp-block-paragraph\">A legkisebb szigetre, Comin\u00f3ra \u00e9s a h\u00edres K\u00e9k Lag\u00fan\u00e1j\u00e1hoz pedig <strong>kiz\u00e1r\u00f3lag haj\u00f3val jutsz el a k\u00f6rnyez\u0151 kik\u00f6t\u0151kb\u0151l<\/strong>. Aut\u00f3 egy\u00e1ltal\u00e1n nem mehet erre a kis darab sz\u00e1razf\u00f6ldre, \u00edgy ott kellemes nyugalom uralkodik, amelyet csak a lelkes kir\u00e1ndul\u00f3k t\u00f6megei zavarnak meg.<\/p>\n\n\n\n<h3 id=\"Berelj_autot_vagy_sem\" class=\"wp-block-heading\"><span class=\"ez-toc-section\" id=\"Berelj_autot_vagy_sem\"><\/span>B\u00e9relj aut\u00f3t, vagy sem?<span class=\"ez-toc-section-end\"><\/span><\/h3>\n\n\n\n<p class=\"wp-block-paragraph\">Az aut\u00f3b\u00e9rl\u00e9sr\u0151l sz\u00f3l\u00f3 d\u00f6nt\u00e9st j\u00f3l gondold meg, mert <strong>itt bal oldalon vezetnek Nagy-Britannia mint\u00e1j\u00e1ra<\/strong>, az utak nagyon keskenyek, a helyi sof\u0151r\u00f6k pedig meglehet\u0151sen temperamentumosan vezetnek. \u00d3ri\u00e1si probl\u00e9ma a parkol\u00e1s is, amely az olyan v\u00e1rosokban, mint Valletta \u00e9s Sliema, gyakorlatilag lehetetlen, \u00e9s rengeteg idegess\u00e9get okoz.<\/p>\n\n\n\n<p class=\"wp-block-paragraph\">Ha f\u00e9lsz az ellenkez\u0151 oldalon val\u00f3 vezet\u00e9st\u0151l, <strong>aj\u00e1nlott a Bolt \u00e9s az eCabs alkalmaz\u00e1st haszn\u00e1lni<\/strong>, amelyek remek\u00fcl m\u0171k\u00f6dnek a szigeten. Semmik\u00e9pp ne sz\u00e1llj be csak \u00fagy egy taxiba az utc\u00e1n, mert a mobilalkalmaz\u00e1sokb\u00f3l kapott \u00e1rak sokkal bar\u00e1ts\u00e1gosabbak, \u00e9s f\u0151leg mindig el\u0151re ismered \u0151ket.<\/p>\n\n\n\n<h2 id=\"Mennyibe_kerul_egy_maltai_nyaralas\" class=\"wp-block-heading\"><span class=\"ez-toc-section\" id=\"Mennyibe_kerul_egy_maltai_nyaralas\"><\/span>Mennyibe ker\u00fcl egy m\u00e1ltai nyaral\u00e1s<span class=\"ez-toc-section-end\"><\/span><\/h2>\n\n\n\n<p class=\"wp-block-paragraph\">M\u00e1lta az Eur\u00f3pai Uni\u00f3 teljes jog\u00fa tagja, \u00e9s eur\u00f3val fizetsz itt, \u00edgy semmilyen egzotikus valut\u00e1t nem kell v\u00e1ltanod. <strong>\u00c1ltal\u00e1noss\u00e1gban ez a sziget valamivel olcs\u00f3bb a szomsz\u00e9dos Olaszorsz\u00e1gn\u00e1l<\/strong>, viszont m\u00e1sr\u00e9szt itt t\u00f6bbet fizetsz, mint mondjuk Bulg\u00e1ri\u00e1ban vagy Alb\u00e1ni\u00e1ban.<\/p>\n\n\n\n<p class=\"wp-block-paragraph\">A k\u00f6vetkez\u0151, k\u00e9t f\u0151re \u00e9s egy h\u00e9tre sz\u00f3l\u00f3 k\u00f6lts\u00e9gvet\u00e9s csak hozz\u00e1vet\u0151leges becsl\u00e9s, mert <strong>a v\u00e9g\u00f6sszeg nagyban v\u00e1ltozik att\u00f3l f\u00fcgg\u0151en, melyik szezonban indulsz<\/strong>.<\/p>\n\n\n\n<ul class=\"wp-block-list\">\n<li><strong>Rep\u00fcl\u0151jegyek:<\/strong> Az oda-vissza rep\u00fcl\u0151jegy Budapestr\u0151l vagy B\u00e9csb\u0151l \u00e1ltal\u00e1ban 100\u2013200 eur\u00f3 szem\u00e9lyenk\u00e9nt, ami \u00e1tsz\u00e1m\u00edtva <strong>nagyj\u00e1b\u00f3l 40 000\u201380 000 Ft<\/strong>.<\/li>\n\n\n\n<li><strong>Sz\u00e1ll\u00e1s:<\/strong> Egy \u00e1tlagos k\u00e9t\u00e1gyas szob\u00e1\u00e9rt egy kellemes hotelben k\u00f6r\u00fclbel\u00fcl 500\u2013900 eur\u00f3t fizetsz egy h\u00e9tre, teh\u00e1t <strong>nagyj\u00e1b\u00f3l 200 000\u2013360 000 Ft-ot<\/strong> k\u00e9t f\u0151re.<\/li>\n\n\n\n<li><strong>\u00c9tkez\u00e9s:<\/strong> Ha kombin\u00e1lod a p\u00e9ks\u00e9gek \u00e9tel\u00e9t \u00e9s az \u00e9ttermi vacsor\u00e1kat, sz\u00e1molj 300\u2013450 eur\u00f3val egy h\u00e9tre, ami <strong>k\u00f6r\u00fclbel\u00fcl 120 000\u2013180 000 Ft<\/strong>.<\/li>\n\n\n\n<li><strong>K\u00f6zleked\u00e9s:<\/strong> A heti buszk\u00e1rty\u00e1k \u00e9s az alkalmi komp- vagy Bolt-utak nagyj\u00e1b\u00f3l 70\u2013100 eur\u00f3t visznek el k\u00e9t embernek, teh\u00e1t <strong>k\u00f6r\u00fclbel\u00fcl 28 000\u201340 000 Ft-ot<\/strong>.<\/li>\n\n\n\n<li><strong>Bel\u00e9p\u0151k \u00e9s kir\u00e1ndul\u00e1sok:<\/strong> A t\u00f6rt\u00e9nelmi templomok l\u00e1togat\u00e1sa \u00e9s a haj\u00f3k\u00e1z\u00e1sok becsl\u00e9s szerint 80\u2013150 eur\u00f3ba ker\u00fclnek egy p\u00e1rnak, ami <strong>nagyj\u00e1b\u00f3l 32 000\u201360 000 Ft<\/strong>.<\/li>\n<\/ul>\n\n\n\n<p class=\"wp-block-paragraph\">\ud83d\udca1 TIPP: Ha sp\u00f3rolni akarsz az \u00faton, <strong>mindenk\u00e9pp figyeld a l\u00e9git\u00e1rsas\u00e1gok akci\u00f3it<\/strong>. N\u00e9zd meg a cikk\u00fcnket, <a href=\"https:\/\/loudavymkrokem.cz\/hu\/olcso-repjegyek-tippek\/\">hogyan tal\u00e1lj olcs\u00f3 rep\u00fcl\u0151jegyet<\/a>, ahol rengeteg hasznos tippet tal\u00e1lsz a kedvez\u0151 j\u00e1ratok keres\u00e9s\u00e9hez.<\/p>\n\n\n\n<h2 id=\"Mire_figyelj_Maltan\" class=\"wp-block-heading\"><span class=\"ez-toc-section\" id=\"Mire_figyelj_Maltan\"><\/span>Mire figyelj M\u00e1lt\u00e1n<span class=\"ez-toc-section-end\"><\/span><\/h2>\n\n\n\n<p class=\"wp-block-paragraph\">B\u00e1r az eg\u00e9sz orsz\u00e1g nagyon biztons\u00e1gos, \u00e9s a turist\u00e1kat nem fenyegeti nagy vesz\u00e9ly, <strong>akad n\u00e9h\u00e1ny helyi saj\u00e1toss\u00e1g, amely k\u00f6nnyen meglephet<\/strong>. Foglaljuk \u00f6ssze a legfontosabb dolgokat, amelyekre az \u00fat el\u0151tt \u00e9rdemes ment\u00e1lisan felk\u00e9sz\u00fclni, hogy a helysz\u00ednen ne romoljon el a kedved.<\/p>\n\n\n\n<ul class=\"wp-block-list\">\n<li><strong>Bal oldali k\u00f6zleked\u00e9s \u00e9s keskeny utak:<\/strong> Egy k\u00f6z\u00e9p-eur\u00f3painak el\u00e9g stresszes lehet a m\u00e1sik oldalon vezetni, \u00e9s <strong>sok vid\u00e9ki utc\u00e1cska t\u00e9nyleg csak egy aut\u00f3 sz\u00e1m\u00e1ra van<\/strong>.<\/li>\n\n\n\n<li><strong>Brit konnektorok:<\/strong> A sziget m\u00e9g mindig a brit h\u00e1romt\u0171s, G t\u00edpus\u00fa konnektorokat haszn\u00e1lja, \u00edgy <strong>a megfelel\u0151 utaz\u00e1si adapter n\u00e9lk\u00fcl sajnos nem tudod felt\u00f6lteni a telefont<\/strong>.<\/li>\n\n\n\n<li><strong>Med\u00faz\u00e1k k\u00e9s\u0151 ny\u00e1ron:<\/strong> Amikor a v\u00edz a ny\u00e1r v\u00e9g\u00e9n er\u0151sen felmelegszik, a partn\u00e1l med\u00faz\u00e1k jelennek meg, ez\u00e9rt <strong>\u00e9rdemes figyelni az aktu\u00e1lis jelent\u00e9seket k\u00f6zl\u0151 helyi honlapokat<\/strong>.<\/li>\n\n\n\n<li><strong>Kev\u00e9s homokos strand \u00e9s f\u00fcrd\u0151z\u00e9s a szikl\u00e1kr\u00f3l:<\/strong> M\u00e1lta nem tipikus strandc\u00e9lpont, a v\u00edzbe gyakran l\u00e9tr\u00e1kon m\u00e9sz le a betonteraszokr\u00f3l, \u00e9s <strong>biztosan j\u00f3l j\u00f6n a v\u00edzicip\u0151<\/strong>.<\/li>\n\n\n\n<li><strong>Zs\u00fafolt K\u00e9k Lag\u00fana:<\/strong> A ny\u00e1ri f\u0151szezonban ez a var\u00e1zslatos hely sz\u00e9trobban, \u00edgy <strong>ha nyugalomra v\u00e1gysz, eg\u00e9szen kora reggel kell odaindulnod<\/strong>.<\/li>\n\n\n\n<li><strong>Zaj Pacevilleben:<\/strong> Ez a ter\u00fclet az \u00e9jszakai \u00e9let ismert k\u00f6zpontja, a b\u00e1rok pedig hajnalig hangosan sz\u00f3lnak, \u00edgy <strong>a nyugodt alv\u00e1shoz ink\u00e1bb m\u00e1shol v\u00e1lassz sz\u00e1ll\u00e1st<\/strong>.<\/li>\n\n\n\n<li><strong>Er\u0151s sz\u00e9l \u00e9s lemondott haj\u00f3kir\u00e1ndul\u00e1sok:<\/strong> A szigeti id\u0151j\u00e1r\u00e1s kisz\u00e1m\u00edthatatlan, \u00e9s nagy hull\u00e1mz\u00e1skor <strong>gyakran el\u0151fordul, hogy a kompok vagy a kir\u00e1ndul\u00f3haj\u00f3k biztons\u00e1gi okokb\u00f3l egy\u00e1ltal\u00e1n nem indulnak el<\/strong>.<\/li>\n<\/ul>\n\n\n\n<h2 id=\"Malta_gyerekekkel\" class=\"wp-block-heading\"><span class=\"ez-toc-section\" id=\"Malta_gyerekekkel\"><\/span>M\u00e1lta gyerekekkel<span class=\"ez-toc-section-end\"><\/span><\/h2>\n\n\n\n<p class=\"wp-block-paragraph\">Egy csal\u00e1di nyaral\u00e1s ezen a naps\u00fct\u00f6tte szigeten \u00f3ri\u00e1si \u00e9rtelmet nyer, mert <strong>a KM Malta Airlines k\u00f6zvetlen j\u00e1rata Budapestr\u0151l nagyj\u00e1b\u00f3l k\u00e9t \u00e9s f\u00e9l \u00f3r\u00e1ig tart<\/strong>, amit a kisebb utaz\u00f3k is b\u00edrnak. A helyiek r\u00e1ad\u00e1sul nagyon nyitottak a gyerekekre, \u00e9s minden sarkon tal\u00e1lsz olyan programot, amely az eg\u00e9sz csal\u00e1dot sz\u00f3rakoztatja \ud83d\ude05.<\/p>\n\n\n\n<ul class=\"wp-block-list\">\n<li><strong>Mellie\u0127a Bay:<\/strong> Ez a strand messze a legkedveltebb a csal\u00e1dok k\u00f6r\u00e9ben, mert <strong>t\u00e9nyleg nagyon fokozatosan m\u00e9ly\u00fcl a tengerbe<\/strong>, \u00e9s a homok finom a nagy homokv\u00e1rak \u00e9p\u00edt\u00e9s\u00e9hez.<\/li>\n\n\n\n<li><strong>Popeye Village:<\/strong> A Robin Williams-f\u00e9le Popeye, a tenger\u00e9sz film hajdani filmes d\u00edszlete <strong>egy var\u00e1zslatos sz\u00f3rakoztat\u00f3 faluv\u00e1 alakult, amit a gyerekek egyszer\u0171en im\u00e1dnak<\/strong>.<\/li>\n\n\n\n<li><strong>Kil\u00e1t\u00f3haj\u00f3k a Grand Harbourban:<\/strong> A hagyom\u00e1nyos, tarkabarka cs\u00f3nakkal val\u00f3 haj\u00f3z\u00e1s a vallettai nagy kik\u00f6t\u0151ben <strong>a kis felfedez\u0151k sz\u00e1m\u00e1ra csod\u00e1latos \u00e9lm\u00e9ny<\/strong>.<\/li>\n\n\n\n<li><strong>Malta National Aquarium:<\/strong> Ha \u00e9pp nem j\u00f6n be az id\u0151, ez a modern, c\u00e1p\u00e1kkal \u00e9s r\u00e1j\u00e1kkal teli akv\u00e1rium <strong>megb\u00edzhat\u00f3an megment egy eg\u00e9sz d\u00e9lut\u00e1nra<\/strong>.<\/li>\n\n\n\n<li><strong>R\u00f6vid t\u00e1vols\u00e1gok \u00e9s a nyelv:<\/strong> Minden l\u00e1tv\u00e1nyoss\u00e1g egym\u00e1st\u00f3l karny\u00fajt\u00e1snyira van, \u00edgy a gyerekek nem szenvednek a hossz\u00fa \u00e1tutaz\u00e1sokt\u00f3l, \u00e9s <strong>\u00f3ri\u00e1si el\u0151ny az is, hogy minden\u00fctt sz\u00f3t \u00e9rtesz angolul<\/strong>.<\/li>\n<\/ul>\n\n\n\n<h2 id=\"Hova_tovabb_tovabbi_tippek_tengerparti_nyaralasra\" class=\"wp-block-heading\"><span class=\"ez-toc-section\" id=\"Hova_tovabb_tovabbi_tippek_tengerparti_nyaralasra\"><\/span>Hov\u00e1 tov\u00e1bb: tov\u00e1bbi tippek tengerparti nyaral\u00e1sra<span class=\"ez-toc-section-end\"><\/span><\/h2>\n\n\n\n<p class=\"wp-block-paragraph\">Ha m\u00e9g nem d\u00f6nt\u00f6tt\u00e9l teljesen, \u00e9s m\u00e1s eur\u00f3pai \u00fati c\u00e9lokat is fontolgatsz, <strong>\u00f6ssze\u00e1ll\u00edtottam neked egy list\u00e1t tov\u00e1bbi hasznos cikkekr\u0151l<\/strong>. Lehet, hogy v\u00e9g\u00fcl a naps\u00fct\u00f6tte F\u00f6ldk\u00f6zi-tenger m\u00e1s szeglete cs\u00e1b\u00edt el, vagy j\u00f3l j\u00f6nnek a gyakorlati tan\u00e1csok a k\u00f6vetkez\u0151 ny\u00e1ri utad tervez\u00e9s\u00e9hez.<\/p>\n\n\n\n<ul class=\"wp-block-list\">\n<li><a href=\"https:\/\/loudavymkrokem.cz\/hu\/szeptember-utazas-tippek-2\/\">Hov\u00e1 menj nyaralni szeptemberben<\/a><\/li>\n\n\n\n<li><a href=\"https:\/\/loudavymkrokem.cz\/hu\/szicilia-latnivalok-tippek\/\">Nyaral\u00e1s Szic\u00edli\u00e1ban<\/a><\/li>\n\n\n\n<li><a href=\"https:\/\/loudavymkrokem.cz\/hu\/mikor-menj-olaszorszagba\/\">Mikor menj Olaszorsz\u00e1gba<\/a><\/li>\n\n\n\n<li><a href=\"https:\/\/loudavymkrokem.cz\/hu\/olcso-repjegyek-tippek\/\">Hogyan tal\u00e1lj olcs\u00f3 rep\u00fcl\u0151jegyet<\/a><\/li>\n\n\n\n<li><a href=\"https:\/\/loudavymkrokem.cz\/jak-vybrat-cestovni-pojisteni-na-dovolenou\/\">Utasbiztos\u00edt\u00e1s<\/a><\/li>\n<\/ul>\n\n\n\n<h2 id=\"Gyakran_ismetelt_kerdesek\" class=\"wp-block-heading\"><span class=\"ez-toc-section\" id=\"Gyakran_ismetelt_kerdesek\"><\/span>Gyakran ism\u00e9telt k\u00e9rd\u00e9sek<span class=\"ez-toc-section-end\"><\/span><\/h2>\n\n\n\n<p class=\"wp-block-paragraph\">A legv\u00e9g\u00e9re \u00f6sszegy\u0171jt\u00f6ttem a v\u00e1laszokat a leggyakoribb k\u00e9rd\u00e9sekre, amelyeket az utaz\u00f3k az indul\u00e1s el\u0151tt szoktak megoldani. <strong>Ha valami tiszt\u00e1n gyakorlati inf\u00f3 hi\u00e1nyzott a cikkb\u0151l<\/strong>, nagy az es\u00e9ly, hogy \u00e9ppen ebben a r\u00f6vid \u00f6sszefoglal\u00f3ban tal\u00e1lod meg.<\/p>\n\n\n<div id=\"rank-math-faq\" class=\"rank-math-block\">\n<div class=\"rank-math-list \">\n<div id=\"faq-question-1787755046000\" class=\"rank-math-list-item\">\n<h3 class=\"rank-math-question \"><span class=\"ez-toc-section\" id=\"Mikor_a_legjobb_Maltara_utazni\"><\/span>Mikor a legjobb M\u00e1lt\u00e1ra utazni?<span class=\"ez-toc-section-end\"><\/span><\/h3>\n<div class=\"rank-math-answer \">\n\n<p>A legszebb id\u0151j\u00e1r\u00e1s \u00e9s az ide\u00e1lis utaz\u00e1si felt\u00e9telek k\u00fcl\u00f6n\u00f6sen m\u00e1jusban, j\u00faniusban, szeptemberben \u00e9s okt\u00f3berben uralkodnak a szigeten. Ezekben a h\u00f3napokban elker\u00fclheted a legnagyobb t\u00f6megeket \u00e9s nagyon kellemes h\u0151m\u00e9rs\u00e9kletet \u00e9lvezhetsz, amely alkalmas a l\u00e1tnival\u00f3k felfedez\u00e9s\u00e9re \u00e9s a pihen\u00e9sre is. Ha a ny\u00e1ri szabads\u00e1got tervezed, sz\u00e1molnod kell azzal, hogy p\u00e9ld\u00e1ul j\u00faliusban az \u00e1tlagh\u0151m\u00e9rs\u00e9klet k\u00f6r\u00fclbel\u00fcl 30,2 \u00b0C, \u00e9s jellemz\u0151en csak 0,3 es\u0151s nap van az eg\u00e9sz h\u00f3napban. Ez t\u00f6k\u00e9letes paradicsomnak hangzik a napim\u00e1d\u00f3k sz\u00e1m\u00e1ra, de k\u00e9sz\u00fclj fel hatalmas turistat\u00f6megre \u00e9s l\u00e9nyegesen magasabb sz\u00e1ll\u00e1s\u00e1rakra. Ez\u00e9rt aj\u00e1nlott ink\u00e1bb a f\u0151szezon sz\u00e9leit v\u00e1lasztani.<\/p>\n\n<\/div>\n<\/div>\n<div id=\"faq-question-1787755046001\" class=\"rank-math-list-item\">\n<h3 class=\"rank-math-question \"><span class=\"ez-toc-section\" id=\"Mennyi_idore_van_szukseg_Maltan\"><\/span>Mennyi id\u0151re van sz\u00fcks\u00e9g M\u00e1lt\u00e1n?<span class=\"ez-toc-section-end\"><\/span><\/h3>\n<div class=\"rank-math-answer \">\n\n<p>A tart\u00f3zkod\u00e1s hossza nagyban f\u00fcgg att\u00f3l, hogy milyen terveid vannak, \u00e9s h\u00e1ny szigetet szeretn\u00e9l \u00f6sszesen l\u00e1tni. Mag\u00e1ra a f\u0151 szigetre nyugodt temp\u00f3ban k\u00f6r\u00fclbel\u00fcl n\u00e9gy-\u00f6t nap elegend\u0151, amely alatt a f\u0151 t\u00f6rt\u00e9nelmi v\u00e1rosokat \u00e9s n\u00e9h\u00e1ny term\u00e9szeti l\u00e1tv\u00e1nyoss\u00e1got is bef\u00e9rsz. Ha viszont hozz\u00e1 szeretn\u00e9d adni a szomsz\u00e9dos Gozo \u00e9s Comino sziget\u00e9re tett kir\u00e1ndul\u00e1st is, mindenk\u00e9ppen tervezz egy teljes hetet. Azok az utaz\u00f3k, akik igaz\u00e1n lass\u00fa nyaral\u00e1st szeretn\u00e9nek \u00e9lvezni, elegend\u0151 id\u0151vel a medence melletti pihen\u00e9sre \u00e9s az esti s\u00e9t\u00e1kra a sz\u0171k utc\u00e1csk\u00e1kban, nagyon dics\u00e9rik a t\u00edznapos tart\u00f3zkod\u00e1st. T\u00edz nap alatt ugyanis egy\u00e1ltal\u00e1n nem kell rohannia, \u00e9s nyugodtan besz\u00edvhatod a val\u00f3di d\u00e9li hangulatot.<\/p>\n\n<\/div>\n<\/div>\n<div id=\"faq-question-1787755046002\" class=\"rank-math-list-item\">\n<h3 class=\"rank-math-question \"><span class=\"ez-toc-section\" id=\"Lehet_Maltan_furodni_ha_nincsenek_homokos_strandjai\"><\/span>Lehet M\u00e1lt\u00e1n f\u00fcr\u00f6dni, ha nincsenek homokos strandjai?<span class=\"ez-toc-section-end\"><\/span><\/h3>\n<div class=\"rank-math-answer \">\n\n<p>A f\u00fcrd\u0151z\u00e9s itt teljesen megszokott, csak egyszer\u0171en kicsit m\u00e1sk\u00e9pp n\u00e9z ki, mint a klasszikus strand \u00fcd\u00fcl\u0151helyeken. A tengerbe leggyakrabban k\u00f6zvetlen\u00fcl a szikl\u00e1s szirtekr\u0151l vagy a ki\u00e9p\u00edtett beton platformokr\u00f3l lehet bemenni, ahol a turist\u00e1k k\u00e9nyelme \u00e9rdek\u00e9ben szil\u00e1rd f\u00e9m l\u00e9tr\u00e1kat k\u00e9sz\u00edtettek. A homok szerelmeseinek azonban nem kell k\u00e9ts\u00e9gbe esni\u00fck, mert n\u00e9h\u00e1ny gy\u00f6ny\u00f6r\u0171 homokos strand m\u00e9gis megtal\u00e1lhat\u00f3 itt. A f\u0151 szigeten megtal\u00e1lod a n\u00e9pszer\u0171 Mellie\u0127a Bay-t, a fest\u0151i Golden Bay-t vagy a k\u00f6zeli G\u0127ajn Tuffie\u0127a-t. Ha komppal \u00e1tm\u00e9sz a szomsz\u00e9dos Goz\u00f3ra, semmik\u00e9ppen ne hagyd ki a Ramla Bay strandot, amely a szokatlanul sz\u00ednezett v\u00f6r\u00f6ses homokj\u00e1r\u00f3l \u00e9s a nagyon fokozatos v\u00edzbe l\u00e9p\u00e9sr\u0151l h\u00edres.<\/p>\n\n<\/div>\n<\/div>\n<div id=\"faq-question-1787755046003\" class=\"rank-math-list-item\">\n<h3 class=\"rank-math-question \"><span class=\"ez-toc-section\" id=\"Megertetem_magam_angolul_Maltan\"><\/span>Meg\u00e9rtetem magam angolul M\u00e1lt\u00e1n?<span class=\"ez-toc-section-end\"><\/span><\/h3>\n<div class=\"rank-math-answer \">\n\n<p>A kommunik\u00e1ci\u00f3val kapcsolatban egy\u00e1ltal\u00e1n nem kell agg\u00f3dnod. Az angolul ugyanis a m\u00e1ltai mellett a m\u00e1sodik hivatalos nyelv, \u00fagyhogy teljesen mindenhol meg\u00e9rteted magad vele, a legkisebb probl\u00e9ma n\u00e9lk\u00fcl. Minden helyi lakos, a buszsof\u0151r\u00f6kt\u0151l kezdve a legkisebb falusi p\u00e9ks\u00e9gek elad\u00f3iig, foly\u00e9konyan besz\u00e9l angolul, \u00e9s gyakran van egy kiss\u00e9 aranyos brit akcentusuk. Minden felirat, az \u00e9ttermi \u00e9tlapok \u00e9s a l\u00e1tnival\u00f3kn\u00e1l l\u00e9v\u0151 inform\u00e1ci\u00f3s t\u00e1bl\u00e1k mindig el\u00e9rhet\u0151k angolul. \u00c1ll\u00edt\u00f3lag ez az egyik f\u0151 ok, ami\u00e9rt ny\u00e1ron ennyi di\u00e1k j\u00f6n ide n\u00e9pszer\u0171 nyelvi tart\u00f3zkod\u00e1sokra \u00e9s ny\u00e1ri angol tanfolyamokra.<\/p>\n\n<\/div>\n<\/div>\n<div id=\"faq-question-1787755046004\" class=\"rank-math-list-item\">\n<h3 class=\"rank-math-question \"><span class=\"ez-toc-section\" id=\"Szuksegem_van_autora_Maltan\"><\/span>Sz\u00fcks\u00e9gem van aut\u00f3ra M\u00e1lt\u00e1n?<span class=\"ez-toc-section-end\"><\/span><\/h3>\n<div class=\"rank-math-answer \">\n\n<p>Az aut\u00f3b\u00e9rl\u00e9s egy\u00e1ltal\u00e1n nem sz\u00fcks\u00e9ges, mert a s\u0171r\u0171 buszk\u00f6zleked\u00e9s viszonylag megb\u00edzhat\u00f3an lefedi az eg\u00e9sz szigetet, \u00e9s minden f\u0151 l\u00e1tnival\u00f3hoz \u00e9s strandhoz elvisz. M\u00e1sr\u00e9szt meg kell eml\u00edtenem, hogy a ny\u00e1ri h\u00f3napokban a j\u00e1ratok gyakran t\u00falzs\u00fafoltak, \u00e9s a s\u0171r\u0171 forgalomban nagyon lassan mozognak. Ha m\u00e9gis b\u00e9relsz aut\u00f3t, hatalmas szabads\u00e1got nyersz, de fel kell k\u00e9sz\u00fcln\u00f6d arra, hogy itt balra hajtanak, \u00e9s az utak gyakran rendk\u00edv\u00fcl sz\u0171kek. A l\u00e1togat\u00f3k t\u00f6bbs\u00e9ge ez\u00e9rt a buszok \u00e9s az olyan alkalmaz\u00e1sok kombin\u00e1ci\u00f3j\u00e1ra t\u00e1maszkodik, mint a Bolt, ami egy olyan kompromisszum, amely a v\u00e9lem\u00e9nyek szerint t\u00f6k\u00e9letesen m\u0171k\u00f6dik, \u00e9s felesleges stressz n\u00e9lk\u00fcl a vol\u00e1n m\u00f6g\u00f6tt.<\/p>\n\n<\/div>\n<\/div>\n<div id=\"faq-question-1787755046005\" class=\"rank-math-list-item\">\n<h3 class=\"rank-math-question \"><span class=\"ez-toc-section\" id=\"Draga_Malta\"><\/span>Dr\u00e1ga M\u00e1lta?<span class=\"ez-toc-section-end\"><\/span><\/h3>\n<div class=\"rank-math-answer \">\n\n<p>P\u00e9nz\u00fcgyi szempontb\u00f3l ez a sziget valahol a szok\u00e1sos eur\u00f3pai \u00e1tlag k\u00f6zep\u00e9n helyezkedik el. Hat\u00e1rozottan olcs\u00f3bb, mint a n\u00e9pszer\u0171 olasz \u00fati c\u00e9lokn\u00e1l nyaralni, de m\u00e1sr\u00e9szt dr\u00e1g\u00e1bb lesz, mint p\u00e9ld\u00e1ul egy utaz\u00e1s a Balk\u00e1n-f\u00e9lszigetre. A k\u00f6lts\u00e9gvet\u00e9sed legnagyobb t\u00e9tel\u00e9t k\u00e9ts\u00e9gtelen\u00fcl a sz\u00e1ll\u00e1s fogja alkotni, amelynek \u00e1rai a f\u0151 ny\u00e1ri szezonban t\u00e9nyleg meredeken emelkednek. A k\u00f6z\u00f6ns\u00e9ges \u00e9ttermekben az \u00e9tel elfogadhat\u00f3 \u00f6sszegekben mozog, \u00e9s a busszal val\u00f3 k\u00f6zleked\u00e9s kifejezetten olcs\u00f3 dolog. Ha a legforgalmasabb ny\u00e1ri h\u00f3napokon k\u00edv\u00fcl utazol el, nagyon j\u00f3 min\u0151s\u00e9g\u0171 szolg\u00e1ltat\u00e1sokat \u00e9lvezhetsz viszonylag \u00e9sszer\u0171 p\u00e9nz\u00e9rt, amely nem fogja teljesen t\u00f6nkretenni a p\u00e9nzt\u00e1rc\u00e1dat.<\/p>\n\n<\/div>\n<\/div>\n<div id=\"faq-question-1787755046006\" class=\"rank-math-list-item\">\n<h3 class=\"rank-math-question \"><span class=\"ez-toc-section\" id=\"Megeri_Gozon_aludni\"><\/span>Meg\u00e9ri Goz\u00f3n aludni?<span class=\"ez-toc-section-end\"><\/span><\/h3>\n<div class=\"rank-math-answer \">\n\n<p>Sok utaz\u00f3 tapasztalata szerint ezen a szomsz\u00e9dos szigeten val\u00f3 tart\u00f3zkod\u00e1s teljesen fantasztikus \u00f6tlet. Aj\u00e1nlott Goz\u00f3n legal\u00e1bb k\u00e9t \u00e9jszak\u00e1t elt\u00f6lteni, mert a szigetnek teljesen m\u00e1s a temp\u00f3ja \u00e9s sokkal nyugodtabb falusi hangulata van. M\u00edg a f\u0151 sziget zs\u00fafolt \u00e9s tele van forgalommal, Gozo val\u00f3di nyugalmat, gy\u00f6ny\u00f6r\u0171 kil\u00e1t\u00e1sokat a szirtekr\u0151l \u00e9s aranyos k\u0151h\u00e1zakat medenc\u00e9kkel k\u00edn\u00e1l. Amikor d\u00e9lut\u00e1n elmennek az egy napos kir\u00e1ndul\u00f3k, az esti kis terecsk\u00e9k ki\u00fcr\u00fclnek, \u00e9s nyugodtan \u00e9lvezheted a vacsor\u00e1t valamelyik helyi vend\u00e9gl\u0151ben. Ez egy t\u00f6k\u00e9letes kontraszt, amely sz\u00e9pen feldobja a nyaral\u00e1sodat, \u00e9s megadja neki a megfelel\u0151 pihentet\u0151 jelleget.<\/p>\n\n<\/div>\n<\/div>\n<div id=\"faq-question-1787755046007\" class=\"rank-math-list-item\">\n<h3 class=\"rank-math-question \"><span class=\"ez-toc-section\" id=\"Biztonsagos_Malta\"><\/span>Biztons\u00e1gos M\u00e1lta?<span class=\"ez-toc-section-end\"><\/span><\/h3>\n<div class=\"rank-math-answer \">\n\n<p>Ez a napos sziget hossz\u00fa t\u00e1von a legbiztons\u00e1gosabb orsz\u00e1gok k\u00f6z\u00e9 tartozik eg\u00e9sz Eur\u00f3p\u00e1ban, \u00e9s a s\u00falyos b\u0171n\u00f6z\u00e9s gyakorlatilag nem fordul el\u0151 itt. Aggodalom n\u00e9lk\u00fcl s\u00e9t\u00e1lhatsz az esti utc\u00e1kon, \u00e9s teljesen nyugodtan \u00e9rezheted magad. A turist\u00e1k sz\u00e1m\u00e1ra a f\u0151 kock\u00e1zatot ink\u00e1bb a helyi kaotikus k\u00f6zleked\u00e9s jelenti, mert a sof\u0151r\u00f6k nagyon lend\u00fcletesen vezetnek, \u00e9s a gyalogj\u00e1rd\u00e1k n\u00e9ha teljesen hi\u00e1nyoznak. A m\u00e1sik dolog, amire \u00e9rdemes figyelni, a kisz\u00e1m\u00edthatatlan tengeri \u00e1ramlatok \u00e9s az eml\u00edtett med\u00faz\u00e1k a k\u00e9s\u0151 ny\u00e1ron. Term\u00e9szetesen \u00e9rv\u00e9nyesek az alapvet\u0151 \u00f3vint\u00e9zked\u00e9sek szab\u00e1lyai, \u00fagyhogy a nagy n\u00e9ps\u0171r\u0171s\u00e9g\u0171 helyeken vigy\u00e1zz a szem\u00e9lyes holmijaidra az esetleges zsebtolvajok miatt, de egy\u00e9bk\u00e9nt teljesen nyugodt lehetsz.<\/p>\n\n<\/div>\n<\/div>\n<\/div>\n<\/div>","protected":false},"excerpt":{"rendered":"<p>Utaz\u00e1st tervezel, \u00e9s k\u00edv\u00e1ncsi vagy, milyen az ide\u00e1lis m\u00e1ltai nyaral\u00e1s? R\u00e9szletes \u00fatmutat\u00f3t \u00e1ll\u00edtottam \u00f6ssze neked, tele tippekkel a legszebb helyekr\u0151l, remek sz\u00e1ll\u00e1sokr\u00f3l \u00e9s gyakorlati inf\u00f3kkal.<\/p>\n","protected":false},"author":3,"featured_media":399628,"comment_status":"open","ping_status":"open","sticky":false,"template":"","format":"standard","meta":{"_acf_changed":false,"footnotes":"","rank_math_title":"M\u00e1lta l\u00e1tnival\u00f3i: 24 tipp a t\u00f6k\u00e9letes nyaral\u00e1shoz","rank_math_description":"Fedezd fel M\u00e1lta l\u00e1tnival\u00f3it: 24 tipp, id\u0151j\u00e1r\u00e1s h\u00f3napr\u00f3l h\u00f3napra, sz\u00e1ll\u00e1s \u00e9s \u00e1rak egy helyen. Olvasd el az \u00fatmutat\u00f3t, \u00e9s tervezd meg a t\u00f6k\u00e9letes nyaral\u00e1st!","rank_math_focus_keyword":"m\u00e1lta l\u00e1tnival\u00f3i","rank_math_seo_score":""},"categories":[1804,1788],"tags":[],"class_list":["post-417207","post","type-post","status-publish","format-standard","has-post-thumbnail","category-europa","category-utazas"],"acf":[],"featured_image_src":"https:\/\/loudavymkrokem.cz\/wp-content\/uploads\/2026\/08\/dovolena-malta-hero.jpg","author_info":{"display_name":"Lucie Kone\u010dn\u00e1","author_link":"https:\/\/loudavymkrokem.cz\/hu\/author\/lucie-konecna\/"},"_links":{"self":[{"href":"https:\/\/loudavymkrokem.cz\/hu\/wp-json\/wp\/v2\/posts\/417207","targetHints":{"allow":["GET"]}}],"collection":[{"href":"https:\/\/loudavymkrokem.cz\/hu\/wp-json\/wp\/v2\/posts"}],"about":[{"href":"https:\/\/loudavymkrokem.cz\/hu\/wp-json\/wp\/v2\/types\/post"}],"author":[{"embeddable":true,"href":"https:\/\/loudavymkrokem.cz\/hu\/wp-json\/wp\/v2\/users\/3"}],"replies":[{"embeddable":true,"href":"https:\/\/loudavymkrokem.cz\/hu\/wp-json\/wp\/v2\/comments?post=417207"}],"version-history":[{"count":2,"href":"https:\/\/loudavymkrokem.cz\/hu\/wp-json\/wp\/v2\/posts\/417207\/revisions"}],"predecessor-version":[{"id":417209,"href":"https:\/\/loudavymkrokem.cz\/hu\/wp-json\/wp\/v2\/posts\/417207\/revisions\/417209"}],"wp:featuredmedia":[{"embeddable":true,"href":"https:\/\/loudavymkrokem.cz\/hu\/wp-json\/wp\/v2\/media\/399628"}],"wp:attachment":[{"href":"https:\/\/loudavymkrokem.cz\/hu\/wp-json\/wp\/v2\/media?parent=417207"}],"wp:term":[{"taxonomy":"category","embeddable":true,"href":"https:\/\/loudavymkrokem.cz\/hu\/wp-json\/wp\/v2\/categories?post=417207"},{"taxonomy":"post_tag","embeddable":true,"href":"https:\/\/loudavymkrokem.cz\/hu\/wp-json\/wp\/v2\/tags?post=417207"}],"curies":[{"name":"wp","href":"https:\/\/api.w.org\/{rel}","templated":true}]}}