{"id":417204,"date":"2026-09-04T20:50:25","date_gmt":"2026-09-04T18:50:25","guid":{"rendered":"https:\/\/loudavymkrokem.cz\/strasbourg-franciaorszag-latnivalok\/"},"modified":"2026-09-05T14:11:45","modified_gmt":"2026-09-05T12:11:45","slug":"strasbourg-franciaorszag-latnivalok","status":"publish","type":"post","link":"https:\/\/loudavymkrokem.cz\/hu\/strasbourg-franciaorszag-latnivalok\/","title":{"rendered":"Strasbourg, Franciaorsz\u00e1g: 18 tipp, mit l\u00e1ss \u00e9s csin\u00e1lj"},"content":{"rendered":"\n<p class=\"wp-block-paragraph\">Strasbourgot a legt\u00f6bben azonnal a forralt bor illat\u00e1val \u00e9s a kar\u00e1csonyi f\u00e9nyek tenger\u00e9vel k\u00f6tj\u00fck \u00f6ssze, de az igazs\u00e1g az, hogy <strong>ennek a v\u00e1rosnak az \u00e9v t\u00f6bbi tizenegy h\u00f3napj\u00e1ban is rengeteget k\u00edn\u00e1l<\/strong>. M\u00edg decemberben szinte sz\u00e9treped a zs\u00fafolts\u00e1gt\u00f3l \u00e9s az \u00e1rak az egekbe sz\u00f6knek, addig az adventi id\u0151szakon k\u00edv\u00fcl Strasbourg, Franciaorsz\u00e1g egyik legnyugodtabb \u00e9s <strong>j\u00f3val olcs\u00f3bb \u00fati c\u00e9lj\u00e1v\u00e1<\/strong> v\u00e1ltozik, ahol a francia elegancia a n\u00e9met precizit\u00e1ssal tal\u00e1lkozik. Az elm\u00falt \u00e9vsz\u00e1zadban itt n\u00e9gyszer is megv\u00e1ltozott az \u00e1llamhovatartoz\u00e1s, ami kit\u00f6r\u00f6lhetetlen nyomot hagyott az \u00e9p\u00edt\u00e9szeten, a helyi nyelvj\u00e1r\u00e1son \u00e9s a kiv\u00e1l\u00f3 gasztron\u00f3mi\u00e1n.<\/p>\n\n\n\n<p class=\"wp-block-paragraph\">Megtal\u00e1lod itt az <strong>UNESCO-list\u00e1s t\u00f6rt\u00e9nelmi negyedet<\/strong>, a monument\u00e1lis g\u00f3tikus katedr\u00e1list \u00e9s az Eur\u00f3pai Parlament modern \u00fcveg\u00e9p\u00fcleteit is, amelyek egy\u00fctt teljesen egyed\u00fcl\u00e1ll\u00f3 hangulatot teremtenek. Bolyonghatsz a fav\u00e1zas h\u00e1zakkal teli fest\u0151i utc\u00e1csk\u00e1kban, n\u00e9zheted a v\u00edzi csatorn\u00e1kon \u00fasz\u00f3 haj\u00f3kat, vagy egyszer\u0171en csak be\u00fclhetsz egy k\u00e1v\u00e9z\u00f3ba, \u00e9s <strong>magadba sz\u00edvhatod ezt a hihetetlen nyugalmat turistat\u00f6megek n\u00e9lk\u00fcl<\/strong>. Strasbourg r\u00f6viden a k\u00e9t identit\u00e1s v\u00e1rosa, amely l\u00e9pten-nyomon meglep.<\/p>\n\n\n\n<p class=\"wp-block-paragraph\">Ha egy t\u00f6k\u00e9letes helyet keresel egy hossz\u00fa h\u00e9tv\u00e9g\u00e9hez, ahol a <strong>t\u00f6rt\u00e9nelem \u00f6sszefon\u00f3dik a pezsg\u0151, modern \u00e9lettel<\/strong>, akkor \u00e9pp most tal\u00e1ltad meg. \u00d6ssze\u00e1ll\u00edtottam neked egy r\u00e9szletes \u00fatikalauzt, amely megmutatja a v\u00e1ros legnagyobb kincseit, \u00e9s tan\u00e1csot ad, hogyan \u00e9lvezd ki teljesen a l\u00e1togat\u00e1st, f\u00fcggetlen\u00fcl att\u00f3l, melyik \u00e9vszakban \u00e9rkezel.<\/p>\n\n\n\n<figure data-wp-context=\"{&quot;imageId&quot;:&quot;6a9c18275e3b3&quot;}\" data-wp-interactive=\"core\/image\" data-wp-key=\"6a9c18275e3b3\" class=\"wp-block-image size-full wp-lightbox-container\"><img decoding=\"async\" width=\"1920\" height=\"2454\" data-wp-class--hide=\"state.isContentHidden\" data-wp-class--show=\"state.isContentVisible\" data-wp-init=\"callbacks.setButtonStyles\" data-wp-on--click=\"actions.showLightbox\" data-wp-on--load=\"callbacks.setButtonStyles\" data-wp-on--pointerdown=\"actions.preloadImage\" data-wp-on--pointerenter=\"actions.preloadImageWithDelay\" data-wp-on--pointerleave=\"actions.cancelPreload\" data-wp-on-window--resize=\"callbacks.setButtonStyles\" src=\"https:\/\/loudavymkrokem.cz\/wp-content\/uploads\/2026\/09\/katedrala-notre-dame-ve-strasburku-af4b864e.jpg\" alt=\"A strasbourgi Notre-Dame-katedr\u00e1lis\" class=\"wp-image-413376\" title=\"\" srcset=\"https:\/\/loudavymkrokem.cz\/wp-content\/uploads\/2026\/09\/katedrala-notre-dame-ve-strasburku-af4b864e.jpg 1920w, https:\/\/loudavymkrokem.cz\/wp-content\/uploads\/2026\/09\/katedrala-notre-dame-ve-strasburku-af4b864e-235x300.jpg 235w, https:\/\/loudavymkrokem.cz\/wp-content\/uploads\/2026\/09\/katedrala-notre-dame-ve-strasburku-af4b864e-700x895.jpg 700w, https:\/\/loudavymkrokem.cz\/wp-content\/uploads\/2026\/09\/katedrala-notre-dame-ve-strasburku-af4b864e-768x982.jpg 768w, https:\/\/loudavymkrokem.cz\/wp-content\/uploads\/2026\/09\/katedrala-notre-dame-ve-strasburku-af4b864e-1202x1536.jpg 1202w, https:\/\/loudavymkrokem.cz\/wp-content\/uploads\/2026\/09\/katedrala-notre-dame-ve-strasburku-af4b864e-1602x2048.jpg 1602w, https:\/\/loudavymkrokem.cz\/wp-content\/uploads\/2026\/09\/katedrala-notre-dame-ve-strasburku-af4b864e-696x890.jpg 696w, https:\/\/loudavymkrokem.cz\/wp-content\/uploads\/2026\/09\/katedrala-notre-dame-ve-strasburku-af4b864e-1392x1779.jpg 1392w\" sizes=\"(max-width: 1920px) 100vw, 1920px\" \/><button\n\t\t\tclass=\"lightbox-trigger\"\n\t\t\ttype=\"button\"\n\t\t\taria-haspopup=\"dialog\"\n\t\t\tdata-wp-bind--aria-label=\"state.thisImage.triggerButtonAriaLabel\"\n\t\t\tdata-wp-init=\"callbacks.initTriggerButton\"\n\t\t\tdata-wp-on--click=\"actions.showLightbox\"\n\t\t\tdata-wp-style--right=\"state.thisImage.buttonRight\"\n\t\t\tdata-wp-style--top=\"state.thisImage.buttonTop\"\n\t\t>\n\t\t\t<svg xmlns=\"http:\/\/www.w3.org\/2000\/svg\" width=\"12\" height=\"12\" fill=\"none\" viewBox=\"0 0 12 12\">\n\t\t\t\t<path fill=\"#fff\" d=\"M2 0a2 2 0 0 0-2 2v2h1.5V2a.5.5 0 0 1 .5-.5h2V0H2Zm2 10.5H2a.5.5 0 0 1-.5-.5V8H0v2a2 2 0 0 0 2 2h2v-1.5ZM8 12v-1.5h2a.5.5 0 0 0 .5-.5V8H12v2a2 2 0 0 1-2 2H8Zm2-12a2 2 0 0 1 2 2v2h-1.5V2a.5.5 0 0 0-.5-.5H8V0h2Z\" \/>\n\t\t\t<\/svg>\n\t\t<\/button><figcaption class=\"wp-element-caption\">Foto: Diliff \/ Wikimedia Commons, CC BY-SA 3.0<\/figcaption><\/figure>\n\n\n\n<div id=\"ez-toc-container\" class=\"ez-toc-v2_0_87 ez-toc-wrap-left counter-hierarchy ez-toc-counter ez-toc-grey ez-toc-container-direction\">\n<div class=\"ez-toc-title-container\">\n<p class=\"ez-toc-title\" style=\"cursor:inherit\">A cikk tartalma<\/p>\n<span class=\"ez-toc-title-toggle\"><a href=\"#\" class=\"ez-toc-pull-right ez-toc-btn ez-toc-btn-xs ez-toc-btn-default ez-toc-toggle\" aria-label=\"Toggle Table of Content\"><span class=\"ez-toc-js-icon-con\"><span class=\"\"><span class=\"eztoc-hide\" style=\"display:none;\">Toggle<\/span><span class=\"ez-toc-icon-toggle-span\"><svg style=\"fill: #999;color:#999\" xmlns=\"http:\/\/www.w3.org\/2000\/svg\" class=\"list-377408\" width=\"20px\" height=\"20px\" viewBox=\"0 0 24 24\" fill=\"none\"><path d=\"M6 6H4v2h2V6zm14 0H8v2h12V6zM4 11h2v2H4v-2zm16 0H8v2h12v-2zM4 16h2v2H4v-2zm16 0H8v2h12v-2z\" fill=\"currentColor\"><\/path><\/svg><svg style=\"fill: #999;color:#999\" class=\"arrow-unsorted-368013\" xmlns=\"http:\/\/www.w3.org\/2000\/svg\" width=\"10px\" height=\"10px\" viewBox=\"0 0 24 24\" version=\"1.2\" baseProfile=\"tiny\"><path d=\"M18.2 9.3l-6.2-6.3-6.2 6.3c-.2.2-.3.4-.3.7s.1.5.3.7c.2.2.4.3.7.3h11c.3 0 .5-.1.7-.3.2-.2.3-.5.3-.7s-.1-.5-.3-.7zM5.8 14.7l6.2 6.3 6.2-6.3c.2-.2.3-.5.3-.7s-.1-.5-.3-.7c-.2-.2-.4-.3-.7-.3h-11c-.3 0-.5.1-.7.3-.2.2-.3.5-.3.7s.1.5.3.7z\"\/><\/svg><\/span><\/span><\/span><\/a><\/span><\/div>\n<nav><ul class='ez-toc-list ez-toc-list-level-1 ' ><ul class='ez-toc-list-level-3' ><li class='ez-toc-heading-level-3'><a class=\"ez-toc-link ez-toc-heading-1\" href=\"https:\/\/loudavymkrokem.cz\/hu\/strasbourg-franciaorszag-latnivalok\/#Osszefoglalas_azoknak_akiknek_nincs_idejuk_vegigolvasni_a_cikket\" >\u00d6sszefoglal\u00e1s azoknak, akiknek nincs idej\u00fck v\u00e9gigolvasni a cikket<\/a><\/li><\/ul><\/li><li class='ez-toc-page-1 ez-toc-heading-level-2'><a class=\"ez-toc-link ez-toc-heading-2\" href=\"https:\/\/loudavymkrokem.cz\/hu\/strasbourg-franciaorszag-latnivalok\/#Mikor_erdemes_Strasbourgba_utazni\" >Mikor \u00e9rdemes Strasbourgba utazni<\/a><\/li><li class='ez-toc-page-1 ez-toc-heading-level-2'><a class=\"ez-toc-link ez-toc-heading-3\" href=\"https:\/\/loudavymkrokem.cz\/hu\/strasbourg-franciaorszag-latnivalok\/#Hol_szallj_meg_Strasbourgban\" >Hol sz\u00e1llj meg Strasbourgban<\/a><\/li><li class='ez-toc-page-1 ez-toc-heading-level-2'><a class=\"ez-toc-link ez-toc-heading-4\" href=\"https:\/\/loudavymkrokem.cz\/hu\/strasbourg-franciaorszag-latnivalok\/#18_tipp_mit_lass_es_csinalj_Strasbourgban\" >18 tipp, mit l\u00e1ss \u00e9s csin\u00e1lj Strasbourgban<\/a><ul class='ez-toc-list-level-3' ><li class='ez-toc-heading-level-3'><a class=\"ez-toc-link ez-toc-heading-5\" href=\"https:\/\/loudavymkrokem.cz\/hu\/strasbourg-franciaorszag-latnivalok\/#1_Cathedrale_Notre-Dame-de-Strasbourg\" >1. Cath\u00e9drale Notre-Dame-de-Strasbourg<\/a><\/li><li class='ez-toc-page-1 ez-toc-heading-level-3'><a class=\"ez-toc-link ez-toc-heading-6\" href=\"https:\/\/loudavymkrokem.cz\/hu\/strasbourg-franciaorszag-latnivalok\/#2_Tizenhatodik_szazadi_csillagaszati_ora\" >2. Tizenhatodik sz\u00e1zadi csillag\u00e1szati \u00f3ra<\/a><\/li><li class='ez-toc-page-1 ez-toc-heading-level-3'><a class=\"ez-toc-link ez-toc-heading-7\" href=\"https:\/\/loudavymkrokem.cz\/hu\/strasbourg-franciaorszag-latnivalok\/#3_Feljutas_a_katedralis_kilatoteraszara\" >3. Feljut\u00e1s a katedr\u00e1lis kil\u00e1t\u00f3terasz\u00e1ra<\/a><\/li><li class='ez-toc-page-1 ez-toc-heading-level-3'><a class=\"ez-toc-link ez-toc-heading-8\" href=\"https:\/\/loudavymkrokem.cz\/hu\/strasbourg-franciaorszag-latnivalok\/#4_Petite_France\" >4. Petite France<\/a><\/li><li class='ez-toc-page-1 ez-toc-heading-level-3'><a class=\"ez-toc-link ez-toc-heading-9\" href=\"https:\/\/loudavymkrokem.cz\/hu\/strasbourg-franciaorszag-latnivalok\/#5_Ponts_Couverts_de_Strasbourg\" >5. Ponts Couverts de Strasbourg<\/a><\/li><li class='ez-toc-page-1 ez-toc-heading-level-3'><a class=\"ez-toc-link ez-toc-heading-10\" href=\"https:\/\/loudavymkrokem.cz\/hu\/strasbourg-franciaorszag-latnivalok\/#6_Barrage_Vauban\" >6. Barrage Vauban<\/a><\/li><li class='ez-toc-page-1 ez-toc-heading-level-3'><a class=\"ez-toc-link ez-toc-heading-11\" href=\"https:\/\/loudavymkrokem.cz\/hu\/strasbourg-franciaorszag-latnivalok\/#7_Batorama_setahajozas_a_csatornakon\" >7. Batorama s\u00e9tahaj\u00f3z\u00e1s a csatorn\u00e1kon<\/a><\/li><li class='ez-toc-page-1 ez-toc-heading-level-3'><a class=\"ez-toc-link ez-toc-heading-12\" href=\"https:\/\/loudavymkrokem.cz\/hu\/strasbourg-franciaorszag-latnivalok\/#8_Europai_Parlament\" >8. Eur\u00f3pai Parlament<\/a><\/li><li class='ez-toc-page-1 ez-toc-heading-level-3'><a class=\"ez-toc-link ez-toc-heading-13\" href=\"https:\/\/loudavymkrokem.cz\/hu\/strasbourg-franciaorszag-latnivalok\/#9_Parlamentarium_Simone_Veil\" >9. Parlamentarium Simone Veil<\/a><\/li><li class='ez-toc-page-1 ez-toc-heading-level-3'><a class=\"ez-toc-link ez-toc-heading-14\" href=\"https:\/\/loudavymkrokem.cz\/hu\/strasbourg-franciaorszag-latnivalok\/#10_Europa_Tanacs_es_az_intezmenyek_negyede\" >10. Eur\u00f3pa Tan\u00e1cs \u00e9s az int\u00e9zm\u00e9nyek negyede<\/a><\/li><li class='ez-toc-page-1 ez-toc-heading-level-3'><a class=\"ez-toc-link ez-toc-heading-15\" href=\"https:\/\/loudavymkrokem.cz\/hu\/strasbourg-franciaorszag-latnivalok\/#11_Grande_Ile_az_elso_UNESCO-listas_negyed\" >11. Grande \u00cele (az els\u0151 UNESCO-list\u00e1s negyed)<\/a><\/li><li class='ez-toc-page-1 ez-toc-heading-level-3'><a class=\"ez-toc-link ez-toc-heading-16\" href=\"https:\/\/loudavymkrokem.cz\/hu\/strasbourg-franciaorszag-latnivalok\/#12_Neustadt_a_nemet_csaszari_negyed\" >12. Neustadt (a n\u00e9met cs\u00e1sz\u00e1ri negyed)<\/a><\/li><li class='ez-toc-page-1 ez-toc-heading-level-3'><a class=\"ez-toc-link ez-toc-heading-17\" href=\"https:\/\/loudavymkrokem.cz\/hu\/strasbourg-franciaorszag-latnivalok\/#13_Place_Kleber\" >13. Place Kl\u00e9ber<\/a><\/li><li class='ez-toc-page-1 ez-toc-heading-level-3'><a class=\"ez-toc-link ez-toc-heading-18\" href=\"https:\/\/loudavymkrokem.cz\/hu\/strasbourg-franciaorszag-latnivalok\/#14_Parc_de_lOrangerie\" >14. Parc de l&#8217;Orangerie<\/a><\/li><li class='ez-toc-page-1 ez-toc-heading-level-3'><a class=\"ez-toc-link ez-toc-heading-19\" href=\"https:\/\/loudavymkrokem.cz\/hu\/strasbourg-franciaorszag-latnivalok\/#15_Parc_de_lEtoile\" >15. Parc de l&#8217;\u00c9toile<\/a><\/li><li class='ez-toc-page-1 ez-toc-heading-level-3'><a class=\"ez-toc-link ez-toc-heading-20\" href=\"https:\/\/loudavymkrokem.cz\/hu\/strasbourg-franciaorszag-latnivalok\/#16_Palais_Rohan\" >16. Palais Rohan<\/a><\/li><li class='ez-toc-page-1 ez-toc-heading-level-3'><a class=\"ez-toc-link ez-toc-heading-21\" href=\"https:\/\/loudavymkrokem.cz\/hu\/strasbourg-franciaorszag-latnivalok\/#17_Strasbourg_Museum_of_Modern_and_Contemporary_Art_MAMCS\" >17. Strasbourg Museum of Modern and Contemporary Art (MAMCS)<\/a><\/li><li class='ez-toc-page-1 ez-toc-heading-level-3'><a class=\"ez-toc-link ez-toc-heading-22\" href=\"https:\/\/loudavymkrokem.cz\/hu\/strasbourg-franciaorszag-latnivalok\/#18_Musee_Alsacien\" >18. Mus\u00e9e Alsacien<\/a><\/li><\/ul><\/li><li class='ez-toc-page-1 ez-toc-heading-level-2'><a class=\"ez-toc-link ez-toc-heading-23\" href=\"https:\/\/loudavymkrokem.cz\/hu\/strasbourg-franciaorszag-latnivalok\/#Hova_tovabb_Strasbourgbol\" >Hov\u00e1 tov\u00e1bb Strasbourgb\u00f3l<\/a><\/li><li class='ez-toc-page-1 ez-toc-heading-level-2'><a class=\"ez-toc-link ez-toc-heading-24\" href=\"https:\/\/loudavymkrokem.cz\/hu\/strasbourg-franciaorszag-latnivalok\/#Gyakran_ismetelt_kerdesek\" >Gyakran ism\u00e9telt k\u00e9rd\u00e9sek<\/a><ul class='ez-toc-list-level-3' ><li class='ez-toc-heading-level-3'><a class=\"ez-toc-link ez-toc-heading-25\" href=\"https:\/\/loudavymkrokem.cz\/hu\/strasbourg-franciaorszag-latnivalok\/#Mikor_rendezik_a_karacsonyi_vasarokat_2026-ban\" >Mikor rendezik a kar\u00e1csonyi v\u00e1s\u00e1rokat 2026-ban?<\/a><\/li><li class='ez-toc-page-1 ez-toc-heading-level-3'><a class=\"ez-toc-link ez-toc-heading-26\" href=\"https:\/\/loudavymkrokem.cz\/hu\/strasbourg-franciaorszag-latnivalok\/#Hogyan_mukodik_a_Park_and_Ride_parkolasi_rendszer\" >Hogyan m\u0171k\u00f6dik a Park and Ride parkol\u00e1si rendszer?<\/a><\/li><li class='ez-toc-page-1 ez-toc-heading-level-3'><a class=\"ez-toc-link ez-toc-heading-27\" href=\"https:\/\/loudavymkrokem.cz\/hu\/strasbourg-franciaorszag-latnivalok\/#Hany_napot_erdemes_a_varos_meglatogatasara_szanni\" >H\u00e1ny napot \u00e9rdemes a v\u00e1ros megl\u00e1togat\u00e1s\u00e1ra sz\u00e1nni?<\/a><\/li><li class='ez-toc-page-1 ez-toc-heading-level-3'><a class=\"ez-toc-link ez-toc-heading-28\" href=\"https:\/\/loudavymkrokem.cz\/hu\/strasbourg-franciaorszag-latnivalok\/#Fizetosek_az_Europai_Parlament_megtekintesei\" >Fizet\u0151sek az Eur\u00f3pai Parlament megtekint\u00e9sei?<\/a><\/li><li class='ez-toc-page-1 ez-toc-heading-level-3'><a class=\"ez-toc-link ez-toc-heading-29\" href=\"https:\/\/loudavymkrokem.cz\/hu\/strasbourg-franciaorszag-latnivalok\/#Hogyan_lehet_a_legjobban_kozlekedni_a_varoskozpontban\" >Hogyan lehet a legjobban k\u00f6zlekedni a v\u00e1rosk\u00f6zpontban?<\/a><\/li><li class='ez-toc-page-1 ez-toc-heading-level-3'><a class=\"ez-toc-link ez-toc-heading-30\" href=\"https:\/\/loudavymkrokem.cz\/hu\/strasbourg-franciaorszag-latnivalok\/#Strasbourg_draga_varos\" >Strasbourg dr\u00e1ga v\u00e1ros?<\/a><\/li><li class='ez-toc-page-1 ez-toc-heading-level-3'><a class=\"ez-toc-link ez-toc-heading-31\" href=\"https:\/\/loudavymkrokem.cz\/hu\/strasbourg-franciaorszag-latnivalok\/#Megfelelo_a_varos_vegetarianusok_szamara\" >Megfelel\u0151 a v\u00e1ros veget\u00e1ri\u00e1nusok sz\u00e1m\u00e1ra?<\/a><\/li><li class='ez-toc-page-1 ez-toc-heading-level-3'><a class=\"ez-toc-link ez-toc-heading-32\" href=\"https:\/\/loudavymkrokem.cz\/hu\/strasbourg-franciaorszag-latnivalok\/#Melyek_a_legjobb_helyek_fotozashoz\" >Melyek a legjobb helyek fot\u00f3z\u00e1shoz?<\/a><\/li><\/ul><\/li><\/ul><\/nav><\/div>\n<h3 class=\"wp-block-heading\"><span class=\"ez-toc-section\" id=\"Osszefoglalas_azoknak_akiknek_nincs_idejuk_vegigolvasni_a_cikket\"><\/span>\u00d6sszefoglal\u00e1s azoknak, akiknek nincs idej\u00fck v\u00e9gigolvasni a cikket<span class=\"ez-toc-section-end\"><\/span><\/h3>\n\n\n\n<ul class=\"wp-block-list\">\n\n<li><strong>A legl\u00e1togatottabb m\u0171eml\u00e9k:<\/strong> a <a href=\"https:\/\/www.cathedrale-strasbourg.fr\/\" target=\"_blank\" rel=\"nofollow noopener\">Cath\u00e9drale Notre-Dame-de-Strasbourg<\/a> a tizenhatodik sz\u00e1zadi, egyed\u00fcl\u00e1ll\u00f3 csillag\u00e1szati \u00f3r\u00e1val.<\/li>\n\n\n\n<li><strong>A legfotog\u00e9nebb helyek:<\/strong> a fest\u0151i Petite France negyed fav\u00e1zas h\u00e1zakkal \u00e9s v\u00edzi csatorn\u00e1kkal.<\/li>\n\n\n\n<li><strong>A legjobb ingyenes kil\u00e1t\u00e1s:<\/strong> a t\u00f6rt\u00e9nelmi Barrage Vauban g\u00e1t terasz\u00e1r\u00f3l k\u00e9sz\u00edted a legszebb fot\u00f3kat.<\/li>\n\n\n\n<li><strong>Egyed\u00fcl\u00e1ll\u00f3 \u00e9lm\u00e9ny:<\/strong> az Eur\u00f3pai Parlament \u00e9s a Parlamentarium Simone Veil interakt\u00edv k\u00f6zpont ingyenes l\u00e1togat\u00e1sa.<\/li>\n\n\n\n<li><strong>K\u00f6zleked\u00e9s a v\u00e1rosban:<\/strong> a belv\u00e1ros meglehet\u0151sen bar\u00e1ts\u00e1gtalan az aut\u00f3k sz\u00e1m\u00e1ra, ez\u00e9rt a legjobban a Park and Ride P+R parkol\u00f3k \u00e9s a villamos kombin\u00e1ci\u00f3ja \u00e9ri meg.<\/li>\n\n\n\n<li><strong>Mikor menj:<\/strong> a legjobb \u00e1r-id\u0151j\u00e1r\u00e1s ar\u00e1ny\u00e9rt a m\u00e1just, j\u00faniust vagy szeptembert aj\u00e1nlom, m\u00edg a legalacsonyabb hotel\u00e1rakhoz janu\u00e1r az ide\u00e1lis.<\/li>\n\n\n\n<li><strong>Vil\u00e1g\u00f6r\u00f6ks\u00e9g:<\/strong> az eg\u00e9sz t\u00f6rt\u00e9nelmi Grande \u00cele negyed \u00e9s a fiatalabb n\u00e9met Neustadt is szerepel az UNESCO list\u00e1j\u00e1n.<\/li>\n\n\n<\/ul>\n\n\n\n<h2 class=\"wp-block-heading\"><span class=\"ez-toc-section\" id=\"Mikor_erdemes_Strasbourgba_utazni\"><\/span>Mikor \u00e9rdemes Strasbourgba utazni<span class=\"ez-toc-section-end\"><\/span><\/h2>\n\n\n\n<p class=\"wp-block-paragraph\">Az id\u0151pont megtervez\u00e9se enn\u00e9l a v\u00e1rosn\u00e1l abszol\u00fat kulcsfontoss\u00e1g\u00fa, mert <strong>a szezonalit\u00e1s itt extr\u00e9m m\u00f3don mozgatja a sz\u00e1ll\u00e1shelyek \u00e1rait<\/strong>. Ha decemberben, a h\u00edres v\u00e1s\u00e1rok idej\u00e9n indulsz \u00fatnak, k\u00e9sz\u00fclj fel r\u00e1, hogy a belv\u00e1rosi hotelek ak\u00e1r a szok\u00e1sos ny\u00e1ri \u00e1ruk h\u00e1romszoros\u00e1ba is ker\u00fclhetnek. Ezzel szemben janu\u00e1rban vagy febru\u00e1rban a v\u00e1rost teljesen t\u00f6megek n\u00e9lk\u00fcl \u00e9lheted \u00e1t, \u00e9s <strong>egy kis szerencs\u00e9vel egy luxusszob\u00e1t a t\u00e9li \u00e1r t\u00f6red\u00e9k\u00e9\u00e9rt kaphatsz meg<\/strong>. A tavaszi \u00e9s \u0151szi h\u00f3napok pedig t\u00f6k\u00e9letes kompromisszumot jelentenek azoknak, akik sp\u00f3rolni szeretn\u00e9nek, de k\u00f6zben sz\u00e9p id\u0151t is szeretn\u00e9nek.<\/p>\n\n\n\n<p class=\"wp-block-paragraph\">A legkellemesebb id\u0151 a hossz\u00fa s\u00e9t\u00e1k a v\u00edzi csatorn\u00e1k ment\u00e9n <strong>m\u00e1jusban, j\u00faniusban \u00e9s szeptemberben<\/strong> v\u00e1r r\u00e1d, amikor a h\u0151m\u00e9rs\u00e9klet nagyon kellemes \u00e9rt\u00e9kek k\u00f6r\u00fcl mozog, \u00e9s a napok el\u00e9g hossz\u00faak. Ny\u00e1ron a k\u0151b\u0151l \u00e9p\u00fclt belv\u00e1rosban el\u00e9g meleg lehet, de a minden\u00fctt jelen l\u00e9v\u0151 v\u00edznek \u00e9s a hatalmas parkoknak k\u00f6sz\u00f6nhet\u0151en ez k\u00f6nnyen kib\u00edrhat\u00f3. Ha nem zavar egy kicsit cs\u00edp\u0151sebb id\u0151, <strong>a kora tavasz a v\u00e1rost gy\u00f6ny\u00f6r\u0171en melankolikus hangulatban t\u00e1rja fel<\/strong>, amikor a helyi k\u00e1v\u00e9z\u00f3k lassan \u00e9bredeznek, \u00e9s az utc\u00e1k csak a helyiek\u00e9.<\/p>\n\n\n\n<p class=\"wp-block-paragraph\">2026-ban a h\u00edres kar\u00e1csonyi v\u00e1s\u00e1rok november 27-\u00e9n, p\u00e9nteken kezd\u0151dnek \u00e9s december 27-\u00e9n, vas\u00e1rnap \u00e9rnek v\u00e9get. Egyszerre tizenegy k\u00fcl\u00f6nb\u00f6z\u0151 helysz\u00ednen ter\u00fclnek el az eg\u00e9sz t\u00f6rt\u00e9nelmi Grande \u00cele negyedben, a legh\u00edresebbeket pedig a Place Broglie-n, a Place de la Cath\u00e9drale-on vagy a Petite France utc\u00e1csk\u00e1iban tal\u00e1lod. Ha els\u0151sorban ez a var\u00e1zslatos id\u0151szak \u00e9rdekel, \u00e9s nem zavar a j\u00f3val magasabb k\u00f6lts\u00e9gvet\u00e9s, <strong>mindenk\u00e9pp olvasd el a k\u00fcl\u00f6n cikk\u00fcnket, a <a href=\"https:\/\/loudavymkrokem.cz\/hu\/strasbourgi-karacsonyi-vasar\/\">Strasbourgi kar\u00e1csonyi v\u00e1s\u00e1rokat<\/a><\/strong>, ahol r\u00e9szletes t\u00e9rk\u00e9pet tal\u00e1lsz a helysz\u00ednekr\u0151l, helyi szok\u00e1sokat \u00e9s konkr\u00e9t tippeket a hagyom\u00e1nyos finoms\u00e1gokhoz.<\/p>\n\n\n\n<h2 class=\"wp-block-heading\"><span class=\"ez-toc-section\" id=\"Hol_szallj_meg_Strasbourgban\"><\/span>Hol sz\u00e1llj meg Strasbourgban<span class=\"ez-toc-section-end\"><\/span><\/h2>\n\n\n\n<p class=\"wp-block-paragraph\">A megfelel\u0151 sz\u00e1ll\u00e1s kiv\u00e1laszt\u00e1sa sok id\u0151t \u00e9s t\u00f6megk\u00f6zleked\u00e9sre k\u00f6lt\u00f6tt p\u00e9nzt takar\u00edt meg. A legvar\u00e1zslatosabb, de logikusan a legdr\u00e1g\u00e1bb is a <strong>t\u00f6rt\u00e9nelmi Grande \u00cele negyed \u00e9s annak Petite France r\u00e9sze<\/strong>, ahol az \u00f6sszes f\u0151 l\u00e1tnival\u00f3 csak p\u00e1r l\u00e9p\u00e9sre lesz az \u00e1gyadt\u00f3l. Ha valami \u00e9rezhet\u0151en nyugodtabbat \u00e9s megfizethet\u0151bbet keresel, <strong>a Neustadt negyed k\u00f6r\u00fcl aj\u00e1nlom sz\u00e9tn\u00e9zni<\/strong>, amely gy\u00f6ny\u00f6r\u0171 \u00e9p\u00edt\u00e9szetet k\u00edn\u00e1l, a belv\u00e1rosba pedig egy kellemes, alig t\u00edzperces s\u00e9t\u00e1val jutsz el.<\/p>\n\n\n\n<p class=\"wp-block-paragraph\">A szobafoglal\u00e1st semmik\u00e9pp se hagyd az utols\u00f3 pillanatra, \u00e9s <strong>mindig azt aj\u00e1nlom, hogy megb\u00edzhat\u00f3 port\u00e1lokat haszn\u00e1lj, mint a Booking<\/strong>, ahol a legjobb \u00e1ttekint\u00e9st kapod az aktu\u00e1lis \u00e1rakr\u00f3l. F\u0151leg adventi id\u0151szakban a legt\u00f6bb kapacit\u00e1s m\u00e1r f\u00e9l \u00e9vvel kor\u00e1bban elkel. M\u00e1s utaz\u00f3k v\u00e9lem\u00e9nyei \u00e9s a Booking figyelmes \u00e1tb\u00f6ng\u00e9sz\u00e9se alapj\u00e1n kiv\u00e1lasztottam neked p\u00e1r hotelt, amelyeknek kiv\u00e1l\u00f3 az \u00e1r-\u00e9rt\u00e9k ar\u00e1nya:<\/p>\n\n\n\n<p class=\"wp-block-paragraph\">A <strong>H\u00f4tel Cour du Corbeau Strasbourg \u2013 MGallery<\/strong> igazi \u00e9p\u00edt\u00e9szeti \u00e9kszer, \u00e9s a v\u00e1ros egyik legszebb sz\u00e1ll\u00e1shelye. Egy gy\u00f6ny\u00f6r\u0171en fel\u00faj\u00edtott, tizenhatodik sz\u00e1zadi fav\u00e1zas t\u00f6rt\u00e9nelmi h\u00e1zban tal\u00e1lhat\u00f3, f\u00e1b\u00f3l k\u00e9sz\u00fclt f\u00fcgg\u0151folyos\u00f3kkal, \u00e9s <strong>felejthetetlen romantikus hangulatot k\u00edn\u00e1l<\/strong> k\u00f6zvetlen\u00fcl a v\u00edzi csatorna partj\u00e1n. A vend\u00e9gek lelkesen jelentik, hogy a reggelik szinte b\u0171n\u00f6sen b\u0151s\u00e9gesek, a nyugalom pedig meglep\u0151, annak ellen\u00e9re, hogy a katedr\u00e1lis \u00f6t percre van gyalog.<\/p>\n\n\n\n<p class=\"wp-block-paragraph\">Ha ink\u00e1bb a modern diz\u00e1jnt \u00e9s a letisztult vonalakat kedveled, a <strong>H\u00f4tel L\u00c9ONOR the place to live<\/strong> is remek v\u00e1laszt\u00e1s. Modern bels\u0151t k\u00edn\u00e1l egy t\u00f6rt\u00e9nelmi \u00e9p\u00fcletben a Broglie t\u00e9r k\u00f6zel\u00e9ben, \u00e9s ami a legfontosabb, van egy gy\u00f6ny\u00f6r\u0171 bels\u0151 udvara, ahol egy eg\u00e9sz napos gyalogl\u00e1s ut\u00e1n elkortyolhatsz egy poh\u00e1r elz\u00e1szi bort.<\/p>\n\n\n\n<p class=\"wp-block-paragraph\">A szigor\u00fabb k\u00f6lts\u00e9gvet\u00e9s\u0171 utaz\u00f3knak remek v\u00e1laszt\u00e1s a <strong>H\u00f4tel Gutenberg<\/strong>, amely t\u00f6k\u00e9letesen strat\u00e9giai helyen fekszik, a f\u0151 s\u00e9t\u00e1l\u00f3\u00f6vezet k\u00f6zel\u00e9ben. A szob\u00e1k ugyan egy kicsit kisebbek, de <strong>t\u00f6k\u00e9letes tisztas\u00e1gukkal \u00e9s nagyon k\u00e9nyelmes \u00e1gyaikkal t\u0171nnek ki<\/strong>. A vend\u00e9gek szerint nagy plusz a rendk\u00edv\u00fcl seg\u00edt\u0151k\u00e9sz szem\u00e9lyzet is, akik sz\u00edvesen seg\u00edtenek a v\u00e1rosban val\u00f3 eligazod\u00e1sban, \u00e9s aj\u00e1nlanak a legjobb helyi p\u00e9ks\u00e9geket a k\u00f6rny\u00e9ken. Ha t\u00f6bb lehet\u0151s\u00e9get szeretn\u00e9l felt\u00e9rk\u00e9pezni k\u00fcl\u00f6nb\u00f6z\u0151 \u00e1rkateg\u00f3ri\u00e1kban, n\u00e9zd meg a r\u00e9szletes cikk\u00fcnket, a <a href=\"https:\/\/loudavymkrokem.cz\/kde-bydlet-ve-strasburku\/\">Hol sz\u00e1llj meg Strasbourgban<\/a> c\u00edm\u0171t.<\/p>\n\n\n\n\n\n<p class=\"wp-block-paragraph\"><em>\ud83d\udca1 <a href=\"https:\/\/www.stay22.com\/allez\/roam?aid=lukaskonecny&#038;campaign=loudavymkrokemcz&#038;campaign=co-videt-ve-strasburku&#038;address=%C5%A0trasburk%2C%20Francie\" target=\"_blank\" rel=\"nofollow noopener sponsored\">Ezen a t\u00e9rk\u00e9pen \u00f6sszehasonl\u00edthatod, \u00e9pp mi szabad<\/a> \u2014 r\u00f6gt\u00f6n l\u00e1tod, mennyivel olcs\u00f3bb a sz\u00e1ll\u00e1s p\u00e1r meg\u00e1ll\u00f3val a belv\u00e1rost\u00f3l.<\/em><\/p>\n\n<h2 class=\"wp-block-heading\"><span class=\"ez-toc-section\" id=\"18_tipp_mit_lass_es_csinalj_Strasbourgban\"><\/span>18 tipp, mit l\u00e1ss \u00e9s csin\u00e1lj Strasbourgban<span class=\"ez-toc-section-end\"><\/span><\/h2>\n\n\n\n<p class=\"wp-block-paragraph\">Ak\u00e1r csak egy h\u00e9tv\u00e9g\u00e9t, ak\u00e1r egy eg\u00e9sz hetet sz\u00e1nsz a v\u00e1rosra, unatkozni biztosan nem fogsz. \u00d6ssze\u00e1ll\u00edtottam neked egy <strong>tizennyolc helyb\u0151l \u00e9s \u00e9lm\u00e9nyb\u0151l \u00e1ll\u00f3 list\u00e1t<\/strong>, amelyeket az \u00fatitervedben semmik\u00e9pp se hagyj ki. Beleraktam a legismertebb ikonikus m\u0171eml\u00e9keket \u00e9s n\u00e9h\u00e1ny nyugodtabb zugot is.<\/p>\n\n\n\n<figure data-wp-context=\"{&quot;imageId&quot;:&quot;6a9c18275ec66&quot;}\" data-wp-interactive=\"core\/image\" data-wp-key=\"6a9c18275ec66\" class=\"wp-block-image size-full wp-lightbox-container\"><img decoding=\"async\" width=\"1600\" height=\"2133\" data-wp-class--hide=\"state.isContentHidden\" data-wp-class--show=\"state.isContentVisible\" data-wp-init=\"callbacks.setButtonStyles\" data-wp-on--click=\"actions.showLightbox\" data-wp-on--load=\"callbacks.setButtonStyles\" data-wp-on--pointerdown=\"actions.preloadImage\" data-wp-on--pointerenter=\"actions.preloadImageWithDelay\" data-wp-on--pointerleave=\"actions.cancelPreload\" data-wp-on-window--resize=\"callbacks.setButtonStyles\" src=\"https:\/\/loudavymkrokem.cz\/wp-content\/uploads\/2026\/09\/cath-drale-notre-dame-de-strasbourg.jpg\" alt=\"Cath\u00e9drale Notre-Dame-de-Strasbourg\" class=\"wp-image-413168\" title=\"\" srcset=\"https:\/\/loudavymkrokem.cz\/wp-content\/uploads\/2026\/09\/cath-drale-notre-dame-de-strasbourg.jpg 1600w, https:\/\/loudavymkrokem.cz\/wp-content\/uploads\/2026\/09\/cath-drale-notre-dame-de-strasbourg-225x300.jpg 225w, https:\/\/loudavymkrokem.cz\/wp-content\/uploads\/2026\/09\/cath-drale-notre-dame-de-strasbourg-700x933.jpg 700w, https:\/\/loudavymkrokem.cz\/wp-content\/uploads\/2026\/09\/cath-drale-notre-dame-de-strasbourg-768x1024.jpg 768w, https:\/\/loudavymkrokem.cz\/wp-content\/uploads\/2026\/09\/cath-drale-notre-dame-de-strasbourg-1152x1536.jpg 1152w, https:\/\/loudavymkrokem.cz\/wp-content\/uploads\/2026\/09\/cath-drale-notre-dame-de-strasbourg-1536x2048.jpg 1536w, https:\/\/loudavymkrokem.cz\/wp-content\/uploads\/2026\/09\/cath-drale-notre-dame-de-strasbourg-696x928.jpg 696w, https:\/\/loudavymkrokem.cz\/wp-content\/uploads\/2026\/09\/cath-drale-notre-dame-de-strasbourg-1392x1856.jpg 1392w\" sizes=\"(max-width: 1600px) 100vw, 1600px\" \/><button\n\t\t\tclass=\"lightbox-trigger\"\n\t\t\ttype=\"button\"\n\t\t\taria-haspopup=\"dialog\"\n\t\t\tdata-wp-bind--aria-label=\"state.thisImage.triggerButtonAriaLabel\"\n\t\t\tdata-wp-init=\"callbacks.initTriggerButton\"\n\t\t\tdata-wp-on--click=\"actions.showLightbox\"\n\t\t\tdata-wp-style--right=\"state.thisImage.buttonRight\"\n\t\t\tdata-wp-style--top=\"state.thisImage.buttonTop\"\n\t\t>\n\t\t\t<svg xmlns=\"http:\/\/www.w3.org\/2000\/svg\" width=\"12\" height=\"12\" fill=\"none\" viewBox=\"0 0 12 12\">\n\t\t\t\t<path fill=\"#fff\" d=\"M2 0a2 2 0 0 0-2 2v2h1.5V2a.5.5 0 0 1 .5-.5h2V0H2Zm2 10.5H2a.5.5 0 0 1-.5-.5V8H0v2a2 2 0 0 0 2 2h2v-1.5ZM8 12v-1.5h2a.5.5 0 0 0 .5-.5V8H12v2a2 2 0 0 1-2 2H8Zm2-12a2 2 0 0 1 2 2v2h-1.5V2a.5.5 0 0 0-.5-.5H8V0h2Z\" \/>\n\t\t\t<\/svg>\n\t\t<\/button><figcaption class=\"wp-element-caption\">Foto: Dorien Van Der Werf \/ Google Maps<\/figcaption><\/figure>\n\n\n\n<h3 class=\"wp-block-heading\"><span class=\"ez-toc-section\" id=\"1_Cathedrale_Notre-Dame-de-Strasbourg\"><\/span>1. Cath\u00e9drale Notre-Dame-de-Strasbourg<span class=\"ez-toc-section-end\"><\/span><\/h3>\n\n\n\n<p class=\"wp-block-paragraph\">Ez a tizenharmadik sz\u00e1zadi monument\u00e1lis g\u00f3tikus katedr\u00e1lis jogosan <strong>a v\u00e1ros legl\u00e1togatottabb helye<\/strong>. Amikor el\u0151sz\u00f6r \u00e1llsz meg el\u0151tte a nem t\u00fal nagy t\u00e9ren, a r\u00f3zsasz\u00edn vog\u00e9zi homokk\u0151b\u0151l \u00e9p\u00fclt hatalmas homlokzata garant\u00e1ltan el\u00e1ll a l\u00e9legzeted. Az \u00e9p\u00fcleten mindenekel\u0151tt az aszimmetri\u00e1ja leny\u0171g\u00f6z\u0151, mert a m\u00e1sodik torony sosem \u00e9p\u00fclt fel, \u00edgy a katedr\u00e1lis \u00f6sszet\u00e9veszthetetlen k\u00fcls\u0151t kapott. \u00c9p\u00edt\u00e9se t\u00f6bb \u00e9vsz\u00e1zadig tartott, \u00e9s a k\u0151 minden centim\u00e9ter\u00e9n l\u00e1tszik az egykori mesterek hihetetlen precizit\u00e1sa.<\/p>\n\n\n\n<p class=\"wp-block-paragraph\">Bel\u00fcl egy hatalmas t\u00e9r v\u00e1r r\u00e1d, amelyet gy\u00f6ny\u00f6r\u0171 \u00fcvegablakok vil\u00e1g\u00edtanak meg, ezek k\u00f6z\u00fcl <strong>a f\u0151bej\u00e1rat feletti \u00f3ri\u00e1si r\u00f3zsaablak eg\u00e9sz Eur\u00f3pa egyik legszebbje<\/strong>. A katedr\u00e1lis f\u0151haj\u00f3j\u00e1ba a bel\u00e9p\u00e9s ingyenes, de k\u00e9sz\u00fclj fel r\u00e1, hogy a bej\u00e1ratn\u00e1l gyakran sor van a biztons\u00e1gi ellen\u0151rz\u00e9sek miatt. A sor szerencs\u00e9re el\u00e9g gyorsan halad, \u00fagyhogy ne riasszon el. Maga a bels\u0151 t\u00e9r hihetetlen\u00fcl fens\u00e9ges, \u00e9s mindenk\u00e9pp meg\u00e9ri nyugodtan, siets\u00e9g n\u00e9lk\u00fcl v\u00e9gigj\u00e1rni.<\/p>\n\n\n\n<p class=\"wp-block-paragraph\">\ud83d\udca1 Tipp: A homlokzat fot\u00f3z\u00e1s\u00e1hoz a legjobb id\u0151 a <strong>k\u00e9s\u0151 d\u00e9lut\u00e1n vagy a kora este<\/strong>, amikor a lenyugv\u00f3 nap gy\u00f6ny\u00f6r\u0171en megvil\u00e1g\u00edtja a r\u00f3zsasz\u00edn homokk\u00f6vet, \u00e9s az eg\u00e9sz \u00e9p\u00fclet csod\u00e1latos meleg \u00e1rnyalatot kap. A katedr\u00e1list k\u00f6r\u00fclvev\u0151 teret r\u00e1ad\u00e1sul t\u00f6rt\u00e9nelmi h\u00e1zak szeg\u00e9lyezik, amelyek t\u00f6k\u00e9letes fotog\u00e9nkulissz\u00e1t alkotnak. Be\u00fclhetsz az egyik k\u00f6zeli k\u00e1v\u00e9z\u00f3ba, \u00e9s csak n\u00e9zheted, ahogy a k\u0151 sz\u00edne \u00e1talakul.<\/p>\n\n\n\n<figure data-wp-context=\"{&quot;imageId&quot;:&quot;6a9c18275f1a0&quot;}\" data-wp-interactive=\"core\/image\" data-wp-key=\"6a9c18275f1a0\" class=\"wp-block-image size-full wp-lightbox-container\"><img decoding=\"async\" width=\"1171\" height=\"1560\" data-wp-class--hide=\"state.isContentHidden\" data-wp-class--show=\"state.isContentVisible\" data-wp-init=\"callbacks.setButtonStyles\" data-wp-on--click=\"actions.showLightbox\" data-wp-on--load=\"callbacks.setButtonStyles\" data-wp-on--pointerdown=\"actions.preloadImage\" data-wp-on--pointerenter=\"actions.preloadImageWithDelay\" data-wp-on--pointerleave=\"actions.cancelPreload\" data-wp-on-window--resize=\"callbacks.setButtonStyles\" src=\"https:\/\/loudavymkrokem.cz\/wp-content\/uploads\/2026\/09\/astronomick-hodiny-ze-estn-ct-ho-stolet.jpg\" alt=\"Tizenhatodik sz\u00e1zadi csillag\u00e1szati \u00f3ra\" class=\"wp-image-413172\" title=\"\" srcset=\"https:\/\/loudavymkrokem.cz\/wp-content\/uploads\/2026\/09\/astronomick-hodiny-ze-estn-ct-ho-stolet.jpg 1171w, https:\/\/loudavymkrokem.cz\/wp-content\/uploads\/2026\/09\/astronomick-hodiny-ze-estn-ct-ho-stolet-225x300.jpg 225w, https:\/\/loudavymkrokem.cz\/wp-content\/uploads\/2026\/09\/astronomick-hodiny-ze-estn-ct-ho-stolet-700x933.jpg 700w, https:\/\/loudavymkrokem.cz\/wp-content\/uploads\/2026\/09\/astronomick-hodiny-ze-estn-ct-ho-stolet-768x1023.jpg 768w, https:\/\/loudavymkrokem.cz\/wp-content\/uploads\/2026\/09\/astronomick-hodiny-ze-estn-ct-ho-stolet-1153x1536.jpg 1153w, https:\/\/loudavymkrokem.cz\/wp-content\/uploads\/2026\/09\/astronomick-hodiny-ze-estn-ct-ho-stolet-696x927.jpg 696w\" sizes=\"(max-width: 1171px) 100vw, 1171px\" \/><button\n\t\t\tclass=\"lightbox-trigger\"\n\t\t\ttype=\"button\"\n\t\t\taria-haspopup=\"dialog\"\n\t\t\tdata-wp-bind--aria-label=\"state.thisImage.triggerButtonAriaLabel\"\n\t\t\tdata-wp-init=\"callbacks.initTriggerButton\"\n\t\t\tdata-wp-on--click=\"actions.showLightbox\"\n\t\t\tdata-wp-style--right=\"state.thisImage.buttonRight\"\n\t\t\tdata-wp-style--top=\"state.thisImage.buttonTop\"\n\t\t>\n\t\t\t<svg xmlns=\"http:\/\/www.w3.org\/2000\/svg\" width=\"12\" height=\"12\" fill=\"none\" viewBox=\"0 0 12 12\">\n\t\t\t\t<path fill=\"#fff\" d=\"M2 0a2 2 0 0 0-2 2v2h1.5V2a.5.5 0 0 1 .5-.5h2V0H2Zm2 10.5H2a.5.5 0 0 1-.5-.5V8H0v2a2 2 0 0 0 2 2h2v-1.5ZM8 12v-1.5h2a.5.5 0 0 0 .5-.5V8H12v2a2 2 0 0 1-2 2H8Zm2-12a2 2 0 0 1 2 2v2h-1.5V2a.5.5 0 0 0-.5-.5H8V0h2Z\" \/>\n\t\t\t<\/svg>\n\t\t<\/button><figcaption class=\"wp-element-caption\">Foto: H \/ Google Maps<\/figcaption><\/figure>\n\n\n\n<h3 class=\"wp-block-heading\"><span class=\"ez-toc-section\" id=\"2_Tizenhatodik_szazadi_csillagaszati_ora\"><\/span>2. Tizenhatodik sz\u00e1zadi csillag\u00e1szati \u00f3ra<span class=\"ez-toc-section-end\"><\/span><\/h3>\n\n\n\n<p class=\"wp-block-paragraph\">Egyenesen a katedr\u00e1lis belsej\u00e9ben rejt\u0151zik egy technikai \u00e9s m\u0171v\u00e9szi csoda, a <strong>renesz\u00e1nsz csillag\u00e1szati \u00f3ra<\/strong>. Ez a bonyolult szerkezet a tizenhatodik sz\u00e1zadb\u00f3l sz\u00e1rmazik, \u00e9s nemcsak a pontos id\u0151t mutatja, hanem a nap \u00e9s a hold helyzet\u00e9t, valamint az aktu\u00e1lis \u00e1llat\u00f6vi jegyet is. A farag\u00f3munka r\u00e9szletei \u00e9s precizit\u00e1sa mag\u00e1n az \u00f3raszekr\u00e9nyen k\u00f6zelr\u0151l hihetetlenek, \u00e9s bizony\u00edtj\u00e1k az egykori matematikusok \u00e9s k\u00e9zm\u0171vesek \u00f3ri\u00e1si tud\u00e1s\u00e1t.<\/p>\n\n\n\n<p class=\"wp-block-paragraph\">A f\u0151 el\u0151ad\u00e1s minden nap pontosan d\u00e9lut\u00e1n f\u00e9l egykor zajlik, amikor <strong>elindul a mozg\u00f3 alakok bonyolult felvonul\u00e1sa<\/strong>. L\u00e1thatod a Krisztus el\u0151tt elvonul\u00f3 apostolokat \u00e9s az emberi \u00e9let k\u00fcl\u00f6nb\u00f6z\u0151 szakaszait a gyermekkort\u00f3l a hal\u00e1lig, amelyek szimbolikusan m\u00e9rik a m\u00fal\u00f3 id\u0151t. Erre a n\u00e9pszer\u0171 d\u00e9li show-ra egy kis bel\u00e9p\u0151t kell fizetni, a jegyeket a d\u00e9li port\u00e1ln\u00e1l \u00e1rus\u00edtj\u00e1k, \u00e9s nagyon aj\u00e1nlott el\u0151re \u00e9rkezni, hogy egy\u00e1ltal\u00e1n legyen valamif\u00e9le r\u00e1l\u00e1t\u00e1sod.<\/p>\n\n\n\n<p class=\"wp-block-paragraph\">M\u00e9g ha a d\u00e9li el\u0151ad\u00e1st le is k\u00e9sed, az \u00f3r\u00e1t b\u00e1rmikor \u00e9rdemes megn\u00e9zni. A figur\u00e1k kisebb mozg\u00e1sai negyed\u00f3r\u00e1nk\u00e9nt lezajlanak, \u00e9s az eg\u00e9sz szerkezet r\u00e1ad\u00e1sul gy\u00f6ny\u00f6r\u0171en meg van vil\u00e1g\u00edtva, \u00fagyhogy az \u00e9lm\u00e9nyr\u0151l biztosan nem maradsz le.<\/p>\n\n\n\n<figure data-wp-context=\"{&quot;imageId&quot;:&quot;6a9c18275f65f&quot;}\" data-wp-interactive=\"core\/image\" data-wp-key=\"6a9c18275f65f\" class=\"wp-block-image size-full wp-lightbox-container\"><img decoding=\"async\" width=\"1080\" height=\"1397\" data-wp-class--hide=\"state.isContentHidden\" data-wp-class--show=\"state.isContentVisible\" data-wp-init=\"callbacks.setButtonStyles\" data-wp-on--click=\"actions.showLightbox\" data-wp-on--load=\"callbacks.setButtonStyles\" data-wp-on--pointerdown=\"actions.preloadImage\" data-wp-on--pointerenter=\"actions.preloadImageWithDelay\" data-wp-on--pointerleave=\"actions.cancelPreload\" data-wp-on-window--resize=\"callbacks.setButtonStyles\" src=\"https:\/\/loudavymkrokem.cz\/wp-content\/uploads\/2026\/09\/swap-412754-3-f43292b7.jpg\" alt=\"Kil\u00e1t\u00e1s a strasbourgi katedr\u00e1lis terasz\u00e1r\u00f3l\" class=\"wp-image-413447\" title=\"\" srcset=\"https:\/\/loudavymkrokem.cz\/wp-content\/uploads\/2026\/09\/swap-412754-3-f43292b7.jpg 1080w, https:\/\/loudavymkrokem.cz\/wp-content\/uploads\/2026\/09\/swap-412754-3-f43292b7-232x300.jpg 232w, https:\/\/loudavymkrokem.cz\/wp-content\/uploads\/2026\/09\/swap-412754-3-f43292b7-700x905.jpg 700w, https:\/\/loudavymkrokem.cz\/wp-content\/uploads\/2026\/09\/swap-412754-3-f43292b7-768x993.jpg 768w, https:\/\/loudavymkrokem.cz\/wp-content\/uploads\/2026\/09\/swap-412754-3-f43292b7-696x900.jpg 696w\" sizes=\"(max-width: 1080px) 100vw, 1080px\" \/><button\n\t\t\tclass=\"lightbox-trigger\"\n\t\t\ttype=\"button\"\n\t\t\taria-haspopup=\"dialog\"\n\t\t\tdata-wp-bind--aria-label=\"state.thisImage.triggerButtonAriaLabel\"\n\t\t\tdata-wp-init=\"callbacks.initTriggerButton\"\n\t\t\tdata-wp-on--click=\"actions.showLightbox\"\n\t\t\tdata-wp-style--right=\"state.thisImage.buttonRight\"\n\t\t\tdata-wp-style--top=\"state.thisImage.buttonTop\"\n\t\t>\n\t\t\t<svg xmlns=\"http:\/\/www.w3.org\/2000\/svg\" width=\"12\" height=\"12\" fill=\"none\" viewBox=\"0 0 12 12\">\n\t\t\t\t<path fill=\"#fff\" d=\"M2 0a2 2 0 0 0-2 2v2h1.5V2a.5.5 0 0 1 .5-.5h2V0H2Zm2 10.5H2a.5.5 0 0 1-.5-.5V8H0v2a2 2 0 0 0 2 2h2v-1.5ZM8 12v-1.5h2a.5.5 0 0 0 .5-.5V8H12v2a2 2 0 0 1-2 2H8Zm2-12a2 2 0 0 1 2 2v2h-1.5V2a.5.5 0 0 0-.5-.5H8V0h2Z\" \/>\n\t\t\t<\/svg>\n\t\t<\/button><figcaption class=\"wp-element-caption\">Foto: Lydia Bogdanovic \/ Google Maps<\/figcaption><\/figure>\n\n\n\n<h3 class=\"wp-block-heading\"><span class=\"ez-toc-section\" id=\"3_Feljutas_a_katedralis_kilatoteraszara\"><\/span>3. Feljut\u00e1s a katedr\u00e1lis kil\u00e1t\u00f3terasz\u00e1ra<span class=\"ez-toc-section-end\"><\/span><\/h3>\n\n\n\n<p class=\"wp-block-paragraph\">Ha nem szenvedsz t\u00e9riszonyt\u00f3l, \u00e9s legal\u00e1bb egy kicsit rendben van a fizikai \u00e1llapotod, <strong>semmik\u00e9pp se hagyd ki a feljut\u00e1st a kil\u00e1t\u00f3teraszra<\/strong>. Tekint\u00e9lyes hatvanhat m\u00e9teres magass\u00e1gban tal\u00e1lhat\u00f3, \u00e9s felfel\u00e9 h\u00e1romsz\u00e1zharminck\u00e9t meglehet\u0151sen sz\u0171k csigal\u00e9pcs\u0151 vezet. A jegyeket a f\u0151bej\u00e1ratt\u00f3l jobbra l\u00e9v\u0151 kis h\u00e1zik\u00f3ban veheted meg, felfel\u00e9 pedig egyszerre csak korl\u00e1tozott sz\u00e1m\u00fa embert engednek, \u00fagyhogy egy kis v\u00e1rakoz\u00e1st\u00f3l ne tarts.<\/p>\n\n\n\n<p class=\"wp-block-paragraph\">Az \u00e1tizzadt p\u00f3l\u00f3 jutalma egy <strong>abszol\u00fat fantasztikus panor\u00e1makil\u00e1t\u00e1s lesz az eg\u00e9sz v\u00e1rosra<\/strong>. L\u00e1tni fogod a t\u00f6rt\u00e9nelmi h\u00e1zak tet\u0151it, a csatorn\u00e1k bonyolult h\u00e1l\u00f3zat\u00e1t, tiszta id\u0151ben pedig eg\u00e9szen a Vog\u00e9zekig ell\u00e1tsz a francia oldalon \u00e9s a s\u00f6t\u00e9t Fekete-erd\u0151ig a n\u00e9met oldalon. Ez a legjobb m\u00f3dja annak, hogy meg\u00e9rtsd a v\u00e1ros teljes elrendez\u00e9s\u00e9t, \u00e9s r\u00e1j\u00f6jj, hol vannak a leg\u00e9rdekesebb negyedek.<\/p>\n\n\n\n<p class=\"wp-block-paragraph\">\ud83d\udca1 Tipp: A feljut\u00e1st t\u00e9nyleg nem aj\u00e1nlom klausztrof\u00f3bi\u00e1soknak, mert <strong>a l\u00e9pcs\u0151 helyenk\u00e9nt nagyon sz\u0171k, \u00e9s nem k\u00f6nny\u0171 kit\u00e9rni a t\u00f6bbi l\u00e1togat\u00f3 el\u0151l<\/strong>. Fent a teraszon viszont szerencs\u00e9re van el\u00e9g hely a pihen\u00e9shez \u00e9s a legszebb, mad\u00e1rt\u00e1vlati fot\u00f3k elk\u00e9sz\u00edt\u00e9s\u00e9hez.<\/p>\n\n\n\n<figure data-wp-context=\"{&quot;imageId&quot;:&quot;6a9c18275faa4&quot;}\" data-wp-interactive=\"core\/image\" data-wp-key=\"6a9c18275faa4\" class=\"wp-block-image size-full wp-lightbox-container\"><img decoding=\"async\" width=\"1600\" height=\"2133\" data-wp-class--hide=\"state.isContentHidden\" data-wp-class--show=\"state.isContentVisible\" data-wp-init=\"callbacks.setButtonStyles\" data-wp-on--click=\"actions.showLightbox\" data-wp-on--load=\"callbacks.setButtonStyles\" data-wp-on--pointerdown=\"actions.preloadImage\" data-wp-on--pointerenter=\"actions.preloadImageWithDelay\" data-wp-on--pointerleave=\"actions.cancelPreload\" data-wp-on-window--resize=\"callbacks.setButtonStyles\" src=\"https:\/\/loudavymkrokem.cz\/wp-content\/uploads\/2026\/09\/petite-france.jpg\" alt=\"Petite France\" class=\"wp-image-413182\" title=\"\" srcset=\"https:\/\/loudavymkrokem.cz\/wp-content\/uploads\/2026\/09\/petite-france.jpg 1600w, https:\/\/loudavymkrokem.cz\/wp-content\/uploads\/2026\/09\/petite-france-225x300.jpg 225w, https:\/\/loudavymkrokem.cz\/wp-content\/uploads\/2026\/09\/petite-france-700x933.jpg 700w, https:\/\/loudavymkrokem.cz\/wp-content\/uploads\/2026\/09\/petite-france-768x1024.jpg 768w, https:\/\/loudavymkrokem.cz\/wp-content\/uploads\/2026\/09\/petite-france-1152x1536.jpg 1152w, https:\/\/loudavymkrokem.cz\/wp-content\/uploads\/2026\/09\/petite-france-1536x2048.jpg 1536w, https:\/\/loudavymkrokem.cz\/wp-content\/uploads\/2026\/09\/petite-france-696x928.jpg 696w, https:\/\/loudavymkrokem.cz\/wp-content\/uploads\/2026\/09\/petite-france-1392x1856.jpg 1392w\" sizes=\"(max-width: 1600px) 100vw, 1600px\" \/><button\n\t\t\tclass=\"lightbox-trigger\"\n\t\t\ttype=\"button\"\n\t\t\taria-haspopup=\"dialog\"\n\t\t\tdata-wp-bind--aria-label=\"state.thisImage.triggerButtonAriaLabel\"\n\t\t\tdata-wp-init=\"callbacks.initTriggerButton\"\n\t\t\tdata-wp-on--click=\"actions.showLightbox\"\n\t\t\tdata-wp-style--right=\"state.thisImage.buttonRight\"\n\t\t\tdata-wp-style--top=\"state.thisImage.buttonTop\"\n\t\t>\n\t\t\t<svg xmlns=\"http:\/\/www.w3.org\/2000\/svg\" width=\"12\" height=\"12\" fill=\"none\" viewBox=\"0 0 12 12\">\n\t\t\t\t<path fill=\"#fff\" d=\"M2 0a2 2 0 0 0-2 2v2h1.5V2a.5.5 0 0 1 .5-.5h2V0H2Zm2 10.5H2a.5.5 0 0 1-.5-.5V8H0v2a2 2 0 0 0 2 2h2v-1.5ZM8 12v-1.5h2a.5.5 0 0 0 .5-.5V8H12v2a2 2 0 0 1-2 2H8Zm2-12a2 2 0 0 1 2 2v2h-1.5V2a.5.5 0 0 0-.5-.5H8V0h2Z\" \/>\n\t\t\t<\/svg>\n\t\t<\/button><figcaption class=\"wp-element-caption\">Foto: Zulfikar CEKIC \/ Google Maps<\/figcaption><\/figure>\n\n\n\n<h3 class=\"wp-block-heading\"><span class=\"ez-toc-section\" id=\"4_Petite_France\"><\/span>4. Petite France<span class=\"ez-toc-section-end\"><\/span><\/h3>\n\n\n\n<p class=\"wp-block-paragraph\">A v\u00e1ros legfotog\u00e9nebb \u00e9s k\u00e9ts\u00e9gtelen\u00fcl legromantikusabb negyede a h\u00edres Petite France. R\u00e9gen f\u0151leg t\u00edm\u00e1rok, moln\u00e1rok \u00e9s hal\u00e1szok \u00e9ltek \u00e9s dolgoztak itt, akiknek a megterhel\u0151 munk\u00e1jukhoz k\u00f6zvetlen hozz\u00e1f\u00e9r\u00e9sre volt sz\u00fcks\u00e9g\u00fck a foly\u00f3v\u00edzhez. Ma ez egy <strong>gy\u00f6ny\u00f6r\u0171, keskeny csatornah\u00e1l\u00f3zat, amelyet t\u00f6k\u00e9letesen meg\u0151rz\u00f6tt fav\u00e1zas h\u00e1zak szeg\u00e9lyeznek<\/strong>, jellegzetes ferde tet\u0151kkel, amelyek alatt egykor \u00e1llatb\u0151r\u00f6ket sz\u00e1r\u00edtottak.<\/p>\n\n\n\n<p class=\"wp-block-paragraph\">A legjobb m\u00f3dja annak, hogy \u00e9lvezd ezt a t\u00f6rt\u00e9nelmi negyedet, az, hogy <strong>egyszer\u0171en siets\u00e9g n\u00e9lk\u00fcl elveszel az utc\u00e1csk\u00e1iban<\/strong>. Rengeteg kis boltra, k\u00e9zm\u0171ves p\u00e9ks\u00e9gre \u00e9s otthonos k\u00e1v\u00e9z\u00f3ra bukkansz, ahol meg\u00e1llhatsz egy k\u00e1v\u00e9ra, \u00e9s n\u00e9zheted az elhalad\u00f3 kir\u00e1ndul\u00f3haj\u00f3kat. A ny\u00e1ri h\u00f3napokban r\u00e1ad\u00e1sul minden ablakot \u00e9s hidat elbor\u00edt a sz\u00ednes musk\u00e1tlik t\u00f6mege, ami teljesen mesebeli kulissz\u00e1t teremt.<\/p>\n\n\n\n<p class=\"wp-block-paragraph\">B\u00e1r ez a v\u00e1ros turisztikailag legkiterheltebb r\u00e9sze, m\u00e9g mindig hatalmas var\u00e1zst \u0151riz. <strong>Pr\u00f3b\u00e1lj meg nagyon kor\u00e1n reggel idej\u00f6nni, miel\u0151tt az utc\u00e1k megtelnek emberekkel<\/strong>, \u00e9s \u00e1t\u00e9led az igazi, nyugodt elz\u00e1szi hangulatot, amikor a csatorn\u00e1k mozdulatlan viz\u00e9n a r\u00e9gi t\u00f6rt\u00e9nelmi homlokzatok t\u00fckr\u00f6z\u0151dnek.<\/p>\n\n\n\n<figure data-wp-context=\"{&quot;imageId&quot;:&quot;6a9c18275fedf&quot;}\" data-wp-interactive=\"core\/image\" data-wp-key=\"6a9c18275fedf\" class=\"wp-block-image size-full wp-lightbox-container\"><img decoding=\"async\" width=\"1600\" height=\"1200\" data-wp-class--hide=\"state.isContentHidden\" data-wp-class--show=\"state.isContentVisible\" data-wp-init=\"callbacks.setButtonStyles\" data-wp-on--click=\"actions.showLightbox\" data-wp-on--load=\"callbacks.setButtonStyles\" data-wp-on--pointerdown=\"actions.preloadImage\" data-wp-on--pointerenter=\"actions.preloadImageWithDelay\" data-wp-on--pointerleave=\"actions.cancelPreload\" data-wp-on-window--resize=\"callbacks.setButtonStyles\" src=\"https:\/\/loudavymkrokem.cz\/wp-content\/uploads\/2026\/09\/ponts-couverts-de-strasbourg.jpg\" alt=\"Ponts Couverts de Strasbourg\" class=\"wp-image-413186\" title=\"\" srcset=\"https:\/\/loudavymkrokem.cz\/wp-content\/uploads\/2026\/09\/ponts-couverts-de-strasbourg.jpg 1600w, https:\/\/loudavymkrokem.cz\/wp-content\/uploads\/2026\/09\/ponts-couverts-de-strasbourg-300x225.jpg 300w, https:\/\/loudavymkrokem.cz\/wp-content\/uploads\/2026\/09\/ponts-couverts-de-strasbourg-700x525.jpg 700w, https:\/\/loudavymkrokem.cz\/wp-content\/uploads\/2026\/09\/ponts-couverts-de-strasbourg-768x576.jpg 768w, https:\/\/loudavymkrokem.cz\/wp-content\/uploads\/2026\/09\/ponts-couverts-de-strasbourg-1536x1152.jpg 1536w, https:\/\/loudavymkrokem.cz\/wp-content\/uploads\/2026\/09\/ponts-couverts-de-strasbourg-80x60.jpg 80w, https:\/\/loudavymkrokem.cz\/wp-content\/uploads\/2026\/09\/ponts-couverts-de-strasbourg-160x120.jpg 160w, https:\/\/loudavymkrokem.cz\/wp-content\/uploads\/2026\/09\/ponts-couverts-de-strasbourg-696x522.jpg 696w, https:\/\/loudavymkrokem.cz\/wp-content\/uploads\/2026\/09\/ponts-couverts-de-strasbourg-1392x1044.jpg 1392w\" sizes=\"(max-width: 1600px) 100vw, 1600px\" \/><button\n\t\t\tclass=\"lightbox-trigger\"\n\t\t\ttype=\"button\"\n\t\t\taria-haspopup=\"dialog\"\n\t\t\tdata-wp-bind--aria-label=\"state.thisImage.triggerButtonAriaLabel\"\n\t\t\tdata-wp-init=\"callbacks.initTriggerButton\"\n\t\t\tdata-wp-on--click=\"actions.showLightbox\"\n\t\t\tdata-wp-style--right=\"state.thisImage.buttonRight\"\n\t\t\tdata-wp-style--top=\"state.thisImage.buttonTop\"\n\t\t>\n\t\t\t<svg xmlns=\"http:\/\/www.w3.org\/2000\/svg\" width=\"12\" height=\"12\" fill=\"none\" viewBox=\"0 0 12 12\">\n\t\t\t\t<path fill=\"#fff\" d=\"M2 0a2 2 0 0 0-2 2v2h1.5V2a.5.5 0 0 1 .5-.5h2V0H2Zm2 10.5H2a.5.5 0 0 1-.5-.5V8H0v2a2 2 0 0 0 2 2h2v-1.5ZM8 12v-1.5h2a.5.5 0 0 0 .5-.5V8H12v2a2 2 0 0 1-2 2H8Zm2-12a2 2 0 0 1 2 2v2h-1.5V2a.5.5 0 0 0-.5-.5H8V0h2Z\" \/>\n\t\t\t<\/svg>\n\t\t<\/button><figcaption class=\"wp-element-caption\">Foto: Lukas PL \/ Google Maps<\/figcaption><\/figure>\n\n\n\n<h3 class=\"wp-block-heading\"><span class=\"ez-toc-section\" id=\"5_Ponts_Couverts_de_Strasbourg\"><\/span>5. Ponts Couverts de Strasbourg<span class=\"ez-toc-section-end\"><\/span><\/h3>\n\n\n\n<p class=\"wp-block-paragraph\">R\u00f6gt\u00f6n a fest\u0151i Petite France negyed perem\u00e9n egy k\u00f6z\u00e9pkori er\u0151d\u00edtm\u00e9ny impoz\u00e1ns maradv\u00e1nyaira bukkansz, amit Ponts Couverts-nek neveznek. Eredetileg h\u00e1rom h\u00edd \u00e9s n\u00e9gy v\u00e9d\u0151torony lelem\u00e9nyes rendszere volt a tizenharmadik sz\u00e1zadb\u00f3l, amelyek <strong>a v\u00e1rost v\u00e9dt\u00e9k a foly\u00f3 fel\u0151l \u00e9rkez\u0151 ellens\u00e9ges t\u00e1mad\u00e1sokt\u00f3l<\/strong>. B\u00e1r a hidak r\u00e9gen elvesztett\u00e9k eredeti fatet\u0151iket, a fedett hidak n\u00e9v sok turista meglepet\u00e9s\u00e9re a mai napig megmaradt.<\/p>\n\n\n\n<p class=\"wp-block-paragraph\">A k\u0151hidakon val\u00f3 s\u00e9ta gy\u00f6ny\u00f6r\u0171 kil\u00e1t\u00e1st k\u00edn\u00e1l a v\u00edzfel\u00fcletre \u00e9s m\u00e9lyen az \u00f3v\u00e1rosra. <strong>A n\u00e9gy hatalmas, n\u00e9gyzet alaprajz\u00fa torony igaz\u00e1n fens\u00e9gesen hat<\/strong>, \u00e9s remek\u00fcl kieg\u00e9sz\u00edti Strasbourg e r\u00e9sz\u00e9nek nyersebb t\u00f6rt\u00e9nelmi jelleg\u00e9t. Az eg\u00e9sz komplexum r\u00e1ad\u00e1sul \u00e9jszaka nagyon \u00edzl\u00e9sesen \u00e9s dr\u00e1maian meg van vil\u00e1g\u00edtva, \u00fagyhogy az esti s\u00e9t\u00e1nak megvan a maga \u00f6sszet\u00e9veszthetetlen, kiss\u00e9 titokzatos var\u00e1zsa.<\/p>\n\n\n\n<p class=\"wp-block-paragraph\">A k\u00f6rny\u00e9ken mozogva rengeteg gy\u00f6ny\u00f6r\u0171 zugra \u00e9s rejtett padra bukkansz, ahol megpihenhetsz. A hidak k\u00f6rny\u00e9k\u00e9t sz\u00e9pen ben\u0151tte a z\u00f6ld \u00e9s a magasra n\u0151tt f\u00e1k, \u00fagyhogy a forr\u00f3 ny\u00e1rban legal\u00e1bb nem forr fel az agyad pihen\u00e9s k\u00f6zben.<\/p>\n\n\n\n<figure data-wp-context=\"{&quot;imageId&quot;:&quot;6a9c1827603fb&quot;}\" data-wp-interactive=\"core\/image\" data-wp-key=\"6a9c1827603fb\" class=\"wp-block-image size-full wp-lightbox-container\"><img decoding=\"async\" width=\"1600\" height=\"1200\" data-wp-class--hide=\"state.isContentHidden\" data-wp-class--show=\"state.isContentVisible\" data-wp-init=\"callbacks.setButtonStyles\" data-wp-on--click=\"actions.showLightbox\" data-wp-on--load=\"callbacks.setButtonStyles\" data-wp-on--pointerdown=\"actions.preloadImage\" data-wp-on--pointerenter=\"actions.preloadImageWithDelay\" data-wp-on--pointerleave=\"actions.cancelPreload\" data-wp-on-window--resize=\"callbacks.setButtonStyles\" src=\"https:\/\/loudavymkrokem.cz\/wp-content\/uploads\/2026\/09\/barrage-vauban.jpg\" alt=\"Barrage Vauban\" class=\"wp-image-413191\" title=\"\" srcset=\"https:\/\/loudavymkrokem.cz\/wp-content\/uploads\/2026\/09\/barrage-vauban.jpg 1600w, https:\/\/loudavymkrokem.cz\/wp-content\/uploads\/2026\/09\/barrage-vauban-300x225.jpg 300w, https:\/\/loudavymkrokem.cz\/wp-content\/uploads\/2026\/09\/barrage-vauban-700x525.jpg 700w, https:\/\/loudavymkrokem.cz\/wp-content\/uploads\/2026\/09\/barrage-vauban-768x576.jpg 768w, https:\/\/loudavymkrokem.cz\/wp-content\/uploads\/2026\/09\/barrage-vauban-1536x1152.jpg 1536w, https:\/\/loudavymkrokem.cz\/wp-content\/uploads\/2026\/09\/barrage-vauban-80x60.jpg 80w, https:\/\/loudavymkrokem.cz\/wp-content\/uploads\/2026\/09\/barrage-vauban-160x120.jpg 160w, https:\/\/loudavymkrokem.cz\/wp-content\/uploads\/2026\/09\/barrage-vauban-696x522.jpg 696w, https:\/\/loudavymkrokem.cz\/wp-content\/uploads\/2026\/09\/barrage-vauban-1392x1044.jpg 1392w\" sizes=\"(max-width: 1600px) 100vw, 1600px\" \/><button\n\t\t\tclass=\"lightbox-trigger\"\n\t\t\ttype=\"button\"\n\t\t\taria-haspopup=\"dialog\"\n\t\t\tdata-wp-bind--aria-label=\"state.thisImage.triggerButtonAriaLabel\"\n\t\t\tdata-wp-init=\"callbacks.initTriggerButton\"\n\t\t\tdata-wp-on--click=\"actions.showLightbox\"\n\t\t\tdata-wp-style--right=\"state.thisImage.buttonRight\"\n\t\t\tdata-wp-style--top=\"state.thisImage.buttonTop\"\n\t\t>\n\t\t\t<svg xmlns=\"http:\/\/www.w3.org\/2000\/svg\" width=\"12\" height=\"12\" fill=\"none\" viewBox=\"0 0 12 12\">\n\t\t\t\t<path fill=\"#fff\" d=\"M2 0a2 2 0 0 0-2 2v2h1.5V2a.5.5 0 0 1 .5-.5h2V0H2Zm2 10.5H2a.5.5 0 0 1-.5-.5V8H0v2a2 2 0 0 0 2 2h2v-1.5ZM8 12v-1.5h2a.5.5 0 0 0 .5-.5V8H12v2a2 2 0 0 1-2 2H8Zm2-12a2 2 0 0 1 2 2v2h-1.5V2a.5.5 0 0 0-.5-.5H8V0h2Z\" \/>\n\t\t\t<\/svg>\n\t\t<\/button><figcaption class=\"wp-element-caption\">Foto: cyril L. \/ Google Maps<\/figcaption><\/figure>\n\n\n\n<h3 class=\"wp-block-heading\"><span class=\"ez-toc-section\" id=\"6_Barrage_Vauban\"><\/span>6. Barrage Vauban<span class=\"ez-toc-section-end\"><\/span><\/h3>\n\n\n\n<p class=\"wp-block-paragraph\">Ha Strasbourg t\u00f6k\u00e9letes fot\u00f3j\u00e1hoz a lehet\u0151 legjobb helyet keresed, a Barrage Vaubanhoz kell menned. Ez a r\u00f3zsasz\u00edn homokk\u0151b\u0151l \u00e9p\u00fclt hatalmas g\u00e1t \u00e9s h\u00edd egyben a tizenhetedik sz\u00e1zadban \u00e9p\u00fclt a h\u00edres katonai m\u00e9rn\u00f6k, Vauban tervei alapj\u00e1n. <strong>F\u0151 c\u00e9lja az volt, hogy vesz\u00e9ly eset\u00e9n el\u00e1rassza a v\u00e1ros d\u00e9li r\u00e9sz\u00e9t<\/strong>, \u00e9s \u00edgy megakad\u00e1lyozza az ellens\u00e9ges csapatok el\u0151renyomul\u00e1s\u00e1t mag\u00e1ba a belv\u00e1rosba.<\/p>\n\n\n\n<p class=\"wp-block-paragraph\">Ma bel\u00fcl egy szobrokb\u00f3l \u00e9s a katedr\u00e1lisb\u00f3l megmentett v\u00edzk\u00f6p\u0151kb\u0151l \u00e1ll\u00f3 gal\u00e9ria rejt\u0151zik. Ez ugyan \u00e9rdekes, de valljuk be, a tet\u0151 miatt j\u00f6tt\u00e9l ide. <strong>A t\u00e1gas teraszon ugyanis egy kil\u00e1t\u00f3terasz tal\u00e1lhat\u00f3, ahov\u00e1 a bel\u00e9p\u00e9s mindenkinek teljesen ingyenes<\/strong>. \u00c9pp innen ny\u00edlik a legh\u00edresebb, ikonikus kil\u00e1t\u00e1s a Ponts Couverts tornyaira, a fav\u00e1zas Petite France negyedre \u00e9s a fens\u00e9ges katedr\u00e1listoronyra a h\u00e1tt\u00e9rben.<\/p>\n\n\n\n<p class=\"wp-block-paragraph\">\ud83d\udca1 Tipp: A kil\u00e1t\u00f3teraszra a bejut\u00e1s \u00e1ltal\u00e1ban l\u00e9pcs\u0151k\u00f6n kereszt\u00fcl van megoldva, de <strong>az \u00e9p\u00fcletben lift is rendelkez\u00e9sre \u00e1ll<\/strong>, \u00fagyhogy felfel\u00e9 k\u00e9nyelmesen feljutnak a babakocsis csal\u00e1dok vagy a cs\u00f6kkent mozg\u00e1sk\u00e9pess\u00e9g\u0171 utaz\u00f3k is. A teraszt \u00e9jszak\u00e1ra biztons\u00e1gi okokb\u00f3l bez\u00e1rj\u00e1k, ez\u00e9rt el\u0151re ellen\u0151rizd az aktu\u00e1lis nyitvatart\u00e1st.<\/p>\n\n\n\n<figure data-wp-context=\"{&quot;imageId&quot;:&quot;6a9c1827608da&quot;}\" data-wp-interactive=\"core\/image\" data-wp-key=\"6a9c1827608da\" class=\"wp-block-image size-full wp-lightbox-container\"><img decoding=\"async\" width=\"1600\" height=\"1200\" data-wp-class--hide=\"state.isContentHidden\" data-wp-class--show=\"state.isContentVisible\" data-wp-init=\"callbacks.setButtonStyles\" data-wp-on--click=\"actions.showLightbox\" data-wp-on--load=\"callbacks.setButtonStyles\" data-wp-on--pointerdown=\"actions.preloadImage\" data-wp-on--pointerenter=\"actions.preloadImageWithDelay\" data-wp-on--pointerleave=\"actions.cancelPreload\" data-wp-on-window--resize=\"callbacks.setButtonStyles\" src=\"https:\/\/loudavymkrokem.cz\/wp-content\/uploads\/2026\/09\/swap-412754-7-b98b2d6c.jpg\" alt=\"Batorama s\u00e9tahaj\u00f3z\u00e1s Strasbourgban\" class=\"wp-image-413433\" title=\"\" srcset=\"https:\/\/loudavymkrokem.cz\/wp-content\/uploads\/2026\/09\/swap-412754-7-b98b2d6c.jpg 1600w, https:\/\/loudavymkrokem.cz\/wp-content\/uploads\/2026\/09\/swap-412754-7-b98b2d6c-300x225.jpg 300w, https:\/\/loudavymkrokem.cz\/wp-content\/uploads\/2026\/09\/swap-412754-7-b98b2d6c-700x525.jpg 700w, https:\/\/loudavymkrokem.cz\/wp-content\/uploads\/2026\/09\/swap-412754-7-b98b2d6c-768x576.jpg 768w, https:\/\/loudavymkrokem.cz\/wp-content\/uploads\/2026\/09\/swap-412754-7-b98b2d6c-1536x1152.jpg 1536w, https:\/\/loudavymkrokem.cz\/wp-content\/uploads\/2026\/09\/swap-412754-7-b98b2d6c-80x60.jpg 80w, https:\/\/loudavymkrokem.cz\/wp-content\/uploads\/2026\/09\/swap-412754-7-b98b2d6c-160x120.jpg 160w, https:\/\/loudavymkrokem.cz\/wp-content\/uploads\/2026\/09\/swap-412754-7-b98b2d6c-696x522.jpg 696w, https:\/\/loudavymkrokem.cz\/wp-content\/uploads\/2026\/09\/swap-412754-7-b98b2d6c-1392x1044.jpg 1392w\" sizes=\"(max-width: 1600px) 100vw, 1600px\" \/><button\n\t\t\tclass=\"lightbox-trigger\"\n\t\t\ttype=\"button\"\n\t\t\taria-haspopup=\"dialog\"\n\t\t\tdata-wp-bind--aria-label=\"state.thisImage.triggerButtonAriaLabel\"\n\t\t\tdata-wp-init=\"callbacks.initTriggerButton\"\n\t\t\tdata-wp-on--click=\"actions.showLightbox\"\n\t\t\tdata-wp-style--right=\"state.thisImage.buttonRight\"\n\t\t\tdata-wp-style--top=\"state.thisImage.buttonTop\"\n\t\t>\n\t\t\t<svg xmlns=\"http:\/\/www.w3.org\/2000\/svg\" width=\"12\" height=\"12\" fill=\"none\" viewBox=\"0 0 12 12\">\n\t\t\t\t<path fill=\"#fff\" d=\"M2 0a2 2 0 0 0-2 2v2h1.5V2a.5.5 0 0 1 .5-.5h2V0H2Zm2 10.5H2a.5.5 0 0 1-.5-.5V8H0v2a2 2 0 0 0 2 2h2v-1.5ZM8 12v-1.5h2a.5.5 0 0 0 .5-.5V8H12v2a2 2 0 0 1-2 2H8Zm2-12a2 2 0 0 1 2 2v2h-1.5V2a.5.5 0 0 0-.5-.5H8V0h2Z\" \/>\n\t\t\t<\/svg>\n\t\t<\/button><figcaption class=\"wp-element-caption\">Foto: Chris Jeffery \/ Google Maps<\/figcaption><\/figure>\n\n\n\n<h3 class=\"wp-block-heading\"><span class=\"ez-toc-section\" id=\"7_Batorama_setahajozas_a_csatornakon\"><\/span>7. Batorama s\u00e9tahaj\u00f3z\u00e1s a csatorn\u00e1kon<span class=\"ez-toc-section-end\"><\/span><\/h3>\n\n\n\n<p class=\"wp-block-paragraph\">Ha gyorsan \u00e9s \u00e1tfog\u00f3an szeretn\u00e9l k\u00e9pet kapni a v\u00e1rosr\u00f3l egy teljesen m\u00e1s n\u00e9z\u0151pontb\u00f3l, a <a href=\"https:\/\/www.batorama.com\/\" target=\"_blank\" rel=\"nofollow noopener\">Batorama s\u00e9tahaj\u00f3z\u00e1s<\/a> olyasmi, amit egyszer\u0171en nem akarsz kihagyni, f\u0151leg amikor a l\u00e1bad kezd f\u00e1jni. A besz\u00e1ll\u00f3helyet nagyon k\u00f6nnyen megtal\u00e1lod egyenesen a katedr\u00e1lisn\u00e1l, az Embarcad\u00e8re Batorama Cath\u00e9drale kik\u00f6t\u0151ben, ahonnan a haj\u00f3k rendszeresen indulnak egy hetvenperces \u00fatra v\u00e9gig a t\u00f6rt\u00e9nelmi belv\u00e1roson \u00e9s a modernebb eur\u00f3pai negyeden \u00e1t. Ez a legjobb m\u00f3dja annak, hogy meg\u00e9rtsd a v\u00e1rost, amikor \u00e9pp f\u00e1j a l\u00e1bad.<\/p>\n\n\n\n<p class=\"wp-block-paragraph\">A haj\u00f3z\u00e1s sor\u00e1n \u00e1thaladsz a romantikus Petite France negyeden, ahol a haj\u00f3 r\u00e9gi, sz\u0171k zsilipek seg\u00edts\u00e9g\u00e9vel gy\u0151zi le a szintk\u00fcl\u00f6nbs\u00e9geket, ami \u00f6nmag\u00e1ban is felejthetetlen l\u00e1tv\u00e1ny. <strong>V\u00e1laszthatsz a teljesen nyitott \u00e9s az \u00fcvegezett haj\u00f3k k\u00f6z\u00f6tt<\/strong>, az \u00fcvegezetteket f\u0151leg a h\u0171v\u00f6sebb tavaszi vagy \u0151szi h\u00f3napokban \u00e9rt\u00e9keled majd, mert t\u00f6k\u00e9letesen f\u0171t\u00f6ttek \u00e9s v\u00e9dve vannak az es\u0151t\u0151l. Rendelkez\u00e9sre \u00e1llnak audioguide-ok is magyar\u00e1zattal.<\/p>\n\n\n\n<p class=\"wp-block-paragraph\">\ud83d\udca1 Tipp: F\u0151leg a ny\u00e1ri f\u0151szezonban \u00e9s a naps\u00fct\u00e9ses h\u00e9tv\u00e9g\u00e9ken a jegyek nagyon gyorsan elfogynak egy eg\u00e9sz napra el\u0151re. <strong>Azt aj\u00e1nlom, hogy foglald le a jegyeket online, kell\u0151 el\u0151rel\u00e1t\u00e1ssal<\/strong>, hogy megsp\u00f3rold a felesleges sorban \u00e1ll\u00e1st, \u00e9s biztos legy\u00e9l benne, hogy pontosan az \u00e1ltalad v\u00e1lasztott id\u0151pontban jutsz fel a fed\u00e9lzetre.<\/p>\n\n\n\n<figure data-wp-context=\"{&quot;imageId&quot;:&quot;6a9c182760d28&quot;}\" data-wp-interactive=\"core\/image\" data-wp-key=\"6a9c182760d28\" class=\"wp-block-image size-full wp-lightbox-container\"><img decoding=\"async\" width=\"1280\" height=\"960\" data-wp-class--hide=\"state.isContentHidden\" data-wp-class--show=\"state.isContentVisible\" data-wp-init=\"callbacks.setButtonStyles\" data-wp-on--click=\"actions.showLightbox\" data-wp-on--load=\"callbacks.setButtonStyles\" data-wp-on--pointerdown=\"actions.preloadImage\" data-wp-on--pointerenter=\"actions.preloadImageWithDelay\" data-wp-on--pointerleave=\"actions.cancelPreload\" data-wp-on-window--resize=\"callbacks.setButtonStyles\" src=\"https:\/\/loudavymkrokem.cz\/wp-content\/uploads\/2026\/09\/evropsk-parlament.jpg\" alt=\"Eur\u00f3pai Parlament\" class=\"wp-image-413197\" title=\"\" srcset=\"https:\/\/loudavymkrokem.cz\/wp-content\/uploads\/2026\/09\/evropsk-parlament.jpg 1280w, https:\/\/loudavymkrokem.cz\/wp-content\/uploads\/2026\/09\/evropsk-parlament-300x225.jpg 300w, https:\/\/loudavymkrokem.cz\/wp-content\/uploads\/2026\/09\/evropsk-parlament-700x525.jpg 700w, https:\/\/loudavymkrokem.cz\/wp-content\/uploads\/2026\/09\/evropsk-parlament-768x576.jpg 768w, https:\/\/loudavymkrokem.cz\/wp-content\/uploads\/2026\/09\/evropsk-parlament-80x60.jpg 80w, https:\/\/loudavymkrokem.cz\/wp-content\/uploads\/2026\/09\/evropsk-parlament-160x120.jpg 160w, https:\/\/loudavymkrokem.cz\/wp-content\/uploads\/2026\/09\/evropsk-parlament-696x522.jpg 696w\" sizes=\"(max-width: 1280px) 100vw, 1280px\" \/><button\n\t\t\tclass=\"lightbox-trigger\"\n\t\t\ttype=\"button\"\n\t\t\taria-haspopup=\"dialog\"\n\t\t\tdata-wp-bind--aria-label=\"state.thisImage.triggerButtonAriaLabel\"\n\t\t\tdata-wp-init=\"callbacks.initTriggerButton\"\n\t\t\tdata-wp-on--click=\"actions.showLightbox\"\n\t\t\tdata-wp-style--right=\"state.thisImage.buttonRight\"\n\t\t\tdata-wp-style--top=\"state.thisImage.buttonTop\"\n\t\t>\n\t\t\t<svg xmlns=\"http:\/\/www.w3.org\/2000\/svg\" width=\"12\" height=\"12\" fill=\"none\" viewBox=\"0 0 12 12\">\n\t\t\t\t<path fill=\"#fff\" d=\"M2 0a2 2 0 0 0-2 2v2h1.5V2a.5.5 0 0 1 .5-.5h2V0H2Zm2 10.5H2a.5.5 0 0 1-.5-.5V8H0v2a2 2 0 0 0 2 2h2v-1.5ZM8 12v-1.5h2a.5.5 0 0 0 .5-.5V8H12v2a2 2 0 0 1-2 2H8Zm2-12a2 2 0 0 1 2 2v2h-1.5V2a.5.5 0 0 0-.5-.5H8V0h2Z\" \/>\n\t\t\t<\/svg>\n\t\t<\/button><figcaption class=\"wp-element-caption\">Foto: Ryan Jose Ruiz III \/ Google Maps<\/figcaption><\/figure>\n\n\n\n<h3 class=\"wp-block-heading\"><span class=\"ez-toc-section\" id=\"8_Europai_Parlament\"><\/span>8. Eur\u00f3pai Parlament<span class=\"ez-toc-section-end\"><\/span><\/h3>\n\n\n\n<p class=\"wp-block-paragraph\">Strasbourg az <a href=\"https:\/\/visiting.europarl.europa.eu\/cs\/\" target=\"_blank\" rel=\"nofollow noopener\">Eur\u00f3pai Parlament<\/a> hivatalos sz\u00e9khelye, \u00e9s ennek az impoz\u00e1ns modern \u00e9p\u00fcletnek a l\u00e1togat\u00e1sa semmik\u00e9pp se hi\u00e1nyozhat a l\u00e1tnival\u00f3k list\u00e1j\u00e1r\u00f3l. A k\u00f6r alaprajz\u00fa, \u00edves tetej\u0171 hatalmas \u00fcveg\u00e9p\u00fclet az eg\u00e9sz negyedet uralja, \u00e9s <strong>leny\u0171g\u00f6z\u0151 vizu\u00e1lis kontrasztot alkot a t\u00f6rt\u00e9nelmi belv\u00e1rossal<\/strong>. A legegyszer\u0171bben az E-vonal k\u00e9nyelmes villamos\u00e1val jutsz ide, csak az azonos nev\u0171 Parlement Europ\u00e9en meg\u00e1ll\u00f3n\u00e1l kell lesz\u00e1llnod.<\/p>\n\n\n\n<p class=\"wp-block-paragraph\">Az eg\u00e9szben a legjobb, hogy <strong>a nyilv\u00e1nos l\u00e1togat\u00e1sok teljesen ingyenesek<\/strong>, csak a bej\u00e1ratn\u00e1l kell felmutatnod egy \u00e9rv\u00e9nyes szem\u00e9lyi igazolv\u00e1nyt vagy \u00fatlevelet. A l\u00e1togat\u00e1s sor\u00e1n betekintesz egyenesen a h\u00edres hemiciklus \u00fcl\u00e9sterembe, ahol az eur\u00f3pai k\u00e9pvisel\u0151k \u00fclnek, \u00e9s ahol a fontos eur\u00f3pai jogszab\u00e1lyok sz\u00fcletnek. Ennek a hatalmas, modern t\u00e9rnek a hangulata igaz\u00e1n leny\u0171g\u00f6z\u0151, \u00e9s egyszer csak r\u00e1j\u00f6ssz, hogy annak a br\u00fcsszeli b\u00fcrokr\u00e1ci\u00e1nak is van fizikai c\u00edme \ud83d\ude04.<\/p>\n\n\n\n<p class=\"wp-block-paragraph\">A parlament l\u00e1togat\u00e1s\u00e1t tervezd meg kell\u0151 id\u0151ben el\u0151re, \u00e9s <strong>sz\u00e1molj azzal, hogy az eg\u00e9sz l\u00e1togat\u00e1s nagyj\u00e1b\u00f3l k\u00e9t-h\u00e1rom \u00f3r\u00e1t vesz ig\u00e9nybe<\/strong>, bele\u00e9rtve a bej\u00e1ratn\u00e1l l\u00e9v\u0151 meglehet\u0151sen alapos biztons\u00e1gi ellen\u0151rz\u00e9st is. A l\u00e1togat\u00e1sok multim\u00e9di\u00e1s vezet\u0151k seg\u00edts\u00e9g\u00e9vel zajlanak az Eur\u00f3pai Uni\u00f3 \u00f6sszes hivatalos nyelv\u00e9n, \u00fagyhogy minden inform\u00e1ci\u00f3t k\u00e9nyelmesen meghallgathatsz magyarul.<\/p>\n\n\n\n<figure data-wp-context=\"{&quot;imageId&quot;:&quot;6a9c1827612b9&quot;}\" data-wp-interactive=\"core\/image\" data-wp-key=\"6a9c1827612b9\" class=\"wp-block-image size-full wp-lightbox-container\"><img decoding=\"async\" width=\"1440\" height=\"1080\" data-wp-class--hide=\"state.isContentHidden\" data-wp-class--show=\"state.isContentVisible\" data-wp-init=\"callbacks.setButtonStyles\" data-wp-on--click=\"actions.showLightbox\" data-wp-on--load=\"callbacks.setButtonStyles\" data-wp-on--pointerdown=\"actions.preloadImage\" data-wp-on--pointerenter=\"actions.preloadImageWithDelay\" data-wp-on--pointerleave=\"actions.cancelPreload\" data-wp-on-window--resize=\"callbacks.setButtonStyles\" src=\"https:\/\/loudavymkrokem.cz\/wp-content\/uploads\/2026\/09\/parlamentarium-simone-veil.jpg\" alt=\"Parlamentarium Simone Veil\" class=\"wp-image-413201\" title=\"\" srcset=\"https:\/\/loudavymkrokem.cz\/wp-content\/uploads\/2026\/09\/parlamentarium-simone-veil.jpg 1440w, https:\/\/loudavymkrokem.cz\/wp-content\/uploads\/2026\/09\/parlamentarium-simone-veil-300x225.jpg 300w, https:\/\/loudavymkrokem.cz\/wp-content\/uploads\/2026\/09\/parlamentarium-simone-veil-700x525.jpg 700w, https:\/\/loudavymkrokem.cz\/wp-content\/uploads\/2026\/09\/parlamentarium-simone-veil-768x576.jpg 768w, https:\/\/loudavymkrokem.cz\/wp-content\/uploads\/2026\/09\/parlamentarium-simone-veil-80x60.jpg 80w, https:\/\/loudavymkrokem.cz\/wp-content\/uploads\/2026\/09\/parlamentarium-simone-veil-160x120.jpg 160w, https:\/\/loudavymkrokem.cz\/wp-content\/uploads\/2026\/09\/parlamentarium-simone-veil-696x522.jpg 696w, https:\/\/loudavymkrokem.cz\/wp-content\/uploads\/2026\/09\/parlamentarium-simone-veil-1392x1044.jpg 1392w\" sizes=\"(max-width: 1440px) 100vw, 1440px\" \/><button\n\t\t\tclass=\"lightbox-trigger\"\n\t\t\ttype=\"button\"\n\t\t\taria-haspopup=\"dialog\"\n\t\t\tdata-wp-bind--aria-label=\"state.thisImage.triggerButtonAriaLabel\"\n\t\t\tdata-wp-init=\"callbacks.initTriggerButton\"\n\t\t\tdata-wp-on--click=\"actions.showLightbox\"\n\t\t\tdata-wp-style--right=\"state.thisImage.buttonRight\"\n\t\t\tdata-wp-style--top=\"state.thisImage.buttonTop\"\n\t\t>\n\t\t\t<svg xmlns=\"http:\/\/www.w3.org\/2000\/svg\" width=\"12\" height=\"12\" fill=\"none\" viewBox=\"0 0 12 12\">\n\t\t\t\t<path fill=\"#fff\" d=\"M2 0a2 2 0 0 0-2 2v2h1.5V2a.5.5 0 0 1 .5-.5h2V0H2Zm2 10.5H2a.5.5 0 0 1-.5-.5V8H0v2a2 2 0 0 0 2 2h2v-1.5ZM8 12v-1.5h2a.5.5 0 0 0 .5-.5V8H12v2a2 2 0 0 1-2 2H8Zm2-12a2 2 0 0 1 2 2v2h-1.5V2a.5.5 0 0 0-.5-.5H8V0h2Z\" \/>\n\t\t\t<\/svg>\n\t\t<\/button><figcaption class=\"wp-element-caption\">Foto: Bianca K. \/ Google Maps<\/figcaption><\/figure>\n\n\n\n<h3 class=\"wp-block-heading\"><span class=\"ez-toc-section\" id=\"9_Parlamentarium_Simone_Veil\"><\/span>9. Parlamentarium Simone Veil<span class=\"ez-toc-section-end\"><\/span><\/h3>\n\n\n\n<p class=\"wp-block-paragraph\">Az Eur\u00f3pai Parlament kiterjedt komplexum\u00e1nak r\u00e9sze a nemr\u00e9g megny\u00edlt l\u00e1togat\u00f3k\u00f6zpont is, a <a href=\"https:\/\/visiting.europarl.europa.eu\/cs\/visitor-offer\/strasbourg\/parlamentarium-simone-veil\" target=\"_blank\" rel=\"nofollow noopener\">Parlamentarium Simone Veil<\/a>. A k\u00f6zpontot \u00fagy tervezt\u00e9k, hogy az eur\u00f3pai integr\u00e1ci\u00f3 izgalmasan hangozzon, \u00e9s meglep\u0151 m\u00f3don ez siker\u00fcl is nekik. Remek hely nemcsak a feln\u0151tt l\u00e1togat\u00f3knak, hanem a nagyobb, k\u00edv\u00e1ncsi gyerekeknek is.<\/p>\n\n\n\n<p class=\"wp-block-paragraph\">Az eg\u00e9sz k\u00f6zpont f\u0151 attrakci\u00f3ja k\u00e9ts\u00e9gtelen\u00fcl a <strong>l\u00e1tv\u00e1nyos 360\u00b0-os vet\u00edt\u0151terem<\/strong>, ahol egy dinamikus filmet vet\u00edtenek az Eur\u00f3pai Parlament m\u0171k\u00f6d\u00e9s\u00e9r\u0151l, aminek k\u00f6sz\u00f6nhet\u0151en vizu\u00e1lisan egyenesen az esem\u00e9nyek k\u00f6zep\u00e9n tal\u00e1lod magad. Rendelkez\u00e9sre \u00e1llnak k\u00fcl\u00f6nb\u00f6z\u0151 interakt\u00edv modulok \u00e9s \u00e9rint\u0151k\u00e9perny\u0151k is, amelyeken kereszt\u00fcl egyszer\u0171en megtudhatod, milyen d\u00f6nt\u00e9seket hoztak a m\u00faltban \u00e9pp a te konkr\u00e9t sz\u00fcl\u0151f\u00f6ldedre vonatkoz\u00f3an.<\/p>\n\n\n\n<p class=\"wp-block-paragraph\">A nagyobb, szervezett csoportoknak a k\u00f6zpont egy <strong>speci\u00e1lis szerepj\u00e1t\u00e9kot<\/strong> is k\u00edn\u00e1l, amely sor\u00e1n a r\u00e9sztvev\u0151k a saj\u00e1t b\u0151r\u00fck\u00f6n kipr\u00f3b\u00e1lhatj\u00e1k, milyen igazi k\u00e9pvisel\u0151nek lenni, \u00e9s bonyolultan t\u00e1rgyalni az \u00faj t\u00f6rv\u00e9nyekr\u0151l. Az ebbe a k\u00f6zpontba tett l\u00e1togat\u00e1s t\u00f6k\u00e9letesen kieg\u00e9sz\u00edti mag\u00e1nak az \u00fcl\u00e9steremnek a megtekint\u00e9s\u00e9t, \u00e9s a bel\u00e9p\u00e9s itt is mindenkinek ingyenes.<\/p>\n\n\n\n<figure data-wp-context=\"{&quot;imageId&quot;:&quot;6a9c1827619a8&quot;}\" data-wp-interactive=\"core\/image\" data-wp-key=\"6a9c1827619a8\" class=\"wp-block-image size-full wp-lightbox-container\"><img decoding=\"async\" width=\"1600\" height=\"1200\" data-wp-class--hide=\"state.isContentHidden\" data-wp-class--show=\"state.isContentVisible\" data-wp-init=\"callbacks.setButtonStyles\" data-wp-on--click=\"actions.showLightbox\" data-wp-on--load=\"callbacks.setButtonStyles\" data-wp-on--pointerdown=\"actions.preloadImage\" data-wp-on--pointerenter=\"actions.preloadImageWithDelay\" data-wp-on--pointerleave=\"actions.cancelPreload\" data-wp-on-window--resize=\"callbacks.setButtonStyles\" src=\"https:\/\/loudavymkrokem.cz\/wp-content\/uploads\/2026\/09\/rada-evropy.jpg\" alt=\"Eur\u00f3pa Tan\u00e1cs \u00e9s az int\u00e9zm\u00e9nyek negyede\" class=\"wp-image-413204\" title=\"\" srcset=\"https:\/\/loudavymkrokem.cz\/wp-content\/uploads\/2026\/09\/rada-evropy.jpg 1600w, https:\/\/loudavymkrokem.cz\/wp-content\/uploads\/2026\/09\/rada-evropy-300x225.jpg 300w, https:\/\/loudavymkrokem.cz\/wp-content\/uploads\/2026\/09\/rada-evropy-700x525.jpg 700w, https:\/\/loudavymkrokem.cz\/wp-content\/uploads\/2026\/09\/rada-evropy-768x576.jpg 768w, https:\/\/loudavymkrokem.cz\/wp-content\/uploads\/2026\/09\/rada-evropy-1536x1152.jpg 1536w, https:\/\/loudavymkrokem.cz\/wp-content\/uploads\/2026\/09\/rada-evropy-80x60.jpg 80w, https:\/\/loudavymkrokem.cz\/wp-content\/uploads\/2026\/09\/rada-evropy-160x120.jpg 160w, https:\/\/loudavymkrokem.cz\/wp-content\/uploads\/2026\/09\/rada-evropy-696x522.jpg 696w, https:\/\/loudavymkrokem.cz\/wp-content\/uploads\/2026\/09\/rada-evropy-1392x1044.jpg 1392w\" sizes=\"(max-width: 1600px) 100vw, 1600px\" \/><button\n\t\t\tclass=\"lightbox-trigger\"\n\t\t\ttype=\"button\"\n\t\t\taria-haspopup=\"dialog\"\n\t\t\tdata-wp-bind--aria-label=\"state.thisImage.triggerButtonAriaLabel\"\n\t\t\tdata-wp-init=\"callbacks.initTriggerButton\"\n\t\t\tdata-wp-on--click=\"actions.showLightbox\"\n\t\t\tdata-wp-style--right=\"state.thisImage.buttonRight\"\n\t\t\tdata-wp-style--top=\"state.thisImage.buttonTop\"\n\t\t>\n\t\t\t<svg xmlns=\"http:\/\/www.w3.org\/2000\/svg\" width=\"12\" height=\"12\" fill=\"none\" viewBox=\"0 0 12 12\">\n\t\t\t\t<path fill=\"#fff\" d=\"M2 0a2 2 0 0 0-2 2v2h1.5V2a.5.5 0 0 1 .5-.5h2V0H2Zm2 10.5H2a.5.5 0 0 1-.5-.5V8H0v2a2 2 0 0 0 2 2h2v-1.5ZM8 12v-1.5h2a.5.5 0 0 0 .5-.5V8H12v2a2 2 0 0 1-2 2H8Zm2-12a2 2 0 0 1 2 2v2h-1.5V2a.5.5 0 0 0-.5-.5H8V0h2Z\" \/>\n\t\t\t<\/svg>\n\t\t<\/button><figcaption class=\"wp-element-caption\">Foto: Anton Nyberg \/ Google Maps<\/figcaption><\/figure>\n\n\n\n<!-- LKM_GYG_CARD start q=\"strasbourg\" lang=\"hu\" rendered=\"2026-09-05T12:11:22+00:00\" v=\"1\" -->\n<style id=\"lk-gyg-styles\">\n@import url(\"https:\/\/fonts.googleapis.com\/css2?family=Playfair+Display:wght@700&family=DM+Sans:wght@300;400;500;600&display=swap\");\n\/* === LK GYG karty \u2014 CRO redesign 2026-05 (namespace .lkx-) ===\n   C\u00edl: vy\u0161\u0161\u00ed CTR (hero + v\u00fdrazn\u00fd social proof + ak\u010dn\u00ed CTA, m\u00e9n\u011b \"reklamn\u00ed\").\n   Injektuje se inline do prvn\u00edho markeru postu (refresh_cards.py --inline-css). *\/\n.lkx-module, .lkx-module *{box-sizing:border-box;margin:0;padding:0}\n.lkx-module{\n  font-family:'DM Sans',-apple-system,Segoe UI,Roboto,Georgia,sans-serif;\n  max-width:860px;margin:2.5rem auto;color:#1f2328;\n}\n\n\/* HEADER \u2014 lehk\u00fd editorsk\u00fd, \u017e\u00e1dn\u00fd bannerov\u00fd blok; nadpis + popisek pod n\u00edm *\/\n.lkx-head{margin-bottom:16px}\n.lkx-head-main{display:flex;align-items:center;gap:10px}\n.lkx-head-accent{width:26px;height:3px;border-radius:2px;background:#c39f76;flex-shrink:0}\n.lkx-head-title{font-family:'Playfair Display',Georgia,serif;font-size:21px;font-weight:700;color:#1a1a1a;line-height:1.25}\n.lkx-head-meta{display:block;font-size:11px;letter-spacing:.3px;color:#9aa0a6;margin-top:4px;margin-left:36px}\n\n\/* HERO *\/\n.lkx-hero{display:grid;grid-template-columns:300px 1fr;background:#fff;border:1px solid #ece7df;border-radius:14px;overflow:hidden;text-decoration:none!important;color:inherit;box-shadow:0 6px 20px rgba(0,0,0,.06);transition:box-shadow .2s,transform .2s;margin-bottom:14px}\n.lkx-hero:hover{box-shadow:0 12px 30px rgba(0,0,0,.12);transform:translateY(-2px)}\n.lkx-hero-img{position:relative;min-height:230px;background-size:cover;background-position:center;background-color:#eee}\n.lkx-hero-body{padding:22px 24px;display:flex;flex-direction:column}\n.lkx-pick{position:absolute;top:12px;left:12px;background:#1a1a1a;color:#fff;font-size:11px;font-weight:700;letter-spacing:.5px;padding:5px 11px;border-radius:20px}\n\n\/* TITLE *\/\n.lkx-title{font-size:19px;font-weight:700;color:#161616;line-height:1.3}\n.lkx-title-sm{font-size:14.5px;line-height:1.35;display:-webkit-box;-webkit-line-clamp:2;-webkit-box-orient:vertical;overflow:hidden}\n\n\/* SOCIAL PROOF \u2014 v\u00fdrazn\u011b, naho\u0159e *\/\n.lkx-proof{display:flex;align-items:center;gap:7px;margin-top:12px;font-size:15px;color:#3a3a3a}\n.lkx-proof b{font-size:16px;color:#161616}\n.lkx-stars{color:#f5a623;letter-spacing:1px}\n.lkx-proof-sm{font-size:12.5px;margin-top:8px;gap:5px}\n.lkx-proof-sm b{font-size:13px}\n.lkx-proof-new{color:#3685fc;font-weight:600}\n\n\/* PRICE \u2014 n\u00edzk\u00e1 kotva *\/\n.lkx-price{font-size:14px;color:#6b7280}\n.lkx-price b{font-size:20px;color:#161616;font-weight:700}\n.lkx-price-sm b{font-size:15px}\n\n\/* CTA \u2014 tepl\u00e9 ak\u010dn\u00ed tla\u010d\u00edtko *\/\n.lkx-cta{display:inline-flex;align-items:center;justify-content:center;text-decoration:none!important;font-weight:700;color:#fff!important;background:linear-gradient(135deg,#f6743f,#e8552a);border-radius:10px;box-shadow:0 6px 16px rgba(232,85,42,.32);transition:box-shadow .2s}\n.lkx-cta-hero{font-size:15px;padding:13px 22px}\n.lkx-hero:hover .lkx-cta-hero{box-shadow:0 8px 22px rgba(232,85,42,.45)}\n.lkx-cta-sm{font-size:12.5px;padding:9px 14px;width:100%;margin-top:2px}\n.lkx-hero-bottom{margin-top:auto;padding-top:18px;display:flex;align-items:center;justify-content:space-between;gap:14px;flex-wrap:wrap}\n\n\/* BADGE \u2014 jeden v\u00fdrazn\u00fd na fotce *\/\n.lkx-badge{position:absolute;top:12px;right:12px;font-size:10.5px;font-weight:700;letter-spacing:.3px;padding:5px 10px;border-radius:16px;color:#fff}\n.lkx-badge.badge-urgency{background:rgba(214,40,40,.92)}\n.lkx-badge.badge-new{background:rgba(54,133,252,.92)}\n.lkx-badge.badge-top{background:rgba(195,159,118,.95)}\n.lkx-badge.badge-info{background:rgba(40,40,40,.78)}\n\n\/* SECONDARY GRID *\/\n.lkx-grid{display:grid;grid-template-columns:1fr 1fr;gap:14px}\n.lkx-card{background:#fff;border:1px solid #ece7df;border-radius:14px;overflow:hidden;text-decoration:none!important;color:inherit;box-shadow:0 4px 14px rgba(0,0,0,.05);display:flex;flex-direction:column;transition:box-shadow .2s,transform .2s}\n.lkx-card:hover{box-shadow:0 10px 24px rgba(0,0,0,.1);transform:translateY(-2px)}\n.lkx-card-img{position:relative;aspect-ratio:16\/10;background-size:cover;background-position:center;background-color:#eee}\n.lkx-card-body{padding:14px 16px 16px;display:flex;flex-direction:column;gap:7px;flex:1}\n.lkx-card-bottom{margin-top:auto;padding-top:10px;display:flex;align-items:center;justify-content:space-between;gap:8px}\n\n\/* DISCLOSURE \u2014 drobn\u00e1, kv\u016fli d\u016fv\u011b\u0159e\/z\u00e1konu *\/\n.lkx-disclosure{font-size:11px;color:#a7adb3;text-align:center;margin-top:14px;line-height:1.6}\n.lkx-disclosure a{color:#c39f76;text-decoration:none}\n\n@media(max-width:680px){\n  .lkx-hero{grid-template-columns:1fr}\n  .lkx-hero-img{min-height:180px}\n  .lkx-grid{grid-template-columns:1fr}\n  .lkx-head-meta{margin-left:0;width:100%}\n  .lkx-head-title{font-size:19px}\n}\n\n<\/style>\n<div class=\"lkx-module\" data-query=\"strasbourg\">\n  <div class=\"lkx-head\">\n    <div class=\"lkx-head-main\">\n      <span class=\"lkx-head-accent\"><\/span>\n      <span class=\"lkx-head-title\">\u00c9lm\u00e9nyek \u00e9s bel\u00e9p\u0151jegyek<\/span>\n    <\/div>\n    <span class=\"lkx-head-meta\">utaz\u00f3k \u00e1ltal \u00e9rt\u00e9kelve \u00b7 GetYourGuide<\/span>\n  <\/div><a class=\"lkx-hero\" href=\"https:\/\/www.getyourguide.com\/hu-hu\/strasbourg-l293\/strasbourg-gyalogtura-helyi-idegenvezetovel-t877665\/?partner_id=MKZ64IS&amp;utm_medium=online_publisher&amp;cmp=strasbourg-franciaorszag-latnivalok\" target=\"_blank\" rel=\"sponsored noopener nofollow\">\n    <div class=\"lkx-hero-img\" style=\"background-image:url('https:\/\/cdn.getyourguide.com\/img\/tour\/55865d3f8d08e2193af59ad660b04fb53bbd1f5148dde1eff9892481aee3de49.png\/132.jpg')\" role=\"img\" aria-label=\"Strasbourg: gyalogt\u00fara helyi idegenvezet\u0151vel\">\n      <span class=\"lkx-pick\">\u2605 A mi tipp\u00fcnk<\/span><\/div>\n    <div class=\"lkx-hero-body\">\n      <div class=\"lkx-title\">Strasbourg: gyalogt\u00fara helyi idegenvezet\u0151vel<\/div>\n      <div class=\"lkx-proof\">\n      <span class=\"lkx-stars\">\u2605\u2605\u2605\u2605\u2605<\/span>\n      <b>4.4<\/b> \u00b7 904 \u00e9rt\u00e9kel\u00e9s\n    <\/div>\n      <div class=\"lkx-hero-bottom\"><div class=\"lkx-price\">m\u00e1r <b>28\u00a0EUR<\/b><\/div><span class=\"lkx-cta lkx-cta-hero\">Ezt az \u00e9lm\u00e9nyt akarom \u2192<\/span>\n      <\/div>\n    <\/div>\n  <\/a><div class=\"lkx-grid\"><a class=\"lkx-card\" href=\"https:\/\/www.getyourguide.com\/hu-hu\/strasbourg-l293\/strasbourg-bol-hagyomanyos-boraszati-kirandulas-colmarba-t1066634\/?partner_id=MKZ64IS&amp;utm_medium=online_publisher&amp;cmp=strasbourg-franciaorszag-latnivalok\" target=\"_blank\" rel=\"sponsored noopener nofollow\">\n      <div class=\"lkx-card-img\" style=\"background-image:url('https:\/\/cdn.getyourguide.com\/img\/tour\/ad6c161500ce5ceaabb182d1ab2f151c62d5b59124194ab758ce97e60c9bfaf1.jpg\/132.jpg')\" role=\"img\" aria-label=\"Strasbourg-b\u00f3l: hagyom\u00e1nyos bor\u00e1szati kir\u00e1ndul\u00e1s Colmarba\"><\/div>\n      <div class=\"lkx-card-body\">\n        <div class=\"lkx-title lkx-title-sm\">Strasbourg-b\u00f3l: hagyom\u00e1nyos bor\u00e1szati kir\u00e1ndul\u00e1s Colmarba<\/div>\n        <div class=\"lkx-proof lkx-proof-sm\">\n      <span class=\"lkx-stars\">\u2605<\/span>\n      <b>3.6<\/b> \u00b7 18\n    <\/div>\n        <div class=\"lkx-card-bottom\"><span class=\"lkx-price lkx-price-sm\">m\u00e1r <b>125\u00a0EUR<\/b><\/span><span class=\"lkx-cta lkx-cta-sm\">Id\u0151pontok megtekint\u00e9se \u2192<\/span>\n        <\/div>\n      <\/div>\n    <\/a><a class=\"lkx-card\" href=\"https:\/\/www.getyourguide.com\/hu-hu\/strasbourg-l293\/strasbourg-elzasi-etelkostolos-seta-5-kostolassal-t1458211\/?partner_id=MKZ64IS&amp;utm_medium=online_publisher&amp;cmp=strasbourg-franciaorszag-latnivalok\" target=\"_blank\" rel=\"sponsored noopener nofollow\">\n      <div class=\"lkx-card-img\" style=\"background-image:url('https:\/\/cdn.getyourguide.com\/img\/tour\/e965587a48bc449a08b2ef17afbfc818a8ca05db25bccd1e896e40df12dc7ce3.jpg\/132.jpg')\" role=\"img\" aria-label=\"Strasbourg: Elz\u00e1si \u00e9telk\u00f3stol\u00f3s s\u00e9ta 5 k\u00f3stol\u00e1ssal\"><\/div>\n      <div class=\"lkx-card-body\">\n        <div class=\"lkx-title lkx-title-sm\">Strasbourg: Elz\u00e1si \u00e9telk\u00f3stol\u00f3s s\u00e9ta 5 k\u00f3stol\u00e1ssal<\/div>\n        <div class=\"lkx-proof lkx-proof-sm\">\n      <span class=\"lkx-stars\">\u2605<\/span>\n      <b>0.0<\/b> \u00b7 0\n    <\/div>\n        <div class=\"lkx-card-bottom\"><span class=\"lkx-price lkx-price-sm\">m\u00e1r <b>45\u00a0EUR<\/b><\/span><span class=\"lkx-cta lkx-cta-sm\">Id\u0151pontok megtekint\u00e9se \u2192<\/span>\n        <\/div>\n      <\/div>\n    <\/a><\/div><div class=\"lkx-disclosure\">\ud83d\udd17 A linkek partnerlinkek \u2014 az \u00e1rat nem v\u00e1ltoztatj\u00e1k, nek\u00fcnk viszont seg\u00edtenek a tartalomk\u00e9sz\u00edt\u00e9sben. \u00b7 <a href=\"https:\/\/www.getyourguide.com\/hu-hu\/s\/?q=strasbourg&amp;partner_id=MKZ64IS&amp;utm_medium=online_publisher\" target=\"_blank\" rel=\"sponsored noopener nofollow\">\u00d6sszes \u00e9lm\u00e9ny \u2192<\/a><\/div>\n<\/div>\n<!-- LKM_GYG_CARD end -->\n\n\n\n\n<div class=\"lk-stays-module\">\n<style>\n\/* \u2500\u2500\u2500 RESET PRO GUTENBERG \u2500\u2500\u2500 *\/\n.lk-stays-module * { box-sizing: border-box; margin: 0; padding: 0; }\n\n\/* \u2500\u2500\u2500 WRAPPER \u2500\u2500\u2500 *\/\n.lk-stays-module {\n  font-family: 'DM Sans', Georgia, sans-serif;\n  max-width: 100%;\n  margin: 2.5rem auto;\n  background: linear-gradient(135deg, #fdfaf5 0%, #fcf8f0 100%);\n  border: 1px solid #e8dfd4;\n  border-radius: 16px;\n  overflow: hidden;\n  box-shadow: 0 16px 48px rgba(195, 159, 118, 0.25), 0 4px 12px rgba(0,0,0,0.08);\n}\n\n\/* \u2500\u2500\u2500 HEADER \u2500\u2500\u2500 *\/\n.lk-stays-header {\n  position: relative;\n  padding: 24px 36px 24px;\n  background: linear-gradient(135deg, #c39f76 0%, #d4b188 60%, #c39f76 100%);\n  border-bottom: 1px solid rgba(255,255,255,.15);\n  display: flex;\n  align-items: center;\n  gap: 18px;\n}\n.lk-stays-header::before {\n  content: '';\n  position: absolute;\n  inset: 0;\n  background: url(\"data:image\/svg+xml,%3Csvg width='60' height='60' viewBox='0 0 60 60' xmlns='http:\/\/www.w3.org\/2000\/svg'%3E%3Cg fill='none' fill-rule='evenodd'%3E%3Cg fill='%23ffffff' fill-opacity='0.05'%3E%3Cpath d='M36 34v-4h-2v4h-4v2h4v4h2v-4h4v-2h-4zm0-30V0h-2v4h-4v2h4v4h2V6h4V4h-4zM6 34v-4H4v4H0v2h4v4h2v-4h4v-2H6zM6 4V0H4v4H0v2h4v4h2V6h4V4H6z'\/%3E%3C\/g%3E%3C\/g%3E%3C\/svg%3E\") repeat;\n  pointer-events: none;\n}\n.lk-stays-icon {\n  flex-shrink: 0;\n  width: 68px;\n  height: 68px;\n  border-radius: 14px;\n  background: linear-gradient(135deg, #fff 0%, #f9f6f0 100%);\n  display: flex;\n  align-items: center;\n  justify-content: center;\n  font-size: 26px;\n  box-shadow: 0 4px 12px rgba(0,0,0,0.15);\n}\n.lk-stays-eyebrow {\n  font-size: 10px;\n  font-weight: 500;\n  letter-spacing: 2.5px;\n  text-transform: uppercase;\n  color: rgba(255,255,255,.85);\n  margin: 0 0 5px 0;\n}\n.lk-stays-title {\n  font-family: 'Playfair Display', Georgia, serif;\n  font-size: 24px;\n  font-weight: 700;\n  color: #fff;\n  line-height: 1.2;\n  text-shadow: 0 1px 2px rgba(0,0,0,0.1);\n  margin: 0;\n}\n.lk-stays-subtitle {\n  font-size: 13px;\n  color: rgba(255,255,255,.75);\n  margin: 4px 0 0 0;\n  font-weight: 300;\n}\n\n\/* \u2500\u2500\u2500 CARDS GRID \u2500\u2500\u2500 *\/\n.lk-stays-grid {\n  display: grid;\n  grid-template-columns: 1fr 1fr;\n  gap: 1px;\n  background: rgba(195, 159, 118, 0.12);\n}\n\n\/* \u2500\u2500\u2500 SINGLE CARD \u2500\u2500\u2500 *\/\n.lk-stay-card {\n  background: #ffffff;\n  padding: 26px;\n  display: flex;\n  flex-direction: column;\n  gap: 11px;\n  transition: all 0.3s ease;\n  text-decoration: none;\n  color: inherit;\n  position: relative;\n}\n.lk-stay-card:hover {\n  background: #fffbf5;\n  transform: translateY(-2px);\n  box-shadow: 0 8px 24px rgba(195, 159, 118, 0.18);\n  z-index: 1;\n}\n.lk-stay-card.featured {\n  background: linear-gradient(135deg, #fffdf9 0%, #fff9f0 100%);\n  box-shadow: 0 4px 16px rgba(195, 159, 118, 0.15), inset 0 1px 0 rgba(195, 159, 118, 0.1);\n}\n.lk-stay-card.featured:hover {\n  background: linear-gradient(135deg, #fffbf5 0%, #fff8ed 100%);\n  box-shadow: 0 8px 24px rgba(195, 159, 118, 0.25), inset 0 1px 0 rgba(195, 159, 118, 0.15);\n}\n\n.lk-stay-badge {\n  display: inline-flex;\n  align-items: center;\n  gap: 5px;\n  font-size: 10px;\n  font-weight: 500;\n  letter-spacing: 1.5px;\n  text-transform: uppercase;\n  padding: 5px 11px;\n  border-radius: 20px;\n  width: fit-content;\n}\n.badge-top     { background: linear-gradient(135deg, #c39f76 0%, #d4b188 100%); color: #fff; border: 1px solid #c39f76; font-weight: 600; box-shadow: 0 2px 8px rgba(195,159,118,0.3); }\n.badge-luxury  { background: rgba(195,159,118,.12); color: #c39f76; border: 1px solid rgba(195,159,118,.25); }\n.badge-boutique{ background: rgba(54,133,252,.08); color: #3685fc; border: 1px solid rgba(54,133,252,.2); }\n.badge-nature  { background: rgba(130,190,100,.1); color: #6b9c4a; border: 1px solid rgba(130,190,100,.2); }\n.badge-remote  { background: rgba(195,159,118,.12); color: #a67e50; border: 1px solid rgba(195,159,118,.25); }\n\n.lk-stay-name {\n  font-family: 'Playfair Display', Georgia, serif;\n  font-size: 18px;\n  font-weight: 700;\n  color: #111827;\n  line-height: 1.3;\n}\n.lk-stay-desc {\n  font-size: 13.5px;\n  color: #525252;\n  line-height: 1.65;\n  font-weight: 300;\n  flex: 1;\n}\n\n.lk-stay-meta {\n  display: flex;\n  align-items: center;\n  gap: 12px;\n  flex-wrap: wrap;\n  margin-top: 4px;\n}\n.lk-stay-price {\n  font-size: 13px;\n  color: #6b7280;\n}\n.lk-stay-price strong {\n  color: #c39f76;\n  font-weight: 500;\n}\n.lk-stay-stars {\n  color: #c39f76;\n  font-size: 11px;\n  letter-spacing: 1px;\n}\n\n\/* \u2500\u2500\u2500 CTA BUTTON \u2500\u2500\u2500 *\/\n.lk-stay-cta {\n  display: inline-flex;\n  align-items: center;\n  justify-content: center;\n  gap: 7px;\n  margin-top: 8px;\n  padding: 11px 20px;\n  border-radius: 8px;\n  background: linear-gradient(135deg, #3685fc 0%, #2a6fd9 100%);\n  color: #fff;\n  font-size: 13px;\n  font-weight: 500;\n  text-decoration: none;\n  letter-spacing: .3px;\n  transition: all .2s ease;\n  cursor: pointer;\n  border: none;\n  text-align: center;\n  box-shadow: 0 4px 12px rgba(54, 133, 252, 0.25);\n}\n.lk-stay-cta:hover {\n  background: linear-gradient(135deg, #2a6fd9 0%, #1e5bc4 100%);\n  transform: translateY(-1px);\n  box-shadow: 0 6px 16px rgba(54, 133, 252, 0.35);\n}\n.lk-stay-cta svg { flex-shrink: 0; }\n\n\/* \u2500\u2500\u2500 FOOTER \u2500\u2500\u2500 *\/\n.lk-stays-footer {\n  padding: 18px 36px;\n  background: linear-gradient(to bottom, #fdfaf5 0%, #f9f4ed 100%);\n  border-top: 1px solid rgba(195, 159, 118, 0.15);\n  display: flex;\n  align-items: center;\n  justify-content: space-between;\n  flex-wrap: wrap;\n  gap: 12px;\n}\n.lk-stays-footer-note {\n  font-size: 11.5px;\n  color: #6b7280;\n  font-weight: 300;\n  line-height: 1.5;\n}\n.lk-stays-footer-note a {\n  color: #c39f76;\n  text-decoration: none;\n  font-weight: 400;\n}\n.lk-stays-footer-note a:hover {\n  text-decoration: underline;\n}\n.lk-stays-all-btn {\n  display: inline-flex;\n  align-items: center;\n  gap: 6px;\n  font-size: 12.5px;\n  font-weight: 500;\n  color: #c39f76;\n  text-decoration: none;\n  border: 1px solid rgba(195, 159, 118, 0.35);\n  padding: 8px 18px;\n  border-radius: 8px;\n  transition: all .2s ease;\n}\n.lk-stays-all-btn:hover {\n  background: rgba(195, 159, 118, 0.08);\n  border-color: rgba(195, 159, 118, 0.5);\n}\n\n\/* \u2500\u2500\u2500 RESPONSIVE \u2500\u2500\u2500 *\/\n@media (max-width: 600px) {\n  .lk-stays-grid { grid-template-columns: 1fr; }\n  .lk-stays-header { padding: 24px 20px; }\n  .lk-stays-footer { padding: 16px 20px; }\n  .lk-stay-card { padding: 22px; }\n  .lk-stays-title { font-size: 20px; }\n}\n<\/style>\n\n  <!-- HEADER -->\n  <div class=\"lk-stays-header\">\n    <img decoding=\"async\" src=\"https:\/\/loudavymkrokem.cz\/wp-content\/uploads\/2026\/02\/lukas-a-lucka.jpg\" alt=\"\" style=\"width: 75px; height: 75px; border-radius: 8px; flex-shrink: 0; object-fit: cover; display: block; margin: 4px 0;\" title=\"\">\n    <div class=\"lk-stays-header-text\">\n      <div class=\"lk-stays-eyebrow\">Luk\u00e1\u0161 \u00e9s Lucie aj\u00e1nlj\u00e1k<\/div>\n      <div class=\"lk-stays-title\">Hol sz\u00e1lljon meg Strasbourgban<\/div>\n      <div class=\"lk-stays-subtitle\">4 sz\u00e1ll\u00e1s \u2014 sz\u00e1llod\u00e1k \u00e9s egy\u00e9b sz\u00e1ll\u00e1slehet\u0151s\u00e9gek<\/div>\n    <\/div>\n  <\/div>\n\n  <!-- CARDS -->\n  <div class=\"lk-stays-grid\">\n\n    <a class=\"lk-stay-card featured\" href=\"https:\/\/www.stay22.com\/allez\/roam?aid=lukaskonecny&#038;campaign=loudavymkrokemcz&#038;campaign=hu&#038;campaign=covidetvestrasburku&#038;address=%C5%A0trasburk&#038;hotelname=H%C3%B4tel+Cour+du+Corbeau+Strasbourg+-+MGallery&#038;search=H%C3%B4tel+Cour+du+Corbeau+Strasbourg+-+MGallery&#038;category=accommodation\" target=\"_blank\" rel=\"nofollow noopener\">\n      <span class=\"lk-stay-badge badge-top\">\u2b50 TOP V\u00c1LASZT\u00c1S<\/span>\n      <span class=\"lk-stay-badge badge-nature\">\ud83c\udfe8 Hotel<\/span>\n      <div class=\"lk-stay-name\">H\u00f4tel Cour du Corbeau Strasbourg &#8211; MGallery<\/div>\n      <div class=\"lk-stay-desc\">\u00c9p\u00edt\u00e9szeti remekm\u0171v egy fel\u00faj\u00edtott 16. sz\u00e1zadi t\u00f6rt\u00e9nelmi \u00e9p\u00fcletben faepk\u00e9lyekkel, romantikus l\u00e9gk\u00f6rt k\u00edn\u00e1l a v\u00edzicsatorna mellett.<\/div>\n      <div class=\"lk-stay-meta\">\n        <span class=\"lk-stay-stars\">\u2605\u2605\u2605\u2605<\/span>\n        <span class=\"lk-stay-price\">\u00c1rak ellen\u0151rz\u00e9se<\/span>\n      <\/div>\n      <span class=\"lk-stay-cta\">\n        <svg width=\"14\" height=\"14\" viewBox=\"0 0 24 24\" fill=\"none\" stroke=\"currentColor\" stroke-width=\"2\"><path d=\"M18 13v6a2 2 0 0 1-2 2H5a2 2 0 0 1-2-2V8a2 2 0 0 1 2-2h6\"\/><polyline points=\"15 3 21 3 21 9\"\/><line x1=\"10\" y1=\"14\" x2=\"21\" y2=\"3\"\/><\/svg>\n        Ellen\u0151rizd az el\u00e9rhet\u0151s\u00e9get\n      <\/span>\n    <\/a>\n\n    <a class=\"lk-stay-card\" href=\"https:\/\/www.stay22.com\/allez\/roam?aid=lukaskonecny&#038;campaign=loudavymkrokemcz&#038;campaign=hu&#038;campaign=covidetvestrasburku&#038;address=%C5%A0trasburk&#038;hotelname=H%C3%B4tel+L%C3%89ONOR+the+place+to+live&#038;search=H%C3%B4tel+L%C3%89ONOR+the+place+to+live&#038;category=accommodation\" target=\"_blank\" rel=\"nofollow noopener\">\n      <span class=\"lk-stay-badge badge-nature\">\ud83c\udfe8 Hotel<\/span>\n      <div class=\"lk-stay-name\">H\u00f4tel L\u00c9ONOR the place to live<\/div>\n      <div class=\"lk-stay-desc\">Modern diz\u00e1jn egy t\u00f6rt\u00e9nelmi \u00e9p\u00fcletben a Broglie t\u00e9r k\u00f6zel\u00e9ben gy\u00f6ny\u00f6r\u0171 bels\u0151 udvarral, ahol le lehet \u00fclni.<\/div>\n      <div class=\"lk-stay-meta\">\n        <span class=\"lk-stay-stars\">\u2605\u2605\u2605\u2605<\/span>\n        <span class=\"lk-stay-price\">\u00c1rak ellen\u0151rz\u00e9se<\/span>\n      <\/div>\n      <span class=\"lk-stay-cta\">\n        <svg width=\"14\" height=\"14\" viewBox=\"0 0 24 24\" fill=\"none\" stroke=\"currentColor\" stroke-width=\"2\"><path d=\"M18 13v6a2 2 0 0 1-2 2H5a2 2 0 0 1-2-2V8a2 2 0 0 1 2-2h6\"\/><polyline points=\"15 3 21 3 21 9\"\/><line x1=\"10\" y1=\"14\" x2=\"21\" y2=\"3\"\/><\/svg>\n        Ellen\u0151rizd az el\u00e9rhet\u0151s\u00e9get\n      <\/span>\n    <\/a>\n\n    <a class=\"lk-stay-card\" href=\"https:\/\/www.stay22.com\/allez\/roam?aid=lukaskonecny&#038;campaign=loudavymkrokemcz&#038;campaign=hu&#038;campaign=covidetvestrasburku&#038;address=%C5%A0trasburk&#038;hotelname=H%C3%B4tel+Gutenberg&#038;search=H%C3%B4tel+Gutenberg&#038;category=accommodation\" target=\"_blank\" rel=\"nofollow noopener\">\n      <span class=\"lk-stay-badge badge-nature\">\ud83c\udfe8 Hotel<\/span>\n      <div class=\"lk-stay-name\">H\u00f4tel Gutenberg<\/div>\n      <div class=\"lk-stay-desc\">Strat\u00e9giai elhelyezked\u00e9s a f\u0151 s\u00e9t\u00e1l\u00f3utca k\u00f6zel\u00e9ben, kisebb szob\u00e1k kiv\u00e1l\u00f3 tisztas\u00e1ggal \u00e9s k\u00e9nyelmes \u00e1gyakkal, nagyon seg\u00edt\u0151k\u00e9sz szem\u00e9lyzet.<\/div>\n      <div class=\"lk-stay-meta\">\n        <span class=\"lk-stay-stars\">\u2605\u2605\u2605\u2605<\/span>\n        <span class=\"lk-stay-price\">\u00c1rak ellen\u0151rz\u00e9se<\/span>\n      <\/div>\n      <span class=\"lk-stay-cta\">\n        <svg width=\"14\" height=\"14\" viewBox=\"0 0 24 24\" fill=\"none\" stroke=\"currentColor\" stroke-width=\"2\"><path d=\"M18 13v6a2 2 0 0 1-2 2H5a2 2 0 0 1-2-2V8a2 2 0 0 1 2-2h6\"\/><polyline points=\"15 3 21 3 21 9\"\/><line x1=\"10\" y1=\"14\" x2=\"21\" y2=\"3\"\/><\/svg>\n        Ellen\u0151rizd az el\u00e9rhet\u0151s\u00e9get\n      <\/span>\n    <\/a>\n\n    <a class=\"lk-stay-card\" href=\"https:\/\/www.stay22.com\/allez\/roam?aid=lukaskonecny&#038;campaign=loudavymkrokemcz&#038;campaign=hu&#038;campaign=covidetvestrasburku&#038;address=\u0161trasburk\" target=\"_blank\" rel=\"nofollow noopener\">\n      <span class=\"lk-stay-badge badge-nature\">\ud83d\udd0d Keres\u00e9s<\/span>\n      <div class=\"lk-stay-name\">Az \u00f6sszes sz\u00e1ll\u00e1s megtekint\u00e9se Strasbourgban<\/div>\n      <div class=\"lk-stay-desc\">Fedezze fel az \u00f6sszes el\u00e9rhet\u0151 sz\u00e1ll\u00e1slehet\u0151s\u00e9get Strasbourgban, \u00e9s tal\u00e1lja meg a legjobbat preferenci\u00e1i \u00e9s k\u00f6lts\u00e9gvet\u00e9se szerint.<\/div>\n      <div class=\"lk-stay-meta\">\n        <span class=\"lk-stay-stars\">\u2605\u2605\u2605\u2605<\/span>\n        <span class=\"lk-stay-price\">\u00c1rak \u00f6sszehasonl\u00edt\u00e1sa<\/span>\n      <\/div>\n      <span class=\"lk-stay-cta\">\n        <svg width=\"14\" height=\"14\" viewBox=\"0 0 24 24\" fill=\"none\" stroke=\"currentColor\" stroke-width=\"2\"><path d=\"M18 13v6a2 2 0 0 1-2 2H5a2 2 0 0 1-2-2V8a2 2 0 0 1 2-2h6\"\/><polyline points=\"15 3 21 3 21 9\"\/><line x1=\"10\" y1=\"14\" x2=\"21\" y2=\"3\"\/><\/svg>\n        Ellen\u0151rizd az el\u00e9rhet\u0151s\u00e9get\n      <\/span>\n    <\/a>\n\n  <\/div>\n\n  \n<\/div>\n\n\n\n\n<h3 class=\"wp-block-heading\"><span class=\"ez-toc-section\" id=\"10_Europa_Tanacs_es_az_intezmenyek_negyede\"><\/span>10. Eur\u00f3pa Tan\u00e1cs \u00e9s az int\u00e9zm\u00e9nyek negyede<span class=\"ez-toc-section-end\"><\/span><\/h3>\n\n\n\n<p class=\"wp-block-paragraph\">Az Eur\u00f3pai Parlament egy\u00e1ltal\u00e1n nem az egyetlen fontos int\u00e9zm\u00e9ny ebben a v\u00e1rosban. R\u00f6gt\u00f6n a k\u00f6zvetlen szomsz\u00e9ds\u00e1g\u00e1ban tal\u00e1lhat\u00f3 az <strong>Eur\u00f3pa Tan\u00e1cs impoz\u00e1ns \u00e9p\u00fclete, valamint a h\u00edres Emberi Jogok Eur\u00f3pai B\u00edr\u00f3s\u00e1ga<\/strong> is. Ez az eg\u00e9sz modern negyed, amely az Ill \u00e9s a Marne foly\u00f3k csendes \u00f6sszefoly\u00e1sa k\u00f6r\u00fcl ter\u00fcl el, \u00e9p\u00edt\u00e9szetileg rendk\u00edv\u00fcl \u00e9rdekes, \u00e9s m\u00e1r egy egyszer\u0171 s\u00e9ta ezek k\u00f6z\u00f6tt az \u00fcvegpalot\u00e1k k\u00f6z\u00f6tt alaposan feldob.<\/p>\n\n\n\n<p class=\"wp-block-paragraph\">Maga az Emberi Jogok Eur\u00f3pai B\u00edr\u00f3s\u00e1g\u00e1nak \u00e9p\u00fclete, amelyet a h\u00edres \u00e9p\u00edt\u00e9sz, Richard Rogers tervezett, <strong>mer\u00e9sz form\u00e1ival k\u00e9t hatalmas ac\u00e9lhaj\u00f3ra eml\u00e9keztet a foly\u00f3parton<\/strong>, \u00e9s eg\u00e9sz Franciaorsz\u00e1g egyik legfigyelemrem\u00e9lt\u00f3bb modern \u00e9p\u00fclete. Ezeknek a speci\u00e1lis int\u00e9zm\u00e9nyeknek az egy\u00e9ni l\u00e1togat\u00e1sa ugyan bonyolultabb, \u00e9s gyakran el\u0151zetes, hosszadalmas j\u00f3v\u00e1hagy\u00e1st ig\u00e9nyel, de m\u00e1r a k\u00edv\u00fclr\u0151l val\u00f3 l\u00e1tv\u00e1ny \u00e9s a k\u00f6rnyez\u0151 sz\u00e9les s\u00e9t\u00e1nyokon val\u00f3 s\u00e9ta is meg\u00e9ri.<\/p>\n\n\n\n<p class=\"wp-block-paragraph\">Ezt az eg\u00e9sz adminisztrat\u00edv ter\u00fcletet meglep\u0151 m\u00f3don s\u0171r\u0171n veszi k\u00f6r\u00fcl a z\u00f6ld \u00e9s a v\u00edzi csatorn\u00e1k, \u00fagyhogy <strong>a szigor\u00fa modern \u00e9p\u00edt\u00e9szet \u00e9s a nyugodt term\u00e9szet k\u00f6z\u00f6tti kontraszt itt nagyon er\u0151s<\/strong>. Remek hely egy d\u00e9lut\u00e1ni s\u00e9t\u00e1hoz, amikor egy kicsit pihenni akarsz a n\u00e9ha zs\u00fafolt t\u00f6rt\u00e9nelmi utc\u00e1csk\u00e1kt\u00f3l a belv\u00e1rosban.<\/p>\n\n\n\n<figure data-wp-context=\"{&quot;imageId&quot;:&quot;6a9c1827621a7&quot;}\" data-wp-interactive=\"core\/image\" data-wp-key=\"6a9c1827621a7\" class=\"wp-block-image size-full wp-lightbox-container\"><img decoding=\"async\" width=\"1600\" height=\"2400\" data-wp-class--hide=\"state.isContentHidden\" data-wp-class--show=\"state.isContentVisible\" data-wp-init=\"callbacks.setButtonStyles\" data-wp-on--click=\"actions.showLightbox\" data-wp-on--load=\"callbacks.setButtonStyles\" data-wp-on--pointerdown=\"actions.preloadImage\" data-wp-on--pointerenter=\"actions.preloadImageWithDelay\" data-wp-on--pointerleave=\"actions.cancelPreload\" data-wp-on-window--resize=\"callbacks.setButtonStyles\" src=\"https:\/\/loudavymkrokem.cz\/wp-content\/uploads\/2026\/09\/grande-le.jpg\" alt=\"Grande \u00cele (az els\u0151 UNESCO-list\u00e1s negyed)\" class=\"wp-image-413208\" title=\"\" srcset=\"https:\/\/loudavymkrokem.cz\/wp-content\/uploads\/2026\/09\/grande-le.jpg 1600w, https:\/\/loudavymkrokem.cz\/wp-content\/uploads\/2026\/09\/grande-le-200x300.jpg 200w, https:\/\/loudavymkrokem.cz\/wp-content\/uploads\/2026\/09\/grande-le-700x1050.jpg 700w, https:\/\/loudavymkrokem.cz\/wp-content\/uploads\/2026\/09\/grande-le-768x1152.jpg 768w, https:\/\/loudavymkrokem.cz\/wp-content\/uploads\/2026\/09\/grande-le-1024x1536.jpg 1024w, https:\/\/loudavymkrokem.cz\/wp-content\/uploads\/2026\/09\/grande-le-1365x2048.jpg 1365w, https:\/\/loudavymkrokem.cz\/wp-content\/uploads\/2026\/09\/grande-le-696x1044.jpg 696w, https:\/\/loudavymkrokem.cz\/wp-content\/uploads\/2026\/09\/grande-le-1392x2088.jpg 1392w\" sizes=\"(max-width: 1600px) 100vw, 1600px\" \/><button\n\t\t\tclass=\"lightbox-trigger\"\n\t\t\ttype=\"button\"\n\t\t\taria-haspopup=\"dialog\"\n\t\t\tdata-wp-bind--aria-label=\"state.thisImage.triggerButtonAriaLabel\"\n\t\t\tdata-wp-init=\"callbacks.initTriggerButton\"\n\t\t\tdata-wp-on--click=\"actions.showLightbox\"\n\t\t\tdata-wp-style--right=\"state.thisImage.buttonRight\"\n\t\t\tdata-wp-style--top=\"state.thisImage.buttonTop\"\n\t\t>\n\t\t\t<svg xmlns=\"http:\/\/www.w3.org\/2000\/svg\" width=\"12\" height=\"12\" fill=\"none\" viewBox=\"0 0 12 12\">\n\t\t\t\t<path fill=\"#fff\" d=\"M2 0a2 2 0 0 0-2 2v2h1.5V2a.5.5 0 0 1 .5-.5h2V0H2Zm2 10.5H2a.5.5 0 0 1-.5-.5V8H0v2a2 2 0 0 0 2 2h2v-1.5ZM8 12v-1.5h2a.5.5 0 0 0 .5-.5V8H12v2a2 2 0 0 1-2 2H8Zm2-12a2 2 0 0 1 2 2v2h-1.5V2a.5.5 0 0 0-.5-.5H8V0h2Z\" \/>\n\t\t\t<\/svg>\n\t\t<\/button><figcaption class=\"wp-element-caption\">Foto: Alberto Belli \/ Google Maps<\/figcaption><\/figure>\n\n\n\n<h3 class=\"wp-block-heading\"><span class=\"ez-toc-section\" id=\"11_Grande_Ile_az_elso_UNESCO-listas_negyed\"><\/span>11. Grande \u00cele (az els\u0151 UNESCO-list\u00e1s negyed)<span class=\"ez-toc-section-end\"><\/span><\/h3>\n\n\n\n<p class=\"wp-block-paragraph\">Strasbourg t\u00f6rt\u00e9nelmi magja a gy\u00f6ny\u00f6r\u0171 Grande \u00cele szigeten ter\u00fcl el, amelyet lust\u00e1n \u00f6lel k\u00f6rbe az Ill foly\u00f3 k\u00e9t \u00e1ga. Ez a sziget teljesen egyed\u00fcl\u00e1ll\u00f3 a vil\u00e1gon, mert <strong>1988-ban a t\u00f6rt\u00e9nelemben els\u0151k\u00e9nt az eg\u00e9sz v\u00e1rosnegyed eg\u00e9sz\u00e9ben ker\u00fclt fel az UNESCO vil\u00e1g\u00f6r\u00f6ks\u00e9gi list\u00e1j\u00e1ra<\/strong>. Nincs is min csod\u00e1lkozni, mert a gy\u00f6ny\u00f6r\u0171 t\u00f6rt\u00e9nelmi m\u0171eml\u00e9kek ekkora koncentr\u00e1ci\u00f3ja ilyen kis ter\u00fcleten t\u00e9nyleg teljesen kiv\u00e9teles.<\/p>\n\n\n\n<p class=\"wp-block-paragraph\">A szigeten val\u00f3 lass\u00fa s\u00e9ta k\u00f6zben t\u00f6k\u00e9letes p\u00e9ld\u00e1j\u00e1t l\u00e1thatod annak, hogyan fejl\u0151d\u00f6tt folyamatosan a v\u00e1ros a k\u00f6z\u00e9pkort\u00f3l a renesz\u00e1nszon \u00e1t a rendezett klasszicizmusig. <strong>A szokatlanul magas, meredek tet\u0151kkel \u00e9s rengeteg tet\u0151ablakkal rendelkez\u0151 h\u00e1zak, amelyek eredetileg \u00e1llatb\u0151r\u00f6k sz\u00e1r\u00edt\u00e1s\u00e1ra \u00e9s gabona t\u00e1rol\u00e1s\u00e1ra szolg\u00e1ltak<\/strong>, d\u00edszes palot\u00e1kkal \u00e9s fest\u0151i, rejtett terecsk\u00e9kkel v\u00e1ltakoznak. Mindezt r\u00e1ad\u00e1sul \u00f6sszek\u00f6ti a keskeny, macskak\u00f6ves utc\u00e1csk\u00e1k h\u00e1l\u00f3zata, amelyek egyenesen cs\u00e1b\u00edtanak a c\u00e9ltalan, romantikus bolyong\u00e1sra.<\/p>\n\n\n\n<p class=\"wp-block-paragraph\">A legjobb m\u00f3dja annak, hogy felfedezd a szigetet, az, hogy egyszer\u0171en terv n\u00e9lk\u00fcl indulsz el. Itt elt\u00e9vedni tulajdonk\u00e9ppen nem is lehet. <strong>Minden sarkon felfedezel valami \u00e9rdekes \u00e9p\u00edt\u00e9szeti r\u00e9szletet<\/strong>, egy rejtett z\u00f6ld udvart vagy egy kis p\u00e9ks\u00e9get, amely frissen s\u00fclt p\u00e9k\u00e1ru illat\u00e1t \u00e1rasztja. Az eg\u00e9sz szigetet k\u00e9nyelmesen k\u00f6rbe lehet j\u00e1rni gyalog egy kellemes d\u00e9lut\u00e1n alatt.<\/p>\n\n\n\n<figure data-wp-context=\"{&quot;imageId&quot;:&quot;6a9c1827627e0&quot;}\" data-wp-interactive=\"core\/image\" data-wp-key=\"6a9c1827627e0\" class=\"wp-block-image size-full wp-lightbox-container\"><img decoding=\"async\" width=\"1440\" height=\"1080\" data-wp-class--hide=\"state.isContentHidden\" data-wp-class--show=\"state.isContentVisible\" data-wp-init=\"callbacks.setButtonStyles\" data-wp-on--click=\"actions.showLightbox\" data-wp-on--load=\"callbacks.setButtonStyles\" data-wp-on--pointerdown=\"actions.preloadImage\" data-wp-on--pointerenter=\"actions.preloadImageWithDelay\" data-wp-on--pointerleave=\"actions.cancelPreload\" data-wp-on-window--resize=\"callbacks.setButtonStyles\" src=\"https:\/\/loudavymkrokem.cz\/wp-content\/uploads\/2026\/09\/neustadt.jpg\" alt=\"Neustadt (a n\u00e9met cs\u00e1sz\u00e1ri negyed)\" class=\"wp-image-413212\" title=\"\" srcset=\"https:\/\/loudavymkrokem.cz\/wp-content\/uploads\/2026\/09\/neustadt.jpg 1440w, https:\/\/loudavymkrokem.cz\/wp-content\/uploads\/2026\/09\/neustadt-300x225.jpg 300w, https:\/\/loudavymkrokem.cz\/wp-content\/uploads\/2026\/09\/neustadt-700x525.jpg 700w, https:\/\/loudavymkrokem.cz\/wp-content\/uploads\/2026\/09\/neustadt-768x576.jpg 768w, https:\/\/loudavymkrokem.cz\/wp-content\/uploads\/2026\/09\/neustadt-80x60.jpg 80w, https:\/\/loudavymkrokem.cz\/wp-content\/uploads\/2026\/09\/neustadt-160x120.jpg 160w, https:\/\/loudavymkrokem.cz\/wp-content\/uploads\/2026\/09\/neustadt-696x522.jpg 696w, https:\/\/loudavymkrokem.cz\/wp-content\/uploads\/2026\/09\/neustadt-1392x1044.jpg 1392w\" sizes=\"(max-width: 1440px) 100vw, 1440px\" \/><button\n\t\t\tclass=\"lightbox-trigger\"\n\t\t\ttype=\"button\"\n\t\t\taria-haspopup=\"dialog\"\n\t\t\tdata-wp-bind--aria-label=\"state.thisImage.triggerButtonAriaLabel\"\n\t\t\tdata-wp-init=\"callbacks.initTriggerButton\"\n\t\t\tdata-wp-on--click=\"actions.showLightbox\"\n\t\t\tdata-wp-style--right=\"state.thisImage.buttonRight\"\n\t\t\tdata-wp-style--top=\"state.thisImage.buttonTop\"\n\t\t>\n\t\t\t<svg xmlns=\"http:\/\/www.w3.org\/2000\/svg\" width=\"12\" height=\"12\" fill=\"none\" viewBox=\"0 0 12 12\">\n\t\t\t\t<path fill=\"#fff\" d=\"M2 0a2 2 0 0 0-2 2v2h1.5V2a.5.5 0 0 1 .5-.5h2V0H2Zm2 10.5H2a.5.5 0 0 1-.5-.5V8H0v2a2 2 0 0 0 2 2h2v-1.5ZM8 12v-1.5h2a.5.5 0 0 0 .5-.5V8H12v2a2 2 0 0 1-2 2H8Zm2-12a2 2 0 0 1 2 2v2h-1.5V2a.5.5 0 0 0-.5-.5H8V0h2Z\" \/>\n\t\t\t<\/svg>\n\t\t<\/button><figcaption class=\"wp-element-caption\">Foto: M. E. \/ Google Maps<\/figcaption><\/figure>\n\n\n\n<h3 class=\"wp-block-heading\"><span class=\"ez-toc-section\" id=\"12_Neustadt_a_nemet_csaszari_negyed\"><\/span>12. Neustadt (a n\u00e9met cs\u00e1sz\u00e1ri negyed)<span class=\"ez-toc-section-end\"><\/span><\/h3>\n\n\n\n<p class=\"wp-block-paragraph\">Miut\u00e1n a v\u00e1rost a tizenkilencedik sz\u00e1zad v\u00e9g\u00e9n k\u00e9nyszer\u0171en a N\u00e9met Birodalomhoz csatolt\u00e1k, a n\u00e9metek \u00fagy d\u00f6nt\u00f6ttek, hogy egy teljesen \u00faj, nagyon reprezentat\u00edv negyedet \u00e9p\u00edtenek, amely megmutatja az akkori hatalmukat \u00e9s m\u00e9rhetetlen gazdags\u00e1gukat. \u00cdgy j\u00f6tt l\u00e9tre a Neustadt, azaz az \u00daj v\u00e1ros, amely <strong>2017 \u00f3ta az UNESCO tekint\u00e9lyes list\u00e1j\u00e1n val\u00f3 bejegyz\u00e9s \u00fajabb hivatalos kiterjeszt\u00e9s\u00e9v\u00e9 v\u00e1lt<\/strong>. Ez a negyed teljes \u00e9s leny\u0171g\u00f6z\u0151 ellent\u00e9te az \u00f3v\u00e1ros keskeny utc\u00e1csk\u00e1inak.<\/p>\n\n\n\n<p class=\"wp-block-paragraph\">Itt <strong>hatalmas, sz\u00e9les, magasra n\u0151tt f\u00e1kkal szeg\u00e9lyezett sug\u00e1rutakat, \u00f3ri\u00e1si k\u00f6r alak\u00fa tereket \u00e9s monument\u00e1lis k\u00f6z\u00e9p\u00fcleteket<\/strong> tal\u00e1lsz, amelyek a neog\u00f3tika, a neorenesz\u00e1nsz \u00e9s a d\u00edszes szecesszi\u00f3 k\u00fcl\u00f6n\u00f6s kever\u00e9k\u00e9ben \u00e9p\u00fcltek. Ennek az eg\u00e9sz pomp\u00e1s negyednek a k\u00f6z\u00e9ppontja a Place de la R\u00e9publique t\u00e9r a Nemzeti Sz\u00ednh\u00e1z \u00e9p\u00fclet\u00e9vel \u00e9s a l\u00e9legzetel\u00e1ll\u00edt\u00f3 egyetemi k\u00f6nyvt\u00e1rral.<\/p>\n\n\n\n<p class=\"wp-block-paragraph\">A s\u00e9ta ebben a nyugodt negyedben <strong>t\u00f6k\u00e9letesen szeml\u00e9lteti Strasbourg gyakran emlegetett kett\u0151s identit\u00e1s\u00e1t<\/strong>, amikor a tipikusan francia k\u00f6z\u00e9pkorb\u00f3l \u00e1tl\u00e9psz a tizenkilencedik sz\u00e1zad v\u00e9gi mintaszer\u0171 n\u00e9met urbanizmusba. Sok itteni lak\u00f3h\u00e1znak gy\u00f6ny\u00f6r\u0171 szecesszi\u00f3s homlokzata van gazdag vir\u00e1gd\u00edszekkel, amelyeket mindenk\u00e9pp \u00e9rdemes k\u00f6zelebbr\u0151l is megvizsg\u00e1lni f\u00e9nyk\u00e9pez\u0151g\u00e9ppel a k\u00e9zben.<\/p>\n\n\n\n<figure data-wp-context=\"{&quot;imageId&quot;:&quot;6a9c182762cdb&quot;}\" data-wp-interactive=\"core\/image\" data-wp-key=\"6a9c182762cdb\" class=\"wp-block-image size-full wp-lightbox-container\"><img decoding=\"async\" width=\"1600\" height=\"1200\" data-wp-class--hide=\"state.isContentHidden\" data-wp-class--show=\"state.isContentVisible\" data-wp-init=\"callbacks.setButtonStyles\" data-wp-on--click=\"actions.showLightbox\" data-wp-on--load=\"callbacks.setButtonStyles\" data-wp-on--pointerdown=\"actions.preloadImage\" data-wp-on--pointerenter=\"actions.preloadImageWithDelay\" data-wp-on--pointerleave=\"actions.cancelPreload\" data-wp-on-window--resize=\"callbacks.setButtonStyles\" src=\"https:\/\/loudavymkrokem.cz\/wp-content\/uploads\/2026\/09\/place-kl-ber.jpg\" alt=\"Place Kl\u00e9ber\" class=\"wp-image-413217\" title=\"\" srcset=\"https:\/\/loudavymkrokem.cz\/wp-content\/uploads\/2026\/09\/place-kl-ber.jpg 1600w, https:\/\/loudavymkrokem.cz\/wp-content\/uploads\/2026\/09\/place-kl-ber-300x225.jpg 300w, https:\/\/loudavymkrokem.cz\/wp-content\/uploads\/2026\/09\/place-kl-ber-700x525.jpg 700w, https:\/\/loudavymkrokem.cz\/wp-content\/uploads\/2026\/09\/place-kl-ber-768x576.jpg 768w, https:\/\/loudavymkrokem.cz\/wp-content\/uploads\/2026\/09\/place-kl-ber-1536x1152.jpg 1536w, https:\/\/loudavymkrokem.cz\/wp-content\/uploads\/2026\/09\/place-kl-ber-80x60.jpg 80w, https:\/\/loudavymkrokem.cz\/wp-content\/uploads\/2026\/09\/place-kl-ber-160x120.jpg 160w, https:\/\/loudavymkrokem.cz\/wp-content\/uploads\/2026\/09\/place-kl-ber-696x522.jpg 696w, https:\/\/loudavymkrokem.cz\/wp-content\/uploads\/2026\/09\/place-kl-ber-1392x1044.jpg 1392w\" sizes=\"(max-width: 1600px) 100vw, 1600px\" \/><button\n\t\t\tclass=\"lightbox-trigger\"\n\t\t\ttype=\"button\"\n\t\t\taria-haspopup=\"dialog\"\n\t\t\tdata-wp-bind--aria-label=\"state.thisImage.triggerButtonAriaLabel\"\n\t\t\tdata-wp-init=\"callbacks.initTriggerButton\"\n\t\t\tdata-wp-on--click=\"actions.showLightbox\"\n\t\t\tdata-wp-style--right=\"state.thisImage.buttonRight\"\n\t\t\tdata-wp-style--top=\"state.thisImage.buttonTop\"\n\t\t>\n\t\t\t<svg xmlns=\"http:\/\/www.w3.org\/2000\/svg\" width=\"12\" height=\"12\" fill=\"none\" viewBox=\"0 0 12 12\">\n\t\t\t\t<path fill=\"#fff\" d=\"M2 0a2 2 0 0 0-2 2v2h1.5V2a.5.5 0 0 1 .5-.5h2V0H2Zm2 10.5H2a.5.5 0 0 1-.5-.5V8H0v2a2 2 0 0 0 2 2h2v-1.5ZM8 12v-1.5h2a.5.5 0 0 0 .5-.5V8H12v2a2 2 0 0 1-2 2H8Zm2-12a2 2 0 0 1 2 2v2h-1.5V2a.5.5 0 0 0-.5-.5H8V0h2Z\" \/>\n\t\t\t<\/svg>\n\t\t<\/button><figcaption class=\"wp-element-caption\">Foto: Curzio Pinnelli \/ Google Maps<\/figcaption><\/figure>\n\n\n\n<h3 class=\"wp-block-heading\"><span class=\"ez-toc-section\" id=\"13_Place_Kleber\"><\/span>13. Place Kl\u00e9ber<span class=\"ez-toc-section-end\"><\/span><\/h3>\n\n\n\n<p class=\"wp-block-paragraph\">A belv\u00e1ros f\u0151 \u00e9s ter\u00fcletileg legnagyobb tere a Place Kl\u00e9ber, amely megb\u00edzhat\u00f3an szolg\u00e1l az \u00f6sszes helyi lakos term\u00e9szetes tal\u00e1lkoz\u00f3helyek\u00e9nt. Az eg\u00e9sz hatalmas t\u00e9r <strong>egy t\u00e1gas s\u00e9t\u00e1l\u00f3\u00f6vezetk\u00e9nt m\u0171k\u00f6dik, amelyet gy\u00f6ny\u00f6r\u0171 t\u00f6rt\u00e9nelmi \u00e9p\u00fcletek vesznek k\u00f6r\u00fcl<\/strong>, amelyekben ma luxus vil\u00e1gm\u00e1rk\u00e1k boltjai, t\u00e1gas k\u00e1v\u00e9z\u00f3k \u00e9s neves \u00e9ttermek tal\u00e1lhat\u00f3k. A teret a h\u00edres t\u00e1bornokr\u00f3l, Jean-Baptiste Kl\u00e9berr\u0151l nevezt\u00e9k el, akinek a bronzszobra \u00e9pp k\u00f6z\u00e9pen \u00e1ll, \u00e9s amely alatt m\u00e9g a val\u00f3di maradv\u00e1nyai is nyugszanak.<\/p>\n\n\n\n<p class=\"wp-block-paragraph\">Ez a t\u00e9r eg\u00e9sz \u00e9vben tele van sz\u00fcntelen \u00e9lettel. A helyiek idej\u00e1rnak v\u00e1s\u00e1rolni, egy d\u00e9lut\u00e1ni k\u00e1v\u00e9ra el\u00fcld\u00f6g\u00e9lni vagy a k\u00fcl\u00f6nf\u00e9le utcai m\u0171v\u00e9szeket n\u00e9zni. <strong>A t\u00e9r legszebb \u00e9p\u00fclete k\u00e9ts\u00e9gtelen\u00fcl az Aubette<\/strong>, egy tizennyolcadik sz\u00e1zadi klasszicista palota, amely r\u00e9gen katonai \u0151rh\u00e1zk\u00e9nt szolg\u00e1lt, ma pedig egy bev\u00e1s\u00e1rl\u00f3k\u00f6zpontot \u00e9s a huszadik sz\u00e1zad h\u00faszas \u00e9veib\u0151l sz\u00e1rmaz\u00f3, egyed\u00fcl\u00e1ll\u00f3 avantg\u00e1rd d\u00edsz\u00edt\u00e9s\u0171 t\u00f6rt\u00e9nelmi termeket rejt.<\/p>\n\n\n\n<p class=\"wp-block-paragraph\">Advent idej\u00e9n a t\u00e9r var\u00e1zslatosan az esem\u00e9nyek abszol\u00fat k\u00f6zpontj\u00e1v\u00e1 v\u00e1ltozik, mert <strong>\u00e9pp itt \u00e1ll\u00edtj\u00e1k fel nagy pomp\u00e1val a hatalmas, gy\u00f6ny\u00f6r\u0171en feld\u00edsz\u00edtett kar\u00e1csonyf\u00e1t<\/strong>, amely a v\u00e1ros egyik legnagyobb szimb\u00f3luma. De adventen k\u00edv\u00fcl is teljesen ki\u00e9lvezed itt egy pezsg\u0151, modern eur\u00f3pai nagyv\u00e1ros remek hangulat\u00e1t.<\/p>\n\n\n\n<figure data-wp-context=\"{&quot;imageId&quot;:&quot;6a9c182763172&quot;}\" data-wp-interactive=\"core\/image\" data-wp-key=\"6a9c182763172\" class=\"wp-block-image size-full wp-lightbox-container\"><img decoding=\"async\" width=\"1600\" height=\"1200\" data-wp-class--hide=\"state.isContentHidden\" data-wp-class--show=\"state.isContentVisible\" data-wp-init=\"callbacks.setButtonStyles\" data-wp-on--click=\"actions.showLightbox\" data-wp-on--load=\"callbacks.setButtonStyles\" data-wp-on--pointerdown=\"actions.preloadImage\" data-wp-on--pointerenter=\"actions.preloadImageWithDelay\" data-wp-on--pointerleave=\"actions.cancelPreload\" data-wp-on-window--resize=\"callbacks.setButtonStyles\" src=\"https:\/\/loudavymkrokem.cz\/wp-content\/uploads\/2026\/09\/parc-de-l-orangerie.jpg\" alt=\"Parc de l&#039;Orangerie\" class=\"wp-image-413221\" title=\"\" srcset=\"https:\/\/loudavymkrokem.cz\/wp-content\/uploads\/2026\/09\/parc-de-l-orangerie.jpg 1600w, https:\/\/loudavymkrokem.cz\/wp-content\/uploads\/2026\/09\/parc-de-l-orangerie-300x225.jpg 300w, https:\/\/loudavymkrokem.cz\/wp-content\/uploads\/2026\/09\/parc-de-l-orangerie-700x525.jpg 700w, https:\/\/loudavymkrokem.cz\/wp-content\/uploads\/2026\/09\/parc-de-l-orangerie-768x576.jpg 768w, https:\/\/loudavymkrokem.cz\/wp-content\/uploads\/2026\/09\/parc-de-l-orangerie-1536x1152.jpg 1536w, https:\/\/loudavymkrokem.cz\/wp-content\/uploads\/2026\/09\/parc-de-l-orangerie-80x60.jpg 80w, https:\/\/loudavymkrokem.cz\/wp-content\/uploads\/2026\/09\/parc-de-l-orangerie-160x120.jpg 160w, https:\/\/loudavymkrokem.cz\/wp-content\/uploads\/2026\/09\/parc-de-l-orangerie-696x522.jpg 696w, https:\/\/loudavymkrokem.cz\/wp-content\/uploads\/2026\/09\/parc-de-l-orangerie-1392x1044.jpg 1392w\" sizes=\"(max-width: 1600px) 100vw, 1600px\" \/><button\n\t\t\tclass=\"lightbox-trigger\"\n\t\t\ttype=\"button\"\n\t\t\taria-haspopup=\"dialog\"\n\t\t\tdata-wp-bind--aria-label=\"state.thisImage.triggerButtonAriaLabel\"\n\t\t\tdata-wp-init=\"callbacks.initTriggerButton\"\n\t\t\tdata-wp-on--click=\"actions.showLightbox\"\n\t\t\tdata-wp-style--right=\"state.thisImage.buttonRight\"\n\t\t\tdata-wp-style--top=\"state.thisImage.buttonTop\"\n\t\t>\n\t\t\t<svg xmlns=\"http:\/\/www.w3.org\/2000\/svg\" width=\"12\" height=\"12\" fill=\"none\" viewBox=\"0 0 12 12\">\n\t\t\t\t<path fill=\"#fff\" d=\"M2 0a2 2 0 0 0-2 2v2h1.5V2a.5.5 0 0 1 .5-.5h2V0H2Zm2 10.5H2a.5.5 0 0 1-.5-.5V8H0v2a2 2 0 0 0 2 2h2v-1.5ZM8 12v-1.5h2a.5.5 0 0 0 .5-.5V8H12v2a2 2 0 0 1-2 2H8Zm2-12a2 2 0 0 1 2 2v2h-1.5V2a.5.5 0 0 0-.5-.5H8V0h2Z\" \/>\n\t\t\t<\/svg>\n\t\t<\/button><figcaption class=\"wp-element-caption\">Foto: dante coccia \/ Google Maps<\/figcaption><\/figure>\n\n\n\n<h3 class=\"wp-block-heading\"><span class=\"ez-toc-section\" id=\"14_Parc_de_lOrangerie\"><\/span>14. Parc de l&#8217;Orangerie<span class=\"ez-toc-section-end\"><\/span><\/h3>\n\n\n\n<p class=\"wp-block-paragraph\">Ha egy kicsit pihenni szeretn\u00e9l a nagyv\u00e1ros zaj\u00e1t\u00f3l, \u00e9s \u00faj energi\u00e1t mer\u00edteni a term\u00e9szetben, indulj a Parc de l&#8217;Orangerie-be. Ez a tizenhetedik sz\u00e1zadb\u00f3l sz\u00e1rmaz\u00f3 leny\u0171g\u00f6z\u0151 park <strong>a v\u00e1ros legnagyobb \u00e9s legr\u00e9gebbi parkja<\/strong>, \u00e9s a modern eur\u00f3pai negyed k\u00f6zvetlen k\u00f6zel\u00e9ben tal\u00e1lhat\u00f3. Eredetileg ritka narancsf\u00e1kat termesztettek itt. Ki gondolta volna, hogy ebb\u0151l egyszer a v\u00e1ros legnagyobb parkja lesz.<\/p>\n\n\n\n<p class=\"wp-block-paragraph\">Ma ez egy hatalmas \u00e9s gondosan karbantartott z\u00f6ld o\u00e1zis egy t\u00e1gas t\u00f3val, ahol a <strong>meleg ny\u00e1ri h\u00f3napokban k\u00f6lcs\u00f6n\u00f6zhetsz egy kis cs\u00f3nakot, \u00e9s evezhetsz a nyugodt v\u00edzfel\u00fcleten<\/strong>. A parkot sz\u00e9les homokos \u00f6sv\u00e9nyek s\u0171r\u0171 h\u00e1l\u00f3zata sz\u00f6vi \u00e1t, gy\u00f6ny\u00f6r\u0171 vir\u00e1g\u00e1gy\u00e1sokra, csobog\u00f3 sz\u00f6k\u0151kutakra, s\u0151t m\u00e9g egy kis \u00e1llatkertre is r\u00e1bukkansz. A park k\u00f6zep\u00e9n l\u00e9v\u0151 pavilonban r\u00e1ad\u00e1sul egy luxus\u00e9tterem tal\u00e1lhat\u00f3 gy\u00f6ny\u00f6r\u0171 terasszal az \u00fcnnepi eb\u00e9dhez.<\/p>\n\n\n\n<p class=\"wp-block-paragraph\">\ud83d\udca1 Tipp: A park hatalmas sz\u00e1m\u00fa vadg\u00f3ly\u00e1nak is otthona, amelyek eg\u00e9sz Elz\u00e1sz \u00e1llati szimb\u00f3lumai. <strong>Itt szabadon n\u00e9zheted \u0151ket, ahogy a hatalmas f\u00e9szkeiket \u00e9p\u00edtik magasan a magasra n\u0151tt f\u00e1k koron\u00e1iban<\/strong>, ami olyan \u00e9lm\u00e9ny, amely garant\u00e1ltan elb\u0171v\u00f6li nemcsak a kisgyerekeket, hanem a feln\u0151tt l\u00e1togat\u00f3kat is.<\/p>\n\n\n\n<figure data-wp-context=\"{&quot;imageId&quot;:&quot;6a9c1827636fa&quot;}\" data-wp-interactive=\"core\/image\" data-wp-key=\"6a9c1827636fa\" class=\"wp-block-image size-full wp-lightbox-container\"><img decoding=\"async\" width=\"1600\" height=\"1183\" data-wp-class--hide=\"state.isContentHidden\" data-wp-class--show=\"state.isContentVisible\" data-wp-init=\"callbacks.setButtonStyles\" data-wp-on--click=\"actions.showLightbox\" data-wp-on--load=\"callbacks.setButtonStyles\" data-wp-on--pointerdown=\"actions.preloadImage\" data-wp-on--pointerenter=\"actions.preloadImageWithDelay\" data-wp-on--pointerleave=\"actions.cancelPreload\" data-wp-on-window--resize=\"callbacks.setButtonStyles\" src=\"https:\/\/loudavymkrokem.cz\/wp-content\/uploads\/2026\/09\/parc-de-l-toile.jpg\" alt=\"Parc de l&#039;\u00c9toile\" class=\"wp-image-413224\" title=\"\" srcset=\"https:\/\/loudavymkrokem.cz\/wp-content\/uploads\/2026\/09\/parc-de-l-toile.jpg 1600w, https:\/\/loudavymkrokem.cz\/wp-content\/uploads\/2026\/09\/parc-de-l-toile-300x222.jpg 300w, https:\/\/loudavymkrokem.cz\/wp-content\/uploads\/2026\/09\/parc-de-l-toile-700x518.jpg 700w, https:\/\/loudavymkrokem.cz\/wp-content\/uploads\/2026\/09\/parc-de-l-toile-768x568.jpg 768w, https:\/\/loudavymkrokem.cz\/wp-content\/uploads\/2026\/09\/parc-de-l-toile-1536x1136.jpg 1536w, https:\/\/loudavymkrokem.cz\/wp-content\/uploads\/2026\/09\/parc-de-l-toile-80x60.jpg 80w, https:\/\/loudavymkrokem.cz\/wp-content\/uploads\/2026\/09\/parc-de-l-toile-696x515.jpg 696w, https:\/\/loudavymkrokem.cz\/wp-content\/uploads\/2026\/09\/parc-de-l-toile-1392x1029.jpg 1392w\" sizes=\"(max-width: 1600px) 100vw, 1600px\" \/><button\n\t\t\tclass=\"lightbox-trigger\"\n\t\t\ttype=\"button\"\n\t\t\taria-haspopup=\"dialog\"\n\t\t\tdata-wp-bind--aria-label=\"state.thisImage.triggerButtonAriaLabel\"\n\t\t\tdata-wp-init=\"callbacks.initTriggerButton\"\n\t\t\tdata-wp-on--click=\"actions.showLightbox\"\n\t\t\tdata-wp-style--right=\"state.thisImage.buttonRight\"\n\t\t\tdata-wp-style--top=\"state.thisImage.buttonTop\"\n\t\t>\n\t\t\t<svg xmlns=\"http:\/\/www.w3.org\/2000\/svg\" width=\"12\" height=\"12\" fill=\"none\" viewBox=\"0 0 12 12\">\n\t\t\t\t<path fill=\"#fff\" d=\"M2 0a2 2 0 0 0-2 2v2h1.5V2a.5.5 0 0 1 .5-.5h2V0H2Zm2 10.5H2a.5.5 0 0 1-.5-.5V8H0v2a2 2 0 0 0 2 2h2v-1.5ZM8 12v-1.5h2a.5.5 0 0 0 .5-.5V8H12v2a2 2 0 0 1-2 2H8Zm2-12a2 2 0 0 1 2 2v2h-1.5V2a.5.5 0 0 0-.5-.5H8V0h2Z\" \/>\n\t\t\t<\/svg>\n\t\t<\/button><figcaption class=\"wp-element-caption\">Foto: Zulfikar CEKIC \/ Google Maps<\/figcaption><\/figure>\n\n\n\n<h3 class=\"wp-block-heading\"><span class=\"ez-toc-section\" id=\"15_Parc_de_lEtoile\"><\/span>15. Parc de l&#8217;\u00c9toile<span class=\"ez-toc-section-end\"><\/span><\/h3>\n\n\n\n<p class=\"wp-block-paragraph\">Egy m\u00e1sik nagyon \u00e9rdekes z\u00f6ld ter\u00fclet, amelyet mindenk\u00e9pp \u00e9rdemes megl\u00e1togatnod, a Parc de l&#8217;\u00c9toile. A klasszikus \u00e9s szigor\u00faan szimmetrikus francia st\u00edlus\u00fa Orangerie parkkal szemben ez a t\u00e9r sokkal laz\u00e1bban \u00e9s modernebb\u00fcl van megkompon\u00e1lva. <strong>T\u00e1gas f\u00fcves dombokat, f\u00e1b\u00f3l k\u00e9sz\u00fclt pall\u00f3kat \u00e9s a v\u00edzi csatorn\u00e1kat szeg\u00e9lyez\u0151 sz\u00e9les \u00f6sv\u00e9nyeket tal\u00e1lsz itt<\/strong>, ami rendk\u00edv\u00fcl kedvelt helly\u00e9 teszi a piknikekhez \u00e9s a k\u00f6zeli egyetem hallgat\u00f3inak d\u00e9lut\u00e1ni kikapcsol\u00f3d\u00e1s\u00e1hoz.<\/p>\n\n\n\n<p class=\"wp-block-paragraph\">Ennek a parknak az egyik f\u0151 m\u0171v\u00e9szeti \u00e9rdekess\u00e9ge <strong>Mahatma Gandhi bronzszobra<\/strong>, amelyet az indiai korm\u00e1ny hivatalosan aj\u00e1nd\u00e9kozott a v\u00e1rosnak a b\u00e9ke \u00e9s az er\u0151szakmentess\u00e9g tart\u00f3s szimb\u00f3lumak\u00e9nt. A park remek z\u00f6ld \u00f6sszek\u00f6t\u0151 kapocsk\u00e9nt m\u0171k\u00f6dik a t\u00f6rt\u00e9nelmi belv\u00e1ros \u00e9s a modernebb d\u00e9li negyedek k\u00f6z\u00f6tt, \u00e9s a rengeteg elhelyezett padnak k\u00f6sz\u00f6nhet\u0151en nagyon kellemes pihen\u0151helyet k\u00edn\u00e1l.<\/p>\n\n\n\n<p class=\"wp-block-paragraph\">Az eg\u00e9sz t\u00e9r nagyon kedvelt a helyi biciklisek \u00e9s fut\u00f3k k\u00f6r\u00e9ben is, mert innen z\u00f6kken\u0151mentesen csatlakozhatsz a v\u00edzi csatorn\u00e1k ment\u00e9n, eg\u00e9szen a v\u00e1ros hat\u00e1r\u00e1n t\u00falra vezet\u0151, gondozott ker\u00e9kp\u00e1rutak kiterjedt h\u00e1l\u00f3zat\u00e1hoz. <strong>Ha a v\u00e1rosban bring\u00e1t tervezel k\u00f6lcs\u00f6n\u00f6zni, mindenk\u00e9pp azt aj\u00e1nlom, hogy \u00e9pp itt kezdd a kir\u00e1ndul\u00e1sodat<\/strong>.<\/p>\n\n\n\n<figure data-wp-context=\"{&quot;imageId&quot;:&quot;6a9c182763e79&quot;}\" data-wp-interactive=\"core\/image\" data-wp-key=\"6a9c182763e79\" class=\"wp-block-image size-full wp-lightbox-container\"><img decoding=\"async\" width=\"1600\" height=\"1200\" data-wp-class--hide=\"state.isContentHidden\" data-wp-class--show=\"state.isContentVisible\" data-wp-init=\"callbacks.setButtonStyles\" data-wp-on--click=\"actions.showLightbox\" data-wp-on--load=\"callbacks.setButtonStyles\" data-wp-on--pointerdown=\"actions.preloadImage\" data-wp-on--pointerenter=\"actions.preloadImageWithDelay\" data-wp-on--pointerleave=\"actions.cancelPreload\" data-wp-on-window--resize=\"callbacks.setButtonStyles\" src=\"https:\/\/loudavymkrokem.cz\/wp-content\/uploads\/2026\/09\/palais-rohan.jpg\" alt=\"Palais Rohan\" class=\"wp-image-413228\" title=\"\" srcset=\"https:\/\/loudavymkrokem.cz\/wp-content\/uploads\/2026\/09\/palais-rohan.jpg 1600w, https:\/\/loudavymkrokem.cz\/wp-content\/uploads\/2026\/09\/palais-rohan-300x225.jpg 300w, https:\/\/loudavymkrokem.cz\/wp-content\/uploads\/2026\/09\/palais-rohan-700x525.jpg 700w, https:\/\/loudavymkrokem.cz\/wp-content\/uploads\/2026\/09\/palais-rohan-768x576.jpg 768w, https:\/\/loudavymkrokem.cz\/wp-content\/uploads\/2026\/09\/palais-rohan-1536x1152.jpg 1536w, https:\/\/loudavymkrokem.cz\/wp-content\/uploads\/2026\/09\/palais-rohan-80x60.jpg 80w, https:\/\/loudavymkrokem.cz\/wp-content\/uploads\/2026\/09\/palais-rohan-160x120.jpg 160w, https:\/\/loudavymkrokem.cz\/wp-content\/uploads\/2026\/09\/palais-rohan-696x522.jpg 696w, https:\/\/loudavymkrokem.cz\/wp-content\/uploads\/2026\/09\/palais-rohan-1392x1044.jpg 1392w\" sizes=\"(max-width: 1600px) 100vw, 1600px\" \/><button\n\t\t\tclass=\"lightbox-trigger\"\n\t\t\ttype=\"button\"\n\t\t\taria-haspopup=\"dialog\"\n\t\t\tdata-wp-bind--aria-label=\"state.thisImage.triggerButtonAriaLabel\"\n\t\t\tdata-wp-init=\"callbacks.initTriggerButton\"\n\t\t\tdata-wp-on--click=\"actions.showLightbox\"\n\t\t\tdata-wp-style--right=\"state.thisImage.buttonRight\"\n\t\t\tdata-wp-style--top=\"state.thisImage.buttonTop\"\n\t\t>\n\t\t\t<svg xmlns=\"http:\/\/www.w3.org\/2000\/svg\" width=\"12\" height=\"12\" fill=\"none\" viewBox=\"0 0 12 12\">\n\t\t\t\t<path fill=\"#fff\" d=\"M2 0a2 2 0 0 0-2 2v2h1.5V2a.5.5 0 0 1 .5-.5h2V0H2Zm2 10.5H2a.5.5 0 0 1-.5-.5V8H0v2a2 2 0 0 0 2 2h2v-1.5ZM8 12v-1.5h2a.5.5 0 0 0 .5-.5V8H12v2a2 2 0 0 1-2 2H8Zm2-12a2 2 0 0 1 2 2v2h-1.5V2a.5.5 0 0 0-.5-.5H8V0h2Z\" \/>\n\t\t\t<\/svg>\n\t\t<\/button><figcaption class=\"wp-element-caption\">Foto: Kent Wang \/ Google Maps<\/figcaption><\/figure>\n\n\n\n<h3 class=\"wp-block-heading\"><span class=\"ez-toc-section\" id=\"16_Palais_Rohan\"><\/span>16. Palais Rohan<span class=\"ez-toc-section-end\"><\/span><\/h3>\n\n\n\n<p class=\"wp-block-paragraph\">Csak egy eg\u00e9szen kis darabon a f\u0151 katedr\u00e1list\u00f3l fens\u00e9gesen magasodik a <a href=\"https:\/\/en.musees.strasbourg.eu\/palais-rohan\" target=\"_blank\" rel=\"nofollow noopener\">Palais Rohan<\/a>, egy gy\u00f6ny\u00f6r\u0171 \u00e9s kiterjedt, tizennyolcadik sz\u00e1zadi barokk palota, amely egykor a strasbourgi p\u00fcsp\u00f6k\u00f6k pomp\u00e1s rezidenci\u00e1jak\u00e9nt szolg\u00e1lt a nagyon befoly\u00e1sos Rohan csal\u00e1db\u00f3l. <strong>Ezt a leny\u0171g\u00f6z\u0151 \u00e9p\u00fcletet sz\u00e9ps\u00e9ge miatt gyakran hasonl\u00edtj\u00e1k a p\u00e1rizsi palot\u00e1khoz<\/strong>, \u00e9s az Ill foly\u00f3 viz\u00e9ben t\u00fckr\u00f6z\u0151d\u0151 eleg\u00e1ns homlokzata a v\u00e1ros egyik legszebb l\u00e1tv\u00e1nya.<\/p>\n\n\n\n<p class=\"wp-block-paragraph\">Ma ez a hatalmas palota egyszerre h\u00e1rom jelent\u0151s v\u00e1rosi m\u00fazeumnak ad otthont, \u00fagyhogy minden m\u0171v\u00e9szet- \u00e9s m\u00e9lyt\u00f6rt\u00e9nelem-szeret\u0151 garant\u00e1ltan megtal\u00e1lja itt a sz\u00e1m\u00edt\u00e1s\u00e1t. <strong>A f\u00f6ldszinten a D\u00edsz\u00edt\u0151m\u0171v\u00e9szeti M\u00fazeum tal\u00e1lhat\u00f3, gy\u00f6ny\u00f6r\u0171en meg\u0151rz\u00f6tt eredeti p\u00fcsp\u00f6ki termekkel<\/strong>, az alagsorban a kiterjedt R\u00e9g\u00e9szeti M\u00fazeumot tal\u00e1lod, az els\u0151 emeleten pedig a Sz\u00e9pm\u0171v\u00e9szeti M\u00fazeumot a klasszikus eur\u00f3pai fest\u00e9szet leny\u0171g\u00f6z\u0151 gy\u0171jtem\u00e9ny\u00e9vel.<\/p>\n\n\n\n<p class=\"wp-block-paragraph\">M\u00e9g ha nem is vagy \u00e9pp a hossz\u00fa \u00e9s f\u00e1raszt\u00f3 m\u00fazeuml\u00e1togat\u00e1sok nagy rajong\u00f3ja, legal\u00e1bb a k\u00f6zponti udvarra mindenk\u00e9pp n\u00e9zz be, a bel\u00e9p\u00e9s ingyenes, \u00e9s a homlokzat meg\u00e9ri. Itt nyugodtan megcsod\u00e1lhatod a klasszikus francia palota\u00e9p\u00edt\u00e9szet t\u00f6k\u00e9letes szimmetri\u00e1j\u00e1t \u00e9s hihetetlen d\u00edszess\u00e9g\u00e9t.<\/p>\n\n\n\n<figure data-wp-context=\"{&quot;imageId&quot;:&quot;6a9c182764347&quot;}\" data-wp-interactive=\"core\/image\" data-wp-key=\"6a9c182764347\" class=\"wp-block-image size-full wp-lightbox-container\"><img decoding=\"async\" width=\"1600\" height=\"1105\" data-wp-class--hide=\"state.isContentHidden\" data-wp-class--show=\"state.isContentVisible\" data-wp-init=\"callbacks.setButtonStyles\" data-wp-on--click=\"actions.showLightbox\" data-wp-on--load=\"callbacks.setButtonStyles\" data-wp-on--pointerdown=\"actions.preloadImage\" data-wp-on--pointerenter=\"actions.preloadImageWithDelay\" data-wp-on--pointerleave=\"actions.cancelPreload\" data-wp-on-window--resize=\"callbacks.setButtonStyles\" src=\"https:\/\/loudavymkrokem.cz\/wp-content\/uploads\/2026\/09\/strasbourg-museum-of-modern-and-contemporary-art.jpg\" alt=\"Strasbourg Museum of Modern and Contemporary Art (MAMCS)\" class=\"wp-image-413231\" title=\"\" srcset=\"https:\/\/loudavymkrokem.cz\/wp-content\/uploads\/2026\/09\/strasbourg-museum-of-modern-and-contemporary-art.jpg 1600w, https:\/\/loudavymkrokem.cz\/wp-content\/uploads\/2026\/09\/strasbourg-museum-of-modern-and-contemporary-art-300x207.jpg 300w, https:\/\/loudavymkrokem.cz\/wp-content\/uploads\/2026\/09\/strasbourg-museum-of-modern-and-contemporary-art-700x483.jpg 700w, https:\/\/loudavymkrokem.cz\/wp-content\/uploads\/2026\/09\/strasbourg-museum-of-modern-and-contemporary-art-768x530.jpg 768w, https:\/\/loudavymkrokem.cz\/wp-content\/uploads\/2026\/09\/strasbourg-museum-of-modern-and-contemporary-art-1536x1061.jpg 1536w, https:\/\/loudavymkrokem.cz\/wp-content\/uploads\/2026\/09\/strasbourg-museum-of-modern-and-contemporary-art-696x481.jpg 696w, https:\/\/loudavymkrokem.cz\/wp-content\/uploads\/2026\/09\/strasbourg-museum-of-modern-and-contemporary-art-1392x961.jpg 1392w\" sizes=\"(max-width: 1600px) 100vw, 1600px\" \/><button\n\t\t\tclass=\"lightbox-trigger\"\n\t\t\ttype=\"button\"\n\t\t\taria-haspopup=\"dialog\"\n\t\t\tdata-wp-bind--aria-label=\"state.thisImage.triggerButtonAriaLabel\"\n\t\t\tdata-wp-init=\"callbacks.initTriggerButton\"\n\t\t\tdata-wp-on--click=\"actions.showLightbox\"\n\t\t\tdata-wp-style--right=\"state.thisImage.buttonRight\"\n\t\t\tdata-wp-style--top=\"state.thisImage.buttonTop\"\n\t\t>\n\t\t\t<svg xmlns=\"http:\/\/www.w3.org\/2000\/svg\" width=\"12\" height=\"12\" fill=\"none\" viewBox=\"0 0 12 12\">\n\t\t\t\t<path fill=\"#fff\" d=\"M2 0a2 2 0 0 0-2 2v2h1.5V2a.5.5 0 0 1 .5-.5h2V0H2Zm2 10.5H2a.5.5 0 0 1-.5-.5V8H0v2a2 2 0 0 0 2 2h2v-1.5ZM8 12v-1.5h2a.5.5 0 0 0 .5-.5V8H12v2a2 2 0 0 1-2 2H8Zm2-12a2 2 0 0 1 2 2v2h-1.5V2a.5.5 0 0 0-.5-.5H8V0h2Z\" \/>\n\t\t\t<\/svg>\n\t\t<\/button><figcaption class=\"wp-element-caption\">Foto: Mus\u00e9e d&#8217;Art Moderne et Contemporain de Strasbourg \/ Google Maps<\/figcaption><\/figure>\n\n\n\n<h3 class=\"wp-block-heading\"><span class=\"ez-toc-section\" id=\"17_Strasbourg_Museum_of_Modern_and_Contemporary_Art_MAMCS\"><\/span>17. Strasbourg Museum of Modern and Contemporary Art (MAMCS)<span class=\"ez-toc-section-end\"><\/span><\/h3>\n\n\n\n<p class=\"wp-block-paragraph\">Minden kicsit modernebb m\u0171v\u00e9szetet kedvel\u0151 sz\u00e1m\u00e1ra abszol\u00fat k\u00f6telez\u0151 a Modern \u00e9s Kort\u00e1rs M\u0171v\u00e9szeti M\u00fazeum l\u00e1togat\u00e1sa, amelyet a helyi lakosok r\u00f6viden csak <a href=\"https:\/\/en.musees.strasbourg.eu\/mamcs\" target=\"_blank\" rel=\"nofollow noopener\">MAMCS<\/a>-nek neveznek. M\u00e1r maga a m\u00fazeum \u00e9p\u00fclete is nagy \u00e9p\u00edt\u00e9szeti \u00e9lm\u00e9ny. <strong>Egy hatalmas \u00fcveg\u00e9p\u00fcletr\u0151l van sz\u00f3, amely egyenesen a foly\u00f3parton fekszik<\/strong>, \u00e9s fantasztikus, nagyon fotog\u00e9n vizu\u00e1lis kontrasztot alkot a k\u00f6zeli t\u00f6rt\u00e9nelmi Petite France negyeddel.<\/p>\n\n\n\n<p class=\"wp-block-paragraph\">Bel\u00fcl igaz\u00e1n kiterjedt m\u0171v\u00e9szeti gy\u0171jtem\u00e9nyek v\u00e1rnak r\u00e1d a tizenkilencedik sz\u00e1zad v\u00e9g\u00e9t\u0151l eg\u00e9szen napjainkig, <strong>bele\u00e9rtve a modern fotogr\u00e1fia \u00e9s grafika nagyon gazdag kollekci\u00f3j\u00e1t<\/strong>. Itt ki\u00e1ll\u00edtott m\u0171veket tal\u00e1lsz olyan h\u00edres mesterekt\u0151l, mint Kandinszkij, Picasso vagy Monet, de b\u0151s\u00e9ges teret szentelnek a kort\u00e1rs t\u00e9rbeli install\u00e1ci\u00f3knak \u00e9s az \u00edg\u00e9retes helyi elz\u00e1szi m\u0171v\u00e9szeknek is.<\/p>\n\n\n\n<p class=\"wp-block-paragraph\">\ud83d\udca1 Tipp: A ki\u00e1ll\u00edt\u00e1sok hossz\u00fa megtekint\u00e9se ut\u00e1n mindenk\u00e9pp l\u00e1togass el a m\u00fazeum k\u00e1v\u00e9z\u00f3j\u00e1ba, amely a nyitott tet\u0151teraszon tal\u00e1lhat\u00f3. <strong>Innen ny\u00edlik a t\u00f6rt\u00e9nelmi belv\u00e1rosra \u00e9s a Ponts Couverts tornyaira a turist\u00e1k k\u00f6r\u00e9ben legkev\u00e9sb\u00e9 ismert egyik legszebb kil\u00e1t\u00e1s<\/strong>, r\u00e1ad\u00e1sul teljes nyugalomban, messze a f\u0151 turistat\u00f6megekt\u0151l az alattad l\u00e9v\u0151 utc\u00e1kon.<\/p>\n\n\n\n<figure data-wp-context=\"{&quot;imageId&quot;:&quot;6a9c182764939&quot;}\" data-wp-interactive=\"core\/image\" data-wp-key=\"6a9c182764939\" class=\"wp-block-image size-full wp-lightbox-container\"><img decoding=\"async\" width=\"1600\" height=\"1066\" data-wp-class--hide=\"state.isContentHidden\" data-wp-class--show=\"state.isContentVisible\" data-wp-init=\"callbacks.setButtonStyles\" data-wp-on--click=\"actions.showLightbox\" data-wp-on--load=\"callbacks.setButtonStyles\" data-wp-on--pointerdown=\"actions.preloadImage\" data-wp-on--pointerenter=\"actions.preloadImageWithDelay\" data-wp-on--pointerleave=\"actions.cancelPreload\" data-wp-on-window--resize=\"callbacks.setButtonStyles\" src=\"https:\/\/loudavymkrokem.cz\/wp-content\/uploads\/2026\/09\/mus-e-alsacien.jpg\" alt=\"Mus\u00e9e Alsacien\" class=\"wp-image-413235\" title=\"\" srcset=\"https:\/\/loudavymkrokem.cz\/wp-content\/uploads\/2026\/09\/mus-e-alsacien.jpg 1600w, https:\/\/loudavymkrokem.cz\/wp-content\/uploads\/2026\/09\/mus-e-alsacien-300x200.jpg 300w, https:\/\/loudavymkrokem.cz\/wp-content\/uploads\/2026\/09\/mus-e-alsacien-700x466.jpg 700w, https:\/\/loudavymkrokem.cz\/wp-content\/uploads\/2026\/09\/mus-e-alsacien-768x512.jpg 768w, https:\/\/loudavymkrokem.cz\/wp-content\/uploads\/2026\/09\/mus-e-alsacien-1536x1023.jpg 1536w, https:\/\/loudavymkrokem.cz\/wp-content\/uploads\/2026\/09\/mus-e-alsacien-696x464.jpg 696w, https:\/\/loudavymkrokem.cz\/wp-content\/uploads\/2026\/09\/mus-e-alsacien-1392x927.jpg 1392w\" sizes=\"(max-width: 1600px) 100vw, 1600px\" \/><button\n\t\t\tclass=\"lightbox-trigger\"\n\t\t\ttype=\"button\"\n\t\t\taria-haspopup=\"dialog\"\n\t\t\tdata-wp-bind--aria-label=\"state.thisImage.triggerButtonAriaLabel\"\n\t\t\tdata-wp-init=\"callbacks.initTriggerButton\"\n\t\t\tdata-wp-on--click=\"actions.showLightbox\"\n\t\t\tdata-wp-style--right=\"state.thisImage.buttonRight\"\n\t\t\tdata-wp-style--top=\"state.thisImage.buttonTop\"\n\t\t>\n\t\t\t<svg xmlns=\"http:\/\/www.w3.org\/2000\/svg\" width=\"12\" height=\"12\" fill=\"none\" viewBox=\"0 0 12 12\">\n\t\t\t\t<path fill=\"#fff\" d=\"M2 0a2 2 0 0 0-2 2v2h1.5V2a.5.5 0 0 1 .5-.5h2V0H2Zm2 10.5H2a.5.5 0 0 1-.5-.5V8H0v2a2 2 0 0 0 2 2h2v-1.5ZM8 12v-1.5h2a.5.5 0 0 0 .5-.5V8H12v2a2 2 0 0 1-2 2H8Zm2-12a2 2 0 0 1 2 2v2h-1.5V2a.5.5 0 0 0-.5-.5H8V0h2Z\" \/>\n\t\t\t<\/svg>\n\t\t<\/button><figcaption class=\"wp-element-caption\">Foto: Bertrand Strasbourg \/ Google Maps<\/figcaption><\/figure>\n\n\n\n<h3 class=\"wp-block-heading\"><span class=\"ez-toc-section\" id=\"18_Musee_Alsacien\"><\/span>18. Mus\u00e9e Alsacien<span class=\"ez-toc-section-end\"><\/span><\/h3>\n\n\n\n<p class=\"wp-block-paragraph\">Ha igaz\u00e1n m\u00e9lyen szeretn\u00e9l behatolni ennek a r\u00e9gi\u00f3nak a lelk\u00e9be, el\u0151bb l\u00e1togass el a <a href=\"https:\/\/en.musees.strasbourg.eu\/alsatian-museum\" target=\"_blank\" rel=\"nofollow noopener\">Mus\u00e9e Alsacienbe<\/a>. T\u00f6bb, egym\u00e1ssal \u00f6sszek\u00f6t\u00f6tt t\u00f6rt\u00e9nelmi fav\u00e1zas h\u00e1zban tal\u00e1lhat\u00f3, \u00e9s <strong>gy\u00f6ny\u00f6r\u0171en mutatja be a hagyom\u00e1nyos elz\u00e1szi n\u00e9pi \u00e9letet, a vid\u00e9ki szok\u00e1sokat \u00e9s a korabeli k\u00e9zm\u0171vess\u00e9get<\/strong>. Minden egy teljesen autentikus \u00e9s kiss\u00e9 zegzugos, nyikorg\u00f3 fal\u00e9pcs\u0151kkel teli t\u00f6rt\u00e9nelmi k\u00f6rnyezetbe van \u00e1gyazva.<\/p>\n\n\n\n<p class=\"wp-block-paragraph\">Ennek k\u00f6sz\u00f6nhet\u0151en remek kontextust kapsz ahhoz, amit azt\u00e1n az utc\u00e1kon l\u00e1tsz, \u00e9s jobban meg\u00e9rted, hogyan is \u00e9ltek itt az emberek. Megtudod, mely k\u00e9zm\u0171vess\u00e9gek domin\u00e1ltak a ter\u00fcleten, l\u00e1tod a jellegzetes n\u00e9pviseleteket, \u00e9s r\u00f6gt\u00f6n m\u00e9g nagyobb \u00e9rtelmet nyer sz\u00e1modra a k\u00f6rnyez\u0151 \u00e9p\u00edt\u00e9szet.<\/p>\n\n\n\n<h2 class=\"wp-block-heading\"><span class=\"ez-toc-section\" id=\"Hova_tovabb_Strasbourgbol\"><\/span>Hov\u00e1 tov\u00e1bb Strasbourgb\u00f3l<span class=\"ez-toc-section-end\"><\/span><\/h2>\n\n\n\n<p class=\"wp-block-paragraph\">Strasbourg <strong>teljesen ide\u00e1lis b\u00e1zisk\u00e9nt m\u0171k\u00f6dik eg\u00e9sz Elz\u00e1sz felfedez\u00e9s\u00e9hez<\/strong>. Kevesebb mint egy \u00f3ra aut\u00f3z\u00e1ssal eljutsz mes\u00e9be ill\u0151 falvakba, amelyek \u00fagy n\u00e9znek ki, mint egy t\u00f6rt\u00e9nelmi film d\u00edszletei. Ha aut\u00f3 \u00e1ll a rendelkez\u00e9sedre, <strong>mindenk\u00e9pp ne hagyd ki az \u00fatvonalunkat az <a href=\"https:\/\/loudavymkrokem.cz\/hu\/elzasz-franciaorszag-legszebb-falvai\/\">Elz\u00e1szi bor\u00faton: a 12 legszebb falu<\/a> c\u00edm\u0171 cikkben<\/strong>, ahol r\u00e9szletesen le\u00edrjuk a meg\u00e1ll\u00f3kat az \u00fatvonalon olyan v\u00e1rosk\u00e1kon \u00e1t, mint Riquewihr vagy Kaysersberg.<\/p>\n\n\n\n<p class=\"wp-block-paragraph\">K\u00fcl\u00f6n l\u00e1togat\u00e1sra mindenk\u00e9pp \u00e9rdemes az elz\u00e1szi bor f\u0151v\u00e1rosa, amelyr\u0151l a <a href=\"https:\/\/loudavymkrokem.cz\/hu\/colmar-franciaorszag-francia-velence\/\">Colmar, Franciaorsz\u00e1g<\/a> \u00fatikalauzban \u00edrtunk r\u00e9szletesen. Ez egy kisebb \u00e9s m\u00e9g egy kicsit koncentr\u00e1ltabb v\u00e1ltozata Strasbourgnak a l\u00e9legzetel\u00e1ll\u00edt\u00f3, Kis-Velence nev\u0171 negyeddel.<\/p>\n\n\n\n<p class=\"wp-block-paragraph\">Amikor tov\u00e1bbi inspir\u00e1ci\u00f3t keresel a k\u00f6rny\u00e9kbeli kir\u00e1ndul\u00e1sokhoz, a t\u00e9rk\u00e9peken tal\u00e1n az \u00c9comus\u00e9e d&#8217;Alsace-ra vagy a MM Park katonai m\u00fazeumra bukkansz, de ne hagyd magad megt\u00e9veszteni. Az \u00c9comus\u00e9e Ungersheimben fekszik, k\u00f6r\u00fclbel\u00fcl hatvan kilom\u00e9terre a v\u00e1rost\u00f3l, a MM Parkot pedig La Wantzenau k\u00f6zs\u00e9gben tal\u00e1lod, \u00fagyhogy <strong>mindk\u00e9t helysz\u00edn ink\u00e1bb egy f\u00e9l- vagy eg\u00e9sznapos aut\u00f3s kir\u00e1ndul\u00e1st ig\u00e9nyel<\/strong>, \u00e9s semmik\u00e9pp sem tal\u00e1lhat\u00f3 gyalog el\u00e9rhet\u0151 t\u00e1vols\u00e1gban a belv\u00e1rost\u00f3l.<\/p>\n\n\n\n<p class=\"wp-block-paragraph\">Ha az orsz\u00e1g \u2013 a sajtok \u00e9s a bor haz\u00e1j\u00e1nak \u2013 sz\u00e9lesebb k\u00f6r\u0171 felfedez\u00e9s\u00e9t tervezed, n\u00e9zd meg a <a href=\"https:\/\/loudavymkrokem.cz\/hu\/roadtrip-franciaorszag-utiterv\/\">Roadtrip Franciaorsz\u00e1gban: 14 napos \u00fatiterv<\/a> cikk\u00fcnket, ahol rengeteg gyakorlati tippet tal\u00e1lsz a hossz\u00fa \u00e1tutaz\u00e1sokhoz. \u00c9s ha m\u00e9gis \u00fagy d\u00f6ntesz, hogy az \u00e9v v\u00e9g\u00e9n indulsz \u00fatnak, ne felejts el belen\u00e9zni a k\u00fcl\u00f6nkiad\u00e1sunkba, a <a href=\"https:\/\/loudavymkrokem.cz\/hu\/strasbourgi-karacsonyi-vasar\/\">Strasbourgi kar\u00e1csonyi v\u00e1s\u00e1rokba<\/a>.<\/p>\n\n\n\n<h2 class=\"wp-block-heading\"><span class=\"ez-toc-section\" id=\"Gyakran_ismetelt_kerdesek\"><\/span>Gyakran ism\u00e9telt k\u00e9rd\u00e9sek<span class=\"ez-toc-section-end\"><\/span><\/h2>\n\n\n<div id=\"rank-math-faq\" class=\"rank-math-block\">\n<div class=\"rank-math-list \">\n<div id=\"faq-question-1788283122000\" class=\"rank-math-list-item\">\n<h3 class=\"rank-math-question \"><span class=\"ez-toc-section\" id=\"Mikor_rendezik_a_karacsonyi_vasarokat_2026-ban\"><\/span>Mikor rendezik a kar\u00e1csonyi v\u00e1s\u00e1rokat 2026-ban?<span class=\"ez-toc-section-end\"><\/span><\/h3>\n<div class=\"rank-math-answer \">\n\n<p>2026-ban a h\u00edres adventi v\u00e1s\u00e1rok november 27-t\u0151l, p\u00e9ntekt\u0151l december 27-ig, vas\u00e1rnapig tartanak. Tizenegy k\u00fcl\u00f6nb\u00f6z\u0151 helysz\u00ednen ter\u00fclnek el a t\u00f6rt\u00e9nelmi Grande \u00cele negyedben, a legismertebbek \u00e9s legnagyobbak pedig a Place Broglie-n \u00e9s a f\u0151 t\u00e9ren, a Place Kl\u00e9ber-en tal\u00e1lhat\u00f3k.<\/p>\n\n<\/div>\n<\/div>\n<div id=\"faq-question-1788283122001\" class=\"rank-math-list-item\">\n<h3 class=\"rank-math-question \"><span class=\"ez-toc-section\" id=\"Hogyan_mukodik_a_Park_and_Ride_parkolasi_rendszer\"><\/span>Hogyan m\u0171k\u00f6dik a Park and Ride parkol\u00e1si rendszer?<span class=\"ez-toc-section-end\"><\/span><\/h3>\n<div class=\"rank-math-answer \">\n\n<p>Ez messze a legokosabb m\u00f3dja annak, hogy stressz n\u00e9lk\u00fcl juss be a v\u00e1rosba. Egyszeri, rendk\u00edv\u00fcl kedvez\u0151 d\u00edjat fizetsz egy a v\u00e1ros sz\u00e9l\u00e9n l\u00e9v\u0151 gy\u0171jt\u0151parkol\u00f3ban val\u00f3 eg\u00e9sz napos parkol\u00e1s\u00e9rt. Ez\u00e9rt az \u00e1r\u00e9rt az aut\u00f3db\u00f3l minden utas automatikusan visszat\u00e9r\u0151 villamosjegyet kap egyenesen a k\u00f6zpontba. \u00cdgy rengeteg p\u00e9nzt sp\u00f3rolsz a dr\u00e1ga m\u00e9lygar\u00e1zsokon, \u00e9s ideget a sz\u0171k egyir\u00e1ny\u00fa utc\u00e1kban val\u00f3 kanyarg\u00e1son.<\/p>\n\n<\/div>\n<\/div>\n<div id=\"faq-question-1788283122002\" class=\"rank-math-list-item\">\n<h3 class=\"rank-math-question \"><span class=\"ez-toc-section\" id=\"Hany_napot_erdemes_a_varos_meglatogatasara_szanni\"><\/span>H\u00e1ny napot \u00e9rdemes a v\u00e1ros megl\u00e1togat\u00e1s\u00e1ra sz\u00e1nni?<span class=\"ez-toc-section-end\"><\/span><\/h3>\n<div class=\"rank-math-answer \">\n\n<p>Ahhoz, hogy siker\u00fclj\u00f6n magadba sz\u00edvni a megfelel\u0151 nyugodt hangulatot \u00e9s bej\u00e1rhasd az \u00f6sszes f\u0151 l\u00e1tnival\u00f3t f\u00f6l\u00f6sleges stressz n\u00e9lk\u00fcl, azt javaslom, sz\u00e1nj a v\u00e1rosra k\u00e9t-h\u00e1rom teljes napot. Ha azt tervezed, hogy megl\u00e1togatod a helyi m\u00fazeumokat vagy az Eur\u00f3pai Parlament \u00e9p\u00fclet\u00e9t is, a h\u00e1rom nap t\u00f6k\u00e9letesen elegend\u0151 lesz.<\/p>\n\n<\/div>\n<\/div>\n<div id=\"faq-question-1788283122003\" class=\"rank-math-list-item\">\n<h3 class=\"rank-math-question \"><span class=\"ez-toc-section\" id=\"Fizetosek_az_Europai_Parlament_megtekintesei\"><\/span>Fizet\u0151sek az Eur\u00f3pai Parlament megtekint\u00e9sei?<span class=\"ez-toc-section-end\"><\/span><\/h3>\n<div class=\"rank-math-answer \">\n\n<p>Nem, a nyilv\u00e1nos vezet\u00e9sek \u00e9s a modern interakt\u00edv Parlamentarium Simone Veil k\u00f6zpont bel\u00e9p\u00e9se minden l\u00e1togat\u00f3 sz\u00e1m\u00e1ra teljesen ingyenes. Azonban sz\u00fcks\u00e9ges magaddal hoznod \u00e9rv\u00e9nyes szem\u00e9lyi igazolv\u00e1nyt vagy \u00fatlevelet, \u00e9s sz\u00e1molnod kell a szigor\u00fa biztons\u00e1gi ellen\u0151rz\u00e9sekn\u00e9l a bej\u00e1ratn\u00e1l val\u00f3 v\u00e1rakoz\u00e1ssal.<\/p>\n\n<\/div>\n<\/div>\n<div id=\"faq-question-1788283122004\" class=\"rank-math-list-item\">\n<h3 class=\"rank-math-question \"><span class=\"ez-toc-section\" id=\"Hogyan_lehet_a_legjobban_kozlekedni_a_varoskozpontban\"><\/span>Hogyan lehet a legjobban k\u00f6zlekedni a v\u00e1rosk\u00f6zpontban?<span class=\"ez-toc-section-end\"><\/span><\/h3>\n<div class=\"rank-math-answer \">\n\n<p>A Grande \u00cele sziget\u00e9n tal\u00e1lhat\u00f3 t\u00f6rt\u00e9nelmi mag meglehet\u0151sen kompakt, \u00e9s a legjobban gyalog tudod felfedezni. Hosszabb utaz\u00e1sokhoz, p\u00e9ld\u00e1ul az Eur\u00f3pai Parlamenthez vagy a t\u00e1volabbi parkokhoz, javaslom a kiv\u00e1l\u00f3an m\u0171k\u00f6d\u0151 villamosrendszer haszn\u00e1lat\u00e1t, amelynek hat vonala megb\u00edzhat\u00f3an lefedi az eg\u00e9sz v\u00e1rost.<\/p>\n\n<\/div>\n<\/div>\n<div id=\"faq-question-1788283122005\" class=\"rank-math-list-item\">\n<h3 class=\"rank-math-question \"><span class=\"ez-toc-section\" id=\"Strasbourg_draga_varos\"><\/span>Strasbourg dr\u00e1ga v\u00e1ros?<span class=\"ez-toc-section-end\"><\/span><\/h3>\n<div class=\"rank-math-answer \">\n\n<p>Tiszt\u00e1n att\u00f3l f\u00fcgg, mikor utazol. Az adventi v\u00e1s\u00e1rok idej\u00e9n a k\u00f6zponti sz\u00e1ll\u00e1sok \u00e1rai csillag\u00e1szati magass\u00e1gokba sz\u00f6knek. Ha azonban decemberen k\u00edv\u00fcl \u00e9rkezel, p\u00e9ld\u00e1ul janu\u00e1rban vagy febru\u00e1rban, a sz\u00e1llod\u00e1k \u00e1rai t\u00f6red\u00e9k\u00e9re cs\u00f6kkennek, \u00e9s a v\u00e1ros \u00e1rban teljesen \u00f6sszem\u00e9rhet\u0151 m\u00e1s h\u00e9tk\u00f6znapi eur\u00f3pai \u00fati c\u00e9lokkal.<\/p>\n\n<\/div>\n<\/div>\n<div id=\"faq-question-1788283122006\" class=\"rank-math-list-item\">\n<h3 class=\"rank-math-question \"><span class=\"ez-toc-section\" id=\"Megfelelo_a_varos_vegetarianusok_szamara\"><\/span>Megfelel\u0151 a v\u00e1ros veget\u00e1ri\u00e1nusok sz\u00e1m\u00e1ra?<span class=\"ez-toc-section-end\"><\/span><\/h3>\n<div class=\"rank-math-answer \">\n\n<p>Hat\u00e1rozottan igen. B\u00e1r az elz\u00e1szi konyha h\u00edres h\u00fasos \u00e9teleir\u0151l, a veget\u00e1ri\u00e1nusok itt biztosan nem fognak \u00e9hen halni. Minden \u00e9tteremben tal\u00e1lsz kiv\u00e1l\u00f3 sajtos sp\u00e4tzle-t, a p\u00e9ks\u00e9gekben a hagyom\u00e1nyos bretzel illata terjeng, \u00e9s mindenhol k\u00edn\u00e1lnak h\u00fasmentes v\u00e1ltozatot a ropog\u00f3s tarte flamb\u00e9e pit\u00e9b\u0151l sajttal \u00e9s gomb\u00e1val.<\/p>\n\n<\/div>\n<\/div>\n<div id=\"faq-question-1788283122007\" class=\"rank-math-list-item\">\n<h3 class=\"rank-math-question \"><span class=\"ez-toc-section\" id=\"Melyek_a_legjobb_helyek_fotozashoz\"><\/span>Melyek a legjobb helyek fot\u00f3z\u00e1shoz?<span class=\"ez-toc-section-end\"><\/span><\/h3>\n<div class=\"rank-math-answer \">\n\n<p>A legismertebb k\u00e9peslapfot\u00f3kat garant\u00e1ltan a t\u00f6rt\u00e9nelmi Barrage Vauban g\u00e1ton tal\u00e1lhat\u00f3 kil\u00e1t\u00f3teraszr\u00f3l k\u00e9sz\u00edtheted, ahonnan gy\u00f6ny\u00f6r\u0171en l\u00e1tszik a Ponts Couverts k\u0151hidakra \u00e9s a katedr\u00e1lis fens\u00e9ges torny\u00e1ra. Tov\u00e1bbi nagyon fotog\u00e9n helyek tal\u00e1lhat\u00f3k a v\u00edzicsatorn\u00e1k ment\u00e9n a t\u00f6rt\u00e9nelmi Petite France negyedben.<\/p>\n\n<\/div>\n<\/div>\n<\/div>\n<\/div>","protected":false},"excerpt":{"rendered":"<p>Ismerd meg Strasbourgot turistat\u00f6megek n\u00e9lk\u00fcl. El\u00e1rulom, mikor indulj, hol tal\u00e1lod a legjobb ingyenes kil\u00e1t\u00e1sokat, \u00e9s hogyan \u00e9lvezd ki teljesen ezt a var\u00e1zslatos elz\u00e1szi v\u00e1rost.<\/p>\n","protected":false},"author":3,"featured_media":413378,"comment_status":"open","ping_status":"open","sticky":false,"template":"","format":"standard","meta":{"_acf_changed":false,"footnotes":"","rank_math_title":"Strasbourg, Franciaorsz\u00e1g: 18 tipp \u00e9s l\u00e1tnival\u00f3","rank_math_description":"Fedezd fel Strasbourgot, Franciaorsz\u00e1g gy\u00f6ngyszem\u00e9t! 18 tipp l\u00e1tnival\u00f3kra, ingyenes kil\u00e1t\u00f3kra \u00e9s a legjobb utaz\u00e1si id\u0151szakra. Olvasd el \u00e9s tervezd meg utad!","rank_math_focus_keyword":"Strasbourg Franciaorsz\u00e1g","rank_math_seo_score":""},"categories":[1804,1822,1788],"tags":[],"class_list":["post-417204","post","type-post","status-publish","format-standard","has-post-thumbnail","category-europa","category-franciaorszag","category-utazas"],"acf":[],"featured_image_src":"https:\/\/loudavymkrokem.cz\/wp-content\/uploads\/2026\/09\/strasburska-katedrala-7353a339.jpg","author_info":{"display_name":"Lucie Kone\u010dn\u00e1","author_link":"https:\/\/loudavymkrokem.cz\/hu\/author\/lucie-konecna\/"},"_links":{"self":[{"href":"https:\/\/loudavymkrokem.cz\/hu\/wp-json\/wp\/v2\/posts\/417204","targetHints":{"allow":["GET"]}}],"collection":[{"href":"https:\/\/loudavymkrokem.cz\/hu\/wp-json\/wp\/v2\/posts"}],"about":[{"href":"https:\/\/loudavymkrokem.cz\/hu\/wp-json\/wp\/v2\/types\/post"}],"author":[{"embeddable":true,"href":"https:\/\/loudavymkrokem.cz\/hu\/wp-json\/wp\/v2\/users\/3"}],"replies":[{"embeddable":true,"href":"https:\/\/loudavymkrokem.cz\/hu\/wp-json\/wp\/v2\/comments?post=417204"}],"version-history":[{"count":2,"href":"https:\/\/loudavymkrokem.cz\/hu\/wp-json\/wp\/v2\/posts\/417204\/revisions"}],"predecessor-version":[{"id":417206,"href":"https:\/\/loudavymkrokem.cz\/hu\/wp-json\/wp\/v2\/posts\/417204\/revisions\/417206"}],"wp:featuredmedia":[{"embeddable":true,"href":"https:\/\/loudavymkrokem.cz\/hu\/wp-json\/wp\/v2\/media\/413378"}],"wp:attachment":[{"href":"https:\/\/loudavymkrokem.cz\/hu\/wp-json\/wp\/v2\/media?parent=417204"}],"wp:term":[{"taxonomy":"category","embeddable":true,"href":"https:\/\/loudavymkrokem.cz\/hu\/wp-json\/wp\/v2\/categories?post=417204"},{"taxonomy":"post_tag","embeddable":true,"href":"https:\/\/loudavymkrokem.cz\/hu\/wp-json\/wp\/v2\/tags?post=417204"}],"curies":[{"name":"wp","href":"https:\/\/api.w.org\/{rel}","templated":true}]}}