{"id":417193,"date":"2026-09-04T10:46:03","date_gmt":"2026-09-04T08:46:03","guid":{"rendered":"https:\/\/loudavymkrokem.cz\/cartagena-kolumbia-latnivalok\/"},"modified":"2026-09-05T14:06:53","modified_gmt":"2026-09-05T12:06:53","slug":"cartagena-kolumbia-latnivalok","status":"publish","type":"post","link":"https:\/\/loudavymkrokem.cz\/hu\/cartagena-kolumbia-latnivalok\/","title":{"rendered":"Cartagena, Kolumbia: 22 tipp, mit n\u00e9zz meg \u00e9s csin\u00e1lj 2026-ban"},"content":{"rendered":"\n<p class=\"wp-block-paragraph\">A kolumbiai Cartagena a sz\u00e9ls\u0151s\u00e9gek v\u00e1rosa, \u00e9s tal\u00e1n <strong>a legszebb, egyben legideges\u00edt\u0151bb hely<\/strong>, amit D\u00e9l-Amerik\u00e1ban megl\u00e1togatsz. Egyfel\u0151l l\u00e9legzetel\u00e1ll\u00edt\u00f3 gyarmati sik\u00e1torok, a sz\u00ednes bougainville\u00e1k \u00e1radata alatt roskadoz\u00f3 balkonok \u00e9s karibi hangulat v\u00e1r, ami azonnal mag\u00e1val ragad. K\u00e9sz\u00fclj fel viszont arra, hogy <strong>ebb\u0151l a romantik\u00e1b\u00f3l semmit sem kapsz ingyen<\/strong>, \u00e9s folyamatos zavartat\u00e1s n\u00e9lk\u00fcl.<\/p>\n\n\n\n<p class=\"wp-block-paragraph\">R\u00f6gt\u00f6n a meg\u00e9rkez\u00e9s ut\u00e1n r\u00e1j\u00f6ssz, hogy <strong>a v\u00e1ros tele van utcai \u00e1rusokkal<\/strong>, akik mindent k\u00edn\u00e1lnak neked a kalapokt\u00f3l az \u201eaj\u00e1nd\u00e9k&#8221; kark\u00f6t\u0151k\u00f6n \u00e1t a massz\u00e1zsig, ami egy\u00e1ltal\u00e1n nem ingyenes. Aki ezt el\u0151re tudja, \u00e9s mosolyogva megtanul hat\u00e1rozott nemet mondani, az a legjobb \u00e9lm\u00e9nyekkel t\u00e9r haza Cartagen\u00e1b\u00f3l. Ha viszont meglep, <strong>a taxam\u00e9ter n\u00e9lk\u00fcli taxisokkal val\u00f3 \u00f6r\u00f6k\u00f6s alkudoz\u00e1s el\u00e9g f\u00e1raszt\u00f3 tud lenni<\/strong>, ez\u00e9rt \u00e9rdemes erre a val\u00f3s\u00e1gra el\u0151re l\u00e9lekben felk\u00e9sz\u00fclni.<\/p>\n\n\n\n<p class=\"wp-block-paragraph\">Itt egyb\u0151l <strong>22 tippet<\/strong> szedt\u00fcnk \u00f6ssze neked \u2014 a r\u00e9gi v\u00e1rosfalakt\u00f3l a titkos zugokon \u00e1t eg\u00e9szen a karibi szigetekre tett kir\u00e1ndul\u00e1sokig. \u00c9s igen, azt is hozz\u00e1tett\u00fck, mi\u00e9rt \u00e9rdemes nagyon <strong>vigy\u00e1zni a t\u00e1rskeres\u0151 appokkal<\/strong>. \ud83d\ude05<\/p>\n\n\n\n<figure data-wp-context=\"{&quot;imageId&quot;:&quot;6a9c18e270d04&quot;}\" data-wp-interactive=\"core\/image\" data-wp-key=\"6a9c18e270d04\" class=\"wp-block-image size-full wp-lightbox-container\"><img decoding=\"async\" width=\"1920\" height=\"1272\" data-wp-class--hide=\"state.isContentHidden\" data-wp-class--show=\"state.isContentVisible\" data-wp-init=\"callbacks.setButtonStyles\" data-wp-on--click=\"actions.showLightbox\" data-wp-on--load=\"callbacks.setButtonStyles\" data-wp-on--pointerdown=\"actions.preloadImage\" data-wp-on--pointerenter=\"actions.preloadImageWithDelay\" data-wp-on--pointerleave=\"actions.cancelPreload\" data-wp-on-window--resize=\"callbacks.setButtonStyles\" src=\"https:\/\/loudavymkrokem.cz\/wp-content\/uploads\/2026\/09\/street-art-v-getsemani-v-cartagene-e2ad9fff.jpg\" alt=\"Street art a cartagenai Getseman\u00edban\" class=\"wp-image-415748\" title=\"\" srcset=\"https:\/\/loudavymkrokem.cz\/wp-content\/uploads\/2026\/09\/street-art-v-getsemani-v-cartagene-e2ad9fff.jpg 1920w, https:\/\/loudavymkrokem.cz\/wp-content\/uploads\/2026\/09\/street-art-v-getsemani-v-cartagene-e2ad9fff-300x199.jpg 300w, https:\/\/loudavymkrokem.cz\/wp-content\/uploads\/2026\/09\/street-art-v-getsemani-v-cartagene-e2ad9fff-700x464.jpg 700w, https:\/\/loudavymkrokem.cz\/wp-content\/uploads\/2026\/09\/street-art-v-getsemani-v-cartagene-e2ad9fff-768x509.jpg 768w, https:\/\/loudavymkrokem.cz\/wp-content\/uploads\/2026\/09\/street-art-v-getsemani-v-cartagene-e2ad9fff-1536x1018.jpg 1536w, https:\/\/loudavymkrokem.cz\/wp-content\/uploads\/2026\/09\/street-art-v-getsemani-v-cartagene-e2ad9fff-696x461.jpg 696w, https:\/\/loudavymkrokem.cz\/wp-content\/uploads\/2026\/09\/street-art-v-getsemani-v-cartagene-e2ad9fff-1392x922.jpg 1392w\" sizes=\"(max-width: 1920px) 100vw, 1920px\" \/><button\n\t\t\tclass=\"lightbox-trigger\"\n\t\t\ttype=\"button\"\n\t\t\taria-haspopup=\"dialog\"\n\t\t\tdata-wp-bind--aria-label=\"state.thisImage.triggerButtonAriaLabel\"\n\t\t\tdata-wp-init=\"callbacks.initTriggerButton\"\n\t\t\tdata-wp-on--click=\"actions.showLightbox\"\n\t\t\tdata-wp-style--right=\"state.thisImage.buttonRight\"\n\t\t\tdata-wp-style--top=\"state.thisImage.buttonTop\"\n\t\t>\n\t\t\t<svg xmlns=\"http:\/\/www.w3.org\/2000\/svg\" width=\"12\" height=\"12\" fill=\"none\" viewBox=\"0 0 12 12\">\n\t\t\t\t<path fill=\"#fff\" d=\"M2 0a2 2 0 0 0-2 2v2h1.5V2a.5.5 0 0 1 .5-.5h2V0H2Zm2 10.5H2a.5.5 0 0 1-.5-.5V8H0v2a2 2 0 0 0 2 2h2v-1.5ZM8 12v-1.5h2a.5.5 0 0 0 .5-.5V8H12v2a2 2 0 0 1-2 2H8Zm2-12a2 2 0 0 1 2 2v2h-1.5V2a.5.5 0 0 0-.5-.5H8V0h2Z\" \/>\n\t\t\t<\/svg>\n\t\t<\/button><figcaption class=\"wp-element-caption\">Foto: Joe Ross from Lansing, Michigan \/ Wikimedia Commons, CC BY-SA 2.0<\/figcaption><\/figure>\n\n\n\n<div id=\"ez-toc-container\" class=\"ez-toc-v2_0_87 ez-toc-wrap-left counter-hierarchy ez-toc-counter ez-toc-grey ez-toc-container-direction\">\n<div class=\"ez-toc-title-container\">\n<p class=\"ez-toc-title\" style=\"cursor:inherit\">A cikk tartalma<\/p>\n<span class=\"ez-toc-title-toggle\"><a href=\"#\" class=\"ez-toc-pull-right ez-toc-btn ez-toc-btn-xs ez-toc-btn-default ez-toc-toggle\" aria-label=\"Toggle Table of Content\"><span class=\"ez-toc-js-icon-con\"><span class=\"\"><span class=\"eztoc-hide\" style=\"display:none;\">Toggle<\/span><span class=\"ez-toc-icon-toggle-span\"><svg style=\"fill: #999;color:#999\" xmlns=\"http:\/\/www.w3.org\/2000\/svg\" class=\"list-377408\" width=\"20px\" height=\"20px\" viewBox=\"0 0 24 24\" fill=\"none\"><path d=\"M6 6H4v2h2V6zm14 0H8v2h12V6zM4 11h2v2H4v-2zm16 0H8v2h12v-2zM4 16h2v2H4v-2zm16 0H8v2h12v-2z\" fill=\"currentColor\"><\/path><\/svg><svg style=\"fill: #999;color:#999\" class=\"arrow-unsorted-368013\" xmlns=\"http:\/\/www.w3.org\/2000\/svg\" width=\"10px\" height=\"10px\" viewBox=\"0 0 24 24\" version=\"1.2\" baseProfile=\"tiny\"><path d=\"M18.2 9.3l-6.2-6.3-6.2 6.3c-.2.2-.3.4-.3.7s.1.5.3.7c.2.2.4.3.7.3h11c.3 0 .5-.1.7-.3.2-.2.3-.5.3-.7s-.1-.5-.3-.7zM5.8 14.7l6.2 6.3 6.2-6.3c.2-.2.3-.5.3-.7s-.1-.5-.3-.7c-.2-.2-.4-.3-.7-.3h-11c-.3 0-.5.1-.7.3-.2.2-.3.5-.3.7s.1.5.3.7z\"\/><\/svg><\/span><\/span><\/span><\/a><\/span><\/div>\n<nav><ul class='ez-toc-list ez-toc-list-level-1 ' ><ul class='ez-toc-list-level-3' ><li class='ez-toc-heading-level-3'><a class=\"ez-toc-link ez-toc-heading-1\" href=\"https:\/\/loudavymkrokem.cz\/hu\/cartagena-kolumbia-latnivalok\/#Osszefoglalas\" >\u00d6sszefoglal\u00e1s<\/a><\/li><\/ul><\/li><li class='ez-toc-page-1 ez-toc-heading-level-2'><a class=\"ez-toc-link ez-toc-heading-2\" href=\"https:\/\/loudavymkrokem.cz\/hu\/cartagena-kolumbia-latnivalok\/#Mikor_erdemes_elutazni_Cartagenaba\" >Mikor \u00e9rdemes elutazni Cartagen\u00e1ba<\/a><\/li><li class='ez-toc-page-1 ez-toc-heading-level-2'><a class=\"ez-toc-link ez-toc-heading-3\" href=\"https:\/\/loudavymkrokem.cz\/hu\/cartagena-kolumbia-latnivalok\/#Hol_szallj_meg_Cartagenaban\" >Hol sz\u00e1llj meg Cartagen\u00e1ban<\/a><\/li><li class='ez-toc-page-1 ez-toc-heading-level-2'><a class=\"ez-toc-link ez-toc-heading-4\" href=\"https:\/\/loudavymkrokem.cz\/hu\/cartagena-kolumbia-latnivalok\/#22_tipp_mit_nezz_meg_es_csinalj_Cartagenaban\" >22 tipp, mit n\u00e9zz meg \u00e9s csin\u00e1lj Cartagen\u00e1ban<\/a><ul class='ez-toc-list-level-3' ><li class='ez-toc-heading-level-3'><a class=\"ez-toc-link ez-toc-heading-5\" href=\"https:\/\/loudavymkrokem.cz\/hu\/cartagena-kolumbia-latnivalok\/#1_Centro_Historico_es_ikonikus_varosfalai\" >1. Centro Hist\u00f3rico \u00e9s ikonikus v\u00e1rosfalai<\/a><\/li><li class='ez-toc-page-1 ez-toc-heading-level-3'><a class=\"ez-toc-link ez-toc-heading-6\" href=\"https:\/\/loudavymkrokem.cz\/hu\/cartagena-kolumbia-latnivalok\/#2_Castillo_de_San_Felipe_de_Barajas\" >2. Castillo de San Felipe de Barajas<\/a><\/li><li class='ez-toc-page-1 ez-toc-heading-level-3'><a class=\"ez-toc-link ez-toc-heading-7\" href=\"https:\/\/loudavymkrokem.cz\/hu\/cartagena-kolumbia-latnivalok\/#3_Plaza_de_Bolivar_ter\" >3. Plaza de Bol\u00edvar t\u00e9r<\/a><\/li><li class='ez-toc-page-1 ez-toc-heading-level-3'><a class=\"ez-toc-link ez-toc-heading-8\" href=\"https:\/\/loudavymkrokem.cz\/hu\/cartagena-kolumbia-latnivalok\/#4_Museo_del_Oro_Zenu\" >4. Museo del Oro Zen\u00fa<\/a><\/li><li class='ez-toc-page-1 ez-toc-heading-level-3'><a class=\"ez-toc-link ez-toc-heading-9\" href=\"https:\/\/loudavymkrokem.cz\/hu\/cartagena-kolumbia-latnivalok\/#5_Palacio_de_la_Inquisicion_Inkvizicio_palotaja\" >5. Palacio de la Inquisici\u00f3n (Inkviz\u00edci\u00f3 palot\u00e1ja)<\/a><\/li><li class='ez-toc-page-1 ez-toc-heading-level-3'><a class=\"ez-toc-link ez-toc-heading-10\" href=\"https:\/\/loudavymkrokem.cz\/hu\/cartagena-kolumbia-latnivalok\/#6_Museo_Naval_del_Caribe\" >6. Museo Naval del Caribe<\/a><\/li><li class='ez-toc-page-1 ez-toc-heading-level-3'><a class=\"ez-toc-link ez-toc-heading-11\" href=\"https:\/\/loudavymkrokem.cz\/hu\/cartagena-kolumbia-latnivalok\/#7_Plaza_de_los_Coches_es_a_Torre_del_Reloj\" >7. Plaza de los Coches \u00e9s a Torre del Reloj<\/a><\/li><li class='ez-toc-page-1 ez-toc-heading-level-3'><a class=\"ez-toc-link ez-toc-heading-12\" href=\"https:\/\/loudavymkrokem.cz\/hu\/cartagena-kolumbia-latnivalok\/#8_Camellon_de_los_Martires\" >8. Camell\u00f3n de los M\u00e1rtires<\/a><\/li><li class='ez-toc-page-1 ez-toc-heading-level-3'><a class=\"ez-toc-link ez-toc-heading-13\" href=\"https:\/\/loudavymkrokem.cz\/hu\/cartagena-kolumbia-latnivalok\/#9_Getsemani_es_az_utcai_muveszet\" >9. Getseman\u00ed \u00e9s az utcai m\u0171v\u00e9szet<\/a><\/li><li class='ez-toc-page-1 ez-toc-heading-level-3'><a class=\"ez-toc-link ez-toc-heading-14\" href=\"https:\/\/loudavymkrokem.cz\/hu\/cartagena-kolumbia-latnivalok\/#10_Esti_Plaza_de_la_Trinidad\" >10. Esti Plaza de la Trinidad<\/a><\/li><li class='ez-toc-page-1 ez-toc-heading-level-3'><a class=\"ez-toc-link ez-toc-heading-15\" href=\"https:\/\/loudavymkrokem.cz\/hu\/cartagena-kolumbia-latnivalok\/#11_Lajharok_a_Centenario_Parkban\" >11. Lajh\u00e1rok a Centenario Parkban<\/a><\/li><li class='ez-toc-page-1 ez-toc-heading-level-3'><a class=\"ez-toc-link ez-toc-heading-16\" href=\"https:\/\/loudavymkrokem.cz\/hu\/cartagena-kolumbia-latnivalok\/#12_Kilatas_a_Convento_de_la_Poparol\" >12. Kil\u00e1t\u00e1s a Convento de la Pop\u00e1r\u00f3l<\/a><\/li><li class='ez-toc-page-1 ez-toc-heading-level-3'><a class=\"ez-toc-link ez-toc-heading-17\" href=\"https:\/\/loudavymkrokem.cz\/hu\/cartagena-kolumbia-latnivalok\/#13_Tetoteraszos_barok_es_luxus_kilatasok\" >13. Tet\u0151teraszos b\u00e1rok \u00e9s luxus kil\u00e1t\u00e1sok<\/a><\/li><li class='ez-toc-page-1 ez-toc-heading-level-3'><a class=\"ez-toc-link ez-toc-heading-18\" href=\"https:\/\/loudavymkrokem.cz\/hu\/cartagena-kolumbia-latnivalok\/#14_Naplemente_a_varosfalakon_Cafe_del_Mar\" >14. Naplemente a v\u00e1rosfalakon (Caf\u00e9 del Mar)<\/a><\/li><li class='ez-toc-page-1 ez-toc-heading-level-3'><a class=\"ez-toc-link ez-toc-heading-19\" href=\"https:\/\/loudavymkrokem.cz\/hu\/cartagena-kolumbia-latnivalok\/#15_Bocagrande_es_Castillogrande_strandjai_oszinte_velemeny\" >15. Bocagrande \u00e9s Castillogrande strandjai (\u0151szinte v\u00e9lem\u00e9ny)<\/a><\/li><li class='ez-toc-page-1 ez-toc-heading-level-3'><a class=\"ez-toc-link ez-toc-heading-20\" href=\"https:\/\/loudavymkrokem.cz\/hu\/cartagena-kolumbia-latnivalok\/#16_Islas_del_Rosario_es_a_penzcsapda\" >16. Islas del Rosario \u00e9s a p\u00e9nzcsapda<\/a><\/li><li class='ez-toc-page-1 ez-toc-heading-level-3'><a class=\"ez-toc-link ez-toc-heading-21\" href=\"https:\/\/loudavymkrokem.cz\/hu\/cartagena-kolumbia-latnivalok\/#17_Szigeti_beach_clubok_a_nyilvanos_strandok_helyett\" >17. Szigeti beach clubok (a nyilv\u00e1nos strandok helyett)<\/a><\/li><li class='ez-toc-page-1 ez-toc-heading-level-3'><a class=\"ez-toc-link ez-toc-heading-22\" href=\"https:\/\/loudavymkrokem.cz\/hu\/cartagena-kolumbia-latnivalok\/#18_La_Boquilla_halaszfalu_es_a_mangrovek\" >18. La Boquilla hal\u00e1szfalu \u00e9s a mangrov\u00e9k<\/a><\/li><li class='ez-toc-page-1 ez-toc-heading-level-3'><a class=\"ez-toc-link ez-toc-heading-23\" href=\"https:\/\/loudavymkrokem.cz\/hu\/cartagena-kolumbia-latnivalok\/#19_Bazurto_Market_csak_eros_idegzetueknek\" >19. Bazurto Market (csak er\u0151s idegzet\u0171eknek)<\/a><\/li><li class='ez-toc-page-1 ez-toc-heading-level-3'><a class=\"ez-toc-link ez-toc-heading-24\" href=\"https:\/\/loudavymkrokem.cz\/hu\/cartagena-kolumbia-latnivalok\/#20_Museo_del_Chocolate_es_a_kolumbiai_kakao\" >20. Museo del Chocolate \u00e9s a kolumbiai kaka\u00f3<\/a><\/li><li class='ez-toc-page-1 ez-toc-heading-level-3'><a class=\"ez-toc-link ez-toc-heading-25\" href=\"https:\/\/loudavymkrokem.cz\/hu\/cartagena-kolumbia-latnivalok\/#21_Utcai_etelek_es_karibi_izek\" >21. Utcai \u00e9telek \u00e9s karibi \u00edzek<\/a><\/li><li class='ez-toc-page-1 ez-toc-heading-level-3'><a class=\"ez-toc-link ez-toc-heading-26\" href=\"https:\/\/loudavymkrokem.cz\/hu\/cartagena-kolumbia-latnivalok\/#22_Hol_egyel_hus_nelkul_vegetarianus_tippek\" >22. Hol egy\u00e9l h\u00fas n\u00e9lk\u00fcl (veget\u00e1ri\u00e1nus tippek)<\/a><\/li><\/ul><\/li><li class='ez-toc-page-1 ez-toc-heading-level-2'><a class=\"ez-toc-link ez-toc-heading-27\" href=\"https:\/\/loudavymkrokem.cz\/hu\/cartagena-kolumbia-latnivalok\/#Hova_tovabb_Cartagenabol_kirandulasok_a_kornyekre\" >Hov\u00e1 tov\u00e1bb Cartagen\u00e1b\u00f3l (kir\u00e1ndul\u00e1sok a k\u00f6rny\u00e9kre)<\/a><\/li><li class='ez-toc-page-1 ez-toc-heading-level-2'><a class=\"ez-toc-link ez-toc-heading-28\" href=\"https:\/\/loudavymkrokem.cz\/hu\/cartagena-kolumbia-latnivalok\/#Gyakran_ismetelt_kerdesek\" >Gyakran ism\u00e9telt k\u00e9rd\u00e9sek<\/a><ul class='ez-toc-list-level-3' ><li class='ez-toc-heading-level-3'><a class=\"ez-toc-link ez-toc-heading-29\" href=\"https:\/\/loudavymkrokem.cz\/hu\/cartagena-kolumbia-latnivalok\/#Biztonsagos_Cartagena\" >Biztons\u00e1gos Cartagena?<\/a><\/li><li class='ez-toc-page-1 ez-toc-heading-level-3'><a class=\"ez-toc-link ez-toc-heading-30\" href=\"https:\/\/loudavymkrokem.cz\/hu\/cartagena-kolumbia-latnivalok\/#Hogyan_mukodnek_a_taxik_van_taxameteruk\" >Hogyan m\u0171k\u00f6dnek a taxik, van taxam\u00e9ter\u00fck?<\/a><\/li><li class='ez-toc-page-1 ez-toc-heading-level-3'><a class=\"ez-toc-link ez-toc-heading-31\" href=\"https:\/\/loudavymkrokem.cz\/hu\/cartagena-kolumbia-latnivalok\/#Menjek_a_Rosario-szigetekre_vagy_a_Playa_Blancara\" >Menjek a Rosario-szigetekre vagy a Playa Blanc\u00e1ra?<\/a><\/li><li class='ez-toc-page-1 ez-toc-heading-level-3'><a class=\"ez-toc-link ez-toc-heading-32\" href=\"https:\/\/loudavymkrokem.cz\/hu\/cartagena-kolumbia-latnivalok\/#Hogyan_szabaduljak_meg_hatekonyan_az_utcai_arusoktol\" >Hogyan szabaduljak meg hat\u00e9konyan az utcai \u00e1rusokt\u00f3l?<\/a><\/li><li class='ez-toc-page-1 ez-toc-heading-level-3'><a class=\"ez-toc-link ez-toc-heading-33\" href=\"https:\/\/loudavymkrokem.cz\/hu\/cartagena-kolumbia-latnivalok\/#Fizethetunk_Cartagenaban_amerikai_dollarral\" >Fizethet\u00fcnk Cartagen\u00e1ban amerikai doll\u00e1rral?<\/a><\/li><li class='ez-toc-page-1 ez-toc-heading-level-3'><a class=\"ez-toc-link ez-toc-heading-34\" href=\"https:\/\/loudavymkrokem.cz\/hu\/cartagena-kolumbia-latnivalok\/#Ihato_Cartagenaban_a_csapviz\" >Ihat\u00f3 Cartagen\u00e1ban a csapv\u00edz?<\/a><\/li><li class='ez-toc-page-1 ez-toc-heading-level-3'><a class=\"ez-toc-link ez-toc-heading-35\" href=\"https:\/\/loudavymkrokem.cz\/hu\/cartagena-kolumbia-latnivalok\/#Hany_napra_van_szuksegem_Cartagenaban\" >H\u00e1ny napra van sz\u00fcks\u00e9gem Cartagen\u00e1ban?<\/a><\/li><\/ul><\/li><\/ul><\/nav><\/div>\n<h3 class=\"wp-block-heading\"><span class=\"ez-toc-section\" id=\"Osszefoglalas\"><\/span>\u00d6sszefoglal\u00e1s<span class=\"ez-toc-section-end\"><\/span><\/h3>\n\n\n\n<ul class=\"wp-block-list\">\n\n<li><strong>Ad\u00f3kedvezm\u00e9ny k\u00fclf\u00f6ldieknek:<\/strong> Ha az \u00fatleveledben van PIP-5 turista pecs\u00e9t, <strong>a sz\u00e1llod\u00e1kban nem fizeted a 19%-os \u00e1f\u00e1t (IVA)<\/strong>. Ezt viszont mindig ellen\u0151rizd a v\u00e9gsz\u00e1ml\u00e1n, egyes sz\u00e1llod\u00e1k megpr\u00f3b\u00e1lj\u00e1k felsz\u00e1molni.<\/li>\n\n\n\n<li><strong>Rejtett szigetd\u00edjak:<\/strong> Az Islas del Rosari\u00f3ra tett kir\u00e1ndul\u00e1soknak van egy csapd\u00e1ja: <strong>a nemzeti park bel\u00e9p\u0151je \u00e9s a biztos\u00edt\u00e1s (kb. 40 000 COP) k\u00e9szp\u00e9nzben fizetend\u0151 a m\u00f3l\u00f3n\u00e1l<\/strong>, \u00e9s nincs benne a t\u00fara \u00e1r\u00e1ban.<\/li>\n\n\n\n<li><strong>T\u00fcrelemmel megv\u00e1s\u00e1rolt sz\u00e9ps\u00e9g:<\/strong> Cartagena vizu\u00e1lis paradicsom, de <strong>k\u00e9sz\u00fclj fel a tolakod\u00f3 utcai \u00e1rusokra<\/strong>, akiket udvariasan, de nagyon hat\u00e1rozottan kell tudni visszautas\u00edtani.<\/li>\n\n\n\n<li><strong>Strandok fenntart\u00e1ssal:<\/strong> A v\u00e1rosi Bocagrande strandnak barna a vize, <strong>a feh\u00e9r homok\u00e9rt a szigetekre kell menned<\/strong>, de vigy\u00e1zz a d\u00e9li t\u00f6megre a Playa Blanc\u00e1n.<\/li>\n\n\n\n<li><strong>Els\u0151sorban a biztons\u00e1g:<\/strong> Soha ne haszn\u00e1lj el\u0151re megbesz\u00e9lt \u00e1r n\u00e9lk\u00fcli taxit (vagy ink\u00e1bb v\u00e1laszd az Ubert vagy az InDrivert), \u00e9s <strong>l\u00e9gy rendk\u00edv\u00fcl \u00f3vatos az \u00e9jszakai \u00e9letben \u00e9s a vakrandikn\u00e1l<\/strong>.<\/li>\n\n\n\n<li><strong>K\u00f6zleked\u00e9s a rept\u00e9rr\u0151l:<\/strong> A Rafael N\u00fa\u00f1ez rep\u00fcl\u0151t\u00e9r <strong>mind\u00f6ssze 10\u201315 percre van a belv\u00e1rost\u00f3l<\/strong>, ami hatalmas el\u0151ny m\u00e1s nagyv\u00e1rosokhoz k\u00e9pest.<\/li>\n\n\n<\/ul>\n\n\n\n<h2 class=\"wp-block-heading\"><span class=\"ez-toc-section\" id=\"Mikor_erdemes_elutazni_Cartagenaba\"><\/span>Mikor \u00e9rdemes elutazni Cartagen\u00e1ba<span class=\"ez-toc-section-end\"><\/span><\/h2>\n\n\n\n<p class=\"wp-block-paragraph\">Cartagena tipikus karibi \u00fati c\u00e9l, ahol <strong>eg\u00e9sz \u00e9vben \u00e1lland\u00f3 31\u201333 \u00b0C uralkodik<\/strong>, \u00fagyhogy a pul\u00f3vereket nyugodtan otthon hagyhatod. Az id\u0151j\u00e1r\u00e1sban a k\u00fcl\u00f6nbs\u00e9g csak abban rejlik, hogy a leveg\u0151 neh\u00e9zkesen \u00e1ll-e egy helyben, vagy a tenger fel\u0151l kellemes h\u0171s\u00edt\u0151 sz\u00e9l f\u00faj. A <strong>cartagena kolumbia id\u0151j\u00e1r\u00e1s<\/strong> szempontj\u00e1b\u00f3l a f\u0151 \u00e9s legn\u00e9pszer\u0171bb szezon <strong>decembert\u0151l \u00e1prilisig tart<\/strong>, amikor a v\u00e1rosban sz\u00e1raz van, fel\u00fcd\u00edt\u0151 passz\u00e1tsz\u00e9l f\u00faj \u00e9s a nap gyakorlatilag minden nap s\u00fct. A v\u00e1ros viszont ebben az id\u0151szakban sz\u00e9treped a k\u00fclf\u00f6ldi turist\u00e1k \u00e9s a szabads\u00e1gon l\u00e9v\u0151 kolumbiaiak nyom\u00e1sa alatt, ami logikusan az \u00e9ves cs\u00facsra hajtja a sz\u00e1lloda\u00e1rakat.<\/p>\n\n\n\n<p class=\"wp-block-paragraph\">Ha nem szereted a neh\u00e9z p\u00e1r\u00e1t \u00e9s a magas p\u00e1ratartalmat, <strong>ker\u00fcld a szeptembert\u0151l novemberig tart\u00f3 id\u0151szakot<\/strong>, ami a karibi partvid\u00e9ken a f\u0151 es\u0151s \u00e9vszak. K\u00fcl\u00f6n\u00f6sen a szeptember statisztikailag a legnedvesebb h\u00f3nap az \u00e9vben, amikor a t\u00f6rt\u00e9nelmi utc\u00e1k p\u00e1r perc alatt m\u00e9ly pocsoly\u00e1kk\u00e1 v\u00e1ltozhatnak. A <strong>magas p\u00e1ratartalom miatt a h\u00e9tk\u00f6znapi s\u00e9t\u00e1k is el\u00e9g komoly sportteljes\u00edtm\u00e9nny\u00e9 v\u00e1lnak<\/strong>, amelyekn\u00e9l azonnal leizzadsz. Ilyenkor is meg lehet persze l\u00e1togatni a v\u00e1rost, de sz\u00e1molj vele, hogy sokkal gyakrabban kell majd klimatiz\u00e1lt k\u00e1v\u00e9z\u00f3kba \u00e9s m\u00fazeumokba menek\u00fcln\u00f6d.<\/p>\n\n\n\n<p class=\"wp-block-paragraph\">A j\u00f3 id\u0151j\u00e1r\u00e1s \u00e9s a valamivel elviselhet\u0151bb \u00e1rak legjobb ar\u00e1ny\u00e1hoz <strong>remek kompromisszum a november\u2013december fordul\u00f3ja<\/strong>, vagy pedig a tavaszi h\u00f3napok k\u00f6zvetlen\u00fcl a h\u00fasv\u00e9ti \u00fcnnepek (Semana Santa) idej\u00e9n k\u00edv\u00fcl. Mindig tartsd viszont szem el\u0151tt, hogy <strong>a karibi nap itt t\u00e9nyleg \u00e9les \u00e9s nem bocs\u00e1t meg semmit<\/strong>, \u00fagyhogy a sz\u00e9les karim\u00e1j\u00fa kalap, a litersz\u00e1m palackozott v\u00edz \u00e9s a j\u00f3 min\u0151s\u00e9g\u0171 naptej abszol\u00fat alapsz\u00fcks\u00e9glet b\u00e1rmelyik h\u00f3napban. Csomagolj magaddal k\u00f6nny\u0171 lenv\u00e1szon ruh\u00e1kat is, amelyekben a legk\u00e9nyelmesebben fogod \u00e9rezni magad.<\/p>\n\n\n\n<h2 class=\"wp-block-heading\"><span class=\"ez-toc-section\" id=\"Hol_szallj_meg_Cartagenaban\"><\/span>Hol sz\u00e1llj meg Cartagen\u00e1ban<span class=\"ez-toc-section-end\"><\/span><\/h2>\n\n\n\n<p class=\"wp-block-paragraph\">Hogy hol sz\u00e1llsz meg, t\u00e9nyleg sokat sz\u00e1m\u00edt \u2014 Cartagen\u00e1ban pedig jobban, mint m\u00e1shol, mert a v\u00e1rosr\u00e9szek k\u00f6zti k\u00fcl\u00f6nbs\u00e9g brut\u00e1lis. <strong>A legvar\u00e1zslatosabb sz\u00e1ll\u00e1s k\u00f6zvetlen\u00fcl a Centro Hist\u00f3ric\u00f3ban van<\/strong>, ahol az \u00f6sszes h\u00edres l\u00e1tnival\u00f3 \u00e9s a kiv\u00e1l\u00f3 \u00e9ttermek karny\u00fajt\u00e1snyira vannak, de az \u00e1rak itt logikusan a legmagasabbak eg\u00e9sz Kolumbi\u00e1ban. A t\u00f6bb utcai m\u0171v\u00e9szettel \u00e9s \u00e9l\u00e9nk \u00e9jszakai \u00e9lettel teli, kicsit boh\u00e9mabb hangulat\u00e9rt <strong>v\u00e1laszd a kedvelt Getseman\u00ed negyedet<\/strong>, ami ma \u00f3ri\u00e1si sl\u00e1ger. Ha viszont f\u0151leg modern felh\u0151karcol\u00f3-sz\u00e1llod\u00e1kra v\u00e1gysz medenc\u00e9vel \u00e9s k\u00f6zvetlen tengeri kil\u00e1t\u00e1ssal, neked a Bocagrande f\u00e9lsziget lesz ide\u00e1lis.<\/p>\n\n\n\n<p class=\"wp-block-paragraph\">Az utaz\u00e1si k\u00f6lts\u00e9gvet\u00e9sed szempontj\u00e1b\u00f3l alapvet\u0151 inform\u00e1ci\u00f3, hogy <strong>a k\u00fclf\u00f6ldiek Kolumbi\u00e1ban nem fizetnek a sz\u00e1ll\u00e1s ut\u00e1n 19%-os hozz\u00e1adott\u00e9rt\u00e9k-ad\u00f3t (IVA)<\/strong>. A f\u0151 felt\u00e9tel, hogy klasszikus turista pecs\u00e9ttel, az \u00fagynevezett PIP-5-tel l\u00e9pj be az orsz\u00e1gba, amit rendszerint m\u00e1r a rept\u00e9ren be\u00fctnek az \u00fatleveledbe. <strong>A sz\u00e1llod\u00e1nak a kedvezm\u00e9ny \u00e9rv\u00e9nyes\u00edt\u00e9s\u00e9hez le kell m\u00e1solnia az \u00fatleveledet \u00e9ppen ezzel a pecs\u00e9ttel<\/strong>, k\u00fcl\u00f6nben k\u00f6ny\u00f6rtelen\u00fcl felsz\u00e1molja az ad\u00f3t. A gyakorlat sajnos az eg\u00e9sz v\u00e1rosban olyan, hogy a sz\u00e1llod\u00e1k nagyj\u00e1b\u00f3l fele teljesen automatikusan levonja a kedvezm\u00e9nyt, m\u00edg a m\u00e1sik fele csendben megpr\u00f3b\u00e1lja felsz\u00e1molni neked. <strong>Az indul\u00e1skor mindig gondosan ellen\u0151rizd a v\u00e9gsz\u00e1ml\u00e1t<\/strong>, \u00e9s ne f\u00e9lj sz\u00f3lni a recepci\u00f3n.<\/p>\n\n\n\n<p class=\"wp-block-paragraph\">A bev\u00e1lt \u00e9s gy\u00f6ny\u00f6r\u0171 sz\u00e1llod\u00e1k k\u00f6z\u00e9 tartozik p\u00e9ld\u00e1ul a <strong>Hotel Casa San Agustin<\/strong>, ami egy luxus butiksz\u00e1lloda k\u00f6zvetlen\u00fcl az \u00f3v\u00e1ros sz\u00edv\u00e9ben, amely a nyugodt bels\u0151 udvar\u00e1val \u00e9s a r\u00e9gi v\u00e1rosfalakba kompon\u00e1lt medenc\u00e9j\u00e9vel ny\u0171g\u00f6z le. Ha valami modernebbet keresel egy panor\u00e1m\u00e1s kil\u00e1t\u00e1ssal b\u00edr\u00f3 k\u00f6rny\u00e9ken, pr\u00f3b\u00e1ld ki a <strong>GHL San Lazaro Art Hotelt<\/strong>, amely l\u00e9legzetel\u00e1ll\u00edt\u00f3 kil\u00e1t\u00e1st k\u00edn\u00e1l egyenesen a San Felipe er\u0151dre. A teljesen nyugodt, gyarmati st\u00edlus\u00fa, els\u0151 oszt\u00e1ly\u00fa kiszolg\u00e1l\u00e1st ny\u00fajt\u00f3 tart\u00f3zkod\u00e1shoz abszol\u00fat legenda a <strong>Sofitel Legend Santa Clara<\/strong>, amely egy gondosan fel\u00faj\u00edtott egykori kolostorban sz\u00e9kel.<\/p>\n\n\n\n<p class=\"wp-block-paragraph\"><em>\ud83d\udca1 <a href=\"https:\/\/www.stay22.com\/allez\/roam?aid=lukaskonecny&#038;campaign=loudavymkrokemcz&#038;campaign=co-videt-v-cartagene&#038;address=Cartagena%2C%20Kolumbie\" target=\"_blank\" rel=\"nofollow noopener sponsored\">Ezen a t\u00e9rk\u00e9pen \u00f6sszehasonl\u00edthatod, mi \u00e9ppen szabad<\/a> \u2014 r\u00f6gt\u00f6n l\u00e1tod, mennyivel olcs\u00f3bb a Getseman\u00ed a v\u00e1rosfalakn\u00e1l.<\/em><\/p>\n\n\n\n<h2 class=\"wp-block-heading\"><span class=\"ez-toc-section\" id=\"22_tipp_mit_nezz_meg_es_csinalj_Cartagenaban\"><\/span>22 tipp, mit n\u00e9zz meg \u00e9s csin\u00e1lj Cartagen\u00e1ban<span class=\"ez-toc-section-end\"><\/span><\/h2>\n\n\n\n<p class=\"wp-block-paragraph\">Miel\u0151tt belevetn\u00e9d magad a kolumbiai sik\u00e1torok forgatag\u00e1ba, n\u00e9zd meg a v\u00e1logat\u00e1sunkat a leg\u00e9rdekesebb dolgokr\u00f3l, amiket a v\u00e1ros k\u00edn\u00e1l. Ez a 22 tipp minden szeglet\u00e9ben megmutatja neked Cartagen\u00e1t, a csillog\u00f3 l\u00e1tnival\u00f3kt\u00f3l a legeldugottabb zugokig, \u00e9s seg\u00edt elker\u00fclni a felesleges <strong>turistacsapd\u00e1kat<\/strong>.<\/p>\n\n\n\n<p class=\"wp-block-paragraph\">Neked kombin\u00e1ltuk a klasszikus <strong>must-see helyeket<\/strong> p\u00e1r <strong>rejtett gy\u00f6nggyel<\/strong>, hogy pontosan magadnak keverhesd ki az \u00e9lm\u00e9nyek megfelel\u0151 kokt\u00e9lj\u00e1t.<\/p>\n\n\n\n<figure data-wp-context=\"{&quot;imageId&quot;:&quot;6a9c18e27182b&quot;}\" data-wp-interactive=\"core\/image\" data-wp-key=\"6a9c18e27182b\" class=\"wp-block-image size-full wp-lightbox-container\"><img decoding=\"async\" width=\"1600\" height=\"1067\" data-wp-class--hide=\"state.isContentHidden\" data-wp-class--show=\"state.isContentVisible\" data-wp-init=\"callbacks.setButtonStyles\" data-wp-on--click=\"actions.showLightbox\" data-wp-on--load=\"callbacks.setButtonStyles\" data-wp-on--pointerdown=\"actions.preloadImage\" data-wp-on--pointerenter=\"actions.preloadImageWithDelay\" data-wp-on--pointerleave=\"actions.cancelPreload\" data-wp-on-window--resize=\"callbacks.setButtonStyles\" src=\"https:\/\/loudavymkrokem.cz\/wp-content\/uploads\/2026\/09\/centro-hist-rico.jpg\" alt=\"Centro Hist\u00f3rico \u00e9s ikonikus v\u00e1rosfalai\" class=\"wp-image-415691\" title=\"\" srcset=\"https:\/\/loudavymkrokem.cz\/wp-content\/uploads\/2026\/09\/centro-hist-rico.jpg 1600w, https:\/\/loudavymkrokem.cz\/wp-content\/uploads\/2026\/09\/centro-hist-rico-300x200.jpg 300w, https:\/\/loudavymkrokem.cz\/wp-content\/uploads\/2026\/09\/centro-hist-rico-700x467.jpg 700w, https:\/\/loudavymkrokem.cz\/wp-content\/uploads\/2026\/09\/centro-hist-rico-768x512.jpg 768w, https:\/\/loudavymkrokem.cz\/wp-content\/uploads\/2026\/09\/centro-hist-rico-1536x1024.jpg 1536w, https:\/\/loudavymkrokem.cz\/wp-content\/uploads\/2026\/09\/centro-hist-rico-696x464.jpg 696w, https:\/\/loudavymkrokem.cz\/wp-content\/uploads\/2026\/09\/centro-hist-rico-1392x928.jpg 1392w\" sizes=\"(max-width: 1600px) 100vw, 1600px\" \/><button\n\t\t\tclass=\"lightbox-trigger\"\n\t\t\ttype=\"button\"\n\t\t\taria-haspopup=\"dialog\"\n\t\t\tdata-wp-bind--aria-label=\"state.thisImage.triggerButtonAriaLabel\"\n\t\t\tdata-wp-init=\"callbacks.initTriggerButton\"\n\t\t\tdata-wp-on--click=\"actions.showLightbox\"\n\t\t\tdata-wp-style--right=\"state.thisImage.buttonRight\"\n\t\t\tdata-wp-style--top=\"state.thisImage.buttonTop\"\n\t\t>\n\t\t\t<svg xmlns=\"http:\/\/www.w3.org\/2000\/svg\" width=\"12\" height=\"12\" fill=\"none\" viewBox=\"0 0 12 12\">\n\t\t\t\t<path fill=\"#fff\" d=\"M2 0a2 2 0 0 0-2 2v2h1.5V2a.5.5 0 0 1 .5-.5h2V0H2Zm2 10.5H2a.5.5 0 0 1-.5-.5V8H0v2a2 2 0 0 0 2 2h2v-1.5ZM8 12v-1.5h2a.5.5 0 0 0 .5-.5V8H12v2a2 2 0 0 1-2 2H8Zm2-12a2 2 0 0 1 2 2v2h-1.5V2a.5.5 0 0 0-.5-.5H8V0h2Z\" \/>\n\t\t\t<\/svg>\n\t\t<\/button><figcaption class=\"wp-element-caption\">Foto: Andreas Saxer \/ Google Maps<\/figcaption><\/figure>\n\n\n\n<h3 class=\"wp-block-heading\"><span class=\"ez-toc-section\" id=\"1_Centro_Historico_es_ikonikus_varosfalai\"><\/span>1. Centro Hist\u00f3rico \u00e9s ikonikus v\u00e1rosfalai<span class=\"ez-toc-section-end\"><\/span><\/h3>\n\n\n\n<p class=\"wp-block-paragraph\">A f\u0151 ok, ami\u00e9rt ide utaznak a vil\u00e1g minden t\u00e1j\u00e1r\u00f3l az utaz\u00f3k, a <strong>Centro Hist\u00f3rico de Cartagena, amelynek fantasztikus, 4,8-as \u00e9rt\u00e9kel\u00e9se van t\u00f6bb mint 4000 v\u00e9lem\u00e9ny alapj\u00e1n<\/strong>. Teljes joggal ker\u00fclt ez az \u00e9p\u00edt\u00e9szeti mesterm\u0171 m\u00e1r 1984 \u00f3ta <a href=\"https:\/\/whc.unesco.org\/en\/list\/285\" rel=\"nofollow noopener\" target=\"_blank\">az UNESCO vil\u00e1g\u00f6r\u00f6ks\u00e9gi list\u00e1j\u00e1ra<\/a>. Az eg\u00e9sz \u00f3v\u00e1rost nagyj\u00e1b\u00f3l <strong>11 kilom\u00e9ternyi massz\u00edv k\u0151fal veszi k\u00f6r\u00fcl<\/strong>, amely a m\u00faltban a v\u00e1ros gazdags\u00e1g\u00e1t v\u00e9dte a kal\u00f3zok t\u00e1mad\u00e1sait\u00f3l, ma pedig a lehet\u0151 legjobb elk\u00e9pzelhet\u0151 kil\u00e1t\u00f3\u00fatvonalk\u00e9nt szolg\u00e1l.<\/p>\n\n\n\n<p class=\"wp-block-paragraph\">A v\u00e1rosfalakat t\u00e9nyleg hagyd kora reggelre vagy k\u00e9s\u0151 d\u00e9lut\u00e1nra. D\u00e9l k\u00f6r\u00fcl ugyanis a t\u00f6rt\u00e9nelmi k\u00f6vek \u00fagy felforr\u00f3sodnak a karibi nap alatt, hogy nem lehet l\u00e9legezni, \u00e9s egy\u00e1ltal\u00e1n nincs semmi \u00e1rny\u00e9k. Magukon a falakon bel\u00fcl azt\u00e1n megtal\u00e1lod az igazi karibi mes\u00e9t: <strong>a sz\u00ednes gyarmati h\u00e1zakat f\u00e1b\u00f3l k\u00e9sz\u00fclt balkonokkal<\/strong>, amelyekr\u0151l r\u00f3zsasz\u00edn, lila \u00e9s \u00e9l\u00e9nkv\u00f6r\u00f6s \u00e1rnyalat\u00fa ragyog\u00f3 bougainville\u00e1k cs\u00fcngenek.<\/p>\n\n\n\n<p class=\"wp-block-paragraph\">Ezekben a fest\u0151i sik\u00e1torokban s\u00e9t\u00e1lva sz\u00e1mtalan fotog\u00e9n zugba fogsz botlani, de <strong>hatalmas mennyis\u00e9g\u0171 utcai \u00e1rusba \u00e9s sz\u00ednes ruh\u00e1s, mosolyg\u00f3s n\u0151be<\/strong> is, akiket palenquerasnak h\u00edvnak. Ha csin\u00e1lni akarsz vel\u00fck egy hagyom\u00e1nyos fot\u00f3t gy\u00fcm\u00f6lccsel a fej\u00fck\u00f6n, sz\u00e1molj vele, hogy az\u00e9rt mindig borraval\u00f3t kell fizetni. \ud83d\udca1 <strong>Tipp:<\/strong> Ne hagyd, hogy hossz\u00fa besz\u00e9lget\u00e9sekbe r\u00e1ngassanak be az utcai csalogat\u00f3k; el\u00e9g, ha udvariasan elmosolyodsz, hat\u00e1rozottan azt mondod \u201eno, gracias&#8221;, \u00e9s meg\u00e1ll\u00e1s n\u00e9lk\u00fcl folytatod az utad.<\/p>\n\n\n\n<figure data-wp-context=\"{&quot;imageId&quot;:&quot;6a9c18e271e6c&quot;}\" data-wp-interactive=\"core\/image\" data-wp-key=\"6a9c18e271e6c\" class=\"wp-block-image size-full wp-lightbox-container\"><img decoding=\"async\" width=\"1600\" height=\"1200\" data-wp-class--hide=\"state.isContentHidden\" data-wp-class--show=\"state.isContentVisible\" data-wp-init=\"callbacks.setButtonStyles\" data-wp-on--click=\"actions.showLightbox\" data-wp-on--load=\"callbacks.setButtonStyles\" data-wp-on--pointerdown=\"actions.preloadImage\" data-wp-on--pointerenter=\"actions.preloadImageWithDelay\" data-wp-on--pointerleave=\"actions.cancelPreload\" data-wp-on-window--resize=\"callbacks.setButtonStyles\" src=\"https:\/\/loudavymkrokem.cz\/wp-content\/uploads\/2026\/09\/castillo-de-san-felipe-de-barajas.jpg\" alt=\"Castillo de San Felipe de Barajas\" class=\"wp-image-415695\" title=\"\" srcset=\"https:\/\/loudavymkrokem.cz\/wp-content\/uploads\/2026\/09\/castillo-de-san-felipe-de-barajas.jpg 1600w, https:\/\/loudavymkrokem.cz\/wp-content\/uploads\/2026\/09\/castillo-de-san-felipe-de-barajas-300x225.jpg 300w, https:\/\/loudavymkrokem.cz\/wp-content\/uploads\/2026\/09\/castillo-de-san-felipe-de-barajas-700x525.jpg 700w, https:\/\/loudavymkrokem.cz\/wp-content\/uploads\/2026\/09\/castillo-de-san-felipe-de-barajas-768x576.jpg 768w, https:\/\/loudavymkrokem.cz\/wp-content\/uploads\/2026\/09\/castillo-de-san-felipe-de-barajas-1536x1152.jpg 1536w, https:\/\/loudavymkrokem.cz\/wp-content\/uploads\/2026\/09\/castillo-de-san-felipe-de-barajas-80x60.jpg 80w, https:\/\/loudavymkrokem.cz\/wp-content\/uploads\/2026\/09\/castillo-de-san-felipe-de-barajas-160x120.jpg 160w, https:\/\/loudavymkrokem.cz\/wp-content\/uploads\/2026\/09\/castillo-de-san-felipe-de-barajas-696x522.jpg 696w, https:\/\/loudavymkrokem.cz\/wp-content\/uploads\/2026\/09\/castillo-de-san-felipe-de-barajas-1392x1044.jpg 1392w\" sizes=\"(max-width: 1600px) 100vw, 1600px\" \/><button\n\t\t\tclass=\"lightbox-trigger\"\n\t\t\ttype=\"button\"\n\t\t\taria-haspopup=\"dialog\"\n\t\t\tdata-wp-bind--aria-label=\"state.thisImage.triggerButtonAriaLabel\"\n\t\t\tdata-wp-init=\"callbacks.initTriggerButton\"\n\t\t\tdata-wp-on--click=\"actions.showLightbox\"\n\t\t\tdata-wp-style--right=\"state.thisImage.buttonRight\"\n\t\t\tdata-wp-style--top=\"state.thisImage.buttonTop\"\n\t\t>\n\t\t\t<svg xmlns=\"http:\/\/www.w3.org\/2000\/svg\" width=\"12\" height=\"12\" fill=\"none\" viewBox=\"0 0 12 12\">\n\t\t\t\t<path fill=\"#fff\" d=\"M2 0a2 2 0 0 0-2 2v2h1.5V2a.5.5 0 0 1 .5-.5h2V0H2Zm2 10.5H2a.5.5 0 0 1-.5-.5V8H0v2a2 2 0 0 0 2 2h2v-1.5ZM8 12v-1.5h2a.5.5 0 0 0 .5-.5V8H12v2a2 2 0 0 1-2 2H8Zm2-12a2 2 0 0 1 2 2v2h-1.5V2a.5.5 0 0 0-.5-.5H8V0h2Z\" \/>\n\t\t\t<\/svg>\n\t\t<\/button><figcaption class=\"wp-element-caption\">Foto: Kelly Ng \/ Google Maps<\/figcaption><\/figure>\n\n\n\n<h3 class=\"wp-block-heading\"><span class=\"ez-toc-section\" id=\"2_Castillo_de_San_Felipe_de_Barajas\"><\/span>2. Castillo de San Felipe de Barajas<span class=\"ez-toc-section-end\"><\/span><\/h3>\n\n\n\n<p class=\"wp-block-paragraph\">Ez az eg\u00e9sz v\u00e1ros abszol\u00fat domin\u00e1ns pontja, \u00e9s <strong>az \u00e9rt\u00e9kel\u00e9sek sz\u00e1ma (k\u00f6zel 68 000) alapj\u00e1n ez eg\u00e9sz Cartagena legl\u00e1togatottabb helye<\/strong>. A Castillo de San Felipe de Barajas a legnagyobb spanyol er\u0151d az amerikai kontinensen (\u00e9s amikor ott \u00e1llsz, azoknak a massz\u00edv k\u0151falaknak t\u00e9nyleg elhiszed). \u00c9p\u00edt\u00e9se m\u00e1r 1657-ben elkezd\u0151d\u00f6tt egy strat\u00e9giai dombon, \u00e9s a lelem\u00e9nyes v\u00e9delmi rendszernek \u00e9s a f\u00f6ld alatti alagutaknak k\u00f6sz\u00f6nhet\u0151en soha egyetlen ellens\u00e9gnek sem siker\u00fclt bevennie.<\/p>\n\n\n\n<p class=\"wp-block-paragraph\">Ennek az \u00f3ri\u00e1si er\u0151dnek a felfedez\u00e9se nyugodtan elvisz k\u00e9t \u00f3r\u00e1t is, \u00e9s <strong>a legnagyobb \u00e9lm\u00e9ny a s\u00f6t\u00e9t, kacskaring\u00f3s alagutakban val\u00f3 bolyong\u00e1s<\/strong>, amelyeket az \u00e9p\u00edt\u00e9szek \u00fagy terveztek, hogy sz\u00e1nd\u00e9kosan feler\u0151s\u00edts\u00e9k az esetleges t\u00e1mad\u00f3k l\u00e9pteinek hangj\u00e1t. Az er\u0151d <a href=\"https:\/\/fortificacionescartagena.com.co\/en\/castle-of-san-felipe-de-barajas\/\" rel=\"nofollow noopener\" target=\"_blank\">nyitva \u00e1ll a k\u00f6z\u00f6ns\u00e9g el\u0151tt<\/a> <strong>minden nap 8:00-t\u00f3l 18:00-ig<\/strong>, \u00e9s itt is \u00e9rv\u00e9nyes az aranyszab\u00e1ly: ne gyere ide d\u00e9lt\u00e1jban, mert a falakon gyakorlatilag semmi lehet\u0151s\u00e9g nincs a nap el\u0151l elb\u00fajni.<\/p>\n\n\n\n<p class=\"wp-block-paragraph\"><strong>Az alapbel\u00e9p\u0151 k\u00fclf\u00f6ldieknek 25 000 COP-ba ker\u00fcl<\/strong>, m\u00edg a helyi lakosok valamivel kevesebbet, nagyj\u00e1b\u00f3l 20 000 COP-t fizetnek. Ha csal\u00e1ddal utazol, a 6 \u00e9v alatti gyerekek \u00e9s a 62 \u00e9v feletti sz\u00e9pkor\u00faak teljesen ingyen l\u00e9phetnek be az eg\u00e9sz ter\u00fcletre. \ud83d\udca1 <strong>Tipp a sp\u00f3rol\u00f3s utaz\u00f3knak:<\/strong> Ha id\u0151ben belef\u00e9r, mindenk\u00e9pp a <strong>h\u00f3nap utols\u00f3 vas\u00e1rnapj\u00e1ra tervezd a l\u00e1togat\u00e1st, amikor abszol\u00fat mindenki sz\u00e1m\u00e1ra teljesen ingyenes a bel\u00e9p\u0151<\/strong> (a forgalmas janu\u00e1r \u00e9s december kiv\u00e9tel\u00e9vel).<\/p>\n\n\n\n<figure data-wp-context=\"{&quot;imageId&quot;:&quot;6a9c18e272485&quot;}\" data-wp-interactive=\"core\/image\" data-wp-key=\"6a9c18e272485\" class=\"wp-block-image size-full wp-lightbox-container\"><img decoding=\"async\" width=\"1600\" height=\"2133\" data-wp-class--hide=\"state.isContentHidden\" data-wp-class--show=\"state.isContentVisible\" data-wp-init=\"callbacks.setButtonStyles\" data-wp-on--click=\"actions.showLightbox\" data-wp-on--load=\"callbacks.setButtonStyles\" data-wp-on--pointerdown=\"actions.preloadImage\" data-wp-on--pointerenter=\"actions.preloadImageWithDelay\" data-wp-on--pointerleave=\"actions.cancelPreload\" data-wp-on-window--resize=\"callbacks.setButtonStyles\" src=\"https:\/\/loudavymkrokem.cz\/wp-content\/uploads\/2026\/09\/n-m-st-plaza-de-bol-var.jpg\" alt=\"Plaza de Bol\u00edvar t\u00e9r\" class=\"wp-image-415697\" title=\"\" srcset=\"https:\/\/loudavymkrokem.cz\/wp-content\/uploads\/2026\/09\/n-m-st-plaza-de-bol-var.jpg 1600w, https:\/\/loudavymkrokem.cz\/wp-content\/uploads\/2026\/09\/n-m-st-plaza-de-bol-var-225x300.jpg 225w, https:\/\/loudavymkrokem.cz\/wp-content\/uploads\/2026\/09\/n-m-st-plaza-de-bol-var-700x933.jpg 700w, https:\/\/loudavymkrokem.cz\/wp-content\/uploads\/2026\/09\/n-m-st-plaza-de-bol-var-768x1024.jpg 768w, https:\/\/loudavymkrokem.cz\/wp-content\/uploads\/2026\/09\/n-m-st-plaza-de-bol-var-1152x1536.jpg 1152w, https:\/\/loudavymkrokem.cz\/wp-content\/uploads\/2026\/09\/n-m-st-plaza-de-bol-var-1536x2048.jpg 1536w, https:\/\/loudavymkrokem.cz\/wp-content\/uploads\/2026\/09\/n-m-st-plaza-de-bol-var-696x928.jpg 696w, https:\/\/loudavymkrokem.cz\/wp-content\/uploads\/2026\/09\/n-m-st-plaza-de-bol-var-1392x1856.jpg 1392w\" sizes=\"(max-width: 1600px) 100vw, 1600px\" \/><button\n\t\t\tclass=\"lightbox-trigger\"\n\t\t\ttype=\"button\"\n\t\t\taria-haspopup=\"dialog\"\n\t\t\tdata-wp-bind--aria-label=\"state.thisImage.triggerButtonAriaLabel\"\n\t\t\tdata-wp-init=\"callbacks.initTriggerButton\"\n\t\t\tdata-wp-on--click=\"actions.showLightbox\"\n\t\t\tdata-wp-style--right=\"state.thisImage.buttonRight\"\n\t\t\tdata-wp-style--top=\"state.thisImage.buttonTop\"\n\t\t>\n\t\t\t<svg xmlns=\"http:\/\/www.w3.org\/2000\/svg\" width=\"12\" height=\"12\" fill=\"none\" viewBox=\"0 0 12 12\">\n\t\t\t\t<path fill=\"#fff\" d=\"M2 0a2 2 0 0 0-2 2v2h1.5V2a.5.5 0 0 1 .5-.5h2V0H2Zm2 10.5H2a.5.5 0 0 1-.5-.5V8H0v2a2 2 0 0 0 2 2h2v-1.5ZM8 12v-1.5h2a.5.5 0 0 0 .5-.5V8H12v2a2 2 0 0 1-2 2H8Zm2-12a2 2 0 0 1 2 2v2h-1.5V2a.5.5 0 0 0-.5-.5H8V0h2Z\" \/>\n\t\t\t<\/svg>\n\t\t<\/button><figcaption class=\"wp-element-caption\">Foto: Kody Kozak \/ Google Maps<\/figcaption><\/figure>\n\n\n\n<h3 class=\"wp-block-heading\"><span class=\"ez-toc-section\" id=\"3_Plaza_de_Bolivar_ter\"><\/span>3. Plaza de Bol\u00edvar t\u00e9r<span class=\"ez-toc-section-end\"><\/span><\/h3>\n\n\n\n<p class=\"wp-block-paragraph\">Az eg\u00e9sz \u00f3v\u00e1ros z\u00f6ld sz\u00edve a <strong>Plaza de Bol\u00edvar (sz\u00e9p, 4,6-os \u00e9rt\u00e9kel\u00e9s), amely t\u00f6k\u00e9letes nyugalmi o\u00e1zisk\u00e9nt m\u0171k\u00f6dik<\/strong>. A k\u00f6rnyez\u0151, napt\u00f3l \u00e1tforr\u00f3sodott k\u0151utc\u00e1kkal ellent\u00e9tben itt rengeteg padot tal\u00e1lsz, biztons\u00e1gosan elrejtve a hatalmas \u00f6reg f\u00e1k \u00e1rny\u00e9k\u00e1ban, ahol a helyi lakosok \u00e9s a vil\u00e1g minden t\u00e1j\u00e1r\u00f3l \u00e9rkez\u0151 f\u00e1radt utaz\u00f3k \u00fcld\u00f6g\u00e9lnek. A t\u00e9r k\u00f6zep\u00e9n persze nem hi\u00e1nyzik mag\u00e1nak Sim\u00f3n Bol\u00edvarnak, D\u00e9l-Amerika h\u00edres felszabad\u00edt\u00f3j\u00e1nak a lovas szobra sem.<\/p>\n\n\n\n<p class=\"wp-block-paragraph\">Ez a t\u00e9r nemcsak abszol\u00fat remek hely a hossz\u00fa s\u00e9ta ut\u00e1ni pihen\u00e9shez, hanem <strong>strat\u00e9giai kiindul\u00f3pont a v\u00e1ros legjobb m\u00fazeumainak megl\u00e1togat\u00e1s\u00e1hoz<\/strong> is. Ezt a parkot az egyik oldalon a gy\u00f6ny\u00f6r\u0171 t\u00f6rt\u00e9nelmi katedr\u00e1lis szeg\u00e9lyezi, a m\u00e1sikon pedig d\u00edszes gyarmati palot\u00e1k massz\u00edv fakapukkal \u00e9s \u00e1llat form\u00e1j\u00fa, \u00f3ri\u00e1si f\u00e9m kopogtat\u00f3kkal.<\/p>\n\n\n\n<p class=\"wp-block-paragraph\">Amikor egy kicsit le\u00fclsz itt, <strong>mindenk\u00e9pp vegy\u00e9l friss karibi gy\u00fcm\u00f6lcs\u00f6t a kord\u00e9s helyi \u00e1rusokt\u00f3l<\/strong> vagy egy j\u00e9ghideg italt. Csak azokat az \u00e1rusokat v\u00e1laszd, akik a gy\u00fcm\u00f6lcs\u00f6t el\u0151tted h\u00e1mozz\u00e1k \u00e9s szeletelik \u2014 legal\u00e1bb tudod, mit kapsz. Ez verhetetlen\u00fcl a legjobb fel\u00fcd\u00fcl\u00e9s a tr\u00f3pusi h\u0151s\u00e9gben t\u00f6lt\u00f6tt s\u00e9ta \u00f3r\u00e1i ut\u00e1n.<\/p>\n\n\n\n<figure data-wp-context=\"{&quot;imageId&quot;:&quot;6a9c18e272b87&quot;}\" data-wp-interactive=\"core\/image\" data-wp-key=\"6a9c18e272b87\" class=\"wp-block-image size-full wp-lightbox-container\"><img decoding=\"async\" width=\"1280\" height=\"960\" data-wp-class--hide=\"state.isContentHidden\" data-wp-class--show=\"state.isContentVisible\" data-wp-init=\"callbacks.setButtonStyles\" data-wp-on--click=\"actions.showLightbox\" data-wp-on--load=\"callbacks.setButtonStyles\" data-wp-on--pointerdown=\"actions.preloadImage\" data-wp-on--pointerenter=\"actions.preloadImageWithDelay\" data-wp-on--pointerleave=\"actions.cancelPreload\" data-wp-on-window--resize=\"callbacks.setButtonStyles\" src=\"https:\/\/loudavymkrokem.cz\/wp-content\/uploads\/2026\/09\/museo-del-oro-zen.jpg\" alt=\"Museo del Oro Zen\u00fa\" class=\"wp-image-415699\" title=\"\" srcset=\"https:\/\/loudavymkrokem.cz\/wp-content\/uploads\/2026\/09\/museo-del-oro-zen.jpg 1280w, https:\/\/loudavymkrokem.cz\/wp-content\/uploads\/2026\/09\/museo-del-oro-zen-300x225.jpg 300w, https:\/\/loudavymkrokem.cz\/wp-content\/uploads\/2026\/09\/museo-del-oro-zen-700x525.jpg 700w, https:\/\/loudavymkrokem.cz\/wp-content\/uploads\/2026\/09\/museo-del-oro-zen-768x576.jpg 768w, https:\/\/loudavymkrokem.cz\/wp-content\/uploads\/2026\/09\/museo-del-oro-zen-80x60.jpg 80w, https:\/\/loudavymkrokem.cz\/wp-content\/uploads\/2026\/09\/museo-del-oro-zen-160x120.jpg 160w, https:\/\/loudavymkrokem.cz\/wp-content\/uploads\/2026\/09\/museo-del-oro-zen-696x522.jpg 696w\" sizes=\"(max-width: 1280px) 100vw, 1280px\" \/><button\n\t\t\tclass=\"lightbox-trigger\"\n\t\t\ttype=\"button\"\n\t\t\taria-haspopup=\"dialog\"\n\t\t\tdata-wp-bind--aria-label=\"state.thisImage.triggerButtonAriaLabel\"\n\t\t\tdata-wp-init=\"callbacks.initTriggerButton\"\n\t\t\tdata-wp-on--click=\"actions.showLightbox\"\n\t\t\tdata-wp-style--right=\"state.thisImage.buttonRight\"\n\t\t\tdata-wp-style--top=\"state.thisImage.buttonTop\"\n\t\t>\n\t\t\t<svg xmlns=\"http:\/\/www.w3.org\/2000\/svg\" width=\"12\" height=\"12\" fill=\"none\" viewBox=\"0 0 12 12\">\n\t\t\t\t<path fill=\"#fff\" d=\"M2 0a2 2 0 0 0-2 2v2h1.5V2a.5.5 0 0 1 .5-.5h2V0H2Zm2 10.5H2a.5.5 0 0 1-.5-.5V8H0v2a2 2 0 0 0 2 2h2v-1.5ZM8 12v-1.5h2a.5.5 0 0 0 .5-.5V8H12v2a2 2 0 0 1-2 2H8Zm2-12a2 2 0 0 1 2 2v2h-1.5V2a.5.5 0 0 0-.5-.5H8V0h2Z\" \/>\n\t\t\t<\/svg>\n\t\t<\/button><figcaption class=\"wp-element-caption\">Foto: Museo del Oro Zen\u00fa \/ Google Maps<\/figcaption><\/figure>\n\n\n\n<h3 class=\"wp-block-heading\"><span class=\"ez-toc-section\" id=\"4_Museo_del_Oro_Zenu\"><\/span>4. Museo del Oro Zen\u00fa<span class=\"ez-toc-section-end\"><\/span><\/h3>\n\n\n\n<p class=\"wp-block-paragraph\">K\u00f6zvetlen\u00fcl a kedvelt Plaza de Bol\u00edvar sz\u00e9l\u00e9n tal\u00e1lhat\u00f3 a <strong>Museo del Oro Zen\u00fa, amely a <a href=\"https:\/\/www.banrepcultural.org\/cartagena\/museo-del-oro-zenu\" rel=\"nofollow noopener\" target=\"_blank\">h\u00edres Aranym\u00fazeum<\/a> leny\u0171g\u00f6z\u0151 kirendelts\u00e9ge<\/strong> a f\u0151v\u00e1rosb\u00f3l, Bogot\u00e1b\u00f3l. B\u00e1r valamivel kisebb, mint az \u00f3ri\u00e1si f\u0151v\u00e1ltozata, a ki\u00e1ll\u00edt\u00e1s abszol\u00fat leny\u0171g\u00f6z\u0151, r\u00e1ad\u00e1sul <strong>a bel\u00e9p\u0151 ebbe a fantasztikus m\u00fazeumba teljesen ingyenes<\/strong>, ami a dr\u00e1ga Cartagen\u00e1ban el\u00e9g ritka kiv\u00e9tel, amit ki kellene haszn\u00e1lnod.<\/p>\n\n\n\n<p class=\"wp-block-paragraph\">Odabent l\u00e9legzetel\u00e1ll\u00edt\u00f3 \u00e9s nagyon \u00e9rt\u00e9kes aranyt\u00e1rgy-gy\u0171jtem\u00e9nyt l\u00e1tsz, amelyet az \u0151shonos Zen\u00fa kult\u00fara hozott l\u00e9tre j\u00f3val a spanyol gyarmatos\u00edt\u00f3k \u00e9rkez\u00e9se el\u0151tt. <strong>Ez a kult\u00fara t\u00f6k\u00e9letes \u00f6tv\u00f6stechnik\u00e1ir\u00f3l volt ismert<\/strong>, valamint kifinomult v\u00edzelvezet\u0151csatorna-rendszereir\u0151l, amelyek lehet\u0151v\u00e9 tett\u00e9k sz\u00e1mukra a t\u00fal\u00e9l\u00e9st az \u00e1rter\u00fcleteken. A ki\u00e1ll\u00edt\u00e1s remek\u00fcl \u00e9s \u00e9rthet\u0151en magyar\u00e1zza el m\u00e9ly kapcsolatukat a term\u00e9szettel, k\u00fcl\u00f6n\u00f6sen a k\u00e9t\u00e9lt\u0171ekkel \u00e9s a gazdag v\u00edzi vil\u00e1ggal.<\/p>\n\n\n\n<p class=\"wp-block-paragraph\">A m\u00fazeum r\u00e1ad\u00e1sul kellemesen klimatiz\u00e1lt, \u00fagyhogy ha odakint t\u0171z a nap \u00e9s eleged van, ez az ingyenes mened\u00e9k a d\u00e9lut\u00e1ni h\u0151s\u00e9g el\u0151l val\u00f3s\u00e1gos \u00e9gi aj\u00e1nd\u00e9k. \ud83d\udca1 <strong>Tipp:<\/strong> Ne felejtsd el k\u00f6zelr\u0151l szem\u00fcgyre venni a h\u00edres arany mellv\u00e9rteket \u00e9s a hihetetlen\u00fcl finom filigr\u00e1n \u00e9kszereket, amelyek pontoss\u00e1gukkal a mai napig leny\u0171g\u00f6zik a modern \u00e9kszer\u00e9szeket is.<\/p>\n\n\n\n<figure data-wp-context=\"{&quot;imageId&quot;:&quot;6a9c18e273327&quot;}\" data-wp-interactive=\"core\/image\" data-wp-key=\"6a9c18e273327\" class=\"wp-block-image size-full wp-lightbox-container\"><img decoding=\"async\" width=\"1600\" height=\"1200\" data-wp-class--hide=\"state.isContentHidden\" data-wp-class--show=\"state.isContentVisible\" data-wp-init=\"callbacks.setButtonStyles\" data-wp-on--click=\"actions.showLightbox\" data-wp-on--load=\"callbacks.setButtonStyles\" data-wp-on--pointerdown=\"actions.preloadImage\" data-wp-on--pointerenter=\"actions.preloadImageWithDelay\" data-wp-on--pointerleave=\"actions.cancelPreload\" data-wp-on-window--resize=\"callbacks.setButtonStyles\" src=\"https:\/\/loudavymkrokem.cz\/wp-content\/uploads\/2026\/09\/palacio-de-la-inquisici-n.jpg\" alt=\"Palacio de la Inquisici\u00f3n (Inkviz\u00edci\u00f3 palot\u00e1ja)\" class=\"wp-image-415704\" title=\"\" srcset=\"https:\/\/loudavymkrokem.cz\/wp-content\/uploads\/2026\/09\/palacio-de-la-inquisici-n.jpg 1600w, https:\/\/loudavymkrokem.cz\/wp-content\/uploads\/2026\/09\/palacio-de-la-inquisici-n-300x225.jpg 300w, https:\/\/loudavymkrokem.cz\/wp-content\/uploads\/2026\/09\/palacio-de-la-inquisici-n-700x525.jpg 700w, https:\/\/loudavymkrokem.cz\/wp-content\/uploads\/2026\/09\/palacio-de-la-inquisici-n-768x576.jpg 768w, https:\/\/loudavymkrokem.cz\/wp-content\/uploads\/2026\/09\/palacio-de-la-inquisici-n-1536x1152.jpg 1536w, https:\/\/loudavymkrokem.cz\/wp-content\/uploads\/2026\/09\/palacio-de-la-inquisici-n-80x60.jpg 80w, https:\/\/loudavymkrokem.cz\/wp-content\/uploads\/2026\/09\/palacio-de-la-inquisici-n-160x120.jpg 160w, https:\/\/loudavymkrokem.cz\/wp-content\/uploads\/2026\/09\/palacio-de-la-inquisici-n-696x522.jpg 696w, https:\/\/loudavymkrokem.cz\/wp-content\/uploads\/2026\/09\/palacio-de-la-inquisici-n-1392x1044.jpg 1392w\" sizes=\"(max-width: 1600px) 100vw, 1600px\" \/><button\n\t\t\tclass=\"lightbox-trigger\"\n\t\t\ttype=\"button\"\n\t\t\taria-haspopup=\"dialog\"\n\t\t\tdata-wp-bind--aria-label=\"state.thisImage.triggerButtonAriaLabel\"\n\t\t\tdata-wp-init=\"callbacks.initTriggerButton\"\n\t\t\tdata-wp-on--click=\"actions.showLightbox\"\n\t\t\tdata-wp-style--right=\"state.thisImage.buttonRight\"\n\t\t\tdata-wp-style--top=\"state.thisImage.buttonTop\"\n\t\t>\n\t\t\t<svg xmlns=\"http:\/\/www.w3.org\/2000\/svg\" width=\"12\" height=\"12\" fill=\"none\" viewBox=\"0 0 12 12\">\n\t\t\t\t<path fill=\"#fff\" d=\"M2 0a2 2 0 0 0-2 2v2h1.5V2a.5.5 0 0 1 .5-.5h2V0H2Zm2 10.5H2a.5.5 0 0 1-.5-.5V8H0v2a2 2 0 0 0 2 2h2v-1.5ZM8 12v-1.5h2a.5.5 0 0 0 .5-.5V8H12v2a2 2 0 0 1-2 2H8Zm2-12a2 2 0 0 1 2 2v2h-1.5V2a.5.5 0 0 0-.5-.5H8V0h2Z\" \/>\n\t\t\t<\/svg>\n\t\t<\/button><figcaption class=\"wp-element-caption\">Foto: Adri\u00e1n S\u00e1nchez Alan\u00eds \/ Google Maps<\/figcaption><\/figure>\n\n\n\n<h3 class=\"wp-block-heading\"><span class=\"ez-toc-section\" id=\"5_Palacio_de_la_Inquisicion_Inkvizicio_palotaja\"><\/span>5. Palacio de la Inquisici\u00f3n (Inkviz\u00edci\u00f3 palot\u00e1ja)<span class=\"ez-toc-section-end\"><\/span><\/h3>\n\n\n\n<p class=\"wp-block-paragraph\">Ugyanennek a t\u00e9rnek a szemk\u00f6zti oldal\u00e1n tal\u00e1lod a <strong>Museum of Cartagena de Indiast, amelyet az emberek ink\u00e1bb Palacio de la Inquisici\u00f3n n\u00e9ven ismernek<\/strong> (4,2-es \u00e9rt\u00e9kel\u00e9s). Ez a fens\u00e9ges t\u00f6rt\u00e9nelmi \u00e9p\u00fclet a gy\u00f6ny\u00f6r\u0171, 1770-es barokk kapuzat\u00e1val el\u00e9g s\u00f6t\u00e9t t\u00f6rt\u00e9nelmet rejt sz\u00e9p homlokzata alatt. A spanyol inkviz\u00edci\u00f3 f\u0151 sz\u00e9khelye volt ugyanis, amely itt \u00e9vsz\u00e1zadokon \u00e1t \u00edt\u00e9lkezett \u00e9s nyersen b\u00fcntette az eretneks\u00e9ggel \u00e9s boszork\u00e1nys\u00e1ggal v\u00e1doltakat.<\/p>\n\n\n\n<p class=\"wp-block-paragraph\">Odabent meglehet\u0151sen h\u00e1tborzongat\u00f3, de nagyon tanuls\u00e1gos ki\u00e1ll\u00edt\u00e1s v\u00e1r, ahol <strong>megn\u00e9zheted az eredeti k\u00ednz\u00f3eszk\u00f6z\u00f6ket<\/strong>, \u00e9s r\u00e9szletesen megismerheted az akkori egyh\u00e1zi b\u00edr\u00f3s\u00e1gok k\u00edm\u00e9letlen m\u00f3dszereit. Ugyanakkor a fels\u0151 szinteken egy nagyon terjedelmes r\u00e9szt is tal\u00e1lsz, amelyet a v\u00e1ros alap\u00edt\u00e1s\u00e1t\u00f3l kezd\u0151d\u0151 teljes t\u00f6rt\u00e9net\u00e9nek szenteltek, \u00edgy a m\u00fazeum remek \u00e1tfog\u00f3 bevezet\u0151k\u00e9nt m\u0171k\u00f6dik Cartagena \u00f6sszetett t\u00f6rt\u00e9nelm\u00e9be.<\/p>\n\n\n\n<p class=\"wp-block-paragraph\">A bel\u00e9p\u0151 \u00e1ra a k\u00fclf\u00f6ldi turist\u00e1knak \u00e1ltal\u00e1ban <strong>21 000 \u00e9s 25 000 COP k\u00f6z\u00f6tt mozog<\/strong>, de az aktu\u00e1lis \u00f6sszeget mindenk\u00e9pp ellen\u0151rizd a helysz\u00ednen a p\u00e9nzt\u00e1rn\u00e1l, mert id\u0151nk\u00e9nt bejelent\u00e9s n\u00e9lk\u00fcl v\u00e1ltozik. Az \u00e1rny\u00e9kos bels\u0151 udvar \u00e9lm\u00e9nye, ahol kor\u00e1bban kegyetlen \u00edt\u00e9leteket hoztak, ma pedig ironikus m\u00f3don buja tr\u00f3pusi n\u00f6v\u00e9nyzet n\u0151, t\u00e9nyleg er\u0151s \u00e9s meg\u00e9ri megn\u00e9zni.<\/p>\n\n\n\n<figure data-wp-context=\"{&quot;imageId&quot;:&quot;6a9c18e27393e&quot;}\" data-wp-interactive=\"core\/image\" data-wp-key=\"6a9c18e27393e\" class=\"wp-block-image size-full wp-lightbox-container\"><img decoding=\"async\" width=\"1600\" height=\"1186\" data-wp-class--hide=\"state.isContentHidden\" data-wp-class--show=\"state.isContentVisible\" data-wp-init=\"callbacks.setButtonStyles\" data-wp-on--click=\"actions.showLightbox\" data-wp-on--load=\"callbacks.setButtonStyles\" data-wp-on--pointerdown=\"actions.preloadImage\" data-wp-on--pointerenter=\"actions.preloadImageWithDelay\" data-wp-on--pointerleave=\"actions.cancelPreload\" data-wp-on-window--resize=\"callbacks.setButtonStyles\" src=\"https:\/\/loudavymkrokem.cz\/wp-content\/uploads\/2026\/09\/museo-naval-del-caribe.jpg\" alt=\"Museo Naval del Caribe\" class=\"wp-image-415706\" title=\"\" srcset=\"https:\/\/loudavymkrokem.cz\/wp-content\/uploads\/2026\/09\/museo-naval-del-caribe.jpg 1600w, https:\/\/loudavymkrokem.cz\/wp-content\/uploads\/2026\/09\/museo-naval-del-caribe-300x222.jpg 300w, https:\/\/loudavymkrokem.cz\/wp-content\/uploads\/2026\/09\/museo-naval-del-caribe-700x519.jpg 700w, https:\/\/loudavymkrokem.cz\/wp-content\/uploads\/2026\/09\/museo-naval-del-caribe-768x569.jpg 768w, https:\/\/loudavymkrokem.cz\/wp-content\/uploads\/2026\/09\/museo-naval-del-caribe-1536x1139.jpg 1536w, https:\/\/loudavymkrokem.cz\/wp-content\/uploads\/2026\/09\/museo-naval-del-caribe-80x60.jpg 80w, https:\/\/loudavymkrokem.cz\/wp-content\/uploads\/2026\/09\/museo-naval-del-caribe-160x120.jpg 160w, https:\/\/loudavymkrokem.cz\/wp-content\/uploads\/2026\/09\/museo-naval-del-caribe-696x516.jpg 696w, https:\/\/loudavymkrokem.cz\/wp-content\/uploads\/2026\/09\/museo-naval-del-caribe-1392x1032.jpg 1392w\" sizes=\"(max-width: 1600px) 100vw, 1600px\" \/><button\n\t\t\tclass=\"lightbox-trigger\"\n\t\t\ttype=\"button\"\n\t\t\taria-haspopup=\"dialog\"\n\t\t\tdata-wp-bind--aria-label=\"state.thisImage.triggerButtonAriaLabel\"\n\t\t\tdata-wp-init=\"callbacks.initTriggerButton\"\n\t\t\tdata-wp-on--click=\"actions.showLightbox\"\n\t\t\tdata-wp-style--right=\"state.thisImage.buttonRight\"\n\t\t\tdata-wp-style--top=\"state.thisImage.buttonTop\"\n\t\t>\n\t\t\t<svg xmlns=\"http:\/\/www.w3.org\/2000\/svg\" width=\"12\" height=\"12\" fill=\"none\" viewBox=\"0 0 12 12\">\n\t\t\t\t<path fill=\"#fff\" d=\"M2 0a2 2 0 0 0-2 2v2h1.5V2a.5.5 0 0 1 .5-.5h2V0H2Zm2 10.5H2a.5.5 0 0 1-.5-.5V8H0v2a2 2 0 0 0 2 2h2v-1.5ZM8 12v-1.5h2a.5.5 0 0 0 .5-.5V8H12v2a2 2 0 0 1-2 2H8Zm2-12a2 2 0 0 1 2 2v2h-1.5V2a.5.5 0 0 0-.5-.5H8V0h2Z\" \/>\n\t\t\t<\/svg>\n\t\t<\/button><figcaption class=\"wp-element-caption\">Foto: LATINA VIAJERA [Sam Broxio] \/ Google Maps<\/figcaption><\/figure>\n\n\n\n<h3 class=\"wp-block-heading\"><span class=\"ez-toc-section\" id=\"6_Museo_Naval_del_Caribe\"><\/span>6. Museo Naval del Caribe<span class=\"ez-toc-section-end\"><\/span><\/h3>\n\n\n\n<p class=\"wp-block-paragraph\">Ha ak\u00e1r csak egy kicsit is \u00e9rdekelnek a r\u00e9gi haj\u00f3k, a kal\u00f3zok \u00e9s a tengeri csat\u00e1k, a <strong>Museo Naval del Caribe (kiv\u00e1l\u00f3, 4,6-os \u00e9rt\u00e9kel\u00e9s) abszol\u00fat le fog ny\u0171g\u00f6zni<\/strong>. A f\u0151 v\u00e1rosfalakt\u00f3l karny\u00fajt\u00e1snyira tal\u00e1lod, \u00e9s a kiterjedt ki\u00e1ll\u00edt\u00e1sa a karibi kal\u00f3zok, az arannyal teli els\u00fcllyedt spanyol g\u00e1ly\u00e1k \u00e9s az ezen a strat\u00e9giai karibi kik\u00f6t\u0151 feletti uralom\u00e9rt foly\u00f3 v\u00e9get nem \u00e9r\u0151 tengeri csat\u00e1k leny\u0171g\u00f6z\u0151 t\u00f6rt\u00e9net\u00e9nek szentelte mag\u00e1t.<\/p>\n\n\n\n<p class=\"wp-block-paragraph\">A m\u00fazeum t\u00e9nyleg remek\u00fcl \u00e9s modern\u00fcl van feldolgozva, <strong>rengeteg \u00e9rdekes interakt\u00edv er\u0151d- \u00e9s \u00f3ri\u00e1shaj\u00f3-modellt k\u00edn\u00e1l<\/strong>, amit nem csak a feln\u0151tt t\u00f6rt\u00e9nelemrajong\u00f3k \u00e9rt\u00e9kelnek, hanem a gyerekes csal\u00e1dok is. Megtudsz itt egy csom\u00f3 v\u00e1ratlan r\u00e9szletet arr\u00f3l, hogyan v\u00e9dekezett a v\u00e1ros h\u0151siesen a m\u00faltban Vernon angol admir\u00e1lis h\u00edres \u00e9s puszt\u00edt\u00f3 t\u00e1mad\u00e1sa ellen.<\/p>\n\n\n\n<p class=\"wp-block-paragraph\">\u26a0\ufe0f <strong>Fontos figyelmeztet\u00e9s a t\u00e9rk\u00e9pekkel kapcsolatban:<\/strong> Amikor online keresel inform\u00e1ci\u00f3t \u00e9s \u00fatvonalat, nagyon vigy\u00e1zz a v\u00e1rosok \u00f6sszekever\u00e9s\u00e9vel. Ne t\u00e9vezd \u00f6ssze a &#8216;Naval Museum Cartagena&#8217; nev\u0171vel, amit a Google id\u0151nk\u00e9nt felaj\u00e1nl, mert az a spanyolorsz\u00e1gi Murci\u00e1ban van, \u00e9s a navig\u00e1ci\u00f3 egy m\u00e1sik kontinensre k\u00fcld. \ud83d\ude05 Mindig gondosan ellen\u0151rizd, hogy a Google T\u00e9rk\u00e9pen a c\u00edmben Bol\u00edvar, Kolumbia szerepel.<\/p>\n\n\n\n<figure data-wp-context=\"{&quot;imageId&quot;:&quot;6a9c18e273f18&quot;}\" data-wp-interactive=\"core\/image\" data-wp-key=\"6a9c18e273f18\" class=\"wp-block-image size-full wp-lightbox-container\"><img decoding=\"async\" width=\"1600\" height=\"1200\" data-wp-class--hide=\"state.isContentHidden\" data-wp-class--show=\"state.isContentVisible\" data-wp-init=\"callbacks.setButtonStyles\" data-wp-on--click=\"actions.showLightbox\" data-wp-on--load=\"callbacks.setButtonStyles\" data-wp-on--pointerdown=\"actions.preloadImage\" data-wp-on--pointerenter=\"actions.preloadImageWithDelay\" data-wp-on--pointerleave=\"actions.cancelPreload\" data-wp-on-window--resize=\"callbacks.setButtonStyles\" src=\"https:\/\/loudavymkrokem.cz\/wp-content\/uploads\/2026\/09\/plaza-de-los-coches.jpg\" alt=\"Plaza de los Coches \u00e9s a Torre del Reloj\" class=\"wp-image-415708\" title=\"\" srcset=\"https:\/\/loudavymkrokem.cz\/wp-content\/uploads\/2026\/09\/plaza-de-los-coches.jpg 1600w, https:\/\/loudavymkrokem.cz\/wp-content\/uploads\/2026\/09\/plaza-de-los-coches-300x225.jpg 300w, https:\/\/loudavymkrokem.cz\/wp-content\/uploads\/2026\/09\/plaza-de-los-coches-700x525.jpg 700w, https:\/\/loudavymkrokem.cz\/wp-content\/uploads\/2026\/09\/plaza-de-los-coches-768x576.jpg 768w, https:\/\/loudavymkrokem.cz\/wp-content\/uploads\/2026\/09\/plaza-de-los-coches-1536x1152.jpg 1536w, https:\/\/loudavymkrokem.cz\/wp-content\/uploads\/2026\/09\/plaza-de-los-coches-80x60.jpg 80w, https:\/\/loudavymkrokem.cz\/wp-content\/uploads\/2026\/09\/plaza-de-los-coches-160x120.jpg 160w, https:\/\/loudavymkrokem.cz\/wp-content\/uploads\/2026\/09\/plaza-de-los-coches-696x522.jpg 696w, https:\/\/loudavymkrokem.cz\/wp-content\/uploads\/2026\/09\/plaza-de-los-coches-1392x1044.jpg 1392w\" sizes=\"(max-width: 1600px) 100vw, 1600px\" \/><button\n\t\t\tclass=\"lightbox-trigger\"\n\t\t\ttype=\"button\"\n\t\t\taria-haspopup=\"dialog\"\n\t\t\tdata-wp-bind--aria-label=\"state.thisImage.triggerButtonAriaLabel\"\n\t\t\tdata-wp-init=\"callbacks.initTriggerButton\"\n\t\t\tdata-wp-on--click=\"actions.showLightbox\"\n\t\t\tdata-wp-style--right=\"state.thisImage.buttonRight\"\n\t\t\tdata-wp-style--top=\"state.thisImage.buttonTop\"\n\t\t>\n\t\t\t<svg xmlns=\"http:\/\/www.w3.org\/2000\/svg\" width=\"12\" height=\"12\" fill=\"none\" viewBox=\"0 0 12 12\">\n\t\t\t\t<path fill=\"#fff\" d=\"M2 0a2 2 0 0 0-2 2v2h1.5V2a.5.5 0 0 1 .5-.5h2V0H2Zm2 10.5H2a.5.5 0 0 1-.5-.5V8H0v2a2 2 0 0 0 2 2h2v-1.5ZM8 12v-1.5h2a.5.5 0 0 0 .5-.5V8H12v2a2 2 0 0 1-2 2H8Zm2-12a2 2 0 0 1 2 2v2h-1.5V2a.5.5 0 0 0-.5-.5H8V0h2Z\" \/>\n\t\t\t<\/svg>\n\t\t<\/button><figcaption class=\"wp-element-caption\">Foto: Kelly Hewitt \/ Google Maps<\/figcaption><\/figure>\n\n\n\n<h3 class=\"wp-block-heading\"><span class=\"ez-toc-section\" id=\"7_Plaza_de_los_Coches_es_a_Torre_del_Reloj\"><\/span>7. Plaza de los Coches \u00e9s a Torre del Reloj<span class=\"ez-toc-section-end\"><\/span><\/h3>\n\n\n\n<p class=\"wp-block-paragraph\">Az \u00f3v\u00e1rosba tett legels\u0151 l\u00e9p\u00e9seid val\u00f3sz\u00edn\u0171leg egyenesen a <strong>Torre del Relojon, azaz az ikonikus s\u00e1rga \u00f3ratornyon<\/strong> kereszt\u00fcl vezetnek majd, amely a falakon \u00e1tvezet\u0151 f\u0151 \u00e9s legszebb bej\u00e1rati kapuk\u00e9nt szolg\u00e1l. R\u00f6gt\u00f6n e kapu m\u00f6g\u00f6tt sz\u00e9lesen kit\u00e1rul el\u0151tted a <strong>Plaza de los Coches (4,5-\u00f6s \u00e9rt\u00e9kel\u00e9s)<\/strong>, azaz a Kocsik tere, amelynek nagyon s\u00f6t\u00e9t m\u00faltja van, mert kor\u00e1bban a f\u0151 rabszolgapiack\u00e9nt szolg\u00e1lt, de ma tele van sz\u00ednes h\u00e1zakkal a jellegzetes balkonokkal.<\/p>\n\n\n\n<p class=\"wp-block-paragraph\">\u00c9ppen ezen a ny\u00fczsg\u0151 t\u00e9ren tal\u00e1lod a <strong>h\u00edres \u00e1rny\u00e9kos \u00e1rk\u00e1dot, a Portal de los Dulcest<\/strong>. Itt tucatnyi kis fal\u00e1dika szorong egym\u00e1s mellett, amelyek m\u00e1r gener\u00e1ci\u00f3k \u00f3ta hagyom\u00e1nyos karibi \u00e9dess\u00e9geket \u00e1rulnak. Minden ragyog\u00f3 sz\u00ednekben pomp\u00e1zik itt, \u00e9s a leveg\u0151 folyamatosan friss k\u00f3kusz, karamelliz\u00e1lt n\u00e1dcukor \u00e9s egzotikus tr\u00f3pusi gy\u00fcm\u00f6lcs illat\u00e1t \u00e1rasztja.<\/p>\n\n\n\n<p class=\"wp-block-paragraph\">Abszol\u00fat ide\u00e1lis hely, ahol <strong>megk\u00f3stolhatod a helyi k\u00f3kuszgoly\u00f3kat (az \u00fagynevezett cocadast) vagy a ragad\u00f3s tamarind \u00e9dess\u00e9geket<\/strong>. \ud83d\udca1 <strong>Tipp:<\/strong> Ezek a helyi \u00e9dess\u00e9gek rendk\u00edv\u00fcl \u00e9desek \u00e9s t\u00f6m\u00e9nyek, \u00fagyhogy b\u0151ven el\u00e9g lesz neked egy vagy k\u00e9t darab egy er\u0151s d\u00e9lut\u00e1ni k\u00e1v\u00e9hoz \u2014 semmik\u00e9pp ne v\u00e1rj k\u00f6nnyed, habos desszerteket.<\/p>\n\n\n\n<figure data-wp-context=\"{&quot;imageId&quot;:&quot;6a9c18e27440d&quot;}\" data-wp-interactive=\"core\/image\" data-wp-key=\"6a9c18e27440d\" class=\"wp-block-image size-full wp-lightbox-container\"><img decoding=\"async\" width=\"1600\" height=\"901\" data-wp-class--hide=\"state.isContentHidden\" data-wp-class--show=\"state.isContentVisible\" data-wp-init=\"callbacks.setButtonStyles\" data-wp-on--click=\"actions.showLightbox\" data-wp-on--load=\"callbacks.setButtonStyles\" data-wp-on--pointerdown=\"actions.preloadImage\" data-wp-on--pointerenter=\"actions.preloadImageWithDelay\" data-wp-on--pointerleave=\"actions.cancelPreload\" data-wp-on-window--resize=\"callbacks.setButtonStyles\" src=\"https:\/\/loudavymkrokem.cz\/wp-content\/uploads\/2026\/09\/camell-n-de-los-m-rtires.jpg\" alt=\"Camell\u00f3n de los M\u00e1rtires\" class=\"wp-image-415710\" title=\"\" srcset=\"https:\/\/loudavymkrokem.cz\/wp-content\/uploads\/2026\/09\/camell-n-de-los-m-rtires.jpg 1600w, https:\/\/loudavymkrokem.cz\/wp-content\/uploads\/2026\/09\/camell-n-de-los-m-rtires-300x169.jpg 300w, https:\/\/loudavymkrokem.cz\/wp-content\/uploads\/2026\/09\/camell-n-de-los-m-rtires-700x394.jpg 700w, https:\/\/loudavymkrokem.cz\/wp-content\/uploads\/2026\/09\/camell-n-de-los-m-rtires-768x432.jpg 768w, https:\/\/loudavymkrokem.cz\/wp-content\/uploads\/2026\/09\/camell-n-de-los-m-rtires-1536x865.jpg 1536w, https:\/\/loudavymkrokem.cz\/wp-content\/uploads\/2026\/09\/camell-n-de-los-m-rtires-696x392.jpg 696w, https:\/\/loudavymkrokem.cz\/wp-content\/uploads\/2026\/09\/camell-n-de-los-m-rtires-1392x784.jpg 1392w\" sizes=\"(max-width: 1600px) 100vw, 1600px\" \/><button\n\t\t\tclass=\"lightbox-trigger\"\n\t\t\ttype=\"button\"\n\t\t\taria-haspopup=\"dialog\"\n\t\t\tdata-wp-bind--aria-label=\"state.thisImage.triggerButtonAriaLabel\"\n\t\t\tdata-wp-init=\"callbacks.initTriggerButton\"\n\t\t\tdata-wp-on--click=\"actions.showLightbox\"\n\t\t\tdata-wp-style--right=\"state.thisImage.buttonRight\"\n\t\t\tdata-wp-style--top=\"state.thisImage.buttonTop\"\n\t\t>\n\t\t\t<svg xmlns=\"http:\/\/www.w3.org\/2000\/svg\" width=\"12\" height=\"12\" fill=\"none\" viewBox=\"0 0 12 12\">\n\t\t\t\t<path fill=\"#fff\" d=\"M2 0a2 2 0 0 0-2 2v2h1.5V2a.5.5 0 0 1 .5-.5h2V0H2Zm2 10.5H2a.5.5 0 0 1-.5-.5V8H0v2a2 2 0 0 0 2 2h2v-1.5ZM8 12v-1.5h2a.5.5 0 0 0 .5-.5V8H12v2a2 2 0 0 1-2 2H8Zm2-12a2 2 0 0 1 2 2v2h-1.5V2a.5.5 0 0 0-.5-.5H8V0h2Z\" \/>\n\t\t\t<\/svg>\n\t\t<\/button><figcaption class=\"wp-element-caption\">Foto: Libor Novotn\u00fd \/ Google Maps<\/figcaption><\/figure>\n\n\n\n<h3 class=\"wp-block-heading\"><span class=\"ez-toc-section\" id=\"8_Camellon_de_los_Martires\"><\/span>8. Camell\u00f3n de los M\u00e1rtires<span class=\"ez-toc-section-end\"><\/span><\/h3>\n\n\n\n<p class=\"wp-block-paragraph\">K\u00f6zvetlen\u00fcl a f\u0151 s\u00e1rga \u00f3ratornyos kapu el\u0151tt, m\u00e9g miel\u0151tt egy\u00e1ltal\u00e1n bel\u00e9pn\u00e9l az \u00f3v\u00e1rosba, ter\u00fcl el a <strong>Camell\u00f3n de los M\u00e1rtires n\u00e9ven ismert sz\u00e9les s\u00e9t\u00e1ny<\/strong> (4,6-os \u00e9rt\u00e9kel\u00e9s). Ez a nagyon eleg\u00e1ns \u00e9s gondozott, szobrokkal szeg\u00e9lyezett s\u00e9t\u00e1ny az egyik legjobb hely az esti s\u00e9t\u00e1hoz, amikor gy\u00f6ny\u00f6r\u0171en ki van vil\u00e1g\u00edtva \u00e9s hihetetlen helyi \u00e9lettel pulz\u00e1l.<\/p>\n\n\n\n<p class=\"wp-block-paragraph\">A s\u00e9t\u00e1ny neve k\u00f6zvetlen\u00fcl a v\u00e9res t\u00f6rt\u00e9nelemre utal, <strong>ugyanis kilenc m\u00e1rt\u00edr mellszobr\u00e1t tal\u00e1lod itt<\/strong> \u2014 a kolumbiai f\u00fcggetlens\u00e9gi mozgalom b\u00e1tor vez\u00e9rei\u00e9t, akiket itt 1816-ban a spanyol royalist\u00e1k k\u00f6ny\u00f6rtelen\u00fcl kiv\u00e9geztek. Ez egy nagyon fontos, nemzeti b\u00fcszkes\u00e9get hordoz\u00f3 hely, amely \u00e9rdekes t\u00f6rt\u00e9nelmi kontrasztot ad az egy\u00e9bk\u00e9nt gondtalan karibi hangulat\u00e1hoz az eg\u00e9sz k\u00f6rny\u00e9knek.<\/p>\n\n\n\n<p class=\"wp-block-paragraph\">Napk\u00f6zben sz\u00e1mtalan mosolyg\u00f3s friss gy\u00fcm\u00f6lcsl\u00e9- \u00e9s k\u00e9zm\u0171ves term\u00e9k \u00e1russal fogsz itt tal\u00e1lkozni. <strong>Ez egyben a legkedveltebb hely a lovaskocsikra val\u00f3 felsz\u00e1ll\u00e1shoz<\/strong> is, b\u00e1r az \u00e1llatokkal szembeni figyelmess\u00e9g szempontj\u00e1b\u00f3l az \u00f3ri\u00e1si karibi h\u0151s\u00e9gben mindenk\u00e9pp jobb, ha ink\u00e1bb a saj\u00e1t l\u00e1badon k\u00f6zlekedsz a v\u00e1rosban.<\/p>\n\n\n\n<figure data-wp-context=\"{&quot;imageId&quot;:&quot;6a9c18e274939&quot;}\" data-wp-interactive=\"core\/image\" data-wp-key=\"6a9c18e274939\" class=\"wp-block-image size-full wp-lightbox-container\"><img decoding=\"async\" width=\"1600\" height=\"2133\" data-wp-class--hide=\"state.isContentHidden\" data-wp-class--show=\"state.isContentVisible\" data-wp-init=\"callbacks.setButtonStyles\" data-wp-on--click=\"actions.showLightbox\" data-wp-on--load=\"callbacks.setButtonStyles\" data-wp-on--pointerdown=\"actions.preloadImage\" data-wp-on--pointerenter=\"actions.preloadImageWithDelay\" data-wp-on--pointerleave=\"actions.cancelPreload\" data-wp-on-window--resize=\"callbacks.setButtonStyles\" src=\"https:\/\/loudavymkrokem.cz\/wp-content\/uploads\/2026\/09\/getseman.jpg\" alt=\"Getseman\u00ed \u00e9s az utcai m\u0171v\u00e9szet\" class=\"wp-image-415712\" title=\"\" srcset=\"https:\/\/loudavymkrokem.cz\/wp-content\/uploads\/2026\/09\/getseman.jpg 1600w, https:\/\/loudavymkrokem.cz\/wp-content\/uploads\/2026\/09\/getseman-225x300.jpg 225w, https:\/\/loudavymkrokem.cz\/wp-content\/uploads\/2026\/09\/getseman-700x933.jpg 700w, https:\/\/loudavymkrokem.cz\/wp-content\/uploads\/2026\/09\/getseman-768x1024.jpg 768w, https:\/\/loudavymkrokem.cz\/wp-content\/uploads\/2026\/09\/getseman-1152x1536.jpg 1152w, https:\/\/loudavymkrokem.cz\/wp-content\/uploads\/2026\/09\/getseman-1536x2048.jpg 1536w, https:\/\/loudavymkrokem.cz\/wp-content\/uploads\/2026\/09\/getseman-696x928.jpg 696w, https:\/\/loudavymkrokem.cz\/wp-content\/uploads\/2026\/09\/getseman-1392x1856.jpg 1392w\" sizes=\"(max-width: 1600px) 100vw, 1600px\" \/><button\n\t\t\tclass=\"lightbox-trigger\"\n\t\t\ttype=\"button\"\n\t\t\taria-haspopup=\"dialog\"\n\t\t\tdata-wp-bind--aria-label=\"state.thisImage.triggerButtonAriaLabel\"\n\t\t\tdata-wp-init=\"callbacks.initTriggerButton\"\n\t\t\tdata-wp-on--click=\"actions.showLightbox\"\n\t\t\tdata-wp-style--right=\"state.thisImage.buttonRight\"\n\t\t\tdata-wp-style--top=\"state.thisImage.buttonTop\"\n\t\t>\n\t\t\t<svg xmlns=\"http:\/\/www.w3.org\/2000\/svg\" width=\"12\" height=\"12\" fill=\"none\" viewBox=\"0 0 12 12\">\n\t\t\t\t<path fill=\"#fff\" d=\"M2 0a2 2 0 0 0-2 2v2h1.5V2a.5.5 0 0 1 .5-.5h2V0H2Zm2 10.5H2a.5.5 0 0 1-.5-.5V8H0v2a2 2 0 0 0 2 2h2v-1.5ZM8 12v-1.5h2a.5.5 0 0 0 .5-.5V8H12v2a2 2 0 0 1-2 2H8Zm2-12a2 2 0 0 1 2 2v2h-1.5V2a.5.5 0 0 0-.5-.5H8V0h2Z\" \/>\n\t\t\t<\/svg>\n\t\t<\/button><figcaption class=\"wp-element-caption\">Foto: Daniel Rivera Pimienta \/ Google Maps<\/figcaption><\/figure>\n\n\n\n<h3 class=\"wp-block-heading\"><span class=\"ez-toc-section\" id=\"9_Getsemani_es_az_utcai_muveszet\"><\/span>9. Getseman\u00ed \u00e9s az utcai m\u0171v\u00e9szet<span class=\"ez-toc-section-end\"><\/span><\/h3>\n\n\n\n<p class=\"wp-block-paragraph\">M\u00edg a csillog\u00f3 Centro Hist\u00f3rico kifinomult \u00e9s arisztokratikus, a <strong>szomsz\u00e9dos Getseman\u00ed negyednek igazi, vad \u00e9s szenved\u00e9lyes lelke van<\/strong>. Nemr\u00e9g m\u00e9g el\u00e9g vesz\u00e9lyes munk\u00e1s- \u00e9s szeg\u00e9nynegyed volt a falakon k\u00edv\u00fcl, ahov\u00e1 a turist\u00e1knak egy\u00e1ltal\u00e1n nem aj\u00e1nlott\u00e1k a j\u00e1rk\u00e1l\u00e1st, de ma szuver\u00e9n m\u00f3don ez eg\u00e9sz Cartagena leg\u00e9rdekesebb, legsz\u00ednesebb \u00e9s legt\u00f6bbet f\u00e9nyk\u00e9pezett r\u00e9sze.<\/p>\n\n\n\n<p class=\"wp-block-paragraph\">Az utc\u00e1k itt valamivel keskenyebbek, mint a belv\u00e1rosban, a h\u00e1zak lepattogzott homlokzatai pedig hatalmas fest\u0151v\u00e1szonk\u00e9nt szolg\u00e1lnak. <strong>Els\u0151 oszt\u00e1ly\u00fa \u00e9s \u00e1tgondolt street artot tal\u00e1lsz itt<\/strong>, amely t\u00fckr\u00f6zi a v\u00e1ros afrikai gy\u00f6kereit, a palenqueras kult\u00far\u00e1j\u00e1t \u00e9s a buja helyi fl\u00f3r\u00e1t. A legh\u00edresebb a keskeny Calle de la Sierpe sik\u00e1tor, amely f\u00f6l\u00f6tt sz\u00ednes eserny\u0151k sz\u00e1zai l\u00f3gnak, vagy a z\u00e1szl\u00f3csk\u00e1kkal teli sik\u00e1tor, ahol a legjobb fot\u00f3k k\u00e9sz\u00fclnek az eg\u00e9sz nyaral\u00e1sb\u00f3l.<\/p>\n\n\n\n<p class=\"wp-block-paragraph\">Napk\u00f6zben Getseman\u00ed meglep\u0151en nyugodt (az emberek m\u0171anyag sz\u00e9keken \u00fcld\u00f6g\u00e9lnek a h\u00e1zak el\u0151tt, szenved\u00e9lyesen domin\u00f3znak, t\u00e9ged pedig szinte \u00e9szre sem vesznek, ami a belv\u00e1rosi \u00f6r\u00f6k\u00f6s csalogat\u00e1s ut\u00e1n el\u00e9g nagy megk\u00f6nnyebb\u00fcl\u00e9s). <strong>\u00c9ppen itt \u00e9rzed m\u00e9g mindig azt az igazi k\u00f6z\u00f6ss\u00e9gi hangulatot<\/strong>, amely a csillog\u00f3bb \u00e9s dr\u00e1g\u00e1bb belv\u00e1rosb\u00f3l sajnos m\u00e1r kicsit kiveszett.<\/p>\n\n\n\n<figure data-wp-context=\"{&quot;imageId&quot;:&quot;6a9c18e274fb6&quot;}\" data-wp-interactive=\"core\/image\" data-wp-key=\"6a9c18e274fb6\" class=\"wp-block-image size-full wp-lightbox-container\"><img decoding=\"async\" width=\"1600\" height=\"1200\" data-wp-class--hide=\"state.isContentHidden\" data-wp-class--show=\"state.isContentVisible\" data-wp-init=\"callbacks.setButtonStyles\" data-wp-on--click=\"actions.showLightbox\" data-wp-on--load=\"callbacks.setButtonStyles\" data-wp-on--pointerdown=\"actions.preloadImage\" data-wp-on--pointerenter=\"actions.preloadImageWithDelay\" data-wp-on--pointerleave=\"actions.cancelPreload\" data-wp-on-window--resize=\"callbacks.setButtonStyles\" src=\"https:\/\/loudavymkrokem.cz\/wp-content\/uploads\/2026\/09\/ve-ern-plaza-de-la-trinidad.jpg\" alt=\"Esti Plaza de la Trinidad\" class=\"wp-image-415715\" title=\"\" srcset=\"https:\/\/loudavymkrokem.cz\/wp-content\/uploads\/2026\/09\/ve-ern-plaza-de-la-trinidad.jpg 1600w, https:\/\/loudavymkrokem.cz\/wp-content\/uploads\/2026\/09\/ve-ern-plaza-de-la-trinidad-300x225.jpg 300w, https:\/\/loudavymkrokem.cz\/wp-content\/uploads\/2026\/09\/ve-ern-plaza-de-la-trinidad-700x525.jpg 700w, https:\/\/loudavymkrokem.cz\/wp-content\/uploads\/2026\/09\/ve-ern-plaza-de-la-trinidad-768x576.jpg 768w, https:\/\/loudavymkrokem.cz\/wp-content\/uploads\/2026\/09\/ve-ern-plaza-de-la-trinidad-1536x1152.jpg 1536w, https:\/\/loudavymkrokem.cz\/wp-content\/uploads\/2026\/09\/ve-ern-plaza-de-la-trinidad-80x60.jpg 80w, https:\/\/loudavymkrokem.cz\/wp-content\/uploads\/2026\/09\/ve-ern-plaza-de-la-trinidad-160x120.jpg 160w, https:\/\/loudavymkrokem.cz\/wp-content\/uploads\/2026\/09\/ve-ern-plaza-de-la-trinidad-696x522.jpg 696w, https:\/\/loudavymkrokem.cz\/wp-content\/uploads\/2026\/09\/ve-ern-plaza-de-la-trinidad-1392x1044.jpg 1392w\" sizes=\"(max-width: 1600px) 100vw, 1600px\" \/><button\n\t\t\tclass=\"lightbox-trigger\"\n\t\t\ttype=\"button\"\n\t\t\taria-haspopup=\"dialog\"\n\t\t\tdata-wp-bind--aria-label=\"state.thisImage.triggerButtonAriaLabel\"\n\t\t\tdata-wp-init=\"callbacks.initTriggerButton\"\n\t\t\tdata-wp-on--click=\"actions.showLightbox\"\n\t\t\tdata-wp-style--right=\"state.thisImage.buttonRight\"\n\t\t\tdata-wp-style--top=\"state.thisImage.buttonTop\"\n\t\t>\n\t\t\t<svg xmlns=\"http:\/\/www.w3.org\/2000\/svg\" width=\"12\" height=\"12\" fill=\"none\" viewBox=\"0 0 12 12\">\n\t\t\t\t<path fill=\"#fff\" d=\"M2 0a2 2 0 0 0-2 2v2h1.5V2a.5.5 0 0 1 .5-.5h2V0H2Zm2 10.5H2a.5.5 0 0 1-.5-.5V8H0v2a2 2 0 0 0 2 2h2v-1.5ZM8 12v-1.5h2a.5.5 0 0 0 .5-.5V8H12v2a2 2 0 0 1-2 2H8Zm2-12a2 2 0 0 1 2 2v2h-1.5V2a.5.5 0 0 0-.5-.5H8V0h2Z\" \/>\n\t\t\t<\/svg>\n\t\t<\/button><figcaption class=\"wp-element-caption\">Foto: Drixdel Prera \/ Google Maps<\/figcaption><\/figure>\n\n\n\n<h3 class=\"wp-block-heading\"><span class=\"ez-toc-section\" id=\"10_Esti_Plaza_de_la_Trinidad\"><\/span>10. Esti Plaza de la Trinidad<span class=\"ez-toc-section-end\"><\/span><\/h3>\n\n\n\n<p class=\"wp-block-paragraph\">Ha a saj\u00e1t b\u0151r\u00f6d\u00f6n akarod \u00e1t\u00e9lni az igazi \u00e9s hamis\u00edtatlan karibi vid\u00e1ms\u00e1got, <strong>s\u00f6t\u00e9ted\u00e9s ut\u00e1n ki kell menned a Plaza de la Trinidadra<\/strong>, egyenesen a sz\u00ednes Getseman\u00ed negyed sz\u00edv\u00e9be. Napk\u00f6zben ez egy el\u00e9g jelent\u00e9ktelen t\u00e9r a r\u00e9gi, lepattogzott s\u00e1rga templom el\u0151tt, de amint lemegy a nap, a t\u00e9r egy csettint\u00e9sre az eg\u00e9sz v\u00e1ros pulz\u00e1l\u00f3 epicentrum\u00e1v\u00e1 v\u00e1ltozik.<\/p>\n\n\n\n<p class=\"wp-block-paragraph\"><strong>Minden este \u00f6sszegy\u0171lik itt tal\u00e1n a f\u00e9l negyed: helyi csal\u00e1dok gyerekekkel, h\u00e1tizs\u00e1kos utaz\u00f3k a vil\u00e1g minden t\u00e1j\u00e1r\u00f3l \u00e9s tehets\u00e9ges utcai m\u0171v\u00e9szek<\/strong>. Az emberek egyenesen a felmelegedett j\u00e1rd\u00e1kon \u00fcld\u00f6g\u00e9lnek, olcs\u00f3, j\u00e9ghideg s\u00f6rt vesznek a k\u00f6zeli boltb\u00f3l \u00e9s a kord\u00e9kr\u00f3l k\u00edn\u00e1lt kiv\u00e1l\u00f3 \u00e9teleket k\u00f3stolj\u00e1k. Este nyolc k\u00f6r\u00fcl rendszeresen elkezd\u0151dnek itt a l\u00e9legzetel\u00e1ll\u00edt\u00f3 improviz\u00e1lt t\u00e1ncel\u0151ad\u00e1sok, t\u0171zzsongl\u0151rk\u00f6d\u00e9s vagy a helyi zenekarok hangos koncertjei.<\/p>\n\n\n\n<p class=\"wp-block-paragraph\">Egy\u00e1ltal\u00e1n nem kell dr\u00e1ga bel\u00e9p\u0151t fizetni a luxusklubokba, mert <strong>a leg\u00adjobb \u00e9s legautentikusabb buli egyenesen az utc\u00e1n zajlik<\/strong>. \ud83d\udca1 <strong>Tipp:<\/strong> Nagyon vigy\u00e1zz viszont a szem\u00e9lyes holmidra \u2014 a s\u0171r\u0171 t\u00f6megben \u00e9szrev\u00e9tlen\u00fcl mozoghatnak a zsebtolvajok, \u00fagyhogy a h\u00e1tizs\u00e1kodat ink\u00e1bb mindig magad el\u0151tt tartsd, a passzoddal egy\u00fctt az \u00e9rt\u00e9keidet pedig hagyd a hotel sz\u00e9fj\u00e9ben.<\/p>\n\n\n\n<figure data-wp-context=\"{&quot;imageId&quot;:&quot;6a9c18e27559b&quot;}\" data-wp-interactive=\"core\/image\" data-wp-key=\"6a9c18e27559b\" class=\"wp-block-image size-full wp-lightbox-container\"><img decoding=\"async\" width=\"1600\" height=\"1600\" data-wp-class--hide=\"state.isContentHidden\" data-wp-class--show=\"state.isContentVisible\" data-wp-init=\"callbacks.setButtonStyles\" data-wp-on--click=\"actions.showLightbox\" data-wp-on--load=\"callbacks.setButtonStyles\" data-wp-on--pointerdown=\"actions.preloadImage\" data-wp-on--pointerenter=\"actions.preloadImageWithDelay\" data-wp-on--pointerleave=\"actions.cancelPreload\" data-wp-on-window--resize=\"callbacks.setButtonStyles\" src=\"https:\/\/loudavymkrokem.cz\/wp-content\/uploads\/2026\/09\/lenochodi-v-centenario-parku.jpg\" alt=\"Lajh\u00e1rok a Centenario Parkban\" class=\"wp-image-415716\" title=\"\" srcset=\"https:\/\/loudavymkrokem.cz\/wp-content\/uploads\/2026\/09\/lenochodi-v-centenario-parku.jpg 1600w, https:\/\/loudavymkrokem.cz\/wp-content\/uploads\/2026\/09\/lenochodi-v-centenario-parku-300x300.jpg 300w, https:\/\/loudavymkrokem.cz\/wp-content\/uploads\/2026\/09\/lenochodi-v-centenario-parku-700x700.jpg 700w, https:\/\/loudavymkrokem.cz\/wp-content\/uploads\/2026\/09\/lenochodi-v-centenario-parku-150x150.jpg 150w, https:\/\/loudavymkrokem.cz\/wp-content\/uploads\/2026\/09\/lenochodi-v-centenario-parku-768x768.jpg 768w, https:\/\/loudavymkrokem.cz\/wp-content\/uploads\/2026\/09\/lenochodi-v-centenario-parku-1536x1536.jpg 1536w, https:\/\/loudavymkrokem.cz\/wp-content\/uploads\/2026\/09\/lenochodi-v-centenario-parku-696x696.jpg 696w, https:\/\/loudavymkrokem.cz\/wp-content\/uploads\/2026\/09\/lenochodi-v-centenario-parku-1392x1392.jpg 1392w\" sizes=\"(max-width: 1600px) 100vw, 1600px\" \/><button\n\t\t\tclass=\"lightbox-trigger\"\n\t\t\ttype=\"button\"\n\t\t\taria-haspopup=\"dialog\"\n\t\t\tdata-wp-bind--aria-label=\"state.thisImage.triggerButtonAriaLabel\"\n\t\t\tdata-wp-init=\"callbacks.initTriggerButton\"\n\t\t\tdata-wp-on--click=\"actions.showLightbox\"\n\t\t\tdata-wp-style--right=\"state.thisImage.buttonRight\"\n\t\t\tdata-wp-style--top=\"state.thisImage.buttonTop\"\n\t\t>\n\t\t\t<svg xmlns=\"http:\/\/www.w3.org\/2000\/svg\" width=\"12\" height=\"12\" fill=\"none\" viewBox=\"0 0 12 12\">\n\t\t\t\t<path fill=\"#fff\" d=\"M2 0a2 2 0 0 0-2 2v2h1.5V2a.5.5 0 0 1 .5-.5h2V0H2Zm2 10.5H2a.5.5 0 0 1-.5-.5V8H0v2a2 2 0 0 0 2 2h2v-1.5ZM8 12v-1.5h2a.5.5 0 0 0 .5-.5V8H12v2a2 2 0 0 1-2 2H8Zm2-12a2 2 0 0 1 2 2v2h-1.5V2a.5.5 0 0 0-.5-.5H8V0h2Z\" \/>\n\t\t\t<\/svg>\n\t\t<\/button><figcaption class=\"wp-element-caption\">Foto: Gustavo. A \/ Google Maps<\/figcaption><\/figure>\n\n\n\n<h3 class=\"wp-block-heading\"><span class=\"ez-toc-section\" id=\"11_Lajharok_a_Centenario_Parkban\"><\/span>11. Lajh\u00e1rok a Centenario Parkban<span class=\"ez-toc-section-end\"><\/span><\/h3>\n\n\n\n<p class=\"wp-block-paragraph\">K\u00f6zvetlen\u00fcl a Getseman\u00ed \u00e9s az \u00f3v\u00e1ros hat\u00e1r\u00e1n fekszik a l\u00e1tsz\u00f3lag h\u00e9tk\u00f6znapi <strong>Centenario Park (4,4-es \u00e9rt\u00e9kel\u00e9s), amely azonban hatalmas \u00e9s v\u00e1ratlan term\u00e9szeti meglepet\u00e9st rejt<\/strong>. A siet\u0151 turist\u00e1k t\u00f6bbs\u00e9ge csak gyorsan \u00e1tmegy rajta a falak fel\u00e9 menet, \u00e9s fogalmuk sincs, milyen csod\u00e1latos dolgok rejt\u0151znek egyenesen a fej\u00fck felett a hatalmas f\u00e1k s\u0171r\u0171 lombkoron\u00e1iban.<\/p>\n\n\n\n<p class=\"wp-block-paragraph\">A ny\u00fczsg\u0151 \u00e9s zajos v\u00e1ros k\u00f6zep\u00e9n ugyanis itt <strong>szabadon \u00e9lnek a lass\u00fa lajh\u00e1rok, aranyos kis majmocsk\u00e1k (tamarinok) \u00e9s \u00f3ri\u00e1si, \u0151skori legu\u00e1nok<\/strong>. El\u00e9g, ha egy pillanatra meg\u00e1llsz, egy kicsit t\u00f6k\u00e9letes csendben \u00e1llsz \u00e9s gondosan \u00e1tvizsg\u00e1lod a f\u00f6l\u00f6tted l\u00e9v\u0151 kacskaring\u00f3s \u00e1gakat. A legu\u00e1nokat gyakran lust\u00e1n napozni fogod l\u00e1tni az \u00fat mellett, m\u00edg a lajh\u00e1rok legt\u00f6bbsz\u00f6r m\u00e9lyen alszanak, magasan elrejt\u0151zve a levelek k\u00f6z\u00f6tt.<\/p>\n\n\n\n<p class=\"wp-block-paragraph\">Ha a s\u0171r\u0171 z\u00f6ldben magad nem tal\u00e1lod meg az \u00e1llatokat, <strong>gyakran k\u00e9szs\u00e9gesen tan\u00e1csot adnak a helyi di\u00f3s\u00e1rusok vagy az \u00e1lland\u00f3 park\u0151r\u00f6k<\/strong>, akik mindig pontosan tudj\u00e1k, \u00e9ppen melyik f\u00e1n pihen az eg\u00e9sz lajh\u00e1rcsal\u00e1d. Ez egy abszol\u00fat leny\u0171g\u00f6z\u0151 darabka vad dzsungel a ny\u00fczsg\u0151 betonforgatag k\u00f6zep\u00e9n.<\/p>\n\n\n\n<figure data-wp-context=\"{&quot;imageId&quot;:&quot;6a9c18e275fa5&quot;}\" data-wp-interactive=\"core\/image\" data-wp-key=\"6a9c18e275fa5\" class=\"wp-block-image size-full wp-lightbox-container\"><img decoding=\"async\" width=\"1600\" height=\"1200\" data-wp-class--hide=\"state.isContentHidden\" data-wp-class--show=\"state.isContentVisible\" data-wp-init=\"callbacks.setButtonStyles\" data-wp-on--click=\"actions.showLightbox\" data-wp-on--load=\"callbacks.setButtonStyles\" data-wp-on--pointerdown=\"actions.preloadImage\" data-wp-on--pointerenter=\"actions.preloadImageWithDelay\" data-wp-on--pointerleave=\"actions.cancelPreload\" data-wp-on-window--resize=\"callbacks.setButtonStyles\" src=\"https:\/\/loudavymkrokem.cz\/wp-content\/uploads\/2026\/09\/z-convento-de-la-popa.jpg\" alt=\"Kil\u00e1t\u00e1s a Convento de la Pop\u00e1r\u00f3l\" class=\"wp-image-415719\" title=\"\" srcset=\"https:\/\/loudavymkrokem.cz\/wp-content\/uploads\/2026\/09\/z-convento-de-la-popa.jpg 1600w, https:\/\/loudavymkrokem.cz\/wp-content\/uploads\/2026\/09\/z-convento-de-la-popa-300x225.jpg 300w, https:\/\/loudavymkrokem.cz\/wp-content\/uploads\/2026\/09\/z-convento-de-la-popa-700x525.jpg 700w, https:\/\/loudavymkrokem.cz\/wp-content\/uploads\/2026\/09\/z-convento-de-la-popa-768x576.jpg 768w, https:\/\/loudavymkrokem.cz\/wp-content\/uploads\/2026\/09\/z-convento-de-la-popa-1536x1152.jpg 1536w, https:\/\/loudavymkrokem.cz\/wp-content\/uploads\/2026\/09\/z-convento-de-la-popa-80x60.jpg 80w, https:\/\/loudavymkrokem.cz\/wp-content\/uploads\/2026\/09\/z-convento-de-la-popa-160x120.jpg 160w, https:\/\/loudavymkrokem.cz\/wp-content\/uploads\/2026\/09\/z-convento-de-la-popa-696x522.jpg 696w, https:\/\/loudavymkrokem.cz\/wp-content\/uploads\/2026\/09\/z-convento-de-la-popa-1392x1044.jpg 1392w\" sizes=\"(max-width: 1600px) 100vw, 1600px\" \/><button\n\t\t\tclass=\"lightbox-trigger\"\n\t\t\ttype=\"button\"\n\t\t\taria-haspopup=\"dialog\"\n\t\t\tdata-wp-bind--aria-label=\"state.thisImage.triggerButtonAriaLabel\"\n\t\t\tdata-wp-init=\"callbacks.initTriggerButton\"\n\t\t\tdata-wp-on--click=\"actions.showLightbox\"\n\t\t\tdata-wp-style--right=\"state.thisImage.buttonRight\"\n\t\t\tdata-wp-style--top=\"state.thisImage.buttonTop\"\n\t\t>\n\t\t\t<svg xmlns=\"http:\/\/www.w3.org\/2000\/svg\" width=\"12\" height=\"12\" fill=\"none\" viewBox=\"0 0 12 12\">\n\t\t\t\t<path fill=\"#fff\" d=\"M2 0a2 2 0 0 0-2 2v2h1.5V2a.5.5 0 0 1 .5-.5h2V0H2Zm2 10.5H2a.5.5 0 0 1-.5-.5V8H0v2a2 2 0 0 0 2 2h2v-1.5ZM8 12v-1.5h2a.5.5 0 0 0 .5-.5V8H12v2a2 2 0 0 1-2 2H8Zm2-12a2 2 0 0 1 2 2v2h-1.5V2a.5.5 0 0 0-.5-.5H8V0h2Z\" \/>\n\t\t\t<\/svg>\n\t\t<\/button><figcaption class=\"wp-element-caption\">Foto: Javier Ruiz \/ Google Maps<\/figcaption><\/figure>\n\n\n\n<h3 class=\"wp-block-heading\"><span class=\"ez-toc-section\" id=\"12_Kilatas_a_Convento_de_la_Poparol\"><\/span>12. Kil\u00e1t\u00e1s a Convento de la Pop\u00e1r\u00f3l<span class=\"ez-toc-section-end\"><\/span><\/h3>\n\n\n\n<p class=\"wp-block-paragraph\"><strong>A legjobb kil\u00e1t\u00e1s<\/strong> eg\u00e9sz Cartagen\u00e1ra? Az a v\u00e1ros legmagasabb dombj\u00e1n van, ahol a r\u00e9gi <strong>Convento de la Popa kolostor<\/strong> \u00e1ll. Ez a gy\u00f6ny\u00f6r\u0171 kolostor m\u00e1r 1607-b\u0151l sz\u00e1rmazik, \u00e9s nagyj\u00e1b\u00f3l 150 m\u00e9terrel a tenger f\u00f6l\u00e9 magasodik, \u00fagyhogy innen mint a tenyeredb\u0151l l\u00e1tod a t\u00f6rt\u00e9nelmi \u00f3v\u00e1rost, a modern felh\u0151karcol\u00f3kat Bocagrand\u00e9ban, valamint a v\u00edzi csatorn\u00e1k \u00e9s a szeg\u00e9nyebb el\u0151v\u00e1rosi negyedek sz\u00f6vev\u00e9ny\u00e9t.<\/p>\n\n\n\n<p class=\"wp-block-paragraph\">Mag\u00e1nak a kolostornak gy\u00f6ny\u00f6r\u0171 \u00e9s nyugodt bels\u0151 udvara van, tele ny\u00edl\u00f3 vir\u00e1gokkal, valamint egy kicsi, de nagyon gazdagon d\u00edsz\u00edtett k\u00e1polna. <strong>A bel\u00e9p\u0151 az eg\u00e9sz ter\u00fcletre nagyj\u00e1b\u00f3l 11 000 \u00e9s 25 000 COP k\u00f6z\u00f6tt mozog<\/strong> a k\u00fcl\u00f6nb\u00f6z\u0151 forr\u00e1sok \u00e9s \u00e9vszakok szerint, \u00fagyhogy az aktu\u00e1lis \u00e1rat mindenk\u00e9pp csak a helysz\u00ednen ellen\u0151rizd. Az \u00e9lm\u00e9ny onnan a hatalmas magass\u00e1gb\u00f3l viszont hat\u00e1rozottan meg\u00e9ri az \u00e1r\u00e1t.<\/p>\n\n\n\n<p class=\"wp-block-paragraph\">\u26a0\ufe0f <strong>Alapvet\u0151 biztons\u00e1gi figyelmeztet\u00e9s:<\/strong> A kolostorhoz felvezet\u0151 \u00fat nagyon szeg\u00e9ny \u00e9s probl\u00e9m\u00e1s negyedeken kereszt\u00fcl halad, \u00e9s a <strong>gyalogos feljut\u00e1st biztons\u00e1gi okokb\u00f3l nyomat\u00e9kosan nem aj\u00e1nlj\u00e1k a k\u00fclf\u00f6ldieknek<\/strong>. Felfel\u00e9 kiz\u00e1r\u00f3lag szervezett t\u00fara keret\u00e9ben vagy s\u00e1rga taxival j\u00e1rnak, amivel r\u00f6gt\u00f6n besz\u00e9ld meg, hogy nagyj\u00e1b\u00f3l 30 percet v\u00e1r r\u00e1d fent, \u00e9s biztons\u00e1gosan visszavisz megint le a belv\u00e1rosba.<\/p>\n\n\n\n<figure data-wp-context=\"{&quot;imageId&quot;:&quot;6a9c18e276745&quot;}\" data-wp-interactive=\"core\/image\" data-wp-key=\"6a9c18e276745\" class=\"wp-block-image size-full wp-lightbox-container\"><img decoding=\"async\" width=\"1600\" height=\"1200\" data-wp-class--hide=\"state.isContentHidden\" data-wp-class--show=\"state.isContentVisible\" data-wp-init=\"callbacks.setButtonStyles\" data-wp-on--click=\"actions.showLightbox\" data-wp-on--load=\"callbacks.setButtonStyles\" data-wp-on--pointerdown=\"actions.preloadImage\" data-wp-on--pointerenter=\"actions.preloadImageWithDelay\" data-wp-on--pointerleave=\"actions.cancelPreload\" data-wp-on-window--resize=\"callbacks.setButtonStyles\" src=\"https:\/\/loudavymkrokem.cz\/wp-content\/uploads\/2026\/09\/st-e-n-bary.jpg\" alt=\"Tet\u0151teraszos b\u00e1rok \u00e9s luxus kil\u00e1t\u00e1sok\" class=\"wp-image-415721\" title=\"\" srcset=\"https:\/\/loudavymkrokem.cz\/wp-content\/uploads\/2026\/09\/st-e-n-bary.jpg 1600w, https:\/\/loudavymkrokem.cz\/wp-content\/uploads\/2026\/09\/st-e-n-bary-300x225.jpg 300w, https:\/\/loudavymkrokem.cz\/wp-content\/uploads\/2026\/09\/st-e-n-bary-700x525.jpg 700w, https:\/\/loudavymkrokem.cz\/wp-content\/uploads\/2026\/09\/st-e-n-bary-768x576.jpg 768w, https:\/\/loudavymkrokem.cz\/wp-content\/uploads\/2026\/09\/st-e-n-bary-1536x1152.jpg 1536w, https:\/\/loudavymkrokem.cz\/wp-content\/uploads\/2026\/09\/st-e-n-bary-80x60.jpg 80w, https:\/\/loudavymkrokem.cz\/wp-content\/uploads\/2026\/09\/st-e-n-bary-160x120.jpg 160w, https:\/\/loudavymkrokem.cz\/wp-content\/uploads\/2026\/09\/st-e-n-bary-696x522.jpg 696w, https:\/\/loudavymkrokem.cz\/wp-content\/uploads\/2026\/09\/st-e-n-bary-1392x1044.jpg 1392w\" sizes=\"(max-width: 1600px) 100vw, 1600px\" \/><button\n\t\t\tclass=\"lightbox-trigger\"\n\t\t\ttype=\"button\"\n\t\t\taria-haspopup=\"dialog\"\n\t\t\tdata-wp-bind--aria-label=\"state.thisImage.triggerButtonAriaLabel\"\n\t\t\tdata-wp-init=\"callbacks.initTriggerButton\"\n\t\t\tdata-wp-on--click=\"actions.showLightbox\"\n\t\t\tdata-wp-style--right=\"state.thisImage.buttonRight\"\n\t\t\tdata-wp-style--top=\"state.thisImage.buttonTop\"\n\t\t>\n\t\t\t<svg xmlns=\"http:\/\/www.w3.org\/2000\/svg\" width=\"12\" height=\"12\" fill=\"none\" viewBox=\"0 0 12 12\">\n\t\t\t\t<path fill=\"#fff\" d=\"M2 0a2 2 0 0 0-2 2v2h1.5V2a.5.5 0 0 1 .5-.5h2V0H2Zm2 10.5H2a.5.5 0 0 1-.5-.5V8H0v2a2 2 0 0 0 2 2h2v-1.5ZM8 12v-1.5h2a.5.5 0 0 0 .5-.5V8H12v2a2 2 0 0 1-2 2H8Zm2-12a2 2 0 0 1 2 2v2h-1.5V2a.5.5 0 0 0-.5-.5H8V0h2Z\" \/>\n\t\t\t<\/svg>\n\t\t<\/button><figcaption class=\"wp-element-caption\">Foto: Mario Ruiz De Somocurcio \/ Google Maps<\/figcaption><\/figure>\n\n\n\n<!-- LKM_GYG_CARD start q=\"cartagena\" lang=\"hu\" rendered=\"2026-09-05T12:06:52+00:00\" v=\"1\" -->\n<style id=\"lk-gyg-styles\">\n@import url(\"https:\/\/fonts.googleapis.com\/css2?family=Playfair+Display:wght@700&family=DM+Sans:wght@300;400;500;600&display=swap\");\n\/* === LK GYG karty \u2014 CRO redesign 2026-05 (namespace .lkx-) ===\n   C\u00edl: vy\u0161\u0161\u00ed CTR (hero + v\u00fdrazn\u00fd social proof + ak\u010dn\u00ed CTA, m\u00e9n\u011b \"reklamn\u00ed\").\n   Injektuje se inline do prvn\u00edho markeru postu (refresh_cards.py --inline-css). *\/\n.lkx-module, .lkx-module *{box-sizing:border-box;margin:0;padding:0}\n.lkx-module{\n  font-family:'DM Sans',-apple-system,Segoe UI,Roboto,Georgia,sans-serif;\n  max-width:860px;margin:2.5rem auto;color:#1f2328;\n}\n\n\/* HEADER \u2014 lehk\u00fd editorsk\u00fd, \u017e\u00e1dn\u00fd bannerov\u00fd blok; nadpis + popisek pod n\u00edm *\/\n.lkx-head{margin-bottom:16px}\n.lkx-head-main{display:flex;align-items:center;gap:10px}\n.lkx-head-accent{width:26px;height:3px;border-radius:2px;background:#c39f76;flex-shrink:0}\n.lkx-head-title{font-family:'Playfair Display',Georgia,serif;font-size:21px;font-weight:700;color:#1a1a1a;line-height:1.25}\n.lkx-head-meta{display:block;font-size:11px;letter-spacing:.3px;color:#9aa0a6;margin-top:4px;margin-left:36px}\n\n\/* HERO *\/\n.lkx-hero{display:grid;grid-template-columns:300px 1fr;background:#fff;border:1px solid #ece7df;border-radius:14px;overflow:hidden;text-decoration:none!important;color:inherit;box-shadow:0 6px 20px rgba(0,0,0,.06);transition:box-shadow .2s,transform .2s;margin-bottom:14px}\n.lkx-hero:hover{box-shadow:0 12px 30px rgba(0,0,0,.12);transform:translateY(-2px)}\n.lkx-hero-img{position:relative;min-height:230px;background-size:cover;background-position:center;background-color:#eee}\n.lkx-hero-body{padding:22px 24px;display:flex;flex-direction:column}\n.lkx-pick{position:absolute;top:12px;left:12px;background:#1a1a1a;color:#fff;font-size:11px;font-weight:700;letter-spacing:.5px;padding:5px 11px;border-radius:20px}\n\n\/* TITLE *\/\n.lkx-title{font-size:19px;font-weight:700;color:#161616;line-height:1.3}\n.lkx-title-sm{font-size:14.5px;line-height:1.35;display:-webkit-box;-webkit-line-clamp:2;-webkit-box-orient:vertical;overflow:hidden}\n\n\/* SOCIAL PROOF \u2014 v\u00fdrazn\u011b, naho\u0159e *\/\n.lkx-proof{display:flex;align-items:center;gap:7px;margin-top:12px;font-size:15px;color:#3a3a3a}\n.lkx-proof b{font-size:16px;color:#161616}\n.lkx-stars{color:#f5a623;letter-spacing:1px}\n.lkx-proof-sm{font-size:12.5px;margin-top:8px;gap:5px}\n.lkx-proof-sm b{font-size:13px}\n.lkx-proof-new{color:#3685fc;font-weight:600}\n\n\/* PRICE \u2014 n\u00edzk\u00e1 kotva *\/\n.lkx-price{font-size:14px;color:#6b7280}\n.lkx-price b{font-size:20px;color:#161616;font-weight:700}\n.lkx-price-sm b{font-size:15px}\n\n\/* CTA \u2014 tepl\u00e9 ak\u010dn\u00ed tla\u010d\u00edtko *\/\n.lkx-cta{display:inline-flex;align-items:center;justify-content:center;text-decoration:none!important;font-weight:700;color:#fff!important;background:linear-gradient(135deg,#f6743f,#e8552a);border-radius:10px;box-shadow:0 6px 16px rgba(232,85,42,.32);transition:box-shadow .2s}\n.lkx-cta-hero{font-size:15px;padding:13px 22px}\n.lkx-hero:hover .lkx-cta-hero{box-shadow:0 8px 22px rgba(232,85,42,.45)}\n.lkx-cta-sm{font-size:12.5px;padding:9px 14px;width:100%;margin-top:2px}\n.lkx-hero-bottom{margin-top:auto;padding-top:18px;display:flex;align-items:center;justify-content:space-between;gap:14px;flex-wrap:wrap}\n\n\/* BADGE \u2014 jeden v\u00fdrazn\u00fd na fotce *\/\n.lkx-badge{position:absolute;top:12px;right:12px;font-size:10.5px;font-weight:700;letter-spacing:.3px;padding:5px 10px;border-radius:16px;color:#fff}\n.lkx-badge.badge-urgency{background:rgba(214,40,40,.92)}\n.lkx-badge.badge-new{background:rgba(54,133,252,.92)}\n.lkx-badge.badge-top{background:rgba(195,159,118,.95)}\n.lkx-badge.badge-info{background:rgba(40,40,40,.78)}\n\n\/* SECONDARY GRID *\/\n.lkx-grid{display:grid;grid-template-columns:1fr 1fr;gap:14px}\n.lkx-card{background:#fff;border:1px solid #ece7df;border-radius:14px;overflow:hidden;text-decoration:none!important;color:inherit;box-shadow:0 4px 14px rgba(0,0,0,.05);display:flex;flex-direction:column;transition:box-shadow .2s,transform .2s}\n.lkx-card:hover{box-shadow:0 10px 24px rgba(0,0,0,.1);transform:translateY(-2px)}\n.lkx-card-img{position:relative;aspect-ratio:16\/10;background-size:cover;background-position:center;background-color:#eee}\n.lkx-card-body{padding:14px 16px 16px;display:flex;flex-direction:column;gap:7px;flex:1}\n.lkx-card-bottom{margin-top:auto;padding-top:10px;display:flex;align-items:center;justify-content:space-between;gap:8px}\n\n\/* DISCLOSURE \u2014 drobn\u00e1, kv\u016fli d\u016fv\u011b\u0159e\/z\u00e1konu *\/\n.lkx-disclosure{font-size:11px;color:#a7adb3;text-align:center;margin-top:14px;line-height:1.6}\n.lkx-disclosure a{color:#c39f76;text-decoration:none}\n\n@media(max-width:680px){\n  .lkx-hero{grid-template-columns:1fr}\n  .lkx-hero-img{min-height:180px}\n  .lkx-grid{grid-template-columns:1fr}\n  .lkx-head-meta{margin-left:0;width:100%}\n  .lkx-head-title{font-size:19px}\n}\n\n<\/style>\n<div class=\"lkx-module\" data-query=\"cartagena\">\n  <div class=\"lkx-head\">\n    <div class=\"lkx-head-main\">\n      <span class=\"lkx-head-accent\"><\/span>\n      <span class=\"lkx-head-title\">\u00c9lm\u00e9nyek \u00e9s bel\u00e9p\u0151jegyek<\/span>\n    <\/div>\n    <span class=\"lkx-head-meta\">utaz\u00f3k \u00e1ltal \u00e9rt\u00e9kelve \u00b7 GetYourGuide<\/span>\n  <\/div><a class=\"lkx-hero\" href=\"https:\/\/www.getyourguide.com\/hu-hu\/bolivar-megye-l578\/cartagena-5-kihagyhatatlan-fo-latnivalo-a-rosario-szigeteken-ebeddel-t497946\/?partner_id=MKZ64IS&amp;utm_medium=online_publisher&amp;cmp=cartagena-kolumbia-latnivalok\" target=\"_blank\" rel=\"sponsored noopener nofollow\">\n    <div class=\"lkx-hero-img\" style=\"background-image:url('https:\/\/cdn.getyourguide.com\/img\/tour\/3e7855e2de9521c901e39203ad7bd9296c10ec69ae845752a4bbca37f24bdcee.png\/132.jpg')\" role=\"img\" aria-label=\"Cartagena: 5 meg\u00e1ll\u00f3s t\u00fara a Rosario-szigeteken, eb\u00e9d \u00e9s strandklubok\">\n      <span class=\"lkx-pick\">\u2605 A mi tipp\u00fcnk<\/span><\/div>\n    <div class=\"lkx-hero-body\">\n      <div class=\"lkx-title\">Cartagena: 5 meg\u00e1ll\u00f3s t\u00fara a Rosario-szigeteken, eb\u00e9d \u00e9s strandklubok<\/div>\n      <div class=\"lkx-proof\">\n      <span class=\"lkx-stars\">\u2605\u2605\u2605\u2605\u2605<\/span>\n      <b>4.6<\/b> \u00b7 6 212 \u00e9rt\u00e9kel\u00e9s\n    <\/div>\n      <div class=\"lkx-hero-bottom\"><div class=\"lkx-price\">m\u00e1r <b>63\u00a0EUR<\/b><\/div><span class=\"lkx-cta lkx-cta-hero\">Ezt az \u00e9lm\u00e9nyt akarom \u2192<\/span>\n      <\/div>\n    <\/div>\n  <\/a><div class=\"lkx-disclosure\">\ud83d\udd17 A linkek partnerlinkek \u2014 az \u00e1rat nem v\u00e1ltoztatj\u00e1k, nek\u00fcnk viszont seg\u00edtenek a tartalomk\u00e9sz\u00edt\u00e9sben. \u00b7 <a href=\"https:\/\/www.getyourguide.com\/hu-hu\/s\/?q=cartagena&amp;partner_id=MKZ64IS&amp;utm_medium=online_publisher\" target=\"_blank\" rel=\"sponsored noopener nofollow\">\u00d6sszes \u00e9lm\u00e9ny \u2192<\/a><\/div>\n<\/div>\n<!-- LKM_GYG_CARD end -->\n\n\n\n\n<div class=\"lk-stays-module\">\n<style>\n\/* \u2500\u2500\u2500 RESET PRO GUTENBERG \u2500\u2500\u2500 *\/\n.lk-stays-module * { box-sizing: border-box; margin: 0; padding: 0; }\n\n\/* \u2500\u2500\u2500 WRAPPER \u2500\u2500\u2500 *\/\n.lk-stays-module {\n  font-family: 'DM Sans', Georgia, sans-serif;\n  max-width: 100%;\n  margin: 2.5rem auto;\n  background: linear-gradient(135deg, #fdfaf5 0%, #fcf8f0 100%);\n  border: 1px solid #e8dfd4;\n  border-radius: 16px;\n  overflow: hidden;\n  box-shadow: 0 16px 48px rgba(195, 159, 118, 0.25), 0 4px 12px rgba(0,0,0,0.08);\n}\n\n\/* \u2500\u2500\u2500 HEADER \u2500\u2500\u2500 *\/\n.lk-stays-header {\n  position: relative;\n  padding: 24px 36px 24px;\n  background: linear-gradient(135deg, #c39f76 0%, #d4b188 60%, #c39f76 100%);\n  border-bottom: 1px solid rgba(255,255,255,.15);\n  display: flex;\n  align-items: center;\n  gap: 18px;\n}\n.lk-stays-header::before {\n  content: '';\n  position: absolute;\n  inset: 0;\n  background: url(\"data:image\/svg+xml,%3Csvg width='60' height='60' viewBox='0 0 60 60' xmlns='http:\/\/www.w3.org\/2000\/svg'%3E%3Cg fill='none' fill-rule='evenodd'%3E%3Cg fill='%23ffffff' fill-opacity='0.05'%3E%3Cpath d='M36 34v-4h-2v4h-4v2h4v4h2v-4h4v-2h-4zm0-30V0h-2v4h-4v2h4v4h2V6h4V4h-4zM6 34v-4H4v4H0v2h4v4h2v-4h4v-2H6zM6 4V0H4v4H0v2h4v4h2V6h4V4H6z'\/%3E%3C\/g%3E%3C\/g%3E%3C\/svg%3E\") repeat;\n  pointer-events: none;\n}\n.lk-stays-icon {\n  flex-shrink: 0;\n  width: 68px;\n  height: 68px;\n  border-radius: 14px;\n  background: linear-gradient(135deg, #fff 0%, #f9f6f0 100%);\n  display: flex;\n  align-items: center;\n  justify-content: center;\n  font-size: 26px;\n  box-shadow: 0 4px 12px rgba(0,0,0,0.15);\n}\n.lk-stays-eyebrow {\n  font-size: 10px;\n  font-weight: 500;\n  letter-spacing: 2.5px;\n  text-transform: uppercase;\n  color: rgba(255,255,255,.85);\n  margin: 0 0 5px 0;\n}\n.lk-stays-title {\n  font-family: 'Playfair Display', Georgia, serif;\n  font-size: 24px;\n  font-weight: 700;\n  color: #fff;\n  line-height: 1.2;\n  text-shadow: 0 1px 2px rgba(0,0,0,0.1);\n  margin: 0;\n}\n.lk-stays-subtitle {\n  font-size: 13px;\n  color: rgba(255,255,255,.75);\n  margin: 4px 0 0 0;\n  font-weight: 300;\n}\n\n\/* \u2500\u2500\u2500 CARDS GRID \u2500\u2500\u2500 *\/\n.lk-stays-grid {\n  display: grid;\n  grid-template-columns: 1fr 1fr;\n  gap: 1px;\n  background: rgba(195, 159, 118, 0.12);\n}\n\n\/* \u2500\u2500\u2500 SINGLE CARD \u2500\u2500\u2500 *\/\n.lk-stay-card {\n  background: #ffffff;\n  padding: 26px;\n  display: flex;\n  flex-direction: column;\n  gap: 11px;\n  transition: all 0.3s ease;\n  text-decoration: none;\n  color: inherit;\n  position: relative;\n}\n.lk-stay-card:hover {\n  background: #fffbf5;\n  transform: translateY(-2px);\n  box-shadow: 0 8px 24px rgba(195, 159, 118, 0.18);\n  z-index: 1;\n}\n.lk-stay-card.featured {\n  background: linear-gradient(135deg, #fffdf9 0%, #fff9f0 100%);\n  box-shadow: 0 4px 16px rgba(195, 159, 118, 0.15), inset 0 1px 0 rgba(195, 159, 118, 0.1);\n}\n.lk-stay-card.featured:hover {\n  background: linear-gradient(135deg, #fffbf5 0%, #fff8ed 100%);\n  box-shadow: 0 8px 24px rgba(195, 159, 118, 0.25), inset 0 1px 0 rgba(195, 159, 118, 0.15);\n}\n\n.lk-stay-badge {\n  display: inline-flex;\n  align-items: center;\n  gap: 5px;\n  font-size: 10px;\n  font-weight: 500;\n  letter-spacing: 1.5px;\n  text-transform: uppercase;\n  padding: 5px 11px;\n  border-radius: 20px;\n  width: fit-content;\n}\n.badge-top     { background: linear-gradient(135deg, #c39f76 0%, #d4b188 100%); color: #fff; border: 1px solid #c39f76; font-weight: 600; box-shadow: 0 2px 8px rgba(195,159,118,0.3); }\n.badge-luxury  { background: rgba(195,159,118,.12); color: #c39f76; border: 1px solid rgba(195,159,118,.25); }\n.badge-boutique{ background: rgba(54,133,252,.08); color: #3685fc; border: 1px solid rgba(54,133,252,.2); }\n.badge-nature  { background: rgba(130,190,100,.1); color: #6b9c4a; border: 1px solid rgba(130,190,100,.2); }\n.badge-remote  { background: rgba(195,159,118,.12); color: #a67e50; border: 1px solid rgba(195,159,118,.25); }\n\n.lk-stay-name {\n  font-family: 'Playfair Display', Georgia, serif;\n  font-size: 18px;\n  font-weight: 700;\n  color: #111827;\n  line-height: 1.3;\n}\n.lk-stay-desc {\n  font-size: 13.5px;\n  color: #525252;\n  line-height: 1.65;\n  font-weight: 300;\n  flex: 1;\n}\n\n.lk-stay-meta {\n  display: flex;\n  align-items: center;\n  gap: 12px;\n  flex-wrap: wrap;\n  margin-top: 4px;\n}\n.lk-stay-price {\n  font-size: 13px;\n  color: #6b7280;\n}\n.lk-stay-price strong {\n  color: #c39f76;\n  font-weight: 500;\n}\n.lk-stay-stars {\n  color: #c39f76;\n  font-size: 11px;\n  letter-spacing: 1px;\n}\n\n\/* \u2500\u2500\u2500 CTA BUTTON \u2500\u2500\u2500 *\/\n.lk-stay-cta {\n  display: inline-flex;\n  align-items: center;\n  justify-content: center;\n  gap: 7px;\n  margin-top: 8px;\n  padding: 11px 20px;\n  border-radius: 8px;\n  background: linear-gradient(135deg, #3685fc 0%, #2a6fd9 100%);\n  color: #fff;\n  font-size: 13px;\n  font-weight: 500;\n  text-decoration: none;\n  letter-spacing: .3px;\n  transition: all .2s ease;\n  cursor: pointer;\n  border: none;\n  text-align: center;\n  box-shadow: 0 4px 12px rgba(54, 133, 252, 0.25);\n}\n.lk-stay-cta:hover {\n  background: linear-gradient(135deg, #2a6fd9 0%, #1e5bc4 100%);\n  transform: translateY(-1px);\n  box-shadow: 0 6px 16px rgba(54, 133, 252, 0.35);\n}\n.lk-stay-cta svg { flex-shrink: 0; }\n\n\/* \u2500\u2500\u2500 FOOTER \u2500\u2500\u2500 *\/\n.lk-stays-footer {\n  padding: 18px 36px;\n  background: linear-gradient(to bottom, #fdfaf5 0%, #f9f4ed 100%);\n  border-top: 1px solid rgba(195, 159, 118, 0.15);\n  display: flex;\n  align-items: center;\n  justify-content: space-between;\n  flex-wrap: wrap;\n  gap: 12px;\n}\n.lk-stays-footer-note {\n  font-size: 11.5px;\n  color: #6b7280;\n  font-weight: 300;\n  line-height: 1.5;\n}\n.lk-stays-footer-note a {\n  color: #c39f76;\n  text-decoration: none;\n  font-weight: 400;\n}\n.lk-stays-footer-note a:hover {\n  text-decoration: underline;\n}\n.lk-stays-all-btn {\n  display: inline-flex;\n  align-items: center;\n  gap: 6px;\n  font-size: 12.5px;\n  font-weight: 500;\n  color: #c39f76;\n  text-decoration: none;\n  border: 1px solid rgba(195, 159, 118, 0.35);\n  padding: 8px 18px;\n  border-radius: 8px;\n  transition: all .2s ease;\n}\n.lk-stays-all-btn:hover {\n  background: rgba(195, 159, 118, 0.08);\n  border-color: rgba(195, 159, 118, 0.5);\n}\n\n\/* \u2500\u2500\u2500 RESPONSIVE \u2500\u2500\u2500 *\/\n@media (max-width: 600px) {\n  .lk-stays-grid { grid-template-columns: 1fr; }\n  .lk-stays-header { padding: 24px 20px; }\n  .lk-stays-footer { padding: 16px 20px; }\n  .lk-stay-card { padding: 22px; }\n  .lk-stays-title { font-size: 20px; }\n}\n<\/style>\n\n  <!-- HEADER -->\n  <div class=\"lk-stays-header\">\n    <img decoding=\"async\" src=\"https:\/\/loudavymkrokem.cz\/wp-content\/uploads\/2026\/02\/lukas-a-lucka.jpg\" alt=\"\" style=\"width: 75px; height: 75px; border-radius: 8px; flex-shrink: 0; object-fit: cover; display: block; margin: 4px 0;\" title=\"\">\n    <div class=\"lk-stays-header-text\">\n      <div class=\"lk-stays-eyebrow\">Luk\u00e1\u0161 \u00e9s Lucie aj\u00e1nlj\u00e1k<\/div>\n      <div class=\"lk-stays-title\">Hol sz\u00e1lljon meg Cartagen\u00e1ban<\/div>\n      <div class=\"lk-stays-subtitle\">4 sz\u00e1ll\u00e1shely \u2014 wellness hotelek, hotelek \u00e9s egy\u00e9b sz\u00e1ll\u00e1slehet\u0151s\u00e9gek<\/div>\n    <\/div>\n  <\/div>\n\n  <!-- CARDS -->\n  <div class=\"lk-stays-grid\">\n\n    <a class=\"lk-stay-card featured\" href=\"https:\/\/www.stay22.com\/allez\/roam?aid=lukaskonecny&#038;campaign=loudavymkrokemcz&#038;campaign=hu&#038;campaign=covidetvcartagene&#038;address=Cartagena&#038;hotelname=Hotel+Casa+San+Agustin&#038;search=Hotel+Casa+San+Agustin&#038;category=accommodation\" target=\"_blank\" rel=\"nofollow noopener\">\n      <span class=\"lk-stay-badge badge-top\">\u2b50 TOP V\u00c1LASZT\u00c1S<\/span>\n      <span class=\"lk-stay-badge badge-nature\">\u2b50 Luxury<\/span>\n      <div class=\"lk-stay-name\">Hotel Casa San Agustin<\/div>\n      <div class=\"lk-stay-desc\">Luxus butikhotel az \u00f3v\u00e1ros sz\u00edv\u00e9ben, csendes bels\u0151 udvarral \u00e9s a r\u00e9gi v\u00e1rosfalba illesztett medenc\u00e9vel.<\/div>\n      <div class=\"lk-stay-meta\">\n        <span class=\"lk-stay-stars\">\u2605\u2605\u2605\u2605<\/span>\n        <span class=\"lk-stay-price\">\u00c1rak megtekint\u00e9se<\/span>\n      <\/div>\n      <span class=\"lk-stay-cta\">\n        <svg width=\"14\" height=\"14\" viewBox=\"0 0 24 24\" fill=\"none\" stroke=\"currentColor\" stroke-width=\"2\"><path d=\"M18 13v6a2 2 0 0 1-2 2H5a2 2 0 0 1-2-2V8a2 2 0 0 1 2-2h6\"\/><polyline points=\"15 3 21 3 21 9\"\/><line x1=\"10\" y1=\"14\" x2=\"21\" y2=\"3\"\/><\/svg>\n        Ellen\u0151rizd az el\u00e9rhet\u0151s\u00e9get\n      <\/span>\n    <\/a>\n\n    <a class=\"lk-stay-card\" href=\"https:\/\/www.stay22.com\/allez\/roam?aid=lukaskonecny&#038;campaign=loudavymkrokemcz&#038;campaign=hu&#038;campaign=covidetvcartagene&#038;address=Cartagena&#038;hotelname=GHL+San+Lazaro+Art+Hotel&#038;search=GHL+San+Lazaro+Art+Hotel&#038;category=accommodation\" target=\"_blank\" rel=\"nofollow noopener\">\n      <span class=\"lk-stay-badge badge-nature\">\ud83c\udfe8 Hotel<\/span>\n      <div class=\"lk-stay-name\">GHL San Lazaro Art Hotel<\/div>\n      <div class=\"lk-stay-desc\">Modern hotel l\u00e9legzetel\u00e1ll\u00edt\u00f3 panor\u00e1m\u00e1s kil\u00e1t\u00e1ssal k\u00f6zvetlen\u00fcl a San Felipe er\u0151dre.<\/div>\n      <div class=\"lk-stay-meta\">\n        <span class=\"lk-stay-stars\">\u2605\u2605\u2605\u2605<\/span>\n        <span class=\"lk-stay-price\">\u00c1rak megtekint\u00e9se<\/span>\n      <\/div>\n      <span class=\"lk-stay-cta\">\n        <svg width=\"14\" height=\"14\" viewBox=\"0 0 24 24\" fill=\"none\" stroke=\"currentColor\" stroke-width=\"2\"><path d=\"M18 13v6a2 2 0 0 1-2 2H5a2 2 0 0 1-2-2V8a2 2 0 0 1 2-2h6\"\/><polyline points=\"15 3 21 3 21 9\"\/><line x1=\"10\" y1=\"14\" x2=\"21\" y2=\"3\"\/><\/svg>\n        Ellen\u0151rizd az el\u00e9rhet\u0151s\u00e9get\n      <\/span>\n    <\/a>\n\n    <a class=\"lk-stay-card\" href=\"https:\/\/www.stay22.com\/allez\/roam?aid=lukaskonecny&#038;campaign=loudavymkrokemcz&#038;campaign=hu&#038;campaign=covidetvcartagene&#038;address=Cartagena&#038;hotelname=Sofitel+Legend+Santa+Clara&#038;search=Sofitel+Legend+Santa+Clara&#038;category=accommodation\" target=\"_blank\" rel=\"nofollow noopener\">\n      <span class=\"lk-stay-badge badge-nature\">\u2b50 Luxury<\/span>\n      <div class=\"lk-stay-name\">Sofitel Legend Santa Clara<\/div>\n      <div class=\"lk-stay-desc\">Igazi legenda egy gondosan fel\u00faj\u00edtott egykori kolostorban, els\u0151rang\u00fa szolg\u00e1ltat\u00e1ssal \u00e9s koloni\u00e1lis st\u00edlusban.<\/div>\n      <div class=\"lk-stay-meta\">\n        <span class=\"lk-stay-stars\">\u2605\u2605\u2605\u2605<\/span>\n        <span class=\"lk-stay-price\">\u00c1rak megtekint\u00e9se<\/span>\n      <\/div>\n      <span class=\"lk-stay-cta\">\n        <svg width=\"14\" height=\"14\" viewBox=\"0 0 24 24\" fill=\"none\" stroke=\"currentColor\" stroke-width=\"2\"><path d=\"M18 13v6a2 2 0 0 1-2 2H5a2 2 0 0 1-2-2V8a2 2 0 0 1 2-2h6\"\/><polyline points=\"15 3 21 3 21 9\"\/><line x1=\"10\" y1=\"14\" x2=\"21\" y2=\"3\"\/><\/svg>\n        Ellen\u0151rizd az el\u00e9rhet\u0151s\u00e9get\n      <\/span>\n    <\/a>\n\n    <a class=\"lk-stay-card\" href=\"https:\/\/www.stay22.com\/allez\/roam?aid=lukaskonecny&#038;campaign=loudavymkrokemcz&#038;campaign=hu&#038;campaign=covidetvcartagene&#038;address=cartagena\" target=\"_blank\" rel=\"nofollow noopener\">\n      <span class=\"lk-stay-badge badge-nature\">\ud83d\udd0d Keres\u00e9s<\/span>\n      <div class=\"lk-stay-name\">\u00d6sszes sz\u00e1ll\u00e1shely megtekint\u00e9se Cartagen\u00e1ban<\/div>\n      <div class=\"lk-stay-desc\">Fedezze fel az \u00f6sszes el\u00e9rhet\u0151 sz\u00e1ll\u00e1slehet\u0151s\u00e9get Cartagen\u00e1ban, \u00e9s tal\u00e1lja meg a legjobbat preferenci\u00e1i \u00e9s k\u00f6lts\u00e9gvet\u00e9se szerint.<\/div>\n      <div class=\"lk-stay-meta\">\n        <span class=\"lk-stay-stars\">\u2605\u2605\u2605\u2605<\/span>\n        <span class=\"lk-stay-price\">\u00c1rak \u00f6sszehasonl\u00edt\u00e1sa<\/span>\n      <\/div>\n      <span class=\"lk-stay-cta\">\n        <svg width=\"14\" height=\"14\" viewBox=\"0 0 24 24\" fill=\"none\" stroke=\"currentColor\" stroke-width=\"2\"><path d=\"M18 13v6a2 2 0 0 1-2 2H5a2 2 0 0 1-2-2V8a2 2 0 0 1 2-2h6\"\/><polyline points=\"15 3 21 3 21 9\"\/><line x1=\"10\" y1=\"14\" x2=\"21\" y2=\"3\"\/><\/svg>\n        Ellen\u0151rizd az el\u00e9rhet\u0151s\u00e9get\n      <\/span>\n    <\/a>\n\n  <\/div>\n\n  \n<\/div>\n\n\n\n\n<h3 class=\"wp-block-heading\"><span class=\"ez-toc-section\" id=\"13_Tetoteraszos_barok_es_luxus_kilatasok\"><\/span>13. Tet\u0151teraszos b\u00e1rok \u00e9s luxus kil\u00e1t\u00e1sok<span class=\"ez-toc-section-end\"><\/span><\/h3>\n\n\n\n<p class=\"wp-block-paragraph\">Cartagena vil\u00e1gszerte h\u00edres fejlett rooftop b\u00e1r kult\u00far\u00e1j\u00e1r\u00f3l, ahonnan a kivil\u00e1g\u00edtott \u00e9jszakai v\u00e1rosra ny\u00edl\u00f3 kil\u00e1t\u00e1s abszol\u00fat l\u00e9legzetel\u00e1ll\u00edt\u00f3. <strong>A r\u00e9gi v\u00e1rosfalakon bel\u00fcli legjobbra \u00e9rt\u00e9kelt kil\u00e1t\u00f3hely a Mirador Gastro Bar (remek, 4,6-os \u00e9rt\u00e9kel\u00e9s)<\/strong>, ahol kiv\u00e1l\u00f3 szerz\u0151i drinkeket \u00e9lvezhetsz k\u00f6zvetlen \u00e9s zavartalan kil\u00e1t\u00e1ssal a Torre del Reloj toronyra \u00e9s a t\u00e9r el nem csitul\u00f3 ny\u00fczsg\u00e9s\u00e9re k\u00f6zvetlen\u00fcl alattad.<\/p>\n\n\n\n<p class=\"wp-block-paragraph\">Ha ink\u00e1bb a Getseman\u00ed negyed laz\u00e1bb \u00e9s boh\u00e9m hangulat\u00e1t r\u00e9szes\u00edted el\u0151nyben, <strong>mindenk\u00e9pp ir\u00e1ny a Baroca Sabor Ancestral (4,8-as \u00e9rt\u00e9kel\u00e9s) vagy a st\u00edlusos Casa Pura Rooftop (4,6-os \u00e9rt\u00e9kel\u00e9s)<\/strong>. Itt teljesen term\u00e9szetesen keverednek a forr\u00f3 karibi ritmusok a modern mixol\u00f3gi\u00e1val, az esti naplement\u00e9k pedig abszol\u00fat felejthetetlenek.<\/p>\n\n\n\n<p class=\"wp-block-paragraph\">Az extr\u00e9m magass\u00e1gok igazi szerelmeseinek pedig ott van az <strong>exkluz\u00edv 51 Sky Bar a modern Bocagrande negyedben (4,2-es \u00e9rt\u00e9kel\u00e9s), ami szuver\u00e9n m\u00f3don az eg\u00e9sz v\u00e1ros legmagasabb b\u00e1rja<\/strong>. A kil\u00e1t\u00e1s az 51. emeletr\u0151l a ragyog\u00f3 \u00f3v\u00e1rosra \u00e9s a s\u00f6t\u00e9t, v\u00e9gtelen \u00f3ce\u00e1nra hihetetlen, de sz\u00e1molj vele, hogy a drinkek \u00e1rai itt teljesen megfelelnek e lok\u00e1ci\u00f3 luxus\u00e1nak \u00e9s exkluzivit\u00e1s\u00e1nak.<\/p>\n\n\n\n<figure data-wp-context=\"{&quot;imageId&quot;:&quot;6a9c18e276d79&quot;}\" data-wp-interactive=\"core\/image\" data-wp-key=\"6a9c18e276d79\" class=\"wp-block-image size-full wp-lightbox-container\"><img decoding=\"async\" width=\"1600\" height=\"1200\" data-wp-class--hide=\"state.isContentHidden\" data-wp-class--show=\"state.isContentVisible\" data-wp-init=\"callbacks.setButtonStyles\" data-wp-on--click=\"actions.showLightbox\" data-wp-on--load=\"callbacks.setButtonStyles\" data-wp-on--pointerdown=\"actions.preloadImage\" data-wp-on--pointerenter=\"actions.preloadImageWithDelay\" data-wp-on--pointerleave=\"actions.cancelPreload\" data-wp-on-window--resize=\"callbacks.setButtonStyles\" src=\"https:\/\/loudavymkrokem.cz\/wp-content\/uploads\/2026\/09\/insert-415557-14.jpg\" alt=\"Naplemente a v\u00e1rosfalakon a Caf\u00e9 del Marn\u00e1l\" class=\"wp-image-415915\" title=\"\" srcset=\"https:\/\/loudavymkrokem.cz\/wp-content\/uploads\/2026\/09\/insert-415557-14.jpg 1600w, https:\/\/loudavymkrokem.cz\/wp-content\/uploads\/2026\/09\/insert-415557-14-300x225.jpg 300w, https:\/\/loudavymkrokem.cz\/wp-content\/uploads\/2026\/09\/insert-415557-14-700x525.jpg 700w, https:\/\/loudavymkrokem.cz\/wp-content\/uploads\/2026\/09\/insert-415557-14-768x576.jpg 768w, https:\/\/loudavymkrokem.cz\/wp-content\/uploads\/2026\/09\/insert-415557-14-1536x1152.jpg 1536w, https:\/\/loudavymkrokem.cz\/wp-content\/uploads\/2026\/09\/insert-415557-14-80x60.jpg 80w, https:\/\/loudavymkrokem.cz\/wp-content\/uploads\/2026\/09\/insert-415557-14-160x120.jpg 160w, https:\/\/loudavymkrokem.cz\/wp-content\/uploads\/2026\/09\/insert-415557-14-696x522.jpg 696w, https:\/\/loudavymkrokem.cz\/wp-content\/uploads\/2026\/09\/insert-415557-14-1392x1044.jpg 1392w\" sizes=\"(max-width: 1600px) 100vw, 1600px\" \/><button\n\t\t\tclass=\"lightbox-trigger\"\n\t\t\ttype=\"button\"\n\t\t\taria-haspopup=\"dialog\"\n\t\t\tdata-wp-bind--aria-label=\"state.thisImage.triggerButtonAriaLabel\"\n\t\t\tdata-wp-init=\"callbacks.initTriggerButton\"\n\t\t\tdata-wp-on--click=\"actions.showLightbox\"\n\t\t\tdata-wp-style--right=\"state.thisImage.buttonRight\"\n\t\t\tdata-wp-style--top=\"state.thisImage.buttonTop\"\n\t\t>\n\t\t\t<svg xmlns=\"http:\/\/www.w3.org\/2000\/svg\" width=\"12\" height=\"12\" fill=\"none\" viewBox=\"0 0 12 12\">\n\t\t\t\t<path fill=\"#fff\" d=\"M2 0a2 2 0 0 0-2 2v2h1.5V2a.5.5 0 0 1 .5-.5h2V0H2Zm2 10.5H2a.5.5 0 0 1-.5-.5V8H0v2a2 2 0 0 0 2 2h2v-1.5ZM8 12v-1.5h2a.5.5 0 0 0 .5-.5V8H12v2a2 2 0 0 1-2 2H8Zm2-12a2 2 0 0 1 2 2v2h-1.5V2a.5.5 0 0 0-.5-.5H8V0h2Z\" \/>\n\t\t\t<\/svg>\n\t\t<\/button><figcaption class=\"wp-element-caption\">Foto: Teresa Alice Rossell Malinsky \/ Google Maps<\/figcaption><\/figure>\n\n\n\n<h3 class=\"wp-block-heading\"><span class=\"ez-toc-section\" id=\"14_Naplemente_a_varosfalakon_Cafe_del_Mar\"><\/span>14. Naplemente a v\u00e1rosfalakon (Caf\u00e9 del Mar)<span class=\"ez-toc-section-end\"><\/span><\/h3>\n\n\n\n<p class=\"wp-block-paragraph\">Tal\u00e1n nincs is ismertebb \u00e9s ikonikusabb ritu\u00e1l\u00e9 eg\u00e9sz Cartagen\u00e1ban, mint <strong>az esti naplemente figyel\u00e9se egyenesen a massz\u00edv t\u00f6rt\u00e9nelmi v\u00e1rosfalakr\u00f3l<\/strong>. E mindennapi esem\u00e9nynek a hagyom\u00e1nyos k\u00f6zpontja a h\u00edres Caf\u00e9 del Mar, amely az er\u0151d\u00edtm\u00e9ny hatalmas \u00e9s strat\u00e9giai cs\u00fccsk\u00e9t foglalja el, ahonnan abszol\u00fat a legjobb kil\u00e1t\u00e1s ny\u00edlik a ny\u00edlt \u00f3ce\u00e1nra \u00e9s a lenyugv\u00f3 napkorongra.<\/p>\n\n\n\n<p class=\"wp-block-paragraph\">\u0150szint\u00e9n el kell viszont mondani az igazat: <strong>a drinkek \u00e9s az \u00e9telek ebben a helyben er\u0151sen t\u00fal\u00e1razottak<\/strong>, \u00e9s gyakran m\u00e1r egy \u00f3r\u00e1val a naplemente el\u0151tt t\u00e9nyleg hossz\u00fa sorok \u00e1llnak egy szabad asztal\u00e9rt. Maga a kil\u00e1t\u00e1s viszont szerencs\u00e9re nem t\u00fal\u00e1razott, \u00e9s b\u00e1rki \u00e9lvezheti. \ud83d\udca1 <strong>Tipp:<\/strong> Egy\u00e1ltal\u00e1n nem kell ugyanis fizetned a dr\u00e1ga asztal\u00e9rt az \u00e9tteremben. El\u00e9g, ha k\u00e9nyelmesen le\u00fclsz a v\u00e1rosfalak sz\u00e9les k\u0151p\u00e1rk\u00e1ny\u00e1ra r\u00f6gt\u00f6n a k\u00e1v\u00e9z\u00f3 mellett, <strong>veszel egy j\u00e9ghideg s\u00f6rt egy utcai \u00e1rust\u00f3l a t\u00f6rtr\u00e9sz\u00e9\u00e9rt<\/strong>, \u00e9s \u00e9lvezed a teljesen ugyanolyan, ha nem jobb \u00e9s autentikusabb \u00e9lm\u00e9nyt a helyi lakosokkal egy\u00fctt.<\/p>\n\n\n\n<p class=\"wp-block-paragraph\">Ak\u00e1r egy k\u00e9nyelmes asztalt v\u00e1lasztasz a helyben, ak\u00e1r egy romantikus k\u0151p\u00e1rk\u00e1nyt, <strong>mindig legal\u00e1bb egy \u00f3r\u00e1val a naplemente el\u0151tt legy\u00e9l a helysz\u00ednen<\/strong>, mert a legjobb kil\u00e1t\u00e1ssal b\u00edr\u00f3 szakaszok hihetetlen gyorsas\u00e1ggal telnek meg.<\/p>\n\n\n\n<figure data-wp-context=\"{&quot;imageId&quot;:&quot;6a9c18e27726b&quot;}\" data-wp-interactive=\"core\/image\" data-wp-key=\"6a9c18e27726b\" class=\"wp-block-image size-full wp-lightbox-container\"><img decoding=\"async\" width=\"1600\" height=\"1200\" data-wp-class--hide=\"state.isContentHidden\" data-wp-class--show=\"state.isContentVisible\" data-wp-init=\"callbacks.setButtonStyles\" data-wp-on--click=\"actions.showLightbox\" data-wp-on--load=\"callbacks.setButtonStyles\" data-wp-on--pointerdown=\"actions.preloadImage\" data-wp-on--pointerenter=\"actions.preloadImageWithDelay\" data-wp-on--pointerleave=\"actions.cancelPreload\" data-wp-on-window--resize=\"callbacks.setButtonStyles\" src=\"https:\/\/loudavymkrokem.cz\/wp-content\/uploads\/2026\/09\/pl-e-bocagrande.jpg\" alt=\"Bocagrande \u00e9s Castillogrande strandjai (\u0151szinte v\u00e9lem\u00e9ny)\" class=\"wp-image-415723\" title=\"\" srcset=\"https:\/\/loudavymkrokem.cz\/wp-content\/uploads\/2026\/09\/pl-e-bocagrande.jpg 1600w, https:\/\/loudavymkrokem.cz\/wp-content\/uploads\/2026\/09\/pl-e-bocagrande-300x225.jpg 300w, https:\/\/loudavymkrokem.cz\/wp-content\/uploads\/2026\/09\/pl-e-bocagrande-700x525.jpg 700w, https:\/\/loudavymkrokem.cz\/wp-content\/uploads\/2026\/09\/pl-e-bocagrande-768x576.jpg 768w, https:\/\/loudavymkrokem.cz\/wp-content\/uploads\/2026\/09\/pl-e-bocagrande-1536x1152.jpg 1536w, https:\/\/loudavymkrokem.cz\/wp-content\/uploads\/2026\/09\/pl-e-bocagrande-80x60.jpg 80w, https:\/\/loudavymkrokem.cz\/wp-content\/uploads\/2026\/09\/pl-e-bocagrande-160x120.jpg 160w, https:\/\/loudavymkrokem.cz\/wp-content\/uploads\/2026\/09\/pl-e-bocagrande-696x522.jpg 696w, https:\/\/loudavymkrokem.cz\/wp-content\/uploads\/2026\/09\/pl-e-bocagrande-1392x1044.jpg 1392w\" sizes=\"(max-width: 1600px) 100vw, 1600px\" \/><button\n\t\t\tclass=\"lightbox-trigger\"\n\t\t\ttype=\"button\"\n\t\t\taria-haspopup=\"dialog\"\n\t\t\tdata-wp-bind--aria-label=\"state.thisImage.triggerButtonAriaLabel\"\n\t\t\tdata-wp-init=\"callbacks.initTriggerButton\"\n\t\t\tdata-wp-on--click=\"actions.showLightbox\"\n\t\t\tdata-wp-style--right=\"state.thisImage.buttonRight\"\n\t\t\tdata-wp-style--top=\"state.thisImage.buttonTop\"\n\t\t>\n\t\t\t<svg xmlns=\"http:\/\/www.w3.org\/2000\/svg\" width=\"12\" height=\"12\" fill=\"none\" viewBox=\"0 0 12 12\">\n\t\t\t\t<path fill=\"#fff\" d=\"M2 0a2 2 0 0 0-2 2v2h1.5V2a.5.5 0 0 1 .5-.5h2V0H2Zm2 10.5H2a.5.5 0 0 1-.5-.5V8H0v2a2 2 0 0 0 2 2h2v-1.5ZM8 12v-1.5h2a.5.5 0 0 0 .5-.5V8H12v2a2 2 0 0 1-2 2H8Zm2-12a2 2 0 0 1 2 2v2h-1.5V2a.5.5 0 0 0-.5-.5H8V0h2Z\" \/>\n\t\t\t<\/svg>\n\t\t<\/button><figcaption class=\"wp-element-caption\">Foto: Isabel Cristina V\u00e1squez Mej\u00eda \/ Google Maps<\/figcaption><\/figure>\n\n\n\n<h3 class=\"wp-block-heading\"><span class=\"ez-toc-section\" id=\"15_Bocagrande_es_Castillogrande_strandjai_oszinte_velemeny\"><\/span>15. Bocagrande \u00e9s Castillogrande strandjai (\u0151szinte v\u00e9lem\u00e9ny)<span class=\"ez-toc-section-end\"><\/span><\/h3>\n\n\n\n<p class=\"wp-block-paragraph\">A k\u00f6zvetlen\u00fcl a v\u00e1rosban fekv\u0151 strandokr\u00f3l az \u00fatik\u00f6nyvekben gyakran el\u00e9g irre\u00e1lis romantikus z\u00f6lds\u00e9geket \u00edrnak, \u00fagyhogy itt a tiszta \u00e9s torz\u00edtatlan igazs\u00e1g. <strong>A v\u00e1rosi Playa de Bocagrande strandnak az interneten ugyan 4,3-as \u00e9rt\u00e9kel\u00e9se van, de a v\u00edz itt legt\u00f6bbsz\u00f6r zavaros \u00e9s barna<\/strong>. Rendk\u00edv\u00fcl praktikus hely, ha csak gyorsan le akarsz h\u0171lni a felh\u0151karcol\u00f3-sz\u00e1llod\u00e1d mellett, de vizu\u00e1lisan hat\u00e1rozottan nem karibi paradicsom, r\u00e1ad\u00e1sul a strandot folyamatosan tucatnyi massz\u00e1zs- \u00e9s dr\u00e1ga naperny\u0151\u00e1rus veszi k\u00f6r\u00fcl.<\/p>\n\n\n\n<p class=\"wp-block-paragraph\">\u00c9rezhet\u0151en jobb \u00e9s elviselhet\u0151bb a helyzet egy kicsit od\u00e9bb, a <strong>Playa Castillogrand\u00e9n (4,5-\u00f6s \u00e9rt\u00e9kel\u00e9s)<\/strong>. A f\u00e9lsziget e konkr\u00e9t r\u00e9sze sokkal nyugodtabb, ide f\u0151leg helyi csal\u00e1dok j\u00e1rnak, a v\u00edz pedig valamivel tiszt\u00e1bb \u00e9s nyugodtabb szokott lenni, b\u00e1r m\u00e9g mindig ne v\u00e1rd az igazi t\u00fcrkiz sz\u00ednt. Ide\u00e1lis hely viszont egy nyugodt reggeli s\u00e9t\u00e1hoz a tenger ment\u00e9n.<\/p>\n\n\n\n<p class=\"wp-block-paragraph\">Ha egy sz\u00e9p strandon egy k\u00f6nyvvel a kezedben akarsz elt\u00f6lteni egy eg\u00e9sz napot, <strong>k\u00f6zvetlen\u00fcl a v\u00e1rosban t\u00e9nyleg nem \u00e9ri meg<\/strong>. Az igazi, katal\u00f3gusb\u00f3l ismert karibi strandokra kicsit tov\u00e1bb kell menned a v\u00e1roson k\u00edv\u00fclre, vagy haj\u00f3val a korallszigetekre, vagy aut\u00f3val a n\u00e9pszer\u0171 Bar\u00fa-f\u00e9lszigetre.<\/p>\n\n\n\n<figure data-wp-context=\"{&quot;imageId&quot;:&quot;6a9c18e277891&quot;}\" data-wp-interactive=\"core\/image\" data-wp-key=\"6a9c18e277891\" class=\"wp-block-image size-full wp-lightbox-container\"><img decoding=\"async\" width=\"1600\" height=\"1200\" data-wp-class--hide=\"state.isContentHidden\" data-wp-class--show=\"state.isContentVisible\" data-wp-init=\"callbacks.setButtonStyles\" data-wp-on--click=\"actions.showLightbox\" data-wp-on--load=\"callbacks.setButtonStyles\" data-wp-on--pointerdown=\"actions.preloadImage\" data-wp-on--pointerenter=\"actions.preloadImageWithDelay\" data-wp-on--pointerleave=\"actions.cancelPreload\" data-wp-on-window--resize=\"callbacks.setButtonStyles\" src=\"https:\/\/loudavymkrokem.cz\/wp-content\/uploads\/2026\/09\/islas-del-rosario.jpg\" alt=\"Islas del Rosario \u00e9s a p\u00e9nzcsapda\" class=\"wp-image-415726\" title=\"\" srcset=\"https:\/\/loudavymkrokem.cz\/wp-content\/uploads\/2026\/09\/islas-del-rosario.jpg 1600w, https:\/\/loudavymkrokem.cz\/wp-content\/uploads\/2026\/09\/islas-del-rosario-300x225.jpg 300w, https:\/\/loudavymkrokem.cz\/wp-content\/uploads\/2026\/09\/islas-del-rosario-700x525.jpg 700w, https:\/\/loudavymkrokem.cz\/wp-content\/uploads\/2026\/09\/islas-del-rosario-768x576.jpg 768w, https:\/\/loudavymkrokem.cz\/wp-content\/uploads\/2026\/09\/islas-del-rosario-1536x1152.jpg 1536w, https:\/\/loudavymkrokem.cz\/wp-content\/uploads\/2026\/09\/islas-del-rosario-80x60.jpg 80w, https:\/\/loudavymkrokem.cz\/wp-content\/uploads\/2026\/09\/islas-del-rosario-160x120.jpg 160w, https:\/\/loudavymkrokem.cz\/wp-content\/uploads\/2026\/09\/islas-del-rosario-696x522.jpg 696w, https:\/\/loudavymkrokem.cz\/wp-content\/uploads\/2026\/09\/islas-del-rosario-1392x1044.jpg 1392w\" sizes=\"(max-width: 1600px) 100vw, 1600px\" \/><button\n\t\t\tclass=\"lightbox-trigger\"\n\t\t\ttype=\"button\"\n\t\t\taria-haspopup=\"dialog\"\n\t\t\tdata-wp-bind--aria-label=\"state.thisImage.triggerButtonAriaLabel\"\n\t\t\tdata-wp-init=\"callbacks.initTriggerButton\"\n\t\t\tdata-wp-on--click=\"actions.showLightbox\"\n\t\t\tdata-wp-style--right=\"state.thisImage.buttonRight\"\n\t\t\tdata-wp-style--top=\"state.thisImage.buttonTop\"\n\t\t>\n\t\t\t<svg xmlns=\"http:\/\/www.w3.org\/2000\/svg\" width=\"12\" height=\"12\" fill=\"none\" viewBox=\"0 0 12 12\">\n\t\t\t\t<path fill=\"#fff\" d=\"M2 0a2 2 0 0 0-2 2v2h1.5V2a.5.5 0 0 1 .5-.5h2V0H2Zm2 10.5H2a.5.5 0 0 1-.5-.5V8H0v2a2 2 0 0 0 2 2h2v-1.5ZM8 12v-1.5h2a.5.5 0 0 0 .5-.5V8H12v2a2 2 0 0 1-2 2H8Zm2-12a2 2 0 0 1 2 2v2h-1.5V2a.5.5 0 0 0-.5-.5H8V0h2Z\" \/>\n\t\t\t<\/svg>\n\t\t<\/button><figcaption class=\"wp-element-caption\">Foto: Frankoys23 \/ Google Maps<\/figcaption><\/figure>\n\n\n\n<h3 class=\"wp-block-heading\"><span class=\"ez-toc-section\" id=\"16_Islas_del_Rosario_es_a_penzcsapda\"><\/span>16. Islas del Rosario \u00e9s a p\u00e9nzcsapda<span class=\"ez-toc-section-end\"><\/span><\/h3>\n\n\n\n<p class=\"wp-block-paragraph\">A gy\u00f6ny\u00f6r\u0171 Islas del Rosario szigetcsoport egy v\u00e9dett <a href=\"https:\/\/www.parquesnacionales.gov.co\/\" rel=\"nofollow noopener\" target=\"_blank\">nemzeti parkban<\/a> fekszik, alig egy\u00f3r\u00e1nyi gyorshaj\u00f3\u00fatra Cartagen\u00e1t\u00f3l, \u00e9s ez v\u00e9gre az igazi karibi \u00e1lom korallz\u00e1tonyokkal \u00e9s feh\u00e9r homokkal. <strong>Van itt viszont egy \u00f3ri\u00e1si turistacsapda, amelyre a legt\u00f6bb felk\u00e9sz\u00fcletlen turista r\u00e1fizet (v\u00e1ratlan rejtett d\u00edjak)<\/strong>. Ugyanis ak\u00e1rh\u00e1ny p\u00e9nz\u00e9rt veszed is meg a v\u00e1rosban a kir\u00e1ndul\u00e1st, szinte soha nincsenek benne a k\u00f6telez\u0151 kik\u00f6t\u0151i d\u00edjak.<\/p>\n\n\n\n<p class=\"wp-block-paragraph\"><strong>A mag\u00e1ba a nemzeti parkba val\u00f3 bel\u00e9p\u0151 nagyj\u00e1b\u00f3l 25 000\u201331 500 COP-ba ker\u00fcl fejenk\u00e9nt, \u00e9s ehhez fizetni kell m\u00e9g egy k\u00f6telez\u0151 tengeri biztos\u00edt\u00e1st is, kb. 8800 COP-t<\/strong>. \u00d6sszesen ez nagyj\u00e1b\u00f3l 40 000 COP, amit <strong>kiz\u00e1r\u00f3lag k\u00e9szp\u00e9nzben kell kifizetned egyenesen a m\u00f3l\u00f3n\u00e1l<\/strong> a haj\u00f3ra sz\u00e1ll\u00e1s el\u0151tt. Ha \u00e9pp nincs n\u00e1lad bankjegy, egyszer\u0171en nem engednek fel a haj\u00f3ra, \u00e9s a kir\u00e1ndul\u00e1s megbukik. \ud83d\udca1 <strong>Tipp:<\/strong> A p\u00e9nzt m\u00e1r nyugodtan egy nappal kor\u00e1bban vedd ki a bankautomat\u00e1kb\u00f3l (megb\u00edzhat\u00f3 a Bancolombia vagy a Davivienda), mert reggel a kik\u00f6t\u0151n\u00e9l az automat\u00e1k gyakran teljesen \u00fcresek.<\/p>\n\n\n\n<p class=\"wp-block-paragraph\">Maguk a szigetek gy\u00f6ny\u00f6r\u0171ek \u00e9s abszol\u00fat ide\u00e1lisak az <strong>eg\u00e9sz napos snorkelinghez<\/strong>. Az eg\u00e9sz \u00e9lm\u00e9nyt viszont el\u00e9gg\u00e9 el tudod rontani, ha reggel a zajos kik\u00f6t\u0151n\u00e9l \u00f6sszevesztek <strong>a d\u00edjak miatt<\/strong>, amelyekr\u0151l az \u00fcgyn\u00f6ks\u00e9g el\u0151re egy\u00e1ltal\u00e1n semmit nem mondott neked.<\/p>\n\n\n\n<figure data-wp-context=\"{&quot;imageId&quot;:&quot;6a9c18e277ed8&quot;}\" data-wp-interactive=\"core\/image\" data-wp-key=\"6a9c18e277ed8\" class=\"wp-block-image size-full wp-lightbox-container\"><img decoding=\"async\" width=\"1600\" height=\"1200\" data-wp-class--hide=\"state.isContentHidden\" data-wp-class--show=\"state.isContentVisible\" data-wp-init=\"callbacks.setButtonStyles\" data-wp-on--click=\"actions.showLightbox\" data-wp-on--load=\"callbacks.setButtonStyles\" data-wp-on--pointerdown=\"actions.preloadImage\" data-wp-on--pointerenter=\"actions.preloadImageWithDelay\" data-wp-on--pointerleave=\"actions.cancelPreload\" data-wp-on-window--resize=\"callbacks.setButtonStyles\" src=\"https:\/\/loudavymkrokem.cz\/wp-content\/uploads\/2026\/09\/ostrovn-beach-cluby.jpg\" alt=\"Szigeti beach clubok (a nyilv\u00e1nos strandok helyett)\" class=\"wp-image-415727\" title=\"\" srcset=\"https:\/\/loudavymkrokem.cz\/wp-content\/uploads\/2026\/09\/ostrovn-beach-cluby.jpg 1600w, https:\/\/loudavymkrokem.cz\/wp-content\/uploads\/2026\/09\/ostrovn-beach-cluby-300x225.jpg 300w, https:\/\/loudavymkrokem.cz\/wp-content\/uploads\/2026\/09\/ostrovn-beach-cluby-700x525.jpg 700w, https:\/\/loudavymkrokem.cz\/wp-content\/uploads\/2026\/09\/ostrovn-beach-cluby-768x576.jpg 768w, https:\/\/loudavymkrokem.cz\/wp-content\/uploads\/2026\/09\/ostrovn-beach-cluby-1536x1152.jpg 1536w, https:\/\/loudavymkrokem.cz\/wp-content\/uploads\/2026\/09\/ostrovn-beach-cluby-80x60.jpg 80w, https:\/\/loudavymkrokem.cz\/wp-content\/uploads\/2026\/09\/ostrovn-beach-cluby-160x120.jpg 160w, https:\/\/loudavymkrokem.cz\/wp-content\/uploads\/2026\/09\/ostrovn-beach-cluby-696x522.jpg 696w, https:\/\/loudavymkrokem.cz\/wp-content\/uploads\/2026\/09\/ostrovn-beach-cluby-1392x1044.jpg 1392w\" sizes=\"(max-width: 1600px) 100vw, 1600px\" \/><button\n\t\t\tclass=\"lightbox-trigger\"\n\t\t\ttype=\"button\"\n\t\t\taria-haspopup=\"dialog\"\n\t\t\tdata-wp-bind--aria-label=\"state.thisImage.triggerButtonAriaLabel\"\n\t\t\tdata-wp-init=\"callbacks.initTriggerButton\"\n\t\t\tdata-wp-on--click=\"actions.showLightbox\"\n\t\t\tdata-wp-style--right=\"state.thisImage.buttonRight\"\n\t\t\tdata-wp-style--top=\"state.thisImage.buttonTop\"\n\t\t>\n\t\t\t<svg xmlns=\"http:\/\/www.w3.org\/2000\/svg\" width=\"12\" height=\"12\" fill=\"none\" viewBox=\"0 0 12 12\">\n\t\t\t\t<path fill=\"#fff\" d=\"M2 0a2 2 0 0 0-2 2v2h1.5V2a.5.5 0 0 1 .5-.5h2V0H2Zm2 10.5H2a.5.5 0 0 1-.5-.5V8H0v2a2 2 0 0 0 2 2h2v-1.5ZM8 12v-1.5h2a.5.5 0 0 0 .5-.5V8H12v2a2 2 0 0 1-2 2H8Zm2-12a2 2 0 0 1 2 2v2h-1.5V2a.5.5 0 0 0-.5-.5H8V0h2Z\" \/>\n\t\t\t<\/svg>\n\t\t<\/button><figcaption class=\"wp-element-caption\">Foto: IBBIZA ISLAND BEACH CLUB \/ Google Maps<\/figcaption><\/figure>\n\n\n\n<h3 class=\"wp-block-heading\"><span class=\"ez-toc-section\" id=\"17_Szigeti_beach_clubok_a_nyilvanos_strandok_helyett\"><\/span>17. Szigeti beach clubok (a nyilv\u00e1nos strandok helyett)<span class=\"ez-toc-section-end\"><\/span><\/h3>\n\n\n\n<p class=\"wp-block-paragraph\">Ahelyett, hogy a szok\u00e1sos nyilv\u00e1nos \u00e9s gyakran extr\u00e9m m\u00f3don zs\u00fafolt szigeti strandokra menn\u00e9l, <strong>melegen aj\u00e1nlom, hogy foglalj \u00fagynevezett day passt valamelyik priv\u00e1t beach clubba<\/strong>. Dr\u00e1g\u00e1bb, de saj\u00e1t nyug\u00e1gyad lesz, tiszta v\u00edz, \u00e9s f\u0151leg nyugalom az \u00e1rusokt\u00f3l, akik k\u00fcl\u00f6nben k\u00e9tpercenk\u00e9nt r\u00e1d akarnak s\u00f3zni szuven\u00edreket.<\/p>\n\n\n\n<p class=\"wp-block-paragraph\">Abszol\u00fat remek v\u00e1laszt\u00e1s a <strong>Capri Beach Club (fantasztikus, 4,9-es \u00e9rt\u00e9kel\u00e9s) az Isla Grande szigeten<\/strong>, ahol t\u00f6k\u00e9letes nyugalmat, kiv\u00e1l\u00f3 kiszolg\u00e1l\u00e1st \u00e9s krist\u00e1lytiszta t\u00fcrkiz vizet tal\u00e1lsz. Ha ink\u00e1bb modern \u00e9s st\u00edlusos partihangulatra v\u00e1gysz kiv\u00e1l\u00f3 gasztron\u00f3mi\u00e1val \u00e9s remek drinkekkel, mindenk\u00e9pp ir\u00e1ny a <strong>Blue Apple Beach (4,7-es \u00e9rt\u00e9kel\u00e9s) a k\u00f6zelebbi Isla Tierra Bomba szigeten<\/strong>.<\/p>\n\n\n\n<p class=\"wp-block-paragraph\">Ha \u00e9pp egy\u00e1ltal\u00e1n nincs kedved messzire haj\u00f3zni, de m\u00e9gis maxim\u00e1lis strandkomfortot \u00e9s italokat akarsz a v\u00edzn\u00e9l, k\u00f6zvetlen\u00fcl a v\u00e1rosban, a nyugodtabb Manga negyedben m\u0171k\u00f6dik a <strong>v\u00e1rosi Bendita Beach klub (4,7-es \u00e9rt\u00e9kel\u00e9s) egy gy\u00f6ny\u00f6r\u0171 medenc\u00e9vel<\/strong>, ahol eg\u00e9sz nap \u00fagy t\u00f6r\u0151dnek veled, mint a h\u00edmes toj\u00e1ssal.<\/p>\n\n\n\n<figure data-wp-context=\"{&quot;imageId&quot;:&quot;6a9c18e27860c&quot;}\" data-wp-interactive=\"core\/image\" data-wp-key=\"6a9c18e27860c\" class=\"wp-block-image size-full wp-lightbox-container\"><img decoding=\"async\" width=\"1200\" height=\"675\" data-wp-class--hide=\"state.isContentHidden\" data-wp-class--show=\"state.isContentVisible\" data-wp-init=\"callbacks.setButtonStyles\" data-wp-on--click=\"actions.showLightbox\" data-wp-on--load=\"callbacks.setButtonStyles\" data-wp-on--pointerdown=\"actions.preloadImage\" data-wp-on--pointerenter=\"actions.preloadImageWithDelay\" data-wp-on--pointerleave=\"actions.cancelPreload\" data-wp-on-window--resize=\"callbacks.setButtonStyles\" src=\"https:\/\/loudavymkrokem.cz\/wp-content\/uploads\/2026\/09\/swap-415557-18-1bdf9f8e.png\" alt=\"Mangrov\u00e9k a La Boquilla hal\u00e1szfalun\u00e1l\" class=\"wp-image-415927\" title=\"\" srcset=\"https:\/\/loudavymkrokem.cz\/wp-content\/uploads\/2026\/09\/swap-415557-18-1bdf9f8e.png 1200w, https:\/\/loudavymkrokem.cz\/wp-content\/uploads\/2026\/09\/swap-415557-18-1bdf9f8e-300x169.png 300w, https:\/\/loudavymkrokem.cz\/wp-content\/uploads\/2026\/09\/swap-415557-18-1bdf9f8e-700x394.png 700w, https:\/\/loudavymkrokem.cz\/wp-content\/uploads\/2026\/09\/swap-415557-18-1bdf9f8e-768x432.png 768w, https:\/\/loudavymkrokem.cz\/wp-content\/uploads\/2026\/09\/swap-415557-18-1bdf9f8e-696x392.png 696w\" sizes=\"(max-width: 1200px) 100vw, 1200px\" \/><button\n\t\t\tclass=\"lightbox-trigger\"\n\t\t\ttype=\"button\"\n\t\t\taria-haspopup=\"dialog\"\n\t\t\tdata-wp-bind--aria-label=\"state.thisImage.triggerButtonAriaLabel\"\n\t\t\tdata-wp-init=\"callbacks.initTriggerButton\"\n\t\t\tdata-wp-on--click=\"actions.showLightbox\"\n\t\t\tdata-wp-style--right=\"state.thisImage.buttonRight\"\n\t\t\tdata-wp-style--top=\"state.thisImage.buttonTop\"\n\t\t>\n\t\t\t<svg xmlns=\"http:\/\/www.w3.org\/2000\/svg\" width=\"12\" height=\"12\" fill=\"none\" viewBox=\"0 0 12 12\">\n\t\t\t\t<path fill=\"#fff\" d=\"M2 0a2 2 0 0 0-2 2v2h1.5V2a.5.5 0 0 1 .5-.5h2V0H2Zm2 10.5H2a.5.5 0 0 1-.5-.5V8H0v2a2 2 0 0 0 2 2h2v-1.5ZM8 12v-1.5h2a.5.5 0 0 0 .5-.5V8H12v2a2 2 0 0 1-2 2H8Zm2-12a2 2 0 0 1 2 2v2h-1.5V2a.5.5 0 0 0-.5-.5H8V0h2Z\" \/>\n\t\t\t<\/svg>\n\t\t<\/button><figcaption class=\"wp-element-caption\">Foto: ECOTOURS BOQUILLA \/ Google Maps<\/figcaption><\/figure>\n\n\n\n<h3 class=\"wp-block-heading\"><span class=\"ez-toc-section\" id=\"18_La_Boquilla_halaszfalu_es_a_mangrovek\"><\/span>18. La Boquilla hal\u00e1szfalu \u00e9s a mangrov\u00e9k<span class=\"ez-toc-section-end\"><\/span><\/h3>\n\n\n\n<p class=\"wp-block-paragraph\">Ha valami teljesen m\u00e1st akarsz \u00e1t\u00e9lni a v\u00e1rosban, mint a csillog\u00f3 gyarmati belv\u00e1rost, \u00e9s egyben a p\u00e9nzeddel k\u00f6zvetlen\u00fcl a helyi k\u00f6z\u00f6ss\u00e9get akarod t\u00e1mogatni, <strong>indulj a v\u00e1rost\u00f3l \u00e9szakra az autentikus La Boquilla hal\u00e1szfaluba<\/strong>. Itt ugyanis v\u00e9gre megismered az eg\u00e9sz karibi r\u00e9gi\u00f3 nyersebb \u00e9s sokkal hagyom\u00e1nyosabb afro-kolumbiai arc\u00e1t, amely a belv\u00e1rosb\u00f3l m\u00e1r elt\u0171nt.<\/p>\n\n\n\n<p class=\"wp-block-paragraph\">A f\u0151 vonzer\u0151 itt a <strong>leny\u0171g\u00f6z\u0151 cs\u00f3nak\u00e1z\u00e1s hagyom\u00e1nyos fa kenuval a nagyon s\u0171r\u0171 mangroveerd\u0151k\u00f6n kereszt\u00fcl<\/strong>. A helyi tapasztalt hal\u00e1szok elvisznek a csendes v\u00edzi csatorn\u00e1k sz\u00f6vev\u00e9ny\u00e9be, ahol k\u00f6zelr\u0151l figyelheted az eleg\u00e1ns k\u00f3csagokat, a gy\u00f6kerek k\u00f6zt megb\u00faj\u00f3 r\u00e1kokat, \u00e9s hallgathatod az abszol\u00fat csendet, amit csak a fa evez\u0151k nyugodt csobban\u00e1sa szak\u00edt meg.<\/p>\n\n\n\n<p class=\"wp-block-paragraph\">Ez a szer\u00e9ny \u00f6kol\u00f3giai kir\u00e1ndul\u00e1s egyike Cartagena azon kev\u00e9s \u00e9lm\u00e9ny\u00e9nek, ahol <strong>a p\u00e9nzed k\u00f6zvetlen\u00fcl a helyi k\u00f6z\u00f6ss\u00e9g kez\u00e9ben marad<\/strong>, amely minden erej\u00e9vel igyekszik megtartani a hagyom\u00e1nyos hal\u00e1sz\u00e9letform\u00e1j\u00e1t a k\u00f6zeli k\u00f6rny\u00e9ken agressz\u00edven terjeszked\u0151 modern sz\u00e1llod\u00e1kkal szemben.<\/p>\n\n\n\n<figure data-wp-context=\"{&quot;imageId&quot;:&quot;6a9c18e278f26&quot;}\" data-wp-interactive=\"core\/image\" data-wp-key=\"6a9c18e278f26\" class=\"wp-block-image size-full wp-lightbox-container\"><img decoding=\"async\" width=\"1600\" height=\"1200\" data-wp-class--hide=\"state.isContentHidden\" data-wp-class--show=\"state.isContentVisible\" data-wp-init=\"callbacks.setButtonStyles\" data-wp-on--click=\"actions.showLightbox\" data-wp-on--load=\"callbacks.setButtonStyles\" data-wp-on--pointerdown=\"actions.preloadImage\" data-wp-on--pointerenter=\"actions.preloadImageWithDelay\" data-wp-on--pointerleave=\"actions.cancelPreload\" data-wp-on-window--resize=\"callbacks.setButtonStyles\" src=\"https:\/\/loudavymkrokem.cz\/wp-content\/uploads\/2026\/09\/swap-415557-19-48814361.jpg\" alt=\"Bazurto piac Cartagen\u00e1ban\" class=\"wp-image-415919\" title=\"\" srcset=\"https:\/\/loudavymkrokem.cz\/wp-content\/uploads\/2026\/09\/swap-415557-19-48814361.jpg 1600w, https:\/\/loudavymkrokem.cz\/wp-content\/uploads\/2026\/09\/swap-415557-19-48814361-300x225.jpg 300w, https:\/\/loudavymkrokem.cz\/wp-content\/uploads\/2026\/09\/swap-415557-19-48814361-700x525.jpg 700w, https:\/\/loudavymkrokem.cz\/wp-content\/uploads\/2026\/09\/swap-415557-19-48814361-768x576.jpg 768w, https:\/\/loudavymkrokem.cz\/wp-content\/uploads\/2026\/09\/swap-415557-19-48814361-1536x1152.jpg 1536w, https:\/\/loudavymkrokem.cz\/wp-content\/uploads\/2026\/09\/swap-415557-19-48814361-80x60.jpg 80w, https:\/\/loudavymkrokem.cz\/wp-content\/uploads\/2026\/09\/swap-415557-19-48814361-160x120.jpg 160w, https:\/\/loudavymkrokem.cz\/wp-content\/uploads\/2026\/09\/swap-415557-19-48814361-696x522.jpg 696w, https:\/\/loudavymkrokem.cz\/wp-content\/uploads\/2026\/09\/swap-415557-19-48814361-1392x1044.jpg 1392w\" sizes=\"(max-width: 1600px) 100vw, 1600px\" \/><button\n\t\t\tclass=\"lightbox-trigger\"\n\t\t\ttype=\"button\"\n\t\t\taria-haspopup=\"dialog\"\n\t\t\tdata-wp-bind--aria-label=\"state.thisImage.triggerButtonAriaLabel\"\n\t\t\tdata-wp-init=\"callbacks.initTriggerButton\"\n\t\t\tdata-wp-on--click=\"actions.showLightbox\"\n\t\t\tdata-wp-style--right=\"state.thisImage.buttonRight\"\n\t\t\tdata-wp-style--top=\"state.thisImage.buttonTop\"\n\t\t>\n\t\t\t<svg xmlns=\"http:\/\/www.w3.org\/2000\/svg\" width=\"12\" height=\"12\" fill=\"none\" viewBox=\"0 0 12 12\">\n\t\t\t\t<path fill=\"#fff\" d=\"M2 0a2 2 0 0 0-2 2v2h1.5V2a.5.5 0 0 1 .5-.5h2V0H2Zm2 10.5H2a.5.5 0 0 1-.5-.5V8H0v2a2 2 0 0 0 2 2h2v-1.5ZM8 12v-1.5h2a.5.5 0 0 0 .5-.5V8H12v2a2 2 0 0 1-2 2H8Zm2-12a2 2 0 0 1 2 2v2h-1.5V2a.5.5 0 0 0-.5-.5H8V0h2Z\" \/>\n\t\t\t<\/svg>\n\t\t<\/button><figcaption class=\"wp-element-caption\">Foto: Juan David \/ Google Maps<\/figcaption><\/figure>\n\n\n\n<h3 class=\"wp-block-heading\"><span class=\"ez-toc-section\" id=\"19_Bazurto_Market_csak_eros_idegzetueknek\"><\/span>19. Bazurto Market (csak er\u0151s idegzet\u0171eknek)<span class=\"ez-toc-section-end\"><\/span><\/h3>\n\n\n\n<p class=\"wp-block-paragraph\">A <strong>Bazurto piac<\/strong> hatalmas, zajos, kaotikus \u00e9s helyenk\u00e9nt \u0151szint\u00e9n sz\u00f3lva el\u00e9g koszos, \u00e9s a 3,7-es \u00e1tlagos \u00e9rt\u00e9kel\u00e9s t\u00f6bb mint 12 000 v\u00e9lem\u00e9ny alapj\u00e1n mindent elmond. Ez nem turistal\u00e1tv\u00e1nyoss\u00e1g, ez a <strong>kolumbiai \u00e9let mindennapi val\u00f3s\u00e1ga<\/strong>. Itt sz\u00f3 szerint mindent \u00e1rulnak, amit el tudsz k\u00e9pzelni: a hatalmas h\u0151s\u00e9gben kamp\u00f3kon l\u00f3g\u00f3 nyers h\u00fast\u00f3l kezdve az egzotikus gy\u00fcm\u00f6lcs\u00f6k \u00f3ri\u00e1si halmain \u00e1t eg\u00e9szen a hamis\u00edtott m\u00e1rk\u00e1s ruh\u00e1kig \u00e9s elektronik\u00e1ig.<\/p>\n\n\n\n<p class=\"wp-block-paragraph\"><strong>Ide saj\u00e1t szak\u00e1llra elindulni a k\u00fclf\u00f6ldieknek biztons\u00e1gi okokb\u00f3l egy\u00e1ltal\u00e1n nem aj\u00e1nlott<\/strong>, a b\u00f3d\u00e9k labirintusa rendk\u00edv\u00fcl \u00e1tl\u00e1thatatlan, \u00e9s gyakran \u00e9szrev\u00e9tlen\u00fcl m\u0171k\u00f6dnek itt a t\u00f6megben a szervezett zsebtolvajok. Ha l\u00e1tni akarod ezt az autentikus piacot, <strong>csak nagyon kora d\u00e9lel\u0151tt menj oda, \u00e9s kiz\u00e1r\u00f3lag enged\u00e9llyel rendelkez\u0151 helyi idegenvezet\u0151vel<\/strong>, aki pontosan tudja, merre lehet biztons\u00e1gosan \u00e1tjutni.<\/p>\n\n\n\n<p class=\"wp-block-paragraph\"><strong>Egy j\u00f3 idegenvezet\u0151vel<\/strong> viszont ez abszol\u00fat leny\u0171g\u00f6z\u0151 \u00e9lm\u00e9ny lehet, amely sor\u00e1n megk\u00f3stolsz furcsa egzotikus gy\u00fcm\u00f6lcs\u00f6ket, amelyeket \u00e9letedben nem l\u00e1tt\u00e1l, \u00e9s l\u00e1tod a v\u00e1ros igazi, nem turist\u00e1knak sz\u00e1nt arc\u00e1t csillog\u00e1s n\u00e9lk\u00fcl. Szok\u00e1sos szuven\u00edrv\u00e1s\u00e1rl\u00e1shoz viszont hat\u00e1rozottan ne gyere ide, arra <strong>jobbak a belv\u00e1rosi piacok<\/strong>.<\/p>\n\n\n\n<figure data-wp-context=\"{&quot;imageId&quot;:&quot;6a9c18e279765&quot;}\" data-wp-interactive=\"core\/image\" data-wp-key=\"6a9c18e279765\" class=\"wp-block-image size-full wp-lightbox-container\"><img decoding=\"async\" width=\"1600\" height=\"1200\" data-wp-class--hide=\"state.isContentHidden\" data-wp-class--show=\"state.isContentVisible\" data-wp-init=\"callbacks.setButtonStyles\" data-wp-on--click=\"actions.showLightbox\" data-wp-on--load=\"callbacks.setButtonStyles\" data-wp-on--pointerdown=\"actions.preloadImage\" data-wp-on--pointerenter=\"actions.preloadImageWithDelay\" data-wp-on--pointerleave=\"actions.cancelPreload\" data-wp-on-window--resize=\"callbacks.setButtonStyles\" src=\"https:\/\/loudavymkrokem.cz\/wp-content\/uploads\/2026\/09\/museo-del-chocolate.png\" alt=\"Museo del Chocolate \u00e9s a kolumbiai kaka\u00f3\" class=\"wp-image-415742\" title=\"\" srcset=\"https:\/\/loudavymkrokem.cz\/wp-content\/uploads\/2026\/09\/museo-del-chocolate.png 1600w, https:\/\/loudavymkrokem.cz\/wp-content\/uploads\/2026\/09\/museo-del-chocolate-300x225.png 300w, https:\/\/loudavymkrokem.cz\/wp-content\/uploads\/2026\/09\/museo-del-chocolate-700x525.png 700w, https:\/\/loudavymkrokem.cz\/wp-content\/uploads\/2026\/09\/museo-del-chocolate-768x576.png 768w, https:\/\/loudavymkrokem.cz\/wp-content\/uploads\/2026\/09\/museo-del-chocolate-1536x1152.png 1536w, https:\/\/loudavymkrokem.cz\/wp-content\/uploads\/2026\/09\/museo-del-chocolate-80x60.png 80w, https:\/\/loudavymkrokem.cz\/wp-content\/uploads\/2026\/09\/museo-del-chocolate-160x120.png 160w, https:\/\/loudavymkrokem.cz\/wp-content\/uploads\/2026\/09\/museo-del-chocolate-696x522.png 696w, https:\/\/loudavymkrokem.cz\/wp-content\/uploads\/2026\/09\/museo-del-chocolate-1392x1044.png 1392w\" sizes=\"(max-width: 1600px) 100vw, 1600px\" \/><button\n\t\t\tclass=\"lightbox-trigger\"\n\t\t\ttype=\"button\"\n\t\t\taria-haspopup=\"dialog\"\n\t\t\tdata-wp-bind--aria-label=\"state.thisImage.triggerButtonAriaLabel\"\n\t\t\tdata-wp-init=\"callbacks.initTriggerButton\"\n\t\t\tdata-wp-on--click=\"actions.showLightbox\"\n\t\t\tdata-wp-style--right=\"state.thisImage.buttonRight\"\n\t\t\tdata-wp-style--top=\"state.thisImage.buttonTop\"\n\t\t>\n\t\t\t<svg xmlns=\"http:\/\/www.w3.org\/2000\/svg\" width=\"12\" height=\"12\" fill=\"none\" viewBox=\"0 0 12 12\">\n\t\t\t\t<path fill=\"#fff\" d=\"M2 0a2 2 0 0 0-2 2v2h1.5V2a.5.5 0 0 1 .5-.5h2V0H2Zm2 10.5H2a.5.5 0 0 1-.5-.5V8H0v2a2 2 0 0 0 2 2h2v-1.5ZM8 12v-1.5h2a.5.5 0 0 0 .5-.5V8H12v2a2 2 0 0 1-2 2H8Zm2-12a2 2 0 0 1 2 2v2h-1.5V2a.5.5 0 0 0-.5-.5H8V0h2Z\" \/>\n\t\t\t<\/svg>\n\t\t<\/button><figcaption class=\"wp-element-caption\">Foto: Museo Del Chocolate Colombia &#8211; Cartagena \/ Google Maps<\/figcaption><\/figure>\n\n\n\n<h3 class=\"wp-block-heading\"><span class=\"ez-toc-section\" id=\"20_Museo_del_Chocolate_es_a_kolumbiai_kakao\"><\/span>20. Museo del Chocolate \u00e9s a kolumbiai kaka\u00f3<span class=\"ez-toc-section-end\"><\/span><\/h3>\n\n\n\n<p class=\"wp-block-paragraph\">Kolumbia vil\u00e1gszerte nem csak a h\u00edres, kiv\u00e1l\u00f3 k\u00e1v\u00e9j\u00e1t termeli, hanem abszol\u00fat els\u0151 oszt\u00e1ly\u00fa \u00e9s min\u0151s\u00e9gi kaka\u00f3t is. <strong>Ha remek \u00e9lm\u00e9nyt keresel (nemcsak) gyerekes csal\u00e1doknak, mindenk\u00e9pp l\u00e1togasd meg a Museo del Chocolat\u00e9t (kiv\u00e1l\u00f3, 4,8-as \u00e9rt\u00e9kel\u00e9s)<\/strong> k\u00f6zvetlen\u00fcl a v\u00e1ros t\u00f6rt\u00e9nelmi k\u00f6zpontj\u00e1ban. Ez egy kisebb, de gy\u00f6ny\u00f6r\u0171en interakt\u00edv m\u00fazeum, amely mag\u00e1val ragad\u00f3an v\u00e9gigvezet a teljes \u00f6sszetett folyamaton a kaka\u00f3babok termeszt\u00e9s\u00e9t\u0151l eg\u00e9szen egy t\u00e1bla finom csoki elk\u00e9sz\u00edt\u00e9s\u00e9ig.<\/p>\n\n\n\n<p class=\"wp-block-paragraph\">Az illatos t\u00fara sor\u00e1n <strong>egy csom\u00f3 meglep\u0151 \u00e9rdekess\u00e9get tudsz meg a csokol\u00e1d\u00e9 t\u00f6rt\u00e9net\u00e9r\u0151l a Kolumbusz el\u0151tti kult\u00far\u00e1kban<\/strong>, a v\u00e9g\u00e9n pedig persze b\u0151s\u00e9ges \u00e9s nagyon nagylelk\u0171 k\u00f3stol\u00f3 v\u00e1r k\u00fcl\u00f6nf\u00e9le fajt\u00e1kb\u00f3l. Ide\u00e1lis egy forr\u00f3 d\u00e9lut\u00e1nra, \u00e9s sem a veget\u00e1ri\u00e1nusok, sem a csokirajong\u00f3k nem fogj\u00e1k megb\u00e1nni.<\/p>\n\n\n\n<p class=\"wp-block-paragraph\">A kij\u00e1ratn\u00e1l l\u00e9v\u0151 kis boltban r\u00e1ad\u00e1sul <strong>megv\u00e1s\u00e1rolhatod a legjobb ehet\u0151 szuven\u00edreket haza a csal\u00e1dnak<\/strong>, a magas kaka\u00f3tartalm\u00fa klasszikus keser\u0171 csokol\u00e1d\u00e9kt\u00f3l kezdve az egzotikus karibi gy\u00fcm\u00f6lccsel t\u00f6lt\u00f6tt \u00ednyenc pralin\u00e9kig.<\/p>\n\n\n\n<figure data-wp-context=\"{&quot;imageId&quot;:&quot;6a9c18e27a1a0&quot;}\" data-wp-interactive=\"core\/image\" data-wp-key=\"6a9c18e27a1a0\" class=\"wp-block-image size-full wp-lightbox-container\"><img decoding=\"async\" width=\"1600\" height=\"1200\" data-wp-class--hide=\"state.isContentHidden\" data-wp-class--show=\"state.isContentVisible\" data-wp-init=\"callbacks.setButtonStyles\" data-wp-on--click=\"actions.showLightbox\" data-wp-on--load=\"callbacks.setButtonStyles\" data-wp-on--pointerdown=\"actions.preloadImage\" data-wp-on--pointerenter=\"actions.preloadImageWithDelay\" data-wp-on--pointerleave=\"actions.cancelPreload\" data-wp-on-window--resize=\"callbacks.setButtonStyles\" src=\"https:\/\/loudavymkrokem.cz\/wp-content\/uploads\/2026\/09\/swap-415557-21-ea1b5cd5.jpg\" alt=\"Utcai \u00e9tel Cartagen\u00e1ban\" class=\"wp-image-415922\" title=\"\" srcset=\"https:\/\/loudavymkrokem.cz\/wp-content\/uploads\/2026\/09\/swap-415557-21-ea1b5cd5.jpg 1600w, https:\/\/loudavymkrokem.cz\/wp-content\/uploads\/2026\/09\/swap-415557-21-ea1b5cd5-300x225.jpg 300w, https:\/\/loudavymkrokem.cz\/wp-content\/uploads\/2026\/09\/swap-415557-21-ea1b5cd5-700x525.jpg 700w, https:\/\/loudavymkrokem.cz\/wp-content\/uploads\/2026\/09\/swap-415557-21-ea1b5cd5-768x576.jpg 768w, https:\/\/loudavymkrokem.cz\/wp-content\/uploads\/2026\/09\/swap-415557-21-ea1b5cd5-1536x1152.jpg 1536w, https:\/\/loudavymkrokem.cz\/wp-content\/uploads\/2026\/09\/swap-415557-21-ea1b5cd5-80x60.jpg 80w, https:\/\/loudavymkrokem.cz\/wp-content\/uploads\/2026\/09\/swap-415557-21-ea1b5cd5-160x120.jpg 160w, https:\/\/loudavymkrokem.cz\/wp-content\/uploads\/2026\/09\/swap-415557-21-ea1b5cd5-696x522.jpg 696w, https:\/\/loudavymkrokem.cz\/wp-content\/uploads\/2026\/09\/swap-415557-21-ea1b5cd5-1392x1044.jpg 1392w\" sizes=\"(max-width: 1600px) 100vw, 1600px\" \/><button\n\t\t\tclass=\"lightbox-trigger\"\n\t\t\ttype=\"button\"\n\t\t\taria-haspopup=\"dialog\"\n\t\t\tdata-wp-bind--aria-label=\"state.thisImage.triggerButtonAriaLabel\"\n\t\t\tdata-wp-init=\"callbacks.initTriggerButton\"\n\t\t\tdata-wp-on--click=\"actions.showLightbox\"\n\t\t\tdata-wp-style--right=\"state.thisImage.buttonRight\"\n\t\t\tdata-wp-style--top=\"state.thisImage.buttonTop\"\n\t\t>\n\t\t\t<svg xmlns=\"http:\/\/www.w3.org\/2000\/svg\" width=\"12\" height=\"12\" fill=\"none\" viewBox=\"0 0 12 12\">\n\t\t\t\t<path fill=\"#fff\" d=\"M2 0a2 2 0 0 0-2 2v2h1.5V2a.5.5 0 0 1 .5-.5h2V0H2Zm2 10.5H2a.5.5 0 0 1-.5-.5V8H0v2a2 2 0 0 0 2 2h2v-1.5ZM8 12v-1.5h2a.5.5 0 0 0 .5-.5V8H12v2a2 2 0 0 1-2 2H8Zm2-12a2 2 0 0 1 2 2v2h-1.5V2a.5.5 0 0 0-.5-.5H8V0h2Z\" \/>\n\t\t\t<\/svg>\n\t\t<\/button><figcaption class=\"wp-element-caption\">Foto: Bruno Ara\u00fajo Faria \/ Google Maps<\/figcaption><\/figure>\n\n\n\n<h3 class=\"wp-block-heading\"><span class=\"ez-toc-section\" id=\"21_Utcai_etelek_es_karibi_izek\"><\/span>21. Utcai \u00e9telek \u00e9s karibi \u00edzek<span class=\"ez-toc-section-end\"><\/span><\/h3>\n\n\n\n<p class=\"wp-block-paragraph\">A karibi konyha a partvid\u00e9ken ugyan er\u0151sen halra (tengeri s\u00fcg\u00e9r, ceviche) \u00e9s tenger gy\u00fcm\u00f6lcseire \u00e9p\u00fcl, de <strong>m\u00e9g a megr\u00f6gz\u00f6tt n\u00f6v\u00e9nyi \u00e9trend szerelmesei is gond n\u00e9lk\u00fcl megtal\u00e1lj\u00e1k a sz\u00e1m\u00edt\u00e1sukat az utc\u00e1n<\/strong>. Abszol\u00fat olcs\u00f3 biztos pont, amit minden sarkon megtal\u00e1lsz \u00e9s megment az \u00e9hs\u00e9gt\u0151l, az <strong>arepa de queso (vastag kukoricalep\u00e9ny, t\u0171z felett ropog\u00f3sra grillezve \u00e9s rengeteg olvadt sajttal t\u00f6ltve)<\/strong>.<\/p>\n\n\n\n<p class=\"wp-block-paragraph\">Egy m\u00e1sik teljesen t\u00f6k\u00e9letes k\u00f6ret vagy gyors s\u00f3s snack a <strong>patacones, ami k\u00e9tszer s\u00fclt z\u00f6ld f\u0151z\u0151ban\u00e1n-darabk\u00e1k<\/strong>, amelyeket gyakran fokhagym\u00e1s m\u00e1rt\u00e1ssal vagy kiv\u00e1l\u00f3 paradicsomos hoga\u00f3val t\u00e1lalnak. Hihetetlen\u00fcl laktat\u00f3k, zs\u00edrosak \u00e9s nagyon olcs\u00f3k.<\/p>\n\n\n\n<p class=\"wp-block-paragraph\">A n\u00e9lk\u00fcl\u00f6zhetetlen folyad\u00e9kp\u00f3tl\u00e1st ebben a puszt\u00edt\u00f3 h\u0151s\u00e9gben a legjobban a <strong>jugos naturales (friss gy\u00fcm\u00f6lcslevek)<\/strong> seg\u00edts\u00e9g\u00e9vel oldod meg. Melegen aj\u00e1nlom, hogy pr\u00f3b\u00e1ld ki a lul\u00f3t (k\u00fcl\u00f6n\u00f6s savanyk\u00e1s \u00edz, a kiwire \u00e9s a citrusf\u00e9l\u00e9kre eml\u00e9keztet), a friss maracuj\u00e1t vagy a nagyon \u00e9des guan\u00e1ban\u00e1t. Ha valami t\u00f6m\u00e9nyebbet \u00e9s kr\u00e9mesebbet keresel, a <strong>limonada de coco (k\u00f3kuszos limon\u00e1d\u00e9 friss lime-mal)<\/strong> a legjobb \u00e9s legfel\u00fcd\u00edt\u0151bb karibi tal\u00e1lm\u00e1ny a vil\u00e1gon. \u00c9s persze ne feledkezz meg a minden\u00fctt jelenl\u00e9v\u0151 agua de panelar\u00f3l (n\u00e1dcukros, citromos v\u00edz) sem.<\/p>\n\n\n\n<figure data-wp-context=\"{&quot;imageId&quot;:&quot;6a9c18e27a6f5&quot;}\" data-wp-interactive=\"core\/image\" data-wp-key=\"6a9c18e27a6f5\" class=\"wp-block-image size-full wp-lightbox-container\"><img decoding=\"async\" width=\"1600\" height=\"2133\" data-wp-class--hide=\"state.isContentHidden\" data-wp-class--show=\"state.isContentVisible\" data-wp-init=\"callbacks.setButtonStyles\" data-wp-on--click=\"actions.showLightbox\" data-wp-on--load=\"callbacks.setButtonStyles\" data-wp-on--pointerdown=\"actions.preloadImage\" data-wp-on--pointerenter=\"actions.preloadImageWithDelay\" data-wp-on--pointerleave=\"actions.cancelPreload\" data-wp-on-window--resize=\"callbacks.setButtonStyles\" src=\"https:\/\/loudavymkrokem.cz\/wp-content\/uploads\/2026\/09\/ctg22.jpg\" alt=\"Veget\u00e1ri\u00e1nus bisztr\u00f3 a cartagenai Getseman\u00edban\" class=\"wp-image-415768\" title=\"\" srcset=\"https:\/\/loudavymkrokem.cz\/wp-content\/uploads\/2026\/09\/ctg22.jpg 1600w, https:\/\/loudavymkrokem.cz\/wp-content\/uploads\/2026\/09\/ctg22-225x300.jpg 225w, https:\/\/loudavymkrokem.cz\/wp-content\/uploads\/2026\/09\/ctg22-700x933.jpg 700w, https:\/\/loudavymkrokem.cz\/wp-content\/uploads\/2026\/09\/ctg22-768x1024.jpg 768w, https:\/\/loudavymkrokem.cz\/wp-content\/uploads\/2026\/09\/ctg22-1152x1536.jpg 1152w, https:\/\/loudavymkrokem.cz\/wp-content\/uploads\/2026\/09\/ctg22-1536x2048.jpg 1536w, https:\/\/loudavymkrokem.cz\/wp-content\/uploads\/2026\/09\/ctg22-696x928.jpg 696w, https:\/\/loudavymkrokem.cz\/wp-content\/uploads\/2026\/09\/ctg22-1392x1856.jpg 1392w\" sizes=\"(max-width: 1600px) 100vw, 1600px\" \/><button\n\t\t\tclass=\"lightbox-trigger\"\n\t\t\ttype=\"button\"\n\t\t\taria-haspopup=\"dialog\"\n\t\t\tdata-wp-bind--aria-label=\"state.thisImage.triggerButtonAriaLabel\"\n\t\t\tdata-wp-init=\"callbacks.initTriggerButton\"\n\t\t\tdata-wp-on--click=\"actions.showLightbox\"\n\t\t\tdata-wp-style--right=\"state.thisImage.buttonRight\"\n\t\t\tdata-wp-style--top=\"state.thisImage.buttonTop\"\n\t\t>\n\t\t\t<svg xmlns=\"http:\/\/www.w3.org\/2000\/svg\" width=\"12\" height=\"12\" fill=\"none\" viewBox=\"0 0 12 12\">\n\t\t\t\t<path fill=\"#fff\" d=\"M2 0a2 2 0 0 0-2 2v2h1.5V2a.5.5 0 0 1 .5-.5h2V0H2Zm2 10.5H2a.5.5 0 0 1-.5-.5V8H0v2a2 2 0 0 0 2 2h2v-1.5ZM8 12v-1.5h2a.5.5 0 0 0 .5-.5V8H12v2a2 2 0 0 1-2 2H8Zm2-12a2 2 0 0 1 2 2v2h-1.5V2a.5.5 0 0 0-.5-.5H8V0h2Z\" \/>\n\t\t\t<\/svg>\n\t\t<\/button><figcaption class=\"wp-element-caption\">Foto: laura nebreda \/ Google Maps<\/figcaption><\/figure>\n\n\n\n<h3 class=\"wp-block-heading\"><span class=\"ez-toc-section\" id=\"22_Hol_egyel_hus_nelkul_vegetarianus_tippek\"><\/span>22. Hol egy\u00e9l h\u00fas n\u00e9lk\u00fcl (veget\u00e1ri\u00e1nus tippek)<span class=\"ez-toc-section-end\"><\/span><\/h3>\n\n\n\n<p class=\"wp-block-paragraph\">M\u00edg a belv\u00e1rosi szok\u00e1sos turista\u00e9ttermek t\u00f6bbs\u00e9ge f\u0151leg dr\u00e1ga langusztt\u00e1t \u00e9s s\u00fclt sert\u00e9sh\u00fast szerv\u00edroz, <strong>a v\u00e1rosban mindj\u00e1rt t\u00f6bb fantasztikus \u00e9s modern, tiszt\u00e1n n\u00f6v\u00e9nyi orient\u00e1ci\u00f3j\u00fa hely is m\u0171k\u00f6dik<\/strong>. Melegen aj\u00e1nlom, hogy pr\u00f3b\u00e1ld ki a <strong>Restaurante Sambalt (elk\u00e9peszt\u0151, 4,9-es \u00e9rt\u00e9kel\u00e9s)<\/strong> Getseman\u00edban, ami egy innovat\u00edv karibi bisztr\u00f3, amely a hagyom\u00e1nyos helyi \u00edzeket remek\u00fcl \u00e9s kreat\u00edvan alak\u00edtja \u00e1t tiszt\u00e1n n\u00f6v\u00e9nyi fog\u00e1sokk\u00e1.<\/p>\n\n\n\n<p class=\"wp-block-paragraph\">Egy gyors, sz\u00ednes \u00e9s nagyon eg\u00e9szs\u00e9ges eb\u00e9dhez t\u00f6k\u00e9letes az <strong>El Bolol\u00f3 | Bowls del Caribe (4,8-as \u00e9rt\u00e9kel\u00e9s)<\/strong>, ahol \u00f3ri\u00e1si \u00e9s laktat\u00f3 t\u00e1lakat k\u00e9sz\u00edtenek, tele rizzsel, babbal, f\u0151z\u0151ban\u00e1nnal \u00e9s friss z\u00f6lds\u00e9gekkel. Egy m\u00e1sik abszol\u00fat gy\u00f6ngyszem a veget\u00e1ri\u00e1nusoknak, akik szeretn\u00e9nek kipihenni a s\u00fclt utcai \u00e9telt, a <strong>SANATOco bisztr\u00f3 (4,9-es \u00e9rt\u00e9kel\u00e9s)<\/strong> a nyugodtabb Manga negyedben.<\/p>\n\n\n\n<p class=\"wp-block-paragraph\">Ha este valami sokkal modernebbre v\u00e1gysz, <strong>remek v\u00e1laszt\u00e1s a h\u00edres Pezetarian (4,8-as \u00e9rt\u00e9kel\u00e9s)<\/strong>, amely ugyan halas \u00e1zsiai-karibi konyh\u00e1t k\u00edn\u00e1l, de van egy hatalmas v\u00e1laszt\u00e9ka fantasztikus \u00e9s j\u00f3l f\u0171szerezett n\u00f6v\u00e9nyi bowlokb\u00f3l is. Egy sz\u00e9p romantikus hangulat\u00e9rt k\u00f6zvetlen\u00fcl a belv\u00e1rosban l\u00e1togass el a <strong>Casa Boh\u00eamebe (4,7-es \u00e9rt\u00e9kel\u00e9s)<\/strong> vagy a nagyon st\u00edlusos <strong>Restaurante Namiba (4,9-es \u00e9rt\u00e9kel\u00e9s)<\/strong>.<\/p>\n\n\n\n<h2 class=\"wp-block-heading\"><span class=\"ez-toc-section\" id=\"Hova_tovabb_Cartagenabol_kirandulasok_a_kornyekre\"><\/span>Hov\u00e1 tov\u00e1bb Cartagen\u00e1b\u00f3l (kir\u00e1ndul\u00e1sok a k\u00f6rny\u00e9kre)<span class=\"ez-toc-section-end\"><\/span><\/h2>\n\n\n\n<p class=\"wp-block-paragraph\">Amikor eleged lesz a taxik \u00e1lland\u00f3 dud\u00e1l\u00e1s\u00e1b\u00f3l \u00e9s a szuven\u00edr\u00e1rusokb\u00f3l, <strong>Cartagena k\u00f6rny\u00e9ke<\/strong> nyugodtan k\u00edn\u00e1l egy vagy k\u00e9t teljesen m\u00e1s vil\u00e1got.<\/p>\n\n\n\n<ul class=\"wp-block-list\">\n\n<li><strong>San Basilio de Palenque:<\/strong> Ez egy abszol\u00fat t\u00f6rt\u00e9nelmi gy\u00f6ngyszem, amelyet <a href=\"https:\/\/ich.unesco.org\/en\/RL\/cultural-space-of-palenque-de-san-basilio-00102\" rel=\"nofollow noopener\" target=\"_blank\">az UNESCO v\u00e9d<\/a>. Ez volt eg\u00e9sz Amerika <strong>legels\u0151 szabad telep\u00fcl\u00e9se, amelyet elsz\u00f6k\u00f6tt afrikai rabszolg\u00e1k hoztak l\u00e9tre<\/strong>, b\u00fcszk\u00e9n m\u00e1r 1691-ben. A helyi lakosok a mai napig meg\u0151rizt\u00e9k saj\u00e1t egyedi nyelv\u00fcket (palenquero) \u00e9s \u00e9vsz\u00e1zados afrikai hagyom\u00e1nyaikat. Nagyj\u00e1b\u00f3l m\u00e1sf\u00e9l \u00f3r\u00e1nyi aut\u00f3\u00fat a v\u00e1rost\u00f3l, \u00e9s felt\u00e9tlen\u00fcl tisztelettel \u00e9s ide\u00e1lis esetben egy \u00e9ppen ebb\u0151l a helyi k\u00f6z\u00f6ss\u00e9gb\u0151l sz\u00e1rmaz\u00f3 idegenvezet\u0151vel \u00e9rdemes ide elutazni.<\/li>\n\n\n\n<li><strong>Volc\u00e1n del Totumo:<\/strong> Nagyj\u00e1b\u00f3l egy\u00f3r\u00e1nyi busz\u00fatra \u00e9szakra tal\u00e1lod ezt az abszol\u00fat bizarr s\u00e1ros \u201evulk\u00e1nt&#8221;. Felm\u00e1szol egy kis dombra a rozoga fa l\u00e9pcs\u0151k\u00f6n, \u00e9s <strong>belemer\u00fclsz egy s\u0171r\u0171, meleg iszappal teli kr\u00e1terbe<\/strong>, amelyben a s\u0171r\u0171s\u00e9g miatt nem tudsz al\u00e1mer\u00fclni. El\u00e9g t\u00f6megturisztikai dolog, de az onnan k\u00e9sz\u00fclt fot\u00f3k hihetetlen\u00fcl sz\u00f3rakoztat\u00f3k.<\/li>\n\n\n\n<li><strong>Bar\u00fa-f\u00e9lsziget \u00e9s Playa Blanca:<\/strong> Az igazi finom feh\u00e9r homok\u00e9rt \u00e9s a t\u00fcrkiz v\u00edz\u00e9rt nagyj\u00e1b\u00f3l egy \u00f3r\u00e1t kell menned a v\u00e1roson k\u00edv\u00fclre. <strong>A Playa Blanca val\u00f3ban gy\u00f6ny\u00f6r\u0171, de d\u00e9lben \u00f3ri\u00e1si embert\u00f6meg szenvedi meg<\/strong> a buszokb\u00f3l \u00e9s haj\u00f3kb\u00f3l, \u00fagyhogy itt nem pihensz meg. A legjobb \u00e9lm\u00e9nyed akkor lesz, ha itt fizetsz egy egyszer\u0171 sz\u00e1ll\u00e1s\u00e9rt, \u00e9s nyugodtan kora reggel vagy naplementekor \u00e9lvezed a strandot, amikor az \u00f6sszes t\u00f6meg visszautazik a v\u00e1rosba.<\/li>\n\n\n\n<li><strong>Santa Marta \u00e9s a Tayrona nemzeti park:<\/strong> Ha t\u00f6bb id\u0151d van Kolumbi\u00e1ban, \u00e9s nem csak gyors meg\u00e1ll\u00f3t tervezel, indulj nagyj\u00e1b\u00f3l 4 \u00f3r\u00e1t k\u00e9nyelmes busszal kelet fel\u00e9. <strong>Ez nem egynapos kir\u00e1ndul\u00e1s c\u00e9lpontja Cartagen\u00e1b\u00f3l<\/strong>, hanem az utad csod\u00e1latos \u00e9s n\u00e9lk\u00fcl\u00f6zhetetlen k\u00f6vetkez\u0151 meg\u00e1ll\u00f3ja. Hozz\u00e1f\u00e9r\u00e9st kapsz ott a Sierra Nevada hegys\u00e9g vad, f\u00e9ktelen term\u00e9szet\u00e9hez \u00e9s a Tayrona nemzeti park abszol\u00fat legszebb strandjaihoz.<\/li>\n\n\n<\/ul>\n\n\n\n<p class=\"wp-block-paragraph\">A <strong>tart\u00f3zkod\u00e1sod tervez\u00e9s\u00e9n\u00e9l<\/strong> mindenk\u00e9pp n\u00e9zd meg a r\u00e9szletes cikk\u00fcnket is, a <a href=\"https:\/\/loudavymkrokem.cz\/hu\/cartagena-kolumbia-szallas\/\">Hol lakj Cartagen\u00e1ban<\/a> c\u00edm\u0171t, ahol az egyes negyedeket az utols\u00f3 r\u00e9szletig kielemezz\u00fck, \u00e9s tan\u00e1csot adunk a <strong>legjobb sz\u00e1llod\u00e1kr\u00f3l<\/strong>. Vess egy pillant\u00e1st a <a href=\"https:\/\/loudavymkrokem.cz\/co-videt-v-kolumbii\/\">Mit n\u00e9zz meg Kolumbi\u00e1ban<\/a> \u00fatmutat\u00f3nkra is, hogy az eg\u00e9sz utad sz\u00e9pen meg legyen tervezve, vagy olvasd el a tippjeinket, <a href=\"https:\/\/loudavymkrokem.cz\/bezpecnost-v-jizni-americe\/\">hogyan \u00fcgyelj a biztons\u00e1gra D\u00e9l-Amerik\u00e1ban<\/a>.<\/p>\n\n\n\n<h2 class=\"wp-block-heading\"><span class=\"ez-toc-section\" id=\"Gyakran_ismetelt_kerdesek\"><\/span>Gyakran ism\u00e9telt k\u00e9rd\u00e9sek<span class=\"ez-toc-section-end\"><\/span><\/h2>\n\n\n\n<p class=\"wp-block-paragraph\">A <strong>kolumbiai utaz\u00e1s tervez\u00e9se<\/strong> mindig egy csom\u00f3 k\u00e9rd\u0151jelet hoz mag\u00e1val. Itt vannak a v\u00e1laszok azokra a <strong>leggyakoribb k\u00e9rd\u00e9sekre<\/strong>, amelyek indul\u00e1s el\u0151tt biztosan megfordulnak a fejedben.<\/p>\n\n\n<div id=\"rank-math-faq\" class=\"rank-math-block\">\n<div class=\"rank-math-list \">\n<div id=\"faq-question-1788422655000\" class=\"rank-math-list-item\">\n<h3 class=\"rank-math-question \"><span class=\"ez-toc-section\" id=\"Biztonsagos_Cartagena\"><\/span>Biztons\u00e1gos Cartagena?<span class=\"ez-toc-section-end\"><\/span><\/h3>\n<div class=\"rank-math-answer \">\n\n<p>A t\u00f6rt\u00e9nelmi k\u00f6zpontban \u00e9s a ny\u00fczsg\u0151 Getseman\u00edban (ahol er\u0151s \u00e9s j\u00f3l l\u00e1that\u00f3 turista rend\u0151rs\u00e9g m\u0171k\u00f6dik) nappal biztosan nem kell f\u00e9lni, <strong>itt legfeljebb az \u00e1raz\u00e1ssal kapcsolatos szok\u00e1sos \u00e1tver\u00e9sek \u00e9s az \u00fcgyes zsebtolvajok jelentenek kock\u00e1zatot<\/strong>. A f\u0151 probl\u00e9ma azonban a vad \u00e9jszakai \u00e9let. <strong>A turist\u00e1k szkopolaminnal (\u201eaz \u00f6rd\u00f6g lehelete&#8221;) t\u00f6rt\u00e9n\u0151 elk\u00e1b\u00edt\u00e1sa lop\u00e1s c\u00e9lj\u00e1b\u00f3l teljesen val\u00f3s fenyeget\u00e9s<\/strong>. Ahogy p\u00e9ld\u00e1ul a kanadai korm\u00e1ny is felh\u00edvta r\u00e1 a figyelmet a 2026. j\u00falius 9-i biztons\u00e1gi figyelmeztet\u00e9s\u00e9ben, hatalmas kock\u00e1zatot jelentenek az ismerked\u00e9si applik\u00e1ci\u00f3k (Tinder, Bumble), amelyeken kereszt\u00fcl szervezett csoportok cs\u00e1b\u00edtj\u00e1k el a k\u00fclf\u00f6ldiek. Soha ne hagyj\u00e1tok az italt fel\u00fcgyelet n\u00e9lk\u00fcl, \u00e9s tal\u00e1lkoz\u00f3kra kiz\u00e1r\u00f3lag nyilv\u00e1nos \u00e9s vil\u00e1g\u00edtott helyekre menjetek.<\/p>\n\n<\/div>\n<\/div>\n<div id=\"faq-question-1788422655001\" class=\"rank-math-list-item\">\n<h3 class=\"rank-math-question \"><span class=\"ez-toc-section\" id=\"Hogyan_mukodnek_a_taxik_van_taxameteruk\"><\/span>Hogyan m\u0171k\u00f6dnek a taxik, van taxam\u00e9ter\u00fck?<span class=\"ez-toc-section-end\"><\/span><\/h3>\n<div class=\"rank-math-answer \">\n\n<p>Nem, <strong>a cartagenai taxikban \u00e1ltal\u00e1ban egy\u00e1ltal\u00e1n nincs taxam\u00e9ter<\/strong>, \u00e9s a turist\u00e1k tudatlans\u00e1g\u00e1ra \u00e9p\u00edtenek. Ha a sof\u0151rrel nem \u00e1llapodtok meg vil\u00e1gosan \u00e9s egy\u00e9rtelm\u0171en az \u00e1rban m\u00e9g MIEL\u0150TT besz\u00e1lln\u00e1tok a kocsiba, az \u00fat v\u00e9g\u00e9n biztosan a szok\u00e1sos helyi \u00e1r t\u00f6bbsz\u00f6r\u00f6s\u00e9t fogj\u00e1tok fizetni. Sokkal jobb \u00e9s biztons\u00e1gosabb alternat\u00edva a <strong>modern alkalmaz\u00e1sok \u2013 Uber, InDriver vagy DiDi \u2013 haszn\u00e1lata<\/strong>, ahol el\u0151re l\u00e1tj\u00e1tok a pontos \u00e1rat, \u00e9s ezzel elker\u00fclitek az utcai alkudoz\u00e1s stressz\u00e9t.<\/p>\n\n<\/div>\n<\/div>\n<div id=\"faq-question-1788422655002\" class=\"rank-math-list-item\">\n<h3 class=\"rank-math-question \"><span class=\"ez-toc-section\" id=\"Menjek_a_Rosario-szigetekre_vagy_a_Playa_Blancara\"><\/span>Menjek a Rosario-szigetekre vagy a Playa Blanc\u00e1ra?<span class=\"ez-toc-section-end\"><\/span><\/h3>\n<div class=\"rank-math-answer \">\n\n<p>Tiszt\u00e1n att\u00f3l f\u00fcgg, hogy mit kerestek a kir\u00e1ndul\u00e1son. <strong>A Bar\u00fa-f\u00e9lszigeten tal\u00e1lhat\u00f3 Playa Blanca hosszabb, \u00f6sszess\u00e9g\u00e9ben olcs\u00f3bb, \u00e9s sz\u00e1razf\u00f6ld\u00f6n is el\u00e9rhet\u0151<\/strong>, de d\u00e9lben egyszer\u0171en t\u00f6m\u00f6tt, \u00e9s a strandot elad\u00f3k t\u00f6mege szeg\u00e9lyezi. <strong>Az Islas del Rosario ar\u00e1nytalanul jobb a snorkelez\u00e9shez<\/strong>, \u00e9s sokkal nyugodtabb l\u00e9gk\u00f6rt k\u00edn\u00e1l a priv\u00e1t beach clubokban, de gyorshaj\u00f3val kell odautazni, \u00e9s fizetni kell az eml\u00edtett magas \u00e9s kellemetlen nemzeti park- \u00e9s biztos\u00edt\u00e1si d\u00edjakat.<\/p>\n\n<\/div>\n<\/div>\n<div id=\"faq-question-1788422655003\" class=\"rank-math-list-item\">\n<h3 class=\"rank-math-question \"><span class=\"ez-toc-section\" id=\"Hogyan_szabaduljak_meg_hatekonyan_az_utcai_arusoktol\"><\/span>Hogyan szabaduljak meg hat\u00e9konyan az utcai \u00e1rusokt\u00f3l?<span class=\"ez-toc-section-end\"><\/span><\/h3>\n<div class=\"rank-math-answer \">\n\n<p>Az utcai t\u00fal\u00e9l\u00e9s alapja, hogy ne \u00e1lljatok meg, \u00e9s egy\u00e1ltal\u00e1n ne mutassatok \u00e9rdekl\u0151d\u00e9st. <strong>El\u00e9g egy nagyon r\u00f6vid, de hat\u00e1rozott \u201eno, gracias&#8221;, \u00e9s szemkontaktus n\u00e9lk\u00fcl folytass\u00e1tok a s\u00e9t\u00e1t<\/strong>. Az alapvet\u0151 szab\u00e1ly, amit jegyezzetek meg: soha ne vegyetek semmit a kezetekbe t\u0151l\u00fck, m\u00e9g akkor sem, ha azt \u00e1ll\u00edtj\u00e1k, hogy ez csak egy kis aj\u00e1nd\u00e9k, amit ingyen kipr\u00f3b\u00e1lhattok. Amint az \u00e1ru szil\u00e1rdan a kezetekben van, az elad\u00f3 az \u00fczletet lez\u00e1rtnak tekinti, \u00e9s nagyon agressz\u00edvan fogja k\u00f6vetelni t\u0151letek a p\u00e9nzt.<\/p>\n\n<\/div>\n<\/div>\n<div id=\"faq-question-1788422655004\" class=\"rank-math-list-item\">\n<h3 class=\"rank-math-question \"><span class=\"ez-toc-section\" id=\"Fizethetunk_Cartagenaban_amerikai_dollarral\"><\/span>Fizethet\u00fcnk Cartagen\u00e1ban amerikai doll\u00e1rral?<span class=\"ez-toc-section-end\"><\/span><\/h3>\n<div class=\"rank-math-answer \">\n\n<p>Nem, <strong>a hivatalos p\u00e9nznem a kolumbiai peso (COP)<\/strong>, \u00e9s mindent erre sz\u00e1m\u00edtanak \u00e1t. B\u00e1r n\u00e9h\u00e1ny utcai \u00e1rus vagy taxisof\u0151r tal\u00e1n sz\u00edvesen elfogadja a doll\u00e1rt, az \u00e1ltaluk k\u00edn\u00e1lt \u00e1rfolyam rendk\u00edv\u00fcl kedvez\u0151tlen lesz. Mindig k\u00f6zvetlen\u00fcl bankautomat\u00e1kb\u00f3l vegyetek fel p\u00e9nzt (a nagy m\u00e1rk\u00e1k, mint a Bancolombia vagy a Davivienda megb\u00edzhat\u00f3ak \u00e9s biztons\u00e1gosak), vagy v\u00e1ltsatok hivatalos, tan\u00fas\u00edtott p\u00e9nzv\u00e1lt\u00f3kban. <strong>Soha \u00e9s semmilyen k\u00f6r\u00fclm\u00e9nyek k\u00f6z\u00f6tt ne v\u00e1ltsatok p\u00e9nzt k\u00f6zvetlen\u00fcl az utc\u00e1n emberekkel<\/strong>.<\/p>\n\n<\/div>\n<\/div>\n<div id=\"faq-question-1788422655005\" class=\"rank-math-list-item\">\n<h3 class=\"rank-math-question \"><span class=\"ez-toc-section\" id=\"Ihato_Cartagenaban_a_csapviz\"><\/span>Ihat\u00f3 Cartagen\u00e1ban a csapv\u00edz?<span class=\"ez-toc-section-end\"><\/span><\/h3>\n<div class=\"rank-math-answer \">\n\n<p>Nem, <strong>a csapv\u00edz k\u00fclf\u00f6ldiekkel egy\u00e1ltal\u00e1n nem aj\u00e1nlott iv\u00e1sra<\/strong>, \u00e9s t\u00f6nkretehetn\u00e9 az eg\u00e9sz nyaral\u00e1st. Mindig palackozott vizet v\u00e1s\u00e1roljatok, \u00e9s \u00fcgyeljetek arra, hogy a m\u0171anyag kupak pecs\u00e9tje s\u00e9rtetlen legyen. Ami az italokban l\u00e9v\u0151 jeget illeti, a j\u00f3 \u00e9rt\u00e9kel\u00e9s\u0171 \u00e9ttermekben \u00e9s b\u00e1rokban egy\u00e1ltal\u00e1n nem kell f\u00e9lni t\u0151le, mert a j\u00e9g k\u00e9sz\u00edt\u00e9s\u00e9hez kiz\u00e1r\u00f3lag biztons\u00e1gos, hord\u00f3kb\u00f3l sz\u00e1rmaz\u00f3 tiszt\u00edtott vizet haszn\u00e1lnak.<\/p>\n\n<\/div>\n<\/div>\n<div id=\"faq-question-1788422655006\" class=\"rank-math-list-item\">\n<h3 class=\"rank-math-question \"><span class=\"ez-toc-section\" id=\"Hany_napra_van_szuksegem_Cartagenaban\"><\/span>H\u00e1ny napra van sz\u00fcks\u00e9gem Cartagen\u00e1ban?<span class=\"ez-toc-section-end\"><\/span><\/h3>\n<div class=\"rank-math-answer \">\n\n<p>Mag\u00e1nak a t\u00f6rt\u00e9nelmi k\u00f6zpont megtekint\u00e9s\u00e9re, a v\u00e1rosfalon val\u00f3 v\u00e9gigs\u00e9t\u00e1l\u00e1sra \u00e9s a Getseman\u00ed negyed felfedez\u00e9s\u00e9re <strong>b\u0151ven elegend\u0151 2-3 nap<\/strong>. Ha azonban ehhez hozz\u00e1 szeretn\u00e9tek adni egy eg\u00e9sz napos haj\u00f3kir\u00e1ndul\u00e1st a korallszigetre, egy strandl\u00e1togat\u00e1st Bar\u00faba vagy egy leny\u0171g\u00f6z\u0151 t\u00f6rt\u00e9nelmi kir\u00e1ndul\u00e1st Palenque faluba, <strong>az ide\u00e1lis \u00e9s aj\u00e1nlott tart\u00f3zkod\u00e1si id\u0151 4-5 nap<\/strong>, hogy mindent nyugodt temp\u00f3ban be tudjatok f\u00e9rni.<\/p>\n\n<\/div>\n<\/div>\n<\/div>\n<\/div>","protected":false},"excerpt":{"rendered":"<p>Kolumbia karibi gy\u00f6ngyszem\u00e9be k\u00e9sz\u00fclsz? Fedezd fel a 22 tippet, mit n\u00e9zz meg Cartagen\u00e1ban, \u00e9s tudd meg, hogyan ker\u00fcld el a turistacsapd\u00e1kat \u00e9s a rejtett d\u00edjakat.<\/p>\n","protected":false},"author":3,"featured_media":415750,"comment_status":"open","ping_status":"open","sticky":false,"template":"","format":"standard","meta":{"_acf_changed":false,"footnotes":"","rank_math_title":"Cartagena, Kolumbia: 22 l\u00e1tnival\u00f3 \u00e9s tipp 2026-ra","rank_math_description":"Cartagena, Kolumbia \u00fatikalauz: 22 tipp, mit n\u00e9zz meg, hol egy\u00e9l \u00e9s hogyan ker\u00fcld el a turistacsapd\u00e1kat. Tervezd meg a t\u00f6k\u00e9letes karibi utad most!","rank_math_focus_keyword":"cartagena kolumbia","rank_math_seo_score":""},"categories":[1788],"tags":[],"class_list":["post-417193","post","type-post","status-publish","format-standard","has-post-thumbnail","category-utazas"],"acf":[],"featured_image_src":"https:\/\/loudavymkrokem.cz\/wp-content\/uploads\/2026\/09\/panorama-cartageny-fe41065f.jpg","author_info":{"display_name":"Lucie Kone\u010dn\u00e1","author_link":"https:\/\/loudavymkrokem.cz\/hu\/author\/lucie-konecna\/"},"_links":{"self":[{"href":"https:\/\/loudavymkrokem.cz\/hu\/wp-json\/wp\/v2\/posts\/417193","targetHints":{"allow":["GET"]}}],"collection":[{"href":"https:\/\/loudavymkrokem.cz\/hu\/wp-json\/wp\/v2\/posts"}],"about":[{"href":"https:\/\/loudavymkrokem.cz\/hu\/wp-json\/wp\/v2\/types\/post"}],"author":[{"embeddable":true,"href":"https:\/\/loudavymkrokem.cz\/hu\/wp-json\/wp\/v2\/users\/3"}],"replies":[{"embeddable":true,"href":"https:\/\/loudavymkrokem.cz\/hu\/wp-json\/wp\/v2\/comments?post=417193"}],"version-history":[{"count":3,"href":"https:\/\/loudavymkrokem.cz\/hu\/wp-json\/wp\/v2\/posts\/417193\/revisions"}],"predecessor-version":[{"id":417196,"href":"https:\/\/loudavymkrokem.cz\/hu\/wp-json\/wp\/v2\/posts\/417193\/revisions\/417196"}],"wp:featuredmedia":[{"embeddable":true,"href":"https:\/\/loudavymkrokem.cz\/hu\/wp-json\/wp\/v2\/media\/415750"}],"wp:attachment":[{"href":"https:\/\/loudavymkrokem.cz\/hu\/wp-json\/wp\/v2\/media?parent=417193"}],"wp:term":[{"taxonomy":"category","embeddable":true,"href":"https:\/\/loudavymkrokem.cz\/hu\/wp-json\/wp\/v2\/categories?post=417193"},{"taxonomy":"post_tag","embeddable":true,"href":"https:\/\/loudavymkrokem.cz\/hu\/wp-json\/wp\/v2\/tags?post=417193"}],"curies":[{"name":"wp","href":"https:\/\/api.w.org\/{rel}","templated":true}]}}