{"id":417190,"date":"2026-09-04T10:39:09","date_gmt":"2026-09-04T08:39:09","guid":{"rendered":"https:\/\/loudavymkrokem.cz\/cartagena-kolumbia-szallas\/"},"modified":"2026-09-05T14:05:44","modified_gmt":"2026-09-05T12:05:44","slug":"cartagena-kolumbia-szallas","status":"publish","type":"post","link":"https:\/\/loudavymkrokem.cz\/hu\/cartagena-kolumbia-szallas\/","title":{"rendered":"Hol sz\u00e1llj meg Cartagen\u00e1ban (Kolumbia): 18 legjobb hotel \u00e9s v\u00e1rosr\u00e9sz 2026-ban"},"content":{"rendered":"\n<p class=\"wp-block-paragraph\">Amikor elkezded tervezni az utaz\u00e1st \u00e9s a <strong>cartagenai sz\u00e1ll\u00e1st<\/strong> keresed, val\u00f3sz\u00edn\u0171leg azonnal elvar\u00e1zsolnak a sz\u00ednes gyarmati utc\u00e1k \u00e9s a bougainville\u00e1val befuttatott erk\u00e9lyek fot\u00f3i. A megfelel\u0151 sz\u00e1ll\u00e1s kiv\u00e1laszt\u00e1sa ebben a karibi v\u00e1rosban azonban egy kicsit tudom\u00e1ny, \u00e9s <strong>\u00e9rdemes ismerni n\u00e9h\u00e1ny alapvet\u0151 helyi szab\u00e1lyt<\/strong> Cartagen\u00e1ban (Kolumbia), hogy a helysz\u00ednen ne csal\u00f3dj, vagy ne bukj el feleslegesen p\u00e9nzt. A legfontosabb titok a kolumbiai ad\u00f3rendszer, amely <strong>a k\u00fclf\u00f6ldi turist\u00e1kat mentes\u00edti a 19%-os hozz\u00e1adott\u00e9rt\u00e9k-ad\u00f3 (IVA) megfizet\u00e9se al\u00f3l<\/strong> a hotelben elt\u00f6lt\u00f6tt \u00e9jszak\u00e1k ut\u00e1n.<\/p>\n\n\n\n<p class=\"wp-block-paragraph\">Remek\u00fcl hangzik, de van egy l\u00e9nyeges b\u00f6kken\u0151, ugyanis <strong>a gyakorlatban ezt a mentess\u00e9get k\u00f6ny\u00f6rtelen\u00fcl magadnak kell szemmel tartanod<\/strong>. Ahhoz, hogy ne fizesd az ad\u00f3t, a \u00fatleveledben sz\u00fcks\u00e9ged van egy PIP-5 jelz\u00e9s\u0171 turista bel\u00e9p\u0151pecs\u00e9tre, amit automatikusan megkapsz \u00e9rkez\u00e9skor. A hotelnek ezut\u00e1n le kell m\u00e1solnia az \u00fatleveledet ezzel a pecs\u00e9ttel. Nagyj\u00e1b\u00f3l <strong>a sz\u00e1ll\u00e1sok fele automatikusan levonja az ad\u00f3t<\/strong>, a m\u00e1sik fele viszont megpr\u00f3b\u00e1lja felsz\u00e1molni. Ez\u00e9rt mindj\u00e1rt bejelentkez\u00e9skor biztos, ami biztos k\u00e9rdezz r\u00e1, hogy a tart\u00f3zkod\u00e1sod ad\u00f3mentes-e, t\u00e1voz\u00e1skor pedig nagyon alaposan ellen\u0151rizd a v\u00e9gsz\u00e1ml\u00e1t.<\/p>\n\n\n\n<p class=\"wp-block-paragraph\">Cartagena m\u00e1sik saj\u00e1toss\u00e1ga, hogy <strong>itt m\u00e9terre fizetsz a fekv\u00e9s\u00e9rt<\/strong>. A v\u00e1rfallal k\u00f6r\u00fclvett t\u00f6rt\u00e9nelmi k\u00f6zpont viszonylag kicsi, h\u00fasz perc alatt \u00e1ts\u00e9t\u00e1lhat\u00f3. A szoba\u00e1rak azonban meredeken zuhannak minden egyes h\u00e1zt\u00f6mbbel a f\u0151terekt\u0151l t\u00e1volodva. Ehhez hozz\u00e1 kell adnod a <strong>minden\u00fctt jelen l\u00e9v\u0151 31\u201333 Celsius-fokos h\u0151s\u00e9get<\/strong> \u00e9s a hatalmas p\u00e1r\u00e1ss\u00e1got. A kl\u00edma \u00e9s legal\u00e1bb egy kis medence ez\u00e9rt itt nem felesleges luxus, hanem teljesen <strong>alapvet\u0151, t\u00fal\u00e9l\u00e9shez sz\u00fcks\u00e9ges felszerel\u00e9s<\/strong>, mert d\u00e9lut\u00e1n a felforr\u00f3sodott utc\u00e1kra egyszer\u0171en nem lehet kimenni.<\/p>\n\n\n\n<figure data-wp-context=\"{&quot;imageId&quot;:&quot;6a9c185fc8a39&quot;}\" data-wp-interactive=\"core\/image\" data-wp-key=\"6a9c185fc8a39\" class=\"wp-block-image size-full wp-lightbox-container\"><img decoding=\"async\" width=\"1920\" height=\"1280\" data-wp-class--hide=\"state.isContentHidden\" data-wp-class--show=\"state.isContentVisible\" data-wp-init=\"callbacks.setButtonStyles\" data-wp-on--click=\"actions.showLightbox\" data-wp-on--load=\"callbacks.setButtonStyles\" data-wp-on--pointerdown=\"actions.preloadImage\" data-wp-on--pointerenter=\"actions.preloadImageWithDelay\" data-wp-on--pointerleave=\"actions.cancelPreload\" data-wp-on-window--resize=\"callbacks.setButtonStyles\" src=\"https:\/\/loudavymkrokem.cz\/wp-content\/uploads\/2026\/09\/kolonialni-ulice-v-cartagene-800a9ba6.jpg\" alt=\"Gyarmati utca Cartagen\u00e1ban\" class=\"wp-image-415737\" title=\"\" srcset=\"https:\/\/loudavymkrokem.cz\/wp-content\/uploads\/2026\/09\/kolonialni-ulice-v-cartagene-800a9ba6.jpg 1920w, https:\/\/loudavymkrokem.cz\/wp-content\/uploads\/2026\/09\/kolonialni-ulice-v-cartagene-800a9ba6-300x200.jpg 300w, https:\/\/loudavymkrokem.cz\/wp-content\/uploads\/2026\/09\/kolonialni-ulice-v-cartagene-800a9ba6-700x467.jpg 700w, https:\/\/loudavymkrokem.cz\/wp-content\/uploads\/2026\/09\/kolonialni-ulice-v-cartagene-800a9ba6-768x512.jpg 768w, https:\/\/loudavymkrokem.cz\/wp-content\/uploads\/2026\/09\/kolonialni-ulice-v-cartagene-800a9ba6-1536x1024.jpg 1536w, https:\/\/loudavymkrokem.cz\/wp-content\/uploads\/2026\/09\/kolonialni-ulice-v-cartagene-800a9ba6-696x464.jpg 696w, https:\/\/loudavymkrokem.cz\/wp-content\/uploads\/2026\/09\/kolonialni-ulice-v-cartagene-800a9ba6-1392x928.jpg 1392w\" sizes=\"(max-width: 1920px) 100vw, 1920px\" \/><button\n\t\t\tclass=\"lightbox-trigger\"\n\t\t\ttype=\"button\"\n\t\t\taria-haspopup=\"dialog\"\n\t\t\tdata-wp-bind--aria-label=\"state.thisImage.triggerButtonAriaLabel\"\n\t\t\tdata-wp-init=\"callbacks.initTriggerButton\"\n\t\t\tdata-wp-on--click=\"actions.showLightbox\"\n\t\t\tdata-wp-style--right=\"state.thisImage.buttonRight\"\n\t\t\tdata-wp-style--top=\"state.thisImage.buttonTop\"\n\t\t>\n\t\t\t<svg xmlns=\"http:\/\/www.w3.org\/2000\/svg\" width=\"12\" height=\"12\" fill=\"none\" viewBox=\"0 0 12 12\">\n\t\t\t\t<path fill=\"#fff\" d=\"M2 0a2 2 0 0 0-2 2v2h1.5V2a.5.5 0 0 1 .5-.5h2V0H2Zm2 10.5H2a.5.5 0 0 1-.5-.5V8H0v2a2 2 0 0 0 2 2h2v-1.5ZM8 12v-1.5h2a.5.5 0 0 0 .5-.5V8H12v2a2 2 0 0 1-2 2H8Zm2-12a2 2 0 0 1 2 2v2h-1.5V2a.5.5 0 0 0-.5-.5H8V0h2Z\" \/>\n\t\t\t<\/svg>\n\t\t<\/button><figcaption class=\"wp-element-caption\">Foto: Dr. Thomas Liptak \/ Wikimedia Commons, CC BY-SA 4.0<\/figcaption><\/figure>\n\n\n\n<div id=\"ez-toc-container\" class=\"ez-toc-v2_0_87 ez-toc-wrap-left counter-hierarchy ez-toc-counter ez-toc-grey ez-toc-container-direction\">\n<div class=\"ez-toc-title-container\">\n<p class=\"ez-toc-title\" style=\"cursor:inherit\">A cikk tartalma<\/p>\n<span class=\"ez-toc-title-toggle\"><a href=\"#\" class=\"ez-toc-pull-right ez-toc-btn ez-toc-btn-xs ez-toc-btn-default ez-toc-toggle\" aria-label=\"Toggle Table of Content\"><span class=\"ez-toc-js-icon-con\"><span class=\"\"><span class=\"eztoc-hide\" style=\"display:none;\">Toggle<\/span><span class=\"ez-toc-icon-toggle-span\"><svg style=\"fill: #999;color:#999\" xmlns=\"http:\/\/www.w3.org\/2000\/svg\" class=\"list-377408\" width=\"20px\" height=\"20px\" viewBox=\"0 0 24 24\" fill=\"none\"><path d=\"M6 6H4v2h2V6zm14 0H8v2h12V6zM4 11h2v2H4v-2zm16 0H8v2h12v-2zM4 16h2v2H4v-2zm16 0H8v2h12v-2z\" fill=\"currentColor\"><\/path><\/svg><svg style=\"fill: #999;color:#999\" class=\"arrow-unsorted-368013\" xmlns=\"http:\/\/www.w3.org\/2000\/svg\" width=\"10px\" height=\"10px\" viewBox=\"0 0 24 24\" version=\"1.2\" baseProfile=\"tiny\"><path d=\"M18.2 9.3l-6.2-6.3-6.2 6.3c-.2.2-.3.4-.3.7s.1.5.3.7c.2.2.4.3.7.3h11c.3 0 .5-.1.7-.3.2-.2.3-.5.3-.7s-.1-.5-.3-.7zM5.8 14.7l6.2 6.3 6.2-6.3c.2-.2.3-.5.3-.7s-.1-.5-.3-.7c-.2-.2-.4-.3-.7-.3h-11c-.3 0-.5.1-.7.3-.2.2-.3.5-.3.7s.1.5.3.7z\"\/><\/svg><\/span><\/span><\/span><\/a><\/span><\/div>\n<nav><ul class='ez-toc-list ez-toc-list-level-1 ' ><ul class='ez-toc-list-level-3' ><li class='ez-toc-heading-level-3'><a class=\"ez-toc-link ez-toc-heading-1\" href=\"https:\/\/loudavymkrokem.cz\/hu\/cartagena-kolumbia-szallas\/#Osszefoglalas_azoknak_akiknek_nincs_idejuk_vegigolvasni_a_cikket\" >\u00d6sszefoglal\u00e1s azoknak, akiknek nincs idej\u00fck v\u00e9gigolvasni a cikket<\/a><\/li><\/ul><\/li><li class='ez-toc-page-1 ez-toc-heading-level-2'><a class=\"ez-toc-link ez-toc-heading-2\" href=\"https:\/\/loudavymkrokem.cz\/hu\/cartagena-kolumbia-szallas\/#Melyik_varosreszt_valaszd_a_cartagenai_szallashoz\" >Melyik v\u00e1rosr\u00e9szt v\u00e1laszd a cartagenai sz\u00e1ll\u00e1shoz<\/a><\/li><li class='ez-toc-page-1 ez-toc-heading-level-2'><a class=\"ez-toc-link ez-toc-heading-3\" href=\"https:\/\/loudavymkrokem.cz\/hu\/cartagena-kolumbia-szallas\/#Mikor_menj_es_mikor_foglalj\" >Mikor menj, \u00e9s mikor foglalj<\/a><\/li><li class='ez-toc-page-1 ez-toc-heading-level-2'><a class=\"ez-toc-link ez-toc-heading-4\" href=\"https:\/\/loudavymkrokem.cz\/hu\/cartagena-kolumbia-szallas\/#Hol_szallj_meg_Cartagenaban_a_18_legjobb_hotel\" >Hol sz\u00e1llj meg Cartagen\u00e1ban: a 18 legjobb hotel<\/a><ul class='ez-toc-list-level-3' ><li class='ez-toc-heading-level-3'><a class=\"ez-toc-link ez-toc-heading-5\" href=\"https:\/\/loudavymkrokem.cz\/hu\/cartagena-kolumbia-szallas\/#1_Casa_San_Agustin\" >1. Casa San Agust\u00edn<\/a><\/li><li class='ez-toc-page-1 ez-toc-heading-level-3'><a class=\"ez-toc-link ez-toc-heading-6\" href=\"https:\/\/loudavymkrokem.cz\/hu\/cartagena-kolumbia-szallas\/#2_Casa_Carolina_Hotel\" >2. Casa Carolina Hotel<\/a><\/li><li class='ez-toc-page-1 ez-toc-heading-level-3'><a class=\"ez-toc-link ez-toc-heading-7\" href=\"https:\/\/loudavymkrokem.cz\/hu\/cartagena-kolumbia-szallas\/#3_Amarla_Boutique_Hotel\" >3. Amarla Boutique Hotel<\/a><\/li><li class='ez-toc-page-1 ez-toc-heading-level-3'><a class=\"ez-toc-link ez-toc-heading-8\" href=\"https:\/\/loudavymkrokem.cz\/hu\/cartagena-kolumbia-szallas\/#4_Hotel_Charleston_Santa_Teresa\" >4. Hotel Charleston Santa Teresa<\/a><\/li><li class='ez-toc-page-1 ez-toc-heading-level-3'><a class=\"ez-toc-link ez-toc-heading-9\" href=\"https:\/\/loudavymkrokem.cz\/hu\/cartagena-kolumbia-szallas\/#5_Bastion_Luxury_Hotel\" >5. Basti\u00f3n Luxury Hotel<\/a><\/li><li class='ez-toc-page-1 ez-toc-heading-level-3'><a class=\"ez-toc-link ez-toc-heading-10\" href=\"https:\/\/loudavymkrokem.cz\/hu\/cartagena-kolumbia-szallas\/#6_Casa_Claver_Loft_Boutique_Hotel\" >6. Casa Claver Loft Boutique Hotel<\/a><\/li><li class='ez-toc-page-1 ez-toc-heading-level-3'><a class=\"ez-toc-link ez-toc-heading-11\" href=\"https:\/\/loudavymkrokem.cz\/hu\/cartagena-kolumbia-szallas\/#7_Hotel_Boutique_Bovedas_de_Santa_Clara\" >7. Hotel Boutique B\u00f3vedas de Santa Clara<\/a><\/li><li class='ez-toc-page-1 ez-toc-heading-level-3'><a class=\"ez-toc-link ez-toc-heading-12\" href=\"https:\/\/loudavymkrokem.cz\/hu\/cartagena-kolumbia-szallas\/#8_Casa_Lola_Luxury_Collection\" >8. Casa Lola Luxury Collection<\/a><\/li><li class='ez-toc-page-1 ez-toc-heading-level-3'><a class=\"ez-toc-link ez-toc-heading-13\" href=\"https:\/\/loudavymkrokem.cz\/hu\/cartagena-kolumbia-szallas\/#9_Arsenal_Hotel\" >9. Arsenal Hotel<\/a><\/li><li class='ez-toc-page-1 ez-toc-heading-level-3'><a class=\"ez-toc-link ez-toc-heading-14\" href=\"https:\/\/loudavymkrokem.cz\/hu\/cartagena-kolumbia-szallas\/#10_LUNALA_Hotel_Boutique\" >10. LUNALA Hotel Boutique<\/a><\/li><li class='ez-toc-page-1 ez-toc-heading-level-3'><a class=\"ez-toc-link ez-toc-heading-15\" href=\"https:\/\/loudavymkrokem.cz\/hu\/cartagena-kolumbia-szallas\/#11_Los_Patios_Hostel\" >11. Los Patios Hostel<\/a><\/li><li class='ez-toc-page-1 ez-toc-heading-level-3'><a class=\"ez-toc-link ez-toc-heading-16\" href=\"https:\/\/loudavymkrokem.cz\/hu\/cartagena-kolumbia-szallas\/#12_ESTELAR_Cartagena_de_Indias_Hotel_Centro_de_Convenciones\" >12. ESTELAR Cartagena de Indias Hotel &#038; Centro de Convenciones<\/a><\/li><li class='ez-toc-page-1 ez-toc-heading-level-3'><a class=\"ez-toc-link ez-toc-heading-17\" href=\"https:\/\/loudavymkrokem.cz\/hu\/cartagena-kolumbia-szallas\/#13_InterContinental_Cartagena_de_Indias\" >13. InterContinental Cartagena de Indias<\/a><\/li><li class='ez-toc-page-1 ez-toc-heading-level-3'><a class=\"ez-toc-link ez-toc-heading-18\" href=\"https:\/\/loudavymkrokem.cz\/hu\/cartagena-kolumbia-szallas\/#14_Hotel_Caribe_by_Faranda_Grand\" >14. Hotel Caribe by Faranda Grand<\/a><\/li><li class='ez-toc-page-1 ez-toc-heading-level-3'><a class=\"ez-toc-link ez-toc-heading-19\" href=\"https:\/\/loudavymkrokem.cz\/hu\/cartagena-kolumbia-szallas\/#15_Hyatt_Regency_Cartagena\" >15. Hyatt Regency Cartagena<\/a><\/li><li class='ez-toc-page-1 ez-toc-heading-level-3'><a class=\"ez-toc-link ez-toc-heading-20\" href=\"https:\/\/loudavymkrokem.cz\/hu\/cartagena-kolumbia-szallas\/#16_Hotel_Capilla_del_Mar\" >16. Hotel Capilla del Mar<\/a><\/li><li class='ez-toc-page-1 ez-toc-heading-level-3'><a class=\"ez-toc-link ez-toc-heading-21\" href=\"https:\/\/loudavymkrokem.cz\/hu\/cartagena-kolumbia-szallas\/#17_Hotel_Carey_Beach_Baru\" >17. Hotel Carey Beach Bar\u00fa<\/a><\/li><li class='ez-toc-page-1 ez-toc-heading-level-3'><a class=\"ez-toc-link ez-toc-heading-22\" href=\"https:\/\/loudavymkrokem.cz\/hu\/cartagena-kolumbia-szallas\/#18_Hotel_Las_Islas\" >18. Hotel Las Islas<\/a><\/li><\/ul><\/li><li class='ez-toc-page-1 ez-toc-heading-level-2'><a class=\"ez-toc-link ez-toc-heading-23\" href=\"https:\/\/loudavymkrokem.cz\/hu\/cartagena-kolumbia-szallas\/#Hogyan_valaszd_ki_a_megfelelo_hotelt\" >Hogyan v\u00e1laszd ki a megfelel\u0151 hotelt<\/a><\/li><li class='ez-toc-page-1 ez-toc-heading-level-2'><a class=\"ez-toc-link ez-toc-heading-24\" href=\"https:\/\/loudavymkrokem.cz\/hu\/cartagena-kolumbia-szallas\/#Hol_egyel\" >Hol egy\u00e9l<\/a><ul class='ez-toc-list-level-3' ><li class='ez-toc-heading-level-3'><a class=\"ez-toc-link ez-toc-heading-25\" href=\"https:\/\/loudavymkrokem.cz\/hu\/cartagena-kolumbia-szallas\/#Husmentes_biztos_pontok_Cartagenaban\" >H\u00fasmentes biztos pontok Cartagen\u00e1ban<\/a><\/li><\/ul><\/li><li class='ez-toc-page-1 ez-toc-heading-level-2'><a class=\"ez-toc-link ez-toc-heading-26\" href=\"https:\/\/loudavymkrokem.cz\/hu\/cartagena-kolumbia-szallas\/#Merre_tovabb\" >Merre tov\u00e1bb<\/a><\/li><li class='ez-toc-page-1 ez-toc-heading-level-2'><a class=\"ez-toc-link ez-toc-heading-27\" href=\"https:\/\/loudavymkrokem.cz\/hu\/cartagena-kolumbia-szallas\/#Gyakran_ismetelt_kerdesek\" >Gyakran ism\u00e9telt k\u00e9rd\u00e9sek<\/a><ul class='ez-toc-list-level-3' ><li class='ez-toc-heading-level-3'><a class=\"ez-toc-link ez-toc-heading-28\" href=\"https:\/\/loudavymkrokem.cz\/hu\/cartagena-kolumbia-szallas\/#Fizetnek_a_kulfoldi_turistak_szallasadot_Cartagenaban\" >Fizetnek a k\u00fclf\u00f6ldi turist\u00e1k sz\u00e1ll\u00e1sad\u00f3t Cartagen\u00e1ban?<\/a><\/li><li class='ez-toc-page-1 ez-toc-heading-level-3'><a class=\"ez-toc-link ez-toc-heading-29\" href=\"https:\/\/loudavymkrokem.cz\/hu\/cartagena-kolumbia-szallas\/#Tiszta_es_turkizkek_a_tenger_Cartagenaban\" >Tiszta \u00e9s t\u00fcrkizk\u00e9k a tenger Cartagen\u00e1ban?<\/a><\/li><li class='ez-toc-page-1 ez-toc-heading-level-3'><a class=\"ez-toc-link ez-toc-heading-30\" href=\"https:\/\/loudavymkrokem.cz\/hu\/cartagena-kolumbia-szallas\/#Szukseges_a_legkondicionalas_a_szobaban_Cartagenaban\" >Sz\u00fcks\u00e9ges a l\u00e9gkondicion\u00e1l\u00e1s a szob\u00e1ban Cartagen\u00e1ban?<\/a><\/li><li class='ez-toc-page-1 ez-toc-heading-level-3'><a class=\"ez-toc-link ez-toc-heading-31\" href=\"https:\/\/loudavymkrokem.cz\/hu\/cartagena-kolumbia-szallas\/#Zajos_ejszaka_a_cartagenai_tortenelmi_kozpontban\" >Zajos \u00e9jszaka a cartagenai t\u00f6rt\u00e9nelmi k\u00f6zpontban?<\/a><\/li><li class='ez-toc-page-1 ez-toc-heading-level-3'><a class=\"ez-toc-link ez-toc-heading-32\" href=\"https:\/\/loudavymkrokem.cz\/hu\/cartagena-kolumbia-szallas\/#Milyen_messze_van_a_repuloter_a_varoskozponttol\" >Milyen messze van a rep\u00fcl\u0151t\u00e9r a v\u00e1rosk\u00f6zpontt\u00f3l?<\/a><\/li><li class='ez-toc-page-1 ez-toc-heading-level-3'><a class=\"ez-toc-link ez-toc-heading-33\" href=\"https:\/\/loudavymkrokem.cz\/hu\/cartagena-kolumbia-szallas\/#Van_ertelme_egy_ejszakara_szallodat_foglalni_a_szigeteken\" >Van \u00e9rtelme egy \u00e9jszak\u00e1ra sz\u00e1llod\u00e1t foglalni a szigeteken?<\/a><\/li><li class='ez-toc-page-1 ez-toc-heading-level-3'><a class=\"ez-toc-link ez-toc-heading-34\" href=\"https:\/\/loudavymkrokem.cz\/hu\/cartagena-kolumbia-szallas\/#Biztonsagos_Cartagena\" >Biztons\u00e1gos Cartagena?<\/a><\/li><\/ul><\/li><\/ul><\/nav><\/div>\n<h3 class=\"wp-block-heading\"><span class=\"ez-toc-section\" id=\"Osszefoglalas_azoknak_akiknek_nincs_idejuk_vegigolvasni_a_cikket\"><\/span>\u00d6sszefoglal\u00e1s azoknak, akiknek nincs idej\u00fck v\u00e9gigolvasni a cikket<span class=\"ez-toc-section-end\"><\/span><\/h3>\n\n\n\n<ul class=\"wp-block-list\">\n\n<li><strong>Legjobb hotel \u00f6sszess\u00e9g\u00e9ben:<\/strong> Egy\u00e9rtelm\u0171en a <strong>Casa Carolina Hotel<\/strong>, amelynek a legjobb az \u00e9rt\u00e9kel\u00e9se az eg\u00e9sz v\u00e1logat\u00e1sunkban, \u00f3ri\u00e1si sz\u00e1m\u00fa v\u00e9lem\u00e9ny mellett.<\/li>\n\n\n\n<li><strong>Legjobb luxushoz \u00e9s t\u00f6rt\u00e9nelemhez:<\/strong> A legend\u00e1s <strong>Casa San Agust\u00edn<\/strong> az \u00f3v\u00e1ros sz\u00edv\u00e9ben, l\u00e9legzetel\u00e1ll\u00edt\u00f3 akvadukttal k\u00f6zvetlen\u00fcl a medence felett.<\/li>\n\n\n\n<li><strong>Legjobb \u00e1r-\u00e9rt\u00e9k ar\u00e1ny (\u00e9s nyugalom):<\/strong> A kisebb butikhotel, a <strong>Maloka Boutique Centro Hist\u00f3rico<\/strong> a csendes San Diego negyedben.<\/li>\n\n\n\n<li><strong>Legjobb az \u00e9jszakai \u00e9let szerelmeseinek:<\/strong> A diz\u00e1jnos <strong>Casa Lola Luxury Collection<\/strong> a pezsg\u0151, sz\u00ednes Getseman\u00ed negyedben.<\/li>\n\n\n\n<li><strong>Legjobb h\u00e1tizs\u00e1kosoknak \u00e9s egyed\u00fcl utaz\u00f3knak:<\/strong> A kiv\u00e1l\u00f3an \u00e9rt\u00e9kelt <strong>Los Patios Hostel<\/strong> tet\u0151terasszal \u00e9s medenc\u00e9vel.<\/li>\n\n\n\n<li><strong>Legjobb modern toronyhotel:<\/strong> Az \u00f3ri\u00e1si <strong>ESTELAR Cartagena de Indias<\/strong> Bocagrand\u00e9ban, az 51. emeleti n\u00e9pszer\u0171 b\u00e1rral.<\/li>\n\n\n\n<li><strong>Legjobb menek\u00fcl\u00e9s a szigetekre:<\/strong> A gy\u00f6ny\u00f6r\u0171 <strong>Hotel Carey Beach Bar\u00fa<\/strong> azoknak, akik a v\u00e1rost h\u00f3feh\u00e9r strandokra cser\u00e9ln\u00e9k.<\/li>\n\n\n\n<li><strong>Fontos figyelmeztet\u00e9s a fizet\u00e9shez:<\/strong> Ha el\u0151re fizeted a sz\u00e1ll\u00e1st foglal\u00e1si port\u00e1lokon kereszt\u00fcl, <strong>gyakran automatikusan felsz\u00e1molj\u00e1k a 19%-os IVA-t<\/strong>, amit a hotel a helysz\u00ednen m\u00e1r nem t\u00e9r\u00edt vissza. Sokszor teh\u00e1t meg\u00e9ri a helysz\u00edni fizet\u00e9s lehet\u0151s\u00e9g\u00e9t v\u00e1lasztani.<\/li>\n\n\n<\/ul>\n\n\n\n<p class=\"wp-block-paragraph\"><em>\ud83d\udca1 <a href=\"https:\/\/www.stay22.com\/allez\/roam?aid=lukaskonecny&#038;campaign=loudavymkrokemcz&#038;campaign=kde-bydlet-v-cartagene&#038;address=Cartagena%2C%20Kolumbie\" target=\"_blank\" rel=\"nofollow noopener sponsored\">Ezen a t\u00e9rk\u00e9pen \u00f6sszehasonl\u00edthatod, mi szabad \u00e9ppen<\/a> \u2014 l\u00e1tni fogod azt is, mennyivel olcs\u00f3bb a sz\u00e1ll\u00e1s p\u00e1r meg\u00e1ll\u00f3val a k\u00f6zpontt\u00f3l.<\/em><\/p>\n\n\n\n<h2 class=\"wp-block-heading\"><span class=\"ez-toc-section\" id=\"Melyik_varosreszt_valaszd_a_cartagenai_szallashoz\"><\/span>Melyik v\u00e1rosr\u00e9szt v\u00e1laszd a cartagenai sz\u00e1ll\u00e1shoz<span class=\"ez-toc-section-end\"><\/span><\/h2>\n\n\n\n<p class=\"wp-block-paragraph\">A megfelel\u0151 v\u00e1rosr\u00e9sz kiv\u00e1laszt\u00e1sa Cartagen\u00e1ban <strong>teljesen d\u00f6nt\u0151 az \u00f6ssz\u00e9lm\u00e9nyed szempontj\u00e1b\u00f3l<\/strong>. A v\u00e1ros minden r\u00e9sze eg\u00e9szen m\u00e1s hangulatot, m\u00e1s \u00e1rsz\u00ednvonalat \u00e9s f\u0151leg elt\u00e9r\u0151 m\u00e9rt\u00e9k\u0171 \u00e9jszakai zajt k\u00edn\u00e1l. Ha nem a val\u00f3s ig\u00e9nyeid szerint v\u00e1lasztasz helyet, a tart\u00f3zkod\u00e1sod feleslegesen dr\u00e1g\u00e1bb lehet, vagy \u00e9ppen egy\u00e1ltal\u00e1n nem pihened ki magad.<\/p>\n\n\n\n<p class=\"wp-block-paragraph\">Az <strong>El Centro (a bels\u0151 v\u00e1rfalak)<\/strong> a legszebbet, legdr\u00e1g\u00e1bbat \u00e9s legf\u00e9nyk\u00e9pezettebbet k\u00e9pviseli, amit a v\u00e1ros k\u00edn\u00e1l. Itt tal\u00e1lod a legluxusosabb butikhotelt egykori gyarmati palot\u00e1kban \u00e9s kolostorokban. Sz\u00e1molnod kell viszont azzal, hogy <strong>a Plaza Santo Domingo k\u00f6rny\u00e9k\u00e9n nagyon k\u00e9s\u0151n z\u00e1rnak<\/strong>, \u00e9s a b\u00e1rokb\u00f3l j\u00f6v\u0151 zaj sok\u00e1ig visszhangzik a sz\u0171k utc\u00e1kban. Ez a v\u00e1ros sz\u00edve, ahol pr\u00e9mium \u00e1rat fizetsz az\u00e9rt, hogy minden l\u00e1tnival\u00f3 az orrod el\u0151tt van, de a nyugtalanabb est\u00e9k az \u00e1ra ennek.<\/p>\n\n\n\n<p class=\"wp-block-paragraph\">A <strong>San Diego<\/strong> a v\u00e1rfalak \u00e9szaki r\u00e9sz\u00e9n fekszik, \u00e9s <strong>egy\u00e9rtelm\u0171en a legjobb kompromisszum a nyugodt tart\u00f3zkod\u00e1shoz<\/strong>. San Diego Cartagena titkos fegyvere: ugyanolyan gy\u00f6ny\u00f6r\u0171 pasztellh\u00e1zak, ugyanazok a vir\u00e1gokkal teli erk\u00e9lyek, de a b\u00e1rok d\u00fcb\u00f6rg\u0151 basszusa n\u00e9lk\u00fcl. Egyszer\u0171en k\u00f6rbej\u00e1rod az eg\u00e9szet, el\u00fcld\u00f6g\u00e9lsz a Plaza San Dieg\u00f3n, \u00e9jszaka pedig t\u00e9nyleg kialszod magad.<\/p>\n\n\n\n<p class=\"wp-block-paragraph\">A <strong>Getseman\u00ed<\/strong> nagyj\u00e1b\u00f3l t\u00edz perc s\u00e9t\u00e1ra van a f\u0151 v\u00e1rfalakt\u00f3l, \u00e9s ez a <strong>legelevenebb, legsz\u00ednesebb \u00e9s legautentikusabb negyed<\/strong>. A sz\u00e1ll\u00e1s\u00e1rak itt egy oszt\u00e1llyal olcs\u00f3bbak, mint a Centr\u00f3ban, \u00edgy remek v\u00e1laszt\u00e1s k\u00f6zepes k\u00f6lts\u00e9gvet\u00e9shez. Csod\u00e1latos street artot, remek k\u00e1v\u00e9z\u00f3kat \u00e9s rengeteg butikhotelt meg hostelt tal\u00e1lsz itt. A t\u00f6rt\u00e9n\u00e9sek f\u0151 k\u00f6zpontja a Plaza de la Trinidad, ahol <strong>a salsa \u00e9s az utcai ny\u00fczsg\u00e9s csak k\u00e9s\u0151 \u00e9jszaka csendes\u00fcl el<\/strong>, \u00edgy nagyon \u00e9ber alv\u00f3knak nem teljesen ide\u00e1lis ez a hely.<\/p>\n\n\n\n<p class=\"wp-block-paragraph\">A <strong>Bocagrande \u00e9s Castillogrande<\/strong> alkotja azt a modern f\u00e9lszigetet, amely els\u0151 pillant\u00e1sra az amerikai Miamira eml\u00e9keztet. Itt \u00e1llnak a <strong>magas \u00fcvegburkolat\u00fa hotelek, nagy klimatiz\u00e1lt bev\u00e1s\u00e1rl\u00f3k\u00f6zpontok<\/strong> \u00e9s a sz\u00e9les s\u00e9t\u00e1nyok, ahov\u00e1 f\u0151leg kolumbiai csal\u00e1dok \u00e9rkeznek nyaralni. Van azonban egy \u00f3ri\u00e1si b\u00f6kken\u0151 az eur\u00f3pai turist\u00e1knak: az itteni v\u00e1rosi strandokat zavaros, barna v\u00edz mossa, ami a t\u00fcrkiz Karib-tengert v\u00e1r\u00f3 utaz\u00f3knak t\u00f6bbnyire hatalmas csal\u00f3d\u00e1s. Emiatt v\u00e9g\u00fcl csak a hotelmedenc\u00e9kben f\u00fcrdenek.<\/p>\n\n\n\n<p class=\"wp-block-paragraph\">A <strong>Manga<\/strong> olyan tipp, amit a legt\u00f6bb \u00fatik\u00f6nyv \u00e1tugrik. Ez egy csendes sziget a Centro \u00e9s Bocagrande k\u00f6z\u00f6tt, ahol f\u0151leg helyiek \u00e9lnek, \u00e9s a taxi a v\u00e1rfalakhoz p\u00e1r forintba ker\u00fcl. Turistab\u00e1rok helyett itt sz\u00e9p k\u00f6zt\u00e1rsas\u00e1gi vill\u00e1kkal, \u00e1rny\u00e9kos utc\u00e1kkal \u00e9s \u00e9ttermekkel tal\u00e1lkozol, ahol a Centro \u00e1r\u00e1nak t\u00f6red\u00e9k\u00e9\u00e9rt ehetsz.<\/p>\n\n\n\n<p class=\"wp-block-paragraph\">A <strong>Bar\u00fa \u00e9s a Rosario-szigetek<\/strong> nagyj\u00e1b\u00f3l egy \u00f3r\u00e1nyi haj\u00f3\u00fatra fekv\u0151 szigetcsoportok \u00e9s f\u00e9lszigetek a sz\u00e1razf\u00f6ldt\u0151l. Itt v\u00e9gre <strong>megtal\u00e1lod az igazi Karib-tengert feh\u00e9r homokkal \u00e9s tiszta v\u00edzzel<\/strong>. A sz\u00e1ll\u00e1snak itt csak akkor van \u00e9rtelme, ha legal\u00e1bb k\u00e9t vagy t\u00f6bb \u00e9jszak\u00e1t tervezel maradni. Egy\u00e9bk\u00e9nt ide ink\u00e1bb egynapos kir\u00e1ndul\u00e1sra j\u00f6nnek, amelyn\u00e9l sz\u00e1molnod kell tov\u00e1bbi kik\u00f6t\u0151i \u00e9s \u00f6kol\u00f3giai d\u00edjakkal, ami feleslegesen bonyol\u00edtja a dolgot.<\/p>\n\n\n\n<h2 class=\"wp-block-heading\"><span class=\"ez-toc-section\" id=\"Mikor_menj_es_mikor_foglalj\"><\/span>Mikor menj, \u00e9s mikor foglalj<span class=\"ez-toc-section-end\"><\/span><\/h2>\n\n\n\n<p class=\"wp-block-paragraph\">A cartagenai hotelek \u00e1raz\u00e1sa dr\u00e1maian v\u00e1ltozik az \u00e9vszakt\u00f3l f\u00fcgg\u0151en, ez\u00e9rt \u00e9rdemes alaposan v\u00e9giggondolni az utaz\u00e1s id\u0151pontj\u00e1t. <strong>A legdr\u00e1g\u00e1bb \u00e9s legforgalmasabb h\u00f3napok decembert\u0151l \u00e1prilisig tartanak<\/strong>, amikor a legt\u00f6bb k\u00fclf\u00f6ldi turista \u00e9s a t\u00e9l el\u0151l menek\u00fcl\u0151 kolumbiaiak is a v\u00e1rosba tartanak. A kar\u00e1csonyi \u00fcnnepek, az \u00faj\u00e9v \u00e9s a h\u00fasv\u00e9t idej\u00e9n az \u00e1rak dupl\u00e1j\u00e1ra vagy m\u00e9g feljebb ugranak, a n\u00e9pszer\u0171 butikhotelekben pedig f\u00e9l \u00e9vvel kor\u00e1bban sem kapsz szob\u00e1t.<\/p>\n\n\n\n<p class=\"wp-block-paragraph\">Ezzel szemben <strong>szeptembert\u0151l novemberig b\u0151s\u00e9ges es\u0151z\u00e9sekre kell sz\u00e1m\u00edtanod<\/strong>, ami sok ny\u00e1ri nyaral\u00f3t elriaszt. Ennek a szezonon k\u00edv\u00fcli id\u0151szaknak az az el\u0151nye, hogy <strong>a hotelek ilyenkor j\u00f3val olcs\u00f3bbak<\/strong>, \u00e9s a v\u00e1ros k\u00f6zel sincs annyira tele a s\u00e9tahaj\u00f3kr\u00f3l \u00e9rkez\u0151 t\u00f6megekkel. Az es\u0151 r\u00e1ad\u00e1sul a tr\u00f3pusokon t\u00f6bbnyire heves d\u00e9lut\u00e1ni z\u00e1porok form\u00e1j\u00e1t \u00f6lti, amelyek ut\u00e1n az \u00e9g gyorsan \u00fajra kitisztul. Ezekben a h\u00f3napokban is mindenk\u00e9pp ker\u00fcld a kl\u00edma n\u00e9lk\u00fcli szob\u00e1kat, mert a leveg\u0151 p\u00e1ratartalma teljesen extr\u00e9m, \u00e9s h\u0171t\u00e9s n\u00e9lk\u00fcl le sem hunyn\u00e1d a szemed.<\/p>\n\n\n\n<p class=\"wp-block-paragraph\">Logisztikai szempontb\u00f3l \u00f3ri\u00e1si el\u0151ny, hogy <strong>a Rafael N\u00fa\u00f1ez nemzetk\u00f6zi rep\u00fcl\u0151t\u00e9r mind\u00f6ssze 10\u201315 perc aut\u00f3\u00fatra fekszik a t\u00f6rt\u00e9nelmi k\u00f6zpontt\u00f3l<\/strong>. A hossz\u00fa rep\u00fcl\u0151\u00fat ut\u00e1ni hosszadalmas transzfer szerencs\u00e9re egy\u00e1ltal\u00e1n nem fenyeget. Nyomat\u00e9kosan aj\u00e1nljuk viszont, hogy a taxam\u00e9ter n\u00e9lk\u00fcli, sima s\u00e1rga taxi \u00e1r\u00e1t mindj\u00e1rt el\u0151re besz\u00e9ld le, vagy haszn\u00e1lj modern applik\u00e1ci\u00f3t, mint az Uber, az InDriver vagy a DiDi. Ezek a szolg\u00e1ltat\u00e1sok ugyanis <strong>r\u00f6gt\u00f6n a telefon kijelz\u0151j\u00e9n mutatj\u00e1k az \u00e1rat<\/strong>, \u00edgy elker\u00fclsz minden alkudoz\u00e1st a helyi sof\u0151r\u00f6kkel.<\/p>\n\n\n\n<h2 class=\"wp-block-heading\"><span class=\"ez-toc-section\" id=\"Hol_szallj_meg_Cartagenaban_a_18_legjobb_hotel\"><\/span>Hol sz\u00e1llj meg Cartagen\u00e1ban: a 18 legjobb hotel<span class=\"ez-toc-section-end\"><\/span><\/h2>\n\n\n\n<p class=\"wp-block-paragraph\">Az al\u00e1bbi v\u00e1logat\u00e1s <strong>v\u00e1rosr\u00e9szek szerint van felosztva<\/strong>, \u00e9s mindent lefed a t\u00f6rt\u00e9nelmi palot\u00e1kt\u00f3l a modern torony\u00e9p\u00fcleteken \u00e1t a <strong>karibi szigetekig<\/strong>.<\/p>\n\n\n\n<p class=\"wp-block-paragraph\">Alaposan \u00e1tn\u00e9ztem t\u00f6bb sz\u00e1z \u00e9rt\u00e9kel\u00e9st, \u00e9s kiv\u00e1lasztottam azokat a helyeket, amelyeknek t\u00e9nyleg van mit ny\u00fajtaniuk. Ak\u00e1r <strong>abszol\u00fat luxust keresel egy gyarmati h\u00e1zban<\/strong>, ak\u00e1r megfizethet\u0151bb \u00e9s <strong>nyugodtabb butikhotelt<\/strong>, biztosan megtal\u00e1lod itt a magad\u00e9t.<\/p>\n\n\n\n<figure data-wp-context=\"{&quot;imageId&quot;:&quot;6a9c185fc9762&quot;}\" data-wp-interactive=\"core\/image\" data-wp-key=\"6a9c185fc9762\" class=\"wp-block-image size-full wp-lightbox-container\"><img decoding=\"async\" width=\"1600\" height=\"1068\" data-wp-class--hide=\"state.isContentHidden\" data-wp-class--show=\"state.isContentVisible\" data-wp-init=\"callbacks.setButtonStyles\" data-wp-on--click=\"actions.showLightbox\" data-wp-on--load=\"callbacks.setButtonStyles\" data-wp-on--pointerdown=\"actions.preloadImage\" data-wp-on--pointerenter=\"actions.preloadImageWithDelay\" data-wp-on--pointerleave=\"actions.cancelPreload\" data-wp-on-window--resize=\"callbacks.setButtonStyles\" src=\"https:\/\/loudavymkrokem.cz\/wp-content\/uploads\/2026\/09\/casa-san-agust-n.jpg\" alt=\"Casa San Agust\u00edn hotel\" class=\"wp-image-415692\" title=\"\" srcset=\"https:\/\/loudavymkrokem.cz\/wp-content\/uploads\/2026\/09\/casa-san-agust-n.jpg 1600w, https:\/\/loudavymkrokem.cz\/wp-content\/uploads\/2026\/09\/casa-san-agust-n-300x200.jpg 300w, https:\/\/loudavymkrokem.cz\/wp-content\/uploads\/2026\/09\/casa-san-agust-n-700x467.jpg 700w, https:\/\/loudavymkrokem.cz\/wp-content\/uploads\/2026\/09\/casa-san-agust-n-768x513.jpg 768w, https:\/\/loudavymkrokem.cz\/wp-content\/uploads\/2026\/09\/casa-san-agust-n-1536x1025.jpg 1536w, https:\/\/loudavymkrokem.cz\/wp-content\/uploads\/2026\/09\/casa-san-agust-n-696x465.jpg 696w, https:\/\/loudavymkrokem.cz\/wp-content\/uploads\/2026\/09\/casa-san-agust-n-1392x929.jpg 1392w\" sizes=\"(max-width: 1600px) 100vw, 1600px\" \/><button\n\t\t\tclass=\"lightbox-trigger\"\n\t\t\ttype=\"button\"\n\t\t\taria-haspopup=\"dialog\"\n\t\t\tdata-wp-bind--aria-label=\"state.thisImage.triggerButtonAriaLabel\"\n\t\t\tdata-wp-init=\"callbacks.initTriggerButton\"\n\t\t\tdata-wp-on--click=\"actions.showLightbox\"\n\t\t\tdata-wp-style--right=\"state.thisImage.buttonRight\"\n\t\t\tdata-wp-style--top=\"state.thisImage.buttonTop\"\n\t\t>\n\t\t\t<svg xmlns=\"http:\/\/www.w3.org\/2000\/svg\" width=\"12\" height=\"12\" fill=\"none\" viewBox=\"0 0 12 12\">\n\t\t\t\t<path fill=\"#fff\" d=\"M2 0a2 2 0 0 0-2 2v2h1.5V2a.5.5 0 0 1 .5-.5h2V0H2Zm2 10.5H2a.5.5 0 0 1-.5-.5V8H0v2a2 2 0 0 0 2 2h2v-1.5ZM8 12v-1.5h2a.5.5 0 0 0 .5-.5V8H12v2a2 2 0 0 1-2 2H8Zm2-12a2 2 0 0 1 2 2v2h-1.5V2a.5.5 0 0 0-.5-.5H8V0h2Z\" \/>\n\t\t\t<\/svg>\n\t\t<\/button><figcaption class=\"wp-element-caption\">Foto: Casa San Agust\u00edn \/ Google Maps<\/figcaption><\/figure>\n\n\n\n<h3 class=\"wp-block-heading\"><span class=\"ez-toc-section\" id=\"1_Casa_San_Agustin\"><\/span>1. Casa San Agust\u00edn<span class=\"ez-toc-section-end\"><\/span><\/h3>\n\n\n\n<p class=\"wp-block-paragraph\">Ez az ikonikus hotel (b\u0151vebben a <a href=\"https:\/\/www.hotelcasasanagustin.com\/\" target=\"_blank\" rel=\"nofollow noopener\">hivatalos oldalon<\/a>) <strong>a v\u00e1ros legh\u00edresebb luxusc\u00edme<\/strong>, amit a t\u00f6bb mint 612 f\u00fcggetlen v\u00e9lem\u00e9nyb\u0151l sz\u00e1rmaz\u00f3, teljesen fantasztikus \u26054,8-as \u00e9rt\u00e9kel\u00e9s is meger\u0151s\u00edt. H\u00e1rom gy\u00f6ny\u00f6r\u0171, 18. sz\u00e1zadi gyarmati h\u00e1z gondos \u00f6sszekapcsol\u00e1s\u00e1b\u00f3l j\u00f6tt l\u00e9tre, \u00e9s a r\u00e9gi id\u0151k leny\u0171g\u00f6z\u0151 hangulat\u00e1t \u00f6tv\u00f6zi a modern \u00f6tcsillagos szervizzel. Az eg\u00e9sz t\u00e9r t\u00f6rt\u00e9nelmet l\u00e9legzik, \u00e9s minden l\u00e9p\u00e9sn\u00e9l olyan r\u00e9szletbe botlasz, amelyn\u00e9l meg\u00e1lln\u00e1l, hogy el\u0151kapd a f\u00e9nyk\u00e9pez\u0151g\u00e9pet.<\/p>\n\n\n\n<p class=\"wp-block-paragraph\">A hotel legnagyobb vonzereje \u00e9s vizu\u00e1lis domin\u00e1nsa az <strong>\u0151si akvadukt, amely k\u00f6zvetlen\u00fcl a gy\u00f6ny\u00f6r\u0171 bels\u0151 medence f\u00f6l\u00f6tt \u00edvel \u00e1t<\/strong>, \u00edgy \u00fasz\u00e1s k\u00f6zben olyan \u00e9rz\u00e9sed van, mintha egy gyarmatos\u00edt\u00f3 telenovell\u00e1ban lenn\u00e9l, csak jobb wellnesszel. A szob\u00e1k luxus, csendes kl\u00edm\u00e1val, pr\u00e9mium nat\u00farkozmetikummal \u00e9s meg\u0151rz\u00f6tt faf\u00f6d\u00e9mekkel vannak felszerelve. B\u00e1r a zajos Centro kell\u0151s k\u00f6zep\u00e9n vagy, a t\u00f6rt\u00e9nelmi h\u00e1zak m\u00e9teres vastag falai t\u00f6k\u00e9letes hangszigetel\u00e9sk\u00e9nt m\u0171k\u00f6dnek.<\/p>\n\n\n\n<p class=\"wp-block-paragraph\">Az ig\u00e9nyes utaz\u00f3knak <strong>t\u00f6k\u00e9letes concierge szerviz<\/strong> \u00e1ll rendelkez\u00e9sre, amely seg\u00edt asztalt foglalni a legjobb \u00e9ttermekbe vagy priv\u00e1t haj\u00f3t a szigetekre. Az itteni hotel\u00e9tterem r\u00e1ad\u00e1sul <strong>\u00e1tgondolt veget\u00e1ri\u00e1nus men\u00fct<\/strong> is k\u00edn\u00e1l, amit a vend\u00e9gek nagyon dics\u00e9rnek eredetis\u00e9g\u00e9\u00e9rt \u00e9s a helyi alapanyagok frissess\u00e9g\u00e9\u00e9rt.<\/p>\n\n\n\n<p class=\"wp-block-paragraph\"><strong>\ud83d\udca1 Tipp:<\/strong> A hotel t\u00f6k\u00e9letes v\u00e1laszt\u00e1s romantikus tart\u00f3zkod\u00e1shoz, n\u00e1sz\u00fathoz \u00e9s ig\u00e9nyes p\u00e1roknak, akik abszol\u00fat mag\u00e1n\u00e9letet keresnek. <strong>Ne felejtsd el bejelentkez\u00e9skor bemutatni a PIP-5 pecs\u00e9ttel ell\u00e1tott \u00fatleveled<\/strong>, mert ilyen pr\u00e9mium \u00f6sszegekn\u00e9l a megsp\u00f3rolt 19% ad\u00f3 t\u00e9nyleg \u00f3ri\u00e1si k\u00fcl\u00f6nbs\u00e9get jelent a teljes k\u00f6lts\u00e9gvet\u00e9sben. <em><a href=\"https:\/\/www.stay22.com\/allez\/roam?aid=lukaskonecny&#038;campaign=loudavymkrokemcz&#038;campaign=kde-bydlet-v-cartagene&#038;hotelname=Casa%20San%20Agust%C3%ADn&#038;address=Cartagena%2C%20Kolumbie\" target=\"_blank\" rel=\"nofollow noopener sponsored\">\u00e1rak \u00e9s el\u00e9rhet\u0151s\u00e9g ellen\u0151rz\u00e9se<\/a><\/em><\/p>\n\n\n\n<figure data-wp-context=\"{&quot;imageId&quot;:&quot;6a9c185fc9cf7&quot;}\" data-wp-interactive=\"core\/image\" data-wp-key=\"6a9c185fc9cf7\" class=\"wp-block-image size-full wp-lightbox-container\"><img decoding=\"async\" width=\"1600\" height=\"1067\" data-wp-class--hide=\"state.isContentHidden\" data-wp-class--show=\"state.isContentVisible\" data-wp-init=\"callbacks.setButtonStyles\" data-wp-on--click=\"actions.showLightbox\" data-wp-on--load=\"callbacks.setButtonStyles\" data-wp-on--pointerdown=\"actions.preloadImage\" data-wp-on--pointerenter=\"actions.preloadImageWithDelay\" data-wp-on--pointerleave=\"actions.cancelPreload\" data-wp-on-window--resize=\"callbacks.setButtonStyles\" src=\"https:\/\/loudavymkrokem.cz\/wp-content\/uploads\/2026\/09\/casa-carolina-hotel.jpg\" alt=\"Casa Carolina Hotel\" class=\"wp-image-415696\" title=\"\" srcset=\"https:\/\/loudavymkrokem.cz\/wp-content\/uploads\/2026\/09\/casa-carolina-hotel.jpg 1600w, https:\/\/loudavymkrokem.cz\/wp-content\/uploads\/2026\/09\/casa-carolina-hotel-300x200.jpg 300w, https:\/\/loudavymkrokem.cz\/wp-content\/uploads\/2026\/09\/casa-carolina-hotel-700x467.jpg 700w, https:\/\/loudavymkrokem.cz\/wp-content\/uploads\/2026\/09\/casa-carolina-hotel-768x512.jpg 768w, https:\/\/loudavymkrokem.cz\/wp-content\/uploads\/2026\/09\/casa-carolina-hotel-1536x1024.jpg 1536w, https:\/\/loudavymkrokem.cz\/wp-content\/uploads\/2026\/09\/casa-carolina-hotel-696x464.jpg 696w, https:\/\/loudavymkrokem.cz\/wp-content\/uploads\/2026\/09\/casa-carolina-hotel-1392x928.jpg 1392w\" sizes=\"(max-width: 1600px) 100vw, 1600px\" \/><button\n\t\t\tclass=\"lightbox-trigger\"\n\t\t\ttype=\"button\"\n\t\t\taria-haspopup=\"dialog\"\n\t\t\tdata-wp-bind--aria-label=\"state.thisImage.triggerButtonAriaLabel\"\n\t\t\tdata-wp-init=\"callbacks.initTriggerButton\"\n\t\t\tdata-wp-on--click=\"actions.showLightbox\"\n\t\t\tdata-wp-style--right=\"state.thisImage.buttonRight\"\n\t\t\tdata-wp-style--top=\"state.thisImage.buttonTop\"\n\t\t>\n\t\t\t<svg xmlns=\"http:\/\/www.w3.org\/2000\/svg\" width=\"12\" height=\"12\" fill=\"none\" viewBox=\"0 0 12 12\">\n\t\t\t\t<path fill=\"#fff\" d=\"M2 0a2 2 0 0 0-2 2v2h1.5V2a.5.5 0 0 1 .5-.5h2V0H2Zm2 10.5H2a.5.5 0 0 1-.5-.5V8H0v2a2 2 0 0 0 2 2h2v-1.5ZM8 12v-1.5h2a.5.5 0 0 0 .5-.5V8H12v2a2 2 0 0 1-2 2H8Zm2-12a2 2 0 0 1 2 2v2h-1.5V2a.5.5 0 0 0-.5-.5H8V0h2Z\" \/>\n\t\t\t<\/svg>\n\t\t<\/button><figcaption class=\"wp-element-caption\">Foto: Casa Carolina Hotel \/ Google Maps<\/figcaption><\/figure>\n\n\n\n<h3 class=\"wp-block-heading\"><span class=\"ez-toc-section\" id=\"2_Casa_Carolina_Hotel\"><\/span>2. Casa Carolina Hotel<span class=\"ez-toc-section-end\"><\/span><\/h3>\n\n\n\n<p class=\"wp-block-paragraph\">Ez a butik\u00e9kszer a Calle del Arzobispad\u00f3n (b\u0151vebben a <a href=\"https:\/\/www.hotelcasacarolina.com\/\" target=\"_blank\" rel=\"nofollow noopener\">hivatalos oldalon<\/a>) <strong>a legjobb \u00e1tlagos \u00e9rt\u00e9kel\u00e9ssel b\u00fcszk\u00e9lkedik az eg\u00e9sz v\u00e1logat\u00e1sunkban<\/strong>, hihetetlen \u26054,9-et tart, alapos 807 v\u00e9lem\u00e9ny alapj\u00e1n. Ez \u00f3ri\u00e1si siker, k\u00fcl\u00f6n\u00f6sen ilyen magas sz\u00e1m\u00fa, egy\u00e9bk\u00e9nt nagyon kritikus vend\u00e9g mellett. Az \u00e9p\u00fclet \u00e9p\u00edt\u00e9szete gy\u00f6ny\u00f6r\u0171en \u00f6tv\u00f6zi a hagyom\u00e1nyos gyarmati elemeket a nagyon tiszta, leveg\u0151s modern diz\u00e1jnnal, \u00edgy a t\u00e9r egy\u00e1ltal\u00e1n nem hat sz\u0171k\u00f6snek.<\/p>\n\n\n\n<p class=\"wp-block-paragraph\">A vend\u00e9gek itt <strong>nem egy, hanem r\u00f6gt\u00f6n t\u00f6bb kisebb medenc\u00e9t \u00e9s pezsg\u0151f\u00fcrd\u0151t<\/strong> \u00e9lvezhetnek, ami a forr\u00f3 \u00e9s f\u00fclledt Cartagen\u00e1ban t\u00e9nyleg felbecs\u00fclhetetlen el\u0151ny a d\u00e9lut\u00e1ni pihen\u00e9shez. A szob\u00e1k \u00e1tlagon fel\u00fcl t\u00e1gasak, az \u00e1gyak rendk\u00edv\u00fcl k\u00e9nyelmesek, a kl\u00edma pedig teljesen kifog\u00e1stalanul \u00e9s csendben m\u0171k\u00f6dik. A szem\u00e9lyzet \u00e1ll\u00edt\u00f3lag megjegyzi a vend\u00e9gek nev\u00e9t, \u00e9s a v\u00e9lem\u00e9nyek ezt \u00fajra meg \u00fajra meger\u0151s\u00edtik, \u00edgy val\u00f3sz\u00edn\u0171leg nem csak \u00fcres fr\u00e1zis.<\/p>\n\n\n\n<p class=\"wp-block-paragraph\">A remek, <strong>k\u00f6zvetlen\u00fcl a t\u00f6rt\u00e9nelmi k\u00f6zpontban l\u00e9v\u0151<\/strong> fekv\u00e9snek k\u00f6sz\u00f6nhet\u0151en minden kulcsfontoss\u00e1g\u00fa l\u00e1tnival\u00f3 ott van a sarkon, maga a hotel viszont csendes o\u00e1zis marad. Reggelire rengeteg friss egzotikus gy\u00fcm\u00f6lcs \u00e9s <strong>kiv\u00e1l\u00f3 kolumbiai k\u00e1v\u00e9<\/strong> j\u00e1r, ami garant\u00e1ltan fel\u00e9breszt egy \u00fajabb felfedez\u00e9sekkel teli napra.<\/p>\n\n\n\n<p class=\"wp-block-paragraph\"><strong>\ud83d\udca1 Tipp:<\/strong> A <a href=\"https:\/\/www.stay22.com\/allez\/roam?aid=lukaskonecny&#038;campaign=loudavymkrokemcz&#038;campaign=kde-bydlet-v-cartagene&#038;hotelname=Casa%20Carolina%20Hotel&#038;address=Cartagena%2C%20Kolumbie\" target=\"_blank\" rel=\"noopener nofollow sponsored\">Casa Carolina<\/a> t\u00f6k\u00e9letes azoknak, akik <strong>cs\u00facsmin\u0151s\u00e9g\u0171 luxust \u00e9s szem\u00e9lyes hozz\u00e1\u00e1ll\u00e1st szeretn\u00e9nek, de t\u00falzott formas\u00e1g \u00e9s kem\u00e9nyked\u00e9s n\u00e9lk\u00fcl<\/strong>. Ha foglal\u00e1si port\u00e1lon szeretn\u00e9l el\u0151re fizetni, gondosan ellen\u0151rizd, hogy a rendszer nem sz\u00e1molja-e fel r\u00f6gt\u00f6n a kolumbiai IVA-t. Gyakran meg\u00e9ri a recepci\u00f3n, helyben fizetni.<\/p>\n\n\n\n<figure data-wp-context=\"{&quot;imageId&quot;:&quot;6a9c185fca275&quot;}\" data-wp-interactive=\"core\/image\" data-wp-key=\"6a9c185fca275\" class=\"wp-block-image size-full wp-lightbox-container\"><img decoding=\"async\" width=\"1600\" height=\"1067\" data-wp-class--hide=\"state.isContentHidden\" data-wp-class--show=\"state.isContentVisible\" data-wp-init=\"callbacks.setButtonStyles\" data-wp-on--click=\"actions.showLightbox\" data-wp-on--load=\"callbacks.setButtonStyles\" data-wp-on--pointerdown=\"actions.preloadImage\" data-wp-on--pointerenter=\"actions.preloadImageWithDelay\" data-wp-on--pointerleave=\"actions.cancelPreload\" data-wp-on-window--resize=\"callbacks.setButtonStyles\" src=\"https:\/\/loudavymkrokem.cz\/wp-content\/uploads\/2026\/09\/amarla-boutique-hotel.jpg\" alt=\"Amarla Boutique Hotel\" class=\"wp-image-415698\" title=\"\" srcset=\"https:\/\/loudavymkrokem.cz\/wp-content\/uploads\/2026\/09\/amarla-boutique-hotel.jpg 1600w, https:\/\/loudavymkrokem.cz\/wp-content\/uploads\/2026\/09\/amarla-boutique-hotel-300x200.jpg 300w, https:\/\/loudavymkrokem.cz\/wp-content\/uploads\/2026\/09\/amarla-boutique-hotel-700x467.jpg 700w, https:\/\/loudavymkrokem.cz\/wp-content\/uploads\/2026\/09\/amarla-boutique-hotel-768x512.jpg 768w, https:\/\/loudavymkrokem.cz\/wp-content\/uploads\/2026\/09\/amarla-boutique-hotel-1536x1024.jpg 1536w, https:\/\/loudavymkrokem.cz\/wp-content\/uploads\/2026\/09\/amarla-boutique-hotel-696x464.jpg 696w, https:\/\/loudavymkrokem.cz\/wp-content\/uploads\/2026\/09\/amarla-boutique-hotel-1392x928.jpg 1392w\" sizes=\"(max-width: 1600px) 100vw, 1600px\" \/><button\n\t\t\tclass=\"lightbox-trigger\"\n\t\t\ttype=\"button\"\n\t\t\taria-haspopup=\"dialog\"\n\t\t\tdata-wp-bind--aria-label=\"state.thisImage.triggerButtonAriaLabel\"\n\t\t\tdata-wp-init=\"callbacks.initTriggerButton\"\n\t\t\tdata-wp-on--click=\"actions.showLightbox\"\n\t\t\tdata-wp-style--right=\"state.thisImage.buttonRight\"\n\t\t\tdata-wp-style--top=\"state.thisImage.buttonTop\"\n\t\t>\n\t\t\t<svg xmlns=\"http:\/\/www.w3.org\/2000\/svg\" width=\"12\" height=\"12\" fill=\"none\" viewBox=\"0 0 12 12\">\n\t\t\t\t<path fill=\"#fff\" d=\"M2 0a2 2 0 0 0-2 2v2h1.5V2a.5.5 0 0 1 .5-.5h2V0H2Zm2 10.5H2a.5.5 0 0 1-.5-.5V8H0v2a2 2 0 0 0 2 2h2v-1.5ZM8 12v-1.5h2a.5.5 0 0 0 .5-.5V8H12v2a2 2 0 0 1-2 2H8Zm2-12a2 2 0 0 1 2 2v2h-1.5V2a.5.5 0 0 0-.5-.5H8V0h2Z\" \/>\n\t\t\t<\/svg>\n\t\t<\/button><figcaption class=\"wp-element-caption\">Foto: Amarla Boutique Hotel Cartagena \/ Google Maps<\/figcaption><\/figure>\n\n\n\n<h3 class=\"wp-block-heading\"><span class=\"ez-toc-section\" id=\"3_Amarla_Boutique_Hotel\"><\/span>3. Amarla Boutique Hotel<span class=\"ez-toc-section-end\"><\/span><\/h3>\n\n\n\n<p class=\"wp-block-paragraph\">Ha valami igaz\u00e1n meghitt \u00e9s a turistat\u00f6megek el\u0151l elrejtett helyet keresel, ez a gy\u00f6ny\u00f6r\u0171en fel\u00faj\u00edtott 19. sz\u00e1zadi h\u00e1z a Calle Ayoson (n\u00e9zd meg a hivatalos oldalt) teljesen elvar\u00e1zsol (\u00e9rt\u00e9kel\u00e9s \u26054,9, 408 v\u00e9lem\u00e9nyb\u0151l). A <strong>hotelnek mind\u00f6ssze h\u00e9t szob\u00e1ja van<\/strong>, ami hihetetlen\u00fcl szem\u00e9lyes, csal\u00e1dias \u00e9s csendes hangulatot garant\u00e1l az egy\u00e9bk\u00e9nt nagyon ny\u00fczsg\u0151 \u00f3v\u00e1rosban. Minden szoba m\u00e1shogy n\u00e9z ki, az antikvit\u00e1sok helyi m\u0171v\u00e9szek m\u0171veivel keverednek, \u00e9s kedved lesz lef\u00e9nyk\u00e9pezni az eg\u00e9sz szob\u00e1t, m\u00e9g miel\u0151tt kicsomagoln\u00e1d a b\u0151r\u00f6nd\u00f6d.<\/p>\n\n\n\n<p class=\"wp-block-paragraph\">Ennek a luxus butiksz\u00e1ll\u00e1snak az aranysz\u00f6ge a <strong>gy\u00f6ny\u00f6r\u0171, d\u00fas tr\u00f3pusi n\u00f6v\u00e9nyekkel k\u00f6r\u00fclvett tet\u0151medence<\/strong>, ahonnan csod\u00e1latos a kil\u00e1t\u00e1s a k\u00f6rny\u00e9kre. Ez pontosan az a hely, ahov\u00e1 d\u00e9lut\u00e1n el akarsz b\u00fajni a perzsel\u0151 karibi nap el\u0151l egy j\u00f3 k\u00f6nyvvel \u00e9s egy j\u00e9ghideg itallal. A szob\u00e1k h\u0171t\u00e9se t\u00f6k\u00e9letesen megoldott, aminek k\u00f6sz\u00f6nhet\u0151en \u00e9jszaka remek\u00fcl kipihened magad.<\/p>\n\n\n\n<p class=\"wp-block-paragraph\">A <strong>kis kapacit\u00e1s<\/strong> miatt a szem\u00e9lyzet t\u00e9nyleg maxim\u00e1lisan foglalkozhat minden egyes vend\u00e9ggel, ami megl\u00e1tszik a lelkes v\u00e9lem\u00e9nyeken. Sz\u00edvesen aj\u00e1nlanak a k\u00f6rny\u00e9k legjobb k\u00e1v\u00e9z\u00f3it, vagy pontosan az \u00e9rdekl\u0151d\u00e9sed szerint foglalnak v\u00e1rosn\u00e9z\u00e9st, m\u00e9gpedig <strong>a klasszikus hotelfel\u00e1r n\u00e9lk\u00fcl<\/strong>.<\/p>\n\n\n\n<p class=\"wp-block-paragraph\"><strong>\ud83d\udca1 Tipp:<\/strong> A mind\u00f6ssze h\u00e9t szoba exkluz\u00edv kapacit\u00e1sa miatt <strong>t\u00e9nyleg j\u00f3 el\u0151re kell foglalnod<\/strong>, k\u00fcl\u00f6n\u00f6sen ha decembert\u0151l \u00e1prilisig, a f\u0151szezonban tervezel utazni. Ez abszol\u00fat ide\u00e1lis mened\u00e9k a nyugalmat \u00e9s romantik\u00e1t keres\u0151 p\u00e1roknak. <em><a href=\"https:\/\/www.stay22.com\/allez\/roam?aid=lukaskonecny&#038;campaign=loudavymkrokemcz&#038;campaign=kde-bydlet-v-cartagene&#038;hotelname=Amarla%20Boutique%20Hotel&#038;address=Cartagena%2C%20Kolumbie\" target=\"_blank\" rel=\"nofollow noopener sponsored\">\u00e1rak \u00e9s el\u00e9rhet\u0151s\u00e9g ellen\u0151rz\u00e9se<\/a><\/em><\/p>\n\n\n\n<figure data-wp-context=\"{&quot;imageId&quot;:&quot;6a9c185fca6b9&quot;}\" data-wp-interactive=\"core\/image\" data-wp-key=\"6a9c185fca6b9\" class=\"wp-block-image size-full wp-lightbox-container\"><img decoding=\"async\" width=\"1600\" height=\"899\" data-wp-class--hide=\"state.isContentHidden\" data-wp-class--show=\"state.isContentVisible\" data-wp-init=\"callbacks.setButtonStyles\" data-wp-on--click=\"actions.showLightbox\" data-wp-on--load=\"callbacks.setButtonStyles\" data-wp-on--pointerdown=\"actions.preloadImage\" data-wp-on--pointerenter=\"actions.preloadImageWithDelay\" data-wp-on--pointerleave=\"actions.cancelPreload\" data-wp-on-window--resize=\"callbacks.setButtonStyles\" src=\"https:\/\/loudavymkrokem.cz\/wp-content\/uploads\/2026\/09\/hotel-charleston-santa-teresa.jpg\" alt=\"Hotel Charleston Santa Teresa\" class=\"wp-image-415700\" title=\"\" srcset=\"https:\/\/loudavymkrokem.cz\/wp-content\/uploads\/2026\/09\/hotel-charleston-santa-teresa.jpg 1600w, https:\/\/loudavymkrokem.cz\/wp-content\/uploads\/2026\/09\/hotel-charleston-santa-teresa-300x169.jpg 300w, https:\/\/loudavymkrokem.cz\/wp-content\/uploads\/2026\/09\/hotel-charleston-santa-teresa-700x393.jpg 700w, https:\/\/loudavymkrokem.cz\/wp-content\/uploads\/2026\/09\/hotel-charleston-santa-teresa-768x432.jpg 768w, https:\/\/loudavymkrokem.cz\/wp-content\/uploads\/2026\/09\/hotel-charleston-santa-teresa-1536x863.jpg 1536w, https:\/\/loudavymkrokem.cz\/wp-content\/uploads\/2026\/09\/hotel-charleston-santa-teresa-696x391.jpg 696w, https:\/\/loudavymkrokem.cz\/wp-content\/uploads\/2026\/09\/hotel-charleston-santa-teresa-1392x782.jpg 1392w\" sizes=\"(max-width: 1600px) 100vw, 1600px\" \/><button\n\t\t\tclass=\"lightbox-trigger\"\n\t\t\ttype=\"button\"\n\t\t\taria-haspopup=\"dialog\"\n\t\t\tdata-wp-bind--aria-label=\"state.thisImage.triggerButtonAriaLabel\"\n\t\t\tdata-wp-init=\"callbacks.initTriggerButton\"\n\t\t\tdata-wp-on--click=\"actions.showLightbox\"\n\t\t\tdata-wp-style--right=\"state.thisImage.buttonRight\"\n\t\t\tdata-wp-style--top=\"state.thisImage.buttonTop\"\n\t\t>\n\t\t\t<svg xmlns=\"http:\/\/www.w3.org\/2000\/svg\" width=\"12\" height=\"12\" fill=\"none\" viewBox=\"0 0 12 12\">\n\t\t\t\t<path fill=\"#fff\" d=\"M2 0a2 2 0 0 0-2 2v2h1.5V2a.5.5 0 0 1 .5-.5h2V0H2Zm2 10.5H2a.5.5 0 0 1-.5-.5V8H0v2a2 2 0 0 0 2 2h2v-1.5ZM8 12v-1.5h2a.5.5 0 0 0 .5-.5V8H12v2a2 2 0 0 1-2 2H8Zm2-12a2 2 0 0 1 2 2v2h-1.5V2a.5.5 0 0 0-.5-.5H8V0h2Z\" \/>\n\t\t\t<\/svg>\n\t\t<\/button><figcaption class=\"wp-element-caption\">Foto: Hotel Charleston Santa Teresa \/ Google Maps<\/figcaption><\/figure>\n\n\n\n<h3 class=\"wp-block-heading\"><span class=\"ez-toc-section\" id=\"4_Hotel_Charleston_Santa_Teresa\"><\/span>4. Hotel Charleston Santa Teresa<span class=\"ez-toc-section-end\"><\/span><\/h3>\n\n\n\n<p class=\"wp-block-paragraph\">Ez a hatalmas \u00e9s t\u00f6rt\u00e9nelmileg nagyon jelent\u0151s komplexum (fedezd fel a <a href=\"https:\/\/www.hotelcharlestonsantateresa.com\/\" target=\"_blank\" rel=\"nofollow noopener\">weboldalukat<\/a>) a fest\u0151i Plaza <a href=\"https:\/\/www.stay22.com\/allez\/roam?aid=lukaskonecny&#038;campaign=loudavymkrokemcz&#038;campaign=kde-bydlet-v-cartagene&#038;hotelname=Hotel%20Charleston%20Santa%20Teresa&#038;address=Cartagena%2C%20Kolumbie\" target=\"_blank\" rel=\"noopener nofollow sponsored\">Santa Teres\u00e1n<\/a> egy gondosan fel\u00faj\u00edtott, 1609-es kolostorban sz\u00e9kel. Ez az a hotel, amelynek <strong>a legt\u00f6bb v\u00e9lem\u00e9nye van a v\u00e1rfalakon bel\u00fcli \u00f6sszes \u00f6tcsillagos l\u00e9tes\u00edtm\u00e9ny k\u00f6z\u00fcl<\/strong> (sz\u00e9p \u26054,7-es \u00e9rt\u00e9kel\u00e9s 1 709 v\u00e9lem\u00e9nyb\u0151l). M\u00e1r maga a r\u00e9gi kolostorfolyos\u00f3k \u00e9s a hatalmas k\u0151falak hangulata teljesen felejthetetlen, \u00e9s \u00e9vsz\u00e1zados t\u00f6rt\u00e9nelmet lehel.<\/p>\n\n\n\n<p class=\"wp-block-paragraph\">A vend\u00e9gek sz\u00e1m\u00e1ra a legnagyobb vonzer\u0151 a <strong>terjedelmes tet\u0151medence, l\u00e9legzetel\u00e1ll\u00edt\u00f3 kil\u00e1t\u00e1ssal k\u00f6zvetlen\u00fcl a t\u00f6rt\u00e9nelmi v\u00e1rfalakra<\/strong> \u00e9s a v\u00e9gtelen Karib-tengerre. A d\u00e9lut\u00e1ni f\u00fcrd\u0151z\u00e9s a v\u00e1rfalakra \u00e9s a naplement\u00e9re n\u00e9z\u0151 kil\u00e1t\u00e1ssal pontosan az a fot\u00f3, ami\u00e9rt Cartagen\u00e1ba rep\u00fclt\u00e9l. A szob\u00e1k rendk\u00edv\u00fcl eleg\u00e1nsak, \u00e9s \u00edzl\u00e9sesen \u00f6tv\u00f6zik a t\u00f6rt\u00e9nelmi elemeket a legmodernebb technol\u00f3gi\u00e1val \u00e9s az er\u0151s kl\u00edm\u00e1val.<\/p>\n\n\n\n<p class=\"wp-block-paragraph\">A hotel r\u00e1ad\u00e1sul <strong>remek \u00e9tkez\u00e9si lehet\u0151s\u00e9gek<\/strong> szoros k\u00f6zel\u00e9ben fekszik, \u00edgy nem kell messzire menned. Mag\u00e1ban az \u00e9p\u00fcletben <strong>luxus wellnessk\u00f6zpont<\/strong> m\u0171k\u00f6dik, ahol a hossz\u00fa rep\u00fcl\u0151\u00fat ut\u00e1n hagyhatod magad k\u00e9nyeztetni helyi gy\u00f3gyn\u00f6v\u00e9nyeket haszn\u00e1l\u00f3 profi massz\u00e1zsokkal.<\/p>\n\n\n\n<p class=\"wp-block-paragraph\"><strong>\ud83d\udca1 Tipp:<\/strong> A hotel egy el\u00e9g ny\u00fczsg\u0151 t\u00e9ren fekszik, de maguk a szob\u00e1k a vastag faloknak k\u00f6sz\u00f6nhet\u0151en j\u00f3l szigetelnek a k\u00f6rnyez\u0151 t\u00f6rt\u00e9n\u00e9sekt\u0151l. <strong>Ha nagyon \u00e9ber alv\u00f3 vagy, aj\u00e1nljuk a csendesebb bels\u0151 udvarra n\u00e9z\u0151 szob\u00e1k k\u00e9r\u00e9s\u00e9t.<\/strong> A f\u00f6ldszinti \u00e9tterem gy\u00f6ny\u00f6r\u0171, de veget\u00e1ri\u00e1nusoknak ink\u00e1bb a k\u00f6zeli Casa Boh\u00eame \u00e9ttermet aj\u00e1nljuk, ahol remek h\u00fasmentes fog\u00e1sok vannak.<\/p>\n\n\n\n<figure data-wp-context=\"{&quot;imageId&quot;:&quot;6a9c185fcacc1&quot;}\" data-wp-interactive=\"core\/image\" data-wp-key=\"6a9c185fcacc1\" class=\"wp-block-image size-full wp-lightbox-container\"><img decoding=\"async\" width=\"1600\" height=\"1101\" data-wp-class--hide=\"state.isContentHidden\" data-wp-class--show=\"state.isContentVisible\" data-wp-init=\"callbacks.setButtonStyles\" data-wp-on--click=\"actions.showLightbox\" data-wp-on--load=\"callbacks.setButtonStyles\" data-wp-on--pointerdown=\"actions.preloadImage\" data-wp-on--pointerenter=\"actions.preloadImageWithDelay\" data-wp-on--pointerleave=\"actions.cancelPreload\" data-wp-on-window--resize=\"callbacks.setButtonStyles\" src=\"https:\/\/loudavymkrokem.cz\/wp-content\/uploads\/2026\/09\/basti-n-luxury-hotel.jpg\" alt=\"Basti\u00f3n Luxury Hotel\" class=\"wp-image-415703\" title=\"\" srcset=\"https:\/\/loudavymkrokem.cz\/wp-content\/uploads\/2026\/09\/basti-n-luxury-hotel.jpg 1600w, https:\/\/loudavymkrokem.cz\/wp-content\/uploads\/2026\/09\/basti-n-luxury-hotel-300x206.jpg 300w, https:\/\/loudavymkrokem.cz\/wp-content\/uploads\/2026\/09\/basti-n-luxury-hotel-700x482.jpg 700w, https:\/\/loudavymkrokem.cz\/wp-content\/uploads\/2026\/09\/basti-n-luxury-hotel-768x528.jpg 768w, https:\/\/loudavymkrokem.cz\/wp-content\/uploads\/2026\/09\/basti-n-luxury-hotel-1536x1057.jpg 1536w, https:\/\/loudavymkrokem.cz\/wp-content\/uploads\/2026\/09\/basti-n-luxury-hotel-696x479.jpg 696w, https:\/\/loudavymkrokem.cz\/wp-content\/uploads\/2026\/09\/basti-n-luxury-hotel-1392x958.jpg 1392w\" sizes=\"(max-width: 1600px) 100vw, 1600px\" \/><button\n\t\t\tclass=\"lightbox-trigger\"\n\t\t\ttype=\"button\"\n\t\t\taria-haspopup=\"dialog\"\n\t\t\tdata-wp-bind--aria-label=\"state.thisImage.triggerButtonAriaLabel\"\n\t\t\tdata-wp-init=\"callbacks.initTriggerButton\"\n\t\t\tdata-wp-on--click=\"actions.showLightbox\"\n\t\t\tdata-wp-style--right=\"state.thisImage.buttonRight\"\n\t\t\tdata-wp-style--top=\"state.thisImage.buttonTop\"\n\t\t>\n\t\t\t<svg xmlns=\"http:\/\/www.w3.org\/2000\/svg\" width=\"12\" height=\"12\" fill=\"none\" viewBox=\"0 0 12 12\">\n\t\t\t\t<path fill=\"#fff\" d=\"M2 0a2 2 0 0 0-2 2v2h1.5V2a.5.5 0 0 1 .5-.5h2V0H2Zm2 10.5H2a.5.5 0 0 1-.5-.5V8H0v2a2 2 0 0 0 2 2h2v-1.5ZM8 12v-1.5h2a.5.5 0 0 0 .5-.5V8H12v2a2 2 0 0 1-2 2H8Zm2-12a2 2 0 0 1 2 2v2h-1.5V2a.5.5 0 0 0-.5-.5H8V0h2Z\" \/>\n\t\t\t<\/svg>\n\t\t<\/button><figcaption class=\"wp-element-caption\">Foto: Basti\u00f3n Luxury Hotel \/ Google Maps<\/figcaption><\/figure>\n\n\n\n<h3 class=\"wp-block-heading\"><span class=\"ez-toc-section\" id=\"5_Bastion_Luxury_Hotel\"><\/span>5. Basti\u00f3n Luxury Hotel<span class=\"ez-toc-section-end\"><\/span><\/h3>\n\n\n\n<p class=\"wp-block-paragraph\">Ezt a gy\u00f6ny\u00f6r\u0171 gyarmati hotelt (r\u00e9szletesebben a <a href=\"https:\/\/www.bastionluxuryhotel.com\/\" target=\"_blank\" rel=\"nofollow noopener\">hivatalos oldalon<\/a>) a Calle del Sargento Mayoron tal\u00e1lod, ami az \u00f3v\u00e1ros sz\u00edv\u00e9ben az egyik csendesebb, nyugodtabb utca (kiv\u00e1l\u00f3 \u26054,7-es \u00e9rt\u00e9kel\u00e9s 954 v\u00e9lem\u00e9nyb\u0151l). Maga az \u00e9p\u00fclet a <strong>gyarmati \u00e9p\u00edt\u00e9szet klasszikus p\u00e9ld\u00e1ja, hatalmas \u00e9s gy\u00f6ny\u00f6r\u0171 bels\u0151 pati\u00f3val<\/strong>, amely csod\u00e1latosan h\u0171v\u00f6s \u00e1rny\u00e9kot ad a legf\u00fclledtebb karibi d\u00e9lut\u00e1nokon.<\/p>\n\n\n\n<p class=\"wp-block-paragraph\">A hotel tetej\u00e9n <strong>nagyon n\u00e9pszer\u0171 medence van, terasszal \u00e9s j\u00f3l felszerelt b\u00e1rral<\/strong>, ahonnan gy\u00f6ny\u00f6r\u0171 a kil\u00e1t\u00e1s a k\u00f6rnyez\u0151 h\u00e1zak terrakotta tet\u0151ire \u00e9s a templomtornyokra. A szob\u00e1k kl\u00edm\u00e1ja h\u00edresen csendes \u00e9s er\u0151s (a felforr\u00f3sodott k\u00f6vezeten val\u00f3 eg\u00e9sz napos gyalogl\u00e1s ut\u00e1n ezt t\u00e9nyleg \u00e9rt\u00e9kelni fogod), a kiszolg\u00e1l\u00e1s pedig \u00e9szrev\u00e9tlen\u00fcl mozog a h\u00e1tt\u00e9rben, \u00e9s mindig seg\u00edt, amikor kell.<\/p>\n\n\n\n<p class=\"wp-block-paragraph\">A szob\u00e1k bels\u0151i a term\u00e9szetes anyagokra, sok s\u00f6t\u00e9t f\u00e1ra \u00e9s a visszafogott sz\u00ednekre \u00e9p\u00edtenek, amelyek <strong>abszol\u00fat relax\u00e1ci\u00f3 \u00e9rz\u00e9s\u00e9t keltik<\/strong>. Reggel b\u0151s\u00e9ges reggeli \u00f6rvendeztet meg, <strong>\u00f3ri\u00e1si egzotikus gy\u00fcm\u00f6lcsv\u00e1laszt\u00e9kkal<\/strong> \u00e9s friss p\u00e9ks\u00fctem\u00e9nnyel, amit egy eleg\u00e1ns, \u00fcvegburkolat\u00fa \u00e9tkez\u0151ben szolg\u00e1lnak fel.<\/p>\n\n\n\n<p class=\"wp-block-paragraph\"><strong>\ud83d\udca1 Tipp:<\/strong> A <a href=\"https:\/\/www.stay22.com\/allez\/roam?aid=lukaskonecny&#038;campaign=loudavymkrokemcz&#038;campaign=kde-bydlet-v-cartagene&#038;hotelname=Basti%C3%B3n%20Luxury%20Hotel&#038;address=Cartagena%2C%20Kolumbie\" target=\"_blank\" rel=\"noopener nofollow sponsored\">Basti\u00f3n<\/a> teljesen remek v\u00e1laszt\u00e1s azoknak az utaz\u00f3knak, akik <strong>a t\u00f6rt\u00e9n\u00e9sek kell\u0151s k\u00f6zep\u00e9n akarnak lenni, de k\u00f6zben \u00e9jszaka zavartalanul aludni is szeretn\u00e9nek<\/strong>. Ha a recepci\u00f3n k\u00e1rty\u00e1val fizetsz, ne felejtsd el gondosan \u00e1tn\u00e9zni a v\u00e9g\u00f6sszeget, nehogy t\u00e9ved\u00e9sb\u0151l tartalmazza a helyi lakosoknak sz\u00e1nt 19%-os kolumbiai ad\u00f3t.<\/p>\n\n\n\n<figure data-wp-context=\"{&quot;imageId&quot;:&quot;6a9c185fcb1b6&quot;}\" data-wp-interactive=\"core\/image\" data-wp-key=\"6a9c185fcb1b6\" class=\"wp-block-image size-full wp-lightbox-container\"><img decoding=\"async\" width=\"1100\" height=\"1470\" data-wp-class--hide=\"state.isContentHidden\" data-wp-class--show=\"state.isContentVisible\" data-wp-init=\"callbacks.setButtonStyles\" data-wp-on--click=\"actions.showLightbox\" data-wp-on--load=\"callbacks.setButtonStyles\" data-wp-on--pointerdown=\"actions.preloadImage\" data-wp-on--pointerenter=\"actions.preloadImageWithDelay\" data-wp-on--pointerleave=\"actions.cancelPreload\" data-wp-on-window--resize=\"callbacks.setButtonStyles\" src=\"https:\/\/loudavymkrokem.cz\/wp-content\/uploads\/2026\/09\/casa-claver-loft-boutique-hotel.png\" alt=\"Casa Claver Loft Boutique Hotel\" class=\"wp-image-415705\" title=\"\" srcset=\"https:\/\/loudavymkrokem.cz\/wp-content\/uploads\/2026\/09\/casa-claver-loft-boutique-hotel.png 1100w, https:\/\/loudavymkrokem.cz\/wp-content\/uploads\/2026\/09\/casa-claver-loft-boutique-hotel-224x300.png 224w, https:\/\/loudavymkrokem.cz\/wp-content\/uploads\/2026\/09\/casa-claver-loft-boutique-hotel-700x935.png 700w, https:\/\/loudavymkrokem.cz\/wp-content\/uploads\/2026\/09\/casa-claver-loft-boutique-hotel-768x1026.png 768w, https:\/\/loudavymkrokem.cz\/wp-content\/uploads\/2026\/09\/casa-claver-loft-boutique-hotel-696x930.png 696w\" sizes=\"(max-width: 1100px) 100vw, 1100px\" \/><button\n\t\t\tclass=\"lightbox-trigger\"\n\t\t\ttype=\"button\"\n\t\t\taria-haspopup=\"dialog\"\n\t\t\tdata-wp-bind--aria-label=\"state.thisImage.triggerButtonAriaLabel\"\n\t\t\tdata-wp-init=\"callbacks.initTriggerButton\"\n\t\t\tdata-wp-on--click=\"actions.showLightbox\"\n\t\t\tdata-wp-style--right=\"state.thisImage.buttonRight\"\n\t\t\tdata-wp-style--top=\"state.thisImage.buttonTop\"\n\t\t>\n\t\t\t<svg xmlns=\"http:\/\/www.w3.org\/2000\/svg\" width=\"12\" height=\"12\" fill=\"none\" viewBox=\"0 0 12 12\">\n\t\t\t\t<path fill=\"#fff\" d=\"M2 0a2 2 0 0 0-2 2v2h1.5V2a.5.5 0 0 1 .5-.5h2V0H2Zm2 10.5H2a.5.5 0 0 1-.5-.5V8H0v2a2 2 0 0 0 2 2h2v-1.5ZM8 12v-1.5h2a.5.5 0 0 0 .5-.5V8H12v2a2 2 0 0 1-2 2H8Zm2-12a2 2 0 0 1 2 2v2h-1.5V2a.5.5 0 0 0-.5-.5H8V0h2Z\" \/>\n\t\t\t<\/svg>\n\t\t<\/button><figcaption class=\"wp-element-caption\">Foto: Casa Claver Loft Boutique Hotel \/ Google Maps<\/figcaption><\/figure>\n\n\n\n<h3 class=\"wp-block-heading\"><span class=\"ez-toc-section\" id=\"6_Casa_Claver_Loft_Boutique_Hotel\"><\/span>6. Casa Claver Loft Boutique Hotel<span class=\"ez-toc-section-end\"><\/span><\/h3>\n\n\n\n<p class=\"wp-block-paragraph\">Ez az egyed\u00fcl\u00e1ll\u00f3 butikhotel (\u26054,9-es \u00e9rt\u00e9kel\u00e9st tart 204 v\u00e9lem\u00e9nyb\u0151l) kicsit m\u00e1s sz\u00e1ll\u00e1skoncepci\u00f3t k\u00edn\u00e1l, mint az \u00f3v\u00e1rosi konkurencia els\u00f6pr\u0151 t\u00f6bbs\u00e9ge. <strong>A klasszikus, sz\u0171k\u00f6s hotelszob\u00e1k helyett itt hihetetlen\u00fcl t\u00e1gas loftokat tal\u00e1lsz<\/strong> egy gy\u00f6ny\u00f6r\u0171en fel\u00faj\u00edtott gyarmati h\u00e1zba \u00e1gyazva. Ennek a megk\u00f6zel\u00edt\u00e9snek k\u00f6sz\u00f6nhet\u0151en gyorsan kiv\u00edvta a h\u00edrnevet, hogy az eg\u00e9sz Centro egyik legjobban \u00e9rt\u00e9kelt butikja.<\/p>\n\n\n\n<p class=\"wp-block-paragraph\">Az itteni loftok teljesen ide\u00e1lisak azoknak az utaz\u00f3knak, akik <strong>t\u00f6bb szem\u00e9lyes teret \u00e9s modern, minimalista diz\u00e1jnt<\/strong> r\u00e9szes\u00edtenek el\u0151nyben t\u00f6rt\u00e9nelmi kulissz\u00e1ba csomagolva. Term\u00e9szetes a cs\u00facsmin\u0151s\u00e9g\u0171 kl\u00edma, a min\u0151s\u00e9gi konyhasarok \u00e9s a korl\u00e1tlan hozz\u00e1f\u00e9r\u00e9s a gy\u00f6ny\u00f6r\u0171 tet\u0151medenc\u00e9hez k\u00e9nyelmes \u00fcld\u00f6g\u00e9l\u0151vel. A h\u00e1z massz\u00edv falai r\u00e1ad\u00e1sul t\u00f6k\u00e9letesen szigetelnek minden utcazajt\u00f3l, \u00edgy a v\u00e1ros reggeli ny\u00fczsg\u00e9se egy\u00e1ltal\u00e1n nem \u00e9breszt fel.<\/p>\n\n\n\n<p class=\"wp-block-paragraph\">A szob\u00e1k <strong>tele vannak term\u00e9szetes f\u00e9nnyel<\/strong>, \u00e9s az okosan megoldott szell\u0151z\u00e9snek k\u00f6sz\u00f6nhet\u0151en itt nincs olyan p\u00e1r\u00e1ss\u00e1g-\u00e9rz\u00e9s, mint a r\u00e9gebbi \u00e9p\u00fcletekben. A tulajdonosok nagyon odafigyelnek a szem\u00e9lyes hozz\u00e1\u00e1ll\u00e1sra, \u00e9s sz\u00edvesen seg\u00edtenek b\u00e1rmilyen k\u00f6rny\u00e9kbeli kir\u00e1ndul\u00e1s szervez\u00e9s\u00e9ben <strong>felesleges jutal\u00e9kok n\u00e9lk\u00fcl<\/strong>.<\/p>\n\n\n\n<p class=\"wp-block-paragraph\"><strong>\ud83d\udca1 Tipp:<\/strong> A <a href=\"https:\/\/www.stay22.com\/allez\/roam?aid=lukaskonecny&#038;campaign=loudavymkrokemcz&#038;campaign=kde-bydlet-v-cartagene&#038;hotelname=Casa%20Claver%20Loft%20Boutique%20Hotel&#038;address=Cartagena%2C%20Kolumbie\" target=\"_blank\" rel=\"noopener nofollow sponsored\">Casa Claver<\/a> teljesen t\u00f6k\u00e9letes v\u00e1laszt\u00e1s <strong>hosszabb tart\u00f3zkod\u00e1shoz vagy kisebb csal\u00e1doknak \u00e9s bar\u00e1ti t\u00e1rsas\u00e1goknak<\/strong>, akiknek megfelel a t\u00e1gas, felszerelt loftok koncepci\u00f3ja. \u00c9rkez\u00e9skor ne felejtsd el akt\u00edvan k\u00e9rni az ad\u00f3mentes sz\u00e1ll\u00e1st az \u00fatleveled \u00e9s a PIP-5 turista bel\u00e9p\u0151pecs\u00e9t alapj\u00e1n.<\/p>\n\n\n\n<figure data-wp-context=\"{&quot;imageId&quot;:&quot;6a9c185fcb6f2&quot;}\" data-wp-interactive=\"core\/image\" data-wp-key=\"6a9c185fcb6f2\" class=\"wp-block-image size-full wp-lightbox-container\"><img decoding=\"async\" width=\"1024\" height=\"768\" data-wp-class--hide=\"state.isContentHidden\" data-wp-class--show=\"state.isContentVisible\" data-wp-init=\"callbacks.setButtonStyles\" data-wp-on--click=\"actions.showLightbox\" data-wp-on--load=\"callbacks.setButtonStyles\" data-wp-on--pointerdown=\"actions.preloadImage\" data-wp-on--pointerenter=\"actions.preloadImageWithDelay\" data-wp-on--pointerleave=\"actions.cancelPreload\" data-wp-on-window--resize=\"callbacks.setButtonStyles\" src=\"https:\/\/loudavymkrokem.cz\/wp-content\/uploads\/2026\/09\/hotel-boutique-b-vedas-de-santa-clara.jpg\" alt=\"Hotel Boutique B\u00f3vedas de Santa Clara\" class=\"wp-image-415707\" title=\"\" srcset=\"https:\/\/loudavymkrokem.cz\/wp-content\/uploads\/2026\/09\/hotel-boutique-b-vedas-de-santa-clara.jpg 1024w, https:\/\/loudavymkrokem.cz\/wp-content\/uploads\/2026\/09\/hotel-boutique-b-vedas-de-santa-clara-300x225.jpg 300w, https:\/\/loudavymkrokem.cz\/wp-content\/uploads\/2026\/09\/hotel-boutique-b-vedas-de-santa-clara-700x525.jpg 700w, https:\/\/loudavymkrokem.cz\/wp-content\/uploads\/2026\/09\/hotel-boutique-b-vedas-de-santa-clara-768x576.jpg 768w, https:\/\/loudavymkrokem.cz\/wp-content\/uploads\/2026\/09\/hotel-boutique-b-vedas-de-santa-clara-80x60.jpg 80w, https:\/\/loudavymkrokem.cz\/wp-content\/uploads\/2026\/09\/hotel-boutique-b-vedas-de-santa-clara-160x120.jpg 160w, https:\/\/loudavymkrokem.cz\/wp-content\/uploads\/2026\/09\/hotel-boutique-b-vedas-de-santa-clara-696x522.jpg 696w\" sizes=\"(max-width: 1024px) 100vw, 1024px\" \/><button\n\t\t\tclass=\"lightbox-trigger\"\n\t\t\ttype=\"button\"\n\t\t\taria-haspopup=\"dialog\"\n\t\t\tdata-wp-bind--aria-label=\"state.thisImage.triggerButtonAriaLabel\"\n\t\t\tdata-wp-init=\"callbacks.initTriggerButton\"\n\t\t\tdata-wp-on--click=\"actions.showLightbox\"\n\t\t\tdata-wp-style--right=\"state.thisImage.buttonRight\"\n\t\t\tdata-wp-style--top=\"state.thisImage.buttonTop\"\n\t\t>\n\t\t\t<svg xmlns=\"http:\/\/www.w3.org\/2000\/svg\" width=\"12\" height=\"12\" fill=\"none\" viewBox=\"0 0 12 12\">\n\t\t\t\t<path fill=\"#fff\" d=\"M2 0a2 2 0 0 0-2 2v2h1.5V2a.5.5 0 0 1 .5-.5h2V0H2Zm2 10.5H2a.5.5 0 0 1-.5-.5V8H0v2a2 2 0 0 0 2 2h2v-1.5ZM8 12v-1.5h2a.5.5 0 0 0 .5-.5V8H12v2a2 2 0 0 1-2 2H8Zm2-12a2 2 0 0 1 2 2v2h-1.5V2a.5.5 0 0 0-.5-.5H8V0h2Z\" \/>\n\t\t\t<\/svg>\n\t\t<\/button><figcaption class=\"wp-element-caption\">Foto: Hotel Boutique Bovedas de Santa Clara By Accor \/ Google Maps<\/figcaption><\/figure>\n\n\n\n<h3 class=\"wp-block-heading\"><span class=\"ez-toc-section\" id=\"7_Hotel_Boutique_Bovedas_de_Santa_Clara\"><\/span>7. Hotel Boutique B\u00f3vedas de Santa Clara<span class=\"ez-toc-section-end\"><\/span><\/h3>\n\n\n\n<p class=\"wp-block-paragraph\">\u00c1tk\u00f6lt\u00f6z\u00fcnk a sokkal nyugodtabb \u00e9s csendesebb San Diego negyedbe, konkr\u00e9tan a n\u00e9pszer\u0171 Carrera 8-ra. Ez a butikhotel (\u26054,7-es \u00e9rt\u00e9kel\u00e9s 498 v\u00e9lem\u00e9nyb\u0151l) <strong>a h\u00edres Santa Clara kolostor k\u00f6zvetlen szomsz\u00e9ds\u00e1g\u00e1ban<\/strong> \u00e1ll, \u00e9s hihetetlen\u00fcl romantikus, intim hangulatot k\u00edn\u00e1l. Ez az igazi nyugalom o\u00e1zisa, v\u00e9dve a k\u00f6zponti terek legnagyobb ny\u00fczsg\u00e9s\u00e9t\u0151l, ahol a b\u00e1rok csak hajnalban z\u00e1rnak.<\/p>\n\n\n\n<p class=\"wp-block-paragraph\">A gy\u00f6ny\u00f6r\u0171 bels\u0151 udvarban <strong>bujaz\u00f6ld tr\u00f3pusi n\u00f6v\u00e9nyzettel k\u00f6r\u00fclvett sz\u00e9p medenc\u00e9t<\/strong> tal\u00e1lsz, amely egyenesen egy hossz\u00fa d\u00e9lut\u00e1ni szieszt\u00e1ra cs\u00e1b\u00edt. A szob\u00e1knak elb\u0171v\u00f6l\u0151 kis erk\u00e9lyeik vannak, tengerre vagy San Diego csendes t\u00f6rt\u00e9nelmi utc\u00e1csk\u00e1ira n\u00e9zve. Minden bels\u0151 t\u00e9r t\u00f6k\u00e9letesen h\u0171t\u00f6tt, a pr\u00e9mium \u00e1gynem\u0171k pedig a legszigor\u00fabb nemzetk\u00f6zi norm\u00e1knak felelnek meg.<\/p>\n\n\n\n<p class=\"wp-block-paragraph\">Az eg\u00e9sz hotelkoncepci\u00f3 a <strong>meghitt \u00e9lm\u00e9nyre<\/strong> \u00e9p\u00fcl, \u00edgy itt sosem nyomakodsz m\u00e1s turist\u00e1k t\u00f6meg\u00e9vel a reggelin\u00e9l. A k\u00f6zelben r\u00e1ad\u00e1sul r\u00f6gt\u00f6n t\u00f6bb kiv\u00e1l\u00f3 k\u00e1v\u00e9z\u00f3 \u00e9s \u00e9tterem van, amelyek <strong>nincsenek olyan zs\u00fafoltak<\/strong>, mint a v\u00e1ros kell\u0151s k\u00f6zep\u00e9n l\u00e9v\u0151k.<\/p>\n\n\n\n<p class=\"wp-block-paragraph\"><strong>\ud83d\udca1 Tipp:<\/strong> A San Diego negyed <strong>a legjobb kompromisszum a t\u00f6rt\u00e9nelmi k\u00f6zpont vizu\u00e1lis sz\u00e9ps\u00e9ge \u00e9s a n\u00e9lk\u00fcl\u00f6zhetetlen \u00e9jszakai nyugalom k\u00f6z\u00f6tt<\/strong>. Ha a gyarmati Cartagena romantik\u00e1j\u00e1t akarod \u00e9lvezni az \u00e9jszakai klubok d\u00fcb\u00f6rg\u0151 basszusa n\u00e9lk\u00fcl, a <a href=\"https:\/\/www.stay22.com\/allez\/roam?aid=lukaskonecny&#038;campaign=loudavymkrokemcz&#038;campaign=kde-bydlet-v-cartagene&#038;hotelname=Hotel%20Boutique%20B%C3%B3vedas%20de%20Santa%20Clara&#038;address=Cartagena%2C%20Kolumbie\" target=\"_blank\" rel=\"noopener nofollow sponsored\">B\u00f3vedas de Santa Clara<\/a> biztosan nem okoz csal\u00f3d\u00e1st.<\/p>\n\n\n\n<figure data-wp-context=\"{&quot;imageId&quot;:&quot;6a9c185fcbb28&quot;}\" data-wp-interactive=\"core\/image\" data-wp-key=\"6a9c185fcbb28\" class=\"wp-block-image size-full wp-lightbox-container\"><img decoding=\"async\" width=\"1600\" height=\"1067\" data-wp-class--hide=\"state.isContentHidden\" data-wp-class--show=\"state.isContentVisible\" data-wp-init=\"callbacks.setButtonStyles\" data-wp-on--click=\"actions.showLightbox\" data-wp-on--load=\"callbacks.setButtonStyles\" data-wp-on--pointerdown=\"actions.preloadImage\" data-wp-on--pointerenter=\"actions.preloadImageWithDelay\" data-wp-on--pointerleave=\"actions.cancelPreload\" data-wp-on-window--resize=\"callbacks.setButtonStyles\" src=\"https:\/\/loudavymkrokem.cz\/wp-content\/uploads\/2026\/09\/swap-415556-8-6b948045.jpg\" alt=\"B\u00f3vedas de Santa Clara hotel San Dieg\u00f3ban\" class=\"wp-image-415932\" title=\"\" srcset=\"https:\/\/loudavymkrokem.cz\/wp-content\/uploads\/2026\/09\/swap-415556-8-6b948045.jpg 1600w, https:\/\/loudavymkrokem.cz\/wp-content\/uploads\/2026\/09\/swap-415556-8-6b948045-300x200.jpg 300w, https:\/\/loudavymkrokem.cz\/wp-content\/uploads\/2026\/09\/swap-415556-8-6b948045-700x467.jpg 700w, https:\/\/loudavymkrokem.cz\/wp-content\/uploads\/2026\/09\/swap-415556-8-6b948045-768x512.jpg 768w, https:\/\/loudavymkrokem.cz\/wp-content\/uploads\/2026\/09\/swap-415556-8-6b948045-1536x1024.jpg 1536w, https:\/\/loudavymkrokem.cz\/wp-content\/uploads\/2026\/09\/swap-415556-8-6b948045-696x464.jpg 696w, https:\/\/loudavymkrokem.cz\/wp-content\/uploads\/2026\/09\/swap-415556-8-6b948045-1392x928.jpg 1392w\" sizes=\"(max-width: 1600px) 100vw, 1600px\" \/><button\n\t\t\tclass=\"lightbox-trigger\"\n\t\t\ttype=\"button\"\n\t\t\taria-haspopup=\"dialog\"\n\t\t\tdata-wp-bind--aria-label=\"state.thisImage.triggerButtonAriaLabel\"\n\t\t\tdata-wp-init=\"callbacks.initTriggerButton\"\n\t\t\tdata-wp-on--click=\"actions.showLightbox\"\n\t\t\tdata-wp-style--right=\"state.thisImage.buttonRight\"\n\t\t\tdata-wp-style--top=\"state.thisImage.buttonTop\"\n\t\t>\n\t\t\t<svg xmlns=\"http:\/\/www.w3.org\/2000\/svg\" width=\"12\" height=\"12\" fill=\"none\" viewBox=\"0 0 12 12\">\n\t\t\t\t<path fill=\"#fff\" d=\"M2 0a2 2 0 0 0-2 2v2h1.5V2a.5.5 0 0 1 .5-.5h2V0H2Zm2 10.5H2a.5.5 0 0 1-.5-.5V8H0v2a2 2 0 0 0 2 2h2v-1.5ZM8 12v-1.5h2a.5.5 0 0 0 .5-.5V8H12v2a2 2 0 0 1-2 2H8Zm2-12a2 2 0 0 1 2 2v2h-1.5V2a.5.5 0 0 0-.5-.5H8V0h2Z\" \/>\n\t\t\t<\/svg>\n\t\t<\/button><figcaption class=\"wp-element-caption\">Foto: Hotel Boutique Bovedas de Santa Clara By Accor \/ Google Maps<\/figcaption><\/figure>\n\n\n\n<h3 class=\"wp-block-heading\"><span class=\"ez-toc-section\" id=\"8_Casa_Lola_Luxury_Collection\"><\/span>8. Casa Lola Luxury Collection<span class=\"ez-toc-section-end\"><\/span><\/h3>\n\n\n\n<p class=\"wp-block-paragraph\">Ez a leny\u0171g\u00f6z\u0151 hotel (stabil \u26054,6-os \u00e9rt\u00e9kel\u00e9s 774 v\u00e9lem\u00e9nyb\u0151l) magasan <strong>a legismertebb, legf\u00e9nyk\u00e9pezettebb \u00e9s legst\u00edlusosabb c\u00edm a pezsg\u0151 Getseman\u00ed negyedben<\/strong>. \u00c9rdekess\u00e9g, hogy k\u00e9t \u00f6sszek\u00f6t\u00f6tt \u00e9p\u00fcletb\u0151l \u00e1ll: az egyik a klasszikus gyarmati \u00e9p\u00edt\u00e9szetet k\u00e9pviseli, a m\u00e1sik a kicsit \u00fajabb, k\u00f6zt\u00e1rsas\u00e1gi st\u00edlust. A bels\u0151k val\u00f3s\u00e1gos szemgy\u00f6ny\u00f6rk\u00f6dtet\u0151k, \u00e9s nagyon mer\u00e9szen keverik az antikvit\u00e1sokat a modern eklektikus m\u0171v\u00e9szettel.<\/p>\n\n\n\n<p class=\"wp-block-paragraph\">A hotelnek <strong>gy\u00f6ny\u00f6r\u0171 medenc\u00e9je \u00e9s r\u00f6gt\u00f6n t\u00f6bb tet\u0151terasza<\/strong> van, amelyek az eg\u00e9sz Getseman\u00ed ter\u00fclet\u00e9re nagyon jellemz\u0151ek, \u00e9s pazar kil\u00e1t\u00e1sokat k\u00edn\u00e1lnak. A szob\u00e1k sz\u00e1nd\u00e9kosan s\u00f6t\u00e9tebbek, gy\u00f6ny\u00f6r\u0171en h\u0171tve az er\u0151s kl\u00edm\u00e1val, \u00e9s t\u00f6k\u00e9letes menek\u00fcl\u00e9st k\u00edn\u00e1lnak a brut\u00e1lis d\u00e9lut\u00e1ni forr\u00f3s\u00e1g el\u0151l. Csak p\u00e1r tucat l\u00e9p\u00e9sre vagy Cartagena abszol\u00fat legjobb k\u00e1v\u00e9z\u00f3it\u00f3l \u00e9s a fantasztikus utcai m\u0171v\u00e9szett\u0151l.<\/p>\n\n\n\n<p class=\"wp-block-paragraph\">Este az eg\u00e9sz hotelb\u00e1r a <strong>t\u00e1rsas\u00e1gi \u00e9let k\u00f6zpontj\u00e1v\u00e1<\/strong> alakul, ahov\u00e1 olyanok is sz\u00edvesen j\u00f6nnek egy italra, akik nem itt sz\u00e1lltak meg. Az itteni <strong>kokt\u00e9lok h\u00edresek<\/strong>, a zene pedig sok\u00e1ig sz\u00f3l az \u00e9jszak\u00e1ba, ami remek\u00fcl kieg\u00e9sz\u00edti a helyi laza hangulatot.<\/p>\n\n\n\n<p class=\"wp-block-paragraph\"><strong>\ud83d\udca1 Tipp:<\/strong> A <a href=\"https:\/\/www.stay22.com\/allez\/roam?aid=lukaskonecny&#038;campaign=loudavymkrokemcz&#038;campaign=kde-bydlet-v-cartagene&#038;hotelname=Casa%20Lola%20Luxury%20Collection&#038;address=Cartagena%2C%20Kolumbie\" target=\"_blank\" rel=\"noopener nofollow sponsored\">Casa Lola<\/a> az \u00e9l\u00e9nk Calle del Guerrer\u00f3n sz\u00e9kel, \u00e9s ide\u00e1lis sz\u00e1ll\u00e1s a mer\u00e9sz diz\u00e1jn \u00e9s az \u00e9jszakai \u00e9let szerelmeseinek. <strong>A k\u00f6rny\u00e9k viszont este nagyon zajos<\/strong>, \u00edgy ez hat\u00e1rozottan nem a legmegfelel\u0151bb v\u00e1laszt\u00e1s kisgyerekes csal\u00e1doknak vagy az abszol\u00fat csendet keres\u0151 utaz\u00f3knak.<\/p>\n\n\n\n<figure data-wp-context=\"{&quot;imageId&quot;:&quot;6a9c185fcbfec&quot;}\" data-wp-interactive=\"core\/image\" data-wp-key=\"6a9c185fcbfec\" class=\"wp-block-image size-full wp-lightbox-container\"><img decoding=\"async\" width=\"1600\" height=\"1067\" data-wp-class--hide=\"state.isContentHidden\" data-wp-class--show=\"state.isContentVisible\" data-wp-init=\"callbacks.setButtonStyles\" data-wp-on--click=\"actions.showLightbox\" data-wp-on--load=\"callbacks.setButtonStyles\" data-wp-on--pointerdown=\"actions.preloadImage\" data-wp-on--pointerenter=\"actions.preloadImageWithDelay\" data-wp-on--pointerleave=\"actions.cancelPreload\" data-wp-on-window--resize=\"callbacks.setButtonStyles\" src=\"https:\/\/loudavymkrokem.cz\/wp-content\/uploads\/2026\/09\/swap-415556-9-36a0d231.jpg\" alt=\"Casa Lola hotel Getseman\u00edban\" class=\"wp-image-415930\" title=\"\" srcset=\"https:\/\/loudavymkrokem.cz\/wp-content\/uploads\/2026\/09\/swap-415556-9-36a0d231.jpg 1600w, https:\/\/loudavymkrokem.cz\/wp-content\/uploads\/2026\/09\/swap-415556-9-36a0d231-300x200.jpg 300w, https:\/\/loudavymkrokem.cz\/wp-content\/uploads\/2026\/09\/swap-415556-9-36a0d231-700x467.jpg 700w, https:\/\/loudavymkrokem.cz\/wp-content\/uploads\/2026\/09\/swap-415556-9-36a0d231-768x512.jpg 768w, https:\/\/loudavymkrokem.cz\/wp-content\/uploads\/2026\/09\/swap-415556-9-36a0d231-1536x1024.jpg 1536w, https:\/\/loudavymkrokem.cz\/wp-content\/uploads\/2026\/09\/swap-415556-9-36a0d231-696x464.jpg 696w, https:\/\/loudavymkrokem.cz\/wp-content\/uploads\/2026\/09\/swap-415556-9-36a0d231-1392x928.jpg 1392w\" sizes=\"(max-width: 1600px) 100vw, 1600px\" \/><button\n\t\t\tclass=\"lightbox-trigger\"\n\t\t\ttype=\"button\"\n\t\t\taria-haspopup=\"dialog\"\n\t\t\tdata-wp-bind--aria-label=\"state.thisImage.triggerButtonAriaLabel\"\n\t\t\tdata-wp-init=\"callbacks.initTriggerButton\"\n\t\t\tdata-wp-on--click=\"actions.showLightbox\"\n\t\t\tdata-wp-style--right=\"state.thisImage.buttonRight\"\n\t\t\tdata-wp-style--top=\"state.thisImage.buttonTop\"\n\t\t>\n\t\t\t<svg xmlns=\"http:\/\/www.w3.org\/2000\/svg\" width=\"12\" height=\"12\" fill=\"none\" viewBox=\"0 0 12 12\">\n\t\t\t\t<path fill=\"#fff\" d=\"M2 0a2 2 0 0 0-2 2v2h1.5V2a.5.5 0 0 1 .5-.5h2V0H2Zm2 10.5H2a.5.5 0 0 1-.5-.5V8H0v2a2 2 0 0 0 2 2h2v-1.5ZM8 12v-1.5h2a.5.5 0 0 0 .5-.5V8H12v2a2 2 0 0 1-2 2H8Zm2-12a2 2 0 0 1 2 2v2h-1.5V2a.5.5 0 0 0-.5-.5H8V0h2Z\" \/>\n\t\t\t<\/svg>\n\t\t<\/button><figcaption class=\"wp-element-caption\">Foto: Hotel CASA LOLA deluxe gallery \/ Google Maps<\/figcaption><\/figure>\n\n\n\n<h3 class=\"wp-block-heading\"><span class=\"ez-toc-section\" id=\"9_Arsenal_Hotel\"><\/span>9. Arsenal Hotel<span class=\"ez-toc-section-end\"><\/span><\/h3>\n\n\n\n<p class=\"wp-block-paragraph\">Ez a modernebb hotel az ismert Calle 24-en <strong>a legt\u00f6bb v\u00e9lem\u00e9nnyel b\u00fcszk\u00e9lkedhet az eg\u00e9sz sz\u00ednes Getseman\u00ed negyedben<\/strong> (szolid \u26054,5-\u00f6s \u00e9rt\u00e9kel\u00e9s tekint\u00e9lyes 1 049 v\u00e9lem\u00e9nyb\u0151l). A r\u00e9gi gyarmati h\u00e1zakkal ellent\u00e9tben valamivel t\u00f6bb hagyom\u00e1nyos hotelk\u00e9nyelmet \u00e9s funkcionalit\u00e1st k\u00edn\u00e1l, amit sok utaz\u00f3 a tr\u00f3pusokon elt\u00f6lt\u00f6tt kimer\u00edt\u0151 napok ut\u00e1n nagyon gyorsan \u00e9rt\u00e9kel.<\/p>\n\n\n\n<p class=\"wp-block-paragraph\">Abszol\u00fat legnagyobb \u00e9s legf\u00e9nyk\u00e9pezettebb aduja a <strong>t\u00e1gas tet\u0151medence, fantasztikus panor\u00e1m\u00e1s kil\u00e1t\u00e1ssal a v\u00e1rfalakra \u00e9s az eg\u00e9sz tenger\u00f6b\u00f6lre<\/strong>. A szob\u00e1k \u00e1tlagon fel\u00fcl nagyok, modern, csendes kl\u00edm\u00e1val \u00e9s nagyon k\u00e9nyelmes \u00e1gyakkal, amelyekbe este azonnal belezuhansz. Reggel hihetetlen\u00fcl b\u0151s\u00e9ges reggelit szolg\u00e1lnak fel, amely megb\u00edzhat\u00f3an felt\u00f6lt energi\u00e1val egy eg\u00e9sz hossz\u00fa, v\u00e1rosfelfedez\u00e9ssel teli napra.<\/p>\n\n\n\n<p class=\"wp-block-paragraph\">A szem\u00e9lyzet nagyon profi, \u00e9s a recepci\u00f3n k\u00e9szs\u00e9gesen elint\u00e9znek b\u00e1rmit a haj\u00f3jegyekt\u0151l a <strong>megb\u00edzhat\u00f3 rept\u00e9ri transzferig<\/strong>. A hotelnek van <strong>saj\u00e1t, kiv\u00e1l\u00f3 \u00e9tterme<\/strong> is, ha este m\u00e1r nem akarsz sehov\u00e1 bemenni a v\u00e1rosba.<\/p>\n\n\n\n<p class=\"wp-block-paragraph\"><strong>\ud83d\udca1 Tipp:<\/strong> A Calle del <a href=\"https:\/\/www.stay22.com\/allez\/roam?aid=lukaskonecny&#038;campaign=loudavymkrokemcz&#038;campaign=kde-bydlet-v-cartagene&#038;hotelname=Arsenal%20Hotel&#038;address=Cartagena%2C%20Kolumbie\" target=\"_blank\" rel=\"noopener nofollow sponsored\">Arsenal<\/a> messze f\u00f6ld\u00f6n h\u00edres a hangos b\u00e1rjair\u00f3l \u00e9s \u00e9jszakai klubjair\u00f3l, \u00edgy <strong>\u00e9jszaka el\u00e9g zajos lehet itt<\/strong>. Ha els\u0151sorban sz\u00f3rakoz\u00e1s\u00e9rt, t\u00e1nc\u00e9rt \u00e9s bulik\u00e9rt m\u00e9sz Cartagen\u00e1ba, ez strat\u00e9giailag teljesen t\u00f6k\u00e9letes \u00e9s biztons\u00e1gos fekv\u00e9s.<\/p>\n\n\n\n<figure data-wp-context=\"{&quot;imageId&quot;:&quot;6a9c185fcc473&quot;}\" data-wp-interactive=\"core\/image\" data-wp-key=\"6a9c185fcc473\" class=\"wp-block-image size-full wp-lightbox-container\"><img decoding=\"async\" width=\"631\" height=\"726\" data-wp-class--hide=\"state.isContentHidden\" data-wp-class--show=\"state.isContentVisible\" data-wp-init=\"callbacks.setButtonStyles\" data-wp-on--click=\"actions.showLightbox\" data-wp-on--load=\"callbacks.setButtonStyles\" data-wp-on--pointerdown=\"actions.preloadImage\" data-wp-on--pointerenter=\"actions.preloadImageWithDelay\" data-wp-on--pointerleave=\"actions.cancelPreload\" data-wp-on-window--resize=\"callbacks.setButtonStyles\" src=\"https:\/\/loudavymkrokem.cz\/wp-content\/uploads\/2026\/09\/lunala-hotel-boutique.jpg\" alt=\"LUNALA Hotel Boutique\" class=\"wp-image-415713\" title=\"\" srcset=\"https:\/\/loudavymkrokem.cz\/wp-content\/uploads\/2026\/09\/lunala-hotel-boutique.jpg 631w, https:\/\/loudavymkrokem.cz\/wp-content\/uploads\/2026\/09\/lunala-hotel-boutique-261x300.jpg 261w\" sizes=\"(max-width: 631px) 100vw, 631px\" \/><button\n\t\t\tclass=\"lightbox-trigger\"\n\t\t\ttype=\"button\"\n\t\t\taria-haspopup=\"dialog\"\n\t\t\tdata-wp-bind--aria-label=\"state.thisImage.triggerButtonAriaLabel\"\n\t\t\tdata-wp-init=\"callbacks.initTriggerButton\"\n\t\t\tdata-wp-on--click=\"actions.showLightbox\"\n\t\t\tdata-wp-style--right=\"state.thisImage.buttonRight\"\n\t\t\tdata-wp-style--top=\"state.thisImage.buttonTop\"\n\t\t>\n\t\t\t<svg xmlns=\"http:\/\/www.w3.org\/2000\/svg\" width=\"12\" height=\"12\" fill=\"none\" viewBox=\"0 0 12 12\">\n\t\t\t\t<path fill=\"#fff\" d=\"M2 0a2 2 0 0 0-2 2v2h1.5V2a.5.5 0 0 1 .5-.5h2V0H2Zm2 10.5H2a.5.5 0 0 1-.5-.5V8H0v2a2 2 0 0 0 2 2h2v-1.5ZM8 12v-1.5h2a.5.5 0 0 0 .5-.5V8H12v2a2 2 0 0 1-2 2H8Zm2-12a2 2 0 0 1 2 2v2h-1.5V2a.5.5 0 0 0-.5-.5H8V0h2Z\" \/>\n\t\t\t<\/svg>\n\t\t<\/button><figcaption class=\"wp-element-caption\">Foto: LUNALA HOTEL BOUTIQUE \/ Google Maps<\/figcaption><\/figure>\n\n\n\n<!-- LKM_GYG_CARD start q=\"cartagena\" lang=\"hu\" rendered=\"2026-09-05T12:05:22+00:00\" v=\"1\" -->\n<style id=\"lk-gyg-styles\">\n@import url(\"https:\/\/fonts.googleapis.com\/css2?family=Playfair+Display:wght@700&family=DM+Sans:wght@300;400;500;600&display=swap\");\n\/* === LK GYG karty \u2014 CRO redesign 2026-05 (namespace .lkx-) ===\n   C\u00edl: vy\u0161\u0161\u00ed CTR (hero + v\u00fdrazn\u00fd social proof + ak\u010dn\u00ed CTA, m\u00e9n\u011b \"reklamn\u00ed\").\n   Injektuje se inline do prvn\u00edho markeru postu (refresh_cards.py --inline-css). *\/\n.lkx-module, .lkx-module *{box-sizing:border-box;margin:0;padding:0}\n.lkx-module{\n  font-family:'DM Sans',-apple-system,Segoe UI,Roboto,Georgia,sans-serif;\n  max-width:860px;margin:2.5rem auto;color:#1f2328;\n}\n\n\/* HEADER \u2014 lehk\u00fd editorsk\u00fd, \u017e\u00e1dn\u00fd bannerov\u00fd blok; nadpis + popisek pod n\u00edm *\/\n.lkx-head{margin-bottom:16px}\n.lkx-head-main{display:flex;align-items:center;gap:10px}\n.lkx-head-accent{width:26px;height:3px;border-radius:2px;background:#c39f76;flex-shrink:0}\n.lkx-head-title{font-family:'Playfair Display',Georgia,serif;font-size:21px;font-weight:700;color:#1a1a1a;line-height:1.25}\n.lkx-head-meta{display:block;font-size:11px;letter-spacing:.3px;color:#9aa0a6;margin-top:4px;margin-left:36px}\n\n\/* HERO *\/\n.lkx-hero{display:grid;grid-template-columns:300px 1fr;background:#fff;border:1px solid #ece7df;border-radius:14px;overflow:hidden;text-decoration:none!important;color:inherit;box-shadow:0 6px 20px rgba(0,0,0,.06);transition:box-shadow .2s,transform .2s;margin-bottom:14px}\n.lkx-hero:hover{box-shadow:0 12px 30px rgba(0,0,0,.12);transform:translateY(-2px)}\n.lkx-hero-img{position:relative;min-height:230px;background-size:cover;background-position:center;background-color:#eee}\n.lkx-hero-body{padding:22px 24px;display:flex;flex-direction:column}\n.lkx-pick{position:absolute;top:12px;left:12px;background:#1a1a1a;color:#fff;font-size:11px;font-weight:700;letter-spacing:.5px;padding:5px 11px;border-radius:20px}\n\n\/* TITLE *\/\n.lkx-title{font-size:19px;font-weight:700;color:#161616;line-height:1.3}\n.lkx-title-sm{font-size:14.5px;line-height:1.35;display:-webkit-box;-webkit-line-clamp:2;-webkit-box-orient:vertical;overflow:hidden}\n\n\/* SOCIAL PROOF \u2014 v\u00fdrazn\u011b, naho\u0159e *\/\n.lkx-proof{display:flex;align-items:center;gap:7px;margin-top:12px;font-size:15px;color:#3a3a3a}\n.lkx-proof b{font-size:16px;color:#161616}\n.lkx-stars{color:#f5a623;letter-spacing:1px}\n.lkx-proof-sm{font-size:12.5px;margin-top:8px;gap:5px}\n.lkx-proof-sm b{font-size:13px}\n.lkx-proof-new{color:#3685fc;font-weight:600}\n\n\/* PRICE \u2014 n\u00edzk\u00e1 kotva *\/\n.lkx-price{font-size:14px;color:#6b7280}\n.lkx-price b{font-size:20px;color:#161616;font-weight:700}\n.lkx-price-sm b{font-size:15px}\n\n\/* CTA \u2014 tepl\u00e9 ak\u010dn\u00ed tla\u010d\u00edtko *\/\n.lkx-cta{display:inline-flex;align-items:center;justify-content:center;text-decoration:none!important;font-weight:700;color:#fff!important;background:linear-gradient(135deg,#f6743f,#e8552a);border-radius:10px;box-shadow:0 6px 16px rgba(232,85,42,.32);transition:box-shadow .2s}\n.lkx-cta-hero{font-size:15px;padding:13px 22px}\n.lkx-hero:hover .lkx-cta-hero{box-shadow:0 8px 22px rgba(232,85,42,.45)}\n.lkx-cta-sm{font-size:12.5px;padding:9px 14px;width:100%;margin-top:2px}\n.lkx-hero-bottom{margin-top:auto;padding-top:18px;display:flex;align-items:center;justify-content:space-between;gap:14px;flex-wrap:wrap}\n\n\/* BADGE \u2014 jeden v\u00fdrazn\u00fd na fotce *\/\n.lkx-badge{position:absolute;top:12px;right:12px;font-size:10.5px;font-weight:700;letter-spacing:.3px;padding:5px 10px;border-radius:16px;color:#fff}\n.lkx-badge.badge-urgency{background:rgba(214,40,40,.92)}\n.lkx-badge.badge-new{background:rgba(54,133,252,.92)}\n.lkx-badge.badge-top{background:rgba(195,159,118,.95)}\n.lkx-badge.badge-info{background:rgba(40,40,40,.78)}\n\n\/* SECONDARY GRID *\/\n.lkx-grid{display:grid;grid-template-columns:1fr 1fr;gap:14px}\n.lkx-card{background:#fff;border:1px solid #ece7df;border-radius:14px;overflow:hidden;text-decoration:none!important;color:inherit;box-shadow:0 4px 14px rgba(0,0,0,.05);display:flex;flex-direction:column;transition:box-shadow .2s,transform .2s}\n.lkx-card:hover{box-shadow:0 10px 24px rgba(0,0,0,.1);transform:translateY(-2px)}\n.lkx-card-img{position:relative;aspect-ratio:16\/10;background-size:cover;background-position:center;background-color:#eee}\n.lkx-card-body{padding:14px 16px 16px;display:flex;flex-direction:column;gap:7px;flex:1}\n.lkx-card-bottom{margin-top:auto;padding-top:10px;display:flex;align-items:center;justify-content:space-between;gap:8px}\n\n\/* DISCLOSURE \u2014 drobn\u00e1, kv\u016fli d\u016fv\u011b\u0159e\/z\u00e1konu *\/\n.lkx-disclosure{font-size:11px;color:#a7adb3;text-align:center;margin-top:14px;line-height:1.6}\n.lkx-disclosure a{color:#c39f76;text-decoration:none}\n\n@media(max-width:680px){\n  .lkx-hero{grid-template-columns:1fr}\n  .lkx-hero-img{min-height:180px}\n  .lkx-grid{grid-template-columns:1fr}\n  .lkx-head-meta{margin-left:0;width:100%}\n  .lkx-head-title{font-size:19px}\n}\n\n<\/style>\n<div class=\"lkx-module\" data-query=\"cartagena\">\n  <div class=\"lkx-head\">\n    <div class=\"lkx-head-main\">\n      <span class=\"lkx-head-accent\"><\/span>\n      <span class=\"lkx-head-title\">\u00c9lm\u00e9nyek \u00e9s bel\u00e9p\u0151jegyek<\/span>\n    <\/div>\n    <span class=\"lkx-head-meta\">utaz\u00f3k \u00e1ltal \u00e9rt\u00e9kelve \u00b7 GetYourGuide<\/span>\n  <\/div><a class=\"lkx-hero\" href=\"https:\/\/www.getyourguide.com\/hu-hu\/bolivar-megye-l578\/cartagena-5-kihagyhatatlan-fo-latnivalo-a-rosario-szigeteken-ebeddel-t497946\/?partner_id=MKZ64IS&amp;utm_medium=online_publisher&amp;cmp=cartagena-kolumbia-szallas\" target=\"_blank\" rel=\"sponsored noopener nofollow\">\n    <div class=\"lkx-hero-img\" style=\"background-image:url('https:\/\/cdn.getyourguide.com\/img\/tour\/3e7855e2de9521c901e39203ad7bd9296c10ec69ae845752a4bbca37f24bdcee.png\/132.jpg')\" role=\"img\" aria-label=\"Cartagena: 5 meg\u00e1ll\u00f3s t\u00fara a Rosario-szigeteken, eb\u00e9d \u00e9s strandklubok\">\n      <span class=\"lkx-pick\">\u2605 A mi tipp\u00fcnk<\/span><\/div>\n    <div class=\"lkx-hero-body\">\n      <div class=\"lkx-title\">Cartagena: 5 meg\u00e1ll\u00f3s t\u00fara a Rosario-szigeteken, eb\u00e9d \u00e9s strandklubok<\/div>\n      <div class=\"lkx-proof\">\n      <span class=\"lkx-stars\">\u2605\u2605\u2605\u2605\u2605<\/span>\n      <b>4.6<\/b> \u00b7 6 212 \u00e9rt\u00e9kel\u00e9s\n    <\/div>\n      <div class=\"lkx-hero-bottom\"><div class=\"lkx-price\">m\u00e1r <b>63\u00a0EUR<\/b><\/div><span class=\"lkx-cta lkx-cta-hero\">Ezt az \u00e9lm\u00e9nyt akarom \u2192<\/span>\n      <\/div>\n    <\/div>\n  <\/a><div class=\"lkx-disclosure\">\ud83d\udd17 A linkek partnerlinkek \u2014 az \u00e1rat nem v\u00e1ltoztatj\u00e1k, nek\u00fcnk viszont seg\u00edtenek a tartalomk\u00e9sz\u00edt\u00e9sben. \u00b7 <a href=\"https:\/\/www.getyourguide.com\/hu-hu\/s\/?q=cartagena&amp;partner_id=MKZ64IS&amp;utm_medium=online_publisher\" target=\"_blank\" rel=\"sponsored noopener nofollow\">\u00d6sszes \u00e9lm\u00e9ny \u2192<\/a><\/div>\n<\/div>\n<!-- LKM_GYG_CARD end -->\n\n\n\n\n<div class=\"lk-stays-module\">\n<style>\n\/* \u2500\u2500\u2500 RESET PRO GUTENBERG \u2500\u2500\u2500 *\/\n.lk-stays-module * { box-sizing: border-box; margin: 0; padding: 0; }\n\n\/* \u2500\u2500\u2500 WRAPPER \u2500\u2500\u2500 *\/\n.lk-stays-module {\n  font-family: 'DM Sans', Georgia, sans-serif;\n  max-width: 100%;\n  margin: 2.5rem auto;\n  background: linear-gradient(135deg, #fdfaf5 0%, #fcf8f0 100%);\n  border: 1px solid #e8dfd4;\n  border-radius: 16px;\n  overflow: hidden;\n  box-shadow: 0 16px 48px rgba(195, 159, 118, 0.25), 0 4px 12px rgba(0,0,0,0.08);\n}\n\n\/* \u2500\u2500\u2500 HEADER \u2500\u2500\u2500 *\/\n.lk-stays-header {\n  position: relative;\n  padding: 24px 36px 24px;\n  background: linear-gradient(135deg, #c39f76 0%, #d4b188 60%, #c39f76 100%);\n  border-bottom: 1px solid rgba(255,255,255,.15);\n  display: flex;\n  align-items: center;\n  gap: 18px;\n}\n.lk-stays-header::before {\n  content: '';\n  position: absolute;\n  inset: 0;\n  background: url(\"data:image\/svg+xml,%3Csvg width='60' height='60' viewBox='0 0 60 60' xmlns='http:\/\/www.w3.org\/2000\/svg'%3E%3Cg fill='none' fill-rule='evenodd'%3E%3Cg fill='%23ffffff' fill-opacity='0.05'%3E%3Cpath d='M36 34v-4h-2v4h-4v2h4v4h2v-4h4v-2h-4zm0-30V0h-2v4h-4v2h4v4h2V6h4V4h-4zM6 34v-4H4v4H0v2h4v4h2v-4h4v-2H6zM6 4V0H4v4H0v2h4v4h2V6h4V4H6z'\/%3E%3C\/g%3E%3C\/g%3E%3C\/svg%3E\") repeat;\n  pointer-events: none;\n}\n.lk-stays-icon {\n  flex-shrink: 0;\n  width: 68px;\n  height: 68px;\n  border-radius: 14px;\n  background: linear-gradient(135deg, #fff 0%, #f9f6f0 100%);\n  display: flex;\n  align-items: center;\n  justify-content: center;\n  font-size: 26px;\n  box-shadow: 0 4px 12px rgba(0,0,0,0.15);\n}\n.lk-stays-eyebrow {\n  font-size: 10px;\n  font-weight: 500;\n  letter-spacing: 2.5px;\n  text-transform: uppercase;\n  color: rgba(255,255,255,.85);\n  margin: 0 0 5px 0;\n}\n.lk-stays-title {\n  font-family: 'Playfair Display', Georgia, serif;\n  font-size: 24px;\n  font-weight: 700;\n  color: #fff;\n  line-height: 1.2;\n  text-shadow: 0 1px 2px rgba(0,0,0,0.1);\n  margin: 0;\n}\n.lk-stays-subtitle {\n  font-size: 13px;\n  color: rgba(255,255,255,.75);\n  margin: 4px 0 0 0;\n  font-weight: 300;\n}\n\n\/* \u2500\u2500\u2500 CARDS GRID \u2500\u2500\u2500 *\/\n.lk-stays-grid {\n  display: grid;\n  grid-template-columns: 1fr 1fr;\n  gap: 1px;\n  background: rgba(195, 159, 118, 0.12);\n}\n\n\/* \u2500\u2500\u2500 SINGLE CARD \u2500\u2500\u2500 *\/\n.lk-stay-card {\n  background: #ffffff;\n  padding: 26px;\n  display: flex;\n  flex-direction: column;\n  gap: 11px;\n  transition: all 0.3s ease;\n  text-decoration: none;\n  color: inherit;\n  position: relative;\n}\n.lk-stay-card:hover {\n  background: #fffbf5;\n  transform: translateY(-2px);\n  box-shadow: 0 8px 24px rgba(195, 159, 118, 0.18);\n  z-index: 1;\n}\n.lk-stay-card.featured {\n  background: linear-gradient(135deg, #fffdf9 0%, #fff9f0 100%);\n  box-shadow: 0 4px 16px rgba(195, 159, 118, 0.15), inset 0 1px 0 rgba(195, 159, 118, 0.1);\n}\n.lk-stay-card.featured:hover {\n  background: linear-gradient(135deg, #fffbf5 0%, #fff8ed 100%);\n  box-shadow: 0 8px 24px rgba(195, 159, 118, 0.25), inset 0 1px 0 rgba(195, 159, 118, 0.15);\n}\n\n.lk-stay-badge {\n  display: inline-flex;\n  align-items: center;\n  gap: 5px;\n  font-size: 10px;\n  font-weight: 500;\n  letter-spacing: 1.5px;\n  text-transform: uppercase;\n  padding: 5px 11px;\n  border-radius: 20px;\n  width: fit-content;\n}\n.badge-top     { background: linear-gradient(135deg, #c39f76 0%, #d4b188 100%); color: #fff; border: 1px solid #c39f76; font-weight: 600; box-shadow: 0 2px 8px rgba(195,159,118,0.3); }\n.badge-luxury  { background: rgba(195,159,118,.12); color: #c39f76; border: 1px solid rgba(195,159,118,.25); }\n.badge-boutique{ background: rgba(54,133,252,.08); color: #3685fc; border: 1px solid rgba(54,133,252,.2); }\n.badge-nature  { background: rgba(130,190,100,.1); color: #6b9c4a; border: 1px solid rgba(130,190,100,.2); }\n.badge-remote  { background: rgba(195,159,118,.12); color: #a67e50; border: 1px solid rgba(195,159,118,.25); }\n\n.lk-stay-name {\n  font-family: 'Playfair Display', Georgia, serif;\n  font-size: 18px;\n  font-weight: 700;\n  color: #111827;\n  line-height: 1.3;\n}\n.lk-stay-desc {\n  font-size: 13.5px;\n  color: #525252;\n  line-height: 1.65;\n  font-weight: 300;\n  flex: 1;\n}\n\n.lk-stay-meta {\n  display: flex;\n  align-items: center;\n  gap: 12px;\n  flex-wrap: wrap;\n  margin-top: 4px;\n}\n.lk-stay-price {\n  font-size: 13px;\n  color: #6b7280;\n}\n.lk-stay-price strong {\n  color: #c39f76;\n  font-weight: 500;\n}\n.lk-stay-stars {\n  color: #c39f76;\n  font-size: 11px;\n  letter-spacing: 1px;\n}\n\n\/* \u2500\u2500\u2500 CTA BUTTON \u2500\u2500\u2500 *\/\n.lk-stay-cta {\n  display: inline-flex;\n  align-items: center;\n  justify-content: center;\n  gap: 7px;\n  margin-top: 8px;\n  padding: 11px 20px;\n  border-radius: 8px;\n  background: linear-gradient(135deg, #3685fc 0%, #2a6fd9 100%);\n  color: #fff;\n  font-size: 13px;\n  font-weight: 500;\n  text-decoration: none;\n  letter-spacing: .3px;\n  transition: all .2s ease;\n  cursor: pointer;\n  border: none;\n  text-align: center;\n  box-shadow: 0 4px 12px rgba(54, 133, 252, 0.25);\n}\n.lk-stay-cta:hover {\n  background: linear-gradient(135deg, #2a6fd9 0%, #1e5bc4 100%);\n  transform: translateY(-1px);\n  box-shadow: 0 6px 16px rgba(54, 133, 252, 0.35);\n}\n.lk-stay-cta svg { flex-shrink: 0; }\n\n\/* \u2500\u2500\u2500 FOOTER \u2500\u2500\u2500 *\/\n.lk-stays-footer {\n  padding: 18px 36px;\n  background: linear-gradient(to bottom, #fdfaf5 0%, #f9f4ed 100%);\n  border-top: 1px solid rgba(195, 159, 118, 0.15);\n  display: flex;\n  align-items: center;\n  justify-content: space-between;\n  flex-wrap: wrap;\n  gap: 12px;\n}\n.lk-stays-footer-note {\n  font-size: 11.5px;\n  color: #6b7280;\n  font-weight: 300;\n  line-height: 1.5;\n}\n.lk-stays-footer-note a {\n  color: #c39f76;\n  text-decoration: none;\n  font-weight: 400;\n}\n.lk-stays-footer-note a:hover {\n  text-decoration: underline;\n}\n.lk-stays-all-btn {\n  display: inline-flex;\n  align-items: center;\n  gap: 6px;\n  font-size: 12.5px;\n  font-weight: 500;\n  color: #c39f76;\n  text-decoration: none;\n  border: 1px solid rgba(195, 159, 118, 0.35);\n  padding: 8px 18px;\n  border-radius: 8px;\n  transition: all .2s ease;\n}\n.lk-stays-all-btn:hover {\n  background: rgba(195, 159, 118, 0.08);\n  border-color: rgba(195, 159, 118, 0.5);\n}\n\n\/* \u2500\u2500\u2500 RESPONSIVE \u2500\u2500\u2500 *\/\n@media (max-width: 600px) {\n  .lk-stays-grid { grid-template-columns: 1fr; }\n  .lk-stays-header { padding: 24px 20px; }\n  .lk-stays-footer { padding: 16px 20px; }\n  .lk-stay-card { padding: 22px; }\n  .lk-stays-title { font-size: 20px; }\n}\n<\/style>\n\n  <!-- HEADER -->\n  <div class=\"lk-stays-header\">\n    <img decoding=\"async\" src=\"https:\/\/loudavymkrokem.cz\/wp-content\/uploads\/2026\/02\/lukas-a-lucka.jpg\" alt=\"\" style=\"width: 75px; height: 75px; border-radius: 8px; flex-shrink: 0; object-fit: cover; display: block; margin: 4px 0;\" title=\"\">\n    <div class=\"lk-stays-header-text\">\n      <div class=\"lk-stays-eyebrow\">Luk\u00e1\u0161 \u00e9s Lucie aj\u00e1nlj\u00e1k<\/div>\n      <div class=\"lk-stays-title\">Hol sz\u00e1lljon meg Cartagen\u00e1ban<\/div>\n      <div class=\"lk-stays-subtitle\">6 sz\u00e1ll\u00e1shely \u2014 wellness hotelek, sz\u00e1llod\u00e1k \u00e9s egy\u00e9b sz\u00e1ll\u00e1slehet\u0151s\u00e9gek<\/div>\n    <\/div>\n  <\/div>\n\n  <!-- CARDS -->\n  <div class=\"lk-stays-grid\">\n\n    <a class=\"lk-stay-card featured\" href=\"https:\/\/www.stay22.com\/allez\/roam?aid=lukaskonecny&#038;campaign=loudavymkrokemcz&#038;campaign=hu&#038;campaign=kde-bydlet-v-cartagene&#038;hotelname=Casa%20San%20Agust%C3%ADn&#038;address=Cartagena%2C%20Kolumbie\" target=\"_blank\" rel=\"nofollow noopener\">\n      <span class=\"lk-stay-badge badge-top\">\u2b50 TOP V\u00c1LASZT\u00c1S<\/span>\n      <span class=\"lk-stay-badge badge-nature\">\u2b50 Luxury<\/span>\n      <div class=\"lk-stay-name\">Casa San Agust\u00edn<\/div>\n      <div class=\"lk-stay-desc\">A legismertebb luxusc\u00edm a k\u00f6zpontban leny\u0171g\u00f6z\u0151 v\u00edzvezet\u00e9kkel a medence felett. H\u00e1rom 18. sz\u00e1zadi gyarmati h\u00e1z modern \u00f6tcsillagos szolg\u00e1ltat\u00e1ssal.<\/div>\n      <div class=\"lk-stay-meta\">\n        <span class=\"lk-stay-stars\">\u2605\u2605\u2605\u2605\u2605<\/span>\n        <span class=\"lk-stay-price\">\u00e1rak ellen\u0151rz\u00e9se<\/span>\n      <\/div>\n      <span class=\"lk-stay-cta\">\n        <svg width=\"14\" height=\"14\" viewBox=\"0 0 24 24\" fill=\"none\" stroke=\"currentColor\" stroke-width=\"2\"><path d=\"M18 13v6a2 2 0 0 1-2 2H5a2 2 0 0 1-2-2V8a2 2 0 0 1 2-2h6\"\/><polyline points=\"15 3 21 3 21 9\"\/><line x1=\"10\" y1=\"14\" x2=\"21\" y2=\"3\"\/><\/svg>\n        Ellen\u0151rizd az el\u00e9rhet\u0151s\u00e9get\n      <\/span>\n    <\/a>\n\n    <a class=\"lk-stay-card\" href=\"https:\/\/www.stay22.com\/allez\/roam?aid=lukaskonecny&#038;campaign=loudavymkrokemcz&#038;campaign=hu&#038;campaign=kde-bydlet-v-cartagene&#038;hotelname=Casa%20Carolina%20Hotel&#038;address=Cartagena%2C%20Kolumbie\" target=\"_blank\" rel=\"nofollow noopener\">\n      <span class=\"lk-stay-badge badge-nature\">\ud83c\udfe8 Hotel<\/span>\n      <div class=\"lk-stay-name\">Casa Carolina Hotel<\/div>\n      <div class=\"lk-stay-desc\">A legjobb \u00e9rt\u00e9kel\u00e9s a teljes k\u00edn\u00e1latban (\u26054,9 807 v\u00e9lem\u00e9nyb\u0151l). T\u00f6bb medence \u00e9s pezsg\u0151f\u00fcrd\u0151, \u00e1tlagon fel\u00fcl t\u00e1gas szob\u00e1k, kiv\u00e1l\u00f3 szem\u00e9lyes szolg\u00e1ltat\u00e1s.<\/div>\n      <div class=\"lk-stay-meta\">\n        <span class=\"lk-stay-stars\">\u2605\u2605\u2605\u2605\u2605<\/span>\n        <span class=\"lk-stay-price\">\u00e1rak ellen\u0151rz\u00e9se<\/span>\n      <\/div>\n      <span class=\"lk-stay-cta\">\n        <svg width=\"14\" height=\"14\" viewBox=\"0 0 24 24\" fill=\"none\" stroke=\"currentColor\" stroke-width=\"2\"><path d=\"M18 13v6a2 2 0 0 1-2 2H5a2 2 0 0 1-2-2V8a2 2 0 0 1 2-2h6\"\/><polyline points=\"15 3 21 3 21 9\"\/><line x1=\"10\" y1=\"14\" x2=\"21\" y2=\"3\"\/><\/svg>\n        Ellen\u0151rizd az el\u00e9rhet\u0151s\u00e9get\n      <\/span>\n    <\/a>\n\n    <a class=\"lk-stay-card\" href=\"https:\/\/www.stay22.com\/allez\/roam?aid=lukaskonecny&#038;campaign=loudavymkrokemcz&#038;campaign=hu&#038;campaign=kde-bydlet-v-cartagene&#038;hotelname=Amarla%20Boutique%20Hotel&#038;address=Cartagena%2C%20Kolumbie\" target=\"_blank\" rel=\"nofollow noopener\">\n      <span class=\"lk-stay-badge badge-nature\">\ud83c\udfe8 Hotel<\/span>\n      <div class=\"lk-stay-name\">Amarla Boutique Hotel<\/div>\n      <div class=\"lk-stay-desc\">Hangulatos 19. sz\u00e1zadi h\u00e1z mind\u00f6ssze h\u00e9t szob\u00e1val. Gy\u00f6ny\u00f6r\u0171 tet\u0151medence tr\u00f3pusi n\u00f6v\u00e9nyekkel k\u00f6r\u00fclv\u00e9ve, kil\u00e1t\u00e1ssal a k\u00f6rny\u00e9kre.<\/div>\n      <div class=\"lk-stay-meta\">\n        <span class=\"lk-stay-stars\">\u2605\u2605\u2605\u2605\u2605<\/span>\n        <span class=\"lk-stay-price\">\u00e1rak ellen\u0151rz\u00e9se<\/span>\n      <\/div>\n      <span class=\"lk-stay-cta\">\n        <svg width=\"14\" height=\"14\" viewBox=\"0 0 24 24\" fill=\"none\" stroke=\"currentColor\" stroke-width=\"2\"><path d=\"M18 13v6a2 2 0 0 1-2 2H5a2 2 0 0 1-2-2V8a2 2 0 0 1 2-2h6\"\/><polyline points=\"15 3 21 3 21 9\"\/><line x1=\"10\" y1=\"14\" x2=\"21\" y2=\"3\"\/><\/svg>\n        Ellen\u0151rizd az el\u00e9rhet\u0151s\u00e9get\n      <\/span>\n    <\/a>\n\n    <a class=\"lk-stay-card\" href=\"https:\/\/www.stay22.com\/allez\/roam?aid=lukaskonecny&#038;campaign=loudavymkrokemcz&#038;campaign=hu&#038;campaign=kde-bydlet-v-cartagene&#038;hotelname=Hotel%20Charleston%20Santa%20Teresa&#038;address=Cartagena%2C%20Kolumbie\" target=\"_blank\" rel=\"nofollow noopener\">\n      <span class=\"lk-stay-badge badge-nature\">\ud83c\udfe8 Hotel<\/span>\n      <div class=\"lk-stay-name\">Hotel Charleston Santa Teresa<\/div>\n      <div class=\"lk-stay-desc\">Fel\u00faj\u00edtott kolostor 1609-b\u0151l. T\u00e1gas tet\u0151medence kil\u00e1t\u00e1ssal a v\u00e1rosfalakra \u00e9s a Karib-tengerre, luxus wellness k\u00f6zpont.<\/div>\n      <div class=\"lk-stay-meta\">\n        <span class=\"lk-stay-stars\">\u2605\u2605\u2605\u2605\u2605<\/span>\n        <span class=\"lk-stay-price\">\u00e1rak ellen\u0151rz\u00e9se<\/span>\n      <\/div>\n      <span class=\"lk-stay-cta\">\n        <svg width=\"14\" height=\"14\" viewBox=\"0 0 24 24\" fill=\"none\" stroke=\"currentColor\" stroke-width=\"2\"><path d=\"M18 13v6a2 2 0 0 1-2 2H5a2 2 0 0 1-2-2V8a2 2 0 0 1 2-2h6\"\/><polyline points=\"15 3 21 3 21 9\"\/><line x1=\"10\" y1=\"14\" x2=\"21\" y2=\"3\"\/><\/svg>\n        Ellen\u0151rizd az el\u00e9rhet\u0151s\u00e9get\n      <\/span>\n    <\/a>\n\n    <a class=\"lk-stay-card\" href=\"https:\/\/www.stay22.com\/allez\/roam?aid=lukaskonecny&#038;campaign=loudavymkrokemcz&#038;campaign=hu&#038;campaign=kde-bydlet-v-cartagene&#038;hotelname=Basti%C3%B3n%20Luxury%20Hotel&#038;address=Cartagena%2C%20Kolumbie\" target=\"_blank\" rel=\"nofollow noopener\">\n      <span class=\"lk-stay-badge badge-nature\">\ud83c\udfe8 Hotel<\/span>\n      <div class=\"lk-stay-name\">Basti\u00f3n Luxury Hotel<\/div>\n      <div class=\"lk-stay-desc\">Gy\u00f6ny\u00f6r\u0171 gyarmati sz\u00e1lloda csendes utc\u00e1ban tet\u0151medenc\u00e9vel \u00e9s b\u00e1rral. Sz\u00e9p bels\u0151 patio, amely h\u0171v\u00f6ss\u00e9get biztos\u00edt a forr\u00f3 d\u00e9lut\u00e1nok sor\u00e1n.<\/div>\n      <div class=\"lk-stay-meta\">\n        <span class=\"lk-stay-stars\">\u2605\u2605\u2605\u2605\u2605<\/span>\n        <span class=\"lk-stay-price\">\u00e1rak ellen\u0151rz\u00e9se<\/span>\n      <\/div>\n      <span class=\"lk-stay-cta\">\n        <svg width=\"14\" height=\"14\" viewBox=\"0 0 24 24\" fill=\"none\" stroke=\"currentColor\" stroke-width=\"2\"><path d=\"M18 13v6a2 2 0 0 1-2 2H5a2 2 0 0 1-2-2V8a2 2 0 0 1 2-2h6\"\/><polyline points=\"15 3 21 3 21 9\"\/><line x1=\"10\" y1=\"14\" x2=\"21\" y2=\"3\"\/><\/svg>\n        Ellen\u0151rizd az el\u00e9rhet\u0151s\u00e9get\n      <\/span>\n    <\/a>\n\n    <a class=\"lk-stay-card\" href=\"https:\/\/www.stay22.com\/allez\/roam?aid=lukaskonecny&#038;campaign=loudavymkrokemcz&#038;campaign=hu&#038;campaign=kde-bydlet-v-cartagene&#038;hotelname=Casa%20Claver%20Loft%20Boutique%20Hotel&#038;address=Cartagena%2C%20Kolumbie\" target=\"_blank\" rel=\"nofollow noopener\">\n      <span class=\"lk-stay-badge badge-nature\">\ud83c\udfe8 Hotel<\/span>\n      <div class=\"lk-stay-name\">Casa Claver Loft Boutique Hotel<\/div>\n      <div class=\"lk-stay-desc\">Egyedi koncepci\u00f3 t\u00e1gas loftokkal a klasszikus szob\u00e1k helyett. Modern minimalista diz\u00e1jn t\u00f6rt\u00e9nelmi \u00e9p\u00fcletben kis konyh\u00e1val \u00e9s tet\u0151medenc\u00e9vel.<\/div>\n      <div class=\"lk-stay-meta\">\n        <span class=\"lk-stay-stars\">\u2605\u2605\u2605\u2605\u2605<\/span>\n        <span class=\"lk-stay-price\">\u00e1rak ellen\u0151rz\u00e9se<\/span>\n      <\/div>\n      <span class=\"lk-stay-cta\">\n        <svg width=\"14\" height=\"14\" viewBox=\"0 0 24 24\" fill=\"none\" stroke=\"currentColor\" stroke-width=\"2\"><path d=\"M18 13v6a2 2 0 0 1-2 2H5a2 2 0 0 1-2-2V8a2 2 0 0 1 2-2h6\"\/><polyline points=\"15 3 21 3 21 9\"\/><line x1=\"10\" y1=\"14\" x2=\"21\" y2=\"3\"\/><\/svg>\n        Ellen\u0151rizd az el\u00e9rhet\u0151s\u00e9get\n      <\/span>\n    <\/a>\n\n  <\/div>\n\n  \n<\/div>\n\n\n\n\n<h3 class=\"wp-block-heading\"><span class=\"ez-toc-section\" id=\"10_LUNALA_Hotel_Boutique\"><\/span>10. LUNALA Hotel Boutique<span class=\"ez-toc-section-end\"><\/span><\/h3>\n\n\n\n<p class=\"wp-block-paragraph\">A <a href=\"https:\/\/www.stay22.com\/allez\/roam?aid=lukaskonecny&#038;campaign=loudavymkrokemcz&#038;campaign=kde-bydlet-v-cartagene&#038;hotelname=LUNALA%20Hotel%20Boutique&#038;address=Cartagena%2C%20Kolumbie\" target=\"_blank\" rel=\"noopener nofollow sponsored\">LUNALA<\/a> a csendesebb Calle 25-\u00f6n ugyan el\u00e9g kicsi, de ann\u00e1l elb\u0171v\u00f6l\u0151bb butikhotel (\u26054,8-as \u00e9rt\u00e9kel\u00e9ssel b\u00fcszk\u00e9lkedik 104 v\u00e9lem\u00e9nyb\u0151l). Jelenleg <strong>a legmagasabb \u00e1tlagos \u00e9rt\u00e9kel\u00e9se van az egy\u00e9bk\u00e9nt ny\u00fczsg\u0151 Getseman\u00ed negyedb\u0151l<\/strong>, ami vil\u00e1gosan tan\u00faskodik arr\u00f3l a hihetetlen gondoskod\u00e1sr\u00f3l, amit a tulajdonosok minden egyes vend\u00e9gre ford\u00edtanak. A hangulat itt ink\u00e1bb olyan, mint egy bar\u00e1tn\u00e1l, akinek t\u00e9nyleg sz\u00e9pen be van rendezve otthona, mint a klasszikus hotel\u00fczem zak\u00f3s recepci\u00f3ssal.<\/p>\n\n\n\n<p class=\"wp-block-paragraph\">Az \u00f6sszes bels\u0151 t\u00e9r gy\u00f6ny\u00f6r\u0171en vil\u00e1gos, leveg\u0151s \u00e9s tele van sz\u00e9p \u00e9l\u0151 n\u00f6v\u00e9nyekkel, amelyek energi\u00e1t adnak a t\u00e9rnek. <strong>Nem hi\u00e1nyzik egy kicsi, de ann\u00e1l fel\u00fcd\u00edt\u0151bb medence sem<\/strong>, amely megb\u00edzhat\u00f3an menti a helyzetet a tr\u00f3pusi, p\u00e1r\u00e1s d\u00e9lut\u00e1nokon. A szob\u00e1k kl\u00edm\u00e1ja teljesen megb\u00edzhat\u00f3an m\u0171k\u00f6dik, \u00e9s a szob\u00e1k meglep\u0151en j\u00f3l szigeteltek a minden\u00fctt jelen l\u00e9v\u0151 utcazajt\u00f3l.<\/p>\n\n\n\n<p class=\"wp-block-paragraph\">A reggelit itt nagyon meghitten szolg\u00e1lj\u00e1k fel, \u00e9s t\u00f6bb frissen k\u00e9sz\u00edtett v\u00e1ltozat k\u00f6z\u00fcl v\u00e1laszthatsz, az \u00e9des palacsint\u00e1t\u00f3l a <strong>s\u00f3s helyi k\u00fcl\u00f6nlegess\u00e9gekig<\/strong>. A kiszolg\u00e1l\u00e1s mindig szak\u00edt id\u0151t egy r\u00f6vid besz\u00e9lget\u00e9sre, \u00e9s sz\u00edvesen aj\u00e1nlja a k\u00f6rny\u00e9k <strong>legjobb rejtett k\u00e1v\u00e9z\u00f3it<\/strong>, ahov\u00e1 f\u0151leg csak a helyi lakosok j\u00e1rnak.<\/p>\n\n\n\n<p class=\"wp-block-paragraph\"><strong>\ud83d\udca1 Tipp:<\/strong> Ez a hotel teljesen rejtett kincs azoknak az utaz\u00f3knak, akik az olcs\u00f3bb \u00e9s autentikusabb Getseman\u00ed negyedben akarnak lakni, de <strong>rendk\u00edv\u00fcl szem\u00e9lyes hozz\u00e1\u00e1ll\u00e1st \u00e9s cs\u00facsmin\u0151s\u00e9g\u0171 szolg\u00e1ltat\u00e1st<\/strong> ig\u00e9nyelnek. Mindenk\u00e9pp meg\u00e9ri k\u00f6zvetlen\u00fcl az oldalukon foglalni, helysz\u00edni fizet\u00e9ssel, hogy garant\u00e1ltan megsp\u00f3rold a k\u00fclf\u00f6ldieknek j\u00e1r\u00f3 19%-os IVA-t.<\/p>\n\n\n\n<figure data-wp-context=\"{&quot;imageId&quot;:&quot;6a9c185fcca7f&quot;}\" data-wp-interactive=\"core\/image\" data-wp-key=\"6a9c185fcca7f\" class=\"wp-block-image size-full wp-lightbox-container\"><img decoding=\"async\" width=\"1600\" height=\"1200\" data-wp-class--hide=\"state.isContentHidden\" data-wp-class--show=\"state.isContentVisible\" data-wp-init=\"callbacks.setButtonStyles\" data-wp-on--click=\"actions.showLightbox\" data-wp-on--load=\"callbacks.setButtonStyles\" data-wp-on--pointerdown=\"actions.preloadImage\" data-wp-on--pointerenter=\"actions.preloadImageWithDelay\" data-wp-on--pointerleave=\"actions.cancelPreload\" data-wp-on-window--resize=\"callbacks.setButtonStyles\" src=\"https:\/\/loudavymkrokem.cz\/wp-content\/uploads\/2026\/09\/los-patios-hostel.jpg\" alt=\"Los Patios Hostel\" class=\"wp-image-415714\" title=\"\" srcset=\"https:\/\/loudavymkrokem.cz\/wp-content\/uploads\/2026\/09\/los-patios-hostel.jpg 1600w, https:\/\/loudavymkrokem.cz\/wp-content\/uploads\/2026\/09\/los-patios-hostel-300x225.jpg 300w, https:\/\/loudavymkrokem.cz\/wp-content\/uploads\/2026\/09\/los-patios-hostel-700x525.jpg 700w, https:\/\/loudavymkrokem.cz\/wp-content\/uploads\/2026\/09\/los-patios-hostel-768x576.jpg 768w, https:\/\/loudavymkrokem.cz\/wp-content\/uploads\/2026\/09\/los-patios-hostel-1536x1152.jpg 1536w, https:\/\/loudavymkrokem.cz\/wp-content\/uploads\/2026\/09\/los-patios-hostel-80x60.jpg 80w, https:\/\/loudavymkrokem.cz\/wp-content\/uploads\/2026\/09\/los-patios-hostel-160x120.jpg 160w, https:\/\/loudavymkrokem.cz\/wp-content\/uploads\/2026\/09\/los-patios-hostel-696x522.jpg 696w, https:\/\/loudavymkrokem.cz\/wp-content\/uploads\/2026\/09\/los-patios-hostel-1392x1044.jpg 1392w\" sizes=\"(max-width: 1600px) 100vw, 1600px\" \/><button\n\t\t\tclass=\"lightbox-trigger\"\n\t\t\ttype=\"button\"\n\t\t\taria-haspopup=\"dialog\"\n\t\t\tdata-wp-bind--aria-label=\"state.thisImage.triggerButtonAriaLabel\"\n\t\t\tdata-wp-init=\"callbacks.initTriggerButton\"\n\t\t\tdata-wp-on--click=\"actions.showLightbox\"\n\t\t\tdata-wp-style--right=\"state.thisImage.buttonRight\"\n\t\t\tdata-wp-style--top=\"state.thisImage.buttonTop\"\n\t\t>\n\t\t\t<svg xmlns=\"http:\/\/www.w3.org\/2000\/svg\" width=\"12\" height=\"12\" fill=\"none\" viewBox=\"0 0 12 12\">\n\t\t\t\t<path fill=\"#fff\" d=\"M2 0a2 2 0 0 0-2 2v2h1.5V2a.5.5 0 0 1 .5-.5h2V0H2Zm2 10.5H2a.5.5 0 0 1-.5-.5V8H0v2a2 2 0 0 0 2 2h2v-1.5ZM8 12v-1.5h2a.5.5 0 0 0 .5-.5V8H12v2a2 2 0 0 1-2 2H8Zm2-12a2 2 0 0 1 2 2v2h-1.5V2a.5.5 0 0 0-.5-.5H8V0h2Z\" \/>\n\t\t\t<\/svg>\n\t\t<\/button><figcaption class=\"wp-element-caption\">Foto: Guillermo Andres Londo\u00f1o \/ Google Maps<\/figcaption><\/figure>\n\n\n\n<h3 class=\"wp-block-heading\"><span class=\"ez-toc-section\" id=\"11_Los_Patios_Hostel\"><\/span>11. Los Patios Hostel<span class=\"ez-toc-section-end\"><\/span><\/h3>\n\n\n\n<p class=\"wp-block-paragraph\">Ez az \u00f3ri\u00e1si sz\u00e1ll\u00e1shely-jelens\u00e9g a Calle 30-on stabilan tartja <strong>Cartagena legjobban \u00e9rt\u00e9kelt hostele<\/strong> c\u00edm\u00e9t (fantasztikus \u26054,7-es \u00e9rt\u00e9kel\u00e9s 254 v\u00e9lem\u00e9nyb\u0151l az \u00faj \u00e9p\u00fcletben, \u00f6sszess\u00e9g\u00e9ben pedig m\u00e1r ezrek lelkes v\u00e9lem\u00e9nye van). Messze nem csak egy zajos hely a h\u00e1tizs\u00e1kosoknak, ugyanis gy\u00f6ny\u00f6r\u0171 \u00e9s t\u00e1gas priv\u00e1t szob\u00e1kat is k\u00edn\u00e1l, amelyek egy\u00e1ltal\u00e1n nem maradnak el a Centro sokkal dr\u00e1g\u00e1bb butikhoteleit\u0151l.<\/p>\n\n\n\n<p class=\"wp-block-paragraph\">Az eg\u00e9sz hostel koncepci\u00f3ja er\u0151sen a k\u00f6z\u00f6ss\u00e9gi \u00e9letre \u00e9s az \u00faj emberekkel val\u00f3 folyamatos tal\u00e1lkoz\u00e1sra \u00e9p\u00fcl. Tal\u00e1lsz itt <strong>remek\u00fcl karbantartott medenc\u00e9t, \u00f3ri\u00e1si tet\u0151teraszt, s\u0151t t\u00f6k\u00e9letesen felszerelt coworking-tereket<\/strong> is a dolgoz\u00f3 digit\u00e1lis nom\u00e1doknak. Mindenhol maximumon megy a kl\u00edma, \u00e9s minden nap t\u00f6rt\u00e9nik itt valami: salsatanfolyamok, spanyol nyelv\u00f3ra vagy esti grillez\u00e9s a tet\u0151n.<\/p>\n\n\n\n<p class=\"wp-block-paragraph\">A terek nagyon modernek, tiszt\u00e1k, \u00e9s <strong>magas biztons\u00e1gi szintre<\/strong> \u00fcgyelnek, \u00edgy nem kell agg\u00f3dnod az \u00e9rt\u00e9keid\u00e9rt. A lifteket \u00e9s az emeletekre val\u00f3 bejut\u00e1st r\u00e1ad\u00e1sul <strong>chipk\u00e1rty\u00e1kkal<\/strong> oldott\u00e1k meg, ami a hostelekn\u00e9l hat\u00e1rozottan nem szokott standard lenni.<\/p>\n\n\n\n<p class=\"wp-block-paragraph\"><strong>\ud83d\udca1 Tipp:<\/strong> A <a href=\"https:\/\/www.stay22.com\/allez\/roam?aid=lukaskonecny&#038;campaign=loudavymkrokemcz&#038;campaign=kde-bydlet-v-cartagene&#038;hotelname=Los%20Patios%20Hostel&#038;address=Cartagena%2C%20Kolumbie\" target=\"_blank\" rel=\"noopener nofollow sponsored\">Los Patios<\/a> teljesen k\u00f6telez\u0151 <strong>egyed\u00fcl utaz\u00f3knak \u00e9s azoknak, akik a nyaral\u00e1s alatt akt\u00edvan szeretn\u00e9nek ismerkedni<\/strong>. M\u00e9g ha dr\u00e1ga priv\u00e1t szob\u00e1ban is laksz, korl\u00e1tlanul hozz\u00e1f\u00e9rsz az \u00f6sszes t\u00e1rsas\u00e1gi esem\u00e9nyhez. Veget\u00e1ri\u00e1nusoknak r\u00e1ad\u00e1sul \u00f3ri\u00e1si el\u0151ny a k\u00f6zeli remek bisztr\u00f3, az El Bolol\u00f3 vagy a h\u00edres Sambal, ahol remek\u00fcl \u00e9s h\u00fasmentesen j\u00f3llakhatsz.<\/p>\n\n\n\n<figure data-wp-context=\"{&quot;imageId&quot;:&quot;6a9c185fccef7&quot;}\" data-wp-interactive=\"core\/image\" data-wp-key=\"6a9c185fccef7\" class=\"wp-block-image size-full wp-lightbox-container\"><img decoding=\"async\" width=\"1600\" height=\"667\" data-wp-class--hide=\"state.isContentHidden\" data-wp-class--show=\"state.isContentVisible\" data-wp-init=\"callbacks.setButtonStyles\" data-wp-on--click=\"actions.showLightbox\" data-wp-on--load=\"callbacks.setButtonStyles\" data-wp-on--pointerdown=\"actions.preloadImage\" data-wp-on--pointerenter=\"actions.preloadImageWithDelay\" data-wp-on--pointerleave=\"actions.cancelPreload\" data-wp-on-window--resize=\"callbacks.setButtonStyles\" src=\"https:\/\/loudavymkrokem.cz\/wp-content\/uploads\/2026\/09\/estelar-cartagena-de-indias-hotel-centro-de-conv.jpg\" alt=\"ESTELAR Cartagena de Indias Hotel &#038; Centro de Convenciones\" class=\"wp-image-415717\" title=\"\" srcset=\"https:\/\/loudavymkrokem.cz\/wp-content\/uploads\/2026\/09\/estelar-cartagena-de-indias-hotel-centro-de-conv.jpg 1600w, https:\/\/loudavymkrokem.cz\/wp-content\/uploads\/2026\/09\/estelar-cartagena-de-indias-hotel-centro-de-conv-300x125.jpg 300w, https:\/\/loudavymkrokem.cz\/wp-content\/uploads\/2026\/09\/estelar-cartagena-de-indias-hotel-centro-de-conv-700x292.jpg 700w, https:\/\/loudavymkrokem.cz\/wp-content\/uploads\/2026\/09\/estelar-cartagena-de-indias-hotel-centro-de-conv-768x320.jpg 768w, https:\/\/loudavymkrokem.cz\/wp-content\/uploads\/2026\/09\/estelar-cartagena-de-indias-hotel-centro-de-conv-1536x640.jpg 1536w, https:\/\/loudavymkrokem.cz\/wp-content\/uploads\/2026\/09\/estelar-cartagena-de-indias-hotel-centro-de-conv-696x290.jpg 696w, https:\/\/loudavymkrokem.cz\/wp-content\/uploads\/2026\/09\/estelar-cartagena-de-indias-hotel-centro-de-conv-1392x580.jpg 1392w\" sizes=\"(max-width: 1600px) 100vw, 1600px\" \/><button\n\t\t\tclass=\"lightbox-trigger\"\n\t\t\ttype=\"button\"\n\t\t\taria-haspopup=\"dialog\"\n\t\t\tdata-wp-bind--aria-label=\"state.thisImage.triggerButtonAriaLabel\"\n\t\t\tdata-wp-init=\"callbacks.initTriggerButton\"\n\t\t\tdata-wp-on--click=\"actions.showLightbox\"\n\t\t\tdata-wp-style--right=\"state.thisImage.buttonRight\"\n\t\t\tdata-wp-style--top=\"state.thisImage.buttonTop\"\n\t\t>\n\t\t\t<svg xmlns=\"http:\/\/www.w3.org\/2000\/svg\" width=\"12\" height=\"12\" fill=\"none\" viewBox=\"0 0 12 12\">\n\t\t\t\t<path fill=\"#fff\" d=\"M2 0a2 2 0 0 0-2 2v2h1.5V2a.5.5 0 0 1 .5-.5h2V0H2Zm2 10.5H2a.5.5 0 0 1-.5-.5V8H0v2a2 2 0 0 0 2 2h2v-1.5ZM8 12v-1.5h2a.5.5 0 0 0 .5-.5V8H12v2a2 2 0 0 1-2 2H8Zm2-12a2 2 0 0 1 2 2v2h-1.5V2a.5.5 0 0 0-.5-.5H8V0h2Z\" \/>\n\t\t\t<\/svg>\n\t\t<\/button><figcaption class=\"wp-element-caption\">Foto: ESTELAR Cartagena de Indias Hotel &#038; Centro de Convenciones \/ Google Maps<\/figcaption><\/figure>\n\n\n\n<h3 class=\"wp-block-heading\"><span class=\"ez-toc-section\" id=\"12_ESTELAR_Cartagena_de_Indias_Hotel_Centro_de_Convenciones\"><\/span>12. ESTELAR Cartagena de Indias Hotel &#038; Centro de Convenciones<span class=\"ez-toc-section-end\"><\/span><\/h3>\n\n\n\n<p class=\"wp-block-paragraph\">Most \u00e1tk\u00f6lt\u00f6z\u00fcnk a modern toronynegyedbe, Bocagrand\u00e9ba, a luxus Carrera 1-re. Ennek az \u00fcvegburkolat\u00fa felh\u0151karcol\u00f3nak <strong>egy\u00e1ltal\u00e1n a legt\u00f6bb v\u00e9lem\u00e9nye van a v\u00e1ros \u00f6sszes hotele k\u00f6z\u00fcl, \u00e9s egyben a legmagasabb ratinget tartja a nagy resortok k\u00f6z\u00fcl<\/strong> (\u26054,8-as \u00e9rt\u00e9kel\u00e9s leny\u0171g\u00f6z\u0151 10 269 v\u00e9lem\u00e9nyb\u0151l). Ez egy \u00f3ri\u00e1si modern sz\u00f6rnyeteg, amely magas eur\u00f3pai sz\u00ednvonal\u00fa luxust k\u00edn\u00e1l mindennel, ami ehhez tartozik.<\/p>\n\n\n\n<p class=\"wp-block-paragraph\">Az eg\u00e9sz \u00e9p\u00fclet abszol\u00fat legnagyobb attrakci\u00f3ja a <strong>legfels\u0151 emeleten elhelyezett, h\u00edres 51 Sky Bar<\/strong>, amely \u00f6nmag\u00e1ban ezr\u00e9vel gy\u0171jti a remek v\u00e9lem\u00e9nyeket az interneten (\u26054,2-es \u00e9rt\u00e9kel\u00e9s). L\u00e9legzetel\u00e1ll\u00edt\u00f3 \u00e9s zavartalan panor\u00e1m\u00e1s kil\u00e1t\u00e1st k\u00edn\u00e1l az eg\u00e9sz v\u00e1rosra \u00e9s az \u00f6b\u00f6lre. A hotelnek r\u00f6gt\u00f6n t\u00f6bb \u00f3ri\u00e1si medenc\u00e9je, cs\u00facsmin\u0151s\u00e9g\u0171 fitneszk\u00f6zpontja \u00e9s padl\u00f3t\u00f3l a plafonig gigantikus \u00fcvegfallal rendelkez\u0151 szob\u00e1i vannak.<\/p>\n\n\n\n<p class=\"wp-block-paragraph\">A szob\u00e1k \u00e1tlagon fel\u00fcl nagyok, \u00e9s az \u00e9p\u00fclet magass\u00e1g\u00e1nak k\u00f6sz\u00f6nhet\u0151en abszol\u00fat <strong>semmi utcazaj<\/strong> nem jut el hozz\u00e1juk. A reggelit gigantikus sv\u00e9dasztal form\u00e1j\u00e1ban szolg\u00e1lj\u00e1k fel, ahol teljesen mindenki v\u00e1logathat, bele\u00e9rtve rengeteg <strong>glut\u00e9nmentes vagy veget\u00e1ri\u00e1nus v\u00e1ltozatot<\/strong>.<\/p>\n\n\n\n<p class=\"wp-block-paragraph\"><strong>\ud83d\udca1 Tipp:<\/strong> Az <a href=\"https:\/\/www.stay22.com\/allez\/roam?aid=lukaskonecny&#038;campaign=loudavymkrokemcz&#038;campaign=kde-bydlet-v-cartagene&#038;hotelname=ESTELAR%20Cartagena%20de%20Indias%20Hotel%20%26%20Centro%20de%20Convenciones&#038;address=Cartagena%2C%20Kolumbie\" target=\"_blank\" rel=\"noopener nofollow sponsored\">ESTELAR<\/a> t\u00f6k\u00e9letes v\u00e1laszt\u00e1s azoknak az utaz\u00f3knak, akik szeretik a <strong>modern \u00e9p\u00edt\u00e9szetet \u00e9s a gondtalan resort-st\u00edlus\u00fa nyaral\u00e1st<\/strong>. Csak vigy\u00e1zz: b\u00e1r a hotel egy karny\u00fajt\u00e1snyira van a strandt\u00f3l, a v\u00edz Bocagrand\u00e9ban zavaros \u00e9s barna, \u00edgy val\u00f3sz\u00edn\u0171leg v\u00e9gig f\u0151leg a hotelmedenc\u00e9kben f\u00fcrdesz majd.<\/p>\n\n\n\n<figure data-wp-context=\"{&quot;imageId&quot;:&quot;6a9c185fcd34b&quot;}\" data-wp-interactive=\"core\/image\" data-wp-key=\"6a9c185fcd34b\" class=\"wp-block-image size-full wp-lightbox-container\"><img decoding=\"async\" width=\"1600\" height=\"1066\" data-wp-class--hide=\"state.isContentHidden\" data-wp-class--show=\"state.isContentVisible\" data-wp-init=\"callbacks.setButtonStyles\" data-wp-on--click=\"actions.showLightbox\" data-wp-on--load=\"callbacks.setButtonStyles\" data-wp-on--pointerdown=\"actions.preloadImage\" data-wp-on--pointerenter=\"actions.preloadImageWithDelay\" data-wp-on--pointerleave=\"actions.cancelPreload\" data-wp-on-window--resize=\"callbacks.setButtonStyles\" src=\"https:\/\/loudavymkrokem.cz\/wp-content\/uploads\/2026\/09\/intercontinental-cartagena-de-indias.jpg\" alt=\"InterContinental Cartagena de Indias\" class=\"wp-image-415718\" title=\"\" srcset=\"https:\/\/loudavymkrokem.cz\/wp-content\/uploads\/2026\/09\/intercontinental-cartagena-de-indias.jpg 1600w, https:\/\/loudavymkrokem.cz\/wp-content\/uploads\/2026\/09\/intercontinental-cartagena-de-indias-300x200.jpg 300w, https:\/\/loudavymkrokem.cz\/wp-content\/uploads\/2026\/09\/intercontinental-cartagena-de-indias-700x466.jpg 700w, https:\/\/loudavymkrokem.cz\/wp-content\/uploads\/2026\/09\/intercontinental-cartagena-de-indias-768x512.jpg 768w, https:\/\/loudavymkrokem.cz\/wp-content\/uploads\/2026\/09\/intercontinental-cartagena-de-indias-1536x1023.jpg 1536w, https:\/\/loudavymkrokem.cz\/wp-content\/uploads\/2026\/09\/intercontinental-cartagena-de-indias-696x464.jpg 696w, https:\/\/loudavymkrokem.cz\/wp-content\/uploads\/2026\/09\/intercontinental-cartagena-de-indias-1392x927.jpg 1392w\" sizes=\"(max-width: 1600px) 100vw, 1600px\" \/><button\n\t\t\tclass=\"lightbox-trigger\"\n\t\t\ttype=\"button\"\n\t\t\taria-haspopup=\"dialog\"\n\t\t\tdata-wp-bind--aria-label=\"state.thisImage.triggerButtonAriaLabel\"\n\t\t\tdata-wp-init=\"callbacks.initTriggerButton\"\n\t\t\tdata-wp-on--click=\"actions.showLightbox\"\n\t\t\tdata-wp-style--right=\"state.thisImage.buttonRight\"\n\t\t\tdata-wp-style--top=\"state.thisImage.buttonTop\"\n\t\t>\n\t\t\t<svg xmlns=\"http:\/\/www.w3.org\/2000\/svg\" width=\"12\" height=\"12\" fill=\"none\" viewBox=\"0 0 12 12\">\n\t\t\t\t<path fill=\"#fff\" d=\"M2 0a2 2 0 0 0-2 2v2h1.5V2a.5.5 0 0 1 .5-.5h2V0H2Zm2 10.5H2a.5.5 0 0 1-.5-.5V8H0v2a2 2 0 0 0 2 2h2v-1.5ZM8 12v-1.5h2a.5.5 0 0 0 .5-.5V8H12v2a2 2 0 0 1-2 2H8Zm2-12a2 2 0 0 1 2 2v2h-1.5V2a.5.5 0 0 0-.5-.5H8V0h2Z\" \/>\n\t\t\t<\/svg>\n\t\t<\/button><figcaption class=\"wp-element-caption\">Foto: InterContinental Cartagena de Indias by IHG \/ Google Maps<\/figcaption><\/figure>\n\n\n\n<h3 class=\"wp-block-heading\"><span class=\"ez-toc-section\" id=\"13_InterContinental_Cartagena_de_Indias\"><\/span>13. InterContinental Cartagena de Indias<span class=\"ez-toc-section-end\"><\/span><\/h3>\n\n\n\n<p class=\"wp-block-paragraph\">R\u00f6gt\u00f6n a szoros szomsz\u00e9ds\u00e1gban, a ny\u00fczsg\u0151 Carrera 1-en \u00e1ll ez az \u00f3ri\u00e1si \u00f6tcsillagos kolosszus (\u26054,7-es \u00e9rt\u00e9kel\u00e9s 8 200 v\u00e9lem\u00e9nyb\u0151l). Az <a href=\"https:\/\/www.stay22.com\/allez\/roam?aid=lukaskonecny&#038;campaign=loudavymkrokemcz&#038;campaign=kde-bydlet-v-cartagene&#038;hotelname=InterContinental%20Cartagena%20de%20Indias&#038;address=Cartagena%2C%20Kolumbie\" target=\"_blank\" rel=\"noopener nofollow sponsored\">InterContinental<\/a> m\u00e1rka <strong>abszol\u00fat nemzetk\u00f6zi sz\u00ednvonalat \u00e9s biztos\u00edt\u00e9kot garant\u00e1l arra, hogy minden pontosan \u00fagy m\u0171k\u00f6dik, ahogy kell<\/strong>, b\u00e1rmif\u00e9le karibi z\u0171rzavar n\u00e9lk\u00fcl. Ez egy \u00f3ri\u00e1si \u00e9s nagyon j\u00f3l karbantartott \u00e9p\u00fclet, k\u00f6zvetlen\u00fcl a f\u0151 strands\u00e9t\u00e1nyn\u00e1l.<\/p>\n\n\n\n<p class=\"wp-block-paragraph\">A megsz\u00e1ll\u00f3 vend\u00e9gek els\u0151sorban a <strong>terjedelmes medenceteraszt im\u00e1dj\u00e1k, fantasztikus kil\u00e1t\u00e1ssal az \u00f3ce\u00e1nra<\/strong>, ahol a k\u00e9szs\u00e9ges kiszolg\u00e1l\u00e1s folyamatosan hordja a j\u00e9ghideg italokat egyenesen a nyug\u00e1gyakhoz. A szob\u00e1knak kompromisszummentesen er\u0151s kl\u00edm\u00e1juk, \u00f3ri\u00e1si m\u00e1rv\u00e1nyf\u00fcrd\u0151szob\u00e1juk \u00e9s rendk\u00edv\u00fcl k\u00e9nyelmes king size \u00e1gyuk van. A sv\u00e9dasztalos reggelit itt \u00e1ll\u00edt\u00f3lag komolyan veszik, legal\u00e1bbis abb\u00f3l \u00edt\u00e9lve, hogy h\u00e1ny vend\u00e9g eml\u00edti a v\u00e9lem\u00e9nyekben az egyik okk\u00e9nt, ami\u00e9rt visszat\u00e9rnek.<\/p>\n\n\n\n<p class=\"wp-block-paragraph\">A hotel remek\u00fcl fel van k\u00e9sz\u00fclve <strong>\u00fczleti utakra<\/strong> is, \u00e9s nagy \u00fczleti k\u00f6zponttal rendelkezik. A k\u00f6rny\u00e9ken r\u00e1ad\u00e1sul nagy modern <strong>klimatiz\u00e1lt bev\u00e1s\u00e1rl\u00f3k\u00f6zpontokat<\/strong> tal\u00e1lsz, ahov\u00e1 el tudsz b\u00fajni, amikor m\u00e1r t\u00fal intenz\u00edv r\u00e1d a d\u00e9li forr\u00f3s\u00e1g a strandon.<\/p>\n\n\n\n<p class=\"wp-block-paragraph\"><strong>\ud83d\udca1 Tipp:<\/strong> Ezt a hotelt gyakran \u00e9s nagyon sz\u00edvesen v\u00e1lasztj\u00e1k <strong>gyerekes csal\u00e1dok \u00e9s a sz\u00e1zsz\u00e1zal\u00e9kos magas nemzetk\u00f6zi sz\u00ednvonalhoz szokott utaz\u00f3k<\/strong>. A z\u00e1r\u00f3 kijelentkez\u00e9sn\u00e9l viszont figyelmesen tanulm\u00e1nyozd \u00e1t a t\u00f6bboldalas sz\u00e1ml\u00e1t, mert a nagy glob\u00e1lis l\u00e1ncokn\u00e1l id\u0151nk\u00e9nt el\u0151fordul, hogy a foglal\u00e1si rendszer nem t\u00f6rli automatikusan a turist\u00e1knak j\u00e1r\u00f3 kolumbiai IVA-t, \u00e9s akt\u00edvan jelentkezned kell \u00e9rte.<\/p>\n\n\n\n<figure data-wp-context=\"{&quot;imageId&quot;:&quot;6a9c185fcd9ad&quot;}\" data-wp-interactive=\"core\/image\" data-wp-key=\"6a9c185fcd9ad\" class=\"wp-block-image size-full wp-lightbox-container\"><img decoding=\"async\" width=\"1600\" height=\"900\" data-wp-class--hide=\"state.isContentHidden\" data-wp-class--show=\"state.isContentVisible\" data-wp-init=\"callbacks.setButtonStyles\" data-wp-on--click=\"actions.showLightbox\" data-wp-on--load=\"callbacks.setButtonStyles\" data-wp-on--pointerdown=\"actions.preloadImage\" data-wp-on--pointerenter=\"actions.preloadImageWithDelay\" data-wp-on--pointerleave=\"actions.cancelPreload\" data-wp-on-window--resize=\"callbacks.setButtonStyles\" src=\"https:\/\/loudavymkrokem.cz\/wp-content\/uploads\/2026\/09\/hotel-caribe-by-faranda-grand.jpg\" alt=\"Hotel Caribe by Faranda Grand\" class=\"wp-image-415720\" title=\"\" srcset=\"https:\/\/loudavymkrokem.cz\/wp-content\/uploads\/2026\/09\/hotel-caribe-by-faranda-grand.jpg 1600w, https:\/\/loudavymkrokem.cz\/wp-content\/uploads\/2026\/09\/hotel-caribe-by-faranda-grand-300x169.jpg 300w, https:\/\/loudavymkrokem.cz\/wp-content\/uploads\/2026\/09\/hotel-caribe-by-faranda-grand-700x394.jpg 700w, https:\/\/loudavymkrokem.cz\/wp-content\/uploads\/2026\/09\/hotel-caribe-by-faranda-grand-768x432.jpg 768w, https:\/\/loudavymkrokem.cz\/wp-content\/uploads\/2026\/09\/hotel-caribe-by-faranda-grand-1536x864.jpg 1536w, https:\/\/loudavymkrokem.cz\/wp-content\/uploads\/2026\/09\/hotel-caribe-by-faranda-grand-696x392.jpg 696w, https:\/\/loudavymkrokem.cz\/wp-content\/uploads\/2026\/09\/hotel-caribe-by-faranda-grand-1392x783.jpg 1392w\" sizes=\"(max-width: 1600px) 100vw, 1600px\" \/><button\n\t\t\tclass=\"lightbox-trigger\"\n\t\t\ttype=\"button\"\n\t\t\taria-haspopup=\"dialog\"\n\t\t\tdata-wp-bind--aria-label=\"state.thisImage.triggerButtonAriaLabel\"\n\t\t\tdata-wp-init=\"callbacks.initTriggerButton\"\n\t\t\tdata-wp-on--click=\"actions.showLightbox\"\n\t\t\tdata-wp-style--right=\"state.thisImage.buttonRight\"\n\t\t\tdata-wp-style--top=\"state.thisImage.buttonTop\"\n\t\t>\n\t\t\t<svg xmlns=\"http:\/\/www.w3.org\/2000\/svg\" width=\"12\" height=\"12\" fill=\"none\" viewBox=\"0 0 12 12\">\n\t\t\t\t<path fill=\"#fff\" d=\"M2 0a2 2 0 0 0-2 2v2h1.5V2a.5.5 0 0 1 .5-.5h2V0H2Zm2 10.5H2a.5.5 0 0 1-.5-.5V8H0v2a2 2 0 0 0 2 2h2v-1.5ZM8 12v-1.5h2a.5.5 0 0 0 .5-.5V8H12v2a2 2 0 0 1-2 2H8Zm2-12a2 2 0 0 1 2 2v2h-1.5V2a.5.5 0 0 0-.5-.5H8V0h2Z\" \/>\n\t\t\t<\/svg>\n\t\t<\/button><figcaption class=\"wp-element-caption\">Foto: Hotel Caribe by Faranda Grand, a member of Radisson Individuals \/ Google Maps<\/figcaption><\/figure>\n\n\n\n<h3 class=\"wp-block-heading\"><span class=\"ez-toc-section\" id=\"14_Hotel_Caribe_by_Faranda_Grand\"><\/span>14. Hotel Caribe by Faranda Grand<span class=\"ez-toc-section-end\"><\/span><\/h3>\n\n\n\n<p class=\"wp-block-paragraph\">Ez a vizu\u00e1lisan ikonikus hotel <strong>Bocagrande negyed\u00e9ben<\/strong> kicsit gy\u00f6ny\u00f6r\u0171 kiv\u00e9tel a k\u00f6rnyez\u0151 \u00fcvegburkolat\u00fa felh\u0151karcol\u00f3k k\u00f6z\u00f6tt (\u26054,6-os \u00e9rt\u00e9kel\u00e9s 6 725 v\u00e9lem\u00e9nyb\u0151l). A helyiek gyakran \u201eCartagena \u00f6reg h\u00f6lgy\u00e9nek&#8221; h\u00edvj\u00e1k, mert m\u00e1r 1945-ben \u00e9p\u00fclt, \u00e9s meg\u0151rizte a t\u00f6rt\u00e9nelmi karibi resortok \u00f3ri\u00e1si, ut\u00e1nozhatatlan <strong>var\u00e1zs\u00e1t<\/strong>, amit a r\u00e9gi filmekb\u0151l ismersz.<\/p>\n\n\n\n<p class=\"wp-block-paragraph\">A gyors, \u00f6tvenedik emeleti liftek helyett itt <strong>gy\u00f6ny\u00f6r\u0171, terjedelmes tr\u00f3pusi kerteket tal\u00e1lsz, amelyekben szabadon r\u00f6pk\u00f6dnek a tarka papag\u00e1jok<\/strong>, \u00e9s egy\u00e1ltal\u00e1n a legr\u00e9gebbi \u00fasz\u00f3medenc\u00e9t eg\u00e9sz Cartagen\u00e1ban. Az \u00f6sszes szoba m\u00e1ra szerencs\u00e9re fel\u00faj\u00edtott, modern, csendes kl\u00edm\u00e1val felszerelt, de m\u00e9g mindig gondosan \u0151rzi az \u00f3vil\u00e1gi, nagyon romantikus b\u00e1j\u00e1t.<\/p>\n\n\n\n<p class=\"wp-block-paragraph\">A ter\u00fclet olyan \u00f3ri\u00e1si, hogy a vend\u00e9gek gy\u00f6ny\u00f6r\u0171en elsz\u00f3r\u00f3dnak benne, \u00e9s <strong>sosem \u00e9rzed t\u00falzs\u00fafoltnak<\/strong>. A resort r\u00e9sze t\u00f6bb \u00e9tterem is, ahol <strong>hagyom\u00e1nyos kolumbiai fog\u00e1sokat<\/strong> k\u00f3stolhatsz luxusosabb kivitelben, bele\u00e9rtve a kiv\u00e1l\u00f3 veget\u00e1ri\u00e1nus v\u00e1ltozatokat rizzsel \u00e9s babbal.<\/p>\n\n\n\n<p class=\"wp-block-paragraph\"><strong>\ud83d\udca1 Tipp:<\/strong> A <a href=\"https:\/\/www.stay22.com\/allez\/roam?aid=lukaskonecny&#038;campaign=loudavymkrokemcz&#038;campaign=kde-bydlet-v-cartagene&#038;hotelname=Hotel%20Caribe%20by%20Faranda%20Grand&#038;address=Cartagena%2C%20Kolumbie\" target=\"_blank\" rel=\"noopener nofollow sponsored\">Hotel Caribe<\/a> vizu\u00e1lisan teljesen gy\u00f6ny\u00f6r\u0171, \u00e9s <strong>ide\u00e1lis azoknak az utaz\u00f3knak, akik a praktikus Bocagrand\u00e9ban akarnak lakni, de nem szeretik a steril modern torony\u00e9p\u00fcleteket<\/strong>. A l\u00e1tnival\u00f3kkal teli t\u00f6rt\u00e9nelmi k\u00f6zpontba innen nagyj\u00e1b\u00f3l t\u00edz perc sima taxival, ami remek kompromisszum.<\/p>\n\n\n\n<figure data-wp-context=\"{&quot;imageId&quot;:&quot;6a9c185fcdffa&quot;}\" data-wp-interactive=\"core\/image\" data-wp-key=\"6a9c185fcdffa\" class=\"wp-block-image size-full wp-lightbox-container\"><img decoding=\"async\" width=\"1600\" height=\"1065\" data-wp-class--hide=\"state.isContentHidden\" data-wp-class--show=\"state.isContentVisible\" data-wp-init=\"callbacks.setButtonStyles\" data-wp-on--click=\"actions.showLightbox\" data-wp-on--load=\"callbacks.setButtonStyles\" data-wp-on--pointerdown=\"actions.preloadImage\" data-wp-on--pointerenter=\"actions.preloadImageWithDelay\" data-wp-on--pointerleave=\"actions.cancelPreload\" data-wp-on-window--resize=\"callbacks.setButtonStyles\" src=\"https:\/\/loudavymkrokem.cz\/wp-content\/uploads\/2026\/09\/hyatt-regency-cartagena.jpg\" alt=\"Hyatt Regency Cartagena\" class=\"wp-image-415722\" title=\"\" srcset=\"https:\/\/loudavymkrokem.cz\/wp-content\/uploads\/2026\/09\/hyatt-regency-cartagena.jpg 1600w, https:\/\/loudavymkrokem.cz\/wp-content\/uploads\/2026\/09\/hyatt-regency-cartagena-300x200.jpg 300w, https:\/\/loudavymkrokem.cz\/wp-content\/uploads\/2026\/09\/hyatt-regency-cartagena-700x466.jpg 700w, https:\/\/loudavymkrokem.cz\/wp-content\/uploads\/2026\/09\/hyatt-regency-cartagena-768x511.jpg 768w, https:\/\/loudavymkrokem.cz\/wp-content\/uploads\/2026\/09\/hyatt-regency-cartagena-1536x1022.jpg 1536w, https:\/\/loudavymkrokem.cz\/wp-content\/uploads\/2026\/09\/hyatt-regency-cartagena-696x463.jpg 696w, https:\/\/loudavymkrokem.cz\/wp-content\/uploads\/2026\/09\/hyatt-regency-cartagena-1392x927.jpg 1392w\" sizes=\"(max-width: 1600px) 100vw, 1600px\" \/><button\n\t\t\tclass=\"lightbox-trigger\"\n\t\t\ttype=\"button\"\n\t\t\taria-haspopup=\"dialog\"\n\t\t\tdata-wp-bind--aria-label=\"state.thisImage.triggerButtonAriaLabel\"\n\t\t\tdata-wp-init=\"callbacks.initTriggerButton\"\n\t\t\tdata-wp-on--click=\"actions.showLightbox\"\n\t\t\tdata-wp-style--right=\"state.thisImage.buttonRight\"\n\t\t\tdata-wp-style--top=\"state.thisImage.buttonTop\"\n\t\t>\n\t\t\t<svg xmlns=\"http:\/\/www.w3.org\/2000\/svg\" width=\"12\" height=\"12\" fill=\"none\" viewBox=\"0 0 12 12\">\n\t\t\t\t<path fill=\"#fff\" d=\"M2 0a2 2 0 0 0-2 2v2h1.5V2a.5.5 0 0 1 .5-.5h2V0H2Zm2 10.5H2a.5.5 0 0 1-.5-.5V8H0v2a2 2 0 0 0 2 2h2v-1.5ZM8 12v-1.5h2a.5.5 0 0 0 .5-.5V8H12v2a2 2 0 0 1-2 2H8Zm2-12a2 2 0 0 1 2 2v2h-1.5V2a.5.5 0 0 0-.5-.5H8V0h2Z\" \/>\n\t\t\t<\/svg>\n\t\t<\/button><figcaption class=\"wp-element-caption\">Foto: Hyatt Regency Cartagena \/ Google Maps<\/figcaption><\/figure>\n\n\n\n<h3 class=\"wp-block-heading\"><span class=\"ez-toc-section\" id=\"15_Hyatt_Regency_Cartagena\"><\/span>15. Hyatt Regency Cartagena<span class=\"ez-toc-section-end\"><\/span><\/h3>\n\n\n\n<p class=\"wp-block-paragraph\">Ez az \u00e9p\u00edt\u00e9szetileg kiv\u00e9teles hotel nagyon strat\u00e9giai helyen, a t\u00f6rt\u00e9nelmi Getseman\u00ed negyed \u00e9s a modern Bocagrande hat\u00e1r\u00e1n fekszik (kiv\u00e1l\u00f3 \u26054,7-es \u00e9rt\u00e9kel\u00e9s 4 659 v\u00e9lem\u00e9nyb\u0151l). Ennek az egyed\u00fcl\u00e1ll\u00f3 fekv\u00e9snek k\u00f6sz\u00f6nhet\u0151en a nyaral\u00e1son mindk\u00e9t vil\u00e1g legjav\u00e1t megkapod: <strong>csak p\u00e1r l\u00e9p\u00e9s a t\u00f6rt\u00e9nelmi v\u00e1rfalakt\u00f3l, de k\u00f6zben egy \u00f3ri\u00e1si modern resort teljes luxus\u00e1t is \u00e9lvezed<\/strong>.<\/p>\n\n\n\n<p class=\"wp-block-paragraph\">Az eg\u00e9sz hotel legnagyobb b\u00fcszkes\u00e9ge \u00e9s vonzereje a <strong>gy\u00f6ny\u00f6r\u0171 kaszk\u00e1dos infinity medenc\u00e9k, amelyek egyszerre k\u00edn\u00e1lnak kil\u00e1t\u00e1st az \u00f3v\u00e1rosra \u00e9s az \u00f6b\u00f6lre<\/strong>. Ezek val\u00f3sz\u00edn\u0171leg egy\u00e1ltal\u00e1n a legszebb modern medenc\u00e9k eg\u00e9sz Cartagen\u00e1ban, amelyekn\u00e9l a vend\u00e9gek eg\u00e9sz napokat t\u00f6ltenek. A szob\u00e1k reggelt\u0151l estig f\u00e9nnyel el\u00e1rasztva, kifog\u00e1stalanul m\u0171k\u00f6d\u0151 kl\u00edmarendszerekkel, amelyek \u00e9jszaka nem zavarnak.<\/p>\n\n\n\n<p class=\"wp-block-paragraph\">A medenc\u00e9ken k\u00edv\u00fcl a hotel \u00f3ri\u00e1si \u00e9s cs\u00facsmin\u0151s\u00e9g\u0171en felszerelt <strong>fitneszk\u00f6zpontot<\/strong> is k\u00edn\u00e1l, tengerre n\u00e9z\u0151 kil\u00e1t\u00e1ssal, valamint luxus sp\u00e1t, ahol a forr\u00f3 utc\u00e1kban t\u00f6lt\u00f6tt nap ut\u00e1n gy\u00f6ny\u00f6r\u0171en kipihened magad. A szem\u00e9lyzet <strong>t\u00f6k\u00e9letesen besz\u00e9l angolul<\/strong>, ami Kolumbi\u00e1ban nem mindig mag\u00e1t\u00f3l \u00e9rtet\u0151d\u0151.<\/p>\n\n\n\n<p class=\"wp-block-paragraph\"><strong>\ud83d\udca1 Tipp:<\/strong> A <a href=\"https:\/\/www.stay22.com\/allez\/roam?aid=lukaskonecny&#038;campaign=loudavymkrokemcz&#038;campaign=kde-bydlet-v-cartagene&#038;hotelname=Hyatt%20Regency%20Cartagena&#038;address=Cartagena%2C%20Kolumbie\" target=\"_blank\" rel=\"noopener nofollow sponsored\">Hyatt<\/a> teljesen remek azoknak az utaz\u00f3knak, akik <strong>a napokat k\u00e9nyelmesen a medenc\u00e9n\u00e9l akarj\u00e1k t\u00f6lteni egy jeges kokt\u00e9llal a k\u00e9zben, este viszont gyalog akarnak els\u00e9t\u00e1lni egy j\u00f3 vacsor\u00e1ra az eleven Getseman\u00edba<\/strong>. \u00c9rkez\u00e9skor ne felejtsd el k\u00f6vetkezetesen ellen\u0151rizni, hogy a recepci\u00f3s lem\u00e1solta-e a PIP-5 bel\u00e9p\u0151pecs\u00e9tet a hotelad\u00f3 al\u00f3li mentess\u00e9ghez.<\/p>\n\n\n\n<figure data-wp-context=\"{&quot;imageId&quot;:&quot;6a9c185fce4a9&quot;}\" data-wp-interactive=\"core\/image\" data-wp-key=\"6a9c185fce4a9\" class=\"wp-block-image size-full wp-lightbox-container\"><img decoding=\"async\" width=\"1600\" height=\"1067\" data-wp-class--hide=\"state.isContentHidden\" data-wp-class--show=\"state.isContentVisible\" data-wp-init=\"callbacks.setButtonStyles\" data-wp-on--click=\"actions.showLightbox\" data-wp-on--load=\"callbacks.setButtonStyles\" data-wp-on--pointerdown=\"actions.preloadImage\" data-wp-on--pointerenter=\"actions.preloadImageWithDelay\" data-wp-on--pointerleave=\"actions.cancelPreload\" data-wp-on-window--resize=\"callbacks.setButtonStyles\" src=\"https:\/\/loudavymkrokem.cz\/wp-content\/uploads\/2026\/09\/hotel-capilla-del-mar.jpg\" alt=\"Hotel Capilla del Mar\" class=\"wp-image-415725\" title=\"\" srcset=\"https:\/\/loudavymkrokem.cz\/wp-content\/uploads\/2026\/09\/hotel-capilla-del-mar.jpg 1600w, https:\/\/loudavymkrokem.cz\/wp-content\/uploads\/2026\/09\/hotel-capilla-del-mar-300x200.jpg 300w, https:\/\/loudavymkrokem.cz\/wp-content\/uploads\/2026\/09\/hotel-capilla-del-mar-700x467.jpg 700w, https:\/\/loudavymkrokem.cz\/wp-content\/uploads\/2026\/09\/hotel-capilla-del-mar-768x512.jpg 768w, https:\/\/loudavymkrokem.cz\/wp-content\/uploads\/2026\/09\/hotel-capilla-del-mar-1536x1024.jpg 1536w, https:\/\/loudavymkrokem.cz\/wp-content\/uploads\/2026\/09\/hotel-capilla-del-mar-696x464.jpg 696w, https:\/\/loudavymkrokem.cz\/wp-content\/uploads\/2026\/09\/hotel-capilla-del-mar-1392x928.jpg 1392w\" sizes=\"(max-width: 1600px) 100vw, 1600px\" \/><button\n\t\t\tclass=\"lightbox-trigger\"\n\t\t\ttype=\"button\"\n\t\t\taria-haspopup=\"dialog\"\n\t\t\tdata-wp-bind--aria-label=\"state.thisImage.triggerButtonAriaLabel\"\n\t\t\tdata-wp-init=\"callbacks.initTriggerButton\"\n\t\t\tdata-wp-on--click=\"actions.showLightbox\"\n\t\t\tdata-wp-style--right=\"state.thisImage.buttonRight\"\n\t\t\tdata-wp-style--top=\"state.thisImage.buttonTop\"\n\t\t>\n\t\t\t<svg xmlns=\"http:\/\/www.w3.org\/2000\/svg\" width=\"12\" height=\"12\" fill=\"none\" viewBox=\"0 0 12 12\">\n\t\t\t\t<path fill=\"#fff\" d=\"M2 0a2 2 0 0 0-2 2v2h1.5V2a.5.5 0 0 1 .5-.5h2V0H2Zm2 10.5H2a.5.5 0 0 1-.5-.5V8H0v2a2 2 0 0 0 2 2h2v-1.5ZM8 12v-1.5h2a.5.5 0 0 0 .5-.5V8H12v2a2 2 0 0 1-2 2H8Zm2-12a2 2 0 0 1 2 2v2h-1.5V2a.5.5 0 0 0-.5-.5H8V0h2Z\" \/>\n\t\t\t<\/svg>\n\t\t<\/button><figcaption class=\"wp-element-caption\">Foto: Hotel Capilla del Mar \/ Google Maps<\/figcaption><\/figure>\n\n\n\n<h3 class=\"wp-block-heading\"><span class=\"ez-toc-section\" id=\"16_Hotel_Capilla_del_Mar\"><\/span>16. Hotel Capilla del Mar<span class=\"ez-toc-section-end\"><\/span><\/h3>\n\n\n\n<p class=\"wp-block-paragraph\">Ez a nagyon hagyom\u00e1nyos \u00e9s r\u00e9g\u00f3ta kedvelt hotel Bocagrande negyed kell\u0151s k\u00f6zep\u00e9n fekszik (\u26054,5-\u00f6s \u00e9rt\u00e9kel\u00e9s 6 055 v\u00e9lem\u00e9nyb\u0151l). Ink\u00e1bb a r\u00e9gebbi, de ann\u00e1l jobban karbantartott nagy, k\u00f6z\u00e9p- \u00e9s fels\u0151 kateg\u00f3ri\u00e1s hotelek k\u00f6z\u00e9 tartozik, kiv\u00e1l\u00f3 szervizzel. <strong>Teljesen szolid \u00e1r-\u00e9rt\u00e9k ar\u00e1nyt k\u00e9pvisel<\/strong> azoknak a vend\u00e9geknek, akik teljes hotelszervizt akarnak a tengerpart k\u00f6zel\u00e9ben, de nem kell fizetni\u00fck az \u00f6tcsillagos luxus\u00e9rt.<\/p>\n\n\n\n<p class=\"wp-block-paragraph\">Ennek a magas \u00e9p\u00fcletnek a tetej\u00e9n <strong>sz\u00e9p \u00e9s t\u00e1gas, nyug\u00e1gyakkal k\u00f6r\u00fclvett medenc\u00e9t tal\u00e1lsz, ahonnan fantasztikus a kil\u00e1t\u00e1s az esti naplement\u00e9re<\/strong> az \u00f3ce\u00e1n f\u00f6l\u00f6tt. Minden szob\u00e1ban teljes fordulatsz\u00e1mon megy a kl\u00edma, ami a helyi kl\u00edm\u00e1ban alapvet\u0151, a szem\u00e9lyzet pedig hihetetlen\u00fcl kedves \u00e9s seg\u00edt\u0151k\u00e9sz. A hotel k\u00f6zvetlen k\u00f6zel\u00e9ben rengeteg klimatiz\u00e1lt bev\u00e1s\u00e1rl\u00f3k\u00f6zpontot, patik\u00e1t \u00e9s kiv\u00e1l\u00f3 \u00e9ttermet tal\u00e1lsz.<\/p>\n\n\n\n<p class=\"wp-block-paragraph\">A reggelik nagyon b\u0151s\u00e9gesek, \u00e9s sokat f\u00f3kusz\u00e1lnak a helyi \u00edzekre, \u00edgy itt gond n\u00e9lk\u00fcl megengedhetsz magadnak <strong>kiv\u00e1l\u00f3 kolumbiai arepast<\/strong> vagy friss egzotikus gy\u00fcm\u00f6lcsleveket. A magasabb emeleteken l\u00e9v\u0151 szob\u00e1k r\u00e1ad\u00e1sul pazar <strong>kil\u00e1t\u00e1st<\/strong> k\u00edn\u00e1lnak az eg\u00e9sz \u00f6b\u00f6lre.<\/p>\n\n\n\n<p class=\"wp-block-paragraph\"><strong>\ud83d\udca1 Tipp:<\/strong> A <a href=\"https:\/\/www.stay22.com\/allez\/roam?aid=lukaskonecny&#038;campaign=loudavymkrokemcz&#038;campaign=kde-bydlet-v-cartagene&#038;hotelname=Hotel%20Capilla%20del%20Mar&#038;address=Cartagena%2C%20Kolumbie\" target=\"_blank\" rel=\"noopener nofollow sponsored\">Capilla del Mar<\/a> <strong>nagyon n\u00e9pszer\u0171 v\u00e1laszt\u00e1s maguk a nyaral\u00f3 kolumbiai csal\u00e1dok k\u00f6r\u00e9ben<\/strong>. Ha autentikus helyi karibi hangulatot akarsz \u00e1t\u00e9lni egy modern negyedben, ez kiv\u00e1l\u00f3 v\u00e1laszt\u00e1s. Vedd viszont figyelembe, hogy a val\u00f3ban krist\u00e1lytiszta tengerben val\u00f3 f\u00fcrd\u00e9shez Bocagrand\u00e9b\u00f3l haj\u00f3val kell a szigetekre indulnod.<\/p>\n\n\n\n<figure data-wp-context=\"{&quot;imageId&quot;:&quot;6a9c185fceaa2&quot;}\" data-wp-interactive=\"core\/image\" data-wp-key=\"6a9c185fceaa2\" class=\"wp-block-image size-full wp-lightbox-container\"><img decoding=\"async\" width=\"1600\" height=\"2133\" data-wp-class--hide=\"state.isContentHidden\" data-wp-class--show=\"state.isContentVisible\" data-wp-init=\"callbacks.setButtonStyles\" data-wp-on--click=\"actions.showLightbox\" data-wp-on--load=\"callbacks.setButtonStyles\" data-wp-on--pointerdown=\"actions.preloadImage\" data-wp-on--pointerenter=\"actions.preloadImageWithDelay\" data-wp-on--pointerleave=\"actions.cancelPreload\" data-wp-on-window--resize=\"callbacks.setButtonStyles\" src=\"https:\/\/loudavymkrokem.cz\/wp-content\/uploads\/2026\/09\/hotel-carey-beach-bar.jpg\" alt=\"Hotel Carey Beach Bar\u00fa\" class=\"wp-image-415728\" title=\"\" srcset=\"https:\/\/loudavymkrokem.cz\/wp-content\/uploads\/2026\/09\/hotel-carey-beach-bar.jpg 1600w, https:\/\/loudavymkrokem.cz\/wp-content\/uploads\/2026\/09\/hotel-carey-beach-bar-225x300.jpg 225w, https:\/\/loudavymkrokem.cz\/wp-content\/uploads\/2026\/09\/hotel-carey-beach-bar-700x933.jpg 700w, https:\/\/loudavymkrokem.cz\/wp-content\/uploads\/2026\/09\/hotel-carey-beach-bar-768x1024.jpg 768w, https:\/\/loudavymkrokem.cz\/wp-content\/uploads\/2026\/09\/hotel-carey-beach-bar-1152x1536.jpg 1152w, https:\/\/loudavymkrokem.cz\/wp-content\/uploads\/2026\/09\/hotel-carey-beach-bar-1536x2048.jpg 1536w, https:\/\/loudavymkrokem.cz\/wp-content\/uploads\/2026\/09\/hotel-carey-beach-bar-696x928.jpg 696w, https:\/\/loudavymkrokem.cz\/wp-content\/uploads\/2026\/09\/hotel-carey-beach-bar-1392x1856.jpg 1392w\" sizes=\"(max-width: 1600px) 100vw, 1600px\" \/><button\n\t\t\tclass=\"lightbox-trigger\"\n\t\t\ttype=\"button\"\n\t\t\taria-haspopup=\"dialog\"\n\t\t\tdata-wp-bind--aria-label=\"state.thisImage.triggerButtonAriaLabel\"\n\t\t\tdata-wp-init=\"callbacks.initTriggerButton\"\n\t\t\tdata-wp-on--click=\"actions.showLightbox\"\n\t\t\tdata-wp-style--right=\"state.thisImage.buttonRight\"\n\t\t\tdata-wp-style--top=\"state.thisImage.buttonTop\"\n\t\t>\n\t\t\t<svg xmlns=\"http:\/\/www.w3.org\/2000\/svg\" width=\"12\" height=\"12\" fill=\"none\" viewBox=\"0 0 12 12\">\n\t\t\t\t<path fill=\"#fff\" d=\"M2 0a2 2 0 0 0-2 2v2h1.5V2a.5.5 0 0 1 .5-.5h2V0H2Zm2 10.5H2a.5.5 0 0 1-.5-.5V8H0v2a2 2 0 0 0 2 2h2v-1.5ZM8 12v-1.5h2a.5.5 0 0 0 .5-.5V8H12v2a2 2 0 0 1-2 2H8Zm2-12a2 2 0 0 1 2 2v2h-1.5V2a.5.5 0 0 0-.5-.5H8V0h2Z\" \/>\n\t\t\t<\/svg>\n\t\t<\/button><figcaption class=\"wp-element-caption\">Foto: Hotel Carey Beach &#8211; Bar\u00fa \/ Google Maps<\/figcaption><\/figure>\n\n\n\n<h3 class=\"wp-block-heading\"><span class=\"ez-toc-section\" id=\"17_Hotel_Carey_Beach_Baru\"><\/span>17. Hotel Carey Beach Bar\u00fa<span class=\"ez-toc-section-end\"><\/span><\/h3>\n\n\n\n<p class=\"wp-block-paragraph\">Ha m\u00e1r eleged van a v\u00e1rosb\u00f3l, \u00e9s a bocagrandei zavaros barna vizet igazi karibi paradicsomra akarod cser\u00e9lni, mint egy katal\u00f3gusb\u00f3l, akkor a Bar\u00fa-f\u00e9lszigetre kell indulnod, a nyugodt Punta Blanca ter\u00fclet\u00e9re. Ennek a gy\u00f6ny\u00f6r\u0171, elszigetelt resortnak <strong>egy\u00e1ltal\u00e1n a legjobb \u00e9rt\u00e9kel\u00e9se van a Cartagena t\u00e1gabb k\u00f6rny\u00e9k\u00e9nek \u00f6sszes szigethotele<\/strong> k\u00f6z\u00fcl (k\u00e1pr\u00e1zatos \u26054,9-es \u00e9rt\u00e9kel\u00e9s 460 v\u00e9lem\u00e9nyb\u0151l).<\/p>\n\n\n\n<p class=\"wp-block-paragraph\">V\u00e9gre <strong>h\u00f3feh\u00e9r, finom homok, krist\u00e1lytiszta t\u00fcrkiz v\u00edz \u00e9s az \u00e1h\u00edtott k\u00f3kuszp\u00e1lma-\u00e1rny\u00e9k<\/strong> v\u00e1r r\u00e1d. A sz\u00e1ll\u00e1st gy\u00f6ny\u00f6r\u0171 priv\u00e1t vill\u00e1k \u00e9s kisebb szob\u00e1k alkotj\u00e1k, amelyek teljesen t\u00f6k\u00e9letesen olvadnak bele a k\u00f6rnyez\u0151 term\u00e9szetbe, \u00e9s nem hatnak zavar\u00f3an. B\u00e1r l\u00e9nyeg\u00e9ben el vagy v\u00e1gva egy szigeten, nem hi\u00e1nyzik itt a megb\u00edzhat\u00f3 kl\u00edma, a kiv\u00e1l\u00f3 eg\u00e9sz napos \u00e9tkez\u00e9s \u00e9s az els\u0151 oszt\u00e1ly\u00fa strandszerviz a mosolyg\u00f3s szem\u00e9lyzett\u0151l.<\/p>\n\n\n\n<p class=\"wp-block-paragraph\">A resort nagyon ad az <strong>\u00f6kol\u00f3giai hozz\u00e1\u00e1ll\u00e1sra<\/strong>, \u00edgy itt nem tal\u00e1lsz semmilyen zajos jetskit vagy hangos zen\u00e9t a strandon. Ez tiszta relax\u00e1ci\u00f3, <strong>snorkelez\u00e9ssel \u00e9s \u00fasz\u00e1ssal<\/strong> egyes\u00edtve a meleg tengerben.<\/p>\n\n\n\n<p class=\"wp-block-paragraph\"><strong>\ud83d\udca1 Tipp:<\/strong> A hosszadalmas utaz\u00e1snak a Bar\u00fa-f\u00e9lszigetre csak akkor van \u00e9rtelme, ha legal\u00e1bb k\u00e9t vagy t\u00f6bb \u00e9jszak\u00e1t tervezel itt t\u00f6lteni. Csak \u00fagy odaugrani egy d\u00e9lut\u00e1nra azt jelenti, hogy rengeteg id\u0151t t\u00f6ltesz a haj\u00f3ban vagy aut\u00f3ban a rossz utakon. Teljesen felesleges turista bel\u00e9p\u0151d\u00edjakat is fizetsz a ter\u00fclet bel\u00e9p\u00e9s\u00e9\u00e9rt. <em><a href=\"https:\/\/www.stay22.com\/allez\/roam?aid=lukaskonecny&#038;campaign=loudavymkrokemcz&#038;campaign=kde-bydlet-v-cartagene&#038;hotelname=Hotel%20Carey%20Beach%20Bar%C3%BA&#038;address=Cartagena%2C%20Kolumbie\" target=\"_blank\" rel=\"nofollow noopener sponsored\">\u00e1rak \u00e9s el\u00e9rhet\u0151s\u00e9g ellen\u0151rz\u00e9se<\/a><\/em><\/p>\n\n\n\n<figure data-wp-context=\"{&quot;imageId&quot;:&quot;6a9c185fcf07f&quot;}\" data-wp-interactive=\"core\/image\" data-wp-key=\"6a9c185fcf07f\" class=\"wp-block-image size-full wp-lightbox-container\"><img decoding=\"async\" width=\"1600\" height=\"2133\" data-wp-class--hide=\"state.isContentHidden\" data-wp-class--show=\"state.isContentVisible\" data-wp-init=\"callbacks.setButtonStyles\" data-wp-on--click=\"actions.showLightbox\" data-wp-on--load=\"callbacks.setButtonStyles\" data-wp-on--pointerdown=\"actions.preloadImage\" data-wp-on--pointerenter=\"actions.preloadImageWithDelay\" data-wp-on--pointerleave=\"actions.cancelPreload\" data-wp-on-window--resize=\"callbacks.setButtonStyles\" src=\"https:\/\/loudavymkrokem.cz\/wp-content\/uploads\/2026\/09\/hotel-las-islas.jpg\" alt=\"Hotel Las Islas\" class=\"wp-image-415731\" title=\"\" srcset=\"https:\/\/loudavymkrokem.cz\/wp-content\/uploads\/2026\/09\/hotel-las-islas.jpg 1600w, https:\/\/loudavymkrokem.cz\/wp-content\/uploads\/2026\/09\/hotel-las-islas-225x300.jpg 225w, https:\/\/loudavymkrokem.cz\/wp-content\/uploads\/2026\/09\/hotel-las-islas-700x933.jpg 700w, https:\/\/loudavymkrokem.cz\/wp-content\/uploads\/2026\/09\/hotel-las-islas-768x1024.jpg 768w, https:\/\/loudavymkrokem.cz\/wp-content\/uploads\/2026\/09\/hotel-las-islas-1152x1536.jpg 1152w, https:\/\/loudavymkrokem.cz\/wp-content\/uploads\/2026\/09\/hotel-las-islas-1536x2048.jpg 1536w, https:\/\/loudavymkrokem.cz\/wp-content\/uploads\/2026\/09\/hotel-las-islas-696x928.jpg 696w, https:\/\/loudavymkrokem.cz\/wp-content\/uploads\/2026\/09\/hotel-las-islas-1392x1856.jpg 1392w\" sizes=\"(max-width: 1600px) 100vw, 1600px\" \/><button\n\t\t\tclass=\"lightbox-trigger\"\n\t\t\ttype=\"button\"\n\t\t\taria-haspopup=\"dialog\"\n\t\t\tdata-wp-bind--aria-label=\"state.thisImage.triggerButtonAriaLabel\"\n\t\t\tdata-wp-init=\"callbacks.initTriggerButton\"\n\t\t\tdata-wp-on--click=\"actions.showLightbox\"\n\t\t\tdata-wp-style--right=\"state.thisImage.buttonRight\"\n\t\t\tdata-wp-style--top=\"state.thisImage.buttonTop\"\n\t\t>\n\t\t\t<svg xmlns=\"http:\/\/www.w3.org\/2000\/svg\" width=\"12\" height=\"12\" fill=\"none\" viewBox=\"0 0 12 12\">\n\t\t\t\t<path fill=\"#fff\" d=\"M2 0a2 2 0 0 0-2 2v2h1.5V2a.5.5 0 0 1 .5-.5h2V0H2Zm2 10.5H2a.5.5 0 0 1-.5-.5V8H0v2a2 2 0 0 0 2 2h2v-1.5ZM8 12v-1.5h2a.5.5 0 0 0 .5-.5V8H12v2a2 2 0 0 1-2 2H8Zm2-12a2 2 0 0 1 2 2v2h-1.5V2a.5.5 0 0 0-.5-.5H8V0h2Z\" \/>\n\t\t\t<\/svg>\n\t\t<\/button><figcaption class=\"wp-element-caption\">Foto: Hotel Las Islas &#8211; Bar\u00fa \/ Google Maps<\/figcaption><\/figure>\n\n\n\n<h3 class=\"wp-block-heading\"><span class=\"ez-toc-section\" id=\"18_Hotel_Las_Islas\"><\/span>18. Hotel Las Islas<span class=\"ez-toc-section-end\"><\/span><\/h3>\n\n\n\n<p class=\"wp-block-paragraph\">Ez a teljesen egyed\u00fcl\u00e1ll\u00f3 \u00f6koresort a f\u00e9lrees\u0151 Ci\u00e9naga de Chol\u00f3n ter\u00fclet\u00e9n fekszik (\u26054,4-es \u00e9rt\u00e9kel\u00e9s 887 v\u00e9lem\u00e9nyb\u0151l), \u00e9s <strong>a legluxusosabb szigetv\u00e1ltozatot<\/strong> k\u00e9pviseli, amit p\u00e9nz\u00e9rt megengedhetsz magadnak Cartagena t\u00e1gabb k\u00f6rny\u00e9k\u00e9n. Ez pontosan az a hely, ahov\u00e1 a legend\u00e1s n\u00e1szutakra, nagy \u00e9vfordul\u00f3kra \u00e9s rendk\u00edv\u00fcli \u00fcnnepl\u00e9sekre j\u00f6nnek, teljes mag\u00e1nyban.<\/p>\n\n\n\n<p class=\"wp-block-paragraph\">A klasszikus hotelszob\u00e1k helyett itt <strong>luxus, nagy bungal\u00f3kban sz\u00e1llsz meg, amelyeket vagy magasan a tereb\u00e9lyes f\u00e1k koron\u00e1j\u00e1ban, vagy k\u00f6zvetlen\u00fcl fac\u00f6l\u00f6p\u00f6kre \u00e9p\u00edtettek a tengeri lag\u00fana f\u00f6l\u00e9<\/strong>. Minden apr\u00f3 bels\u0151 r\u00e9szlet \u00e1tgondolt, rengeteg bungal\u00f3nak van saj\u00e1t kis medenc\u00e9je, \u00e9s sz\u00e1zsz\u00e1zal\u00e9kos mag\u00e1nyt garant\u00e1l a vil\u00e1g t\u00f6bbi r\u00e9sz\u00e9t\u0151l.<\/p>\n\n\n\n<p class=\"wp-block-paragraph\"><strong>A kiszolg\u00e1l\u00e1s cs\u00facssz\u00ednvonal\u00fa<\/strong>, \u00e9s az \u00e9rt\u00e9kel\u0151k egyet\u00e9rtenek abban, hogy m\u00e9g miel\u0151tt egy\u00e1ltal\u00e1n megmoccann\u00e1l, valaki odaj\u00f6n megk\u00e9rdezni, nincs-e sz\u00fcks\u00e9ged valamire. A helyi spak\u00f6zpont <strong>a szabad \u00e9g alatt<\/strong>, tengerre n\u00e9z\u0151 kil\u00e1t\u00e1ssal k\u00edn\u00e1l kezel\u00e9seket, ami teljesen felejthetetlen \u00e9lm\u00e9ny.<\/p>\n\n\n\n<p class=\"wp-block-paragraph\"><strong>\ud83d\udca1 Tipp:<\/strong> A <a href=\"https:\/\/www.stay22.com\/allez\/roam?aid=lukaskonecny&#038;campaign=loudavymkrokemcz&#038;campaign=kde-bydlet-v-cartagene&#038;hotelname=Hotel%20Las%20Islas&#038;address=Cartagena%2C%20Kolumbie\" target=\"_blank\" rel=\"noopener nofollow sponsored\">Hotel Las Islas<\/a> teljesen sz\u00e1nd\u00e9kosan van elszigetelve a k\u00f6rnyez\u0151 civiliz\u00e1lt vil\u00e1gt\u00f3l, \u00edgy el\u0151re <strong>k\u00e9sz\u00fclj fel arra, hogy az \u00f6sszes \u00e9tkez\u00e9sed kiz\u00e1r\u00f3lag a hotel \u00e9ttermeiben zajlik majd<\/strong>. E pr\u00e9mium sz\u00e1ll\u00e1s nagyon magas \u00e1rai miatt a 19%-os IVA levon\u00e1s\u00e1nak szemmel tart\u00e1sa a v\u00e9gsz\u00e1ml\u00e1n itt teljesen kulcsfontoss\u00e1g\u00fa feladat.<\/p>\n\n\n\n<h2 class=\"wp-block-heading\"><span class=\"ez-toc-section\" id=\"Hogyan_valaszd_ki_a_megfelelo_hotelt\"><\/span>Hogyan v\u00e1laszd ki a megfelel\u0151 hotelt<span class=\"ez-toc-section-end\"><\/span><\/h2>\n\n\n\n<p class=\"wp-block-paragraph\">A v\u00e9gs\u0151 d\u00f6nt\u00e9sn\u00e9l v\u00e1laszolj magadnak \u0151szint\u00e9n arra a k\u00e9rd\u00e9sre, mi sz\u00e1modra a legnagyobb priorit\u00e1s a nyaral\u00e1son. <strong>Ha p\u00e1rban utazol, \u00e9s az igazi t\u00f6rt\u00e9nelmi romantik\u00e1t akarod magadba sz\u00edvni<\/strong>, mindenk\u00e9pp v\u00e1laszd a csendes San Diego vagy k\u00f6zvetlen\u00fcl a Centro luxus butikhoteleit. H\u00e1tizs\u00e1kosoknak, valamint az utcai m\u0171v\u00e9szet \u00e9s \u00e9tel szerelmeseinek egy\u00e9rtelm\u0171 v\u00e1laszt\u00e1s az eleven Getseman\u00ed, m\u00edg a gyerekes csal\u00e1dok, akik \u00f3ri\u00e1si medenc\u00e9ket \u00e9s eur\u00f3pai szolg\u00e1ltat\u00e1si sz\u00ednvonalat ig\u00e9nyelnek, garant\u00e1ltan a bocagrandei magas \u00fcveg\u00e9p\u00fcletekben lesznek a legel\u00e9gedettebbek. Ha feszes a k\u00f6lts\u00e9gvet\u00e9sed, \u00e9s a turist\u00e1kt\u00f3l val\u00f3 abszol\u00fat nyugalmat keresel, fontold meg a Manga lak\u00f3negyedet, ahonnan p\u00e1r forint\u00e9rt taxival jutsz a k\u00f6zpontba.<\/p>\n\n\n\n<p class=\"wp-block-paragraph\">Ugyanakkor meg kell eml\u00edten\u00fcnk a biztons\u00e1g gyakorlati oldal\u00e1t is, amelynek hat\u00e1rozottan befoly\u00e1solnia kell a helyv\u00e1laszt\u00e1sodat. <strong>A t\u00f6rt\u00e9nelmi k\u00f6zpont, San Diego \u00e9s Getseman\u00ed nappal \u00e9s este is nagyon biztons\u00e1gos<\/strong>, de \u00e9jszaka nem aj\u00e1nlott gyalog menni sehov\u00e1 ezeken a kivil\u00e1g\u00edtott turistaz\u00f3n\u00e1kon k\u00edv\u00fclre. K\u00fcl\u00f6nleges \u00f3vatoss\u00e1g vonatkozik az egyed\u00fcl utaz\u00f3kra. \u00c9s egy fontos figyelmeztet\u00e9s: nagyon vigy\u00e1zz az ismerked\u0151s appokkal. K\u00fclf\u00f6ldi nagyk\u00f6vets\u00e9gek figyelmeztettek ellen\u00fck Cartagen\u00e1ban a szkopolaminnal val\u00f3 bedrogoz\u00e1s kock\u00e1zata miatt. Ez nem ijesztget\u00e9s, ez olyasmi, amir\u0151l t\u00e9nyleg j\u00f3 el\u0151re tudni. A p\u00e9nzt \u00e9s a fontos PIP-5 pecs\u00e9ttel ell\u00e1tott \u00fatlevelet ez\u00e9rt mindig z\u00e1rd be a hotelsz\u00e9fbe, \u00e9s az esti s\u00e9t\u00e1kra csak annyi k\u00e9szp\u00e9nzt vigy\u00e9l magaddal, amennyire felt\u00e9tlen\u00fcl sz\u00fcks\u00e9ged van.<\/p>\n\n\n\n<h2 class=\"wp-block-heading\"><span class=\"ez-toc-section\" id=\"Hol_egyel\"><\/span>Hol egy\u00e9l<span class=\"ez-toc-section-end\"><\/span><\/h2>\n\n\n\n<p class=\"wp-block-paragraph\">Cartagena ugyan h\u00edres a halr\u00f3l \u00e9s tenger gy\u00fcm\u00f6lcseir\u0151l, de teljesen mindenki megtal\u00e1lja a mag\u00e1\u00e9t, m\u00e9g azok is, akik \u00e9ppen nem rajonganak a h\u00fas\u00e9rt. Azt aj\u00e1nlom, hogy f\u0151leg a kisebb bisztr\u00f3kat \u00e9s k\u00e1v\u00e9z\u00f3kat fedezd fel a <strong>Getseman\u00ed \u00e9s Manga negyedekben<\/strong>, ahol <strong>\u00e9rezhet\u0151en olcs\u00f3bban<\/strong> ehetsz, mint k\u00f6zvetlen\u00fcl a f\u0151 v\u00e1rfalakn\u00e1l.<\/p>\n\n\n\n<h3 class=\"wp-block-heading\"><span class=\"ez-toc-section\" id=\"Husmentes_biztos_pontok_Cartagenaban\"><\/span>H\u00fasmentes biztos pontok Cartagen\u00e1ban<span class=\"ez-toc-section-end\"><\/span><\/h3>\n\n\n\n<p class=\"wp-block-paragraph\">Ha igaz\u00e1n bev\u00e1lt helyeket keresel, melegen aj\u00e1nlom az <strong>El Bolol\u00f3<\/strong> \u00e9s a <strong>Sambal<\/strong> bisztr\u00f3t Getseman\u00edban, amelyek remek \u00e9s friss \u00e9telt k\u00edn\u00e1lnak. Manga negyedben pedig mindenk\u00e9pp ne hagyd ki a <strong>SANATOco<\/strong>-t.<\/p>\n\n\n\n<p class=\"wp-block-paragraph\">Ha k\u00f6zvetlen\u00fcl a Centr\u00f3ban mozogsz, \u00e9s egy kicsit t\u00f6bb eleganci\u00e1t szeretn\u00e9l \u00e9lvezni, pr\u00f3b\u00e1ld ki a gy\u00f6ny\u00f6r\u0171 <strong>Casa Boh\u00eame<\/strong> \u00e9ttermet. Az \u00e9des v\u00e9gsz\u00f3\u00e9rt vagy egy d\u00e9lut\u00e1ni k\u00e1v\u00e9\u00e9rt pedig vita n\u00e9lk\u00fcl ugorj be a <strong>Museo del Chocolate<\/strong>-ba.<\/p>\n\n\n\n<h2 class=\"wp-block-heading\"><span class=\"ez-toc-section\" id=\"Merre_tovabb\"><\/span>Merre tov\u00e1bb<span class=\"ez-toc-section-end\"><\/span><\/h2>\n\n\n\n<ul class=\"wp-block-list\">\n\n<li><a href=\"https:\/\/loudavymkrokem.cz\/co-videt-v-cartagene\/\">Cartagena: mit l\u00e1ss \u00e9s mit csin\u00e1lj<\/a><\/li>\n\n\n\n<li><a href=\"https:\/\/loudavymkrokem.cz\/kolumbie\/\">Kolumbia: teljes \u00fatikalauz \u00e9s \u00fatiterv<\/a><\/li>\n\n\n\n<li><a href=\"https:\/\/loudavymkrokem.cz\/kdy-jet-do-kolumbie\/\">Mikor menj Kolumbi\u00e1ba: id\u0151j\u00e1r\u00e1s \u00e9s szezonok<\/a><\/li>\n\n\n<\/ul>\n\n\n\n<h2 class=\"wp-block-heading\"><span class=\"ez-toc-section\" id=\"Gyakran_ismetelt_kerdesek\"><\/span>Gyakran ism\u00e9telt k\u00e9rd\u00e9sek<span class=\"ez-toc-section-end\"><\/span><\/h2>\n\n\n<div id=\"rank-math-faq\" class=\"rank-math-block\">\n<div class=\"rank-math-list \">\n<div id=\"faq-question-1788422664000\" class=\"rank-math-list-item\">\n<h3 class=\"rank-math-question \"><span class=\"ez-toc-section\" id=\"Fizetnek_a_kulfoldi_turistak_szallasadot_Cartagenaban\"><\/span>Fizetnek a k\u00fclf\u00f6ldi turist\u00e1k sz\u00e1ll\u00e1sad\u00f3t Cartagen\u00e1ban?<span class=\"ez-toc-section-end\"><\/span><\/h3>\n<div class=\"rank-math-answer \">\n\n<p>Nem, a turista v\u00edzummal \u00e9rkez\u0151 k\u00fclf\u00f6ldiek <strong>100%-ban mentes\u00fclnek a kolumbiai 19%-os sz\u00e1ll\u00e1sd\u00edj-ad\u00f3 (IVA) al\u00f3l<\/strong>. \u00c9rkez\u00e9skor azonban kell kapnod a PIP-5 b\u00e9lyegz\u0151t az \u00fatlev\u00e9lbe, \u00e9s a sz\u00e1llod\u00e1ban fizikailag le kell m\u00e1soltatnod.   Fontos megjegyezni, hogy ha el\u0151re fizetsz interneten kereszt\u00fcl, a port\u00e1l gyakran felsz\u00e1m\u00edtja az ad\u00f3t, \u00e9s a sz\u00e1lloda a helysz\u00ednen m\u00e1r nem tudja visszat\u00e9r\u00edteni. \u00c9rdemes teh\u00e1t ilyen foglal\u00e1sok eset\u00e9n a fizet\u00e9st nagyon k\u00f6r\u00fcltekint\u0151en kezelni.<\/p>\n\n<\/div>\n<\/div>\n<div id=\"faq-question-1788422664001\" class=\"rank-math-list-item\">\n<h3 class=\"rank-math-question \"><span class=\"ez-toc-section\" id=\"Tiszta_es_turkizkek_a_tenger_Cartagenaban\"><\/span>Tiszta \u00e9s t\u00fcrkizk\u00e9k a tenger Cartagen\u00e1ban?<span class=\"ez-toc-section-end\"><\/span><\/h3>\n<div class=\"rank-math-answer \">\n\n<p>K\u00f6zvetlen\u00fcl Cartagen\u00e1ban (p\u00e9ld\u00e1ul a Bocagrande v\u00e1rosi strandjain) a <strong>v\u00edz sajnos zavaros \u00e9s barna<\/strong>, ami az eur\u00f3paiak sz\u00e1m\u00e1ra \u00e1ltal\u00e1ban \u00f3ri\u00e1si csal\u00f3d\u00e1s. Ez l\u00e9nyeg\u00e9ben logikus a foly\u00f3 \u00e9s a kik\u00f6t\u0151 k\u00f6zels\u00e9ge miatt.  Ha a klasszikus t\u00fcrkizk\u00e9k Karib-tengert keresed feh\u00e9r homokkal, mint a k\u00e9peken, akkor haj\u00f3val ki kell menned a Bar\u00fa-f\u00e9lszigetre vagy a csod\u00e1latos Rosario-szigetekre. Ott m\u00e1r v\u00e1r r\u00e1d az igazi, katal\u00f3gusokb\u00f3l ismert paradicsom.<\/p>\n\n<\/div>\n<\/div>\n<div id=\"faq-question-1788422664002\" class=\"rank-math-list-item\">\n<h3 class=\"rank-math-question \"><span class=\"ez-toc-section\" id=\"Szukseges_a_legkondicionalas_a_szobaban_Cartagenaban\"><\/span>Sz\u00fcks\u00e9ges a l\u00e9gkondicion\u00e1l\u00e1s a szob\u00e1ban Cartagen\u00e1ban?<span class=\"ez-toc-section-end\"><\/span><\/h3>\n<div class=\"rank-math-answer \">\n\n<p>Igen, a <strong>l\u00e9gkondicion\u00e1l\u00e1s abszol\u00fat \u00e9s megalkuv\u00e1s n\u00e9lk\u00fcli sz\u00fcks\u00e9glet<\/strong>. A h\u0151m\u00e9rs\u00e9klet itt eg\u00e9sz \u00e9vben 31 \u00e9s 33 \u00b0C k\u00f6z\u00f6tt mozog, \u00e9s a p\u00e1ratartalom extr\u00e9m. A csak ventil\u00e1torral felszerelt szoba \u00e1ltal\u00e1ban \u00e1tvigasztott, \u00e1tizzadt \u00e9jszak\u00e1t jelent.  El\u0151ny az is, ha a sz\u00e1llod\u00e1nak van medenc\u00e9je, ahov\u00e1 d\u00e9lben elb\u00fajhatsz a legrosszabb nap el\u0151l. A forr\u00f3 napokon ugyanis a h\u0171s\u00edt\u00e9s minden utaz\u00f3nak nagyon j\u00f3l j\u00f6n.<\/p>\n\n<\/div>\n<\/div>\n<div id=\"faq-question-1788422664003\" class=\"rank-math-list-item\">\n<h3 class=\"rank-math-question \"><span class=\"ez-toc-section\" id=\"Zajos_ejszaka_a_cartagenai_tortenelmi_kozpontban\"><\/span>Zajos \u00e9jszaka a cartagenai t\u00f6rt\u00e9nelmi k\u00f6zpontban?<span class=\"ez-toc-section-end\"><\/span><\/h3>\n<div class=\"rank-math-answer \">\n\n<p>Igen, k\u00fcl\u00f6n\u00f6sen <strong>a forgalmas Plaza Santo Domingo k\u00f6rny\u00e9k\u00e9n \u00e9s Getseman\u00ed f\u0151bb utc\u00e1in (pl. Calle del Arsenal \u00e9s Plaza de la Trinidad) \u00e9jszaka nagyon zajos<\/strong> a nyitott b\u00e1rok \u00e9s \u00e9jszakai klubok miatt. A hangos zene k\u00e9s\u0151 \u00e9jszak\u00e1ig sz\u00f3l.  Ha k\u00f6nny\u0171 alv\u00f3 vagy, ink\u00e1bb San Diego negyedben vagy a csendes lak\u00f3negyedben, Mang\u00e1ban keress sz\u00e1ll\u00e1st. \u00c9ppen ott tudsz megfelel\u0151en pihenni d\u00fcb\u00f6rg\u0151 basszusok n\u00e9lk\u00fcl.<\/p>\n\n<\/div>\n<\/div>\n<div id=\"faq-question-1788422664004\" class=\"rank-math-list-item\">\n<h3 class=\"rank-math-question \"><span class=\"ez-toc-section\" id=\"Milyen_messze_van_a_repuloter_a_varoskozponttol\"><\/span>Milyen messze van a rep\u00fcl\u0151t\u00e9r a v\u00e1rosk\u00f6zpontt\u00f3l?<span class=\"ez-toc-section-end\"><\/span><\/h3>\n<div class=\"rank-math-answer \">\n\n<p>A Rafael N\u00fa\u00f1ez nemzetk\u00f6zi rep\u00fcl\u0151t\u00e9r hihetetlen\u00fcl k\u00f6zel van, <strong>egy norm\u00e1l taxival a t\u00f6rt\u00e9nelmi k\u00f6zpontba mind\u00f6ssze kellemes 10-15 percet vesz ig\u00e9nybe az \u00fat<\/strong>. Hossz\u00fa \u00e9s f\u00e1raszt\u00f3 transzfert\u0151l \u00e9rkez\u00e9s ut\u00e1n egy\u00e1ltal\u00e1n nem kell tartanod.  Javasoljuk, hogy a taxi \u00e1r\u00e1t mindig el\u0151re egyeztesd meg, vagy m\u00e9g jobb, ha modern alkalmaz\u00e1sokat haszn\u00e1lsz, mint az Uber, InDriver vagy DiDi, ahol az \u00e1rat r\u00f6gt\u00f6n l\u00e1tod a kijelz\u0151n. \u00cdgy elker\u00fcl\u00f6d a sof\u0151r\u00f6kkel val\u00f3 alkudoz\u00e1st.<\/p>\n\n<\/div>\n<\/div>\n<div id=\"faq-question-1788422664005\" class=\"rank-math-list-item\">\n<h3 class=\"rank-math-question \"><span class=\"ez-toc-section\" id=\"Van_ertelme_egy_ejszakara_szallodat_foglalni_a_szigeteken\"><\/span>Van \u00e9rtelme egy \u00e9jszak\u00e1ra sz\u00e1llod\u00e1t foglalni a szigeteken?<span class=\"ez-toc-section-end\"><\/span><\/h3>\n<div class=\"rank-math-answer \">\n\n<p>Szem\u00e9ly szerint a logisztika miatt ezt nem igaz\u00e1n aj\u00e1nlom. A Bar\u00fara vagy a Rosario-szigetekre val\u00f3 utaz\u00e1s rengeteg id\u0151t vesz ig\u00e9nybe, \u00e9s minden egyszeri bel\u00e9p\u00e9skor plusz kik\u00f6t\u0151i d\u00edjakat kell fizetni.  <strong>Ide\u00e1lis esetben legal\u00e1bb k\u00e9t vagy t\u00f6bb \u00e9jszak\u00e1t t\u00f6ltesz egyhuzamban a szigeteken<\/strong>, k\u00fcl\u00f6nben t\u00fal sok id\u0151t t\u00f6ltesz az utaz\u00e1ssal, \u00e9s a luxus resortb\u00f3l nem \u00e9lvezel sokat. Ha kev\u00e9s az id\u0151d, ink\u00e1bb maradj v\u00e9gig a sz\u00e1razf\u00f6ld\u00f6n.<\/p>\n\n<\/div>\n<\/div>\n<div id=\"faq-question-1788422664006\" class=\"rank-math-list-item\">\n<h3 class=\"rank-math-question \"><span class=\"ez-toc-section\" id=\"Biztonsagos_Cartagena\"><\/span>Biztons\u00e1gos Cartagena?<span class=\"ez-toc-section-end\"><\/span><\/h3>\n<div class=\"rank-math-answer \">\n\n<p>A turista negyedekben (Centrum, San Diego, Getseman\u00ed, Bocagrande) nappal \u00e9s kora este nyugodt a helyzet. Az utc\u00e1k tele vannak emberekkel, \u00e9s a rend\u0151rs\u00e9g rendszeresen j\u00e1r\u0151r\u00f6zik, sz\u00f3val j\u00f3l fogod \u00e9rezni magad.  \u00c9jszaka viszont t\u00e9nyleg ne menj sehova a kivil\u00e1g\u00edtott turista z\u00f3n\u00e1kon k\u00edv\u00fclre, \u00e9s figyelj az ismerked\u0151 alkalmaz\u00e1sokra, l\u00e1sd a fenti figyelmeztet\u00e9st. Egy bizonyos m\u00e9rt\u00e9k\u0171 k\u00f6r\u00fcltekint\u00e9s \u00e9s j\u00f3zan paraszti \u00e9sz egyszer\u0171en sz\u00fcks\u00e9ges.<\/p>\n\n<\/div>\n<\/div>\n<\/div>\n<\/div>","protected":false},"excerpt":{"rendered":"<p>Fedezd fel a 18 legjobb hotelt Cartagen\u00e1ban (Kolumbia), tudd meg, mely negyedeket ker\u00fcld, \u00e9s tanuld meg, hogyan ne fizesd turistak\u00e9nt a 19%-os kolumbiai sz\u00e1ll\u00e1sad\u00f3t.<\/p>\n","protected":false},"author":3,"featured_media":415739,"comment_status":"open","ping_status":"open","sticky":false,"template":"","format":"standard","meta":{"_acf_changed":false,"footnotes":"","rank_math_title":"Cartagena, Kolumbia: 18 legjobb hotel \u00e9s v\u00e1rosr\u00e9sz","rank_math_description":"Hol sz\u00e1llj meg Cartagen\u00e1ban (Kolumbia)? 18 legjobb hotel, a legjobb v\u00e1rosr\u00e9szek \u00e9s a 19%-os sz\u00e1ll\u00e1sad\u00f3 tr\u00fckkje. N\u00e9zd meg \u00e9s foglalj okosan!","rank_math_focus_keyword":"cartagena kolumbia","rank_math_seo_score":""},"categories":[1788],"tags":[],"class_list":["post-417190","post","type-post","status-publish","format-standard","has-post-thumbnail","category-utazas"],"acf":[],"featured_image_src":"https:\/\/loudavymkrokem.cz\/wp-content\/uploads\/2026\/09\/hradby-cartageny-pri-zapadu-slunce-25aa4b4f.jpg","author_info":{"display_name":"Lucie Kone\u010dn\u00e1","author_link":"https:\/\/loudavymkrokem.cz\/hu\/author\/lucie-konecna\/"},"_links":{"self":[{"href":"https:\/\/loudavymkrokem.cz\/hu\/wp-json\/wp\/v2\/posts\/417190","targetHints":{"allow":["GET"]}}],"collection":[{"href":"https:\/\/loudavymkrokem.cz\/hu\/wp-json\/wp\/v2\/posts"}],"about":[{"href":"https:\/\/loudavymkrokem.cz\/hu\/wp-json\/wp\/v2\/types\/post"}],"author":[{"embeddable":true,"href":"https:\/\/loudavymkrokem.cz\/hu\/wp-json\/wp\/v2\/users\/3"}],"replies":[{"embeddable":true,"href":"https:\/\/loudavymkrokem.cz\/hu\/wp-json\/wp\/v2\/comments?post=417190"}],"version-history":[{"count":2,"href":"https:\/\/loudavymkrokem.cz\/hu\/wp-json\/wp\/v2\/posts\/417190\/revisions"}],"predecessor-version":[{"id":417192,"href":"https:\/\/loudavymkrokem.cz\/hu\/wp-json\/wp\/v2\/posts\/417190\/revisions\/417192"}],"wp:featuredmedia":[{"embeddable":true,"href":"https:\/\/loudavymkrokem.cz\/hu\/wp-json\/wp\/v2\/media\/415739"}],"wp:attachment":[{"href":"https:\/\/loudavymkrokem.cz\/hu\/wp-json\/wp\/v2\/media?parent=417190"}],"wp:term":[{"taxonomy":"category","embeddable":true,"href":"https:\/\/loudavymkrokem.cz\/hu\/wp-json\/wp\/v2\/categories?post=417190"},{"taxonomy":"post_tag","embeddable":true,"href":"https:\/\/loudavymkrokem.cz\/hu\/wp-json\/wp\/v2\/tags?post=417190"}],"curies":[{"name":"wp","href":"https:\/\/api.w.org\/{rel}","templated":true}]}}