{"id":417187,"date":"2026-09-04T10:00:00","date_gmt":"2026-09-04T08:00:00","guid":{"rendered":"https:\/\/loudavymkrokem.cz\/varna-bulgaria-latnivalok\/"},"modified":"2026-09-05T14:04:08","modified_gmt":"2026-09-05T12:04:08","slug":"varna-bulgaria-latnivalok","status":"publish","type":"post","link":"https:\/\/loudavymkrokem.cz\/hu\/varna-bulgaria-latnivalok\/","title":{"rendered":"V\u00e1rna, Bulg\u00e1ria: 20 tipp, mit n\u00e9zz meg a tengerparti metropoliszban 2026"},"content":{"rendered":"\n<p class=\"wp-block-paragraph\">Ha valaki azt mondja, Bulg\u00e1ria, a legt\u00f6bben v\u00e9gtelen sz\u00e1llodasorokat k\u00e9pzelnek el a Napospart ment\u00e9n. Csakhogy V\u00e1rna, Bulg\u00e1ria eg\u00e9szen m\u00e1s t\u00f6rt\u00e9net, \u00e9s itt sokkal t\u00f6bb cseh nyomra bukkanhatsz, mint gondoln\u00e1d. A R\u00e9g\u00e9szeti M\u00fazeumot, amely a vil\u00e1g legr\u00e9gebbi megmunk\u00e1lt arany\u00e1t rejti, <strong>Karel \u0160korpil<\/strong> alap\u00edtotta. A hatalmas Tengerkertet, az eg\u00e9sz part b\u00fcszkes\u00e9g\u00e9t pedig <strong>Anton Nov\u00e1k<\/strong> tervezte. \u00c9s ha felsz\u00e1llsz egy helyi buszra, j\u00f3 es\u00e9llyel egy <strong>cseh gy\u00e1rtm\u00e1ny\u00fa \u0160koda trolibusz<\/strong> visz majd.<\/p>\n\n\n\n<p class=\"wp-block-paragraph\">V\u00e1rna egyszer\u0171en nem csup\u00e1n egy mesters\u00e9ges ny\u00e1ri \u00fcd\u00fcl\u0151hely, hanem <strong>Bulg\u00e1ria harmadik legnagyobb v\u00e1rosa<\/strong>, amely eg\u00e9sz \u00e9vben a maga temp\u00f3j\u00e1ban \u00e9l. Itt tal\u00e1lod a Balk\u00e1n legnagyobb r\u00f3mai f\u00fcrd\u0151it, \u00e1rnyas, k\u00e1v\u00e9z\u00f3kkal teli s\u00e9t\u00e1nyokat \u00e9s v\u00e1rosi strandokat, amelyekhez gyalog is eljutsz a t\u00f6rt\u00e9nelmi belv\u00e1rosb\u00f3l. Pontosan az a fajta \u00fati c\u00e9l, ahol d\u00e9lel\u0151tt tr\u00e1k leletekben gy\u00f6ny\u00f6rk\u00f6dhetsz, d\u00e9lben remek sopszka sal\u00e1t\u00e1t ehetsz egy hagyom\u00e1nyos mechan\u00e1ban, d\u00e9lut\u00e1n pedig m\u00e1r a Fekete-tenger finom homokj\u00e1n hever\u00e9szhetsz.<\/p>\n\n\n\n<p class=\"wp-block-paragraph\">Ebben az \u00fatikalauzban <strong>20 konkr\u00e9t tippet tal\u00e1lsz, mit n\u00e9zz meg \u00e9s \u00e9lj \u00e1t V\u00e1rn\u00e1ban<\/strong>. El\u00e1rulom, hogyan ker\u00fcld el a k\u00f6zleked\u00e9s turistacsapd\u00e1it, hov\u00e1 \u00e9rdemes kir\u00e1ndulni a k\u00f6rny\u00e9ken, melyik negyedben sz\u00e1llj meg okosan, \u00e9s mire figyelj az \u00e9tterem kiv\u00e1laszt\u00e1sakor. Bulg\u00e1ria r\u00e1ad\u00e1sul <strong>2026. janu\u00e1r 1-j\u00e9n bevezette az eur\u00f3t<\/strong>, \u00edgy megsz\u0171nt a lev v\u00e1lt\u00e1s\u00e1nak \u00e9s folyamatos \u00e1tsz\u00e1mol\u00e1s\u00e1nak gondja.<\/p>\n\n\n\n<figure data-wp-context=\"{&quot;imageId&quot;:&quot;6a9c16a5b5871&quot;}\" data-wp-interactive=\"core\/image\" data-wp-key=\"6a9c16a5b5871\" class=\"wp-block-image size-full wp-lightbox-container\"><img decoding=\"async\" width=\"1800\" height=\"1012\" data-wp-class--hide=\"state.isContentHidden\" data-wp-class--show=\"state.isContentVisible\" data-wp-init=\"callbacks.setButtonStyles\" data-wp-on--click=\"actions.showLightbox\" data-wp-on--load=\"callbacks.setButtonStyles\" data-wp-on--pointerdown=\"actions.preloadImage\" data-wp-on--pointerenter=\"actions.preloadImageWithDelay\" data-wp-on--pointerleave=\"actions.cancelPreload\" data-wp-on-window--resize=\"callbacks.setButtonStyles\" src=\"https:\/\/loudavymkrokem.cz\/wp-content\/uploads\/2026\/08\/bulharsko-research-varna-01-3be9ec14.jpg\" alt=\"Kil\u00e1t\u00e1s V\u00e1rna tengerpartj\u00e1ra \u00e9s strandjaira\" class=\"wp-image-407776\" title=\"\" srcset=\"https:\/\/loudavymkrokem.cz\/wp-content\/uploads\/2026\/08\/bulharsko-research-varna-01-3be9ec14.jpg 1800w, https:\/\/loudavymkrokem.cz\/wp-content\/uploads\/2026\/08\/bulharsko-research-varna-01-3be9ec14-300x169.jpg 300w, https:\/\/loudavymkrokem.cz\/wp-content\/uploads\/2026\/08\/bulharsko-research-varna-01-3be9ec14-700x394.jpg 700w, https:\/\/loudavymkrokem.cz\/wp-content\/uploads\/2026\/08\/bulharsko-research-varna-01-3be9ec14-768x432.jpg 768w, https:\/\/loudavymkrokem.cz\/wp-content\/uploads\/2026\/08\/bulharsko-research-varna-01-3be9ec14-1536x864.jpg 1536w, https:\/\/loudavymkrokem.cz\/wp-content\/uploads\/2026\/08\/bulharsko-research-varna-01-3be9ec14-696x391.jpg 696w, https:\/\/loudavymkrokem.cz\/wp-content\/uploads\/2026\/08\/bulharsko-research-varna-01-3be9ec14-1392x783.jpg 1392w\" sizes=\"(max-width: 1800px) 100vw, 1800px\" \/><button\n\t\t\tclass=\"lightbox-trigger\"\n\t\t\ttype=\"button\"\n\t\t\taria-haspopup=\"dialog\"\n\t\t\tdata-wp-bind--aria-label=\"state.thisImage.triggerButtonAriaLabel\"\n\t\t\tdata-wp-init=\"callbacks.initTriggerButton\"\n\t\t\tdata-wp-on--click=\"actions.showLightbox\"\n\t\t\tdata-wp-style--right=\"state.thisImage.buttonRight\"\n\t\t\tdata-wp-style--top=\"state.thisImage.buttonTop\"\n\t\t>\n\t\t\t<svg xmlns=\"http:\/\/www.w3.org\/2000\/svg\" width=\"12\" height=\"12\" fill=\"none\" viewBox=\"0 0 12 12\">\n\t\t\t\t<path fill=\"#fff\" d=\"M2 0a2 2 0 0 0-2 2v2h1.5V2a.5.5 0 0 1 .5-.5h2V0H2Zm2 10.5H2a.5.5 0 0 1-.5-.5V8H0v2a2 2 0 0 0 2 2h2v-1.5ZM8 12v-1.5h2a.5.5 0 0 0 .5-.5V8H12v2a2 2 0 0 1-2 2H8Zm2-12a2 2 0 0 1 2 2v2h-1.5V2a.5.5 0 0 0-.5-.5H8V0h2Z\" \/>\n\t\t\t<\/svg>\n\t\t<\/button><figcaption class=\"wp-element-caption\">Foto: karel291, CC BY 3.0 (Wikimedia Commons)<\/figcaption><\/figure>\n\n\n\n<div id=\"ez-toc-container\" class=\"ez-toc-v2_0_87 ez-toc-wrap-left counter-hierarchy ez-toc-counter ez-toc-grey ez-toc-container-direction\">\n<div class=\"ez-toc-title-container\">\n<p class=\"ez-toc-title\" style=\"cursor:inherit\">A cikk tartalma<\/p>\n<span class=\"ez-toc-title-toggle\"><a href=\"#\" class=\"ez-toc-pull-right ez-toc-btn ez-toc-btn-xs ez-toc-btn-default ez-toc-toggle\" aria-label=\"Toggle Table of Content\"><span class=\"ez-toc-js-icon-con\"><span class=\"\"><span class=\"eztoc-hide\" style=\"display:none;\">Toggle<\/span><span class=\"ez-toc-icon-toggle-span\"><svg style=\"fill: #999;color:#999\" xmlns=\"http:\/\/www.w3.org\/2000\/svg\" class=\"list-377408\" width=\"20px\" height=\"20px\" viewBox=\"0 0 24 24\" fill=\"none\"><path d=\"M6 6H4v2h2V6zm14 0H8v2h12V6zM4 11h2v2H4v-2zm16 0H8v2h12v-2zM4 16h2v2H4v-2zm16 0H8v2h12v-2z\" fill=\"currentColor\"><\/path><\/svg><svg style=\"fill: #999;color:#999\" class=\"arrow-unsorted-368013\" xmlns=\"http:\/\/www.w3.org\/2000\/svg\" width=\"10px\" height=\"10px\" viewBox=\"0 0 24 24\" version=\"1.2\" baseProfile=\"tiny\"><path d=\"M18.2 9.3l-6.2-6.3-6.2 6.3c-.2.2-.3.4-.3.7s.1.5.3.7c.2.2.4.3.7.3h11c.3 0 .5-.1.7-.3.2-.2.3-.5.3-.7s-.1-.5-.3-.7zM5.8 14.7l6.2 6.3 6.2-6.3c.2-.2.3-.5.3-.7s-.1-.5-.3-.7c-.2-.2-.4-.3-.7-.3h-11c-.3 0-.5.1-.7.3-.2.2-.3.5-.3.7s.1.5.3.7z\"\/><\/svg><\/span><\/span><\/span><\/a><\/span><\/div>\n<nav><ul class='ez-toc-list ez-toc-list-level-1 ' ><ul class='ez-toc-list-level-3' ><li class='ez-toc-heading-level-3'><a class=\"ez-toc-link ez-toc-heading-1\" href=\"https:\/\/loudavymkrokem.cz\/hu\/varna-bulgaria-latnivalok\/#Osszefoglalas_azoknak_akiknek_nincs_idejuk_vegigolvasni_a_cikket\" >\u00d6sszefoglal\u00e1s azoknak, akiknek nincs idej\u00fck v\u00e9gigolvasni a cikket<\/a><\/li><\/ul><\/li><li class='ez-toc-page-1 ez-toc-heading-level-2'><a class=\"ez-toc-link ez-toc-heading-2\" href=\"https:\/\/loudavymkrokem.cz\/hu\/varna-bulgaria-latnivalok\/#Mennyibe_kerul_Varna\" >Mennyibe ker\u00fcl V\u00e1rna<\/a><\/li><li class='ez-toc-page-1 ez-toc-heading-level-2'><a class=\"ez-toc-link ez-toc-heading-3\" href=\"https:\/\/loudavymkrokem.cz\/hu\/varna-bulgaria-latnivalok\/#Hogyan_juss_el_Varnaba_es_hogyan_kozlekedj_a_varosban\" >Hogyan juss el V\u00e1rn\u00e1ba \u00e9s hogyan k\u00f6zlekedj a v\u00e1rosban<\/a><\/li><li class='ez-toc-page-1 ez-toc-heading-level-2'><a class=\"ez-toc-link ez-toc-heading-4\" href=\"https:\/\/loudavymkrokem.cz\/hu\/varna-bulgaria-latnivalok\/#Tortenelmi_belvaros_es_muzeumok\" >T\u00f6rt\u00e9nelmi belv\u00e1ros \u00e9s m\u00fazeumok<\/a><ul class='ez-toc-list-level-3' ><li class='ez-toc-heading-level-3'><a class=\"ez-toc-link ez-toc-heading-5\" href=\"https:\/\/loudavymkrokem.cz\/hu\/varna-bulgaria-latnivalok\/#1_Regeszeti_Muzeum_es_a_vilag_legregebbi_aranya\" >1. R\u00e9g\u00e9szeti M\u00fazeum \u00e9s a vil\u00e1g legr\u00e9gebbi aranya<\/a><\/li><li class='ez-toc-page-1 ez-toc-heading-level-3'><a class=\"ez-toc-link ez-toc-heading-6\" href=\"https:\/\/loudavymkrokem.cz\/hu\/varna-bulgaria-latnivalok\/#2_Romai_furdo_Odesszosz\" >2. R\u00f3mai f\u00fcrd\u0151 (Odesszosz)<\/a><\/li><li class='ez-toc-page-1 ez-toc-heading-level-3'><a class=\"ez-toc-link ez-toc-heading-7\" href=\"https:\/\/loudavymkrokem.cz\/hu\/varna-bulgaria-latnivalok\/#3_Nagyboldogasszony-szekesegyhaz\" >3. Nagyboldogasszony-sz\u00e9kesegyh\u00e1z<\/a><\/li><li class='ez-toc-page-1 ez-toc-heading-level-3'><a class=\"ez-toc-link ez-toc-heading-8\" href=\"https:\/\/loudavymkrokem.cz\/hu\/varna-bulgaria-latnivalok\/#4_Haditengereszeti_Muzeum_es_a_Drazki_torpedonaszad\" >4. Haditenger\u00e9szeti M\u00fazeum \u00e9s a Drazki torped\u00f3nasz\u00e1d<\/a><\/li><li class='ez-toc-page-1 ez-toc-heading-level-3'><a class=\"ez-toc-link ez-toc-heading-9\" href=\"https:\/\/loudavymkrokem.cz\/hu\/varna-bulgaria-latnivalok\/#5_Neprajzi_Muzeum\" >5. N\u00e9prajzi M\u00fazeum<\/a><\/li><li class='ez-toc-page-1 ez-toc-heading-level-3'><a class=\"ez-toc-link ez-toc-heading-10\" href=\"https:\/\/loudavymkrokem.cz\/hu\/varna-bulgaria-latnivalok\/#6_Retro_Muzeum\" >6. Retr\u00f3 M\u00fazeum<\/a><\/li><li class='ez-toc-page-1 ez-toc-heading-level-3'><a class=\"ez-toc-link ez-toc-heading-11\" href=\"https:\/\/loudavymkrokem.cz\/hu\/varna-bulgaria-latnivalok\/#7_Oratorony\" >7. \u00d3ratorony<\/a><\/li><\/ul><\/li><li class='ez-toc-page-1 ez-toc-heading-level-2'><a class=\"ez-toc-link ez-toc-heading-12\" href=\"https:\/\/loudavymkrokem.cz\/hu\/varna-bulgaria-latnivalok\/#Tengerkert_es_a_varnai_tengerpart\" >Tengerkert \u00e9s a v\u00e1rnai tengerpart<\/a><ul class='ez-toc-list-level-3' ><li class='ez-toc-heading-level-3'><a class=\"ez-toc-link ez-toc-heading-13\" href=\"https:\/\/loudavymkrokem.cz\/hu\/varna-bulgaria-latnivalok\/#8_Tengerkert\" >8. Tengerkert<\/a><\/li><li class='ez-toc-page-1 ez-toc-heading-level-3'><a class=\"ez-toc-link ez-toc-heading-14\" href=\"https:\/\/loudavymkrokem.cz\/hu\/varna-bulgaria-latnivalok\/#9_Varnai_Akvarium\" >9. V\u00e1rnai Akv\u00e1rium<\/a><\/li><li class='ez-toc-page-1 ez-toc-heading-level-3'><a class=\"ez-toc-link ez-toc-heading-15\" href=\"https:\/\/loudavymkrokem.cz\/hu\/varna-bulgaria-latnivalok\/#10_Festa_Delfinarium\" >10. Festa Delfin\u00e1rium<\/a><\/li><li class='ez-toc-page-1 ez-toc-heading-level-3'><a class=\"ez-toc-link ez-toc-heading-16\" href=\"https:\/\/loudavymkrokem.cz\/hu\/varna-bulgaria-latnivalok\/#11_Varnai_Allatkert\" >11. V\u00e1rnai \u00c1llatkert<\/a><\/li><li class='ez-toc-page-1 ez-toc-heading-level-3'><a class=\"ez-toc-link ez-toc-heading-17\" href=\"https:\/\/loudavymkrokem.cz\/hu\/varna-bulgaria-latnivalok\/#12_Kopernikusz_Planetarium\" >12. Kopernikusz Planet\u00e1rium<\/a><\/li><li class='ez-toc-page-1 ez-toc-heading-level-3'><a class=\"ez-toc-link ez-toc-heading-18\" href=\"https:\/\/loudavymkrokem.cz\/hu\/varna-bulgaria-latnivalok\/#13_Varosi_strandok_es_a_vizminoseg\" >13. V\u00e1rosi strandok \u00e9s a v\u00edzmin\u0151s\u00e9g<\/a><\/li><\/ul><\/li><li class='ez-toc-page-1 ez-toc-heading-level-2'><a class=\"ez-toc-link ez-toc-heading-19\" href=\"https:\/\/loudavymkrokem.cz\/hu\/varna-bulgaria-latnivalok\/#A_belvaros_hatarain_tul\" >A belv\u00e1ros hat\u00e1rain t\u00fal<\/a><ul class='ez-toc-list-level-3' ><li class='ez-toc-heading-level-3'><a class=\"ez-toc-link ez-toc-heading-20\" href=\"https:\/\/loudavymkrokem.cz\/hu\/varna-bulgaria-latnivalok\/#14_III_Ulaszlo_park-muzeum\" >14. III. Ul\u00e1szl\u00f3 park-m\u00fazeum<\/a><\/li><li class='ez-toc-page-1 ez-toc-heading-level-3'><a class=\"ez-toc-link ez-toc-heading-21\" href=\"https:\/\/loudavymkrokem.cz\/hu\/varna-bulgaria-latnivalok\/#15_Aszparuhovo_strand\" >15. Aszparuhovo strand<\/a><\/li><li class='ez-toc-page-1 ez-toc-heading-level-3'><a class=\"ez-toc-link ez-toc-heading-22\" href=\"https:\/\/loudavymkrokem.cz\/hu\/varna-bulgaria-latnivalok\/#16_Szent_Konstantin_es_Ilona\" >16. Szent Konstantin \u00e9s Ilona<\/a><\/li><\/ul><\/li><li class='ez-toc-page-1 ez-toc-heading-level-2'><a class=\"ez-toc-link ez-toc-heading-23\" href=\"https:\/\/loudavymkrokem.cz\/hu\/varna-bulgaria-latnivalok\/#Kirandulasok_Varnabol\" >Kir\u00e1ndul\u00e1sok V\u00e1rn\u00e1b\u00f3l<\/a><ul class='ez-toc-list-level-3' ><li class='ez-toc-heading-level-3'><a class=\"ez-toc-link ez-toc-heading-24\" href=\"https:\/\/loudavymkrokem.cz\/hu\/varna-bulgaria-latnivalok\/#17_Balcsik_palota_es_kertek\" >17. Balcsik palota \u00e9s kertek<\/a><\/li><li class='ez-toc-page-1 ez-toc-heading-level-3'><a class=\"ez-toc-link ez-toc-heading-25\" href=\"https:\/\/loudavymkrokem.cz\/hu\/varna-bulgaria-latnivalok\/#18_Kaliakra-fok\" >18. Kaliakra-fok<\/a><\/li><li class='ez-toc-page-1 ez-toc-heading-level-3'><a class=\"ez-toc-link ez-toc-heading-26\" href=\"https:\/\/loudavymkrokem.cz\/hu\/varna-bulgaria-latnivalok\/#19_Aladzsa_kolostor\" >19. Aladzsa kolostor<\/a><\/li><li class='ez-toc-page-1 ez-toc-heading-level-3'><a class=\"ez-toc-link ez-toc-heading-27\" href=\"https:\/\/loudavymkrokem.cz\/hu\/varna-bulgaria-latnivalok\/#20_Pobiti_kamani_es_a_Madarai_lovas\" >20. Pobiti kamani \u00e9s a Madarai lovas<\/a><\/li><\/ul><\/li><li class='ez-toc-page-1 ez-toc-heading-level-2'><a class=\"ez-toc-link ez-toc-heading-28\" href=\"https:\/\/loudavymkrokem.cz\/hu\/varna-bulgaria-latnivalok\/#Hol_egyel_Varnaban\" >Hol egy\u00e9l V\u00e1rn\u00e1ban<\/a><\/li><li class='ez-toc-page-1 ez-toc-heading-level-2'><a class=\"ez-toc-link ez-toc-heading-29\" href=\"https:\/\/loudavymkrokem.cz\/hu\/varna-bulgaria-latnivalok\/#Hol_szallj_meg_Varnaban\" >Hol sz\u00e1llj meg V\u00e1rn\u00e1ban<\/a><\/li><li class='ez-toc-page-1 ez-toc-heading-level-2'><a class=\"ez-toc-link ez-toc-heading-30\" href=\"https:\/\/loudavymkrokem.cz\/hu\/varna-bulgaria-latnivalok\/#Mikor_menj_Varnaba\" >Mikor menj V\u00e1rn\u00e1ba<\/a><ul class='ez-toc-list-level-3' ><li class='ez-toc-heading-level-3'><a class=\"ez-toc-link ez-toc-heading-31\" href=\"https:\/\/loudavymkrokem.cz\/hu\/varna-bulgaria-latnivalok\/#Varna_a_szezonon_kivul\" >V\u00e1rna a szezonon k\u00edv\u00fcl<\/a><\/li><\/ul><\/li><li class='ez-toc-page-1 ez-toc-heading-level-2'><a class=\"ez-toc-link ez-toc-heading-32\" href=\"https:\/\/loudavymkrokem.cz\/hu\/varna-bulgaria-latnivalok\/#Mire_figyelj_oda\" >Mire figyelj oda<\/a><\/li><li class='ez-toc-page-1 ez-toc-heading-level-2'><a class=\"ez-toc-link ez-toc-heading-33\" href=\"https:\/\/loudavymkrokem.cz\/hu\/varna-bulgaria-latnivalok\/#Hova_tovabb\" >Hov\u00e1 tov\u00e1bb<\/a><\/li><li class='ez-toc-page-1 ez-toc-heading-level-2'><a class=\"ez-toc-link ez-toc-heading-34\" href=\"https:\/\/loudavymkrokem.cz\/hu\/varna-bulgaria-latnivalok\/#Gyakran_ismetelt_kerdesek\" >Gyakran ism\u00e9telt k\u00e9rd\u00e9sek<\/a><ul class='ez-toc-list-level-3' ><li class='ez-toc-heading-level-3'><a class=\"ez-toc-link ez-toc-heading-35\" href=\"https:\/\/loudavymkrokem.cz\/hu\/varna-bulgaria-latnivalok\/#Euroval_vagy_levaval_fizetnek_Varnaban\" >Eur\u00f3val vagy lev\u00e1val fizetnek V\u00e1rn\u00e1ban?<\/a><\/li><li class='ez-toc-page-1 ez-toc-heading-level-3'><a class=\"ez-toc-link ez-toc-heading-36\" href=\"https:\/\/loudavymkrokem.cz\/hu\/varna-bulgaria-latnivalok\/#Varna_alkalmas_csaladoknak_gyerekekkel\" >Varna alkalmas csal\u00e1doknak gyerekekkel?<\/a><\/li><li class='ez-toc-page-1 ez-toc-heading-level-3'><a class=\"ez-toc-link ez-toc-heading-37\" href=\"https:\/\/loudavymkrokem.cz\/hu\/varna-bulgaria-latnivalok\/#Hogyan_van_Varnaban_a_parkolas\" >Hogyan van V\u00e1rn\u00e1ban a parkol\u00e1s?<\/a><\/li><li class='ez-toc-page-1 ez-toc-heading-level-3'><a class=\"ez-toc-link ez-toc-heading-38\" href=\"https:\/\/loudavymkrokem.cz\/hu\/varna-bulgaria-latnivalok\/#Lehet_Varnaba_kozvetlenul_repulni_Magyarorszagrol\" >Lehet V\u00e1rn\u00e1ba k\u00f6zvetlen\u00fcl rep\u00fclni Magyarorsz\u00e1gr\u00f3l?<\/a><\/li><li class='ez-toc-page-1 ez-toc-heading-level-3'><a class=\"ez-toc-link ez-toc-heading-39\" href=\"https:\/\/loudavymkrokem.cz\/hu\/varna-bulgaria-latnivalok\/#Erdemes_Varnaba_jarni_a_nyari_szabadsagon_kivul_is\" >\u00c9rdemes V\u00e1rn\u00e1ba j\u00e1rni a ny\u00e1ri szabads\u00e1gon k\u00edv\u00fcl is?<\/a><\/li><li class='ez-toc-page-1 ez-toc-heading-level-3'><a class=\"ez-toc-link ez-toc-heading-40\" href=\"https:\/\/loudavymkrokem.cz\/hu\/varna-bulgaria-latnivalok\/#Hogyan_jutok_el_Varnabol_Zlatni_Pjaszaciba_Aranyfovenyre\" >Hogyan jutok el V\u00e1rn\u00e1b\u00f3l Zlatni Pjaszaciba (Aranyf\u00f6venyre)?<\/a><\/li><li class='ez-toc-page-1 ez-toc-heading-level-3'><a class=\"ez-toc-link ez-toc-heading-41\" href=\"https:\/\/loudavymkrokem.cz\/hu\/varna-bulgaria-latnivalok\/#Varna_biztonsagos_varos\" >Varna biztons\u00e1gos v\u00e1ros?<\/a><\/li><\/ul><\/li><\/ul><\/nav><\/div>\n<h3 class=\"wp-block-heading\"><span class=\"ez-toc-section\" id=\"Osszefoglalas_azoknak_akiknek_nincs_idejuk_vegigolvasni_a_cikket\"><\/span>\u00d6sszefoglal\u00e1s azoknak, akiknek nincs idej\u00fck v\u00e9gigolvasni a cikket<span class=\"ez-toc-section-end\"><\/span><\/h3>\n\n\n\n<ul class=\"wp-block-list\">\n\n<li><strong>Mi az a V\u00e1rna:<\/strong> Bulg\u00e1ria harmadik legnagyobb v\u00e1rosa (t\u00f6bb mint 322 ezer lakossal) \u00e9s fontos tengeri kik\u00f6t\u0151, amely eg\u00e9sz \u00e9vben m\u0171k\u00f6dik, nem csak ny\u00e1ron.<\/li>\n\n\n\n<li><strong>A legnagyobb l\u00e1tv\u00e1nyoss\u00e1g:<\/strong> A v\u00e1rnai aranykincs a Kr. e. 4600\u20134200 k\u00f6z\u00f6tti id\u0151b\u0151l, amely a vil\u00e1g legr\u00e9gebbi megmunk\u00e1lt aranya.<\/li>\n\n\n\n<li><strong>P\u00e9nznem \u00e9s \u00e1rak:<\/strong> 2026. 1. 1-j\u00e9t\u0151l eg\u00e9sz Bulg\u00e1ri\u00e1ban eur\u00f3val fizetnek. A kett\u0151s \u00e1rfelt\u00fcntet\u00e9s m\u00e1r megsz\u0171nt.<\/li>\n\n\n\n<li><strong>Strandok:<\/strong> A v\u00e1rosnak t\u00f6bb mint 22 strandja van, \u00f6sszesen 32 kilom\u00e9ter hosszan. A legjobbak k\u00f6z\u00e9 tartozik a sz\u00e9les Ju\u017een strand vagy a nyugodtabb Aszparuhovo.<\/li>\n\n\n\n<li><strong>K\u00f6zleked\u00e9s:<\/strong> A rep\u00fcl\u0151t\u00e9r mind\u00f6ssze 8 kilom\u00e9terre van, a belv\u00e1rosba a 409-es busz visz kevesebb mint h\u00fasz perc alatt.<\/li>\n\n\n\n<li><strong>Mikor menj:<\/strong> Augusztus a legsz\u00e1razabb \u00e9s legmelegebb h\u00f3nap, de a kult\u00far\u00e1\u00e9rt \u00e9s a m\u0171eml\u00e9kek\u00e9rt tavasszal vagy \u0151sszel is \u00e9rdemes idej\u00f6nni.<\/li>\n\n\n\n<li><strong>Kir\u00e1ndul\u00e1sok a k\u00f6rny\u00e9kre:<\/strong> V\u00e1rn\u00e1b\u00f3l k\u00f6nnyen eljutsz a Kaliakra-fok szikl\u00e1ihoz, az Aladzsa sziklakolostorhoz vagy az egyed\u00fcl\u00e1ll\u00f3 K\u0151erd\u0151h\u00f6z (Pobiti kamani).<\/li>\n\n\n<\/ul>\n\n\n\n<figure class=\"wp-block-table\"><table><thead><tr><th>#<\/th><th>Hely<\/th><th>T\u00edpus<\/th><th>Bel\u00e9p\u0151 2026<\/th><\/tr><\/thead><tbody><tr><td>1<\/td><td>R\u00e9g\u00e9szeti M\u00fazeum<\/td><td>T\u00f6rt\u00e9nelem<\/td><td>10,00 \u20ac<\/td><\/tr><tr><td>2<\/td><td>R\u00f3mai f\u00fcrd\u0151<\/td><td>Antik m\u0171eml\u00e9k<\/td><td>4,00 \u20ac<\/td><\/tr><tr><td>3<\/td><td>Nagyboldogasszony-sz\u00e9kesegyh\u00e1z<\/td><td>Egyh\u00e1zi \u00e9p\u00fclet<\/td><td>Ingyenes<\/td><\/tr><tr><td>4<\/td><td>Haditenger\u00e9szeti M\u00fazeum<\/td><td>Hadt\u00f6rt\u00e9net<\/td><td>4,09 \u20ac (kombi)<\/td><\/tr><tr><td>5<\/td><td>N\u00e9prajzi M\u00fazeum<\/td><td>Kult\u00fara \u00e9s hagyom\u00e1nyok<\/td><td>5,00 \u20ac<\/td><\/tr><tr><td>6<\/td><td>Retr\u00f3 M\u00fazeum (Grand Mall)<\/td><td>\u00dajkori t\u00f6rt\u00e9nelem<\/td><td>Kb. 15,34 \u20ac<\/td><\/tr><tr><td>7<\/td><td>\u00d3ratorony<\/td><td>\u00c9p\u00edt\u00e9szet<\/td><td>K\u00edv\u00fclr\u0151l ingyenes<\/td><\/tr><tr><td>8<\/td><td>Tengerkert<\/td><td>Park \u00e9s pihen\u00e9s<\/td><td>Ingyenes<\/td><\/tr><tr><td>9<\/td><td>Akv\u00e1rium<\/td><td>Term\u00e9szet<\/td><td>2,00 \u20ac<\/td><\/tr><tr><td>10<\/td><td>Festa Delfin\u00e1rium<\/td><td>Sz\u00f3rakoz\u00e1s<\/td><td>14,00 \u2013 26,00 \u20ac (szezont\u00f3l f\u00fcgg\u0151en)<\/td><\/tr><tr><td>11<\/td><td>V\u00e1rnai \u00c1llatkert<\/td><td>Term\u00e9szet<\/td><td>3,00 \u20ac<\/td><\/tr><tr><td>12<\/td><td>Kopernikusz Planet\u00e1rium<\/td><td>Ismeretterjeszt\u00e9s<\/td><td>3,58 \u20ac<\/td><\/tr><tr><td>13<\/td><td>V\u00e1rosi strandok<\/td><td>F\u00fcrd\u00e9s<\/td><td>Ingyenes (nap\u00e1gy kb. 3,5\u20135 \u20ac)<\/td><\/tr><tr><td>14<\/td><td>III. Ul\u00e1szl\u00f3 park-m\u00fazeum<\/td><td>T\u00f6rt\u00e9nelem<\/td><td>4,09 \u20ac<\/td><\/tr><tr><td>15<\/td><td>Aszparuhovo strand<\/td><td>F\u00fcrd\u00e9s<\/td><td>Ingyenes<\/td><\/tr><tr><td>16<\/td><td>Szent Konstantin \u00e9s Ilona<\/td><td>Term\u00e1lf\u00fcrd\u0151<\/td><td>A v\u00e1lasztott resortt\u00f3l f\u00fcgg\u0151en<\/td><\/tr><tr><td>17<\/td><td>Balcsik palota \u00e9s kertek<\/td><td>Kir\u00e1ndul\u00e1s (t\u00f6rt\u00e9nelem\/term\u00e9szet)<\/td><td>10,00 \u20ac (palota) + 10,00 \u20ac (kert)<\/td><\/tr><tr><td>18<\/td><td>Kaliakra-fok<\/td><td>Kir\u00e1ndul\u00e1s (term\u00e9szet\/t\u00f6rt\u00e9nelem)<\/td><td>Kb. 3,00 \u20ac<\/td><\/tr><tr><td>19<\/td><td>Aladzsa kolostor<\/td><td>Kir\u00e1ndul\u00e1s (sziklakolostor)<\/td><td>5,00 \u20ac<\/td><\/tr><tr><td>20<\/td><td>Pobiti kamani \u00e9s Madarai lovas<\/td><td>Kir\u00e1ndul\u00e1s (term\u00e9szet\/UNESCO)<\/td><td>3,00 \u20ac \/ kb. 3,58 \u20ac<\/td><\/tr><\/tbody><\/table><\/figure>\n\n\n\n<figure data-wp-context=\"{&quot;imageId&quot;:&quot;6a9c16a5b5f30&quot;}\" data-wp-interactive=\"core\/image\" data-wp-key=\"6a9c16a5b5f30\" class=\"wp-block-image size-full wp-lightbox-container\"><img decoding=\"async\" width=\"1800\" height=\"892\" data-wp-class--hide=\"state.isContentHidden\" data-wp-class--show=\"state.isContentVisible\" data-wp-init=\"callbacks.setButtonStyles\" data-wp-on--click=\"actions.showLightbox\" data-wp-on--load=\"callbacks.setButtonStyles\" data-wp-on--pointerdown=\"actions.preloadImage\" data-wp-on--pointerenter=\"actions.preloadImageWithDelay\" data-wp-on--pointerleave=\"actions.cancelPreload\" data-wp-on-window--resize=\"callbacks.setButtonStyles\" src=\"https:\/\/loudavymkrokem.cz\/wp-content\/uploads\/2026\/08\/bulharsko-research-varna-02-57328bc9.jpg\" alt=\"\u00c9lelmiszer\u00e1rusok a v\u00e1rnai k\u00f6zponti piacon\" class=\"wp-image-407777\" title=\"\" srcset=\"https:\/\/loudavymkrokem.cz\/wp-content\/uploads\/2026\/08\/bulharsko-research-varna-02-57328bc9.jpg 1800w, https:\/\/loudavymkrokem.cz\/wp-content\/uploads\/2026\/08\/bulharsko-research-varna-02-57328bc9-300x149.jpg 300w, https:\/\/loudavymkrokem.cz\/wp-content\/uploads\/2026\/08\/bulharsko-research-varna-02-57328bc9-700x347.jpg 700w, https:\/\/loudavymkrokem.cz\/wp-content\/uploads\/2026\/08\/bulharsko-research-varna-02-57328bc9-768x381.jpg 768w, https:\/\/loudavymkrokem.cz\/wp-content\/uploads\/2026\/08\/bulharsko-research-varna-02-57328bc9-1536x761.jpg 1536w, https:\/\/loudavymkrokem.cz\/wp-content\/uploads\/2026\/08\/bulharsko-research-varna-02-57328bc9-696x345.jpg 696w, https:\/\/loudavymkrokem.cz\/wp-content\/uploads\/2026\/08\/bulharsko-research-varna-02-57328bc9-1392x690.jpg 1392w\" sizes=\"(max-width: 1800px) 100vw, 1800px\" \/><button\n\t\t\tclass=\"lightbox-trigger\"\n\t\t\ttype=\"button\"\n\t\t\taria-haspopup=\"dialog\"\n\t\t\tdata-wp-bind--aria-label=\"state.thisImage.triggerButtonAriaLabel\"\n\t\t\tdata-wp-init=\"callbacks.initTriggerButton\"\n\t\t\tdata-wp-on--click=\"actions.showLightbox\"\n\t\t\tdata-wp-style--right=\"state.thisImage.buttonRight\"\n\t\t\tdata-wp-style--top=\"state.thisImage.buttonTop\"\n\t\t>\n\t\t\t<svg xmlns=\"http:\/\/www.w3.org\/2000\/svg\" width=\"12\" height=\"12\" fill=\"none\" viewBox=\"0 0 12 12\">\n\t\t\t\t<path fill=\"#fff\" d=\"M2 0a2 2 0 0 0-2 2v2h1.5V2a.5.5 0 0 1 .5-.5h2V0H2Zm2 10.5H2a.5.5 0 0 1-.5-.5V8H0v2a2 2 0 0 0 2 2h2v-1.5ZM8 12v-1.5h2a.5.5 0 0 0 .5-.5V8H12v2a2 2 0 0 1-2 2H8Zm2-12a2 2 0 0 1 2 2v2h-1.5V2a.5.5 0 0 0-.5-.5H8V0h2Z\" \/>\n\t\t\t<\/svg>\n\t\t<\/button><figcaption class=\"wp-element-caption\">Foto: Victoria Rangelova (Google Maps)<\/figcaption><\/figure>\n\n\n\n<h2 class=\"wp-block-heading\"><span class=\"ez-toc-section\" id=\"Mennyibe_kerul_Varna\"><\/span>Mennyibe ker\u00fcl V\u00e1rna<span class=\"ez-toc-section-end\"><\/span><\/h2>\n\n\n\n<p class=\"wp-block-paragraph\">Bulg\u00e1ria <strong>2026. janu\u00e1r 1-j\u00e9n hivatalosan bevezette az eur\u00f3t<\/strong>. A fix \u00e1tv\u00e1lt\u00e1si \u00e1rfolyamot 1 \u20ac = 1,95583 lv \u00e9rt\u00e9kben r\u00f6gz\u00edtett\u00e9k. Az az id\u0151szak, amikor az \u00e1rakat k\u00f6telez\u0151en mindk\u00e9t p\u00e9nznemben felt\u00fcntett\u00e9k, 2026. augusztus 8-\u00e1n v\u00e9get \u00e9rt, \u00edgy ma m\u00e1r az \u00e9ttermek \u00e9tlapjain \u00e9s a boltokban <strong>csak eur\u00f3t l\u00e1tsz<\/strong>. Nek\u00fcnk ez \u00f3ri\u00e1si megk\u00f6nnyebb\u00fcl\u00e9s, mert megsz\u0171nik a tisztess\u00e9ges p\u00e9nzv\u00e1lt\u00f3 keres\u00e9se \u00e9s a lev \u00e1tsz\u00e1mol\u00e1sa.<\/p>\n\n\n\n<p class=\"wp-block-paragraph\">A k\u00f6lts\u00e9gvet\u00e9s tervez\u00e9sekor nagyon figyelj arra, hol \u00e9tkezel. <strong>V\u00e1rn\u00e1ban \u00f3ri\u00e1si a k\u00fcl\u00f6nbs\u00e9g a helyiek \u00e1ltal l\u00e1togatott helyek \u00e9s a turistas\u00e9t\u00e1ny k\u00f6z\u00f6tt.<\/strong> M\u00edg egy hagyom\u00e1nyos belv\u00e1rosi mechan\u00e1ban (az \u00fan. G\u00f6r\u00f6g negyedben) egy h\u00fastalan f\u0151\u00e9tel\u00e9rt 9\u201310 eur\u00f3t, egy sopszka sal\u00e1t\u00e1\u00e9rt pedig valamivel t\u00f6bb mint 6 eur\u00f3t fizetsz, addig a strands\u00e9t\u00e1nyon (Krajbrezsna aleja) a sal\u00e1ta ak\u00e1r 14 eur\u00f3 is lehet, a f\u0151\u00e9tel pedig 20\u201330 eur\u00f3ig k\u00faszik fel. <strong>A k\u00fcl\u00f6nbs\u00e9g teh\u00e1t nyugodtan 200\u2013300 sz\u00e1zal\u00e9k is lehet.<\/strong><\/p>\n\n\n\n<p class=\"wp-block-paragraph\"><strong>T\u00e1j\u00e9koztat\u00f3 jelleg\u0171 \u00e1rt\u00e1bl\u00e1zat V\u00e1rn\u00e1ban (2026):<\/strong><\/p>\n\n\n\n<figure class=\"wp-block-table\"><table><thead><tr><th>T\u00e9tel<\/th><th>\u00c1r eur\u00f3ban<\/th><th>Kb. forintban<\/th><\/tr><\/thead><tbody><tr><td>T\u00f6megk\u00f6zleked\u00e9si jegy (appon kereszt\u00fcl)<\/td><td>0,51 \u20ac<\/td><td>kb. 200 Ft<\/td><\/tr><tr><td>Taxi alapd\u00edj \/ 1 km \u00e1ra<\/td><td>1,58 \u20ac \/ 0,79 \u20ac<\/td><td>kb. 630 \/ 310 Ft<\/td><\/tr><tr><td>Eszpressz\u00f3 a k\u00e1v\u00e9z\u00f3ban<\/td><td>1,99 \u20ac<\/td><td>kb. 790 Ft<\/td><\/tr><tr><td>Csapolt s\u00f6r (0,5 l) \u00e9tteremben<\/td><td>2,50 \u2013 2,56 \u20ac<\/td><td>kb. 990 \u2013 1 010 Ft<\/td><\/tr><tr><td>Eb\u00e9d hagyom\u00e1nyos mechan\u00e1ban (strandon k\u00edv\u00fcl)<\/td><td>10,00 \u2013 12,00 \u20ac<\/td><td>kb. 3 960 \u2013 4 750 Ft<\/td><\/tr><tr><td>Vacsora kett\u0151nek k\u00f6zepes \u00e9tteremben<\/td><td>kb. 52,00 \u20ac<\/td><td>kb. 20 600 Ft<\/td><\/tr><tr><td>Nap\u00e1gy b\u00e9rl\u00e9se a strandon<\/td><td>3,50 \u2013 5,00 \u20ac<\/td><td>kb. 1 390 \u2013 1 980 Ft<\/td><\/tr><tr><td>Bel\u00e9p\u0151 a f\u0151 m\u00fazeumokba<\/td><td>4,00 \u2013 10,00 \u20ac<\/td><td>kb. 1 580 \u2013 3 960 Ft<\/td><\/tr><\/tbody><\/table><\/figure>\n\n\n\n<p class=\"wp-block-paragraph\"><em>Az \u00e1tsz\u00e1m\u00edt\u00e1s t\u00e1j\u00e9koztat\u00f3 jelleg\u0171, k\u00f6r\u00fclbel\u00fcl 396 Ft-os eur\u00f3\u00e1rfolyammal sz\u00e1molva.<\/em><\/p>\n\n\n\n<figure data-wp-context=\"{&quot;imageId&quot;:&quot;6a9c16a5b6618&quot;}\" data-wp-interactive=\"core\/image\" data-wp-key=\"6a9c16a5b6618\" class=\"wp-block-image size-full wp-lightbox-container\"><img decoding=\"async\" width=\"1800\" height=\"1350\" data-wp-class--hide=\"state.isContentHidden\" data-wp-class--show=\"state.isContentVisible\" data-wp-init=\"callbacks.setButtonStyles\" data-wp-on--click=\"actions.showLightbox\" data-wp-on--load=\"callbacks.setButtonStyles\" data-wp-on--pointerdown=\"actions.preloadImage\" data-wp-on--pointerenter=\"actions.preloadImageWithDelay\" data-wp-on--pointerleave=\"actions.cancelPreload\" data-wp-on-window--resize=\"callbacks.setButtonStyles\" src=\"https:\/\/loudavymkrokem.cz\/wp-content\/uploads\/2026\/08\/bulharsko-research-varna-03-2c415b95.jpg\" alt=\"\u0160koda trolibusz V\u00e1rn\u00e1ban\" class=\"wp-image-407778\" title=\"\" srcset=\"https:\/\/loudavymkrokem.cz\/wp-content\/uploads\/2026\/08\/bulharsko-research-varna-03-2c415b95.jpg 1800w, https:\/\/loudavymkrokem.cz\/wp-content\/uploads\/2026\/08\/bulharsko-research-varna-03-2c415b95-300x225.jpg 300w, https:\/\/loudavymkrokem.cz\/wp-content\/uploads\/2026\/08\/bulharsko-research-varna-03-2c415b95-700x525.jpg 700w, https:\/\/loudavymkrokem.cz\/wp-content\/uploads\/2026\/08\/bulharsko-research-varna-03-2c415b95-768x576.jpg 768w, https:\/\/loudavymkrokem.cz\/wp-content\/uploads\/2026\/08\/bulharsko-research-varna-03-2c415b95-1536x1152.jpg 1536w, https:\/\/loudavymkrokem.cz\/wp-content\/uploads\/2026\/08\/bulharsko-research-varna-03-2c415b95-80x60.jpg 80w, https:\/\/loudavymkrokem.cz\/wp-content\/uploads\/2026\/08\/bulharsko-research-varna-03-2c415b95-160x120.jpg 160w, https:\/\/loudavymkrokem.cz\/wp-content\/uploads\/2026\/08\/bulharsko-research-varna-03-2c415b95-696x522.jpg 696w, https:\/\/loudavymkrokem.cz\/wp-content\/uploads\/2026\/08\/bulharsko-research-varna-03-2c415b95-1392x1044.jpg 1392w\" sizes=\"(max-width: 1800px) 100vw, 1800px\" \/><button\n\t\t\tclass=\"lightbox-trigger\"\n\t\t\ttype=\"button\"\n\t\t\taria-haspopup=\"dialog\"\n\t\t\tdata-wp-bind--aria-label=\"state.thisImage.triggerButtonAriaLabel\"\n\t\t\tdata-wp-init=\"callbacks.initTriggerButton\"\n\t\t\tdata-wp-on--click=\"actions.showLightbox\"\n\t\t\tdata-wp-style--right=\"state.thisImage.buttonRight\"\n\t\t\tdata-wp-style--top=\"state.thisImage.buttonTop\"\n\t\t>\n\t\t\t<svg xmlns=\"http:\/\/www.w3.org\/2000\/svg\" width=\"12\" height=\"12\" fill=\"none\" viewBox=\"0 0 12 12\">\n\t\t\t\t<path fill=\"#fff\" d=\"M2 0a2 2 0 0 0-2 2v2h1.5V2a.5.5 0 0 1 .5-.5h2V0H2Zm2 10.5H2a.5.5 0 0 1-.5-.5V8H0v2a2 2 0 0 0 2 2h2v-1.5ZM8 12v-1.5h2a.5.5 0 0 0 .5-.5V8H12v2a2 2 0 0 1-2 2H8Zm2-12a2 2 0 0 1 2 2v2h-1.5V2a.5.5 0 0 0-.5-.5H8V0h2Z\" \/>\n\t\t\t<\/svg>\n\t\t<\/button><figcaption class=\"wp-element-caption\">Foto: Powerfox, CC BY-SA 4.0 (Wikimedia Commons)<\/figcaption><\/figure>\n\n\n\n<h2 class=\"wp-block-heading\"><span class=\"ez-toc-section\" id=\"Hogyan_juss_el_Varnaba_es_hogyan_kozlekedj_a_varosban\"><\/span>Hogyan juss el V\u00e1rn\u00e1ba \u00e9s hogyan k\u00f6zlekedj a v\u00e1rosban<span class=\"ez-toc-section-end\"><\/span><\/h2>\n\n\n\n<p class=\"wp-block-paragraph\">A <a href=\"https:\/\/varna-airport.bg\/\" rel=\"nofollow noopener\" target=\"_blank\">v\u00e1rnai rep\u00fcl\u0151t\u00e9r (VAR)<\/a> mind\u00f6ssze <strong>8 kilom\u00e9terre nyugatra fekszik a belv\u00e1rost\u00f3l<\/strong>. \u00c9vente k\u00f6zel k\u00e9tmilli\u00f3 utast szolg\u00e1l ki, \u00e9s a ny\u00e1ri szezonban a Wizz Air \u00e9s a Ryanair is rep\u00fcl ide k\u00f6zvetlen j\u00e1ratokkal Budapestr\u0151l. Maga az \u00fat a rep\u00fcl\u0151t\u00e9rr\u0151l a belv\u00e1rosba vill\u00e1mgyors, mind\u00f6ssze <strong>kevesebb mint 20 percet<\/strong> vesz ig\u00e9nybe.<\/p>\n\n\n\n<p class=\"wp-block-paragraph\">A legolcs\u00f3bb \u00fat a rep\u00fcl\u0151t\u00e9rr\u0151l a <strong>409-es buszj\u00e1rat<\/strong>, amely a buszp\u00e1lyaudvaron \u00e1t egyenesen a belv\u00e1rosba, a sz\u00e9kesegyh\u00e1zhoz visz, ny\u00e1ron pedig eg\u00e9szen az Aranypartig folytat\u00f3dik. Itt azonban <strong>nagy turistacsapda<\/strong> leselkedik r\u00e1d. Ezen a vonalon p\u00e1rhuzamosan k\u00e9t k\u00fcl\u00f6nb\u00f6z\u0151 k\u00f6zleked\u00e9si c\u00e9g is k\u00f6zlekedik. Ha az automat\u00e1b\u00f3l veszed a jegyet, az csak a v\u00e1rosi k\u00f6zleked\u00e9si v\u00e1llalat, a Gradszki Transzport j\u00e1rm\u0171vein \u00e9rv\u00e9nyes. Ha a m\u00e1sik c\u00e9g busza \u00e1ll meg, a jegyet \u00fajra meg kell venned a jegykezel\u0151n\u00e9l a buszon bel\u00fcl.<\/p>\n\n\n\n<p class=\"wp-block-paragraph\">A v\u00e1roson bel\u00fcli k\u00f6zleked\u00e9shez a t\u00f6megk\u00f6zleked\u00e9s viszonylag megb\u00edzhat\u00f3, de megvannak a maga buktat\u00f3i. <strong>A meg\u00e1ll\u00f3k automat\u00e1i kiz\u00e1r\u00f3lag eur\u00f3\u00e9rm\u00e9t fogadnak el.<\/strong> Se bankjegyet, se k\u00e1rty\u00e1t. Ha nincs apr\u00f3p\u00e9nzed, egyszer\u0171en nem tudsz jegyet venni. Egy\u00e9rtelm\u0171en a legjobb megold\u00e1s, ha let\u00f6lt\u00f6d az <strong>\u00faj <a href=\"https:\/\/varnatraffic.com\/\" rel=\"nofollow noopener\" target=\"_blank\">TTickets Varna<\/a> alkalmaz\u00e1st<\/strong>. Nemcsak k\u00e1rty\u00e1val fizethetsz benne, de az elektronikus jegy <strong>mind\u00f6ssze 0,51 \u20ac<\/strong>, m\u00edg az automat\u00e1b\u00f3l vett pap\u00edrjegy eg\u00e9sz 1 eur\u00f3ba ker\u00fcl.<\/p>\n\n\n\n<p class=\"wp-block-paragraph\">Ha aut\u00f3t tervezel b\u00e9relni, k\u00e9sz\u00fclj fel a helyi parkol\u00e1s saj\u00e1toss\u00e1gaira. <strong>A v\u00e1rnai belv\u00e1ros k\u00e9k z\u00f3n\u00e1ja h\u00e9tf\u0151t\u0151l vas\u00e1rnapig \u00e9rv\u00e9nyes<\/strong>, ami a leggyakoribb csapda azoknak a turist\u00e1knak, akik azt hiszik, h\u00e9tv\u00e9g\u00e9n ingyen parkolhatnak. V\u00e1rn\u00e1ban r\u00e1ad\u00e1sul <strong>nincsenek klasszikus parkol\u00f3automat\u00e1k<\/strong>. A parkol\u00e1st (0,51 \u20ac \u00f3r\u00e1nk\u00e9nt) SMS-ben lehet fizetni, ami k\u00fclf\u00f6ldi sz\u00e1mr\u00f3l gyakran megb\u00edzhatatlan, vagy sokkal jobb esetben <strong>az MPark alkalmaz\u00e1son kereszt\u00fcl<\/strong>. Ha nem fizetsz, a ker\u00e9kbilincs t\u00f6bb mint 10 eur\u00f3ba ker\u00fcl, \u00e9s azt ak\u00e1r online is kifizetheted an\u00e9lk\u00fcl, hogy az aut\u00f3n\u00e1l v\u00e1rn\u00e1l.<\/p>\n\n\n\n<p class=\"wp-block-paragraph\">A taxik V\u00e1rn\u00e1ban viszonylag olcs\u00f3k, a nappali tarifa <strong>0,79 \u20ac kilom\u00e9terenk\u00e9nt<\/strong>. Mindig tisztess\u00e9ges c\u00e9geket v\u00e1lassz (p\u00e9ld\u00e1ul Triumf, Omega Trans vagy Hipo), \u00e9s ne feledd, hogy <strong>a Bolt \u00e9s az Uber V\u00e1rn\u00e1ban nem m\u0171k\u00f6dtet fuvarszolg\u00e1ltat\u00e1st<\/strong> (a Bolt itt csak rollereket \u00e9s \u00e9telfut\u00e1rt k\u00edn\u00e1l). A taxirendel\u00e9s telefonon vagy az adott c\u00e9g appj\u00e1n kereszt\u00fcl ingyenes, ez\u00e9rt nem \u00e9rdemes az utc\u00e1n v\u00e9letlenszer\u0171en besz\u00e1llni egy aut\u00f3ba, ahol t\u00falsz\u00e1ml\u00e1z\u00e1s fenyeget.<\/p>\n\n\n\n<figure data-wp-context=\"{&quot;imageId&quot;:&quot;6a9c16a5b6b8c&quot;}\" data-wp-interactive=\"core\/image\" data-wp-key=\"6a9c16a5b6b8c\" class=\"wp-block-image size-full wp-lightbox-container\"><img decoding=\"async\" width=\"1800\" height=\"1012\" data-wp-class--hide=\"state.isContentHidden\" data-wp-class--show=\"state.isContentVisible\" data-wp-init=\"callbacks.setButtonStyles\" data-wp-on--click=\"actions.showLightbox\" data-wp-on--load=\"callbacks.setButtonStyles\" data-wp-on--pointerdown=\"actions.preloadImage\" data-wp-on--pointerenter=\"actions.preloadImageWithDelay\" data-wp-on--pointerleave=\"actions.cancelPreload\" data-wp-on-window--resize=\"callbacks.setButtonStyles\" src=\"https:\/\/loudavymkrokem.cz\/wp-content\/uploads\/2026\/08\/bulharsko-research-varna-04-0df9e0d1.jpg\" alt=\"A v\u00e1rnai R\u00e9g\u00e9szeti M\u00fazeum \u00e9p\u00fclete, egykori le\u00e1nygimn\u00e1zium\" class=\"wp-image-407779\" title=\"\" srcset=\"https:\/\/loudavymkrokem.cz\/wp-content\/uploads\/2026\/08\/bulharsko-research-varna-04-0df9e0d1.jpg 1800w, https:\/\/loudavymkrokem.cz\/wp-content\/uploads\/2026\/08\/bulharsko-research-varna-04-0df9e0d1-300x169.jpg 300w, https:\/\/loudavymkrokem.cz\/wp-content\/uploads\/2026\/08\/bulharsko-research-varna-04-0df9e0d1-700x394.jpg 700w, https:\/\/loudavymkrokem.cz\/wp-content\/uploads\/2026\/08\/bulharsko-research-varna-04-0df9e0d1-768x432.jpg 768w, https:\/\/loudavymkrokem.cz\/wp-content\/uploads\/2026\/08\/bulharsko-research-varna-04-0df9e0d1-1536x864.jpg 1536w, https:\/\/loudavymkrokem.cz\/wp-content\/uploads\/2026\/08\/bulharsko-research-varna-04-0df9e0d1-696x391.jpg 696w, https:\/\/loudavymkrokem.cz\/wp-content\/uploads\/2026\/08\/bulharsko-research-varna-04-0df9e0d1-1392x783.jpg 1392w\" sizes=\"(max-width: 1800px) 100vw, 1800px\" \/><button\n\t\t\tclass=\"lightbox-trigger\"\n\t\t\ttype=\"button\"\n\t\t\taria-haspopup=\"dialog\"\n\t\t\tdata-wp-bind--aria-label=\"state.thisImage.triggerButtonAriaLabel\"\n\t\t\tdata-wp-init=\"callbacks.initTriggerButton\"\n\t\t\tdata-wp-on--click=\"actions.showLightbox\"\n\t\t\tdata-wp-style--right=\"state.thisImage.buttonRight\"\n\t\t\tdata-wp-style--top=\"state.thisImage.buttonTop\"\n\t\t>\n\t\t\t<svg xmlns=\"http:\/\/www.w3.org\/2000\/svg\" width=\"12\" height=\"12\" fill=\"none\" viewBox=\"0 0 12 12\">\n\t\t\t\t<path fill=\"#fff\" d=\"M2 0a2 2 0 0 0-2 2v2h1.5V2a.5.5 0 0 1 .5-.5h2V0H2Zm2 10.5H2a.5.5 0 0 1-.5-.5V8H0v2a2 2 0 0 0 2 2h2v-1.5ZM8 12v-1.5h2a.5.5 0 0 0 .5-.5V8H12v2a2 2 0 0 1-2 2H8Zm2-12a2 2 0 0 1 2 2v2h-1.5V2a.5.5 0 0 0-.5-.5H8V0h2Z\" \/>\n\t\t\t<\/svg>\n\t\t<\/button><figcaption class=\"wp-element-caption\">Foto: karel291, CC BY 3.0 (Wikimedia Commons)<\/figcaption><\/figure>\n\n\n\n<h2 class=\"wp-block-heading\"><span class=\"ez-toc-section\" id=\"Tortenelmi_belvaros_es_muzeumok\"><\/span>T\u00f6rt\u00e9nelmi belv\u00e1ros \u00e9s m\u00fazeumok<span class=\"ez-toc-section-end\"><\/span><\/h2>\n\n\n\n<p class=\"wp-block-paragraph\">V\u00e1rn\u00e1nak gy\u00f6ny\u00f6r\u0171, <strong>kompakt belv\u00e1rosa<\/strong> van, amelyet <strong>legjobb gyalog bej\u00e1rni<\/strong>. Belebotlasz a hatalmas R\u00f3mai Birodalom maradv\u00e1nyaiba, az emberis\u00e9g hajnal\u00e1b\u00f3l sz\u00e1rmaz\u00f3 leny\u0171g\u00f6z\u0151 gy\u0171jtem\u00e9nyekbe \u00e9s az \u00fajkori t\u00f6rt\u00e9nelem eml\u00e9keibe is.<\/p>\n\n\n\n<figure data-wp-context=\"{&quot;imageId&quot;:&quot;6a9c16a5b703d&quot;}\" data-wp-interactive=\"core\/image\" data-wp-key=\"6a9c16a5b703d\" class=\"wp-block-image size-full wp-lightbox-container\"><img decoding=\"async\" width=\"1800\" height=\"1207\" data-wp-class--hide=\"state.isContentHidden\" data-wp-class--show=\"state.isContentVisible\" data-wp-init=\"callbacks.setButtonStyles\" data-wp-on--click=\"actions.showLightbox\" data-wp-on--load=\"callbacks.setButtonStyles\" data-wp-on--pointerdown=\"actions.preloadImage\" data-wp-on--pointerenter=\"actions.preloadImageWithDelay\" data-wp-on--pointerleave=\"actions.cancelPreload\" data-wp-on-window--resize=\"callbacks.setButtonStyles\" src=\"https:\/\/loudavymkrokem.cz\/wp-content\/uploads\/2026\/08\/bulharsko-research-varna-05-d71bfb98.jpg\" alt=\"A v\u00e1rnai aranykincs a R\u00e9g\u00e9szeti M\u00fazeumban\" class=\"wp-image-407780\" title=\"\" srcset=\"https:\/\/loudavymkrokem.cz\/wp-content\/uploads\/2026\/08\/bulharsko-research-varna-05-d71bfb98.jpg 1800w, https:\/\/loudavymkrokem.cz\/wp-content\/uploads\/2026\/08\/bulharsko-research-varna-05-d71bfb98-300x201.jpg 300w, https:\/\/loudavymkrokem.cz\/wp-content\/uploads\/2026\/08\/bulharsko-research-varna-05-d71bfb98-700x469.jpg 700w, https:\/\/loudavymkrokem.cz\/wp-content\/uploads\/2026\/08\/bulharsko-research-varna-05-d71bfb98-768x515.jpg 768w, https:\/\/loudavymkrokem.cz\/wp-content\/uploads\/2026\/08\/bulharsko-research-varna-05-d71bfb98-1536x1030.jpg 1536w, https:\/\/loudavymkrokem.cz\/wp-content\/uploads\/2026\/08\/bulharsko-research-varna-05-d71bfb98-696x467.jpg 696w, https:\/\/loudavymkrokem.cz\/wp-content\/uploads\/2026\/08\/bulharsko-research-varna-05-d71bfb98-1392x933.jpg 1392w\" sizes=\"(max-width: 1800px) 100vw, 1800px\" \/><button\n\t\t\tclass=\"lightbox-trigger\"\n\t\t\ttype=\"button\"\n\t\t\taria-haspopup=\"dialog\"\n\t\t\tdata-wp-bind--aria-label=\"state.thisImage.triggerButtonAriaLabel\"\n\t\t\tdata-wp-init=\"callbacks.initTriggerButton\"\n\t\t\tdata-wp-on--click=\"actions.showLightbox\"\n\t\t\tdata-wp-style--right=\"state.thisImage.buttonRight\"\n\t\t\tdata-wp-style--top=\"state.thisImage.buttonTop\"\n\t\t>\n\t\t\t<svg xmlns=\"http:\/\/www.w3.org\/2000\/svg\" width=\"12\" height=\"12\" fill=\"none\" viewBox=\"0 0 12 12\">\n\t\t\t\t<path fill=\"#fff\" d=\"M2 0a2 2 0 0 0-2 2v2h1.5V2a.5.5 0 0 1 .5-.5h2V0H2Zm2 10.5H2a.5.5 0 0 1-.5-.5V8H0v2a2 2 0 0 0 2 2h2v-1.5ZM8 12v-1.5h2a.5.5 0 0 0 .5-.5V8H12v2a2 2 0 0 1-2 2H8Zm2-12a2 2 0 0 1 2 2v2h-1.5V2a.5.5 0 0 0-.5-.5H8V0h2Z\" \/>\n\t\t\t<\/svg>\n\t\t<\/button><figcaption class=\"wp-element-caption\">Foto: Ivano Giambattista, CC0 (Wikimedia Commons)<\/figcaption><\/figure>\n\n\n\n<h3 class=\"wp-block-heading\"><span class=\"ez-toc-section\" id=\"1_Regeszeti_Muzeum_es_a_vilag_legregebbi_aranya\"><\/span>1. R\u00e9g\u00e9szeti M\u00fazeum \u00e9s a vil\u00e1g legr\u00e9gebbi aranya<span class=\"ez-toc-section-end\"><\/span><\/h3>\n\n\n\n<p class=\"wp-block-paragraph\">Ez nem csup\u00e1n egy h\u00e9tk\u00f6znapi v\u00e1rosi m\u00fazeum. \u00c9ppen itt l\u00e1that\u00f3 a h\u00edres <strong>v\u00e1rnai aranykincs<\/strong>, amelyet 1972-ben v\u00e9letlen\u00fcl egy markol\u00f3g\u00e9p-kezel\u0151 fedezett fel. A kutat\u00e1sok kimutatt\u00e1k, hogy a t\u00e1rgyak nagyj\u00e1b\u00f3l a Kr. e. <strong>4600\u20134200 k\u00f6z\u00f6tti id\u0151b\u0151l<\/strong> sz\u00e1rmaznak, ami a vil\u00e1gon b\u00e1rhol tal\u00e1lt legr\u00e9gebbi megmunk\u00e1lt aranny\u00e1 teszi \u0151ket. Ezeknek az aranyleleteknek a s\u00falya \u00e9s mennyis\u00e9ge t\u00f6bbsz\u00f6r\u00f6sen fel\u00fclm\u00falja az \u00f6sszes, ugyanabban a korban a vil\u00e1gon tal\u00e1lt aranyt\u00e1rgy \u00f6sszeg\u00e9t, bele\u00e9rtve Mezopot\u00e1mi\u00e1t \u00e9s Egyiptomot is.<\/p>\n\n\n\n<p class=\"wp-block-paragraph\">A legh\u00edresebb ki\u00e1ll\u00edt\u00e1si t\u00e1rgy a <strong>43-as sz\u00e1m\u00fa s\u00edr<\/strong> replik\u00e1ja, amely t\u00f6bb mint ezer aranyt\u00e1rgyat tartalmazott, t\u00f6bb mint 1,5 kilogramm s\u00falyban. Sok\u00e1ig azt hitt\u00e9k, hogy egy hatalmas fejedelem maradv\u00e1nyai, de a modern r\u00e9g\u00e9szet ink\u00e1bb arra hajlik, hogy egy <strong>magas rang\u00fa kov\u00e1cs<\/strong> volt. Maga a m\u00fazeum egy egykori le\u00e1nygimn\u00e1zium gy\u00f6ny\u00f6r\u0171 \u00e9p\u00fclet\u00e9ben tal\u00e1lhat\u00f3. \ud83d\udca1 <strong>Tipp:<\/strong> A 10 eur\u00f3s jegyeket <strong>csak a helysz\u00edni p\u00e9nzt\u00e1rn\u00e1l<\/strong> v\u00e1s\u00e1rolhatod meg, a m\u00fazeum figyelmeztet a viszontelad\u00f3kt\u00f3l val\u00f3 online v\u00e1s\u00e1rl\u00e1sra. A t\u00e9li szezonban (okt\u00f3bert\u0151l \u00e1prilisig) r\u00e1ad\u00e1sul vas\u00e1rnap \u00e9s h\u00e9tf\u0151n z\u00e1rva tart.<\/p>\n\n\n\n<figure data-wp-context=\"{&quot;imageId&quot;:&quot;6a9c16a5b7580&quot;}\" data-wp-interactive=\"core\/image\" data-wp-key=\"6a9c16a5b7580\" class=\"wp-block-image size-full wp-lightbox-container\"><img decoding=\"async\" width=\"1800\" height=\"1200\" data-wp-class--hide=\"state.isContentHidden\" data-wp-class--show=\"state.isContentVisible\" data-wp-init=\"callbacks.setButtonStyles\" data-wp-on--click=\"actions.showLightbox\" data-wp-on--load=\"callbacks.setButtonStyles\" data-wp-on--pointerdown=\"actions.preloadImage\" data-wp-on--pointerenter=\"actions.preloadImageWithDelay\" data-wp-on--pointerleave=\"actions.cancelPreload\" data-wp-on-window--resize=\"callbacks.setButtonStyles\" src=\"https:\/\/loudavymkrokem.cz\/wp-content\/uploads\/2026\/08\/bulharsko-research-varna-06-51bd3e82.jpg\" alt=\"R\u00f3mai f\u00fcrd\u0151 V\u00e1rn\u00e1ban\" class=\"wp-image-407781\" title=\"\" srcset=\"https:\/\/loudavymkrokem.cz\/wp-content\/uploads\/2026\/08\/bulharsko-research-varna-06-51bd3e82.jpg 1800w, https:\/\/loudavymkrokem.cz\/wp-content\/uploads\/2026\/08\/bulharsko-research-varna-06-51bd3e82-300x200.jpg 300w, https:\/\/loudavymkrokem.cz\/wp-content\/uploads\/2026\/08\/bulharsko-research-varna-06-51bd3e82-700x467.jpg 700w, https:\/\/loudavymkrokem.cz\/wp-content\/uploads\/2026\/08\/bulharsko-research-varna-06-51bd3e82-768x512.jpg 768w, https:\/\/loudavymkrokem.cz\/wp-content\/uploads\/2026\/08\/bulharsko-research-varna-06-51bd3e82-1536x1024.jpg 1536w, https:\/\/loudavymkrokem.cz\/wp-content\/uploads\/2026\/08\/bulharsko-research-varna-06-51bd3e82-696x464.jpg 696w, https:\/\/loudavymkrokem.cz\/wp-content\/uploads\/2026\/08\/bulharsko-research-varna-06-51bd3e82-1392x928.jpg 1392w\" sizes=\"(max-width: 1800px) 100vw, 1800px\" \/><button\n\t\t\tclass=\"lightbox-trigger\"\n\t\t\ttype=\"button\"\n\t\t\taria-haspopup=\"dialog\"\n\t\t\tdata-wp-bind--aria-label=\"state.thisImage.triggerButtonAriaLabel\"\n\t\t\tdata-wp-init=\"callbacks.initTriggerButton\"\n\t\t\tdata-wp-on--click=\"actions.showLightbox\"\n\t\t\tdata-wp-style--right=\"state.thisImage.buttonRight\"\n\t\t\tdata-wp-style--top=\"state.thisImage.buttonTop\"\n\t\t>\n\t\t\t<svg xmlns=\"http:\/\/www.w3.org\/2000\/svg\" width=\"12\" height=\"12\" fill=\"none\" viewBox=\"0 0 12 12\">\n\t\t\t\t<path fill=\"#fff\" d=\"M2 0a2 2 0 0 0-2 2v2h1.5V2a.5.5 0 0 1 .5-.5h2V0H2Zm2 10.5H2a.5.5 0 0 1-.5-.5V8H0v2a2 2 0 0 0 2 2h2v-1.5ZM8 12v-1.5h2a.5.5 0 0 0 .5-.5V8H12v2a2 2 0 0 1-2 2H8Zm2-12a2 2 0 0 1 2 2v2h-1.5V2a.5.5 0 0 0-.5-.5H8V0h2Z\" \/>\n\t\t\t<\/svg>\n\t\t<\/button><figcaption class=\"wp-element-caption\">Foto: Dina Rogatnykh, CC BY-SA 4.0 (Wikimedia Commons)<\/figcaption><\/figure>\n\n\n\n<h3 class=\"wp-block-heading\"><span class=\"ez-toc-section\" id=\"2_Romai_furdo_Odesszosz\"><\/span>2. R\u00f3mai f\u00fcrd\u0151 (Odesszosz)<span class=\"ez-toc-section-end\"><\/span><\/h3>\n\n\n\n<p class=\"wp-block-paragraph\">A v\u00e1ros sz\u00edv\u00e9ben, lak\u00f3h\u00e1zak k\u00f6z\u00e9 rejtve fekszenek az antik Odesszosz romjai. Ez a f\u00fcrd\u0151, amely a Kr. u. 2. \u00e9s 3. sz\u00e1zad fordul\u00f3j\u00e1n \u00e9p\u00fclt, tekint\u00e9lyes, t\u00f6bb mint 7 000 n\u00e9gyzetm\u00e9teres ter\u00fcleten ter\u00fcl el. Ez a <strong>Balk\u00e1n legnagyobb r\u00f3mai f\u00fcrd\u0151je<\/strong>, a v\u00e1rnai turisztikai k\u00f6zpont szerint pedig egyenesen Eur\u00f3pa negyedik legnagyobbja.<\/p>\n\n\n\n<p class=\"wp-block-paragraph\">A helyenk\u00e9nt ak\u00e1r 22 m\u00e9ter magasra emelked\u0151 massz\u00edv falak k\u00f6z\u00f6tti s\u00e9ta sor\u00e1n sz\u00e9pen kivehet\u0151 a padl\u00f3f\u0171t\u00e9s (hypocaustum) rendszere. A dat\u00e1l\u00e1st a Septimius Severus cs\u00e1sz\u00e1r kor\u00e1b\u00f3l sz\u00e1rmaz\u00f3 \u00e9rm\u00e9k lelet\u00e9nek k\u00f6sz\u00f6nhetj\u00fck. Ny\u00e1ron a megvil\u00e1g\u00edtott romok teljesen m\u00e1gikus h\u00e1tt\u00e9rk\u00e9nt szolg\u00e1lnak a szabadt\u00e9ri sz\u00ednh\u00e1zi el\u0151ad\u00e1sokhoz \u00e9s koncertekhez. \ud83d\udca1 <strong>Tipp:<\/strong> Az alapbel\u00e9p\u0151 4 \u20ac. Ha a f\u0151szezonon k\u00edv\u00fcl utazol, ne feledd, hogy <strong>a f\u00fcrd\u0151knek t\u00e9len ford\u00edtott a z\u00e1r\u00f3napja<\/strong>, \u00e9s vas\u00e1rnap, valamint h\u00e9tf\u0151n nem juthatsz be. (Figyelem, a mellette l\u00e9v\u0151 kisebb Kis R\u00f3mai F\u00fcrd\u0151 gyakran z\u00e1rva van, a bejut\u00e1st ink\u00e1bb a helysz\u00ednen ellen\u0151rizd.)<\/p>\n\n\n\n<figure data-wp-context=\"{&quot;imageId&quot;:&quot;6a9c16a5b7b42&quot;}\" data-wp-interactive=\"core\/image\" data-wp-key=\"6a9c16a5b7b42\" class=\"wp-block-image size-full wp-lightbox-container\"><img decoding=\"async\" width=\"1800\" height=\"1572\" data-wp-class--hide=\"state.isContentHidden\" data-wp-class--show=\"state.isContentVisible\" data-wp-init=\"callbacks.setButtonStyles\" data-wp-on--click=\"actions.showLightbox\" data-wp-on--load=\"callbacks.setButtonStyles\" data-wp-on--pointerdown=\"actions.preloadImage\" data-wp-on--pointerenter=\"actions.preloadImageWithDelay\" data-wp-on--pointerleave=\"actions.cancelPreload\" data-wp-on-window--resize=\"callbacks.setButtonStyles\" src=\"https:\/\/loudavymkrokem.cz\/wp-content\/uploads\/2026\/08\/bulharsko-research-varna-07-df780fd6.jpg\" alt=\"Nagyboldogasszony-sz\u00e9kesegyh\u00e1z V\u00e1rn\u00e1ban\" class=\"wp-image-407782\" title=\"\" srcset=\"https:\/\/loudavymkrokem.cz\/wp-content\/uploads\/2026\/08\/bulharsko-research-varna-07-df780fd6.jpg 1800w, https:\/\/loudavymkrokem.cz\/wp-content\/uploads\/2026\/08\/bulharsko-research-varna-07-df780fd6-300x262.jpg 300w, https:\/\/loudavymkrokem.cz\/wp-content\/uploads\/2026\/08\/bulharsko-research-varna-07-df780fd6-700x611.jpg 700w, https:\/\/loudavymkrokem.cz\/wp-content\/uploads\/2026\/08\/bulharsko-research-varna-07-df780fd6-768x671.jpg 768w, https:\/\/loudavymkrokem.cz\/wp-content\/uploads\/2026\/08\/bulharsko-research-varna-07-df780fd6-1536x1341.jpg 1536w, https:\/\/loudavymkrokem.cz\/wp-content\/uploads\/2026\/08\/bulharsko-research-varna-07-df780fd6-696x608.jpg 696w, https:\/\/loudavymkrokem.cz\/wp-content\/uploads\/2026\/08\/bulharsko-research-varna-07-df780fd6-1392x1216.jpg 1392w\" sizes=\"(max-width: 1800px) 100vw, 1800px\" \/><button\n\t\t\tclass=\"lightbox-trigger\"\n\t\t\ttype=\"button\"\n\t\t\taria-haspopup=\"dialog\"\n\t\t\tdata-wp-bind--aria-label=\"state.thisImage.triggerButtonAriaLabel\"\n\t\t\tdata-wp-init=\"callbacks.initTriggerButton\"\n\t\t\tdata-wp-on--click=\"actions.showLightbox\"\n\t\t\tdata-wp-style--right=\"state.thisImage.buttonRight\"\n\t\t\tdata-wp-style--top=\"state.thisImage.buttonTop\"\n\t\t>\n\t\t\t<svg xmlns=\"http:\/\/www.w3.org\/2000\/svg\" width=\"12\" height=\"12\" fill=\"none\" viewBox=\"0 0 12 12\">\n\t\t\t\t<path fill=\"#fff\" d=\"M2 0a2 2 0 0 0-2 2v2h1.5V2a.5.5 0 0 1 .5-.5h2V0H2Zm2 10.5H2a.5.5 0 0 1-.5-.5V8H0v2a2 2 0 0 0 2 2h2v-1.5ZM8 12v-1.5h2a.5.5 0 0 0 .5-.5V8H12v2a2 2 0 0 1-2 2H8Zm2-12a2 2 0 0 1 2 2v2h-1.5V2a.5.5 0 0 0-.5-.5H8V0h2Z\" \/>\n\t\t\t<\/svg>\n\t\t<\/button><figcaption class=\"wp-element-caption\">Foto: MrPanyGoff, CC BY-SA 3.0 (Wikimedia Commons)<\/figcaption><\/figure>\n\n\n\n<h3 class=\"wp-block-heading\"><span class=\"ez-toc-section\" id=\"3_Nagyboldogasszony-szekesegyhaz\"><\/span>3. Nagyboldogasszony-sz\u00e9kesegyh\u00e1z<span class=\"ez-toc-section-end\"><\/span><\/h3>\n\n\n\n<p class=\"wp-block-paragraph\">Ennek a monument\u00e1lis \u00e9p\u00fcletnek az aranykupol\u00e1i alkotj\u00e1k eg\u00e9sz V\u00e1rna f\u0151 t\u00e1j\u00e9koz\u00f3d\u00e1si pontj\u00e1t. A sz\u00e9kesegyh\u00e1zat az oroszorsz\u00e1gi Peterhof templom\u00e1nak mint\u00e1j\u00e1ra \u00e9p\u00edtett\u00e9k, alapk\u00f6v\u00e9t I. Battenberg S\u00e1ndor fejedelem tette le 1880-ban. Bel\u00fcl leny\u0171g\u00f6znek a gazdagon d\u00edsz\u00edtett fresk\u00f3k \u00e9s a gy\u00f6ny\u00f6r\u0171 faragott ikonoszt\u00e1z. 2026 augusztus\u00e1ban a sz\u00e9kesegyh\u00e1z pontosan <strong>140 \u00e9ves lesz az els\u0151 istentisztelet\u00e9t\u0151l sz\u00e1m\u00edtva<\/strong>. \ud83d\udca1 <strong>Tipp:<\/strong> A sz\u00e9kesegyh\u00e1zba a bel\u00e9p\u00e9s <strong>teljesen ingyenes<\/strong>, \u00e9s naponta 7:00-t\u00f3l 17:30-ig van nyitva.<\/p>\n\n\n\n<figure data-wp-context=\"{&quot;imageId&quot;:&quot;6a9c16a5b81fa&quot;}\" data-wp-interactive=\"core\/image\" data-wp-key=\"6a9c16a5b81fa\" class=\"wp-block-image size-full wp-lightbox-container\"><img decoding=\"async\" width=\"1800\" height=\"1350\" data-wp-class--hide=\"state.isContentHidden\" data-wp-class--show=\"state.isContentVisible\" data-wp-init=\"callbacks.setButtonStyles\" data-wp-on--click=\"actions.showLightbox\" data-wp-on--load=\"callbacks.setButtonStyles\" data-wp-on--pointerdown=\"actions.preloadImage\" data-wp-on--pointerenter=\"actions.preloadImageWithDelay\" data-wp-on--pointerleave=\"actions.cancelPreload\" data-wp-on-window--resize=\"callbacks.setButtonStyles\" src=\"https:\/\/loudavymkrokem.cz\/wp-content\/uploads\/2026\/08\/bulharsko-research-varna-08-0a22195f.jpg\" alt=\"A Drazki torped\u00f3nasz\u00e1d a v\u00e1rnai Haditenger\u00e9szeti M\u00fazeumban\" class=\"wp-image-407783\" title=\"\" srcset=\"https:\/\/loudavymkrokem.cz\/wp-content\/uploads\/2026\/08\/bulharsko-research-varna-08-0a22195f.jpg 1800w, https:\/\/loudavymkrokem.cz\/wp-content\/uploads\/2026\/08\/bulharsko-research-varna-08-0a22195f-300x225.jpg 300w, https:\/\/loudavymkrokem.cz\/wp-content\/uploads\/2026\/08\/bulharsko-research-varna-08-0a22195f-700x525.jpg 700w, https:\/\/loudavymkrokem.cz\/wp-content\/uploads\/2026\/08\/bulharsko-research-varna-08-0a22195f-768x576.jpg 768w, https:\/\/loudavymkrokem.cz\/wp-content\/uploads\/2026\/08\/bulharsko-research-varna-08-0a22195f-1536x1152.jpg 1536w, https:\/\/loudavymkrokem.cz\/wp-content\/uploads\/2026\/08\/bulharsko-research-varna-08-0a22195f-80x60.jpg 80w, https:\/\/loudavymkrokem.cz\/wp-content\/uploads\/2026\/08\/bulharsko-research-varna-08-0a22195f-160x120.jpg 160w, https:\/\/loudavymkrokem.cz\/wp-content\/uploads\/2026\/08\/bulharsko-research-varna-08-0a22195f-696x522.jpg 696w, https:\/\/loudavymkrokem.cz\/wp-content\/uploads\/2026\/08\/bulharsko-research-varna-08-0a22195f-1392x1044.jpg 1392w\" sizes=\"(max-width: 1800px) 100vw, 1800px\" \/><button\n\t\t\tclass=\"lightbox-trigger\"\n\t\t\ttype=\"button\"\n\t\t\taria-haspopup=\"dialog\"\n\t\t\tdata-wp-bind--aria-label=\"state.thisImage.triggerButtonAriaLabel\"\n\t\t\tdata-wp-init=\"callbacks.initTriggerButton\"\n\t\t\tdata-wp-on--click=\"actions.showLightbox\"\n\t\t\tdata-wp-style--right=\"state.thisImage.buttonRight\"\n\t\t\tdata-wp-style--top=\"state.thisImage.buttonTop\"\n\t\t>\n\t\t\t<svg xmlns=\"http:\/\/www.w3.org\/2000\/svg\" width=\"12\" height=\"12\" fill=\"none\" viewBox=\"0 0 12 12\">\n\t\t\t\t<path fill=\"#fff\" d=\"M2 0a2 2 0 0 0-2 2v2h1.5V2a.5.5 0 0 1 .5-.5h2V0H2Zm2 10.5H2a.5.5 0 0 1-.5-.5V8H0v2a2 2 0 0 0 2 2h2v-1.5ZM8 12v-1.5h2a.5.5 0 0 0 .5-.5V8H12v2a2 2 0 0 1-2 2H8Zm2-12a2 2 0 0 1 2 2v2h-1.5V2a.5.5 0 0 0-.5-.5H8V0h2Z\" \/>\n\t\t\t<\/svg>\n\t\t<\/button><figcaption class=\"wp-element-caption\">Foto: Micha\u0142 Derela, CC BY-SA 4.0 (Wikimedia Commons)<\/figcaption><\/figure>\n\n\n\n<h3 class=\"wp-block-heading\"><span class=\"ez-toc-section\" id=\"4_Haditengereszeti_Muzeum_es_a_Drazki_torpedonaszad\"><\/span>4. Haditenger\u00e9szeti M\u00fazeum \u00e9s a Drazki torped\u00f3nasz\u00e1d<span class=\"ez-toc-section-end\"><\/span><\/h3>\n\n\n\n<p class=\"wp-block-paragraph\">Bulg\u00e1ria b\u00fcszke a tengeri t\u00f6rt\u00e9nelm\u00e9re, \u00e9s V\u00e1rna a flott\u00e1j\u00e1nak f\u0151 sz\u00e9khelye. Ennek a m\u00fazeumnak a legnagyobb vonzereje nem a bels\u0151 ki\u00e1ll\u00edt\u00e1s, hanem a szabadt\u00e9ri park, ahol a <strong>Drazki torped\u00f3nasz\u00e1d<\/strong> \u00e1ll. Ez a vil\u00e1gon egyetlen fennmaradt torped\u00f3rombol\u00f3 a maga t\u00edpus\u00e1b\u00f3l. Ez a jelent\u00e9ktelennek t\u0171n\u0151 haj\u00f3 1912-ben v\u00e1lt h\u00edress\u00e9, amikor k\u00f6zvetlen k\u00f6zelr\u0151l, mind\u00f6ssze sz\u00e1z m\u00e9terr\u0151l sikeresen megtorped\u00f3zta a hatalmas t\u00f6r\u00f6k Hamidije cirk\u00e1l\u00f3t. \ud83d\udca1 <strong>Tipp:<\/strong> A h\u00edres csat\u00e1ban szerzett repeszlyuk a mai napig l\u00e1that\u00f3 a haj\u00f3 m\u00e1sodik k\u00e9m\u00e9ny\u00e9ben. A m\u00fazeumba \u00e9s a haj\u00f3 fed\u00e9lzet\u00e9re sz\u00f3l\u00f3 kombin\u00e1lt jegy 4,09 \u20ac, \u00e9s <strong>a h\u00f3nap utols\u00f3 szerd\u00e1j\u00e1n a bel\u00e9p\u00e9s ingyenes<\/strong>.<\/p>\n\n\n\n<figure data-wp-context=\"{&quot;imageId&quot;:&quot;6a9c16a5b888e&quot;}\" data-wp-interactive=\"core\/image\" data-wp-key=\"6a9c16a5b888e\" class=\"wp-block-image size-full wp-lightbox-container\"><img decoding=\"async\" width=\"1800\" height=\"1200\" data-wp-class--hide=\"state.isContentHidden\" data-wp-class--show=\"state.isContentVisible\" data-wp-init=\"callbacks.setButtonStyles\" data-wp-on--click=\"actions.showLightbox\" data-wp-on--load=\"callbacks.setButtonStyles\" data-wp-on--pointerdown=\"actions.preloadImage\" data-wp-on--pointerenter=\"actions.preloadImageWithDelay\" data-wp-on--pointerleave=\"actions.cancelPreload\" data-wp-on-window--resize=\"callbacks.setButtonStyles\" src=\"https:\/\/loudavymkrokem.cz\/wp-content\/uploads\/2026\/08\/bulharsko-research-varna-09-1de3faeb.jpg\" alt=\"N\u00e9prajzi M\u00fazeum V\u00e1rn\u00e1ban\" class=\"wp-image-407784\" title=\"\" srcset=\"https:\/\/loudavymkrokem.cz\/wp-content\/uploads\/2026\/08\/bulharsko-research-varna-09-1de3faeb.jpg 1800w, https:\/\/loudavymkrokem.cz\/wp-content\/uploads\/2026\/08\/bulharsko-research-varna-09-1de3faeb-300x200.jpg 300w, https:\/\/loudavymkrokem.cz\/wp-content\/uploads\/2026\/08\/bulharsko-research-varna-09-1de3faeb-700x467.jpg 700w, https:\/\/loudavymkrokem.cz\/wp-content\/uploads\/2026\/08\/bulharsko-research-varna-09-1de3faeb-768x512.jpg 768w, https:\/\/loudavymkrokem.cz\/wp-content\/uploads\/2026\/08\/bulharsko-research-varna-09-1de3faeb-1536x1024.jpg 1536w, https:\/\/loudavymkrokem.cz\/wp-content\/uploads\/2026\/08\/bulharsko-research-varna-09-1de3faeb-696x464.jpg 696w, https:\/\/loudavymkrokem.cz\/wp-content\/uploads\/2026\/08\/bulharsko-research-varna-09-1de3faeb-1392x928.jpg 1392w\" sizes=\"(max-width: 1800px) 100vw, 1800px\" \/><button\n\t\t\tclass=\"lightbox-trigger\"\n\t\t\ttype=\"button\"\n\t\t\taria-haspopup=\"dialog\"\n\t\t\tdata-wp-bind--aria-label=\"state.thisImage.triggerButtonAriaLabel\"\n\t\t\tdata-wp-init=\"callbacks.initTriggerButton\"\n\t\t\tdata-wp-on--click=\"actions.showLightbox\"\n\t\t\tdata-wp-style--right=\"state.thisImage.buttonRight\"\n\t\t\tdata-wp-style--top=\"state.thisImage.buttonTop\"\n\t\t>\n\t\t\t<svg xmlns=\"http:\/\/www.w3.org\/2000\/svg\" width=\"12\" height=\"12\" fill=\"none\" viewBox=\"0 0 12 12\">\n\t\t\t\t<path fill=\"#fff\" d=\"M2 0a2 2 0 0 0-2 2v2h1.5V2a.5.5 0 0 1 .5-.5h2V0H2Zm2 10.5H2a.5.5 0 0 1-.5-.5V8H0v2a2 2 0 0 0 2 2h2v-1.5ZM8 12v-1.5h2a.5.5 0 0 0 .5-.5V8H12v2a2 2 0 0 1-2 2H8Zm2-12a2 2 0 0 1 2 2v2h-1.5V2a.5.5 0 0 0-.5-.5H8V0h2Z\" \/>\n\t\t\t<\/svg>\n\t\t<\/button><figcaption class=\"wp-element-caption\">Foto: Ilonamay, CC BY-SA 3.0 (Wikimedia Commons)<\/figcaption><\/figure>\n\n\n\n<h3 class=\"wp-block-heading\"><span class=\"ez-toc-section\" id=\"5_Neprajzi_Muzeum\"><\/span>5. N\u00e9prajzi M\u00fazeum<span class=\"ez-toc-section-end\"><\/span><\/h3>\n\n\n\n<p class=\"wp-block-paragraph\">Ha meg akarod \u00e9rezni a r\u00e9gi Bulg\u00e1ria hangulat\u00e1t, l\u00e1togass el ebbe a m\u00fazeumba, amely egy gy\u00f6ny\u00f6r\u0171en restaur\u00e1lt 19. sz\u00e1zadi h\u00e1zban kapott helyet. Itt mindent megtudhatsz a hagyom\u00e1nyos mesters\u00e9gekr\u0151l, a mez\u0151gazdas\u00e1gr\u00f3l \u00e9s a v\u00e1rnai r\u00e9gi\u00f3 szok\u00e1sair\u00f3l. K\u00fcl\u00f6n\u00f6sen leny\u0171g\u00f6z\u0151 a gazdagon h\u00edmzett n\u00e9pviseletek \u00e9s a szertart\u00e1si maszkok gy\u0171jtem\u00e9nye. \ud83d\udca1 <strong>Tipp:<\/strong> A bel\u00e9p\u0151 5 \u20ac. Nagyon figyelj a t\u00e9li nyitvatart\u00e1sra \u2014 <strong>okt\u00f3bert\u0151l \u00e1prilisig a m\u00fazeum szombaton \u00e9s vas\u00e1rnap z\u00e1rva tart<\/strong>, teh\u00e1t csak munkanapokon m\u0171k\u00f6dik!<\/p>\n\n\n\n<figure data-wp-context=\"{&quot;imageId&quot;:&quot;6a9c16a5b8e6e&quot;}\" data-wp-interactive=\"core\/image\" data-wp-key=\"6a9c16a5b8e6e\" class=\"wp-block-image size-full wp-lightbox-container\"><img decoding=\"async\" width=\"1800\" height=\"1350\" data-wp-class--hide=\"state.isContentHidden\" data-wp-class--show=\"state.isContentVisible\" data-wp-init=\"callbacks.setButtonStyles\" data-wp-on--click=\"actions.showLightbox\" data-wp-on--load=\"callbacks.setButtonStyles\" data-wp-on--pointerdown=\"actions.preloadImage\" data-wp-on--pointerenter=\"actions.preloadImageWithDelay\" data-wp-on--pointerleave=\"actions.cancelPreload\" data-wp-on-window--resize=\"callbacks.setButtonStyles\" src=\"https:\/\/loudavymkrokem.cz\/wp-content\/uploads\/2026\/08\/bulharsko-research-varna-10-562a1f9e.jpg\" alt=\"Csajka GAZ-13 korm\u00e1nyzati aut\u00f3 a v\u00e1rnai Retr\u00f3 M\u00fazeumban\" class=\"wp-image-407785\" title=\"\" srcset=\"https:\/\/loudavymkrokem.cz\/wp-content\/uploads\/2026\/08\/bulharsko-research-varna-10-562a1f9e.jpg 1800w, https:\/\/loudavymkrokem.cz\/wp-content\/uploads\/2026\/08\/bulharsko-research-varna-10-562a1f9e-300x225.jpg 300w, https:\/\/loudavymkrokem.cz\/wp-content\/uploads\/2026\/08\/bulharsko-research-varna-10-562a1f9e-700x525.jpg 700w, https:\/\/loudavymkrokem.cz\/wp-content\/uploads\/2026\/08\/bulharsko-research-varna-10-562a1f9e-768x576.jpg 768w, https:\/\/loudavymkrokem.cz\/wp-content\/uploads\/2026\/08\/bulharsko-research-varna-10-562a1f9e-1536x1152.jpg 1536w, https:\/\/loudavymkrokem.cz\/wp-content\/uploads\/2026\/08\/bulharsko-research-varna-10-562a1f9e-80x60.jpg 80w, https:\/\/loudavymkrokem.cz\/wp-content\/uploads\/2026\/08\/bulharsko-research-varna-10-562a1f9e-160x120.jpg 160w, https:\/\/loudavymkrokem.cz\/wp-content\/uploads\/2026\/08\/bulharsko-research-varna-10-562a1f9e-696x522.jpg 696w, https:\/\/loudavymkrokem.cz\/wp-content\/uploads\/2026\/08\/bulharsko-research-varna-10-562a1f9e-1392x1044.jpg 1392w\" sizes=\"(max-width: 1800px) 100vw, 1800px\" \/><button\n\t\t\tclass=\"lightbox-trigger\"\n\t\t\ttype=\"button\"\n\t\t\taria-haspopup=\"dialog\"\n\t\t\tdata-wp-bind--aria-label=\"state.thisImage.triggerButtonAriaLabel\"\n\t\t\tdata-wp-init=\"callbacks.initTriggerButton\"\n\t\t\tdata-wp-on--click=\"actions.showLightbox\"\n\t\t\tdata-wp-style--right=\"state.thisImage.buttonRight\"\n\t\t\tdata-wp-style--top=\"state.thisImage.buttonTop\"\n\t\t>\n\t\t\t<svg xmlns=\"http:\/\/www.w3.org\/2000\/svg\" width=\"12\" height=\"12\" fill=\"none\" viewBox=\"0 0 12 12\">\n\t\t\t\t<path fill=\"#fff\" d=\"M2 0a2 2 0 0 0-2 2v2h1.5V2a.5.5 0 0 1 .5-.5h2V0H2Zm2 10.5H2a.5.5 0 0 1-.5-.5V8H0v2a2 2 0 0 0 2 2h2v-1.5ZM8 12v-1.5h2a.5.5 0 0 0 .5-.5V8H12v2a2 2 0 0 1-2 2H8Zm2-12a2 2 0 0 1 2 2v2h-1.5V2a.5.5 0 0 0-.5-.5H8V0h2Z\" \/>\n\t\t\t<\/svg>\n\t\t<\/button><figcaption class=\"wp-element-caption\">Foto: Thomas Peters (Google Maps)<\/figcaption><\/figure>\n\n\n\n<h3 class=\"wp-block-heading\"><span class=\"ez-toc-section\" id=\"6_Retro_Muzeum\"><\/span>6. Retr\u00f3 M\u00fazeum<span class=\"ez-toc-section-end\"><\/span><\/h3>\n\n\n\n<p class=\"wp-block-paragraph\">A k\u00f6zelm\u00falt t\u00f6rt\u00e9nelm\u00e9nek \u00e9s a nosztalgi\u00e1nak a szerelmeseinek a Retr\u00f3 M\u00fazeum abszol\u00fat k\u00f6telez\u0151. 2015-ben ny\u00edlt meg <strong>Bulg\u00e1ria els\u0151, bev\u00e1s\u00e1rl\u00f3k\u00f6zpontban elhelyezett m\u00fazeumak\u00e9nt<\/strong> (Grand Mall). 4 000 n\u00e9gyzetm\u00e9teren gy\u0171jti \u00f6ssze az 1944\u20131989 k\u00f6z\u00f6tti id\u0151szak t\u00e1rgyait. A gy\u0171jtem\u00e9ny szt\u00e1rjai a t\u00f6bb mint 50 t\u00f6k\u00e9letesen restaur\u00e1lt korabeli aut\u00f3, k\u00f6zt\u00fck r\u00e9gi \u0160kod\u00e1k, Moszkvicsok \u00e9s a luxus korm\u00e1nyzati Csajka GAZ-13. \ud83d\udca1 <strong>Tipp:<\/strong> A m\u00fazeum naponta 10:00-t\u00f3l 19:00-ig van nyitva, \u00edgy remek ment\u0151\u00f6v egy es\u0151s d\u00e9lut\u00e1nra. A bel\u00e9p\u0151 \u00e1tsz\u00e1m\u00edtva nagyj\u00e1b\u00f3l 15,34 \u20ac.<\/p>\n\n\n\n<figure data-wp-context=\"{&quot;imageId&quot;:&quot;6a9c16a5b951b&quot;}\" data-wp-interactive=\"core\/image\" data-wp-key=\"6a9c16a5b951b\" class=\"wp-block-image size-full wp-lightbox-container\"><img decoding=\"async\" width=\"1800\" height=\"1350\" data-wp-class--hide=\"state.isContentHidden\" data-wp-class--show=\"state.isContentVisible\" data-wp-init=\"callbacks.setButtonStyles\" data-wp-on--click=\"actions.showLightbox\" data-wp-on--load=\"callbacks.setButtonStyles\" data-wp-on--pointerdown=\"actions.preloadImage\" data-wp-on--pointerenter=\"actions.preloadImageWithDelay\" data-wp-on--pointerleave=\"actions.cancelPreload\" data-wp-on-window--resize=\"callbacks.setButtonStyles\" src=\"https:\/\/loudavymkrokem.cz\/wp-content\/uploads\/2026\/08\/bulharsko-research-varna-11-931a6f62.jpg\" alt=\"A v\u00e1rnai \u00f3ratorony esti kivil\u00e1g\u00edt\u00e1sban\" class=\"wp-image-407786\" title=\"\" srcset=\"https:\/\/loudavymkrokem.cz\/wp-content\/uploads\/2026\/08\/bulharsko-research-varna-11-931a6f62.jpg 1800w, https:\/\/loudavymkrokem.cz\/wp-content\/uploads\/2026\/08\/bulharsko-research-varna-11-931a6f62-300x225.jpg 300w, https:\/\/loudavymkrokem.cz\/wp-content\/uploads\/2026\/08\/bulharsko-research-varna-11-931a6f62-700x525.jpg 700w, https:\/\/loudavymkrokem.cz\/wp-content\/uploads\/2026\/08\/bulharsko-research-varna-11-931a6f62-768x576.jpg 768w, https:\/\/loudavymkrokem.cz\/wp-content\/uploads\/2026\/08\/bulharsko-research-varna-11-931a6f62-1536x1152.jpg 1536w, https:\/\/loudavymkrokem.cz\/wp-content\/uploads\/2026\/08\/bulharsko-research-varna-11-931a6f62-80x60.jpg 80w, https:\/\/loudavymkrokem.cz\/wp-content\/uploads\/2026\/08\/bulharsko-research-varna-11-931a6f62-160x120.jpg 160w, https:\/\/loudavymkrokem.cz\/wp-content\/uploads\/2026\/08\/bulharsko-research-varna-11-931a6f62-696x522.jpg 696w, https:\/\/loudavymkrokem.cz\/wp-content\/uploads\/2026\/08\/bulharsko-research-varna-11-931a6f62-1392x1044.jpg 1392w\" sizes=\"(max-width: 1800px) 100vw, 1800px\" \/><button\n\t\t\tclass=\"lightbox-trigger\"\n\t\t\ttype=\"button\"\n\t\t\taria-haspopup=\"dialog\"\n\t\t\tdata-wp-bind--aria-label=\"state.thisImage.triggerButtonAriaLabel\"\n\t\t\tdata-wp-init=\"callbacks.initTriggerButton\"\n\t\t\tdata-wp-on--click=\"actions.showLightbox\"\n\t\t\tdata-wp-style--right=\"state.thisImage.buttonRight\"\n\t\t\tdata-wp-style--top=\"state.thisImage.buttonTop\"\n\t\t>\n\t\t\t<svg xmlns=\"http:\/\/www.w3.org\/2000\/svg\" width=\"12\" height=\"12\" fill=\"none\" viewBox=\"0 0 12 12\">\n\t\t\t\t<path fill=\"#fff\" d=\"M2 0a2 2 0 0 0-2 2v2h1.5V2a.5.5 0 0 1 .5-.5h2V0H2Zm2 10.5H2a.5.5 0 0 1-.5-.5V8H0v2a2 2 0 0 0 2 2h2v-1.5ZM8 12v-1.5h2a.5.5 0 0 0 .5-.5V8H12v2a2 2 0 0 1-2 2H8Zm2-12a2 2 0 0 1 2 2v2h-1.5V2a.5.5 0 0 0-.5-.5H8V0h2Z\" \/>\n\t\t\t<\/svg>\n\t\t<\/button><figcaption class=\"wp-element-caption\">Foto: Dian1981, CC BY-SA 4.0 (Wikimedia Commons)<\/figcaption><\/figure>\n\n\n\n<h3 class=\"wp-block-heading\"><span class=\"ez-toc-section\" id=\"7_Oratorony\"><\/span>7. \u00d3ratorony<span class=\"ez-toc-section-end\"><\/span><\/h3>\n\n\n\n<p class=\"wp-block-paragraph\">A k\u00f6zponti F\u00fcggetlens\u00e9g t\u00e9rhez eg\u00e9szen k\u00f6zel, a v\u00e1rosi sz\u00ednh\u00e1zzal egybe\u00e9p\u00fclt \u00e9p\u00fcleten \u00e1ll a <strong>24 m\u00e9ter magas \u00f3ratorony<\/strong>. Eredetileg a t\u0171zolt\u00f3\u00e1llom\u00e1s megfigyel\u0151tornya volt, mert a magas\u00e1b\u00f3l az eg\u00e9sz akkori v\u00e1ros bel\u00e1that\u00f3 volt. Az angol gy\u00e1rtm\u00e1ny\u00fa \u00f3raszerkezetet 1890-ben \u00e9p\u00edtett\u00e9k bele, a t\u0171zolt\u00f3szolg\u00e1latot pedig csak nyolc \u00e9vvel k\u00e9s\u0151bb sz\u00fcntett\u00e9k meg itt, amikor a t\u0171zolt\u00f3k v\u00e9gre telefont kaptak. A toronyhoz \u00e9p\u00edtett teremben r\u00e1ad\u00e1sul 1934. december 9-\u00e9n sug\u00e1rzott el\u0151sz\u00f6r a R\u00e1di\u00f3 V\u00e1rna. \ud83d\udca1 <strong>Tipp:<\/strong> A tornyot csak k\u00edv\u00fclr\u0151l n\u00e9zheted meg, vagyis <strong>teljesen ingyen<\/strong>. A t\u00e9r k\u00f6rny\u00e9ke tele van padokkal \u00e9s k\u00e1v\u00e9z\u00f3kkal, \u00edgy remek helysz\u00edn egy gyors k\u00e1v\u00e9ra, amikor a sz\u00e9kesegyh\u00e1z \u00e9s a Tengerkert k\u00f6z\u00f6tt s\u00e9t\u00e1lsz.<\/p>\n\n\n\n<figure data-wp-context=\"{&quot;imageId&quot;:&quot;6a9c16a5b99e2&quot;}\" data-wp-interactive=\"core\/image\" data-wp-key=\"6a9c16a5b99e2\" class=\"wp-block-image size-full wp-lightbox-container\"><img decoding=\"async\" width=\"1800\" height=\"1350\" data-wp-class--hide=\"state.isContentHidden\" data-wp-class--show=\"state.isContentVisible\" data-wp-init=\"callbacks.setButtonStyles\" data-wp-on--click=\"actions.showLightbox\" data-wp-on--load=\"callbacks.setButtonStyles\" data-wp-on--pointerdown=\"actions.preloadImage\" data-wp-on--pointerenter=\"actions.preloadImageWithDelay\" data-wp-on--pointerleave=\"actions.cancelPreload\" data-wp-on-window--resize=\"callbacks.setButtonStyles\" src=\"https:\/\/loudavymkrokem.cz\/wp-content\/uploads\/2026\/08\/bulharsko-research-varna-12-40e5b778.jpg\" alt=\"Fasor vir\u00e1g\u00e1gy\u00e1sokkal a v\u00e1rnai Tengerkertben\" class=\"wp-image-407787\" title=\"\" srcset=\"https:\/\/loudavymkrokem.cz\/wp-content\/uploads\/2026\/08\/bulharsko-research-varna-12-40e5b778.jpg 1800w, https:\/\/loudavymkrokem.cz\/wp-content\/uploads\/2026\/08\/bulharsko-research-varna-12-40e5b778-300x225.jpg 300w, https:\/\/loudavymkrokem.cz\/wp-content\/uploads\/2026\/08\/bulharsko-research-varna-12-40e5b778-700x525.jpg 700w, https:\/\/loudavymkrokem.cz\/wp-content\/uploads\/2026\/08\/bulharsko-research-varna-12-40e5b778-768x576.jpg 768w, https:\/\/loudavymkrokem.cz\/wp-content\/uploads\/2026\/08\/bulharsko-research-varna-12-40e5b778-1536x1152.jpg 1536w, https:\/\/loudavymkrokem.cz\/wp-content\/uploads\/2026\/08\/bulharsko-research-varna-12-40e5b778-80x60.jpg 80w, https:\/\/loudavymkrokem.cz\/wp-content\/uploads\/2026\/08\/bulharsko-research-varna-12-40e5b778-160x120.jpg 160w, https:\/\/loudavymkrokem.cz\/wp-content\/uploads\/2026\/08\/bulharsko-research-varna-12-40e5b778-696x522.jpg 696w, https:\/\/loudavymkrokem.cz\/wp-content\/uploads\/2026\/08\/bulharsko-research-varna-12-40e5b778-1392x1044.jpg 1392w\" sizes=\"(max-width: 1800px) 100vw, 1800px\" \/><button\n\t\t\tclass=\"lightbox-trigger\"\n\t\t\ttype=\"button\"\n\t\t\taria-haspopup=\"dialog\"\n\t\t\tdata-wp-bind--aria-label=\"state.thisImage.triggerButtonAriaLabel\"\n\t\t\tdata-wp-init=\"callbacks.initTriggerButton\"\n\t\t\tdata-wp-on--click=\"actions.showLightbox\"\n\t\t\tdata-wp-style--right=\"state.thisImage.buttonRight\"\n\t\t\tdata-wp-style--top=\"state.thisImage.buttonTop\"\n\t\t>\n\t\t\t<svg xmlns=\"http:\/\/www.w3.org\/2000\/svg\" width=\"12\" height=\"12\" fill=\"none\" viewBox=\"0 0 12 12\">\n\t\t\t\t<path fill=\"#fff\" d=\"M2 0a2 2 0 0 0-2 2v2h1.5V2a.5.5 0 0 1 .5-.5h2V0H2Zm2 10.5H2a.5.5 0 0 1-.5-.5V8H0v2a2 2 0 0 0 2 2h2v-1.5ZM8 12v-1.5h2a.5.5 0 0 0 .5-.5V8H12v2a2 2 0 0 1-2 2H8Zm2-12a2 2 0 0 1 2 2v2h-1.5V2a.5.5 0 0 0-.5-.5H8V0h2Z\" \/>\n\t\t\t<\/svg>\n\t\t<\/button><figcaption class=\"wp-element-caption\">Foto: Petar Petrov (Google Maps)<\/figcaption><\/figure>\n\n\n\n<h2 class=\"wp-block-heading\"><span class=\"ez-toc-section\" id=\"Tengerkert_es_a_varnai_tengerpart\"><\/span>Tengerkert \u00e9s a v\u00e1rnai tengerpart<span class=\"ez-toc-section-end\"><\/span><\/h2>\n\n\n\n<p class=\"wp-block-paragraph\">M\u00edg a t\u00f6rt\u00e9nelem a belv\u00e1rosban zajlik, a v\u00e1ros sz\u00edve a tengerpart ment\u00e9n dobog. A <strong>Tengerkert (Morszka gradina)<\/strong> V\u00e1rna z\u00f6ld t\u00fcdeje, \u00e9s z\u00f6kken\u0151mentesen olvad \u00e1t a <strong>hossz\u00fa kilom\u00e9tereken \u00e1t h\u00faz\u00f3d\u00f3 homokos strandokba<\/strong>.<\/p>\n\n\n\n<figure data-wp-context=\"{&quot;imageId&quot;:&quot;6a9c16a5b9ee1&quot;}\" data-wp-interactive=\"core\/image\" data-wp-key=\"6a9c16a5b9ee1\" class=\"wp-block-image size-full wp-lightbox-container\"><img decoding=\"async\" width=\"1800\" height=\"1350\" data-wp-class--hide=\"state.isContentHidden\" data-wp-class--show=\"state.isContentVisible\" data-wp-init=\"callbacks.setButtonStyles\" data-wp-on--click=\"actions.showLightbox\" data-wp-on--load=\"callbacks.setButtonStyles\" data-wp-on--pointerdown=\"actions.preloadImage\" data-wp-on--pointerenter=\"actions.preloadImageWithDelay\" data-wp-on--pointerleave=\"actions.cancelPreload\" data-wp-on-window--resize=\"callbacks.setButtonStyles\" src=\"https:\/\/loudavymkrokem.cz\/wp-content\/uploads\/2026\/08\/bulharsko-research-varna-13-57ac5022.jpg\" alt=\"Vir\u00e1g\u00e1gy\u00e1sok a v\u00e1rnai Tengerkertben\" class=\"wp-image-407788\" title=\"\" srcset=\"https:\/\/loudavymkrokem.cz\/wp-content\/uploads\/2026\/08\/bulharsko-research-varna-13-57ac5022.jpg 1800w, https:\/\/loudavymkrokem.cz\/wp-content\/uploads\/2026\/08\/bulharsko-research-varna-13-57ac5022-300x225.jpg 300w, https:\/\/loudavymkrokem.cz\/wp-content\/uploads\/2026\/08\/bulharsko-research-varna-13-57ac5022-700x525.jpg 700w, https:\/\/loudavymkrokem.cz\/wp-content\/uploads\/2026\/08\/bulharsko-research-varna-13-57ac5022-768x576.jpg 768w, https:\/\/loudavymkrokem.cz\/wp-content\/uploads\/2026\/08\/bulharsko-research-varna-13-57ac5022-1536x1152.jpg 1536w, https:\/\/loudavymkrokem.cz\/wp-content\/uploads\/2026\/08\/bulharsko-research-varna-13-57ac5022-80x60.jpg 80w, https:\/\/loudavymkrokem.cz\/wp-content\/uploads\/2026\/08\/bulharsko-research-varna-13-57ac5022-160x120.jpg 160w, https:\/\/loudavymkrokem.cz\/wp-content\/uploads\/2026\/08\/bulharsko-research-varna-13-57ac5022-696x522.jpg 696w, https:\/\/loudavymkrokem.cz\/wp-content\/uploads\/2026\/08\/bulharsko-research-varna-13-57ac5022-1392x1044.jpg 1392w\" sizes=\"(max-width: 1800px) 100vw, 1800px\" \/><button\n\t\t\tclass=\"lightbox-trigger\"\n\t\t\ttype=\"button\"\n\t\t\taria-haspopup=\"dialog\"\n\t\t\tdata-wp-bind--aria-label=\"state.thisImage.triggerButtonAriaLabel\"\n\t\t\tdata-wp-init=\"callbacks.initTriggerButton\"\n\t\t\tdata-wp-on--click=\"actions.showLightbox\"\n\t\t\tdata-wp-style--right=\"state.thisImage.buttonRight\"\n\t\t\tdata-wp-style--top=\"state.thisImage.buttonTop\"\n\t\t>\n\t\t\t<svg xmlns=\"http:\/\/www.w3.org\/2000\/svg\" width=\"12\" height=\"12\" fill=\"none\" viewBox=\"0 0 12 12\">\n\t\t\t\t<path fill=\"#fff\" d=\"M2 0a2 2 0 0 0-2 2v2h1.5V2a.5.5 0 0 1 .5-.5h2V0H2Zm2 10.5H2a.5.5 0 0 1-.5-.5V8H0v2a2 2 0 0 0 2 2h2v-1.5ZM8 12v-1.5h2a.5.5 0 0 0 .5-.5V8H12v2a2 2 0 0 1-2 2H8Zm2-12a2 2 0 0 1 2 2v2h-1.5V2a.5.5 0 0 0-.5-.5H8V0h2Z\" \/>\n\t\t\t<\/svg>\n\t\t<\/button><figcaption class=\"wp-element-caption\">Foto: Alicia Fagerving, CC BY-SA 3.0 (Wikimedia Commons)<\/figcaption><\/figure>\n\n\n\n<h3 class=\"wp-block-heading\"><span class=\"ez-toc-section\" id=\"8_Tengerkert\"><\/span>8. Tengerkert<span class=\"ez-toc-section-end\"><\/span><\/h3>\n\n\n\n<p class=\"wp-block-paragraph\">Ez a hatalmas, nagyj\u00e1b\u00f3l 82 hekt\u00e1ros park a cseh kerttervez\u0151 <strong>Anton Nov\u00e1k<\/strong> munk\u00e1ja, aki a \u0160korpil fiv\u00e9rek megh\u00edv\u00e1s\u00e1ra \u00e9rkezett ide. Nov\u00e1k elk\u00f6lt\u00f6ztette az akkori szem\u00e9tlerak\u00f3t \u00e9s a v\u00e1g\u00f3hidat, \u00e9s a hely\u00fckre leny\u0171g\u00f6z\u0151 parkot \u00e9p\u00edtett olyan f\u00e1kb\u00f3l, amelyeket eg\u00e9sz Balk\u00e1nr\u00f3l \u00e9s a F\u00f6ldk\u00f6zi-tenger vid\u00e9k\u00e9r\u0151l szekerek sz\u00e1ll\u00edtottak ide. A v\u00e1ros\u00e9rt v\u00e9gzett eg\u00e9sz \u00e9leten \u00e1t tart\u00f3 munk\u00e1j\u00e1\u00e9rt meg\u00e9rdemelt eml\u00e9km\u0171 \u00e1ll a parkban. \ud83d\udca1 <strong>Tipp:<\/strong> A parkba a bel\u00e9p\u00e9s ingyenes, a nap mind a 24 \u00f3r\u00e1j\u00e1ban. Az 55 hekt\u00e1ros t\u00f6rt\u00e9nelmi magja v\u00e9dett ter\u00fclet, \u00edgy meg\u0151rizte eredeti form\u00e1j\u00e1t az 1939-es monument\u00e1lis bej\u00e1rati kolon\u00e1ddal egy\u00fctt.<\/p>\n\n\n\n<figure data-wp-context=\"{&quot;imageId&quot;:&quot;6a9c16a5ba460&quot;}\" data-wp-interactive=\"core\/image\" data-wp-key=\"6a9c16a5ba460\" class=\"wp-block-image size-full wp-lightbox-container\"><img decoding=\"async\" width=\"1800\" height=\"1350\" data-wp-class--hide=\"state.isContentHidden\" data-wp-class--show=\"state.isContentVisible\" data-wp-init=\"callbacks.setButtonStyles\" data-wp-on--click=\"actions.showLightbox\" data-wp-on--load=\"callbacks.setButtonStyles\" data-wp-on--pointerdown=\"actions.preloadImage\" data-wp-on--pointerenter=\"actions.preloadImageWithDelay\" data-wp-on--pointerleave=\"actions.cancelPreload\" data-wp-on-window--resize=\"callbacks.setButtonStyles\" src=\"https:\/\/loudavymkrokem.cz\/wp-content\/uploads\/2026\/08\/bulharsko-research-varna-14-bf783a56.jpg\" alt=\"Akv\u00e1rium V\u00e1rn\u00e1ban\" class=\"wp-image-407789\" title=\"\" srcset=\"https:\/\/loudavymkrokem.cz\/wp-content\/uploads\/2026\/08\/bulharsko-research-varna-14-bf783a56.jpg 1800w, https:\/\/loudavymkrokem.cz\/wp-content\/uploads\/2026\/08\/bulharsko-research-varna-14-bf783a56-300x225.jpg 300w, https:\/\/loudavymkrokem.cz\/wp-content\/uploads\/2026\/08\/bulharsko-research-varna-14-bf783a56-700x525.jpg 700w, https:\/\/loudavymkrokem.cz\/wp-content\/uploads\/2026\/08\/bulharsko-research-varna-14-bf783a56-768x576.jpg 768w, https:\/\/loudavymkrokem.cz\/wp-content\/uploads\/2026\/08\/bulharsko-research-varna-14-bf783a56-1536x1152.jpg 1536w, https:\/\/loudavymkrokem.cz\/wp-content\/uploads\/2026\/08\/bulharsko-research-varna-14-bf783a56-80x60.jpg 80w, https:\/\/loudavymkrokem.cz\/wp-content\/uploads\/2026\/08\/bulharsko-research-varna-14-bf783a56-160x120.jpg 160w, https:\/\/loudavymkrokem.cz\/wp-content\/uploads\/2026\/08\/bulharsko-research-varna-14-bf783a56-696x522.jpg 696w, https:\/\/loudavymkrokem.cz\/wp-content\/uploads\/2026\/08\/bulharsko-research-varna-14-bf783a56-1392x1044.jpg 1392w\" sizes=\"(max-width: 1800px) 100vw, 1800px\" \/><button\n\t\t\tclass=\"lightbox-trigger\"\n\t\t\ttype=\"button\"\n\t\t\taria-haspopup=\"dialog\"\n\t\t\tdata-wp-bind--aria-label=\"state.thisImage.triggerButtonAriaLabel\"\n\t\t\tdata-wp-init=\"callbacks.initTriggerButton\"\n\t\t\tdata-wp-on--click=\"actions.showLightbox\"\n\t\t\tdata-wp-style--right=\"state.thisImage.buttonRight\"\n\t\t\tdata-wp-style--top=\"state.thisImage.buttonTop\"\n\t\t>\n\t\t\t<svg xmlns=\"http:\/\/www.w3.org\/2000\/svg\" width=\"12\" height=\"12\" fill=\"none\" viewBox=\"0 0 12 12\">\n\t\t\t\t<path fill=\"#fff\" d=\"M2 0a2 2 0 0 0-2 2v2h1.5V2a.5.5 0 0 1 .5-.5h2V0H2Zm2 10.5H2a.5.5 0 0 1-.5-.5V8H0v2a2 2 0 0 0 2 2h2v-1.5ZM8 12v-1.5h2a.5.5 0 0 0 .5-.5V8H12v2a2 2 0 0 1-2 2H8Zm2-12a2 2 0 0 1 2 2v2h-1.5V2a.5.5 0 0 0-.5-.5H8V0h2Z\" \/>\n\t\t\t<\/svg>\n\t\t<\/button><figcaption class=\"wp-element-caption\">Foto: \u0421\u043f\u0430\u0441\u0438\u043c\u0438\u0440 (Spasimir Pilev), CC BY-SA 4.0 (Wikimedia Commons)<\/figcaption><\/figure>\n\n\n\n<h3 class=\"wp-block-heading\"><span class=\"ez-toc-section\" id=\"9_Varnai_Akvarium\"><\/span>9. V\u00e1rnai Akv\u00e1rium<span class=\"ez-toc-section-end\"><\/span><\/h3>\n\n\n\n<p class=\"wp-block-paragraph\">Az akv\u00e1rium t\u00f6rt\u00e9nelmi \u00e9p\u00fclete, amelynek alapk\u00f6v\u00e9t m\u00e1r 1906-ban Ferdin\u00e1nd fejedelem tette le, leny\u0171g\u00f6z\u0151 betekint\u00e9st k\u00edn\u00e1l a Fekete-tenger felsz\u00edne al\u00e1. Maga az int\u00e9zm\u00e9ny 1932 \u00f3ta m\u0171k\u00f6dik. Ne v\u00e1rj olyan hatalmas \u00f3cean\u00e1riumokat, mint Nyugat-Eur\u00f3p\u00e1ban, ez ink\u00e1bb egy hagyom\u00e1nyos, t\u00f6rt\u00e9nelmileg \u00e9rt\u00e9kes ki\u00e1ll\u00edt\u00e1s, amely a helyi fekete-tengeri fl\u00f3r\u00e1ra \u00e9s faun\u00e1ra \u00f6sszpontos\u00edt. \ud83d\udca1 <strong>Tipp:<\/strong> A mind\u00f6ssze 2 eur\u00f3s bel\u00e9p\u0151vel <strong>a v\u00e1ros legolcs\u00f3bb fizet\u0151s l\u00e1tv\u00e1nyoss\u00e1ga<\/strong>. T\u00e9len 9:00-t\u00f3l 17:00-ig van nyitva, h\u00e9tf\u0151i z\u00e1r\u00f3nappal.<\/p>\n\n\n\n<figure data-wp-context=\"{&quot;imageId&quot;:&quot;6a9c16a5ba9dc&quot;}\" data-wp-interactive=\"core\/image\" data-wp-key=\"6a9c16a5ba9dc\" class=\"wp-block-image size-full wp-lightbox-container\"><img decoding=\"async\" width=\"1800\" height=\"1195\" data-wp-class--hide=\"state.isContentHidden\" data-wp-class--show=\"state.isContentVisible\" data-wp-init=\"callbacks.setButtonStyles\" data-wp-on--click=\"actions.showLightbox\" data-wp-on--load=\"callbacks.setButtonStyles\" data-wp-on--pointerdown=\"actions.preloadImage\" data-wp-on--pointerenter=\"actions.preloadImageWithDelay\" data-wp-on--pointerleave=\"actions.cancelPreload\" data-wp-on-window--resize=\"callbacks.setButtonStyles\" src=\"https:\/\/loudavymkrokem.cz\/wp-content\/uploads\/2026\/08\/bulharsko-research-varna-15-e0bcc689.jpg\" alt=\"Delfinbemutat\u00f3 a v\u00e1rnai Festa delfin\u00e1riumban\" class=\"wp-image-407790\" title=\"\" srcset=\"https:\/\/loudavymkrokem.cz\/wp-content\/uploads\/2026\/08\/bulharsko-research-varna-15-e0bcc689.jpg 1800w, https:\/\/loudavymkrokem.cz\/wp-content\/uploads\/2026\/08\/bulharsko-research-varna-15-e0bcc689-300x199.jpg 300w, https:\/\/loudavymkrokem.cz\/wp-content\/uploads\/2026\/08\/bulharsko-research-varna-15-e0bcc689-700x465.jpg 700w, https:\/\/loudavymkrokem.cz\/wp-content\/uploads\/2026\/08\/bulharsko-research-varna-15-e0bcc689-768x510.jpg 768w, https:\/\/loudavymkrokem.cz\/wp-content\/uploads\/2026\/08\/bulharsko-research-varna-15-e0bcc689-1536x1020.jpg 1536w, https:\/\/loudavymkrokem.cz\/wp-content\/uploads\/2026\/08\/bulharsko-research-varna-15-e0bcc689-696x462.jpg 696w, https:\/\/loudavymkrokem.cz\/wp-content\/uploads\/2026\/08\/bulharsko-research-varna-15-e0bcc689-1392x924.jpg 1392w\" sizes=\"(max-width: 1800px) 100vw, 1800px\" \/><button\n\t\t\tclass=\"lightbox-trigger\"\n\t\t\ttype=\"button\"\n\t\t\taria-haspopup=\"dialog\"\n\t\t\tdata-wp-bind--aria-label=\"state.thisImage.triggerButtonAriaLabel\"\n\t\t\tdata-wp-init=\"callbacks.initTriggerButton\"\n\t\t\tdata-wp-on--click=\"actions.showLightbox\"\n\t\t\tdata-wp-style--right=\"state.thisImage.buttonRight\"\n\t\t\tdata-wp-style--top=\"state.thisImage.buttonTop\"\n\t\t>\n\t\t\t<svg xmlns=\"http:\/\/www.w3.org\/2000\/svg\" width=\"12\" height=\"12\" fill=\"none\" viewBox=\"0 0 12 12\">\n\t\t\t\t<path fill=\"#fff\" d=\"M2 0a2 2 0 0 0-2 2v2h1.5V2a.5.5 0 0 1 .5-.5h2V0H2Zm2 10.5H2a.5.5 0 0 1-.5-.5V8H0v2a2 2 0 0 0 2 2h2v-1.5ZM8 12v-1.5h2a.5.5 0 0 0 .5-.5V8H12v2a2 2 0 0 1-2 2H8Zm2-12a2 2 0 0 1 2 2v2h-1.5V2a.5.5 0 0 0-.5-.5H8V0h2Z\" \/>\n\t\t\t<\/svg>\n\t\t<\/button><figcaption class=\"wp-element-caption\">Foto: INSAR, CC BY-SA 3.0 (Wikimedia Commons)<\/figcaption><\/figure>\n\n\n\n<h3 class=\"wp-block-heading\"><span class=\"ez-toc-section\" id=\"10_Festa_Delfinarium\"><\/span>10. Festa Delfin\u00e1rium<span class=\"ez-toc-section-end\"><\/span><\/h3>\n\n\n\n<p class=\"wp-block-paragraph\">A Tengerkert legh\u00edresebb l\u00e1tv\u00e1nyoss\u00e1ga a rendszeres delfinbemutat\u00f3kkal cs\u00e1b\u00edtja a gyerekes csal\u00e1dokat. A <a href=\"https:\/\/dolphinariumvarna.bg\/\" rel=\"nofollow noopener\" target=\"_blank\">delfin\u00e1rium<\/a> eg\u00e9sz \u00e9vben m\u0171k\u00f6dik, ami annak a bizony\u00edt\u00e9ka, hogy V\u00e1rna a szezonon k\u00edv\u00fcl sem alszik. A ny\u00e1ri f\u0151szezonban naponta ak\u00e1r n\u00e9gy el\u0151ad\u00e1s is van, m\u00edg t\u00e9len csak egy d\u00e9li bemutat\u00f3t tartanak. \ud83d\udca1 <strong>Tipp:<\/strong> A jegyek meglehet\u0151sen dr\u00e1g\u00e1k, a ny\u00e1ri cs\u00facsid\u0151szakban egy feln\u0151tt <strong>26 eur\u00f3t<\/strong> fizet. Ha t\u00e9len m\u00e9sz, az \u00e1r 14 eur\u00f3ra esik. Ne feledd, hogy a t\u00e9li szezonban a delfin\u00e1rium h\u00e9tf\u0151n z\u00e1rva tart.<\/p>\n\n\n\n<figure data-wp-context=\"{&quot;imageId&quot;:&quot;6a9c16a5bb095&quot;}\" data-wp-interactive=\"core\/image\" data-wp-key=\"6a9c16a5bb095\" class=\"wp-block-image size-full wp-lightbox-container\"><img decoding=\"async\" width=\"1800\" height=\"1350\" data-wp-class--hide=\"state.isContentHidden\" data-wp-class--show=\"state.isContentVisible\" data-wp-init=\"callbacks.setButtonStyles\" data-wp-on--click=\"actions.showLightbox\" data-wp-on--load=\"callbacks.setButtonStyles\" data-wp-on--pointerdown=\"actions.preloadImage\" data-wp-on--pointerenter=\"actions.preloadImageWithDelay\" data-wp-on--pointerleave=\"actions.cancelPreload\" data-wp-on-window--resize=\"callbacks.setButtonStyles\" src=\"https:\/\/loudavymkrokem.cz\/wp-content\/uploads\/2026\/08\/bulharsko-research-varna-16-580f258c.jpg\" alt=\"Alpaka a v\u00e1rnai \u00e1llatkert kontaktz\u00f3n\u00e1j\u00e1ban\" class=\"wp-image-407791\" title=\"\" srcset=\"https:\/\/loudavymkrokem.cz\/wp-content\/uploads\/2026\/08\/bulharsko-research-varna-16-580f258c.jpg 1800w, https:\/\/loudavymkrokem.cz\/wp-content\/uploads\/2026\/08\/bulharsko-research-varna-16-580f258c-300x225.jpg 300w, https:\/\/loudavymkrokem.cz\/wp-content\/uploads\/2026\/08\/bulharsko-research-varna-16-580f258c-700x525.jpg 700w, https:\/\/loudavymkrokem.cz\/wp-content\/uploads\/2026\/08\/bulharsko-research-varna-16-580f258c-768x576.jpg 768w, https:\/\/loudavymkrokem.cz\/wp-content\/uploads\/2026\/08\/bulharsko-research-varna-16-580f258c-1536x1152.jpg 1536w, https:\/\/loudavymkrokem.cz\/wp-content\/uploads\/2026\/08\/bulharsko-research-varna-16-580f258c-80x60.jpg 80w, https:\/\/loudavymkrokem.cz\/wp-content\/uploads\/2026\/08\/bulharsko-research-varna-16-580f258c-160x120.jpg 160w, https:\/\/loudavymkrokem.cz\/wp-content\/uploads\/2026\/08\/bulharsko-research-varna-16-580f258c-696x522.jpg 696w, https:\/\/loudavymkrokem.cz\/wp-content\/uploads\/2026\/08\/bulharsko-research-varna-16-580f258c-1392x1044.jpg 1392w\" sizes=\"(max-width: 1800px) 100vw, 1800px\" \/><button\n\t\t\tclass=\"lightbox-trigger\"\n\t\t\ttype=\"button\"\n\t\t\taria-haspopup=\"dialog\"\n\t\t\tdata-wp-bind--aria-label=\"state.thisImage.triggerButtonAriaLabel\"\n\t\t\tdata-wp-init=\"callbacks.initTriggerButton\"\n\t\t\tdata-wp-on--click=\"actions.showLightbox\"\n\t\t\tdata-wp-style--right=\"state.thisImage.buttonRight\"\n\t\t\tdata-wp-style--top=\"state.thisImage.buttonTop\"\n\t\t>\n\t\t\t<svg xmlns=\"http:\/\/www.w3.org\/2000\/svg\" width=\"12\" height=\"12\" fill=\"none\" viewBox=\"0 0 12 12\">\n\t\t\t\t<path fill=\"#fff\" d=\"M2 0a2 2 0 0 0-2 2v2h1.5V2a.5.5 0 0 1 .5-.5h2V0H2Zm2 10.5H2a.5.5 0 0 1-.5-.5V8H0v2a2 2 0 0 0 2 2h2v-1.5ZM8 12v-1.5h2a.5.5 0 0 0 .5-.5V8H12v2a2 2 0 0 1-2 2H8Zm2-12a2 2 0 0 1 2 2v2h-1.5V2a.5.5 0 0 0-.5-.5H8V0h2Z\" \/>\n\t\t\t<\/svg>\n\t\t<\/button><figcaption class=\"wp-element-caption\">Foto: \u041a\u0430\u043b\u043e\u044f\u043d \u041c\u0438\u0446\u0435\u0432 (Google Maps)<\/figcaption><\/figure>\n\n\n\n<h3 class=\"wp-block-heading\"><span class=\"ez-toc-section\" id=\"11_Varnai_Allatkert\"><\/span>11. V\u00e1rnai \u00c1llatkert<span class=\"ez-toc-section-end\"><\/span><\/h3>\n\n\n\n<p class=\"wp-block-paragraph\">R\u00f6gt\u00f6n a delfin\u00e1rium szomsz\u00e9ds\u00e1g\u00e1ban tal\u00e1lsz egy kisebb v\u00e1rosi \u00e1llatkertet. Nem \u00f3ri\u00e1si, de egy nyugodt s\u00e9t\u00e1hoz a gyerekekkel teljesen ide\u00e1lis. A klasszikus ki\u00e1ll\u00edt\u00e1sok mellett kontaktz\u00f3na is m\u0171k\u00f6dik, ahol a gyerekek megsimogathatj\u00e1k az \u00e1llatokat. \u00c9rdekess\u00e9g, hogy k\u00f6zvetlen\u00fcl az \u00e1llatkert alatt, a Vtora buna strandn\u00e1l minden \u00e9vben t\u00f6bb sz\u00e1z hatty\u00fa telel. \ud83d\udca1 <strong>Tipp:<\/strong> A bel\u00e9p\u0151 3 \u20ac, \u00e9s az \u00e1llatkert <strong>z\u00e1r\u00f3nap n\u00e9lk\u00fcl, eg\u00e9sz \u00e9vben nyitva van<\/strong>. A t\u00e9li h\u00f3napokban (okt\u00f3ber\u2013m\u00e1rcius) m\u00e1r 16:30-kor bez\u00e1r.<\/p>\n\n\n\n<figure data-wp-context=\"{&quot;imageId&quot;:&quot;6a9c16a5bb636&quot;}\" data-wp-interactive=\"core\/image\" data-wp-key=\"6a9c16a5bb636\" class=\"wp-block-image size-full wp-lightbox-container\"><img decoding=\"async\" width=\"1800\" height=\"1350\" data-wp-class--hide=\"state.isContentHidden\" data-wp-class--show=\"state.isContentVisible\" data-wp-init=\"callbacks.setButtonStyles\" data-wp-on--click=\"actions.showLightbox\" data-wp-on--load=\"callbacks.setButtonStyles\" data-wp-on--pointerdown=\"actions.preloadImage\" data-wp-on--pointerenter=\"actions.preloadImageWithDelay\" data-wp-on--pointerleave=\"actions.cancelPreload\" data-wp-on-window--resize=\"callbacks.setButtonStyles\" src=\"https:\/\/loudavymkrokem.cz\/wp-content\/uploads\/2026\/08\/bulharsko-research-varna-17-df359c79.jpg\" alt=\"Kopernikusz Mikl\u00f3s Planet\u00e1rium V\u00e1rn\u00e1ban\" class=\"wp-image-407792\" title=\"\" srcset=\"https:\/\/loudavymkrokem.cz\/wp-content\/uploads\/2026\/08\/bulharsko-research-varna-17-df359c79.jpg 1800w, https:\/\/loudavymkrokem.cz\/wp-content\/uploads\/2026\/08\/bulharsko-research-varna-17-df359c79-300x225.jpg 300w, https:\/\/loudavymkrokem.cz\/wp-content\/uploads\/2026\/08\/bulharsko-research-varna-17-df359c79-700x525.jpg 700w, https:\/\/loudavymkrokem.cz\/wp-content\/uploads\/2026\/08\/bulharsko-research-varna-17-df359c79-768x576.jpg 768w, https:\/\/loudavymkrokem.cz\/wp-content\/uploads\/2026\/08\/bulharsko-research-varna-17-df359c79-1536x1152.jpg 1536w, https:\/\/loudavymkrokem.cz\/wp-content\/uploads\/2026\/08\/bulharsko-research-varna-17-df359c79-80x60.jpg 80w, https:\/\/loudavymkrokem.cz\/wp-content\/uploads\/2026\/08\/bulharsko-research-varna-17-df359c79-160x120.jpg 160w, https:\/\/loudavymkrokem.cz\/wp-content\/uploads\/2026\/08\/bulharsko-research-varna-17-df359c79-696x522.jpg 696w, https:\/\/loudavymkrokem.cz\/wp-content\/uploads\/2026\/08\/bulharsko-research-varna-17-df359c79-1392x1044.jpg 1392w\" sizes=\"(max-width: 1800px) 100vw, 1800px\" \/><button\n\t\t\tclass=\"lightbox-trigger\"\n\t\t\ttype=\"button\"\n\t\t\taria-haspopup=\"dialog\"\n\t\t\tdata-wp-bind--aria-label=\"state.thisImage.triggerButtonAriaLabel\"\n\t\t\tdata-wp-init=\"callbacks.initTriggerButton\"\n\t\t\tdata-wp-on--click=\"actions.showLightbox\"\n\t\t\tdata-wp-style--right=\"state.thisImage.buttonRight\"\n\t\t\tdata-wp-style--top=\"state.thisImage.buttonTop\"\n\t\t>\n\t\t\t<svg xmlns=\"http:\/\/www.w3.org\/2000\/svg\" width=\"12\" height=\"12\" fill=\"none\" viewBox=\"0 0 12 12\">\n\t\t\t\t<path fill=\"#fff\" d=\"M2 0a2 2 0 0 0-2 2v2h1.5V2a.5.5 0 0 1 .5-.5h2V0H2Zm2 10.5H2a.5.5 0 0 1-.5-.5V8H0v2a2 2 0 0 0 2 2h2v-1.5ZM8 12v-1.5h2a.5.5 0 0 0 .5-.5V8H12v2a2 2 0 0 1-2 2H8Zm2-12a2 2 0 0 1 2 2v2h-1.5V2a.5.5 0 0 0-.5-.5H8V0h2Z\" \/>\n\t\t\t<\/svg>\n\t\t<\/button><figcaption class=\"wp-element-caption\">Foto: Mister No, CC BY 3.0 (Wikimedia Commons)<\/figcaption><\/figure>\n\n\n\n<h3 class=\"wp-block-heading\"><span class=\"ez-toc-section\" id=\"12_Kopernikusz_Planetarium\"><\/span>12. Kopernikusz Planet\u00e1rium<span class=\"ez-toc-section-end\"><\/span><\/h3>\n\n\n\n<p class=\"wp-block-paragraph\">Bulg\u00e1ria els\u0151 csillag\u00e1szati komplexuma, amely 1968-ban ny\u00edlt meg, egy Zeiss vet\u00edt\u0151nek k\u00f6sz\u00f6nhet\u0151en t\u00f6bb mint 5 500 csillagot vet\u00edt az \u00f3ri\u00e1si kupol\u00e1j\u00e1ra. Remek \u00e9lm\u00e9ny a vil\u00e1g\u0171r rajong\u00f3inak, de maga az int\u00e9zm\u00e9ny <strong>nagyon szigor\u00fa figyelmeztet\u00e9seket adott ki a l\u00e1togat\u00f3kkal kapcsolatban<\/strong>. \ud83d\udca1 <strong>Tipp:<\/strong> A hang- \u00e9s vizu\u00e1lis effektek egy\u00e1ltal\u00e1n nem alkalmasak a 10 \u00e9v alatti gyerekeknek, babakocsival pedig a bel\u00e9p\u00e9s kifejezetten nem aj\u00e1nlott. A 72 f\u0151s terembe az el\u0151ad\u00e1s kezdete ut\u00e1n nem engednek be. A bel\u00e9p\u0151 3,58 \u20ac.<\/p>\n\n\n\n<figure data-wp-context=\"{&quot;imageId&quot;:&quot;6a9c16a5bba9b&quot;}\" data-wp-interactive=\"core\/image\" data-wp-key=\"6a9c16a5bba9b\" class=\"wp-block-image size-full wp-lightbox-container\"><img decoding=\"async\" width=\"1800\" height=\"706\" data-wp-class--hide=\"state.isContentHidden\" data-wp-class--show=\"state.isContentVisible\" data-wp-init=\"callbacks.setButtonStyles\" data-wp-on--click=\"actions.showLightbox\" data-wp-on--load=\"callbacks.setButtonStyles\" data-wp-on--pointerdown=\"actions.preloadImage\" data-wp-on--pointerenter=\"actions.preloadImageWithDelay\" data-wp-on--pointerleave=\"actions.cancelPreload\" data-wp-on-window--resize=\"callbacks.setButtonStyles\" src=\"https:\/\/loudavymkrokem.cz\/wp-content\/uploads\/2026\/08\/bulharsko-research-varna-18-0e8828ac.jpg\" alt=\"A d\u00e9li strand V\u00e1rn\u00e1ban\" class=\"wp-image-407793\" title=\"\" srcset=\"https:\/\/loudavymkrokem.cz\/wp-content\/uploads\/2026\/08\/bulharsko-research-varna-18-0e8828ac.jpg 1800w, https:\/\/loudavymkrokem.cz\/wp-content\/uploads\/2026\/08\/bulharsko-research-varna-18-0e8828ac-300x118.jpg 300w, https:\/\/loudavymkrokem.cz\/wp-content\/uploads\/2026\/08\/bulharsko-research-varna-18-0e8828ac-700x275.jpg 700w, https:\/\/loudavymkrokem.cz\/wp-content\/uploads\/2026\/08\/bulharsko-research-varna-18-0e8828ac-768x301.jpg 768w, https:\/\/loudavymkrokem.cz\/wp-content\/uploads\/2026\/08\/bulharsko-research-varna-18-0e8828ac-1536x602.jpg 1536w, https:\/\/loudavymkrokem.cz\/wp-content\/uploads\/2026\/08\/bulharsko-research-varna-18-0e8828ac-696x273.jpg 696w, https:\/\/loudavymkrokem.cz\/wp-content\/uploads\/2026\/08\/bulharsko-research-varna-18-0e8828ac-1392x546.jpg 1392w\" sizes=\"(max-width: 1800px) 100vw, 1800px\" \/><button\n\t\t\tclass=\"lightbox-trigger\"\n\t\t\ttype=\"button\"\n\t\t\taria-haspopup=\"dialog\"\n\t\t\tdata-wp-bind--aria-label=\"state.thisImage.triggerButtonAriaLabel\"\n\t\t\tdata-wp-init=\"callbacks.initTriggerButton\"\n\t\t\tdata-wp-on--click=\"actions.showLightbox\"\n\t\t\tdata-wp-style--right=\"state.thisImage.buttonRight\"\n\t\t\tdata-wp-style--top=\"state.thisImage.buttonTop\"\n\t\t>\n\t\t\t<svg xmlns=\"http:\/\/www.w3.org\/2000\/svg\" width=\"12\" height=\"12\" fill=\"none\" viewBox=\"0 0 12 12\">\n\t\t\t\t<path fill=\"#fff\" d=\"M2 0a2 2 0 0 0-2 2v2h1.5V2a.5.5 0 0 1 .5-.5h2V0H2Zm2 10.5H2a.5.5 0 0 1-.5-.5V8H0v2a2 2 0 0 0 2 2h2v-1.5ZM8 12v-1.5h2a.5.5 0 0 0 .5-.5V8H12v2a2 2 0 0 1-2 2H8Zm2-12a2 2 0 0 1 2 2v2h-1.5V2a.5.5 0 0 0-.5-.5H8V0h2Z\" \/>\n\t\t\t<\/svg>\n\t\t<\/button><figcaption class=\"wp-element-caption\">Foto: kuchin ster, CC BY 3.0 (Wikimedia Commons)<\/figcaption><\/figure>\n\n\n\n<h3 class=\"wp-block-heading\"><span class=\"ez-toc-section\" id=\"13_Varosi_strandok_es_a_vizminoseg\"><\/span>13. V\u00e1rosi strandok \u00e9s a v\u00edzmin\u0151s\u00e9g<span class=\"ez-toc-section-end\"><\/span><\/h3>\n\n\n\n<p class=\"wp-block-paragraph\">V\u00e1rna 32 kilom\u00e9ternyi tengerparttal \u00e9s t\u00f6bb mint k\u00e9t tucat stranddal b\u00fcszk\u00e9lkedik. Mag\u00e1ban a belv\u00e1rosban a legn\u00e9pszer\u0171bb a <strong>K\u00f6zponti strand<\/strong>, amelynek finom homokja \u00e9s m\u00e9teres, sek\u00e9ly, s\u00edk medre van, \u00edgy t\u00f6k\u00e9letes a kisgyerekeknek. A szomsz\u00e9dos Oficerszki strandnak meredekebb lejt\u00e9se van a v\u00edzbe, \u00e9s a k\u00e9s\u0151 \u00e9jszak\u00e1ig nyitva tart\u00f3 b\u00e1rjair\u00f3l h\u00edres. R\u00f6gt\u00f6n mellette t\u00f6r fel a \u201eToplata voda&#8221; \u2013 egy szabadon hozz\u00e1f\u00e9rhet\u0151, 40 \u00b0C feletti h\u0151m\u00e9rs\u00e9klet\u0171 gy\u00f3gy\u00edt\u00f3 term\u00e1lv\u00edz-forr\u00e1s.<\/p>\n\n\n\n<p class=\"wp-block-paragraph\">J\u00f3 h\u00edr a turist\u00e1knak, hogy 2026 augusztus\u00e1ban a Fogyaszt\u00f3v\u00e9delmi Bizotts\u00e1g betiltotta a teljes szettek er\u0151ltet\u00e9s\u00e9nek tisztess\u00e9gtelen gyakorlat\u00e1t. Ma <strong>teljes jogod van k\u00fcl\u00f6n b\u00e9relni naperny\u0151t \u00e9s nap\u00e1gyat a v\u00e1rnai strandon<\/strong> (darabonk\u00e9nt nagyj\u00e1b\u00f3l 3,5 \u00e9s 5 \u20ac k\u00f6z\u00f6tt). R\u00e1ad\u00e1sul minden strand legal\u00e1bb fel\u00e9nek a t\u00f6rv\u00e9ny szerint ingyenes, t\u00f6r\u00fclk\u00f6z\u0151s z\u00f3nak\u00e9nt kell megmaradnia. \ud83d\udca1 <strong>Tipp a v\u00edzmin\u0151s\u00e9ghez:<\/strong> A hivatalos monitoring szerint a v\u00edz a ny\u00e1r nagy r\u00e9sz\u00e9ben tiszta, hossz\u00fa t\u00e1von a legjobb eredm\u00e9nyeket a K\u00f6zponti strand \u00e9s Aszparuhovo produk\u00e1lja. <strong>Er\u0151s zivatarok ut\u00e1n azonban ker\u00fcld az Oficerszki strandot<\/strong>, ahol n\u00e9ha t\u00falfolyik a csapad\u00e9kv\u00edz-csatorna (az aktu\u00e1lis eredm\u00e9nyek mindig kint vannak az <a href=\"https:\/\/rzi-varna.com\/\" rel=\"nofollow noopener\" target=\"_blank\">rzi-varna.com weboldalon<\/a>).<\/p>\n\n\n\n<figure data-wp-context=\"{&quot;imageId&quot;:&quot;6a9c16a5bc022&quot;}\" data-wp-interactive=\"core\/image\" data-wp-key=\"6a9c16a5bc022\" class=\"wp-block-image size-full wp-lightbox-container\"><img decoding=\"async\" width=\"1800\" height=\"1012\" data-wp-class--hide=\"state.isContentHidden\" data-wp-class--show=\"state.isContentVisible\" data-wp-init=\"callbacks.setButtonStyles\" data-wp-on--click=\"actions.showLightbox\" data-wp-on--load=\"callbacks.setButtonStyles\" data-wp-on--pointerdown=\"actions.preloadImage\" data-wp-on--pointerenter=\"actions.preloadImageWithDelay\" data-wp-on--pointerleave=\"actions.cancelPreload\" data-wp-on-window--resize=\"callbacks.setButtonStyles\" src=\"https:\/\/loudavymkrokem.cz\/wp-content\/uploads\/2026\/08\/bulharsko-research-varna-19-fdecea77.jpg\" alt=\"A Galata-fok V\u00e1rn\u00e1t\u00f3l d\u00e9lre\" class=\"wp-image-407794\" title=\"\" srcset=\"https:\/\/loudavymkrokem.cz\/wp-content\/uploads\/2026\/08\/bulharsko-research-varna-19-fdecea77.jpg 1800w, https:\/\/loudavymkrokem.cz\/wp-content\/uploads\/2026\/08\/bulharsko-research-varna-19-fdecea77-300x169.jpg 300w, https:\/\/loudavymkrokem.cz\/wp-content\/uploads\/2026\/08\/bulharsko-research-varna-19-fdecea77-700x394.jpg 700w, https:\/\/loudavymkrokem.cz\/wp-content\/uploads\/2026\/08\/bulharsko-research-varna-19-fdecea77-768x432.jpg 768w, https:\/\/loudavymkrokem.cz\/wp-content\/uploads\/2026\/08\/bulharsko-research-varna-19-fdecea77-1536x864.jpg 1536w, https:\/\/loudavymkrokem.cz\/wp-content\/uploads\/2026\/08\/bulharsko-research-varna-19-fdecea77-696x391.jpg 696w, https:\/\/loudavymkrokem.cz\/wp-content\/uploads\/2026\/08\/bulharsko-research-varna-19-fdecea77-1392x783.jpg 1392w\" sizes=\"(max-width: 1800px) 100vw, 1800px\" \/><button\n\t\t\tclass=\"lightbox-trigger\"\n\t\t\ttype=\"button\"\n\t\t\taria-haspopup=\"dialog\"\n\t\t\tdata-wp-bind--aria-label=\"state.thisImage.triggerButtonAriaLabel\"\n\t\t\tdata-wp-init=\"callbacks.initTriggerButton\"\n\t\t\tdata-wp-on--click=\"actions.showLightbox\"\n\t\t\tdata-wp-style--right=\"state.thisImage.buttonRight\"\n\t\t\tdata-wp-style--top=\"state.thisImage.buttonTop\"\n\t\t>\n\t\t\t<svg xmlns=\"http:\/\/www.w3.org\/2000\/svg\" width=\"12\" height=\"12\" fill=\"none\" viewBox=\"0 0 12 12\">\n\t\t\t\t<path fill=\"#fff\" d=\"M2 0a2 2 0 0 0-2 2v2h1.5V2a.5.5 0 0 1 .5-.5h2V0H2Zm2 10.5H2a.5.5 0 0 1-.5-.5V8H0v2a2 2 0 0 0 2 2h2v-1.5ZM8 12v-1.5h2a.5.5 0 0 0 .5-.5V8H12v2a2 2 0 0 1-2 2H8Zm2-12a2 2 0 0 1 2 2v2h-1.5V2a.5.5 0 0 0-.5-.5H8V0h2Z\" \/>\n\t\t\t<\/svg>\n\t\t<\/button><figcaption class=\"wp-element-caption\">Foto: Spiritia, CC BY-SA 4.0 (Wikimedia Commons)<\/figcaption><\/figure>\n\n\n\n<!-- LKM_GYG_CARD start q=\"varna\" lang=\"hu\" rendered=\"2026-09-05T12:03:46+00:00\" v=\"1\" -->\n<style id=\"lk-gyg-styles\">\n@import url(\"https:\/\/fonts.googleapis.com\/css2?family=Playfair+Display:wght@700&family=DM+Sans:wght@300;400;500;600&display=swap\");\n\/* === LK GYG karty \u2014 CRO redesign 2026-05 (namespace .lkx-) ===\n   C\u00edl: vy\u0161\u0161\u00ed CTR (hero + v\u00fdrazn\u00fd social proof + ak\u010dn\u00ed CTA, m\u00e9n\u011b \"reklamn\u00ed\").\n   Injektuje se inline do prvn\u00edho markeru postu (refresh_cards.py --inline-css). *\/\n.lkx-module, .lkx-module *{box-sizing:border-box;margin:0;padding:0}\n.lkx-module{\n  font-family:'DM Sans',-apple-system,Segoe UI,Roboto,Georgia,sans-serif;\n  max-width:860px;margin:2.5rem auto;color:#1f2328;\n}\n\n\/* HEADER \u2014 lehk\u00fd editorsk\u00fd, \u017e\u00e1dn\u00fd bannerov\u00fd blok; nadpis + popisek pod n\u00edm *\/\n.lkx-head{margin-bottom:16px}\n.lkx-head-main{display:flex;align-items:center;gap:10px}\n.lkx-head-accent{width:26px;height:3px;border-radius:2px;background:#c39f76;flex-shrink:0}\n.lkx-head-title{font-family:'Playfair Display',Georgia,serif;font-size:21px;font-weight:700;color:#1a1a1a;line-height:1.25}\n.lkx-head-meta{display:block;font-size:11px;letter-spacing:.3px;color:#9aa0a6;margin-top:4px;margin-left:36px}\n\n\/* HERO *\/\n.lkx-hero{display:grid;grid-template-columns:300px 1fr;background:#fff;border:1px solid #ece7df;border-radius:14px;overflow:hidden;text-decoration:none!important;color:inherit;box-shadow:0 6px 20px rgba(0,0,0,.06);transition:box-shadow .2s,transform .2s;margin-bottom:14px}\n.lkx-hero:hover{box-shadow:0 12px 30px rgba(0,0,0,.12);transform:translateY(-2px)}\n.lkx-hero-img{position:relative;min-height:230px;background-size:cover;background-position:center;background-color:#eee}\n.lkx-hero-body{padding:22px 24px;display:flex;flex-direction:column}\n.lkx-pick{position:absolute;top:12px;left:12px;background:#1a1a1a;color:#fff;font-size:11px;font-weight:700;letter-spacing:.5px;padding:5px 11px;border-radius:20px}\n\n\/* TITLE *\/\n.lkx-title{font-size:19px;font-weight:700;color:#161616;line-height:1.3}\n.lkx-title-sm{font-size:14.5px;line-height:1.35;display:-webkit-box;-webkit-line-clamp:2;-webkit-box-orient:vertical;overflow:hidden}\n\n\/* SOCIAL PROOF \u2014 v\u00fdrazn\u011b, naho\u0159e *\/\n.lkx-proof{display:flex;align-items:center;gap:7px;margin-top:12px;font-size:15px;color:#3a3a3a}\n.lkx-proof b{font-size:16px;color:#161616}\n.lkx-stars{color:#f5a623;letter-spacing:1px}\n.lkx-proof-sm{font-size:12.5px;margin-top:8px;gap:5px}\n.lkx-proof-sm b{font-size:13px}\n.lkx-proof-new{color:#3685fc;font-weight:600}\n\n\/* PRICE \u2014 n\u00edzk\u00e1 kotva *\/\n.lkx-price{font-size:14px;color:#6b7280}\n.lkx-price b{font-size:20px;color:#161616;font-weight:700}\n.lkx-price-sm b{font-size:15px}\n\n\/* CTA \u2014 tepl\u00e9 ak\u010dn\u00ed tla\u010d\u00edtko *\/\n.lkx-cta{display:inline-flex;align-items:center;justify-content:center;text-decoration:none!important;font-weight:700;color:#fff!important;background:linear-gradient(135deg,#f6743f,#e8552a);border-radius:10px;box-shadow:0 6px 16px rgba(232,85,42,.32);transition:box-shadow .2s}\n.lkx-cta-hero{font-size:15px;padding:13px 22px}\n.lkx-hero:hover .lkx-cta-hero{box-shadow:0 8px 22px rgba(232,85,42,.45)}\n.lkx-cta-sm{font-size:12.5px;padding:9px 14px;width:100%;margin-top:2px}\n.lkx-hero-bottom{margin-top:auto;padding-top:18px;display:flex;align-items:center;justify-content:space-between;gap:14px;flex-wrap:wrap}\n\n\/* BADGE \u2014 jeden v\u00fdrazn\u00fd na fotce *\/\n.lkx-badge{position:absolute;top:12px;right:12px;font-size:10.5px;font-weight:700;letter-spacing:.3px;padding:5px 10px;border-radius:16px;color:#fff}\n.lkx-badge.badge-urgency{background:rgba(214,40,40,.92)}\n.lkx-badge.badge-new{background:rgba(54,133,252,.92)}\n.lkx-badge.badge-top{background:rgba(195,159,118,.95)}\n.lkx-badge.badge-info{background:rgba(40,40,40,.78)}\n\n\/* SECONDARY GRID *\/\n.lkx-grid{display:grid;grid-template-columns:1fr 1fr;gap:14px}\n.lkx-card{background:#fff;border:1px solid #ece7df;border-radius:14px;overflow:hidden;text-decoration:none!important;color:inherit;box-shadow:0 4px 14px rgba(0,0,0,.05);display:flex;flex-direction:column;transition:box-shadow .2s,transform .2s}\n.lkx-card:hover{box-shadow:0 10px 24px rgba(0,0,0,.1);transform:translateY(-2px)}\n.lkx-card-img{position:relative;aspect-ratio:16\/10;background-size:cover;background-position:center;background-color:#eee}\n.lkx-card-body{padding:14px 16px 16px;display:flex;flex-direction:column;gap:7px;flex:1}\n.lkx-card-bottom{margin-top:auto;padding-top:10px;display:flex;align-items:center;justify-content:space-between;gap:8px}\n\n\/* DISCLOSURE \u2014 drobn\u00e1, kv\u016fli d\u016fv\u011b\u0159e\/z\u00e1konu *\/\n.lkx-disclosure{font-size:11px;color:#a7adb3;text-align:center;margin-top:14px;line-height:1.6}\n.lkx-disclosure a{color:#c39f76;text-decoration:none}\n\n@media(max-width:680px){\n  .lkx-hero{grid-template-columns:1fr}\n  .lkx-hero-img{min-height:180px}\n  .lkx-grid{grid-template-columns:1fr}\n  .lkx-head-meta{margin-left:0;width:100%}\n  .lkx-head-title{font-size:19px}\n}\n\n<\/style>\n<div class=\"lkx-module\" data-query=\"varna\">\n  <div class=\"lkx-head\">\n    <div class=\"lkx-head-main\">\n      <span class=\"lkx-head-accent\"><\/span>\n      <span class=\"lkx-head-title\">\u00c9lm\u00e9nyek \u00e9s bel\u00e9p\u0151jegyek<\/span>\n    <\/div>\n    <span class=\"lkx-head-meta\">utaz\u00f3k \u00e1ltal \u00e9rt\u00e9kelve \u00b7 GetYourGuide<\/span>\n  <\/div><a class=\"lkx-hero\" href=\"https:\/\/www.getyourguide.com\/hu-hu\/varna-l412\/varna-naplementes-hajout-italokkal-es-kalozos-kincsvadaszattal-t1288459\/?partner_id=MKZ64IS&amp;utm_medium=online_publisher&amp;cmp=varna-bulgaria-latnivalok\" target=\"_blank\" rel=\"sponsored noopener nofollow\">\n    <div class=\"lkx-hero-img\" style=\"background-image:url('https:\/\/cdn.getyourguide.com\/img\/tour\/eb41ecd853d11f185e58ecab4209dc5a16d762d19434e10d71e2216479c9508b.jpg\/132.jpg')\" role=\"img\" aria-label=\"V\u00e1rna: naplement\u00e9s haj\u00f3\u00fat italokkal \u00e9s kal\u00f3zos kincsvad\u00e1szattal\">\n      <span class=\"lkx-pick\">\u2605 A mi tipp\u00fcnk<\/span><\/div>\n    <div class=\"lkx-hero-body\">\n      <div class=\"lkx-title\">V\u00e1rna: naplement\u00e9s haj\u00f3\u00fat italokkal \u00e9s kal\u00f3zos kincsvad\u00e1szattal<\/div>\n      <div class=\"lkx-proof\">\n      <span class=\"lkx-stars\">\u2605\u2605\u2605\u2605\u2605<\/span>\n      <b>4.6<\/b> \u00b7 143 \u00e9rt\u00e9kel\u00e9s\n    <\/div>\n      <div class=\"lkx-hero-bottom\"><div class=\"lkx-price\">m\u00e1r <b>16\u00a0EUR<\/b><\/div><span class=\"lkx-cta lkx-cta-hero\">Ezt az \u00e9lm\u00e9nyt akarom \u2192<\/span>\n      <\/div>\n    <\/div>\n  <\/a><div class=\"lkx-grid\"><a class=\"lkx-card\" href=\"https:\/\/www.getyourguide.com\/hu-hu\/varna-l412\/varna-kalozos-hajokazas-tengeri-csataval-es-pizzaval-t1017577\/?partner_id=MKZ64IS&amp;utm_medium=online_publisher&amp;cmp=varna-bulgaria-latnivalok\" target=\"_blank\" rel=\"sponsored noopener nofollow\">\n      <div class=\"lkx-card-img\" style=\"background-image:url('https:\/\/cdn.getyourguide.com\/img\/tour\/97bcf2c7a1c149d93ac9d5dca71b723d4c685dd42182d7583334ad88d4d27c9e.jpeg\/132.jpg')\" role=\"img\" aria-label=\"V\u00e1rna: Kal\u00f3zos haj\u00f3k\u00e1z\u00e1s tengeri csat\u00e1val \u00e9s pizz\u00e1val\"><\/div>\n      <div class=\"lkx-card-body\">\n        <div class=\"lkx-title lkx-title-sm\">V\u00e1rna: Kal\u00f3zos haj\u00f3k\u00e1z\u00e1s tengeri csat\u00e1val \u00e9s pizz\u00e1val<\/div>\n        <div class=\"lkx-proof lkx-proof-sm\">\n      <span class=\"lkx-stars\">\u2605<\/span>\n      <b>4.7<\/b> \u00b7 168\n    <\/div>\n        <div class=\"lkx-card-bottom\"><span class=\"lkx-price lkx-price-sm\">m\u00e1r <b>19\u00a0EUR<\/b><\/span><span class=\"lkx-cta lkx-cta-sm\">Id\u0151pontok megtekint\u00e9se \u2192<\/span>\n        <\/div>\n      <\/div>\n    <\/a><a class=\"lkx-card\" href=\"https:\/\/www.getyourguide.com\/hu-hu\/varna-l412\/varna-goldensands-t439759\/?partner_id=MKZ64IS&amp;utm_medium=online_publisher&amp;cmp=varna-bulgaria-latnivalok\" target=\"_blank\" rel=\"sponsored noopener nofollow\">\n      <div class=\"lkx-card-img\" style=\"background-image:url('https:\/\/cdn.getyourguide.com\/img\/tour\/e1b92ad313f2644839b60729e94bd9b11187f4a7b9e0f42f75bde08719c8c11d.png\/132.jpg')\" role=\"img\" aria-label=\"V\u00e1rna rep\u00fcl\u0151t\u00e9r\/V\u00e1rna v\u00e1ros - Aranyhomok\"><\/div>\n      <div class=\"lkx-card-body\">\n        <div class=\"lkx-title lkx-title-sm\">V\u00e1rna rep\u00fcl\u0151t\u00e9r\/V\u00e1rna v\u00e1ros &#8211; Aranyhomok<\/div>\n        <div class=\"lkx-proof lkx-proof-sm\">\n      <span class=\"lkx-stars\">\u2605<\/span>\n      <b>4.8<\/b> \u00b7 17\n    <\/div>\n        <div class=\"lkx-card-bottom\"><span class=\"lkx-price lkx-price-sm\">m\u00e1r <b>55\u00a0EUR<\/b><\/span><span class=\"lkx-cta lkx-cta-sm\">Id\u0151pontok megtekint\u00e9se \u2192<\/span>\n        <\/div>\n      <\/div>\n    <\/a><\/div><div class=\"lkx-disclosure\">\ud83d\udd17 A linkek partnerlinkek \u2014 az \u00e1rat nem v\u00e1ltoztatj\u00e1k, nek\u00fcnk viszont seg\u00edtenek a tartalomk\u00e9sz\u00edt\u00e9sben. \u00b7 <a href=\"https:\/\/www.getyourguide.com\/hu-hu\/s\/?q=varna&amp;partner_id=MKZ64IS&amp;utm_medium=online_publisher\" target=\"_blank\" rel=\"sponsored noopener nofollow\">\u00d6sszes \u00e9lm\u00e9ny \u2192<\/a><\/div>\n<\/div>\n<!-- LKM_GYG_CARD end -->\n\n\n\n\n<div class=\"lk-stays-module\">\n<style>\n\/* \u2500\u2500\u2500 RESET PRO GUTENBERG \u2500\u2500\u2500 *\/\n.lk-stays-module * { box-sizing: border-box; margin: 0; padding: 0; }\n\n\/* \u2500\u2500\u2500 WRAPPER \u2500\u2500\u2500 *\/\n.lk-stays-module {\n  font-family: 'DM Sans', Georgia, sans-serif;\n  max-width: 100%;\n  margin: 2.5rem auto;\n  background: linear-gradient(135deg, #fdfaf5 0%, #fcf8f0 100%);\n  border: 1px solid #e8dfd4;\n  border-radius: 16px;\n  overflow: hidden;\n  box-shadow: 0 16px 48px rgba(195, 159, 118, 0.25), 0 4px 12px rgba(0,0,0,0.08);\n}\n\n\/* \u2500\u2500\u2500 HEADER \u2500\u2500\u2500 *\/\n.lk-stays-header {\n  position: relative;\n  padding: 24px 36px 24px;\n  background: linear-gradient(135deg, #c39f76 0%, #d4b188 60%, #c39f76 100%);\n  border-bottom: 1px solid rgba(255,255,255,.15);\n  display: flex;\n  align-items: center;\n  gap: 18px;\n}\n.lk-stays-header::before {\n  content: '';\n  position: absolute;\n  inset: 0;\n  background: url(\"data:image\/svg+xml,%3Csvg width='60' height='60' viewBox='0 0 60 60' xmlns='http:\/\/www.w3.org\/2000\/svg'%3E%3Cg fill='none' fill-rule='evenodd'%3E%3Cg fill='%23ffffff' fill-opacity='0.05'%3E%3Cpath d='M36 34v-4h-2v4h-4v2h4v4h2v-4h4v-2h-4zm0-30V0h-2v4h-4v2h4v4h2V6h4V4h-4zM6 34v-4H4v4H0v2h4v4h2v-4h4v-2H6zM6 4V0H4v4H0v2h4v4h2V6h4V4H6z'\/%3E%3C\/g%3E%3C\/g%3E%3C\/svg%3E\") repeat;\n  pointer-events: none;\n}\n.lk-stays-icon {\n  flex-shrink: 0;\n  width: 68px;\n  height: 68px;\n  border-radius: 14px;\n  background: linear-gradient(135deg, #fff 0%, #f9f6f0 100%);\n  display: flex;\n  align-items: center;\n  justify-content: center;\n  font-size: 26px;\n  box-shadow: 0 4px 12px rgba(0,0,0,0.15);\n}\n.lk-stays-eyebrow {\n  font-size: 10px;\n  font-weight: 500;\n  letter-spacing: 2.5px;\n  text-transform: uppercase;\n  color: rgba(255,255,255,.85);\n  margin: 0 0 5px 0;\n}\n.lk-stays-title {\n  font-family: 'Playfair Display', Georgia, serif;\n  font-size: 24px;\n  font-weight: 700;\n  color: #fff;\n  line-height: 1.2;\n  text-shadow: 0 1px 2px rgba(0,0,0,0.1);\n  margin: 0;\n}\n.lk-stays-subtitle {\n  font-size: 13px;\n  color: rgba(255,255,255,.75);\n  margin: 4px 0 0 0;\n  font-weight: 300;\n}\n\n\/* \u2500\u2500\u2500 CARDS GRID \u2500\u2500\u2500 *\/\n.lk-stays-grid {\n  display: grid;\n  grid-template-columns: 1fr 1fr;\n  gap: 1px;\n  background: rgba(195, 159, 118, 0.12);\n}\n\n\/* \u2500\u2500\u2500 SINGLE CARD \u2500\u2500\u2500 *\/\n.lk-stay-card {\n  background: #ffffff;\n  padding: 26px;\n  display: flex;\n  flex-direction: column;\n  gap: 11px;\n  transition: all 0.3s ease;\n  text-decoration: none;\n  color: inherit;\n  position: relative;\n}\n.lk-stay-card:hover {\n  background: #fffbf5;\n  transform: translateY(-2px);\n  box-shadow: 0 8px 24px rgba(195, 159, 118, 0.18);\n  z-index: 1;\n}\n.lk-stay-card.featured {\n  background: linear-gradient(135deg, #fffdf9 0%, #fff9f0 100%);\n  box-shadow: 0 4px 16px rgba(195, 159, 118, 0.15), inset 0 1px 0 rgba(195, 159, 118, 0.1);\n}\n.lk-stay-card.featured:hover {\n  background: linear-gradient(135deg, #fffbf5 0%, #fff8ed 100%);\n  box-shadow: 0 8px 24px rgba(195, 159, 118, 0.25), inset 0 1px 0 rgba(195, 159, 118, 0.15);\n}\n\n.lk-stay-badge {\n  display: inline-flex;\n  align-items: center;\n  gap: 5px;\n  font-size: 10px;\n  font-weight: 500;\n  letter-spacing: 1.5px;\n  text-transform: uppercase;\n  padding: 5px 11px;\n  border-radius: 20px;\n  width: fit-content;\n}\n.badge-top     { background: linear-gradient(135deg, #c39f76 0%, #d4b188 100%); color: #fff; border: 1px solid #c39f76; font-weight: 600; box-shadow: 0 2px 8px rgba(195,159,118,0.3); }\n.badge-luxury  { background: rgba(195,159,118,.12); color: #c39f76; border: 1px solid rgba(195,159,118,.25); }\n.badge-boutique{ background: rgba(54,133,252,.08); color: #3685fc; border: 1px solid rgba(54,133,252,.2); }\n.badge-nature  { background: rgba(130,190,100,.1); color: #6b9c4a; border: 1px solid rgba(130,190,100,.2); }\n.badge-remote  { background: rgba(195,159,118,.12); color: #a67e50; border: 1px solid rgba(195,159,118,.25); }\n\n.lk-stay-name {\n  font-family: 'Playfair Display', Georgia, serif;\n  font-size: 18px;\n  font-weight: 700;\n  color: #111827;\n  line-height: 1.3;\n}\n.lk-stay-desc {\n  font-size: 13.5px;\n  color: #525252;\n  line-height: 1.65;\n  font-weight: 300;\n  flex: 1;\n}\n\n.lk-stay-meta {\n  display: flex;\n  align-items: center;\n  gap: 12px;\n  flex-wrap: wrap;\n  margin-top: 4px;\n}\n.lk-stay-price {\n  font-size: 13px;\n  color: #6b7280;\n}\n.lk-stay-price strong {\n  color: #c39f76;\n  font-weight: 500;\n}\n.lk-stay-stars {\n  color: #c39f76;\n  font-size: 11px;\n  letter-spacing: 1px;\n}\n\n\/* \u2500\u2500\u2500 CTA BUTTON \u2500\u2500\u2500 *\/\n.lk-stay-cta {\n  display: inline-flex;\n  align-items: center;\n  justify-content: center;\n  gap: 7px;\n  margin-top: 8px;\n  padding: 11px 20px;\n  border-radius: 8px;\n  background: linear-gradient(135deg, #3685fc 0%, #2a6fd9 100%);\n  color: #fff;\n  font-size: 13px;\n  font-weight: 500;\n  text-decoration: none;\n  letter-spacing: .3px;\n  transition: all .2s ease;\n  cursor: pointer;\n  border: none;\n  text-align: center;\n  box-shadow: 0 4px 12px rgba(54, 133, 252, 0.25);\n}\n.lk-stay-cta:hover {\n  background: linear-gradient(135deg, #2a6fd9 0%, #1e5bc4 100%);\n  transform: translateY(-1px);\n  box-shadow: 0 6px 16px rgba(54, 133, 252, 0.35);\n}\n.lk-stay-cta svg { flex-shrink: 0; }\n\n\/* \u2500\u2500\u2500 FOOTER \u2500\u2500\u2500 *\/\n.lk-stays-footer {\n  padding: 18px 36px;\n  background: linear-gradient(to bottom, #fdfaf5 0%, #f9f4ed 100%);\n  border-top: 1px solid rgba(195, 159, 118, 0.15);\n  display: flex;\n  align-items: center;\n  justify-content: space-between;\n  flex-wrap: wrap;\n  gap: 12px;\n}\n.lk-stays-footer-note {\n  font-size: 11.5px;\n  color: #6b7280;\n  font-weight: 300;\n  line-height: 1.5;\n}\n.lk-stays-footer-note a {\n  color: #c39f76;\n  text-decoration: none;\n  font-weight: 400;\n}\n.lk-stays-footer-note a:hover {\n  text-decoration: underline;\n}\n.lk-stays-all-btn {\n  display: inline-flex;\n  align-items: center;\n  gap: 6px;\n  font-size: 12.5px;\n  font-weight: 500;\n  color: #c39f76;\n  text-decoration: none;\n  border: 1px solid rgba(195, 159, 118, 0.35);\n  padding: 8px 18px;\n  border-radius: 8px;\n  transition: all .2s ease;\n}\n.lk-stays-all-btn:hover {\n  background: rgba(195, 159, 118, 0.08);\n  border-color: rgba(195, 159, 118, 0.5);\n}\n\n\/* \u2500\u2500\u2500 RESPONSIVE \u2500\u2500\u2500 *\/\n@media (max-width: 600px) {\n  .lk-stays-grid { grid-template-columns: 1fr; }\n  .lk-stays-header { padding: 24px 20px; }\n  .lk-stays-footer { padding: 16px 20px; }\n  .lk-stay-card { padding: 22px; }\n  .lk-stays-title { font-size: 20px; }\n}\n<\/style>\n\n  <!-- HEADER -->\n  <div class=\"lk-stays-header\">\n    <img decoding=\"async\" src=\"https:\/\/loudavymkrokem.cz\/wp-content\/uploads\/2026\/02\/lukas-a-lucka.jpg\" alt=\"\" style=\"width: 75px; height: 75px; border-radius: 8px; flex-shrink: 0; object-fit: cover; display: block; margin: 4px 0;\" title=\"\">\n    <div class=\"lk-stays-header-text\">\n      <div class=\"lk-stays-eyebrow\">Luk\u00e1\u0161 \u00e9s Lucie aj\u00e1nlj\u00e1k<\/div>\n      <div class=\"lk-stays-title\">Hol sz\u00e1lljon meg V\u00e1rn\u00e1ban<\/div>\n      <div class=\"lk-stays-subtitle\">6 sz\u00e1ll\u00e1shely \u2014 wellness sz\u00e1llod\u00e1k, hotelek \u00e9s egy\u00e9b sz\u00e1ll\u00e1slehet\u0151s\u00e9gek<\/div>\n    <\/div>\n  <\/div>\n\n  <!-- CARDS -->\n  <div class=\"lk-stays-grid\">\n\n    <a class=\"lk-stay-card featured\" href=\"https:\/\/www.stay22.com\/allez\/roam?aid=lukaskonecny&#038;campaign=loudavymkrokemcz&#038;campaign=hu&#038;campaign=varna&#038;hotelname=Modus%20Hotel&#038;address=Varna%2C%20Bulharsko\" target=\"_blank\" rel=\"nofollow noopener\">\n      <span class=\"lk-stay-badge badge-top\">\u2b50 TOP V\u00c1LASZT\u00c1S<\/span>\n      <span class=\"lk-stay-badge badge-nature\">\u2b50 Luxury<\/span>\n      <div class=\"lk-stay-name\">Modus Hotel<\/div>\n      <div class=\"lk-stay-desc\">Cs\u00facsmin\u0151s\u00e9g\u0171 sz\u00e1lloda a G\u00f6r\u00f6g negyedben, 130 m\u00e9terre a Tengeri kertt\u0151l. A legjobb \u00e9rt\u00e9kel\u00e9s \u00e9s elhelyezked\u00e9s a v\u00e1rosban.<\/div>\n      <div class=\"lk-stay-meta\">\n        <span class=\"lk-stay-stars\">\u2605\u2605\u2605\u2605<\/span>\n        <span class=\"lk-stay-price\">\u00c1rak megtekint\u00e9se<\/span>\n      <\/div>\n      <span class=\"lk-stay-cta\">\n        <svg width=\"14\" height=\"14\" viewBox=\"0 0 24 24\" fill=\"none\" stroke=\"currentColor\" stroke-width=\"2\"><path d=\"M18 13v6a2 2 0 0 1-2 2H5a2 2 0 0 1-2-2V8a2 2 0 0 1 2-2h6\"\/><polyline points=\"15 3 21 3 21 9\"\/><line x1=\"10\" y1=\"14\" x2=\"21\" y2=\"3\"\/><\/svg>\n        Ellen\u0151rizd az el\u00e9rhet\u0151s\u00e9get\n      <\/span>\n    <\/a>\n\n    <a class=\"lk-stay-card\" href=\"https:\/\/www.stay22.com\/allez\/roam?aid=lukaskonecny&#038;campaign=loudavymkrokemcz&#038;campaign=hu&#038;campaign=varna&#038;hotelname=Grand%20Hotel%20London&#038;address=Varna%2C%20Bulharsko\" target=\"_blank\" rel=\"nofollow noopener\">\n      <span class=\"lk-stay-badge badge-nature\">\ud83c\udfe8 Hotel<\/span>\n      <div class=\"lk-stay-name\">Grand Hotel London<\/div>\n      <div class=\"lk-stay-desc\">Gy\u00f6ny\u00f6r\u0171 szecesszi\u00f3s \u00e9p\u00fclet 1912-b\u0151l V\u00e1rna k\u00f6zpontj\u00e1ban. A t\u00f6rt\u00e9nelem szerelmeseinek.<\/div>\n      <div class=\"lk-stay-meta\">\n        <span class=\"lk-stay-stars\">\u2605\u2605\u2605\u2605<\/span>\n        <span class=\"lk-stay-price\">\u00c1rak megtekint\u00e9se<\/span>\n      <\/div>\n      <span class=\"lk-stay-cta\">\n        <svg width=\"14\" height=\"14\" viewBox=\"0 0 24 24\" fill=\"none\" stroke=\"currentColor\" stroke-width=\"2\"><path d=\"M18 13v6a2 2 0 0 1-2 2H5a2 2 0 0 1-2-2V8a2 2 0 0 1 2-2h6\"\/><polyline points=\"15 3 21 3 21 9\"\/><line x1=\"10\" y1=\"14\" x2=\"21\" y2=\"3\"\/><\/svg>\n        Ellen\u0151rizd az el\u00e9rhet\u0151s\u00e9get\n      <\/span>\n    <\/a>\n\n    <a class=\"lk-stay-card\" href=\"https:\/\/www.stay22.com\/allez\/roam?aid=lukaskonecny&#038;campaign=loudavymkrokemcz&#038;campaign=hu&#038;campaign=varna&#038;hotelname=Hotel%20Cherno%20More&#038;address=Varna%2C%20Bulharsko\" target=\"_blank\" rel=\"nofollow noopener\">\n      <span class=\"lk-stay-badge badge-nature\">\ud83c\udfe8 Hotel<\/span>\n      <div class=\"lk-stay-name\">Hotel Cherno More<\/div>\n      <div class=\"lk-stay-desc\">Arany k\u00f6z\u00e9p\u00fat tengerre n\u00e9z\u0151 erk\u00e9lyekkel. A park bej\u00e1rat\u00e1n\u00e1l tal\u00e1lhat\u00f3.<\/div>\n      <div class=\"lk-stay-meta\">\n        <span class=\"lk-stay-stars\">\u2605\u2605\u2605\u2605<\/span>\n        <span class=\"lk-stay-price\">\u00c1rak megtekint\u00e9se<\/span>\n      <\/div>\n      <span class=\"lk-stay-cta\">\n        <svg width=\"14\" height=\"14\" viewBox=\"0 0 24 24\" fill=\"none\" stroke=\"currentColor\" stroke-width=\"2\"><path d=\"M18 13v6a2 2 0 0 1-2 2H5a2 2 0 0 1-2-2V8a2 2 0 0 1 2-2h6\"\/><polyline points=\"15 3 21 3 21 9\"\/><line x1=\"10\" y1=\"14\" x2=\"21\" y2=\"3\"\/><\/svg>\n        Ellen\u0151rizd az el\u00e9rhet\u0151s\u00e9get\n      <\/span>\n    <\/a>\n\n    <a class=\"lk-stay-card\" href=\"https:\/\/www.stay22.com\/allez\/roam?aid=lukaskonecny&#038;campaign=loudavymkrokemcz&#038;campaign=hu&#038;campaign=varna&#038;hotelname=Boutique%20Splendid&#038;address=Varna%2C%20Bulharsko\" target=\"_blank\" rel=\"nofollow noopener\">\n      <span class=\"lk-stay-badge badge-nature\">\ud83c\udfe8 Hotel<\/span>\n      <div class=\"lk-stay-name\">Boutique Splendid<\/div>\n      <div class=\"lk-stay-desc\">A legk\u00f6zelebb a l\u00e1tnival\u00f3khoz, alig sz\u00e1z m\u00e9terre a Sz\u0171z M\u00e1ria Mennybev\u00e9tele sz\u00e9kesegyh\u00e1zt\u00f3l.<\/div>\n      <div class=\"lk-stay-meta\">\n        <span class=\"lk-stay-stars\">\u2605\u2605\u2605\u2605<\/span>\n        <span class=\"lk-stay-price\">\u00c1rak megtekint\u00e9se<\/span>\n      <\/div>\n      <span class=\"lk-stay-cta\">\n        <svg width=\"14\" height=\"14\" viewBox=\"0 0 24 24\" fill=\"none\" stroke=\"currentColor\" stroke-width=\"2\"><path d=\"M18 13v6a2 2 0 0 1-2 2H5a2 2 0 0 1-2-2V8a2 2 0 0 1 2-2h6\"\/><polyline points=\"15 3 21 3 21 9\"\/><line x1=\"10\" y1=\"14\" x2=\"21\" y2=\"3\"\/><\/svg>\n        Ellen\u0151rizd az el\u00e9rhet\u0151s\u00e9get\n      <\/span>\n    <\/a>\n\n    <a class=\"lk-stay-card\" href=\"https:\/\/www.stay22.com\/allez\/roam?aid=lukaskonecny&#038;campaign=loudavymkrokemcz&#038;campaign=hu&#038;campaign=varna&#038;hotelname=Nomado%20hostel&#038;address=Varna%2C%20Bulharsko\" target=\"_blank\" rel=\"nofollow noopener\">\n      <span class=\"lk-stay-badge badge-nature\">\ud83c\udfe1 Pension\/B&#038;B<\/span>\n      <div class=\"lk-stay-name\">Nomado hostel<\/div>\n      <div class=\"lk-stay-desc\">Kiv\u00e1l\u00f3an \u00e9rt\u00e9kelt, kedvez\u0151 \u00e1r\u00fa hostel a v\u00e1rosk\u00f6zpontban a korl\u00e1tozott k\u00f6lts\u00e9gvet\u00e9ssel utaz\u00f3k sz\u00e1m\u00e1ra.<\/div>\n      <div class=\"lk-stay-meta\">\n        <span class=\"lk-stay-stars\">\u2605\u2605\u2605\u2605<\/span>\n        <span class=\"lk-stay-price\">\u00c1rak megtekint\u00e9se<\/span>\n      <\/div>\n      <span class=\"lk-stay-cta\">\n        <svg width=\"14\" height=\"14\" viewBox=\"0 0 24 24\" fill=\"none\" stroke=\"currentColor\" stroke-width=\"2\"><path d=\"M18 13v6a2 2 0 0 1-2 2H5a2 2 0 0 1-2-2V8a2 2 0 0 1 2-2h6\"\/><polyline points=\"15 3 21 3 21 9\"\/><line x1=\"10\" y1=\"14\" x2=\"21\" y2=\"3\"\/><\/svg>\n        Ellen\u0151rizd az el\u00e9rhet\u0151s\u00e9get\n      <\/span>\n    <\/a>\n\n    <a class=\"lk-stay-card\" href=\"https:\/\/www.stay22.com\/allez\/roam?aid=lukaskonecny&#038;campaign=loudavymkrokemcz&#038;campaign=hu&#038;campaign=varna&#038;address=Varna&#038;hotelname=Ensana+Aquahouse&#038;search=Ensana+Aquahouse&#038;category=accommodation\" target=\"_blank\" rel=\"nofollow noopener\">\n      <span class=\"lk-stay-badge badge-nature\">\u2b50 Luxury<\/span>\n      <div class=\"lk-stay-name\">Ensana Aquahouse<\/div>\n      <div class=\"lk-stay-desc\">Az els\u0151 v\u00e1rnai sz\u00e1lloda, amely beker\u00fclt a Michelin Guide 2026-ba. Term\u00e1lforr\u00e1sok ak\u00e1r 42\u00b0C-ig.<\/div>\n      <div class=\"lk-stay-meta\">\n        <span class=\"lk-stay-stars\">\u2605\u2605\u2605\u2605<\/span>\n        <span class=\"lk-stay-price\">\u00c1rak megtekint\u00e9se<\/span>\n      <\/div>\n      <span class=\"lk-stay-cta\">\n        <svg width=\"14\" height=\"14\" viewBox=\"0 0 24 24\" fill=\"none\" stroke=\"currentColor\" stroke-width=\"2\"><path d=\"M18 13v6a2 2 0 0 1-2 2H5a2 2 0 0 1-2-2V8a2 2 0 0 1 2-2h6\"\/><polyline points=\"15 3 21 3 21 9\"\/><line x1=\"10\" y1=\"14\" x2=\"21\" y2=\"3\"\/><\/svg>\n        Ellen\u0151rizd az el\u00e9rhet\u0151s\u00e9get\n      <\/span>\n    <\/a>\n\n  <\/div>\n\n  \n<\/div>\n\n\n\n\n<h2 class=\"wp-block-heading\"><span class=\"ez-toc-section\" id=\"A_belvaros_hatarain_tul\"><\/span>A belv\u00e1ros hat\u00e1rain t\u00fal<span class=\"ez-toc-section-end\"><\/span><\/h2>\n\n\n\n<p class=\"wp-block-paragraph\">Ha elmer\u00e9szkedsz egy kicsit t\u00e1volabbra a t\u00f6rt\u00e9nelmi magt\u00f3l, V\u00e1rna felt\u00e1rja el\u0151tted tov\u00e1bbi r\u00e9tegeit, legyen sz\u00f3 a viharos <strong>hadt\u00f6rt\u00e9netr\u0151l<\/strong> vagy a <strong>nyugodt k\u00fclv\u00e1rosi \u00fcd\u00fcl\u0151helyekr\u0151l<\/strong>.<\/p>\n\n\n\n<figure data-wp-context=\"{&quot;imageId&quot;:&quot;6a9c16a5bc778&quot;}\" data-wp-interactive=\"core\/image\" data-wp-key=\"6a9c16a5bc778\" class=\"wp-block-image size-full wp-lightbox-container\"><img decoding=\"async\" width=\"1800\" height=\"1355\" data-wp-class--hide=\"state.isContentHidden\" data-wp-class--show=\"state.isContentVisible\" data-wp-init=\"callbacks.setButtonStyles\" data-wp-on--click=\"actions.showLightbox\" data-wp-on--load=\"callbacks.setButtonStyles\" data-wp-on--pointerdown=\"actions.preloadImage\" data-wp-on--pointerenter=\"actions.preloadImageWithDelay\" data-wp-on--pointerleave=\"actions.cancelPreload\" data-wp-on-window--resize=\"callbacks.setButtonStyles\" src=\"https:\/\/loudavymkrokem.cz\/wp-content\/uploads\/2026\/08\/bulharsko-research-varna-20-7df8a708.jpg\" alt=\"III. Ul\u00e1szl\u00f3 park-m\u00fazeum V\u00e1rn\u00e1ban\" class=\"wp-image-407795\" title=\"\" srcset=\"https:\/\/loudavymkrokem.cz\/wp-content\/uploads\/2026\/08\/bulharsko-research-varna-20-7df8a708.jpg 1800w, https:\/\/loudavymkrokem.cz\/wp-content\/uploads\/2026\/08\/bulharsko-research-varna-20-7df8a708-300x226.jpg 300w, https:\/\/loudavymkrokem.cz\/wp-content\/uploads\/2026\/08\/bulharsko-research-varna-20-7df8a708-700x527.jpg 700w, https:\/\/loudavymkrokem.cz\/wp-content\/uploads\/2026\/08\/bulharsko-research-varna-20-7df8a708-768x578.jpg 768w, https:\/\/loudavymkrokem.cz\/wp-content\/uploads\/2026\/08\/bulharsko-research-varna-20-7df8a708-1536x1156.jpg 1536w, https:\/\/loudavymkrokem.cz\/wp-content\/uploads\/2026\/08\/bulharsko-research-varna-20-7df8a708-80x60.jpg 80w, https:\/\/loudavymkrokem.cz\/wp-content\/uploads\/2026\/08\/bulharsko-research-varna-20-7df8a708-160x120.jpg 160w, https:\/\/loudavymkrokem.cz\/wp-content\/uploads\/2026\/08\/bulharsko-research-varna-20-7df8a708-696x524.jpg 696w, https:\/\/loudavymkrokem.cz\/wp-content\/uploads\/2026\/08\/bulharsko-research-varna-20-7df8a708-1392x1048.jpg 1392w\" sizes=\"(max-width: 1800px) 100vw, 1800px\" \/><button\n\t\t\tclass=\"lightbox-trigger\"\n\t\t\ttype=\"button\"\n\t\t\taria-haspopup=\"dialog\"\n\t\t\tdata-wp-bind--aria-label=\"state.thisImage.triggerButtonAriaLabel\"\n\t\t\tdata-wp-init=\"callbacks.initTriggerButton\"\n\t\t\tdata-wp-on--click=\"actions.showLightbox\"\n\t\t\tdata-wp-style--right=\"state.thisImage.buttonRight\"\n\t\t\tdata-wp-style--top=\"state.thisImage.buttonTop\"\n\t\t>\n\t\t\t<svg xmlns=\"http:\/\/www.w3.org\/2000\/svg\" width=\"12\" height=\"12\" fill=\"none\" viewBox=\"0 0 12 12\">\n\t\t\t\t<path fill=\"#fff\" d=\"M2 0a2 2 0 0 0-2 2v2h1.5V2a.5.5 0 0 1 .5-.5h2V0H2Zm2 10.5H2a.5.5 0 0 1-.5-.5V8H0v2a2 2 0 0 0 2 2h2v-1.5ZM8 12v-1.5h2a.5.5 0 0 0 .5-.5V8H12v2a2 2 0 0 1-2 2H8Zm2-12a2 2 0 0 1 2 2v2h-1.5V2a.5.5 0 0 0-.5-.5H8V0h2Z\" \/>\n\t\t\t<\/svg>\n\t\t<\/button><figcaption class=\"wp-element-caption\">Foto: Micha\u0142 Derela, CC BY-SA 4.0 (Wikimedia Commons)<\/figcaption><\/figure>\n\n\n\n<h3 class=\"wp-block-heading\"><span class=\"ez-toc-section\" id=\"14_III_Ulaszlo_park-muzeum\"><\/span>14. III. Ul\u00e1szl\u00f3 park-m\u00fazeum<span class=\"ez-toc-section-end\"><\/span><\/h3>\n\n\n\n<p class=\"wp-block-paragraph\">Ez a harminc hekt\u00e1ros park pontosan az 1444. november 10-i v\u00e9res csatat\u00e9r hely\u00e9n \u00e1ll, ahol a kereszt\u00e9ny sz\u00f6vets\u00e9g seregei alulmaradtak az oszm\u00e1n t\u00faler\u0151vel szemben. A csat\u00e1ban esett el a mind\u00f6ssze h\u00fasz\u00e9ves lengyel \u00e9s magyar kir\u00e1ly, I. Ul\u00e1szl\u00f3 (III. Ul\u00e1szl\u00f3 lengyel kir\u00e1ly), aki err\u0151l a helyr\u0151l kapta a Varnencsik ragadv\u00e1nynevet. A csat\u00e1ban cseh \u00e9s ruszin zsoldosok is harcoltak, akik itt a hagyom\u00e1nyos huszita szek\u00e9rv\u00e1rat vetett\u00e9k be a v\u00e9dekez\u00e9shez, bombard\u00e1kkal felszerelve. \ud83d\udca1 <strong>Tipp:<\/strong> A fiatal kir\u00e1ly holttest\u00e9t soha nem tal\u00e1lt\u00e1k meg. A parkban ez\u00e9rt egy szimbolikus mauz\u00f3leum \u00e1ll, amelyet egy elhagyott tr\u00e1k haloms\u00edrba \u00e9p\u00edtettek. A bel\u00e9p\u0151 4,09 \u20ac, \u00e9s n\u00e9h\u00e1ny ki\u00e1ll\u00edt\u00e1si t\u00e1rgyat magyar m\u00fazeumok is adom\u00e1nyoztak ide.<\/p>\n\n\n\n<figure data-wp-context=\"{&quot;imageId&quot;:&quot;6a9c16a5bcc1a&quot;}\" data-wp-interactive=\"core\/image\" data-wp-key=\"6a9c16a5bcc1a\" class=\"wp-block-image size-full wp-lightbox-container\"><img decoding=\"async\" width=\"1800\" height=\"1350\" data-wp-class--hide=\"state.isContentHidden\" data-wp-class--show=\"state.isContentVisible\" data-wp-init=\"callbacks.setButtonStyles\" data-wp-on--click=\"actions.showLightbox\" data-wp-on--load=\"callbacks.setButtonStyles\" data-wp-on--pointerdown=\"actions.preloadImage\" data-wp-on--pointerenter=\"actions.preloadImageWithDelay\" data-wp-on--pointerleave=\"actions.cancelPreload\" data-wp-on-window--resize=\"callbacks.setButtonStyles\" src=\"https:\/\/loudavymkrokem.cz\/wp-content\/uploads\/2026\/08\/bulharsko-research-varna-21-f5e596df.jpg\" alt=\"Sz\u00e9les homokos strand a v\u00e1rnai Aszparuhovo negyedben\" class=\"wp-image-407796\" title=\"\" srcset=\"https:\/\/loudavymkrokem.cz\/wp-content\/uploads\/2026\/08\/bulharsko-research-varna-21-f5e596df.jpg 1800w, https:\/\/loudavymkrokem.cz\/wp-content\/uploads\/2026\/08\/bulharsko-research-varna-21-f5e596df-300x225.jpg 300w, https:\/\/loudavymkrokem.cz\/wp-content\/uploads\/2026\/08\/bulharsko-research-varna-21-f5e596df-700x525.jpg 700w, https:\/\/loudavymkrokem.cz\/wp-content\/uploads\/2026\/08\/bulharsko-research-varna-21-f5e596df-768x576.jpg 768w, https:\/\/loudavymkrokem.cz\/wp-content\/uploads\/2026\/08\/bulharsko-research-varna-21-f5e596df-1536x1152.jpg 1536w, https:\/\/loudavymkrokem.cz\/wp-content\/uploads\/2026\/08\/bulharsko-research-varna-21-f5e596df-80x60.jpg 80w, https:\/\/loudavymkrokem.cz\/wp-content\/uploads\/2026\/08\/bulharsko-research-varna-21-f5e596df-160x120.jpg 160w, https:\/\/loudavymkrokem.cz\/wp-content\/uploads\/2026\/08\/bulharsko-research-varna-21-f5e596df-696x522.jpg 696w, https:\/\/loudavymkrokem.cz\/wp-content\/uploads\/2026\/08\/bulharsko-research-varna-21-f5e596df-1392x1044.jpg 1392w\" sizes=\"(max-width: 1800px) 100vw, 1800px\" \/><button\n\t\t\tclass=\"lightbox-trigger\"\n\t\t\ttype=\"button\"\n\t\t\taria-haspopup=\"dialog\"\n\t\t\tdata-wp-bind--aria-label=\"state.thisImage.triggerButtonAriaLabel\"\n\t\t\tdata-wp-init=\"callbacks.initTriggerButton\"\n\t\t\tdata-wp-on--click=\"actions.showLightbox\"\n\t\t\tdata-wp-style--right=\"state.thisImage.buttonRight\"\n\t\t\tdata-wp-style--top=\"state.thisImage.buttonTop\"\n\t\t>\n\t\t\t<svg xmlns=\"http:\/\/www.w3.org\/2000\/svg\" width=\"12\" height=\"12\" fill=\"none\" viewBox=\"0 0 12 12\">\n\t\t\t\t<path fill=\"#fff\" d=\"M2 0a2 2 0 0 0-2 2v2h1.5V2a.5.5 0 0 1 .5-.5h2V0H2Zm2 10.5H2a.5.5 0 0 1-.5-.5V8H0v2a2 2 0 0 0 2 2h2v-1.5ZM8 12v-1.5h2a.5.5 0 0 0 .5-.5V8H12v2a2 2 0 0 1-2 2H8Zm2-12a2 2 0 0 1 2 2v2h-1.5V2a.5.5 0 0 0-.5-.5H8V0h2Z\" \/>\n\t\t\t<\/svg>\n\t\t<\/button><figcaption class=\"wp-element-caption\">Foto: Dobrin Gueorguiev (Google Maps)<\/figcaption><\/figure>\n\n\n\n<h3 class=\"wp-block-heading\"><span class=\"ez-toc-section\" id=\"15_Aszparuhovo_strand\"><\/span>15. Aszparuhovo strand<span class=\"ez-toc-section-end\"><\/span><\/h3>\n\n\n\n<p class=\"wp-block-paragraph\">Ha elf\u00e1raszt a k\u00f6zponti strandok ny\u00fczsg\u00e9se, hajts \u00e1t a nagy h\u00eddon d\u00e9lre, Aszparuhovo negyedbe. Az itteni strand <strong>t\u00f6bb mint egy kilom\u00e9ter hossz\u00fa \u00e9s helyenk\u00e9nt ak\u00e1r sz\u00e1z m\u00e9ter sz\u00e9les<\/strong>. Egy\u00e1ltal\u00e1n nem keresi a t\u00f6megturizmus, gy\u00f6ny\u00f6r\u0171en finom homokot, nyugalmat \u00e9s sok z\u00f6ldet k\u00edn\u00e1l. Hossz\u00fa t\u00e1von a v\u00e1ros egyik legtiszt\u00e1bb strandja. Aszparuhov\u00f3nak van egy v\u00e1ratlan cseh nyoma is. Itt van eltemetve <strong>Hermenegild \u0160korpil<\/strong> (1858 \u2013 1923 V\u00e1rna), a term\u00e9szettud\u00f3s \u00e9s Karel \u0160korpil testv\u00e9re, akivel egy\u00fctt alap\u00edtotta a v\u00e1rnai R\u00e9g\u00e9szeti M\u00fazeumot. \u00c9ppen abban a r\u00e9g\u00e9szeti lel\u0151helyen fekszik, amelyet \u0151 maga kutatott. \ud83d\udca1 <strong>Tipp:<\/strong> \u00c9ppen Aszparuhov\u00f3ban tal\u00e1lod a legolcs\u00f3bb \u00e9s legjobbra \u00e9rt\u00e9kelt halas \u00e9ttermeket, ahov\u00e1 f\u0151leg a helyiek j\u00e1rnak enni.<\/p>\n\n\n\n<figure data-wp-context=\"{&quot;imageId&quot;:&quot;6a9c16a5bd955&quot;}\" data-wp-interactive=\"core\/image\" data-wp-key=\"6a9c16a5bd955\" class=\"wp-block-image size-full wp-lightbox-container\"><img decoding=\"async\" width=\"1800\" height=\"1350\" data-wp-class--hide=\"state.isContentHidden\" data-wp-class--show=\"state.isContentVisible\" data-wp-init=\"callbacks.setButtonStyles\" data-wp-on--click=\"actions.showLightbox\" data-wp-on--load=\"callbacks.setButtonStyles\" data-wp-on--pointerdown=\"actions.preloadImage\" data-wp-on--pointerenter=\"actions.preloadImageWithDelay\" data-wp-on--pointerleave=\"actions.cancelPreload\" data-wp-on-window--resize=\"callbacks.setButtonStyles\" src=\"https:\/\/loudavymkrokem.cz\/wp-content\/uploads\/2026\/08\/bulharsko-research-varna-22-19b9282d.jpg\" alt=\"Strand \u00e9s sz\u00e1llod\u00e1k a Szent Konstantin \u00e9s Ilona \u00fcd\u00fcl\u0151helyen V\u00e1rna mellett\" class=\"wp-image-407797\" title=\"\" srcset=\"https:\/\/loudavymkrokem.cz\/wp-content\/uploads\/2026\/08\/bulharsko-research-varna-22-19b9282d.jpg 1800w, https:\/\/loudavymkrokem.cz\/wp-content\/uploads\/2026\/08\/bulharsko-research-varna-22-19b9282d-300x225.jpg 300w, https:\/\/loudavymkrokem.cz\/wp-content\/uploads\/2026\/08\/bulharsko-research-varna-22-19b9282d-700x525.jpg 700w, https:\/\/loudavymkrokem.cz\/wp-content\/uploads\/2026\/08\/bulharsko-research-varna-22-19b9282d-768x576.jpg 768w, https:\/\/loudavymkrokem.cz\/wp-content\/uploads\/2026\/08\/bulharsko-research-varna-22-19b9282d-1536x1152.jpg 1536w, https:\/\/loudavymkrokem.cz\/wp-content\/uploads\/2026\/08\/bulharsko-research-varna-22-19b9282d-80x60.jpg 80w, https:\/\/loudavymkrokem.cz\/wp-content\/uploads\/2026\/08\/bulharsko-research-varna-22-19b9282d-160x120.jpg 160w, https:\/\/loudavymkrokem.cz\/wp-content\/uploads\/2026\/08\/bulharsko-research-varna-22-19b9282d-696x522.jpg 696w, https:\/\/loudavymkrokem.cz\/wp-content\/uploads\/2026\/08\/bulharsko-research-varna-22-19b9282d-1392x1044.jpg 1392w\" sizes=\"(max-width: 1800px) 100vw, 1800px\" \/><button\n\t\t\tclass=\"lightbox-trigger\"\n\t\t\ttype=\"button\"\n\t\t\taria-haspopup=\"dialog\"\n\t\t\tdata-wp-bind--aria-label=\"state.thisImage.triggerButtonAriaLabel\"\n\t\t\tdata-wp-init=\"callbacks.initTriggerButton\"\n\t\t\tdata-wp-on--click=\"actions.showLightbox\"\n\t\t\tdata-wp-style--right=\"state.thisImage.buttonRight\"\n\t\t\tdata-wp-style--top=\"state.thisImage.buttonTop\"\n\t\t>\n\t\t\t<svg xmlns=\"http:\/\/www.w3.org\/2000\/svg\" width=\"12\" height=\"12\" fill=\"none\" viewBox=\"0 0 12 12\">\n\t\t\t\t<path fill=\"#fff\" d=\"M2 0a2 2 0 0 0-2 2v2h1.5V2a.5.5 0 0 1 .5-.5h2V0H2Zm2 10.5H2a.5.5 0 0 1-.5-.5V8H0v2a2 2 0 0 0 2 2h2v-1.5ZM8 12v-1.5h2a.5.5 0 0 0 .5-.5V8H12v2a2 2 0 0 1-2 2H8Zm2-12a2 2 0 0 1 2 2v2h-1.5V2a.5.5 0 0 0-.5-.5H8V0h2Z\" \/>\n\t\t\t<\/svg>\n\t\t<\/button><figcaption class=\"wp-element-caption\">Foto: Mariana Negrea (Google Maps)<\/figcaption><\/figure>\n\n\n\n<h3 class=\"wp-block-heading\"><span class=\"ez-toc-section\" id=\"16_Szent_Konstantin_es_Ilona\"><\/span>16. Szent Konstantin \u00e9s Ilona<span class=\"ez-toc-section-end\"><\/span><\/h3>\n\n\n\n<p class=\"wp-block-paragraph\">Mind\u00f6ssze 9 kilom\u00e9terre \u00e9szakra a belv\u00e1rost\u00f3l fekszik Bulg\u00e1ria legr\u00e9gebbi tengerparti \u00fcd\u00fcl\u0151helye. Kor\u00e1bban Druzsba volt a neve, ma pedig els\u0151sorban a term\u00e1lforr\u00e1sair\u00f3l h\u00edres. Itt tal\u00e1lod a hatalmas Aquahouse Thermal &#038; Beach-et tizenn\u00e9gy medenc\u00e9vel \u00e9s ak\u00e1r 42 \u00b0C-os v\u00edzzel. Az \u00fcd\u00fcl\u0151helyet z\u00f6ld parkok veszik k\u00f6r\u00fcl, \u00e9s rendk\u00edv\u00fcli nyugalmat k\u00edn\u00e1l. \ud83d\udca1 <strong>Tipp:<\/strong> Az itteni szolg\u00e1ltat\u00e1sok min\u0151s\u00e9ge olyan sz\u00ednvonal\u00fa, hogy a helyi Ensana Aquahouse sz\u00e1lloda 2026 augusztus\u00e1ban <strong>az els\u0151 v\u00e1rnai sz\u00e1lloda lett, amely beker\u00fclt a rangos Michelin Guide-ba<\/strong> (mik\u00f6zben a f\u0151v\u00e1ros, Sz\u00f3fia a mai napig egyet sem tudhat mag\u00e1\u00e9nak).<\/p>\n\n\n\n<figure data-wp-context=\"{&quot;imageId&quot;:&quot;6a9c16a5bdef9&quot;}\" data-wp-interactive=\"core\/image\" data-wp-key=\"6a9c16a5bdef9\" class=\"wp-block-image size-full wp-lightbox-container\"><img decoding=\"async\" width=\"1800\" height=\"1350\" data-wp-class--hide=\"state.isContentHidden\" data-wp-class--show=\"state.isContentVisible\" data-wp-init=\"callbacks.setButtonStyles\" data-wp-on--click=\"actions.showLightbox\" data-wp-on--load=\"callbacks.setButtonStyles\" data-wp-on--pointerdown=\"actions.preloadImage\" data-wp-on--pointerenter=\"actions.preloadImageWithDelay\" data-wp-on--pointerleave=\"actions.cancelPreload\" data-wp-on-window--resize=\"callbacks.setButtonStyles\" src=\"https:\/\/loudavymkrokem.cz\/wp-content\/uploads\/2026\/08\/bulharsko-research-varna-23-e2205d32.jpg\" alt=\"Sziklat\u00f6mb Madar\u00e1n\u00e1l, ahol a Madarai lovas ki van faragva\" class=\"wp-image-407798\" title=\"\" srcset=\"https:\/\/loudavymkrokem.cz\/wp-content\/uploads\/2026\/08\/bulharsko-research-varna-23-e2205d32.jpg 1800w, https:\/\/loudavymkrokem.cz\/wp-content\/uploads\/2026\/08\/bulharsko-research-varna-23-e2205d32-300x225.jpg 300w, https:\/\/loudavymkrokem.cz\/wp-content\/uploads\/2026\/08\/bulharsko-research-varna-23-e2205d32-700x525.jpg 700w, https:\/\/loudavymkrokem.cz\/wp-content\/uploads\/2026\/08\/bulharsko-research-varna-23-e2205d32-768x576.jpg 768w, https:\/\/loudavymkrokem.cz\/wp-content\/uploads\/2026\/08\/bulharsko-research-varna-23-e2205d32-1536x1152.jpg 1536w, https:\/\/loudavymkrokem.cz\/wp-content\/uploads\/2026\/08\/bulharsko-research-varna-23-e2205d32-80x60.jpg 80w, https:\/\/loudavymkrokem.cz\/wp-content\/uploads\/2026\/08\/bulharsko-research-varna-23-e2205d32-160x120.jpg 160w, https:\/\/loudavymkrokem.cz\/wp-content\/uploads\/2026\/08\/bulharsko-research-varna-23-e2205d32-696x522.jpg 696w, https:\/\/loudavymkrokem.cz\/wp-content\/uploads\/2026\/08\/bulharsko-research-varna-23-e2205d32-1392x1044.jpg 1392w\" sizes=\"(max-width: 1800px) 100vw, 1800px\" \/><button\n\t\t\tclass=\"lightbox-trigger\"\n\t\t\ttype=\"button\"\n\t\t\taria-haspopup=\"dialog\"\n\t\t\tdata-wp-bind--aria-label=\"state.thisImage.triggerButtonAriaLabel\"\n\t\t\tdata-wp-init=\"callbacks.initTriggerButton\"\n\t\t\tdata-wp-on--click=\"actions.showLightbox\"\n\t\t\tdata-wp-style--right=\"state.thisImage.buttonRight\"\n\t\t\tdata-wp-style--top=\"state.thisImage.buttonTop\"\n\t\t>\n\t\t\t<svg xmlns=\"http:\/\/www.w3.org\/2000\/svg\" width=\"12\" height=\"12\" fill=\"none\" viewBox=\"0 0 12 12\">\n\t\t\t\t<path fill=\"#fff\" d=\"M2 0a2 2 0 0 0-2 2v2h1.5V2a.5.5 0 0 1 .5-.5h2V0H2Zm2 10.5H2a.5.5 0 0 1-.5-.5V8H0v2a2 2 0 0 0 2 2h2v-1.5ZM8 12v-1.5h2a.5.5 0 0 0 .5-.5V8H12v2a2 2 0 0 1-2 2H8Zm2-12a2 2 0 0 1 2 2v2h-1.5V2a.5.5 0 0 0-.5-.5H8V0h2Z\" \/>\n\t\t\t<\/svg>\n\t\t<\/button><figcaption class=\"wp-element-caption\">Foto: valeri mladenov (Google Maps)<\/figcaption><\/figure>\n\n\n\n<h2 class=\"wp-block-heading\"><span class=\"ez-toc-section\" id=\"Kirandulasok_Varnabol\"><\/span>Kir\u00e1ndul\u00e1sok V\u00e1rn\u00e1b\u00f3l<span class=\"ez-toc-section-end\"><\/span><\/h2>\n\n\n\n<p class=\"wp-block-paragraph\">Miut\u00e1n megn\u00e9zted mag\u00e1t a v\u00e1rost, \u00e9rdemes <strong>aut\u00f3t b\u00e9relni<\/strong>. V\u00e1rna k\u00f6rny\u00e9ke <strong>olyan term\u00e9szeti csod\u00e1kat \u00e9s m\u0171eml\u00e9keket<\/strong> rejt, amelyeknek Eur\u00f3p\u00e1ban nincs p\u00e1rja.<\/p>\n\n\n\n<figure data-wp-context=\"{&quot;imageId&quot;:&quot;6a9c16a5be3ac&quot;}\" data-wp-interactive=\"core\/image\" data-wp-key=\"6a9c16a5be3ac\" class=\"wp-block-image size-full wp-lightbox-container\"><img decoding=\"async\" width=\"1800\" height=\"1200\" data-wp-class--hide=\"state.isContentHidden\" data-wp-class--show=\"state.isContentVisible\" data-wp-init=\"callbacks.setButtonStyles\" data-wp-on--click=\"actions.showLightbox\" data-wp-on--load=\"callbacks.setButtonStyles\" data-wp-on--pointerdown=\"actions.preloadImage\" data-wp-on--pointerenter=\"actions.preloadImageWithDelay\" data-wp-on--pointerleave=\"actions.cancelPreload\" data-wp-on-window--resize=\"callbacks.setButtonStyles\" src=\"https:\/\/loudavymkrokem.cz\/wp-content\/uploads\/2026\/08\/bulharsko-research-varna-24-368732fd.jpg\" alt=\"Palota \u00e9s botanikus kert Balcsikban\" class=\"wp-image-407799\" title=\"\" srcset=\"https:\/\/loudavymkrokem.cz\/wp-content\/uploads\/2026\/08\/bulharsko-research-varna-24-368732fd.jpg 1800w, https:\/\/loudavymkrokem.cz\/wp-content\/uploads\/2026\/08\/bulharsko-research-varna-24-368732fd-300x200.jpg 300w, https:\/\/loudavymkrokem.cz\/wp-content\/uploads\/2026\/08\/bulharsko-research-varna-24-368732fd-700x467.jpg 700w, https:\/\/loudavymkrokem.cz\/wp-content\/uploads\/2026\/08\/bulharsko-research-varna-24-368732fd-768x512.jpg 768w, https:\/\/loudavymkrokem.cz\/wp-content\/uploads\/2026\/08\/bulharsko-research-varna-24-368732fd-1536x1024.jpg 1536w, https:\/\/loudavymkrokem.cz\/wp-content\/uploads\/2026\/08\/bulharsko-research-varna-24-368732fd-696x464.jpg 696w, https:\/\/loudavymkrokem.cz\/wp-content\/uploads\/2026\/08\/bulharsko-research-varna-24-368732fd-1392x928.jpg 1392w\" sizes=\"(max-width: 1800px) 100vw, 1800px\" \/><button\n\t\t\tclass=\"lightbox-trigger\"\n\t\t\ttype=\"button\"\n\t\t\taria-haspopup=\"dialog\"\n\t\t\tdata-wp-bind--aria-label=\"state.thisImage.triggerButtonAriaLabel\"\n\t\t\tdata-wp-init=\"callbacks.initTriggerButton\"\n\t\t\tdata-wp-on--click=\"actions.showLightbox\"\n\t\t\tdata-wp-style--right=\"state.thisImage.buttonRight\"\n\t\t\tdata-wp-style--top=\"state.thisImage.buttonTop\"\n\t\t>\n\t\t\t<svg xmlns=\"http:\/\/www.w3.org\/2000\/svg\" width=\"12\" height=\"12\" fill=\"none\" viewBox=\"0 0 12 12\">\n\t\t\t\t<path fill=\"#fff\" d=\"M2 0a2 2 0 0 0-2 2v2h1.5V2a.5.5 0 0 1 .5-.5h2V0H2Zm2 10.5H2a.5.5 0 0 1-.5-.5V8H0v2a2 2 0 0 0 2 2h2v-1.5ZM8 12v-1.5h2a.5.5 0 0 0 .5-.5V8H12v2a2 2 0 0 1-2 2H8Zm2-12a2 2 0 0 1 2 2v2h-1.5V2a.5.5 0 0 0-.5-.5H8V0h2Z\" \/>\n\t\t\t<\/svg>\n\t\t<\/button><figcaption class=\"wp-element-caption\">Foto: Dan Kollmann, CC BY-SA 4.0 (Wikimedia Commons)<\/figcaption><\/figure>\n\n\n\n<h3 class=\"wp-block-heading\"><span class=\"ez-toc-section\" id=\"17_Balcsik_palota_es_kertek\"><\/span>17. Balcsik palota \u00e9s kertek<span class=\"ez-toc-section-end\"><\/span><\/h3>\n\n\n\n<p class=\"wp-block-paragraph\">Nagyj\u00e1b\u00f3l 40 percnyi aut\u00f3\u00fatra \u00e9szakra V\u00e1rn\u00e1t\u00f3l fekszik a b\u00e1jos kisv\u00e1ros, Balcsik. M\u00e1ria rom\u00e1n kir\u00e1lyn\u00e9 annyira megszerette, hogy ny\u00e1ri rezidenci\u00e1t \u00e9p\u00edttetett itt mag\u00e1nak, amelyet Csendes f\u00e9szeknek nevezett. A vill\u00e1t teljesen leny\u0171g\u00f6z\u0151 botanikus kert veszi k\u00f6r\u00fcl, amely teraszosan lejt eg\u00e9szen a tengerig. Kiterjedt kaktuszgy\u0171jtem\u00e9ny\u00e9t az \u00fatik\u00f6nyvek gyakran Eur\u00f3pa egyik legnagyobbjak\u00e9nt emlegetik. \ud83d\udca1 <strong>Tipp:<\/strong> <strong>Kombin\u00e1lt jegy nem l\u00e9tezik!<\/strong> K\u00fcl\u00f6n kell megvenned a bel\u00e9p\u0151t a palot\u00e1ba (10 \u20ac) \u00e9s k\u00fcl\u00f6n a kertekbe (10 \u20ac). Figyelj a gyermekkedvezm\u00e9nyekre: m\u00edg a palot\u00e1ba a gyerekek 6 \u00e9ves korig ingyen mehetnek, a kert csak 4 \u00e9ves korig enged be ingyen.<\/p>\n\n\n\n<figure data-wp-context=\"{&quot;imageId&quot;:&quot;6a9c16a5be841&quot;}\" data-wp-interactive=\"core\/image\" data-wp-key=\"6a9c16a5be841\" class=\"wp-block-image size-full wp-lightbox-container\"><img decoding=\"async\" width=\"1800\" height=\"1080\" data-wp-class--hide=\"state.isContentHidden\" data-wp-class--show=\"state.isContentVisible\" data-wp-init=\"callbacks.setButtonStyles\" data-wp-on--click=\"actions.showLightbox\" data-wp-on--load=\"callbacks.setButtonStyles\" data-wp-on--pointerdown=\"actions.preloadImage\" data-wp-on--pointerenter=\"actions.preloadImageWithDelay\" data-wp-on--pointerleave=\"actions.cancelPreload\" data-wp-on-window--resize=\"callbacks.setButtonStyles\" src=\"https:\/\/loudavymkrokem.cz\/wp-content\/uploads\/2026\/08\/bulharsko-research-varna-25-5c253189.jpg\" alt=\"A Kaliakra-fok szikl\u00e1i\" class=\"wp-image-407800\" title=\"\" srcset=\"https:\/\/loudavymkrokem.cz\/wp-content\/uploads\/2026\/08\/bulharsko-research-varna-25-5c253189.jpg 1800w, https:\/\/loudavymkrokem.cz\/wp-content\/uploads\/2026\/08\/bulharsko-research-varna-25-5c253189-300x180.jpg 300w, https:\/\/loudavymkrokem.cz\/wp-content\/uploads\/2026\/08\/bulharsko-research-varna-25-5c253189-700x420.jpg 700w, https:\/\/loudavymkrokem.cz\/wp-content\/uploads\/2026\/08\/bulharsko-research-varna-25-5c253189-768x461.jpg 768w, https:\/\/loudavymkrokem.cz\/wp-content\/uploads\/2026\/08\/bulharsko-research-varna-25-5c253189-1536x922.jpg 1536w, https:\/\/loudavymkrokem.cz\/wp-content\/uploads\/2026\/08\/bulharsko-research-varna-25-5c253189-696x418.jpg 696w, https:\/\/loudavymkrokem.cz\/wp-content\/uploads\/2026\/08\/bulharsko-research-varna-25-5c253189-1392x835.jpg 1392w\" sizes=\"(max-width: 1800px) 100vw, 1800px\" \/><button\n\t\t\tclass=\"lightbox-trigger\"\n\t\t\ttype=\"button\"\n\t\t\taria-haspopup=\"dialog\"\n\t\t\tdata-wp-bind--aria-label=\"state.thisImage.triggerButtonAriaLabel\"\n\t\t\tdata-wp-init=\"callbacks.initTriggerButton\"\n\t\t\tdata-wp-on--click=\"actions.showLightbox\"\n\t\t\tdata-wp-style--right=\"state.thisImage.buttonRight\"\n\t\t\tdata-wp-style--top=\"state.thisImage.buttonTop\"\n\t\t>\n\t\t\t<svg xmlns=\"http:\/\/www.w3.org\/2000\/svg\" width=\"12\" height=\"12\" fill=\"none\" viewBox=\"0 0 12 12\">\n\t\t\t\t<path fill=\"#fff\" d=\"M2 0a2 2 0 0 0-2 2v2h1.5V2a.5.5 0 0 1 .5-.5h2V0H2Zm2 10.5H2a.5.5 0 0 1-.5-.5V8H0v2a2 2 0 0 0 2 2h2v-1.5ZM8 12v-1.5h2a.5.5 0 0 0 .5-.5V8H12v2a2 2 0 0 1-2 2H8Zm2-12a2 2 0 0 1 2 2v2h-1.5V2a.5.5 0 0 0-.5-.5H8V0h2Z\" \/>\n\t\t\t<\/svg>\n\t\t<\/button><figcaption class=\"wp-element-caption\">Foto: Dan Kollmann, CC BY-SA 4.0 (Wikimedia Commons)<\/figcaption><\/figure>\n\n\n\n<h3 class=\"wp-block-heading\"><span class=\"ez-toc-section\" id=\"18_Kaliakra-fok\"><\/span>18. Kaliakra-fok<span class=\"ez-toc-section-end\"><\/span><\/h3>\n\n\n\n<p class=\"wp-block-paragraph\">Balcsik m\u00f6g\u00f6tt kicsivel a tengerbe v\u00e1g egy k\u00e9tkilom\u00e9teres szikl\u00e1s ny\u00falv\u00e1ny, a Kaliakra-fok. Az ak\u00e1r 70 m\u00e9ter magas, b\u00edborsz\u00edn\u0171 szikl\u00e1k f\u00fcgg\u0151legesen zuhannak a hull\u00e1mokba, \u00edgy a bolg\u00e1r tengerpart egyik legfotog\u00e9nebb hely\u00e9t alkotj\u00e1k. A helynek gazdag t\u00f6rt\u00e9nelme van a tr\u00e1k betelep\u00fcl\u00e9st\u0151l eg\u00e9szen a k\u00f6z\u00e9pkori Dobrudzsai Despot\u00e1tus f\u0151v\u00e1ros\u00e1ig. A legenda szerint ezekr\u0151l a szikl\u00e1kr\u00f3l ugrott le 40 sz\u0171z \u00f6sszek\u00f6t\u00f6z\u00f6tt hajjal, hogy ne essen oszm\u00e1n fogs\u00e1gba. \ud83d\udca1 <strong>Tipp:<\/strong> A ter\u00fcletre a bel\u00e9p\u0151 a l\u00e1togat\u00f3k szerint nagyj\u00e1b\u00f3l 3 \u20ac. Aut\u00f3 n\u00e9lk\u00fcl csak nagyon nehezen jutsz ide, a busz V\u00e1rn\u00e1b\u00f3l csak Kavarn\u00e1ig megy, a t\u00f6bbit taxival kell megtenned. Tartsd nyitva a szemed, a szikl\u00e1kr\u00f3l gyakran lehet delfineket l\u00e1tni.<\/p>\n\n\n\n<figure data-wp-context=\"{&quot;imageId&quot;:&quot;6a9c16a5bed9f&quot;}\" data-wp-interactive=\"core\/image\" data-wp-key=\"6a9c16a5bed9f\" class=\"wp-block-image size-full wp-lightbox-container\"><img decoding=\"async\" width=\"1800\" height=\"1350\" data-wp-class--hide=\"state.isContentHidden\" data-wp-class--show=\"state.isContentVisible\" data-wp-init=\"callbacks.setButtonStyles\" data-wp-on--click=\"actions.showLightbox\" data-wp-on--load=\"callbacks.setButtonStyles\" data-wp-on--pointerdown=\"actions.preloadImage\" data-wp-on--pointerenter=\"actions.preloadImageWithDelay\" data-wp-on--pointerleave=\"actions.cancelPreload\" data-wp-on-window--resize=\"callbacks.setButtonStyles\" src=\"https:\/\/loudavymkrokem.cz\/wp-content\/uploads\/2026\/08\/bulharsko-research-varna-26-0919ed51.jpg\" alt=\"Aladzsa sziklakolostor V\u00e1rna mellett\" class=\"wp-image-407801\" title=\"\" srcset=\"https:\/\/loudavymkrokem.cz\/wp-content\/uploads\/2026\/08\/bulharsko-research-varna-26-0919ed51.jpg 1800w, https:\/\/loudavymkrokem.cz\/wp-content\/uploads\/2026\/08\/bulharsko-research-varna-26-0919ed51-300x225.jpg 300w, https:\/\/loudavymkrokem.cz\/wp-content\/uploads\/2026\/08\/bulharsko-research-varna-26-0919ed51-700x525.jpg 700w, https:\/\/loudavymkrokem.cz\/wp-content\/uploads\/2026\/08\/bulharsko-research-varna-26-0919ed51-768x576.jpg 768w, https:\/\/loudavymkrokem.cz\/wp-content\/uploads\/2026\/08\/bulharsko-research-varna-26-0919ed51-1536x1152.jpg 1536w, https:\/\/loudavymkrokem.cz\/wp-content\/uploads\/2026\/08\/bulharsko-research-varna-26-0919ed51-80x60.jpg 80w, https:\/\/loudavymkrokem.cz\/wp-content\/uploads\/2026\/08\/bulharsko-research-varna-26-0919ed51-160x120.jpg 160w, https:\/\/loudavymkrokem.cz\/wp-content\/uploads\/2026\/08\/bulharsko-research-varna-26-0919ed51-696x522.jpg 696w, https:\/\/loudavymkrokem.cz\/wp-content\/uploads\/2026\/08\/bulharsko-research-varna-26-0919ed51-1392x1044.jpg 1392w\" sizes=\"(max-width: 1800px) 100vw, 1800px\" \/><button\n\t\t\tclass=\"lightbox-trigger\"\n\t\t\ttype=\"button\"\n\t\t\taria-haspopup=\"dialog\"\n\t\t\tdata-wp-bind--aria-label=\"state.thisImage.triggerButtonAriaLabel\"\n\t\t\tdata-wp-init=\"callbacks.initTriggerButton\"\n\t\t\tdata-wp-on--click=\"actions.showLightbox\"\n\t\t\tdata-wp-style--right=\"state.thisImage.buttonRight\"\n\t\t\tdata-wp-style--top=\"state.thisImage.buttonTop\"\n\t\t>\n\t\t\t<svg xmlns=\"http:\/\/www.w3.org\/2000\/svg\" width=\"12\" height=\"12\" fill=\"none\" viewBox=\"0 0 12 12\">\n\t\t\t\t<path fill=\"#fff\" d=\"M2 0a2 2 0 0 0-2 2v2h1.5V2a.5.5 0 0 1 .5-.5h2V0H2Zm2 10.5H2a.5.5 0 0 1-.5-.5V8H0v2a2 2 0 0 0 2 2h2v-1.5ZM8 12v-1.5h2a.5.5 0 0 0 .5-.5V8H12v2a2 2 0 0 1-2 2H8Zm2-12a2 2 0 0 1 2 2v2h-1.5V2a.5.5 0 0 0-.5-.5H8V0h2Z\" \/>\n\t\t\t<\/svg>\n\t\t<\/button><figcaption class=\"wp-element-caption\">Foto: Utilizator:\u021aetcu Mircea Rare\u0219 at ro.wikipedia, CC BY-SA 2.5 (Wikimedia Commons)<\/figcaption><\/figure>\n\n\n\n<h3 class=\"wp-block-heading\"><span class=\"ez-toc-section\" id=\"19_Aladzsa_kolostor\"><\/span>19. Aladzsa kolostor<span class=\"ez-toc-section-end\"><\/span><\/h3>\n\n\n\n<p class=\"wp-block-paragraph\">Mind\u00f6ssze 16 kilom\u00e9terre V\u00e1rn\u00e1t\u00f3l, egy 40 m\u00e9ter magas m\u00e9szk\u0151szikl\u00e1ban rejt\u0151zik egy k\u00f6z\u00e9pkori sziklakolostor. A 12\u201314. sz\u00e1zadban h\u00e9sz\u00fckhaszta szerzetesk\u00f6z\u00f6ss\u00e9g \u00e9lt itt, amely a cell\u00e1it \u00e9s k\u00e1poln\u00e1it k\u00f6zvetlen\u00fcl a szikl\u00e1ba v\u00e1jta, k\u00e9t magass\u00e1gi szinten. A neve a t\u00f6r\u00f6k \u201etarka&#8221; jelent\u00e9s\u0171 sz\u00f3b\u00f3l sz\u00e1rmazik, ami a ma m\u00e1r megsemmis\u00fclt sz\u00ednes fresk\u00f3kra utal. \ud83d\udca1 <strong>Tipp:<\/strong> A bel\u00e9p\u0151 5 \u20ac. Ha t\u00e9len l\u00e1togatsz V\u00e1rn\u00e1ba, ezt a kir\u00e1ndul\u00e1st h\u00fazd ki \u2014 <strong>decembert\u0151l febru\u00e1rig a kolostor teljesen z\u00e1rva van<\/strong> a nyilv\u00e1noss\u00e1g el\u0151tt.<\/p>\n\n\n\n<figure data-wp-context=\"{&quot;imageId&quot;:&quot;6a9c16a5bf2aa&quot;}\" data-wp-interactive=\"core\/image\" data-wp-key=\"6a9c16a5bf2aa\" class=\"wp-block-image size-full wp-lightbox-container\"><img decoding=\"async\" width=\"1800\" height=\"813\" data-wp-class--hide=\"state.isContentHidden\" data-wp-class--show=\"state.isContentVisible\" data-wp-init=\"callbacks.setButtonStyles\" data-wp-on--click=\"actions.showLightbox\" data-wp-on--load=\"callbacks.setButtonStyles\" data-wp-on--pointerdown=\"actions.preloadImage\" data-wp-on--pointerenter=\"actions.preloadImageWithDelay\" data-wp-on--pointerleave=\"actions.cancelPreload\" data-wp-on-window--resize=\"callbacks.setButtonStyles\" src=\"https:\/\/loudavymkrokem.cz\/wp-content\/uploads\/2026\/08\/bulharsko-research-varna-27-1a79dd3a.jpg\" alt=\"A Pobiti kamani k\u0151erd\u0151 V\u00e1rna mellett\" class=\"wp-image-407802\" title=\"\" srcset=\"https:\/\/loudavymkrokem.cz\/wp-content\/uploads\/2026\/08\/bulharsko-research-varna-27-1a79dd3a.jpg 1800w, https:\/\/loudavymkrokem.cz\/wp-content\/uploads\/2026\/08\/bulharsko-research-varna-27-1a79dd3a-300x136.jpg 300w, https:\/\/loudavymkrokem.cz\/wp-content\/uploads\/2026\/08\/bulharsko-research-varna-27-1a79dd3a-700x316.jpg 700w, https:\/\/loudavymkrokem.cz\/wp-content\/uploads\/2026\/08\/bulharsko-research-varna-27-1a79dd3a-768x347.jpg 768w, https:\/\/loudavymkrokem.cz\/wp-content\/uploads\/2026\/08\/bulharsko-research-varna-27-1a79dd3a-1536x694.jpg 1536w, https:\/\/loudavymkrokem.cz\/wp-content\/uploads\/2026\/08\/bulharsko-research-varna-27-1a79dd3a-696x314.jpg 696w, https:\/\/loudavymkrokem.cz\/wp-content\/uploads\/2026\/08\/bulharsko-research-varna-27-1a79dd3a-1392x629.jpg 1392w\" sizes=\"(max-width: 1800px) 100vw, 1800px\" \/><button\n\t\t\tclass=\"lightbox-trigger\"\n\t\t\ttype=\"button\"\n\t\t\taria-haspopup=\"dialog\"\n\t\t\tdata-wp-bind--aria-label=\"state.thisImage.triggerButtonAriaLabel\"\n\t\t\tdata-wp-init=\"callbacks.initTriggerButton\"\n\t\t\tdata-wp-on--click=\"actions.showLightbox\"\n\t\t\tdata-wp-style--right=\"state.thisImage.buttonRight\"\n\t\t\tdata-wp-style--top=\"state.thisImage.buttonTop\"\n\t\t>\n\t\t\t<svg xmlns=\"http:\/\/www.w3.org\/2000\/svg\" width=\"12\" height=\"12\" fill=\"none\" viewBox=\"0 0 12 12\">\n\t\t\t\t<path fill=\"#fff\" d=\"M2 0a2 2 0 0 0-2 2v2h1.5V2a.5.5 0 0 1 .5-.5h2V0H2Zm2 10.5H2a.5.5 0 0 1-.5-.5V8H0v2a2 2 0 0 0 2 2h2v-1.5ZM8 12v-1.5h2a.5.5 0 0 0 .5-.5V8H12v2a2 2 0 0 1-2 2H8Zm2-12a2 2 0 0 1 2 2v2h-1.5V2a.5.5 0 0 0-.5-.5H8V0h2Z\" \/>\n\t\t\t<\/svg>\n\t\t<\/button><figcaption class=\"wp-element-caption\">Foto: Diego Delso, CC BY-SA 4.0 (Wikimedia Commons)<\/figcaption><\/figure>\n\n\n\n<h3 class=\"wp-block-heading\"><span class=\"ez-toc-section\" id=\"20_Pobiti_kamani_es_a_Madarai_lovas\"><\/span>20. Pobiti kamani \u00e9s a Madarai lovas<span class=\"ez-toc-section-end\"><\/span><\/h3>\n\n\n\n<p class=\"wp-block-paragraph\">Nagyj\u00e1b\u00f3l h\u00fasz perc aut\u00f3\u00fatra a bels\u0151 ter\u00fcletek fel\u00e9 bukkansz a K\u0151erd\u0151re (Pobiti kamani). A sz\u00e1razabb, homokos t\u00e1jb\u00f3l itt t\u00f6bb sz\u00e1z, ak\u00e1r 6 m\u00e9ter magas k\u0151oszlop mered ki. Hogy pontosan hogyan keletkeztek, a mai napig senki nem tudja biztosan, de a modern kutat\u00e1sok ink\u00e1bb arra hajlanak, hogy egy \u0151si, a tengerfen\u00e9kr\u0151l felt\u00f6r\u0151 met\u00e1nsziv\u00e1rg\u00e1s megk\u00f6vesedett k\u00e9m\u00e9nyei. A bel\u00e9p\u0151 3 \u20ac. \ud83d\udca1 <strong>Tipp eg\u00e9sznapos kir\u00e1ndul\u00e1sra:<\/strong> Ha van aut\u00f3d, k\u00f6sd \u00f6ssze a Pobiti kamanit a <strong>Madarai lovas<\/strong> l\u00e1togat\u00e1s\u00e1val (kb. 75 km V\u00e1rn\u00e1t\u00f3l). Ez az egyed\u00fcl\u00e1ll\u00f3 k\u00f6z\u00e9pkori domborm\u0171, amelyet 23 m\u00e9ter magasan faragtak a szikl\u00e1ba, UNESCO-v\u00e9detts\u00e9get \u00e9lvez, \u00e9s nagyj\u00e1b\u00f3l sz\u00e1z m\u00e9ter szintk\u00fcl\u00f6nbs\u00e9g vezet hozz\u00e1 l\u00e9pcs\u0151k\u00f6n. A bel\u00e9p\u0151 nagyj\u00e1b\u00f3l 3,58 \u20ac.<\/p>\n\n\n\n<figure data-wp-context=\"{&quot;imageId&quot;:&quot;6a9c16a5bf710&quot;}\" data-wp-interactive=\"core\/image\" data-wp-key=\"6a9c16a5bf710\" class=\"wp-block-image size-full wp-lightbox-container\"><img decoding=\"async\" width=\"1800\" height=\"1014\" data-wp-class--hide=\"state.isContentHidden\" data-wp-class--show=\"state.isContentVisible\" data-wp-init=\"callbacks.setButtonStyles\" data-wp-on--click=\"actions.showLightbox\" data-wp-on--load=\"callbacks.setButtonStyles\" data-wp-on--pointerdown=\"actions.preloadImage\" data-wp-on--pointerenter=\"actions.preloadImageWithDelay\" data-wp-on--pointerleave=\"actions.cancelPreload\" data-wp-on-window--resize=\"callbacks.setButtonStyles\" src=\"https:\/\/loudavymkrokem.cz\/wp-content\/uploads\/2026\/08\/bulharsko-research-varna-28-8417c058.jpg\" alt=\"Sopszka sal\u00e1ta, a bolg\u00e1r konyha klasszikusa\" class=\"wp-image-407803\" title=\"\" srcset=\"https:\/\/loudavymkrokem.cz\/wp-content\/uploads\/2026\/08\/bulharsko-research-varna-28-8417c058.jpg 1800w, https:\/\/loudavymkrokem.cz\/wp-content\/uploads\/2026\/08\/bulharsko-research-varna-28-8417c058-300x169.jpg 300w, https:\/\/loudavymkrokem.cz\/wp-content\/uploads\/2026\/08\/bulharsko-research-varna-28-8417c058-700x394.jpg 700w, https:\/\/loudavymkrokem.cz\/wp-content\/uploads\/2026\/08\/bulharsko-research-varna-28-8417c058-768x433.jpg 768w, https:\/\/loudavymkrokem.cz\/wp-content\/uploads\/2026\/08\/bulharsko-research-varna-28-8417c058-1536x865.jpg 1536w, https:\/\/loudavymkrokem.cz\/wp-content\/uploads\/2026\/08\/bulharsko-research-varna-28-8417c058-696x392.jpg 696w, https:\/\/loudavymkrokem.cz\/wp-content\/uploads\/2026\/08\/bulharsko-research-varna-28-8417c058-1392x784.jpg 1392w\" sizes=\"(max-width: 1800px) 100vw, 1800px\" \/><button\n\t\t\tclass=\"lightbox-trigger\"\n\t\t\ttype=\"button\"\n\t\t\taria-haspopup=\"dialog\"\n\t\t\tdata-wp-bind--aria-label=\"state.thisImage.triggerButtonAriaLabel\"\n\t\t\tdata-wp-init=\"callbacks.initTriggerButton\"\n\t\t\tdata-wp-on--click=\"actions.showLightbox\"\n\t\t\tdata-wp-style--right=\"state.thisImage.buttonRight\"\n\t\t\tdata-wp-style--top=\"state.thisImage.buttonTop\"\n\t\t>\n\t\t\t<svg xmlns=\"http:\/\/www.w3.org\/2000\/svg\" width=\"12\" height=\"12\" fill=\"none\" viewBox=\"0 0 12 12\">\n\t\t\t\t<path fill=\"#fff\" d=\"M2 0a2 2 0 0 0-2 2v2h1.5V2a.5.5 0 0 1 .5-.5h2V0H2Zm2 10.5H2a.5.5 0 0 1-.5-.5V8H0v2a2 2 0 0 0 2 2h2v-1.5ZM8 12v-1.5h2a.5.5 0 0 0 .5-.5V8H12v2a2 2 0 0 1-2 2H8Zm2-12a2 2 0 0 1 2 2v2h-1.5V2a.5.5 0 0 0-.5-.5H8V0h2Z\" \/>\n\t\t\t<\/svg>\n\t\t<\/button><figcaption class=\"wp-element-caption\">Foto: Viktorija N. Ivanov, CC BY-SA 4.0 (Wikimedia Commons)<\/figcaption><\/figure>\n\n\n\n<h2 class=\"wp-block-heading\"><span class=\"ez-toc-section\" id=\"Hol_egyel_Varnaban\"><\/span>Hol egy\u00e9l V\u00e1rn\u00e1ban<span class=\"ez-toc-section-end\"><\/span><\/h2>\n\n\n\n<p class=\"wp-block-paragraph\">A gasztron\u00f3mia V\u00e1rn\u00e1ban kiv\u00e1l\u00f3, de tudnod kell, hov\u00e1 menj. A min\u0151s\u00e9gi \u00e9telek szerelmeseinek hossz\u00fa t\u00e1v\u00fa biztos tipp a <strong>Sztarija Csinar \u00e9ttereml\u00e1nc<\/strong>. \u00d6t \u00fczlet\u00fck van a v\u00e1rosban (k\u00fcl\u00f6n\u00f6sen j\u00f3l \u00e9rt\u00e9keltek a Port Varna vagy a Cserno More melletti helyek), \u00e9s t\u00f6k\u00e9letes \u00e1r-\u00e9rt\u00e9k ar\u00e1nyt k\u00edn\u00e1lnak. Ha pontosan oda akarsz enni j\u00e1rni, ahov\u00e1 a t\u00f6rt\u00e9nelmi G\u00f6r\u00f6g negyed helyi lak\u00f3i j\u00e1rnak, indulj a <strong>csal\u00e1di Erato \u00e9tterembe<\/strong>, ahol 15 eur\u00f3b\u00f3l j\u00f3llakhatsz. K\u00e1v\u00e9ra \u00e9s reggelire kiv\u00e1l\u00f3 \u00e9rt\u00e9kel\u00e9st kaptak a Blend Coffee \u00e9s a Stretto k\u00e1v\u00e9z\u00f3k.<\/p>\n\n\n\n<p class=\"wp-block-paragraph\"><strong>A veget\u00e1ri\u00e1nusok sz\u00e1m\u00e1ra a bolg\u00e1r konyha meglehet\u0151sen bar\u00e1ts\u00e1gos, ha tudod, mit kell rendelni.<\/strong> Keresd a klasszikusokat: <strong>sopszka sal\u00e1ta, hideg uborkaleves tarator, s\u00fct\u0151ben s\u00fclt sirene sajt sopszka m\u00f3dra, z\u00f6lds\u00e9ges mis-mas vagy padlizs\u00e1nos kjopoolu<\/strong>. A Sztarija Csinar \u00e9tteremnek k\u00fcl\u00f6n h\u00fastalan szekci\u00f3ja van az \u00e9tlapon, ahol kiv\u00e1l\u00f3, sajttal t\u00f6lt\u00f6tt bjurek paprik\u00e1t vagy rizott\u00f3t tal\u00e1lsz. Tiszt\u00e1n veget\u00e1ri\u00e1nus biztos pont V\u00e1rna belv\u00e1ros\u00e1ban pedig a <strong>SUPA<\/strong> vagy a <strong>Zsiva priroda<\/strong>. A kor\u00e1bban aj\u00e1nlott veg\u00e1n \u00e9tterem, a Vege Joy viszont m\u00e1r v\u00e9glegesen bez\u00e1rt.<\/p>\n\n\n\n<p class=\"wp-block-paragraph\"><strong>Gasztron\u00f3miai csapd\u00e1k a veget\u00e1ri\u00e1nusoknak:<\/strong> Ne t\u00e9vesszenek meg a nevek! A <strong>tarama<\/strong> cs\u00e1b\u00edt\u00f3an hangzik, de halikr\u00e1b\u00f3l k\u00e9sz\u00fclt paszta. Az <strong>ovcsarszka salata<\/strong> \u00e1rtatlan sal\u00e1t\u00e1nak t\u0171nik, de mindig tartalmaz szalonn\u00e1t. A n\u00e9pszer\u0171 balk\u00e1ni <strong>muszaka<\/strong>, a rakott pir\u00edt\u00f3s <strong>princesi<\/strong> \u00e9s a hagyom\u00e1nyos <strong>drob szarma<\/strong> mindig h\u00fassal vagy bels\u0151s\u00e9gekkel k\u00e9sz\u00fcl, \u00e9s a veget\u00e1ri\u00e1nus v\u00e1ltozatukat a h\u00e9tk\u00f6znapi mechan\u00e1kban gyakorlatilag nem csin\u00e1lj\u00e1k.<\/p>\n\n\n\n<figure data-wp-context=\"{&quot;imageId&quot;:&quot;6a9c16a5bfc4d&quot;}\" data-wp-interactive=\"core\/image\" data-wp-key=\"6a9c16a5bfc4d\" class=\"wp-block-image size-full wp-lightbox-container\"><img decoding=\"async\" width=\"1800\" height=\"1199\" data-wp-class--hide=\"state.isContentHidden\" data-wp-class--show=\"state.isContentVisible\" data-wp-init=\"callbacks.setButtonStyles\" data-wp-on--click=\"actions.showLightbox\" data-wp-on--load=\"callbacks.setButtonStyles\" data-wp-on--pointerdown=\"actions.preloadImage\" data-wp-on--pointerenter=\"actions.preloadImageWithDelay\" data-wp-on--pointerleave=\"actions.cancelPreload\" data-wp-on-window--resize=\"callbacks.setButtonStyles\" src=\"https:\/\/loudavymkrokem.cz\/wp-content\/uploads\/2026\/08\/bulharsko-research-varna-29-7619f99e.jpg\" alt=\"Szoba a v\u00e1rnai Grand Hotel Londonban\" class=\"wp-image-407804\" title=\"\" srcset=\"https:\/\/loudavymkrokem.cz\/wp-content\/uploads\/2026\/08\/bulharsko-research-varna-29-7619f99e.jpg 1800w, https:\/\/loudavymkrokem.cz\/wp-content\/uploads\/2026\/08\/bulharsko-research-varna-29-7619f99e-300x200.jpg 300w, https:\/\/loudavymkrokem.cz\/wp-content\/uploads\/2026\/08\/bulharsko-research-varna-29-7619f99e-700x466.jpg 700w, https:\/\/loudavymkrokem.cz\/wp-content\/uploads\/2026\/08\/bulharsko-research-varna-29-7619f99e-768x512.jpg 768w, https:\/\/loudavymkrokem.cz\/wp-content\/uploads\/2026\/08\/bulharsko-research-varna-29-7619f99e-1536x1023.jpg 1536w, https:\/\/loudavymkrokem.cz\/wp-content\/uploads\/2026\/08\/bulharsko-research-varna-29-7619f99e-696x464.jpg 696w, https:\/\/loudavymkrokem.cz\/wp-content\/uploads\/2026\/08\/bulharsko-research-varna-29-7619f99e-1392x927.jpg 1392w\" sizes=\"(max-width: 1800px) 100vw, 1800px\" \/><button\n\t\t\tclass=\"lightbox-trigger\"\n\t\t\ttype=\"button\"\n\t\t\taria-haspopup=\"dialog\"\n\t\t\tdata-wp-bind--aria-label=\"state.thisImage.triggerButtonAriaLabel\"\n\t\t\tdata-wp-init=\"callbacks.initTriggerButton\"\n\t\t\tdata-wp-on--click=\"actions.showLightbox\"\n\t\t\tdata-wp-style--right=\"state.thisImage.buttonRight\"\n\t\t\tdata-wp-style--top=\"state.thisImage.buttonTop\"\n\t\t>\n\t\t\t<svg xmlns=\"http:\/\/www.w3.org\/2000\/svg\" width=\"12\" height=\"12\" fill=\"none\" viewBox=\"0 0 12 12\">\n\t\t\t\t<path fill=\"#fff\" d=\"M2 0a2 2 0 0 0-2 2v2h1.5V2a.5.5 0 0 1 .5-.5h2V0H2Zm2 10.5H2a.5.5 0 0 1-.5-.5V8H0v2a2 2 0 0 0 2 2h2v-1.5ZM8 12v-1.5h2a.5.5 0 0 0 .5-.5V8H12v2a2 2 0 0 1-2 2H8Zm2-12a2 2 0 0 1 2 2v2h-1.5V2a.5.5 0 0 0-.5-.5H8V0h2Z\" \/>\n\t\t\t<\/svg>\n\t\t<\/button><figcaption class=\"wp-element-caption\">Foto: Grand Hotel London (Google Maps)<\/figcaption><\/figure>\n\n\n\n<h2 class=\"wp-block-heading\"><span class=\"ez-toc-section\" id=\"Hol_szallj_meg_Varnaban\"><\/span>Hol sz\u00e1llj meg V\u00e1rn\u00e1ban<span class=\"ez-toc-section-end\"><\/span><\/h2>\n\n\n\n<p class=\"wp-block-paragraph\"><em>\ud83d\udca1 Tipp sz\u00e1ll\u00e1sra \u00e9s \u00e9lm\u00e9nyekre: A sz\u00e1ll\u00e1sokat a helysz\u00ednen <a href=\"https:\/\/www.stay22.com\/allez\/roam?aid=lukaskonecny&#038;campaign=loudavymkrokemcz&#038;address=Varna\" target=\"_blank\" rel=\"nofollow noopener sponsored\">itt hasonl\u00edtjuk \u00f6ssze<\/a>, hogy l\u00e1ssuk, mi szabad \u00e9s mennyi\u00e9rt. Legsz\u00edvesebben a <a href=\"https:\/\/www.booking.com\/searchresults.html?ss=Varna&#038;aid=2397601\" target=\"_blank\" rel=\"nofollow noopener sponsored\">Booking.comon<\/a> keress\u00fck, ahol \u00e1ltal\u00e1ban a legjobbak a lemond\u00e1si felt\u00e9telek. A bel\u00e9p\u0151ket, kir\u00e1ndul\u00e1sokat \u00e9s programokat pedig \u00e9rdemes \u00f6sszehasonl\u00edtani \u00e9s megvenni a <a href=\"https:\/\/www.getyourguide.com\/s\/?q=Varna&#038;partner_id=MKZ64IS\" target=\"_blank\" rel=\"nofollow noopener sponsored\">GetYourGuide-on<\/a>.<\/em><\/p>\n\n\n\n<p class=\"wp-block-paragraph\">A <strong>sz\u00e1ll\u00e1s kiv\u00e1laszt\u00e1sakor<\/strong> tiszt\u00e1znod kell magadban, mit v\u00e1rsz a tart\u00f3zkod\u00e1st\u00f3l. \u00cdme a <strong>legjobb helysz\u00ednek<\/strong> r\u00f6vid \u00e1ttekint\u00e9se:<\/p>\n\n\n\n<ul class=\"wp-block-list\">\n\n<li><strong>G\u00f6r\u00f6g negyed (Gr\u00e1cka machala):<\/strong> A v\u00e1ros legr\u00e9gebbi r\u00e9sze. P\u00e1r sz\u00e1z m\u00e9terre vagy a strandt\u00f3l, \u00e9s itt tal\u00e1lod a legjobb \u00e1r-\u00e9rt\u00e9k ar\u00e1nyt a gasztron\u00f3mi\u00e1ban. M\u00ednuszk\u00e9nt a hajnalig nyitva tart\u00f3 b\u00e1rok sz\u00f3lnak. Ide\u00e1lis p\u00e1roknak \u00e9s foodie-knak.<\/li>\n\n\n\n<li><strong>A sz\u00e9kesegyh\u00e1z k\u00f6rny\u00e9ke:<\/strong> Ny\u00fczsg\u0151bb belv\u00e1ros, de minden gyalog el\u00e9rhet\u0151. Remek az els\u0151 l\u00e1togat\u00e1shoz.<\/li>\n\n\n\n<li><strong>Csajka:<\/strong> Z\u00f6ld negyed egy kicsit t\u00e1volabb a belv\u00e1rost\u00f3l, nagyon k\u00f6zel a delfin\u00e1riumhoz \u00e9s a Tengerkerthez. Csendes ter\u00fclet modern apartmanokkal, ide\u00e1lis gyerekes csal\u00e1doknak.<\/li>\n\n\n\n<li><strong>Aszparuhovo:<\/strong> Olcs\u00f3bb sz\u00e1ll\u00e1s a h\u00eddon t\u00fal, hatalmas, nyugodt strand \u00e9s remek halas \u00e9ttermek. Azoknak val\u00f3, akik aut\u00f3val \u00e9rkeztek.<\/li>\n\n\n<\/ul>\n\n\n\n<p class=\"wp-block-paragraph\"><strong>Konkr\u00e9t sz\u00e1ll\u00e1stippek:<\/strong> Ha az abszol\u00fat cs\u00facsot keresed a legjobb \u00e9rt\u00e9kel\u00e9ssel \u00e9s fekv\u00e9ssel, v\u00e1laszd a <strong><a href=\"https:\/\/www.stay22.com\/allez\/roam?aid=lukaskonecny&#038;campaign=loudavymkrokemcz&#038;campaign=varna&#038;hotelname=Modus%20Hotel&#038;address=Varna%2C%20Bulharsko\" target=\"_blank\" rel=\"noopener nofollow sponsored\">Modus Hotelt<\/a><\/strong> egyenesen a G\u00f6r\u00f6g negyedben. A Tengerkerthez 130 m\u00e9ter, a strandhoz csak egy kicsivel messzebb. A t\u00f6rt\u00e9nelem szerelmesei \u00e9rt\u00e9kelni fogj\u00e1k a <strong><a href=\"https:\/\/www.stay22.com\/allez\/roam?aid=lukaskonecny&#038;campaign=loudavymkrokemcz&#038;campaign=varna&#038;hotelname=Grand%20Hotel%20London&#038;address=Varna%2C%20Bulharsko\" target=\"_blank\" rel=\"noopener nofollow sponsored\">Grand Hotel Londont<\/a><\/strong>, egy gy\u00f6ny\u00f6r\u0171, 1912-es szecesszi\u00f3s \u00e9p\u00fcletet egyenesen a belv\u00e1rosban (sz\u00e1molj viszont a l\u00e9pcs\u0151kkel). Ha az arany k\u00f6z\u00e9putat keresed kil\u00e1t\u00e1ssal, az \u00f3ri\u00e1si <strong><a href=\"https:\/\/www.stay22.com\/allez\/roam?aid=lukaskonecny&#038;campaign=loudavymkrokemcz&#038;campaign=varna&#038;hotelname=Hotel%20Cherno%20More&#038;address=Varna%2C%20Bulharsko\" target=\"_blank\" rel=\"noopener nofollow sponsored\">Hotel Cherno More<\/a><\/strong> tengerre n\u00e9z\u0151 erk\u00e9lyeket k\u00edn\u00e1l, \u00e9s r\u00f6gt\u00f6n a park bej\u00e1rat\u00e1n\u00e1l \u00e1ll. Aki a lehet\u0151 legk\u00f6zelebb akar lenni a m\u0171eml\u00e9kekhez, a <strong><a href=\"https:\/\/www.stay22.com\/allez\/roam?aid=lukaskonecny&#038;campaign=loudavymkrokemcz&#038;campaign=varna&#038;hotelname=Boutique%20Splendid&#038;address=Varna%2C%20Bulharsko\" target=\"_blank\" rel=\"noopener nofollow sponsored\">Boutique Splendidben<\/a><\/strong> sz\u00e1ll meg, amely alig sz\u00e1z m\u00e9terre fekszik mag\u00e1t\u00f3l a sz\u00e9kesegyh\u00e1zt\u00f3l. A low-cost utaz\u00f3knak a belv\u00e1rosban kiv\u00e1l\u00f3an \u00e9rt\u00e9kelt a <strong><a href=\"https:\/\/www.stay22.com\/allez\/roam?aid=lukaskonecny&#038;campaign=loudavymkrokemcz&#038;campaign=varna&#038;hotelname=Nomado%20hostel&#038;address=Varna%2C%20Bulharsko\" target=\"_blank\" rel=\"noopener nofollow sponsored\">Nomado hostel<\/a><\/strong>.<\/p>\n\n\n\n<figure data-wp-context=\"{&quot;imageId&quot;:&quot;6a9c16a5c03b5&quot;}\" data-wp-interactive=\"core\/image\" data-wp-key=\"6a9c16a5c03b5\" class=\"wp-block-image size-full wp-lightbox-container\"><img decoding=\"async\" width=\"1800\" height=\"1190\" data-wp-class--hide=\"state.isContentHidden\" data-wp-class--show=\"state.isContentVisible\" data-wp-init=\"callbacks.setButtonStyles\" data-wp-on--click=\"actions.showLightbox\" data-wp-on--load=\"callbacks.setButtonStyles\" data-wp-on--pointerdown=\"actions.preloadImage\" data-wp-on--pointerenter=\"actions.preloadImageWithDelay\" data-wp-on--pointerleave=\"actions.cancelPreload\" data-wp-on-window--resize=\"callbacks.setButtonStyles\" src=\"https:\/\/loudavymkrokem.cz\/wp-content\/uploads\/2026\/08\/bulharsko-research-varna-30-0ccc3d89.jpg\" alt=\"Naplemente V\u00e1rna strandjai felett\" class=\"wp-image-407805\" title=\"\" srcset=\"https:\/\/loudavymkrokem.cz\/wp-content\/uploads\/2026\/08\/bulharsko-research-varna-30-0ccc3d89.jpg 1800w, https:\/\/loudavymkrokem.cz\/wp-content\/uploads\/2026\/08\/bulharsko-research-varna-30-0ccc3d89-300x198.jpg 300w, https:\/\/loudavymkrokem.cz\/wp-content\/uploads\/2026\/08\/bulharsko-research-varna-30-0ccc3d89-700x463.jpg 700w, https:\/\/loudavymkrokem.cz\/wp-content\/uploads\/2026\/08\/bulharsko-research-varna-30-0ccc3d89-768x508.jpg 768w, https:\/\/loudavymkrokem.cz\/wp-content\/uploads\/2026\/08\/bulharsko-research-varna-30-0ccc3d89-1536x1015.jpg 1536w, https:\/\/loudavymkrokem.cz\/wp-content\/uploads\/2026\/08\/bulharsko-research-varna-30-0ccc3d89-696x460.jpg 696w, https:\/\/loudavymkrokem.cz\/wp-content\/uploads\/2026\/08\/bulharsko-research-varna-30-0ccc3d89-1392x920.jpg 1392w\" sizes=\"(max-width: 1800px) 100vw, 1800px\" \/><button\n\t\t\tclass=\"lightbox-trigger\"\n\t\t\ttype=\"button\"\n\t\t\taria-haspopup=\"dialog\"\n\t\t\tdata-wp-bind--aria-label=\"state.thisImage.triggerButtonAriaLabel\"\n\t\t\tdata-wp-init=\"callbacks.initTriggerButton\"\n\t\t\tdata-wp-on--click=\"actions.showLightbox\"\n\t\t\tdata-wp-style--right=\"state.thisImage.buttonRight\"\n\t\t\tdata-wp-style--top=\"state.thisImage.buttonTop\"\n\t\t>\n\t\t\t<svg xmlns=\"http:\/\/www.w3.org\/2000\/svg\" width=\"12\" height=\"12\" fill=\"none\" viewBox=\"0 0 12 12\">\n\t\t\t\t<path fill=\"#fff\" d=\"M2 0a2 2 0 0 0-2 2v2h1.5V2a.5.5 0 0 1 .5-.5h2V0H2Zm2 10.5H2a.5.5 0 0 1-.5-.5V8H0v2a2 2 0 0 0 2 2h2v-1.5ZM8 12v-1.5h2a.5.5 0 0 0 .5-.5V8H12v2a2 2 0 0 1-2 2H8Zm2-12a2 2 0 0 1 2 2v2h-1.5V2a.5.5 0 0 0-.5-.5H8V0h2Z\" \/>\n\t\t\t<\/svg>\n\t\t<\/button><figcaption class=\"wp-element-caption\">Foto: Alex Yosifov, CC BY-SA 2.0 (Wikimedia Commons)<\/figcaption><\/figure>\n\n\n\n<p class=\"wp-block-paragraph\">\ud83d\udc49 <a href=\"https:\/\/www.stay22.com\/allez\/roam?aid=lukaskonecny&#038;campaign=loudavymkrokemcz&#038;campaign=varna&#038;address=Varna%2C%20Bulharsko\" target=\"_blank\" rel=\"nofollow noopener\"><strong>Sz\u00e1ll\u00e1s\u00e1rak \u00f6sszehasonl\u00edt\u00e1sa V\u00e1rn\u00e1ban<\/strong><\/a><\/p>\n\n\n\n<h2 class=\"wp-block-heading\"><span class=\"ez-toc-section\" id=\"Mikor_menj_Varnaba\"><\/span>Mikor menj V\u00e1rn\u00e1ba<span class=\"ez-toc-section-end\"><\/span><\/h2>\n\n\n\n<p class=\"wp-block-paragraph\">V\u00e1rn\u00e1nak klasszikus fekete-tengeri \u00e9ghajlata van. A nyarak forr\u00f3k, a telek enyh\u00e9k, b\u00e1r szelesek. <strong>Augusztus statisztikailag az \u00e9v legsz\u00e1razabb \u00e9s legnaposabb h\u00f3napja<\/strong> (mind\u00f6ssze 3 es\u0151s nap \u00e9s \u00e1tlagosan t\u00f6bb mint 318 \u00f3ra naps\u00fct\u00e9s). A tenger augusztusban gy\u00f6ny\u00f6r\u0171 24,8 \u00b0C-ra melegszik fel. A legt\u00f6bb es\u0151 ezzel szemben okt\u00f3berben esik.<\/p>\n\n\n\n<figure class=\"wp-block-table\"><table><thead><tr><th>H\u00f3nap<\/th><th>\u00c1tl. max. h\u0151m\u00e9rs\u00e9klet (\u00b0C)<\/th><th>Csapad\u00e9k (mm)<\/th><\/tr><\/thead><tbody><tr><td>M\u00e1jus<\/td><td>21,2<\/td><td>38<\/td><\/tr><tr><td>J\u00fanius<\/td><td>26,1<\/td><td>52<\/td><\/tr><tr><td>J\u00falius<\/td><td>28,9<\/td><td>48<\/td><\/tr><tr><td>Augusztus<\/td><td>29,4<\/td><td>29<\/td><\/tr><tr><td>Szeptember<\/td><td>24,8<\/td><td>49<\/td><\/tr><tr><td>Okt\u00f3ber<\/td><td>19,0<\/td><td>56<\/td><\/tr><\/tbody><\/table><\/figure>\n\n\n\n<p class=\"wp-block-paragraph\">A ny\u00e1r V\u00e1rn\u00e1ban a kult\u00far\u00e1r\u00f3l sz\u00f3l. 2026-ban \u00fcnnepli <strong>100. \u00e9vfordul\u00f3j\u00e1t Bulg\u00e1ria legr\u00e9gebbi zenei fesztiv\u00e1lja \u2013 a V\u00e1rnai Ny\u00e1r<\/strong>. J\u00faniust\u00f3l okt\u00f3berig klasszikus zenei koncertek zajlanak a R\u00e9g\u00e9szeti M\u00fazeum udvar\u00e1n \u00e9s az oper\u00e1ban is. Augusztusban rendezik a h\u00edres jazzfesztiv\u00e1lt, augusztus 15-re pedig <strong>V\u00e1rna napja<\/strong> esik, amely 23:00-kor t\u0171zij\u00e1t\u00e9kkal tet\u0151zik. (Figyelem: a h\u00edres Nemzetk\u00f6zi Balettverseny 2026-ban nem ker\u00fclt megrendez\u00e9sre, hossz\u00fa sz\u00fcnet ut\u00e1n csak a j\u00f6v\u0151beni fel\u00faj\u00edt\u00e1s\u00e1t jelentett\u00e9k be, konkr\u00e9t id\u0151pont n\u00e9lk\u00fcl.)<\/p>\n\n\n\n<figure data-wp-context=\"{&quot;imageId&quot;:&quot;6a9c16a5c0ad8&quot;}\" data-wp-interactive=\"core\/image\" data-wp-key=\"6a9c16a5c0ad8\" class=\"wp-block-image size-full wp-lightbox-container\"><img decoding=\"async\" width=\"1800\" height=\"1012\" data-wp-class--hide=\"state.isContentHidden\" data-wp-class--show=\"state.isContentVisible\" data-wp-init=\"callbacks.setButtonStyles\" data-wp-on--click=\"actions.showLightbox\" data-wp-on--load=\"callbacks.setButtonStyles\" data-wp-on--pointerdown=\"actions.preloadImage\" data-wp-on--pointerenter=\"actions.preloadImageWithDelay\" data-wp-on--pointerleave=\"actions.cancelPreload\" data-wp-on-window--resize=\"callbacks.setButtonStyles\" src=\"https:\/\/loudavymkrokem.cz\/wp-content\/uploads\/2026\/08\/bulharsko-research-varna-31-3a8e6131.jpg\" alt=\"Befagyott tengerpart V\u00e1rn\u00e1ban t\u00e9len\" class=\"wp-image-407806\" title=\"\" srcset=\"https:\/\/loudavymkrokem.cz\/wp-content\/uploads\/2026\/08\/bulharsko-research-varna-31-3a8e6131.jpg 1800w, https:\/\/loudavymkrokem.cz\/wp-content\/uploads\/2026\/08\/bulharsko-research-varna-31-3a8e6131-300x169.jpg 300w, https:\/\/loudavymkrokem.cz\/wp-content\/uploads\/2026\/08\/bulharsko-research-varna-31-3a8e6131-700x394.jpg 700w, https:\/\/loudavymkrokem.cz\/wp-content\/uploads\/2026\/08\/bulharsko-research-varna-31-3a8e6131-768x432.jpg 768w, https:\/\/loudavymkrokem.cz\/wp-content\/uploads\/2026\/08\/bulharsko-research-varna-31-3a8e6131-1536x864.jpg 1536w, https:\/\/loudavymkrokem.cz\/wp-content\/uploads\/2026\/08\/bulharsko-research-varna-31-3a8e6131-696x391.jpg 696w, https:\/\/loudavymkrokem.cz\/wp-content\/uploads\/2026\/08\/bulharsko-research-varna-31-3a8e6131-1392x783.jpg 1392w\" sizes=\"(max-width: 1800px) 100vw, 1800px\" \/><button\n\t\t\tclass=\"lightbox-trigger\"\n\t\t\ttype=\"button\"\n\t\t\taria-haspopup=\"dialog\"\n\t\t\tdata-wp-bind--aria-label=\"state.thisImage.triggerButtonAriaLabel\"\n\t\t\tdata-wp-init=\"callbacks.initTriggerButton\"\n\t\t\tdata-wp-on--click=\"actions.showLightbox\"\n\t\t\tdata-wp-style--right=\"state.thisImage.buttonRight\"\n\t\t\tdata-wp-style--top=\"state.thisImage.buttonTop\"\n\t\t>\n\t\t\t<svg xmlns=\"http:\/\/www.w3.org\/2000\/svg\" width=\"12\" height=\"12\" fill=\"none\" viewBox=\"0 0 12 12\">\n\t\t\t\t<path fill=\"#fff\" d=\"M2 0a2 2 0 0 0-2 2v2h1.5V2a.5.5 0 0 1 .5-.5h2V0H2Zm2 10.5H2a.5.5 0 0 1-.5-.5V8H0v2a2 2 0 0 0 2 2h2v-1.5ZM8 12v-1.5h2a.5.5 0 0 0 .5-.5V8H12v2a2 2 0 0 1-2 2H8Zm2-12a2 2 0 0 1 2 2v2h-1.5V2a.5.5 0 0 0-.5-.5H8V0h2Z\" \/>\n\t\t\t<\/svg>\n\t\t<\/button><figcaption class=\"wp-element-caption\">Foto: Shtilian Shterev, CC BY-SA 3.0 (Wikimedia Commons)<\/figcaption><\/figure>\n\n\n\n<h3 class=\"wp-block-heading\"><span class=\"ez-toc-section\" id=\"Varna_a_szezonon_kivul\"><\/span>V\u00e1rna a szezonon k\u00edv\u00fcl<span class=\"ez-toc-section-end\"><\/span><\/h3>\n\n\n\n<p class=\"wp-block-paragraph\">A Napospart t\u00edpus\u00fa mesters\u00e9ges \u00fcd\u00fcl\u0151helyekkel ellent\u00e9tben <strong>V\u00e1rna t\u00e9len nem alszik<\/strong>. Ez egy m\u0171k\u00f6d\u0151 v\u00e1ros. A delfin\u00e1rium, az akv\u00e1rium \u00e9s az \u00e1llatkert eg\u00e9sz \u00e9vben nyitva marad (b\u00e1r r\u00f6vid\u00edtett nyitvatart\u00e1ssal). \ud83d\udca1 <strong>Fontos t\u00e9li tipp a m\u00fazeumokhoz:<\/strong> A f\u0151 int\u00e9zm\u00e9nyek, mint a R\u00e9g\u00e9szeti M\u00fazeum vagy a R\u00f3mai f\u00fcrd\u0151, t\u00e9len \u00e1ltal\u00e1ban vas\u00e1rnap \u00e9s h\u00e9tf\u0151n z\u00e1rva tartanak. Ezzel szemben a N\u00e9prajzi M\u00fazeum \u00e9s a V\u00e1rna T\u00f6rt\u00e9neti M\u00fazeum <strong>t\u00e9len h\u00e9tv\u00e9g\u00e9n z\u00e1rva van, \u00e9s csak munkanapokon m\u0171k\u00f6dik!<\/strong> A t\u00e9li f\u00fcrd\u00e9st a Szent Konstantinn\u00e1l l\u00e9v\u0151 term\u00e1lmedenc\u00e9k vagy az Oficerszki strand melletti term\u00e9szetes forr\u00f3 forr\u00e1s biztos\u00edtja.<\/p>\n\n\n\n<figure data-wp-context=\"{&quot;imageId&quot;:&quot;6a9c16a5c1183&quot;}\" data-wp-interactive=\"core\/image\" data-wp-key=\"6a9c16a5c1183\" class=\"wp-block-image size-full wp-lightbox-container\"><img decoding=\"async\" width=\"1800\" height=\"1350\" data-wp-class--hide=\"state.isContentHidden\" data-wp-class--show=\"state.isContentVisible\" data-wp-init=\"callbacks.setButtonStyles\" data-wp-on--click=\"actions.showLightbox\" data-wp-on--load=\"callbacks.setButtonStyles\" data-wp-on--pointerdown=\"actions.preloadImage\" data-wp-on--pointerenter=\"actions.preloadImageWithDelay\" data-wp-on--pointerleave=\"actions.cancelPreload\" data-wp-on-window--resize=\"callbacks.setButtonStyles\" src=\"https:\/\/loudavymkrokem.cz\/wp-content\/uploads\/2026\/08\/bulharsko-research-varna-32-f1c3d69e.jpg\" alt=\"Esti rakpart a v\u00e1rnai kik\u00f6t\u0151ben\" class=\"wp-image-407807\" title=\"\" srcset=\"https:\/\/loudavymkrokem.cz\/wp-content\/uploads\/2026\/08\/bulharsko-research-varna-32-f1c3d69e.jpg 1800w, https:\/\/loudavymkrokem.cz\/wp-content\/uploads\/2026\/08\/bulharsko-research-varna-32-f1c3d69e-300x225.jpg 300w, https:\/\/loudavymkrokem.cz\/wp-content\/uploads\/2026\/08\/bulharsko-research-varna-32-f1c3d69e-700x525.jpg 700w, https:\/\/loudavymkrokem.cz\/wp-content\/uploads\/2026\/08\/bulharsko-research-varna-32-f1c3d69e-768x576.jpg 768w, https:\/\/loudavymkrokem.cz\/wp-content\/uploads\/2026\/08\/bulharsko-research-varna-32-f1c3d69e-1536x1152.jpg 1536w, https:\/\/loudavymkrokem.cz\/wp-content\/uploads\/2026\/08\/bulharsko-research-varna-32-f1c3d69e-80x60.jpg 80w, https:\/\/loudavymkrokem.cz\/wp-content\/uploads\/2026\/08\/bulharsko-research-varna-32-f1c3d69e-160x120.jpg 160w, https:\/\/loudavymkrokem.cz\/wp-content\/uploads\/2026\/08\/bulharsko-research-varna-32-f1c3d69e-696x522.jpg 696w, https:\/\/loudavymkrokem.cz\/wp-content\/uploads\/2026\/08\/bulharsko-research-varna-32-f1c3d69e-1392x1044.jpg 1392w\" sizes=\"(max-width: 1800px) 100vw, 1800px\" \/><button\n\t\t\tclass=\"lightbox-trigger\"\n\t\t\ttype=\"button\"\n\t\t\taria-haspopup=\"dialog\"\n\t\t\tdata-wp-bind--aria-label=\"state.thisImage.triggerButtonAriaLabel\"\n\t\t\tdata-wp-init=\"callbacks.initTriggerButton\"\n\t\t\tdata-wp-on--click=\"actions.showLightbox\"\n\t\t\tdata-wp-style--right=\"state.thisImage.buttonRight\"\n\t\t\tdata-wp-style--top=\"state.thisImage.buttonTop\"\n\t\t>\n\t\t\t<svg xmlns=\"http:\/\/www.w3.org\/2000\/svg\" width=\"12\" height=\"12\" fill=\"none\" viewBox=\"0 0 12 12\">\n\t\t\t\t<path fill=\"#fff\" d=\"M2 0a2 2 0 0 0-2 2v2h1.5V2a.5.5 0 0 1 .5-.5h2V0H2Zm2 10.5H2a.5.5 0 0 1-.5-.5V8H0v2a2 2 0 0 0 2 2h2v-1.5ZM8 12v-1.5h2a.5.5 0 0 0 .5-.5V8H12v2a2 2 0 0 1-2 2H8Zm2-12a2 2 0 0 1 2 2v2h-1.5V2a.5.5 0 0 0-.5-.5H8V0h2Z\" \/>\n\t\t\t<\/svg>\n\t\t<\/button><figcaption class=\"wp-element-caption\">Foto: Claudiu Balta (Google Maps)<\/figcaption><\/figure>\n\n\n\n<h2 class=\"wp-block-heading\"><span class=\"ez-toc-section\" id=\"Mire_figyelj_oda\"><\/span>Mire figyelj oda<span class=\"ez-toc-section-end\"><\/span><\/h2>\n\n\n\n<p class=\"wp-block-paragraph\">V\u00e1rna \u00e1ltal\u00e1ban <strong>nagyon biztons\u00e1gos v\u00e1ros<\/strong> (a biztons\u00e1gi indexek szerint egyenesen jelent\u0151sen biztons\u00e1gosabb, mint a f\u0151v\u00e1ros, Sz\u00f3fia), de a turistaforgalom mindig hoz mag\u00e1val <strong>negat\u00edv jelens\u00e9geket<\/strong> is.<\/p>\n\n\n\n<ul class=\"wp-block-list\">\n\n<li><strong>Zsebtolvajok a meg\u00e1ll\u00f3kban:<\/strong> 2026 augusztus\u00e1ban a Bolg\u00e1r Idegenvezet\u0151k Sz\u00f6vets\u00e9ge \u00e9les figyelmeztet\u00e9st adott ki a szervezett zsebtolvajcsoportokr\u00f3l, amelyek <strong>k\u00f6zvetlen\u00fcl a R\u00e9g\u00e9szeti M\u00fazeum el\u0151tt<\/strong> m\u0171k\u00f6dnek. Figyelik a turista\u00fatvonalakat, \u00e9s pontosan akkor csapnak le, amikor egy csoport lesz\u00e1ll a buszr\u00f3l. Vigy\u00e1zz a h\u00e1tizs\u00e1kodra, \u00e9s ne tarts \u00e9rt\u00e9keket az oldalzsebekben.<\/li>\n\n\n\n<li><strong>Bankautomata- \u00e9s fizet\u00e9si csapd\u00e1k:<\/strong> A kedvez\u0151tlen \u00e1rfolyammal dolgoz\u00f3 klasszikus p\u00e9nzv\u00e1lt\u00f3k az eur\u00f3 bevezet\u00e9s\u00e9vel elvesztett\u00e9k \u00e9rtelm\u00fcket. Az \u00faj f\u0151 csapda az <strong>Euronet h\u00e1l\u00f3zat bankautomat\u00e1i<\/strong>, amelyek abszurd d\u00edjakat sz\u00e1m\u00edthatnak fel (p\u00e9ld\u00e1ul 1,95 \u20ac egy 20 eur\u00f3s felv\u00e9tel\u00e9rt, ami 10%-os jutal\u00e9k). Ugyan\u00edgy <strong>mindig utas\u00edtsd el a DCC szolg\u00e1ltat\u00e1st<\/strong> (Dynamic Currency Conversion) a fizet\u00e9si termin\u00e1lokon \u2013 ha egy termin\u00e1l Bulg\u00e1ri\u00e1ban felaj\u00e1nlja a forintban val\u00f3 elsz\u00e1mol\u00e1st, a fel\u00e1r ak\u00e1r 18%-ig is felk\u00faszhat.<\/li>\n\n\n\n<li><strong>Csapv\u00edz:<\/strong> A vezet\u00e9kes v\u00edz bakteriol\u00f3giailag \u00e1rtalmatlan, de az orvosok nem aj\u00e1nlj\u00e1k hossz\u00fa t\u00e1v\u00fa fogyaszt\u00e1s\u00e1t a magas kem\u00e9nys\u00e9ge miatt. Teljesen ker\u00fcld viszont az <strong>utcai \u00e1sv\u00e1nyvizes kutakb\u00f3l \u00e9s sz\u00f6k\u0151kutakb\u00f3l val\u00f3 iv\u00e1st<\/strong>.<\/li>\n\n\n\n<li><strong>Vigy\u00e1zz a hull\u00e1mokkal \u00e9s \u00e1ramlatokkal:<\/strong> A Fekete-tenger tud alattomos lenni. A part k\u00f6zel\u00e9ben is kialakulhatnak er\u0151s v\u00edz alatti \u00e1ramlatok, ez\u00e9rt mindig tartsd tiszteletben a z\u00e1szl\u00f3 sz\u00edn\u00e9t az \u00fasz\u00f3mesterekn\u00e9l. Med\u00faz\u00e1kkal (Rhizostoma pulmo) itt ugyan tal\u00e1lkozhatsz, de nem \u00e9letvesz\u00e9lyesek, csak enyhe cs\u00edp\u00e9st okoznak.<\/li>\n\n\n<\/ul>\n\n\n\n<h2 class=\"wp-block-heading\"><span class=\"ez-toc-section\" id=\"Hova_tovabb\"><\/span>Hov\u00e1 tov\u00e1bb<span class=\"ez-toc-section-end\"><\/span><\/h2>\n\n\n\n<p class=\"wp-block-paragraph\">Ha Bulg\u00e1ria felkeltette az \u00e9rdekl\u0151d\u00e9sedet, \u00e9s szeretn\u00e9l felfedezni tov\u00e1bbi helyeket a tengerpart ment\u00e9n, vagy jobb k\u00e9pet kapni az itteni \u00e1rakr\u00f3l az \u00faj p\u00e9nznem bevezet\u00e9se ut\u00e1n, mindenk\u00e9ppen n\u00e9zd meg a t\u00f6bbi cikk\u00fcnket is:<\/p>\n\n\n\n<ul class=\"wp-block-list\">\n\n<li><a href=\"https:\/\/loudavymkrokem.cz\/hu\/bulgaria-nyaralas-legszebb-helyek\/\">Nyaral\u00e1s Bulg\u00e1ri\u00e1ban: 30 legszebb hely<\/a><\/li>\n\n\n\n<li><a href=\"https:\/\/loudavymkrokem.cz\/zlate-pisky\/\">Aranypart: 15 tipp \u00e9s \u00f6sszehasonl\u00edt\u00e1s a Naposparttal<\/a><\/li>\n\n\n\n<li><a href=\"https:\/\/loudavymkrokem.cz\/plaze-bulharsko\/\">Bulg\u00e1ria legszebb strandjai: 20 tipp<\/a><\/li>\n\n\n\n<li><a href=\"https:\/\/loudavymkrokem.cz\/nesebar\/\">Neszebar: mit n\u00e9zz meg az UNESCO-v\u00e1rosban<\/a><\/li>\n\n\n\n<li><a href=\"https:\/\/loudavymkrokem.cz\/hu\/bulgaria-arak-nyaralas\/\">\u00c1rak Bulg\u00e1ri\u00e1ban az eur\u00f3 bevezet\u00e9se ut\u00e1n<\/a><\/li>\n\n\n\n<li><a href=\"https:\/\/loudavymkrokem.cz\/hu\/bulgaria-all-inclusive-resortok\/\">Bulg\u00e1ria all inclusive: 22 legjobb resort<\/a><\/li>\n\n\n<\/ul>\n\n\n\n<h2 class=\"wp-block-heading\"><span class=\"ez-toc-section\" id=\"Gyakran_ismetelt_kerdesek\"><\/span>Gyakran ism\u00e9telt k\u00e9rd\u00e9sek<span class=\"ez-toc-section-end\"><\/span><\/h2>\n\n\n<div id=\"rank-math-faq\" class=\"rank-math-block\">\n<div class=\"rank-math-list \">\n<div id=\"faq-question-1788110183000\" class=\"rank-math-list-item\">\n<h3 class=\"rank-math-question \"><span class=\"ez-toc-section\" id=\"Euroval_vagy_levaval_fizetnek_Varnaban\"><\/span>Eur\u00f3val vagy lev\u00e1val fizetnek V\u00e1rn\u00e1ban?<span class=\"ez-toc-section-end\"><\/span><\/h3>\n<div class=\"rank-math-answer \">\n\n<p>2026. janu\u00e1r 1-j\u00e9t\u0151l Bulg\u00e1ria az eur\u00f3t vezette be hivatalos fizet\u0151eszk\u00f6zk\u00e9nt. A r\u00e9gi leva m\u00e1r nincs forgalomban, \u00e9s a kett\u0151s \u00e1rki\u00edr\u00e1s id\u0151szaka 2026 augusztus\u00e1ban v\u00e9get \u00e9rt. Mindenhol k\u00e9nyelmesen fizethetsz eur\u00f3val, csak vigy\u00e1zz az Euronet ATM-ekre \u00e9s azok magas k\u00e9szp\u00e9nzfelv\u00e9teli d\u00edjaira.<\/p>\n\n<\/div>\n<\/div>\n<div id=\"faq-question-1788110183001\" class=\"rank-math-list-item\">\n<h3 class=\"rank-math-question \"><span class=\"ez-toc-section\" id=\"Varna_alkalmas_csaladoknak_gyerekekkel\"><\/span>Varna alkalmas csal\u00e1doknak gyerekekkel?<span class=\"ez-toc-section-end\"><\/span><\/h3>\n<div class=\"rank-math-answer \">\n\n<p>Hat\u00e1rozottan igen! Itt tal\u00e1lhat\u00f3 a hatalmas Tengeri Park gyereksarokkal, delfin\u00e1rium \u00e9s \u00e1llatkert. A k\u00f6zponti strand \u00e9s a Ju\u017een strand finom homokos, \u00e9s a v\u00edz nagyon lassan m\u00e9ly\u00fcl, ami a kisgyerekeknek t\u00f6k\u00e9letes. R\u00e1ad\u00e1sul a zajos k\u00f6zpontt\u00f3l t\u00e1volabb is tal\u00e1lsz apartmanokat.<\/p>\n\n<\/div>\n<\/div>\n<div id=\"faq-question-1788110183002\" class=\"rank-math-list-item\">\n<h3 class=\"rank-math-question \"><span class=\"ez-toc-section\" id=\"Hogyan_van_Varnaban_a_parkolas\"><\/span>Hogyan van V\u00e1rn\u00e1ban a parkol\u00e1s?<span class=\"ez-toc-section-end\"><\/span><\/h3>\n<div class=\"rank-math-answer \">\n\n<p>Ha aut\u00f3val \u00e9rkezel, sz\u00e1m\u00edts r\u00e1, hogy a k\u00f6zpontban a k\u00e9k z\u00f3na minden nap fizet\u0151s, vas\u00e1rnap is (ellent\u00e9tben a z\u00f6ld z\u00f3n\u00e1val, ami csak munkanapokon fizet\u0151s). A v\u00e1rosban nincsenek fizikai parkol\u00f3automat\u00e1k. Turist\u00e1knak a legjobb, ha let\u00f6lt\u00f6d az MPark alkalmaz\u00e1st \u00e9s k\u00e9nyelmesen telefonr\u00f3l fizeted a parkol\u00e1si d\u00edjat.<\/p>\n\n<\/div>\n<\/div>\n<div id=\"faq-question-1788110183003\" class=\"rank-math-list-item\">\n<h3 class=\"rank-math-question \"><span class=\"ez-toc-section\" id=\"Lehet_Varnaba_kozvetlenul_repulni_Magyarorszagrol\"><\/span>Lehet V\u00e1rn\u00e1ba k\u00f6zvetlen\u00fcl rep\u00fclni Magyarorsz\u00e1gr\u00f3l?<span class=\"ez-toc-section-end\"><\/span><\/h3>\n<div class=\"rank-math-answer \">\n\n<p>Igen, Varna rep\u00fcl\u0151t\u00e9r el\u00e9rhet\u0151 k\u00f6zvetlen szezon\u00e1lis j\u00e1ratokkal Budapestr\u0151l. A rep\u00fcl\u00e9s mind\u00f6ssze k\u00f6r\u00fclbel\u00fcl k\u00e9t \u00f3r\u00e1t vesz ig\u00e9nybe, \u00e9s maga a rep\u00fcl\u0151t\u00e9r a t\u00f6rt\u00e9nelmi k\u00f6zpontt\u00f3l nagyj\u00e1b\u00f3l 20 percnyire van a 409-es buszj\u00e1rattal.<\/p>\n\n<\/div>\n<\/div>\n<div id=\"faq-question-1788110183004\" class=\"rank-math-list-item\">\n<h3 class=\"rank-math-question \"><span class=\"ez-toc-section\" id=\"Erdemes_Varnaba_jarni_a_nyari_szabadsagon_kivul_is\"><\/span>\u00c9rdemes V\u00e1rn\u00e1ba j\u00e1rni a ny\u00e1ri szabads\u00e1gon k\u00edv\u00fcl is?<span class=\"ez-toc-section-end\"><\/span><\/h3>\n<div class=\"rank-math-answer \">\n\n<p>Mindenk\u00e9ppen. Varna az orsz\u00e1g harmadik legnagyobb v\u00e1rosa \u00e9s eg\u00e9sz \u00e9vben m\u0171k\u00f6dik. A m\u00fazeumok, gal\u00e9ri\u00e1k \u00e9s kiv\u00e1l\u00f3 \u00e9ttermek nem z\u00e1rnak be. Tavasszal \u00e9s \u0151sszel r\u00e1ad\u00e1sul elker\u00fcl\u00f6d a legnagyobb t\u00f6meget \u00e9s a h\u0151s\u00e9get, ami ide\u00e1lis id\u0151j\u00e1r\u00e1s az antik \u00e1sat\u00e1sok felfedez\u00e9s\u00e9hez vagy egy kir\u00e1ndul\u00e1shoz a Kaliakra-fokokhoz.<\/p>\n\n<\/div>\n<\/div>\n<div id=\"faq-question-1788110183005\" class=\"rank-math-list-item\">\n<h3 class=\"rank-math-question \"><span class=\"ez-toc-section\" id=\"Hogyan_jutok_el_Varnabol_Zlatni_Pjaszaciba_Aranyfovenyre\"><\/span>Hogyan jutok el V\u00e1rn\u00e1b\u00f3l Zlatni Pjaszaciba (Aranyf\u00f6venyre)?<span class=\"ez-toc-section-end\"><\/span><\/h3>\n<div class=\"rank-math-answer \">\n\n<p>A legegyszer\u0171bb a 409-es buszj\u00e1rat, amely \u00f6sszek\u00f6ti a rep\u00fcl\u0151teret, a k\u00f6zpontot \u00e9s a tengerparti \u00fcd\u00fcl\u0151helyeket. Varna k\u00f6z\u00e9ppontj\u00e1b\u00f3l Aranyf\u00f6venyre k\u00f6r\u00fclbel\u00fcl f\u00e9l \u00f3r\u00e1t utazol, a rep\u00fcl\u0151t\u00e9rr\u0151l pedig kevesebb mint egy \u00f3r\u00e1t. Sz\u00e1m\u00edts azonban arra, hogy az Aranyf\u00f6venyre vezet\u0151 szakasz csak szezonban j\u00e1r, nagyj\u00e1b\u00f3l m\u00e1just\u00f3l okt\u00f3berig.<\/p>\n\n<\/div>\n<\/div>\n<div id=\"faq-question-1788110183006\" class=\"rank-math-list-item\">\n<h3 class=\"rank-math-question \"><span class=\"ez-toc-section\" id=\"Varna_biztonsagos_varos\"><\/span>Varna biztons\u00e1gos v\u00e1ros?<span class=\"ez-toc-section-end\"><\/span><\/h3>\n<div class=\"rank-math-answer \">\n\n<p>A nemzetk\u00f6zi biztons\u00e1gi indexek szerint Varna m\u00e9g valamivel jobban is teljes\u00edt, mint Sz\u00f3fia, \u00e9s az \u00e9jszakai s\u00e9ta a k\u00f6zpontban is biztons\u00e1gosnak \u00e9rt\u00e9kelt. A f\u0151 kock\u00e1zat a zsebtolvajl\u00e1s: 2026 augusztus\u00e1ban a Bolg\u00e1r Idegenvezet\u0151k Sz\u00f6vets\u00e9ge figyelmeztetett szervezett zsebtolvajokra, akik k\u00f6zvetlen\u00fcl a R\u00e9g\u00e9szeti M\u00fazeum el\u0151tt leselkednek, amikor a turist\u00e1k kisz\u00e1llnak a buszokb\u00f3l.<\/p>\n\n<\/div>\n<\/div>\n<\/div>\n<\/div>","protected":false},"excerpt":{"rendered":"<p>V\u00e1rna, Bulg\u00e1ria nem csup\u00e1n \u00e1tsz\u00e1ll\u00f3hely az Aranypart fel\u00e9. Ez Bulg\u00e1ria harmadik legnagyobb v\u00e1rosa, ahol a vil\u00e1g legr\u00e9gebbi megmunk\u00e1lt arany\u00e1t l\u00e1thatod. 20 tipp, t\u00e1j\u00e9koztat\u00f3 \u00e1rak eur\u00f3ban \u00e9s csapd\u00e1k, amiket \u00e9rdemes elker\u00fclni.<\/p>\n","protected":false},"author":3,"featured_media":407810,"comment_status":"open","ping_status":"open","sticky":false,"template":"","format":"standard","meta":{"_acf_changed":false,"footnotes":"","rank_math_title":"V\u00e1rna, Bulg\u00e1ria: 20 tipp \u00e9s l\u00e1tnival\u00f3 2026","rank_math_description":"V\u00e1rna, Bulg\u00e1ria: 20 tipp, mit n\u00e9zz meg a tengerparti metropoliszban. Aranykincs, strandok, kir\u00e1ndul\u00e1sok \u00e9s \u00e1rak eur\u00f3ban. Tervezd meg az utad most!","rank_math_focus_keyword":"v\u00e1rna bulg\u00e1ria","rank_math_seo_score":""},"categories":[82],"tags":[],"class_list":["post-417187","post","type-post","status-publish","format-standard","has-post-thumbnail","category-cestovani"],"acf":[],"featured_image_src":"https:\/\/loudavymkrokem.cz\/wp-content\/uploads\/2026\/08\/varna-majak-pri-zapadu-slunce.jpg","author_info":{"display_name":"Lucie Kone\u010dn\u00e1","author_link":"https:\/\/loudavymkrokem.cz\/hu\/author\/lucie-konecna\/"},"_links":{"self":[{"href":"https:\/\/loudavymkrokem.cz\/hu\/wp-json\/wp\/v2\/posts\/417187","targetHints":{"allow":["GET"]}}],"collection":[{"href":"https:\/\/loudavymkrokem.cz\/hu\/wp-json\/wp\/v2\/posts"}],"about":[{"href":"https:\/\/loudavymkrokem.cz\/hu\/wp-json\/wp\/v2\/types\/post"}],"author":[{"embeddable":true,"href":"https:\/\/loudavymkrokem.cz\/hu\/wp-json\/wp\/v2\/users\/3"}],"replies":[{"embeddable":true,"href":"https:\/\/loudavymkrokem.cz\/hu\/wp-json\/wp\/v2\/comments?post=417187"}],"version-history":[{"count":2,"href":"https:\/\/loudavymkrokem.cz\/hu\/wp-json\/wp\/v2\/posts\/417187\/revisions"}],"predecessor-version":[{"id":417189,"href":"https:\/\/loudavymkrokem.cz\/hu\/wp-json\/wp\/v2\/posts\/417187\/revisions\/417189"}],"wp:featuredmedia":[{"embeddable":true,"href":"https:\/\/loudavymkrokem.cz\/hu\/wp-json\/wp\/v2\/media\/407810"}],"wp:attachment":[{"href":"https:\/\/loudavymkrokem.cz\/hu\/wp-json\/wp\/v2\/media?parent=417187"}],"wp:term":[{"taxonomy":"category","embeddable":true,"href":"https:\/\/loudavymkrokem.cz\/hu\/wp-json\/wp\/v2\/categories?post=417187"},{"taxonomy":"post_tag","embeddable":true,"href":"https:\/\/loudavymkrokem.cz\/hu\/wp-json\/wp\/v2\/tags?post=417187"}],"curies":[{"name":"wp","href":"https:\/\/api.w.org\/{rel}","templated":true}]}}