{"id":417177,"date":"2026-09-05T09:44:09","date_gmt":"2026-09-05T07:44:09","guid":{"rendered":"https:\/\/loudavymkrokem.cz\/termalfurdok-nemetorszag-legjobbak\/"},"modified":"2026-09-05T13:59:14","modified_gmt":"2026-09-05T11:59:14","slug":"termalfurdok-nemetorszag-legjobbak","status":"publish","type":"post","link":"https:\/\/loudavymkrokem.cz\/hu\/termalfurdok-nemetorszag-legjobbak\/","title":{"rendered":"Term\u00e1lf\u00fcrd\u0151k N\u00e9metorsz\u00e1gban: 51 tipp a legjobbakra 2026-ban"},"content":{"rendered":"\n<p class=\"wp-block-paragraph\">Kint \u00f6t fok van \u00e9s szit\u00e1l az es\u0151, te pedig der\u00e9kig \u00e1llsz a v\u00edzben egy \u00fcvegkupola alatt, a fejed f\u00f6l\u00f6tt pedig igazi p\u00e1lm\u00e1k susognak. A <strong>n\u00e9metorsz\u00e1gi term\u00e1lf\u00fcrd\u0151k<\/strong> m\u00e1sk\u00e9pp m\u0171k\u00f6dnek, mint a mieink, \u00e9s ez nem csak a tr\u00f3pusi d\u00edszletnek k\u00f6sz\u00f6nhet\u0151. F\u0151leg k\u00e9t dolog fog meglepni: a szaun\u00e1kba f\u00fcrd\u0151ruha n\u00e9lk\u00fcl j\u00e1rnak, a bel\u00e9p\u0151t pedig pontosan meghat\u00e1rozott \u00f3r\u00e1kra fizeted, amelyek ut\u00e1n r\u00e1 kell fizetni.<\/p>\n\n\n\n<p class=\"wp-block-paragraph\">Szerencs\u00e9re ez egy\u00e1ltal\u00e1n nem baj, mert amint meg\u00e9rted a rendszer\u00fcket, <strong>abszol\u00fat luxus pihen\u00e9s<\/strong> v\u00e1r r\u00e1d. A legt\u00f6bb helyen egy chipet kapsz a csukl\u00f3dra, amivel bepittyensz a szekr\u00e9nyn\u00e9l \u00e9s rendezed a fogyaszt\u00e1st is az \u00e9tteremben, a p\u00e9nzt\u00e1rc\u00e1dat pedig nyugodtan hagyhatod v\u00e9gig z\u00e1rva. Csak az id\u0151t kell figyelned, mert <strong>minden \u00fajabb megkezdett f\u00e9l\u00f3r\u00e1\u00e9rt<\/strong> a kij\u00e1ratn\u00e1l automatikusan r\u00e1 kell fizetni.<\/p>\n\n\n\n<p class=\"wp-block-paragraph\">Ebben a cikkben 51 n\u00e9metorsz\u00e1gi term\u00e1lf\u00fcrd\u0151t tal\u00e1lsz tartom\u00e1nyok szerint rendezve, a M\u00fcnchen melletti hatalmas Therme Erdingt\u0151l kezdve a <strong>sinsheimi \u00e9s euskircheni tr\u00f3pusi Badeweltokon<\/strong> \u00e1t eg\u00e9szen a Balti-tenger fest\u0151i tengerparti f\u00fcrd\u0151iig. El\u00e1rulom, mennyibe ker\u00fcl a f\u00fcrd\u0151z\u00e9s, hogyan m\u0171k\u00f6dik pontosan a <strong>n\u00e9met szaunaetikett<\/strong>, \u00e9s hol alhatsz k\u00f6nt\u00f6sben egyenesen a term\u00e1l mellett.<\/p>\n\n\n\n<figure data-wp-context=\"{&quot;imageId&quot;:&quot;6a9c16a6340c8&quot;}\" data-wp-interactive=\"core\/image\" data-wp-key=\"6a9c16a6340c8\" class=\"wp-block-image size-full wp-lightbox-container\"><img decoding=\"async\" width=\"1800\" height=\"1201\" data-wp-class--hide=\"state.isContentHidden\" data-wp-class--show=\"state.isContentVisible\" data-wp-init=\"callbacks.setButtonStyles\" data-wp-on--click=\"actions.showLightbox\" data-wp-on--load=\"callbacks.setButtonStyles\" data-wp-on--pointerdown=\"actions.preloadImage\" data-wp-on--pointerenter=\"actions.preloadImageWithDelay\" data-wp-on--pointerleave=\"actions.cancelPreload\" data-wp-on-window--resize=\"callbacks.setButtonStyles\" src=\"https:\/\/loudavymkrokem.cz\/wp-content\/uploads\/2026\/09\/nemecko-clanky-termaly-nemecko-01-0dcc0000.jpg\" alt=\"\u00c1sv\u00e1nyvizes medence az \u00fcvegkupola alatt a Thermen &#038; Badewelt Sinsheimben\" class=\"wp-image-415288\" title=\"\" srcset=\"https:\/\/loudavymkrokem.cz\/wp-content\/uploads\/2026\/09\/nemecko-clanky-termaly-nemecko-01-0dcc0000.jpg 1800w, https:\/\/loudavymkrokem.cz\/wp-content\/uploads\/2026\/09\/nemecko-clanky-termaly-nemecko-01-0dcc0000-300x200.jpg 300w, https:\/\/loudavymkrokem.cz\/wp-content\/uploads\/2026\/09\/nemecko-clanky-termaly-nemecko-01-0dcc0000-700x467.jpg 700w, https:\/\/loudavymkrokem.cz\/wp-content\/uploads\/2026\/09\/nemecko-clanky-termaly-nemecko-01-0dcc0000-768x512.jpg 768w, https:\/\/loudavymkrokem.cz\/wp-content\/uploads\/2026\/09\/nemecko-clanky-termaly-nemecko-01-0dcc0000-1536x1025.jpg 1536w, https:\/\/loudavymkrokem.cz\/wp-content\/uploads\/2026\/09\/nemecko-clanky-termaly-nemecko-01-0dcc0000-696x464.jpg 696w, https:\/\/loudavymkrokem.cz\/wp-content\/uploads\/2026\/09\/nemecko-clanky-termaly-nemecko-01-0dcc0000-1392x929.jpg 1392w\" sizes=\"(max-width: 1800px) 100vw, 1800px\" \/><button\n\t\t\tclass=\"lightbox-trigger\"\n\t\t\ttype=\"button\"\n\t\t\taria-haspopup=\"dialog\"\n\t\t\tdata-wp-bind--aria-label=\"state.thisImage.triggerButtonAriaLabel\"\n\t\t\tdata-wp-init=\"callbacks.initTriggerButton\"\n\t\t\tdata-wp-on--click=\"actions.showLightbox\"\n\t\t\tdata-wp-style--right=\"state.thisImage.buttonRight\"\n\t\t\tdata-wp-style--top=\"state.thisImage.buttonTop\"\n\t\t>\n\t\t\t<svg xmlns=\"http:\/\/www.w3.org\/2000\/svg\" width=\"12\" height=\"12\" fill=\"none\" viewBox=\"0 0 12 12\">\n\t\t\t\t<path fill=\"#fff\" d=\"M2 0a2 2 0 0 0-2 2v2h1.5V2a.5.5 0 0 1 .5-.5h2V0H2Zm2 10.5H2a.5.5 0 0 1-.5-.5V8H0v2a2 2 0 0 0 2 2h2v-1.5ZM8 12v-1.5h2a.5.5 0 0 0 .5-.5V8H12v2a2 2 0 0 1-2 2H8Zm2-12a2 2 0 0 1 2 2v2h-1.5V2a.5.5 0 0 0-.5-.5H8V0h2Z\" \/>\n\t\t\t<\/svg>\n\t\t<\/button><\/figure>\n\n\n\n<div id=\"ez-toc-container\" class=\"ez-toc-v2_0_87 ez-toc-wrap-left counter-hierarchy ez-toc-counter ez-toc-grey ez-toc-container-direction\">\n<div class=\"ez-toc-title-container\">\n<p class=\"ez-toc-title\" style=\"cursor:inherit\">A cikk tartalma<\/p>\n<span class=\"ez-toc-title-toggle\"><a href=\"#\" class=\"ez-toc-pull-right ez-toc-btn ez-toc-btn-xs ez-toc-btn-default ez-toc-toggle\" aria-label=\"Toggle Table of Content\"><span class=\"ez-toc-js-icon-con\"><span class=\"\"><span class=\"eztoc-hide\" style=\"display:none;\">Toggle<\/span><span class=\"ez-toc-icon-toggle-span\"><svg style=\"fill: #999;color:#999\" xmlns=\"http:\/\/www.w3.org\/2000\/svg\" class=\"list-377408\" width=\"20px\" height=\"20px\" viewBox=\"0 0 24 24\" fill=\"none\"><path d=\"M6 6H4v2h2V6zm14 0H8v2h12V6zM4 11h2v2H4v-2zm16 0H8v2h12v-2zM4 16h2v2H4v-2zm16 0H8v2h12v-2z\" fill=\"currentColor\"><\/path><\/svg><svg style=\"fill: #999;color:#999\" class=\"arrow-unsorted-368013\" xmlns=\"http:\/\/www.w3.org\/2000\/svg\" width=\"10px\" height=\"10px\" viewBox=\"0 0 24 24\" version=\"1.2\" baseProfile=\"tiny\"><path d=\"M18.2 9.3l-6.2-6.3-6.2 6.3c-.2.2-.3.4-.3.7s.1.5.3.7c.2.2.4.3.7.3h11c.3 0 .5-.1.7-.3.2-.2.3-.5.3-.7s-.1-.5-.3-.7zM5.8 14.7l6.2 6.3 6.2-6.3c.2-.2.3-.5.3-.7s-.1-.5-.3-.7c-.2-.2-.4-.3-.7-.3h-11c-.3 0-.5.1-.7.3-.2.2-.3.5-.3.7s.1.5.3.7z\"\/><\/svg><\/span><\/span><\/span><\/a><\/span><\/div>\n<nav><ul class='ez-toc-list ez-toc-list-level-1 ' ><ul class='ez-toc-list-level-3' ><li class='ez-toc-heading-level-3'><a class=\"ez-toc-link ez-toc-heading-1\" href=\"https:\/\/loudavymkrokem.cz\/hu\/termalfurdok-nemetorszag-legjobbak\/#Osszefoglalas_azoknak_akiknek_nincs_idejuk_vegigolvasni_a_cikket\" >\u00d6sszefoglal\u00e1s azoknak, akiknek nincs idej\u00fck v\u00e9gigolvasni a cikket<\/a><\/li><\/ul><\/li><li class='ez-toc-page-1 ez-toc-heading-level-2'><a class=\"ez-toc-link ez-toc-heading-2\" href=\"https:\/\/loudavymkrokem.cz\/hu\/termalfurdok-nemetorszag-legjobbak\/#Hogyan_mukodnek_a_nemetorszagi_termalfurdok_es_miben_ternek_el_a_megszokottol\" >Hogyan m\u0171k\u00f6dnek a n\u00e9metorsz\u00e1gi term\u00e1lf\u00fcrd\u0151k (\u00e9s miben t\u00e9rnek el a megszokott\u00f3l)<\/a><\/li><li class='ez-toc-page-1 ez-toc-heading-level-2'><a class=\"ez-toc-link ez-toc-heading-3\" href=\"https:\/\/loudavymkrokem.cz\/hu\/termalfurdok-nemetorszag-legjobbak\/#Mennyibe_kerul_es_mikor_erdemes_menni\" >Mennyibe ker\u00fcl \u00e9s mikor \u00e9rdemes menni<\/a><\/li><li class='ez-toc-page-1 ez-toc-heading-level-2'><a class=\"ez-toc-link ez-toc-heading-4\" href=\"https:\/\/loudavymkrokem.cz\/hu\/termalfurdok-nemetorszag-legjobbak\/#Hol_szallj_meg_hotel_Bademantelganggal\" >Hol sz\u00e1llj meg: hotel Bademantelganggal<\/a><\/li><li class='ez-toc-page-1 ez-toc-heading-level-2'><a class=\"ez-toc-link ez-toc-heading-5\" href=\"https:\/\/loudavymkrokem.cz\/hu\/termalfurdok-nemetorszag-legjobbak\/#Termalfurdok_Bajororszagban\" >Term\u00e1lf\u00fcrd\u0151k Bajororsz\u00e1gban<\/a><ul class='ez-toc-list-level-3' ><li class='ez-toc-heading-level-3'><a class=\"ez-toc-link ez-toc-heading-6\" href=\"https:\/\/loudavymkrokem.cz\/hu\/termalfurdok-nemetorszag-legjobbak\/#1_Therme_Erding_Erding\" >1. Therme Erding (Erding)<\/a><\/li><li class='ez-toc-page-1 ez-toc-heading-level-3'><a class=\"ez-toc-link ez-toc-heading-7\" href=\"https:\/\/loudavymkrokem.cz\/hu\/termalfurdok-nemetorszag-legjobbak\/#2_Therme_Bad_Worishofen_Bad_Worishofen\" >2. Therme Bad W\u00f6rishofen (Bad W\u00f6rishofen)<\/a><\/li><li class='ez-toc-page-1 ez-toc-heading-level-3'><a class=\"ez-toc-link ez-toc-heading-8\" href=\"https:\/\/loudavymkrokem.cz\/hu\/termalfurdok-nemetorszag-legjobbak\/#3_Therme_Bad_Aibling_Bad_Aibling\" >3. Therme Bad Aibling (Bad Aibling)<\/a><\/li><li class='ez-toc-page-1 ez-toc-heading-level-3'><a class=\"ez-toc-link ez-toc-heading-9\" href=\"https:\/\/loudavymkrokem.cz\/hu\/termalfurdok-nemetorszag-legjobbak\/#4_KissSalis_Therme_Bad_Kissingen\" >4. KissSalis Therme (Bad Kissingen)<\/a><\/li><li class='ez-toc-page-1 ez-toc-heading-level-3'><a class=\"ez-toc-link ez-toc-heading-10\" href=\"https:\/\/loudavymkrokem.cz\/hu\/termalfurdok-nemetorszag-legjobbak\/#5_Hotel_Victory_Therme_Erding_Erding\" >5. Hotel Victory Therme Erding (Erding)<\/a><\/li><li class='ez-toc-page-1 ez-toc-heading-level-3'><a class=\"ez-toc-link ez-toc-heading-11\" href=\"https:\/\/loudavymkrokem.cz\/hu\/termalfurdok-nemetorszag-legjobbak\/#6_Franken-Therme_Bad_Windsheim\" >6. Franken-Therme (Bad Windsheim)<\/a><\/li><li class='ez-toc-page-1 ez-toc-heading-level-3'><a class=\"ez-toc-link ez-toc-heading-12\" href=\"https:\/\/loudavymkrokem.cz\/hu\/termalfurdok-nemetorszag-legjobbak\/#7_Konigliche_Kristall-Therme_Schwangau\" >7. K\u00f6nigliche Kristall-Therme (Schwangau)<\/a><\/li><li class='ez-toc-page-1 ez-toc-heading-level-3'><a class=\"ez-toc-link ez-toc-heading-13\" href=\"https:\/\/loudavymkrokem.cz\/hu\/termalfurdok-nemetorszag-legjobbak\/#8_Limes-Therme_Bad_Gogging\" >8. Limes-Therme (Bad G\u00f6gging)<\/a><\/li><li class='ez-toc-page-1 ez-toc-heading-level-3'><a class=\"ez-toc-link ez-toc-heading-14\" href=\"https:\/\/loudavymkrokem.cz\/hu\/termalfurdok-nemetorszag-legjobbak\/#9_Therme_Bad_Griesbach_Bad_Griesbach\" >9. Therme Bad Griesbach (Bad Griesbach)<\/a><\/li><li class='ez-toc-page-1 ez-toc-heading-level-3'><a class=\"ez-toc-link ez-toc-heading-15\" href=\"https:\/\/loudavymkrokem.cz\/hu\/termalfurdok-nemetorszag-legjobbak\/#10_Titania_Neusas_Neusas\" >10. Titania Neus\u00e4\u00df (Neus\u00e4\u00df)<\/a><\/li><li class='ez-toc-page-1 ez-toc-heading-level-3'><a class=\"ez-toc-link ez-toc-heading-16\" href=\"https:\/\/loudavymkrokem.cz\/hu\/termalfurdok-nemetorszag-legjobbak\/#11_Fackelmann_Therme_Hersbruck_Hersbruck\" >11. Fackelmann Therme Hersbruck (Hersbruck)<\/a><\/li><li class='ez-toc-page-1 ez-toc-heading-level-3'><a class=\"ez-toc-link ez-toc-heading-17\" href=\"https:\/\/loudavymkrokem.cz\/hu\/termalfurdok-nemetorszag-legjobbak\/#12_ThermeNatur_Bad_Rodach\" >12. ThermeNatur (Bad Rodach)<\/a><\/li><li class='ez-toc-page-1 ez-toc-heading-level-3'><a class=\"ez-toc-link ez-toc-heading-18\" href=\"https:\/\/loudavymkrokem.cz\/hu\/termalfurdok-nemetorszag-legjobbak\/#13_Johannesbad_Therme_Bad_Fussing_Bad_Fussing\" >13. Johannesbad Therme Bad F\u00fcssing (Bad F\u00fcssing)<\/a><\/li><li class='ez-toc-page-1 ez-toc-heading-level-3'><a class=\"ez-toc-link ez-toc-heading-19\" href=\"https:\/\/loudavymkrokem.cz\/hu\/termalfurdok-nemetorszag-legjobbak\/#14_Europa_Therme_Bad_Fussing\" >14. Europa Therme (Bad F\u00fcssing)<\/a><\/li><li class='ez-toc-page-1 ez-toc-heading-level-3'><a class=\"ez-toc-link ez-toc-heading-20\" href=\"https:\/\/loudavymkrokem.cz\/hu\/termalfurdok-nemetorszag-legjobbak\/#15_Sibyllenbad_Neualbenreuth\" >15. Sibyllenbad (Neualbenreuth)<\/a><\/li><\/ul><\/li><li class='ez-toc-page-1 ez-toc-heading-level-2'><a class=\"ez-toc-link ez-toc-heading-21\" href=\"https:\/\/loudavymkrokem.cz\/hu\/termalfurdok-nemetorszag-legjobbak\/#Termalfurdok_Baden-Wurttembergben\" >Term\u00e1lf\u00fcrd\u0151k Baden-W\u00fcrttembergben<\/a><ul class='ez-toc-list-level-3' ><li class='ez-toc-heading-level-3'><a class=\"ez-toc-link ez-toc-heading-22\" href=\"https:\/\/loudavymkrokem.cz\/hu\/termalfurdok-nemetorszag-legjobbak\/#16_Thermen_Badewelt_Sinsheim_Sinsheim\" >16. Thermen &#038; Badewelt Sinsheim (Sinsheim)<\/a><\/li><li class='ez-toc-page-1 ez-toc-heading-level-3'><a class=\"ez-toc-link ez-toc-heading-23\" href=\"https:\/\/loudavymkrokem.cz\/hu\/termalfurdok-nemetorszag-legjobbak\/#17_Mineraltherme_Boblingen_Boblingen\" >17. Mineraltherme B\u00f6blingen (B\u00f6blingen)<\/a><\/li><li class='ez-toc-page-1 ez-toc-heading-level-3'><a class=\"ez-toc-link ez-toc-heading-24\" href=\"https:\/\/loudavymkrokem.cz\/hu\/termalfurdok-nemetorszag-legjobbak\/#18_Panorama_Therme_Beuren_Beuren\" >18. Panorama Therme Beuren (Beuren)<\/a><\/li><li class='ez-toc-page-1 ez-toc-heading-level-3'><a class=\"ez-toc-link ez-toc-heading-25\" href=\"https:\/\/loudavymkrokem.cz\/hu\/termalfurdok-nemetorszag-legjobbak\/#19_Bodensee-Therme_Konstanz_Konstanz\" >19. Bodensee-Therme Konstanz (Konstanz)<\/a><\/li><li class='ez-toc-page-1 ez-toc-heading-level-3'><a class=\"ez-toc-link ez-toc-heading-26\" href=\"https:\/\/loudavymkrokem.cz\/hu\/termalfurdok-nemetorszag-legjobbak\/#20_Adelindis_Therme_Bad_Buchau\" >20. Adelindis Therme (Bad Buchau)<\/a><\/li><li class='ez-toc-page-1 ez-toc-heading-level-3'><a class=\"ez-toc-link ez-toc-heading-27\" href=\"https:\/\/loudavymkrokem.cz\/hu\/termalfurdok-nemetorszag-legjobbak\/#21_Sonnenhof-Therme_Bad_Saulgau\" >21. Sonnenhof-Therme (Bad Saulgau)<\/a><\/li><li class='ez-toc-page-1 ez-toc-heading-level-3'><a class=\"ez-toc-link ez-toc-heading-28\" href=\"https:\/\/loudavymkrokem.cz\/hu\/termalfurdok-nemetorszag-legjobbak\/#22_Caracalla_Therme_Baden-Baden\" >22. Caracalla Therme (Baden-Baden)<\/a><\/li><li class='ez-toc-page-1 ez-toc-heading-level-3'><a class=\"ez-toc-link ez-toc-heading-29\" href=\"https:\/\/loudavymkrokem.cz\/hu\/termalfurdok-nemetorszag-legjobbak\/#23_Solemar_Bad_Durrheim_Bad_Durrheim\" >23. Solemar Bad D\u00fcrrheim (Bad D\u00fcrrheim)<\/a><\/li><li class='ez-toc-page-1 ez-toc-heading-level-3'><a class=\"ez-toc-link ez-toc-heading-30\" href=\"https:\/\/loudavymkrokem.cz\/hu\/termalfurdok-nemetorszag-legjobbak\/#24_AlbThermen_Bad_Urach\" >24. AlbThermen (Bad Urach)<\/a><\/li><li class='ez-toc-page-1 ez-toc-heading-level-3'><a class=\"ez-toc-link ez-toc-heading-31\" href=\"https:\/\/loudavymkrokem.cz\/hu\/termalfurdok-nemetorszag-legjobbak\/#25_Friedrichsbad_Baden-Baden\" >25. Friedrichsbad (Baden-Baden)<\/a><\/li><li class='ez-toc-page-1 ez-toc-heading-level-3'><a class=\"ez-toc-link ez-toc-heading-32\" href=\"https:\/\/loudavymkrokem.cz\/hu\/termalfurdok-nemetorszag-legjobbak\/#26_Vita_Classica_Bad_Krozingen\" >26. Vita Classica (Bad Krozingen)<\/a><\/li><\/ul><\/li><li class='ez-toc-page-1 ez-toc-heading-level-2'><a class=\"ez-toc-link ez-toc-heading-33\" href=\"https:\/\/loudavymkrokem.cz\/hu\/termalfurdok-nemetorszag-legjobbak\/#Termalfurdok_Eszak-Rajna-Vesztfaliaban\" >Term\u00e1lf\u00fcrd\u0151k \u00c9szak-Rajna-Vesztf\u00e1li\u00e1ban<\/a><ul class='ez-toc-list-level-3' ><li class='ez-toc-heading-level-3'><a class=\"ez-toc-link ez-toc-heading-34\" href=\"https:\/\/loudavymkrokem.cz\/hu\/termalfurdok-nemetorszag-legjobbak\/#27_Thermen_Badewelt_Euskirchen_Euskirchen\" >27. Thermen &#038; Badewelt Euskirchen (Euskirchen)<\/a><\/li><li class='ez-toc-page-1 ez-toc-heading-level-3'><a class=\"ez-toc-link ez-toc-heading-35\" href=\"https:\/\/loudavymkrokem.cz\/hu\/termalfurdok-nemetorszag-legjobbak\/#28_Bali_Therme_Bad_Oeynhausen\" >28. Bali Therme (Bad Oeynhausen)<\/a><\/li><li class='ez-toc-page-1 ez-toc-heading-level-3'><a class=\"ez-toc-link ez-toc-heading-36\" href=\"https:\/\/loudavymkrokem.cz\/hu\/termalfurdok-nemetorszag-legjobbak\/#29_Carolus_Thermen_Aachen\" >29. Carolus Thermen (Aachen)<\/a><\/li><li class='ez-toc-page-1 ez-toc-heading-level-3'><a class=\"ez-toc-link ez-toc-heading-37\" href=\"https:\/\/loudavymkrokem.cz\/hu\/termalfurdok-nemetorszag-legjobbak\/#30_Mediterana_Bergisch_Gladbach\" >30. Mediterana (Bergisch Gladbach)<\/a><\/li><li class='ez-toc-page-1 ez-toc-heading-level-3'><a class=\"ez-toc-link ez-toc-heading-38\" href=\"https:\/\/loudavymkrokem.cz\/hu\/termalfurdok-nemetorszag-legjobbak\/#31_Vitasol_Therme_Bad_Salzuflen\" >31. Vitasol Therme (Bad Salzuflen)<\/a><\/li><li class='ez-toc-page-1 ez-toc-heading-level-3'><a class=\"ez-toc-link ez-toc-heading-39\" href=\"https:\/\/loudavymkrokem.cz\/hu\/termalfurdok-nemetorszag-legjobbak\/#32_Mauritius_Hotel_Therme_Koln_Koln\" >32. Mauritius Hotel &#038; Therme K\u00f6ln (K\u00f6ln)<\/a><\/li><li class='ez-toc-page-1 ez-toc-heading-level-3'><a class=\"ez-toc-link ez-toc-heading-40\" href=\"https:\/\/loudavymkrokem.cz\/hu\/termalfurdok-nemetorszag-legjobbak\/#33_Claudius_Therme_Koln\" >33. Claudius Therme (K\u00f6ln)<\/a><\/li><\/ul><\/li><li class='ez-toc-page-1 ez-toc-heading-level-2'><a class=\"ez-toc-link ez-toc-heading-41\" href=\"https:\/\/loudavymkrokem.cz\/hu\/termalfurdok-nemetorszag-legjobbak\/#Termalfurdok_Hessenben\" >Term\u00e1lf\u00fcrd\u0151k Hessenben<\/a><ul class='ez-toc-list-level-3' ><li class='ez-toc-heading-level-3'><a class=\"ez-toc-link ez-toc-heading-42\" href=\"https:\/\/loudavymkrokem.cz\/hu\/termalfurdok-nemetorszag-legjobbak\/#34_Taunus-Therme_Bad_Homburg\" >34. Taunus-Therme (Bad Homburg)<\/a><\/li><li class='ez-toc-page-1 ez-toc-heading-level-3'><a class=\"ez-toc-link ez-toc-heading-43\" href=\"https:\/\/loudavymkrokem.cz\/hu\/termalfurdok-nemetorszag-legjobbak\/#35_KurhessenTherme_Kassel\" >35. KurhessenTherme (Kassel)<\/a><\/li><li class='ez-toc-page-1 ez-toc-heading-level-3'><a class=\"ez-toc-link ez-toc-heading-44\" href=\"https:\/\/loudavymkrokem.cz\/hu\/termalfurdok-nemetorszag-legjobbak\/#36_Odenwald-Therme_Bad_Konig\" >36. Odenwald-Therme (Bad K\u00f6nig)<\/a><\/li><li class='ez-toc-page-1 ez-toc-heading-level-3'><a class=\"ez-toc-link ez-toc-heading-45\" href=\"https:\/\/loudavymkrokem.cz\/hu\/termalfurdok-nemetorszag-legjobbak\/#37_Thermalbad_Aukammtal_Wiesbaden\" >37. Thermalbad Aukammtal (Wiesbaden)<\/a><\/li><li class='ez-toc-page-1 ez-toc-heading-level-3'><a class=\"ez-toc-link ez-toc-heading-46\" href=\"https:\/\/loudavymkrokem.cz\/hu\/termalfurdok-nemetorszag-legjobbak\/#38_Kaiser-Friedrich-Therme_Wiesbaden\" >38. Kaiser-Friedrich-Therme (Wiesbaden)<\/a><\/li><\/ul><\/li><li class='ez-toc-page-1 ez-toc-heading-level-2'><a class=\"ez-toc-link ez-toc-heading-47\" href=\"https:\/\/loudavymkrokem.cz\/hu\/termalfurdok-nemetorszag-legjobbak\/#Termalfurdok_Brandenburgban_es_Berlinben\" >Term\u00e1lf\u00fcrd\u0151k Brandenburgban \u00e9s Berlinben<\/a><ul class='ez-toc-list-level-3' ><li class='ez-toc-heading-level-3'><a class=\"ez-toc-link ez-toc-heading-48\" href=\"https:\/\/loudavymkrokem.cz\/hu\/termalfurdok-nemetorszag-legjobbak\/#39_Havel_Therme_Werder_an_der_Havel\" >39. Havel Therme (Werder an der Havel)<\/a><\/li><li class='ez-toc-page-1 ez-toc-heading-level-3'><a class=\"ez-toc-link ez-toc-heading-49\" href=\"https:\/\/loudavymkrokem.cz\/hu\/termalfurdok-nemetorszag-legjobbak\/#40_Spreewald_Therme_Burg\" >40. Spreewald Therme (Burg)<\/a><\/li><li class='ez-toc-page-1 ez-toc-heading-level-3'><a class=\"ez-toc-link ez-toc-heading-50\" href=\"https:\/\/loudavymkrokem.cz\/hu\/termalfurdok-nemetorszag-legjobbak\/#41_NaturThermeTemplin_Templin\" >41. NaturThermeTemplin (Templin)<\/a><\/li><li class='ez-toc-page-1 ez-toc-heading-level-3'><a class=\"ez-toc-link ez-toc-heading-51\" href=\"https:\/\/loudavymkrokem.cz\/hu\/termalfurdok-nemetorszag-legjobbak\/#42_Spreewelten_Bad_Lubbenau_Lubbenau\" >42. Spreewelten Bad L\u00fcbbenau (L\u00fcbbenau)<\/a><\/li><li class='ez-toc-page-1 ez-toc-heading-level-3'><a class=\"ez-toc-link ez-toc-heading-52\" href=\"https:\/\/loudavymkrokem.cz\/hu\/termalfurdok-nemetorszag-legjobbak\/#43_Kristalltherme_Bad_Wilsnack_Bad_Wilsnack\" >43. Kristalltherme Bad Wilsnack (Bad Wilsnack)<\/a><\/li><li class='ez-toc-page-1 ez-toc-heading-level-3'><a class=\"ez-toc-link ez-toc-heading-53\" href=\"https:\/\/loudavymkrokem.cz\/hu\/termalfurdok-nemetorszag-legjobbak\/#44_vabali_spa_Berlin_Berlin\" >44. vabali spa Berlin (Berlin)<\/a><\/li><\/ul><\/li><li class='ez-toc-page-1 ez-toc-heading-level-2'><a class=\"ez-toc-link ez-toc-heading-54\" href=\"https:\/\/loudavymkrokem.cz\/hu\/termalfurdok-nemetorszag-legjobbak\/#Termalfurdok_eszakon_a_Balti-_es_az_Eszaki-tenger\" >Term\u00e1lf\u00fcrd\u0151k \u00e9szakon: a Balti- \u00e9s az \u00c9szaki-tenger<\/a><ul class='ez-toc-list-level-3' ><li class='ez-toc-heading-level-3'><a class=\"ez-toc-link ez-toc-heading-55\" href=\"https:\/\/loudavymkrokem.cz\/hu\/termalfurdok-nemetorszag-legjobbak\/#45_Ostsee-Therme_Scharbeutz\" >45. Ostsee-Therme (Scharbeutz)<\/a><\/li><li class='ez-toc-page-1 ez-toc-heading-level-3'><a class=\"ez-toc-link ez-toc-heading-56\" href=\"https:\/\/loudavymkrokem.cz\/hu\/termalfurdok-nemetorszag-legjobbak\/#46_Dunen-Therme_St_Peter-Ording\" >46. D\u00fcnen-Therme (St. Peter-Ording)<\/a><\/li><li class='ez-toc-page-1 ez-toc-heading-level-3'><a class=\"ez-toc-link ez-toc-heading-57\" href=\"https:\/\/loudavymkrokem.cz\/hu\/termalfurdok-nemetorszag-legjobbak\/#47_Ostsee_Therme_Usedom_Ahlbeck\" >47. Ostsee Therme Usedom (Ahlbeck)<\/a><\/li><\/ul><\/li><li class='ez-toc-page-1 ez-toc-heading-level-2'><a class=\"ez-toc-link ez-toc-heading-58\" href=\"https:\/\/loudavymkrokem.cz\/hu\/termalfurdok-nemetorszag-legjobbak\/#Termalfurdok_Szaszorszagban_es_Turingiaban\" >Term\u00e1lf\u00fcrd\u0151k Sz\u00e1szorsz\u00e1gban \u00e9s T\u00fcringi\u00e1ban<\/a><ul class='ez-toc-list-level-3' ><li class='ez-toc-heading-level-3'><a class=\"ez-toc-link ez-toc-heading-59\" href=\"https:\/\/loudavymkrokem.cz\/hu\/termalfurdok-nemetorszag-legjobbak\/#48_Toskana_Therme_Bad_Schandau_Bad_Schandau\" >48. Toskana Therme Bad Schandau (Bad Schandau)<\/a><\/li><li class='ez-toc-page-1 ez-toc-heading-level-3'><a class=\"ez-toc-link ez-toc-heading-60\" href=\"https:\/\/loudavymkrokem.cz\/hu\/termalfurdok-nemetorszag-legjobbak\/#49_Toskana_Therme_Bad_Sulza_Bad_Sulza\" >49. Toskana Therme Bad Sulza (Bad Sulza)<\/a><\/li><\/ul><\/li><li class='ez-toc-page-1 ez-toc-heading-level-2'><a class=\"ez-toc-link ez-toc-heading-61\" href=\"https:\/\/loudavymkrokem.cz\/hu\/termalfurdok-nemetorszag-legjobbak\/#Termalfurdok_Rajna-videk-Pfalzban\" >Term\u00e1lf\u00fcrd\u0151k Rajna-vid\u00e9k-Pfalzban<\/a><ul class='ez-toc-list-level-3' ><li class='ez-toc-heading-level-3'><a class=\"ez-toc-link ez-toc-heading-62\" href=\"https:\/\/loudavymkrokem.cz\/hu\/termalfurdok-nemetorszag-legjobbak\/#50_Crucenia_Thermen_Bad_Kreuznach\" >50. Crucenia Thermen (Bad Kreuznach)<\/a><\/li><li class='ez-toc-page-1 ez-toc-heading-level-3'><a class=\"ez-toc-link ez-toc-heading-63\" href=\"https:\/\/loudavymkrokem.cz\/hu\/termalfurdok-nemetorszag-legjobbak\/#51_Emser_Therme_Bad_Ems\" >51. Emser Therme (Bad Ems)<\/a><\/li><\/ul><\/li><li class='ez-toc-page-1 ez-toc-heading-level-2'><a class=\"ez-toc-link ez-toc-heading-64\" href=\"https:\/\/loudavymkrokem.cz\/hu\/termalfurdok-nemetorszag-legjobbak\/#Gyakorlati_utmutato_mit_vigyel_gyerekekkel_es_keszpenzben\" >Gyakorlati \u00fatmutat\u00f3: mit vigy\u00e9l, gyerekekkel \u00e9s k\u00e9szp\u00e9nzben<\/a><\/li><li class='ez-toc-page-1 ez-toc-heading-level-2'><a class=\"ez-toc-link ez-toc-heading-65\" href=\"https:\/\/loudavymkrokem.cz\/hu\/termalfurdok-nemetorszag-legjobbak\/#Hova_tovabb_tovabbi_cikkek_termalokrol_es_wellnessrol\" >Hov\u00e1 tov\u00e1bb: tov\u00e1bbi cikkek term\u00e1lokr\u00f3l \u00e9s wellnessr\u0151l<\/a><\/li><li class='ez-toc-page-1 ez-toc-heading-level-2'><a class=\"ez-toc-link ez-toc-heading-66\" href=\"https:\/\/loudavymkrokem.cz\/hu\/termalfurdok-nemetorszag-legjobbak\/#Gyakran_ismetelt_kerdesek\" >Gyakran ism\u00e9telt k\u00e9rd\u00e9sek<\/a><ul class='ez-toc-list-level-3' ><li class='ez-toc-heading-level-3'><a class=\"ez-toc-link ez-toc-heading-67\" href=\"https:\/\/loudavymkrokem.cz\/hu\/termalfurdok-nemetorszag-legjobbak\/#Melyik_Nemetorszag_legnagyobb_termalfurdoje\" >Melyik N\u00e9metorsz\u00e1g legnagyobb term\u00e1lf\u00fcrd\u0151je?<\/a><\/li><li class='ez-toc-page-1 ez-toc-heading-level-3'><a class=\"ez-toc-link ez-toc-heading-68\" href=\"https:\/\/loudavymkrokem.cz\/hu\/termalfurdok-nemetorszag-legjobbak\/#Mennyibe_kerul_a_belepo_egy_nemet_termalfurdobe\" >Mennyibe ker\u00fcl a bel\u00e9p\u0151 egy n\u00e9met term\u00e1lf\u00fcrd\u0151be?<\/a><\/li><li class='ez-toc-page-1 ez-toc-heading-level-3'><a class=\"ez-toc-link ez-toc-heading-69\" href=\"https:\/\/loudavymkrokem.cz\/hu\/termalfurdok-nemetorszag-legjobbak\/#Kotelezo_meztelenul_jarni_a_nemet_szaunakban\" >K\u00f6telez\u0151 meztelen\u00fcl j\u00e1rni a n\u00e9met szaun\u00e1kban?<\/a><\/li><li class='ez-toc-page-1 ez-toc-heading-level-3'><a class=\"ez-toc-link ez-toc-heading-70\" href=\"https:\/\/loudavymkrokem.cz\/hu\/termalfurdok-nemetorszag-legjobbak\/#Melyek_a_legkozelebbi_nemet_termalfurdok_a_magyar_hatarhoz\" >Melyek a legk\u00f6zelebbi n\u00e9met term\u00e1lf\u00fcrd\u0151k a magyar hat\u00e1rhoz?<\/a><\/li><li class='ez-toc-page-1 ez-toc-heading-level-3'><a class=\"ez-toc-link ez-toc-heading-71\" href=\"https:\/\/loudavymkrokem.cz\/hu\/termalfurdok-nemetorszag-legjobbak\/#Mehetnek_gyerekek_a_nemet_termalfurdokbe\" >Mehetnek gyerekek a n\u00e9met term\u00e1lf\u00fcrd\u0151kbe?<\/a><\/li><li class='ez-toc-page-1 ez-toc-heading-level-3'><a class=\"ez-toc-link ez-toc-heading-72\" href=\"https:\/\/loudavymkrokem.cz\/hu\/termalfurdok-nemetorszag-legjobbak\/#Mit_jelent_a_Bademantelgang\" >Mit jelent a Bademantelgang?<\/a><\/li><li class='ez-toc-page-1 ez-toc-heading-level-3'><a class=\"ez-toc-link ez-toc-heading-73\" href=\"https:\/\/loudavymkrokem.cz\/hu\/termalfurdok-nemetorszag-legjobbak\/#Vinnem_kell_sajat_torolkozot_es_kontost\" >Vinnem kell saj\u00e1t t\u00f6r\u00f6lk\u00f6z\u0151t \u00e9s k\u00f6nt\u00f6st?<\/a><\/li><li class='ez-toc-page-1 ez-toc-heading-level-3'><a class=\"ez-toc-link ez-toc-heading-74\" href=\"https:\/\/loudavymkrokem.cz\/hu\/termalfurdok-nemetorszag-legjobbak\/#Mikor_a_legkevesebb_a_forgalom_a_nemet_termalfurdokben\" >Mikor a legkevesebb a forgalom a n\u00e9met term\u00e1lf\u00fcrd\u0151kben?<\/a><\/li><li class='ez-toc-page-1 ez-toc-heading-level-3'><a class=\"ez-toc-link ez-toc-heading-75\" href=\"https:\/\/loudavymkrokem.cz\/hu\/termalfurdok-nemetorszag-legjobbak\/#Kell_fizetni_furdoadot_Nemetorszagban\" >Kell fizetni f\u00fcrd\u0151ad\u00f3t N\u00e9metorsz\u00e1gban?<\/a><\/li><li class='ez-toc-page-1 ez-toc-heading-level-3'><a class=\"ez-toc-link ez-toc-heading-76\" href=\"https:\/\/loudavymkrokem.cz\/hu\/termalfurdok-nemetorszag-legjobbak\/#Melyik_nemet_termalfurdo_a_legmegfelelobb_csaladoknak_gyerekekkel\" >Melyik n\u00e9met term\u00e1lf\u00fcrd\u0151 a legmegfelel\u0151bb csal\u00e1doknak gyerekekkel?<\/a><\/li><\/ul><\/li><\/ul><\/nav><\/div>\n<h3 class=\"wp-block-heading\"><span class=\"ez-toc-section\" id=\"Osszefoglalas_azoknak_akiknek_nincs_idejuk_vegigolvasni_a_cikket\"><\/span>\u00d6sszefoglal\u00e1s azoknak, akiknek nincs idej\u00fck v\u00e9gigolvasni a cikket<span class=\"ez-toc-section-end\"><\/span><\/h3>\n\n\n\n<ul class=\"wp-block-list\">\n\n<li>A <strong>legnagyobb \u00e9s legismertebb<\/strong> a bajororsz\u00e1gi Therme Erding, amely a saj\u00e1t weboldala szerint a vil\u00e1g legnagyobb term\u00e1lf\u00fcrd\u0151je: 40 medence, valamint 38 szauna \u00e9s g\u0151zf\u00fcrd\u0151.<\/li>\n\n\n\n<li><strong>Tr\u00f3pusi paradicsomot<\/strong> t\u00f6bb sz\u00e1z p\u00e1lm\u00e1val a Thermen &#038; Badewelt Sinsheim \u00e9s a Thermen &#038; Badewelt Euskirchen f\u00fcrd\u0151kben \u00e9lhetsz \u00e1t.<\/li>\n\n\n\n<li><strong>A magyar utaz\u00f3hoz legk\u00f6zelebb<\/strong> \u2014 cseh viszonylatban a hat\u00e1rhoz k\u00f6zel \u2014 fekszik a kedvelt Sibyllenbad Cheb mellett, illetve a gy\u00f6ny\u00f6r\u0171 Toskana Therme Bad Schandau.<\/li>\n\n\n\n<li><strong>Gyerekes csal\u00e1doknak<\/strong> az Erding ide\u00e1lis, m\u00edg sok m\u00e1s f\u00fcrd\u0151 (p\u00e9ld\u00e1ul Sinsheim) szigor\u00faan csak 16 \u00e9ves kort\u00f3l enged be.<\/li>\n\n\n\n<li><strong>Balin\u00e9z st\u00edlust<\/strong> \u00e9s keleti hangulatot a Bali Therm\u00e9ben vagy a vabali spa Berlinben \u00e9lvezhetsz.<\/li>\n\n\n\n<li><strong>A jellemz\u0151 \u00e1r<\/strong> k\u00e9t-h\u00e1rom \u00f3ra f\u00fcrd\u0151z\u00e9s\u00e9rt 15 \u00e9s 25 eur\u00f3 k\u00f6z\u00f6tt mozog.<\/li>\n\n\n\n<li><strong>A szaun\u00e1z\u00e1s meztelen\u00fcl zajlik<\/strong>, az \u00fagynevezett textilfreie z\u00f3na N\u00e9metorsz\u00e1gban higi\u00e9niai szabv\u00e1ny, a f\u00fcrd\u0151ruh\u00e1nak egyszer\u0171en nincs helye az izzaszt\u00f3ban.<\/li>\n\n\n\n<li><strong>Az id\u0151tarifok<\/strong> alattomosak, mert pontos \u00f3rasz\u00e1mra fizetsz, a t\u00fall\u00e9p\u00e9s\u00e9rt pedig r\u00e1 kell fizetni.<\/li>\n\n\n\n<li><strong>A Bademantelganggal rendelkez\u0151 hotel<\/strong> a legjobb tal\u00e1lm\u00e1ny, mert a szob\u00e1db\u00f3l egyenesen a medenc\u00e9hez s\u00e9t\u00e1lhatsz, csak k\u00f6nt\u00f6sben.<\/li>\n\n\n<\/ul>\n\n\n\n<figure data-wp-context=\"{&quot;imageId&quot;:&quot;6a9c16a634c06&quot;}\" data-wp-interactive=\"core\/image\" data-wp-key=\"6a9c16a634c06\" class=\"wp-block-image size-full wp-lightbox-container\"><img decoding=\"async\" width=\"1800\" height=\"1201\" data-wp-class--hide=\"state.isContentHidden\" data-wp-class--show=\"state.isContentVisible\" data-wp-init=\"callbacks.setButtonStyles\" data-wp-on--click=\"actions.showLightbox\" data-wp-on--load=\"callbacks.setButtonStyles\" data-wp-on--pointerdown=\"actions.preloadImage\" data-wp-on--pointerenter=\"actions.preloadImageWithDelay\" data-wp-on--pointerleave=\"actions.cancelPreload\" data-wp-on-window--resize=\"callbacks.setButtonStyles\" src=\"https:\/\/loudavymkrokem.cz\/wp-content\/uploads\/2026\/09\/nemecko-clanky-termaly-nemecko-02-a0bf9c2b.jpg\" alt=\"Aufguss szaunacerem\u00f3nia a Thermen &#038; Badewelt Sinsheim szaunavil\u00e1g\u00e1ban\" class=\"wp-image-415289\" title=\"\" srcset=\"https:\/\/loudavymkrokem.cz\/wp-content\/uploads\/2026\/09\/nemecko-clanky-termaly-nemecko-02-a0bf9c2b.jpg 1800w, https:\/\/loudavymkrokem.cz\/wp-content\/uploads\/2026\/09\/nemecko-clanky-termaly-nemecko-02-a0bf9c2b-300x200.jpg 300w, https:\/\/loudavymkrokem.cz\/wp-content\/uploads\/2026\/09\/nemecko-clanky-termaly-nemecko-02-a0bf9c2b-700x467.jpg 700w, https:\/\/loudavymkrokem.cz\/wp-content\/uploads\/2026\/09\/nemecko-clanky-termaly-nemecko-02-a0bf9c2b-768x512.jpg 768w, https:\/\/loudavymkrokem.cz\/wp-content\/uploads\/2026\/09\/nemecko-clanky-termaly-nemecko-02-a0bf9c2b-1536x1025.jpg 1536w, https:\/\/loudavymkrokem.cz\/wp-content\/uploads\/2026\/09\/nemecko-clanky-termaly-nemecko-02-a0bf9c2b-696x464.jpg 696w, https:\/\/loudavymkrokem.cz\/wp-content\/uploads\/2026\/09\/nemecko-clanky-termaly-nemecko-02-a0bf9c2b-1392x929.jpg 1392w\" sizes=\"(max-width: 1800px) 100vw, 1800px\" \/><button\n\t\t\tclass=\"lightbox-trigger\"\n\t\t\ttype=\"button\"\n\t\t\taria-haspopup=\"dialog\"\n\t\t\tdata-wp-bind--aria-label=\"state.thisImage.triggerButtonAriaLabel\"\n\t\t\tdata-wp-init=\"callbacks.initTriggerButton\"\n\t\t\tdata-wp-on--click=\"actions.showLightbox\"\n\t\t\tdata-wp-style--right=\"state.thisImage.buttonRight\"\n\t\t\tdata-wp-style--top=\"state.thisImage.buttonTop\"\n\t\t>\n\t\t\t<svg xmlns=\"http:\/\/www.w3.org\/2000\/svg\" width=\"12\" height=\"12\" fill=\"none\" viewBox=\"0 0 12 12\">\n\t\t\t\t<path fill=\"#fff\" d=\"M2 0a2 2 0 0 0-2 2v2h1.5V2a.5.5 0 0 1 .5-.5h2V0H2Zm2 10.5H2a.5.5 0 0 1-.5-.5V8H0v2a2 2 0 0 0 2 2h2v-1.5ZM8 12v-1.5h2a.5.5 0 0 0 .5-.5V8H12v2a2 2 0 0 1-2 2H8Zm2-12a2 2 0 0 1 2 2v2h-1.5V2a.5.5 0 0 0-.5-.5H8V0h2Z\" \/>\n\t\t\t<\/svg>\n\t\t<\/button><\/figure>\n\n\n\n<h2 class=\"wp-block-heading\"><span class=\"ez-toc-section\" id=\"Hogyan_mukodnek_a_nemetorszagi_termalfurdok_es_miben_ternek_el_a_megszokottol\"><\/span>Hogyan m\u0171k\u00f6dnek a n\u00e9metorsz\u00e1gi term\u00e1lf\u00fcrd\u0151k (\u00e9s miben t\u00e9rnek el a megszokott\u00f3l)<span class=\"ez-toc-section-end\"><\/span><\/h2>\n\n\n\n<p class=\"wp-block-paragraph\">A n\u00e9metekn\u00e9l ritk\u00e1n v\u00e1s\u00e1rolsz bel\u00e9p\u0151t r\u00f6gt\u00f6n eg\u00e9sz napra. Teljesen bevett dolog a <strong>k\u00e9t-n\u00e9gy \u00f3r\u00e1s tarif<\/strong>, r\u00e1ad\u00e1sul az id\u0151 k\u00f6ny\u00f6rtelen\u00fcl telik m\u00e1r a forg\u00f3kaput\u00f3l. Ha megfeledkezel magadr\u00f3l a pezsg\u0151f\u00fcrd\u0151ben, nincs semmi baj, de sz\u00e1m\u00edts arra, hogy <strong>felsz\u00e1molj\u00e1k a t\u00fall\u00e9p\u00e9s d\u00edj\u00e1t<\/strong>. A Europa Therme Bad F\u00fcssingben ez p\u00e9ld\u00e1ul minden megkezdett f\u00e9l\u00f3r\u00e1\u00e9rt egy eur\u00f3.<\/p>\n\n\n\n<p class=\"wp-block-paragraph\">A m\u00e1sik nagy k\u00fcl\u00f6nbs\u00e9g a z\u00f3n\u00e1k feloszt\u00e1s\u00e1ban rejlik. Maga a bel\u00e9p\u0151 \u00e1ltal\u00e1ban csak a term\u00e1lmedenc\u00e9kre \u00e9rv\u00e9nyes, a szaun\u00e1k\u00e9rt fizetni kell. Vehetsz teh\u00e1t <strong>k\u00fcl\u00f6n jegyet vagy kedvez\u0151bb kombin\u00e1lt tarifot<\/strong>. Amint azonban bel\u00e9psz a szaunavil\u00e1g ajtaj\u00e1n, a f\u00fcrd\u0151ruh\u00e1t a fogason kell hagynod, mert a n\u00e9met szaun\u00e1k <strong>szigor\u00faan \u00fagynevezett textilfreie<\/strong> (f\u00fcrd\u0151ruha n\u00e9lk\u00fcli) helyek.<\/p>\n\n\n\n<p class=\"wp-block-paragraph\">A higi\u00e9nia aranyszab\u00e1lya pedig a <strong>k\u00f6telez\u0151 t\u00f6r\u00f6lk\u00f6z\u0151 az eg\u00e9sz test alatt<\/strong>. A szaun\u00e1ban nem \u00fclhetsz csupasz b\u0151rrel k\u00f6zvetlen\u00fcl a f\u00e1ra, bele\u00e9rtve a talpadat is, \u00fagyhogy egy igaz\u00e1n nagy t\u00f6r\u00f6lk\u00f6z\u0151 elengedhetetlen. Ha nincs n\u00e1lad, a legt\u00f6bb f\u00fcrd\u0151ben van <strong>k\u00f6nt\u00f6s- \u00e9s t\u00f6r\u00f6lk\u00f6z\u0151k\u00f6lcs\u00f6nz\u0151<\/strong>, ahol d\u00edj \u00e9s visszat\u00e9r\u00edtend\u0151 kauci\u00f3 ellen\u00e9ben sz\u00edvesen adnak neked.<\/p>\n\n\n\n<p class=\"wp-block-paragraph\">K\u00fcl\u00f6n fejezet a szaunacerem\u00f3nia, amit n\u00e9met\u00fcl Aufgussnak neveznek. Egy <strong>tapasztalt Saunameister<\/strong> vezeti pontosan a menetrend szerint, amely minden kabin mellett ki van f\u00fcggesztve. Amint bez\u00e1rul az ajt\u00f3 \u00e9s megkezd\u0151dik a k\u00f6vek locsol\u00e1sa, <strong>senkit sem engednek be<\/strong>, ez\u00e9rt \u00e9rdemes kicsit kor\u00e1bban oda\u00e9rni.<\/p>\n\n\n\n<p class=\"wp-block-paragraph\">Az eg\u00e9sz l\u00e1togat\u00e1s r\u00e1ad\u00e1sul teljesen gondtalan az okos technol\u00f3gi\u00e1knak k\u00f6sz\u00f6nhet\u0151en. A p\u00e9nzt\u00e1rca helyett ugyanis <strong>chipet vagy kark\u00f6t\u0151t kapsz<\/strong>, amivel bez\u00e1rod a szekr\u00e9nyt \u00e9s fizetsz a k\u00e1v\u00e9\u00e9rt vagy a massz\u00e1zs\u00e9rt. A h\u00f6lgyeknek pedig j\u00f3 tudni, hogy sok f\u00fcrd\u0151, p\u00e9ld\u00e1ul a Bodensee-Therme Konstanz, k\u00edn\u00e1l <strong>speci\u00e1lis n\u0151i szaunanapokat<\/strong> is, amikor a teljes t\u00e9r csak nekik van fenntartva.<\/p>\n\n\n\n<figure data-wp-context=\"{&quot;imageId&quot;:&quot;6a9c16a6354ce&quot;}\" data-wp-interactive=\"core\/image\" data-wp-key=\"6a9c16a6354ce\" class=\"wp-block-image size-full wp-lightbox-container\"><img decoding=\"async\" width=\"1800\" height=\"1012\" data-wp-class--hide=\"state.isContentHidden\" data-wp-class--show=\"state.isContentVisible\" data-wp-init=\"callbacks.setButtonStyles\" data-wp-on--click=\"actions.showLightbox\" data-wp-on--load=\"callbacks.setButtonStyles\" data-wp-on--pointerdown=\"actions.preloadImage\" data-wp-on--pointerenter=\"actions.preloadImageWithDelay\" data-wp-on--pointerleave=\"actions.cancelPreload\" data-wp-on-window--resize=\"callbacks.setButtonStyles\" src=\"https:\/\/loudavymkrokem.cz\/wp-content\/uploads\/2026\/09\/nemecko-clanky-termaly-nemecko-03-ffbe5d3a.jpg\" alt=\"Keleti st\u00edlus\u00fa belt\u00e9ri medence a Mediterana szaunavil\u00e1g\u00e1ban\" class=\"wp-image-415290\" title=\"\" srcset=\"https:\/\/loudavymkrokem.cz\/wp-content\/uploads\/2026\/09\/nemecko-clanky-termaly-nemecko-03-ffbe5d3a.jpg 1800w, https:\/\/loudavymkrokem.cz\/wp-content\/uploads\/2026\/09\/nemecko-clanky-termaly-nemecko-03-ffbe5d3a-300x169.jpg 300w, https:\/\/loudavymkrokem.cz\/wp-content\/uploads\/2026\/09\/nemecko-clanky-termaly-nemecko-03-ffbe5d3a-700x394.jpg 700w, https:\/\/loudavymkrokem.cz\/wp-content\/uploads\/2026\/09\/nemecko-clanky-termaly-nemecko-03-ffbe5d3a-768x432.jpg 768w, https:\/\/loudavymkrokem.cz\/wp-content\/uploads\/2026\/09\/nemecko-clanky-termaly-nemecko-03-ffbe5d3a-1536x864.jpg 1536w, https:\/\/loudavymkrokem.cz\/wp-content\/uploads\/2026\/09\/nemecko-clanky-termaly-nemecko-03-ffbe5d3a-696x391.jpg 696w, https:\/\/loudavymkrokem.cz\/wp-content\/uploads\/2026\/09\/nemecko-clanky-termaly-nemecko-03-ffbe5d3a-1392x783.jpg 1392w\" sizes=\"(max-width: 1800px) 100vw, 1800px\" \/><button\n\t\t\tclass=\"lightbox-trigger\"\n\t\t\ttype=\"button\"\n\t\t\taria-haspopup=\"dialog\"\n\t\t\tdata-wp-bind--aria-label=\"state.thisImage.triggerButtonAriaLabel\"\n\t\t\tdata-wp-init=\"callbacks.initTriggerButton\"\n\t\t\tdata-wp-on--click=\"actions.showLightbox\"\n\t\t\tdata-wp-style--right=\"state.thisImage.buttonRight\"\n\t\t\tdata-wp-style--top=\"state.thisImage.buttonTop\"\n\t\t>\n\t\t\t<svg xmlns=\"http:\/\/www.w3.org\/2000\/svg\" width=\"12\" height=\"12\" fill=\"none\" viewBox=\"0 0 12 12\">\n\t\t\t\t<path fill=\"#fff\" d=\"M2 0a2 2 0 0 0-2 2v2h1.5V2a.5.5 0 0 1 .5-.5h2V0H2Zm2 10.5H2a.5.5 0 0 1-.5-.5V8H0v2a2 2 0 0 0 2 2h2v-1.5ZM8 12v-1.5h2a.5.5 0 0 0 .5-.5V8H12v2a2 2 0 0 1-2 2H8Zm2-12a2 2 0 0 1 2 2v2h-1.5V2a.5.5 0 0 0-.5-.5H8V0h2Z\" \/>\n\t\t\t<\/svg>\n\t\t<\/button><\/figure>\n\n\n\n<h2 class=\"wp-block-heading\"><span class=\"ez-toc-section\" id=\"Mennyibe_kerul_es_mikor_erdemes_menni\"><\/span>Mennyibe ker\u00fcl \u00e9s mikor \u00e9rdemes menni<span class=\"ez-toc-section-end\"><\/span><\/h2>\n\n\n\n<p class=\"wp-block-paragraph\">Az \u00e1rak (a 2026-os \u00e1rlist\u00e1k szerint) term\u00e9szetesen att\u00f3l f\u00fcggenek, mekkora luxust engedsz meg magadnak. A <strong>legolcs\u00f3bb term\u00e1lf\u00fcrd\u0151k<\/strong>, mint a Sibyllenbad, ak\u00e1r m\u00e1r 9 eur\u00f3\u00e9rt k\u00e9t \u00f3r\u00e1ra beengednek. A legt\u00f6bb klasszikus f\u00fcrd\u0151 azonban r\u00f6videbb bel\u00e9p\u0151vel valahol 15 \u00e9s 20 eur\u00f3 k\u00f6r\u00fcl mozog. Ezzel szemben a <strong>hatalmas tr\u00f3pusi komplexumok\u00e9rt<\/strong>, mint a Therme Bad W\u00f6rishofen, nyugodtan adhatsz ak\u00e1r 51 eur\u00f3t is egy eg\u00e9sznapos jegy\u00e9rt. Az \u00e1rak id\u0151vel term\u00e9szetesen v\u00e1ltozhatnak.<\/p>\n\n\n\n<p class=\"wp-block-paragraph\">Ha szeretn\u00e9l egy kicsit sp\u00f3rolni, \u00e9rdemes felder\u00edteni a k\u00fcl\u00f6nleges akci\u00f3kat. Sok hely k\u00edn\u00e1l <strong>kedvezm\u00e9nyes reggeli vagy esti tarifot<\/strong>, amit gyakran Feierabendtarifnak neveznek. Ezzel szemben a h\u00e9tv\u00e9g\u00e9k \u00e9s \u00fcnnepnapok dr\u00e1g\u00e1bbak, mert az \u00fczemeltet\u0151k az alap\u00e1rhoz gyakran <strong>h\u00e9tv\u00e9gi fel\u00e1rat<\/strong> sz\u00e1m\u00edtanak fel, k\u00e9t-h\u00e1rom eur\u00f3 \u00e9rt\u00e9kben.<\/p>\n\n\n\n<p class=\"wp-block-paragraph\">A gyerekes csal\u00e1doknak \u00e9rdemes el\u0151re leellen\u0151rizni, hogy a f\u00fcrd\u0151 egy\u00e1ltal\u00e1n fogad-e gyerek l\u00e1togat\u00f3kat. M\u00edg egyes komplexumok <strong>kedvez\u0151 csal\u00e1di tarifokat<\/strong> \u00e1rulnak, m\u00e1shol, p\u00e9ld\u00e1ul a luxus Badeweltokban, szigor\u00faan csak 16 \u00e9ves kort\u00f3l van bel\u00e9p\u00e9s. A legnagyobb nyugalmat <strong>h\u00e9tk\u00f6znap d\u00e9lel\u0151tt<\/strong> \u00e9lvezheted, ide\u00e1lis esetben a zs\u00fafolt n\u00e9met iskolai sz\u00fcnetek id\u0151szak\u00e1n k\u00edv\u00fcl.<\/p>\n\n\n\n<p class=\"wp-block-paragraph\">A t\u00e9li szezonban a k\u00fclt\u00e9ri forr\u00f3 medenc\u00e9k term\u00e9szetesen sz\u00e9trepednek a zs\u00fafolts\u00e1gt\u00f3l, \u00fagyhogy a ny\u00e1ri h\u00f3napok sokkal bens\u0151s\u00e9gesebb hangulatot \u00edg\u00e9rnek. Ne feledkezz meg arr\u00f3l sem, hogy a f\u00fcrd\u0151v\u00e1rosokban idegenforgalmi ad\u00f3t, \u00fagynevezett Kurbeitragot kell fizetni. Ez\u00e9rt viszont <strong>egy praktikus G\u00e4stekart\u00e9t kapsz<\/strong>, amellyel gyakran j\u00e1r n\u00e9mi kellemes kedvezm\u00e9ny a bel\u00e9p\u0151b\u0151l.<\/p>\n\n\n\n<figure data-wp-context=\"{&quot;imageId&quot;:&quot;6a9c16a635c63&quot;}\" data-wp-interactive=\"core\/image\" data-wp-key=\"6a9c16a635c63\" class=\"wp-block-image size-full wp-lightbox-container\"><img decoding=\"async\" width=\"1800\" height=\"1201\" data-wp-class--hide=\"state.isContentHidden\" data-wp-class--show=\"state.isContentVisible\" data-wp-init=\"callbacks.setButtonStyles\" data-wp-on--click=\"actions.showLightbox\" data-wp-on--load=\"callbacks.setButtonStyles\" data-wp-on--pointerdown=\"actions.preloadImage\" data-wp-on--pointerenter=\"actions.preloadImageWithDelay\" data-wp-on--pointerleave=\"actions.cancelPreload\" data-wp-on-window--resize=\"callbacks.setButtonStyles\" src=\"https:\/\/loudavymkrokem.cz\/wp-content\/uploads\/2026\/09\/nemecko-clanky-termaly-nemecko-04-a6d37903.jpg\" alt=\"K\u00f6nt\u00f6s\u00f6s vend\u00e9g a Thermen &#038; Badewelt Euskirchen kertj\u00e9ben\" class=\"wp-image-415291\" title=\"\" srcset=\"https:\/\/loudavymkrokem.cz\/wp-content\/uploads\/2026\/09\/nemecko-clanky-termaly-nemecko-04-a6d37903.jpg 1800w, https:\/\/loudavymkrokem.cz\/wp-content\/uploads\/2026\/09\/nemecko-clanky-termaly-nemecko-04-a6d37903-300x200.jpg 300w, https:\/\/loudavymkrokem.cz\/wp-content\/uploads\/2026\/09\/nemecko-clanky-termaly-nemecko-04-a6d37903-700x467.jpg 700w, https:\/\/loudavymkrokem.cz\/wp-content\/uploads\/2026\/09\/nemecko-clanky-termaly-nemecko-04-a6d37903-768x512.jpg 768w, https:\/\/loudavymkrokem.cz\/wp-content\/uploads\/2026\/09\/nemecko-clanky-termaly-nemecko-04-a6d37903-1536x1025.jpg 1536w, https:\/\/loudavymkrokem.cz\/wp-content\/uploads\/2026\/09\/nemecko-clanky-termaly-nemecko-04-a6d37903-696x464.jpg 696w, https:\/\/loudavymkrokem.cz\/wp-content\/uploads\/2026\/09\/nemecko-clanky-termaly-nemecko-04-a6d37903-1392x929.jpg 1392w\" sizes=\"(max-width: 1800px) 100vw, 1800px\" \/><button\n\t\t\tclass=\"lightbox-trigger\"\n\t\t\ttype=\"button\"\n\t\t\taria-haspopup=\"dialog\"\n\t\t\tdata-wp-bind--aria-label=\"state.thisImage.triggerButtonAriaLabel\"\n\t\t\tdata-wp-init=\"callbacks.initTriggerButton\"\n\t\t\tdata-wp-on--click=\"actions.showLightbox\"\n\t\t\tdata-wp-style--right=\"state.thisImage.buttonRight\"\n\t\t\tdata-wp-style--top=\"state.thisImage.buttonTop\"\n\t\t>\n\t\t\t<svg xmlns=\"http:\/\/www.w3.org\/2000\/svg\" width=\"12\" height=\"12\" fill=\"none\" viewBox=\"0 0 12 12\">\n\t\t\t\t<path fill=\"#fff\" d=\"M2 0a2 2 0 0 0-2 2v2h1.5V2a.5.5 0 0 1 .5-.5h2V0H2Zm2 10.5H2a.5.5 0 0 1-.5-.5V8H0v2a2 2 0 0 0 2 2h2v-1.5ZM8 12v-1.5h2a.5.5 0 0 0 .5-.5V8H12v2a2 2 0 0 1-2 2H8Zm2-12a2 2 0 0 1 2 2v2h-1.5V2a.5.5 0 0 0-.5-.5H8V0h2Z\" \/>\n\t\t\t<\/svg>\n\t\t<\/button><\/figure>\n\n\n\n<h2 class=\"wp-block-heading\"><span class=\"ez-toc-section\" id=\"Hol_szallj_meg_hotel_Bademantelganggal\"><\/span>Hol sz\u00e1llj meg: hotel Bademantelganggal<span class=\"ez-toc-section-end\"><\/span><\/h2>\n\n\n\n<p class=\"wp-block-paragraph\"><em>\ud83d\udca1 Tipp a sz\u00e1ll\u00e1shoz \u00e9s \u00e9lm\u00e9nyekhez: A sz\u00e1ll\u00e1sokat <a href=\"https:\/\/www.stay22.com\/allez\/roam?aid=lukaskonecny&#038;campaign=loudavymkrokemcz&#038;address=N%C4%9Bmecko\" target=\"_blank\" rel=\"nofollow noopener sponsored\">itt hasonl\u00edtjuk \u00f6ssze<\/a>, hogy l\u00e1ssuk, mi szabad \u00e9s mennyi\u00e9rt. Legsz\u00edvesebben a <a href=\"https:\/\/loudavymkrokem.cz\/doporucujeme\/booking-com\/\" target=\"_blank\" rel=\"nofollow noopener sponsored\" class=\"thirstylink\" title=\"Booking.com\" data-shortcode=\"true\">Booking.comon<\/a> keres\u00fcnk, ahol \u00e1ltal\u00e1ban a legjobbak a lemond\u00e1si felt\u00e9telek. A bel\u00e9p\u0151jegyeket, kir\u00e1ndul\u00e1sokat \u00e9s programokat pedig \u00e9rdemes \u00f6sszevetni \u00e9s megvenni a <a href=\"https:\/\/loudavymkrokem.cz\/doporucujeme\/getyourguide\/\" target=\"_blank\" rel=\"nofollow noopener sponsored\" class=\"thirstylink\" title=\"GetYourGuide\" data-shortcode=\"true\">GetYourGuide-on<\/a>.<\/em><\/p>\n\n\n\n<p class=\"wp-block-paragraph\">Ha van valami, ami egy f\u00fcrd\u0151s h\u00e9tv\u00e9g\u00e9t eg\u00e9szen \u00faj szintre emel, az az \u00fagynevezett Bademantelgang. Sz\u00f3 szerint <strong>k\u00f6nt\u00f6sfolyos\u00f3t<\/strong> jelent, \u00e9s egy \u00fcvegfal\u00fa vagy f\u00f6ld alatti alag\u00fat, amely a hoteledet k\u00f6zvetlen\u00fcl \u00f6sszek\u00f6ti a term\u00e1lkomplexummal. Reggel egyszer\u0171en csak kikelsz az \u00e1gyb\u00f3l, magadra veszed a k\u00f6nt\u00f6st, \u00e9s <strong>papucsban egyenesen a medenc\u00e9hez s\u00e9t\u00e1lsz<\/strong>.<\/p>\n\n\n\n<p class=\"wp-block-paragraph\">Ezzel megsp\u00f3rolod a bonyolult \u00f6lt\u00f6zk\u00f6d\u00e9st, a t\u00e1sk\u00e1k szekr\u00e9nybe pakolgat\u00e1s\u00e1t, valamint a t\u00e9li fagyban val\u00f3 utca-\u00e1tszaladg\u00e1l\u00e1st. Ezeknek a sz\u00e1ll\u00e1soknak a t\u00f6bbs\u00e9ge r\u00e1ad\u00e1sul <strong>a medenc\u00e9kbe val\u00f3 bel\u00e9p\u00e9st r\u00f6gt\u00f6n az \u00e1r r\u00e9szek\u00e9nt<\/strong> k\u00edn\u00e1lja, ami a v\u00e9g\u00e9n \u00f3ri\u00e1si megtakar\u00edt\u00e1st jelent. Ezeket a kincseket k\u00f6nnyed\u00e9n megkeresheted \u00e9s lefoglalhatod a Bookingon, ahol r\u00f6gt\u00f6n a val\u00f3s \u00e9rt\u00e9kel\u00e9seket is l\u00e1tod.<\/p>\n\n\n\n<p class=\"wp-block-paragraph\">A bajororsz\u00e1gi Erdingben tal\u00e1lhat\u00f3 <strong><a href=\"https:\/\/www.stay22.com\/allez\/roam?aid=lukaskonecny&#038;campaign=loudavymkrokemcz&#038;campaign=termaly-nemecko&#038;hotelname=Hotel%20Victory%20Therme%20Erding&#038;address=Erding%2C%20Nemecko\" target=\"_blank\" rel=\"noopener nofollow sponsored\">Hotel Victory Therme Erding<\/a><\/strong> k\u00f6zvetlen\u00fcl a h\u00edres term\u00e1lkomplexum belsej\u00e9ben \u00e1ll. A szob\u00e1k a legend\u00e1s HMS Victory haj\u00f3 vagy egy velencei palazzo replik\u00e1j\u00e1ra eml\u00e9keztetnek, a hotelvend\u00e9gek pedig <strong>az \u00e9jszaka \u00e1r\u00e1ban k\u00f6zvetlen bel\u00e9p\u0151t kapnak a lobbyb\u00f3l<\/strong> a term\u00e1lokba, bele\u00e9rtve a VitalOase \u00e9s a VitalTherme &#038; Saunen z\u00f3n\u00e1kat is.<\/p>\n\n\n\n<p class=\"wp-block-paragraph\">A bajororsz\u00e1gi Bad F\u00fcssingben a <strong><a href=\"https:\/\/www.stay22.com\/allez\/roam?aid=lukaskonecny&#038;campaign=loudavymkrokemcz&#038;campaign=termaly-nemecko&#038;hotelname=Thermenhotel%20Gass&#038;address=Bad%20Fussing%2C%20Nemecko\" target=\"_blank\" rel=\"noopener nofollow sponsored\">Thermenhotel Gass<\/a><\/strong> egy h\u00e1romcsillagos superior hotel, \u00e9s a v\u00e1ros egyik kev\u00e9s helye, ahol saj\u00e1t medenc\u00e9k vannak. Ezeket <strong>term\u00e1l k\u00e9nes v\u00edzzel t\u00f6ltik fel<\/strong>, amit k\u00f6zvetlen\u00fcl a kedvelt Therme 1-b\u0151l szivatty\u00faznak, \u00e9s remek wellness is tal\u00e1lhat\u00f3 itt bio szaun\u00e1val, finn szaun\u00e1val, infrakabinnal \u00e9s g\u0151zf\u00fcrd\u0151vel.<\/p>\n\n\n\n<p class=\"wp-block-paragraph\">A t\u00fcringiai <strong><a href=\"https:\/\/www.stay22.com\/allez\/roam?aid=lukaskonecny&#038;campaign=loudavymkrokemcz&#038;campaign=termaly-nemecko&#038;hotelname=Hotel%20an%20der%20Therme%20Bad%20Sulza&#038;address=Bad%20Sulza%2C%20Nemecko\" target=\"_blank\" rel=\"noopener nofollow sponsored\">Hotel an der Therme Bad Sulza<\/a><\/strong> a Toskanaworld csoporthoz tartozik, \u00e9s mag\u00e1val a Toskana Therm\u00e9vel \u00e9pp a v\u00e1gyott Bademantelgang k\u00f6ti \u00f6ssze. Az \u00e9jszaka \u00e1r\u00e1ban <strong>azonnali bel\u00e9p\u0151t kapsz a term\u00e1lokba, bele\u00e9rtve a szaunavil\u00e1got<\/strong>, \u00e9s biztosan \u00f6r\u00fclni fogsz a kiv\u00e1l\u00f3 reggelinek \u00e9s a t\u00e1gas, fel\u00faj\u00edtott szob\u00e1knak is.<\/p>\n\n\n\n<p class=\"wp-block-paragraph\">A <strong><a href=\"https:\/\/www.stay22.com\/allez\/roam?aid=lukaskonecny&#038;campaign=loudavymkrokemcz&#038;campaign=termaly-nemecko&#038;hotelname=Mauritius%20Hotel%20%26%20Therme&#038;address=Kolin%20nad%20Rynem%2C%20Nemecko\" target=\"_blank\" rel=\"noopener nofollow sponsored\">Mauritius Hotel &#038; Therme<\/a><\/strong> k\u00f6zvetlen\u00fcl K\u00f6lnben tal\u00e1lhat\u00f3, \u00e9s n\u00e9gy csillaggal, valamint egy hatalmas, 3500 n\u00e9gyzetm\u00e9teres wellness-szel b\u00fcszk\u00e9lkedik. H\u00e9t szauna, k\u00e9t pezsg\u0151f\u00fcrd\u0151 \u00e9s egy <strong>holt-tengeri s\u00f3val felt\u00f6lt\u00f6tt k\u00fclt\u00e9ri medence<\/strong> is tal\u00e1lhat\u00f3 itt, a hotelvend\u00e9g pedig ez\u00e9rt a luxus\u00e9rt csak jelk\u00e9pes 10 eur\u00f3t fizet naponta (m\u00e9ghozz\u00e1 az elutaz\u00e1s napj\u00e1n is).<\/p>\n\n\n\n<p class=\"wp-block-paragraph\">A brandenburgi Werder v\u00e1ros\u00e1ban tal\u00e1lhat\u00f3 <strong><a href=\"https:\/\/www.stay22.com\/allez\/roam?aid=lukaskonecny&#038;campaign=loudavymkrokemcz&#038;campaign=termaly-nemecko&#038;hotelname=Hotel%20Zum%20Rittmeister&#038;address=Werder%20Havel%2C%20Nemecko\" target=\"_blank\" rel=\"noopener nofollow sponsored\">Hotel Zum Rittmeister<\/a><\/strong> 35 hangulatos szob\u00e1t \u00e9s kiv\u00e1l\u00f3, helyi region\u00e1lis term\u00e9kekb\u0151l k\u00e9sz\u00fclt reggeliket k\u00edn\u00e1l. Az itt megsz\u00e1ll\u00f3 vend\u00e9gek a f\u00fcrd\u0151ad\u00f3 megfizet\u00e9se \u00e9s a G\u00e4stekarte bemutat\u00e1sa ut\u00e1n <strong>kedvezm\u00e9nyes bel\u00e9p\u0151t kapnak a k\u00f6zeli Havel Therm\u00e9be<\/strong>, f\u0151leg h\u00e9tk\u00f6znapokon.<\/p>\n\n\n\n<p class=\"wp-block-paragraph\">A baden-w\u00fcrttembergi Wieslochban tal\u00e1lhat\u00f3 <strong><a href=\"https:\/\/www.stay22.com\/allez\/roam?aid=lukaskonecny&#038;campaign=loudavymkrokemcz&#038;campaign=termaly-nemecko&#038;hotelname=Hotel%20Palatin&#038;address=Wiesloch%2C%20Nemecko\" target=\"_blank\" rel=\"noopener nofollow sponsored\">Hotel Palatin<\/a><\/strong> a h\u00edres Thermen &#038; Badewelt Sinsheim komplexum hivatalos partnerhotelek\u00e9nt m\u0171k\u00f6dik. Nagyon <strong>kedvez\u0151, \u00e9jszak\u00e1t \u00e9s reggelit tartalmaz\u00f3 csomagokat<\/strong> k\u00edn\u00e1l, amelyekben r\u00f6gt\u00f6n benne van a term\u00e1lba sz\u00f3l\u00f3 bel\u00e9p\u0151 is, m\u00e9ghozz\u00e1 m\u00e1r 79 eur\u00f3t\u00f3l szem\u00e9lyenk\u00e9nt.<\/p>\n\n\n\n<p class=\"wp-block-paragraph\"><strong>\ud83d\udca1 Tipp:<\/strong> Ha szereted kipr\u00f3b\u00e1lni az \u00fajdons\u00e1gokat, a Bad Salzufleni VitaSol Therm\u00e9n\u00e9l 2025 nyara \u00f3ta <strong>vadonat\u00faj, n\u00e9gycsillagos hotel \u00e9p\u00fcl<\/strong> sz\u00e1z szob\u00e1val. Elk\u00e9sz\u00fcl\u00e9s\u00e9t 2027-re tervezik, \u00e9s biztosan \u00f3ri\u00e1si durran\u00e1s lesz.<\/p>\n\n\n\n<figure data-wp-context=\"{&quot;imageId&quot;:&quot;6a9c16a636992&quot;}\" data-wp-interactive=\"core\/image\" data-wp-key=\"6a9c16a636992\" class=\"wp-block-image size-full wp-lightbox-container\"><img decoding=\"async\" width=\"1800\" height=\"1397\" data-wp-class--hide=\"state.isContentHidden\" data-wp-class--show=\"state.isContentVisible\" data-wp-init=\"callbacks.setButtonStyles\" data-wp-on--click=\"actions.showLightbox\" data-wp-on--load=\"callbacks.setButtonStyles\" data-wp-on--pointerdown=\"actions.preloadImage\" data-wp-on--pointerenter=\"actions.preloadImageWithDelay\" data-wp-on--pointerleave=\"actions.cancelPreload\" data-wp-on-window--resize=\"callbacks.setButtonStyles\" src=\"https:\/\/loudavymkrokem.cz\/wp-content\/uploads\/2026\/09\/nemecko-clanky-termaly-nemecko-05-08e1f8c8.jpg\" alt=\"P\u00e1lm\u00e1s k\u00fclt\u00e9ri medence a bajororsz\u00e1gi Therme Erdingben\" class=\"wp-image-415292\" title=\"\" srcset=\"https:\/\/loudavymkrokem.cz\/wp-content\/uploads\/2026\/09\/nemecko-clanky-termaly-nemecko-05-08e1f8c8.jpg 1800w, https:\/\/loudavymkrokem.cz\/wp-content\/uploads\/2026\/09\/nemecko-clanky-termaly-nemecko-05-08e1f8c8-300x233.jpg 300w, https:\/\/loudavymkrokem.cz\/wp-content\/uploads\/2026\/09\/nemecko-clanky-termaly-nemecko-05-08e1f8c8-700x543.jpg 700w, https:\/\/loudavymkrokem.cz\/wp-content\/uploads\/2026\/09\/nemecko-clanky-termaly-nemecko-05-08e1f8c8-768x596.jpg 768w, https:\/\/loudavymkrokem.cz\/wp-content\/uploads\/2026\/09\/nemecko-clanky-termaly-nemecko-05-08e1f8c8-1536x1192.jpg 1536w, https:\/\/loudavymkrokem.cz\/wp-content\/uploads\/2026\/09\/nemecko-clanky-termaly-nemecko-05-08e1f8c8-696x540.jpg 696w, https:\/\/loudavymkrokem.cz\/wp-content\/uploads\/2026\/09\/nemecko-clanky-termaly-nemecko-05-08e1f8c8-1392x1080.jpg 1392w\" sizes=\"(max-width: 1800px) 100vw, 1800px\" \/><button\n\t\t\tclass=\"lightbox-trigger\"\n\t\t\ttype=\"button\"\n\t\t\taria-haspopup=\"dialog\"\n\t\t\tdata-wp-bind--aria-label=\"state.thisImage.triggerButtonAriaLabel\"\n\t\t\tdata-wp-init=\"callbacks.initTriggerButton\"\n\t\t\tdata-wp-on--click=\"actions.showLightbox\"\n\t\t\tdata-wp-style--right=\"state.thisImage.buttonRight\"\n\t\t\tdata-wp-style--top=\"state.thisImage.buttonTop\"\n\t\t>\n\t\t\t<svg xmlns=\"http:\/\/www.w3.org\/2000\/svg\" width=\"12\" height=\"12\" fill=\"none\" viewBox=\"0 0 12 12\">\n\t\t\t\t<path fill=\"#fff\" d=\"M2 0a2 2 0 0 0-2 2v2h1.5V2a.5.5 0 0 1 .5-.5h2V0H2Zm2 10.5H2a.5.5 0 0 1-.5-.5V8H0v2a2 2 0 0 0 2 2h2v-1.5ZM8 12v-1.5h2a.5.5 0 0 0 .5-.5V8H12v2a2 2 0 0 1-2 2H8Zm2-12a2 2 0 0 1 2 2v2h-1.5V2a.5.5 0 0 0-.5-.5H8V0h2Z\" \/>\n\t\t\t<\/svg>\n\t\t<\/button><figcaption class=\"wp-element-caption\">Fot\u00f3: Therme Erding \/ Wikimedia Commons, CC BY-SA 3.0<\/figcaption><\/figure>\n\n\n\n<h2 class=\"wp-block-heading\"><span class=\"ez-toc-section\" id=\"Termalfurdok_Bajororszagban\"><\/span>Term\u00e1lf\u00fcrd\u0151k Bajororsz\u00e1gban<span class=\"ez-toc-section-end\"><\/span><\/h2>\n\n\n\n<p class=\"wp-block-paragraph\">Bajororsz\u00e1g igazi term\u00e1lnagyhatalom: egy helyen \u00e1ll itt egym\u00e1s mellett a cs\u00faszd\u00e1s tr\u00f3pusi komplexum \u00e9s a nyugodt f\u00fcrd\u0151v\u00e1ros, ahol a vizet legal\u00e1bb annyiszor issz\u00e1k, mint amennyit \u00fclnek benne. Itt tal\u00e1lhat\u00f3 az \u00fczemeltet\u0151 szerint a vil\u00e1g legnagyobb term\u00e1lkomplexuma, az olyan ismert f\u00fcrd\u0151v\u00e1rosok pedig, mint Bad F\u00fcssing, Bad Griesbach vagy Bad Kissingen, eg\u00e9sz N\u00e9metorsz\u00e1g legsz\u00e9lesebb f\u00fcrd\u0151k\u00edn\u00e1lat\u00e1t ny\u00fajtj\u00e1k. El\u0151ny, hogy sok ilyen komplexum a cseh hat\u00e1r k\u00f6zel\u00e9ben fekszik \u2014 Magyarorsz\u00e1gr\u00f3l n\u00e9zve is j\u00f3l el\u00e9rhet\u0151 \u00fati c\u00e9l.<\/p>\n\n\n\n<p class=\"wp-block-paragraph\">Bajororsz\u00e1g remek v\u00e1laszt\u00e1s egy gyors, t\u00e9lies h\u00e9tv\u00e9gi kiruccan\u00e1shoz, ha ki akarsz szakadni a stresszb\u0151l. Sz\u00e1m\u00edts arra, hogy a bajor term\u00e1lf\u00fcrd\u0151k hatalmasak, modernek, \u00e9s gyakran szigor\u00fa szab\u00e1lyok vonatkoznak a gyerekek bel\u00e9p\u00e9s\u00e9re, \u00fagyhogy mindig ellen\u0151rizd le el\u0151re, kinek illik legjobban az adott hely.<\/p>\n\n\n\n<figure data-wp-context=\"{&quot;imageId&quot;:&quot;6a9c16a637148&quot;}\" data-wp-interactive=\"core\/image\" data-wp-key=\"6a9c16a637148\" class=\"wp-block-image size-full wp-lightbox-container\"><img decoding=\"async\" width=\"1800\" height=\"1350\" data-wp-class--hide=\"state.isContentHidden\" data-wp-class--show=\"state.isContentVisible\" data-wp-init=\"callbacks.setButtonStyles\" data-wp-on--click=\"actions.showLightbox\" data-wp-on--load=\"callbacks.setButtonStyles\" data-wp-on--pointerdown=\"actions.preloadImage\" data-wp-on--pointerenter=\"actions.preloadImageWithDelay\" data-wp-on--pointerleave=\"actions.cancelPreload\" data-wp-on-window--resize=\"callbacks.setButtonStyles\" src=\"https:\/\/loudavymkrokem.cz\/wp-content\/uploads\/2026\/09\/nemecko-clanky-termaly-nemecko-06-89de543b.jpg\" alt=\"Therme Erding (Erding): tr\u00f3pusi p\u00e1lm\u00e1s medence\" class=\"wp-image-415293\" title=\"\" srcset=\"https:\/\/loudavymkrokem.cz\/wp-content\/uploads\/2026\/09\/nemecko-clanky-termaly-nemecko-06-89de543b.jpg 1800w, https:\/\/loudavymkrokem.cz\/wp-content\/uploads\/2026\/09\/nemecko-clanky-termaly-nemecko-06-89de543b-300x225.jpg 300w, https:\/\/loudavymkrokem.cz\/wp-content\/uploads\/2026\/09\/nemecko-clanky-termaly-nemecko-06-89de543b-700x525.jpg 700w, https:\/\/loudavymkrokem.cz\/wp-content\/uploads\/2026\/09\/nemecko-clanky-termaly-nemecko-06-89de543b-768x576.jpg 768w, https:\/\/loudavymkrokem.cz\/wp-content\/uploads\/2026\/09\/nemecko-clanky-termaly-nemecko-06-89de543b-1536x1152.jpg 1536w, https:\/\/loudavymkrokem.cz\/wp-content\/uploads\/2026\/09\/nemecko-clanky-termaly-nemecko-06-89de543b-80x60.jpg 80w, https:\/\/loudavymkrokem.cz\/wp-content\/uploads\/2026\/09\/nemecko-clanky-termaly-nemecko-06-89de543b-160x120.jpg 160w, https:\/\/loudavymkrokem.cz\/wp-content\/uploads\/2026\/09\/nemecko-clanky-termaly-nemecko-06-89de543b-696x522.jpg 696w, https:\/\/loudavymkrokem.cz\/wp-content\/uploads\/2026\/09\/nemecko-clanky-termaly-nemecko-06-89de543b-1392x1044.jpg 1392w\" sizes=\"(max-width: 1800px) 100vw, 1800px\" \/><button\n\t\t\tclass=\"lightbox-trigger\"\n\t\t\ttype=\"button\"\n\t\t\taria-haspopup=\"dialog\"\n\t\t\tdata-wp-bind--aria-label=\"state.thisImage.triggerButtonAriaLabel\"\n\t\t\tdata-wp-init=\"callbacks.initTriggerButton\"\n\t\t\tdata-wp-on--click=\"actions.showLightbox\"\n\t\t\tdata-wp-style--right=\"state.thisImage.buttonRight\"\n\t\t\tdata-wp-style--top=\"state.thisImage.buttonTop\"\n\t\t>\n\t\t\t<svg xmlns=\"http:\/\/www.w3.org\/2000\/svg\" width=\"12\" height=\"12\" fill=\"none\" viewBox=\"0 0 12 12\">\n\t\t\t\t<path fill=\"#fff\" d=\"M2 0a2 2 0 0 0-2 2v2h1.5V2a.5.5 0 0 1 .5-.5h2V0H2Zm2 10.5H2a.5.5 0 0 1-.5-.5V8H0v2a2 2 0 0 0 2 2h2v-1.5ZM8 12v-1.5h2a.5.5 0 0 0 .5-.5V8H12v2a2 2 0 0 1-2 2H8Zm2-12a2 2 0 0 1 2 2v2h-1.5V2a.5.5 0 0 0-.5-.5H8V0h2Z\" \/>\n\t\t\t<\/svg>\n\t\t<\/button><figcaption class=\"wp-element-caption\">Fot\u00f3: Therme Erding \/ Wikimedia Commons, Public domain<\/figcaption><\/figure>\n\n\n\n<h3 class=\"wp-block-heading\"><span class=\"ez-toc-section\" id=\"1_Therme_Erding_Erding\"><\/span>1. Therme Erding (Erding)<span class=\"ez-toc-section-end\"><\/span><\/h3>\n\n\n\n<p class=\"wp-block-paragraph\">Ez az Erding v\u00e1ros\u00e1ban fekv\u0151 komplexum az \u00fczemeltet\u0151 szerint a <strong>vil\u00e1g legnagyobb term\u00e1lf\u00fcrd\u0151je<\/strong> c\u00edmmel b\u00fcszk\u00e9lkedik. Teljes ter\u00fclete 2019-ben hihetetlen <strong>430 000 n\u00e9gyzetm\u00e9teren<\/strong> ter\u00fclt el. Ebb\u0151l teljes 185 000 n\u00e9gyzetm\u00e9ter a vend\u00e9gek sz\u00e1m\u00e1ra szolg\u00e1l\u00f3 hasznos ter\u00fclet. A komplexum n\u00e9gy f\u0151 r\u00e9szre oszlik: a klasszikus term\u00e1lr\u00e9sz Thermenparadiesre, az akci\u00f3z\u00f3na Galaxy Erdingre, valamint a nyugalmi z\u00f3n\u00e1kra, a VitalOas\u00e9ra \u00e9s a VitalTherme &#038; Saunenre.<\/p>\n\n\n\n<p class=\"wp-block-paragraph\">Bent leny\u0171g\u00f6z\u0151 <strong>40 medence \u00e9s v\u00edzfel\u00fclet<\/strong> v\u00e1r r\u00e1d, amelyet \u00f6sszesen 38 k\u00fcl\u00f6nb\u00f6z\u0151 szauna \u00e9s g\u0151zf\u00fcrd\u0151 eg\u00e9sz\u00edt ki. A szaun\u00e1k h\u0151m\u00e9rs\u00e9klete a kellemes 38 \u00b0C-t\u00f3l a pokoli 90 \u00b0C-ig terjed. Az adrenalinkedvel\u0151knek <strong>28 cs\u00faszda<\/strong> \u00e1ll rendelkez\u00e9sre, \u00f6sszesen t\u00f6bb mint 2850 m\u00e9ter hosszban. Ha szeretsz a hull\u00e1mokon ringat\u00f3zni, biztosan elvar\u00e1zsol a hatalmas hull\u00e1mmedence, ahol a v\u00edz 34 \u00b0C-os, a hull\u00e1mok pedig ak\u00e1r k\u00e9t m\u00e9ter magasak.<\/p>\n\n\n\n<p class=\"wp-block-paragraph\">Az eg\u00e9sz komplexum \u00e1tlagos leveg\u0151-h\u0151m\u00e9rs\u00e9klete a tr\u00f3pusi 28 \u00b0C-on marad. Van itt egy igazi unikum is, a Polaris, \u00e1ll\u00edt\u00f3lag a <strong>vil\u00e1g legnagyobb hideg medenc\u00e9je<\/strong> 14\u201318 \u00b0C-os v\u00edzh\u0151m\u00e9rs\u00e9klettel. Ezzel szemben a VitalTherme z\u00f3n\u00e1ban felmelegedhetsz a nagy pezsg\u0151medenc\u00e9ben vagy egy medit\u00e1ci\u00f3s medenc\u00e9ben, 34 \u00b0C-os v\u00edzzel. <strong>\ud83d\udca1 Tipp:<\/strong> A l\u00e1togat\u00e1sra tervezz be egy eg\u00e9sz napot, mert a komplexum olyan hatalmas, hogy p\u00e1r \u00f3ra alatt alig az \u00f6sszes attrakci\u00f3 t\u00f6red\u00e9k\u00e9t \u00e9red el.<\/p>\n\n\n\n<figure data-wp-context=\"{&quot;imageId&quot;:&quot;6a9c16a637706&quot;}\" data-wp-interactive=\"core\/image\" data-wp-key=\"6a9c16a637706\" class=\"wp-block-image size-full wp-lightbox-container\"><img decoding=\"async\" width=\"1800\" height=\"1350\" data-wp-class--hide=\"state.isContentHidden\" data-wp-class--show=\"state.isContentVisible\" data-wp-init=\"callbacks.setButtonStyles\" data-wp-on--click=\"actions.showLightbox\" data-wp-on--load=\"callbacks.setButtonStyles\" data-wp-on--pointerdown=\"actions.preloadImage\" data-wp-on--pointerenter=\"actions.preloadImageWithDelay\" data-wp-on--pointerleave=\"actions.cancelPreload\" data-wp-on-window--resize=\"callbacks.setButtonStyles\" src=\"https:\/\/loudavymkrokem.cz\/wp-content\/uploads\/2026\/09\/nemecko-clanky-termaly-nemecko-07-5c780451.jpg\" alt=\"Therme Bad W\u00f6rishofen (Bad W\u00f6rishofen)\" class=\"wp-image-415294\" title=\"\" srcset=\"https:\/\/loudavymkrokem.cz\/wp-content\/uploads\/2026\/09\/nemecko-clanky-termaly-nemecko-07-5c780451.jpg 1800w, https:\/\/loudavymkrokem.cz\/wp-content\/uploads\/2026\/09\/nemecko-clanky-termaly-nemecko-07-5c780451-300x225.jpg 300w, https:\/\/loudavymkrokem.cz\/wp-content\/uploads\/2026\/09\/nemecko-clanky-termaly-nemecko-07-5c780451-700x525.jpg 700w, https:\/\/loudavymkrokem.cz\/wp-content\/uploads\/2026\/09\/nemecko-clanky-termaly-nemecko-07-5c780451-768x576.jpg 768w, https:\/\/loudavymkrokem.cz\/wp-content\/uploads\/2026\/09\/nemecko-clanky-termaly-nemecko-07-5c780451-1536x1152.jpg 1536w, https:\/\/loudavymkrokem.cz\/wp-content\/uploads\/2026\/09\/nemecko-clanky-termaly-nemecko-07-5c780451-80x60.jpg 80w, https:\/\/loudavymkrokem.cz\/wp-content\/uploads\/2026\/09\/nemecko-clanky-termaly-nemecko-07-5c780451-160x120.jpg 160w, https:\/\/loudavymkrokem.cz\/wp-content\/uploads\/2026\/09\/nemecko-clanky-termaly-nemecko-07-5c780451-696x522.jpg 696w, https:\/\/loudavymkrokem.cz\/wp-content\/uploads\/2026\/09\/nemecko-clanky-termaly-nemecko-07-5c780451-1392x1044.jpg 1392w\" sizes=\"(max-width: 1800px) 100vw, 1800px\" \/><button\n\t\t\tclass=\"lightbox-trigger\"\n\t\t\ttype=\"button\"\n\t\t\taria-haspopup=\"dialog\"\n\t\t\tdata-wp-bind--aria-label=\"state.thisImage.triggerButtonAriaLabel\"\n\t\t\tdata-wp-init=\"callbacks.initTriggerButton\"\n\t\t\tdata-wp-on--click=\"actions.showLightbox\"\n\t\t\tdata-wp-style--right=\"state.thisImage.buttonRight\"\n\t\t\tdata-wp-style--top=\"state.thisImage.buttonTop\"\n\t\t>\n\t\t\t<svg xmlns=\"http:\/\/www.w3.org\/2000\/svg\" width=\"12\" height=\"12\" fill=\"none\" viewBox=\"0 0 12 12\">\n\t\t\t\t<path fill=\"#fff\" d=\"M2 0a2 2 0 0 0-2 2v2h1.5V2a.5.5 0 0 1 .5-.5h2V0H2Zm2 10.5H2a.5.5 0 0 1-.5-.5V8H0v2a2 2 0 0 0 2 2h2v-1.5ZM8 12v-1.5h2a.5.5 0 0 0 .5-.5V8H12v2a2 2 0 0 1-2 2H8Zm2-12a2 2 0 0 1 2 2v2h-1.5V2a.5.5 0 0 0-.5-.5H8V0h2Z\" \/>\n\t\t\t<\/svg>\n\t\t<\/button><figcaption class=\"wp-element-caption\">Fot\u00f3: Therme Bad W\u00f6rishofen 2010 \/ Wikimedia Commons, CC BY-SA 3.0<\/figcaption><\/figure>\n\n\n\n<h3 class=\"wp-block-heading\"><span class=\"ez-toc-section\" id=\"2_Therme_Bad_Worishofen_Bad_Worishofen\"><\/span>2. Therme Bad W\u00f6rishofen (Bad W\u00f6rishofen)<span class=\"ez-toc-section-end\"><\/span><\/h3>\n\n\n\n<p class=\"wp-block-paragraph\">A Bad W\u00f6rishofen v\u00e1roska term\u00e1lf\u00fcrd\u0151je egy vil\u00e1gszint\u0171 unikumot rejt, a hatalmas rusztikus <strong>Blockhaus am See szaun\u00e1t, amely t\u00f6bb mint 150 vend\u00e9get fogad<\/strong>. A vil\u00e1g legnagyobb szaun\u00e1i k\u00f6z\u00e9 tartozik, \u00e9s teljesen megism\u00e9telhetetlen hangulatot \u00e9lhetsz \u00e1t benne. Az eg\u00e9sz term\u00e1lt\u00e1j tekint\u00e9lyes, t\u00f6bb mint <strong>5000 n\u00e9gyzetm\u00e9teres<\/strong> ter\u00fcleten ter\u00fcl el, \u00e9p\u00edt\u00e9se pedig 2001 \u00e9s 2004 k\u00f6z\u00f6tt zajlott Josef Wund befektet\u0151 ir\u00e1ny\u00edt\u00e1sa alatt.<\/p>\n\n\n\n<p class=\"wp-block-paragraph\">A f\u00fcrd\u0151z\u00e9st \u00f6sszesen nyolc, j\u00f3t\u00e9kony term\u00e1lv\u00edzzel felt\u00f6lt\u00f6tt medenc\u00e9ben \u00e9lvezheted. A szaunavil\u00e1g <strong>t\u00f6bb mint 15 tematikus szaun\u00e1t<\/strong> k\u00edn\u00e1l, amelyek k\u00f6z\u00fcl kiemelkedik a gy\u00f6ny\u00f6r\u0171 m\u00f3r Alhambra, a klasszikus r\u00f3mai szauna vagy a jap\u00e1n medit\u00e1ci\u00f3s szauna, amit egy gy\u00f6ny\u00f6r\u0171, koi pontyokat tartalmaz\u00f3 akv\u00e1rium eg\u00e9sz\u00edt ki. A gyerekeknek cs\u00faszda \u00e9s sz\u00e9les gyorsas\u00e1gi cs\u00faszda \u00e1ll rendelkez\u00e9sre, \u00e1m ezek csak meghat\u00e1rozott id\u0151pontokban haszn\u00e1lhat\u00f3k a sportmedenc\u00e9ben.<\/p>\n\n\n\n<p class=\"wp-block-paragraph\">A 2026-os \u00e1rlista szerint egy k\u00e9t\u00f3r\u00e1s bel\u00e9p\u0151\u00e9rt <strong>27 EUR-t<\/strong> fizetsz, n\u00e9gy \u00f3ra 35 EUR-ba ker\u00fcl, egy eg\u00e9sznapos jegy pedig 51 EUR. A szaun\u00e1ba val\u00f3 bel\u00e9p\u00e9s\u00e9rt 5 EUR fel\u00e1rat fizetsz, h\u00e9tv\u00e9g\u00e9n vagy \u00fcnnepnapokon pedig sz\u00e1m\u00edts 3 EUR fel\u00e1rral. A bel\u00e9p\u00e9s als\u00f3 korhat\u00e1ra itt <strong>szigor\u00faan 16 \u00e9v<\/strong>. <strong>\ud83d\udca1 Tipp:<\/strong> Ha kisebb gyerekekkel szeretn\u00e9l menni, kiz\u00e1r\u00f3lag szombaton \u00e9rkezhetsz 9 \u00e9s 19 \u00f3ra k\u00f6z\u00f6tt az \u00fagynevezett Family Samstagra, amikor a csal\u00e1di bel\u00e9p\u0151 h\u00e1rom szem\u00e9lyre 74 EUR-ba ker\u00fcl.<\/p>\n\n\n\n<figure data-wp-context=\"{&quot;imageId&quot;:&quot;6a9c16a637d4a&quot;}\" data-wp-interactive=\"core\/image\" data-wp-key=\"6a9c16a637d4a\" class=\"wp-block-image size-full wp-lightbox-container\"><img decoding=\"async\" width=\"1800\" height=\"1350\" data-wp-class--hide=\"state.isContentHidden\" data-wp-class--show=\"state.isContentVisible\" data-wp-init=\"callbacks.setButtonStyles\" data-wp-on--click=\"actions.showLightbox\" data-wp-on--load=\"callbacks.setButtonStyles\" data-wp-on--pointerdown=\"actions.preloadImage\" data-wp-on--pointerenter=\"actions.preloadImageWithDelay\" data-wp-on--pointerleave=\"actions.cancelPreload\" data-wp-on-window--resize=\"callbacks.setButtonStyles\" src=\"https:\/\/loudavymkrokem.cz\/wp-content\/uploads\/2026\/09\/nemecko-clanky-termaly-nemecko-08-779c2251.jpg\" alt=\"A Therme Bad Aibling bej\u00e1rata \u00fcvegkupol\u00e1val\" class=\"wp-image-415295\" title=\"\" srcset=\"https:\/\/loudavymkrokem.cz\/wp-content\/uploads\/2026\/09\/nemecko-clanky-termaly-nemecko-08-779c2251.jpg 1800w, https:\/\/loudavymkrokem.cz\/wp-content\/uploads\/2026\/09\/nemecko-clanky-termaly-nemecko-08-779c2251-300x225.jpg 300w, https:\/\/loudavymkrokem.cz\/wp-content\/uploads\/2026\/09\/nemecko-clanky-termaly-nemecko-08-779c2251-700x525.jpg 700w, https:\/\/loudavymkrokem.cz\/wp-content\/uploads\/2026\/09\/nemecko-clanky-termaly-nemecko-08-779c2251-768x576.jpg 768w, https:\/\/loudavymkrokem.cz\/wp-content\/uploads\/2026\/09\/nemecko-clanky-termaly-nemecko-08-779c2251-1536x1152.jpg 1536w, https:\/\/loudavymkrokem.cz\/wp-content\/uploads\/2026\/09\/nemecko-clanky-termaly-nemecko-08-779c2251-80x60.jpg 80w, https:\/\/loudavymkrokem.cz\/wp-content\/uploads\/2026\/09\/nemecko-clanky-termaly-nemecko-08-779c2251-160x120.jpg 160w, https:\/\/loudavymkrokem.cz\/wp-content\/uploads\/2026\/09\/nemecko-clanky-termaly-nemecko-08-779c2251-696x522.jpg 696w, https:\/\/loudavymkrokem.cz\/wp-content\/uploads\/2026\/09\/nemecko-clanky-termaly-nemecko-08-779c2251-1392x1044.jpg 1392w\" sizes=\"(max-width: 1800px) 100vw, 1800px\" \/><button\n\t\t\tclass=\"lightbox-trigger\"\n\t\t\ttype=\"button\"\n\t\t\taria-haspopup=\"dialog\"\n\t\t\tdata-wp-bind--aria-label=\"state.thisImage.triggerButtonAriaLabel\"\n\t\t\tdata-wp-init=\"callbacks.initTriggerButton\"\n\t\t\tdata-wp-on--click=\"actions.showLightbox\"\n\t\t\tdata-wp-style--right=\"state.thisImage.buttonRight\"\n\t\t\tdata-wp-style--top=\"state.thisImage.buttonTop\"\n\t\t>\n\t\t\t<svg xmlns=\"http:\/\/www.w3.org\/2000\/svg\" width=\"12\" height=\"12\" fill=\"none\" viewBox=\"0 0 12 12\">\n\t\t\t\t<path fill=\"#fff\" d=\"M2 0a2 2 0 0 0-2 2v2h1.5V2a.5.5 0 0 1 .5-.5h2V0H2Zm2 10.5H2a.5.5 0 0 1-.5-.5V8H0v2a2 2 0 0 0 2 2h2v-1.5ZM8 12v-1.5h2a.5.5 0 0 0 .5-.5V8H12v2a2 2 0 0 1-2 2H8Zm2-12a2 2 0 0 1 2 2v2h-1.5V2a.5.5 0 0 0-.5-.5H8V0h2Z\" \/>\n\t\t\t<\/svg>\n\t\t<\/button><\/figure>\n\n\n\n<h3 class=\"wp-block-heading\"><span class=\"ez-toc-section\" id=\"3_Therme_Bad_Aibling_Bad_Aibling\"><\/span>3. Therme Bad Aibling (Bad Aibling)<span class=\"ez-toc-section-end\"><\/span><\/h3>\n\n\n\n<p class=\"wp-block-paragraph\">Teljesen szokatlan \u00e9lm\u00e9ny v\u00e1r r\u00e1d Bad Aiblingben, ahol a komplexum \u00f6sszek\u00f6t\u00f6tt kupol\u00e1k form\u00e1j\u00e1ban \u00e9p\u00fclt. Az egyikben, amelynek \u00e1tm\u00e9r\u0151je 11 m\u00e9ter, <strong>7 videoprojektor egy 135 n\u00e9gyzetm\u00e9teres k\u00e9pet vet\u00edt<\/strong> k\u00f6zvetlen\u00fcl a boltozat bels\u0151 oldal\u00e1ra. Az eg\u00e9sz term\u00e1lt\u00e1j finoman simul a k\u00f6rnyez\u0151 terep topogr\u00e1fi\u00e1j\u00e1ba, \u00e9s leny\u0171g\u00f6z\u0151 <strong>10 000 n\u00e9gyzetm\u00e9teren<\/strong> ter\u00fcl el, amelyb\u0151l t\u00f6bb mint 600 n\u00e9gyzetm\u00e9ter a v\u00edzfel\u00fclet.<\/p>\n\n\n\n<p class=\"wp-block-paragraph\">Az egyes, k\u00fcl\u00f6nb\u00f6z\u0151k\u00e9pp z\u00e1rt kupol\u00e1kban meditat\u00edv pihen\u00e9st \u00e9lvezhetsz a term\u00e1lv\u00edzben, amelynek sz\u00e9p <strong>32\u201336 \u00b0C<\/strong>-a van. K\u00fcl\u00f6nlegess\u00e9ge az itteni szaun\u00e1z\u00e1s, amely a Physiotherm elvet haszn\u00e1lja, \u00edgy a k\u00edm\u00e9l\u0151, bel\u00fclr\u0151l kifel\u00e9 t\u00f6rt\u00e9n\u0151 izzad\u00e1s m\u00e1r 30 \u00b0C-t\u00f3l garant\u00e1lt. Ez tal\u00e1n ide\u00e1lis v\u00e1laszt\u00e1s azoknak, akiknek a klasszikus forr\u00f3 szaun\u00e1k nem tesznek j\u00f3t a v\u00e9rkering\u00e9sre.<\/p>\n\n\n\n<p class=\"wp-block-paragraph\">A 2026-os \u00e1rlista szerint egy n\u00e9gy\u00f3r\u00e1s bel\u00e9p\u0151 feln\u0151ttnek <strong>28 EUR<\/strong>, egy eg\u00e9sznapos jegyet pedig 33 EUR-\u00e9rt szerezhetsz be. Ha a szaun\u00e1t is szeretn\u00e9d \u00e9lvezni, 6 EUR-t fizetsz r\u00e1. A 14 \u00e9v alatti gyerekek \u00e9s fiatalok csak feln\u0151tt k\u00eds\u00e9ret\u00e9ben j\u00f6hetnek ide. <strong>\ud83d\udca1 Tipp:<\/strong> Mindenk\u00e9pp vedd meg helyben az iszapcerem\u00f3ni\u00e1t (Moorzeremonie) 7 EUR-\u00e9rt vagy a kellemes s\u00f3s peelinget 4 EUR-\u00e9rt, a b\u0151r\u00f6d h\u00e1l\u00e1s lesz \u00e9rte.<\/p>\n\n\n\n<figure data-wp-context=\"{&quot;imageId&quot;:&quot;6a9c16a6382d9&quot;}\" data-wp-interactive=\"core\/image\" data-wp-key=\"6a9c16a6382d9\" class=\"wp-block-image size-full wp-lightbox-container\"><img decoding=\"async\" width=\"1800\" height=\"1800\" data-wp-class--hide=\"state.isContentHidden\" data-wp-class--show=\"state.isContentVisible\" data-wp-init=\"callbacks.setButtonStyles\" data-wp-on--click=\"actions.showLightbox\" data-wp-on--load=\"callbacks.setButtonStyles\" data-wp-on--pointerdown=\"actions.preloadImage\" data-wp-on--pointerenter=\"actions.preloadImageWithDelay\" data-wp-on--pointerleave=\"actions.cancelPreload\" data-wp-on-window--resize=\"callbacks.setButtonStyles\" src=\"https:\/\/loudavymkrokem.cz\/wp-content\/uploads\/2026\/09\/nemecko-clanky-termaly-nemecko-09-cf7ab67f.jpg\" alt=\"KissSalis Therme (Bad Kissingen): k\u00fclt\u00e9ri medence\" class=\"wp-image-415296\" title=\"\" srcset=\"https:\/\/loudavymkrokem.cz\/wp-content\/uploads\/2026\/09\/nemecko-clanky-termaly-nemecko-09-cf7ab67f.jpg 1800w, https:\/\/loudavymkrokem.cz\/wp-content\/uploads\/2026\/09\/nemecko-clanky-termaly-nemecko-09-cf7ab67f-300x300.jpg 300w, https:\/\/loudavymkrokem.cz\/wp-content\/uploads\/2026\/09\/nemecko-clanky-termaly-nemecko-09-cf7ab67f-700x700.jpg 700w, https:\/\/loudavymkrokem.cz\/wp-content\/uploads\/2026\/09\/nemecko-clanky-termaly-nemecko-09-cf7ab67f-150x150.jpg 150w, https:\/\/loudavymkrokem.cz\/wp-content\/uploads\/2026\/09\/nemecko-clanky-termaly-nemecko-09-cf7ab67f-768x768.jpg 768w, https:\/\/loudavymkrokem.cz\/wp-content\/uploads\/2026\/09\/nemecko-clanky-termaly-nemecko-09-cf7ab67f-1536x1536.jpg 1536w, https:\/\/loudavymkrokem.cz\/wp-content\/uploads\/2026\/09\/nemecko-clanky-termaly-nemecko-09-cf7ab67f-696x696.jpg 696w, https:\/\/loudavymkrokem.cz\/wp-content\/uploads\/2026\/09\/nemecko-clanky-termaly-nemecko-09-cf7ab67f-1392x1392.jpg 1392w\" sizes=\"(max-width: 1800px) 100vw, 1800px\" \/><button\n\t\t\tclass=\"lightbox-trigger\"\n\t\t\ttype=\"button\"\n\t\t\taria-haspopup=\"dialog\"\n\t\t\tdata-wp-bind--aria-label=\"state.thisImage.triggerButtonAriaLabel\"\n\t\t\tdata-wp-init=\"callbacks.initTriggerButton\"\n\t\t\tdata-wp-on--click=\"actions.showLightbox\"\n\t\t\tdata-wp-style--right=\"state.thisImage.buttonRight\"\n\t\t\tdata-wp-style--top=\"state.thisImage.buttonTop\"\n\t\t>\n\t\t\t<svg xmlns=\"http:\/\/www.w3.org\/2000\/svg\" width=\"12\" height=\"12\" fill=\"none\" viewBox=\"0 0 12 12\">\n\t\t\t\t<path fill=\"#fff\" d=\"M2 0a2 2 0 0 0-2 2v2h1.5V2a.5.5 0 0 1 .5-.5h2V0H2Zm2 10.5H2a.5.5 0 0 1-.5-.5V8H0v2a2 2 0 0 0 2 2h2v-1.5ZM8 12v-1.5h2a.5.5 0 0 0 .5-.5V8H12v2a2 2 0 0 1-2 2H8Zm2-12a2 2 0 0 1 2 2v2h-1.5V2a.5.5 0 0 0-.5-.5H8V0h2Z\" \/>\n\t\t\t<\/svg>\n\t\t<\/button><\/figure>\n\n\n\n<h3 class=\"wp-block-heading\"><span class=\"ez-toc-section\" id=\"4_KissSalis_Therme_Bad_Kissingen\"><\/span>4. KissSalis Therme (Bad Kissingen)<span class=\"ez-toc-section-end\"><\/span><\/h3>\n\n\n\n<p class=\"wp-block-paragraph\">Ebbe a Bad Kissingen-i f\u00fcrd\u0151be akkor menj, ha igaz\u00e1n t\u00e1gas \u00e9s v\u00e1ltozatos komplexumot keresel. <strong>8000 n\u00e9gyzetm\u00e9teres<\/strong> ter\u00fcleten ter\u00fcl el, \u00e9s \u00f6sszesen 10 bel- \u00e9s k\u00fclt\u00e9ri medenc\u00e9t tal\u00e1lsz itt. T\u00falnyom\u00f3 t\u00f6bbs\u00e9g\u00fck \u00e9rt\u00e9kes, k\u00f6zvetlen\u00fcl Bad Kissingenb\u0151l sz\u00e1rmaz\u00f3 term\u00e1lv\u00edzzel van felt\u00f6ltve. Maga a belt\u00e9ri term\u00e1lt\u00e1j, amely nagyvonal\u00fa 1000 n\u00e9gyzetm\u00e9teres v\u00edzfel\u00fcletet k\u00edn\u00e1l, <strong>32\u201338 \u00b0C<\/strong>-os v\u00edzzel meleg\u00edt fel.<\/p>\n\n\n\n<p class=\"wp-block-paragraph\">A komplexum sz\u00edve egy nagy belt\u00e9ri medence massz\u00e1zs\u00e1gyakkal \u00e9s v\u00edzes\u00e9ssel, amelyhez k\u00e9t, ak\u00e1r 38 \u00b0C-os pezsg\u0151f\u00fcrd\u0151 csatlakozik. Kint elvar\u00e1zsol a meleg k\u00fclt\u00e9ri medence, a sodr\u00f3csatorna \u00e9s egy speci\u00e1lis, intenz\u00edv s\u00f3s medence, amelynek <strong>6\u20138%-os s\u00f3koncentr\u00e1ci\u00f3ja<\/strong> van, \u00e9s csod\u00e1latosan lebeghetsz benne a csillagos \u00e9g alatt. A leh\u0171l\u00e9shez remek\u00fcl szolg\u00e1l a 18 \u00b0C-os hideg medence vagy a v\u00e1ltakoz\u00f3 Kneipp-\u00f6sv\u00e9nyek, ahol a kavicsok kellemesen massz\u00edrozz\u00e1k a talp reflexz\u00f3n\u00e1it.<\/p>\n\n\n\n<p class=\"wp-block-paragraph\">A szaunapark itt igazi nyugalomo\u00e1zis, t\u00e1gas szaunakerttel. \u00d6sszesen <strong>9 k\u00fcl\u00f6nb\u00f6z\u0151 szaun\u00e1t \u00e9s g\u0151zf\u00fcrd\u0151t<\/strong> k\u00edn\u00e1l, ahol sz\u00e1mos szaunaritu\u00e1l\u00e9 zajlik. Ha b\u00edrod a magas p\u00e1ratartalmat, pr\u00f3b\u00e1ld ki az \u00fcvegfal\u00fa g\u0151zf\u00fcrd\u0151t 47 \u00b0C-kal \u00e9s 100%-os p\u00e1ratartalommal. <strong>\ud83d\udca1 Tipp:<\/strong> Ne felejts el elmenni a s\u00f3inhal\u00e1ci\u00f3ba, ahol 40\u201345 \u00b0C-on term\u00e9szetes s\u00f3l\u00e9 csepeg, ami teljesen fantasztikusan felszabad\u00edtja a l\u00e9gutakat.<\/p>\n\n\n\n<figure data-wp-context=\"{&quot;imageId&quot;:&quot;6a9c16a6389b0&quot;}\" data-wp-interactive=\"core\/image\" data-wp-key=\"6a9c16a6389b0\" class=\"wp-block-image size-full wp-lightbox-container\"><img decoding=\"async\" width=\"1800\" height=\"1200\" data-wp-class--hide=\"state.isContentHidden\" data-wp-class--show=\"state.isContentVisible\" data-wp-init=\"callbacks.setButtonStyles\" data-wp-on--click=\"actions.showLightbox\" data-wp-on--load=\"callbacks.setButtonStyles\" data-wp-on--pointerdown=\"actions.preloadImage\" data-wp-on--pointerenter=\"actions.preloadImageWithDelay\" data-wp-on--pointerleave=\"actions.cancelPreload\" data-wp-on-window--resize=\"callbacks.setButtonStyles\" src=\"https:\/\/loudavymkrokem.cz\/wp-content\/uploads\/2026\/09\/nemecko-clanky-termaly-nemecko-10-62b37e1f.jpg\" alt=\"Hotel Victory Therme Erding (Erding)\" class=\"wp-image-415297\" title=\"\" srcset=\"https:\/\/loudavymkrokem.cz\/wp-content\/uploads\/2026\/09\/nemecko-clanky-termaly-nemecko-10-62b37e1f.jpg 1800w, https:\/\/loudavymkrokem.cz\/wp-content\/uploads\/2026\/09\/nemecko-clanky-termaly-nemecko-10-62b37e1f-300x200.jpg 300w, https:\/\/loudavymkrokem.cz\/wp-content\/uploads\/2026\/09\/nemecko-clanky-termaly-nemecko-10-62b37e1f-700x467.jpg 700w, https:\/\/loudavymkrokem.cz\/wp-content\/uploads\/2026\/09\/nemecko-clanky-termaly-nemecko-10-62b37e1f-768x512.jpg 768w, https:\/\/loudavymkrokem.cz\/wp-content\/uploads\/2026\/09\/nemecko-clanky-termaly-nemecko-10-62b37e1f-1536x1024.jpg 1536w, https:\/\/loudavymkrokem.cz\/wp-content\/uploads\/2026\/09\/nemecko-clanky-termaly-nemecko-10-62b37e1f-696x464.jpg 696w, https:\/\/loudavymkrokem.cz\/wp-content\/uploads\/2026\/09\/nemecko-clanky-termaly-nemecko-10-62b37e1f-1392x928.jpg 1392w\" sizes=\"(max-width: 1800px) 100vw, 1800px\" \/><button\n\t\t\tclass=\"lightbox-trigger\"\n\t\t\ttype=\"button\"\n\t\t\taria-haspopup=\"dialog\"\n\t\t\tdata-wp-bind--aria-label=\"state.thisImage.triggerButtonAriaLabel\"\n\t\t\tdata-wp-init=\"callbacks.initTriggerButton\"\n\t\t\tdata-wp-on--click=\"actions.showLightbox\"\n\t\t\tdata-wp-style--right=\"state.thisImage.buttonRight\"\n\t\t\tdata-wp-style--top=\"state.thisImage.buttonTop\"\n\t\t>\n\t\t\t<svg xmlns=\"http:\/\/www.w3.org\/2000\/svg\" width=\"12\" height=\"12\" fill=\"none\" viewBox=\"0 0 12 12\">\n\t\t\t\t<path fill=\"#fff\" d=\"M2 0a2 2 0 0 0-2 2v2h1.5V2a.5.5 0 0 1 .5-.5h2V0H2Zm2 10.5H2a.5.5 0 0 1-.5-.5V8H0v2a2 2 0 0 0 2 2h2v-1.5ZM8 12v-1.5h2a.5.5 0 0 0 .5-.5V8H12v2a2 2 0 0 1-2 2H8Zm2-12a2 2 0 0 1 2 2v2h-1.5V2a.5.5 0 0 0-.5-.5H8V0h2Z\" \/>\n\t\t\t<\/svg>\n\t\t<\/button><\/figure>\n\n\n\n<h3 class=\"wp-block-heading\"><span class=\"ez-toc-section\" id=\"5_Hotel_Victory_Therme_Erding_Erding\"><\/span>5. Hotel Victory Therme Erding (Erding)<span class=\"ez-toc-section-end\"><\/span><\/h3>\n\n\n\n<p class=\"wp-block-paragraph\">Itt r\u00f6gt\u00f6n az elej\u00e9n le kell sz\u00f6gezni, hogy nem klasszikus nyilv\u00e1nos term\u00e1lr\u00f3l van sz\u00f3, hanem egy <strong>luxushotelr\u0151l, amely k\u00f6zvetlen\u00fcl a h\u00edres Therme Erding term\u00e1l ter\u00fclet\u00e9n \u00e1ll<\/strong>. Az \u00e9p\u00fclet \u00e9p\u00edt\u00e9szete teljesen l\u00e9legzetel\u00e1ll\u00edt\u00f3, mert k\u00edv\u00fclr\u0151l a t\u00f6rt\u00e9nelmi HMS Victory haj\u00f3 t\u00f6k\u00e9letes replik\u00e1jak\u00e9nt n\u00e9z ki, \u00f6sszek\u00f6tve egy pomp\u00e1s velencei palot\u00e1val. Ez tal\u00e1n a legromantikusabb sz\u00e1ll\u00e1s, amit a n\u00e9metorsz\u00e1gi term\u00e1lf\u00fcrd\u0151kben \u00e1t\u00e9lhetsz.<\/p>\n\n\n\n<p class=\"wp-block-paragraph\">A vend\u00e9gek rendelkez\u00e9s\u00e9re <strong>128 tematikusan berendezett szoba<\/strong> \u00e1ll, amelyek h\u00e9t k\u00fcl\u00f6nb\u00f6z\u0151 kateg\u00f3ri\u00e1ba vannak sorolva. Alhatsz az \u00fagynevezett Captain&#8217;s Cabinsban, amelyek haj\u00f3\u00e1gyakat \u00e9s gy\u00f6ny\u00f6r\u0171 panor\u00e1m\u00e1s kil\u00e1t\u00e1st k\u00edn\u00e1lnak k\u00f6zvetlen\u00fcl a tr\u00f3pusi hull\u00e1mmedenc\u00e9be. Ha az olasz eleganci\u00e1t r\u00e9szes\u00edted el\u0151nyben, v\u00e1laszd a velencei st\u00edlus\u00fa Serenissima szob\u00e1kat nagy loggia-ajt\u00f3kkal.<\/p>\n\n\n\n<p class=\"wp-block-paragraph\">\u00d3ri\u00e1si el\u0151ny, hogy a hotel lobbyj\u00e1b\u00f3l k\u00f6nt\u00f6sben egyenesen a hull\u00e1mmedenc\u00e9hez jutsz. Minden \u00e9jszaka \u00e1r\u00e1ban r\u00e1ad\u00e1sul benne van a <strong>term\u00e1lba sz\u00f3l\u00f3 bel\u00e9p\u0151<\/strong>, bele\u00e9rtve a VitalOase \u00e9s VitalTherme &#038; Saunen nyugalmi z\u00f3n\u00e1kat is. Ez j\u00f3 v\u00e1laszt\u00e1s p\u00e1roknak \u00e9s a szokatlan \u00e9lm\u00e9nyt keres\u0151 csal\u00e1doknak egyar\u00e1nt. <strong>\ud83d\udca1 Tipp:<\/strong> Legy\u00e9l nagyon \u00f3vatos a foglal\u00e1sn\u00e1l, a hivatalos weboldal a therme-erding.de, m\u00edg a hotelerding.com oldal csak egy sz\u00e1ll\u00e1s\u00f6sszehasonl\u00edt\u00f3, \u00e9s nem tartozik k\u00f6zvetlen\u00fcl a hotelhez.<\/p>\n\n\n\n<figure data-wp-context=\"{&quot;imageId&quot;:&quot;6a9c16a638f14&quot;}\" data-wp-interactive=\"core\/image\" data-wp-key=\"6a9c16a638f14\" class=\"wp-block-image size-full wp-lightbox-container\"><img decoding=\"async\" width=\"1800\" height=\"2400\" data-wp-class--hide=\"state.isContentHidden\" data-wp-class--show=\"state.isContentVisible\" data-wp-init=\"callbacks.setButtonStyles\" data-wp-on--click=\"actions.showLightbox\" data-wp-on--load=\"callbacks.setButtonStyles\" data-wp-on--pointerdown=\"actions.preloadImage\" data-wp-on--pointerenter=\"actions.preloadImageWithDelay\" data-wp-on--pointerleave=\"actions.cancelPreload\" data-wp-on-window--resize=\"callbacks.setButtonStyles\" src=\"https:\/\/loudavymkrokem.cz\/wp-content\/uploads\/2026\/09\/nemecko-clanky-termaly-nemecko-11-338dff9e.jpg\" alt=\"Franken-Therme (Bad Windsheim)\" class=\"wp-image-415298\" title=\"\" srcset=\"https:\/\/loudavymkrokem.cz\/wp-content\/uploads\/2026\/09\/nemecko-clanky-termaly-nemecko-11-338dff9e.jpg 1800w, https:\/\/loudavymkrokem.cz\/wp-content\/uploads\/2026\/09\/nemecko-clanky-termaly-nemecko-11-338dff9e-225x300.jpg 225w, https:\/\/loudavymkrokem.cz\/wp-content\/uploads\/2026\/09\/nemecko-clanky-termaly-nemecko-11-338dff9e-700x933.jpg 700w, https:\/\/loudavymkrokem.cz\/wp-content\/uploads\/2026\/09\/nemecko-clanky-termaly-nemecko-11-338dff9e-768x1024.jpg 768w, https:\/\/loudavymkrokem.cz\/wp-content\/uploads\/2026\/09\/nemecko-clanky-termaly-nemecko-11-338dff9e-1152x1536.jpg 1152w, https:\/\/loudavymkrokem.cz\/wp-content\/uploads\/2026\/09\/nemecko-clanky-termaly-nemecko-11-338dff9e-1536x2048.jpg 1536w, https:\/\/loudavymkrokem.cz\/wp-content\/uploads\/2026\/09\/nemecko-clanky-termaly-nemecko-11-338dff9e-696x928.jpg 696w, https:\/\/loudavymkrokem.cz\/wp-content\/uploads\/2026\/09\/nemecko-clanky-termaly-nemecko-11-338dff9e-1392x1856.jpg 1392w\" sizes=\"(max-width: 1800px) 100vw, 1800px\" \/><button\n\t\t\tclass=\"lightbox-trigger\"\n\t\t\ttype=\"button\"\n\t\t\taria-haspopup=\"dialog\"\n\t\t\tdata-wp-bind--aria-label=\"state.thisImage.triggerButtonAriaLabel\"\n\t\t\tdata-wp-init=\"callbacks.initTriggerButton\"\n\t\t\tdata-wp-on--click=\"actions.showLightbox\"\n\t\t\tdata-wp-style--right=\"state.thisImage.buttonRight\"\n\t\t\tdata-wp-style--top=\"state.thisImage.buttonTop\"\n\t\t>\n\t\t\t<svg xmlns=\"http:\/\/www.w3.org\/2000\/svg\" width=\"12\" height=\"12\" fill=\"none\" viewBox=\"0 0 12 12\">\n\t\t\t\t<path fill=\"#fff\" d=\"M2 0a2 2 0 0 0-2 2v2h1.5V2a.5.5 0 0 1 .5-.5h2V0H2Zm2 10.5H2a.5.5 0 0 1-.5-.5V8H0v2a2 2 0 0 0 2 2h2v-1.5ZM8 12v-1.5h2a.5.5 0 0 0 .5-.5V8H12v2a2 2 0 0 1-2 2H8Zm2-12a2 2 0 0 1 2 2v2h-1.5V2a.5.5 0 0 0-.5-.5H8V0h2Z\" \/>\n\t\t\t<\/svg>\n\t\t<\/button><figcaption class=\"wp-element-caption\">Fot\u00f3: Andreas Wolf 01 \/ Wikimedia Commons, CC BY 4.0<\/figcaption><\/figure>\n\n\n\n<h3 class=\"wp-block-heading\"><span class=\"ez-toc-section\" id=\"6_Franken-Therme_Bad_Windsheim\"><\/span>6. Franken-Therme (Bad Windsheim)<span class=\"ez-toc-section-end\"><\/span><\/h3>\n\n\n\n<p class=\"wp-block-paragraph\">A bajororsz\u00e1gi Bad Windsheim v\u00e1rosk\u00e1ban Holt-tengeri jelleg\u0171 \u00e9lm\u00e9ny v\u00e1r r\u00e1d. Az itteni b\u00fcszkes\u00e9g ugyanis egy speci\u00e1lis z\u00f3na mesters\u00e9ges s\u00f3s t\u00f3val, amelynek extr\u00e9m <strong>26,9%-os s\u00f3tartalma<\/strong> van. A v\u00edz kellemes 26\u201330 \u00b0C-ra van temper\u00e1lva, \u00e9s az \u00f3ri\u00e1si s\u00f3s\u0171r\u0171s\u00e9gnek k\u00f6sz\u00f6nhet\u0151en minden er\u0151fesz\u00edt\u00e9s n\u00e9lk\u00fcl lebeghetsz a felsz\u00edn\u00e9n. Ezt a term\u00e1l s\u00f3levet egy forr\u00e1sb\u00f3l szivatty\u00fazz\u00e1k, amely mind\u00f6ssze 200 m\u00e9terre van a komplexumt\u00f3l.<\/p>\n\n\n\n<p class=\"wp-block-paragraph\">Ezen az extr\u00e9m s\u00f3s tavon k\u00edv\u00fcl tov\u00e1bbi k\u00e9t belt\u00e9ri medenc\u00e9t tal\u00e1lsz 12%-os s\u00f3val \u00e9s 34\u201336 \u00b0C-os meleg v\u00edzzel. A klasszikus f\u00fcrd\u0151csarnokok pedig <strong>h\u00e1rom term\u00e1l s\u00f3s medenc\u00e9t<\/strong> k\u00edn\u00e1lnak 1,5\u20134%-os s\u00f3koncentr\u00e1ci\u00f3val, valamint egy k\u00fclt\u00e9ri medenc\u00e9t. A komplexum, amit 2005 december\u00e9ben \u00fcnnep\u00e9lyesen nyitottak meg csaknem 19 milli\u00f3 eur\u00f3\u00e9rt, majd k\u00e9s\u0151bb b\u0151v\u00edtettek, nagyon modernnek \u00e9s l\u00e9giesnek hat.<\/p>\n\n\n\n<p class=\"wp-block-paragraph\">Van itt k\u00e9t textiles g\u0151zf\u00fcrd\u0151 \u00e9s t\u00e1gas pihen\u0151helyek is. R\u00e1ad\u00e1sul mindenf\u00e9le wellness kezel\u00e9st \u00e9lvezhetsz, amelyek <strong>20-t\u00f3l 120 percig<\/strong> tartanak. Az eg\u00e9sz \u00fagy hat, mint egy csod\u00e1latos balzsam a f\u00e1radt testnek \u00e9s a b\u0151rnek. <strong>\ud83d\udca1 Tipp:<\/strong> A legs\u00f3sabb t\u00f3ban val\u00f3 f\u00fcrd\u00e9s ut\u00e1n mindig menj egyenesen zuhanyozni, a s\u00f3krist\u00e1lyok kisz\u00e1rad\u00e1s ut\u00e1n el\u00e9g kellemetlen\u00fcl tudnak viszketni a b\u0151r\u00f6n.<\/p>\n\n\n\n<figure data-wp-context=\"{&quot;imageId&quot;:&quot;6a9c16a63943a&quot;}\" data-wp-interactive=\"core\/image\" data-wp-key=\"6a9c16a63943a\" class=\"wp-block-image size-full wp-lightbox-container\"><img decoding=\"async\" width=\"1800\" height=\"1200\" data-wp-class--hide=\"state.isContentHidden\" data-wp-class--show=\"state.isContentVisible\" data-wp-init=\"callbacks.setButtonStyles\" data-wp-on--click=\"actions.showLightbox\" data-wp-on--load=\"callbacks.setButtonStyles\" data-wp-on--pointerdown=\"actions.preloadImage\" data-wp-on--pointerenter=\"actions.preloadImageWithDelay\" data-wp-on--pointerleave=\"actions.cancelPreload\" data-wp-on-window--resize=\"callbacks.setButtonStyles\" src=\"https:\/\/loudavymkrokem.cz\/wp-content\/uploads\/2026\/09\/nemecko-clanky-termaly-nemecko-12-c567f0aa.jpg\" alt=\"A K\u00f6nigliche Kristall-Therme k\u00fclt\u00e9ri medenc\u00e9je Schwangauban, kil\u00e1t\u00e1ssal az Alpokra\" class=\"wp-image-415476\" title=\"\" srcset=\"https:\/\/loudavymkrokem.cz\/wp-content\/uploads\/2026\/09\/nemecko-clanky-termaly-nemecko-12-c567f0aa.jpg 1800w, https:\/\/loudavymkrokem.cz\/wp-content\/uploads\/2026\/09\/nemecko-clanky-termaly-nemecko-12-c567f0aa-300x200.jpg 300w, https:\/\/loudavymkrokem.cz\/wp-content\/uploads\/2026\/09\/nemecko-clanky-termaly-nemecko-12-c567f0aa-700x467.jpg 700w, https:\/\/loudavymkrokem.cz\/wp-content\/uploads\/2026\/09\/nemecko-clanky-termaly-nemecko-12-c567f0aa-768x512.jpg 768w, https:\/\/loudavymkrokem.cz\/wp-content\/uploads\/2026\/09\/nemecko-clanky-termaly-nemecko-12-c567f0aa-1536x1024.jpg 1536w, https:\/\/loudavymkrokem.cz\/wp-content\/uploads\/2026\/09\/nemecko-clanky-termaly-nemecko-12-c567f0aa-696x464.jpg 696w, https:\/\/loudavymkrokem.cz\/wp-content\/uploads\/2026\/09\/nemecko-clanky-termaly-nemecko-12-c567f0aa-1392x928.jpg 1392w\" sizes=\"(max-width: 1800px) 100vw, 1800px\" \/><button\n\t\t\tclass=\"lightbox-trigger\"\n\t\t\ttype=\"button\"\n\t\t\taria-haspopup=\"dialog\"\n\t\t\tdata-wp-bind--aria-label=\"state.thisImage.triggerButtonAriaLabel\"\n\t\t\tdata-wp-init=\"callbacks.initTriggerButton\"\n\t\t\tdata-wp-on--click=\"actions.showLightbox\"\n\t\t\tdata-wp-style--right=\"state.thisImage.buttonRight\"\n\t\t\tdata-wp-style--top=\"state.thisImage.buttonTop\"\n\t\t>\n\t\t\t<svg xmlns=\"http:\/\/www.w3.org\/2000\/svg\" width=\"12\" height=\"12\" fill=\"none\" viewBox=\"0 0 12 12\">\n\t\t\t\t<path fill=\"#fff\" d=\"M2 0a2 2 0 0 0-2 2v2h1.5V2a.5.5 0 0 1 .5-.5h2V0H2Zm2 10.5H2a.5.5 0 0 1-.5-.5V8H0v2a2 2 0 0 0 2 2h2v-1.5ZM8 12v-1.5h2a.5.5 0 0 0 .5-.5V8H12v2a2 2 0 0 1-2 2H8Zm2-12a2 2 0 0 1 2 2v2h-1.5V2a.5.5 0 0 0-.5-.5H8V0h2Z\" \/>\n\t\t\t<\/svg>\n\t\t<\/button><\/figure>\n\n\n\n<h3 class=\"wp-block-heading\"><span class=\"ez-toc-section\" id=\"7_Konigliche_Kristall-Therme_Schwangau\"><\/span>7. K\u00f6nigliche Kristall-Therme (Schwangau)<span class=\"ez-toc-section-end\"><\/span><\/h3>\n\n\n\n<p class=\"wp-block-paragraph\">Ez a schwangaui hely m\u00e1r csak a fekv\u00e9s\u00e9vel is elvar\u00e1zsol, mert k\u00f6zvetlen\u00fcl a term\u00e1lmedenc\u00e9kb\u0151l <strong>panor\u00e1m\u00e1s kil\u00e1t\u00e1s<\/strong> ny\u00edlik a k\u00f6rnyez\u0151 t\u00e1jra, t\u00e9len pedig a havas Alpokra is. Az eg\u00e9sz pihen\u0151- \u00e9s term\u00e1lter\u00fclet tekint\u00e9lyes 14 000 n\u00e9gyzetm\u00e9teren ter\u00fcl el. Az itteni term\u00e1lv\u00edz 2,5% s\u00f3t tartalmaz, \u00e9s a 34 \u00b0C k\u00f6r\u00fcli h\u0151m\u00e9rs\u00e9kletnek k\u00f6sz\u00f6nhet\u0151en finom peelingk\u00e9nt hat a b\u0151rre, \u00edgy f\u00fcrd\u00e9s ut\u00e1n \u00e9rezhet\u0151en puh\u00e1bb lesz.<\/p>\n\n\n\n<p class=\"wp-block-paragraph\">A k\u00fcl- \u00e9s belt\u00e9ri medenc\u00e9k 32 \u00e9s 36 \u00b0C k\u00f6z\u00f6tti v\u00edzzel meleg\u00edtenek fel. Teljesen csod\u00e1latosak az itteni massz\u00e1zsd\u00fcz\u00fck, amelyek finoman gy\u00farj\u00e1k a h\u00e1tat, a l\u00e1bakat, a hasat \u00e9s a feneket. A szaun\u00e1z\u00e1s szerelmesei megtal\u00e1lj\u00e1k itt a sz\u00e1m\u00edt\u00e1sukat, a komplexum <strong>5 tematikus szaun\u00e1t<\/strong> rejt 60\u2013100 \u00b0C-os h\u0151m\u00e9rs\u00e9klettel, amelyekb\u0151l h\u00e1rom bent, kett\u0151 kint van. R\u00e1ad\u00e1sul van itt egy oszm\u00e1n hammam \u00e9s k\u00e9t g\u0151zf\u00fcrd\u0151 is, ak\u00e1r 48 \u00b0C-ig.<\/p>\n\n\n\n<p class=\"wp-block-paragraph\">A 2026-os \u00e1rlista szerint az esti tarif (Feierabendtarif) 18 \u00f3r\u00e1t\u00f3l <strong>19 EUR<\/strong> egy feln\u0151ttnek mag\u00e1ba a term\u00e1lba, \u00e9s <strong>26 EUR<\/strong> a Wohlf\u00fchltherme \u00e9s a Zauberberg z\u00f3n\u00e1kkal egy\u00fctt. Ez ide\u00e1lis hely egy romantikus kettesben t\u00f6lt\u00f6tt kiruccan\u00e1shoz. <strong>\ud83d\udca1 Tipp:<\/strong> Az esti tarif eg\u00e9sz \u00e9vben \u00e9rv\u00e9nyes, de vigy\u00e1zz, h\u00e9tv\u00e9g\u00e9n \u00e9s a bajor \u00fcnnepnapok alatt nem fogadj\u00e1k el.<\/p>\n\n\n\n<figure data-wp-context=\"{&quot;imageId&quot;:&quot;6a9c16a639963&quot;}\" data-wp-interactive=\"core\/image\" data-wp-key=\"6a9c16a639963\" class=\"wp-block-image size-full wp-lightbox-container\"><img decoding=\"async\" width=\"1714\" height=\"2560\" data-wp-class--hide=\"state.isContentHidden\" data-wp-class--show=\"state.isContentVisible\" data-wp-init=\"callbacks.setButtonStyles\" data-wp-on--click=\"actions.showLightbox\" data-wp-on--load=\"callbacks.setButtonStyles\" data-wp-on--pointerdown=\"actions.preloadImage\" data-wp-on--pointerenter=\"actions.preloadImageWithDelay\" data-wp-on--pointerleave=\"actions.cancelPreload\" data-wp-on-window--resize=\"callbacks.setButtonStyles\" src=\"https:\/\/loudavymkrokem.cz\/wp-content\/uploads\/2026\/09\/nemecko-clanky-termaly-nemecko-13-83289bd6-scaled.jpg\" alt=\"Limes-Therme (Bad G\u00f6gging): szaunar\u00e9sz\" class=\"wp-image-415302\" title=\"\" srcset=\"https:\/\/loudavymkrokem.cz\/wp-content\/uploads\/2026\/09\/nemecko-clanky-termaly-nemecko-13-83289bd6-scaled.jpg 1714w, https:\/\/loudavymkrokem.cz\/wp-content\/uploads\/2026\/09\/nemecko-clanky-termaly-nemecko-13-83289bd6-201x300.jpg 201w, https:\/\/loudavymkrokem.cz\/wp-content\/uploads\/2026\/09\/nemecko-clanky-termaly-nemecko-13-83289bd6-700x1045.jpg 700w, https:\/\/loudavymkrokem.cz\/wp-content\/uploads\/2026\/09\/nemecko-clanky-termaly-nemecko-13-83289bd6-768x1147.jpg 768w, https:\/\/loudavymkrokem.cz\/wp-content\/uploads\/2026\/09\/nemecko-clanky-termaly-nemecko-13-83289bd6-1029x1536.jpg 1029w, https:\/\/loudavymkrokem.cz\/wp-content\/uploads\/2026\/09\/nemecko-clanky-termaly-nemecko-13-83289bd6-1371x2048.jpg 1371w, https:\/\/loudavymkrokem.cz\/wp-content\/uploads\/2026\/09\/nemecko-clanky-termaly-nemecko-13-83289bd6-696x1039.jpg 696w, https:\/\/loudavymkrokem.cz\/wp-content\/uploads\/2026\/09\/nemecko-clanky-termaly-nemecko-13-83289bd6-1392x2079.jpg 1392w\" sizes=\"(max-width: 1714px) 100vw, 1714px\" \/><button\n\t\t\tclass=\"lightbox-trigger\"\n\t\t\ttype=\"button\"\n\t\t\taria-haspopup=\"dialog\"\n\t\t\tdata-wp-bind--aria-label=\"state.thisImage.triggerButtonAriaLabel\"\n\t\t\tdata-wp-init=\"callbacks.initTriggerButton\"\n\t\t\tdata-wp-on--click=\"actions.showLightbox\"\n\t\t\tdata-wp-style--right=\"state.thisImage.buttonRight\"\n\t\t\tdata-wp-style--top=\"state.thisImage.buttonTop\"\n\t\t>\n\t\t\t<svg xmlns=\"http:\/\/www.w3.org\/2000\/svg\" width=\"12\" height=\"12\" fill=\"none\" viewBox=\"0 0 12 12\">\n\t\t\t\t<path fill=\"#fff\" d=\"M2 0a2 2 0 0 0-2 2v2h1.5V2a.5.5 0 0 1 .5-.5h2V0H2Zm2 10.5H2a.5.5 0 0 1-.5-.5V8H0v2a2 2 0 0 0 2 2h2v-1.5ZM8 12v-1.5h2a.5.5 0 0 0 .5-.5V8H12v2a2 2 0 0 1-2 2H8Zm2-12a2 2 0 0 1 2 2v2h-1.5V2a.5.5 0 0 0-.5-.5H8V0h2Z\" \/>\n\t\t\t<\/svg>\n\t\t<\/button><figcaption class=\"wp-element-caption\">Fot\u00f3: Bad G\u00f6gging from Bad G\u00f6gging, Deutschland \/ Wikimedia Commons, CC BY 2.0<\/figcaption><\/figure>\n\n\n\n<h3 class=\"wp-block-heading\"><span class=\"ez-toc-section\" id=\"8_Limes-Therme_Bad_Gogging\"><\/span>8. Limes-Therme (Bad G\u00f6gging)<span class=\"ez-toc-section-end\"><\/span><\/h3>\n\n\n\n<p class=\"wp-block-paragraph\">Bad G\u00f6ggingben egy nagyon m\u00e9ly gy\u00f6kerekkel rendelkez\u0151 term\u00e1lra bukkansz. A gy\u00f3gyvizet ugyanis tekint\u00e9lyes, <strong>600 m\u00e9tern\u00e9l m\u00e9lyebbr\u0151l<\/strong> szivatty\u00fazz\u00e1k, \u00e9s tele van fontos nyomelemekkel. Ezenk\u00edv\u00fcl a komplexum k\u00e9nes v\u00edzzel is b\u00fcszk\u00e9lkedik, amely 120 m\u00e9ter m\u00e9lys\u00e9gb\u0151l t\u00f6r fel, \u00e9s meg\u0151rzi term\u00e9szetes 13,5 \u00b0C-os h\u0151m\u00e9rs\u00e9klet\u00e9t \u00e9s magas k\u00e9ntartalm\u00e1t. Ez egy nagyon speci\u00e1lis komplexum, amely els\u0151sorban a nyugodt f\u00fcrd\u0151z\u00e9s szerelmeseit var\u00e1zsolja el.<\/p>\n\n\n\n<p class=\"wp-block-paragraph\">A vend\u00e9gek rendelkez\u00e9s\u00e9re \u00f6sszesen <strong>15 bel- \u00e9s k\u00fclt\u00e9ri medence<\/strong> \u00e1ll, amelyek egy\u00fctt 1250 n\u00e9gyzetm\u00e9teres v\u00edzfel\u00fcletet alkotnak. A term\u00e1lmedenc\u00e9kben a h\u0151m\u00e9rs\u00e9klet a friss\u00edt\u0151 28 \u00b0C-t\u00f3l a forr\u00f3 36 \u00b0C-ig terjed. Van itt h\u00e1rom magass\u00e1gban eltolt Nymph\u00e4a medence vagy egy speci\u00e1lis ter\u00e1pi\u00e1s medence. A koron\u00e1z\u00f3 \u00e9kszer a r\u00f3mai szauna, amely ak\u00e1r 90 \u00b0C-ra f\u0171t\u00f6tt forr\u00f3 helyis\u00e9geket, leh\u0171t\u0151 medenc\u00e9ket \u00e9s mos\u00f3z\u00f3n\u00e1kat k\u00edn\u00e1l.<\/p>\n\n\n\n<p class=\"wp-block-paragraph\">A 2026-os \u00e1rlista szerint egy h\u00e1rom\u00f3r\u00e1s esti bel\u00e9p\u0151 17 \u00f3r\u00e1t\u00f3l <strong>15 EUR<\/strong>. Ha ki szeretn\u00e9d pr\u00f3b\u00e1lni az eml\u00edtett r\u00f3mai szaun\u00e1t is, tov\u00e1bbi 7 EUR-t fizetsz a tarifra. Az eg\u00e9sz komplexumot r\u00e1ad\u00e1sul egy 600 n\u00e9gyzetm\u00e9teres idilli kert veszi k\u00f6r\u00fcl. <strong>\ud83d\udca1 Tipp:<\/strong> A ny\u00e1ri h\u00f3napokban mindenk\u00e9pp sz\u00e1nj id\u0151t \u00e9pp az ebben a hatalmas kertben val\u00f3 pihen\u00e9sre, csod\u00e1latos nyugalom \u00e9s b\u00e9ke van itt.<\/p>\n\n\n\n<figure data-wp-context=\"{&quot;imageId&quot;:&quot;6a9c16a63a248&quot;}\" data-wp-interactive=\"core\/image\" data-wp-key=\"6a9c16a63a248\" class=\"wp-block-image size-full wp-lightbox-container\"><img decoding=\"async\" width=\"1800\" height=\"1200\" data-wp-class--hide=\"state.isContentHidden\" data-wp-class--show=\"state.isContentVisible\" data-wp-init=\"callbacks.setButtonStyles\" data-wp-on--click=\"actions.showLightbox\" data-wp-on--load=\"callbacks.setButtonStyles\" data-wp-on--pointerdown=\"actions.preloadImage\" data-wp-on--pointerenter=\"actions.preloadImageWithDelay\" data-wp-on--pointerleave=\"actions.cancelPreload\" data-wp-on-window--resize=\"callbacks.setButtonStyles\" src=\"https:\/\/loudavymkrokem.cz\/wp-content\/uploads\/2026\/09\/nemecko-clanky-termaly-nemecko-14-1b6f61cf.jpg\" alt=\"Therme Bad Griesbach (Bad Griesbach)\" class=\"wp-image-415303\" title=\"\" srcset=\"https:\/\/loudavymkrokem.cz\/wp-content\/uploads\/2026\/09\/nemecko-clanky-termaly-nemecko-14-1b6f61cf.jpg 1800w, https:\/\/loudavymkrokem.cz\/wp-content\/uploads\/2026\/09\/nemecko-clanky-termaly-nemecko-14-1b6f61cf-300x200.jpg 300w, https:\/\/loudavymkrokem.cz\/wp-content\/uploads\/2026\/09\/nemecko-clanky-termaly-nemecko-14-1b6f61cf-700x467.jpg 700w, https:\/\/loudavymkrokem.cz\/wp-content\/uploads\/2026\/09\/nemecko-clanky-termaly-nemecko-14-1b6f61cf-768x512.jpg 768w, https:\/\/loudavymkrokem.cz\/wp-content\/uploads\/2026\/09\/nemecko-clanky-termaly-nemecko-14-1b6f61cf-1536x1024.jpg 1536w, https:\/\/loudavymkrokem.cz\/wp-content\/uploads\/2026\/09\/nemecko-clanky-termaly-nemecko-14-1b6f61cf-696x464.jpg 696w, https:\/\/loudavymkrokem.cz\/wp-content\/uploads\/2026\/09\/nemecko-clanky-termaly-nemecko-14-1b6f61cf-1392x928.jpg 1392w\" sizes=\"(max-width: 1800px) 100vw, 1800px\" \/><button\n\t\t\tclass=\"lightbox-trigger\"\n\t\t\ttype=\"button\"\n\t\t\taria-haspopup=\"dialog\"\n\t\t\tdata-wp-bind--aria-label=\"state.thisImage.triggerButtonAriaLabel\"\n\t\t\tdata-wp-init=\"callbacks.initTriggerButton\"\n\t\t\tdata-wp-on--click=\"actions.showLightbox\"\n\t\t\tdata-wp-style--right=\"state.thisImage.buttonRight\"\n\t\t\tdata-wp-style--top=\"state.thisImage.buttonTop\"\n\t\t>\n\t\t\t<svg xmlns=\"http:\/\/www.w3.org\/2000\/svg\" width=\"12\" height=\"12\" fill=\"none\" viewBox=\"0 0 12 12\">\n\t\t\t\t<path fill=\"#fff\" d=\"M2 0a2 2 0 0 0-2 2v2h1.5V2a.5.5 0 0 1 .5-.5h2V0H2Zm2 10.5H2a.5.5 0 0 1-.5-.5V8H0v2a2 2 0 0 0 2 2h2v-1.5ZM8 12v-1.5h2a.5.5 0 0 0 .5-.5V8H12v2a2 2 0 0 1-2 2H8Zm2-12a2 2 0 0 1 2 2v2h-1.5V2a.5.5 0 0 0-.5-.5H8V0h2Z\" \/>\n\t\t\t<\/svg>\n\t\t<\/button><\/figure>\n\n\n\n<h3 class=\"wp-block-heading\"><span class=\"ez-toc-section\" id=\"9_Therme_Bad_Griesbach_Bad_Griesbach\"><\/span>9. Therme Bad Griesbach (Bad Griesbach)<span class=\"ez-toc-section-end\"><\/span><\/h3>\n\n\n\n<p class=\"wp-block-paragraph\">Ezt a komplexumot az emberek leggyakrabban a v\u00e1roska neve alatt keresik, de hivatalosan THERME EINS a neve. Teljes unikuma a Saunahof szaunavil\u00e1g, amely egy <strong>eredeti, 18. sz\u00e1zadi rottali n\u00e9gyoldal\u00fa tanyah\u00e1zban \u00e9p\u00fclt<\/strong>. A r\u00e9gi rusztikus \u00e9p\u00edt\u00e9szet \u00e9s a modern wellness \u00e9lm\u00e9ny \u00f6sszekapcsol\u00e1sa itt kiv\u00e1l\u00f3an m\u0171k\u00f6dik, \u00e9s hihetetlen\u00fcl otthonos hangulatot teremt.<\/p>\n\n\n\n<p class=\"wp-block-paragraph\">Maga a f\u00fcrd\u0151r\u00e9sz r\u00f6gt\u00f6n <strong>12 term\u00e1lmedenc\u00e9t<\/strong> k\u00edn\u00e1l, amelyek tele vannak mindenf\u00e9le v\u00edzi attrakci\u00f3val. Massz\u00edroztathatod magad a v\u00edzes\u00e9sek alatt, v\u00e9gigmehetsz a massz\u00e1zsp\u00e1ly\u00e1n, vagy csak \u00fagy relax\u00e1lhatsz a pezsg\u0151f\u00fcrd\u0151kben. A v\u00edz h\u0151m\u00e9rs\u00e9klete igaz\u00e1n mindenkit kiel\u00e9g\u00edt, mert a kellemes 30 \u00b0C-t\u00f3l a hihetetlen\u00fcl forr\u00f3 42 \u00b0C-ig terjed.<\/p>\n\n\n\n<p class=\"wp-block-paragraph\">Az eml\u00edtett t\u00f6rt\u00e9nelmi tanyah\u00e1zban pedig \u00f6sszesen h\u00e9t k\u00fcl\u00f6nb\u00f6z\u0151 szauna rejt\u0151zik, \u00e9s nem hi\u00e1nyzik a klasszikus r\u00f3mai g\u0151zf\u00fcrd\u0151 sem. Ez a hely mintha p\u00e1roknak \u00e9s a szokatlan k\u00f6rnyezetben val\u00f3 hagyom\u00e1nyos szaun\u00e1z\u00e1s szerelmeseinek teremtett\u00e9k volna. <strong>\ud83d\udca1 Tipp:<\/strong> A navig\u00e1ci\u00f3ba t\u00e9nyleg a THERME EINS nevet \u00edrd be, a hivatalos n\u00e9v sokkal megb\u00edzhat\u00f3bban elvezet a parkol\u00f3hoz.<\/p>\n\n\n\n<figure data-wp-context=\"{&quot;imageId&quot;:&quot;6a9c16a63a9c0&quot;}\" data-wp-interactive=\"core\/image\" data-wp-key=\"6a9c16a63a9c0\" class=\"wp-block-image size-full wp-lightbox-container\"><img decoding=\"async\" width=\"1800\" height=\"843\" data-wp-class--hide=\"state.isContentHidden\" data-wp-class--show=\"state.isContentVisible\" data-wp-init=\"callbacks.setButtonStyles\" data-wp-on--click=\"actions.showLightbox\" data-wp-on--load=\"callbacks.setButtonStyles\" data-wp-on--pointerdown=\"actions.preloadImage\" data-wp-on--pointerenter=\"actions.preloadImageWithDelay\" data-wp-on--pointerleave=\"actions.cancelPreload\" data-wp-on-window--resize=\"callbacks.setButtonStyles\" src=\"https:\/\/loudavymkrokem.cz\/wp-content\/uploads\/2026\/09\/nemecko-clanky-termaly-nemecko-15-c78f7327.jpg\" alt=\"A Titania term\u00e1l k\u00fclt\u00e9ri szaunar\u00e9sze Neus\u00e4\u00dfben\" class=\"wp-image-415478\" title=\"\" srcset=\"https:\/\/loudavymkrokem.cz\/wp-content\/uploads\/2026\/09\/nemecko-clanky-termaly-nemecko-15-c78f7327.jpg 1800w, https:\/\/loudavymkrokem.cz\/wp-content\/uploads\/2026\/09\/nemecko-clanky-termaly-nemecko-15-c78f7327-300x141.jpg 300w, https:\/\/loudavymkrokem.cz\/wp-content\/uploads\/2026\/09\/nemecko-clanky-termaly-nemecko-15-c78f7327-700x328.jpg 700w, https:\/\/loudavymkrokem.cz\/wp-content\/uploads\/2026\/09\/nemecko-clanky-termaly-nemecko-15-c78f7327-768x360.jpg 768w, https:\/\/loudavymkrokem.cz\/wp-content\/uploads\/2026\/09\/nemecko-clanky-termaly-nemecko-15-c78f7327-1536x719.jpg 1536w, https:\/\/loudavymkrokem.cz\/wp-content\/uploads\/2026\/09\/nemecko-clanky-termaly-nemecko-15-c78f7327-696x326.jpg 696w, https:\/\/loudavymkrokem.cz\/wp-content\/uploads\/2026\/09\/nemecko-clanky-termaly-nemecko-15-c78f7327-1392x652.jpg 1392w\" sizes=\"(max-width: 1800px) 100vw, 1800px\" \/><button\n\t\t\tclass=\"lightbox-trigger\"\n\t\t\ttype=\"button\"\n\t\t\taria-haspopup=\"dialog\"\n\t\t\tdata-wp-bind--aria-label=\"state.thisImage.triggerButtonAriaLabel\"\n\t\t\tdata-wp-init=\"callbacks.initTriggerButton\"\n\t\t\tdata-wp-on--click=\"actions.showLightbox\"\n\t\t\tdata-wp-style--right=\"state.thisImage.buttonRight\"\n\t\t\tdata-wp-style--top=\"state.thisImage.buttonTop\"\n\t\t>\n\t\t\t<svg xmlns=\"http:\/\/www.w3.org\/2000\/svg\" width=\"12\" height=\"12\" fill=\"none\" viewBox=\"0 0 12 12\">\n\t\t\t\t<path fill=\"#fff\" d=\"M2 0a2 2 0 0 0-2 2v2h1.5V2a.5.5 0 0 1 .5-.5h2V0H2Zm2 10.5H2a.5.5 0 0 1-.5-.5V8H0v2a2 2 0 0 0 2 2h2v-1.5ZM8 12v-1.5h2a.5.5 0 0 0 .5-.5V8H12v2a2 2 0 0 1-2 2H8Zm2-12a2 2 0 0 1 2 2v2h-1.5V2a.5.5 0 0 0-.5-.5H8V0h2Z\" \/>\n\t\t\t<\/svg>\n\t\t<\/button><\/figure>\n\n\n\n<h3 class=\"wp-block-heading\"><span class=\"ez-toc-section\" id=\"10_Titania_Neusas_Neusas\"><\/span>10. Titania Neus\u00e4\u00df (Neus\u00e4\u00df)<span class=\"ez-toc-section-end\"><\/span><\/h3>\n\n\n\n<p class=\"wp-block-paragraph\">A neus\u00e4\u00dfi sz\u00f3rakoztat\u00f3 \u00e9s term\u00e1lkomplexum az extr\u00e9m h\u0151m\u00e9rs\u00e9klet-k\u00fcl\u00f6nbs\u00e9gek szerelmeseinek paradicsoma. A szaunavil\u00e1g \u00f3ri\u00e1si v\u00e1ltozatoss\u00e1got k\u00edn\u00e1l, amely a <strong>95 \u00b0C-os forr\u00f3 \u00e9szaki Kelosaun\u00e1ban<\/strong> cs\u00facsosodik ki. Ezenk\u00edv\u00fcl tal\u00e1lsz itt k\u0151szaun\u00e1t (85 \u00b0C), s\u00f3szaun\u00e1t (90 \u00b0C), f\u00f6ldszaun\u00e1t (Erdsauna, 80 \u00b0C) vagy egy teljesen egyedi s\u00f6rszaun\u00e1t, a Bierst\u00fcberlt. Ez tal\u00e1n az egyik legkreat\u00edvabb szaunak\u00f6zpont a k\u00f6rny\u00e9ken.<\/p>\n\n\n\n<p class=\"wp-block-paragraph\">A szaun\u00e1kon k\u00edv\u00fcl a gazdag medence- \u00e9s f\u00fcrd\u0151k\u00edn\u00e1lat is \u00f6r\u00f6m\u00f6t szerez. Felmelegedhetsz a 34 \u00b0C-os hammam medenc\u00e9ben, vagy kipr\u00f3b\u00e1lhatod a forr\u00f3 \u00fcl\u0151medenc\u00e9t. A leh\u0171l\u00e9shez pedig remek\u00fcl szolg\u00e1l a <strong>20 \u00b0C-os mer\u00fcl\u0151medence<\/strong>. Ha a nedvesebb h\u0151t kedveled, menj a g\u0151zf\u00fcrd\u0151be vagy a laconic\u00e1ba, ahol a h\u0151m\u00e9rs\u00e9klet kellemes 45 \u00b0C-on marad.<\/p>\n\n\n\n<p class=\"wp-block-paragraph\">A 2026-os \u00e1rlista szerint a szok\u00e1sos bel\u00e9p\u0151 feln\u0151tteknek <strong>18,50 EUR-t\u00f3l<\/strong> egy r\u00f6videbb bel\u00e9p\u0151\u00e9rt eg\u00e9szen 28 EUR-ig mozog. A gyerekjegyek 12-t\u0151l 21,50 EUR-ig terjednek a tart\u00f3zkod\u00e1s hossz\u00e1t\u00f3l f\u00fcgg\u0151en. A komplexum remek\u00fcl alkalmas nagyobb gyerekes csal\u00e1doknak, akik m\u00e1r \u00e9rt\u00e9kelni tudj\u00e1k az itteni attrakci\u00f3k soksz\u00edn\u0171s\u00e9g\u00e9t. <strong>\ud83d\udca1 Tipp:<\/strong> Ha gyakran szeretn\u00e9l idej\u00e1rni, t\u00e1j\u00e9koz\u00f3dj a klubjuk felt\u00e9teleir\u0151l, mert az \u00fagynevezett Clubtarife tarifokkal egy feln\u0151tt m\u00e1r 9,25 EUR-t\u00f3l bel\u00e9p.<\/p>\n\n\n\n<figure data-wp-context=\"{&quot;imageId&quot;:&quot;6a9c16a63af96&quot;}\" data-wp-interactive=\"core\/image\" data-wp-key=\"6a9c16a63af96\" class=\"wp-block-image size-full wp-lightbox-container\"><img decoding=\"async\" width=\"1800\" height=\"1200\" data-wp-class--hide=\"state.isContentHidden\" data-wp-class--show=\"state.isContentVisible\" data-wp-init=\"callbacks.setButtonStyles\" data-wp-on--click=\"actions.showLightbox\" data-wp-on--load=\"callbacks.setButtonStyles\" data-wp-on--pointerdown=\"actions.preloadImage\" data-wp-on--pointerenter=\"actions.preloadImageWithDelay\" data-wp-on--pointerleave=\"actions.cancelPreload\" data-wp-on-window--resize=\"callbacks.setButtonStyles\" src=\"https:\/\/loudavymkrokem.cz\/wp-content\/uploads\/2026\/09\/nemecko-clanky-termaly-nemecko-16-25ba2f69.jpg\" alt=\"Fackelmann Therme Hersbruck (Hersbruck)\" class=\"wp-image-415305\" title=\"\" srcset=\"https:\/\/loudavymkrokem.cz\/wp-content\/uploads\/2026\/09\/nemecko-clanky-termaly-nemecko-16-25ba2f69.jpg 1800w, https:\/\/loudavymkrokem.cz\/wp-content\/uploads\/2026\/09\/nemecko-clanky-termaly-nemecko-16-25ba2f69-300x200.jpg 300w, https:\/\/loudavymkrokem.cz\/wp-content\/uploads\/2026\/09\/nemecko-clanky-termaly-nemecko-16-25ba2f69-700x467.jpg 700w, https:\/\/loudavymkrokem.cz\/wp-content\/uploads\/2026\/09\/nemecko-clanky-termaly-nemecko-16-25ba2f69-768x512.jpg 768w, https:\/\/loudavymkrokem.cz\/wp-content\/uploads\/2026\/09\/nemecko-clanky-termaly-nemecko-16-25ba2f69-1536x1024.jpg 1536w, https:\/\/loudavymkrokem.cz\/wp-content\/uploads\/2026\/09\/nemecko-clanky-termaly-nemecko-16-25ba2f69-696x464.jpg 696w, https:\/\/loudavymkrokem.cz\/wp-content\/uploads\/2026\/09\/nemecko-clanky-termaly-nemecko-16-25ba2f69-1392x928.jpg 1392w\" sizes=\"(max-width: 1800px) 100vw, 1800px\" \/><button\n\t\t\tclass=\"lightbox-trigger\"\n\t\t\ttype=\"button\"\n\t\t\taria-haspopup=\"dialog\"\n\t\t\tdata-wp-bind--aria-label=\"state.thisImage.triggerButtonAriaLabel\"\n\t\t\tdata-wp-init=\"callbacks.initTriggerButton\"\n\t\t\tdata-wp-on--click=\"actions.showLightbox\"\n\t\t\tdata-wp-style--right=\"state.thisImage.buttonRight\"\n\t\t\tdata-wp-style--top=\"state.thisImage.buttonTop\"\n\t\t>\n\t\t\t<svg xmlns=\"http:\/\/www.w3.org\/2000\/svg\" width=\"12\" height=\"12\" fill=\"none\" viewBox=\"0 0 12 12\">\n\t\t\t\t<path fill=\"#fff\" d=\"M2 0a2 2 0 0 0-2 2v2h1.5V2a.5.5 0 0 1 .5-.5h2V0H2Zm2 10.5H2a.5.5 0 0 1-.5-.5V8H0v2a2 2 0 0 0 2 2h2v-1.5ZM8 12v-1.5h2a.5.5 0 0 0 .5-.5V8H12v2a2 2 0 0 1-2 2H8Zm2-12a2 2 0 0 1 2 2v2h-1.5V2a.5.5 0 0 0-.5-.5H8V0h2Z\" \/>\n\t\t\t<\/svg>\n\t\t<\/button><figcaption class=\"wp-element-caption\">Fot\u00f3: Fackelmann Therme Hersbruck \/ Wikimedia Commons, CC BY-SA 3.0<\/figcaption><\/figure>\n\n\n\n<h3 class=\"wp-block-heading\"><span class=\"ez-toc-section\" id=\"11_Fackelmann_Therme_Hersbruck_Hersbruck\"><\/span>11. Fackelmann Therme Hersbruck (Hersbruck)<span class=\"ez-toc-section-end\"><\/span><\/h3>\n\n\n\n<p class=\"wp-block-paragraph\">Ez a komplexum, amelyet 2004 december\u00e9ben nyitottak meg a frankf\u00f6ldi Hersbruckban, els\u0151sorban az \u00e1llamilag elismert gy\u00f3gyviz\u00e9vel cs\u00e1b\u00edt. Ennek remek param\u00e9terei vannak, \u00e9s m\u00e1r k\u00f6zvetlen\u00fcl a forr\u00e1sn\u00e1l el\u00e9ri a <strong>29,4 \u00b0C<\/strong>-ot. A term\u00e1lvil\u00e1g belt\u00e9ri r\u00e9sze gy\u00f6ny\u00f6r\u0171en megvil\u00e1g\u00edtott, \u00e9s egy 34 \u00b0C-os viz\u0171 medenc\u00e9t k\u00edn\u00e1l, ahol a v\u00edz alatt m\u00e9g relax\u00e1l\u00f3 v\u00edz alatti zen\u00e9t is \u00e9lvezhetsz.<\/p>\n\n\n\n<p class=\"wp-block-paragraph\">Ha ink\u00e1bb friss leveg\u0151t sz\u00edvn\u00e1l, menj a k\u00fclt\u00e9ri term\u00e1lmedenc\u00e9be, amely remek <strong>36 \u00b0C<\/strong>-ra van f\u0171tve. Elny\u00falhatsz a bubor\u00e9kos \u00e1gyakon, vagy megmassz\u00edroztathatod a h\u00e1tad az itteni massz\u00e1zsd\u00fcz\u00fckkel. A komplexumb\u00f3l \u00e1rad a nyugalom, \u00e9s a kisebb m\u00e9ret\u00e9nek k\u00f6sz\u00f6nhet\u0151en nem hat annyira szem\u00e9lytelennek, mint az olyan \u00f3ri\u00e1si gigantok, mint az Erding.<\/p>\n\n\n\n<p class=\"wp-block-paragraph\">A 2026-os \u00e1rlista szerint a megfizetett id\u0151 t\u00fall\u00e9p\u00e9sekor <strong>1 EUR fel\u00e1rat<\/strong> sz\u00e1m\u00edtanak fel minden megkezdett f\u00e9l\u00f3r\u00e1\u00e9rt. Ha otthon felejted a felszerel\u00e9st, az egy\u00e1ltal\u00e1n nem baj, mert itt 2,50 EUR-\u00e9rt t\u00f6r\u00f6lk\u00f6z\u0151t, 5 EUR-\u00e9rt pedig k\u00f6nt\u00f6st k\u00f6lcs\u00f6n\u00f6znek. <strong>\ud83d\udca1 Tipp:<\/strong> Haszn\u00e1ld ki a helyben val\u00f3 k\u00f6nt\u00f6sk\u00f6lcs\u00f6nz\u00e9s lehet\u0151s\u00e9g\u00e9t, a h\u00e1tizs\u00e1kodba vagy a b\u0151r\u00f6nd\u00f6dbe \u00edgy sok m\u00e1s dolog bef\u00e9r, \u00e9s nem kell cipelned a terjedelmes ruhanem\u0171t.<\/p>\n\n\n\n<figure data-wp-context=\"{&quot;imageId&quot;:&quot;6a9c16a63b5f5&quot;}\" data-wp-interactive=\"core\/image\" data-wp-key=\"6a9c16a63b5f5\" class=\"wp-block-image size-full wp-lightbox-container\"><img decoding=\"async\" width=\"1800\" height=\"1350\" data-wp-class--hide=\"state.isContentHidden\" data-wp-class--show=\"state.isContentVisible\" data-wp-init=\"callbacks.setButtonStyles\" data-wp-on--click=\"actions.showLightbox\" data-wp-on--load=\"callbacks.setButtonStyles\" data-wp-on--pointerdown=\"actions.preloadImage\" data-wp-on--pointerenter=\"actions.preloadImageWithDelay\" data-wp-on--pointerleave=\"actions.cancelPreload\" data-wp-on-window--resize=\"callbacks.setButtonStyles\" src=\"https:\/\/loudavymkrokem.cz\/wp-content\/uploads\/2026\/09\/nemecko-clanky-termaly-nemecko-17-4ae5052a.jpg\" alt=\"ThermeNatur (Bad Rodach)\" class=\"wp-image-415306\" title=\"\" srcset=\"https:\/\/loudavymkrokem.cz\/wp-content\/uploads\/2026\/09\/nemecko-clanky-termaly-nemecko-17-4ae5052a.jpg 1800w, https:\/\/loudavymkrokem.cz\/wp-content\/uploads\/2026\/09\/nemecko-clanky-termaly-nemecko-17-4ae5052a-300x225.jpg 300w, https:\/\/loudavymkrokem.cz\/wp-content\/uploads\/2026\/09\/nemecko-clanky-termaly-nemecko-17-4ae5052a-700x525.jpg 700w, https:\/\/loudavymkrokem.cz\/wp-content\/uploads\/2026\/09\/nemecko-clanky-termaly-nemecko-17-4ae5052a-768x576.jpg 768w, https:\/\/loudavymkrokem.cz\/wp-content\/uploads\/2026\/09\/nemecko-clanky-termaly-nemecko-17-4ae5052a-1536x1152.jpg 1536w, https:\/\/loudavymkrokem.cz\/wp-content\/uploads\/2026\/09\/nemecko-clanky-termaly-nemecko-17-4ae5052a-80x60.jpg 80w, https:\/\/loudavymkrokem.cz\/wp-content\/uploads\/2026\/09\/nemecko-clanky-termaly-nemecko-17-4ae5052a-160x120.jpg 160w, https:\/\/loudavymkrokem.cz\/wp-content\/uploads\/2026\/09\/nemecko-clanky-termaly-nemecko-17-4ae5052a-696x522.jpg 696w, https:\/\/loudavymkrokem.cz\/wp-content\/uploads\/2026\/09\/nemecko-clanky-termaly-nemecko-17-4ae5052a-1392x1044.jpg 1392w\" sizes=\"(max-width: 1800px) 100vw, 1800px\" \/><button\n\t\t\tclass=\"lightbox-trigger\"\n\t\t\ttype=\"button\"\n\t\t\taria-haspopup=\"dialog\"\n\t\t\tdata-wp-bind--aria-label=\"state.thisImage.triggerButtonAriaLabel\"\n\t\t\tdata-wp-init=\"callbacks.initTriggerButton\"\n\t\t\tdata-wp-on--click=\"actions.showLightbox\"\n\t\t\tdata-wp-style--right=\"state.thisImage.buttonRight\"\n\t\t\tdata-wp-style--top=\"state.thisImage.buttonTop\"\n\t\t>\n\t\t\t<svg xmlns=\"http:\/\/www.w3.org\/2000\/svg\" width=\"12\" height=\"12\" fill=\"none\" viewBox=\"0 0 12 12\">\n\t\t\t\t<path fill=\"#fff\" d=\"M2 0a2 2 0 0 0-2 2v2h1.5V2a.5.5 0 0 1 .5-.5h2V0H2Zm2 10.5H2a.5.5 0 0 1-.5-.5V8H0v2a2 2 0 0 0 2 2h2v-1.5ZM8 12v-1.5h2a.5.5 0 0 0 .5-.5V8H12v2a2 2 0 0 1-2 2H8Zm2-12a2 2 0 0 1 2 2v2h-1.5V2a.5.5 0 0 0-.5-.5H8V0h2Z\" \/>\n\t\t\t<\/svg>\n\t\t<\/button><\/figure>\n\n\n\n<h3 class=\"wp-block-heading\"><span class=\"ez-toc-section\" id=\"12_ThermeNatur_Bad_Rodach\"><\/span>12. ThermeNatur (Bad Rodach)<span class=\"ez-toc-section-end\"><\/span><\/h3>\n\n\n\n<p class=\"wp-block-paragraph\">Ezt a f\u00fcrd\u0151komplexumot Bad Rodach v\u00e1rosk\u00e1ban tal\u00e1lod, \u00e9s els\u0151sorban a kiemelked\u0151en j\u00f3 min\u0151s\u00e9g\u0171 viz\u00e9r\u0151l ismert. Az itteni term\u00e1lforr\u00e1st, amelyet 1972-ben fedeztek fel, <strong>652 m\u00e9ter m\u00e9lys\u00e9gb\u0151l<\/strong> szivatty\u00fazz\u00e1k, \u00e9s az eg\u00e9sz r\u00e9gi\u00f3 legmelegebb forr\u00e1sa c\u00edmmel b\u00fcszk\u00e9lkedik. Egyenesen a f\u00f6ld m\u00e9ly\u00e9b\u0151l t\u00f6r fel, gy\u00f6ny\u00f6r\u0171 34 \u00b0C-kal.<\/p>\n\n\n\n<p class=\"wp-block-paragraph\">A komplexum ink\u00e1bb hagyom\u00e1nyos f\u00fcrd\u0151k\u00e9nt van kialak\u00edtva, \u00e9s nem tal\u00e1lsz itt adrenalinra szomjaz\u00f3 vad t\u00f6megeket. Rendelkez\u00e9sre \u00e1ll egy <strong>f\u00fcrd\u0151- \u00e9s szaunat\u00e1j<\/strong>, amelyet egy specializ\u00e1lt wellness r\u00e9szleg eg\u00e9sz\u00edt ki. Pontosan az a fajta hely ez, ahov\u00e1 er\u0151t gy\u0171jteni, lass\u00edtani \u00e9s a gy\u00f3gyvizet dolgozni hagyni m\u00e9sz a mozg\u00e1sszervrendszereden.<\/p>\n\n\n\n<p class=\"wp-block-paragraph\">Els\u0151sorban feln\u0151tteknek, p\u00e1roknak \u00e9s nyugalmat, valamint val\u00f3di rehabilit\u00e1ci\u00f3t keres\u0151 id\u0151seknek val\u00f3. Ha teh\u00e1t egy csendes h\u00e9tv\u00e9g\u00e9re v\u00e1gysz k\u00f6nyvvel \u00e9s \u00edz\u00fcletmeleg\u00edt\u00e9ssel, itt nem t\u00e9vedsz. <strong>\ud83d\udca1 Tipp:<\/strong> Ha gondjaid vannak a h\u00e1taddal, foglalj el\u0151re valamelyik kezel\u00e9sre az itteni wellness r\u00e9szlegben, hatalmas tapasztalatuk van az itteni v\u00edz felhaszn\u00e1l\u00e1s\u00e1ban.<\/p>\n\n\n\n<figure data-wp-context=\"{&quot;imageId&quot;:&quot;6a9c16a63beda&quot;}\" data-wp-interactive=\"core\/image\" data-wp-key=\"6a9c16a63beda\" class=\"wp-block-image size-full wp-lightbox-container\"><img decoding=\"async\" width=\"1800\" height=\"1200\" data-wp-class--hide=\"state.isContentHidden\" data-wp-class--show=\"state.isContentVisible\" data-wp-init=\"callbacks.setButtonStyles\" data-wp-on--click=\"actions.showLightbox\" data-wp-on--load=\"callbacks.setButtonStyles\" data-wp-on--pointerdown=\"actions.preloadImage\" data-wp-on--pointerenter=\"actions.preloadImageWithDelay\" data-wp-on--pointerleave=\"actions.cancelPreload\" data-wp-on-window--resize=\"callbacks.setButtonStyles\" src=\"https:\/\/loudavymkrokem.cz\/wp-content\/uploads\/2026\/09\/nemecko-clanky-termaly-nemecko-18-1233e231.jpg\" alt=\"Johannesbad Therme Bad F\u00fcssing (Bad F\u00fcssing)\" class=\"wp-image-415307\" title=\"\" srcset=\"https:\/\/loudavymkrokem.cz\/wp-content\/uploads\/2026\/09\/nemecko-clanky-termaly-nemecko-18-1233e231.jpg 1800w, https:\/\/loudavymkrokem.cz\/wp-content\/uploads\/2026\/09\/nemecko-clanky-termaly-nemecko-18-1233e231-300x200.jpg 300w, https:\/\/loudavymkrokem.cz\/wp-content\/uploads\/2026\/09\/nemecko-clanky-termaly-nemecko-18-1233e231-700x467.jpg 700w, https:\/\/loudavymkrokem.cz\/wp-content\/uploads\/2026\/09\/nemecko-clanky-termaly-nemecko-18-1233e231-768x512.jpg 768w, https:\/\/loudavymkrokem.cz\/wp-content\/uploads\/2026\/09\/nemecko-clanky-termaly-nemecko-18-1233e231-1536x1024.jpg 1536w, https:\/\/loudavymkrokem.cz\/wp-content\/uploads\/2026\/09\/nemecko-clanky-termaly-nemecko-18-1233e231-696x464.jpg 696w, https:\/\/loudavymkrokem.cz\/wp-content\/uploads\/2026\/09\/nemecko-clanky-termaly-nemecko-18-1233e231-1392x928.jpg 1392w\" sizes=\"(max-width: 1800px) 100vw, 1800px\" \/><button\n\t\t\tclass=\"lightbox-trigger\"\n\t\t\ttype=\"button\"\n\t\t\taria-haspopup=\"dialog\"\n\t\t\tdata-wp-bind--aria-label=\"state.thisImage.triggerButtonAriaLabel\"\n\t\t\tdata-wp-init=\"callbacks.initTriggerButton\"\n\t\t\tdata-wp-on--click=\"actions.showLightbox\"\n\t\t\tdata-wp-style--right=\"state.thisImage.buttonRight\"\n\t\t\tdata-wp-style--top=\"state.thisImage.buttonTop\"\n\t\t>\n\t\t\t<svg xmlns=\"http:\/\/www.w3.org\/2000\/svg\" width=\"12\" height=\"12\" fill=\"none\" viewBox=\"0 0 12 12\">\n\t\t\t\t<path fill=\"#fff\" d=\"M2 0a2 2 0 0 0-2 2v2h1.5V2a.5.5 0 0 1 .5-.5h2V0H2Zm2 10.5H2a.5.5 0 0 1-.5-.5V8H0v2a2 2 0 0 0 2 2h2v-1.5ZM8 12v-1.5h2a.5.5 0 0 0 .5-.5V8H12v2a2 2 0 0 1-2 2H8Zm2-12a2 2 0 0 1 2 2v2h-1.5V2a.5.5 0 0 0-.5-.5H8V0h2Z\" \/>\n\t\t\t<\/svg>\n\t\t<\/button><\/figure>\n\n\n\n<h3 class=\"wp-block-heading\"><span class=\"ez-toc-section\" id=\"13_Johannesbad_Therme_Bad_Fussing_Bad_Fussing\"><\/span>13. Johannesbad Therme Bad F\u00fcssing (Bad F\u00fcssing)<span class=\"ez-toc-section-end\"><\/span><\/h3>\n\n\n\n<p class=\"wp-block-paragraph\">Bad F\u00fcssing megl\u00e1togat\u00e1sakor egy olyan komplexumra bukkansz, amely eg\u00e9sz Eur\u00f3pa legnagyobb term\u00e1lf\u00fcrd\u0151i k\u00f6z\u00e9 tartozik. Hihetetlen <strong>4500 n\u00e9gyzetm\u00e9ter v\u00edzfel\u00fcletet<\/strong> k\u00edn\u00e1l ugyanis, amely tizenh\u00e1rom hatalmas medenc\u00e9n oszlik el. A v\u00edz a Johannesquelle forr\u00e1sb\u00f3l sz\u00e1rmazik, amelyet 1964-ben a Zwick csal\u00e1d f\u00fart meg, \u00e9s teljes ezer m\u00e9ter m\u00e9lys\u00e9gb\u0151l \u00e9rkezik.<\/p>\n\n\n\n<p class=\"wp-block-paragraph\">K\u00f6zvetlen\u00fcl a forr\u00e1sn\u00e1l a v\u00edz <strong>56 \u00b0C<\/strong>-os, de a medenc\u00e9kben a kellemes 27\u201339 \u00b0C-ra leh\u0171tve \u00e9lvezheted. A komplexumot, amely 1969 \u00f3ta a szomsz\u00e9dos klinik\u00e1val egy\u00fctt m\u0171k\u00f6dik, gigantikus, 60 000 n\u00e9gyzetm\u00e9teres k\u00fclt\u00e9ri fekv\u0151ter\u00fcletek veszik k\u00f6r\u00fcl. Van itt egy 800 n\u00e9gyzetm\u00e9teres szaunar\u00e9sz is n\u00e9gy szaun\u00e1val \u00e9s egy g\u0151zf\u00fcrd\u0151vel.<\/p>\n\n\n\n<p class=\"wp-block-paragraph\">Ez egy gigant, amely er\u0151sen az eg\u00e9szs\u00e9gre, a megel\u0151z\u00e9sre \u00e9s a gy\u00f3gy\u00edt\u00e1sra \u00f6sszpontos\u00edt, \u00edgy hatalmas mennyis\u00e9g\u0171 ember j\u00e1r ide rehabilit\u00e1ci\u00f3ra. Ne v\u00e1rj itt intim hangulatot, ink\u00e1bb els\u0151rang\u00fa f\u00fcrd\u0151ell\u00e1t\u00e1st \u00f3ri\u00e1si m\u00e9retekben. <strong>\ud83d\udca1 Tipp:<\/strong> A ny\u00e1ri h\u00f3napokban mindenk\u00e9pp vigy\u00e9l egy nagy pl\u00e9det, azok a hatalmas f\u00fcves ter\u00fcletek kint ide\u00e1lisak az eg\u00e9sznapos napoz\u00e1shoz.<\/p>\n\n\n\n<figure data-wp-context=\"{&quot;imageId&quot;:&quot;6a9c16a63c58a&quot;}\" data-wp-interactive=\"core\/image\" data-wp-key=\"6a9c16a63c58a\" class=\"wp-block-image size-full wp-lightbox-container\"><img decoding=\"async\" width=\"1800\" height=\"750\" data-wp-class--hide=\"state.isContentHidden\" data-wp-class--show=\"state.isContentVisible\" data-wp-init=\"callbacks.setButtonStyles\" data-wp-on--click=\"actions.showLightbox\" data-wp-on--load=\"callbacks.setButtonStyles\" data-wp-on--pointerdown=\"actions.preloadImage\" data-wp-on--pointerenter=\"actions.preloadImageWithDelay\" data-wp-on--pointerleave=\"actions.cancelPreload\" data-wp-on-window--resize=\"callbacks.setButtonStyles\" src=\"https:\/\/loudavymkrokem.cz\/wp-content\/uploads\/2026\/09\/nemecko-clanky-termaly-nemecko-19-48dd8934.jpg\" alt=\"V\u00edzi attrakci\u00f3kkal teli medence a Europa Therm\u00e9ben Bad F\u00fcssingben\" class=\"wp-image-415483\" title=\"\" srcset=\"https:\/\/loudavymkrokem.cz\/wp-content\/uploads\/2026\/09\/nemecko-clanky-termaly-nemecko-19-48dd8934.jpg 1800w, https:\/\/loudavymkrokem.cz\/wp-content\/uploads\/2026\/09\/nemecko-clanky-termaly-nemecko-19-48dd8934-300x125.jpg 300w, https:\/\/loudavymkrokem.cz\/wp-content\/uploads\/2026\/09\/nemecko-clanky-termaly-nemecko-19-48dd8934-700x292.jpg 700w, https:\/\/loudavymkrokem.cz\/wp-content\/uploads\/2026\/09\/nemecko-clanky-termaly-nemecko-19-48dd8934-768x320.jpg 768w, https:\/\/loudavymkrokem.cz\/wp-content\/uploads\/2026\/09\/nemecko-clanky-termaly-nemecko-19-48dd8934-1536x640.jpg 1536w, https:\/\/loudavymkrokem.cz\/wp-content\/uploads\/2026\/09\/nemecko-clanky-termaly-nemecko-19-48dd8934-696x290.jpg 696w, https:\/\/loudavymkrokem.cz\/wp-content\/uploads\/2026\/09\/nemecko-clanky-termaly-nemecko-19-48dd8934-1392x580.jpg 1392w\" sizes=\"(max-width: 1800px) 100vw, 1800px\" \/><button\n\t\t\tclass=\"lightbox-trigger\"\n\t\t\ttype=\"button\"\n\t\t\taria-haspopup=\"dialog\"\n\t\t\tdata-wp-bind--aria-label=\"state.thisImage.triggerButtonAriaLabel\"\n\t\t\tdata-wp-init=\"callbacks.initTriggerButton\"\n\t\t\tdata-wp-on--click=\"actions.showLightbox\"\n\t\t\tdata-wp-style--right=\"state.thisImage.buttonRight\"\n\t\t\tdata-wp-style--top=\"state.thisImage.buttonTop\"\n\t\t>\n\t\t\t<svg xmlns=\"http:\/\/www.w3.org\/2000\/svg\" width=\"12\" height=\"12\" fill=\"none\" viewBox=\"0 0 12 12\">\n\t\t\t\t<path fill=\"#fff\" d=\"M2 0a2 2 0 0 0-2 2v2h1.5V2a.5.5 0 0 1 .5-.5h2V0H2Zm2 10.5H2a.5.5 0 0 1-.5-.5V8H0v2a2 2 0 0 0 2 2h2v-1.5ZM8 12v-1.5h2a.5.5 0 0 0 .5-.5V8H12v2a2 2 0 0 1-2 2H8Zm2-12a2 2 0 0 1 2 2v2h-1.5V2a.5.5 0 0 0-.5-.5H8V0h2Z\" \/>\n\t\t\t<\/svg>\n\t\t<\/button><\/figure>\n\n\n\n<h3 class=\"wp-block-heading\"><span class=\"ez-toc-section\" id=\"14_Europa_Therme_Bad_Fussing\"><\/span>14. Europa Therme (Bad F\u00fcssing)<span class=\"ez-toc-section-end\"><\/span><\/h3>\n\n\n\n<p class=\"wp-block-paragraph\">A m\u00e1sodik hatalmas f\u00fcrd\u0151komplexum Bad F\u00fcssingben egy 3000 n\u00e9gyzetm\u00e9teres term\u00e1lt\u00e1jjal cs\u00e1b\u00edt. Teljes domin\u00e1ns eleme egy <strong>120 m\u00e9ter hossz\u00fa sodr\u00f3csatorna<\/strong>, amely a hatalmas Nymph\u00e4um \u00e9lm\u00e9nymedenc\u00e9hez csatlakozik, 36 \u00b0C-os v\u00edzzel. Az itteni \u00e1ramlatok, bubor\u00e9kpadok \u00e9s v\u00edz\u00e1gy\u00fak igen hossz\u00fa id\u0151re le tudnak k\u00f6tni.<\/p>\n\n\n\n<p class=\"wp-block-paragraph\">Tal\u00e1lsz itt <strong>17 k\u00fcl\u00f6nb\u00f6z\u0151 medenc\u00e9t<\/strong> 27\u201340 \u00b0C-os h\u0151m\u00e9rs\u00e9klettel. Pihenhetsz a 37 \u00b0C-ra f\u0171t\u00f6tt, v\u00edz alatti zen\u00e9vel ell\u00e1tott medenc\u00e9ben, a csillagos \u00e9gbolt\u00fa barlangban vagy a l\u00e9gbubor\u00e9kos \u00e1gyakn\u00e1l. Aki \u00faszni szeretne, \u00f6r\u00fcl majd a k\u00e9t h\u00e1t\u00fasz\u00f3 medenc\u00e9nek, h\u0171v\u00f6sebb, 29 \u00b0C k\u00f6r\u00fcli v\u00edzzel. Nem hi\u00e1nyzik a kedvelt k\u00fclt\u00e9ri v\u00e1ltakoz\u00f3 medence sem 18 \u00e9s 40 \u00b0C-os h\u0151m\u00e9rs\u00e9klettel.<\/p>\n\n\n\n<p class=\"wp-block-paragraph\">A 2026-os \u00e1rlista szerint a bel\u00e9p\u00e9s csak <strong>3 \u00e9ves kort\u00f3l<\/strong> enged\u00e9lyezett, \u00fagyhogy csecsem\u0151kkel sajnos nem engednek be. Ha a komplexumban tov\u00e1bb maradsz, mint amennyit fizett\u00e9l, minden megkezdett f\u00e9l\u00f3r\u00e1\u00e9rt 1 EUR fel\u00e1rat sz\u00e1m\u00edtanak fel. <strong>\ud83d\udca1 Tipp:<\/strong> Egy apr\u00f3, 2 eur\u00f3s fel\u00e1r\u00e9rt a term\u00e1lbel\u00e9p\u0151h\u00f6z megv\u00e1s\u00e1rolhatod az Aerosalz l\u00e1togat\u00e1s\u00e1t, ami egy speci\u00e1lis helyis\u00e9g, remek a t\u00fcd\u0151dnek.<\/p>\n\n\n\n<figure data-wp-context=\"{&quot;imageId&quot;:&quot;6a9c16a63cc05&quot;}\" data-wp-interactive=\"core\/image\" data-wp-key=\"6a9c16a63cc05\" class=\"wp-block-image size-full wp-lightbox-container\"><img decoding=\"async\" width=\"1800\" height=\"1012\" data-wp-class--hide=\"state.isContentHidden\" data-wp-class--show=\"state.isContentVisible\" data-wp-init=\"callbacks.setButtonStyles\" data-wp-on--click=\"actions.showLightbox\" data-wp-on--load=\"callbacks.setButtonStyles\" data-wp-on--pointerdown=\"actions.preloadImage\" data-wp-on--pointerenter=\"actions.preloadImageWithDelay\" data-wp-on--pointerleave=\"actions.cancelPreload\" data-wp-on-window--resize=\"callbacks.setButtonStyles\" src=\"https:\/\/loudavymkrokem.cz\/wp-content\/uploads\/2026\/09\/nemecko-clanky-termaly-nemecko-20-018a6875.jpg\" alt=\"A Sibyllenbad term\u00e1lkomplexum Neualbenreuthban fel\u00fclr\u0151l\" class=\"wp-image-415309\" title=\"\" srcset=\"https:\/\/loudavymkrokem.cz\/wp-content\/uploads\/2026\/09\/nemecko-clanky-termaly-nemecko-20-018a6875.jpg 1800w, https:\/\/loudavymkrokem.cz\/wp-content\/uploads\/2026\/09\/nemecko-clanky-termaly-nemecko-20-018a6875-300x169.jpg 300w, https:\/\/loudavymkrokem.cz\/wp-content\/uploads\/2026\/09\/nemecko-clanky-termaly-nemecko-20-018a6875-700x394.jpg 700w, https:\/\/loudavymkrokem.cz\/wp-content\/uploads\/2026\/09\/nemecko-clanky-termaly-nemecko-20-018a6875-768x432.jpg 768w, https:\/\/loudavymkrokem.cz\/wp-content\/uploads\/2026\/09\/nemecko-clanky-termaly-nemecko-20-018a6875-1536x864.jpg 1536w, https:\/\/loudavymkrokem.cz\/wp-content\/uploads\/2026\/09\/nemecko-clanky-termaly-nemecko-20-018a6875-696x391.jpg 696w, https:\/\/loudavymkrokem.cz\/wp-content\/uploads\/2026\/09\/nemecko-clanky-termaly-nemecko-20-018a6875-1392x783.jpg 1392w\" sizes=\"(max-width: 1800px) 100vw, 1800px\" \/><button\n\t\t\tclass=\"lightbox-trigger\"\n\t\t\ttype=\"button\"\n\t\t\taria-haspopup=\"dialog\"\n\t\t\tdata-wp-bind--aria-label=\"state.thisImage.triggerButtonAriaLabel\"\n\t\t\tdata-wp-init=\"callbacks.initTriggerButton\"\n\t\t\tdata-wp-on--click=\"actions.showLightbox\"\n\t\t\tdata-wp-style--right=\"state.thisImage.buttonRight\"\n\t\t\tdata-wp-style--top=\"state.thisImage.buttonTop\"\n\t\t>\n\t\t\t<svg xmlns=\"http:\/\/www.w3.org\/2000\/svg\" width=\"12\" height=\"12\" fill=\"none\" viewBox=\"0 0 12 12\">\n\t\t\t\t<path fill=\"#fff\" d=\"M2 0a2 2 0 0 0-2 2v2h1.5V2a.5.5 0 0 1 .5-.5h2V0H2Zm2 10.5H2a.5.5 0 0 1-.5-.5V8H0v2a2 2 0 0 0 2 2h2v-1.5ZM8 12v-1.5h2a.5.5 0 0 0 .5-.5V8H12v2a2 2 0 0 1-2 2H8Zm2-12a2 2 0 0 1 2 2v2h-1.5V2a.5.5 0 0 0-.5-.5H8V0h2Z\" \/>\n\t\t\t<\/svg>\n\t\t<\/button><\/figure>\n\n\n\n<h3 class=\"wp-block-heading\"><span class=\"ez-toc-section\" id=\"15_Sibyllenbad_Neualbenreuth\"><\/span>15. Sibyllenbad (Neualbenreuth)<span class=\"ez-toc-section-end\"><\/span><\/h3>\n\n\n\n<p class=\"wp-block-paragraph\">Ez a komplexum sz\u00f3 szerint egy karny\u00fajt\u00e1snyira fekszik a cseh hat\u00e1rt\u00f3l, f\u0151 vonzereje pedig a gy\u00f3gyhat\u00e1s\u00fa <strong>sz\u00e9nsavas-\u00e1sv\u00e1nyv\u00edz a Sibyllenquelle forr\u00e1sb\u00f3l<\/strong>. Az itteni gy\u00f3gyv\u00edz remek 34\u201336 \u00b0C-ra meleg\u00edt fel, \u00e9s \u00e9lvezheted a hatty\u00fanyak form\u00e1j\u00fa sz\u00e1mos v\u00edzk\u00f6p\u0151 alatt, vagy megmassz\u00edroztathatod magad a padl\u00f3b\u00f3l felt\u00f6r\u0151 bubor\u00e9kokkal.<\/p>\n\n\n\n<p class=\"wp-block-paragraph\">A komplexum nagyon \u00edzl\u00e9sesen van kialak\u00edtva, \u00e9s a k\u00f6zels\u00e9ge miatt igen n\u00e9pszer\u0171, b\u00e1r nem tartozik a legnagyobb gigantok k\u00f6z\u00e9. A 2026-os \u00e1rlista szerint k\u00e9t \u00f3r\u00e1\u00e9rt a medencer\u00e9szben <strong>9 EUR-t<\/strong> fizetsz, h\u00e1rom \u00f3ra 12 EUR-ba ker\u00fcl, egy eg\u00e9sznapos jegyet pedig 19 EUR-\u00e9rt szerezhetsz be. Ha a medenc\u00e9ket r\u00f6gt\u00f6n a szaunavil\u00e1ggal is \u00f6ssze szeretn\u00e9d k\u00f6tni, egy eg\u00e9sznapos bel\u00e9p\u0151 29 EUR-ba ker\u00fcl.<\/p>\n\n\n\n<p class=\"wp-block-paragraph\">J\u00faniust\u00f3l augusztusig r\u00e1ad\u00e1sul speci\u00e1lis esti bel\u00e9p\u0151t k\u00edn\u00e1lnak a szaun\u00e1ba. 17 \u00f3r\u00e1t\u00f3l \u00e9rv\u00e9nyes, \u00e9s szimpatikus 15 EUR-ba ker\u00fcl. Ez ide\u00e1lis \u00e9s megfizethet\u0151 v\u00e1ltozat a test nyugodt \u00e1tmeleg\u00edt\u00e9s\u00e9re egy f\u00e1raszt\u00f3 munkanap ut\u00e1n. <strong>\ud83d\udca1 Tipp:<\/strong> Ha kir\u00e1ndul\u00e1st tervezel a k\u00f6rny\u00e9kre, haszn\u00e1ld \u00e9pp ezt a ny\u00e1ri esti tarifot, ez\u00e9rt az \u00e1r\u00e9rt ez tal\u00e1n a legjobb relax a k\u00f6rny\u00e9ken.<\/p>\n\n\n\n<figure data-wp-context=\"{&quot;imageId&quot;:&quot;6a9c16a63d235&quot;}\" data-wp-interactive=\"core\/image\" data-wp-key=\"6a9c16a63d235\" class=\"wp-block-image size-full wp-lightbox-container\"><img decoding=\"async\" width=\"1800\" height=\"1200\" data-wp-class--hide=\"state.isContentHidden\" data-wp-class--show=\"state.isContentVisible\" data-wp-init=\"callbacks.setButtonStyles\" data-wp-on--click=\"actions.showLightbox\" data-wp-on--load=\"callbacks.setButtonStyles\" data-wp-on--pointerdown=\"actions.preloadImage\" data-wp-on--pointerenter=\"actions.preloadImageWithDelay\" data-wp-on--pointerleave=\"actions.cancelPreload\" data-wp-on-window--resize=\"callbacks.setButtonStyles\" src=\"https:\/\/loudavymkrokem.cz\/wp-content\/uploads\/2026\/09\/nemecko-clanky-termaly-nemecko-21-f3489141.jpg\" alt=\"A t\u00f6rt\u00e9nelmi Friedrichsbad d\u00edszes homlokzata Baden-Badenban\" class=\"wp-image-415310\" title=\"\" srcset=\"https:\/\/loudavymkrokem.cz\/wp-content\/uploads\/2026\/09\/nemecko-clanky-termaly-nemecko-21-f3489141.jpg 1800w, https:\/\/loudavymkrokem.cz\/wp-content\/uploads\/2026\/09\/nemecko-clanky-termaly-nemecko-21-f3489141-300x200.jpg 300w, https:\/\/loudavymkrokem.cz\/wp-content\/uploads\/2026\/09\/nemecko-clanky-termaly-nemecko-21-f3489141-700x467.jpg 700w, https:\/\/loudavymkrokem.cz\/wp-content\/uploads\/2026\/09\/nemecko-clanky-termaly-nemecko-21-f3489141-768x512.jpg 768w, https:\/\/loudavymkrokem.cz\/wp-content\/uploads\/2026\/09\/nemecko-clanky-termaly-nemecko-21-f3489141-1536x1024.jpg 1536w, https:\/\/loudavymkrokem.cz\/wp-content\/uploads\/2026\/09\/nemecko-clanky-termaly-nemecko-21-f3489141-696x464.jpg 696w, https:\/\/loudavymkrokem.cz\/wp-content\/uploads\/2026\/09\/nemecko-clanky-termaly-nemecko-21-f3489141-1392x928.jpg 1392w\" sizes=\"(max-width: 1800px) 100vw, 1800px\" \/><button\n\t\t\tclass=\"lightbox-trigger\"\n\t\t\ttype=\"button\"\n\t\t\taria-haspopup=\"dialog\"\n\t\t\tdata-wp-bind--aria-label=\"state.thisImage.triggerButtonAriaLabel\"\n\t\t\tdata-wp-init=\"callbacks.initTriggerButton\"\n\t\t\tdata-wp-on--click=\"actions.showLightbox\"\n\t\t\tdata-wp-style--right=\"state.thisImage.buttonRight\"\n\t\t\tdata-wp-style--top=\"state.thisImage.buttonTop\"\n\t\t>\n\t\t\t<svg xmlns=\"http:\/\/www.w3.org\/2000\/svg\" width=\"12\" height=\"12\" fill=\"none\" viewBox=\"0 0 12 12\">\n\t\t\t\t<path fill=\"#fff\" d=\"M2 0a2 2 0 0 0-2 2v2h1.5V2a.5.5 0 0 1 .5-.5h2V0H2Zm2 10.5H2a.5.5 0 0 1-.5-.5V8H0v2a2 2 0 0 0 2 2h2v-1.5ZM8 12v-1.5h2a.5.5 0 0 0 .5-.5V8H12v2a2 2 0 0 1-2 2H8Zm2-12a2 2 0 0 1 2 2v2h-1.5V2a.5.5 0 0 0-.5-.5H8V0h2Z\" \/>\n\t\t\t<\/svg>\n\t\t<\/button><figcaption class=\"wp-element-caption\">Fot\u00f3: A.Savin \/ Wikimedia Commons, CC BY-SA 3.0<\/figcaption><\/figure>\n\n\n\n<h2 class=\"wp-block-heading\"><span class=\"ez-toc-section\" id=\"Termalfurdok_Baden-Wurttembergben\"><\/span>Term\u00e1lf\u00fcrd\u0151k Baden-W\u00fcrttembergben<span class=\"ez-toc-section-end\"><\/span><\/h2>\n\n\n\n<p class=\"wp-block-paragraph\">Baden-W\u00fcrttemberg teljesen klasszikus, ha az igazi <strong>hagyom\u00e1nyos f\u00fcrd\u0151kult\u00far\u00e1t<\/strong> keresed. \u00c9pp itt tal\u00e1lhat\u00f3 a h\u00edres Baden-Baden, \u00e9s val\u00f3sz\u00edn\u0171leg a \u201eBad\u201d el\u0151taggal rendelkez\u0151 v\u00e1rosok legnagyobb koncentr\u00e1ci\u00f3ja eg\u00e9sz N\u00e9metorsz\u00e1gb\u00f3l. Hidd el, \u00e1sv\u00e1nyforr\u00e1sokban itt t\u00e9nyleg nincs hi\u00e1ny, \u00e9s megtal\u00e1lja a sz\u00e1m\u00edt\u00e1s\u00e1t a t\u00f6rt\u00e9nelem \u00e9s a modern relax\u00e1ci\u00f3 szerelmese egyar\u00e1nt.<\/p>\n\n\n\n<p class=\"wp-block-paragraph\">A t\u00f6rt\u00e9nelmi f\u00fcrd\u0151k\u00f6n k\u00edv\u00fcl azonban ez a tartom\u00e1ny egy unikummal is b\u00fcszk\u00e9lkedik. K\u00e9t hatalmas tr\u00f3pusi term\u00e1l \u00e1ll ugyanis itt, amelyeket a h\u00edres vizion\u00e1rius, Josef Wund \u00e9p\u00edtett. Ha teh\u00e1t egzotik\u00e1ra v\u00e1gysz \u00fcvegtet\u0151 alatt, sok mindenre sz\u00e1m\u00edthatsz.<\/p>\n\n\n\n<figure data-wp-context=\"{&quot;imageId&quot;:&quot;6a9c16a63da02&quot;}\" data-wp-interactive=\"core\/image\" data-wp-key=\"6a9c16a63da02\" class=\"wp-block-image size-full wp-lightbox-container\"><img decoding=\"async\" width=\"1800\" height=\"1201\" data-wp-class--hide=\"state.isContentHidden\" data-wp-class--show=\"state.isContentVisible\" data-wp-init=\"callbacks.setButtonStyles\" data-wp-on--click=\"actions.showLightbox\" data-wp-on--load=\"callbacks.setButtonStyles\" data-wp-on--pointerdown=\"actions.preloadImage\" data-wp-on--pointerenter=\"actions.preloadImageWithDelay\" data-wp-on--pointerleave=\"actions.cancelPreload\" data-wp-on-window--resize=\"callbacks.setButtonStyles\" src=\"https:\/\/loudavymkrokem.cz\/wp-content\/uploads\/2026\/09\/nemecko-clanky-termaly-nemecko-22-938982ac.jpg\" alt=\"Thermen &#038; Badewelt Sinsheim (Sinsheim): medence a panor\u00e1m\u00e1s tet\u0151 alatt\" class=\"wp-image-415311\" title=\"\" srcset=\"https:\/\/loudavymkrokem.cz\/wp-content\/uploads\/2026\/09\/nemecko-clanky-termaly-nemecko-22-938982ac.jpg 1800w, https:\/\/loudavymkrokem.cz\/wp-content\/uploads\/2026\/09\/nemecko-clanky-termaly-nemecko-22-938982ac-300x200.jpg 300w, https:\/\/loudavymkrokem.cz\/wp-content\/uploads\/2026\/09\/nemecko-clanky-termaly-nemecko-22-938982ac-700x467.jpg 700w, https:\/\/loudavymkrokem.cz\/wp-content\/uploads\/2026\/09\/nemecko-clanky-termaly-nemecko-22-938982ac-768x512.jpg 768w, https:\/\/loudavymkrokem.cz\/wp-content\/uploads\/2026\/09\/nemecko-clanky-termaly-nemecko-22-938982ac-1536x1025.jpg 1536w, https:\/\/loudavymkrokem.cz\/wp-content\/uploads\/2026\/09\/nemecko-clanky-termaly-nemecko-22-938982ac-696x464.jpg 696w, https:\/\/loudavymkrokem.cz\/wp-content\/uploads\/2026\/09\/nemecko-clanky-termaly-nemecko-22-938982ac-1392x929.jpg 1392w\" sizes=\"(max-width: 1800px) 100vw, 1800px\" \/><button\n\t\t\tclass=\"lightbox-trigger\"\n\t\t\ttype=\"button\"\n\t\t\taria-haspopup=\"dialog\"\n\t\t\tdata-wp-bind--aria-label=\"state.thisImage.triggerButtonAriaLabel\"\n\t\t\tdata-wp-init=\"callbacks.initTriggerButton\"\n\t\t\tdata-wp-on--click=\"actions.showLightbox\"\n\t\t\tdata-wp-style--right=\"state.thisImage.buttonRight\"\n\t\t\tdata-wp-style--top=\"state.thisImage.buttonTop\"\n\t\t>\n\t\t\t<svg xmlns=\"http:\/\/www.w3.org\/2000\/svg\" width=\"12\" height=\"12\" fill=\"none\" viewBox=\"0 0 12 12\">\n\t\t\t\t<path fill=\"#fff\" d=\"M2 0a2 2 0 0 0-2 2v2h1.5V2a.5.5 0 0 1 .5-.5h2V0H2Zm2 10.5H2a.5.5 0 0 1-.5-.5V8H0v2a2 2 0 0 0 2 2h2v-1.5ZM8 12v-1.5h2a.5.5 0 0 0 .5-.5V8H12v2a2 2 0 0 1-2 2H8Zm2-12a2 2 0 0 1 2 2v2h-1.5V2a.5.5 0 0 0-.5-.5H8V0h2Z\" \/>\n\t\t\t<\/svg>\n\t\t<\/button><\/figure>\n\n\n\n<h3 class=\"wp-block-heading\"><span class=\"ez-toc-section\" id=\"16_Thermen_Badewelt_Sinsheim_Sinsheim\"><\/span>16. Thermen &#038; Badewelt Sinsheim (Sinsheim)<span class=\"ez-toc-section-end\"><\/span><\/h3>\n\n\n\n<p class=\"wp-block-paragraph\">Ez a hatalmas komplexum Sinsheim v\u00e1ros\u00e1ban Josef Wund h\u00edres f\u00fcrd\u0151csal\u00e1dj\u00e1hoz tartozik, \u00e9s bent \u00fagy n\u00e9z ki, mint egy t\u00f6k\u00e9letes egzotikus paradicsomban. A f\u0151 vonzer\u0151 az <strong>impoz\u00e1ns Palmenparadies<\/strong>, ahol t\u00f6bb mint 400 \u00e9l\u0151 tr\u00f3pusi p\u00e1lma \u00e9s t\u00f6bb mint ezer gy\u00f6ny\u00f6r\u0171 orchidea n\u0151. Az \u00e9lm\u00e9ny t\u00e9nyleg rendk\u00edv\u00fcli, f\u0151leg amikor kint zord az id\u0151, te pedig f\u00fcrd\u0151ruh\u00e1ban s\u00e9t\u00e1lsz a p\u00e1lm\u00e1k k\u00f6z\u00f6tt.<\/p>\n\n\n\n<p class=\"wp-block-paragraph\">A v\u00edzh\u0151m\u00e9rs\u00e9kletek biztosan \u00f6r\u00f6m\u00f6t szereznek, mert a lag\u00fan\u00e1kban 34 \u00b0C-ban melegedhetsz fel, a Quellen der Gesundheit medence pedig <strong>kellemes 36 \u00b0C<\/strong>-ot k\u00edn\u00e1l. \u00daszhatsz a 25 m\u00e9teres, 26 \u00b0C-os sportmedenc\u00e9ben, m\u00edg a tanmedence 32 \u00b0C-os. A leh\u0171l\u00e9shez egy 16 \u00b0C-os mer\u00fcl\u0151medence szolg\u00e1l. A Vitaltherme &#038; Sauna z\u00f3na 13 k\u00fcl\u00f6nb\u00f6z\u0151 szaun\u00e1t rejt, amelyek k\u00f6z\u00f6tt nem hi\u00e1nyzik egy haj\u00f3n l\u00e9v\u0151 speci\u00e1lis szauna sem. A t\u00fcrkizviz\u0171 lag\u00fan\u00e1ban r\u00e1ad\u00e1sul egzotikus kokt\u00e9lt \u00e9lvezhetsz egyenesen a poolbarb\u00f3l.<\/p>\n\n\n\n<p class=\"wp-block-paragraph\">A f\u00fcrd\u0151 <strong>kiz\u00e1r\u00f3lag 16 \u00e9ves kort\u00f3l<\/strong> l\u00e1togathat\u00f3, \u00fagyhogy gyerekekkel ne tervezz ide utat. Az aktu\u00e1lis bel\u00e9p\u0151t utaz\u00e1s el\u0151tt ellen\u0151rizd le a weboldalon, mert napszakt\u00f3l \u00e9s a tart\u00f3zkod\u00e1s hossz\u00e1t\u00f3l f\u00fcgg\u0151en v\u00e1ltozik. Ha t\u00f6bbsz\u00f6r k\u00e9sz\u00fclsz ide, meg\u00e9ri az el\u0151re fizetett \u00e9rt\u00e9kk\u00e1rtya: 150 eur\u00f3s kredit\u00e9rt 142,50 eur\u00f3t fizetsz, teh\u00e1t 5% kedvezm\u00e9nnyel. <strong>\ud83d\udca1 Tipp:<\/strong> Ha otthon felejted a felszerel\u00e9st, a k\u00f6nt\u00f6sk\u00f6lcs\u00f6nz\u00e9s 9 eur\u00f3 (plusz 40 eur\u00f3 kauci\u00f3), a t\u00f6r\u00f6lk\u00f6z\u0151 pedig 6 eur\u00f3 (20 eur\u00f3 kauci\u00f3).<\/p>\n\n\n\n<figure data-wp-context=\"{&quot;imageId&quot;:&quot;6a9c16a63df1d&quot;}\" data-wp-interactive=\"core\/image\" data-wp-key=\"6a9c16a63df1d\" class=\"wp-block-image size-full wp-lightbox-container\"><img decoding=\"async\" width=\"1800\" height=\"1200\" data-wp-class--hide=\"state.isContentHidden\" data-wp-class--show=\"state.isContentVisible\" data-wp-init=\"callbacks.setButtonStyles\" data-wp-on--click=\"actions.showLightbox\" data-wp-on--load=\"callbacks.setButtonStyles\" data-wp-on--pointerdown=\"actions.preloadImage\" data-wp-on--pointerenter=\"actions.preloadImageWithDelay\" data-wp-on--pointerleave=\"actions.cancelPreload\" data-wp-on-window--resize=\"callbacks.setButtonStyles\" src=\"https:\/\/loudavymkrokem.cz\/wp-content\/uploads\/2026\/09\/nemecko-clanky-termaly-nemecko-23-69c5fa9a.jpg\" alt=\"A Mineraltherme \u00e9p\u00fclete B\u00f6blingenben\" class=\"wp-image-415485\" title=\"\" srcset=\"https:\/\/loudavymkrokem.cz\/wp-content\/uploads\/2026\/09\/nemecko-clanky-termaly-nemecko-23-69c5fa9a.jpg 1800w, https:\/\/loudavymkrokem.cz\/wp-content\/uploads\/2026\/09\/nemecko-clanky-termaly-nemecko-23-69c5fa9a-300x200.jpg 300w, https:\/\/loudavymkrokem.cz\/wp-content\/uploads\/2026\/09\/nemecko-clanky-termaly-nemecko-23-69c5fa9a-700x467.jpg 700w, https:\/\/loudavymkrokem.cz\/wp-content\/uploads\/2026\/09\/nemecko-clanky-termaly-nemecko-23-69c5fa9a-768x512.jpg 768w, https:\/\/loudavymkrokem.cz\/wp-content\/uploads\/2026\/09\/nemecko-clanky-termaly-nemecko-23-69c5fa9a-1536x1024.jpg 1536w, https:\/\/loudavymkrokem.cz\/wp-content\/uploads\/2026\/09\/nemecko-clanky-termaly-nemecko-23-69c5fa9a-696x464.jpg 696w, https:\/\/loudavymkrokem.cz\/wp-content\/uploads\/2026\/09\/nemecko-clanky-termaly-nemecko-23-69c5fa9a-1392x928.jpg 1392w\" sizes=\"(max-width: 1800px) 100vw, 1800px\" \/><button\n\t\t\tclass=\"lightbox-trigger\"\n\t\t\ttype=\"button\"\n\t\t\taria-haspopup=\"dialog\"\n\t\t\tdata-wp-bind--aria-label=\"state.thisImage.triggerButtonAriaLabel\"\n\t\t\tdata-wp-init=\"callbacks.initTriggerButton\"\n\t\t\tdata-wp-on--click=\"actions.showLightbox\"\n\t\t\tdata-wp-style--right=\"state.thisImage.buttonRight\"\n\t\t\tdata-wp-style--top=\"state.thisImage.buttonTop\"\n\t\t>\n\t\t\t<svg xmlns=\"http:\/\/www.w3.org\/2000\/svg\" width=\"12\" height=\"12\" fill=\"none\" viewBox=\"0 0 12 12\">\n\t\t\t\t<path fill=\"#fff\" d=\"M2 0a2 2 0 0 0-2 2v2h1.5V2a.5.5 0 0 1 .5-.5h2V0H2Zm2 10.5H2a.5.5 0 0 1-.5-.5V8H0v2a2 2 0 0 0 2 2h2v-1.5ZM8 12v-1.5h2a.5.5 0 0 0 .5-.5V8H12v2a2 2 0 0 1-2 2H8Zm2-12a2 2 0 0 1 2 2v2h-1.5V2a.5.5 0 0 0-.5-.5H8V0h2Z\" \/>\n\t\t\t<\/svg>\n\t\t<\/button><figcaption class=\"wp-element-caption\">Fot\u00f3: Giftzwerg 88 \/ Wikimedia Commons, CC BY-SA 3.0<\/figcaption><\/figure>\n\n\n\n<h3 class=\"wp-block-heading\"><span class=\"ez-toc-section\" id=\"17_Mineraltherme_Boblingen_Boblingen\"><\/span>17. Mineraltherme B\u00f6blingen (B\u00f6blingen)<span class=\"ez-toc-section-end\"><\/span><\/h3>\n\n\n\n<p class=\"wp-block-paragraph\">A b\u00f6blingeni f\u00fcrd\u0151ben egy szaunavil\u00e1g v\u00e1r r\u00e1d, amely <strong>b\u0151kez\u0171 3300 n\u00e9gyzetm\u00e9tert foglal el<\/strong>. \u00d6t k\u00fcl\u00f6nb\u00f6z\u0151 relax\u00e1ci\u00f3s medenc\u00e9ben f\u00fcrdesz majd, ahol a v\u00edz h\u0151m\u00e9rs\u00e9klete a nagyon kellemes 31-t\u0151l 36 \u00b0C-ig terjed. Ez a komplexum mindenkinek j\u00f3, aki menek\u00fclni szeretne a h\u00e9tk\u00f6znapi gondokt\u00f3l, \u00e9s szereti a min\u0151s\u00e9gi wellness h\u00e1tteret a v\u00e1ros k\u00f6zep\u00e9n.<\/p>\n\n\n\n<p class=\"wp-block-paragraph\">A szaun\u00e1z\u00f3k igaz\u00e1n megtal\u00e1lj\u00e1k itt a sz\u00e1m\u00edt\u00e1sukat, mert a t\u00e1gas komplexum k\u00edn\u00e1l klasszikus finn szaun\u00e1t, illatos gy\u00f3gyn\u00f6v\u00e9nyes izzaszt\u00f3t, enyh\u00e9bb softszaun\u00e1t, speci\u00e1lis SinnBadot \u00e9s hagyom\u00e1nyos r\u00f3mai g\u0151zf\u00fcrd\u0151ket. A l\u00e1togat\u00f3knak minden nap 9-t\u0151l 22 \u00f3r\u00e1ig van nyitva. Ha szereted a hossz\u00fa esti f\u00fcrd\u0151z\u00e9st, gyere ide minden h\u00f3nap els\u0151 p\u00e9ntek\u00e9n, amikor <strong>\u00e9jf\u00e9lig relax\u00e1lhatsz<\/strong>. Az 5 \u00e9v alatti gyerekek bel\u00e9p\u00e9se teljesen tilos, a 16 \u00e9v alatti fiataloknak pedig feln\u0151tt k\u00eds\u00e9ret kell.<\/p>\n\n\n\n<p class=\"wp-block-paragraph\">A 2026-os \u00e1rlista szerint egy h\u00e1rom\u00f3r\u00e1s bel\u00e9p\u0151 a term\u00e1lokba \u00e9s a Classic-Saun\u00e1ba <strong>17,50 eur\u00f3 h\u00e9tk\u00f6znap<\/strong> \u00e9s 19 eur\u00f3 h\u00e9tv\u00e9g\u00e9n. A 4 \u00f3r\u00e1s jegy a Saunagarten z\u00f3n\u00e1val egy\u00fctt 26,50 eur\u00f3, illetve 28 eur\u00f3. Egy eg\u00e9sznapos jegy mindk\u00e9t szaunaz\u00f3n\u00e1ba 33,50 eur\u00f3ba ker\u00fcl h\u00e9t k\u00f6zben. A csal\u00e1di tarif k\u00e9t feln\u0151ttre \u00e9s k\u00e9t gyerekre (5\u201316 \u00e9v) h\u00e1rom \u00f3r\u00e1ra 50 eur\u00f3. <strong>\ud83d\udca1 Tipp:<\/strong> Minden a komplexumban massz\u00e1zsra elk\u00f6lt\u00f6tt eur\u00f3\u00e9rt egy perc id\u0151kreditet kapsz plusz. A sz\u00fclet\u00e9snaposok igazolv\u00e1ny bemutat\u00e1s\u00e1val 50% kedvezm\u00e9nyt kapnak a bel\u00e9p\u0151re.<\/p>\n\n\n\n<figure data-wp-context=\"{&quot;imageId&quot;:&quot;6a9c16a63e56b&quot;}\" data-wp-interactive=\"core\/image\" data-wp-key=\"6a9c16a63e56b\" class=\"wp-block-image size-full wp-lightbox-container\"><img decoding=\"async\" width=\"1800\" height=\"1350\" data-wp-class--hide=\"state.isContentHidden\" data-wp-class--show=\"state.isContentVisible\" data-wp-init=\"callbacks.setButtonStyles\" data-wp-on--click=\"actions.showLightbox\" data-wp-on--load=\"callbacks.setButtonStyles\" data-wp-on--pointerdown=\"actions.preloadImage\" data-wp-on--pointerenter=\"actions.preloadImageWithDelay\" data-wp-on--pointerleave=\"actions.cancelPreload\" data-wp-on-window--resize=\"callbacks.setButtonStyles\" src=\"https:\/\/loudavymkrokem.cz\/wp-content\/uploads\/2026\/09\/nemecko-clanky-termaly-nemecko-24-fb363786-1.jpg\" alt=\"Panorama Therme Beuren (Beuren)\" class=\"wp-image-415315\" title=\"\" srcset=\"https:\/\/loudavymkrokem.cz\/wp-content\/uploads\/2026\/09\/nemecko-clanky-termaly-nemecko-24-fb363786-1.jpg 1800w, https:\/\/loudavymkrokem.cz\/wp-content\/uploads\/2026\/09\/nemecko-clanky-termaly-nemecko-24-fb363786-1-300x225.jpg 300w, https:\/\/loudavymkrokem.cz\/wp-content\/uploads\/2026\/09\/nemecko-clanky-termaly-nemecko-24-fb363786-1-700x525.jpg 700w, https:\/\/loudavymkrokem.cz\/wp-content\/uploads\/2026\/09\/nemecko-clanky-termaly-nemecko-24-fb363786-1-768x576.jpg 768w, https:\/\/loudavymkrokem.cz\/wp-content\/uploads\/2026\/09\/nemecko-clanky-termaly-nemecko-24-fb363786-1-1536x1152.jpg 1536w, https:\/\/loudavymkrokem.cz\/wp-content\/uploads\/2026\/09\/nemecko-clanky-termaly-nemecko-24-fb363786-1-80x60.jpg 80w, https:\/\/loudavymkrokem.cz\/wp-content\/uploads\/2026\/09\/nemecko-clanky-termaly-nemecko-24-fb363786-1-160x120.jpg 160w, https:\/\/loudavymkrokem.cz\/wp-content\/uploads\/2026\/09\/nemecko-clanky-termaly-nemecko-24-fb363786-1-696x522.jpg 696w, https:\/\/loudavymkrokem.cz\/wp-content\/uploads\/2026\/09\/nemecko-clanky-termaly-nemecko-24-fb363786-1-1392x1044.jpg 1392w\" sizes=\"(max-width: 1800px) 100vw, 1800px\" \/><button\n\t\t\tclass=\"lightbox-trigger\"\n\t\t\ttype=\"button\"\n\t\t\taria-haspopup=\"dialog\"\n\t\t\tdata-wp-bind--aria-label=\"state.thisImage.triggerButtonAriaLabel\"\n\t\t\tdata-wp-init=\"callbacks.initTriggerButton\"\n\t\t\tdata-wp-on--click=\"actions.showLightbox\"\n\t\t\tdata-wp-style--right=\"state.thisImage.buttonRight\"\n\t\t\tdata-wp-style--top=\"state.thisImage.buttonTop\"\n\t\t>\n\t\t\t<svg xmlns=\"http:\/\/www.w3.org\/2000\/svg\" width=\"12\" height=\"12\" fill=\"none\" viewBox=\"0 0 12 12\">\n\t\t\t\t<path fill=\"#fff\" d=\"M2 0a2 2 0 0 0-2 2v2h1.5V2a.5.5 0 0 1 .5-.5h2V0H2Zm2 10.5H2a.5.5 0 0 1-.5-.5V8H0v2a2 2 0 0 0 2 2h2v-1.5ZM8 12v-1.5h2a.5.5 0 0 0 .5-.5V8H12v2a2 2 0 0 1-2 2H8Zm2-12a2 2 0 0 1 2 2v2h-1.5V2a.5.5 0 0 0-.5-.5H8V0h2Z\" \/>\n\t\t\t<\/svg>\n\t\t<\/button><\/figure>\n\n\n\n<h3 class=\"wp-block-heading\"><span class=\"ez-toc-section\" id=\"18_Panorama_Therme_Beuren_Beuren\"><\/span>18. Panorama Therme Beuren (Beuren)<span class=\"ez-toc-section-end\"><\/span><\/h3>\n\n\n\n<p class=\"wp-block-paragraph\">Ez a term\u00e1lf\u00fcrd\u0151 a fest\u0151i Beuren v\u00e1ros\u00e1ban fekszik, fekv\u00e9se pedig egyed\u00fcl\u00e1ll\u00f3, mert a telep\u00fcl\u00e9s ter\u00fclet\u00e9nek nagy r\u00e9sze <strong>a Schw\u00e4bische Alb bioszf\u00e9ra-rezerv\u00e1tumhoz tartozik<\/strong>. A k\u00f6r\u00fcl\u00f6tte l\u00e9v\u0151 term\u00e9szet teh\u00e1t egyszer\u0171en gy\u00f6ny\u00f6r\u0171, te pedig maxim\u00e1lisan kipihenheted magad annak tudat\u00e1ban, hogy egy v\u00e9dett ter\u00fcleten tart\u00f3zkodsz. A f\u00fcrd\u0151 ennek k\u00f6sz\u00f6nhet\u0151en t\u00f6k\u00e9letesen alkalmas egy akt\u00edv nap lez\u00e1r\u00e1s\u00e1hoz a Sv\u00e1b-Alb hegyen.<\/p>\n\n\n\n<p class=\"wp-block-paragraph\">Rendelkez\u00e9sre \u00e1ll a klasszikus term\u00e1lr\u00e9sz, valamint a nagyon kedvelt g\u0151zf\u00fcrd\u0151k (Dampfb\u00e4der). A k\u00f6rnyezet \u00f6sszess\u00e9g\u00e9ben nyugodtabb, \u00e9s els\u0151sorban a feln\u0151tt l\u00e1togat\u00f3kra \u00f6sszpontos\u00edt, akik igazi pihen\u00e9st keresnek a k\u00f6rnyez\u0151 term\u00e9szetben tett t\u00far\u00e1k ut\u00e1n. A hangulat itt lassabb temp\u00f3ban zajlik, te pedig lelkiismeret-furdal\u00e1s n\u00e9lk\u00fcl \u00e9lvezheted a meleg v\u00edz j\u00f3t\u00e9kony hat\u00e1sait.<\/p>\n\n\n\n<p class=\"wp-block-paragraph\">A 2026-os \u00e1rlista szerint egy bel\u00e9p\u0151 a g\u0151zf\u00fcrd\u0151kbe 2,5 \u00f3r\u00e1ra <strong>17,50 eur\u00f3 h\u00e9tk\u00f6znap<\/strong>, h\u00e9tv\u00e9g\u00e9n \u00e9s \u00fcnnepnapokon 1,50 eur\u00f3t fizetsz r\u00e1. A s\u00falyos fogyat\u00e9kkal \u00e9l\u0151k enyhe kedvezm\u00e9nyt kapnak, \u00e9s 16,50 eur\u00f3t fizetnek. A term\u00e1lok \u00e9s a g\u0151z kombin\u00e1ci\u00f3ja 3 \u00f3r\u00e1ra 25,50 eur\u00f3 h\u00e9t k\u00f6zben \u00e9s 27 eur\u00f3 h\u00e9tv\u00e9g\u00e9n. <strong>\ud83d\udca1 Tipp:<\/strong> Ha otthon r\u00e9gebbi, vonalk\u00f3dos parkol\u00f3jegy form\u00e1tum\u00fa bel\u00e9p\u0151id vannak, m\u00e9g mindig felhaszn\u00e1lhatod \u0151ket, de 3\u20133,50 eur\u00f3t fizetsz r\u00e1. A nagyon r\u00e9gi, m\u00e1gnescs\u00edkos jegyekn\u00e9l a fel\u00e1r 5\u20135,50 eur\u00f3.<\/p>\n\n\n\n<figure data-wp-context=\"{&quot;imageId&quot;:&quot;6a9c16a63ea49&quot;}\" data-wp-interactive=\"core\/image\" data-wp-key=\"6a9c16a63ea49\" class=\"wp-block-image size-full wp-lightbox-container\"><img decoding=\"async\" width=\"1800\" height=\"1200\" data-wp-class--hide=\"state.isContentHidden\" data-wp-class--show=\"state.isContentVisible\" data-wp-init=\"callbacks.setButtonStyles\" data-wp-on--click=\"actions.showLightbox\" data-wp-on--load=\"callbacks.setButtonStyles\" data-wp-on--pointerdown=\"actions.preloadImage\" data-wp-on--pointerenter=\"actions.preloadImageWithDelay\" data-wp-on--pointerleave=\"actions.cancelPreload\" data-wp-on-window--resize=\"callbacks.setButtonStyles\" src=\"https:\/\/loudavymkrokem.cz\/wp-content\/uploads\/2026\/09\/nemecko-clanky-termaly-nemecko-25-92e2b50c.jpg\" alt=\"Bodensee-Therme Konstanz \u00e9tteremmel a Bodeni-t\u00f3 partja f\u00f6l\u00f6tt\" class=\"wp-image-415489\" title=\"\" srcset=\"https:\/\/loudavymkrokem.cz\/wp-content\/uploads\/2026\/09\/nemecko-clanky-termaly-nemecko-25-92e2b50c.jpg 1800w, https:\/\/loudavymkrokem.cz\/wp-content\/uploads\/2026\/09\/nemecko-clanky-termaly-nemecko-25-92e2b50c-300x200.jpg 300w, https:\/\/loudavymkrokem.cz\/wp-content\/uploads\/2026\/09\/nemecko-clanky-termaly-nemecko-25-92e2b50c-700x467.jpg 700w, https:\/\/loudavymkrokem.cz\/wp-content\/uploads\/2026\/09\/nemecko-clanky-termaly-nemecko-25-92e2b50c-768x512.jpg 768w, https:\/\/loudavymkrokem.cz\/wp-content\/uploads\/2026\/09\/nemecko-clanky-termaly-nemecko-25-92e2b50c-1536x1024.jpg 1536w, https:\/\/loudavymkrokem.cz\/wp-content\/uploads\/2026\/09\/nemecko-clanky-termaly-nemecko-25-92e2b50c-696x464.jpg 696w, https:\/\/loudavymkrokem.cz\/wp-content\/uploads\/2026\/09\/nemecko-clanky-termaly-nemecko-25-92e2b50c-1392x928.jpg 1392w\" sizes=\"(max-width: 1800px) 100vw, 1800px\" \/><button\n\t\t\tclass=\"lightbox-trigger\"\n\t\t\ttype=\"button\"\n\t\t\taria-haspopup=\"dialog\"\n\t\t\tdata-wp-bind--aria-label=\"state.thisImage.triggerButtonAriaLabel\"\n\t\t\tdata-wp-init=\"callbacks.initTriggerButton\"\n\t\t\tdata-wp-on--click=\"actions.showLightbox\"\n\t\t\tdata-wp-style--right=\"state.thisImage.buttonRight\"\n\t\t\tdata-wp-style--top=\"state.thisImage.buttonTop\"\n\t\t>\n\t\t\t<svg xmlns=\"http:\/\/www.w3.org\/2000\/svg\" width=\"12\" height=\"12\" fill=\"none\" viewBox=\"0 0 12 12\">\n\t\t\t\t<path fill=\"#fff\" d=\"M2 0a2 2 0 0 0-2 2v2h1.5V2a.5.5 0 0 1 .5-.5h2V0H2Zm2 10.5H2a.5.5 0 0 1-.5-.5V8H0v2a2 2 0 0 0 2 2h2v-1.5ZM8 12v-1.5h2a.5.5 0 0 0 .5-.5V8H12v2a2 2 0 0 1-2 2H8Zm2-12a2 2 0 0 1 2 2v2h-1.5V2a.5.5 0 0 0-.5-.5H8V0h2Z\" \/>\n\t\t\t<\/svg>\n\t\t<\/button><figcaption class=\"wp-element-caption\">Fot\u00f3: Rizzo \/ Wikimedia Commons, CC BY-SA 3.0<\/figcaption><\/figure>\n\n\n\n<h3 class=\"wp-block-heading\"><span class=\"ez-toc-section\" id=\"19_Bodensee-Therme_Konstanz_Konstanz\"><\/span>19. Bodensee-Therme Konstanz (Konstanz)<span class=\"ez-toc-section-end\"><\/span><\/h3>\n\n\n\n<p class=\"wp-block-paragraph\">Itt <strong>k\u00f6zvetlen\u00fcl a h\u00edres Bodeni-t\u00f3 partj\u00e1n<\/strong> f\u00fcrdesz majd Konstanz v\u00e1ros\u00e1ban. Az eg\u00e9sz komplexum okosan n\u00e9gy f\u0151 r\u00e9szre oszlik, amelyek egy belt\u00e9ri term\u00e1lmedenc\u00e9t, egy k\u00fclt\u00e9ri term\u00e1lmedenc\u00e9t, egy speci\u00e1lis Quelltopfot, valamint egy ny\u00e1ri strandf\u00fcrd\u0151t (Freibad) foglalnak magukban, amelyben nem hi\u00e1nyozhat egy rendes 50 m\u00e9teres \u00fasz\u00f3medence. A medenc\u00e9k \u00e9s a t\u00f3 kombin\u00e1ci\u00f3ja var\u00e1zslatos.<\/p>\n\n\n\n<p class=\"wp-block-paragraph\">Ny\u00e1ron az emberek k\u00f6zvetlen\u00fcl a t\u00f3ban val\u00f3 f\u00fcrd\u0151z\u00e9st \u00e9lvezik, m\u00edg a hidegebb h\u00f3napokban a felmeleg\u00edtett term\u00e1lok cs\u00e1b\u00edtj\u00e1k \u0151ket. A szaunar\u00e9sz naponta 10-t\u0151l 22 \u00f3r\u00e1ig van nyitva, \u00e9s minden kedden <strong>kiz\u00e1r\u00f3lag n\u0151i szaunak\u00e9nt<\/strong> m\u0171k\u00f6dik, ami remek h\u00edr minden mag\u00e1n\u00e9letre v\u00e1gy\u00f3 l\u00e1togat\u00f3nak. A gyerekek a szaun\u00e1ba \u00e9s a Quelltopfba csak 6 \u00e9ves kort\u00f3l mehetnek. A ny\u00e1ri Freibadba az 5 \u00e9v alattiaknak ingyenes a bel\u00e9p\u00e9s, a term\u00e1lokban a 2 \u00e9v alatti gyerekek nem fizetnek.<\/p>\n\n\n\n<p class=\"wp-block-paragraph\">A 2026-os \u00e1rlista szerint 3 \u00f3r\u00e1\u00e9rt a term\u00e1lokban <strong>16,50 eur\u00f3t<\/strong> fizetsz h\u00e9t k\u00f6zben \u00e9s 19 eur\u00f3t h\u00e9tv\u00e9g\u00e9n vagy \u00fcnnepnapokon. Az eg\u00e9sznapos tart\u00f3zkod\u00e1s a medenc\u00e9kben 19,50 eur\u00f3, illetve 22 eur\u00f3. A h\u00e1rom\u00f3r\u00e1s szauna 27,50 eur\u00f3 h\u00e9tk\u00f6znap \u00e9s 30,50 eur\u00f3 h\u00e9tv\u00e9g\u00e9n. <strong>\ud83d\udca1 Tipp:<\/strong> A k\u00fclt\u00e9ri term\u00e1lmedence fel\u00faj\u00edt\u00e1s alatt \u00e1ll, \u00e9s 2026. szeptember 25-ig nem \u00fczemel, \u00fagyhogy a kir\u00e1ndul\u00e1s tervez\u00e9sekor jobb, ha ezzel el\u0151re sz\u00e1molsz.<\/p>\n\n\n\n<figure data-wp-context=\"{&quot;imageId&quot;:&quot;6a9c16a63ef68&quot;}\" data-wp-interactive=\"core\/image\" data-wp-key=\"6a9c16a63ef68\" class=\"wp-block-image size-full wp-lightbox-container\"><img decoding=\"async\" width=\"1800\" height=\"1200\" data-wp-class--hide=\"state.isContentHidden\" data-wp-class--show=\"state.isContentVisible\" data-wp-init=\"callbacks.setButtonStyles\" data-wp-on--click=\"actions.showLightbox\" data-wp-on--load=\"callbacks.setButtonStyles\" data-wp-on--pointerdown=\"actions.preloadImage\" data-wp-on--pointerenter=\"actions.preloadImageWithDelay\" data-wp-on--pointerleave=\"actions.cancelPreload\" data-wp-on-window--resize=\"callbacks.setButtonStyles\" src=\"https:\/\/loudavymkrokem.cz\/wp-content\/uploads\/2026\/09\/nemecko-clanky-termaly-nemecko-26-4ac25752-1.jpg\" alt=\"Adelindis Therme (Bad Buchau): relax\u00e1ci\u00f3s medence\" class=\"wp-image-415319\" title=\"\" srcset=\"https:\/\/loudavymkrokem.cz\/wp-content\/uploads\/2026\/09\/nemecko-clanky-termaly-nemecko-26-4ac25752-1.jpg 1800w, https:\/\/loudavymkrokem.cz\/wp-content\/uploads\/2026\/09\/nemecko-clanky-termaly-nemecko-26-4ac25752-1-300x200.jpg 300w, https:\/\/loudavymkrokem.cz\/wp-content\/uploads\/2026\/09\/nemecko-clanky-termaly-nemecko-26-4ac25752-1-700x467.jpg 700w, https:\/\/loudavymkrokem.cz\/wp-content\/uploads\/2026\/09\/nemecko-clanky-termaly-nemecko-26-4ac25752-1-768x512.jpg 768w, https:\/\/loudavymkrokem.cz\/wp-content\/uploads\/2026\/09\/nemecko-clanky-termaly-nemecko-26-4ac25752-1-1536x1024.jpg 1536w, https:\/\/loudavymkrokem.cz\/wp-content\/uploads\/2026\/09\/nemecko-clanky-termaly-nemecko-26-4ac25752-1-696x464.jpg 696w, https:\/\/loudavymkrokem.cz\/wp-content\/uploads\/2026\/09\/nemecko-clanky-termaly-nemecko-26-4ac25752-1-1392x928.jpg 1392w\" sizes=\"(max-width: 1800px) 100vw, 1800px\" \/><button\n\t\t\tclass=\"lightbox-trigger\"\n\t\t\ttype=\"button\"\n\t\t\taria-haspopup=\"dialog\"\n\t\t\tdata-wp-bind--aria-label=\"state.thisImage.triggerButtonAriaLabel\"\n\t\t\tdata-wp-init=\"callbacks.initTriggerButton\"\n\t\t\tdata-wp-on--click=\"actions.showLightbox\"\n\t\t\tdata-wp-style--right=\"state.thisImage.buttonRight\"\n\t\t\tdata-wp-style--top=\"state.thisImage.buttonTop\"\n\t\t>\n\t\t\t<svg xmlns=\"http:\/\/www.w3.org\/2000\/svg\" width=\"12\" height=\"12\" fill=\"none\" viewBox=\"0 0 12 12\">\n\t\t\t\t<path fill=\"#fff\" d=\"M2 0a2 2 0 0 0-2 2v2h1.5V2a.5.5 0 0 1 .5-.5h2V0H2Zm2 10.5H2a.5.5 0 0 1-.5-.5V8H0v2a2 2 0 0 0 2 2h2v-1.5ZM8 12v-1.5h2a.5.5 0 0 0 .5-.5V8H12v2a2 2 0 0 1-2 2H8Zm2-12a2 2 0 0 1 2 2v2h-1.5V2a.5.5 0 0 0-.5-.5H8V0h2Z\" \/>\n\t\t\t<\/svg>\n\t\t<\/button><\/figure>\n\n\n\n<h3 class=\"wp-block-heading\"><span class=\"ez-toc-section\" id=\"20_Adelindis_Therme_Bad_Buchau\"><\/span>20. Adelindis Therme (Bad Buchau)<span class=\"ez-toc-section-end\"><\/span><\/h3>\n\n\n\n<p class=\"wp-block-paragraph\">Ha szereted az alapos \u00e1tmeleged\u00e9st \u00e9s kedveled a soksz\u00edn\u0171s\u00e9get, a Bad Buchau f\u00fcrd\u0151v\u00e1rosk\u00e1ban sz\u00e1z sz\u00e1zal\u00e9kig el leszel ragadtatva. Az itteni szaunavil\u00e1g ugyanis <strong>r\u00f6gt\u00f6n 7 k\u00fcl\u00f6nb\u00f6z\u0151 szaun\u00e1t k\u00edn\u00e1l<\/strong> elt\u00e9r\u0151 h\u0151m\u00e9rs\u00e9klettel, \u00edgy mindenki megtal\u00e1lja a kedvenc\u00e9t, ak\u00e1r az enyh\u00e9bb h\u0151t, ak\u00e1r az intenz\u00edv \u00e9szaki izzaszt\u00e1st r\u00e9szes\u00edted el\u0151nyben.<\/p>\n\n\n\n<p class=\"wp-block-paragraph\">A szaun\u00e1z\u00e1son k\u00edv\u00fcl nagyon kellemes term\u00e1lr\u00e9szt is tal\u00e1lsz, ahol nyugodtan t\u00f6lthetsz egy eg\u00e9sz napot. A hangulat nagyon pihentet\u0151, \u00e9s a komplexum kifejezetten ide\u00e1lis p\u00e1roknak vagy olyan utaz\u00f3knak, akik szeretn\u00e9nek kikapcsol\u00f3dni a h\u00e9tk\u00f6znapi stresszb\u0151l egy nyugodt f\u00fcrd\u0151k\u00f6rnyezetben. A term\u00e1l kiv\u00e1l\u00f3 mened\u00e9ket ny\u00fajt f\u0151leg az \u00e9v hidegebb id\u0151szak\u00e1ban.<\/p>\n\n\n\n<p class=\"wp-block-paragraph\">A 2026-os \u00e1rlista szerint egy n\u00e9gy\u00f3r\u00e1s bel\u00e9p\u0151 a term\u00e1lokba <strong>15 eur\u00f3 h\u00e9t k\u00f6zben<\/strong> \u00e9s 16,50 eur\u00f3 h\u00e9tv\u00e9g\u00e9n vagy \u00fcnnepnapokon. Egy eg\u00e9sznapos jegy a medenc\u00e9kbe 18 eur\u00f3, h\u00e9tv\u00e9gi fel\u00e1rral pedig 19,50 eur\u00f3. Egy eg\u00e9sznapos bel\u00e9p\u0151 a term\u00e1lokkal \u00e9s a szaun\u00e1val egy\u00fctt 23 eur\u00f3ba ker\u00fcl h\u00e9tk\u00f6znap. <strong>\ud83d\udca1 Tipp:<\/strong> Lak\u00f3aut\u00f3val utazol? Haszn\u00e1ld a speci\u00e1lis 1 \u00f3r\u00e1s tarifot parkol\u00f3enged\u00e9llyel 7 eur\u00f3\u00e9rt. Remek v\u00e1laszt\u00e1s az esti tarif is 18 \u00f3ra ut\u00e1n, amikor a term\u00e1lbel\u00e9p\u00e9s 12,50 eur\u00f3ra olcs\u00f3bbodik. Minden h\u00f3nap utols\u00f3 p\u00e9ntek\u00e9n r\u00e1ad\u00e1sul megrendezik a kedvelt Eventsaun\u00e1t 32 eur\u00f3\u00e9rt.<\/p>\n\n\n\n<figure data-wp-context=\"{&quot;imageId&quot;:&quot;6a9c16a63f4e6&quot;}\" data-wp-interactive=\"core\/image\" data-wp-key=\"6a9c16a63f4e6\" class=\"wp-block-image size-full wp-lightbox-container\"><img decoding=\"async\" width=\"1800\" height=\"1200\" data-wp-class--hide=\"state.isContentHidden\" data-wp-class--show=\"state.isContentVisible\" data-wp-init=\"callbacks.setButtonStyles\" data-wp-on--click=\"actions.showLightbox\" data-wp-on--load=\"callbacks.setButtonStyles\" data-wp-on--pointerdown=\"actions.preloadImage\" data-wp-on--pointerenter=\"actions.preloadImageWithDelay\" data-wp-on--pointerleave=\"actions.cancelPreload\" data-wp-on-window--resize=\"callbacks.setButtonStyles\" src=\"https:\/\/loudavymkrokem.cz\/wp-content\/uploads\/2026\/09\/nemecko-clanky-termaly-nemecko-27-457f21a5.jpg\" alt=\"A Sonnenhof-Therme k\u00fclt\u00e9ri medenc\u00e9i Bad Saulgauban napnyugtakor\" class=\"wp-image-415493\" title=\"\" srcset=\"https:\/\/loudavymkrokem.cz\/wp-content\/uploads\/2026\/09\/nemecko-clanky-termaly-nemecko-27-457f21a5.jpg 1800w, https:\/\/loudavymkrokem.cz\/wp-content\/uploads\/2026\/09\/nemecko-clanky-termaly-nemecko-27-457f21a5-300x200.jpg 300w, https:\/\/loudavymkrokem.cz\/wp-content\/uploads\/2026\/09\/nemecko-clanky-termaly-nemecko-27-457f21a5-700x467.jpg 700w, https:\/\/loudavymkrokem.cz\/wp-content\/uploads\/2026\/09\/nemecko-clanky-termaly-nemecko-27-457f21a5-768x512.jpg 768w, https:\/\/loudavymkrokem.cz\/wp-content\/uploads\/2026\/09\/nemecko-clanky-termaly-nemecko-27-457f21a5-1536x1024.jpg 1536w, https:\/\/loudavymkrokem.cz\/wp-content\/uploads\/2026\/09\/nemecko-clanky-termaly-nemecko-27-457f21a5-696x464.jpg 696w, https:\/\/loudavymkrokem.cz\/wp-content\/uploads\/2026\/09\/nemecko-clanky-termaly-nemecko-27-457f21a5-1392x928.jpg 1392w\" sizes=\"(max-width: 1800px) 100vw, 1800px\" \/><button\n\t\t\tclass=\"lightbox-trigger\"\n\t\t\ttype=\"button\"\n\t\t\taria-haspopup=\"dialog\"\n\t\t\tdata-wp-bind--aria-label=\"state.thisImage.triggerButtonAriaLabel\"\n\t\t\tdata-wp-init=\"callbacks.initTriggerButton\"\n\t\t\tdata-wp-on--click=\"actions.showLightbox\"\n\t\t\tdata-wp-style--right=\"state.thisImage.buttonRight\"\n\t\t\tdata-wp-style--top=\"state.thisImage.buttonTop\"\n\t\t>\n\t\t\t<svg xmlns=\"http:\/\/www.w3.org\/2000\/svg\" width=\"12\" height=\"12\" fill=\"none\" viewBox=\"0 0 12 12\">\n\t\t\t\t<path fill=\"#fff\" d=\"M2 0a2 2 0 0 0-2 2v2h1.5V2a.5.5 0 0 1 .5-.5h2V0H2Zm2 10.5H2a.5.5 0 0 1-.5-.5V8H0v2a2 2 0 0 0 2 2h2v-1.5ZM8 12v-1.5h2a.5.5 0 0 0 .5-.5V8H12v2a2 2 0 0 1-2 2H8Zm2-12a2 2 0 0 1 2 2v2h-1.5V2a.5.5 0 0 0-.5-.5H8V0h2Z\" \/>\n\t\t\t<\/svg>\n\t\t<\/button><\/figure>\n\n\n\n<h3 class=\"wp-block-heading\"><span class=\"ez-toc-section\" id=\"21_Sonnenhof-Therme_Bad_Saulgau\"><\/span>21. Sonnenhof-Therme (Bad Saulgau)<span class=\"ez-toc-section-end\"><\/span><\/h3>\n\n\n\n<p class=\"wp-block-paragraph\">Ez a f\u00fcrd\u0151 Bad Saulgau v\u00e1ros\u00e1ban \u00f3ri\u00e1si term\u00e9szeti gazdags\u00e1ggal b\u00fcszk\u00e9lkedik, ami\u00e9rt messzir\u0151l j\u00f6nnek az emberek. Minden nap tekint\u00e9lyes 650 m\u00e9ter m\u00e9lys\u00e9gb\u0151l <strong>ak\u00e1r 1,5 milli\u00f3 liter gy\u00f3gyhat\u00e1s\u00fa k\u00e9nes v\u00edz t\u00f6r fel<\/strong>, amely folyamatosan t\u00f6lti fel az \u00f6sszes helyi medenc\u00e9t. M\u00e1r maga a modern \u00e9p\u00edt\u00e9szet is leny\u0171g\u00f6z\u0151, mert az \u00e9p\u00fclet tele van napf\u00e9nnyel.<\/p>\n\n\n\n<p class=\"wp-block-paragraph\">900 n\u00e9gyzetm\u00e9teren fedezhetsz fel h\u00e9t bel- \u00e9s k\u00fclt\u00e9ri medenc\u00e9t 28\u201340 \u00b0C-os h\u0151m\u00e9rs\u00e9klettel. A legmelegebb a belt\u00e9ri Quellbecken, amely <strong>41 \u00b0C<\/strong>-ot k\u00edn\u00e1l. Nem hi\u00e1nyzik a 34 \u00b0C-os kaszk\u00e1dmedence vagy a r\u00f3mai g\u0151zf\u00fcrd\u0151 100%-os p\u00e1ratartalommal \u00e9s 40\u201350 \u00b0C k\u00f6z\u00f6tti h\u0151m\u00e9rs\u00e9klettel. A s\u00f3helyis\u00e9gben legal\u00e1bb 42 \u00b0C meleg\u00edt fel. A medenc\u00e9k r\u00e9sz\u00e9t k\u00e9pezik a k\u00fcl\u00f6nf\u00e9le v\u00edzes\u00e9sek \u00e9s v\u00edz alatti d\u00fcz\u00fck is.<\/p>\n\n\n\n<p class=\"wp-block-paragraph\">A 2026-os \u00e1rlista szerint egy k\u00e9t\u00f3r\u00e1s jegy a term\u00e1lokba 13,80 eur\u00f3. Egy h\u00e1rom\u00f3r\u00e1s bel\u00e9p\u0151 14,80 eur\u00f3, egy eg\u00e9sznapos v\u00e1ltozat pedig 20,40 eur\u00f3\u00e9rt kaphat\u00f3. A szaun\u00e1ba val\u00f3 bel\u00e9p\u00e9s, amely m\u00e1r tartalmazza a term\u00e1lokban val\u00f3 f\u00fcrd\u0151z\u00e9st is, 3 \u00f3r\u00e1ra 21,60 eur\u00f3ba ker\u00fcl. <strong>\ud83d\udca1 Tipp:<\/strong> \u00c1llj meg a v\u00edzes\u00e9sekn\u00e9l \u00e9s massz\u00e1zsd\u00fcz\u00fckn\u00e9l a nagyon kellemes 37 \u00b0C-os medenc\u00e9ben, mert t\u00f6k\u00e9letesen felszabad\u00edtja a merev h\u00e1tat \u00e9s v\u00e1llakat.<\/p>\n\n\n\n<figure data-wp-context=\"{&quot;imageId&quot;:&quot;6a9c16a63f998&quot;}\" data-wp-interactive=\"core\/image\" data-wp-key=\"6a9c16a63f998\" class=\"wp-block-image size-full wp-lightbox-container\"><img decoding=\"async\" width=\"1800\" height=\"1200\" data-wp-class--hide=\"state.isContentHidden\" data-wp-class--show=\"state.isContentVisible\" data-wp-init=\"callbacks.setButtonStyles\" data-wp-on--click=\"actions.showLightbox\" data-wp-on--load=\"callbacks.setButtonStyles\" data-wp-on--pointerdown=\"actions.preloadImage\" data-wp-on--pointerenter=\"actions.preloadImageWithDelay\" data-wp-on--pointerleave=\"actions.cancelPreload\" data-wp-on-window--resize=\"callbacks.setButtonStyles\" src=\"https:\/\/loudavymkrokem.cz\/wp-content\/uploads\/2026\/09\/nemecko-clanky-termaly-nemecko-28-5b36a3a0-1.jpg\" alt=\"Caracalla Therme (Baden-Baden)\" class=\"wp-image-415324\" title=\"\" srcset=\"https:\/\/loudavymkrokem.cz\/wp-content\/uploads\/2026\/09\/nemecko-clanky-termaly-nemecko-28-5b36a3a0-1.jpg 1800w, https:\/\/loudavymkrokem.cz\/wp-content\/uploads\/2026\/09\/nemecko-clanky-termaly-nemecko-28-5b36a3a0-1-300x200.jpg 300w, https:\/\/loudavymkrokem.cz\/wp-content\/uploads\/2026\/09\/nemecko-clanky-termaly-nemecko-28-5b36a3a0-1-700x467.jpg 700w, https:\/\/loudavymkrokem.cz\/wp-content\/uploads\/2026\/09\/nemecko-clanky-termaly-nemecko-28-5b36a3a0-1-768x512.jpg 768w, https:\/\/loudavymkrokem.cz\/wp-content\/uploads\/2026\/09\/nemecko-clanky-termaly-nemecko-28-5b36a3a0-1-1536x1024.jpg 1536w, https:\/\/loudavymkrokem.cz\/wp-content\/uploads\/2026\/09\/nemecko-clanky-termaly-nemecko-28-5b36a3a0-1-696x464.jpg 696w, https:\/\/loudavymkrokem.cz\/wp-content\/uploads\/2026\/09\/nemecko-clanky-termaly-nemecko-28-5b36a3a0-1-1392x928.jpg 1392w\" sizes=\"(max-width: 1800px) 100vw, 1800px\" \/><button\n\t\t\tclass=\"lightbox-trigger\"\n\t\t\ttype=\"button\"\n\t\t\taria-haspopup=\"dialog\"\n\t\t\tdata-wp-bind--aria-label=\"state.thisImage.triggerButtonAriaLabel\"\n\t\t\tdata-wp-init=\"callbacks.initTriggerButton\"\n\t\t\tdata-wp-on--click=\"actions.showLightbox\"\n\t\t\tdata-wp-style--right=\"state.thisImage.buttonRight\"\n\t\t\tdata-wp-style--top=\"state.thisImage.buttonTop\"\n\t\t>\n\t\t\t<svg xmlns=\"http:\/\/www.w3.org\/2000\/svg\" width=\"12\" height=\"12\" fill=\"none\" viewBox=\"0 0 12 12\">\n\t\t\t\t<path fill=\"#fff\" d=\"M2 0a2 2 0 0 0-2 2v2h1.5V2a.5.5 0 0 1 .5-.5h2V0H2Zm2 10.5H2a.5.5 0 0 1-.5-.5V8H0v2a2 2 0 0 0 2 2h2v-1.5ZM8 12v-1.5h2a.5.5 0 0 0 .5-.5V8H12v2a2 2 0 0 1-2 2H8Zm2-12a2 2 0 0 1 2 2v2h-1.5V2a.5.5 0 0 0-.5-.5H8V0h2Z\" \/>\n\t\t\t<\/svg>\n\t\t<\/button><figcaption class=\"wp-element-caption\">Fot\u00f3: Gerd Eichmann \/ Wikimedia Commons, CC BY-SA 4.0<\/figcaption><\/figure>\n\n\n\n<h3 class=\"wp-block-heading\"><span class=\"ez-toc-section\" id=\"22_Caracalla_Therme_Baden-Baden\"><\/span>22. Caracalla Therme (Baden-Baden)<span class=\"ez-toc-section-end\"><\/span><\/h3>\n\n\n\n<p class=\"wp-block-paragraph\">A legend\u00e1s Baden-Badenban tal\u00e1lod ezt a luxuskomplexumot, amely \u00f6sszesen 5000 n\u00e9gyzetm\u00e9teren ter\u00fcl el, \u00e9s egy hatalmas, <strong>900 n\u00e9gyzetm\u00e9tert meghalad\u00f3 v\u00edzfel\u00fclettel<\/strong> cs\u00e1b\u00edt. Naponta k\u00f6r\u00fclbel\u00fcl 800 000 liter tiszta term\u00e1lv\u00edz \u00e1ramlik itt \u00e1t, a medenc\u00e9k m\u00e9lys\u00e9ge pedig legfeljebb 1,35 m\u00e9ter, \u00fagyhogy biztons\u00e1gban \u00e9rzed magad.<\/p>\n\n\n\n<p class=\"wp-block-paragraph\">A v\u00edz h\u0151m\u00e9rs\u00e9klete 18-t\u00f3l 38 \u00b0C-ig terjed. Felmelegedhetsz a nagy belt\u00e9ri medenc\u00e9ben (34 \u00b0C) vagy a nagy k\u00fclt\u00e9ri medenc\u00e9ben (32 \u00b0C). Rendelkez\u00e9sre \u00e1ll egy kis k\u00fclt\u00e9ri medence is 35 \u00b0C-kal, valamint k\u00e9t forr\u00f3 pezsg\u0151f\u00fcrd\u0151 38 \u00b0C-kal. \u00c9lm\u00e9nyt k\u00edn\u00e1l a 38 \u00b0C-os forr\u00f3 grotta (ahol 5 perc tart\u00f3zkod\u00e1s aj\u00e1nlott), amelyhez <strong>r\u00f6gt\u00f6n egy hideg grotta csatlakozik<\/strong> mind\u00f6ssze 18 \u00b0C-kal a gyors, 10\u201320 m\u00e1sodperces leh\u0171l\u00e9shez. A vakmer\u0151k \u00f6r\u00fclhetnek a f\u00fcrd\u0151ruh\u00e1ban l\u00e1togathat\u00f3 43 \u00b0C-os, 100%-os p\u00e1ratartalm\u00fa g\u0151zf\u00fcrd\u0151nek vagy a 28\u201330 \u00b0C-os s\u00f3inhal\u00e1ci\u00f3s kamr\u00e1nak.<\/p>\n\n\n\n<p class=\"wp-block-paragraph\">A 2026-os \u00e1rlista szerint egy jegy a medenc\u00e9kbe 2 \u00f3r\u00e1ra 21 eur\u00f3, 3 \u00f3r\u00e1ra 25 eur\u00f3, eg\u00e9sznapos pedig 35 eur\u00f3. A szaun\u00e1val val\u00f3 kombin\u00e1ci\u00f3 2 \u00f3r\u00e1ra 26 eur\u00f3ba ker\u00fcl. A gyerekeknek 7 \u00e9ves kort\u00f3l enged\u00e9lyezett a bel\u00e9p\u00e9s, 14 \u00e9ves korig kiz\u00e1r\u00f3lag feln\u0151tt k\u00eds\u00e9rettel. <strong>\ud83d\udca1 Tipp:<\/strong> Ha beszerzed az \u00fagynevezett VIP-Chipet, ak\u00e1r 20% kedvezm\u00e9nyt kapsz a bel\u00e9p\u0151re nemcsak ide, hanem a bar\u00e1ti t\u00f6rt\u00e9nelmi Friedrichsbad f\u00fcrd\u0151be is.<\/p>\n\n\n\n<figure data-wp-context=\"{&quot;imageId&quot;:&quot;6a9c16a640136&quot;}\" data-wp-interactive=\"core\/image\" data-wp-key=\"6a9c16a640136\" class=\"wp-block-image size-full wp-lightbox-container\"><img decoding=\"async\" width=\"1800\" height=\"1083\" data-wp-class--hide=\"state.isContentHidden\" data-wp-class--show=\"state.isContentVisible\" data-wp-init=\"callbacks.setButtonStyles\" data-wp-on--click=\"actions.showLightbox\" data-wp-on--load=\"callbacks.setButtonStyles\" data-wp-on--pointerdown=\"actions.preloadImage\" data-wp-on--pointerenter=\"actions.preloadImageWithDelay\" data-wp-on--pointerleave=\"actions.cancelPreload\" data-wp-on-window--resize=\"callbacks.setButtonStyles\" src=\"https:\/\/loudavymkrokem.cz\/wp-content\/uploads\/2026\/09\/nemecko-clanky-termaly-nemecko-29-aa48ec15.jpg\" alt=\"A Solemar term\u00e1l hull\u00e1mos teteje \u00e9s k\u00fclt\u00e9ri medenc\u00e9je Bad D\u00fcrrheimben\" class=\"wp-image-415497\" title=\"\" srcset=\"https:\/\/loudavymkrokem.cz\/wp-content\/uploads\/2026\/09\/nemecko-clanky-termaly-nemecko-29-aa48ec15.jpg 1800w, https:\/\/loudavymkrokem.cz\/wp-content\/uploads\/2026\/09\/nemecko-clanky-termaly-nemecko-29-aa48ec15-300x181.jpg 300w, https:\/\/loudavymkrokem.cz\/wp-content\/uploads\/2026\/09\/nemecko-clanky-termaly-nemecko-29-aa48ec15-700x421.jpg 700w, https:\/\/loudavymkrokem.cz\/wp-content\/uploads\/2026\/09\/nemecko-clanky-termaly-nemecko-29-aa48ec15-768x462.jpg 768w, https:\/\/loudavymkrokem.cz\/wp-content\/uploads\/2026\/09\/nemecko-clanky-termaly-nemecko-29-aa48ec15-1536x924.jpg 1536w, https:\/\/loudavymkrokem.cz\/wp-content\/uploads\/2026\/09\/nemecko-clanky-termaly-nemecko-29-aa48ec15-696x419.jpg 696w, https:\/\/loudavymkrokem.cz\/wp-content\/uploads\/2026\/09\/nemecko-clanky-termaly-nemecko-29-aa48ec15-1392x838.jpg 1392w\" sizes=\"(max-width: 1800px) 100vw, 1800px\" \/><button\n\t\t\tclass=\"lightbox-trigger\"\n\t\t\ttype=\"button\"\n\t\t\taria-haspopup=\"dialog\"\n\t\t\tdata-wp-bind--aria-label=\"state.thisImage.triggerButtonAriaLabel\"\n\t\t\tdata-wp-init=\"callbacks.initTriggerButton\"\n\t\t\tdata-wp-on--click=\"actions.showLightbox\"\n\t\t\tdata-wp-style--right=\"state.thisImage.buttonRight\"\n\t\t\tdata-wp-style--top=\"state.thisImage.buttonTop\"\n\t\t>\n\t\t\t<svg xmlns=\"http:\/\/www.w3.org\/2000\/svg\" width=\"12\" height=\"12\" fill=\"none\" viewBox=\"0 0 12 12\">\n\t\t\t\t<path fill=\"#fff\" d=\"M2 0a2 2 0 0 0-2 2v2h1.5V2a.5.5 0 0 1 .5-.5h2V0H2Zm2 10.5H2a.5.5 0 0 1-.5-.5V8H0v2a2 2 0 0 0 2 2h2v-1.5ZM8 12v-1.5h2a.5.5 0 0 0 .5-.5V8H12v2a2 2 0 0 1-2 2H8Zm2-12a2 2 0 0 1 2 2v2h-1.5V2a.5.5 0 0 0-.5-.5H8V0h2Z\" \/>\n\t\t\t<\/svg>\n\t\t<\/button><\/figure>\n\n\n\n<h3 class=\"wp-block-heading\"><span class=\"ez-toc-section\" id=\"23_Solemar_Bad_Durrheim_Bad_Durrheim\"><\/span>23. Solemar Bad D\u00fcrrheim (Bad D\u00fcrrheim)<span class=\"ez-toc-section-end\"><\/span><\/h3>\n\n\n\n<p class=\"wp-block-paragraph\">A Bad D\u00fcrrheim f\u00fcrd\u0151v\u00e1rosban remek relax\u00e1ci\u00f3 v\u00e1r r\u00e1d, amelynek f\u0151 vonzereje a <strong>t\u00e1gas Schwarzwald-Sauna<\/strong>. Az eg\u00e9sz komplexumban kiv\u00e9telesen nyugodt hangulat uralkodik, amely mintha egy siets\u00e9g n\u00e9lk\u00fcli pihen\u0151h\u00e9tv\u00e9g\u00e9re teremtett\u00e9k volna. Ha ki kell tiszt\u00edtanod a fejed \u00e9s csak \u00fagy lust\u00e1lkodni szeretn\u00e9l, itt biztosan siker\u00fclni fog.<\/p>\n\n\n\n<p class=\"wp-block-paragraph\">A term\u00e1l minden nap 9-t\u0151l 22 \u00f3r\u00e1ig van nyitva, p\u00e9nteken az esti \u00fczem eg\u00e9szen 23 \u00f3r\u00e1ig meghosszabbodik. A klasszikus term\u00e1lmedenc\u00e9ken k\u00edv\u00fcl egy speci\u00e1lis holt-tengeri s\u00f3barlangot (Totes-Meer-Salzgrotte) is felfedezhetsz, amelynek remek hat\u00e1sa van a l\u00e9gutakra. Maga a szaunavil\u00e1g minden l\u00e1togat\u00f3nak reggel t\u00edz \u00f3rakor ny\u00edlik meg.<\/p>\n\n\n\n<p class=\"wp-block-paragraph\">A 2026-os \u00e1rlista szerint egy h\u00e1rom\u00f3r\u00e1s jegy a term\u00e1lokba 17,90 eur\u00f3, egy eg\u00e9sznapos v\u00e1ltozat pedig 19,90 eur\u00f3. Egy n\u00e9gy\u00f3r\u00e1s kombin\u00e1ci\u00f3\u00e9rt a szaun\u00e1val 26,50 eur\u00f3t adsz, eg\u00e9sznapos pedig 29,50 eur\u00f3ba ker\u00fcl. A s\u00f3barlangba val\u00f3 bel\u00e9p\u00e9s feln\u0151tteknek 11 eur\u00f3, 12 \u00e9v alatti gyerekeknek 5 eur\u00f3. A szaun\u00e1ba a fiatalok csak 13 \u00e9ves kort\u00f3l mehetnek. A 3\u201312 \u00e9v k\u00f6z\u00f6tti gyerekeknek egy eg\u00e9sznapos term\u00e1l 10,20 eur\u00f3. <strong>\ud83d\udca1 Tipp:<\/strong> Ha sp\u00f3rolni szeretn\u00e9l, gyere csak este a 19 \u00f3r\u00e1t\u00f3l \u00e9rv\u00e9nyes kedvezm\u00e9nyes tarifra, amely mind\u00f6ssze 14,90 eur\u00f3ba ker\u00fcl a term\u00e1lokba \u00e9s 21,50 eur\u00f3ba a szaun\u00e1ba.<\/p>\n\n\n\n<figure data-wp-context=\"{&quot;imageId&quot;:&quot;6a9c16a6406df&quot;}\" data-wp-interactive=\"core\/image\" data-wp-key=\"6a9c16a6406df\" class=\"wp-block-image size-full wp-lightbox-container\"><img decoding=\"async\" width=\"1800\" height=\"1350\" data-wp-class--hide=\"state.isContentHidden\" data-wp-class--show=\"state.isContentVisible\" data-wp-init=\"callbacks.setButtonStyles\" data-wp-on--click=\"actions.showLightbox\" data-wp-on--load=\"callbacks.setButtonStyles\" data-wp-on--pointerdown=\"actions.preloadImage\" data-wp-on--pointerenter=\"actions.preloadImageWithDelay\" data-wp-on--pointerleave=\"actions.cancelPreload\" data-wp-on-window--resize=\"callbacks.setButtonStyles\" src=\"https:\/\/loudavymkrokem.cz\/wp-content\/uploads\/2026\/09\/nemecko-clanky-termaly-nemecko-30-ccda264f-1.jpg\" alt=\"Az AlbThermen k\u00fclt\u00e9ri medenc\u00e9je Bad Urachban t\u00e9li p\u00e1r\u00e1ban\" class=\"wp-image-415329\" title=\"\" srcset=\"https:\/\/loudavymkrokem.cz\/wp-content\/uploads\/2026\/09\/nemecko-clanky-termaly-nemecko-30-ccda264f-1.jpg 1800w, https:\/\/loudavymkrokem.cz\/wp-content\/uploads\/2026\/09\/nemecko-clanky-termaly-nemecko-30-ccda264f-1-300x225.jpg 300w, https:\/\/loudavymkrokem.cz\/wp-content\/uploads\/2026\/09\/nemecko-clanky-termaly-nemecko-30-ccda264f-1-700x525.jpg 700w, https:\/\/loudavymkrokem.cz\/wp-content\/uploads\/2026\/09\/nemecko-clanky-termaly-nemecko-30-ccda264f-1-768x576.jpg 768w, https:\/\/loudavymkrokem.cz\/wp-content\/uploads\/2026\/09\/nemecko-clanky-termaly-nemecko-30-ccda264f-1-1536x1152.jpg 1536w, https:\/\/loudavymkrokem.cz\/wp-content\/uploads\/2026\/09\/nemecko-clanky-termaly-nemecko-30-ccda264f-1-80x60.jpg 80w, https:\/\/loudavymkrokem.cz\/wp-content\/uploads\/2026\/09\/nemecko-clanky-termaly-nemecko-30-ccda264f-1-160x120.jpg 160w, https:\/\/loudavymkrokem.cz\/wp-content\/uploads\/2026\/09\/nemecko-clanky-termaly-nemecko-30-ccda264f-1-696x522.jpg 696w, https:\/\/loudavymkrokem.cz\/wp-content\/uploads\/2026\/09\/nemecko-clanky-termaly-nemecko-30-ccda264f-1-1392x1044.jpg 1392w\" sizes=\"(max-width: 1800px) 100vw, 1800px\" \/><button\n\t\t\tclass=\"lightbox-trigger\"\n\t\t\ttype=\"button\"\n\t\t\taria-haspopup=\"dialog\"\n\t\t\tdata-wp-bind--aria-label=\"state.thisImage.triggerButtonAriaLabel\"\n\t\t\tdata-wp-init=\"callbacks.initTriggerButton\"\n\t\t\tdata-wp-on--click=\"actions.showLightbox\"\n\t\t\tdata-wp-style--right=\"state.thisImage.buttonRight\"\n\t\t\tdata-wp-style--top=\"state.thisImage.buttonTop\"\n\t\t>\n\t\t\t<svg xmlns=\"http:\/\/www.w3.org\/2000\/svg\" width=\"12\" height=\"12\" fill=\"none\" viewBox=\"0 0 12 12\">\n\t\t\t\t<path fill=\"#fff\" d=\"M2 0a2 2 0 0 0-2 2v2h1.5V2a.5.5 0 0 1 .5-.5h2V0H2Zm2 10.5H2a.5.5 0 0 1-.5-.5V8H0v2a2 2 0 0 0 2 2h2v-1.5ZM8 12v-1.5h2a.5.5 0 0 0 .5-.5V8H12v2a2 2 0 0 1-2 2H8Zm2-12a2 2 0 0 1 2 2v2h-1.5V2a.5.5 0 0 0-.5-.5H8V0h2Z\" \/>\n\t\t\t<\/svg>\n\t\t<\/button><figcaption class=\"wp-element-caption\">Fot\u00f3: qwesy qwesy \/ Wikimedia Commons, CC BY 3.0<\/figcaption><\/figure>\n\n\n\n<h3 class=\"wp-block-heading\"><span class=\"ez-toc-section\" id=\"24_AlbThermen_Bad_Urach\"><\/span>24. AlbThermen (Bad Urach)<span class=\"ez-toc-section-end\"><\/span><\/h3>\n\n\n\n<p class=\"wp-block-paragraph\">Ezt a kedvelt int\u00e9zm\u00e9nyt Bad Urach v\u00e1ros\u00e1ban f\u0151leg a feln\u0151tt l\u00e1togat\u00f3k szeretik meg, mert a 8 \u00e9vn\u00e9l fiatalabb gyerekeknek <strong>egy\u00e1ltal\u00e1n nem enged\u00e9lyezett a bel\u00e9p\u00e9s a f\u00fcrd\u0151\u00fczembe<\/strong>. A k\u00f6rnyezet ennek a korl\u00e1toz\u00e1snak k\u00f6sz\u00f6nhet\u0151en nagyon csendes, \u00e9s igaz\u00e1n zavartalan nyugalmat k\u00edn\u00e1l. Ha teh\u00e1t olyan helyet keresel, ahol kipihenheted magad a gyerekzsivajt\u00f3l, itt nem t\u00e9vedsz.<\/p>\n\n\n\n<p class=\"wp-block-paragraph\">A term\u00e1l kapui naponta 9-t\u0151l 22 \u00f3r\u00e1ig nyitnak, a szaunat\u00e1j 10 \u00f3r\u00e1t\u00f3l kezd m\u0171k\u00f6dni, az itteni \u00e9tterem pedig 11 \u00f3r\u00e1t\u00f3l f\u0151z. Az \u00e1rak itt pontos id\u0151blokkokra vannak felosztva, \u00fagyhogy \u00e9rdemes gondosan figyelni az \u00f3r\u00e1t, hogy kil\u00e9p\u00e9skor ne kelljen feleslegesen 2,50 eur\u00f3t r\u00e1fizetni a megadott id\u0151 t\u00fall\u00e9p\u00e9s\u00e9\u00e9rt.<\/p>\n\n\n\n<p class=\"wp-block-paragraph\">Az alaptarifok a 2026-os \u00e1rlista szerint pontosan 3,5 \u00f3r\u00e1ra \u00e9rv\u00e9nyesek a medenc\u00e9kbe, vagy 4 \u00f3r\u00e1ra, ha a medenc\u00e9k \u00e9s a szauna kombin\u00e1ci\u00f3j\u00e1t v\u00e1lasztod. H\u00e9tv\u00e9g\u00e9n minden alaptarifhoz adj hozz\u00e1 egy apr\u00f3, 2 eur\u00f3s fel\u00e1rat. <strong>\ud83d\udca1 Tipp:<\/strong> T\u00f6bb l\u00e1togat\u00e1st tervezel vagy nagyobb csoporttal j\u00f6ssz? Szerezz be egy el\u0151re fizetett k\u00e1rty\u00e1t 10 bel\u00e9p\u0151re a medenc\u00e9kbe 189 eur\u00f3\u00e9rt (esetleg szaun\u00e1val 288 eur\u00f3\u00e9rt), amelyhez tov\u00e1bbi 3 ingyenes bel\u00e9p\u0151t kapsz teljesen ingyen.<\/p>\n\n\n\n<figure data-wp-context=\"{&quot;imageId&quot;:&quot;6a9c16a640ca2&quot;}\" data-wp-interactive=\"core\/image\" data-wp-key=\"6a9c16a640ca2\" class=\"wp-block-image size-full wp-lightbox-container\"><img decoding=\"async\" width=\"1800\" height=\"1064\" data-wp-class--hide=\"state.isContentHidden\" data-wp-class--show=\"state.isContentVisible\" data-wp-init=\"callbacks.setButtonStyles\" data-wp-on--click=\"actions.showLightbox\" data-wp-on--load=\"callbacks.setButtonStyles\" data-wp-on--pointerdown=\"actions.preloadImage\" data-wp-on--pointerenter=\"actions.preloadImageWithDelay\" data-wp-on--pointerleave=\"actions.cancelPreload\" data-wp-on-window--resize=\"callbacks.setButtonStyles\" src=\"https:\/\/loudavymkrokem.cz\/wp-content\/uploads\/2026\/09\/nemecko-clanky-termaly-nemecko-31-616f54cf-1.jpg\" alt=\"Friedrichsbad (Baden-Baden)\" class=\"wp-image-415332\" title=\"\" srcset=\"https:\/\/loudavymkrokem.cz\/wp-content\/uploads\/2026\/09\/nemecko-clanky-termaly-nemecko-31-616f54cf-1.jpg 1800w, https:\/\/loudavymkrokem.cz\/wp-content\/uploads\/2026\/09\/nemecko-clanky-termaly-nemecko-31-616f54cf-1-300x177.jpg 300w, https:\/\/loudavymkrokem.cz\/wp-content\/uploads\/2026\/09\/nemecko-clanky-termaly-nemecko-31-616f54cf-1-700x414.jpg 700w, https:\/\/loudavymkrokem.cz\/wp-content\/uploads\/2026\/09\/nemecko-clanky-termaly-nemecko-31-616f54cf-1-768x454.jpg 768w, https:\/\/loudavymkrokem.cz\/wp-content\/uploads\/2026\/09\/nemecko-clanky-termaly-nemecko-31-616f54cf-1-1536x908.jpg 1536w, https:\/\/loudavymkrokem.cz\/wp-content\/uploads\/2026\/09\/nemecko-clanky-termaly-nemecko-31-616f54cf-1-696x411.jpg 696w, https:\/\/loudavymkrokem.cz\/wp-content\/uploads\/2026\/09\/nemecko-clanky-termaly-nemecko-31-616f54cf-1-1392x823.jpg 1392w\" sizes=\"(max-width: 1800px) 100vw, 1800px\" \/><button\n\t\t\tclass=\"lightbox-trigger\"\n\t\t\ttype=\"button\"\n\t\t\taria-haspopup=\"dialog\"\n\t\t\tdata-wp-bind--aria-label=\"state.thisImage.triggerButtonAriaLabel\"\n\t\t\tdata-wp-init=\"callbacks.initTriggerButton\"\n\t\t\tdata-wp-on--click=\"actions.showLightbox\"\n\t\t\tdata-wp-style--right=\"state.thisImage.buttonRight\"\n\t\t\tdata-wp-style--top=\"state.thisImage.buttonTop\"\n\t\t>\n\t\t\t<svg xmlns=\"http:\/\/www.w3.org\/2000\/svg\" width=\"12\" height=\"12\" fill=\"none\" viewBox=\"0 0 12 12\">\n\t\t\t\t<path fill=\"#fff\" d=\"M2 0a2 2 0 0 0-2 2v2h1.5V2a.5.5 0 0 1 .5-.5h2V0H2Zm2 10.5H2a.5.5 0 0 1-.5-.5V8H0v2a2 2 0 0 0 2 2h2v-1.5ZM8 12v-1.5h2a.5.5 0 0 0 .5-.5V8H12v2a2 2 0 0 1-2 2H8Zm2-12a2 2 0 0 1 2 2v2h-1.5V2a.5.5 0 0 0-.5-.5H8V0h2Z\" \/>\n\t\t\t<\/svg>\n\t\t<\/button><figcaption class=\"wp-element-caption\">Fot\u00f3: Gerd Eichmann \/ Wikimedia Commons, CC BY-SA 4.0<\/figcaption><\/figure>\n\n\n\n<h3 class=\"wp-block-heading\"><span class=\"ez-toc-section\" id=\"25_Friedrichsbad_Baden-Baden\"><\/span>25. Friedrichsbad (Baden-Baden)<span class=\"ez-toc-section-end\"><\/span><\/h3>\n\n\n\n<p class=\"wp-block-paragraph\">Ez a t\u00f6rt\u00e9nelmi f\u00fcrd\u0151 Baden-Badenban azonnal egy eg\u00e9szen m\u00e1s korszakba rep\u00edt vissza az id\u0151ben. 1869 \u00e9s 1877 k\u00f6z\u00f6tt \u00e9p\u00fclt ugyanis <strong>k\u00f6zvetlen\u00fcl a Florentinerberg dombra<\/strong>, ahol m\u00e1r a r\u00e9gi r\u00f3maiak is f\u00fcr\u00f6dtek. A 19. sz\u00e1zad m\u00e1sodik fel\u00e9ben ez volt a legjelent\u0151sebb term\u00e1l az akkori eg\u00e9sz N\u00e9metorsz\u00e1gban, \u00e9s a mai napig meg\u0151rizte pomp\u00e1s jelleg\u00e9t.<\/p>\n\n\n\n<p class=\"wp-block-paragraph\">A v\u00f6r\u00f6s \u00e9s feh\u00e9r homokk\u0151b\u0151l \u00e9p\u00fclt impoz\u00e1ns \u00e9p\u00fclet m\u00e9retei 62,5-szer 50 m\u00e9ter. Legnagyobb b\u00fcszkes\u00e9ge a <strong>17,5 m\u00e9ter magas hatalmas k\u00f6zponti kupola<\/strong>, amelyet nagyszer\u0171en tartanak a korinthoszi oszlopokon l\u00e9v\u0151 vak\u00edvek. Az eg\u00e9sz \u00e9p\u00edtm\u00e9ny \u00e9p\u00edt\u00e9szetileg a r\u00f3mai Caracalla-f\u00fcrd\u0151b\u0151l mer\u00edtett ihletet. A r\u00e9gi \u00edr-r\u00f3mai f\u00fcrd\u0151 elve alapj\u00e1n m\u0171k\u00f6dik, amelyet David Urquhart brit diplomata hozott Eur\u00f3p\u00e1ba, \u00e9s Richard Barter \u00edr orvos alap\u00edtott 1856-ban.<\/p>\n\n\n\n<p class=\"wp-block-paragraph\">E f\u00fcrd\u0151 meg\u00e9p\u00edt\u00e9se \u00e9s korszer\u0171s\u00edt\u00e9se kulcsfontoss\u00e1g\u00fa volt a v\u00e1rosnak, mert az 1872-es \u00e1ltal\u00e1nos szerencsej\u00e1t\u00e9k-tilalom ut\u00e1n ide kellett vonzania az \u00faj gazdag kr\u00e9met. A hely egyszer\u0171en ide\u00e1lis a t\u00f6rt\u00e9nelem szerelmeseinek \u00e9s az \u00e9p\u00edt\u00e9szet csod\u00e1l\u00f3inak. <strong>\ud83d\udca1 Tipp:<\/strong> Relax\u00e1l\u00e1s k\u00f6zben figyeld meg alaposan a d\u00edsz\u00edt\u00e9st. Az eredeti festm\u00e9nyeket ugyan a 20. sz\u00e1zad 50-es \u00e9veiben \u00e9rz\u00e9ketlen\u00fcl lemeszelt\u00e9k, de a 80-as \u00e9vek elej\u00e9n a fel\u00faj\u00edt\u00e1s sor\u00e1n legal\u00e1bb r\u00e9szben siker\u00fclt restaur\u00e1lni \u0151ket.<\/p>\n\n\n\n<figure data-wp-context=\"{&quot;imageId&quot;:&quot;6a9c16a6411d4&quot;}\" data-wp-interactive=\"core\/image\" data-wp-key=\"6a9c16a6411d4\" class=\"wp-block-image size-full wp-lightbox-container\"><img decoding=\"async\" width=\"1800\" height=\"1350\" data-wp-class--hide=\"state.isContentHidden\" data-wp-class--show=\"state.isContentVisible\" data-wp-init=\"callbacks.setButtonStyles\" data-wp-on--click=\"actions.showLightbox\" data-wp-on--load=\"callbacks.setButtonStyles\" data-wp-on--pointerdown=\"actions.preloadImage\" data-wp-on--pointerenter=\"actions.preloadImageWithDelay\" data-wp-on--pointerleave=\"actions.cancelPreload\" data-wp-on-window--resize=\"callbacks.setButtonStyles\" src=\"https:\/\/loudavymkrokem.cz\/wp-content\/uploads\/2026\/09\/nemecko-clanky-termaly-nemecko-32-9c1729cf.jpg\" alt=\"A Vita Classica term\u00e1l kertje Bad Krozingenben form\u00e1ra ny\u00edrt f\u00e1kkal\" class=\"wp-image-415500\" title=\"\" srcset=\"https:\/\/loudavymkrokem.cz\/wp-content\/uploads\/2026\/09\/nemecko-clanky-termaly-nemecko-32-9c1729cf.jpg 1800w, https:\/\/loudavymkrokem.cz\/wp-content\/uploads\/2026\/09\/nemecko-clanky-termaly-nemecko-32-9c1729cf-300x225.jpg 300w, https:\/\/loudavymkrokem.cz\/wp-content\/uploads\/2026\/09\/nemecko-clanky-termaly-nemecko-32-9c1729cf-700x525.jpg 700w, https:\/\/loudavymkrokem.cz\/wp-content\/uploads\/2026\/09\/nemecko-clanky-termaly-nemecko-32-9c1729cf-768x576.jpg 768w, https:\/\/loudavymkrokem.cz\/wp-content\/uploads\/2026\/09\/nemecko-clanky-termaly-nemecko-32-9c1729cf-1536x1152.jpg 1536w, https:\/\/loudavymkrokem.cz\/wp-content\/uploads\/2026\/09\/nemecko-clanky-termaly-nemecko-32-9c1729cf-80x60.jpg 80w, https:\/\/loudavymkrokem.cz\/wp-content\/uploads\/2026\/09\/nemecko-clanky-termaly-nemecko-32-9c1729cf-160x120.jpg 160w, https:\/\/loudavymkrokem.cz\/wp-content\/uploads\/2026\/09\/nemecko-clanky-termaly-nemecko-32-9c1729cf-696x522.jpg 696w, https:\/\/loudavymkrokem.cz\/wp-content\/uploads\/2026\/09\/nemecko-clanky-termaly-nemecko-32-9c1729cf-1392x1044.jpg 1392w\" sizes=\"(max-width: 1800px) 100vw, 1800px\" \/><button\n\t\t\tclass=\"lightbox-trigger\"\n\t\t\ttype=\"button\"\n\t\t\taria-haspopup=\"dialog\"\n\t\t\tdata-wp-bind--aria-label=\"state.thisImage.triggerButtonAriaLabel\"\n\t\t\tdata-wp-init=\"callbacks.initTriggerButton\"\n\t\t\tdata-wp-on--click=\"actions.showLightbox\"\n\t\t\tdata-wp-style--right=\"state.thisImage.buttonRight\"\n\t\t\tdata-wp-style--top=\"state.thisImage.buttonTop\"\n\t\t>\n\t\t\t<svg xmlns=\"http:\/\/www.w3.org\/2000\/svg\" width=\"12\" height=\"12\" fill=\"none\" viewBox=\"0 0 12 12\">\n\t\t\t\t<path fill=\"#fff\" d=\"M2 0a2 2 0 0 0-2 2v2h1.5V2a.5.5 0 0 1 .5-.5h2V0H2Zm2 10.5H2a.5.5 0 0 1-.5-.5V8H0v2a2 2 0 0 0 2 2h2v-1.5ZM8 12v-1.5h2a.5.5 0 0 0 .5-.5V8H12v2a2 2 0 0 1-2 2H8Zm2-12a2 2 0 0 1 2 2v2h-1.5V2a.5.5 0 0 0-.5-.5H8V0h2Z\" \/>\n\t\t\t<\/svg>\n\t\t<\/button><figcaption class=\"wp-element-caption\">Fot\u00f3: Baden de \/ Wikimedia Commons, CC BY 3.0<\/figcaption><\/figure>\n\n\n\n<h3 class=\"wp-block-heading\"><span class=\"ez-toc-section\" id=\"26_Vita_Classica_Bad_Krozingen\"><\/span>26. Vita Classica (Bad Krozingen)<span class=\"ez-toc-section-end\"><\/span><\/h3>\n\n\n\n<p class=\"wp-block-paragraph\">Ha a nyaral\u00e1son kedveled az igaz\u00e1n luxus ell\u00e1t\u00e1st, a Vita Classica f\u00fcrd\u0151ben Bad Krozingen v\u00e1rosk\u00e1ban pontosan azt tal\u00e1lod, amit keresel. Legnagyobb b\u00fcszkes\u00e9g\u00fck ugyanis a <strong>speci\u00e1lis Wohlf\u00fchlhaus<\/strong>, amely szorosan az exkluz\u00edv massz\u00e1zsokra \u00e9s a legjobb pr\u00e9mium wellness ritu\u00e1l\u00e9kra \u00f6sszpontos\u00edt. A hangulat itt nyugalmat \u00e1raszt, a profi szem\u00e9lyzet pedig gondoskodik r\u00f3la, hogy \u00fajj\u00e1sz\u00fcletve t\u00e1vozz.<\/p>\n\n\n\n<p class=\"wp-block-paragraph\">A f\u00fcrd\u0151z\u00e9st itt sok\u00e1ig \u00e9lvezheted, mert a t\u00e1gas komplexum r\u00f6gt\u00f6n h\u00e1rom k\u00fclt\u00e9ri \u00e9s hat belt\u00e9ri medenc\u00e9t k\u00edn\u00e1l, kellemesen meleg term\u00e1lv\u00edzzel felt\u00f6ltve. Csak rajtad m\u00falik, hogy ink\u00e1bb a szabad \u00e9g alatt \u00faszol, vagy bent b\u00fajsz el. A szaunaparadicsom pedig nyolc k\u00fcl\u00f6nb\u00f6z\u0151 szaunakabint \u00e9s egy nagyszab\u00e1s\u00fa g\u0151ztemplomot rejt, ahol a forr\u00f3 g\u0151znek k\u00f6sz\u00f6nhet\u0151en k\u00f6nnyen megfeledkezel a h\u00e9tk\u00f6znapok minden gondj\u00e1r\u00f3l.<\/p>\n\n\n\n<p class=\"wp-block-paragraph\">Ez a term\u00e1l egyszer\u0171en ide\u00e1lis mindenkinek, aki m\u00e9ly relax\u00e1ci\u00f3t keres, \u00e9s nem zavarja, hogy egy kicsit r\u00e1 kell fizetnie a magas sz\u00ednvonal\u00fa gy\u00f3gykezel\u00e9sekre a gy\u00f6ny\u00f6r\u0171 k\u00f6rnyezetben. T\u00f6k\u00e9letes v\u00e1laszt\u00e1s egy romantikus kettesben t\u00f6lt\u00f6tt h\u00e9tv\u00e9g\u00e9re. <strong>\ud83d\udca1 Tipp:<\/strong> Aj\u00e1nlom, hogy a kedvelt pr\u00e9mium ritu\u00e1l\u00e9kat vagy massz\u00e1zsokat a Wohlf\u00fchlhausban kell\u0151 id\u0151ben el\u0151re foglald le az interneten, mert a legjobb h\u00e9tv\u00e9gi id\u0151pontok gyakran nagyon gyorsan elfogynak.<\/p>\n\n\n\n<figure data-wp-context=\"{&quot;imageId&quot;:&quot;6a9c16a641936&quot;}\" data-wp-interactive=\"core\/image\" data-wp-key=\"6a9c16a641936\" class=\"wp-block-image size-full wp-lightbox-container\"><img decoding=\"async\" width=\"1800\" height=\"1198\" data-wp-class--hide=\"state.isContentHidden\" data-wp-class--show=\"state.isContentVisible\" data-wp-init=\"callbacks.setButtonStyles\" data-wp-on--click=\"actions.showLightbox\" data-wp-on--load=\"callbacks.setButtonStyles\" data-wp-on--pointerdown=\"actions.preloadImage\" data-wp-on--pointerenter=\"actions.preloadImageWithDelay\" data-wp-on--pointerleave=\"actions.cancelPreload\" data-wp-on-window--resize=\"callbacks.setButtonStyles\" src=\"https:\/\/loudavymkrokem.cz\/wp-content\/uploads\/2026\/09\/nemecko-clanky-termaly-nemecko-33-009e6b3b.jpg\" alt=\"Esti medence \u00e9s balin\u00e9z pavilon a Bali Therm\u00e9ben Bad Oeynhausenben\" class=\"wp-image-415504\" title=\"\" srcset=\"https:\/\/loudavymkrokem.cz\/wp-content\/uploads\/2026\/09\/nemecko-clanky-termaly-nemecko-33-009e6b3b.jpg 1800w, https:\/\/loudavymkrokem.cz\/wp-content\/uploads\/2026\/09\/nemecko-clanky-termaly-nemecko-33-009e6b3b-300x200.jpg 300w, https:\/\/loudavymkrokem.cz\/wp-content\/uploads\/2026\/09\/nemecko-clanky-termaly-nemecko-33-009e6b3b-700x466.jpg 700w, https:\/\/loudavymkrokem.cz\/wp-content\/uploads\/2026\/09\/nemecko-clanky-termaly-nemecko-33-009e6b3b-768x511.jpg 768w, https:\/\/loudavymkrokem.cz\/wp-content\/uploads\/2026\/09\/nemecko-clanky-termaly-nemecko-33-009e6b3b-1536x1022.jpg 1536w, https:\/\/loudavymkrokem.cz\/wp-content\/uploads\/2026\/09\/nemecko-clanky-termaly-nemecko-33-009e6b3b-696x463.jpg 696w, https:\/\/loudavymkrokem.cz\/wp-content\/uploads\/2026\/09\/nemecko-clanky-termaly-nemecko-33-009e6b3b-1392x926.jpg 1392w\" sizes=\"(max-width: 1800px) 100vw, 1800px\" \/><button\n\t\t\tclass=\"lightbox-trigger\"\n\t\t\ttype=\"button\"\n\t\t\taria-haspopup=\"dialog\"\n\t\t\tdata-wp-bind--aria-label=\"state.thisImage.triggerButtonAriaLabel\"\n\t\t\tdata-wp-init=\"callbacks.initTriggerButton\"\n\t\t\tdata-wp-on--click=\"actions.showLightbox\"\n\t\t\tdata-wp-style--right=\"state.thisImage.buttonRight\"\n\t\t\tdata-wp-style--top=\"state.thisImage.buttonTop\"\n\t\t>\n\t\t\t<svg xmlns=\"http:\/\/www.w3.org\/2000\/svg\" width=\"12\" height=\"12\" fill=\"none\" viewBox=\"0 0 12 12\">\n\t\t\t\t<path fill=\"#fff\" d=\"M2 0a2 2 0 0 0-2 2v2h1.5V2a.5.5 0 0 1 .5-.5h2V0H2Zm2 10.5H2a.5.5 0 0 1-.5-.5V8H0v2a2 2 0 0 0 2 2h2v-1.5ZM8 12v-1.5h2a.5.5 0 0 0 .5-.5V8H12v2a2 2 0 0 1-2 2H8Zm2-12a2 2 0 0 1 2 2v2h-1.5V2a.5.5 0 0 0-.5-.5H8V0h2Z\" \/>\n\t\t\t<\/svg>\n\t\t<\/button><\/figure>\n\n\n\n<h2 class=\"wp-block-heading\"><span class=\"ez-toc-section\" id=\"Termalfurdok_Eszak-Rajna-Vesztfaliaban\"><\/span>Term\u00e1lf\u00fcrd\u0151k \u00c9szak-Rajna-Vesztf\u00e1li\u00e1ban<span class=\"ez-toc-section-end\"><\/span><\/h2>\n\n\n\n<p class=\"wp-block-paragraph\">\u00c9szak-Rajna-Vesztf\u00e1lia N\u00e9metorsz\u00e1g legn\u00e9pesebb tartom\u00e1nya, \u00fagyhogy a remek f\u00fcrd\u0151z\u00e9sben itt t\u00e9nyleg nincs hi\u00e1ny. A legjobb komplexumok t\u00f6bbs\u00e9ge K\u00f6ln, D\u00fcsseldorf vagy Aachen k\u00e9nyelmes k\u00f6zel\u00e9ben fekszik, ami ide\u00e1lis c\u00e9lpontt\u00e1 teszi \u0151ket egy hossz\u00fa h\u00e9tv\u00e9g\u00e9re. Ha szereted a kiterjedt v\u00edzi vil\u00e1gokat vagy a szokatlan \u00e9p\u00edt\u00e9szetet, itt megtal\u00e1lod a sz\u00e1m\u00edt\u00e1sodat.<\/p>\n\n\n\n<p class=\"wp-block-paragraph\">A r\u00e9gi\u00f3 er\u0151s t\u00e9m\u00e1ja a hatalmas szaunaparkok, mint a h\u00edres Mediterana, valamint az egyedi egzotikus stiliz\u00e1ci\u00f3k. Remek p\u00e9lda erre a Bali Therme, ahol \u00fagy \u00e9rzed majd magad, mintha igazi \u00e1zsiai nyaral\u00e1son lenn\u00e9l. N\u00e9zz\u00fck meg azt a h\u00e9t helyet, amelyet ebben a r\u00e9gi\u00f3ban semmik\u00e9pp sem szabad kihagynod.<\/p>\n\n\n\n<figure data-wp-context=\"{&quot;imageId&quot;:&quot;6a9c16a641da7&quot;}\" data-wp-interactive=\"core\/image\" data-wp-key=\"6a9c16a641da7\" class=\"wp-block-image size-full wp-lightbox-container\"><img decoding=\"async\" width=\"1800\" height=\"1201\" data-wp-class--hide=\"state.isContentHidden\" data-wp-class--show=\"state.isContentVisible\" data-wp-init=\"callbacks.setButtonStyles\" data-wp-on--click=\"actions.showLightbox\" data-wp-on--load=\"callbacks.setButtonStyles\" data-wp-on--pointerdown=\"actions.preloadImage\" data-wp-on--pointerenter=\"actions.preloadImageWithDelay\" data-wp-on--pointerleave=\"actions.cancelPreload\" data-wp-on-window--resize=\"callbacks.setButtonStyles\" src=\"https:\/\/loudavymkrokem.cz\/wp-content\/uploads\/2026\/09\/nemecko-clanky-termaly-nemecko-34-d5cf2c11-1.jpg\" alt=\"Thermen &#038; Badewelt Euskirchen (Euskirchen): szaunar\u00e9sz\" class=\"wp-image-415338\" title=\"\" srcset=\"https:\/\/loudavymkrokem.cz\/wp-content\/uploads\/2026\/09\/nemecko-clanky-termaly-nemecko-34-d5cf2c11-1.jpg 1800w, https:\/\/loudavymkrokem.cz\/wp-content\/uploads\/2026\/09\/nemecko-clanky-termaly-nemecko-34-d5cf2c11-1-300x200.jpg 300w, https:\/\/loudavymkrokem.cz\/wp-content\/uploads\/2026\/09\/nemecko-clanky-termaly-nemecko-34-d5cf2c11-1-700x467.jpg 700w, https:\/\/loudavymkrokem.cz\/wp-content\/uploads\/2026\/09\/nemecko-clanky-termaly-nemecko-34-d5cf2c11-1-768x512.jpg 768w, https:\/\/loudavymkrokem.cz\/wp-content\/uploads\/2026\/09\/nemecko-clanky-termaly-nemecko-34-d5cf2c11-1-1536x1025.jpg 1536w, https:\/\/loudavymkrokem.cz\/wp-content\/uploads\/2026\/09\/nemecko-clanky-termaly-nemecko-34-d5cf2c11-1-696x464.jpg 696w, https:\/\/loudavymkrokem.cz\/wp-content\/uploads\/2026\/09\/nemecko-clanky-termaly-nemecko-34-d5cf2c11-1-1392x929.jpg 1392w\" sizes=\"(max-width: 1800px) 100vw, 1800px\" \/><button\n\t\t\tclass=\"lightbox-trigger\"\n\t\t\ttype=\"button\"\n\t\t\taria-haspopup=\"dialog\"\n\t\t\tdata-wp-bind--aria-label=\"state.thisImage.triggerButtonAriaLabel\"\n\t\t\tdata-wp-init=\"callbacks.initTriggerButton\"\n\t\t\tdata-wp-on--click=\"actions.showLightbox\"\n\t\t\tdata-wp-style--right=\"state.thisImage.buttonRight\"\n\t\t\tdata-wp-style--top=\"state.thisImage.buttonTop\"\n\t\t>\n\t\t\t<svg xmlns=\"http:\/\/www.w3.org\/2000\/svg\" width=\"12\" height=\"12\" fill=\"none\" viewBox=\"0 0 12 12\">\n\t\t\t\t<path fill=\"#fff\" d=\"M2 0a2 2 0 0 0-2 2v2h1.5V2a.5.5 0 0 1 .5-.5h2V0H2Zm2 10.5H2a.5.5 0 0 1-.5-.5V8H0v2a2 2 0 0 0 2 2h2v-1.5ZM8 12v-1.5h2a.5.5 0 0 0 .5-.5V8H12v2a2 2 0 0 1-2 2H8Zm2-12a2 2 0 0 1 2 2v2h-1.5V2a.5.5 0 0 0-.5-.5H8V0h2Z\" \/>\n\t\t\t<\/svg>\n\t\t<\/button><\/figure>\n\n\n\n<!-- LKM_GYG_CARD start q=\"germany\" lang=\"hu\" rendered=\"2026-09-05T11:58:51+00:00\" v=\"1\" -->\n<style id=\"lk-gyg-styles\">\n@import url(\"https:\/\/fonts.googleapis.com\/css2?family=Playfair+Display:wght@700&family=DM+Sans:wght@300;400;500;600&display=swap\");\n\/* === LK GYG karty \u2014 CRO redesign 2026-05 (namespace .lkx-) ===\n   C\u00edl: vy\u0161\u0161\u00ed CTR (hero + v\u00fdrazn\u00fd social proof + ak\u010dn\u00ed CTA, m\u00e9n\u011b \"reklamn\u00ed\").\n   Injektuje se inline do prvn\u00edho markeru postu (refresh_cards.py --inline-css). *\/\n.lkx-module, .lkx-module *{box-sizing:border-box;margin:0;padding:0}\n.lkx-module{\n  font-family:'DM Sans',-apple-system,Segoe UI,Roboto,Georgia,sans-serif;\n  max-width:860px;margin:2.5rem auto;color:#1f2328;\n}\n\n\/* HEADER \u2014 lehk\u00fd editorsk\u00fd, \u017e\u00e1dn\u00fd bannerov\u00fd blok; nadpis + popisek pod n\u00edm *\/\n.lkx-head{margin-bottom:16px}\n.lkx-head-main{display:flex;align-items:center;gap:10px}\n.lkx-head-accent{width:26px;height:3px;border-radius:2px;background:#c39f76;flex-shrink:0}\n.lkx-head-title{font-family:'Playfair Display',Georgia,serif;font-size:21px;font-weight:700;color:#1a1a1a;line-height:1.25}\n.lkx-head-meta{display:block;font-size:11px;letter-spacing:.3px;color:#9aa0a6;margin-top:4px;margin-left:36px}\n\n\/* HERO *\/\n.lkx-hero{display:grid;grid-template-columns:300px 1fr;background:#fff;border:1px solid #ece7df;border-radius:14px;overflow:hidden;text-decoration:none!important;color:inherit;box-shadow:0 6px 20px rgba(0,0,0,.06);transition:box-shadow .2s,transform .2s;margin-bottom:14px}\n.lkx-hero:hover{box-shadow:0 12px 30px rgba(0,0,0,.12);transform:translateY(-2px)}\n.lkx-hero-img{position:relative;min-height:230px;background-size:cover;background-position:center;background-color:#eee}\n.lkx-hero-body{padding:22px 24px;display:flex;flex-direction:column}\n.lkx-pick{position:absolute;top:12px;left:12px;background:#1a1a1a;color:#fff;font-size:11px;font-weight:700;letter-spacing:.5px;padding:5px 11px;border-radius:20px}\n\n\/* TITLE *\/\n.lkx-title{font-size:19px;font-weight:700;color:#161616;line-height:1.3}\n.lkx-title-sm{font-size:14.5px;line-height:1.35;display:-webkit-box;-webkit-line-clamp:2;-webkit-box-orient:vertical;overflow:hidden}\n\n\/* SOCIAL PROOF \u2014 v\u00fdrazn\u011b, naho\u0159e *\/\n.lkx-proof{display:flex;align-items:center;gap:7px;margin-top:12px;font-size:15px;color:#3a3a3a}\n.lkx-proof b{font-size:16px;color:#161616}\n.lkx-stars{color:#f5a623;letter-spacing:1px}\n.lkx-proof-sm{font-size:12.5px;margin-top:8px;gap:5px}\n.lkx-proof-sm b{font-size:13px}\n.lkx-proof-new{color:#3685fc;font-weight:600}\n\n\/* PRICE \u2014 n\u00edzk\u00e1 kotva *\/\n.lkx-price{font-size:14px;color:#6b7280}\n.lkx-price b{font-size:20px;color:#161616;font-weight:700}\n.lkx-price-sm b{font-size:15px}\n\n\/* CTA \u2014 tepl\u00e9 ak\u010dn\u00ed tla\u010d\u00edtko *\/\n.lkx-cta{display:inline-flex;align-items:center;justify-content:center;text-decoration:none!important;font-weight:700;color:#fff!important;background:linear-gradient(135deg,#f6743f,#e8552a);border-radius:10px;box-shadow:0 6px 16px rgba(232,85,42,.32);transition:box-shadow .2s}\n.lkx-cta-hero{font-size:15px;padding:13px 22px}\n.lkx-hero:hover .lkx-cta-hero{box-shadow:0 8px 22px rgba(232,85,42,.45)}\n.lkx-cta-sm{font-size:12.5px;padding:9px 14px;width:100%;margin-top:2px}\n.lkx-hero-bottom{margin-top:auto;padding-top:18px;display:flex;align-items:center;justify-content:space-between;gap:14px;flex-wrap:wrap}\n\n\/* BADGE \u2014 jeden v\u00fdrazn\u00fd na fotce *\/\n.lkx-badge{position:absolute;top:12px;right:12px;font-size:10.5px;font-weight:700;letter-spacing:.3px;padding:5px 10px;border-radius:16px;color:#fff}\n.lkx-badge.badge-urgency{background:rgba(214,40,40,.92)}\n.lkx-badge.badge-new{background:rgba(54,133,252,.92)}\n.lkx-badge.badge-top{background:rgba(195,159,118,.95)}\n.lkx-badge.badge-info{background:rgba(40,40,40,.78)}\n\n\/* SECONDARY GRID *\/\n.lkx-grid{display:grid;grid-template-columns:1fr 1fr;gap:14px}\n.lkx-card{background:#fff;border:1px solid #ece7df;border-radius:14px;overflow:hidden;text-decoration:none!important;color:inherit;box-shadow:0 4px 14px rgba(0,0,0,.05);display:flex;flex-direction:column;transition:box-shadow .2s,transform .2s}\n.lkx-card:hover{box-shadow:0 10px 24px rgba(0,0,0,.1);transform:translateY(-2px)}\n.lkx-card-img{position:relative;aspect-ratio:16\/10;background-size:cover;background-position:center;background-color:#eee}\n.lkx-card-body{padding:14px 16px 16px;display:flex;flex-direction:column;gap:7px;flex:1}\n.lkx-card-bottom{margin-top:auto;padding-top:10px;display:flex;align-items:center;justify-content:space-between;gap:8px}\n\n\/* DISCLOSURE \u2014 drobn\u00e1, kv\u016fli d\u016fv\u011b\u0159e\/z\u00e1konu *\/\n.lkx-disclosure{font-size:11px;color:#a7adb3;text-align:center;margin-top:14px;line-height:1.6}\n.lkx-disclosure a{color:#c39f76;text-decoration:none}\n\n@media(max-width:680px){\n  .lkx-hero{grid-template-columns:1fr}\n  .lkx-hero-img{min-height:180px}\n  .lkx-grid{grid-template-columns:1fr}\n  .lkx-head-meta{margin-left:0;width:100%}\n  .lkx-head-title{font-size:19px}\n}\n\n<\/style>\n<div class=\"lkx-module\" data-query=\"germany\">\n  <div class=\"lkx-head\">\n    <div class=\"lkx-head-main\">\n      <span class=\"lkx-head-accent\"><\/span>\n      <span class=\"lkx-head-title\">\u00c9lm\u00e9nyek \u00e9s bel\u00e9p\u0151jegyek<\/span>\n    <\/div>\n    <span class=\"lkx-head-meta\">utaz\u00f3k \u00e1ltal \u00e9rt\u00e9kelve \u00b7 GetYourGuide<\/span>\n  <\/div><a class=\"lkx-hero\" href=\"https:\/\/www.getyourguide.com\/hu-hu\/nurburg-l205841\/nurburgring-nordschleife-egy-porsche-911-gt3-rs-masodpilotaja-t495529\/?partner_id=MKZ64IS&amp;utm_medium=online_publisher&amp;cmp=termalfurdok-nemetorszag-legjobbak\" target=\"_blank\" rel=\"sponsored noopener nofollow\">\n    <div class=\"lkx-hero-img\" style=\"background-image:url('https:\/\/cdn.getyourguide.com\/img\/tour\/1a10f6fe4f788a01014da2da7e6659b8112124c3c675709786e4f057e9b1425b.jpg\/132.jpg')\" role=\"img\" aria-label=\"N\u00fcrburgring Nordschleife: Egy Porsche 911 GT3 RS m\u00e1sodpil\u00f3t\u00e1ja\">\n      <span class=\"lkx-pick\">\u2605 A mi tipp\u00fcnk<\/span><\/div>\n    <div class=\"lkx-hero-body\">\n      <div class=\"lkx-title\">N\u00fcrburgring Nordschleife: Egy Porsche 911 GT3 RS m\u00e1sodpil\u00f3t\u00e1ja<\/div>\n      <div class=\"lkx-proof\">\n      <span class=\"lkx-stars\">\u2605\u2605\u2605\u2605\u2605<\/span>\n      <b>4.9<\/b> \u00b7 36 \u00e9rt\u00e9kel\u00e9s\n    <\/div>\n      <div class=\"lkx-hero-bottom\"><div class=\"lkx-price\">m\u00e1r <b>529\u00a0EUR<\/b><\/div><span class=\"lkx-cta lkx-cta-hero\">Ezt az \u00e9lm\u00e9nyt akarom \u2192<\/span>\n      <\/div>\n    <\/div>\n  <\/a><div class=\"lkx-disclosure\">\ud83d\udd17 A linkek partnerlinkek \u2014 az \u00e1rat nem v\u00e1ltoztatj\u00e1k, nek\u00fcnk viszont seg\u00edtenek a tartalomk\u00e9sz\u00edt\u00e9sben. \u00b7 <a href=\"https:\/\/www.getyourguide.com\/hu-hu\/s\/?q=germany&amp;partner_id=MKZ64IS&amp;utm_medium=online_publisher\" target=\"_blank\" rel=\"sponsored noopener nofollow\">\u00d6sszes \u00e9lm\u00e9ny \u2192<\/a><\/div>\n<\/div>\n<!-- LKM_GYG_CARD end -->\n\n\n\n\n<div class=\"lk-stays-module\">\n<style>\n\/* \u2500\u2500\u2500 RESET PRO GUTENBERG \u2500\u2500\u2500 *\/\n.lk-stays-module * { box-sizing: border-box; margin: 0; padding: 0; }\n\n\/* \u2500\u2500\u2500 WRAPPER \u2500\u2500\u2500 *\/\n.lk-stays-module {\n  font-family: 'DM Sans', Georgia, sans-serif;\n  max-width: 100%;\n  margin: 2.5rem auto;\n  background: linear-gradient(135deg, #fdfaf5 0%, #fcf8f0 100%);\n  border: 1px solid #e8dfd4;\n  border-radius: 16px;\n  overflow: hidden;\n  box-shadow: 0 16px 48px rgba(195, 159, 118, 0.25), 0 4px 12px rgba(0,0,0,0.08);\n}\n\n\/* \u2500\u2500\u2500 HEADER \u2500\u2500\u2500 *\/\n.lk-stays-header {\n  position: relative;\n  padding: 24px 36px 24px;\n  background: linear-gradient(135deg, #c39f76 0%, #d4b188 60%, #c39f76 100%);\n  border-bottom: 1px solid rgba(255,255,255,.15);\n  display: flex;\n  align-items: center;\n  gap: 18px;\n}\n.lk-stays-header::before {\n  content: '';\n  position: absolute;\n  inset: 0;\n  background: url(\"data:image\/svg+xml,%3Csvg width='60' height='60' viewBox='0 0 60 60' xmlns='http:\/\/www.w3.org\/2000\/svg'%3E%3Cg fill='none' fill-rule='evenodd'%3E%3Cg fill='%23ffffff' fill-opacity='0.05'%3E%3Cpath d='M36 34v-4h-2v4h-4v2h4v4h2v-4h4v-2h-4zm0-30V0h-2v4h-4v2h4v4h2V6h4V4h-4zM6 34v-4H4v4H0v2h4v4h2v-4h4v-2H6zM6 4V0H4v4H0v2h4v4h2V6h4V4H6z'\/%3E%3C\/g%3E%3C\/g%3E%3C\/svg%3E\") repeat;\n  pointer-events: none;\n}\n.lk-stays-icon {\n  flex-shrink: 0;\n  width: 68px;\n  height: 68px;\n  border-radius: 14px;\n  background: linear-gradient(135deg, #fff 0%, #f9f6f0 100%);\n  display: flex;\n  align-items: center;\n  justify-content: center;\n  font-size: 26px;\n  box-shadow: 0 4px 12px rgba(0,0,0,0.15);\n}\n.lk-stays-eyebrow {\n  font-size: 10px;\n  font-weight: 500;\n  letter-spacing: 2.5px;\n  text-transform: uppercase;\n  color: rgba(255,255,255,.85);\n  margin: 0 0 5px 0;\n}\n.lk-stays-title {\n  font-family: 'Playfair Display', Georgia, serif;\n  font-size: 24px;\n  font-weight: 700;\n  color: #fff;\n  line-height: 1.2;\n  text-shadow: 0 1px 2px rgba(0,0,0,0.1);\n  margin: 0;\n}\n.lk-stays-subtitle {\n  font-size: 13px;\n  color: rgba(255,255,255,.75);\n  margin: 4px 0 0 0;\n  font-weight: 300;\n}\n\n\/* \u2500\u2500\u2500 CARDS GRID \u2500\u2500\u2500 *\/\n.lk-stays-grid {\n  display: grid;\n  grid-template-columns: 1fr 1fr;\n  gap: 1px;\n  background: rgba(195, 159, 118, 0.12);\n}\n\n\/* \u2500\u2500\u2500 SINGLE CARD \u2500\u2500\u2500 *\/\n.lk-stay-card {\n  background: #ffffff;\n  padding: 26px;\n  display: flex;\n  flex-direction: column;\n  gap: 11px;\n  transition: all 0.3s ease;\n  text-decoration: none;\n  color: inherit;\n  position: relative;\n}\n.lk-stay-card:hover {\n  background: #fffbf5;\n  transform: translateY(-2px);\n  box-shadow: 0 8px 24px rgba(195, 159, 118, 0.18);\n  z-index: 1;\n}\n.lk-stay-card.featured {\n  background: linear-gradient(135deg, #fffdf9 0%, #fff9f0 100%);\n  box-shadow: 0 4px 16px rgba(195, 159, 118, 0.15), inset 0 1px 0 rgba(195, 159, 118, 0.1);\n}\n.lk-stay-card.featured:hover {\n  background: linear-gradient(135deg, #fffbf5 0%, #fff8ed 100%);\n  box-shadow: 0 8px 24px rgba(195, 159, 118, 0.25), inset 0 1px 0 rgba(195, 159, 118, 0.15);\n}\n\n.lk-stay-badge {\n  display: inline-flex;\n  align-items: center;\n  gap: 5px;\n  font-size: 10px;\n  font-weight: 500;\n  letter-spacing: 1.5px;\n  text-transform: uppercase;\n  padding: 5px 11px;\n  border-radius: 20px;\n  width: fit-content;\n}\n.badge-top     { background: linear-gradient(135deg, #c39f76 0%, #d4b188 100%); color: #fff; border: 1px solid #c39f76; font-weight: 600; box-shadow: 0 2px 8px rgba(195,159,118,0.3); }\n.badge-luxury  { background: rgba(195,159,118,.12); color: #c39f76; border: 1px solid rgba(195,159,118,.25); }\n.badge-boutique{ background: rgba(54,133,252,.08); color: #3685fc; border: 1px solid rgba(54,133,252,.2); }\n.badge-nature  { background: rgba(130,190,100,.1); color: #6b9c4a; border: 1px solid rgba(130,190,100,.2); }\n.badge-remote  { background: rgba(195,159,118,.12); color: #a67e50; border: 1px solid rgba(195,159,118,.25); }\n\n.lk-stay-name {\n  font-family: 'Playfair Display', Georgia, serif;\n  font-size: 18px;\n  font-weight: 700;\n  color: #111827;\n  line-height: 1.3;\n}\n.lk-stay-desc {\n  font-size: 13.5px;\n  color: #525252;\n  line-height: 1.65;\n  font-weight: 300;\n  flex: 1;\n}\n\n.lk-stay-meta {\n  display: flex;\n  align-items: center;\n  gap: 12px;\n  flex-wrap: wrap;\n  margin-top: 4px;\n}\n.lk-stay-price {\n  font-size: 13px;\n  color: #6b7280;\n}\n.lk-stay-price strong {\n  color: #c39f76;\n  font-weight: 500;\n}\n.lk-stay-stars {\n  color: #c39f76;\n  font-size: 11px;\n  letter-spacing: 1px;\n}\n\n\/* \u2500\u2500\u2500 CTA BUTTON \u2500\u2500\u2500 *\/\n.lk-stay-cta {\n  display: inline-flex;\n  align-items: center;\n  justify-content: center;\n  gap: 7px;\n  margin-top: 8px;\n  padding: 11px 20px;\n  border-radius: 8px;\n  background: linear-gradient(135deg, #3685fc 0%, #2a6fd9 100%);\n  color: #fff;\n  font-size: 13px;\n  font-weight: 500;\n  text-decoration: none;\n  letter-spacing: .3px;\n  transition: all .2s ease;\n  cursor: pointer;\n  border: none;\n  text-align: center;\n  box-shadow: 0 4px 12px rgba(54, 133, 252, 0.25);\n}\n.lk-stay-cta:hover {\n  background: linear-gradient(135deg, #2a6fd9 0%, #1e5bc4 100%);\n  transform: translateY(-1px);\n  box-shadow: 0 6px 16px rgba(54, 133, 252, 0.35);\n}\n.lk-stay-cta svg { flex-shrink: 0; }\n\n\/* \u2500\u2500\u2500 FOOTER \u2500\u2500\u2500 *\/\n.lk-stays-footer {\n  padding: 18px 36px;\n  background: linear-gradient(to bottom, #fdfaf5 0%, #f9f4ed 100%);\n  border-top: 1px solid rgba(195, 159, 118, 0.15);\n  display: flex;\n  align-items: center;\n  justify-content: space-between;\n  flex-wrap: wrap;\n  gap: 12px;\n}\n.lk-stays-footer-note {\n  font-size: 11.5px;\n  color: #6b7280;\n  font-weight: 300;\n  line-height: 1.5;\n}\n.lk-stays-footer-note a {\n  color: #c39f76;\n  text-decoration: none;\n  font-weight: 400;\n}\n.lk-stays-footer-note a:hover {\n  text-decoration: underline;\n}\n.lk-stays-all-btn {\n  display: inline-flex;\n  align-items: center;\n  gap: 6px;\n  font-size: 12.5px;\n  font-weight: 500;\n  color: #c39f76;\n  text-decoration: none;\n  border: 1px solid rgba(195, 159, 118, 0.35);\n  padding: 8px 18px;\n  border-radius: 8px;\n  transition: all .2s ease;\n}\n.lk-stays-all-btn:hover {\n  background: rgba(195, 159, 118, 0.08);\n  border-color: rgba(195, 159, 118, 0.5);\n}\n\n\/* \u2500\u2500\u2500 RESPONSIVE \u2500\u2500\u2500 *\/\n@media (max-width: 600px) {\n  .lk-stays-grid { grid-template-columns: 1fr; }\n  .lk-stays-header { padding: 24px 20px; }\n  .lk-stays-footer { padding: 16px 20px; }\n  .lk-stay-card { padding: 22px; }\n  .lk-stays-title { font-size: 20px; }\n}\n<\/style>\n\n  <!-- HEADER -->\n  <div class=\"lk-stays-header\">\n    <img decoding=\"async\" src=\"https:\/\/loudavymkrokem.cz\/wp-content\/uploads\/2026\/02\/lukas-a-lucka.jpg\" alt=\"\" style=\"width: 75px; height: 75px; border-radius: 8px; flex-shrink: 0; object-fit: cover; display: block; margin: 4px 0;\" title=\"\">\n    <div class=\"lk-stays-header-text\">\n      <div class=\"lk-stays-eyebrow\">Luk\u00e1\u0161 \u00e9s Lucie aj\u00e1nlj\u00e1k<\/div>\n      <div class=\"lk-stays-title\">Hol sz\u00e1lljon meg N\u00e9metorsz\u00e1gban<\/div>\n      <div class=\"lk-stays-subtitle\">6 sz\u00e1ll\u00e1s \u2014 wellness sz\u00e1llod\u00e1k, hotelek \u00e9s egy\u00e9b sz\u00e1ll\u00e1slehet\u0151s\u00e9gek<\/div>\n    <\/div>\n  <\/div>\n\n  <!-- CARDS -->\n  <div class=\"lk-stays-grid\">\n\n    <a class=\"lk-stay-card featured\" href=\"https:\/\/www.stay22.com\/allez\/roam?aid=lukaskonecny&#038;campaign=loudavymkrokemcz&#038;campaign=hu&#038;campaign=termaly-nemecko&#038;hotelname=Hotel%20Victory%20Therme%20Erding&#038;address=Erding%2C%20Nemecko\" target=\"_blank\" rel=\"nofollow noopener\">\n      <span class=\"lk-stay-badge badge-top\">\u2b50 TOP V\u00c1LASZT\u00c1S<\/span>\n      <span class=\"lk-stay-badge badge-nature\">\ud83c\udfe8 Hotel<\/span>\n      <div class=\"lk-stay-name\">Hotel Victory Therme Erding<\/div>\n      <div class=\"lk-stay-desc\">Luxussz\u00e1lloda k\u00f6zvetlen\u00fcl a Therme Erding ter\u00fclet\u00e9n, HMS Victory haj\u00f3 st\u00edlus\u00e1ban berendezett szob\u00e1kkal. Az \u00e9jszaka \u00e1r\u00e1ban term\u00e1lf\u00fcrd\u0151 bel\u00e9p\u0151.<\/div>\n      <div class=\"lk-stay-meta\">\n        <span class=\"lk-stay-stars\">\u2605\u2605\u2605\u2605<\/span>\n        <span class=\"lk-stay-price\">\u00c1rak ellen\u0151rz\u00e9se<\/span>\n      <\/div>\n      <span class=\"lk-stay-cta\">\n        <svg width=\"14\" height=\"14\" viewBox=\"0 0 24 24\" fill=\"none\" stroke=\"currentColor\" stroke-width=\"2\"><path d=\"M18 13v6a2 2 0 0 1-2 2H5a2 2 0 0 1-2-2V8a2 2 0 0 1 2-2h6\"\/><polyline points=\"15 3 21 3 21 9\"\/><line x1=\"10\" y1=\"14\" x2=\"21\" y2=\"3\"\/><\/svg>\n        Ellen\u0151rizd az el\u00e9rhet\u0151s\u00e9get\n      <\/span>\n    <\/a>\n\n    <a class=\"lk-stay-card\" href=\"https:\/\/www.stay22.com\/allez\/roam?aid=lukaskonecny&#038;campaign=loudavymkrokemcz&#038;campaign=hu&#038;campaign=termaly-nemecko&#038;hotelname=Thermenhotel%20Gass&#038;address=Bad%20Fussing%2C%20Nemecko\" target=\"_blank\" rel=\"nofollow noopener\">\n      <span class=\"lk-stay-badge badge-nature\">\ud83c\udfe8 Hotel<\/span>\n      <div class=\"lk-stay-name\">Thermenhotel Gass<\/div>\n      <div class=\"lk-stay-desc\">H\u00e1romcsillagos superior sz\u00e1lloda saj\u00e1t medenc\u00e9kkel, amelyek k\u00f6zvetlen\u00fcl a Therme 1-b\u0151l sz\u00e1rmaz\u00f3 term\u00e1lis k\u00e9nes v\u00edzzel vannak felt\u00f6ltve.<\/div>\n      <div class=\"lk-stay-meta\">\n        <span class=\"lk-stay-stars\">\u2605\u2605\u2605<\/span>\n        <span class=\"lk-stay-price\">\u00c1rak ellen\u0151rz\u00e9se<\/span>\n      <\/div>\n      <span class=\"lk-stay-cta\">\n        <svg width=\"14\" height=\"14\" viewBox=\"0 0 24 24\" fill=\"none\" stroke=\"currentColor\" stroke-width=\"2\"><path d=\"M18 13v6a2 2 0 0 1-2 2H5a2 2 0 0 1-2-2V8a2 2 0 0 1 2-2h6\"\/><polyline points=\"15 3 21 3 21 9\"\/><line x1=\"10\" y1=\"14\" x2=\"21\" y2=\"3\"\/><\/svg>\n        Ellen\u0151rizd az el\u00e9rhet\u0151s\u00e9get\n      <\/span>\n    <\/a>\n\n    <a class=\"lk-stay-card\" href=\"https:\/\/www.stay22.com\/allez\/roam?aid=lukaskonecny&#038;campaign=loudavymkrokemcz&#038;campaign=hu&#038;campaign=termaly-nemecko&#038;hotelname=Hotel%20an%20der%20Therme%20Bad%20Sulza&#038;address=Bad%20Sulza%2C%20Nemecko\" target=\"_blank\" rel=\"nofollow noopener\">\n      <span class=\"lk-stay-badge badge-nature\">\ud83c\udfe8 Hotel<\/span>\n      <div class=\"lk-stay-name\">Hotel an der Therme Bad Sulza<\/div>\n      <div class=\"lk-stay-desc\">Sz\u00e1lloda, amely k\u00f6penyes folyos\u00f3n kereszt\u00fcl kapcsol\u00f3dik a Toskana Therme-hez. Az \u00e9jszaka \u00e1r\u00e1ban term\u00e1lf\u00fcrd\u0151 bel\u00e9p\u0151 a szaunavil\u00e1ggal egy\u00fctt.<\/div>\n      <div class=\"lk-stay-meta\">\n        <span class=\"lk-stay-stars\">\u2605\u2605\u2605\u2605<\/span>\n        <span class=\"lk-stay-price\">\u00c1rak ellen\u0151rz\u00e9se<\/span>\n      <\/div>\n      <span class=\"lk-stay-cta\">\n        <svg width=\"14\" height=\"14\" viewBox=\"0 0 24 24\" fill=\"none\" stroke=\"currentColor\" stroke-width=\"2\"><path d=\"M18 13v6a2 2 0 0 1-2 2H5a2 2 0 0 1-2-2V8a2 2 0 0 1 2-2h6\"\/><polyline points=\"15 3 21 3 21 9\"\/><line x1=\"10\" y1=\"14\" x2=\"21\" y2=\"3\"\/><\/svg>\n        Ellen\u0151rizd az el\u00e9rhet\u0151s\u00e9get\n      <\/span>\n    <\/a>\n\n    <a class=\"lk-stay-card\" href=\"https:\/\/www.stay22.com\/allez\/roam?aid=lukaskonecny&#038;campaign=loudavymkrokemcz&#038;campaign=hu&#038;campaign=termaly-nemecko&#038;hotelname=Mauritius%20Hotel%20%26%20Therme&#038;address=Kolin%20nad%20Rynem%2C%20Nemecko\" target=\"_blank\" rel=\"nofollow noopener\">\n      <span class=\"lk-stay-badge badge-nature\">\u2b50 Luxury<\/span>\n      <div class=\"lk-stay-name\">Mauritius Hotel &#038; Therme<\/div>\n      <div class=\"lk-stay-desc\">N\u00e9gycsillagos sz\u00e1lloda hatalmas 3500 m\u00b2-es wellness r\u00e9szleggel. H\u00e9t szauna \u00e9s k\u00fclt\u00e9ri medence Holt-tengeri s\u00f3val.<\/div>\n      <div class=\"lk-stay-meta\">\n        <span class=\"lk-stay-stars\">\u2605\u2605\u2605\u2605<\/span>\n        <span class=\"lk-stay-price\">10 EUR-t\u00f3l\/wellness nap<\/span>\n      <\/div>\n      <span class=\"lk-stay-cta\">\n        <svg width=\"14\" height=\"14\" viewBox=\"0 0 24 24\" fill=\"none\" stroke=\"currentColor\" stroke-width=\"2\"><path d=\"M18 13v6a2 2 0 0 1-2 2H5a2 2 0 0 1-2-2V8a2 2 0 0 1 2-2h6\"\/><polyline points=\"15 3 21 3 21 9\"\/><line x1=\"10\" y1=\"14\" x2=\"21\" y2=\"3\"\/><\/svg>\n        Ellen\u0151rizd az el\u00e9rhet\u0151s\u00e9get\n      <\/span>\n    <\/a>\n\n    <a class=\"lk-stay-card\" href=\"https:\/\/www.stay22.com\/allez\/roam?aid=lukaskonecny&#038;campaign=loudavymkrokemcz&#038;campaign=hu&#038;campaign=termaly-nemecko&#038;hotelname=Hotel%20Zum%20Rittmeister&#038;address=Werder%20Havel%2C%20Nemecko\" target=\"_blank\" rel=\"nofollow noopener\">\n      <span class=\"lk-stay-badge badge-nature\">\ud83c\udfe8 Hotel<\/span>\n      <div class=\"lk-stay-name\">Hotel Zum Rittmeister<\/div>\n      <div class=\"lk-stay-desc\">Sz\u00e1lloda 35 hangulatos szob\u00e1val. A vend\u00e9gek kedvezm\u00e9nyes bel\u00e9p\u00e9st kapnak a k\u00f6zeli Havel Therme-be a G\u00e4stekarte bemutat\u00e1s\u00e1val.<\/div>\n      <div class=\"lk-stay-meta\">\n        <span class=\"lk-stay-stars\">\u2605\u2605\u2605\u2605<\/span>\n        <span class=\"lk-stay-price\">\u00c1rak ellen\u0151rz\u00e9se<\/span>\n      <\/div>\n      <span class=\"lk-stay-cta\">\n        <svg width=\"14\" height=\"14\" viewBox=\"0 0 24 24\" fill=\"none\" stroke=\"currentColor\" stroke-width=\"2\"><path d=\"M18 13v6a2 2 0 0 1-2 2H5a2 2 0 0 1-2-2V8a2 2 0 0 1 2-2h6\"\/><polyline points=\"15 3 21 3 21 9\"\/><line x1=\"10\" y1=\"14\" x2=\"21\" y2=\"3\"\/><\/svg>\n        Ellen\u0151rizd az el\u00e9rhet\u0151s\u00e9get\n      <\/span>\n    <\/a>\n\n    <a class=\"lk-stay-card\" href=\"https:\/\/www.stay22.com\/allez\/roam?aid=lukaskonecny&#038;campaign=loudavymkrokemcz&#038;campaign=hu&#038;campaign=termaly-nemecko&#038;hotelname=Hotel%20Palatin&#038;address=Wiesloch%2C%20Nemecko\" target=\"_blank\" rel=\"nofollow noopener\">\n      <span class=\"lk-stay-badge badge-nature\">\ud83c\udfe8 Hotel<\/span>\n      <div class=\"lk-stay-name\">Hotel Palatin<\/div>\n      <div class=\"lk-stay-desc\">A Sinsheim f\u00fcrd\u0151 partnersz\u00e1llod\u00e1ja. Kedvez\u0151 csomagok \u00e9jszak\u00e1val, reggelivel \u00e9s term\u00e1lf\u00fcrd\u0151 bel\u00e9p\u0151vel 79 EUR-t\u00f3l.<\/div>\n      <div class=\"lk-stay-meta\">\n        <span class=\"lk-stay-stars\">\u2605\u2605\u2605\u2605<\/span>\n        <span class=\"lk-stay-price\">79 EUR-t\u00f3l\/f\u0151<\/span>\n      <\/div>\n      <span class=\"lk-stay-cta\">\n        <svg width=\"14\" height=\"14\" viewBox=\"0 0 24 24\" fill=\"none\" stroke=\"currentColor\" stroke-width=\"2\"><path d=\"M18 13v6a2 2 0 0 1-2 2H5a2 2 0 0 1-2-2V8a2 2 0 0 1 2-2h6\"\/><polyline points=\"15 3 21 3 21 9\"\/><line x1=\"10\" y1=\"14\" x2=\"21\" y2=\"3\"\/><\/svg>\n        Ellen\u0151rizd az el\u00e9rhet\u0151s\u00e9get\n      <\/span>\n    <\/a>\n\n  <\/div>\n\n  \n<\/div>\n\n\n\n\n<h3 class=\"wp-block-heading\"><span class=\"ez-toc-section\" id=\"27_Thermen_Badewelt_Euskirchen_Euskirchen\"><\/span>27. Thermen &#038; Badewelt Euskirchen (Euskirchen)<span class=\"ez-toc-section-end\"><\/span><\/h3>\n\n\n\n<p class=\"wp-block-paragraph\">Ez a modern komplexum k\u00f6r\u00fclbel\u00fcl <strong>45 perc \u00fatra fekszik K\u00f6lnt\u0151l<\/strong>, \u00e9s ugyanahhoz az \u00fczemeltet\u0151h\u00f6z tartozik, mint a h\u00edres sinsheimi komplexum. Els\u0151 pillant\u00e1sra elragad a lag\u00fan\u00e1kban val\u00f3 nagyvonal\u00fa f\u00fcrd\u0151z\u00e9s, amelyek egy <strong>tekint\u00e9lyes, 6500 m\u00b2-es term\u00e9szetes t\u00f3<\/strong> mellett ter\u00fclnek el. A k\u00e9nyelmes fekv\u0151\u00e1gyakr\u00f3l a kil\u00e1t\u00e1s k\u00f6zvetlen\u00fcl erre a kiterjedt v\u00edzfel\u00fcletre nyugtat\u00f3 hat\u00e1s\u00fa.<\/p>\n\n\n\n<p class=\"wp-block-paragraph\">Sz\u00e1m\u00edthatsz a <strong>33 \u00b0C-os meleg viz\u0171 Blaue Lagun\u00e9ra<\/strong>, amelyet a bel- \u00e9s k\u00fclt\u00e9ri r\u00e9szben egyar\u00e1nt \u00e9lvezhetsz. Ezenk\u00edv\u00fcl k\u00fcl\u00f6nf\u00e9le relax\u00e1ci\u00f3s o\u00e1zisok, egy friss\u00edt\u0151 j\u00e9gk\u00fat vagy egy nagyon hat\u00e1sos, k\u00e1lavir\u00e1g form\u00e1j\u00fa zuhany v\u00e1rnak r\u00e1d. Ha csak most kezded a test \u00e1tmeleg\u00edt\u00e9s\u00e9t, \u00e9s nem szeretn\u00e9l r\u00f6gt\u00f6n extr\u00e9m forr\u00f3s\u00e1gba menni, az \u00fczemeltet\u0151 azt aj\u00e1nlja, hogy <strong>egy kellemes 60 \u00b0C-os szaun\u00e1ban<\/strong> ind\u00edts.<\/p>\n\n\n\n<p class=\"wp-block-paragraph\">A komplexum els\u0151sorban a nyugodt pihen\u00e9sre van kialak\u00edtva, ez\u00e9rt vas\u00e1rnapt\u00f3l p\u00e9ntekig <strong>csak a 16 \u00e9vn\u00e9l id\u0151sebb l\u00e1togat\u00f3k l\u00e9phetnek be<\/strong>. Kisebb gyerekes csal\u00e1doknak teh\u00e1t ez a komplexum h\u00e9tk\u00f6znapokon nem alkalmas. <strong>\ud83d\udca1 Tipp:<\/strong> Ha szereted az igazi nyugalmat, haszn\u00e1ld \u00e9pp a h\u00e9tk\u00f6znapokat, amikor a fiatalabb koroszt\u00e1ly bel\u00e9p\u00e9se korl\u00e1tozott, \u00e9s a f\u00fcrd\u0151 a csend o\u00e1zis\u00e1t k\u00edn\u00e1lja.<\/p>\n\n\n\n<figure data-wp-context=\"{&quot;imageId&quot;:&quot;6a9c16a642520&quot;}\" data-wp-interactive=\"core\/image\" data-wp-key=\"6a9c16a642520\" class=\"wp-block-image size-full wp-lightbox-container\"><img decoding=\"async\" width=\"1800\" height=\"1012\" data-wp-class--hide=\"state.isContentHidden\" data-wp-class--show=\"state.isContentVisible\" data-wp-init=\"callbacks.setButtonStyles\" data-wp-on--click=\"actions.showLightbox\" data-wp-on--load=\"callbacks.setButtonStyles\" data-wp-on--pointerdown=\"actions.preloadImage\" data-wp-on--pointerenter=\"actions.preloadImageWithDelay\" data-wp-on--pointerleave=\"actions.cancelPreload\" data-wp-on-window--resize=\"callbacks.setButtonStyles\" src=\"https:\/\/loudavymkrokem.cz\/wp-content\/uploads\/2026\/09\/nemecko-clanky-termaly-nemecko-35-2fe13158-1.jpg\" alt=\"Bali Therme (Bad Oeynhausen): relax\u00e1ci\u00f3s medence\" class=\"wp-image-415340\" title=\"\" srcset=\"https:\/\/loudavymkrokem.cz\/wp-content\/uploads\/2026\/09\/nemecko-clanky-termaly-nemecko-35-2fe13158-1.jpg 1800w, https:\/\/loudavymkrokem.cz\/wp-content\/uploads\/2026\/09\/nemecko-clanky-termaly-nemecko-35-2fe13158-1-300x169.jpg 300w, https:\/\/loudavymkrokem.cz\/wp-content\/uploads\/2026\/09\/nemecko-clanky-termaly-nemecko-35-2fe13158-1-700x394.jpg 700w, https:\/\/loudavymkrokem.cz\/wp-content\/uploads\/2026\/09\/nemecko-clanky-termaly-nemecko-35-2fe13158-1-768x432.jpg 768w, https:\/\/loudavymkrokem.cz\/wp-content\/uploads\/2026\/09\/nemecko-clanky-termaly-nemecko-35-2fe13158-1-1536x864.jpg 1536w, https:\/\/loudavymkrokem.cz\/wp-content\/uploads\/2026\/09\/nemecko-clanky-termaly-nemecko-35-2fe13158-1-696x391.jpg 696w, https:\/\/loudavymkrokem.cz\/wp-content\/uploads\/2026\/09\/nemecko-clanky-termaly-nemecko-35-2fe13158-1-1392x783.jpg 1392w\" sizes=\"(max-width: 1800px) 100vw, 1800px\" \/><button\n\t\t\tclass=\"lightbox-trigger\"\n\t\t\ttype=\"button\"\n\t\t\taria-haspopup=\"dialog\"\n\t\t\tdata-wp-bind--aria-label=\"state.thisImage.triggerButtonAriaLabel\"\n\t\t\tdata-wp-init=\"callbacks.initTriggerButton\"\n\t\t\tdata-wp-on--click=\"actions.showLightbox\"\n\t\t\tdata-wp-style--right=\"state.thisImage.buttonRight\"\n\t\t\tdata-wp-style--top=\"state.thisImage.buttonTop\"\n\t\t>\n\t\t\t<svg xmlns=\"http:\/\/www.w3.org\/2000\/svg\" width=\"12\" height=\"12\" fill=\"none\" viewBox=\"0 0 12 12\">\n\t\t\t\t<path fill=\"#fff\" d=\"M2 0a2 2 0 0 0-2 2v2h1.5V2a.5.5 0 0 1 .5-.5h2V0H2Zm2 10.5H2a.5.5 0 0 1-.5-.5V8H0v2a2 2 0 0 0 2 2h2v-1.5ZM8 12v-1.5h2a.5.5 0 0 0 .5-.5V8H12v2a2 2 0 0 1-2 2H8Zm2-12a2 2 0 0 1 2 2v2h-1.5V2a.5.5 0 0 0-.5-.5H8V0h2Z\" \/>\n\t\t\t<\/svg>\n\t\t<\/button><\/figure>\n\n\n\n<h3 class=\"wp-block-heading\"><span class=\"ez-toc-section\" id=\"28_Bali_Therme_Bad_Oeynhausen\"><\/span>28. Bali Therme (Bad Oeynhausen)<span class=\"ez-toc-section-end\"><\/span><\/h3>\n\n\n\n<p class=\"wp-block-paragraph\">Ahogy a n\u00e9v is sejteti, ebben a komplexumban t\u00f6k\u00e9letes balin\u00e9z \u00e9p\u00edt\u00e9szet v\u00e1r r\u00e1d, tele f\u00e1b\u00f3l k\u00e9sz\u00fclt \u00f6sv\u00e9nyekkel, eredeti szobrokkal \u00e9s hagyom\u00e1nyos farag\u00e1sokkal. Az itteni medenc\u00e9ket \u00e1llamilag elismert gy\u00f3gyv\u00edz t\u00f6lti meg egy forr\u00e1sb\u00f3l, amelyet <strong>egyed\u00fcl\u00e1ll\u00f3, 1034 m\u00e9teres m\u00e9lys\u00e9gb\u0151l fejtenek<\/strong>. Megfogott, hogy ez a v\u00edz m\u00e9szk\u00f6v\u00f6n \u00e9s dolomiton \u00e1t <strong>39 000 \u00e9vig<\/strong> sziv\u00e1rgott a f\u00f6ld alatt, miel\u0151tt a felsz\u00ednre jutott.<\/p>\n\n\n\n<p class=\"wp-block-paragraph\">Az \u00e1tmeleged\u00e9s szerelmesei itt a hetedik mennyorsz\u00e1gban lesznek, mert a komplexum <strong>r\u00f6gt\u00f6n 14 k\u00fcl\u00f6nb\u00f6z\u0151 szaun\u00e1t<\/strong> k\u00edn\u00e1l, bele\u00e9rtve egy g\u0151z- \u00e9s egy speci\u00e1lis f\u00f6ldszaun\u00e1t. Teljes unikum azonban a <strong>150 \u00e9ves, 6 m\u00e9ter magas sz\u00e1raz szauna<\/strong>, amely egy templom mint\u00e1j\u00e1ra \u00e9p\u00fclt. A N\u00e9metorsz\u00e1gba sz\u00e1ll\u00edt\u00e1shoz 500 k\u00fcl\u00f6n\u00e1ll\u00f3 darabra kellett sz\u00e9tszedni, majd a helysz\u00ednen pontosan \u00fajra \u00f6ssze\u00e1ll\u00edtani.<\/p>\n\n\n\n<p class=\"wp-block-paragraph\">A 2026-os \u00e1rlista szerint <strong>egy eg\u00e9sznapos jegy\u00e9rt 28 EUR-t<\/strong> fizetsz, a szaun\u00e1kba val\u00f3 bel\u00e9p\u00e9ssel pedig 41 EUR-t. A h\u00e9tv\u00e9gi fel\u00e1r 3\u20135 EUR. A 3 \u00e9v alatti gyerekeknek ingyenes a bel\u00e9p\u00e9s, de a 12 \u00e9v alattiak <strong>egy\u00e1ltal\u00e1n nem mehetnek a szaunar\u00e9szbe<\/strong>. A 16 \u00e9v alatti fiatalokat csak feln\u0151tt k\u00eds\u00e9ret\u00e9ben engedik be. <strong>\ud83d\udca1 Tipp:<\/strong> Pihenj meg az eredeti balin\u00e9z pavilonban, amely t\u00f6k\u00e9letesen al\u00e1h\u00fazza ennek a helynek az eg\u00e9sz egzotikus hangulat\u00e1t.<\/p>\n\n\n\n<figure data-wp-context=\"{&quot;imageId&quot;:&quot;6a9c16a642acf&quot;}\" data-wp-interactive=\"core\/image\" data-wp-key=\"6a9c16a642acf\" class=\"wp-block-image size-full wp-lightbox-container\"><img decoding=\"async\" width=\"1800\" height=\"1429\" data-wp-class--hide=\"state.isContentHidden\" data-wp-class--show=\"state.isContentVisible\" data-wp-init=\"callbacks.setButtonStyles\" data-wp-on--click=\"actions.showLightbox\" data-wp-on--load=\"callbacks.setButtonStyles\" data-wp-on--pointerdown=\"actions.preloadImage\" data-wp-on--pointerenter=\"actions.preloadImageWithDelay\" data-wp-on--pointerleave=\"actions.cancelPreload\" data-wp-on-window--resize=\"callbacks.setButtonStyles\" src=\"https:\/\/loudavymkrokem.cz\/wp-content\/uploads\/2026\/09\/nemecko-clanky-termaly-nemecko-36-6c0708ca-1.jpg\" alt=\"Carolus Thermen (Aachen): szaunar\u00e9sz\" class=\"wp-image-415342\" title=\"\" srcset=\"https:\/\/loudavymkrokem.cz\/wp-content\/uploads\/2026\/09\/nemecko-clanky-termaly-nemecko-36-6c0708ca-1.jpg 1800w, https:\/\/loudavymkrokem.cz\/wp-content\/uploads\/2026\/09\/nemecko-clanky-termaly-nemecko-36-6c0708ca-1-300x238.jpg 300w, https:\/\/loudavymkrokem.cz\/wp-content\/uploads\/2026\/09\/nemecko-clanky-termaly-nemecko-36-6c0708ca-1-700x556.jpg 700w, https:\/\/loudavymkrokem.cz\/wp-content\/uploads\/2026\/09\/nemecko-clanky-termaly-nemecko-36-6c0708ca-1-768x610.jpg 768w, https:\/\/loudavymkrokem.cz\/wp-content\/uploads\/2026\/09\/nemecko-clanky-termaly-nemecko-36-6c0708ca-1-1536x1219.jpg 1536w, https:\/\/loudavymkrokem.cz\/wp-content\/uploads\/2026\/09\/nemecko-clanky-termaly-nemecko-36-6c0708ca-1-696x553.jpg 696w, https:\/\/loudavymkrokem.cz\/wp-content\/uploads\/2026\/09\/nemecko-clanky-termaly-nemecko-36-6c0708ca-1-1392x1105.jpg 1392w\" sizes=\"(max-width: 1800px) 100vw, 1800px\" \/><button\n\t\t\tclass=\"lightbox-trigger\"\n\t\t\ttype=\"button\"\n\t\t\taria-haspopup=\"dialog\"\n\t\t\tdata-wp-bind--aria-label=\"state.thisImage.triggerButtonAriaLabel\"\n\t\t\tdata-wp-init=\"callbacks.initTriggerButton\"\n\t\t\tdata-wp-on--click=\"actions.showLightbox\"\n\t\t\tdata-wp-style--right=\"state.thisImage.buttonRight\"\n\t\t\tdata-wp-style--top=\"state.thisImage.buttonTop\"\n\t\t>\n\t\t\t<svg xmlns=\"http:\/\/www.w3.org\/2000\/svg\" width=\"12\" height=\"12\" fill=\"none\" viewBox=\"0 0 12 12\">\n\t\t\t\t<path fill=\"#fff\" d=\"M2 0a2 2 0 0 0-2 2v2h1.5V2a.5.5 0 0 1 .5-.5h2V0H2Zm2 10.5H2a.5.5 0 0 1-.5-.5V8H0v2a2 2 0 0 0 2 2h2v-1.5ZM8 12v-1.5h2a.5.5 0 0 0 .5-.5V8H12v2a2 2 0 0 1-2 2H8Zm2-12a2 2 0 0 1 2 2v2h-1.5V2a.5.5 0 0 0-.5-.5H8V0h2Z\" \/>\n\t\t\t<\/svg>\n\t\t<\/button><\/figure>\n\n\n\n<h3 class=\"wp-block-heading\"><span class=\"ez-toc-section\" id=\"29_Carolus_Thermen_Aachen\"><\/span>29. Carolus Thermen (Aachen)<span class=\"ez-toc-section-end\"><\/span><\/h3>\n\n\n\n<p class=\"wp-block-paragraph\">Ez a hely hihetetlen\u00fcl hossz\u00fa hagyom\u00e1nyra \u00e9p\u00fcl, mert Aachen v\u00e1rosa <strong>m\u00e1r i. sz. 85 \u00f3ta<\/strong> r\u00f3mai f\u00fcrd\u0151k\u00e9nt, Aquae Grannik\u00e9nt m\u0171k\u00f6d\u00f6tt. Az itteni \u00e9p\u00edt\u00e9szeti remekm\u0171vet Rudolf Wienands m\u00fcncheni \u00e9p\u00edt\u00e9sz tervezte, a komplexum pedig h\u00e1rom \u00e9v \u00e9p\u00edt\u00e9s ut\u00e1n <strong>2001. febru\u00e1r 9-\u00e9n \u00fcnnep\u00e9lyesen megny\u00edlt<\/strong>. Z\u00f6kken\u0151mentesen felv\u00e1ltotta a r\u00e9gebbi belv\u00e1rosi \u00fczemeket, amelyek az ezredfordul\u00f3n bez\u00e1rtak.<\/p>\n\n\n\n<p class=\"wp-block-paragraph\">A komplexum m\u0171k\u00f6d\u00e9s\u00e9r\u0151l egy 1932 \u00f3ta m\u0171k\u00f6d\u0151 v\u00e1rosi f\u00fcrd\u0151t\u00e1rsas\u00e1g gondoskodik, amely egy\u00fattal az <strong>\u00e1llamilag elismert aacheni gy\u00f3gyf\u00fcrd\u0151t<\/strong> is kezeli. Kipr\u00f3b\u00e1l\u00e1sra \u00e9rdemes f\u0151leg a n\u00e9pszer\u0171 Strokkur g\u0151zf\u00fcrd\u0151, amely egy nagyon k\u00f6lts\u00e9ges \u00e1t\u00e9p\u00edt\u00e9s ut\u00e1n 2012 janu\u00e1rj\u00e1ban mutatkozott be a l\u00e1togat\u00f3knak.<\/p>\n\n\n\n<p class=\"wp-block-paragraph\">A 2026-os \u00e1rlista szerint sz\u00e1m\u00edts egy praktikus, <strong>6 EUR-s parkol\u00f3\u00e1tal\u00e1nyra<\/strong>. Ez\u00e9rt az \u00f6sszeg\u00e9rt a parkol\u00f3h\u00e1zban hagyhatod az aut\u00f3t az eg\u00e9sz l\u00e1togat\u00e1sod alatt, a f\u00fcrd\u0151be pedig k\u00e9nyelmesen, sz\u00e1raz l\u00e1bbal jutsz. A komplexum ink\u00e1bb nyugodt \u00e1tmeleged\u00e9sre alkalmas, nagy v\u00edzi attrakci\u00f3k n\u00e9lk\u00fcl. <strong>\ud83d\udca1 Tipp:<\/strong> A parkol\u00f3\u00e1tal\u00e1ny akkor is meg\u00e9ri, ha f\u00fcrd\u00e9s ut\u00e1n be szeretn\u00e9l menni Aachen k\u00f6zpontj\u00e1ba, a gar\u00e1zs a sz\u00e9kesegyh\u00e1zt\u00f3l p\u00e1r perc gyalog.<\/p>\n\n\n\n<figure data-wp-context=\"{&quot;imageId&quot;:&quot;6a9c16a643122&quot;}\" data-wp-interactive=\"core\/image\" data-wp-key=\"6a9c16a643122\" class=\"wp-block-image size-full wp-lightbox-container\"><img decoding=\"async\" width=\"1800\" height=\"964\" data-wp-class--hide=\"state.isContentHidden\" data-wp-class--show=\"state.isContentVisible\" data-wp-init=\"callbacks.setButtonStyles\" data-wp-on--click=\"actions.showLightbox\" data-wp-on--load=\"callbacks.setButtonStyles\" data-wp-on--pointerdown=\"actions.preloadImage\" data-wp-on--pointerenter=\"actions.preloadImageWithDelay\" data-wp-on--pointerleave=\"actions.cancelPreload\" data-wp-on-window--resize=\"callbacks.setButtonStyles\" src=\"https:\/\/loudavymkrokem.cz\/wp-content\/uploads\/2026\/09\/nemecko-clanky-termaly-nemecko-37-63e6c760-1.jpg\" alt=\"Mediterana (Bergisch Gladbach)\" class=\"wp-image-415345\" title=\"\" srcset=\"https:\/\/loudavymkrokem.cz\/wp-content\/uploads\/2026\/09\/nemecko-clanky-termaly-nemecko-37-63e6c760-1.jpg 1800w, https:\/\/loudavymkrokem.cz\/wp-content\/uploads\/2026\/09\/nemecko-clanky-termaly-nemecko-37-63e6c760-1-300x161.jpg 300w, https:\/\/loudavymkrokem.cz\/wp-content\/uploads\/2026\/09\/nemecko-clanky-termaly-nemecko-37-63e6c760-1-700x375.jpg 700w, https:\/\/loudavymkrokem.cz\/wp-content\/uploads\/2026\/09\/nemecko-clanky-termaly-nemecko-37-63e6c760-1-768x411.jpg 768w, https:\/\/loudavymkrokem.cz\/wp-content\/uploads\/2026\/09\/nemecko-clanky-termaly-nemecko-37-63e6c760-1-1536x823.jpg 1536w, https:\/\/loudavymkrokem.cz\/wp-content\/uploads\/2026\/09\/nemecko-clanky-termaly-nemecko-37-63e6c760-1-696x373.jpg 696w, https:\/\/loudavymkrokem.cz\/wp-content\/uploads\/2026\/09\/nemecko-clanky-termaly-nemecko-37-63e6c760-1-1392x745.jpg 1392w\" sizes=\"(max-width: 1800px) 100vw, 1800px\" \/><button\n\t\t\tclass=\"lightbox-trigger\"\n\t\t\ttype=\"button\"\n\t\t\taria-haspopup=\"dialog\"\n\t\t\tdata-wp-bind--aria-label=\"state.thisImage.triggerButtonAriaLabel\"\n\t\t\tdata-wp-init=\"callbacks.initTriggerButton\"\n\t\t\tdata-wp-on--click=\"actions.showLightbox\"\n\t\t\tdata-wp-style--right=\"state.thisImage.buttonRight\"\n\t\t\tdata-wp-style--top=\"state.thisImage.buttonTop\"\n\t\t>\n\t\t\t<svg xmlns=\"http:\/\/www.w3.org\/2000\/svg\" width=\"12\" height=\"12\" fill=\"none\" viewBox=\"0 0 12 12\">\n\t\t\t\t<path fill=\"#fff\" d=\"M2 0a2 2 0 0 0-2 2v2h1.5V2a.5.5 0 0 1 .5-.5h2V0H2Zm2 10.5H2a.5.5 0 0 1-.5-.5V8H0v2a2 2 0 0 0 2 2h2v-1.5ZM8 12v-1.5h2a.5.5 0 0 0 .5-.5V8H12v2a2 2 0 0 1-2 2H8Zm2-12a2 2 0 0 1 2 2v2h-1.5V2a.5.5 0 0 0-.5-.5H8V0h2Z\" \/>\n\t\t\t<\/svg>\n\t\t<\/button><\/figure>\n\n\n\n<h3 class=\"wp-block-heading\"><span class=\"ez-toc-section\" id=\"30_Mediterana_Bergisch_Gladbach\"><\/span>30. Mediterana (Bergisch Gladbach)<span class=\"ez-toc-section-end\"><\/span><\/h3>\n\n\n\n<p class=\"wp-block-paragraph\">Ha a relax\u00e1ci\u00f3s lehet\u0151s\u00e9gek \u00f3ri\u00e1si v\u00e1laszt\u00e9k\u00e1t keresed, itt el leszel ragadtatva, mert a komplexum <strong>r\u00f6gt\u00f6n 13 k\u00fcl\u00f6nb\u00f6z\u0151 vil\u00e1got<\/strong> k\u00edn\u00e1l, amelyek mindegyik\u00e9nek megvan a maga saj\u00e1tos jellege. A komplexum Bergisch Gladbachban tal\u00e1lhat\u00f3, \u00e9s <strong>12 v\u00e1ltozatos szaun\u00e1ban \u00e9s 1 g\u0151zf\u00fcrd\u0151ben<\/strong> melegedhetsz fel. Mindezt egy gy\u00f6ny\u00f6r\u0171, a d\u00e9li orsz\u00e1gok \u00e9p\u00edt\u00e9szet\u00e9b\u0151l ihletett k\u00f6rnyezet eg\u00e9sz\u00edti ki.<\/p>\n\n\n\n<p class=\"wp-block-paragraph\">A v\u00edz szerelmeseinek \u00f6sszesen <strong>7 medence \u00e9s v\u00edzt\u00e1roz\u00f3<\/strong> \u00e1ll rendelkez\u00e9sre, amelyek egyenesen hossz\u00fa \u00fasz\u00e1sra, nyugodt mer\u00fcl\u00e9sre vagy eg\u00e9szs\u00e9ges Kneipp-k\u00far\u00e1ra cs\u00e1b\u00edtanak. Az itteni terek hatalmasak, \u00fagyhogy mindenki k\u00f6nnyen megtal\u00e1lja a kedvenc kis zug\u00e1t a zavartalan pihen\u00e9shez egy f\u00e1raszt\u00f3 munkah\u00e9t ut\u00e1n.<\/p>\n\n\n\n<p class=\"wp-block-paragraph\">A 2026-ra \u00e9rv\u00e9nyes \u00e1rlista szerint egy eg\u00e9sznapos jegy h\u00e9tf\u0151t\u0151l cs\u00fct\u00f6rt\u00f6kig <strong>nagyon kellemes 19,50 EUR-ba<\/strong> ker\u00fcl. Ha csak k\u00e9t \u00f3r\u00e1ra j\u00f6ssz, h\u00e9tk\u00f6znap 16,50 EUR-t fizetsz, p\u00e9ntekt\u0151l vas\u00e1rnapig pedig 19,50 EUR-t. Minden tov\u00e1bbi megkezdett \u00f3r\u00e1\u00e9rt azt\u00e1n 1,50 EUR-t fizetsz r\u00e1. <strong>\ud83d\udca1 Tipp:<\/strong> Kor\u00e1n kel\u0151 vagy? Haszn\u00e1ld a reggeli \u00fasz\u00f3knak sz\u00f3l\u00f3 speci\u00e1lis tarifot, amikor egy k\u00e9t\u00f3r\u00e1s bel\u00e9p\u0151 8:00 \u00e9s 10:00 k\u00f6z\u00f6tt csak 14 EUR-ba ker\u00fcl.<\/p>\n\n\n\n<figure data-wp-context=\"{&quot;imageId&quot;:&quot;6a9c16a64359d&quot;}\" data-wp-interactive=\"core\/image\" data-wp-key=\"6a9c16a64359d\" class=\"wp-block-image size-full wp-lightbox-container\"><img decoding=\"async\" width=\"1800\" height=\"900\" data-wp-class--hide=\"state.isContentHidden\" data-wp-class--show=\"state.isContentVisible\" data-wp-init=\"callbacks.setButtonStyles\" data-wp-on--click=\"actions.showLightbox\" data-wp-on--load=\"callbacks.setButtonStyles\" data-wp-on--pointerdown=\"actions.preloadImage\" data-wp-on--pointerenter=\"actions.preloadImageWithDelay\" data-wp-on--pointerleave=\"actions.cancelPreload\" data-wp-on-window--resize=\"callbacks.setButtonStyles\" src=\"https:\/\/loudavymkrokem.cz\/wp-content\/uploads\/2026\/09\/nemecko-clanky-termaly-nemecko-38-d726c943-1.jpg\" alt=\"Vitasol Therme (Bad Salzuflen)\" class=\"wp-image-415347\" title=\"\" srcset=\"https:\/\/loudavymkrokem.cz\/wp-content\/uploads\/2026\/09\/nemecko-clanky-termaly-nemecko-38-d726c943-1.jpg 1800w, https:\/\/loudavymkrokem.cz\/wp-content\/uploads\/2026\/09\/nemecko-clanky-termaly-nemecko-38-d726c943-1-300x150.jpg 300w, https:\/\/loudavymkrokem.cz\/wp-content\/uploads\/2026\/09\/nemecko-clanky-termaly-nemecko-38-d726c943-1-700x350.jpg 700w, https:\/\/loudavymkrokem.cz\/wp-content\/uploads\/2026\/09\/nemecko-clanky-termaly-nemecko-38-d726c943-1-768x384.jpg 768w, https:\/\/loudavymkrokem.cz\/wp-content\/uploads\/2026\/09\/nemecko-clanky-termaly-nemecko-38-d726c943-1-1536x768.jpg 1536w, https:\/\/loudavymkrokem.cz\/wp-content\/uploads\/2026\/09\/nemecko-clanky-termaly-nemecko-38-d726c943-1-696x348.jpg 696w, https:\/\/loudavymkrokem.cz\/wp-content\/uploads\/2026\/09\/nemecko-clanky-termaly-nemecko-38-d726c943-1-1392x696.jpg 1392w\" sizes=\"(max-width: 1800px) 100vw, 1800px\" \/><button\n\t\t\tclass=\"lightbox-trigger\"\n\t\t\ttype=\"button\"\n\t\t\taria-haspopup=\"dialog\"\n\t\t\tdata-wp-bind--aria-label=\"state.thisImage.triggerButtonAriaLabel\"\n\t\t\tdata-wp-init=\"callbacks.initTriggerButton\"\n\t\t\tdata-wp-on--click=\"actions.showLightbox\"\n\t\t\tdata-wp-style--right=\"state.thisImage.buttonRight\"\n\t\t\tdata-wp-style--top=\"state.thisImage.buttonTop\"\n\t\t>\n\t\t\t<svg xmlns=\"http:\/\/www.w3.org\/2000\/svg\" width=\"12\" height=\"12\" fill=\"none\" viewBox=\"0 0 12 12\">\n\t\t\t\t<path fill=\"#fff\" d=\"M2 0a2 2 0 0 0-2 2v2h1.5V2a.5.5 0 0 1 .5-.5h2V0H2Zm2 10.5H2a.5.5 0 0 1-.5-.5V8H0v2a2 2 0 0 0 2 2h2v-1.5ZM8 12v-1.5h2a.5.5 0 0 0 .5-.5V8H12v2a2 2 0 0 1-2 2H8Zm2-12a2 2 0 0 1 2 2v2h-1.5V2a.5.5 0 0 0-.5-.5H8V0h2Z\" \/>\n\t\t\t<\/svg>\n\t\t<\/button><\/figure>\n\n\n\n<h3 class=\"wp-block-heading\"><span class=\"ez-toc-section\" id=\"31_Vitasol_Therme_Bad_Salzuflen\"><\/span>31. Vitasol Therme (Bad Salzuflen)<span class=\"ez-toc-section-end\"><\/span><\/h3>\n\n\n\n<p class=\"wp-block-paragraph\">Ebben a f\u00fcrd\u0151v\u00e1rosban egy tekint\u00e9lyes komplexum v\u00e1r r\u00e1d, amely <strong>t\u00f6bb mint 6000 m\u00b2-en<\/strong> ter\u00fcl el, ahol maga a v\u00edzfel\u00fclet sz\u00e9p 1700 m\u00b2-t foglal el. Az itteni 37,5 \u00b0C-os term\u00e1l s\u00f3s forr\u00e1s <strong>\u00f3r\u00e1nk\u00e9nt 90 000 liter<\/strong> sebess\u00e9ggel t\u00f6r a felsz\u00ednre. Ennek a gy\u00f3gyv\u00edznek az eredeti s\u00f3tartalma egykor el\u00e9rte a 12%-ot.<\/p>\n\n\n\n<p class=\"wp-block-paragraph\">Az ehhez a gazdags\u00e1ghoz vezet\u0151 \u00fat azonban egy\u00e1ltal\u00e1n nem volt egyszer\u0171. Az els\u0151 f\u00far\u00e1si k\u00eds\u00e9rletek m\u00e1r 1919-ben zajlottak, de 375 m\u00e9tern\u00e9l kudarcba fulladtak. Csak 1967-ben siker\u00fclt amerikai speci\u00e1lis f\u00far\u00f3kkal <strong>eg\u00e9szen 1018 m\u00e9teres m\u00e9lys\u00e9gbe jutni<\/strong>. Maga az \u00fczem azt\u00e1n 1969 \u00f3ta m\u0171k\u00f6dik, a jelenlegi nev\u00e9n pedig 1998 \u00f3ta ismerj\u00fck.<\/p>\n\n\n\n<p class=\"wp-block-paragraph\">A komplexum remek v\u00e1laszt\u00e1s az \u00fasz\u00e1s \u00e9s a gy\u00f3gyhat\u00e1s\u00fa s\u00f3s v\u00edz minden szerelmes\u00e9nek. Az \u00fczemeltet\u0151k a j\u00f6v\u0151re is gondolnak, mert 2025 nyara \u00f3ta itt <strong>\u00faj, n\u00e9gycsillagos hotel \u00e9p\u00fcl<\/strong> sz\u00e1z szob\u00e1val \u00e9s k\u00e9tsz\u00e1z \u00e1ggyal. Elk\u00e9sz\u00fcl\u00e9s\u00e9t 2027-re tervezik. <strong>\ud83d\udca1 Tipp:<\/strong> Am\u00edg a komplex hotel fel\u00e9p\u00fcl, n\u00e9zz k\u00f6r\u00fcl a k\u00f6zeli v\u00e1rosk\u00f6zpontban sz\u00e1ll\u00e1s ut\u00e1n, ahonnan a f\u00fcrd\u0151be csak egy kis darabot kell gyalogolnod.<\/p>\n\n\n\n<figure data-wp-context=\"{&quot;imageId&quot;:&quot;6a9c16a6439fd&quot;}\" data-wp-interactive=\"core\/image\" data-wp-key=\"6a9c16a6439fd\" class=\"wp-block-image size-full wp-lightbox-container\"><img decoding=\"async\" width=\"1800\" height=\"1350\" data-wp-class--hide=\"state.isContentHidden\" data-wp-class--show=\"state.isContentVisible\" data-wp-init=\"callbacks.setButtonStyles\" data-wp-on--click=\"actions.showLightbox\" data-wp-on--load=\"callbacks.setButtonStyles\" data-wp-on--pointerdown=\"actions.preloadImage\" data-wp-on--pointerenter=\"actions.preloadImageWithDelay\" data-wp-on--pointerleave=\"actions.cancelPreload\" data-wp-on-window--resize=\"callbacks.setButtonStyles\" src=\"https:\/\/loudavymkrokem.cz\/wp-content\/uploads\/2026\/09\/nemecko-clanky-termaly-nemecko-39-605251b4-1.jpg\" alt=\"Mauritius Hotel &#038; Therme K\u00f6ln (K\u00f6ln)\" class=\"wp-image-415351\" title=\"\" srcset=\"https:\/\/loudavymkrokem.cz\/wp-content\/uploads\/2026\/09\/nemecko-clanky-termaly-nemecko-39-605251b4-1.jpg 1800w, https:\/\/loudavymkrokem.cz\/wp-content\/uploads\/2026\/09\/nemecko-clanky-termaly-nemecko-39-605251b4-1-300x225.jpg 300w, https:\/\/loudavymkrokem.cz\/wp-content\/uploads\/2026\/09\/nemecko-clanky-termaly-nemecko-39-605251b4-1-700x525.jpg 700w, https:\/\/loudavymkrokem.cz\/wp-content\/uploads\/2026\/09\/nemecko-clanky-termaly-nemecko-39-605251b4-1-768x576.jpg 768w, https:\/\/loudavymkrokem.cz\/wp-content\/uploads\/2026\/09\/nemecko-clanky-termaly-nemecko-39-605251b4-1-1536x1152.jpg 1536w, https:\/\/loudavymkrokem.cz\/wp-content\/uploads\/2026\/09\/nemecko-clanky-termaly-nemecko-39-605251b4-1-80x60.jpg 80w, https:\/\/loudavymkrokem.cz\/wp-content\/uploads\/2026\/09\/nemecko-clanky-termaly-nemecko-39-605251b4-1-160x120.jpg 160w, https:\/\/loudavymkrokem.cz\/wp-content\/uploads\/2026\/09\/nemecko-clanky-termaly-nemecko-39-605251b4-1-696x522.jpg 696w, https:\/\/loudavymkrokem.cz\/wp-content\/uploads\/2026\/09\/nemecko-clanky-termaly-nemecko-39-605251b4-1-1392x1044.jpg 1392w\" sizes=\"(max-width: 1800px) 100vw, 1800px\" \/><button\n\t\t\tclass=\"lightbox-trigger\"\n\t\t\ttype=\"button\"\n\t\t\taria-haspopup=\"dialog\"\n\t\t\tdata-wp-bind--aria-label=\"state.thisImage.triggerButtonAriaLabel\"\n\t\t\tdata-wp-init=\"callbacks.initTriggerButton\"\n\t\t\tdata-wp-on--click=\"actions.showLightbox\"\n\t\t\tdata-wp-style--right=\"state.thisImage.buttonRight\"\n\t\t\tdata-wp-style--top=\"state.thisImage.buttonTop\"\n\t\t>\n\t\t\t<svg xmlns=\"http:\/\/www.w3.org\/2000\/svg\" width=\"12\" height=\"12\" fill=\"none\" viewBox=\"0 0 12 12\">\n\t\t\t\t<path fill=\"#fff\" d=\"M2 0a2 2 0 0 0-2 2v2h1.5V2a.5.5 0 0 1 .5-.5h2V0H2Zm2 10.5H2a.5.5 0 0 1-.5-.5V8H0v2a2 2 0 0 0 2 2h2v-1.5ZM8 12v-1.5h2a.5.5 0 0 0 .5-.5V8H12v2a2 2 0 0 1-2 2H8Zm2-12a2 2 0 0 1 2 2v2h-1.5V2a.5.5 0 0 0-.5-.5H8V0h2Z\" \/>\n\t\t\t<\/svg>\n\t\t<\/button><figcaption class=\"wp-element-caption\">Fot\u00f3: Duhon \/ Wikimedia Commons, CC BY 3.0<\/figcaption><\/figure>\n\n\n\n<h3 class=\"wp-block-heading\"><span class=\"ez-toc-section\" id=\"32_Mauritius_Hotel_Therme_Koln_Koln\"><\/span>32. Mauritius Hotel &#038; Therme K\u00f6ln (K\u00f6ln)<span class=\"ez-toc-section-end\"><\/span><\/h3>\n\n\n\n<p class=\"wp-block-paragraph\">Ebben az esetben nem klasszikus nyilv\u00e1nos strandr\u00f3l van sz\u00f3, hanem egy <strong>luxus n\u00e9gycsillagos hotelr\u0151l, hatalmas wellnessk\u00f6zponttal<\/strong>. K\u00f6ln k\u00f6zpontj\u00e1nak egy nyugodt zug\u00e1ban rejt\u0151zik, k\u00f6zvetlen\u00fcl a t\u00f6rt\u00e9nelmi Szent M\u00f3ric-templom mellett. A hely mintha p\u00e1roknak teremtett\u00e9k volna, akik szeretn\u00e9k a nagyv\u00e1ros felfedez\u00e9s\u00e9t az esti relax\u00e1ci\u00f3val \u00f6sszek\u00f6tni.<\/p>\n\n\n\n<p class=\"wp-block-paragraph\">Maga a term\u00e1l- \u00e9s pihen\u0151r\u00e9sz egy <strong>nagyvonal\u00fa, 3500 m\u00b2-es ter\u00fcleten<\/strong> ter\u00fcl el. Lesz mib\u0151l v\u00e1lasztanod, mert 7 k\u00fcl\u00f6nb\u00f6z\u0151 szauna, 1 g\u0151zf\u00fcrd\u0151 \u00e9s r\u00f6gt\u00f6n 2 pezsg\u0151f\u00fcrd\u0151 tal\u00e1lhat\u00f3 itt. A komplexum k\u00fcl\u00f6nlegess\u00e9ge pedig a <strong>holt-tengeri s\u00f3val d\u00fas\u00edtott k\u00fclt\u00e9ri medence<\/strong>. Gondolj arra, hogy a szaunavil\u00e1gba szigor\u00faan f\u00fcrd\u0151ruha n\u00e9lk\u00fcl j\u00e1rnak. Rendelkez\u00e9sre \u00e1ll egy fitneszk\u00f6zpont \u00e9s massz\u00e1zsok gazdag k\u00edn\u00e1lata is.<\/p>\n\n\n\n<p class=\"wp-block-paragraph\">Ha itt sz\u00e1llsz meg, a 2026-os \u00e1rlista szerint a hotelvend\u00e9gek a wellnessz\u00f3n\u00e1ba val\u00f3 bel\u00e9p\u00e9s\u00e9rt <strong>10 EUR fel\u00e1rat fizetnek szem\u00e9lyenk\u00e9nt \u00e9s naponta<\/strong>. Ezt a kedvez\u0151 \u00e1rat r\u00e1ad\u00e1sul az elutaz\u00e1sod napj\u00e1n is haszn\u00e1lhatod. <strong>\ud83d\udca1 Tipp:<\/strong> Egy eg\u00e9sznapos k\u00f6lni m\u0171eml\u00e9k-n\u00e9zeget\u00e9s ut\u00e1n a l\u00e1bad biztosan \u00e9rt\u00e9keli a hossz\u00fa f\u00fcrd\u0151z\u00e9st a gy\u00f3gyhat\u00e1s\u00fa s\u00f3s v\u00edzben, \u00fagyhogy semmik\u00e9pp se hagyd ki.<\/p>\n\n\n\n<figure data-wp-context=\"{&quot;imageId&quot;:&quot;6a9c16a643fb2&quot;}\" data-wp-interactive=\"core\/image\" data-wp-key=\"6a9c16a643fb2\" class=\"wp-block-image size-full wp-lightbox-container\"><img decoding=\"async\" width=\"1800\" height=\"1200\" data-wp-class--hide=\"state.isContentHidden\" data-wp-class--show=\"state.isContentVisible\" data-wp-init=\"callbacks.setButtonStyles\" data-wp-on--click=\"actions.showLightbox\" data-wp-on--load=\"callbacks.setButtonStyles\" data-wp-on--pointerdown=\"actions.preloadImage\" data-wp-on--pointerenter=\"actions.preloadImageWithDelay\" data-wp-on--pointerleave=\"actions.cancelPreload\" data-wp-on-window--resize=\"callbacks.setButtonStyles\" src=\"https:\/\/loudavymkrokem.cz\/wp-content\/uploads\/2026\/09\/nemecko-clanky-termaly-nemecko-40-b4685b4f-1.jpg\" alt=\"Claudius Therme (K\u00f6ln)\" class=\"wp-image-415353\" title=\"\" srcset=\"https:\/\/loudavymkrokem.cz\/wp-content\/uploads\/2026\/09\/nemecko-clanky-termaly-nemecko-40-b4685b4f-1.jpg 1800w, https:\/\/loudavymkrokem.cz\/wp-content\/uploads\/2026\/09\/nemecko-clanky-termaly-nemecko-40-b4685b4f-1-300x200.jpg 300w, https:\/\/loudavymkrokem.cz\/wp-content\/uploads\/2026\/09\/nemecko-clanky-termaly-nemecko-40-b4685b4f-1-700x467.jpg 700w, https:\/\/loudavymkrokem.cz\/wp-content\/uploads\/2026\/09\/nemecko-clanky-termaly-nemecko-40-b4685b4f-1-768x512.jpg 768w, https:\/\/loudavymkrokem.cz\/wp-content\/uploads\/2026\/09\/nemecko-clanky-termaly-nemecko-40-b4685b4f-1-1536x1024.jpg 1536w, https:\/\/loudavymkrokem.cz\/wp-content\/uploads\/2026\/09\/nemecko-clanky-termaly-nemecko-40-b4685b4f-1-696x464.jpg 696w, https:\/\/loudavymkrokem.cz\/wp-content\/uploads\/2026\/09\/nemecko-clanky-termaly-nemecko-40-b4685b4f-1-1392x928.jpg 1392w\" sizes=\"(max-width: 1800px) 100vw, 1800px\" \/><button\n\t\t\tclass=\"lightbox-trigger\"\n\t\t\ttype=\"button\"\n\t\t\taria-haspopup=\"dialog\"\n\t\t\tdata-wp-bind--aria-label=\"state.thisImage.triggerButtonAriaLabel\"\n\t\t\tdata-wp-init=\"callbacks.initTriggerButton\"\n\t\t\tdata-wp-on--click=\"actions.showLightbox\"\n\t\t\tdata-wp-style--right=\"state.thisImage.buttonRight\"\n\t\t\tdata-wp-style--top=\"state.thisImage.buttonTop\"\n\t\t>\n\t\t\t<svg xmlns=\"http:\/\/www.w3.org\/2000\/svg\" width=\"12\" height=\"12\" fill=\"none\" viewBox=\"0 0 12 12\">\n\t\t\t\t<path fill=\"#fff\" d=\"M2 0a2 2 0 0 0-2 2v2h1.5V2a.5.5 0 0 1 .5-.5h2V0H2Zm2 10.5H2a.5.5 0 0 1-.5-.5V8H0v2a2 2 0 0 0 2 2h2v-1.5ZM8 12v-1.5h2a.5.5 0 0 0 .5-.5V8H12v2a2 2 0 0 1-2 2H8Zm2-12a2 2 0 0 1 2 2v2h-1.5V2a.5.5 0 0 0-.5-.5H8V0h2Z\" \/>\n\t\t\t<\/svg>\n\t\t<\/button><figcaption class=\"wp-element-caption\">Fot\u00f3: Maksym Kozlenko \/ Wikimedia Commons, CC BY-SA 4.0<\/figcaption><\/figure>\n\n\n\n<h3 class=\"wp-block-heading\"><span class=\"ez-toc-section\" id=\"33_Claudius_Therme_Koln\"><\/span>33. Claudius Therme (K\u00f6ln)<span class=\"ez-toc-section-end\"><\/span><\/h3>\n\n\n\n<p class=\"wp-block-paragraph\">A legjobb c\u00edmen keresel f\u00fcrd\u0151z\u00e9st? Ez a komplexum k\u00f6zvetlen\u00fcl a k\u00f6lni Rheinparkban fekszik a Rajna jobb partj\u00e1n, \u00e9s <strong>fantasztikus kil\u00e1t\u00e1st k\u00edn\u00e1l a h\u00edres k\u00f6lni d\u00f3mra<\/strong>. Az itteni medenc\u00e9ket egy magas min\u0151s\u00e9g\u0171, \u00e1llamilag elismert term\u00e9szetes term\u00e1l-\u00e1sv\u00e1nyforr\u00e1s t\u00e1pl\u00e1lja, amely t\u00f6k\u00e9letes fel\u00fcd\u00fcl\u00e9st garant\u00e1l a testnek \u00e9s a l\u00e9leknek.<\/p>\n\n\n\n<p class=\"wp-block-paragraph\">A l\u00e1togat\u00f3kra egy hatalmas v\u00edzi vil\u00e1g v\u00e1r, amelyet <strong>\u00f6sszesen 12 k\u00fcl\u00f6nb\u00f6z\u0151 medence<\/strong> alkot. Ha a rendes forr\u00f3s\u00e1got r\u00e9szes\u00edted el\u0151nyben, biztosan \u00f6r\u00fclsz majd a 8 szauna \u00e9s 3 g\u0151zf\u00fcrd\u0151 k\u00edn\u00e1lat\u00e1nak. Az aktu\u00e1lis 2026-os \u00e1rlista szerint k\u00e9t \u00f3ra f\u00fcrd\u0151z\u00e9s\u00e9rt 19,50-t\u0151l 22,50 EUR-ig fizetsz. A szaun\u00e1s v\u00e1ltozat 27,50-t\u0151l 30,50 EUR-ig, az <strong>eg\u00e9sznapos bel\u00e9p\u0151 pedig 36,50-t\u0151l 47,50 EUR-ig terjed<\/strong>.<\/p>\n\n\n\n<p class=\"wp-block-paragraph\">A hely az aut\u00f3sokra is gondol, \u00fagyhogy egy eg\u00e9sznapos <strong>parkol\u00f3\u00e1tal\u00e1ny kellemes 3 EUR-ba ker\u00fcl<\/strong>. Ami a korhat\u00e1rt illeti, a bel\u00e9p\u00e9s csak 6 \u00e9ves kort\u00f3l enged\u00e9lyezett. A 16 \u00e9v alatti fiatalok pedig csak feln\u0151tt k\u00eds\u00e9ret\u00e9ben l\u00e1togathatj\u00e1k a komplexumot. <strong>\ud83d\udca1 Tipp:<\/strong> Pr\u00f3b\u00e1ld a l\u00e1togat\u00e1st k\u00e9s\u0151 d\u00e9lut\u00e1nra tervezni, a megvil\u00e1g\u00edtott sz\u00e9kesegyh\u00e1zra a k\u00fclt\u00e9ri term\u00e1lmedenc\u00e9b\u0151l ny\u00edl\u00f3 kil\u00e1t\u00e1s felejthetetlen.<\/p>\n\n\n\n<figure data-wp-context=\"{&quot;imageId&quot;:&quot;6a9c16a6444d4&quot;}\" data-wp-interactive=\"core\/image\" data-wp-key=\"6a9c16a6444d4\" class=\"wp-block-image size-full wp-lightbox-container\"><img decoding=\"async\" width=\"1800\" height=\"1200\" data-wp-class--hide=\"state.isContentHidden\" data-wp-class--show=\"state.isContentVisible\" data-wp-init=\"callbacks.setButtonStyles\" data-wp-on--click=\"actions.showLightbox\" data-wp-on--load=\"callbacks.setButtonStyles\" data-wp-on--pointerdown=\"actions.preloadImage\" data-wp-on--pointerenter=\"actions.preloadImageWithDelay\" data-wp-on--pointerleave=\"actions.cancelPreload\" data-wp-on-window--resize=\"callbacks.setButtonStyles\" src=\"https:\/\/loudavymkrokem.cz\/wp-content\/uploads\/2026\/09\/nemecko-clanky-termaly-nemecko-41-eecaebfa-1.jpg\" alt=\"Taunus-Therme Bad Homburgban\" class=\"wp-image-415356\" title=\"\" srcset=\"https:\/\/loudavymkrokem.cz\/wp-content\/uploads\/2026\/09\/nemecko-clanky-termaly-nemecko-41-eecaebfa-1.jpg 1800w, https:\/\/loudavymkrokem.cz\/wp-content\/uploads\/2026\/09\/nemecko-clanky-termaly-nemecko-41-eecaebfa-1-300x200.jpg 300w, https:\/\/loudavymkrokem.cz\/wp-content\/uploads\/2026\/09\/nemecko-clanky-termaly-nemecko-41-eecaebfa-1-700x467.jpg 700w, https:\/\/loudavymkrokem.cz\/wp-content\/uploads\/2026\/09\/nemecko-clanky-termaly-nemecko-41-eecaebfa-1-768x512.jpg 768w, https:\/\/loudavymkrokem.cz\/wp-content\/uploads\/2026\/09\/nemecko-clanky-termaly-nemecko-41-eecaebfa-1-1536x1024.jpg 1536w, https:\/\/loudavymkrokem.cz\/wp-content\/uploads\/2026\/09\/nemecko-clanky-termaly-nemecko-41-eecaebfa-1-696x464.jpg 696w, https:\/\/loudavymkrokem.cz\/wp-content\/uploads\/2026\/09\/nemecko-clanky-termaly-nemecko-41-eecaebfa-1-1392x928.jpg 1392w\" sizes=\"(max-width: 1800px) 100vw, 1800px\" \/><button\n\t\t\tclass=\"lightbox-trigger\"\n\t\t\ttype=\"button\"\n\t\t\taria-haspopup=\"dialog\"\n\t\t\tdata-wp-bind--aria-label=\"state.thisImage.triggerButtonAriaLabel\"\n\t\t\tdata-wp-init=\"callbacks.initTriggerButton\"\n\t\t\tdata-wp-on--click=\"actions.showLightbox\"\n\t\t\tdata-wp-style--right=\"state.thisImage.buttonRight\"\n\t\t\tdata-wp-style--top=\"state.thisImage.buttonTop\"\n\t\t>\n\t\t\t<svg xmlns=\"http:\/\/www.w3.org\/2000\/svg\" width=\"12\" height=\"12\" fill=\"none\" viewBox=\"0 0 12 12\">\n\t\t\t\t<path fill=\"#fff\" d=\"M2 0a2 2 0 0 0-2 2v2h1.5V2a.5.5 0 0 1 .5-.5h2V0H2Zm2 10.5H2a.5.5 0 0 1-.5-.5V8H0v2a2 2 0 0 0 2 2h2v-1.5ZM8 12v-1.5h2a.5.5 0 0 0 .5-.5V8H12v2a2 2 0 0 1-2 2H8Zm2-12a2 2 0 0 1 2 2v2h-1.5V2a.5.5 0 0 0-.5-.5H8V0h2Z\" \/>\n\t\t\t<\/svg>\n\t\t<\/button><\/figure>\n\n\n\n<h2 class=\"wp-block-heading\"><span class=\"ez-toc-section\" id=\"Termalfurdok_Hessenben\"><\/span>Term\u00e1lf\u00fcrd\u0151k Hessenben<span class=\"ez-toc-section-end\"><\/span><\/h2>\n\n\n\n<p class=\"wp-block-paragraph\">Ha olyan helyet keresel, ahol a m\u00e9ly t\u00f6rt\u00e9nelem az igazi pihen\u00e9ssel p\u00e1rosul, Hessen tartom\u00e1ny biztosan elvar\u00e1zsol. Olyan h\u00edres f\u00fcrd\u0151v\u00e1rosokat tal\u00e1lsz itt, mint Wiesbaden vagy Bad Homburg, amelyek gazdag hagyom\u00e1nnyal \u00e9s <strong>eg\u00e9sz N\u00e9metorsz\u00e1g egyik legmelegebb forr\u00e1saival<\/strong> b\u00fcszk\u00e9lkednek. Ide\u00e1lis c\u00e9lpont egy hossz\u00fa h\u00e9tv\u00e9g\u00e9re, mert Magyarorsz\u00e1gr\u00f3l viszonylag k\u00f6nnyen eljutsz ide, f\u0151leg ha Frankfurt fel\u00e9 m\u00e9sz.<\/p>\n\n\n\n<p class=\"wp-block-paragraph\">A hesseni f\u00fcrd\u0151k k\u00fcl\u00f6nleges hangulat\u00faak, gyakran r\u00e9gi antik templomokra vagy luxuspalot\u00e1kra eml\u00e9keztetnek. Ak\u00e1r a t\u00f6rt\u00e9nelmi kulissz\u00e1k k\u00f6z\u00f6tti csendes elm\u00e9lked\u00e9sre v\u00e1gysz, ak\u00e1r a modern szaunaritu\u00e1l\u00e9kat r\u00e9szes\u00edted el\u0151nyben, itt megtal\u00e1lod a sz\u00e1m\u00edt\u00e1sodat. N\u00e9zz\u00fck meg a leg\u00e9rdekesebb komplexumokat, amelyeket az \u00fat tervez\u00e9sekor semmik\u00e9pp sem szabad kihagynod.<\/p>\n\n\n\n<figure data-wp-context=\"{&quot;imageId&quot;:&quot;6a9c16a6449a7&quot;}\" data-wp-interactive=\"core\/image\" data-wp-key=\"6a9c16a6449a7\" class=\"wp-block-image size-full wp-lightbox-container\"><img decoding=\"async\" width=\"1800\" height=\"1347\" data-wp-class--hide=\"state.isContentHidden\" data-wp-class--show=\"state.isContentVisible\" data-wp-init=\"callbacks.setButtonStyles\" data-wp-on--click=\"actions.showLightbox\" data-wp-on--load=\"callbacks.setButtonStyles\" data-wp-on--pointerdown=\"actions.preloadImage\" data-wp-on--pointerenter=\"actions.preloadImageWithDelay\" data-wp-on--pointerleave=\"actions.cancelPreload\" data-wp-on-window--resize=\"callbacks.setButtonStyles\" src=\"https:\/\/loudavymkrokem.cz\/wp-content\/uploads\/2026\/09\/nemecko-clanky-termaly-nemecko-42-4670ad94-1.jpg\" alt=\"Taunus-Therme (Bad Homburg): a term\u00e1l bej\u00e1rata pall\u00f3val\" class=\"wp-image-415359\" title=\"\" srcset=\"https:\/\/loudavymkrokem.cz\/wp-content\/uploads\/2026\/09\/nemecko-clanky-termaly-nemecko-42-4670ad94-1.jpg 1800w, https:\/\/loudavymkrokem.cz\/wp-content\/uploads\/2026\/09\/nemecko-clanky-termaly-nemecko-42-4670ad94-1-300x225.jpg 300w, https:\/\/loudavymkrokem.cz\/wp-content\/uploads\/2026\/09\/nemecko-clanky-termaly-nemecko-42-4670ad94-1-700x524.jpg 700w, https:\/\/loudavymkrokem.cz\/wp-content\/uploads\/2026\/09\/nemecko-clanky-termaly-nemecko-42-4670ad94-1-768x575.jpg 768w, https:\/\/loudavymkrokem.cz\/wp-content\/uploads\/2026\/09\/nemecko-clanky-termaly-nemecko-42-4670ad94-1-1536x1149.jpg 1536w, https:\/\/loudavymkrokem.cz\/wp-content\/uploads\/2026\/09\/nemecko-clanky-termaly-nemecko-42-4670ad94-1-80x60.jpg 80w, https:\/\/loudavymkrokem.cz\/wp-content\/uploads\/2026\/09\/nemecko-clanky-termaly-nemecko-42-4670ad94-1-160x120.jpg 160w, https:\/\/loudavymkrokem.cz\/wp-content\/uploads\/2026\/09\/nemecko-clanky-termaly-nemecko-42-4670ad94-1-696x521.jpg 696w, https:\/\/loudavymkrokem.cz\/wp-content\/uploads\/2026\/09\/nemecko-clanky-termaly-nemecko-42-4670ad94-1-1392x1042.jpg 1392w\" sizes=\"(max-width: 1800px) 100vw, 1800px\" \/><button\n\t\t\tclass=\"lightbox-trigger\"\n\t\t\ttype=\"button\"\n\t\t\taria-haspopup=\"dialog\"\n\t\t\tdata-wp-bind--aria-label=\"state.thisImage.triggerButtonAriaLabel\"\n\t\t\tdata-wp-init=\"callbacks.initTriggerButton\"\n\t\t\tdata-wp-on--click=\"actions.showLightbox\"\n\t\t\tdata-wp-style--right=\"state.thisImage.buttonRight\"\n\t\t\tdata-wp-style--top=\"state.thisImage.buttonTop\"\n\t\t>\n\t\t\t<svg xmlns=\"http:\/\/www.w3.org\/2000\/svg\" width=\"12\" height=\"12\" fill=\"none\" viewBox=\"0 0 12 12\">\n\t\t\t\t<path fill=\"#fff\" d=\"M2 0a2 2 0 0 0-2 2v2h1.5V2a.5.5 0 0 1 .5-.5h2V0H2Zm2 10.5H2a.5.5 0 0 1-.5-.5V8H0v2a2 2 0 0 0 2 2h2v-1.5ZM8 12v-1.5h2a.5.5 0 0 0 .5-.5V8H12v2a2 2 0 0 1-2 2H8Zm2-12a2 2 0 0 1 2 2v2h-1.5V2a.5.5 0 0 0-.5-.5H8V0h2Z\" \/>\n\t\t\t<\/svg>\n\t\t<\/button><figcaption class=\"wp-element-caption\">Fot\u00f3: Karsten11 \/ Wikimedia Commons, Public domain<\/figcaption><\/figure>\n\n\n\n<h3 class=\"wp-block-heading\"><span class=\"ez-toc-section\" id=\"34_Taunus-Therme_Bad_Homburg\"><\/span>34. Taunus-Therme (Bad Homburg)<span class=\"ez-toc-section-end\"><\/span><\/h3>\n\n\n\n<p class=\"wp-block-paragraph\">A Taunus-Therme komplexum Bad Homburg v\u00e1ros\u00e1ban f\u0151leg a hatalmas ter\u00e9r\u0151l kiv\u00e9teles, mert <strong>1200 n\u00e9gyzetm\u00e9ter bel- \u00e9s k\u00fclt\u00e9ri fel\u00fcletet<\/strong> k\u00edn\u00e1l a t\u00f6k\u00e9letes relax\u00e1ci\u00f3hoz. A v\u00edz a medenc\u00e9kbe a helyi Viktoria-Louise-Quelle forr\u00e1sb\u00f3l \u00e9rkezik, amelynek eredetileg 22,4 \u00b0C-os h\u0151m\u00e9rs\u00e9klete van, de a maxim\u00e1lis k\u00e9nyelmed \u00e9rdek\u00e9ben <strong>kellemes 34,5 \u00b0C-ra meleg\u00edtik fel<\/strong>.<\/p>\n\n\n\n<p class=\"wp-block-paragraph\">Sz\u00e1m\u00edthatsz egy csom\u00f3 term\u00e1lvizes zugra, ahol nyugalom v\u00e1r r\u00e1d. Ha szereted a bubor\u00e9kokat, \u00f6r\u00fclni fogsz a r\u00f6gt\u00f6n <strong>n\u00e9gy forr\u00f3, 37 \u00b0C-os pezsg\u0151f\u00fcrd\u0151nek<\/strong>, amelyek t\u00f6k\u00e9letesen felszabad\u00edtj\u00e1k a f\u00e1radt izmokat. Az izzad\u00e1s szerelmesei pedig \u00e9rt\u00e9kelik a gazdag szaunar\u00e9szt, amelyben \u00f6sszesen nyolc tematikus szaun\u00e1t tal\u00e1lsz 45 \u00b0C-t\u00f3l eg\u00e9szen 100 \u00b0C-ig terjed\u0151 h\u0151m\u00e9rs\u00e9klettel.<\/p>\n\n\n\n<p class=\"wp-block-paragraph\">Ebb\u0151l a nyolc szaun\u00e1b\u00f3l kett\u0151 <strong>kiz\u00e1r\u00f3lag a h\u00f6lgyeknek van fenntartva<\/strong>, ami remek h\u00edr minden n\u0151nek, aki t\u00f6bb mag\u00e1n\u00e9letet keres. A komplexum \u00e1ltal\u00e1ban ink\u00e1bb nyugalmat \u00e9s csendes pihen\u00e9st keres\u0151 feln\u0151tt l\u00e1togat\u00f3knak alkalmas. <strong>\ud83d\udca1 Tipp:<\/strong> B\u00e1r itt nem tal\u00e1lsz vad cs\u00faszd\u00e1kat, a hatalmas ter\u00fclet garant\u00e1lja, hogy nem kell \u00f6sszepr\u00e9sel\u0151dn\u00f6d a t\u00f6bbiekkel, \u00e9s mindig megtal\u00e1lod a saj\u00e1t csendes zugodat.<\/p>\n\n\n\n<figure data-wp-context=\"{&quot;imageId&quot;:&quot;6a9c16a644eca&quot;}\" data-wp-interactive=\"core\/image\" data-wp-key=\"6a9c16a644eca\" class=\"wp-block-image size-full wp-lightbox-container\"><img decoding=\"async\" width=\"1800\" height=\"1350\" data-wp-class--hide=\"state.isContentHidden\" data-wp-class--show=\"state.isContentVisible\" data-wp-init=\"callbacks.setButtonStyles\" data-wp-on--click=\"actions.showLightbox\" data-wp-on--load=\"callbacks.setButtonStyles\" data-wp-on--pointerdown=\"actions.preloadImage\" data-wp-on--pointerenter=\"actions.preloadImageWithDelay\" data-wp-on--pointerleave=\"actions.cancelPreload\" data-wp-on-window--resize=\"callbacks.setButtonStyles\" src=\"https:\/\/loudavymkrokem.cz\/wp-content\/uploads\/2026\/09\/nemecko-clanky-termaly-nemecko-43-b17240b7-1.jpg\" alt=\"KurhessenTherme (Kassel)\" class=\"wp-image-415361\" title=\"\" srcset=\"https:\/\/loudavymkrokem.cz\/wp-content\/uploads\/2026\/09\/nemecko-clanky-termaly-nemecko-43-b17240b7-1.jpg 1800w, https:\/\/loudavymkrokem.cz\/wp-content\/uploads\/2026\/09\/nemecko-clanky-termaly-nemecko-43-b17240b7-1-300x225.jpg 300w, https:\/\/loudavymkrokem.cz\/wp-content\/uploads\/2026\/09\/nemecko-clanky-termaly-nemecko-43-b17240b7-1-700x525.jpg 700w, https:\/\/loudavymkrokem.cz\/wp-content\/uploads\/2026\/09\/nemecko-clanky-termaly-nemecko-43-b17240b7-1-768x576.jpg 768w, https:\/\/loudavymkrokem.cz\/wp-content\/uploads\/2026\/09\/nemecko-clanky-termaly-nemecko-43-b17240b7-1-1536x1152.jpg 1536w, https:\/\/loudavymkrokem.cz\/wp-content\/uploads\/2026\/09\/nemecko-clanky-termaly-nemecko-43-b17240b7-1-80x60.jpg 80w, https:\/\/loudavymkrokem.cz\/wp-content\/uploads\/2026\/09\/nemecko-clanky-termaly-nemecko-43-b17240b7-1-160x120.jpg 160w, https:\/\/loudavymkrokem.cz\/wp-content\/uploads\/2026\/09\/nemecko-clanky-termaly-nemecko-43-b17240b7-1-696x522.jpg 696w, https:\/\/loudavymkrokem.cz\/wp-content\/uploads\/2026\/09\/nemecko-clanky-termaly-nemecko-43-b17240b7-1-1392x1044.jpg 1392w\" sizes=\"(max-width: 1800px) 100vw, 1800px\" \/><button\n\t\t\tclass=\"lightbox-trigger\"\n\t\t\ttype=\"button\"\n\t\t\taria-haspopup=\"dialog\"\n\t\t\tdata-wp-bind--aria-label=\"state.thisImage.triggerButtonAriaLabel\"\n\t\t\tdata-wp-init=\"callbacks.initTriggerButton\"\n\t\t\tdata-wp-on--click=\"actions.showLightbox\"\n\t\t\tdata-wp-style--right=\"state.thisImage.buttonRight\"\n\t\t\tdata-wp-style--top=\"state.thisImage.buttonTop\"\n\t\t>\n\t\t\t<svg xmlns=\"http:\/\/www.w3.org\/2000\/svg\" width=\"12\" height=\"12\" fill=\"none\" viewBox=\"0 0 12 12\">\n\t\t\t\t<path fill=\"#fff\" d=\"M2 0a2 2 0 0 0-2 2v2h1.5V2a.5.5 0 0 1 .5-.5h2V0H2Zm2 10.5H2a.5.5 0 0 1-.5-.5V8H0v2a2 2 0 0 0 2 2h2v-1.5ZM8 12v-1.5h2a.5.5 0 0 0 .5-.5V8H12v2a2 2 0 0 1-2 2H8Zm2-12a2 2 0 0 1 2 2v2h-1.5V2a.5.5 0 0 0-.5-.5H8V0h2Z\" \/>\n\t\t\t<\/svg>\n\t\t<\/button><figcaption class=\"wp-element-caption\">Fot\u00f3: Pedelecs \/ Wikimedia Commons, CC BY-SA 3.0<\/figcaption><\/figure>\n\n\n\n<h3 class=\"wp-block-heading\"><span class=\"ez-toc-section\" id=\"35_KurhessenTherme_Kassel\"><\/span>35. KurhessenTherme (Kassel)<span class=\"ez-toc-section-end\"><\/span><\/h3>\n\n\n\n<p class=\"wp-block-paragraph\">Ha Kassel v\u00e1ros\u00e1ba m\u00e9sz, ne hagyd ki a KurhessenTherme komplexumot, amely egy egyed\u00fcl\u00e1ll\u00f3, <strong>200 n\u00e9gyzetm\u00e9teres szaunat\u00f3val<\/strong> lep meg. Ennek a t\u00f3nak friss\u00edt\u0151, 19 \u00e9s 21 \u00b0C k\u00f6z\u00f6tti h\u0151m\u00e9rs\u00e9klete van, \u00e9s az \u00fagynevezett Paradicsomkertbe van \u00e1gyazva. Az t\u00f6bb mint <strong>400 n\u00e9gyzetm\u00e9tert k\u00edn\u00e1l a f\u00fcrd\u0151ruha n\u00e9lk\u00fcli pihen\u00e9shez<\/strong>, ami minden naturista sz\u00e1m\u00e1ra \u00f6r\u00f6m\u00f6t szerez.<\/p>\n\n\n\n<p class=\"wp-block-paragraph\">A szaunavil\u00e1g itt b\u0151kez\u0171, \u00f6sszesen nyolc k\u00fcl\u00f6nb\u00f6z\u0151 izzaszt\u00f3t tal\u00e1lsz benne. A kezd\u0151k kipr\u00f3b\u00e1lhatj\u00e1k a finom f\u00e9nyszaun\u00e1t s\u00f3krist\u00e1lyokkal \u00e9s 45 \u00b0C-os h\u0151m\u00e9rs\u00e9klettel, vagy a 55 \u00b0C-os szaun\u00e1t, amely remek a l\u00e9gutakra. A tapasztalt szaun\u00e1z\u00f3k ezzel szemben a <strong>100 \u00b0C-ra f\u0171t\u00f6tt forr\u00f3 k\u00f6ves szaun\u00e1ba<\/strong> mennek. A n\u0151knek saj\u00e1t keleti n\u0151i szaun\u00e1juk is van.<\/p>\n\n\n\n<p class=\"wp-block-paragraph\">A 2026-os \u00e1rlista szerint egy k\u00e9t\u00f3r\u00e1s bel\u00e9p\u0151\u00e9rt a term\u00e1lokba \u00e9s szaun\u00e1kba <strong>23-t\u00f3l 24,50 eur\u00f3ig<\/strong> fizetsz, egy eg\u00e9sznapos jegy pedig a h\u00e9t napj\u00e1t\u00f3l f\u00fcgg\u0151en 26,50-t\u0151l 28 eur\u00f3ig terjed. Minden megkezdett tizen\u00f6t perc\u00e9rt plusz 1,50 eur\u00f3t fizetsz r\u00e1. <strong>\ud83d\udca1 Tipp:<\/strong> Ha f\u00fcrd\u00e9s ut\u00e1n meg\u00e9hezel, az itteni \u00e9tterem kiv\u00e1l\u00f3 h\u00fasmentes gnocchit vagy spagettit k\u00edn\u00e1l z\u00f6ld pest\u00f3val \u00e9s grillezett z\u00f6lds\u00e9gekkel 11,50 eur\u00f3\u00e9rt.<\/p>\n\n\n\n<figure data-wp-context=\"{&quot;imageId&quot;:&quot;6a9c16a6453bf&quot;}\" data-wp-interactive=\"core\/image\" data-wp-key=\"6a9c16a6453bf\" class=\"wp-block-image size-full wp-lightbox-container\"><img decoding=\"async\" width=\"1800\" height=\"1800\" data-wp-class--hide=\"state.isContentHidden\" data-wp-class--show=\"state.isContentVisible\" data-wp-init=\"callbacks.setButtonStyles\" data-wp-on--click=\"actions.showLightbox\" data-wp-on--load=\"callbacks.setButtonStyles\" data-wp-on--pointerdown=\"actions.preloadImage\" data-wp-on--pointerenter=\"actions.preloadImageWithDelay\" data-wp-on--pointerleave=\"actions.cancelPreload\" data-wp-on-window--resize=\"callbacks.setButtonStyles\" src=\"https:\/\/loudavymkrokem.cz\/wp-content\/uploads\/2026\/09\/nemecko-clanky-termaly-nemecko-44-2d6e2fb5-1.jpg\" alt=\"Odenwald-Therme (Bad K\u00f6nig): szaunar\u00e9sz\" class=\"wp-image-415363\" title=\"\" srcset=\"https:\/\/loudavymkrokem.cz\/wp-content\/uploads\/2026\/09\/nemecko-clanky-termaly-nemecko-44-2d6e2fb5-1.jpg 1800w, https:\/\/loudavymkrokem.cz\/wp-content\/uploads\/2026\/09\/nemecko-clanky-termaly-nemecko-44-2d6e2fb5-1-300x300.jpg 300w, https:\/\/loudavymkrokem.cz\/wp-content\/uploads\/2026\/09\/nemecko-clanky-termaly-nemecko-44-2d6e2fb5-1-700x700.jpg 700w, https:\/\/loudavymkrokem.cz\/wp-content\/uploads\/2026\/09\/nemecko-clanky-termaly-nemecko-44-2d6e2fb5-1-150x150.jpg 150w, https:\/\/loudavymkrokem.cz\/wp-content\/uploads\/2026\/09\/nemecko-clanky-termaly-nemecko-44-2d6e2fb5-1-768x768.jpg 768w, https:\/\/loudavymkrokem.cz\/wp-content\/uploads\/2026\/09\/nemecko-clanky-termaly-nemecko-44-2d6e2fb5-1-1536x1536.jpg 1536w, https:\/\/loudavymkrokem.cz\/wp-content\/uploads\/2026\/09\/nemecko-clanky-termaly-nemecko-44-2d6e2fb5-1-696x696.jpg 696w, https:\/\/loudavymkrokem.cz\/wp-content\/uploads\/2026\/09\/nemecko-clanky-termaly-nemecko-44-2d6e2fb5-1-1392x1392.jpg 1392w\" sizes=\"(max-width: 1800px) 100vw, 1800px\" \/><button\n\t\t\tclass=\"lightbox-trigger\"\n\t\t\ttype=\"button\"\n\t\t\taria-haspopup=\"dialog\"\n\t\t\tdata-wp-bind--aria-label=\"state.thisImage.triggerButtonAriaLabel\"\n\t\t\tdata-wp-init=\"callbacks.initTriggerButton\"\n\t\t\tdata-wp-on--click=\"actions.showLightbox\"\n\t\t\tdata-wp-style--right=\"state.thisImage.buttonRight\"\n\t\t\tdata-wp-style--top=\"state.thisImage.buttonTop\"\n\t\t>\n\t\t\t<svg xmlns=\"http:\/\/www.w3.org\/2000\/svg\" width=\"12\" height=\"12\" fill=\"none\" viewBox=\"0 0 12 12\">\n\t\t\t\t<path fill=\"#fff\" d=\"M2 0a2 2 0 0 0-2 2v2h1.5V2a.5.5 0 0 1 .5-.5h2V0H2Zm2 10.5H2a.5.5 0 0 1-.5-.5V8H0v2a2 2 0 0 0 2 2h2v-1.5ZM8 12v-1.5h2a.5.5 0 0 0 .5-.5V8H12v2a2 2 0 0 1-2 2H8Zm2-12a2 2 0 0 1 2 2v2h-1.5V2a.5.5 0 0 0-.5-.5H8V0h2Z\" \/>\n\t\t\t<\/svg>\n\t\t<\/button><\/figure>\n\n\n\n<h3 class=\"wp-block-heading\"><span class=\"ez-toc-section\" id=\"36_Odenwald-Therme_Bad_Konig\"><\/span>36. Odenwald-Therme (Bad K\u00f6nig)<span class=\"ez-toc-section-end\"><\/span><\/h3>\n\n\n\n<p class=\"wp-block-paragraph\">A fest\u0151i Bad K\u00f6nig v\u00e1rosk\u00e1ban tal\u00e1lhat\u00f3 az Odenwald-Therme, ahol <strong>t\u00f6bb mint 1300 n\u00e9gyzetm\u00e9teren<\/strong> egy nagyon kellemes szaunavil\u00e1got \u00e9s term\u00e1lmedenc\u00e9ket tal\u00e1lsz. Ez a komplexum remek v\u00e1laszt\u00e1s azoknak, akik bens\u0151s\u00e9gesebb \u00e9s nyugodtabb hangulatot keresnek \u00f3ri\u00e1si t\u00f6megek n\u00e9lk\u00fcl, \u00e9s \u00e9rt\u00e9kelik a <strong>nagy k\u00fclt\u00e9ri medenc\u00e9t<\/strong> a friss leveg\u0151n val\u00f3 \u00fasz\u00e1shoz.<\/p>\n\n\n\n<p class=\"wp-block-paragraph\">Bent n\u00e9gy k\u00fcl\u00f6nb\u00f6z\u0151k\u00e9pp temper\u00e1lt szauna v\u00e1r r\u00e1d. A legmelegebb az <strong>Odenwald-Sauna 90 \u00b0C-kal<\/strong>, ahol rendszeresen zajlanak a kedvelt szaunacerem\u00f3ni\u00e1k, az \u00fagynevezett Aufg\u00fcssek. Ezenk\u00edv\u00fcl \u00e1tmeleg\u00edtheted a tested a 80 \u00b0C-os mad\u00e1rszaun\u00e1ban, a 60 \u00b0C-ra f\u0171t\u00f6tt finom szan\u00e1riumban vagy a g\u0151z- \u00e9s aromaf\u00fcrd\u0151ben, amelynek kellemes 40 \u00b0C-a van. Azt\u00e1n pihenhetsz a kijel\u00f6lt relax\u00e1ci\u00f3s helyis\u00e9gekben, vagy megengedhetsz magadnak egy testpeelinget.<\/p>\n\n\n\n<p class=\"wp-block-paragraph\">Az alapbel\u00e9p\u0151 a term\u00e1lokba \u00e9s szaun\u00e1kba a 2026-os \u00e1rlista szerint <strong>22,50 eur\u00f3<\/strong>, m\u00edg egy eg\u00e9sznapos jegy 28,50 eur\u00f3. A komplexum ide\u00e1lis p\u00e1roknak \u00e9s feln\u0151tteknek, akik nyugodtan szeretn\u00e9k kipihenni magukat. <strong>\ud83d\udca1 Tipp:<\/strong> Ha az itteni gasztron\u00f3mi\u00e1ban eszel egy legal\u00e1bb 4,90 eur\u00f3 \u00e9rt\u00e9k\u0171 meleg \u00e9telt, automatikusan kapsz egy \u00f3ra plusz id\u0151t a bel\u00e9p\u0151dh\u00f6z, teljesen ingyen.<\/p>\n\n\n\n<figure data-wp-context=\"{&quot;imageId&quot;:&quot;6a9c16a6459bc&quot;}\" data-wp-interactive=\"core\/image\" data-wp-key=\"6a9c16a6459bc\" class=\"wp-block-image size-full wp-lightbox-container\"><img decoding=\"async\" width=\"1800\" height=\"1200\" data-wp-class--hide=\"state.isContentHidden\" data-wp-class--show=\"state.isContentVisible\" data-wp-init=\"callbacks.setButtonStyles\" data-wp-on--click=\"actions.showLightbox\" data-wp-on--load=\"callbacks.setButtonStyles\" data-wp-on--pointerdown=\"actions.preloadImage\" data-wp-on--pointerenter=\"actions.preloadImageWithDelay\" data-wp-on--pointerleave=\"actions.cancelPreload\" data-wp-on-window--resize=\"callbacks.setButtonStyles\" src=\"https:\/\/loudavymkrokem.cz\/wp-content\/uploads\/2026\/09\/nemecko-clanky-termaly-nemecko-45-cfe756aa.jpg\" alt=\"A Thermalbad Aukammtal \u00e9p\u00fclete a wiesbadeni parkban\" class=\"wp-image-415508\" title=\"\" srcset=\"https:\/\/loudavymkrokem.cz\/wp-content\/uploads\/2026\/09\/nemecko-clanky-termaly-nemecko-45-cfe756aa.jpg 1800w, https:\/\/loudavymkrokem.cz\/wp-content\/uploads\/2026\/09\/nemecko-clanky-termaly-nemecko-45-cfe756aa-300x200.jpg 300w, https:\/\/loudavymkrokem.cz\/wp-content\/uploads\/2026\/09\/nemecko-clanky-termaly-nemecko-45-cfe756aa-700x467.jpg 700w, https:\/\/loudavymkrokem.cz\/wp-content\/uploads\/2026\/09\/nemecko-clanky-termaly-nemecko-45-cfe756aa-768x512.jpg 768w, https:\/\/loudavymkrokem.cz\/wp-content\/uploads\/2026\/09\/nemecko-clanky-termaly-nemecko-45-cfe756aa-1536x1024.jpg 1536w, https:\/\/loudavymkrokem.cz\/wp-content\/uploads\/2026\/09\/nemecko-clanky-termaly-nemecko-45-cfe756aa-696x464.jpg 696w, https:\/\/loudavymkrokem.cz\/wp-content\/uploads\/2026\/09\/nemecko-clanky-termaly-nemecko-45-cfe756aa-1392x928.jpg 1392w\" sizes=\"(max-width: 1800px) 100vw, 1800px\" \/><button\n\t\t\tclass=\"lightbox-trigger\"\n\t\t\ttype=\"button\"\n\t\t\taria-haspopup=\"dialog\"\n\t\t\tdata-wp-bind--aria-label=\"state.thisImage.triggerButtonAriaLabel\"\n\t\t\tdata-wp-init=\"callbacks.initTriggerButton\"\n\t\t\tdata-wp-on--click=\"actions.showLightbox\"\n\t\t\tdata-wp-style--right=\"state.thisImage.buttonRight\"\n\t\t\tdata-wp-style--top=\"state.thisImage.buttonTop\"\n\t\t>\n\t\t\t<svg xmlns=\"http:\/\/www.w3.org\/2000\/svg\" width=\"12\" height=\"12\" fill=\"none\" viewBox=\"0 0 12 12\">\n\t\t\t\t<path fill=\"#fff\" d=\"M2 0a2 2 0 0 0-2 2v2h1.5V2a.5.5 0 0 1 .5-.5h2V0H2Zm2 10.5H2a.5.5 0 0 1-.5-.5V8H0v2a2 2 0 0 0 2 2h2v-1.5ZM8 12v-1.5h2a.5.5 0 0 0 .5-.5V8H12v2a2 2 0 0 1-2 2H8Zm2-12a2 2 0 0 1 2 2v2h-1.5V2a.5.5 0 0 0-.5-.5H8V0h2Z\" \/>\n\t\t\t<\/svg>\n\t\t<\/button><figcaption class=\"wp-element-caption\">Fot\u00f3: Renate007 \/ Wikimedia Commons, CC BY-SA 4.0<\/figcaption><\/figure>\n\n\n\n<h3 class=\"wp-block-heading\"><span class=\"ez-toc-section\" id=\"37_Thermalbad_Aukammtal_Wiesbaden\"><\/span>37. Thermalbad Aukammtal (Wiesbaden)<span class=\"ez-toc-section-end\"><\/span><\/h3>\n\n\n\n<p class=\"wp-block-paragraph\">Wiesbaden v\u00e1rosa f\u00fcrd\u0151\u00e9kszer, a Thermalbad Aukammtal pedig az egyik ok, ami\u00e9rt \u00e9rdemes idej\u00f6nni. A komplexum egy gy\u00f6ny\u00f6r\u0171 v\u00e1rosi park k\u00f6rnyezet\u00e9ben fekszik, legnagyobb vonzereje pedig a <strong>nagyon magas s\u00f3tartalm\u00fa v\u00edz<\/strong>. Ezt hagyom\u00e1nyosan ortop\u00e9diai \u00e9s reumatikus panaszok eset\u00e9n aj\u00e1nlj\u00e1k, \u00fagyhogy ha az \u00edz\u00fcleteid vagy a h\u00e1tad k\u00ednoz, ez a hely j\u00f3t tesz neked.<\/p>\n\n\n\n<p class=\"wp-block-paragraph\">Az itteni term\u00e1lv\u00edznek <strong>nagyon kellemes 32 \u00b0C<\/strong>-a van, \u00e9s \u00e9lvezheted mind a 435 n\u00e9gyzetm\u00e9teres belt\u00e9ri medenc\u00e9ben, mind a hasonl\u00f3an nagy, k\u00f6r\u00fclbel\u00fcl 450 n\u00e9gyzetm\u00e9teres k\u00fclt\u00e9ri medenc\u00e9ben. A szaun\u00e1z\u00e1s rajong\u00f3inak elt\u00e9r\u0151 felszerel\u00e9s\u0171 h\u00e1tt\u00e9r \u00e1ll rendelkez\u00e9sre, ahol n\u00e9gy belt\u00e9ri \u00e9s h\u00e1rom k\u00fclt\u00e9ri szauna rejt\u0151zik.<\/p>\n\n\n\n<p class=\"wp-block-paragraph\">A term\u00e1l eg\u00e9sz \u00e9vben nyitva van, de a nyitvatart\u00e1s a szezont\u00f3l f\u00fcgg\u0151en kiss\u00e9 v\u00e1ltozik. Okt\u00f3ber elej\u00e9t\u0151l \u00e1prilis v\u00e9g\u00e9ig minden nap reggel kilenct\u0151l este t\u00edzig j\u00f6hetsz ide, p\u00e9nteken \u00e9s szombaton pedig <strong>eg\u00e9szen este tizenegyig van nyitva<\/strong>. A ny\u00e1ri szezonban mindig 22 \u00f3rakor z\u00e1rnak. <strong>\ud83d\udca1 Tipp:<\/strong> Az Aukammtal v\u00f6lgy\u00e9ben, k\u00f6zvetlen\u00fcl a parkban l\u00e9v\u0151 fekv\u00e9s\u00e9nek k\u00f6sz\u00f6nhet\u0151en aj\u00e1nlom, hogy k\u00f6sd \u00f6ssze a medenc\u00e9k l\u00e1togat\u00e1s\u00e1t egy hossz\u00fa d\u00e9lut\u00e1ni s\u00e9t\u00e1val a k\u00f6rnyez\u0151 z\u00f6ldben.<\/p>\n\n\n\n<figure data-wp-context=\"{&quot;imageId&quot;:&quot;6a9c16a645ee0&quot;}\" data-wp-interactive=\"core\/image\" data-wp-key=\"6a9c16a645ee0\" class=\"wp-block-image size-full wp-lightbox-container\"><img decoding=\"async\" width=\"1800\" height=\"1350\" data-wp-class--hide=\"state.isContentHidden\" data-wp-class--show=\"state.isContentVisible\" data-wp-init=\"callbacks.setButtonStyles\" data-wp-on--click=\"actions.showLightbox\" data-wp-on--load=\"callbacks.setButtonStyles\" data-wp-on--pointerdown=\"actions.preloadImage\" data-wp-on--pointerenter=\"actions.preloadImageWithDelay\" data-wp-on--pointerleave=\"actions.cancelPreload\" data-wp-on-window--resize=\"callbacks.setButtonStyles\" src=\"https:\/\/loudavymkrokem.cz\/wp-content\/uploads\/2026\/09\/nemecko-clanky-termaly-nemecko-46-fef6372e.jpg\" alt=\"A Kaiser-Friedrich-Therme t\u00f6rt\u00e9nelmi el\u0151csarnoka Wiesbadenben\" class=\"wp-image-415512\" title=\"\" srcset=\"https:\/\/loudavymkrokem.cz\/wp-content\/uploads\/2026\/09\/nemecko-clanky-termaly-nemecko-46-fef6372e.jpg 1800w, https:\/\/loudavymkrokem.cz\/wp-content\/uploads\/2026\/09\/nemecko-clanky-termaly-nemecko-46-fef6372e-300x225.jpg 300w, https:\/\/loudavymkrokem.cz\/wp-content\/uploads\/2026\/09\/nemecko-clanky-termaly-nemecko-46-fef6372e-700x525.jpg 700w, https:\/\/loudavymkrokem.cz\/wp-content\/uploads\/2026\/09\/nemecko-clanky-termaly-nemecko-46-fef6372e-768x576.jpg 768w, https:\/\/loudavymkrokem.cz\/wp-content\/uploads\/2026\/09\/nemecko-clanky-termaly-nemecko-46-fef6372e-1536x1152.jpg 1536w, https:\/\/loudavymkrokem.cz\/wp-content\/uploads\/2026\/09\/nemecko-clanky-termaly-nemecko-46-fef6372e-80x60.jpg 80w, https:\/\/loudavymkrokem.cz\/wp-content\/uploads\/2026\/09\/nemecko-clanky-termaly-nemecko-46-fef6372e-160x120.jpg 160w, https:\/\/loudavymkrokem.cz\/wp-content\/uploads\/2026\/09\/nemecko-clanky-termaly-nemecko-46-fef6372e-696x522.jpg 696w, https:\/\/loudavymkrokem.cz\/wp-content\/uploads\/2026\/09\/nemecko-clanky-termaly-nemecko-46-fef6372e-1392x1044.jpg 1392w\" sizes=\"(max-width: 1800px) 100vw, 1800px\" \/><button\n\t\t\tclass=\"lightbox-trigger\"\n\t\t\ttype=\"button\"\n\t\t\taria-haspopup=\"dialog\"\n\t\t\tdata-wp-bind--aria-label=\"state.thisImage.triggerButtonAriaLabel\"\n\t\t\tdata-wp-init=\"callbacks.initTriggerButton\"\n\t\t\tdata-wp-on--click=\"actions.showLightbox\"\n\t\t\tdata-wp-style--right=\"state.thisImage.buttonRight\"\n\t\t\tdata-wp-style--top=\"state.thisImage.buttonTop\"\n\t\t>\n\t\t\t<svg xmlns=\"http:\/\/www.w3.org\/2000\/svg\" width=\"12\" height=\"12\" fill=\"none\" viewBox=\"0 0 12 12\">\n\t\t\t\t<path fill=\"#fff\" d=\"M2 0a2 2 0 0 0-2 2v2h1.5V2a.5.5 0 0 1 .5-.5h2V0H2Zm2 10.5H2a.5.5 0 0 1-.5-.5V8H0v2a2 2 0 0 0 2 2h2v-1.5ZM8 12v-1.5h2a.5.5 0 0 0 .5-.5V8H12v2a2 2 0 0 1-2 2H8Zm2-12a2 2 0 0 1 2 2v2h-1.5V2a.5.5 0 0 0-.5-.5H8V0h2Z\" \/>\n\t\t\t<\/svg>\n\t\t<\/button><figcaption class=\"wp-element-caption\">Fot\u00f3: WiesbAdler \/ Wikimedia Commons, Public domain<\/figcaption><\/figure>\n\n\n\n<h3 class=\"wp-block-heading\"><span class=\"ez-toc-section\" id=\"38_Kaiser-Friedrich-Therme_Wiesbaden\"><\/span>38. Kaiser-Friedrich-Therme (Wiesbaden)<span class=\"ez-toc-section-end\"><\/span><\/h3>\n\n\n\n<p class=\"wp-block-paragraph\">Wiesbadenben maradunk, de \u00e1tmegy\u00fcnk a Kaiser-Friedrich-Therme egyed\u00fcl\u00e1ll\u00f3 t\u00f6rt\u00e9nelmi \u00e9p\u00fclet\u00e9be. Ez a f\u00fcrd\u0151 1910 \u00e9s 1913 k\u00f6z\u00f6tt \u00e9p\u00fclt August O. Pauly \u00e9p\u00edt\u00e9sz terve alapj\u00e1n, \u00e9s <strong>er\u0151s szecesszi\u00f3s jelleggel b\u00edr<\/strong>. M\u00e1r a bel\u00e9p\u00e9skor megcsap a r\u00e9gi id\u0151k hangulata, \u00e9s \u00fagy fogod \u00e9rezni magad, mint egy igazi arisztokrata pihen\u00e9s k\u00f6zben.<\/p>\n\n\n\n<p class=\"wp-block-paragraph\">Az itteni term\u00e1lv\u00edz forr\u00f3, a forr\u00e1sb\u00f3l <strong>64,6 \u00b0C-os h\u0151m\u00e9rs\u00e9klettel folyik ki<\/strong>, miel\u0151tt a f\u00fcrd\u00e9s ig\u00e9nyeihez leh\u0171ten\u00e9k. Az eg\u00e9sz komplexum sz\u00edve egy gy\u00f6ny\u00f6r\u0171 \u00edr-r\u00f3mai f\u00fcrd\u0151 eredeti mozaikcsemp\u00e9kkel, amely 1999-ben \u00e9rz\u00e9keny fel\u00faj\u00edt\u00e1son esett \u00e1t. Ma egy 1450 n\u00e9gyzetm\u00e9teres ter\u00fcleten sz\u00ednes szaunat\u00e1jat tal\u00e1lsz itt.<\/p>\n\n\n\n<p class=\"wp-block-paragraph\">Sz\u00e1m\u00edthatsz klasszikus finn szaun\u00e1ra, tepid\u00e1riumra, sudatoriumra, szan\u00e1riumra, de <strong>orosz g\u0151zf\u00fcrd\u0151re vagy egy speci\u00e1lis k\u00f6ves g\u0151zf\u00fcrd\u0151re<\/strong> is. A komplexum t\u00f6rt\u00e9nelmi f\u00fcrd\u0151k\u00e9nt van kialak\u00edtva, \u00fagyhogy els\u0151sorban a csendes relax\u00e1ci\u00f3 miatt j\u00e1r ide az ember, \u00e9s kisgyerekes csal\u00e1doknak nem eg\u00e9szen ide\u00e1lis v\u00e1laszt\u00e1s. <strong>\ud83d\udca1 Tipp:<\/strong> Ne hagyd ki a gy\u00f6ny\u00f6r\u0171 t\u00f6rt\u00e9nelmi mozaikok r\u00e9szletes megtekint\u00e9s\u00e9t az \u00edr-r\u00f3mai r\u00e9szben, amelyek eg\u00e9sz Hessen legszebb \u00e9p\u00edt\u00e9szeti elemei k\u00f6z\u00e9 tartoznak.<\/p>\n\n\n\n<figure data-wp-context=\"{&quot;imageId&quot;:&quot;6a9c16a646562&quot;}\" data-wp-interactive=\"core\/image\" data-wp-key=\"6a9c16a646562\" class=\"wp-block-image size-full wp-lightbox-container\"><img decoding=\"async\" width=\"1800\" height=\"1012\" data-wp-class--hide=\"state.isContentHidden\" data-wp-class--show=\"state.isContentVisible\" data-wp-init=\"callbacks.setButtonStyles\" data-wp-on--click=\"actions.showLightbox\" data-wp-on--load=\"callbacks.setButtonStyles\" data-wp-on--pointerdown=\"actions.preloadImage\" data-wp-on--pointerenter=\"actions.preloadImageWithDelay\" data-wp-on--pointerleave=\"actions.cancelPreload\" data-wp-on-window--resize=\"callbacks.setButtonStyles\" src=\"https:\/\/loudavymkrokem.cz\/wp-content\/uploads\/2026\/09\/nemecko-clanky-termaly-nemecko-47-57afd95a-1.jpg\" alt=\"A Spreewald Therme term\u00e1l Burgban napnyugtakor\" class=\"wp-image-415371\" title=\"\" srcset=\"https:\/\/loudavymkrokem.cz\/wp-content\/uploads\/2026\/09\/nemecko-clanky-termaly-nemecko-47-57afd95a-1.jpg 1800w, https:\/\/loudavymkrokem.cz\/wp-content\/uploads\/2026\/09\/nemecko-clanky-termaly-nemecko-47-57afd95a-1-300x169.jpg 300w, https:\/\/loudavymkrokem.cz\/wp-content\/uploads\/2026\/09\/nemecko-clanky-termaly-nemecko-47-57afd95a-1-700x394.jpg 700w, https:\/\/loudavymkrokem.cz\/wp-content\/uploads\/2026\/09\/nemecko-clanky-termaly-nemecko-47-57afd95a-1-768x432.jpg 768w, https:\/\/loudavymkrokem.cz\/wp-content\/uploads\/2026\/09\/nemecko-clanky-termaly-nemecko-47-57afd95a-1-1536x864.jpg 1536w, https:\/\/loudavymkrokem.cz\/wp-content\/uploads\/2026\/09\/nemecko-clanky-termaly-nemecko-47-57afd95a-1-696x391.jpg 696w, https:\/\/loudavymkrokem.cz\/wp-content\/uploads\/2026\/09\/nemecko-clanky-termaly-nemecko-47-57afd95a-1-1392x783.jpg 1392w\" sizes=\"(max-width: 1800px) 100vw, 1800px\" \/><button\n\t\t\tclass=\"lightbox-trigger\"\n\t\t\ttype=\"button\"\n\t\t\taria-haspopup=\"dialog\"\n\t\t\tdata-wp-bind--aria-label=\"state.thisImage.triggerButtonAriaLabel\"\n\t\t\tdata-wp-init=\"callbacks.initTriggerButton\"\n\t\t\tdata-wp-on--click=\"actions.showLightbox\"\n\t\t\tdata-wp-style--right=\"state.thisImage.buttonRight\"\n\t\t\tdata-wp-style--top=\"state.thisImage.buttonTop\"\n\t\t>\n\t\t\t<svg xmlns=\"http:\/\/www.w3.org\/2000\/svg\" width=\"12\" height=\"12\" fill=\"none\" viewBox=\"0 0 12 12\">\n\t\t\t\t<path fill=\"#fff\" d=\"M2 0a2 2 0 0 0-2 2v2h1.5V2a.5.5 0 0 1 .5-.5h2V0H2Zm2 10.5H2a.5.5 0 0 1-.5-.5V8H0v2a2 2 0 0 0 2 2h2v-1.5ZM8 12v-1.5h2a.5.5 0 0 0 .5-.5V8H12v2a2 2 0 0 1-2 2H8Zm2-12a2 2 0 0 1 2 2v2h-1.5V2a.5.5 0 0 0-.5-.5H8V0h2Z\" \/>\n\t\t\t<\/svg>\n\t\t<\/button><\/figure>\n\n\n\n<h2 class=\"wp-block-heading\"><span class=\"ez-toc-section\" id=\"Termalfurdok_Brandenburgban_es_Berlinben\"><\/span>Term\u00e1lf\u00fcrd\u0151k Brandenburgban \u00e9s Berlinben<span class=\"ez-toc-section-end\"><\/span><\/h2>\n\n\n\n<p class=\"wp-block-paragraph\">Ha egy hossz\u00fa h\u00e9tv\u00e9g\u00e9re k\u00e9sz\u00fclsz a n\u00e9met f\u0151v\u00e1rosba, k\u00e1r lenne kihagyni valamelyik helyi wellnesskomplexumot. Berlin k\u00f6rny\u00e9ke \u00e9s a szomsz\u00e9dos Brandenburg ugyanis igazi kincseket rejt, amelyek a v\u00e1rosi nyaral\u00e1sodat t\u00f6k\u00e9letes relax\u00e1ci\u00f3s \u00e9lm\u00e9nny\u00e9 teszik. Budapestr\u0151l az \u00fat ide k\u00f6r\u00fclbel\u00fcl nyolc-kilenc \u00f3ra kocsival, \u00fagyhogy ez ink\u00e1bb egy hosszabb h\u00e9tv\u00e9ge programja \u2014 de a v\u00e9g\u00e9n meg\u00e9ri.<\/p>\n\n\n\n<p class=\"wp-block-paragraph\">Sz\u00e1m\u00edthatsz \u00f3ri\u00e1si soksz\u00edn\u0171s\u00e9gre \u00e9s gy\u00f6ny\u00f6r\u0171 komplexumokra. Itt tal\u00e1lhat\u00f3 a h\u00edres Spreewald a gy\u00f3gys\u00f3lev\u00e9vel, a k\u00f6zvetlen\u00fcl egy t\u00f3 mellett fekv\u0151 gy\u00f6ny\u00f6r\u0171 Havel Therme vagy a h\u00edres berlini vabali spa, ami egy hatalmas balin\u00e9z szaunavil\u00e1g egyenesen a f\u0151v\u00e1ros sz\u00edv\u00e9ben. Az itteni term\u00e1lok remek\u00fcl alkalmasak mind egy romantikus kettesben t\u00f6lt\u00f6tt kiruccan\u00e1shoz, mind gyerekes csal\u00e1doknak, akik egy eg\u00e9sznapos m\u0171eml\u00e9k-n\u00e9zeget\u00e9s ut\u00e1n egy kis meg\u00e9rdemelt pihen\u00e9st keresnek.<\/p>\n\n\n\n<figure data-wp-context=\"{&quot;imageId&quot;:&quot;6a9c16a646c1c&quot;}\" data-wp-interactive=\"core\/image\" data-wp-key=\"6a9c16a646c1c\" class=\"wp-block-image size-full wp-lightbox-container\"><img decoding=\"async\" width=\"1800\" height=\"1200\" data-wp-class--hide=\"state.isContentHidden\" data-wp-class--show=\"state.isContentVisible\" data-wp-init=\"callbacks.setButtonStyles\" data-wp-on--click=\"actions.showLightbox\" data-wp-on--load=\"callbacks.setButtonStyles\" data-wp-on--pointerdown=\"actions.preloadImage\" data-wp-on--pointerenter=\"actions.preloadImageWithDelay\" data-wp-on--pointerleave=\"actions.cancelPreload\" data-wp-on-window--resize=\"callbacks.setButtonStyles\" src=\"https:\/\/loudavymkrokem.cz\/wp-content\/uploads\/2026\/09\/nemecko-clanky-termaly-nemecko-48-a26adcb0-1.jpg\" alt=\"Havel Therme (Werder an der Havel)\" class=\"wp-image-415374\" title=\"\" srcset=\"https:\/\/loudavymkrokem.cz\/wp-content\/uploads\/2026\/09\/nemecko-clanky-termaly-nemecko-48-a26adcb0-1.jpg 1800w, https:\/\/loudavymkrokem.cz\/wp-content\/uploads\/2026\/09\/nemecko-clanky-termaly-nemecko-48-a26adcb0-1-300x200.jpg 300w, https:\/\/loudavymkrokem.cz\/wp-content\/uploads\/2026\/09\/nemecko-clanky-termaly-nemecko-48-a26adcb0-1-700x467.jpg 700w, https:\/\/loudavymkrokem.cz\/wp-content\/uploads\/2026\/09\/nemecko-clanky-termaly-nemecko-48-a26adcb0-1-768x512.jpg 768w, https:\/\/loudavymkrokem.cz\/wp-content\/uploads\/2026\/09\/nemecko-clanky-termaly-nemecko-48-a26adcb0-1-1536x1024.jpg 1536w, https:\/\/loudavymkrokem.cz\/wp-content\/uploads\/2026\/09\/nemecko-clanky-termaly-nemecko-48-a26adcb0-1-696x464.jpg 696w, https:\/\/loudavymkrokem.cz\/wp-content\/uploads\/2026\/09\/nemecko-clanky-termaly-nemecko-48-a26adcb0-1-1392x928.jpg 1392w\" sizes=\"(max-width: 1800px) 100vw, 1800px\" \/><button\n\t\t\tclass=\"lightbox-trigger\"\n\t\t\ttype=\"button\"\n\t\t\taria-haspopup=\"dialog\"\n\t\t\tdata-wp-bind--aria-label=\"state.thisImage.triggerButtonAriaLabel\"\n\t\t\tdata-wp-init=\"callbacks.initTriggerButton\"\n\t\t\tdata-wp-on--click=\"actions.showLightbox\"\n\t\t\tdata-wp-style--right=\"state.thisImage.buttonRight\"\n\t\t\tdata-wp-style--top=\"state.thisImage.buttonTop\"\n\t\t>\n\t\t\t<svg xmlns=\"http:\/\/www.w3.org\/2000\/svg\" width=\"12\" height=\"12\" fill=\"none\" viewBox=\"0 0 12 12\">\n\t\t\t\t<path fill=\"#fff\" d=\"M2 0a2 2 0 0 0-2 2v2h1.5V2a.5.5 0 0 1 .5-.5h2V0H2Zm2 10.5H2a.5.5 0 0 1-.5-.5V8H0v2a2 2 0 0 0 2 2h2v-1.5ZM8 12v-1.5h2a.5.5 0 0 0 .5-.5V8H12v2a2 2 0 0 1-2 2H8Zm2-12a2 2 0 0 1 2 2v2h-1.5V2a.5.5 0 0 0-.5-.5H8V0h2Z\" \/>\n\t\t\t<\/svg>\n\t\t<\/button><\/figure>\n\n\n\n<h3 class=\"wp-block-heading\"><span class=\"ez-toc-section\" id=\"39_Havel_Therme_Werder_an_der_Havel\"><\/span>39. Havel Therme (Werder an der Havel)<span class=\"ez-toc-section-end\"><\/span><\/h3>\n\n\n\n<p class=\"wp-block-paragraph\">K\u00f6zvetlen\u00fcl Berlin hat\u00e1r\u00e1n t\u00fal, Werder v\u00e1rosk\u00e1ban tal\u00e1lhat\u00f3 a <strong>Havel Therme<\/strong>, amely gy\u00f6ny\u00f6r\u0171 fekv\u00e9s\u00e9vel ny\u0171g\u00f6z le. A f\u0151 vonzer\u0151 f\u0151leg a <strong>poolbaros belt\u00e9ri medence 36 \u00b0C-os h\u0151m\u00e9rs\u00e9klettel<\/strong>, ahol egyenesen a v\u00edzben \u00e9lvezhetsz egy italt. Az eg\u00e9sz komplexum gy\u00f6ny\u00f6r\u0171 mediterr\u00e1n st\u00edlusban van kialak\u00edtva, \u00e9s f\u0151leg a nyugalmat \u00e9s relax\u00e1ci\u00f3t keres\u0151 feln\u0151tt l\u00e1togat\u00f3k tal\u00e1lj\u00e1k meg itt a sz\u00e1m\u00edt\u00e1sukat egy f\u00e1raszt\u00f3 nap ut\u00e1n.<\/p>\n\n\n\n<p class=\"wp-block-paragraph\">Az itteni medenc\u00e9k rengeteg helyet k\u00edn\u00e1lnak a pihen\u00e9shez kint \u00e9s bent. B\u00e1rmilyen id\u0151ben megmer\u00fclhetsz a nagy <strong>235 m\u00b2-es, 34 \u00b0C-os k\u00fclt\u00e9ri term\u00e1lmedenc\u00e9ben<\/strong>. Ha szereted a meleget, ne hagyd ki a g\u0151zf\u00fcrd\u0151ket sem, ahol kellemes 45 \u00b0C v\u00e1r r\u00e1d, vagy a speci\u00e1lis, 43 \u00b0C-os f\u00fcrd\u0151t, amely a regener\u00e1l\u00f3 peelingekhez \u00e9s a gy\u00f3gyiszapos kezel\u00e9sekhez van fenntartva.<\/p>\n\n\n\n<p class=\"wp-block-paragraph\">A szaun\u00e1z\u00e1s szerelmeseinek egy t\u00e1gas szaunavil\u00e1g \u00e1ll k\u00e9szen. A mediterr\u00e1n szaunakert k\u00f6zep\u00e9n egy <strong>34 \u00b0C-os viz\u0171 panor\u00e1m\u00e1s k\u00fclt\u00e9ri medenc\u00e9t<\/strong> tal\u00e1lsz, amelybe azonban kiz\u00e1r\u00f3lag f\u00fcrd\u0151ruha n\u00e9lk\u00fcl j\u00e1rnak. <strong>\ud83d\udca1 Tipp:<\/strong> A szaunar\u00e9szben szigor\u00fa f\u00fcrd\u0151ruha n\u00e9lk\u00fcli z\u00f3na \u00e9rv\u00e9nyes, \u00fagyhogy ne felejts el el\u00e9g t\u00f6r\u00f6lk\u00f6z\u0151t vagy k\u00f6nt\u00f6st vinni, hogy k\u00e9nyelmesen \u00e9rezd magad az egyes kezel\u00e9sek k\u00f6z\u00f6tti \u00e1tmenetkor.<\/p>\n\n\n\n<figure data-wp-context=\"{&quot;imageId&quot;:&quot;6a9c16a647119&quot;}\" data-wp-interactive=\"core\/image\" data-wp-key=\"6a9c16a647119\" class=\"wp-block-image size-full wp-lightbox-container\"><img decoding=\"async\" width=\"1800\" height=\"1199\" data-wp-class--hide=\"state.isContentHidden\" data-wp-class--show=\"state.isContentVisible\" data-wp-init=\"callbacks.setButtonStyles\" data-wp-on--click=\"actions.showLightbox\" data-wp-on--load=\"callbacks.setButtonStyles\" data-wp-on--pointerdown=\"actions.preloadImage\" data-wp-on--pointerenter=\"actions.preloadImageWithDelay\" data-wp-on--pointerleave=\"actions.cancelPreload\" data-wp-on-window--resize=\"callbacks.setButtonStyles\" src=\"https:\/\/loudavymkrokem.cz\/wp-content\/uploads\/2026\/09\/nemecko-clanky-termaly-nemecko-49-71f9a6ee-1.jpg\" alt=\"Spreewald Therme (Burg)\" class=\"wp-image-415377\" title=\"\" srcset=\"https:\/\/loudavymkrokem.cz\/wp-content\/uploads\/2026\/09\/nemecko-clanky-termaly-nemecko-49-71f9a6ee-1.jpg 1800w, https:\/\/loudavymkrokem.cz\/wp-content\/uploads\/2026\/09\/nemecko-clanky-termaly-nemecko-49-71f9a6ee-1-300x200.jpg 300w, https:\/\/loudavymkrokem.cz\/wp-content\/uploads\/2026\/09\/nemecko-clanky-termaly-nemecko-49-71f9a6ee-1-700x466.jpg 700w, https:\/\/loudavymkrokem.cz\/wp-content\/uploads\/2026\/09\/nemecko-clanky-termaly-nemecko-49-71f9a6ee-1-768x512.jpg 768w, https:\/\/loudavymkrokem.cz\/wp-content\/uploads\/2026\/09\/nemecko-clanky-termaly-nemecko-49-71f9a6ee-1-1536x1023.jpg 1536w, https:\/\/loudavymkrokem.cz\/wp-content\/uploads\/2026\/09\/nemecko-clanky-termaly-nemecko-49-71f9a6ee-1-696x464.jpg 696w, https:\/\/loudavymkrokem.cz\/wp-content\/uploads\/2026\/09\/nemecko-clanky-termaly-nemecko-49-71f9a6ee-1-1392x927.jpg 1392w\" sizes=\"(max-width: 1800px) 100vw, 1800px\" \/><button\n\t\t\tclass=\"lightbox-trigger\"\n\t\t\ttype=\"button\"\n\t\t\taria-haspopup=\"dialog\"\n\t\t\tdata-wp-bind--aria-label=\"state.thisImage.triggerButtonAriaLabel\"\n\t\t\tdata-wp-init=\"callbacks.initTriggerButton\"\n\t\t\tdata-wp-on--click=\"actions.showLightbox\"\n\t\t\tdata-wp-style--right=\"state.thisImage.buttonRight\"\n\t\t\tdata-wp-style--top=\"state.thisImage.buttonTop\"\n\t\t>\n\t\t\t<svg xmlns=\"http:\/\/www.w3.org\/2000\/svg\" width=\"12\" height=\"12\" fill=\"none\" viewBox=\"0 0 12 12\">\n\t\t\t\t<path fill=\"#fff\" d=\"M2 0a2 2 0 0 0-2 2v2h1.5V2a.5.5 0 0 1 .5-.5h2V0H2Zm2 10.5H2a.5.5 0 0 1-.5-.5V8H0v2a2 2 0 0 0 2 2h2v-1.5ZM8 12v-1.5h2a.5.5 0 0 0 .5-.5V8H12v2a2 2 0 0 1-2 2H8Zm2-12a2 2 0 0 1 2 2v2h-1.5V2a.5.5 0 0 0-.5-.5H8V0h2Z\" \/>\n\t\t\t<\/svg>\n\t\t<\/button><\/figure>\n\n\n\n<h3 class=\"wp-block-heading\"><span class=\"ez-toc-section\" id=\"40_Spreewald_Therme_Burg\"><\/span>40. Spreewald Therme (Burg)<span class=\"ez-toc-section-end\"><\/span><\/h3>\n\n\n\n<p class=\"wp-block-paragraph\">Ha a v\u00edzi csatorn\u00e1kkal teli var\u00e1zslatos vid\u00e9kre m\u00e9sz, ne hagyd ki a <strong>Spreewald Therm\u00e9t<\/strong> Burg k\u00f6zs\u00e9gben. Ez a komplexum f\u0151leg a <strong>gy\u00f3gyhat\u00e1s\u00fa term\u00e1l s\u00f3lev\u00e9vel<\/strong> t\u0171nik ki, amelynek a k\u00fcl\u00f6nb\u00f6z\u0151 medenc\u00e9kben 2,5%-t\u00f3l eg\u00e9szen tekint\u00e9lyes 8%-ig terjed\u0151 koncentr\u00e1ci\u00f3ja van. Ide\u00e1lis hely mindenkinek, aki szeretn\u00e9 \u00f6sszek\u00f6tni a fest\u0151i term\u00e9szetbe tett kir\u00e1ndul\u00e1sokat az eg\u00e9szs\u00e9ge \u00e9s a l\u00e9gutai gondoz\u00e1s\u00e1val.<\/p>\n\n\n\n<p class=\"wp-block-paragraph\">Bent r\u00f6gt\u00f6n t\u00f6bb medence v\u00e1r r\u00e1d k\u00fcl\u00f6nb\u00f6z\u0151 h\u0151m\u00e9rs\u00e9klettel, \u00fagyhogy mindenki megtal\u00e1lja a maga kedvenc\u00e9t. Felmelegedhetsz a <strong>34 \u00b0C-t\u00f3l eg\u00e9szen a sz\u00e9p meleg 38 \u00b0C-ig<\/strong> terjed\u0151 medenc\u00e9kben, vagy \u00e9ppen leh\u0171theted magad a hideg medenc\u00e9ben, amelynek csak 18 \u00b0C-a van. Ha szeretsz valami \u00fajat kipr\u00f3b\u00e1lni, elnyer az itteni g\u0151zszauna, ahol 47 \u00b0C-os h\u0151m\u00e9rs\u00e9kleten sz\u00e1z sz\u00e1zal\u00e9kos p\u00e1ratartalmat tartanak fenn.<\/p>\n\n\n\n<p class=\"wp-block-paragraph\">A 2026-os \u00e1rlista szerint egy alap k\u00e9t\u00f3r\u00e1s bel\u00e9p\u0151 a medenc\u00e9kbe 21 \u20ac, m\u00edg a <strong>szaun\u00e1kkal kombin\u00e1lt jegy 27 \u20ac-ba ker\u00fcl<\/strong>. H\u00e9tv\u00e9g\u00e9n \u00e9s \u00fcnnepnapokon sz\u00e1m\u00edts 2 \u20ac fel\u00e1rral, \u00e9s k\u00f6lcs\u00f6n\u00f6zhetsz itt k\u00f6nt\u00f6st is 7 \u20ac-\u00e9rt, vagy foglalhatsz fekv\u0151\u00e1gyat 7,50 \u20ac-\u00e9rt. <strong>\ud83d\udca1 Tipp:<\/strong> Ha a helyi Cottbusverkehr k\u00f6zleked\u00e9ssel utazol, k\u00e9rdezz r\u00e1 a speci\u00e1lis Wellnessticketre, amely egy feln\u0151ttnek 23 \u20ac-ba, tizenk\u00e9t \u00e9v alatti gyerekeknek pedig 17 \u20ac-ba ker\u00fcl.<\/p>\n\n\n\n<figure data-wp-context=\"{&quot;imageId&quot;:&quot;6a9c16a647689&quot;}\" data-wp-interactive=\"core\/image\" data-wp-key=\"6a9c16a647689\" class=\"wp-block-image size-full wp-lightbox-container\"><img decoding=\"async\" width=\"1800\" height=\"881\" data-wp-class--hide=\"state.isContentHidden\" data-wp-class--show=\"state.isContentVisible\" data-wp-init=\"callbacks.setButtonStyles\" data-wp-on--click=\"actions.showLightbox\" data-wp-on--load=\"callbacks.setButtonStyles\" data-wp-on--pointerdown=\"actions.preloadImage\" data-wp-on--pointerenter=\"actions.preloadImageWithDelay\" data-wp-on--pointerleave=\"actions.cancelPreload\" data-wp-on-window--resize=\"callbacks.setButtonStyles\" src=\"https:\/\/loudavymkrokem.cz\/wp-content\/uploads\/2026\/09\/nemecko-clanky-termaly-nemecko-50-ecf98ec5-1.jpg\" alt=\"NaturThermeTemplin (Templin): szaunar\u00e9sz\" class=\"wp-image-415380\" title=\"\" srcset=\"https:\/\/loudavymkrokem.cz\/wp-content\/uploads\/2026\/09\/nemecko-clanky-termaly-nemecko-50-ecf98ec5-1.jpg 1800w, https:\/\/loudavymkrokem.cz\/wp-content\/uploads\/2026\/09\/nemecko-clanky-termaly-nemecko-50-ecf98ec5-1-300x147.jpg 300w, https:\/\/loudavymkrokem.cz\/wp-content\/uploads\/2026\/09\/nemecko-clanky-termaly-nemecko-50-ecf98ec5-1-700x343.jpg 700w, https:\/\/loudavymkrokem.cz\/wp-content\/uploads\/2026\/09\/nemecko-clanky-termaly-nemecko-50-ecf98ec5-1-768x376.jpg 768w, https:\/\/loudavymkrokem.cz\/wp-content\/uploads\/2026\/09\/nemecko-clanky-termaly-nemecko-50-ecf98ec5-1-1536x752.jpg 1536w, https:\/\/loudavymkrokem.cz\/wp-content\/uploads\/2026\/09\/nemecko-clanky-termaly-nemecko-50-ecf98ec5-1-696x341.jpg 696w, https:\/\/loudavymkrokem.cz\/wp-content\/uploads\/2026\/09\/nemecko-clanky-termaly-nemecko-50-ecf98ec5-1-1392x681.jpg 1392w\" sizes=\"(max-width: 1800px) 100vw, 1800px\" \/><button\n\t\t\tclass=\"lightbox-trigger\"\n\t\t\ttype=\"button\"\n\t\t\taria-haspopup=\"dialog\"\n\t\t\tdata-wp-bind--aria-label=\"state.thisImage.triggerButtonAriaLabel\"\n\t\t\tdata-wp-init=\"callbacks.initTriggerButton\"\n\t\t\tdata-wp-on--click=\"actions.showLightbox\"\n\t\t\tdata-wp-style--right=\"state.thisImage.buttonRight\"\n\t\t\tdata-wp-style--top=\"state.thisImage.buttonTop\"\n\t\t>\n\t\t\t<svg xmlns=\"http:\/\/www.w3.org\/2000\/svg\" width=\"12\" height=\"12\" fill=\"none\" viewBox=\"0 0 12 12\">\n\t\t\t\t<path fill=\"#fff\" d=\"M2 0a2 2 0 0 0-2 2v2h1.5V2a.5.5 0 0 1 .5-.5h2V0H2Zm2 10.5H2a.5.5 0 0 1-.5-.5V8H0v2a2 2 0 0 0 2 2h2v-1.5ZM8 12v-1.5h2a.5.5 0 0 0 .5-.5V8H12v2a2 2 0 0 1-2 2H8Zm2-12a2 2 0 0 1 2 2v2h-1.5V2a.5.5 0 0 0-.5-.5H8V0h2Z\" \/>\n\t\t\t<\/svg>\n\t\t<\/button><\/figure>\n\n\n\n<h3 class=\"wp-block-heading\"><span class=\"ez-toc-section\" id=\"41_NaturThermeTemplin_Templin\"><\/span>41. NaturThermeTemplin (Templin)<span class=\"ez-toc-section-end\"><\/span><\/h3>\n\n\n\n<p class=\"wp-block-paragraph\">Brandenburg \u00e9szakkeleti r\u00e9sz\u00e9n a <strong>NaturThermeTemplin<\/strong> cs\u00e1b\u00edt l\u00e1togat\u00e1sra, egy kedvelt term\u00e1l- \u00e9s sz\u00f3rakoztat\u00f3 komplexum az Uckermark erdei k\u00f6zep\u00e9n. A f\u0151 vonzer\u0151 az itteni <strong>1\u20136%-os koncentr\u00e1ci\u00f3j\u00fa term\u00e1l s\u00f3l\u00e9<\/strong>, amely m\u00e9lyen a f\u00f6ld alatt ered, \u00e9s kellemes 30\u201336 \u00b0C-os h\u0151m\u00e9rs\u00e9kletet \u00e9r el. Remek v\u00e1laszt\u00e1s mind csal\u00e1doknak, mind p\u00e1roknak, mert a komplexum \u00f6tv\u00f6zi a nyugodt f\u00fcrd\u0151z\u00e9st az akt\u00edvabb pihen\u00e9ssel.<\/p>\n\n\n\n<p class=\"wp-block-paragraph\">Az itteni forr\u00e1sb\u00f3l sz\u00e1rmaz\u00f3 v\u00edz megfelel a gy\u00f3gyhat\u00e1s\u00fa term\u00e1lv\u00edz megjel\u00f6l\u00e9sre vonatkoz\u00f3 szigor\u00fa krit\u00e9riumoknak, mert m\u00e1r a felt\u00f6r\u00e9skor 20 \u00b0C-n\u00e1l magasabb h\u0151m\u00e9rs\u00e9klete van. A k\u00e9s\u0151bbi kezel\u00e9s ut\u00e1n \u00edgy \u00e9lvezheted a <strong>meleg s\u00f3s v\u00edz j\u00f3t\u00e9kony hat\u00e1sait<\/strong>, amely gy\u00f6ny\u00f6r\u0171en felhajt \u00e9s felszabad\u00edtja a f\u00e1radt izmokat. A komplexumban nyugodtan t\u00f6lthetsz egy eg\u00e9sz napot, mert el\u00e9g helyet k\u00edn\u00e1l az \u00fasz\u00e1shoz, a relax\u00e1ci\u00f3hoz \u00e9s az \u00e1tmeleged\u00e9shez.<\/p>\n\n\n\n<p class=\"wp-block-paragraph\">A 2026-os \u00e1rlista szerint a szaunavil\u00e1gba val\u00f3 \u00e1tmenet\u00e9rt <strong>egyszeri 4 \u20ac fel\u00e1rat<\/strong> fizetsz. Ha h\u00e9tv\u00e9g\u00e9n vagy \u00fcnnepnapokon j\u00f6ssz, sz\u00e1m\u00edts m\u00e9g egy 3 \u20ac-s h\u00e9tv\u00e9gi fel\u00e1rral, amely azonban csak a feln\u0151tt l\u00e1togat\u00f3kra vonatkozik. <strong>\ud83d\udca1 Tipp:<\/strong> K\u00f6vesd figyelmesen az id\u0151j\u00e1r\u00e1s-el\u0151rejelz\u00e9st, mert ha a meteorol\u00f3gusok 25 \u00b0C-ot vagy t\u00f6bbet jeleznek, a term\u00e1lban a kedvez\u0151bb ny\u00e1ri tarif \u00e9rv\u00e9nyes.<\/p>\n\n\n\n<figure data-wp-context=\"{&quot;imageId&quot;:&quot;6a9c16a647d10&quot;}\" data-wp-interactive=\"core\/image\" data-wp-key=\"6a9c16a647d10\" class=\"wp-block-image size-full wp-lightbox-container\"><img decoding=\"async\" width=\"1800\" height=\"900\" data-wp-class--hide=\"state.isContentHidden\" data-wp-class--show=\"state.isContentVisible\" data-wp-init=\"callbacks.setButtonStyles\" data-wp-on--click=\"actions.showLightbox\" data-wp-on--load=\"callbacks.setButtonStyles\" data-wp-on--pointerdown=\"actions.preloadImage\" data-wp-on--pointerenter=\"actions.preloadImageWithDelay\" data-wp-on--pointerleave=\"actions.cancelPreload\" data-wp-on-window--resize=\"callbacks.setButtonStyles\" src=\"https:\/\/loudavymkrokem.cz\/wp-content\/uploads\/2026\/09\/nemecko-clanky-termaly-nemecko-51-a4b55ee4-1.jpg\" alt=\"A Spreewelten Bad szaunar\u00e9sze L\u00fcbbenauban\" class=\"wp-image-415385\" title=\"\" srcset=\"https:\/\/loudavymkrokem.cz\/wp-content\/uploads\/2026\/09\/nemecko-clanky-termaly-nemecko-51-a4b55ee4-1.jpg 1800w, https:\/\/loudavymkrokem.cz\/wp-content\/uploads\/2026\/09\/nemecko-clanky-termaly-nemecko-51-a4b55ee4-1-300x150.jpg 300w, https:\/\/loudavymkrokem.cz\/wp-content\/uploads\/2026\/09\/nemecko-clanky-termaly-nemecko-51-a4b55ee4-1-700x350.jpg 700w, https:\/\/loudavymkrokem.cz\/wp-content\/uploads\/2026\/09\/nemecko-clanky-termaly-nemecko-51-a4b55ee4-1-768x384.jpg 768w, https:\/\/loudavymkrokem.cz\/wp-content\/uploads\/2026\/09\/nemecko-clanky-termaly-nemecko-51-a4b55ee4-1-1536x768.jpg 1536w, https:\/\/loudavymkrokem.cz\/wp-content\/uploads\/2026\/09\/nemecko-clanky-termaly-nemecko-51-a4b55ee4-1-696x348.jpg 696w, https:\/\/loudavymkrokem.cz\/wp-content\/uploads\/2026\/09\/nemecko-clanky-termaly-nemecko-51-a4b55ee4-1-1392x696.jpg 1392w\" sizes=\"(max-width: 1800px) 100vw, 1800px\" \/><button\n\t\t\tclass=\"lightbox-trigger\"\n\t\t\ttype=\"button\"\n\t\t\taria-haspopup=\"dialog\"\n\t\t\tdata-wp-bind--aria-label=\"state.thisImage.triggerButtonAriaLabel\"\n\t\t\tdata-wp-init=\"callbacks.initTriggerButton\"\n\t\t\tdata-wp-on--click=\"actions.showLightbox\"\n\t\t\tdata-wp-style--right=\"state.thisImage.buttonRight\"\n\t\t\tdata-wp-style--top=\"state.thisImage.buttonTop\"\n\t\t>\n\t\t\t<svg xmlns=\"http:\/\/www.w3.org\/2000\/svg\" width=\"12\" height=\"12\" fill=\"none\" viewBox=\"0 0 12 12\">\n\t\t\t\t<path fill=\"#fff\" d=\"M2 0a2 2 0 0 0-2 2v2h1.5V2a.5.5 0 0 1 .5-.5h2V0H2Zm2 10.5H2a.5.5 0 0 1-.5-.5V8H0v2a2 2 0 0 0 2 2h2v-1.5ZM8 12v-1.5h2a.5.5 0 0 0 .5-.5V8H12v2a2 2 0 0 1-2 2H8Zm2-12a2 2 0 0 1 2 2v2h-1.5V2a.5.5 0 0 0-.5-.5H8V0h2Z\" \/>\n\t\t\t<\/svg>\n\t\t<\/button><\/figure>\n\n\n\n<h3 class=\"wp-block-heading\"><span class=\"ez-toc-section\" id=\"42_Spreewelten_Bad_Lubbenau_Lubbenau\"><\/span>42. Spreewelten Bad L\u00fcbbenau (L\u00fcbbenau)<span class=\"ez-toc-section-end\"><\/span><\/h3>\n\n\n\n<p class=\"wp-block-paragraph\">Ez a legeredetibb term\u00e1l az eg\u00e9sz \u00e1ttekint\u00e9sben, mert maguk az \u00fczemeltet\u0151k \u00edgy mondj\u00e1k magukr\u00f3l: <strong>\u201emi vagyunk a pingvinesek\u201d<\/strong>. A l\u00fcbbenaui komplexumban ugyanis a medence a pingvinek kifut\u00f3j\u00e1val szomsz\u00e9dos, amelyet csak \u00fcvegfalak v\u00e1lasztanak el, \u00fagyhogy \u00fasz\u00e1s k\u00f6zben ezeket a madarakat karny\u00fajt\u00e1snyira l\u00e1tod. Gyerekes csal\u00e1doknak ez olyan \u00e9lm\u00e9ny, amely N\u00e9metorsz\u00e1gban sehol m\u00e1shol nem ism\u00e9telhet\u0151 meg.<\/p>\n\n\n\n<p class=\"wp-block-paragraph\">A pingvinek k\u00f6r\u00e9 egy eg\u00e9sz program \u00e9p\u00fcl: <strong>komment\u00e1lt etet\u00e9st \u00e9s VIP-kifut\u00f3 t\u00far\u00e1t<\/strong> is rendeznek, a kisebb gyerekeknek pedig saj\u00e1t Pingu Kids Clubjuk van. Az \u00e9lm\u00e9nymedenc\u00e9n \u00e9s cs\u00faszd\u00e1n k\u00edv\u00fcl azonban egy teljes \u00e9rt\u00e9k\u0171 szaunavil\u00e1g is m\u0171k\u00f6dik itt, nagyon sz\u00e9les h\u0151m\u00e9rs\u00e9klet-sk\u00e1l\u00e1val, \u00fagyhogy a feln\u0151ttek sem j\u00e1rnak rosszul. A komplexum r\u00e9sz\u00e9t k\u00e9pezi egy saj\u00e1t hotel is wellness-szel, ha \u00e9jszak\u00e1ra szeretn\u00e9l maradni.<\/p>\n\n\n\n<p class=\"wp-block-paragraph\">V\u00e1logathatsz az enyhe, <strong>40\u201350 \u00b0C-os<\/strong> izzaszt\u00f3kt\u00f3l a 60, 70 \u00e9s 80 \u00b0C-os k\u00f6zepesen meleg szaun\u00e1kon \u00e1t eg\u00e9szen a val\u00f3di pokolg\u00e9pekig, 85 \u00e9s <strong>95 \u00b0C-kal<\/strong>. A szaunavil\u00e1gba a gyerekek csak 7 \u00e9ves kort\u00f3l mehetnek, eg\u00e9sznapos bel\u00e9p\u0151j\u00fck pedig 8 eur\u00f3ba ker\u00fcl. <strong>\ud83d\udca1 Tipp:<\/strong> Ha akt\u00edvan szeretn\u00e9d l\u00e1tni a pingvineket, tervezd a l\u00e1togat\u00e1st az etet\u00e9s idej\u00e9re, amelyet az \u00fczemeltet\u0151 a weboldal\u00e1n tesz k\u00f6zz\u00e9.<\/p>\n\n\n\n<figure data-wp-context=\"{&quot;imageId&quot;:&quot;6a9c16a6481fb&quot;}\" data-wp-interactive=\"core\/image\" data-wp-key=\"6a9c16a6481fb\" class=\"wp-block-image size-full wp-lightbox-container\"><img decoding=\"async\" width=\"1800\" height=\"852\" data-wp-class--hide=\"state.isContentHidden\" data-wp-class--show=\"state.isContentVisible\" data-wp-init=\"callbacks.setButtonStyles\" data-wp-on--click=\"actions.showLightbox\" data-wp-on--load=\"callbacks.setButtonStyles\" data-wp-on--pointerdown=\"actions.preloadImage\" data-wp-on--pointerenter=\"actions.preloadImageWithDelay\" data-wp-on--pointerleave=\"actions.cancelPreload\" data-wp-on-window--resize=\"callbacks.setButtonStyles\" src=\"https:\/\/loudavymkrokem.cz\/wp-content\/uploads\/2026\/09\/nemecko-clanky-termaly-nemecko-52-6414cd66.jpg\" alt=\"A Kristalltherme k\u00fclt\u00e9ri s\u00f3s tava Bad Wilsnackban\" class=\"wp-image-415515\" title=\"\" srcset=\"https:\/\/loudavymkrokem.cz\/wp-content\/uploads\/2026\/09\/nemecko-clanky-termaly-nemecko-52-6414cd66.jpg 1800w, https:\/\/loudavymkrokem.cz\/wp-content\/uploads\/2026\/09\/nemecko-clanky-termaly-nemecko-52-6414cd66-300x142.jpg 300w, https:\/\/loudavymkrokem.cz\/wp-content\/uploads\/2026\/09\/nemecko-clanky-termaly-nemecko-52-6414cd66-700x331.jpg 700w, https:\/\/loudavymkrokem.cz\/wp-content\/uploads\/2026\/09\/nemecko-clanky-termaly-nemecko-52-6414cd66-768x364.jpg 768w, https:\/\/loudavymkrokem.cz\/wp-content\/uploads\/2026\/09\/nemecko-clanky-termaly-nemecko-52-6414cd66-1536x727.jpg 1536w, https:\/\/loudavymkrokem.cz\/wp-content\/uploads\/2026\/09\/nemecko-clanky-termaly-nemecko-52-6414cd66-696x329.jpg 696w, https:\/\/loudavymkrokem.cz\/wp-content\/uploads\/2026\/09\/nemecko-clanky-termaly-nemecko-52-6414cd66-1392x659.jpg 1392w\" sizes=\"(max-width: 1800px) 100vw, 1800px\" \/><button\n\t\t\tclass=\"lightbox-trigger\"\n\t\t\ttype=\"button\"\n\t\t\taria-haspopup=\"dialog\"\n\t\t\tdata-wp-bind--aria-label=\"state.thisImage.triggerButtonAriaLabel\"\n\t\t\tdata-wp-init=\"callbacks.initTriggerButton\"\n\t\t\tdata-wp-on--click=\"actions.showLightbox\"\n\t\t\tdata-wp-style--right=\"state.thisImage.buttonRight\"\n\t\t\tdata-wp-style--top=\"state.thisImage.buttonTop\"\n\t\t>\n\t\t\t<svg xmlns=\"http:\/\/www.w3.org\/2000\/svg\" width=\"12\" height=\"12\" fill=\"none\" viewBox=\"0 0 12 12\">\n\t\t\t\t<path fill=\"#fff\" d=\"M2 0a2 2 0 0 0-2 2v2h1.5V2a.5.5 0 0 1 .5-.5h2V0H2Zm2 10.5H2a.5.5 0 0 1-.5-.5V8H0v2a2 2 0 0 0 2 2h2v-1.5ZM8 12v-1.5h2a.5.5 0 0 0 .5-.5V8H12v2a2 2 0 0 1-2 2H8Zm2-12a2 2 0 0 1 2 2v2h-1.5V2a.5.5 0 0 0-.5-.5H8V0h2Z\" \/>\n\t\t\t<\/svg>\n\t\t<\/button><\/figure>\n\n\n\n<h3 class=\"wp-block-heading\"><span class=\"ez-toc-section\" id=\"43_Kristalltherme_Bad_Wilsnack_Bad_Wilsnack\"><\/span>43. Kristalltherme Bad Wilsnack (Bad Wilsnack)<span class=\"ez-toc-section-end\"><\/span><\/h3>\n\n\n\n<p class=\"wp-block-paragraph\">Egy hatalmas, csaknem 12 000 m\u00b2-es komplexumot k\u00edn\u00e1l a h\u00edres <strong>Kristalltherme Bad Wilsnack<\/strong>. Teljes b\u00fcszkes\u00e9ge a saj\u00e1t term\u00e1lforr\u00e1s, amelyet tekint\u00e9lyes 1018 m\u00e9teres m\u00e9lys\u00e9gb\u0151l fejtenek, \u00e9s 39 \u00b0C-os h\u0151m\u00e9rs\u00e9klettel t\u00f6r a felsz\u00ednre. A <strong>v\u00edz nagy mennyis\u00e9g\u0171 vasat \u00e9s j\u00f3dot tartalmaz<\/strong>, \u00e9s az 1,5%-t\u00f3l eg\u00e9szen 24%-ig terjed\u0151 s\u00f3koncentr\u00e1ci\u00f3nak k\u00f6sz\u00f6nhet\u0151en itt sz\u00f3 szerint az eg\u00e9szs\u00e9gben f\u00fcrdesz.<\/p>\n\n\n\n<p class=\"wp-block-paragraph\">Van itt egy 24%-os s\u00f3koncentr\u00e1ci\u00f3j\u00fa, 32 \u00b0C-os medence, amelyben \u00fagy lebegsz majd, mint a Holt-tengerben. A t\u00f6bbi gy\u00f3gyvizes medenc\u00e9nek kellemes 34\u201336 \u00b0C-a van, az \u00e1sv\u00e1nyi anyagok pedig <strong>term\u00e9szetes peelingk\u00e9nt<\/strong> m\u0171k\u00f6dnek a b\u0151r puh\u00edt\u00e1s\u00e1ra. A 34 fokos, alacsonyabb s\u00f3tartalm\u00fa v\u00edzben pedig rendszeres, tapasztalt edz\u0151k vezet\u00e9s\u00e9vel tartott gyakorlatok zajlanak.<\/p>\n\n\n\n<p class=\"wp-block-paragraph\">Felmelegedhetsz \u00f6sszesen 8 tematikus szaun\u00e1ban 70\u2013100 \u00b0C-os h\u0151m\u00e9rs\u00e9klettel, amelyekb\u0151l h\u00e1rom bent, \u00f6t kint van. A 2026-os \u00e1rlista szerint az <strong>eg\u00e9sznapos jegyhez j\u00e1r\u00f3 szaunafel\u00e1r 5,50 \u20ac<\/strong>, a 6 \u00e9v alatti gyerekek pedig 4,50 \u20ac-t fizetnek r\u00e1. <strong>\ud83d\udca1 Tipp:<\/strong> Ha nem szeretn\u00e9l egy teli t\u00e1ska ruhanem\u0171t cipelni, k\u00f6lcs\u00f6n\u00f6zhetsz helyben t\u00f6r\u00f6lk\u00f6z\u0151t 5 \u20ac-\u00e9rt vagy k\u00f6nt\u00f6st 7 \u20ac-\u00e9rt, csak k\u00e9sz\u00edts el\u0151 m\u00e9g 15 \u20ac visszat\u00e9r\u00edtend\u0151 kauci\u00f3t.<\/p>\n\n\n\n<figure data-wp-context=\"{&quot;imageId&quot;:&quot;6a9c16a648699&quot;}\" data-wp-interactive=\"core\/image\" data-wp-key=\"6a9c16a648699\" class=\"wp-block-image size-full wp-lightbox-container\"><img decoding=\"async\" width=\"1800\" height=\"1199\" data-wp-class--hide=\"state.isContentHidden\" data-wp-class--show=\"state.isContentVisible\" data-wp-init=\"callbacks.setButtonStyles\" data-wp-on--click=\"actions.showLightbox\" data-wp-on--load=\"callbacks.setButtonStyles\" data-wp-on--pointerdown=\"actions.preloadImage\" data-wp-on--pointerenter=\"actions.preloadImageWithDelay\" data-wp-on--pointerleave=\"actions.cancelPreload\" data-wp-on-window--resize=\"callbacks.setButtonStyles\" src=\"https:\/\/loudavymkrokem.cz\/wp-content\/uploads\/2026\/09\/nemecko-clanky-termaly-nemecko-53-7b17d971-1.jpg\" alt=\"vabali spa Berlin (Berlin)\" class=\"wp-image-415394\" title=\"\" srcset=\"https:\/\/loudavymkrokem.cz\/wp-content\/uploads\/2026\/09\/nemecko-clanky-termaly-nemecko-53-7b17d971-1.jpg 1800w, https:\/\/loudavymkrokem.cz\/wp-content\/uploads\/2026\/09\/nemecko-clanky-termaly-nemecko-53-7b17d971-1-300x200.jpg 300w, https:\/\/loudavymkrokem.cz\/wp-content\/uploads\/2026\/09\/nemecko-clanky-termaly-nemecko-53-7b17d971-1-700x466.jpg 700w, https:\/\/loudavymkrokem.cz\/wp-content\/uploads\/2026\/09\/nemecko-clanky-termaly-nemecko-53-7b17d971-1-768x512.jpg 768w, https:\/\/loudavymkrokem.cz\/wp-content\/uploads\/2026\/09\/nemecko-clanky-termaly-nemecko-53-7b17d971-1-1536x1023.jpg 1536w, https:\/\/loudavymkrokem.cz\/wp-content\/uploads\/2026\/09\/nemecko-clanky-termaly-nemecko-53-7b17d971-1-696x464.jpg 696w, https:\/\/loudavymkrokem.cz\/wp-content\/uploads\/2026\/09\/nemecko-clanky-termaly-nemecko-53-7b17d971-1-1392x927.jpg 1392w\" sizes=\"(max-width: 1800px) 100vw, 1800px\" \/><button\n\t\t\tclass=\"lightbox-trigger\"\n\t\t\ttype=\"button\"\n\t\t\taria-haspopup=\"dialog\"\n\t\t\tdata-wp-bind--aria-label=\"state.thisImage.triggerButtonAriaLabel\"\n\t\t\tdata-wp-init=\"callbacks.initTriggerButton\"\n\t\t\tdata-wp-on--click=\"actions.showLightbox\"\n\t\t\tdata-wp-style--right=\"state.thisImage.buttonRight\"\n\t\t\tdata-wp-style--top=\"state.thisImage.buttonTop\"\n\t\t>\n\t\t\t<svg xmlns=\"http:\/\/www.w3.org\/2000\/svg\" width=\"12\" height=\"12\" fill=\"none\" viewBox=\"0 0 12 12\">\n\t\t\t\t<path fill=\"#fff\" d=\"M2 0a2 2 0 0 0-2 2v2h1.5V2a.5.5 0 0 1 .5-.5h2V0H2Zm2 10.5H2a.5.5 0 0 1-.5-.5V8H0v2a2 2 0 0 0 2 2h2v-1.5ZM8 12v-1.5h2a.5.5 0 0 0 .5-.5V8H12v2a2 2 0 0 1-2 2H8Zm2-12a2 2 0 0 1 2 2v2h-1.5V2a.5.5 0 0 0-.5-.5H8V0h2Z\" \/>\n\t\t\t<\/svg>\n\t\t<\/button><\/figure>\n\n\n\n<h3 class=\"wp-block-heading\"><span class=\"ez-toc-section\" id=\"44_vabali_spa_Berlin_Berlin\"><\/span>44. vabali spa Berlin (Berlin)<span class=\"ez-toc-section-end\"><\/span><\/h3>\n\n\n\n<p class=\"wp-block-paragraph\">Ha a nagyv\u00e1ros ny\u00fczsg\u00e9se el\u0151l keresel mened\u00e9ket, menj a <strong>vabali spa Berlinbe<\/strong>, amely egyenesen a n\u00e9met metropolisz sz\u00edv\u00e9ben fekszik. Ez az egyed\u00fcl\u00e1ll\u00f3 komplexum egy <strong>autentikus balin\u00e9z wellnesso\u00e1zisk\u00e9nt<\/strong> van kialak\u00edtva, ahol hagyom\u00e1nyos fa\u00e9p\u00edtm\u00e9nyek, szobrok \u00e9s k\u00f6zvetlen\u00fcl Indon\u00e9zi\u00e1b\u00f3l import\u00e1lt anyagok vesznek k\u00f6r\u00fcl. Az itteni k\u00f6rnyezet kiz\u00e1r\u00f3lag a nyugalomra \u00e9s a feln\u0151tt l\u00e1togat\u00f3kra \u00f6sszpontos\u00edt, \u00fagyhogy felejtsd el a cs\u00faszd\u00e1kat \u00e9s a gyerekzsivajt.<\/p>\n\n\n\n<p class=\"wp-block-paragraph\">A komplexum <strong>13 szaun\u00e1t \u00e9s g\u0151zf\u00fcrd\u0151t<\/strong> k\u00edn\u00e1l, amelyeket 4 friss\u00edt\u0151 medence eg\u00e9sz\u00edt ki. A v\u00e1laszt\u00e9k v\u00e1ltozatos, \u00e9s minden szaun\u00e1z\u00f3t kiel\u00e9g\u00edt. Kipr\u00f3b\u00e1lhatod a Pandangan panor\u00e1maszaun\u00e1t vagy a Jiwa medit\u00e1ci\u00f3s szaun\u00e1t kellemes 70 \u00b0C-kal, esetleg a Kayu ny\u00edrszaun\u00e1t. A magasabb h\u0151m\u00e9rs\u00e9klet szerelmeseinek k\u00e9szen \u00e1llnak az Awan, Di Luar vagy Di Dalam aufguss szaun\u00e1k, ahol a h\u0151m\u00e9r\u0151 k\u00f6r\u00fclbel\u00fcl 80 \u00b0C-ot mutat.<\/p>\n\n\n\n<p class=\"wp-block-paragraph\">A finomabb \u00e1tmeleged\u00e9shez pedig a 70 \u00b0C-os Bali Boreh gy\u00f3gyn\u00f6v\u00e9nyes szauna vagy a 45 \u00b0C-ra f\u0171t\u00f6tt enyhe laconium szolg\u00e1l. A 2026-os \u00e1rlista szerint egy <strong>n\u00e9gy\u00f3r\u00e1s bel\u00e9p\u0151 munkanapokon 36,50 \u20ac-ba<\/strong> ker\u00fcl, m\u00edg h\u00e9tv\u00e9g\u00e9n \u00e9s \u00fcnnepnapokon 39,50 \u20ac-t fizetsz r\u00e1. <strong>\ud83d\udca1 Tipp:<\/strong> Ez a kedvelt berlini komplexum h\u00e9tv\u00e9g\u00e9n nagyon zs\u00fafolt szokott lenni, ez\u00e9rt ide\u00e1lisan reggel \u00e9rkezz ide, vagy h\u00e9tk\u00f6znap, amikor sokkal nagyobb nyugalomban \u00e9lvezheted a balin\u00e9z hangulatot.<\/p>\n\n\n\n<figure data-wp-context=\"{&quot;imageId&quot;:&quot;6a9c16a648cab&quot;}\" data-wp-interactive=\"core\/image\" data-wp-key=\"6a9c16a648cab\" class=\"wp-block-image size-full wp-lightbox-container\"><img decoding=\"async\" width=\"1800\" height=\"1348\" data-wp-class--hide=\"state.isContentHidden\" data-wp-class--show=\"state.isContentVisible\" data-wp-init=\"callbacks.setButtonStyles\" data-wp-on--click=\"actions.showLightbox\" data-wp-on--load=\"callbacks.setButtonStyles\" data-wp-on--pointerdown=\"actions.preloadImage\" data-wp-on--pointerenter=\"actions.preloadImageWithDelay\" data-wp-on--pointerleave=\"actions.cancelPreload\" data-wp-on-window--resize=\"callbacks.setButtonStyles\" src=\"https:\/\/loudavymkrokem.cz\/wp-content\/uploads\/2026\/09\/nemecko-clanky-termaly-nemecko-54-eb39270c-1.jpg\" alt=\"Az Ostsee-Therme \u00e9p\u00fclete Scharbeutzban a Balti-tengern\u00e9l\" class=\"wp-image-415398\" title=\"\" srcset=\"https:\/\/loudavymkrokem.cz\/wp-content\/uploads\/2026\/09\/nemecko-clanky-termaly-nemecko-54-eb39270c-1.jpg 1800w, https:\/\/loudavymkrokem.cz\/wp-content\/uploads\/2026\/09\/nemecko-clanky-termaly-nemecko-54-eb39270c-1-300x225.jpg 300w, https:\/\/loudavymkrokem.cz\/wp-content\/uploads\/2026\/09\/nemecko-clanky-termaly-nemecko-54-eb39270c-1-700x524.jpg 700w, https:\/\/loudavymkrokem.cz\/wp-content\/uploads\/2026\/09\/nemecko-clanky-termaly-nemecko-54-eb39270c-1-768x575.jpg 768w, https:\/\/loudavymkrokem.cz\/wp-content\/uploads\/2026\/09\/nemecko-clanky-termaly-nemecko-54-eb39270c-1-1536x1150.jpg 1536w, https:\/\/loudavymkrokem.cz\/wp-content\/uploads\/2026\/09\/nemecko-clanky-termaly-nemecko-54-eb39270c-1-80x60.jpg 80w, https:\/\/loudavymkrokem.cz\/wp-content\/uploads\/2026\/09\/nemecko-clanky-termaly-nemecko-54-eb39270c-1-160x120.jpg 160w, https:\/\/loudavymkrokem.cz\/wp-content\/uploads\/2026\/09\/nemecko-clanky-termaly-nemecko-54-eb39270c-1-696x521.jpg 696w, https:\/\/loudavymkrokem.cz\/wp-content\/uploads\/2026\/09\/nemecko-clanky-termaly-nemecko-54-eb39270c-1-1392x1042.jpg 1392w\" sizes=\"(max-width: 1800px) 100vw, 1800px\" \/><button\n\t\t\tclass=\"lightbox-trigger\"\n\t\t\ttype=\"button\"\n\t\t\taria-haspopup=\"dialog\"\n\t\t\tdata-wp-bind--aria-label=\"state.thisImage.triggerButtonAriaLabel\"\n\t\t\tdata-wp-init=\"callbacks.initTriggerButton\"\n\t\t\tdata-wp-on--click=\"actions.showLightbox\"\n\t\t\tdata-wp-style--right=\"state.thisImage.buttonRight\"\n\t\t\tdata-wp-style--top=\"state.thisImage.buttonTop\"\n\t\t>\n\t\t\t<svg xmlns=\"http:\/\/www.w3.org\/2000\/svg\" width=\"12\" height=\"12\" fill=\"none\" viewBox=\"0 0 12 12\">\n\t\t\t\t<path fill=\"#fff\" d=\"M2 0a2 2 0 0 0-2 2v2h1.5V2a.5.5 0 0 1 .5-.5h2V0H2Zm2 10.5H2a.5.5 0 0 1-.5-.5V8H0v2a2 2 0 0 0 2 2h2v-1.5ZM8 12v-1.5h2a.5.5 0 0 0 .5-.5V8H12v2a2 2 0 0 1-2 2H8Zm2-12a2 2 0 0 1 2 2v2h-1.5V2a.5.5 0 0 0-.5-.5H8V0h2Z\" \/>\n\t\t\t<\/svg>\n\t\t<\/button><figcaption class=\"wp-element-caption\">Fot\u00f3: qwesy qwesy \/ Wikimedia Commons, CC BY 3.0<\/figcaption><\/figure>\n\n\n\n<h2 class=\"wp-block-heading\"><span class=\"ez-toc-section\" id=\"Termalfurdok_eszakon_a_Balti-_es_az_Eszaki-tenger\"><\/span>Term\u00e1lf\u00fcrd\u0151k \u00e9szakon: a Balti- \u00e9s az \u00c9szaki-tenger<span class=\"ez-toc-section-end\"><\/span><\/h2>\n\n\n\n<p class=\"wp-block-paragraph\">\u00c9szak-N\u00e9metorsz\u00e1g teljesen m\u00e1s f\u00fcrd\u0151\u00e9lm\u00e9nyt k\u00edn\u00e1l, mint amit a d\u00e9lr\u0151l megszoktunk. A <strong>tengerparti term\u00e1lok<\/strong> itt a remek fekv\u00e9s\u00fckb\u0151l profit\u00e1lnak, \u00e9s a klasszikus \u00e1sv\u00e1nyv\u00edz helyett gyakran gy\u00f3gyhat\u00e1s\u00fa s\u00f3levet vagy <strong>ritka j\u00f3dos s\u00f3t<\/strong> tal\u00e1lsz benn\u00fck. A medenc\u00e9kb\u0151l ny\u00edl\u00f3 kil\u00e1t\u00e1s r\u00e1ad\u00e1sul nem ritk\u00e1n egyenesen a v\u00e9gtelen tengerre vagy a homokd\u0171n\u00e9kre n\u00e9z, ami maga az idill, ha szereted az \u00f3ce\u00e1n illat\u00e1t \u00e9s a friss \u00e9szaki leveg\u0151t.<\/p>\n\n\n\n<p class=\"wp-block-paragraph\">Ezek a komplexumok remek\u00fcl alkalmasak a <strong>Balti-tengeri nyaral\u00e1sod<\/strong> kieg\u00e9sz\u00edt\u00e9s\u00e9re vagy ment\u0151\u00f6vk\u00e9nt egy es\u0151s h\u00e9tv\u00e9g\u00e9n a n\u00e9pszer\u0171 St. Peter-Ordingban. Ak\u00e1r a csal\u00e1ddal j\u00f6ssz, ak\u00e1r egy nyugodt, kettesben t\u00f6lt\u00f6tt wellness\u00e9lm\u00e9nyt keresel, az \u00e9szakn\u00e9met f\u00fcrd\u0151k laza hangulatukkal biztosan elvar\u00e1zsolnak. Magyarorsz\u00e1gr\u00f3l ez ugyan hosszabb \u00fat, de az <strong>\u00e9lm\u00e9ny mindenk\u00e9pp meg\u00e9ri<\/strong>.<\/p>\n\n\n\n<figure data-wp-context=\"{&quot;imageId&quot;:&quot;6a9c16a649130&quot;}\" data-wp-interactive=\"core\/image\" data-wp-key=\"6a9c16a649130\" class=\"wp-block-image size-full wp-lightbox-container\"><img decoding=\"async\" width=\"1800\" height=\"2400\" data-wp-class--hide=\"state.isContentHidden\" data-wp-class--show=\"state.isContentVisible\" data-wp-init=\"callbacks.setButtonStyles\" data-wp-on--click=\"actions.showLightbox\" data-wp-on--load=\"callbacks.setButtonStyles\" data-wp-on--pointerdown=\"actions.preloadImage\" data-wp-on--pointerenter=\"actions.preloadImageWithDelay\" data-wp-on--pointerleave=\"actions.cancelPreload\" data-wp-on-window--resize=\"callbacks.setButtonStyles\" src=\"https:\/\/loudavymkrokem.cz\/wp-content\/uploads\/2026\/09\/nemecko-clanky-termaly-nemecko-55-47c15516-1.jpg\" alt=\"Ostsee-Therme (Scharbeutz): a term\u00e1l tornya\" class=\"wp-image-415401\" title=\"\" srcset=\"https:\/\/loudavymkrokem.cz\/wp-content\/uploads\/2026\/09\/nemecko-clanky-termaly-nemecko-55-47c15516-1.jpg 1800w, https:\/\/loudavymkrokem.cz\/wp-content\/uploads\/2026\/09\/nemecko-clanky-termaly-nemecko-55-47c15516-1-225x300.jpg 225w, https:\/\/loudavymkrokem.cz\/wp-content\/uploads\/2026\/09\/nemecko-clanky-termaly-nemecko-55-47c15516-1-700x933.jpg 700w, https:\/\/loudavymkrokem.cz\/wp-content\/uploads\/2026\/09\/nemecko-clanky-termaly-nemecko-55-47c15516-1-768x1024.jpg 768w, https:\/\/loudavymkrokem.cz\/wp-content\/uploads\/2026\/09\/nemecko-clanky-termaly-nemecko-55-47c15516-1-1152x1536.jpg 1152w, https:\/\/loudavymkrokem.cz\/wp-content\/uploads\/2026\/09\/nemecko-clanky-termaly-nemecko-55-47c15516-1-1536x2048.jpg 1536w, https:\/\/loudavymkrokem.cz\/wp-content\/uploads\/2026\/09\/nemecko-clanky-termaly-nemecko-55-47c15516-1-696x928.jpg 696w, https:\/\/loudavymkrokem.cz\/wp-content\/uploads\/2026\/09\/nemecko-clanky-termaly-nemecko-55-47c15516-1-1392x1856.jpg 1392w\" sizes=\"(max-width: 1800px) 100vw, 1800px\" \/><button\n\t\t\tclass=\"lightbox-trigger\"\n\t\t\ttype=\"button\"\n\t\t\taria-haspopup=\"dialog\"\n\t\t\tdata-wp-bind--aria-label=\"state.thisImage.triggerButtonAriaLabel\"\n\t\t\tdata-wp-init=\"callbacks.initTriggerButton\"\n\t\t\tdata-wp-on--click=\"actions.showLightbox\"\n\t\t\tdata-wp-style--right=\"state.thisImage.buttonRight\"\n\t\t\tdata-wp-style--top=\"state.thisImage.buttonTop\"\n\t\t>\n\t\t\t<svg xmlns=\"http:\/\/www.w3.org\/2000\/svg\" width=\"12\" height=\"12\" fill=\"none\" viewBox=\"0 0 12 12\">\n\t\t\t\t<path fill=\"#fff\" d=\"M2 0a2 2 0 0 0-2 2v2h1.5V2a.5.5 0 0 1 .5-.5h2V0H2Zm2 10.5H2a.5.5 0 0 1-.5-.5V8H0v2a2 2 0 0 0 2 2h2v-1.5ZM8 12v-1.5h2a.5.5 0 0 0 .5-.5V8H12v2a2 2 0 0 1-2 2H8Zm2-12a2 2 0 0 1 2 2v2h-1.5V2a.5.5 0 0 0-.5-.5H8V0h2Z\" \/>\n\t\t\t<\/svg>\n\t\t<\/button><figcaption class=\"wp-element-caption\">Fot\u00f3: Gerd Fahrenhorst \/ Wikimedia Commons, CC BY 4.0<\/figcaption><\/figure>\n\n\n\n<h3 class=\"wp-block-heading\"><span class=\"ez-toc-section\" id=\"45_Ostsee-Therme_Scharbeutz\"><\/span>45. Ostsee-Therme (Scharbeutz)<span class=\"ez-toc-section-end\"><\/span><\/h3>\n\n\n\n<p class=\"wp-block-paragraph\">Ez a nagyszab\u00e1s\u00fa komplexum a kedvelt Scharbeutz \u00fcd\u00fcl\u0151helyen azonnal leny\u0171g\u00f6z a t\u00e1gas, <strong>4000 m\u00b2-es wellnessz\u00f3n\u00e1j\u00e1val<\/strong>. Ha a homokos strandra val\u00f3 k\u00f6zvetlen bej\u00e1rattal rendelkez\u0151 pihen\u00e9st keresel, ezt a helyet egyszer\u0171en im\u00e1dni fogod. Ide\u00e1lis v\u00e1laszt\u00e1s a szaun\u00e1z\u00e1s szerelmeseinek, akik a test \u00e1tmeleg\u00edt\u00e9se ut\u00e1n egyenesen a tenger hideg hull\u00e1maiba szeretn\u00e9nek beszaladni.<\/p>\n\n\n\n<p class=\"wp-block-paragraph\">A medencer\u00e9szben, amelyet Ostsee-Lagun\u00e9nak h\u00edvnak, gy\u00f6ny\u00f6r\u0171en kipihenheted magad a <strong>33 \u00b0C-ra f\u0171t\u00f6tt v\u00edzben<\/strong>, amelyet r\u00e1ad\u00e1sul hat\u00e1sos f\u00e9nyeffektek \u00e9s massz\u00e1zs\u00e1gyak eg\u00e9sz\u00edtenek ki. M\u00e9g nagyobb relax\u00e1ci\u00f3hoz 35 \u00b0C-os pezsg\u0151f\u00fcrd\u0151k \u00e9s <strong>nagy, 30 \u00b0C-os k\u00fclt\u00e9ri medenc\u00e9k<\/strong> \u00e1llnak k\u00e9szen, amelyek mellett egy napoz\u00f3r\u00e9t ter\u00fcl el. A szaunavil\u00e1g azt\u00e1n k\u00fcl\u00f6n fejezet. Megtal\u00e1lsz itt mindent az enyhe 60 \u00b0C-os Salzstein vagy Frische Brise szaun\u00e1t\u00f3l a 80 \u00b0C-os Wald Sauna izzaszt\u00f3n \u00e1t eg\u00e9szen az <strong>extr\u00e9m 110 \u00b0C-os Arctic szaun\u00e1ig<\/strong>.<\/p>\n\n\n\n<p class=\"wp-block-paragraph\">\u00c9rdekess\u00e9g a nagy, 85 \u00b0C-os Ostsee Arena a szaunacerem\u00f3ni\u00e1khoz, vagy a Breeze Spa <strong>70 \u00b0C-os textiles szaun\u00e1ja<\/strong>, ahov\u00e1 egyenesen f\u00fcrd\u0151ruh\u00e1ban mehetsz. A bel\u00e9p\u0151 itt a z\u00f3n\u00e1t\u00f3l \u00e9s a tart\u00f3zkod\u00e1s hossz\u00e1t\u00f3l f\u00fcgg\u0151en v\u00e1ltozik, \u00fagyhogy az aktu\u00e1lis 2026-os \u00e1rlist\u00e1t ellen\u0151rizd le k\u00f6zvetlen\u00fcl a f\u00fcrd\u0151 weboldal\u00e1n. A komplexum alkalmas p\u00e1roknak \u00e9s a v\u00e1ltozatos v\u00edzi kikapcsol\u00f3d\u00e1st keres\u0151 csal\u00e1doknak egyar\u00e1nt. <strong>\ud83d\udca1 Tipp:<\/strong> A fa \u00e9s a gy\u00f3gyn\u00f6v\u00e9nyek szerelmeseinek aj\u00e1nlom, hogy ne hagyj\u00e1k ki az illatos alpesi feny\u0151b\u0151l k\u00e9sz\u00fclt speci\u00e1lis szaun\u00e1t, a Zirbenholzsaun\u00e1t.<\/p>\n\n\n\n<figure data-wp-context=\"{&quot;imageId&quot;:&quot;6a9c16a649646&quot;}\" data-wp-interactive=\"core\/image\" data-wp-key=\"6a9c16a649646\" class=\"wp-block-image size-full wp-lightbox-container\"><img decoding=\"async\" width=\"1800\" height=\"1012\" data-wp-class--hide=\"state.isContentHidden\" data-wp-class--show=\"state.isContentVisible\" data-wp-init=\"callbacks.setButtonStyles\" data-wp-on--click=\"actions.showLightbox\" data-wp-on--load=\"callbacks.setButtonStyles\" data-wp-on--pointerdown=\"actions.preloadImage\" data-wp-on--pointerenter=\"actions.preloadImageWithDelay\" data-wp-on--pointerleave=\"actions.cancelPreload\" data-wp-on-window--resize=\"callbacks.setButtonStyles\" src=\"https:\/\/loudavymkrokem.cz\/wp-content\/uploads\/2026\/09\/nemecko-clanky-termaly-nemecko-56-30ed6a22-1.jpg\" alt=\"D\u00fcnen-Therme (St. Peter-Ording)\" class=\"wp-image-415406\" title=\"\" srcset=\"https:\/\/loudavymkrokem.cz\/wp-content\/uploads\/2026\/09\/nemecko-clanky-termaly-nemecko-56-30ed6a22-1.jpg 1800w, https:\/\/loudavymkrokem.cz\/wp-content\/uploads\/2026\/09\/nemecko-clanky-termaly-nemecko-56-30ed6a22-1-300x169.jpg 300w, https:\/\/loudavymkrokem.cz\/wp-content\/uploads\/2026\/09\/nemecko-clanky-termaly-nemecko-56-30ed6a22-1-700x394.jpg 700w, https:\/\/loudavymkrokem.cz\/wp-content\/uploads\/2026\/09\/nemecko-clanky-termaly-nemecko-56-30ed6a22-1-768x432.jpg 768w, https:\/\/loudavymkrokem.cz\/wp-content\/uploads\/2026\/09\/nemecko-clanky-termaly-nemecko-56-30ed6a22-1-1536x864.jpg 1536w, https:\/\/loudavymkrokem.cz\/wp-content\/uploads\/2026\/09\/nemecko-clanky-termaly-nemecko-56-30ed6a22-1-696x391.jpg 696w, https:\/\/loudavymkrokem.cz\/wp-content\/uploads\/2026\/09\/nemecko-clanky-termaly-nemecko-56-30ed6a22-1-1392x783.jpg 1392w\" sizes=\"(max-width: 1800px) 100vw, 1800px\" \/><button\n\t\t\tclass=\"lightbox-trigger\"\n\t\t\ttype=\"button\"\n\t\t\taria-haspopup=\"dialog\"\n\t\t\tdata-wp-bind--aria-label=\"state.thisImage.triggerButtonAriaLabel\"\n\t\t\tdata-wp-init=\"callbacks.initTriggerButton\"\n\t\t\tdata-wp-on--click=\"actions.showLightbox\"\n\t\t\tdata-wp-style--right=\"state.thisImage.buttonRight\"\n\t\t\tdata-wp-style--top=\"state.thisImage.buttonTop\"\n\t\t>\n\t\t\t<svg xmlns=\"http:\/\/www.w3.org\/2000\/svg\" width=\"12\" height=\"12\" fill=\"none\" viewBox=\"0 0 12 12\">\n\t\t\t\t<path fill=\"#fff\" d=\"M2 0a2 2 0 0 0-2 2v2h1.5V2a.5.5 0 0 1 .5-.5h2V0H2Zm2 10.5H2a.5.5 0 0 1-.5-.5V8H0v2a2 2 0 0 0 2 2h2v-1.5ZM8 12v-1.5h2a.5.5 0 0 0 .5-.5V8H12v2a2 2 0 0 1-2 2H8Zm2-12a2 2 0 0 1 2 2v2h-1.5V2a.5.5 0 0 0-.5-.5H8V0h2Z\" \/>\n\t\t\t<\/svg>\n\t\t<\/button><\/figure>\n\n\n\n<h3 class=\"wp-block-heading\"><span class=\"ez-toc-section\" id=\"46_Dunen-Therme_St_Peter-Ording\"><\/span>46. D\u00fcnen-Therme (St. Peter-Ording)<span class=\"ez-toc-section-end\"><\/span><\/h3>\n\n\n\n<p class=\"wp-block-paragraph\">A fest\u0151i St. Peter-Ording v\u00e1rosk\u00e1ban egy egyed\u00fcl\u00e1ll\u00f3 f\u00fcrd\u0151t fedezhetsz fel, ahol <strong>egyenesen az \u00c9szaki-tengerb\u0151l sz\u00e1rmaz\u00f3 tiszt\u00edtott v\u00edzben f\u00fcrdesz<\/strong>. Ez az \u00e9lm\u00e9ny kiv\u00e9teles, \u00e9s tengerparti energi\u00e1t ad az eg\u00e9sz komplexumnak. A t\u00e1gas v\u00edzfel\u00fclet itt <strong>meghaladja az 1000 m\u00b2-t<\/strong>, \u00fagyhogy rengeteg helyed lesz az \u00fasz\u00e1shoz \u00e9s a szeles strandokon elt\u00f6lt\u00f6tt f\u00e1raszt\u00f3 nap ut\u00e1ni meg\u00e9rdemelt pihen\u00e9shez.<\/p>\n\n\n\n<p class=\"wp-block-paragraph\">Bent egy kellemes <strong>30 \u00b0C-os \u00e9lm\u00e9nymedence<\/strong> v\u00e1r r\u00e1d, \u00e9s felmelegedhetsz a f\u0171t\u00f6tt k\u00fclt\u00e9ri medenc\u00e9ben is, amelynek pontosan ugyanaz a h\u0151m\u00e9rs\u00e9klete. Ha gyerekekkel utazol, \u00e1ltal\u00e1ban elnyeri \u0151ket a mesters\u00e9ges hull\u00e1mmedence 28 \u00b0C-os meleg v\u00edzzel vagy a kedvelt Turbo-Rutsche cs\u00faszda. A 2026. szeptemberi \u00e1llapot szerint azonban mindk\u00e9t <strong>attrakci\u00f3 m\u0171szaki okokb\u00f3l nem \u00fczemel<\/strong>, \u00fagyhogy ezzel a l\u00e1togat\u00e1s el\u0151tt sz\u00e1molj.<\/p>\n\n\n\n<p class=\"wp-block-paragraph\">A term\u00e1l mindenkinek j\u00f3, aki szeretn\u00e9 \u00e9lvezni a tengerv\u00edz j\u00f3t\u00e9kony hat\u00e1sait a kinti id\u0151j\u00e1r\u00e1st\u00f3l f\u00fcggetlen\u00fcl. Az aktu\u00e1lis 2026-os \u00e1rlista szerint egy feln\u0151tt egy k\u00e9t\u00e9s-f\u00e9l \u00f3r\u00e1s bel\u00e9p\u0151\u00e9rt <strong>nagyon kellemes 13,50 eur\u00f3t<\/strong> fizet, m\u00edg egy eg\u00e9sznapos jegy 18,50 eur\u00f3ba ker\u00fcl. A 3\u201317 \u00e9v k\u00f6z\u00f6tti gyerekeknek \u00e9s fiataloknak az \u00e1rak a tart\u00f3zkod\u00e1s hossz\u00e1t\u00f3l f\u00fcgg\u0151en 6,50-t\u0151l 8,50 eur\u00f3ig terjednek. <strong>\ud83d\udca1 Tipp:<\/strong> Ha tov\u00e1bb szeretn\u00e9l maradni, meg\u00e9ri a meghosszabb\u00edtott 3,5 \u00f3r\u00e1s bel\u00e9p\u0151t v\u00e1lasztani <strong>16 eur\u00f3\u00e9rt<\/strong>, amely remek \u00e1r-id\u0151 ar\u00e1nyt k\u00edn\u00e1l.<\/p>\n\n\n\n<figure data-wp-context=\"{&quot;imageId&quot;:&quot;6a9c16a649b7f&quot;}\" data-wp-interactive=\"core\/image\" data-wp-key=\"6a9c16a649b7f\" class=\"wp-block-image size-full wp-lightbox-container\"><img decoding=\"async\" width=\"1800\" height=\"1350\" data-wp-class--hide=\"state.isContentHidden\" data-wp-class--show=\"state.isContentVisible\" data-wp-init=\"callbacks.setButtonStyles\" data-wp-on--click=\"actions.showLightbox\" data-wp-on--load=\"callbacks.setButtonStyles\" data-wp-on--pointerdown=\"actions.preloadImage\" data-wp-on--pointerenter=\"actions.preloadImageWithDelay\" data-wp-on--pointerleave=\"actions.cancelPreload\" data-wp-on-window--resize=\"callbacks.setButtonStyles\" src=\"https:\/\/loudavymkrokem.cz\/wp-content\/uploads\/2026\/09\/nemecko-clanky-termaly-nemecko-57-6f96bd47-1.jpg\" alt=\"Ostsee Therme Usedom (Ahlbeck): szaunar\u00e9sz\" class=\"wp-image-415409\" title=\"\" srcset=\"https:\/\/loudavymkrokem.cz\/wp-content\/uploads\/2026\/09\/nemecko-clanky-termaly-nemecko-57-6f96bd47-1.jpg 1800w, https:\/\/loudavymkrokem.cz\/wp-content\/uploads\/2026\/09\/nemecko-clanky-termaly-nemecko-57-6f96bd47-1-300x225.jpg 300w, https:\/\/loudavymkrokem.cz\/wp-content\/uploads\/2026\/09\/nemecko-clanky-termaly-nemecko-57-6f96bd47-1-700x525.jpg 700w, https:\/\/loudavymkrokem.cz\/wp-content\/uploads\/2026\/09\/nemecko-clanky-termaly-nemecko-57-6f96bd47-1-768x576.jpg 768w, https:\/\/loudavymkrokem.cz\/wp-content\/uploads\/2026\/09\/nemecko-clanky-termaly-nemecko-57-6f96bd47-1-1536x1152.jpg 1536w, https:\/\/loudavymkrokem.cz\/wp-content\/uploads\/2026\/09\/nemecko-clanky-termaly-nemecko-57-6f96bd47-1-80x60.jpg 80w, https:\/\/loudavymkrokem.cz\/wp-content\/uploads\/2026\/09\/nemecko-clanky-termaly-nemecko-57-6f96bd47-1-160x120.jpg 160w, https:\/\/loudavymkrokem.cz\/wp-content\/uploads\/2026\/09\/nemecko-clanky-termaly-nemecko-57-6f96bd47-1-696x522.jpg 696w, https:\/\/loudavymkrokem.cz\/wp-content\/uploads\/2026\/09\/nemecko-clanky-termaly-nemecko-57-6f96bd47-1-1392x1044.jpg 1392w\" sizes=\"(max-width: 1800px) 100vw, 1800px\" \/><button\n\t\t\tclass=\"lightbox-trigger\"\n\t\t\ttype=\"button\"\n\t\t\taria-haspopup=\"dialog\"\n\t\t\tdata-wp-bind--aria-label=\"state.thisImage.triggerButtonAriaLabel\"\n\t\t\tdata-wp-init=\"callbacks.initTriggerButton\"\n\t\t\tdata-wp-on--click=\"actions.showLightbox\"\n\t\t\tdata-wp-style--right=\"state.thisImage.buttonRight\"\n\t\t\tdata-wp-style--top=\"state.thisImage.buttonTop\"\n\t\t>\n\t\t\t<svg xmlns=\"http:\/\/www.w3.org\/2000\/svg\" width=\"12\" height=\"12\" fill=\"none\" viewBox=\"0 0 12 12\">\n\t\t\t\t<path fill=\"#fff\" d=\"M2 0a2 2 0 0 0-2 2v2h1.5V2a.5.5 0 0 1 .5-.5h2V0H2Zm2 10.5H2a.5.5 0 0 1-.5-.5V8H0v2a2 2 0 0 0 2 2h2v-1.5ZM8 12v-1.5h2a.5.5 0 0 0 .5-.5V8H12v2a2 2 0 0 1-2 2H8Zm2-12a2 2 0 0 1 2 2v2h-1.5V2a.5.5 0 0 0-.5-.5H8V0h2Z\" \/>\n\t\t\t<\/svg>\n\t\t<\/button><\/figure>\n\n\n\n<h3 class=\"wp-block-heading\"><span class=\"ez-toc-section\" id=\"47_Ostsee_Therme_Usedom_Ahlbeck\"><\/span>47. Ostsee Therme Usedom (Ahlbeck)<span class=\"ez-toc-section-end\"><\/span><\/h3>\n\n\n\n<p class=\"wp-block-paragraph\">Ez a kedvelt komplexum egyenesen a h\u00edres f\u00fcrd\u0151h\u00e1rmas, Ahlbeck, Heringsdorf \u00e9s Bansin k\u00f6zpontj\u00e1ban fekszik, konkr\u00e9tan <strong>az \u00fagynevezett Kaiserbad Ahlbeckben<\/strong> a Lindenstra\u00df\u00e9n. M\u00e1r az 1996 m\u00e1rciusi \u00fcnnep\u00e9lyes megnyit\u00e1sa \u00f3ta a pihen\u00e9sre v\u00e1gy\u00f3 l\u00e1togat\u00f3k t\u00f6megeit vonzza, \u00e9s a mai napig <strong>tekint\u00e9lyes 3,7 milli\u00f3 vend\u00e9g<\/strong> ment \u00e1t rajta. Nagyon hagyom\u00e1nyos hely, amely remek\u00fcl \u00f6tv\u00f6zi a laza tengerparti \u00fcd\u00fcl\u00e9st a profi f\u00fcrd\u0151ell\u00e1t\u00e1ssal.<\/p>\n\n\n\n<p class=\"wp-block-paragraph\">A Badewelt \u00e9s Saunawelt nev\u0171 klasszikus szauna- \u00e9s v\u00edzi vil\u00e1gon k\u00edv\u00fcl ugyanis egy <strong>speci\u00e1lis Kurmittelhaust is tal\u00e1lsz itt fizioter\u00e1pi\u00e1val<\/strong> \u00e9s val\u00f3di f\u00fcrd\u0151orvosokkal. Rendesen megdolgoztathatod magad a sport- \u00e9s eg\u00e9szs\u00e9gst\u00fadi\u00f3ban, vagy csak gy\u00f6ny\u00f6rk\u00f6dhetsz a gy\u00f6ny\u00f6r\u0171 k\u00f6rnyezetben az itteni kil\u00e1t\u00f3toronyb\u00f3l. Ha a szaunavil\u00e1g belt\u00e9ri tereibe m\u00e9sz, gy\u00f6ny\u00f6r\u0171en felmeleg\u00edt a <strong>klasszikus, 80 \u00b0C-os belt\u00e9ri szauna<\/strong>.<\/p>\n\n\n\n<p class=\"wp-block-paragraph\">A hely mintha els\u0151sorban feln\u0151tt l\u00e1togat\u00f3knak teremtett\u00e9k volna, akik a nyaral\u00e1son nyugalmat keresnek, \u00e9s az eg\u00e9szs\u00e9g\u00fck meger\u0151s\u00edt\u00e9s\u00e9re \u00f6sszpontos\u00edtanak. Az itteni gy\u00f3gykezel\u00e9sek hossz\u00fa hagyom\u00e1nyra tekintenek vissza, \u00e9s h\u00edresek az eg\u00e9sz part ment\u00e9n, ez\u00e9rt t\u00e9rnek vissza az emberek olyan sz\u00edvesen. <strong>\ud83d\udca1 Tipp:<\/strong> Mindenk\u00e9pp vegy\u00e9l r\u00e9szt valamelyik szaunacerem\u00f3ni\u00e1n, amelyet az itteni mesterek naponta t\u00f6bbsz\u00f6r tartanak a <strong>ritka heringsdorfi j\u00f3dos s\u00f3val<\/strong>, ez fantasztikus \u00e9lm\u00e9ny lesz a l\u00e9gutaidnak.<\/p>\n\n\n\n<figure data-wp-context=\"{&quot;imageId&quot;:&quot;6a9c16a64a06f&quot;}\" data-wp-interactive=\"core\/image\" data-wp-key=\"6a9c16a64a06f\" class=\"wp-block-image size-full wp-lightbox-container\"><img decoding=\"async\" width=\"1800\" height=\"1198\" data-wp-class--hide=\"state.isContentHidden\" data-wp-class--show=\"state.isContentVisible\" data-wp-init=\"callbacks.setButtonStyles\" data-wp-on--click=\"actions.showLightbox\" data-wp-on--load=\"callbacks.setButtonStyles\" data-wp-on--pointerdown=\"actions.preloadImage\" data-wp-on--pointerenter=\"actions.preloadImageWithDelay\" data-wp-on--pointerleave=\"actions.cancelPreload\" data-wp-on-window--resize=\"callbacks.setButtonStyles\" src=\"https:\/\/loudavymkrokem.cz\/wp-content\/uploads\/2026\/09\/nemecko-clanky-termaly-nemecko-58-72086aed-1.jpg\" alt=\"Toskana Therme Bad Schandauban, a Sz\u00e1sz-Sv\u00e1jcban\" class=\"wp-image-415412\" title=\"\" srcset=\"https:\/\/loudavymkrokem.cz\/wp-content\/uploads\/2026\/09\/nemecko-clanky-termaly-nemecko-58-72086aed-1.jpg 1800w, https:\/\/loudavymkrokem.cz\/wp-content\/uploads\/2026\/09\/nemecko-clanky-termaly-nemecko-58-72086aed-1-300x200.jpg 300w, https:\/\/loudavymkrokem.cz\/wp-content\/uploads\/2026\/09\/nemecko-clanky-termaly-nemecko-58-72086aed-1-700x466.jpg 700w, https:\/\/loudavymkrokem.cz\/wp-content\/uploads\/2026\/09\/nemecko-clanky-termaly-nemecko-58-72086aed-1-768x511.jpg 768w, https:\/\/loudavymkrokem.cz\/wp-content\/uploads\/2026\/09\/nemecko-clanky-termaly-nemecko-58-72086aed-1-1536x1022.jpg 1536w, https:\/\/loudavymkrokem.cz\/wp-content\/uploads\/2026\/09\/nemecko-clanky-termaly-nemecko-58-72086aed-1-696x463.jpg 696w, https:\/\/loudavymkrokem.cz\/wp-content\/uploads\/2026\/09\/nemecko-clanky-termaly-nemecko-58-72086aed-1-1392x926.jpg 1392w\" sizes=\"(max-width: 1800px) 100vw, 1800px\" \/><button\n\t\t\tclass=\"lightbox-trigger\"\n\t\t\ttype=\"button\"\n\t\t\taria-haspopup=\"dialog\"\n\t\t\tdata-wp-bind--aria-label=\"state.thisImage.triggerButtonAriaLabel\"\n\t\t\tdata-wp-init=\"callbacks.initTriggerButton\"\n\t\t\tdata-wp-on--click=\"actions.showLightbox\"\n\t\t\tdata-wp-style--right=\"state.thisImage.buttonRight\"\n\t\t\tdata-wp-style--top=\"state.thisImage.buttonTop\"\n\t\t>\n\t\t\t<svg xmlns=\"http:\/\/www.w3.org\/2000\/svg\" width=\"12\" height=\"12\" fill=\"none\" viewBox=\"0 0 12 12\">\n\t\t\t\t<path fill=\"#fff\" d=\"M2 0a2 2 0 0 0-2 2v2h1.5V2a.5.5 0 0 1 .5-.5h2V0H2Zm2 10.5H2a.5.5 0 0 1-.5-.5V8H0v2a2 2 0 0 0 2 2h2v-1.5ZM8 12v-1.5h2a.5.5 0 0 0 .5-.5V8H12v2a2 2 0 0 1-2 2H8Zm2-12a2 2 0 0 1 2 2v2h-1.5V2a.5.5 0 0 0-.5-.5H8V0h2Z\" \/>\n\t\t\t<\/svg>\n\t\t<\/button><\/figure>\n\n\n\n<h2 class=\"wp-block-heading\"><span class=\"ez-toc-section\" id=\"Termalfurdok_Szaszorszagban_es_Turingiaban\"><\/span>Term\u00e1lf\u00fcrd\u0151k Sz\u00e1szorsz\u00e1gban \u00e9s T\u00fcringi\u00e1ban<span class=\"ez-toc-section-end\"><\/span><\/h2>\n\n\n\n<p class=\"wp-block-paragraph\">Ha egy karny\u00fajt\u00e1snyira l\u00e9v\u0151 pihen\u00e9st keresel, ez a k\u00e9t tartom\u00e1ny nem okoz csal\u00f3d\u00e1st. Egy egyed\u00fcl\u00e1ll\u00f3 f\u00fcrd\u0151koncepci\u00f3t tal\u00e1lsz itt ugyanis, amely a m\u00e9ly relax\u00e1ci\u00f3t egy szokatlan m\u0171v\u00e9szi \u00e9lm\u00e9nnyel k\u00f6ti \u00f6ssze. A <strong>f\u0151 vonzer\u0151 az \u00fagynevezett Liquid Sound<\/strong>, vagyis a s\u00f3s v\u00edzben val\u00f3 f\u00fcrd\u0151z\u00e9s v\u00edz alatti zene \u00e9s leny\u0171g\u00f6z\u0151 f\u00e9nyshow k\u00eds\u00e9ret\u00e9ben.<\/p>\n\n\n\n<p class=\"wp-block-paragraph\">R\u00f6gt\u00f6n k\u00e9t hely k\u00f6z\u00fcl v\u00e1laszthatsz, amelyek ezt a koncepci\u00f3t k\u00edn\u00e1lj\u00e1k. Az egyik f\u00fcrd\u0151 a fest\u0151i Sz\u00e1sz-Sv\u00e1jcban fekszik, <strong>sz\u00f3 szerint p\u00e1r kilom\u00e9terre a cseh hat\u00e1rt\u00f3l<\/strong>, a m\u00e1sik pedig egy kicsit t\u00e1volabb, egy t\u00fcringiai f\u00fcrd\u0151v\u00e1rosk\u00e1ban. Ide\u00e1lisak mindenkinek, aki szeretn\u00e9 a h\u00e9tv\u00e9g\u00e9n kikapcsolni a fej\u00e9t, \u00e9s csak \u00fagy hagyni mag\u00e1t ringat\u00f3zni a nyugalom hull\u00e1main.<\/p>\n\n\n\n<figure data-wp-context=\"{&quot;imageId&quot;:&quot;6a9c16a64a55f&quot;}\" data-wp-interactive=\"core\/image\" data-wp-key=\"6a9c16a64a55f\" class=\"wp-block-image size-full wp-lightbox-container\"><img decoding=\"async\" width=\"1800\" height=\"1342\" data-wp-class--hide=\"state.isContentHidden\" data-wp-class--show=\"state.isContentVisible\" data-wp-init=\"callbacks.setButtonStyles\" data-wp-on--click=\"actions.showLightbox\" data-wp-on--load=\"callbacks.setButtonStyles\" data-wp-on--pointerdown=\"actions.preloadImage\" data-wp-on--pointerenter=\"actions.preloadImageWithDelay\" data-wp-on--pointerleave=\"actions.cancelPreload\" data-wp-on-window--resize=\"callbacks.setButtonStyles\" src=\"https:\/\/loudavymkrokem.cz\/wp-content\/uploads\/2026\/09\/nemecko-clanky-termaly-nemecko-59-fc0e1c55-1.jpg\" alt=\"Toskana Therme Bad Schandau (Bad Schandau)\" class=\"wp-image-415417\" title=\"\" srcset=\"https:\/\/loudavymkrokem.cz\/wp-content\/uploads\/2026\/09\/nemecko-clanky-termaly-nemecko-59-fc0e1c55-1.jpg 1800w, https:\/\/loudavymkrokem.cz\/wp-content\/uploads\/2026\/09\/nemecko-clanky-termaly-nemecko-59-fc0e1c55-1-300x224.jpg 300w, https:\/\/loudavymkrokem.cz\/wp-content\/uploads\/2026\/09\/nemecko-clanky-termaly-nemecko-59-fc0e1c55-1-700x522.jpg 700w, https:\/\/loudavymkrokem.cz\/wp-content\/uploads\/2026\/09\/nemecko-clanky-termaly-nemecko-59-fc0e1c55-1-768x573.jpg 768w, https:\/\/loudavymkrokem.cz\/wp-content\/uploads\/2026\/09\/nemecko-clanky-termaly-nemecko-59-fc0e1c55-1-1536x1145.jpg 1536w, https:\/\/loudavymkrokem.cz\/wp-content\/uploads\/2026\/09\/nemecko-clanky-termaly-nemecko-59-fc0e1c55-1-80x60.jpg 80w, https:\/\/loudavymkrokem.cz\/wp-content\/uploads\/2026\/09\/nemecko-clanky-termaly-nemecko-59-fc0e1c55-1-160x120.jpg 160w, https:\/\/loudavymkrokem.cz\/wp-content\/uploads\/2026\/09\/nemecko-clanky-termaly-nemecko-59-fc0e1c55-1-696x519.jpg 696w, https:\/\/loudavymkrokem.cz\/wp-content\/uploads\/2026\/09\/nemecko-clanky-termaly-nemecko-59-fc0e1c55-1-1392x1038.jpg 1392w\" sizes=\"(max-width: 1800px) 100vw, 1800px\" \/><button\n\t\t\tclass=\"lightbox-trigger\"\n\t\t\ttype=\"button\"\n\t\t\taria-haspopup=\"dialog\"\n\t\t\tdata-wp-bind--aria-label=\"state.thisImage.triggerButtonAriaLabel\"\n\t\t\tdata-wp-init=\"callbacks.initTriggerButton\"\n\t\t\tdata-wp-on--click=\"actions.showLightbox\"\n\t\t\tdata-wp-style--right=\"state.thisImage.buttonRight\"\n\t\t\tdata-wp-style--top=\"state.thisImage.buttonTop\"\n\t\t>\n\t\t\t<svg xmlns=\"http:\/\/www.w3.org\/2000\/svg\" width=\"12\" height=\"12\" fill=\"none\" viewBox=\"0 0 12 12\">\n\t\t\t\t<path fill=\"#fff\" d=\"M2 0a2 2 0 0 0-2 2v2h1.5V2a.5.5 0 0 1 .5-.5h2V0H2Zm2 10.5H2a.5.5 0 0 1-.5-.5V8H0v2a2 2 0 0 0 2 2h2v-1.5ZM8 12v-1.5h2a.5.5 0 0 0 .5-.5V8H12v2a2 2 0 0 1-2 2H8Zm2-12a2 2 0 0 1 2 2v2h-1.5V2a.5.5 0 0 0-.5-.5H8V0h2Z\" \/>\n\t\t\t<\/svg>\n\t\t<\/button><figcaption class=\"wp-element-caption\">Fot\u00f3: J\u00f6rg Blobelt \/ Wikimedia Commons, CC BY-SA 4.0<\/figcaption><\/figure>\n\n\n\n<h3 class=\"wp-block-heading\"><span class=\"ez-toc-section\" id=\"48_Toskana_Therme_Bad_Schandau_Bad_Schandau\"><\/span>48. Toskana Therme Bad Schandau (Bad Schandau)<span class=\"ez-toc-section-end\"><\/span><\/h3>\n\n\n\n<p class=\"wp-block-paragraph\">Ez a kedvelt komplexum egyenesen az Elba partj\u00e1n fekszik, nagy el\u0151nye pedig a <strong>l\u00e9legzetel\u00e1ll\u00edt\u00f3 kil\u00e1t\u00e1s a foly\u00f3ra egyenesen a szaun\u00e1b\u00f3l<\/strong>. Ha turista \u00faton j\u00e1rsz a Sz\u00e1sz-Sv\u00e1jcban, a komplexum t\u00f6k\u00e9letes c\u00e9lpont egy spont\u00e1n d\u00e9lut\u00e1ni kir\u00e1ndul\u00e1sra. Ha szereted a Sz\u00e1sz-Sv\u00e1jc term\u00e9szet\u00e9t, ez pontosan az a hely, ahol egy t\u00far\u00e1z\u00f3s nap ut\u00e1n pihentetheted a f\u00e1radt l\u00e1bad.<\/p>\n\n\n\n<p class=\"wp-block-paragraph\">A szaunavil\u00e1g itt sz\u00ednes h\u0151m\u00e9rs\u00e9klet-sk\u00e1l\u00e1t k\u00edn\u00e1l mindenkinek. Kipr\u00f3b\u00e1lhatod a hagyom\u00e1nyos <strong>g\u00f6r\u00f6g st\u00edlus\u00fa Laconiumot, kellemes 55 \u00b0C-ra f\u0171tve<\/strong>, vagy egy speci\u00e1lis sug\u00e1rz\u00f3 h\u0151f\u00fcrd\u0151t, amely 65 \u00b0C-on gy\u00f6ny\u00f6r\u0171en m\u00e9lyre \u00e1tmeleg\u00edti a testet. Van itt egy gy\u00f3gyn\u00f6v\u00e9nyes izzaszt\u00f3 is, ahol a gy\u00f3gyn\u00f6v\u00e9nyes v\u00edz meleg\u00edt\u00e9se <strong>65 \u00b0C-os h\u0151m\u00e9rs\u00e9kleten n\u00f6veli a p\u00e1ratartalmat<\/strong>. A tapasztalt szaun\u00e1z\u00f3knak pedig egy klasszikus, csempek\u00e1lyh\u00e1s izzaszt\u00f3 \u00e1ll k\u00e9szen, ahol 96 \u00b0C-on rendes forr\u00f3s\u00e1got \u00e9lvezhetsz.<\/p>\n\n\n\n<p class=\"wp-block-paragraph\">A komplexum f\u0151leg feln\u0151tteknek \u00e9s p\u00e1roknak remek, akik nyugodt hangulatot keresnek vad cs\u00faszd\u00e1k n\u00e9lk\u00fcl. Az aktu\u00e1lis bel\u00e9p\u0151t utaz\u00e1s el\u0151tt aj\u00e1nlom leellen\u0151rizni a weboldalon, hogy tudd, pontosan hogy n\u00e9z ki a 2026-os \u00e1rlista. <strong>\ud83d\udca1 Tipp:<\/strong> Semmik\u00e9pp se hagyd ki az izzad\u00e1st a 90 \u00b0C-ra f\u0171t\u00f6tt speci\u00e1lis szaun\u00e1ban, amelyb\u0151l <strong>a legszebb kil\u00e1t\u00e1s ny\u00edlik a h\u00f6mp\u00f6lyg\u0151 Elb\u00e1ra<\/strong>.<\/p>\n\n\n\n<figure data-wp-context=\"{&quot;imageId&quot;:&quot;6a9c16a64aa22&quot;}\" data-wp-interactive=\"core\/image\" data-wp-key=\"6a9c16a64aa22\" class=\"wp-block-image size-full wp-lightbox-container\"><img decoding=\"async\" width=\"1800\" height=\"1200\" data-wp-class--hide=\"state.isContentHidden\" data-wp-class--show=\"state.isContentVisible\" data-wp-init=\"callbacks.setButtonStyles\" data-wp-on--click=\"actions.showLightbox\" data-wp-on--load=\"callbacks.setButtonStyles\" data-wp-on--pointerdown=\"actions.preloadImage\" data-wp-on--pointerenter=\"actions.preloadImageWithDelay\" data-wp-on--pointerleave=\"actions.cancelPreload\" data-wp-on-window--resize=\"callbacks.setButtonStyles\" src=\"https:\/\/loudavymkrokem.cz\/wp-content\/uploads\/2026\/09\/nemecko-clanky-termaly-nemecko-60-42995404-1.jpg\" alt=\"Toskana Therme Bad Sulza (Bad Sulza)\" class=\"wp-image-415421\" title=\"\" srcset=\"https:\/\/loudavymkrokem.cz\/wp-content\/uploads\/2026\/09\/nemecko-clanky-termaly-nemecko-60-42995404-1.jpg 1800w, https:\/\/loudavymkrokem.cz\/wp-content\/uploads\/2026\/09\/nemecko-clanky-termaly-nemecko-60-42995404-1-300x200.jpg 300w, https:\/\/loudavymkrokem.cz\/wp-content\/uploads\/2026\/09\/nemecko-clanky-termaly-nemecko-60-42995404-1-700x467.jpg 700w, https:\/\/loudavymkrokem.cz\/wp-content\/uploads\/2026\/09\/nemecko-clanky-termaly-nemecko-60-42995404-1-768x512.jpg 768w, https:\/\/loudavymkrokem.cz\/wp-content\/uploads\/2026\/09\/nemecko-clanky-termaly-nemecko-60-42995404-1-1536x1024.jpg 1536w, https:\/\/loudavymkrokem.cz\/wp-content\/uploads\/2026\/09\/nemecko-clanky-termaly-nemecko-60-42995404-1-696x464.jpg 696w, https:\/\/loudavymkrokem.cz\/wp-content\/uploads\/2026\/09\/nemecko-clanky-termaly-nemecko-60-42995404-1-1392x928.jpg 1392w\" sizes=\"(max-width: 1800px) 100vw, 1800px\" \/><button\n\t\t\tclass=\"lightbox-trigger\"\n\t\t\ttype=\"button\"\n\t\t\taria-haspopup=\"dialog\"\n\t\t\tdata-wp-bind--aria-label=\"state.thisImage.triggerButtonAriaLabel\"\n\t\t\tdata-wp-init=\"callbacks.initTriggerButton\"\n\t\t\tdata-wp-on--click=\"actions.showLightbox\"\n\t\t\tdata-wp-style--right=\"state.thisImage.buttonRight\"\n\t\t\tdata-wp-style--top=\"state.thisImage.buttonTop\"\n\t\t>\n\t\t\t<svg xmlns=\"http:\/\/www.w3.org\/2000\/svg\" width=\"12\" height=\"12\" fill=\"none\" viewBox=\"0 0 12 12\">\n\t\t\t\t<path fill=\"#fff\" d=\"M2 0a2 2 0 0 0-2 2v2h1.5V2a.5.5 0 0 1 .5-.5h2V0H2Zm2 10.5H2a.5.5 0 0 1-.5-.5V8H0v2a2 2 0 0 0 2 2h2v-1.5ZM8 12v-1.5h2a.5.5 0 0 0 .5-.5V8H12v2a2 2 0 0 1-2 2H8Zm2-12a2 2 0 0 1 2 2v2h-1.5V2a.5.5 0 0 0-.5-.5H8V0h2Z\" \/>\n\t\t\t<\/svg>\n\t\t<\/button><\/figure>\n\n\n\n<h3 class=\"wp-block-heading\"><span class=\"ez-toc-section\" id=\"49_Toskana_Therme_Bad_Sulza_Bad_Sulza\"><\/span>49. Toskana Therme Bad Sulza (Bad Sulza)<span class=\"ez-toc-section-end\"><\/span><\/h3>\n\n\n\n<p class=\"wp-block-paragraph\">A h\u00edres f\u00fcrd\u0151 m\u00e1sodik testv\u00e9r-r\u00e9szlege egy nyugodt t\u00fcringiai v\u00e1rosk\u00e1ban rejt\u0151zik, \u00e9s <strong>ugyanazt a Liquid Sound koncepci\u00f3t k\u00edn\u00e1lja<\/strong>, mint a Sz\u00e1sz-Sv\u00e1jcban l\u00e9v\u0151. Ide\u00e1lis v\u00e1laszt\u00e1s, ha egy h\u00e9tv\u00e9gi roadtripre k\u00e9sz\u00fclsz K\u00f6z\u00e9p-N\u00e9metorsz\u00e1g m\u0171eml\u00e9keihez, \u00e9s olyan helyet keresel, ahol est\u00e9nk\u00e9nt min\u0151s\u00e9gien regener\u00e1l\u00f3dhatsz. A hangulat itt csod\u00e1latosan laza, az eg\u00e9sz t\u00e9r pedig hossz\u00fa, csendes pihen\u00e9sre cs\u00e1b\u00edt.<\/p>\n\n\n\n<p class=\"wp-block-paragraph\">A komplexum sz\u00edve a <strong>Liquid Sound templom<\/strong>, ahol a s\u00f3s v\u00edzben hagyod magad ringat\u00f3zni a v\u00edz alatti zene \u00e9s a kupol\u00e1n megjelen\u0151 sz\u00ednes f\u00e9nyvet\u00edt\u00e9s k\u00eds\u00e9ret\u00e9ben. Az \u00fczemeltet\u0151 le\u00edr\u00e1sa szerint hozz\u00e1 tartozik <strong>\u00f6t kaszk\u00e1dos s\u00f3s medence<\/strong> massz\u00e1zsd\u00fcz\u00fckkel, n\u00e9gy pezsg\u0151f\u00fcrd\u0151 \u00e9s egy f\u0171t\u00f6tt k\u00fclt\u00e9ri s\u00f3s medence, \u00fagyhogy eg\u00e9sz nap \u00e1tj\u00e1rhatsz egyik h\u0151m\u00e9rs\u00e9kletr\u0151l a m\u00e1sikra. A szaunavil\u00e1g itt mag\u00e1t\u00f3l \u00e9rtet\u0151d\u0151.<\/p>\n\n\n\n<p class=\"wp-block-paragraph\">Bad Sulza nagy el\u0151nye a hotellel val\u00f3 \u00f6sszek\u00f6ttet\u00e9s: a <strong>Hotel an der Therme Bad Sulza<\/strong> k\u00f6zvetlen\u00fcl a f\u00fcrd\u0151 mellett \u00e1ll, \u00e9s egy k\u00f6nt\u00f6sfolyos\u00f3 k\u00f6ti \u00f6ssze vel\u00fck, \u00fagyhogy a term\u00e1lokba, bele\u00e9rtve a szaunavil\u00e1got, az \u00e9jszaka \u00e1r\u00e1ban bejutsz. L\u00e1togat\u00e1s el\u0151tt n\u00e9zz r\u00e1 a weboldalra, mert a 2026-os \u00e1rlista a szezont\u00f3l f\u00fcgg\u0151en v\u00e1ltozik. <strong>\ud83d\udca1 Tipp:<\/strong> A Liquid Soundra tartogass egy k\u00e9s\u0151 est\u00e9t, amikor a zenei \u00e9s f\u00e9nyshow a leger\u0151sebb, a medenc\u00e9ben pedig a legkevesebb ember van.<\/p>\n\n\n\n<figure data-wp-context=\"{&quot;imageId&quot;:&quot;6a9c16a64afc7&quot;}\" data-wp-interactive=\"core\/image\" data-wp-key=\"6a9c16a64afc7\" class=\"wp-block-image size-full wp-lightbox-container\"><img decoding=\"async\" width=\"1800\" height=\"1800\" data-wp-class--hide=\"state.isContentHidden\" data-wp-class--show=\"state.isContentVisible\" data-wp-init=\"callbacks.setButtonStyles\" data-wp-on--click=\"actions.showLightbox\" data-wp-on--load=\"callbacks.setButtonStyles\" data-wp-on--pointerdown=\"actions.preloadImage\" data-wp-on--pointerenter=\"actions.preloadImageWithDelay\" data-wp-on--pointerleave=\"actions.cancelPreload\" data-wp-on-window--resize=\"callbacks.setButtonStyles\" src=\"https:\/\/loudavymkrokem.cz\/wp-content\/uploads\/2026\/09\/nemecko-clanky-termaly-nemecko-61-82598cd9-1.jpg\" alt=\"Az Emser Therme medenc\u00e9je Bad Emsben esti vil\u00e1g\u00edt\u00e1sban\" class=\"wp-image-415425\" title=\"\" srcset=\"https:\/\/loudavymkrokem.cz\/wp-content\/uploads\/2026\/09\/nemecko-clanky-termaly-nemecko-61-82598cd9-1.jpg 1800w, https:\/\/loudavymkrokem.cz\/wp-content\/uploads\/2026\/09\/nemecko-clanky-termaly-nemecko-61-82598cd9-1-300x300.jpg 300w, https:\/\/loudavymkrokem.cz\/wp-content\/uploads\/2026\/09\/nemecko-clanky-termaly-nemecko-61-82598cd9-1-700x700.jpg 700w, https:\/\/loudavymkrokem.cz\/wp-content\/uploads\/2026\/09\/nemecko-clanky-termaly-nemecko-61-82598cd9-1-150x150.jpg 150w, https:\/\/loudavymkrokem.cz\/wp-content\/uploads\/2026\/09\/nemecko-clanky-termaly-nemecko-61-82598cd9-1-768x768.jpg 768w, https:\/\/loudavymkrokem.cz\/wp-content\/uploads\/2026\/09\/nemecko-clanky-termaly-nemecko-61-82598cd9-1-1536x1536.jpg 1536w, https:\/\/loudavymkrokem.cz\/wp-content\/uploads\/2026\/09\/nemecko-clanky-termaly-nemecko-61-82598cd9-1-696x696.jpg 696w, https:\/\/loudavymkrokem.cz\/wp-content\/uploads\/2026\/09\/nemecko-clanky-termaly-nemecko-61-82598cd9-1-1392x1392.jpg 1392w\" sizes=\"(max-width: 1800px) 100vw, 1800px\" \/><button\n\t\t\tclass=\"lightbox-trigger\"\n\t\t\ttype=\"button\"\n\t\t\taria-haspopup=\"dialog\"\n\t\t\tdata-wp-bind--aria-label=\"state.thisImage.triggerButtonAriaLabel\"\n\t\t\tdata-wp-init=\"callbacks.initTriggerButton\"\n\t\t\tdata-wp-on--click=\"actions.showLightbox\"\n\t\t\tdata-wp-style--right=\"state.thisImage.buttonRight\"\n\t\t\tdata-wp-style--top=\"state.thisImage.buttonTop\"\n\t\t>\n\t\t\t<svg xmlns=\"http:\/\/www.w3.org\/2000\/svg\" width=\"12\" height=\"12\" fill=\"none\" viewBox=\"0 0 12 12\">\n\t\t\t\t<path fill=\"#fff\" d=\"M2 0a2 2 0 0 0-2 2v2h1.5V2a.5.5 0 0 1 .5-.5h2V0H2Zm2 10.5H2a.5.5 0 0 1-.5-.5V8H0v2a2 2 0 0 0 2 2h2v-1.5ZM8 12v-1.5h2a.5.5 0 0 0 .5-.5V8H12v2a2 2 0 0 1-2 2H8Zm2-12a2 2 0 0 1 2 2v2h-1.5V2a.5.5 0 0 0-.5-.5H8V0h2Z\" \/>\n\t\t\t<\/svg>\n\t\t<\/button><\/figure>\n\n\n\n<h2 class=\"wp-block-heading\"><span class=\"ez-toc-section\" id=\"Termalfurdok_Rajna-videk-Pfalzban\"><\/span>Term\u00e1lf\u00fcrd\u0151k Rajna-vid\u00e9k-Pfalzban<span class=\"ez-toc-section-end\"><\/span><\/h2>\n\n\n\n<p class=\"wp-block-paragraph\">Rajna-vid\u00e9k-Pfalz tal\u00e1n nem tartozik a legismertebb n\u00e9met \u00fati c\u00e9lok k\u00f6z\u00e9 a v\u00edzi mulats\u00e1gokhoz, de igazi kincseket rejt. Ha <strong>kisebb, de nagyon magas min\u0151s\u00e9g\u0171 f\u00fcrd\u0151ket<\/strong> keresel, \u00e9pp itt tal\u00e1lod meg a sz\u00e1m\u00edt\u00e1sodat. A cs\u00faszd\u00e1kkal teli \u00f3ri\u00e1si tr\u00f3pusi aquaparkokkal szemben sokkal nyugodtabb hangulatot tal\u00e1lsz itt. Az itteni komplexumok ink\u00e1bb az igazi pihen\u00e9sre, a gy\u00f3gyv\u00edzre \u00e9s a csendes k\u00f6rnyezetben val\u00f3 rendes szaun\u00e1z\u00e1sra \u00f6sszpontos\u00edtanak.<\/p>\n\n\n\n<p class=\"wp-block-paragraph\">Menj ide, ha szeretn\u00e9d \u00e9lvezni a term\u00e9szetes forr\u00e1sok j\u00f3t\u00e9kony hat\u00e1sait felesleges siets\u00e9g n\u00e9lk\u00fcl. Az olyan ismert v\u00e1rosok, mint Bad Kreuznach vagy Bad Ems, <strong>radonos vagy s\u00f3s v\u00edzzel<\/strong> cs\u00e1b\u00edtanak, amely felszabad\u00edtja a f\u00e1radt izmokat. Az aut\u00f3\u00fat Magyarorsz\u00e1gr\u00f3l ugyan valamivel t\u00f6bb id\u0151t vesz ig\u00e9nybe, de az\u00e9rt az isteni nyugalom\u00e9rt \u00e9s a kevesebb l\u00e1togat\u00f3\u00e9rt meg\u00e9ri. Egyszer\u0171en ide\u00e1lis v\u00e1laszt\u00e1s egy <strong>laza, hossz\u00fa h\u00e9tv\u00e9g\u00e9hez<\/strong> tele relax\u00e1ci\u00f3val.<\/p>\n\n\n\n<figure data-wp-context=\"{&quot;imageId&quot;:&quot;6a9c16a64b48c&quot;}\" data-wp-interactive=\"core\/image\" data-wp-key=\"6a9c16a64b48c\" class=\"wp-block-image size-full wp-lightbox-container\"><img decoding=\"async\" width=\"1800\" height=\"1203\" data-wp-class--hide=\"state.isContentHidden\" data-wp-class--show=\"state.isContentVisible\" data-wp-init=\"callbacks.setButtonStyles\" data-wp-on--click=\"actions.showLightbox\" data-wp-on--load=\"callbacks.setButtonStyles\" data-wp-on--pointerdown=\"actions.preloadImage\" data-wp-on--pointerenter=\"actions.preloadImageWithDelay\" data-wp-on--pointerleave=\"actions.cancelPreload\" data-wp-on-window--resize=\"callbacks.setButtonStyles\" src=\"https:\/\/loudavymkrokem.cz\/wp-content\/uploads\/2026\/09\/nemecko-clanky-termaly-nemecko-62-7c30d429.jpg\" alt=\"Crucenia Thermen Bad Kreuznachban a Nahe foly\u00f3 f\u00f6l\u00f6tt\" class=\"wp-image-415518\" title=\"\" srcset=\"https:\/\/loudavymkrokem.cz\/wp-content\/uploads\/2026\/09\/nemecko-clanky-termaly-nemecko-62-7c30d429.jpg 1800w, https:\/\/loudavymkrokem.cz\/wp-content\/uploads\/2026\/09\/nemecko-clanky-termaly-nemecko-62-7c30d429-300x201.jpg 300w, https:\/\/loudavymkrokem.cz\/wp-content\/uploads\/2026\/09\/nemecko-clanky-termaly-nemecko-62-7c30d429-700x468.jpg 700w, https:\/\/loudavymkrokem.cz\/wp-content\/uploads\/2026\/09\/nemecko-clanky-termaly-nemecko-62-7c30d429-768x513.jpg 768w, https:\/\/loudavymkrokem.cz\/wp-content\/uploads\/2026\/09\/nemecko-clanky-termaly-nemecko-62-7c30d429-1536x1027.jpg 1536w, https:\/\/loudavymkrokem.cz\/wp-content\/uploads\/2026\/09\/nemecko-clanky-termaly-nemecko-62-7c30d429-696x465.jpg 696w, https:\/\/loudavymkrokem.cz\/wp-content\/uploads\/2026\/09\/nemecko-clanky-termaly-nemecko-62-7c30d429-1392x930.jpg 1392w\" sizes=\"(max-width: 1800px) 100vw, 1800px\" \/><button\n\t\t\tclass=\"lightbox-trigger\"\n\t\t\ttype=\"button\"\n\t\t\taria-haspopup=\"dialog\"\n\t\t\tdata-wp-bind--aria-label=\"state.thisImage.triggerButtonAriaLabel\"\n\t\t\tdata-wp-init=\"callbacks.initTriggerButton\"\n\t\t\tdata-wp-on--click=\"actions.showLightbox\"\n\t\t\tdata-wp-style--right=\"state.thisImage.buttonRight\"\n\t\t\tdata-wp-style--top=\"state.thisImage.buttonTop\"\n\t\t>\n\t\t\t<svg xmlns=\"http:\/\/www.w3.org\/2000\/svg\" width=\"12\" height=\"12\" fill=\"none\" viewBox=\"0 0 12 12\">\n\t\t\t\t<path fill=\"#fff\" d=\"M2 0a2 2 0 0 0-2 2v2h1.5V2a.5.5 0 0 1 .5-.5h2V0H2Zm2 10.5H2a.5.5 0 0 1-.5-.5V8H0v2a2 2 0 0 0 2 2h2v-1.5ZM8 12v-1.5h2a.5.5 0 0 0 .5-.5V8H12v2a2 2 0 0 1-2 2H8Zm2-12a2 2 0 0 1 2 2v2h-1.5V2a.5.5 0 0 0-.5-.5H8V0h2Z\" \/>\n\t\t\t<\/svg>\n\t\t<\/button><figcaption class=\"wp-element-caption\">Fot\u00f3: Pudelek (Marcin Szala) \/ Wikimedia Commons, CC BY-SA 3.0<\/figcaption><\/figure>\n\n\n\n<h3 class=\"wp-block-heading\"><span class=\"ez-toc-section\" id=\"50_Crucenia_Thermen_Bad_Kreuznach\"><\/span>50. Crucenia Thermen (Bad Kreuznach)<span class=\"ez-toc-section-end\"><\/span><\/h3>\n\n\n\n<p class=\"wp-block-paragraph\">Ez a kellemes f\u00fcrd\u0151 Bad Kreuznach v\u00e1ros\u00e1ban egy nagyon szimpatikus r\u00e9szlettel b\u00fcszk\u00e9lkedik, m\u00e9gpedig a <strong>hivatalosan tan\u00fas\u00edtott akad\u00e1lymentess\u00e9ggel<\/strong>. Ha teh\u00e1t te magad rosszabb mozg\u00e1ssal k\u00fczdesz, vagy a h\u00e9tv\u00e9g\u00e9n valakivel id\u0151sebbel m\u00e9sz a csal\u00e1db\u00f3l, a Crucenia Thermen ide\u00e1lis v\u00e1laszt\u00e1s lesz neked. Az eg\u00e9sz komplexum \u00f6sszess\u00e9g\u00e9ben ink\u00e1bb a nyugalomra, az eg\u00e9szs\u00e9gre \u00e9s a lassabb temp\u00f3ra \u00e9p\u00edt, mint a vad v\u00edzi attrakci\u00f3kra.<\/p>\n\n\n\n<p class=\"wp-block-paragraph\">Sz\u00e1m\u00edthatsz <strong>k\u00e9t belt\u00e9ri \u00e9s egy k\u00fclt\u00e9ri medenc\u00e9re<\/strong>, amelyekbe folyamatosan \u00e1ramlik a k\u00f6r\u00fclbel\u00fcl 33 \u00b0C-os term\u00e1lv\u00edz. Ha szeretsz sok\u00e1ig \u00e1ztatni magad, \u00e9rt\u00e9keled majd a m\u00e1sik, pontosan 30 \u00b0C-ra f\u0171t\u00f6tt medenc\u00e9t, amelyet bubor\u00e9kos massz\u00e1zs\u00e1gyak \u00e9s egy hangulatos pihen\u0151hely eg\u00e9sz\u00edtenek ki. A bel\u00e9p\u0151 \u00e1r\u00e1ban <strong>benne van az aquafitness is<\/strong>, \u00fagyhogy egy kicsit akt\u00edvan is \u00e1tmozoghatod magad. A test gyors \u00e1tmeleg\u00edt\u00e9s\u00e9hez pedig remek\u00fcl szolg\u00e1l az itteni infraszauna.<\/p>\n\n\n\n<p class=\"wp-block-paragraph\">A k\u00f6lts\u00e9geket illet\u0151en \u00f6r\u00f6m\u00f6t szereznek a kieg\u00e9sz\u00edt\u0151 szolg\u00e1ltat\u00e1sok, amelyeket nagyon bar\u00e1ts\u00e1gos \u00f6sszegek\u00e9rt szerezhetsz be. A 2026-os \u00e1rlista szerint egy f\u00e9l\u00f3r\u00e1s r\u00e9szleges massz\u00e1zs\u00e9rt <strong>mind\u00f6ssze 8 \u20ac-t<\/strong> fizetsz, ami N\u00e9metorsz\u00e1gban nagyon tisztess\u00e9ges \u00e1r. Ha valakinek szeretn\u00e9d aj\u00e1nd\u00e9kozni a tart\u00f3zkod\u00e1st, az aj\u00e1nd\u00e9kutalv\u00e1nyok m\u00e1r 5 \u20ac-t\u00f3l indulnak. <strong>\ud83d\udca1 Tipp:<\/strong> B\u00e1r itt ne v\u00e1rj \u00f3ri\u00e1si szaunaparkot, maga a gy\u00f3gyv\u00edz b\u0151s\u00e9gesen el\u00e9g a csontok \u00e1tmeleg\u00edt\u00e9s\u00e9hez egy eg\u00e9sznapos kir\u00e1ndul\u00e1s ut\u00e1n.<\/p>\n\n\n\n<figure data-wp-context=\"{&quot;imageId&quot;:&quot;6a9c16a64bac7&quot;}\" data-wp-interactive=\"core\/image\" data-wp-key=\"6a9c16a64bac7\" class=\"wp-block-image size-full wp-lightbox-container\"><img decoding=\"async\" width=\"1800\" height=\"1800\" data-wp-class--hide=\"state.isContentHidden\" data-wp-class--show=\"state.isContentVisible\" data-wp-init=\"callbacks.setButtonStyles\" data-wp-on--click=\"actions.showLightbox\" data-wp-on--load=\"callbacks.setButtonStyles\" data-wp-on--pointerdown=\"actions.preloadImage\" data-wp-on--pointerenter=\"actions.preloadImageWithDelay\" data-wp-on--pointerleave=\"actions.cancelPreload\" data-wp-on-window--resize=\"callbacks.setButtonStyles\" src=\"https:\/\/loudavymkrokem.cz\/wp-content\/uploads\/2026\/09\/nemecko-clanky-termaly-nemecko-63-ec29e746-1.jpg\" alt=\"Emser Therme (Bad Ems)\" class=\"wp-image-415437\" title=\"\" srcset=\"https:\/\/loudavymkrokem.cz\/wp-content\/uploads\/2026\/09\/nemecko-clanky-termaly-nemecko-63-ec29e746-1.jpg 1800w, https:\/\/loudavymkrokem.cz\/wp-content\/uploads\/2026\/09\/nemecko-clanky-termaly-nemecko-63-ec29e746-1-300x300.jpg 300w, https:\/\/loudavymkrokem.cz\/wp-content\/uploads\/2026\/09\/nemecko-clanky-termaly-nemecko-63-ec29e746-1-700x700.jpg 700w, https:\/\/loudavymkrokem.cz\/wp-content\/uploads\/2026\/09\/nemecko-clanky-termaly-nemecko-63-ec29e746-1-150x150.jpg 150w, https:\/\/loudavymkrokem.cz\/wp-content\/uploads\/2026\/09\/nemecko-clanky-termaly-nemecko-63-ec29e746-1-768x768.jpg 768w, https:\/\/loudavymkrokem.cz\/wp-content\/uploads\/2026\/09\/nemecko-clanky-termaly-nemecko-63-ec29e746-1-1536x1536.jpg 1536w, https:\/\/loudavymkrokem.cz\/wp-content\/uploads\/2026\/09\/nemecko-clanky-termaly-nemecko-63-ec29e746-1-696x696.jpg 696w, https:\/\/loudavymkrokem.cz\/wp-content\/uploads\/2026\/09\/nemecko-clanky-termaly-nemecko-63-ec29e746-1-1392x1392.jpg 1392w\" sizes=\"(max-width: 1800px) 100vw, 1800px\" \/><button\n\t\t\tclass=\"lightbox-trigger\"\n\t\t\ttype=\"button\"\n\t\t\taria-haspopup=\"dialog\"\n\t\t\tdata-wp-bind--aria-label=\"state.thisImage.triggerButtonAriaLabel\"\n\t\t\tdata-wp-init=\"callbacks.initTriggerButton\"\n\t\t\tdata-wp-on--click=\"actions.showLightbox\"\n\t\t\tdata-wp-style--right=\"state.thisImage.buttonRight\"\n\t\t\tdata-wp-style--top=\"state.thisImage.buttonTop\"\n\t\t>\n\t\t\t<svg xmlns=\"http:\/\/www.w3.org\/2000\/svg\" width=\"12\" height=\"12\" fill=\"none\" viewBox=\"0 0 12 12\">\n\t\t\t\t<path fill=\"#fff\" d=\"M2 0a2 2 0 0 0-2 2v2h1.5V2a.5.5 0 0 1 .5-.5h2V0H2Zm2 10.5H2a.5.5 0 0 1-.5-.5V8H0v2a2 2 0 0 0 2 2h2v-1.5ZM8 12v-1.5h2a.5.5 0 0 0 .5-.5V8H12v2a2 2 0 0 1-2 2H8Zm2-12a2 2 0 0 1 2 2v2h-1.5V2a.5.5 0 0 0-.5-.5H8V0h2Z\" \/>\n\t\t\t<\/svg>\n\t\t<\/button><\/figure>\n\n\n\n<h3 class=\"wp-block-heading\"><span class=\"ez-toc-section\" id=\"51_Emser_Therme_Bad_Ems\"><\/span>51. Emser Therme (Bad Ems)<span class=\"ez-toc-section-end\"><\/span><\/h3>\n\n\n\n<p class=\"wp-block-paragraph\">Ez a gy\u00f6ny\u00f6r\u0171 f\u00fcrd\u0151 egyenesen a Lahn foly\u00f3 partj\u00e1n fekszik, \u00e9s <strong>6600 n\u00e9gyzetm\u00e9ter relax\u00e1ci\u00f3s fel\u00fcletet<\/strong> k\u00edn\u00e1l. Egy t\u00e1gas term\u00e1lt\u00e1jat, szaunaparkot, wellnessgal\u00e9ri\u00e1t, fitneszpanor\u00e1m\u00e1t \u00e9s a Halberts \u00e9ttermet tal\u00e1lod itt. Az Emser Therme egyszer\u0171en egy hatalmas \u00e9s komplex pihen\u0151vil\u00e1g, ahol nyugodtan t\u00f6lthetsz egy eg\u00e9sz napot, \u00e9s folyamatosan lesz mit felfedezned.<\/p>\n\n\n\n<p class=\"wp-block-paragraph\">A v\u00edzi mulats\u00e1gokat <strong>t\u00f6bb mint 700 n\u00e9gyzetm\u00e9ter v\u00edzfel\u00fcleten<\/strong> \u00e9lvezheted. A f\u0151 belt\u00e9ri term\u00e1lmedence 33 \u00b0C-os h\u0151m\u00e9rs\u00e9klettel fogad, de r\u00f6gt\u00f6n csatlakozik hozz\u00e1 egy m\u00e9g melegebb, 36 \u00b0C-os z\u00f3na. \u00daszhatsz kint is, ahol a v\u00edznek 32\u201335 \u00b0C-a van, \u00e9s gy\u00f6ny\u00f6r\u0171 kil\u00e1t\u00e1st k\u00edn\u00e1l a foly\u00f3ra. Az akt\u00edvabb \u00fasz\u00f3knak pedig a komplexum egy <strong>24\u201328 \u00b0C-os sportmedenc\u00e9t<\/strong> \u00e9s egy speci\u00e1lis medenc\u00e9t rejt a mozg\u00e1sos tev\u00e9kenys\u00e9gekhez.<\/p>\n\n\n\n<p class=\"wp-block-paragraph\">Az izzad\u00e1s szerelmesei el lesznek ragadtatva a hatalmas ter\u00fclett\u0151l, amely t\u00f6bb mint <strong>1000 n\u00e9gyzetm\u00e9ternyi teret<\/strong> k\u00edn\u00e1l a szaun\u00e1z\u00e1shoz. Ez egyszer\u0171en optim\u00e1lis hely a test \u00e9s a l\u00e9lek m\u00e9ly regener\u00e1ci\u00f3j\u00e1hoz. A szaun\u00e1s edz\u00e9shez egy 38 \u00b0C-os forr\u00f3 medenc\u00e9t haszn\u00e1lsz, majd gyorsan leh\u0171theted magad a tizennyolc fokos jeges v\u00edzben. <strong>\ud83d\udca1 Tipp:<\/strong> Ha \u00fasz\u00e1s ut\u00e1n r\u00e1d t\u00f6r az \u00e9hs\u00e9g, r\u00f6gt\u00f6n pr\u00f3b\u00e1ld ki az itteni Halberts \u00e9ttermet, hogy a nap folyam\u00e1n egy\u00e1ltal\u00e1n ne kelljen elhagynod a komplexumot.<\/p>\n\n\n\n<figure data-wp-context=\"{&quot;imageId&quot;:&quot;6a9c16a64c0fe&quot;}\" data-wp-interactive=\"core\/image\" data-wp-key=\"6a9c16a64c0fe\" class=\"wp-block-image size-full wp-lightbox-container\"><img decoding=\"async\" width=\"1800\" height=\"1350\" data-wp-class--hide=\"state.isContentHidden\" data-wp-class--show=\"state.isContentVisible\" data-wp-init=\"callbacks.setButtonStyles\" data-wp-on--click=\"actions.showLightbox\" data-wp-on--load=\"callbacks.setButtonStyles\" data-wp-on--pointerdown=\"actions.preloadImage\" data-wp-on--pointerenter=\"actions.preloadImageWithDelay\" data-wp-on--pointerleave=\"actions.cancelPreload\" data-wp-on-window--resize=\"callbacks.setButtonStyles\" src=\"https:\/\/loudavymkrokem.cz\/wp-content\/uploads\/2026\/09\/nemecko-clanky-termaly-nemecko-64-23e551d5-1.jpg\" alt=\"A vabali spa szaunakertje Berlinben\" class=\"wp-image-415441\" title=\"\" srcset=\"https:\/\/loudavymkrokem.cz\/wp-content\/uploads\/2026\/09\/nemecko-clanky-termaly-nemecko-64-23e551d5-1.jpg 1800w, https:\/\/loudavymkrokem.cz\/wp-content\/uploads\/2026\/09\/nemecko-clanky-termaly-nemecko-64-23e551d5-1-300x225.jpg 300w, https:\/\/loudavymkrokem.cz\/wp-content\/uploads\/2026\/09\/nemecko-clanky-termaly-nemecko-64-23e551d5-1-700x525.jpg 700w, https:\/\/loudavymkrokem.cz\/wp-content\/uploads\/2026\/09\/nemecko-clanky-termaly-nemecko-64-23e551d5-1-768x576.jpg 768w, https:\/\/loudavymkrokem.cz\/wp-content\/uploads\/2026\/09\/nemecko-clanky-termaly-nemecko-64-23e551d5-1-1536x1152.jpg 1536w, https:\/\/loudavymkrokem.cz\/wp-content\/uploads\/2026\/09\/nemecko-clanky-termaly-nemecko-64-23e551d5-1-80x60.jpg 80w, https:\/\/loudavymkrokem.cz\/wp-content\/uploads\/2026\/09\/nemecko-clanky-termaly-nemecko-64-23e551d5-1-160x120.jpg 160w, https:\/\/loudavymkrokem.cz\/wp-content\/uploads\/2026\/09\/nemecko-clanky-termaly-nemecko-64-23e551d5-1-696x522.jpg 696w, https:\/\/loudavymkrokem.cz\/wp-content\/uploads\/2026\/09\/nemecko-clanky-termaly-nemecko-64-23e551d5-1-1392x1044.jpg 1392w\" sizes=\"(max-width: 1800px) 100vw, 1800px\" \/><button\n\t\t\tclass=\"lightbox-trigger\"\n\t\t\ttype=\"button\"\n\t\t\taria-haspopup=\"dialog\"\n\t\t\tdata-wp-bind--aria-label=\"state.thisImage.triggerButtonAriaLabel\"\n\t\t\tdata-wp-init=\"callbacks.initTriggerButton\"\n\t\t\tdata-wp-on--click=\"actions.showLightbox\"\n\t\t\tdata-wp-style--right=\"state.thisImage.buttonRight\"\n\t\t\tdata-wp-style--top=\"state.thisImage.buttonTop\"\n\t\t>\n\t\t\t<svg xmlns=\"http:\/\/www.w3.org\/2000\/svg\" width=\"12\" height=\"12\" fill=\"none\" viewBox=\"0 0 12 12\">\n\t\t\t\t<path fill=\"#fff\" d=\"M2 0a2 2 0 0 0-2 2v2h1.5V2a.5.5 0 0 1 .5-.5h2V0H2Zm2 10.5H2a.5.5 0 0 1-.5-.5V8H0v2a2 2 0 0 0 2 2h2v-1.5ZM8 12v-1.5h2a.5.5 0 0 0 .5-.5V8H12v2a2 2 0 0 1-2 2H8Zm2-12a2 2 0 0 1 2 2v2h-1.5V2a.5.5 0 0 0-.5-.5H8V0h2Z\" \/>\n\t\t\t<\/svg>\n\t\t<\/button><\/figure>\n\n\n\n<h2 class=\"wp-block-heading\"><span class=\"ez-toc-section\" id=\"Gyakorlati_utmutato_mit_vigyel_gyerekekkel_es_keszpenzben\"><\/span>Gyakorlati \u00fatmutat\u00f3: mit vigy\u00e9l, gyerekekkel \u00e9s k\u00e9szp\u00e9nzben<span class=\"ez-toc-section-end\"><\/span><\/h2>\n\n\n\n<p class=\"wp-block-paragraph\">Miel\u0151tt indulsz, csomagolj be egy <strong>nagy t\u00f6r\u00f6lk\u00f6z\u0151t magad al\u00e1 a szaun\u00e1ba<\/strong>, mert a n\u00e9metekn\u00e9l szigor\u00faan f\u00fcrd\u0151ruha n\u00e9lk\u00fcl szaun\u00e1znak, a t\u00f6r\u00f6lk\u00f6z\u0151nek pedig az eg\u00e9sz test alatt kell lennie. A medenc\u00e9k k\u00f6z\u00f6tti mozg\u00e1shoz strandpapucs j\u00f6n j\u00f3l, mag\u00e1hoz a f\u00fcrd\u0151z\u00e9shez pedig term\u00e9szetesen f\u00fcrd\u0151ruha. A k\u00f6nt\u00f6s- vagy t\u00f6r\u00f6lk\u00f6z\u0151k\u00f6lcs\u00f6nz\u00e9s helyben szinte minden\u00fctt d\u00edjk\u00f6teles, p\u00e9ld\u00e1ul a Thermen &#038; Badewelt Sinsheimben <strong>a k\u00f6nt\u00f6s\u00e9rt 9 \u20ac-t, plusz 40 \u20ac-t adsz kauci\u00f3k\u00e9nt<\/strong>. A Kristalltherme Bad Wilsnackban a t\u00f6r\u00f6lk\u00f6z\u0151 k\u00f6nt\u00f6ssel 12 \u20ac-ba ker\u00fcl, ehhez pedig k\u00e9sz\u00edts el\u0151 15 \u20ac kauci\u00f3t.<\/p>\n\n\n\n<p class=\"wp-block-paragraph\">A p\u00e9nzt\u00e1rc\u00e1dat nyugodtan hagyhatod a szekr\u00e9nyben, mert bent <strong>chippel vagy kark\u00f6t\u0151vel fizetsz<\/strong>, amit a bej\u00e1ratn\u00e1l kapsz. Az \u00e9telek sz\u00e1ml\u00e1j\u00e1t \u00e9s az esetleges hosszabb tart\u00f3zkod\u00e1s fel\u00e1rait csak a v\u00e9g\u00e9n, a kil\u00e9p\u0151 p\u00e9nzt\u00e1rn\u00e1l rendezed, n\u00e9h\u00e1ny komplexumnak pedig be\u00e1ll\u00edtott kreditlimitje van, mint p\u00e9ld\u00e1ul a Titania Neus\u00e4\u00dfnek 50 \u20ac limittel feln\u0151ttenk\u00e9nt. <strong>\ud83d\udca1 Tipp:<\/strong> Ha gyakran l\u00e1togatsz term\u00e1lokba, k\u00e9rdezz r\u00e1 az el\u0151re fizetett k\u00e1rty\u00e1kra, mert p\u00e9ld\u00e1ul Sinsheimben 150 \u20ac kredittel r\u00f6gt\u00f6n 5% kedvezm\u00e9nyt kapsz a bel\u00e9p\u0151re.<\/p>\n\n\n\n<p class=\"wp-block-paragraph\">A parkol\u00e1s a legt\u00f6bb komplexumn\u00e1l nagyvonal\u00fa parkol\u00f3kkal van megoldva, n\u00e9h\u00e1ny hely pedig a lak\u00f3aut\u00f3kra is gondol, amit p\u00e9ld\u00e1ul az Adelindis Therme Bad Buchau k\u00edn\u00e1l. Az olyan helyeken, mint a Carolus Thermen Aachen, <strong>a gar\u00e1zs\u00e9rt 6 \u20ac \u00e1tal\u00e1nyt fizetsz<\/strong> az eg\u00e9sz l\u00e1togat\u00e1sra, a medenc\u00e9kbe pedig k\u00e9nyelmesen, egyenesen sz\u00e1raz l\u00e1bbal jutsz \u00e1t.<\/p>\n\n\n\n<p class=\"wp-block-paragraph\">Nyugalmat szeretn\u00e9l? Akkor <strong>hagyd ki a h\u00e9tv\u00e9g\u00e9ket, az \u00fcnnepnapokat \u00e9s a n\u00e9met sz\u00fcneteket<\/strong>, amikor nemcsak a legzs\u00fafoltabb minden\u00fctt, hanem gyakran h\u00e9tv\u00e9gi fel\u00e1rat is fizetsz 1,50 \u00e9s 5 \u20ac k\u00f6z\u00f6tt. N\u00e9h\u00e1ny komplexum, mint a VitaSol Therme Bad Salzuflen, m\u00e9g <strong>az aktu\u00e1lis tel\u00edtetts\u00e9get is mutatja a weboldalon<\/strong>, \u00fagyhogy indul\u00e1s el\u0151tt ellen\u0151rizheted a szabad helyeket. A Spreewald Therme Burgban pedig 7,50 \u20ac-\u00e9rt lefoglalhatsz egy konkr\u00e9t fekv\u0151\u00e1gyat a nyugalmi z\u00f3n\u00e1ban eg\u00e9sz napra, \u00e9s \u00edgy biztos lehet a helyed.<\/p>\n\n\n\n<p class=\"wp-block-paragraph\">A gyerekes csal\u00e1doknak \u00e9rdemes el\u0151re gondosan v\u00e1logatni, mert <strong>n\u00e9h\u00e1ny komplexumnak szigor\u00fa korhat\u00e1ra van<\/strong>, \u00e9s ink\u00e1bb a feln\u0151ttek csendes pihen\u00e9s\u00e9re \u00e9p\u00edt. A Thermen &#038; Badewelt Sinsheimbe csak 16 \u00e9ves kort\u00f3l engednek be, a Mineraltherme B\u00f6blingen pedig nem enged be \u00f6t \u00e9vn\u00e9l fiatalabb gyerekeket. Ezzel szemben a Therme Erdingben vagy a Titania Neus\u00e4\u00dfben, kedvez\u0151 csal\u00e1di tarifokkal, a <strong>gyerekek kedv\u00fckre kimulathatj\u00e1k magukat a cs\u00faszd\u00e1kon \u00e9s a hull\u00e1mmedenc\u00e9ben<\/strong>.<\/p>\n\n\n\n<p class=\"wp-block-paragraph\">Maga az \u00fat el\u0151tt aj\u00e1nlom, hogy <strong>ellen\u0151rizd le az aktu\u00e1lis 2026-os \u00e1rlist\u00e1t<\/strong> \u00e9s az esetleges m\u0171szaki le\u00e1ll\u00e1sokat k\u00f6zvetlen\u00fcl a kiv\u00e1lasztott f\u00fcrd\u0151k weboldal\u00e1n. \u00cdgy elker\u00fcl\u00f6d a felesleges csal\u00f3d\u00e1st a helysz\u00ednen, mert p\u00e9ld\u00e1ul a Bodensee-Therme Konstanz k\u00fclt\u00e9ri term\u00e1lmedenc\u00e9je 2026. szeptember 25-ig fel\u00faj\u00edt\u00e1s alatt van. Ugyan\u00edgy j\u00f3 tudni, hogy <strong>a D\u00fcnen-Therme St. Peter-Ordingban jelenleg nem \u00fczemel a hull\u00e1mmedence<\/strong> \u00e9s a kedvelt Turbo-Rutsche.<\/p>\n\n\n\n<h2 class=\"wp-block-heading\"><span class=\"ez-toc-section\" id=\"Hova_tovabb_tovabbi_cikkek_termalokrol_es_wellnessrol\"><\/span>Hov\u00e1 tov\u00e1bb: tov\u00e1bbi cikkek term\u00e1lokr\u00f3l \u00e9s wellnessr\u0151l<span class=\"ez-toc-section-end\"><\/span><\/h2>\n\n\n\n<ul class=\"wp-block-list\">\n\n<li><strong><a href=\"https:\/\/loudavymkrokem.cz\/hu\/wellness-nemetorszag-hotelek\/\">Wellnesshotelek N\u00e9metorsz\u00e1gban<\/a><\/strong> &#8211; n\u00e9zd meg a tippjeinket a legjobb relax\u00e1ci\u00f3s helyekre a szomsz\u00e9dokn\u00e1l.<\/li>\n\n\n\n<li><strong><a href=\"https:\/\/loudavymkrokem.cz\/hu\/aquapark-nemetorszag-legjobb\/\">A legjobb aquaparkok N\u00e9metorsz\u00e1gban<\/a><\/strong> &#8211; ha ink\u00e1bb adrenalint \u00e9s cs\u00faszd\u00e1kat keresel, ezek a helyek elvar\u00e1zsolnak.<\/li>\n\n\n\n<li><strong><a href=\"https:\/\/loudavymkrokem.cz\/hu\/termalfurdo-csehorszag\/\">A legjobb term\u00e1lok \u00e9s term\u00e1lf\u00fcrd\u0151k Csehorsz\u00e1gban<\/a><\/strong> &#8211; fedezd fel a legszebb cseh komplexumokat.<\/li>\n\n\n\n<li><strong><a href=\"https:\/\/loudavymkrokem.cz\/hu\/termalfurdo-szlovakia-legjobb\/\">Term\u00e1lf\u00fcrd\u0151k Szlov\u00e1ki\u00e1ban<\/a><\/strong> &#8211; tudd meg, hov\u00e1 \u00e9rdemes menni a forr\u00f3 forr\u00e1sok\u00e9rt \u00e9s a pihen\u00e9s\u00e9rt Szlov\u00e1ki\u00e1ban. Kipr\u00f3b\u00e1l\u00e1sra aj\u00e1nljuk a <a class=\"thirstylink\" rel=\"nofollow\" target=\"_blank\" title=\"Term\u00e1ly Mal\u00e9 Bielice\" href=\"https:\/\/loudavymkrokem.cz\/doporucujeme\/termaly-male-bielice\/\" data-shortcode=\"true\">Mal\u00e9 Bielice term\u00e1lf\u00fcrd\u0151t<\/a> is.<\/li>\n\n\n\n<li><strong><a href=\"https:\/\/loudavymkrokem.cz\/hu\/ausztria-wellness-hotelek\/\">Wellnesshotelek Ausztri\u00e1ban<\/a><\/strong> &#8211; inspir\u00e1l\u00f3dj a gy\u00f6ny\u00f6r\u0171 osztr\u00e1k hotelekb\u0151l, amelyek \u00f6tv\u00f6zik a hegyeket \u00e9s a luxus ell\u00e1t\u00e1st.<\/li>\n\n\n\n<li><strong><a href=\"https:\/\/loudavymkrokem.cz\/hu\/neuschwanstein-kastely-nemetorszag\/\">Neuschwanstein kast\u00e9ly<\/a><\/strong> &#8211; olvass a mesebeli kast\u00e9lyr\u00f3l, mert a schwangaui K\u00f6nigliche Kristall-Therme k\u00f6zvetlen\u00fcl alatta \u00e1ll.<\/li>\n\n\n<\/ul>\n\n\n\n<h2 class=\"wp-block-heading\"><span class=\"ez-toc-section\" id=\"Gyakran_ismetelt_kerdesek\"><\/span>Gyakran ism\u00e9telt k\u00e9rd\u00e9sek<span class=\"ez-toc-section-end\"><\/span><\/h2>\n\n\n\n<p class=\"wp-block-paragraph\">Van m\u00e9g valami kieg\u00e9sz\u00edt\u0151 k\u00e9rd\u00e9sed a n\u00e9metorsz\u00e1gi f\u00fcrd\u0151k l\u00e1togat\u00e1s\u00e1hoz? \u00d6ssze\u00e1ll\u00edtottam neked a leggyakoribb k\u00e9rd\u00e9sek \u00f6sszefoglal\u00f3j\u00e1t, amely megk\u00f6nny\u00edti az utaz\u00e1sod tervez\u00e9s\u00e9t.<\/p>\n\n\n<div id=\"rank-math-faq\" class=\"rank-math-block\">\n<div class=\"rank-math-list \">\n<div id=\"faq-question-1788420581000\" class=\"rank-math-list-item\">\n<h3 class=\"rank-math-question \"><span class=\"ez-toc-section\" id=\"Melyik_Nemetorszag_legnagyobb_termalfurdoje\"><\/span>Melyik N\u00e9metorsz\u00e1g legnagyobb term\u00e1lf\u00fcrd\u0151je?<span class=\"ez-toc-section-end\"><\/span><\/h3>\n<div class=\"rank-math-answer \">\n\n<p>N\u00e9metorsz\u00e1g legnagyobb term\u00e1lf\u00fcrd\u0151je a Therme Erding. A hivatalos weboldaluk szerint 40 medence, 38 szauna \u00e9s g\u0151zf\u00fcrd\u0151, valamint 28 cs\u00faszda tal\u00e1lhat\u00f3 itt, amelyek \u00f6sszhossza meghaladja a 2 850 m\u00e9tert. Hatalmas komplexum, amely \u00f3ri\u00e1si ter\u00fcleten ter\u00fcl el, \u00e9s eg\u00e9sz napos programot k\u00edn\u00e1l feln\u0151tteknek \u00e9s gyerekeknek egyar\u00e1nt.<\/p>\n\n<\/div>\n<\/div>\n<div id=\"faq-question-1788420581001\" class=\"rank-math-list-item\">\n<h3 class=\"rank-math-question \"><span class=\"ez-toc-section\" id=\"Mennyibe_kerul_a_belepo_egy_nemet_termalfurdobe\"><\/span>Mennyibe ker\u00fcl a bel\u00e9p\u0151 egy n\u00e9met term\u00e1lf\u00fcrd\u0151be?<span class=\"ez-toc-section-end\"><\/span><\/h3>\n<div class=\"rank-math-answer \">\n\n<p>2026-ban az \u00e1rak jellemz\u0151en 5 100\u20138 200 Ft k\u00f6r\u00fcl mozognak k\u00e9t \u00f3r\u00e1s f\u00fcrd\u0151z\u00e9sre. Eg\u00e9sz napos bel\u00e9p\u0151\u00e9rt \u00e1ltal\u00e1ban 7 100\u201314 600 Ft-ot kell fizetni. Az \u00e1ttekint\u00e9s\u00fcnkben a legdr\u00e1g\u00e1bb a Therme Bad W\u00f6rishofen, ahol az eg\u00e9sz napos jegy 20 100 Ft-ba ker\u00fcl. Ha a szaunavil\u00e1got is meg szeretn\u00e9d l\u00e1togatni, sz\u00e1molj k\u00f6r\u00fclbel\u00fcl 2 000\u20134 000 Ft fel\u00e1rral.<\/p>\n\n<\/div>\n<\/div>\n<div id=\"faq-question-1788420581002\" class=\"rank-math-list-item\">\n<h3 class=\"rank-math-question \"><span class=\"ez-toc-section\" id=\"Kotelezo_meztelenul_jarni_a_nemet_szaunakban\"><\/span>K\u00f6telez\u0151 meztelen\u00fcl j\u00e1rni a n\u00e9met szaun\u00e1kban?<span class=\"ez-toc-section-end\"><\/span><\/h3>\n<div class=\"rank-math-answer \">\n\n<p>Igen, a n\u00e9met szaun\u00e1kba szigor\u00faan f\u00fcrd\u0151ruha n\u00e9lk\u00fcl szabad bel\u00e9pni. Ne felejtsd el ez\u00e9rt magaddal vinni egy nagy t\u00f6r\u00f6lk\u00f6z\u0151t vagy leped\u0151t, mert az eg\u00e9sz testedet, bele\u00e9rtve a l\u00e1bfejedet is, al\u00e1d kell ter\u00edtened. Ha sz\u00e9gyel\u0151sebb vagy, beg\u00f6ngy\u00f6l\u0151zheted magad a szaun\u00e1ban, de nedves f\u00fcrd\u0151ruh\u00e1ban higi\u00e9niai okokb\u00f3l nem engednek be.<\/p>\n\n<\/div>\n<\/div>\n<div id=\"faq-question-1788420581003\" class=\"rank-math-list-item\">\n<h3 class=\"rank-math-question \"><span class=\"ez-toc-section\" id=\"Melyek_a_legkozelebbi_nemet_termalfurdok_a_magyar_hatarhoz\"><\/span>Melyek a legk\u00f6zelebbi n\u00e9met term\u00e1lf\u00fcrd\u0151k a magyar hat\u00e1rhoz?<span class=\"ez-toc-section-end\"><\/span><\/h3>\n<div class=\"rank-math-answer \">\n\n<p>A magyar hat\u00e1rhoz k\u00f6zeli bajororsz\u00e1gi f\u00fcrd\u0151k k\u00f6z\u00fcl kiemelkedik a Bad F\u00fcssing \u00e9s Bad Griesbach, amelyek k\u00f6nnyen el\u00e9rhet\u0151k Budapestr\u0151l. A Sibyllenbad Neualbenreuthban az egyik legolcs\u00f3bb lehet\u0151s\u00e9g. A Toskana Therme Bad Schandau a Sz\u00e1sz-Sv\u00e1jcban tal\u00e1lhat\u00f3, h\u00edres a v\u00edz alatti zen\u00e9r\u0151l.<\/p>\n\n<\/div>\n<\/div>\n<div id=\"faq-question-1788420581004\" class=\"rank-math-list-item\">\n<h3 class=\"rank-math-question \"><span class=\"ez-toc-section\" id=\"Mehetnek_gyerekek_a_nemet_termalfurdokbe\"><\/span>Mehetnek gyerekek a n\u00e9met term\u00e1lf\u00fcrd\u0151kbe?<span class=\"ez-toc-section-end\"><\/span><\/h3>\n<div class=\"rank-math-answer \">\n\n<p>A konkr\u00e9t l\u00e9tes\u00edtm\u00e9nyt\u0151l f\u00fcgg, mivel sok k\u00f6z\u00fcl\u00fck ink\u00e1bb feln\u0151ttekre \u00f6sszpontos\u00edt. P\u00e9ld\u00e1ul a Thermen &amp; Badewelt Sinsheimbe csak 16 \u00e9ves kort\u00f3l engedik be a fiatalokat, a Mineraltherme B\u00f6blingen pedig 5 \u00e9v alatti gyerekeket nem enged be. Ezzel szemben a Therme Erding vagy a Titania Neus\u00e4\u00df csal\u00e1dok sz\u00e1m\u00e1ra kifejezetten aj\u00e1nlott, csal\u00e1di tarif\u00e1kkal \u00e9s attrakci\u00f3kat k\u00edn\u00e1lnak.<\/p>\n\n<\/div>\n<\/div>\n<div id=\"faq-question-1788420581005\" class=\"rank-math-list-item\">\n<h3 class=\"rank-math-question \"><span class=\"ez-toc-section\" id=\"Mit_jelent_a_Bademantelgang\"><\/span>Mit jelent a Bademantelgang?<span class=\"ez-toc-section-end\"><\/span><\/h3>\n<div class=\"rank-math-answer \">\n\n<p>A Bademantelgang egy f\u0171t\u00f6tt folyos\u00f3t jelent, amely k\u00f6zvetlen\u00fcl \u00f6sszek\u00f6ti egyes sz\u00e1ll\u00e1sokat a term\u00e1lf\u00fcrd\u0151 komplexummal. Ennek k\u00f6sz\u00f6nhet\u0151en m\u00e1r a szob\u00e1dban \u00e1t\u00f6lt\u00f6zhetsz f\u00fcrd\u0151ruh\u00e1ba \u00e9s k\u00f6nt\u00f6sbe, majd sz\u00e1raz l\u00e1bbal \u00e1ts\u00e9t\u00e1lhatsz a medenc\u00e9khez. \u00cdgy elker\u00fclheted a f\u00fcrd\u0151 k\u00f6z\u00f6s \u00f6lt\u00f6z\u0151inek \u00e9s szekr\u00e9nyeinek haszn\u00e1lat\u00e1t.<\/p>\n\n<\/div>\n<\/div>\n<div id=\"faq-question-1788420581006\" class=\"rank-math-list-item\">\n<h3 class=\"rank-math-question \"><span class=\"ez-toc-section\" id=\"Vinnem_kell_sajat_torolkozot_es_kontost\"><\/span>Vinnem kell saj\u00e1t t\u00f6r\u00f6lk\u00f6z\u0151t \u00e9s k\u00f6nt\u00f6st?<span class=\"ez-toc-section-end\"><\/span><\/h3>\n<div class=\"rank-math-answer \">\n\n<p>Vidd magaddal a saj\u00e1t felszerel\u00e9sedet, mert a k\u00f6peny \u00e9s t\u00f6r\u00f6lk\u00f6z\u0151 k\u00f6lcs\u00f6nz\u00e9se a n\u00e9met term\u00e1lf\u00fcrd\u0151kben szinte mindig d\u00edjk\u00f6teles \u00e9s kauci\u00f3t ig\u00e9nyel. P\u00e9ld\u00e1ul a Kristalltherme Bad Wilsnackban a t\u00f6r\u00f6lk\u00f6z\u0151 2 000 Ft, a k\u00f6peny 2 800 Ft, r\u00e1ad\u00e1sul 6 000 Ft kauci\u00f3t is le kell tenned. \u00cdgy sz\u00fcks\u00e9gtelen\u00fcl megdr\u00e1gulna a l\u00e1togat\u00e1sod.<\/p>\n\n<\/div>\n<\/div>\n<div id=\"faq-question-1788420581007\" class=\"rank-math-list-item\">\n<h3 class=\"rank-math-question \"><span class=\"ez-toc-section\" id=\"Mikor_a_legkevesebb_a_forgalom_a_nemet_termalfurdokben\"><\/span>Mikor a legkevesebb a forgalom a n\u00e9met term\u00e1lf\u00fcrd\u0151kben?<span class=\"ez-toc-section-end\"><\/span><\/h3>\n<div class=\"rank-math-answer \">\n\n<p>A legnagyobb nyugalmat h\u00e9tk\u00f6znapokon \u00e9lvezheted, ide\u00e1lisan k\u00f6zvetlen\u00fcl reggeli nyit\u00e1s ut\u00e1n vagy este. Mindenk\u00e9ppen ker\u00fcld a h\u00e9tv\u00e9g\u00e9ket, az \u00e1llami \u00fcnnepeket \u00e9s a n\u00e9met iskolai sz\u00fcneteket. R\u00e1ad\u00e1sul sok f\u00fcrd\u0151 h\u00e9tv\u00e9g\u00e9n fel\u00e1rakat sz\u00e1m\u00edt fel a bel\u00e9p\u0151re, \u00e1ltal\u00e1ban 600\u20132 000 Ft k\u00f6z\u00f6tt, \u00edgy h\u00e9tk\u00f6znapi l\u00e1togat\u00e1ssal p\u00e9nzt is sp\u00f3rolhatsz.<\/p>\n\n<\/div>\n<\/div>\n<div id=\"faq-question-1788420581008\" class=\"rank-math-list-item\">\n<h3 class=\"rank-math-question \"><span class=\"ez-toc-section\" id=\"Kell_fizetni_furdoadot_Nemetorszagban\"><\/span>Kell fizetni f\u00fcrd\u0151ad\u00f3t N\u00e9metorsz\u00e1gban?<span class=\"ez-toc-section-end\"><\/span><\/h3>\n<div class=\"rank-math-answer \">\n\n<p>Igen, ha hagyom\u00e1nyos f\u00fcrd\u0151v\u00e1rosban sz\u00e1llsz meg, fizetn\u00e9l kell az \u00fcd\u00fcl\u0151helyi ad\u00f3t, azaz Kurbeitragot. Cser\u00e9be \u00e1ltal\u00e1ban kapsz egy vend\u00e9gk\u00e1rty\u00e1t, amely kedvezm\u00e9nyeket biztos\u00edt a bel\u00e9p\u0151kre. P\u00e9ld\u00e1ul a Havel Therme Werder k\u00f6rny\u00e9k\u00e9n megsz\u00e1ll\u00f3 vend\u00e9gek h\u00e9tk\u00f6znapokon kedvezm\u00e9nyes bel\u00e9p\u0151re jogosultak, el\u00e9g csak a k\u00e1rty\u00e1t megmutatni a kassz\u00e1n\u00e1l.<\/p>\n\n<\/div>\n<\/div>\n<div id=\"faq-question-1788420581009\" class=\"rank-math-list-item\">\n<h3 class=\"rank-math-question \"><span class=\"ez-toc-section\" id=\"Melyik_nemet_termalfurdo_a_legmegfelelobb_csaladoknak_gyerekekkel\"><\/span>Melyik n\u00e9met term\u00e1lf\u00fcrd\u0151 a legmegfelel\u0151bb csal\u00e1doknak gyerekekkel?<span class=\"ez-toc-section-end\"><\/span><\/h3>\n<div class=\"rank-math-answer \">\n\n<p>Egy\u00e9rtelm\u0171en a legjobb v\u00e1laszt\u00e1s csal\u00e1doknak a Therme Erding, ahol a gyerekek 28 cs\u00faszd\u00e1n \u00e9s egy hatalmas hull\u00e1mmedenc\u00e9ben tombolhatnak. Kiv\u00e1l\u00f3 a Spreewelten Bad L\u00fcbbenau is, ahol \u00fcvegfalon kereszt\u00fcl \u00e9l\u0151 pingvineket figyelhetsz meg a medenc\u00e9ben. Remek lehet\u0151s\u00e9geket k\u00edn\u00e1l a Titania Neus\u00e4\u00df vagy a D\u00fcnen-Therme St. Peter-Ording is, amelyek kedvez\u0151 gyermektarif\u00e1kkal rendelkeznek.<\/p>\n\n<\/div>\n<\/div>\n<\/div>\n<\/div>","protected":false},"excerpt":{"rendered":"<p>Teljes \u00e1ttekint\u00e9s 51 n\u00e9metorsz\u00e1gi term\u00e1lf\u00fcrd\u0151r\u0151l tartom\u00e1nyok szerint: 2026-os \u00e1rak, hol f\u00fcrdenek ruha n\u00e9lk\u00fcl, \u00e9s hol alhatsz egyenesen a medence mellett.<\/p>\n","protected":false},"author":3,"featured_media":415526,"comment_status":"open","ping_status":"open","sticky":false,"template":"","format":"standard","meta":{"_acf_changed":false,"footnotes":"","rank_math_title":"Term\u00e1lf\u00fcrd\u0151k N\u00e9metorsz\u00e1gban: 51 tipp 2026-ra","rank_math_description":"Term\u00e1lf\u00fcrd\u0151k N\u00e9metorsz\u00e1gban: 51 tipp a legjobbakra, 2026-os \u00e1rakkal, szaunaetikettel \u00e9s sz\u00e1ll\u00e1stippekkel. N\u00e9zd meg, hova \u00e9rdemes menni relax\u00e1lni!","rank_math_focus_keyword":"term\u00e1lf\u00fcrd\u0151k N\u00e9metorsz\u00e1gban","rank_math_seo_score":""},"categories":[1804,1839,1788],"tags":[],"class_list":["post-417177","post","type-post","status-publish","format-standard","has-post-thumbnail","category-europa","category-nemetorszag","category-utazas"],"acf":[],"featured_image_src":"https:\/\/loudavymkrokem.cz\/wp-content\/uploads\/2026\/09\/nemecko-clanky-termaly-nemecko-featured-c2c297a7.jpg","author_info":{"display_name":"Lucie Kone\u010dn\u00e1","author_link":"https:\/\/loudavymkrokem.cz\/hu\/author\/lucie-konecna\/"},"_links":{"self":[{"href":"https:\/\/loudavymkrokem.cz\/hu\/wp-json\/wp\/v2\/posts\/417177","targetHints":{"allow":["GET"]}}],"collection":[{"href":"https:\/\/loudavymkrokem.cz\/hu\/wp-json\/wp\/v2\/posts"}],"about":[{"href":"https:\/\/loudavymkrokem.cz\/hu\/wp-json\/wp\/v2\/types\/post"}],"author":[{"embeddable":true,"href":"https:\/\/loudavymkrokem.cz\/hu\/wp-json\/wp\/v2\/users\/3"}],"replies":[{"embeddable":true,"href":"https:\/\/loudavymkrokem.cz\/hu\/wp-json\/wp\/v2\/comments?post=417177"}],"version-history":[{"count":2,"href":"https:\/\/loudavymkrokem.cz\/hu\/wp-json\/wp\/v2\/posts\/417177\/revisions"}],"predecessor-version":[{"id":417179,"href":"https:\/\/loudavymkrokem.cz\/hu\/wp-json\/wp\/v2\/posts\/417177\/revisions\/417179"}],"wp:featuredmedia":[{"embeddable":true,"href":"https:\/\/loudavymkrokem.cz\/hu\/wp-json\/wp\/v2\/media\/415526"}],"wp:attachment":[{"href":"https:\/\/loudavymkrokem.cz\/hu\/wp-json\/wp\/v2\/media?parent=417177"}],"wp:term":[{"taxonomy":"category","embeddable":true,"href":"https:\/\/loudavymkrokem.cz\/hu\/wp-json\/wp\/v2\/categories?post=417177"},{"taxonomy":"post_tag","embeddable":true,"href":"https:\/\/loudavymkrokem.cz\/hu\/wp-json\/wp\/v2\/tags?post=417177"}],"curies":[{"name":"wp","href":"https:\/\/api.w.org\/{rel}","templated":true}]}}