{"id":409208,"date":"2026-08-26T14:31:42","date_gmt":"2026-08-26T12:31:42","guid":{"rendered":"https:\/\/loudavymkrokem.cz\/toszkana-szallas-tippek\/"},"modified":"2026-08-31T08:36:09","modified_gmt":"2026-08-31T06:36:09","slug":"toszkana-szallas-tippek","status":"publish","type":"post","link":"https:\/\/loudavymkrokem.cz\/hu\/toszkana-szallas-tippek\/","title":{"rendered":"Toszk\u00e1na sz\u00e1ll\u00e1s: 30 tipp az olcs\u00f3t\u00f3l a luxusig"},"content":{"rendered":"\n<p class=\"wp-block-paragraph\">Amikor elkezded tervezni az it\u00e1liai utadat, hamar r\u00e1j\u00f6ssz egy alapvet\u0151 dologra: <strong>Toszk\u00e1n\u00e1ban nem a csillagok\u00e9rt, hanem a fekv\u00e9s\u00e9rt \u00e9s a kil\u00e1t\u00e1s\u00e9rt fizetsz<\/strong>. Ugyanaz\u00e9rt a p\u00e9nz\u00e9rt ugyanis vagy egy pici szob\u00e1t kaphatsz Firenze ny\u00fczsg\u0151 k\u00f6zpontj\u00e1ban, vagy \u00e9ppen <strong>egy eg\u00e9sz fest\u0151i, medenc\u00e9s parasztgazdas\u00e1got<\/strong>, amely alig h\u00fasz perc aut\u00f3\u00fatra fekszik a v\u00e1rost\u00f3l. Ha j\u00f3 toszk\u00e1na sz\u00e1ll\u00e1s ut\u00e1n n\u00e9zel, csak rajtad m\u00falik, hogy a katedr\u00e1lra n\u00e9z\u0151 reggeli k\u00e1v\u00e9t, vagy ink\u00e1bb az olajfaligetek k\u00f6zep\u00e9n elk\u00f6lt\u00f6tt esti poh\u00e1r bort v\u00e1lasztod-e.<\/p>\n\n\n\n<p class=\"wp-block-paragraph\">Ha sp\u00f3rolni szeretn\u00e9l, de k\u00f6zben szeretn\u00e9d \u00e9lvezni a gy\u00f6ny\u00f6r\u0171 hangulatot is, azt javaslom, hogy a r\u00e9gi\u00f3 d\u00e9li r\u00e9sz\u00e9re koncentr\u00e1lj, mert <strong>Siena hasonl\u00f3 min\u0151s\u00e9g mellett j\u00f3val olcs\u00f3bb, mint Firenze<\/strong>. R\u00e1ad\u00e1sul innen sokkal k\u00f6zelebb lesznek a Val d&#8217;Orcia v\u00f6lgy legszebb, fotog\u00e9n dombjai \u00e9s a Chianti-vid\u00e9k sz\u0151l\u0151\u00fcltetv\u00e9nyei is. Firenze ugyan a renesz\u00e1nsz b\u00f6lcs\u0151je, de a sz\u00edv\u00e9ben l\u00e9v\u0151 sz\u00e1ll\u00e1s\u00e9rt egyszer\u0171en fel\u00e1rat fizetsz.<\/p>\n\n\n\n<p class=\"wp-block-paragraph\">Ez\u00e9rt \u00f6sszegy\u0171jt\u00f6ttem <strong>30 konkr\u00e9t sz\u00e1ll\u00e1st<\/strong>, \u00e9s h\u00e1rom kateg\u00f3ri\u00e1ba rendeztem \u0151ket aszerint, hogy mennyit szeretn\u00e9l k\u00f6lteni. Mindegyik l\u00e9tezik, \u00e9s t\u00f6bb sz\u00e1z vend\u00e9g\u00e9rt\u00e9kel\u00e9ssel rendelkezik, \u00edgy k\u00f6nnyen v\u00e1lasztasz, ak\u00e1r egy <strong>tizenhatodik sz\u00e1zadi kolostort<\/strong>, egy m\u0171k\u00f6d\u0151 bor\u00e1szatot vagy egy praktikus, p\u00e1lyaudvar melletti hotelt keresel.<\/p>\n\n\n\n<figure data-wp-context=\"{&quot;imageId&quot;:&quot;6a95408ce013d&quot;}\" data-wp-interactive=\"core\/image\" data-wp-key=\"6a95408ce013d\" class=\"wp-block-image size-full wp-lightbox-container\"><img decoding=\"async\" width=\"1800\" height=\"1200\" data-wp-class--hide=\"state.isContentHidden\" data-wp-class--show=\"state.isContentVisible\" data-wp-init=\"callbacks.setButtonStyles\" data-wp-on--click=\"actions.showLightbox\" data-wp-on--load=\"callbacks.setButtonStyles\" data-wp-on--pointerdown=\"actions.preloadImage\" data-wp-on--pointerenter=\"actions.preloadImageWithDelay\" data-wp-on--pointerleave=\"actions.cancelPreload\" data-wp-on-window--resize=\"callbacks.setButtonStyles\" src=\"https:\/\/loudavymkrokem.cz\/wp-content\/uploads\/2026\/08\/ubytovani-toskansko-bazen-vyhled.jpg\" alt=\"Medence egy toszk\u00e1n parasztgazdas\u00e1g mellett, kil\u00e1t\u00e1ssal a t\u00e1jra\" class=\"wp-image-395108\" title=\"\" srcset=\"https:\/\/loudavymkrokem.cz\/wp-content\/uploads\/2026\/08\/ubytovani-toskansko-bazen-vyhled.jpg 1800w, https:\/\/loudavymkrokem.cz\/wp-content\/uploads\/2026\/08\/ubytovani-toskansko-bazen-vyhled-300x200.jpg 300w, https:\/\/loudavymkrokem.cz\/wp-content\/uploads\/2026\/08\/ubytovani-toskansko-bazen-vyhled-700x467.jpg 700w, https:\/\/loudavymkrokem.cz\/wp-content\/uploads\/2026\/08\/ubytovani-toskansko-bazen-vyhled-768x512.jpg 768w, https:\/\/loudavymkrokem.cz\/wp-content\/uploads\/2026\/08\/ubytovani-toskansko-bazen-vyhled-1536x1024.jpg 1536w, https:\/\/loudavymkrokem.cz\/wp-content\/uploads\/2026\/08\/ubytovani-toskansko-bazen-vyhled-696x464.jpg 696w, https:\/\/loudavymkrokem.cz\/wp-content\/uploads\/2026\/08\/ubytovani-toskansko-bazen-vyhled-1392x928.jpg 1392w\" sizes=\"(max-width: 1800px) 100vw, 1800px\" \/><button\n\t\t\tclass=\"lightbox-trigger\"\n\t\t\ttype=\"button\"\n\t\t\taria-haspopup=\"dialog\"\n\t\t\tdata-wp-bind--aria-label=\"state.thisImage.triggerButtonAriaLabel\"\n\t\t\tdata-wp-init=\"callbacks.initTriggerButton\"\n\t\t\tdata-wp-on--click=\"actions.showLightbox\"\n\t\t\tdata-wp-style--right=\"state.thisImage.buttonRight\"\n\t\t\tdata-wp-style--top=\"state.thisImage.buttonTop\"\n\t\t>\n\t\t\t<svg xmlns=\"http:\/\/www.w3.org\/2000\/svg\" width=\"12\" height=\"12\" fill=\"none\" viewBox=\"0 0 12 12\">\n\t\t\t\t<path fill=\"#fff\" d=\"M2 0a2 2 0 0 0-2 2v2h1.5V2a.5.5 0 0 1 .5-.5h2V0H2Zm2 10.5H2a.5.5 0 0 1-.5-.5V8H0v2a2 2 0 0 0 2 2h2v-1.5ZM8 12v-1.5h2a.5.5 0 0 0 .5-.5V8H12v2a2 2 0 0 1-2 2H8Zm2-12a2 2 0 0 1 2 2v2h-1.5V2a.5.5 0 0 0-.5-.5H8V0h2Z\" \/>\n\t\t\t<\/svg>\n\t\t<\/button><\/figure>\n\n\n\n<div id=\"ez-toc-container\" class=\"ez-toc-v2_0_86 ez-toc-wrap-left counter-hierarchy ez-toc-counter ez-toc-grey ez-toc-container-direction\">\n<div class=\"ez-toc-title-container\">\n<p class=\"ez-toc-title\" style=\"cursor:inherit\">A cikk tartalma<\/p>\n<span class=\"ez-toc-title-toggle\"><a href=\"#\" class=\"ez-toc-pull-right ez-toc-btn ez-toc-btn-xs ez-toc-btn-default ez-toc-toggle\" aria-label=\"Toggle Table of Content\"><span class=\"ez-toc-js-icon-con\"><span class=\"\"><span class=\"eztoc-hide\" style=\"display:none;\">Toggle<\/span><span class=\"ez-toc-icon-toggle-span\"><svg style=\"fill: #999;color:#999\" xmlns=\"http:\/\/www.w3.org\/2000\/svg\" class=\"list-377408\" width=\"20px\" height=\"20px\" viewBox=\"0 0 24 24\" fill=\"none\"><path d=\"M6 6H4v2h2V6zm14 0H8v2h12V6zM4 11h2v2H4v-2zm16 0H8v2h12v-2zM4 16h2v2H4v-2zm16 0H8v2h12v-2z\" fill=\"currentColor\"><\/path><\/svg><svg style=\"fill: #999;color:#999\" class=\"arrow-unsorted-368013\" xmlns=\"http:\/\/www.w3.org\/2000\/svg\" width=\"10px\" height=\"10px\" viewBox=\"0 0 24 24\" version=\"1.2\" baseProfile=\"tiny\"><path d=\"M18.2 9.3l-6.2-6.3-6.2 6.3c-.2.2-.3.4-.3.7s.1.5.3.7c.2.2.4.3.7.3h11c.3 0 .5-.1.7-.3.2-.2.3-.5.3-.7s-.1-.5-.3-.7zM5.8 14.7l6.2 6.3 6.2-6.3c.2-.2.3-.5.3-.7s-.1-.5-.3-.7c-.2-.2-.4-.3-.7-.3h-11c-.3 0-.5.1-.7.3-.2.2-.3.5-.3.7s.1.5.3.7z\"\/><\/svg><\/span><\/span><\/span><\/a><\/span><\/div>\n<nav><ul class='ez-toc-list ez-toc-list-level-1 ' ><ul class='ez-toc-list-level-3' ><li class='ez-toc-heading-level-3'><a class=\"ez-toc-link ez-toc-heading-1\" href=\"https:\/\/loudavymkrokem.cz\/hu\/toszkana-szallas-tippek\/#Osszefoglalas_azoknak_akiknek_nincs_idejuk_vegigolvasni_a_cikket\" >\u00d6sszefoglal\u00e1s azoknak, akiknek nincs idej\u00fck v\u00e9gigolvasni a cikket<\/a><\/li><\/ul><\/li><li class='ez-toc-page-1 ez-toc-heading-level-2'><a class=\"ez-toc-link ez-toc-heading-2\" href=\"https:\/\/loudavymkrokem.cz\/hu\/toszkana-szallas-tippek\/#Harom_dontes_ami_meghatarozza_mennyit_fizetsz\" >H\u00e1rom d\u00f6nt\u00e9s, ami meghat\u00e1rozza, mennyit fizetsz<\/a><\/li><li class='ez-toc-page-1 ez-toc-heading-level-2'><a class=\"ez-toc-link ez-toc-heading-3\" href=\"https:\/\/loudavymkrokem.cz\/hu\/toszkana-szallas-tippek\/#Olcso_szallas_Toszkanaban\" >Olcs\u00f3 sz\u00e1ll\u00e1s Toszk\u00e1n\u00e1ban<\/a><ul class='ez-toc-list-level-3' ><li class='ez-toc-heading-level-3'><a class=\"ez-toc-link ez-toc-heading-4\" href=\"https:\/\/loudavymkrokem.cz\/hu\/toszkana-szallas-tippek\/#1_Hotel_Duomo\" >1. Hotel Duomo<\/a><\/li><li class='ez-toc-page-1 ez-toc-heading-level-3'><a class=\"ez-toc-link ez-toc-heading-5\" href=\"https:\/\/loudavymkrokem.cz\/hu\/toszkana-szallas-tippek\/#2_Albergo_Chiusarelli\" >2. Albergo Chiusarelli<\/a><\/li><li class='ez-toc-page-1 ez-toc-heading-level-3'><a class=\"ez-toc-link ez-toc-heading-6\" href=\"https:\/\/loudavymkrokem.cz\/hu\/toszkana-szallas-tippek\/#3_La_Villa\" >3. La Villa<\/a><\/li><li class='ez-toc-page-1 ez-toc-heading-level-3'><a class=\"ez-toc-link ez-toc-heading-7\" href=\"https:\/\/loudavymkrokem.cz\/hu\/toszkana-szallas-tippek\/#4_Hotel_Athena\" >4. Hotel Athena<\/a><\/li><li class='ez-toc-page-1 ez-toc-heading-level-3'><a class=\"ez-toc-link ez-toc-heading-8\" href=\"https:\/\/loudavymkrokem.cz\/hu\/toszkana-szallas-tippek\/#5_Hotel_Italia\" >5. Hotel Italia<\/a><\/li><li class='ez-toc-page-1 ez-toc-heading-level-3'><a class=\"ez-toc-link ez-toc-heading-9\" href=\"https:\/\/loudavymkrokem.cz\/hu\/toszkana-szallas-tippek\/#6_BB_Hotels_Smarthotel_Derose\" >6. BB Hotels Smarthotel Derose<\/a><\/li><li class='ez-toc-page-1 ez-toc-heading-level-3'><a class=\"ez-toc-link ez-toc-heading-10\" href=\"https:\/\/loudavymkrokem.cz\/hu\/toszkana-szallas-tippek\/#7_Sangallo_Park_Hotel\" >7. Sangallo Park Hotel<\/a><\/li><li class='ez-toc-page-1 ez-toc-heading-level-3'><a class=\"ez-toc-link ez-toc-heading-11\" href=\"https:\/\/loudavymkrokem.cz\/hu\/toszkana-szallas-tippek\/#8_Essence_Hotel\" >8. Essence Hotel<\/a><\/li><li class='ez-toc-page-1 ez-toc-heading-level-3'><a class=\"ez-toc-link ez-toc-heading-12\" href=\"https:\/\/loudavymkrokem.cz\/hu\/toszkana-szallas-tippek\/#9_Ruby_Bea_Hotel_Florence\" >9. Ruby Bea Hotel Florence<\/a><\/li><li class='ez-toc-page-1 ez-toc-heading-level-3'><a class=\"ez-toc-link ez-toc-heading-13\" href=\"https:\/\/loudavymkrokem.cz\/hu\/toszkana-szallas-tippek\/#10_The_Social_Hub_Florence_Belfiore\" >10. The Social Hub Florence Belfiore<\/a><\/li><\/ul><\/li><li class='ez-toc-page-1 ez-toc-heading-level-2'><a class=\"ez-toc-link ez-toc-heading-14\" href=\"https:\/\/loudavymkrokem.cz\/hu\/toszkana-szallas-tippek\/#Autentikus_szallas_gazdasagok_kolostorok_es_boraszatok\" >Autentikus sz\u00e1ll\u00e1s: gazdas\u00e1gok, kolostorok \u00e9s bor\u00e1szatok<\/a><ul class='ez-toc-list-level-3' ><li class='ez-toc-heading-level-3'><a class=\"ez-toc-link ez-toc-heading-15\" href=\"https:\/\/loudavymkrokem.cz\/hu\/toszkana-szallas-tippek\/#11_Fattoria_San_Donato_Booking\" >11. Fattoria San Donato (Booking)<\/a><\/li><li class='ez-toc-page-1 ez-toc-heading-level-3'><a class=\"ez-toc-link ez-toc-heading-16\" href=\"https:\/\/loudavymkrokem.cz\/hu\/toszkana-szallas-tippek\/#12_Hotel_Pescille_Country_House_Booking\" >12. Hotel Pescille Country House (Booking)<\/a><\/li><li class='ez-toc-page-1 ez-toc-heading-level-3'><a class=\"ez-toc-link ez-toc-heading-17\" href=\"https:\/\/loudavymkrokem.cz\/hu\/toszkana-szallas-tippek\/#13_Hotel_La_Collegiata_%E2%80%93_Adults_Only_Booking\" >13. Hotel La Collegiata \u2013 Adults Only (Booking)<\/a><\/li><li class='ez-toc-page-1 ez-toc-heading-level-3'><a class=\"ez-toc-link ez-toc-heading-18\" href=\"https:\/\/loudavymkrokem.cz\/hu\/toszkana-szallas-tippek\/#14_Torciano_Hotel_Wine_Winery_Booking\" >14. Torciano Hotel Wine &#038; Winery (Booking)<\/a><\/li><li class='ez-toc-page-1 ez-toc-heading-level-3'><a class=\"ez-toc-link ez-toc-heading-19\" href=\"https:\/\/loudavymkrokem.cz\/hu\/toszkana-szallas-tippek\/#15_Agriturismo_I_Pini_Booking\" >15. Agriturismo I Pini (Booking)<\/a><\/li><li class='ez-toc-page-1 ez-toc-heading-level-3'><a class=\"ez-toc-link ez-toc-heading-20\" href=\"https:\/\/loudavymkrokem.cz\/hu\/toszkana-szallas-tippek\/#16_Fattoria_Poggio_Alloro_Google\" >16. Fattoria Poggio Alloro (Google)<\/a><\/li><li class='ez-toc-page-1 ez-toc-heading-level-3'><a class=\"ez-toc-link ez-toc-heading-21\" href=\"https:\/\/loudavymkrokem.cz\/hu\/toszkana-szallas-tippek\/#17_Agriturismo_il_Rigo_Google\" >17. Agriturismo il Rigo (Google)<\/a><\/li><li class='ez-toc-page-1 ez-toc-heading-level-3'><a class=\"ez-toc-link ez-toc-heading-22\" href=\"https:\/\/loudavymkrokem.cz\/hu\/toszkana-szallas-tippek\/#18_Vento_dOrcia_Google\" >18. Vento d&#8217;Orcia (Google)<\/a><\/li><li class='ez-toc-page-1 ez-toc-heading-level-3'><a class=\"ez-toc-link ez-toc-heading-23\" href=\"https:\/\/loudavymkrokem.cz\/hu\/toszkana-szallas-tippek\/#19_Agriturismo_San_Sano_Google\" >19. Agriturismo San Sano (Google)<\/a><\/li><li class='ez-toc-page-1 ez-toc-heading-level-3'><a class=\"ez-toc-link ez-toc-heading-24\" href=\"https:\/\/loudavymkrokem.cz\/hu\/toszkana-szallas-tippek\/#20_Agriturismo_Casanova_Google\" >20. Agriturismo Casanova (Google)<\/a><\/li><\/ul><\/li><li class='ez-toc-page-1 ez-toc-heading-level-2'><a class=\"ez-toc-link ez-toc-heading-25\" href=\"https:\/\/loudavymkrokem.cz\/hu\/toszkana-szallas-tippek\/#Luxusszallas_Toszkanaban\" >Luxussz\u00e1ll\u00e1s Toszk\u00e1n\u00e1ban<\/a><ul class='ez-toc-list-level-3' ><li class='ez-toc-heading-level-3'><a class=\"ez-toc-link ez-toc-heading-26\" href=\"https:\/\/loudavymkrokem.cz\/hu\/toszkana-szallas-tippek\/#21_Hotel_Certosa_di_Maggiano_Booking\" >21. Hotel Certosa di Maggiano (Booking)<\/a><\/li><li class='ez-toc-page-1 ez-toc-heading-level-3'><a class=\"ez-toc-link ez-toc-heading-27\" href=\"https:\/\/loudavymkrokem.cz\/hu\/toszkana-szallas-tippek\/#22_Torre_del_Fuggisole_Booking\" >22. Torre del Fuggisole (Booking)<\/a><\/li><li class='ez-toc-page-1 ez-toc-heading-level-3'><a class=\"ez-toc-link ez-toc-heading-28\" href=\"https:\/\/loudavymkrokem.cz\/hu\/toszkana-szallas-tippek\/#23_Palazzo_Patrizi_Suites_Spa_Booking\" >23. Palazzo Patrizi Suites &#038; Spa (Booking)<\/a><\/li><li class='ez-toc-page-1 ez-toc-heading-level-3'><a class=\"ez-toc-link ez-toc-heading-29\" href=\"https:\/\/loudavymkrokem.cz\/hu\/toszkana-szallas-tippek\/#24_Hotel_La_Gemma_Booking\" >24. Hotel La Gemma (Booking)<\/a><\/li><li class='ez-toc-page-1 ez-toc-heading-level-3'><a class=\"ez-toc-link ez-toc-heading-30\" href=\"https:\/\/loudavymkrokem.cz\/hu\/toszkana-szallas-tippek\/#25_Hotel_Spadai_Booking\" >25. Hotel Spadai (Booking)<\/a><\/li><li class='ez-toc-page-1 ez-toc-heading-level-3'><a class=\"ez-toc-link ez-toc-heading-31\" href=\"https:\/\/loudavymkrokem.cz\/hu\/toszkana-szallas-tippek\/#26_Donati_Luxury_Tower_Suites_Booking\" >26. Donati Luxury Tower Suites (Booking)<\/a><\/li><li class='ez-toc-page-1 ez-toc-heading-level-3'><a class=\"ez-toc-link ez-toc-heading-32\" href=\"https:\/\/loudavymkrokem.cz\/hu\/toszkana-szallas-tippek\/#27_Hotel_Bernini_Palace_Booking\" >27. Hotel Bernini Palace (Booking)<\/a><\/li><li class='ez-toc-page-1 ez-toc-heading-level-3'><a class=\"ez-toc-link ez-toc-heading-33\" href=\"https:\/\/loudavymkrokem.cz\/hu\/toszkana-szallas-tippek\/#28_Palazzo_Ravizza_Booking\" >28. Palazzo Ravizza (Booking)<\/a><\/li><li class='ez-toc-page-1 ez-toc-heading-level-3'><a class=\"ez-toc-link ez-toc-heading-34\" href=\"https:\/\/loudavymkrokem.cz\/hu\/toszkana-szallas-tippek\/#29_I_Merli_di_Ada_Booking\" >29. I Merli di Ada (Booking)<\/a><\/li><li class='ez-toc-page-1 ez-toc-heading-level-3'><a class=\"ez-toc-link ez-toc-heading-35\" href=\"https:\/\/loudavymkrokem.cz\/hu\/toszkana-szallas-tippek\/#30_Borgo_Santo_Pietro_Google\" >30. Borgo Santo Pietro (Google)<\/a><\/li><\/ul><\/li><li class='ez-toc-page-1 ez-toc-heading-level-2'><a class=\"ez-toc-link ez-toc-heading-36\" href=\"https:\/\/loudavymkrokem.cz\/hu\/toszkana-szallas-tippek\/#Hol_szallj_meg_az_utitervedhez_igazodva\" >Hol sz\u00e1llj meg az utitervedhez igazodva<\/a><\/li><li class='ez-toc-page-1 ez-toc-heading-level-2'><a class=\"ez-toc-link ez-toc-heading-37\" href=\"https:\/\/loudavymkrokem.cz\/hu\/toszkana-szallas-tippek\/#Mire_figyelj_a_foglalasnal\" >Mire figyelj a foglal\u00e1sn\u00e1l<\/a><\/li><li class='ez-toc-page-1 ez-toc-heading-level-2'><a class=\"ez-toc-link ez-toc-heading-38\" href=\"https:\/\/loudavymkrokem.cz\/hu\/toszkana-szallas-tippek\/#Hol_etkezz\" >Hol \u00e9tkezz<\/a><\/li><li class='ez-toc-page-1 ez-toc-heading-level-2'><a class=\"ez-toc-link ez-toc-heading-39\" href=\"https:\/\/loudavymkrokem.cz\/hu\/toszkana-szallas-tippek\/#Merre_tovabb\" >Merre tov\u00e1bb<\/a><\/li><li class='ez-toc-page-1 ez-toc-heading-level-2'><a class=\"ez-toc-link ez-toc-heading-40\" href=\"https:\/\/loudavymkrokem.cz\/hu\/toszkana-szallas-tippek\/#Gyakran_ismetelt_kerdesek\" >Gyakran ism\u00e9telt k\u00e9rd\u00e9sek<\/a><ul class='ez-toc-list-level-3' ><li class='ez-toc-heading-level-3'><a class=\"ez-toc-link ez-toc-heading-41\" href=\"https:\/\/loudavymkrokem.cz\/hu\/toszkana-szallas-tippek\/#Hol_a_legjobb_megszallni_Toszkanaban\" >Hol a legjobb megsz\u00e1llni Toszk\u00e1n\u00e1ban?<\/a><\/li><li class='ez-toc-page-1 ez-toc-heading-level-3'><a class=\"ez-toc-link ez-toc-heading-42\" href=\"https:\/\/loudavymkrokem.cz\/hu\/toszkana-szallas-tippek\/#Olcsobb_a_szallas_Firenzeben_vagy_Sienaban\" >Olcs\u00f3bb a sz\u00e1ll\u00e1s Firenz\u00e9ben vagy Sien\u00e1ban?<\/a><\/li><li class='ez-toc-page-1 ez-toc-heading-level-3'><a class=\"ez-toc-link ez-toc-heading-43\" href=\"https:\/\/loudavymkrokem.cz\/hu\/toszkana-szallas-tippek\/#Mennyibe_kerul_egy_ejszaka_szallodaban_vagy_tanyan\" >Mennyibe ker\u00fcl egy \u00e9jszaka sz\u00e1llod\u00e1ban vagy tany\u00e1n?<\/a><\/li><li class='ez-toc-page-1 ez-toc-heading-level-3'><a class=\"ez-toc-link ez-toc-heading-44\" href=\"https:\/\/loudavymkrokem.cz\/hu\/toszkana-szallas-tippek\/#Kell_berelni_autot_a_szallashoz\" >Kell b\u00e9relni aut\u00f3t a sz\u00e1ll\u00e1shoz?<\/a><\/li><li class='ez-toc-page-1 ez-toc-heading-level-3'><a class=\"ez-toc-link ez-toc-heading-45\" href=\"https:\/\/loudavymkrokem.cz\/hu\/toszkana-szallas-tippek\/#Mikor_a_legjobb_idopont_a_szallas_foglalasara\" >Mikor a legjobb id\u0151pont a sz\u00e1ll\u00e1s foglal\u00e1s\u00e1ra?<\/a><\/li><li class='ez-toc-page-1 ez-toc-heading-level-3'><a class=\"ez-toc-link ez-toc-heading-46\" href=\"https:\/\/loudavymkrokem.cz\/hu\/toszkana-szallas-tippek\/#Mi_az_a_ZTL_zona_es_hogyan_fugg_ossze_a_szallodammal\" >Mi az a ZTL z\u00f3na \u00e9s hogyan f\u00fcgg \u00f6ssze a sz\u00e1llod\u00e1mmal?<\/a><\/li><li class='ez-toc-page-1 ez-toc-heading-level-3'><a class=\"ez-toc-link ez-toc-heading-47\" href=\"https:\/\/loudavymkrokem.cz\/hu\/toszkana-szallas-tippek\/#Megeri_videki_agriturismokon_megszallni\" >Meg\u00e9ri vid\u00e9ki agriturismokon megsz\u00e1llni?<\/a><\/li><li class='ez-toc-page-1 ez-toc-heading-level-3'><a class=\"ez-toc-link ez-toc-heading-48\" href=\"https:\/\/loudavymkrokem.cz\/hu\/toszkana-szallas-tippek\/#Fizetni_kell_a_szallodakban_meg_tovabbi_dijakat\" >Fizetni kell a sz\u00e1llod\u00e1kban m\u00e9g tov\u00e1bbi d\u00edjakat?<\/a><\/li><\/ul><\/li><\/ul><\/nav><\/div>\n<h3 class=\"wp-block-heading\"><span class=\"ez-toc-section\" id=\"Osszefoglalas_azoknak_akiknek_nincs_idejuk_vegigolvasni_a_cikket\"><\/span>\u00d6sszefoglal\u00e1s azoknak, akiknek nincs idej\u00fck v\u00e9gigolvasni a cikket<span class=\"ez-toc-section-end\"><\/span><\/h3>\n\n\n\n<ul class=\"wp-block-list\">\n\n<li>  <strong>H\u00e1rom f\u0151 kateg\u00f3ria:<\/strong> A cikkben olcs\u00f3 v\u00e1rosi hotelekre, autentikus vid\u00e9ki gazdas\u00e1gokra \u00e9s luxus butiksz\u00e1ll\u00e1sokra osztott tippeket tal\u00e1lsz.<\/li>\n\n\n\n<li>  <strong>Titkos sp\u00f3rol\u00e1si tipp:<\/strong> Siena sokkal jobb \u00e1r-\u00e9rt\u00e9k ar\u00e1nyt k\u00edn\u00e1l, mint Firenze, r\u00e1ad\u00e1sul strat\u00e9giailag k\u00f6zelebb fekszik a vid\u00e9khez.<\/li>\n\n\n\n<li>  <strong>T\u00e1j\u00e9koztat\u00f3 \u00e1rak:<\/strong> Az egyszer\u0171, tiszta szob\u00e1kat nagyj\u00e1b\u00f3l 55 \u20ac-t\u00f3l kapod, a sz\u00e9p vid\u00e9ki gazdas\u00e1gok 150 \u20ac k\u00f6r\u00fcl mozognak, a luxuspalot\u00e1k pedig t\u00f6bb sz\u00e1z eur\u00f3ig k\u00fasznak \u00e9jszak\u00e1nk\u00e9nt.<\/li>\n\n\n\n<li>  <strong>Vigy\u00e1zz a ZTL-lel:<\/strong> A t\u00f6rt\u00e9nelmi belv\u00e1rosokban korl\u00e1tozott behajt\u00e1s\u00fa z\u00f3n\u00e1k vannak, \u00edgy ha a hotelnek nincs saj\u00e1t parkol\u00f3ja, <strong>a gar\u00e1zs\u00e9rt napi 15\u201325 \u20ac fel\u00e1rat fizetsz<\/strong>.<\/li>\n\n\n\n<li>  <strong>A medenc\u00e9k szezonalit\u00e1sa:<\/strong> A gazdas\u00e1gok szabadt\u00e9ri medenc\u00e9i \u00e1ltal\u00e1ban csak j\u00faniust\u00f3l szeptemberig \u00fczemelnek, szezonon k\u00edv\u00fcl gyakran leengedik \u0151ket.<\/li>\n\n\n\n<li>  <strong>Mikor foglalj:<\/strong> A legszebb vid\u00e9ki vill\u00e1k \u00e9s medenc\u00e9s gazdas\u00e1gok a ny\u00e1ri h\u00f3napokra ak\u00e1r <strong>f\u00e9l \u00e9vvel kor\u00e1bban<\/strong> is elfogynak.<\/li>\n\n\n\n<li>  <strong>F\u0151 tipp:<\/strong> Ha aut\u00f3val m\u00e9sz, v\u00e1lassz a v\u00e1rosfalakon k\u00edv\u00fcli vagy egyenesen vid\u00e9ki sz\u00e1ll\u00e1st, sok parkol\u00e1si stresszt megsp\u00f3rolsz vele.<\/li>\n\n\n<\/ul>\n\n\n\n<figure data-wp-context=\"{&quot;imageId&quot;:&quot;6a95408ce05cb&quot;}\" data-wp-interactive=\"core\/image\" data-wp-key=\"6a95408ce05cb\" class=\"wp-block-image size-full wp-lightbox-container\"><img decoding=\"async\" width=\"1800\" height=\"1200\" data-wp-class--hide=\"state.isContentHidden\" data-wp-class--show=\"state.isContentVisible\" data-wp-init=\"callbacks.setButtonStyles\" data-wp-on--click=\"actions.showLightbox\" data-wp-on--load=\"callbacks.setButtonStyles\" data-wp-on--pointerdown=\"actions.preloadImage\" data-wp-on--pointerenter=\"actions.preloadImageWithDelay\" data-wp-on--pointerleave=\"actions.cancelPreload\" data-wp-on-window--resize=\"callbacks.setButtonStyles\" src=\"https:\/\/loudavymkrokem.cz\/wp-content\/uploads\/2026\/08\/toskansko-clanky-ubytovani-toskansko-02.jpg\" alt=\"Egy olasz hotel recepci\u00f3ja\" class=\"wp-image-394988\" title=\"\" srcset=\"https:\/\/loudavymkrokem.cz\/wp-content\/uploads\/2026\/08\/toskansko-clanky-ubytovani-toskansko-02.jpg 1800w, https:\/\/loudavymkrokem.cz\/wp-content\/uploads\/2026\/08\/toskansko-clanky-ubytovani-toskansko-02-300x200.jpg 300w, https:\/\/loudavymkrokem.cz\/wp-content\/uploads\/2026\/08\/toskansko-clanky-ubytovani-toskansko-02-700x467.jpg 700w, https:\/\/loudavymkrokem.cz\/wp-content\/uploads\/2026\/08\/toskansko-clanky-ubytovani-toskansko-02-768x512.jpg 768w, https:\/\/loudavymkrokem.cz\/wp-content\/uploads\/2026\/08\/toskansko-clanky-ubytovani-toskansko-02-1536x1024.jpg 1536w, https:\/\/loudavymkrokem.cz\/wp-content\/uploads\/2026\/08\/toskansko-clanky-ubytovani-toskansko-02-696x464.jpg 696w, https:\/\/loudavymkrokem.cz\/wp-content\/uploads\/2026\/08\/toskansko-clanky-ubytovani-toskansko-02-1392x928.jpg 1392w\" sizes=\"(max-width: 1800px) 100vw, 1800px\" \/><button\n\t\t\tclass=\"lightbox-trigger\"\n\t\t\ttype=\"button\"\n\t\t\taria-haspopup=\"dialog\"\n\t\t\tdata-wp-bind--aria-label=\"state.thisImage.triggerButtonAriaLabel\"\n\t\t\tdata-wp-init=\"callbacks.initTriggerButton\"\n\t\t\tdata-wp-on--click=\"actions.showLightbox\"\n\t\t\tdata-wp-style--right=\"state.thisImage.buttonRight\"\n\t\t\tdata-wp-style--top=\"state.thisImage.buttonTop\"\n\t\t>\n\t\t\t<svg xmlns=\"http:\/\/www.w3.org\/2000\/svg\" width=\"12\" height=\"12\" fill=\"none\" viewBox=\"0 0 12 12\">\n\t\t\t\t<path fill=\"#fff\" d=\"M2 0a2 2 0 0 0-2 2v2h1.5V2a.5.5 0 0 1 .5-.5h2V0H2Zm2 10.5H2a.5.5 0 0 1-.5-.5V8H0v2a2 2 0 0 0 2 2h2v-1.5ZM8 12v-1.5h2a.5.5 0 0 0 .5-.5V8H12v2a2 2 0 0 1-2 2H8Zm2-12a2 2 0 0 1 2 2v2h-1.5V2a.5.5 0 0 0-.5-.5H8V0h2Z\" \/>\n\t\t\t<\/svg>\n\t\t<\/button><\/figure>\n\n\n\n<h2 class=\"wp-block-heading\"><span class=\"ez-toc-section\" id=\"Harom_dontes_ami_meghatarozza_mennyit_fizetsz\"><\/span>H\u00e1rom d\u00f6nt\u00e9s, ami meghat\u00e1rozza, mennyit fizetsz<span class=\"ez-toc-section-end\"><\/span><\/h2>\n\n\n\n<p class=\"wp-block-paragraph\">Miel\u0151tt egy\u00e1ltal\u00e1n elkezden\u00e9d b\u00f6ng\u00e9szni a konkr\u00e9t hoteleket, \u00e9rdemes tiszt\u00e1zni az utaz\u00e1si st\u00edlusodat, mert <strong>a v\u00e1ros \u00e9s a vid\u00e9k k\u00f6z\u00f6tti v\u00e1laszt\u00e1s alapjaiban befoly\u00e1solja a k\u00f6lts\u00e9gvet\u00e9sedet<\/strong>. A v\u00e1rosban az\u00e9rt a luxus\u00e9rt fizetsz, hogy minden l\u00e1tnival\u00f3 \u00e9s \u00e9tterem s\u00e9tat\u00e1vols\u00e1gon bel\u00fcl legyen. Ez \u00f3ri\u00e1si id\u0151megtakar\u00edt\u00e1st jelent, \u00e9s lehet\u0151v\u00e9 teszi, hogy fuvar szervez\u00e9se n\u00e9lk\u00fcl \u00e9lvezd az esti hangulatot. Vid\u00e9ken viszont az abszol\u00fat nyugalom\u00e9rt, a v\u00e9gtelen t\u00e9r\u00e9rt \u00e9s a saj\u00e1t medenc\u00e9\u00e9rt fizetsz, de <strong>b\u00e9relt aut\u00f3 n\u00e9lk\u00fcl szinte sehov\u00e1 nem jutsz el<\/strong>, ami \u00fajabb, nem elhanyagolhat\u00f3 t\u00e9tel a b\u00fcdzs\u00e9ben.<\/p>\n\n\n\n<p class=\"wp-block-paragraph\">A m\u00e1sodik nagy csapda a t\u00f6rt\u00e9nelmi v\u00e1rosok falai \u00e9s az \u00fagynevezett ZTL, vagyis a Zona Traffico Limitato z\u00f3n\u00e1k. Ha tal\u00e1lsz egy sz\u00e9p \u00e9s olcs\u00f3 panzi\u00f3t a f\u0151t\u00e9ren, de aut\u00f3val utazol, kellemetlen meglepet\u00e9s v\u00e1r r\u00e1d. A k\u00f6zpontba val\u00f3 behajt\u00e1st speci\u00e1lis enged\u00e9ly n\u00e9lk\u00fcl a kamerarendszer szigor\u00faan b\u00fcnteti. <strong>A v\u00e1rosfalon k\u00edv\u00fcli gar\u00e1zs \u00fajabb napi 15\u201325 \u20ac-ba ker\u00fcl<\/strong>, amir\u0151l sok turista megfeledkezik. A k\u00f6zponthoz k\u00f6zeli, saj\u00e1t ingyenes parkol\u00f3val rendelkez\u0151 sz\u00e1ll\u00e1s \u00edgy paradox m\u00f3don gyakran sokkal olcs\u00f3bb, m\u00e9g ha a szoba \u00e1ra els\u0151 pillant\u00e1sra egy hajsz\u00e1lnyival magasabbnak is t\u0171nik.<\/p>\n\n\n\n<p class=\"wp-block-paragraph\">A harmadik \u00e9s teljesen meghat\u00e1roz\u00f3 t\u00e9nyez\u0151 az \u00e9vszak, amikor a nyaral\u00e1sodat id\u0151z\u00edted. <strong>A j\u00falius, az augusztus, \u00e9s k\u00fcl\u00f6n\u00f6sen az olasz Ferragosto \u00fcnnep k\u00f6r\u00fcli id\u0151szak, amely augusztus 15-re esik<\/strong>, t\u00f6rt\u00e9nelmi cs\u00facsra sr\u00f3folja az \u00e1rakat. A kereslet ilyenkor j\u00f3val meghaladja a k\u00edn\u00e1latot, \u00e9s a hoteltulajdonosok ezt nagyon j\u00f3l tudj\u00e1k. Ha \u00e1prilis, m\u00e1jus vagy \u00e9ppen okt\u00f3ber folyam\u00e1n tudsz indulni, nemcsak hogy ugyanaz\u00e9rt a szob\u00e1\u00e9rt ak\u00e1r harmad\u00e1val kevesebbet fizetsz, de elker\u00fcl\u00f6d a legsz\u00f6rny\u0171bb t\u00f6megeket \u00e9s a f\u00e1raszt\u00f3 ny\u00e1ri h\u0151s\u00e9get is.<\/p>\n\n\n\n<figure data-wp-context=\"{&quot;imageId&quot;:&quot;6a95408ce09c9&quot;}\" data-wp-interactive=\"core\/image\" data-wp-key=\"6a95408ce09c9\" class=\"wp-block-image size-full wp-lightbox-container\"><img decoding=\"async\" width=\"1800\" height=\"1200\" data-wp-class--hide=\"state.isContentHidden\" data-wp-class--show=\"state.isContentVisible\" data-wp-init=\"callbacks.setButtonStyles\" data-wp-on--click=\"actions.showLightbox\" data-wp-on--load=\"callbacks.setButtonStyles\" data-wp-on--pointerdown=\"actions.preloadImage\" data-wp-on--pointerenter=\"actions.preloadImageWithDelay\" data-wp-on--pointerleave=\"actions.cancelPreload\" data-wp-on-window--resize=\"callbacks.setButtonStyles\" src=\"https:\/\/loudavymkrokem.cz\/wp-content\/uploads\/2026\/08\/toskansko-clanky-ubytovani-toskansko-03.jpg\" alt=\"K\u0151utca egy toszk\u00e1n kisv\u00e1rosban\" class=\"wp-image-394989\" title=\"\" srcset=\"https:\/\/loudavymkrokem.cz\/wp-content\/uploads\/2026\/08\/toskansko-clanky-ubytovani-toskansko-03.jpg 1800w, https:\/\/loudavymkrokem.cz\/wp-content\/uploads\/2026\/08\/toskansko-clanky-ubytovani-toskansko-03-300x200.jpg 300w, https:\/\/loudavymkrokem.cz\/wp-content\/uploads\/2026\/08\/toskansko-clanky-ubytovani-toskansko-03-700x467.jpg 700w, https:\/\/loudavymkrokem.cz\/wp-content\/uploads\/2026\/08\/toskansko-clanky-ubytovani-toskansko-03-768x512.jpg 768w, https:\/\/loudavymkrokem.cz\/wp-content\/uploads\/2026\/08\/toskansko-clanky-ubytovani-toskansko-03-1536x1024.jpg 1536w, https:\/\/loudavymkrokem.cz\/wp-content\/uploads\/2026\/08\/toskansko-clanky-ubytovani-toskansko-03-696x464.jpg 696w, https:\/\/loudavymkrokem.cz\/wp-content\/uploads\/2026\/08\/toskansko-clanky-ubytovani-toskansko-03-1392x928.jpg 1392w\" sizes=\"(max-width: 1800px) 100vw, 1800px\" \/><button\n\t\t\tclass=\"lightbox-trigger\"\n\t\t\ttype=\"button\"\n\t\t\taria-haspopup=\"dialog\"\n\t\t\tdata-wp-bind--aria-label=\"state.thisImage.triggerButtonAriaLabel\"\n\t\t\tdata-wp-init=\"callbacks.initTriggerButton\"\n\t\t\tdata-wp-on--click=\"actions.showLightbox\"\n\t\t\tdata-wp-style--right=\"state.thisImage.buttonRight\"\n\t\t\tdata-wp-style--top=\"state.thisImage.buttonTop\"\n\t\t>\n\t\t\t<svg xmlns=\"http:\/\/www.w3.org\/2000\/svg\" width=\"12\" height=\"12\" fill=\"none\" viewBox=\"0 0 12 12\">\n\t\t\t\t<path fill=\"#fff\" d=\"M2 0a2 2 0 0 0-2 2v2h1.5V2a.5.5 0 0 1 .5-.5h2V0H2Zm2 10.5H2a.5.5 0 0 1-.5-.5V8H0v2a2 2 0 0 0 2 2h2v-1.5ZM8 12v-1.5h2a.5.5 0 0 0 .5-.5V8H12v2a2 2 0 0 1-2 2H8Zm2-12a2 2 0 0 1 2 2v2h-1.5V2a.5.5 0 0 0-.5-.5H8V0h2Z\" \/>\n\t\t\t<\/svg>\n\t\t<\/button><\/figure>\n\n\n\n<h2 class=\"wp-block-heading\"><span class=\"ez-toc-section\" id=\"Olcso_szallas_Toszkanaban\"><\/span>Olcs\u00f3 sz\u00e1ll\u00e1s Toszk\u00e1n\u00e1ban<span class=\"ez-toc-section-end\"><\/span><\/h2>\n\n\n\n<p class=\"wp-block-paragraph\">Ha korl\u00e1tozott a b\u00fcdzs\u00e9d, \u00e9s ink\u00e1bb akt\u00edvan szeretn\u00e9d megismerni a r\u00e9gi\u00f3t, mintsem eg\u00e9sz nap a medenc\u00e9n\u00e9l hever\u00e9szni, akkor <strong>a sienai v\u00e1rosi hotelek a legjobb v\u00e1laszt\u00e1s<\/strong>. Remek k\u00e9nyelmet k\u00edn\u00e1lnak, \u00e9s az ir\u00e1ny\u00e1rak itt gyakran olyan \u00f6sszegen kezd\u0151dnek, amennyi\u00e9rt Firenz\u00e9ben alig kapn\u00e1l egy \u00e1gyat egy k\u00f6z\u00f6s szob\u00e1ban. Csak arra eml\u00e9kezz, hogy <strong>a felt\u00fcntetett \u00e1rak t\u00e1j\u00e9koztat\u00f3 kiindul\u00e1si \u00f6sszegek<\/strong>, \u00e9s a ny\u00e1ri f\u0151szezonban jelent\u0151sen elt\u00e9rhetnek.<\/p>\n\n\n\n<figure data-wp-context=\"{&quot;imageId&quot;:&quot;6a95408ce0d72&quot;}\" data-wp-interactive=\"core\/image\" data-wp-key=\"6a95408ce0d72\" class=\"wp-block-image size-full wp-lightbox-container\"><img decoding=\"async\" width=\"1800\" height=\"1200\" data-wp-class--hide=\"state.isContentHidden\" data-wp-class--show=\"state.isContentVisible\" data-wp-init=\"callbacks.setButtonStyles\" data-wp-on--click=\"actions.showLightbox\" data-wp-on--load=\"callbacks.setButtonStyles\" data-wp-on--pointerdown=\"actions.preloadImage\" data-wp-on--pointerenter=\"actions.preloadImageWithDelay\" data-wp-on--pointerleave=\"actions.cancelPreload\" data-wp-on-window--resize=\"callbacks.setButtonStyles\" src=\"https:\/\/loudavymkrokem.cz\/wp-content\/uploads\/2026\/08\/ubytovani-toskansko-levny-pokoj.jpg\" alt=\"Egyszer\u0171 szoba egy olcs\u00f3 hotelben\" class=\"wp-image-395109\" title=\"\" srcset=\"https:\/\/loudavymkrokem.cz\/wp-content\/uploads\/2026\/08\/ubytovani-toskansko-levny-pokoj.jpg 1800w, https:\/\/loudavymkrokem.cz\/wp-content\/uploads\/2026\/08\/ubytovani-toskansko-levny-pokoj-300x200.jpg 300w, https:\/\/loudavymkrokem.cz\/wp-content\/uploads\/2026\/08\/ubytovani-toskansko-levny-pokoj-700x467.jpg 700w, https:\/\/loudavymkrokem.cz\/wp-content\/uploads\/2026\/08\/ubytovani-toskansko-levny-pokoj-768x512.jpg 768w, https:\/\/loudavymkrokem.cz\/wp-content\/uploads\/2026\/08\/ubytovani-toskansko-levny-pokoj-1536x1024.jpg 1536w, https:\/\/loudavymkrokem.cz\/wp-content\/uploads\/2026\/08\/ubytovani-toskansko-levny-pokoj-696x464.jpg 696w, https:\/\/loudavymkrokem.cz\/wp-content\/uploads\/2026\/08\/ubytovani-toskansko-levny-pokoj-1392x928.jpg 1392w\" sizes=\"(max-width: 1800px) 100vw, 1800px\" \/><button\n\t\t\tclass=\"lightbox-trigger\"\n\t\t\ttype=\"button\"\n\t\t\taria-haspopup=\"dialog\"\n\t\t\tdata-wp-bind--aria-label=\"state.thisImage.triggerButtonAriaLabel\"\n\t\t\tdata-wp-init=\"callbacks.initTriggerButton\"\n\t\t\tdata-wp-on--click=\"actions.showLightbox\"\n\t\t\tdata-wp-style--right=\"state.thisImage.buttonRight\"\n\t\t\tdata-wp-style--top=\"state.thisImage.buttonTop\"\n\t\t>\n\t\t\t<svg xmlns=\"http:\/\/www.w3.org\/2000\/svg\" width=\"12\" height=\"12\" fill=\"none\" viewBox=\"0 0 12 12\">\n\t\t\t\t<path fill=\"#fff\" d=\"M2 0a2 2 0 0 0-2 2v2h1.5V2a.5.5 0 0 1 .5-.5h2V0H2Zm2 10.5H2a.5.5 0 0 1-.5-.5V8H0v2a2 2 0 0 0 2 2h2v-1.5ZM8 12v-1.5h2a.5.5 0 0 0 .5-.5V8H12v2a2 2 0 0 1-2 2H8Zm2-12a2 2 0 0 1 2 2v2h-1.5V2a.5.5 0 0 0-.5-.5H8V0h2Z\" \/>\n\t\t\t<\/svg>\n\t\t<\/button><\/figure>\n\n\n\n<h3 class=\"wp-block-heading\"><span class=\"ez-toc-section\" id=\"1_Hotel_Duomo\"><\/span>1. Hotel Duomo<span class=\"ez-toc-section-end\"><\/span><\/h3>\n\n\n\n<p class=\"wp-block-paragraph\">Siena t\u00f6rt\u00e9nelmi k\u00f6zpontj\u00e1nak sz\u00edv\u00e9ben tal\u00e1lod ezt a kisebb hotelt, amely t\u00f6k\u00e9letes <strong>kiindul\u00f3pont a v\u00e1ros gyalogos felfedez\u00e9s\u00e9hez<\/strong>. A vend\u00e9gek az \u00e9rt\u00e9kel\u00e9sekben legink\u00e1bb a Piazza del Campo f\u0151t\u00e9rhez k\u00f6zeli fantasztikus fekv\u00e9st \u00e9s a rendk\u00edv\u00fcl seg\u00edt\u0151k\u00e9sz szem\u00e9lyzetet dics\u00e9rik. Ha szeretn\u00e9d a reggeli k\u00e1v\u00e9dat az \u00f3don sik\u00e1torokra n\u00e9z\u0151 kil\u00e1t\u00e1ssal elfogyasztani, itt j\u00f3 helyen j\u00e1rsz. A sz\u00e1ll\u00e1s a Bookingon szolid, 8,2\/10-es \u00e9rt\u00e9kel\u00e9st kapott t\u00f6bb mint h\u00e1romezer v\u00e9lem\u00e9ny alapj\u00e1n, ami stabil min\u0151s\u00e9g\u00e9r\u0151l \u00e9s n\u00e9pszer\u0171s\u00e9g\u00e9r\u0151l tan\u00faskodik.<\/p>\n\n\n\n<p class=\"wp-block-paragraph\">Ha megfizethet\u0151 sz\u00e1ll\u00e1st keresel, <strong>az ir\u00e1ny\u00e1rak itt nagyj\u00e1b\u00f3l 55\u201380 \u20ac k\u00f6z\u00f6tt indulnak \u00e9jszak\u00e1nk\u00e9nt<\/strong>. Egy ennyire n\u00e9pszer\u0171 toszk\u00e1n v\u00e1ros k\u00f6zpontj\u00e1ban ez hihetetlen aj\u00e1nlat, amit m\u00e1shol nehezen tal\u00e1lsz. Sz\u00e1molnod kell viszont azzal, hogy a szob\u00e1k ink\u00e1bb kisebbek \u00e9s t\u00e9nyleg csak funkcion\u00e1lisan berendezettek. Azok az utaz\u00f3k sz\u00e1m\u00e1ra viszont, akik eg\u00e9sz nap kint vannak a l\u00e1tnival\u00f3k k\u00f6z\u00f6tt, \u00e9s a hotelbe gyakorlatilag csak aludni j\u00e1rnak vissza, ez teljesen t\u00f6k\u00e9letes \u00e9s logikus v\u00e1laszt\u00e1s.<\/p>\n\n\n\n<p class=\"wp-block-paragraph\">\ud83d\udca1 <strong>Tipp aut\u00f3soknak:<\/strong> A szigor\u00faan v\u00e9dett ZTL-z\u00f3n\u00e1ban l\u00e9v\u0151 fekv\u00e9s miatt semmik\u00e9pp ne aut\u00f3zz ide. Sokkal jobb, ha a v\u00e1rosfalon k\u00edv\u00fcli parkol\u00f3k valamelyik\u00e9ben le\u00e1llsz, \u00e9s gyalog m\u00e9sz a hotelhez, esetleg haszn\u00e1ld a helyi t\u00f6megk\u00f6zleked\u00e9st.<\/p>\n\n\n\n<figure data-wp-context=\"{&quot;imageId&quot;:&quot;6a95408ce1193&quot;}\" data-wp-interactive=\"core\/image\" data-wp-key=\"6a95408ce1193\" class=\"wp-block-image size-full wp-lightbox-container\"><img decoding=\"async\" width=\"1800\" height=\"1200\" data-wp-class--hide=\"state.isContentHidden\" data-wp-class--show=\"state.isContentVisible\" data-wp-init=\"callbacks.setButtonStyles\" data-wp-on--click=\"actions.showLightbox\" data-wp-on--load=\"callbacks.setButtonStyles\" data-wp-on--pointerdown=\"actions.preloadImage\" data-wp-on--pointerenter=\"actions.preloadImageWithDelay\" data-wp-on--pointerleave=\"actions.cancelPreload\" data-wp-on-window--resize=\"callbacks.setButtonStyles\" src=\"https:\/\/loudavymkrokem.cz\/wp-content\/uploads\/2026\/08\/toskansko-clanky-ubytovani-toskansko-05.jpg\" alt=\"Tiszta szoba egy k\u00f6z\u00e9pkateg\u00f3ri\u00e1s hotelben\" class=\"wp-image-394991\" title=\"\" srcset=\"https:\/\/loudavymkrokem.cz\/wp-content\/uploads\/2026\/08\/toskansko-clanky-ubytovani-toskansko-05.jpg 1800w, https:\/\/loudavymkrokem.cz\/wp-content\/uploads\/2026\/08\/toskansko-clanky-ubytovani-toskansko-05-300x200.jpg 300w, https:\/\/loudavymkrokem.cz\/wp-content\/uploads\/2026\/08\/toskansko-clanky-ubytovani-toskansko-05-700x467.jpg 700w, https:\/\/loudavymkrokem.cz\/wp-content\/uploads\/2026\/08\/toskansko-clanky-ubytovani-toskansko-05-768x512.jpg 768w, https:\/\/loudavymkrokem.cz\/wp-content\/uploads\/2026\/08\/toskansko-clanky-ubytovani-toskansko-05-1536x1024.jpg 1536w, https:\/\/loudavymkrokem.cz\/wp-content\/uploads\/2026\/08\/toskansko-clanky-ubytovani-toskansko-05-696x464.jpg 696w, https:\/\/loudavymkrokem.cz\/wp-content\/uploads\/2026\/08\/toskansko-clanky-ubytovani-toskansko-05-1392x928.jpg 1392w\" sizes=\"(max-width: 1800px) 100vw, 1800px\" \/><button\n\t\t\tclass=\"lightbox-trigger\"\n\t\t\ttype=\"button\"\n\t\t\taria-haspopup=\"dialog\"\n\t\t\tdata-wp-bind--aria-label=\"state.thisImage.triggerButtonAriaLabel\"\n\t\t\tdata-wp-init=\"callbacks.initTriggerButton\"\n\t\t\tdata-wp-on--click=\"actions.showLightbox\"\n\t\t\tdata-wp-style--right=\"state.thisImage.buttonRight\"\n\t\t\tdata-wp-style--top=\"state.thisImage.buttonTop\"\n\t\t>\n\t\t\t<svg xmlns=\"http:\/\/www.w3.org\/2000\/svg\" width=\"12\" height=\"12\" fill=\"none\" viewBox=\"0 0 12 12\">\n\t\t\t\t<path fill=\"#fff\" d=\"M2 0a2 2 0 0 0-2 2v2h1.5V2a.5.5 0 0 1 .5-.5h2V0H2Zm2 10.5H2a.5.5 0 0 1-.5-.5V8H0v2a2 2 0 0 0 2 2h2v-1.5ZM8 12v-1.5h2a.5.5 0 0 0 .5-.5V8H12v2a2 2 0 0 1-2 2H8Zm2-12a2 2 0 0 1 2 2v2h-1.5V2a.5.5 0 0 0-.5-.5H8V0h2Z\" \/>\n\t\t\t<\/svg>\n\t\t<\/button><\/figure>\n\n\n\n<p class=\"wp-block-paragraph\">\ud83d\udc49 <strong>Foglal\u00e1s:<\/strong> <a href=\"https:\/\/www.stay22.com\/allez\/roam?aid=lukaskonecny&#038;campaign=ubytovani-toskansko&#038;hotelname=Hotel+Duomo&#038;address=Siena%2C+It%C3%A1lie\" target=\"_blank\" rel=\"noopener nofollow sponsored\">El\u00e9rhet\u0151s\u00e9g \u00e9s \u00e1rak ellen\u0151rz\u00e9se \u2014 Hotel Duomo<\/a><\/p>\n\n\n\n<h3 class=\"wp-block-heading\"><span class=\"ez-toc-section\" id=\"2_Albergo_Chiusarelli\"><\/span>2. Albergo Chiusarelli<span class=\"ez-toc-section-end\"><\/span><\/h3>\n\n\n\n<p class=\"wp-block-paragraph\">Ez a gy\u00f6ny\u00f6r\u0171, klasszicista villa Siena f\u0151 l\u00e1tnival\u00f3it\u00f3l alig p\u00e1r l\u00e9p\u00e9sre fekszik, \u00e9s <strong>hatalmas el\u0151nye, hogy k\u00f6nnyen megk\u00f6zel\u00edthet\u0151 a buszp\u00e1lyaudvarr\u00f3l<\/strong>. Az utaz\u00f3k az \u00e9rt\u00e9kel\u00e9sekben nagyon dics\u00e9rik a b\u0151s\u00e9ges reggeliket \u00e9s mag\u00e1nak az \u00e9p\u00fcletnek a t\u00f6rt\u00e9nelmi hangulat\u00e1t, amely azonnal mag\u00e1val ragad az olasz nyugalommal. A buszp\u00e1lyaudvar k\u00f6zels\u00e9ge strat\u00e9giai pontt\u00e1 teszi azok sz\u00e1m\u00e1ra, akik egynapos kir\u00e1ndul\u00e1sokat terveznek a k\u00f6rnyez\u0151 kisv\u00e1rosokba, mint San Gimignano vagy Firenze, \u00e9s nem akarnak aut\u00f3t b\u00e9relni.<\/p>\n\n\n\n<p class=\"wp-block-paragraph\">Az \u00e9jszak\u00e1nk\u00e9nti ir\u00e1ny\u00e1rak itt <strong>nagyj\u00e1b\u00f3l 65 \u00e9s 90 \u20ac k\u00f6z\u00f6tt mozognak a szezont\u00f3l f\u00fcgg\u0151en<\/strong>. A Bookingon ez az elb\u0171v\u00f6l\u0151 hotel kiv\u00e1l\u00f3, 8,6\/10-es oszt\u00e1lyzattal b\u00fcszk\u00e9lkedhet, amelyet t\u00f6bb mint k\u00e9t\u00e9s f\u00e9l ezer el\u00e9gedett vend\u00e9g adott neki. A szob\u00e1k meg\u0151rzik hagyom\u00e1nyos jelleg\u00fcket a magas mennyezetekkel \u00e9s a klasszikus b\u00fatorzattal, teh\u00e1t ne v\u00e1rj hideg moderns\u00e9get, hanem ink\u00e1bb azt az \u00e9rz\u00e9st, hogy visszautazt\u00e1l az id\u0151ben a m\u00falt sz\u00e1zadba.<\/p>\n\n\n\n<p class=\"wp-block-paragraph\">\ud83d\udca1 <strong>Tipp kir\u00e1ndul\u00e1sokhoz:<\/strong> Ha itt sz\u00e1llsz meg, mindenk\u00e9pp haszn\u00e1ld a Firenz\u00e9be tart\u00f3 k\u00f6zvetlen buszj\u00e1ratot. Az \u00fat valamivel t\u00f6bb mint egy \u00f3ra, a jegy p\u00e1r eur\u00f3, \u00e9s \u00edgy elker\u00fcl\u00f6d a teljesen \u0151r\u00fclt firenzei forgalmat \u00e9s a dr\u00e1ga parkol\u00e1st.<\/p>\n\n\n\n<figure data-wp-context=\"{&quot;imageId&quot;:&quot;6a95408ce17ef&quot;}\" data-wp-interactive=\"core\/image\" data-wp-key=\"6a95408ce17ef\" class=\"wp-block-image size-full wp-lightbox-container\"><img decoding=\"async\" width=\"1800\" height=\"1200\" data-wp-class--hide=\"state.isContentHidden\" data-wp-class--show=\"state.isContentVisible\" data-wp-init=\"callbacks.setButtonStyles\" data-wp-on--click=\"actions.showLightbox\" data-wp-on--load=\"callbacks.setButtonStyles\" data-wp-on--pointerdown=\"actions.preloadImage\" data-wp-on--pointerenter=\"actions.preloadImageWithDelay\" data-wp-on--pointerleave=\"actions.cancelPreload\" data-wp-on-window--resize=\"callbacks.setButtonStyles\" src=\"https:\/\/loudavymkrokem.cz\/wp-content\/uploads\/2026\/08\/ubytovani-toskansko-pokoj-balkon.jpg\" alt=\"Vil\u00e1gos szoba erk\u00e9llyel \u00e9s zsalug\u00e1terrel\" class=\"wp-image-395110\" title=\"\" srcset=\"https:\/\/loudavymkrokem.cz\/wp-content\/uploads\/2026\/08\/ubytovani-toskansko-pokoj-balkon.jpg 1800w, https:\/\/loudavymkrokem.cz\/wp-content\/uploads\/2026\/08\/ubytovani-toskansko-pokoj-balkon-300x200.jpg 300w, https:\/\/loudavymkrokem.cz\/wp-content\/uploads\/2026\/08\/ubytovani-toskansko-pokoj-balkon-700x467.jpg 700w, https:\/\/loudavymkrokem.cz\/wp-content\/uploads\/2026\/08\/ubytovani-toskansko-pokoj-balkon-768x512.jpg 768w, https:\/\/loudavymkrokem.cz\/wp-content\/uploads\/2026\/08\/ubytovani-toskansko-pokoj-balkon-1536x1024.jpg 1536w, https:\/\/loudavymkrokem.cz\/wp-content\/uploads\/2026\/08\/ubytovani-toskansko-pokoj-balkon-696x464.jpg 696w, https:\/\/loudavymkrokem.cz\/wp-content\/uploads\/2026\/08\/ubytovani-toskansko-pokoj-balkon-1392x928.jpg 1392w\" sizes=\"(max-width: 1800px) 100vw, 1800px\" \/><button\n\t\t\tclass=\"lightbox-trigger\"\n\t\t\ttype=\"button\"\n\t\t\taria-haspopup=\"dialog\"\n\t\t\tdata-wp-bind--aria-label=\"state.thisImage.triggerButtonAriaLabel\"\n\t\t\tdata-wp-init=\"callbacks.initTriggerButton\"\n\t\t\tdata-wp-on--click=\"actions.showLightbox\"\n\t\t\tdata-wp-style--right=\"state.thisImage.buttonRight\"\n\t\t\tdata-wp-style--top=\"state.thisImage.buttonTop\"\n\t\t>\n\t\t\t<svg xmlns=\"http:\/\/www.w3.org\/2000\/svg\" width=\"12\" height=\"12\" fill=\"none\" viewBox=\"0 0 12 12\">\n\t\t\t\t<path fill=\"#fff\" d=\"M2 0a2 2 0 0 0-2 2v2h1.5V2a.5.5 0 0 1 .5-.5h2V0H2Zm2 10.5H2a.5.5 0 0 1-.5-.5V8H0v2a2 2 0 0 0 2 2h2v-1.5ZM8 12v-1.5h2a.5.5 0 0 0 .5-.5V8H12v2a2 2 0 0 1-2 2H8Zm2-12a2 2 0 0 1 2 2v2h-1.5V2a.5.5 0 0 0-.5-.5H8V0h2Z\" \/>\n\t\t\t<\/svg>\n\t\t<\/button><\/figure>\n\n\n\n<p class=\"wp-block-paragraph\">\ud83d\udc49 <strong>Foglal\u00e1s:<\/strong> <a href=\"https:\/\/www.stay22.com\/allez\/roam?aid=lukaskonecny&#038;campaign=ubytovani-toskansko&#038;hotelname=Albergo+Chiusarelli&#038;address=Siena%2C+It%C3%A1lie\" target=\"_blank\" rel=\"noopener nofollow sponsored\">El\u00e9rhet\u0151s\u00e9g \u00e9s \u00e1rak ellen\u0151rz\u00e9se \u2014 Albergo Chiusarelli<\/a><\/p>\n\n\n\n<h3 class=\"wp-block-heading\"><span class=\"ez-toc-section\" id=\"3_La_Villa\"><\/span>3. La Villa<span class=\"ez-toc-section-end\"><\/span><\/h3>\n\n\n\n<p class=\"wp-block-paragraph\">Ha valami kicsit csendesebbet keresel, ez a hangulatos panzi\u00f3 egy t\u00f6rt\u00e9nelmi \u00e9p\u00fcletben helyezkedik el Siena k\u00f6zpontj\u00e1hoz k\u00f6zel, \u00e9s <strong>gy\u00f6ny\u00f6r\u0171en berendezett szob\u00e1kat k\u00edn\u00e1l eredeti fagerend\u00e1kkal<\/strong>. A vend\u00e9g\u00e9rt\u00e9kel\u00e9sek gyakran eml\u00edtik a kifog\u00e1stalan tisztas\u00e1got \u00e9s a nagyon bar\u00e1ts\u00e1gos, csal\u00e1dias hangulatot, amelynek k\u00f6sz\u00f6nhet\u0151en itt otthon fogod \u00e9rezni magad. A tulajdonos h\u00f6lgy hatalmas gondoskod\u00e1ssal t\u00f6r\u0151dik a vend\u00e9geivel, \u00e9s sz\u00edvesen ad tan\u00e1csot a t\u00e9rk\u00e9p f\u00f6l\u00f6tt, hov\u00e1 menj a legjobb d\u00e9lut\u00e1ni k\u00e1v\u00e9\u00e9rt vagy esti poh\u00e1r bor\u00e9rt.<\/p>\n\n\n\n<p class=\"wp-block-paragraph\">\u00c9jszak\u00e1nk\u00e9nt <strong>t\u00e1j\u00e9koztat\u00f3 jelleggel 75 \u20ac-t\u00f3l fizetsz itt<\/strong>, ami remek kompromisszumm\u00e1 teszi a bar\u00e1ts\u00e1gos \u00e1r \u00e9s a magas min\u0151s\u00e9g\u0171 szolg\u00e1ltat\u00e1s k\u00f6z\u00f6tt. A Bookingon kiv\u00e1l\u00f3, 9,0\/10-es \u00e9rt\u00e9kel\u00e9ssel b\u00edr ezern\u00e9gysz\u00e1z l\u00e1togat\u00f3t\u00f3l. Pontosan az a fajta sz\u00e1ll\u00e1s, ahol nem n\u00e9vtelen hotelfolyos\u00f3kat tal\u00e1lsz, hanem nagyon szem\u00e9lyes hozz\u00e1\u00e1ll\u00e1st \u00e9s csendes k\u00f6rnyezetet, ami egy eg\u00e9sz napos, turist\u00e1k k\u00f6z\u00f6tti tolong\u00e1s ut\u00e1n felbecs\u00fclhetetlen.<\/p>\n\n\n\n<p class=\"wp-block-paragraph\">\ud83d\udca1 <strong>Tipp a foglal\u00e1shoz:<\/strong> A panzi\u00f3nak csak korl\u00e1tozott sz\u00e1m\u00fa szob\u00e1ja van, teh\u00e1t ha a tavaszi sz\u00fcnetre vagy szeptemberre tervezel j\u00f6nni, ink\u00e1bb ne halogasd a foglal\u00e1st. A bels\u0151 udvarra n\u00e9z\u0151 legszebb szob\u00e1k fogynak el els\u0151k\u00e9nt.<\/p>\n\n\n\n<figure data-wp-context=\"{&quot;imageId&quot;:&quot;6a95408ce201d&quot;}\" data-wp-interactive=\"core\/image\" data-wp-key=\"6a95408ce201d\" class=\"wp-block-image size-full wp-lightbox-container\"><img decoding=\"async\" width=\"1800\" height=\"1152\" data-wp-class--hide=\"state.isContentHidden\" data-wp-class--show=\"state.isContentVisible\" data-wp-init=\"callbacks.setButtonStyles\" data-wp-on--click=\"actions.showLightbox\" data-wp-on--load=\"callbacks.setButtonStyles\" data-wp-on--pointerdown=\"actions.preloadImage\" data-wp-on--pointerenter=\"actions.preloadImageWithDelay\" data-wp-on--pointerleave=\"actions.cancelPreload\" data-wp-on-window--resize=\"callbacks.setButtonStyles\" src=\"https:\/\/loudavymkrokem.cz\/wp-content\/uploads\/2026\/08\/toskansko-clanky-ubytovani-toskansko-07.jpg\" alt=\"Hangulatos szoba egy panzi\u00f3ban\" class=\"wp-image-394993\" title=\"\" srcset=\"https:\/\/loudavymkrokem.cz\/wp-content\/uploads\/2026\/08\/toskansko-clanky-ubytovani-toskansko-07.jpg 1800w, https:\/\/loudavymkrokem.cz\/wp-content\/uploads\/2026\/08\/toskansko-clanky-ubytovani-toskansko-07-300x192.jpg 300w, https:\/\/loudavymkrokem.cz\/wp-content\/uploads\/2026\/08\/toskansko-clanky-ubytovani-toskansko-07-700x448.jpg 700w, https:\/\/loudavymkrokem.cz\/wp-content\/uploads\/2026\/08\/toskansko-clanky-ubytovani-toskansko-07-768x492.jpg 768w, https:\/\/loudavymkrokem.cz\/wp-content\/uploads\/2026\/08\/toskansko-clanky-ubytovani-toskansko-07-1536x983.jpg 1536w, https:\/\/loudavymkrokem.cz\/wp-content\/uploads\/2026\/08\/toskansko-clanky-ubytovani-toskansko-07-696x445.jpg 696w, https:\/\/loudavymkrokem.cz\/wp-content\/uploads\/2026\/08\/toskansko-clanky-ubytovani-toskansko-07-1392x891.jpg 1392w\" sizes=\"(max-width: 1800px) 100vw, 1800px\" \/><button\n\t\t\tclass=\"lightbox-trigger\"\n\t\t\ttype=\"button\"\n\t\t\taria-haspopup=\"dialog\"\n\t\t\tdata-wp-bind--aria-label=\"state.thisImage.triggerButtonAriaLabel\"\n\t\t\tdata-wp-init=\"callbacks.initTriggerButton\"\n\t\t\tdata-wp-on--click=\"actions.showLightbox\"\n\t\t\tdata-wp-style--right=\"state.thisImage.buttonRight\"\n\t\t\tdata-wp-style--top=\"state.thisImage.buttonTop\"\n\t\t>\n\t\t\t<svg xmlns=\"http:\/\/www.w3.org\/2000\/svg\" width=\"12\" height=\"12\" fill=\"none\" viewBox=\"0 0 12 12\">\n\t\t\t\t<path fill=\"#fff\" d=\"M2 0a2 2 0 0 0-2 2v2h1.5V2a.5.5 0 0 1 .5-.5h2V0H2Zm2 10.5H2a.5.5 0 0 1-.5-.5V8H0v2a2 2 0 0 0 2 2h2v-1.5ZM8 12v-1.5h2a.5.5 0 0 0 .5-.5V8H12v2a2 2 0 0 1-2 2H8Zm2-12a2 2 0 0 1 2 2v2h-1.5V2a.5.5 0 0 0-.5-.5H8V0h2Z\" \/>\n\t\t\t<\/svg>\n\t\t<\/button><\/figure>\n\n\n\n<p class=\"wp-block-paragraph\">\ud83d\udc49 <strong>Foglal\u00e1s:<\/strong> <a href=\"https:\/\/www.stay22.com\/allez\/roam?aid=lukaskonecny&#038;campaign=ubytovani-toskansko&#038;hotelname=La+Villa&#038;address=Siena%2C+It%C3%A1lie\" target=\"_blank\" rel=\"noopener nofollow sponsored\">El\u00e9rhet\u0151s\u00e9g \u00e9s \u00e1rak ellen\u0151rz\u00e9se \u2014 La Villa<\/a><\/p>\n\n\n\n<h3 class=\"wp-block-heading\"><span class=\"ez-toc-section\" id=\"4_Hotel_Athena\"><\/span>4. Hotel Athena<span class=\"ez-toc-section-end\"><\/span><\/h3>\n\n\n\n<p class=\"wp-block-paragraph\">Ez a k\u00fcl\u00f6n\u00f6sen t\u00e1gas hotel a sienai v\u00e1rosfalakon bel\u00fcl \u00f3ri\u00e1si siker az aut\u00f3val \u00e9rkez\u0151 utaz\u00f3k k\u00f6r\u00e9ben, mert <strong>saj\u00e1t ingyenes parkol\u00f3t k\u00edn\u00e1l<\/strong>, ami a t\u00f6rt\u00e9nelmi k\u00f6zpontban abszol\u00fat ritkas\u00e1g. A vend\u00e9gek a z\u00f6kken\u0151mentes parkol\u00e1son k\u00edv\u00fcl nem gy\u0151zik dics\u00e9rni a csod\u00e1latos tet\u0151teraszt, ahonnan fenomen\u00e1lis kil\u00e1t\u00e1s ny\u00edlik a k\u00f6rnyez\u0151 toszk\u00e1n t\u00e1jra. K\u00fcl\u00f6n\u00f6sen napnyugtakor, amikor a v\u00f6lgyet el\u00f6nti az aranysz\u00edn\u0171 f\u00e9ny, egy\u00e1ltal\u00e1n nem fogsz akarni lej\u00f6nni a teraszr\u00f3l.<\/p>\n\n\n\n<p class=\"wp-block-paragraph\"><strong>Az ir\u00e1ny\u00e1rak nagyj\u00e1b\u00f3l 80 \u20ac-t\u00f3l kezd\u0151dnek \u00e9jszak\u00e1nk\u00e9nt<\/strong>, de tudnod kell, hogy val\u00f3j\u00e1ban rengeteg p\u00e9nzt sp\u00f3rolsz \u00e9ppen a dr\u00e1ga v\u00e1rosi gar\u00e1zsokon. A Bookingon l\u00e9v\u0151 t\u00f6bb mint h\u00e1romezer \u00e9rt\u00e9kel\u00e9sb\u0151l a hotel gy\u00f6ny\u00f6r\u0171, 9,0\/10-es pontsz\u00e1mot tart. A szob\u00e1k nagyon \u00edzl\u00e9sesen \u00e9s tiszt\u00e1n berendezettek, a hotel \u00e9tterme pedig kiv\u00e1l\u00f3 reggeliket szolg\u00e1l fel a helyi sajtok, p\u00e9k\u00e1ruk \u00e9s friss gy\u00fcm\u00f6lcs\u00f6k nagy v\u00e1laszt\u00e9k\u00e1val.<\/p>\n\n\n\n<p class=\"wp-block-paragraph\">\ud83d\udca1 <strong>Esti tipp:<\/strong> Mindenk\u00e9pp foglalj asztalt a recepci\u00f3n a hotel terasz\u00e1ra egy esti italra. Remek Aperol Spritzet kevernek, \u00e9s a horizont m\u00f6g\u00f6tt elt\u0171n\u0151 napot figyelni innen olyan \u00e9lm\u00e9ny, amelyre m\u00e9g sok\u00e1ig eml\u00e9kszel majd hazat\u00e9r\u00e9sed ut\u00e1n.<\/p>\n\n\n\n<figure data-wp-context=\"{&quot;imageId&quot;:&quot;6a95408ce2950&quot;}\" data-wp-interactive=\"core\/image\" data-wp-key=\"6a95408ce2950\" class=\"wp-block-image size-full wp-lightbox-container\"><img decoding=\"async\" width=\"1800\" height=\"1350\" data-wp-class--hide=\"state.isContentHidden\" data-wp-class--show=\"state.isContentVisible\" data-wp-init=\"callbacks.setButtonStyles\" data-wp-on--click=\"actions.showLightbox\" data-wp-on--load=\"callbacks.setButtonStyles\" data-wp-on--pointerdown=\"actions.preloadImage\" data-wp-on--pointerenter=\"actions.preloadImageWithDelay\" data-wp-on--pointerleave=\"actions.cancelPreload\" data-wp-on-window--resize=\"callbacks.setButtonStyles\" src=\"https:\/\/loudavymkrokem.cz\/wp-content\/uploads\/2026\/08\/ubytovani-toskansko-snidane-cornetti.jpg\" alt=\"Olasz reggeli cappuccin\u00f3val \u00e9s cornettivel\" class=\"wp-image-395127\" title=\"\" srcset=\"https:\/\/loudavymkrokem.cz\/wp-content\/uploads\/2026\/08\/ubytovani-toskansko-snidane-cornetti.jpg 1800w, https:\/\/loudavymkrokem.cz\/wp-content\/uploads\/2026\/08\/ubytovani-toskansko-snidane-cornetti-300x225.jpg 300w, https:\/\/loudavymkrokem.cz\/wp-content\/uploads\/2026\/08\/ubytovani-toskansko-snidane-cornetti-700x525.jpg 700w, https:\/\/loudavymkrokem.cz\/wp-content\/uploads\/2026\/08\/ubytovani-toskansko-snidane-cornetti-768x576.jpg 768w, https:\/\/loudavymkrokem.cz\/wp-content\/uploads\/2026\/08\/ubytovani-toskansko-snidane-cornetti-1536x1152.jpg 1536w, https:\/\/loudavymkrokem.cz\/wp-content\/uploads\/2026\/08\/ubytovani-toskansko-snidane-cornetti-80x60.jpg 80w, https:\/\/loudavymkrokem.cz\/wp-content\/uploads\/2026\/08\/ubytovani-toskansko-snidane-cornetti-160x120.jpg 160w, https:\/\/loudavymkrokem.cz\/wp-content\/uploads\/2026\/08\/ubytovani-toskansko-snidane-cornetti-696x522.jpg 696w, https:\/\/loudavymkrokem.cz\/wp-content\/uploads\/2026\/08\/ubytovani-toskansko-snidane-cornetti-1392x1044.jpg 1392w\" sizes=\"(max-width: 1800px) 100vw, 1800px\" \/><button\n\t\t\tclass=\"lightbox-trigger\"\n\t\t\ttype=\"button\"\n\t\t\taria-haspopup=\"dialog\"\n\t\t\tdata-wp-bind--aria-label=\"state.thisImage.triggerButtonAriaLabel\"\n\t\t\tdata-wp-init=\"callbacks.initTriggerButton\"\n\t\t\tdata-wp-on--click=\"actions.showLightbox\"\n\t\t\tdata-wp-style--right=\"state.thisImage.buttonRight\"\n\t\t\tdata-wp-style--top=\"state.thisImage.buttonTop\"\n\t\t>\n\t\t\t<svg xmlns=\"http:\/\/www.w3.org\/2000\/svg\" width=\"12\" height=\"12\" fill=\"none\" viewBox=\"0 0 12 12\">\n\t\t\t\t<path fill=\"#fff\" d=\"M2 0a2 2 0 0 0-2 2v2h1.5V2a.5.5 0 0 1 .5-.5h2V0H2Zm2 10.5H2a.5.5 0 0 1-.5-.5V8H0v2a2 2 0 0 0 2 2h2v-1.5ZM8 12v-1.5h2a.5.5 0 0 0 .5-.5V8H12v2a2 2 0 0 1-2 2H8Zm2-12a2 2 0 0 1 2 2v2h-1.5V2a.5.5 0 0 0-.5-.5H8V0h2Z\" \/>\n\t\t\t<\/svg>\n\t\t<\/button><\/figure>\n\n\n\n<p class=\"wp-block-paragraph\">\ud83d\udc49 <strong>Foglal\u00e1s:<\/strong> <a href=\"https:\/\/www.stay22.com\/allez\/roam?aid=lukaskonecny&#038;campaign=ubytovani-toskansko&#038;hotelname=Hotel+Athena&#038;address=Siena%2C+It%C3%A1lie\" target=\"_blank\" rel=\"noopener nofollow sponsored\">El\u00e9rhet\u0151s\u00e9g \u00e9s \u00e1rak ellen\u0151rz\u00e9se \u2014 Hotel Athena<\/a><\/p>\n\n\n\n<h3 class=\"wp-block-heading\"><span class=\"ez-toc-section\" id=\"5_Hotel_Italia\"><\/span>5. Hotel Italia<span class=\"ez-toc-section-end\"><\/span><\/h3>\n\n\n\n<p class=\"wp-block-paragraph\">Ezt a modern\u00fcl fel\u00faj\u00edtott hotelt csak p\u00e1r l\u00e9p\u00e9sre tal\u00e1lod a mozg\u00f3l\u00e9pcs\u0151kt\u0151l, amelyek egyenesen Siena t\u00f6rt\u00e9nelmi k\u00f6zpontj\u00e1ba visznek fel, <strong>\u00edgy elker\u00fcl\u00f6d a meredek domboknak val\u00f3 nekiv\u00e1g\u00e1st<\/strong>. A vend\u00e9g\u00e9rt\u00e9kel\u00e9sek szerint teljesen exkluz\u00edv reggeliket k\u00edn\u00e1l, amelyeken kiv\u00e1l\u00f3 h\u00e1zi s\u00fctiket, mogyor\u00f3kr\u00e9meket \u00e9s b\u0151s\u00e9ges veg\u00e1n vagy glut\u00e9nmentes v\u00e1ltozatokat is tal\u00e1lsz. Ez Olaszorsz\u00e1gban, ahol a hagyom\u00e1nyos reggeli gyakran csak egy sz\u00e1raz croissant-t \u00e9s k\u00e1v\u00e9t jelent, \u00f3ri\u00e1si plusz, amit minden \u00ednyenc \u00e9rt\u00e9kel.<\/p>\n\n\n\n<p class=\"wp-block-paragraph\"><strong>Az \u00e1rak itt t\u00e1j\u00e9koztat\u00f3 jelleggel nagyj\u00e1b\u00f3l 82 \u20ac-t\u00f3l indulnak \u00e9jszak\u00e1nk\u00e9nt<\/strong>, ami ilyen b\u0151s\u00e9ges szerviz\u00e9rt \u00e9s remek megk\u00f6zel\u00edthet\u0151s\u00e9g\u00e9rt nagyon korrekt aj\u00e1nlat. A Bookingon t\u00f6bb mint h\u00e1romezer \u00e9rt\u00e9kel\u00e9se van 9,0\/10-es \u00e1tlaggal. A bels\u0151 terek j\u00e1t\u00e9kos \u00e9s \u00fcde diz\u00e1jnt kaptak, \u00edgy sokkal modernebbnek hatnak, mint a k\u00f6rny\u00e9k legt\u00f6bb konkurens hotelje, amelyek gyakran ink\u00e1bb a neh\u00e9z t\u00f6rt\u00e9nelmi st\u00edlushoz ragaszkodnak.<\/p>\n\n\n\n<p class=\"wp-block-paragraph\">\ud83d\udca1 <strong>K\u00e9nyelmi tipp:<\/strong> A mozg\u00f3l\u00e9pcs\u0151rendszer zseni\u00e1lis tal\u00e1lm\u00e1ny, amely \u00f6sszek\u00f6ti a v\u00e1ros als\u00f3 r\u00e9sz\u00e9t a dombon l\u00e9v\u0151 t\u00f6rt\u00e9nelmi k\u00f6zponttal. K\u00e9rdezd meg a recepci\u00f3n a pontos \u00fatvonalat, egy hossz\u00fa s\u00e9ta ut\u00e1n sok energi\u00e1t \u00e9s \u00e1tizzadt p\u00f3l\u00f3t sp\u00f3rolhatsz meg vele.<\/p>\n\n\n\n<figure data-wp-context=\"{&quot;imageId&quot;:&quot;6a95408ce3220&quot;}\" data-wp-interactive=\"core\/image\" data-wp-key=\"6a95408ce3220\" class=\"wp-block-image size-full wp-lightbox-container\"><img decoding=\"async\" width=\"1800\" height=\"1233\" data-wp-class--hide=\"state.isContentHidden\" data-wp-class--show=\"state.isContentVisible\" data-wp-init=\"callbacks.setButtonStyles\" data-wp-on--click=\"actions.showLightbox\" data-wp-on--load=\"callbacks.setButtonStyles\" data-wp-on--pointerdown=\"actions.preloadImage\" data-wp-on--pointerenter=\"actions.preloadImageWithDelay\" data-wp-on--pointerleave=\"actions.cancelPreload\" data-wp-on-window--resize=\"callbacks.setButtonStyles\" src=\"https:\/\/loudavymkrokem.cz\/wp-content\/uploads\/2026\/08\/toskansko-clanky-ubytovani-toskansko-09.jpg\" alt=\"Ne zavarj t\u00e1bla a szobaajt\u00f3n\" class=\"wp-image-394995\" title=\"\" srcset=\"https:\/\/loudavymkrokem.cz\/wp-content\/uploads\/2026\/08\/toskansko-clanky-ubytovani-toskansko-09.jpg 1800w, https:\/\/loudavymkrokem.cz\/wp-content\/uploads\/2026\/08\/toskansko-clanky-ubytovani-toskansko-09-300x206.jpg 300w, https:\/\/loudavymkrokem.cz\/wp-content\/uploads\/2026\/08\/toskansko-clanky-ubytovani-toskansko-09-700x480.jpg 700w, https:\/\/loudavymkrokem.cz\/wp-content\/uploads\/2026\/08\/toskansko-clanky-ubytovani-toskansko-09-768x526.jpg 768w, https:\/\/loudavymkrokem.cz\/wp-content\/uploads\/2026\/08\/toskansko-clanky-ubytovani-toskansko-09-1536x1052.jpg 1536w, https:\/\/loudavymkrokem.cz\/wp-content\/uploads\/2026\/08\/toskansko-clanky-ubytovani-toskansko-09-696x477.jpg 696w, https:\/\/loudavymkrokem.cz\/wp-content\/uploads\/2026\/08\/toskansko-clanky-ubytovani-toskansko-09-1392x954.jpg 1392w\" sizes=\"(max-width: 1800px) 100vw, 1800px\" \/><button\n\t\t\tclass=\"lightbox-trigger\"\n\t\t\ttype=\"button\"\n\t\t\taria-haspopup=\"dialog\"\n\t\t\tdata-wp-bind--aria-label=\"state.thisImage.triggerButtonAriaLabel\"\n\t\t\tdata-wp-init=\"callbacks.initTriggerButton\"\n\t\t\tdata-wp-on--click=\"actions.showLightbox\"\n\t\t\tdata-wp-style--right=\"state.thisImage.buttonRight\"\n\t\t\tdata-wp-style--top=\"state.thisImage.buttonTop\"\n\t\t>\n\t\t\t<svg xmlns=\"http:\/\/www.w3.org\/2000\/svg\" width=\"12\" height=\"12\" fill=\"none\" viewBox=\"0 0 12 12\">\n\t\t\t\t<path fill=\"#fff\" d=\"M2 0a2 2 0 0 0-2 2v2h1.5V2a.5.5 0 0 1 .5-.5h2V0H2Zm2 10.5H2a.5.5 0 0 1-.5-.5V8H0v2a2 2 0 0 0 2 2h2v-1.5ZM8 12v-1.5h2a.5.5 0 0 0 .5-.5V8H12v2a2 2 0 0 1-2 2H8Zm2-12a2 2 0 0 1 2 2v2h-1.5V2a.5.5 0 0 0-.5-.5H8V0h2Z\" \/>\n\t\t\t<\/svg>\n\t\t<\/button><\/figure>\n\n\n\n<p class=\"wp-block-paragraph\">\ud83d\udc49 <strong>Foglal\u00e1s:<\/strong> <a href=\"https:\/\/www.stay22.com\/allez\/roam?aid=lukaskonecny&#038;campaign=ubytovani-toskansko&#038;hotelname=Hotel+Italia&#038;address=Siena%2C+It%C3%A1lie\" target=\"_blank\" rel=\"noopener nofollow sponsored\">El\u00e9rhet\u0151s\u00e9g \u00e9s \u00e1rak ellen\u0151rz\u00e9se \u2014 Hotel Italia<\/a><\/p>\n\n\n\n<h3 class=\"wp-block-heading\"><span class=\"ez-toc-section\" id=\"6_BB_Hotels_Smarthotel_Derose\"><\/span>6. BB Hotels Smarthotel Derose<span class=\"ez-toc-section-end\"><\/span><\/h3>\n\n\n\n<p class=\"wp-block-paragraph\">V\u00e9gre \u00e1tugrunk Firenz\u00e9be, ahol nagyon neh\u00e9z olcs\u00f3 sz\u00e1ll\u00e1st tal\u00e1lni, de ez az okos hotel a Santa Maria Novella p\u00e1lyaudvar k\u00f6zel\u00e9ben <strong>remek kompromisszumot k\u00edn\u00e1l a vonattal utaz\u00f3knak<\/strong>. A sz\u00e1ll\u00e1s modern self-checkin elven m\u0171k\u00f6dik, amit a vend\u00e9gek az \u00e9rt\u00e9kel\u00e9sekben f\u0151leg a k\u00e9s\u0151 esti \u00e9rkez\u00e9sekn\u00e9l becs\u00fclnek. Nem kell stresszelned, hogy bez\u00e1r a recepci\u00f3, egyszer\u0171en egy k\u00f3ddal nyitod ki a szob\u00e1t, amely a telefonodra \u00e9rkezik.<\/p>\n\n\n\n<p class=\"wp-block-paragraph\"><strong>Az ir\u00e1ny\u00e1r 86 \u20ac-t\u00f3l mozog \u00e9jszak\u00e1nk\u00e9nt<\/strong>, ami Firenz\u00e9hez k\u00e9pest hihetetlen\u00fcl bar\u00e1ts\u00e1gos \u00f6sszeg. A Bookingon remek, 9,3\/10-es \u00e9rt\u00e9kel\u00e9st tart k\u00f6zel k\u00e9tezer v\u00e9lem\u00e9nyb\u0151l. A szob\u00e1k ugyan kisebbek, de ragyog\u00f3an tiszt\u00e1k, k\u00e9nyelmes \u00e1gyakkal \u00e9s modern f\u00fcrd\u0151szob\u00e1kkal felszereltek. Egy h\u00e9tv\u00e9gi v\u00e1rosn\u00e9z\u00e9shez a renesz\u00e1nsz v\u00e1ros\u00e1ban abszol\u00fat ide\u00e1lis b\u00e1zis.<\/p>\n\n\n\n<p class=\"wp-block-paragraph\">\ud83d\udca1 <strong>K\u00f6zleked\u00e9si tipp:<\/strong> A p\u00e1lyaudvar k\u00f6zels\u00e9g\u00e9nek k\u00f6sz\u00f6nhet\u0151en minim\u00e1lis id\u0151t vesztesz Firenz\u00e9be \u00e9rkez\u00e9s ut\u00e1n. R\u00f6gt\u00f6n lerakhatod a b\u0151r\u00f6nd\u00f6ket, \u00e9s tizen\u00f6t percen bel\u00fcl a h\u00edres Duomo katedr\u00e1lis el\u0151tt \u00e1llhatsz, amely k\u00e9nyelmes s\u00e9tat\u00e1vols\u00e1gra van a hotelt\u0151l.<\/p>\n\n\n\n<figure data-wp-context=\"{&quot;imageId&quot;:&quot;6a95408ce39a7&quot;}\" data-wp-interactive=\"core\/image\" data-wp-key=\"6a95408ce39a7\" class=\"wp-block-image size-full wp-lightbox-container\"><img decoding=\"async\" width=\"1800\" height=\"1200\" data-wp-class--hide=\"state.isContentHidden\" data-wp-class--show=\"state.isContentVisible\" data-wp-init=\"callbacks.setButtonStyles\" data-wp-on--click=\"actions.showLightbox\" data-wp-on--load=\"callbacks.setButtonStyles\" data-wp-on--pointerdown=\"actions.preloadImage\" data-wp-on--pointerenter=\"actions.preloadImageWithDelay\" data-wp-on--pointerleave=\"actions.cancelPreload\" data-wp-on-window--resize=\"callbacks.setButtonStyles\" src=\"https:\/\/loudavymkrokem.cz\/wp-content\/uploads\/2026\/08\/toskansko-clanky-ubytovani-toskansko-10.jpg\" alt=\"Emeletes \u00e1gyas szoba egy hostelben\" class=\"wp-image-394996\" title=\"\" srcset=\"https:\/\/loudavymkrokem.cz\/wp-content\/uploads\/2026\/08\/toskansko-clanky-ubytovani-toskansko-10.jpg 1800w, https:\/\/loudavymkrokem.cz\/wp-content\/uploads\/2026\/08\/toskansko-clanky-ubytovani-toskansko-10-300x200.jpg 300w, https:\/\/loudavymkrokem.cz\/wp-content\/uploads\/2026\/08\/toskansko-clanky-ubytovani-toskansko-10-700x467.jpg 700w, https:\/\/loudavymkrokem.cz\/wp-content\/uploads\/2026\/08\/toskansko-clanky-ubytovani-toskansko-10-768x512.jpg 768w, https:\/\/loudavymkrokem.cz\/wp-content\/uploads\/2026\/08\/toskansko-clanky-ubytovani-toskansko-10-1536x1024.jpg 1536w, https:\/\/loudavymkrokem.cz\/wp-content\/uploads\/2026\/08\/toskansko-clanky-ubytovani-toskansko-10-696x464.jpg 696w, https:\/\/loudavymkrokem.cz\/wp-content\/uploads\/2026\/08\/toskansko-clanky-ubytovani-toskansko-10-1392x928.jpg 1392w\" sizes=\"(max-width: 1800px) 100vw, 1800px\" \/><button\n\t\t\tclass=\"lightbox-trigger\"\n\t\t\ttype=\"button\"\n\t\t\taria-haspopup=\"dialog\"\n\t\t\tdata-wp-bind--aria-label=\"state.thisImage.triggerButtonAriaLabel\"\n\t\t\tdata-wp-init=\"callbacks.initTriggerButton\"\n\t\t\tdata-wp-on--click=\"actions.showLightbox\"\n\t\t\tdata-wp-style--right=\"state.thisImage.buttonRight\"\n\t\t\tdata-wp-style--top=\"state.thisImage.buttonTop\"\n\t\t>\n\t\t\t<svg xmlns=\"http:\/\/www.w3.org\/2000\/svg\" width=\"12\" height=\"12\" fill=\"none\" viewBox=\"0 0 12 12\">\n\t\t\t\t<path fill=\"#fff\" d=\"M2 0a2 2 0 0 0-2 2v2h1.5V2a.5.5 0 0 1 .5-.5h2V0H2Zm2 10.5H2a.5.5 0 0 1-.5-.5V8H0v2a2 2 0 0 0 2 2h2v-1.5ZM8 12v-1.5h2a.5.5 0 0 0 .5-.5V8H12v2a2 2 0 0 1-2 2H8Zm2-12a2 2 0 0 1 2 2v2h-1.5V2a.5.5 0 0 0-.5-.5H8V0h2Z\" \/>\n\t\t\t<\/svg>\n\t\t<\/button><\/figure>\n\n\n\n<p class=\"wp-block-paragraph\">\ud83d\udc49 <strong>Foglal\u00e1s:<\/strong> <a href=\"https:\/\/www.stay22.com\/allez\/roam?aid=lukaskonecny&#038;campaign=ubytovani-toskansko&#038;hotelname=BB+Hotels+Smarthotel+Derose&#038;address=Florencie%2C+It%C3%A1lie\" target=\"_blank\" rel=\"noopener nofollow sponsored\">El\u00e9rhet\u0151s\u00e9g \u00e9s \u00e1rak ellen\u0151rz\u00e9se \u2014 BB Hotels Smarthotel Derose<\/a><\/p>\n\n\n\n<h3 class=\"wp-block-heading\"><span class=\"ez-toc-section\" id=\"7_Sangallo_Park_Hotel\"><\/span>7. Sangallo Park Hotel<span class=\"ez-toc-section-end\"><\/span><\/h3>\n\n\n\n<p class=\"wp-block-paragraph\">Ha ink\u00e1bb az amerikai utaz\u00e1si st\u00edlust r\u00e9szes\u00edted el\u0151nyben, \u00e9s nem zavar, hogy Siena melletti dombon laksz, <strong>ez a hotel nagy medenc\u00e9t \u00e9s \u00f3ri\u00e1si ingyenes parkol\u00f3t k\u00edn\u00e1l<\/strong>. A vend\u00e9g\u00e9rt\u00e9kel\u00e9sek \u00f3ri\u00e1si nyugalmat \u00e9s a v\u00e1rosi ny\u00fczsg\u00e9st\u0151l val\u00f3 csendet emlegetnek, a k\u00f6zpontba pedig helyi busszal sz\u00f3 szerint p\u00e1r perc alatt eljutsz. Ide\u00e1lis megold\u00e1s azoknak, akik a reggeli l\u00e1tnival\u00f3k bej\u00e1r\u00e1sa ut\u00e1n egy k\u00f6nyvvel a v\u00edz mellett szeretn\u00e9k t\u00f6lteni a lusta d\u00e9lut\u00e1nt.<\/p>\n\n\n\n<p class=\"wp-block-paragraph\"><strong>A k\u00e9t\u00e1gyas szoba \u00e1ra t\u00e1j\u00e9koztat\u00f3 jelleggel 96 \u20ac-t\u00f3l kezd\u0151dik \u00e9jszak\u00e1nk\u00e9nt<\/strong>. A Bookingon ez a t\u00e1gas komplexum kiv\u00e1l\u00f3, 9,0\/10-es \u00e9rt\u00e9kel\u00e9ssel b\u00edr ezernyolcsz\u00e1z el\u00e9gedett l\u00e1togat\u00f3t\u00f3l. A hotel k\u00f6r\u00fcli kert gondosan \u00e1polt, \u00e9s b\u0151ven ad \u00e1rny\u00e9kot a legperzsel\u0151bb ny\u00e1ri napokon is. A reggelit r\u00e1ad\u00e1sul nagyon b\u0151s\u00e9ges b\u00fcf\u00e9 form\u00e1j\u00e1ban szolg\u00e1lj\u00e1k fel, kil\u00e1t\u00e1ssal a z\u00f6ldre.<\/p>\n\n\n\n<p class=\"wp-block-paragraph\">\ud83d\udca1 <strong>Relax\u00e1l\u00f3s tipp:<\/strong> A szabadt\u00e9ri medence \u00e1ltal\u00e1ban j\u00faniust\u00f3l szeptember v\u00e9g\u00e9ig nyitva van. Ha ebben az id\u0151szakban tervezel utazni, ne felejtsd el bepakolni a f\u00fcrd\u0151ruh\u00e1t, mert a toszk\u00e1n ny\u00e1r t\u00e9nyleg k\u00f6ny\u00f6rtelen tud lenni, \u00e9s a h\u0171s\u00f6l\u00e9s lehet\u0151s\u00e9ge felbecs\u00fclhetetlen.<\/p>\n\n\n\n<figure data-wp-context=\"{&quot;imageId&quot;:&quot;6a95408ce3f34&quot;}\" data-wp-interactive=\"core\/image\" data-wp-key=\"6a95408ce3f34\" class=\"wp-block-image size-full wp-lightbox-container\"><img decoding=\"async\" width=\"1800\" height=\"1350\" data-wp-class--hide=\"state.isContentHidden\" data-wp-class--show=\"state.isContentVisible\" data-wp-init=\"callbacks.setButtonStyles\" data-wp-on--click=\"actions.showLightbox\" data-wp-on--load=\"callbacks.setButtonStyles\" data-wp-on--pointerdown=\"actions.preloadImage\" data-wp-on--pointerenter=\"actions.preloadImageWithDelay\" data-wp-on--pointerleave=\"actions.cancelPreload\" data-wp-on-window--resize=\"callbacks.setButtonStyles\" src=\"https:\/\/loudavymkrokem.cz\/wp-content\/uploads\/2026\/08\/toskansko-clanky-ubytovani-toskansko-11.jpg\" alt=\"Egy t\u00f6rt\u00e9nelmi hotel bels\u0151 udvara\" class=\"wp-image-394997\" title=\"\" srcset=\"https:\/\/loudavymkrokem.cz\/wp-content\/uploads\/2026\/08\/toskansko-clanky-ubytovani-toskansko-11.jpg 1800w, https:\/\/loudavymkrokem.cz\/wp-content\/uploads\/2026\/08\/toskansko-clanky-ubytovani-toskansko-11-300x225.jpg 300w, https:\/\/loudavymkrokem.cz\/wp-content\/uploads\/2026\/08\/toskansko-clanky-ubytovani-toskansko-11-700x525.jpg 700w, https:\/\/loudavymkrokem.cz\/wp-content\/uploads\/2026\/08\/toskansko-clanky-ubytovani-toskansko-11-768x576.jpg 768w, https:\/\/loudavymkrokem.cz\/wp-content\/uploads\/2026\/08\/toskansko-clanky-ubytovani-toskansko-11-1536x1152.jpg 1536w, https:\/\/loudavymkrokem.cz\/wp-content\/uploads\/2026\/08\/toskansko-clanky-ubytovani-toskansko-11-80x60.jpg 80w, https:\/\/loudavymkrokem.cz\/wp-content\/uploads\/2026\/08\/toskansko-clanky-ubytovani-toskansko-11-160x120.jpg 160w, https:\/\/loudavymkrokem.cz\/wp-content\/uploads\/2026\/08\/toskansko-clanky-ubytovani-toskansko-11-696x522.jpg 696w, https:\/\/loudavymkrokem.cz\/wp-content\/uploads\/2026\/08\/toskansko-clanky-ubytovani-toskansko-11-1392x1044.jpg 1392w\" sizes=\"(max-width: 1800px) 100vw, 1800px\" \/><button\n\t\t\tclass=\"lightbox-trigger\"\n\t\t\ttype=\"button\"\n\t\t\taria-haspopup=\"dialog\"\n\t\t\tdata-wp-bind--aria-label=\"state.thisImage.triggerButtonAriaLabel\"\n\t\t\tdata-wp-init=\"callbacks.initTriggerButton\"\n\t\t\tdata-wp-on--click=\"actions.showLightbox\"\n\t\t\tdata-wp-style--right=\"state.thisImage.buttonRight\"\n\t\t\tdata-wp-style--top=\"state.thisImage.buttonTop\"\n\t\t>\n\t\t\t<svg xmlns=\"http:\/\/www.w3.org\/2000\/svg\" width=\"12\" height=\"12\" fill=\"none\" viewBox=\"0 0 12 12\">\n\t\t\t\t<path fill=\"#fff\" d=\"M2 0a2 2 0 0 0-2 2v2h1.5V2a.5.5 0 0 1 .5-.5h2V0H2Zm2 10.5H2a.5.5 0 0 1-.5-.5V8H0v2a2 2 0 0 0 2 2h2v-1.5ZM8 12v-1.5h2a.5.5 0 0 0 .5-.5V8H12v2a2 2 0 0 1-2 2H8Zm2-12a2 2 0 0 1 2 2v2h-1.5V2a.5.5 0 0 0-.5-.5H8V0h2Z\" \/>\n\t\t\t<\/svg>\n\t\t<\/button><\/figure>\n\n\n\n<p class=\"wp-block-paragraph\">\ud83d\udc49 <strong>Foglal\u00e1s:<\/strong> <a href=\"https:\/\/www.stay22.com\/allez\/roam?aid=lukaskonecny&#038;campaign=ubytovani-toskansko&#038;hotelname=Sangallo+Park+Hotel&#038;address=Siena%2C+It%C3%A1lie\" target=\"_blank\" rel=\"noopener nofollow sponsored\">El\u00e9rhet\u0151s\u00e9g \u00e9s \u00e1rak ellen\u0151rz\u00e9se \u2014 Sangallo Park Hotel<\/a><\/p>\n\n\n\n<h3 class=\"wp-block-heading\"><span class=\"ez-toc-section\" id=\"8_Essence_Hotel\"><\/span>8. Essence Hotel<span class=\"ez-toc-section-end\"><\/span><\/h3>\n\n\n\n<p class=\"wp-block-paragraph\">\u00c9sszer\u0171en \u00e1razott hotelt tal\u00e1lni egyenesen Firenze t\u00f6rt\u00e9nelmi k\u00f6zpontj\u00e1ban val\u00f3s\u00e1gos kih\u00edv\u00e1s, de ezt a st\u00edlusos butikhotelt siker\u00fclt, \u00e9s <strong>innen az \u00f6sszes f\u0151 l\u00e1tnival\u00f3t p\u00e1r perc alatt k\u00f6rbej\u00e1rod gyalog<\/strong>. Az utaz\u00f3k az \u00e9rt\u00e9kel\u00e9sekben f\u0151leg a szob\u00e1k sz\u00e9p, modern diz\u00e1jnj\u00e1t dics\u00e9rik, amely \u00e9lesen, de nagyon \u00edzl\u00e9sesen kontraszt\u00e1l az \u00f3don palota\u00e9p\u00fclettel. A bels\u0151 terek az utols\u00f3 r\u00e9szletig \u00e1tgondoltak, \u00e9s a l\u00fcktet\u0151 metropolisz k\u00f6zep\u00e9n a nyugalom o\u00e1zis\u00e1t k\u00edn\u00e1lj\u00e1k.<\/p>\n\n\n\n<p class=\"wp-block-paragraph\"><strong>Az ir\u00e1ny\u00e1r itt 112 \u20ac-t\u00f3l indul \u00e9jszak\u00e1nk\u00e9nt<\/strong>, ami egy ilyen pr\u00e9mium lok\u00e1ci\u00f3\u00e9rt teljesen \u00e9rthet\u0151 \u00e9s megv\u00e9dhet\u0151. A Bookingon magas, 9,2\/10-es oszt\u00e1lyzatot tart. Az ugyanabban a negyedben l\u00e9v\u0151 m\u00e1s hotelekhez k\u00e9pest, amelyek gyakran ak\u00e1r a dupl\u00e1t is elk\u00e9rik, fantasztikus \u00e1r-\u00e9rt\u00e9k ar\u00e1nyt kapsz. A reggelik b\u0151s\u00e9gesek, a szem\u00e9lyzet pedig mosolyogva k\u00e9sz\u00edti el a kiv\u00e1l\u00f3 olasz cappuccin\u00f3t pontosan \u00fagy, ahogy szereted.<\/p>\n\n\n\n<p class=\"wp-block-paragraph\">\ud83d\udca1 <strong>S\u00e9ta-tipp:<\/strong> A hotel csak egy haj\u00edt\u00e1snyira fekszik az Arno foly\u00f3t\u00f3l, \u00edgy k\u00edn\u00e1lja mag\u00e1t egy kora reggeli s\u00e9ta a Ponte Vecchio h\u00eddhoz, m\u00e9g miel\u0151tt el\u00e1rasztan\u00e1k a turistat\u00f6megek. A foly\u00f3 feletti reggeli f\u00e9ny a fot\u00f3khoz egyszer\u0171en fel\u00fclm\u00falhatatlan.<\/p>\n\n\n\n<figure data-wp-context=\"{&quot;imageId&quot;:&quot;6a95408ce441c&quot;}\" data-wp-interactive=\"core\/image\" data-wp-key=\"6a95408ce441c\" class=\"wp-block-image size-full wp-lightbox-container\"><img decoding=\"async\" width=\"1800\" height=\"1350\" data-wp-class--hide=\"state.isContentHidden\" data-wp-class--show=\"state.isContentVisible\" data-wp-init=\"callbacks.setButtonStyles\" data-wp-on--click=\"actions.showLightbox\" data-wp-on--load=\"callbacks.setButtonStyles\" data-wp-on--pointerdown=\"actions.preloadImage\" data-wp-on--pointerenter=\"actions.preloadImageWithDelay\" data-wp-on--pointerleave=\"actions.cancelPreload\" data-wp-on-window--resize=\"callbacks.setButtonStyles\" src=\"https:\/\/loudavymkrokem.cz\/wp-content\/uploads\/2026\/08\/ubytovani-toskansko-terasa-vyhled.jpg\" alt=\"Terasz kil\u00e1t\u00e1ssal a toszk\u00e1n t\u00e1jra\" class=\"wp-image-395129\" title=\"\" srcset=\"https:\/\/loudavymkrokem.cz\/wp-content\/uploads\/2026\/08\/ubytovani-toskansko-terasa-vyhled.jpg 1800w, https:\/\/loudavymkrokem.cz\/wp-content\/uploads\/2026\/08\/ubytovani-toskansko-terasa-vyhled-300x225.jpg 300w, https:\/\/loudavymkrokem.cz\/wp-content\/uploads\/2026\/08\/ubytovani-toskansko-terasa-vyhled-700x525.jpg 700w, https:\/\/loudavymkrokem.cz\/wp-content\/uploads\/2026\/08\/ubytovani-toskansko-terasa-vyhled-768x576.jpg 768w, https:\/\/loudavymkrokem.cz\/wp-content\/uploads\/2026\/08\/ubytovani-toskansko-terasa-vyhled-1536x1152.jpg 1536w, https:\/\/loudavymkrokem.cz\/wp-content\/uploads\/2026\/08\/ubytovani-toskansko-terasa-vyhled-80x60.jpg 80w, https:\/\/loudavymkrokem.cz\/wp-content\/uploads\/2026\/08\/ubytovani-toskansko-terasa-vyhled-160x120.jpg 160w, https:\/\/loudavymkrokem.cz\/wp-content\/uploads\/2026\/08\/ubytovani-toskansko-terasa-vyhled-696x522.jpg 696w, https:\/\/loudavymkrokem.cz\/wp-content\/uploads\/2026\/08\/ubytovani-toskansko-terasa-vyhled-1392x1044.jpg 1392w\" sizes=\"(max-width: 1800px) 100vw, 1800px\" \/><button\n\t\t\tclass=\"lightbox-trigger\"\n\t\t\ttype=\"button\"\n\t\t\taria-haspopup=\"dialog\"\n\t\t\tdata-wp-bind--aria-label=\"state.thisImage.triggerButtonAriaLabel\"\n\t\t\tdata-wp-init=\"callbacks.initTriggerButton\"\n\t\t\tdata-wp-on--click=\"actions.showLightbox\"\n\t\t\tdata-wp-style--right=\"state.thisImage.buttonRight\"\n\t\t\tdata-wp-style--top=\"state.thisImage.buttonTop\"\n\t\t>\n\t\t\t<svg xmlns=\"http:\/\/www.w3.org\/2000\/svg\" width=\"12\" height=\"12\" fill=\"none\" viewBox=\"0 0 12 12\">\n\t\t\t\t<path fill=\"#fff\" d=\"M2 0a2 2 0 0 0-2 2v2h1.5V2a.5.5 0 0 1 .5-.5h2V0H2Zm2 10.5H2a.5.5 0 0 1-.5-.5V8H0v2a2 2 0 0 0 2 2h2v-1.5ZM8 12v-1.5h2a.5.5 0 0 0 .5-.5V8H12v2a2 2 0 0 1-2 2H8Zm2-12a2 2 0 0 1 2 2v2h-1.5V2a.5.5 0 0 0-.5-.5H8V0h2Z\" \/>\n\t\t\t<\/svg>\n\t\t<\/button><\/figure>\n\n\n\n<p class=\"wp-block-paragraph\">\ud83d\udc49 <strong>Foglal\u00e1s:<\/strong> <a href=\"https:\/\/www.stay22.com\/allez\/roam?aid=lukaskonecny&#038;campaign=ubytovani-toskansko&#038;hotelname=Essence+Hotel&#038;address=Florencie%2C+It%C3%A1lie\" target=\"_blank\" rel=\"noopener nofollow sponsored\">El\u00e9rhet\u0151s\u00e9g \u00e9s \u00e1rak ellen\u0151rz\u00e9se \u2014 Essence Hotel<\/a><\/p>\n\n\n\n<h3 class=\"wp-block-heading\"><span class=\"ez-toc-section\" id=\"9_Ruby_Bea_Hotel_Florence\"><\/span>9. Ruby Bea Hotel Florence<span class=\"ez-toc-section-end\"><\/span><\/h3>\n\n\n\n<p class=\"wp-block-paragraph\">Ez a diz\u00e1jnhotel a firenzei Campo di Marte negyedben fekszik, amely kicsit f\u00e9lreesik a legnagyobb turista\u0151r\u00fclett\u0151l, <strong>de csod\u00e1san autentikus, helyi hangulatot k\u00edn\u00e1l<\/strong>. A vend\u00e9gek im\u00e1dj\u00e1k a helyi eredeti b\u00e1rt \u00e9s az eg\u00e9sz modern vibr\u00e1l\u00e1st, amely a j\u00e1t\u00e9kos retr\u00f3 st\u00edlusb\u00f3l \u00e9s sz\u00ednekb\u0151l mer\u00edt. Itt nem csak f\u00e9nyk\u00e9pez\u0151g\u00e9pes t\u00f6megekkel tal\u00e1lkozol, hanem igazi olaszokat is l\u00e1tsz, amint \u00e1llva iszogatj\u00e1k a reggeli espress\u00f3jukat a k\u00f6zeli k\u00e1v\u00e9z\u00f3kban.<\/p>\n\n\n\n<p class=\"wp-block-paragraph\"><strong>K\u00e9sz\u00edts el\u0151 t\u00e1j\u00e9koztat\u00f3 jelleggel 123 \u20ac-t\u00f3l \u00e9jszak\u00e1nk\u00e9nt<\/strong>, mik\u00f6zben az \u00e1rak a f\u0151szezonban meredeken felfel\u00e9 sz\u00e1llhatnak. A Bookingon ezerhatsz\u00e1z vend\u00e9g \u00e9rt\u00e9kelte 9,1\/10-es oszt\u00e1lyzattal. A szob\u00e1k luxus matracokkal \u00e9s cs\u00facsmin\u0151s\u00e9g\u0171 hangszigetel\u00e9ssel felszereltek, \u00edgy egy hossz\u00fa nap ut\u00e1n t\u00e9nyleg j\u00f3l kialszod magad. R\u00e1ad\u00e1sul nagyon sz\u00e9p k\u00f6z\u00f6ss\u00e9gi tereket is tal\u00e1lsz itt, ahol este nyugodtan le\u00fclhetsz a laptoppal.<\/p>\n\n\n\n<p class=\"wp-block-paragraph\">\ud83d\udca1 <strong>K\u00f6zleked\u00e9si tipp:<\/strong> A Campo di Marte negyedb\u0151l Firenze abszol\u00fat k\u00f6zpontj\u00e1ba nagyon k\u00f6nnyen eljutsz busszal vagy egy kellemes, f\u00e9l\u00f3r\u00e1s s\u00e9t\u00e1val. Remek v\u00e1laszt\u00e1s azoknak, akik ink\u00e1bb helyik\u00e9nt szeretn\u00e9k meg\u00e9lni a v\u00e1rost.<\/p>\n\n\n\n<figure data-wp-context=\"{&quot;imageId&quot;:&quot;6a95408ce4872&quot;}\" data-wp-interactive=\"core\/image\" data-wp-key=\"6a95408ce4872\" class=\"wp-block-image size-full wp-lightbox-container\"><img decoding=\"async\" width=\"1800\" height=\"1201\" data-wp-class--hide=\"state.isContentHidden\" data-wp-class--show=\"state.isContentVisible\" data-wp-init=\"callbacks.setButtonStyles\" data-wp-on--click=\"actions.showLightbox\" data-wp-on--load=\"callbacks.setButtonStyles\" data-wp-on--pointerdown=\"actions.preloadImage\" data-wp-on--pointerenter=\"actions.preloadImageWithDelay\" data-wp-on--pointerleave=\"actions.cancelPreload\" data-wp-on-window--resize=\"callbacks.setButtonStyles\" src=\"https:\/\/loudavymkrokem.cz\/wp-content\/uploads\/2026\/08\/toskansko-clanky-ubytovani-toskansko-13.jpg\" alt=\"A Santa Maria Novella t\u00e9r Firenz\u00e9ben\" class=\"wp-image-394999\" title=\"\" srcset=\"https:\/\/loudavymkrokem.cz\/wp-content\/uploads\/2026\/08\/toskansko-clanky-ubytovani-toskansko-13.jpg 1800w, https:\/\/loudavymkrokem.cz\/wp-content\/uploads\/2026\/08\/toskansko-clanky-ubytovani-toskansko-13-300x200.jpg 300w, https:\/\/loudavymkrokem.cz\/wp-content\/uploads\/2026\/08\/toskansko-clanky-ubytovani-toskansko-13-700x467.jpg 700w, https:\/\/loudavymkrokem.cz\/wp-content\/uploads\/2026\/08\/toskansko-clanky-ubytovani-toskansko-13-768x512.jpg 768w, https:\/\/loudavymkrokem.cz\/wp-content\/uploads\/2026\/08\/toskansko-clanky-ubytovani-toskansko-13-1536x1025.jpg 1536w, https:\/\/loudavymkrokem.cz\/wp-content\/uploads\/2026\/08\/toskansko-clanky-ubytovani-toskansko-13-696x464.jpg 696w, https:\/\/loudavymkrokem.cz\/wp-content\/uploads\/2026\/08\/toskansko-clanky-ubytovani-toskansko-13-1392x929.jpg 1392w\" sizes=\"(max-width: 1800px) 100vw, 1800px\" \/><button\n\t\t\tclass=\"lightbox-trigger\"\n\t\t\ttype=\"button\"\n\t\t\taria-haspopup=\"dialog\"\n\t\t\tdata-wp-bind--aria-label=\"state.thisImage.triggerButtonAriaLabel\"\n\t\t\tdata-wp-init=\"callbacks.initTriggerButton\"\n\t\t\tdata-wp-on--click=\"actions.showLightbox\"\n\t\t\tdata-wp-style--right=\"state.thisImage.buttonRight\"\n\t\t\tdata-wp-style--top=\"state.thisImage.buttonTop\"\n\t\t>\n\t\t\t<svg xmlns=\"http:\/\/www.w3.org\/2000\/svg\" width=\"12\" height=\"12\" fill=\"none\" viewBox=\"0 0 12 12\">\n\t\t\t\t<path fill=\"#fff\" d=\"M2 0a2 2 0 0 0-2 2v2h1.5V2a.5.5 0 0 1 .5-.5h2V0H2Zm2 10.5H2a.5.5 0 0 1-.5-.5V8H0v2a2 2 0 0 0 2 2h2v-1.5ZM8 12v-1.5h2a.5.5 0 0 0 .5-.5V8H12v2a2 2 0 0 1-2 2H8Zm2-12a2 2 0 0 1 2 2v2h-1.5V2a.5.5 0 0 0-.5-.5H8V0h2Z\" \/>\n\t\t\t<\/svg>\n\t\t<\/button><\/figure>\n\n\n\n<p class=\"wp-block-paragraph\">\ud83d\udc49 <strong>Foglal\u00e1s:<\/strong> <a href=\"https:\/\/www.stay22.com\/allez\/roam?aid=lukaskonecny&#038;campaign=ubytovani-toskansko&#038;hotelname=Ruby+Bea+Hotel+Florence&#038;address=Florencie%2C+It%C3%A1lie\" target=\"_blank\" rel=\"noopener nofollow sponsored\">El\u00e9rhet\u0151s\u00e9g \u00e9s \u00e1rak ellen\u0151rz\u00e9se \u2014 Ruby Bea Hotel Florence<\/a><\/p>\n\n\n\n<h3 class=\"wp-block-heading\"><span class=\"ez-toc-section\" id=\"10_The_Social_Hub_Florence_Belfiore\"><\/span>10. The Social Hub Florence Belfiore<span class=\"ez-toc-section-end\"><\/span><\/h3>\n\n\n\n<p class=\"wp-block-paragraph\">Ez a hely abszol\u00fat jelens\u00e9g a fiatal utaz\u00f3k \u00e9s digit\u00e1lis nom\u00e1dok k\u00f6r\u00e9ben, mert <strong>kombin\u00e1lja a klasszikus hotelt, a coworking teret \u00e9s egy hatalmas, Firenz\u00e9re n\u00e9z\u0151 tet\u0151medenc\u00e9t<\/strong>. A Bookingon l\u00e9v\u0151 \u00e9rt\u00e9kel\u00e9sek, amelyekb\u0151l hihetetlen\u00fcl \u00f6tezer van, f\u0151leg a k\u00f6tetlen k\u00f6z\u00f6ss\u00e9gi hangulatot, a remek\u00fcl felszerelt konditermet \u00e9s azt a lehet\u0151s\u00e9get dics\u00e9rik, hogy st\u00edlusos bicikliket lehet k\u00f6lcs\u00f6n\u00f6zni egyenesen a recepci\u00f3n. Egyszer\u0171en egy \u00f3ri\u00e1si \u00e9s l\u00fcktet\u0151 campus, ahol mindig t\u00f6rt\u00e9nik valami.<\/p>\n\n\n\n<p class=\"wp-block-paragraph\">Az \u00e1rak itt nagyon dinamikusan v\u00e1ltoznak a foglalts\u00e1g szerint, ez\u00e9rt <strong>a konkr\u00e9t d\u00e1tumodra \u00e9rdemes ellen\u0151rizni \u0151ket a neten<\/strong>. Az \u00f6sszes\u00edtett \u00e9rt\u00e9kel\u00e9s a Bookingon remek 8,9\/10. V\u00e1laszthatsz a klasszikus hotelszob\u00e1kt\u00f3l a teljesen felszerelt, konyh\u00e1s st\u00fadi\u00f3kig, ha hosszabb ideig tervezel a v\u00e1rosban maradni. A medenc\u00e9s, b\u00e1ros tet\u0151terasz pedig az eg\u00e9sz komplexum abszol\u00fat \u00e9kk\u00f6ve.<\/p>\n\n\n\n<p class=\"wp-block-paragraph\">\ud83d\udca1 <strong>Tipp nom\u00e1doknak:<\/strong> Ha \u00faton dolgozol, jobb helyet Firenz\u00e9ben nem tal\u00e1lsz. A gyors wifi, a rengeteg konnektor, a k\u00e9nyelmes fotelek \u00e9s a lehet\u0151s\u00e9g, hogy a vil\u00e1g minden t\u00e1j\u00e1r\u00f3l j\u00f6v\u0151 utaz\u00f3kkal ismerkedj meg, egy\u00e9rtelm\u0171 v\u00e1laszt\u00e1ss\u00e1 teszik ezt a hotelt.<\/p>\n\n\n\n<figure data-wp-context=\"{&quot;imageId&quot;:&quot;6a95408ce4dda&quot;}\" data-wp-interactive=\"core\/image\" data-wp-key=\"6a95408ce4dda\" class=\"wp-block-image size-full wp-lightbox-container\"><img decoding=\"async\" width=\"1800\" height=\"1200\" data-wp-class--hide=\"state.isContentHidden\" data-wp-class--show=\"state.isContentVisible\" data-wp-init=\"callbacks.setButtonStyles\" data-wp-on--click=\"actions.showLightbox\" data-wp-on--load=\"callbacks.setButtonStyles\" data-wp-on--pointerdown=\"actions.preloadImage\" data-wp-on--pointerenter=\"actions.preloadImageWithDelay\" data-wp-on--pointerleave=\"actions.cancelPreload\" data-wp-on-window--resize=\"callbacks.setButtonStyles\" src=\"https:\/\/loudavymkrokem.cz\/wp-content\/uploads\/2026\/08\/ubytovani-toskansko-kamenny-statek.jpg\" alt=\"K\u0151gazdas\u00e1g ciprusokkal \u00e9s \u00e1polt kerttel\" class=\"wp-image-395131\" title=\"\" srcset=\"https:\/\/loudavymkrokem.cz\/wp-content\/uploads\/2026\/08\/ubytovani-toskansko-kamenny-statek.jpg 1800w, https:\/\/loudavymkrokem.cz\/wp-content\/uploads\/2026\/08\/ubytovani-toskansko-kamenny-statek-300x200.jpg 300w, https:\/\/loudavymkrokem.cz\/wp-content\/uploads\/2026\/08\/ubytovani-toskansko-kamenny-statek-700x467.jpg 700w, https:\/\/loudavymkrokem.cz\/wp-content\/uploads\/2026\/08\/ubytovani-toskansko-kamenny-statek-768x512.jpg 768w, https:\/\/loudavymkrokem.cz\/wp-content\/uploads\/2026\/08\/ubytovani-toskansko-kamenny-statek-1536x1024.jpg 1536w, https:\/\/loudavymkrokem.cz\/wp-content\/uploads\/2026\/08\/ubytovani-toskansko-kamenny-statek-696x464.jpg 696w, https:\/\/loudavymkrokem.cz\/wp-content\/uploads\/2026\/08\/ubytovani-toskansko-kamenny-statek-1392x928.jpg 1392w\" sizes=\"(max-width: 1800px) 100vw, 1800px\" \/><button\n\t\t\tclass=\"lightbox-trigger\"\n\t\t\ttype=\"button\"\n\t\t\taria-haspopup=\"dialog\"\n\t\t\tdata-wp-bind--aria-label=\"state.thisImage.triggerButtonAriaLabel\"\n\t\t\tdata-wp-init=\"callbacks.initTriggerButton\"\n\t\t\tdata-wp-on--click=\"actions.showLightbox\"\n\t\t\tdata-wp-style--right=\"state.thisImage.buttonRight\"\n\t\t\tdata-wp-style--top=\"state.thisImage.buttonTop\"\n\t\t>\n\t\t\t<svg xmlns=\"http:\/\/www.w3.org\/2000\/svg\" width=\"12\" height=\"12\" fill=\"none\" viewBox=\"0 0 12 12\">\n\t\t\t\t<path fill=\"#fff\" d=\"M2 0a2 2 0 0 0-2 2v2h1.5V2a.5.5 0 0 1 .5-.5h2V0H2Zm2 10.5H2a.5.5 0 0 1-.5-.5V8H0v2a2 2 0 0 0 2 2h2v-1.5ZM8 12v-1.5h2a.5.5 0 0 0 .5-.5V8H12v2a2 2 0 0 1-2 2H8Zm2-12a2 2 0 0 1 2 2v2h-1.5V2a.5.5 0 0 0-.5-.5H8V0h2Z\" \/>\n\t\t\t<\/svg>\n\t\t<\/button><\/figure>\n\n\n\n<h2 class=\"wp-block-heading\"><span class=\"ez-toc-section\" id=\"Autentikus_szallas_gazdasagok_kolostorok_es_boraszatok\"><\/span>Autentikus sz\u00e1ll\u00e1s: gazdas\u00e1gok, kolostorok \u00e9s bor\u00e1szatok<span class=\"ez-toc-section-end\"><\/span><\/h2>\n\n\n\n<p class=\"wp-block-paragraph\">Ha val\u00f3di vid\u00e9ki \u00e9lm\u00e9nyre, ciprusokra n\u00e9z\u0151 kil\u00e1t\u00e1sra \u00e9s pergola alatti reggelikre v\u00e1gysz, <strong>az agriturism\u00f3nak nevezett gazdas\u00e1gokon val\u00f3 sz\u00e1ll\u00e1s pontosan neked val\u00f3<\/strong>. A legt\u00f6bb ilyen gazdas\u00e1g ma is akt\u00edvan m\u0171k\u00f6dik, ol\u00edv\u00e1t termesztenek, saj\u00e1t bort k\u00e9sz\u00edtenek, \u00e9s este a h\u00e1z m\u00f6g\u00f6tt termett alapanyagokb\u00f3l t\u00e1lalnak \u00e9telt. Ha t\u00f6bb hasonl\u00f3 gazdas\u00e1got szeretn\u00e9l megismerni, n\u00e9zd meg k\u00fcl\u00f6n r\u00e9szletes cikk\u00fcnket: <a href=\"https:\/\/loudavymkrokem.cz\/hu\/olaszorszag-toszkana-agriturismo\/\">Agriturismo Toszk\u00e1n\u00e1ban: 20 tipp, \u00e1rak \u00e9s hogyan v\u00e1lassz<\/a>.<\/p>\n\n\n\n<p class=\"wp-block-paragraph\">Lejjebb t\u00edz csod\u00e1latos helyet tal\u00e1lsz, de <strong>figyeld j\u00f3l az elt\u00e9r\u0151 \u00e9rt\u00e9kel\u00e9si sk\u00e1l\u00e1kat<\/strong>. Az els\u0151 \u00f6t sz\u00e1ll\u00e1s Bookingr\u00f3l sz\u00e1rmaz\u00f3 \u00e9rt\u00e9kel\u00e9ssel b\u00edr egyt\u0151l t\u00edzig terjed\u0151 sk\u00e1l\u00e1n, m\u00edg a k\u00f6vetkez\u0151 \u00f6t exkluz\u00edv tipp Google Places-\u00e9rt\u00e9kel\u00e9ssel a sokkal szigor\u00fabb, egyt\u0151l \u00f6tig terjed\u0151 sk\u00e1l\u00e1n. Minden tipp azonban abszol\u00fat cs\u00facsot k\u00e9pvisel a maga ter\u00fclet\u00e9n.<\/p>\n\n\n\n<figure data-wp-context=\"{&quot;imageId&quot;:&quot;6a95408ce541d&quot;}\" data-wp-interactive=\"core\/image\" data-wp-key=\"6a95408ce541d\" class=\"wp-block-image size-full wp-lightbox-container\"><img decoding=\"async\" width=\"1800\" height=\"1200\" data-wp-class--hide=\"state.isContentHidden\" data-wp-class--show=\"state.isContentVisible\" data-wp-init=\"callbacks.setButtonStyles\" data-wp-on--click=\"actions.showLightbox\" data-wp-on--load=\"callbacks.setButtonStyles\" data-wp-on--pointerdown=\"actions.preloadImage\" data-wp-on--pointerenter=\"actions.preloadImageWithDelay\" data-wp-on--pointerleave=\"actions.cancelPreload\" data-wp-on-window--resize=\"callbacks.setButtonStyles\" src=\"https:\/\/loudavymkrokem.cz\/wp-content\/uploads\/2026\/08\/ubytovani-toskansko-ovce-pastvina.jpg\" alt=\"Birk\u00e1k a legel\u0151n egy toszk\u00e1n gazdas\u00e1g mellett\" class=\"wp-image-395133\" title=\"\" srcset=\"https:\/\/loudavymkrokem.cz\/wp-content\/uploads\/2026\/08\/ubytovani-toskansko-ovce-pastvina.jpg 1800w, https:\/\/loudavymkrokem.cz\/wp-content\/uploads\/2026\/08\/ubytovani-toskansko-ovce-pastvina-300x200.jpg 300w, https:\/\/loudavymkrokem.cz\/wp-content\/uploads\/2026\/08\/ubytovani-toskansko-ovce-pastvina-700x467.jpg 700w, https:\/\/loudavymkrokem.cz\/wp-content\/uploads\/2026\/08\/ubytovani-toskansko-ovce-pastvina-768x512.jpg 768w, https:\/\/loudavymkrokem.cz\/wp-content\/uploads\/2026\/08\/ubytovani-toskansko-ovce-pastvina-1536x1024.jpg 1536w, https:\/\/loudavymkrokem.cz\/wp-content\/uploads\/2026\/08\/ubytovani-toskansko-ovce-pastvina-696x464.jpg 696w, https:\/\/loudavymkrokem.cz\/wp-content\/uploads\/2026\/08\/ubytovani-toskansko-ovce-pastvina-1392x928.jpg 1392w\" sizes=\"(max-width: 1800px) 100vw, 1800px\" \/><button\n\t\t\tclass=\"lightbox-trigger\"\n\t\t\ttype=\"button\"\n\t\t\taria-haspopup=\"dialog\"\n\t\t\tdata-wp-bind--aria-label=\"state.thisImage.triggerButtonAriaLabel\"\n\t\t\tdata-wp-init=\"callbacks.initTriggerButton\"\n\t\t\tdata-wp-on--click=\"actions.showLightbox\"\n\t\t\tdata-wp-style--right=\"state.thisImage.buttonRight\"\n\t\t\tdata-wp-style--top=\"state.thisImage.buttonTop\"\n\t\t>\n\t\t\t<svg xmlns=\"http:\/\/www.w3.org\/2000\/svg\" width=\"12\" height=\"12\" fill=\"none\" viewBox=\"0 0 12 12\">\n\t\t\t\t<path fill=\"#fff\" d=\"M2 0a2 2 0 0 0-2 2v2h1.5V2a.5.5 0 0 1 .5-.5h2V0H2Zm2 10.5H2a.5.5 0 0 1-.5-.5V8H0v2a2 2 0 0 0 2 2h2v-1.5ZM8 12v-1.5h2a.5.5 0 0 0 .5-.5V8H12v2a2 2 0 0 1-2 2H8Zm2-12a2 2 0 0 1 2 2v2h-1.5V2a.5.5 0 0 0-.5-.5H8V0h2Z\" \/>\n\t\t\t<\/svg>\n\t\t<\/button><\/figure>\n\n\n\n<p class=\"wp-block-paragraph\">\ud83d\udc49 <strong>Foglal\u00e1s:<\/strong> <a href=\"https:\/\/www.stay22.com\/allez\/roam?aid=lukaskonecny&#038;campaign=ubytovani-toskansko&#038;hotelname=The+Social+Hub+Florence+Belfiore&#038;address=Florencie%2C+It%C3%A1lie\" target=\"_blank\" rel=\"noopener nofollow sponsored\">El\u00e9rhet\u0151s\u00e9g \u00e9s \u00e1rak ellen\u0151rz\u00e9se \u2014 The Social Hub Florence Belfiore<\/a><\/p>\n\n\n\n<h3 class=\"wp-block-heading\"><span class=\"ez-toc-section\" id=\"11_Fattoria_San_Donato_Booking\"><\/span>11. Fattoria San Donato (Booking)<span class=\"ez-toc-section-end\"><\/span><\/h3>\n\n\n\n<p class=\"wp-block-paragraph\">Ez a t\u00f6rt\u00e9nelmi gazdas\u00e1g a hull\u00e1mz\u00f3 dombok k\u00f6z\u00f6tt fekszik a h\u00edres San Gimignano v\u00e1roska k\u00f6zel\u00e9ben, \u00e9s <strong>ma is akt\u00edv mez\u0151gazdas\u00e1gi birtokk\u00e9nt m\u0171k\u00f6dik<\/strong>. A vend\u00e9gek az \u00e9rt\u00e9kel\u00e9sekben nagyon gyakran nevezik it\u00e1liai \u00fatjuk abszol\u00fat cs\u00facspontj\u00e1nak, els\u0151sorban a hihetetlen\u00fcl kedves tulajdonosoknak k\u00f6sz\u00f6nhet\u0151en, akik azonnal befogadnak a csal\u00e1dba, \u00e9s a fantasztikus h\u00e1zi \u00e9teleknek. A szob\u00e1k hagyom\u00e1nyos paraszti st\u00edlusban berendezettek, massz\u00edv f\u00e1val, terrakotta padl\u00f3val \u00e9s apr\u00f3 rusztikus r\u00e9szletekkel.<\/p>\n\n\n\n<p class=\"wp-block-paragraph\">Az esti \u00fcld\u00f6g\u00e9l\u00e9s a bels\u0151 udvarban egy poh\u00e1r helyi bor mellett, mik\u00f6zben a gazdas\u00e1g kuty\u00e1i szaladg\u00e1lnak k\u00f6r\u00fcl\u00f6tted, egyszer\u0171en felbecs\u00fclhetetlen. <strong>A Bookingon gy\u00f6ny\u00f6r\u0171, 9,3\/10-es \u00e9rt\u00e9kel\u00e9ssel b\u00edr<\/strong> t\u00f6bb mint \u00f6tsz\u00e1z v\u00e9lem\u00e9ny alapj\u00e1n. A tulajdonosok \u00fcgyelnek arra, hogy minden \u00e9tel a saj\u00e1t f\u00f6ldj\u00fckr\u0151l vagy helyi szomsz\u00e9dokt\u00f3l sz\u00e1rmazzon, teh\u00e1t h\u00e1zi sajtokra, ol\u00edvaolajra \u00e9s szeretettel termesztett friss z\u00f6lds\u00e9gre sz\u00e1m\u00edthatsz.<\/p>\n\n\n\n<p class=\"wp-block-paragraph\">\ud83d\udca1 <strong>Vacsora-tipp:<\/strong> Ha szereted a becs\u00fcletes olasz konyh\u00e1t, mindenk\u00e9pp fizess fel\u00e1rat a gazdas\u00e1gon elk\u00f6lt\u00f6tt vacsor\u00e1\u00e9rt. Hagyom\u00e1nyos csal\u00e1di recepteket f\u0151znek itt, \u00e9s a k\u00f6z\u00f6s asztalokn\u00e1l a csillagos \u00e9g alatti hangulat egyszer\u0171en var\u00e1zslatos.<\/p>\n\n\n\n<figure data-wp-context=\"{&quot;imageId&quot;:&quot;6a95408ce5ac0&quot;}\" data-wp-interactive=\"core\/image\" data-wp-key=\"6a95408ce5ac0\" class=\"wp-block-image size-full wp-lightbox-container\"><img decoding=\"async\" width=\"1800\" height=\"1278\" data-wp-class--hide=\"state.isContentHidden\" data-wp-class--show=\"state.isContentVisible\" data-wp-init=\"callbacks.setButtonStyles\" data-wp-on--click=\"actions.showLightbox\" data-wp-on--load=\"callbacks.setButtonStyles\" data-wp-on--pointerdown=\"actions.preloadImage\" data-wp-on--pointerenter=\"actions.preloadImageWithDelay\" data-wp-on--pointerleave=\"actions.cancelPreload\" data-wp-on-window--resize=\"callbacks.setButtonStyles\" src=\"https:\/\/loudavymkrokem.cz\/wp-content\/uploads\/2026\/08\/toskansko-clanky-ubytovani-toskansko-16.jpg\" alt=\"Kolostor kereng\u0151udvara\" class=\"wp-image-395003\" title=\"\" srcset=\"https:\/\/loudavymkrokem.cz\/wp-content\/uploads\/2026\/08\/toskansko-clanky-ubytovani-toskansko-16.jpg 1800w, https:\/\/loudavymkrokem.cz\/wp-content\/uploads\/2026\/08\/toskansko-clanky-ubytovani-toskansko-16-300x213.jpg 300w, https:\/\/loudavymkrokem.cz\/wp-content\/uploads\/2026\/08\/toskansko-clanky-ubytovani-toskansko-16-700x497.jpg 700w, https:\/\/loudavymkrokem.cz\/wp-content\/uploads\/2026\/08\/toskansko-clanky-ubytovani-toskansko-16-768x545.jpg 768w, https:\/\/loudavymkrokem.cz\/wp-content\/uploads\/2026\/08\/toskansko-clanky-ubytovani-toskansko-16-1536x1091.jpg 1536w, https:\/\/loudavymkrokem.cz\/wp-content\/uploads\/2026\/08\/toskansko-clanky-ubytovani-toskansko-16-696x494.jpg 696w, https:\/\/loudavymkrokem.cz\/wp-content\/uploads\/2026\/08\/toskansko-clanky-ubytovani-toskansko-16-1392x988.jpg 1392w\" sizes=\"(max-width: 1800px) 100vw, 1800px\" \/><button\n\t\t\tclass=\"lightbox-trigger\"\n\t\t\ttype=\"button\"\n\t\t\taria-haspopup=\"dialog\"\n\t\t\tdata-wp-bind--aria-label=\"state.thisImage.triggerButtonAriaLabel\"\n\t\t\tdata-wp-init=\"callbacks.initTriggerButton\"\n\t\t\tdata-wp-on--click=\"actions.showLightbox\"\n\t\t\tdata-wp-style--right=\"state.thisImage.buttonRight\"\n\t\t\tdata-wp-style--top=\"state.thisImage.buttonTop\"\n\t\t>\n\t\t\t<svg xmlns=\"http:\/\/www.w3.org\/2000\/svg\" width=\"12\" height=\"12\" fill=\"none\" viewBox=\"0 0 12 12\">\n\t\t\t\t<path fill=\"#fff\" d=\"M2 0a2 2 0 0 0-2 2v2h1.5V2a.5.5 0 0 1 .5-.5h2V0H2Zm2 10.5H2a.5.5 0 0 1-.5-.5V8H0v2a2 2 0 0 0 2 2h2v-1.5ZM8 12v-1.5h2a.5.5 0 0 0 .5-.5V8H12v2a2 2 0 0 1-2 2H8Zm2-12a2 2 0 0 1 2 2v2h-1.5V2a.5.5 0 0 0-.5-.5H8V0h2Z\" \/>\n\t\t\t<\/svg>\n\t\t<\/button><\/figure>\n\n\n\n<p class=\"wp-block-paragraph\">\ud83d\udc49 <strong>Foglal\u00e1s:<\/strong> <a href=\"https:\/\/www.stay22.com\/allez\/roam?aid=lukaskonecny&#038;campaign=ubytovani-toskansko&#038;hotelname=Fattoria+San+Donato&#038;address=San+Gimignano%2C+It%C3%A1lie\" target=\"_blank\" rel=\"noopener nofollow sponsored\">El\u00e9rhet\u0151s\u00e9g \u00e9s \u00e1rak ellen\u0151rz\u00e9se \u2014 Fattoria San Donato<\/a><\/p>\n\n\n\n<h3 class=\"wp-block-heading\"><span class=\"ez-toc-section\" id=\"12_Hotel_Pescille_Country_House_Booking\"><\/span>12. Hotel Pescille Country House (Booking)<span class=\"ez-toc-section-end\"><\/span><\/h3>\n\n\n\n<p class=\"wp-block-paragraph\">Ez a gy\u00f6ny\u00f6r\u0171 vid\u00e9ki h\u00e1z, <strong>amelynek \u00e9p\u00fclete m\u00e9g a m\u00e9ly k\u00f6z\u00e9pkorb\u00f3l ered<\/strong>, San Gimignano k\u0151tornyainak egyik legszebb kil\u00e1t\u00e1s\u00e1t k\u00edn\u00e1lja. A vend\u00e9gek az \u00e9rt\u00e9kel\u00e9sekben nem gy\u0151zik dics\u00e9rni a reggeliket, amelyeket a v\u00f6lgybe m\u00e9lyen bevil\u00e1g\u00edt\u00f3 panor\u00e1m\u00e1s teraszon szolg\u00e1lnak fel, valamint a vir\u00e1gos kerttel k\u00f6r\u00fclvett sz\u00e9p, tiszta medenc\u00e9t. A szob\u00e1k a t\u00f6rt\u00e9nelmi b\u00e1jt modern k\u00e9nyelemmel \u00f6tv\u00f6zik, \u00edgy semmiben nem szenvedsz hi\u00e1nyt.<\/p>\n\n\n\n<p class=\"wp-block-paragraph\"><strong>Az ir\u00e1ny\u00e1rak itt nagyj\u00e1b\u00f3l 168 \u20ac-t\u00f3l kezd\u0151dnek \u00e9jszak\u00e1nk\u00e9nt<\/strong>, ami teljesen megfelel a szolg\u00e1ltat\u00e1sok magas min\u0151s\u00e9g\u00e9nek \u00e9s az eg\u00e9sz hely t\u00f6rt\u00e9nelmi \u00e9rt\u00e9k\u00e9nek. A Bookingon ez a country house 9,1\/10-es \u00e9rt\u00e9kel\u00e9st tart tekint\u00e9lyes ezerh\u00e1romsz\u00e1z v\u00e9lem\u00e9nyb\u0151l. A sz\u00e1ll\u00e1s k\u00f6r\u00fcl olajfaligetek \u00e9s sz\u0151l\u0151\u00fcltetv\u00e9nyek ter\u00fclnek el, amelyek k\u00f6z\u00f6tt s\u00e9t\u00e1lhatsz, \u00e9s besz\u00edvhatod a toszk\u00e1n vid\u00e9k igazi eszenci\u00e1j\u00e1t.<\/p>\n\n\n\n<p class=\"wp-block-paragraph\">\ud83d\udca1 <strong>Tipp fot\u00f3soknak:<\/strong> A tornyos San Gimignano v\u00e1roska messzir\u0151l kora reggel n\u00e9z ki a legjobban, amikor a v\u00f6lgyb\u0151l k\u00f6nny\u0171 k\u00f6d emelkedik, vagy \u00e9ppen napnyugtakor. Ennek a hotelnek a terasz\u00e1r\u00f3l a legjobb felt\u00e9teleid lesznek a t\u00f6k\u00e9letes fot\u00f3khoz an\u00e9lk\u00fcl, hogy b\u00e1rhov\u00e1 \u00e1t kellene menned.<\/p>\n\n\n\n<figure data-wp-context=\"{&quot;imageId&quot;:&quot;6a95408ce6297&quot;}\" data-wp-interactive=\"core\/image\" data-wp-key=\"6a95408ce6297\" class=\"wp-block-image size-full wp-lightbox-container\"><img decoding=\"async\" width=\"1800\" height=\"1350\" data-wp-class--hide=\"state.isContentHidden\" data-wp-class--show=\"state.isContentVisible\" data-wp-init=\"callbacks.setButtonStyles\" data-wp-on--click=\"actions.showLightbox\" data-wp-on--load=\"callbacks.setButtonStyles\" data-wp-on--pointerdown=\"actions.preloadImage\" data-wp-on--pointerenter=\"actions.preloadImageWithDelay\" data-wp-on--pointerleave=\"actions.cancelPreload\" data-wp-on-window--resize=\"callbacks.setButtonStyles\" src=\"https:\/\/loudavymkrokem.cz\/wp-content\/uploads\/2026\/08\/toskansko-clanky-ubytovani-toskansko-17.jpg\" alt=\"Bor\u00e1szat pinc\u00e9je sz\u00e1ll\u00e1ssal\" class=\"wp-image-395004\" title=\"\" srcset=\"https:\/\/loudavymkrokem.cz\/wp-content\/uploads\/2026\/08\/toskansko-clanky-ubytovani-toskansko-17.jpg 1800w, https:\/\/loudavymkrokem.cz\/wp-content\/uploads\/2026\/08\/toskansko-clanky-ubytovani-toskansko-17-300x225.jpg 300w, https:\/\/loudavymkrokem.cz\/wp-content\/uploads\/2026\/08\/toskansko-clanky-ubytovani-toskansko-17-700x525.jpg 700w, https:\/\/loudavymkrokem.cz\/wp-content\/uploads\/2026\/08\/toskansko-clanky-ubytovani-toskansko-17-768x576.jpg 768w, https:\/\/loudavymkrokem.cz\/wp-content\/uploads\/2026\/08\/toskansko-clanky-ubytovani-toskansko-17-1536x1152.jpg 1536w, https:\/\/loudavymkrokem.cz\/wp-content\/uploads\/2026\/08\/toskansko-clanky-ubytovani-toskansko-17-80x60.jpg 80w, https:\/\/loudavymkrokem.cz\/wp-content\/uploads\/2026\/08\/toskansko-clanky-ubytovani-toskansko-17-160x120.jpg 160w, https:\/\/loudavymkrokem.cz\/wp-content\/uploads\/2026\/08\/toskansko-clanky-ubytovani-toskansko-17-696x522.jpg 696w, https:\/\/loudavymkrokem.cz\/wp-content\/uploads\/2026\/08\/toskansko-clanky-ubytovani-toskansko-17-1392x1044.jpg 1392w\" sizes=\"(max-width: 1800px) 100vw, 1800px\" \/><button\n\t\t\tclass=\"lightbox-trigger\"\n\t\t\ttype=\"button\"\n\t\t\taria-haspopup=\"dialog\"\n\t\t\tdata-wp-bind--aria-label=\"state.thisImage.triggerButtonAriaLabel\"\n\t\t\tdata-wp-init=\"callbacks.initTriggerButton\"\n\t\t\tdata-wp-on--click=\"actions.showLightbox\"\n\t\t\tdata-wp-style--right=\"state.thisImage.buttonRight\"\n\t\t\tdata-wp-style--top=\"state.thisImage.buttonTop\"\n\t\t>\n\t\t\t<svg xmlns=\"http:\/\/www.w3.org\/2000\/svg\" width=\"12\" height=\"12\" fill=\"none\" viewBox=\"0 0 12 12\">\n\t\t\t\t<path fill=\"#fff\" d=\"M2 0a2 2 0 0 0-2 2v2h1.5V2a.5.5 0 0 1 .5-.5h2V0H2Zm2 10.5H2a.5.5 0 0 1-.5-.5V8H0v2a2 2 0 0 0 2 2h2v-1.5ZM8 12v-1.5h2a.5.5 0 0 0 .5-.5V8H12v2a2 2 0 0 1-2 2H8Zm2-12a2 2 0 0 1 2 2v2h-1.5V2a.5.5 0 0 0-.5-.5H8V0h2Z\" \/>\n\t\t\t<\/svg>\n\t\t<\/button><\/figure>\n\n\n\n<p class=\"wp-block-paragraph\">\ud83d\udc49 <strong>Foglal\u00e1s:<\/strong> <a href=\"https:\/\/www.stay22.com\/allez\/roam?aid=lukaskonecny&#038;campaign=ubytovani-toskansko&#038;hotelname=Hotel+Pescille+Country+House&#038;address=San+Gimignano%2C+It%C3%A1lie\" target=\"_blank\" rel=\"noopener nofollow sponsored\">El\u00e9rhet\u0151s\u00e9g \u00e9s \u00e1rak ellen\u0151rz\u00e9se \u2014 Hotel Pescille Country House<\/a><\/p>\n\n\n\n<h3 class=\"wp-block-heading\"><span class=\"ez-toc-section\" id=\"13_Hotel_La_Collegiata_%E2%80%93_Adults_Only_Booking\"><\/span>13. Hotel La Collegiata \u2013 Adults Only (Booking)<span class=\"ez-toc-section-end\"><\/span><\/h3>\n\n\n\n<p class=\"wp-block-paragraph\">Ha kisgyerekek zsivaja n\u00e9lk\u00fcli romantik\u00e1t keresel a medenc\u00e9n\u00e9l, <strong>ez az 1587-b\u0151l sz\u00e1rmaz\u00f3 egykori ferences kolostor t\u00f6k\u00e9letes telital\u00e1lat<\/strong>. A szob\u00e1k meg\u0151rizt\u00e9k egyedi t\u00f6rt\u00e9nelmi jelleg\u00fcket az eredeti bolt\u00edves mennyezetekkel \u00e9s a neh\u00e9z b\u00fatorokkal, de minden modern k\u00e9nyelmet k\u00edn\u00e1lnak, amit egy cs\u00facshotelt\u0151l elv\u00e1rsz. Kint pedig egy gondosan \u00e1polt, elb\u0171v\u00f6l\u0151 renesz\u00e1nsz kert v\u00e1r r\u00e1d, amelyben egy k\u00f6nyvvel a kezedben s\u00e9t\u00e1lhatsz.<\/p>\n\n\n\n<p class=\"wp-block-paragraph\"><strong>Ez\u00e9rt az egyedi \u00e9lm\u00e9ny\u00e9rt az \u00e1rak t\u00e1j\u00e9koztat\u00f3 jelleggel 200 \u20ac-t\u00f3l kezd\u0151dnek \u00e9jszak\u00e1nk\u00e9nt<\/strong>, \u00e9s hidd el, minden elk\u00f6lt\u00f6tt eur\u00f3 meg\u00e9ri azt a mag\u00e1val ragad\u00f3 hangulatot. A Bookingon l\u00e9v\u0151 t\u00f6bb mint n\u00e9gysz\u00e1z \u00e9rt\u00e9kel\u00e9sb\u0151l er\u0151s 9,0\/10-et tart. A sz\u00e1ll\u00e1s adults only rendszerben m\u0171k\u00f6dik, ami abszol\u00fat csendet \u00e9s nyugalmat garant\u00e1l. A helyi \u00e9tterem r\u00e1ad\u00e1sul kiv\u00e1l\u00f3 k\u00f3stol\u00f3men\u00fct k\u00edn\u00e1l a legjobb region\u00e1lis borokkal p\u00e1ros\u00edtva.<\/p>\n\n\n\n<p class=\"wp-block-paragraph\">\ud83d\udca1 <strong>Esti tipp:<\/strong> Az \u00e9p\u00fclet t\u00f6rt\u00e9nelmi jellege k\u00fcl\u00f6n\u00f6sen hat\u00e1sos s\u00f6t\u00e9ted\u00e9s ut\u00e1n, amikor a kolostort finoman megvil\u00e1g\u00edtj\u00e1k. Vegy\u00e9l egy poh\u00e1r bort a b\u00e1rb\u00f3l, \u00e9s \u00fclj le a bels\u0151 udvarban, ahol egykor szerzetesek medit\u00e1ltak, hihetetlen\u00fcl er\u0151s \u00e9lm\u00e9ny.<\/p>\n\n\n\n<figure data-wp-context=\"{&quot;imageId&quot;:&quot;6a95408ce69c0&quot;}\" data-wp-interactive=\"core\/image\" data-wp-key=\"6a95408ce69c0\" class=\"wp-block-image size-full wp-lightbox-container\"><img decoding=\"async\" width=\"1800\" height=\"1201\" data-wp-class--hide=\"state.isContentHidden\" data-wp-class--show=\"state.isContentVisible\" data-wp-init=\"callbacks.setButtonStyles\" data-wp-on--click=\"actions.showLightbox\" data-wp-on--load=\"callbacks.setButtonStyles\" data-wp-on--pointerdown=\"actions.preloadImage\" data-wp-on--pointerenter=\"actions.preloadImageWithDelay\" data-wp-on--pointerleave=\"actions.cancelPreload\" data-wp-on-window--resize=\"callbacks.setButtonStyles\" src=\"https:\/\/loudavymkrokem.cz\/wp-content\/uploads\/2026\/08\/ubytovani-toskansko-pokoj-tramy.jpg\" alt=\"Gerend\u00e1s mennyezet\u0171 szoba egy gazdas\u00e1gban\" class=\"wp-image-395135\" title=\"\" srcset=\"https:\/\/loudavymkrokem.cz\/wp-content\/uploads\/2026\/08\/ubytovani-toskansko-pokoj-tramy.jpg 1800w, https:\/\/loudavymkrokem.cz\/wp-content\/uploads\/2026\/08\/ubytovani-toskansko-pokoj-tramy-300x200.jpg 300w, https:\/\/loudavymkrokem.cz\/wp-content\/uploads\/2026\/08\/ubytovani-toskansko-pokoj-tramy-700x467.jpg 700w, https:\/\/loudavymkrokem.cz\/wp-content\/uploads\/2026\/08\/ubytovani-toskansko-pokoj-tramy-768x512.jpg 768w, https:\/\/loudavymkrokem.cz\/wp-content\/uploads\/2026\/08\/ubytovani-toskansko-pokoj-tramy-1536x1025.jpg 1536w, https:\/\/loudavymkrokem.cz\/wp-content\/uploads\/2026\/08\/ubytovani-toskansko-pokoj-tramy-696x464.jpg 696w, https:\/\/loudavymkrokem.cz\/wp-content\/uploads\/2026\/08\/ubytovani-toskansko-pokoj-tramy-1392x929.jpg 1392w\" sizes=\"(max-width: 1800px) 100vw, 1800px\" \/><button\n\t\t\tclass=\"lightbox-trigger\"\n\t\t\ttype=\"button\"\n\t\t\taria-haspopup=\"dialog\"\n\t\t\tdata-wp-bind--aria-label=\"state.thisImage.triggerButtonAriaLabel\"\n\t\t\tdata-wp-init=\"callbacks.initTriggerButton\"\n\t\t\tdata-wp-on--click=\"actions.showLightbox\"\n\t\t\tdata-wp-style--right=\"state.thisImage.buttonRight\"\n\t\t\tdata-wp-style--top=\"state.thisImage.buttonTop\"\n\t\t>\n\t\t\t<svg xmlns=\"http:\/\/www.w3.org\/2000\/svg\" width=\"12\" height=\"12\" fill=\"none\" viewBox=\"0 0 12 12\">\n\t\t\t\t<path fill=\"#fff\" d=\"M2 0a2 2 0 0 0-2 2v2h1.5V2a.5.5 0 0 1 .5-.5h2V0H2Zm2 10.5H2a.5.5 0 0 1-.5-.5V8H0v2a2 2 0 0 0 2 2h2v-1.5ZM8 12v-1.5h2a.5.5 0 0 0 .5-.5V8H12v2a2 2 0 0 1-2 2H8Zm2-12a2 2 0 0 1 2 2v2h-1.5V2a.5.5 0 0 0-.5-.5H8V0h2Z\" \/>\n\t\t\t<\/svg>\n\t\t<\/button><\/figure>\n\n\n\n<p class=\"wp-block-paragraph\">\ud83d\udc49 <strong>Foglal\u00e1s:<\/strong> <a href=\"https:\/\/www.stay22.com\/allez\/roam?aid=lukaskonecny&#038;campaign=ubytovani-toskansko&#038;hotelname=Hotel+La+Collegiata&#038;address=San+Gimignano%2C+It%C3%A1lie\" target=\"_blank\" rel=\"noopener nofollow sponsored\">El\u00e9rhet\u0151s\u00e9g \u00e9s \u00e1rak ellen\u0151rz\u00e9se \u2014 Hotel La Collegiata<\/a><\/p>\n\n\n\n<h3 class=\"wp-block-heading\"><span class=\"ez-toc-section\" id=\"14_Torciano_Hotel_Wine_Winery_Booking\"><\/span>14. Torciano Hotel Wine &#038; Winery (Booking)<span class=\"ez-toc-section-end\"><\/span><\/h3>\n\n\n\n<p class=\"wp-block-paragraph\">Ez a sz\u00e1ll\u00e1s minden j\u00f3 gasztron\u00f3mi\u00e1t szeret\u0151 embert meg\u00f6rvendeztet, mert egy <strong>cs\u00facsmin\u0151s\u00e9g\u0171 bor\u00e1szatr\u00f3l van sz\u00f3 saj\u00e1t butikhotellel, egyenesen a z\u00f6ld sz\u0151l\u0151\u00fcltetv\u00e9nyek k\u00f6z\u00f6tt<\/strong>. A vend\u00e9g\u00e9rt\u00e9kel\u00e9sek tele vannak v\u00e9gtelen dics\u00e9rettel a profi bork\u00f3stol\u00f3kr\u00f3l, a k\u00f6rnyez\u0151 k\u00f6z\u00e9pkori falvakba szervezett remek transzferekr\u0151l \u00e9s arr\u00f3l a csod\u00e1latos lehet\u0151s\u00e9gr\u0151l, hogy az ikonikus Vespa robog\u00f3t egyenesen a recepci\u00f3n lehet k\u00f6lcs\u00f6n\u00f6zni. A szob\u00e1k nagyon eleg\u00e1nsak, t\u00e1gasak, \u00e9s fa- meg tisztas\u00e1gillat\u00faak.<\/p>\n\n\n\n<p class=\"wp-block-paragraph\"><strong>T\u00e1j\u00e9koztat\u00f3 jelleggel 190 \u20ac-t\u00f3l fizetsz itt \u00e9jszak\u00e1nk\u00e9nt<\/strong>, mik\u00f6zben az \u00e1rban gyakran benne van \u00e9ppen az az els\u0151rang\u00fa vend\u00e9ggondoz\u00e1s is, amelyr\u0151l ez a hely h\u00edres. A Bookingon 9,4\/10-es \u00e9rt\u00e9kel\u00e9ssel b\u00fcszk\u00e9lkedik. A bor\u00e1szatot birtokl\u00f3 csal\u00e1d v\u00e9gigvezet a bork\u00e9sz\u00edt\u00e9s teljes folyamat\u00e1n, este pedig kiv\u00e1l\u00f3 helyi specialit\u00e1sokat t\u00e1lalnak, amelyekn\u00e9l azt k\u00edv\u00e1nod, b\u00e1r sose \u00e9rne v\u00e9get a lakoma.<\/p>\n\n\n\n<p class=\"wp-block-paragraph\">\ud83d\udca1 <strong>Kir\u00e1ndul\u00e1s-tipp:<\/strong> A Vespa k\u00f6lcs\u00f6nz\u00e9se abszol\u00fat k\u00f6telez\u0151. Sz\u00e9lbe borzolt hajjal v\u00e9gigsuhanni a v\u00e9gtelen sz\u0151l\u0151sorok k\u00f6z\u00f6tt, majd meg\u00e1llni egy eldugott faluban egy d\u00e9lut\u00e1ni espress\u00f3ra olyan \u00e9lm\u00e9ny, amely egyszer\u0171en elv\u00e1laszthatatlanul hozz\u00e1tartozik Olaszorsz\u00e1ghoz.<\/p>\n\n\n\n<figure data-wp-context=\"{&quot;imageId&quot;:&quot;6a95408ce6f0d&quot;}\" data-wp-interactive=\"core\/image\" data-wp-key=\"6a95408ce6f0d\" class=\"wp-block-image size-full wp-lightbox-container\"><img decoding=\"async\" width=\"1800\" height=\"1200\" data-wp-class--hide=\"state.isContentHidden\" data-wp-class--show=\"state.isContentVisible\" data-wp-init=\"callbacks.setButtonStyles\" data-wp-on--click=\"actions.showLightbox\" data-wp-on--load=\"callbacks.setButtonStyles\" data-wp-on--pointerdown=\"actions.preloadImage\" data-wp-on--pointerenter=\"actions.preloadImageWithDelay\" data-wp-on--pointerleave=\"actions.cancelPreload\" data-wp-on-window--resize=\"callbacks.setButtonStyles\" src=\"https:\/\/loudavymkrokem.cz\/wp-content\/uploads\/2026\/08\/toskansko-clanky-ubytovani-toskansko-19.jpg\" alt=\"H\u00e1zi reggeli keny\u00e9rrel \u00e9s lekv\u00e1rral\" class=\"wp-image-395006\" title=\"\" srcset=\"https:\/\/loudavymkrokem.cz\/wp-content\/uploads\/2026\/08\/toskansko-clanky-ubytovani-toskansko-19.jpg 1800w, https:\/\/loudavymkrokem.cz\/wp-content\/uploads\/2026\/08\/toskansko-clanky-ubytovani-toskansko-19-300x200.jpg 300w, https:\/\/loudavymkrokem.cz\/wp-content\/uploads\/2026\/08\/toskansko-clanky-ubytovani-toskansko-19-700x467.jpg 700w, https:\/\/loudavymkrokem.cz\/wp-content\/uploads\/2026\/08\/toskansko-clanky-ubytovani-toskansko-19-768x512.jpg 768w, https:\/\/loudavymkrokem.cz\/wp-content\/uploads\/2026\/08\/toskansko-clanky-ubytovani-toskansko-19-1536x1024.jpg 1536w, https:\/\/loudavymkrokem.cz\/wp-content\/uploads\/2026\/08\/toskansko-clanky-ubytovani-toskansko-19-696x464.jpg 696w, https:\/\/loudavymkrokem.cz\/wp-content\/uploads\/2026\/08\/toskansko-clanky-ubytovani-toskansko-19-1392x928.jpg 1392w\" sizes=\"(max-width: 1800px) 100vw, 1800px\" \/><button\n\t\t\tclass=\"lightbox-trigger\"\n\t\t\ttype=\"button\"\n\t\t\taria-haspopup=\"dialog\"\n\t\t\tdata-wp-bind--aria-label=\"state.thisImage.triggerButtonAriaLabel\"\n\t\t\tdata-wp-init=\"callbacks.initTriggerButton\"\n\t\t\tdata-wp-on--click=\"actions.showLightbox\"\n\t\t\tdata-wp-style--right=\"state.thisImage.buttonRight\"\n\t\t\tdata-wp-style--top=\"state.thisImage.buttonTop\"\n\t\t>\n\t\t\t<svg xmlns=\"http:\/\/www.w3.org\/2000\/svg\" width=\"12\" height=\"12\" fill=\"none\" viewBox=\"0 0 12 12\">\n\t\t\t\t<path fill=\"#fff\" d=\"M2 0a2 2 0 0 0-2 2v2h1.5V2a.5.5 0 0 1 .5-.5h2V0H2Zm2 10.5H2a.5.5 0 0 1-.5-.5V8H0v2a2 2 0 0 0 2 2h2v-1.5ZM8 12v-1.5h2a.5.5 0 0 0 .5-.5V8H12v2a2 2 0 0 1-2 2H8Zm2-12a2 2 0 0 1 2 2v2h-1.5V2a.5.5 0 0 0-.5-.5H8V0h2Z\" \/>\n\t\t\t<\/svg>\n\t\t<\/button><\/figure>\n\n\n\n<p class=\"wp-block-paragraph\">\ud83d\udc49 <strong>Foglal\u00e1s:<\/strong> <a href=\"https:\/\/www.stay22.com\/allez\/roam?aid=lukaskonecny&#038;campaign=ubytovani-toskansko&#038;hotelname=Torciano+Hotel+Wine+%26+Winery&#038;address=San+Gimignano%2C+It%C3%A1lie\" target=\"_blank\" rel=\"noopener nofollow sponsored\">El\u00e9rhet\u0151s\u00e9g \u00e9s \u00e1rak ellen\u0151rz\u00e9se \u2014 Torciano Hotel Wine &#038; Winery<\/a><\/p>\n\n\n\n<h3 class=\"wp-block-heading\"><span class=\"ez-toc-section\" id=\"15_Agriturismo_I_Pini_Booking\"><\/span>15. Agriturismo I Pini (Booking)<span class=\"ez-toc-section-end\"><\/span><\/h3>\n\n\n\n<p class=\"wp-block-paragraph\">Ez a nagyon kicsi \u00e9s els\u0151 pillant\u00e1sra szer\u00e9ny csal\u00e1di agriturismo a ny\u00fczsg\u0151 San Gimignano k\u00f6zel\u00e9ben fekszik, \u00e9s <strong>t\u00f6k\u00e9letesen ide\u00e1lis azoknak, akik abszol\u00fat elszigetelts\u00e9gre \u00e9s a k\u00fclvil\u00e1gt\u00f3l val\u00f3 nyugalomra v\u00e1gynak<\/strong>. Az \u00e9rt\u00e9kel\u0151k nagyon kiemelik a b\u0151s\u00e9ges h\u00e1zi reggeliket, amelyeket a h\u00e1ziasszony minden reggel frissen, f\u0151leg saj\u00e1t helyi alapanyagokb\u00f3l k\u00e9sz\u00edt, valamint a rendk\u00edv\u00fcl szem\u00e9lyes hozz\u00e1\u00e1ll\u00e1st a vend\u00e9gekhez. Ez az a hely, ahol az els\u0151 nap ut\u00e1n ink\u00e1bb \u00fagy \u00e9rzed magad, mintha j\u00f3 ismer\u0151s\u00f6kn\u00e9l lenn\u00e9l a nyaral\u00f3jukban.<\/p>\n\n\n\n<p class=\"wp-block-paragraph\">Kisebb, korl\u00e1tozott kapacit\u00e1s\u00fa sz\u00e1ll\u00e1sr\u00f3l van sz\u00f3, teh\u00e1t a <strong>helyet nagy el\u0151rel\u00e1t\u00e1ssal kell lefoglalnod<\/strong>, k\u00fcl\u00f6n\u00f6sen a ny\u00e1ri sz\u00fcnetre. A Bookingon szinte t\u00f6k\u00e9letes, 9,3\/10-es \u00e9rt\u00e9kel\u00e9ssel b\u00edr. Az eg\u00e9sz gazdas\u00e1g teljes \u00f6sszhangban m\u0171k\u00f6dik a term\u00e9szettel, \u00e9s a tulajdonosok sz\u00edvesen megmutatj\u00e1k, hogyan gondozz\u00e1k az olajf\u00e1ikat \u00e9s a kis kertj\u00fcket, ahonnan az asztalodra ker\u00fcl\u0151 alapanyagok sz\u00e1rmaznak.<\/p>\n\n\n\n<p class=\"wp-block-paragraph\">\ud83d\udca1 <strong>Tipp veget\u00e1ri\u00e1nusoknak:<\/strong> Ha nem eszel h\u00fast, itt a mennyorsz\u00e1gban leszel. A h\u00e1ziasszony hihetetlen fog\u00e1sokat var\u00e1zsol friss z\u00f6lds\u00e9gb\u0151l, sajtb\u00f3l \u00e9s t\u00e9szt\u00e1b\u00f3l, csak el\u0151re jelezned kell az \u00e9tkez\u00e9si preferenci\u00e1idat, a t\u00f6bbir\u0151l \u0151k gondoskodnak.<\/p>\n\n\n\n<figure data-wp-context=\"{&quot;imageId&quot;:&quot;6a95408ce733e&quot;}\" data-wp-interactive=\"core\/image\" data-wp-key=\"6a95408ce733e\" class=\"wp-block-image size-full wp-lightbox-container\"><img decoding=\"async\" width=\"1800\" height=\"1200\" data-wp-class--hide=\"state.isContentHidden\" data-wp-class--show=\"state.isContentVisible\" data-wp-init=\"callbacks.setButtonStyles\" data-wp-on--click=\"actions.showLightbox\" data-wp-on--load=\"callbacks.setButtonStyles\" data-wp-on--pointerdown=\"actions.preloadImage\" data-wp-on--pointerenter=\"actions.preloadImageWithDelay\" data-wp-on--pointerleave=\"actions.cancelPreload\" data-wp-on-window--resize=\"callbacks.setButtonStyles\" src=\"https:\/\/loudavymkrokem.cz\/wp-content\/uploads\/2026\/08\/ubytovani-toskansko-statek-vinice.jpg\" alt=\"Gazdas\u00e1g a sz\u0151l\u0151sorok k\u00f6z\u00f6tt\" class=\"wp-image-395137\" title=\"\" srcset=\"https:\/\/loudavymkrokem.cz\/wp-content\/uploads\/2026\/08\/ubytovani-toskansko-statek-vinice.jpg 1800w, https:\/\/loudavymkrokem.cz\/wp-content\/uploads\/2026\/08\/ubytovani-toskansko-statek-vinice-300x200.jpg 300w, https:\/\/loudavymkrokem.cz\/wp-content\/uploads\/2026\/08\/ubytovani-toskansko-statek-vinice-700x467.jpg 700w, https:\/\/loudavymkrokem.cz\/wp-content\/uploads\/2026\/08\/ubytovani-toskansko-statek-vinice-768x512.jpg 768w, https:\/\/loudavymkrokem.cz\/wp-content\/uploads\/2026\/08\/ubytovani-toskansko-statek-vinice-1536x1024.jpg 1536w, https:\/\/loudavymkrokem.cz\/wp-content\/uploads\/2026\/08\/ubytovani-toskansko-statek-vinice-696x464.jpg 696w, https:\/\/loudavymkrokem.cz\/wp-content\/uploads\/2026\/08\/ubytovani-toskansko-statek-vinice-1392x928.jpg 1392w\" sizes=\"(max-width: 1800px) 100vw, 1800px\" \/><button\n\t\t\tclass=\"lightbox-trigger\"\n\t\t\ttype=\"button\"\n\t\t\taria-haspopup=\"dialog\"\n\t\t\tdata-wp-bind--aria-label=\"state.thisImage.triggerButtonAriaLabel\"\n\t\t\tdata-wp-init=\"callbacks.initTriggerButton\"\n\t\t\tdata-wp-on--click=\"actions.showLightbox\"\n\t\t\tdata-wp-style--right=\"state.thisImage.buttonRight\"\n\t\t\tdata-wp-style--top=\"state.thisImage.buttonTop\"\n\t\t>\n\t\t\t<svg xmlns=\"http:\/\/www.w3.org\/2000\/svg\" width=\"12\" height=\"12\" fill=\"none\" viewBox=\"0 0 12 12\">\n\t\t\t\t<path fill=\"#fff\" d=\"M2 0a2 2 0 0 0-2 2v2h1.5V2a.5.5 0 0 1 .5-.5h2V0H2Zm2 10.5H2a.5.5 0 0 1-.5-.5V8H0v2a2 2 0 0 0 2 2h2v-1.5ZM8 12v-1.5h2a.5.5 0 0 0 .5-.5V8H12v2a2 2 0 0 1-2 2H8Zm2-12a2 2 0 0 1 2 2v2h-1.5V2a.5.5 0 0 0-.5-.5H8V0h2Z\" \/>\n\t\t\t<\/svg>\n\t\t<\/button><\/figure>\n\n\n\n<p class=\"wp-block-paragraph\">\ud83d\udc49 <strong>Foglal\u00e1s:<\/strong> <a href=\"https:\/\/www.stay22.com\/allez\/roam?aid=lukaskonecny&#038;campaign=ubytovani-toskansko&#038;hotelname=Agriturismo+I+Pini&#038;address=San+Gimignano%2C+It%C3%A1lie\" target=\"_blank\" rel=\"noopener nofollow sponsored\">El\u00e9rhet\u0151s\u00e9g \u00e9s \u00e1rak ellen\u0151rz\u00e9se \u2014 Agriturismo I Pini<\/a><\/p>\n\n\n\n<h3 class=\"wp-block-heading\"><span class=\"ez-toc-section\" id=\"16_Fattoria_Poggio_Alloro_Google\"><\/span>16. Fattoria Poggio Alloro (Google)<span class=\"ez-toc-section-end\"><\/span><\/h3>\n\n\n\n<p class=\"wp-block-paragraph\">Ez a nagy, m\u0171k\u00f6d\u0151 gazdas\u00e1g San Gimignano k\u00f6zel\u00e9ben abszol\u00fat helyi unikum, mert <strong>a tulajdonosok itt saj\u00e1t, ritka s\u00e1fr\u00e1nyt termesztenek \u00e9s a h\u00edres Vernaccia feh\u00e9rbort k\u00e9sz\u00edtik<\/strong>. Ha itt felszolg\u00e1lt vacsor\u00e1t fizetsz, amit a vend\u00e9gek az \u00e9rt\u00e9kel\u00e9sekben melegen \u00e9s ism\u00e9telten aj\u00e1nlanak, sz\u00f3 szerint az ablak m\u00f6g\u00f6tti mez\u0151r\u0151l ker\u00fcl az alapanyag az asztalodra. A csal\u00e1d m\u00e1r t\u00f6bb gener\u00e1ci\u00f3 \u00f3ta foglalkozik a gazd\u00e1lkod\u00e1ssal, \u00e9s a mesters\u00e9g ir\u00e1nti \u00f3ri\u00e1si szeretet\u00fck minden falatb\u00f3l \u00e9rz\u0151dik.<\/p>\n\n\n\n<p class=\"wp-block-paragraph\">A hatalmas medenc\u00e9b\u0151l r\u00e1ad\u00e1sul ikonikus \u00e9s semmi \u00e1ltal nem zavart kil\u00e1t\u00e1s ny\u00edlik egyenesen a k\u00f6zeli v\u00e1ros k\u00f6z\u00e9pkori k\u0151tornyaira. <strong>A Google Places-en ez a gazdas\u00e1g fantasztikus, 4,8\/5-\u00f6s \u00e9rt\u00e9kel\u00e9ssel b\u00edr<\/strong> csod\u00e1latos ezerkilencsz\u00e1z v\u00e9lem\u00e9nyb\u0151l. A hangulat itt nagyon \u00e9l\u00e9nk, mert a gazdas\u00e1g napk\u00f6zben a mez\u0151gazdas\u00e1gi munk\u00e1k miatt el\u00e9gg\u00e9 ny\u00fczsg\u0151, de este minden lecsendesedik a t\u00f6k\u00e9letes vid\u00e9ki idillbe.<\/p>\n\n\n\n<p class=\"wp-block-paragraph\">\ud83d\udca1 <strong>V\u00e1s\u00e1rl\u00e1si tipp:<\/strong> Ne t\u00e1vozz innen an\u00e9lk\u00fcl, hogy v\u00e1s\u00e1roln\u00e1l a kis farmboltjukban. Egy \u00fcvegcse saj\u00e1t ol\u00edvaolaj vagy egy doboz s\u00e1fr\u00e1ny a legjobb szuven\u00edr, amit Toszk\u00e1n\u00e1b\u00f3l hazavihetsz.<\/p>\n\n\n\n<figure data-wp-context=\"{&quot;imageId&quot;:&quot;6a95408ce775d&quot;}\" data-wp-interactive=\"core\/image\" data-wp-key=\"6a95408ce775d\" class=\"wp-block-image size-full wp-lightbox-container\"><img decoding=\"async\" width=\"1800\" height=\"1200\" data-wp-class--hide=\"state.isContentHidden\" data-wp-class--show=\"state.isContentVisible\" data-wp-init=\"callbacks.setButtonStyles\" data-wp-on--click=\"actions.showLightbox\" data-wp-on--load=\"callbacks.setButtonStyles\" data-wp-on--pointerdown=\"actions.preloadImage\" data-wp-on--pointerenter=\"actions.preloadImageWithDelay\" data-wp-on--pointerleave=\"actions.cancelPreload\" data-wp-on-window--resize=\"callbacks.setButtonStyles\" src=\"https:\/\/loudavymkrokem.cz\/wp-content\/uploads\/2026\/08\/toskansko-clanky-ubytovani-toskansko-21.jpg\" alt=\"Sz\u00e1ll\u00e1s az olajf\u00e1k k\u00f6z\u00f6tt\" class=\"wp-image-395008\" title=\"\" srcset=\"https:\/\/loudavymkrokem.cz\/wp-content\/uploads\/2026\/08\/toskansko-clanky-ubytovani-toskansko-21.jpg 1800w, https:\/\/loudavymkrokem.cz\/wp-content\/uploads\/2026\/08\/toskansko-clanky-ubytovani-toskansko-21-300x200.jpg 300w, https:\/\/loudavymkrokem.cz\/wp-content\/uploads\/2026\/08\/toskansko-clanky-ubytovani-toskansko-21-700x467.jpg 700w, https:\/\/loudavymkrokem.cz\/wp-content\/uploads\/2026\/08\/toskansko-clanky-ubytovani-toskansko-21-768x512.jpg 768w, https:\/\/loudavymkrokem.cz\/wp-content\/uploads\/2026\/08\/toskansko-clanky-ubytovani-toskansko-21-1536x1024.jpg 1536w, https:\/\/loudavymkrokem.cz\/wp-content\/uploads\/2026\/08\/toskansko-clanky-ubytovani-toskansko-21-696x464.jpg 696w, https:\/\/loudavymkrokem.cz\/wp-content\/uploads\/2026\/08\/toskansko-clanky-ubytovani-toskansko-21-1392x928.jpg 1392w\" sizes=\"(max-width: 1800px) 100vw, 1800px\" \/><button\n\t\t\tclass=\"lightbox-trigger\"\n\t\t\ttype=\"button\"\n\t\t\taria-haspopup=\"dialog\"\n\t\t\tdata-wp-bind--aria-label=\"state.thisImage.triggerButtonAriaLabel\"\n\t\t\tdata-wp-init=\"callbacks.initTriggerButton\"\n\t\t\tdata-wp-on--click=\"actions.showLightbox\"\n\t\t\tdata-wp-style--right=\"state.thisImage.buttonRight\"\n\t\t\tdata-wp-style--top=\"state.thisImage.buttonTop\"\n\t\t>\n\t\t\t<svg xmlns=\"http:\/\/www.w3.org\/2000\/svg\" width=\"12\" height=\"12\" fill=\"none\" viewBox=\"0 0 12 12\">\n\t\t\t\t<path fill=\"#fff\" d=\"M2 0a2 2 0 0 0-2 2v2h1.5V2a.5.5 0 0 1 .5-.5h2V0H2Zm2 10.5H2a.5.5 0 0 1-.5-.5V8H0v2a2 2 0 0 0 2 2h2v-1.5ZM8 12v-1.5h2a.5.5 0 0 0 .5-.5V8H12v2a2 2 0 0 1-2 2H8Zm2-12a2 2 0 0 1 2 2v2h-1.5V2a.5.5 0 0 0-.5-.5H8V0h2Z\" \/>\n\t\t\t<\/svg>\n\t\t<\/button><\/figure>\n\n\n\n<p class=\"wp-block-paragraph\">\ud83d\udc49 <strong>Foglal\u00e1s:<\/strong> <a href=\"https:\/\/www.stay22.com\/allez\/roam?aid=lukaskonecny&#038;campaign=ubytovani-toskansko&#038;hotelname=Fattoria+Poggio+Alloro&#038;address=San+Gimignano%2C+It%C3%A1lie\" target=\"_blank\" rel=\"noopener nofollow sponsored\">El\u00e9rhet\u0151s\u00e9g \u00e9s \u00e1rak ellen\u0151rz\u00e9se \u2014 Fattoria Poggio Alloro<\/a><\/p>\n\n\n\n<h3 class=\"wp-block-heading\"><span class=\"ez-toc-section\" id=\"17_Agriturismo_il_Rigo_Google\"><\/span>17. Agriturismo il Rigo (Google)<span class=\"ez-toc-section-end\"><\/span><\/h3>\n\n\n\n<p class=\"wp-block-paragraph\">Ha a fejedben \u00e9l az a klasszikus fot\u00f3 a toszk\u00e1n t\u00e1jr\u00f3l a hull\u00e1mz\u00f3 dombokkal \u00e9s a mag\u00e1nyos ciprusokkal, <strong>ez a San Quirico d&#8217;Orcia melletti gazdas\u00e1g pontosan ezeknek az ikonikus l\u00e1tk\u00e9peknek a k\u00f6zep\u00e9n fekszik<\/strong>. A vend\u00e9gek az \u00e9rt\u00e9kel\u00e9sekben im\u00e1dj\u00e1k a hossz\u00fa esti s\u00e9t\u00e1kat a k\u00f6rnyez\u0151 poros d\u0171l\u0151utakon \u00e9s a teljesen lefegyverz\u0151 csendet, amely itt s\u00f6t\u00e9ted\u00e9s ut\u00e1n uralkodik. Ez a Val d&#8217;Orcia vid\u00e9k igazi, hamis\u00edtatlan eszenci\u00e1ja, amelyet az utad sor\u00e1n nem szabad kihagynod.<\/p>\n\n\n\n<p class=\"wp-block-paragraph\"><strong>A Google Places-en a gazdas\u00e1g sz\u00e9p, 4,8\/5-\u00f6s \u00e9rt\u00e9kel\u00e9st tart<\/strong> t\u00f6bb mint h\u00e1romsz\u00e1z vend\u00e9gt\u0151l. A szob\u00e1k hihetetlen \u00e9rz\u00e9kkel, a r\u00e9szletekre figyelve vannak berendezve, mindenhol friss vir\u00e1gokat \u00e9s antik b\u00fatorokat tal\u00e1lsz, amelyek t\u00f6k\u00e9letesen illenek az eg\u00e9sz koncepci\u00f3ba. A reggelit a teraszon szolg\u00e1lj\u00e1k fel egy olyan kil\u00e1t\u00e1ssal, amit azonnal k\u00e9peslapra lehetne nyomtatni.<\/p>\n\n\n\n<p class=\"wp-block-paragraph\">\ud83d\udca1 <strong>Tipp a csend szerelmeseinek:<\/strong> A sz\u00e1ll\u00e1s sz\u00e1nd\u00e9kosan t\u00e9v\u00e9mentes a szob\u00e1kban. A tulajdonosok azt szeretn\u00e9k, hogy a vend\u00e9gek t\u00e9nyleg pihenjenek, hallgass\u00e1k a term\u00e9szet hangjait, \u00e9s egy id\u0151re lecsatlakozzanak a mindennapi digit\u00e1lis stresszr\u0151l.<\/p>\n\n\n\n<figure data-wp-context=\"{&quot;imageId&quot;:&quot;6a95408ce7bbf&quot;}\" data-wp-interactive=\"core\/image\" data-wp-key=\"6a95408ce7bbf\" class=\"wp-block-image size-full wp-lightbox-container\"><img decoding=\"async\" width=\"1800\" height=\"1350\" data-wp-class--hide=\"state.isContentHidden\" data-wp-class--show=\"state.isContentVisible\" data-wp-init=\"callbacks.setButtonStyles\" data-wp-on--click=\"actions.showLightbox\" data-wp-on--load=\"callbacks.setButtonStyles\" data-wp-on--pointerdown=\"actions.preloadImage\" data-wp-on--pointerenter=\"actions.preloadImageWithDelay\" data-wp-on--pointerleave=\"actions.cancelPreload\" data-wp-on-window--resize=\"callbacks.setButtonStyles\" src=\"https:\/\/loudavymkrokem.cz\/wp-content\/uploads\/2026\/08\/toskansko-clanky-ubytovani-toskansko-22.jpg\" alt=\"Medence egy vid\u00e9ki sz\u00e1ll\u00e1s mellett\" class=\"wp-image-395009\" title=\"\" srcset=\"https:\/\/loudavymkrokem.cz\/wp-content\/uploads\/2026\/08\/toskansko-clanky-ubytovani-toskansko-22.jpg 1800w, https:\/\/loudavymkrokem.cz\/wp-content\/uploads\/2026\/08\/toskansko-clanky-ubytovani-toskansko-22-300x225.jpg 300w, https:\/\/loudavymkrokem.cz\/wp-content\/uploads\/2026\/08\/toskansko-clanky-ubytovani-toskansko-22-700x525.jpg 700w, https:\/\/loudavymkrokem.cz\/wp-content\/uploads\/2026\/08\/toskansko-clanky-ubytovani-toskansko-22-768x576.jpg 768w, https:\/\/loudavymkrokem.cz\/wp-content\/uploads\/2026\/08\/toskansko-clanky-ubytovani-toskansko-22-1536x1152.jpg 1536w, https:\/\/loudavymkrokem.cz\/wp-content\/uploads\/2026\/08\/toskansko-clanky-ubytovani-toskansko-22-80x60.jpg 80w, https:\/\/loudavymkrokem.cz\/wp-content\/uploads\/2026\/08\/toskansko-clanky-ubytovani-toskansko-22-160x120.jpg 160w, https:\/\/loudavymkrokem.cz\/wp-content\/uploads\/2026\/08\/toskansko-clanky-ubytovani-toskansko-22-696x522.jpg 696w, https:\/\/loudavymkrokem.cz\/wp-content\/uploads\/2026\/08\/toskansko-clanky-ubytovani-toskansko-22-1392x1044.jpg 1392w\" sizes=\"(max-width: 1800px) 100vw, 1800px\" \/><button\n\t\t\tclass=\"lightbox-trigger\"\n\t\t\ttype=\"button\"\n\t\t\taria-haspopup=\"dialog\"\n\t\t\tdata-wp-bind--aria-label=\"state.thisImage.triggerButtonAriaLabel\"\n\t\t\tdata-wp-init=\"callbacks.initTriggerButton\"\n\t\t\tdata-wp-on--click=\"actions.showLightbox\"\n\t\t\tdata-wp-style--right=\"state.thisImage.buttonRight\"\n\t\t\tdata-wp-style--top=\"state.thisImage.buttonTop\"\n\t\t>\n\t\t\t<svg xmlns=\"http:\/\/www.w3.org\/2000\/svg\" width=\"12\" height=\"12\" fill=\"none\" viewBox=\"0 0 12 12\">\n\t\t\t\t<path fill=\"#fff\" d=\"M2 0a2 2 0 0 0-2 2v2h1.5V2a.5.5 0 0 1 .5-.5h2V0H2Zm2 10.5H2a.5.5 0 0 1-.5-.5V8H0v2a2 2 0 0 0 2 2h2v-1.5ZM8 12v-1.5h2a.5.5 0 0 0 .5-.5V8H12v2a2 2 0 0 1-2 2H8Zm2-12a2 2 0 0 1 2 2v2h-1.5V2a.5.5 0 0 0-.5-.5H8V0h2Z\" \/>\n\t\t\t<\/svg>\n\t\t<\/button><\/figure>\n\n\n\n<p class=\"wp-block-paragraph\">\ud83d\udc49 <strong>Foglal\u00e1s:<\/strong> <a href=\"https:\/\/www.stay22.com\/allez\/roam?aid=lukaskonecny&#038;campaign=ubytovani-toskansko&#038;hotelname=Agriturismo+il+Rigo&#038;address=San+Quirico+d%27Orcia%2C+It%C3%A1lie\" target=\"_blank\" rel=\"noopener nofollow sponsored\">El\u00e9rhet\u0151s\u00e9g \u00e9s \u00e1rak ellen\u0151rz\u00e9se \u2014 Agriturismo il Rigo<\/a><\/p>\n\n\n\n<!-- LKM_GYG_CARD start q=\"toskansko\" lang=\"hu\" rendered=\"2026-08-31T06:35:47+00:00\" v=\"1\" -->\n<style id=\"lk-gyg-styles\">\n@import url(\"https:\/\/fonts.googleapis.com\/css2?family=Playfair+Display:wght@700&family=DM+Sans:wght@300;400;500;600&display=swap\");\n\/* === LK GYG karty \u2014 CRO redesign 2026-05 (namespace .lkx-) ===\n   C\u00edl: vy\u0161\u0161\u00ed CTR (hero + v\u00fdrazn\u00fd social proof + ak\u010dn\u00ed CTA, m\u00e9n\u011b \"reklamn\u00ed\").\n   Injektuje se inline do prvn\u00edho markeru postu (refresh_cards.py --inline-css). *\/\n.lkx-module, .lkx-module *{box-sizing:border-box;margin:0;padding:0}\n.lkx-module{\n  font-family:'DM Sans',-apple-system,Segoe UI,Roboto,Georgia,sans-serif;\n  max-width:860px;margin:2.5rem auto;color:#1f2328;\n}\n\n\/* HEADER \u2014 lehk\u00fd editorsk\u00fd, \u017e\u00e1dn\u00fd bannerov\u00fd blok; nadpis + popisek pod n\u00edm *\/\n.lkx-head{margin-bottom:16px}\n.lkx-head-main{display:flex;align-items:center;gap:10px}\n.lkx-head-accent{width:26px;height:3px;border-radius:2px;background:#c39f76;flex-shrink:0}\n.lkx-head-title{font-family:'Playfair Display',Georgia,serif;font-size:21px;font-weight:700;color:#1a1a1a;line-height:1.25}\n.lkx-head-meta{display:block;font-size:11px;letter-spacing:.3px;color:#9aa0a6;margin-top:4px;margin-left:36px}\n\n\/* HERO *\/\n.lkx-hero{display:grid;grid-template-columns:300px 1fr;background:#fff;border:1px solid #ece7df;border-radius:14px;overflow:hidden;text-decoration:none!important;color:inherit;box-shadow:0 6px 20px rgba(0,0,0,.06);transition:box-shadow .2s,transform .2s;margin-bottom:14px}\n.lkx-hero:hover{box-shadow:0 12px 30px rgba(0,0,0,.12);transform:translateY(-2px)}\n.lkx-hero-img{position:relative;min-height:230px;background-size:cover;background-position:center;background-color:#eee}\n.lkx-hero-body{padding:22px 24px;display:flex;flex-direction:column}\n.lkx-pick{position:absolute;top:12px;left:12px;background:#1a1a1a;color:#fff;font-size:11px;font-weight:700;letter-spacing:.5px;padding:5px 11px;border-radius:20px}\n\n\/* TITLE *\/\n.lkx-title{font-size:19px;font-weight:700;color:#161616;line-height:1.3}\n.lkx-title-sm{font-size:14.5px;line-height:1.35;display:-webkit-box;-webkit-line-clamp:2;-webkit-box-orient:vertical;overflow:hidden}\n\n\/* SOCIAL PROOF \u2014 v\u00fdrazn\u011b, naho\u0159e *\/\n.lkx-proof{display:flex;align-items:center;gap:7px;margin-top:12px;font-size:15px;color:#3a3a3a}\n.lkx-proof b{font-size:16px;color:#161616}\n.lkx-stars{color:#f5a623;letter-spacing:1px}\n.lkx-proof-sm{font-size:12.5px;margin-top:8px;gap:5px}\n.lkx-proof-sm b{font-size:13px}\n.lkx-proof-new{color:#3685fc;font-weight:600}\n\n\/* PRICE \u2014 n\u00edzk\u00e1 kotva *\/\n.lkx-price{font-size:14px;color:#6b7280}\n.lkx-price b{font-size:20px;color:#161616;font-weight:700}\n.lkx-price-sm b{font-size:15px}\n\n\/* CTA \u2014 tepl\u00e9 ak\u010dn\u00ed tla\u010d\u00edtko *\/\n.lkx-cta{display:inline-flex;align-items:center;justify-content:center;text-decoration:none!important;font-weight:700;color:#fff!important;background:linear-gradient(135deg,#f6743f,#e8552a);border-radius:10px;box-shadow:0 6px 16px rgba(232,85,42,.32);transition:box-shadow .2s}\n.lkx-cta-hero{font-size:15px;padding:13px 22px}\n.lkx-hero:hover .lkx-cta-hero{box-shadow:0 8px 22px rgba(232,85,42,.45)}\n.lkx-cta-sm{font-size:12.5px;padding:9px 14px;width:100%;margin-top:2px}\n.lkx-hero-bottom{margin-top:auto;padding-top:18px;display:flex;align-items:center;justify-content:space-between;gap:14px;flex-wrap:wrap}\n\n\/* BADGE \u2014 jeden v\u00fdrazn\u00fd na fotce *\/\n.lkx-badge{position:absolute;top:12px;right:12px;font-size:10.5px;font-weight:700;letter-spacing:.3px;padding:5px 10px;border-radius:16px;color:#fff}\n.lkx-badge.badge-urgency{background:rgba(214,40,40,.92)}\n.lkx-badge.badge-new{background:rgba(54,133,252,.92)}\n.lkx-badge.badge-top{background:rgba(195,159,118,.95)}\n.lkx-badge.badge-info{background:rgba(40,40,40,.78)}\n\n\/* SECONDARY GRID *\/\n.lkx-grid{display:grid;grid-template-columns:1fr 1fr;gap:14px}\n.lkx-card{background:#fff;border:1px solid #ece7df;border-radius:14px;overflow:hidden;text-decoration:none!important;color:inherit;box-shadow:0 4px 14px rgba(0,0,0,.05);display:flex;flex-direction:column;transition:box-shadow .2s,transform .2s}\n.lkx-card:hover{box-shadow:0 10px 24px rgba(0,0,0,.1);transform:translateY(-2px)}\n.lkx-card-img{position:relative;aspect-ratio:16\/10;background-size:cover;background-position:center;background-color:#eee}\n.lkx-card-body{padding:14px 16px 16px;display:flex;flex-direction:column;gap:7px;flex:1}\n.lkx-card-bottom{margin-top:auto;padding-top:10px;display:flex;align-items:center;justify-content:space-between;gap:8px}\n\n\/* DISCLOSURE \u2014 drobn\u00e1, kv\u016fli d\u016fv\u011b\u0159e\/z\u00e1konu *\/\n.lkx-disclosure{font-size:11px;color:#a7adb3;text-align:center;margin-top:14px;line-height:1.6}\n.lkx-disclosure a{color:#c39f76;text-decoration:none}\n\n@media(max-width:680px){\n  .lkx-hero{grid-template-columns:1fr}\n  .lkx-hero-img{min-height:180px}\n  .lkx-grid{grid-template-columns:1fr}\n  .lkx-head-meta{margin-left:0;width:100%}\n  .lkx-head-title{font-size:19px}\n}\n\n<\/style>\n<div class=\"lkx-module\" data-query=\"toskansko\">\n  <div class=\"lkx-head\">\n    <div class=\"lkx-head-main\">\n      <span class=\"lkx-head-accent\"><\/span>\n      <span class=\"lkx-head-title\">\u00c9lm\u00e9nyek \u00e9s bel\u00e9p\u0151jegyek<\/span>\n    <\/div>\n    <span class=\"lkx-head-meta\">utaz\u00f3k \u00e1ltal \u00e9rt\u00e9kelve \u00b7 GetYourGuide<\/span>\n  <\/div><a class=\"lkx-hero\" href=\"https:\/\/www.getyourguide.com\/hu-hu\/firenze-l32\/firenze-s-gimignano-siena-chianti-borkostolo-es-ebed-t10680\/?partner_id=MKZ64IS&amp;utm_medium=online_publisher&amp;cmp=toszkana-szallas-tippek\" target=\"_blank\" rel=\"sponsored noopener nofollow\">\n    <div class=\"lkx-hero-img\" style=\"background-image:url('https:\/\/cdn.getyourguide.com\/img\/tour\/35e1cac79065a423317fe75f3f706b1c952394d2eb03b7dd0f19ccd1a0c2e747.jpg\/132.jpg')\" role=\"img\" aria-label=\"Firenze: S. Gimignano, Siena, Chianti bork\u00f3stol\u00f3 \u00e9s eb\u00e9d\">\n      <span class=\"lkx-pick\">\u2605 A mi tipp\u00fcnk<\/span><\/div>\n    <div class=\"lkx-hero-body\">\n      <div class=\"lkx-title\">Firenze: S. Gimignano, Siena, Chianti bork\u00f3stol\u00f3 \u00e9s eb\u00e9d<\/div>\n      <div class=\"lkx-proof\">\n      <span class=\"lkx-stars\">\u2605\u2605\u2605\u2605\u2605<\/span>\n      <b>4.6<\/b> \u00b7 3 925 \u00e9rt\u00e9kel\u00e9s\n    <\/div>\n      <div class=\"lkx-hero-bottom\"><div class=\"lkx-price\">m\u00e1r <b>71\u00a0EUR<\/b><\/div><span class=\"lkx-cta lkx-cta-hero\">Ezt az \u00e9lm\u00e9nyt akarom \u2192<\/span>\n      <\/div>\n    <\/div>\n  <\/a><div class=\"lkx-grid\"><a class=\"lkx-card\" href=\"https:\/\/www.getyourguide.com\/hu-hu\/firenze-l32\/firenzebol-pisa-siena-san-gimignano-w-lunch-t44592\/?partner_id=MKZ64IS&amp;utm_medium=online_publisher&amp;cmp=toszkana-szallas-tippek\" target=\"_blank\" rel=\"sponsored noopener nofollow\">\n      <div class=\"lkx-card-img\" style=\"background-image:url('https:\/\/cdn.getyourguide.com\/img\/tour\/5bc46ce574189.jpeg\/132.jpg')\" role=\"img\" aria-label=\"Firenze: San Gimignano: Pisa, Siena \u00e9s San Gimignano kir\u00e1ndul\u00e1s eb\u00e9ddel\"><\/div>\n      <div class=\"lkx-card-body\">\n        <div class=\"lkx-title lkx-title-sm\">Firenze: San Gimignano: Pisa, Siena \u00e9s San Gimignano kir\u00e1ndul\u00e1s eb\u00e9ddel<\/div>\n        <div class=\"lkx-proof lkx-proof-sm\">\n      <span class=\"lkx-stars\">\u2605<\/span>\n      <b>4.6<\/b> \u00b7 11 461\n    <\/div>\n        <div class=\"lkx-card-bottom\"><span class=\"lkx-price lkx-price-sm\">m\u00e1r <b>49\u00a0EUR<\/b><\/span><span class=\"lkx-cta lkx-cta-sm\">Id\u0151pontok megtekint\u00e9se \u2192<\/span>\n        <\/div>\n      <\/div>\n    <\/a><a class=\"lkx-card\" href=\"https:\/\/www.getyourguide.com\/hu-hu\/firenze-l32\/firenzebol-san-gimignano-es-boraszat-ebedje-t198781\/?partner_id=MKZ64IS&amp;utm_medium=online_publisher&amp;cmp=toszkana-szallas-tippek\" target=\"_blank\" rel=\"sponsored noopener nofollow\">\n      <div class=\"lkx-card-img\" style=\"background-image:url('https:\/\/cdn.getyourguide.com\/img\/tour\/8963bc741f2faf1fc9be66f96aed3f17dc7be0e7c726c7f6cf20a01e4f6b2b49.jpg\/132.jpg')\" role=\"img\" aria-label=\"Firenze: Egynapos kir\u00e1ndul\u00e1s a toszk\u00e1n borvid\u00e9kre, eb\u00e9ddel a sz\u0151l\u0151hegyen\"><\/div>\n      <div class=\"lkx-card-body\">\n        <div class=\"lkx-title lkx-title-sm\">Firenze: Egynapos kir\u00e1ndul\u00e1s a toszk\u00e1n borvid\u00e9kre, eb\u00e9ddel a sz\u0151l\u0151hegyen<\/div>\n        <div class=\"lkx-proof lkx-proof-sm\">\n      <span class=\"lkx-stars\">\u2605<\/span>\n      <b>4.7<\/b> \u00b7 391\n    <\/div>\n        <div class=\"lkx-card-bottom\"><span class=\"lkx-price lkx-price-sm\">m\u00e1r <b>57\u00a0EUR<\/b><\/span><span class=\"lkx-cta lkx-cta-sm\">Id\u0151pontok megtekint\u00e9se \u2192<\/span>\n        <\/div>\n      <\/div>\n    <\/a><\/div><div class=\"lkx-disclosure\">\ud83d\udd17 A linkek partnerlinkek \u2014 az \u00e1rat nem v\u00e1ltoztatj\u00e1k, nek\u00fcnk viszont seg\u00edtenek a tartalomk\u00e9sz\u00edt\u00e9sben. \u00b7 <a href=\"https:\/\/www.getyourguide.com\/hu-hu\/s\/?q=toskansko&amp;partner_id=MKZ64IS&amp;utm_medium=online_publisher\" target=\"_blank\" rel=\"sponsored noopener nofollow\">\u00d6sszes \u00e9lm\u00e9ny \u2192<\/a><\/div>\n<\/div>\n<!-- LKM_GYG_CARD end -->\n\n\n\n\n<div class=\"lk-stays-module\">\n<style>\n\/* \u2500\u2500\u2500 RESET PRO GUTENBERG \u2500\u2500\u2500 *\/\n.lk-stays-module * { box-sizing: border-box; margin: 0; padding: 0; }\n\n\/* \u2500\u2500\u2500 WRAPPER \u2500\u2500\u2500 *\/\n.lk-stays-module {\n  font-family: 'DM Sans', Georgia, sans-serif;\n  max-width: 100%;\n  margin: 2.5rem auto;\n  background: linear-gradient(135deg, #fdfaf5 0%, #fcf8f0 100%);\n  border: 1px solid #e8dfd4;\n  border-radius: 16px;\n  overflow: hidden;\n  box-shadow: 0 16px 48px rgba(195, 159, 118, 0.25), 0 4px 12px rgba(0,0,0,0.08);\n}\n\n\/* \u2500\u2500\u2500 HEADER \u2500\u2500\u2500 *\/\n.lk-stays-header {\n  position: relative;\n  padding: 24px 36px 24px;\n  background: linear-gradient(135deg, #c39f76 0%, #d4b188 60%, #c39f76 100%);\n  border-bottom: 1px solid rgba(255,255,255,.15);\n  display: flex;\n  align-items: center;\n  gap: 18px;\n}\n.lk-stays-header::before {\n  content: '';\n  position: absolute;\n  inset: 0;\n  background: url(\"data:image\/svg+xml,%3Csvg width='60' height='60' viewBox='0 0 60 60' xmlns='http:\/\/www.w3.org\/2000\/svg'%3E%3Cg fill='none' fill-rule='evenodd'%3E%3Cg fill='%23ffffff' fill-opacity='0.05'%3E%3Cpath d='M36 34v-4h-2v4h-4v2h4v4h2v-4h4v-2h-4zm0-30V0h-2v4h-4v2h4v4h2V6h4V4h-4zM6 34v-4H4v4H0v2h4v4h2v-4h4v-2H6zM6 4V0H4v4H0v2h4v4h2V6h4V4H6z'\/%3E%3C\/g%3E%3C\/g%3E%3C\/svg%3E\") repeat;\n  pointer-events: none;\n}\n.lk-stays-icon {\n  flex-shrink: 0;\n  width: 68px;\n  height: 68px;\n  border-radius: 14px;\n  background: linear-gradient(135deg, #fff 0%, #f9f6f0 100%);\n  display: flex;\n  align-items: center;\n  justify-content: center;\n  font-size: 26px;\n  box-shadow: 0 4px 12px rgba(0,0,0,0.15);\n}\n.lk-stays-eyebrow {\n  font-size: 10px;\n  font-weight: 500;\n  letter-spacing: 2.5px;\n  text-transform: uppercase;\n  color: rgba(255,255,255,.85);\n  margin: 0 0 5px 0;\n}\n.lk-stays-title {\n  font-family: 'Playfair Display', Georgia, serif;\n  font-size: 24px;\n  font-weight: 700;\n  color: #fff;\n  line-height: 1.2;\n  text-shadow: 0 1px 2px rgba(0,0,0,0.1);\n  margin: 0;\n}\n.lk-stays-subtitle {\n  font-size: 13px;\n  color: rgba(255,255,255,.75);\n  margin: 4px 0 0 0;\n  font-weight: 300;\n}\n\n\/* \u2500\u2500\u2500 CARDS GRID \u2500\u2500\u2500 *\/\n.lk-stays-grid {\n  display: grid;\n  grid-template-columns: 1fr 1fr;\n  gap: 1px;\n  background: rgba(195, 159, 118, 0.12);\n}\n\n\/* \u2500\u2500\u2500 SINGLE CARD \u2500\u2500\u2500 *\/\n.lk-stay-card {\n  background: #ffffff;\n  padding: 26px;\n  display: flex;\n  flex-direction: column;\n  gap: 11px;\n  transition: all 0.3s ease;\n  text-decoration: none;\n  color: inherit;\n  position: relative;\n}\n.lk-stay-card:hover {\n  background: #fffbf5;\n  transform: translateY(-2px);\n  box-shadow: 0 8px 24px rgba(195, 159, 118, 0.18);\n  z-index: 1;\n}\n.lk-stay-card.featured {\n  background: linear-gradient(135deg, #fffdf9 0%, #fff9f0 100%);\n  box-shadow: 0 4px 16px rgba(195, 159, 118, 0.15), inset 0 1px 0 rgba(195, 159, 118, 0.1);\n}\n.lk-stay-card.featured:hover {\n  background: linear-gradient(135deg, #fffbf5 0%, #fff8ed 100%);\n  box-shadow: 0 8px 24px rgba(195, 159, 118, 0.25), inset 0 1px 0 rgba(195, 159, 118, 0.15);\n}\n\n.lk-stay-badge {\n  display: inline-flex;\n  align-items: center;\n  gap: 5px;\n  font-size: 10px;\n  font-weight: 500;\n  letter-spacing: 1.5px;\n  text-transform: uppercase;\n  padding: 5px 11px;\n  border-radius: 20px;\n  width: fit-content;\n}\n.badge-top     { background: linear-gradient(135deg, #c39f76 0%, #d4b188 100%); color: #fff; border: 1px solid #c39f76; font-weight: 600; box-shadow: 0 2px 8px rgba(195,159,118,0.3); }\n.badge-luxury  { background: rgba(195,159,118,.12); color: #c39f76; border: 1px solid rgba(195,159,118,.25); }\n.badge-boutique{ background: rgba(54,133,252,.08); color: #3685fc; border: 1px solid rgba(54,133,252,.2); }\n.badge-nature  { background: rgba(130,190,100,.1); color: #6b9c4a; border: 1px solid rgba(130,190,100,.2); }\n.badge-remote  { background: rgba(195,159,118,.12); color: #a67e50; border: 1px solid rgba(195,159,118,.25); }\n\n.lk-stay-name {\n  font-family: 'Playfair Display', Georgia, serif;\n  font-size: 18px;\n  font-weight: 700;\n  color: #111827;\n  line-height: 1.3;\n}\n.lk-stay-desc {\n  font-size: 13.5px;\n  color: #525252;\n  line-height: 1.65;\n  font-weight: 300;\n  flex: 1;\n}\n\n.lk-stay-meta {\n  display: flex;\n  align-items: center;\n  gap: 12px;\n  flex-wrap: wrap;\n  margin-top: 4px;\n}\n.lk-stay-price {\n  font-size: 13px;\n  color: #6b7280;\n}\n.lk-stay-price strong {\n  color: #c39f76;\n  font-weight: 500;\n}\n.lk-stay-stars {\n  color: #c39f76;\n  font-size: 11px;\n  letter-spacing: 1px;\n}\n\n\/* \u2500\u2500\u2500 CTA BUTTON \u2500\u2500\u2500 *\/\n.lk-stay-cta {\n  display: inline-flex;\n  align-items: center;\n  justify-content: center;\n  gap: 7px;\n  margin-top: 8px;\n  padding: 11px 20px;\n  border-radius: 8px;\n  background: linear-gradient(135deg, #3685fc 0%, #2a6fd9 100%);\n  color: #fff;\n  font-size: 13px;\n  font-weight: 500;\n  text-decoration: none;\n  letter-spacing: .3px;\n  transition: all .2s ease;\n  cursor: pointer;\n  border: none;\n  text-align: center;\n  box-shadow: 0 4px 12px rgba(54, 133, 252, 0.25);\n}\n.lk-stay-cta:hover {\n  background: linear-gradient(135deg, #2a6fd9 0%, #1e5bc4 100%);\n  transform: translateY(-1px);\n  box-shadow: 0 6px 16px rgba(54, 133, 252, 0.35);\n}\n.lk-stay-cta svg { flex-shrink: 0; }\n\n\/* \u2500\u2500\u2500 FOOTER \u2500\u2500\u2500 *\/\n.lk-stays-footer {\n  padding: 18px 36px;\n  background: linear-gradient(to bottom, #fdfaf5 0%, #f9f4ed 100%);\n  border-top: 1px solid rgba(195, 159, 118, 0.15);\n  display: flex;\n  align-items: center;\n  justify-content: space-between;\n  flex-wrap: wrap;\n  gap: 12px;\n}\n.lk-stays-footer-note {\n  font-size: 11.5px;\n  color: #6b7280;\n  font-weight: 300;\n  line-height: 1.5;\n}\n.lk-stays-footer-note a {\n  color: #c39f76;\n  text-decoration: none;\n  font-weight: 400;\n}\n.lk-stays-footer-note a:hover {\n  text-decoration: underline;\n}\n.lk-stays-all-btn {\n  display: inline-flex;\n  align-items: center;\n  gap: 6px;\n  font-size: 12.5px;\n  font-weight: 500;\n  color: #c39f76;\n  text-decoration: none;\n  border: 1px solid rgba(195, 159, 118, 0.35);\n  padding: 8px 18px;\n  border-radius: 8px;\n  transition: all .2s ease;\n}\n.lk-stays-all-btn:hover {\n  background: rgba(195, 159, 118, 0.08);\n  border-color: rgba(195, 159, 118, 0.5);\n}\n\n\/* \u2500\u2500\u2500 RESPONSIVE \u2500\u2500\u2500 *\/\n@media (max-width: 600px) {\n  .lk-stays-grid { grid-template-columns: 1fr; }\n  .lk-stays-header { padding: 24px 20px; }\n  .lk-stays-footer { padding: 16px 20px; }\n  .lk-stay-card { padding: 22px; }\n  .lk-stays-title { font-size: 20px; }\n}\n<\/style>\n\n  <!-- HEADER -->\n  <div class=\"lk-stays-header\">\n    <img decoding=\"async\" src=\"https:\/\/loudavymkrokem.cz\/wp-content\/uploads\/2026\/02\/lukas-a-lucka.jpg\" alt=\"\" style=\"width: 75px; height: 75px; border-radius: 8px; flex-shrink: 0; object-fit: cover; display: block; margin: 4px 0;\" title=\"\">\n    <div class=\"lk-stays-header-text\">\n      <div class=\"lk-stays-eyebrow\">Luk\u00e1\u0161 \u00e9s Lucie aj\u00e1nlj\u00e1k<\/div>\n      <div class=\"lk-stays-title\">Hol sz\u00e1llj meg Toszk\u00e1n\u00e1ban<\/div>\n      <div class=\"lk-stays-subtitle\">6 sz\u00e1ll\u00e1s \u2014 sz\u00e1llod\u00e1k \u00e9s egy\u00e9b sz\u00e1ll\u00e1slehet\u0151s\u00e9gek<\/div>\n    <\/div>\n  <\/div>\n\n  <!-- CARDS -->\n  <div class=\"lk-stays-grid\">\n\n    <a class=\"lk-stay-card featured\" href=\"https:\/\/www.stay22.com\/allez\/roam?aid=lukaskonecny&#038;campaign=ubytovani-toskansko&#038;hotelname=Hotel+Duomo&#038;address=Siena%2C+It%C3%A1lie\" target=\"_blank\" rel=\"nofollow noopener\">\n      <span class=\"lk-stay-badge badge-top\">\u2b50 TOP V\u00c1LASZT\u00c1S<\/span>\n      <span class=\"lk-stay-badge badge-nature\">\ud83c\udfe8 Hotel<\/span>\n      <div class=\"lk-stay-name\">Hotel Duomo<\/div>\n      <div class=\"lk-stay-desc\">Siena sz\u00edv\u00e9ben, ide\u00e1lis kiindul\u00f3pont gyalogos felfedez\u00e9shez. J\u00f3 \u00e9rt\u00e9kel\u00e9s: 8.2\/10 a Bookingon.<\/div>\n      <div class=\"lk-stay-meta\">\n        <span class=\"lk-stay-stars\">\u2605\u2605\u2605\u2605<\/span>\n        <span class=\"lk-stay-price\">55 \u20ac\/\u00e9jt\u0151l<\/span>\n      <\/div>\n      <span class=\"lk-stay-cta\">\n        <svg width=\"14\" height=\"14\" viewBox=\"0 0 24 24\" fill=\"none\" stroke=\"currentColor\" stroke-width=\"2\"><path d=\"M18 13v6a2 2 0 0 1-2 2H5a2 2 0 0 1-2-2V8a2 2 0 0 1 2-2h6\"\/><polyline points=\"15 3 21 3 21 9\"\/><line x1=\"10\" y1=\"14\" x2=\"21\" y2=\"3\"\/><\/svg>\n        Ellen\u0151rizd az el\u00e9rhet\u0151s\u00e9get\n      <\/span>\n    <\/a>\n\n    <a class=\"lk-stay-card\" href=\"https:\/\/www.stay22.com\/allez\/roam?aid=lukaskonecny&#038;campaign=ubytovani-toskansko&#038;hotelname=Albergo+Chiusarelli&#038;address=Siena%2C+It%C3%A1lie\" target=\"_blank\" rel=\"nofollow noopener\">\n      <span class=\"lk-stay-badge badge-nature\">\ud83c\udfe8 Hotel<\/span>\n      <div class=\"lk-stay-name\">Albergo Chiusarelli<\/div>\n      <div class=\"lk-stay-desc\">Neoklasszicista villa a buszp\u00e1lyaudvar k\u00f6zel\u00e9ben. B\u0151s\u00e9ges reggelik \u00e9s t\u00f6rt\u00e9nelmi hangulat. \u00c9rt\u00e9kel\u00e9s: 8.6\/10.<\/div>\n      <div class=\"lk-stay-meta\">\n        <span class=\"lk-stay-stars\">\u2605\u2605\u2605\u2605<\/span>\n        <span class=\"lk-stay-price\">65 \u20ac\/\u00e9jt\u0151l<\/span>\n      <\/div>\n      <span class=\"lk-stay-cta\">\n        <svg width=\"14\" height=\"14\" viewBox=\"0 0 24 24\" fill=\"none\" stroke=\"currentColor\" stroke-width=\"2\"><path d=\"M18 13v6a2 2 0 0 1-2 2H5a2 2 0 0 1-2-2V8a2 2 0 0 1 2-2h6\"\/><polyline points=\"15 3 21 3 21 9\"\/><line x1=\"10\" y1=\"14\" x2=\"21\" y2=\"3\"\/><\/svg>\n        Ellen\u0151rizd az el\u00e9rhet\u0151s\u00e9get\n      <\/span>\n    <\/a>\n\n    <a class=\"lk-stay-card\" href=\"https:\/\/www.stay22.com\/allez\/roam?aid=lukaskonecny&#038;campaign=ubytovani-toskansko&#038;hotelname=La+Villa&#038;address=Siena%2C+It%C3%A1lie\" target=\"_blank\" rel=\"nofollow noopener\">\n      <span class=\"lk-stay-badge badge-nature\">\ud83c\udfe1 Panzi\u00f3<\/span>\n      <div class=\"lk-stay-name\">La Villa<\/div>\n      <div class=\"lk-stay-desc\">Hangulatos panzi\u00f3 fagerend\u00e1kkal \u00e9s csal\u00e1dias l\u00e9gk\u00f6rrel. Kiv\u00e1l\u00f3 \u00e9rt\u00e9kel\u00e9s: 9.0\/10.<\/div>\n      <div class=\"lk-stay-meta\">\n        <span class=\"lk-stay-stars\">\u2605\u2605\u2605\u2605<\/span>\n        <span class=\"lk-stay-price\">75 \u20ac\/\u00e9jt\u0151l<\/span>\n      <\/div>\n      <span class=\"lk-stay-cta\">\n        <svg width=\"14\" height=\"14\" viewBox=\"0 0 24 24\" fill=\"none\" stroke=\"currentColor\" stroke-width=\"2\"><path d=\"M18 13v6a2 2 0 0 1-2 2H5a2 2 0 0 1-2-2V8a2 2 0 0 1 2-2h6\"\/><polyline points=\"15 3 21 3 21 9\"\/><line x1=\"10\" y1=\"14\" x2=\"21\" y2=\"3\"\/><\/svg>\n        Ellen\u0151rizd az el\u00e9rhet\u0151s\u00e9get\n      <\/span>\n    <\/a>\n\n    <a class=\"lk-stay-card\" href=\"https:\/\/www.stay22.com\/allez\/roam?aid=lukaskonecny&#038;campaign=ubytovani-toskansko&#038;hotelname=Hotel+Athena&#038;address=Siena%2C+It%C3%A1lie\" target=\"_blank\" rel=\"nofollow noopener\">\n      <span class=\"lk-stay-badge badge-nature\">\ud83c\udfe8 Hotel<\/span>\n      <div class=\"lk-stay-name\">Hotel Athena<\/div>\n      <div class=\"lk-stay-desc\">Saj\u00e1t ingyenes parkol\u00f3 \u00e9s tet\u0151terasz kil\u00e1t\u00e1ssal. \u00c9rt\u00e9kel\u00e9s: 9.0\/10.<\/div>\n      <div class=\"lk-stay-meta\">\n        <span class=\"lk-stay-stars\">\u2605\u2605\u2605\u2605<\/span>\n        <span class=\"lk-stay-price\">80 \u20ac\/\u00e9jt\u0151l<\/span>\n      <\/div>\n      <span class=\"lk-stay-cta\">\n        <svg width=\"14\" height=\"14\" viewBox=\"0 0 24 24\" fill=\"none\" stroke=\"currentColor\" stroke-width=\"2\"><path d=\"M18 13v6a2 2 0 0 1-2 2H5a2 2 0 0 1-2-2V8a2 2 0 0 1 2-2h6\"\/><polyline points=\"15 3 21 3 21 9\"\/><line x1=\"10\" y1=\"14\" x2=\"21\" y2=\"3\"\/><\/svg>\n        Ellen\u0151rizd az el\u00e9rhet\u0151s\u00e9get\n      <\/span>\n    <\/a>\n\n    <a class=\"lk-stay-card\" href=\"https:\/\/www.stay22.com\/allez\/roam?aid=lukaskonecny&#038;campaign=ubytovani-toskansko&#038;hotelname=Hotel+Italia&#038;address=Siena%2C+It%C3%A1lie\" target=\"_blank\" rel=\"nofollow noopener\">\n      <span class=\"lk-stay-badge badge-nature\">\ud83c\udfe8 Hotel<\/span>\n      <div class=\"lk-stay-name\">Hotel Italia<\/div>\n      <div class=\"lk-stay-desc\">Modern\u00fcl fel\u00faj\u00edtott, a v\u00e1rosk\u00f6zpontba vezet\u0151 mozg\u00f3l\u00e9pcs\u0151k k\u00f6zel\u00e9ben. Exkluz\u00edv reggeli. \u00c9rt\u00e9kel\u00e9s: 9.0\/10.<\/div>\n      <div class=\"lk-stay-meta\">\n        <span class=\"lk-stay-stars\">\u2605\u2605\u2605\u2605<\/span>\n        <span class=\"lk-stay-price\">82 \u20ac\/\u00e9jt\u0151l<\/span>\n      <\/div>\n      <span class=\"lk-stay-cta\">\n        <svg width=\"14\" height=\"14\" viewBox=\"0 0 24 24\" fill=\"none\" stroke=\"currentColor\" stroke-width=\"2\"><path d=\"M18 13v6a2 2 0 0 1-2 2H5a2 2 0 0 1-2-2V8a2 2 0 0 1 2-2h6\"\/><polyline points=\"15 3 21 3 21 9\"\/><line x1=\"10\" y1=\"14\" x2=\"21\" y2=\"3\"\/><\/svg>\n        Ellen\u0151rizd az el\u00e9rhet\u0151s\u00e9get\n      <\/span>\n    <\/a>\n\n    <a class=\"lk-stay-card\" href=\"https:\/\/www.stay22.com\/allez\/roam?aid=lukaskonecny&#038;campaign=ubytovani-toskansko&#038;hotelname=BB+Hotels+Smarthotel+Derose&#038;address=Florencie%2C+It%C3%A1lie\" target=\"_blank\" rel=\"nofollow noopener\">\n      <span class=\"lk-stay-badge badge-nature\">\ud83c\udfe8 Hotel<\/span>\n      <div class=\"lk-stay-name\">BB Hotels Smarthotel Derose<\/div>\n      <div class=\"lk-stay-desc\">A Santa Maria Novella p\u00e1lyaudvar k\u00f6zel\u00e9ben, \u00f6n\u00e1ll\u00f3 bejelentkez\u00e9s. \u00c9rt\u00e9kel\u00e9s: 9.3\/10.<\/div>\n      <div class=\"lk-stay-meta\">\n        <span class=\"lk-stay-stars\">\u2605\u2605\u2605\u2605<\/span>\n        <span class=\"lk-stay-price\">86 \u20ac\/\u00e9jt\u0151l<\/span>\n      <\/div>\n      <span class=\"lk-stay-cta\">\n        <svg width=\"14\" height=\"14\" viewBox=\"0 0 24 24\" fill=\"none\" stroke=\"currentColor\" stroke-width=\"2\"><path d=\"M18 13v6a2 2 0 0 1-2 2H5a2 2 0 0 1-2-2V8a2 2 0 0 1 2-2h6\"\/><polyline points=\"15 3 21 3 21 9\"\/><line x1=\"10\" y1=\"14\" x2=\"21\" y2=\"3\"\/><\/svg>\n        Ellen\u0151rizd az el\u00e9rhet\u0151s\u00e9get\n      <\/span>\n    <\/a>\n\n  <\/div>\n\n  \n<\/div>\n\n\n\n\n<h3 class=\"wp-block-heading\"><span class=\"ez-toc-section\" id=\"18_Vento_dOrcia_Google\"><\/span>18. Vento d&#8217;Orcia (Google)<span class=\"ez-toc-section-end\"><\/span><\/h3>\n\n\n\n<p class=\"wp-block-paragraph\">A h\u00edres Pienza v\u00e1roska k\u00f6zel\u00e9ben, amely eg\u00e9sz It\u00e1li\u00e1ban ismert kiv\u00e1l\u00f3 birkasajtj\u00e1r\u00f3l, a Pecorin\u00f3r\u00f3l, fekszik ez a <strong>nagyon kicsi \u00e9s cs\u00facsmin\u0151s\u00e9g\u0171en \u00e9rt\u00e9kelt sz\u00e1ll\u00e1s leny\u0171g\u00f6z\u0151 kil\u00e1t\u00e1ssal<\/strong>. Az \u00e9rt\u00e9kel\u00e9sek egy\u00f6ntet\u0171en egyet\u00e9rtenek abban, hogy ez a t\u00e1g k\u00f6rny\u00e9k egyik legjobban karbantartott helye, ahol a tulajdonosok a legapr\u00f3bb r\u00e9szletre is \u00fcgyelnek, a kert t\u00f6k\u00e9letes rendbet\u00e9tel\u00e9t\u0151l a t\u00f6k\u00e9letes reggeli szervizig. Egy kis darabka paradicsom, amelyet a tulajdonosok d\u00e9delgetnek.<\/p>\n\n\n\n<p class=\"wp-block-paragraph\"><strong>A Google Places-en teljesen hihetetlen, 5,0\/5-\u00f6s pontsz\u00e1mmal b\u00fcszk\u00e9lkedik<\/strong> t\u00f6bb mint sz\u00e1z\u00f6tven lelkes \u00e9rt\u00e9kel\u00e9s alapj\u00e1n. Minden szob\u00e1nak megvan a saj\u00e1t, egyedi karaktere, \u00e9s a v\u00e9gtelen dombokra ny\u00edlik a kil\u00e1t\u00e1s. A reggelik pedig \u00f6n\u00e1ll\u00f3 fejezetet \u00e9rdemelnek, a helyi sajtok, h\u00e1zi lekv\u00e1rok \u00e9s a frissen s\u00fclt, ropog\u00f3s keny\u00e9r \u00f3ri\u00e1si v\u00e1laszt\u00e9k\u00e1val.<\/p>\n\n\n\n<p class=\"wp-block-paragraph\">\ud83d\udca1 <strong>Gasztron\u00f3miai tipp:<\/strong> Pienza csak p\u00e1r perc aut\u00f3\u00fatra van, \u00e9s a sajt v\u00e1rosa. Menj el oda egy kora esti s\u00e9t\u00e1ra, \u00e9s v\u00e1s\u00e1rolj be rakt\u00e1rra a k\u00fcl\u00f6nb\u00f6z\u0151 \u00e9retts\u00e9gi fok\u00fa Pecorino sajtb\u00f3l, amit azt\u00e1n este a teraszon k\u00f3stolgathatsz.<\/p>\n\n\n\n<figure data-wp-context=\"{&quot;imageId&quot;:&quot;6a95408ce80f1&quot;}\" data-wp-interactive=\"core\/image\" data-wp-key=\"6a95408ce80f1\" class=\"wp-block-image size-full wp-lightbox-container\"><img decoding=\"async\" width=\"1800\" height=\"1200\" data-wp-class--hide=\"state.isContentHidden\" data-wp-class--show=\"state.isContentVisible\" data-wp-init=\"callbacks.setButtonStyles\" data-wp-on--click=\"actions.showLightbox\" data-wp-on--load=\"callbacks.setButtonStyles\" data-wp-on--pointerdown=\"actions.preloadImage\" data-wp-on--pointerenter=\"actions.preloadImageWithDelay\" data-wp-on--pointerleave=\"actions.cancelPreload\" data-wp-on-window--resize=\"callbacks.setButtonStyles\" src=\"https:\/\/loudavymkrokem.cz\/wp-content\/uploads\/2026\/08\/toskansko-clanky-ubytovani-toskansko-23.jpg\" alt=\"S\u00e1fr\u00e1nyos kr\u00f3kuszok egy \u0151szi mez\u0151n\" class=\"wp-image-395010\" title=\"\" srcset=\"https:\/\/loudavymkrokem.cz\/wp-content\/uploads\/2026\/08\/toskansko-clanky-ubytovani-toskansko-23.jpg 1800w, https:\/\/loudavymkrokem.cz\/wp-content\/uploads\/2026\/08\/toskansko-clanky-ubytovani-toskansko-23-300x200.jpg 300w, https:\/\/loudavymkrokem.cz\/wp-content\/uploads\/2026\/08\/toskansko-clanky-ubytovani-toskansko-23-700x467.jpg 700w, https:\/\/loudavymkrokem.cz\/wp-content\/uploads\/2026\/08\/toskansko-clanky-ubytovani-toskansko-23-768x512.jpg 768w, https:\/\/loudavymkrokem.cz\/wp-content\/uploads\/2026\/08\/toskansko-clanky-ubytovani-toskansko-23-1536x1024.jpg 1536w, https:\/\/loudavymkrokem.cz\/wp-content\/uploads\/2026\/08\/toskansko-clanky-ubytovani-toskansko-23-696x464.jpg 696w, https:\/\/loudavymkrokem.cz\/wp-content\/uploads\/2026\/08\/toskansko-clanky-ubytovani-toskansko-23-1392x928.jpg 1392w\" sizes=\"(max-width: 1800px) 100vw, 1800px\" \/><button\n\t\t\tclass=\"lightbox-trigger\"\n\t\t\ttype=\"button\"\n\t\t\taria-haspopup=\"dialog\"\n\t\t\tdata-wp-bind--aria-label=\"state.thisImage.triggerButtonAriaLabel\"\n\t\t\tdata-wp-init=\"callbacks.initTriggerButton\"\n\t\t\tdata-wp-on--click=\"actions.showLightbox\"\n\t\t\tdata-wp-style--right=\"state.thisImage.buttonRight\"\n\t\t\tdata-wp-style--top=\"state.thisImage.buttonTop\"\n\t\t>\n\t\t\t<svg xmlns=\"http:\/\/www.w3.org\/2000\/svg\" width=\"12\" height=\"12\" fill=\"none\" viewBox=\"0 0 12 12\">\n\t\t\t\t<path fill=\"#fff\" d=\"M2 0a2 2 0 0 0-2 2v2h1.5V2a.5.5 0 0 1 .5-.5h2V0H2Zm2 10.5H2a.5.5 0 0 1-.5-.5V8H0v2a2 2 0 0 0 2 2h2v-1.5ZM8 12v-1.5h2a.5.5 0 0 0 .5-.5V8H12v2a2 2 0 0 1-2 2H8Zm2-12a2 2 0 0 1 2 2v2h-1.5V2a.5.5 0 0 0-.5-.5H8V0h2Z\" \/>\n\t\t\t<\/svg>\n\t\t<\/button><\/figure>\n\n\n\n<p class=\"wp-block-paragraph\">\ud83d\udc49 <strong>Foglal\u00e1s:<\/strong> <a href=\"https:\/\/www.stay22.com\/allez\/roam?aid=lukaskonecny&#038;campaign=ubytovani-toskansko&#038;hotelname=Vento+d%27Orcia&#038;address=Pienza%2C+It%C3%A1lie\" target=\"_blank\" rel=\"noopener nofollow sponsored\">El\u00e9rhet\u0151s\u00e9g \u00e9s \u00e1rak ellen\u0151rz\u00e9se \u2014 Vento d&#8217;Orcia<\/a><\/p>\n\n\n\n<h3 class=\"wp-block-heading\"><span class=\"ez-toc-section\" id=\"19_Agriturismo_San_Sano_Google\"><\/span>19. Agriturismo San Sano (Google)<span class=\"ez-toc-section-end\"><\/span><\/h3>\n\n\n\n<p class=\"wp-block-paragraph\">Ez a massz\u00edv k\u0151gazdas\u00e1g m\u00e9lyen a h\u00edres Gaiole in Chianti borvid\u00e9k lombos erd\u0151iben \u00e9s sz\u0151l\u0151\u00fcltetv\u00e9nyei k\u00f6z\u00f6tt rejt\u0151zik, \u00e9s <strong>igazi menek\u00fcl\u00e9st k\u00edn\u00e1l a rohan\u00f3 civiliz\u00e1ci\u00f3t\u00f3l<\/strong>. Az utaz\u00f3k az \u00e9rt\u00e9kel\u00e9sekben f\u0151leg a magasra n\u0151tt z\u00f6lddel k\u00f6r\u00fclvett sz\u00e9p szabadt\u00e9ri medenc\u00e9t \u00e9s azt a lehet\u0151s\u00e9get dics\u00e9rik, hogy a h\u00e1z alatti r\u00e9gi pinc\u00e9ben k\u00f6zvetlen\u00fcl k\u00f3stolhatnak neh\u00e9z v\u00f6r\u00f6sborokat. A Chianti-vid\u00e9k \u00f6sszess\u00e9g\u00e9ben sokkal dombosabb \u00e9s z\u00f6ldebb, mint a r\u00e9gi\u00f3 d\u00e9lebbi r\u00e9sze.<\/p>\n\n\n\n<p class=\"wp-block-paragraph\"><strong>A Google Places-en az \u00e9rt\u00e9kel\u00e9s csod\u00e1latos, 4,9\/5<\/strong> t\u00f6bb mint h\u00e1romsz\u00e1z\u00f6tven l\u00e1togat\u00f3t\u00f3l. A gazdas\u00e1g nagyon rusztikus \u00e9s becs\u00fcletes hangulatot k\u00edn\u00e1l, ahol meg\u00e1llt az id\u0151. A szob\u00e1knak sz\u00e9p terrakotta padl\u00f3juk \u00e9s vastag k\u0151faluk van, amelyek kellemes h\u0171v\u00f6st garant\u00e1lnak a legperzsel\u0151bb augusztusi napokon is, \u00edgy elleszel l\u00e9gkondi n\u00e9lk\u00fcl is.<\/p>\n\n\n\n<p class=\"wp-block-paragraph\">\ud83d\udca1 <strong>Tipp borrajong\u00f3knak:<\/strong> A Chianti Classico vid\u00e9k a vil\u00e1g egyik legjobb v\u00f6r\u00f6sborainak otthona. Mindenk\u00e9pp k\u00e9rj tan\u00e1csot a tulajdonosokt\u00f3l, hogy melyik kisebb helyi bor\u00e1szatot \u00e9rdemes megl\u00e1togatni a k\u00f6rny\u00e9ken, gyakran igazi gy\u00f6ngyszemeket fedezel fel turistat\u00f6megek n\u00e9lk\u00fcl.<\/p>\n\n\n\n<figure data-wp-context=\"{&quot;imageId&quot;:&quot;6a95408ce87e0&quot;}\" data-wp-interactive=\"core\/image\" data-wp-key=\"6a95408ce87e0\" class=\"wp-block-image size-full wp-lightbox-container\"><img decoding=\"async\" width=\"1800\" height=\"1200\" data-wp-class--hide=\"state.isContentHidden\" data-wp-class--show=\"state.isContentVisible\" data-wp-init=\"callbacks.setButtonStyles\" data-wp-on--click=\"actions.showLightbox\" data-wp-on--load=\"callbacks.setButtonStyles\" data-wp-on--pointerdown=\"actions.preloadImage\" data-wp-on--pointerenter=\"actions.preloadImageWithDelay\" data-wp-on--pointerleave=\"actions.cancelPreload\" data-wp-on-window--resize=\"callbacks.setButtonStyles\" src=\"https:\/\/loudavymkrokem.cz\/wp-content\/uploads\/2026\/08\/toskansko-clanky-ubytovani-toskansko-24.jpg\" alt=\"K\u0151h\u00e1z egy toszk\u00e1n faluban\" class=\"wp-image-395011\" title=\"\" srcset=\"https:\/\/loudavymkrokem.cz\/wp-content\/uploads\/2026\/08\/toskansko-clanky-ubytovani-toskansko-24.jpg 1800w, https:\/\/loudavymkrokem.cz\/wp-content\/uploads\/2026\/08\/toskansko-clanky-ubytovani-toskansko-24-300x200.jpg 300w, https:\/\/loudavymkrokem.cz\/wp-content\/uploads\/2026\/08\/toskansko-clanky-ubytovani-toskansko-24-700x467.jpg 700w, https:\/\/loudavymkrokem.cz\/wp-content\/uploads\/2026\/08\/toskansko-clanky-ubytovani-toskansko-24-768x512.jpg 768w, https:\/\/loudavymkrokem.cz\/wp-content\/uploads\/2026\/08\/toskansko-clanky-ubytovani-toskansko-24-1536x1024.jpg 1536w, https:\/\/loudavymkrokem.cz\/wp-content\/uploads\/2026\/08\/toskansko-clanky-ubytovani-toskansko-24-696x464.jpg 696w, https:\/\/loudavymkrokem.cz\/wp-content\/uploads\/2026\/08\/toskansko-clanky-ubytovani-toskansko-24-1392x928.jpg 1392w\" sizes=\"(max-width: 1800px) 100vw, 1800px\" \/><button\n\t\t\tclass=\"lightbox-trigger\"\n\t\t\ttype=\"button\"\n\t\t\taria-haspopup=\"dialog\"\n\t\t\tdata-wp-bind--aria-label=\"state.thisImage.triggerButtonAriaLabel\"\n\t\t\tdata-wp-init=\"callbacks.initTriggerButton\"\n\t\t\tdata-wp-on--click=\"actions.showLightbox\"\n\t\t\tdata-wp-style--right=\"state.thisImage.buttonRight\"\n\t\t\tdata-wp-style--top=\"state.thisImage.buttonTop\"\n\t\t>\n\t\t\t<svg xmlns=\"http:\/\/www.w3.org\/2000\/svg\" width=\"12\" height=\"12\" fill=\"none\" viewBox=\"0 0 12 12\">\n\t\t\t\t<path fill=\"#fff\" d=\"M2 0a2 2 0 0 0-2 2v2h1.5V2a.5.5 0 0 1 .5-.5h2V0H2Zm2 10.5H2a.5.5 0 0 1-.5-.5V8H0v2a2 2 0 0 0 2 2h2v-1.5ZM8 12v-1.5h2a.5.5 0 0 0 .5-.5V8H12v2a2 2 0 0 1-2 2H8Zm2-12a2 2 0 0 1 2 2v2h-1.5V2a.5.5 0 0 0-.5-.5H8V0h2Z\" \/>\n\t\t\t<\/svg>\n\t\t<\/button><\/figure>\n\n\n\n<p class=\"wp-block-paragraph\">\ud83d\udc49 <strong>Foglal\u00e1s:<\/strong> <a href=\"https:\/\/www.stay22.com\/allez\/roam?aid=lukaskonecny&#038;campaign=ubytovani-toskansko&#038;hotelname=Agriturismo+San+Sano&#038;address=Gaiole+in+Chianti%2C+It%C3%A1lie\" target=\"_blank\" rel=\"noopener nofollow sponsored\">El\u00e9rhet\u0151s\u00e9g \u00e9s \u00e1rak ellen\u0151rz\u00e9se \u2014 Agriturismo San Sano<\/a><\/p>\n\n\n\n<h3 class=\"wp-block-heading\"><span class=\"ez-toc-section\" id=\"20_Agriturismo_Casanova_Google\"><\/span>20. Agriturismo Casanova (Google)<span class=\"ez-toc-section-end\"><\/span><\/h3>\n\n\n\n<p class=\"wp-block-paragraph\">Asciano v\u00e1ros\u00e1t\u00f3l egy haj\u00edt\u00e1snyira, a leny\u0171g\u00f6z\u0151 holdb\u00e9li Crete Senesi t\u00e1j k\u00f6zep\u00e9n fekszik ez a k\u00fcl\u00f6n\u00f6sen fotog\u00e9n gazdas\u00e1g, amelyet <strong>gyakran l\u00e1tni az Instagramon a v\u00f6lgybe n\u00e9z\u0151 ikonikus hinta miatt<\/strong>. A vend\u00e9g\u00e9rt\u00e9kel\u00e9sek lelkesen \u00fcnneplik a gy\u00f6ny\u00f6r\u0171, tiszta medenc\u00e9t \u00e9s a hihetetlen napnyugt\u00e1kat, amelyekn\u00e9l a t\u00e1volban kirajzol\u00f3dnak Siena tornyai. Egyszer\u0171en t\u00f6k\u00e9letes hely egy kettesben elt\u00f6lt\u00f6tt romantikus nyaral\u00e1shoz.<\/p>\n\n\n\n<p class=\"wp-block-paragraph\"><strong>A Google Places-en ez az agriturismo remek, 4,9\/5-\u00f6s \u00e9rt\u00e9kel\u00e9ssel b\u00edr<\/strong>. A Crete Senesi t\u00e1ja saj\u00e1tos a hull\u00e1mz\u00f3 agyagos dombjaival, amelyek \u00e9vszakt\u00f3l f\u00fcgg\u0151en v\u00e1ltoztatj\u00e1k a sz\u00edn\u00fcket, a tavaszi \u00e9l\u00e9nkz\u00f6ldt\u0151l a ny\u00e1ri kiaszott aranyig. Maga a gazdas\u00e1g nagyon k\u00e9nyelmes sz\u00e1ll\u00e1st k\u00edn\u00e1l t\u00e1gas, saj\u00e1t konyh\u00e1s apartmanokban, ami abszol\u00fat szabads\u00e1got ad neked.<\/p>\n\n\n\n<p class=\"wp-block-paragraph\">\ud83d\udca1 <strong>Tipp fot\u00f3soknak:<\/strong> Ha szeretsz f\u00e9nyk\u00e9pezni, azt aj\u00e1nlom, kelj kor\u00e1n. A Crete Senesi kop\u00e1r dombjain \u00e1tg\u00f6rd\u00fcl\u0151 reggeli k\u00f6d\u00f6k misztikus hangulatot teremtenek, amelyet egyszer\u0171en meg kell \u00f6r\u00f6k\u00edtened az objekt\u00edveddel.<\/p>\n\n\n\n<figure data-wp-context=\"{&quot;imageId&quot;:&quot;6a95408ce8f72&quot;}\" data-wp-interactive=\"core\/image\" data-wp-key=\"6a95408ce8f72\" class=\"wp-block-image size-full wp-lightbox-container\"><img decoding=\"async\" width=\"1800\" height=\"1350\" data-wp-class--hide=\"state.isContentHidden\" data-wp-class--show=\"state.isContentVisible\" data-wp-init=\"callbacks.setButtonStyles\" data-wp-on--click=\"actions.showLightbox\" data-wp-on--load=\"callbacks.setButtonStyles\" data-wp-on--pointerdown=\"actions.preloadImage\" data-wp-on--pointerenter=\"actions.preloadImageWithDelay\" data-wp-on--pointerleave=\"actions.cancelPreload\" data-wp-on-window--resize=\"callbacks.setButtonStyles\" src=\"https:\/\/loudavymkrokem.cz\/wp-content\/uploads\/2026\/08\/toskansko-clanky-ubytovani-toskansko-25.jpg\" alt=\"Luxus apartman\" class=\"wp-image-395012\" title=\"\" srcset=\"https:\/\/loudavymkrokem.cz\/wp-content\/uploads\/2026\/08\/toskansko-clanky-ubytovani-toskansko-25.jpg 1800w, https:\/\/loudavymkrokem.cz\/wp-content\/uploads\/2026\/08\/toskansko-clanky-ubytovani-toskansko-25-300x225.jpg 300w, https:\/\/loudavymkrokem.cz\/wp-content\/uploads\/2026\/08\/toskansko-clanky-ubytovani-toskansko-25-700x525.jpg 700w, https:\/\/loudavymkrokem.cz\/wp-content\/uploads\/2026\/08\/toskansko-clanky-ubytovani-toskansko-25-768x576.jpg 768w, https:\/\/loudavymkrokem.cz\/wp-content\/uploads\/2026\/08\/toskansko-clanky-ubytovani-toskansko-25-1536x1152.jpg 1536w, https:\/\/loudavymkrokem.cz\/wp-content\/uploads\/2026\/08\/toskansko-clanky-ubytovani-toskansko-25-80x60.jpg 80w, https:\/\/loudavymkrokem.cz\/wp-content\/uploads\/2026\/08\/toskansko-clanky-ubytovani-toskansko-25-160x120.jpg 160w, https:\/\/loudavymkrokem.cz\/wp-content\/uploads\/2026\/08\/toskansko-clanky-ubytovani-toskansko-25-696x522.jpg 696w, https:\/\/loudavymkrokem.cz\/wp-content\/uploads\/2026\/08\/toskansko-clanky-ubytovani-toskansko-25-1392x1044.jpg 1392w\" sizes=\"(max-width: 1800px) 100vw, 1800px\" \/><button\n\t\t\tclass=\"lightbox-trigger\"\n\t\t\ttype=\"button\"\n\t\t\taria-haspopup=\"dialog\"\n\t\t\tdata-wp-bind--aria-label=\"state.thisImage.triggerButtonAriaLabel\"\n\t\t\tdata-wp-init=\"callbacks.initTriggerButton\"\n\t\t\tdata-wp-on--click=\"actions.showLightbox\"\n\t\t\tdata-wp-style--right=\"state.thisImage.buttonRight\"\n\t\t\tdata-wp-style--top=\"state.thisImage.buttonTop\"\n\t\t>\n\t\t\t<svg xmlns=\"http:\/\/www.w3.org\/2000\/svg\" width=\"12\" height=\"12\" fill=\"none\" viewBox=\"0 0 12 12\">\n\t\t\t\t<path fill=\"#fff\" d=\"M2 0a2 2 0 0 0-2 2v2h1.5V2a.5.5 0 0 1 .5-.5h2V0H2Zm2 10.5H2a.5.5 0 0 1-.5-.5V8H0v2a2 2 0 0 0 2 2h2v-1.5ZM8 12v-1.5h2a.5.5 0 0 0 .5-.5V8H12v2a2 2 0 0 1-2 2H8Zm2-12a2 2 0 0 1 2 2v2h-1.5V2a.5.5 0 0 0-.5-.5H8V0h2Z\" \/>\n\t\t\t<\/svg>\n\t\t<\/button><\/figure>\n\n\n\n<h2 class=\"wp-block-heading\"><span class=\"ez-toc-section\" id=\"Luxusszallas_Toszkanaban\"><\/span>Luxussz\u00e1ll\u00e1s Toszk\u00e1n\u00e1ban<span class=\"ez-toc-section-end\"><\/span><\/h2>\n\n\n\n<p class=\"wp-block-paragraph\">Azoknak k\u00f6z\u00fcletek, akik a nyaral\u00e1son a legjobbat szeretn\u00e9k megengedni maguknak, az olasz v\u00e1rosok \u00e9s a vid\u00e9k egyar\u00e1nt hihetetlen t\u00f6rt\u00e9nelmi palot\u00e1kat k\u00edn\u00e1lnak, amelyeket eleg\u00e1nsan butikhotell\u00e9 alak\u00edtottak. Aludhatsz <strong>egy 14. sz\u00e1zadi egykori karthauzi kolostorban<\/strong> is, vagy egy palot\u00e1ban p\u00e1r l\u00e9p\u00e9sre az Uffizit\u0151l, ahol a tet\u0151teraszon reggelizel. Ha ink\u00e1bb egy eg\u00e9sz, csak sz\u00e1modra b\u00e9relt rezidenci\u00e1ra gondolsz, mindenk\u00e9pp olvasd el \u00fatmutat\u00f3nkat: <a href=\"https:\/\/loudavymkrokem.cz\/hu\/toszkana-villa-medencevel\/\">Medenc\u00e9s villa Toszk\u00e1n\u00e1ban: 20 tipp<\/a>.<\/p>\n\n\n\n<p class=\"wp-block-paragraph\">A k\u00f6vetkez\u0151 tippek az olasz vend\u00e9gszeretet abszol\u00fat cs\u00facs\u00e1ra \u00f6sszpontos\u00edtanak. Ne felejtsd el az utols\u00f3 tippn\u00e9l \u00e9szrevenni, hogy <strong>Google Places-\u00e9rt\u00e9kel\u00e9ssel b\u00edr az egyt\u0151l \u00f6tig terjed\u0151 sk\u00e1l\u00e1n<\/strong>, m\u00edg az \u00f6sszes t\u00f6bbi v\u00e1rosi palota Bookingr\u00f3l van \u00e9rt\u00e9kelve. K\u00e9sz\u00fclj fel arra, hogy ezeket az \u00e9lm\u00e9nyeket \u00f6r\u00f6kre magaddal viszed.<\/p>\n\n\n\n<figure data-wp-context=\"{&quot;imageId&quot;:&quot;6a95408ce9551&quot;}\" data-wp-interactive=\"core\/image\" data-wp-key=\"6a95408ce9551\" class=\"wp-block-image size-full wp-lightbox-container\"><img decoding=\"async\" width=\"1800\" height=\"1200\" data-wp-class--hide=\"state.isContentHidden\" data-wp-class--show=\"state.isContentVisible\" data-wp-init=\"callbacks.setButtonStyles\" data-wp-on--click=\"actions.showLightbox\" data-wp-on--load=\"callbacks.setButtonStyles\" data-wp-on--pointerdown=\"actions.preloadImage\" data-wp-on--pointerenter=\"actions.preloadImageWithDelay\" data-wp-on--pointerleave=\"actions.cancelPreload\" data-wp-on-window--resize=\"callbacks.setButtonStyles\" src=\"https:\/\/loudavymkrokem.cz\/wp-content\/uploads\/2026\/08\/ubytovani-toskansko-nadvori-palace.jpg\" alt=\"Hotell\u00e9 alak\u00edtott t\u00f6rt\u00e9nelmi palota bels\u0151 udvara\" class=\"wp-image-395139\" title=\"\" srcset=\"https:\/\/loudavymkrokem.cz\/wp-content\/uploads\/2026\/08\/ubytovani-toskansko-nadvori-palace.jpg 1800w, https:\/\/loudavymkrokem.cz\/wp-content\/uploads\/2026\/08\/ubytovani-toskansko-nadvori-palace-300x200.jpg 300w, https:\/\/loudavymkrokem.cz\/wp-content\/uploads\/2026\/08\/ubytovani-toskansko-nadvori-palace-700x467.jpg 700w, https:\/\/loudavymkrokem.cz\/wp-content\/uploads\/2026\/08\/ubytovani-toskansko-nadvori-palace-768x512.jpg 768w, https:\/\/loudavymkrokem.cz\/wp-content\/uploads\/2026\/08\/ubytovani-toskansko-nadvori-palace-1536x1024.jpg 1536w, https:\/\/loudavymkrokem.cz\/wp-content\/uploads\/2026\/08\/ubytovani-toskansko-nadvori-palace-696x464.jpg 696w, https:\/\/loudavymkrokem.cz\/wp-content\/uploads\/2026\/08\/ubytovani-toskansko-nadvori-palace-1392x928.jpg 1392w\" sizes=\"(max-width: 1800px) 100vw, 1800px\" \/><button\n\t\t\tclass=\"lightbox-trigger\"\n\t\t\ttype=\"button\"\n\t\t\taria-haspopup=\"dialog\"\n\t\t\tdata-wp-bind--aria-label=\"state.thisImage.triggerButtonAriaLabel\"\n\t\t\tdata-wp-init=\"callbacks.initTriggerButton\"\n\t\t\tdata-wp-on--click=\"actions.showLightbox\"\n\t\t\tdata-wp-style--right=\"state.thisImage.buttonRight\"\n\t\t\tdata-wp-style--top=\"state.thisImage.buttonTop\"\n\t\t>\n\t\t\t<svg xmlns=\"http:\/\/www.w3.org\/2000\/svg\" width=\"12\" height=\"12\" fill=\"none\" viewBox=\"0 0 12 12\">\n\t\t\t\t<path fill=\"#fff\" d=\"M2 0a2 2 0 0 0-2 2v2h1.5V2a.5.5 0 0 1 .5-.5h2V0H2Zm2 10.5H2a.5.5 0 0 1-.5-.5V8H0v2a2 2 0 0 0 2 2h2v-1.5ZM8 12v-1.5h2a.5.5 0 0 0 .5-.5V8H12v2a2 2 0 0 1-2 2H8Zm2-12a2 2 0 0 1 2 2v2h-1.5V2a.5.5 0 0 0-.5-.5H8V0h2Z\" \/>\n\t\t\t<\/svg>\n\t\t<\/button><\/figure>\n\n\n\n<p class=\"wp-block-paragraph\">\ud83d\udc49 <strong>Foglal\u00e1s:<\/strong> <a href=\"https:\/\/www.stay22.com\/allez\/roam?aid=lukaskonecny&#038;campaign=ubytovani-toskansko&#038;hotelname=Agriturismo+Casanova&#038;address=Asciano%2C+It%C3%A1lie\" target=\"_blank\" rel=\"noopener nofollow sponsored\">El\u00e9rhet\u0151s\u00e9g \u00e9s \u00e1rak ellen\u0151rz\u00e9se \u2014 Agriturismo Casanova<\/a><\/p>\n\n\n\n<h3 class=\"wp-block-heading\"><span class=\"ez-toc-section\" id=\"21_Hotel_Certosa_di_Maggiano_Booking\"><\/span>21. Hotel Certosa di Maggiano (Booking)<span class=\"ez-toc-section-end\"><\/span><\/h3>\n\n\n\n<p class=\"wp-block-paragraph\">Ez pontosan az a hely, amelyn\u00e9l \u00e9rkez\u00e9s ut\u00e1n r\u00f6gt\u00f6n leesik az \u00e1llad, mert <strong>egy gondosan fel\u00faj\u00edtott, 14. sz\u00e1zadi egykori karthauzi kolostorr\u00f3l van sz\u00f3<\/strong>, amely csak egy haj\u00edt\u00e1snyira fekszik Siena ny\u00fczsg\u0151 k\u00f6zpontj\u00e1t\u00f3l. A vend\u00e9gek az \u00e9rt\u00e9kel\u00e9sekben gyakran \u00edrj\u00e1k le azt az \u00e9rz\u00e9st, mintha egy mag\u00e1nm\u0171v\u00e9szeti m\u00fazeumban aludn\u00e1nak, de egy hatalmas szabadt\u00e9ri f\u0171t\u00f6tt medenc\u00e9vel \u00e9s cs\u00facsmin\u0151s\u00e9g\u0171 modern gasztron\u00f3mi\u00e1val. Az eredeti kolostorfolyos\u00f3k \u00e9s a bels\u0151 udvar teljes sz\u00e9ps\u00e9g\u00fckben megmaradtak.<\/p>\n\n\n\n<p class=\"wp-block-paragraph\">Teljesen ikonikus \u00fcgyr\u0151l van sz\u00f3, amely\u00e9rt <strong>t\u00e1j\u00e9koztat\u00f3 jelleggel 185 \u20ac-t\u00f3l fizetsz \u00e9jszak\u00e1nk\u00e9nt<\/strong>, ami egy ilyen unikum\u00e9rt val\u00f3j\u00e1ban m\u00e9g mindig elfogadhat\u00f3 \u00f6sszeg. A Bookingon kiv\u00e9teles, 9,6\/10-es \u00e9rt\u00e9kel\u00e9ssel b\u00edr k\u00f6zel ezer lelkes v\u00e9lem\u00e9nyb\u0151l. Ha \u00e9rdekelnek tov\u00e1bbi hasonl\u00f3 gy\u00f6ngyszemek, n\u00e9zd meg r\u00e9szletes cikk\u00fcnket a <a class=\"thirstylink\" rel=\"nofollow\" target=\"_blank\" title=\"Hotel Certosa Di Maggiano\" href=\"https:\/\/loudavymkrokem.cz\/doporucujeme\/hotel-certosa-di-maggiano\/\" data-shortcode=\"true\">Certosa di Maggiano hotelr\u0151l<\/a>, ahol m\u00e9lyebben t\u00e1rgyaljuk a sz\u00e1ll\u00e1st.<\/p>\n\n\n\n<p class=\"wp-block-paragraph\">\ud83d\udca1 <strong>Relax\u00e1l\u00f3s tipp:<\/strong> A f\u0171t\u00f6tt medenc\u00e9t \u00e9vsz\u00e1zados f\u00e1k veszik k\u00f6r\u00fcl, \u00e9s a nyugalom abszol\u00fat o\u00e1zis\u00e1t k\u00edn\u00e1lja. Ide\u00e1lis hely, ahov\u00e1 visszah\u00faz\u00f3dhatsz egy megterhel\u0151, sienai l\u00e1tnival\u00f3k felfedez\u00e9s\u00e9vel t\u00f6lt\u00f6tt d\u00e9lel\u0151tt ut\u00e1n.<\/p>\n\n\n\n<figure data-wp-context=\"{&quot;imageId&quot;:&quot;6a95408ce9c63&quot;}\" data-wp-interactive=\"core\/image\" data-wp-key=\"6a95408ce9c63\" class=\"wp-block-image size-full wp-lightbox-container\"><img decoding=\"async\" width=\"1800\" height=\"1350\" data-wp-class--hide=\"state.isContentHidden\" data-wp-class--show=\"state.isContentVisible\" data-wp-init=\"callbacks.setButtonStyles\" data-wp-on--click=\"actions.showLightbox\" data-wp-on--load=\"callbacks.setButtonStyles\" data-wp-on--pointerdown=\"actions.preloadImage\" data-wp-on--pointerenter=\"actions.preloadImageWithDelay\" data-wp-on--pointerleave=\"actions.cancelPreload\" data-wp-on-window--resize=\"callbacks.setButtonStyles\" src=\"https:\/\/loudavymkrokem.cz\/wp-content\/uploads\/2026\/08\/toskansko-clanky-ubytovani-toskansko-27.jpg\" alt=\"Tet\u0151terasz a cser\u00e9ptet\u0151k f\u00f6l\u00f6tt\" class=\"wp-image-395014\" title=\"\" srcset=\"https:\/\/loudavymkrokem.cz\/wp-content\/uploads\/2026\/08\/toskansko-clanky-ubytovani-toskansko-27.jpg 1800w, https:\/\/loudavymkrokem.cz\/wp-content\/uploads\/2026\/08\/toskansko-clanky-ubytovani-toskansko-27-300x225.jpg 300w, https:\/\/loudavymkrokem.cz\/wp-content\/uploads\/2026\/08\/toskansko-clanky-ubytovani-toskansko-27-700x525.jpg 700w, https:\/\/loudavymkrokem.cz\/wp-content\/uploads\/2026\/08\/toskansko-clanky-ubytovani-toskansko-27-768x576.jpg 768w, https:\/\/loudavymkrokem.cz\/wp-content\/uploads\/2026\/08\/toskansko-clanky-ubytovani-toskansko-27-1536x1152.jpg 1536w, https:\/\/loudavymkrokem.cz\/wp-content\/uploads\/2026\/08\/toskansko-clanky-ubytovani-toskansko-27-80x60.jpg 80w, https:\/\/loudavymkrokem.cz\/wp-content\/uploads\/2026\/08\/toskansko-clanky-ubytovani-toskansko-27-160x120.jpg 160w, https:\/\/loudavymkrokem.cz\/wp-content\/uploads\/2026\/08\/toskansko-clanky-ubytovani-toskansko-27-696x522.jpg 696w, https:\/\/loudavymkrokem.cz\/wp-content\/uploads\/2026\/08\/toskansko-clanky-ubytovani-toskansko-27-1392x1044.jpg 1392w\" sizes=\"(max-width: 1800px) 100vw, 1800px\" \/><button\n\t\t\tclass=\"lightbox-trigger\"\n\t\t\ttype=\"button\"\n\t\t\taria-haspopup=\"dialog\"\n\t\t\tdata-wp-bind--aria-label=\"state.thisImage.triggerButtonAriaLabel\"\n\t\t\tdata-wp-init=\"callbacks.initTriggerButton\"\n\t\t\tdata-wp-on--click=\"actions.showLightbox\"\n\t\t\tdata-wp-style--right=\"state.thisImage.buttonRight\"\n\t\t\tdata-wp-style--top=\"state.thisImage.buttonTop\"\n\t\t>\n\t\t\t<svg xmlns=\"http:\/\/www.w3.org\/2000\/svg\" width=\"12\" height=\"12\" fill=\"none\" viewBox=\"0 0 12 12\">\n\t\t\t\t<path fill=\"#fff\" d=\"M2 0a2 2 0 0 0-2 2v2h1.5V2a.5.5 0 0 1 .5-.5h2V0H2Zm2 10.5H2a.5.5 0 0 1-.5-.5V8H0v2a2 2 0 0 0 2 2h2v-1.5ZM8 12v-1.5h2a.5.5 0 0 0 .5-.5V8H12v2a2 2 0 0 1-2 2H8Zm2-12a2 2 0 0 1 2 2v2h-1.5V2a.5.5 0 0 0-.5-.5H8V0h2Z\" \/>\n\t\t\t<\/svg>\n\t\t<\/button><\/figure>\n\n\n\n<p class=\"wp-block-paragraph\">\ud83d\udc49 <strong>Foglal\u00e1s:<\/strong> <a href=\"https:\/\/www.stay22.com\/allez\/roam?aid=lukaskonecny&#038;campaign=ubytovani-toskansko&#038;hotelname=Hotel+Certosa+di+Maggiano&#038;address=Siena%2C+It%C3%A1lie\" target=\"_blank\" rel=\"noopener nofollow sponsored\">El\u00e9rhet\u0151s\u00e9g \u00e9s \u00e1rak ellen\u0151rz\u00e9se \u2014 Hotel Certosa di Maggiano<\/a><\/p>\n\n\n\n<h3 class=\"wp-block-heading\"><span class=\"ez-toc-section\" id=\"22_Torre_del_Fuggisole_Booking\"><\/span>22. Torre del Fuggisole (Booking)<span class=\"ez-toc-section-end\"><\/span><\/h3>\n\n\n\n<p class=\"wp-block-paragraph\">A luxuskateg\u00f3ri\u00e1s sz\u00e1ll\u00e1sokn\u00e1l gyakran nagyon neh\u00e9z \u00e9sszer\u0171 \u00e1rat tal\u00e1lni, de ez a t\u00f6rt\u00e9nelmi palota Sien\u00e1ban <strong>versenyt\u00e1rs n\u00e9lk\u00fcli, legjobb \u00e1r-luxus ar\u00e1nyt k\u00edn\u00e1lja az eg\u00e9sz v\u00e1rosban<\/strong>. A vend\u00e9g\u00e9rt\u00e9kel\u00e9sek kiemelik a hihetetlen\u00fcl \u00e9rz\u00e9keny fel\u00faj\u00edt\u00e1st, amely meg\u0151rizte a mennyezetek eredeti festett fresk\u00f3it, \u00e9s a rendk\u00edv\u00fcl szem\u00e9lyes hozz\u00e1\u00e1ll\u00e1st, amellyel a szem\u00e9lyzet sz\u00f3 szerint minden k\u00edv\u00e1ns\u00e1godat teljes\u00edti. Ink\u00e1bb egy nemesi rezidencia megbecs\u00fclt vend\u00e9g\u00e9nek \u00e9rzed itt magad, mint egy \u00e1tlagos turist\u00e1nak.<\/p>\n\n\n\n<p class=\"wp-block-paragraph\"><strong>Az ir\u00e1ny\u00e1rak itt m\u00e1r gy\u00f6ny\u00f6r\u0171 105 \u20ac-t\u00f3l kezd\u0151dnek \u00e9jszak\u00e1nk\u00e9nt<\/strong>, ami egy ilyen \u00f6tcsillagos \u00e9lm\u00e9ny\u00e9rt abszol\u00fat \u00e1lom, amely a szezonban gyorsan elt\u0171nik. A Bookingon a sz\u00e1ll\u00e1s preszt\u00edzses, 9,6\/10-es oszt\u00e1lyzattal b\u00fcszk\u00e9lkedik. Minden szob\u00e1nak teljesen egyedi a diz\u00e1jnja, neh\u00e9z f\u00fcgg\u00f6nyei \u00e9s a f\u00fcrd\u0151szob\u00e1kban luxus kozmetikumai vannak, amelyek al\u00e1h\u00fazz\u00e1k az exkluzivit\u00e1s \u00f6ssz\u00e9rz\u00e9s\u00e9t.<\/p>\n\n\n\n<p class=\"wp-block-paragraph\">\ud83d\udca1 <strong>Tipp a foglal\u00e1shoz:<\/strong> Tekintve, hogy a hotel ilyen remek \u00e1r-luxus ar\u00e1nyt k\u00edn\u00e1l, gyakran hossz\u00fa h\u00f3napokra el\u0151re ki\u00e1rus\u00edtott. Ha tudod az utad id\u0151pontj\u00e1t, ezt a sz\u00e1ll\u00e1st foglald le els\u0151k\u00e9nt, nem fogod megb\u00e1nni.<\/p>\n\n\n\n<figure data-wp-context=\"{&quot;imageId&quot;:&quot;6a95408cea387&quot;}\" data-wp-interactive=\"core\/image\" data-wp-key=\"6a95408cea387\" class=\"wp-block-image size-full wp-lightbox-container\"><img decoding=\"async\" width=\"1800\" height=\"1200\" data-wp-class--hide=\"state.isContentHidden\" data-wp-class--show=\"state.isContentVisible\" data-wp-init=\"callbacks.setButtonStyles\" data-wp-on--click=\"actions.showLightbox\" data-wp-on--load=\"callbacks.setButtonStyles\" data-wp-on--pointerdown=\"actions.preloadImage\" data-wp-on--pointerenter=\"actions.preloadImageWithDelay\" data-wp-on--pointerleave=\"actions.cancelPreload\" data-wp-on-window--resize=\"callbacks.setButtonStyles\" src=\"https:\/\/loudavymkrokem.cz\/wp-content\/uploads\/2026\/08\/ubytovani-toskansko-kryty-bazen.jpg\" alt=\"Fedett medence egy wellness hotelben\" class=\"wp-image-395142\" title=\"\" srcset=\"https:\/\/loudavymkrokem.cz\/wp-content\/uploads\/2026\/08\/ubytovani-toskansko-kryty-bazen.jpg 1800w, https:\/\/loudavymkrokem.cz\/wp-content\/uploads\/2026\/08\/ubytovani-toskansko-kryty-bazen-300x200.jpg 300w, https:\/\/loudavymkrokem.cz\/wp-content\/uploads\/2026\/08\/ubytovani-toskansko-kryty-bazen-700x467.jpg 700w, https:\/\/loudavymkrokem.cz\/wp-content\/uploads\/2026\/08\/ubytovani-toskansko-kryty-bazen-768x512.jpg 768w, https:\/\/loudavymkrokem.cz\/wp-content\/uploads\/2026\/08\/ubytovani-toskansko-kryty-bazen-1536x1024.jpg 1536w, https:\/\/loudavymkrokem.cz\/wp-content\/uploads\/2026\/08\/ubytovani-toskansko-kryty-bazen-696x464.jpg 696w, https:\/\/loudavymkrokem.cz\/wp-content\/uploads\/2026\/08\/ubytovani-toskansko-kryty-bazen-1392x928.jpg 1392w\" sizes=\"(max-width: 1800px) 100vw, 1800px\" \/><button\n\t\t\tclass=\"lightbox-trigger\"\n\t\t\ttype=\"button\"\n\t\t\taria-haspopup=\"dialog\"\n\t\t\tdata-wp-bind--aria-label=\"state.thisImage.triggerButtonAriaLabel\"\n\t\t\tdata-wp-init=\"callbacks.initTriggerButton\"\n\t\t\tdata-wp-on--click=\"actions.showLightbox\"\n\t\t\tdata-wp-style--right=\"state.thisImage.buttonRight\"\n\t\t\tdata-wp-style--top=\"state.thisImage.buttonTop\"\n\t\t>\n\t\t\t<svg xmlns=\"http:\/\/www.w3.org\/2000\/svg\" width=\"12\" height=\"12\" fill=\"none\" viewBox=\"0 0 12 12\">\n\t\t\t\t<path fill=\"#fff\" d=\"M2 0a2 2 0 0 0-2 2v2h1.5V2a.5.5 0 0 1 .5-.5h2V0H2Zm2 10.5H2a.5.5 0 0 1-.5-.5V8H0v2a2 2 0 0 0 2 2h2v-1.5ZM8 12v-1.5h2a.5.5 0 0 0 .5-.5V8H12v2a2 2 0 0 1-2 2H8Zm2-12a2 2 0 0 1 2 2v2h-1.5V2a.5.5 0 0 0-.5-.5H8V0h2Z\" \/>\n\t\t\t<\/svg>\n\t\t<\/button><\/figure>\n\n\n\n<p class=\"wp-block-paragraph\">\ud83d\udc49 <strong>Foglal\u00e1s:<\/strong> <a href=\"https:\/\/www.stay22.com\/allez\/roam?aid=lukaskonecny&#038;campaign=ubytovani-toskansko&#038;hotelname=Torre+del+Fuggisole&#038;address=Siena%2C+It%C3%A1lie\" target=\"_blank\" rel=\"noopener nofollow sponsored\">El\u00e9rhet\u0151s\u00e9g \u00e9s \u00e1rak ellen\u0151rz\u00e9se \u2014 Torre del Fuggisole<\/a><\/p>\n\n\n\n<h3 class=\"wp-block-heading\"><span class=\"ez-toc-section\" id=\"23_Palazzo_Patrizi_Suites_Spa_Booking\"><\/span>23. Palazzo Patrizi Suites &#038; Spa (Booking)<span class=\"ez-toc-section-end\"><\/span><\/h3>\n\n\n\n<p class=\"wp-block-paragraph\">Ha mindenn\u00e9l jobban szereted a wellnesst, \u00e9s egy hossz\u00fa, l\u00e1tnival\u00f3k k\u00f6z\u00f6tti nap ut\u00e1n teljes luxusban szeretn\u00e9l pihenni, <strong>ez az \u00f3don palota Sien\u00e1ban elrejt a m\u00e9ly\u00e9ben egy csod\u00e1latos priv\u00e1t sp\u00e1t<\/strong>. A vend\u00e9gek az \u00e9rt\u00e9kel\u00e9sekben dics\u00e9rik a hatalmas, faillat\u00fa, neh\u00e9z antik b\u00fatorokkal berendezett lakoszt\u00e1lyokat \u00e9s az eg\u00e9sz sz\u00e1ll\u00e1s abszol\u00fat diszkr\u00e9ci\u00f3j\u00e1t, amely csak p\u00e1r l\u00e9p\u00e9sre fekszik a h\u00edres katedr\u00e1list\u00f3l. Az eg\u00e9sz t\u00e9r hihetetlen\u00fcl nemesnek \u00e9s nyugodtnak hat.<\/p>\n\n\n\n<p class=\"wp-block-paragraph\"><strong>K\u00e9sz\u00edts el\u0151 t\u00e1j\u00e9koztat\u00f3 jelleggel 295 \u20ac k\u00f6r\u00fcl \u00e9jszak\u00e1nk\u00e9nt<\/strong>, ami t\u00f6k\u00e9letes \u00e9s nagyon keresett helly\u00e9 teszi egy \u00e9vfordul\u00f3 vagy n\u00e1sz\u00fat alkalm\u00e1b\u00f3l. A Bookingon l\u00e9v\u0151 t\u00f6bb mint sz\u00e1z v\u00e9lem\u00e9nyb\u0151l kiv\u00e1l\u00f3, 9,5\/10-es \u00e9rt\u00e9kel\u00e9se van. A bolt\u00edves mennyezet\u0171 f\u00f6ldalatti spa pezsg\u0151f\u00fcrd\u0151t, szaun\u00e1t \u00e9s relax\u00e1ci\u00f3s z\u00f3n\u00e1t k\u00edn\u00e1l, amelyet csak magadnak foglalhatsz le, \u00e9s \u00edgy \u00e9lvezhetsz egy semmi \u00e1ltal nem zavart est\u00e9t egy poh\u00e1r prosecco mellett.<\/p>\n\n\n\n<p class=\"wp-block-paragraph\">\ud83d\udca1 <strong>Tipp p\u00e1roknak:<\/strong> Mindenk\u00e9pp foglalj priv\u00e1t id\u0151t a f\u00f6ldalatti sp\u00e1ban r\u00f6gt\u00f6n \u00e9rkez\u00e9skor a recepci\u00f3n. Az esti relax\u00e1ci\u00f3 a felf\u0171t\u00f6tt v\u00edzben a t\u00f6rt\u00e9nelmi bolt\u00edvek alatt t\u00f6k\u00e9letes pontot tesz az eg\u00e9sz nap v\u00e9g\u00e9re.<\/p>\n\n\n\n<figure data-wp-context=\"{&quot;imageId&quot;:&quot;6a95408ceaa05&quot;}\" data-wp-interactive=\"core\/image\" data-wp-key=\"6a95408ceaa05\" class=\"wp-block-image size-full wp-lightbox-container\"><img decoding=\"async\" width=\"1800\" height=\"1200\" data-wp-class--hide=\"state.isContentHidden\" data-wp-class--show=\"state.isContentVisible\" data-wp-init=\"callbacks.setButtonStyles\" data-wp-on--click=\"actions.showLightbox\" data-wp-on--load=\"callbacks.setButtonStyles\" data-wp-on--pointerdown=\"actions.preloadImage\" data-wp-on--pointerenter=\"actions.preloadImageWithDelay\" data-wp-on--pointerleave=\"actions.cancelPreload\" data-wp-on-window--resize=\"callbacks.setButtonStyles\" src=\"https:\/\/loudavymkrokem.cz\/wp-content\/uploads\/2026\/08\/toskansko-clanky-ubytovani-toskansko-29.jpg\" alt=\"\u00c1gy egy butikszob\u00e1ban\" class=\"wp-image-395016\" title=\"\" srcset=\"https:\/\/loudavymkrokem.cz\/wp-content\/uploads\/2026\/08\/toskansko-clanky-ubytovani-toskansko-29.jpg 1800w, https:\/\/loudavymkrokem.cz\/wp-content\/uploads\/2026\/08\/toskansko-clanky-ubytovani-toskansko-29-300x200.jpg 300w, https:\/\/loudavymkrokem.cz\/wp-content\/uploads\/2026\/08\/toskansko-clanky-ubytovani-toskansko-29-700x467.jpg 700w, https:\/\/loudavymkrokem.cz\/wp-content\/uploads\/2026\/08\/toskansko-clanky-ubytovani-toskansko-29-768x512.jpg 768w, https:\/\/loudavymkrokem.cz\/wp-content\/uploads\/2026\/08\/toskansko-clanky-ubytovani-toskansko-29-1536x1024.jpg 1536w, https:\/\/loudavymkrokem.cz\/wp-content\/uploads\/2026\/08\/toskansko-clanky-ubytovani-toskansko-29-696x464.jpg 696w, https:\/\/loudavymkrokem.cz\/wp-content\/uploads\/2026\/08\/toskansko-clanky-ubytovani-toskansko-29-1392x928.jpg 1392w\" sizes=\"(max-width: 1800px) 100vw, 1800px\" \/><button\n\t\t\tclass=\"lightbox-trigger\"\n\t\t\ttype=\"button\"\n\t\t\taria-haspopup=\"dialog\"\n\t\t\tdata-wp-bind--aria-label=\"state.thisImage.triggerButtonAriaLabel\"\n\t\t\tdata-wp-init=\"callbacks.initTriggerButton\"\n\t\t\tdata-wp-on--click=\"actions.showLightbox\"\n\t\t\tdata-wp-style--right=\"state.thisImage.buttonRight\"\n\t\t\tdata-wp-style--top=\"state.thisImage.buttonTop\"\n\t\t>\n\t\t\t<svg xmlns=\"http:\/\/www.w3.org\/2000\/svg\" width=\"12\" height=\"12\" fill=\"none\" viewBox=\"0 0 12 12\">\n\t\t\t\t<path fill=\"#fff\" d=\"M2 0a2 2 0 0 0-2 2v2h1.5V2a.5.5 0 0 1 .5-.5h2V0H2Zm2 10.5H2a.5.5 0 0 1-.5-.5V8H0v2a2 2 0 0 0 2 2h2v-1.5ZM8 12v-1.5h2a.5.5 0 0 0 .5-.5V8H12v2a2 2 0 0 1-2 2H8Zm2-12a2 2 0 0 1 2 2v2h-1.5V2a.5.5 0 0 0-.5-.5H8V0h2Z\" \/>\n\t\t\t<\/svg>\n\t\t<\/button><\/figure>\n\n\n\n<p class=\"wp-block-paragraph\">\ud83d\udc49 <strong>Foglal\u00e1s:<\/strong> <a href=\"https:\/\/www.stay22.com\/allez\/roam?aid=lukaskonecny&#038;campaign=ubytovani-toskansko&#038;hotelname=Palazzo+Patrizi+Suites+%26+Spa&#038;address=Siena%2C+It%C3%A1lie\" target=\"_blank\" rel=\"noopener nofollow sponsored\">El\u00e9rhet\u0151s\u00e9g \u00e9s \u00e1rak ellen\u0151rz\u00e9se \u2014 Palazzo Patrizi Suites &#038; Spa<\/a><\/p>\n\n\n\n<h3 class=\"wp-block-heading\"><span class=\"ez-toc-section\" id=\"24_Hotel_La_Gemma_Booking\"><\/span>24. Hotel La Gemma (Booking)<span class=\"ez-toc-section-end\"><\/span><\/h3>\n\n\n\n<p class=\"wp-block-paragraph\">V\u00e9gre \u00e1tugrunk Firenz\u00e9be, ahol a Santa Maria Novella p\u00e1lyaudvar k\u00f6zel\u00e9ben tal\u00e1lod ezt a modern felfog\u00e1s\u00fa \u00f6tcsillagos gy\u00f6ngyszemet, amely <strong>az olasz elegancia \u00e9s a teljesen els\u0151rang\u00fa diz\u00e1jn megtestes\u00fcl\u00e9se<\/strong>. A vend\u00e9g\u00e9rt\u00e9kel\u00e9sek rendszeresen \u00fcnneplik a ritka m\u00e1rv\u00e1nnyal burkolt luxusf\u00fcrd\u0151szob\u00e1kat \u00e9s a felejthetetlen gasztron\u00f3miai \u00e9lm\u00e9nyeket a helyi \u00e9tteremben, amely nagyon magas kulin\u00e1ris sz\u00ednvonalra \u00e9p\u00edt. A kiszolg\u00e1l\u00e1s itt l\u00e1thatatlan, de mindig k\u00e9zn\u00e9l van.<\/p>\n\n\n\n<p class=\"wp-block-paragraph\"><strong>Az ir\u00e1ny\u00e1rak itt 420 \u20ac-t\u00f3l indulnak \u00e9jszak\u00e1nk\u00e9nt<\/strong>, ami olyan \u00f6sszeg, amely\u00e9rt b\u00e1rmif\u00e9le kompromisszum n\u00e9lk\u00fcli szervizt kapsz. A Bookingon kiv\u00e9teles, 9,5\/10-es \u00e9rt\u00e9kel\u00e9st tart t\u00f6bb mint ezer\u00f6tsz\u00e1z v\u00e9lem\u00e9nyb\u0151l. A hotel bels\u0151 terei t\u00f6k\u00e9letesen keverik a firenzei t\u00f6rt\u00e9nelmet a jelenkori diz\u00e1jntrendekkel, \u00edgy \u00fagy fogod itt \u00e9rezni magad, mint egy luxus lakberendez\u00e9si magazinban.<\/p>\n\n\n\n<p class=\"wp-block-paragraph\">\ud83d\udca1 <strong>Vacsora-tipp:<\/strong> Ha szeretn\u00e9l kedveskedni magadnak, foglalj asztalt a hotel \u00e9tterm\u00e9ben. Az \u00e9tel itt ugyan dr\u00e1g\u00e1bb, de a szak\u00e1csok hihetetlen vari\u00e1ci\u00f3kat var\u00e1zsolnak a hagyom\u00e1nyos toszk\u00e1n fog\u00e1sokb\u00f3l gy\u00f6ny\u00f6r\u0171 vizu\u00e1lis kivitelben.<\/p>\n\n\n\n<figure data-wp-context=\"{&quot;imageId&quot;:&quot;6a95408ceaebf&quot;}\" data-wp-interactive=\"core\/image\" data-wp-key=\"6a95408ceaebf\" class=\"wp-block-image size-full wp-lightbox-container\"><img decoding=\"async\" width=\"1800\" height=\"1201\" data-wp-class--hide=\"state.isContentHidden\" data-wp-class--show=\"state.isContentVisible\" data-wp-init=\"callbacks.setButtonStyles\" data-wp-on--click=\"actions.showLightbox\" data-wp-on--load=\"callbacks.setButtonStyles\" data-wp-on--pointerdown=\"actions.preloadImage\" data-wp-on--pointerenter=\"actions.preloadImageWithDelay\" data-wp-on--pointerleave=\"actions.cancelPreload\" data-wp-on-window--resize=\"callbacks.setButtonStyles\" src=\"https:\/\/loudavymkrokem.cz\/wp-content\/uploads\/2026\/08\/ubytovani-toskansko-mramorova-koupelna.jpg\" alt=\"M\u00e1rv\u00e1nyf\u00fcrd\u0151szoba egy luxushotelben\" class=\"wp-image-395144\" title=\"\" srcset=\"https:\/\/loudavymkrokem.cz\/wp-content\/uploads\/2026\/08\/ubytovani-toskansko-mramorova-koupelna.jpg 1800w, https:\/\/loudavymkrokem.cz\/wp-content\/uploads\/2026\/08\/ubytovani-toskansko-mramorova-koupelna-300x200.jpg 300w, https:\/\/loudavymkrokem.cz\/wp-content\/uploads\/2026\/08\/ubytovani-toskansko-mramorova-koupelna-700x467.jpg 700w, https:\/\/loudavymkrokem.cz\/wp-content\/uploads\/2026\/08\/ubytovani-toskansko-mramorova-koupelna-768x512.jpg 768w, https:\/\/loudavymkrokem.cz\/wp-content\/uploads\/2026\/08\/ubytovani-toskansko-mramorova-koupelna-1536x1025.jpg 1536w, https:\/\/loudavymkrokem.cz\/wp-content\/uploads\/2026\/08\/ubytovani-toskansko-mramorova-koupelna-696x464.jpg 696w, https:\/\/loudavymkrokem.cz\/wp-content\/uploads\/2026\/08\/ubytovani-toskansko-mramorova-koupelna-1392x929.jpg 1392w\" sizes=\"(max-width: 1800px) 100vw, 1800px\" \/><button\n\t\t\tclass=\"lightbox-trigger\"\n\t\t\ttype=\"button\"\n\t\t\taria-haspopup=\"dialog\"\n\t\t\tdata-wp-bind--aria-label=\"state.thisImage.triggerButtonAriaLabel\"\n\t\t\tdata-wp-init=\"callbacks.initTriggerButton\"\n\t\t\tdata-wp-on--click=\"actions.showLightbox\"\n\t\t\tdata-wp-style--right=\"state.thisImage.buttonRight\"\n\t\t\tdata-wp-style--top=\"state.thisImage.buttonTop\"\n\t\t>\n\t\t\t<svg xmlns=\"http:\/\/www.w3.org\/2000\/svg\" width=\"12\" height=\"12\" fill=\"none\" viewBox=\"0 0 12 12\">\n\t\t\t\t<path fill=\"#fff\" d=\"M2 0a2 2 0 0 0-2 2v2h1.5V2a.5.5 0 0 1 .5-.5h2V0H2Zm2 10.5H2a.5.5 0 0 1-.5-.5V8H0v2a2 2 0 0 0 2 2h2v-1.5ZM8 12v-1.5h2a.5.5 0 0 0 .5-.5V8H12v2a2 2 0 0 1-2 2H8Zm2-12a2 2 0 0 1 2 2v2h-1.5V2a.5.5 0 0 0-.5-.5H8V0h2Z\" \/>\n\t\t\t<\/svg>\n\t\t<\/button><\/figure>\n\n\n\n<p class=\"wp-block-paragraph\">\ud83d\udc49 <strong>Foglal\u00e1s:<\/strong> <a href=\"https:\/\/www.stay22.com\/allez\/roam?aid=lukaskonecny&#038;campaign=ubytovani-toskansko&#038;hotelname=Hotel+La+Gemma&#038;address=Florencie%2C+It%C3%A1lie\" target=\"_blank\" rel=\"noopener nofollow sponsored\">El\u00e9rhet\u0151s\u00e9g \u00e9s \u00e1rak ellen\u0151rz\u00e9se \u2014 Hotel La Gemma<\/a><\/p>\n\n\n\n<h3 class=\"wp-block-heading\"><span class=\"ez-toc-section\" id=\"25_Hotel_Spadai_Booking\"><\/span>25. Hotel Spadai (Booking)<span class=\"ez-toc-section-end\"><\/span><\/h3>\n\n\n\n<p class=\"wp-block-paragraph\">Ez a leny\u0171g\u00f6z\u0151 hotel egy fel\u00faj\u00edtott renesz\u00e1nsz palot\u00e1ban sz\u00e9kel Firenze sz\u00edv\u00e9ben, \u00e9s <strong>egyes ablakokb\u00f3l sz\u00f3 szerint egyenesen a h\u00edres Duomo kupol\u00e1j\u00e1ra n\u00e9zhetsz<\/strong>. Az utaz\u00f3k az \u00e9rt\u00e9kel\u00e9sekben nagyon gyakran eml\u00edtik a prec\u00edzen hangszigetelt ablakokat, amelyeknek k\u00f6sz\u00f6nhet\u0151en egy\u00e1ltal\u00e1n semmit nem hallasz a k\u00fcls\u0151 ny\u00fczsg\u00e9sb\u0151l, holott a v\u00e1ros legforgalmasabb r\u00e9sz\u00e9ben alszol. A hab a tort\u00e1n pedig a fantasztikus b\u00e1r a legfels\u0151 emeleten, ahonnan a v\u00e1ros tenyereden van.<\/p>\n\n\n\n<p class=\"wp-block-paragraph\"><strong>Az \u00e1rak itt t\u00e1j\u00e9koztat\u00f3 jelleggel nagyj\u00e1b\u00f3l 455 \u20ac-t\u00f3l kezd\u0151dnek \u00e9jszak\u00e1nk\u00e9nt<\/strong>, ami megb\u00edzhat\u00f3an t\u00fckr\u00f6zi a teljesen exkluz\u00edv lok\u00e1ci\u00f3t \u00e9s az \u00f6tcsillagos szolg\u00e1ltat\u00e1si standardot. A Bookingon t\u00f6bb mint ezer\u00f6tsz\u00e1z v\u00e9lem\u00e9nye van 9,5\/10-es oszt\u00e1lyzattal. Minden szoba okos elektronik\u00e1val, \u00f3ri\u00e1si, pr\u00e9mium matracos \u00e1gyakkal \u00e9s olyan f\u00fcrd\u0151szob\u00e1kkal felszerelt, amelyekb\u0151l nem lesz kedved kij\u00f6nni.<\/p>\n\n\n\n<p class=\"wp-block-paragraph\">\ud83d\udca1 <strong>Tipp egy italra:<\/strong> A tet\u0151b\u00e1r a nagyk\u00f6z\u00f6ns\u00e9g sz\u00e1m\u00e1ra is nyitva van, de hotelvend\u00e9gk\u00e9nt \u00e9rthet\u0151en el\u0151nyt \u00e9lvezel. Ugorj fel ide egy kora esti Negronira, hallgasd a halk zen\u00e9t, \u00e9s \u00e9lvezd a kil\u00e1t\u00e1st a lenyugv\u00f3 nap f\u00e9ny\u00e9ben f\u00fcrd\u0151 Firenz\u00e9re.<\/p>\n\n\n\n<figure data-wp-context=\"{&quot;imageId&quot;:&quot;6a95408ceb38b&quot;}\" data-wp-interactive=\"core\/image\" data-wp-key=\"6a95408ceb38b\" class=\"wp-block-image size-full wp-lightbox-container\"><img decoding=\"async\" width=\"1800\" height=\"1200\" data-wp-class--hide=\"state.isContentHidden\" data-wp-class--show=\"state.isContentVisible\" data-wp-init=\"callbacks.setButtonStyles\" data-wp-on--click=\"actions.showLightbox\" data-wp-on--load=\"callbacks.setButtonStyles\" data-wp-on--pointerdown=\"actions.preloadImage\" data-wp-on--pointerenter=\"actions.preloadImageWithDelay\" data-wp-on--pointerleave=\"actions.cancelPreload\" data-wp-on-window--resize=\"callbacks.setButtonStyles\" src=\"https:\/\/loudavymkrokem.cz\/wp-content\/uploads\/2026\/08\/ubytovani-toskansko-zahrada-fontana.jpg\" alt=\"Olasz villa kertje sz\u00f6k\u0151k\u00fattal\" class=\"wp-image-395147\" title=\"\" srcset=\"https:\/\/loudavymkrokem.cz\/wp-content\/uploads\/2026\/08\/ubytovani-toskansko-zahrada-fontana.jpg 1800w, https:\/\/loudavymkrokem.cz\/wp-content\/uploads\/2026\/08\/ubytovani-toskansko-zahrada-fontana-300x200.jpg 300w, https:\/\/loudavymkrokem.cz\/wp-content\/uploads\/2026\/08\/ubytovani-toskansko-zahrada-fontana-700x467.jpg 700w, https:\/\/loudavymkrokem.cz\/wp-content\/uploads\/2026\/08\/ubytovani-toskansko-zahrada-fontana-768x512.jpg 768w, https:\/\/loudavymkrokem.cz\/wp-content\/uploads\/2026\/08\/ubytovani-toskansko-zahrada-fontana-1536x1024.jpg 1536w, https:\/\/loudavymkrokem.cz\/wp-content\/uploads\/2026\/08\/ubytovani-toskansko-zahrada-fontana-696x464.jpg 696w, https:\/\/loudavymkrokem.cz\/wp-content\/uploads\/2026\/08\/ubytovani-toskansko-zahrada-fontana-1392x928.jpg 1392w\" sizes=\"(max-width: 1800px) 100vw, 1800px\" \/><button\n\t\t\tclass=\"lightbox-trigger\"\n\t\t\ttype=\"button\"\n\t\t\taria-haspopup=\"dialog\"\n\t\t\tdata-wp-bind--aria-label=\"state.thisImage.triggerButtonAriaLabel\"\n\t\t\tdata-wp-init=\"callbacks.initTriggerButton\"\n\t\t\tdata-wp-on--click=\"actions.showLightbox\"\n\t\t\tdata-wp-style--right=\"state.thisImage.buttonRight\"\n\t\t\tdata-wp-style--top=\"state.thisImage.buttonTop\"\n\t\t>\n\t\t\t<svg xmlns=\"http:\/\/www.w3.org\/2000\/svg\" width=\"12\" height=\"12\" fill=\"none\" viewBox=\"0 0 12 12\">\n\t\t\t\t<path fill=\"#fff\" d=\"M2 0a2 2 0 0 0-2 2v2h1.5V2a.5.5 0 0 1 .5-.5h2V0H2Zm2 10.5H2a.5.5 0 0 1-.5-.5V8H0v2a2 2 0 0 0 2 2h2v-1.5ZM8 12v-1.5h2a.5.5 0 0 0 .5-.5V8H12v2a2 2 0 0 1-2 2H8Zm2-12a2 2 0 0 1 2 2v2h-1.5V2a.5.5 0 0 0-.5-.5H8V0h2Z\" \/>\n\t\t\t<\/svg>\n\t\t<\/button><\/figure>\n\n\n\n<p class=\"wp-block-paragraph\">\ud83d\udc49 <strong>Foglal\u00e1s:<\/strong> <a href=\"https:\/\/www.stay22.com\/allez\/roam?aid=lukaskonecny&#038;campaign=ubytovani-toskansko&#038;hotelname=Hotel+Spadai&#038;address=Florencie%2C+It%C3%A1lie\" target=\"_blank\" rel=\"noopener nofollow sponsored\">El\u00e9rhet\u0151s\u00e9g \u00e9s \u00e1rak ellen\u0151rz\u00e9se \u2014 Hotel Spadai<\/a><\/p>\n\n\n\n<h3 class=\"wp-block-heading\"><span class=\"ez-toc-section\" id=\"26_Donati_Luxury_Tower_Suites_Booking\"><\/span>26. Donati Luxury Tower Suites (Booking)<span class=\"ez-toc-section-end\"><\/span><\/h3>\n\n\n\n<p class=\"wp-block-paragraph\">Ha \u00e1t szeretn\u00e9d \u00e9lni azt a hihetetlen \u00e9rz\u00e9st, hogy a ti\u00e9d az eg\u00e9sz Firenze, <strong>ezek a lakoszt\u00e1lyok egy \u00f3don k\u00f6z\u00e9pkori toronyban, a Duomo k\u00f6zel\u00e9ben panor\u00e1m\u00e1s kil\u00e1t\u00e1s\u00fa tet\u0151teraszos pezsg\u0151f\u00fcrd\u0151ket k\u00edn\u00e1lnak<\/strong>. A vend\u00e9gek az \u00e9rt\u00e9kel\u00e9sekben a firenzei f\u00e9ny\u0171z\u00e9s abszol\u00fat cs\u00facsak\u00e9nt \u00edrj\u00e1k le a sz\u00e1ll\u00e1st, ahol szem\u00e9lyes inas \u00e1ll rendelkez\u00e9sedre \u00e9s abszol\u00fat mag\u00e1n\u00e9let a legforgalmasabb v\u00e1ros k\u00f6zep\u00e9n. Ez az a hely, ahol val\u00f3ra v\u00e1lnak az opulens nyaral\u00e1sr\u00f3l sz\u00f3l\u00f3 \u00e1lmok.<\/p>\n\n\n\n<p class=\"wp-block-paragraph\"><strong>Ez\u00e9rt a kiv\u00e9teles \u00e9lm\u00e9ny\u00e9rt t\u00e1j\u00e9koztat\u00f3 jelleggel 910 \u20ac-t\u00f3l fizetsz \u00e9jszak\u00e1nk\u00e9nt<\/strong>, ami t\u00e9nyleg nagyon k\u00fcl\u00f6nleges \u00e9letalkalmakra, p\u00e9ld\u00e1ul kerek \u00e9vfordul\u00f3ra vagy n\u00e1sz\u00fatra teszi v\u00e1laszt\u00e1ss\u00e1. A Bookingon az \u00e9rt\u00e9kel\u00e9s 9,4\/10. A szob\u00e1k a torony eg\u00e9sz emeleteit elfoglalj\u00e1k, \u00e9s hihetetlen teret, saj\u00e1t, teljesen felszerelt konyh\u00e1t \u00e9s egy kisebb lak\u00e1s m\u00e9ret\u0171 m\u00e1rv\u00e1nyf\u00fcrd\u0151szob\u00e1kat k\u00edn\u00e1lnak.<\/p>\n\n\n\n<p class=\"wp-block-paragraph\">\ud83d\udca1 <strong>\u00c9lm\u00e9ny-tipp:<\/strong> Egy pezsg\u0151f\u00fcrd\u0151 egy k\u00f6z\u00e9pkori torony tetej\u00e9n, a katedr\u00e1lisra n\u00e9z\u0151 kil\u00e1t\u00e1ssal valami olyasmi, amit nem ak\u00e1rhol \u00e9lsz \u00e1t. A szem\u00e9lyzet sz\u00edvesen hoz hozz\u00e1 h\u0171t\u00f6tt pezsg\u0151t \u00e9s apr\u00f3 falatk\u00e1kat, \u00edgy egy\u00e1ltal\u00e1n semmivel nem kell t\u00f6r\u0151dn\u00f6d.<\/p>\n\n\n\n<figure data-wp-context=\"{&quot;imageId&quot;:&quot;6a95408ceb803&quot;}\" data-wp-interactive=\"core\/image\" data-wp-key=\"6a95408ceb803\" class=\"wp-block-image size-full wp-lightbox-container\"><img decoding=\"async\" width=\"1800\" height=\"1350\" data-wp-class--hide=\"state.isContentHidden\" data-wp-class--show=\"state.isContentVisible\" data-wp-init=\"callbacks.setButtonStyles\" data-wp-on--click=\"actions.showLightbox\" data-wp-on--load=\"callbacks.setButtonStyles\" data-wp-on--pointerdown=\"actions.preloadImage\" data-wp-on--pointerenter=\"actions.preloadImageWithDelay\" data-wp-on--pointerleave=\"actions.cancelPreload\" data-wp-on-window--resize=\"callbacks.setButtonStyles\" src=\"https:\/\/loudavymkrokem.cz\/wp-content\/uploads\/2026\/08\/toskansko-clanky-ubytovani-toskansko-32.jpg\" alt=\"Tengerparti hotel terasszal\" class=\"wp-image-395019\" title=\"\" srcset=\"https:\/\/loudavymkrokem.cz\/wp-content\/uploads\/2026\/08\/toskansko-clanky-ubytovani-toskansko-32.jpg 1800w, https:\/\/loudavymkrokem.cz\/wp-content\/uploads\/2026\/08\/toskansko-clanky-ubytovani-toskansko-32-300x225.jpg 300w, https:\/\/loudavymkrokem.cz\/wp-content\/uploads\/2026\/08\/toskansko-clanky-ubytovani-toskansko-32-700x525.jpg 700w, https:\/\/loudavymkrokem.cz\/wp-content\/uploads\/2026\/08\/toskansko-clanky-ubytovani-toskansko-32-768x576.jpg 768w, https:\/\/loudavymkrokem.cz\/wp-content\/uploads\/2026\/08\/toskansko-clanky-ubytovani-toskansko-32-1536x1152.jpg 1536w, https:\/\/loudavymkrokem.cz\/wp-content\/uploads\/2026\/08\/toskansko-clanky-ubytovani-toskansko-32-80x60.jpg 80w, https:\/\/loudavymkrokem.cz\/wp-content\/uploads\/2026\/08\/toskansko-clanky-ubytovani-toskansko-32-160x120.jpg 160w, https:\/\/loudavymkrokem.cz\/wp-content\/uploads\/2026\/08\/toskansko-clanky-ubytovani-toskansko-32-696x522.jpg 696w, https:\/\/loudavymkrokem.cz\/wp-content\/uploads\/2026\/08\/toskansko-clanky-ubytovani-toskansko-32-1392x1044.jpg 1392w\" sizes=\"(max-width: 1800px) 100vw, 1800px\" \/><button\n\t\t\tclass=\"lightbox-trigger\"\n\t\t\ttype=\"button\"\n\t\t\taria-haspopup=\"dialog\"\n\t\t\tdata-wp-bind--aria-label=\"state.thisImage.triggerButtonAriaLabel\"\n\t\t\tdata-wp-init=\"callbacks.initTriggerButton\"\n\t\t\tdata-wp-on--click=\"actions.showLightbox\"\n\t\t\tdata-wp-style--right=\"state.thisImage.buttonRight\"\n\t\t\tdata-wp-style--top=\"state.thisImage.buttonTop\"\n\t\t>\n\t\t\t<svg xmlns=\"http:\/\/www.w3.org\/2000\/svg\" width=\"12\" height=\"12\" fill=\"none\" viewBox=\"0 0 12 12\">\n\t\t\t\t<path fill=\"#fff\" d=\"M2 0a2 2 0 0 0-2 2v2h1.5V2a.5.5 0 0 1 .5-.5h2V0H2Zm2 10.5H2a.5.5 0 0 1-.5-.5V8H0v2a2 2 0 0 0 2 2h2v-1.5ZM8 12v-1.5h2a.5.5 0 0 0 .5-.5V8H12v2a2 2 0 0 1-2 2H8Zm2-12a2 2 0 0 1 2 2v2h-1.5V2a.5.5 0 0 0-.5-.5H8V0h2Z\" \/>\n\t\t\t<\/svg>\n\t\t<\/button><\/figure>\n\n\n\n<p class=\"wp-block-paragraph\">\ud83d\udc49 <strong>Foglal\u00e1s:<\/strong> <a href=\"https:\/\/www.stay22.com\/allez\/roam?aid=lukaskonecny&#038;campaign=ubytovani-toskansko&#038;hotelname=Donati+Luxury+Tower+Suites&#038;address=Florencie%2C+It%C3%A1lie\" target=\"_blank\" rel=\"noopener nofollow sponsored\">El\u00e9rhet\u0151s\u00e9g \u00e9s \u00e1rak ellen\u0151rz\u00e9se \u2014 Donati Luxury Tower Suites<\/a><\/p>\n\n\n\n<h3 class=\"wp-block-heading\"><span class=\"ez-toc-section\" id=\"27_Hotel_Bernini_Palace_Booking\"><\/span>27. Hotel Bernini Palace (Booking)<span class=\"ez-toc-section-end\"><\/span><\/h3>\n\n\n\n<p class=\"wp-block-paragraph\">Ez a teljesen legend\u00e1s hotel egy 15. sz\u00e1zadi t\u00f6rt\u00e9nelmi \u00e9p\u00fcletben sz\u00e9kel, sarokra a vil\u00e1gh\u00edr\u0171 Uffizi gal\u00e9ri\u00e1t\u00f3l, \u00e9s <strong>a bels\u0151 terei sz\u00f3 szerint \u00fagy n\u00e9znek ki, mint egy nagyszab\u00e1s\u00fa, nemesekr\u0151l sz\u00f3l\u00f3 t\u00f6rt\u00e9nelmi film d\u00edszletei<\/strong>. A vend\u00e9g\u00e9rt\u00e9kel\u00e9sek rendszeresen elomlanak a meg\u0151rz\u00f6tt korabeli falik\u00e1rpitokon, az \u00f3ri\u00e1si krist\u00e1lycsill\u00e1rokon \u00e9s a hihetetlen reggeliken, amelyeket egy l\u00e9legzetel\u00e1ll\u00edt\u00f3, a falakon eredeti fresk\u00f3kkal d\u00edsz\u00edtett teremben szolg\u00e1lnak fel.<\/p>\n\n\n\n<p class=\"wp-block-paragraph\"><strong>Az ir\u00e1ny\u00e1rak itt 1 265 \u20ac-t\u00f3l indulnak \u00e9jszak\u00e1nk\u00e9nt<\/strong>, ami \u00e1ttekint\u0151nk egyik legdr\u00e1g\u00e1bb c\u00edm\u00e9v\u00e9 teszi. A Bookingon 9,1\/10-es \u00e9rt\u00e9kel\u00e9se van 779 v\u00e9lem\u00e9nyb\u0151l, \u00e9s a vend\u00e9gek f\u0151leg az Uffizit\u0151l p\u00e1r l\u00e9p\u00e9sre l\u00e9v\u0151 fekv\u00e9st \u00e9s a diszkr\u00e9t szervizt emelik ki.<\/p>\n\n\n\n<p class=\"wp-block-paragraph\">\ud83d\udca1 <strong>Tipp a t\u00f6rt\u00e9nelem szerelmeseinek:<\/strong> M\u00e1r maga a reggeli a Parlament term\u00e9ben, ahol egykor az olasz szen\u00e1torok gy\u0171ltek \u00f6ssze, amikor Firenze r\u00f6vid ideig Olaszorsz\u00e1g f\u0151v\u00e1rosa volt, olyan \u00e9lm\u00e9ny, amelyt\u0151l libab\u0151r\u00f6s leszel.<\/p>\n\n\n\n<figure data-wp-context=\"{&quot;imageId&quot;:&quot;6a95408cebcfa&quot;}\" data-wp-interactive=\"core\/image\" data-wp-key=\"6a95408cebcfa\" class=\"wp-block-image size-full wp-lightbox-container\"><img decoding=\"async\" width=\"1800\" height=\"1012\" data-wp-class--hide=\"state.isContentHidden\" data-wp-class--show=\"state.isContentVisible\" data-wp-init=\"callbacks.setButtonStyles\" data-wp-on--click=\"actions.showLightbox\" data-wp-on--load=\"callbacks.setButtonStyles\" data-wp-on--pointerdown=\"actions.preloadImage\" data-wp-on--pointerenter=\"actions.preloadImageWithDelay\" data-wp-on--pointerleave=\"actions.cancelPreload\" data-wp-on-window--resize=\"callbacks.setButtonStyles\" src=\"https:\/\/loudavymkrokem.cz\/wp-content\/uploads\/2026\/08\/toskansko-clanky-ubytovani-toskansko-33.jpg\" alt=\"F\u0171szerkertek egy gazdas\u00e1g mellett\" class=\"wp-image-395020\" title=\"\" srcset=\"https:\/\/loudavymkrokem.cz\/wp-content\/uploads\/2026\/08\/toskansko-clanky-ubytovani-toskansko-33.jpg 1800w, https:\/\/loudavymkrokem.cz\/wp-content\/uploads\/2026\/08\/toskansko-clanky-ubytovani-toskansko-33-300x169.jpg 300w, https:\/\/loudavymkrokem.cz\/wp-content\/uploads\/2026\/08\/toskansko-clanky-ubytovani-toskansko-33-700x394.jpg 700w, https:\/\/loudavymkrokem.cz\/wp-content\/uploads\/2026\/08\/toskansko-clanky-ubytovani-toskansko-33-768x432.jpg 768w, https:\/\/loudavymkrokem.cz\/wp-content\/uploads\/2026\/08\/toskansko-clanky-ubytovani-toskansko-33-1536x864.jpg 1536w, https:\/\/loudavymkrokem.cz\/wp-content\/uploads\/2026\/08\/toskansko-clanky-ubytovani-toskansko-33-696x391.jpg 696w, https:\/\/loudavymkrokem.cz\/wp-content\/uploads\/2026\/08\/toskansko-clanky-ubytovani-toskansko-33-1392x783.jpg 1392w\" sizes=\"(max-width: 1800px) 100vw, 1800px\" \/><button\n\t\t\tclass=\"lightbox-trigger\"\n\t\t\ttype=\"button\"\n\t\t\taria-haspopup=\"dialog\"\n\t\t\tdata-wp-bind--aria-label=\"state.thisImage.triggerButtonAriaLabel\"\n\t\t\tdata-wp-init=\"callbacks.initTriggerButton\"\n\t\t\tdata-wp-on--click=\"actions.showLightbox\"\n\t\t\tdata-wp-style--right=\"state.thisImage.buttonRight\"\n\t\t\tdata-wp-style--top=\"state.thisImage.buttonTop\"\n\t\t>\n\t\t\t<svg xmlns=\"http:\/\/www.w3.org\/2000\/svg\" width=\"12\" height=\"12\" fill=\"none\" viewBox=\"0 0 12 12\">\n\t\t\t\t<path fill=\"#fff\" d=\"M2 0a2 2 0 0 0-2 2v2h1.5V2a.5.5 0 0 1 .5-.5h2V0H2Zm2 10.5H2a.5.5 0 0 1-.5-.5V8H0v2a2 2 0 0 0 2 2h2v-1.5ZM8 12v-1.5h2a.5.5 0 0 0 .5-.5V8H12v2a2 2 0 0 1-2 2H8Zm2-12a2 2 0 0 1 2 2v2h-1.5V2a.5.5 0 0 0-.5-.5H8V0h2Z\" \/>\n\t\t\t<\/svg>\n\t\t<\/button><\/figure>\n\n\n\n<p class=\"wp-block-paragraph\">\ud83d\udc49 <strong>Foglal\u00e1s:<\/strong> <a href=\"https:\/\/www.stay22.com\/allez\/roam?aid=lukaskonecny&#038;campaign=ubytovani-toskansko&#038;hotelname=Hotel+Bernini+Palace&#038;address=Florencie%2C+It%C3%A1lie\" target=\"_blank\" rel=\"noopener nofollow sponsored\">El\u00e9rhet\u0151s\u00e9g \u00e9s \u00e1rak ellen\u0151rz\u00e9se \u2014 Hotel Bernini Palace<\/a><\/p>\n\n\n\n<h3 class=\"wp-block-heading\"><span class=\"ez-toc-section\" id=\"28_Palazzo_Ravizza_Booking\"><\/span>28. Palazzo Ravizza (Booking)<span class=\"ez-toc-section-end\"><\/span><\/h3>\n\n\n\n<p class=\"wp-block-paragraph\">Visszat\u00e9r\u00fcnk a nyugodtabb Sien\u00e1ba, ahol ez a gy\u00f6ny\u00f6r\u0171, 17. sz\u00e1zadi t\u00f6rt\u00e9nelmi palota <strong>azt k\u00edn\u00e1lja, ami a v\u00e1rosokban messze a legritk\u00e1bb \u2013 egy hatalmas priv\u00e1t kertet a v\u00f6lgybe m\u00e9lyen beny\u00fal\u00f3 kil\u00e1t\u00e1ssal<\/strong>. Az utaz\u00f3k az \u00e9rt\u00e9kel\u00e9sekben nagyon gyakran dics\u00e9rik a sz\u00e1ll\u00e1s \u00f3vil\u00e1gi b\u00e1j\u00e1t, a nyikorg\u00f3 parkett\u00e1t \u00e9s azt a meleg \u00e9rz\u00e9st, hogy egy gazdag olasz nagyn\u00e9nihez \u00e9rkezt\u00e9l ny\u00e1ri l\u00e1togat\u00e1sra. Itt minden rendk\u00edv\u00fcl eleg\u00e1ns, de egyben nagyon hangulatos \u00e9s k\u00f6tetlen.<\/p>\n\n\n\n<p class=\"wp-block-paragraph\">R\u00e1ad\u00e1sul a b\u00fcdzs\u00e9dbe n\u00e9zve is nagyon meg\u00f6r\u00fclsz, mert <strong>az ir\u00e1ny\u00e1rak m\u00e1r nagyj\u00e1b\u00f3l 110 \u20ac-t\u00f3l kezd\u0151dnek \u00e9jszak\u00e1nk\u00e9nt<\/strong>, ami egy ilyen sz\u00e9ps\u00e9g\u00e9rt remek. A Bookingon l\u00e9v\u0151 t\u00f6bb mint ezerh\u00e9tsz\u00e1z \u00e9rt\u00e9kel\u00e9sb\u0151l a palota gy\u00f6ny\u00f6r\u0171, 9,0\/10-et tart. Az illatos citromf\u00e1kkal \u00e9s \u00f6reg f\u00e1kkal teli kert t\u00f6k\u00e9letes mened\u00e9ket ny\u00fajt a ny\u00e1ri h\u0151s\u00e9g el\u0151l, \u00e9s sz\u00e1mtalan csendes zugot k\u00edn\u00e1l olvas\u00e1shoz vagy csak \u00fagy a napnyugta megfigyel\u00e9s\u00e9hez.<\/p>\n\n\n\n<p class=\"wp-block-paragraph\">\ud83d\udca1 <strong>Pihen\u00e9si tipp:<\/strong> Sok vend\u00e9g eml\u00edti az \u00e9rt\u00e9kel\u00e9sekben, hogy a sienai tart\u00f3zkod\u00e1suk legszebb r\u00e9sze nem maga a l\u00e1tnival\u00f3k megtekint\u00e9se volt, hanem egy k\u00f6nyvvel \u00e9s egy poh\u00e1r borral elt\u00f6lt\u00f6tt d\u00e9lut\u00e1n \u00e9ppen ebben a priv\u00e1t kertben.<\/p>\n\n\n\n<figure data-wp-context=\"{&quot;imageId&quot;:&quot;6a95408cec14f&quot;}\" data-wp-interactive=\"core\/image\" data-wp-key=\"6a95408cec14f\" class=\"wp-block-image size-full wp-lightbox-container\"><img decoding=\"async\" width=\"1800\" height=\"1200\" data-wp-class--hide=\"state.isContentHidden\" data-wp-class--show=\"state.isContentVisible\" data-wp-init=\"callbacks.setButtonStyles\" data-wp-on--click=\"actions.showLightbox\" data-wp-on--load=\"callbacks.setButtonStyles\" data-wp-on--pointerdown=\"actions.preloadImage\" data-wp-on--pointerenter=\"actions.preloadImageWithDelay\" data-wp-on--pointerleave=\"actions.cancelPreload\" data-wp-on-window--resize=\"callbacks.setButtonStyles\" src=\"https:\/\/loudavymkrokem.cz\/wp-content\/uploads\/2026\/08\/ubytovani-toskansko-recepce.jpg\" alt=\"Sz\u00e1ll\u00e1s recepci\u00f3ja\" class=\"wp-image-395148\" title=\"\" srcset=\"https:\/\/loudavymkrokem.cz\/wp-content\/uploads\/2026\/08\/ubytovani-toskansko-recepce.jpg 1800w, https:\/\/loudavymkrokem.cz\/wp-content\/uploads\/2026\/08\/ubytovani-toskansko-recepce-300x200.jpg 300w, https:\/\/loudavymkrokem.cz\/wp-content\/uploads\/2026\/08\/ubytovani-toskansko-recepce-700x467.jpg 700w, https:\/\/loudavymkrokem.cz\/wp-content\/uploads\/2026\/08\/ubytovani-toskansko-recepce-768x512.jpg 768w, https:\/\/loudavymkrokem.cz\/wp-content\/uploads\/2026\/08\/ubytovani-toskansko-recepce-1536x1024.jpg 1536w, https:\/\/loudavymkrokem.cz\/wp-content\/uploads\/2026\/08\/ubytovani-toskansko-recepce-696x464.jpg 696w, https:\/\/loudavymkrokem.cz\/wp-content\/uploads\/2026\/08\/ubytovani-toskansko-recepce-1392x928.jpg 1392w\" sizes=\"(max-width: 1800px) 100vw, 1800px\" \/><button\n\t\t\tclass=\"lightbox-trigger\"\n\t\t\ttype=\"button\"\n\t\t\taria-haspopup=\"dialog\"\n\t\t\tdata-wp-bind--aria-label=\"state.thisImage.triggerButtonAriaLabel\"\n\t\t\tdata-wp-init=\"callbacks.initTriggerButton\"\n\t\t\tdata-wp-on--click=\"actions.showLightbox\"\n\t\t\tdata-wp-style--right=\"state.thisImage.buttonRight\"\n\t\t\tdata-wp-style--top=\"state.thisImage.buttonTop\"\n\t\t>\n\t\t\t<svg xmlns=\"http:\/\/www.w3.org\/2000\/svg\" width=\"12\" height=\"12\" fill=\"none\" viewBox=\"0 0 12 12\">\n\t\t\t\t<path fill=\"#fff\" d=\"M2 0a2 2 0 0 0-2 2v2h1.5V2a.5.5 0 0 1 .5-.5h2V0H2Zm2 10.5H2a.5.5 0 0 1-.5-.5V8H0v2a2 2 0 0 0 2 2h2v-1.5ZM8 12v-1.5h2a.5.5 0 0 0 .5-.5V8H12v2a2 2 0 0 1-2 2H8Zm2-12a2 2 0 0 1 2 2v2h-1.5V2a.5.5 0 0 0-.5-.5H8V0h2Z\" \/>\n\t\t\t<\/svg>\n\t\t<\/button><\/figure>\n\n\n\n<p class=\"wp-block-paragraph\">\ud83d\udc49 <strong>Foglal\u00e1s:<\/strong> <a href=\"https:\/\/www.stay22.com\/allez\/roam?aid=lukaskonecny&#038;campaign=ubytovani-toskansko&#038;hotelname=Palazzo+Ravizza&#038;address=Siena%2C+It%C3%A1lie\" target=\"_blank\" rel=\"noopener nofollow sponsored\">El\u00e9rhet\u0151s\u00e9g \u00e9s \u00e1rak ellen\u0151rz\u00e9se \u2014 Palazzo Ravizza<\/a><\/p>\n\n\n\n<h3 class=\"wp-block-heading\"><span class=\"ez-toc-section\" id=\"29_I_Merli_di_Ada_Booking\"><\/span>29. I Merli di Ada (Booking)<span class=\"ez-toc-section-end\"><\/span><\/h3>\n\n\n\n<p class=\"wp-block-paragraph\">Ez az elb\u0171v\u00f6l\u0151 \u00e9s szer\u00e9ny butikhotel Siena csendes k\u00f6z\u00e9pkori sik\u00e1toraiban rejt\u0151zik, \u00e9s <strong>nagyon intim hangulatot k\u00edn\u00e1l, mert csak p\u00e1r gondosan \u00f6sszehangolt szob\u00e1ja van<\/strong>. A vend\u00e9gek az \u00e9rt\u00e9kel\u00e9sekben ism\u00e9telten kiemelik a szob\u00e1k gy\u00f6ny\u00f6r\u0171 csupasz t\u00e9glabolt\u00edveit \u00e9s a fantasztikus, rendk\u00edv\u00fcl seg\u00edt\u0151k\u00e9sz szem\u00e9lyzetet, amely gond n\u00e9lk\u00fcl szerez neked asztalt a legjobb helyi \u00e9ttermekben, ahov\u00e1 maguk a helyiek is enni j\u00e1rnak.<\/p>\n\n\n\n<p class=\"wp-block-paragraph\"><strong>Az \u00e1rak itt t\u00e1j\u00e9koztat\u00f3 jelleggel 233 \u20ac-t\u00f3l kezd\u0151dnek \u00e9jszak\u00e1nk\u00e9nt<\/strong>, ami egy ilyen szem\u00e9lyes hozz\u00e1\u00e1ll\u00e1s\u00e9rt \u00e9s cs\u00facsdiz\u00e1jn\u00e9rt nagyon korrekt aj\u00e1nlat. A Bookingon a hotel 9,0\/10-es \u00e9rt\u00e9kel\u00e9ssel b\u00edr ezer el\u00e9gedett vend\u00e9gt\u0151l. Minden szoba kicsit m\u00e1sk\u00e9pp van berendezve, de mindegyiket \u00f6sszek\u00f6ti a term\u00e9szetes anyagokra, a puha text\u00edli\u00e1kra \u00e9s az abszol\u00fat k\u00e9nyelemre helyezett hangs\u00faly, amelyre egy macskak\u00f6veken t\u00f6lt\u00f6tt nap ut\u00e1n felt\u00e9tlen\u00fcl sz\u00fcks\u00e9ged van.<\/p>\n\n\n\n<p class=\"wp-block-paragraph\">\ud83d\udca1 <strong>Tipp \u00ednyenceknek:<\/strong> Hagyatkozz a recepci\u00f3 aj\u00e1nl\u00e1saira. A hotel alkalmazottai nagyon j\u00f3l tudj\u00e1k, melyik turistacsapd\u00e1t ker\u00fcld el, \u00e9s hol kapod \u00e9ppen a legjobb h\u00e1zi pici t\u00e9szt\u00e1t eg\u00e9sz Sien\u00e1ban.<\/p>\n\n\n\n<figure data-wp-context=\"{&quot;imageId&quot;:&quot;6a95408cec5e0&quot;}\" data-wp-interactive=\"core\/image\" data-wp-key=\"6a95408cec5e0\" class=\"wp-block-image size-full wp-lightbox-container\"><img decoding=\"async\" width=\"1800\" height=\"1350\" data-wp-class--hide=\"state.isContentHidden\" data-wp-class--show=\"state.isContentVisible\" data-wp-init=\"callbacks.setButtonStyles\" data-wp-on--click=\"actions.showLightbox\" data-wp-on--load=\"callbacks.setButtonStyles\" data-wp-on--pointerdown=\"actions.preloadImage\" data-wp-on--pointerenter=\"actions.preloadImageWithDelay\" data-wp-on--pointerleave=\"actions.cancelPreload\" data-wp-on-window--resize=\"callbacks.setButtonStyles\" src=\"https:\/\/loudavymkrokem.cz\/wp-content\/uploads\/2026\/08\/toskansko-clanky-ubytovani-toskansko-35.jpg\" alt=\"Behajtani tilos t\u00e1bla a t\u00f6rt\u00e9nelmi k\u00f6zpontba (ZTL)\" class=\"wp-image-395022\" title=\"\" srcset=\"https:\/\/loudavymkrokem.cz\/wp-content\/uploads\/2026\/08\/toskansko-clanky-ubytovani-toskansko-35.jpg 1800w, https:\/\/loudavymkrokem.cz\/wp-content\/uploads\/2026\/08\/toskansko-clanky-ubytovani-toskansko-35-300x225.jpg 300w, https:\/\/loudavymkrokem.cz\/wp-content\/uploads\/2026\/08\/toskansko-clanky-ubytovani-toskansko-35-700x525.jpg 700w, https:\/\/loudavymkrokem.cz\/wp-content\/uploads\/2026\/08\/toskansko-clanky-ubytovani-toskansko-35-768x576.jpg 768w, https:\/\/loudavymkrokem.cz\/wp-content\/uploads\/2026\/08\/toskansko-clanky-ubytovani-toskansko-35-1536x1152.jpg 1536w, https:\/\/loudavymkrokem.cz\/wp-content\/uploads\/2026\/08\/toskansko-clanky-ubytovani-toskansko-35-80x60.jpg 80w, https:\/\/loudavymkrokem.cz\/wp-content\/uploads\/2026\/08\/toskansko-clanky-ubytovani-toskansko-35-160x120.jpg 160w, https:\/\/loudavymkrokem.cz\/wp-content\/uploads\/2026\/08\/toskansko-clanky-ubytovani-toskansko-35-696x522.jpg 696w, https:\/\/loudavymkrokem.cz\/wp-content\/uploads\/2026\/08\/toskansko-clanky-ubytovani-toskansko-35-1392x1044.jpg 1392w\" sizes=\"(max-width: 1800px) 100vw, 1800px\" \/><button\n\t\t\tclass=\"lightbox-trigger\"\n\t\t\ttype=\"button\"\n\t\t\taria-haspopup=\"dialog\"\n\t\t\tdata-wp-bind--aria-label=\"state.thisImage.triggerButtonAriaLabel\"\n\t\t\tdata-wp-init=\"callbacks.initTriggerButton\"\n\t\t\tdata-wp-on--click=\"actions.showLightbox\"\n\t\t\tdata-wp-style--right=\"state.thisImage.buttonRight\"\n\t\t\tdata-wp-style--top=\"state.thisImage.buttonTop\"\n\t\t>\n\t\t\t<svg xmlns=\"http:\/\/www.w3.org\/2000\/svg\" width=\"12\" height=\"12\" fill=\"none\" viewBox=\"0 0 12 12\">\n\t\t\t\t<path fill=\"#fff\" d=\"M2 0a2 2 0 0 0-2 2v2h1.5V2a.5.5 0 0 1 .5-.5h2V0H2Zm2 10.5H2a.5.5 0 0 1-.5-.5V8H0v2a2 2 0 0 0 2 2h2v-1.5ZM8 12v-1.5h2a.5.5 0 0 0 .5-.5V8H12v2a2 2 0 0 1-2 2H8Zm2-12a2 2 0 0 1 2 2v2h-1.5V2a.5.5 0 0 0-.5-.5H8V0h2Z\" \/>\n\t\t\t<\/svg>\n\t\t<\/button><\/figure>\n\n\n\n<p class=\"wp-block-paragraph\">\ud83d\udc49 <strong>Foglal\u00e1s:<\/strong> <a href=\"https:\/\/www.stay22.com\/allez\/roam?aid=lukaskonecny&#038;campaign=ubytovani-toskansko&#038;hotelname=I+Merli+di+Ada&#038;address=Siena%2C+It%C3%A1lie\" target=\"_blank\" rel=\"noopener nofollow sponsored\">El\u00e9rhet\u0151s\u00e9g \u00e9s \u00e1rak ellen\u0151rz\u00e9se \u2014 I Merli di Ada<\/a><\/p>\n\n\n\n<h3 class=\"wp-block-heading\"><span class=\"ez-toc-section\" id=\"30_Borgo_Santo_Pietro_Google\"><\/span>30. Borgo Santo Pietro (Google)<span class=\"ez-toc-section-end\"><\/span><\/h3>\n\n\n\n<p class=\"wp-block-paragraph\">Legutols\u00f3 tipp\u00fcnk visszavezet a toszk\u00e1n vid\u00e9kre, a kis Chiusdino falu k\u00f6zel\u00e9be, ahol <strong>ez a l\u00e9legzetel\u00e1ll\u00edt\u00f3 butikgazdas\u00e1g hatalmas f\u0171szer- \u00e9s r\u00f3zsakertekkel k\u00f6r\u00fclv\u00e9ve fekszik<\/strong>. A vid\u00e9ki luxus legmagasabb lig\u00e1j\u00e1t k\u00e9pviseli, ahol a vend\u00e9g\u00e9rt\u00e9kel\u00e9sek a saj\u00e1t termeszt\u00e9s\u0171 alapanyagokb\u00f3l k\u00e9sz\u00fcl\u0151 michelines szint\u0171 \u00e9tkez\u00e9st \u00e9s a sz\u0171z term\u00e9szetre n\u00e9z\u0151 hihetetlen spa-kezel\u00e9seket dics\u00e9rik. Ez az a hely, ahov\u00e1 a test \u00e9s a l\u00e9lek abszol\u00fat \u00fajraind\u00edt\u00e1s\u00e1\u00e9rt mennek.<\/p>\n\n\n\n<p class=\"wp-block-paragraph\"><strong>A Google Places-en ez a mes\u00e9s hely kiv\u00e1l\u00f3, 4,5\/5-\u00f6s \u00e9rt\u00e9kel\u00e9ssel b\u00fcszk\u00e9lkedik<\/strong> t\u00f6bb mint k\u00e9tsz\u00e1z lelkes l\u00e1togat\u00f3t\u00f3l. A gazdas\u00e1g t\u00f6bb medenc\u00e9t, saj\u00e1t farmot k\u00edn\u00e1l, amelyb\u0151l a konyha mer\u00edt, \u00e9s egy olyan szem\u00e9lyzetet, amely arra van kik\u00e9pezve, hogy el\u0151re l\u00e1ssa a k\u00edv\u00e1ns\u00e1gaidat, miel\u0151tt egy\u00e1ltal\u00e1n kimondan\u00e1d \u0151ket. A szob\u00e1k \u00f3ri\u00e1si kandall\u00f3kkal, antik csill\u00e1rokkal \u00e9s szabadon \u00e1ll\u00f3 k\u00e1dakkal vannak felszerelve.<\/p>\n\n\n\n<p class=\"wp-block-paragraph\">\ud83d\udca1 <strong>\u00c9lm\u00e9ny-tipp:<\/strong> A sz\u00e1ll\u00e1s rengeteg tev\u00e9kenys\u00e9get k\u00edn\u00e1l, a f\u0151z\u0151tanfolyamokt\u00f3l a lovagl\u00e1sokon \u00e1t a kerti fest\u0151leck\u00e9kig. Mindenk\u00e9pp k\u00e9rdezd meg a recepci\u00f3n, mi t\u00f6rt\u00e9nik \u00e9ppen az adott napon, remek m\u00f3dja annak, hogy m\u00e9g jobban belemer\u00fclj a helyi hangulatba.<\/p>\n\n\n\n<figure data-wp-context=\"{&quot;imageId&quot;:&quot;6a95408cecad8&quot;}\" data-wp-interactive=\"core\/image\" data-wp-key=\"6a95408cecad8\" class=\"wp-block-image size-full wp-lightbox-container\"><img decoding=\"async\" width=\"1800\" height=\"1080\" data-wp-class--hide=\"state.isContentHidden\" data-wp-class--show=\"state.isContentVisible\" data-wp-init=\"callbacks.setButtonStyles\" data-wp-on--click=\"actions.showLightbox\" data-wp-on--load=\"callbacks.setButtonStyles\" data-wp-on--pointerdown=\"actions.preloadImage\" data-wp-on--pointerenter=\"actions.preloadImageWithDelay\" data-wp-on--pointerleave=\"actions.cancelPreload\" data-wp-on-window--resize=\"callbacks.setButtonStyles\" src=\"https:\/\/loudavymkrokem.cz\/wp-content\/uploads\/2026\/08\/toskansko-clanky-ubytovani-toskansko-36.jpg\" alt=\"Vacsora egy olasz osteri\u00e1ban\" class=\"wp-image-395023\" title=\"\" srcset=\"https:\/\/loudavymkrokem.cz\/wp-content\/uploads\/2026\/08\/toskansko-clanky-ubytovani-toskansko-36.jpg 1800w, https:\/\/loudavymkrokem.cz\/wp-content\/uploads\/2026\/08\/toskansko-clanky-ubytovani-toskansko-36-300x180.jpg 300w, https:\/\/loudavymkrokem.cz\/wp-content\/uploads\/2026\/08\/toskansko-clanky-ubytovani-toskansko-36-700x420.jpg 700w, https:\/\/loudavymkrokem.cz\/wp-content\/uploads\/2026\/08\/toskansko-clanky-ubytovani-toskansko-36-768x461.jpg 768w, https:\/\/loudavymkrokem.cz\/wp-content\/uploads\/2026\/08\/toskansko-clanky-ubytovani-toskansko-36-1536x922.jpg 1536w, https:\/\/loudavymkrokem.cz\/wp-content\/uploads\/2026\/08\/toskansko-clanky-ubytovani-toskansko-36-696x418.jpg 696w, https:\/\/loudavymkrokem.cz\/wp-content\/uploads\/2026\/08\/toskansko-clanky-ubytovani-toskansko-36-1392x835.jpg 1392w\" sizes=\"(max-width: 1800px) 100vw, 1800px\" \/><button\n\t\t\tclass=\"lightbox-trigger\"\n\t\t\ttype=\"button\"\n\t\t\taria-haspopup=\"dialog\"\n\t\t\tdata-wp-bind--aria-label=\"state.thisImage.triggerButtonAriaLabel\"\n\t\t\tdata-wp-init=\"callbacks.initTriggerButton\"\n\t\t\tdata-wp-on--click=\"actions.showLightbox\"\n\t\t\tdata-wp-style--right=\"state.thisImage.buttonRight\"\n\t\t\tdata-wp-style--top=\"state.thisImage.buttonTop\"\n\t\t>\n\t\t\t<svg xmlns=\"http:\/\/www.w3.org\/2000\/svg\" width=\"12\" height=\"12\" fill=\"none\" viewBox=\"0 0 12 12\">\n\t\t\t\t<path fill=\"#fff\" d=\"M2 0a2 2 0 0 0-2 2v2h1.5V2a.5.5 0 0 1 .5-.5h2V0H2Zm2 10.5H2a.5.5 0 0 1-.5-.5V8H0v2a2 2 0 0 0 2 2h2v-1.5ZM8 12v-1.5h2a.5.5 0 0 0 .5-.5V8H12v2a2 2 0 0 1-2 2H8Zm2-12a2 2 0 0 1 2 2v2h-1.5V2a.5.5 0 0 0-.5-.5H8V0h2Z\" \/>\n\t\t\t<\/svg>\n\t\t<\/button><\/figure>\n\n\n\n<h2 class=\"wp-block-heading\"><span class=\"ez-toc-section\" id=\"Hol_szallj_meg_az_utitervedhez_igazodva\"><\/span>Hol sz\u00e1llj meg az utitervedhez igazodva<span class=\"ez-toc-section-end\"><\/span><\/h2>\n\n\n\n<p class=\"wp-block-paragraph\"><em>\ud83d\udca1 <strong>Tipp sz\u00e1ll\u00e1sra \u00e9s \u00e9lm\u00e9nyekre<\/strong>: A sz\u00e1ll\u00e1st a legsz\u00edvesebben a <a href=\"https:\/\/www.booking.com\/searchresults.html?ss=Tosk%C3%A1nsko&#038;aid=2397601\" target=\"_blank\" rel=\"nofollow noopener sponsored\">Booking.comon<\/a> keress\u00fck, ahol \u00e1ltal\u00e1ban a <strong>legjobbak a lemond\u00e1si felt\u00e9telek<\/strong>. A bel\u00e9p\u0151jegyeket, kir\u00e1ndul\u00e1sokat \u00e9s programokat pedig \u00e9rdemes a <a href=\"https:\/\/www.getyourguide.com\/s\/?q=Tosk%C3%A1nsko&#038;partner_id=MKZ64IS\" target=\"_blank\" rel=\"nofollow noopener sponsored\">GetYourGuide-on<\/a> \u00f6sszehasonl\u00edtani \u00e9s megvenni.<\/em><\/p>\n\n\n\n<figure class=\"wp-block-table\"><table><thead><tr><th>Az utiterved<\/th><th>Aj\u00e1nlott ter\u00fclet<\/th><th>Mi\u00e9rt \u00e9ppen ott<\/th><\/tr><\/thead>\n<tbody><tr><td>:&#8212;<\/td><td>:&#8212;<\/td><td>:&#8212;<\/td><\/tr>\n<tr><td><strong>Els\u0151 l\u00e1togat\u00e1s, v\u00e1rosok<\/strong><\/td><td>Firenze vagy Siena<\/td><td>Az \u00f6sszes f\u0151 l\u00e1tnival\u00f3t k\u00f6rbej\u00e1rod gyalog, teljesen elmarad az aut\u00f3b\u00e9rl\u00e9s \u00e9s a dr\u00e1ga parkol\u00e1s gondja.<\/td><\/tr>\n<tr><td><strong>Aut\u00f3s k\u00f6r\u00fat a r\u00e9gi\u00f3ban<\/strong><\/td><td>2\u20133 b\u00e1zis (Firenze \u2192 Chianti\/Siena \u2192 Val d&#8217;Orcia)<\/td><td>Sokkal kevesebb id\u0151t t\u00f6ltesz a b\u0151r\u00f6nd\u00f6k pakol\u00e1s\u00e1val \u00e9s a hossz\u00fa t\u00e1vok megt\u00e9tel\u00e9vel, minden ter\u00fcletet m\u00e9lyen felfedezel.<\/td><\/tr>\n<tr><td><strong>Nyaral\u00e1s gyerekekkel<\/strong><\/td><td>Vid\u00e9ki agriturismo medenc\u00e9vel<\/td><td>\u00d3ri\u00e1si teret, biztons\u00e1got, gyakran h\u00e1zi\u00e1llatokat \u00e9s abszol\u00fat nyugalmat kapsz a v\u00e1rosi ny\u00fczsg\u00e9st\u0151l \u00e9s a forgalomt\u00f3l.<\/td><\/tr>\n<tr><td><strong>Romantika kettesben<\/strong><\/td><td>Val d&#8217;Orcia vagy San Gimignano k\u00f6rny\u00e9ke<\/td><td>A legszebb panor\u00e1m\u00e1s kil\u00e1t\u00e1sokat k\u00edn\u00e1lja a t\u00e1jra \u00e9s var\u00e1zslatos esti napnyugt\u00e1kat egy poh\u00e1r borral a k\u00e9zben.<\/td><\/tr>\n<tr><td><strong>Kombin\u00e1ci\u00f3 a tengerrel<\/strong><\/td><td>Versilia, Elba szigete vagy a Maremma vid\u00e9k<\/td><td>Csak egy haj\u00edt\u00e1snyira vagy a homokos strandokt\u00f3l, \u00edgy k\u00f6nnyen v\u00e1ltogathatod a t\u00f6rt\u00e9nelem megismer\u00e9s\u00e9t a hull\u00e1mokban val\u00f3 pihentet\u0151 f\u00fcrd\u00e9ssel.<\/td><\/tr>\n<tr><td><strong>Lehet\u0151 legalacsonyabb b\u00fcdzs\u00e9<\/strong><\/td><td>Siena \u00e9s a kisebb k\u00f6rnyez\u0151 v\u00e1rosk\u00e1k<\/td><td>Jelent\u0151s \u00f6sszeget sp\u00f3rolsz a sz\u00e1ll\u00e1son a nagyon dr\u00e1ga Firenz\u00e9hez k\u00e9pest, mik\u00f6zben a szolg\u00e1ltat\u00e1s min\u0151s\u00e9ge tov\u00e1bbra is nagyon magas szinten marad.<\/td><\/tr>\n<\/tbody><\/table><\/figure>\n\n\n\n<figure data-wp-context=\"{&quot;imageId&quot;:&quot;6a95408cecec9&quot;}\" data-wp-interactive=\"core\/image\" data-wp-key=\"6a95408cecec9\" class=\"wp-block-image size-full wp-lightbox-container\"><img decoding=\"async\" width=\"1800\" height=\"1202\" data-wp-class--hide=\"state.isContentHidden\" data-wp-class--show=\"state.isContentVisible\" data-wp-init=\"callbacks.setButtonStyles\" data-wp-on--click=\"actions.showLightbox\" data-wp-on--load=\"callbacks.setButtonStyles\" data-wp-on--pointerdown=\"actions.preloadImage\" data-wp-on--pointerenter=\"actions.preloadImageWithDelay\" data-wp-on--pointerleave=\"actions.cancelPreload\" data-wp-on-window--resize=\"callbacks.setButtonStyles\" src=\"https:\/\/loudavymkrokem.cz\/wp-content\/uploads\/2026\/08\/toskansko-clanky-ubytovani-toskansko-37.jpg\" alt=\"Toszk\u00e1n t\u00e1j alkonyatkor\" class=\"wp-image-395024\" title=\"\" srcset=\"https:\/\/loudavymkrokem.cz\/wp-content\/uploads\/2026\/08\/toskansko-clanky-ubytovani-toskansko-37.jpg 1800w, https:\/\/loudavymkrokem.cz\/wp-content\/uploads\/2026\/08\/toskansko-clanky-ubytovani-toskansko-37-300x200.jpg 300w, https:\/\/loudavymkrokem.cz\/wp-content\/uploads\/2026\/08\/toskansko-clanky-ubytovani-toskansko-37-700x467.jpg 700w, https:\/\/loudavymkrokem.cz\/wp-content\/uploads\/2026\/08\/toskansko-clanky-ubytovani-toskansko-37-768x513.jpg 768w, https:\/\/loudavymkrokem.cz\/wp-content\/uploads\/2026\/08\/toskansko-clanky-ubytovani-toskansko-37-1536x1026.jpg 1536w, https:\/\/loudavymkrokem.cz\/wp-content\/uploads\/2026\/08\/toskansko-clanky-ubytovani-toskansko-37-696x465.jpg 696w, https:\/\/loudavymkrokem.cz\/wp-content\/uploads\/2026\/08\/toskansko-clanky-ubytovani-toskansko-37-1392x930.jpg 1392w\" sizes=\"(max-width: 1800px) 100vw, 1800px\" \/><button\n\t\t\tclass=\"lightbox-trigger\"\n\t\t\ttype=\"button\"\n\t\t\taria-haspopup=\"dialog\"\n\t\t\tdata-wp-bind--aria-label=\"state.thisImage.triggerButtonAriaLabel\"\n\t\t\tdata-wp-init=\"callbacks.initTriggerButton\"\n\t\t\tdata-wp-on--click=\"actions.showLightbox\"\n\t\t\tdata-wp-style--right=\"state.thisImage.buttonRight\"\n\t\t\tdata-wp-style--top=\"state.thisImage.buttonTop\"\n\t\t>\n\t\t\t<svg xmlns=\"http:\/\/www.w3.org\/2000\/svg\" width=\"12\" height=\"12\" fill=\"none\" viewBox=\"0 0 12 12\">\n\t\t\t\t<path fill=\"#fff\" d=\"M2 0a2 2 0 0 0-2 2v2h1.5V2a.5.5 0 0 1 .5-.5h2V0H2Zm2 10.5H2a.5.5 0 0 1-.5-.5V8H0v2a2 2 0 0 0 2 2h2v-1.5ZM8 12v-1.5h2a.5.5 0 0 0 .5-.5V8H12v2a2 2 0 0 1-2 2H8Zm2-12a2 2 0 0 1 2 2v2h-1.5V2a.5.5 0 0 0-.5-.5H8V0h2Z\" \/>\n\t\t\t<\/svg>\n\t\t<\/button><\/figure>\n\n\n\n<h2 class=\"wp-block-heading\"><span class=\"ez-toc-section\" id=\"Mire_figyelj_a_foglalasnal\"><\/span>Mire figyelj a foglal\u00e1sn\u00e1l<span class=\"ez-toc-section-end\"><\/span><\/h2>\n\n\n\n<p class=\"wp-block-paragraph\">Miel\u0151tt lelkesen a foglal\u00e1s gombra kattintasz, ink\u00e1bb k\u00e9tszer ellen\u0151rizd a t\u00e9rk\u00e9pet \u00e9s a parkol\u00e1si szab\u00e1lyokat az adott lok\u00e1ci\u00f3ban. <strong>A ZTL, vagyis a Zona Traffico Limitato z\u00f3n\u00e1k minden turista r\u00e9mei<\/strong>, mert a t\u00f6rt\u00e9nelmi k\u00f6zpontba val\u00f3 jogosulatlan behajt\u00e1s\u00e9rt k\u00f6v\u00e9r \u00e9s teljesen kompromisszummentes b\u00fcntet\u00e9s fenyeget a kamerarendszerb\u0151l. Ha egyenesen a k\u00f6zpontban v\u00e1lasztasz hotelt, el\u0151re ellen\u0151rizned kell, hogy a recepci\u00f3 be tudja-e regisztr\u00e1lni a rendsz\u00e1modat a rend\u0151rs\u00e9gn\u00e9l, vagy r\u00f6gt\u00f6n <strong>k\u00e9sz\u00fclj fel arra, hogy napi 15\u201325 \u20ac-t fizetsz egy priv\u00e1t f\u00f6ldalatti gar\u00e1zs\u00e9rt<\/strong>, ami kellemetlen\u00fcl meglepheti a b\u00fcdzs\u00e9det.<\/p>\n\n\n\n<p class=\"wp-block-paragraph\">A r\u00e9gi olasz palot\u00e1k \u00e9s a fens\u00e9ges k\u0151gazdas\u00e1gok egyik csapd\u00e1ja az is, hogy <strong>a l\u00e9gkondi itt egy\u00e1ltal\u00e1n nem \u00e1ltal\u00e1nos \u00e9s automatikus mag\u00e1t\u00f3l \u00e9rtet\u0151d\u00e9s<\/strong>. Mindig alaposan olvasd el a szoba r\u00e9szletes felszerelts\u00e9g\u00e9t, mert az augusztusi h\u0151s\u00e9gben, amikor a h\u0151m\u00e9rs\u00e9klet rendszeresen a negyvenet ostromolja, m\u00e9g a nagyon vastag k\u0151falak sem lesznek elegek akt\u00edv h\u0171t\u00e9s n\u00e9lk\u00fcl. Hasonl\u00f3 a helyzet a f\u00fcrd\u00e9ssel, mert <strong>a szabadt\u00e9ri medenc\u00e9k szigor\u00faan csak a ny\u00e1ri f\u0151szezonban \u00fczemelnek<\/strong>, \u00e1ltal\u00e1ban j\u00fanius k\u00f6zep\u00e9t\u0151l szeptember v\u00e9g\u00e9ig. Ha okt\u00f3ber v\u00e9g\u00e9n \u00e9rkezel \u00e9s gy\u00f6ny\u00f6r\u0171 meleg lesz, a medence legnagyobb val\u00f3sz\u00edn\u0171s\u00e9ggel m\u00e1r leengedve fog \u00e1llni.<\/p>\n\n\n\n<p class=\"wp-block-paragraph\">Ne felejts el a b\u00fcdzs\u00e9dbe hozz\u00e1sz\u00e1molni m\u00e9g egy apr\u00f3, de biztos kiad\u00e1st, m\u00e9gpedig a <strong>tassa di soggiorno nev\u0171 v\u00e1rosi ad\u00f3t<\/strong>, amelyet mindig k\u00fcl\u00f6n \u00e9s szinte kiz\u00e1r\u00f3lag k\u00e9szp\u00e9nzben fizetsz egyenesen a recepci\u00f3n. \u00c1ltal\u00e1ban p\u00e1r eur\u00f3r\u00f3l van sz\u00f3 fejenk\u00e9nt \u00e9s \u00e9jszak\u00e1nk\u00e9nt a sz\u00e1ll\u00e1s kateg\u00f3ri\u00e1j\u00e1t\u00f3l f\u00fcgg\u0151en; az aktu\u00e1lis d\u00edjakat az egyes \u00f6nkorm\u00e1nyzatok teszik k\u00f6zz\u00e9, p\u00e9ld\u00e1ul <a href=\"https:\/\/www.comune.fi.it\/\" target=\"_blank\" rel=\"nofollow noopener\">Firenze<\/a> vagy <a href=\"https:\/\/www.comune.siena.it\/\" target=\"_blank\" rel=\"nofollow noopener\">Siena<\/a>. A r\u00e9gi\u00f3 \u00e1ttekint\u00e9s\u00e9t a hivatalos <a href=\"https:\/\/www.visittuscany.com\/\" target=\"_blank\" rel=\"nofollow noopener\">Visit Tuscany<\/a> port\u00e1l vezeti, a k\u00f6zpontokba val\u00f3 behajt\u00e1s szab\u00e1lyait pedig a <a href=\"https:\/\/www.comune.fi.it\/pagina\/zona-traffico-limitato\" target=\"_blank\" rel=\"nofollow noopener\">firenzei ZTL<\/a> foglalja \u00f6ssze. \u00c9s ha vid\u00e9ken f\u00e9lpanzi\u00f3val foglalod le a sz\u00e1ll\u00e1st, <strong>ne felejtsd el el\u0151re vil\u00e1gosan jelezni a tulajdonosoknak, hogy veget\u00e1ri\u00e1nus vagy<\/strong>, mert az olasz vid\u00e9k egy\u00e9bk\u00e9nt nagyon h\u00fasos, \u00e9s az utols\u00f3 pillanatban a szak\u00e1csok nagy nehezen \u00e9s stresszben tudn\u00e1nak csak valamit kital\u00e1lni neked.<\/p>\n\n\n\n<figure data-wp-context=\"{&quot;imageId&quot;:&quot;6a95408ced2e8&quot;}\" data-wp-interactive=\"core\/image\" data-wp-key=\"6a95408ced2e8\" class=\"wp-block-image size-full wp-lightbox-container\"><img decoding=\"async\" width=\"1800\" height=\"1350\" data-wp-class--hide=\"state.isContentHidden\" data-wp-class--show=\"state.isContentVisible\" data-wp-init=\"callbacks.setButtonStyles\" data-wp-on--click=\"actions.showLightbox\" data-wp-on--load=\"callbacks.setButtonStyles\" data-wp-on--pointerdown=\"actions.preloadImage\" data-wp-on--pointerenter=\"actions.preloadImageWithDelay\" data-wp-on--pointerleave=\"actions.cancelPreload\" data-wp-on-window--resize=\"callbacks.setButtonStyles\" src=\"https:\/\/loudavymkrokem.cz\/wp-content\/uploads\/2026\/08\/ubytovani-toskansko-fiat-kufry.jpg\" alt=\"Fiat 500 b\u0151r\u00f6nd\u00f6kkel a sz\u00e1ll\u00e1s fel\u00e9 vezet\u0151 \u00faton\" class=\"wp-image-395151\" title=\"\" srcset=\"https:\/\/loudavymkrokem.cz\/wp-content\/uploads\/2026\/08\/ubytovani-toskansko-fiat-kufry.jpg 1800w, https:\/\/loudavymkrokem.cz\/wp-content\/uploads\/2026\/08\/ubytovani-toskansko-fiat-kufry-300x225.jpg 300w, https:\/\/loudavymkrokem.cz\/wp-content\/uploads\/2026\/08\/ubytovani-toskansko-fiat-kufry-700x525.jpg 700w, https:\/\/loudavymkrokem.cz\/wp-content\/uploads\/2026\/08\/ubytovani-toskansko-fiat-kufry-768x576.jpg 768w, https:\/\/loudavymkrokem.cz\/wp-content\/uploads\/2026\/08\/ubytovani-toskansko-fiat-kufry-1536x1152.jpg 1536w, https:\/\/loudavymkrokem.cz\/wp-content\/uploads\/2026\/08\/ubytovani-toskansko-fiat-kufry-80x60.jpg 80w, https:\/\/loudavymkrokem.cz\/wp-content\/uploads\/2026\/08\/ubytovani-toskansko-fiat-kufry-160x120.jpg 160w, https:\/\/loudavymkrokem.cz\/wp-content\/uploads\/2026\/08\/ubytovani-toskansko-fiat-kufry-696x522.jpg 696w, https:\/\/loudavymkrokem.cz\/wp-content\/uploads\/2026\/08\/ubytovani-toskansko-fiat-kufry-1392x1044.jpg 1392w\" sizes=\"(max-width: 1800px) 100vw, 1800px\" \/><button\n\t\t\tclass=\"lightbox-trigger\"\n\t\t\ttype=\"button\"\n\t\t\taria-haspopup=\"dialog\"\n\t\t\tdata-wp-bind--aria-label=\"state.thisImage.triggerButtonAriaLabel\"\n\t\t\tdata-wp-init=\"callbacks.initTriggerButton\"\n\t\t\tdata-wp-on--click=\"actions.showLightbox\"\n\t\t\tdata-wp-style--right=\"state.thisImage.buttonRight\"\n\t\t\tdata-wp-style--top=\"state.thisImage.buttonTop\"\n\t\t>\n\t\t\t<svg xmlns=\"http:\/\/www.w3.org\/2000\/svg\" width=\"12\" height=\"12\" fill=\"none\" viewBox=\"0 0 12 12\">\n\t\t\t\t<path fill=\"#fff\" d=\"M2 0a2 2 0 0 0-2 2v2h1.5V2a.5.5 0 0 1 .5-.5h2V0H2Zm2 10.5H2a.5.5 0 0 1-.5-.5V8H0v2a2 2 0 0 0 2 2h2v-1.5ZM8 12v-1.5h2a.5.5 0 0 0 .5-.5V8H12v2a2 2 0 0 1-2 2H8Zm2-12a2 2 0 0 1 2 2v2h-1.5V2a.5.5 0 0 0-.5-.5H8V0h2Z\" \/>\n\t\t\t<\/svg>\n\t\t<\/button><\/figure>\n\n\n\n<h2 class=\"wp-block-heading\"><span class=\"ez-toc-section\" id=\"Hol_etkezz\"><\/span>Hol \u00e9tkezz<span class=\"ez-toc-section-end\"><\/span><\/h2>\n\n\n\n<p class=\"wp-block-paragraph\">A <strong>vid\u00e9ki sz\u00e1ll\u00e1s<\/strong> gyakran k\u00edn\u00e1l f\u00e9lpanzi\u00f3t, \u00e9s az agriturism\u00f3ban saj\u00e1t term\u00e9sb\u0151l f\u0151znek, teh\u00e1t \u00e9telben nem lesz hi\u00e1ny. A v\u00e1rosokban \u00e9rdemes elker\u00fclni az egyenesen a f\u0151tereken l\u00e9v\u0151 \u00e9ttermeket, \u00e9s <strong>egy utc\u00e1val od\u00e9bb menni<\/strong>, ahol a men\u00fc a szezon szerint v\u00e1ltozik.<\/p>\n\n\n\n<p class=\"wp-block-paragraph\">Hogy mit rendelj Toszk\u00e1n\u00e1ban, \u00e9s mi\u00e9rt <strong>s\u00f3 n\u00e9lk\u00fcli az itteni keny\u00e9r<\/strong>, azt k\u00fcl\u00f6n cikk\u00fcnkben boncolgatjuk: <a href=\"https:\/\/loudavymkrokem.cz\/hu\/?p=393976\">Toszk\u00e1n konyha<\/a>. <strong>J\u00f3 h\u00edr a veget\u00e1ri\u00e1nusoknak<\/strong>: az itteni klasszikusok t\u00f6bbs\u00e9ge h\u00fastalan.<\/p>\n\n\n\n<h2 class=\"wp-block-heading\"><span class=\"ez-toc-section\" id=\"Merre_tovabb\"><\/span>Merre tov\u00e1bb<span class=\"ez-toc-section-end\"><\/span><\/h2>\n\n\n\n<p class=\"wp-block-paragraph\">Ha m\u00e1r tiszt\u00e1bb k\u00e9ped van arr\u00f3l, hol hajtod le a fejed Toszk\u00e1n\u00e1ban, azt aj\u00e1nlom, fedezd fel t\u00f6bbi hasznos cikk\u00fcnket, amelyek seg\u00edtenek megtervezni az olasz kalandod h\u00e1tral\u00e9v\u0151 r\u00e9sz\u00e9t. \u00dagy \u00edrtam meg \u0151ket, hogy logikusan egym\u00e1sra \u00e9p\u00fcljenek.<\/p>\n\n\n\n<ul class=\"wp-block-list\">\n\n<li>  <a href=\"https:\/\/loudavymkrokem.cz\/hu\/toszkana-olaszorszag-legszebb-helyek\/\">Toszk\u00e1na: a 30 legszebb hely \u00e9s 7 napos utiterv<\/a><\/li>\n\n\n\n<li>  <a href=\"https:\/\/loudavymkrokem.cz\/hu\/olaszorszag-toszkana-agriturismo\/\">Agriturismo Toszk\u00e1n\u00e1ban: 20 tipp, \u00e1rak \u00e9s hogyan v\u00e1lassz<\/a><\/li>\n\n\n\n<li>  <a href=\"https:\/\/loudavymkrokem.cz\/hu\/toszkana-villa-medencevel\/\">Medenc\u00e9s villa Toszk\u00e1n\u00e1ban: 20 tipp<\/a><\/li>\n\n\n\n<li>  <a href=\"https:\/\/loudavymkrokem.cz\/hu\/toszkana-wellness-termalfurdok\/\">Wellness hotelek Toszk\u00e1n\u00e1ban: 12 term\u00e1lf\u00fcrd\u0151<\/a><\/li>\n\n\n\n<li>  <a href=\"https:\/\/loudavymkrokem.cz\/hu\/olaszorszag-toszkana-autoval\/\">Toszk\u00e1na aut\u00f3val: 7 napos utiterv<\/a><\/li>\n\n\n\n<li>  <a href=\"https:\/\/loudavymkrokem.cz\/hu\/olaszorszag-toszkana-gyerekekkel\/\">Toszk\u00e1na gyerekekkel: 18 tipp, ami m\u0171k\u00f6dik<\/a><\/li>\n\n\n\n<li>  <a href=\"https:\/\/loudavymkrokem.cz\/hu\/olaszorszag-toszkana-idojaras\/\">Id\u0151j\u00e1r\u00e1s Toszk\u00e1n\u00e1ban: h\u0151m\u00e9rs\u00e9klet h\u00f3napr\u00f3l h\u00f3napra \u00e9s mikor menj<\/a><\/li>\n\n\n\n<li>  <a href=\"https:\/\/loudavymkrokem.cz\/hu\/toszkana-latnivalok-siena\/\">Siena \u00e9s San Gimignano: 8 tipp, mit l\u00e1ss<\/a><\/li>\n\n\n<\/ul>\n\n\n\n<h2 class=\"wp-block-heading\"><span class=\"ez-toc-section\" id=\"Gyakran_ismetelt_kerdesek\"><\/span>Gyakran ism\u00e9telt k\u00e9rd\u00e9sek<span class=\"ez-toc-section-end\"><\/span><\/h2>\n\n\n<div id=\"rank-math-faq\" class=\"rank-math-block\">\n<div class=\"rank-math-list \">\n<div id=\"faq-question-1787476807000\" class=\"rank-math-list-item\">\n<h3 class=\"rank-math-question \"><span class=\"ez-toc-section\" id=\"Hol_a_legjobb_megszallni_Toszkanaban\"><\/span>Hol a legjobb megsz\u00e1llni Toszk\u00e1n\u00e1ban?<span class=\"ez-toc-section-end\"><\/span><\/h3>\n<div class=\"rank-math-answer \">\n\n<p>Mindig alapvet\u0151en az adott utitervt\u0151l \u00e9s att\u00f3l f\u00fcgg, hogy mit v\u00e1rsz a nyaral\u00e1st\u00f3l. Intenz\u00edv v\u00e1rosn\u00e9z\u00e9shez a legjobb v\u00e1laszt\u00e1s a nagy v\u00e1rosok, mint Firenze vagy Siena, mert mindent gyalog be tudsz j\u00e1rni \u00e9s nem kell stresszelned a parkol\u00e1ssal. Ha viszont aut\u00f3s k\u00f6rutakat tervezel \u00e9s a vid\u00e9ket szeretn\u00e9d felfedezni, ide\u00e1lis k\u00e9t-h\u00e1rom vid\u00e9ki b\u00e1zist v\u00e1lasztani, hogy elker\u00fcld a napi dug\u00f3kat \u00e9s a v\u00e1rosi stresszt. Gyerekekkel pedig egy\u00e9rtelm\u0171en a t\u00e1gas agriturismo vezet medenc\u00e9vel \u00e9s \u00e1llatokkal.<\/p>\n\n<\/div>\n<\/div>\n<div id=\"faq-question-1787476807001\" class=\"rank-math-list-item\">\n<h3 class=\"rank-math-question \"><span class=\"ez-toc-section\" id=\"Olcsobb_a_szallas_Firenzeben_vagy_Sienaban\"><\/span>Olcs\u00f3bb a sz\u00e1ll\u00e1s Firenz\u00e9ben vagy Sien\u00e1ban?<span class=\"ez-toc-section-end\"><\/span><\/h3>\n<div class=\"rank-math-answer \">\n\n<p>\u00d6sszehasonl\u00edthat\u00f3 szolg\u00e1ltat\u00e1si min\u0151s\u00e9g, felszerelts\u00e9g \u00e9s elhelyezked\u00e9s eset\u00e9n Siena l\u00e9nyegesen olcs\u00f3bb, mint a h\u00edres, de nagyon t\u00falzs\u00fafolt Firenze. R\u00e1ad\u00e1sul hatalmas el\u0151nye a strat\u00e9giailag jobb elhelyezked\u00e9se, mert innen sokkal k\u00f6zelebb vagy a gy\u00f6ny\u00f6r\u0171, fotog\u00e9n Val d&#8217;Orcia v\u00f6lgyekhez d\u00e9len, \u00e9s az h\u00edres Chianti borvid\u00e9kekhez \u00e9szakon. R\u00f6viden: ez az ide\u00e1lis kiindul\u00f3pont.<\/p>\n\n<\/div>\n<\/div>\n<div id=\"faq-question-1787476807002\" class=\"rank-math-list-item\">\n<h3 class=\"rank-math-question \"><span class=\"ez-toc-section\" id=\"Mennyibe_kerul_egy_ejszaka_szallodaban_vagy_tanyan\"><\/span>Mennyibe ker\u00fcl egy \u00e9jszaka sz\u00e1llod\u00e1ban vagy tany\u00e1n?<span class=\"ez-toc-section-end\"><\/span><\/h3>\n<div class=\"rank-math-answer \">\n\n<p>A legolcs\u00f3bb tiszta \u00e9s tisztess\u00e9ges szob\u00e1k a t\u00f6rt\u00e9nelmi Sien\u00e1ban k\u00f6r\u00fclbel\u00fcl 55 \u20ac-t\u00f3l indulnak \u00e9jszak\u00e1nk\u00e9nt a f\u0151 turistaszezonon k\u00edv\u00fcl. A gy\u00f6ny\u00f6r\u0171 autentikus tany\u00e1k k\u00fclt\u00e9ri medenc\u00e9vel \u00e1ltal\u00e1ban 100 \u00e9s 200 \u20ac k\u00f6z\u00f6tt mozognak \u00e9jszak\u00e1nk\u00e9nt, ami a kapott t\u00e9r\u00e9rt kiv\u00e1l\u00f3 \u00e1r, m\u00edg a luxus t\u00f6rt\u00e9nelmi palot\u00e1k a v\u00e1rosokban \u00e9s az \u00f6tcsillagos butiksz\u00e1llod\u00e1k t\u00f6bb sz\u00e1z, ak\u00e1r t\u00f6bb ezer eur\u00f3ba is ker\u00fclhetnek egyetlen \u00e9jszak\u00e1ra.<\/p>\n\n<\/div>\n<\/div>\n<div id=\"faq-question-1787476807003\" class=\"rank-math-list-item\">\n<h3 class=\"rank-math-question \"><span class=\"ez-toc-section\" id=\"Kell_berelni_autot_a_szallashoz\"><\/span>Kell b\u00e9relni aut\u00f3t a sz\u00e1ll\u00e1shoz?<span class=\"ez-toc-section-end\"><\/span><\/h3>\n<div class=\"rank-math-answer \">\n\n<p>Ha csak v\u00e1rosokban tervezel megsz\u00e1llni \u00e9s gyors, megb\u00edzhat\u00f3 vonattal utazni k\u00f6z\u00f6tt\u00fck, az aut\u00f3 csak \u00f3ri\u00e1si \u00e9s dr\u00e1ga teher lesz sz\u00e1modra, tele parkol\u00e1si stresszel. De ha egy eldugott k\u0151tany\u00e1r\u00f3l \u00e1lmodsz medenc\u00e9vel a ciprusfasorok k\u00f6zep\u00e9n, saj\u00e1t vagy b\u00e9relt aut\u00f3 n\u00e9lk\u00fcl gyakorlatilag nem tudsz odajutni, mert oda egyszer\u0171en nem j\u00e1rnak buszok.<\/p>\n\n<\/div>\n<\/div>\n<div id=\"faq-question-1787476807004\" class=\"rank-math-list-item\">\n<h3 class=\"rank-math-question \"><span class=\"ez-toc-section\" id=\"Mikor_a_legjobb_idopont_a_szallas_foglalasara\"><\/span>Mikor a legjobb id\u0151pont a sz\u00e1ll\u00e1s foglal\u00e1s\u00e1ra?<span class=\"ez-toc-section-end\"><\/span><\/h3>\n<div class=\"rank-math-answer \">\n\n<p>A legszebb \u00e9s legjobb \u00e9rt\u00e9kel\u00e9s\u0171 medenc\u00e9s tany\u00e1k a keresett j\u00faliusi \u00e9s augusztusi h\u00f3napokra ak\u00e1r f\u00e9l \u00e9vvel el\u0151re is elfogynak, a kereslet egyszer\u0171en hatalmas. Ha szeretn\u00e9l v\u00e1laszt\u00e1si lehet\u0151s\u00e9ged lenni \u00e9s nem csak azt fogadni el, ami az utols\u00f3 pillanatban marad t\u00falzott \u00e1ron, azt javaslom, hogy a ny\u00e1ri sz\u00e1ll\u00e1st legk\u00e9s\u0151bb \u00faj\u00e9v ut\u00e1n kezdd el int\u00e9zni.<\/p>\n\n<\/div>\n<\/div>\n<div id=\"faq-question-1787476807005\" class=\"rank-math-list-item\">\n<h3 class=\"rank-math-question \"><span class=\"ez-toc-section\" id=\"Mi_az_a_ZTL_zona_es_hogyan_fugg_ossze_a_szallodammal\"><\/span>Mi az a ZTL z\u00f3na \u00e9s hogyan f\u00fcgg \u00f6ssze a sz\u00e1llod\u00e1mmal?<span class=\"ez-toc-section-end\"><\/span><\/h3>\n<div class=\"rank-math-answer \">\n\n<p>A ZTL vagyis Zona Traffico Limitato egy szigor\u00fa behajt\u00e1si tilalom a nem helyi lakosok sz\u00e1m\u00e1ra az olasz v\u00e1rosok t\u00f6rt\u00e9nelmi k\u00f6zpontjaiba, amit kamer\u00e1k \u0151riznek. Ha ott van lefoglalt sz\u00e1llod\u00e1d, el\u0151re egyeztetned kell a recepci\u00f3val, hogy bejelents\u00e9k a rendsz\u00e1modat a rend\u0151rs\u00e9gen, k\u00fcl\u00f6nben magas b\u00edrs\u00e1got kapsz haza. Ez gyakran dr\u00e1ga \u00e9s bonyolult parkol\u00e1st is jelent mag\u00e1ngar\u00e1zsokban napi 15-25 \u20ac \u00e1ron.<\/p>\n\n<\/div>\n<\/div>\n<div id=\"faq-question-1787476807006\" class=\"rank-math-list-item\">\n<h3 class=\"rank-math-question \"><span class=\"ez-toc-section\" id=\"Megeri_videki_agriturismokon_megszallni\"><\/span>Meg\u00e9ri vid\u00e9ki agriturismokon megsz\u00e1llni?<span class=\"ez-toc-section-end\"><\/span><\/h3>\n<div class=\"rank-math-answer \">\n\n<p>Gyerekes csal\u00e1doknak \u00e9s azoknak az utaz\u00f3knak, akik saj\u00e1t vagy b\u00e9relt aut\u00f3val mennek, ez egy\u00e9rtelm\u0171en meg\u00e9ri. Hatalmas szem\u00e9lyes teret kapsz, hihetetlen nyugalmat a forgalomt\u00f3l, gyakran tiszta medenc\u00e9t, \u00e9s f\u0151leg a lehet\u0151s\u00e9get, hogy fantasztikus h\u00e1zi \u00e9teleket fogyassz helyi alapanyagokb\u00f3l nagyon \u00e9sszer\u0171 \u00e1ron. Ez a leghitelesebb toszk\u00e1n \u00e9lm\u00e9ny.<\/p>\n\n<\/div>\n<\/div>\n<div id=\"faq-question-1787476807007\" class=\"rank-math-list-item\">\n<h3 class=\"rank-math-question \"><span class=\"ez-toc-section\" id=\"Fizetni_kell_a_szallodakban_meg_tovabbi_dijakat\"><\/span>Fizetni kell a sz\u00e1llod\u00e1kban m\u00e9g tov\u00e1bbi d\u00edjakat?<span class=\"ez-toc-section-end\"><\/span><\/h3>\n<div class=\"rank-math-answer \">\n\n<p>Igen, szinte mindenhol Olaszorsz\u00e1gban k\u00f6telez\u0151en fizetni kell az \u00fagynevezett tassa di soggiorno-t, vagyis a v\u00e1rosi idegenforgalmi ad\u00f3t. \u00c1ltal\u00e1ban k\u00e9szp\u00e9nzben kell fizetni k\u00f6zvetlen\u00fcl a recepci\u00f3n t\u00e1voz\u00e1skor, \u00e9s szem\u00e9lyenk\u00e9nt \u00e9s \u00e9jszak\u00e1nk\u00e9nt n\u00e9h\u00e1ny eur\u00f3t tesz ki az adott sz\u00e1lloda kateg\u00f3ri\u00e1j\u00e1t\u00f3l \u00e9s a konkr\u00e9t v\u00e1rost\u00f3l f\u00fcgg\u0151en, ahol vagy.<\/p>\n\n<\/div>\n<\/div>\n<\/div>\n<\/div>\n\n\n<p class=\"wp-block-paragraph\">\ud83d\udc49 <strong>Foglal\u00e1s:<\/strong> <a href=\"https:\/\/www.stay22.com\/allez\/roam?aid=lukaskonecny&#038;campaign=ubytovani-toskansko&#038;hotelname=GH+Palazzo+Suite+%26+SPA&#038;address=Livorno%2C+It%C3%A1lie\" target=\"_blank\" rel=\"noopener nofollow sponsored\">El\u00e9rhet\u0151s\u00e9g \u00e9s \u00e1rak ellen\u0151rz\u00e9se \u2014 GH Palazzo Suite &#038; SPA<\/a><\/p>\n","protected":false},"excerpt":{"rendered":"<p>N\u00e9zd meg 30 konkr\u00e9t toszk\u00e1na sz\u00e1ll\u00e1s tipp\u00fcnket, az olcs\u00f3 sienai belv\u00e1rosi hotelekt\u0151l a medenc\u00e9s autentikus gazdas\u00e1gokig \u00e9s a luxuspalot\u00e1kig.<\/p>\n","protected":false},"author":3,"featured_media":395030,"comment_status":"open","ping_status":"open","sticky":false,"template":"","format":"standard","meta":{"_acf_changed":false,"footnotes":"","rank_math_title":"Toszk\u00e1na sz\u00e1ll\u00e1s: 30 tipp olcs\u00f3t\u00f3l luxusig","rank_math_description":"Toszk\u00e1na sz\u00e1ll\u00e1s 30 konkr\u00e9t tippje: olcs\u00f3 v\u00e1rosi hotelek, autentikus vid\u00e9ki gazdas\u00e1gok \u00e9s luxuspalot\u00e1k. Foglald le a t\u00f6k\u00e9letes sz\u00e1ll\u00e1sod m\u00e9g ma!","rank_math_focus_keyword":"toszk\u00e1na sz\u00e1ll\u00e1s","rank_math_seo_score":""},"categories":[1804,1827,1788],"tags":[],"class_list":["post-409208","post","type-post","status-publish","format-standard","has-post-thumbnail","category-europa","category-olaszorszag","category-utazas"],"acf":[],"featured_image_src":"https:\/\/loudavymkrokem.cz\/wp-content\/uploads\/2026\/08\/ubyt-featured.jpg","author_info":{"display_name":"Lucie Kone\u010dn\u00e1","author_link":"https:\/\/loudavymkrokem.cz\/hu\/author\/lucie-konecna\/"},"_links":{"self":[{"href":"https:\/\/loudavymkrokem.cz\/hu\/wp-json\/wp\/v2\/posts\/409208","targetHints":{"allow":["GET"]}}],"collection":[{"href":"https:\/\/loudavymkrokem.cz\/hu\/wp-json\/wp\/v2\/posts"}],"about":[{"href":"https:\/\/loudavymkrokem.cz\/hu\/wp-json\/wp\/v2\/types\/post"}],"author":[{"embeddable":true,"href":"https:\/\/loudavymkrokem.cz\/hu\/wp-json\/wp\/v2\/users\/3"}],"replies":[{"embeddable":true,"href":"https:\/\/loudavymkrokem.cz\/hu\/wp-json\/wp\/v2\/comments?post=409208"}],"version-history":[{"count":2,"href":"https:\/\/loudavymkrokem.cz\/hu\/wp-json\/wp\/v2\/posts\/409208\/revisions"}],"predecessor-version":[{"id":409210,"href":"https:\/\/loudavymkrokem.cz\/hu\/wp-json\/wp\/v2\/posts\/409208\/revisions\/409210"}],"wp:featuredmedia":[{"embeddable":true,"href":"https:\/\/loudavymkrokem.cz\/hu\/wp-json\/wp\/v2\/media\/395030"}],"wp:attachment":[{"href":"https:\/\/loudavymkrokem.cz\/hu\/wp-json\/wp\/v2\/media?parent=409208"}],"wp:term":[{"taxonomy":"category","embeddable":true,"href":"https:\/\/loudavymkrokem.cz\/hu\/wp-json\/wp\/v2\/categories?post=409208"},{"taxonomy":"post_tag","embeddable":true,"href":"https:\/\/loudavymkrokem.cz\/hu\/wp-json\/wp\/v2\/tags?post=409208"}],"curies":[{"name":"wp","href":"https:\/\/api.w.org\/{rel}","templated":true}]}}