{"id":409202,"date":"2026-08-27T20:49:13","date_gmt":"2026-08-27T18:49:13","guid":{"rendered":"https:\/\/loudavymkrokem.cz\/ausztria-salzburg-film-helyszinek\/"},"modified":"2026-08-31T08:32:58","modified_gmt":"2026-08-31T06:32:58","slug":"ausztria-salzburg-film-helyszinek","status":"publish","type":"post","link":"https:\/\/loudavymkrokem.cz\/hu\/ausztria-salzburg-film-helyszinek\/","title":{"rendered":"A muzsika hangja: 11 filmforgat\u00e1si helysz\u00edn Salzburgban \u00e9s k\u00f6rny\u00e9k\u00e9n 2026-ban"},"content":{"rendered":"\n<p class=\"wp-block-paragraph\">Ha felfedezn\u00e9d Salzburg sz\u00e9ps\u00e9geit Ausztri\u00e1ban, \u00e9s m\u00e1r alig v\u00e1rod A muzsika hangja legend\u00e1s filmj\u00e9nek helysz\u00edneit, mindj\u00e1rt az elej\u00e9n kicsit meg kell lepjelek. <strong>A h\u00edres von Trapp-villa a filmb\u0151l ugyanis egy\u00e1ltal\u00e1n nem l\u00e9tezik<\/strong>. A filmesek ezt a pomp\u00e1s h\u00e1zat k\u00e9t k\u00fcl\u00f6nb\u00f6z\u0151 kast\u00e9lyb\u00f3l rakt\u00e1k \u00f6ssze, r\u00e1ad\u00e1sul az \u00f6sszes bels\u0151 jelenetet hollywoodi st\u00fadi\u00f3kban forgatt\u00e1k. Ennek ellen\u00e9re ezeknek a mozaikdaraboknak a felkutat\u00e1sa a v\u00e1rosban teljesen mag\u00e1val ragad majd.<\/p>\n\n\n\n<p class=\"wp-block-paragraph\">M\u00e9g nagyobb sokk v\u00e1r r\u00e1d a t\u00f6rt\u00e9net legv\u00e9g\u00e9n. Eml\u00e9kszel arra a dr\u00e1mai <strong>sz\u00f6k\u00e9sre, amikor a csal\u00e1d \u00e1tkel az Alpok gerincein Sv\u00e1jcba<\/strong>? Ez tiszta hollywoodi kital\u00e1ci\u00f3 volt, mert a val\u00f3s\u00e1gban ez az \u00fatvonal egyenesen a n\u00e1ci N\u00e9metorsz\u00e1gba vezette volna \u0151ket. A val\u00f3di von Trapp csal\u00e1d egyszer\u0171en \u00f6sszepakolta a b\u0151r\u00f6ndjeit, els\u00e9t\u00e1lt a k\u00f6zeli aigeni vas\u00fat\u00e1llom\u00e1sra, \u00e9s <strong>k\u00e9nyelmesen vonattal utazott biztons\u00e1gba<\/strong>.<\/p>\n\n\n\n<p class=\"wp-block-paragraph\">Salzburg egyszer\u0171en olyan v\u00e1ros, ahol a <strong>t\u00f6rt\u00e9nelmi val\u00f3s\u00e1g folyamatosan \u00f6sszefon\u00f3dik a filmes var\u00e1zzsal<\/strong>. \u00c9s amint elkezded r\u00f3ni az utcak\u00f6veit, keresve a megfelel\u0151 h\u00e1zakat, kapukat \u00e9s pavilonokat, r\u00e1j\u00f6ssz, hogy \u00e9ppen a m\u00edtosz \u00e9s az igazs\u00e1g k\u00f6z\u00f6tti fesz\u00fclts\u00e9g a legjobb, amit felk\u00edn\u00e1lhat neked.<\/p>\n\n\n\n<figure data-wp-context=\"{&quot;imageId&quot;:&quot;6a96697ab5e42&quot;}\" data-wp-interactive=\"core\/image\" data-wp-key=\"6a96697ab5e42\" class=\"wp-block-image size-full wp-lightbox-container\"><img decoding=\"async\" width=\"1200\" height=\"800\" data-wp-class--hide=\"state.isContentHidden\" data-wp-class--show=\"state.isContentVisible\" data-wp-init=\"callbacks.setButtonStyles\" data-wp-on--click=\"actions.showLightbox\" data-wp-on--load=\"callbacks.setButtonStyles\" data-wp-on--pointerdown=\"actions.preloadImage\" data-wp-on--pointerenter=\"actions.preloadImageWithDelay\" data-wp-on--pointerleave=\"actions.cancelPreload\" data-wp-on-window--resize=\"callbacks.setButtonStyles\" src=\"https:\/\/loudavymkrokem.cz\/wp-content\/uploads\/2025\/05\/co-videt-v-salzburgu-54.jpg\" alt=\"Salzburg \u00f3v\u00e1rosa a Hohensalzburg er\u0151d alatt\" class=\"wp-image-96659\" title=\"\" srcset=\"https:\/\/loudavymkrokem.cz\/wp-content\/uploads\/2025\/05\/co-videt-v-salzburgu-54.jpg 1200w, https:\/\/loudavymkrokem.cz\/wp-content\/uploads\/2025\/05\/co-videt-v-salzburgu-54-300x200.jpg 300w, https:\/\/loudavymkrokem.cz\/wp-content\/uploads\/2025\/05\/co-videt-v-salzburgu-54-700x467.jpg 700w, https:\/\/loudavymkrokem.cz\/wp-content\/uploads\/2025\/05\/co-videt-v-salzburgu-54-768x512.jpg 768w, https:\/\/loudavymkrokem.cz\/wp-content\/uploads\/2025\/05\/co-videt-v-salzburgu-54-696x464.jpg 696w\" sizes=\"(max-width: 1200px) 100vw, 1200px\" \/><button\n\t\t\tclass=\"lightbox-trigger\"\n\t\t\ttype=\"button\"\n\t\t\taria-haspopup=\"dialog\"\n\t\t\tdata-wp-bind--aria-label=\"state.thisImage.triggerButtonAriaLabel\"\n\t\t\tdata-wp-init=\"callbacks.initTriggerButton\"\n\t\t\tdata-wp-on--click=\"actions.showLightbox\"\n\t\t\tdata-wp-style--right=\"state.thisImage.buttonRight\"\n\t\t\tdata-wp-style--top=\"state.thisImage.buttonTop\"\n\t\t>\n\t\t\t<svg xmlns=\"http:\/\/www.w3.org\/2000\/svg\" width=\"12\" height=\"12\" fill=\"none\" viewBox=\"0 0 12 12\">\n\t\t\t\t<path fill=\"#fff\" d=\"M2 0a2 2 0 0 0-2 2v2h1.5V2a.5.5 0 0 1 .5-.5h2V0H2Zm2 10.5H2a.5.5 0 0 1-.5-.5V8H0v2a2 2 0 0 0 2 2h2v-1.5ZM8 12v-1.5h2a.5.5 0 0 0 .5-.5V8H12v2a2 2 0 0 1-2 2H8Zm2-12a2 2 0 0 1 2 2v2h-1.5V2a.5.5 0 0 0-.5-.5H8V0h2Z\" \/>\n\t\t\t<\/svg>\n\t\t<\/button><\/figure>\n\n\n\n<div id=\"ez-toc-container\" class=\"ez-toc-v2_0_86 ez-toc-wrap-left counter-hierarchy ez-toc-counter ez-toc-grey ez-toc-container-direction\">\n<div class=\"ez-toc-title-container\">\n<p class=\"ez-toc-title\" style=\"cursor:inherit\">A cikk tartalma<\/p>\n<span class=\"ez-toc-title-toggle\"><a href=\"#\" class=\"ez-toc-pull-right ez-toc-btn ez-toc-btn-xs ez-toc-btn-default ez-toc-toggle\" aria-label=\"Toggle Table of Content\"><span class=\"ez-toc-js-icon-con\"><span class=\"\"><span class=\"eztoc-hide\" style=\"display:none;\">Toggle<\/span><span class=\"ez-toc-icon-toggle-span\"><svg style=\"fill: #999;color:#999\" xmlns=\"http:\/\/www.w3.org\/2000\/svg\" class=\"list-377408\" width=\"20px\" height=\"20px\" viewBox=\"0 0 24 24\" fill=\"none\"><path d=\"M6 6H4v2h2V6zm14 0H8v2h12V6zM4 11h2v2H4v-2zm16 0H8v2h12v-2zM4 16h2v2H4v-2zm16 0H8v2h12v-2z\" fill=\"currentColor\"><\/path><\/svg><svg style=\"fill: #999;color:#999\" class=\"arrow-unsorted-368013\" xmlns=\"http:\/\/www.w3.org\/2000\/svg\" width=\"10px\" height=\"10px\" viewBox=\"0 0 24 24\" version=\"1.2\" baseProfile=\"tiny\"><path d=\"M18.2 9.3l-6.2-6.3-6.2 6.3c-.2.2-.3.4-.3.7s.1.5.3.7c.2.2.4.3.7.3h11c.3 0 .5-.1.7-.3.2-.2.3-.5.3-.7s-.1-.5-.3-.7zM5.8 14.7l6.2 6.3 6.2-6.3c.2-.2.3-.5.3-.7s-.1-.5-.3-.7c-.2-.2-.4-.3-.7-.3h-11c-.3 0-.5.1-.7.3-.2.2-.3.5-.3.7s.1.5.3.7z\"\/><\/svg><\/span><\/span><\/span><\/a><\/span><\/div>\n<nav><ul class='ez-toc-list ez-toc-list-level-1 ' ><ul class='ez-toc-list-level-3' ><li class='ez-toc-heading-level-3'><a class=\"ez-toc-link ez-toc-heading-1\" href=\"https:\/\/loudavymkrokem.cz\/hu\/ausztria-salzburg-film-helyszinek\/#Osszefoglalas_azoknak_akiknek_nincs_idejuk_vegigolvasni_a_cikket\" >\u00d6sszefoglal\u00e1s azoknak, akiknek nincs idej\u00fck v\u00e9gigolvasni a cikket<\/a><\/li><\/ul><\/li><li class='ez-toc-page-1 ez-toc-heading-level-2'><a class=\"ez-toc-link ez-toc-heading-2\" href=\"https:\/\/loudavymkrokem.cz\/hu\/ausztria-salzburg-film-helyszinek\/#Salzburg_a_gyakorlatban_hogyan_jutsz_oda_es_mikor_menj\" >Salzburg a gyakorlatban: hogyan jutsz oda \u00e9s mikor menj<\/a><\/li><li class='ez-toc-page-1 ez-toc-heading-level-2'><a class=\"ez-toc-link ez-toc-heading-3\" href=\"https:\/\/loudavymkrokem.cz\/hu\/ausztria-salzburg-film-helyszinek\/#11_filmforgatasi_helyszin_Salzburgban_es_kornyeken\" >11 filmforgat\u00e1si helysz\u00edn Salzburgban \u00e9s k\u00f6rny\u00e9k\u00e9n<\/a><ul class='ez-toc-list-level-3' ><li class='ez-toc-heading-level-3'><a class=\"ez-toc-link ez-toc-heading-4\" href=\"https:\/\/loudavymkrokem.cz\/hu\/ausztria-salzburg-film-helyszinek\/#1_A_Mirabell-kertek_es_a_Do-Re-Mi_lepcsosora\" >1. A Mirabell-kertek \u00e9s a Do-Re-Mi l\u00e9pcs\u0151sora<\/a><\/li><li class='ez-toc-page-1 ez-toc-heading-level-3'><a class=\"ez-toc-link ez-toc-heading-5\" href=\"https:\/\/loudavymkrokem.cz\/hu\/ausztria-salzburg-film-helyszinek\/#2_A_Nonnberg-kolostor_es_Maria_valodi_elete\" >2. A Nonnberg-kolostor \u00e9s Maria val\u00f3di \u00e9lete<\/a><\/li><li class='ez-toc-page-1 ez-toc-heading-level-3'><a class=\"ez-toc-link ez-toc-heading-6\" href=\"https:\/\/loudavymkrokem.cz\/hu\/ausztria-salzburg-film-helyszinek\/#3_A_pavilon_a_Sixteen_Going_on_Seventeen_dalbol\" >3. A pavilon a Sixteen Going on Seventeen dalb\u00f3l<\/a><\/li><li class='ez-toc-page-1 ez-toc-heading-level-3'><a class=\"ez-toc-link ez-toc-heading-7\" href=\"https:\/\/loudavymkrokem.cz\/hu\/ausztria-salzburg-film-helyszinek\/#4_A_Hellbrunn-kastely_es_trukkos_szokokutjai\" >4. A Hellbrunn-kast\u00e9ly \u00e9s tr\u00fckk\u00f6s sz\u00f6k\u0151k\u00fatjai<\/a><\/li><li class='ez-toc-page-1 ez-toc-heading-level-3'><a class=\"ez-toc-link ez-toc-heading-8\" href=\"https:\/\/loudavymkrokem.cz\/hu\/ausztria-salzburg-film-helyszinek\/#5_A_Schloss_Leopoldskron_es_a_toparti_jelenetek\" >5. A Schloss Leopoldskron \u00e9s a t\u00f3parti jelenetek<\/a><\/li><li class='ez-toc-page-1 ez-toc-heading-level-3'><a class=\"ez-toc-link ez-toc-heading-9\" href=\"https:\/\/loudavymkrokem.cz\/hu\/ausztria-salzburg-film-helyszinek\/#6_A_Schloss_Frohnburg_es_a_villa_filmes_homlokzata\" >6. A Schloss Frohnburg \u00e9s a villa filmes homlokzata<\/a><\/li><li class='ez-toc-page-1 ez-toc-heading-level-3'><a class=\"ez-toc-link ez-toc-heading-10\" href=\"https:\/\/loudavymkrokem.cz\/hu\/ausztria-salzburg-film-helyszinek\/#7_Villa_Trapp_Aigenben_a_csalad_valodi_otthona\" >7. Villa Trapp Aigenben: a csal\u00e1d val\u00f3di otthona<\/a><\/li><li class='ez-toc-page-1 ez-toc-heading-level-3'><a class=\"ez-toc-link ez-toc-heading-11\" href=\"https:\/\/loudavymkrokem.cz\/hu\/ausztria-salzburg-film-helyszinek\/#8_A_mondsee-i_bazilika_es_a_hires_eskuvo\" >8. A mondsee-i bazilika \u00e9s a h\u00edres esk\u00fcv\u0151<\/a><\/li><li class='ez-toc-page-1 ez-toc-heading-level-3'><a class=\"ez-toc-link ez-toc-heading-12\" href=\"https:\/\/loudavymkrokem.cz\/hu\/ausztria-salzburg-film-helyszinek\/#9_A_Felsenreitschule_es_a_dramai_koncert\" >9. A Felsenreitschule \u00e9s a dr\u00e1mai koncert<\/a><\/li><li class='ez-toc-page-1 ez-toc-heading-level-3'><a class=\"ez-toc-link ez-toc-heading-13\" href=\"https:\/\/loudavymkrokem.cz\/hu\/ausztria-salzburg-film-helyszinek\/#10_A_Residenzplatz_es_az_onbizalommal_teli_szokokut\" >10. A Residenzplatz \u00e9s az \u00f6nbizalommal teli sz\u00f6k\u0151k\u00fat<\/a><\/li><li class='ez-toc-page-1 ez-toc-heading-level-3'><a class=\"ez-toc-link ez-toc-heading-14\" href=\"https:\/\/loudavymkrokem.cz\/hu\/ausztria-salzburg-film-helyszinek\/#11_Kirandulas_Werfenbe_es_a_hegyi_retekre\" >11. Kir\u00e1ndul\u00e1s Werfenbe \u00e9s a hegyi r\u00e9tekre<\/a><\/li><\/ul><\/li><li class='ez-toc-page-1 ez-toc-heading-level-2'><a class=\"ez-toc-link ez-toc-heading-15\" href=\"https:\/\/loudavymkrokem.cz\/hu\/ausztria-salzburg-film-helyszinek\/#A_muzsika_hangja_mi_az_igazsag_es_mi_Hollywood\" >A muzsika hangja: mi az igazs\u00e1g \u00e9s mi Hollywood<\/a><\/li><li class='ez-toc-page-1 ez-toc-heading-level-2'><a class=\"ez-toc-link ez-toc-heading-16\" href=\"https:\/\/loudavymkrokem.cz\/hu\/ausztria-salzburg-film-helyszinek\/#Hol_szallj_meg\" >Hol sz\u00e1llj meg<\/a><\/li><li class='ez-toc-page-1 ez-toc-heading-level-2'><a class=\"ez-toc-link ez-toc-heading-17\" href=\"https:\/\/loudavymkrokem.cz\/hu\/ausztria-salzburg-film-helyszinek\/#Hol_egyel\" >Hol egy\u00e9l<\/a><\/li><li class='ez-toc-page-1 ez-toc-heading-level-2'><a class=\"ez-toc-link ez-toc-heading-18\" href=\"https:\/\/loudavymkrokem.cz\/hu\/ausztria-salzburg-film-helyszinek\/#Gyors_puska_filmforgatasi_helyszinek_Salzburgban_es_kornyeken\" >Gyors puska: filmforgat\u00e1si helysz\u00ednek Salzburgban \u00e9s k\u00f6rny\u00e9k\u00e9n<\/a><\/li><li class='ez-toc-page-1 ez-toc-heading-level-2'><a class=\"ez-toc-link ez-toc-heading-19\" href=\"https:\/\/loudavymkrokem.cz\/hu\/ausztria-salzburg-film-helyszinek\/#Merre_tovabb\" >Merre tov\u00e1bb<\/a><\/li><li class='ez-toc-page-1 ez-toc-heading-level-2'><a class=\"ez-toc-link ez-toc-heading-20\" href=\"https:\/\/loudavymkrokem.cz\/hu\/ausztria-salzburg-film-helyszinek\/#Gyakran_ismetelt_kerdesek\" >Gyakran ism\u00e9telt k\u00e9rd\u00e9sek<\/a><ul class='ez-toc-list-level-3' ><li class='ez-toc-heading-level-3'><a class=\"ez-toc-link ez-toc-heading-21\" href=\"https:\/\/loudavymkrokem.cz\/hu\/ausztria-salzburg-film-helyszinek\/#Be_lehet_menni_a_hires_filmes_lugasba\" >Be lehet menni a h\u00edres filmes lugasba?<\/a><\/li><li class='ez-toc-page-1 ez-toc-heading-level-3'><a class=\"ez-toc-link ez-toc-heading-22\" href=\"https:\/\/loudavymkrokem.cz\/hu\/ausztria-salzburg-film-helyszinek\/#Hol_allt_valojaban_a_von_Trapp_csalad_villaja\" >Hol \u00e1llt val\u00f3j\u00e1ban a von Trapp csal\u00e1d vill\u00e1ja?<\/a><\/li><li class='ez-toc-page-1 ez-toc-heading-level-3'><a class=\"ez-toc-link ez-toc-heading-23\" href=\"https:\/\/loudavymkrokem.cz\/hu\/ausztria-salzburg-film-helyszinek\/#Mennyibe_kerul_egy_szervezett_Sound_of_Music_tura\" >Mennyibe ker\u00fcl egy szervezett Sound of Music t\u00fara?<\/a><\/li><li class='ez-toc-page-1 ez-toc-heading-level-3'><a class=\"ez-toc-link ez-toc-heading-24\" href=\"https:\/\/loudavymkrokem.cz\/hu\/ausztria-salzburg-film-helyszinek\/#Szukseges_autopalya-matrica_Ausztriaba\" >Sz\u00fcks\u00e9ges aut\u00f3p\u00e1lya-matrica Ausztri\u00e1ba?<\/a><\/li><li class='ez-toc-page-1 ez-toc-heading-level-3'><a class=\"ez-toc-link ez-toc-heading-25\" href=\"https:\/\/loudavymkrokem.cz\/hu\/ausztria-salzburg-film-helyszinek\/#A_Nonnberg_kolostor_rendes_turisztikai_latvanyossag\" >A Nonnberg kolostor rendes turisztikai l\u00e1tv\u00e1nyoss\u00e1g?<\/a><\/li><li class='ez-toc-page-1 ez-toc-heading-level-3'><a class=\"ez-toc-link ez-toc-heading-26\" href=\"https:\/\/loudavymkrokem.cz\/hu\/ausztria-salzburg-film-helyszinek\/#Meg_lehet_nezni_a_Leopoldskron_kastelyt\" >Meg lehet n\u00e9zni a Leopoldskron kast\u00e9lyt?<\/a><\/li><li class='ez-toc-page-1 ez-toc-heading-level-3'><a class=\"ez-toc-link ez-toc-heading-27\" href=\"https:\/\/loudavymkrokem.cz\/hu\/ausztria-salzburg-film-helyszinek\/#Hova_menekult_a_csalad_valojaban\" >Hova menek\u00fclt a csal\u00e1d val\u00f3j\u00e1ban?<\/a><\/li><li class='ez-toc-page-1 ez-toc-heading-level-3'><a class=\"ez-toc-link ez-toc-heading-28\" href=\"https:\/\/loudavymkrokem.cz\/hu\/ausztria-salzburg-film-helyszinek\/#Mikor_a_legjobb_idopont_Salzburg_meglatogatasara\" >Mikor a legjobb id\u0151pont Salzburg megl\u00e1togat\u00e1s\u00e1ra?<\/a><\/li><\/ul><\/li><\/ul><\/nav><\/div>\n<h3 class=\"wp-block-heading\"><span class=\"ez-toc-section\" id=\"Osszefoglalas_azoknak_akiknek_nincs_idejuk_vegigolvasni_a_cikket\"><\/span>\u00d6sszefoglal\u00e1s azoknak, akiknek nincs idej\u00fck v\u00e9gigolvasni a cikket<span class=\"ez-toc-section-end\"><\/span><\/h3>\n\n\n\n<ul class=\"wp-block-list\">\n\n<li>  <strong>A filmvilla ill\u00fazi\u00f3:<\/strong> A Schloss Frohnburg homlokzat\u00e1b\u00f3l \u00e9s a Schloss Leopoldskron h\u00e1ts\u00f3, t\u00f3ra n\u00e9z\u0151 terasz\u00e1b\u00f3l \u00e1ll \u00f6ssze.<\/li>\n\n\n\n<li>  <strong>A h\u00edres pavilon elk\u00f6lt\u00f6z\u00f6tt:<\/strong> Ma m\u00e1r nem a t\u00f3 mellett \u00e1ll, hanem a Hellbrunn-kast\u00e9ly parkj\u00e1ban tal\u00e1lod, a belsej\u00e9be viszont biztons\u00e1gi okokb\u00f3l nem lehet bemenni.<\/li>\n\n\n\n<li>  <strong>A csal\u00e1d val\u00f3di otthona:<\/strong> A val\u00f3di Villa Trapp az aigeni v\u00e1rosr\u00e9szben \u00e1ll, ma sz\u00e1llodak\u00e9nt m\u0171k\u00f6dik, \u00e9s ak\u00e1r Maria szob\u00e1j\u00e1ban is megsz\u00e1llhatsz.<\/li>\n\n\n\n<li>  <strong>Szervezett t\u00far\u00e1k:<\/strong> A klasszikus buszos Sound of Music tour kb. 4 \u00f3r\u00e1n \u00e1t tart, \u00e9s nagyj\u00e1b\u00f3l 30 200 Ft-ba ker\u00fcl (kb. 2000 K\u010d).<\/li>\n\n\n\n<li>  <strong>Mikor \u00e9rdemes idej\u00f6nni:<\/strong> A legjobb id\u0151j\u00e1r\u00e1s a kir\u00e1ndul\u00e1sokhoz m\u00e1just\u00f3l szeptemberig van, leny\u0171g\u00f6z\u0151 az advent is, de sz\u00e1m\u00edts a t\u00f6megre.<\/li>\n\n\n\n<li>  <strong>Mire figyelj:<\/strong> A ny\u00e1ri Salzburger Festspiele fesztiv\u00e1l idej\u00e9n (j\u00falius \u00e9s augusztus) a v\u00e1ros sz\u00e9treped, a sz\u00e1ll\u00e1sok \u00e1ra pedig meredeken az egekbe sz\u00f6kik.<\/li>\n\n\n\n<li>  <strong>F\u0151 tipp a l\u00e1togat\u00e1shoz:<\/strong> A Nonnberg-kolostor m\u00e9g ma is m\u0171k\u00f6d\u0151 ap\u00e1caotthon, ez\u00e9rt az udvar \u00e9s a k\u00e1polna l\u00e1togat\u00e1sakor teljes csend \u00e9s tisztelet sz\u00fcks\u00e9ges.<\/li>\n\n\n<\/ul>\n\n\n\n<figure data-wp-context=\"{&quot;imageId&quot;:&quot;6a96697ab655b&quot;}\" data-wp-interactive=\"core\/image\" data-wp-key=\"6a96697ab655b\" class=\"wp-block-image size-full wp-lightbox-container\"><img decoding=\"async\" width=\"1200\" height=\"630\" data-wp-class--hide=\"state.isContentHidden\" data-wp-class--show=\"state.isContentVisible\" data-wp-init=\"callbacks.setButtonStyles\" data-wp-on--click=\"actions.showLightbox\" data-wp-on--load=\"callbacks.setButtonStyles\" data-wp-on--pointerdown=\"actions.preloadImage\" data-wp-on--pointerenter=\"actions.preloadImageWithDelay\" data-wp-on--pointerleave=\"actions.cancelPreload\" data-wp-on-window--resize=\"callbacks.setButtonStyles\" src=\"https:\/\/loudavymkrokem.cz\/wp-content\/uploads\/2025\/05\/salzburg.jpg\" alt=\"Kil\u00e1t\u00e1s Salzburgra a Hohensalzburg er\u0151ddel\" class=\"wp-image-96716\" title=\"\" srcset=\"https:\/\/loudavymkrokem.cz\/wp-content\/uploads\/2025\/05\/salzburg.jpg 1200w, https:\/\/loudavymkrokem.cz\/wp-content\/uploads\/2025\/05\/salzburg-300x158.jpg 300w, https:\/\/loudavymkrokem.cz\/wp-content\/uploads\/2025\/05\/salzburg-700x368.jpg 700w, https:\/\/loudavymkrokem.cz\/wp-content\/uploads\/2025\/05\/salzburg-768x403.jpg 768w, https:\/\/loudavymkrokem.cz\/wp-content\/uploads\/2025\/05\/salzburg-696x365.jpg 696w\" sizes=\"(max-width: 1200px) 100vw, 1200px\" \/><button\n\t\t\tclass=\"lightbox-trigger\"\n\t\t\ttype=\"button\"\n\t\t\taria-haspopup=\"dialog\"\n\t\t\tdata-wp-bind--aria-label=\"state.thisImage.triggerButtonAriaLabel\"\n\t\t\tdata-wp-init=\"callbacks.initTriggerButton\"\n\t\t\tdata-wp-on--click=\"actions.showLightbox\"\n\t\t\tdata-wp-style--right=\"state.thisImage.buttonRight\"\n\t\t\tdata-wp-style--top=\"state.thisImage.buttonTop\"\n\t\t>\n\t\t\t<svg xmlns=\"http:\/\/www.w3.org\/2000\/svg\" width=\"12\" height=\"12\" fill=\"none\" viewBox=\"0 0 12 12\">\n\t\t\t\t<path fill=\"#fff\" d=\"M2 0a2 2 0 0 0-2 2v2h1.5V2a.5.5 0 0 1 .5-.5h2V0H2Zm2 10.5H2a.5.5 0 0 1-.5-.5V8H0v2a2 2 0 0 0 2 2h2v-1.5ZM8 12v-1.5h2a.5.5 0 0 0 .5-.5V8H12v2a2 2 0 0 1-2 2H8Zm2-12a2 2 0 0 1 2 2v2h-1.5V2a.5.5 0 0 0-.5-.5H8V0h2Z\" \/>\n\t\t\t<\/svg>\n\t\t<\/button><\/figure>\n\n\n\n<h2 class=\"wp-block-heading\"><span class=\"ez-toc-section\" id=\"Salzburg_a_gyakorlatban_hogyan_jutsz_oda_es_mikor_menj\"><\/span>Salzburg a gyakorlatban: hogyan jutsz oda \u00e9s mikor menj<span class=\"ez-toc-section-end\"><\/span><\/h2>\n\n\n\n<p class=\"wp-block-paragraph\">Magyarorsz\u00e1gr\u00f3l az \u00fat nagyon k\u00e9nyelmes, \u00e9s <strong>a leggyorsabban saj\u00e1t aut\u00f3val jutsz ide<\/strong>. Budapestr\u0151l az \u00fat nagyj\u00e1b\u00f3l \u00f6t \u00f3ra, Gy\u0151rb\u0151l pedig alig t\u00f6bb mint h\u00e1rom \u00f3ra alatt oda\u00e9rsz. Ne feledd, hogy a hat\u00e1r \u00e1tl\u00e9p\u00e9se el\u0151tt beszerezd az osztr\u00e1k aut\u00f3p\u00e1lya-matric\u00e1t, amelyet ma m\u00e1r k\u00f6nnyen megv\u00e1s\u00e1rolhatsz online. Ha a t\u00f6megk\u00f6zleked\u00e9st r\u00e9szes\u00edted el\u0151nyben, a <strong>vas\u00fati kapcsolat B\u00e9csen kereszt\u00fcli \u00e1tsz\u00e1ll\u00e1ssal<\/strong> teljesen megb\u00edzhat\u00f3an m\u0171k\u00f6dik, \u00e9s egyenesen a t\u00f6rt\u00e9n\u00e9sek k\u00f6zpontj\u00e1ba visz.<\/p>\n\n\n\n<p class=\"wp-block-paragraph\">A t\u00e1volabbr\u00f3l \u00e9rkez\u0151 utaz\u00f3k sz\u00e1m\u00e1ra <strong>adott a k\u00f6zvetlen\u00fcl Salzburgban l\u00e9v\u0151 nemzetk\u00f6zi rep\u00fcl\u0151t\u00e9r<\/strong> lehet\u0151s\u00e9ge. Vagy rep\u00fclhetsz M\u00fcnchenbe is, ahonnan Mozart v\u00e1ros\u00e1ba aut\u00f3val vagy vonattal alig k\u00e9t \u00f3ra alatt jutsz el. Maga a v\u00e1ros meglehet\u0151sen kompakt, \u00e9s a l\u00e1tnival\u00f3k nagy r\u00e9sz\u00e9t gyalog is bej\u00e1rhatod. A v\u00e1ros sz\u00e9l\u00e9n l\u00e9v\u0151 kast\u00e9lyokhoz vezet\u0151 hosszabb utakn\u00e1l <strong>remek\u00fcl szolg\u00e1lnak a helyi trolibuszok \u00e9s buszok<\/strong>, amelyek nagyon s\u0171r\u0171n \u00e9s pontosan j\u00e1rnak.<\/p>\n\n\n\n<p class=\"wp-block-paragraph\">Ami a l\u00e1togat\u00e1s ide\u00e1lis id\u0151z\u00edt\u00e9s\u00e9t illeti, <strong>els\u0151sorban az elv\u00e1r\u00e1saidon \u00e9s a k\u00f6lts\u00e9gvet\u00e9seden m\u00falik<\/strong>. M\u00e1just\u00f3l szeptemberig a legjobb az id\u0151j\u00e1r\u00e1s a kertekben tett s\u00e9t\u00e1khoz \u00e9s a tavakhoz vezet\u0151 kir\u00e1ndul\u00e1sokhoz. Rendk\u00edv\u00fcl n\u00e9pszer\u0171 az adventi id\u0151szak, amikor a salzburgi v\u00e1s\u00e1rok Eur\u00f3pa legvar\u00e1zslatosabbjai k\u00f6z\u00e9 tartoznak, de fel kell k\u00e9sz\u00fcln\u00f6d a magas \u00e1rakra \u00e9s a turist\u00e1k t\u00f6meg\u00e9re. Ezzel szemben a <strong>legdr\u00e1g\u00e1bb h\u00f3napok j\u00falius \u00e9s augusztus<\/strong>, amikor a h\u00edres ny\u00e1ri fesztiv\u00e1l zajlik, \u00e9s a sz\u00e1ll\u00e1sok gyakran m\u00e1r j\u00f3val el\u0151re elkelnek.<\/p>\n\n\n\n<h2 class=\"wp-block-heading\"><span class=\"ez-toc-section\" id=\"11_filmforgatasi_helyszin_Salzburgban_es_kornyeken\"><\/span>11 filmforgat\u00e1si helysz\u00edn Salzburgban \u00e9s k\u00f6rny\u00e9k\u00e9n<span class=\"ez-toc-section-end\"><\/span><\/h2>\n\n\n\n<p class=\"wp-block-paragraph\">Filmes helysz\u00ednb\u0151l meglep\u0151en sok van, \u00e9s sz\u00e9t vannak sz\u00f3rva az eg\u00e9sz v\u00e1rosban. Itt vannak azok, amelyek\u00e9rt igaz\u00e1n meg\u00e9ri a kir\u00e1ndul\u00e1s, \u00e9s azok is, amelyekn\u00e9l \u0151szint\u00e9n figyelmeztetlek, hogy ne v\u00e1rj csod\u00e1kat.<\/p>\n\n\n\n<figure data-wp-context=\"{&quot;imageId&quot;:&quot;6a96697ab6a26&quot;}\" data-wp-interactive=\"core\/image\" data-wp-key=\"6a96697ab6a26\" class=\"wp-block-image size-full wp-lightbox-container\"><img decoding=\"async\" width=\"1280\" height=\"1920\" data-wp-class--hide=\"state.isContentHidden\" data-wp-class--show=\"state.isContentVisible\" data-wp-init=\"callbacks.setButtonStyles\" data-wp-on--click=\"actions.showLightbox\" data-wp-on--load=\"callbacks.setButtonStyles\" data-wp-on--pointerdown=\"actions.preloadImage\" data-wp-on--pointerenter=\"actions.preloadImageWithDelay\" data-wp-on--pointerleave=\"actions.cancelPreload\" data-wp-on-window--resize=\"callbacks.setButtonStyles\" src=\"https:\/\/loudavymkrokem.cz\/wp-content\/uploads\/2026\/07\/mirabell-0.jpg\" alt=\"A Mirabell-kertek kil\u00e1t\u00e1ssal a Hohensalzburg er\u0151dre\" class=\"wp-image-350700\" title=\"\" srcset=\"https:\/\/loudavymkrokem.cz\/wp-content\/uploads\/2026\/07\/mirabell-0.jpg 1280w, https:\/\/loudavymkrokem.cz\/wp-content\/uploads\/2026\/07\/mirabell-0-200x300.jpg 200w, https:\/\/loudavymkrokem.cz\/wp-content\/uploads\/2026\/07\/mirabell-0-700x1050.jpg 700w, https:\/\/loudavymkrokem.cz\/wp-content\/uploads\/2026\/07\/mirabell-0-768x1152.jpg 768w, https:\/\/loudavymkrokem.cz\/wp-content\/uploads\/2026\/07\/mirabell-0-1024x1536.jpg 1024w, https:\/\/loudavymkrokem.cz\/wp-content\/uploads\/2026\/07\/mirabell-0-696x1044.jpg 696w\" sizes=\"(max-width: 1280px) 100vw, 1280px\" \/><button\n\t\t\tclass=\"lightbox-trigger\"\n\t\t\ttype=\"button\"\n\t\t\taria-haspopup=\"dialog\"\n\t\t\tdata-wp-bind--aria-label=\"state.thisImage.triggerButtonAriaLabel\"\n\t\t\tdata-wp-init=\"callbacks.initTriggerButton\"\n\t\t\tdata-wp-on--click=\"actions.showLightbox\"\n\t\t\tdata-wp-style--right=\"state.thisImage.buttonRight\"\n\t\t\tdata-wp-style--top=\"state.thisImage.buttonTop\"\n\t\t>\n\t\t\t<svg xmlns=\"http:\/\/www.w3.org\/2000\/svg\" width=\"12\" height=\"12\" fill=\"none\" viewBox=\"0 0 12 12\">\n\t\t\t\t<path fill=\"#fff\" d=\"M2 0a2 2 0 0 0-2 2v2h1.5V2a.5.5 0 0 1 .5-.5h2V0H2Zm2 10.5H2a.5.5 0 0 1-.5-.5V8H0v2a2 2 0 0 0 2 2h2v-1.5ZM8 12v-1.5h2a.5.5 0 0 0 .5-.5V8H12v2a2 2 0 0 1-2 2H8Zm2-12a2 2 0 0 1 2 2v2h-1.5V2a.5.5 0 0 0-.5-.5H8V0h2Z\" \/>\n\t\t\t<\/svg>\n\t\t<\/button><figcaption class=\"wp-element-caption\">Fot\u00f3: Raimond Spekking, CC BY-SA 4.0, Wikimedia Commons<\/figcaption><\/figure>\n\n\n\n<h3 class=\"wp-block-heading\"><span class=\"ez-toc-section\" id=\"1_A_Mirabell-kertek_es_a_Do-Re-Mi_lepcsosora\"><\/span>1. A Mirabell-kertek \u00e9s a Do-Re-Mi l\u00e9pcs\u0151sora<span class=\"ez-toc-section-end\"><\/span><\/h3>\n\n\n\n<p class=\"wp-block-paragraph\">Ha valaki azt mondja, Salzburg \u00e9s A muzsika hangja, a legt\u00f6bb embernek azonnal a <strong>Mirabell-kertek jutnak esz\u00e9be az ikonikus l\u00e9pcs\u0151sorral<\/strong>. Ezek a barokk kertek k\u00f6zvetlen\u00fcl a v\u00e1ros sz\u00edv\u00e9ben fekszenek, \u00e9s eg\u00e9sz Ausztria egyik legszebb pihen\u0151\u00f6vezet\u00e9t jelentik. S\u00e9t\u00e1lhatsz a t\u00f6k\u00e9letesen ny\u00edrt s\u00f6v\u00e9nyek k\u00f6z\u00f6tt, csod\u00e1lhatod a sz\u00ednes vir\u00e1gmint\u00e1kat, \u00e9s \u00e9lvezheted a <strong>gy\u00f6ny\u00f6r\u0171 kil\u00e1t\u00e1st a Hohensalzburg er\u0151dre<\/strong>, amely magasan a v\u00e1ros f\u00f6l\u00e9 magasodik.<\/p>\n\n\n\n<p class=\"wp-block-paragraph\">A filmrajong\u00f3k sz\u00e1m\u00e1ra ez teljess\u00e9ggel k\u00f6telez\u0151, mert \u00e9ppen itt forgatt\u00e1k a <strong>h\u00edres Do-Re-Mi dal grandi\u00f3zus fin\u00e1l\u00e9j\u00e1t<\/strong>. Maria \u00e9s a gyerekek ebben a jelenetben a k\u0151l\u00e9pcs\u0151n ugr\u00e1lnak, amelyet a kertek \u00e9szaknyugati sark\u00e1ban tal\u00e1lsz, \u00e9s a l\u00e9pcs\u0151fokokat \u00f3ri\u00e1s billenty\u0171kk\u00e9nt haszn\u00e1lj\u00e1k. Ennek a j\u00e1t\u00e9kos filmes mont\u00e1zsnak a r\u00e9sze a k\u00f6zeli <strong>Pegazus-sz\u00f6k\u0151k\u00fat<\/strong> is, amely k\u00f6r\u00fcl a szerepl\u0151k vid\u00e1man szaladg\u00e1lnak. Mindezek a helyek pontosan \u00fagy n\u00e9znek ki, ahogy a moziv\u00e1szonr\u00f3l eml\u00e9kszel r\u00e1juk.<\/p>\n\n\n\n<p class=\"wp-block-paragraph\">Gyakorlati szempontb\u00f3l biztosan \u00f6r\u00fclni fogsz annak, hogy <strong>a kertek szabadon \u00e9s teljesen ingyen l\u00e1togathat\u00f3k<\/strong>, \u00edgy ak\u00e1r naponta t\u00f6bbsz\u00f6r is idej\u00f6hetsz. A legjobb f\u00e9ny a fot\u00f3z\u00e1shoz kora reggel van, amikor elker\u00fcl\u00f6d a kir\u00e1ndul\u00f3buszokb\u00f3l \u00e9rkez\u0151 turist\u00e1k nagy t\u00f6meg\u00e9t. Ha m\u00e1r f\u00e1radtak a l\u00e1baid a gyalogl\u00e1st\u00f3l, a kertek remek hely arra, hogy le\u00fclj egy padra, kicsomagold a szendvicsedet, \u00e9s egy darabig csak n\u00e9zd az er\u0151d\u00f6t.<\/p>\n\n\n\n<p class=\"wp-block-paragraph\">\ud83d\udca1 Tipp: Ha t\u00e9len indulsz Salzburgba, sz\u00e1molj azzal, hogy a <strong>Mirabell-kertek elvesz\u00edtik var\u00e1zsuk egy r\u00e9sz\u00e9t<\/strong>, mert a szobrokat a fagy ellen letakarj\u00e1k, a vir\u00e1g\u00e1gy\u00e1sok pedig \u00fcresek. Ennek ellen\u00e9re meg\u00e9ri legal\u00e1bb a befagyott v\u00e1ros nyugodt hangulata miatt idej\u00f6nni.<\/p>\n\n\n\n<figure data-wp-context=\"{&quot;imageId&quot;:&quot;6a96697ab6ed0&quot;}\" data-wp-interactive=\"core\/image\" data-wp-key=\"6a96697ab6ed0\" class=\"wp-block-image size-full wp-lightbox-container\"><img decoding=\"async\" width=\"1280\" height=\"1924\" data-wp-class--hide=\"state.isContentHidden\" data-wp-class--show=\"state.isContentVisible\" data-wp-init=\"callbacks.setButtonStyles\" data-wp-on--click=\"actions.showLightbox\" data-wp-on--load=\"callbacks.setButtonStyles\" data-wp-on--pointerdown=\"actions.preloadImage\" data-wp-on--pointerenter=\"actions.preloadImageWithDelay\" data-wp-on--pointerleave=\"actions.cancelPreload\" data-wp-on-window--resize=\"callbacks.setButtonStyles\" src=\"https:\/\/loudavymkrokem.cz\/wp-content\/uploads\/2026\/07\/nonnberg-0.jpg\" alt=\"A benc\u00e9s Nonnberg-kolostor a salzburgi \u00f3v\u00e1ros f\u00f6l\u00f6tt\" class=\"wp-image-350708\" title=\"\" srcset=\"https:\/\/loudavymkrokem.cz\/wp-content\/uploads\/2026\/07\/nonnberg-0.jpg 1280w, https:\/\/loudavymkrokem.cz\/wp-content\/uploads\/2026\/07\/nonnberg-0-200x300.jpg 200w, https:\/\/loudavymkrokem.cz\/wp-content\/uploads\/2026\/07\/nonnberg-0-700x1052.jpg 700w, https:\/\/loudavymkrokem.cz\/wp-content\/uploads\/2026\/07\/nonnberg-0-768x1154.jpg 768w, https:\/\/loudavymkrokem.cz\/wp-content\/uploads\/2026\/07\/nonnberg-0-1022x1536.jpg 1022w, https:\/\/loudavymkrokem.cz\/wp-content\/uploads\/2026\/07\/nonnberg-0-696x1046.jpg 696w\" sizes=\"(max-width: 1280px) 100vw, 1280px\" \/><button\n\t\t\tclass=\"lightbox-trigger\"\n\t\t\ttype=\"button\"\n\t\t\taria-haspopup=\"dialog\"\n\t\t\tdata-wp-bind--aria-label=\"state.thisImage.triggerButtonAriaLabel\"\n\t\t\tdata-wp-init=\"callbacks.initTriggerButton\"\n\t\t\tdata-wp-on--click=\"actions.showLightbox\"\n\t\t\tdata-wp-style--right=\"state.thisImage.buttonRight\"\n\t\t\tdata-wp-style--top=\"state.thisImage.buttonTop\"\n\t\t>\n\t\t\t<svg xmlns=\"http:\/\/www.w3.org\/2000\/svg\" width=\"12\" height=\"12\" fill=\"none\" viewBox=\"0 0 12 12\">\n\t\t\t\t<path fill=\"#fff\" d=\"M2 0a2 2 0 0 0-2 2v2h1.5V2a.5.5 0 0 1 .5-.5h2V0H2Zm2 10.5H2a.5.5 0 0 1-.5-.5V8H0v2a2 2 0 0 0 2 2h2v-1.5ZM8 12v-1.5h2a.5.5 0 0 0 .5-.5V8H12v2a2 2 0 0 1-2 2H8Zm2-12a2 2 0 0 1 2 2v2h-1.5V2a.5.5 0 0 0-.5-.5H8V0h2Z\" \/>\n\t\t\t<\/svg>\n\t\t<\/button><figcaption class=\"wp-element-caption\">Fot\u00f3: Isiwal, CC BY-SA 4.0, Wikimedia Commons<\/figcaption><\/figure>\n\n\n\n<h3 class=\"wp-block-heading\"><span class=\"ez-toc-section\" id=\"2_A_Nonnberg-kolostor_es_Maria_valodi_elete\"><\/span>2. A Nonnberg-kolostor \u00e9s Maria val\u00f3di \u00e9lete<span class=\"ez-toc-section-end\"><\/span><\/h3>\n\n\n\n<p class=\"wp-block-paragraph\">A szikl\u00e1n az \u00f3v\u00e1ros f\u00f6l\u00f6tt \u00e1ll\u00f3 benc\u00e9s kolostor a <strong>n\u00e9met nyelvter\u00fclet legr\u00e9gebbi n\u0151i kolostora<\/strong>. \u00c9ppen ide \u00e9rkezett a fiatal Maria ap\u00e1cajel\u00f6ltk\u00e9nt, \u00e9s innen k\u00fcldt\u00e9k a von Trapp csal\u00e1dhoz, hogy vigy\u00e1zzon a gyerekekre. E hely hangulata teljesen mag\u00e1val ragad\u00f3, \u00e9s \u00e9vsz\u00e1zados t\u00f6rt\u00e9nelmet lehel r\u00e1d. Ha kora reggel \u00e9rsz oda, van es\u00e9lyed elcs\u00edpni a reggeli mis\u00e9t, amelyr\u0151l a helyi ap\u00e1c\u00e1k \u00e9neke hallatszik, \u00e9s ez olyan \u00e9lm\u00e9ny, amelyet nem egyhamar felejtesz el.<\/p>\n\n\n\n<p class=\"wp-block-paragraph\">A l\u00e1togat\u00e1skor rendk\u00edv\u00fcl fontos szem el\u0151tt tartani, hogy ez <strong>nem valamif\u00e9le filmes attrakci\u00f3, hanem az ap\u00e1c\u00e1k val\u00f3di otthona<\/strong>. Csak a fest\u0151i udvar \u00e9s a gy\u00f6ny\u00f6r\u0171, \u0151si k\u00e1polna l\u00e1togathat\u00f3, m\u00edg a hatalmas komplexum t\u00f6bbi r\u00e9sze z\u00e1rt ajt\u00f3k m\u00f6g\u00f6tt marad. A mis\u00e9kr\u0151l sz\u00f3l\u00f3 hivatalos inform\u00e1ci\u00f3kat a <a href=\"https:\/\/www.stiftnonnberg.at\" target=\"_blank\" rel=\"nofollow noopener\">Nonnberg-kolostor hivatalos oldal\u00e1n<\/a> tal\u00e1lod, amelyet a l\u00e1togat\u00e1s el\u0151tt \u00e9rdemes megn\u00e9zni.<\/p>\n\n\n\n<p class=\"wp-block-paragraph\">A kapukhoz vezet\u0151 felfel\u00e9 \u00fat alaposan megdolgoztat, mert <strong>gyalog kell nekiv\u00e1gnod a meredek l\u00e9pcs\u0151knek az \u00f3v\u00e1rosb\u00f3l<\/strong>. A kolostor el\u0151tti teraszr\u00f3l Salzburg d\u00e9li r\u00e9sz\u00e9re \u00e9s a h\u00f3f\u00f6dte alpesi cs\u00facsokra ny\u00edl\u00f3 kil\u00e1t\u00e1s azonban b\u0151ven k\u00e1rp\u00f3tol a f\u00e1radoz\u00e1s\u00e9rt. Bel\u00e9p\u0151d\u00edjat itt nem kell fizetni, ann\u00e1l ink\u00e1bb elv\u00e1rt a hely szents\u00e9g\u00e9nek tisztelete.<\/p>\n\n\n\n<p class=\"wp-block-paragraph\">\ud83d\udca1 Tipp: Gondolj a megfelel\u0151 \u00f6lt\u00f6z\u00e9kre, mert <strong>a k\u00e1poln\u00e1ba nem engednek be fedetlen v\u00e1llal vagy t\u00fal r\u00f6vid nadr\u00e1gban<\/strong>. Mindig j\u00f3, ha van n\u00e1lad egy kend\u0151, amellyel bel\u00e9p\u00e9s el\u0151tt betakarhatod magad, hogy ne zavard a helyi k\u00f6z\u00f6ss\u00e9g nyugalm\u00e1t.<\/p>\n\n\n\n<figure data-wp-context=\"{&quot;imageId&quot;:&quot;6a96697ab7318&quot;}\" data-wp-interactive=\"core\/image\" data-wp-key=\"6a96697ab7318\" class=\"wp-block-image size-full wp-lightbox-container\"><img decoding=\"async\" width=\"1280\" height=\"853\" data-wp-class--hide=\"state.isContentHidden\" data-wp-class--show=\"state.isContentVisible\" data-wp-init=\"callbacks.setButtonStyles\" data-wp-on--click=\"actions.showLightbox\" data-wp-on--load=\"callbacks.setButtonStyles\" data-wp-on--pointerdown=\"actions.preloadImage\" data-wp-on--pointerenter=\"actions.preloadImageWithDelay\" data-wp-on--pointerleave=\"actions.cancelPreload\" data-wp-on-window--resize=\"callbacks.setButtonStyles\" src=\"https:\/\/loudavymkrokem.cz\/wp-content\/uploads\/2026\/07\/gazebo-0.jpg\" alt=\"Az \u00fcvegpavilon A muzsika hangja filmb\u0151l a Hellbrunn parkban\" class=\"wp-image-350714\" title=\"\" srcset=\"https:\/\/loudavymkrokem.cz\/wp-content\/uploads\/2026\/07\/gazebo-0.jpg 1280w, https:\/\/loudavymkrokem.cz\/wp-content\/uploads\/2026\/07\/gazebo-0-300x200.jpg 300w, https:\/\/loudavymkrokem.cz\/wp-content\/uploads\/2026\/07\/gazebo-0-700x466.jpg 700w, https:\/\/loudavymkrokem.cz\/wp-content\/uploads\/2026\/07\/gazebo-0-768x512.jpg 768w, https:\/\/loudavymkrokem.cz\/wp-content\/uploads\/2026\/07\/gazebo-0-696x464.jpg 696w\" sizes=\"(max-width: 1280px) 100vw, 1280px\" \/><button\n\t\t\tclass=\"lightbox-trigger\"\n\t\t\ttype=\"button\"\n\t\t\taria-haspopup=\"dialog\"\n\t\t\tdata-wp-bind--aria-label=\"state.thisImage.triggerButtonAriaLabel\"\n\t\t\tdata-wp-init=\"callbacks.initTriggerButton\"\n\t\t\tdata-wp-on--click=\"actions.showLightbox\"\n\t\t\tdata-wp-style--right=\"state.thisImage.buttonRight\"\n\t\t\tdata-wp-style--top=\"state.thisImage.buttonTop\"\n\t\t>\n\t\t\t<svg xmlns=\"http:\/\/www.w3.org\/2000\/svg\" width=\"12\" height=\"12\" fill=\"none\" viewBox=\"0 0 12 12\">\n\t\t\t\t<path fill=\"#fff\" d=\"M2 0a2 2 0 0 0-2 2v2h1.5V2a.5.5 0 0 1 .5-.5h2V0H2Zm2 10.5H2a.5.5 0 0 1-.5-.5V8H0v2a2 2 0 0 0 2 2h2v-1.5ZM8 12v-1.5h2a.5.5 0 0 0 .5-.5V8H12v2a2 2 0 0 1-2 2H8Zm2-12a2 2 0 0 1 2 2v2h-1.5V2a.5.5 0 0 0-.5-.5H8V0h2Z\" \/>\n\t\t\t<\/svg>\n\t\t<\/button><figcaption class=\"wp-element-caption\">Fot\u00f3: Bede735, CC BY-SA 4.0, Wikimedia Commons<\/figcaption><\/figure>\n\n\n\n<h3 class=\"wp-block-heading\"><span class=\"ez-toc-section\" id=\"3_A_pavilon_a_Sixteen_Going_on_Seventeen_dalbol\"><\/span>3. A pavilon a Sixteen Going on Seventeen dalb\u00f3l<span class=\"ez-toc-section-end\"><\/span><\/h3>\n\n\n\n<p class=\"wp-block-paragraph\">A h\u00edres \u00fcvegpavilon, amelyben Liesl \u00e9s Rolf az es\u0151ben t\u00e1ncoltak, sok rajong\u00f3 sz\u00e1m\u00e1ra a l\u00e1togat\u00e1s abszol\u00fat cs\u00facspontja. Eredetileg a Leopoldskron-kast\u00e9ly ter\u00fclet\u00e9n, a t\u00f3 mellett \u00e1llt, de a hatalmas turista\u00e1radat miatt <strong>nyugodtabb helyre kellett k\u00f6lt\u00f6ztetni<\/strong>. Ma egy hatalmas nyilv\u00e1nos parkban tal\u00e1lod, k\u00f6zvetlen\u00fcl a Hellbrunn-kast\u00e9ly mellett, a v\u00e1ros d\u00e9li sz\u00e9l\u00e9n. A pavilon k\u00f6rny\u00e9k\u00e9t z\u00f6ld veszi k\u00f6r\u00fcl, \u00e9s t\u00f6k\u00e9letes kompoz\u00edci\u00f3t k\u00edn\u00e1l a fot\u00f3idhoz.<\/p>\n\n\n\n<p class=\"wp-block-paragraph\">Ennek az ikonikus pavilonnak a szomsz\u00e9ds\u00e1g\u00e1ban nemr\u00e9g <strong>\u00faj multim\u00e9di\u00e1s m\u00fazeum ny\u00edlt, amely a film forgat\u00e1s\u00e1nak \u00e1ll\u00edt eml\u00e9ket<\/strong>. Rengeteg \u00e9rdekes kell\u00e9kkel, interakt\u00edv ki\u00e1ll\u00edt\u00e1ssal \u00e9s kulisszatitokkal tal\u00e1lkozol majd benne, amelyek minden rajong\u00f3nak \u00f6r\u00f6met szereznek. Leny\u0171g\u00f6z\u0151 l\u00e1tni, mennyi munk\u00e1ba ker\u00fclt egy es\u0151s \u00e9jszaka ill\u00fazi\u00f3j\u00e1nak megteremt\u00e9se, mik\u00f6zben a val\u00f3s\u00e1gban meleg ny\u00e1ri napon forgattak.<\/p>\n\n\n\n<p class=\"wp-block-paragraph\">Sajnos egy szomor\u00fa h\u00edrt is hozz\u00e1 kell tennem: a pavilon belsej\u00e9be biztons\u00e1gi okokb\u00f3l nem lehet bemenni, mert \u00e9vekkel ezel\u0151tt egy l\u00e1togat\u00f3 megpr\u00f3b\u00e1lta ut\u00e1nozni a padokon ugr\u00e1l\u00f3 t\u00e1ncot, cs\u00fany\u00e1n megs\u00e9r\u00fclt, \u00e9s a v\u00e1ros ink\u00e1bb bez\u00e1rta. Ma teh\u00e1t csak k\u00edv\u00fclr\u0151l n\u00e9zheted meg \u00e9s fot\u00f3zhatod le.<\/p>\n\n\n\n<p class=\"wp-block-paragraph\">\ud83d\udca1 Tipp: B\u00e1r nem mehetsz be, <strong>a Hellbrunn melletti park ingyenesen l\u00e1togathat\u00f3<\/strong>, \u00e9s el\u00e9g helyet k\u00edn\u00e1l ahhoz, hogy sz\u00e9p fot\u00f3kat k\u00e9sz\u00edts a pavilonn\u00e1l idegen emberek t\u00f6mege n\u00e9lk\u00fcl. Ide\u00e1lis \u00f6sszek\u00f6tni a l\u00e1togat\u00e1st a k\u00f6zeli v\u00edzi j\u00e1t\u00e9kok megtekint\u00e9s\u00e9vel.<\/p>\n\n\n\n<figure data-wp-context=\"{&quot;imageId&quot;:&quot;6a96697ab7824&quot;}\" data-wp-interactive=\"core\/image\" data-wp-key=\"6a96697ab7824\" class=\"wp-block-image size-full wp-lightbox-container\"><img decoding=\"async\" width=\"1280\" height=\"933\" data-wp-class--hide=\"state.isContentHidden\" data-wp-class--show=\"state.isContentVisible\" data-wp-init=\"callbacks.setButtonStyles\" data-wp-on--click=\"actions.showLightbox\" data-wp-on--load=\"callbacks.setButtonStyles\" data-wp-on--pointerdown=\"actions.preloadImage\" data-wp-on--pointerenter=\"actions.preloadImageWithDelay\" data-wp-on--pointerleave=\"actions.cancelPreload\" data-wp-on-window--resize=\"callbacks.setButtonStyles\" src=\"https:\/\/loudavymkrokem.cz\/wp-content\/uploads\/2026\/07\/hellbrunn-2.jpg\" alt=\"Tr\u00fckk\u00f6s v\u00edzi sz\u00f6k\u0151kutak a Hellbrunn kast\u00e9lyparkban\" class=\"wp-image-350719\" title=\"\" srcset=\"https:\/\/loudavymkrokem.cz\/wp-content\/uploads\/2026\/07\/hellbrunn-2.jpg 1280w, https:\/\/loudavymkrokem.cz\/wp-content\/uploads\/2026\/07\/hellbrunn-2-300x219.jpg 300w, https:\/\/loudavymkrokem.cz\/wp-content\/uploads\/2026\/07\/hellbrunn-2-700x510.jpg 700w, https:\/\/loudavymkrokem.cz\/wp-content\/uploads\/2026\/07\/hellbrunn-2-768x560.jpg 768w, https:\/\/loudavymkrokem.cz\/wp-content\/uploads\/2026\/07\/hellbrunn-2-696x507.jpg 696w\" sizes=\"(max-width: 1280px) 100vw, 1280px\" \/><button\n\t\t\tclass=\"lightbox-trigger\"\n\t\t\ttype=\"button\"\n\t\t\taria-haspopup=\"dialog\"\n\t\t\tdata-wp-bind--aria-label=\"state.thisImage.triggerButtonAriaLabel\"\n\t\t\tdata-wp-init=\"callbacks.initTriggerButton\"\n\t\t\tdata-wp-on--click=\"actions.showLightbox\"\n\t\t\tdata-wp-style--right=\"state.thisImage.buttonRight\"\n\t\t\tdata-wp-style--top=\"state.thisImage.buttonTop\"\n\t\t>\n\t\t\t<svg xmlns=\"http:\/\/www.w3.org\/2000\/svg\" width=\"12\" height=\"12\" fill=\"none\" viewBox=\"0 0 12 12\">\n\t\t\t\t<path fill=\"#fff\" d=\"M2 0a2 2 0 0 0-2 2v2h1.5V2a.5.5 0 0 1 .5-.5h2V0H2Zm2 10.5H2a.5.5 0 0 1-.5-.5V8H0v2a2 2 0 0 0 2 2h2v-1.5ZM8 12v-1.5h2a.5.5 0 0 0 .5-.5V8H12v2a2 2 0 0 1-2 2H8Zm2-12a2 2 0 0 1 2 2v2h-1.5V2a.5.5 0 0 0-.5-.5H8V0h2Z\" \/>\n\t\t\t<\/svg>\n\t\t<\/button><figcaption class=\"wp-element-caption\">Fot\u00f3: Zairon, CC BY-SA 4.0, Wikimedia Commons<\/figcaption><\/figure>\n\n\n\n<h3 class=\"wp-block-heading\"><span class=\"ez-toc-section\" id=\"4_A_Hellbrunn-kastely_es_trukkos_szokokutjai\"><\/span>4. A Hellbrunn-kast\u00e9ly \u00e9s tr\u00fckk\u00f6s sz\u00f6k\u0151k\u00fatjai<span class=\"ez-toc-section-end\"><\/span><\/h3>\n\n\n\n<p class=\"wp-block-paragraph\">Ha m\u00e1r a pavilonn\u00e1l j\u00e1rsz, semmik\u00e9pp ne hagyd ki mag\u00e1t a <strong>barokk Hellbrunn-kast\u00e9lyt \u00e9s h\u00edres v\u00edzi j\u00e1t\u00e9kait<\/strong>. Ezt a ny\u00e1ri palot\u00e1t a salzburgi \u00e9rsek \u00e9p\u00edttette egy\u00e9rtelm\u0171 c\u00e9llal: sz\u00f3rakozni \u00e9s meglepni akarta a vend\u00e9geit. A film forgat\u00e1sa alatt a gyereksz\u00edn\u00e9szek sok id\u0151t t\u00f6lt\u00f6ttek itt, \u00e9s a szemtan\u00fak szerint alaposan hanc\u00faroztak a sz\u00f6k\u0151kutak k\u00f6z\u00f6tt.<\/p>\n\n\n\n<p class=\"wp-block-paragraph\">A f\u0151 l\u00e1tv\u00e1nyoss\u00e1got k\u00e9ts\u00e9gtelen\u00fcl a <strong>tr\u00fckk\u00f6s sz\u00f6k\u0151kutak jelentik, amelyek m\u00e1r t\u00f6bb mint 400 \u00e9ve megb\u00edzhat\u00f3an m\u0171k\u00f6dnek<\/strong>. A vezetett t\u00fara sor\u00e1n az idegenvezet\u0151 v\u00e9gigvezet a rejtett f\u00fav\u00f3k\u00e1kkal, mechanikus sz\u00ednh\u00e1zakkal \u00e9s v\u00edzi tr\u00e9f\u00e1kkal teli kerten. A v\u00edz k\u0151szarvasokb\u00f3l, l\u00e9pcs\u0151kb\u0151l \u00e9s a j\u00e1rda \u00e9szrev\u00e9tlen lyukaib\u00f3l is fr\u00f6ccsen. A t\u00fara alig egy \u00f3r\u00e1ig tart, \u00e9s hihetetlen sz\u00f3rakoz\u00e1s feln\u0151tteknek \u00e9s gyerekeknek egyar\u00e1nt.<\/p>\n\n\n\n<p class=\"wp-block-paragraph\">Az aktu\u00e1lis nyitvatart\u00e1st \u00e9s a jegy\u00e1rakat k\u00f6zvetlen\u00fcl a <a href=\"https:\/\/www.hellbrunn.at\" target=\"_blank\" rel=\"nofollow noopener\">Hellbrunn-kast\u00e9ly oldal\u00e1n<\/a> ellen\u0151rizheted. A jegy mag\u00e1ban foglalja mind a v\u00edzi j\u00e1t\u00e9kokat, mind mag\u00e1nak a palot\u00e1nak \u00e9s a hatalmas parknak a megtekint\u00e9s\u00e9t. Sz\u00e1molj azzal, hogy a v\u00edzi j\u00e1t\u00e9kok <strong>csak szezon\u00e1lisan, \u00e1prilist\u00f3l november elej\u00e9ig m\u0171k\u00f6dnek<\/strong>.<\/p>\n\n\n\n<p class=\"wp-block-paragraph\">\ud83d\udca1 Tipp: Ha nem akarsz teljesen el\u00e1zni a sz\u00f6k\u0151kutak megtekint\u00e9se k\u00f6zben, <strong>figyeld j\u00f3l, hov\u00e1 l\u00e9p az idegenvezet\u0151<\/strong>. \u0150 pontosan tudja, hol vannak a rejtett f\u00fav\u00f3k\u00e1k, \u00e9s mindig az egyetlen biztons\u00e1gos helyre \u00e1ll. \u00cdgy is ink\u00e1bb rejtsd el a f\u00e9nyk\u00e9pez\u0151g\u00e9peket \u00e9s a telefonokat.<\/p>\n\n\n\n<figure data-wp-context=\"{&quot;imageId&quot;:&quot;6a96697ab7ebe&quot;}\" data-wp-interactive=\"core\/image\" data-wp-key=\"6a96697ab7ebe\" class=\"wp-block-image size-full wp-lightbox-container\"><img decoding=\"async\" width=\"1280\" height=\"853\" data-wp-class--hide=\"state.isContentHidden\" data-wp-class--show=\"state.isContentVisible\" data-wp-init=\"callbacks.setButtonStyles\" data-wp-on--click=\"actions.showLightbox\" data-wp-on--load=\"callbacks.setButtonStyles\" data-wp-on--pointerdown=\"actions.preloadImage\" data-wp-on--pointerenter=\"actions.preloadImageWithDelay\" data-wp-on--pointerleave=\"actions.cancelPreload\" data-wp-on-window--resize=\"callbacks.setButtonStyles\" src=\"https:\/\/loudavymkrokem.cz\/wp-content\/uploads\/2026\/07\/leopoldskron-2.jpg\" alt=\"A Leopoldskron-kast\u00e9ly a Leopoldskroner Weiher t\u00f3 f\u00f6l\u00f6tt\" class=\"wp-image-350726\" title=\"\" srcset=\"https:\/\/loudavymkrokem.cz\/wp-content\/uploads\/2026\/07\/leopoldskron-2.jpg 1280w, https:\/\/loudavymkrokem.cz\/wp-content\/uploads\/2026\/07\/leopoldskron-2-300x200.jpg 300w, https:\/\/loudavymkrokem.cz\/wp-content\/uploads\/2026\/07\/leopoldskron-2-700x466.jpg 700w, https:\/\/loudavymkrokem.cz\/wp-content\/uploads\/2026\/07\/leopoldskron-2-768x512.jpg 768w, https:\/\/loudavymkrokem.cz\/wp-content\/uploads\/2026\/07\/leopoldskron-2-696x464.jpg 696w\" sizes=\"(max-width: 1280px) 100vw, 1280px\" \/><button\n\t\t\tclass=\"lightbox-trigger\"\n\t\t\ttype=\"button\"\n\t\t\taria-haspopup=\"dialog\"\n\t\t\tdata-wp-bind--aria-label=\"state.thisImage.triggerButtonAriaLabel\"\n\t\t\tdata-wp-init=\"callbacks.initTriggerButton\"\n\t\t\tdata-wp-on--click=\"actions.showLightbox\"\n\t\t\tdata-wp-style--right=\"state.thisImage.buttonRight\"\n\t\t\tdata-wp-style--top=\"state.thisImage.buttonTop\"\n\t\t>\n\t\t\t<svg xmlns=\"http:\/\/www.w3.org\/2000\/svg\" width=\"12\" height=\"12\" fill=\"none\" viewBox=\"0 0 12 12\">\n\t\t\t\t<path fill=\"#fff\" d=\"M2 0a2 2 0 0 0-2 2v2h1.5V2a.5.5 0 0 1 .5-.5h2V0H2Zm2 10.5H2a.5.5 0 0 1-.5-.5V8H0v2a2 2 0 0 0 2 2h2v-1.5ZM8 12v-1.5h2a.5.5 0 0 0 .5-.5V8H12v2a2 2 0 0 1-2 2H8Zm2-12a2 2 0 0 1 2 2v2h-1.5V2a.5.5 0 0 0-.5-.5H8V0h2Z\" \/>\n\t\t\t<\/svg>\n\t\t<\/button><figcaption class=\"wp-element-caption\">Fot\u00f3: ManfredK, CC BY-SA 4.0, Wikimedia Commons<\/figcaption><\/figure>\n\n\n\n<h3 class=\"wp-block-heading\"><span class=\"ez-toc-section\" id=\"5_A_Schloss_Leopoldskron_es_a_toparti_jelenetek\"><\/span>5. A Schloss Leopoldskron \u00e9s a t\u00f3parti jelenetek<span class=\"ez-toc-section-end\"><\/span><\/h3>\n\n\n\n<p class=\"wp-block-paragraph\">Ez a fens\u00e9ges kast\u00e9ly a filmesek sz\u00e1m\u00e1ra a <strong>von Trapp csal\u00e1d vill\u00e1j\u00e1nak h\u00e1ts\u00f3 oldalak\u00e9nt<\/strong> szolg\u00e1lt. \u00c9ppen itt tal\u00e1lhat\u00f3 a h\u00edres terasz, amelyr\u0151l a gyerekek Mari\u00e1val a v\u00edzbe estek a cs\u00f3nakb\u00f3l, mik\u00f6zben a b\u00e1r\u00f3t pr\u00f3b\u00e1lt\u00e1k \u00fcdv\u00f6z\u00f6lni. Eredetileg enn\u00e9l a t\u00f3n\u00e1l \u00e1llt a h\u00edres pavilon is, miel\u0151tt a v\u00e1ros ink\u00e1bb elk\u00f6lt\u00f6ztette volna. A kast\u00e9ly l\u00e1tv\u00e1nya a t\u00f3 nyugodt t\u00fckr\u00e9vel \u00e9s a h\u00e1tt\u00e9rben az alpesi cs\u00facsokkal teljesen l\u00e9legzetel\u00e1ll\u00edt\u00f3.<\/p>\n\n\n\n<p class=\"wp-block-paragraph\">A kast\u00e9ly ma <strong>luxussz\u00e1lloda \u00e9s konferenciak\u00f6zpont<\/strong>. T\u00f6bb tucat szob\u00e1t k\u00edn\u00e1l a szomsz\u00e9dos Meierhof mell\u00e9k\u00e9p\u00fcletben, valamint tizenk\u00e9t exkluz\u00edv lakoszt\u00e1lyt k\u00f6zvetlen\u00fcl a t\u00f6rt\u00e9nelmi palot\u00e1ban. A t\u00e1j\u00e9koz\u00f3d\u00e1st seg\u00edt\u0151 \u00e1rak k\u00e9t\u00e1gyas szob\u00e1\u00e9rt a holtszezonban 399 eur\u00f3t\u00f3l indulnak, m\u00edg egy \u00e9jszak\u00e1\u00e9rt k\u00f6zvetlen\u00fcl a palot\u00e1ban k\u00f6r\u00fclbel\u00fcl 600 eur\u00f3t fizetsz. Ha itt sz\u00e1llsz meg, bejutsz a gy\u00f6ny\u00f6r\u0171 Max Reinhardt-k\u00f6nyvt\u00e1rba, amely er\u0151sen ihlette a film bels\u0151 tereit.<\/p>\n\n\n\n<p class=\"wp-block-paragraph\">Minden utaz\u00f3 sz\u00e1m\u00e1ra az az alapvet\u0151 inform\u00e1ci\u00f3, hogy <strong>\u00e9rv\u00e9nyes sz\u00e1ll\u00e1sfoglal\u00e1s vagy megfizetett rendezv\u00e9ny n\u00e9lk\u00fcl nem jutsz be<\/strong>. A kast\u00e9ly egyszer\u0171en nem szokv\u00e1nyos nyilv\u00e1nos l\u00e1tv\u00e1nyoss\u00e1g. A sz\u00e1ll\u00e1si lehet\u0151s\u00e9gek r\u00e9szleteit a <a href=\"https:\/\/www.schloss-leopoldskron.com\" target=\"_blank\" rel=\"nofollow noopener\">Schloss Leopoldskron oldal\u00e1n<\/a> tal\u00e1lod. Ha nem itt alszol, meg kell el\u00e9gedned a t\u00f3 t\u00falpartj\u00e1r\u00f3l ny\u00edl\u00f3 l\u00e1tv\u00e1nnyal.<\/p>\n\n\n\n<p class=\"wp-block-paragraph\">\ud83d\udca1 Tipp: M\u00e9g ha nem is vagy sz\u00e1llodai vend\u00e9g, s\u00e9t\u00e1lhatsz a Leopoldskroner Weiher t\u00f3 k\u00f6r\u00fcli nyilv\u00e1nos \u00f6sv\u00e9nyen. <strong>A t\u00falpartr\u00f3l k\u00e9sz\u00edted a legjobb fot\u00f3kat a kast\u00e9lyr\u00f3l<\/strong> a h\u00e1tt\u00e9rben a hegyekkel, m\u00e9ghozz\u00e1 teljesen ingyen.<\/p>\n\n\n\n<figure data-wp-context=\"{&quot;imageId&quot;:&quot;6a96697ab8496&quot;}\" data-wp-interactive=\"core\/image\" data-wp-key=\"6a96697ab8496\" class=\"wp-block-image size-full wp-lightbox-container\"><img decoding=\"async\" width=\"1280\" height=\"1071\" data-wp-class--hide=\"state.isContentHidden\" data-wp-class--show=\"state.isContentVisible\" data-wp-init=\"callbacks.setButtonStyles\" data-wp-on--click=\"actions.showLightbox\" data-wp-on--load=\"callbacks.setButtonStyles\" data-wp-on--pointerdown=\"actions.preloadImage\" data-wp-on--pointerenter=\"actions.preloadImageWithDelay\" data-wp-on--pointerleave=\"actions.cancelPreload\" data-wp-on-window--resize=\"callbacks.setButtonStyles\" src=\"https:\/\/loudavymkrokem.cz\/wp-content\/uploads\/2026\/07\/frohnburg-1.jpg\" alt=\"A Frohnburg-kast\u00e9ly homlokzata, a von Trapp-villa filmes fasadja\" class=\"wp-image-350731\" title=\"\" srcset=\"https:\/\/loudavymkrokem.cz\/wp-content\/uploads\/2026\/07\/frohnburg-1.jpg 1280w, https:\/\/loudavymkrokem.cz\/wp-content\/uploads\/2026\/07\/frohnburg-1-300x251.jpg 300w, https:\/\/loudavymkrokem.cz\/wp-content\/uploads\/2026\/07\/frohnburg-1-700x586.jpg 700w, https:\/\/loudavymkrokem.cz\/wp-content\/uploads\/2026\/07\/frohnburg-1-768x643.jpg 768w, https:\/\/loudavymkrokem.cz\/wp-content\/uploads\/2026\/07\/frohnburg-1-696x582.jpg 696w\" sizes=\"(max-width: 1280px) 100vw, 1280px\" \/><button\n\t\t\tclass=\"lightbox-trigger\"\n\t\t\ttype=\"button\"\n\t\t\taria-haspopup=\"dialog\"\n\t\t\tdata-wp-bind--aria-label=\"state.thisImage.triggerButtonAriaLabel\"\n\t\t\tdata-wp-init=\"callbacks.initTriggerButton\"\n\t\t\tdata-wp-on--click=\"actions.showLightbox\"\n\t\t\tdata-wp-style--right=\"state.thisImage.buttonRight\"\n\t\t\tdata-wp-style--top=\"state.thisImage.buttonTop\"\n\t\t>\n\t\t\t<svg xmlns=\"http:\/\/www.w3.org\/2000\/svg\" width=\"12\" height=\"12\" fill=\"none\" viewBox=\"0 0 12 12\">\n\t\t\t\t<path fill=\"#fff\" d=\"M2 0a2 2 0 0 0-2 2v2h1.5V2a.5.5 0 0 1 .5-.5h2V0H2Zm2 10.5H2a.5.5 0 0 1-.5-.5V8H0v2a2 2 0 0 0 2 2h2v-1.5ZM8 12v-1.5h2a.5.5 0 0 0 .5-.5V8H12v2a2 2 0 0 1-2 2H8Zm2-12a2 2 0 0 1 2 2v2h-1.5V2a.5.5 0 0 0-.5-.5H8V0h2Z\" \/>\n\t\t\t<\/svg>\n\t\t<\/button><figcaption class=\"wp-element-caption\">Fot\u00f3: Erge123 (talk), CC BY-SA 3.0 at, Wikimedia Commons<\/figcaption><\/figure>\n\n\n\n<h3 class=\"wp-block-heading\"><span class=\"ez-toc-section\" id=\"6_A_Schloss_Frohnburg_es_a_villa_filmes_homlokzata\"><\/span>6. A Schloss Frohnburg \u00e9s a villa filmes homlokzata<span class=\"ez-toc-section-end\"><\/span><\/h3>\n\n\n\n<p class=\"wp-block-paragraph\">Ha Leopoldskron a h\u00e1z h\u00e1ts\u00f3 r\u00e9sz\u00e9t k\u00e9pviselte, akkor a <strong>17. sz\u00e1zadi Schloss Frohnburg szolg\u00e1lt az el\u00fcls\u0151 homlokzatk\u00e9nt<\/strong>. Itt forgatt\u00e1k a nagy kov\u00e1csoltvas kapuval a jeleneteket, amelyhez Maria el\u0151sz\u00f6r \u00e9rkezik git\u00e1rral a kez\u00e9ben, \u00e9s az I Have Confidence c\u00edm\u0171 dalt \u00e9nekli. Szint\u00e9n itt tolja titokban a csal\u00e1d az aut\u00f3t, mik\u00f6zben az izgalmas esti sz\u00f6k\u00e9s sor\u00e1n megpr\u00f3b\u00e1l elmenek\u00fclni a n\u00e1cik el\u0151l.<\/p>\n\n\n\n<p class=\"wp-block-paragraph\">Ez a kis kast\u00e9ly a k\u00f6zponthoz k\u00f6zeli, nyugodt lak\u00f3negyedben fekszik. Ma a termeiben a <strong>Mozarteum zeneegyetem m\u0171k\u00f6dik, \u00e9s di\u00e1kkoll\u00e9giumk\u00e9nt szolg\u00e1l<\/strong>. Ez\u00e9rt az \u00e9p\u00fclet belseje \u00e9s a mellette l\u00e9v\u0151 kert a nyilv\u00e1noss\u00e1g el\u0151l \u00e1ltal\u00e1ban teljesen z\u00e1rva van. \u00cdgy meg kell el\u00e9gedned puszt\u00e1n a f\u0151utc\u00e1r\u00f3l ny\u00edl\u00f3 l\u00e1tv\u00e1nnyal.<\/p>\n\n\n\n<p class=\"wp-block-paragraph\">A kast\u00e9lyhoz vezet\u0151 \u00fat nagyon kellemes, egy <strong>gy\u00f6ny\u00f6r\u0171 gesztenyefasor, a Hellbrunner Allee<\/strong> vezet ide. Elindulhatsz ide gyalog vagy ker\u00e9kp\u00e1rral a k\u00f6zpontb\u00f3l a Hellbrunn-kast\u00e9ly fel\u00e9 menet. Remek hely egy gyors meg\u00e1ll\u00e1sra \u00e9s a h\u00edres kapu lefot\u00f3z\u00e1s\u00e1ra.<\/p>\n\n\n\n<p class=\"wp-block-paragraph\">\ud83d\udca1 Tipp: Pr\u00f3b\u00e1ld eltal\u00e1lni azt az id\u0151szakot, amikor a di\u00e1koknak nyitva van az ablakuk. Gyakran <strong>hallhatod, ahogy a leend\u0151 opera\u00e9nekesek vagy heged\u0171s\u00f6k gyakorolnak<\/strong>, ami a filmes helysz\u00edn l\u00e1togat\u00e1s\u00e1nak \u00fajabb gy\u00f6ny\u00f6r\u0171 zenei dimenzi\u00f3t ad.<\/p>\n\n\n\n<figure data-wp-context=\"{&quot;imageId&quot;:&quot;6a96697ab8a26&quot;}\" data-wp-interactive=\"core\/image\" data-wp-key=\"6a96697ab8a26\" class=\"wp-block-image size-full wp-lightbox-container\"><img decoding=\"async\" width=\"1280\" height=\"719\" data-wp-class--hide=\"state.isContentHidden\" data-wp-class--show=\"state.isContentVisible\" data-wp-init=\"callbacks.setButtonStyles\" data-wp-on--click=\"actions.showLightbox\" data-wp-on--load=\"callbacks.setButtonStyles\" data-wp-on--pointerdown=\"actions.preloadImage\" data-wp-on--pointerenter=\"actions.preloadImageWithDelay\" data-wp-on--pointerleave=\"actions.cancelPreload\" data-wp-on-window--resize=\"callbacks.setButtonStyles\" src=\"https:\/\/loudavymkrokem.cz\/wp-content\/uploads\/2026\/07\/leopoldskron-1.jpg\" alt=\"Salzburg alpesi panor\u00e1m\u00e1val a h\u00e1tt\u00e9rben\" class=\"wp-image-350739\" title=\"\" srcset=\"https:\/\/loudavymkrokem.cz\/wp-content\/uploads\/2026\/07\/leopoldskron-1.jpg 1280w, https:\/\/loudavymkrokem.cz\/wp-content\/uploads\/2026\/07\/leopoldskron-1-300x169.jpg 300w, https:\/\/loudavymkrokem.cz\/wp-content\/uploads\/2026\/07\/leopoldskron-1-700x393.jpg 700w, https:\/\/loudavymkrokem.cz\/wp-content\/uploads\/2026\/07\/leopoldskron-1-768x431.jpg 768w, https:\/\/loudavymkrokem.cz\/wp-content\/uploads\/2026\/07\/leopoldskron-1-696x391.jpg 696w\" sizes=\"(max-width: 1280px) 100vw, 1280px\" \/><button\n\t\t\tclass=\"lightbox-trigger\"\n\t\t\ttype=\"button\"\n\t\t\taria-haspopup=\"dialog\"\n\t\t\tdata-wp-bind--aria-label=\"state.thisImage.triggerButtonAriaLabel\"\n\t\t\tdata-wp-init=\"callbacks.initTriggerButton\"\n\t\t\tdata-wp-on--click=\"actions.showLightbox\"\n\t\t\tdata-wp-style--right=\"state.thisImage.buttonRight\"\n\t\t\tdata-wp-style--top=\"state.thisImage.buttonTop\"\n\t\t>\n\t\t\t<svg xmlns=\"http:\/\/www.w3.org\/2000\/svg\" width=\"12\" height=\"12\" fill=\"none\" viewBox=\"0 0 12 12\">\n\t\t\t\t<path fill=\"#fff\" d=\"M2 0a2 2 0 0 0-2 2v2h1.5V2a.5.5 0 0 1 .5-.5h2V0H2Zm2 10.5H2a.5.5 0 0 1-.5-.5V8H0v2a2 2 0 0 0 2 2h2v-1.5ZM8 12v-1.5h2a.5.5 0 0 0 .5-.5V8H12v2a2 2 0 0 1-2 2H8Zm2-12a2 2 0 0 1 2 2v2h-1.5V2a.5.5 0 0 0-.5-.5H8V0h2Z\" \/>\n\t\t\t<\/svg>\n\t\t<\/button><figcaption class=\"wp-element-caption\">Fot\u00f3: Arne M\u00fcseler, CC BY-SA 3.0 de, Wikimedia Commons<\/figcaption><\/figure>\n\n\n\n<h3 class=\"wp-block-heading\"><span class=\"ez-toc-section\" id=\"7_Villa_Trapp_Aigenben_a_csalad_valodi_otthona\"><\/span>7. Villa Trapp Aigenben: a csal\u00e1d val\u00f3di otthona<span class=\"ez-toc-section-end\"><\/span><\/h3>\n\n\n\n<p class=\"wp-block-paragraph\">M\u00edg a filmvilla hollywoodi ill\u00fazi\u00f3, a <strong>val\u00f3di Villa Trapp t\u00e9nyleg l\u00e9tezik, \u00e9s az aigeni v\u00e1rosr\u00e9szben \u00e1ll<\/strong>. Ebben a t\u00e1gas h\u00e1zban, nagy parkkal, \u00e9lt a val\u00f3di von Trapp csal\u00e1d 1923 \u00e9s 1938 k\u00f6z\u00f6tt. Az \u00e9p\u00fcletnek leny\u0171g\u00f6z\u0151 \u00e9s egyben s\u00f6t\u00e9t t\u00f6rt\u00e9nete van, mert a csal\u00e1d Amerik\u00e1ba sz\u00f6k\u00e9se ut\u00e1n a vill\u00e1t elfoglalta a n\u00e1ci f\u0151n\u00f6k, Heinrich Himmler, \u00e9s ny\u00e1ri rezidenci\u00e1t csin\u00e1lt bel\u0151le.<\/p>\n\n\n\n<p class=\"wp-block-paragraph\">A h\u00e1bor\u00fa v\u00e9g\u00e9t\u0151l eg\u00e9szen 2008-ig a villa szigor\u00faan z\u00e1rva volt a nyilv\u00e1noss\u00e1g el\u0151l. Azt\u00e1n <strong>butiksz\u00e1lloda<\/strong> lett bel\u0151le, ahol meg lehetett sz\u00e1llni a csal\u00e1d eredeti szob\u00e1iban, s\u0151t m\u00e9g abban a lakoszt\u00e1lyban is, ahol maga Maria Augusta von Trapp lakott, amikor fiatal nevel\u0151n\u0151k\u00e9nt a h\u00e1zba ker\u00fclt.<\/p>\n\n\n\n<p class=\"wp-block-paragraph\">\u26a0\ufe0f <strong>Az utaz\u00e1s el\u0151tt ellen\u0151rizd a nyitvatart\u00e1st.<\/strong> Az inform\u00e1ci\u00f3k jelenleg ellentmondanak: a foglal\u00e1si port\u00e1lok m\u00e9g mindig k\u00edn\u00e1lj\u00e1k a vill\u00e1t, m\u00e1s forr\u00e1sok viszont a nyilv\u00e1noss\u00e1g el\u0151l z\u00e1rtk\u00e9nt jel\u00f6lik. Ha kifejezetten emiatt tervezel utaz\u00e1st, \u00edrj el\u0151re k\u00f6zvetlen\u00fcl a tulajdonosoknak, \u00e9s ne hagyatkozz a port\u00e1lokra.<\/p>\n\n\n\n<p class=\"wp-block-paragraph\">A vill\u00e1hoz nagyon k\u00f6nnyen eljutsz, el\u00e9g felsz\u00e1llni a helyi vonatra, \u00e9s lesz\u00e1llni az Aigen meg\u00e1ll\u00f3n\u00e1l, amely k\u00f6zvetlen\u00fcl a park mellett fekszik. \u00c9ppen err\u0151l a kis meg\u00e1ll\u00f3r\u00f3l <strong>utazott a val\u00f3di csal\u00e1d vonattal Olaszorsz\u00e1gba<\/strong>, ami teljesen led\u00f6nti a h\u00f3f\u00f6dte hegyeken kereszt\u00fcli dr\u00e1mai \u00e9jszakai menetel\u00e9s filmes m\u00edtosz\u00e1t.<\/p>\n\n\n\n<p class=\"wp-block-paragraph\">\ud83d\udca1 Tipp: Ha nem akarsz k\u00f6zvetlen\u00fcl a sz\u00e1llod\u00e1ban megsz\u00e1llni, <strong>befizethetsz a h\u00e1z \u00e9s a park vezetett t\u00far\u00e1j\u00e1ra<\/strong>. Ezeket a t\u00far\u00e1kat rendszeresen tartj\u00e1k, \u00e9s hihetetlen r\u00e9szleteket tudsz meg rajtuk a csal\u00e1d val\u00f3di \u00e9let\u00e9r\u0151l, amelyek a filmbe egy\u00e1ltal\u00e1n nem ker\u00fcltek bele.<\/p>\n\n\n\n<figure data-wp-context=\"{&quot;imageId&quot;:&quot;6a96697ab90fc&quot;}\" data-wp-interactive=\"core\/image\" data-wp-key=\"6a96697ab90fc\" class=\"wp-block-image size-full wp-lightbox-container\"><img decoding=\"async\" width=\"1280\" height=\"853\" data-wp-class--hide=\"state.isContentHidden\" data-wp-class--show=\"state.isContentVisible\" data-wp-init=\"callbacks.setButtonStyles\" data-wp-on--click=\"actions.showLightbox\" data-wp-on--load=\"callbacks.setButtonStyles\" data-wp-on--pointerdown=\"actions.preloadImage\" data-wp-on--pointerenter=\"actions.preloadImageWithDelay\" data-wp-on--pointerleave=\"actions.cancelPreload\" data-wp-on-window--resize=\"callbacks.setButtonStyles\" src=\"https:\/\/loudavymkrokem.cz\/wp-content\/uploads\/2026\/07\/mondsee-0.jpg\" alt=\"A mondsee-i Szent Mih\u00e1ly-bazilika, ahol a filmes esk\u00fcv\u0151t forgatt\u00e1k\" class=\"wp-image-350749\" title=\"\" srcset=\"https:\/\/loudavymkrokem.cz\/wp-content\/uploads\/2026\/07\/mondsee-0.jpg 1280w, https:\/\/loudavymkrokem.cz\/wp-content\/uploads\/2026\/07\/mondsee-0-300x200.jpg 300w, https:\/\/loudavymkrokem.cz\/wp-content\/uploads\/2026\/07\/mondsee-0-700x466.jpg 700w, https:\/\/loudavymkrokem.cz\/wp-content\/uploads\/2026\/07\/mondsee-0-768x512.jpg 768w, https:\/\/loudavymkrokem.cz\/wp-content\/uploads\/2026\/07\/mondsee-0-696x464.jpg 696w\" sizes=\"(max-width: 1280px) 100vw, 1280px\" \/><button\n\t\t\tclass=\"lightbox-trigger\"\n\t\t\ttype=\"button\"\n\t\t\taria-haspopup=\"dialog\"\n\t\t\tdata-wp-bind--aria-label=\"state.thisImage.triggerButtonAriaLabel\"\n\t\t\tdata-wp-init=\"callbacks.initTriggerButton\"\n\t\t\tdata-wp-on--click=\"actions.showLightbox\"\n\t\t\tdata-wp-style--right=\"state.thisImage.buttonRight\"\n\t\t\tdata-wp-style--top=\"state.thisImage.buttonTop\"\n\t\t>\n\t\t\t<svg xmlns=\"http:\/\/www.w3.org\/2000\/svg\" width=\"12\" height=\"12\" fill=\"none\" viewBox=\"0 0 12 12\">\n\t\t\t\t<path fill=\"#fff\" d=\"M2 0a2 2 0 0 0-2 2v2h1.5V2a.5.5 0 0 1 .5-.5h2V0H2Zm2 10.5H2a.5.5 0 0 1-.5-.5V8H0v2a2 2 0 0 0 2 2h2v-1.5ZM8 12v-1.5h2a.5.5 0 0 0 .5-.5V8H12v2a2 2 0 0 1-2 2H8Zm2-12a2 2 0 0 1 2 2v2h-1.5V2a.5.5 0 0 0-.5-.5H8V0h2Z\" \/>\n\t\t\t<\/svg>\n\t\t<\/button><figcaption class=\"wp-element-caption\">Fot\u00f3: Thomas Ledl, CC BY-SA 4.0, Wikimedia Commons<\/figcaption><\/figure>\n\n\n\n<h3 class=\"wp-block-heading\"><span class=\"ez-toc-section\" id=\"8_A_mondsee-i_bazilika_es_a_hires_eskuvo\"><\/span>8. A mondsee-i bazilika \u00e9s a h\u00edres esk\u00fcv\u0151<span class=\"ez-toc-section-end\"><\/span><\/h3>\n\n\n\n<p class=\"wp-block-paragraph\">B\u00e1r a cselekm\u00e9ny nagy r\u00e9sze k\u00f6zvetlen\u00fcl Salzburgban j\u00e1tsz\u00f3dik, a romantikus esk\u00fcv\u0151i jelenet forgat\u00e1s\u00e1hoz a filmesek nagyj\u00e1b\u00f3l harminc kilom\u00e9terrel keletebbre indultak. Az azonos nev\u0171 t\u00f3 melletti fest\u0151i v\u00e1rosk\u00e1ban \u00e1ll a <strong>gy\u00f6ny\u00f6r\u0171 Szent Mih\u00e1ly-bazilika Mondsee-ben<\/strong>, amelynek s\u00e1rga homlokzat\u00e1ra \u00e9s gazdagon d\u00edsz\u00edtett belsej\u00e9re biztosan eml\u00e9kszel abb\u00f3l a grandi\u00f3zus jelenetb\u0151l, amikor Maria a folyos\u00f3n l\u00e9pdel a b\u00e1r\u00f3 fel\u00e9.<\/p>\n\n\n\n<p class=\"wp-block-paragraph\">A templom nagyon j\u00f3l karbantartott, \u00e9s <strong>eg\u00e9sz \u00e9vben ingyenesen l\u00e1togathat\u00f3<\/strong>. Odabent csod\u00e1lhatod a pomp\u00e1s olt\u00e1rokat, \u00e9s v\u00e9gigs\u00e9t\u00e1lhatsz pontosan azokon a helyeken, ahol a film h\u0151sn\u0151je l\u00e9pkedett. Maga Mondsee v\u00e1rosk\u00e1ja rendk\u00edv\u00fcl elb\u0171v\u00f6l\u0151, \u00e9s rengeteg kellemes k\u00e1v\u00e9z\u00f3t k\u00edn\u00e1l, ahol elfogyaszthatsz egy k\u00e1v\u00e9t \u00e9s a h\u00edres osztr\u00e1k alm\u00e1s r\u00e9test.<\/p>\n\n\n\n<p class=\"wp-block-paragraph\">Ha a ny\u00e1ri h\u00f3napokban \u00e9rkezel, <strong>mindenk\u00e9pp csomagolj be f\u00fcrd\u0151ruh\u00e1t<\/strong>. A Mondsee-t\u00f3 a r\u00e9gi\u00f3 legmelegebb tavai k\u00f6z\u00e9 tartozik, \u00e9s a krist\u00e1lytiszta v\u00edzben f\u00fcrd\u00e9s a fens\u00e9ges Schafberg-hegyre ny\u00edl\u00f3 kil\u00e1t\u00e1ssal olyan \u00e9lm\u00e9ny, amelyet nem szabad kihagynod.<\/p>\n\n\n\n<p class=\"wp-block-paragraph\">\ud83d\udca1 Tipp: A bazilik\u00e1hoz aut\u00f3val az aut\u00f3p\u00e1ly\u00e1n kb. f\u00e9l \u00f3ra alatt jutsz el. Ha nincs aut\u00f3d, <strong>rendszeres buszj\u00e1ratok k\u00f6zlekednek ide k\u00f6zvetlen\u00fcl a salzburgi f\u0151p\u00e1lyaudvarr\u00f3l<\/strong>. A buszos \u00fat alig egy \u00f3r\u00e1t tart, \u00e9s gy\u00f6ny\u00f6r\u0171 kil\u00e1t\u00e1st ny\u00fajt a t\u00e1jra.<\/p>\n\n\n\n<figure data-wp-context=\"{&quot;imageId&quot;:&quot;6a96697ab96cc&quot;}\" data-wp-interactive=\"core\/image\" data-wp-key=\"6a96697ab96cc\" class=\"wp-block-image size-full wp-lightbox-container\"><img decoding=\"async\" width=\"1280\" height=\"431\" data-wp-class--hide=\"state.isContentHidden\" data-wp-class--show=\"state.isContentVisible\" data-wp-init=\"callbacks.setButtonStyles\" data-wp-on--click=\"actions.showLightbox\" data-wp-on--load=\"callbacks.setButtonStyles\" data-wp-on--pointerdown=\"actions.preloadImage\" data-wp-on--pointerenter=\"actions.preloadImageWithDelay\" data-wp-on--pointerleave=\"actions.cancelPreload\" data-wp-on-window--resize=\"callbacks.setButtonStyles\" src=\"https:\/\/loudavymkrokem.cz\/wp-content\/uploads\/2026\/07\/felsenb-1.jpg\" alt=\"A salzburgi fesztiv\u00e1lh\u00e1z \u00e9p\u00fclete a Hofstallgasse utc\u00e1ban\" class=\"wp-image-350759\" title=\"\" srcset=\"https:\/\/loudavymkrokem.cz\/wp-content\/uploads\/2026\/07\/felsenb-1.jpg 1280w, https:\/\/loudavymkrokem.cz\/wp-content\/uploads\/2026\/07\/felsenb-1-300x101.jpg 300w, https:\/\/loudavymkrokem.cz\/wp-content\/uploads\/2026\/07\/felsenb-1-700x236.jpg 700w, https:\/\/loudavymkrokem.cz\/wp-content\/uploads\/2026\/07\/felsenb-1-768x259.jpg 768w, https:\/\/loudavymkrokem.cz\/wp-content\/uploads\/2026\/07\/felsenb-1-696x234.jpg 696w\" sizes=\"(max-width: 1280px) 100vw, 1280px\" \/><button\n\t\t\tclass=\"lightbox-trigger\"\n\t\t\ttype=\"button\"\n\t\t\taria-haspopup=\"dialog\"\n\t\t\tdata-wp-bind--aria-label=\"state.thisImage.triggerButtonAriaLabel\"\n\t\t\tdata-wp-init=\"callbacks.initTriggerButton\"\n\t\t\tdata-wp-on--click=\"actions.showLightbox\"\n\t\t\tdata-wp-style--right=\"state.thisImage.buttonRight\"\n\t\t\tdata-wp-style--top=\"state.thisImage.buttonTop\"\n\t\t>\n\t\t\t<svg xmlns=\"http:\/\/www.w3.org\/2000\/svg\" width=\"12\" height=\"12\" fill=\"none\" viewBox=\"0 0 12 12\">\n\t\t\t\t<path fill=\"#fff\" d=\"M2 0a2 2 0 0 0-2 2v2h1.5V2a.5.5 0 0 1 .5-.5h2V0H2Zm2 10.5H2a.5.5 0 0 1-.5-.5V8H0v2a2 2 0 0 0 2 2h2v-1.5ZM8 12v-1.5h2a.5.5 0 0 0 .5-.5V8H12v2a2 2 0 0 1-2 2H8Zm2-12a2 2 0 0 1 2 2v2h-1.5V2a.5.5 0 0 0-.5-.5H8V0h2Z\" \/>\n\t\t\t<\/svg>\n\t\t<\/button><figcaption class=\"wp-element-caption\">Fot\u00f3: User:Mateus2019, CC BY-SA 4.0, Wikimedia Commons<\/figcaption><\/figure>\n\n\n\n<!-- LKM_GYG_CARD start q=\"music lokace\" lang=\"hu\" rendered=\"2026-08-31T06:32:35+00:00\" v=\"1\" -->\n<style id=\"lk-gyg-styles\">\n@import url(\"https:\/\/fonts.googleapis.com\/css2?family=Playfair+Display:wght@700&family=DM+Sans:wght@300;400;500;600&display=swap\");\n\/* === LK GYG karty \u2014 CRO redesign 2026-05 (namespace .lkx-) ===\n   C\u00edl: vy\u0161\u0161\u00ed CTR (hero + v\u00fdrazn\u00fd social proof + ak\u010dn\u00ed CTA, m\u00e9n\u011b \"reklamn\u00ed\").\n   Injektuje se inline do prvn\u00edho markeru postu (refresh_cards.py --inline-css). *\/\n.lkx-module, .lkx-module *{box-sizing:border-box;margin:0;padding:0}\n.lkx-module{\n  font-family:'DM Sans',-apple-system,Segoe UI,Roboto,Georgia,sans-serif;\n  max-width:860px;margin:2.5rem auto;color:#1f2328;\n}\n\n\/* HEADER \u2014 lehk\u00fd editorsk\u00fd, \u017e\u00e1dn\u00fd bannerov\u00fd blok; nadpis + popisek pod n\u00edm *\/\n.lkx-head{margin-bottom:16px}\n.lkx-head-main{display:flex;align-items:center;gap:10px}\n.lkx-head-accent{width:26px;height:3px;border-radius:2px;background:#c39f76;flex-shrink:0}\n.lkx-head-title{font-family:'Playfair Display',Georgia,serif;font-size:21px;font-weight:700;color:#1a1a1a;line-height:1.25}\n.lkx-head-meta{display:block;font-size:11px;letter-spacing:.3px;color:#9aa0a6;margin-top:4px;margin-left:36px}\n\n\/* HERO *\/\n.lkx-hero{display:grid;grid-template-columns:300px 1fr;background:#fff;border:1px solid #ece7df;border-radius:14px;overflow:hidden;text-decoration:none!important;color:inherit;box-shadow:0 6px 20px rgba(0,0,0,.06);transition:box-shadow .2s,transform .2s;margin-bottom:14px}\n.lkx-hero:hover{box-shadow:0 12px 30px rgba(0,0,0,.12);transform:translateY(-2px)}\n.lkx-hero-img{position:relative;min-height:230px;background-size:cover;background-position:center;background-color:#eee}\n.lkx-hero-body{padding:22px 24px;display:flex;flex-direction:column}\n.lkx-pick{position:absolute;top:12px;left:12px;background:#1a1a1a;color:#fff;font-size:11px;font-weight:700;letter-spacing:.5px;padding:5px 11px;border-radius:20px}\n\n\/* TITLE *\/\n.lkx-title{font-size:19px;font-weight:700;color:#161616;line-height:1.3}\n.lkx-title-sm{font-size:14.5px;line-height:1.35;display:-webkit-box;-webkit-line-clamp:2;-webkit-box-orient:vertical;overflow:hidden}\n\n\/* SOCIAL PROOF \u2014 v\u00fdrazn\u011b, naho\u0159e *\/\n.lkx-proof{display:flex;align-items:center;gap:7px;margin-top:12px;font-size:15px;color:#3a3a3a}\n.lkx-proof b{font-size:16px;color:#161616}\n.lkx-stars{color:#f5a623;letter-spacing:1px}\n.lkx-proof-sm{font-size:12.5px;margin-top:8px;gap:5px}\n.lkx-proof-sm b{font-size:13px}\n.lkx-proof-new{color:#3685fc;font-weight:600}\n\n\/* PRICE \u2014 n\u00edzk\u00e1 kotva *\/\n.lkx-price{font-size:14px;color:#6b7280}\n.lkx-price b{font-size:20px;color:#161616;font-weight:700}\n.lkx-price-sm b{font-size:15px}\n\n\/* CTA \u2014 tepl\u00e9 ak\u010dn\u00ed tla\u010d\u00edtko *\/\n.lkx-cta{display:inline-flex;align-items:center;justify-content:center;text-decoration:none!important;font-weight:700;color:#fff!important;background:linear-gradient(135deg,#f6743f,#e8552a);border-radius:10px;box-shadow:0 6px 16px rgba(232,85,42,.32);transition:box-shadow .2s}\n.lkx-cta-hero{font-size:15px;padding:13px 22px}\n.lkx-hero:hover .lkx-cta-hero{box-shadow:0 8px 22px rgba(232,85,42,.45)}\n.lkx-cta-sm{font-size:12.5px;padding:9px 14px;width:100%;margin-top:2px}\n.lkx-hero-bottom{margin-top:auto;padding-top:18px;display:flex;align-items:center;justify-content:space-between;gap:14px;flex-wrap:wrap}\n\n\/* BADGE \u2014 jeden v\u00fdrazn\u00fd na fotce *\/\n.lkx-badge{position:absolute;top:12px;right:12px;font-size:10.5px;font-weight:700;letter-spacing:.3px;padding:5px 10px;border-radius:16px;color:#fff}\n.lkx-badge.badge-urgency{background:rgba(214,40,40,.92)}\n.lkx-badge.badge-new{background:rgba(54,133,252,.92)}\n.lkx-badge.badge-top{background:rgba(195,159,118,.95)}\n.lkx-badge.badge-info{background:rgba(40,40,40,.78)}\n\n\/* SECONDARY GRID *\/\n.lkx-grid{display:grid;grid-template-columns:1fr 1fr;gap:14px}\n.lkx-card{background:#fff;border:1px solid #ece7df;border-radius:14px;overflow:hidden;text-decoration:none!important;color:inherit;box-shadow:0 4px 14px rgba(0,0,0,.05);display:flex;flex-direction:column;transition:box-shadow .2s,transform .2s}\n.lkx-card:hover{box-shadow:0 10px 24px rgba(0,0,0,.1);transform:translateY(-2px)}\n.lkx-card-img{position:relative;aspect-ratio:16\/10;background-size:cover;background-position:center;background-color:#eee}\n.lkx-card-body{padding:14px 16px 16px;display:flex;flex-direction:column;gap:7px;flex:1}\n.lkx-card-bottom{margin-top:auto;padding-top:10px;display:flex;align-items:center;justify-content:space-between;gap:8px}\n\n\/* DISCLOSURE \u2014 drobn\u00e1, kv\u016fli d\u016fv\u011b\u0159e\/z\u00e1konu *\/\n.lkx-disclosure{font-size:11px;color:#a7adb3;text-align:center;margin-top:14px;line-height:1.6}\n.lkx-disclosure a{color:#c39f76;text-decoration:none}\n\n@media(max-width:680px){\n  .lkx-hero{grid-template-columns:1fr}\n  .lkx-hero-img{min-height:180px}\n  .lkx-grid{grid-template-columns:1fr}\n  .lkx-head-meta{margin-left:0;width:100%}\n  .lkx-head-title{font-size:19px}\n}\n\n<\/style>\n<div class=\"lkx-module\" data-query=\"music lokace\">\n  <div class=\"lkx-head\">\n    <div class=\"lkx-head-main\">\n      <span class=\"lkx-head-accent\"><\/span>\n      <span class=\"lkx-head-title\">\u00c9lm\u00e9nyek \u00e9s bel\u00e9p\u0151jegyek<\/span>\n    <\/div>\n    <span class=\"lkx-head-meta\">utaz\u00f3k \u00e1ltal \u00e9rt\u00e9kelve \u00b7 GetYourGuide<\/span>\n  <\/div><a class=\"lkx-hero\" href=\"https:\/\/www.getyourguide.com\/hu-hu\/salzburg-l4\/az-eredeti-sound-of-music-turne-t722\/?partner_id=MKZ64IS&amp;utm_medium=online_publisher&amp;cmp=ausztria-salzburg-film-helyszinek\" target=\"_blank\" rel=\"sponsored noopener nofollow\">\n    <div class=\"lkx-hero-img\" style=\"background-image:url('https:\/\/cdn.getyourguide.com\/img\/tour\/c85ae41b3f4ffc84.jpeg\/132.jpg')\" role=\"img\" aria-label=\"Salzburg: Zene hangja turn\u00e9: Eredeti Sound of Music turn\u00e9\">\n      <span class=\"lkx-pick\">\u2605 A mi tipp\u00fcnk<\/span><\/div>\n    <div class=\"lkx-hero-body\">\n      <div class=\"lkx-title\">Salzburg: Zene hangja turn\u00e9: Eredeti Sound of Music turn\u00e9<\/div>\n      <div class=\"lkx-proof\">\n      <span class=\"lkx-stars\">\u2605\u2605\u2605\u2605\u2605<\/span>\n      <b>4.8<\/b> \u00b7 5 984 \u00e9rt\u00e9kel\u00e9s\n    <\/div>\n      <div class=\"lkx-hero-bottom\"><div class=\"lkx-price\">m\u00e1r <b>75\u00a0EUR<\/b><\/div><span class=\"lkx-cta lkx-cta-hero\">Ezt az \u00e9lm\u00e9nyt akarom \u2192<\/span>\n      <\/div>\n    <\/div>\n  <\/a><div class=\"lkx-disclosure\">\ud83d\udd17 A linkek partnerlinkek \u2014 az \u00e1rat nem v\u00e1ltoztatj\u00e1k, nek\u00fcnk viszont seg\u00edtenek a tartalomk\u00e9sz\u00edt\u00e9sben. \u00b7 <a href=\"https:\/\/www.getyourguide.com\/hu-hu\/s\/?q=music+lokace&amp;partner_id=MKZ64IS&amp;utm_medium=online_publisher\" target=\"_blank\" rel=\"sponsored noopener nofollow\">\u00d6sszes \u00e9lm\u00e9ny \u2192<\/a><\/div>\n<\/div>\n<!-- LKM_GYG_CARD end -->\n\n\n\n\n<div class=\"lk-stays-module\">\n<style>\n\/* \u2500\u2500\u2500 RESET PRO GUTENBERG \u2500\u2500\u2500 *\/\n.lk-stays-module * { box-sizing: border-box; margin: 0; padding: 0; }\n\n\/* \u2500\u2500\u2500 WRAPPER \u2500\u2500\u2500 *\/\n.lk-stays-module {\n  font-family: 'DM Sans', Georgia, sans-serif;\n  max-width: 100%;\n  margin: 2.5rem auto;\n  background: linear-gradient(135deg, #fdfaf5 0%, #fcf8f0 100%);\n  border: 1px solid #e8dfd4;\n  border-radius: 16px;\n  overflow: hidden;\n  box-shadow: 0 16px 48px rgba(195, 159, 118, 0.25), 0 4px 12px rgba(0,0,0,0.08);\n}\n\n\/* \u2500\u2500\u2500 HEADER \u2500\u2500\u2500 *\/\n.lk-stays-header {\n  position: relative;\n  padding: 24px 36px 24px;\n  background: linear-gradient(135deg, #c39f76 0%, #d4b188 60%, #c39f76 100%);\n  border-bottom: 1px solid rgba(255,255,255,.15);\n  display: flex;\n  align-items: center;\n  gap: 18px;\n}\n.lk-stays-header::before {\n  content: '';\n  position: absolute;\n  inset: 0;\n  background: url(\"data:image\/svg+xml,%3Csvg width='60' height='60' viewBox='0 0 60 60' xmlns='http:\/\/www.w3.org\/2000\/svg'%3E%3Cg fill='none' fill-rule='evenodd'%3E%3Cg fill='%23ffffff' fill-opacity='0.05'%3E%3Cpath d='M36 34v-4h-2v4h-4v2h4v4h2v-4h4v-2h-4zm0-30V0h-2v4h-4v2h4v4h2V6h4V4h-4zM6 34v-4H4v4H0v2h4v4h2v-4h4v-2H6zM6 4V0H4v4H0v2h4v4h2V6h4V4H6z'\/%3E%3C\/g%3E%3C\/g%3E%3C\/svg%3E\") repeat;\n  pointer-events: none;\n}\n.lk-stays-icon {\n  flex-shrink: 0;\n  width: 68px;\n  height: 68px;\n  border-radius: 14px;\n  background: linear-gradient(135deg, #fff 0%, #f9f6f0 100%);\n  display: flex;\n  align-items: center;\n  justify-content: center;\n  font-size: 26px;\n  box-shadow: 0 4px 12px rgba(0,0,0,0.15);\n}\n.lk-stays-eyebrow {\n  font-size: 10px;\n  font-weight: 500;\n  letter-spacing: 2.5px;\n  text-transform: uppercase;\n  color: rgba(255,255,255,.85);\n  margin: 0 0 5px 0;\n}\n.lk-stays-title {\n  font-family: 'Playfair Display', Georgia, serif;\n  font-size: 24px;\n  font-weight: 700;\n  color: #fff;\n  line-height: 1.2;\n  text-shadow: 0 1px 2px rgba(0,0,0,0.1);\n  margin: 0;\n}\n.lk-stays-subtitle {\n  font-size: 13px;\n  color: rgba(255,255,255,.75);\n  margin: 4px 0 0 0;\n  font-weight: 300;\n}\n\n\/* \u2500\u2500\u2500 CARDS GRID \u2500\u2500\u2500 *\/\n.lk-stays-grid {\n  display: grid;\n  grid-template-columns: 1fr 1fr;\n  gap: 1px;\n  background: rgba(195, 159, 118, 0.12);\n}\n\n\/* \u2500\u2500\u2500 SINGLE CARD \u2500\u2500\u2500 *\/\n.lk-stay-card {\n  background: #ffffff;\n  padding: 26px;\n  display: flex;\n  flex-direction: column;\n  gap: 11px;\n  transition: all 0.3s ease;\n  text-decoration: none;\n  color: inherit;\n  position: relative;\n}\n.lk-stay-card:hover {\n  background: #fffbf5;\n  transform: translateY(-2px);\n  box-shadow: 0 8px 24px rgba(195, 159, 118, 0.18);\n  z-index: 1;\n}\n.lk-stay-card.featured {\n  background: linear-gradient(135deg, #fffdf9 0%, #fff9f0 100%);\n  box-shadow: 0 4px 16px rgba(195, 159, 118, 0.15), inset 0 1px 0 rgba(195, 159, 118, 0.1);\n}\n.lk-stay-card.featured:hover {\n  background: linear-gradient(135deg, #fffbf5 0%, #fff8ed 100%);\n  box-shadow: 0 8px 24px rgba(195, 159, 118, 0.25), inset 0 1px 0 rgba(195, 159, 118, 0.15);\n}\n\n.lk-stay-badge {\n  display: inline-flex;\n  align-items: center;\n  gap: 5px;\n  font-size: 10px;\n  font-weight: 500;\n  letter-spacing: 1.5px;\n  text-transform: uppercase;\n  padding: 5px 11px;\n  border-radius: 20px;\n  width: fit-content;\n}\n.badge-top     { background: linear-gradient(135deg, #c39f76 0%, #d4b188 100%); color: #fff; border: 1px solid #c39f76; font-weight: 600; box-shadow: 0 2px 8px rgba(195,159,118,0.3); }\n.badge-luxury  { background: rgba(195,159,118,.12); color: #c39f76; border: 1px solid rgba(195,159,118,.25); }\n.badge-boutique{ background: rgba(54,133,252,.08); color: #3685fc; border: 1px solid rgba(54,133,252,.2); }\n.badge-nature  { background: rgba(130,190,100,.1); color: #6b9c4a; border: 1px solid rgba(130,190,100,.2); }\n.badge-remote  { background: rgba(195,159,118,.12); color: #a67e50; border: 1px solid rgba(195,159,118,.25); }\n\n.lk-stay-name {\n  font-family: 'Playfair Display', Georgia, serif;\n  font-size: 18px;\n  font-weight: 700;\n  color: #111827;\n  line-height: 1.3;\n}\n.lk-stay-desc {\n  font-size: 13.5px;\n  color: #525252;\n  line-height: 1.65;\n  font-weight: 300;\n  flex: 1;\n}\n\n.lk-stay-meta {\n  display: flex;\n  align-items: center;\n  gap: 12px;\n  flex-wrap: wrap;\n  margin-top: 4px;\n}\n.lk-stay-price {\n  font-size: 13px;\n  color: #6b7280;\n}\n.lk-stay-price strong {\n  color: #c39f76;\n  font-weight: 500;\n}\n.lk-stay-stars {\n  color: #c39f76;\n  font-size: 11px;\n  letter-spacing: 1px;\n}\n\n\/* \u2500\u2500\u2500 CTA BUTTON \u2500\u2500\u2500 *\/\n.lk-stay-cta {\n  display: inline-flex;\n  align-items: center;\n  justify-content: center;\n  gap: 7px;\n  margin-top: 8px;\n  padding: 11px 20px;\n  border-radius: 8px;\n  background: linear-gradient(135deg, #3685fc 0%, #2a6fd9 100%);\n  color: #fff;\n  font-size: 13px;\n  font-weight: 500;\n  text-decoration: none;\n  letter-spacing: .3px;\n  transition: all .2s ease;\n  cursor: pointer;\n  border: none;\n  text-align: center;\n  box-shadow: 0 4px 12px rgba(54, 133, 252, 0.25);\n}\n.lk-stay-cta:hover {\n  background: linear-gradient(135deg, #2a6fd9 0%, #1e5bc4 100%);\n  transform: translateY(-1px);\n  box-shadow: 0 6px 16px rgba(54, 133, 252, 0.35);\n}\n.lk-stay-cta svg { flex-shrink: 0; }\n\n\/* \u2500\u2500\u2500 FOOTER \u2500\u2500\u2500 *\/\n.lk-stays-footer {\n  padding: 18px 36px;\n  background: linear-gradient(to bottom, #fdfaf5 0%, #f9f4ed 100%);\n  border-top: 1px solid rgba(195, 159, 118, 0.15);\n  display: flex;\n  align-items: center;\n  justify-content: space-between;\n  flex-wrap: wrap;\n  gap: 12px;\n}\n.lk-stays-footer-note {\n  font-size: 11.5px;\n  color: #6b7280;\n  font-weight: 300;\n  line-height: 1.5;\n}\n.lk-stays-footer-note a {\n  color: #c39f76;\n  text-decoration: none;\n  font-weight: 400;\n}\n.lk-stays-footer-note a:hover {\n  text-decoration: underline;\n}\n.lk-stays-all-btn {\n  display: inline-flex;\n  align-items: center;\n  gap: 6px;\n  font-size: 12.5px;\n  font-weight: 500;\n  color: #c39f76;\n  text-decoration: none;\n  border: 1px solid rgba(195, 159, 118, 0.35);\n  padding: 8px 18px;\n  border-radius: 8px;\n  transition: all .2s ease;\n}\n.lk-stays-all-btn:hover {\n  background: rgba(195, 159, 118, 0.08);\n  border-color: rgba(195, 159, 118, 0.5);\n}\n\n\/* \u2500\u2500\u2500 RESPONSIVE \u2500\u2500\u2500 *\/\n@media (max-width: 600px) {\n  .lk-stays-grid { grid-template-columns: 1fr; }\n  .lk-stays-header { padding: 24px 20px; }\n  .lk-stays-footer { padding: 16px 20px; }\n  .lk-stay-card { padding: 22px; }\n  .lk-stays-title { font-size: 20px; }\n}\n<\/style>\n\n  <!-- HEADER -->\n  <div class=\"lk-stays-header\">\n    <img decoding=\"async\" src=\"https:\/\/loudavymkrokem.cz\/wp-content\/uploads\/2026\/02\/lukas-a-lucka.jpg\" alt=\"\" style=\"width: 75px; height: 75px; border-radius: 8px; flex-shrink: 0; object-fit: cover; display: block; margin: 4px 0;\" title=\"\">\n    <div class=\"lk-stays-header-text\">\n      <div class=\"lk-stays-eyebrow\">Luk\u00e1\u0161 \u00e9s Lucie aj\u00e1nlj\u00e1k<\/div>\n      <div class=\"lk-stays-title\">Hol sz\u00e1lljon meg Salzburgban<\/div>\n      <div class=\"lk-stays-subtitle\">6 sz\u00e1ll\u00e1shely \u2014 hotelek, wellness hotelek \u00e9s egy\u00e9b sz\u00e1ll\u00e1slehet\u0151s\u00e9gek<\/div>\n    <\/div>\n  <\/div>\n\n  <!-- CARDS -->\n  <div class=\"lk-stays-grid\">\n\n    <a class=\"lk-stay-card featured\" href=\"https:\/\/www.stay22.com\/allez\/roam?aid=lukaskonecny&#038;campaign=loudavymkrokemcz&#038;campaign=hu&#038;campaign=soundofmusiclokace&#038;address=Salcburk&#038;hotelname=Schloss+Leopoldskron&#038;search=Schloss+Leopoldskron&#038;category=accommodation\" target=\"_blank\" rel=\"nofollow noopener\">\n      <span class=\"lk-stay-badge badge-top\">\u2b50 TOP V\u00c1LASZT\u00c1S<\/span>\n      <span class=\"lk-stay-badge badge-nature\">\u2b50 Luxury<\/span>\n      <div class=\"lk-stay-name\">Schloss Leopoldskron<\/div>\n      <div class=\"lk-stay-desc\">Luxussz\u00e1lloda egy kast\u00e9lyban, amelyet filmforgat\u00e1si helysz\u00ednk\u00e9nt haszn\u00e1ltak. Reggeli d\u00edsz\u00edtett termekben, hozz\u00e1f\u00e9r\u00e9s Max Reinhardt k\u00f6nyvt\u00e1r\u00e1hoz.<\/div>\n      <div class=\"lk-stay-meta\">\n        <span class=\"lk-stay-stars\">\u2605\u2605\u2605\u2605<\/span>\n        <span class=\"lk-stay-price\">399 EUR\/\u00e9jt\u0151l<\/span>\n      <\/div>\n      <span class=\"lk-stay-cta\">\n        <svg width=\"14\" height=\"14\" viewBox=\"0 0 24 24\" fill=\"none\" stroke=\"currentColor\" stroke-width=\"2\"><path d=\"M18 13v6a2 2 0 0 1-2 2H5a2 2 0 0 1-2-2V8a2 2 0 0 1 2-2h6\"\/><polyline points=\"15 3 21 3 21 9\"\/><line x1=\"10\" y1=\"14\" x2=\"21\" y2=\"3\"\/><\/svg>\n        Ellen\u0151rizd az el\u00e9rhet\u0151s\u00e9get\n      <\/span>\n    <\/a>\n\n    <a class=\"lk-stay-card\" href=\"https:\/\/www.stay22.com\/allez\/roam?aid=lukaskonecny&#038;campaign=loudavymkrokemcz&#038;campaign=hu&#038;campaign=soundofmusiclokace&#038;address=Salcburk&#038;hotelname=Villa+Trapp&#038;search=Villa+Trapp&#038;category=accommodation\" target=\"_blank\" rel=\"nofollow noopener\">\n      <span class=\"lk-stay-badge badge-nature\">\ud83c\udfe8 Hotel<\/span>\n      <div class=\"lk-stay-name\">Villa Trapp<\/div>\n      <div class=\"lk-stay-desc\">Butiksz\u00e1lloda a von Trapp csal\u00e1d val\u00f3di h\u00e1z\u00e1ban. \u00c9jszak\u00e1z\u00e1s az eredeti szob\u00e1kban, bele\u00e9rtve Maria apartmanj\u00e1t is.<\/div>\n      <div class=\"lk-stay-meta\">\n        <span class=\"lk-stay-stars\">\u2605\u2605\u2605\u2605<\/span>\n        <span class=\"lk-stay-price\">\u00c1rak ellen\u0151rz\u00e9se<\/span>\n      <\/div>\n      <span class=\"lk-stay-cta\">\n        <svg width=\"14\" height=\"14\" viewBox=\"0 0 24 24\" fill=\"none\" stroke=\"currentColor\" stroke-width=\"2\"><path d=\"M18 13v6a2 2 0 0 1-2 2H5a2 2 0 0 1-2-2V8a2 2 0 0 1 2-2h6\"\/><polyline points=\"15 3 21 3 21 9\"\/><line x1=\"10\" y1=\"14\" x2=\"21\" y2=\"3\"\/><\/svg>\n        Ellen\u0151rizd az el\u00e9rhet\u0151s\u00e9get\n      <\/span>\n    <\/a>\n\n    <a class=\"lk-stay-card\" href=\"https:\/\/www.stay22.com\/allez\/roam?aid=lukaskonecny&#038;campaign=loudavymkrokemcz&#038;campaign=hu&#038;campaign=soundofmusiclokace&#038;address=Salcburk&#038;hotelname=Hotel+Sacher+Salzburg&#038;search=Hotel+Sacher+Salzburg&#038;category=accommodation\" target=\"_blank\" rel=\"nofollow noopener\">\n      <span class=\"lk-stay-badge badge-nature\">\u2b50 Luxury<\/span>\n      <div class=\"lk-stay-name\">Hotel Sacher Salzburg<\/div>\n      <div class=\"lk-stay-desc\">Ikonikus \u00f6tcsillagos sz\u00e1lloda a Salzach foly\u00f3 partj\u00e1n, h\u00edres k\u00e1v\u00e9h\u00e1zzal \u00e9s kil\u00e1t\u00e1ssal az \u00d3v\u00e1rosra.<\/div>\n      <div class=\"lk-stay-meta\">\n        <span class=\"lk-stay-stars\">\u2605\u2605\u2605\u2605\u2605<\/span>\n        <span class=\"lk-stay-price\">\u00c1rak ellen\u0151rz\u00e9se<\/span>\n      <\/div>\n      <span class=\"lk-stay-cta\">\n        <svg width=\"14\" height=\"14\" viewBox=\"0 0 24 24\" fill=\"none\" stroke=\"currentColor\" stroke-width=\"2\"><path d=\"M18 13v6a2 2 0 0 1-2 2H5a2 2 0 0 1-2-2V8a2 2 0 0 1 2-2h6\"\/><polyline points=\"15 3 21 3 21 9\"\/><line x1=\"10\" y1=\"14\" x2=\"21\" y2=\"3\"\/><\/svg>\n        Ellen\u0151rizd az el\u00e9rhet\u0151s\u00e9get\n      <\/span>\n    <\/a>\n\n    <a class=\"lk-stay-card\" href=\"https:\/\/www.stay22.com\/allez\/roam?aid=lukaskonecny&#038;campaign=loudavymkrokemcz&#038;campaign=hu&#038;campaign=soundofmusiclokace&#038;address=Salcburk&#038;hotelname=Boutiquehotel+Am+Dom&#038;search=Boutiquehotel+Am+Dom&#038;category=accommodation\" target=\"_blank\" rel=\"nofollow noopener\">\n      <span class=\"lk-stay-badge badge-nature\">\ud83c\udfe8 Hotel<\/span>\n      <div class=\"lk-stay-name\">Boutiquehotel Am Dom<\/div>\n      <div class=\"lk-stay-desc\">Design hotel a t\u00f6rt\u00e9nelmi k\u00f6zpont sz\u00edv\u00e9ben. \u00c9rz\u00e9keny kever\u00e9ke a t\u00f6rt\u00e9nelmi gerend\u00e1knak \u00e9s a modern olasz designnak.<\/div>\n      <div class=\"lk-stay-meta\">\n        <span class=\"lk-stay-stars\">\u2605\u2605\u2605\u2605<\/span>\n        <span class=\"lk-stay-price\">\u00c1rak ellen\u0151rz\u00e9se<\/span>\n      <\/div>\n      <span class=\"lk-stay-cta\">\n        <svg width=\"14\" height=\"14\" viewBox=\"0 0 24 24\" fill=\"none\" stroke=\"currentColor\" stroke-width=\"2\"><path d=\"M18 13v6a2 2 0 0 1-2 2H5a2 2 0 0 1-2-2V8a2 2 0 0 1 2-2h6\"\/><polyline points=\"15 3 21 3 21 9\"\/><line x1=\"10\" y1=\"14\" x2=\"21\" y2=\"3\"\/><\/svg>\n        Ellen\u0151rizd az el\u00e9rhet\u0151s\u00e9get\n      <\/span>\n    <\/a>\n\n    <a class=\"lk-stay-card\" href=\"https:\/\/www.stay22.com\/allez\/roam?aid=lukaskonecny&#038;campaign=loudavymkrokemcz&#038;campaign=hu&#038;campaign=soundofmusiclokace&#038;address=Salcburk&#038;hotelname=Hotel+Goldgasse&#038;search=Hotel+Goldgasse&#038;category=accommodation\" target=\"_blank\" rel=\"nofollow noopener\">\n      <span class=\"lk-stay-badge badge-nature\">\ud83c\udfe8 Hotel<\/span>\n      <div class=\"lk-stay-name\">Hotel Goldgasse<\/div>\n      <div class=\"lk-stay-desc\">Kis butiksz\u00e1lloda t\u00f6rt\u00e9nelmi sik\u00e1torban. Minden szoba m\u00e1s t\u00e9m\u00e1j\u00fa, kiemelked\u0151 r\u00e9szletgazdags\u00e1g.<\/div>\n      <div class=\"lk-stay-meta\">\n        <span class=\"lk-stay-stars\">\u2605\u2605\u2605\u2605<\/span>\n        <span class=\"lk-stay-price\">\u00c1rak ellen\u0151rz\u00e9se<\/span>\n      <\/div>\n      <span class=\"lk-stay-cta\">\n        <svg width=\"14\" height=\"14\" viewBox=\"0 0 24 24\" fill=\"none\" stroke=\"currentColor\" stroke-width=\"2\"><path d=\"M18 13v6a2 2 0 0 1-2 2H5a2 2 0 0 1-2-2V8a2 2 0 0 1 2-2h6\"\/><polyline points=\"15 3 21 3 21 9\"\/><line x1=\"10\" y1=\"14\" x2=\"21\" y2=\"3\"\/><\/svg>\n        Ellen\u0151rizd az el\u00e9rhet\u0151s\u00e9get\n      <\/span>\n    <\/a>\n\n    <a class=\"lk-stay-card\" href=\"https:\/\/www.stay22.com\/allez\/roam?aid=lukaskonecny&#038;campaign=loudavymkrokemcz&#038;campaign=hu&#038;campaign=soundofmusiclokace&#038;address=Salcburk&#038;hotelname=IMLAUER+Hotel+Pitter&#038;search=IMLAUER+Hotel+Pitter&#038;category=accommodation\" target=\"_blank\" rel=\"nofollow noopener\">\n      <span class=\"lk-stay-badge badge-nature\">\ud83c\udfe8 Hotel<\/span>\n      <div class=\"lk-stay-name\">IMLAUER Hotel Pitter<\/div>\n      <div class=\"lk-stay-desc\">Modern sz\u00e1lloda a Mirabell-kertek k\u00f6zel\u00e9ben, csod\u00e1latos tet\u0151b\u00e1rral \u00e9s panor\u00e1m\u00e1s kil\u00e1t\u00e1ssal a v\u00e1rosra.<\/div>\n      <div class=\"lk-stay-meta\">\n        <span class=\"lk-stay-stars\">\u2605\u2605\u2605\u2605<\/span>\n        <span class=\"lk-stay-price\">\u00c1rak ellen\u0151rz\u00e9se<\/span>\n      <\/div>\n      <span class=\"lk-stay-cta\">\n        <svg width=\"14\" height=\"14\" viewBox=\"0 0 24 24\" fill=\"none\" stroke=\"currentColor\" stroke-width=\"2\"><path d=\"M18 13v6a2 2 0 0 1-2 2H5a2 2 0 0 1-2-2V8a2 2 0 0 1 2-2h6\"\/><polyline points=\"15 3 21 3 21 9\"\/><line x1=\"10\" y1=\"14\" x2=\"21\" y2=\"3\"\/><\/svg>\n        Ellen\u0151rizd az el\u00e9rhet\u0151s\u00e9get\n      <\/span>\n    <\/a>\n\n  <\/div>\n\n  \n<\/div>\n\n\n\n\n<h3 class=\"wp-block-heading\"><span class=\"ez-toc-section\" id=\"9_A_Felsenreitschule_es_a_dramai_koncert\"><\/span>9. A Felsenreitschule \u00e9s a dr\u00e1mai koncert<span class=\"ez-toc-section-end\"><\/span><\/h3>\n\n\n\n<p class=\"wp-block-paragraph\">A Sziklai Lovagiskola a vil\u00e1g egyik legfigyelemrem\u00e9lt\u00f3bb sz\u00ednh\u00e1zi tere. Ezek a <strong>k\u00f6zvetlen\u00fcl a M\u00f6nchsberg-hegy szikl\u00e1j\u00e1ba v\u00e1jt leny\u0171g\u00f6z\u0151 \u00e1rk\u00e1dok<\/strong> eredetileg a salzburgi \u00e9rsekek lovainak kik\u00e9pz\u00e9s\u00e9re szolg\u00e1ltak. A filmben itt j\u00e1tsz\u00f3dik a z\u00e1r\u00f3 fesztiv\u00e1lkoncert rendk\u00edv\u00fcl izgalmas jelenete, amely ut\u00e1n a von Trapp csal\u00e1d a kulissz\u00e1k m\u00f6g\u00e9 t\u0171nik el, \u00e9s megkezdi sz\u00f6k\u00e9s\u00e9t.<\/p>\n\n\n\n<p class=\"wp-block-paragraph\">Sok m\u00e1s helysz\u00ednt\u0151l elt\u00e9r\u0151en a Felsenreitschule <strong>val\u00f3di \u00e9s nagyon rangos fesztiv\u00e1lsz\u00ednpad<\/strong>. Minden ny\u00e1ron itt tartj\u00e1k a Salzburgi Fesztiv\u00e1l legfontosabb opera- \u00e9s sz\u00ednh\u00e1zi premierjeit. Egy el\u0151ad\u00e1sra jegyet szerezni hossz\u00fa h\u00f3napokkal el\u0151re tervez\u00e9st \u00e9s meglehet\u0151sen j\u00f3l megt\u00f6m\u00f6tt banksz\u00e1ml\u00e1t ig\u00e9nyel.<\/p>\n\n\n\n<p class=\"wp-block-paragraph\">Szerencs\u00e9re dr\u00e1ga operajegy n\u00e9lk\u00fcl is bejutsz: a v\u00e1ros naponta tart vezetett t\u00far\u00e1kat a fesztiv\u00e1l\u00e9p\u00fcletekben, \u00edgy a Sziklai Lovagiskol\u00e1t \u00e9s a hatalmas Nagy Fesztiv\u00e1lh\u00e1zat is nyugodtan megn\u00e9zheted idegenvezet\u0151vel. A t\u00far\u00e1kat k\u00f6nnyen beszerzed a helysz\u00ednen, vagy el\u0151re online is lefoglalhatod, ak\u00e1r olyan port\u00e1lokon kereszt\u00fcl is, mint a <a class=\"thirstylink\" rel=\"nofollow\" target=\"_blank\" title=\"GetYourGuide\" href=\"https:\/\/loudavymkrokem.cz\/doporucujeme\/getyourguide\/\" data-shortcode=\"true\">GetYourGuide<\/a>.<\/p>\n\n\n\n<p class=\"wp-block-paragraph\">\ud83d\udca1 Tipp: A t\u00far\u00e1kat t\u00f6bb nyelven tartj\u00e1k, \u00e9s nagyj\u00e1b\u00f3l \u00f6tven percig tartanak. <strong>Aj\u00e1nlom, hogy az id\u0151beoszt\u00e1st mindj\u00e1rt reggel ellen\u0151rizd az inform\u00e1ci\u00f3s k\u00f6zpontban<\/strong>, mert a zajl\u00f3 pr\u00f3b\u00e1k alatt a t\u00fara\u00fatvonalak id\u0151nk\u00e9nt v\u00e1ltoznak vagy korl\u00e1toz\u00f3dnak.<\/p>\n\n\n\n<figure data-wp-context=\"{&quot;imageId&quot;:&quot;6a96697ab9d3a&quot;}\" data-wp-interactive=\"core\/image\" data-wp-key=\"6a96697ab9d3a\" class=\"wp-block-image size-full wp-lightbox-container\"><img decoding=\"async\" width=\"1280\" height=\"853\" data-wp-class--hide=\"state.isContentHidden\" data-wp-class--show=\"state.isContentVisible\" data-wp-init=\"callbacks.setButtonStyles\" data-wp-on--click=\"actions.showLightbox\" data-wp-on--load=\"callbacks.setButtonStyles\" data-wp-on--pointerdown=\"actions.preloadImage\" data-wp-on--pointerenter=\"actions.preloadImageWithDelay\" data-wp-on--pointerleave=\"actions.cancelPreload\" data-wp-on-window--resize=\"callbacks.setButtonStyles\" src=\"https:\/\/loudavymkrokem.cz\/wp-content\/uploads\/2026\/07\/residenz-1.jpg\" alt=\"A barokk Residenzbrunnen sz\u00f6k\u0151k\u00fat a Residenzplatzon\" class=\"wp-image-350766\" title=\"\" srcset=\"https:\/\/loudavymkrokem.cz\/wp-content\/uploads\/2026\/07\/residenz-1.jpg 1280w, https:\/\/loudavymkrokem.cz\/wp-content\/uploads\/2026\/07\/residenz-1-300x200.jpg 300w, https:\/\/loudavymkrokem.cz\/wp-content\/uploads\/2026\/07\/residenz-1-700x466.jpg 700w, https:\/\/loudavymkrokem.cz\/wp-content\/uploads\/2026\/07\/residenz-1-768x512.jpg 768w, https:\/\/loudavymkrokem.cz\/wp-content\/uploads\/2026\/07\/residenz-1-696x464.jpg 696w\" sizes=\"(max-width: 1280px) 100vw, 1280px\" \/><button\n\t\t\tclass=\"lightbox-trigger\"\n\t\t\ttype=\"button\"\n\t\t\taria-haspopup=\"dialog\"\n\t\t\tdata-wp-bind--aria-label=\"state.thisImage.triggerButtonAriaLabel\"\n\t\t\tdata-wp-init=\"callbacks.initTriggerButton\"\n\t\t\tdata-wp-on--click=\"actions.showLightbox\"\n\t\t\tdata-wp-style--right=\"state.thisImage.buttonRight\"\n\t\t\tdata-wp-style--top=\"state.thisImage.buttonTop\"\n\t\t>\n\t\t\t<svg xmlns=\"http:\/\/www.w3.org\/2000\/svg\" width=\"12\" height=\"12\" fill=\"none\" viewBox=\"0 0 12 12\">\n\t\t\t\t<path fill=\"#fff\" d=\"M2 0a2 2 0 0 0-2 2v2h1.5V2a.5.5 0 0 1 .5-.5h2V0H2Zm2 10.5H2a.5.5 0 0 1-.5-.5V8H0v2a2 2 0 0 0 2 2h2v-1.5ZM8 12v-1.5h2a.5.5 0 0 0 .5-.5V8H12v2a2 2 0 0 1-2 2H8Zm2-12a2 2 0 0 1 2 2v2h-1.5V2a.5.5 0 0 0-.5-.5H8V0h2Z\" \/>\n\t\t\t<\/svg>\n\t\t<\/button><figcaption class=\"wp-element-caption\">Fot\u00f3: Ank Kumar, CC BY-SA 4.0, Wikimedia Commons<\/figcaption><\/figure>\n\n\n\n<h3 class=\"wp-block-heading\"><span class=\"ez-toc-section\" id=\"10_A_Residenzplatz_es_az_onbizalommal_teli_szokokut\"><\/span>10. A Residenzplatz \u00e9s az \u00f6nbizalommal teli sz\u00f6k\u0151k\u00fat<span class=\"ez-toc-section-end\"><\/span><\/h3>\n\n\n\n<p class=\"wp-block-paragraph\">K\u00f6zvetlen\u00fcl a t\u00f6rt\u00e9nelmi v\u00e1rosk\u00f6zpontban, palot\u00e1kkal \u00e9s m\u00fazeummal k\u00f6r\u00fclv\u00e9ve fekszik a t\u00e1gas Residenzplatz. K\u00f6zep\u00e9n \u00e1ll a <strong>hatalmas barokk sz\u00f6k\u0151k\u00fat \u00e1gaskod\u00f3 lovakkal<\/strong>, amely k\u00f6r\u00fcl Maria b\u0151r\u00f6nddel a kez\u00e9ben vid\u00e1man ugr\u00e1l \u00e9s fr\u00f6csk\u00f6li a vizet, mik\u00f6zben az I Have Confidence c\u00edm\u0171 dalt \u00e9nekli a kolostorb\u00f3l az \u00faj munkahely\u00e9re vezet\u0151 \u00faton.<\/p>\n\n\n\n<p class=\"wp-block-paragraph\">A t\u00e9r Salzburg teljes k\u00f6z\u00e9ppontja, \u00e9s <strong>a nap b\u00e1rmely szak\u00e1ban teljesen szabadon l\u00e1togathat\u00f3<\/strong>. A h\u00edres sz\u00f6k\u0151k\u00faton k\u00edv\u00fcl itt l\u00e1thatod a Fiaker n\u00e9vre hallgat\u00f3 hagyom\u00e1nyos lovas kocsik parkol\u00f3j\u00e1t is, amelyek csod\u00e1latos t\u00f6rt\u00e9nelmi hangulatot k\u00f6lcs\u00f6n\u00f6znek a helynek. A k\u00f6rnyez\u0151 harangj\u00e1t\u00e9k r\u00e1ad\u00e1sul rendszeresen j\u00e1tszik dallamokat, k\u00f6zt\u00fck Mozart\u00e9it is.<\/p>\n\n\n\n<p class=\"wp-block-paragraph\">December folyam\u00e1n ez a t\u00e9r felismerhetetlenn\u00e9 v\u00e1ltozik. <strong>Itt tartj\u00e1k a legnagyobb salzburgi adventi v\u00e1s\u00e1rokat<\/strong>, amelyek forralt bort\u00f3l, m\u00e9zeskal\u00e1cst\u00f3l \u00e9s s\u00fclt geszteny\u00e9t\u0151l illatoznak. Csod\u00e1latos l\u00e1tv\u00e1ny, de a f\u00e1b\u00f3l \u00e1csolt b\u00f3d\u00e9k miatt mag\u00e1t a sz\u00f6k\u0151kutat szinte nem is l\u00e1tod.<\/p>\n\n\n\n<p class=\"wp-block-paragraph\">\ud83d\udca1 Tipp: Pr\u00f3b\u00e1lj meg kora reggel meg\u00e1llni a t\u00e9ren, miel\u0151tt elindulnak az els\u0151 turistakocsik, \u00e9s miel\u0151tt kinyitnak a k\u00f6rnyez\u0151 m\u00fazeumok. <strong>\u00c9lvezni fogod az \u00fcres v\u00e1ros csod\u00e1latos hangulat\u00e1t<\/strong>, \u00e9s remek fot\u00f3kat k\u00e9sz\u00edthetsz a hatalmas sz\u00f6k\u0151k\u00fatr\u00f3l embert\u00f6megek n\u00e9lk\u00fcl.<\/p>\n\n\n\n<figure data-wp-context=\"{&quot;imageId&quot;:&quot;6a96697aba370&quot;}\" data-wp-interactive=\"core\/image\" data-wp-key=\"6a96697aba370\" class=\"wp-block-image size-full wp-lightbox-container\"><img decoding=\"async\" width=\"1280\" height=\"846\" data-wp-class--hide=\"state.isContentHidden\" data-wp-class--show=\"state.isContentVisible\" data-wp-init=\"callbacks.setButtonStyles\" data-wp-on--click=\"actions.showLightbox\" data-wp-on--load=\"callbacks.setButtonStyles\" data-wp-on--pointerdown=\"actions.preloadImage\" data-wp-on--pointerenter=\"actions.preloadImageWithDelay\" data-wp-on--pointerleave=\"actions.cancelPreload\" data-wp-on-window--resize=\"callbacks.setButtonStyles\" src=\"https:\/\/loudavymkrokem.cz\/wp-content\/uploads\/2026\/07\/werfen-2.jpg\" alt=\"A Hohenwerfen v\u00e1r egy hegyi v\u00f6lgy f\u00f6l\u00f6tt Werfen k\u00f6zel\u00e9ben\" class=\"wp-image-350791\" title=\"\" srcset=\"https:\/\/loudavymkrokem.cz\/wp-content\/uploads\/2026\/07\/werfen-2.jpg 1280w, https:\/\/loudavymkrokem.cz\/wp-content\/uploads\/2026\/07\/werfen-2-300x198.jpg 300w, https:\/\/loudavymkrokem.cz\/wp-content\/uploads\/2026\/07\/werfen-2-700x463.jpg 700w, https:\/\/loudavymkrokem.cz\/wp-content\/uploads\/2026\/07\/werfen-2-768x508.jpg 768w, https:\/\/loudavymkrokem.cz\/wp-content\/uploads\/2026\/07\/werfen-2-696x460.jpg 696w\" sizes=\"(max-width: 1280px) 100vw, 1280px\" \/><button\n\t\t\tclass=\"lightbox-trigger\"\n\t\t\ttype=\"button\"\n\t\t\taria-haspopup=\"dialog\"\n\t\t\tdata-wp-bind--aria-label=\"state.thisImage.triggerButtonAriaLabel\"\n\t\t\tdata-wp-init=\"callbacks.initTriggerButton\"\n\t\t\tdata-wp-on--click=\"actions.showLightbox\"\n\t\t\tdata-wp-style--right=\"state.thisImage.buttonRight\"\n\t\t\tdata-wp-style--top=\"state.thisImage.buttonTop\"\n\t\t>\n\t\t\t<svg xmlns=\"http:\/\/www.w3.org\/2000\/svg\" width=\"12\" height=\"12\" fill=\"none\" viewBox=\"0 0 12 12\">\n\t\t\t\t<path fill=\"#fff\" d=\"M2 0a2 2 0 0 0-2 2v2h1.5V2a.5.5 0 0 1 .5-.5h2V0H2Zm2 10.5H2a.5.5 0 0 1-.5-.5V8H0v2a2 2 0 0 0 2 2h2v-1.5ZM8 12v-1.5h2a.5.5 0 0 0 .5-.5V8H12v2a2 2 0 0 1-2 2H8Zm2-12a2 2 0 0 1 2 2v2h-1.5V2a.5.5 0 0 0-.5-.5H8V0h2Z\" \/>\n\t\t\t<\/svg>\n\t\t<\/button><figcaption class=\"wp-element-caption\">Fot\u00f3: Diego Delso, CC BY-SA 4.0, Wikimedia Commons<\/figcaption><\/figure>\n\n\n\n<h3 class=\"wp-block-heading\"><span class=\"ez-toc-section\" id=\"11_Kirandulas_Werfenbe_es_a_hegyi_retekre\"><\/span>11. Kir\u00e1ndul\u00e1s Werfenbe \u00e9s a hegyi r\u00e9tekre<span class=\"ez-toc-section-end\"><\/span><\/h3>\n\n\n\n<p class=\"wp-block-paragraph\">Ha van aut\u00f3d, \u00e9s \u00e1t akarod \u00e9lni a film elej\u00e9nek igazi magashegyi hangulat\u00e1t, d\u00e9li ir\u00e1nyba kell indulnod. Salzburgt\u00f3l nagyj\u00e1b\u00f3l negyven kilom\u00e9terre, Werfen v\u00e1rosk\u00e1ja mellett fekszik a h\u00edres The Sound of Music Trail. Pontosan ez az a ter\u00fclet, ahol <strong>Maria a hegyi r\u00e9ten a musical c\u00edmad\u00f3 dal\u00e1t \u00e9nekli<\/strong>, \u00e9s sz\u00e9tt\u00e1rt karokkal forog.<\/p>\n\n\n\n<p class=\"wp-block-paragraph\">Az \u00fat gy\u00f6ny\u00f6r\u0171 kil\u00e1t\u00f3pontokon vezet v\u00e9gig az alpesi v\u00f6lgyre \u00e9s a <strong>hatalmas Hohenwerfen v\u00e1rra, amely a v\u00f6lgy k\u00f6zep\u00e9n egy szikl\u00e1n magasodik<\/strong>. Maga a r\u00e9t a filmes paddal remek\u00fcl jel\u00f6lt, \u00e9s nem meger\u0151ltet\u0151 turista\u00fatvonal vezet hozz\u00e1. Teljesen t\u00f6k\u00e9letes hely egy piknikre a Tennengebirge massz\u00edvum\u00e1ra ny\u00edl\u00f3 kil\u00e1t\u00e1ssal.<\/p>\n\n\n\n<p class=\"wp-block-paragraph\">Ha m\u00e1r Werfenben j\u00e1rsz, semmik\u00e9pp ne hagyd ki a <strong>vil\u00e1g legnagyobb j\u00e9gbarlangj\u00e1nak, az Eisriesenweltnek<\/strong> a l\u00e1togat\u00e1s\u00e1t sem. Magasan a hegyekben fekszik, \u00e9s libeg\u0151vel kell felmenned hozz\u00e1, majd m\u00e9g egy darabon gyalogolnod, de a benti j\u00e9gform\u00e1ci\u00f3k hihetetlenek.<\/p>\n\n\n\n<p class=\"wp-block-paragraph\">\ud83d\udca1 Tipp: \u00d6lt\u00f6zz melegen. M\u00e9g ha lent Salzburgban forr\u00f3 ny\u00e1r is uralkodik, <strong>a j\u00e9gbarlang belsej\u00e9ben eg\u00e9sz \u00e9vben fagy van<\/strong>, a hegyi r\u00e9teken pedig gyakran f\u00faj hideg sz\u00e9l. A stabil l\u00e1bbeli ehhez a kir\u00e1ndul\u00e1shoz teljesen elengedhetetlen.<\/p>\n\n\n\n<figure data-wp-context=\"{&quot;imageId&quot;:&quot;6a96697aba9c7&quot;}\" data-wp-interactive=\"core\/image\" data-wp-key=\"6a96697aba9c7\" class=\"wp-block-image size-full wp-lightbox-container\"><img decoding=\"async\" width=\"640\" height=\"480\" data-wp-class--hide=\"state.isContentHidden\" data-wp-class--show=\"state.isContentVisible\" data-wp-init=\"callbacks.setButtonStyles\" data-wp-on--click=\"actions.showLightbox\" data-wp-on--load=\"callbacks.setButtonStyles\" data-wp-on--pointerdown=\"actions.preloadImage\" data-wp-on--pointerenter=\"actions.preloadImageWithDelay\" data-wp-on--pointerleave=\"actions.cancelPreload\" data-wp-on-window--resize=\"callbacks.setButtonStyles\" src=\"https:\/\/loudavymkrokem.cz\/wp-content\/uploads\/2026\/07\/frohnburg-0.jpg\" alt=\"A Frohnburg-kast\u00e9ly f\u00e1k k\u00f6z\u00f6tt Salzburg sz\u00e9l\u00e9n\" class=\"wp-image-350825\" title=\"\" srcset=\"https:\/\/loudavymkrokem.cz\/wp-content\/uploads\/2026\/07\/frohnburg-0.jpg 640w, https:\/\/loudavymkrokem.cz\/wp-content\/uploads\/2026\/07\/frohnburg-0-300x225.jpg 300w, https:\/\/loudavymkrokem.cz\/wp-content\/uploads\/2026\/07\/frohnburg-0-80x60.jpg 80w, https:\/\/loudavymkrokem.cz\/wp-content\/uploads\/2026\/07\/frohnburg-0-160x120.jpg 160w\" sizes=\"(max-width: 640px) 100vw, 640px\" \/><button\n\t\t\tclass=\"lightbox-trigger\"\n\t\t\ttype=\"button\"\n\t\t\taria-haspopup=\"dialog\"\n\t\t\tdata-wp-bind--aria-label=\"state.thisImage.triggerButtonAriaLabel\"\n\t\t\tdata-wp-init=\"callbacks.initTriggerButton\"\n\t\t\tdata-wp-on--click=\"actions.showLightbox\"\n\t\t\tdata-wp-style--right=\"state.thisImage.buttonRight\"\n\t\t\tdata-wp-style--top=\"state.thisImage.buttonTop\"\n\t\t>\n\t\t\t<svg xmlns=\"http:\/\/www.w3.org\/2000\/svg\" width=\"12\" height=\"12\" fill=\"none\" viewBox=\"0 0 12 12\">\n\t\t\t\t<path fill=\"#fff\" d=\"M2 0a2 2 0 0 0-2 2v2h1.5V2a.5.5 0 0 1 .5-.5h2V0H2Zm2 10.5H2a.5.5 0 0 1-.5-.5V8H0v2a2 2 0 0 0 2 2h2v-1.5ZM8 12v-1.5h2a.5.5 0 0 0 .5-.5V8H12v2a2 2 0 0 1-2 2H8Zm2-12a2 2 0 0 1 2 2v2h-1.5V2a.5.5 0 0 0-.5-.5H8V0h2Z\" \/>\n\t\t\t<\/svg>\n\t\t<\/button><figcaption class=\"wp-element-caption\">Fot\u00f3: Luckyprof (talk), CC BY-SA 3.0 at, Wikimedia Commons<\/figcaption><\/figure>\n\n\n\n<h2 class=\"wp-block-heading\"><span class=\"ez-toc-section\" id=\"A_muzsika_hangja_mi_az_igazsag_es_mi_Hollywood\"><\/span>A muzsika hangja: mi az igazs\u00e1g \u00e9s mi Hollywood<span class=\"ez-toc-section-end\"><\/span><\/h2>\n\n\n\n<p class=\"wp-block-paragraph\">Ha elkezdesz ut\u00e1naj\u00e1rni a val\u00f3di t\u00f6rt\u00e9netnek, r\u00e1j\u00f6ssz, hogy a filmesek alaposan elj\u00e1tszottak a val\u00f3s\u00e1ggal. A legnagyobb ill\u00fazi\u00f3 maga a von Trapp csal\u00e1d vill\u00e1ja. Ahogy m\u00e1r a bevezet\u0151ben eml\u00edtettem, a <strong>v\u00e1szonr\u00f3l ismert h\u00e1z a val\u00f3s\u00e1gban nem l\u00e9tezik<\/strong>. Az el\u00fcls\u0151 oldal a kov\u00e1csoltvas kapuval a Frohnburg-kast\u00e9lyhoz tartozik, a h\u00e1ts\u00f3 terasz a t\u00f3val a Leopoldskron-kast\u00e9ly r\u00e9sze, az \u00f6sszes t\u00e1gas bels\u0151 teret az \u00f3ri\u00e1si l\u00e9pcs\u0151vel pedig hollywoodi st\u00fadi\u00f3kban \u00e9p\u00edtett\u00e9k az \u00e1csok.<\/p>\n\n\n\n<p class=\"wp-block-paragraph\">M\u00e9g \u00e9rdekesebb a helyzet a h\u00edres sz\u00f6k\u00e9ssel. A filmben a csal\u00e1d h\u00e1tizs\u00e1kkal a h\u00e1t\u00e1n dr\u00e1maian \u00e1tkel a h\u00f3f\u00f6dte Untersberg-hegyeken Sv\u00e1jc ir\u00e1ny\u00e1ba. Nagyszer\u0171en hangzik, de van egy nagy f\u00f6ldrajzi b\u00f6kken\u0151. <strong>Az e konkr\u00e9t hegyeken \u00e1tvezet\u0151 \u00fat egyenesen N\u00e9metorsz\u00e1gba vezetn\u00e9 \u0151ket<\/strong>, csak p\u00e1r kilom\u00e9terre Hitler hegyi rezidenci\u00e1j\u00e1t\u00f3l, az Obersalzbergt\u0151l Berchtesgadenben. A val\u00f3di csal\u00e1d egyszer\u0171en bez\u00e1rta aigeni h\u00e1za ajtaj\u00e1t, els\u00e9t\u00e1lt a k\u00f6zeli vas\u00fat\u00e1llom\u00e1sra, \u00e9s nyugodtan elutazott Olaszorsz\u00e1gba, majd onnan Amerik\u00e1ba.<\/p>\n\n\n\n<p class=\"wp-block-paragraph\">A filmes logisztika m\u00e1sik p\u00e9ld\u00e1ja a h\u00edres \u00fcvegpavilon. Ez a forgat\u00e1s alatt val\u00f3ban a Leopoldskron-kast\u00e9ly tava mellett \u00e1llt. Csakhogy a premier ut\u00e1n rajong\u00f3k ezrei kezdtek \u00f6z\u00f6nleni hozz\u00e1, \u00e9s a f\u00f6ldtulajdonosok ennek egy\u00e1ltal\u00e1n nem \u00f6r\u00fcltek. <strong>A v\u00e1ros ez\u00e9rt elk\u00f6lt\u00f6ztette a pavilont<\/strong> a Hellbrunn-kast\u00e9ly melletti nyilv\u00e1nos parkba, ahol a mai napig \u00e1ll, igaz, bez\u00e1rva, azon turist\u00e1k biztons\u00e1ga miatt, akik t\u00e1ncmutatv\u00e1nyokat pr\u00f3b\u00e1ltak benne ut\u00e1nozni.<\/p>\n\n\n\n<p class=\"wp-block-paragraph\">\u00c9rdekes paradoxon, hogyan viszonyulnak a filmhez maguk a v\u00e1ros lak\u00f3i. Mik\u00f6zben Salzburgba minden \u00e9vben amerikaiak \u00e9s britek sz\u00e1zezrei \u00e9rkeznek puszt\u00e1n e musical miatt, <strong>a helyi osztr\u00e1kok t\u00f6bbs\u00e9ge a filmet val\u00f3j\u00e1ban soha nem is l\u00e1tta<\/strong>. Sz\u00e1mukra Salzburg m\u00e9g mindig els\u0151sorban Mozart \u00e9s a klasszikus zene v\u00e1rosa. Csak az ut\u00f3bbi \u00e9vekben eszm\u00e9lt r\u00e1 a v\u00e1ros igaz\u00e1n a hatalmas turisztikai potenci\u00e1lra, \u00e9s kezdte jobban n\u00e9pszer\u0171s\u00edteni \u00e9s v\u00e9deni a filmes \u00f6r\u00f6ks\u00e9get.<\/p>\n\n\n\n<figure data-wp-context=\"{&quot;imageId&quot;:&quot;6a96697abaee4&quot;}\" data-wp-interactive=\"core\/image\" data-wp-key=\"6a96697abaee4\" class=\"wp-block-image size-full wp-lightbox-container\"><img decoding=\"async\" width=\"1280\" height=\"853\" data-wp-class--hide=\"state.isContentHidden\" data-wp-class--show=\"state.isContentVisible\" data-wp-init=\"callbacks.setButtonStyles\" data-wp-on--click=\"actions.showLightbox\" data-wp-on--load=\"callbacks.setButtonStyles\" data-wp-on--pointerdown=\"actions.preloadImage\" data-wp-on--pointerenter=\"actions.preloadImageWithDelay\" data-wp-on--pointerleave=\"actions.cancelPreload\" data-wp-on-window--resize=\"callbacks.setButtonStyles\" src=\"https:\/\/loudavymkrokem.cz\/wp-content\/uploads\/2024\/11\/ubytovani-salzburg.jpg\" alt=\"Sz\u00e1ll\u00e1s Salzburg t\u00f6rt\u00e9nelmi k\u00f6zpontj\u00e1ban\" class=\"wp-image-90026\" title=\"\" srcset=\"https:\/\/loudavymkrokem.cz\/wp-content\/uploads\/2024\/11\/ubytovani-salzburg.jpg 1280w, https:\/\/loudavymkrokem.cz\/wp-content\/uploads\/2024\/11\/ubytovani-salzburg-300x200.jpg 300w, https:\/\/loudavymkrokem.cz\/wp-content\/uploads\/2024\/11\/ubytovani-salzburg-700x466.jpg 700w, https:\/\/loudavymkrokem.cz\/wp-content\/uploads\/2024\/11\/ubytovani-salzburg-768x512.jpg 768w, https:\/\/loudavymkrokem.cz\/wp-content\/uploads\/2024\/11\/ubytovani-salzburg-696x464.jpg 696w\" sizes=\"(max-width: 1280px) 100vw, 1280px\" \/><button\n\t\t\tclass=\"lightbox-trigger\"\n\t\t\ttype=\"button\"\n\t\t\taria-haspopup=\"dialog\"\n\t\t\tdata-wp-bind--aria-label=\"state.thisImage.triggerButtonAriaLabel\"\n\t\t\tdata-wp-init=\"callbacks.initTriggerButton\"\n\t\t\tdata-wp-on--click=\"actions.showLightbox\"\n\t\t\tdata-wp-style--right=\"state.thisImage.buttonRight\"\n\t\t\tdata-wp-style--top=\"state.thisImage.buttonTop\"\n\t\t>\n\t\t\t<svg xmlns=\"http:\/\/www.w3.org\/2000\/svg\" width=\"12\" height=\"12\" fill=\"none\" viewBox=\"0 0 12 12\">\n\t\t\t\t<path fill=\"#fff\" d=\"M2 0a2 2 0 0 0-2 2v2h1.5V2a.5.5 0 0 1 .5-.5h2V0H2Zm2 10.5H2a.5.5 0 0 1-.5-.5V8H0v2a2 2 0 0 0 2 2h2v-1.5ZM8 12v-1.5h2a.5.5 0 0 0 .5-.5V8H12v2a2 2 0 0 1-2 2H8Zm2-12a2 2 0 0 1 2 2v2h-1.5V2a.5.5 0 0 0-.5-.5H8V0h2Z\" \/>\n\t\t\t<\/svg>\n\t\t<\/button><\/figure>\n\n\n\n<h2 class=\"wp-block-heading\"><span class=\"ez-toc-section\" id=\"Hol_szallj_meg\"><\/span>Hol sz\u00e1llj meg<span class=\"ez-toc-section-end\"><\/span><\/h2>\n\n\n\n<p class=\"wp-block-paragraph\">A salzburgi sz\u00e1ll\u00e1s alaposan meg tudja terhelni a k\u00f6lts\u00e9gvet\u00e9st, k\u00fcl\u00f6n\u00f6sen ny\u00e1ron \u00e9s adventkor. De ha a l\u00e1togat\u00e1sb\u00f3l a maximumot akarod kihozni, meg\u00e9ri egy kicsit t\u00f6bbet fizetni a j\u00f3 fekv\u00e9s\u00e9rt, mert nagyon sokat gyalogolsz. Az \u00f3v\u00e1ros k\u00edn\u00e1lja a legszebb t\u00f6rt\u00e9nelmi sz\u00e1llod\u00e1kat, de sz\u00e1molj a magasabb \u00e1rakkal \u00e9s a korl\u00e1tozott parkol\u00e1ssal. Ha olcs\u00f3bb v\u00e1ltozatokat keresel, n\u00e9zz k\u00f6r\u00fcl a f\u0151p\u00e1lyaudvar k\u00f6r\u00fcli vagy a Mirabell-kertek fel\u00e9 es\u0151 v\u00e1rosr\u00e9szekben. <strong>Teljesen egyed\u00fcl\u00e1ll\u00f3 \u00e9lm\u00e9ny pedig az \u00e9jszak\u00e1z\u00e1s k\u00f6zvetlen\u00fcl a filmforgat\u00e1si helysz\u00edneken<\/strong>.<\/p>\n\n\n\n<p class=\"wp-block-paragraph\">\u00cdme a konkr\u00e9t, kiv\u00e1l\u00f3an \u00e9rt\u00e9kelt sz\u00e1llod\u00e1k list\u00e1ja, amelyeket a l\u00e1togat\u00e1sodhoz aj\u00e1nlani tudok:<\/p>\n\n\n\n<ul class=\"wp-block-list\">\n\n<li>  <strong>Schloss Leopoldskron:<\/strong> Aludhatsz k\u00f6zvetlen\u00fcl a kast\u00e9lyban, amely a t\u00f3partr\u00f3l a filmes kulissz\u00e1t alkotta. Luxus\u00e9lm\u00e9ny a legig\u00e9nyesebbeknek, csod\u00e1latos reggelikkel a d\u00edszes termekben.<\/li>\n\n\n\n<li>  <strong>Villa Trapp:<\/strong> Ez a butiksz\u00e1lloda a nyugodt aigeni v\u00e1rosr\u00e9szben fekszik, \u00e9s lehet\u0151v\u00e9 teszi, hogy a val\u00f3di von Trapp csal\u00e1d eredeti szob\u00e1iban sz\u00e1llj meg, bele\u00e9rtve Maria lakoszt\u00e1ly\u00e1t is.<\/li>\n\n\n\n<li>  <strong>Hotel Sacher Salzburg:<\/strong> Az ikonikus \u00f6tcsillagos sz\u00e1lloda k\u00f6zvetlen\u00fcl a Salzach foly\u00f3 partj\u00e1n fekszik, \u00e9s a luxusszolg\u00e1ltat\u00e1s mellett a t\u00f6k\u00e9letes k\u00e1v\u00e9z\u00f3j\u00e1r\u00f3l \u00e9s az \u00f3v\u00e1rosra ny\u00edl\u00f3 kil\u00e1t\u00e1s\u00e1r\u00f3l h\u00edres.<\/li>\n\n\n\n<li>  <strong>Boutiquehotel Am Dom:<\/strong> Gy\u00f6ny\u00f6r\u0171 diz\u00e1jnsz\u00e1llod\u00e1t tal\u00e1lsz k\u00f6zvetlen\u00fcl a t\u00f6rt\u00e9nelmi k\u00f6zpont sz\u00edv\u00e9ben, a katedr\u00e1lis mellett. Kiv\u00e9teles a t\u00f6rt\u00e9nelmi gerend\u00e1k \u00e9s a modern olasz design \u00e9rz\u00e9keny kever\u00e9k\u00e9\u00e9rt.<\/li>\n\n\n\n<li>  <strong>Hotel Goldgasse:<\/strong> A kis butiksz\u00e1lloda az azonos nev\u0171 utc\u00e1csk\u00e1ban rejt\u0151zik. Minden szob\u00e1nak m\u00e1s a mot\u00edvuma, \u00e9s mindenekel\u0151tt a r\u00e9szletekre val\u00f3 t\u00f6k\u00e9letes odafigyel\u00e9s\u00fckkel \u00e9s kiv\u00e1l\u00f3 tisztas\u00e1gukkal t\u0171nnek ki.<\/li>\n\n\n\n<li>  <strong>IMLAUER Hotel Pitter:<\/strong> A nagyobb, modern sz\u00e1lloda egy r\u00f6vid s\u00e9t\u00e1ra van a Mirabell-kertekt\u0151l. Mindenekel\u0151tt csod\u00e1latos tet\u0151b\u00e1rj\u00e1val \u00e9s panor\u00e1m\u00e1s kil\u00e1t\u00e1ssal a v\u00e1rosra rendelkez\u0151 \u00e9tterm\u00e9vel fog meg.<\/li>\n\n\n\n<li>  <strong>Motel One Salzburg-Mirabell:<\/strong> Megb\u00edzhat\u00f3 \u00e9s megfizethet\u0151bb v\u00e1laszt\u00e1s a foly\u00f3 k\u00f6zel\u00e9ben. Modern, b\u00e1r kisebb szob\u00e1kat k\u00edn\u00e1l, \u00e9s remek\u00fcl m\u0171k\u00f6dik alapt\u00e1bork\u00e9nt a v\u00e1ros gyalogos felfedez\u00e9s\u00e9hez.<\/li>\n\n\n<\/ul>\n\n\n\n<p class=\"wp-block-paragraph\">Az \u00f6sszes sz\u00e1lloda aktu\u00e1lis \u00e1rainak \u00e9s el\u00e9rhet\u0151s\u00e9g\u00e9nek egyszer\u0171 \u00f6sszehasonl\u00edt\u00e1s\u00e1hoz <strong>aj\u00e1nlom a <a class=\"thirstylink\" rel=\"nofollow\" target=\"_blank\" title=\"Booking.com\" href=\"https:\/\/loudavymkrokem.cz\/doporucujeme\/booking-com\/\" data-shortcode=\"true\">Booking.com<\/a> port\u00e1l haszn\u00e1lat\u00e1t<\/strong>, ahol r\u00e9szletes \u00e9rt\u00e9kel\u00e9seket is tal\u00e1lsz a kor\u00e1bbi vend\u00e9gekt\u0151l.<\/p>\n\n\n\n\n<figure data-wp-context=\"{&quot;imageId&quot;:&quot;6a96697abb4a5&quot;}\" data-wp-interactive=\"core\/image\" data-wp-key=\"6a96697abb4a5\" class=\"wp-block-image size-full wp-lightbox-container\"><img decoding=\"async\" width=\"1200\" height=\"800\" data-wp-class--hide=\"state.isContentHidden\" data-wp-class--show=\"state.isContentVisible\" data-wp-init=\"callbacks.setButtonStyles\" data-wp-on--click=\"actions.showLightbox\" data-wp-on--load=\"callbacks.setButtonStyles\" data-wp-on--pointerdown=\"actions.preloadImage\" data-wp-on--pointerenter=\"actions.preloadImageWithDelay\" data-wp-on--pointerleave=\"actions.cancelPreload\" data-wp-on-window--resize=\"callbacks.setButtonStyles\" src=\"https:\/\/loudavymkrokem.cz\/wp-content\/uploads\/2025\/05\/co-videt-v-salzburgu-72.jpg\" alt=\"A salzburgi \u00f3v\u00e1ros utc\u00e1csk\u00e1i\" class=\"wp-image-96634\" title=\"\" srcset=\"https:\/\/loudavymkrokem.cz\/wp-content\/uploads\/2025\/05\/co-videt-v-salzburgu-72.jpg 1200w, https:\/\/loudavymkrokem.cz\/wp-content\/uploads\/2025\/05\/co-videt-v-salzburgu-72-300x200.jpg 300w, https:\/\/loudavymkrokem.cz\/wp-content\/uploads\/2025\/05\/co-videt-v-salzburgu-72-700x467.jpg 700w, https:\/\/loudavymkrokem.cz\/wp-content\/uploads\/2025\/05\/co-videt-v-salzburgu-72-768x512.jpg 768w, https:\/\/loudavymkrokem.cz\/wp-content\/uploads\/2025\/05\/co-videt-v-salzburgu-72-696x464.jpg 696w\" sizes=\"(max-width: 1200px) 100vw, 1200px\" \/><button\n\t\t\tclass=\"lightbox-trigger\"\n\t\t\ttype=\"button\"\n\t\t\taria-haspopup=\"dialog\"\n\t\t\tdata-wp-bind--aria-label=\"state.thisImage.triggerButtonAriaLabel\"\n\t\t\tdata-wp-init=\"callbacks.initTriggerButton\"\n\t\t\tdata-wp-on--click=\"actions.showLightbox\"\n\t\t\tdata-wp-style--right=\"state.thisImage.buttonRight\"\n\t\t\tdata-wp-style--top=\"state.thisImage.buttonTop\"\n\t\t>\n\t\t\t<svg xmlns=\"http:\/\/www.w3.org\/2000\/svg\" width=\"12\" height=\"12\" fill=\"none\" viewBox=\"0 0 12 12\">\n\t\t\t\t<path fill=\"#fff\" d=\"M2 0a2 2 0 0 0-2 2v2h1.5V2a.5.5 0 0 1 .5-.5h2V0H2Zm2 10.5H2a.5.5 0 0 1-.5-.5V8H0v2a2 2 0 0 0 2 2h2v-1.5ZM8 12v-1.5h2a.5.5 0 0 0 .5-.5V8H12v2a2 2 0 0 1-2 2H8Zm2-12a2 2 0 0 1 2 2v2h-1.5V2a.5.5 0 0 0-.5-.5H8V0h2Z\" \/>\n\t\t\t<\/svg>\n\t\t<\/button><\/figure>\n\n\n\n<h2 class=\"wp-block-heading\"><span class=\"ez-toc-section\" id=\"Hol_egyel\"><\/span>Hol egy\u00e9l<span class=\"ez-toc-section-end\"><\/span><\/h2>\n\n\n\n<p class=\"wp-block-paragraph\">Figyelmeztet\u00e9s mindenkinek, aki k\u00f6nny\u0171 \u00f6lt\u00f6z\u00e9kben \u00e9rkezik: az osztr\u00e1k konyha nem k\u00edm\u00e9li az adagokat. A <strong>K\u00e4sesp\u00e4tzle<\/strong> (csod\u00e1latosan ny\u00fal\u00f3s sajtos sp\u00e4tzle pir\u00edtott hagym\u00e1val megsz\u00f3rva) pontosan olyan sajtos \u00e9s neh\u00e9z, ahogy a neve sejteti, \u00e9s megb\u00edzhat\u00f3an j\u00f3llakat eg\u00e9sz napra. Ami pedig a desszertet illeti, a legend\u00e1s <strong>Salzburger Nockerl<\/strong> olyan hatalmas, hogy m\u00e1r az els\u0151 falat el\u0151tt kiss\u00e9 megr\u00e9m\u00edszt (r\u00e1ad\u00e1sul h\u00e1rom alpesi cs\u00facs form\u00e1j\u00e1ban s\u00fctik). Kiv\u00e1l\u00f3 a hagyom\u00e1nyos t\u00e9pett palacsinta, a Kaiserschmarrn is almap\u00fcr\u00e9vel, vagy a klasszikus alm\u00e1s r\u00e9tes.<\/p>\n\n\n\n<p class=\"wp-block-paragraph\">A h\u00faskedvel\u0151k a helyi \u00e9ttermekben rendszerint az \u00f3ri\u00e1si <strong>b\u00e9csi szeletet (Wiener Schnitzel) burgonyasal\u00e1t\u00e1val<\/strong> vagy a hagyom\u00e1nyos paraszti lakom\u00e1t, a Bauernschmaust keresik, ami egy t\u00e1ny\u00e9r tele k\u00fcl\u00f6nf\u00e9le s\u00fclt \u00e9s f\u00fcst\u00f6lt h\u00fassal, k\u00e1poszt\u00e1val \u00e9s gomb\u00f3ccal. Mindezeket a helyi k\u00fcl\u00f6nlegess\u00e9geket a h\u00edres <strong>B\u00e4renwirt<\/strong> \u00e9tteremben k\u00edn\u00e1lj\u00e1k, amely a v\u00e1ros egyik legr\u00e9gebbi vend\u00e9gl\u0151je, \u00e9s hihetetlen\u00fcl \u00edzesen f\u0151znek.<\/p>\n\n\n\n<p class=\"wp-block-paragraph\">Ha kiv\u00e9teles \u00e9lm\u00e9nyre v\u00e1gysz, pr\u00f3b\u00e1lj asztalt foglalni a <strong>St. Peter Stiftskulinariumban<\/strong>. Azt \u00e1ll\u00edtj\u00e1k, hogy ez Eur\u00f3pa legr\u00e9gebbi m\u0171k\u00f6d\u0151 \u00e9tterme, k\u00f6zvetlen\u00fcl a sziklapinc\u00e9kben tal\u00e1lhat\u00f3, \u00e9s az \u0151si hangulat\u00e1nak t\u00e9nyleg \u00f3ri\u00e1si var\u00e1zsa van. A d\u00e9lut\u00e1ni k\u00e1v\u00e9ra \u00e9s a h\u00edres tort\u00e1ra pedig a t\u00f6rt\u00e9nelmi <strong>Cafe Tomaselli<\/strong> k\u00e1v\u00e9z\u00f3ba kell menned az Alter Markt t\u00e9ren, ahov\u00e1 m\u00e1r maga Mozart is j\u00e1rt k\u00e1v\u00e9ra. Egy klasszikus vacsor\u00e1ra kit\u0171n\u0151 helyi s\u00f6rrel \u00e9s remek hangulattal a nagy <strong>Sternbr\u00e4u<\/strong> komplexumot aj\u00e1nlom, amely hatalmas \u00e9telv\u00e1laszt\u00e9kot \u00e9s kellemes k\u00fclt\u00e9ri kertet is k\u00edn\u00e1l.<\/p>\n\n\n\n<h2 class=\"wp-block-heading\"><span class=\"ez-toc-section\" id=\"Gyors_puska_filmforgatasi_helyszinek_Salzburgban_es_kornyeken\"><\/span>Gyors puska: filmforgat\u00e1si helysz\u00ednek Salzburgban \u00e9s k\u00f6rny\u00e9k\u00e9n<span class=\"ez-toc-section-end\"><\/span><\/h2>\n\n\n\n<p class=\"wp-block-paragraph\">Hogy jobban eligazodj mindezeken a helyeken, \u00f6ssze\u00e1ll\u00edtottam neked egy \u00e1ttekinthet\u0151 t\u00e1bl\u00e1zatot a legfontosabb filmforgat\u00e1si helysz\u00ednekkel.<\/p>\n\n\n\n<figure class=\"wp-block-table\"><table><thead><tr><th>Jelenet vagy dal<\/th><th>Val\u00f3di hely<\/th><th>Hol van<\/th><th>El\u00e9rhet\u0151s\u00e9g<\/th><\/tr><\/thead>\n<tbody><tr><td>Do-Re-Mi dal (fin\u00e1l\u00e9)<\/td><td>Mirabell-kertek<\/td><td>K\u00f6zpont, a foly\u00f3n\u00e1l<\/td><td>Ingyenes, nyilv\u00e1nosan l\u00e1togathat\u00f3<\/td><\/tr>\n<tr><td>Maria elhagyja a kolostort<\/td><td>Nonnberg-kolostor<\/td><td>Szikl\u00e1n az \u00f3v\u00e1ros f\u00f6l\u00f6tt<\/td><td>Udvar \u00e9s k\u00e1polna ingyenes, a t\u00f6bbi z\u00e1rt<\/td><\/tr>\n<tr><td>Sixteen Going on Seventeen<\/td><td>\u00dcvegpavilon<\/td><td>Hellbrunn-kast\u00e9ly parkja<\/td><td>Park ingyenes, pavilon z\u00e1rva<\/td><\/tr>\n<tr><td>A gyerekek kiesnek a cs\u00f3nakb\u00f3l<\/td><td>Schloss Leopoldskron<\/td><td>Salzburg d\u00e9li sz\u00e9le<\/td><td>Csak sz\u00e1llodai vend\u00e9geknek<\/td><\/tr>\n<tr><td>\u00c9rkez\u00e9s a vill\u00e1hoz (kapu)<\/td><td>Schloss Frohnburg<\/td><td>A Hellbrunner Alle\u00e9n\u00e1l<\/td><td>Nem l\u00e1togathat\u00f3 (zeneegyetem)<\/td><\/tr>\n<tr><td>B\u00fav\u00f3hely a sz\u00f6k\u00e9s el\u0151tt<\/td><td>Felsenreitschule<\/td><td>V\u00e1rosk\u00f6zpont<\/td><td>Vezetett t\u00far\u00e1kkal, idegenvezet\u0151vel<\/td><\/tr>\n<tr><td>I Have Confidence dal<\/td><td>Residenzplatz \u00e9s sz\u00f6k\u0151k\u00fat<\/td><td>Az \u00f3v\u00e1ros sz\u00edve<\/td><td>Ingyenes, nyilv\u00e1nosan l\u00e1togathat\u00f3<\/td><\/tr>\n<tr><td>Esk\u00fcv\u0151i szertart\u00e1s<\/td><td>Szent Mih\u00e1ly-bazilika<\/td><td>Mondsee v\u00e1roska (30 km)<\/td><td>Ingyenes, nyilv\u00e1nosan l\u00e1togathat\u00f3<\/td><\/tr>\n<tr><td>Nyit\u00f3dal a r\u00e9ten<\/td><td>The Sound of Music Trail<\/td><td>Werfen v\u00e1roska (40 km)<\/td><td>Ingyenes a turista\u00fatvonalon<\/td><\/tr>\n<\/tbody><\/table><\/figure>\n\n\n\n<h2 class=\"wp-block-heading\"><span class=\"ez-toc-section\" id=\"Merre_tovabb\"><\/span>Merre tov\u00e1bb<span class=\"ez-toc-section-end\"><\/span><\/h2>\n\n\n\n<p class=\"wp-block-paragraph\">Ha az osztr\u00e1k t\u00e1jak elvar\u00e1zsoltak, semmik\u00e9pp nem kell csak Salzburgban maradnod. A S\u00f3kamra (Salzkammergut) teljes vid\u00e9ke, amelyhez Salzburg egyfajta bej\u00e1ratot k\u00e9pez, v\u00e9gtelen mennyis\u00e9g\u0171 gy\u00f6ny\u00f6r\u0171 kir\u00e1ndul\u00e1st k\u00edn\u00e1l. A krist\u00e1lytiszta <a href=\"https:\/\/loudavymkrokem.cz\/hu\/ausztria-tavak-legszebb-helyek\/\">osztr\u00e1k tavak<\/a> csak p\u00e1r t\u00edz percnyi aut\u00f3\u00fatra fekszenek, \u00e9s t\u00f6k\u00e9letes ny\u00e1ri fel\u00fcd\u00fcl\u00e9st, valamint l\u00e9legzetel\u00e1ll\u00edt\u00f3 hegyi panor\u00e1m\u00e1kat k\u00edn\u00e1lnak.<\/p>\n\n\n\n<p class=\"wp-block-paragraph\">Ha hosszabb nyaral\u00e1st tervezel, \u00e9s igaz\u00e1n alaposan meg akarod ismerni az orsz\u00e1got, n\u00e9zd meg r\u00e9szletes <a href=\"https:\/\/loudavymkrokem.cz\/hu\/ausztria-korutazas-14-nap\/\">ausztriai road trip\u00fcnket: 14 napos \u00fatitervet<\/a>, amely B\u00e9cst\u0151l az Alpokon \u00e1t eg\u00e9szen a legszebb magashegyi h\u00e1g\u00f3kig vezet. Ausztria egyszer\u0171en olyan orsz\u00e1g, amely sokkal t\u00f6bbet k\u00edn\u00e1l, mint amit a legt\u00f6bben az indul\u00e1s el\u0151tt gondoln\u00e1nak.<\/p>\n\n\n\n\n<p class=\"wp-block-paragraph\">Ez a cikk a filmforgat\u00e1si helysz\u00ednekre \u00f6sszpontos\u00edt. Ha klasszikus v\u00e1roskalauzt keresel az er\u0151ddel, Mozart sz\u00fcl\u0151h\u00e1z\u00e1val, a katedr\u00e1lissal \u00e9s a k\u00f6rny\u00e9kbeli kir\u00e1ndul\u00e1si tippekkel, n\u00e9zd meg a <a href=\"https:\/\/loudavymkrokem.cz\/hu\/salzburg-ausztria-latnivalok\/\">Salzburg: 23 tipp, mit l\u00e1ss<\/a> cikket.<\/p>\n\n\n\n<h2 class=\"wp-block-heading\"><span class=\"ez-toc-section\" id=\"Gyakran_ismetelt_kerdesek\"><\/span>Gyakran ism\u00e9telt k\u00e9rd\u00e9sek<span class=\"ez-toc-section-end\"><\/span><\/h2>\n\n\n\n<p class=\"wp-block-paragraph\">Egy ilyen kir\u00e1ndul\u00e1s tervez\u00e9sekor mindig felmer\u00fcl egy csom\u00f3 gyakorlati k\u00e9rd\u00e9s. Ez\u00e9rt \u00f6ssze\u00e1ll\u00edtottam neked gyors v\u00e1laszokat a leggyakoribb k\u00e9rd\u00e9sekre, legyen sz\u00f3 a l\u00e1tnival\u00f3k bel\u00e9p\u0151ir\u0151l vagy a k\u00f6rny\u00e9ken val\u00f3 utaz\u00e1sr\u00f3l.<\/p>\n\n\n<div id=\"rank-math-faq\" class=\"rank-math-block\">\n<div class=\"rank-math-list \">\n<div id=\"faq-question-1785261183000\" class=\"rank-math-list-item\">\n<h3 class=\"rank-math-question \"><span class=\"ez-toc-section\" id=\"Be_lehet_menni_a_hires_filmes_lugasba\"><\/span>Be lehet menni a h\u00edres filmes lugasba?<span class=\"ez-toc-section-end\"><\/span><\/h3>\n<div class=\"rank-math-answer \">\n\n<p>Sajnos ez m\u00e1r nem lehets\u00e9ges. Biztons\u00e1gi okokb\u00f3l a v\u00e1ros v\u00e9glegesen lez\u00e1rta a lugast, miut\u00e1n egy turista megs\u00e9r\u00fclt, amikor megpr\u00f3b\u00e1lta ut\u00e1nozni a filmben l\u00e1that\u00f3 t\u00e1ncmozdulatokat. Azonban k\u00f6zelebbr\u0151l is megn\u00e9zheted \u00e9s lefot\u00f3zhatod a Hellbrunn kast\u00e9ly parkj\u00e1ban.<\/p>\n\n<\/div>\n<\/div>\n<div id=\"faq-question-1785261183001\" class=\"rank-math-list-item\">\n<h3 class=\"rank-math-question \"><span class=\"ez-toc-section\" id=\"Hol_allt_valojaban_a_von_Trapp_csalad_villaja\"><\/span>Hol \u00e1llt val\u00f3j\u00e1ban a von Trapp csal\u00e1d vill\u00e1ja?<span class=\"ez-toc-section-end\"><\/span><\/h3>\n<div class=\"rank-math-answer \">\n\n<p>Az igazi Villa Trapp az Aigen negyedben tal\u00e1lhat\u00f3 (Traunstra\u00dfe 34). Ma gy\u00f6ny\u00f6r\u0171 butikhotelk\u00e9nt m\u0171k\u00f6dik, ahol lefoglalhatsz egy szob\u00e1t \u00e9s aludhatsz a csal\u00e1d eredeti helyis\u00e9geiben, ak\u00e1r M\u00e1ria apartmanj\u00e1ban is.<\/p>\n\n<\/div>\n<\/div>\n<div id=\"faq-question-1785261183002\" class=\"rank-math-list-item\">\n<h3 class=\"rank-math-question \"><span class=\"ez-toc-section\" id=\"Mennyibe_kerul_egy_szervezett_Sound_of_Music_tura\"><\/span>Mennyibe ker\u00fcl egy szervezett Sound of Music t\u00fara?<span class=\"ez-toc-section-end\"><\/span><\/h3>\n<div class=\"rank-math-answer \">\n\n<p>A klasszikus buszos v\u00e1rosn\u00e9z\u00e9s, amely Salzburg f\u0151bb helysz\u00edneihez \u00e9s a t\u00f3vid\u00e9kre visz el, k\u00f6r\u00fclbel\u00fcl n\u00e9gy \u00f3r\u00e1t vesz ig\u00e9nybe. Az \u00e1r 87 amerikai doll\u00e1rt\u00f3l indul, ami k\u00f6r\u00fclbel\u00fcl 8 500 forint szem\u00e9lyenk\u00e9nt.<\/p>\n\n<\/div>\n<\/div>\n<div id=\"faq-question-1785261183003\" class=\"rank-math-list-item\">\n<h3 class=\"rank-math-question \"><span class=\"ez-toc-section\" id=\"Szukseges_autopalya-matrica_Ausztriaba\"><\/span>Sz\u00fcks\u00e9ges aut\u00f3p\u00e1lya-matrica Ausztri\u00e1ba?<span class=\"ez-toc-section-end\"><\/span><\/h3>\n<div class=\"rank-math-answer \">\n\n<p>Igen, az osztr\u00e1k aut\u00f3p\u00e1lya-matrica k\u00f6telez\u0151 az aut\u00f3p\u00e1ly\u00e1kon val\u00f3 k\u00f6zleked\u00e9shez. Ha Budapestr\u0151l Linzen \u00e1t vagy B\u00e9cs\u00e9n kereszt\u00fcl tervezel utazni, ne felejtsd el ide\u00e1lis esetben el\u0151re megv\u00e1s\u00e1rolni az ASFINAG hivatalos weboldal\u00e1n.<\/p>\n\n<\/div>\n<\/div>\n<div id=\"faq-question-1785261183004\" class=\"rank-math-list-item\">\n<h3 class=\"rank-math-question \"><span class=\"ez-toc-section\" id=\"A_Nonnberg_kolostor_rendes_turisztikai_latvanyossag\"><\/span>A Nonnberg kolostor rendes turisztikai l\u00e1tv\u00e1nyoss\u00e1g?<span class=\"ez-toc-section-end\"><\/span><\/h3>\n<div class=\"rank-math-answer \">\n\n<p>Nem, ez egy m\u00e9g mindig m\u0171k\u00f6d\u0151 benc\u00e9s ap\u00e1cak\u00f6z\u00f6ss\u00e9g otthona. Csak a fest\u0151i k\u00fcls\u0151 udvar \u00e9s a t\u00f6rt\u00e9nelmi k\u00e1polna szabadon l\u00e1togathat\u00f3. A l\u00e1togat\u00e1s sor\u00e1n szigor\u00faan csendes viselked\u00e9s \u00e9s a v\u00e1llat eltakar\u00f3 megfelel\u0151 \u00f6lt\u00f6zet sz\u00fcks\u00e9ges.<\/p>\n\n<\/div>\n<\/div>\n<div id=\"faq-question-1785261183005\" class=\"rank-math-list-item\">\n<h3 class=\"rank-math-question \"><span class=\"ez-toc-section\" id=\"Meg_lehet_nezni_a_Leopoldskron_kastelyt\"><\/span>Meg lehet n\u00e9zni a Leopoldskron kast\u00e9lyt?<span class=\"ez-toc-section-end\"><\/span><\/h3>\n<div class=\"rank-math-answer \">\n\n<p>A nagyk\u00f6z\u00f6ns\u00e9g sz\u00e1m\u00e1ra a kast\u00e9ly \u00e9s kertje z\u00e1rva van. Bent egy priv\u00e1t luxussz\u00e1lloda \u00e9s konferenciak\u00f6zpont m\u0171k\u00f6dik. Hogy bejuss \u00e9s l\u00e1sd a h\u00edres t\u00f3parti teraszt, sz\u00e1ll\u00e1st kell foglalnod vagy fizet\u0151s rendezv\u00e9nyen kell r\u00e9szt venned.<\/p>\n\n<\/div>\n<\/div>\n<div id=\"faq-question-1785261183006\" class=\"rank-math-list-item\">\n<h3 class=\"rank-math-question \"><span class=\"ez-toc-section\" id=\"Hova_menekult_a_csalad_valojaban\"><\/span>Hova menek\u00fclt a csal\u00e1d val\u00f3j\u00e1ban?<span class=\"ez-toc-section-end\"><\/span><\/h3>\n<div class=\"rank-math-answer \">\n\n<p>A filmmel ellent\u00e9tben nem menek\u00fcltek dr\u00e1mai m\u00f3don gyalog a magas hegyeken \u00e1t, mert az egyenesen a n\u00e1ci N\u00e9metorsz\u00e1gba vezette volna \u0151ket. Az igazi csal\u00e1d egyszer\u0171en bez\u00e1rta a h\u00e1zat, elment az aligeni meg\u00e1ll\u00f3hoz \u00e9s felsz\u00e1llt egy It\u00e1lia fel\u00e9 tart\u00f3 vonatra.<\/p>\n\n<\/div>\n<\/div>\n<div id=\"faq-question-1785261183007\" class=\"rank-math-list-item\">\n<h3 class=\"rank-math-question \"><span class=\"ez-toc-section\" id=\"Mikor_a_legjobb_idopont_Salzburg_meglatogatasara\"><\/span>Mikor a legjobb id\u0151pont Salzburg megl\u00e1togat\u00e1s\u00e1ra?<span class=\"ez-toc-section-end\"><\/span><\/h3>\n<div class=\"rank-math-answer \">\n\n<p>A filmes helysz\u00ednek \u00e9s kertek bej\u00e1r\u00e1s\u00e1hoz az ide\u00e1lis id\u0151szak m\u00e1jus \u00e9s szeptember k\u00f6z\u00f6tt van. Nagyon n\u00e9pszer\u0171 az adventi id\u0151szak is a gy\u00f6ny\u00f6r\u0171 v\u00e1s\u00e1rok miatt. Ker\u00fcld viszont j\u00faliust \u00e9s augusztust, amikor a v\u00e1ros hatalmas fesztiv\u00e1lt rendez \u00e9s a sz\u00e1ll\u00e1s\u00e1rak rendk\u00edv\u00fcl magasak.<\/p>\n\n<\/div>\n<\/div>\n<\/div>\n<\/div>","protected":false},"excerpt":{"rendered":"<p>Indulj vel\u00fcnk Salzburgba A muzsika hangja musical nyom\u00e1ban, \u00e9s fedezd fel a helyeket, ahol v\u00e9get \u00e9r a filmes ill\u00fazi\u00f3, \u00e9s kezd\u0151dik a leny\u0171g\u00f6z\u0151 val\u00f3s\u00e1g.<\/p>\n","protected":false},"author":3,"featured_media":350851,"comment_status":"open","ping_status":"open","sticky":false,"template":"","format":"standard","meta":{"_acf_changed":false,"footnotes":"","rank_math_title":"Ausztria Salzburg: 11 filmes helysz\u00edn 2026-ban","rank_math_description":"Ausztria Salzburg: fedezd fel A muzsika hangja 11 filmforgat\u00e1si helysz\u00edn\u00e9t a v\u00e1rosban \u00e9s k\u00f6rny\u00e9k\u00e9n! T\u00e9rk\u00e9p, tippek \u00e9s sz\u00e1ll\u00e1sok \u2013 tervezd meg az utad most!","rank_math_focus_keyword":"ausztria salzburg","rank_math_seo_score":""},"categories":[1843,1804,1788],"tags":[],"class_list":["post-409202","post","type-post","status-publish","format-standard","has-post-thumbnail","category-ausztria","category-europa","category-utazas"],"acf":[],"featured_image_src":"https:\/\/loudavymkrokem.cz\/wp-content\/uploads\/2026\/07\/pevnost-1.jpg","author_info":{"display_name":"Lucie Kone\u010dn\u00e1","author_link":"https:\/\/loudavymkrokem.cz\/hu\/author\/lucie-konecna\/"},"_links":{"self":[{"href":"https:\/\/loudavymkrokem.cz\/hu\/wp-json\/wp\/v2\/posts\/409202","targetHints":{"allow":["GET"]}}],"collection":[{"href":"https:\/\/loudavymkrokem.cz\/hu\/wp-json\/wp\/v2\/posts"}],"about":[{"href":"https:\/\/loudavymkrokem.cz\/hu\/wp-json\/wp\/v2\/types\/post"}],"author":[{"embeddable":true,"href":"https:\/\/loudavymkrokem.cz\/hu\/wp-json\/wp\/v2\/users\/3"}],"replies":[{"embeddable":true,"href":"https:\/\/loudavymkrokem.cz\/hu\/wp-json\/wp\/v2\/comments?post=409202"}],"version-history":[{"count":0,"href":"https:\/\/loudavymkrokem.cz\/hu\/wp-json\/wp\/v2\/posts\/409202\/revisions"}],"wp:featuredmedia":[{"embeddable":true,"href":"https:\/\/loudavymkrokem.cz\/hu\/wp-json\/wp\/v2\/media\/350851"}],"wp:attachment":[{"href":"https:\/\/loudavymkrokem.cz\/hu\/wp-json\/wp\/v2\/media?parent=409202"}],"wp:term":[{"taxonomy":"category","embeddable":true,"href":"https:\/\/loudavymkrokem.cz\/hu\/wp-json\/wp\/v2\/categories?post=409202"},{"taxonomy":"post_tag","embeddable":true,"href":"https:\/\/loudavymkrokem.cz\/hu\/wp-json\/wp\/v2\/tags?post=409202"}],"curies":[{"name":"wp","href":"https:\/\/api.w.org\/{rel}","templated":true}]}}