{"id":409196,"date":"2026-08-28T14:08:28","date_gmt":"2026-08-28T12:08:28","guid":{"rendered":"https:\/\/loudavymkrokem.cz\/kirandulasok-pisek-kornyeken\/"},"modified":"2026-08-31T08:29:47","modified_gmt":"2026-08-31T06:29:47","slug":"kirandulasok-pisek-kornyeken","status":"publish","type":"post","link":"https:\/\/loudavymkrokem.cz\/hu\/kirandulasok-pisek-kornyeken\/","title":{"rendered":"Kir\u00e1ndul\u00e1sok P\u00edsek k\u00f6rny\u00e9k\u00e9n: 30 tipp v\u00e1rakhoz, strandokhoz \u00e9s kil\u00e1t\u00f3khoz"},"content":{"rendered":"\n<p class=\"wp-block-paragraph\">P\u00edsek v\u00e1ros\u00e1ban sz\u00fclettem, \u00e9s b\u00e1r hossz\u00fa \u00e9vekre Pr\u00e1g\u00e1ba k\u00f6lt\u00f6ztem, ma m\u00e1r ism\u00e9t itt lakunk Luk\u00e1\u0161sal \u00e9s a k\u00e9t\u00e9ves Jon\u00e1\u0161kunkkal. Mivel a csal\u00e1dommal im\u00e1dunk r\u00e1lelni a legjobb <strong>P\u00edsek k\u00f6rny\u00e9ki kir\u00e1ndul\u00e1sokra<\/strong>, \u0151szint\u00e9n mondhatom, hogy D\u00e9l-Csehorsz\u00e1g felfedez\u00e9s\u00e9hez ez a v\u00e1ros t\u00f6k\u00e9letes kiindul\u00f3pont, \u00e9s mindig ki\u00e1llok mellette.<\/p>\n\n\n\n<p class=\"wp-block-paragraph\">A remek fekv\u00e9s\u00e9nek \u00e9s a D4-es aut\u00f3p\u00e1ly\u00e1hoz val\u00f3 kapcsol\u00f3d\u00e1s\u00e1nak k\u00f6sz\u00f6nhet\u0151en <strong>egy \u00f3r\u00e1n bel\u00fcl aut\u00f3val a legt\u00f6bb d\u00e9l-csehorsz\u00e1gi l\u00e1tnival\u00f3hoz eljutsz<\/strong>, ak\u00e1r a m\u00e9ly t\u00f6rt\u00e9nelem, ak\u00e1r a hatalmas halastavak, ak\u00e1r a s\u0171r\u0171 \u0161umavai erd\u0151k vonzanak. P\u00edsek eg\u00e9sz egyszer\u0171en a legszebb dolgok kell\u0151s k\u00f6zep\u00e9n fekszik, \u00e9s mindig tucatnyi lehet\u0151s\u00e9g k\u00f6z\u00fcl v\u00e1laszthatsz.<\/p>\n\n\n\n<p class=\"wp-block-paragraph\">Gyere, j\u00e1rjuk be egy\u00fctt a P\u00edsek k\u00f6rny\u00e9k\u00e9t! \u00cdme 30 hely, amit im\u00e1dunk, a szomsz\u00e9d sarkon l\u00e9v\u0151 c\u00e9lokt\u00f3l eg\u00e9szen az eg\u00e9sz napos kalandokig rendezve. N\u00e9zz\u00fck meg, hov\u00e1 \u00e9rdemes elindulni \u00e1llatok\u00e9rt, v\u00e1rakhoz, a v\u00edzhez vagy csod\u00e1s kil\u00e1t\u00e1sok\u00e9rt a t\u00e1jra.<\/p>\n\n\n\n<figure data-wp-context=\"{&quot;imageId&quot;:&quot;6a953a9d82274&quot;}\" data-wp-interactive=\"core\/image\" data-wp-key=\"6a953a9d82274\" class=\"wp-block-image size-full wp-lightbox-container\"><img decoding=\"async\" width=\"2200\" height=\"1467\" data-wp-class--hide=\"state.isContentHidden\" data-wp-class--show=\"state.isContentVisible\" data-wp-init=\"callbacks.setButtonStyles\" data-wp-on--click=\"actions.showLightbox\" data-wp-on--load=\"callbacks.setButtonStyles\" data-wp-on--pointerdown=\"actions.preloadImage\" data-wp-on--pointerenter=\"actions.preloadImageWithDelay\" data-wp-on--pointerleave=\"actions.cancelPreload\" data-wp-on-window--resize=\"callbacks.setButtonStyles\" src=\"https:\/\/loudavymkrokem.cz\/wp-content\/uploads\/2026\/08\/zvikov-nad-orlickou-prehradou.jpg\" alt=\"Zv\u00edkov v\u00e1ra az Orl\u00edk-v\u00edzt\u00e1roz\u00f3 v\u00edzszintje f\u00f6l\u00f6tt\" class=\"wp-image-404434\" title=\"\" srcset=\"https:\/\/loudavymkrokem.cz\/wp-content\/uploads\/2026\/08\/zvikov-nad-orlickou-prehradou.jpg 2200w, https:\/\/loudavymkrokem.cz\/wp-content\/uploads\/2026\/08\/zvikov-nad-orlickou-prehradou-300x200.jpg 300w, https:\/\/loudavymkrokem.cz\/wp-content\/uploads\/2026\/08\/zvikov-nad-orlickou-prehradou-700x467.jpg 700w, https:\/\/loudavymkrokem.cz\/wp-content\/uploads\/2026\/08\/zvikov-nad-orlickou-prehradou-768x512.jpg 768w, https:\/\/loudavymkrokem.cz\/wp-content\/uploads\/2026\/08\/zvikov-nad-orlickou-prehradou-1536x1024.jpg 1536w, https:\/\/loudavymkrokem.cz\/wp-content\/uploads\/2026\/08\/zvikov-nad-orlickou-prehradou-2048x1366.jpg 2048w, https:\/\/loudavymkrokem.cz\/wp-content\/uploads\/2026\/08\/zvikov-nad-orlickou-prehradou-696x464.jpg 696w, https:\/\/loudavymkrokem.cz\/wp-content\/uploads\/2026\/08\/zvikov-nad-orlickou-prehradou-1392x928.jpg 1392w, https:\/\/loudavymkrokem.cz\/wp-content\/uploads\/2026\/08\/zvikov-nad-orlickou-prehradou-1920x1280.jpg 1920w\" sizes=\"(max-width: 2200px) 100vw, 2200px\" \/><button\n\t\t\tclass=\"lightbox-trigger\"\n\t\t\ttype=\"button\"\n\t\t\taria-haspopup=\"dialog\"\n\t\t\tdata-wp-bind--aria-label=\"state.thisImage.triggerButtonAriaLabel\"\n\t\t\tdata-wp-init=\"callbacks.initTriggerButton\"\n\t\t\tdata-wp-on--click=\"actions.showLightbox\"\n\t\t\tdata-wp-style--right=\"state.thisImage.buttonRight\"\n\t\t\tdata-wp-style--top=\"state.thisImage.buttonTop\"\n\t\t>\n\t\t\t<svg xmlns=\"http:\/\/www.w3.org\/2000\/svg\" width=\"12\" height=\"12\" fill=\"none\" viewBox=\"0 0 12 12\">\n\t\t\t\t<path fill=\"#fff\" d=\"M2 0a2 2 0 0 0-2 2v2h1.5V2a.5.5 0 0 1 .5-.5h2V0H2Zm2 10.5H2a.5.5 0 0 1-.5-.5V8H0v2a2 2 0 0 0 2 2h2v-1.5ZM8 12v-1.5h2a.5.5 0 0 0 .5-.5V8H12v2a2 2 0 0 1-2 2H8Zm2-12a2 2 0 0 1 2 2v2h-1.5V2a.5.5 0 0 0-.5-.5H8V0h2Z\" \/>\n\t\t\t<\/svg>\n\t\t<\/button><\/figure>\n\n\n\n<div id=\"ez-toc-container\" class=\"ez-toc-v2_0_86 ez-toc-wrap-left counter-hierarchy ez-toc-counter ez-toc-grey ez-toc-container-direction\">\n<div class=\"ez-toc-title-container\">\n<p class=\"ez-toc-title\" style=\"cursor:inherit\">A cikk tartalma<\/p>\n<span class=\"ez-toc-title-toggle\"><a href=\"#\" class=\"ez-toc-pull-right ez-toc-btn ez-toc-btn-xs ez-toc-btn-default ez-toc-toggle\" aria-label=\"Toggle Table of Content\"><span class=\"ez-toc-js-icon-con\"><span class=\"\"><span class=\"eztoc-hide\" style=\"display:none;\">Toggle<\/span><span class=\"ez-toc-icon-toggle-span\"><svg style=\"fill: #999;color:#999\" xmlns=\"http:\/\/www.w3.org\/2000\/svg\" class=\"list-377408\" width=\"20px\" height=\"20px\" viewBox=\"0 0 24 24\" fill=\"none\"><path d=\"M6 6H4v2h2V6zm14 0H8v2h12V6zM4 11h2v2H4v-2zm16 0H8v2h12v-2zM4 16h2v2H4v-2zm16 0H8v2h12v-2z\" fill=\"currentColor\"><\/path><\/svg><svg style=\"fill: #999;color:#999\" class=\"arrow-unsorted-368013\" xmlns=\"http:\/\/www.w3.org\/2000\/svg\" width=\"10px\" height=\"10px\" viewBox=\"0 0 24 24\" version=\"1.2\" baseProfile=\"tiny\"><path d=\"M18.2 9.3l-6.2-6.3-6.2 6.3c-.2.2-.3.4-.3.7s.1.5.3.7c.2.2.4.3.7.3h11c.3 0 .5-.1.7-.3.2-.2.3-.5.3-.7s-.1-.5-.3-.7zM5.8 14.7l6.2 6.3 6.2-6.3c.2-.2.3-.5.3-.7s-.1-.5-.3-.7c-.2-.2-.4-.3-.7-.3h-11c-.3 0-.5.1-.7.3-.2.2-.3.5-.3.7s.1.5.3.7z\"\/><\/svg><\/span><\/span><\/span><\/a><\/span><\/div>\n<nav><ul class='ez-toc-list ez-toc-list-level-1 ' ><ul class='ez-toc-list-level-3' ><li class='ez-toc-heading-level-3'><a class=\"ez-toc-link ez-toc-heading-1\" href=\"https:\/\/loudavymkrokem.cz\/hu\/kirandulasok-pisek-kornyeken\/#Osszefoglalas\" >\u00d6sszefoglal\u00e1s<\/a><\/li><\/ul><\/li><li class='ez-toc-page-1 ez-toc-heading-level-2'><a class=\"ez-toc-link ez-toc-heading-2\" href=\"https:\/\/loudavymkrokem.cz\/hu\/kirandulasok-pisek-kornyeken\/#Hogyan_tervezz_kirandulasokat_Pisekbol\" >Hogyan tervezz kir\u00e1ndul\u00e1sokat P\u00edsekb\u0151l<\/a><\/li><li class='ez-toc-page-1 ez-toc-heading-level-2'><a class=\"ez-toc-link ez-toc-heading-3\" href=\"https:\/\/loudavymkrokem.cz\/hu\/kirandulasok-pisek-kornyeken\/#Hol_szallj_meg_ha_a_kornyeket_akarod_bejarni\" >Hol sz\u00e1llj meg, ha a k\u00f6rny\u00e9ket akarod bej\u00e1rni<\/a><\/li><li class='ez-toc-page-1 ez-toc-heading-level-2'><a class=\"ez-toc-link ez-toc-heading-4\" href=\"https:\/\/loudavymkrokem.cz\/hu\/kirandulasok-pisek-kornyeken\/#Kirandulasok_15_kilometeren_belul_fel_napra_es_kerekparral_is\" >Kir\u00e1ndul\u00e1sok 15 kilom\u00e9teren bel\u00fcl: f\u00e9l napra \u00e9s ker\u00e9kp\u00e1rral is<\/a><ul class='ez-toc-list-level-3' ><li class='ez-toc-heading-level-3'><a class=\"ez-toc-link ez-toc-heading-5\" href=\"https:\/\/loudavymkrokem.cz\/hu\/kirandulasok-pisek-kornyeken\/#1_Jarnik_kilato\" >1. Jarn\u00edk kil\u00e1t\u00f3<\/a><\/li><li class='ez-toc-page-1 ez-toc-heading-level-3'><a class=\"ez-toc-link ez-toc-heading-6\" href=\"https:\/\/loudavymkrokem.cz\/hu\/kirandulasok-pisek-kornyeken\/#2_Piseki_hegyek\" >2. P\u00edseki hegyek<\/a><\/li><li class='ez-toc-page-1 ez-toc-heading-level-3'><a class=\"ez-toc-link ez-toc-heading-7\" href=\"https:\/\/loudavymkrokem.cz\/hu\/kirandulasok-pisek-kornyeken\/#3_Putim_Nase_zviratka\" >3. Putim: Na\u0161e zv\u00ed\u0159\u00e1tka<\/a><\/li><li class='ez-toc-page-1 ez-toc-heading-level-3'><a class=\"ez-toc-link ez-toc-heading-8\" href=\"https:\/\/loudavymkrokem.cz\/hu\/kirandulasok-pisek-kornyeken\/#4_Selibov_Meseszeru_kovacsmuhely\" >4. Selibov: Meseszer\u0171 kov\u00e1csm\u0171hely<\/a><\/li><li class='ez-toc-page-1 ez-toc-heading-level-3'><a class=\"ez-toc-link ez-toc-heading-9\" href=\"https:\/\/loudavymkrokem.cz\/hu\/kirandulasok-pisek-kornyeken\/#5_Kestrany_Felso_es_Also_eroditett_kuria\" >5. Kest\u0159any: Fels\u0151 \u00e9s Als\u00f3 er\u0151d\u00edtett k\u00faria<\/a><\/li><li class='ez-toc-page-1 ez-toc-heading-level-3'><a class=\"ez-toc-link ez-toc-heading-10\" href=\"https:\/\/loudavymkrokem.cz\/hu\/kirandulasok-pisek-kornyeken\/#6_Maletice_Farmapark\" >6. Maletice: Farmapark<\/a><\/li><li class='ez-toc-page-1 ez-toc-heading-level-3'><a class=\"ez-toc-link ez-toc-heading-11\" href=\"https:\/\/loudavymkrokem.cz\/hu\/kirandulasok-pisek-kornyeken\/#7_Rezabinec_es_a_Rezabinec-tavak\" >7. \u0158e\u017eabinec \u00e9s a \u0158e\u017eabinec-tavak<\/a><\/li><li class='ez-toc-page-1 ez-toc-heading-level-3'><a class=\"ez-toc-link ez-toc-heading-12\" href=\"https:\/\/loudavymkrokem.cz\/hu\/kirandulasok-pisek-kornyeken\/#8_Podol-hid\" >8. Podol-h\u00edd<\/a><\/li><li class='ez-toc-page-1 ez-toc-heading-level-3'><a class=\"ez-toc-link ez-toc-heading-13\" href=\"https:\/\/loudavymkrokem.cz\/hu\/kirandulasok-pisek-kornyeken\/#9_Sudomer_Zizka_siremleke\" >9. Sudom\u011b\u0159: \u017di\u017eka s\u00edreml\u00e9ke<\/a><\/li><li class='ez-toc-page-1 ez-toc-heading-level-3'><a class=\"ez-toc-link ez-toc-heading-14\" href=\"https:\/\/loudavymkrokem.cz\/hu\/kirandulasok-pisek-kornyeken\/#10_Protivin\" >10. Protiv\u00edn<\/a><\/li><\/ul><\/li><li class='ez-toc-page-1 ez-toc-heading-level-2'><a class=\"ez-toc-link ez-toc-heading-15\" href=\"https:\/\/loudavymkrokem.cz\/hu\/kirandulasok-pisek-kornyeken\/#Varak_kastelyok_es_kolostorok_Pisek_kornyeken\" >V\u00e1rak, kast\u00e9lyok \u00e9s kolostorok P\u00edsek k\u00f6rny\u00e9k\u00e9n<\/a><ul class='ez-toc-list-level-3' ><li class='ez-toc-heading-level-3'><a class=\"ez-toc-link ez-toc-heading-16\" href=\"https:\/\/loudavymkrokem.cz\/hu\/kirandulasok-pisek-kornyeken\/#11_Zvikov_vara_%E2%80%9Ea_cseh_varak_kiralya%E2%80%9D\" >11. Zv\u00edkov v\u00e1ra: \u201ea cseh v\u00e1rak kir\u00e1lya&#8221;<\/a><\/li><li class='ez-toc-page-1 ez-toc-heading-level-3'><a class=\"ez-toc-link ez-toc-heading-17\" href=\"https:\/\/loudavymkrokem.cz\/hu\/kirandulasok-pisek-kornyeken\/#12_Orlik_kastelya_Orlik_nad_Vltavou\" >12. Orl\u00edk kast\u00e9lya (Orl\u00edk nad Vltavou)<\/a><\/li><li class='ez-toc-page-1 ez-toc-heading-level-3'><a class=\"ez-toc-link ez-toc-heading-18\" href=\"https:\/\/loudavymkrokem.cz\/hu\/kirandulasok-pisek-kornyeken\/#13_Blatna_kastelya\" >13. Blatn\u00e1 kast\u00e9lya<\/a><\/li><li class='ez-toc-page-1 ez-toc-heading-level-3'><a class=\"ez-toc-link ez-toc-heading-19\" href=\"https:\/\/loudavymkrokem.cz\/hu\/kirandulasok-pisek-kornyeken\/#14_A_milevskoi_kolostor\" >14. A milevsk\u00f3i kolostor<\/a><\/li><li class='ez-toc-page-1 ez-toc-heading-level-3'><a class=\"ez-toc-link ez-toc-heading-20\" href=\"https:\/\/loudavymkrokem.cz\/hu\/kirandulasok-pisek-kornyeken\/#15_Strakonice_vara\" >15. Strakonice v\u00e1ra<\/a><\/li><li class='ez-toc-page-1 ez-toc-heading-level-3'><a class=\"ez-toc-link ez-toc-heading-21\" href=\"https:\/\/loudavymkrokem.cz\/hu\/kirandulasok-pisek-kornyeken\/#16_Bechyne_kastelya_es_a_Duha_hid\" >16. Bechyn\u011b kast\u00e9lya \u00e9s a Duha h\u00edd<\/a><\/li><li class='ez-toc-page-1 ez-toc-heading-level-3'><a class=\"ez-toc-link ez-toc-heading-22\" href=\"https:\/\/loudavymkrokem.cz\/hu\/kirandulasok-pisek-kornyeken\/#17_Kratochvile_kastelya_Netolice\" >17. Kratochv\u00edle kast\u00e9lya (Netolice)<\/a><\/li><li class='ez-toc-page-1 ez-toc-heading-level-3'><a class=\"ez-toc-link ez-toc-heading-23\" href=\"https:\/\/loudavymkrokem.cz\/hu\/kirandulasok-pisek-kornyeken\/#18_Csontkapolna_es_temeto_Albrechtice_nad_Vltavouban\" >18. Csontk\u00e1polna \u00e9s temet\u0151 Albrechtice nad Vltavouban<\/a><\/li><\/ul><\/li><li class='ez-toc-page-1 ez-toc-heading-level-2'><a class=\"ez-toc-link ez-toc-heading-24\" href=\"https:\/\/loudavymkrokem.cz\/hu\/kirandulasok-pisek-kornyeken\/#Viz_Orlik-viztarozo_Vltava_es_Otava\" >V\u00edz: Orl\u00edk-v\u00edzt\u00e1roz\u00f3, Vltava \u00e9s Otava<\/a><ul class='ez-toc-list-level-3' ><li class='ez-toc-heading-level-3'><a class=\"ez-toc-link ez-toc-heading-25\" href=\"https:\/\/loudavymkrokem.cz\/hu\/kirandulasok-pisek-kornyeken\/#19_Hajokazas_Zvikov_%E2%86%94_Orlik\" >19. Haj\u00f3k\u00e1z\u00e1s Zv\u00edkov \u2194 Orl\u00edk<\/a><\/li><li class='ez-toc-page-1 ez-toc-heading-level-3'><a class=\"ez-toc-link ez-toc-heading-26\" href=\"https:\/\/loudavymkrokem.cz\/hu\/kirandulasok-pisek-kornyeken\/#20_Orlik-viztarozo_strandok_es_kempingek\" >20. Orl\u00edk-v\u00edzt\u00e1roz\u00f3: strandok \u00e9s kempingek<\/a><\/li><li class='ez-toc-page-1 ez-toc-heading-level-3'><a class=\"ez-toc-link ez-toc-heading-27\" href=\"https:\/\/loudavymkrokem.cz\/hu\/kirandulasok-pisek-kornyeken\/#21_Cervena_nad_Vltavou\" >21. \u010cerven\u00e1 nad Vltavou<\/a><\/li><li class='ez-toc-page-1 ez-toc-heading-level-3'><a class=\"ez-toc-link ez-toc-heading-28\" href=\"https:\/\/loudavymkrokem.cz\/hu\/kirandulasok-pisek-kornyeken\/#22_Vodnany_es_a_halastavak\" >22. Vod\u0148any \u00e9s a halastavak<\/a><\/li><\/ul><\/li><li class='ez-toc-page-1 ez-toc-heading-level-2'><a class=\"ez-toc-link ez-toc-heading-29\" href=\"https:\/\/loudavymkrokem.cz\/hu\/kirandulasok-pisek-kornyeken\/#Del-csehorszagi_varosok_es_egesz_napos_celpontok\" >D\u00e9l-csehorsz\u00e1gi v\u00e1rosok \u00e9s eg\u00e9sz napos c\u00e9lpontok<\/a><ul class='ez-toc-list-level-3' ><li class='ez-toc-heading-level-3'><a class=\"ez-toc-link ez-toc-heading-30\" href=\"https:\/\/loudavymkrokem.cz\/hu\/kirandulasok-pisek-kornyeken\/#23_Hluboka_nad_Vltavou\" >23. Hlubok\u00e1 nad Vltavou<\/a><\/li><li class='ez-toc-page-1 ez-toc-heading-level-3'><a class=\"ez-toc-link ez-toc-heading-31\" href=\"https:\/\/loudavymkrokem.cz\/hu\/kirandulasok-pisek-kornyeken\/#24_Tabor\" >24. T\u00e1bor<\/a><\/li><li class='ez-toc-page-1 ez-toc-heading-level-3'><a class=\"ez-toc-link ez-toc-heading-32\" href=\"https:\/\/loudavymkrokem.cz\/hu\/kirandulasok-pisek-kornyeken\/#25_Holasovice\" >25. Hola\u0161ovice<\/a><\/li><li class='ez-toc-page-1 ez-toc-heading-level-3'><a class=\"ez-toc-link ez-toc-heading-33\" href=\"https:\/\/loudavymkrokem.cz\/hu\/kirandulasok-pisek-kornyeken\/#26_Ceske_Budejovice\" >26. \u010cesk\u00e9 Bud\u011bjovice<\/a><\/li><li class='ez-toc-page-1 ez-toc-heading-level-3'><a class=\"ez-toc-link ez-toc-heading-34\" href=\"https:\/\/loudavymkrokem.cz\/hu\/kirandulasok-pisek-kornyeken\/#27_A_chynovi_barlang\" >27. A ch\u00fdnovi barlang<\/a><\/li><li class='ez-toc-page-1 ez-toc-heading-level-3'><a class=\"ez-toc-link ez-toc-heading-35\" href=\"https:\/\/loudavymkrokem.cz\/hu\/kirandulasok-pisek-kornyeken\/#28_Cesky_Krumlov\" >28. \u010cesk\u00fd Krumlov<\/a><\/li><li class='ez-toc-page-1 ez-toc-heading-level-3'><a class=\"ez-toc-link ez-toc-heading-36\" href=\"https:\/\/loudavymkrokem.cz\/hu\/kirandulasok-pisek-kornyeken\/#29_Trebon_es_a_halastavi_taj\" >29. T\u0159ebo\u0148 \u00e9s a halastavi t\u00e1j<\/a><\/li><li class='ez-toc-page-1 ez-toc-heading-level-3'><a class=\"ez-toc-link ez-toc-heading-37\" href=\"https:\/\/loudavymkrokem.cz\/hu\/kirandulasok-pisek-kornyeken\/#30_Sumava\" >30. \u0160umava<\/a><\/li><\/ul><\/li><li class='ez-toc-page-1 ez-toc-heading-level-2'><a class=\"ez-toc-link ez-toc-heading-38\" href=\"https:\/\/loudavymkrokem.cz\/hu\/kirandulasok-pisek-kornyeken\/#Mi_van_nyitva_Pisek_kornyeken_szezonon_kivul_is\" >Mi van nyitva P\u00edsek k\u00f6rny\u00e9k\u00e9n szezonon k\u00edv\u00fcl is<\/a><\/li><li class='ez-toc-page-1 ez-toc-heading-level-2'><a class=\"ez-toc-link ez-toc-heading-39\" href=\"https:\/\/loudavymkrokem.cz\/hu\/kirandulasok-pisek-kornyeken\/#Hova_indulj_Pisekbol_auto_nelkul\" >Hov\u00e1 indulj P\u00edsekb\u0151l aut\u00f3 n\u00e9lk\u00fcl<\/a><\/li><li class='ez-toc-page-1 ez-toc-heading-level-2'><a class=\"ez-toc-link ez-toc-heading-40\" href=\"https:\/\/loudavymkrokem.cz\/hu\/kirandulasok-pisek-kornyeken\/#Hova_tovabb\" >Hov\u00e1 tov\u00e1bb<\/a><\/li><li class='ez-toc-page-1 ez-toc-heading-level-2'><a class=\"ez-toc-link ez-toc-heading-41\" href=\"https:\/\/loudavymkrokem.cz\/hu\/kirandulasok-pisek-kornyeken\/#Gyakran_ismetelt_kerdesek\" >Gyakran ism\u00e9telt k\u00e9rd\u00e9sek<\/a><ul class='ez-toc-list-level-3' ><li class='ez-toc-heading-level-3'><a class=\"ez-toc-link ez-toc-heading-42\" href=\"https:\/\/loudavymkrokem.cz\/hu\/kirandulasok-pisek-kornyeken\/#Hova_erdemes_egy_napos_kirandulast_tenni_Pisekbol\" >Hov\u00e1 \u00e9rdemes egy napos kir\u00e1ndul\u00e1st tenni P\u00edsekb\u0151l?<\/a><\/li><li class='ez-toc-page-1 ez-toc-heading-level-3'><a class=\"ez-toc-link ez-toc-heading-43\" href=\"https:\/\/loudavymkrokem.cz\/hu\/kirandulasok-pisek-kornyeken\/#Hova_menjunk_hetvegen_a_Pisek_kornyeken\" >Hov\u00e1 menj\u00fcnk h\u00e9tv\u00e9g\u00e9n a P\u00edsek k\u00f6rny\u00e9k\u00e9n?<\/a><\/li><li class='ez-toc-page-1 ez-toc-heading-level-3'><a class=\"ez-toc-link ez-toc-heading-44\" href=\"https:\/\/loudavymkrokem.cz\/hu\/kirandulasok-pisek-kornyeken\/#Mit_lehet_csinalni_gyerekekkel_Pisek_kornyeken\" >Mit lehet csin\u00e1lni gyerekekkel P\u00edsek k\u00f6rny\u00e9k\u00e9n?<\/a><\/li><li class='ez-toc-page-1 ez-toc-heading-level-3'><a class=\"ez-toc-link ez-toc-heading-45\" href=\"https:\/\/loudavymkrokem.cz\/hu\/kirandulasok-pisek-kornyeken\/#Milyen_messze_van_Zvikov_Pisektol\" >Milyen messze van Zv\u00edkov P\u00edsekt\u0151l?<\/a><\/li><li class='ez-toc-page-1 ez-toc-heading-level-3'><a class=\"ez-toc-link ez-toc-heading-46\" href=\"https:\/\/loudavymkrokem.cz\/hu\/kirandulasok-pisek-kornyeken\/#Jar_hajo_Zvikovbol_Orlikba\" >J\u00e1r haj\u00f3 Zv\u00edkovb\u00f3l Orl\u00edkba?<\/a><\/li><li class='ez-toc-page-1 ez-toc-heading-level-3'><a class=\"ez-toc-link ez-toc-heading-47\" href=\"https:\/\/loudavymkrokem.cz\/hu\/kirandulasok-pisek-kornyeken\/#Mi_a_legjobb_kirandulas_15_percen_belul_a_varostol\" >Mi a legjobb kir\u00e1ndul\u00e1s 15 percen bel\u00fcl a v\u00e1rost\u00f3l?<\/a><\/li><li class='ez-toc-page-1 ez-toc-heading-level-3'><a class=\"ez-toc-link ez-toc-heading-48\" href=\"https:\/\/loudavymkrokem.cz\/hu\/kirandulasok-pisek-kornyeken\/#Hova_lehet_menni_Pisek_kornyeken_ingyen\" >Hov\u00e1 lehet menni P\u00edsek k\u00f6rny\u00e9k\u00e9n ingyen?<\/a><\/li><li class='ez-toc-page-1 ez-toc-heading-level-3'><a class=\"ez-toc-link ez-toc-heading-49\" href=\"https:\/\/loudavymkrokem.cz\/hu\/kirandulasok-pisek-kornyeken\/#Mi_van_nyitva_a_kornyeken_telen\" >Mi van nyitva a k\u00f6rny\u00e9ken t\u00e9len?<\/a><\/li><\/ul><\/li><\/ul><\/nav><\/div>\n<h3 class=\"wp-block-heading\"><span class=\"ez-toc-section\" id=\"Osszefoglalas\"><\/span>\u00d6sszefoglal\u00e1s<span class=\"ez-toc-section-end\"><\/span><\/h3>\n\n\n\n<ul class=\"wp-block-list\">\n<li><strong>A legjobb kir\u00e1ndul\u00e1s \u00f6sszess\u00e9g\u00e9ben:<\/strong> A fens\u00e9ges Zv\u00edkov v\u00e1r\u00e1nak megl\u00e1togat\u00e1sa egy haj\u00f3kir\u00e1ndul\u00e1ssal \u00f6sszek\u00f6tve a k\u00f6zeli Orl\u00edk kast\u00e9ly\u00e1hoz.<\/li>\n\n\n\n<li><strong>A legk\u00f6zelebbi c\u00e9l:<\/strong> A Jarn\u00edk kil\u00e1t\u00f3 \u00e9s a hozz\u00e1 kapcsol\u00f3d\u00f3 P\u00edseki hegyek, ahov\u00e1 a v\u00e1rosk\u00f6zpontb\u00f3l ak\u00e1r egy kellemes s\u00e9t\u00e1val is eljuthatsz.<\/li>\n\n\n\n<li><strong>A legjobb csal\u00e1doknak gyerekekkel:<\/strong> A Meseszer\u0171 kov\u00e1csm\u0171hely Selibovban \u00e9s a nemr\u00e9g megny\u00edlt Farmapark Maletice, tele \u00e1llatokkal \u00e9s attrakci\u00f3kkal.<\/li>\n\n\n\n<li><strong>Es\u0151s napra:<\/strong> A protiv\u00edni Krokodil ZOO, amely megb\u00edzhat\u00f3an sz\u00f3rakoztat a melegben, vagy a k\u00f6rnyez\u0151 v\u00e1rosok \u00e9rdekes m\u00fazeumai.<\/li>\n\n\n\n<li><strong>UNESCO-tipp:<\/strong> Hola\u0161ovice falucsk\u00e1ja, amely p\u00e1ratlan \u00e9s j\u00f3l meg\u0151rz\u00f6tt paraszti barokkal b\u00fcszk\u00e9lkedik.<\/li>\n\n\n\n<li><strong>A legl\u00e1togatottabb c\u00e9l:<\/strong> A hlubok\u00e1i \u00e1llami kast\u00e9ly (Hlubok\u00e1 nad Vltavou), amely meseszer\u0171 \u00e9p\u00edt\u00e9szet\u00e9nek k\u00f6sz\u00f6nhet\u0151en a vil\u00e1g minden t\u00e1j\u00e1r\u00f3l vonzza a turist\u00e1k t\u00f6megeit.<\/li>\n\n\n\n<li><strong>Szezonon k\u00edv\u00fcl:<\/strong> M\u00edg a v\u00e1rak t\u00e9len alszanak, a kil\u00e1t\u00f3k, \u00e1llatkertek \u00e9s a P\u00edseki hegyek t\u00far\u00e1i eg\u00e9sz \u00e9vben, korl\u00e1toz\u00e1s n\u00e9lk\u00fcl m\u0171k\u00f6dnek.<\/li>\n<\/ul>\n\n\n\n<figure data-wp-context=\"{&quot;imageId&quot;:&quot;6a953a9d8280f&quot;}\" data-wp-interactive=\"core\/image\" data-wp-key=\"6a953a9d8280f\" class=\"wp-block-image size-full wp-lightbox-container\"><img decoding=\"async\" width=\"2200\" height=\"1467\" data-wp-class--hide=\"state.isContentHidden\" data-wp-class--show=\"state.isContentVisible\" data-wp-init=\"callbacks.setButtonStyles\" data-wp-on--click=\"actions.showLightbox\" data-wp-on--load=\"callbacks.setButtonStyles\" data-wp-on--pointerdown=\"actions.preloadImage\" data-wp-on--pointerenter=\"actions.preloadImageWithDelay\" data-wp-on--pointerleave=\"actions.cancelPreload\" data-wp-on-window--resize=\"callbacks.setButtonStyles\" src=\"https:\/\/loudavymkrokem.cz\/wp-content\/uploads\/2026\/08\/reka-otava-kamenny-most-pisek.jpg\" alt=\"Az Otava foly\u00f3 \u00e9s a K\u0151h\u00edd P\u00edsekben alkonyatkor\" class=\"wp-image-404438\" title=\"\" srcset=\"https:\/\/loudavymkrokem.cz\/wp-content\/uploads\/2026\/08\/reka-otava-kamenny-most-pisek.jpg 2200w, https:\/\/loudavymkrokem.cz\/wp-content\/uploads\/2026\/08\/reka-otava-kamenny-most-pisek-300x200.jpg 300w, https:\/\/loudavymkrokem.cz\/wp-content\/uploads\/2026\/08\/reka-otava-kamenny-most-pisek-700x467.jpg 700w, https:\/\/loudavymkrokem.cz\/wp-content\/uploads\/2026\/08\/reka-otava-kamenny-most-pisek-768x512.jpg 768w, https:\/\/loudavymkrokem.cz\/wp-content\/uploads\/2026\/08\/reka-otava-kamenny-most-pisek-1536x1024.jpg 1536w, https:\/\/loudavymkrokem.cz\/wp-content\/uploads\/2026\/08\/reka-otava-kamenny-most-pisek-2048x1366.jpg 2048w, https:\/\/loudavymkrokem.cz\/wp-content\/uploads\/2026\/08\/reka-otava-kamenny-most-pisek-696x464.jpg 696w, https:\/\/loudavymkrokem.cz\/wp-content\/uploads\/2026\/08\/reka-otava-kamenny-most-pisek-1392x928.jpg 1392w, https:\/\/loudavymkrokem.cz\/wp-content\/uploads\/2026\/08\/reka-otava-kamenny-most-pisek-1920x1280.jpg 1920w\" sizes=\"(max-width: 2200px) 100vw, 2200px\" \/><button\n\t\t\tclass=\"lightbox-trigger\"\n\t\t\ttype=\"button\"\n\t\t\taria-haspopup=\"dialog\"\n\t\t\tdata-wp-bind--aria-label=\"state.thisImage.triggerButtonAriaLabel\"\n\t\t\tdata-wp-init=\"callbacks.initTriggerButton\"\n\t\t\tdata-wp-on--click=\"actions.showLightbox\"\n\t\t\tdata-wp-style--right=\"state.thisImage.buttonRight\"\n\t\t\tdata-wp-style--top=\"state.thisImage.buttonTop\"\n\t\t>\n\t\t\t<svg xmlns=\"http:\/\/www.w3.org\/2000\/svg\" width=\"12\" height=\"12\" fill=\"none\" viewBox=\"0 0 12 12\">\n\t\t\t\t<path fill=\"#fff\" d=\"M2 0a2 2 0 0 0-2 2v2h1.5V2a.5.5 0 0 1 .5-.5h2V0H2Zm2 10.5H2a.5.5 0 0 1-.5-.5V8H0v2a2 2 0 0 0 2 2h2v-1.5ZM8 12v-1.5h2a.5.5 0 0 0 .5-.5V8H12v2a2 2 0 0 1-2 2H8Zm2-12a2 2 0 0 1 2 2v2h-1.5V2a.5.5 0 0 0-.5-.5H8V0h2Z\" \/>\n\t\t\t<\/svg>\n\t\t<\/button><\/figure>\n\n\n\n<h2 class=\"wp-block-heading\"><span class=\"ez-toc-section\" id=\"Hogyan_tervezz_kirandulasokat_Pisekbol\"><\/span>Hogyan tervezz kir\u00e1ndul\u00e1sokat P\u00edsekb\u0151l<span class=\"ez-toc-section-end\"><\/span><\/h2>\n\n\n\n<p class=\"wp-block-paragraph\">P\u00edseknek rendk\u00edv\u00fcl strat\u00e9giai a fekv\u00e9se a D4-es aut\u00f3p\u00e1lya k\u00f6zel\u00e9ben, ami a gyakorlatban azt jelenti, hogy <strong>a Pr\u00e1ga fel\u00e9 \u00e9s m\u00e9lyebben d\u00e9lre vezet\u0151 utak nagyon gyorsak \u00e9s k\u00e9nyelmesek<\/strong>. A k\u00f6nnyebb t\u00e1j\u00e9koz\u00f3d\u00e1s \u00e9rdek\u00e9ben a kir\u00e1ndul\u00e1sokat r\u00f6videbb, f\u00e9l napos t\u00far\u00e1kra osztom, amelyek nagyj\u00e1b\u00f3l harminc kilom\u00e9teren bel\u00fcl vannak a v\u00e1rost\u00f3l, \u00e9s a hosszabb, eg\u00e9sz napos, negyven kilom\u00e9ter feletti kir\u00e1ndul\u00e1sokra, amelyekre ink\u00e1bb egy eg\u00e9sz szabadnapot sz\u00e1nunk.<\/p>\n\n\n\n<p class=\"wp-block-paragraph\">Amikor b\u00e1rmelyik, a Nemzeti M\u0171eml\u00e9kv\u00e9delmi Int\u00e9zet al\u00e1 tartoz\u00f3 v\u00e1rat vagy kast\u00e9lyt tervezed megn\u00e9zni, <strong>sz\u00e1m\u00edts arra, hogy h\u00e9tf\u0151nk\u00e9nt \u00e1ltal\u00e1ban mindenhol z\u00e1rva vannak<\/strong>. Ez a csendes m\u0171eml\u00e9kv\u00e9delmi meg\u00e1llapod\u00e1s a k\u00f6rny\u00e9k legnagyobb attrakci\u00f3ira is \u00e9rv\u00e9nyes, ez\u00e9rt a h\u00e9t elej\u00e9re ink\u00e1bb a term\u00e9szetet, a kil\u00e1t\u00f3kat vagy az \u00e1llatkerteket tervezd, ahol a nyitvatart\u00e1s sokkal rugalmasabb.<\/p>\n\n\n\n<p class=\"wp-block-paragraph\">D\u00e9l-Csehorsz\u00e1g r\u00e1ad\u00e1sul rendk\u00edv\u00fcl n\u00e9pszer\u0171 a ker\u00e9kp\u00e1rosok k\u00f6r\u00e9ben, \u00e9s a <strong>ker\u00e9kp\u00e1rutak s\u0171r\u0171 h\u00e1l\u00f3zata biztons\u00e1gosan elvezet sz\u00e1mos c\u00e9lponthoz az Otava foly\u00f3 ment\u00e9n<\/strong>. Ha a t\u00f6megk\u00f6zleked\u00e9sre hagyatkozol, vonattal remek\u00fcl eljutsz a k\u00f6rnyez\u0151 v\u00e1rosokba, de n\u00e9h\u00e1ny elszigeteltebb l\u00e1tnival\u00f3hoz gyakran sokkal jobb \u00e9s gyorsabb a helyi buszj\u00e1ratokat haszn\u00e1lni.<\/p>\n\n\n\n<figure data-wp-context=\"{&quot;imageId&quot;:&quot;6a953a9d82e70&quot;}\" data-wp-interactive=\"core\/image\" data-wp-key=\"6a953a9d82e70\" class=\"wp-block-image size-full wp-lightbox-container\"><img decoding=\"async\" width=\"2528\" height=\"1696\" data-wp-class--hide=\"state.isContentHidden\" data-wp-class--show=\"state.isContentVisible\" data-wp-init=\"callbacks.setButtonStyles\" data-wp-on--click=\"actions.showLightbox\" data-wp-on--load=\"callbacks.setButtonStyles\" data-wp-on--pointerdown=\"actions.preloadImage\" data-wp-on--pointerenter=\"actions.preloadImageWithDelay\" data-wp-on--pointerleave=\"actions.cancelPreload\" data-wp-on-window--resize=\"callbacks.setButtonStyles\" src=\"https:\/\/loudavymkrokem.cz\/wp-content\/uploads\/2026\/08\/lk-03.jpg\" alt=\"Kil\u00e1t\u00e1s a t\u00e1jra a P\u00edseki hegyekb\u0151l\" class=\"wp-image-403972\" title=\"\" srcset=\"https:\/\/loudavymkrokem.cz\/wp-content\/uploads\/2026\/08\/lk-03.jpg 2528w, https:\/\/loudavymkrokem.cz\/wp-content\/uploads\/2026\/08\/lk-03-300x201.jpg 300w, https:\/\/loudavymkrokem.cz\/wp-content\/uploads\/2026\/08\/lk-03-700x470.jpg 700w, https:\/\/loudavymkrokem.cz\/wp-content\/uploads\/2026\/08\/lk-03-768x515.jpg 768w, https:\/\/loudavymkrokem.cz\/wp-content\/uploads\/2026\/08\/lk-03-1536x1030.jpg 1536w, https:\/\/loudavymkrokem.cz\/wp-content\/uploads\/2026\/08\/lk-03-2048x1374.jpg 2048w, https:\/\/loudavymkrokem.cz\/wp-content\/uploads\/2026\/08\/lk-03-696x467.jpg 696w, https:\/\/loudavymkrokem.cz\/wp-content\/uploads\/2026\/08\/lk-03-1392x934.jpg 1392w, https:\/\/loudavymkrokem.cz\/wp-content\/uploads\/2026\/08\/lk-03-1920x1288.jpg 1920w\" sizes=\"(max-width: 2528px) 100vw, 2528px\" \/><button\n\t\t\tclass=\"lightbox-trigger\"\n\t\t\ttype=\"button\"\n\t\t\taria-haspopup=\"dialog\"\n\t\t\tdata-wp-bind--aria-label=\"state.thisImage.triggerButtonAriaLabel\"\n\t\t\tdata-wp-init=\"callbacks.initTriggerButton\"\n\t\t\tdata-wp-on--click=\"actions.showLightbox\"\n\t\t\tdata-wp-style--right=\"state.thisImage.buttonRight\"\n\t\t\tdata-wp-style--top=\"state.thisImage.buttonTop\"\n\t\t>\n\t\t\t<svg xmlns=\"http:\/\/www.w3.org\/2000\/svg\" width=\"12\" height=\"12\" fill=\"none\" viewBox=\"0 0 12 12\">\n\t\t\t\t<path fill=\"#fff\" d=\"M2 0a2 2 0 0 0-2 2v2h1.5V2a.5.5 0 0 1 .5-.5h2V0H2Zm2 10.5H2a.5.5 0 0 1-.5-.5V8H0v2a2 2 0 0 0 2 2h2v-1.5ZM8 12v-1.5h2a.5.5 0 0 0 .5-.5V8H12v2a2 2 0 0 1-2 2H8Zm2-12a2 2 0 0 1 2 2v2h-1.5V2a.5.5 0 0 0-.5-.5H8V0h2Z\" \/>\n\t\t\t<\/svg>\n\t\t<\/button><figcaption class=\"wp-element-caption\">F\u00e9nyk\u00e9p alapj\u00e1n: Chmee2 \/ Wikimedia Commons, CC BY-SA 3.0 \u00b7 sz\u00ednben m\u00f3dos\u00edtva<\/figcaption><\/figure>\n\n\n\n<h2 class=\"wp-block-heading\"><span class=\"ez-toc-section\" id=\"Hol_szallj_meg_ha_a_kornyeket_akarod_bejarni\"><\/span>Hol sz\u00e1llj meg, ha a k\u00f6rny\u00e9ket akarod bej\u00e1rni<span class=\"ez-toc-section-end\"><\/span><\/h2>\n\n\n\n<p class=\"wp-block-paragraph\">Ha egy h\u00e9tv\u00e9g\u00e9re vagy egy h\u00e9tre l\u00e1togatsz P\u00edsek k\u00f6rny\u00e9k\u00e9re, <strong>\u00e9rdemes k\u00f6zvetlen\u00fcl P\u00edsekben megsz\u00e1llni<\/strong>, \u00e9s onnan indulni a k\u00f6rny\u00e9kre. A cikkben szerepl\u0151 c\u00e9lpontok t\u00f6bbs\u00e9ge f\u00e9l \u00f3r\u00e1nyi \u00fatra van, este pedig visszat\u00e9rsz a v\u00e1rosba, ahol van hol parkolni, enni \u00e9s s\u00e9t\u00e1lni egyet a foly\u00f3parton.<\/p>\n\n\n\n<p class=\"wp-block-paragraph\">A legjobb c\u00edmen fekszik a <strong><a href=\"https:\/\/www.stay22.com\/allez\/roam?aid=lukaskonecny&amp;campaign=loudavymkrokemcz&amp;campaign=vylety-v-okoli-pisku&amp;hotelname=Hotel%20Biograf&amp;address=P%C3%ADsek%2C%20%C4%8Cesko\" target=\"_blank\" rel=\"nofollow sponsored noopener\">Hotel Biograf<\/a><\/strong> a Nagyt\u00e9r k\u00f6zel\u00e9ben, amely fel\u00faj\u00edtott, \u00e9s r\u00e9g\u00f3ta P\u00edsek egyik legjobbra \u00e9rt\u00e9kelt sz\u00e1ll\u00e1sa. Csendesebb v\u00e1ltozat a <strong><a href=\"https:\/\/www.stay22.com\/allez\/roam?aid=lukaskonecny&amp;campaign=loudavymkrokemcz&amp;campaign=vylety-v-okoli-pisku&amp;hotelname=Hotel%20U%20Kapli%C4%8Dky&amp;address=P%C3%ADsek%2C%20%C4%8Cesko\" target=\"_blank\" rel=\"nofollow sponsored noopener\">Hotel U Kapli\u010dky<\/a><\/strong> saj\u00e1t \u00e9tteremmel \u00e9s parkol\u00f3val, amelyet igaz\u00e1n megbecs\u00fclsz majd, ha k\u00e9s\u0151 este t\u00e9rsz vissza a kir\u00e1ndul\u00e1sr\u00f3l.<\/p>\n\n\n\n<p class=\"wp-block-paragraph\">Olcs\u00f3bban j\u00f6ssz ki a <strong><a href=\"https:\/\/www.stay22.com\/allez\/roam?aid=lukaskonecny&amp;campaign=loudavymkrokemcz&amp;campaign=vylety-v-okoli-pisku&amp;hotelname=Penzion%20Sport&amp;address=P%C3%ADsek%2C%20%C4%8Cesko\" target=\"_blank\" rel=\"nofollow sponsored noopener\">Penzion Sporttal<\/a><\/strong>, ahonnan p\u00e1r perc gyalogl\u00e1s a sportkomplexum \u00e9s a strand. Ha pedig egyenesen a t\u00f6rt\u00e9nelmi belv\u00e1rosban szeretn\u00e9l lenni, pr\u00f3b\u00e1ld ki a <strong><a href=\"https:\/\/www.stay22.com\/allez\/roam?aid=lukaskonecny&amp;campaign=loudavymkrokemcz&amp;campaign=vylety-v-okoli-pisku&amp;hotelname=Hotel%20Otava&amp;address=P%C3%ADsek%2C%20%C4%8Cesko\" target=\"_blank\" rel=\"nofollow sponsored noopener\">Hotel Otav\u00e1t<\/a><\/strong> az els\u0151 k\u00f6zt\u00e1rsas\u00e1g korabeli \u00e9p\u00fcletben, Ale\u0161 festm\u00e9nyeivel \u2014 a szob\u00e1k viszont nehezebben szerezhet\u0151k be, ez\u00e9rt foglald le \u0151ket el\u0151re.<\/p>\n\n\n\n<p class=\"wp-block-paragraph\">\ud83d\udca1 <strong>Tipp:<\/strong> A p\u00edsheki sz\u00e1ll\u00e1sok teljes k\u00edn\u00e1lat\u00e1t az aktu\u00e1lis \u00e1rakkal egy\u00fctt n\u00e9zd meg <a href=\"https:\/\/www.stay22.com\/allez\/roam?aid=lukaskonecny&amp;campaign=loudavymkrokemcz&amp;campaign=vylety-v-okoli-pisku&amp;address=P%C3%ADsek%2C%20%C4%8Cesko\" target=\"_blank\" rel=\"nofollow sponsored noopener\">a p\u00edsheki sz\u00e1ll\u00e1sok t\u00e9rk\u00e9p\u00e9n<\/a> \u2014 f\u0151szezonban \u00e9s hossz\u00fa h\u00e9tv\u00e9g\u00e9ken a kapacit\u00e1sok gyorsan betelnek.<\/p>\n\n\n\n<h2 class=\"wp-block-heading\"><span class=\"ez-toc-section\" id=\"Kirandulasok_15_kilometeren_belul_fel_napra_es_kerekparral_is\"><\/span>Kir\u00e1ndul\u00e1sok 15 kilom\u00e9teren bel\u00fcl: f\u00e9l napra \u00e9s ker\u00e9kp\u00e1rral is<span class=\"ez-toc-section-end\"><\/span><\/h2>\n\n\n\n<p class=\"wp-block-paragraph\">Ezek a legk\u00f6zelebbi c\u00e9lpontok t\u00e9nyleg csak egy karny\u00fajt\u00e1snyira vannak, \u00e9s a p\u00edseki csal\u00e1dok f\u0151leg h\u00e9tv\u00e9genk\u00e9nt j\u00e1rnak ide, amikor nem akarnak t\u00fal sok id\u0151t az aut\u00f3ban t\u00f6lteni. Nyugodtan bej\u00e1rhatod \u0151ket egy d\u00e9lut\u00e1n alatt, vagy egy ker\u00e9kp\u00e1ros kir\u00e1ndul\u00e1s kellemes c\u00e9lpontjak\u00e9nt.<\/p>\n\n\n\n<figure data-wp-context=\"{&quot;imageId&quot;:&quot;6a953a9d83427&quot;}\" data-wp-interactive=\"core\/image\" data-wp-key=\"6a953a9d83427\" class=\"wp-block-image size-full wp-lightbox-container\"><img decoding=\"async\" width=\"2528\" height=\"1696\" data-wp-class--hide=\"state.isContentHidden\" data-wp-class--show=\"state.isContentVisible\" data-wp-init=\"callbacks.setButtonStyles\" data-wp-on--click=\"actions.showLightbox\" data-wp-on--load=\"callbacks.setButtonStyles\" data-wp-on--pointerdown=\"actions.preloadImage\" data-wp-on--pointerenter=\"actions.preloadImageWithDelay\" data-wp-on--pointerleave=\"actions.cancelPreload\" data-wp-on-window--resize=\"callbacks.setButtonStyles\" src=\"https:\/\/loudavymkrokem.cz\/wp-content\/uploads\/2026\/08\/lk-04.jpg\" alt=\"A Jarn\u00edk kil\u00e1t\u00f3 a P\u00edseki hegyekben\" class=\"wp-image-403974\" title=\"\" srcset=\"https:\/\/loudavymkrokem.cz\/wp-content\/uploads\/2026\/08\/lk-04.jpg 2528w, https:\/\/loudavymkrokem.cz\/wp-content\/uploads\/2026\/08\/lk-04-300x201.jpg 300w, https:\/\/loudavymkrokem.cz\/wp-content\/uploads\/2026\/08\/lk-04-700x470.jpg 700w, https:\/\/loudavymkrokem.cz\/wp-content\/uploads\/2026\/08\/lk-04-768x515.jpg 768w, https:\/\/loudavymkrokem.cz\/wp-content\/uploads\/2026\/08\/lk-04-1536x1030.jpg 1536w, https:\/\/loudavymkrokem.cz\/wp-content\/uploads\/2026\/08\/lk-04-2048x1374.jpg 2048w, https:\/\/loudavymkrokem.cz\/wp-content\/uploads\/2026\/08\/lk-04-696x467.jpg 696w, https:\/\/loudavymkrokem.cz\/wp-content\/uploads\/2026\/08\/lk-04-1392x934.jpg 1392w, https:\/\/loudavymkrokem.cz\/wp-content\/uploads\/2026\/08\/lk-04-1920x1288.jpg 1920w\" sizes=\"(max-width: 2528px) 100vw, 2528px\" \/><button\n\t\t\tclass=\"lightbox-trigger\"\n\t\t\ttype=\"button\"\n\t\t\taria-haspopup=\"dialog\"\n\t\t\tdata-wp-bind--aria-label=\"state.thisImage.triggerButtonAriaLabel\"\n\t\t\tdata-wp-init=\"callbacks.initTriggerButton\"\n\t\t\tdata-wp-on--click=\"actions.showLightbox\"\n\t\t\tdata-wp-style--right=\"state.thisImage.buttonRight\"\n\t\t\tdata-wp-style--top=\"state.thisImage.buttonTop\"\n\t\t>\n\t\t\t<svg xmlns=\"http:\/\/www.w3.org\/2000\/svg\" width=\"12\" height=\"12\" fill=\"none\" viewBox=\"0 0 12 12\">\n\t\t\t\t<path fill=\"#fff\" d=\"M2 0a2 2 0 0 0-2 2v2h1.5V2a.5.5 0 0 1 .5-.5h2V0H2Zm2 10.5H2a.5.5 0 0 1-.5-.5V8H0v2a2 2 0 0 0 2 2h2v-1.5ZM8 12v-1.5h2a.5.5 0 0 0 .5-.5V8H12v2a2 2 0 0 1-2 2H8Zm2-12a2 2 0 0 1 2 2v2h-1.5V2a.5.5 0 0 0-.5-.5H8V0h2Z\" \/>\n\t\t\t<\/svg>\n\t\t<\/button><figcaption class=\"wp-element-caption\">F\u00e9nyk\u00e9p alapj\u00e1n: Chmee2 \/ Wikimedia Commons, CC BY 3.0 \u00b7 sz\u00ednben m\u00f3dos\u00edtva<\/figcaption><\/figure>\n\n\n\n<h3 class=\"wp-block-heading\"><span class=\"ez-toc-section\" id=\"1_Jarnik_kilato\"><\/span>1. Jarn\u00edk kil\u00e1t\u00f3<span class=\"ez-toc-section-end\"><\/span><\/h3>\n\n\n\n<p class=\"wp-block-paragraph\">P\u00edsek k\u00f6zpontj\u00e1b\u00f3l a kil\u00e1t\u00f3 mind\u00f6ssze <strong>5,1 kilom\u00e9terre van, ami aut\u00f3val k\u00f6r\u00fclbel\u00fcl 21 perc<\/strong> a parkol\u00f3ig. K\u00f6zvetlen\u00fcl a P\u00edseki hegyekben, a v\u00e1ros f\u00f6l\u00f6tt tal\u00e1lhat\u00f3, \u00e9s az ingyenes U Vod\u00e1ka parkol\u00f3t\u00f3l mag\u00e1hoz a toronyhoz m\u00e9g k\u00f6r\u00fclbel\u00fcl 1,7 kilom\u00e9tert kell gyalogolni gy\u00f6ny\u00f6r\u0171 erd\u0151n kereszt\u00fcl.<\/p>\n\n\n\n<p class=\"wp-block-paragraph\">A feljut\u00e1s ingyenes \u00e9s \u00e9jjel-nappal lehets\u00e9ges, k\u00f6zel ezer ember \u00e9rt\u00e9kelte \u00e1tlagosan n\u00e9gy \u00e9s f\u00e9l csillagra, \u00e9s b\u00e1r technikailag t\u00e1vk\u00f6zl\u00e9si torony, a kil\u00e1t\u00f3plat\u00f3 sz\u00e9p k\u00f6rpanor\u00e1m\u00e1t k\u00edn\u00e1l a v\u00e1rosra \u00e9s a k\u00f6rny\u00e9kre, ha \u00e9pp nem szit\u00e1l a k\u00f6d.<\/p>\n\n\n\n<p class=\"wp-block-paragraph\">Ez a kir\u00e1ndul\u00e1s r\u00e1ad\u00e1sul <strong>t\u00f6k\u00e9letesen kombin\u00e1lhat\u00f3 a k\u00f6zeli U Vod\u00e1ka vadaskerttel<\/strong>, ahol d\u00e1mszarvasokat \u00e9s muflonokat figyelhetsz meg. Innen egy karny\u00fajt\u00e1snyira, a \u017divec fah\u00e1zn\u00e1l pedig megtal\u00e1lod a n\u00e9pszer\u0171 3D labirintust a f\u00e1k koron\u00e1j\u00e1ban, ami ezt a helyet minden koroszt\u00e1ly sz\u00e1m\u00e1ra t\u00f6k\u00e9letes f\u00e9l napos c\u00e9lpontt\u00e1 teszi.<\/p>\n\n\n\n<figure data-wp-context=\"{&quot;imageId&quot;:&quot;6a953a9d838b9&quot;}\" data-wp-interactive=\"core\/image\" data-wp-key=\"6a953a9d838b9\" class=\"wp-block-image size-full wp-lightbox-container\"><img decoding=\"async\" width=\"2528\" height=\"1696\" data-wp-class--hide=\"state.isContentHidden\" data-wp-class--show=\"state.isContentVisible\" data-wp-init=\"callbacks.setButtonStyles\" data-wp-on--click=\"actions.showLightbox\" data-wp-on--load=\"callbacks.setButtonStyles\" data-wp-on--pointerdown=\"actions.preloadImage\" data-wp-on--pointerenter=\"actions.preloadImageWithDelay\" data-wp-on--pointerleave=\"actions.cancelPreload\" data-wp-on-window--resize=\"callbacks.setButtonStyles\" src=\"https:\/\/loudavymkrokem.cz\/wp-content\/uploads\/2026\/08\/lk-05.jpg\" alt=\"Kil\u00e1t\u00e1s P\u00edsekre a P\u00edseki hegyekb\u0151l\" class=\"wp-image-403977\" title=\"\" srcset=\"https:\/\/loudavymkrokem.cz\/wp-content\/uploads\/2026\/08\/lk-05.jpg 2528w, https:\/\/loudavymkrokem.cz\/wp-content\/uploads\/2026\/08\/lk-05-300x201.jpg 300w, https:\/\/loudavymkrokem.cz\/wp-content\/uploads\/2026\/08\/lk-05-700x470.jpg 700w, https:\/\/loudavymkrokem.cz\/wp-content\/uploads\/2026\/08\/lk-05-768x515.jpg 768w, https:\/\/loudavymkrokem.cz\/wp-content\/uploads\/2026\/08\/lk-05-1536x1030.jpg 1536w, https:\/\/loudavymkrokem.cz\/wp-content\/uploads\/2026\/08\/lk-05-2048x1374.jpg 2048w, https:\/\/loudavymkrokem.cz\/wp-content\/uploads\/2026\/08\/lk-05-696x467.jpg 696w, https:\/\/loudavymkrokem.cz\/wp-content\/uploads\/2026\/08\/lk-05-1392x934.jpg 1392w, https:\/\/loudavymkrokem.cz\/wp-content\/uploads\/2026\/08\/lk-05-1920x1288.jpg 1920w\" sizes=\"(max-width: 2528px) 100vw, 2528px\" \/><button\n\t\t\tclass=\"lightbox-trigger\"\n\t\t\ttype=\"button\"\n\t\t\taria-haspopup=\"dialog\"\n\t\t\tdata-wp-bind--aria-label=\"state.thisImage.triggerButtonAriaLabel\"\n\t\t\tdata-wp-init=\"callbacks.initTriggerButton\"\n\t\t\tdata-wp-on--click=\"actions.showLightbox\"\n\t\t\tdata-wp-style--right=\"state.thisImage.buttonRight\"\n\t\t\tdata-wp-style--top=\"state.thisImage.buttonTop\"\n\t\t>\n\t\t\t<svg xmlns=\"http:\/\/www.w3.org\/2000\/svg\" width=\"12\" height=\"12\" fill=\"none\" viewBox=\"0 0 12 12\">\n\t\t\t\t<path fill=\"#fff\" d=\"M2 0a2 2 0 0 0-2 2v2h1.5V2a.5.5 0 0 1 .5-.5h2V0H2Zm2 10.5H2a.5.5 0 0 1-.5-.5V8H0v2a2 2 0 0 0 2 2h2v-1.5ZM8 12v-1.5h2a.5.5 0 0 0 .5-.5V8H12v2a2 2 0 0 1-2 2H8Zm2-12a2 2 0 0 1 2 2v2h-1.5V2a.5.5 0 0 0-.5-.5H8V0h2Z\" \/>\n\t\t\t<\/svg>\n\t\t<\/button><figcaption class=\"wp-element-caption\">F\u00e9nyk\u00e9p alapj\u00e1n: Chmee2 \/ Wikimedia Commons, CC BY-SA 3.0 \u00b7 sz\u00ednben m\u00f3dos\u00edtva<\/figcaption><\/figure>\n\n\n\n<h3 class=\"wp-block-heading\"><span class=\"ez-toc-section\" id=\"2_Piseki_hegyek\"><\/span>2. P\u00edseki hegyek<span class=\"ez-toc-section-end\"><\/span><\/h3>\n\n\n\n<p class=\"wp-block-paragraph\">Ennek a kiterjedt erd\u0151s ter\u00fcletnek a sz\u00e9l\u00e9ig <strong>k\u00f6r\u00fclbel\u00fcl 9,4 kilom\u00e9ter, ami 24 perc aut\u00f3\u00fat<\/strong> a v\u00e1rosk\u00f6zpontb\u00f3l. A P\u00edseki hegyek val\u00f3j\u00e1ban nem igazi hegyek a sz\u00f3 szoros \u00e9rtelm\u00e9ben, hanem ink\u00e1bb egy gy\u00f6ny\u00f6r\u0171 erd\u0151s dombvid\u00e9k, amely az eg\u00e9sz P\u00edsek k\u00f6rny\u00e9k\u00e9nek z\u00f6ld t\u00fcdej\u00e9t alkotja.<\/p>\n\n\n\n<p class=\"wp-block-paragraph\">Hatalmas, <strong>t\u00f6k\u00e9letesen jelzett \u00fath\u00e1l\u00f3zatot \u00e9s csendes halastavakat tal\u00e1lsz itt<\/strong>, amelyek egyenesen hossz\u00fa s\u00e9t\u00e1kra cs\u00e1b\u00edtanak. Nagyon aj\u00e1nlom a P\u00edseki erd\u00e9szek kil\u00e1t\u00f3hely\u00e9t, ahol van egy pihen\u0151, a p\u00edseki erd\u00e9szet t\u00f6rt\u00e9net\u00e9nek le\u00edr\u00e1sa \u00e9s nyugodt kil\u00e1t\u00e1s a v\u00f6lgybe. Ak\u00e1r gyalog indulsz el a k\u00f6zpontb\u00f3l, ak\u00e1r aut\u00f3val m\u00e9sz a \u017divec fah\u00e1zig, mindig hihetetlen nyugalom v\u00e1r r\u00e1d.<\/p>\n\n\n\n<p class=\"wp-block-paragraph\">Az utak szil\u00e1rd burkolat\u00faak, \u00e9s a babakocsi is gond n\u00e9lk\u00fcl v\u00e9gigg\u00f6rd\u00fcl rajtuk. R\u00e1ad\u00e1sul m\u00e9g szezonban is k\u00f6nnyen tal\u00e1lsz egy zugot, ahol eg\u00e9sz nap egy lelket sem l\u00e1tsz, ak\u00e1r gomb\u00e1szol, ak\u00e1r futsz, ak\u00e1r csak c\u00e9ltalanul b\u00f3kl\u00e1szol.<\/p>\n\n\n\n<figure data-wp-context=\"{&quot;imageId&quot;:&quot;6a953a9d83d01&quot;}\" data-wp-interactive=\"core\/image\" data-wp-key=\"6a953a9d83d01\" class=\"wp-block-image size-full wp-lightbox-container\"><img decoding=\"async\" width=\"2200\" height=\"1467\" data-wp-class--hide=\"state.isContentHidden\" data-wp-class--show=\"state.isContentVisible\" data-wp-init=\"callbacks.setButtonStyles\" data-wp-on--click=\"actions.showLightbox\" data-wp-on--load=\"callbacks.setButtonStyles\" data-wp-on--pointerdown=\"actions.preloadImage\" data-wp-on--pointerenter=\"actions.preloadImageWithDelay\" data-wp-on--pointerleave=\"actions.cancelPreload\" data-wp-on-window--resize=\"callbacks.setButtonStyles\" src=\"https:\/\/loudavymkrokem.cz\/wp-content\/uploads\/2026\/08\/putim-nase-zviratka.jpg\" alt=\"A Na\u0161e zv\u00ed\u0159\u00e1tka \u00e1llatsimogat\u00f3 Putimban\" class=\"wp-image-404439\" title=\"\" srcset=\"https:\/\/loudavymkrokem.cz\/wp-content\/uploads\/2026\/08\/putim-nase-zviratka.jpg 2200w, https:\/\/loudavymkrokem.cz\/wp-content\/uploads\/2026\/08\/putim-nase-zviratka-300x200.jpg 300w, https:\/\/loudavymkrokem.cz\/wp-content\/uploads\/2026\/08\/putim-nase-zviratka-700x467.jpg 700w, https:\/\/loudavymkrokem.cz\/wp-content\/uploads\/2026\/08\/putim-nase-zviratka-768x512.jpg 768w, https:\/\/loudavymkrokem.cz\/wp-content\/uploads\/2026\/08\/putim-nase-zviratka-1536x1024.jpg 1536w, https:\/\/loudavymkrokem.cz\/wp-content\/uploads\/2026\/08\/putim-nase-zviratka-2048x1366.jpg 2048w, https:\/\/loudavymkrokem.cz\/wp-content\/uploads\/2026\/08\/putim-nase-zviratka-696x464.jpg 696w, https:\/\/loudavymkrokem.cz\/wp-content\/uploads\/2026\/08\/putim-nase-zviratka-1392x928.jpg 1392w, https:\/\/loudavymkrokem.cz\/wp-content\/uploads\/2026\/08\/putim-nase-zviratka-1920x1280.jpg 1920w\" sizes=\"(max-width: 2200px) 100vw, 2200px\" \/><button\n\t\t\tclass=\"lightbox-trigger\"\n\t\t\ttype=\"button\"\n\t\t\taria-haspopup=\"dialog\"\n\t\t\tdata-wp-bind--aria-label=\"state.thisImage.triggerButtonAriaLabel\"\n\t\t\tdata-wp-init=\"callbacks.initTriggerButton\"\n\t\t\tdata-wp-on--click=\"actions.showLightbox\"\n\t\t\tdata-wp-style--right=\"state.thisImage.buttonRight\"\n\t\t\tdata-wp-style--top=\"state.thisImage.buttonTop\"\n\t\t>\n\t\t\t<svg xmlns=\"http:\/\/www.w3.org\/2000\/svg\" width=\"12\" height=\"12\" fill=\"none\" viewBox=\"0 0 12 12\">\n\t\t\t\t<path fill=\"#fff\" d=\"M2 0a2 2 0 0 0-2 2v2h1.5V2a.5.5 0 0 1 .5-.5h2V0H2Zm2 10.5H2a.5.5 0 0 1-.5-.5V8H0v2a2 2 0 0 0 2 2h2v-1.5ZM8 12v-1.5h2a.5.5 0 0 0 .5-.5V8H12v2a2 2 0 0 1-2 2H8Zm2-12a2 2 0 0 1 2 2v2h-1.5V2a.5.5 0 0 0-.5-.5H8V0h2Z\" \/>\n\t\t\t<\/svg>\n\t\t<\/button><\/figure>\n\n\n\n<h3 class=\"wp-block-heading\"><span class=\"ez-toc-section\" id=\"3_Putim_Nase_zviratka\"><\/span>3. Putim: Na\u0161e zv\u00ed\u0159\u00e1tka<span class=\"ez-toc-section-end\"><\/span><\/h3>\n\n\n\n<p class=\"wp-block-paragraph\">A h\u00edres Putim falucsk\u00e1ba mind\u00f6ssze <strong>6,5 kilom\u00e9ter, az aut\u00f3\u00fat pedig eg\u00e9sz 9 perc<\/strong>. A falu messze f\u00f6ld\u00f6n f\u0151leg a der\u00e9k Svejk katon\u00e1r\u00f3l sz\u00f3l\u00f3 h\u00edres reg\u00e9nyr\u0151l ismert, de a helyi csal\u00e1dok sz\u00e1m\u00e1ra a nagy vonzer\u0151 az itteni gy\u00f6ny\u00f6r\u0171 \u00e1llatsimogat\u00f3, a Na\u0161e zv\u00ed\u0159\u00e1tka.<\/p>\n\n\n\n<p class=\"wp-block-paragraph\">Ebbe a kis parkba <strong>a bel\u00e9p\u00e9s teljesen ingyenes, \u00e9s l\u00e1thatsz kengurukat \u00e9s pajkos szurik\u00e1t\u00e1kat is<\/strong>. Az \u00e1llatok hozz\u00e1szoktak az emberekhez, a ter\u00fclet pedig gondosan karbantartott, \u00edgy biztosan tov\u00e1bb maradsz itt, mint amire tal\u00e1n els\u0151re sz\u00e1m\u00edtan\u00e1l. Az aktu\u00e1lis nyitvatart\u00e1st a <a href=\"https:\/\/nasezviratkaputim.cz\" rel=\"nofollow noopener\" target=\"_blank\">nasezviratkaputim.cz<\/a> oldalon tal\u00e1lod.<\/p>\n\n\n\n<p class=\"wp-block-paragraph\">Ha eleget gy\u00f6ny\u00f6rk\u00f6dt\u00e9l az \u00e1llatokban, menj el m\u00e9g a Blanice foly\u00f3n \u00e1t\u00edvel\u0151 r\u00e9gi k\u0151h\u00eddhoz \u00e9s Szent L\u0151rinc templom\u00e1hoz \u2014 az a falusi b\u00e9kess\u00e9g egyszer\u0171en sz\u00edven tal\u00e1l, m\u00e9g akkor is, ha csak f\u00e9l \u00f3r\u00e1ra ugrasz ide.<\/p>\n\n\n\n<figure data-wp-context=\"{&quot;imageId&quot;:&quot;6a953a9d84196&quot;}\" data-wp-interactive=\"core\/image\" data-wp-key=\"6a953a9d84196\" class=\"wp-block-image size-full wp-lightbox-container\"><img decoding=\"async\" width=\"2200\" height=\"1467\" data-wp-class--hide=\"state.isContentHidden\" data-wp-class--show=\"state.isContentVisible\" data-wp-init=\"callbacks.setButtonStyles\" data-wp-on--click=\"actions.showLightbox\" data-wp-on--load=\"callbacks.setButtonStyles\" data-wp-on--pointerdown=\"actions.preloadImage\" data-wp-on--pointerenter=\"actions.preloadImageWithDelay\" data-wp-on--pointerleave=\"actions.cancelPreload\" data-wp-on-window--resize=\"callbacks.setButtonStyles\" src=\"https:\/\/loudavymkrokem.cz\/wp-content\/uploads\/2026\/08\/selibov-pohadkova-kovarna.jpg\" alt=\"A Meseszer\u0171 kov\u00e1csm\u0171hely Selibovban\" class=\"wp-image-404443\" title=\"\" srcset=\"https:\/\/loudavymkrokem.cz\/wp-content\/uploads\/2026\/08\/selibov-pohadkova-kovarna.jpg 2200w, https:\/\/loudavymkrokem.cz\/wp-content\/uploads\/2026\/08\/selibov-pohadkova-kovarna-300x200.jpg 300w, https:\/\/loudavymkrokem.cz\/wp-content\/uploads\/2026\/08\/selibov-pohadkova-kovarna-700x467.jpg 700w, https:\/\/loudavymkrokem.cz\/wp-content\/uploads\/2026\/08\/selibov-pohadkova-kovarna-768x512.jpg 768w, https:\/\/loudavymkrokem.cz\/wp-content\/uploads\/2026\/08\/selibov-pohadkova-kovarna-1536x1024.jpg 1536w, https:\/\/loudavymkrokem.cz\/wp-content\/uploads\/2026\/08\/selibov-pohadkova-kovarna-2048x1366.jpg 2048w, https:\/\/loudavymkrokem.cz\/wp-content\/uploads\/2026\/08\/selibov-pohadkova-kovarna-696x464.jpg 696w, https:\/\/loudavymkrokem.cz\/wp-content\/uploads\/2026\/08\/selibov-pohadkova-kovarna-1392x928.jpg 1392w, https:\/\/loudavymkrokem.cz\/wp-content\/uploads\/2026\/08\/selibov-pohadkova-kovarna-1920x1280.jpg 1920w\" sizes=\"(max-width: 2200px) 100vw, 2200px\" \/><button\n\t\t\tclass=\"lightbox-trigger\"\n\t\t\ttype=\"button\"\n\t\t\taria-haspopup=\"dialog\"\n\t\t\tdata-wp-bind--aria-label=\"state.thisImage.triggerButtonAriaLabel\"\n\t\t\tdata-wp-init=\"callbacks.initTriggerButton\"\n\t\t\tdata-wp-on--click=\"actions.showLightbox\"\n\t\t\tdata-wp-style--right=\"state.thisImage.buttonRight\"\n\t\t\tdata-wp-style--top=\"state.thisImage.buttonTop\"\n\t\t>\n\t\t\t<svg xmlns=\"http:\/\/www.w3.org\/2000\/svg\" width=\"12\" height=\"12\" fill=\"none\" viewBox=\"0 0 12 12\">\n\t\t\t\t<path fill=\"#fff\" d=\"M2 0a2 2 0 0 0-2 2v2h1.5V2a.5.5 0 0 1 .5-.5h2V0H2Zm2 10.5H2a.5.5 0 0 1-.5-.5V8H0v2a2 2 0 0 0 2 2h2v-1.5ZM8 12v-1.5h2a.5.5 0 0 0 .5-.5V8H12v2a2 2 0 0 1-2 2H8Zm2-12a2 2 0 0 1 2 2v2h-1.5V2a.5.5 0 0 0-.5-.5H8V0h2Z\" \/>\n\t\t\t<\/svg>\n\t\t<\/button><\/figure>\n\n\n\n<h3 class=\"wp-block-heading\"><span class=\"ez-toc-section\" id=\"4_Selibov_Meseszeru_kovacsmuhely\"><\/span>4. Selibov: Meseszer\u0171 kov\u00e1csm\u0171hely<span class=\"ez-toc-section-end\"><\/span><\/h3>\n\n\n\n<p class=\"wp-block-paragraph\">A Selibovba vezet\u0151 \u00fat <strong>8,2 kilom\u00e9ter, \u00e9s k\u00f6r\u00fclbel\u00fcl 9 percig tart<\/strong> a p\u00edseki f\u0151t\u00e9rt\u0151l. Itt tal\u00e1lhat\u00f3 a csod\u00e1latos Meseszer\u0171 kov\u00e1csm\u0171hely (Poh\u00e1dkov\u00e1 kov\u00e1rna), amely az eg\u00e9sz t\u00e1gabb k\u00f6rny\u00e9k csal\u00e1djainak egyik legn\u00e9pszer\u0171bb c\u00e9lpontja, \u00e9s t\u00f6bb ezer ember 4,7 csillagos \u00e9rt\u00e9kel\u00e9s\u00e9vel b\u00fcszk\u00e9lkedik.<\/p>\n\n\n\n<p class=\"wp-block-paragraph\">A t\u00f6rt\u00e9nelmi \u00e9p\u00fcleten bel\u00fcl \u00f6rd\u00f6g\u00f6k, v\u00edziman\u00f3k \u00e9s aranyos t\u00fcnd\u00e9rek v\u00e1rnak r\u00e1d, f\u0151leg a kisebb gyerekekre, de \u0151szint\u00e9n, a feln\u0151ttek is t\u00e1tott sz\u00e1jjal maradnak. A figur\u00e1k hihetetlen\u00fcl apr\u00f3l\u00e9kosan kidolgozottak, \u00e9s a r\u00e9gi cseh mond\u00e1k kiss\u00e9 titokzatos hangulata egyszer\u0171en t\u00f6k\u00e9letesen illik ide.<\/p>\n\n\n\n<p class=\"wp-block-paragraph\">A ter\u00fclet r\u00e9sze egy <strong>k\u00e9zm\u0171ves m\u0171hely az \u00fcgyes kez\u0171eknek, az udvaron pedig eleven kis szamarakat tartanak<\/strong>, akik sz\u00e9pen feldobj\u00e1k a l\u00e1togat\u00e1st. A nyitvatart\u00e1st \u00e9s az aktu\u00e1lis bel\u00e9p\u0151t biztons\u00e1g kedv\u00e9\u00e9rt mindig ellen\u0151rizd a weboldalukon: <a href=\"https:\/\/pohadkovakovarna.cz\" rel=\"nofollow noopener\" target=\"_blank\">pohadkovakovarna.cz<\/a>, mert a ny\u00e1ri f\u0151szezonon k\u00edv\u00fcl a m\u0171k\u00f6d\u00e9s kiss\u00e9 v\u00e1ltozhat.<\/p>\n\n\n\n<figure data-wp-context=\"{&quot;imageId&quot;:&quot;6a953a9d8464c&quot;}\" data-wp-interactive=\"core\/image\" data-wp-key=\"6a953a9d8464c\" class=\"wp-block-image size-full wp-lightbox-container\"><img decoding=\"async\" width=\"2528\" height=\"1696\" data-wp-class--hide=\"state.isContentHidden\" data-wp-class--show=\"state.isContentVisible\" data-wp-init=\"callbacks.setButtonStyles\" data-wp-on--click=\"actions.showLightbox\" data-wp-on--load=\"callbacks.setButtonStyles\" data-wp-on--pointerdown=\"actions.preloadImage\" data-wp-on--pointerenter=\"actions.preloadImageWithDelay\" data-wp-on--pointerleave=\"actions.cancelPreload\" data-wp-on-window--resize=\"callbacks.setButtonStyles\" src=\"https:\/\/loudavymkrokem.cz\/wp-content\/uploads\/2026\/08\/lk-08.jpg\" alt=\"A Fels\u0151 er\u0151d\u00edtett k\u00faria Kest\u0159anyban\" class=\"wp-image-403988\" title=\"\" srcset=\"https:\/\/loudavymkrokem.cz\/wp-content\/uploads\/2026\/08\/lk-08.jpg 2528w, https:\/\/loudavymkrokem.cz\/wp-content\/uploads\/2026\/08\/lk-08-300x201.jpg 300w, https:\/\/loudavymkrokem.cz\/wp-content\/uploads\/2026\/08\/lk-08-700x470.jpg 700w, https:\/\/loudavymkrokem.cz\/wp-content\/uploads\/2026\/08\/lk-08-768x515.jpg 768w, https:\/\/loudavymkrokem.cz\/wp-content\/uploads\/2026\/08\/lk-08-1536x1030.jpg 1536w, https:\/\/loudavymkrokem.cz\/wp-content\/uploads\/2026\/08\/lk-08-2048x1374.jpg 2048w, https:\/\/loudavymkrokem.cz\/wp-content\/uploads\/2026\/08\/lk-08-696x467.jpg 696w, https:\/\/loudavymkrokem.cz\/wp-content\/uploads\/2026\/08\/lk-08-1392x934.jpg 1392w, https:\/\/loudavymkrokem.cz\/wp-content\/uploads\/2026\/08\/lk-08-1920x1288.jpg 1920w\" sizes=\"(max-width: 2528px) 100vw, 2528px\" \/><button\n\t\t\tclass=\"lightbox-trigger\"\n\t\t\ttype=\"button\"\n\t\t\taria-haspopup=\"dialog\"\n\t\t\tdata-wp-bind--aria-label=\"state.thisImage.triggerButtonAriaLabel\"\n\t\t\tdata-wp-init=\"callbacks.initTriggerButton\"\n\t\t\tdata-wp-on--click=\"actions.showLightbox\"\n\t\t\tdata-wp-style--right=\"state.thisImage.buttonRight\"\n\t\t\tdata-wp-style--top=\"state.thisImage.buttonTop\"\n\t\t>\n\t\t\t<svg xmlns=\"http:\/\/www.w3.org\/2000\/svg\" width=\"12\" height=\"12\" fill=\"none\" viewBox=\"0 0 12 12\">\n\t\t\t\t<path fill=\"#fff\" d=\"M2 0a2 2 0 0 0-2 2v2h1.5V2a.5.5 0 0 1 .5-.5h2V0H2Zm2 10.5H2a.5.5 0 0 1-.5-.5V8H0v2a2 2 0 0 0 2 2h2v-1.5ZM8 12v-1.5h2a.5.5 0 0 0 .5-.5V8H12v2a2 2 0 0 1-2 2H8Zm2-12a2 2 0 0 1 2 2v2h-1.5V2a.5.5 0 0 0-.5-.5H8V0h2Z\" \/>\n\t\t\t<\/svg>\n\t\t<\/button><figcaption class=\"wp-element-caption\">F\u00e9nyk\u00e9p alapj\u00e1n: donald judge \/ Wikimedia Commons, CC BY 2.0 \u00b7 sz\u00ednben m\u00f3dos\u00edtva<\/figcaption><\/figure>\n\n\n\n<h3 class=\"wp-block-heading\"><span class=\"ez-toc-section\" id=\"5_Kestrany_Felso_es_Also_eroditett_kuria\"><\/span>5. Kest\u0159any: Fels\u0151 \u00e9s Als\u00f3 er\u0151d\u00edtett k\u00faria<span class=\"ez-toc-section-end\"><\/span><\/h3>\n\n\n\n<p class=\"wp-block-paragraph\">Ez a t\u00f6rt\u00e9nelmi k\u00fcl\u00f6nlegess\u00e9g <strong>8,9 kilom\u00e9terre van P\u00edsekt\u0151l, aut\u00f3val 13 perc alatt \u00e9rkezel ide<\/strong>. Kest\u0159any a t\u00f6rt\u00e9nelemszeret\u0151k k\u00f6r\u00e9ben nagy fogalom, mert itt tal\u00e1lhat\u00f3 k\u00e9t, egym\u00e1s mellett \u00e1ll\u00f3 k\u00f6z\u00e9pkori er\u0151d\u00edtett k\u00faria teljesen egyed\u00fcl\u00e1ll\u00f3 egy\u00fcttese, amit Csehorsz\u00e1gban tal\u00e1n sehol m\u00e1shol nem l\u00e1tsz.<\/p>\n\n\n\n<p class=\"wp-block-paragraph\">A Fels\u0151 k\u00faria ter\u00fclete <strong>a ny\u00e1ri szezonban \u00e1ltal\u00e1ban 9 \u00e9s 19 \u00f3ra k\u00f6z\u00f6tt l\u00e1togathat\u00f3, \u00e9s val\u00f3di romantikus rom benyom\u00e1s\u00e1t kelti<\/strong>. Mindk\u00e9t k\u00faria meg\u0151rizte nyers k\u00f6z\u00e9pkori jelleg\u00e9t felesleges modern beavatkoz\u00e1sok n\u00e9lk\u00fcl, \u00edgy az az \u00e9rz\u00e9sed t\u00e1mad, mintha egyenesen egy h\u0151si reg\u00e9nyb\u0151l l\u00e9pt\u00e9l volna ide, \u00e9s elfelejtetted volna a visszautat.<\/p>\n\n\n\n<p class=\"wp-block-paragraph\">A hely nagy el\u0151nye, hogy <strong>nem \u00e1rasztj\u00e1k el a turistat\u00f6megek, \u00e9s csod\u00e1latos nyugalom uralkodik itt<\/strong>, \u00edgy teljesen ki\u00e9lvezheted a fot\u00f3z\u00e1st \u00e9s a b\u00e1sty\u00e1k felfedez\u00e9s\u00e9t. A l\u00e1togat\u00e1sokr\u00f3l sz\u00f3l\u00f3 r\u00e9szletes inform\u00e1ci\u00f3kat \u00e9s az aktu\u00e1lis nyitvatart\u00e1st a <a href=\"https:\/\/kestrany.cz\" rel=\"nofollow noopener\" target=\"_blank\">kestrany.cz<\/a> oldalon tal\u00e1lod.<\/p>\n\n\n\n<figure data-wp-context=\"{&quot;imageId&quot;:&quot;6a953a9d84ad1&quot;}\" data-wp-interactive=\"core\/image\" data-wp-key=\"6a953a9d84ad1\" class=\"wp-block-image size-full wp-lightbox-container\"><img decoding=\"async\" width=\"2200\" height=\"1467\" data-wp-class--hide=\"state.isContentHidden\" data-wp-class--show=\"state.isContentVisible\" data-wp-init=\"callbacks.setButtonStyles\" data-wp-on--click=\"actions.showLightbox\" data-wp-on--load=\"callbacks.setButtonStyles\" data-wp-on--pointerdown=\"actions.preloadImage\" data-wp-on--pointerenter=\"actions.preloadImageWithDelay\" data-wp-on--pointerleave=\"actions.cancelPreload\" data-wp-on-window--resize=\"callbacks.setButtonStyles\" src=\"https:\/\/loudavymkrokem.cz\/wp-content\/uploads\/2026\/08\/maletice-farmapark-zviratka.jpg\" alt=\"Simogathat\u00f3 \u00e1llatok a Farmapark Maletic\u00e9ben\" class=\"wp-image-404445\" title=\"\" srcset=\"https:\/\/loudavymkrokem.cz\/wp-content\/uploads\/2026\/08\/maletice-farmapark-zviratka.jpg 2200w, https:\/\/loudavymkrokem.cz\/wp-content\/uploads\/2026\/08\/maletice-farmapark-zviratka-300x200.jpg 300w, https:\/\/loudavymkrokem.cz\/wp-content\/uploads\/2026\/08\/maletice-farmapark-zviratka-700x467.jpg 700w, https:\/\/loudavymkrokem.cz\/wp-content\/uploads\/2026\/08\/maletice-farmapark-zviratka-768x512.jpg 768w, https:\/\/loudavymkrokem.cz\/wp-content\/uploads\/2026\/08\/maletice-farmapark-zviratka-1536x1024.jpg 1536w, https:\/\/loudavymkrokem.cz\/wp-content\/uploads\/2026\/08\/maletice-farmapark-zviratka-2048x1366.jpg 2048w, https:\/\/loudavymkrokem.cz\/wp-content\/uploads\/2026\/08\/maletice-farmapark-zviratka-696x464.jpg 696w, https:\/\/loudavymkrokem.cz\/wp-content\/uploads\/2026\/08\/maletice-farmapark-zviratka-1392x928.jpg 1392w, https:\/\/loudavymkrokem.cz\/wp-content\/uploads\/2026\/08\/maletice-farmapark-zviratka-1920x1280.jpg 1920w\" sizes=\"(max-width: 2200px) 100vw, 2200px\" \/><button\n\t\t\tclass=\"lightbox-trigger\"\n\t\t\ttype=\"button\"\n\t\t\taria-haspopup=\"dialog\"\n\t\t\tdata-wp-bind--aria-label=\"state.thisImage.triggerButtonAriaLabel\"\n\t\t\tdata-wp-init=\"callbacks.initTriggerButton\"\n\t\t\tdata-wp-on--click=\"actions.showLightbox\"\n\t\t\tdata-wp-style--right=\"state.thisImage.buttonRight\"\n\t\t\tdata-wp-style--top=\"state.thisImage.buttonTop\"\n\t\t>\n\t\t\t<svg xmlns=\"http:\/\/www.w3.org\/2000\/svg\" width=\"12\" height=\"12\" fill=\"none\" viewBox=\"0 0 12 12\">\n\t\t\t\t<path fill=\"#fff\" d=\"M2 0a2 2 0 0 0-2 2v2h1.5V2a.5.5 0 0 1 .5-.5h2V0H2Zm2 10.5H2a.5.5 0 0 1-.5-.5V8H0v2a2 2 0 0 0 2 2h2v-1.5ZM8 12v-1.5h2a.5.5 0 0 0 .5-.5V8H12v2a2 2 0 0 1-2 2H8Zm2-12a2 2 0 0 1 2 2v2h-1.5V2a.5.5 0 0 0-.5-.5H8V0h2Z\" \/>\n\t\t\t<\/svg>\n\t\t<\/button><\/figure>\n\n\n\n<h3 class=\"wp-block-heading\"><span class=\"ez-toc-section\" id=\"6_Maletice_Farmapark\"><\/span>6. Maletice: Farmapark<span class=\"ez-toc-section-end\"><\/span><\/h3>\n\n\n\n<p class=\"wp-block-paragraph\">A Maletic\u00e9ben nemr\u00e9g ki\u00e9p\u00fclt farmparkig <strong>11,2 kilom\u00e9tert teszel meg, ami k\u00e9nyelmes 12 perc aut\u00f3val<\/strong>. Viszonylag \u00faj projektr\u0151l van sz\u00f3, amely azonban hihetetlen\u00fcl gyorsan megh\u00f3d\u00edtotta a helyi csal\u00e1dok sz\u00edv\u00e9t, \u00e9s ma m\u00e1r a v\u00e1ros k\u00f6zel\u00e9ben a legn\u00e9pszer\u0171bb csal\u00e1di c\u00e9lpontok k\u00f6z\u00e9 tartozik.<\/p>\n\n\n\n<p class=\"wp-block-paragraph\">A ter\u00fclet hatalmas, \u00e9s <strong>rengeteg simogathat\u00f3 \u00e1llatot k\u00edn\u00e1l \u00f3ri\u00e1si trambulinokkal egy\u00fctt<\/strong>, ahol a gyerekek teljesen biztons\u00e1gosan kitombolhatj\u00e1k magukat. Minden \u00fagy van kital\u00e1lva, hogy a sz\u00fcl\u0151k nyugodtan megihass\u00e1k a k\u00e1v\u00e9jukat, mik\u00f6zben a csemet\u00e9k szem el\u0151tt vannak \u00e9s a hatalmas j\u00e1tsz\u00f3elemeken sz\u00f3rakoznak. A farmpark hihetetlen\u00fcl okosan van megcsin\u00e1lva, \u00e9s a p\u00edseki csal\u00e1dok k\u00f6r\u00e9ben pillanatok alatt kedvenc lett. A bel\u00e9p\u0151t \u00e9s a nyitvatart\u00e1st ellen\u0151rizd a <a href=\"https:\/\/farmaparkmaletice.cz\" rel=\"nofollow noopener\" target=\"_blank\">farmaparkmaletice.cz<\/a> oldalon.<\/p>\n\n\n\n<p class=\"wp-block-paragraph\">Ez a c\u00e9lpont <strong>f\u0151leg csal\u00e1doknak abszol\u00fat k\u00f6telez\u0151, \u00e9s gond n\u00e9lk\u00fcl elt\u00f6ltesz itt egy eg\u00e9sz d\u00e9lut\u00e1nt<\/strong>. Ha hasonl\u00f3 \u00f6tleteket keresel, mindenk\u00e9pp n\u00e9zd meg a cikk\u00fcnket: <a href=\"https:\/\/loudavymkrokem.cz\/hu\/pisek-gyerekekkel-tippek\/\">P\u00edsek gyerekekkel: 40 tipp egy helyi anyuk\u00e1t\u00f3l<\/a>, ahol egy csom\u00f3 tov\u00e1bbi j\u00f3l bev\u00e1lt helyet tal\u00e1lsz a k\u00f6rny\u00e9ken.<\/p>\n\n\n\n<figure data-wp-context=\"{&quot;imageId&quot;:&quot;6a953a9d85107&quot;}\" data-wp-interactive=\"core\/image\" data-wp-key=\"6a953a9d85107\" class=\"wp-block-image size-full wp-lightbox-container\"><img decoding=\"async\" width=\"2528\" height=\"1696\" data-wp-class--hide=\"state.isContentHidden\" data-wp-class--show=\"state.isContentVisible\" data-wp-init=\"callbacks.setButtonStyles\" data-wp-on--click=\"actions.showLightbox\" data-wp-on--load=\"callbacks.setButtonStyles\" data-wp-on--pointerdown=\"actions.preloadImage\" data-wp-on--pointerenter=\"actions.preloadImageWithDelay\" data-wp-on--pointerleave=\"actions.cancelPreload\" data-wp-on-window--resize=\"callbacks.setButtonStyles\" src=\"https:\/\/loudavymkrokem.cz\/wp-content\/uploads\/2026\/08\/lk-10.jpg\" alt=\"A \u0158e\u017eabinec halast\u00f3 Ra\u017eice mellett\" class=\"wp-image-404016\" title=\"\" srcset=\"https:\/\/loudavymkrokem.cz\/wp-content\/uploads\/2026\/08\/lk-10.jpg 2528w, https:\/\/loudavymkrokem.cz\/wp-content\/uploads\/2026\/08\/lk-10-300x201.jpg 300w, https:\/\/loudavymkrokem.cz\/wp-content\/uploads\/2026\/08\/lk-10-700x470.jpg 700w, https:\/\/loudavymkrokem.cz\/wp-content\/uploads\/2026\/08\/lk-10-768x515.jpg 768w, https:\/\/loudavymkrokem.cz\/wp-content\/uploads\/2026\/08\/lk-10-1536x1030.jpg 1536w, https:\/\/loudavymkrokem.cz\/wp-content\/uploads\/2026\/08\/lk-10-2048x1374.jpg 2048w, https:\/\/loudavymkrokem.cz\/wp-content\/uploads\/2026\/08\/lk-10-696x467.jpg 696w, https:\/\/loudavymkrokem.cz\/wp-content\/uploads\/2026\/08\/lk-10-1392x934.jpg 1392w, https:\/\/loudavymkrokem.cz\/wp-content\/uploads\/2026\/08\/lk-10-1920x1288.jpg 1920w\" sizes=\"(max-width: 2528px) 100vw, 2528px\" \/><button\n\t\t\tclass=\"lightbox-trigger\"\n\t\t\ttype=\"button\"\n\t\t\taria-haspopup=\"dialog\"\n\t\t\tdata-wp-bind--aria-label=\"state.thisImage.triggerButtonAriaLabel\"\n\t\t\tdata-wp-init=\"callbacks.initTriggerButton\"\n\t\t\tdata-wp-on--click=\"actions.showLightbox\"\n\t\t\tdata-wp-style--right=\"state.thisImage.buttonRight\"\n\t\t\tdata-wp-style--top=\"state.thisImage.buttonTop\"\n\t\t>\n\t\t\t<svg xmlns=\"http:\/\/www.w3.org\/2000\/svg\" width=\"12\" height=\"12\" fill=\"none\" viewBox=\"0 0 12 12\">\n\t\t\t\t<path fill=\"#fff\" d=\"M2 0a2 2 0 0 0-2 2v2h1.5V2a.5.5 0 0 1 .5-.5h2V0H2Zm2 10.5H2a.5.5 0 0 1-.5-.5V8H0v2a2 2 0 0 0 2 2h2v-1.5ZM8 12v-1.5h2a.5.5 0 0 0 .5-.5V8H12v2a2 2 0 0 1-2 2H8Zm2-12a2 2 0 0 1 2 2v2h-1.5V2a.5.5 0 0 0-.5-.5H8V0h2Z\" \/>\n\t\t\t<\/svg>\n\t\t<\/button><figcaption class=\"wp-element-caption\">F\u00e9nyk\u00e9p alapj\u00e1n: Chmee2 \/ Wikimedia Commons, CC BY 3.0 \u00b7 sz\u00ednben m\u00f3dos\u00edtva<\/figcaption><\/figure>\n\n\n\n<h3 class=\"wp-block-heading\"><span class=\"ez-toc-section\" id=\"7_Rezabinec_es_a_Rezabinec-tavak\"><\/span>7. \u0158e\u017eabinec \u00e9s a \u0158e\u017eabinec-tavak<span class=\"ez-toc-section-end\"><\/span><\/h3>\n\n\n\n<p class=\"wp-block-paragraph\">Ehhez a gy\u00f6ny\u00f6r\u0171 term\u00e9szetv\u00e9delmi ter\u00fclethez Ra\u017eice k\u00f6zs\u00e9g mellett <strong>11,3 kilom\u00e9tert kell megtenned, ami k\u00f6r\u00fclbel\u00fcl 25 perc<\/strong>. A \u0158e\u017eabinec halast\u00f3 az eg\u00e9sz D\u00e9l-Csehorsz\u00e1g egyik legjelent\u0151sebb mad\u00e1rvil\u00e1gi helysz\u00edne, \u00e9s az eg\u00e9sz ter\u00fclet szigor\u00faan v\u00e9dett nemzeti term\u00e9szetv\u00e9delmi rezerv\u00e1tum.<\/p>\n\n\n\n<p class=\"wp-block-paragraph\">A v\u00edzfelsz\u00edn k\u00f6r\u00fcl <strong>sz\u00e9p tan\u00f6sv\u00e9ny vezet, amelyet egy f\u00e1b\u00f3l k\u00e9sz\u00fclt mad\u00e1rmegfigyel\u0151 eg\u00e9sz\u00edt ki<\/strong>, ahonnan zavartalanul figyelheted a v\u00edz felsz\u00edn\u00e9n zajl\u00f3 \u00e9letet. Aj\u00e1nlom, hogy csomagolj be egy t\u00e1vcs\u00f6vet, mert az itt f\u00e9szkel\u0151 vagy vonul\u00e1skor megpihen\u0151 madarak mennyis\u00e9ge val\u00f3ban leny\u0171g\u00f6z\u0151.<\/p>\n\n\n\n<p class=\"wp-block-paragraph\">Ez a helysz\u00edn <strong>ide\u00e1lis mindenkinek, aki csendet \u00e9s teljes menek\u00fcl\u00e9st keres a civiliz\u00e1ci\u00f3b\u00f3l<\/strong>, mert ide ink\u00e1bb a term\u00e9szetkedvel\u0151k j\u00e1rnak, mint a t\u00f6megturist\u00e1k. A tan\u00f6sv\u00e9ny r\u00e1ad\u00e1sul k\u00f6nny\u0171 \u00e9s s\u00edk terep\u0171, \u00edgy nyugodtan v\u00e9gigcsin\u00e1lj\u00e1k az id\u0151sebb koroszt\u00e1lyok vagy az alkalmi kir\u00e1ndul\u00f3k is.<\/p>\n\n\n\n<figure data-wp-context=\"{&quot;imageId&quot;:&quot;6a953a9d8565a&quot;}\" data-wp-interactive=\"core\/image\" data-wp-key=\"6a953a9d8565a\" class=\"wp-block-image size-full wp-lightbox-container\"><img decoding=\"async\" width=\"2528\" height=\"1696\" data-wp-class--hide=\"state.isContentHidden\" data-wp-class--show=\"state.isContentVisible\" data-wp-init=\"callbacks.setButtonStyles\" data-wp-on--click=\"actions.showLightbox\" data-wp-on--load=\"callbacks.setButtonStyles\" data-wp-on--pointerdown=\"actions.preloadImage\" data-wp-on--pointerenter=\"actions.preloadImageWithDelay\" data-wp-on--pointerleave=\"actions.cancelPreload\" data-wp-on-window--resize=\"callbacks.setButtonStyles\" src=\"https:\/\/loudavymkrokem.cz\/wp-content\/uploads\/2026\/08\/lk-11.jpg\" alt=\"A Podol-h\u00edd az Orl\u00edk-v\u00edzt\u00e1roz\u00f3 felett\" class=\"wp-image-404022\" title=\"\" srcset=\"https:\/\/loudavymkrokem.cz\/wp-content\/uploads\/2026\/08\/lk-11.jpg 2528w, https:\/\/loudavymkrokem.cz\/wp-content\/uploads\/2026\/08\/lk-11-300x201.jpg 300w, https:\/\/loudavymkrokem.cz\/wp-content\/uploads\/2026\/08\/lk-11-700x470.jpg 700w, https:\/\/loudavymkrokem.cz\/wp-content\/uploads\/2026\/08\/lk-11-768x515.jpg 768w, https:\/\/loudavymkrokem.cz\/wp-content\/uploads\/2026\/08\/lk-11-1536x1030.jpg 1536w, https:\/\/loudavymkrokem.cz\/wp-content\/uploads\/2026\/08\/lk-11-2048x1374.jpg 2048w, https:\/\/loudavymkrokem.cz\/wp-content\/uploads\/2026\/08\/lk-11-696x467.jpg 696w, https:\/\/loudavymkrokem.cz\/wp-content\/uploads\/2026\/08\/lk-11-1392x934.jpg 1392w, https:\/\/loudavymkrokem.cz\/wp-content\/uploads\/2026\/08\/lk-11-1920x1288.jpg 1920w\" sizes=\"(max-width: 2528px) 100vw, 2528px\" \/><button\n\t\t\tclass=\"lightbox-trigger\"\n\t\t\ttype=\"button\"\n\t\t\taria-haspopup=\"dialog\"\n\t\t\tdata-wp-bind--aria-label=\"state.thisImage.triggerButtonAriaLabel\"\n\t\t\tdata-wp-init=\"callbacks.initTriggerButton\"\n\t\t\tdata-wp-on--click=\"actions.showLightbox\"\n\t\t\tdata-wp-style--right=\"state.thisImage.buttonRight\"\n\t\t\tdata-wp-style--top=\"state.thisImage.buttonTop\"\n\t\t>\n\t\t\t<svg xmlns=\"http:\/\/www.w3.org\/2000\/svg\" width=\"12\" height=\"12\" fill=\"none\" viewBox=\"0 0 12 12\">\n\t\t\t\t<path fill=\"#fff\" d=\"M2 0a2 2 0 0 0-2 2v2h1.5V2a.5.5 0 0 1 .5-.5h2V0H2Zm2 10.5H2a.5.5 0 0 1-.5-.5V8H0v2a2 2 0 0 0 2 2h2v-1.5ZM8 12v-1.5h2a.5.5 0 0 0 .5-.5V8H12v2a2 2 0 0 1-2 2H8Zm2-12a2 2 0 0 1 2 2v2h-1.5V2a.5.5 0 0 0-.5-.5H8V0h2Z\" \/>\n\t\t\t<\/svg>\n\t\t<\/button><figcaption class=\"wp-element-caption\">F\u00e9nyk\u00e9p alapj\u00e1n: Honza and Ivana Ebr \/ Wikimedia Commons, CC BY 3.0 \u00b7 sz\u00ednben m\u00f3dos\u00edtva<\/figcaption><\/figure>\n\n\n\n<h3 class=\"wp-block-heading\"><span class=\"ez-toc-section\" id=\"8_Podol-hid\"><\/span>8. Podol-h\u00edd<span class=\"ez-toc-section-end\"><\/span><\/h3>\n\n\n\n<p class=\"wp-block-paragraph\">Ehhez a m\u0171szaki remekhez P\u00edsekt\u0151l <strong>12,1 kilom\u00e9ter, az \u00fat pedig csak 13 perc<\/strong>. A Podol-h\u00edd (Podolsk\u00fd most), amely az Orl\u00edk-v\u00edzt\u00e1roz\u00f3 f\u00f6l\u00f6tt \u00edvel \u00e1t, rendk\u00edv\u00fcl eleg\u00e1ns \u00edves \u00e9p\u00edtm\u00e9ny, amelyet 1938 \u00e9s 1942 k\u00f6z\u00f6tt \u00e9p\u00edtettek, \u00e9s a mai napig leny\u0171g\u00f6z\u0151 p\u00e9ld\u00e1ja az akkori m\u00e9rn\u00f6ki munk\u00e1nak.<\/p>\n\n\n\n<p class=\"wp-block-paragraph\">A h\u00eddp\u00e1lya <strong>150 m\u00e9teres f\u0151 feszt\u00e1vval b\u00fcszk\u00e9lkedik, \u00e9s l\u00e9legzetel\u00e1ll\u00edt\u00f3 kil\u00e1t\u00e1st k\u00edn\u00e1l egyenesen a v\u00edz felsz\u00edn\u00e9re<\/strong> m\u00e9lyen alattad. A kijel\u00f6lt helyeken biztons\u00e1gosan meg\u00e1llhatsz, gy\u00f6ny\u00f6rk\u00f6dhetsz a kil\u00e1t\u00e1sban, \u00e9s sz\u00e9p k\u00e9peket k\u00e9sz\u00edthetsz a v\u00f6lgyr\u0151l, amelyet a h\u00edd olyan eleg\u00e1nsan szel \u00e1t.<\/p>\n\n\n\n<p class=\"wp-block-paragraph\">A h\u00eddn\u00e1l r\u00e1ad\u00e1sul <strong>gyakran nyitva van egy kis b\u00fcf\u00e9, ahol megihatsz egy k\u00e1v\u00e9t<\/strong>, \u00e9s az eg\u00e9sz remek\u00fcl kombin\u00e1lhat\u00f3 a k\u00f6zeli Zv\u00edkov v\u00e1r\u00e1nak megl\u00e1togat\u00e1s\u00e1val. A Google-t\u00e9rk\u00e9pen a h\u00edd fantasztikus, 4,7 csillagos \u00e9rt\u00e9kel\u00e9ssel rendelkezik t\u00f6bb mint k\u00e9tezer embert\u0151l, ami bizony\u00edtja, hogy a meg\u00e1ll\u00f3 mindenk\u00e9pp meg\u00e9ri.<\/p>\n\n\n\n<figure data-wp-context=\"{&quot;imageId&quot;:&quot;6a953a9d860fc&quot;}\" data-wp-interactive=\"core\/image\" data-wp-key=\"6a953a9d860fc\" class=\"wp-block-image size-full wp-lightbox-container\"><img decoding=\"async\" width=\"2528\" height=\"1696\" data-wp-class--hide=\"state.isContentHidden\" data-wp-class--show=\"state.isContentVisible\" data-wp-init=\"callbacks.setButtonStyles\" data-wp-on--click=\"actions.showLightbox\" data-wp-on--load=\"callbacks.setButtonStyles\" data-wp-on--pointerdown=\"actions.preloadImage\" data-wp-on--pointerenter=\"actions.preloadImageWithDelay\" data-wp-on--pointerleave=\"actions.cancelPreload\" data-wp-on-window--resize=\"callbacks.setButtonStyles\" src=\"https:\/\/loudavymkrokem.cz\/wp-content\/uploads\/2026\/08\/lk-12.jpg\" alt=\"\u017di\u017eka s\u00edreml\u00e9ke Sudom\u011b\u0159 mellett\" class=\"wp-image-404027\" title=\"\" srcset=\"https:\/\/loudavymkrokem.cz\/wp-content\/uploads\/2026\/08\/lk-12.jpg 2528w, https:\/\/loudavymkrokem.cz\/wp-content\/uploads\/2026\/08\/lk-12-300x201.jpg 300w, https:\/\/loudavymkrokem.cz\/wp-content\/uploads\/2026\/08\/lk-12-700x470.jpg 700w, https:\/\/loudavymkrokem.cz\/wp-content\/uploads\/2026\/08\/lk-12-768x515.jpg 768w, https:\/\/loudavymkrokem.cz\/wp-content\/uploads\/2026\/08\/lk-12-1536x1030.jpg 1536w, https:\/\/loudavymkrokem.cz\/wp-content\/uploads\/2026\/08\/lk-12-2048x1374.jpg 2048w, https:\/\/loudavymkrokem.cz\/wp-content\/uploads\/2026\/08\/lk-12-696x467.jpg 696w, https:\/\/loudavymkrokem.cz\/wp-content\/uploads\/2026\/08\/lk-12-1392x934.jpg 1392w, https:\/\/loudavymkrokem.cz\/wp-content\/uploads\/2026\/08\/lk-12-1920x1288.jpg 1920w\" sizes=\"(max-width: 2528px) 100vw, 2528px\" \/><button\n\t\t\tclass=\"lightbox-trigger\"\n\t\t\ttype=\"button\"\n\t\t\taria-haspopup=\"dialog\"\n\t\t\tdata-wp-bind--aria-label=\"state.thisImage.triggerButtonAriaLabel\"\n\t\t\tdata-wp-init=\"callbacks.initTriggerButton\"\n\t\t\tdata-wp-on--click=\"actions.showLightbox\"\n\t\t\tdata-wp-style--right=\"state.thisImage.buttonRight\"\n\t\t\tdata-wp-style--top=\"state.thisImage.buttonTop\"\n\t\t>\n\t\t\t<svg xmlns=\"http:\/\/www.w3.org\/2000\/svg\" width=\"12\" height=\"12\" fill=\"none\" viewBox=\"0 0 12 12\">\n\t\t\t\t<path fill=\"#fff\" d=\"M2 0a2 2 0 0 0-2 2v2h1.5V2a.5.5 0 0 1 .5-.5h2V0H2Zm2 10.5H2a.5.5 0 0 1-.5-.5V8H0v2a2 2 0 0 0 2 2h2v-1.5ZM8 12v-1.5h2a.5.5 0 0 0 .5-.5V8H12v2a2 2 0 0 1-2 2H8Zm2-12a2 2 0 0 1 2 2v2h-1.5V2a.5.5 0 0 0-.5-.5H8V0h2Z\" \/>\n\t\t\t<\/svg>\n\t\t<\/button><\/figure>\n\n\n\n<h3 class=\"wp-block-heading\"><span class=\"ez-toc-section\" id=\"9_Sudomer_Zizka_siremleke\"><\/span>9. Sudom\u011b\u0159: \u017di\u017eka s\u00edreml\u00e9ke<span class=\"ez-toc-section-end\"><\/span><\/h3>\n\n\n\n<p class=\"wp-block-paragraph\">A h\u00edres csata helysz\u00edn\u00e9ig <strong>13,7 kilom\u00e9tert teszel meg, \u00e9s a v\u00e1rosb\u00f3l mind\u00f6ssze 18 perc alatt \u00e9rkezel ide<\/strong>. \u00c9ppen itt, a halastavak k\u00f6z\u00f6tti t\u00e1jon zajlott le 1420-ban a legend\u00e1s sudom\u011b\u0159i csata, ahol a Trocnovi Jan \u017di\u017eka vezette huszita seregek dics\u0151s\u00e9gesen gy\u0151zedelmeskedtek a keresztesek felett.<\/p>\n\n\n\n<p class=\"wp-block-paragraph\">Ma egy <strong>monument\u00e1lis, huszita harcos alak\u00fa k\u0151eml\u00e9km\u0171<\/strong> \u00e1ll itt, amely szabadon l\u00e1togathat\u00f3, \u00e9s term\u00e9szetesen teljesen ingyenes. A helynek er\u0151s a genius locija, az inform\u00e1ci\u00f3s t\u00e1bl\u00e1kon pedig r\u00e9szletesen tanulm\u00e1nyozhatod, hogyan is m\u0171k\u00f6d\u00f6tt az akkori haditaktika a s\u00e1ros halastavak kihaszn\u00e1l\u00e1s\u00e1val.<\/p>\n\n\n\n<p class=\"wp-block-paragraph\">A s\u00edreml\u00e9k k\u00f6r\u00fcl <strong>kellemes \u00fatvonal vezet a v\u00edzfel\u00fcletek k\u00f6z\u00f6tt, amely mintha egy d\u00e9lut\u00e1ni s\u00e9t\u00e1ra teremtett\u00e9k volna<\/strong>, \u00e9s az emberek gy\u00f6ny\u00f6r\u0171 4,7 csillagra \u00e9rt\u00e9kelik a helyet. Egy darabka t\u00f6rt\u00e9nelem a jellegzetesen nyugodt d\u00e9l-csehorsz\u00e1gi t\u00e1jba \u00e1gyazva, amelyet egyszer\u0171en megszeretsz.<\/p>\n\n\n\n<figure data-wp-context=\"{&quot;imageId&quot;:&quot;6a953a9d866ab&quot;}\" data-wp-interactive=\"core\/image\" data-wp-key=\"6a953a9d866ab\" class=\"wp-block-image size-full wp-lightbox-container\"><img decoding=\"async\" width=\"2528\" height=\"1696\" data-wp-class--hide=\"state.isContentHidden\" data-wp-class--show=\"state.isContentVisible\" data-wp-init=\"callbacks.setButtonStyles\" data-wp-on--click=\"actions.showLightbox\" data-wp-on--load=\"callbacks.setButtonStyles\" data-wp-on--pointerdown=\"actions.preloadImage\" data-wp-on--pointerenter=\"actions.preloadImageWithDelay\" data-wp-on--pointerleave=\"actions.cancelPreload\" data-wp-on-window--resize=\"callbacks.setButtonStyles\" src=\"https:\/\/loudavymkrokem.cz\/wp-content\/uploads\/2026\/08\/lk-13.jpg\" alt=\"A Krokodil ZOO Protiv\u00ednban\" class=\"wp-image-404033\" title=\"\" srcset=\"https:\/\/loudavymkrokem.cz\/wp-content\/uploads\/2026\/08\/lk-13.jpg 2528w, https:\/\/loudavymkrokem.cz\/wp-content\/uploads\/2026\/08\/lk-13-300x201.jpg 300w, https:\/\/loudavymkrokem.cz\/wp-content\/uploads\/2026\/08\/lk-13-700x470.jpg 700w, https:\/\/loudavymkrokem.cz\/wp-content\/uploads\/2026\/08\/lk-13-768x515.jpg 768w, https:\/\/loudavymkrokem.cz\/wp-content\/uploads\/2026\/08\/lk-13-1536x1030.jpg 1536w, https:\/\/loudavymkrokem.cz\/wp-content\/uploads\/2026\/08\/lk-13-2048x1374.jpg 2048w, https:\/\/loudavymkrokem.cz\/wp-content\/uploads\/2026\/08\/lk-13-696x467.jpg 696w, https:\/\/loudavymkrokem.cz\/wp-content\/uploads\/2026\/08\/lk-13-1392x934.jpg 1392w, https:\/\/loudavymkrokem.cz\/wp-content\/uploads\/2026\/08\/lk-13-1920x1288.jpg 1920w\" sizes=\"(max-width: 2528px) 100vw, 2528px\" \/><button\n\t\t\tclass=\"lightbox-trigger\"\n\t\t\ttype=\"button\"\n\t\t\taria-haspopup=\"dialog\"\n\t\t\tdata-wp-bind--aria-label=\"state.thisImage.triggerButtonAriaLabel\"\n\t\t\tdata-wp-init=\"callbacks.initTriggerButton\"\n\t\t\tdata-wp-on--click=\"actions.showLightbox\"\n\t\t\tdata-wp-style--right=\"state.thisImage.buttonRight\"\n\t\t\tdata-wp-style--top=\"state.thisImage.buttonTop\"\n\t\t>\n\t\t\t<svg xmlns=\"http:\/\/www.w3.org\/2000\/svg\" width=\"12\" height=\"12\" fill=\"none\" viewBox=\"0 0 12 12\">\n\t\t\t\t<path fill=\"#fff\" d=\"M2 0a2 2 0 0 0-2 2v2h1.5V2a.5.5 0 0 1 .5-.5h2V0H2Zm2 10.5H2a.5.5 0 0 1-.5-.5V8H0v2a2 2 0 0 0 2 2h2v-1.5ZM8 12v-1.5h2a.5.5 0 0 0 .5-.5V8H12v2a2 2 0 0 1-2 2H8Zm2-12a2 2 0 0 1 2 2v2h-1.5V2a.5.5 0 0 0-.5-.5H8V0h2Z\" \/>\n\t\t\t<\/svg>\n\t\t<\/button><\/figure>\n\n\n\n<h3 class=\"wp-block-heading\"><span class=\"ez-toc-section\" id=\"10_Protivin\"><\/span>10. Protiv\u00edn<span class=\"ez-toc-section-end\"><\/span><\/h3>\n\n\n\n<p class=\"wp-block-paragraph\">Protiv\u00edn v\u00e1rosk\u00e1ja <strong>14,1 kilom\u00e9terre fekszik, \u00e9s nagyon gyorsan, 14 perc alatt \u00e9rkezel ide<\/strong>. Ez a v\u00e1ros hihetetlen\u00fcl n\u00e9pszer\u0171 c\u00e9lpont, \u00e9s annyi attrakci\u00f3t rejt, hogy az ember ak\u00e1r egy eg\u00e9sz h\u00e9tv\u00e9g\u00e9t is elt\u00f6lthetne itt, kezdve a h\u00edres Krokodil ZOO-val, amely t\u00f6bb mint \u00f6tezer \u00e9rt\u00e9kel\u00e9sb\u0151l 4,5 csillagot kapott.<\/p>\n\n\n\n<p class=\"wp-block-paragraph\">Ez az \u00e1llatkert <strong>Eur\u00f3pa legnagyobb specializ\u00e1lt krokodilteny\u00e9szet\u00e9t m\u0171k\u00f6dteti<\/strong>, \u00e9s a ny\u00e1ri szezonban \u00e1ltal\u00e1ban naponta 10 \u00e9s 17 \u00f3ra k\u00f6z\u00f6tt tart nyitva. Ezenk\u00edv\u00fcl itt tal\u00e1lod a leny\u0171g\u00f6z\u0151 Az id\u0151 birodalm\u00e1t, egy szecesszi\u00f3s vill\u00e1t, amely egy \u00f3ram\u00fazeumot rejt, hozz\u00e1 tartoz\u00f3 bels\u0151 j\u00e1tsz\u00f3h\u00e1zzal \u00e9s kerttel.<\/p>\n\n\n\n<p class=\"wp-block-paragraph\">Mindenk\u00e9pp <strong>meg\u00e9ri egy l\u00e1togat\u00e1s a t\u00f6rt\u00e9nelmi Platan s\u00f6rf\u0151zd\u00e9be is<\/strong>, \u00e9s ha kisebb gyerekeid vannak, tal\u00e1n megment a Fiziland belt\u00e9ri sz\u00f3rakoztat\u00f3k\u00f6zpont. Az egyes attrakci\u00f3k bel\u00e9p\u0151j\u00e9t ink\u00e1bb el\u0151re ellen\u0151rizd a <a href=\"https:\/\/krokodylizoo.cz\" rel=\"nofollow noopener\" target=\"_blank\">krokodylizoo.cz<\/a> \u00e9s a t\u00f6bbi weboldalon, nehogy a helysz\u00ednen b\u00e1rmi meglepet\u00e9s \u00e9rjen.<\/p>\n\n\n\n<figure data-wp-context=\"{&quot;imageId&quot;:&quot;6a953a9d86db5&quot;}\" data-wp-interactive=\"core\/image\" data-wp-key=\"6a953a9d86db5\" class=\"wp-block-image size-full wp-lightbox-container\"><img decoding=\"async\" width=\"1152\" height=\"768\" data-wp-class--hide=\"state.isContentHidden\" data-wp-class--show=\"state.isContentVisible\" data-wp-init=\"callbacks.setButtonStyles\" data-wp-on--click=\"actions.showLightbox\" data-wp-on--load=\"callbacks.setButtonStyles\" data-wp-on--pointerdown=\"actions.preloadImage\" data-wp-on--pointerenter=\"actions.preloadImageWithDelay\" data-wp-on--pointerleave=\"actions.cancelPreload\" data-wp-on-window--resize=\"callbacks.setButtonStyles\" src=\"https:\/\/loudavymkrokem.cz\/wp-content\/uploads\/2026\/08\/hrad-zvikov-v-zime.jpg\" alt=\"Zv\u00edkov v\u00e1ra a kapuhoz vezet\u0151 havas \u00fattal t\u00e9len\" class=\"wp-image-404450\" title=\"\" srcset=\"https:\/\/loudavymkrokem.cz\/wp-content\/uploads\/2026\/08\/hrad-zvikov-v-zime.jpg 1152w, https:\/\/loudavymkrokem.cz\/wp-content\/uploads\/2026\/08\/hrad-zvikov-v-zime-300x200.jpg 300w, https:\/\/loudavymkrokem.cz\/wp-content\/uploads\/2026\/08\/hrad-zvikov-v-zime-700x467.jpg 700w, https:\/\/loudavymkrokem.cz\/wp-content\/uploads\/2026\/08\/hrad-zvikov-v-zime-768x512.jpg 768w, https:\/\/loudavymkrokem.cz\/wp-content\/uploads\/2026\/08\/hrad-zvikov-v-zime-696x464.jpg 696w\" sizes=\"(max-width: 1152px) 100vw, 1152px\" \/><button\n\t\t\tclass=\"lightbox-trigger\"\n\t\t\ttype=\"button\"\n\t\t\taria-haspopup=\"dialog\"\n\t\t\tdata-wp-bind--aria-label=\"state.thisImage.triggerButtonAriaLabel\"\n\t\t\tdata-wp-init=\"callbacks.initTriggerButton\"\n\t\t\tdata-wp-on--click=\"actions.showLightbox\"\n\t\t\tdata-wp-style--right=\"state.thisImage.buttonRight\"\n\t\t\tdata-wp-style--top=\"state.thisImage.buttonTop\"\n\t\t>\n\t\t\t<svg xmlns=\"http:\/\/www.w3.org\/2000\/svg\" width=\"12\" height=\"12\" fill=\"none\" viewBox=\"0 0 12 12\">\n\t\t\t\t<path fill=\"#fff\" d=\"M2 0a2 2 0 0 0-2 2v2h1.5V2a.5.5 0 0 1 .5-.5h2V0H2Zm2 10.5H2a.5.5 0 0 1-.5-.5V8H0v2a2 2 0 0 0 2 2h2v-1.5ZM8 12v-1.5h2a.5.5 0 0 0 .5-.5V8H12v2a2 2 0 0 1-2 2H8Zm2-12a2 2 0 0 1 2 2v2h-1.5V2a.5.5 0 0 0-.5-.5H8V0h2Z\" \/>\n\t\t\t<\/svg>\n\t\t<\/button><\/figure>\n\n\n\n<h2 class=\"wp-block-heading\"><span class=\"ez-toc-section\" id=\"Varak_kastelyok_es_kolostorok_Pisek_kornyeken\"><\/span>V\u00e1rak, kast\u00e9lyok \u00e9s kolostorok P\u00edsek k\u00f6rny\u00e9k\u00e9n<span class=\"ez-toc-section-end\"><\/span><\/h2>\n\n\n\n<p class=\"wp-block-paragraph\">A kir\u00e1ndul\u00e1sok ezen r\u00e9sze m\u00e1r kicsit t\u00f6bb id\u0151t ig\u00e9nyel, mert a t\u00f6rt\u00e9nelmi objektumok nagyj\u00e1b\u00f3l 15 \u00e9s 40 kilom\u00e9ter k\u00f6z\u00f6tti t\u00e1vols\u00e1gra fekszenek. Mindegyik viszont a legjava annak, amit a vid\u00e9k\u00fcnk\u00f6n l\u00e1thatsz.<\/p>\n\n\n\n<figure data-wp-context=\"{&quot;imageId&quot;:&quot;6a953a9d8738c&quot;}\" data-wp-interactive=\"core\/image\" data-wp-key=\"6a953a9d8738c\" class=\"wp-block-image size-full wp-lightbox-container\"><img decoding=\"async\" width=\"2528\" height=\"1696\" data-wp-class--hide=\"state.isContentHidden\" data-wp-class--show=\"state.isContentVisible\" data-wp-init=\"callbacks.setButtonStyles\" data-wp-on--click=\"actions.showLightbox\" data-wp-on--load=\"callbacks.setButtonStyles\" data-wp-on--pointerdown=\"actions.preloadImage\" data-wp-on--pointerenter=\"actions.preloadImageWithDelay\" data-wp-on--pointerleave=\"actions.cancelPreload\" data-wp-on-window--resize=\"callbacks.setButtonStyles\" src=\"https:\/\/loudavymkrokem.cz\/wp-content\/uploads\/2026\/08\/lk-15.jpg\" alt=\"G\u00f3tikus \u00e1rk\u00e1dok Zv\u00edkov v\u00e1r\u00e1ban\" class=\"wp-image-404047\" title=\"\" srcset=\"https:\/\/loudavymkrokem.cz\/wp-content\/uploads\/2026\/08\/lk-15.jpg 2528w, https:\/\/loudavymkrokem.cz\/wp-content\/uploads\/2026\/08\/lk-15-300x201.jpg 300w, https:\/\/loudavymkrokem.cz\/wp-content\/uploads\/2026\/08\/lk-15-700x470.jpg 700w, https:\/\/loudavymkrokem.cz\/wp-content\/uploads\/2026\/08\/lk-15-768x515.jpg 768w, https:\/\/loudavymkrokem.cz\/wp-content\/uploads\/2026\/08\/lk-15-1536x1030.jpg 1536w, https:\/\/loudavymkrokem.cz\/wp-content\/uploads\/2026\/08\/lk-15-2048x1374.jpg 2048w, https:\/\/loudavymkrokem.cz\/wp-content\/uploads\/2026\/08\/lk-15-696x467.jpg 696w, https:\/\/loudavymkrokem.cz\/wp-content\/uploads\/2026\/08\/lk-15-1392x934.jpg 1392w, https:\/\/loudavymkrokem.cz\/wp-content\/uploads\/2026\/08\/lk-15-1920x1288.jpg 1920w\" sizes=\"(max-width: 2528px) 100vw, 2528px\" \/><button\n\t\t\tclass=\"lightbox-trigger\"\n\t\t\ttype=\"button\"\n\t\t\taria-haspopup=\"dialog\"\n\t\t\tdata-wp-bind--aria-label=\"state.thisImage.triggerButtonAriaLabel\"\n\t\t\tdata-wp-init=\"callbacks.initTriggerButton\"\n\t\t\tdata-wp-on--click=\"actions.showLightbox\"\n\t\t\tdata-wp-style--right=\"state.thisImage.buttonRight\"\n\t\t\tdata-wp-style--top=\"state.thisImage.buttonTop\"\n\t\t>\n\t\t\t<svg xmlns=\"http:\/\/www.w3.org\/2000\/svg\" width=\"12\" height=\"12\" fill=\"none\" viewBox=\"0 0 12 12\">\n\t\t\t\t<path fill=\"#fff\" d=\"M2 0a2 2 0 0 0-2 2v2h1.5V2a.5.5 0 0 1 .5-.5h2V0H2Zm2 10.5H2a.5.5 0 0 1-.5-.5V8H0v2a2 2 0 0 0 2 2h2v-1.5ZM8 12v-1.5h2a.5.5 0 0 0 .5-.5V8H12v2a2 2 0 0 1-2 2H8Zm2-12a2 2 0 0 1 2 2v2h-1.5V2a.5.5 0 0 0-.5-.5H8V0h2Z\" \/>\n\t\t\t<\/svg>\n\t\t<\/button><figcaption class=\"wp-element-caption\">F\u00e9nyk\u00e9p alapj\u00e1n: Klaus Kettner \/ Wikimedia Commons, CC BY 2.5 \u00b7 sz\u00ednben m\u00f3dos\u00edtva<\/figcaption><\/figure>\n\n\n\n<h3 class=\"wp-block-heading\"><span class=\"ez-toc-section\" id=\"11_Zvikov_vara_%E2%80%9Ea_cseh_varak_kiralya%E2%80%9D\"><\/span>11. Zv\u00edkov v\u00e1ra: \u201ea cseh v\u00e1rak kir\u00e1lya&#8221;<span class=\"ez-toc-section-end\"><\/span><\/h3>\n\n\n\n<p class=\"wp-block-paragraph\">Ehhez a fens\u00e9ges v\u00e1rhoz <strong>26,4 kilom\u00e9tert teszel meg, az aut\u00f3\u00fat pedig k\u00f6r\u00fclbel\u00fcl 32 perc<\/strong>. Zv\u00edkovot joggal nevezik a cseh v\u00e1rak kir\u00e1ly\u00e1nak, \u00e9s a fekv\u00e9se a szikl\u00e1s fokon a Vltava \u00e9s az Otava \u00f6sszefoly\u00e1sa f\u00f6l\u00f6tt \u2013 amelyet ma az Orl\u00edk-v\u00edzt\u00e1roz\u00f3 v\u00edzszintje emel meg \u2013 teljesen ikonikus.<\/p>\n\n\n\n<p class=\"wp-block-paragraph\">A 2026-os ellen\u0151rz\u00f6tt \u00e1rlista szerint <strong>az alap Kir\u00e1lyi palota t\u00fara 180 K\u010d (kb. 2700 Ft) feln\u0151tteknek<\/strong>, a kedvezm\u00e9nyes bel\u00e9p\u0151 nyugd\u00edjasoknak \u00e9s fiataloknak 140 K\u010d (kb. 2100 Ft), a gyerekek pedig 50 K\u010d-t (kb. 760 Ft) fizetnek. Saj\u00e1t temp\u00f3dban j\u00e1rhatod v\u00e9gig, k\u00f6r\u00fclbel\u00fcl egy \u00f3ra alatt megn\u00e9zed a g\u00f3tikus \u00e1rk\u00e1dokat \u00e9s a csod\u00e1latos rom\u00e1n kori Hl\u00edza-tornyot, amelyn\u00e9l egyszer\u0171en meg kell \u00e1llnod.<\/p>\n\n\n\n<p class=\"wp-block-paragraph\">J\u00faliusban \u00e9s augusztusban <strong>keddt\u0151l vas\u00e1rnapig 9 \u00e9s 17 \u00f3ra k\u00f6z\u00f6tt van nyitva, h\u00e9tf\u0151n z\u00e1rva<\/strong>, \u00e9s sz\u00e1m\u00edts arra, hogy a kapacit\u00e1s szezonban gyakran elfogy. A ny\u00e1ri sz\u00fcnetet lesz\u00e1m\u00edtva figyelj a d\u00e9li sz\u00fcnetre, amikor a p\u00e9nzt\u00e1r 12 \u00e9s 13 \u00f3ra k\u00f6z\u00f6tt z\u00e1rva van. Az aktu\u00e1lis \u00e1rlist\u00e1t \u00e9s nyitvatart\u00e1st a <a href=\"https:\/\/hrad-zvikov.cz\" rel=\"nofollow noopener\" target=\"_blank\">hrad-zvikov.cz<\/a> oldalon tal\u00e1lod.<\/p>\n\n\n\n<figure data-wp-context=\"{&quot;imageId&quot;:&quot;6a953a9d87a87&quot;}\" data-wp-interactive=\"core\/image\" data-wp-key=\"6a953a9d87a87\" class=\"wp-block-image size-full wp-lightbox-container\"><img decoding=\"async\" width=\"2528\" height=\"1696\" data-wp-class--hide=\"state.isContentHidden\" data-wp-class--show=\"state.isContentVisible\" data-wp-init=\"callbacks.setButtonStyles\" data-wp-on--click=\"actions.showLightbox\" data-wp-on--load=\"callbacks.setButtonStyles\" data-wp-on--pointerdown=\"actions.preloadImage\" data-wp-on--pointerenter=\"actions.preloadImageWithDelay\" data-wp-on--pointerleave=\"actions.cancelPreload\" data-wp-on-window--resize=\"callbacks.setButtonStyles\" src=\"https:\/\/loudavymkrokem.cz\/wp-content\/uploads\/2026\/08\/lk-16.jpg\" alt=\"Orl\u00edk kast\u00e9lya az Orl\u00edk-v\u00edzt\u00e1roz\u00f3 v\u00edzszintje felett\" class=\"wp-image-404051\" title=\"\" srcset=\"https:\/\/loudavymkrokem.cz\/wp-content\/uploads\/2026\/08\/lk-16.jpg 2528w, https:\/\/loudavymkrokem.cz\/wp-content\/uploads\/2026\/08\/lk-16-300x201.jpg 300w, https:\/\/loudavymkrokem.cz\/wp-content\/uploads\/2026\/08\/lk-16-700x470.jpg 700w, https:\/\/loudavymkrokem.cz\/wp-content\/uploads\/2026\/08\/lk-16-768x515.jpg 768w, https:\/\/loudavymkrokem.cz\/wp-content\/uploads\/2026\/08\/lk-16-1536x1030.jpg 1536w, https:\/\/loudavymkrokem.cz\/wp-content\/uploads\/2026\/08\/lk-16-2048x1374.jpg 2048w, https:\/\/loudavymkrokem.cz\/wp-content\/uploads\/2026\/08\/lk-16-696x467.jpg 696w, https:\/\/loudavymkrokem.cz\/wp-content\/uploads\/2026\/08\/lk-16-1392x934.jpg 1392w, https:\/\/loudavymkrokem.cz\/wp-content\/uploads\/2026\/08\/lk-16-1920x1288.jpg 1920w\" sizes=\"(max-width: 2528px) 100vw, 2528px\" \/><button\n\t\t\tclass=\"lightbox-trigger\"\n\t\t\ttype=\"button\"\n\t\t\taria-haspopup=\"dialog\"\n\t\t\tdata-wp-bind--aria-label=\"state.thisImage.triggerButtonAriaLabel\"\n\t\t\tdata-wp-init=\"callbacks.initTriggerButton\"\n\t\t\tdata-wp-on--click=\"actions.showLightbox\"\n\t\t\tdata-wp-style--right=\"state.thisImage.buttonRight\"\n\t\t\tdata-wp-style--top=\"state.thisImage.buttonTop\"\n\t\t>\n\t\t\t<svg xmlns=\"http:\/\/www.w3.org\/2000\/svg\" width=\"12\" height=\"12\" fill=\"none\" viewBox=\"0 0 12 12\">\n\t\t\t\t<path fill=\"#fff\" d=\"M2 0a2 2 0 0 0-2 2v2h1.5V2a.5.5 0 0 1 .5-.5h2V0H2Zm2 10.5H2a.5.5 0 0 1-.5-.5V8H0v2a2 2 0 0 0 2 2h2v-1.5ZM8 12v-1.5h2a.5.5 0 0 0 .5-.5V8H12v2a2 2 0 0 1-2 2H8Zm2-12a2 2 0 0 1 2 2v2h-1.5V2a.5.5 0 0 0-.5-.5H8V0h2Z\" \/>\n\t\t\t<\/svg>\n\t\t<\/button><figcaption class=\"wp-element-caption\">F\u00e9nyk\u00e9p alapj\u00e1n: Bjalek Michal \/ Wikimedia Commons, CC BY-SA 3.0 \u00b7 sz\u00ednben m\u00f3dos\u00edtva<\/figcaption><\/figure>\n\n\n\n<h3 class=\"wp-block-heading\"><span class=\"ez-toc-section\" id=\"12_Orlik_kastelya_Orlik_nad_Vltavou\"><\/span>12. Orl\u00edk kast\u00e9lya (Orl\u00edk nad Vltavou)<span class=\"ez-toc-section-end\"><\/span><\/h3>\n\n\n\n<p class=\"wp-block-paragraph\">Az Orl\u00edkba vezet\u0151 \u00fat <strong>40,1 kilom\u00e9ter, \u00e9s P\u00edsekb\u0151l k\u00e9nyelmesen 36 perc alatt oda\u00e9rsz<\/strong>. Ez a gy\u00f6ny\u00f6r\u0171 Lobkowicz-kast\u00e9ly k\u00f6zvetlen\u00fcl az Orl\u00edk-v\u00edzt\u00e1roz\u00f3 v\u00edzszintje f\u00f6l\u00f6tt magasodik, \u00e9s a k\u00f6zt\u00e1rsas\u00e1g egyik legfotog\u00e9nebb nemesi rezidenci\u00e1ja.<\/p>\n\n\n\n<p class=\"wp-block-paragraph\">A ny\u00e1ri szezonban <strong>a kast\u00e9ly \u00e1ltal\u00e1ban keddt\u0151l vas\u00e1rnapig 9 \u00e9s 17 \u00f3ra k\u00f6z\u00f6tt l\u00e1togathat\u00f3<\/strong>, a h\u00e9tf\u0151k pedig hagyom\u00e1nyosan z\u00e1rva maradnak. A gazdagon berendezett bels\u0151 terek megtekint\u00e9se ut\u00e1n mindenk\u00e9pp aj\u00e1nlom, hogy s\u00e9t\u00e1ld v\u00e9gig a hatalmas kast\u00e9lyparkot, amelyben a Schwarzenberg csal\u00e1d monument\u00e1lis kript\u00e1ja is rejt\u0151zik.<\/p>\n\n\n\n<p class=\"wp-block-paragraph\">A bel\u00e9p\u0151\u00e1rak nincsenek egys\u00e9gesen felt\u00fcntetve, ez\u00e9rt az <strong>aktu\u00e1lis bel\u00e9p\u0151t ellen\u0151rizd a hivatalos weboldalon: <a href=\"https:\/\/zamekorlik.cz\" rel=\"nofollow noopener\" target=\"_blank\">zamekorlik.cz<\/a><\/strong>, \u00e9s nagyon vigy\u00e1zz, nehogy \u00f6sszekeverd a zamek-orlik.cz oldallal, ami egy teljesen m\u00e1s rom Humpolec mellett. Az esetleges k\u00e9rd\u00e9seidet a 382 275 101-es telefonsz\u00e1mon is felteheted.<\/p>\n\n\n\n<figure data-wp-context=\"{&quot;imageId&quot;:&quot;6a953a9d88111&quot;}\" data-wp-interactive=\"core\/image\" data-wp-key=\"6a953a9d88111\" class=\"wp-block-image size-full wp-lightbox-container\"><img decoding=\"async\" width=\"2528\" height=\"1696\" data-wp-class--hide=\"state.isContentHidden\" data-wp-class--show=\"state.isContentVisible\" data-wp-init=\"callbacks.setButtonStyles\" data-wp-on--click=\"actions.showLightbox\" data-wp-on--load=\"callbacks.setButtonStyles\" data-wp-on--pointerdown=\"actions.preloadImage\" data-wp-on--pointerenter=\"actions.preloadImageWithDelay\" data-wp-on--pointerleave=\"actions.cancelPreload\" data-wp-on-window--resize=\"callbacks.setButtonStyles\" src=\"https:\/\/loudavymkrokem.cz\/wp-content\/uploads\/2026\/08\/lk-17.jpg\" alt=\"Blatn\u00e1 v\u00edzi kast\u00e9lya\" class=\"wp-image-404055\" title=\"\" srcset=\"https:\/\/loudavymkrokem.cz\/wp-content\/uploads\/2026\/08\/lk-17.jpg 2528w, https:\/\/loudavymkrokem.cz\/wp-content\/uploads\/2026\/08\/lk-17-300x201.jpg 300w, https:\/\/loudavymkrokem.cz\/wp-content\/uploads\/2026\/08\/lk-17-700x470.jpg 700w, https:\/\/loudavymkrokem.cz\/wp-content\/uploads\/2026\/08\/lk-17-768x515.jpg 768w, https:\/\/loudavymkrokem.cz\/wp-content\/uploads\/2026\/08\/lk-17-1536x1030.jpg 1536w, https:\/\/loudavymkrokem.cz\/wp-content\/uploads\/2026\/08\/lk-17-2048x1374.jpg 2048w, https:\/\/loudavymkrokem.cz\/wp-content\/uploads\/2026\/08\/lk-17-696x467.jpg 696w, https:\/\/loudavymkrokem.cz\/wp-content\/uploads\/2026\/08\/lk-17-1392x934.jpg 1392w, https:\/\/loudavymkrokem.cz\/wp-content\/uploads\/2026\/08\/lk-17-1920x1288.jpg 1920w\" sizes=\"(max-width: 2528px) 100vw, 2528px\" \/><button\n\t\t\tclass=\"lightbox-trigger\"\n\t\t\ttype=\"button\"\n\t\t\taria-haspopup=\"dialog\"\n\t\t\tdata-wp-bind--aria-label=\"state.thisImage.triggerButtonAriaLabel\"\n\t\t\tdata-wp-init=\"callbacks.initTriggerButton\"\n\t\t\tdata-wp-on--click=\"actions.showLightbox\"\n\t\t\tdata-wp-style--right=\"state.thisImage.buttonRight\"\n\t\t\tdata-wp-style--top=\"state.thisImage.buttonTop\"\n\t\t>\n\t\t\t<svg xmlns=\"http:\/\/www.w3.org\/2000\/svg\" width=\"12\" height=\"12\" fill=\"none\" viewBox=\"0 0 12 12\">\n\t\t\t\t<path fill=\"#fff\" d=\"M2 0a2 2 0 0 0-2 2v2h1.5V2a.5.5 0 0 1 .5-.5h2V0H2Zm2 10.5H2a.5.5 0 0 1-.5-.5V8H0v2a2 2 0 0 0 2 2h2v-1.5ZM8 12v-1.5h2a.5.5 0 0 0 .5-.5V8H12v2a2 2 0 0 1-2 2H8Zm2-12a2 2 0 0 1 2 2v2h-1.5V2a.5.5 0 0 0-.5-.5H8V0h2Z\" \/>\n\t\t\t<\/svg>\n\t\t<\/button><figcaption class=\"wp-element-caption\">F\u00e9nyk\u00e9p alapj\u00e1n: Ludmila Zellner Rotbauerov\u00e1 \/ Wikimedia Commons, CC BY-SA 4.0 \u00b7 sz\u00ednben m\u00f3dos\u00edtva<\/figcaption><\/figure>\n\n\n\n<h3 class=\"wp-block-heading\"><span class=\"ez-toc-section\" id=\"13_Blatna_kastelya\"><\/span>13. Blatn\u00e1 kast\u00e9lya<span class=\"ez-toc-section-end\"><\/span><\/h3>\n\n\n\n<p class=\"wp-block-paragraph\">A blatn\u00e1i kast\u00e9lyhoz <strong>27,1 kilom\u00e9ter, az \u00fat pedig kellemes 27 perc<\/strong>. Ez az egyik legjobban meg\u0151rz\u00f6tt v\u00edzi kast\u00e9ly n\u00e1lunk. Vizes\u00e1rok veszi k\u00f6r\u00fcl minden oldalr\u00f3l, \u00e9s az eg\u00e9sz romantikus kulissza gy\u00f6kerei valamikor a 13. sz\u00e1zadba ny\u00falnak vissza.<\/p>\n\n\n\n<p class=\"wp-block-paragraph\">A legnagyobb vonzer\u0151 azonban itt a <strong>hatalmas kast\u00e9lypark a szabadon \u00e9l\u0151 d\u00e1mszarvasokkal, amelyeket etetni lehet<\/strong>, \u00e9s \u00fajabban m\u00e9g aranyos alpak\u00e1kat is tartanak. A park \u00f3ri\u00e1si, tele \u00f6reg t\u00f6lgyekkel, \u00e9s v\u00edzi csatorn\u00e1k sz\u00f6vik \u00e1t, \u00edgy minden t\u00falz\u00e1s n\u00e9lk\u00fcl nyugodtan elt\u00f6ltesz itt f\u00e9l napot csak a s\u00e9t\u00e1lgat\u00e1ssal. Pontosan ez az a kir\u00e1ndul\u00e1s, ahov\u00e1 sz\u00edvesen vissz\u00fck a Pr\u00e1g\u00e1b\u00f3l \u00e9rkez\u0151 vend\u00e9geinket, mert a d\u00e1mszarvasok k\u00e9zb\u0151l etet\u00e9se mindenkit levesz a l\u00e1b\u00e1r\u00f3l. R\u00f6gt\u00f6n vegy\u00e9l k\u00e9t csomag takarm\u00e1nyt a p\u00e9nzt\u00e1rn\u00e1l, hidd el, egy nem lesz el\u00e9g.<\/p>\n\n\n\n<p class=\"wp-block-paragraph\">Szezonban <strong>a ter\u00fclet \u00e1ltal\u00e1ban 9 \u00e9s 18 \u00f3ra k\u00f6z\u00f6tt van nyitva, bent pedig tal\u00e1lsz egy remek k\u00e1v\u00e9z\u00f3t, az Oh My Deer Caf\u00e9t<\/strong>, ahol megpihenhetsz. A kast\u00e9lybe \u00e9s a parkba sz\u00f3l\u00f3 bel\u00e9p\u0151t el\u0151re ellen\u0151rizd a <a href=\"https:\/\/zamek-blatna.cz\" rel=\"nofollow noopener\" target=\"_blank\">zamek-blatna.cz<\/a> oldalon, mert a folyamatban l\u00e9v\u0151 rendezv\u00e9nyekt\u0151l f\u00fcgg\u0151en v\u00e1ltozhat.<\/p>\n\n\n\n<figure data-wp-context=\"{&quot;imageId&quot;:&quot;6a953a9d8880e&quot;}\" data-wp-interactive=\"core\/image\" data-wp-key=\"6a953a9d8880e\" class=\"wp-block-image size-full wp-lightbox-container\"><img decoding=\"async\" width=\"2528\" height=\"1696\" data-wp-class--hide=\"state.isContentHidden\" data-wp-class--show=\"state.isContentVisible\" data-wp-init=\"callbacks.setButtonStyles\" data-wp-on--click=\"actions.showLightbox\" data-wp-on--load=\"callbacks.setButtonStyles\" data-wp-on--pointerdown=\"actions.preloadImage\" data-wp-on--pointerenter=\"actions.preloadImageWithDelay\" data-wp-on--pointerleave=\"actions.cancelPreload\" data-wp-on-window--resize=\"callbacks.setButtonStyles\" src=\"https:\/\/loudavymkrokem.cz\/wp-content\/uploads\/2026\/08\/lk-18.jpg\" alt=\"A milevsk\u00f3i kolostor\" class=\"wp-image-404063\" title=\"\" srcset=\"https:\/\/loudavymkrokem.cz\/wp-content\/uploads\/2026\/08\/lk-18.jpg 2528w, https:\/\/loudavymkrokem.cz\/wp-content\/uploads\/2026\/08\/lk-18-300x201.jpg 300w, https:\/\/loudavymkrokem.cz\/wp-content\/uploads\/2026\/08\/lk-18-700x470.jpg 700w, https:\/\/loudavymkrokem.cz\/wp-content\/uploads\/2026\/08\/lk-18-768x515.jpg 768w, https:\/\/loudavymkrokem.cz\/wp-content\/uploads\/2026\/08\/lk-18-1536x1030.jpg 1536w, https:\/\/loudavymkrokem.cz\/wp-content\/uploads\/2026\/08\/lk-18-2048x1374.jpg 2048w, https:\/\/loudavymkrokem.cz\/wp-content\/uploads\/2026\/08\/lk-18-696x467.jpg 696w, https:\/\/loudavymkrokem.cz\/wp-content\/uploads\/2026\/08\/lk-18-1392x934.jpg 1392w, https:\/\/loudavymkrokem.cz\/wp-content\/uploads\/2026\/08\/lk-18-1920x1288.jpg 1920w\" sizes=\"(max-width: 2528px) 100vw, 2528px\" \/><button\n\t\t\tclass=\"lightbox-trigger\"\n\t\t\ttype=\"button\"\n\t\t\taria-haspopup=\"dialog\"\n\t\t\tdata-wp-bind--aria-label=\"state.thisImage.triggerButtonAriaLabel\"\n\t\t\tdata-wp-init=\"callbacks.initTriggerButton\"\n\t\t\tdata-wp-on--click=\"actions.showLightbox\"\n\t\t\tdata-wp-style--right=\"state.thisImage.buttonRight\"\n\t\t\tdata-wp-style--top=\"state.thisImage.buttonTop\"\n\t\t>\n\t\t\t<svg xmlns=\"http:\/\/www.w3.org\/2000\/svg\" width=\"12\" height=\"12\" fill=\"none\" viewBox=\"0 0 12 12\">\n\t\t\t\t<path fill=\"#fff\" d=\"M2 0a2 2 0 0 0-2 2v2h1.5V2a.5.5 0 0 1 .5-.5h2V0H2Zm2 10.5H2a.5.5 0 0 1-.5-.5V8H0v2a2 2 0 0 0 2 2h2v-1.5ZM8 12v-1.5h2a.5.5 0 0 0 .5-.5V8H12v2a2 2 0 0 1-2 2H8Zm2-12a2 2 0 0 1 2 2v2h-1.5V2a.5.5 0 0 0-.5-.5H8V0h2Z\" \/>\n\t\t\t<\/svg>\n\t\t<\/button><figcaption class=\"wp-element-caption\">F\u00e9nyk\u00e9p alapj\u00e1n: VitVit \/ Wikimedia Commons, CC BY-SA 4.0 \u00b7 sz\u00ednben m\u00f3dos\u00edtva<\/figcaption><\/figure>\n\n\n\n<h3 class=\"wp-block-heading\"><span class=\"ez-toc-section\" id=\"14_A_milevskoi_kolostor\"><\/span>14. A milevsk\u00f3i kolostor<span class=\"ez-toc-section-end\"><\/span><\/h3>\n\n\n\n<p class=\"wp-block-paragraph\">Milevsk\u00f3ba pontosan <strong>28,8 kilom\u00e9tert teszel meg, ami id\u0151ben 32 perc utat jelent<\/strong>. Az itteni premontrei kolostort m\u00e1r 1187-ben alap\u00edtott\u00e1k, ami D\u00e9l-Csehorsz\u00e1g legr\u00e9gebbi kolostori int\u00e9zm\u00e9ny\u00e9v\u00e9 teszi, \u00e9s a mai napig csod\u00e1latosan nyugodt hely az elm\u00e9lked\u00e9sre.<\/p>\n\n\n\n<p class=\"wp-block-paragraph\">A f\u0151 l\u00e1togat\u00e1si szezonban <strong>a ter\u00fclet 9:30-t\u00f3l 17 \u00f3r\u00e1ig van nyitva, \u00e9s t\u00f6bb t\u00fara\u00fatvonalat k\u00edn\u00e1l<\/strong>, amelyek megismertetnek a r\u00e9gi\u00f3 gazdag spiritu\u00e1lis t\u00f6rt\u00e9nelm\u00e9vel. A ki\u00e1ll\u00edt\u00e1sok konkr\u00e9t bel\u00e9p\u0151j\u00e9t k\u00e9rlek, ellen\u0151rizd k\u00f6zvetlen\u00fcl az oldalukon: <a href=\"https:\/\/klastermilevsko.cz\" rel=\"nofollow noopener\" target=\"_blank\">klastermilevsko.cz<\/a>.<\/p>\n\n\n\n<p class=\"wp-block-paragraph\">A v\u00e1ros l\u00e1togat\u00e1sakor <strong>semmik\u00e9pp ne hagyd ki a kiv\u00e1l\u00f3 Milevsk\u00f3i maskar\u00e1k m\u00fazeum\u00e1t sem<\/strong>, amely a h\u00edres farsangi hagyom\u00e1nyt mutatja be, amely az UNESCO-list\u00e1ra val\u00f3 felker\u00fcl\u00e9sre p\u00e1ly\u00e1zik. Nagyon j\u00e1t\u00e9kos \u00e9s sz\u00ednes ki\u00e1ll\u00edt\u00e1s, amely remek\u00fcl eg\u00e9sz\u00edti ki a k\u00f6zeli kolostor komolyabb hangulat\u00e1t.<\/p>\n\n\n\n<figure data-wp-context=\"{&quot;imageId&quot;:&quot;6a953a9d88ee8&quot;}\" data-wp-interactive=\"core\/image\" data-wp-key=\"6a953a9d88ee8\" class=\"wp-block-image size-full wp-lightbox-container\"><img decoding=\"async\" width=\"2528\" height=\"1696\" data-wp-class--hide=\"state.isContentHidden\" data-wp-class--show=\"state.isContentVisible\" data-wp-init=\"callbacks.setButtonStyles\" data-wp-on--click=\"actions.showLightbox\" data-wp-on--load=\"callbacks.setButtonStyles\" data-wp-on--pointerdown=\"actions.preloadImage\" data-wp-on--pointerenter=\"actions.preloadImageWithDelay\" data-wp-on--pointerleave=\"actions.cancelPreload\" data-wp-on-window--resize=\"callbacks.setButtonStyles\" src=\"https:\/\/loudavymkrokem.cz\/wp-content\/uploads\/2026\/08\/lk-19.jpg\" alt=\"Strakonice v\u00e1ra az Otava \u00e9s a Voly\u0148ka \u00f6sszefoly\u00e1sa felett\" class=\"wp-image-404070\" title=\"\" srcset=\"https:\/\/loudavymkrokem.cz\/wp-content\/uploads\/2026\/08\/lk-19.jpg 2528w, https:\/\/loudavymkrokem.cz\/wp-content\/uploads\/2026\/08\/lk-19-300x201.jpg 300w, https:\/\/loudavymkrokem.cz\/wp-content\/uploads\/2026\/08\/lk-19-700x470.jpg 700w, https:\/\/loudavymkrokem.cz\/wp-content\/uploads\/2026\/08\/lk-19-768x515.jpg 768w, https:\/\/loudavymkrokem.cz\/wp-content\/uploads\/2026\/08\/lk-19-1536x1030.jpg 1536w, https:\/\/loudavymkrokem.cz\/wp-content\/uploads\/2026\/08\/lk-19-2048x1374.jpg 2048w, https:\/\/loudavymkrokem.cz\/wp-content\/uploads\/2026\/08\/lk-19-696x467.jpg 696w, https:\/\/loudavymkrokem.cz\/wp-content\/uploads\/2026\/08\/lk-19-1392x934.jpg 1392w, https:\/\/loudavymkrokem.cz\/wp-content\/uploads\/2026\/08\/lk-19-1920x1288.jpg 1920w\" sizes=\"(max-width: 2528px) 100vw, 2528px\" \/><button\n\t\t\tclass=\"lightbox-trigger\"\n\t\t\ttype=\"button\"\n\t\t\taria-haspopup=\"dialog\"\n\t\t\tdata-wp-bind--aria-label=\"state.thisImage.triggerButtonAriaLabel\"\n\t\t\tdata-wp-init=\"callbacks.initTriggerButton\"\n\t\t\tdata-wp-on--click=\"actions.showLightbox\"\n\t\t\tdata-wp-style--right=\"state.thisImage.buttonRight\"\n\t\t\tdata-wp-style--top=\"state.thisImage.buttonTop\"\n\t\t>\n\t\t\t<svg xmlns=\"http:\/\/www.w3.org\/2000\/svg\" width=\"12\" height=\"12\" fill=\"none\" viewBox=\"0 0 12 12\">\n\t\t\t\t<path fill=\"#fff\" d=\"M2 0a2 2 0 0 0-2 2v2h1.5V2a.5.5 0 0 1 .5-.5h2V0H2Zm2 10.5H2a.5.5 0 0 1-.5-.5V8H0v2a2 2 0 0 0 2 2h2v-1.5ZM8 12v-1.5h2a.5.5 0 0 0 .5-.5V8H12v2a2 2 0 0 1-2 2H8Zm2-12a2 2 0 0 1 2 2v2h-1.5V2a.5.5 0 0 0-.5-.5H8V0h2Z\" \/>\n\t\t\t<\/svg>\n\t\t<\/button><figcaption class=\"wp-element-caption\">F\u00e9nyk\u00e9p alapj\u00e1n: Michielverbeek \/ Wikimedia Commons, CC BY-SA 4.0 \u00b7 sz\u00ednben m\u00f3dos\u00edtva<\/figcaption><\/figure>\n\n\n\n<h3 class=\"wp-block-heading\"><span class=\"ez-toc-section\" id=\"15_Strakonice_vara\"><\/span>15. Strakonice v\u00e1ra<span class=\"ez-toc-section-end\"><\/span><\/h3>\n\n\n\n<p class=\"wp-block-paragraph\">A strakonicei v\u00e1r <strong>25,6 kilom\u00e9ter t\u00e1vols\u00e1gra fekszik, \u00e9s a v\u00e1rosb\u00f3l f\u00fcrge 24 perc alatt \u00e9rkezel ide<\/strong>. Ez a kiterjedt v\u00e1rkomplexum k\u00f6zvetlen\u00fcl az Otava \u00e9s a Voly\u0148ka \u00f6sszefoly\u00e1sa f\u00f6l\u00f6tt magasodik, \u00e9s az elm\u00falt \u00e9vekben nagyon \u00e1tfog\u00f3 \u00e9s sikeres fel\u00faj\u00edt\u00e1son esett \u00e1t.<\/p>\n\n\n\n<p class=\"wp-block-paragraph\">Ma a helyis\u00e9geiben <strong>a fantasztikus K\u00f6z\u00e9p-Otava-menti M\u00fazeum m\u0171k\u00f6dik hatalmas dudagy\u0171jtem\u00e9nnyel<\/strong>, amely t\u00f6k\u00e9letesen bemutatja az itteni h\u00edres dud\u00e1s hagyom\u00e1nyt, a motoroz\u00e1s rajong\u00f3it pedig elvar\u00e1zsolja a \u010cZ m\u00e1rk\u00e1j\u00fa motorker\u00e9kp\u00e1rok ki\u00e1ll\u00edt\u00e1sa. A l\u00e1togat\u00e1s r\u00e9szleteit \u00e9s a rendezv\u00e9nyprogramot a <a href=\"https:\/\/hradstrakonice.cz\" rel=\"nofollow noopener\" target=\"_blank\">hradstrakonice.cz<\/a> oldalon tal\u00e1lod. Strakonice r\u00e1ad\u00e1sul nemr\u00e9g nagy fel\u00faj\u00edt\u00e1son esett \u00e1t a foly\u00f3 k\u00f6rny\u00e9k\u00e9n, \u00edgy a v\u00e1r megtekint\u00e9se ut\u00e1n aj\u00e1nlom, hogy csak \u00fcld\u00f6g\u00e9lj a parton egy j\u00f3 k\u00e1v\u00e9val, \u00e9s \u00e9lvezd a kil\u00e1t\u00e1st a t\u00f6rt\u00e9nelmi falakra.<\/p>\n\n\n\n<p class=\"wp-block-paragraph\">Ha gyerekekkel indulsz Strakonic\u00e9be, <strong>kipr\u00f3b\u00e1lhatod a k\u00f6zeli Bagr\u00e1riumot is, amelyet 6 \u00e9vt\u0151l aj\u00e1nlanak<\/strong>, ahol val\u00f3di g\u00e9peket vezethetsz. Igaz, ez egy kisebb hely mind\u00f6ssze t\u00edz \u00e9rt\u00e9kel\u00e9ssel, de a kis \u00e9p\u00edt\u0151knek teljesen felejthetetlen \u00e9lm\u00e9ny.<\/p>\n\n\n\n<figure data-wp-context=\"{&quot;imageId&quot;:&quot;6a953a9d8958f&quot;}\" data-wp-interactive=\"core\/image\" data-wp-key=\"6a953a9d8958f\" class=\"wp-block-image size-full wp-lightbox-container\"><img decoding=\"async\" width=\"2048\" height=\"1365\" data-wp-class--hide=\"state.isContentHidden\" data-wp-class--show=\"state.isContentVisible\" data-wp-init=\"callbacks.setButtonStyles\" data-wp-on--click=\"actions.showLightbox\" data-wp-on--load=\"callbacks.setButtonStyles\" data-wp-on--pointerdown=\"actions.preloadImage\" data-wp-on--pointerenter=\"actions.preloadImageWithDelay\" data-wp-on--pointerleave=\"actions.cancelPreload\" data-wp-on-window--resize=\"callbacks.setButtonStyles\" src=\"https:\/\/loudavymkrokem.cz\/wp-content\/uploads\/2026\/08\/bechyne-zamek.jpg\" alt=\"Bechyn\u011b kast\u00e9lya a Lu\u017enice foly\u00f3 v\u00f6lgye felett\" class=\"wp-image-403571\" title=\"\" srcset=\"https:\/\/loudavymkrokem.cz\/wp-content\/uploads\/2026\/08\/bechyne-zamek.jpg 2048w, https:\/\/loudavymkrokem.cz\/wp-content\/uploads\/2026\/08\/bechyne-zamek-300x200.jpg 300w, https:\/\/loudavymkrokem.cz\/wp-content\/uploads\/2026\/08\/bechyne-zamek-700x467.jpg 700w, https:\/\/loudavymkrokem.cz\/wp-content\/uploads\/2026\/08\/bechyne-zamek-768x512.jpg 768w, https:\/\/loudavymkrokem.cz\/wp-content\/uploads\/2026\/08\/bechyne-zamek-1536x1024.jpg 1536w, https:\/\/loudavymkrokem.cz\/wp-content\/uploads\/2026\/08\/bechyne-zamek-696x464.jpg 696w, https:\/\/loudavymkrokem.cz\/wp-content\/uploads\/2026\/08\/bechyne-zamek-1392x928.jpg 1392w, https:\/\/loudavymkrokem.cz\/wp-content\/uploads\/2026\/08\/bechyne-zamek-1920x1280.jpg 1920w\" sizes=\"(max-width: 2048px) 100vw, 2048px\" \/><button\n\t\t\tclass=\"lightbox-trigger\"\n\t\t\ttype=\"button\"\n\t\t\taria-haspopup=\"dialog\"\n\t\t\tdata-wp-bind--aria-label=\"state.thisImage.triggerButtonAriaLabel\"\n\t\t\tdata-wp-init=\"callbacks.initTriggerButton\"\n\t\t\tdata-wp-on--click=\"actions.showLightbox\"\n\t\t\tdata-wp-style--right=\"state.thisImage.buttonRight\"\n\t\t\tdata-wp-style--top=\"state.thisImage.buttonTop\"\n\t\t>\n\t\t\t<svg xmlns=\"http:\/\/www.w3.org\/2000\/svg\" width=\"12\" height=\"12\" fill=\"none\" viewBox=\"0 0 12 12\">\n\t\t\t\t<path fill=\"#fff\" d=\"M2 0a2 2 0 0 0-2 2v2h1.5V2a.5.5 0 0 1 .5-.5h2V0H2Zm2 10.5H2a.5.5 0 0 1-.5-.5V8H0v2a2 2 0 0 0 2 2h2v-1.5ZM8 12v-1.5h2a.5.5 0 0 0 .5-.5V8H12v2a2 2 0 0 1-2 2H8Zm2-12a2 2 0 0 1 2 2v2h-1.5V2a.5.5 0 0 0-.5-.5H8V0h2Z\" \/>\n\t\t\t<\/svg>\n\t\t<\/button><\/figure>\n\n\n\n<h3 class=\"wp-block-heading\"><span class=\"ez-toc-section\" id=\"16_Bechyne_kastelya_es_a_Duha_hid\"><\/span>16. Bechyn\u011b kast\u00e9lya \u00e9s a Duha h\u00edd<span class=\"ez-toc-section-end\"><\/span><\/h3>\n\n\n\n<p class=\"wp-block-paragraph\">A f\u00fcrd\u0151v\u00e1roska, Bechyn\u011b <strong>31,9 kilom\u00e9terre van, \u00e9s a mell\u00e9kutakon az \u00fat k\u00f6r\u00fclbel\u00fcl 39 perc<\/strong>. Az itteni renesz\u00e1nsz kast\u00e9ly, amelyet a <a href=\"https:\/\/panstvi-bechyne.cz\" rel=\"nofollow noopener\" target=\"_blank\">Bechyn\u011b-uradalom<\/a> kezel, gy\u00f6ny\u00f6r\u0171 kil\u00e1t\u00e1st k\u00edn\u00e1l a Lu\u017enice foly\u00f3 m\u00e9ly v\u00f6lgy\u00e9be.<\/p>\n\n\n\n<p class=\"wp-block-paragraph\">A v\u00e1rost azonban f\u0151leg az 1926 \u00e9s 1928 k\u00f6z\u00f6tt \u00e9p\u00fclt <strong>Bechy\u0148i Duha (Sziv\u00e1rv\u00e1ny) h\u00edd tette h\u00edress\u00e9, ami m\u0171szaki ritkas\u00e1g<\/strong>, mert Csehorsz\u00e1gban egyed\u00fcli h\u00eddk\u00e9nt egyes\u00edti a k\u00f6zutat \u00e9s a vasutat egyetlen \u00edvben, teljes 50 m\u00e9ter magasan a foly\u00f3 f\u00f6l\u00f6tt. Egyenesen a v\u00e1rosba vezet r\u00e1ad\u00e1sul a T\u00e1borb\u00f3l indul\u00f3 Elinka nev\u0171 t\u00f6rt\u00e9nelmi villamosvonal, amely K\u0159i\u017e\u00edk els\u0151 ilyen m\u0171ve volt a monarchi\u00e1ban.<\/p>\n\n\n\n<p class=\"wp-block-paragraph\">\u00c9rdekess\u00e9g, hogy <strong>ennek a vonalnak k\u00f6zvetlen t\u00f6rt\u00e9nelmi kapcsolata van a p\u00edseki K\u0159i\u017e\u00edk-er\u0151m\u0171vel<\/strong>, \u00edgy itt sz\u00e9pen \u00f6sszekapcsol\u00f3dik a m\u0171szaki t\u00f6rt\u00e9nelem. A l\u00e1togat\u00e1s sor\u00e1n bekukkanthatsz a Nemzetk\u00f6zi Ker\u00e1miam\u00fazeumba is, amely az Ale\u0161 D\u00e9l-csehorsz\u00e1gi Gal\u00e9ria r\u00e9sz\u00e9t k\u00e9pezi.<\/p>\n\n\n\n<p class=\"wp-block-paragraph\">Amikor mi Bechyn\u011bben j\u00e1rtunk, <strong>a legjobban a kast\u00e9lyra a v\u00f6lgy t\u00faloldal\u00e1r\u00f3l ny\u00edl\u00f3 kil\u00e1t\u00e1s fogott meg<\/strong> \u2014 onnan \u00e9rted csak igaz\u00e1n, milyen magasan \u00e1ll a Lu\u017enice f\u00f6l\u00f6tt. A h\u00eddhoz \u00e9rdemes gyalog elmenni, \u00e9s teljesen v\u00e9gigs\u00e9t\u00e1lni rajta, mert az alulr\u00f3l \u00e9s fel\u00fclr\u0151l k\u00e9sz\u00fclt fot\u00f3k mindig teljesen m\u00e1sk\u00e9pp n\u00e9znek ki.<\/p>\n\n\n\n<p class=\"wp-block-paragraph\">\ud83d\udca1 <strong>Tipp:<\/strong> Bechyn\u011bt \u00f6sszek\u00f6theted a <strong>\u010cerven\u00e1 Lhota v\u00edzi kast\u00e9llyal<\/strong>, amely t\u00e1volabb, keletre fekszik (P\u00edsekt\u0151l 82 kilom\u00e9ter, azaz majdnem m\u00e1sf\u00e9l \u00f3ra). Mi mindk\u00e9t helyet bej\u00e1rtuk egy nap alatt, \u00e9s ez a kombin\u00e1ci\u00f3 logikus.<\/p>\n\n\n\n<figure data-wp-context=\"{&quot;imageId&quot;:&quot;6a953a9d89c96&quot;}\" data-wp-interactive=\"core\/image\" data-wp-key=\"6a953a9d89c96\" class=\"wp-block-image size-full wp-lightbox-container\"><img decoding=\"async\" width=\"2528\" height=\"1696\" data-wp-class--hide=\"state.isContentHidden\" data-wp-class--show=\"state.isContentVisible\" data-wp-init=\"callbacks.setButtonStyles\" data-wp-on--click=\"actions.showLightbox\" data-wp-on--load=\"callbacks.setButtonStyles\" data-wp-on--pointerdown=\"actions.preloadImage\" data-wp-on--pointerenter=\"actions.preloadImageWithDelay\" data-wp-on--pointerleave=\"actions.cancelPreload\" data-wp-on-window--resize=\"callbacks.setButtonStyles\" src=\"https:\/\/loudavymkrokem.cz\/wp-content\/uploads\/2026\/08\/lk-21.jpg\" alt=\"A Kratochv\u00edle renesz\u00e1nsz kast\u00e9ly Netolice mellett\" class=\"wp-image-404074\" title=\"\" srcset=\"https:\/\/loudavymkrokem.cz\/wp-content\/uploads\/2026\/08\/lk-21.jpg 2528w, https:\/\/loudavymkrokem.cz\/wp-content\/uploads\/2026\/08\/lk-21-300x201.jpg 300w, https:\/\/loudavymkrokem.cz\/wp-content\/uploads\/2026\/08\/lk-21-700x470.jpg 700w, https:\/\/loudavymkrokem.cz\/wp-content\/uploads\/2026\/08\/lk-21-768x515.jpg 768w, https:\/\/loudavymkrokem.cz\/wp-content\/uploads\/2026\/08\/lk-21-1536x1030.jpg 1536w, https:\/\/loudavymkrokem.cz\/wp-content\/uploads\/2026\/08\/lk-21-2048x1374.jpg 2048w, https:\/\/loudavymkrokem.cz\/wp-content\/uploads\/2026\/08\/lk-21-696x467.jpg 696w, https:\/\/loudavymkrokem.cz\/wp-content\/uploads\/2026\/08\/lk-21-1392x934.jpg 1392w, https:\/\/loudavymkrokem.cz\/wp-content\/uploads\/2026\/08\/lk-21-1920x1288.jpg 1920w\" sizes=\"(max-width: 2528px) 100vw, 2528px\" \/><button\n\t\t\tclass=\"lightbox-trigger\"\n\t\t\ttype=\"button\"\n\t\t\taria-haspopup=\"dialog\"\n\t\t\tdata-wp-bind--aria-label=\"state.thisImage.triggerButtonAriaLabel\"\n\t\t\tdata-wp-init=\"callbacks.initTriggerButton\"\n\t\t\tdata-wp-on--click=\"actions.showLightbox\"\n\t\t\tdata-wp-style--right=\"state.thisImage.buttonRight\"\n\t\t\tdata-wp-style--top=\"state.thisImage.buttonTop\"\n\t\t>\n\t\t\t<svg xmlns=\"http:\/\/www.w3.org\/2000\/svg\" width=\"12\" height=\"12\" fill=\"none\" viewBox=\"0 0 12 12\">\n\t\t\t\t<path fill=\"#fff\" d=\"M2 0a2 2 0 0 0-2 2v2h1.5V2a.5.5 0 0 1 .5-.5h2V0H2Zm2 10.5H2a.5.5 0 0 1-.5-.5V8H0v2a2 2 0 0 0 2 2h2v-1.5ZM8 12v-1.5h2a.5.5 0 0 0 .5-.5V8H12v2a2 2 0 0 1-2 2H8Zm2-12a2 2 0 0 1 2 2v2h-1.5V2a.5.5 0 0 0-.5-.5H8V0h2Z\" \/>\n\t\t\t<\/svg>\n\t\t<\/button><figcaption class=\"wp-element-caption\">F\u00e9nyk\u00e9p alapj\u00e1n: Palickap \/ Wikimedia Commons, CC BY-SA 4.0 \u00b7 sz\u00ednben m\u00f3dos\u00edtva<\/figcaption><\/figure>\n\n\n\n<!-- LKM_GYG_CARD start q=\"okoli pisku\" lang=\"hu\" rendered=\"2026-08-31T06:29:24+00:00\" v=\"1\" -->\n<style id=\"lk-gyg-styles\">\n@import url(\"https:\/\/fonts.googleapis.com\/css2?family=Playfair+Display:wght@700&family=DM+Sans:wght@300;400;500;600&display=swap\");\n\/* === LK GYG karty \u2014 CRO redesign 2026-05 (namespace .lkx-) ===\n   C\u00edl: vy\u0161\u0161\u00ed CTR (hero + v\u00fdrazn\u00fd social proof + ak\u010dn\u00ed CTA, m\u00e9n\u011b \"reklamn\u00ed\").\n   Injektuje se inline do prvn\u00edho markeru postu (refresh_cards.py --inline-css). *\/\n.lkx-module, .lkx-module *{box-sizing:border-box;margin:0;padding:0}\n.lkx-module{\n  font-family:'DM Sans',-apple-system,Segoe UI,Roboto,Georgia,sans-serif;\n  max-width:860px;margin:2.5rem auto;color:#1f2328;\n}\n\n\/* HEADER \u2014 lehk\u00fd editorsk\u00fd, \u017e\u00e1dn\u00fd bannerov\u00fd blok; nadpis + popisek pod n\u00edm *\/\n.lkx-head{margin-bottom:16px}\n.lkx-head-main{display:flex;align-items:center;gap:10px}\n.lkx-head-accent{width:26px;height:3px;border-radius:2px;background:#c39f76;flex-shrink:0}\n.lkx-head-title{font-family:'Playfair Display',Georgia,serif;font-size:21px;font-weight:700;color:#1a1a1a;line-height:1.25}\n.lkx-head-meta{display:block;font-size:11px;letter-spacing:.3px;color:#9aa0a6;margin-top:4px;margin-left:36px}\n\n\/* HERO *\/\n.lkx-hero{display:grid;grid-template-columns:300px 1fr;background:#fff;border:1px solid #ece7df;border-radius:14px;overflow:hidden;text-decoration:none!important;color:inherit;box-shadow:0 6px 20px rgba(0,0,0,.06);transition:box-shadow .2s,transform .2s;margin-bottom:14px}\n.lkx-hero:hover{box-shadow:0 12px 30px rgba(0,0,0,.12);transform:translateY(-2px)}\n.lkx-hero-img{position:relative;min-height:230px;background-size:cover;background-position:center;background-color:#eee}\n.lkx-hero-body{padding:22px 24px;display:flex;flex-direction:column}\n.lkx-pick{position:absolute;top:12px;left:12px;background:#1a1a1a;color:#fff;font-size:11px;font-weight:700;letter-spacing:.5px;padding:5px 11px;border-radius:20px}\n\n\/* TITLE *\/\n.lkx-title{font-size:19px;font-weight:700;color:#161616;line-height:1.3}\n.lkx-title-sm{font-size:14.5px;line-height:1.35;display:-webkit-box;-webkit-line-clamp:2;-webkit-box-orient:vertical;overflow:hidden}\n\n\/* SOCIAL PROOF \u2014 v\u00fdrazn\u011b, naho\u0159e *\/\n.lkx-proof{display:flex;align-items:center;gap:7px;margin-top:12px;font-size:15px;color:#3a3a3a}\n.lkx-proof b{font-size:16px;color:#161616}\n.lkx-stars{color:#f5a623;letter-spacing:1px}\n.lkx-proof-sm{font-size:12.5px;margin-top:8px;gap:5px}\n.lkx-proof-sm b{font-size:13px}\n.lkx-proof-new{color:#3685fc;font-weight:600}\n\n\/* PRICE \u2014 n\u00edzk\u00e1 kotva *\/\n.lkx-price{font-size:14px;color:#6b7280}\n.lkx-price b{font-size:20px;color:#161616;font-weight:700}\n.lkx-price-sm b{font-size:15px}\n\n\/* CTA \u2014 tepl\u00e9 ak\u010dn\u00ed tla\u010d\u00edtko *\/\n.lkx-cta{display:inline-flex;align-items:center;justify-content:center;text-decoration:none!important;font-weight:700;color:#fff!important;background:linear-gradient(135deg,#f6743f,#e8552a);border-radius:10px;box-shadow:0 6px 16px rgba(232,85,42,.32);transition:box-shadow .2s}\n.lkx-cta-hero{font-size:15px;padding:13px 22px}\n.lkx-hero:hover .lkx-cta-hero{box-shadow:0 8px 22px rgba(232,85,42,.45)}\n.lkx-cta-sm{font-size:12.5px;padding:9px 14px;width:100%;margin-top:2px}\n.lkx-hero-bottom{margin-top:auto;padding-top:18px;display:flex;align-items:center;justify-content:space-between;gap:14px;flex-wrap:wrap}\n\n\/* BADGE \u2014 jeden v\u00fdrazn\u00fd na fotce *\/\n.lkx-badge{position:absolute;top:12px;right:12px;font-size:10.5px;font-weight:700;letter-spacing:.3px;padding:5px 10px;border-radius:16px;color:#fff}\n.lkx-badge.badge-urgency{background:rgba(214,40,40,.92)}\n.lkx-badge.badge-new{background:rgba(54,133,252,.92)}\n.lkx-badge.badge-top{background:rgba(195,159,118,.95)}\n.lkx-badge.badge-info{background:rgba(40,40,40,.78)}\n\n\/* SECONDARY GRID *\/\n.lkx-grid{display:grid;grid-template-columns:1fr 1fr;gap:14px}\n.lkx-card{background:#fff;border:1px solid #ece7df;border-radius:14px;overflow:hidden;text-decoration:none!important;color:inherit;box-shadow:0 4px 14px rgba(0,0,0,.05);display:flex;flex-direction:column;transition:box-shadow .2s,transform .2s}\n.lkx-card:hover{box-shadow:0 10px 24px rgba(0,0,0,.1);transform:translateY(-2px)}\n.lkx-card-img{position:relative;aspect-ratio:16\/10;background-size:cover;background-position:center;background-color:#eee}\n.lkx-card-body{padding:14px 16px 16px;display:flex;flex-direction:column;gap:7px;flex:1}\n.lkx-card-bottom{margin-top:auto;padding-top:10px;display:flex;align-items:center;justify-content:space-between;gap:8px}\n\n\/* DISCLOSURE \u2014 drobn\u00e1, kv\u016fli d\u016fv\u011b\u0159e\/z\u00e1konu *\/\n.lkx-disclosure{font-size:11px;color:#a7adb3;text-align:center;margin-top:14px;line-height:1.6}\n.lkx-disclosure a{color:#c39f76;text-decoration:none}\n\n@media(max-width:680px){\n  .lkx-hero{grid-template-columns:1fr}\n  .lkx-hero-img{min-height:180px}\n  .lkx-grid{grid-template-columns:1fr}\n  .lkx-head-meta{margin-left:0;width:100%}\n  .lkx-head-title{font-size:19px}\n}\n\n<\/style>\n<div class=\"lkx-module\" data-query=\"okoli pisku\">\n  <div class=\"lkx-head\">\n    <div class=\"lkx-head-main\">\n      <span class=\"lkx-head-accent\"><\/span>\n      <span class=\"lkx-head-title\">\u00c9lm\u00e9nyek \u00e9s bel\u00e9p\u0151jegyek<\/span>\n    <\/div>\n    <span class=\"lkx-head-meta\">utaz\u00f3k \u00e1ltal \u00e9rt\u00e9kelve \u00b7 GetYourGuide<\/span>\n  <\/div><a class=\"lkx-hero\" href=\"https:\/\/www.getyourguide.com\/hu-hu\/plzen-l41578\/pilsen-pilsner-urquell-sorgyar-tura-sorkostoloval-t263452\/?partner_id=MKZ64IS&amp;utm_medium=online_publisher&amp;cmp=kirandulasok-pisek-kornyeken\" target=\"_blank\" rel=\"sponsored noopener nofollow\">\n    <div class=\"lkx-hero-img\" style=\"background-image:url('https:\/\/cdn.getyourguide.com\/img\/tour\/64b65b7099cec.jpeg\/132.jpg')\" role=\"img\" aria-label=\"Pilsen: Pilsner Urquell s\u00f6rgy\u00e1r t\u00fara s\u00f6rk\u00f3stol\u00e1ssal\">\n      <span class=\"lkx-pick\">\u2605 A mi tipp\u00fcnk<\/span><\/div>\n    <div class=\"lkx-hero-body\">\n      <div class=\"lkx-title\">Pilsen: Pilsner Urquell s\u00f6rgy\u00e1r t\u00fara s\u00f6rk\u00f3stol\u00e1ssal<\/div>\n      <div class=\"lkx-proof\">\n      <span class=\"lkx-stars\">\u2605\u2605\u2605\u2605\u2605<\/span>\n      <b>4.6<\/b> \u00b7 2 864 \u00e9rt\u00e9kel\u00e9s\n    <\/div>\n      <div class=\"lkx-hero-bottom\"><div class=\"lkx-price\">m\u00e1r <b>18\u00a0EUR<\/b><\/div><span class=\"lkx-cta lkx-cta-hero\">Ezt az \u00e9lm\u00e9nyt akarom \u2192<\/span>\n      <\/div>\n    <\/div>\n  <\/a><div class=\"lkx-grid\"><a class=\"lkx-card\" href=\"https:\/\/www.getyourguide.com\/hu-hu\/plzen-l41578\/pilsen-tortenelmi-foldalatti-tura-egy-pohar-sorrel-t440018\/?partner_id=MKZ64IS&amp;utm_medium=online_publisher&amp;cmp=kirandulasok-pisek-kornyeken\" target=\"_blank\" rel=\"sponsored noopener nofollow\">\n      <div class=\"lkx-card-img\" style=\"background-image:url('https:\/\/cdn.getyourguide.com\/img\/tour\/644a59721e6fc.jpeg\/132.jpg')\" role=\"img\" aria-label=\"Pilsen: t\u00f6rt\u00e9nelmi f\u00f6ldalatti t\u00fara egy doboz s\u00f6rrel\"><\/div>\n      <div class=\"lkx-card-body\">\n        <div class=\"lkx-title lkx-title-sm\">Pilsen: t\u00f6rt\u00e9nelmi f\u00f6ldalatti t\u00fara egy doboz s\u00f6rrel<\/div>\n        <div class=\"lkx-proof lkx-proof-sm\">\n      <span class=\"lkx-stars\">\u2605<\/span>\n      <b>4.6<\/b> \u00b7 808\n    <\/div>\n        <div class=\"lkx-card-bottom\"><span class=\"lkx-price lkx-price-sm\">m\u00e1r <b>10\u00a0EUR<\/b><\/span><span class=\"lkx-cta lkx-cta-sm\">Id\u0151pontok megtekint\u00e9se \u2192<\/span>\n        <\/div>\n      <\/div>\n    <\/a><\/div><div class=\"lkx-disclosure\">\ud83d\udd17 A linkek partnerlinkek \u2014 az \u00e1rat nem v\u00e1ltoztatj\u00e1k, nek\u00fcnk viszont seg\u00edtenek a tartalomk\u00e9sz\u00edt\u00e9sben. \u00b7 <a href=\"https:\/\/www.getyourguide.com\/hu-hu\/s\/?q=okoli+pisku&amp;partner_id=MKZ64IS&amp;utm_medium=online_publisher\" target=\"_blank\" rel=\"sponsored noopener nofollow\">\u00d6sszes \u00e9lm\u00e9ny \u2192<\/a><\/div>\n<\/div>\n<!-- LKM_GYG_CARD end -->\n\n\n\n\n<div class=\"lk-stays-module\">\n<style>\n\/* \u2500\u2500\u2500 RESET PRO GUTENBERG \u2500\u2500\u2500 *\/\n.lk-stays-module * { box-sizing: border-box; margin: 0; padding: 0; }\n\n\/* \u2500\u2500\u2500 WRAPPER \u2500\u2500\u2500 *\/\n.lk-stays-module {\n  font-family: 'DM Sans', Georgia, sans-serif;\n  max-width: 100%;\n  margin: 2.5rem auto;\n  background: linear-gradient(135deg, #fdfaf5 0%, #fcf8f0 100%);\n  border: 1px solid #e8dfd4;\n  border-radius: 16px;\n  overflow: hidden;\n  box-shadow: 0 16px 48px rgba(195, 159, 118, 0.25), 0 4px 12px rgba(0,0,0,0.08);\n}\n\n\/* \u2500\u2500\u2500 HEADER \u2500\u2500\u2500 *\/\n.lk-stays-header {\n  position: relative;\n  padding: 24px 36px 24px;\n  background: linear-gradient(135deg, #c39f76 0%, #d4b188 60%, #c39f76 100%);\n  border-bottom: 1px solid rgba(255,255,255,.15);\n  display: flex;\n  align-items: center;\n  gap: 18px;\n}\n.lk-stays-header::before {\n  content: '';\n  position: absolute;\n  inset: 0;\n  background: url(\"data:image\/svg+xml,%3Csvg width='60' height='60' viewBox='0 0 60 60' xmlns='http:\/\/www.w3.org\/2000\/svg'%3E%3Cg fill='none' fill-rule='evenodd'%3E%3Cg fill='%23ffffff' fill-opacity='0.05'%3E%3Cpath d='M36 34v-4h-2v4h-4v2h4v4h2v-4h4v-2h-4zm0-30V0h-2v4h-4v2h4v4h2V6h4V4h-4zM6 34v-4H4v4H0v2h4v4h2v-4h4v-2H6zM6 4V0H4v4H0v2h4v4h2V6h4V4H6z'\/%3E%3C\/g%3E%3C\/g%3E%3C\/svg%3E\") repeat;\n  pointer-events: none;\n}\n.lk-stays-icon {\n  flex-shrink: 0;\n  width: 68px;\n  height: 68px;\n  border-radius: 14px;\n  background: linear-gradient(135deg, #fff 0%, #f9f6f0 100%);\n  display: flex;\n  align-items: center;\n  justify-content: center;\n  font-size: 26px;\n  box-shadow: 0 4px 12px rgba(0,0,0,0.15);\n}\n.lk-stays-eyebrow {\n  font-size: 10px;\n  font-weight: 500;\n  letter-spacing: 2.5px;\n  text-transform: uppercase;\n  color: rgba(255,255,255,.85);\n  margin: 0 0 5px 0;\n}\n.lk-stays-title {\n  font-family: 'Playfair Display', Georgia, serif;\n  font-size: 24px;\n  font-weight: 700;\n  color: #fff;\n  line-height: 1.2;\n  text-shadow: 0 1px 2px rgba(0,0,0,0.1);\n  margin: 0;\n}\n.lk-stays-subtitle {\n  font-size: 13px;\n  color: rgba(255,255,255,.75);\n  margin: 4px 0 0 0;\n  font-weight: 300;\n}\n\n\/* \u2500\u2500\u2500 CARDS GRID \u2500\u2500\u2500 *\/\n.lk-stays-grid {\n  display: grid;\n  grid-template-columns: 1fr 1fr;\n  gap: 1px;\n  background: rgba(195, 159, 118, 0.12);\n}\n\n\/* \u2500\u2500\u2500 SINGLE CARD \u2500\u2500\u2500 *\/\n.lk-stay-card {\n  background: #ffffff;\n  padding: 26px;\n  display: flex;\n  flex-direction: column;\n  gap: 11px;\n  transition: all 0.3s ease;\n  text-decoration: none;\n  color: inherit;\n  position: relative;\n}\n.lk-stay-card:hover {\n  background: #fffbf5;\n  transform: translateY(-2px);\n  box-shadow: 0 8px 24px rgba(195, 159, 118, 0.18);\n  z-index: 1;\n}\n.lk-stay-card.featured {\n  background: linear-gradient(135deg, #fffdf9 0%, #fff9f0 100%);\n  box-shadow: 0 4px 16px rgba(195, 159, 118, 0.15), inset 0 1px 0 rgba(195, 159, 118, 0.1);\n}\n.lk-stay-card.featured:hover {\n  background: linear-gradient(135deg, #fffbf5 0%, #fff8ed 100%);\n  box-shadow: 0 8px 24px rgba(195, 159, 118, 0.25), inset 0 1px 0 rgba(195, 159, 118, 0.15);\n}\n\n.lk-stay-badge {\n  display: inline-flex;\n  align-items: center;\n  gap: 5px;\n  font-size: 10px;\n  font-weight: 500;\n  letter-spacing: 1.5px;\n  text-transform: uppercase;\n  padding: 5px 11px;\n  border-radius: 20px;\n  width: fit-content;\n}\n.badge-top     { background: linear-gradient(135deg, #c39f76 0%, #d4b188 100%); color: #fff; border: 1px solid #c39f76; font-weight: 600; box-shadow: 0 2px 8px rgba(195,159,118,0.3); }\n.badge-luxury  { background: rgba(195,159,118,.12); color: #c39f76; border: 1px solid rgba(195,159,118,.25); }\n.badge-boutique{ background: rgba(54,133,252,.08); color: #3685fc; border: 1px solid rgba(54,133,252,.2); }\n.badge-nature  { background: rgba(130,190,100,.1); color: #6b9c4a; border: 1px solid rgba(130,190,100,.2); }\n.badge-remote  { background: rgba(195,159,118,.12); color: #a67e50; border: 1px solid rgba(195,159,118,.25); }\n\n.lk-stay-name {\n  font-family: 'Playfair Display', Georgia, serif;\n  font-size: 18px;\n  font-weight: 700;\n  color: #111827;\n  line-height: 1.3;\n}\n.lk-stay-desc {\n  font-size: 13.5px;\n  color: #525252;\n  line-height: 1.65;\n  font-weight: 300;\n  flex: 1;\n}\n\n.lk-stay-meta {\n  display: flex;\n  align-items: center;\n  gap: 12px;\n  flex-wrap: wrap;\n  margin-top: 4px;\n}\n.lk-stay-price {\n  font-size: 13px;\n  color: #6b7280;\n}\n.lk-stay-price strong {\n  color: #c39f76;\n  font-weight: 500;\n}\n.lk-stay-stars {\n  color: #c39f76;\n  font-size: 11px;\n  letter-spacing: 1px;\n}\n\n\/* \u2500\u2500\u2500 CTA BUTTON \u2500\u2500\u2500 *\/\n.lk-stay-cta {\n  display: inline-flex;\n  align-items: center;\n  justify-content: center;\n  gap: 7px;\n  margin-top: 8px;\n  padding: 11px 20px;\n  border-radius: 8px;\n  background: linear-gradient(135deg, #3685fc 0%, #2a6fd9 100%);\n  color: #fff;\n  font-size: 13px;\n  font-weight: 500;\n  text-decoration: none;\n  letter-spacing: .3px;\n  transition: all .2s ease;\n  cursor: pointer;\n  border: none;\n  text-align: center;\n  box-shadow: 0 4px 12px rgba(54, 133, 252, 0.25);\n}\n.lk-stay-cta:hover {\n  background: linear-gradient(135deg, #2a6fd9 0%, #1e5bc4 100%);\n  transform: translateY(-1px);\n  box-shadow: 0 6px 16px rgba(54, 133, 252, 0.35);\n}\n.lk-stay-cta svg { flex-shrink: 0; }\n\n\/* \u2500\u2500\u2500 FOOTER \u2500\u2500\u2500 *\/\n.lk-stays-footer {\n  padding: 18px 36px;\n  background: linear-gradient(to bottom, #fdfaf5 0%, #f9f4ed 100%);\n  border-top: 1px solid rgba(195, 159, 118, 0.15);\n  display: flex;\n  align-items: center;\n  justify-content: space-between;\n  flex-wrap: wrap;\n  gap: 12px;\n}\n.lk-stays-footer-note {\n  font-size: 11.5px;\n  color: #6b7280;\n  font-weight: 300;\n  line-height: 1.5;\n}\n.lk-stays-footer-note a {\n  color: #c39f76;\n  text-decoration: none;\n  font-weight: 400;\n}\n.lk-stays-footer-note a:hover {\n  text-decoration: underline;\n}\n.lk-stays-all-btn {\n  display: inline-flex;\n  align-items: center;\n  gap: 6px;\n  font-size: 12.5px;\n  font-weight: 500;\n  color: #c39f76;\n  text-decoration: none;\n  border: 1px solid rgba(195, 159, 118, 0.35);\n  padding: 8px 18px;\n  border-radius: 8px;\n  transition: all .2s ease;\n}\n.lk-stays-all-btn:hover {\n  background: rgba(195, 159, 118, 0.08);\n  border-color: rgba(195, 159, 118, 0.5);\n}\n\n\/* \u2500\u2500\u2500 RESPONSIVE \u2500\u2500\u2500 *\/\n@media (max-width: 600px) {\n  .lk-stays-grid { grid-template-columns: 1fr; }\n  .lk-stays-header { padding: 24px 20px; }\n  .lk-stays-footer { padding: 16px 20px; }\n  .lk-stay-card { padding: 22px; }\n  .lk-stays-title { font-size: 20px; }\n}\n<\/style>\n\n  <!-- HEADER -->\n  <div class=\"lk-stays-header\">\n    <img decoding=\"async\" src=\"https:\/\/loudavymkrokem.cz\/wp-content\/uploads\/2026\/02\/lukas-a-lucka.jpg\" alt=\"\" style=\"width: 75px; height: 75px; border-radius: 8px; flex-shrink: 0; object-fit: cover; display: block; margin: 4px 0;\" title=\"\">\n    <div class=\"lk-stays-header-text\">\n      <div class=\"lk-stays-eyebrow\">Luk\u00e1\u0161 \u00e9s Lucie aj\u00e1nlj\u00e1k<\/div>\n      <div class=\"lk-stays-title\">Hol sz\u00e1lljon meg P\u00edsekben<\/div>\n      <div class=\"lk-stays-subtitle\">5 sz\u00e1ll\u00e1shely \u2014 hotelek \u00e9s egy\u00e9b sz\u00e1ll\u00e1slehet\u0151s\u00e9gek<\/div>\n    <\/div>\n  <\/div>\n\n  <!-- CARDS -->\n  <div class=\"lk-stays-grid\">\n\n    <a class=\"lk-stay-card featured\" href=\"https:\/\/www.stay22.com\/allez\/roam?aid=lukaskonecny&#038;campaign=loudavymkrokemcz&#038;campaign=hu&#038;campaign=vylety-v-okoli-pisku&#038;hotelname=Hotel%20Biograf&#038;address=P%C3%ADsek%2C%20%C4%8Cesko\" target=\"_blank\" rel=\"nofollow noopener\">\n      <span class=\"lk-stay-badge badge-top\">\u2b50 TOP V\u00c1LASZT\u00c1S<\/span>\n      <span class=\"lk-stay-badge badge-nature\">\ud83c\udfe8 Hotel<\/span>\n      <div class=\"lk-stay-name\">Hotel Biograf<\/div>\n      <div class=\"lk-stay-desc\">A legjobb c\u00edmmel rendelkezik ez a fel\u00faj\u00edtott hotel a Velk\u00e9ho n\u00e1m\u011bst\u00ed k\u00f6zel\u00e9ben, hossz\u00fa ideje a legjobban \u00e9rt\u00e9kelt P\u00edsekben.<\/div>\n      <div class=\"lk-stay-meta\">\n        <span class=\"lk-stay-stars\">\u2605\u2605\u2605\u2605<\/span>\n        <span class=\"lk-stay-price\">\u00c1rak ellen\u0151rz\u00e9se<\/span>\n      <\/div>\n      <span class=\"lk-stay-cta\">\n        <svg width=\"14\" height=\"14\" viewBox=\"0 0 24 24\" fill=\"none\" stroke=\"currentColor\" stroke-width=\"2\"><path d=\"M18 13v6a2 2 0 0 1-2 2H5a2 2 0 0 1-2-2V8a2 2 0 0 1 2-2h6\"\/><polyline points=\"15 3 21 3 21 9\"\/><line x1=\"10\" y1=\"14\" x2=\"21\" y2=\"3\"\/><\/svg>\n        Ellen\u0151rizd az el\u00e9rhet\u0151s\u00e9get\n      <\/span>\n    <\/a>\n\n    <a class=\"lk-stay-card\" href=\"https:\/\/www.stay22.com\/allez\/roam?aid=lukaskonecny&#038;campaign=loudavymkrokemcz&#038;campaign=hu&#038;campaign=vylety-v-okoli-pisku&#038;hotelname=Hotel%20U%20Kapli%C4%8Dky&#038;address=P%C3%ADsek%2C%20%C4%8Cesko\" target=\"_blank\" rel=\"nofollow noopener\">\n      <span class=\"lk-stay-badge badge-nature\">\ud83c\udfe8 Hotel<\/span>\n      <div class=\"lk-stay-name\">Hotel U Kapli\u010dky<\/div>\n      <div class=\"lk-stay-desc\">Nyugodtabb v\u00e1ltozat saj\u00e1t \u00e9tteremmel \u00e9s parkol\u00f3val, \u00e9rt\u00e9kelni fogja a kir\u00e1ndul\u00e1sokr\u00f3l val\u00f3 k\u00e9s\u0151i haza\u00e9rkez\u00e9skor.<\/div>\n      <div class=\"lk-stay-meta\">\n        <span class=\"lk-stay-stars\">\u2605\u2605\u2605\u2605<\/span>\n        <span class=\"lk-stay-price\">\u00c1rak ellen\u0151rz\u00e9se<\/span>\n      <\/div>\n      <span class=\"lk-stay-cta\">\n        <svg width=\"14\" height=\"14\" viewBox=\"0 0 24 24\" fill=\"none\" stroke=\"currentColor\" stroke-width=\"2\"><path d=\"M18 13v6a2 2 0 0 1-2 2H5a2 2 0 0 1-2-2V8a2 2 0 0 1 2-2h6\"\/><polyline points=\"15 3 21 3 21 9\"\/><line x1=\"10\" y1=\"14\" x2=\"21\" y2=\"3\"\/><\/svg>\n        Ellen\u0151rizd az el\u00e9rhet\u0151s\u00e9get\n      <\/span>\n    <\/a>\n\n    <a class=\"lk-stay-card\" href=\"https:\/\/www.stay22.com\/allez\/roam?aid=lukaskonecny&#038;campaign=loudavymkrokemcz&#038;campaign=hu&#038;campaign=vylety-v-okoli-pisku&#038;hotelname=Penzion%20Sport&#038;address=P%C3%ADsek%2C%20%C4%8Cesko\" target=\"_blank\" rel=\"nofollow noopener\">\n      <span class=\"lk-stay-badge badge-nature\">\ud83c\udfe1 Panzi\u00f3<\/span>\n      <div class=\"lk-stay-name\">Penzion Sport<\/div>\n      <div class=\"lk-stay-desc\">Olcs\u00f3bb sz\u00e1ll\u00e1s a sportp\u00e1ly\u00e1ra \u00e9s uszod\u00e1ra p\u00e1r perc s\u00e9t\u00e1ra.<\/div>\n      <div class=\"lk-stay-meta\">\n        <span class=\"lk-stay-stars\">\u2605\u2605\u2605\u2605<\/span>\n        <span class=\"lk-stay-price\">\u00c1rak ellen\u0151rz\u00e9se<\/span>\n      <\/div>\n      <span class=\"lk-stay-cta\">\n        <svg width=\"14\" height=\"14\" viewBox=\"0 0 24 24\" fill=\"none\" stroke=\"currentColor\" stroke-width=\"2\"><path d=\"M18 13v6a2 2 0 0 1-2 2H5a2 2 0 0 1-2-2V8a2 2 0 0 1 2-2h6\"\/><polyline points=\"15 3 21 3 21 9\"\/><line x1=\"10\" y1=\"14\" x2=\"21\" y2=\"3\"\/><\/svg>\n        Ellen\u0151rizd az el\u00e9rhet\u0151s\u00e9get\n      <\/span>\n    <\/a>\n\n    <a class=\"lk-stay-card\" href=\"https:\/\/www.stay22.com\/allez\/roam?aid=lukaskonecny&#038;campaign=loudavymkrokemcz&#038;campaign=hu&#038;campaign=vylety-v-okoli-pisku&#038;hotelname=Hotel%20Otava&#038;address=P%C3%ADsek%2C%20%C4%8Cesko\" target=\"_blank\" rel=\"nofollow noopener\">\n      <span class=\"lk-stay-badge badge-nature\">\ud83c\udfe8 Hotel<\/span>\n      <div class=\"lk-stay-name\">Hotel Otava<\/div>\n      <div class=\"lk-stay-desc\">K\u00f6zvetlen\u00fcl a t\u00f6rt\u00e9nelmi k\u00f6zpontban, els\u0151 k\u00f6zt\u00e1rsas\u00e1g korabeli \u00e9p\u00fclet Ale\u0161 festm\u00e9nyeivel, a szob\u00e1kat nehezebb megtal\u00e1lni, foglaljon el\u0151re.<\/div>\n      <div class=\"lk-stay-meta\">\n        <span class=\"lk-stay-stars\">\u2605\u2605\u2605\u2605<\/span>\n        <span class=\"lk-stay-price\">\u00c1rak ellen\u0151rz\u00e9se<\/span>\n      <\/div>\n      <span class=\"lk-stay-cta\">\n        <svg width=\"14\" height=\"14\" viewBox=\"0 0 24 24\" fill=\"none\" stroke=\"currentColor\" stroke-width=\"2\"><path d=\"M18 13v6a2 2 0 0 1-2 2H5a2 2 0 0 1-2-2V8a2 2 0 0 1 2-2h6\"\/><polyline points=\"15 3 21 3 21 9\"\/><line x1=\"10\" y1=\"14\" x2=\"21\" y2=\"3\"\/><\/svg>\n        Ellen\u0151rizd az el\u00e9rhet\u0151s\u00e9get\n      <\/span>\n    <\/a>\n\n    <a class=\"lk-stay-card\" href=\"https:\/\/www.stay22.com\/allez\/roam?aid=lukaskonecny&#038;campaign=loudavymkrokemcz&#038;campaign=hu&#038;campaign=vyletyvokolipisku&#038;address=p\u00edsek\" target=\"_blank\" rel=\"nofollow noopener\">\n      <span class=\"lk-stay-badge badge-nature\">\ud83d\udd0d Keres\u00e9s<\/span>\n      <div class=\"lk-stay-name\">\u00d6sszes sz\u00e1ll\u00e1shely megtekint\u00e9se P\u00edsekben<\/div>\n      <div class=\"lk-stay-desc\">Fedezze fel az \u00f6sszes el\u00e9rhet\u0151 sz\u00e1ll\u00e1slehet\u0151s\u00e9get P\u00edsekben, \u00e9s tal\u00e1lja meg a legjobbat preferenci\u00e1i \u00e9s k\u00f6lts\u00e9gvet\u00e9se szerint.<\/div>\n      <div class=\"lk-stay-meta\">\n        <span class=\"lk-stay-stars\">\u2605\u2605\u2605\u2605<\/span>\n        <span class=\"lk-stay-price\">\u00c1rak \u00f6sszehasonl\u00edt\u00e1sa<\/span>\n      <\/div>\n      <span class=\"lk-stay-cta\">\n        <svg width=\"14\" height=\"14\" viewBox=\"0 0 24 24\" fill=\"none\" stroke=\"currentColor\" stroke-width=\"2\"><path d=\"M18 13v6a2 2 0 0 1-2 2H5a2 2 0 0 1-2-2V8a2 2 0 0 1 2-2h6\"\/><polyline points=\"15 3 21 3 21 9\"\/><line x1=\"10\" y1=\"14\" x2=\"21\" y2=\"3\"\/><\/svg>\n        Ellen\u0151rizd az el\u00e9rhet\u0151s\u00e9get\n      <\/span>\n    <\/a>\n\n  <\/div>\n\n  \n<\/div>\n\n\n\n\n<h3 class=\"wp-block-heading\"><span class=\"ez-toc-section\" id=\"17_Kratochvile_kastelya_Netolice\"><\/span>17. Kratochv\u00edle kast\u00e9lya (Netolice)<span class=\"ez-toc-section-end\"><\/span><\/h3>\n\n\n\n<p class=\"wp-block-paragraph\">Ez a renesz\u00e1nsz \u00e9kszer <strong>36,1 kilom\u00e9terre tal\u00e1lhat\u00f3, \u00e9s aut\u00f3val 34 perc alatt \u00e9rsz ide<\/strong>. A Kratochv\u00edle egy gy\u00f6ny\u00f6r\u0171 olasz renesz\u00e1nsz villa, amelyet t\u00f6k\u00e9letes vizes\u00e1rok vesz k\u00f6r\u00fcl, \u00e9s amelyet a h\u00edres Vil\u00e9m z Ro\u017emberka ny\u00e1ri nyaral\u00f3jak\u00e9nt \u00e9p\u00edttetett.<\/p>\n\n\n\n<p class=\"wp-block-paragraph\">2026-ra ellen\u0151rz\u00f6tt bel\u00e9p\u0151 \u00e9rv\u00e9nyes, amely szerint <strong>a villa t\u00far\u00e1ja 220 K\u010d (kb. 3300 Ft) feln\u0151tteknek, 180 K\u010d (kb. 2700 Ft) nyugd\u00edjasoknak \u00e9s 70 K\u010d (kb. 1100 Ft) gyerekeknek<\/strong>, m\u00edg a nagy Grand k\u00f6r\u00fat 280 K\u010d-be (kb. 4200 Ft) ker\u00fcl. Ha csak s\u00e9t\u00e1lni szeretn\u00e9l, a geometriailag pontos kast\u00e9lykertbe val\u00f3 bel\u00e9p\u0151t 60 K\u010d-\u00e9rt (kb. 910 Ft) megveheted.<\/p>\n\n\n\n<p class=\"wp-block-paragraph\">A hangulat itt <strong>hihetetlen\u00fcl fotog\u00e9n, \u00e9s az eg\u00e9sz hely olyan, mintha egy mes\u00e9b\u0151l l\u00e9pett volna el\u0151<\/strong>, f\u0151leg a vill\u00e1t minden oldalr\u00f3l k\u00f6r\u00fclvev\u0151 vizes\u00e1roknak k\u00f6sz\u00f6nhet\u0151en. Az aktu\u00e1lis nyitvatart\u00e1st n\u00e9zd meg a hivatalos weboldalon: <a href=\"https:\/\/zamek-kratochvile.cz\" rel=\"nofollow noopener\" target=\"_blank\">zamek-kratochvile.cz<\/a>.<\/p>\n\n\n\n<figure data-wp-context=\"{&quot;imageId&quot;:&quot;6a953a9d8a2f4&quot;}\" data-wp-interactive=\"core\/image\" data-wp-key=\"6a953a9d8a2f4\" class=\"wp-block-image size-full wp-lightbox-container\"><img decoding=\"async\" width=\"2528\" height=\"1696\" data-wp-class--hide=\"state.isContentHidden\" data-wp-class--show=\"state.isContentVisible\" data-wp-init=\"callbacks.setButtonStyles\" data-wp-on--click=\"actions.showLightbox\" data-wp-on--load=\"callbacks.setButtonStyles\" data-wp-on--pointerdown=\"actions.preloadImage\" data-wp-on--pointerenter=\"actions.preloadImageWithDelay\" data-wp-on--pointerleave=\"actions.cancelPreload\" data-wp-on-window--resize=\"callbacks.setButtonStyles\" src=\"https:\/\/loudavymkrokem.cz\/wp-content\/uploads\/2026\/08\/lk-22.jpg\" alt=\"Szent P\u00e9ter \u00e9s P\u00e1l templom Albrechtice nad Vltavouban\" class=\"wp-image-404078\" title=\"\" srcset=\"https:\/\/loudavymkrokem.cz\/wp-content\/uploads\/2026\/08\/lk-22.jpg 2528w, https:\/\/loudavymkrokem.cz\/wp-content\/uploads\/2026\/08\/lk-22-300x201.jpg 300w, https:\/\/loudavymkrokem.cz\/wp-content\/uploads\/2026\/08\/lk-22-700x470.jpg 700w, https:\/\/loudavymkrokem.cz\/wp-content\/uploads\/2026\/08\/lk-22-768x515.jpg 768w, https:\/\/loudavymkrokem.cz\/wp-content\/uploads\/2026\/08\/lk-22-1536x1030.jpg 1536w, https:\/\/loudavymkrokem.cz\/wp-content\/uploads\/2026\/08\/lk-22-2048x1374.jpg 2048w, https:\/\/loudavymkrokem.cz\/wp-content\/uploads\/2026\/08\/lk-22-696x467.jpg 696w, https:\/\/loudavymkrokem.cz\/wp-content\/uploads\/2026\/08\/lk-22-1392x934.jpg 1392w, https:\/\/loudavymkrokem.cz\/wp-content\/uploads\/2026\/08\/lk-22-1920x1288.jpg 1920w\" sizes=\"(max-width: 2528px) 100vw, 2528px\" \/><button\n\t\t\tclass=\"lightbox-trigger\"\n\t\t\ttype=\"button\"\n\t\t\taria-haspopup=\"dialog\"\n\t\t\tdata-wp-bind--aria-label=\"state.thisImage.triggerButtonAriaLabel\"\n\t\t\tdata-wp-init=\"callbacks.initTriggerButton\"\n\t\t\tdata-wp-on--click=\"actions.showLightbox\"\n\t\t\tdata-wp-style--right=\"state.thisImage.buttonRight\"\n\t\t\tdata-wp-style--top=\"state.thisImage.buttonTop\"\n\t\t>\n\t\t\t<svg xmlns=\"http:\/\/www.w3.org\/2000\/svg\" width=\"12\" height=\"12\" fill=\"none\" viewBox=\"0 0 12 12\">\n\t\t\t\t<path fill=\"#fff\" d=\"M2 0a2 2 0 0 0-2 2v2h1.5V2a.5.5 0 0 1 .5-.5h2V0H2Zm2 10.5H2a.5.5 0 0 1-.5-.5V8H0v2a2 2 0 0 0 2 2h2v-1.5ZM8 12v-1.5h2a.5.5 0 0 0 .5-.5V8H12v2a2 2 0 0 1-2 2H8Zm2-12a2 2 0 0 1 2 2v2h-1.5V2a.5.5 0 0 0-.5-.5H8V0h2Z\" \/>\n\t\t\t<\/svg>\n\t\t<\/button><figcaption class=\"wp-element-caption\">F\u00e9nyk\u00e9p alapj\u00e1n: Manka \/ Wikimedia Commons, CC BY 3.0 \u00b7 sz\u00ednben m\u00f3dos\u00edtva<\/figcaption><\/figure>\n\n\n\n<h3 class=\"wp-block-heading\"><span class=\"ez-toc-section\" id=\"18_Csontkapolna_es_temeto_Albrechtice_nad_Vltavouban\"><\/span>18. Csontk\u00e1polna \u00e9s temet\u0151 Albrechtice nad Vltavouban<span class=\"ez-toc-section-end\"><\/span><\/h3>\n\n\n\n<p class=\"wp-block-paragraph\">Erre a jellegtelen, m\u00e9gis egyed\u00fcl\u00e1ll\u00f3 kir\u00e1ndul\u00e1sra <strong>16,4 kilom\u00e9tert teszel meg, ami csak 18 perc<\/strong>. Albrechtice nad Vltavouban megtal\u00e1lod Szent P\u00e9ter \u00e9s P\u00e1l templom\u00e1t a hozz\u00e1 tartoz\u00f3 temet\u0151vel, amelyet egy teljesen egyed\u00fcl\u00e1ll\u00f3 fal \u00f6lel k\u00f6rbe festett f\u00fclk\u00e9s k\u00e1poln\u00e1kkal, amelyek miniat\u0171r csontk\u00e1poln\u00e1kk\u00e9nt szolg\u00e1lnak.<\/p>\n\n\n\n<p class=\"wp-block-paragraph\">Nagyon kev\u00e9ss\u00e9 ismert helyr\u0151l van sz\u00f3 <strong>csod\u00e1latos \u00e9s csendes hangulattal, amely szabadon, ingyen l\u00e1togathat\u00f3<\/strong>. A t\u00e9rk\u00e9peken csak p\u00e1r tucat \u00e9rt\u00e9kel\u00e9se van, de aki idet\u00e9ved, lelkesen t\u00e1vozik. A k\u00e1poln\u00e1csk\u00e1kban l\u00e9v\u0151 festm\u00e9nyek t\u00f6rt\u00e9neteket mes\u00e9lnek, \u00e9s 19. sz\u00e1zadi tanuls\u00e1gos feliratokat hordoznak, ami a helyet a r\u00e9gi\u00f3 fantasztikus rejtett kincs\u00e9v\u00e9 teszi.<\/p>\n\n\n\n<p class=\"wp-block-paragraph\">Nagyon vigy\u00e1zz azonban, hogy <strong>ezt a kis csontk\u00e1poln\u00e1t ne keverd \u00f6ssze a h\u00edres sedleci csontk\u00e1poln\u00e1val Kutn\u00e1 Hora mellett<\/strong>, mert a keres\u0151motorok gyakran \u00f6sszemoss\u00e1k \u0151ket. Az itteni albrechticei v\u00e1ltozat sokkal intimebb, csendesebb \u00e9s turisztikailag szinte felfedezetlen. A helyr\u0151l sz\u00f3l\u00f3 gyakorlati inform\u00e1ci\u00f3kat a k\u00f6zs\u00e9g weboldal\u00e1n tal\u00e1lod: <a href=\"https:\/\/albrechticenadvltavou.cz\" rel=\"nofollow noopener\" target=\"_blank\">albrechticenadvltavou.cz<\/a>.<\/p>\n\n\n\n<figure data-wp-context=\"{&quot;imageId&quot;:&quot;6a953a9d8aa39&quot;}\" data-wp-interactive=\"core\/image\" data-wp-key=\"6a953a9d8aa39\" class=\"wp-block-image size-full wp-lightbox-container\"><img decoding=\"async\" width=\"2200\" height=\"1467\" data-wp-class--hide=\"state.isContentHidden\" data-wp-class--show=\"state.isContentVisible\" data-wp-init=\"callbacks.setButtonStyles\" data-wp-on--click=\"actions.showLightbox\" data-wp-on--load=\"callbacks.setButtonStyles\" data-wp-on--pointerdown=\"actions.preloadImage\" data-wp-on--pointerenter=\"actions.preloadImageWithDelay\" data-wp-on--pointerleave=\"actions.cancelPreload\" data-wp-on-window--resize=\"callbacks.setButtonStyles\" src=\"https:\/\/loudavymkrokem.cz\/wp-content\/uploads\/2026\/08\/orlicka-prehrada-lod-pod-zvikovem.jpg\" alt=\"Motoros haj\u00f3 az Orl\u00edk-v\u00edzt\u00e1roz\u00f3n Zv\u00edkov v\u00e1ra alatt\" class=\"wp-image-404454\" title=\"\" srcset=\"https:\/\/loudavymkrokem.cz\/wp-content\/uploads\/2026\/08\/orlicka-prehrada-lod-pod-zvikovem.jpg 2200w, https:\/\/loudavymkrokem.cz\/wp-content\/uploads\/2026\/08\/orlicka-prehrada-lod-pod-zvikovem-300x200.jpg 300w, https:\/\/loudavymkrokem.cz\/wp-content\/uploads\/2026\/08\/orlicka-prehrada-lod-pod-zvikovem-700x467.jpg 700w, https:\/\/loudavymkrokem.cz\/wp-content\/uploads\/2026\/08\/orlicka-prehrada-lod-pod-zvikovem-768x512.jpg 768w, https:\/\/loudavymkrokem.cz\/wp-content\/uploads\/2026\/08\/orlicka-prehrada-lod-pod-zvikovem-1536x1024.jpg 1536w, https:\/\/loudavymkrokem.cz\/wp-content\/uploads\/2026\/08\/orlicka-prehrada-lod-pod-zvikovem-2048x1366.jpg 2048w, https:\/\/loudavymkrokem.cz\/wp-content\/uploads\/2026\/08\/orlicka-prehrada-lod-pod-zvikovem-696x464.jpg 696w, https:\/\/loudavymkrokem.cz\/wp-content\/uploads\/2026\/08\/orlicka-prehrada-lod-pod-zvikovem-1392x928.jpg 1392w, https:\/\/loudavymkrokem.cz\/wp-content\/uploads\/2026\/08\/orlicka-prehrada-lod-pod-zvikovem-1920x1280.jpg 1920w\" sizes=\"(max-width: 2200px) 100vw, 2200px\" \/><button\n\t\t\tclass=\"lightbox-trigger\"\n\t\t\ttype=\"button\"\n\t\t\taria-haspopup=\"dialog\"\n\t\t\tdata-wp-bind--aria-label=\"state.thisImage.triggerButtonAriaLabel\"\n\t\t\tdata-wp-init=\"callbacks.initTriggerButton\"\n\t\t\tdata-wp-on--click=\"actions.showLightbox\"\n\t\t\tdata-wp-style--right=\"state.thisImage.buttonRight\"\n\t\t\tdata-wp-style--top=\"state.thisImage.buttonTop\"\n\t\t>\n\t\t\t<svg xmlns=\"http:\/\/www.w3.org\/2000\/svg\" width=\"12\" height=\"12\" fill=\"none\" viewBox=\"0 0 12 12\">\n\t\t\t\t<path fill=\"#fff\" d=\"M2 0a2 2 0 0 0-2 2v2h1.5V2a.5.5 0 0 1 .5-.5h2V0H2Zm2 10.5H2a.5.5 0 0 1-.5-.5V8H0v2a2 2 0 0 0 2 2h2v-1.5ZM8 12v-1.5h2a.5.5 0 0 0 .5-.5V8H12v2a2 2 0 0 1-2 2H8Zm2-12a2 2 0 0 1 2 2v2h-1.5V2a.5.5 0 0 0-.5-.5H8V0h2Z\" \/>\n\t\t\t<\/svg>\n\t\t<\/button><\/figure>\n\n\n\n<h2 class=\"wp-block-heading\"><span class=\"ez-toc-section\" id=\"Viz_Orlik-viztarozo_Vltava_es_Otava\"><\/span>V\u00edz: Orl\u00edk-v\u00edzt\u00e1roz\u00f3, Vltava \u00e9s Otava<span class=\"ez-toc-section-end\"><\/span><\/h2>\n\n\n\n<p class=\"wp-block-paragraph\">A d\u00e9l-csehorsz\u00e1gi foly\u00f3k \u00e9s v\u00edzt\u00e1roz\u00f3k k\u00fcl\u00f6n fejezetet \u00e9rdemelnek. Ny\u00e1ron remek f\u00fcrd\u0151z\u00e9st k\u00edn\u00e1lnak, tavasszal \u00e9s \u0151sszel pedig csod\u00e1latos l\u00e1tv\u00e1nyt ny\u00fajtanak a bev\u00e1g\u00f3dott kanyonokkal. Ezeket a kir\u00e1ndul\u00e1sokat f\u0151leg olyan napokra aj\u00e1nlom tervezni, amikor sz\u00e9p az id\u0151.<\/p>\n\n\n\n<figure data-wp-context=\"{&quot;imageId&quot;:&quot;6a953a9d8b0c2&quot;}\" data-wp-interactive=\"core\/image\" data-wp-key=\"6a953a9d8b0c2\" class=\"wp-block-image size-full wp-lightbox-container\"><img decoding=\"async\" width=\"2528\" height=\"1696\" data-wp-class--hide=\"state.isContentHidden\" data-wp-class--show=\"state.isContentVisible\" data-wp-init=\"callbacks.setButtonStyles\" data-wp-on--click=\"actions.showLightbox\" data-wp-on--load=\"callbacks.setButtonStyles\" data-wp-on--pointerdown=\"actions.preloadImage\" data-wp-on--pointerenter=\"actions.preloadImageWithDelay\" data-wp-on--pointerleave=\"actions.cancelPreload\" data-wp-on-window--resize=\"callbacks.setButtonStyles\" src=\"https:\/\/loudavymkrokem.cz\/wp-content\/uploads\/2026\/08\/lk-24.jpg\" alt=\"Kir\u00e1ndul\u00f3haj\u00f3 az Orl\u00edk-v\u00edzt\u00e1roz\u00f3n\" class=\"wp-image-404086\" title=\"\" srcset=\"https:\/\/loudavymkrokem.cz\/wp-content\/uploads\/2026\/08\/lk-24.jpg 2528w, https:\/\/loudavymkrokem.cz\/wp-content\/uploads\/2026\/08\/lk-24-300x201.jpg 300w, https:\/\/loudavymkrokem.cz\/wp-content\/uploads\/2026\/08\/lk-24-700x470.jpg 700w, https:\/\/loudavymkrokem.cz\/wp-content\/uploads\/2026\/08\/lk-24-768x515.jpg 768w, https:\/\/loudavymkrokem.cz\/wp-content\/uploads\/2026\/08\/lk-24-1536x1030.jpg 1536w, https:\/\/loudavymkrokem.cz\/wp-content\/uploads\/2026\/08\/lk-24-2048x1374.jpg 2048w, https:\/\/loudavymkrokem.cz\/wp-content\/uploads\/2026\/08\/lk-24-696x467.jpg 696w, https:\/\/loudavymkrokem.cz\/wp-content\/uploads\/2026\/08\/lk-24-1392x934.jpg 1392w, https:\/\/loudavymkrokem.cz\/wp-content\/uploads\/2026\/08\/lk-24-1920x1288.jpg 1920w\" sizes=\"(max-width: 2528px) 100vw, 2528px\" \/><button\n\t\t\tclass=\"lightbox-trigger\"\n\t\t\ttype=\"button\"\n\t\t\taria-haspopup=\"dialog\"\n\t\t\tdata-wp-bind--aria-label=\"state.thisImage.triggerButtonAriaLabel\"\n\t\t\tdata-wp-init=\"callbacks.initTriggerButton\"\n\t\t\tdata-wp-on--click=\"actions.showLightbox\"\n\t\t\tdata-wp-style--right=\"state.thisImage.buttonRight\"\n\t\t\tdata-wp-style--top=\"state.thisImage.buttonTop\"\n\t\t>\n\t\t\t<svg xmlns=\"http:\/\/www.w3.org\/2000\/svg\" width=\"12\" height=\"12\" fill=\"none\" viewBox=\"0 0 12 12\">\n\t\t\t\t<path fill=\"#fff\" d=\"M2 0a2 2 0 0 0-2 2v2h1.5V2a.5.5 0 0 1 .5-.5h2V0H2Zm2 10.5H2a.5.5 0 0 1-.5-.5V8H0v2a2 2 0 0 0 2 2h2v-1.5ZM8 12v-1.5h2a.5.5 0 0 0 .5-.5V8H12v2a2 2 0 0 1-2 2H8Zm2-12a2 2 0 0 1 2 2v2h-1.5V2a.5.5 0 0 0-.5-.5H8V0h2Z\" \/>\n\t\t\t<\/svg>\n\t\t<\/button><figcaption class=\"wp-element-caption\">F\u00e9nyk\u00e9p alapj\u00e1n: Ji\u0159\u00ed Sedl\u00e1\u010dek \/ Wikimedia Commons, CC BY-SA 4.0 \u00b7 sz\u00ednben m\u00f3dos\u00edtva<\/figcaption><\/figure>\n\n\n\n<h3 class=\"wp-block-heading\"><span class=\"ez-toc-section\" id=\"19_Hajokazas_Zvikov_%E2%86%94_Orlik\"><\/span>19. Haj\u00f3k\u00e1z\u00e1s Zv\u00edkov \u2194 Orl\u00edk<span class=\"ez-toc-section-end\"><\/span><\/h3>\n\n\n\n<p class=\"wp-block-paragraph\">A zv\u00edkovi v\u00e1r alatti kik\u00f6t\u0151ig <strong>26 kilom\u00e9ter, az aut\u00f3\u00fat pedig k\u00f6r\u00fclbel\u00fcl 32 perc<\/strong>. \u00c9ppen innen indul ugyanis az Orl\u00edk Haj\u00f3z\u00e1s, ami szerintem az eg\u00e9sz P\u00edsek k\u00f6rny\u00e9k legszebb kir\u00e1ndul\u00e1s-kombin\u00e1ci\u00f3ja, mert \u00f6sszek\u00f6ti a k\u00e9t leny\u0171g\u00f6z\u0151 v\u00e1rat a v\u00edzi kikapcsol\u00f3d\u00e1ssal.<\/p>\n\n\n\n<p class=\"wp-block-paragraph\">A haj\u00f3k id\u00e9n <strong>rendszeres \u00fatvonalon k\u00f6zlekednek Orl\u00edk kast\u00e9lya \u00e9s Zv\u00edkov v\u00e1ra k\u00f6z\u00f6tt mindk\u00e9t ir\u00e1nyban<\/strong>, a j\u00e1rat keddt\u0151l vas\u00e1rnapig m\u0171k\u00f6dik, a h\u00e9tf\u0151k pedig szabadok. Vigy\u00e1zz arra, hogy a n\u00e9pszer\u0171, eg\u00e9szen a v\u00edzt\u00e1roz\u00f3 g\u00e1tj\u00e1ig tart\u00f3 \u00fatvonal a kock\u00e1zatos megk\u00f6zel\u00edt\u00e9s miatt jelenleg egy\u00e1ltal\u00e1n nem \u00fczemel.<\/p>\n\n\n\n<p class=\"wp-block-paragraph\">A menetd\u00edj \u00e9s a pontos menetrend sajnos nincs fixen felt\u00fcntetve, ez\u00e9rt <strong>minden inform\u00e1ci\u00f3t ink\u00e1bb telefonon vagy a weboldalon ellen\u0151rizz: <a href=\"https:\/\/lodnidopravanaorliku.cz\" rel=\"nofollow noopener\" target=\"_blank\">lodnidopravanaorliku.cz<\/a><\/strong>. \ud83d\udca1 Tipp: A sz\u00fcnet alatt a haj\u00f3k \u00e1ltal\u00e1ban tele vannak, ez\u00e9rt aj\u00e1nlom, hogy j\u00f3kora el\u0151nnyel \u00e9rkezz a kik\u00f6t\u0151be.<\/p>\n\n\n\n<figure data-wp-context=\"{&quot;imageId&quot;:&quot;6a953a9d8b867&quot;}\" data-wp-interactive=\"core\/image\" data-wp-key=\"6a953a9d8b867\" class=\"wp-block-image size-full wp-lightbox-container\"><img decoding=\"async\" width=\"2200\" height=\"1467\" data-wp-class--hide=\"state.isContentHidden\" data-wp-class--show=\"state.isContentVisible\" data-wp-init=\"callbacks.setButtonStyles\" data-wp-on--click=\"actions.showLightbox\" data-wp-on--load=\"callbacks.setButtonStyles\" data-wp-on--pointerdown=\"actions.preloadImage\" data-wp-on--pointerenter=\"actions.preloadImageWithDelay\" data-wp-on--pointerleave=\"actions.cancelPreload\" data-wp-on-window--resize=\"callbacks.setButtonStyles\" src=\"https:\/\/loudavymkrokem.cz\/wp-content\/uploads\/2026\/08\/orlicka-prehrada-prirodni-plaz.jpg\" alt=\"Term\u00e9szetes strand az Orl\u00edk-v\u00edzt\u00e1roz\u00f3 \u00f6bl\u00e9ben\" class=\"wp-image-404455\" title=\"\" srcset=\"https:\/\/loudavymkrokem.cz\/wp-content\/uploads\/2026\/08\/orlicka-prehrada-prirodni-plaz.jpg 2200w, https:\/\/loudavymkrokem.cz\/wp-content\/uploads\/2026\/08\/orlicka-prehrada-prirodni-plaz-300x200.jpg 300w, https:\/\/loudavymkrokem.cz\/wp-content\/uploads\/2026\/08\/orlicka-prehrada-prirodni-plaz-700x467.jpg 700w, https:\/\/loudavymkrokem.cz\/wp-content\/uploads\/2026\/08\/orlicka-prehrada-prirodni-plaz-768x512.jpg 768w, https:\/\/loudavymkrokem.cz\/wp-content\/uploads\/2026\/08\/orlicka-prehrada-prirodni-plaz-1536x1024.jpg 1536w, https:\/\/loudavymkrokem.cz\/wp-content\/uploads\/2026\/08\/orlicka-prehrada-prirodni-plaz-2048x1366.jpg 2048w, https:\/\/loudavymkrokem.cz\/wp-content\/uploads\/2026\/08\/orlicka-prehrada-prirodni-plaz-696x464.jpg 696w, https:\/\/loudavymkrokem.cz\/wp-content\/uploads\/2026\/08\/orlicka-prehrada-prirodni-plaz-1392x928.jpg 1392w, https:\/\/loudavymkrokem.cz\/wp-content\/uploads\/2026\/08\/orlicka-prehrada-prirodni-plaz-1920x1280.jpg 1920w\" sizes=\"(max-width: 2200px) 100vw, 2200px\" \/><button\n\t\t\tclass=\"lightbox-trigger\"\n\t\t\ttype=\"button\"\n\t\t\taria-haspopup=\"dialog\"\n\t\t\tdata-wp-bind--aria-label=\"state.thisImage.triggerButtonAriaLabel\"\n\t\t\tdata-wp-init=\"callbacks.initTriggerButton\"\n\t\t\tdata-wp-on--click=\"actions.showLightbox\"\n\t\t\tdata-wp-style--right=\"state.thisImage.buttonRight\"\n\t\t\tdata-wp-style--top=\"state.thisImage.buttonTop\"\n\t\t>\n\t\t\t<svg xmlns=\"http:\/\/www.w3.org\/2000\/svg\" width=\"12\" height=\"12\" fill=\"none\" viewBox=\"0 0 12 12\">\n\t\t\t\t<path fill=\"#fff\" d=\"M2 0a2 2 0 0 0-2 2v2h1.5V2a.5.5 0 0 1 .5-.5h2V0H2Zm2 10.5H2a.5.5 0 0 1-.5-.5V8H0v2a2 2 0 0 0 2 2h2v-1.5ZM8 12v-1.5h2a.5.5 0 0 0 .5-.5V8H12v2a2 2 0 0 1-2 2H8Zm2-12a2 2 0 0 1 2 2v2h-1.5V2a.5.5 0 0 0-.5-.5H8V0h2Z\" \/>\n\t\t\t<\/svg>\n\t\t<\/button><\/figure>\n\n\n\n<h3 class=\"wp-block-heading\"><span class=\"ez-toc-section\" id=\"20_Orlik-viztarozo_strandok_es_kempingek\"><\/span>20. Orl\u00edk-v\u00edzt\u00e1roz\u00f3: strandok \u00e9s kempingek<span class=\"ez-toc-section-end\"><\/span><\/h3>\n\n\n\n<p class=\"wp-block-paragraph\">Ennek a hatalmas v\u00edzt\u00e1roz\u00f3nak a partjaihoz <strong>k\u00f6r\u00fclbel\u00fcl 26\u201340 kilom\u00e9tert teszel meg att\u00f3l f\u00fcgg\u0151en, hogy pontosan melyik strandot v\u00e1lasztod<\/strong>. Az Orl\u00edk a Vltava legnagyobb t\u00e9rfogat\u00fa v\u00edzt\u00e1roz\u00f3ja, \u00e9s a m\u00e9lyen el\u00e1rasztott kanyonjainak el\u00e9g hihetetlen a hangulata. A megemelt v\u00edzszint elnyelte a v\u00f6lgyet, \u00e9s a haj\u00f3r\u00f3l olyan, mintha valahol Skandin\u00e1vi\u00e1ban haj\u00f3zn\u00e1l, nem pedig P\u00edsek k\u00f6zel\u00e9ben.<\/p>\n\n\n\n<p class=\"wp-block-paragraph\">Rengeteg <strong>term\u00e9szetes strandot, j\u00f3l felszerelt kempinget \u00e9s cs\u00f3nakk\u00f6lcs\u00f6nz\u0151t tal\u00e1lsz itt<\/strong>, \u00edgy k\u00f6nnyed\u00e9n elt\u00f6ltheted itt az eg\u00e9sz ny\u00e1ri vak\u00e1ci\u00f3t. A v\u00edz a forr\u00f3 h\u00f3napokban \u00e1ltal\u00e1ban kellemesen felmelegszik, b\u00e1r a min\u0151s\u00e9g az adott \u00f6b\u00f6lt\u0151l f\u00fcgg\u0151en augusztus folyam\u00e1n n\u00e9ha romolhat.<\/p>\n\n\n\n<p class=\"wp-block-paragraph\">Ha csendesebb helyeket keresel, <strong>ker\u00fcld a legnagyobb kempingeket, \u00e9s pr\u00f3b\u00e1lkozz a kisebb \u00f6bl\u00f6kben<\/strong>, ahov\u00e1 gyakran csak gyalog, erd\u0151n kereszt\u00fcl lehet eljutni. Ide\u00e1lis c\u00e9lpont azoknak, akik szeretik a SUP-oz\u00e1st, vagy szeretn\u00e9nek kib\u00e9relni egy kis motorcs\u00f3nakot, \u00e9s k\u00f6zelr\u0151l felfedezni a szikl\u00e1kat. Mi sz\u00edvesen j\u00e1runk ide d\u00e9lut\u00e1ni SUP-oz\u00e1sra, csak tal\u00e1lni kell egy \u00f6bl\u00f6t, ahol nincs t\u00fal sok haj\u00f3.<\/p>\n\n\n\n<figure data-wp-context=\"{&quot;imageId&quot;:&quot;6a953a9d8bf3a&quot;}\" data-wp-interactive=\"core\/image\" data-wp-key=\"6a953a9d8bf3a\" class=\"wp-block-image size-full wp-lightbox-container\"><img decoding=\"async\" width=\"2528\" height=\"1696\" data-wp-class--hide=\"state.isContentHidden\" data-wp-class--show=\"state.isContentVisible\" data-wp-init=\"callbacks.setButtonStyles\" data-wp-on--click=\"actions.showLightbox\" data-wp-on--load=\"callbacks.setButtonStyles\" data-wp-on--pointerdown=\"actions.preloadImage\" data-wp-on--pointerenter=\"actions.preloadImageWithDelay\" data-wp-on--pointerleave=\"actions.cancelPreload\" data-wp-on-window--resize=\"callbacks.setButtonStyles\" src=\"https:\/\/loudavymkrokem.cz\/wp-content\/uploads\/2026\/08\/lk-26.jpg\" alt=\"H\u00edd \u010cerven\u00e1 nad Vltavou mellett\" class=\"wp-image-404094\" title=\"\" srcset=\"https:\/\/loudavymkrokem.cz\/wp-content\/uploads\/2026\/08\/lk-26.jpg 2528w, https:\/\/loudavymkrokem.cz\/wp-content\/uploads\/2026\/08\/lk-26-300x201.jpg 300w, https:\/\/loudavymkrokem.cz\/wp-content\/uploads\/2026\/08\/lk-26-700x470.jpg 700w, https:\/\/loudavymkrokem.cz\/wp-content\/uploads\/2026\/08\/lk-26-768x515.jpg 768w, https:\/\/loudavymkrokem.cz\/wp-content\/uploads\/2026\/08\/lk-26-1536x1030.jpg 1536w, https:\/\/loudavymkrokem.cz\/wp-content\/uploads\/2026\/08\/lk-26-2048x1374.jpg 2048w, https:\/\/loudavymkrokem.cz\/wp-content\/uploads\/2026\/08\/lk-26-696x467.jpg 696w, https:\/\/loudavymkrokem.cz\/wp-content\/uploads\/2026\/08\/lk-26-1392x934.jpg 1392w, https:\/\/loudavymkrokem.cz\/wp-content\/uploads\/2026\/08\/lk-26-1920x1288.jpg 1920w\" sizes=\"(max-width: 2528px) 100vw, 2528px\" \/><button\n\t\t\tclass=\"lightbox-trigger\"\n\t\t\ttype=\"button\"\n\t\t\taria-haspopup=\"dialog\"\n\t\t\tdata-wp-bind--aria-label=\"state.thisImage.triggerButtonAriaLabel\"\n\t\t\tdata-wp-init=\"callbacks.initTriggerButton\"\n\t\t\tdata-wp-on--click=\"actions.showLightbox\"\n\t\t\tdata-wp-style--right=\"state.thisImage.buttonRight\"\n\t\t\tdata-wp-style--top=\"state.thisImage.buttonTop\"\n\t\t>\n\t\t\t<svg xmlns=\"http:\/\/www.w3.org\/2000\/svg\" width=\"12\" height=\"12\" fill=\"none\" viewBox=\"0 0 12 12\">\n\t\t\t\t<path fill=\"#fff\" d=\"M2 0a2 2 0 0 0-2 2v2h1.5V2a.5.5 0 0 1 .5-.5h2V0H2Zm2 10.5H2a.5.5 0 0 1-.5-.5V8H0v2a2 2 0 0 0 2 2h2v-1.5ZM8 12v-1.5h2a.5.5 0 0 0 .5-.5V8H12v2a2 2 0 0 1-2 2H8Zm2-12a2 2 0 0 1 2 2v2h-1.5V2a.5.5 0 0 0-.5-.5H8V0h2Z\" \/>\n\t\t\t<\/svg>\n\t\t<\/button><figcaption class=\"wp-element-caption\">F\u00e9nyk\u00e9p alapj\u00e1n: Jan Tichavsk\u00fd \/ Wikimedia Commons, CC BY-SA 4.0 \u00b7 sz\u00ednben m\u00f3dos\u00edtva<\/figcaption><\/figure>\n\n\n\n<h3 class=\"wp-block-heading\"><span class=\"ez-toc-section\" id=\"21_Cervena_nad_Vltavou\"><\/span>21. \u010cerven\u00e1 nad Vltavou<span class=\"ez-toc-section-end\"><\/span><\/h3>\n\n\n\n<p class=\"wp-block-paragraph\">Ehhez az \u00e9rdekes helyhez <strong>18,8 kilom\u00e9tert teszel meg, \u00e9s 22 perc m\u00falva a c\u00e9ln\u00e1l leszel<\/strong>. \u010cerven\u00e1 nad Vltavou t\u00f6rt\u00e9nelmileg nagyon jelent\u0151s pont, mert \u00e9ppen itt l\u00e9p be a Vltava a m\u00e9ly kanyonj\u00e1ba, \u00e9s itt tal\u00e1lhat\u00f3 egy impoz\u00e1ns egykori vas\u00fati h\u00edd, amely magasan a v\u00edz felsz\u00edne f\u00f6l\u00f6tt \u00edvel.<\/p>\n\n\n\n<p class=\"wp-block-paragraph\">A hely <strong>hossz\u00fa \u00e9vekig fontos komp\u00e1tkel\u0151k\u00e9nt szolg\u00e1lt, \u00e9s a mai napig megvan a tramp hangulata<\/strong>, amelyet a mindk\u00e9t parton l\u00e9v\u0151 nyaral\u00f3telepek tartanak fenn. A h\u00edd szerkezete val\u00f3ban fotog\u00e9n, \u00e9s a v\u00edz szintj\u00e9r\u0151l r\u00e1 ny\u00edl\u00f3 kil\u00e1t\u00e1s meg\u00e9ri a meg\u00e1ll\u00f3t.<\/p>\n\n\n\n<p class=\"wp-block-paragraph\">Ma ez <strong>nagyon n\u00e9pszer\u0171 meg\u00e1ll\u00f3hely a ker\u00e9kp\u00e1rosok \u00e9s gyalogos turist\u00e1k sz\u00e1m\u00e1ra<\/strong>, akik a foly\u00f3 ment\u00e9n mozognak. Sz\u00e9pen el\u00fcld\u00f6g\u00e9lhetsz itt, megpihenhetsz, \u00e9s csak n\u00e9zheted a folydog\u00e1l\u00f3 vizet \u00e9s a v\u00edzt\u00e1roz\u00f3n tov\u00e1bb halad\u00f3 haj\u00f3kat.<\/p>\n\n\n\n<figure data-wp-context=\"{&quot;imageId&quot;:&quot;6a953a9d8c5e1&quot;}\" data-wp-interactive=\"core\/image\" data-wp-key=\"6a953a9d8c5e1\" class=\"wp-block-image size-full wp-lightbox-container\"><img decoding=\"async\" width=\"2528\" height=\"1696\" data-wp-class--hide=\"state.isContentHidden\" data-wp-class--show=\"state.isContentVisible\" data-wp-init=\"callbacks.setButtonStyles\" data-wp-on--click=\"actions.showLightbox\" data-wp-on--load=\"callbacks.setButtonStyles\" data-wp-on--pointerdown=\"actions.preloadImage\" data-wp-on--pointerenter=\"actions.preloadImageWithDelay\" data-wp-on--pointerleave=\"actions.cancelPreload\" data-wp-on-window--resize=\"callbacks.setButtonStyles\" src=\"https:\/\/loudavymkrokem.cz\/wp-content\/uploads\/2026\/08\/lk-27.jpg\" alt=\"F\u0151t\u00e9r Vod\u0148anyban\" class=\"wp-image-404102\" title=\"\" srcset=\"https:\/\/loudavymkrokem.cz\/wp-content\/uploads\/2026\/08\/lk-27.jpg 2528w, https:\/\/loudavymkrokem.cz\/wp-content\/uploads\/2026\/08\/lk-27-300x201.jpg 300w, https:\/\/loudavymkrokem.cz\/wp-content\/uploads\/2026\/08\/lk-27-700x470.jpg 700w, https:\/\/loudavymkrokem.cz\/wp-content\/uploads\/2026\/08\/lk-27-768x515.jpg 768w, https:\/\/loudavymkrokem.cz\/wp-content\/uploads\/2026\/08\/lk-27-1536x1030.jpg 1536w, https:\/\/loudavymkrokem.cz\/wp-content\/uploads\/2026\/08\/lk-27-2048x1374.jpg 2048w, https:\/\/loudavymkrokem.cz\/wp-content\/uploads\/2026\/08\/lk-27-696x467.jpg 696w, https:\/\/loudavymkrokem.cz\/wp-content\/uploads\/2026\/08\/lk-27-1392x934.jpg 1392w, https:\/\/loudavymkrokem.cz\/wp-content\/uploads\/2026\/08\/lk-27-1920x1288.jpg 1920w\" sizes=\"(max-width: 2528px) 100vw, 2528px\" \/><button\n\t\t\tclass=\"lightbox-trigger\"\n\t\t\ttype=\"button\"\n\t\t\taria-haspopup=\"dialog\"\n\t\t\tdata-wp-bind--aria-label=\"state.thisImage.triggerButtonAriaLabel\"\n\t\t\tdata-wp-init=\"callbacks.initTriggerButton\"\n\t\t\tdata-wp-on--click=\"actions.showLightbox\"\n\t\t\tdata-wp-style--right=\"state.thisImage.buttonRight\"\n\t\t\tdata-wp-style--top=\"state.thisImage.buttonTop\"\n\t\t>\n\t\t\t<svg xmlns=\"http:\/\/www.w3.org\/2000\/svg\" width=\"12\" height=\"12\" fill=\"none\" viewBox=\"0 0 12 12\">\n\t\t\t\t<path fill=\"#fff\" d=\"M2 0a2 2 0 0 0-2 2v2h1.5V2a.5.5 0 0 1 .5-.5h2V0H2Zm2 10.5H2a.5.5 0 0 1-.5-.5V8H0v2a2 2 0 0 0 2 2h2v-1.5ZM8 12v-1.5h2a.5.5 0 0 0 .5-.5V8H12v2a2 2 0 0 1-2 2H8Zm2-12a2 2 0 0 1 2 2v2h-1.5V2a.5.5 0 0 0-.5-.5H8V0h2Z\" \/>\n\t\t\t<\/svg>\n\t\t<\/button><\/figure>\n\n\n\n<h3 class=\"wp-block-heading\"><span class=\"ez-toc-section\" id=\"22_Vodnany_es_a_halastavak\"><\/span>22. Vod\u0148any \u00e9s a halastavak<span class=\"ez-toc-section-end\"><\/span><\/h3>\n\n\n\n<p class=\"wp-block-paragraph\">Ebbe a hal\u00e1szoknak szentelt v\u00e1rosba <strong>22,3 kilom\u00e9ter, az \u00fat pedig pontosan 22 perc<\/strong>. A Vod\u0148any tulajdonk\u00e9ppen a hal\u00e1szati hagyom\u00e1ny szinonim\u00e1ja, itt m\u0171k\u00f6dik a h\u00edres Hal\u00e1szati Szakk\u00f6z\u00e9piskola, \u00e9s az eg\u00e9sz k\u00f6rny\u00e9ket gy\u00f6ny\u00f6r\u0171 halastavak s\u0171r\u0171 h\u00e1l\u00f3zata sz\u00f6vi \u00e1t.<\/p>\n\n\n\n<p class=\"wp-block-paragraph\">A k\u00f6zpontban mindenk\u00e9pp <strong>n\u00e9zd meg a Vod\u0148anyi V\u00e1rosi M\u00fazeumot \u00e9s Gal\u00e9ri\u00e1t, amely \u00e1ltal\u00e1ban keddt\u0151l vas\u00e1rnapig van nyitva<\/strong>, a bel\u00e9p\u0151t pedig biztons\u00e1g kedv\u00e9\u00e9rt ellen\u0151rizd a <a href=\"https:\/\/muzeumvodnany.cz\" rel=\"nofollow noopener\" target=\"_blank\">muzeumvodnany.cz<\/a> oldalon. A helyi m\u00fazeum remek\u00fcl bemutatja a halast\u00f3-gazd\u00e1lkod\u00e1s t\u00f6rt\u00e9net\u00e9t, amely az eg\u00e9sz itteni t\u00e1jat a mai form\u00e1j\u00e1ra alak\u00edtotta.<\/p>\n\n\n\n<p class=\"wp-block-paragraph\">Egy csal\u00e1di s\u00e9t\u00e1hoz <strong>melegen aj\u00e1nlom a V Z\u00e1ti\u0161\u00ed tan\u00f6sv\u00e9nyt a helyi halastavak k\u00f6r\u00fcl<\/strong>, amely nagyon nyugodt \u00e9s karbantartott. Vod\u0148any h\u00edres a hal\u00e1szati hagyom\u00e1ny\u00e1r\u00f3l, a helyi ponty pedig olyan fogalom, amelyr\u0151l messze f\u00f6ld\u00f6n besz\u00e9lnek a legjobb \u00e9ttermekben.<\/p>\n\n\n\n<figure data-wp-context=\"{&quot;imageId&quot;:&quot;6a953a9d8cd1e&quot;}\" data-wp-interactive=\"core\/image\" data-wp-key=\"6a953a9d8cd1e\" class=\"wp-block-image size-full wp-lightbox-container\"><img decoding=\"async\" width=\"2528\" height=\"1696\" data-wp-class--hide=\"state.isContentHidden\" data-wp-class--show=\"state.isContentVisible\" data-wp-init=\"callbacks.setButtonStyles\" data-wp-on--click=\"actions.showLightbox\" data-wp-on--load=\"callbacks.setButtonStyles\" data-wp-on--pointerdown=\"actions.preloadImage\" data-wp-on--pointerenter=\"actions.preloadImageWithDelay\" data-wp-on--pointerleave=\"actions.cancelPreload\" data-wp-on-window--resize=\"callbacks.setButtonStyles\" src=\"https:\/\/loudavymkrokem.cz\/wp-content\/uploads\/2026\/08\/lk-28.jpg\" alt=\"Hlubok\u00e1 nad Vltavou kast\u00e9lya\" class=\"wp-image-404105\" title=\"\" srcset=\"https:\/\/loudavymkrokem.cz\/wp-content\/uploads\/2026\/08\/lk-28.jpg 2528w, https:\/\/loudavymkrokem.cz\/wp-content\/uploads\/2026\/08\/lk-28-300x201.jpg 300w, https:\/\/loudavymkrokem.cz\/wp-content\/uploads\/2026\/08\/lk-28-700x470.jpg 700w, https:\/\/loudavymkrokem.cz\/wp-content\/uploads\/2026\/08\/lk-28-768x515.jpg 768w, https:\/\/loudavymkrokem.cz\/wp-content\/uploads\/2026\/08\/lk-28-1536x1030.jpg 1536w, https:\/\/loudavymkrokem.cz\/wp-content\/uploads\/2026\/08\/lk-28-2048x1374.jpg 2048w, https:\/\/loudavymkrokem.cz\/wp-content\/uploads\/2026\/08\/lk-28-696x467.jpg 696w, https:\/\/loudavymkrokem.cz\/wp-content\/uploads\/2026\/08\/lk-28-1392x934.jpg 1392w, https:\/\/loudavymkrokem.cz\/wp-content\/uploads\/2026\/08\/lk-28-1920x1288.jpg 1920w\" sizes=\"(max-width: 2528px) 100vw, 2528px\" \/><button\n\t\t\tclass=\"lightbox-trigger\"\n\t\t\ttype=\"button\"\n\t\t\taria-haspopup=\"dialog\"\n\t\t\tdata-wp-bind--aria-label=\"state.thisImage.triggerButtonAriaLabel\"\n\t\t\tdata-wp-init=\"callbacks.initTriggerButton\"\n\t\t\tdata-wp-on--click=\"actions.showLightbox\"\n\t\t\tdata-wp-style--right=\"state.thisImage.buttonRight\"\n\t\t\tdata-wp-style--top=\"state.thisImage.buttonTop\"\n\t\t>\n\t\t\t<svg xmlns=\"http:\/\/www.w3.org\/2000\/svg\" width=\"12\" height=\"12\" fill=\"none\" viewBox=\"0 0 12 12\">\n\t\t\t\t<path fill=\"#fff\" d=\"M2 0a2 2 0 0 0-2 2v2h1.5V2a.5.5 0 0 1 .5-.5h2V0H2Zm2 10.5H2a.5.5 0 0 1-.5-.5V8H0v2a2 2 0 0 0 2 2h2v-1.5ZM8 12v-1.5h2a.5.5 0 0 0 .5-.5V8H12v2a2 2 0 0 1-2 2H8Zm2-12a2 2 0 0 1 2 2v2h-1.5V2a.5.5 0 0 0-.5-.5H8V0h2Z\" \/>\n\t\t\t<\/svg>\n\t\t<\/button><figcaption class=\"wp-element-caption\">F\u00e9nyk\u00e9p alapj\u00e1n: Michal Klajban \/ Wikimedia Commons, CC BY 4.0 \u00b7 sz\u00ednben m\u00f3dos\u00edtva<\/figcaption><\/figure>\n\n\n\n<h2 class=\"wp-block-heading\"><span class=\"ez-toc-section\" id=\"Del-csehorszagi_varosok_es_egesz_napos_celpontok\"><\/span>D\u00e9l-csehorsz\u00e1gi v\u00e1rosok \u00e9s eg\u00e9sz napos c\u00e9lpontok<span class=\"ez-toc-section-end\"><\/span><\/h2>\n\n\n\n<p class=\"wp-block-paragraph\">Ha nem zavar, hogy k\u00f6r\u00fclbel\u00fcl h\u00e1romnegyed \u00f3r\u00e1t t\u00f6ltesz az aut\u00f3ban, akkor P\u00edsekb\u0151l lehet\u0151s\u00e9ged ny\u00edlik megl\u00e1togatni D\u00e9l-Csehorsz\u00e1g legeslegismertebb helyeit. Itt m\u00e1r teljes \u00e9rt\u00e9k\u0171, eg\u00e9sz napos kir\u00e1ndul\u00e1sokr\u00f3l besz\u00e9l\u00fcnk.<\/p>\n\n\n\n<figure data-wp-context=\"{&quot;imageId&quot;:&quot;6a953a9d8d3aa&quot;}\" data-wp-interactive=\"core\/image\" data-wp-key=\"6a953a9d8d3aa\" class=\"wp-block-image size-full wp-lightbox-container\"><img decoding=\"async\" width=\"2528\" height=\"1696\" data-wp-class--hide=\"state.isContentHidden\" data-wp-class--show=\"state.isContentVisible\" data-wp-init=\"callbacks.setButtonStyles\" data-wp-on--click=\"actions.showLightbox\" data-wp-on--load=\"callbacks.setButtonStyles\" data-wp-on--pointerdown=\"actions.preloadImage\" data-wp-on--pointerenter=\"actions.preloadImageWithDelay\" data-wp-on--pointerleave=\"actions.cancelPreload\" data-wp-on-window--resize=\"callbacks.setButtonStyles\" src=\"https:\/\/loudavymkrokem.cz\/wp-content\/uploads\/2026\/08\/lk-29.jpg\" alt=\"Hlubok\u00e1 kast\u00e9ly\u00e1nak Tudor-st\u00edlus\u00fa homlokzata\" class=\"wp-image-404109\" title=\"\" srcset=\"https:\/\/loudavymkrokem.cz\/wp-content\/uploads\/2026\/08\/lk-29.jpg 2528w, https:\/\/loudavymkrokem.cz\/wp-content\/uploads\/2026\/08\/lk-29-300x201.jpg 300w, https:\/\/loudavymkrokem.cz\/wp-content\/uploads\/2026\/08\/lk-29-700x470.jpg 700w, https:\/\/loudavymkrokem.cz\/wp-content\/uploads\/2026\/08\/lk-29-768x515.jpg 768w, https:\/\/loudavymkrokem.cz\/wp-content\/uploads\/2026\/08\/lk-29-1536x1030.jpg 1536w, https:\/\/loudavymkrokem.cz\/wp-content\/uploads\/2026\/08\/lk-29-2048x1374.jpg 2048w, https:\/\/loudavymkrokem.cz\/wp-content\/uploads\/2026\/08\/lk-29-696x467.jpg 696w, https:\/\/loudavymkrokem.cz\/wp-content\/uploads\/2026\/08\/lk-29-1392x934.jpg 1392w, https:\/\/loudavymkrokem.cz\/wp-content\/uploads\/2026\/08\/lk-29-1920x1288.jpg 1920w\" sizes=\"(max-width: 2528px) 100vw, 2528px\" \/><button\n\t\t\tclass=\"lightbox-trigger\"\n\t\t\ttype=\"button\"\n\t\t\taria-haspopup=\"dialog\"\n\t\t\tdata-wp-bind--aria-label=\"state.thisImage.triggerButtonAriaLabel\"\n\t\t\tdata-wp-init=\"callbacks.initTriggerButton\"\n\t\t\tdata-wp-on--click=\"actions.showLightbox\"\n\t\t\tdata-wp-style--right=\"state.thisImage.buttonRight\"\n\t\t\tdata-wp-style--top=\"state.thisImage.buttonTop\"\n\t\t>\n\t\t\t<svg xmlns=\"http:\/\/www.w3.org\/2000\/svg\" width=\"12\" height=\"12\" fill=\"none\" viewBox=\"0 0 12 12\">\n\t\t\t\t<path fill=\"#fff\" d=\"M2 0a2 2 0 0 0-2 2v2h1.5V2a.5.5 0 0 1 .5-.5h2V0H2Zm2 10.5H2a.5.5 0 0 1-.5-.5V8H0v2a2 2 0 0 0 2 2h2v-1.5ZM8 12v-1.5h2a.5.5 0 0 0 .5-.5V8H12v2a2 2 0 0 1-2 2H8Zm2-12a2 2 0 0 1 2 2v2h-1.5V2a.5.5 0 0 0-.5-.5H8V0h2Z\" \/>\n\t\t\t<\/svg>\n\t\t<\/button><\/figure>\n\n\n\n<h3 class=\"wp-block-heading\"><span class=\"ez-toc-section\" id=\"23_Hluboka_nad_Vltavou\"><\/span>23. Hlubok\u00e1 nad Vltavou<span class=\"ez-toc-section-end\"><\/span><\/h3>\n\n\n\n<p class=\"wp-block-paragraph\">A legismertebb kast\u00e9lyunkhoz <strong>45,1 kilom\u00e9tert teszel meg, az \u00fat pedig k\u00f6r\u00fclbel\u00fcl 42 perc<\/strong>. Hlubok\u00e1 abszol\u00fat jelens\u00e9g, t\u00f6bb mint 28 ezer \u00e9rt\u00e9kel\u00e9ssel messze a leglegl\u00e1togatottabb c\u00e9lpont a t\u00e1gabb k\u00f6rny\u00e9ken, \u00e9s a Tudor-g\u00f3tik\u00e1ja m\u00e1gnesk\u00e9nt vonzza a turist\u00e1kat.<\/p>\n\n\n\n<p class=\"wp-block-paragraph\">A 2026-ra ellen\u0151rz\u00f6tt bel\u00e9p\u0151 szerint <strong>az alap Reprezent\u00e1ci\u00f3s szob\u00e1k k\u00f6r\u00fat 300 K\u010d (kb. 4500 Ft) feln\u0151tteknek<\/strong>, a nyugd\u00edjasok \u00e9s fiatalok 240 K\u010d-t (kb. 3600 Ft), a gyerekek pedig 90 K\u010d-t (kb. 1400 Ft) fizetnek. A kast\u00e9ly tov\u00e1bbi \u00fatvonalakat is k\u00edn\u00e1l, mint a mag\u00e1napartmanok 220 K\u010d-\u00e9rt (kb. 3300 Ft), a kil\u00e1t\u00f3torony 180 K\u010d-\u00e9rt (kb. 2700 Ft), vagy ak\u00e1r egy speci\u00e1lis t\u00e9li \u00fatvonalat, amely a f\u0151szezonon k\u00edv\u00fcl is m\u0171k\u00f6dik. A t\u00fara foglal\u00e1s\u00e1t \u00e9s az aktu\u00e1lis \u00e1rlist\u00e1t a <a href=\"https:\/\/zamek-hluboka.cz\" rel=\"nofollow noopener\" target=\"_blank\">zamek-hluboka.cz<\/a> oldalon tal\u00e1lod.<\/p>\n\n\n\n<p class=\"wp-block-paragraph\">Az eg\u00e9sz ter\u00fcletet <strong>a gy\u00f6ny\u00f6r\u0171 Ale\u0161 D\u00e9l-csehorsz\u00e1gi Gal\u00e9ria eg\u00e9sz\u00edti ki az egykori kast\u00e9ly lovard\u00e1j\u00e1ban<\/strong>, a kast\u00e9ly alatt pedig megtal\u00e1lod a remek Ohrada ZOO-t. Nyugodtan sz\u00e1nj Hlubok\u00e1ra egy eg\u00e9sz napot, mert maga a kast\u00e9lyt\u00fara csak egy r\u00e9sze a programnak, a k\u00f6r\u00fcl\u00f6tte l\u00e9v\u0151 parkot pedig sok\u00e1ig lehet s\u00e9t\u00e1lgatni. A kast\u00e9ly alatt azt\u00e1n van el\u00e9g k\u00e1v\u00e9z\u00f3 ahhoz, hogy tarts egy sz\u00fcnetet, miel\u0151tt visszaindulsz.<\/p>\n\n\n\n<figure data-wp-context=\"{&quot;imageId&quot;:&quot;6a953a9d8db39&quot;}\" data-wp-interactive=\"core\/image\" data-wp-key=\"6a953a9d8db39\" class=\"wp-block-image size-full wp-lightbox-container\"><img decoding=\"async\" width=\"2528\" height=\"1696\" data-wp-class--hide=\"state.isContentHidden\" data-wp-class--show=\"state.isContentVisible\" data-wp-init=\"callbacks.setButtonStyles\" data-wp-on--click=\"actions.showLightbox\" data-wp-on--load=\"callbacks.setButtonStyles\" data-wp-on--pointerdown=\"actions.preloadImage\" data-wp-on--pointerenter=\"actions.preloadImageWithDelay\" data-wp-on--pointerleave=\"actions.cancelPreload\" data-wp-on-window--resize=\"callbacks.setButtonStyles\" src=\"https:\/\/loudavymkrokem.cz\/wp-content\/uploads\/2026\/08\/lk-30.jpg\" alt=\"A \u017di\u017eka t\u00e9r T\u00e1borban\" class=\"wp-image-404112\" title=\"\" srcset=\"https:\/\/loudavymkrokem.cz\/wp-content\/uploads\/2026\/08\/lk-30.jpg 2528w, https:\/\/loudavymkrokem.cz\/wp-content\/uploads\/2026\/08\/lk-30-300x201.jpg 300w, https:\/\/loudavymkrokem.cz\/wp-content\/uploads\/2026\/08\/lk-30-700x470.jpg 700w, https:\/\/loudavymkrokem.cz\/wp-content\/uploads\/2026\/08\/lk-30-768x515.jpg 768w, https:\/\/loudavymkrokem.cz\/wp-content\/uploads\/2026\/08\/lk-30-1536x1030.jpg 1536w, https:\/\/loudavymkrokem.cz\/wp-content\/uploads\/2026\/08\/lk-30-2048x1374.jpg 2048w, https:\/\/loudavymkrokem.cz\/wp-content\/uploads\/2026\/08\/lk-30-696x467.jpg 696w, https:\/\/loudavymkrokem.cz\/wp-content\/uploads\/2026\/08\/lk-30-1392x934.jpg 1392w, https:\/\/loudavymkrokem.cz\/wp-content\/uploads\/2026\/08\/lk-30-1920x1288.jpg 1920w\" sizes=\"(max-width: 2528px) 100vw, 2528px\" \/><button\n\t\t\tclass=\"lightbox-trigger\"\n\t\t\ttype=\"button\"\n\t\t\taria-haspopup=\"dialog\"\n\t\t\tdata-wp-bind--aria-label=\"state.thisImage.triggerButtonAriaLabel\"\n\t\t\tdata-wp-init=\"callbacks.initTriggerButton\"\n\t\t\tdata-wp-on--click=\"actions.showLightbox\"\n\t\t\tdata-wp-style--right=\"state.thisImage.buttonRight\"\n\t\t\tdata-wp-style--top=\"state.thisImage.buttonTop\"\n\t\t>\n\t\t\t<svg xmlns=\"http:\/\/www.w3.org\/2000\/svg\" width=\"12\" height=\"12\" fill=\"none\" viewBox=\"0 0 12 12\">\n\t\t\t\t<path fill=\"#fff\" d=\"M2 0a2 2 0 0 0-2 2v2h1.5V2a.5.5 0 0 1 .5-.5h2V0H2Zm2 10.5H2a.5.5 0 0 1-.5-.5V8H0v2a2 2 0 0 0 2 2h2v-1.5ZM8 12v-1.5h2a.5.5 0 0 0 .5-.5V8H12v2a2 2 0 0 1-2 2H8Zm2-12a2 2 0 0 1 2 2v2h-1.5V2a.5.5 0 0 0-.5-.5H8V0h2Z\" \/>\n\t\t\t<\/svg>\n\t\t<\/button><figcaption class=\"wp-element-caption\">F\u00e9nyk\u00e9p alapj\u00e1n: VitVit \/ Wikimedia Commons, CC BY-SA 4.0 \u00b7 sz\u00ednben m\u00f3dos\u00edtva<\/figcaption><\/figure>\n\n\n\n<h3 class=\"wp-block-heading\"><span class=\"ez-toc-section\" id=\"24_Tabor\"><\/span>24. T\u00e1bor<span class=\"ez-toc-section-end\"><\/span><\/h3>\n\n\n\n<p class=\"wp-block-paragraph\">A t\u00f6rt\u00e9nelmi T\u00e1borba <strong>46,6 kilom\u00e9ter, \u00e9s P\u00edsekb\u0151l 48 perc alatt \u00e9rkezel ide<\/strong>. Ez a leny\u0171g\u00f6z\u0151 keres\u00e9si mennyis\u00e9ggel b\u00edr\u00f3 v\u00e1ros a huszita t\u00f6rt\u00e9nelm\u00e9r\u0151l h\u00edres, \u00e9s a massz\u00edv \u017di\u017eka t\u00e9r k\u00f6r\u00fcli girbegurba utc\u00e1csk\u00e1inak megism\u00e9telhetetlen a var\u00e1zsa, amelyet egyszer\u0171en megszeretsz.<\/p>\n\n\n\n<p class=\"wp-block-paragraph\">A l\u00e1togat\u00e1s sor\u00e1n <strong>mindenk\u00e9pp menj el a remek <a href=\"https:\/\/husitskemuzeum.cz\" rel=\"nofollow noopener\" target=\"_blank\">Huszita M\u00fazeumba<\/a>, \u00e9s ne felejtsd el felfedezni a titokzatos t\u00e1bori f\u00f6ldalatti j\u00e1ratokat<\/strong>, amelyek egyenesen a k\u00f6z\u00e9pkori h\u00e1zak alatt h\u00faz\u00f3dnak. Nagy vonzer\u0151 a modern T\u00e1bori kincs ki\u00e1ll\u00edt\u00e1s is, amely a r\u00e9gi\u00f3 \u00e9rt\u00e9kes t\u00f6rt\u00e9nelmi leleteit mutatja be.<\/p>\n\n\n\n<p class=\"wp-block-paragraph\">A v\u00e1ros r\u00e1ad\u00e1sul <strong>remek gasztron\u00f3mi\u00e1val \u00e9l, kiv\u00e1l\u00f3 k\u00e1v\u00e9z\u00f3kat \u00e9s veget\u00e1ri\u00e1nus bisztr\u00f3kat tal\u00e1lsz itt<\/strong>, ahol fantasztikus humuszt \u00e9s friss sal\u00e1t\u00e1kat csin\u00e1lnak. Luk\u00e1\u0161 \u00e9s \u00e9n r\u00e1ad\u00e1sul nagyon szeretj\u00fck a helyi utc\u00e1csk\u00e1kat, amelyek fel-le kanyarognak, \u00e9s mindig felfedez\u00fcnk benn\u00fck valami \u00faj kis boltot vagy st\u00edlusos bisztr\u00f3t. Ha a v\u00e1ros m\u00e9lyebben \u00e9rdekel, \u00f6ssze\u00e1ll\u00edtottunk egy k\u00fcl\u00f6n cikket tippekkel, hogy <a href=\"https:\/\/loudavymkrokem.cz\/hu\/tabor-csehorszag-latnivalok\/\">mit \u00e9rdemes megn\u00e9zni T\u00e1borban<\/a>.<\/p>\n\n\n\n<figure data-wp-context=\"{&quot;imageId&quot;:&quot;6a953a9d8e04c&quot;}\" data-wp-interactive=\"core\/image\" data-wp-key=\"6a953a9d8e04c\" class=\"wp-block-image size-full wp-lightbox-container\"><img decoding=\"async\" width=\"2048\" height=\"1366\" data-wp-class--hide=\"state.isContentHidden\" data-wp-class--show=\"state.isContentVisible\" data-wp-init=\"callbacks.setButtonStyles\" data-wp-on--click=\"actions.showLightbox\" data-wp-on--load=\"callbacks.setButtonStyles\" data-wp-on--pointerdown=\"actions.preloadImage\" data-wp-on--pointerenter=\"actions.preloadImageWithDelay\" data-wp-on--pointerleave=\"actions.cancelPreload\" data-wp-on-window--resize=\"callbacks.setButtonStyles\" src=\"https:\/\/loudavymkrokem.cz\/wp-content\/uploads\/2026\/08\/holasovice-naves.jpg\" alt=\"Paraszti barokk a hola\u0161ovicei falusi t\u00e9ren\" class=\"wp-image-403572\" title=\"\" srcset=\"https:\/\/loudavymkrokem.cz\/wp-content\/uploads\/2026\/08\/holasovice-naves.jpg 2048w, https:\/\/loudavymkrokem.cz\/wp-content\/uploads\/2026\/08\/holasovice-naves-300x200.jpg 300w, https:\/\/loudavymkrokem.cz\/wp-content\/uploads\/2026\/08\/holasovice-naves-700x467.jpg 700w, https:\/\/loudavymkrokem.cz\/wp-content\/uploads\/2026\/08\/holasovice-naves-768x512.jpg 768w, https:\/\/loudavymkrokem.cz\/wp-content\/uploads\/2026\/08\/holasovice-naves-1536x1025.jpg 1536w, https:\/\/loudavymkrokem.cz\/wp-content\/uploads\/2026\/08\/holasovice-naves-696x464.jpg 696w, https:\/\/loudavymkrokem.cz\/wp-content\/uploads\/2026\/08\/holasovice-naves-1392x928.jpg 1392w, https:\/\/loudavymkrokem.cz\/wp-content\/uploads\/2026\/08\/holasovice-naves-1920x1281.jpg 1920w\" sizes=\"(max-width: 2048px) 100vw, 2048px\" \/><button\n\t\t\tclass=\"lightbox-trigger\"\n\t\t\ttype=\"button\"\n\t\t\taria-haspopup=\"dialog\"\n\t\t\tdata-wp-bind--aria-label=\"state.thisImage.triggerButtonAriaLabel\"\n\t\t\tdata-wp-init=\"callbacks.initTriggerButton\"\n\t\t\tdata-wp-on--click=\"actions.showLightbox\"\n\t\t\tdata-wp-style--right=\"state.thisImage.buttonRight\"\n\t\t\tdata-wp-style--top=\"state.thisImage.buttonTop\"\n\t\t>\n\t\t\t<svg xmlns=\"http:\/\/www.w3.org\/2000\/svg\" width=\"12\" height=\"12\" fill=\"none\" viewBox=\"0 0 12 12\">\n\t\t\t\t<path fill=\"#fff\" d=\"M2 0a2 2 0 0 0-2 2v2h1.5V2a.5.5 0 0 1 .5-.5h2V0H2Zm2 10.5H2a.5.5 0 0 1-.5-.5V8H0v2a2 2 0 0 0 2 2h2v-1.5ZM8 12v-1.5h2a.5.5 0 0 0 .5-.5V8H12v2a2 2 0 0 1-2 2H8Zm2-12a2 2 0 0 1 2 2v2h-1.5V2a.5.5 0 0 0-.5-.5H8V0h2Z\" \/>\n\t\t\t<\/svg>\n\t\t<\/button><\/figure>\n\n\n\n<figure data-wp-context=\"{&quot;imageId&quot;:&quot;6a953a9d8e377&quot;}\" data-wp-interactive=\"core\/image\" data-wp-key=\"6a953a9d8e377\" class=\"wp-block-image size-full wp-lightbox-container\"><img decoding=\"async\" width=\"2048\" height=\"1366\" data-wp-class--hide=\"state.isContentHidden\" data-wp-class--show=\"state.isContentVisible\" data-wp-init=\"callbacks.setButtonStyles\" data-wp-on--click=\"actions.showLightbox\" data-wp-on--load=\"callbacks.setButtonStyles\" data-wp-on--pointerdown=\"actions.preloadImage\" data-wp-on--pointerenter=\"actions.preloadImageWithDelay\" data-wp-on--pointerleave=\"actions.cancelPreload\" data-wp-on-window--resize=\"callbacks.setButtonStyles\" src=\"https:\/\/loudavymkrokem.cz\/wp-content\/uploads\/2026\/08\/holasovice-selske-baroko.jpg\" alt=\"Festett oromzatok a paraszti barokk st\u00edlusban Hola\u0161ovic\u00e9ben\" class=\"wp-image-403573\" title=\"\" srcset=\"https:\/\/loudavymkrokem.cz\/wp-content\/uploads\/2026\/08\/holasovice-selske-baroko.jpg 2048w, https:\/\/loudavymkrokem.cz\/wp-content\/uploads\/2026\/08\/holasovice-selske-baroko-300x200.jpg 300w, https:\/\/loudavymkrokem.cz\/wp-content\/uploads\/2026\/08\/holasovice-selske-baroko-700x467.jpg 700w, https:\/\/loudavymkrokem.cz\/wp-content\/uploads\/2026\/08\/holasovice-selske-baroko-768x512.jpg 768w, https:\/\/loudavymkrokem.cz\/wp-content\/uploads\/2026\/08\/holasovice-selske-baroko-1536x1025.jpg 1536w, https:\/\/loudavymkrokem.cz\/wp-content\/uploads\/2026\/08\/holasovice-selske-baroko-696x464.jpg 696w, https:\/\/loudavymkrokem.cz\/wp-content\/uploads\/2026\/08\/holasovice-selske-baroko-1392x928.jpg 1392w, https:\/\/loudavymkrokem.cz\/wp-content\/uploads\/2026\/08\/holasovice-selske-baroko-1920x1281.jpg 1920w\" sizes=\"(max-width: 2048px) 100vw, 2048px\" \/><button\n\t\t\tclass=\"lightbox-trigger\"\n\t\t\ttype=\"button\"\n\t\t\taria-haspopup=\"dialog\"\n\t\t\tdata-wp-bind--aria-label=\"state.thisImage.triggerButtonAriaLabel\"\n\t\t\tdata-wp-init=\"callbacks.initTriggerButton\"\n\t\t\tdata-wp-on--click=\"actions.showLightbox\"\n\t\t\tdata-wp-style--right=\"state.thisImage.buttonRight\"\n\t\t\tdata-wp-style--top=\"state.thisImage.buttonTop\"\n\t\t>\n\t\t\t<svg xmlns=\"http:\/\/www.w3.org\/2000\/svg\" width=\"12\" height=\"12\" fill=\"none\" viewBox=\"0 0 12 12\">\n\t\t\t\t<path fill=\"#fff\" d=\"M2 0a2 2 0 0 0-2 2v2h1.5V2a.5.5 0 0 1 .5-.5h2V0H2Zm2 10.5H2a.5.5 0 0 1-.5-.5V8H0v2a2 2 0 0 0 2 2h2v-1.5ZM8 12v-1.5h2a.5.5 0 0 0 .5-.5V8H12v2a2 2 0 0 1-2 2H8Zm2-12a2 2 0 0 1 2 2v2h-1.5V2a.5.5 0 0 0-.5-.5H8V0h2Z\" \/>\n\t\t\t<\/svg>\n\t\t<\/button><\/figure>\n\n\n\n<h3 class=\"wp-block-heading\"><span class=\"ez-toc-section\" id=\"25_Holasovice\"><\/span>25. Hola\u0161ovice<span class=\"ez-toc-section-end\"><\/span><\/h3>\n\n\n\n<p class=\"wp-block-paragraph\">A paraszti barokk\u00e9rt <strong>48,7 kilom\u00e9tert teszel meg, ami id\u0151ben 46 perc utat jelent<\/strong>. Hola\u0161ovice joggal ker\u00fclt fel az UNESCO vil\u00e1g\u00f6r\u00f6ks\u00e9gi list\u00e1j\u00e1ra, hatalmas t\u00e9glalap alak\u00fa falusi tere pedig, amelyet mes\u00e9sen d\u00edsz\u00edtett paraszth\u00e1zak szeg\u00e9lyeznek, a legszebbek k\u00f6z\u00e9 tartozik haz\u00e1nkban.<\/p>\n\n\n\n<p class=\"wp-block-paragraph\">Az itteni <strong>d\u00e9l-csehorsz\u00e1gi paraszti barokk \u00e9p\u00edt\u00e9szet teljesen egyed\u00fcl\u00e1ll\u00f3 \u00e9ps\u00e9gben maradt fenn<\/strong>, r\u00e1ad\u00e1sul nem valamif\u00e9le holt skanzenr\u0151l van sz\u00f3, hanem egy h\u00e9tk\u00f6znapi m\u00f3don \u00e9l\u0151 falur\u00f3l. Szabadon s\u00e9t\u00e1lgathatsz itt, csod\u00e1lhatod a h\u00e1zak oromzatain l\u00e9v\u0151 stukk\u00f3kat, \u00e9s besz\u00edvhatod a r\u00e9gi id\u0151k hihetetlen\u00fcl nyugodt hangulat\u00e1t.<\/p>\n\n\n\n<p class=\"wp-block-paragraph\">A l\u00e1togat\u00e1skor <strong>aj\u00e1nlom, hogy \u00e1llj meg a helyi k\u00e1v\u00e9z\u00f3ban, vagy s\u00e9t\u00e1ld v\u00e9gig a k\u00f6zeli hola\u0161ovicei Stonehenge-et<\/strong>, ami egy \u00fajkori megalitikus \u00e9p\u00edtm\u00e9ny a falu m\u00f6g\u00f6tti dombon. A faluba val\u00f3 bel\u00e9p\u00e9s\u00e9rt term\u00e9szetesen nem kell fizetni, ez egy nyilv\u00e1nos t\u00e9r, amely minden rendes l\u00e1togat\u00f3 el\u0151tt nyitva \u00e1ll. A falur\u00f3l \u00e9s a rendezv\u00e9nyekr\u0151l sz\u00f3l\u00f3 inform\u00e1ci\u00f3kat a <a href=\"https:\/\/holasovice.eu\" rel=\"nofollow noopener\" target=\"_blank\">holasovice.eu<\/a> oldalon tal\u00e1lod.<\/p>\n\n\n\n<p class=\"wp-block-paragraph\">Minket a falusi t\u00e9ren s\u00e9t\u00e1lgatva a legjobban <strong>az egyes paraszth\u00e1zak oromzatainak \u00f6sszehasonl\u00edt\u00e1sa sz\u00f3rakoztatott<\/strong> \u2014 mindegyiken m\u00e1s az \u00edvek, volut\u00e1k \u00e9s festett r\u00e9szletek kombin\u00e1ci\u00f3ja, m\u00e9g ha els\u0151 r\u00e1n\u00e9z\u00e9sre az eg\u00e9sz t\u00e9r egys\u00e9gesnek is t\u0171nik. Sz\u00e1molj teh\u00e1t egy-k\u00e9t \u00f3r\u00e1val, hogy ne kelljen elkapkodnod.<\/p>\n\n\n\n<figure data-wp-context=\"{&quot;imageId&quot;:&quot;6a953a9d8ea40&quot;}\" data-wp-interactive=\"core\/image\" data-wp-key=\"6a953a9d8ea40\" class=\"wp-block-image size-full wp-lightbox-container\"><img decoding=\"async\" width=\"2528\" height=\"1696\" data-wp-class--hide=\"state.isContentHidden\" data-wp-class--show=\"state.isContentVisible\" data-wp-init=\"callbacks.setButtonStyles\" data-wp-on--click=\"actions.showLightbox\" data-wp-on--load=\"callbacks.setButtonStyles\" data-wp-on--pointerdown=\"actions.preloadImage\" data-wp-on--pointerenter=\"actions.preloadImageWithDelay\" data-wp-on--pointerleave=\"actions.cancelPreload\" data-wp-on-window--resize=\"callbacks.setButtonStyles\" src=\"https:\/\/loudavymkrokem.cz\/wp-content\/uploads\/2026\/08\/lk-32.jpg\" alt=\"II. P\u0159emysl Ottok\u00e1r t\u00e9r \u010cesk\u00e9 Bud\u011bjovic\u00e9ben\" class=\"wp-image-404113\" title=\"\" srcset=\"https:\/\/loudavymkrokem.cz\/wp-content\/uploads\/2026\/08\/lk-32.jpg 2528w, https:\/\/loudavymkrokem.cz\/wp-content\/uploads\/2026\/08\/lk-32-300x201.jpg 300w, https:\/\/loudavymkrokem.cz\/wp-content\/uploads\/2026\/08\/lk-32-700x470.jpg 700w, https:\/\/loudavymkrokem.cz\/wp-content\/uploads\/2026\/08\/lk-32-768x515.jpg 768w, https:\/\/loudavymkrokem.cz\/wp-content\/uploads\/2026\/08\/lk-32-1536x1030.jpg 1536w, https:\/\/loudavymkrokem.cz\/wp-content\/uploads\/2026\/08\/lk-32-2048x1374.jpg 2048w, https:\/\/loudavymkrokem.cz\/wp-content\/uploads\/2026\/08\/lk-32-696x467.jpg 696w, https:\/\/loudavymkrokem.cz\/wp-content\/uploads\/2026\/08\/lk-32-1392x934.jpg 1392w, https:\/\/loudavymkrokem.cz\/wp-content\/uploads\/2026\/08\/lk-32-1920x1288.jpg 1920w\" sizes=\"(max-width: 2528px) 100vw, 2528px\" \/><button\n\t\t\tclass=\"lightbox-trigger\"\n\t\t\ttype=\"button\"\n\t\t\taria-haspopup=\"dialog\"\n\t\t\tdata-wp-bind--aria-label=\"state.thisImage.triggerButtonAriaLabel\"\n\t\t\tdata-wp-init=\"callbacks.initTriggerButton\"\n\t\t\tdata-wp-on--click=\"actions.showLightbox\"\n\t\t\tdata-wp-style--right=\"state.thisImage.buttonRight\"\n\t\t\tdata-wp-style--top=\"state.thisImage.buttonTop\"\n\t\t>\n\t\t\t<svg xmlns=\"http:\/\/www.w3.org\/2000\/svg\" width=\"12\" height=\"12\" fill=\"none\" viewBox=\"0 0 12 12\">\n\t\t\t\t<path fill=\"#fff\" d=\"M2 0a2 2 0 0 0-2 2v2h1.5V2a.5.5 0 0 1 .5-.5h2V0H2Zm2 10.5H2a.5.5 0 0 1-.5-.5V8H0v2a2 2 0 0 0 2 2h2v-1.5ZM8 12v-1.5h2a.5.5 0 0 0 .5-.5V8H12v2a2 2 0 0 1-2 2H8Zm2-12a2 2 0 0 1 2 2v2h-1.5V2a.5.5 0 0 0-.5-.5H8V0h2Z\" \/>\n\t\t\t<\/svg>\n\t\t<\/button><figcaption class=\"wp-element-caption\">F\u00e9nyk\u00e9p alapj\u00e1n: Jakub Ha\u0142un \/ Wikimedia Commons, CC BY 4.0 \u00b7 sz\u00ednben m\u00f3dos\u00edtva<\/figcaption><\/figure>\n\n\n\n<h3 class=\"wp-block-heading\"><span class=\"ez-toc-section\" id=\"26_Ceske_Budejovice\"><\/span>26. \u010cesk\u00e9 Bud\u011bjovice<span class=\"ez-toc-section-end\"><\/span><\/h3>\n\n\n\n<p class=\"wp-block-paragraph\">A d\u00e9l-csehorsz\u00e1gi metropoliszba <strong>51,1 kilom\u00e9ter, aut\u00f3val 49 perc alatt oda\u00e9rsz<\/strong>. Bud\u011bjovice pezsg\u0151 v\u00e1ros, amelyet az ikonikus II. P\u0159emysl Ottok\u00e1r t\u00e9r ural, amely a k\u00f6zt\u00e1rsas\u00e1g legeslegnagyobb n\u00e9gyzet alak\u00fa terei k\u00f6z\u00e9 tartozik, \u00e9s amelyet gy\u00f6ny\u00f6r\u0171 \u00e1rk\u00e1dsor szeg\u00e9lyez. Bud\u011bjovic\u00e9n az a remek, hogy itt \u00f6sszekombin\u00e1lhat\u00f3 a t\u00f6rt\u00e9nelem a v\u00e1s\u00e1rl\u00e1ssal \u00e9s a kiv\u00e1l\u00f3 \u00e9tkez\u00e9ssel. \u00c1llj meg a t\u00e9ren a h\u00edres k\u00e1v\u00e9ra, \u00e9s sz\u00edvd magadba az igazi d\u00e9l-csehorsz\u00e1gi v\u00e1rosi hangulatot.<\/p>\n\n\n\n<p class=\"wp-block-paragraph\">A l\u00e9pteid <strong>a h\u00edres Fekete torony tetej\u00e9re kell hogy vigyenek, ahonnan fantasztikus a kil\u00e1t\u00e1s az eg\u00e9sz v\u00e1rosra<\/strong> \u00e9s a t\u00e1voli \u0161umavai cs\u00facsokra is. A v\u00e1ros a Budvar s\u00f6rf\u0151zd\u00e9r\u0151l \u00e9s a remek ker\u00e9kp\u00e1rutakr\u00f3l is ismert, amelyek a Vltava \u00e9s a Mal\u0161e partjai ment\u00e9n kanyarognak, egyenesen a k\u00f6zpontban. A Fekete torony nyitvatart\u00e1s\u00e1t \u00e9s a rendezv\u00e9nytippeket a <a href=\"https:\/\/budejce.cz\" rel=\"nofollow noopener\" target=\"_blank\">budejce.cz<\/a> turisztikai port\u00e1lon tal\u00e1lod.<\/p>\n\n\n\n<p class=\"wp-block-paragraph\">Ha a v\u00e1rost r\u00e9szletesebben szeretn\u00e9d felfedezni, \u00e9s tippeket keresel j\u00f3 \u00e9telekhez vagy rejtett k\u00e1v\u00e9z\u00f3khoz, <strong>mindenk\u00e9pp nyisd meg a r\u00e9szletes \u00fatmutat\u00f3nkat<\/strong> a <a href=\"https:\/\/loudavymkrokem.cz\/hu\/ceske-budejovice-csehorszag\/\">\u010cesk\u00e9 Bud\u011bjovic\u00e9hez<\/a>, ahol mindent megtal\u00e1lsz, amire sz\u00fcks\u00e9ged van.<\/p>\n\n\n\n<figure data-wp-context=\"{&quot;imageId&quot;:&quot;6a953a9d8ef45&quot;}\" data-wp-interactive=\"core\/image\" data-wp-key=\"6a953a9d8ef45\" class=\"wp-block-image size-full wp-lightbox-container\"><img decoding=\"async\" width=\"2528\" height=\"1696\" data-wp-class--hide=\"state.isContentHidden\" data-wp-class--show=\"state.isContentVisible\" data-wp-init=\"callbacks.setButtonStyles\" data-wp-on--click=\"actions.showLightbox\" data-wp-on--load=\"callbacks.setButtonStyles\" data-wp-on--pointerdown=\"actions.preloadImage\" data-wp-on--pointerenter=\"actions.preloadImageWithDelay\" data-wp-on--pointerleave=\"actions.cancelPreload\" data-wp-on-window--resize=\"callbacks.setButtonStyles\" src=\"https:\/\/loudavymkrokem.cz\/wp-content\/uploads\/2026\/08\/lk-33.jpg\" alt=\"A ch\u00fdnovi barlang\" class=\"wp-image-404114\" title=\"\" srcset=\"https:\/\/loudavymkrokem.cz\/wp-content\/uploads\/2026\/08\/lk-33.jpg 2528w, https:\/\/loudavymkrokem.cz\/wp-content\/uploads\/2026\/08\/lk-33-300x201.jpg 300w, https:\/\/loudavymkrokem.cz\/wp-content\/uploads\/2026\/08\/lk-33-700x470.jpg 700w, https:\/\/loudavymkrokem.cz\/wp-content\/uploads\/2026\/08\/lk-33-768x515.jpg 768w, https:\/\/loudavymkrokem.cz\/wp-content\/uploads\/2026\/08\/lk-33-1536x1030.jpg 1536w, https:\/\/loudavymkrokem.cz\/wp-content\/uploads\/2026\/08\/lk-33-2048x1374.jpg 2048w, https:\/\/loudavymkrokem.cz\/wp-content\/uploads\/2026\/08\/lk-33-696x467.jpg 696w, https:\/\/loudavymkrokem.cz\/wp-content\/uploads\/2026\/08\/lk-33-1392x934.jpg 1392w, https:\/\/loudavymkrokem.cz\/wp-content\/uploads\/2026\/08\/lk-33-1920x1288.jpg 1920w\" sizes=\"(max-width: 2528px) 100vw, 2528px\" \/><button\n\t\t\tclass=\"lightbox-trigger\"\n\t\t\ttype=\"button\"\n\t\t\taria-haspopup=\"dialog\"\n\t\t\tdata-wp-bind--aria-label=\"state.thisImage.triggerButtonAriaLabel\"\n\t\t\tdata-wp-init=\"callbacks.initTriggerButton\"\n\t\t\tdata-wp-on--click=\"actions.showLightbox\"\n\t\t\tdata-wp-style--right=\"state.thisImage.buttonRight\"\n\t\t\tdata-wp-style--top=\"state.thisImage.buttonTop\"\n\t\t>\n\t\t\t<svg xmlns=\"http:\/\/www.w3.org\/2000\/svg\" width=\"12\" height=\"12\" fill=\"none\" viewBox=\"0 0 12 12\">\n\t\t\t\t<path fill=\"#fff\" d=\"M2 0a2 2 0 0 0-2 2v2h1.5V2a.5.5 0 0 1 .5-.5h2V0H2Zm2 10.5H2a.5.5 0 0 1-.5-.5V8H0v2a2 2 0 0 0 2 2h2v-1.5ZM8 12v-1.5h2a.5.5 0 0 0 .5-.5V8H12v2a2 2 0 0 1-2 2H8Zm2-12a2 2 0 0 1 2 2v2h-1.5V2a.5.5 0 0 0-.5-.5H8V0h2Z\" \/>\n\t\t\t<\/svg>\n\t\t<\/button><figcaption class=\"wp-element-caption\">F\u00e9nyk\u00e9p alapj\u00e1n: Chmee2 \/ Wikimedia Commons, CC BY-SA 3.0 \u00b7 sz\u00ednben m\u00f3dos\u00edtva<\/figcaption><\/figure>\n\n\n\n<h3 class=\"wp-block-heading\"><span class=\"ez-toc-section\" id=\"27_A_chynovi_barlang\"><\/span>27. A ch\u00fdnovi barlang<span class=\"ez-toc-section-end\"><\/span><\/h3>\n\n\n\n<p class=\"wp-block-paragraph\">Ehhez a f\u00f6ld alatti unikumhoz <strong>62 kilom\u00e9tert teszel meg, az \u00fat pedig k\u00f6r\u00fclbel\u00fcl 63 perc<\/strong>. A ch\u00fdnovi barlang t\u00f6rt\u00e9nelmileg Csehorsz\u00e1g legels\u0151 l\u00e1togathat\u00f3v\u00e1 tett barlangja, amelyet m\u00e1r 1863-ban megnyitottak, \u00e9s a Morva-karszttal ellent\u00e9tben itt nem l\u00e1tsz klasszikus cseppk\u00f6veket.<\/p>\n\n\n\n<p class=\"wp-block-paragraph\">Ez a barlang <strong>meredek folyos\u00f3ival \u00e9s hihetetlen\u00fcl sz\u00ednes m\u00e1rv\u00e1nyfalaival leny\u0171g\u00f6z\u0151<\/strong>, amelyek minden \u00e1rnyalatban j\u00e1tszanak a feh\u00e9rt\u0151l a s\u00e1rg\u00e1n \u00e1t eg\u00e9szen a tel\u00edtett barn\u00e1ig. A t\u00fara fizikailag kicsit megterhel\u0151bb a sok l\u00e9pcs\u0151 miatt, de az \u00e9lm\u00e9ny mindenk\u00e9pp meg\u00e9ri.<\/p>\n\n\n\n<p class=\"wp-block-paragraph\">Mivel v\u00e9dett term\u00e9szeti k\u00e9pz\u0151dm\u00e9nyr\u0151l van sz\u00f3, <strong>az aktu\u00e1lis \u00e1rlist\u00e1t \u00e9s nyitvatart\u00e1st mindig ellen\u0151rizd a weboldalon: <a href=\"https:\/\/chynovska.caves.cz\" rel=\"nofollow noopener\" target=\"_blank\">chynovska.caves.cz<\/a><\/strong>, mert a t\u00e9li h\u00f3napokban a barlang hagyom\u00e1nyosan z\u00e1rva van a v\u00e9dett denev\u00e9rek telel\u00e9se miatt.<\/p>\n\n\n\n<figure data-wp-context=\"{&quot;imageId&quot;:&quot;6a953a9d8f41f&quot;}\" data-wp-interactive=\"core\/image\" data-wp-key=\"6a953a9d8f41f\" class=\"wp-block-image size-full wp-lightbox-container\"><img decoding=\"async\" width=\"2528\" height=\"1696\" data-wp-class--hide=\"state.isContentHidden\" data-wp-class--show=\"state.isContentVisible\" data-wp-init=\"callbacks.setButtonStyles\" data-wp-on--click=\"actions.showLightbox\" data-wp-on--load=\"callbacks.setButtonStyles\" data-wp-on--pointerdown=\"actions.preloadImage\" data-wp-on--pointerenter=\"actions.preloadImageWithDelay\" data-wp-on--pointerleave=\"actions.cancelPreload\" data-wp-on-window--resize=\"callbacks.setButtonStyles\" src=\"https:\/\/loudavymkrokem.cz\/wp-content\/uploads\/2026\/08\/lk-34.jpg\" alt=\"\u010cesk\u00fd Krumlov t\u00f6rt\u00e9nelmi belv\u00e1rosa\" class=\"wp-image-404117\" title=\"\" srcset=\"https:\/\/loudavymkrokem.cz\/wp-content\/uploads\/2026\/08\/lk-34.jpg 2528w, https:\/\/loudavymkrokem.cz\/wp-content\/uploads\/2026\/08\/lk-34-300x201.jpg 300w, https:\/\/loudavymkrokem.cz\/wp-content\/uploads\/2026\/08\/lk-34-700x470.jpg 700w, https:\/\/loudavymkrokem.cz\/wp-content\/uploads\/2026\/08\/lk-34-768x515.jpg 768w, https:\/\/loudavymkrokem.cz\/wp-content\/uploads\/2026\/08\/lk-34-1536x1030.jpg 1536w, https:\/\/loudavymkrokem.cz\/wp-content\/uploads\/2026\/08\/lk-34-2048x1374.jpg 2048w, https:\/\/loudavymkrokem.cz\/wp-content\/uploads\/2026\/08\/lk-34-696x467.jpg 696w, https:\/\/loudavymkrokem.cz\/wp-content\/uploads\/2026\/08\/lk-34-1392x934.jpg 1392w, https:\/\/loudavymkrokem.cz\/wp-content\/uploads\/2026\/08\/lk-34-1920x1288.jpg 1920w\" sizes=\"(max-width: 2528px) 100vw, 2528px\" \/><button\n\t\t\tclass=\"lightbox-trigger\"\n\t\t\ttype=\"button\"\n\t\t\taria-haspopup=\"dialog\"\n\t\t\tdata-wp-bind--aria-label=\"state.thisImage.triggerButtonAriaLabel\"\n\t\t\tdata-wp-init=\"callbacks.initTriggerButton\"\n\t\t\tdata-wp-on--click=\"actions.showLightbox\"\n\t\t\tdata-wp-style--right=\"state.thisImage.buttonRight\"\n\t\t\tdata-wp-style--top=\"state.thisImage.buttonTop\"\n\t\t>\n\t\t\t<svg xmlns=\"http:\/\/www.w3.org\/2000\/svg\" width=\"12\" height=\"12\" fill=\"none\" viewBox=\"0 0 12 12\">\n\t\t\t\t<path fill=\"#fff\" d=\"M2 0a2 2 0 0 0-2 2v2h1.5V2a.5.5 0 0 1 .5-.5h2V0H2Zm2 10.5H2a.5.5 0 0 1-.5-.5V8H0v2a2 2 0 0 0 2 2h2v-1.5ZM8 12v-1.5h2a.5.5 0 0 0 .5-.5V8H12v2a2 2 0 0 1-2 2H8Zm2-12a2 2 0 0 1 2 2v2h-1.5V2a.5.5 0 0 0-.5-.5H8V0h2Z\" \/>\n\t\t\t<\/svg>\n\t\t<\/button><figcaption class=\"wp-element-caption\">F\u00e9nyk\u00e9p alapj\u00e1n: Jakub Ha\u0142un \/ Wikimedia Commons, CC BY 4.0 \u00b7 sz\u00ednben m\u00f3dos\u00edtva<\/figcaption><\/figure>\n\n\n\n<h3 class=\"wp-block-heading\"><span class=\"ez-toc-section\" id=\"28_Cesky_Krumlov\"><\/span>28. \u010cesk\u00fd Krumlov<span class=\"ez-toc-section-end\"><\/span><\/h3>\n\n\n\n<p class=\"wp-block-paragraph\">A legszebb v\u00e1rosunkba <strong>69,9 kilom\u00e9tert teszel meg, \u00e9s P\u00edsekb\u0151l 68 perc alatt \u00e9rkezel ide<\/strong>. Az UNESCO-list\u00e1n szerepl\u0151 \u010cesk\u00fd Krumlovot nem kell hosszasan bemutatni, a Vltava kanyarulata f\u00f6l\u00f6tt magasod\u00f3 renesz\u00e1nsz kast\u00e9ly\u00e1t tal\u00e1n mindenki ismeri, \u00e9s a l\u00e1togat\u00e1sa egyszer\u0171en k\u00f6telez\u0151.<\/p>\n\n\n\n<p class=\"wp-block-paragraph\">A v\u00e1ros <strong>tele van girbegurba utc\u00e1csk\u00e1kkal, t\u00f6rt\u00e9nelmi h\u00e1zakkal \u00e9s romantikus kil\u00e1t\u00e1sokkal minden sarokr\u00f3l<\/strong>, \u00edgy sim\u00e1n elb\u00f3kl\u00e1szhatsz itt egy eg\u00e9sz napig. A ny\u00e1ri sz\u00fcnet idej\u00e9n k\u00edv\u00fcl itt kicsivel kevesebb ember van, ami hatalmasat lend\u00edt a k\u00f6z\u00e9pkori v\u00e1ros hangulat\u00e1n. B\u00e1r Krumlov n\u00e9ha tele van turist\u00e1kkal, egyszer\u0171en van benne valami. Mi mindig ink\u00e1bb kor\u00e1n kel\u00fcnk, \u00e9s r\u00f6gt\u00f6n reggel j\u00e1rjuk be a k\u00f6zpontot, am\u00edg a legt\u00f6bb ember m\u00e9g alszik a hotelj\u00e9ben. A kast\u00e9ly t\u00fara\u00fatvonalait \u00e9s a bel\u00e9p\u0151t a <a href=\"https:\/\/zamek-ceskykrumlov.cz\" rel=\"nofollow noopener\" target=\"_blank\">zamek-ceskykrumlov.cz<\/a> oldalon tal\u00e1lod.<\/p>\n\n\n\n<p class=\"wp-block-paragraph\">A kir\u00e1ndul\u00e1s teljes megtervez\u00e9s\u00e9hez, bele\u00e9rtve a parkol\u00e1st \u00e9s a legjobb kil\u00e1t\u00f3pontokat, <strong>n\u00e9zd meg a k\u00fcl\u00f6n cikk\u00fcnket arr\u00f3l, mit rejt<\/strong> <a href=\"https:\/\/loudavymkrokem.cz\/hu\/cesky-krumlov-latnivalok\/\">\u010cesk\u00fd Krumlov<\/a>, ahol mindent r\u00e9szletesen le\u00edrtunk.<\/p>\n\n\n\n<figure data-wp-context=\"{&quot;imageId&quot;:&quot;6a953a9d8f9ae&quot;}\" data-wp-interactive=\"core\/image\" data-wp-key=\"6a953a9d8f9ae\" class=\"wp-block-image size-full wp-lightbox-container\"><img decoding=\"async\" width=\"2528\" height=\"1696\" data-wp-class--hide=\"state.isContentHidden\" data-wp-class--show=\"state.isContentVisible\" data-wp-init=\"callbacks.setButtonStyles\" data-wp-on--click=\"actions.showLightbox\" data-wp-on--load=\"callbacks.setButtonStyles\" data-wp-on--pointerdown=\"actions.preloadImage\" data-wp-on--pointerenter=\"actions.preloadImageWithDelay\" data-wp-on--pointerleave=\"actions.cancelPreload\" data-wp-on-window--resize=\"callbacks.setButtonStyles\" src=\"https:\/\/loudavymkrokem.cz\/wp-content\/uploads\/2026\/08\/lk-35.jpg\" alt=\"A Sv\u011bt halast\u00f3 T\u0159ebo\u0148 mellett\" class=\"wp-image-404118\" title=\"\" srcset=\"https:\/\/loudavymkrokem.cz\/wp-content\/uploads\/2026\/08\/lk-35.jpg 2528w, https:\/\/loudavymkrokem.cz\/wp-content\/uploads\/2026\/08\/lk-35-300x201.jpg 300w, https:\/\/loudavymkrokem.cz\/wp-content\/uploads\/2026\/08\/lk-35-700x470.jpg 700w, https:\/\/loudavymkrokem.cz\/wp-content\/uploads\/2026\/08\/lk-35-768x515.jpg 768w, https:\/\/loudavymkrokem.cz\/wp-content\/uploads\/2026\/08\/lk-35-1536x1030.jpg 1536w, https:\/\/loudavymkrokem.cz\/wp-content\/uploads\/2026\/08\/lk-35-2048x1374.jpg 2048w, https:\/\/loudavymkrokem.cz\/wp-content\/uploads\/2026\/08\/lk-35-696x467.jpg 696w, https:\/\/loudavymkrokem.cz\/wp-content\/uploads\/2026\/08\/lk-35-1392x934.jpg 1392w, https:\/\/loudavymkrokem.cz\/wp-content\/uploads\/2026\/08\/lk-35-1920x1288.jpg 1920w\" sizes=\"(max-width: 2528px) 100vw, 2528px\" \/><button\n\t\t\tclass=\"lightbox-trigger\"\n\t\t\ttype=\"button\"\n\t\t\taria-haspopup=\"dialog\"\n\t\t\tdata-wp-bind--aria-label=\"state.thisImage.triggerButtonAriaLabel\"\n\t\t\tdata-wp-init=\"callbacks.initTriggerButton\"\n\t\t\tdata-wp-on--click=\"actions.showLightbox\"\n\t\t\tdata-wp-style--right=\"state.thisImage.buttonRight\"\n\t\t\tdata-wp-style--top=\"state.thisImage.buttonTop\"\n\t\t>\n\t\t\t<svg xmlns=\"http:\/\/www.w3.org\/2000\/svg\" width=\"12\" height=\"12\" fill=\"none\" viewBox=\"0 0 12 12\">\n\t\t\t\t<path fill=\"#fff\" d=\"M2 0a2 2 0 0 0-2 2v2h1.5V2a.5.5 0 0 1 .5-.5h2V0H2Zm2 10.5H2a.5.5 0 0 1-.5-.5V8H0v2a2 2 0 0 0 2 2h2v-1.5ZM8 12v-1.5h2a.5.5 0 0 0 .5-.5V8H12v2a2 2 0 0 1-2 2H8Zm2-12a2 2 0 0 1 2 2v2h-1.5V2a.5.5 0 0 0-.5-.5H8V0h2Z\" \/>\n\t\t\t<\/svg>\n\t\t<\/button><\/figure>\n\n\n\n<h3 class=\"wp-block-heading\"><span class=\"ez-toc-section\" id=\"29_Trebon_es_a_halastavi_taj\"><\/span>29. T\u0159ebo\u0148 \u00e9s a halastavi t\u00e1j<span class=\"ez-toc-section-end\"><\/span><\/h3>\n\n\n\n<p class=\"wp-block-paragraph\">A halastavak sz\u00edv\u00e9be <strong>73,7 kilom\u00e9ter, ami k\u00f6r\u00fclbel\u00fcl 68 perc utat jelent<\/strong>. T\u0159ebo\u0148 hihetetlen\u00fcl fest\u0151i f\u00fcrd\u0151v\u00e1ros renesz\u00e1nsz kast\u00e9llyal \u00e9s t\u00f6rt\u00e9nelmi belv\u00e1rossal, amelyet minden oldalr\u00f3l a h\u00edres halastavak g\u00e1tjai vesznek k\u00f6r\u00fcl, \u00e9l\u00fck\u00f6n az \u00f3ri\u00e1si Sv\u011bt halast\u00f3val.<\/p>\n\n\n\n<p class=\"wp-block-paragraph\">Az itteni <strong>s\u00edk t\u00e1j abszol\u00fat paradicsom a k\u00e9nyelmes ker\u00e9kp\u00e1rosok \u00e9s a f\u00fcrd\u0151vend\u00e9gek sz\u00e1m\u00e1ra<\/strong>, a k\u00f6telez\u0151 meg\u00e1ll\u00f3k k\u00f6z\u00e9 pedig a monument\u00e1lis Schwarzenberg-kripta is tartozik, amely egy angol parkban rejt\u0151zik. A kir\u00e1ndul\u00e1st tervezd eg\u00e9sz napra, mert a temp\u00f3 itt fert\u0151z\u0151en lass\u00fa \u00e9s nyugodt. A kast\u00e9ly t\u00fara\u00fatvonalait \u00e9s a bel\u00e9p\u0151t a <a href=\"https:\/\/zamek-trebon.cz\" rel=\"nofollow noopener\" target=\"_blank\">zamek-trebon.cz<\/a> oldalon tal\u00e1lod.<\/p>\n\n\n\n<p class=\"wp-block-paragraph\">A t\u00e9ren l\u00e9v\u0151 k\u00e1v\u00e9z\u00f3k pontosan olyan helyek, ahol rendelsz egy te\u00e1t, \u00e9s ott \u00fclsz egy \u00f3r\u00e1n \u00e1t. \u00c9s tudod mit? Ez teljesen rendben van, mert T\u0159ebo\u0148 egyszer\u0171en erre a temp\u00f3ra hangol.<\/p>\n\n\n\n<figure data-wp-context=\"{&quot;imageId&quot;:&quot;6a953a9d9018f&quot;}\" data-wp-interactive=\"core\/image\" data-wp-key=\"6a953a9d9018f\" class=\"wp-block-image size-full wp-lightbox-container\"><img decoding=\"async\" width=\"2528\" height=\"1696\" data-wp-class--hide=\"state.isContentHidden\" data-wp-class--show=\"state.isContentVisible\" data-wp-init=\"callbacks.setButtonStyles\" data-wp-on--click=\"actions.showLightbox\" data-wp-on--load=\"callbacks.setButtonStyles\" data-wp-on--pointerdown=\"actions.preloadImage\" data-wp-on--pointerenter=\"actions.preloadImageWithDelay\" data-wp-on--pointerleave=\"actions.cancelPreload\" data-wp-on-window--resize=\"callbacks.setButtonStyles\" src=\"https:\/\/loudavymkrokem.cz\/wp-content\/uploads\/2026\/08\/lk-36.jpg\" alt=\"Ka\u0161perk v\u00e1ra a \u0160umav\u00e1n\" class=\"wp-image-404119\" title=\"\" srcset=\"https:\/\/loudavymkrokem.cz\/wp-content\/uploads\/2026\/08\/lk-36.jpg 2528w, https:\/\/loudavymkrokem.cz\/wp-content\/uploads\/2026\/08\/lk-36-300x201.jpg 300w, https:\/\/loudavymkrokem.cz\/wp-content\/uploads\/2026\/08\/lk-36-700x470.jpg 700w, https:\/\/loudavymkrokem.cz\/wp-content\/uploads\/2026\/08\/lk-36-768x515.jpg 768w, https:\/\/loudavymkrokem.cz\/wp-content\/uploads\/2026\/08\/lk-36-1536x1030.jpg 1536w, https:\/\/loudavymkrokem.cz\/wp-content\/uploads\/2026\/08\/lk-36-2048x1374.jpg 2048w, https:\/\/loudavymkrokem.cz\/wp-content\/uploads\/2026\/08\/lk-36-696x467.jpg 696w, https:\/\/loudavymkrokem.cz\/wp-content\/uploads\/2026\/08\/lk-36-1392x934.jpg 1392w, https:\/\/loudavymkrokem.cz\/wp-content\/uploads\/2026\/08\/lk-36-1920x1288.jpg 1920w\" sizes=\"(max-width: 2528px) 100vw, 2528px\" \/><button\n\t\t\tclass=\"lightbox-trigger\"\n\t\t\ttype=\"button\"\n\t\t\taria-haspopup=\"dialog\"\n\t\t\tdata-wp-bind--aria-label=\"state.thisImage.triggerButtonAriaLabel\"\n\t\t\tdata-wp-init=\"callbacks.initTriggerButton\"\n\t\t\tdata-wp-on--click=\"actions.showLightbox\"\n\t\t\tdata-wp-style--right=\"state.thisImage.buttonRight\"\n\t\t\tdata-wp-style--top=\"state.thisImage.buttonTop\"\n\t\t>\n\t\t\t<svg xmlns=\"http:\/\/www.w3.org\/2000\/svg\" width=\"12\" height=\"12\" fill=\"none\" viewBox=\"0 0 12 12\">\n\t\t\t\t<path fill=\"#fff\" d=\"M2 0a2 2 0 0 0-2 2v2h1.5V2a.5.5 0 0 1 .5-.5h2V0H2Zm2 10.5H2a.5.5 0 0 1-.5-.5V8H0v2a2 2 0 0 0 2 2h2v-1.5ZM8 12v-1.5h2a.5.5 0 0 0 .5-.5V8H12v2a2 2 0 0 1-2 2H8Zm2-12a2 2 0 0 1 2 2v2h-1.5V2a.5.5 0 0 0-.5-.5H8V0h2Z\" \/>\n\t\t\t<\/svg>\n\t\t<\/button><figcaption class=\"wp-element-caption\">F\u00e9nyk\u00e9p alapj\u00e1n: Huhulenik \/ Wikimedia Commons, CC BY 3.0 \u00b7 sz\u00ednben m\u00f3dos\u00edtva<\/figcaption><\/figure>\n\n\n\n<h3 class=\"wp-block-heading\"><span class=\"ez-toc-section\" id=\"30_Sumava\"><\/span>30. \u0160umava<span class=\"ez-toc-section-end\"><\/span><\/h3>\n\n\n\n<p class=\"wp-block-paragraph\">A \u0160umava legk\u00f6zelebbi sz\u00e9l\u00e9ig <strong>k\u00f6r\u00fclbel\u00fcl 40\u201360 kilom\u00e9tert teszel meg, p\u00e9ld\u00e1ul Prachatic\u00e9be 44 perc alatt \u00e9rsz oda<\/strong>. A <a href=\"https:\/\/npsumava.cz\" rel=\"nofollow noopener\" target=\"_blank\">\u0160umava Nemzeti Park<\/a> v\u00e9gtelen lehet\u0151s\u00e9geket k\u00edn\u00e1l a turizmushoz, ak\u00e1r a titokzatos Ka\u0161perk v\u00e1r\u00e1hoz, a vad Boub\u00edn \u0151serd\u0151be, ak\u00e1r eg\u00e9szen a Lipno-v\u00edzt\u00e1roz\u00f3hoz indulsz.<\/p>\n\n\n\n<p class=\"wp-block-paragraph\">Ka\u0161perk v\u00e1ra <strong>Csehorsz\u00e1g legmagasabban fekv\u0151 kir\u00e1lyi v\u00e1rai k\u00f6z\u00e9 tartozik, \u00e9s a t\u00f6bb mint kilencezer ember \u00e9rt\u00e9kel\u00e9se mindent elmond<\/strong>. Ha pedig m\u00e9g egy darabbal tov\u00e1bb m\u00e9sz a Lipn\u00f3ra, r\u00f6gt\u00f6n csin\u00e1lj bel\u0151le egy h\u00e9tv\u00e9g\u00e9t, attrakci\u00f3b\u00f3l ott sim\u00e1n van k\u00e9t napra val\u00f3.<\/p>\n\n\n\n<p class=\"wp-block-paragraph\">Azoknak a csal\u00e1doknak, akik a legkisebbekkel is a hegyekbe k\u00e9sz\u00fclnek, <strong>\u00f6ssze\u00e1ll\u00edtottunk egy nagyon gyakorlatias cikket<\/strong>: <a href=\"https:\/\/loudavymkrokem.cz\/hu\/sumava-csehorszag-babakocsi\/\">\u0160umava babakocsival<\/a>, ahol pontos \u00fatvonalakat tal\u00e1lsz, amelyeket nagyobb gond n\u00e9lk\u00fcl v\u00e9gigtolsz a kis kerekeken is.<\/p>\n\n\n\n<figure data-wp-context=\"{&quot;imageId&quot;:&quot;6a953a9d906dd&quot;}\" data-wp-interactive=\"core\/image\" data-wp-key=\"6a953a9d906dd\" class=\"wp-block-image size-full wp-lightbox-container\"><img decoding=\"async\" width=\"2528\" height=\"1696\" data-wp-class--hide=\"state.isContentHidden\" data-wp-class--show=\"state.isContentVisible\" data-wp-init=\"callbacks.setButtonStyles\" data-wp-on--click=\"actions.showLightbox\" data-wp-on--load=\"callbacks.setButtonStyles\" data-wp-on--pointerdown=\"actions.preloadImage\" data-wp-on--pointerenter=\"actions.preloadImageWithDelay\" data-wp-on--pointerleave=\"actions.cancelPreload\" data-wp-on-window--resize=\"callbacks.setButtonStyles\" src=\"https:\/\/loudavymkrokem.cz\/wp-content\/uploads\/2026\/08\/lk-37.jpg\" alt=\"A P\u00edseki hegyek t\u00e9len\" class=\"wp-image-404121\" title=\"\" srcset=\"https:\/\/loudavymkrokem.cz\/wp-content\/uploads\/2026\/08\/lk-37.jpg 2528w, https:\/\/loudavymkrokem.cz\/wp-content\/uploads\/2026\/08\/lk-37-300x201.jpg 300w, https:\/\/loudavymkrokem.cz\/wp-content\/uploads\/2026\/08\/lk-37-700x470.jpg 700w, https:\/\/loudavymkrokem.cz\/wp-content\/uploads\/2026\/08\/lk-37-768x515.jpg 768w, https:\/\/loudavymkrokem.cz\/wp-content\/uploads\/2026\/08\/lk-37-1536x1030.jpg 1536w, https:\/\/loudavymkrokem.cz\/wp-content\/uploads\/2026\/08\/lk-37-2048x1374.jpg 2048w, https:\/\/loudavymkrokem.cz\/wp-content\/uploads\/2026\/08\/lk-37-696x467.jpg 696w, https:\/\/loudavymkrokem.cz\/wp-content\/uploads\/2026\/08\/lk-37-1392x934.jpg 1392w, https:\/\/loudavymkrokem.cz\/wp-content\/uploads\/2026\/08\/lk-37-1920x1288.jpg 1920w\" sizes=\"(max-width: 2528px) 100vw, 2528px\" \/><button\n\t\t\tclass=\"lightbox-trigger\"\n\t\t\ttype=\"button\"\n\t\t\taria-haspopup=\"dialog\"\n\t\t\tdata-wp-bind--aria-label=\"state.thisImage.triggerButtonAriaLabel\"\n\t\t\tdata-wp-init=\"callbacks.initTriggerButton\"\n\t\t\tdata-wp-on--click=\"actions.showLightbox\"\n\t\t\tdata-wp-style--right=\"state.thisImage.buttonRight\"\n\t\t\tdata-wp-style--top=\"state.thisImage.buttonTop\"\n\t\t>\n\t\t\t<svg xmlns=\"http:\/\/www.w3.org\/2000\/svg\" width=\"12\" height=\"12\" fill=\"none\" viewBox=\"0 0 12 12\">\n\t\t\t\t<path fill=\"#fff\" d=\"M2 0a2 2 0 0 0-2 2v2h1.5V2a.5.5 0 0 1 .5-.5h2V0H2Zm2 10.5H2a.5.5 0 0 1-.5-.5V8H0v2a2 2 0 0 0 2 2h2v-1.5ZM8 12v-1.5h2a.5.5 0 0 0 .5-.5V8H12v2a2 2 0 0 1-2 2H8Zm2-12a2 2 0 0 1 2 2v2h-1.5V2a.5.5 0 0 0-.5-.5H8V0h2Z\" \/>\n\t\t\t<\/svg>\n\t\t<\/button><figcaption class=\"wp-element-caption\">F\u00e9nyk\u00e9p alapj\u00e1n: \u0160J\u016f (cs:\u0160J\u016f) \/ Wikimedia Commons, CC BY-SA 3.0 \u00b7 sz\u00ednben m\u00f3dos\u00edtva<\/figcaption><\/figure>\n\n\n\n<h2 class=\"wp-block-heading\"><span class=\"ez-toc-section\" id=\"Mi_van_nyitva_Pisek_kornyeken_szezonon_kivul_is\"><\/span>Mi van nyitva P\u00edsek k\u00f6rny\u00e9k\u00e9n szezonon k\u00edv\u00fcl is<span class=\"ez-toc-section-end\"><\/span><\/h2>\n\n\n\n<p class=\"wp-block-paragraph\">M\u00edg a legt\u00f6bb \u00e1llami kezel\u00e9s\u0171 v\u00e1r \u00e9s kast\u00e9ly novembert\u0151l m\u00e1rciusig m\u00e9ly t\u00e9li \u00e1lmot alszik, P\u00edsek k\u00f6rny\u00e9k\u00e9n rengeteg olyan helyet tal\u00e1lsz, ahov\u00e1 nyugodtan elindulhatsz a hidegebb h\u00f3napokban is.<\/p>\n\n\n\n<ul class=\"wp-block-list\">\n<li><strong>P\u00edseki hegyek \u00e9s kil\u00e1t\u00f3k:<\/strong> A term\u00e9szet sosem z\u00e1r be. A szil\u00e1rd burkolat\u00fa utakon tett s\u00e9t\u00e1k \u00e9s a szabadon l\u00e1togathat\u00f3 Jarn\u00edk kil\u00e1t\u00f3 megm\u00e1sz\u00e1sa fagyban is remekek.<\/li>\n\n\n\n<li><strong>Protiv\u00edni Krokodil ZOO:<\/strong> A h\u00fcll\u0151kkel teli belt\u00e9ri, f\u0171t\u00f6tt pavilonok eg\u00e9sz \u00e9vben m\u0171k\u00f6dnek, \u00e9s ide\u00e1lis mened\u00e9ket ny\u00fajtanak a cs\u00fanya id\u0151 el\u0151l.<\/li>\n\n\n\n<li><strong>V\u00e1rosi m\u00fazeumok \u00e9s gal\u00e9ri\u00e1k:<\/strong> A P\u00edsekben, T\u00e1borban vagy Vod\u0148anyban l\u00e9v\u0151 ki\u00e1ll\u00edt\u00e1sok \u00e1ltal\u00e1ban a ny\u00e1ri turistaszezont\u00f3l f\u00fcggetlen\u00fcl nyitva vannak.<\/li>\n\n\n\n<li><strong>Nagy d\u00e9l-csehorsz\u00e1gi v\u00e1rosok:<\/strong> \u010cesk\u00e9 Bud\u011bjovice, \u010cesk\u00fd Krumlov vagy T\u00e1bor megl\u00e1togat\u00e1sa ny\u00e1ron k\u00edv\u00fcl tal\u00e1n m\u00e9g var\u00e1zslatosabb, mert elker\u00fcl\u00f6d a legnagyobb t\u00f6megeket a tereken.<\/li>\n\n\n\n<li><strong>Hlubok\u00e1 t\u00e9li t\u00far\u00e1i:<\/strong> Hlubok\u00e1 nad Vltavou kast\u00e9lya egyike a keveseknek, amely speci\u00e1lis temper\u00e1lt t\u00e9li \u00fatvonalat k\u00edn\u00e1l, \u00edgy a nemesi bels\u0151 terekr\u0151l janu\u00e1rban sem maradsz le.<\/li>\n<\/ul>\n\n\n\n<figure data-wp-context=\"{&quot;imageId&quot;:&quot;6a953a9d90b87&quot;}\" data-wp-interactive=\"core\/image\" data-wp-key=\"6a953a9d90b87\" class=\"wp-block-image size-full wp-lightbox-container\"><img decoding=\"async\" width=\"2200\" height=\"1467\" data-wp-class--hide=\"state.isContentHidden\" data-wp-class--show=\"state.isContentVisible\" data-wp-init=\"callbacks.setButtonStyles\" data-wp-on--click=\"actions.showLightbox\" data-wp-on--load=\"callbacks.setButtonStyles\" data-wp-on--pointerdown=\"actions.preloadImage\" data-wp-on--pointerenter=\"actions.preloadImageWithDelay\" data-wp-on--pointerleave=\"actions.cancelPreload\" data-wp-on-window--resize=\"callbacks.setButtonStyles\" src=\"https:\/\/loudavymkrokem.cz\/wp-content\/uploads\/2026\/08\/otava-breh-pod-kamennym-mostem.jpg\" alt=\"\u00dcld\u00f6g\u00e9l\u00e9s az Otava partj\u00e1n a p\u00edsheki K\u0151h\u00edd alatt\" class=\"wp-image-404458\" title=\"\" srcset=\"https:\/\/loudavymkrokem.cz\/wp-content\/uploads\/2026\/08\/otava-breh-pod-kamennym-mostem.jpg 2200w, https:\/\/loudavymkrokem.cz\/wp-content\/uploads\/2026\/08\/otava-breh-pod-kamennym-mostem-300x200.jpg 300w, https:\/\/loudavymkrokem.cz\/wp-content\/uploads\/2026\/08\/otava-breh-pod-kamennym-mostem-700x467.jpg 700w, https:\/\/loudavymkrokem.cz\/wp-content\/uploads\/2026\/08\/otava-breh-pod-kamennym-mostem-768x512.jpg 768w, https:\/\/loudavymkrokem.cz\/wp-content\/uploads\/2026\/08\/otava-breh-pod-kamennym-mostem-1536x1024.jpg 1536w, https:\/\/loudavymkrokem.cz\/wp-content\/uploads\/2026\/08\/otava-breh-pod-kamennym-mostem-2048x1366.jpg 2048w, https:\/\/loudavymkrokem.cz\/wp-content\/uploads\/2026\/08\/otava-breh-pod-kamennym-mostem-696x464.jpg 696w, https:\/\/loudavymkrokem.cz\/wp-content\/uploads\/2026\/08\/otava-breh-pod-kamennym-mostem-1392x928.jpg 1392w, https:\/\/loudavymkrokem.cz\/wp-content\/uploads\/2026\/08\/otava-breh-pod-kamennym-mostem-1920x1280.jpg 1920w\" sizes=\"(max-width: 2200px) 100vw, 2200px\" \/><button\n\t\t\tclass=\"lightbox-trigger\"\n\t\t\ttype=\"button\"\n\t\t\taria-haspopup=\"dialog\"\n\t\t\tdata-wp-bind--aria-label=\"state.thisImage.triggerButtonAriaLabel\"\n\t\t\tdata-wp-init=\"callbacks.initTriggerButton\"\n\t\t\tdata-wp-on--click=\"actions.showLightbox\"\n\t\t\tdata-wp-style--right=\"state.thisImage.buttonRight\"\n\t\t\tdata-wp-style--top=\"state.thisImage.buttonTop\"\n\t\t>\n\t\t\t<svg xmlns=\"http:\/\/www.w3.org\/2000\/svg\" width=\"12\" height=\"12\" fill=\"none\" viewBox=\"0 0 12 12\">\n\t\t\t\t<path fill=\"#fff\" d=\"M2 0a2 2 0 0 0-2 2v2h1.5V2a.5.5 0 0 1 .5-.5h2V0H2Zm2 10.5H2a.5.5 0 0 1-.5-.5V8H0v2a2 2 0 0 0 2 2h2v-1.5ZM8 12v-1.5h2a.5.5 0 0 0 .5-.5V8H12v2a2 2 0 0 1-2 2H8Zm2-12a2 2 0 0 1 2 2v2h-1.5V2a.5.5 0 0 0-.5-.5H8V0h2Z\" \/>\n\t\t\t<\/svg>\n\t\t<\/button><\/figure>\n\n\n\n<h2 class=\"wp-block-heading\"><span class=\"ez-toc-section\" id=\"Hova_indulj_Pisekbol_auto_nelkul\"><\/span>Hov\u00e1 indulj P\u00edsekb\u0151l aut\u00f3 n\u00e9lk\u00fcl<span class=\"ez-toc-section-end\"><\/span><\/h2>\n\n\n\n<p class=\"wp-block-paragraph\">B\u00e1r a kisebb falucsk\u00e1k felfedez\u00e9s\u00e9hez az aut\u00f3 vitathatatlan el\u0151ny, P\u00edsekb\u0151l egy csom\u00f3 remek kir\u00e1ndul\u00e1st lehet tenni an\u00e9lk\u00fcl is. Csak <strong>sz\u00e1m\u00edts arra, hogy a n\u00e9pszer\u0171 Zv\u00edkov \u00e9s Orl\u00edk v\u00e1r\u00e1hoz vonattal egyszer\u0171en nem jutsz el<\/strong>, mert oda nem vezet v\u00e1g\u00e1ny, \u00e9s a buszokra kell hagyatkoznod, amelyek h\u00e9tv\u00e9genk\u00e9nt nem j\u00e1rnak t\u00fal gyakran.<\/p>\n\n\n\n<p class=\"wp-block-paragraph\">A vas\u00fati \u00f6sszek\u00f6ttet\u00e9s P\u00edsekb\u0151l viszont <strong>teljesen fantasztikus a nagyobb v\u00e1rosokba tett kir\u00e1ndul\u00e1sokhoz, mint Strakonice, Vod\u0148any, T\u00e1bor vagy \u010cesk\u00e9 Bud\u011bjovice<\/strong>, ahov\u00e1 nagyon k\u00e9nyelmesen \u00e9s gyorsan eljutsz. A helyi p\u00e1lyaudvar fel\u00faj\u00edt\u00e1son esett \u00e1t, \u00e9s a j\u00e1ratok viszonylag megb\u00edzhat\u00f3an csatlakoznak, \u00edgy az eg\u00e9sz napos v\u00e1rosi turizmus a vas\u00fat haszn\u00e1lat\u00e1val nagyon logikus.<\/p>\n\n\n\n<p class=\"wp-block-paragraph\">A ker\u00e9kp\u00e1roz\u00e1s szerelmeseinek <strong>l\u00e9tezik egy gy\u00f6ny\u00f6r\u0171 \u00e9s k\u00f6nny\u0171 ker\u00e9kp\u00e1r\u00fat, amely egyenesen a v\u00e1rosb\u00f3l vezet az Otava foly\u00f3 ment\u00e9n<\/strong>, amelyen sok \u00e9rdekes c\u00e9lponthoz eljutsz teljesen motor n\u00e9lk\u00fcl. Ha meg akarod k\u00f6nny\u00edteni a kir\u00e1ndul\u00e1st, sok region\u00e1lis busz r\u00e1ad\u00e1sul a ny\u00e1ri szezonban ker\u00e9kp\u00e1rsz\u00e1ll\u00edt\u00e1st k\u00edn\u00e1l speci\u00e1lis p\u00f3tkocsikon.<\/p>\n\n\n\n<h2 class=\"wp-block-heading\"><span class=\"ez-toc-section\" id=\"Hova_tovabb\"><\/span>Hov\u00e1 tov\u00e1bb<span class=\"ez-toc-section-end\"><\/span><\/h2>\n\n\n\n<p class=\"wp-block-paragraph\">Ha \u00e9rdekelnek tov\u00e1bbi tippek a haz\u00e1nkban val\u00f3 utaz\u00e1shoz, vagy P\u00edseket szeretn\u00e9d igaz\u00e1n alaposan felfedezni, n\u00e9zd meg ezeket a j\u00f3l bev\u00e1lt \u00fatmutat\u00f3kat:<\/p>\n\n\n\n<ul class=\"wp-block-list\">\n<li><a href=\"https:\/\/loudavymkrokem.cz\/hu\/mit-latni-pisek-csehorszag\/\">Mit \u00e9rdemes megn\u00e9zni P\u00edsekben: 39 tipp egy helyi lakost\u00f3l<\/a><\/li>\n\n\n\n<li><a href=\"https:\/\/loudavymkrokem.cz\/hu\/del-csehorszag-latnivalok-2\/\">Hov\u00e1 menj nyaralni D\u00e9l-Csehorsz\u00e1gban<\/a><\/li>\n\n\n\n<li><a href=\"https:\/\/loudavymkrokem.cz\/hu\/del-csehorszag-legszebb-varosok\/\">8 kir\u00e1ndul\u00e1s D\u00e9l-Csehorsz\u00e1gban<\/a><\/li>\n\n\n\n<li><a href=\"https:\/\/loudavymkrokem.cz\/hu\/csehorszag-nyaralas-tippek\/\">Hov\u00e1 menj nyaralni Csehorsz\u00e1gban<\/a><\/li>\n<\/ul>\n\n\n\n<h2 class=\"wp-block-heading\"><span class=\"ez-toc-section\" id=\"Gyakran_ismetelt_kerdesek\"><\/span>Gyakran ism\u00e9telt k\u00e9rd\u00e9sek<span class=\"ez-toc-section-end\"><\/span><\/h2>\n\n\n<div id=\"rank-math-faq\" class=\"rank-math-block\">\n<div class=\"rank-math-list \">\n<div id=\"faq-question-1787814183000\" class=\"rank-math-list-item\">\n<h3 class=\"rank-math-question \"><span class=\"ez-toc-section\" id=\"Hova_erdemes_egy_napos_kirandulast_tenni_Pisekbol\"><\/span>Hov\u00e1 \u00e9rdemes egy napos kir\u00e1ndul\u00e1st tenni P\u00edsekb\u0151l?<span class=\"ez-toc-section-end\"><\/span><\/h3>\n<div class=\"rank-math-answer \">\n\n<p>A legjobb v\u00e1laszt\u00e1s egy napos kir\u00e1ndul\u00e1sra a Zv\u00edkov v\u00e1r megl\u00e1togat\u00e1s\u00e1nak \u00e9s a haj\u00f3\u00fatnak a k\u00f6zeli Orl\u00edk kast\u00e9lyhoz val\u00f3 \u00f6sszek\u00f6t\u00e9se. Ha ink\u00e1bb v\u00e1rosi turisztik\u00e1t kerestek, mindenk\u00e9ppen aj\u00e1nlom, hogy induljatok el a t\u00f6rt\u00e9nelmi T\u00e1borba a csod\u00e1latos f\u00f6ld alatti labirintus\u00e1val, vagy a romantikus Hlubok\u00e1 nad Vltavou kast\u00e9lyba a mellette l\u00e9v\u0151 \u00e1llatkerttel.<\/p>\n\n<\/div>\n<\/div>\n<div id=\"faq-question-1787814183001\" class=\"rank-math-list-item\">\n<h3 class=\"rank-math-question \"><span class=\"ez-toc-section\" id=\"Hova_menjunk_hetvegen_a_Pisek_kornyeken\"><\/span>Hov\u00e1 menj\u00fcnk h\u00e9tv\u00e9g\u00e9n a P\u00edsek k\u00f6rny\u00e9k\u00e9n?<span class=\"ez-toc-section-end\"><\/span><\/h3>\n<div class=\"rank-math-answer \">\n\n<p>H\u00e9tv\u00e9g\u00e9n nagyon n\u00e9pszer\u0171ek a r\u00f6vid kir\u00e1ndul\u00e1sok a k\u00f6zeli P\u00edsecki-hegys\u00e9gbe, \u00f6sszek\u00f6tve a Jarn\u00edk kil\u00e1t\u00f3 megm\u00e1sz\u00e1s\u00e1val \u00e9s a U Vod\u00e1ka vadaskert megl\u00e1togat\u00e1s\u00e1val. Gy\u00f6ny\u00f6r\u0171 meg\u00e1ll\u00f3 m\u00e9g Putim is az \u00e1llatsarokkal, vagy a monument\u00e1lis Podolsk\u00fd h\u00edd, ahonnan leny\u0171g\u00f6z\u0151 kil\u00e1t\u00e1s ny\u00edlik az Orl\u00edk v\u00edzt\u00e1roz\u00f3 viz\u00e9re.<\/p>\n\n<\/div>\n<\/div>\n<div id=\"faq-question-1787814183002\" class=\"rank-math-list-item\">\n<h3 class=\"rank-math-question \"><span class=\"ez-toc-section\" id=\"Mit_lehet_csinalni_gyerekekkel_Pisek_kornyeken\"><\/span>Mit lehet csin\u00e1lni gyerekekkel P\u00edsek k\u00f6rny\u00e9k\u00e9n?<span class=\"ez-toc-section-end\"><\/span><\/h3>\n<div class=\"rank-math-answer \">\n\n<p>A gyermekes csal\u00e1dok im\u00e1dj\u00e1k a Poh\u00e1dkov\u00e1 kov\u00e1rna (Mesekov\u00e1csm\u0171hely) nev\u0171 helyet Selibovban, ahol \u00f6rd\u00f6g\u00f6k \u00e9s v\u00edzil\u00e9nyek l\u00e1that\u00f3k, vagy az \u00fajonnan \u00e9p\u00fclt Farmapark Maletice \u00f3ri\u00e1s trambulinokkal. Kiv\u00e1l\u00f3 v\u00e1laszt\u00e1s a Krokod\u00fdl\u00ed ZOO Protiv\u00ednban is, amely eg\u00e9sz \u00e9vben nyitva van, \u00e9s a gyerekek \u00e1ltal\u00e1ban teljesen el vannak ragadtatva t\u0151le.<\/p>\n\n<\/div>\n<\/div>\n<div id=\"faq-question-1787814183003\" class=\"rank-math-list-item\">\n<h3 class=\"rank-math-question \"><span class=\"ez-toc-section\" id=\"Milyen_messze_van_Zvikov_Pisektol\"><\/span>Milyen messze van Zv\u00edkov P\u00edsekt\u0151l?<span class=\"ez-toc-section-end\"><\/span><\/h3>\n<div class=\"rank-math-answer \">\n\n<p>A fens\u00e9ges Zv\u00edkov v\u00e1r k\u00f6r\u00fclbel\u00fcl 26 kilom\u00e9terre fekszik P\u00edsekt\u0151l, \u00e9s az aut\u00f3\u00fat nagyj\u00e1b\u00f3l 32 percet vesz ig\u00e9nybe k\u00e9nyelmes vezet\u00e9ssel. A v\u00e1r egy szikl\u00e1s hegyfokra magasodik a Vltava \u00e9s az Otava \u00f6sszefoly\u00e1s\u00e1n\u00e1l, \u00e9s az eg\u00e9sz D\u00e9l-Csehorsz\u00e1g egyik legkedveltebb \u00e9s legszebb turisztikai c\u00e9lpontj\u00e1t jelenti.<\/p>\n\n<\/div>\n<\/div>\n<div id=\"faq-question-1787814183004\" class=\"rank-math-list-item\">\n<h3 class=\"rank-math-question \"><span class=\"ez-toc-section\" id=\"Jar_hajo_Zvikovbol_Orlikba\"><\/span>J\u00e1r haj\u00f3 Zv\u00edkovb\u00f3l Orl\u00edkba?<span class=\"ez-toc-section-end\"><\/span><\/h3>\n<div class=\"rank-math-answer \">\n\n<p>Igen, a Zv\u00edkov v\u00e1r \u00e9s az Orl\u00edk kast\u00e9ly k\u00f6z\u00f6tt rendszeres haj\u00f3j\u00e1rat m\u0171k\u00f6dik, a haj\u00f3k mindk\u00e9t ir\u00e1nyban k\u00f6zlekednek keddt\u0151l vas\u00e1rnapig. Figyeljetek azonban arra, hogy h\u00e9tf\u0151n \u00e1ltal\u00e1ban sz\u00fcnnap van, \u00e9s aj\u00e1nlom, hogy el\u0151re ellen\u0151rizz\u00e9tek a pontos menetrendet \u00e9s az aktu\u00e1lis \u00e1rakat a fuvaroz\u00f3 hivatalos weboldal\u00e1n.<\/p>\n\n<\/div>\n<\/div>\n<div id=\"faq-question-1787814183005\" class=\"rank-math-list-item\">\n<h3 class=\"rank-math-question \"><span class=\"ez-toc-section\" id=\"Mi_a_legjobb_kirandulas_15_percen_belul_a_varostol\"><\/span>Mi a legjobb kir\u00e1ndul\u00e1s 15 percen bel\u00fcl a v\u00e1rost\u00f3l?<span class=\"ez-toc-section-end\"><\/span><\/h3>\n<div class=\"rank-math-answer \">\n\n<p>Mind\u00f6ssze tizen\u00f6t perc alatt eljuttok a gy\u00f6ny\u00f6r\u0171 Putim falucsk\u00e1ba a kedvelt \u00e1llatsarokkal, vagy Kest\u0159anba, ahol egy abszol\u00fat k\u00fcl\u00f6nlegess\u00e9get tal\u00e1ltok k\u00e9t j\u00f3l meg\u0151rz\u00f6tt k\u00f6z\u00e9pkori er\u0151d\u00edtm\u00e9ny form\u00e1j\u00e1ban, amelyek szorosan egym\u00e1s mellett \u00e1llnak. Tov\u00e1bbi gyors v\u00e1laszt\u00e1s Protiv\u00edn az \u00f3ram\u00fazeummal \u00e9s a h\u00edres \u00e1llatkerttel.<\/p>\n\n<\/div>\n<\/div>\n<div id=\"faq-question-1787814183006\" class=\"rank-math-list-item\">\n<h3 class=\"rank-math-question \"><span class=\"ez-toc-section\" id=\"Hova_lehet_menni_Pisek_kornyeken_ingyen\"><\/span>Hov\u00e1 lehet menni P\u00edsek k\u00f6rny\u00e9k\u00e9n ingyen?<span class=\"ez-toc-section-end\"><\/span><\/h3>\n<div class=\"rank-math-answer \">\n\n<p>Teljesen ingyen megl\u00e1togathatj\u00e1tok a Jarn\u00edk kil\u00e1t\u00f3t a P\u00edsecki-hegys\u00e9gben, a szabadon hozz\u00e1f\u00e9rhet\u0151 Na\u0161e zv\u00ed\u0159\u00e1tka (A mi \u00e1llatkaink) \u00e1llatsarkot Putimban, vagy a huszit\u00e1k csat\u00e1j\u00e1nak eml\u00e9km\u0171v\u00e9t a tavak mellett Sudom\u011b\u0159ben. Bel\u00e9p\u0151t nem kell fizetni az egyed\u00fcl\u00e1ll\u00f3 szabadt\u00e9ri csonth\u00e1zba sem a festett k\u00e1poln\u00e1kkal, amely Albrechtice nad Vltavouban tal\u00e1lhat\u00f3.<\/p>\n\n<\/div>\n<\/div>\n<div id=\"faq-question-1787814183007\" class=\"rank-math-list-item\">\n<h3 class=\"rank-math-question \"><span class=\"ez-toc-section\" id=\"Mi_van_nyitva_a_kornyeken_telen\"><\/span>Mi van nyitva a k\u00f6rny\u00e9ken t\u00e9len?<span class=\"ez-toc-section-end\"><\/span><\/h3>\n<div class=\"rank-math-answer \">\n\n<p>M\u00edg az \u00e1llami v\u00e1rak \u00e9s kast\u00e9lyok t\u00f6bbs\u00e9ge a ny\u00e1ri szezonon k\u00edv\u00fcl z\u00e1rva tart, eg\u00e9sz \u00e9vben megl\u00e1togathatj\u00e1tok a Krokod\u00fdl\u00ed ZOO-t Protiv\u00ednban, a v\u00e1rosi m\u00fazeumokat T\u00e1borban vagy Strakonic\u00e9ben, \u00e9s term\u00e9szetesen a P\u00edsecki-hegys\u00e9get. A kast\u00e9lyok k\u00f6z\u00fcl kiv\u00e9tel a Hlubok\u00e1 nad Vltavou, amely k\u00fcl\u00f6nleges t\u00e9li vezet\u00e9st k\u00edn\u00e1l.<\/p>\n\n<\/div>\n<\/div>\n<\/div>\n<\/div>","protected":false},"excerpt":{"rendered":"<p>Fedezd fel a 30 legjobb kir\u00e1ndul\u00e1st P\u00edsek k\u00f6rny\u00e9k\u00e9n! A k\u00f6zeli Jarn\u00edk kil\u00e1t\u00f3t\u00f3l a fens\u00e9ges Zv\u00edkov v\u00e1r\u00e1n \u00e9s a maleticei aranyos \u00e1llatokon \u00e1t eg\u00e9szen a h\u00edres Hlubok\u00e1ig.<\/p>\n","protected":false},"author":3,"featured_media":404086,"comment_status":"open","ping_status":"open","sticky":false,"template":"","format":"standard","meta":{"_acf_changed":false,"footnotes":"","rank_math_title":"Kir\u00e1ndul\u00e1sok P\u00edsek k\u00f6rny\u00e9k\u00e9n: 30 tipp v\u00e1rakhoz","rank_math_description":"Fedezd fel a 30 legjobb kir\u00e1ndul\u00e1st P\u00edsek k\u00f6rny\u00e9k\u00e9n \u2013 v\u00e1rak, strandok, kil\u00e1t\u00f3k \u00e9s \u00e1llatkertek eg\u00e9sz csal\u00e1dnak. N\u00e9zd meg tippjeinket \u00e9s tervezd meg az utad!","rank_math_focus_keyword":"kir\u00e1ndul\u00e1sok P\u00edsek k\u00f6rny\u00e9k\u00e9n","rank_math_seo_score":""},"categories":[1857,1804,1788],"tags":[],"class_list":["post-409196","post","type-post","status-publish","format-standard","has-post-thumbnail","category-csehorszag","category-europa","category-utazas"],"acf":[],"featured_image_src":"https:\/\/loudavymkrokem.cz\/wp-content\/uploads\/2026\/08\/lk-24.jpg","author_info":{"display_name":"Lucie Kone\u010dn\u00e1","author_link":"https:\/\/loudavymkrokem.cz\/hu\/author\/lucie-konecna\/"},"_links":{"self":[{"href":"https:\/\/loudavymkrokem.cz\/hu\/wp-json\/wp\/v2\/posts\/409196","targetHints":{"allow":["GET"]}}],"collection":[{"href":"https:\/\/loudavymkrokem.cz\/hu\/wp-json\/wp\/v2\/posts"}],"about":[{"href":"https:\/\/loudavymkrokem.cz\/hu\/wp-json\/wp\/v2\/types\/post"}],"author":[{"embeddable":true,"href":"https:\/\/loudavymkrokem.cz\/hu\/wp-json\/wp\/v2\/users\/3"}],"replies":[{"embeddable":true,"href":"https:\/\/loudavymkrokem.cz\/hu\/wp-json\/wp\/v2\/comments?post=409196"}],"version-history":[{"count":2,"href":"https:\/\/loudavymkrokem.cz\/hu\/wp-json\/wp\/v2\/posts\/409196\/revisions"}],"predecessor-version":[{"id":409198,"href":"https:\/\/loudavymkrokem.cz\/hu\/wp-json\/wp\/v2\/posts\/409196\/revisions\/409198"}],"wp:featuredmedia":[{"embeddable":true,"href":"https:\/\/loudavymkrokem.cz\/hu\/wp-json\/wp\/v2\/media\/404086"}],"wp:attachment":[{"href":"https:\/\/loudavymkrokem.cz\/hu\/wp-json\/wp\/v2\/media?parent=409196"}],"wp:term":[{"taxonomy":"category","embeddable":true,"href":"https:\/\/loudavymkrokem.cz\/hu\/wp-json\/wp\/v2\/categories?post=409196"},{"taxonomy":"post_tag","embeddable":true,"href":"https:\/\/loudavymkrokem.cz\/hu\/wp-json\/wp\/v2\/tags?post=409196"}],"curies":[{"name":"wp","href":"https:\/\/api.w.org\/{rel}","templated":true}]}}